{"id":2236213,"date":"2023-10-29T00:05:37","date_gmt":"2023-10-28T22:05:37","guid":{"rendered":"https:\/\/puntocritico.com\/ausajpuntocritico\/?p=2236213"},"modified":"2024-04-30T21:11:57","modified_gmt":"2024-04-30T19:11:57","slug":"calamandrei-del-sentimiento-y-de-la-logica-en-las-sentencias","status":"publish","type":"post","link":"https:\/\/puntocritico.com\/ausajpuntocritico\/2023\/10\/29\/calamandrei-del-sentimiento-y-de-la-logica-en-las-sentencias\/","title":{"rendered":"CALAMANDREI, \u00abElogio de los Jueces escrito por un Abogado\u00bb (Cap\u00edtulo 9): \u00abDel sentimiento y de la l\u00f3gica en las sentencias\u00bb"},"content":{"rendered":"<p style=\"text-align: justify;\"><span style=\"font-size: 14pt;\"><strong><span style=\"color: #008000;\">Cap\u00edtulo 9: \u00abDel sentimiento y de la l\u00f3gica en las sentencias\u00bb<\/span><\/strong><\/span><\/p>\n<p>&nbsp;<\/p>\n<blockquote>\n<h2 style=\"text-align: center;\">ANTE LA LEY<\/h2>\n<p style=\"text-align: justify;\"><span style=\"font-size: 14pt;\">Franz Kafka<\/span><\/p>\n<p><a href=\"https:\/\/puntocritico.com\/ausajpuntocritico\/2023\/03\/15\/la-justicia-de-los-funcionarios-por-franz-kafka\/\"><img loading=\"lazy\" decoding=\"async\" class=\"aligncenter wp-image-2269113\" src=\"https:\/\/puntocritico.com\/ausajpuntocritico\/wp-content\/uploads\/2023\/03\/Kafka-funcionarios-justicia-2.jpg\" alt=\"\" width=\"400\" height=\"309\" data-id=\"2269113\" srcset=\"https:\/\/puntocritico.com\/ausajpuntocritico\/wp-content\/uploads\/2023\/03\/Kafka-funcionarios-justicia-2.jpg 372w, https:\/\/puntocritico.com\/ausajpuntocritico\/wp-content\/uploads\/2023\/03\/Kafka-funcionarios-justicia-2-300x231.jpg 300w\" sizes=\"auto, (max-width: 400px) 100vw, 400px\" \/><\/a><\/p>\n<p style=\"text-align: justify;\">\u00a0<\/p>\n<p style=\"text-align: justify;\"><span style=\"font-size: 14pt;\"> Ante la Ley hay un guardi\u00e1n que protege la puerta de entrada. Un hombre procedente del campo se acerca a \u00e9l y le pide permiso para acceder a la Ley. Pero el guardi\u00e1n dice que en ese momento no le puede permitir la entrada. El hombre reflexiona y pregunta si podr\u00e1 entrar m\u00e1s tarde. <\/span><\/p>\n<p style=\"text-align: justify;\"><span style=\"font-size: 14pt;\">\u2014Es posible \u2014responde el guardi\u00e1n\u2014, pero no ahora. <\/span><\/p>\n<p style=\"text-align: justify;\"><span style=\"font-size: 14pt;\">Como la puerta de acceso a la Ley permanece abierta, como siempre, y el guardi\u00e1n se sit\u00faa a un lado, el hombre se inclina para mirar a trav\u00e9s del umbral y ver as\u00ed qu\u00e9 hay en el interior. Cuando el guardi\u00e1n advierte su prop\u00f3sito, r\u00ede y dice: <\/span><\/p>\n<p style=\"text-align: justify;\"><span style=\"font-size: 14pt;\">\u2014Si tanto te incita, intenta entrar a pesar de mi prohibici\u00f3n. Ten en cuenta, sin embargo, que soy poderoso, y que adem\u00e1s soy el guardi\u00e1n m\u00e1s \u00ednfimo. Ante cada una de las salas permanece un guardi\u00e1n, el uno m\u00e1s poderoso que el otro. La mirada del tercero es ya para m\u00ed insoportable. <\/span><\/p>\n<p style=\"text-align: justify;\"><span style=\"font-size: 14pt;\">El hombre procedente del campo no hab\u00eda contado con tantas dificultades. La Ley, piensa, debe ser accesible a todos y en todo momento, pero al considerar ahora con m\u00e1s exactitud al guardi\u00e1n, cubierto con su abrigo de piel, al observar su enorme y prolongada nariz, la barba negra, fina, larga, t\u00e1rtara, decide que es mejor esperar hasta que reciba el permiso para entrar. El guardi\u00e1n le da un taburete y deja que tome asiento en uno de los lados de la puerta. All\u00ed permanece sentado d\u00edas y a\u00f1os. Hace muchos intentos para que le inviten a entrar y cansa al guardi\u00e1n con sus s\u00faplicas. El guardi\u00e1n le somete a menudo a cortos interrogatorios, le pregunta acerca de su hogar y de otras cosas, pero son preguntas indiferentes, como las que hacen grandes se\u00f1ores, y al final siempre repet\u00eda que todav\u00eda no pod\u00eda permitirle la entrada. El hombre, que se hab\u00eda provisto muy bien para el viaje, utiliza todo, por valioso que sea, para sobornar al guardi\u00e1n. \u00c9ste lo acepta todo, pero al mismo tiempo dice: <\/span><\/p>\n<p style=\"text-align: justify;\"><span style=\"font-size: 14pt;\">\u2014S\u00f3lo lo acepto para que no creas que has omitido algo. <\/span><\/p>\n<p style=\"text-align: justify;\"><span style=\"font-size: 14pt;\">Durante los muchos a\u00f1os que estuvo all\u00ed, el hombre observ\u00f3 al guardi\u00e1n de forma casi ininterrumpida. Olvid\u00f3 a los otros guardianes y \u00e9ste le termin\u00f3 pareciendo el \u00fanico impedimento para tener acceso a la Ley. Los primeros a\u00f1os maldijo la desgraciada casualidad, m\u00e1s tarde, ya envejecido, s\u00f3lo murmuraba para s\u00ed. Se vuelve senil, y como ha sometido durante tanto tiempo al guardi\u00e1n a un largo estudio ya es capaz de reconocer a la pulga en el cuello de su abrigo de piel, por lo que solicita a la pulga que le ayude para cambiar la opini\u00f3n del guardi\u00e1n. Por \u00faltimo, su vista se torna d\u00e9bil y ya no sabe realmente si oscurece a su alrededor o son s\u00f3lo los ojos que le enga\u00f1an. Pero ahora advierte en la oscuridad un brillo que irrumpe indeleble a trav\u00e9s de la puerta de la Ley. Ya no vivir\u00e1 mucho m\u00e1s. Antes de su muerte se concentran en su cabeza todas las experiencias pasadas, que toman forma en una sola pregunta que hasta ahora no hab\u00eda hecho al guardi\u00e1n. Entonces le gui\u00f1a un ojo, ya que no puede incorporar su cuerpo entumecido. El guardi\u00e1n tiene que inclinarse hacia \u00e9l profundamente porque la diferencia de tama\u00f1os ha variado en perjuicio del hombre. <\/span><\/p>\n<p style=\"text-align: justify;\"><span style=\"font-size: 14pt;\">\u2014\u00bfQu\u00e9 quieres saber ahora? \u2014pregunta el guardi\u00e1n\u2014, eres insaciable. <\/span><\/p>\n<p style=\"text-align: justify;\"><span style=\"font-size: 14pt;\">\u2014Todos aspiran a la Ley \u2014dice el hombre\u2014. \u00bfC\u00f3mo es posible que durante tantos a\u00f1os s\u00f3lo yo haya solicitado la entrada? <\/span><\/p>\n<p style=\"text-align: justify;\"><span style=\"font-size: 14pt;\">El guardi\u00e1n comprueba que el hombre ha llegado a su fin y, para que su d\u00e9bil o\u00eddo pueda percibirlo, le grita: <\/span><\/p>\n<p style=\"text-align: justify;\"><span style=\"font-size: 14pt;\">\u2014Ning\u00fan otro pod\u00eda haber recibido permiso para entrar por esta puerta, pues esta entrada estaba reservada s\u00f3lo para ti. Yo me voy ahora y cierro la puerta.<\/span><\/p>\n<\/blockquote>\n<p>&nbsp;<\/p>\n<p><a href=\"https:\/\/puntocritico.com\/ausajpuntocritico\/2021\/05\/11\/el-proceso-extracto-de-franz-kafka\/\"><img loading=\"lazy\" decoding=\"async\" class=\"aligncenter wp-image-2209615\" src=\"https:\/\/puntocritico.com\/ausajpuntocritico\/wp-content\/uploads\/2021\/05\/El-PROCESO-KAFKA-216x300.jpg\" alt=\"\" width=\"400\" height=\"557\" data-id=\"2209615\" srcset=\"https:\/\/puntocritico.com\/ausajpuntocritico\/wp-content\/uploads\/2021\/05\/El-PROCESO-KAFKA-216x300.jpg 216w, https:\/\/puntocritico.com\/ausajpuntocritico\/wp-content\/uploads\/2021\/05\/El-PROCESO-KAFKA-610x849.jpg 610w, https:\/\/puntocritico.com\/ausajpuntocritico\/wp-content\/uploads\/2021\/05\/El-PROCESO-KAFKA.jpg 700w\" sizes=\"auto, (max-width: 400px) 100vw, 400px\" \/><\/a><\/p>\n<p style=\"text-align: center;\"><span style=\"font-size: 18pt;\"><strong><span style=\"color: #008000;\">*******<\/span><\/strong><\/span><\/p>\n<blockquote>\n<h2 style=\"text-align: center;\"><span style=\"font-size: 24pt;\"><strong>ELOGIO DE LOS JUECES ESCRITO POR UN ABOGADO:\u00a0<\/strong><strong>\u00cdNDICE<\/strong><\/span><\/h2>\n<p class=\"entry-title\" style=\"text-align: center;\"><a href=\"https:\/\/puntocritico.com\/ausajpuntocritico\/2023\/08\/27\/elogio-de-los-jueces-escrito-por-un-abogado-por-piero-calamandrei-presentacion-y-prologo\/\"><span style=\"font-size: 14pt;\">Presentaci\u00f3n y Pr\u00f3logo<\/span><\/a><\/p>\n<p style=\"padding-left: 40px; text-align: center;\"><a href=\"https:\/\/puntocritico.com\/ausajpuntocritico\/2023\/09\/03\/calamandrei-fe-en-los-jueces\/\"><span style=\"font-size: 14pt;\"><strong>I.<\/strong> De la fe en los jueces primer requisito del abogado\u00a0<\/span><\/a><\/p>\n<p style=\"padding-left: 40px; text-align: center;\"><a href=\"https:\/\/puntocritico.com\/ausajpuntocritico\/2023\/09\/10\/capitulo-ii-calamandrei-de-la-urbanidad\/\"><span style=\"font-size: 14pt;\"><strong>II.<\/strong> De la urbanidad ( o bien de la discreci\u00f3n) de los jueces\u00a0\u00a0<\/span><\/a><\/p>\n<p style=\"padding-left: 40px; text-align: center;\"><a href=\"https:\/\/puntocritico.com\/ausajpuntocritico\/2023\/09\/17\/calamandrei-capitulo-iii-de-ciertas-semejanzas-y-diferencias-entre-jueces-y-abogados\/\"><span style=\"font-size: 14pt;\"><strong>III.<\/strong> De ciertas semejanzas y diferencias entre jueces y abogados\u00a0<\/span><\/a><\/p>\n<p style=\"padding-left: 40px; text-align: center;\"><a href=\"https:\/\/puntocritico.com\/ausajpuntocritico\/2023\/09\/24\/calamandrei-oratoria-forense\/\"><span style=\"font-size: 14pt;\"><strong>IV.<\/strong> De la llamada oratoria forense\u00a0<\/span><\/a><\/p>\n<p style=\"padding-left: 40px; text-align: center;\"><a href=\"https:\/\/puntocritico.com\/ausajpuntocritico\/2023\/10\/01\/calamandrei-de-cierta-inmovilidad-de-los-jueces-en-audiencia-publica\/\"><span style=\"font-size: 14pt;\"><strong>V.<\/strong> De cierta inmovilidad de los jueces en audiencia publica<\/span><\/a><\/p>\n<p style=\"padding-left: 40px; text-align: center;\"><a href=\"https:\/\/puntocritico.com\/ausajpuntocritico\/2023\/10\/08\/calamandrei-de-ciertas-relaciones-entre-los-abogados-y-la-verdad\/\"><span style=\"font-size: 14pt;\"><strong>VI.<\/strong> De ciertas relaciones entre los abogados y la verdad, o bien de la justa parcialidad del defensor\u00a0<\/span><\/a><\/p>\n<p style=\"padding-left: 40px; text-align: center;\"><a href=\"https:\/\/puntocritico.com\/ausajpuntocritico\/2023\/10\/15\/calamandrei-de-ciertas-aberraciones-de-los-clientes\/\"><span style=\"font-size: 14pt;\"><strong>VII.<\/strong> De ciertas aberraciones de los clientes, que los jueces deben recordar en disculpa de los abogados\u00a0\u00a0<\/span><\/a><\/p>\n<p style=\"padding-left: 40px; text-align: center;\"><a href=\"https:\/\/puntocritico.com\/ausajpuntocritico\/2023\/10\/22\/calamandrei-de-la-predileccion-de-abogados-y-jueces-por-las-cuestiones-de-derecho-o-por-las-de-hecho\/\"><span style=\"font-size: 14pt;\"><strong>VIII<\/strong>. De la predilecci\u00f3n de abogados y jueces por las cuestiones de derecho o por las de hecho\u00a0<\/span><\/a><\/p>\n<p style=\"padding-left: 40px; text-align: center;\"><a href=\"https:\/\/puntocritico.com\/ausajpuntocritico\/2023\/10\/29\/calamandrei-del-sentimiento-y-de-la-logica-en-las-sentencias\/\"><span style=\"font-size: 14pt;\"><strong>IX.<\/strong> Del sentimiento y de la l\u00f3gica en las sentencias\u00a0<\/span><\/a><\/p>\n<p style=\"padding-left: 40px; text-align: center;\"><a href=\"https:\/\/puntocritico.com\/ausajpuntocritico\/2023\/11\/05\/calamandrei-del-amor-de-los-abogados-por-los-jueces-y-viceversa\/\"><span style=\"font-size: 14pt;\"><strong>X.<\/strong> Del amor de los abogados por los jueces y viceversa\u00a0<\/span><\/a><\/p>\n<p style=\"padding-left: 40px; text-align: center;\"><a href=\"https:\/\/puntocritico.com\/ausajpuntocritico\/2023\/11\/12\/calamandrei-de-algunas-tristezas-y-heroismos-de-la-vida-de-los-jueces-11\/\"><span style=\"font-size: 14pt;\"><strong>XI.<\/strong> De algunas tristezas y hero\u00edsmos de la vida de los jueces\u00a0<\/span><\/a><\/p>\n<p style=\"padding-left: 40px; text-align: center;\"><a href=\"https:\/\/puntocritico.com\/ausajpuntocritico\/2023\/11\/19\/de-cierta-coincidencia-entre-los-destinos-de-los-jueces-y-de-los-abogados\/\"><span style=\"font-size: 14pt;\"><strong>XII<\/strong>. De cierta coincidencia entre los distintos de los jueces y de los abogados\u00a0<\/span><\/a><\/p>\n<\/blockquote>\n<p>&nbsp;<\/p>\n<p><img loading=\"lazy\" decoding=\"async\" class=\"aligncenter size-full wp-image-2237367\" src=\"https:\/\/puntocritico.com\/ausajpuntocritico\/wp-content\/uploads\/2021\/12\/Calamandrei-elogio-jueces-PPAL2.jpg\" alt=\"\" width=\"678\" height=\"381\" data-id=\"2237367\" srcset=\"https:\/\/puntocritico.com\/ausajpuntocritico\/wp-content\/uploads\/2021\/12\/Calamandrei-elogio-jueces-PPAL2.jpg 678w, https:\/\/puntocritico.com\/ausajpuntocritico\/wp-content\/uploads\/2021\/12\/Calamandrei-elogio-jueces-PPAL2-300x169.jpg 300w, https:\/\/puntocritico.com\/ausajpuntocritico\/wp-content\/uploads\/2021\/12\/Calamandrei-elogio-jueces-PPAL2-610x343.jpg 610w\" sizes=\"auto, (max-width: 678px) 100vw, 678px\" \/><\/p>\n<p style=\"text-align: center;\"><span style=\"color: #99cc00;\"><strong><span style=\"font-size: 24pt;\">***<\/span><\/strong><\/span><\/p>\n<p style=\"text-align: center;\"><strong><span style=\"font-size: 24pt;\">CAPITULO IX<\/span><\/strong><\/p>\n<h2 style=\"text-align: center;\"><strong><span style=\"font-size: 24pt;\">DEL SENTIMIENTO Y DE LA L\u00d3GICA EN LAS SENTENCIAS<\/span><\/strong><\/h2>\n<p><img loading=\"lazy\" decoding=\"async\" class=\"aligncenter wp-image-13150\" src=\"https:\/\/puntocritico.com\/ausajpuntocritico\/wp-content\/uploads\/2018\/07\/La-megam\u00e1quina-por-Lewis-Mumford678x381-300x169.jpg\" alt=\"DEL SENTIMIENTO Y DE LA L\u00d3GICA EN LAS SENTENCIAS\" width=\"555\" height=\"312\" data-id=\"13150\" srcset=\"https:\/\/puntocritico.com\/ausajpuntocritico\/wp-content\/uploads\/2018\/07\/La-megam\u00e1quina-por-Lewis-Mumford678x381-300x169.jpg 300w, https:\/\/puntocritico.com\/ausajpuntocritico\/wp-content\/uploads\/2018\/07\/La-megam\u00e1quina-por-Lewis-Mumford678x381-267x150.jpg 267w, https:\/\/puntocritico.com\/ausajpuntocritico\/wp-content\/uploads\/2018\/07\/La-megam\u00e1quina-por-Lewis-Mumford678x381.jpg 678w\" sizes=\"auto, (max-width: 555px) 100vw, 555px\" \/><\/p>\n<p>&nbsp;<\/p>\n<p style=\"text-align: justify;\">\n<span style=\"font-size: 14pt;\"><strong>La motivaci\u00f3n de las sentencias es, verdaderamente, una garant\u00eda grande de justicia<\/strong>, cuando mediante ella se consigue reproducir exactamente como en un croquis topogr\u00e1fico, el itinerario l\u00f3gico que el juez ha recorrido para llegar a su conclusi\u00f3n; en tal caso, si la conclusi\u00f3n es equivocada, se puede f\u00e1cilmente determinar, a trav\u00e9s de los fundamentos, en qu\u00e9 momento de su camino, el juez ha perdido la orientaci\u00f3n. \u00bfPero cu\u00e1ntas veces los fundamentos son una fiel reproducci\u00f3n del sendero que ha guiado al juez hasta el punto de llegada? \u00bfCu\u00e1ntas veces el juez est\u00e1 en condiciones de darse exacta cuenta, \u00e9l mismo, de los motivos que le han inducido a decidir as\u00ed? Se representa escol\u00e1sticamente la sentencia como el producto de un puro juego l\u00f3gico, fr\u00edamente realizado, sobre conceptos abstractos, ligados por una inexorable concatenaci\u00f3n de premisas y de consecuencias; pero <strong>en realidad, sobre el tablero del juez, los peones son hombres vivos que irradian una invisible fuerza magn\u00e9tica que encuentra resonancias o repulsiones il\u00f3gicas, pero humanas, en los sentimientos del juzgador<\/strong>. \u00bfC\u00f3mo se puede considerar fiel una motivaci\u00f3n que no reproduzca los subterr\u00e1neos meandros de estas corrientes sentimentales, a cuyo influjo m\u00e1gico ning\u00fan juez, ni el m\u00e1s severo, puede sustraerse?<\/span><\/p>\n<p>&nbsp;<\/p>\n<p><img loading=\"lazy\" decoding=\"async\" class=\"aligncenter wp-image-2289850\" src=\"https:\/\/puntocritico.com\/ausajpuntocritico\/wp-content\/uploads\/2023\/10\/Sentencias-1-300x183.jpg\" alt=\"\" width=\"400\" height=\"244\" data-id=\"2289850\" srcset=\"https:\/\/puntocritico.com\/ausajpuntocritico\/wp-content\/uploads\/2023\/10\/Sentencias-1-300x183.jpg 300w, https:\/\/puntocritico.com\/ausajpuntocritico\/wp-content\/uploads\/2023\/10\/Sentencias-1-1024x624.jpg 1024w, https:\/\/puntocritico.com\/ausajpuntocritico\/wp-content\/uploads\/2023\/10\/Sentencias-1-768x468.jpg 768w, https:\/\/puntocritico.com\/ausajpuntocritico\/wp-content\/uploads\/2023\/10\/Sentencias-1-1536x936.jpg 1536w, https:\/\/puntocritico.com\/ausajpuntocritico\/wp-content\/uploads\/2023\/10\/Sentencias-1-1320x804.jpg 1320w, https:\/\/puntocritico.com\/ausajpuntocritico\/wp-content\/uploads\/2023\/10\/Sentencias-1.jpg 1600w\" sizes=\"auto, (max-width: 400px) 100vw, 400px\" \/><\/p>\n<p>&nbsp;<\/p>\n<p style=\"text-align: justify;\"><span style=\"font-size: 14pt;\"><strong>Aun cuando continuamente se repita que la sentencia se puede esquem\u00e1ticamente reducir a un silogismo en el cual, de premisas dadas, el juez saca, por la sola virtud de la l\u00f3gica, la conclusi\u00f3n, ocurre a veces que el juez, al hacer la sentencia, invierte el orden natural del silogismo: esto es, primero encuentra la parte dispositiva y despu\u00e9s las premisas que sirven para justificarlo<\/strong>. A esta inversi\u00f3n de la l\u00f3gica formal, parece que el juez sea inducido oficialmente por ciertos preceptos judiciales, como los que le imponen publicar al final de la audiencia la <strong>parte dispositiva<\/strong> de la sentencia (<em>esto es, la conclusi\u00f3n<\/em>), mientras le consiente demorar algunos d\u00edas la formulaci\u00f3n de los <strong>motivos<\/strong> (<em>esto es, las premisas<\/em>). La misma ley parece, pues, reconocer que la dificultad de juzgar no consiste tanto en encontrar la conclusi\u00f3n, que es trabajo que puede despacharse en el d\u00eda, sino en encontrar despu\u00e9s, con m\u00e1s largas meditaciones, las premisas cuya conclusi\u00f3n deber\u00eda ser, seg\u00fan el vulgo, la consecuencia. <strong>Las premisas aparecen muy a menudo, no obstante su nombre, meses despu\u00e9s; el techo, en materia judicial, se puede construir antes que las paredes<\/strong>. Con esto, no se quiere decir que la parte dispositiva se obtenga a ciegas y que los fundamentos tengan solamente el objeto de hacer aparecer como fruto de riguroso razonamiento lo que en realidad es fruto del arbitrio; se quiere decir solamente que, al juzgar, la intuici\u00f3n y el sentimiento tienen muy a menudo una participaci\u00f3n m\u00e1s importante de lo que a primera vista parece; <strong>por algo, dir\u00e1 alguno, sentencia deriva de sentir<\/strong>.<\/span><\/p>\n<p>&nbsp;<\/p>\n<p><img loading=\"lazy\" decoding=\"async\" class=\"aligncenter wp-image-2289849 size-full\" src=\"https:\/\/puntocritico.com\/ausajpuntocritico\/wp-content\/uploads\/2023\/10\/Sentencias-2.webp\" alt=\"\" width=\"443\" height=\"315\" data-id=\"2289849\" srcset=\"https:\/\/puntocritico.com\/ausajpuntocritico\/wp-content\/uploads\/2023\/10\/Sentencias-2.webp 443w, https:\/\/puntocritico.com\/ausajpuntocritico\/wp-content\/uploads\/2023\/10\/Sentencias-2-300x213.webp 300w\" sizes=\"auto, (max-width: 443px) 100vw, 443px\" \/><\/p>\n<p>&nbsp;<\/p>\n<p style=\"text-align: justify;\"><span style=\"font-size: 14pt;\"><strong>Para explicar la diferencia que existe entre la psicolog\u00eda del abogado y la del juez<\/strong>, suele decirse\u00a0 que el primero esta llamado a presentar, frente a una conclusi\u00f3n ya dada (<em>la que da la raz\u00f3n a su cliente<\/em>), las premisas que mejor la justifiquen, mientras el segundo est\u00e1 llamado a sacar de premisas dadas (<em>las resultantes del proceso<\/em>) la conclusi\u00f3n l\u00f3gicamente derivada. Pero no siempre la diferencia es tan clara: <strong>a veces tambi\u00e9n el juez se esfuerza en encontrar <em>a posteriori <\/em>los argumentos l\u00f3gicos m\u00e1s id\u00f3neos para sostener una <\/strong><\/span><span style=\"font-size: 14pt;\"><strong>conclusi\u00f3n anticipada sugerida por el sentimiento<\/strong>. Tambi\u00e9n al juez le puede ocurrir, como al abogado, <strong>partir de la conclusi\u00f3n para llegar a las premisas<\/strong>; pero mientras al abogado esta conclusi\u00f3n le es impuesta por el cliente, al juez se la impone aquella misteriosa y clarividente virtud de intuici\u00f3n que se llama el sentido de la justicia.<\/span><\/p>\n<p>&nbsp;<\/p>\n<figure id=\"attachment_2289989\" aria-describedby=\"caption-attachment-2289989\" style=\"width: 400px\" class=\"wp-caption aligncenter\"><img loading=\"lazy\" decoding=\"async\" class=\"wp-image-2289989\" src=\"https:\/\/puntocritico.com\/ausajpuntocritico\/wp-content\/uploads\/2023\/10\/METODOS-TORTURAS-ARGENTINA-ARTE-PINTURA-ESCUELA-MECANICA-ARMADA-PERSONAS-DESPARECIDAS-PINTOR-ERNEST-DESCALS-300x231.jpg\" alt=\"\" width=\"400\" height=\"309\" data-id=\"2289989\" srcset=\"https:\/\/puntocritico.com\/ausajpuntocritico\/wp-content\/uploads\/2023\/10\/METODOS-TORTURAS-ARGENTINA-ARTE-PINTURA-ESCUELA-MECANICA-ARMADA-PERSONAS-DESPARECIDAS-PINTOR-ERNEST-DESCALS-300x231.jpg 300w, https:\/\/puntocritico.com\/ausajpuntocritico\/wp-content\/uploads\/2023\/10\/METODOS-TORTURAS-ARGENTINA-ARTE-PINTURA-ESCUELA-MECANICA-ARMADA-PERSONAS-DESPARECIDAS-PINTOR-ERNEST-DESCALS-768x592.jpg 768w, https:\/\/puntocritico.com\/ausajpuntocritico\/wp-content\/uploads\/2023\/10\/METODOS-TORTURAS-ARGENTINA-ARTE-PINTURA-ESCUELA-MECANICA-ARMADA-PERSONAS-DESPARECIDAS-PINTOR-ERNEST-DESCALS.jpg 800w\" sizes=\"auto, (max-width: 400px) 100vw, 400px\" \/><figcaption id=\"caption-attachment-2289989\" class=\"wp-caption-text\"><span style=\"color: #008000;\">ARGENTINA: ESCUELA MECANICA ARMADA PERSONAS DESPARECIDAS, por Ernest Descals<\/span><\/figcaption><\/figure>\n<p>&nbsp;<\/p>\n<p>&nbsp;<\/p>\n<p style=\"text-align: justify;\"><span style=\"font-size: 14pt;\"><strong>M\u00e1s que en la virtud cerebral de la dial\u00e9ctica, los buenos jueces conf\u00edan en su pura sensibilidad\u00a0 moral<\/strong>; y cuando despu\u00e9s se ven obligados a llenar con argumentaciones jur\u00eddicas los fundamentos de sus sentencias, consideran esta fatiga como un lujo de intelectuales desocupados, porque <strong>est\u00e1n convencidos de que cuando aquella \u00edntima voz ha pronunciado dentro su dictamen, no hab\u00eda necesidad de demostraciones <\/strong><\/span><span style=\"font-size: 14pt;\"><strong>racionales<\/strong>.<\/span><\/p>\n<p>&nbsp;<\/p>\n<p><img loading=\"lazy\" decoding=\"async\" class=\"aligncenter wp-image-2289843\" src=\"https:\/\/puntocritico.com\/ausajpuntocritico\/wp-content\/uploads\/2023\/10\/Sentencias-5.jpg\" alt=\"\" width=\"300\" height=\"347\" data-id=\"2289843\" \/><\/p>\n<p>&nbsp;<\/p>\n<p style=\"text-align: justify;\"><span style=\"font-size: 14pt;\"><strong>Todos los abogados saben que los fallos justos son mucho m\u00e1s frecuentes que los fundamentos impecables<\/strong>; y as\u00ed ocurre a menudo, que despu\u00e9s de una <strong>casaci\u00f3n por defectos de motivaci\u00f3n<\/strong>, el juez de instancia no puede en conciencia hacer otra cosa que reproducir, con mayor habilidad, el fallo de la sentencia casada. Esto ocurre porque <strong>a veces el juez, en el cual las dotes morales son superiores a las intelectuales, siente intuitivamente de cu\u00e1l de las partes est\u00e1 la raz\u00f3n<\/strong>; <strong>pero no consigue dar con los medios dial\u00e9cticos para demostrarlo<\/strong>. Creo que la angustia m\u00e1s obsesionante para un juez escrupuloso ha de ser precisamente \u00e9sta: sentir, sugerida por la conciencia, cu\u00e1l es la decisi\u00f3n justa y no conseguir encontrar los argumentos para demostrarlo seg\u00fan la l\u00f3gica. En este aspecto, es conveniente que el juez tenga tambi\u00e9n, aun en peque\u00f1o grado, algo de la habilidad del abogado; porque al redactar los fundamentos debe ser el defensor de la tesis antes fijada por su conciencia.<\/span><\/p>\n<p>&nbsp;<\/p>\n<p><img loading=\"lazy\" decoding=\"async\" class=\"aligncenter wp-image-2289844\" src=\"https:\/\/puntocritico.com\/ausajpuntocritico\/wp-content\/uploads\/2023\/10\/Sentencias-4.jpg\" alt=\"\" width=\"300\" height=\"265\" data-id=\"2289844\" \/><\/p>\n<p>&nbsp;<\/p>\n<p style=\"text-align: justify;\"><span style=\"font-size: 14pt;\"><strong>A fuerza de leer en las revistas los m\u00e1s bellos fundamentos de derecho aislados de la parte dispositiva y de verlos considerados como t\u00edtulo de m\u00e9rito en el llamado escrutinio para las promociones, existe el peligro de que alg\u00fan juez se habit\u00fae a considerar la parte dispositiva como un elemento secundario de la sentencia<\/strong>, esto es: solamente como una ocasi\u00f3n para redactar unos interesantes <strong>considerandos<\/strong>, los cuales de esta manera resultar\u00edan en lugar de un puente de paso hacia la justa conclusi\u00f3n, el verdadero fin del juicio. <strong>Se puede creer como exacto que no comprender\u00eda la santa seriedad de la justicia, el juez que, lejos de presentar a las preocupaciones de los litigantes una soluci\u00f3n justa, se preocupase de ofrecer para distracci\u00f3n de los lectores, un ensayo de amena lectura<\/strong>; podr\u00eda resultar una especie de <em>padre Zappata judicial<\/em>: el juez que motiva bien y decide mal.<\/span><\/p>\n<p>&nbsp;<\/p>\n<p><img loading=\"lazy\" decoding=\"async\" class=\"aligncenter wp-image-2289845\" src=\"https:\/\/puntocritico.com\/ausajpuntocritico\/wp-content\/uploads\/2023\/10\/Sentencias-3.jpg\" alt=\"\" width=\"280\" height=\"280\" data-id=\"2289845\" srcset=\"https:\/\/puntocritico.com\/ausajpuntocritico\/wp-content\/uploads\/2023\/10\/Sentencias-3.jpg 225w, https:\/\/puntocritico.com\/ausajpuntocritico\/wp-content\/uploads\/2023\/10\/Sentencias-3-150x150.jpg 150w\" sizes=\"auto, (max-width: 280px) 100vw, 280px\" \/><\/p>\n<p>&nbsp;<\/p>\n<p style=\"text-align: justify;\"><span style=\"font-size: 14pt;\"><strong>No siempre sentencia bien fundada quiere decir sentencia justa, ni viceversa<\/strong>. A veces unos fundamentos desali\u00f1ados y breves indican que el juez, al decidir, estaba tan convencido del acierto de su fallo, que consider\u00f3 tiempo perdido el que se emplease en demostrar su evidencia; como<strong> otras veces una motivaci\u00f3n difusa y muy cuidada, puede revelar en el juez el deseo de disimular a s\u00ed mismo y a los dem\u00e1s, a fuerza de arabescos l\u00f3gicos, la propia perplejidad<\/strong>.<\/span><\/p>\n<p>&nbsp;<\/p>\n<p><img loading=\"lazy\" decoding=\"async\" class=\"aligncenter wp-image-2289846\" src=\"https:\/\/puntocritico.com\/ausajpuntocritico\/wp-content\/uploads\/2023\/10\/Divine-Justice-in-Cesare-Ripa-Iconologia-Or-Moral-Emblems-Translated-and-edited-by-248x300.jpg\" alt=\"\" width=\"330\" height=\"399\" data-id=\"2289846\" srcset=\"https:\/\/puntocritico.com\/ausajpuntocritico\/wp-content\/uploads\/2023\/10\/Divine-Justice-in-Cesare-Ripa-Iconologia-Or-Moral-Emblems-Translated-and-edited-by-248x300.jpg 248w, https:\/\/puntocritico.com\/ausajpuntocritico\/wp-content\/uploads\/2023\/10\/Divine-Justice-in-Cesare-Ripa-Iconologia-Or-Moral-Emblems-Translated-and-edited-by-848x1024.jpg 848w, https:\/\/puntocritico.com\/ausajpuntocritico\/wp-content\/uploads\/2023\/10\/Divine-Justice-in-Cesare-Ripa-Iconologia-Or-Moral-Emblems-Translated-and-edited-by-768x928.jpg 768w, https:\/\/puntocritico.com\/ausajpuntocritico\/wp-content\/uploads\/2023\/10\/Divine-Justice-in-Cesare-Ripa-Iconologia-Or-Moral-Emblems-Translated-and-edited-by.jpg 850w\" sizes=\"auto, (max-width: 330px) 100vw, 330px\" \/><\/p>\n<p>&nbsp;<\/p>\n<p style=\"text-align: justify;\"><span style=\"font-size: 14pt;\"><strong>No digo, como he o\u00eddo muchas veces, que sea nociva al juez la mucha inteligencia<\/strong>; digo que es juez \u00f3ptimo aquel en quien prevalece sobre las dotes de inteligencia la r\u00e1pida intuici\u00f3n humana. <strong>El sentido de la justicia, mediante el cual se aprecian los hechos y se siente r\u00e1pidamente de qu\u00e9 parte est\u00e1 la raz\u00f3n, es una virtud innata que no tiene nada que ver con la t\u00e9cnica del derecho<\/strong>; ocurre como en la m\u00fasica, respecto a la cu\u00e1l, la m\u00e1s alta inteligencia no sirve para suplir la falta de o\u00eddo.<\/span><\/p>\n<p>&nbsp;<\/p>\n<p><img loading=\"lazy\" decoding=\"async\" class=\"aligncenter wp-image-2289847\" src=\"https:\/\/puntocritico.com\/ausajpuntocritico\/wp-content\/uploads\/2023\/10\/trabajo-1-300x289.jpg\" alt=\"\" width=\"400\" height=\"385\" data-id=\"2289847\" srcset=\"https:\/\/puntocritico.com\/ausajpuntocritico\/wp-content\/uploads\/2023\/10\/trabajo-1-300x289.jpg 300w, https:\/\/puntocritico.com\/ausajpuntocritico\/wp-content\/uploads\/2023\/10\/trabajo-1-768x740.jpg 768w, https:\/\/puntocritico.com\/ausajpuntocritico\/wp-content\/uploads\/2023\/10\/trabajo-1.jpg 1000w\" sizes=\"auto, (max-width: 400px) 100vw, 400px\" \/><\/p>\n<p>&nbsp;<\/p>\n<p style=\"text-align: center;\"><span style=\"font-size: 24pt;\"><strong>FIN DEL CAP\u00cdTULO IX<\/strong><\/span><\/p>\n<p style=\"text-align: center;\"><span style=\"font-size: 18pt;\"><strong><span style=\"color: #008000;\">*******<\/span><\/strong><\/span><\/p>\n<div id=\"title\" class=\"style-scope ytd-watch-metadata\">\n<blockquote>\n<h2 class=\"style-scope ytd-watch-metadata\" style=\"text-align: center;\"><span style=\"font-size: 24pt;\">Rawls vs Nozick<\/span><\/h2>\n<p class=\"style-scope ytd-watch-metadata\" style=\"text-align: center;\"><strong><span style=\"font-size: 14pt;\">(Ronald Dworkin)<\/span><\/strong><\/p>\n<\/blockquote>\n<\/div>\n<blockquote>\n<div id=\"top-row\" class=\"style-scope ytd-watch-metadata\">\n<div id=\"owner\" class=\"item style-scope ytd-watch-metadata\">\n<div id=\"container\" class=\"style-scope ytd-channel-name\">\n<div id=\"text-container\" class=\"style-scope ytd-channel-name\" style=\"text-align: justify;\"><a href=\"https:\/\/www.youtube.com\/watch?v=T6QvkLCCNN0\" target=\"_blank\" rel=\"noopener\"><span style=\"font-size: 14pt;\">Philosophy Overdose<\/span><\/a><\/div>\n<\/div>\n<\/div>\n<\/div>\n<p>&nbsp;<\/p>\n<\/blockquote>\n<p><iframe loading=\"lazy\" title=\"Rawls vs Nozick (Ronald Dworkin)\" width=\"500\" height=\"281\" src=\"https:\/\/www.youtube.com\/embed\/T6QvkLCCNN0?feature=oembed\" frameborder=\"0\" allow=\"accelerometer; autoplay; clipboard-write; encrypted-media; gyroscope; picture-in-picture; web-share\" referrerpolicy=\"strict-origin-when-cross-origin\" allowfullscreen><\/iframe><\/p>\n<blockquote>\n<p>&nbsp;<\/p>\n<p style=\"text-align: center;\"><span style=\"font-size: 14pt;\">Ronald Dworkin ofrece una breve descripci\u00f3n introductoria de <strong>\u00ab<em>Una teor\u00eda de la justicia<\/em>\u00bb de John Rawls<\/strong> y <strong>\u00ab<em>Anarqu\u00eda, Estado y utop\u00eda<\/em>\u00bb de Robert Nozick<\/strong> en una entrevista con Bryan Magee de <strong>1978<\/strong>. <\/span><\/p>\n<p style=\"text-align: center;\"><span style=\"font-size: 14pt;\">Aunque ambos escribieron obras de filosof\u00eda pol\u00edtica muy influyentes, lleg\u00f3 a conclusiones bastante diferentes. <strong>Rawls<\/strong> es famoso por presentar un argumento novedoso para su posici\u00f3n que hac\u00eda uso de un experimento mental que involucraba un contrato hipot\u00e9tico. Sin embargo, a diferencia de otras teor\u00edas del contrato social, <strong>Rawls<\/strong> a\u00f1adi\u00f3 el giro adicional de que los negociadores deben ignorar ciertos hechos sobre s\u00ed mismos que podr\u00edan sesgarlos a su favor (<em>por ejemplo, su raza, g\u00e9nero, clase, edad, talentos, etc.<\/em>).\u00a0<\/span><span style=\"font-size: 14pt;\">De esta manera, la ignorancia se utiliza como un mecanismo para garantizar la imparcialidad a la hora de decidir c\u00f3mo deben estructurarse las sociedades. Despu\u00e9s de todo, uno no puede manipular las cosas para su beneficio a expensas de los dem\u00e1s si no sabe cu\u00e1les son sus intereses personales o cu\u00e1l ser\u00e1 su posici\u00f3n en la sociedad. <strong>Rawls<\/strong> argument\u00f3 que detr\u00e1s de este llamado \u00ab<em>velo de ignorancia<\/em>\u00bb la gente estar\u00eda de acuerdo en dos principios, siendo el m\u00e1s interesante el principio de diferencia, que establece que las desigualdades econ\u00f3micas s\u00f3lo pueden justificarse si benefician a los peor situados de la sociedad. <\/span><\/p>\n<p style=\"text-align: center;\"><span style=\"font-size: 14pt;\">Sin embargo, <strong>Nozick<\/strong> rechaz\u00f3 tal punto de vista, quien argument\u00f3 desde el punto de partida de los derechos absolutos de propiedad que no pueden violarse sin el consentimiento de uno. A pesar de un principio tan fuerte, <strong>Nozick<\/strong> argument\u00f3 que todav\u00eda puede existir una especie de Estado m\u00ednimo, lo que llam\u00f3 un \u00ab<em><strong>Estado de vigilancia nocturna<\/strong><\/em>\u00ab, que protege la propiedad y las personas. <\/span><\/p>\n<p style=\"text-align: center;\"><span style=\"font-size: 14pt;\">Una forma de pensar en la diferencia de puntos de vista entre <strong>Rawls <\/strong>y<strong> Nozick<\/strong> (<em>aunque esto pueda ser demasiado simplista e incluso enga\u00f1oso en ciertos aspectos<\/em>) es que mientras <strong>Nozick<\/strong> privilegia la libertad y los derechos por encima de la igualdad y la justicia, <strong>Rawls<\/strong> privilegia la igualdad y la justicia.\u00a0<\/span><\/p>\n<p style=\"text-align: center;\"><span style=\"font-size: 14pt;\">Este clip muestra a Ronald Dworkin discutiendo el pensamiento pol\u00edtico de John Rawls y Robert Nozick en una entrevista de 1978 con Bryan Magee<\/span><\/p>\n<\/blockquote>\n<p>&nbsp;<\/p>\n<p><a href=\"https:\/\/puntocritico.com\/ausajpuntocritico\/author\/punto-critico\/\"><img loading=\"lazy\" decoding=\"async\" class=\"aligncenter wp-image-9528 smush-detected-img smush-image-2\" src=\"https:\/\/puntocritico.com\/ausajpuntocritico\/wp-content\/uploads\/2018\/03\/Mosca_Punto_Cr%C3%ADtico_40.png\" alt=\"\" width=\"80\" height=\"80\" \/><\/a><\/p>\n<p>&nbsp;<\/p>\n","protected":false},"excerpt":{"rendered":"<div class=\"mh-excerpt\"><p>Cap\u00edtulo 9: \u00abDel sentimiento y de la l\u00f3gica en las sentencias\u00bb &nbsp; ANTE LA LEY Franz Kafka \u00a0 Ante la Ley hay un guardi\u00e1n que protege la puerta de entrada. Un hombre procedente del campo <a class=\"mh-excerpt-more\" href=\"https:\/\/puntocritico.com\/ausajpuntocritico\/2023\/10\/29\/calamandrei-del-sentimiento-y-de-la-logica-en-las-sentencias\/\" title=\"CALAMANDREI, \u00abElogio de los Jueces escrito por un Abogado\u00bb (Cap\u00edtulo 9): \u00abDel sentimiento y de la l\u00f3gica en las sentencias\u00bb\">[&#8230;]<\/a><\/p>\n<\/div>","protected":false},"author":3,"featured_media":2289988,"comment_status":"open","ping_status":"closed","sticky":false,"template":"","format":"standard","meta":{"_acf_changed":false,"_exactmetrics_skip_tracking":false,"_exactmetrics_sitenote_active":false,"_exactmetrics_sitenote_note":"","_exactmetrics_sitenote_category":0,"footnotes":""},"categories":[6],"tags":[70,101,110,108],"class_list":{"0":"post-2236213","1":"post","2":"type-post","3":"status-publish","4":"format-standard","5":"has-post-thumbnail","7":"category-justicia","8":"tag-calamandrei","9":"tag-kafka","10":"tag-nozick","11":"tag-rawls"},"acf":[],"_links":{"self":[{"href":"https:\/\/puntocritico.com\/ausajpuntocritico\/wp-json\/wp\/v2\/posts\/2236213","targetHints":{"allow":["GET"]}}],"collection":[{"href":"https:\/\/puntocritico.com\/ausajpuntocritico\/wp-json\/wp\/v2\/posts"}],"about":[{"href":"https:\/\/puntocritico.com\/ausajpuntocritico\/wp-json\/wp\/v2\/types\/post"}],"author":[{"embeddable":true,"href":"https:\/\/puntocritico.com\/ausajpuntocritico\/wp-json\/wp\/v2\/users\/3"}],"replies":[{"embeddable":true,"href":"https:\/\/puntocritico.com\/ausajpuntocritico\/wp-json\/wp\/v2\/comments?post=2236213"}],"version-history":[{"count":0,"href":"https:\/\/puntocritico.com\/ausajpuntocritico\/wp-json\/wp\/v2\/posts\/2236213\/revisions"}],"wp:featuredmedia":[{"embeddable":true,"href":"https:\/\/puntocritico.com\/ausajpuntocritico\/wp-json\/wp\/v2\/media\/2289988"}],"wp:attachment":[{"href":"https:\/\/puntocritico.com\/ausajpuntocritico\/wp-json\/wp\/v2\/media?parent=2236213"}],"wp:term":[{"taxonomy":"category","embeddable":true,"href":"https:\/\/puntocritico.com\/ausajpuntocritico\/wp-json\/wp\/v2\/categories?post=2236213"},{"taxonomy":"post_tag","embeddable":true,"href":"https:\/\/puntocritico.com\/ausajpuntocritico\/wp-json\/wp\/v2\/tags?post=2236213"}],"curies":[{"name":"wp","href":"https:\/\/api.w.org\/{rel}","templated":true}]}}