{"id":2236127,"date":"2023-10-15T00:05:44","date_gmt":"2023-10-14T22:05:44","guid":{"rendered":"https:\/\/puntocritico.com\/ausajpuntocritico\/?p=2236127"},"modified":"2024-04-30T21:13:52","modified_gmt":"2024-04-30T19:13:52","slug":"calamandrei-de-ciertas-aberraciones-de-los-clientes","status":"publish","type":"post","link":"https:\/\/puntocritico.com\/ausajpuntocritico\/2023\/10\/15\/calamandrei-de-ciertas-aberraciones-de-los-clientes\/","title":{"rendered":"CALAMANDREI, \u00abElogio de los Jueces escrito por un Abogado\u00bb (Cap\u00edtulo 7): \u00abDe ciertas aberraciones de los clientes, que los jueces deben recordar en disculpa de los abogados\u00bb"},"content":{"rendered":"<h2 style=\"text-align: justify;\"><a href=\"https:\/\/puntocritico.com\/ausajpuntocritico\/2023\/10\/15\/calamandrei-de-ciertas-aberraciones-de-los-clientes\/#DE_CIERTAS_ABERRACIONESDE_LOS_CLIENTES_QUE_LOS_JUECES_DEBEN_RECORDAR_EN_DISCULPA_DE_LOS_ABOGADOS\"><strong><span style=\"font-size: 14pt; color: #008000;\">Cap\u00edtulo 7: \u00abDe ciertas aberraciones de los clientes, que los jueces deben recordar en disculpa de los abogados\u00bb<\/span><\/strong><\/a><\/h2>\n<p>&nbsp;<\/p>\n<p>&nbsp;<\/p>\n<blockquote>\n<p style=\"text-align: center;\"><span style=\"font-size: 18pt;\"><strong>GARGANT\u00daA Y PANTAGRUEL<\/strong><\/span><\/p>\n<p style=\"text-align: center;\"><a href=\"https:\/\/es.wikipedia.org\/wiki\/Fran%C3%A7ois_Rabelais\" target=\"_blank\" rel=\"noopener\"><strong><span style=\"font-size: 14pt;\">Fran\u00e7oise Rabelais<\/span><\/strong><\/a><\/p>\n<p style=\"text-align: center;\"><strong><span style=\"font-size: 18pt;\">CAPITULO XII<\/span><\/strong><\/p>\n<h2 style=\"text-align: center;\"><span style=\"font-size: 24pt;\"><strong>C\u00f3mo se explic\u00f3 el se\u00f1or de Humeuesne delante de Pantagruel<\/strong><\/span><\/h2>\n<p><img loading=\"lazy\" decoding=\"async\" class=\"aligncenter wp-image-2289024\" src=\"https:\/\/puntocritico.com\/ausajpuntocritico\/wp-content\/uploads\/2023\/10\/Gargantua-y-Pantagruel-12-300x211.webp\" alt=\"De ciertas aberraciones de los clientes\" width=\"440\" height=\"310\" data-id=\"2289024\" srcset=\"https:\/\/puntocritico.com\/ausajpuntocritico\/wp-content\/uploads\/2023\/10\/Gargantua-y-Pantagruel-12-300x211.webp 300w, https:\/\/puntocritico.com\/ausajpuntocritico\/wp-content\/uploads\/2023\/10\/Gargantua-y-Pantagruel-12-1024x721.webp 1024w, https:\/\/puntocritico.com\/ausajpuntocritico\/wp-content\/uploads\/2023\/10\/Gargantua-y-Pantagruel-12-768x541.webp 768w, https:\/\/puntocritico.com\/ausajpuntocritico\/wp-content\/uploads\/2023\/10\/Gargantua-y-Pantagruel-12.webp 1200w\" sizes=\"auto, (max-width: 440px) 100vw, 440px\" \/><\/p>\n<p style=\"text-align: justify;\">\u00a0<\/p>\n<p style=\"text-align: justify;\"><span style=\"font-size: 14pt;\">Autorizado el se\u00f1or de <strong>Humeuesne<\/strong>, comenz\u00f3 de esta manera:<\/span><\/p>\n<p style=\"text-align: justify;\"><span style=\"font-size: 14pt;\">-Se\u00f1or y se\u00f1ores: Si la iniquidad de los hombres se viera tan f\u00e1cilmente en juicio categ\u00f3rico como se ven las moscas en la leche, el mundo, cuatro bueyes, no estar\u00eda tan comido de ratones como est\u00e1 y ser\u00edan orejas hartas de tierras las que ahora han sido ro\u00eddas cobardemente, porque como quiera todo lo que ha dicho la parte contraria es de plum\u00f3n, aunque bien verdadero en cuanto a la letra y la historia del <em>factum<\/em>; sin embargo se\u00f1ores, su fineza, su piller\u00eda. Su peque\u00f1a cota de malla, han sido rotas sobre el cacharro de las flores.<\/span><\/p>\n<p style=\"text-align: justify;\"><span style=\"font-size: 14pt;\">Debo encarecer, se\u00f1ores, que a la hora en que yo como al par mi sopa, sin pensar mal, ni mal decir, entonces me viene a rascar y torturar el cerebro, reson\u00e1ndome en los o\u00eddos aquella antigualla que dice<\/span><\/p>\n<p style=\"text-align: center;\"><span style=\"font-size: 14pt;\"><em>Quien bebe al comer la sopa<\/em><\/span><\/p>\n<p style=\"text-align: center;\"><span style=\"font-size: 14pt;\"><em>despu\u00e9s de muerto no bebe gota<\/em><\/span><\/p>\n<p style=\"text-align: justify;\"><span style=\"font-size: 14pt;\">Virgen santa. \u00a1Cuantas veces hemos visto los gruesos capitanes en pleno campo de batalla despu\u00e9s de que se les daban los golpes del pan bendito de la cofrad\u00eda, para m\u00e1s honestamente merecerse, tocar el la\u00fad, hacer m\u00fasica con el culo y dar saltitos en una plataforma sobre sus escarpines acuchillados a la moda! Y mientras tanto, mundo est\u00e1 desenfrenado por las frazadas de pa\u00f1o de Leicester; el uno se corrompe, los otros se rompen la cara con las frialdades invernales y si la corte no da orden, dejar\u00e1 que espigue muy mal este a\u00f1o, que hace o mejor dicho har\u00e1 juegos de cubiletes.<\/span><\/p>\n<p style=\"text-align: justify;\"><span style=\"font-size: 14pt;\">Si una pobre persona va a los ba\u00f1os calientes para hacerse iluminar el rostro con basura de vaca o a comprar botas de invierno y paseando los criados o las patrullas, reciben la decocci\u00f3n de una lavativa o la deyecci\u00f3n fecal de un pescado en salmuera sobre sus chamarretas, \u00bfSe la debe llevar a roer las monedas o a fregar las escudillas de corcho?<\/span><\/p>\n<p style=\"text-align: justify;\"><span style=\"font-size: 14pt;\">Algunas veces pensamos en lo uno, pero Dios hace lo otro y cuando el sol se pone todas las bestias se quedan a la sombra. Yo no quiero ser cre\u00eddo si no lo pruebo vigorosamente por medio de gentes de pleno d\u00eda.<\/span><\/p>\n<p style=\"text-align: justify;\"><span style=\"font-size: 14pt;\">El a\u00f1o treinta y seis, hab\u00eda yo comprado un caballo col\u00edn de Alemania, alto y corto, de muy buena lana, te\u00f1ido de grana, como aseguraban los orfebres; a todo esto el notario me present\u00f3 varios. Yo no soy cl\u00e9rigo para coger la luna con los dientes, para una olla de manteca de vacas sell\u00f3 los instrumentos vulc\u00e1nicos, y el ruido era tal que el buey en cecina hizo temblar el vino en plena media noche, sin luz, y fue arrojando al fondo del saco de un carbonero, calzado y aparejado con orejas y freno, y los manguitos requeridos para guisar, comida de r\u00fasticos, esto es, cabezas de carnero. Por eso tiene raz\u00f3n el adagio que dice que es buen ag\u00fcero ver vacas negras en madera quemada cuando se hace el amor. Yo hice consultar la materia a mis se\u00f1ores los curas y resolvieron <em>infrisesomorum<\/em> que no hay m\u00e1s que ca\u00f1onear el est\u00edo en una cueva bien guarnecida de papel y tinta, y plumas y cortaplumas de Lion, junto al R\u00f3dano tarab\u00edn, tarab\u00e1n, porque tan pronto como un arn\u00e9s siente las agujas, el a\u00f1ublo le come el h\u00edgado y luego no hace m\u00e1s que rebotear <em>torti-coli-floreteando<\/em> el sue\u00f1o despu\u00e9s de comer, y he aqu\u00ed por qu\u00e9 la sal tanto.<\/span><\/p>\n<p style=\"text-align: justify;\"><span style=\"font-size: 14pt;\">Se\u00f1ores, no cre\u00e1is que cuando la buena mujer citada enfurru\u00f1\u00f3 Ia bolsa testicular para empanar mejor el camino del sirviente, tergivers\u00f3 la asadura morcillar por las bolas de los museros, pues no hab\u00eda nada mejor para guardarse de los can\u00edbales que tomar una ligaz\u00f3n de anadinos revueltos con trescientos nabos y un poco de bofe de ternera, del mejor \u00e1loe que tienen los alquimistas y lutinar y calcinar sus pantoflas, patat\u00edn, patat\u00e1n, con hermosa salsa de liebre y buzar con una topera salv\u00e1ndose siempre de las mechas. Y si el dedo no os quiere decir de otra manera que siempre hay dos ases tiernos, de grueso cabo, guarda el as, colocad a la dama en un rinc\u00f3n del lecho, bailar el tralala-l\u00ed tra-la-l\u00e1 y bebed a discreci\u00f3n depiscando <em>grenoullibus<\/em> por todas las hermosas polainas cot\u00farnicas y esto ser\u00e1 muy bueno para los pajarillos de asador que se divierten en el juego de la horquilla y oyendo como golpean la cera y escaldan el metal las banastas de tripa.<\/span><\/p>\n<p style=\"text-align: justify;\"><span style=\"font-size: 14pt;\">Cierto es que los cuatro bueyes de aquella cuesti\u00f3n eran algo flacos de memoria, pues para rascarse la papera no llamaban al cuervo marino ni al pato de Saboya; pero la gente de tierra cifraba en ellos gran esperanza, diciendo: estos ni\u00f1itos ser\u00e1n grandes en logaritmos y esto ser\u00e1 para nosotros una r\u00fabrica de Derecho; nosotros no podemos faltar a la caza del lobo, haciendo nuestros setos sobre el molino de viento de que hablaba la parte contraria; pero el gran diablo all\u00ed lo env\u00eda y coloca detr\u00e1s los alemanes, que hacen diablos de ahumar, y tran tran, al caso, porque no ten\u00eda apariencia de decir que en Paris, sobre el puente, gallina de paja, estuviesen todos ellos con m\u00e1s flecos que abubillas de pantano, sino que sacrificasen los pompones en las esteras adornadas de letras versales o cursivas, me es igual, porque el palo delgado no engancha los gusanos.<\/span><\/p>\n<p style=\"text-align: justify;\"><span style=\"font-size: 14pt;\">Supuesto el caso de que en lugar de los perros corredores hubiesen\u00a0<\/span><span style=\"font-size: 14pt;\">tocado el cuerno las rezongonas delante del notario, hubiera dicho \u00e9l su reacci\u00f3n por arte cabal\u00edstico, y de aqu\u00ed se deduce (<em>salvo mejor juicio del Tribunal<\/em>) que seis adarmes de prado a medida larga hacen tres cajas de tinta fina, sin soplar en el bac\u00edn, considerando que en los funerales del rey Carlos llevaba puesto el tois\u00f3n a toda marcha por<\/span><\/p>\n<p style=\"text-align: center;\"><span style=\"font-size: 14pt;\"><em>Seis blancos, entendido, <\/em><\/span><\/p>\n<p style=\"text-align: center;\"><span style=\"font-size: 14pt;\"><em>por mi Juramento, de lana<\/em><\/span><\/p>\n<p style=\"text-align: justify;\"><span style=\"font-size: 14pt;\">y yo veo que ordinariamente, en todas las buenas casas, cuando uno vea la husma descolg\u00e1ndose por la chimenea y diciendo su nombre, no se hace m\u00e1s que doblar los ri\u00f1ones y soplar con el culo si la habitaci\u00f3n est\u00e1 caliente, y all\u00ed mismo<\/span><\/p>\n<p style=\"text-align: center;\"><span style=\"font-size: 14pt;\"><em>Las cartas examinadas<\/em><\/span><\/p>\n<p style=\"text-align: center;\"><span style=\"font-size: 14pt;\"><em>son las vacas entregadas<\/em><\/span><\/p>\n<p style=\"text-align: justify;\"><span style=\"font-size: 14pt;\">Yo no digo, verdaderamente, que no se pudiera por equidad desposeer de su justo t\u00edtulo a los que beben el agua bendita, como se hace con una alabarda de tejedor, pues los supositorios no se hacen a los que quieren resignarse, sino a buen juego hacen dinero. <em>Tunc<\/em> se\u00f1ores, <em>\u00bfquid iuris pro minoribus?<\/em> Porque el uso, como dice la ley s\u00e1lica, es tal que el primer botafuego que descuerna la vaca que se mosquea en pleno canto de la m\u00fasica sin solfear los puntos del juego del zapatito, deb\u00eda en tiempos de Gundemaro sublimar la penuria de su miembro por la espuma testicular siempre que se constipara en la mesa de media noche per regalar a deshora vinos blancos de Anjou que ensartan en la perineta lazos y lazos a la moda de Breta\u00f1a. Concluyendo <em>ut supra<\/em> con costos, da\u00f1os e intereses.<\/span><\/p>\n<p style=\"text-align: justify;\"><span style=\"font-size: 14pt;\">Cuando el se\u00f1or de <strong>Humeuesne<\/strong> hubo acabado, <strong>Pantagruel<\/strong> dijo al se\u00f1or de <strong>Baisecul<\/strong>:<\/span><\/p>\n<p style=\"text-align: justify;\"><span style=\"font-size: 14pt;\">-Amigo m\u00edo, quer\u00e9is replicar algo?<\/span><\/p>\n<p style=\"text-align: justify;\"><span style=\"font-size: 14pt;\">A lo que <strong>Baisecul<\/strong> respondi\u00f3:<\/span><\/p>\n<p style=\"text-align: justify;\"><span style=\"font-size: 14pt;\">-No se\u00f1or, porque he dicho toda la verdad; pero, por Dios, dad fin a nuestra diferencia, porque estamos aqu\u00ed sin gran frio.<\/span><\/p>\n<\/blockquote>\n<p>&nbsp;<\/p>\n<p><img loading=\"lazy\" decoding=\"async\" class=\"aligncenter wp-image-2289023\" src=\"https:\/\/puntocritico.com\/ausajpuntocritico\/wp-content\/uploads\/2023\/10\/Gustave-Dore-The-birth-of-Gargantua-illustration-from-Gargantua-and-Pantagruel-by-Franois-Rabelais-MeisterDrucke-132564-233x300.jpg\" alt=\"\" width=\"330\" height=\"424\" data-id=\"2289023\" srcset=\"https:\/\/puntocritico.com\/ausajpuntocritico\/wp-content\/uploads\/2023\/10\/Gustave-Dore-The-birth-of-Gargantua-illustration-from-Gargantua-and-Pantagruel-by-Franois-Rabelais-MeisterDrucke-132564-233x300.jpg 233w, https:\/\/puntocritico.com\/ausajpuntocritico\/wp-content\/uploads\/2023\/10\/Gustave-Dore-The-birth-of-Gargantua-illustration-from-Gargantua-and-Pantagruel-by-Franois-Rabelais-MeisterDrucke-132564-768x987.jpg 768w, https:\/\/puntocritico.com\/ausajpuntocritico\/wp-content\/uploads\/2023\/10\/Gustave-Dore-The-birth-of-Gargantua-illustration-from-Gargantua-and-Pantagruel-by-Franois-Rabelais-MeisterDrucke-132564.jpg 797w\" sizes=\"auto, (max-width: 330px) 100vw, 330px\" \/><\/p>\n<p style=\"text-align: center;\"><span style=\"font-size: 18pt;\"><strong><span style=\"color: #008000;\">*******<\/span><\/strong><\/span><\/p>\n<blockquote>\n<h2 style=\"text-align: center;\"><span style=\"font-size: 24pt;\"><strong>ELOGIO DE LOS JUECES ESCRITO POR UN ABOGADO:\u00a0<\/strong><strong>\u00cdNDICE<\/strong><\/span><\/h2>\n<p class=\"entry-title\" style=\"text-align: center;\"><a href=\"https:\/\/puntocritico.com\/ausajpuntocritico\/2023\/08\/27\/elogio-de-los-jueces-escrito-por-un-abogado-por-piero-calamandrei-presentacion-y-prologo\/\"><span style=\"font-size: 14pt;\">Presentaci\u00f3n y Pr\u00f3logo<\/span><\/a><\/p>\n<p style=\"padding-left: 40px; text-align: center;\"><a href=\"https:\/\/puntocritico.com\/ausajpuntocritico\/2023\/09\/03\/calamandrei-fe-en-los-jueces\/\"><span style=\"font-size: 14pt;\"><strong>I.<\/strong> De la fe en los jueces primer requisito del abogado\u00a0<\/span><\/a><\/p>\n<p style=\"padding-left: 40px; text-align: center;\"><a href=\"https:\/\/puntocritico.com\/ausajpuntocritico\/2023\/09\/10\/capitulo-ii-calamandrei-de-la-urbanidad\/\"><span style=\"font-size: 14pt;\"><strong>II.<\/strong> De la urbanidad ( o bien de la discreci\u00f3n) de los jueces\u00a0\u00a0<\/span><\/a><\/p>\n<p style=\"padding-left: 40px; text-align: center;\"><a href=\"https:\/\/puntocritico.com\/ausajpuntocritico\/2023\/09\/17\/calamandrei-capitulo-iii-de-ciertas-semejanzas-y-diferencias-entre-jueces-y-abogados\/\"><span style=\"font-size: 14pt;\"><strong>III.<\/strong> De ciertas semejanzas y diferencias entre jueces y abogados\u00a0<\/span><\/a><\/p>\n<p style=\"padding-left: 40px; text-align: center;\"><a href=\"https:\/\/puntocritico.com\/ausajpuntocritico\/2023\/09\/24\/calamandrei-oratoria-forense\/\"><span style=\"font-size: 14pt;\"><strong>IV.<\/strong> De la llamada oratoria forense\u00a0<\/span><\/a><\/p>\n<p style=\"padding-left: 40px; text-align: center;\"><a href=\"https:\/\/puntocritico.com\/ausajpuntocritico\/2023\/10\/01\/calamandrei-de-cierta-inmovilidad-de-los-jueces-en-audiencia-publica\/\"><span style=\"font-size: 14pt;\"><strong>V.<\/strong> De cierta inmovilidad de los jueces en audiencia publica<\/span><\/a><\/p>\n<p style=\"padding-left: 40px; text-align: center;\"><a href=\"https:\/\/puntocritico.com\/ausajpuntocritico\/2023\/10\/08\/calamandrei-de-ciertas-relaciones-entre-los-abogados-y-la-verdad\/\"><span style=\"font-size: 14pt;\"><strong>VI.<\/strong> De ciertas relaciones entre los abogados y la verdad, o bien de la justa parcialidad del defensor\u00a0<\/span><\/a><\/p>\n<p style=\"padding-left: 40px; text-align: center;\"><a href=\"https:\/\/puntocritico.com\/ausajpuntocritico\/2023\/10\/15\/calamandrei-de-ciertas-aberraciones-de-los-clientes\/\"><span style=\"font-size: 14pt;\"><strong>VII.<\/strong> De ciertas aberraciones de los clientes, que los jueces deben recordar en disculpa de los abogados\u00a0\u00a0<\/span><\/a><\/p>\n<p style=\"padding-left: 40px; text-align: center;\"><a href=\"https:\/\/puntocritico.com\/ausajpuntocritico\/2023\/10\/22\/calamandrei-de-la-predileccion-de-abogados-y-jueces-por-las-cuestiones-de-derecho-o-por-las-de-hecho\/\"><span style=\"font-size: 14pt;\"><strong>VIII<\/strong>. De la predilecci\u00f3n de abogados y jueces por las cuestiones de derecho o por las de hecho\u00a0<\/span><\/a><\/p>\n<p style=\"padding-left: 40px; text-align: center;\"><a href=\"https:\/\/puntocritico.com\/ausajpuntocritico\/2023\/10\/29\/calamandrei-del-sentimiento-y-de-la-logica-en-las-sentencias\/\"><span style=\"font-size: 14pt;\"><strong>IX.<\/strong> Del sentimiento y de la l\u00f3gica en las sentencias\u00a0<\/span><\/a><\/p>\n<p style=\"padding-left: 40px; text-align: center;\"><a href=\"https:\/\/puntocritico.com\/ausajpuntocritico\/2023\/11\/05\/calamandrei-del-amor-de-los-abogados-por-los-jueces-y-viceversa\/\"><span style=\"font-size: 14pt;\"><strong>X.<\/strong> Del amor de los abogados por los jueces y viceversa\u00a0<\/span><\/a><\/p>\n<p style=\"padding-left: 40px; text-align: center;\"><a href=\"https:\/\/puntocritico.com\/ausajpuntocritico\/2023\/11\/12\/calamandrei-de-algunas-tristezas-y-heroismos-de-la-vida-de-los-jueces-11\/\"><span style=\"font-size: 14pt;\"><strong>XI.<\/strong> De algunas tristezas y hero\u00edsmos de la vida de los jueces\u00a0<\/span><\/a><\/p>\n<p style=\"padding-left: 40px; text-align: center;\"><a href=\"https:\/\/puntocritico.com\/ausajpuntocritico\/2023\/11\/19\/de-cierta-coincidencia-entre-los-destinos-de-los-jueces-y-de-los-abogados\/\"><span style=\"font-size: 14pt;\"><strong>XII<\/strong>. De cierta coincidencia entre los distintos de los jueces y de los abogados\u00a0<\/span><\/a><\/p>\n<\/blockquote>\n<p>&nbsp;<\/p>\n<p><img loading=\"lazy\" decoding=\"async\" class=\"aligncenter size-full wp-image-2237367\" src=\"https:\/\/puntocritico.com\/ausajpuntocritico\/wp-content\/uploads\/2021\/12\/Calamandrei-elogio-jueces-PPAL2.jpg\" alt=\"\" width=\"678\" height=\"381\" data-id=\"2237367\" srcset=\"https:\/\/puntocritico.com\/ausajpuntocritico\/wp-content\/uploads\/2021\/12\/Calamandrei-elogio-jueces-PPAL2.jpg 678w, https:\/\/puntocritico.com\/ausajpuntocritico\/wp-content\/uploads\/2021\/12\/Calamandrei-elogio-jueces-PPAL2-300x169.jpg 300w, https:\/\/puntocritico.com\/ausajpuntocritico\/wp-content\/uploads\/2021\/12\/Calamandrei-elogio-jueces-PPAL2-610x343.jpg 610w\" sizes=\"auto, (max-width: 678px) 100vw, 678px\" \/><\/p>\n<p style=\"text-align: center;\"><span style=\"color: #99cc00;\"><strong><span style=\"font-size: 24pt;\">***<\/span><\/strong><\/span><\/p>\n<p style=\"text-align: center;\"><span style=\"font-size: 24pt;\"><strong>CAPITULO VII<\/strong><\/span><\/p>\n<h2 style=\"text-align: center;\"><strong><span style=\"font-size: 24pt;\">DE CIERTAS ABERRACIONES\u00a0<\/span><\/strong><strong><span style=\"font-size: 24pt;\">DE LOS CLIENTES, QUE LOS JUECES DEBEN RECORDAR EN DISCULPA DE LOS ABOGADOS<\/span><\/strong><\/h2>\n<p><img loading=\"lazy\" decoding=\"async\" class=\"aligncenter wp-image-2289063\" src=\"https:\/\/puntocritico.com\/ausajpuntocritico\/wp-content\/uploads\/2023\/10\/Honor_Daumier_-_Lawyers_Meeting_c1860_-_MeisterDrucke-572690-300x237.jpg\" alt=\"\" width=\"440\" height=\"348\" data-id=\"2289063\" srcset=\"https:\/\/puntocritico.com\/ausajpuntocritico\/wp-content\/uploads\/2023\/10\/Honor_Daumier_-_Lawyers_Meeting_c1860_-_MeisterDrucke-572690-300x237.jpg 300w, https:\/\/puntocritico.com\/ausajpuntocritico\/wp-content\/uploads\/2023\/10\/Honor_Daumier_-_Lawyers_Meeting_c1860_-_MeisterDrucke-572690.jpg 700w\" sizes=\"auto, (max-width: 440px) 100vw, 440px\" \/><\/p>\n<p>&nbsp;<\/p>\n<p style=\"text-align: justify;\"><span style=\"font-size: 14pt;\">Es sorprendente la constancia con que los clientes, al elegir sus abogados, buscan en ellos precisamente las cualidades opuestas a las que son estimadas por los jueces. <strong>Los jueces prefieren los abogados discretos y lac\u00f3nicos; los clientes los quieren violentos y de gran vistosidad<\/strong>; a los jueces les hast\u00edan los ingeniosos fabricantes de sofismas; los clientes ven en la fertilidad con que se excogitan sutiles expedientes, la condici\u00f3n m\u00e1s apreciable del ingenio del abogado; los jueces prefieren los defensores que, al exponer su tesis, conf\u00eden en la bondad de los argumentos y no en la imposici\u00f3n de su autoridad personal, y los clientes buscan los defensores entre los diputados o los profesores. <em>Pero lo m\u00e1s extra\u00f1o es esto: que tambi\u00e9n el juez, cuando por cualquier asunto personal se convierte en justiciable y tiene necesidad de un defensor, cae en la misma aberraci\u00f3n de los clientes profanos, y lo va a buscar entre aquellas categor\u00edas de abogados de los cuales, como juez, siempre ha desconfiado<\/em>.<\/span><\/p>\n<p>&nbsp;<\/p>\n<p><img loading=\"lazy\" decoding=\"async\" class=\"aligncenter wp-image-2289064\" src=\"https:\/\/puntocritico.com\/ausajpuntocritico\/wp-content\/uploads\/2023\/10\/Deux-avocats.jpg\" alt=\"\" width=\"330\" height=\"227\" data-id=\"2289064\" \/><\/p>\n<p>&nbsp;<\/p>\n<p style=\"text-align: justify;\"><span style=\"font-size: 14pt;\">\u00bfQu\u00e9 quiere decir \u201c<em>gran abogado\u201d<\/em>? Quiere decir abogado \u00fatil a los jueces porque les ayuda a decidir seg\u00fan justicia; \u00fatil al cliente por ayudarle a hacer valer las propias razones. \u00datil es el abogado que habla lo estrictamente necesario, que escribe claro y conciso, que no embaraza la audiencia con su arrolladora personalidad, que no fastidia a los jueces con su prolijidad ni les hace sospechar con sus sutilezas; <strong>exactamente lo contrario, por tanto, de lo que cierto p\u00fablico entiende por \u201c<\/strong><em><strong>gran abogado\u201d<\/strong>.<\/em><\/span><\/p>\n<p>&nbsp;<\/p>\n<p><img loading=\"lazy\" decoding=\"async\" class=\"aligncenter size-medium wp-image-2289075\" src=\"https:\/\/puntocritico.com\/ausajpuntocritico\/wp-content\/uploads\/2023\/10\/mental-health-g731790b63_1920-300x165.png\" alt=\"\" width=\"300\" height=\"165\" data-id=\"2289075\" srcset=\"https:\/\/puntocritico.com\/ausajpuntocritico\/wp-content\/uploads\/2023\/10\/mental-health-g731790b63_1920-300x165.png 300w, https:\/\/puntocritico.com\/ausajpuntocritico\/wp-content\/uploads\/2023\/10\/mental-health-g731790b63_1920-1024x563.png 1024w, https:\/\/puntocritico.com\/ausajpuntocritico\/wp-content\/uploads\/2023\/10\/mental-health-g731790b63_1920-768x422.png 768w, https:\/\/puntocritico.com\/ausajpuntocritico\/wp-content\/uploads\/2023\/10\/mental-health-g731790b63_1920-1536x845.png 1536w, https:\/\/puntocritico.com\/ausajpuntocritico\/wp-content\/uploads\/2023\/10\/mental-health-g731790b63_1920-1320x726.png 1320w, https:\/\/puntocritico.com\/ausajpuntocritico\/wp-content\/uploads\/2023\/10\/mental-health-g731790b63_1920.png 1920w\" sizes=\"auto, (max-width: 300px) 100vw, 300px\" \/><\/p>\n<p>&nbsp;<\/p>\n<p style=\"text-align: justify;\"><span style=\"font-size: 14pt;\">Dijo el <strong>cliente<\/strong> al elegir defensor: \u2014 <em>Elocuente y astuto: magn\u00edfico abogado<\/em>. Dijo el <strong>juez<\/strong> al fallar en <\/span><span style=\"font-size: 14pt;\">contra: \u2014<\/span><em><span style=\"font-size: 18.6667px;\">\u00a0<\/span><span style=\"font-size: 18.6667px;\">Charlat\u00e1n y embrollador: abogado p\u00e9simo<\/span><\/em><span style=\"font-size: 14pt;\">.<\/span><\/p>\n<p>&nbsp;<\/p>\n<p><img loading=\"lazy\" decoding=\"async\" class=\"aligncenter wp-image-2289083\" src=\"https:\/\/puntocritico.com\/ausajpuntocritico\/wp-content\/uploads\/2023\/10\/hollende_man-1-300x212.jpg\" alt=\"\" width=\"400\" height=\"283\" data-id=\"2289083\" srcset=\"https:\/\/puntocritico.com\/ausajpuntocritico\/wp-content\/uploads\/2023\/10\/hollende_man-1-300x212.jpg 300w, https:\/\/puntocritico.com\/ausajpuntocritico\/wp-content\/uploads\/2023\/10\/hollende_man-1-1024x723.jpg 1024w, https:\/\/puntocritico.com\/ausajpuntocritico\/wp-content\/uploads\/2023\/10\/hollende_man-1-768x542.jpg 768w, https:\/\/puntocritico.com\/ausajpuntocritico\/wp-content\/uploads\/2023\/10\/hollende_man-1-1536x1085.jpg 1536w, https:\/\/puntocritico.com\/ausajpuntocritico\/wp-content\/uploads\/2023\/10\/hollende_man-1-1320x932.jpg 1320w, https:\/\/puntocritico.com\/ausajpuntocritico\/wp-content\/uploads\/2023\/10\/hollende_man-1.jpg 1600w\" sizes=\"auto, (max-width: 400px) 100vw, 400px\" \/><\/p>\n<p>&nbsp;<\/p>\n<p style=\"text-align: justify;\"><span style=\"font-size: 14pt;\">Ciertos clientes acuden al abogado confi\u00e1ndole sus males, con la ilusi\u00f3n de que, contagi\u00e1ndoselos, quedar\u00e1n inmediatamente curados, y salen sonrientes y satisfechos, convencidos de haber reconquistado el derecho de dormir tranquilos desde el momento en que han encontrado quien ha asumido la obligaci\u00f3n profesional de pasar las noches agitadas por su cuenta.<\/span><\/p>\n<p>&nbsp;<\/p>\n<p><img loading=\"lazy\" decoding=\"async\" class=\"aligncenter size-full wp-image-2289076\" src=\"https:\/\/puntocritico.com\/ausajpuntocritico\/wp-content\/uploads\/2023\/10\/psicologia-abogados.jpg\" alt=\"\" width=\"300\" height=\"300\" data-id=\"2289076\" srcset=\"https:\/\/puntocritico.com\/ausajpuntocritico\/wp-content\/uploads\/2023\/10\/psicologia-abogados.jpg 300w, https:\/\/puntocritico.com\/ausajpuntocritico\/wp-content\/uploads\/2023\/10\/psicologia-abogados-150x150.jpg 150w\" sizes=\"auto, (max-width: 300px) 100vw, 300px\" \/><\/p>\n<p>&nbsp;<\/p>\n<p style=\"text-align: justify;\"><span style=\"font-size: 14pt;\">Una noche encontr\u00e9 en el teatro un cliente que aquel mismo d\u00eda hab\u00eda venido a mi despacho a manifestarme que estaba al borde de la quiebra. Pareci\u00f3 contrariado y sorprendido por encontrarme en aquel lugar de distracci\u00f3n, y desde lejos me miraba durante el espect\u00e1culo con cierto ce\u00f1o, casi suficiente para hacerme comprender que con la ruina que le amenazaba, <em>no era delicado que yo pensase en divertirme y no sintiese el elemental deber de permanecer en casa suspirando por \u00e9l<\/em>.<\/span><\/p>\n<p>&nbsp;<\/p>\n<p><img loading=\"lazy\" decoding=\"async\" class=\"aligncenter size-medium wp-image-2289077\" src=\"https:\/\/puntocritico.com\/ausajpuntocritico\/wp-content\/uploads\/2023\/10\/Abogado-epunto-300x200.jpg\" alt=\"\" width=\"300\" height=\"200\" data-id=\"2289077\" srcset=\"https:\/\/puntocritico.com\/ausajpuntocritico\/wp-content\/uploads\/2023\/10\/Abogado-epunto-300x200.jpg 300w, https:\/\/puntocritico.com\/ausajpuntocritico\/wp-content\/uploads\/2023\/10\/Abogado-epunto.jpg 660w\" sizes=\"auto, (max-width: 300px) 100vw, 300px\" \/><\/p>\n<p>&nbsp;<\/p>\n<p style=\"text-align: justify;\"><span style=\"font-size: 14pt;\">Cuando explicas a ciertos clientes que los abogados no se han creado para poner trampas a la justicia, <\/span><span style=\"font-size: 14pt;\">te miran con aire estupefacto.<em> \u00bfPara qu\u00e9, pues, sirve el abogado si no es para asumir sobre \u00e9l nuestros embrollos, y conservar inmaculada nuestra fama de personas decentes?<\/em><\/span><\/p>\n<p>&nbsp;<\/p>\n<p><img loading=\"lazy\" decoding=\"async\" class=\"aligncenter wp-image-2289078\" src=\"https:\/\/puntocritico.com\/ausajpuntocritico\/wp-content\/uploads\/2023\/10\/Elogio-Jueces-300x262.jpg\" alt=\"\" width=\"330\" height=\"288\" data-id=\"2289078\" srcset=\"https:\/\/puntocritico.com\/ausajpuntocritico\/wp-content\/uploads\/2023\/10\/Elogio-Jueces-300x262.jpg 300w, https:\/\/puntocritico.com\/ausajpuntocritico\/wp-content\/uploads\/2023\/10\/Elogio-Jueces.jpg 500w\" sizes=\"auto, (max-width: 330px) 100vw, 330px\" \/><\/p>\n<p>&nbsp;<\/p>\n<p style=\"text-align: justify;\"><span style=\"font-size: 14pt;\">Hay un momento en que el abogado civilista debe mirar de frente la verdad, con ojos desapasionados de juez; es aquel en que, requerido por el cliente para que le aconseje sobre la oportunidad de promover un pleito, <em>tiene el deber de examinar imparcialmente, tomando en consideraci\u00f3n las razones del eventual adversario, si puede ser \u00fatil a la justicia la obra de parcialidad que se solicita de \u00e9l<\/em>. As\u00ed <strong>el abogado, en materia civil, debe ser el juez instructor de sus clientes<\/strong>, cuya utilidad social es tanto m\u00e1s grande cuanto mayor es el n\u00famero de sentencias de \u201c<em>no ha lugar a proceder<\/em>\u201d que se pronuncian en su despacho.<\/span><\/p>\n<p>&nbsp;<\/p>\n<p><img loading=\"lazy\" decoding=\"async\" class=\"aligncenter wp-image-2289079\" src=\"https:\/\/puntocritico.com\/ausajpuntocritico\/wp-content\/uploads\/2023\/10\/Abogado-y-juez-300x232.jpg\" alt=\"\" width=\"360\" height=\"279\" data-id=\"2289079\" srcset=\"https:\/\/puntocritico.com\/ausajpuntocritico\/wp-content\/uploads\/2023\/10\/Abogado-y-juez-300x232.jpg 300w, https:\/\/puntocritico.com\/ausajpuntocritico\/wp-content\/uploads\/2023\/10\/Abogado-y-juez.jpg 650w\" sizes=\"auto, (max-width: 360px) 100vw, 360px\" \/><\/p>\n<p>&nbsp;<\/p>\n<p style=\"text-align: justify;\"><span style=\"font-size: 14pt;\"><em>La obra m\u00e1s preciosa de los abogados civilistas es la que desarrollan antes del proceso evitando con sabios consejos de transacci\u00f3n los litigios que empiezan y haciendo todo lo posible a fin de que no adquieran aquel paroxismo morboso que hace indispensable el refugio en la cl\u00ednica judicial<\/em>. <strong>Ocurre lo mismo con los abogados que con los m\u00e9dicos<\/strong>, de los cuales si alguien duda que su intervenci\u00f3n sirva seriamente para hacer variar el curso de una enfermedad ya declarada, nadie se atreve a negar la gran utilidad social de su obra profil\u00e1ctica. El abogado probo debe ser, m\u00e1s que cl\u00ednico, el higienista de la vida judicial; y <em>precisamente por esta diaria obra de desinfecci\u00f3n de la litigiosidad, <\/em><\/span><span style=\"font-size: 14pt;\"><em>que no se saca a la publicidad de los Tribunales, los jueces deber\u00edan considerar a los abogados como sus colaboradores m\u00e1s fieles<\/em>.<\/span><\/p>\n<p>&nbsp;<\/p>\n<p><img loading=\"lazy\" decoding=\"async\" class=\"aligncenter wp-image-2289080\" src=\"https:\/\/puntocritico.com\/ausajpuntocritico\/wp-content\/uploads\/2023\/10\/2052205_fea0_5.jpg\" alt=\"\" width=\"360\" height=\"203\" data-id=\"2289080\" \/><\/p>\n<p>&nbsp;<\/p>\n<p style=\"text-align: justify;\"><span style=\"font-size: 14pt;\">Al acabar un d\u00eda ocioso, en que ning\u00fan cliente se hab\u00eda acercado a llamar a su puerta, el abogado sali\u00f3 de su despacho frot\u00e1ndose las manos con aire feliz, y dijo: \u2014 Buen d\u00eda; <em>nadie ha venido a pedirme que le anticipe las costas<\/em>.<\/span><\/p>\n<p>&nbsp;<\/p>\n<p><img loading=\"lazy\" decoding=\"async\" class=\"aligncenter wp-image-2289081\" src=\"https:\/\/puntocritico.com\/ausajpuntocritico\/wp-content\/uploads\/2023\/10\/medi120613informe1-1509244017.jpg-300x150.webp\" alt=\"\" width=\"440\" height=\"220\" data-id=\"2289081\" srcset=\"https:\/\/puntocritico.com\/ausajpuntocritico\/wp-content\/uploads\/2023\/10\/medi120613informe1-1509244017.jpg-300x150.webp 300w, https:\/\/puntocritico.com\/ausajpuntocritico\/wp-content\/uploads\/2023\/10\/medi120613informe1-1509244017.jpg-768x384.webp 768w, https:\/\/puntocritico.com\/ausajpuntocritico\/wp-content\/uploads\/2023\/10\/medi120613informe1-1509244017.jpg.webp 800w\" sizes=\"auto, (max-width: 440px) 100vw, 440px\" \/><\/p>\n<p>&nbsp;<\/p>\n<p style=\"text-align: justify;\"><strong><span style=\"font-size: 14pt;\">No es cierto, como he o\u00eddo decir a alg\u00fan defensor sin escr\u00fapulos, que la cuesti\u00f3n jur\u00eddica sea de <\/span><\/strong><span style=\"font-size: 14pt;\"><strong>la competencia del abogado y la cuesti\u00f3n moral de la competencia del cliente<\/strong>. Creo m\u00e1s bien que es oficio nobil\u00edsimo del abogado el de llamar la atenci\u00f3n del cliente antes sobre la cuesti\u00f3n de moralidad que sobre la de derecho; y <em>hacerle entender que los art\u00edculos de los C\u00f3digos no son c\u00f3modos biombos fabricados para esconder suciedades<\/em>. Considerar las cuestiones de derecho como un teorema a demostrar mediante f\u00f3rmulas abstractas, en el cual los hombres est\u00e1n representados por letras y los intereses por cifras, puede <\/span><span style=\"font-size: 14pt;\">hacerlo el jurista en un tratado o en una lecci\u00f3n; pero <strong>el abogado pr\u00e1ctico debe ver, detr\u00e1s de la f\u00f3rmula, los hombres vivos<\/strong>. <em>Dejemos que los profesores ense\u00f1en en clase que la ley es igual para todos; ser\u00e1 despu\u00e9s misi\u00f3n del abogado explicar a los clientes que la ley civil est\u00e1 hecha, particularmente, para las personas honradas, y que para las otras existe la penal<\/em>.<\/span><\/p>\n<p>&nbsp;<\/p>\n<p><img loading=\"lazy\" decoding=\"async\" class=\"aligncenter wp-image-2289082\" src=\"https:\/\/puntocritico.com\/ausajpuntocritico\/wp-content\/uploads\/2023\/10\/medi130613abogado2-1-1509243668.jpg-300x150.webp\" alt=\"\" width=\"360\" height=\"180\" data-id=\"2289082\" srcset=\"https:\/\/puntocritico.com\/ausajpuntocritico\/wp-content\/uploads\/2023\/10\/medi130613abogado2-1-1509243668.jpg-300x150.webp 300w, https:\/\/puntocritico.com\/ausajpuntocritico\/wp-content\/uploads\/2023\/10\/medi130613abogado2-1-1509243668.jpg-768x384.webp 768w, https:\/\/puntocritico.com\/ausajpuntocritico\/wp-content\/uploads\/2023\/10\/medi130613abogado2-1-1509243668.jpg.webp 800w\" sizes=\"auto, (max-width: 360px) 100vw, 360px\" \/><\/p>\n<p>&nbsp;<\/p>\n<p style=\"text-align: justify;\"><span style=\"font-size: 14pt;\"><strong>Los jueces se lamentan de que los abogados escriben mucho; y casi siempre tienen raz\u00f3n<\/strong>. Pero se equivocan si, de este exceso, culpan solamente a la natural verbosidad de los abogados o acaso a su deseo de mayor lucro. <em>Los jueces no saben en qu\u00e9 medida esta prolijidad es debida a las presiones del cliente, y cu\u00e1nta paciencia necesita el abogado para no someterse a la insistencia de quien grad\u00faa la bondad de la defensa por el peso del papel escrito<\/em>. Tengo en la memoria la frase de una distinguida se\u00f1ora, la cual, despu\u00e9s de haberme explicado por d\u00e9cima vez los argumentos en los cuales, a su entender, deb\u00eda apoyar su defensa, en el momento de marcharse se detuvo en la puerta de la habitaci\u00f3n, y con una sonrisa suplicante suspir\u00f3: \u2014 <\/span><span style=\"font-size: 14pt;\"><em>Abogado, en usted conf\u00edo;<\/em> \u00a1<\/span><em><span style=\"font-size: 14pt;\">escriba mu<\/span>cho!<\/em><\/p>\n<p>&nbsp;<\/p>\n<p><img loading=\"lazy\" decoding=\"async\" class=\"aligncenter wp-image-2289088\" src=\"https:\/\/puntocritico.com\/ausajpuntocritico\/wp-content\/uploads\/2023\/10\/chiste-abogados-1-300x170.jpg\" alt=\"\" width=\"440\" height=\"249\" data-id=\"2289088\" srcset=\"https:\/\/puntocritico.com\/ausajpuntocritico\/wp-content\/uploads\/2023\/10\/chiste-abogados-1-300x170.jpg 300w, https:\/\/puntocritico.com\/ausajpuntocritico\/wp-content\/uploads\/2023\/10\/chiste-abogados-1.jpg 500w\" sizes=\"auto, (max-width: 440px) 100vw, 440px\" \/><\/p>\n<p>&nbsp;<\/p>\n<p style=\"text-align: justify;\"><span style=\"font-size: 14pt;\">Ciertos hombretones de buen apetito opinan que los m\u00e9dicos han sido creados, no para ense\u00f1ar la templanza, que conserva la salud, sino para buscar remedios heroicos contra las enfermedades producidas por los excesos y proporcionar as\u00ed a sus fieles clientes la receta para continuar tranquilamente excedi\u00e9ndose; del mismo modo <em>piensan algunos que la funci\u00f3n de los abogados en la sociedad no es la de mantener a sus clientes en el camino de la legalidad, sino la de excogitar soluciones para reparar las fechor\u00edas de los embrollones y para ponerlos as\u00ed en condiciones de continuar<\/em>.<\/span><\/p>\n<p>&nbsp;<\/p>\n<p><img loading=\"lazy\" decoding=\"async\" class=\"aligncenter wp-image-2289087\" src=\"https:\/\/puntocritico.com\/ausajpuntocritico\/wp-content\/uploads\/2023\/10\/Justicia-ciega-de-cojons.jpg\" alt=\"\" width=\"330\" height=\"243\" data-id=\"2289087\" srcset=\"https:\/\/puntocritico.com\/ausajpuntocritico\/wp-content\/uploads\/2023\/10\/Justicia-ciega-de-cojons.jpg 262w, https:\/\/puntocritico.com\/ausajpuntocritico\/wp-content\/uploads\/2023\/10\/Justicia-ciega-de-cojons-80x60.jpg 80w\" sizes=\"auto, (max-width: 330px) 100vw, 330px\" \/><\/p>\n<p>&nbsp;<\/p>\n<p style=\"text-align: justify;\"><span style=\"font-size: 14pt;\"><strong>S\u00e9 de un leguleyo que despu\u00e9s de haber sido condenado por falsedad y estafa y eliminado por este motivo del Colegio de Abogados, cuando sali\u00f3 de la prisi\u00f3n se encontr\u00f3 con un n\u00famero de clientes que jam\u00e1s hab\u00eda so\u00f1ado cuando la gente lo cre\u00eda honrado<\/strong>. Esta es la mentalidad del gran p\u00fablico en relaci\u00f3n a los abogados: si ha sido capaz de cometer la estafa por su cuenta, dice la gente, qui\u00e9n sabe lo h\u00e1bil que ser\u00e1 para embrollar a los jueces por encargo de sus clientes.<\/span><\/p>\n<p>&nbsp;<\/p>\n<p><img loading=\"lazy\" decoding=\"async\" class=\"aligncenter wp-image-2289086 size-full\" src=\"https:\/\/puntocritico.com\/ausajpuntocritico\/wp-content\/uploads\/2023\/10\/chistes-de-abogados-buenos.webp\" alt=\"\" width=\"371\" height=\"289\" data-id=\"2289086\" srcset=\"https:\/\/puntocritico.com\/ausajpuntocritico\/wp-content\/uploads\/2023\/10\/chistes-de-abogados-buenos.webp 371w, https:\/\/puntocritico.com\/ausajpuntocritico\/wp-content\/uploads\/2023\/10\/chistes-de-abogados-buenos-300x234.webp 300w\" sizes=\"auto, (max-width: 371px) 100vw, 371px\" \/><\/p>\n<p>&nbsp;<\/p>\n<p style=\"text-align: justify;\"><span style=\"font-size: 14pt;\">Si el acusado pobre y oscuro encuentra a su lado, aun en los procesos m\u00e1s re\u00f1idos y peligrosos, el defensor que fraternalmente le asiste, esto significa que <strong>en el coraz\u00f3n de los abogados no se alberga solamente la codicia de dinero y la sed de gloria, sino tambi\u00e9n, y a menudo, la cristiana caridad que obliga a no dejar al inocente solo con su dolor y al culpable a solas con su verg\u00fcenza<\/strong>. Pero hay algo m\u00e1s: cuando alguno pasa al lado de la violencia que amenaza el derecho y en lugar de proseguir de prisa su camino, aparentando no ver, se detiene desde\u00f1oso para apostrofar al prepotente y, olvidando su propio peligro, se lanza generosamente en medio de la reyerta, para <strong>ayudar al d\u00e9bil que tiene raz\u00f3n, hacer esto se llama valor c\u00edvico<\/strong><em>, que es virtud todav\u00eda m\u00e1s rara que la de la caridad<\/em>. Recu\u00e9rdese tal proceder a los que con gusto sigilen bromeando con frases anticuadas sobre la proverbial rapacidad de los abogados.<\/span><\/p>\n<p>&nbsp;<\/p>\n<p><img loading=\"lazy\" decoding=\"async\" class=\"aligncenter wp-image-2289085\" src=\"https:\/\/puntocritico.com\/ausajpuntocritico\/wp-content\/uploads\/2023\/10\/Abogados-sexuales.jpg\" alt=\"\" width=\"360\" height=\"266\" data-id=\"2289085\" srcset=\"https:\/\/puntocritico.com\/ausajpuntocritico\/wp-content\/uploads\/2023\/10\/Abogados-sexuales.jpg 261w, https:\/\/puntocritico.com\/ausajpuntocritico\/wp-content\/uploads\/2023\/10\/Abogados-sexuales-80x60.jpg 80w\" sizes=\"auto, (max-width: 360px) 100vw, 360px\" \/><\/p>\n<p>&nbsp;<\/p>\n<p style=\"text-align: justify;\"><span style=\"font-size: 14pt;\">En la abogac\u00eda civil la <strong>diferencia entre los profesionales dignos y los aprovechados<\/strong>, es la siguiente: que <em>mientras \u00e9stos se ingenian para encontrar en las leyes los preceptos que permitan a los clientes violar legalmente la moral, aqu\u00e9llos buscan en la moral las razones para impedir a los clientes hacer lo que s\u00f3lo las leyes permiten<\/em>.<\/span><\/p>\n<p>&nbsp;<\/p>\n<p><img loading=\"lazy\" decoding=\"async\" class=\"aligncenter size-full wp-image-2289084\" src=\"https:\/\/puntocritico.com\/ausajpuntocritico\/wp-content\/uploads\/2023\/10\/Abogado-de-pena.jpg\" alt=\"\" width=\"188\" height=\"268\" data-id=\"2289084\" \/><\/p>\n<p>&nbsp;<\/p>\n<p style=\"text-align: justify;\"><span style=\"font-size: 14pt;\">En opini\u00f3n de <strong>Racine<\/strong>, los sesenta a\u00f1os son precisamente la edad adecuada para litigar: <em>le bel \u00e2ge\u00a0 pour<\/em> plaider (<em>la buena edad para suplicar<\/em>). <em>Pero todos los abogados conocen clientes para los cuales a cualquier edad, aun en aquella en que otros sue\u00f1an con el amor y la gloria, el objeto esencial <\/em><\/span><span style=\"font-size: 14pt;\"><em>de la existencia es el litigio, hacia el cual los arrastra, no maldad ni avidez, sino la morbosa exasperaci\u00f3n de aquella sedienta curiosidad del misterioso porvenir que todo hombre discreto sabe ocultar en el fondo de su coraz\u00f3n cuando la siente levantarse con \u00e9l cada ma\u00f1ana.<\/em> <strong>El litigioso ama los procesos porque le renuevan continuamente la ansiedad de la espera; la derrota no le acobarda porque redobla en \u00e9l los enigmas del desquite, y si multiplica las peticiones y los incidentes lo hace, no porque espere que prosperen, sino porque le proporcionan el modo de crear ante si una serie de metas que prolongan su deseo de vivir hasta poderlo alcanzar<\/strong>. Su terror es el final del proceso, aunque le sea favorable, porque significa revelaci\u00f3n del misterio, desaparici\u00f3n del riesgo, clausura del porvenir. \u00bfDe qu\u00e9 sirve vivir cuando la \u00faltima sentencia ha sido pronunciada? \u00bf<em>Mais vivre sans plaider est-ce contentement?<\/em> (<em>\u00bfPero vivir sin suplicar es contentamiento?<\/em>). <strong>Conozco un venerando litigante, hoy m\u00e1s que octogenario, que con m\u00e1s de sesenta a\u00f1os inici\u00f3 un litigio para entrar en posesi\u00f3n de una discutida heredad<\/strong>. Sus adversarios, que entonces eran j\u00f3venes, creyeron que la mejor t\u00e1ctica contra \u00e9l ser\u00eda la de detenerlo con excepciones dilatorias en espera de su muerte, que supon\u00edan no lejana. <strong>Y se inici\u00f3 entonces un \u00e9pico duelo entre el procedimiento y la longevidad<\/strong>. <em>Pero mientras, con el transcurso de los a\u00f1os, en las defensas se suced\u00edan generaciones de abogados, y uno tras otro eran <\/em><\/span><span style=\"font-size: 14pt;\"><em>jubilados los magistrados que hab\u00edan pronunciado las primeras sentencias, \u00e9l solo, el viejo, en lugar de declinar, adquir\u00eda nuevo vigor a cada interlocutoria que alejara todav\u00eda m\u00e1s en el incierto porvenir la soluci\u00f3n del proceso<\/em>. <strong>Aun hoy persevera imp\u00e1vido, con su larga barba de patriarca, agit\u00e1ndose desde una trinchera de papel sellado; y mira en actitud de desaf\u00edo a sus adversarios, que, haci\u00e9ndose la ilusi\u00f3n de tener como aliada la muerte para darles la victoria, no se han dado cuenta de que s\u00f3lo la victoria podr\u00eda hacerlo morir<\/strong><\/span>.<\/p>\n<p style=\"text-align: justify;\">\u00a0<\/p>\n<p><img loading=\"lazy\" decoding=\"async\" class=\"aligncenter wp-image-2289024\" src=\"https:\/\/puntocritico.com\/ausajpuntocritico\/wp-content\/uploads\/2023\/10\/Gargantua-y-Pantagruel-12-300x211.webp\" alt=\"\" width=\"480\" height=\"338\" data-id=\"2289024\" srcset=\"https:\/\/puntocritico.com\/ausajpuntocritico\/wp-content\/uploads\/2023\/10\/Gargantua-y-Pantagruel-12-300x211.webp 300w, https:\/\/puntocritico.com\/ausajpuntocritico\/wp-content\/uploads\/2023\/10\/Gargantua-y-Pantagruel-12-1024x721.webp 1024w, https:\/\/puntocritico.com\/ausajpuntocritico\/wp-content\/uploads\/2023\/10\/Gargantua-y-Pantagruel-12-768x541.webp 768w, https:\/\/puntocritico.com\/ausajpuntocritico\/wp-content\/uploads\/2023\/10\/Gargantua-y-Pantagruel-12.webp 1200w\" sizes=\"auto, (max-width: 480px) 100vw, 480px\" \/><\/p>\n<p style=\"text-align: center;\"><span style=\"font-size: 24pt;\"><strong>FIN DEL CAP\u00cdTULO VII<\/strong><\/span><\/p>\n<p>&nbsp;<\/p>\n<p><a href=\"https:\/\/puntocritico.com\/ausajpuntocritico\/author\/punto-critico\/\"><img loading=\"lazy\" decoding=\"async\" class=\"aligncenter wp-image-9528 smush-detected-img smush-image-2\" src=\"https:\/\/puntocritico.com\/ausajpuntocritico\/wp-content\/uploads\/2018\/03\/Mosca_Punto_Cr%C3%ADtico_40.png\" alt=\"\" width=\"80\" height=\"80\" \/><\/a><\/p>\n<p>&nbsp;<\/p>\n","protected":false},"excerpt":{"rendered":"<div class=\"mh-excerpt\"><p>Cap\u00edtulo 7: \u00abDe ciertas aberraciones de los clientes, que los jueces deben recordar en disculpa de los abogados\u00bb &nbsp; &nbsp; GARGANT\u00daA Y PANTAGRUEL Fran\u00e7oise Rabelais CAPITULO XII C\u00f3mo se explic\u00f3 el se\u00f1or de Humeuesne delante <a class=\"mh-excerpt-more\" href=\"https:\/\/puntocritico.com\/ausajpuntocritico\/2023\/10\/15\/calamandrei-de-ciertas-aberraciones-de-los-clientes\/\" title=\"CALAMANDREI, \u00abElogio de los Jueces escrito por un Abogado\u00bb (Cap\u00edtulo 7): \u00abDe ciertas aberraciones de los clientes, que los jueces deben recordar en disculpa de los abogados\u00bb\">[&#8230;]<\/a><\/p>\n<\/div>","protected":false},"author":3,"featured_media":2289062,"comment_status":"open","ping_status":"closed","sticky":false,"template":"","format":"standard","meta":{"_acf_changed":false,"_exactmetrics_skip_tracking":false,"_exactmetrics_sitenote_active":false,"_exactmetrics_sitenote_note":"","_exactmetrics_sitenote_category":0,"footnotes":""},"categories":[6],"tags":[70,109],"class_list":{"0":"post-2236127","1":"post","2":"type-post","3":"status-publish","4":"format-standard","5":"has-post-thumbnail","7":"category-justicia","8":"tag-calamandrei","9":"tag-rabelais"},"acf":[],"_links":{"self":[{"href":"https:\/\/puntocritico.com\/ausajpuntocritico\/wp-json\/wp\/v2\/posts\/2236127","targetHints":{"allow":["GET"]}}],"collection":[{"href":"https:\/\/puntocritico.com\/ausajpuntocritico\/wp-json\/wp\/v2\/posts"}],"about":[{"href":"https:\/\/puntocritico.com\/ausajpuntocritico\/wp-json\/wp\/v2\/types\/post"}],"author":[{"embeddable":true,"href":"https:\/\/puntocritico.com\/ausajpuntocritico\/wp-json\/wp\/v2\/users\/3"}],"replies":[{"embeddable":true,"href":"https:\/\/puntocritico.com\/ausajpuntocritico\/wp-json\/wp\/v2\/comments?post=2236127"}],"version-history":[{"count":0,"href":"https:\/\/puntocritico.com\/ausajpuntocritico\/wp-json\/wp\/v2\/posts\/2236127\/revisions"}],"wp:featuredmedia":[{"embeddable":true,"href":"https:\/\/puntocritico.com\/ausajpuntocritico\/wp-json\/wp\/v2\/media\/2289062"}],"wp:attachment":[{"href":"https:\/\/puntocritico.com\/ausajpuntocritico\/wp-json\/wp\/v2\/media?parent=2236127"}],"wp:term":[{"taxonomy":"category","embeddable":true,"href":"https:\/\/puntocritico.com\/ausajpuntocritico\/wp-json\/wp\/v2\/categories?post=2236127"},{"taxonomy":"post_tag","embeddable":true,"href":"https:\/\/puntocritico.com\/ausajpuntocritico\/wp-json\/wp\/v2\/tags?post=2236127"}],"curies":[{"name":"wp","href":"https:\/\/api.w.org\/{rel}","templated":true}]}}