{"id":2234485,"date":"2021-10-24T15:25:13","date_gmt":"2021-10-24T13:25:13","guid":{"rendered":"https:\/\/puntocritico.com\/ausajpuntocritico\/?p=2234485"},"modified":"2025-04-26T15:08:12","modified_gmt":"2025-04-26T13:08:12","slug":"indice-entradas-demanda-de-amparo","status":"publish","type":"post","link":"https:\/\/puntocritico.com\/ausajpuntocritico\/2021\/10\/24\/indice-entradas-demanda-de-amparo\/","title":{"rendered":"\u00cdNDICE DE ENTRADAS (RECURSO DE AMPARO: Partes)"},"content":{"rendered":"<p>&nbsp;<\/p>\n<p style=\"text-align: justify;\"><strong><a href=\"https:\/\/puntocritico.com\/ausajpuntocritico\/2021\/09\/23\/la-esclavitud-en-huelva-que-los-jueces-se-negaron-a-investigar-demanda-de-amparo-constitucional\/\"><span style=\"font-size: 14pt;\">LA ESCLAVITUD EN HUELVA, QUE LOS JUECES ESPA\u00d1OLES SE NEGARON A INVESTIGAR: RECURSO DE AMPARO, \u00abRELEVANCIA CONSTITUCIONAL DEL RECURSO\u00bb<\/span><\/a><\/strong><\/p>\n<p class=\"entry-title\" style=\"text-align: justify;\"><span style=\"font-size: 14pt;\"><a href=\"https:\/\/puntocritico.com\/ausajpuntocritico\/2021\/10\/21\/tratarevictimizacion\/\"><strong>LA \u00abREVICTIMIZACI\u00d3N\u00bb DE LAS MUJERES VULNERABLES, V\u00cdCTIMAS DE TRATA DE SERES HUMANOS EN HUELVA: Relaci\u00f3n de los Procedimientos judiciales m\u00e1s relevantes seguidos por AUSAJ en nombre de las \u00abTEMPORERAS CONTRA LA ESCLAVITUD\u00bb<\/strong><\/a><\/span><\/p>\n<p class=\"entry-title\" style=\"text-align: justify;\"><span style=\"font-size: 14pt;\"><a href=\"https:\/\/puntocritico.com\/ausajpuntocritico\/2021\/10\/28\/analisis-de-los-atestados-policiales\/\"><strong>TEMPORERAS CONTRA LA ESCLAVITUD: AN\u00c1LISIS DE LOS ATESTADOS POLICIALES EN LA DEMANDA DE AMPARO CONSTITUCIONAL<\/strong><\/a><\/span><\/p>\n<p class=\"entry-title\" style=\"text-align: justify;\"><span style=\"font-size: 14pt;\"><a href=\"https:\/\/puntocritico.com\/ausajpuntocritico\/2021\/11\/04\/temporeras-contra-la-esclavitud-analisis-de-los-informes-de-la-inspeccion-de-trabajo-en-la-demanda-de-amparo-constitucional\/\"><strong>TEMPORERAS CONTRA LA ESCLAVITUD: AN\u00c1LISIS DE LOS INFORMES DE LA INSPECCI\u00d3N DE TRABAJO EN LA DEMANDA DE AMPARO CONSTITUCIONAL<\/strong><\/a><\/span><\/p>\n<p class=\"mh-meta entry-meta\" style=\"text-align: justify;\"><span style=\"font-size: 14pt;\"><a href=\"https:\/\/puntocritico.com\/ausajpuntocritico\/2021\/11\/11\/los-jueces-de-huelva-no-aplican-la-ley-organica-4-2000\/\"><strong>TEMPORERAS CONTRA LA ESCLAVITUD: DEMANDA DE AMPARO CONSTITUCIONAL: Los jueces de Huelva no aplican la Ley Org\u00e1nica 4\/2000, de Derechos y Libertades de los Extranjeros en Espa\u00f1a, cuando los extranjeros est\u00e1n en Espa\u00f1a.<\/strong><\/a><\/span><\/p>\n<p style=\"text-align: justify;\"><a href=\"https:\/\/puntocritico.com\/ausajpuntocritico\/2021\/11\/18\/juzgado-de-instruccion-1-de-la-palma-del-condado\/\"><strong><span style=\"font-size: 14pt;\">TEMPORERAS CONTRA LA ESCLAVITUD: DEMANDA DE AMPARO CONSTITUCIONAL: Las Diligencias Previas 467\/2018, del Juzgado de Instrucci\u00f3n 1 de La Palma del Condado, Huelva.<\/span><\/strong><\/a><\/p>\n<p style=\"text-align: justify;\"><a href=\"https:\/\/puntocritico.com\/ausajpuntocritico\/2021\/11\/25\/prueba-propuesta-y-denegada-temporeras\/\"><strong><span style=\"font-size: 14pt;\">TEMPORERAS CONTRA LA ESCLAVITUD: DEMANDA DE AMPARO CONSTITUCIONAL: Prueba propuesta y denegada en las Diligencias Previas 467\/2018, del Juzgado de Instrucci\u00f3n 1 de La Palma del Condado, Huelva.<\/span><\/strong><\/a><\/p>\n<p style=\"text-align: justify;\"><a href=\"https:\/\/puntocritico.com\/ausajpuntocritico\/2021\/12\/02\/temporeras-contra-la-esclavitud-demanda-de-amparo-instruccion-3\/\"><span style=\"font-size: 14pt;\"><strong>TEMPORERAS CONTRA LA ESCLAVITUD: DEMANDA DE AMPARO CONSTITUCIONAL: \u00abDiligencias Previas 556\/2018, Juzgado de Instrucci\u00f3n 3 de la Palma del Condado, Huelva\u00bb<\/strong><\/span><\/a><\/p>\n<p style=\"text-align: justify;\"><a href=\"https:\/\/puntocritico.com\/ausajpuntocritico\/2021\/12\/09\/temporeras-contra-la-esclavitud-cuestiones-prejudiciales-de-derecho-comunitario\/\"><span style=\"font-size: 14pt;\"><strong>TEMPORERAS CONTRA LA ESCLAVITUD: DEMANDA DE AMPARO: \u00abNegativa de la Audiencia Provincial de Huelva a plantear al Tribunal de Justicia de la U.E. Cuestiones Prejudiciales de Derecho Comunitario Preceptivas, que estaba obligado a plantear\u00bb<\/strong><\/span><\/a><\/p>\n<p style=\"text-align: justify;\"><a href=\"https:\/\/puntocritico.com\/ausajpuntocritico\/2021\/12\/16\/temporeras-introduccion-a-los-fundamentos-de-derecho\/\"><span style=\"font-size: 14pt;\"><strong>TEMPORERAS CONTRA LA ESCLAVITUD: DEMANDA DE AMPARO: \u00abIntroducci\u00f3n a los Fundamentos de Derecho\u00bb.<\/strong><\/span><\/a><\/p>\n<p style=\"text-align: justify;\"><a href=\"https:\/\/puntocritico.com\/ausajpuntocritico\/2021\/12\/23\/temporeras-fundamentos-tratos-inhumanos-1\/\"><strong><span style=\"font-size: 14pt;\">TEMPORERAS CONTRA LA ESCLAVITUD: DEMANDA DE AMPARO: \u00abFundamentos de Derecho, Parte 1: Derecho a la Vida, a la Integridad F\u00edsica y Moral; prohibici\u00f3n de los Tratos Inhumanos o Degradantes\u00bb<\/span><\/strong><\/a><\/p>\n<p style=\"text-align: justify;\"><a href=\"https:\/\/puntocritico.com\/ausajpuntocritico\/2021\/12\/30\/temporeras-libertad2\/\"><span style=\"font-size: 14pt;\"><strong>TEMPORERAS CONTRA LA ESCLAVITUD: DEMANDA DE AMPARO: \u00abFundamentos de Derecho\u00bb (PARTE 2): Vulneraci\u00f3n de los derechos a la Libertad personal, a la libertad de circulaci\u00f3n y residencia, a la intimidad y a la propia imagen.<\/strong><\/span><\/a><\/p>\n<p style=\"text-align: justify;\"><a href=\"https:\/\/puntocritico.com\/ausajpuntocritico\/2022\/01\/06\/temporerasfd3\/\"><span style=\"font-size: 14pt;\"><strong>TEMPORERAS CONTRA LA ESCLAVITUD: DEMANDA DE AMPARO: \u00abFundamentos de Derecho\u00bb (PARTE 3): Vulneraci\u00f3n del Derecho Fundamental a la Tutela judicial efectiva.<\/strong><\/span><\/a><\/p>\n<p>&nbsp;<\/p>\n<p style=\"text-align: justify;\">\u00a0<\/p>\n<p style=\"text-align: justify;\">\u00a0<\/p>\n","protected":false},"excerpt":{"rendered":"<div class=\"mh-excerpt\"><p>&nbsp; LA ESCLAVITUD EN HUELVA, QUE LOS JUECES ESPA\u00d1OLES SE NEGARON A INVESTIGAR: RECURSO DE AMPARO, \u00abRELEVANCIA CONSTITUCIONAL DEL RECURSO\u00bb LA \u00abREVICTIMIZACI\u00d3N\u00bb DE LAS MUJERES VULNERABLES, V\u00cdCTIMAS DE TRATA DE SERES HUMANOS EN HUELVA: Relaci\u00f3n <a class=\"mh-excerpt-more\" href=\"https:\/\/puntocritico.com\/ausajpuntocritico\/2021\/10\/24\/indice-entradas-demanda-de-amparo\/\" title=\"\u00cdNDICE DE ENTRADAS (RECURSO DE AMPARO: Partes)\">[&#8230;]<\/a><\/p>\n<\/div>","protected":false},"author":3,"featured_media":0,"comment_status":"open","ping_status":"closed","sticky":false,"template":"","format":"standard","meta":{"_acf_changed":false,"_exactmetrics_skip_tracking":false,"_exactmetrics_sitenote_active":false,"_exactmetrics_sitenote_note":"","_exactmetrics_sitenote_category":0,"footnotes":""},"categories":[1],"tags":[],"class_list":{"0":"post-2234485","1":"post","2":"type-post","3":"status-publish","4":"format-standard","6":"category-sin-categoria"},"acf":[],"_links":{"self":[{"href":"https:\/\/puntocritico.com\/ausajpuntocritico\/wp-json\/wp\/v2\/posts\/2234485","targetHints":{"allow":["GET"]}}],"collection":[{"href":"https:\/\/puntocritico.com\/ausajpuntocritico\/wp-json\/wp\/v2\/posts"}],"about":[{"href":"https:\/\/puntocritico.com\/ausajpuntocritico\/wp-json\/wp\/v2\/types\/post"}],"author":[{"embeddable":true,"href":"https:\/\/puntocritico.com\/ausajpuntocritico\/wp-json\/wp\/v2\/users\/3"}],"replies":[{"embeddable":true,"href":"https:\/\/puntocritico.com\/ausajpuntocritico\/wp-json\/wp\/v2\/comments?post=2234485"}],"version-history":[{"count":0,"href":"https:\/\/puntocritico.com\/ausajpuntocritico\/wp-json\/wp\/v2\/posts\/2234485\/revisions"}],"wp:attachment":[{"href":"https:\/\/puntocritico.com\/ausajpuntocritico\/wp-json\/wp\/v2\/media?parent=2234485"}],"wp:term":[{"taxonomy":"category","embeddable":true,"href":"https:\/\/puntocritico.com\/ausajpuntocritico\/wp-json\/wp\/v2\/categories?post=2234485"},{"taxonomy":"post_tag","embeddable":true,"href":"https:\/\/puntocritico.com\/ausajpuntocritico\/wp-json\/wp\/v2\/tags?post=2234485"}],"curies":[{"name":"wp","href":"https:\/\/api.w.org\/{rel}","templated":true}]}}