{"id":2233701,"date":"2021-11-25T00:05:49","date_gmt":"2021-11-24T23:05:49","guid":{"rendered":"https:\/\/puntocritico.com\/ausajpuntocritico\/?p=2233701"},"modified":"2021-11-24T23:58:54","modified_gmt":"2021-11-24T22:58:54","slug":"prueba-propuesta-y-denegada-temporeras","status":"publish","type":"post","link":"https:\/\/puntocritico.com\/ausajpuntocritico\/2021\/11\/25\/prueba-propuesta-y-denegada-temporeras\/","title":{"rendered":"TEMPORERAS CONTRA LA ESCLAVITUD: DEMANDA DE AMPARO CONSTITUCIONAL: Prueba propuesta y denegada en las Diligencias Previas 467\/2018, del Juzgado de Instrucci\u00f3n 1 de La Palma del Condado, Huelva."},"content":{"rendered":"<h1><a href=\"https:\/\/puntocritico.com\/ausajpuntocritico\/?p=2234485&amp;preview=true\" target=\"_blank\" rel=\"noopener\" data-schema-attribute=\"\"><span style=\"font-size: 12pt;\">INDICE ENTRADAS EN PUNTO CRITICO SOBRE DEMANDA DE AMPARO TEMPORERAS<\/span><\/a><\/h1>\n<h1><a href=\"https:\/\/puntocritico.com\/2018\/06\/01\/indice-esclavitud-en-la-espana-del-siglo-xxi\/\"><span style=\"font-size: 14pt;\">INDICE- Esclavitud en la Espa\u00f1a del Siglo XXI<\/span><\/a><\/h1>\n<p style=\"text-align: center;\"><span style=\"color: #008000;\"><strong><span style=\"font-size: 18pt;\">*<\/span><\/strong><\/span><strong><span style=\"font-size: 18pt;\">*<\/span><\/strong><span style=\"color: #008000;\"><strong><span style=\"font-size: 18pt;\">*<\/span><\/strong><\/span><\/p>\n<blockquote>\n<p><img loading=\"lazy\" decoding=\"async\" class=\"aligncenter  wp-image-2234445\" src=\"https:\/\/puntocritico.com\/ausajpuntocritico\/wp-content\/uploads\/2021\/11\/sentencia_papeles-300x164.jpg\" alt=\"\" width=\"536\" height=\"293\" data-id=\"2234445\" srcset=\"https:\/\/puntocritico.com\/ausajpuntocritico\/wp-content\/uploads\/2021\/11\/sentencia_papeles-300x164.jpg 300w, https:\/\/puntocritico.com\/ausajpuntocritico\/wp-content\/uploads\/2021\/11\/sentencia_papeles-768x419.jpg 768w, https:\/\/puntocritico.com\/ausajpuntocritico\/wp-content\/uploads\/2021\/11\/sentencia_papeles-610x333.jpg 610w, https:\/\/puntocritico.com\/ausajpuntocritico\/wp-content\/uploads\/2021\/11\/sentencia_papeles.jpg 770w\" sizes=\"auto, (max-width: 536px) 100vw, 536px\" \/><\/p>\n<p>&nbsp;<\/p>\n<h1><span style=\"color: #008000;\"><em><span style=\"font-size: 18pt;\"><strong>UNA INVESTIGACI\u00d3N IMPOSIBLE: prueba propuesta y denegada<\/strong><\/span><\/em><\/span><\/h1>\n<p>AUSAJ<\/p>\n<p>&nbsp;<\/p>\n<p style=\"text-align: justify;\"><span style=\"font-size: 14pt;\">La prueba propuesta no ha sido ni mirada; denegada de plano u obviada, ese ha sido el resultado en todos los casos y en todas las jurisdicciones por el momento. <\/span><\/p>\n<p style=\"text-align: justify;\"><span style=\"font-size: 14pt;\">Las diligencias de investigaci\u00f3n que se propusieron tanto ante el Juzgado de Instrucci\u00f3n n\u00fam. 1 de Palma del Condado, como ante el Juzgado de Instrucci\u00f3n n\u00fam. 3 de Palma del Condado, obedecen todas ellas a la b\u00fasqueda de elementos de corroboraci\u00f3n externa del testimonio y denuncia de las v\u00edctimas y establecimiento de las condiciones terribles en las que se produjeron las declaraciones en sede policial, incidiendo todas ellas en el elemento puesto en cuesti\u00f3n de forma p\u00fablica, extraprocesal e intraprocesal, por la defensa de los denunciados: LA CREDIBILIDAD DE LAS TRABAJADORAS TEMPORERAS. La investigaci\u00f3n nunca se ha llevado a cabo, prop\u00f3sito a que responden todas las diligencias que se propusieron, resultando todas ellas relevantes y necesarias, pero todas ellas, salvo la declaraci\u00f3n de las denunciantes, HAN SIDO RECHAZADAS de una manera u otra.<span class=\"Apple-converted-space\">Y respecto a la declaraci\u00f3n de las v\u00edctimas se ha de precisar que su admisi\u00f3n supon\u00eda en realidad someterlas a la misma espada de Damocles que ya hicieron los presuntos tratantes, esos que les amenazan con enviar a sus familias v\u00eddeos de contenido sexual, ya que sin las debidas garant\u00edas de protecci\u00f3n se las empujaba a una m\u00e1s que dif\u00edcil disyuntiva: o negar los hechos sufridos o arriesgarse de que esos mismos presuntos tratantes dispusieran de sus declaraciones bajo la fe publica judicial. La \u00abestrategia\u00bb resulta perversa: no investigo, si no declaras; y si declaras, digo que no te creo, como ha sucedido en el orden social cuando, con un m\u00ednimo de garant\u00eda que se le ofreci\u00f3 a las mujeres, la mayor parte de ellas declararon; aunque en vano.\u00a0<\/span><\/span><\/p>\n<div>\n<p class=\"p1\" style=\"text-align: justify;\"><span style=\"font-size: 14pt;\">Debemos hacer referencia al \u201c<b>art\u00edculo 27 del <i>Convenio del Consejo de Europa sobre la lucha contra la trata de seres humanos, de 16 de mayo de 2005 <\/i><\/b>establece que no es necesaria ni denuncia ni declaraci\u00f3n de las v\u00edctimas para que surja la obligaci\u00f3n del Estado de investigar los presuntos delitos de trata; as\u00ed como que se ha de garantizar a las v\u00edctimas la posibilidad de denunciar (\u201c<i>Las partes comprobar\u00e1n que las investigaciones o las acciones judiciales relativas a los delitos tipificados con arreglo al presente Convenio no est\u00e9n subordinadas a la declaraci\u00f3n o a la acusaci\u00f3n procedente de una v\u00edctima, al menos cuando el delito haya sido cometido, en su totalidad o en parte, en su territorio<\/i>\u201d); en el mismo sentido, es decir, la innecesariedad de la declaraci\u00f3n\u00a0 o denuncia de la v\u00edctima para el comienzo de la investigaci\u00f3n, la contempla igualmente el <strong>articulo 9.1 de la Directiva 2011\/36\/UE del Parlamento Europeo y del Consejo, de 5 abril de 2011 , relativa a la prevenci\u00f3n y lucha contra la trata de seres humanos<\/strong> y a la protecci\u00f3n de las v\u00edctimas y por la que se sustituye la Decisi\u00f3n marco 2002\/629\/JAI del Consejo (\u00ab<em>Los Estados miembros garantizar\u00e1n que la investigaci\u00f3n o el enjuiciamiento de las infracciones contempladas en los art\u00edculos 2 y 3 no dependan de la deposici\u00f3n o denuncia de la v\u00edctima, y que el proceso penal pueda seguir su curso aunque la v\u00edctima retire su declaraci\u00f3n\u00bb),\u00a0<\/em>norma cuyo plazo de transposici\u00f3n finaliz\u00f3 el 6 de abril de 2013, formando parte del Derecho interno en cuanto que no lo haya sido.\u00a0<\/span><\/p>\n<p class=\"p1\" style=\"text-align: justify;\"><span style=\"font-size: 14pt;\">De la misma forma, en su consecuencia, la Ley estatal sobre extranjer\u00eda contempla disposiciones de id\u00e9ntico sentido. As\u00ed, el <b>Art\u00edculo 141 del Reglamento de Extranjer\u00eda <\/b>(\u201c<i>tan pronto tengan indicios razonables de la existencia de una potencial v\u00edctima de trata de seres humanos extranjera en situaci\u00f3n irregular, le informar\u00e1n fehacientemente y por escrito, en un idioma que le resulte comprensible, de las previsiones establecidas en el<b> art. 59.bis de la Ley Org\u00e1nica 4\/2000, de 11 de enero, y en este Reglamento<\/b><\/i>\u201d; \u201c<i>La identificaci\u00f3n de la v\u00edctima se realizar\u00e1 por las autoridades policiales con formaci\u00f3n espec\u00edfica en la investigaci\u00f3n de la trata de seres humanos y en la identificaci\u00f3n de sus v\u00edctimas. Cuando la identificaci\u00f3n exija la toma de declaraci\u00f3n de la v\u00edctima potencial de trata, se har\u00e1 mediante entrevista personal realizada en condiciones adecuadas a las circunstancias personales de la v\u00edctima, asegurando la ausencia de personas del entorno de los explotadores, y, en la medida en que sea posible, la prestaci\u00f3n del debido apoyo jur\u00eddico, psicol\u00f3gico y asistencial<\/i>. <i>Se recabar\u00e1 toda la informaci\u00f3n disponible que pueda servir para la identificaci\u00f3n de la posible v\u00edctima y las organizaciones dedicadas a la promoci\u00f3n y defensa de los derechos de las personas v\u00edctimas de trata podr\u00e1n aportar cuanta informaci\u00f3n consideren relevante a estos efectos. En aras de la protecci\u00f3n de la integridad de la misma tal informaci\u00f3n tendr\u00e1 car\u00e1cter reservado<\/i>\u201d).<\/span><\/p>\n<p style=\"text-align: justify;\"><span style=\"font-size: 14pt; text-align: justify;\">Todo lo ya expuesto pone de manifiesto la poca voluntad del Juzgado de Instrucci\u00f3n de efectuar seriamente una investigaci\u00f3n de los hechos, m\u00e1s all\u00e1 de meras apariencias, el hecho de que a pesar de haberse solicitado ya en octubre de 2018 la investigaci\u00f3n del listado de m\u00e1s de cien personas que quer\u00edan denunciar, incorporado al atestado policial y entregado a la Guardia Civil ese mismo d\u00eda 1 de junio, el Juzgado -y despu\u00e9s la Audiencia Provincial- rechaza tan crucial diligencia de investigaci\u00f3n: rechaza investigar la identidad de las personas que aparecen en el listado y rechaza traerlas como testigos, de hecho, se nos dice que podemos traer nosotros a los testigos que consideremos, \u00a1que los traigamos nosotros! \u00bfY c\u00f3mo? Estamos hablando de personas que en su inmensa mayor\u00eda salieron del pa\u00eds aquel domingo de junio y que mis mandantes no conocen ni tienen medios para poder contactar, mucho menos para poder traerlas a declarar a un juzgado espa\u00f1ol. La negativa a investigar del \u00f3rgano instructor es uno de los hitos m\u00e1s sangrantes de todo lo acaecido en este asunto. Lo claramente contradictorio, adem\u00e1s, es que despu\u00e9s de con enorme esfuerzo haber localizado algunas de las trabajadoras de la finca, distintas de mis mandantes, y propuestas como testigos, tampoco es aceptada tal diligencia de investigaci\u00f3n, y evidencia con rotundidad el cierre en falso de la instrucci\u00f3n. Evidencia que se agudizada por el hecho de tampoco admitirse la traducci\u00f3n de la denuncia originaria de ese m\u00e1s de centenar de mujeres, en la que se afirmaba \u00abestar en una carcel\u00bb; de rechazarse la documental que se acompa\u00f1\u00f3 a la denuncia ante Audiencia Nacional cuando se propuso por esta parte, pero se acept\u00f3 la petici\u00f3n de testimoniado de esas mismas actuaciones ante Audiencia Nacional cuando lo propuso la defensa de los denunciados (aunque dio lo mismo la incorporaci\u00f3n, fue obviada igualmente); o de no rechazar que se le exigiese a la empresa denunciada la presentaci\u00f3n de los contratos de trabajo (una mera fotocopia sin firma de un documento que no es siquiera el contrato en origen que ha de regir la relaci\u00f3n laboral les bast\u00f3 a los presuntos tratantes en el orden social). Y podriamos seguir&#8230;..\u00a0<\/span><\/p>\n<p style=\"text-align: justify;\"><span style=\"font-size: 14pt; text-align: justify;\">As\u00ed, el hecho de que la \u00fanica valoraci\u00f3n que se hace por la Instructora sobre la extensa prueba que se ha puesto a su disposici\u00f3n es que las traducciones efectuadas a nuestro cargo no se han producido con las debidas garant\u00edas, no es m\u00e1s que otro ejemplo de lo arbitrario de la decisi\u00f3n de archivo. Nadie ha impugnado, en ninguna sede, los distintos documentos aportados por esta representaci\u00f3n, y desde luego, resulta imposible dado el minutaje que en su conjunto alcanzan, se procediera a emplear traductor jurado en todos los casos (y hubiera dado igual; tampoco los documentos traducidos por ese medio han sido valorados, entre los que destaca el Acta notarial de manifestaciones de una trabajadora de la empresa que estaba en Marruecos).\u00a0 Sin embargo, el Juzgado s\u00ed dispone de medios o podr\u00eda haber requerido a esta representaci\u00f3n al efecto incluso, pero la opci\u00f3n elegida fue la no valoraci\u00f3n, obviar las aplastantes pruebas, y decretar un archivo provisional, a todas luces injusto y no conforme a derecho, por mucho que se nos diga.<\/span><\/p>\n<p style=\"text-align: justify;\"><span style=\"font-size: 14pt;\">Y recordemos que con menor acervo probatorio que el que se reproduce m\u00e1s abajo, Audiencia Nacional consider\u00f3 por Auto de 2 de octubre de 2018, dictado por el Juzgado Central de Instrucci\u00f3n num. 1, diligencias previas 56\/2018, que los hechos denunciados por las Temporeras presentaban indicios de delito de trata de seres humanos -aunque luego rechazara su propia competencia, considerando que deb\u00edan investigar los juzgados onubenses, investigaci\u00f3n que nunca se produjo.\u00a0<\/span><\/p>\n<p><span style=\"font-size: 14pt; text-align: justify;\">Mutatis mutandi, lo mismo sucedi\u00f3 en el orden social.\u00a0<\/span><\/p>\n<p style=\"text-align: justify;\"><span style=\"font-size: 14pt; text-align: justify;\">En definitiva, una investigaci\u00f3n factible que se ha tornado imposible por voluntad judicial, dejando impunes conductas que afectan todos los a\u00f1os a miles de mujeres.\u00a0<\/span><\/p>\n<\/div>\n<\/blockquote>\n<div style=\"text-align: justify;\">\n<p style=\"text-align: center;\"><span style=\"font-size: 18pt; color: #008000;\">***<\/span><\/p>\n<\/div>\n<div style=\"text-align: justify;\">\n<p style=\"text-align: center;\">AUDIOS DEL DIA 3 DE JUNIO, EN EL MOMENTO EN QUE LAS JORNALERAS EST\u00c1N ESCAPANDO DE LA FINCA\u00a0<\/p>\n<\/div>\n<div style=\"width: 800px;\" class=\"wp-video\"><video class=\"wp-video-shortcode\" id=\"video-2233701-1\" width=\"800\" height=\"200\" preload=\"metadata\" controls=\"controls\"><source type=\"video\/mp4\" src=\"https:\/\/puntocritico.com\/ausajpuntocritico\/wp-content\/uploads\/2018\/06\/Audio_1_Traducido.mp4?_=1\" \/><a href=\"https:\/\/puntocritico.com\/ausajpuntocritico\/wp-content\/uploads\/2018\/06\/Audio_1_Traducido.mp4\">https:\/\/puntocritico.com\/ausajpuntocritico\/wp-content\/uploads\/2018\/06\/Audio_1_Traducido.mp4<\/a><\/video><\/div>\n<p style=\"text-align: center;\">\u00a0<\/p>\n<div style=\"width: 800px;\" class=\"wp-video\"><video class=\"wp-video-shortcode\" id=\"video-2233701-2\" width=\"800\" height=\"200\" preload=\"metadata\" controls=\"controls\"><source type=\"video\/mp4\" src=\"https:\/\/puntocritico.com\/ausajpuntocritico\/wp-content\/uploads\/2018\/06\/Audio_2_Traducido.mp4?_=2\" \/><a href=\"https:\/\/puntocritico.com\/ausajpuntocritico\/wp-content\/uploads\/2018\/06\/Audio_2_Traducido.mp4\">https:\/\/puntocritico.com\/ausajpuntocritico\/wp-content\/uploads\/2018\/06\/Audio_2_Traducido.mp4<\/a><\/video><\/div>\n<p>&nbsp;<\/p>\n<div style=\"width: 800px;\" class=\"wp-video\"><video class=\"wp-video-shortcode\" id=\"video-2233701-3\" width=\"800\" height=\"200\" preload=\"metadata\" controls=\"controls\"><source type=\"video\/mp4\" src=\"https:\/\/puntocritico.com\/ausajpuntocritico\/wp-content\/uploads\/2018\/06\/Audio_3_Traducido.mp4?_=3\" \/><a href=\"https:\/\/puntocritico.com\/ausajpuntocritico\/wp-content\/uploads\/2018\/06\/Audio_3_Traducido.mp4\">https:\/\/puntocritico.com\/ausajpuntocritico\/wp-content\/uploads\/2018\/06\/Audio_3_Traducido.mp4<\/a><\/video><\/div>\n<p style=\"text-align: center;\">\u00a0<\/p>\n<div style=\"width: 800px;\" class=\"wp-video\"><video class=\"wp-video-shortcode\" id=\"video-2233701-4\" width=\"800\" height=\"200\" preload=\"metadata\" controls=\"controls\"><source type=\"video\/mp4\" src=\"https:\/\/puntocritico.com\/ausajpuntocritico\/wp-content\/uploads\/2018\/06\/Audio_4_Traducido.mp4?_=4\" \/><a href=\"https:\/\/puntocritico.com\/ausajpuntocritico\/wp-content\/uploads\/2018\/06\/Audio_4_Traducido.mp4\">https:\/\/puntocritico.com\/ausajpuntocritico\/wp-content\/uploads\/2018\/06\/Audio_4_Traducido.mp4<\/a><\/video><\/div>\n<p style=\"text-align: center;\">\u00a0<\/p>\n<div style=\"width: 800px;\" class=\"wp-video\"><video class=\"wp-video-shortcode\" id=\"video-2233701-5\" width=\"800\" height=\"200\" preload=\"metadata\" controls=\"controls\"><source type=\"video\/mp4\" src=\"https:\/\/puntocritico.com\/ausajpuntocritico\/wp-content\/uploads\/2018\/06\/Audio_5_Traducido.mp4?_=5\" \/><a href=\"https:\/\/puntocritico.com\/ausajpuntocritico\/wp-content\/uploads\/2018\/06\/Audio_5_Traducido.mp4\">https:\/\/puntocritico.com\/ausajpuntocritico\/wp-content\/uploads\/2018\/06\/Audio_5_Traducido.mp4<\/a><\/video><\/div>\n<p style=\"text-align: center;\">\u00a0<\/p>\n<div style=\"width: 800px;\" class=\"wp-video\"><video class=\"wp-video-shortcode\" id=\"video-2233701-6\" width=\"800\" height=\"200\" preload=\"metadata\" controls=\"controls\"><source type=\"video\/mp4\" src=\"https:\/\/puntocritico.com\/ausajpuntocritico\/wp-content\/uploads\/2018\/06\/Audio_7_Traducido.mp4?_=6\" \/><a href=\"https:\/\/puntocritico.com\/ausajpuntocritico\/wp-content\/uploads\/2018\/06\/Audio_7_Traducido.mp4\">https:\/\/puntocritico.com\/ausajpuntocritico\/wp-content\/uploads\/2018\/06\/Audio_7_Traducido.mp4<\/a><\/video><\/div>\n<p style=\"text-align: center;\">\u00a0<\/p>\n<div style=\"width: 800px;\" class=\"wp-video\"><video class=\"wp-video-shortcode\" id=\"video-2233701-7\" width=\"800\" height=\"200\" preload=\"metadata\" controls=\"controls\"><source type=\"video\/mp4\" src=\"https:\/\/puntocritico.com\/ausajpuntocritico\/wp-content\/uploads\/2018\/06\/Audio_8_Traducido.mp4?_=7\" \/><a href=\"https:\/\/puntocritico.com\/ausajpuntocritico\/wp-content\/uploads\/2018\/06\/Audio_8_Traducido.mp4\">https:\/\/puntocritico.com\/ausajpuntocritico\/wp-content\/uploads\/2018\/06\/Audio_8_Traducido.mp4<\/a><\/video><\/div>\n<p>&nbsp;<\/p>\n<div style=\"width: 800px;\" class=\"wp-video\"><video class=\"wp-video-shortcode\" id=\"video-2233701-8\" width=\"800\" height=\"200\" preload=\"metadata\" controls=\"controls\"><source type=\"video\/mp4\" src=\"https:\/\/puntocritico.com\/ausajpuntocritico\/wp-content\/uploads\/2018\/06\/Audio_9_Traducido.mp4?_=8\" \/><a href=\"https:\/\/puntocritico.com\/ausajpuntocritico\/wp-content\/uploads\/2018\/06\/Audio_9_Traducido.mp4\">https:\/\/puntocritico.com\/ausajpuntocritico\/wp-content\/uploads\/2018\/06\/Audio_9_Traducido.mp4<\/a><\/video><\/div>\n<p style=\"text-align: center;\">\u00a0<\/p>\n<div style=\"width: 800px;\" class=\"wp-video\"><video class=\"wp-video-shortcode\" id=\"video-2233701-9\" width=\"800\" height=\"200\" preload=\"metadata\" controls=\"controls\"><source type=\"video\/mp4\" src=\"https:\/\/puntocritico.com\/ausajpuntocritico\/wp-content\/uploads\/2018\/06\/Audio_10_Traducido.mp4?_=9\" \/><a href=\"https:\/\/puntocritico.com\/ausajpuntocritico\/wp-content\/uploads\/2018\/06\/Audio_10_Traducido.mp4\">https:\/\/puntocritico.com\/ausajpuntocritico\/wp-content\/uploads\/2018\/06\/Audio_10_Traducido.mp4<\/a><\/video><\/div>\n<p style=\"text-align: center;\">\u00a0<\/p>\n<p style=\"text-align: center;\"><span style=\"font-size: 18pt; color: #339966;\"><strong>****<\/strong><\/span><\/p>\n<h2 class=\"entry-title\" style=\"text-align: center;\"><span style=\"font-size: 24pt;\"><em>TEMPORERAS CONTRA LA ESCLAVITUD: DEMANDA DE AMPARO CONSTITUCIONAL: Prueba propuesta y denegada en las Diligencias Previas 467\/2018, del Juzgado de Instrucci\u00f3n 1 de La Palma del Condado, Huelva<\/em><\/span><\/h2>\n<p>&nbsp;<\/p>\n<p style=\"text-align: justify;\"><span style=\"font-size: 14pt;\">La negativa a practicar prueba alguna de las propuestas, denota lo que venimos afirmando todo el tiempo: <strong>la renuencia a investigar, la desprotecci\u00f3n y el desprecio hacia las v\u00edctimas.<\/strong><\/span><\/p>\n<p style=\"text-align: justify;\"><span style=\"font-size: 14pt;\"><strong>\u00a0<\/strong>As\u00ed, entre otros, los medios probatorios rechazados, en la forma propuesta en su d\u00eda, se detallan en:<\/span><\/p>\n<p style=\"text-align: justify;\"><span style=\"font-size: 14pt;\"><strong>1.- EL ENTERO CONTENIDO DE LAS ACTUACIONES TRAMITADAS ANTE EL JCI NUM 1 (A.N.), APORTADAS A LA PRESENTE CAUSA. <\/strong><\/span><\/p>\n<p style=\"text-align: justify;\"><span style=\"font-size: 14pt;\"><strong>2.- B\u00daSQUEDA DE LAS TRABAJADORAS INTEGRANTES DEL LISTADO DE DENUNCIANTES DEL ANEXO IV DEL ATESTADO 384\/2018 Y PR\u00c1CTICA DE SUS DECLARACIONES TESTIFICALES; EN SU CASO, DADO EL TIEMPO TRANSCURRIDO, REQUIRIENDO A LA ENTIDAD FRESHUELVA PARA LA IDENTIFICACI\u00d3N DE DICHAS SUPUESTAS FIRMANTES Y DE SUS DOMICILIOS Y OTROS DATOS PERSONALES DE QUE DISPONGA; AS\u00cd COMO LA APORTACI\u00d3N A ESTOS AUTOS DE LA TRADUCCI\u00d3N OFICIAL DEL TEXTO DE ALEGACIONES QUE ACOMPA\u00d1ARON. <\/strong><\/span><\/p>\n<p style=\"text-align: justify;\"><span style=\"font-size: 14pt;\"><strong>3.- LAS DIEZ <a href=\"https:\/\/puntocritico.com\/2018\/08\/07\/damas-de-fresas-por-chadia-arab-denuncia-de-las-jornaleras-ante-audiencia-nacional\/\" target=\"_blank\" rel=\"noopener\" data-schema-attribute=\"\">DENUNCIAS<\/a>, FORMULADAS POR LAS TRABAJADORAS TEMPORERAS AQU\u00cd DENUNCIANTES, ANTE EL JUZGADO CENTRAL DE INSTRUCCI\u00d3N 1 (A.N.), CON SUS DOCUMENTOS ADJUNTOS (OBRANTES EN AUTOS), A CUYA ATENTA LECTURA EXPRESAMENTE NOS REMITIMOS COMO PARTE INTEGRANTE DEL PRESENTE ESCRITO, EN APLICACI\u00d3N DEL PRINCIPIO DE ECONOM\u00cdA PROCESAL, AS\u00cd COMO A FIN DE NO ALAGAR M\u00c1S ESTE -YA EXTENSO- RECURSO, AL RESULTAR SU ENTERO CONTENIDO DE LA M\u00c1XIMA RELEVANCIA AL OBJETO DE LA INVESTIGACI\u00d3N DE LOS HECHOS DENUNCIADOS EN LOS PRESENTES AUTOS. <\/strong><strong>\u00a0<\/strong><\/span><\/p>\n<p style=\"text-align: justify;\"><span style=\"font-size: 14pt;\"><strong>4.- DOCUMENTO NUM. 46 DE LA DENUNCIA PRESENTADA ANTE AUDIENCIA NACIONAL. <\/strong><\/span><\/p>\n<p style=\"text-align: justify;\"><span style=\"font-size: 14pt;\">Traducci\u00f3n de Audio de WhatsApp enviado desde Marruecos desde el tel\u00e9fono de do\u00f1a B., 00212682120008 el d\u00eda 12\/06\/2018 a las 12:53 h, a H.:<\/span><\/p>\n<p style=\"text-align: justify;\"><span style=\"font-size: 14pt;\">\u201cHola H. \u00bfC\u00f3mo est\u00e1s? Te digo: nos han tratado muy mal, nos han descontado mucho dinero, nos han dado menos de lo que nos correspond\u00eda, mucho menos. Nos hicieron firmar un papel que no sabemos qu\u00e9 dec\u00eda. No sabemos por qu\u00e9 lo firmamos. Vino OMAR y nos dijo: \u201caqu\u00ed est\u00e1 vuestro dinero, si no firm\u00e1is estar\u00e9is acabadas\u201d. Rogamos a Dios que podamos conseguir nuestros derechos. Y aquellas mujeres que fueron a declarar han hecho un testimonio falso. Se han acogido a la corrupci\u00f3n. Les prometi\u00f3 que les iba a regularizar su situaci\u00f3n en Espa\u00f1a, que les iba a conseguir papeles de residencia si presentaban su testimonio a favor de ellos. \u00a1Eso es lo que hay, hermana! Pedimos a Dios que la verdad salga a la luz, han abusado mucho de nosotras. Esperamos no volver nunca m\u00e1s a aquella finca, y pedimos al \u201ccomit\u00e9\u201d que nos ayude. Han pisoteado nuestros derechos&#8230; somos muchas. Y el jefe ha abusado mucho de las trabajadoras. Pedimos al \u201ccomit\u00e9\u201d que nos ayude, nos han quitado nuestro dinero. OMAR me dijo que ten\u00eda que pagar el autob\u00fas, he pagado 10,000 rial.<\/span><\/p>\n<p style=\"text-align: justify;\"><span style=\"font-size: 14pt;\">Notas:<\/span><\/p>\n<p style=\"text-align: justify;\"><span style=\"font-size: 14pt;\">1.- Con el t\u00e9rmino \u201ccomit\u00e9\u201d se refiere a AUSAJ.<\/span><\/p>\n<p style=\"text-align: justify;\"><span style=\"font-size: 14pt;\">2.- 10.000 rial, moneda correspondiente a 500 d\u00edrhams y aproximadamente 50 euros.<\/span><\/p>\n<p style=\"text-align: justify;\"><span style=\"font-size: 14pt;\">3.- No especifica trayecto. Haciendo referencia la mujer al pago del coste del \u201cautob\u00fas\u201d, se deduce que es desde el lugar de ubicaci\u00f3n donde estaba realizando el trabajo en la empresa Do\u00f1ana 1998 hasta Tarifa, ya que al momento del audio se halla ya en Marruecos.<\/span><\/p>\n<p style=\"text-align: justify;\"><span style=\"font-size: 14pt;\"><strong>5.- DOCUMENTO 42 DE LA DENUNCIA PRESENTADA ANTE AUDIENCIA NACIONAL CONSISTENTE EN LA TRADUCCI\u00d3N AL CASTELLANO DE LA ENTREVISTA APARECIDA EN LA PRENSA DE MARRUECOS DE LA TRABAJADORA MARROQU\u00cd BAD\u00cdA Z.. <\/strong><\/span><\/p>\n<p style=\"text-align: justify;\"><span style=\"font-size: 14pt;\"><strong>TRADUCCION DEL TESTMONIO DE DO\u00d1A BAD\u00cdA Z., TRABAJADORA EN LOS CAMPOS DE \u201cDO\u00d1ANA 1998, S.L.\u201d EXPULSADA A MARRUECOS JUNTO A LAS DEM\u00c1S, EL DIA 3 DE JUNIO DE 2018, Y PRESUNTA FIRMANTE DE LA CONTRADENUNCIA FALSA DEL 6 DE JUNIO DE 2018. <\/strong><\/span><\/p>\n<p style=\"text-align: justify;\"><span style=\"font-size: 14pt;\"><strong>6.- DOCUMENTOS 43, 43 BIS, 44, 44 BIS, 45 y 45 BIS DE LA DENUNCIA PRESENTADA ANTE AUDIENCIA NACIONAL, CONSISTENTES EN LAS CONVERSACIONES TELEFONICAS HABIDAS ENTRE SAMIRA BELIL Y H. H., APORT\u00c1NDOSE EL AUDIO ORIGINAL EN \u00c1RABE Y SU TRADUCCI\u00d3N. <\/strong><\/span><\/p>\n<p style=\"text-align: justify;\"><span style=\"font-size: 14pt;\"><strong>\u00a0<\/strong><strong>7.- INFORME PSICOL\u00d3GICO DEL INSTITUTO ANDALUZ DE LA MUJER.<\/strong><\/span><\/p>\n<p>&nbsp;<\/p>\n<p><img loading=\"lazy\" decoding=\"async\" class=\"aligncenter wp-image-2234362\" src=\"https:\/\/puntocritico.com\/ausajpuntocritico\/wp-content\/uploads\/2021\/11\/Captura-de-pantalla-2021-11-22-a-las-18.32.10-239x300.png\" alt=\"prueba propuesta y denegada\" width=\"471\" height=\"592\" data-id=\"2234362\" srcset=\"https:\/\/puntocritico.com\/ausajpuntocritico\/wp-content\/uploads\/2021\/11\/Captura-de-pantalla-2021-11-22-a-las-18.32.10-239x300.png 239w, https:\/\/puntocritico.com\/ausajpuntocritico\/wp-content\/uploads\/2021\/11\/Captura-de-pantalla-2021-11-22-a-las-18.32.10.png 531w\" sizes=\"auto, (max-width: 471px) 100vw, 471px\" \/><\/p>\n<p>&nbsp;<\/p>\n<p style=\"text-align: justify;\"><span style=\"font-size: 14pt;\"><strong>8.- Grabaci\u00f3n de Video en la que algunas de las Trabajadoras aqu\u00ed denunciantes intentando escapar del vallado perimetral de la zona en que se ubican los contenedores en los que las alojaban \u2013o m\u00e1s bien, reten\u00edan- (Jaula met\u00e1lica cuya fotograf\u00eda obra en Anexo del Atestado 384\/2018), que muestra el encierro al que fueron sometidas en la ma\u00f1ana del d\u00eda 3 de junio de 2018, en que fueron expulsadas violentamente y, en nuestra opini\u00f3n, de manera delictiva.<\/strong><\/span><\/p>\n<p><iframe loading=\"lazy\" src=\"\/\/player.vimeo.com\/video\/274350760?title=0&amp;amp;byline=0\" width=\"425\" height=\"350\" allowfullscreen=\"allowfullscreen\"><\/iframe><\/p>\n<p style=\"text-align: center;\"><span style=\"font-size: 18pt;\"><strong><span style=\"color: #339966;\">****<\/span><\/strong><\/span><\/p>\n<figure id=\"attachment_22580\" aria-describedby=\"caption-attachment-22580\" style=\"width: 591px\" class=\"wp-caption aligncenter\"><img loading=\"lazy\" decoding=\"async\" class=\"wp-image-22580 size-full\" src=\"https:\/\/puntocritico.com\/ausajpuntocritico\/wp-content\/uploads\/2019\/10\/JAULA-Temporeras.jpg\" alt=\"\" width=\"591\" height=\"320\" data-id=\"22580\" srcset=\"https:\/\/puntocritico.com\/ausajpuntocritico\/wp-content\/uploads\/2019\/10\/JAULA-Temporeras.jpg 591w, https:\/\/puntocritico.com\/ausajpuntocritico\/wp-content\/uploads\/2019\/10\/JAULA-Temporeras-300x162.jpg 300w\" sizes=\"auto, (max-width: 591px) 100vw, 591px\" \/><figcaption id=\"caption-attachment-22580\" class=\"wp-caption-text\"><span style=\"color: #008000;\">La Jaula d\u00f3nde viv\u00edan encerradas. Fotograf\u00eda obrante en el Atestado de la Guardia Civil<\/span><\/figcaption><\/figure>\n<p>&nbsp;<\/p>\n<p style=\"text-align: justify;\"><span style=\"font-size: 14pt;\"><b>DILIGENCIAS DE INVESTIGACI\u00d3N QUE SE PROPONEN: <\/b><\/span><\/p>\n<p style=\"text-align: justify;\"><span style=\"font-size: 14pt;\">La pasividad del Ministerio Fiscal en orden a la proposici\u00f3n de diligencias, la actuaci\u00f3n del propio Juzgado ante la falta de protecci\u00f3n de las v\u00edctimas y la enfermedad de la letrado designada ha impedido que se hayan podido proponer y aportar las pruebas que seguidamente se relacionan, siendo de destacar que en todo caso, dada la declaraci\u00f3n de complejidad de la causa, no exist\u00eda ni existe preclusi\u00f3n alguna, estando prevista por esta representaci\u00f3n su aportaci\u00f3n al momento de declaraci\u00f3n de las denunciantes, que al no poder ser as\u00ed, se proponen mediante este recurso. As\u00ed, las pruebas que se proponen, que evidencian la realidad de la imputaci\u00f3n y lo prematuro y, en nuestro leal entender, desacertado del cierre de la investigaci\u00f3n judicial, son las siguientes: <\/span><\/p>\n<p style=\"text-align: justify;\"><span style=\"font-size: 14pt;\"><b>A) Testifical<\/b>, precia citaci\u00f3n de oficio de las denunciantes, solicit\u00e1ndose, al amparo del art\u00edculo 229.3 de la LOPJ y el art\u00edculo 325 de la LECrim que las declaraci\u00f3n se practiquen por medio de videoconferencia a trav\u00e9s del Juzgado del domicilio de las denunciantes mediante auxilio judicial, solicit\u00e1ndose de mismo modo que se permita la comparecencia de la Letrada do\u00f1a Bel\u00e9n Luj\u00e1n S\u00e1ez en las declaraciones tambi\u00e9n por videoconferencia, dado que la letrada reside en la misma ciudad. Y ello por cuanto, las denunciantes no disponen de medios econ\u00f3micos para poder desplazarse desde Albacete, donde residen, hasta sede judicial y el temor que sufren a comparecer en Huelva.<span class=\"Apple-converted-space\">\u00a0<\/span><\/span><\/p>\n<p style=\"text-align: justify;\"><span style=\"font-size: 14pt;\">La necesidad de que las declaraciones de las denunciantes se practique por medio de videoconferencia es el medio menos gravoso para \u00e9stas dadas todas las circunstancias concurrentes y la precaria situaci\u00f3n econ\u00f3mica en la que se encuentran. Igualmente, la necesidad, utilidad y seguridad de solicitar la videoconferencia obedece tambi\u00e9n a la protecci\u00f3n de las mismas, y ello en base, entre otros, a los art\u00edculo 19 de la Ley 4\/2015, de 27 de abril, del Estatuto de la v\u00edctima del delito, seg\u00fan el cual \u201c<i>Las autoridades y funcionarios encargados de la investigaci\u00f3n, persecuci\u00f3n y enjuiciamiento de los delitos adoptar\u00e1n las medidas necesarias, de acuerdo con lo establecido en la Ley de <\/i><\/span><span style=\"font-size: 14pt;\"><i>Enjuiciamiento Criminal, para garantizar la vida de la v\u00edctima y de sus familiares, su integridad f\u00edsica y ps\u00edquica, libertad, seguridad, libertad e indemnidad sexuales, as\u00ed como para proteger adecuadamente su intimidad y su dignidad, particularmente cuando se les reciba declaraci\u00f3n o deban testificar en juicio, y para evitar el riesgo de su victimizaci\u00f3n secundaria o reiterada<\/i>\u201d y art\u00edculo 25 donde se recoge tambi\u00e9n la posibilidad de adoptar, conforme a lo dispuesto en la Ley de Enjuiciamiento Criminal, el uso de tecnolog\u00edas de la comunicaci\u00f3n. Considerando igualmente imprescindibles que se adopten todas medidas las necesarias para preservar la identidad de mis mandantes, las aqu\u00ed personadas, todas ellas especialmente vulnerables, y conferir a sus datos una protecci\u00f3n excepcional, m\u00e1s all\u00e1 de la rigurosidad propia de todo tratamiento de datos personales, de conformidad con los Convenios y Tratados internacionales de aplicaci\u00f3n y la normativa de derecho interno. En este orden de cosas, se se\u00f1ala que s\u00f3lo se ha producido la declaraci\u00f3n a medias (interrumpida por fallo t\u00e9cnico del \u00f3rgano exhortante) de una de las Temporeras y que ha existido un se\u00f1alamiento fallido para todas ellas, que no se produjo por razones ajenas a la voluntad de mis principales, en las que ni siquiera fueron citadas personalmente las denunciantes. <\/span><\/p>\n<p style=\"text-align: justify;\"><span style=\"font-size: 14pt;\"><b>B) Exploraci\u00f3n por el m\u00e9dico forense <\/b>de mis patrocinadas a fin de que, conforme a su ciencia, se determine el estado psicol\u00f3gico de las denunciantes como consecuencia de los graves hechos padecidos. El forense designado ha de tener especialidad psiqui\u00e1trica. Esta exploraci\u00f3n deber\u00e1 producirse a trav\u00e9s del Instituto de Medicina Legal correspondiente al domicilio de las denunciantes, sito en Albacete capital, dada la ausencia de recursos que sufren las mismas y el temor a comparecer en Huelva que padecen. <\/span><\/p>\n<p style=\"text-align: justify;\"><span style=\"font-size: 14pt;\"><b>C) Remisi\u00f3n de las denunciantes a la Oficina de Ayuda a las Victimas <\/b>correspondiente a su domicilio, dada la insuficiencia de recursos para su desplazamiento al partido judicial de Palma del Condado. <\/span><\/p>\n<p style=\"text-align: justify;\"><span style=\"font-size: 14pt;\"><b>D) Se reciba nuevamente declaraci\u00f3n en calidad de investigado <\/b>al representante legal de la empresa denunciada y ello en aras a garantizar su derecho de defensa y en cualquier caso, a fin de evitar eventuales nulidades, solicit\u00e1ndose que la declaraci\u00f3n del mismo se se\u00f1ale con posterioridad a la de las v\u00edctimas. <\/span><\/p>\n<p style=\"text-align: justify;\"><span style=\"font-size: 14pt;\"><b>E) Se reciba declaraci\u00f3n en calidad de testigo<\/b>, previa citaci\u00f3n judicial a don Jes\u00fas Diaz Formoso, abogado en ejercicio, presente en los hechos, en la propia finca de la empresa denunciada, en los d\u00edas 31 de mayo a 3 de junio de 2018, seg\u00fan se desprende del propio atestado policial.<\/span><\/p>\n<p style=\"text-align: justify;\"><span style=\"font-size: 14pt;\"><b>F) Se reciba declaraci\u00f3n en calidad de testigos<\/b>, previa citaci\u00f3n judicial por el conducto reglamentario, de los agentes S78937W, N17858J, U95726U, U05853G, que han tenido intervenci\u00f3n en los atestados confeccionados por la Guardia Civil y que pueden dar cuenta ,entre otros extremos de las circunstancias en que se produjeron las declaraciones de mis mandantes en sede policial. En este orden de cosas, se dir\u00e1 que la declaraci\u00f3n del agente S78937W ya ven\u00eda acordada, no celebr\u00e1ndose por razones m\u00e9dicas del testigo que imposibilitaron su comparecencia. <\/span><\/p>\n<p style=\"text-align: justify;\"><span style=\"font-size: 14pt;\"><b>G) Se reciba declaraci\u00f3n en calidad de testigos<\/b>, previa citaci\u00f3n judicial de: <\/span><\/p>\n<p style=\"text-align: justify;\"><span style=\"font-size: 14pt;\">&#8212; don M. Y. E. M. El testigo es conocedor de lo sufrido por mis mandantes y sus compa\u00f1eras, sucedido de una manera generalizada tanto en la finca del investigado como en otras fincas de las zona.<\/span><\/p>\n<p style=\"text-align: justify;\"><span style=\"font-size: 14pt;\">&#8212; do\u00f1a F. E. H. H. La testigo propuesta estuvo trabajando en el mismo centro de trabajo que las denunciantes durante las fechas en las que ocurrieron los hechos que se denuncian, siendo conocedoras de dichos hechos; si bien, se ha de rese\u00f1ar que dicha testigo no ha entablado acci\u00f3n judicial alguna contra la empresa, siendo su declaraci\u00f3n totalmente necesaria a los efectos que nos ocupan. La testigo dado su desconocimiento del idioma castellano, precisa ser asistida de int\u00e9rprete, por lo que se solicita que se acuerde la habilitaci\u00f3n judicial a tal fin. <\/span><\/p>\n<p style=\"text-align: justify;\"><span style=\"font-size: 14pt;\">&#8212; do\u00f1a N. B. La testigo podr\u00e1 deponer sobre las pr\u00e1cticas ilegales llevadas a cabo por la empresa durante el tiempo que estuvo en Huelva desarrollando actividad laboral para la misma junto con las denunciantes y otras trabajadoras, siendo trabajadora de la empresa la campa\u00f1a pasada.<span class=\"Apple-converted-space\">\u00a0<\/span><\/span><\/p>\n<p style=\"text-align: justify;\"><span style=\"font-size: 14pt;\">En este sentido, dado que la residencia de la testigo est\u00e1 en Marruecos, la no disponibilidad de recursos econ\u00f3micos \u2013tanto en la testigo como en mis mandantes- para poder desplazarse hasta la Pen\u00ednsula y las dificultades legales para ello y la voluntad y compromiso de la testigo de declarar que se evidencia del Acta aportada como documento num. 8 de este escrito (apartado P\/) , es por lo que nos vemos en la necesidad de solicitar la citaci\u00f3n se practique a trav\u00e9s del auxilio judicial internacional por la v\u00eda de comisi\u00f3n <\/span><span style=\"font-size: 14pt;\">rogatoria a la autoridad competente que corresponda de dicho pa\u00eds para que la pr\u00e1ctica de la declaraci\u00f3n testifical de la misma se realice por medio de videoconferencia, y ello de conformidad con lo establecido en el Convenio de cooperaci\u00f3n judicial en materia penal entre ambos Estados (Convenio entre los Reinos de Espa\u00f1a y Marruecos, relativo a la asistencia judicial en materia penal, hecho en Rabat, el 24 de junio de 2009). <\/span><\/p>\n<p style=\"text-align: justify;\"><span style=\"font-size: 14pt;\">&#8212; DO\u00d1A F. E. Q., La testigo es la autora de los audios aportados como documento num. 7 de este escrito (apartado P\/). La testigo precisa int\u00e9rprete en su declaraci\u00f3n. <\/span><\/p>\n<p style=\"text-align: justify;\"><span style=\"font-size: 14pt;\"><b>H) Mas Testifical, previa citaci\u00f3n judicial de las siguientes: <\/b><\/span><\/p>\n<p style=\"text-align: justify;\"><span style=\"font-size: 14pt;\">&#8212; DON P. E., periodista de \u201cLa mar de onuba\u201d, quien podr\u00e1 ser citado en la sede de dicho peri\u00f3dico, sita en Huelva, calle Villarrasa, 30, CP 21007. Esta persona ha tenido conocimiento directo de los hechos en los d\u00edas en que se producen las denuncias ante la Guardia Civil (1 a 3 de junio). <\/span><\/p>\n<p style=\"text-align: justify;\"><span style=\"font-size: 14pt;\">&#8212; DON O. C., trabajador de la patronal Freshuelva, debiendo ser requerida la misma con car\u00e1cter previo a los fines de determinaci\u00f3n del domicilio del testigo. Esta persona es la que supuestamente hace de enlace con las trabajadoras, estando presente, entre otros momentos, cuando se expulsa a las trabajadoras el d\u00eda 3 de junio. <\/span><\/p>\n<p style=\"text-align: justify;\"><span style=\"font-size: 14pt;\">&#8212; do\u00f1a S. B. y H. B. Las testigos son las dos denunciantes del d\u00eda 6 de junio de 2018 (atestado 384\/2018), cuyos datos constan en dicho atestado, Esta denuncia, que reputamos de falsa, viene a ser una suerte de contradenuncia de la efectuada por mis principales, siendo utilizada por la adversa para mermar la credibilidad de mis representadas, resultando as\u00ed de inter\u00e9s interrogar a las testigos para ver en qu\u00e9 condiciones se produce la elaboraci\u00f3n del listado por ellas aportado. <\/span><\/p>\n<p style=\"text-align: justify;\"><span style=\"font-size: 14pt;\"><b>I) Se solicita la indagaci\u00f3n <\/b>sobre las, s.e.o.u., 109 denunciantes del listado obrante al anexo II del atestado inicial (943\/2018). El listado de nombres de personas denunciantes se aport\u00f3 a la Guardia Civil el mismo d\u00eda 1 de junio de 2018; adem\u00e1s de en el atestado rese\u00f1ado, viene incluido en la documental aportada a Audiencia Nacional, obrante en autos al folio 300.<span class=\"Apple-converted-space\">\u00a0<\/span><\/span><\/p>\n<p style=\"text-align: justify;\"><span style=\"font-size: 14pt;\">En relaci\u00f3n a este listado, se solicita se proceda, ya que aparece en \u00e1rabe, a su traducci\u00f3n completa por traductor oficial, y se oficie, una vez determinados los nombres que aparecen, a la Administraci\u00f3n correspondiente a fin de que proceda a la identificaci\u00f3n plena de tales <\/span><span style=\"font-size: 14pt;\">personas indicando las que permanezcan todav\u00eda en Espa\u00f1a y la fecha y condiciones de salida de las dem\u00e1s. En todo caso, se solicita se reciba declaraci\u00f3n en calidad de testigos <b>a todas <\/b>las personas del listado, una vez debidamente identificadas, bien mediante en su caso su declaraci\u00f3n desde su domicilio en Espa\u00f1a, bien mediante cooperaci\u00f3n internacional, mediante comisi\u00f3n rogatoria emitida al efecto al amparo de lo prevenido en el Convenio entre los Reinos de Espa\u00f1a y Marruecos, relativo a la asistencia judicial en materia penal, de 24 de junio de 2009. Se especifica que la prueba se reitera dada su enorme trascendencia (c\u00f3mo no se va a indagar sobre las personas que el propio atestado recoge que quer\u00edan denunciar), habiendo sido objeto de petici\u00f3n anterior que fue debidamente recurrida, recurso que no se resolvi\u00f3. <\/span><\/p>\n<p style=\"text-align: justify;\"><span style=\"font-size: 14pt;\"><b>J) <\/b>De la misma manera, se solicita se opere igual con <b>la lista aportada por S. B.\u00a0<\/b>en su comparecencia ante la Guardia Civil del d\u00eda 6 de junio de 2018. Es decir, se identifique y cite a las personas que aparecen en el listado y se tome declaraci\u00f3n a todas como testigos, tal y como ya se interes\u00f3 antes de que se decretara el sobreseimiento provisional. <\/span><\/p>\n<p style=\"text-align: justify;\"><span style=\"font-size: 14pt;\"><b>J bis) Documental<\/b>, consistente en que se oficie al Ministerio del Interior, Subdelegaci\u00f3n del Gobierno en Huelva, para que emita informe sobre a)los datos de filiaci\u00f3n e identificaci\u00f3n completos de do\u00f1a B. Z., incluyendo numero de pasaporte y domicilio que se conozca en Marruecos, siendo esta persona trabajadora de la empresa Do\u00f1ana 1998 S.L. al menos en el Contingente 2018; b) fecha y puesto por el que la trabajadora sali\u00f3 de Espa\u00f1a en el a\u00f1o 2018; c) si les consta la concesi\u00f3n de visado y permiso de cara al Contingente de 2019; d) las que se deriven. <\/span><\/p>\n<p style=\"text-align: justify;\"><span style=\"font-size: 14pt;\">Una vez identificada plenamente a la Sra Z., solicitamos se acuerde su declaraci\u00f3n en calidad de testigo, para lo cual deber\u00e1 ser citada judicialmente y practicarse su declaraci\u00f3n a trav\u00e9s del auxilio judicial internacional por la v\u00eda de comisi\u00f3n rogatoria a la autoridad competente que corresponda de dicho pa\u00eds para que la pr\u00e1ctica de la declaraci\u00f3n testifical de la misma se realice por medio de videoconferencia, y ello de conformidad con lo establecido en el Convenio de cooperaci\u00f3n judicial en materia penal entre ambos Estados (Convenio entre los Reinos de Espa\u00f1a y Marruecos, relativo a la asistencia judicial en materia penal, hecho en Rabat, el 24 de junio de 2009).<span class=\"Apple-converted-space\">\u00a0<\/span><\/span><\/p>\n<p style=\"text-align: justify;\"><span style=\"font-size: 14pt;\">El inter\u00e9s de la testigo es manifiesto, siendo la misma compa\u00f1era de las denunciantes en las fechas objeto de autos y quedando patente lo que esta persona puede relatar en los documentos 42 y 46 de los aportados en su d\u00eda con la denuncia formulada por mis <\/span><span style=\"font-size: 14pt;\">mandantes ante Audiencia Nacional, actuaciones que se encuentran testimoniadas en los presentes autos al folio 300. <\/span><\/p>\n<p style=\"text-align: justify;\"><span style=\"font-size: 14pt;\"><b>K) Mas Documental, <\/b>consistente en que se requiera a la patronal Freshuelva a fin de que aporte al proceso toda la documentaci\u00f3n atinente a la presentaci\u00f3n de la oferta de empleo relativa a la contrataci\u00f3n del Contingente del a\u00f1o 2018; se solicita se requieran todos los documentos presentados tanto ante la Administraci\u00f3n espa\u00f1ola como ante la Administraci\u00f3n marroqu\u00ed. <\/span><\/p>\n<p style=\"text-align: justify;\"><span style=\"font-size: 14pt;\"><b>L) Mas Documental <\/b>consistente en que se oficie a la <strong>Consejer\u00eda de Empleo de la Junta de Comunidades de Andaluc\u00eda<\/strong> a fin de que por la misma, u organismo que corresponda, informe si la mercantil <strong>\u201cDO\u00d1ANA 1998, SL\u201d<\/strong>, ha solicitado alg\u00fan tipo de subvenci\u00f3n para el desarrollo de su actividad en el a\u00f1o 2018, en especial si ha solicitado subvenciones relacionadas con el apoyo a la contrataci\u00f3n de temporeros, bien provenientes de fondos estatales o auton\u00f3micos bien de fondos sociales europeos. <\/span><\/p>\n<p style=\"text-align: justify;\"><span style=\"font-size: 14pt;\"><b>M) Mas documental<\/b>, habiendo tenido conocimiento a trav\u00e9s del Informe de inspecci\u00f3n obrante en los presentes autos, de que la empresa denunciada present\u00f3 documentaci\u00f3n relevante a los fines del presente proceso ante la Delegaci\u00f3n de Empleo de Huelva, se solicita que se oficie a dicha Delegaci\u00f3n Provincial a fin de que remita para su uni\u00f3n a las presentes actuaciones copia sellada del escrito presentado por la empresa con registro de fecha 22 de junio de 2018, junto con los \u201dcontratos laborales y nominas de las trabajadoras\u201d y resto de documental que pudiera haber acompa\u00f1ado. <\/span><\/p>\n<p style=\"text-align: justify;\"><span style=\"font-size: 14pt;\"><b>N) Mas documental<\/b>, consistente en que se oficie a la <strong>Inspecci\u00f3n Provincial de Trabajo y Seguridad Social de Huelva<\/strong> a fin de que remita expediente administrativo <b>completo <\/b>incoado y tramitado como consecuencia de la denuncia interpuesta ante dicha Inspecci\u00f3n por mis mandantes en fecha 4 de junio de 2018 con numero de entrada 21\/2574\/18 a inspecci\u00f3n trabajo.<\/span><\/p>\n<p style=\"text-align: justify;\"><span style=\"font-size: 14pt;\"><b>\u00d1) Mas Documental<\/b>, consistente en que se oficie al Ministerio de Trabajo, Migraciones y Seguridad Social a fin de que por el \u00f3rgano correspondiente adscrito a dicho ministerio se certifique cu\u00e1les fueron los t\u00e9rminos de la oferta de trabajo en origen que se hizo para el Contingente de 2018 por las Asociaciones empresariales correspondientes. <\/span><\/p>\n<p style=\"text-align: justify;\"><span style=\"font-size: 14pt;\"><b>O) Mas Documental<\/b>, consistente en que se oficie a <strong>ANAPEC<\/strong> (Agencia Nacional para la Promoci\u00f3n de Empleo y la Competencia de Marruecos) a trav\u00e9s del Ministerio de Asuntos Exteriores u organismo que corresponda, a fin de que confirme que el documento que se adjunta como Documento n\u00fam. 17 de este escrito, se corresponde con el contenido del cartel anunciante de la oferta de trabajo para los Contingentes de 2018 y 2019. <span class=\"Apple-converted-space\">\u00a0<\/span><\/span><\/p>\n<p style=\"text-align: justify;\"><span style=\"font-size: 14pt;\"><b>P) MAS DOCUMENTAL<\/b>, consistente para su incorporaci\u00f3n a Autos, dej\u00e1ndose designados los archivos originales, de la siguiente: <\/span><\/p>\n<p style=\"text-align: justify; padding-left: 40px;\"><span style=\"font-size: 14pt;\">&#8212;<b>DOCUMENTO NUM. 1, <\/b>V\u00eddeo enviado por una mujer desde Marruecos a H. pidiendo ayuda de la Asociaci\u00f3n y a las autoridades de Espa\u00f1a, junto con su traducci\u00f3n<b>: <\/b><\/span><\/p>\n<p style=\"text-align: justify; padding-left: 40px;\"><span style=\"font-size: 14pt;\">-Hola, \u00a1que la paz sea con vosotros! Una mujer y yo fuimos a Espa\u00f1a para trabajar, con un contrato de trabajo. Trabajamos duro, con todas nuestras fuerzas, con honestidad, para ganar un dinero ( halal*). Pero el jefe que nos contrat\u00f3 no respet\u00f3 el contrato que ten\u00edamos con \u00e9l, nos encontramos con que las condiciones de trabajo que ten\u00edamos en el contrato no eran las mismas en cuanto al salario. Nos dijo que ten\u00edamos que cobrar por \u201csegunda\u201d, y cuando todav\u00eda quedaba un mes y diez d\u00edas para que se caducase el visado, nos dijeron que ten\u00edamos que volver a Marruecos. Eso porque hemos hablado sobre nuestros derechos y les hemos pedido dinero para poder comer, sobre todo porque que era Ramad\u00e1n; cobr\u00e1bamos el 6 del mes, y no quiso. <\/span><\/p>\n<p style=\"text-align: justify; padding-left: 40px;\"><span style=\"font-size: 14pt;\">Si te enfermas\u2026 \u201csi te he visto no me acuerdo\u201d\u2026 que lo arregles t\u00fa solita. Es todo un sufrimiento, <b><i>al-\u1e25amdu lil-l\u0101h.<\/i><\/b><\/span><\/p>\n<p style=\"padding-left: 40px; text-align: center;\"><span style=\"font-size: 14pt;\"><b><i>**<\/i><\/b><\/span><\/p>\n<p style=\"text-align: justify; padding-left: 40px;\"><span style=\"font-size: 14pt;\">Cuando pedimos cobrar nos dijeron que nos iban a dar el sobre en el bus, una vez en el bus. Cuando abrimos el sobre, no era la cantidad que deb\u00edan pagarnos; aquel hombre nos ha tratado mal, nos ha quitado lo que nos corresponde. Pedimos, a los de Derechos Humanos, a la Asociaci\u00f3n, que nos echen una mano, que nos ayuden, y que nos consigan nuestros derechos. Nosotras queremos trabajar para mantener a nuestro hijos, es lo que deseamos \u2026 que Dios os lo pague. Somos muchas mujeres. <\/span><\/p>\n<p style=\"text-align: justify; padding-left: 40px;\"><span style=\"font-size: 14pt;\">P<\/span><span style=\"font-size: 14pt;\">or la ma\u00f1ana la hija del jefe vino, donde vivimos, a la casa. Nos dijo: \u201cEs necesario que te vayas ya\u201d. Y yo, llorando, dej\u00e9 todas mis cosas all\u00ed, y me echaron. Me sacaron a la fuerza, y los guardias estaban all\u00ed, cerca de la oficina. Nadie ha lamentado mi situaci\u00f3n, nadie me ayud\u00f3. <\/span><\/p>\n<p style=\"text-align: justify; padding-left: 40px;\"><span style=\"font-size: 14pt;\">Es todo. <b><i>Al-\u1e25amdu lil-l\u0101h<\/i><\/b>\u2026es Dios quien ayuda. Esperemos de la Asociaci\u00f3n, de todas las autoridades espa\u00f1olas, que nos consigan nuestros derechos\u2026es lo que deseamos. Nosotras queremos trabajar para mantener a nuestros hijos\u2026que Dios os lo pague. Han abusado mucho de nosotras, nos han hecho llorar, nos has destruido, nos han humillado, con insultos\u2026nuestra dignidad por el suelo. No sabemos el idioma, no hay qui\u00e9n nos traduzca. Un traductor que vino a traducir, traduc\u00eda a su favor (al favor del jefe); es \u00e9l quien le paga, habla del derecho de \u00e9l, y no del nuestro.\u00a0<\/span><\/p>\n<p style=\"text-align: justify; padding-left: 40px;\"><span style=\"font-size: 14pt;\">Lo que han hecho es una verg\u00fcenza. El ser humano tiene que tener en cuenta la humanidad, y tener en cuenta a los ni\u00f1os que hemos dejado en Marruecos esper\u00e1ndonos. Por favor, ayudadnos. <\/span><\/p>\n<p style=\"text-align: justify; padding-left: 40px;\"><span style=\"font-size: 14pt;\"><i>Notas: (*) halal: t\u00e9rmino que hace referencia al conjunto de pr\u00e1cticas permitidas por la religi\u00f3n musulmana. Seg\u00fan la acepci\u00f3n de la R.A.E, \u201cpermitido, no contrario a la ley\u201d. En este contexto, \u201cdinero honrado\u201d. \u201csegunda\u201d: referente a \u201csegunda caja, dos cajas\u201d. Cada caja de fresa es de 5Kg. Las mujeres cobraban, seg\u00fan el testimonio coincidente de todas, 1,50 euros por cada dos cajas de fresa. (**) Al-\u1e25amdu lil-l\u0101h : frase \u00e1rabe cuyo significado es \u201calabado sea Dios\u201d. <\/i><\/span><\/p>\n<p style=\"text-align: justify; padding-left: 40px;\"><span style=\"font-size: 14pt;\">&#8212;<b>DOCUMENTO NUM. 2: <\/b>VIDEO NUM 05, grabado desde la misma finca d\u00edas antes de que comparecieran los abogados de AUSAJ, las mujeres se quejan de su situaci\u00f3n y piden ayuda a su Rey, junto con su traducci\u00f3n.\u00a0<\/span><\/p>\n<p>&nbsp;<\/p>\n<p><iframe loading=\"lazy\" src=\"\/\/player.vimeo.com\/video\/274365760?title=0&amp;amp;byline=0\" width=\"500\" height=\"412\" allowfullscreen=\"allowfullscreen\"><\/iframe><\/p>\n<p><span style=\"font-size: 14pt;\">TRADUCCI\u00d3N DEL VIDEO:<\/span><\/p>\n<p style=\"text-align: justify; padding-left: 40px;\"><span style=\"font-size: 14pt;\">\u00ab&#8230; A estas mujeres se les ha arrebatado todos sus derechos, no disfrutan de ning\u00fan derecho&#8230;\u00b4\u00b4 \u00ab\u2026 Nos obligan a trabajar gratis.\u00b4\u00b4 \u00ab\u2026 yo duermo en la cocina\u2026\u00b4\u00b4 \u00ab\u2026 Cuando enfermamos no nos llevan al m\u00e9dico\u2026\u00b4\u00b4 \u00ab\u2026 Estamos aisladas, no se sabe si se acabar\u00e1 durmiendo en la finca o tirada en el descampado. Tenemos que hacer autostop para ir a comprar comida.\u201d \u00ab\u2026 Los responsables comercializan con nosotras (con nuestro trabajo).\u00b4\u00b4 \u00ab Las marroqu\u00edes estamos marginadas en Do\u00f1ana, estamos siendo mercantilizadas como si fu\u00e9ramos sand\u00edas. Esto parece un mercado de esclavos. Siempre d\u00e1ndonos largas. No nos quieren pagar.\u201d 100 \u00ab\u2026 Nos acusan de actos indecentes. Nosotras hemos venido a trabajar. Somos mujeres casadas y estamos aqu\u00ed para mantener a nuestras familias. No pensamos renunciar a nuestros derechos.\u00b4\u00b4 \u00ab\u2026 Esto es un mensaje para Mohamed VI&#8230;esperemos que su conciencia se remueva por esto. Sus hijas est\u00e1n sufriendo y est\u00e1n siendo maltratadas aqu\u00ed. \u00ab\u2026\u00a1Viva Mohamed VI! \u00a1Viva el rey!!! Ven a ver c\u00f3mo nos est\u00e1 maltratando esta gentuza\u2026\u201d \u00ab&#8230;Y los mismos marroqu\u00edes de aqu\u00ed nos maltratan. Los que supuestamente est\u00e1n de responsables de nosotras nos maltratan y nos humillan. Nos llaman basura, y hacen negocio con nuestro trabajo ali\u00e1ndose con los jefes\u2026\u00b4\u00b4<span class=\"Apple-converted-space\">\u00a0<\/span><\/span><\/p>\n<p style=\"text-align: justify; padding-left: 40px;\"><span style=\"font-size: 14pt;\">\u00ab\u2026 Aqu\u00ed estamos doblemente humilladas. Humilladas como marroqu\u00edes y humilladas como trabajadoras. Pero estamos dispuestas a defender nuestro honor y nuestros derechos&#8230;\u00b4\u00b4. <span class=\"Apple-converted-space\">\u00a0<\/span><\/span><\/p>\n<p style=\"text-align: justify; padding-left: 40px;\"><span style=\"font-size: 14pt;\">\u00ab\u2026 Para ir a comprar pan tenemos que hacer autostop. Lo estamos pasando mal\u2026\u00b4\u00b4 <i>Se acerca un se\u00f1or por el otro lado de la valla y pide hablar con solo una de las trabajadoras para que haga de representante. Se mantiene una conversaci\u00f3n ininteligible sobre fechas de cobro , n\u00f3mina y horas extras: <\/i>-\u00bfNo quer\u00e9is que alguien que hable vuestro idioma os haga de intermediario con los jefes? &#8211; pregunta el hombre. -Porque el que nos hace de int\u00e9rprete nos humilla y dice que somos basura de Marruecos -responde una de las mujeres. <i>Sigue una conversaci\u00f3n igualmente inentendible. A continuaci\u00f3n: <\/i>\u00ab\u2026Lo \u00faltimo que sabemos es que la hija del jefe dice que la que no entregue su pasaporte no entrar\u00e1 a trabajar&#8230;\u00b4\u00b4 \u00ab\u00a1No, no, no, Do\u00f1ana!!!\u00b4\u00b4 \u00ab&#8230;A m\u00ed que me devuelva mi pasaporte. Ya no quiero trabajar aqu\u00ed&#8230;\u00b4\u00b4 \u00abEl d\u00eda que vinimos a pedirle trabajo, ya nos dijo: \u201cest\u00e1is aqu\u00ed para criar barriga y culo, as\u00ed que a comer y a dormir\u201d. As\u00ed nos lo dijo. Y llevamos as\u00ed una semana.\u00b4\u00b4 \u00ab.. Luego no hay formaci\u00f3n ninguna. Nada m\u00e1s llegar te pones a recoger fresa.\u00b4\u00b4 \u00ab\u2026 A mi me castig\u00f3 con cuatro d\u00edas sin trabajar&#8230;\u00b4\u00b4 \u00ab\u2026 Yo una semana\u2026\u00b4\u00b4<\/span><\/p>\n<p style=\"text-align: justify; padding-left: 40px;\"><span style=\"font-size: 14pt;\"> &#8212; <b>DOCUMENTO N\u00daM. 3, <\/b>VIDEO DE LA MANIFESTACI\u00d3N DEL D\u00cdA 1 DE JUNIO (\u201c<i>Do\u00f1ana no bien<\/i>\u201d). Video tomado por el abogado, don Jes\u00fas D\u00edaz Formoso. El hecho mismo de la manifestaci\u00f3n viene reconocido por los propios agentes que depusieron en el Juzgado y reflejado en el atestado policial; la Manifestaci\u00f3n se produce de manera espont\u00e1nea (hab\u00edan existido otras manifestaciones en d\u00edas anteriores). Ante lo numeroso del grupo de manifestantes, la empresa incita a otras trabajadoras (veteranas) a que tambi\u00e9n se manifiesten (esta vez diciendo \u201cdo\u00f1ana bien\u201d), haci\u00e9ndolo las trabajadoras al mismo tiempo que se manifiestan sus compa\u00f1eras en sentido opuesto. Como se puede comprobar tanto en este video como en el que se aporta seguidamente, el grupo de trabajadoras que se enfrenta a la empresa es claramente m\u00e1s numeroso.<\/span><\/p>\n<p style=\"text-align: center;\"><iframe loading=\"lazy\" src=\"\/\/player.vimeo.com\/video\/273988830?title=0&amp;amp;byline=0\" width=\"500\" height=\"412\" allowfullscreen=\"allowfullscreen\"><\/iframe><\/p>\n<p style=\"text-align: justify; padding-left: 40px;\"><span style=\"font-size: 14pt;\"><b>&#8212; DOCUMENTO NUM. 4<\/b>, Video de trabajadoras que se manifiestan a favor de la empresa el mismo d\u00eda 1 de junio. <\/span><\/p>\n<p style=\"text-align: justify; padding-left: 40px;\"><span style=\"font-size: 14pt;\">&#8212; <b>DOCUMENTO N\u00daM. 5, <\/b>FOTOGRAF\u00cdAS EN NUMERO DE 35, que se aportan como un todo, tomadas el d\u00eda 1 de junio, en las que se ve a las mujeres mostrando su pasaporte o su documentaci\u00f3n m\u00e9dica, como expresi\u00f3n de su voluntad de denunciar, voluntad que fue deso\u00edda, obviada por los agentes all\u00ed presentes.\u00a0<\/span><\/p>\n<p style=\"padding-left: 40px; text-align: justify;\"><span style=\"font-size: 14pt;\">&#8212;<b>DOCUMENTO N\u00daM. 6, <\/b><a href=\"https:\/\/puntocritico.com\/2018\/06\/16\/lo-que-verdaderamente-esta-ocurriendo-en-el-campo-onubense-contado-por-las-propias-trabajadoras\/\" target=\"_blank\" rel=\"noopener\" data-schema-attribute=\"\">AUDIOS DE WHATSAPP<\/a> remitidos por diferentes trabajadoras a do\u00f1a H. H. el d\u00eda 3 de junio de 2018 mientras intentaban escapar de la finca y evitar su expulsion por la fuerza. Son 11 mensajes de audio, con su traducci\u00f3n, que se aportan como un todo.<\/span><\/p>\n<p>&nbsp;<\/p>\n<p style=\"padding-left: 40px; text-align: justify;\"><span style=\"font-size: 14pt;\">&#8212;<b>DOCUMENTO NUM. 7, <\/b>AUDIOS, en n\u00famero de 7, junto con su traducci\u00f3n, que, como un todo, se aportan, remitidos por una de las trabajadoras de la finca, do\u00f1a F. E. Q., cuya declaraci\u00f3n y citaci\u00f3n judicial se interesa m\u00e1s arriba en el presente escrito:<span class=\"Apple-converted-space\">\u00a0<\/span><\/span><\/p>\n<p style=\"text-align: justify; padding-left: 40px;\"><span style=\"font-size: 14pt;\"><b><i>1.- WA0007 FATIMA 1 <\/i><\/b><i>Hola. Estuve en Do\u00f1ana, soy F., estuve en Do\u00f1ana. He visto los problemas que pasaron all\u00ed, y los esc\u00e1ndalos que pasaron all\u00ed. He visto todo, estuve presente desde el principio hasta el final. He visto lo que ha pasado all\u00ed desde el principio. Estuve el a\u00f1o pasado, llevo 6 a\u00f1os viniendo; nunca he visto la represi\u00f3n de este a\u00f1o. Este a\u00f1o trajeron a mucha gente, a muchas mujeres. Cada d\u00eda llega un autocar, a veces no trabajan. Llegan y est\u00e1n sin trabajo, a veces una semana o diez d\u00edas, est\u00e1n sin trabajo. Les dicen hasta que os abramos el alta&#8230; A pesar de no tener dinero ni nada. Se quedan all\u00ed sin transporte para poder ir a Almonte a hacer la compra ni nada. Hay autobuses all\u00ed parados&#8230;hasta 4 autobuses, pero no te llevan a hacer la compra. Tienes que ir a hacer auto stop para poder desplazarte. Hab\u00eda muchas mujeres, nueva y antiguas. Cuando nos quejamos por nuestros derechos, no les gusta que nos quejemos. No les gustan las mujeres que saben algo del idioma, ni las mujeres que han estudiado algo. Prefieren a las analfabetas que no saben nada para tenernos bajo los zapatos. Llevan a las mujeres al trabajo, trabajan un poco, y les dicen que ma\u00f1ana no trabajas , y la dejan sin trabajo dos d\u00edas o tres. La mujer acaba de llegar, todav\u00eda no sabe mucho, no ha trabajado ni una semana, y la manda a casa. Y les gritan y le dicen: \u201cSi no trabajas bien, te vas a Marruecos, te mandamos a Marruecos, no te necesitamos\u201d. Y cuando habla de sus derechos, no les gusta, no les gusta que hablemos. Al principio nos quitaron el suministro de agua y luz, est\u00e1bamos gritando para tener agua y luz&#8230;eso fue al principio. Despu\u00e9s llegaron otras mujeres nuevas, y los problemas siguieron. Si quieres ir al hospital, no te llevan; buscamos por nuestra cuenta c\u00f3mo ir, buscar a alguien. A veces te llevan, pero otras veces te dice que estoy cansada, \u201cno os voy a llevar todos los d\u00edas, tengo otras cosas que hacer\u201d.<span class=\"Apple-converted-space\">\u00a0<\/span><\/i><\/span><\/p>\n<p style=\"text-align: justify; padding-left: 40px;\"><span style=\"font-size: 14pt;\"><i>Las mujeres han sufrido mucho. Hemos hablado de nuestros derechos. Vino gente de la Asociaci\u00f3n, hemos hecho manifestaciones, hemos salido a <\/i><i>manifestarnos una 3 veces&#8230; Estuvieron presentes la polic\u00eda, los guardias, muchos guardias estuvieron all\u00ed. Estuvieron grabando aquello, todo est\u00e1 grabado: todas las mujeres que salieron ante las c\u00e1maras que estaban ense\u00f1ando su pasaporte. Nos pidieron los pasaportes y los contratos* para saber cu\u00e1nto tiempo ten\u00edamos en el pasaporte. Hay gente que ha trabajado solo 15 d\u00edas, otras, 20 d\u00edas, y las que vinieron las primeras puede que hayan trabajado un mes como mucho&#8230; a veces hay trabajo otras no hay. A veces trabajamos horas extras, y cuando cobramos no se refleja; no hay diferencia entre las que han trabajado horas extras de las que no. Las n\u00f3minas que tengo no reflejan lo que he trabajado; la cantidad que pone en la n\u00f3mina no es la misma que el dinero que nos dan. Entregas el pasaporte, te hacen firmar un papel. T\u00fa no sabes lo que estas firmando, no sabes leer. Firmas y te dan un sobre con dinero, no te lo mandan a una cuenta ni nada. Cuando te das cuenta de que el sobre tiene menos dinero de lo que corresponde y te quejas, te dicen:\u201d Es lo que hay hasta el mes que viene, y te lo mandamos a tu cuenta\u201d. El mes que viene lo mismo, nadie cobra correctamente. No hemos cobrado las horas extras. 103 contrato*: no hace referencia al contrato laboral, sino al visado en el pasaporte. <\/i><\/span><\/p>\n<p style=\"padding-left: 40px; text-align: center;\"><span style=\"font-size: 14pt;\"><i>*** <\/i><\/span><\/p>\n<p style=\"text-align: justify; padding-left: 40px;\"><span style=\"font-size: 14pt;\"><b><i>WA0006 FATIMA 2 <\/i><\/b><i>A las mujeres que hablaron sobre sus derechos las echaron. \u00bfQui\u00e9n las protegi\u00f3? Son las Asociaciones quienes las protegieron. Si no fuera por las Asociaciones, Dios sabr\u00eda lo que habr\u00eda pasado con ellas. Las hubieran mandado a Marruecos, sin ni un duro, sin derechos, sin nada. Han venido con un cr\u00e9dito que dejaron en Marruecos, \u00bfc\u00f3mo van a pagar su cr\u00e9dito? Qu\u00e9 va a decir la gente? Fue a trabajar, y ha vuelto sin ni un duro\u2026Cuando llega a T\u00e1nger, \u00bfc\u00f3mo va a pagar el transporte? \u00bfVa a pedir limosna? Eso no puede ser. Hemos sufrido mucha represi\u00f3n, y las chicas que han hablado, se han salvado; ahora est\u00e1n con Asociaciones, las ayudan hasta que consigan sus derechos, est\u00e1 todo claro.<span class=\"Apple-converted-space\">\u00a0<\/span><\/i><\/span><\/p>\n<p style=\"text-align: justify; padding-left: 40px;\"><span style=\"font-size: 14pt;\"><i>Y las pobres mujeres que fueron a Marruecos&#8230;Era un domingo, era Ramad\u00e1n, se fueron llorando. No han tenido tiempo ni siquiera para recoger sus cosas; hay quien ha dejado sus cosas all\u00ed, que fueron echadas a la basura, hay quien recogi\u00f3 sus cosas, y las que no. Les vino el viaje por sorpresa, de sopet\u00f3n. Para su familia ella est\u00e1 trabajando, y de repente se ve en Marruecos, sin ni un duro. Ha estado aqu\u00ed un mes o dos y va a volver sin ni un duro, ni siquiera lo que ha gastado para poder venir aqu\u00ed. Hemos gastado dinero en el m\u00e9dico y en otras cosas. Hemos gastado mucho dinero para poder venir aqu\u00ed, hemos sacado todos nuestros documentos, todo\u00a0<\/i><i>estaba en regla. No tenemos ni antecedentes ni nada. Las que vinieron aqu\u00ed, todas, sin ning\u00fan problema en Marruecos con polic\u00edas ni nada. Pero aqu\u00ed hemos sufrido mucha represi\u00f3n, \u00bfpor qu\u00e9? Tenemos que hablar sobre nuestros derechos; la que habla, se va. Ver y callar&#8230;Si hablas eres mala persona, ya no somos buenas personas. <\/i><\/span><\/p>\n<p style=\"padding-left: 40px; text-align: center;\"><span style=\"font-size: 14pt;\"><b><i>*** <\/i><\/b><\/span><\/p>\n<p style=\"text-align: justify; padding-left: 40px;\"><span style=\"font-size: 14pt;\"><b><i>WA0005- FATIMA 4: <\/i><\/b><i>La mujer que se ha roto la cadera, la asociaci\u00f3n lo sabe, la prensa tambi\u00e9n. Lo saben en Marruecos tambi\u00e9n; es un caso conocido, lo han grabado todo. La pobre tiene una rotura, su vida se jodi\u00f3. Y las nuestras tambi\u00e9n con ella cuando vimos aquello. Pens\u00e1bamos que hab\u00edamos venido a trabajar. Ven\u00edamos a trabajar con esperanza, con dignidad, e \u00edbamos a volver con dignidad, con nuestra cabeza alta, sin problemas. Deseamos estar con nuestras familias, \u00a1 por 104 qu\u00e9 debemos estar\u2026a qu\u00e9 en malas condiciones! Pero, \u00a1\u00bfc\u00f3mo vamos a volver?! \u00a1\u00bfCon qu\u00e9 dinero volvemos?! \u00a1\u00bfQu\u00e9 vamos a llevar a nuestros hijos?! No tenemos con qu\u00e9! \u00a1\u00bfC\u00f3mo vas a decir a tu hijo que no te he tra\u00eddo nada?! \u00a1Tanto tiempo trabajando y vuelves sin dinero! Pues aqu\u00ed estamos hasta que Dios se apiade de nosotras. Espero la justicia para todas. Queremos nuestros derechos, los derechos de todas las trabajadoras de Huelva, exigimos nuestros derechos. Si hemos venido aqu\u00ed a trabajar, nos tienen que dar nuestros derechos. Nos quieren para trabajar, \u00a1vale!, trabajaremos, pero con derechos, y no como animales. Nosotras para ellos no valemos nada; nos tratan como animales, nos explotan como quieren, y despu\u00e9s nos tiran. <\/i><\/span><\/p>\n<p style=\"padding-left: 40px; text-align: center;\"><span style=\"font-size: 14pt;\"><b><i>*** <\/i><\/b><\/span><\/p>\n<p style=\"text-align: justify; padding-left: 40px;\"><span style=\"font-size: 14pt;\"><b><i>WA0003- FATIMA 5<\/i><\/b><i>:<span class=\"Apple-converted-space\">\u00a0<\/span><\/i><\/span><\/p>\n<p style=\"text-align: justify; padding-left: 40px;\"><span style=\"font-size: 14pt;\"><i>Si volvemos, vamos a tener problemas con nuestras familias. Preguntar\u00e1n qu\u00e9 os ha pasado. Hemos venido a trabajar y volver. Hemos venido a trabajar y volver con nuestros hijos. Hemos dejado a nuestros hijos, nuestros padres, hermanos, nuestro pa\u00eds, y hemos venido aqu\u00ed para trabajar y no para sufrir. Estamos en una situaci\u00f3n lamentable; ni hemos trabajado, ni hemos cobrado lo que nos corresponde, ni nada. Estamos aqu\u00ed como vagabundas. Hab\u00eda una mujer que se enferm\u00f3; fue a Almonte, al m\u00e9dico. Ella est\u00e1 enferma del coraz\u00f3n, el m\u00e9dico de Almonte la mand\u00f3 a Huelva. \u00bfC\u00f3mo va a ir a Huelva? Le dijeron que ten\u00eda que pagar 20 euros para llevarla a Huelva. \u00bfDe d\u00f3nde va a sacar este dinero? Las mujeres no han cobrado todav\u00eda para ayudarla; nos pagan el d\u00eda 5 del mes, nos quedamos un mes entero sin dinero. Si has tra\u00eddo algo de Marruecos puedes hacer la compra, si no te quedas sin poder ir al m\u00e9dico, sin nada. No tenemos tarjeta sanitaria, si el m\u00e9dico te da una receta de medicamentos no puedes <\/i><\/span><span style=\"font-size: 14pt;\"><i>comprarlos. Est\u00e1bamos pidiendo la tarjeta sanitaria, es un derecho. Queremos trabajar, pero con derechos, y no como esclavas. Ninguna ha venido para salir a la calle, para estar expuesta a la violencia&#8230;no queremos violencia, no estamos acostumbradas a la violencia. Hemos venido a un pa\u00eds de esperanza, un pa\u00eds de derechos. Si no fuera as\u00ed, no nos hubieran mandado nuestras familias aqu\u00ed. Hemos venido con confianza, con la responsabilidad de la empresa y la responsabilidad del Mejzen* (AL MEJZEN es el estado marroqu\u00ed). Hemos venido con nuestros papeles en regla, de forma legal, y queremos seguir as\u00ed. Hemos venido sanas, con nuestros certificados que lo demuestran. Las que se enfermaron, les pas\u00f3 aqu\u00ed. Las que se enfermaron de ri\u00f1ones, de coraz\u00f3n, de alergias y de problemas de respiraci\u00f3n se enfermaron aqu\u00ed por las condiciones de trabajo. Lo normal es que las deben llevar al m\u00e9dico para curarlas. No hemos venido para ser violentadas, no podemos aceptarlo. No sabemos el idioma\u2026es un h\u00e1ndicap que no nos ayuda a hablar sobre nuestros derechos.\u00a0<\/i><\/span><\/p>\n<p style=\"text-align: justify; padding-left: 40px;\"><span style=\"font-size: 14pt;\"><b><i>NOTA: <\/i><\/b><i>Al-<\/i><i>mejzen: nombre dado a las autoridades en Marruecos desde la \u00e9poca del sult\u00e1n. En el contexto hace referencia al Estado Marroqu\u00ed. <\/i><\/span><\/p>\n<p style=\"padding-left: 40px; text-align: center;\"><span style=\"font-size: 14pt;\"><i>***<\/i><\/span><\/p>\n<p style=\"text-align: justify; padding-left: 40px;\"><span style=\"font-size: 14pt;\"><i> <\/i><b><i>WA0002- FATIMA 6:<span class=\"Apple-converted-space\">\u00a0<\/span><\/i><\/b><\/span><\/p>\n<p style=\"text-align: justify; padding-left: 40px;\"><span style=\"font-size: 14pt;\"><i>Hay quien ha dejado sus cosas en la finca y se fue. Han dejado todo\u2026su pasaporte, y se fueron con la Asociaci\u00f3n. Vino la Guardia Civil y la Asociaci\u00f3n. Si se hubieran quedado con el jefe, es posible que les hubiera hecho algo: quitarles el pasaporte o hacerles algo, y mandarlas a Marruecos. Para \u00e9l es todo sencillo; nosotras para \u00e9l somos como animales, no sabemos nada. Hemos venido con nuestra dignidad y no de forma clandestina. El acuerdo que acordamos en Marruecos no era cierto. Hemos firmado un contrato, ten\u00edamos un d\u00eda de descanso, 40 euros al d\u00eda, nos hablaron de las horas que \u00edbamos a trabajar\u2026 Si te enfermabas, te llevaban al m\u00e9dico. Las condiciones que firmamos no son las mismas. Nos dicen que vosotras en Marruecos trabajabais por solo 5 euros al d\u00eda. Es por eso que hemos dejado nuestro pa\u00eds para venir a trabajar aqu\u00ed, con nuestro sudor, y no deben tratarnos como sus criadas, no somos animales. Nos ha hecho sentir mal, odiar nuestras vidas. Cuando vamos al trabajo sentimos como si fuera que vamos al infierno; la encargada grita, tenemos que sacar una cantidad enorme de cajas. Personalmente llevo trabajando muchos a\u00f1os; he trabajado con otro jefe, y jam\u00e1s me pas\u00f3 lo que me pas\u00f3 en esta finca. Hubo muchos problemas: muchas mujeres fueron violentadas, el jefe acosa a las chicas. Hemos venido a trabajar o que nos acosa el jefe*. Una mujer embarazada fue violentada**, ella no quer\u00eda eso. No s\u00e9 d\u00f3nde est\u00e1 ahora, <\/i><\/span><span style=\"font-size: 14pt;\"><i>en Marruecos, o d\u00f3nde. Esta mujer si vuelve a Marruecos, va a tener problemas con su familia. (*) No s\u00e9 si es una pregunta o una afirmaci\u00f3n: 1- \u201cHemos venido a trabajar, no a que nos acose el jefe\u201d 2-\u201c\u00bfHemos venido a trabajar o a que nos acose el jefe?\u201d (**)Violentada o \u201cviolada\u201d <\/i><\/span><\/p>\n<p style=\"padding-left: 40px; text-align: center;\"><span style=\"font-size: 14pt;\"><i>*** <\/i><\/span><\/p>\n<p style=\"text-align: justify; padding-left: 40px;\"><span style=\"font-size: 14pt;\"><b><i>WA0000 \u2013FATIMA<\/i><\/b><\/span><span style=\"font-size: 14pt;\"><b><i>\u00a07:\u00a0<\/i><\/b><i>El d\u00eda que vino la Asociaci\u00f3n y algunas chicas fueron captadas por las 106 c\u00e1maras, cuando vieron el v\u00eddeo en la oficina, nos dijeron que ma\u00f1ana no hay trabajo, as\u00ed que no hemos trabajado. A las 7 de la ma\u00f1ana, est\u00e1bamos todav\u00eda dormidas, escuchamos gritos, no sab\u00edamos qu\u00e9 estaba pasando. Llam\u00f3 a la puerta, y nos dijo que le di\u00e9semos el pasaporte. Le entregamos el pasaporte y le preguntamos qu\u00e9 pasaba: nos dijo que nos ten\u00edamos que ir a Marruecos, \u00bfpor qu\u00e9? Miran los pasaportes, a todas las que han salido en las c\u00e1maras le quitaron el pasaporte. Era Ramad\u00e1n\u2026 las chicas todas sorprendidas; hay quienes han recogido sus cosas y quienes no. Ten\u00edan que salir de inmediato, cogieron su dinero delante de la oficina a toda prisa. Hay quienes todav\u00eda no se hab\u00edan lavado la cara, acababan de despertar, y ten\u00edan que irse. Hay algunas que no quisieron ir porque hab\u00edan trabajado solo 15 d\u00edas o menos, porque han salido en las c\u00e1maras, porque han hablado. Nosotras solo hemos hablado de nuestros derechos; nos han preguntado y hemos contado la verdad. Hemos venido a trabajar con un contrato; hay quienes han pedido un pr\u00e9stamo para poder venir aqu\u00ed, han dejado a sus hijos y su familia. Una pobre mujer, un poco mayor, estaba delicada de salud. Te juro por Dios\u2026ha trabajado solo 3 d\u00edas, ni siquiera quisieron llevarla a Marruecos antes. Le dijeron que tienes que buscar dinero para la vuelta; est\u00e1bamos pensando en hacer un recolecta las mujeres entre nosotras para poder pagarle el bus de vuelta.<span class=\"Apple-converted-space\">\u00a0<\/span><\/i><\/span><\/p>\n<p style=\"text-align: justify; padding-left: 40px;\"><span style=\"font-size: 14pt;\"><i>Es verdad que esta mujer no sab\u00eda trabajar. Pero aun as\u00ed, al menos, deben llevarla a su pa\u00eds de vuelta. Estaba m\u00e1s de un mes, dando vueltas por all\u00ed, pidiendo\u2026Cada una de nosotras le d\u00e1bamos algo de comer. Una mujer se ha roto la pierna, el accidente pas\u00f3 por la noche sobre las doce. Estaba gritando, y nadie la llev\u00f3 al m\u00e9dico. Escuchamos sus gritos y fuimos a verla, hemos estado junto a ella una cuantas. Fueron las chicas a avisar y pedir ayuda, pero nada. Estuvo as\u00ed hasta la ma\u00f1ana, que es cuando llamaron para llevarla al m\u00e9dico: la llevaron a Huelva, all\u00ed la operaron. Ahora est\u00e1 en Marruecos, la mandaron con las maletas. Ella necesita seguir con las revisiones de su m\u00e9dico, en Marruecos no va a ir a ning\u00fan m\u00e9dico. Hasta sus papeles del m\u00e9dico de aqu\u00ed no los tiene, se los quitaron para no poder reclamar sus derechos all\u00ed en Marruecos a ANAPEC. Es un accidente de <\/i><\/span><span style=\"font-size: 14pt;\"><i>trabajo, le pas\u00f3 en la finca. Ha venido a trabajar y ha vuelto sin dinero, sin salud, sin nada \u2026 nada le puede devolver su saludo ni su dinero ni nada. <\/i><\/span><\/p>\n<p style=\"padding-left: 40px; text-align: center;\"><span style=\"font-size: 14pt;\"><i>*** <\/i><\/span><\/p>\n<p style=\"text-align: justify; padding-left: 40px;\"><span style=\"font-size: 14pt;\"><b><i>WA0015- FATIMA 8: <\/i><\/b><i>Hola, soy F\u00e1tima. Estuve en la empresa Do\u00f1ana, de las mujeres que tuvimos problemas all\u00ed. Aquello existe, estuve presente. Lo he visto todo: las mujeres que han sufrido acoso por parte del jefe, Antonio. Hay tres jefes, dos casi no hablan con nosotras, no nos dicen nada, la verdad. Si alguien no he visto, no voy a decir mentiras. Pero en cuanto a Antonio, acosa a la mujeres; \u00e9l no distingue entre casadas y no casadas. Hubo represi\u00f3n. Como no hay ni trasporte ni nada, las mujeres salen a la calle para poder desplazarse, y sufren acoso por parte de los rumanos y otros. Hab\u00eda mujeres que se acercaban a las mujeres para convencerlas de que salieran con rumanos o con otros; las mujeres no aceptaron eso, hay quien acept\u00f3 y quien no. Ninguna va a aceptar eso, ninguna va a querer que su jefe abuse de ella. El jefe acosa a una y le pide el tel\u00e9fono. Si le dice que no, tiene miedo de no volver. Les dice que no vas a volver a trabajar conmigo, no voy a mandarte el contrato, y las mujeres tienen miedo. Las mujeres que se escaparon est\u00e1n ahora con una Asociaci\u00f3n, es la asociaci\u00f3n la que las protegi\u00f3. No sabemos qu\u00e9 va a pasar con ellas, espero que haya justicia. <\/i><\/span><\/p>\n<p style=\"text-align: justify; padding-left: 40px;\"><span style=\"font-size: 14pt;\"><b>&#8212; DOCUMENTO N\u00daM. 8, <\/b>ACTA DE MANIFESTACIONES REALIZADA POR LA TESTIGO DO\u00d1A N. B., mayor de edad, con domicilio en Marruecos, ante autoridades marroqu\u00edes, junto con su traducci\u00f3n jurada<b>.<\/b><\/span><\/p>\n<p>&nbsp;<\/p>\n<p><img loading=\"lazy\" decoding=\"async\" class=\"aligncenter  wp-image-2234524\" src=\"https:\/\/puntocritico.com\/ausajpuntocritico\/wp-content\/uploads\/2021\/11\/Captura-de-pantalla-2021-11-24-a-las-18.38.05-231x300.png\" alt=\"\" width=\"591\" height=\"768\" data-id=\"2234524\" srcset=\"https:\/\/puntocritico.com\/ausajpuntocritico\/wp-content\/uploads\/2021\/11\/Captura-de-pantalla-2021-11-24-a-las-18.38.05-231x300.png 231w, https:\/\/puntocritico.com\/ausajpuntocritico\/wp-content\/uploads\/2021\/11\/Captura-de-pantalla-2021-11-24-a-las-18.38.05.png 541w\" sizes=\"auto, (max-width: 591px) 100vw, 591px\" \/><\/p>\n<p style=\"text-align: center;\"><span style=\"color: #39d477;\"><strong><span style=\"font-size: 14pt;\">Traducci\u00f3n jurada de do\u00f1a N. B.<\/span><\/strong><\/span><\/p>\n<p>&nbsp;<\/p>\n<p style=\"text-align: justify; padding-left: 40px;\"><span style=\"font-size: 14pt;\"><b>&#8212; DOCUMENTO NUM. 9, <\/b><a href=\"https:\/\/puntocritico.com\/ausajpuntocritico\/documentos\/Jurado11062018_Declaracion_de_Oscar_SAT_editorial.pdf\" target=\"_blank\" rel=\"noopener\" data-schema-attribute=\"\">DECLARACIONES JURADAS DE OSCAR REINA<\/a>, MERCEDES DOMINGUEZ Y JOSE ANTONIO BRAZO REGALADO, que, como un todo, se aportan. <\/span><\/p>\n<p style=\"text-align: justify; padding-left: 40px;\"><span style=\"font-size: 14pt;\"><b>&#8212; DOCUMENTO NUM. 10, <\/b>INFORME PERICIAL CHADIA ARAB y MUSTAPHA AZAITRAOUI, con su traducci\u00f3n, as\u00ed como curriculum vitae de ambos, que, como un todo, se aportan.<span class=\"Apple-converted-space\">\u00a0<\/span><\/span><\/p>\n<p><img loading=\"lazy\" decoding=\"async\" class=\"aligncenter  wp-image-2229460\" src=\"https:\/\/puntocritico.com\/ausajpuntocritico\/wp-content\/uploads\/2021\/10\/Informe-Chadia-229x300.jpg\" alt=\"\" width=\"538\" height=\"705\" data-id=\"2229460\" srcset=\"https:\/\/puntocritico.com\/ausajpuntocritico\/wp-content\/uploads\/2021\/10\/Informe-Chadia-229x300.jpg 229w, https:\/\/puntocritico.com\/ausajpuntocritico\/wp-content\/uploads\/2021\/10\/Informe-Chadia-610x799.jpg 610w, https:\/\/puntocritico.com\/ausajpuntocritico\/wp-content\/uploads\/2021\/10\/Informe-Chadia.jpg 619w\" sizes=\"auto, (max-width: 538px) 100vw, 538px\" \/><\/p>\n<p style=\"text-align: justify; padding-left: 40px;\"><span style=\"font-size: 14pt;\">&#8212; <b>DOCUMENTO N\u00daM. 11, HISTORIALES CL\u00cdNICOS DE LAS DENUNCIANTES<\/b>, correspondiente a su estancia en Huelva, acreditativos del car\u00e1cter no potable del agua que estaban obligadas a beber, de la falta reiterada de atenci\u00f3n m\u00e9dica exigida; un dolo eventual de propagar una Infecci\u00f3n de Paperas, al no llevar al Hospital a una de las ahora denunciantes, ente otros extremos de inter\u00e9s. <\/span><\/p>\n<p style=\"text-align: justify; padding-left: 40px;\"><span style=\"font-size: 14pt;\">&#8212; <b>DOCUMENTO NUM. 12, <\/b>Informe psicol\u00f3gico del Instituto Andaluz de la Mujer respecto a las diez Temporeras denunciantes.<\/span><\/p>\n<p style=\"text-align: justify; padding-left: 40px;\"><span style=\"font-size: 14pt;\"><b>&#8212; DOCUMENTO NUM. 13, <\/b>Video de Diego Ca\u00f1amero, emitido por la cadena La Sexta, en la que el entonces Diputado habla con un representante de la empresa en el d\u00eda 3 de junio de 2018.<\/span><\/p>\n<p>&nbsp;<\/p>\n<div style=\"padding: 56.11% 0 0 0; position: relative;\"><iframe loading=\"lazy\" style=\"position: absolute; top: 0; left: 0; width: 100%; height: 100%;\" title=\"Se paga el martes\" src=\"\/\/player.vimeo.com\/video\/278945761?title=0&amp;amp;byline=0\" width=\"425\" height=\"350\" frameborder=\"0\" allowfullscreen=\"allowfullscreen\" data-mce-fragment=\"1\"><\/iframe><\/div>\n<p><script src=\"https:\/\/player.vimeo.com\/api\/player.js\"><\/script><\/p>\n<p>&nbsp;<\/p>\n<p style=\"text-align: justify; padding-left: 40px;\"><span style=\"font-size: 14pt;\"><b>&#8212; DOCUMENTO NUM. 14, <\/b>Audio grabado por la denunciante do\u00f1a H. H., en el que mantiene una conversaci\u00f3n con la manijera de origen rumano de la empresa, \u201cJurima\u201d, en la que se le pide dinero a la trabajadora para poder ser llevada al m\u00e9dico. <\/span><\/p>\n<p style=\"text-align: justify; padding-left: 40px;\"><span style=\"font-size: 14pt;\"><b>&#8212; DOCUMENTO NUM. 15, <\/b>Decretos de admisi\u00f3n de demanda y se\u00f1alamientos habidos en el orden social respecto a todas las denunciantes, especific\u00e1ndose que por cada trabajadora hay dos procesos: despido y tutela de derechos fundamentales, siendo as\u00ed un total de veinte procesos (total 22 archivos).<\/span><\/p>\n<p style=\"text-align: justify; padding-left: 40px;\"><span style=\"font-size: 14pt;\"> <b>&#8212;DOCUMENTO NUM. 16, <\/b><a href=\"https:\/\/vimeo.com\/273988855\" target=\"_blank\" rel=\"noopener\" data-schema-attribute=\"\">Video difundido por la periodista Lucia M. L.<\/a>, grabado en la finca denunciada con anterioridad a los hechos del d\u00eda 1 de junio. <\/span><\/p>\n<p style=\"text-align: justify; padding-left: 40px;\"><span style=\"font-size: 14pt;\"><b>&#8212;DOCUMENTO NUM. 17, <\/b>Texto Ofertas ANAPEC referidas a los Contingentes de los a\u00f1os 2018 y 2019, con su correspondiente traducci\u00f3n por traductor jurado (3 archivos).<\/span><\/p>\n<p style=\"text-align: justify; padding-left: 40px;\"><img loading=\"lazy\" decoding=\"async\" class=\"aligncenter  wp-image-2234370\" src=\"https:\/\/puntocritico.com\/ausajpuntocritico\/wp-content\/uploads\/2021\/11\/3.-traduccion-OFERTA-ANAPEC_page-0001-212x300.jpg\" alt=\"\" width=\"511\" height=\"723\" data-id=\"2234370\" srcset=\"https:\/\/puntocritico.com\/ausajpuntocritico\/wp-content\/uploads\/2021\/11\/3.-traduccion-OFERTA-ANAPEC_page-0001-212x300.jpg 212w, https:\/\/puntocritico.com\/ausajpuntocritico\/wp-content\/uploads\/2021\/11\/3.-traduccion-OFERTA-ANAPEC_page-0001-724x1024.jpg 724w, https:\/\/puntocritico.com\/ausajpuntocritico\/wp-content\/uploads\/2021\/11\/3.-traduccion-OFERTA-ANAPEC_page-0001-768x1086.jpg 768w, https:\/\/puntocritico.com\/ausajpuntocritico\/wp-content\/uploads\/2021\/11\/3.-traduccion-OFERTA-ANAPEC_page-0001-1086x1536.jpg 1086w, https:\/\/puntocritico.com\/ausajpuntocritico\/wp-content\/uploads\/2021\/11\/3.-traduccion-OFERTA-ANAPEC_page-0001-610x863.jpg 610w, https:\/\/puntocritico.com\/ausajpuntocritico\/wp-content\/uploads\/2021\/11\/3.-traduccion-OFERTA-ANAPEC_page-0001.jpg 1240w\" sizes=\"auto, (max-width: 511px) 100vw, 511px\" \/><span style=\"font-size: 14pt;\"><b>&#8212;DOCUMENTO NUM. 18, <\/b>Noticia publicada en el diario Huelva Informaci\u00f3n, en su edici\u00f3n digital, el pasado d\u00eda 5 de junio de 2018 (https:\/\/www.huelvainformacion.es\/provincia\/campana-desploma_0_1251775110.html), en la que se recogen manifestaciones tanto de uno de los hermanos Matos, hablando de Inspecci\u00f3n de trabajo antes de que la visita a la finca donde estaban las Temporeras denunciantes se produjera alg\u00fan d\u00eda despu\u00e9s, y del Secretario General del SAT, contando que hab\u00eda sido objeto de soborno. <\/span><\/p>\n<p style=\"text-align: justify; padding-left: 40px;\"><span style=\"font-size: 14pt;\"><b>&#8212; DOCUMENTO NUM. 19, <\/b>Informe emitido por Inspecci\u00f3n de trabajo ad hoc para su incorporaci\u00f3n a los Juzgados de lo Social, tras petici\u00f3n de expediente completo por parte de la representaci\u00f3n de la parte actora, en concreto fue aportado al Juzgado de lo Social num. 1 de Huelva, procedimiento despido 692\/2018. 163<span class=\"Apple-converted-space\">\u00a0<\/span><\/span><\/p>\n<p style=\"text-align: justify; padding-left: 40px;\"><span style=\"font-size: 14pt;\"><b>&#8212; DOCUMENTO NUM. 20, <\/b>Denuncia ante inspecci\u00f3n de trabajo efectuada por mis mandantes en fecha 4 de junio de 2018.<\/span><\/p>\n<p><img loading=\"lazy\" decoding=\"async\" class=\"aligncenter  wp-image-2232337\" src=\"https:\/\/puntocritico.com\/ausajpuntocritico\/wp-content\/uploads\/2021\/11\/l2nAbysr26zgcdhm85sd605ys2wb80lkqppk6A977dA7d6cmnhb49nls6216j1ssnfk63j05gwksxm549lg8xq4qzvfmtmvphnft97qt291xfcj8bc3Aly5t31q66yr37m9bs59yjfjv54jlc7n8vjygdqAlhyx9g10bvdjv2dzt84gpvggq-212x300.jpeg\" alt=\"\" width=\"463\" height=\"655\" data-id=\"2232337\" srcset=\"https:\/\/puntocritico.com\/ausajpuntocritico\/wp-content\/uploads\/2021\/11\/l2nAbysr26zgcdhm85sd605ys2wb80lkqppk6A977dA7d6cmnhb49nls6216j1ssnfk63j05gwksxm549lg8xq4qzvfmtmvphnft97qt291xfcj8bc3Aly5t31q66yr37m9bs59yjfjv54jlc7n8vjygdqAlhyx9g10bvdjv2dzt84gpvggq-212x300.jpeg 212w, https:\/\/puntocritico.com\/ausajpuntocritico\/wp-content\/uploads\/2021\/11\/l2nAbysr26zgcdhm85sd605ys2wb80lkqppk6A977dA7d6cmnhb49nls6216j1ssnfk63j05gwksxm549lg8xq4qzvfmtmvphnft97qt291xfcj8bc3Aly5t31q66yr37m9bs59yjfjv54jlc7n8vjygdqAlhyx9g10bvdjv2dzt84gpvggq-724x1024.jpeg 724w, https:\/\/puntocritico.com\/ausajpuntocritico\/wp-content\/uploads\/2021\/11\/l2nAbysr26zgcdhm85sd605ys2wb80lkqppk6A977dA7d6cmnhb49nls6216j1ssnfk63j05gwksxm549lg8xq4qzvfmtmvphnft97qt291xfcj8bc3Aly5t31q66yr37m9bs59yjfjv54jlc7n8vjygdqAlhyx9g10bvdjv2dzt84gpvggq-768x1086.jpeg 768w, https:\/\/puntocritico.com\/ausajpuntocritico\/wp-content\/uploads\/2021\/11\/l2nAbysr26zgcdhm85sd605ys2wb80lkqppk6A977dA7d6cmnhb49nls6216j1ssnfk63j05gwksxm549lg8xq4qzvfmtmvphnft97qt291xfcj8bc3Aly5t31q66yr37m9bs59yjfjv54jlc7n8vjygdqAlhyx9g10bvdjv2dzt84gpvggq-1087x1536.jpeg 1087w, https:\/\/puntocritico.com\/ausajpuntocritico\/wp-content\/uploads\/2021\/11\/l2nAbysr26zgcdhm85sd605ys2wb80lkqppk6A977dA7d6cmnhb49nls6216j1ssnfk63j05gwksxm549lg8xq4qzvfmtmvphnft97qt291xfcj8bc3Aly5t31q66yr37m9bs59yjfjv54jlc7n8vjygdqAlhyx9g10bvdjv2dzt84gpvggq-610x862.jpeg 610w, https:\/\/puntocritico.com\/ausajpuntocritico\/wp-content\/uploads\/2021\/11\/l2nAbysr26zgcdhm85sd605ys2wb80lkqppk6A977dA7d6cmnhb49nls6216j1ssnfk63j05gwksxm549lg8xq4qzvfmtmvphnft97qt291xfcj8bc3Aly5t31q66yr37m9bs59yjfjv54jlc7n8vjygdqAlhyx9g10bvdjv2dzt84gpvggq.jpeg 1233w\" sizes=\"auto, (max-width: 463px) 100vw, 463px\" \/><\/p>\n<p><img loading=\"lazy\" decoding=\"async\" class=\"aligncenter  wp-image-2232336\" src=\"https:\/\/puntocritico.com\/ausajpuntocritico\/wp-content\/uploads\/2021\/11\/4Ad1nh1jgf91c36r3dbjhpmcpxwf5gt2cc7nhyc6vrv5lf7htszk5s1x7dzc0w0j8h5rzw2nl51jfh6868r21yAh8sm38xmf3lshxs8z2079qqAbtlx1j32r376x4s2bsqzyspAhgygzg5pl2z5x4kyx5pj57rh9nyyk1bAsdAg8bhyky311-213x300.jpeg\" alt=\"\" width=\"461\" height=\"649\" data-id=\"2232336\" srcset=\"https:\/\/puntocritico.com\/ausajpuntocritico\/wp-content\/uploads\/2021\/11\/4Ad1nh1jgf91c36r3dbjhpmcpxwf5gt2cc7nhyc6vrv5lf7htszk5s1x7dzc0w0j8h5rzw2nl51jfh6868r21yAh8sm38xmf3lshxs8z2079qqAbtlx1j32r376x4s2bsqzyspAhgygzg5pl2z5x4kyx5pj57rh9nyyk1bAsdAg8bhyky311-213x300.jpeg 213w, https:\/\/puntocritico.com\/ausajpuntocritico\/wp-content\/uploads\/2021\/11\/4Ad1nh1jgf91c36r3dbjhpmcpxwf5gt2cc7nhyc6vrv5lf7htszk5s1x7dzc0w0j8h5rzw2nl51jfh6868r21yAh8sm38xmf3lshxs8z2079qqAbtlx1j32r376x4s2bsqzyspAhgygzg5pl2z5x4kyx5pj57rh9nyyk1bAsdAg8bhyky311-726x1024.jpeg 726w\" sizes=\"auto, (max-width: 461px) 100vw, 461px\" \/><\/p>\n<p style=\"text-align: justify; padding-left: 40px;\"><span style=\"font-size: 14pt;\"><b>&#8212; DOCUMENTOS NUM. 21 a 24, <\/b>ambos inclusive, consistentes en petici\u00f3n de acceso a las grabaciones obrantes en autos respecto a las declaraciones habidas de do\u00f1a H. H. y los agentes de la Guardia Civil, resoluci\u00f3n de denegaci\u00f3n, recurso de reposici\u00f3n y Decreto de desestimaci\u00f3n de la reposici\u00f3n.<\/span><\/p>\n<p style=\"text-align: justify; padding-left: 40px;\"><span style=\"font-size: 14pt;\"><b>&#8212; DOCUMENTOS NUM. 25 a 28<\/b>, ambos inclusive, consistentes en queja gubernativa formulada frente a Juzgado de Instrucci\u00f3n num. 3 de la Palma por la falta de acceso a las actuaciones Diligencias previas 553\/2018 de ese Juzgado; Acuerdo de 8 de agosto de 2018, por la que se rechaza la queja al considerar el Juez Decano que no concurre las razones para la queja, ya que \u201clas actuaciones estaban siendo objeto de estudio con la finalidad de dar resoluci\u00f3n motivada y acordar las diligencias precisas para la instrucci\u00f3n\u201d, encontr\u00e1ndose las actuaciones fuera de la sede del Juzgado, lo que se encuentra justificado por la sobrecarga de trabajo del Juzgado, que justifica \u201cun estudio detallado\u201d, \u201chabida cuenta de los antecedentes en la tramitaci\u00f3n de la causa que (la) hacen especialmente compleja as\u00ed como su gravedad\u201d; petici\u00f3n de aclaraci\u00f3n, subsanaci\u00f3n y\/o complemento a la Resoluci\u00f3n anterior y Acuerdo de 10 de octubre de 2018 que decide no haber lugar a la aclaraci\u00f3n. <\/span><\/p>\n<p style=\"text-align: justify; padding-left: 40px;\"><span style=\"font-size: 14pt;\"><b>&#8212; DOCUMENTO 29, V<\/b>ideo en que uno de los empleadores amenaza a las trabajadoras con enviar a Marruecos, a sus familias, grabaciones de ellas.<\/span><\/p>\n<p>&nbsp;<\/p>\n<p><iframe loading=\"lazy\" title=\"Amenazas y prostituci\u00f3n\" src=\"https:\/\/player.vimeo.com\/video\/273988771?dnt=1&amp;app_id=122963\" width=\"264\" height=\"480\" frameborder=\"0\" allow=\"autoplay; fullscreen; picture-in-picture; clipboard-write\"><\/iframe><\/p>\n<p style=\"text-align: justify; padding-left: 40px;\"><span style=\"font-size: 14pt;\"><b>&#8212;DOCUMENTO NUM. 30, <\/b>Video de uno de los contenedores donde vivian las trabajadoras en el que se aprecian grand\u00edsimas goteras.<\/span><\/p>\n<p><iframe loading=\"lazy\" src=\"\/\/player.vimeo.com\/video\/273988792?title=0&amp;amp;byline=0\" width=\"550\" height=\"453\" allowfullscreen=\"allowfullscreen\"><\/iframe><\/p>\n<p style=\"text-align: justify; padding-left: 40px;\"><span style=\"font-size: 14pt;\"><b>Q) MAS DOCUMENTAL, <\/b>Se reitera se tengan por aportados a sus efectos la <a href=\"https:\/\/puntocritico.com\/2018\/08\/07\/damas-de-fresas-por-chadia-arab-denuncia-de-las-jornaleras-ante-audiencia-nacional\/\" target=\"_blank\" rel=\"noopener\" data-schema-attribute=\"\">denuncia\u00a0presentada en su d\u00eda ante Audiencia Nacional,<\/a> as\u00ed como toda la documental que fue rechazada en los presentes autos, a pesar de constar testimoniada por la propia Audiencia Nacional (solo se admiti\u00f3 por S. S\u00aa los documentos 35 a 41, siendo el inicial rechazo objeto de recurso no resuelto). La documentaci\u00f3n no fue devuelta.<span class=\"Apple-converted-space\">\u00a0<\/span><\/span><\/p>\n<p style=\"text-align: center;\">\u00a0<\/p>\n<p><a href=\"https:\/\/puntocritico.com\/ausajpuntocritico\/author\/punto-critico\/\" target=\"_blank\" rel=\"noopener\"><img loading=\"lazy\" decoding=\"async\" class=\"aligncenter wp-image-48\" src=\"https:\/\/puntocritico.com\/ausajpuntocritico\/wp-content\/uploads\/2016\/11\/Mosca_Punto_Cr\u00edtico_40.png\" alt=\"\" width=\"80\" height=\"80\" data-id=\"48\" \/><\/a><\/p>\n<p>&nbsp;<\/p>\n<p>&nbsp;<\/p>\n<p style=\"text-align: justify; padding-left: 40px;\">\u00a0<\/p>\n","protected":false},"excerpt":{"rendered":"<div class=\"mh-excerpt\"><p>INDICE ENTRADAS EN PUNTO CRITICO SOBRE DEMANDA DE AMPARO TEMPORERAS INDICE- Esclavitud en la Espa\u00f1a del Siglo XXI *** &nbsp; UNA INVESTIGACI\u00d3N IMPOSIBLE: prueba propuesta y denegada AUSAJ &nbsp; La prueba propuesta no ha sido <a class=\"mh-excerpt-more\" href=\"https:\/\/puntocritico.com\/ausajpuntocritico\/2021\/11\/25\/prueba-propuesta-y-denegada-temporeras\/\" title=\"TEMPORERAS CONTRA LA ESCLAVITUD: DEMANDA DE AMPARO CONSTITUCIONAL: Prueba propuesta y denegada en las Diligencias Previas 467\/2018, del Juzgado de Instrucci\u00f3n 1 de La Palma del Condado, Huelva.\">[&#8230;]<\/a><\/p>\n<\/div>","protected":false},"author":3,"featured_media":2234483,"comment_status":"open","ping_status":"closed","sticky":false,"template":"","format":"standard","meta":{"_acf_changed":false,"_exactmetrics_skip_tracking":false,"_exactmetrics_sitenote_active":false,"_exactmetrics_sitenote_note":"","_exactmetrics_sitenote_category":0,"footnotes":""},"categories":[12,6],"tags":[],"class_list":{"0":"post-2233701","1":"post","2":"type-post","3":"status-publish","4":"format-standard","5":"has-post-thumbnail","7":"category-corrupcion","8":"category-justicia"},"acf":[],"_links":{"self":[{"href":"https:\/\/puntocritico.com\/ausajpuntocritico\/wp-json\/wp\/v2\/posts\/2233701","targetHints":{"allow":["GET"]}}],"collection":[{"href":"https:\/\/puntocritico.com\/ausajpuntocritico\/wp-json\/wp\/v2\/posts"}],"about":[{"href":"https:\/\/puntocritico.com\/ausajpuntocritico\/wp-json\/wp\/v2\/types\/post"}],"author":[{"embeddable":true,"href":"https:\/\/puntocritico.com\/ausajpuntocritico\/wp-json\/wp\/v2\/users\/3"}],"replies":[{"embeddable":true,"href":"https:\/\/puntocritico.com\/ausajpuntocritico\/wp-json\/wp\/v2\/comments?post=2233701"}],"version-history":[{"count":0,"href":"https:\/\/puntocritico.com\/ausajpuntocritico\/wp-json\/wp\/v2\/posts\/2233701\/revisions"}],"wp:featuredmedia":[{"embeddable":true,"href":"https:\/\/puntocritico.com\/ausajpuntocritico\/wp-json\/wp\/v2\/media\/2234483"}],"wp:attachment":[{"href":"https:\/\/puntocritico.com\/ausajpuntocritico\/wp-json\/wp\/v2\/media?parent=2233701"}],"wp:term":[{"taxonomy":"category","embeddable":true,"href":"https:\/\/puntocritico.com\/ausajpuntocritico\/wp-json\/wp\/v2\/categories?post=2233701"},{"taxonomy":"post_tag","embeddable":true,"href":"https:\/\/puntocritico.com\/ausajpuntocritico\/wp-json\/wp\/v2\/tags?post=2233701"}],"curies":[{"name":"wp","href":"https:\/\/api.w.org\/{rel}","templated":true}]}}