{"id":22332,"date":"2019-09-30T00:05:01","date_gmt":"2019-09-29T22:05:01","guid":{"rendered":"https:\/\/puntocritico.com\/ausajpuntocritico\/?p=22332"},"modified":"2022-04-11T20:51:37","modified_gmt":"2022-04-11T18:51:37","slug":"22332","status":"publish","type":"post","link":"https:\/\/puntocritico.com\/ausajpuntocritico\/2019\/09\/30\/22332\/","title":{"rendered":"44 A\u00d1OS DE LAS \u00daLTIMAS EJECUCIONES DEL FRANQUISMO. \u201cSi nos tuvi\u00e9semos que ir todos los que un d\u00eda gritamos \u00a1Viva Franco!, aqu\u00ed qued\u00e1bamos cuatro\u201d (Jos\u00e9 Bono)"},"content":{"rendered":"<blockquote>\n<h1 class=\"entry-title\" style=\"text-align: center;\"><span style=\"font-size: 24pt;\">PSOE y bien atado<\/span><\/h1>\n<p style=\"text-align: justify;\"><span style=\"font-size: 14pt;\">Por Cristina Fallar\u00e1s<\/span><\/p>\n<p style=\"text-align: justify;\"><span style=\"font-size: 14pt;\"><a href=\"https:\/\/blogs.publico.es\/otrasmiradas\/23640\/psoe-y-bien-atado\/\" target=\"_blank\" rel=\"noopener\">P\u00fablico<\/a><\/span><\/p>\n<p style=\"text-align: justify;\"><img loading=\"lazy\" decoding=\"async\" class=\"aligncenter wp-image-22334\" src=\"https:\/\/puntocritico.com\/ausajpuntocritico\/wp-content\/uploads\/2019\/09\/Franco-era-del-PSOE-1.jpg\" alt=\"\" width=\"440\" height=\"246\" \/><\/p>\n<p>&nbsp;<\/p>\n<p style=\"text-align: justify;\"><span style=\"font-size: 14pt;\">UNO: Los miles de socialistas asesinados por los franquistas siguen en las innumerables fosas comunes que mantienen Espa\u00f1a como un hediondo gruyere. DOS: En las \u00faltimas cuatro d\u00e9cadas de democracia, el PSOE ha gobernado durante 22 a\u00f1os. Y TRES: Los criminales del franquismo y de la Transici\u00f3n siguen en la calle, condecorados, y en puestos de relevancia en la Administraci\u00f3n p\u00fablica colocados ah\u00ed, entre otros, por los distintos gobiernos socialistas.<\/span><\/p>\n<p style=\"text-align: justify;\"><span style=\"font-size: 14pt;\">Aqu\u00ed podr\u00eda terminar este art\u00edculo, m\u00e1s all\u00e1 de fallos del Supremo. A estas alturas\u2026<\/span><\/p>\n<p style=\"text-align: justify;\"><span style=\"font-size: 14pt;\">En esas tres frases est\u00e1n retratados la Espa\u00f1a actual como hija y heredera de una larga y sangrienta dictadura, y el PSOE actual como garante de que as\u00ed siga siendo.<\/span><\/p>\n<p style=\"text-align: justify;\"><span style=\"font-size: 14pt;\">Atado y bien atado.<\/span><\/p>\n<p style=\"text-align: justify;\"><span style=\"font-size: 14pt;\">Cuarenta a\u00f1os despu\u00e9s.<\/span><\/p>\n<p style=\"text-align: justify;\"><span style=\"font-size: 14pt;\">Socialistas en las fosas. Y las fosas sin abrir.<\/span><\/p>\n<p style=\"text-align: justify;\"><span style=\"font-size: 14pt;\">Y una pregunta que no puedo quitarme de la cabeza cada vez que hablo con alguna persona perteneciente al PSOE o simpatizante: \u00bfPor qu\u00e9 sigues permitiendo, segu\u00eds permitiendo, que vuestros asesinados y asesinadas, hombres y mujeres que se jugaron la vida por la libertad y la democracia, sigan sin sepultura, en cunetas como perros reventados de un mal tiro, mientras continu\u00e1is pagando, y oblig\u00e1ndonos a pagar, las honras del asesino? Siempre quedo a la espera de una triste respuesta que no llega, solo pido una \u00fanica raz\u00f3n, una, aunque sea dura y peque\u00f1a como el hueso chupado de una oliva.<\/span><\/p>\n<p style=\"text-align: justify;\"><span style=\"font-size: 14pt;\">Si no tienen razones ni memoria para los suyos, qu\u00e9 decir del resto. 140 a\u00f1os de Partido Socialista, responden. Oh.<\/span><\/p>\n<p style=\"text-align: justify;\"><span style=\"font-size: 14pt;\">Todo lo que puede manar de ah\u00ed no es m\u00e1s que el retrato de una infamia, la perpetrada por el Partido Socialista Obrero Espa\u00f1ol durante los 40 a\u00f1os que llevamos de democracia.<\/span><\/p>\n<p style=\"text-align: justify;\"><span style=\"font-size: 14pt;\">La infamia del PSOE que ha permitido que los criminales franquistas queden sin juzgar; y no s\u00f3lo eso, sino que hayan sido premiados con condecoraciones, plazas en la Administraci\u00f3n p\u00fablica y sus alrededores, y remuneraciones a cargo del erario. Pienso en Antonio Gonz\u00e1lez Pacheco,\u00a0<em>Billy El Ni\u00f1o<\/em>, brutal torturador a quien ni el reciente ministro de Interior socialista Fernando Grande-Marlaska ha sido capaz de retirar las medallas que lo ensalzan y multiplican su pensi\u00f3n. O en Mart\u00edn Villa, que ha recorrido cargo en todas las instancias de la Administraci\u00f3n e incluso del Grupo Prisa. Pienso tambi\u00e9n en c\u00f3mo encontramos normal que Manuel Fraga, preboste de la dictadura, c\u00f3mplice del crimen, fundara y presidiera un partido de gobierno, el PP, nido de franquistas, y encabezara durante d\u00e9cada y media el Gobierno gallego. O, sin ir m\u00e1s lejos, con qu\u00e9 soltura admitimos como \u201cgran estratega de la Transici\u00f3n\u201d y gran presidente, aeropuerto incluido, a uno de los delfines m\u00e1s afilados de la dictadura franquista, Adolfo Su\u00e1rez.<\/span><\/p>\n<p style=\"text-align: justify;\"><span style=\"font-size: 14pt;\">La infamia del PSOE que ha negado cualquier ayuda a los familiares de los cientos de miles de represaliados y asesinados del franquismo; que ha rechazado de plano aplicar el principio de Verdad, Justicia y Reparaci\u00f3n a aquellos que se jugaron la vida por cimentar la izquierda y la lucha por la democracia de la que ahora, sin sonrojo, se declara heredero el PSOE. Pienso en la reci\u00e9n fallecida Asunci\u00f3n Mendieta. En c\u00f3mo no cej\u00f3 hasta dar con los huesos de su padre en una fosa com\u00fan de Guadalajara, en lo que nada quiso tener que ver ning\u00fan Gobierno espa\u00f1ol. Fue posible gracias al trabajo de la Asociaci\u00f3n para la Recuperaci\u00f3n de la Memoria Hist\u00f3rica, a los fondos del Sindicato de Electricistas Noruego, al trabajo voluntario de antrop\u00f3logos forenses espa\u00f1oles, argentinos y brit\u00e1nicos\u2026 Recuerdo c\u00f3mo el jefe del grupo brit\u00e1nico me dijo \u201cEn Espa\u00f1a ustedes andan sobre cad\u00e1veres\u201d. Pienso en c\u00f3mo Patrimonio Nacional, en este gobiernito de Pedro S\u00e1nchez,\u00a0<a href=\"https:\/\/www.publico.es\/politica\/hermanos-lapena-y-exhumacion-del.html\" target=\"_blank\" rel=\"noopener\">acaba de volver a retrasar<\/a>\u00a0la exhumaci\u00f3n de los hermanos Lape\u00f1a en el Valle de los Ca\u00eddos sin razones cre\u00edbles que esgrimir, pese a la sentencia judicial favorable.<\/span><\/p>\n<p style=\"text-align: justify;\"><span style=\"font-size: 14pt;\">La infamia del PSOE que ha rechazado las peticiones internacionales para que asesinatos, torturas, juicios sumar\u00edsimos y dem\u00e1s cr\u00edmenes de lesa humanidad sean juzgados, ampar\u00e1ndose de forma torticera en la Ley de Amnist\u00eda del 77, una ley de punto final encubierta para dejar libres a los criminales de la dictadura. Todav\u00eda recuerdo con dolor en el martes 20 de marzo de 2018, \u00a1hace solo a\u00f1o y medio!. Izquierda Unida acababa de plantear la derogaci\u00f3n de dicha Ley. El PSOE se opuso, alegando, en palabras de Adriana Lastra, que crear\u00eda \u201cinseguridad pol\u00edtica\u201d. El socialista Gregorio C\u00e1mara fue a m\u00e1s afirmando que se trataba de \u201cuno de los pilares del pacto de la Transici\u00f3n\u201d. Nada nuevo. Ya el 20 de diciembre de 2016 Podemos hab\u00eda presentado una proposici\u00f3n no de Ley para modificar la Ley de Amnist\u00eda y que pudieran juzgarse, como dicta el derecho internacional, los casos de torturas, desapariciones forzosas y cr\u00edmenes de genocidio o lesa humanidad. De hecho, la ONU ya hab\u00eda instado al Gobierno espa\u00f1ol a hacerlo. Pues bien, tres partidos se opusieron a dicha modificaci\u00f3n que habr\u00eda permitido juzgar por fin los cr\u00edmenes franquistas: PP, Ciudadanos y, oh, sorpresa, el PSOE.<\/span><\/p>\n<p style=\"text-align: justify;\"><span style=\"font-size: 14pt;\">La infamia de pactar, negociar y participar en todas las grandes empresas procedentes del franquismo, dinero de sangre, tales como Gas Natural, OHL, ACS, Acciona o Iberdrola, e incluso participar en sus consejos de Administraci\u00f3n. As\u00ed como permitir que funcionen como corruptoras de todas las basuras que llevan a\u00f1os pudriendo a los partidos pol\u00edticos, sin recibir condena alguna. Ver a los capitostes del PSOE, ex presidente, ex ministros y ministras, chupando de esa teta de la que manan el sudor y la tierra que quedaron entre las u\u00f1as de los esclavos republicanos.<\/span><\/p>\n<p style=\"text-align: justify;\"><span style=\"font-size: 14pt;\">La infamia, en fin, de fingir que una democracia puede crecer y considerarse como tal sin haber castigado a la dictadura de la que proceden sus instituciones, incluida la Corona, su jefatura de Estado, impuesta directamente por el dictador, y por lo tanto, aunque solo fuera por eso, sima de corrupci\u00f3n. De seguir engordando a la Iglesia cat\u00f3lica y mantener intacto el tratado con la Santa Sede, que desv\u00eda m\u00e1s de 11.000 millones de euros de dinero p\u00fablico cada a\u00f1o a sus arcas; de no revertir el regalo a sus buitres de catedrales, iglesias, ermitas, conventos, joyas culturales de incalculable valors que eran p\u00fablicos.<\/span><\/p>\n<p style=\"text-align: justify;\"><span style=\"font-size: 14pt;\">Se podr\u00eda hablar de los desahucios, de la Ley Mordaza, de la Reforma Laboral, la incompleta Ley de Violencia de G\u00e9nero, las concertinas en la frontera, de los 12 millones de pobres que habitan en Espa\u00f1a seg\u00fan la OCDE, de los cuales m\u00e1s de dos millones y medio son ni\u00f1os. Se podr\u00eda hablar de muchas cosas, pero todas nacen de un mismo tub\u00e9rculo agusanado: un pa\u00eds en el que el partido llamado \u201csocialista\u201d pact\u00f3 con la dictadura, pact\u00f3 con los criminales, pact\u00f3 con el capital de sangre esclava, pact\u00f3 no tocar nada de eso. Ese partido \u201csocialista\u201d, el \u00fanico que pod\u00eda hacerlo, decidi\u00f3 no optar por la decencia, por la justicia y por la verdad. Y con esa opci\u00f3n nos conden\u00f3 al lugar en el que nos encontramos, donde todo es mentira. Mentira sembrada de fosas cuajadas de huesos que permiten y perpet\u00faan escud\u00e1ndose tras la exhumaci\u00f3n del dictador.<\/span><\/p>\n<p style=\"text-align: justify;\"><span style=\"font-size: 14pt;\">Todo lo anterior habr\u00eda resultado imposible sin el papel activo de los medios de comunicaci\u00f3n.<\/span><\/p>\n<p style=\"text-align: justify;\"><span style=\"font-size: 14pt;\">Este domingo 22 de septiembre, la vicepresidenta del Gobierno en funciones, Carmen Calvo, declaraba\u00a0<a href=\"https:\/\/elpais.com\/politica\/2019\/09\/21\/actualidad\/1569068271_822754.html\" target=\"_blank\" rel=\"noopener\">en una entrevista al diario\u00a0<em>El Pa\u00eds<\/em><\/a>: \u201cYo conf\u00edo mucho en la madurez y en el olfato que tiene la inmensa mayor\u00eda de este pa\u00eds.\u00a0<strong>Salimos de una manera tan brillante de una dictadura a la democracia sin un solo roce de violencia, salvo ETA<\/strong>\u201d. Inmediatamente, muchas personas con memoria le recordaron en las redes sociales los m\u00e1s de 600 muertos de la \u201cmod\u00e9lica\u201d Transici\u00f3n, no pocos de ellos asesinados por lo que podr\u00edamos llamar \u201cpoderes del Estado\u201d. Lo primero que una se pregunta al leer dicha afirmaci\u00f3n es: \u00bfC\u00f3mo se atreve? \u00bfC\u00f3mo se atreve a decir que salimos \u201cde manera tan brillante de una dictadura\u201d cuando a\u00fan pagamos el sueldo del jefe de Estado, rey para m\u00e1s inri, que coloc\u00f3 el dictador? \u00bfC\u00f3mo se atreve a olvidar las matanzas y las torturas llevadas a cabo desde estamentos institucionales y policiales? \u00bfC\u00f3mo se atreve sencillamente a decir \u201csalimos\u201d?<\/span><\/p>\n<p style=\"text-align: justify;\"><span style=\"font-size: 14pt;\">Se atreve por todo lo anteriormente expuesto.<\/span><\/p>\n<p style=\"text-align: justify;\"><span style=\"font-size: 14pt;\">No s\u00e9 si da m\u00e1s miedo la frialdad de todos ellos o la evidencia de que los suyos decidieron hace tiempo no abrir los ojos.<\/span><\/p>\n<\/blockquote>\n<p style=\"text-align: center;\"><span style=\"font-size: 14pt; color: #008000;\">\u2666\u2666\u2666\u2666\u2666<\/span><\/p>\n<p>&nbsp;<\/p>\n<figure id=\"attachment_22336\" aria-describedby=\"caption-attachment-22336\" style=\"width: 510px\" class=\"wp-caption aligncenter\"><img loading=\"lazy\" decoding=\"async\" class=\"wp-image-22336\" src=\"https:\/\/puntocritico.com\/ausajpuntocritico\/wp-content\/uploads\/2019\/09\/PPSOE-1.jpg\" alt=\"\" width=\"510\" height=\"286\" \/><figcaption id=\"caption-attachment-22336\" class=\"wp-caption-text\"><span style=\"color: #008000;\">\u201c<em>Si nos tuvi\u00e9semos que ir todos los que un d\u00eda gritamos \u00a1Viva Franco!, aqu\u00ed qued\u00e1bamos cuatro<\/em>\u201d (Jos\u00e9 Bono)<\/span><\/figcaption><\/figure>\n<p style=\"text-align: center;\">\u00a0<\/p>\n<p style=\"text-align: justify;\"><span style=\"font-size: 14pt;\"><strong>-Jos\u00e9 Luis Rodr\u00edguez Zapatero:<\/strong>\u00a0hijo de Juan Rodr\u00edguez Garc\u00eda-Lozano, abogado y asesor jur\u00eddico del Ayuntamiento de Le\u00f3n durante el r\u00e9gimen de Franco. Su abuelo, Juan Rodr\u00edguez, fue capit\u00e1n e hijo del teniente de infanter\u00eda Sebasti\u00e1n Rodr\u00edguez. En 1934 a consecuencia de la huelga convocada por el PSOE y la UGT, particip\u00f3 en la represi\u00f3n de los mineros asturianos levantados en armas el 5 de octubre.<\/span><\/p>\n<p style=\"text-align: justify;\"><span style=\"font-size: 14pt;\"><strong>-Sonsoles Espinosa D\u00edaz:<\/strong>\u00a0esposa del ex presidente Rodr\u00edguez Zapatero. Su padre fue oficial de Intendencia y profesor en la Academia de Intendencia de Avila durante el r\u00e9gimen de Franco.<\/span><\/p>\n<p style=\"text-align: justify;\"><span style=\"font-size: 14pt;\"><strong>-Alfredo P\u00e9rez Rubalcaba:<\/strong>\u00a0su padre fue un suboficial del Ej\u00e9rcito del Aire durante el r\u00e9gimen franquista.<\/span><\/p>\n<p style=\"text-align: justify;\"><span style=\"font-size: 14pt;\"><strong>-Mar\u00eda Teresa Fern\u00e1ndez de la Vega Sanz:<\/strong>\u00a0Hija de Wenceslao Fern\u00e1ndez de la Vega y Lomb\u00e1n, delegado Provincial de Trabajo en Zaragoza con Franco. Fue condecorado con la Medalla al M\u00e9rito en el Trabajo en el 32\u00ba aniversario del \u201cAlzamiento Nacional\u201d el 18 de julio de 1971.<\/span><\/p>\n<p style=\"text-align: justify;\"><span style=\"font-size: 14pt;\"><strong>-Manuel Chaves:<\/strong>\u00a0hijo de Antonio Chaves Pla: coronel de Artiller\u00eda con Franco. Fue condecorado por el Caudillo y cuando era comandante, fue Jefe de las tropas nacionales en el norte de \u00c1frica. Su madre fue la jefa de la Secci\u00f3n Femenina de Falange y de las JONS en Ceuta.<\/span><\/p>\n<p style=\"text-align: justify;\"><span style=\"font-size: 14pt;\"><strong>-Jos\u00e9 Antonio Gri\u00f1\u00e1n:<\/strong>\u00a0Su padre, Octaviano Gri\u00f1\u00e1n Guti\u00e9rrez, fue miembro del Regimiento de la Guardia de Su Excelencia el Jefe del Estado, acuartelado en El Pardo.<\/span><\/p>\n<p style=\"text-align: justify;\"><span style=\"font-size: 14pt;\"><strong>-Jos\u00e9 Bono Mart\u00ednez:<\/strong>\u00a0su padre fue un alcalde falangista de El Salobre (Albacete), su n\u00famero de carnet de la Falange era el 230.096.<\/span><\/p>\n<p style=\"text-align: justify;\">\u00a0<\/p>\n<figure id=\"attachment_22339\" aria-describedby=\"caption-attachment-22339\" style=\"width: 390px\" class=\"wp-caption aligncenter\"><img loading=\"lazy\" decoding=\"async\" class=\"wp-image-22339\" src=\"https:\/\/puntocritico.com\/ausajpuntocritico\/wp-content\/uploads\/2019\/09\/psoe_franco_5-225x300.jpg\" alt=\"\" width=\"390\" height=\"520\" srcset=\"https:\/\/puntocritico.com\/ausajpuntocritico\/wp-content\/uploads\/2019\/09\/psoe_franco_5-225x300.jpg 225w, https:\/\/puntocritico.com\/ausajpuntocritico\/wp-content\/uploads\/2019\/09\/psoe_franco_5.jpg 500w\" sizes=\"auto, (max-width: 390px) 100vw, 390px\" \/><figcaption id=\"caption-attachment-22339\" class=\"wp-caption-text\"><span style=\"color: #008000;\">El Jueves<\/span><\/figcaption><\/figure>\n<p>&nbsp;<\/p>\n<p style=\"text-align: justify;\"><span style=\"font-size: 14pt;\"><strong>-Leire Paj\u00edn:<\/strong>\u00a0sus abuelos paternos eran los jefes del Movimiento falangista en Sabero (Le\u00f3n). Aurelia Echevarr\u00eda, era la jefa de la Secci\u00f3n Femenina de la Falange leonesa. Te\u00f3filo Pascual Paj\u00edn Tejerina, lleg\u00f3 incluso a recibir un premio de los Sindicatos Verticales franquistas en reconocimiento a su labor como administrativo de una mina.<\/span><\/p>\n<p style=\"text-align: justify;\"><span style=\"font-size: 14pt;\"><strong>-Mariano Fern\u00e1ndez Bermejo:<\/strong>\u00a0ex ministro socialista de Justicia, hijo de un alcalde franquista, que adem\u00e1s era jefe local de falange en Arenas de San Pedro (\u00c1vila).<\/span><\/p>\n<p style=\"text-align: justify;\"><span style=\"font-size: 14pt;\"><strong>-Felipe Gonz\u00e1lez M\u00e1rquez:<\/strong>\u00a0secretario general del Partido Socialista Obrero Espa\u00f1ol desde 1974 a 1997 y tercer presidente del Gobierno de la democracia en Espa\u00f1a, desde 1982 a 1996. Del ex presidente se conoce muy poco de su infancia, aunque s\u00ed, hay algunas fotos suyas de la Agencia EFE en las que se le presume un pasado falangista.<\/span><\/p>\n<p style=\"text-align: justify;\"><span style=\"font-size: 14pt;\"><strong>-Carmen Romero:<\/strong>\u00a0hija del que fuera coronel m\u00e9dico del Ej\u00e9rcito del Aire y concejal de Sevilla, Vicente Romero y P\u00e9rez de Le\u00f3n, que luch\u00f3 en el bando Nacional durante la guerra civil.<\/span><\/p>\n<p>&nbsp;<\/p>\n<figure id=\"attachment_22340\" aria-describedby=\"caption-attachment-22340\" style=\"width: 527px\" class=\"wp-caption aligncenter\"><img loading=\"lazy\" decoding=\"async\" class=\"wp-image-22340\" src=\"https:\/\/puntocritico.com\/ausajpuntocritico\/wp-content\/uploads\/2019\/09\/El-Jefe-de-Centuria-de-Falange.jpg\" alt=\"\" width=\"527\" height=\"248\" srcset=\"https:\/\/puntocritico.com\/ausajpuntocritico\/wp-content\/uploads\/2019\/09\/El-Jefe-de-Centuria-de-Falange.jpg 327w, https:\/\/puntocritico.com\/ausajpuntocritico\/wp-content\/uploads\/2019\/09\/El-Jefe-de-Centuria-de-Falange-300x141.jpg 300w, https:\/\/puntocritico.com\/ausajpuntocritico\/wp-content\/uploads\/2019\/09\/El-Jefe-de-Centuria-de-Falange-326x154.jpg 326w\" sizes=\"auto, (max-width: 527px) 100vw, 527px\" \/><figcaption id=\"caption-attachment-22340\" class=\"wp-caption-text\"><span style=\"color: #008000;\">No est\u00e1n, ni mucho menos, todos los que son; pero si son todos los que est\u00e1n<\/span><\/figcaption><\/figure>\n<p style=\"text-align: center;\"><span style=\"font-size: 14pt; color: #008000;\">\u2666\u2666\u2666\u2666\u2666<\/span><\/p>\n<p>&nbsp;<\/p>\n<h1 class=\"ue-c-article__headline js-headline\" style=\"text-align: center;\"><strong>44 a\u00f1os de las \u00faltimas ejecuciones del franquismo: \u00ab<em>Mi padre era el juez y recibi\u00f3 instrucciones de muy arriba para fusilarlos<\/em>\u00ab<\/strong><\/h1>\n<p class=\"ue-c-article__standfirst\" style=\"text-align: center;\"><em><strong><span style=\"font-size: 18pt;\">El hijo de uno de los jueces del Consejo de Guerra, familiares de las v\u00edctimas, abogados presentes en el fusilamiento e investigadores denuncian \u00abla verg\u00fcenza\u00bb del proceso y el horror en el pared\u00f3n<\/span><\/strong><\/em><\/p>\n<p class=\"ue-c-article__standfirst\" style=\"text-align: justify;\"><span style=\"font-size: 14pt;\">Por Rafael J. \u00c1lvarez<\/span><\/p>\n<p style=\"text-align: justify;\"><span style=\"font-size: 14pt;\"><a href=\"https:\/\/www.elmundo.es\/espana\/2019\/09\/27\/5d8cda4d21efa0122d8b458b.html\" target=\"_blank\" rel=\"noopener\">El Mundo<\/a><\/span><\/p>\n<p>&nbsp;<\/p>\n<p><img loading=\"lazy\" decoding=\"async\" class=\"aligncenter wp-image-22341 size-mh-magazine-content\" src=\"https:\/\/puntocritico.com\/ausajpuntocritico\/wp-content\/uploads\/2019\/09\/Anatom\u00eda-de-un-asesinato-legal-678x381.jpg\" alt=\"\" width=\"678\" height=\"381\" srcset=\"https:\/\/puntocritico.com\/ausajpuntocritico\/wp-content\/uploads\/2019\/09\/Anatom\u00eda-de-un-asesinato-legal-678x381.jpg 678w, https:\/\/puntocritico.com\/ausajpuntocritico\/wp-content\/uploads\/2019\/09\/Anatom\u00eda-de-un-asesinato-legal-300x169.jpg 300w, https:\/\/puntocritico.com\/ausajpuntocritico\/wp-content\/uploads\/2019\/09\/Anatom\u00eda-de-un-asesinato-legal-768x432.jpg 768w, https:\/\/puntocritico.com\/ausajpuntocritico\/wp-content\/uploads\/2019\/09\/Anatom\u00eda-de-un-asesinato-legal.jpg 999w\" sizes=\"auto, (max-width: 678px) 100vw, 678px\" \/><\/p>\n<p>&nbsp;<\/p>\n<blockquote>\n<p class=\"ue-c-article--first-letter-highlighted\" style=\"text-align: center;\"><span style=\"font-size: 14pt;\">\u00ab<em>Mi padre y yo o\u00edmos los tiros con los que estaban fusilando a mi hermano. Despu\u00e9s, como el sepulturero no quer\u00eda hacerse cargo, tuvimos que enterrarlo nosotros. Yo pegu\u00e9 unas cuantas paladas&#8230; me ayudaron dos polic\u00edas, un soldado y el cura. Fue el final de un consejo de guerra vergonzoso, sin testigos, con abogados expulsados y ni una prueba de culpabilidad. La camarilla de alrededor de\u00a0<a href=\"https:\/\/www.elmundo.es\/e\/fr\/francisco-franco.html\" target=\"_blank\" rel=\"noopener\">Franco\u00a0<\/a>quer\u00eda un escarmiento y les toc\u00f3 a ellos. Estaban sentenciados de antemano<\/em>\u00bb.<\/span><\/p>\n<\/blockquote>\n<p style=\"text-align: justify;\"><span style=\"font-size: 14pt;\">Eran cinco.<\/span><\/p>\n<p style=\"text-align: justify;\"><span style=\"font-size: 14pt;\">Al primero lo ejecutaron en un camino forestal en\u00a0<a href=\"https:\/\/www.elmundo.es\/catalunya\/barcelona.html\" target=\"_blank\" rel=\"noopener\">Barcelona<\/a>.<\/span><\/p>\n<p style=\"text-align: justify;\"><span style=\"font-size: 14pt;\">Al segundo junto a la tapia de la prisi\u00f3n de\u00a0<a href=\"https:\/\/www.elmundo.es\/castilla-y-leon\/burgos.html\" target=\"_blank\" rel=\"noopener\">Burgos<\/a>.<\/span><\/p>\n<p style=\"text-align: justify;\"><span style=\"font-size: 14pt;\">Al tercero, al cuarto y al quinto en un talud de un campo de tiro militar en\u00a0<a href=\"https:\/\/www.elmundo.es\/madrid.html\" target=\"_blank\" rel=\"noopener\">Madrid<\/a>.<\/span><\/p>\n<p style=\"text-align: justify;\"><span style=\"font-size: 14pt;\">Pelotones de fusilamiento compuestos por polic\u00edas y guardias civiles que se hab\u00edan presentado voluntarios mataron a los cinco condenados en la ma\u00f1ana del s\u00e1bado 27 de septiembre de 1975.<\/span><\/p>\n<p style=\"text-align: justify;\"><span style=\"font-size: 14pt;\">Ahora, casi medio siglo despu\u00e9s,\u00a0<strong>Fernando Baena<\/strong>, que escuch\u00f3 las descargas a unos cientos de metros de aquel pared\u00f3n de tierra, habla por primera vez para un medio de comunicaci\u00f3n. Es el hermano de<strong>\u00a0Xos\u00e9 Humberto Baena<\/strong>, el \u00faltimo de los \u00faltimos fusilados del franquismo. El \u00faltimo ejecutado en la Historia de\u00a0<a href=\"https:\/\/www.elmundo.es\/espana.html\" target=\"_blank\" rel=\"noopener\">Espa\u00f1a<\/a>.<\/span><\/p>\n<p style=\"text-align: justify;\"><span style=\"font-size: 14pt;\">Hoy har\u00e1 44 a\u00f1os.<\/span><\/p>\n<p style=\"text-align: justify;\"><span style=\"font-size: 14pt;\">Apenas dos meses antes de su propia muerte, el dictador dej\u00f3 un testamento de sangre que cuatro d\u00e9cadas y media despu\u00e9s sigue espantando a los Derechos Humanos e incluso a la memoria de algunos de los que estuvieron en el lado franquista de esta historia. \u00abMi padre estaba apesadumbrado. Recibi\u00f3 instrucciones de muy arriba porque ya los ten\u00edan sentenciados. \u00c9l me dijo que estaba arrepentido de lo que tuvo que hacer\u00bb. Habla\u00a0<strong>Ignacio Mart\u00edn Amaro<\/strong>, hijo del coronel\u00a0<strong>Mariano Mart\u00edn Benavides<\/strong>, el juez de uno de los tres consejos de guerra que dictaron las penas de muerte.<\/span><\/p>\n<h2 class=\"ue-c-article__subheadline\" style=\"text-align: justify;\"><span style=\"font-size: 14pt;\">\u00abENLOQUECIDO PROCESO REPRESIVO\u00bb<\/span><\/h2>\n<p style=\"text-align: justify;\"><span style=\"font-size: 14pt;\">Los fusilamientos, aquella\u00a0<em>p\u00f3lvora de la ma\u00f1ana<\/em>\u00a0que cantara\u00a0<strong>Luis Eduardo Aute<\/strong>\u00a0en\u00a0<em>Al alba<\/em>, fueron lo que el periodista\u00a0<strong>Alfredo Grimaldos\u00a0<\/strong>define en su libro\u00a0<em>La sombra de Franco en la Transici\u00f3n<\/em>, como \u00abel tr\u00e1gico desenlace de un enloquecido proceso represivo: detenciones masivas, torturas, arbitraria adjudicaci\u00f3n de responsabilidades, juicios sumarios sin garant\u00eda y, por fin, cinco ejecuciones\u00bb.<\/span><\/p>\n<p style=\"text-align: justify;\"><span style=\"font-size: 14pt;\">Todo se coci\u00f3 entre el 22 de agosto y el 19 de septiembre de 1975 con un\u00a0<strong>Decreto Ley Antiterrorista<\/strong>\u00a0redactado expresamente para avalar las ejecuciones y con varios juicios sumar\u00edsimos contra 11 activistas antifranquistas, algunos de ellos militantes o simpatizantes de\u00a0<a href=\"https:\/\/www.elmundo.es\/eta\/historia\/index.html\" target=\"_blank\" rel=\"noopener\">ETA\u00a0<\/a>y del\u00a0<strong>FRAP<\/strong>. De aquellas 11 condenas a muerte, seis se conmutaron por 30 a\u00f1os de c\u00e1rcel.<\/span><\/p>\n<p style=\"text-align: justify;\"><span style=\"font-size: 14pt;\">Pero cinco acabaron en el pelot\u00f3n de fusilamiento.<\/span><\/p>\n<p style=\"text-align: justify;\"><span style=\"font-size: 14pt;\">Y \u00e9sta es su historia.<\/span><\/p>\n<p style=\"text-align: justify;\"><span style=\"font-size: 14pt;\"><strong>\u00c1ngel Otaegui<\/strong>\u00a0hab\u00eda sido detenido en noviembre de 1974 acusado de colaborar en el crimen del cabo de la\u00a0<a href=\"https:\/\/www.elmundo.es\/e\/gu\/guardia-civil.html\" target=\"_blank\" rel=\"noopener\">Guardia Civil <\/a><strong>Gregorio Posadas<\/strong>, el 3 de abril de aquel a\u00f1o. Como cuenta\u00a0<strong>Carlos Fonseca<\/strong>\u00a0en\u00a0<em>Ma\u00f1ana cuando me maten<\/em>, Otaegui aleg\u00f3 en el juicio que hab\u00eda identificado al agente ante los miembros del comando de ETA pero que no sab\u00eda que lo iban a matar. El hombre al que la Polic\u00eda consideraba autor de los disparos,\u00a0<strong>Jos\u00e9 Antonio Garmendia<\/strong>, hab\u00eda recibido varios disparos en el tiroteo con los agentes y ten\u00eda lesiones cerebrales permanentes. Grimaldos revela en su libro que los polic\u00edas fueron a interrogar a Garmendia al hospital y que ante la imposibilidad de que hablara, le colocaron la huella dactilar en una declaraci\u00f3n previamente escrita por ellos mismos que inculpaba a Otaegui. Tiempo despu\u00e9s, los m\u00e9dicos invalidaron la supuesta confesi\u00f3n, pero el tribunal sentenci\u00f3 a muerte a Garmendia y a Otaegui. Sin embargo, el abogado\u00a0<strong>Juan Mari Bandr\u00e9s<\/strong>\u00a0logr\u00f3 convencer a los jueces de que \u00abajusticiar a un disminuido mental es un crimen\u00bb. Pero aquel caso no pod\u00eda quedar sin pared\u00f3n: Otaegui condenado a muerte.<\/span><\/p>\n<p style=\"text-align: justify;\"><span style=\"font-size: 14pt;\"><strong>Juan Paredes Manot<\/strong>,\u00a0<em>Txiki<\/em>, fue detenido como autor de la muerte del cabo de la\u00a0<strong>Polic\u00eda Armada, <\/strong><strong>Ovidio D\u00edaz<\/strong>,\u00a0el 6 de junio de 1975 durante un tiroteo cruzado en el atraco a un banco de Barcelona. Los abogados\u00a0<strong>Marc Palm\u00e9s<\/strong>\u00a0y\u00a0<strong>Magda Oranich<\/strong>\u00a0pidieron la anulaci\u00f3n del juicio:\u00a0<em>Txiki<\/em>\u00a0med\u00eda 1,52 metros y ning\u00fan testigo reconoci\u00f3 a nadie con tan baja estatura; no se determin\u00f3 de qu\u00e9 arma de las siete del tiroteo parti\u00f3 la bala que mat\u00f3 al polic\u00eda; la declaraci\u00f3n del acusado se obtuvo bajo torturas, y se aplic\u00f3 un decreto elaborado despu\u00e9s de los hechos, o sea, con efectos retroactivos. Pero en tres horas todo se desestim\u00f3:\u00a0<em>Txiki<\/em>\u00a0condenado a muerte.<\/span><\/p>\n<blockquote class=\"ue-c-article__blockquote ue-c-article__blockquote--overflowed-right ue-l-article--width-1of2-from-mobile ue-l-article--width-2of3-from-tablet ue-l-article--float-right-from-mobile-no-margin ue-l-article--edge-right-until-tablet ue-l-article--move-right-from-desktop\">\n<p style=\"text-align: center;\"><span style=\"font-size: 14pt; color: #008000;\">O\u00edmos los tiros. Tuve que enterrar yo a mi hermano. Fue un juicio vergonzoso; estaban sentenciados de antemano <\/span><\/p>\n<p style=\"text-align: center;\"><span style=\"font-size: 12pt; color: #008000;\">FERNANDO BAENA, HERMANO DEL \u00daLTIMO FUSILADO<\/span><\/p>\n<\/blockquote>\n<p>&nbsp;<\/p>\n<p style=\"text-align: justify;\"><span style=\"font-size: 14pt;\"><strong>Jos\u00e9 Luis S\u00e1nchez Bravo<\/strong>\u00a0y\u00a0<strong>Ram\u00f3n Garc\u00eda Sanz<\/strong>\u00a0fueron acusados de facilitar informaci\u00f3n y matar, respectivamente, al teniente de la Guardia Civil\u00a0<strong>Antonio Pose<\/strong>, el 16 de agosto de 1975. En el a\u00f1o 2001, el abogado\u00a0<strong>Juan Aguirre<\/strong>\u00a0cont\u00f3 al documental de\u00a0<strong>EL MUNDO TV <\/strong><em>Los \u00faltimos fusilados-Cr\u00f3nica de una generaci\u00f3n<\/em>\u00a0que tanto sus compa\u00f1eros como \u00e9l recibieron una copia del sumario s\u00f3lo unas horas antes del juicio. \u00abNo sab\u00edamos de qu\u00e9 delito se les acusaba. Ni siquiera pudimos hablar con ellos\u00bb. En la primera jornada del Consejo de Guerra, Aguirre y todos los defensores civiles fueron expulsados de la sala. \u00abProtestamos por las irregularidades y nos sacaron violentamente. Llevaban las pistolas en la mano y nos dec\u00edan que nos iban a matar. Se hicieron cargo de la defensa abogados militares que no conoc\u00edan la causa, ni las pruebas, ni las declaraciones, ni las actuaciones\u00bb. Resultado: Garc\u00eda Sanz y S\u00e1nchez Bravo condenados a muerte.<\/span><\/p>\n<h2 class=\"ue-c-article__subheadline\" style=\"text-align: justify;\"><span style=\"font-size: 14pt;\">\u00abSALVAJEMENTE TORTURADOS\u00bb<\/span><\/h2>\n<p style=\"text-align: justify;\"><span style=\"font-size: 14pt;\"><strong>Xos\u00e9 Humberto Baena<\/strong>\u00a0fue imputado por la muerte del polic\u00eda\u00a0<strong>Lucio Rodr\u00edguez<\/strong>, el 14 de julio de 1975 en Madrid. Seg\u00fan las declaraciones de otros detenidos como\u00a0<strong>Manuel Blanco Chivite<\/strong>, las cartas de quienes despu\u00e9s ser\u00edan fusilados y la investigaci\u00f3n de\u00a0<strong>La sombra de Franco en la Transici\u00f3n<\/strong>, Baena, S\u00e1nchez Bravo y Garc\u00eda Sanz fueron \u00absalvajemente torturados\u00bb por el comisario\u00a0<strong>Roberto Conesa<\/strong>\u00a0y los polic\u00edas\u00a0<strong>Carlos Dom\u00ednguez S\u00e1nchez<\/strong>\u00a0y\u00a0<strong>Juan Antonio G\u00f3mez Pacheco<\/strong>,\u00a0<em>Billy el Ni\u00f1o<\/em>. Desde la c\u00e1rcel de\u00a0<strong>Carabanchel<\/strong>, Baena narr\u00f3 en una carta aquellas torturas: \u00abMe lanzaban de un extremo a otro de la pared, golpe\u00e1ndome con pu\u00f1os y porras (&#8230;) Me golpeaban con un palo en la planta de los pies (&#8230;) Me golpearon repetidamente la cabeza contra un mueble met\u00e1lico. En uno de los golpes me arrancaron una muela, aunque en el parte m\u00e9dico figura s\u00f3lo la palabra &#8216;caries&#8217;\u00bb. Su hermana,\u00a0<strong>Flor Baena<\/strong>, cuenta que Xos\u00e9 Humberto ni siquiera estaba en Madrid el d\u00eda del atentado. Su hermano,\u00a0<strong>Fernando Baena<\/strong>, recuerda que tres testigos del crimen dijeron que la descripci\u00f3n del asesino no coincid\u00eda con la de Baena y que otros dos hombres declararon que Xos\u00e9 Humberto estaba en\u00a0<a href=\"https:\/\/www.elmundo.es\/internacional\/portugal.html\" target=\"_blank\" rel=\"noopener\">Portugal\u00a0<\/a>poco antes del asesinato de Madrid. \u00abHasta estaban las visas del pasaporte\u00bb. Pero el Consejo de Guerra no admiti\u00f3 ninguna de las 194 pruebas que present\u00f3 la defensa y firm\u00f3 una sentencia presentida: Baena condenado a muerte.<\/span><\/p>\n<p>&nbsp;<\/p>\n<figure id=\"attachment_22343\" aria-describedby=\"caption-attachment-22343\" style=\"width: 505px\" class=\"wp-caption aligncenter\"><img loading=\"lazy\" decoding=\"async\" class=\"wp-image-22343 size-full\" src=\"https:\/\/puntocritico.com\/ausajpuntocritico\/wp-content\/uploads\/2019\/09\/Flor-Baena.jpg\" alt=\"\" width=\"505\" height=\"337\" srcset=\"https:\/\/puntocritico.com\/ausajpuntocritico\/wp-content\/uploads\/2019\/09\/Flor-Baena.jpg 505w, https:\/\/puntocritico.com\/ausajpuntocritico\/wp-content\/uploads\/2019\/09\/Flor-Baena-300x200.jpg 300w\" sizes=\"auto, (max-width: 505px) 100vw, 505px\" \/><figcaption id=\"caption-attachment-22343\" class=\"wp-caption-text\"><span style=\"color: #008000;\">Flor Baena, ante el pared\u00f3n de tierra donde fue fusilado su hermano, en Hoyo de Manzanares (Madrid).EL MUNDO TV<\/span><\/figcaption><\/figure>\n<p style=\"text-align: justify;\">\u00a0<\/p>\n<p style=\"text-align: justify;\"><span style=\"font-size: 14pt;\">El mundo entr\u00f3 en convulsi\u00f3n. Doce pa\u00edses europeos llamaron a consultas a sus embajadores, miles de manifestantes en\u00a0<a href=\"https:\/\/www.elmundo.es\/internacional\/francia.html\" target=\"_blank\" rel=\"noopener\">Francia<\/a>,\u00a0<a href=\"https:\/\/www.elmundo.es\/internacional\/italia.html\" target=\"_blank\" rel=\"noopener\">Italia<\/a>,\u00a0<a href=\"https:\/\/www.elmundo.es\/internacional\/noruega.html\" target=\"_blank\" rel=\"noopener\">Noruega<\/a>,\u00a0<a href=\"https:\/\/www.elmundo.es\/internacional\/alemania.html\" target=\"_blank\" rel=\"noopener\">Alemania\u00a0<\/a>o\u00a0<a href=\"https:\/\/www.elmundo.es\/internacional\/belgica.html\" target=\"_blank\" rel=\"noopener\">B\u00e9lgica\u00a0<\/a>exigieron la paralizaci\u00f3n de las ejecuciones; la embajada espa\u00f1ola en\u00a0<strong>Lisboa\u00a0<\/strong>fue incendiada, la\u00a0<a href=\"https:\/\/www.elmundo.es\/e\/on\/onu.html\" target=\"_blank\" rel=\"noopener\">ONU\u00a0<\/a>debati\u00f3 la expulsi\u00f3n de Espa\u00f1a, el Papa\u00a0<strong>Pablo VI<\/strong>\u00a0y obispos progresistas como\u00a0<strong>Alberto Iniesta<\/strong>\u00a0o\u00a0<strong>Narcis Jubany\u00a0<\/strong>pidieron clemencia&#8230; Y hasta\u00a0<strong>Nicol\u00e1s Franco<\/strong> escribi\u00f3 a su hermano: \u00abQuerido Paco, estamos viejos &#8230; No firmes. T\u00fa eres un buen cristiano, despu\u00e9s te arrepentir\u00e1s\u00bb.<\/span><\/p>\n<p style=\"text-align: justify;\"><span style=\"font-size: 14pt;\">Nada detuvo al viejo moribundo, que en la v\u00edspera de las ejecuciones orden\u00f3 que no le despertasen bajo ning\u00fan concepto.<\/span><\/p>\n<p style=\"text-align: justify;\"><span style=\"font-size: 14pt;\">Franco, dormir matando.<\/span><\/p>\n<p style=\"text-align: justify;\"><span style=\"font-size: 14pt;\">La noche del 26 de septiembre es el relato de las dos Espa\u00f1as. Mientras Franco dorm\u00eda y sus ac\u00f3litos invitaban a la muerte, los dem\u00f3cratas fueron un desvelo. El insomnio in\u00fatil.<\/span><\/p>\n<h2 class=\"ue-c-article__subheadline\" style=\"text-align: justify;\"><span style=\"font-size: 14pt;\">&#8216;TE VEO EN EL INFIERNO&#8217;<\/span><\/h2>\n<p style=\"text-align: justify;\"><span style=\"font-size: 14pt;\">En la c\u00e1rcel\u00a0<strong>Modelo\u00a0<\/strong>de Barcelona, Juan Paredes,\u00a0<em>Txiqui<\/em>, pidi\u00f3 un libro. Se titulaba\u00a0<em>Te veo en el infierno<\/em>. Pas\u00f3 la noche con los abogados Palm\u00e9s y Oranich en una sala de infancia de la c\u00e1rcel decorada con carteles de Pluto y de Tom y Jerry.<\/span><\/p>\n<p style=\"text-align: justify;\"><span style=\"font-size: 14pt;\">\u00c1ngel Otaegui era hijo \u00fanico y su madre s\u00f3lo pudo verlo 15 minutos en la c\u00e1rcel de Burgos. Pas\u00f3 la noche bebiendo co\u00f1ac con algunos funcionarios.<\/span><\/p>\n<p style=\"text-align: justify;\"><span style=\"font-size: 14pt;\">Ram\u00f3n Garc\u00eda Sanz ten\u00eda un \u00fanico hermano, pero estaba ingresado en un hospital de\u00a0<a href=\"https:\/\/www.elmundo.es\/aragon\/zaragoza.html\" target=\"_blank\" rel=\"noopener\">Zaragoza<\/a>. Pas\u00f3 la noche a solas.<\/span><\/p>\n<p>&nbsp;<\/p>\n<figure id=\"attachment_22345\" aria-describedby=\"caption-attachment-22345\" style=\"width: 505px\" class=\"wp-caption aligncenter\"><img loading=\"lazy\" decoding=\"async\" class=\"wp-image-22345 size-full\" src=\"https:\/\/puntocritico.com\/ausajpuntocritico\/wp-content\/uploads\/2019\/09\/Carta-X-H-Baena.jpg\" alt=\"\" width=\"505\" height=\"337\" srcset=\"https:\/\/puntocritico.com\/ausajpuntocritico\/wp-content\/uploads\/2019\/09\/Carta-X-H-Baena.jpg 505w, https:\/\/puntocritico.com\/ausajpuntocritico\/wp-content\/uploads\/2019\/09\/Carta-X-H-Baena-300x200.jpg 300w\" sizes=\"auto, (max-width: 505px) 100vw, 505px\" \/><figcaption id=\"caption-attachment-22345\" class=\"wp-caption-text\"><span style=\"color: #008000;\">Extracto de la carta que Xos\u00e9 Humberto Baena escribi\u00f3 a sus padres desde la c\u00e1rcel de Carabanchel horas antes de su ejecuci\u00f3n. \u00c1lbum famliar<\/span><\/figcaption><\/figure>\n<p style=\"text-align: justify;\">\u00a0<\/p>\n<p style=\"text-align: justify;\"><span style=\"font-size: 14pt;\">Jos\u00e9 Luis S\u00e1nchez Bravo logr\u00f3 que su novia,\u00a0<strong>Silvia Carretero<\/strong>, lo visitara horas antes de ser fusilado. Estaba encarcelada en\u00a0<strong>Yeser\u00edas<\/strong>, pero su condici\u00f3n de embarazada hizo que le permitieran ver a S\u00e1nchez Bravo. En\u00a0<em>La sombra de Franco en la Transici\u00f3n<\/em>\u00a0cuenta que la v\u00edspera de la ejecuci\u00f3n no la dejaron ver a S\u00e1nchez Bravo sin barrotes de por medio. No ha respondido a las llamadas de este peri\u00f3dico.<\/span><\/p>\n<p style=\"text-align: justify;\"><span style=\"font-size: 14pt;\">Xos\u00e9 Humberto Baena no tuvo tanta suerte con su novia,<strong>\u00a0Maruxa<\/strong>. Ella tambi\u00e9n estaba en Yeser\u00edas, pero no embarazada. Y eso le sirvi\u00f3 al R\u00e9gimen para prohibirle la visita. La mujer agradece el inter\u00e9s de este reportaje \u00aben la lucha contra el olvido\u00bb, pero ha declinado participar en \u00e9l.<\/span><\/p>\n<p style=\"text-align: justify;\"><span style=\"font-size: 14pt;\">En la v\u00edspera del plomo, Baena escribi\u00f3 una carta a sus padres. \u00abPap\u00e1, mam\u00e1&#8230; Cuando me fusilen ma\u00f1ana pedir\u00e9 que no me tapen los ojos para ver la muerte de frente (&#8230;) \u00bfRecord\u00e1is lo que dije en el juicio? &#8216;Que mi muerte se la \u00faltima que dicte un tribunal militar&#8217; (&#8230;)\u00bb.<\/span><\/p>\n<p style=\"text-align: justify;\"><span style=\"font-size: 14pt;\">Xos\u00e9 Humberto s\u00ed pudo ver a su padre y a su hermano durante 15 minutos en la c\u00e1rcel de Carabanchel. Ya era d\u00eda 27. Al alba.<\/span><\/p>\n<blockquote>\n<p style=\"text-align: center;\"><a href=\"https:\/\/www.youtube.com\/watch?v=2MzFftIglzA\" target=\"_blank\" rel=\"noopener\"><span style=\"font-size: 14pt; color: #008000;\"><em>Si te dijera amor m\u00edo \/ que temo a la madrugada<\/em>&#8230;<\/span><\/a><\/p>\n<\/blockquote>\n<p>&nbsp;<\/p>\n<p style=\"text-align: justify;\"><span style=\"font-size: 14pt;\">\u00abSalimos de\u00a0<strong>Vigo\u00a0<\/strong>en cuanto nos avisaron y llegamos a Madrid a las 5.30 de la ma\u00f1ana. Mi hermano estaba resignado y muy sereno. Le dijimos: &#8216;A nosotros no nos puedes mentir. \u00bfLo hiciste?&#8217; Y contest\u00f3: &#8216;No, a vosotros no os puedo mentir: soy inocente&#8217;\u00bb, rescata Fernando Baena. Su hermana completa la memoria. \u00abMi padre le dijo: &#8216;Si fueras culpable, al menos me llevar\u00eda el consuelo de que te matan por algo&#8217;. Y \u00e9l le respondi\u00f3: &#8216;Pues no puedo darte ese consuelo, pap\u00e1. Soy inocente&#8217;\u00bb.<\/span><\/p>\n<h2 class=\"ue-c-article__subheadline\" style=\"text-align: justify;\"><span style=\"font-size: 14pt;\">LOS FUSILAMIENTOS<\/span><\/h2>\n<p style=\"text-align: justify;\"><span style=\"font-size: 14pt;\">El primer fusilado fue\u00a0<em>Txiqui<\/em>. Eran las 8.30 horas. Le ataron a un tr\u00edpode colocado en un mont\u00edculo junto al cementerio de\u00a0<strong>Collserola<\/strong>. Palm\u00e9s y Oranich estaban con el hermano de\u00a0<em>Txiqui<\/em>\u00a0unos metros detr\u00e1s del pelot\u00f3n y pod\u00edan ver su cabeza. \u00abLos 10 guardias del pelot\u00f3n empezaron a disparar uno a uno, como con sa\u00f1a. Seg\u00fan disparaban, \u00e9l iba cayendo. Ya en el suelo o\u00edmos un murmullo. A\u00fan viv\u00eda. Lleg\u00f3 un guardia, le dio un tiro en la sien y &#8216;Txiqui&#8217; se qued\u00f3 quieto. Me acerqu\u00e9 a \u00e9l, vi los casquillos y, no s\u00e9 por qu\u00e9, los cog\u00ed. Guard\u00e9 10 de ellos, le di la mitad a su madre y tres a un museo. En la cajita donde los ten\u00eda hab\u00eda una especie de clavo, pero en realidad, era el casquillo del tiro de gracia, que era m\u00e1s peque\u00f1o. Todav\u00eda conservo dos casquillos. La persona que est\u00e9 a favor de la pena de muerte deber\u00eda asistir a una; el horror no se olvida. Aquellos procesos vulneraron los Derechos Humanos, pero s\u00f3lo ha sido declarado nulo el de &#8216;Txiqui&#8217;, gracias a una resoluci\u00f3n del\u00a0<strong>Parlament\u00a0<\/strong>de\u00a0<a href=\"https:\/\/www.elmundo.es\/catalunya.html\" target=\"_blank\" rel=\"noopener\">Catalu\u00f1a<\/a>. Los dem\u00e1s, no. Hay que hacerlo y recordar todo esto para que no vuelva a pasar jam\u00e1s\u00bb. Lo dice hoy, 44 a\u00f1os y una memoria intacta despu\u00e9s, Magda Oranich.<\/span><\/p>\n<blockquote class=\"ue-c-article__blockquote ue-c-article__blockquote--overflowed-right ue-l-article--width-1of2-from-mobile ue-l-article--width-2of3-from-tablet ue-l-article--float-right-from-mobile-no-margin ue-l-article--edge-right-until-tablet ue-l-article--move-right-from-desktop\">\n<p style=\"text-align: center;\"><span style=\"color: #008000;\"><span style=\"font-size: 14pt;\">Disparaban uno a uno, con sa\u00f1a. En el suelo a\u00fan viv\u00eda, y un guardia le dio un tiro en la sien. Hay que declarar nulos aquellos procesos <\/span><\/span><\/p>\n<p style=\"text-align: center;\"><span style=\"color: #008000; font-size: 12pt;\">MAGDA ORANICH, ABOGADA DE &#8216;TXIKI&#8217;<\/span><\/p>\n<\/blockquote>\n<p>&nbsp;<\/p>\n<p style=\"text-align: justify;\"><span style=\"font-size: 14pt;\">El segundo fusilado fue \u00c1ngel Otaegui. Eran las 8.40 horas y lo colocaron junto a la tapia de la huerta de la prisi\u00f3n de Burgos. No hubo testigos.<\/span><\/p>\n<p style=\"text-align: justify;\"><span style=\"font-size: 14pt;\">A los otros tres los ejecutaron en el pol\u00edgono de tiro\u00a0<strong>El Palancar<\/strong>, junto a una roca llamada\u00a0<em>La silla del diablo<\/em>, en terrenos militares de\u00a0<strong>Hoyo de Manzanares<\/strong>, en Madrid.<\/span><\/p>\n<p style=\"text-align: justify;\"><span style=\"font-size: 14pt;\">El tercer fusilado del d\u00eda fue Ram\u00f3n Garc\u00eda Sanz. Eran las 9.10 horas. El pelot\u00f3n estaba formado por 10 polic\u00edas, un sargento y un teniente.<\/span><\/p>\n<p style=\"text-align: justify;\"><span style=\"font-size: 14pt;\">El cuarto fusilado fue Jos\u00e9 Luis S\u00e1nchez Bravo. Eran las 9.30 horas. Su hermana Victoria oy\u00f3 los disparos \u00aby de repente sali\u00f3 corriendo y llorando por la carretera\u00bb, escribi\u00f3 en una cr\u00f3nica para\u00a0<em>Cambio 16<\/em>\u00a0el periodista\u00a0<strong>Ignacio Fontes<\/strong>. \u00abMi hermano no era un terrorista, era un hombre bueno y honesto\u00bb, proclam\u00f3 en un homenaje p\u00fablico hace cuatro a\u00f1os.<\/span><\/p>\n<p style=\"text-align: justify;\"><span style=\"font-size: 14pt;\">El quinto fusilado de aquel\u00a0<em>maldito baile de muertos<\/em>, el \u00faltimo del franquismo y de nuestra Historia, fue Xos\u00e9 Humberto Baena. Eran las 10.05 horas. \u00abSab\u00edamos que era en Hoyo de Manzanares, precisamente donde mi hermano hab\u00eda hecho la mili. Seguimos a los furgones y llegamos hasta donde nos dejaron. Desde ah\u00ed o\u00edmos la segunda y la tercera descargas. Cuando terminaron, me dejaron reconocer el cuerpo. Mi hermano muri\u00f3 instant\u00e1neamente. No ten\u00eda tiro de gracia\u00bb. Fernando Baena habla poco pero hondo. Muchos datos, pocas palabras. \u00abLos mandos cumpl\u00edan \u00f3rdenes. No les quedaba m\u00e1s narices. Franco estaba fuera de combate y su camarilla de alrededor sab\u00eda lo que hac\u00eda. Pero yo no olvido que los miembros de los pelotones se apuntaron voluntarios. Luego vimos a polic\u00edas de paisano con corbatas de colores cantando por Hoyo de Manzanares\u00bb.<\/span><\/p>\n<h2 class=\"ue-c-article__subheadline\" style=\"text-align: justify;\"><span style=\"font-size: 14pt;\">LAS PESADILLAS DEL CURA<\/span><\/h2>\n<p style=\"text-align: justify;\"><span style=\"font-size: 14pt;\">Los tres fusilamientos de Hoyo de Manzanares tuvieron un \u00fanico testigo civil: el cura del pueblo. La Guardia Civil lo sac\u00f3 imperiosamente de su casa en la madrugada del d\u00eda 27 para que asistiera a las ejecuciones. Se llamaba\u00a0<strong>Alejandro Pe\u00f1amedrano<\/strong>\u00a0y muri\u00f3 en 2014. Tras todos los disparos, los familiares y los abogados de las v\u00edctimas lo vieron bajar horrorizado del campo de tiro. Pero jam\u00e1s quiso hablar. S\u00f3lo lo hizo al programa\u00a0<em>Los \u00faltimos fusilados-Cr\u00f3nica de una generaci\u00f3n<\/em>: \u00abAdem\u00e1s de los polic\u00edas y los guardias civiles que participaron en los piquetes, hab\u00eda otros que llegaron en autobuses para jalear las ejecuciones. Muchos de ellos estaban borrachos. Yo no par\u00e9 de llorar en todo el tiempo y algunos se acercaron a m\u00ed para amenazarme por no aplaudir. Cuando fui a dar la extremaunci\u00f3n a uno de los chicos fusilados, a\u00fan respiraba. En ese momento se acerc\u00f3 el teniente que mandaba el pelot\u00f3n y le dio el tiro de gracia, sin darme tiempo a separarme del cuerpo ca\u00eddo. La sangre me salpic\u00f3. No he dejado de tener pesadillas ninguna noche de mi vida\u00bb.<\/span><\/p>\n<p style=\"text-align: justify;\"><span style=\"font-size: 14pt;\">En el a\u00f1o 2001, aquel documental de ELMUNDO TV logr\u00f3 llevar a Flor Baena al lugar donde hab\u00edan fusilado a su hermano 26 a\u00f1os antes. Hoy, 44 a\u00f1os despu\u00e9s, ella le saca vida a aquella muerte. \u00abSent\u00ed mucha paz. Quer\u00eda saber cu\u00e1l fue el \u00faltimo paisaje de mi hermano. Me puse en el pared\u00f3n, donde supuse que estar\u00eda \u00e9l colocado, para ver qu\u00e9 fue lo \u00faltimo que \u00e9l vio. Y sent\u00ed paz\u00bb.<\/span><\/p>\n<blockquote class=\"ue-c-article__blockquote ue-c-article__blockquote--overflowed-right ue-l-article--width-1of2-from-mobile ue-l-article--width-2of3-from-tablet ue-l-article--float-right-from-mobile-no-margin ue-l-article--edge-right-until-tablet ue-l-article--move-right-from-desktop\">\n<p style=\"text-align: center;\"><span style=\"color: #008000;\"><span style=\"font-size: 14pt;\">Mi padre estaba arrepentido, el proceso dej\u00f3 mucho que desear. Los altos estamentos quer\u00edan un escarmiento <\/span><\/span><\/p>\n<p style=\"text-align: center;\"><span style=\"color: #008000; font-size: 12pt;\">IGNACIO MART\u00cdN AMARO, HIJO DEL JUEZ QUE DICT\u00d3 LA PENA DE MUERTE<\/span><\/p>\n<\/blockquote>\n<p>&nbsp;<\/p>\n<p style=\"text-align: justify;\"><span style=\"font-size: 14pt;\">Su \u00faltima espina se la arranc\u00f3 poco despu\u00e9s, cuando quiso comprobar si era su hermano el que estaba realmente enterrado en el cementerio vigu\u00e9s donde lo llev\u00f3 la Polic\u00eda el 9 de octubre de 1975. \u00abLo enterraron deprisa y corriendo, casi sin que a mi padre le diera tiempo de llegar. Ten\u00edamos la duda de si hasta entonces nos lo hab\u00edan robado. As\u00ed que hace unos a\u00f1os ped\u00ed permiso al Ayuntamiento para reconocer el cuerpo. Y una ma\u00f1ana lo hicimos. Estaba embalsamado, casi entero. Le vi los balazos. Ten\u00eda la frente manchada de tierra de haber ca\u00eddo de frente el fusilamiento. Lo volvimos a enterrar y sent\u00ed alivio. Era \u00e9l. Y ah\u00ed est\u00e1, en nuestro pante\u00f3n\u00bb.<\/span><\/p>\n<h2 class=\"ue-c-article__subheadline\" style=\"text-align: justify;\"><span style=\"font-size: 14pt;\">EL JUEZ DEL CONSEJO DE GUERRA<\/span><\/h2>\n<p style=\"text-align: justify;\"><span style=\"font-size: 14pt;\">El hijo del juez militar Mart\u00edn Benavides atiende a\u00a0<a href=\"https:\/\/www.elmundo.es\/e\/el\/elmundo.html\" target=\"_blank\" rel=\"noopener\">EL MUNDO<\/a>\u00a0con honestidad y no esquiva ni una pregunta. \u00abMi padre era muy reservado y en casa no se hablaba de aquello. Pero s\u00e9 que no particip\u00f3 en aquel proceso de buena gana, lo pas\u00f3 fatal. A la familia de Baena le dio todas las facilidades para que pudieran visitarlo en la c\u00e1rcel, y permiti\u00f3 la salida de la carta que Baena escribi\u00f3 en la v\u00edspera, que a m\u00ed me impresiona mucho\u00bb. Ignacio Mart\u00edn Amaro, que fue senador del\u00a0<a href=\"https:\/\/www.elmundo.es\/e\/pp\/pp-partido-popular.html\" target=\"_blank\" rel=\"noopener\">PP\u00a0<\/a>y candidato de\u00a0<a href=\"https:\/\/www.elmundo.es\/e\/cs\/cs-ciudadanos.html\" target=\"_blank\" rel=\"noopener\">Ciudadanos\u00a0<\/a>por\u00a0<a href=\"https:\/\/www.elmundo.es\/galicia\/ourense.html\" target=\"_blank\" rel=\"noopener\">Orense\u00a0<\/a>en las \u00faltimas elecciones, habla sin tapujos: \u00abMi padre estuvo presente en el fusilamiento porque ten\u00eda que dar fe de las muertes. Sab\u00eda que aquel proceso hab\u00eda dejado mucho que desear. Los jueces militares ten\u00edan instrucciones de muy arriba y aquellos j\u00f3venes estaban sentenciados. Los altos estamentos quer\u00edan dar un escarmiento. Y mi padre lament\u00f3 todo lo que tuvo que hacer\u00bb.<\/span><\/p>\n<p style=\"text-align: justify;\"><span style=\"font-size: 14pt;\">Ninguna de las familias que ha pleiteado estos a\u00f1os por reabrir el caso o reclamar la nulidad de aquel proceso ha logrado nada en el universo judicial.<\/span><\/p>\n<p style=\"text-align: justify;\"><span style=\"font-size: 14pt;\">&#8211; Flor, \u00bfse ha cerrado la herida?<\/span><\/p>\n<p style=\"text-align: justify;\"><span style=\"font-size: 14pt;\">&#8211; Yo siento pena por las familias de los polic\u00edas y los guardias civiles, porque nadie merece morir as\u00ed. Pero creo que la democracia tiene una asignatura pendiente. Los Consejos de Guerra quedar\u00e1n impunes porque sus responsables no ser\u00e1n castigados. Hasta que no muera el \u00faltimo que particip\u00f3 en todo aquello, no revisar\u00e1n aquel espanto. Esperar\u00e1n a que todos mueran.<\/span><\/p>\n<p>&nbsp;<\/p>\n<blockquote>\n<p><img loading=\"lazy\" decoding=\"async\" class=\"aligncenter wp-image-22346 size-full\" src=\"https:\/\/puntocritico.com\/ausajpuntocritico\/wp-content\/uploads\/2019\/09\/Los-5-\u00faltimos-fusilados-por-el-franquismo.jpg\" alt=\"\" width=\"505\" height=\"127\" srcset=\"https:\/\/puntocritico.com\/ausajpuntocritico\/wp-content\/uploads\/2019\/09\/Los-5-\u00faltimos-fusilados-por-el-franquismo.jpg 505w, https:\/\/puntocritico.com\/ausajpuntocritico\/wp-content\/uploads\/2019\/09\/Los-5-\u00faltimos-fusilados-por-el-franquismo-300x75.jpg 300w\" sizes=\"auto, (max-width: 505px) 100vw, 505px\" \/><\/p>\n<div class=\"ue-c-article__card-header\">\n<h2 class=\"ue-c-article__card-title\" style=\"text-align: center;\"><span style=\"font-size: 14pt;\">LOS CINCO \u00daLTIMOS FUSILADOS EN ESPA\u00d1A<\/span><\/h2>\n<div class=\"ue-c-article__card-byline\" style=\"text-align: justify;\"><span style=\"font-size: 14pt;\">De izquierda a derecha<\/span><\/div>\n<\/div>\n<div class=\"ue-c-article__card-body\">\n<p style=\"text-align: justify;\"><span style=\"font-size: 14pt;\"><strong>8.30 h. Juan Paredes, &#8216;Txiki&#8217;.<\/strong>\u00a0Montador, 21 a\u00f1os. Med\u00eda 1,52 y ning\u00fan testigo del atraco donde mataron al polic\u00eda Ovidio D\u00edaz lo reconoci\u00f3. Ejecutado en Barcelona.<\/span><\/p>\n<p style=\"text-align: justify;\"><span style=\"font-size: 14pt;\"><strong>8.40 h. \u00c1ngel Otaegui.<\/strong>\u00a0Pescador y obrero, 33 a\u00f1os. Acusado de colaborar en el crimen del guardia civil Gregorio Posadas. Ejecutado sin testigos en Burgos.<\/span><\/p>\n<p style=\"text-align: justify;\"><span style=\"font-size: 14pt;\"><strong>9.10 h. Ram\u00f3n Garc\u00eda Sanz.<\/strong>\u00a0Soldador. 27 a\u00f1os. Acusado de matar al teniente Antonio Pose. Su abogado no pudo hablar con \u00e9l. Ejecutado en Hoyo de Manzanares.<\/span><\/p>\n<p style=\"text-align: justify;\"><span style=\"font-size: 14pt;\"><strong>9.30 h. Jos\u00e9 Luis S\u00e1nchez Bravo.<\/strong>\u00a0Estudiante de F\u00edsica. Acusado de colaborar en la crimen de Pose. Su abogado fue expulsado del juicio. Ejecutado en Hoyo.<\/span><\/p>\n<p style=\"text-align: justify;\"><span style=\"font-size: 14pt;\"><strong>10.05 h. Xos\u00e9 Humberto Baena.<\/strong>\u00a0Estudiaba Filosof\u00eda. 24 a\u00f1os. Acusado de matar al polic\u00eda Lucio Rodr\u00edguez. El juez rechaz\u00f3 194 pruebas de la defensa. Ejecutado en Hoyo.<\/span><\/p>\n<\/div>\n<\/blockquote>\n<div class=\"ue-c-article__card-body\">\n<p>&nbsp;<\/p>\n<\/div>\n<p>&nbsp;<\/p>\n<p><img loading=\"lazy\" decoding=\"async\" class=\"aligncenter wp-image-22348 size-mh-magazine-content\" src=\"https:\/\/puntocritico.com\/ausajpuntocritico\/wp-content\/uploads\/2019\/09\/Fusilamientos-en-la-prensa-extranjera-678x381.jpg\" alt=\"\" width=\"678\" height=\"381\" \/><\/p>\n<p>&nbsp;<\/p>\n<p style=\"text-align: center;\"><span style=\"font-size: 14pt; color: #008000;\">\u2666\u2666\u2666\u2666\u2666<\/span><\/p>\n<p>&nbsp;<\/p>\n<div class=\"article-header-title\">\n<h1 style=\"text-align: center;\">Las condenas de los \u00faltimos fusilados por Franco no han sido anuladas en la democracia<\/h1>\n<\/div>\n<div class=\"article-header-epigraph\">\n<p style=\"text-align: center;\"><strong><em><span style=\"font-size: 18pt;\">Se cumplen 44 a\u00f1os de los \u00faltimos fusilamientos perpetrados por el franquismo el 27 de septiembre de 1975, por pelotones de voluntarios de la Guardia Civil: Jos\u00e9 Humberto Baena, Jos\u00e9 Luis S\u00e1nchez-Bravo, Ram\u00f3n Garc\u00eda Sanz (militantes del FRAP), Jon Paredes Txiki, y \u00c1ngel Otaegui (de ETA) fueron sus v\u00edctimas.<\/span><\/em><\/strong><\/p>\n<\/div>\n<p id=\"m95-94-96\" class=\"signature\"><span style=\"font-size: 14pt;\">Por<\/span> MAR\u00cdA SERRANO<\/p>\n<p><span style=\"font-size: 14pt;\"><a href=\"https:\/\/www.publico.es\/sociedad\/memoria-historica-condenas-ultimos-fusilados-franco-no-han-sido-anuladas-democracia.html\" target=\"_blank\" rel=\"noopener\">P\u00fablico<\/a><\/span><\/p>\n<figure id=\"attachment_22350\" aria-describedby=\"caption-attachment-22350\" style=\"width: 660px\" class=\"wp-caption aligncenter\"><img loading=\"lazy\" decoding=\"async\" class=\"wp-image-22350 size-full\" src=\"https:\/\/puntocritico.com\/ausajpuntocritico\/wp-content\/uploads\/2019\/09\/Fusilados-Publico.jpg\" alt=\"\" width=\"660\" height=\"340\" srcset=\"https:\/\/puntocritico.com\/ausajpuntocritico\/wp-content\/uploads\/2019\/09\/Fusilados-Publico.jpg 660w, https:\/\/puntocritico.com\/ausajpuntocritico\/wp-content\/uploads\/2019\/09\/Fusilados-Publico-300x155.jpg 300w\" sizes=\"auto, (max-width: 660px) 100vw, 660px\" \/><figcaption id=\"caption-attachment-22350\" class=\"wp-caption-text\"><span style=\"color: #008000;\">Portada de la prensa de la \u00e9poca.<\/span><\/figcaption><\/figure>\n<div class=\"article-body\">\n<footer>\n<div class=\"article-published-info\">\n<div class=\"published-info\">\u00a0<\/div>\n<\/div>\n<div class=\"article-info\">\n<blockquote>\n<p style=\"text-align: center;\"><span style=\"color: #008000;\"><i><span style=\"font-size: 14pt;\">\u201cEscuch\u00e9 los primeros disparos y no sab\u00eda si era mi hermano Despu\u00e9s, los segundos y los terceros. Hubo un silencio muy grande y vimos bajar ri\u00e9ndose a los miembros de los pelotones de fusilamiento\u201d.\u00a0<\/span> <\/i><\/span><\/p>\n<p style=\"text-align: center;\"><span style=\"color: #008000;\"><strong>R<\/strong><b>elato de Victoria S\u00e1nchez-Bravo en Hoyo de Manzanares e<\/b><b>l 27 de septiembre de 1975<\/b><\/span><\/p>\n<\/blockquote>\n<\/div>\n<\/footer>\n<div class=\"article-text\">\n<p id=\"m493-2-494\" style=\"text-align: justify;\">\n<span style=\"font-size: 14pt;\">\u201cLa consulta de los m\u00e1s de dos mil folios de los procesos que se instruyeron contra ellos no deja lugar a la duda:\u00a0<b>fueron v\u00edctimas de un simulacro de justicia\u00a0<\/b>que los sentenci\u00f3 antes de juzgarlos\u201d. Carlos Fonseca sentencia\u00a0<a title=\"&#039;Ma\u00f1ana cuando me maten&#039; recuerda los \u00faltimos fusilamientos de Franco que estremecieron al mundo\" href=\"https:\/\/www.publico.es\/culturas\/manana-me-maten-recuerda-ultimos.html\" target=\"_blank\" rel=\"noopener noreferrer\">en su libro\u00a0<i>Ma\u00f1ana cuando me maten<\/i><\/a>\u00a0la\u00a0<b>\u201ccondena macabra\u201d de aquellos \u00faltimos Consejos de guerra<\/b>\u00a0que terminaron con la vida de cinco j\u00f3venes militantes de izquierdas. \u201cLas pruebas fueron obtenidas mediante torturas o burdamente manipuladas y se les priv\u00f3 de las m\u00ednimas garant\u00edas de defensa\u201d. Sus familias nunca han recibido ning\u00fan gesto de perd\u00f3n ni de justicia por aquel crimen.\u00a0<b>Victoria S\u00e1nchez-Bravo<\/b>\u00a0destaca en el 44 aniversario de los asesinatos a\u00a0<i>P\u00fablico\u00a0<\/i>que \u201cninguno de los gobiernos democr\u00e1ticos ha querido pedir disculpas ni anular esta condena\u201d.<\/span><\/p>\n<h2 id=\"m498-3-499\" class=\"highlighted\" style=\"text-align: justify;\"><span style=\"font-size: 14pt;\">Cuatro Consejos de guerra en el \u00faltimo verano<\/span><\/h2>\n<p id=\"m503-4-504\" style=\"text-align: justify;\"><span style=\"font-size: 14pt;\">En el verano de 1975, hab\u00eda pendientes<a title=\"&#039;Cuando me fusilen ma\u00f1ana pedir\u00e9 que no me tapen los ojos para ver la muerte de frente&#039;\" href=\"https:\/\/www.publico.es\/politica\/me-fusilen-manana-pedire-no.html\" target=\"_blank\" rel=\"noopener noreferrer\">\u00a0varios Consejos de Guerra y condenas a muerte<\/a>\u00a0en el eclipse del r\u00e9gimen para once militantes, dos de ellos eran mujeres. El primero se celebr\u00f3 en el Regimiento de Artiller\u00eda de Campa\u00f1a 63 de Burgos el 28 de agosto. En \u00e9l\u00a0<b>fueron juzgados Jos\u00e9 Antonio Garmendia Artola y \u00c1ngel Otaegui Etxebarria<\/b>, ambos de la organizaci\u00f3n ETA. Otaegui ser\u00eda el \u00fanico ejecutado.<\/span><\/p>\n<p id=\"m508-5-509\" style=\"text-align: justify;\"><span style=\"font-size: 14pt;\">En las dependencias militares de El Goloso, en la capital madrile\u00f1a, se celebr\u00f3 los d\u00edas\u00a0<b>11 y 12 de septiembre de 1975 un Consejo de Guerra sumar\u00edsimo<\/b>\u00a0contra militantes del FRAP. De los tres fueron condenados a muerte; solo Jos\u00e9 Humberto Baena Alonso ser\u00eda ejecutado en Hoyo de Manzanares (Madrid). Cinco d\u00edas m\u00e1s tarde hab\u00eda otro Consejo de Guerra sumar\u00edsimo contra otros militantes del FRAP. Dos militantes fueron ejecutados,\u00a0<b>Ram\u00f3n Garc\u00eda Sanz y Jos\u00e9 Luis S\u00e1nchez-Bravo Solla<\/b>, en Hoyo de Manzanares.<\/span><\/p>\n<p id=\"m513-6-514\" style=\"text-align: justify;\"><span style=\"font-size: 14pt;\">El \u00faltimo consejo sumar\u00edsimo tuvo lugar el 19 de septiembre en el Gobierno Militar de Barcelona. En \u00e9l fue juzgado y condenado a muerte Juan Paredes Manot,\u00a0<b>Txiki<\/b>, de ETA.<\/span><\/p>\n<h2 id=\"m518-7-519\" class=\"highlighted\" style=\"text-align: justify;\"><span style=\"font-size: 14pt;\">\u201cPolic\u00edas llegaron al pelot\u00f3n para jalear las ejecuciones\u00bb<\/span><\/h2>\n<p id=\"m523-8-524\" style=\"text-align: justify;\"><span style=\"font-size: 14pt;\">El p\u00e1rroco de Hoyo de Manzanares recuerda el escenario de los tres fusilados antes de ser abatidos en aquel municipio madrile\u00f1o. Fonseca recoge su testimonio y la estampa dantesca que vivi\u00f3 en aquellos momentos. \u201cAdem\u00e1s de los polic\u00edas y guardias civiles que participaron en los piquetes, hab\u00eda otros que llegaron en autobuses para jalear las ejecuciones.<b>\u00a0Muchos estaban borrachos<\/b>. Cuando fui a dar la extremaunci\u00f3n a uno de los fusilados, a\u00fan respiraba. El teniente que mandaba el pelot\u00f3n le dio el tiro de gracia\u201d.<\/span><\/p>\n<p id=\"m528-9-529\" style=\"text-align: justify;\"><span style=\"font-size: 14pt;\">Las sentencias de muerte se conocieron poco antes de las nueve de la noche del 26 de septiembre de 1975. Menos de cuarenta y ocho horas antes del fusilamiento. La noticia la dar\u00eda en televisi\u00f3n el entonces ministro de Informaci\u00f3n y Turismo de Franco, Le\u00f3n Herrera Esteban.<\/span><\/p>\n<p><span style=\"font-size: 14pt;\">De los once condenados a muerte, se salvaron dos mujeres<\/span><\/p>\n<p id=\"m538-11-539\" style=\"text-align: justify;\"><span style=\"font-size: 14pt;\">Fonseca investigador y autor del libro\u00a0<i>Ma\u00f1ana cuando me maten<\/i>\u00a0relata \u201cla estancia de la sala de prensa del ministerio que rebosaba de periodistas espa\u00f1oles y corresponsales extranjeros, sin capacidad para dar cabida\u201d. Esteban Herrera con gesto grave, tom\u00f3 asiento, y comenz\u00f3 a leer el \u201cimperturbable el comunicado\u201d.\u00a0<b>Nadie daba cr\u00e9dito a aquel veredicto<\/b>. \u201cEntre la confirmaci\u00f3n o la conmutaci\u00f3n de todas las penas, como hab\u00eda ocurrido en el Proceso de Burgos, el r\u00e9gimen opt\u00f3 por una soluci\u00f3n intermedia, con la que entend\u00eda trasladaba un mensaje de firmeza en la lucha contra el terrorismo, sin renunciar a la magnanimidad\u201d, relata Carlos Fonseca sobre lo ocurrido. De los once condenados a muerte, se salvaron dos mujeres. Concepci\u00f3n Trist\u00e1n L\u00f3pez y Mar\u00eda Jes\u00fas Dasca Penelas,\u00a0<b>sobre las que pesaba una petici\u00f3n de pena de muerte.<\/b>\u00a0Las modificaron por treinta a\u00f1os de reclusi\u00f3n por estar embarazadas.<\/span><\/p>\n<h2 id=\"m543-12-544\" class=\"highlighted\" style=\"text-align: justify;\"><span style=\"font-size: 14pt;\">En medio de aquel juicio tuve que gritar \u201ccriminales\u201d<\/span><\/h2>\n<p id=\"m548-13-549\" style=\"text-align: justify;\"><span style=\"font-size: 14pt;\">Victoria S\u00e1nchez-Bravo ten\u00eda 22 a\u00f1os en aquella terrible fecha. Recuerda a <i>P\u00fablico\u00a0<\/i>las horas de espera en el juicio, la angustia y el terror que sufri\u00f3 delante de aquellos jueces militares, en el momento en el que sentenciaron a su hermano Jos\u00e9 Luis S\u00e1nchez Bravo. Ten\u00eda solo 21 a\u00f1os de edad. \u201cEstaba con mi madre y no se me olvida como me sali\u00f3 toda la angustia que ten\u00eda dentro.\u00a0<b>En medio de aquel juicio grit\u00e9 criminales<\/b>\u201d. Recuerda a\u00a0<i>P\u00fablico\u00a0<\/i>como los representantes de las embajadas ni los periodistas extranjeros entend\u00edan el parip\u00e9 del Consejo sin \u201cning\u00fan tipo de defensa particular y sin admitir pruebas\u201d por parte de sus abogados.<\/span><\/p>\n<p id=\"m553-14-554\" style=\"text-align: justify;\"><span style=\"font-size: 14pt;\">La familia de S\u00e1nchez-Bravo nunca pudo dar en el juicio las pruebas por las que se pod\u00eda dar a conocer que S\u00e1nchez-Bravo y su compa\u00f1era estaban en Murcia el d\u00eda del lugar de los hechos. \u201cA pesar de los testigos, vecinos y el taxista que los traslad\u00f3 y quer\u00eda testificar para confirmarlo,\u00a0<b>los abogados no pudieron entregar ninguna prueba. No la admit\u00edan<\/b>\u201d.<\/span><\/p>\n<h2 id=\"m558-15-559\" class=\"highlighted\" style=\"text-align: justify;\"><span style=\"font-size: 14pt;\">\u201cPedimos indultos hasta a la hermana del dictador\u201d<\/span><\/h2>\n<p id=\"m563-16-564\" style=\"text-align: justify;\"><span style=\"font-size: 14pt;\">Victoria recuerda como los abogados les ped\u00edan a las familiares recorrer todas las instancias posibles para pedir el indulto. \u201cIncuso fuimos como el padre de Baena, a pedir el indulto al general de Artiller\u00eda de Estado Mayor, Alfonso Armada, secretario del pr\u00edncipe de Espa\u00f1a, Juan Carlos de Borb\u00f3n. Armada responder\u00eda a los familiares \u201cque la soluci\u00f3n al problema que plantea se sale de nuestras atribuciones, por lo que nada podemos hacer para favorecerle\u201d.<\/span><\/p>\n<\/div>\n<\/div>\n<p>&nbsp;<\/p>\n<figure id=\"attachment_22349\" aria-describedby=\"caption-attachment-22349\" style=\"width: 240px\" class=\"wp-caption aligncenter\"><img loading=\"lazy\" decoding=\"async\" class=\"wp-image-22349 size-full\" src=\"https:\/\/puntocritico.com\/ausajpuntocritico\/wp-content\/uploads\/2019\/09\/Peticion-de-indulto.jpg\" alt=\"\" width=\"240\" height=\"300\" \/><figcaption id=\"caption-attachment-22349\" class=\"wp-caption-text\"><span style=\"color: #008000;\">Fotografia indulto solicitado. \/ &#8216;Ma\u00f1ana cuando me maten&#8217;<\/span><\/figcaption><\/figure>\n<p>&nbsp;<\/p>\n<p id=\"m585-18-586\" style=\"text-align: justify;\"><span style=\"font-size: 14pt;\">El\u00a0<b>intento de apoyo por parte del Vaticano<\/b>, a trav\u00e9s del cardenal Taranc\u00f3n, tambi\u00e9n fue en vano. \u201cFue una petici\u00f3n que hicimos para que la Iglesia intercediera pero solo lo hizo a trav\u00e9s de la v\u00eda diplom\u00e1tica sin luchar por ninguno de los casos\u201d, sentencia a\u00a0<i>P\u00fablico<\/i>.<\/span><\/p>\n<p id=\"m590-19-591\" style=\"text-align: justify;\"><span style=\"font-size: 14pt;\">Victoria destaca como todas las familias de los procesados han quedado en su mayor\u00eda destrozadas. En primera mano habla de su madre, de la muerte de dos de sus dos hermanos en plena ca\u00edda del r\u00e9gimen. \u201cMi madre ha sufrido, algo indescriptible. Mis tres hermanos peque\u00f1os fallecieron en aquellos a\u00f1os. Ella solo ped\u00eda que la muerte le llegara lo antes posible\u201d, afirma a\u00a0<i>P\u00fablico<\/i>.<\/span><\/p>\n<p id=\"m595-20-596\" style=\"text-align: justify;\"><span style=\"font-size: 14pt;\">Victoria lleg\u00f3 incluso a hacer lo imposible como plantearse acudir ante la casa de\u00a0<b>Pilar Franco<\/b>. \u201cAll\u00ed estuvimos esperando hasta que lleg\u00f3 y nos atendi\u00f3. Dec\u00eda que estuvi\u00e9ramos tranquilas, que nos les iba a pasar nada. Y\u00a0<b>no hizo nada por salvarlos<\/b>\u201d.<\/span><\/p>\n<h2 id=\"m600-21-601\" class=\"highlighted\" style=\"text-align: justify;\"><span style=\"font-size: 14pt;\">\u00abQue sea la \u00faltima que dicte un tribunal militar\u00bb<\/span><\/h2>\n<p id=\"m605-22-606\" style=\"text-align: justify;\"><span style=\"font-size: 14pt;\">Carlos Fonseca recuerda en su libro la lucha incansable de otros familiares como Fernando Baena que \u201cen aquellos meses viajaba a Madrid solamente para veinte minutos escasos de contacto\u201d con su hijo.\u00a0<b>Jos\u00e9 Humberto pudo verse con los suyos antes de la ejecuci\u00f3n<\/b>, como relata su padre en su diario personal. \u201cLlegamos a las seis y media a la puerta de la prisi\u00f3n. Los funcionarios inmediatamente nos llevaron a su presencia y pudimos abrazarnos\u201d.<\/span><\/p>\n<p id=\"m610-23-611\" style=\"text-align: justify;\">\n<span style=\"font-size: 14pt;\">La carta de despedida de Jos\u00e9 Humberto fue entregada a su familia el 30 de septiembre, tres d\u00edas despu\u00e9s del fusilamiento:<\/span><\/p>\n<p><span style=\"font-size: 14pt;\"><i>\u201cMe ejecutan ma\u00f1ana de ma\u00f1ana. Quiero daros \u00e1nimos. Pensad que yo muero, pero que la vida sigue (\u2026) Cuando me fusilen ma\u00f1ana pedir\u00e9 que no me tapen los ojos para ver la muerte de frente. (\u2026) \u00bfRecord\u00e1is lo que dije en el juicio?: \u00abQue mi muerte sea la \u00faltima que dicte un tribunal militar\u00bb. Ese era mi deseo, pero tengo la seguridad de que habr\u00e1 muchos m\u00e1s\u201d.<\/i><\/span><\/p>\n<p id=\"m615-24-616\" style=\"text-align: justify;\">\n<span style=\"font-size: 14pt;\">En la ma\u00f1ana de la ejecuci\u00f3n Victoria S\u00e1nchez-Bravo estuvo acompa\u00f1ada por el abogado Fernando Salas y su familia. \u201c<b>Cuando salimos de la c\u00e1rcel, los polic\u00edas nos insultaban<\/b>. A mi madre le dijeron disparates, como que su hijo era un asesino e iba a recibir su merecido\u201d.<\/span><\/p>\n<p id=\"m620-25-621\" style=\"text-align: justify;\"><span style=\"font-size: 14pt;\">El periodista alem\u00e1n, Friedrich Kassebeer, corresponsal del\u00a0<i>S\u00fcddeutsche Zeitung\u00a0<\/i>estuvo en aquellos momentos en Hoyo de Manzanares. En el libro de Fonseca se\u00f1ala que que estaba vigilado por la Guardia Civil, que nos detuvo en dos controles para identificarnos antes de dejarnos continuar\u201d. A pesar de que la ejecuci\u00f3n era p\u00fablico, nadie pod\u00eda acceder a la zona.<\/span><\/p>\n<h2 id=\"m625-26-626\" class=\"highlighted\" style=\"text-align: justify;\"><span style=\"font-size: 14pt;\">Txiki y Otaegui, los \u00fanicos reconocidos como v\u00edctimas<\/span><\/h2>\n<p id=\"m630-27-631\" style=\"text-align: justify;\"><span style=\"font-size: 14pt;\">Flor Baena, hermana de Jos\u00e9 Humberto es la \u00fanica testigo de la familia que sigue con la lucha abierta tras el fallecimiento de sus padres. \u201c<b>Busco justicia, no venganza<\/b>. La vida no se la va a devolver nadie, pero quiero que al menos se reconozca que mi hermano fue asesinado, y no un asesino\u201d.<\/span><\/p>\n<p id=\"m635-28-636\" style=\"text-align: justify;\"><span style=\"font-size: 14pt;\">En el a\u00f1o 2000 pudo presentar un recurso de amparo ante el Tribunal Constitucional (TC) para reclamar la nulidad de la condena. Sin embargo, relata a\u00a0<i>P\u00fablico\u00a0<\/i>como se \u201crechaz\u00f3 la pretensi\u00f3n alegando que la Constituci\u00f3n no estaba vigente cuando ocurrieron los hechos\u201d. Recurri\u00f3 en 2015 entonces al Tribunal Europeo de Derechos Humanos (TEDH).<b>\u00a0La demanda fue desestimada<\/b>. Cinco a\u00f1os despu\u00e9s se negar\u00eda de nuevo el requerimiento ante Comit\u00e9 de Derechos Humanos de la ONU. La resoluci\u00f3n indicaba, seg\u00fan aclara Carlos Fonseca en su libro que \u201clos hechos ocurrieron antes de la entrada en vigor del Protocolo Facultativo del Pacto Internacional de Derechos Civiles y Pol\u00edticos\u201d de este organismo.<\/span><\/p>\n<p id=\"m640-29-641\" style=\"text-align: justify;\"><span style=\"font-size: 14pt;\">Flor present\u00f3 el 23 de abril de 2012 una denuncia en el Juzgado n\u00famero 1 de Buenos Aires y forma parte de la conocida\u00a0<a title=\"La Justicia argentina aplaza la declaraci\u00f3n de Mart\u00edn Villa a diciembre\" href=\"https:\/\/www.publico.es\/politica\/querella-argentina-justicia-argentina-aplaza-declaracion-martin-villa-diciembre.html\" target=\"_blank\" rel=\"noopener noreferrer\">querella argentina<\/a>. A pesar de haber agotados todas las v\u00edas, continua sin perder la esperanza.<\/span><\/p>\n<p id=\"m645-30-646\" style=\"text-align: justify;\"><span style=\"font-size: 14pt;\">Mikel Paredes, hermano mayor de Jon Paredes Manot, Txiki, ha sido \u201cel \u00fanico familiar testigo directo de su muerte\u201d que presenci\u00f3 aquel 27-S en Cerdanyola (Barcelona). \u201cAhora da charlas y participo en actividades en escuelas para que los m\u00e1s j\u00f3venes conozcan de primera mano la devastaci\u00f3n que produce la violencia\u201d.<\/span><\/p>\n<p id=\"m650-31-651\" style=\"text-align: justify;\"><span style=\"font-size: 14pt;\">Merche la prima de \u00c1ngel Otaegui, se ha convertido en la principal conocedora del caso y que transmite hoy su legado. Cuando asesinaron a su primo ten\u00eda solo doce a\u00f1os de edad.<\/span><\/p>\n<p id=\"m655-32-656\" style=\"text-align: justify;\"><span style=\"font-size: 14pt;\">Txiki y Otaegui fueron\u00a0<b>los \u00fanicos de aquellos cinco fusilados reconocidos en noviembre de 2012<\/b>\u00a0por el Gobierno vasco, como v\u00edctimas de la violencia de motivaci\u00f3n pol\u00edtica al haberse vulnerado su derecho a un juicio justo.<\/span><\/p>\n<h2 id=\"m660-33-661\" class=\"highlighted\" style=\"text-align: justify;\"><span style=\"font-size: 14pt;\">Causa de la muerte,\u00a0<i>shock\u00a0<\/i>traum\u00e1tico<\/span><\/h2>\n<p id=\"m665-34-666\" style=\"text-align: justify;\"><span style=\"font-size: 14pt;\">El testimonio del p\u00e1rroco es bastante crudo y concluye c\u00f3mo los familiares identificaron los cuerpos tras el asesinato. \u201cLas familias recibieron los certificados de defunci\u00f3n firmados por el teniente m\u00e9dico. Se inscrib\u00eda como causa de la muerte\u00a0<i>shock\u00a0<\/i>traum\u00e1tico, y los de inscripci\u00f3n en el Registro Civil y licencia para dar sepultura emitidos por el juez de paz Juan Egido\u201d.<\/span><\/p>\n<p id=\"m670-35-671\" style=\"text-align: justify;\"><span style=\"font-size: 14pt;\">El fot\u00f3grafo Gustavo Catal\u00e1n Deus recuerda que delante de los f\u00e9retros \u201chab\u00eda militares, polic\u00edas, abogados y alg\u00fan familiar. La tensi\u00f3n era enorme\u201d. No faltaban ni los temidos agentes de la BPS. Fonseca describe la escena. Y como \u201cdesde el famoso comisario Saturnino Yag\u00fce a Billy el Ni\u00f1o<b>\u00a0vistieron corbatas de colores chillones para la ocasi\u00f3n<\/b>\u201d.<\/span><\/p>\n<p>&nbsp;<\/p>\n<figure id=\"attachment_22347\" aria-describedby=\"caption-attachment-22347\" style=\"width: 713px\" class=\"wp-caption aligncenter\"><img loading=\"lazy\" decoding=\"async\" class=\"wp-image-22347 size-large\" src=\"https:\/\/puntocritico.com\/ausajpuntocritico\/wp-content\/uploads\/2019\/09\/Ex\u00e9cution_des_anarchistes_de_X\u00e9r\u00e8s-713x1024.jpg\" alt=\"\" width=\"713\" height=\"1024\" srcset=\"https:\/\/puntocritico.com\/ausajpuntocritico\/wp-content\/uploads\/2019\/09\/Ex\u00e9cution_des_anarchistes_de_X\u00e9r\u00e8s-713x1024.jpg 713w, https:\/\/puntocritico.com\/ausajpuntocritico\/wp-content\/uploads\/2019\/09\/Ex\u00e9cution_des_anarchistes_de_X\u00e9r\u00e8s-209x300.jpg 209w, https:\/\/puntocritico.com\/ausajpuntocritico\/wp-content\/uploads\/2019\/09\/Ex\u00e9cution_des_anarchistes_de_X\u00e9r\u00e8s-768x1103.jpg 768w, https:\/\/puntocritico.com\/ausajpuntocritico\/wp-content\/uploads\/2019\/09\/Ex\u00e9cution_des_anarchistes_de_X\u00e9r\u00e8s.jpg 1500w\" sizes=\"auto, (max-width: 713px) 100vw, 713px\" \/><figcaption id=\"caption-attachment-22347\" class=\"wp-caption-text\"><span style=\"color: #008000;\">El franquismo nos llev\u00f3 al Siglo XIX<\/span><\/figcaption><\/figure>\n<p>&nbsp;<\/p>\n<hr \/>\n<p><strong><span style=\"font-size: 14pt;\">RELACIONADOS:<\/span><\/strong><\/p>\n<blockquote class=\"wp-embedded-content\" data-secret=\"NAYyBObLMa\"><p><a href=\"https:\/\/puntocritico.com\/ausajpuntocritico\/2019\/09\/01\/el-control-del-psoe-por-la-cia-libro-la-cia-en-espana-de-alfredo-grimaldos\/\">El control del PSOE por la CIA. Libro \u00abLa CIA en Espa\u00f1a\u00bb, de Alfredo Grimaldos<\/a><\/p><\/blockquote>\n<p><iframe loading=\"lazy\" class=\"wp-embedded-content\" sandbox=\"allow-scripts\" security=\"restricted\" style=\"position: absolute; clip: rect(1px, 1px, 1px, 1px);\" title=\"\u00abEl control del PSOE por la CIA. Libro \u00abLa CIA en Espa\u00f1a\u00bb, de Alfredo Grimaldos\u00bb \u2014 Punto Cr\u00edtico Derechos Humanos\" src=\"https:\/\/puntocritico.com\/ausajpuntocritico\/2019\/09\/01\/el-control-del-psoe-por-la-cia-libro-la-cia-en-espana-de-alfredo-grimaldos\/embed\/#?secret=jFshEmTRf1#?secret=NAYyBObLMa\" data-secret=\"NAYyBObLMa\" width=\"500\" height=\"282\" frameborder=\"0\" marginwidth=\"0\" marginheight=\"0\" scrolling=\"no\"><\/iframe><\/p>\n<blockquote class=\"wp-embedded-content\" data-secret=\"ijfqTG672c\"><p><a href=\"https:\/\/puntocritico.com\/ausajpuntocritico\/2019\/09\/04\/criminales-de-guerra-quien-era-queipo-de-llano\/\">CRIMINALES DE GUERRA: \u00bfQui\u00e9n era Queipo de Llano?<\/a><\/p><\/blockquote>\n<p><iframe loading=\"lazy\" class=\"wp-embedded-content\" sandbox=\"allow-scripts\" security=\"restricted\" style=\"position: absolute; clip: rect(1px, 1px, 1px, 1px);\" title=\"\u00abCRIMINALES DE GUERRA: \u00bfQui\u00e9n era Queipo de Llano?\u00bb \u2014 Punto Cr\u00edtico Derechos Humanos\" src=\"https:\/\/puntocritico.com\/ausajpuntocritico\/2019\/09\/04\/criminales-de-guerra-quien-era-queipo-de-llano\/embed\/#?secret=CMjhz09ACL#?secret=ijfqTG672c\" data-secret=\"ijfqTG672c\" width=\"500\" height=\"282\" frameborder=\"0\" marginwidth=\"0\" marginheight=\"0\" scrolling=\"no\"><\/iframe><\/p>\n<blockquote class=\"wp-embedded-content\" data-secret=\"i0uV9sA1B5\"><p><a href=\"https:\/\/puntocritico.com\/ausajpuntocritico\/2019\/01\/07\/la-unica-iglesia-que-ilumina-es-la-que-arde\/\">\u00abLA \u00daNICA IGLESIA QUE ILUMINA ES LA QUE ARDE\u00bb. Iglesia, Fascismo y Represi\u00f3n.<\/a><\/p><\/blockquote>\n<p><iframe loading=\"lazy\" class=\"wp-embedded-content\" sandbox=\"allow-scripts\" security=\"restricted\" style=\"position: absolute; clip: rect(1px, 1px, 1px, 1px);\" title=\"\u00ab\u00abLA \u00daNICA IGLESIA QUE ILUMINA ES LA QUE ARDE\u00bb. Iglesia, Fascismo y Represi\u00f3n.\u00bb \u2014 Punto Cr\u00edtico Derechos Humanos\" src=\"https:\/\/puntocritico.com\/ausajpuntocritico\/2019\/01\/07\/la-unica-iglesia-que-ilumina-es-la-que-arde\/embed\/#?secret=SaOO2lzLDF#?secret=i0uV9sA1B5\" data-secret=\"i0uV9sA1B5\" width=\"500\" height=\"282\" frameborder=\"0\" marginwidth=\"0\" marginheight=\"0\" scrolling=\"no\"><\/iframe><\/p>\n<p>&nbsp;<\/p>\n<p><a href=\"https:\/\/puntocritico.com\/ausajpuntocritico\/author\/punto-critico\/\"><img loading=\"lazy\" decoding=\"async\" class=\"aligncenter wp-image-9528\" src=\"https:\/\/puntocritico.com\/ausajpuntocritico\/wp-content\/uploads\/2018\/03\/Mosca_Punto_Cr\u00edtico_40.png\" alt=\"\" width=\"70\" height=\"70\" \/><\/a><\/p>\n<p>&nbsp;<\/p>\n<p>&nbsp;<\/p>\n<p>&nbsp;<\/p>\n<p>&nbsp;<\/p>\n","protected":false},"excerpt":{"rendered":"<div class=\"mh-excerpt\"><p>PSOE y bien atado Por Cristina Fallar\u00e1s P\u00fablico &nbsp; UNO: Los miles de socialistas asesinados por los franquistas siguen en las innumerables fosas comunes que mantienen Espa\u00f1a como un hediondo gruyere. DOS: En las \u00faltimas <a class=\"mh-excerpt-more\" href=\"https:\/\/puntocritico.com\/ausajpuntocritico\/2019\/09\/30\/22332\/\" title=\"44 A\u00d1OS DE LAS \u00daLTIMAS EJECUCIONES DEL FRANQUISMO. \u201cSi nos tuvi\u00e9semos que ir todos los que un d\u00eda gritamos \u00a1Viva Franco!, aqu\u00ed qued\u00e1bamos cuatro\u201d (Jos\u00e9 Bono)\">[&#8230;]<\/a><\/p>\n<\/div>","protected":false},"author":3,"featured_media":22377,"comment_status":"open","ping_status":"closed","sticky":false,"template":"","format":"standard","meta":{"_acf_changed":false,"_exactmetrics_skip_tracking":false,"_exactmetrics_sitenote_active":false,"_exactmetrics_sitenote_note":"","_exactmetrics_sitenote_category":0,"footnotes":""},"categories":[7],"tags":[40],"class_list":{"0":"post-22332","1":"post","2":"type-post","3":"status-publish","4":"format-standard","5":"has-post-thumbnail","7":"category-politica","8":"tag-regimen-del-78"},"acf":[],"_links":{"self":[{"href":"https:\/\/puntocritico.com\/ausajpuntocritico\/wp-json\/wp\/v2\/posts\/22332","targetHints":{"allow":["GET"]}}],"collection":[{"href":"https:\/\/puntocritico.com\/ausajpuntocritico\/wp-json\/wp\/v2\/posts"}],"about":[{"href":"https:\/\/puntocritico.com\/ausajpuntocritico\/wp-json\/wp\/v2\/types\/post"}],"author":[{"embeddable":true,"href":"https:\/\/puntocritico.com\/ausajpuntocritico\/wp-json\/wp\/v2\/users\/3"}],"replies":[{"embeddable":true,"href":"https:\/\/puntocritico.com\/ausajpuntocritico\/wp-json\/wp\/v2\/comments?post=22332"}],"version-history":[{"count":0,"href":"https:\/\/puntocritico.com\/ausajpuntocritico\/wp-json\/wp\/v2\/posts\/22332\/revisions"}],"wp:featuredmedia":[{"embeddable":true,"href":"https:\/\/puntocritico.com\/ausajpuntocritico\/wp-json\/wp\/v2\/media\/22377"}],"wp:attachment":[{"href":"https:\/\/puntocritico.com\/ausajpuntocritico\/wp-json\/wp\/v2\/media?parent=22332"}],"wp:term":[{"taxonomy":"category","embeddable":true,"href":"https:\/\/puntocritico.com\/ausajpuntocritico\/wp-json\/wp\/v2\/categories?post=22332"},{"taxonomy":"post_tag","embeddable":true,"href":"https:\/\/puntocritico.com\/ausajpuntocritico\/wp-json\/wp\/v2\/tags?post=22332"}],"curies":[{"name":"wp","href":"https:\/\/api.w.org\/{rel}","templated":true}]}}