{"id":2232730,"date":"2022-03-15T00:05:55","date_gmt":"2022-03-14T23:05:55","guid":{"rendered":"https:\/\/puntocritico.com\/ausajpuntocritico\/?p=2232730"},"modified":"2022-03-15T01:00:35","modified_gmt":"2022-03-15T00:00:35","slug":"epistemologia-del-periodismo","status":"publish","type":"post","link":"https:\/\/puntocritico.com\/ausajpuntocritico\/2022\/03\/15\/epistemologia-del-periodismo\/","title":{"rendered":"EPISTEMOLOG\u00cdA DEL PERIODISMO; EL FACTOR HUMANO. \u00abLa prensa se convertir\u00e1 en virtual; ya no servir\u00e1 ni para limpiarse el culo\u00bb."},"content":{"rendered":"<p><span style=\"font-size: 14pt; color: #008000;\">EPISTEMOLOG\u00cdA DEL PERIODISMO<\/span><\/p>\n\n<blockquote>\n<p>&nbsp;<\/p>\n<h2 style=\"text-align: center;\"><span style=\"font-size: 24pt;\"><strong>La prensa se convertir\u00e1 en virtual; ya no servir\u00e1 ni para limpiarse el culo<\/strong><\/span><\/h2>\n<p><img loading=\"lazy\" decoding=\"async\" class=\"aligncenter wp-image-2232746 size-mh-magazine-content\" src=\"https:\/\/puntocritico.com\/ausajpuntocritico\/wp-content\/uploads\/2021\/11\/prensa-de-miedra-1-678x381.jpg\" alt=\"\" width=\"678\" height=\"381\" data-id=\"2232746\" srcset=\"https:\/\/puntocritico.com\/ausajpuntocritico\/wp-content\/uploads\/2021\/11\/prensa-de-miedra-1-678x381.jpg 678w, https:\/\/puntocritico.com\/ausajpuntocritico\/wp-content\/uploads\/2021\/11\/prensa-de-miedra-1-300x169.jpg 300w, https:\/\/puntocritico.com\/ausajpuntocritico\/wp-content\/uploads\/2021\/11\/prensa-de-miedra-1-768x432.jpg 768w, https:\/\/puntocritico.com\/ausajpuntocritico\/wp-content\/uploads\/2021\/11\/prensa-de-miedra-1-610x343.jpg 610w, https:\/\/puntocritico.com\/ausajpuntocritico\/wp-content\/uploads\/2021\/11\/prensa-de-miedra-1.jpg 880w\" sizes=\"auto, (max-width: 678px) 100vw, 678px\" \/><\/p>\n<p style=\"text-align: justify;\">\u00a0<\/p>\n<p style=\"text-align: justify;\"><span style=\"font-size: 14pt;\">Usan la Informaci\u00f3n como arma de guerra; de la guerra contra nuestra Libertad. Combaten contra nosotros, los que de uno u otro modo carecemos de la propiedad de los medios con que ganarnos la vida (<em>en el mundo de las TIC, tecnol\u00f3gico e interconectado Globalmente, los proletarios del Siglo XXI, somos quienes carecemos de la propiedad de nuestros medios -inform\u00e1ticos y de comunicaci\u00f3n- de subsistencia; medios, redes virtuales o infraestructuras materiales, que ya ni siquiera son p\u00fablicas, sino privadas; muchas veces meros artificios cuya inconfesable finalidad es <a href=\"https:\/\/puntocritico.com\/ausajpuntocritico\/2021\/02\/11\/disidencia-controlada-por-michel-chossudovsky\/\">poner la prestaci\u00f3n de los Servicios P\u00fablicos al servicio de poderes -e intereses- privados<\/a><\/em>).<\/span><\/p>\n<p style=\"text-align: justify;\"><span style=\"font-size: 14pt;\">Una agresi\u00f3n a la Dignidad, dirigida contra nosotros, los Votantes (<em>ya s\u00f3lo somos eso; carnaza de urna<\/em>); con la finalidad de captar\/formar nuestra voluntad. Por medio de la desinformaci\u00f3n y el permanente <a href=\"https:\/\/puntocritico.com\/ausajpuntocritico\/2021\/09\/11\/20-anos-del-11-s\/\">Shock<\/a> medi\u00e1tico al que estamos, parece que irremediablemente, sometidos.<\/span><\/p>\n<p style=\"text-align: justify;\"><span style=\"font-size: 14pt;\">La distancia entre nosotros aumenta de manera directamente proporcional a nuestros enfrentamientos. Con la violencia que surge de la impotencia, dirigida por una voluntad ajena, hacia nosotros mismos. Los radicalismos violentos surgen <img loading=\"lazy\" decoding=\"async\" class=\"alignleft wp-image-2241583\" src=\"https:\/\/puntocritico.com\/ausajpuntocritico\/wp-content\/uploads\/2022\/03\/guerra-informacion_1415868409_113545670_462x672.jpg\" alt=\"\" width=\"260\" height=\"378\" data-id=\"2241583\" srcset=\"https:\/\/puntocritico.com\/ausajpuntocritico\/wp-content\/uploads\/2022\/03\/guerra-informacion_1415868409_113545670_462x672.jpg 462w, https:\/\/puntocritico.com\/ausajpuntocritico\/wp-content\/uploads\/2022\/03\/guerra-informacion_1415868409_113545670_462x672-206x300.jpg 206w\" sizes=\"auto, (max-width: 260px) 100vw, 260px\" \/>de las pasiones desatadas por los agravios.<\/span><\/p>\n<p style=\"text-align: justify;\"><span style=\"font-size: 14pt;\">Habitamos <a href=\"https:\/\/puntocritico.com\/ausajpuntocritico\/2020\/09\/12\/hypernormalization-de-adam-curtis-republicado\/\">burbujas informativas<\/a>; que se convierten en guetos, y luego en fortalezas, donde no se dejan pasar opiniones discrepantes. Sin di\u00e1logo es imposible el entendimiento. Y hemos inhibido el di\u00e1logo. Nos hemos encerrado en nuestra versi\u00f3n de la realidad, y despreciamos la ajena. M\u00e1s a\u00fan, la consideramos un agravio, un insulto; un reto.<\/span><\/p>\n<p style=\"text-align: justify;\"><span style=\"font-size: 14pt;\">Desde los diferentes Partidos mueven las piezas de su armamento propagand\u00edstico, travestido de informaci\u00f3n, mediante el que desagregar el bloque de rechazo al sistema y a la corrupci\u00f3n que lleva aparejada; fraccion\u00e1ndonos alrededor de diversos n\u00facleos, defensores de diferentes causas, a menudo en conflicto;\u00a0invisibilizando sus causas subyacentes y primarias, difuminadas en su verdadera entidad -y motivaci\u00f3n-; impidiendo as\u00ed la expresi\u00f3n de la verdadera naturaleza de la oposici\u00f3n generalizada al sistema.<\/span><\/p>\n<p style=\"text-align: justify;\"><span style=\"font-size: 14pt;\">Oposici\u00f3n que perece de \u00e9xito, y sin embargo no ha conseguido apagar la llama de la deslegitimaci\u00f3n del sistema que se ha generalizado en los \u00faltimos a\u00f1os. Canalizan la fuerza con que les enfrentamos hacia nosotros mismos; luchando entre nosotros, nuestras fuerzas se desvanecen. Los muchos sometidos por los muy pocos. La Propaganda del siglo XXI no se describe como \u00abPostverdad\u00bb; es Terrorismo informativo.<\/span><\/p>\n<p style=\"text-align: right;\"><span style=\"font-size: 14pt;\"><a href=\"https:\/\/puntocritico.com\/ausajpuntocritico\/2017\/10\/03\/nos-sumamos-a-la-huelga-general\/\">Punto Cr\u00edtico<\/a>, 3 de octubre de 2017<\/span><\/p>\n<\/blockquote>\n<p style=\"text-align: center;\"><strong><span style=\"color: #008000; font-size: 18pt;\">*******<\/span><\/strong><\/p>\n<h2 style=\"text-align: center;\"><span style=\"font-size: 24pt;\"><strong>EPISTEMOLOG\u00cdA DEL PERIODISMO; EL FACTOR HUMANO<\/strong><\/span><\/h2>\n<p style=\"text-align: center;\"><span style=\"font-size: 18pt;\"><em><strong>\u00bfCu\u00e1l es la fuente de la que el periodismo extrae el conocimiento de lo que luego nos presenta como \u00abinformaci\u00f3n veraz\u00bb?<\/strong><\/em><\/span><\/p>\n<p style=\"text-align: center;\"><strong><em><span style=\"font-size: 14pt;\">\u00bfQu\u00e9 es el periodismo? <\/span><\/em><\/strong><\/p>\n<p style=\"text-align: center;\"><strong><em><span style=\"font-size: 14pt;\">El vocablo procede de \u201cPERI\u201d (alrededor), \u201cHODOS\u201d (camino), \u201cTIKOS\u201d (relativo a) e \u201cISMOS\u201d (representaci\u00f3n de una acci\u00f3n; pero tambi\u00e9n adhesi\u00f3n a una doctrina o sistema).<\/span><\/em><\/strong><\/p>\n<p style=\"text-align: center;\"><strong><em><span style=\"font-size: 14pt;\">As\u00ed, \u201cperiodismo\u201d describe el entorno del camino relativo a la acci\u00f3n de un sistema al que se adhiere \u2013acci\u00f3n-, expresado (representado) en ciclos de informaci\u00f3n. Para la RAE es tratamiento de informaci\u00f3n.<\/span><\/em><\/strong><\/p>\n<p style=\"text-align: center;\"><strong><em><span style=\"font-size: 14pt;\">\u00bfC\u00f3mo es descrito el devenir del camino \u2013acci\u00f3n- del Sistema? Adhiri\u00e9ndose a \u00e9l. Es la base de su periodicidad. Ciclos (aparecen las ondas en su amplitud, con sus frecuencias) en el tratamiento de la informaci\u00f3n de un sistema en movimiento, al que se adhiere el int\u00e9rprete de la informaci\u00f3n.<\/span><\/em><\/strong><\/p>\n<p style=\"text-align: justify;\"><span style=\"font-size: 14pt;\">Por\u00a0<em>Jes\u00fas D\u00edaz Formoso<\/em><\/span><\/p>\n<p style=\"text-align: justify;\"><span style=\"font-size: 14pt;\"><a href=\"https:\/\/puntocritico.com\/ausajpuntocritico\/2018\/02\/20\/periodismo-poderes-privados-que-limitan-nuestros-derechos-humanos\/\">Punto Critico<\/a>, FEB 2018<\/span><\/p>\n<p><img loading=\"lazy\" decoding=\"async\" class=\"aligncenter wp-image-9030 size-full\" src=\"https:\/\/puntocritico.com\/ausajpuntocritico\/wp-content\/uploads\/2018\/02\/rana-gustavo-publicidad-PAINT.jpg\" alt=\"EPISTEMOLOG\u00cdA DEL PERIODISMO\" width=\"678\" height=\"381\" data-id=\"9030\" srcset=\"https:\/\/puntocritico.com\/ausajpuntocritico\/wp-content\/uploads\/2018\/02\/rana-gustavo-publicidad-PAINT.jpg 678w, https:\/\/puntocritico.com\/ausajpuntocritico\/wp-content\/uploads\/2018\/02\/rana-gustavo-publicidad-PAINT-300x169.jpg 300w\" sizes=\"auto, (max-width: 678px) 100vw, 678px\" \/><\/p>\n<p>&nbsp;<\/p>\n<p style=\"text-align: justify;\"><span style=\"font-size: 14pt;\">Enfocamos el asunto; hablamos de la Epistemolog\u00eda del Periodismo y la Comunicaci\u00f3n P\u00fablica; de c\u00f3mo nuestras acciones responden a causalidades externas a nosotros mismos; de la misma manera que los objetos carecen de libre albedr\u00edo, \u00bfson nuestras acciones y decisiones individuales producto de causas ajenas y externas? \u00bfHasta qu\u00e9 punto lo que creemos fruto del Libre Albedr\u00edo individual, es en realidad efecto de decisiones tomadas por instancias ajenas al individuo y al Principio democr\u00e1tico?<\/span><\/p>\n<p style=\"text-align: justify;\"><span style=\"font-size: 14pt;\">\u00bfEs el Periodismo hoy un instrumento de Control Social en manos del Capital Financiero Global, cuyas actuaciones s\u00f3lo responden a la finalidad de maximizar el beneficio? \u00bfLa s\u00edntesis que ahora interesa -informaci\u00f3n disponible y decisi\u00f3n individual- est\u00e1 determinada por el Factor Corporativo y no por el Factor Humano?<\/span><\/p>\n<p style=\"text-align: justify;\"><span style=\"font-size: 14pt;\">Hablamos, pues, del Derecho a Recibir Informaci\u00f3n Veraz; a no ser manipulados informativamente; a constituir, de conformidad a la Constituci\u00f3n que hace 40 a\u00f1os nos dijeron que nos d\u00e1bamos, \u201c<em>una sociedad Libre y Plural<\/em>\u201d, como recordaba a veces aqu\u00e9l Tribunal Constitucional que miraba la libertad no como un fin, sino como un requisito para la integraci\u00f3n en el Mercado Europeo (<em>eso era la actual Uni\u00f3n Europea, y por eso su nombre era \u201cMercado Com\u00fan Europeo\u201d<\/em>); porque el Mercado necesitaba que el consumidor pudiese satisfacer sus multiformes demandas, conforme al Principio Capitalista m\u00e1s Cl\u00e1sico, seg\u00fan el cual \u201c<a href=\"https:\/\/puntocritico.com\/ausajpuntocritico\/2020\/10\/27\/los-vicios-privados-hacen-la-prosperidad-publica-bernard-mandeville-republicado\/\"><strong>los vicios privados hacen la prosperidad p\u00fablica<\/strong><\/a>\u201d (Mandeville).<\/span><\/p>\n<p style=\"text-align: center;\"><span style=\"font-size: 14pt; color: #008000;\">* * *<\/span><\/p>\n<p style=\"text-align: justify;\"><span style=\"font-size: 14pt;\">El <strong>c\u00f3mo llega el periodismo al conocimiento<\/strong>, es uno de los debates m\u00e1s relevantes que tenemos pendiente. Como casi todo lo que puede (<em>y debe-r\u00eda<\/em>) cuestionar al poder.<\/span><\/p>\n<p style=\"text-align: justify;\"><span style=\"font-size: 14pt;\">Dibujaremos los tres v\u00e9rtices de un tri\u00e1ngulo: El <a href=\"https:\/\/puntocritico.com\/ausajpuntocritico\/2021\/01\/04\/poder-pastoral-y-neoliberalismo-a-proposito-de-poder-y-estado-en-michel-foucault-por-monica-flores-gomez-2\/\"><strong>Poder Pastoral<\/strong><\/a>, que conforma mentes individuales (<strong>Foucault<\/strong>), el Poder del Derecho de imponerse coactivamente a todos (as\u00ed, el Emperador <strong>Justiniano<\/strong>, en relaci\u00f3n con <strong>San Agust\u00edn de Hipona<\/strong>) y la falsabilidad permanente de las teor\u00edas cient\u00edficas, tanto t\u00e9cnicas como sociales (<strong>Popper<\/strong>).<\/span><\/p>\n<p style=\"text-align: justify;\"><span style=\"font-size: 14pt;\">Pero, \u00bfqu\u00e9 es el periodismo? El vocablo procede de \u201cPERI\u201d (<em>alrededor<\/em>), \u201cHODOS\u201d (<em>camino<\/em>), \u201cTIKOS\u201d (<em>relativo a<\/em>) e \u201cISMOS\u201d (<em>representaci\u00f3n de una acci\u00f3n; pero tambi\u00e9n adhesi\u00f3n a una doctrina o sistema<\/em>).<\/span><\/p>\n<p style=\"text-align: justify;\"><span style=\"font-size: 14pt;\">As\u00ed, \u201c<em><strong>periodismo<\/strong><\/em>\u201d describe el entorno del camino relativo a la acci\u00f3n de un sistema al que se adhiere \u2013acci\u00f3n-, expresado (<em>representado<\/em>) en ciclos de informaci\u00f3n. Para la RAE es tratamiento de informaci\u00f3n.<\/span><\/p>\n<p style=\"text-align: justify;\"><span style=\"font-size: 14pt;\">\u00bfC\u00f3mo es descrito el devenir del camino \u2013acci\u00f3n- del Sistema? Adhiri\u00e9ndose a \u00e9l. Es la base de su periodicidad. Ciclos <em>(aparecen las ondas en su amplitud, con sus frecuencias<\/em>) en el tratamiento de la informaci\u00f3n de un sistema en movimiento, al que se adhiere el int\u00e9rprete de la informaci\u00f3n.<\/span><\/p>\n<p style=\"text-align: justify;\"><span style=\"font-size: 14pt;\">La <strong>EPISTEMOLOG\u00cdA<\/strong> (<em>estudio del conocimiento<\/em>), se opone a la \u201c<strong>DOXA<\/strong>\u201d (<em>Opini\u00f3n, fruto de la experiencia; es \u201cfenom\u00e9nico\u201d \u2013basado en la percepci\u00f3n sensorial; tras lo que <strong>Kant<\/strong> ubic\u00f3 el \u201cno\u00fameno\u201d, como estructura subyacente al fen\u00f3meno, que sin embargo no es perceptible directamente; lo fenom\u00e9nico, por tanto, no es fiable, en tanto es fruto de la experiencia; mientras lo verdadero, el \u201cno\u00fameno\u201d, no es perceptible; aqu\u00ed, m\u00e1s all\u00e1 de <strong>Descartes<\/strong>, comienza el verdadero juego filos\u00f3fico de la edad moderna y contempor\u00e1nea<\/em>).<\/span><\/p>\n<p style=\"text-align: justify;\"><span style=\"font-size: 14pt;\">No resulta infrecuente oponer a la Epistemolog\u00eda la <strong>Ontolog\u00eda<\/strong> (<em>el estudio metaf\u00edsico \u2013m\u00e1s all\u00e1 de lo f\u00edsico- de lo existente; quiz\u00e1s el ejemplo m\u00e1s claro se halla en la pregunta \u00bfexiste Dios?<\/em>).<\/span><\/p>\n<p style=\"text-align: justify;\"><span style=\"font-size: 14pt;\">Nos interesa, pues, el c\u00f3mo llegamos al conocimiento period\u00edstico. Partiendo del Periodismo como manifestaci\u00f3n del PODER PASTORAL (<a href=\"https:\/\/puntocritico.com\/ausajpuntocritico\/2021\/01\/04\/poder-pastoral-y-neoliberalismo-a-proposito-de-poder-y-estado-en-michel-foucault-por-monica-flores-gomez-2\/\">Foucault<\/a>), trasunto del Poder propio de las Instituciones Cat\u00f3licas en el seno del Estado. San Agust\u00edn observa atentamente el desarrollo de la partida por \u00e9l iniciada. Este poder explora y gu\u00eda a los individuos, dando lugar a una \u201cverdad social\u201d. Antes inexistente. La suma de individuos con un pensamiento implantado a base de pecados, confesiones y sacramentos (<em>la Justicia no es sino uno de los Sacramentos ya olvidados, en su versi\u00f3n laica; presuntamente laica<\/em>), produce una sociedad determinada; la sociedad preconcebida por el \u201c<em>Pastor<\/em>\u201d.<\/span><\/p>\n<p style=\"text-align: justify;\"><span style=\"font-size: 14pt;\">Veamos la ciencia desde la perspectiva de la \u201c<em>falsabilidad<\/em>\u201d (<a href=\"https:\/\/puntocritico.com\/ausajpuntocritico\/2020\/05\/13\/popper-y-el-problema-de-la-induccion-en-epidemiologia-de-jose-r-banegas-fernando-rodriguez-artalejo-y-juan-del-rey-calero-universidad-autonoma-de-madrid\/\">Popper<\/a>). El conocimiento se torna inseguro; por ello, peri\u00f3dicamente, el sistema ha de probar la verdad de su concepci\u00f3n; o lo que es igual, ha de probar \u2013prueba por contraposici\u00f3n- que \u201c<em>los dem\u00e1s posibles sistemas<\/em>\u201d est\u00e1n fundados en falsedades. Se ha utilizado para negar car\u00e1cter cient\u00edfico al <em>Marxismo<\/em>; lo que \u2013a contrario- viene a entender la econom\u00eda como ciencia; dando lugar al \u201c<em>neoliberalismo<\/em>\u201d como presunta corriente filos\u00f3fica y cient\u00edfica.<\/span><\/p>\n<p style=\"text-align: justify;\"><span style=\"font-size: 14pt;\">\u00bfPero qu\u00e9 es la Econom\u00eda? \u00bfEs una ciencia? Se nos intenta convencer de que es una ciencia capaz de realizar predicciones sobre comportamientos sociales, de grupo. Nada m\u00e1s falso. Veamos la Curva (<em>funci\u00f3n<\/em>) de la <strong>Demanda<\/strong> <strong>Agregada<\/strong>.<\/span><\/p>\n<p style=\"text-align: justify;\"><span style=\"font-size: 14pt;\">\u201c<em>La demanda agregada es la suma de los gastos en bienes y servicios que los consumidores, las empresas y el Estado est\u00e1n dispuestos a comprar a un determinado nivel de precios y depende tanto de la pol\u00edtica monetaria y fiscal, as\u00ed como de <strong>otros factores<\/strong><\/em>\u201d (<a href=\"https:\/\/es.wikipedia.org\/wiki\/Demanda_agregada\" target=\"_blank\" rel=\"noopener\">Wikipedia<\/a>).<\/span><\/p>\n<p style=\"text-align: justify;\"><span style=\"font-size: 14pt;\">Centremos nuestra mirada en esos \u201c<em>otros factores<\/em>\u201d. No podemos; no est\u00e1n. La raz\u00f3n es que destrozar\u00edan la mentira, la belleza de la teor\u00eda, por medio de la realidad. Dejamos al margen esos \u201c<em>otros factores<\/em>\u201d, que no interesan a nuestras conclusiones, pues es a ellas a las que est\u00e1n preordenadas nuestras c\u00e1balas pseudocient\u00edficas, que no pueden verse en contradicci\u00f3n con las matem\u00e1ticas. Primero el hecho impuesto por \u201c<em>los mercados<\/em>\u201d, luego la justificaci\u00f3n mediante la econom\u00eda, que se justifica en las matem\u00e1ticas.<\/span><\/p>\n<p style=\"text-align: justify;\"><span style=\"font-size: 14pt;\">Se confunde \u2013interesadamente- la Matem\u00e1tica con la Ciencia Social<strong>. Y se nos quiere implantar este dogma; que por medio de la \u201c<em>falsabilidad<\/em>\u201d excluye de su cr\u00edtica las doctrinas pol\u00edticas<\/strong>\u00a0(<em>que se quieren hacer pasar por econ\u00f3micas y matem\u00e1ticas<\/em>)\u00a0<strong>Neoliberales<\/strong>\u00a0(<em>como podr\u00eda ser excluida cualquier otra, a elecci\u00f3n conformador de la opini\u00f3n p\u00fablica; por voluntad de quien detenta el Poder Pastoral<\/em>).<\/span><\/p>\n<p style=\"text-align: justify;\"><span style=\"font-size: 14pt;\">Y, por fin, el <strong>Poder Imperial<\/strong>, encarnado en el Derecho; en el Poder de imponer por la fuerza una determinada concepci\u00f3n de la propiedad sobre \u201c<em>las cosas del mundo<\/em>\u201d.<\/span><\/p>\n<p style=\"text-align: justify;\"><span style=\"font-size: 14pt;\">Son tres v\u00e9rtices que construyen la base de la <strong>Pir\u00e1mide Social<\/strong>; la base del Poder del Sistema que nos lleva de la mano hacia lo que es querido por sus capataces y propietarios, haci\u00e9ndolo pasar por aquello que deseamos, por aquello que es mejor para nosotros. Son tres \u00e1ngulos conectados de manera que desde cada uno se reciben, y a la vez se emiten, flujos de informaci\u00f3n que se hace pasar por cient\u00edfica (<em>cierta y rigurosa<\/em>) para construir la Pir\u00e1mide Social de manera que la determinaci\u00f3n de quienes ocupen sus escalones sea percibida como fruto de la ciencia, de la raz\u00f3n m\u00e1s acabada y perfecta.<\/span><\/p>\n<p style=\"text-align: justify;\"><span style=\"font-size: 14pt;\">Para implantar tales mentiras, el Sistema necesita del Periodismo, en el sentido que ha quedado expuesto.<\/span><\/p>\n<p style=\"text-align: center;\"><span style=\"font-size: 18pt;\">\u2666<span style=\"color: #008000;\">\u2666<\/span>\u2666<span style=\"color: #008000;\">\u2666<\/span>\u2666<span style=\"color: #008000;\">\u2666<\/span>\u2666<\/span><\/p>\n<h2 style=\"text-align: center;\"><strong><span style=\"font-size: 18pt;\">LA PRENSA NOS LOS VENDI\u00d3 COMO HONESTOS; NOSOTROS SE LOS COMPRAMOS Y LA JUSTICIA LOS ENCARCEL\u00d3 COMO DELINCUENTES. Una brev\u00edsima muestra:<\/span><\/strong><\/h2>\n<p><img loading=\"lazy\" decoding=\"async\" class=\"aligncenter size-full wp-image-2242871\" src=\"https:\/\/puntocritico.com\/ausajpuntocritico\/wp-content\/uploads\/2022\/03\/Barcenas.jpg\" alt=\"\" width=\"414\" height=\"240\" data-id=\"2242871\" srcset=\"https:\/\/puntocritico.com\/ausajpuntocritico\/wp-content\/uploads\/2022\/03\/Barcenas.jpg 414w, https:\/\/puntocritico.com\/ausajpuntocritico\/wp-content\/uploads\/2022\/03\/Barcenas-300x174.jpg 300w\" sizes=\"auto, (max-width: 414px) 100vw, 414px\" \/><\/p>\n<p><img loading=\"lazy\" decoding=\"async\" class=\"aligncenter size-full wp-image-2242872\" src=\"https:\/\/puntocritico.com\/ausajpuntocritico\/wp-content\/uploads\/2022\/03\/Roldan.jpg\" alt=\"\" width=\"282\" height=\"179\" data-id=\"2242872\" \/><\/p>\n<p><a href=\"https:\/\/puntocritico.com\/ausajpuntocritico\/wp-content\/uploads\/2018\/02\/Esperanza-Aguirre-e-Ignacio-Gonz%C3%A1lez-publicidad-ABC-y-La-Raz%C3%B3n.jpg\" rel=\"lightbox[9024]\"><img loading=\"lazy\" decoding=\"async\" class=\"wp-image-9051 size-full aligncenter\" src=\"https:\/\/puntocritico.com\/ausajpuntocritico\/wp-content\/uploads\/2018\/02\/Esperanza-Aguirre-e-Ignacio-Gonz%C3%A1lez-publicidad-ABC-y-La-Raz%C3%B3n.jpg\" sizes=\"auto, (max-width: 394px) 100vw, 394px\" srcset=\"https:\/\/puntocritico.com\/ausajpuntocritico\/wp-content\/uploads\/2018\/02\/Esperanza-Aguirre-e-Ignacio-Gonz\u00e1lez-publicidad-ABC-y-La-Raz\u00f3n.jpg 394w, https:\/\/puntocritico.com\/ausajpuntocritico\/wp-content\/uploads\/2018\/02\/Esperanza-Aguirre-e-Ignacio-Gonz\u00e1lez-publicidad-ABC-y-La-Raz\u00f3n-300x197.jpg 300w\" alt=\"\" width=\"394\" height=\"259\" \/><\/a><\/p>\n<p><img loading=\"lazy\" decoding=\"async\" class=\"aligncenter wp-image-2213696\" src=\"https:\/\/puntocritico.com\/ausajpuntocritico\/wp-content\/uploads\/2021\/06\/Barrionuevo-y-Vera-indultados-por-Aznar-PP.jpg\" alt=\"\" width=\"330\" height=\"203\" data-id=\"2213696\" \/><\/p>\n<p><img loading=\"lazy\" decoding=\"async\" class=\"aligncenter size-full wp-image-2242873\" src=\"https:\/\/puntocritico.com\/ausajpuntocritico\/wp-content\/uploads\/2022\/03\/mas-corruptos.jpg\" alt=\"\" width=\"318\" height=\"159\" data-id=\"2242873\" srcset=\"https:\/\/puntocritico.com\/ausajpuntocritico\/wp-content\/uploads\/2022\/03\/mas-corruptos.jpg 318w, https:\/\/puntocritico.com\/ausajpuntocritico\/wp-content\/uploads\/2022\/03\/mas-corruptos-300x150.jpg 300w\" sizes=\"auto, (max-width: 318px) 100vw, 318px\" \/> <img loading=\"lazy\" decoding=\"async\" class=\"aligncenter size-mhmagazinecontent wp-image-2242874\" src=\"https:\/\/puntocritico.com\/ausajpuntocritico\/wp-content\/uploads\/2022\/03\/Corruptos-sostenibles.jpg\" alt=\"\" width=\"644\" height=\"300\" data-id=\"2242874\" srcset=\"https:\/\/puntocritico.com\/ausajpuntocritico\/wp-content\/uploads\/2022\/03\/Corruptos-sostenibles.jpg 644w, https:\/\/puntocritico.com\/ausajpuntocritico\/wp-content\/uploads\/2022\/03\/Corruptos-sostenibles-300x140.jpg 300w, https:\/\/puntocritico.com\/ausajpuntocritico\/wp-content\/uploads\/2022\/03\/Corruptos-sostenibles-610x284.jpg 610w\" sizes=\"auto, (max-width: 644px) 100vw, 644px\" \/> <img loading=\"lazy\" decoding=\"async\" class=\"aligncenter size-mhmagazinecontent wp-image-2242875\" src=\"https:\/\/puntocritico.com\/ausajpuntocritico\/wp-content\/uploads\/2022\/03\/funcionarios-espanoles-sentenciados-prision-inahibitacion_thumb_589_348.jpg\" alt=\"\" width=\"618\" height=\"348\" data-id=\"2242875\" srcset=\"https:\/\/puntocritico.com\/ausajpuntocritico\/wp-content\/uploads\/2022\/03\/funcionarios-espanoles-sentenciados-prision-inahibitacion_thumb_589_348.jpg 618w, https:\/\/puntocritico.com\/ausajpuntocritico\/wp-content\/uploads\/2022\/03\/funcionarios-espanoles-sentenciados-prision-inahibitacion_thumb_589_348-300x169.jpg 300w, https:\/\/puntocritico.com\/ausajpuntocritico\/wp-content\/uploads\/2022\/03\/funcionarios-espanoles-sentenciados-prision-inahibitacion_thumb_589_348-610x343.jpg 610w\" sizes=\"auto, (max-width: 618px) 100vw, 618px\" \/><\/p>\n<p><img loading=\"lazy\" decoding=\"async\" class=\"aligncenter size-full wp-image-2242876\" src=\"https:\/\/puntocritico.com\/ausajpuntocritico\/wp-content\/uploads\/2022\/03\/Y-mas-corruptos.jpg\" alt=\"\" width=\"660\" height=\"340\" data-id=\"2242876\" srcset=\"https:\/\/puntocritico.com\/ausajpuntocritico\/wp-content\/uploads\/2022\/03\/Y-mas-corruptos.jpg 660w, https:\/\/puntocritico.com\/ausajpuntocritico\/wp-content\/uploads\/2022\/03\/Y-mas-corruptos-300x155.jpg 300w, https:\/\/puntocritico.com\/ausajpuntocritico\/wp-content\/uploads\/2022\/03\/Y-mas-corruptos-610x314.jpg 610w\" sizes=\"auto, (max-width: 660px) 100vw, 660px\" \/><\/p>\n<p style=\"text-align: center;\"><span style=\"font-size: 18pt;\">\u2666<span style=\"color: #008000;\">\u2666<\/span>\u2666<span style=\"color: #008000;\">\u2666<\/span>\u2666<span style=\"color: #008000;\">\u2666<\/span>\u2666<\/span><\/p>\n<h2 class=\"post-title\" style=\"text-align: center;\"><span style=\"font-size: 24pt;\">El aceite de girasol y la turba est\u00fapida en la que nos hemos convertido<\/span><\/h2>\n<p class=\"post-subtitle\" style=\"text-align: center;\"><strong><em><span style=\"font-size: 14pt;\">Es de suponer que quienes tratan de dirigir a la opini\u00f3n p\u00fablica y de vender sus productos en los mercados habr\u00e1n tomado buena nota del nivel absurdo al que ha llegado el instinto gregario en estos tiempos<\/span><\/em><\/strong><\/p>\n<p style=\"text-align: justify;\"><span style=\"font-size: 14pt;\">Por Rub\u00e9n Arranz<\/span><\/p>\n<p style=\"text-align: justify;\"><span style=\"font-size: 14pt;\"><a href=\"https:\/\/www.vozpopuli.com\/opinion\/opinion-aceite-girasol-turba.html\" target=\"_blank\" rel=\"noopener\">Vozpopuli<\/a>, 13 MARZO 2022<\/span><\/p>\n<figure id=\"attachment_2243145\" aria-describedby=\"caption-attachment-2243145\" style=\"width: 678px\" class=\"wp-caption aligncenter\"><img loading=\"lazy\" decoding=\"async\" class=\"wp-image-2243145 size-mh-magazine-content\" src=\"https:\/\/puntocritico.com\/ausajpuntocritico\/wp-content\/uploads\/2022\/03\/estanteria-vacia-de-supermercado-678x381.webp\" alt=\"\" width=\"678\" height=\"381\" data-id=\"2243145\" srcset=\"https:\/\/puntocritico.com\/ausajpuntocritico\/wp-content\/uploads\/2022\/03\/estanteria-vacia-de-supermercado-678x381.webp 678w, https:\/\/puntocritico.com\/ausajpuntocritico\/wp-content\/uploads\/2022\/03\/estanteria-vacia-de-supermercado-300x169.webp 300w, https:\/\/puntocritico.com\/ausajpuntocritico\/wp-content\/uploads\/2022\/03\/estanteria-vacia-de-supermercado-1024x576.webp 1024w, https:\/\/puntocritico.com\/ausajpuntocritico\/wp-content\/uploads\/2022\/03\/estanteria-vacia-de-supermercado-768x432.webp 768w, https:\/\/puntocritico.com\/ausajpuntocritico\/wp-content\/uploads\/2022\/03\/estanteria-vacia-de-supermercado-610x343.webp 610w, https:\/\/puntocritico.com\/ausajpuntocritico\/wp-content\/uploads\/2022\/03\/estanteria-vacia-de-supermercado.webp 1200w\" sizes=\"auto, (max-width: 678px) 100vw, 678px\" \/><figcaption id=\"caption-attachment-2243145\" class=\"wp-caption-text\"><span style=\"color: #008000;\">Estanter\u00eda vac\u00eda de un supermercado<\/span><\/figcaption><\/figure>\n<p style=\"text-align: justify;\">\u00a0<\/p>\n<p style=\"text-align: justify;\"><span style=\"font-size: 14pt;\">En el fondo del pozo se halla el miedo, quiz\u00e1s el instinto m\u00e1s potente e irracional. Es el pavor a enfrentarse a la imagen de la despensa vac\u00eda o a quedar rezagado del grupo. Hay quien siempre aprovecha ese sentimiento para ganar dinero. Dir\u00eda que es lo m\u00e1s normal. Este viernes,\u00a0<a href=\"https:\/\/www.amazon.es\/dp\/B095PRTXHM\/ref=cm_sw_r_cp_api_glt_i_TNZEG3X8DKT3D04ZC7ZJ\" target=\"_blank\" rel=\"noopener\" data-schema-attribute=\"\">un vendedor de Amazon<\/a>\u00a0ofrec\u00eda una garrafa de 5 litros de aceite de girasol a 47,99 euros. No es tan costosa en los supermercados, pero su precio ha aumentado con las compras masivas. \u00bfQui\u00e9n dijo que el temor no es rentable? \u00a1Es lo m\u00e1s lucrativo que existe!<\/span><\/p>\n<p style=\"text-align: justify;\"><span style=\"font-size: 14pt;\">Public\u00f3 Nerea San Esteban el pasado 3 de marzo en\u00a0<em>Vozp\u00f3puli\u00a0<\/em>que\u00a0Makro\u00a0hab\u00eda tomado la decisi\u00f3n de limitar el n\u00famero de unidades de este producto que pod\u00edan adquirir sus clientes ante el riesgo de desabastecimiento, toda vez que el 60% del que se importa en Espa\u00f1a procede de Ucrania, zona de conflicto.<\/span><\/p>\n<p style=\"text-align: justify;\"><span style=\"font-size: 14pt;\">Este jueves, en una tienda de\u00a0Mercadona\u00a0y un hipermercado de\u00a0Carrefour\u00a0se terminaba el producto en tan s\u00f3lo una hora, tras reponerlo. Habr\u00e1 quien lo compre por necesidad, pero otros lo har\u00e1n porque han escuchado la palabra \u201cescasez\u201d y temen quedarse sin aceite.<\/span><\/p>\n<p style=\"text-align: justify;\"><span style=\"font-size: 14pt;\">Fue el 9 de marzo de 2020 cuando la prensa comenz\u00f3 a hablar de que podr\u00edan confinar a la poblaci\u00f3n y los ciudadanos se lanzaron a los supermercados para adquirir decenas de\u00a0<strong>rollos de papel higi\u00e9nico.<\/strong>\u00a0Hab\u00edan escuchado en reiteradas ocasiones que en la\u00a0<strong>Venezuela\u00a0<\/strong>gobernada por el tir\u00e1nico\u00a0Nicol\u00e1s Maduro\u00a0falta este producto. Si nos iban a encerrar en casa, mejor tener el armario lleno. Mejor limpiar y pulir que comer.<\/span><\/p>\n<h3 style=\"text-align: justify;\"><span style=\"font-size: 14pt;\">El aceite de girasol y el miedo<\/span><\/h3>\n<p style=\"text-align: justify;\"><span style=\"font-size: 14pt;\">Hay quien trata estos d\u00edas de sentar c\u00e1tedra sobre la\u00a0<strong>guerra de Ucrania\u00a0<\/strong>cuando hace dos a\u00f1os, sin tener tampoco ni pu\u00f1etera idea del asunto, desaconsejaba el uso de mascarilla para quien no estuviera enfermo de covid-19. La gente fue al supermercado -a abastecerse de papel higi\u00e9nico- sin tomar las m\u00ednimas precauciones. Al poco, las mascarillas quir\u00fargicas y los guantes de l\u00e1tex comenzaron a venderse a 3 euros la unidad en las farmacias. Luego, el tapabocas se hizo obligatorio incluso en la calle. Los ciudadanos escuchaban los consejos cambiantes en los medios y los segu\u00edan. Estaban precedidos de las consiguientes noticias sobre las<strong>\u00a0elevadas posibilidades de morir de esa enfermedad respiratoria<\/strong>. Una presentadora de televisi\u00f3n dedic\u00f3 su secci\u00f3n a un tema de vital importancia:\u00a0<strong>\u00bfqu\u00e9 posturas sexuales minimizan el riesgo de contagio?<\/strong><\/span><\/p>\n<p style=\"text-align: justify;\"><span style=\"font-size: 14pt;\">Es de suponer que quienes tratan de dirigir a la opini\u00f3n p\u00fablica y de vender sus productos en los mercados habr\u00e1n tomado buena nota del nivel absurdo al que ha llegado el instinto gregario en estos tiempos. Su combinaci\u00f3n con el miedo ha creado una\u00a0<strong>masa est\u00fapida<\/strong>\u00a0que lo ha tenido todo y que no conoce la escasez (o apenas). Ni de libertades, ni de cosm\u00e9ticos, ni de alimentos. As\u00ed que basta con que el C\u00e9sar Carballo de turno lance la voz de alarma en un medio de comunicaci\u00f3n para que el producto se agote en los supermercados. Por razones de suministro (como ocurre en el caso de Ucrania) o porque alguien prev\u00e9, presiente o supone que un determinado episodio va a afectar al\u00a0<em>stock<\/em>. Hace unos meses, dijeron que hab\u00eda riesgo incluso de que los centros comerciales se quedaran sin\u00a0<strong>ginebra<\/strong>.\u00a0<\/span><\/p>\n<p>&nbsp;<\/p>\n<blockquote>\n<p style=\"text-align: center;\"><strong><span style=\"font-size: 14pt; color: #008000;\">Es penosa la experiencia de vivir bajo ese estado de terror, ansiedad y comportamiento compulsivo, que es el que cada d\u00eda contribuyen a engarzar a la mente de los ciudadanos los medios de comunicaci\u00f3n, convertidos a veces, por el clickbait, en una especie de trompetas del Apocalipsis<\/span><\/strong><\/p>\n<\/blockquote>\n<p>&nbsp;<\/p>\n<p style=\"text-align: justify;\"><span style=\"font-size: 14pt;\">Es penosa la experiencia de vivir bajo ese estado de terror, ansiedad y comportamiento compulsivo, que es el que cada d\u00eda contribuyen a engarzar a la mente de los ciudadanos los medios de comunicaci\u00f3n, convertidos a veces, por el\u00a0<em>clickbait<\/em>, en una especie de trompetas del Apocalipsis. La situaci\u00f3n es tan lamentable que incluso hubo quien llen\u00f3 su b\u00fanker de productos no perecederos -incluido el papel higi\u00e9nico- hace unas semanas porque se hab\u00eda puesto de moda una teor\u00eda sobre la pr\u00f3xima ca\u00edda de un\u00a0<strong>meteorito<\/strong>. O por el rumor de un<strong>\u00a0gran apag\u00f3n europeo<\/strong>. Por cierto, esto \u00faltimo cobra cierto sentido en estos d\u00edas. Curioso\u2026<\/span><\/p>\n<p style=\"text-align: justify;\"><span style=\"font-size: 14pt;\">Cabe reflexionar acerca de d\u00f3nde est\u00e1 el l\u00edmite. Es decir, sobre cu\u00e1l es la l\u00ednea roja a partir de la cual los ciudadanos no estar\u00edan dispuestos a sacrificar su comodidad para seguir la llamada de su miedo. Porque el desastre en una sociedad tan cambiante e impulsiva ante estas\u00a0<em>neuras\u00a0<\/em>es cuesti\u00f3n de tiempo. Por eso, conviene lanzar la pregunta sobre del principio de este p\u00e1rrafo.<\/span><\/p>\n<p style=\"text-align: justify;\"><span style=\"font-size: 14pt;\">Quiz\u00e1s estas crisis -la de 2020 y la actual- tambi\u00e9n han servido para comprobar<strong>\u00a0lo permeables que son los televidentes o los lectores de prensa hacia lo que les transmiten los medios<\/strong>, en los que trabajan expertos que no son tal y analistas que tampoco, adem\u00e1s de periodistas con un largo historial de desatinos. Alguno lleva muchos a\u00f1os gritando cada ma\u00f1ana eso de \u201ca cubierto\u201d. Y cada tarde otros m\u00e1s.<\/span><\/p>\n<p style=\"text-align: justify;\"><span style=\"font-size: 14pt;\">Con miedo, impulsos irracionales, falta de reflexi\u00f3n y confianza en estos demonios medi\u00e1ticos, quiz\u00e1s no est\u00e9 tan asegurada la\u00a0<strong>democracia liberal\u00a0<\/strong>como pensamos. O quiz\u00e1s haya quien considere que esta afirmaci\u00f3n es tambi\u00e9n exagerada e implique dar innecesariamente la voz de alarma. Sinceramente, no lo creo.<\/span><\/p>\n<p>&nbsp;<\/p>\n<p><a href=\"https:\/\/puntocritico.com\/ausajpuntocritico\/2021\/12\/20\/vacunacion-obligatoria-o-coactiva-catastrofe-total\/\"><img loading=\"lazy\" decoding=\"async\" class=\"aligncenter wp-image-2225018\" src=\"https:\/\/puntocritico.com\/ausajpuntocritico\/wp-content\/uploads\/2021\/09\/Desinformacion-salud.jpg\" alt=\"desinformaci\u00f3n\" width=\"480\" height=\"319\" data-id=\"2225018\" srcset=\"https:\/\/puntocritico.com\/ausajpuntocritico\/wp-content\/uploads\/2021\/09\/Desinformacion-salud.jpg 680w, https:\/\/puntocritico.com\/ausajpuntocritico\/wp-content\/uploads\/2021\/09\/Desinformacion-salud-300x199.jpg 300w, https:\/\/puntocritico.com\/ausajpuntocritico\/wp-content\/uploads\/2021\/09\/Desinformacion-salud-610x405.jpg 610w, https:\/\/puntocritico.com\/ausajpuntocritico\/wp-content\/uploads\/2021\/09\/Desinformacion-salud-678x452.jpg 678w\" sizes=\"auto, (max-width: 480px) 100vw, 480px\" \/><\/a><\/p>\n<p style=\"text-align: center;\"><span style=\"font-size: 18pt;\">\u2666<span style=\"color: #008000;\">\u2666<\/span>\u2666<span style=\"color: #008000;\">\u2666<\/span>\u2666<span style=\"color: #008000;\">\u2666<\/span>\u2666<\/span><\/p>\n<h2 class=\"title style-scope ytd-video-primary-info-renderer\" style=\"text-align: center;\"><span style=\"font-size: 24pt;\">Psicosis de Formaci\u00f3n de Masas<\/span><\/h2>\n<p class=\"title style-scope ytd-video-primary-info-renderer\" style=\"text-align: center;\"><em><strong><span style=\"font-size: 18pt;\">C\u00f3mo se fabric\u00f3 esta histeria colectiva y c\u00f3mo recuperar la cordura<\/span><\/strong><\/em><\/p>\n<p style=\"text-align: justify;\"><span style=\"font-size: 14pt;\">Por <a href=\"https:\/\/www.youtube.com\/channel\/UCu1C0mYQjWPFNmmMXJ40X7A\" target=\"_blank\" rel=\"noopener\">Jorge Benito<\/a><\/span><\/p>\n<div id=\"info\" class=\"style-scope ytd-video-primary-info-renderer\">\u00a0<\/div>\n<p><iframe loading=\"lazy\" title=\"La formaci\u00f3n de masas | C\u00f3mo se fabric\u00f3 esta histeria colectiva y c\u00f3mo recuperar la cordura\" width=\"500\" height=\"281\" src=\"https:\/\/www.youtube.com\/embed\/5YI9J7pxAoM?feature=oembed\" frameborder=\"0\" allow=\"accelerometer; autoplay; clipboard-write; encrypted-media; gyroscope; picture-in-picture; web-share\" referrerpolicy=\"strict-origin-when-cross-origin\" allowfullscreen><\/iframe><\/p>\n<blockquote>\n<p class=\"title style-scope ytd-video-primary-info-renderer\" style=\"text-align: center;\"><strong><span style=\"font-size: 18pt;\">Psicosis de Formaci\u00f3n de Masas<\/span><\/strong><\/p>\n<p style=\"text-align: center;\"><span style=\"font-size: 14pt;\">\u00bfC\u00f3mo puede una sociedad entera caer en un estado de neurosis colectiva donde los individuos, totalmente enajenados y habiendo perdido su capacidad de razonar, le exigen en masa a sus gobernantes que instauren una tiran\u00eda? <\/span><\/p>\n<p style=\"text-align: center;\"><span style=\"font-size: 14pt;\">Mattias Desmet, profesor de psicolog\u00eda cl\u00ednica en la Universidad de Ghent en B\u00e9lgica, afirma que la explicaci\u00f3n est\u00e1 en algo llamado Psicosis de Formaci\u00f3n de Masas, del ingl\u00e9s Mass Formation Psychosis, un estado de delirio colectivo que sucede cuando se re\u00fanen 4 condiciones muy concretas.<\/span><\/p>\n<\/blockquote>\n<p>&nbsp;<\/p>\n<figure id=\"attachment_2238894\" aria-describedby=\"caption-attachment-2238894\" style=\"width: 480px\" class=\"wp-caption aligncenter\"><a href=\"https:\/\/puntocritico.com\/ausajpuntocritico\/2022\/01\/18\/psicosis-de-formacion-masiva\/\"><img loading=\"lazy\" decoding=\"async\" class=\"wp-image-2238894\" src=\"https:\/\/puntocritico.com\/ausajpuntocritico\/wp-content\/uploads\/2022\/01\/VacuMiedoAngusPor-PPAL.jpg\" alt=\"\" width=\"480\" height=\"319\" data-id=\"2238894\" srcset=\"https:\/\/puntocritico.com\/ausajpuntocritico\/wp-content\/uploads\/2022\/01\/VacuMiedoAngusPor-PPAL.jpg 680w, https:\/\/puntocritico.com\/ausajpuntocritico\/wp-content\/uploads\/2022\/01\/VacuMiedoAngusPor-PPAL-300x199.jpg 300w, https:\/\/puntocritico.com\/ausajpuntocritico\/wp-content\/uploads\/2022\/01\/VacuMiedoAngusPor-PPAL-610x405.jpg 610w, https:\/\/puntocritico.com\/ausajpuntocritico\/wp-content\/uploads\/2022\/01\/VacuMiedoAngusPor-PPAL-678x452.jpg 678w\" sizes=\"auto, (max-width: 480px) 100vw, 480px\" \/><\/a><figcaption id=\"caption-attachment-2238894\" class=\"wp-caption-text\"><a href=\"https:\/\/puntocritico.com\/ausajpuntocritico\/2022\/01\/18\/psicosis-de-formacion-masiva\/\"><span style=\"color: #008000;\">PSICOSIS DE FORMACI\u00d3N MASIVA. COVID-19: \u00bfPor qu\u00e9 ocultar lo que sucede en las dos primeras semanas despu\u00e9s de la vacunaci\u00f3n?<\/span><\/a><\/figcaption><\/figure>\n<p style=\"text-align: center;\"><span style=\"font-size: 18pt;\">\u2666<span style=\"color: #008000;\">\u2666<\/span>\u2666<span style=\"color: #008000;\">\u2666<\/span>\u2666<span style=\"color: #008000;\">\u2666<\/span>\u2666<\/span><\/p>\n<p><img loading=\"lazy\" decoding=\"async\" class=\"aligncenter wp-image-2242999\" src=\"https:\/\/puntocritico.com\/ausajpuntocritico\/wp-content\/uploads\/2022\/03\/MAPA-DE-SITUACION-HUMANA-2022.jpg\" alt=\"\" width=\"400\" height=\"410\" data-id=\"2242999\" srcset=\"https:\/\/puntocritico.com\/ausajpuntocritico\/wp-content\/uploads\/2022\/03\/MAPA-DE-SITUACION-HUMANA-2022.jpg 663w, https:\/\/puntocritico.com\/ausajpuntocritico\/wp-content\/uploads\/2022\/03\/MAPA-DE-SITUACION-HUMANA-2022-293x300.jpg 293w, https:\/\/puntocritico.com\/ausajpuntocritico\/wp-content\/uploads\/2022\/03\/MAPA-DE-SITUACION-HUMANA-2022-610x626.jpg 610w\" sizes=\"auto, (max-width: 400px) 100vw, 400px\" \/><\/p>\n<p style=\"text-align: center;\"><span style=\"font-size: 18pt;\">\u2666<span style=\"color: #008000;\">\u2666<\/span>\u2666<span style=\"color: #008000;\">\u2666<\/span>\u2666<span style=\"color: #008000;\">\u2666<\/span>\u2666<\/span><\/p>\n<blockquote>\n<blockquote>\n<h2 style=\"text-align: center;\"><span style=\"font-size: 18pt;\"><strong>Publicamos dos v\u00eddeos; el primero de s\u00f3lo 4 minutos, de recomendable visionado; el segundo, no necesita presentaci\u00f3n.<\/strong><\/span><\/h2>\n<h3 style=\"text-align: center;\"><span style=\"color: #008000; font-size: 14pt;\"><strong>Los dos minutos de odio (1984) <\/strong><\/span><\/h3>\n<\/blockquote>\n<\/blockquote>\n<div style=\"text-align: center;\"><iframe loading=\"lazy\" src=\"https:\/\/mega.nz\/embed\/nMcikDLC!MmnoLdUvbDun_foWUxS8HepZ2TEIoy8GIpzu3MeOmTU\" width=\"640\" height=\"360\" frameborder=\"0\" allowfullscreen=\"allowfullscreen\"><\/iframe><\/div>\n<p style=\"text-align: center;\"><span style=\"color: #008000; font-size: 14pt;\"><strong>Publicado 23 ago. 2012 por <\/strong><a class=\"yt-simple-endpoint style-scope yt-formatted-string\" style=\"color: #008000;\" href=\"https:\/\/www.youtube.com\/channel\/UCzSl27eNhAyvZGqWENvbLsw\" target=\"_blank\" rel=\"noopener\">mis dos centavos<\/a><\/span><\/p>\n<p style=\"text-align: center;\"><span style=\"font-size: 14pt;\">\u2666\u2666\u2666\u2666\u2666\u2666\u2666<\/span><\/p>\n<h3 style=\"text-align: center;\"><span style=\"color: #339966;\"><strong>LA REBELI\u00d3N DE LA GRANJA (Pel\u00edcula completa), George Orwell <\/strong><\/span><\/h3>\n<div style=\"text-align: center;\"><iframe loading=\"lazy\" src=\"https:\/\/mega.nz\/embed\/HMlWUZxJ!nf5j1d_6R3aWU8qXHoQWJjr6kSuTfUWPu0m06jIIVZ4\" width=\"640\" height=\"480\" frameborder=\"0\" allowfullscreen=\"allowfullscreen\"><\/iframe><\/div>\n<p style=\"text-align: center;\"><span style=\"color: #339966;\"><strong>Publicado el 14 abr. 2013 por <a href=\"https:\/\/www.youtube.com\/channel\/UCnccUmyTP1B1DKul3lL91IQ\" target=\"_blank\" rel=\"noopener\">Esteban Cruz<\/a><\/strong><\/span><\/p>\n<p style=\"text-align: center;\"><span style=\"font-size: 18pt; color: #008000;\"><strong>*******<\/strong><\/span><\/p>\n<h2 class=\"post-title\" style=\"text-align: center;\"><span style=\"font-size: 24pt;\">Los muertos de Putin se ense\u00f1an; los de covid, se escondieron<\/span><\/h2>\n<p class=\"post-subtitle\" style=\"text-align: center;\"><em><strong><span style=\"font-size: 14pt;\">Entonces, los muertos eran inc\u00f3modos para quien mandaba, mientras que ahora se utilizan de excusa para actuar. Y para tapar verg\u00fcenzas<\/span><\/strong><\/em><\/p>\n<p style=\"text-align: justify;\"><span style=\"font-size: 14pt;\">Por Rub\u00e9n Arranz<\/span><\/p>\n<p style=\"text-align: justify;\"><span style=\"font-size: 14pt;\"><a href=\"https:\/\/www.vozpopuli.com\/opinion\/muertos-putin-covid.html\" target=\"_blank\" rel=\"noopener\">Vozpopuli<\/a>, 8 Marzo 2022<\/span><\/p>\n<p><img loading=\"lazy\" decoding=\"async\" class=\"aligncenter wp-image-2242738 size-mh-magazine-content\" src=\"https:\/\/puntocritico.com\/ausajpuntocritico\/wp-content\/uploads\/2022\/03\/portada-el-pais-putin-678x381.webp\" alt=\"\" width=\"678\" height=\"381\" data-id=\"2242738\" srcset=\"https:\/\/puntocritico.com\/ausajpuntocritico\/wp-content\/uploads\/2022\/03\/portada-el-pais-putin-678x381.webp 678w, https:\/\/puntocritico.com\/ausajpuntocritico\/wp-content\/uploads\/2022\/03\/portada-el-pais-putin-300x169.webp 300w, https:\/\/puntocritico.com\/ausajpuntocritico\/wp-content\/uploads\/2022\/03\/portada-el-pais-putin-1024x576.webp 1024w, https:\/\/puntocritico.com\/ausajpuntocritico\/wp-content\/uploads\/2022\/03\/portada-el-pais-putin-768x432.webp 768w, https:\/\/puntocritico.com\/ausajpuntocritico\/wp-content\/uploads\/2022\/03\/portada-el-pais-putin-610x343.webp 610w, https:\/\/puntocritico.com\/ausajpuntocritico\/wp-content\/uploads\/2022\/03\/portada-el-pais-putin.webp 1200w\" sizes=\"auto, (max-width: 678px) 100vw, 678px\" \/><\/p>\n<p>&nbsp;<\/p>\n<p style=\"text-align: justify;\"><span style=\"font-size: 14pt;\"><a href=\"https:\/\/elpais.com\/hemeroteca\/elpais\/portadas\/2022\/03\/07\/\" target=\"_blank\" rel=\"noopener\" data-schema-attribute=\"\">Apareci\u00f3 este lunes el diario\u00a0<em>El Pa\u00eds<\/em><\/a>\u00a0con una fotograf\u00eda de portada fant\u00e1stica. La protagonizaba la v\u00edctima de un bombardeo en\u00a0<em><strong>Ucrania<\/strong><\/em>, a quien el fuego ruso hab\u00eda sorprendido mientras intentaba huir de la ciudad de\u00a0<strong>Irpin<\/strong>. El cuerpo estaba tapado con una s\u00e1bana, aunque quedaba al aire un brazo, con la mano ensangrentada. Al lado, se apreciaba una maleta con ruedas. Pocos ejercicios de\u00a0<strong>fotoperiodismo\u00a0<\/strong>podr\u00edan ilustrar de una mejor forma sobre el horror de la guerra.<\/span><\/p>\n<p style=\"text-align: justify;\"><span style=\"font-size: 14pt;\">Hace casi dos a\u00f1os que\u00a0<em>El Mundo<\/em>\u00a0sali\u00f3 a la calle con una portada que tambi\u00e9n estremec\u00eda. Mostraba\u00a0<strong>varias filas de ata\u00fades<\/strong>\u00a0que se hallaban en el\u00a0<strong>Palacio de Hielo<\/strong>\u00a0madrile\u00f1o, convertido en morgue durante los d\u00edas m\u00e1s tristes de la pandemia de\u00a0covid-19. Hubo quien entonces critic\u00f3 la decisi\u00f3n editorial de este peri\u00f3dico, al considerar que la exhibici\u00f3n de los f\u00e9retros no aportaba nada. Tan s\u00f3lo morbo. El lunes, no abrieron la boca, pese a que era un ejemplo similar. \u00bfCu\u00e1l es la diferencia? Que entonces los muertos eran inc\u00f3modos para quien mandaba, mientras que ahora se utilizan de excusa para actuar. Y para tapar verg\u00fcenzas.<\/span><\/p>\n<p style=\"text-align: justify;\"><span style=\"font-size: 14pt;\">Mi criterio siempre ha sido el mismo al respecto: la funci\u00f3n del periodismo no pasa por regodearse en detalles macabros ni indiscretos, pero tampoco debe ocultar la realidad. Los ciudadanos de Estados Unidos no tomaron plena conciencia de la crueldad y la sinraz\u00f3n de la\u00a0<strong>Guerra de Vietnam<\/strong>\u00a0hasta que no se difundieron im\u00e1genes sobre los f\u00e9retros cubiertos con banderas nacionales durante el proceso de repatriaci\u00f3n. Por eso el Pent\u00e1gono trat\u00f3 de evitar la difusi\u00f3n de estas fotograf\u00edas durante la invasi\u00f3n de\u00a0<strong>Iraq<\/strong>. Afortunadamente, sin \u00e9xito.<\/span><\/p>\n<div id=\"content-intext-1\">\n<div class=\"entry-content\">\n<div id=\"sm-it-main-container-1646765833705\" class=\"sm-it-main-container\" data-it=\"b6e54df5-cdde-43b2-ace7-e226e31773e0\" data-device=\"desktop\" data-index=\"0\">\n<div id=\"sm-alternative-1646765833705\" class=\"sm-alternative\" style=\"text-align: center;\" data-it=\"b6e54df5-cdde-43b2-ace7-e226e31773e0\" data-index=\"0\" data-device=\"desktop\">\n<p style=\"text-align: justify;\"><span style=\"font-size: 14pt;\">Los medios de comunicaci\u00f3n deben mostrar\u00a0<strong>la muerte, el sufrimiento, la ruina y el caos\u00a0<\/strong>tal y como se registran durante los conflictos b\u00e9licos. De lo contrario, se corre el riesgo de que la guerra se impregne de un peligroso romanticismo en la mente de los incautos. De que se considere una aventura en la que los soldados reciben medallas y los generales mueven fichas alrededor de un mapa para tomar territorios.<\/span><\/p>\n<div id=\"content-intext-2\" style=\"text-align: justify;\">\u00a0<\/div>\n<blockquote class=\"wp-block-quote\"><p><span style=\"color: #008000;\"><strong><span style=\"font-size: 14pt;\">Los medios de comunicaci\u00f3n deben mostrar la muerte, el sufrimiento, la ruina y el caos\u00a0tal y como se registran durante los conflictos b\u00e9licos. De lo contrario, se corre el riesgo de que la guerra se impregne de un peligroso romanticismo en la mente de los incautos.<\/span><\/strong><\/span><\/p><\/blockquote>\n<p>&nbsp;<\/p>\n<p style=\"text-align: justify;\"><span style=\"font-size: 14pt;\">Con esa moral quijotesca vio marchar <strong>Zweig<\/strong> a los soldados a la\u00a0<strong>Primera Guerra Mundial.<\/strong>\u00a0Hab\u00edan vivido a finales del siglo XIX y principios del XX, en un ambiente pr\u00f3spero y cultural y cient\u00edficamente envidiable. Pocos regresaron con vida o sin mutilaciones.\u00a0<strong>Varios millones de familias lo perdieron todo.<\/strong>\u00a0Suceder\u00e1 ahora en Ucrania.<\/span><\/p>\n<p style=\"text-align: justify;\"><span style=\"font-size: 14pt;\">Es previsible que los medios de comunicaci\u00f3n pro gubernamentales no tengan reparos durante las pr\u00f3ximas semanas en retratar el horror de Ucrania y en difundir todo tipo de propaganda del Gobierno de <strong>Zelenski<\/strong> -figura santificada, \u00a1cu\u00e1nto cerebro vac\u00edo y\u00a0<strong>oportunista<\/strong>, como el\u00a0<strong>alcalde Almeida<\/strong>\u2013 porque a\u00a0Pedro S\u00e1nchez\u00a0le conviene la figura del enemigo exterior para tratar de atribuir a otro el desastre nacional.<\/span><\/p>\n<p style=\"text-align: justify;\"><span style=\"font-size: 14pt;\">Seamos claros:\u00a0<strong>Putin<\/strong>\u00a0es un aut\u00f3crata y un criminal, pero en esta contienda no hay h\u00e9roes ni buenos. Tan s\u00f3lo v\u00edctimas, como el hombre que apareci\u00f3 en la portada de\u00a0<em>El Pa\u00eds<\/em>; como los refugiados o como los soldados que son enviados a primera l\u00ednea de fuego a morir por la psicopat\u00eda de un l\u00edder. Ahora bien, \u00bfacaso conviene apoyar sin hacerse preguntas a quien tanto ha contribuido a desestabilizar Europa del Este desde que cay\u00f3 el\u00a0<strong>Muro de Berl\u00edn<\/strong>, tanto por intereses geoestrat\u00e9gicos como econ\u00f3micos? \u00bfAcaso puede considerarse como un \u2018amigo\u2019 quien ha contribuido a\u00a0<strong>legitimar el r\u00e9gimen tir\u00e1nico de Nicol\u00e1s Maduro\u00a0<\/strong>-como ocurre con las teocracias \u00e1rabes- con el reciente acuerdo para comprarle petr\u00f3leo?<\/span><\/p>\n<h3 id=\"putin-el-enemigo-externo\" class=\"has-text-align-left\" style=\"text-align: justify;\"><span style=\"font-size: 14pt;\">Putin, el enemigo externo<\/span><\/h3>\n<p style=\"text-align: justify;\"><span style=\"font-size: 14pt;\">Se ocultar\u00e1n estos detalles en la prensa af\u00edn al Ejecutivo o se les quitar\u00e1 hierro con falacias de todo tipo. Porque ahora su tarea es\u00a0<strong>engordar la figura del enemigo exterior\u00a0<\/strong>-Putin- para que los ciudadanos culpen de la inflaci\u00f3n y la crisis econ\u00f3mica al\u00a0<strong>Kremlin<\/strong>. Si para cumplir con este objetivo de comunicaci\u00f3n es necesario distribuir entre los ciudadanos burda propaganda, se har\u00e1. Y, por supuesto,\u00a0<strong>ning\u00fan periodista af\u00edn se opondr\u00e1<\/strong>\u00a0<strong>a la -l\u00f3gica- difusi\u00f3n de im\u00e1genes violentas<\/strong>. A las que ilustran sobre la guerra.<\/span><\/p>\n<p style=\"text-align: justify;\"><span style=\"font-size: 14pt;\">\u00c9sa es la diferencia entre 2020 y 2022. Entonces, conven\u00eda transmitir que hab\u00edamos salido m\u00e1s fuertes del confinamiento; y que la epidemia no era sin\u00f3nimo de muerte, sino de\u00a0<strong>divertida rutina casera<\/strong>.<\/span><\/p>\n<p style=\"text-align: justify;\"><span style=\"font-size: 14pt;\">Pero bueno, para eso ha quedado una gran parte de los\u00a0<strong>medios de comunicaci\u00f3n<\/strong>: para difundir sin hacerse excesivas preguntas las corrientes de opini\u00f3n interesadas que surgen desde el poder. F\u00edjense, parece que la pandemia se ha terminado de un d\u00eda para otro. En Navidad,\u00a0<strong>La Sexta<\/strong>\u00a0nos ilustraba sobre la mejor forma de ubicarnos en la mesa de Nochebuena para no matar al abuelo. El d\u00eda 7 de enero, el Gobierno comenz\u00f3 a hablar de \u201c<em>gripalizar<\/em>\u201d la<strong>\u00a0covid-19<\/strong>\u00a0para no acentuar el da\u00f1o econ\u00f3mico derivado de la pandemia.<\/span><\/p>\n<p style=\"text-align: justify;\"><span style=\"font-size: 14pt;\">Ahora, hay una nueva guerra y como alg\u00fan avezado asesor habr\u00e1 visto que la b\u00fasqueda del enemigo exterior puede utilizarse de excusa para todo (o casi), las tertulias ma\u00f1aneras se centran casi en exclusiva en el conflicto. Ya no muere gente de covid.<strong>\u00a0Toca volver a manipular la realidad para atornillar los nuevos embustes a la cabeza de los ciudadanos<\/strong>.<\/span><\/p>\n<p style=\"text-align: justify;\"><span style=\"font-size: 14pt;\">Y ojo, si esto implica demonizar a cada uno de los habitantes de\u00a0<strong>Rusia<\/strong>, as\u00ed se har\u00e1. Si ocurri\u00f3 con el vecino que acud\u00eda mucho al supermercado durante el confinamiento,\u00a0<strong>\u00a1qu\u00e9 no pasar\u00e1 con gente tan lejana y desconocida!<\/strong><\/span><\/p>\n<\/div>\n<\/div>\n<\/div>\n<\/div>\n<p>&nbsp;<\/p>\n<p style=\"text-align: center;\"><strong><span style=\"color: #008000; font-size: 18pt;\">*******<\/span><\/strong><\/p>\n<p><img loading=\"lazy\" decoding=\"async\" class=\"aligncenter size-full wp-image-26948\" src=\"https:\/\/puntocritico.com\/ausajpuntocritico\/wp-content\/uploads\/2020\/02\/a-la-mierdaaa.jpg\" alt=\"\" width=\"480\" height=\"363\" data-id=\"26948\" srcset=\"https:\/\/puntocritico.com\/ausajpuntocritico\/wp-content\/uploads\/2020\/02\/a-la-mierdaaa.jpg 480w, https:\/\/puntocritico.com\/ausajpuntocritico\/wp-content\/uploads\/2020\/02\/a-la-mierdaaa-300x227.jpg 300w, https:\/\/puntocritico.com\/ausajpuntocritico\/wp-content\/uploads\/2020\/02\/a-la-mierdaaa-80x60.jpg 80w\" sizes=\"auto, (max-width: 480px) 100vw, 480px\" \/><\/p>\n<p style=\"text-align: center;\"><span style=\"font-size: 18pt;\"><strong><span style=\"color: #008000;\">*******<\/span><\/strong><\/span><\/p>\n<h2 class=\"entry-title\" style=\"text-align: center;\"><strong><span class=\"title-master\" style=\"font-size: 24pt;\">S\u00e1nchez y la espiral del silencio<\/span><\/strong><\/h2>\n<p class=\"entry-subtitle\" style=\"text-align: center;\"><em><strong><span style=\"font-size: 14pt;\">Lo de Canet no es por el catal\u00e1n. Tiene que ver con el respeto a los derechos fundamentales y con el acatamiento del Estado de Derecho<\/span><\/strong><\/em><\/p>\n<p style=\"text-align: justify;\"><span style=\"font-size: 14pt;\">Por Marta Mart\u00edn<\/span><\/p>\n<p style=\"text-align: justify;\"><span style=\"font-size: 14pt;\"><a href=\"https:\/\/www.vozpopuli.com\/opinion\/sanchez-espiral-silencio.html\" target=\"_blank\" rel=\"noopener\">Vozpopuli<\/a><\/span><\/p>\n<figure id=\"attachment_2236601\" aria-describedby=\"caption-attachment-2236601\" style=\"width: 678px\" class=\"wp-caption aligncenter\"><a href=\"https:\/\/puntocritico.com\/ausajpuntocritico\/wp-content\/uploads\/2022\/01\/Un-operador-de-TV-toma-imagenes-en-la-escuela-Turo-del-Drac-de-Canet-de-Mar.webp\"><img loading=\"lazy\" decoding=\"async\" class=\"wp-image-2236601 size-mh-magazine-content\" src=\"https:\/\/puntocritico.com\/ausajpuntocritico\/wp-content\/uploads\/2022\/01\/Un-operador-de-TV-toma-imagenes-en-la-escuela-Turo-del-Drac-de-Canet-de-Mar-678x381.webp\" alt=\"\" width=\"678\" height=\"381\" data-id=\"2236601\" srcset=\"https:\/\/puntocritico.com\/ausajpuntocritico\/wp-content\/uploads\/2022\/01\/Un-operador-de-TV-toma-imagenes-en-la-escuela-Turo-del-Drac-de-Canet-de-Mar-678x381.webp 678w, https:\/\/puntocritico.com\/ausajpuntocritico\/wp-content\/uploads\/2022\/01\/Un-operador-de-TV-toma-imagenes-en-la-escuela-Turo-del-Drac-de-Canet-de-Mar-300x169.webp 300w, https:\/\/puntocritico.com\/ausajpuntocritico\/wp-content\/uploads\/2022\/01\/Un-operador-de-TV-toma-imagenes-en-la-escuela-Turo-del-Drac-de-Canet-de-Mar-1024x576.webp 1024w, https:\/\/puntocritico.com\/ausajpuntocritico\/wp-content\/uploads\/2022\/01\/Un-operador-de-TV-toma-imagenes-en-la-escuela-Turo-del-Drac-de-Canet-de-Mar-768x432.webp 768w, https:\/\/puntocritico.com\/ausajpuntocritico\/wp-content\/uploads\/2022\/01\/Un-operador-de-TV-toma-imagenes-en-la-escuela-Turo-del-Drac-de-Canet-de-Mar-1536x864.webp 1536w, https:\/\/puntocritico.com\/ausajpuntocritico\/wp-content\/uploads\/2022\/01\/Un-operador-de-TV-toma-imagenes-en-la-escuela-Turo-del-Drac-de-Canet-de-Mar-610x343.webp 610w, https:\/\/puntocritico.com\/ausajpuntocritico\/wp-content\/uploads\/2022\/01\/Un-operador-de-TV-toma-imagenes-en-la-escuela-Turo-del-Drac-de-Canet-de-Mar-1320x743.webp 1320w, https:\/\/puntocritico.com\/ausajpuntocritico\/wp-content\/uploads\/2022\/01\/Un-operador-de-TV-toma-imagenes-en-la-escuela-Turo-del-Drac-de-Canet-de-Mar.webp 1600w\" sizes=\"auto, (max-width: 678px) 100vw, 678px\" \/><\/a><figcaption id=\"caption-attachment-2236601\" class=\"wp-caption-text\"><span style=\"color: #008000;\">Un operador de TV toma im\u00e1genes en la escuela Tur\u00f3 del Drac de Canet de Mar. EFE \/ Alejandro Garc\u00eda.<\/span><\/figcaption><\/figure>\n<p>&nbsp;<\/p>\n<p style=\"text-align: justify;\"><span style=\"font-size: 14pt;\">En 1974, una catedr\u00e1tica de Mainz revolucion\u00f3 las ciencias de la informaci\u00f3n con un art\u00edculo en el\u00a0<em>Journal of Communication<\/em>. Se llamaba\u00a0<strong>Elisabeth Noelle-Neumann<\/strong>\u00a0y el texto\u00a0<em><a href=\"https:\/\/es.wikipedia.org\/wiki\/Espiral_del_silencio\" target=\"_blank\" rel=\"noopener\">The Spiral of Silence<\/a>: A Theory of Public Opinion<\/em>. Era el colof\u00f3n de a\u00f1os de trabajo en los que la alemana se hab\u00eda resistido a asumir la investigaci\u00f3n de\u00a0<strong>Lazarsfeld<\/strong>,\u00a0<strong>Berelson\u00a0<\/strong>y\u00a0<strong>Gaudet\u00a0<\/strong>que, d\u00e9cadas antes, hab\u00eda postulado que los medios ten\u00edan un poder \u201c<em>limitado<\/em>\u201d.<\/span><\/p>\n<p style=\"text-align: justify;\"><span style=\"font-size: 14pt;\">Noelle-Neumann nunca lo crey\u00f3. Porque sab\u00eda de lo que hablaba. Hab\u00eda vivido en Alemania antes de ir a\u00a0EE. UU.\u00a0y hab\u00eda podido comprobar la eficacia de la propaganda. Ella misma, militante en su juventud del Partido Nacionalsocialista, hab\u00eda publicado escritos en prensa a favor de la ideolog\u00eda del gobierno.<\/span><\/p>\n<p style=\"text-align: justify;\"><span style=\"font-size: 14pt;\">La llegada de los 60 reforz\u00f3 su intuici\u00f3n. Los mensajes acumulativos, omnipresentes y consonantes de la televisi\u00f3n, hac\u00edan ya imposible escaquearse de su influencia. Como prob\u00f3 otro autor,\u00a0<strong>McCombs<\/strong>, el poder de los medios no era tanto manipular el comportamiento, sino dictar los temas sobre los que pensar (<em>o no<\/em>). Pero no s\u00f3lo. Noelle-Neumann se dio cuenta de que eran los grandes generadores de opini\u00f3n p\u00fablica,\u00a0<strong>la m\u00e1s potente herramienta de control social\u00a0<\/strong>para modular los comportamientos de la ciudadan\u00eda.<\/span><\/p>\n<p style=\"text-align: justify;\"><span style=\"font-size: 14pt;\">En cualquier comunidad, el \u201c<em>discrepante<\/em>\u201d (<em>quien expresa posiciones contrarias a las asumidas como mayoritarias<\/em>) es condenado al aislamiento. En la sociedad de la informaci\u00f3n, la opini\u00f3n \u201c<em>publicada<\/em>\u201d se interpreta habitualmente como mayoritaria. Por mera supervivencia, evitamos contrariarla. Por eso, los medios adquieren un enorme poder.<\/span><\/p>\n<p>&nbsp;<\/p>\n<blockquote class=\"wp-block-quote\">\n<p style=\"text-align: center;\"><strong><span style=\"font-size: 14pt; color: #008000;\">Si nos alineamos con el \u201cpercibido\u201d sentir mayoritario, nos atrevemos a expresarnos. De no ser as\u00ed, nos cohibimos<\/span><\/strong><\/p>\n<\/blockquote>\n<p>&nbsp;<\/p>\n<p style=\"text-align: justify;\"><span style=\"font-size: 14pt;\">Los seres humanos somos gregarios: tememos el <a href=\"https:\/\/puntocritico.com\/ausajpuntocritico\/2019\/06\/12\/ostracismo\/\">ostracismo<\/a>. Por eso, disponemos de una especie de \u201c<em>sentido<\/em>\u201d que nos empuja a sondear\u00a0<strong>el clima de opini\u00f3n<\/strong>. Necesitamos contrastar nuestras convicciones, actitudes y comportamientos con los del espacio p\u00fablico para saber a qu\u00e9 arriesgarnos. Si nos alineamos con el \u201c<em>percibido<\/em>\u201d sentir mayoritario, nos atrevemos a expresarnos. De no ser as\u00ed, nos cohibimos.<\/span><\/p>\n<p style=\"text-align: justify;\"><span style=\"font-size: 14pt;\">Este sentir puede responder a la realidad o ser un simple espejismo (<em>a veces intencionalmente fabricado<\/em>). En cualquier caso, hace enmudecer a quienes discrepan mientras anima a hablar a quienes se ven incluidos en la colectividad. Se genera as\u00ed una espiral, la espiral del silencio:\u00a0<strong>las ideas que se manifiestan se van haciendo cada vez m\u00e1s fuertes y las \u00e1fonas, m\u00e1s d\u00e9biles<\/strong>. Pero el proceso puede\u00a0<strong>romperse en seco<\/strong>\u00a0cuando alg\u00fan hecho provoca que la voz de un grupo de valientes, reafirmado en sus posiciones, se escuche.<\/span><\/p>\n<p>&nbsp;<\/p>\n<blockquote class=\"wp-block-quote\">\n<p style=\"text-align: center;\"><span style=\"color: #008000;\"><strong><span style=\"font-size: 14pt;\">Los dominantes se revuelven para tratar de recuperar el control. Sin embargo, sus espasmos col\u00e9ricos refuerzan el impulso de cada vez m\u00e1s individuos rebeldes<\/span><\/strong><\/span><\/p>\n<\/blockquote>\n<p>&nbsp;<\/p>\n<p style=\"text-align: justify;\"><span style=\"font-size: 14pt;\">Entonces, como un castillo de naipes, la falacia (<em>si la opini\u00f3n presentada como \u201cmayoritaria\u201d no era realidad<\/em>) se puede empezar a desmontar. Quienes permanec\u00edan mudos reaccionan y quienes se adher\u00edan, gregariamente, ante planteamientos que no compart\u00edan, dejan de hacerlo. Obviamente, los dominantes se revuelven para tratar de recuperar el control. Si embargo, sus espasmos col\u00e9ricos refuerzan el impulso de cada vez m\u00e1s individuos rebeldes.<\/span><\/p>\n<p style=\"text-align: justify;\"><span style=\"font-size: 14pt;\">Como en\u00a0<strong>Canet<\/strong>. Lo parad\u00f3jico estriba en que lo que ha hecho reaccionar no ha sido tanto la firmeza de esos padres en defender los derechos ling\u00fc\u00edsticos de su hijo, como la asquerosa campa\u00f1a de acoso promocionada por la Generalitat. Esta\u00a0<strong>reacci\u00f3n rabiosa<\/strong>\u00a0ha sido la gota que ha colmado el vaso.<\/span><\/p>\n<p style=\"text-align: justify;\"><span style=\"font-size: 14pt;\">La pol\u00e9mica no tiene que ver con el catal\u00e1n. Tiene que ver con la exclusi\u00f3n y con el se\u00f1alamiento del que no se siente radical ni politizado, del que no piensa como ellos, del \u201c<em>discrepante<\/em>\u201d, condenado hasta ahora al silencio. Tiene que ver con el respeto a los derechos fundamentales y con el acatamiento del Estado de Derecho.<\/span><\/p>\n<p style=\"text-align: justify;\"><span style=\"font-size: 14pt;\"><strong>Noelle-Neumann<\/strong> comprob\u00f3 sus ideas emp\u00edricamente con m\u00e1s de 3.000 encuestas en un experimento. Concluy\u00f3, entre otras, dos cuestiones importantes.\u00a0<strong>Cuando una minor\u00eda percibe la posibilidad de ser mayor\u00eda, crecer\u00e1<\/strong>. En segundo lugar (<em>aviso a navegantes<\/em>), cuando hay inseguridad sobre lo que es o puede ser la creencia dominante, se est\u00e1 produciendo un profundo cambio de opini\u00f3n.<\/span><\/p>\n<p>&nbsp;<\/p>\n<blockquote class=\"wp-block-quote\">\n<p style=\"text-align: center;\"><strong><span style=\"font-size: 14pt; color: #008000;\">Los partidos constitucionalistas han votado, unidos, mociones a favor del respeto a la sentencia del TSJC en el Parlament. Illa, que de tonto no tiene un pelo, se ha abstenido de defender la inmersi\u00f3n<\/span><\/strong><\/p>\n<\/blockquote>\n<p>&nbsp;<\/p>\n<p style=\"text-align: justify;\"><span style=\"font-size: 14pt;\">Centenares de familias han iniciado los tr\u00e1mites para exigir que se imparta el 25% de castellano en sus centros escolares. Esta semana, adem\u00e1s, los partidos constitucionalistas han votado, unidos, mociones a favor del respeto a la sentencia del TSJC en el Parlament. Illa, que de tonto no tiene un pelo, se ha abstenido de defender la inmersi\u00f3n. El PSC, que se expresaba gregariamente ante planteamientos inasumibles, parece que empieza a dejar de hacerlo\u2026<\/span><\/p>\n<p style=\"text-align: justify;\"><span style=\"font-size: 14pt;\">Mientras,\u00a0<strong>S\u00e1nchez\u00a0<\/strong>en el Gobierno sigue poni\u00e9ndose de perfil. Tirando de argumentario, esta semana se ha limitado a instar a\u00a0<strong>Casado\u00a0<\/strong>a \u00ab<em>no politizar la lengua<\/em>\u00bb (<em>\u00e9l, un presidente de Gobierno que negoci\u00f3 con ella los presupuestos en la ley\u00a0<strong>Cela\u00e1<\/strong><\/em>). Parecer\u00eda que, en estos momentos, tiene dudas de qu\u00e9 le va a ser lo m\u00e1s rentable a la hora de pronunciarse.<\/span><\/p>\n<h3 style=\"text-align: justify;\"><span style=\"font-size: 14pt;\">Cambio en el clima de opini\u00f3n<\/span><\/h3>\n<p style=\"text-align: justify;\"><span style=\"font-size: 14pt;\">La opini\u00f3n p\u00fablica espa\u00f1ola necesita urgentemente una declaraci\u00f3n suya, sin ambig\u00fcedades, a favor de los derechos de los menores, de los derechos ling\u00fc\u00edsticos y del Estado de Derecho. Una declaraci\u00f3n exigiendo a\u00a0<strong>Pere Aragon\u00e8s<\/strong>\u00a0cumplir con la legalidad. Un compromiso de que el Gobierno va a actuar para proteger a todos los catalanes (<em>que son espa\u00f1oles<\/em>).<\/span><\/p>\n<p style=\"text-align: justify;\"><span style=\"font-size: 14pt;\">Es normal que S\u00e1nchez sienta inseguridad sobre lo que es o puede ser la opini\u00f3n dominante: se est\u00e1 produciendo, por fin, un cambio en el clima de opini\u00f3n. Con el esp\u00edritu de Canet, la espiral del silencio se rompe. Si S\u00e1nchez no puede posicionarse por convicci\u00f3n, que lo haga al menos por supervivencia. Que lea a Noelle-Neumann.<\/span><\/p>\n<p>&nbsp;<\/p>\n<p><img loading=\"lazy\" decoding=\"async\" class=\"aligncenter wp-image-11373\" src=\"https:\/\/puntocritico.com\/ausajpuntocritico\/wp-content\/uploads\/2018\/04\/Periodismo-manipulado-ip.jpg\" alt=\"\" width=\"480\" height=\"270\" data-id=\"11373\" srcset=\"https:\/\/puntocritico.com\/ausajpuntocritico\/wp-content\/uploads\/2018\/04\/Periodismo-manipulado-ip.jpg 678w, https:\/\/puntocritico.com\/ausajpuntocritico\/wp-content\/uploads\/2018\/04\/Periodismo-manipulado-ip-300x169.jpg 300w\" sizes=\"auto, (max-width: 480px) 100vw, 480px\" \/><\/p>\n<p style=\"text-align: center;\"><span style=\"font-size: 18pt;\"><strong><span style=\"color: #008000;\">*******<\/span><\/strong><\/span><\/p>\n<h2 style=\"text-align: justify;\"><span style=\"font-size: 14pt;\"><strong>RELACIONADOS:<\/strong><\/span><\/h2>\n<blockquote class=\"wp-embedded-content\" data-secret=\"FA8C1MUWhA\"><p><a href=\"https:\/\/puntocritico.com\/ausajpuntocritico\/2022\/01\/13\/temporeras-contra-la-esclavitud-el-mundo-el-diario-de-la-bola-y-el-bulo\/\">TEMPORERAS CONTRA LA ESCLAVITUD: LA TRAMA MEDI\u00c1TICA DE LA ORGANIZACI\u00d3N CRIMINAL DE TRATANTES DE SERES HUMANOS (1): El Mundo, el Diario de la BOLA y el BULO.<\/a><\/p><\/blockquote>\n<p><iframe loading=\"lazy\" class=\"wp-embedded-content\" sandbox=\"allow-scripts\" security=\"restricted\" style=\"position: absolute; clip: rect(1px, 1px, 1px, 1px);\" title=\"\u00abTEMPORERAS CONTRA LA ESCLAVITUD: LA TRAMA MEDI\u00c1TICA DE LA ORGANIZACI\u00d3N CRIMINAL DE TRATANTES DE SERES HUMANOS (1): El Mundo, el Diario de la BOLA y el BULO.\u00bb \u2014 Punto Cr\u00edtico Derechos Humanos\" src=\"https:\/\/puntocritico.com\/ausajpuntocritico\/2022\/01\/13\/temporeras-contra-la-esclavitud-el-mundo-el-diario-de-la-bola-y-el-bulo\/embed\/#?secret=gUxvBJt03l#?secret=FA8C1MUWhA\" data-secret=\"FA8C1MUWhA\" width=\"500\" height=\"282\" frameborder=\"0\" marginwidth=\"0\" marginheight=\"0\" scrolling=\"no\"><\/iframe><\/p>\n<blockquote class=\"wp-embedded-content\" data-secret=\"WJA4HR4D1J\"><p><a href=\"https:\/\/puntocritico.com\/ausajpuntocritico\/2020\/06\/11\/los-periodicos-y-las-mentiras-del-dia-por-que-todos-los-gobiernos-destruyen-la-libertad-y-los-derechos-humanos-cartas-de-thomas-jefferson\/\">LOS PERI\u00d3DICOS Y LAS MENTIRAS DEL D\u00cdA. \u00bfPOR QU\u00c9 TODOS LOS GOBIERNOS DESTRUYEN LA LIBERTAD Y LOS DERECHOS HUMANOS?, Cartas de Thomas Jefferson<\/a><\/p><\/blockquote>\n<p><iframe loading=\"lazy\" class=\"wp-embedded-content\" sandbox=\"allow-scripts\" security=\"restricted\" style=\"position: absolute; clip: rect(1px, 1px, 1px, 1px);\" title=\"\u00abLOS PERI\u00d3DICOS Y LAS MENTIRAS DEL D\u00cdA. \u00bfPOR QU\u00c9 TODOS LOS GOBIERNOS DESTRUYEN LA LIBERTAD Y LOS DERECHOS HUMANOS?, Cartas de Thomas Jefferson\u00bb \u2014 Punto Cr\u00edtico Derechos Humanos\" src=\"https:\/\/puntocritico.com\/ausajpuntocritico\/2020\/06\/11\/los-periodicos-y-las-mentiras-del-dia-por-que-todos-los-gobiernos-destruyen-la-libertad-y-los-derechos-humanos-cartas-de-thomas-jefferson\/embed\/#?secret=yaiqY4XJ79#?secret=WJA4HR4D1J\" data-secret=\"WJA4HR4D1J\" width=\"500\" height=\"282\" frameborder=\"0\" marginwidth=\"0\" marginheight=\"0\" scrolling=\"no\"><\/iframe><\/p>\n<blockquote class=\"wp-embedded-content\" data-secret=\"oZ4sK1NIVz\"><p><a href=\"https:\/\/puntocritico.com\/ausajpuntocritico\/2021\/09\/06\/marshall-mcluhan-el-guru-pop-de-la-comunicacion\/\">MARSHALL McLUHAN, EL GUR\u00da POP DE LA COMUNICACI\u00d3N. Determinismo Tecnol\u00f3gico: \u00bfQui\u00e9n era Elvis sin la jukebox? \u00abThe Medium is the Massage\u00bb.<\/a><\/p><\/blockquote>\n<p><iframe loading=\"lazy\" class=\"wp-embedded-content\" sandbox=\"allow-scripts\" security=\"restricted\" style=\"position: absolute; clip: rect(1px, 1px, 1px, 1px);\" title=\"\u00abMARSHALL McLUHAN, EL GUR\u00da POP DE LA COMUNICACI\u00d3N. Determinismo Tecnol\u00f3gico: \u00bfQui\u00e9n era Elvis sin la jukebox? \u00abThe Medium is the Massage\u00bb.\u00bb \u2014 Punto Cr\u00edtico Derechos Humanos\" src=\"https:\/\/puntocritico.com\/ausajpuntocritico\/2021\/09\/06\/marshall-mcluhan-el-guru-pop-de-la-comunicacion\/embed\/#?secret=2gSeoRacyE#?secret=oZ4sK1NIVz\" data-secret=\"oZ4sK1NIVz\" width=\"500\" height=\"282\" frameborder=\"0\" marginwidth=\"0\" marginheight=\"0\" scrolling=\"no\"><\/iframe><\/p>\n<blockquote class=\"wp-embedded-content\" data-secret=\"rzS6VTMv7s\"><p><a href=\"https:\/\/puntocritico.com\/ausajpuntocritico\/2020\/05\/23\/hoy-como-ayer-el-periodismo-ese-oficio-tan-vil-five-star-final-1931-pelicula-de-mervyn-leroy\/\">Hoy como ayer. El periodismo, ese oficio tan vil: \u00abFive Star Final\u00bb (1931), pel\u00edcula de Mervyn LeRoy. El periodismo seg\u00fan Orwell<\/a><\/p><\/blockquote>\n<p><iframe loading=\"lazy\" class=\"wp-embedded-content\" sandbox=\"allow-scripts\" security=\"restricted\" style=\"position: absolute; clip: rect(1px, 1px, 1px, 1px);\" title=\"\u00abHoy como ayer. El periodismo, ese oficio tan vil: \u00abFive Star Final\u00bb (1931), pel\u00edcula de Mervyn LeRoy. El periodismo seg\u00fan Orwell\u00bb \u2014 Punto Cr\u00edtico Derechos Humanos\" src=\"https:\/\/puntocritico.com\/ausajpuntocritico\/2020\/05\/23\/hoy-como-ayer-el-periodismo-ese-oficio-tan-vil-five-star-final-1931-pelicula-de-mervyn-leroy\/embed\/#?secret=jhq1pm1bTA#?secret=rzS6VTMv7s\" data-secret=\"rzS6VTMv7s\" width=\"500\" height=\"282\" frameborder=\"0\" marginwidth=\"0\" marginheight=\"0\" scrolling=\"no\"><\/iframe><\/p>\n<blockquote class=\"wp-embedded-content\" data-secret=\"SYk91Z0v6G\"><p><a href=\"https:\/\/puntocritico.com\/ausajpuntocritico\/2017\/11\/02\/efecto-desaliento-del-ejercicio-de-los-ddhh\/\">EFECTO DESALIENTO DEL EJERCICIO DE LOS DERECHOS HUMANOS \/\/ \u00abLa libertad de expresi\u00f3n en Espa\u00f1a es como los billetes de 500: no hay para los pobres\u00bb<\/a><\/p><\/blockquote>\n<p><iframe loading=\"lazy\" class=\"wp-embedded-content\" sandbox=\"allow-scripts\" security=\"restricted\" style=\"position: absolute; clip: rect(1px, 1px, 1px, 1px);\" title=\"\u00abEFECTO DESALIENTO DEL EJERCICIO DE LOS DERECHOS HUMANOS \/\/ \u00abLa libertad de expresi\u00f3n en Espa\u00f1a es como los billetes de 500: no hay para los pobres\u00bb\u00bb \u2014 Punto Cr\u00edtico Derechos Humanos\" src=\"https:\/\/puntocritico.com\/ausajpuntocritico\/2017\/11\/02\/efecto-desaliento-del-ejercicio-de-los-ddhh\/embed\/#?secret=D6MxH2cS3f#?secret=SYk91Z0v6G\" data-secret=\"SYk91Z0v6G\" width=\"500\" height=\"282\" frameborder=\"0\" marginwidth=\"0\" marginheight=\"0\" scrolling=\"no\"><\/iframe><\/p>\n<blockquote class=\"wp-embedded-content\" data-secret=\"PqO0vUtRkN\"><p><a href=\"https:\/\/puntocritico.com\/ausajpuntocritico\/2020\/10\/05\/miedo-a-la-libertad-por-eric-fromm-y-george-bataille\/\">MIEDO A LA LIBERTAD, por Erich Fromm y George Bataille<\/a><\/p><\/blockquote>\n<p><iframe loading=\"lazy\" class=\"wp-embedded-content\" sandbox=\"allow-scripts\" security=\"restricted\" style=\"position: absolute; clip: rect(1px, 1px, 1px, 1px);\" title=\"\u00abMIEDO A LA LIBERTAD, por Erich Fromm y George Bataille\u00bb \u2014 Punto Cr\u00edtico Derechos Humanos\" src=\"https:\/\/puntocritico.com\/ausajpuntocritico\/2020\/10\/05\/miedo-a-la-libertad-por-eric-fromm-y-george-bataille\/embed\/#?secret=EzHLaMLCQr#?secret=PqO0vUtRkN\" data-secret=\"PqO0vUtRkN\" width=\"500\" height=\"282\" frameborder=\"0\" marginwidth=\"0\" marginheight=\"0\" scrolling=\"no\"><\/iframe><\/p>\n<blockquote class=\"wp-embedded-content\" data-secret=\"acoLm50Ttr\"><p><a href=\"https:\/\/puntocritico.com\/ausajpuntocritico\/2021\/07\/29\/periodismo-corrupto\/\">PERIODISMO CORRUPTO: \u00abLos peri\u00f3dicos y las mentiras del d\u00eda\u00bb.<\/a><\/p><\/blockquote>\n<p><iframe loading=\"lazy\" class=\"wp-embedded-content\" sandbox=\"allow-scripts\" security=\"restricted\" style=\"position: absolute; clip: rect(1px, 1px, 1px, 1px);\" title=\"\u00abPERIODISMO CORRUPTO: \u00abLos peri\u00f3dicos y las mentiras del d\u00eda\u00bb.\u00bb \u2014 Punto Cr\u00edtico Derechos Humanos\" src=\"https:\/\/puntocritico.com\/ausajpuntocritico\/2021\/07\/29\/periodismo-corrupto\/embed\/#?secret=19EaLYfwL4#?secret=acoLm50Ttr\" data-secret=\"acoLm50Ttr\" width=\"500\" height=\"282\" frameborder=\"0\" marginwidth=\"0\" marginheight=\"0\" scrolling=\"no\"><\/iframe><\/p>\n<blockquote class=\"wp-embedded-content\" data-secret=\"usCMVxhzhA\"><p><a href=\"https:\/\/puntocritico.com\/ausajpuntocritico\/2020\/12\/10\/si-la-libertad-significa-algo-es-el-derecho-a-decirles-a-los-demas-lo-que-no-quieren-oir-por-george-orwell\/\">SI LA LIBERTAD SIGNIFICA ALGO, ES EL DERECHO A DECIRLES A LOS DEM\u00c1S LO QUE NO QUIEREN O\u00cdR, por George Orwell<\/a><\/p><\/blockquote>\n<p><iframe loading=\"lazy\" class=\"wp-embedded-content\" sandbox=\"allow-scripts\" security=\"restricted\" style=\"position: absolute; clip: rect(1px, 1px, 1px, 1px);\" title=\"\u00abSI LA LIBERTAD SIGNIFICA ALGO, ES EL DERECHO A DECIRLES A LOS DEM\u00c1S LO QUE NO QUIEREN O\u00cdR, por George Orwell\u00bb \u2014 Punto Cr\u00edtico Derechos Humanos\" src=\"https:\/\/puntocritico.com\/ausajpuntocritico\/2020\/12\/10\/si-la-libertad-significa-algo-es-el-derecho-a-decirles-a-los-demas-lo-que-no-quieren-oir-por-george-orwell\/embed\/#?secret=1lG9QCD8Qj#?secret=usCMVxhzhA\" data-secret=\"usCMVxhzhA\" width=\"500\" height=\"282\" frameborder=\"0\" marginwidth=\"0\" marginheight=\"0\" scrolling=\"no\"><\/iframe><\/p>\n<blockquote class=\"wp-embedded-content\" data-secret=\"mLaKzwn43a\"><p><a href=\"https:\/\/puntocritico.com\/ausajpuntocritico\/2022\/01\/18\/psicosis-de-formacion-masiva\/\">PSICOSIS DE FORMACI\u00d3N MASIVA. COVID-19: \u00abComo los medios corporativos, generando ansiedad, han formado masas que les creen sin cuestionar\u00bb<\/a><\/p><\/blockquote>\n<p><iframe loading=\"lazy\" class=\"wp-embedded-content\" sandbox=\"allow-scripts\" security=\"restricted\" style=\"position: absolute; clip: rect(1px, 1px, 1px, 1px);\" title=\"\u00abPSICOSIS DE FORMACI\u00d3N MASIVA. COVID-19: \u00abComo los medios corporativos, generando ansiedad, han formado masas que les creen sin cuestionar\u00bb\u00bb \u2014 Punto Cr\u00edtico Derechos Humanos\" src=\"https:\/\/puntocritico.com\/ausajpuntocritico\/2022\/01\/18\/psicosis-de-formacion-masiva\/embed\/#?secret=PTjLxjySkd#?secret=mLaKzwn43a\" data-secret=\"mLaKzwn43a\" width=\"500\" height=\"282\" frameborder=\"0\" marginwidth=\"0\" marginheight=\"0\" scrolling=\"no\"><\/iframe><\/p>\n<p>&nbsp;<\/p>\n<blockquote class=\"wp-embedded-content\" data-secret=\"uDcrH8hPRN\"><p><a href=\"https:\/\/puntocritico.com\/ausajpuntocritico\/2017\/10\/03\/nos-sumamos-a-la-huelga-general\/\">NOS DECLARAMOS EN HUELGA<\/a><\/p><\/blockquote>\n<p><iframe loading=\"lazy\" class=\"wp-embedded-content\" sandbox=\"allow-scripts\" security=\"restricted\" style=\"position: absolute; clip: rect(1px, 1px, 1px, 1px);\" title=\"\u00abNOS DECLARAMOS EN HUELGA\u00bb \u2014 Punto Cr\u00edtico Derechos Humanos\" src=\"https:\/\/puntocritico.com\/ausajpuntocritico\/2017\/10\/03\/nos-sumamos-a-la-huelga-general\/embed\/#?secret=XnC8ZeFQVM#?secret=uDcrH8hPRN\" data-secret=\"uDcrH8hPRN\" width=\"500\" height=\"282\" frameborder=\"0\" marginwidth=\"0\" marginheight=\"0\" scrolling=\"no\"><\/iframe><\/p>\n<p>https:\/\/puntocritico.com\/ausajpuntocritico\/2021\/05\/29\/una-distopia-feliz-por-chris-hedges-documental-orwell-rolls-in-his-grave\/<\/p>\n<blockquote class=\"wp-embedded-content\" data-secret=\"cYyIcsiUyg\"><p><a href=\"https:\/\/puntocritico.com\/ausajpuntocritico\/2020\/11\/07\/rebelion-en-la-granja-pelicula-completa-y-los-dos-minutos-de-odio\/\">\u00abREBELI\u00d3N EN LA GRANJA\u00bb (Pel\u00edcula completa) y \u00abLos dos minutos de odio\u00bb (Orwell)<\/a><\/p><\/blockquote>\n<p><iframe loading=\"lazy\" class=\"wp-embedded-content\" sandbox=\"allow-scripts\" security=\"restricted\" style=\"position: absolute; clip: rect(1px, 1px, 1px, 1px);\" title=\"\u00ab\u00abREBELI\u00d3N EN LA GRANJA\u00bb (Pel\u00edcula completa) y \u00abLos dos minutos de odio\u00bb (Orwell)\u00bb \u2014 Punto Cr\u00edtico Derechos Humanos\" src=\"https:\/\/puntocritico.com\/ausajpuntocritico\/2020\/11\/07\/rebelion-en-la-granja-pelicula-completa-y-los-dos-minutos-de-odio\/embed\/#?secret=p1ZpAbCl0H#?secret=cYyIcsiUyg\" data-secret=\"cYyIcsiUyg\" width=\"500\" height=\"282\" frameborder=\"0\" marginwidth=\"0\" marginheight=\"0\" scrolling=\"no\"><\/iframe><\/p>\n<blockquote class=\"wp-embedded-content\" data-secret=\"Eu8fEaNiFV\"><p><a href=\"https:\/\/puntocritico.com\/ausajpuntocritico\/2021\/02\/04\/que-es-el-fascismo-por-george-orwell\/\">\u00ab\u00bfQu\u00e9 es el fascismo?\u00bb, por George Orwell.<\/a><\/p><\/blockquote>\n<p><iframe loading=\"lazy\" class=\"wp-embedded-content\" sandbox=\"allow-scripts\" security=\"restricted\" style=\"position: absolute; clip: rect(1px, 1px, 1px, 1px);\" title=\"\u00ab\u00ab\u00bfQu\u00e9 es el fascismo?\u00bb, por George Orwell.\u00bb \u2014 Punto Cr\u00edtico Derechos Humanos\" src=\"https:\/\/puntocritico.com\/ausajpuntocritico\/2021\/02\/04\/que-es-el-fascismo-por-george-orwell\/embed\/#?secret=1wnqjhcNvB#?secret=Eu8fEaNiFV\" data-secret=\"Eu8fEaNiFV\" width=\"500\" height=\"282\" frameborder=\"0\" marginwidth=\"0\" marginheight=\"0\" scrolling=\"no\"><\/iframe><\/p>\n<blockquote class=\"wp-embedded-content\" data-secret=\"xgS9fb0fU4\"><p><a href=\"https:\/\/puntocritico.com\/ausajpuntocritico\/2019\/04\/22\/del-manual-de-gene-sharp-al-sindrome-de-sherwood-la-politica-como-guerra-el-periodismo-como-arma-y-el-voto-como-venganza\/\">DEL MANUAL DE GENE SHARP AL S\u00cdNDROME DE SHERWOOD: La pol\u00edtica como guerra, el periodismo como arma y el voto como venganza<\/a><\/p><\/blockquote>\n<p><iframe loading=\"lazy\" class=\"wp-embedded-content\" sandbox=\"allow-scripts\" security=\"restricted\" style=\"position: absolute; clip: rect(1px, 1px, 1px, 1px);\" title=\"\u00abDEL MANUAL DE GENE SHARP AL S\u00cdNDROME DE SHERWOOD: La pol\u00edtica como guerra, el periodismo como arma y el voto como venganza\u00bb \u2014 Punto Cr\u00edtico Derechos Humanos\" src=\"https:\/\/puntocritico.com\/ausajpuntocritico\/2019\/04\/22\/del-manual-de-gene-sharp-al-sindrome-de-sherwood-la-politica-como-guerra-el-periodismo-como-arma-y-el-voto-como-venganza\/embed\/#?secret=TIMe8Ak69B#?secret=xgS9fb0fU4\" data-secret=\"xgS9fb0fU4\" width=\"500\" height=\"282\" frameborder=\"0\" marginwidth=\"0\" marginheight=\"0\" scrolling=\"no\"><\/iframe><\/p>\n<blockquote class=\"wp-embedded-content\" data-secret=\"KKdhbDG3C2\"><p><a href=\"https:\/\/puntocritico.com\/ausajpuntocritico\/2022\/01\/31\/vacunas-covid-sin-informacion-veraz\/\">VACUNAS COVID: SIN INFORMACI\u00d3N VERAZ. The British Medical Journal (BMJ) denuncia la censura de Facebook. \u201cEst\u00e1n tratando de controlar c\u00f3mo piensa la gente con el pretexto de verificar los hechos\u201d.<\/a><\/p><\/blockquote>\n<p><iframe loading=\"lazy\" class=\"wp-embedded-content\" sandbox=\"allow-scripts\" security=\"restricted\" style=\"position: absolute; clip: rect(1px, 1px, 1px, 1px);\" title=\"\u00abVACUNAS COVID: SIN INFORMACI\u00d3N VERAZ. The British Medical Journal (BMJ) denuncia la censura de Facebook. \u201cEst\u00e1n tratando de controlar c\u00f3mo piensa la gente con el pretexto de verificar los hechos\u201d.\u00bb \u2014 Punto Cr\u00edtico Derechos Humanos\" src=\"https:\/\/puntocritico.com\/ausajpuntocritico\/2022\/01\/31\/vacunas-covid-sin-informacion-veraz\/embed\/#?secret=LoXDGWBRsp#?secret=KKdhbDG3C2\" data-secret=\"KKdhbDG3C2\" width=\"500\" height=\"282\" frameborder=\"0\" marginwidth=\"0\" marginheight=\"0\" scrolling=\"no\"><\/iframe><\/p>\n<blockquote class=\"wp-embedded-content\" data-secret=\"xsdSYKDZW0\"><p><a href=\"https:\/\/puntocritico.com\/ausajpuntocritico\/2020\/02\/03\/filosofia-historia-politica-by-pedro-garcia-cuartango\/\">PERIODISMO, FILOSOF\u00cdA, HISTORIA, \u00a1POL\u00cdTICA!, PEDRO GARC\u00cdA CUARTANGO: \u00abHe querido ser siempre yo, y he pagado un precio por ello\u00bb<\/a><\/p><\/blockquote>\n<p><iframe loading=\"lazy\" class=\"wp-embedded-content\" sandbox=\"allow-scripts\" security=\"restricted\" style=\"position: absolute; clip: rect(1px, 1px, 1px, 1px);\" title=\"\u00abPERIODISMO, FILOSOF\u00cdA, HISTORIA, \u00a1POL\u00cdTICA!, PEDRO GARC\u00cdA CUARTANGO: \u00abHe querido ser siempre yo, y he pagado un precio por ello\u00bb\u00bb \u2014 Punto Cr\u00edtico Derechos Humanos\" src=\"https:\/\/puntocritico.com\/ausajpuntocritico\/2020\/02\/03\/filosofia-historia-politica-by-pedro-garcia-cuartango\/embed\/#?secret=ZE3u5pyIYs#?secret=xsdSYKDZW0\" data-secret=\"xsdSYKDZW0\" width=\"500\" height=\"282\" frameborder=\"0\" marginwidth=\"0\" marginheight=\"0\" scrolling=\"no\"><\/iframe><\/p>\n<blockquote class=\"wp-embedded-content\" data-secret=\"fG407f74ES\"><p><a href=\"https:\/\/puntocritico.com\/ausajpuntocritico\/2018\/02\/20\/periodismo-poderes-privados-que-limitan-nuestros-derechos-humanos\/\">Periodismo: Poderes privados que limitan nuestros Derechos Humanos<\/a><\/p><\/blockquote>\n<p><iframe loading=\"lazy\" class=\"wp-embedded-content\" sandbox=\"allow-scripts\" security=\"restricted\" style=\"position: absolute; clip: rect(1px, 1px, 1px, 1px);\" title=\"\u00abPeriodismo: Poderes privados que limitan nuestros Derechos Humanos\u00bb \u2014 Punto Cr\u00edtico Derechos Humanos\" src=\"https:\/\/puntocritico.com\/ausajpuntocritico\/2018\/02\/20\/periodismo-poderes-privados-que-limitan-nuestros-derechos-humanos\/embed\/#?secret=nZfIIQ4PVF#?secret=fG407f74ES\" data-secret=\"fG407f74ES\" width=\"500\" height=\"282\" frameborder=\"0\" marginwidth=\"0\" marginheight=\"0\" scrolling=\"no\"><\/iframe><\/p>\n<p>&nbsp;<\/p>\n<p><a href=\"https:\/\/puntocritico.com\/ausajpuntocritico\/author\/punto-critico\/\"><img loading=\"lazy\" decoding=\"async\" class=\"aligncenter wp-image-9528\" src=\"https:\/\/puntocritico.com\/ausajpuntocritico\/wp-content\/uploads\/2018\/03\/Mosca_Punto_Cr\u00edtico_40.png\" alt=\"\" width=\"80\" height=\"80\" data-id=\"9528\" \/><\/a><\/p>\n","protected":false},"excerpt":{"rendered":"<div class=\"mh-excerpt\"><p>EPISTEMOLOG\u00cdA DEL PERIODISMO &nbsp; La prensa se convertir\u00e1 en virtual; ya no servir\u00e1 ni para limpiarse el culo \u00a0 Usan la Informaci\u00f3n como arma de guerra; de la guerra contra nuestra Libertad. Combaten contra nosotros, <a class=\"mh-excerpt-more\" href=\"https:\/\/puntocritico.com\/ausajpuntocritico\/2022\/03\/15\/epistemologia-del-periodismo\/\" title=\"EPISTEMOLOG\u00cdA DEL PERIODISMO; EL FACTOR HUMANO. \u00abLa prensa se convertir\u00e1 en virtual; ya no servir\u00e1 ni para limpiarse el culo\u00bb.\">[&#8230;]<\/a><\/p>\n<\/div>","protected":false},"author":3,"featured_media":2241584,"comment_status":"open","ping_status":"closed","sticky":false,"template":"","format":"standard","meta":{"_acf_changed":false,"_exactmetrics_skip_tracking":false,"_exactmetrics_sitenote_active":false,"_exactmetrics_sitenote_note":"","_exactmetrics_sitenote_category":0,"footnotes":""},"categories":[7,12,14],"tags":[],"class_list":{"0":"post-2232730","1":"post","2":"type-post","3":"status-publish","4":"format-standard","5":"has-post-thumbnail","7":"category-politica","8":"category-corrupcion","9":"category-corrupcion_informativa"},"acf":[],"_links":{"self":[{"href":"https:\/\/puntocritico.com\/ausajpuntocritico\/wp-json\/wp\/v2\/posts\/2232730","targetHints":{"allow":["GET"]}}],"collection":[{"href":"https:\/\/puntocritico.com\/ausajpuntocritico\/wp-json\/wp\/v2\/posts"}],"about":[{"href":"https:\/\/puntocritico.com\/ausajpuntocritico\/wp-json\/wp\/v2\/types\/post"}],"author":[{"embeddable":true,"href":"https:\/\/puntocritico.com\/ausajpuntocritico\/wp-json\/wp\/v2\/users\/3"}],"replies":[{"embeddable":true,"href":"https:\/\/puntocritico.com\/ausajpuntocritico\/wp-json\/wp\/v2\/comments?post=2232730"}],"version-history":[{"count":0,"href":"https:\/\/puntocritico.com\/ausajpuntocritico\/wp-json\/wp\/v2\/posts\/2232730\/revisions"}],"wp:featuredmedia":[{"embeddable":true,"href":"https:\/\/puntocritico.com\/ausajpuntocritico\/wp-json\/wp\/v2\/media\/2241584"}],"wp:attachment":[{"href":"https:\/\/puntocritico.com\/ausajpuntocritico\/wp-json\/wp\/v2\/media?parent=2232730"}],"wp:term":[{"taxonomy":"category","embeddable":true,"href":"https:\/\/puntocritico.com\/ausajpuntocritico\/wp-json\/wp\/v2\/categories?post=2232730"},{"taxonomy":"post_tag","embeddable":true,"href":"https:\/\/puntocritico.com\/ausajpuntocritico\/wp-json\/wp\/v2\/tags?post=2232730"}],"curies":[{"name":"wp","href":"https:\/\/api.w.org\/{rel}","templated":true}]}}