{"id":2232672,"date":"2021-11-10T00:05:19","date_gmt":"2021-11-09T23:05:19","guid":{"rendered":"https:\/\/puntocritico.com\/ausajpuntocritico\/?p=2232672"},"modified":"2021-11-09T20:07:44","modified_gmt":"2021-11-09T19:07:44","slug":"la-ley-de-hierro-de-la-oligarquia-dalmacio-negro-2","status":"publish","type":"post","link":"https:\/\/puntocritico.com\/ausajpuntocritico\/2021\/11\/10\/la-ley-de-hierro-de-la-oligarquia-dalmacio-negro-2\/","title":{"rendered":"LA LEY DE HIERRO DE LA OLIGARQU\u00cdA, por Dalmacio Negro (y Parte 2)."},"content":{"rendered":"<p class=\"entry-title\" style=\"text-align: justify;\"><a href=\"https:\/\/puntocritico.com\/ausajpuntocritico\/2021\/11\/09\/la-ley-de-hierro-de-la-oligarquia-dalmacio-negro-1\/\"><span style=\"font-size: 14pt;\">LA LEY DE HIERRO DE LA OLIGARQU\u00cdA, por Dalmacio Negro (Parte 1).<\/span><\/a><\/p>\n<p class=\"mh-meta entry-meta\" style=\"text-align: center;\"><span style=\"font-size: 18pt; color: #008000;\">***<\/span><\/p>\n<p style=\"text-align: center;\"><span style=\"font-size: 24pt;\"><strong>LA LEY DE HIERRO DE LA OLIGARQU\u00cdA <\/strong><\/span><\/p>\n<p style=\"text-align: center;\"><span style=\"font-size: 18pt;\"><strong>(Parte 2\/2)<\/strong><\/span><\/p>\n<blockquote>\n<p style=\"text-align: center;\"><strong><span style=\"font-size: 14pt;\">La direcci\u00f3n de cualquier sociedad estatal, independiente de la institucionalizaci\u00f3n <\/span><span style=\"font-size: 14pt;\">de su \u201c<em>forma de gobierno<\/em>\u201d, yace en las manos de una minor\u00eda manipuladora <\/span><span style=\"font-size: 14pt;\">constituida por los que ostentan el poder, bien los oficiales y leg\u00edtimos, <\/span><span style=\"font-size: 14pt;\">o los no oficiales e invisibles. Es esta minor\u00eda la que, como en toda organizaci\u00f3n <\/span><span style=\"font-size: 14pt;\">colectiva, maneja los hilos de la maquinaria estatal. Descubriendo esa oligarqu\u00eda <\/span><span style=\"font-size: 14pt;\">dominante y dirigente se penetra en el n\u00facleo del proceso del poder.\u00a0<\/span><\/strong><\/p>\n<p style=\"text-align: center;\"><strong><span style=\"font-size: 14pt;\">\u00ab<em>El Estado debe estar <\/em><\/span><em><span style=\"font-size: 14pt;\">basado, igual que otras sociedades, en alg\u00fan sentimiento de intereses comunes <\/span><span style=\"font-size: 14pt;\">y obligaciones entre sus miembros [el consenso social, que no es lo mismo <\/span><span style=\"font-size: 14pt;\">que el consenso pol\u00edtico que une a las oligarqu\u00edas separ\u00e1ndolas del pueblo]. <\/span><span style=\"font-size: 14pt;\">Pero la coerci\u00f3n es ejercida regularmente por un grupo gobernante para obligar <\/span><span style=\"font-size: 14pt;\">a la lealtad y a la obediencia y esta coerci\u00f3n supone inevitablemente que <\/span><span style=\"font-size: 14pt;\">los gobernantes controlan a los gobernados y les \u201cexplotan\u201d para sus propios <\/span><\/em><span style=\"font-size: 14pt;\"><em>prop\u00f3sitos<\/em>\u00bb.<\/span><\/strong><\/p>\n<p style=\"text-align: center;\"><strong><span style=\"font-size: 14pt;\">La tiran\u00eda democr\u00e1tica \u2014la tiran\u00eda de la mayor\u00eda dirigida por los oligarcas\u2014 <\/span><span style=\"font-size: 14pt;\">adviene <em>cuando el Derecho, devenido mero transmisor de los deseos o <\/em><\/span><em><span style=\"font-size: 14pt;\">caprichos de los gobernantes, no da ya ninguna seguridad, imponi\u00e9ndose la <\/span><\/em><span style=\"font-size: 14pt;\"><em>obediencia pasiva<\/em>, no como obediencia pol\u00edtica, sino <\/span><span style=\"font-size: 14pt;\"><em>como antesala de la servidumbre voluntaria<\/em>. Todo ello, por supuesto \u201c<em>en nombre <\/em><\/span><\/strong><span style=\"font-size: 14pt;\"><strong><em>del pueblo\u201d y \u201cpor el pueblo y para el pueblo<\/em>\u201d.<\/strong> <\/span><\/p>\n<p style=\"text-align: center;\"><strong><span style=\"font-size: 14pt;\">Seg\u00fan Maurice Duverger, <\/span><span style=\"font-size: 14pt;\"><em>la opini\u00f3n pol\u00edtica es siempre el resultado de la propaganda<\/em>, que, por cierto, <\/span><span style=\"font-size: 14pt;\">reobra sobre las \u00e9lites.<\/span><\/strong><\/p>\n<\/blockquote>\n<p style=\"text-align: justify;\"><a href=\"https:\/\/www.boe.es\/biblioteca_juridica\/anuarios_derecho\/abrir_pdf.php?id=ANU-M-2013-10013900178\"><span style=\"font-size: 14pt;\">Librer\u00eda Jur\u00eddica del BOE<\/span><\/a><\/p>\n<p style=\"text-align: justify;\"><span style=\"font-size: 14pt;\">Por Dalmacio Negro Pav\u00f3n<\/span><\/p>\n<figure id=\"attachment_2232678\" aria-describedby=\"caption-attachment-2232678\" style=\"width: 550px\" class=\"wp-caption aligncenter\"><a href=\"https:\/\/es.wikipedia.org\/wiki\/Dalmacio_Negro_Pav%C3%B3n\"><img loading=\"lazy\" decoding=\"async\" class=\"wp-image-2232678\" src=\"https:\/\/puntocritico.com\/ausajpuntocritico\/wp-content\/uploads\/2021\/11\/Dalmacio-Negro-Pavon-libros-2.jpg\" alt=\"LA LEY DE HIERRO\" width=\"550\" height=\"366\" data-id=\"2232678\" srcset=\"https:\/\/puntocritico.com\/ausajpuntocritico\/wp-content\/uploads\/2021\/11\/Dalmacio-Negro-Pavon-libros-2.jpg 425w, https:\/\/puntocritico.com\/ausajpuntocritico\/wp-content\/uploads\/2021\/11\/Dalmacio-Negro-Pavon-libros-2-300x200.jpg 300w\" sizes=\"auto, (max-width: 550px) 100vw, 550px\" \/><\/a><figcaption id=\"caption-attachment-2232678\" class=\"wp-caption-text\"><span style=\"color: #008000;\">Dalmacio Negro Pav\u00f3n (Madrid, 1931) Catedr\u00e1tico em\u00e9rito de ciencia pol\u00edtica y miembro de la Real Academia de Ciencias Morales y Pol\u00edticas.<\/span><\/figcaption><\/figure>\n<p>&nbsp;<\/p>\n<p style=\"text-align: justify;\"><span style=\"font-size: 14pt;\"><strong>17.-<\/strong> <strong>La forma del gobierno vertebra o pretende vertebrar el orden o <\/strong><\/span><span style=\"font-size: 14pt;\"><strong>r\u00e9gimen pol\u00edtico, que es como la piel del orden social entero<\/strong>. Mientras no lo <\/span><span style=\"font-size: 14pt;\">vertebre conect\u00e1ndolo con la sociedad civil, existir\u00e1 una situaci\u00f3n pol\u00edtica; si lo <\/span><span style=\"font-size: 14pt;\">vertebra, la situaci\u00f3n se transforma en r\u00e9gimen u orden. <\/span><\/p>\n<p style=\"text-align: justify;\"><span style=\"font-size: 14pt;\">El problema consiste, <\/span><span style=\"font-size: 14pt;\">describe <strong>Loewenstein<\/strong>, en que \u00ab<em>no existe en absoluto una relaci\u00f3n causal entre <\/em><\/span><span style=\"font-size: 14pt;\"><em>la estructura del mecanismo gubernamental y la localizaci\u00f3n f\u00e1ctica del poder.\u00a0<\/em><\/span><em><span style=\"font-size: 14pt;\">La direcci\u00f3n de cualquier sociedad estatal, independiente de la institucionalizaci\u00f3n <\/span><span style=\"font-size: 14pt;\">de su \u201cforma de gobierno\u201d, yace en las manos de una minor\u00eda manipuladora <\/span><span style=\"font-size: 14pt;\">constituida por los que ostentan el poder, bien los oficiales y leg\u00edtimos, <\/span><span style=\"font-size: 14pt;\">o los no oficiales e invisibles. Es esta minor\u00eda la que, como en toda organizaci\u00f3n <\/span><span style=\"font-size: 14pt;\">colectiva, maneja los hilos de la maquinaria estatal. Descubriendo esa oligarqu\u00eda <\/span><span style=\"font-size: 14pt;\">dominante y dirigente se penetra en el n\u00facleo del proceso del poder.\u00a0<\/span><span style=\"font-size: 14pt;\">Esta situaci\u00f3n extraordinariamente complicada ser\u00e1 simplificada, con su manera <\/span><span style=\"font-size: 14pt;\">de pensar unilateral, por los marxistas, al presentar un esquema blanco-negro <\/span><span style=\"font-size: 14pt;\">de la clase capitalista dominante y el explotado proletariado. Por otra parte, <\/span><span style=\"font-size: 14pt;\">prosigue <strong>Loewenstein<\/strong>, la <strong>teor\u00eda neopluralista de la din\u00e1mica socioecon\u00f3mica y <\/strong><\/span><span style=\"font-size: 14pt;\"><strong>pol\u00edtica<\/strong>, tiende a insistir en el supuesto equilibrio de las fuerzas sociales concurrentes <\/span><\/em><span style=\"font-size: 14pt;\"><em>y a ignorar totalmente la existencia de una clase dominante<\/em>\u00bb <strong>(<\/strong><strong>70)<\/strong>. <\/span><\/p>\n<p style=\"text-align: justify;\"><span style=\"font-size: 14pt;\">El historiador <\/span><span style=\"font-size: 14pt;\"><strong>E. H. Carrr<\/strong> escribe: \u00ab<em>El ut\u00f3pico que sue\u00f1a que es posible eliminar el <\/em><\/span><em><span style=\"font-size: 14pt;\">ego\u00edsmo en pol\u00edtica y basar una sistema pol\u00edtico s\u00f3lo en la moralidad, no atina <\/span><span style=\"font-size: 14pt;\">en el blanco, al igual que el realista que cree que el altruismo es una ilusi\u00f3n y <\/span><\/em><span style=\"font-size: 14pt;\"><em>que toda acci\u00f3n pol\u00edtica se basa en el ego\u00edsmo<\/em>\u00bb <strong>(<\/strong><strong>71)<\/strong>. <\/span><\/p>\n<p style=\"text-align: justify;\"><span style=\"font-size: 14pt;\"><strong>Schumpeter<\/strong> perdi\u00f3 muchas simpat\u00edas con su tesis de que la democracia <\/span><span style=\"font-size: 14pt;\">es algo \u201c<em>residual<\/em>\u201d, pero mucho m\u00e1s recientemente,<strong> Panebianco<\/strong> coincide <\/span><span style=\"font-size: 14pt;\">con <strong>Stephen Krasner<\/strong>, en que lo que suele llamarse \u201c<em>democracia liberal<\/em>\u201d es <\/span><span style=\"font-size: 14pt;\">\u201c<em>hipocres\u00eda organizada<\/em>\u201d <strong>(<\/strong><strong>72)<\/strong>.<\/span><\/p>\n<p style=\"text-align: justify;\"><span style=\"font-size: 14pt;\">En fin, la c\u00e9lebre frase de<strong> Lincoln<\/strong> \u201cl<em>a democracia es el gobierno del <\/em><\/span><span style=\"font-size: 14pt;\"><em>pueblo para el pueblo y por el pueblo<\/em>\u201d, es un peligroso sofisma, pues omite <\/span><span style=\"font-size: 14pt;\">los efectos de la ley de hierro. El <em>dictum<\/em> de <strong>Lincoln<\/strong> es una prueba de como la <\/span><span style=\"font-size: 14pt;\">omisi\u00f3n o ignorancia de la ley de hierro induce al autoenga\u00f1o <strong>(<\/strong><strong>73)<\/strong>.<\/span><\/p>\n<p style=\"text-align: center;\"><span style=\"color: #008000; font-size: 14pt;\"><strong>***<\/strong><\/span><\/p>\n<p style=\"text-align: justify;\"><span style=\"font-size: 14pt;\"><strong>18.-<\/strong> Seg\u00fan la concepci\u00f3n cl\u00e1sica, lo opuesto a la <strong>democracia<\/strong> no es la <\/span><span style=\"font-size: 14pt;\"><strong>oligarqu\u00eda<\/strong>, sino lo que llamaban los griegos la <strong>demagogia<\/strong> o democracia radical <\/span><span style=\"font-size: 14pt;\">en contraposici\u00f3n a la democracia moderada. La <strong>demagogia<\/strong> sobreviene <\/span><span style=\"font-size: 14pt;\">cuando el r\u00e9gimen se ha impuesto al gobierno, por decirlo as\u00ed sin guardar las <\/span><span style=\"font-size: 14pt;\">formas. <\/span><\/p>\n<p style=\"text-align: justify;\"><span style=\"font-size: 14pt;\">Puede ser una forma de gobierno muy persistente y cohabitar aparien<\/span><span style=\"font-size: 14pt;\">cialmente con las formas puras o buenas del gobierno. Comienza normalmente <\/span><span style=\"font-size: 14pt;\">cuando al derivar la <strong>oligarqu\u00eda<\/strong> en <strong>plutocracia<\/strong>, el mando del dinero, su degeneraci\u00f3n <\/span><span style=\"font-size: 14pt;\">es tan intensa, que <em><strong>el poder dinerario corrompe las instituciones, <\/strong><\/em><\/span><span style=\"font-size: 14pt;\"><em><strong>incluidas las m\u00e1s ajenas a la pol\u00edtica<\/strong><\/em> como pueden ser las iglesias, poni\u00e9ndolas <\/span><span style=\"font-size: 14pt;\">a disposici\u00f3n de los ricos, o bien adoptando la forma de <strong>oclocracia<\/strong> (<em>la f\u00f3rmula <\/em><\/span><span style=\"font-size: 14pt;\"><em>del <strong>populismo<\/strong><\/em>) cuando la degeneraci\u00f3n de los que mandan, gentes <\/span><span style=\"font-size: 14pt;\">mediocres y corrompidas extra\u00eddas de la masa, corrompe todo sistem\u00e1ticamente, <\/span><span style=\"font-size: 14pt;\">tanto la vida p\u00fablica como la privada utilizando el poder pol\u00edtico <strong>(<\/strong><strong>74)<\/strong>.<\/span><\/p>\n<p>&nbsp;<\/p>\n<blockquote>\n<p style=\"text-align: center;\"><span style=\"color: #008000;\"><strong><span style=\"font-size: 14pt;\"><em>Descubriendo esa oligarqu\u00eda dominante y dirigente se penetra en el n\u00facleo del proceso del poder.<\/em><\/span><\/strong><\/span><\/p>\n<\/blockquote>\n<p>&nbsp;<\/p>\n<p style=\"text-align: justify;\"><span style=\"font-size: 14pt;\"><strong> Plutocracia<\/strong> <\/span><span style=\"font-size: 14pt;\">y <strong>Oclocracia <\/strong>suelen acabar mezcl\u00e1ndose en lo que llamaba <strong>Maquiavelo \u00ab<\/strong><\/span><span style=\"font-size: 14pt;\"><strong><em>lo stato <\/em><em>licenzioso<\/em>\u00ab<\/strong>.\u00a0En el <em><strong>proceso de generalizaci\u00f3n de la oligarqu\u00eda<\/strong><\/em> o de <\/span><span style=\"font-size: 14pt;\">la \u201c<em>democratizaci\u00f3n<\/em>\u201d, se llega a un punto en el que, dec\u00eda <strong>Arist\u00f3teles<\/strong>, \u00ab<em>todas las <\/em><\/span><em><span style=\"font-size: 14pt;\">causas que hemos citado de la oligarqu\u00eda pura y extrema y de la democracia <\/span><span style=\"font-size: 14pt;\">radical, hay que referirlas tambi\u00e9n a la tiran\u00eda, pues \u00e9stas vienen a ser tiran\u00edas <\/span><\/em><span style=\"font-size: 14pt;\"><em>repartidas de la democracia radical<\/em>\u00bb <strong>(<\/strong><strong>75)<\/strong>.<\/span><\/p>\n<p style=\"text-align: justify;\"><span style=\"font-size: 14pt;\">La <a href=\"https:\/\/puntocritico.com\/ausajpuntocritico\/2021\/06\/18\/metafisica-de-la-servidumbre-voluntaria-por-enrique-alvarez-asiain-por-que-los-hombres-luchan-por-su-esclavitud-como-si-se-tratase-de-su-libertad\/\"><strong>tiran\u00eda democr\u00e1tica<\/strong><\/a> \u2014la tiran\u00eda de la mayor\u00eda dirigida por los oligarcas\u2014 <\/span><span style=\"font-size: 14pt;\">adviene <em><strong>cuando el Derecho, devenido mero transmisor de los deseos o <\/strong><\/em><\/span><em><strong><span style=\"font-size: 14pt;\">caprichos de los gobernantes, no da ya ninguna seguridad, imponi\u00e9ndose la <\/span><\/strong><\/em><span style=\"font-size: 14pt;\"><em><strong>obediencia pasiva<\/strong><\/em>, no como obediencia pol\u00edtica en el sentido de <strong>J. Freund<\/strong>, sino <\/span><span style=\"font-size: 14pt;\"><em><strong>como antesala de la <a href=\"https:\/\/puntocritico.com\/ausajpuntocritico\/2020\/07\/14\/la-servidumbre-voluntaria-por-esteban-de-la-boetie-republicado\/\" data-schema-attribute=\"\">servidumbre voluntaria<\/a><\/strong><\/em>. Todo ello, por supuesto \u201c<em>en nombre <\/em><\/span><span style=\"font-size: 14pt;\"><em>del pueblo\u201d y \u201cpor el pueblo y para el pueblo<\/em>\u201d. <\/span><\/p>\n<p style=\"text-align: justify;\"><span style=\"font-size: 14pt;\">Seg\u00fan <strong>Maurice Duverger<\/strong>, <\/span><span style=\"font-size: 14pt;\"><em><strong>la opini\u00f3n pol\u00edtica es siempre el resultado de la propaganda<\/strong><\/em>, que, por cierto, <\/span><span style=\"font-size: 14pt;\">reobra sobre las \u00e9lites. <strong>Pareto<\/strong> pensaba que era \u00e9sta una de las causas de su <\/span><span style=\"font-size: 14pt;\">declive inevitable al hacer del gobierno un desgobierno.<\/span><\/p>\n<p style=\"text-align: justify;\"><span style=\"font-size: 14pt;\">Es interesante <em><strong>distinguir la dictadura de la oligarqu\u00eda<\/strong><\/em>, a fin de aclarar <\/span><span style=\"font-size: 14pt;\">que la democracia y la dictadura no son necesariamente opuestas como pretende <\/span><span style=\"font-size: 14pt;\">el modo de pensamiento totalitario.<\/span><\/p>\n<p style=\"text-align: center;\"><strong><span style=\"color: #008000; font-size: 14pt;\">***<\/span><\/strong><\/p>\n<p style=\"text-align: justify;\"><span style=\"font-size: 14pt;\"><strong>19.-<\/strong> <strong>Dec\u00eda Ortega<\/strong>: \u00ab<em>mandar no es simplemente convencer ni simplemente <\/em><\/span><span style=\"font-size: 14pt;\"><em>obligar sino una exquisita mixtura de ambas cosas<\/em>\u00bb. El mando dictatorial <\/span><span style=\"font-size: 14pt;\">se limita a obligar, y para entender la oposici\u00f3n de los griegos a la dictadura <\/span><span style=\"font-size: 14pt;\">hay que tener en cuenta que conceb\u00edan la pol\u00edtica como un arte medicinal <\/span><span style=\"font-size: 14pt;\">para curar los males de la vida colectiva, id\u00e9ntica para ellos a la vida de la Ciudad.<\/span><\/p>\n<p style=\"text-align: justify;\"><span style=\"font-size: 14pt;\">El dictador ser\u00eda como el \u201c<em>cirujano de hierro<\/em>\u201d de <strong>Joaqu\u00edn Costa<\/strong>. Mas, al suspender <\/span><span style=\"font-size: 14pt;\">o suprimir por definici\u00f3n la libertad pol\u00edtica suprim\u00eda la libertad de la <\/span><span style=\"font-size: 14pt;\"><strong>Polis<\/strong> y con ella la ciudadan\u00eda, y eso era para los griegos una forma b\u00e1rbara de <\/span><span style=\"font-size: 14pt;\">gobernar, una <strong>tiran\u00eda<\/strong>. Palabra que designaba originariamente una forma mon\u00e1rquica, <\/span><span style=\"font-size: 14pt;\">a veces como un cumplido, antes que <strong>Plat\u00f3n<\/strong> y <strong>Jenofonte<\/strong> le dieran la <\/span><span style=\"font-size: 14pt;\">connotaci\u00f3n peyorativa que acab\u00f3 por imponerse <strong>(<\/strong><strong>76)<\/strong>. Los griegos descubrieron <\/span><span style=\"font-size: 14pt;\">la pol\u00edtica como el arte de sanar la <strong>Polis<\/strong> \u00a0<strong>(<\/strong><strong>77)<\/strong>, pero en vez apelar a la dictadura discurrieron <\/span><span style=\"font-size: 14pt;\">las formas mixtas de gobierno.<\/span><\/p>\n<p style=\"text-align: justify;\"><span style=\"font-size: 14pt;\"><strong>Hay tres interesantes ejemplos cl\u00e1sicos de la dictadura<\/strong>: uno, que sirve <\/span><span style=\"font-size: 14pt;\">para ilustrar que significa la oligarqu\u00eda como forma trascendental del gobierno, <\/span><span style=\"font-size: 14pt;\">es, parad\u00f3jicamente, la<strong> Atenas<\/strong> democr\u00e1tica de <strong>Pericl\u00e9s<\/strong>, el general autor de la <\/span><span style=\"font-size: 14pt;\">c\u00e9lebre <strong><em>Oraci\u00f3n f\u00fanebre por los muertos en la guerra del Peloponeso<\/em><\/strong> transmitida <\/span><span style=\"font-size: 14pt;\">por <strong>Tuc\u00eddides (78)<\/strong>. <strong>Europa<\/strong> ha heredado sobre todo de esa <strong>Atenas<\/strong> la idea de <\/span><span style=\"font-size: 14pt;\">la democracia como la forma de gobierno m\u00e1s libre y, seg\u00fan eso, la forma perfecta <\/span><span style=\"font-size: 14pt;\">del gobierno y del orden o r\u00e9gimen pol\u00edtico.<\/span><\/p>\n<p style=\"text-align: justify;\"><span style=\"font-size: 14pt;\">La democracia ateniense fue posible gracias a que la sosten\u00eda en la <\/span><span style=\"font-size: 14pt;\">trastienda el prestigio de ese general, una especie de dictador en la sombra o <\/span><span style=\"font-size: 14pt;\">protector de la rep\u00fablica ateniense -se podr\u00eda decir que dem\u00f3crata a fuer de <\/span><span style=\"font-size: 14pt;\">liberal- <strong>(<\/strong><strong>79)<\/strong>, con cierta semejanza con <strong>Cromwell<\/strong>, quien no quer\u00eda ser dictador por <\/span><span style=\"font-size: 14pt;\">cuesti\u00f3n de principios y se presentaba como protector de la Rep\u00fablica. Es muy <\/span><span style=\"font-size: 14pt;\">conocido que <strong>S\u00f3crates<\/strong> ironizaba diciendo que quien mandaba en realidad, no <\/span><span style=\"font-size: 14pt;\">eran los dem\u00f3cratas sino la hijastra de <strong>Pericles<\/strong>, pues su mujer mandaba en el <\/span><span style=\"font-size: 14pt;\">general y en ella mandaba su hija. Como observ\u00f3 <strong>Arist\u00f3teles<\/strong>, a diferencia de <\/span><span style=\"font-size: 14pt;\">la oligarqu\u00eda, la democracia incluye a los ciudadanos m\u00e1s pobres y d\u00e9biles, de <\/span><span style=\"font-size: 14pt;\">modo que el prestigio de<strong> Pericles<\/strong> sirvi\u00f3 para que pudieran participar en la vida <\/span><span style=\"font-size: 14pt;\">pol\u00edtica.<\/span><\/p>\n<p style=\"text-align: justify;\"><span style=\"font-size: 14pt;\">El segundo ejemplo es el romano. Mientras en <strong>Grecia<\/strong> los <em>politai<\/em> o ciudadanos <\/span><span style=\"font-size: 14pt;\">pertenec\u00edan a la <strong>Polis<\/strong>, en <strong>Roma<\/strong>, la <strong>Urbs<\/strong> o <strong>Ciudad \u2014Civitas<\/strong>\u2014pertenec\u00eda <\/span><span style=\"font-size: 14pt;\">jur\u00eddicamente a los <em>cives<\/em>, los ciudadanos <strong>(<\/strong><strong>80)<\/strong>. Los romanos, un pueblo de juristas, <\/span><span style=\"font-size: 14pt;\">ten\u00edan mentalidad campesina. Celosos del <strong>Derecho<\/strong>, eran menos arcaizantes <\/span><span style=\"font-size: 14pt;\">y naturalistas que los griegos y ten\u00edan un sentido de la pol\u00edtica \u2014regida por el <\/span><span style=\"font-size: 14pt;\">principio <em>salus populi suprema lex esto<\/em>\u2014, m\u00e1s amplio, m\u00e1s concreto y m\u00e1s jur\u00eddico.<\/span><\/p>\n<p style=\"text-align: justify;\"><span style=\"font-size: 14pt;\">En la <em><strong>Urbs<\/strong><\/em>, la dictadura era un recurso legal para afrontar las situaciones <\/span><span style=\"font-size: 14pt;\">excepcionales, que ten\u00eda originariamente un estatuto jur\u00eddico especial consistente <\/span><span style=\"font-size: 14pt;\">sustancialmente en extender a la vida civil la potestad de origen sagrado <\/span><span style=\"font-size: 14pt;\">del <em>imperator<\/em>, el jefe militar que dispon\u00eda del <em>ius vitae ac necis<\/em> absoluto en el <\/span><span style=\"font-size: 14pt;\">campo de batalla. A diferencia del juez, cuyo modo de sentenciar o decir el <\/span><span style=\"font-size: 14pt;\">derecho viene de <em>dicare<\/em>, <em>ius<\/em> <em>dicare<\/em>, algo as\u00ed como indicar el <em>ius<\/em> <strong>(<\/strong><strong>81)<\/strong>, la palabra <\/span><span style=\"font-size: 14pt;\">dictadura deriva del verbo <strong><em>dicere<\/em><\/strong>: el dictador dice qu\u00e9 hay que hacer sin contradicci\u00f3n <\/span><span style=\"font-size: 14pt;\">posible.<\/span><\/p>\n<p style=\"text-align: justify;\"><span style=\"font-size: 14pt;\">Para los romanos, la dictadura era como una p\u00f3cima necesaria para salvaguardar <\/span><span style=\"font-size: 14pt;\">la salud de la Ciudad cuando los <em>mores<\/em>, las costumbres \u00e9ticas \u2014la <\/span><span style=\"font-size: 14pt;\"><strong>Cortes\u00eda<\/strong>, la <strong>Sittlichkeit<\/strong> hegeliana\u2014 y el Derecho son incapaces de cumplir su <\/span><span style=\"font-size: 14pt;\">funci\u00f3n y peligra la libertad colectiva, de la <strong>Ciudad<\/strong>. Era una instituci\u00f3n legal <\/span><span style=\"font-size: 14pt;\">para situaciones l\u00edmite o excepcionales, intensamente pol\u00edticas, en las que <\/span><span style=\"font-size: 14pt;\">estaba en cuesti\u00f3n la existencia de la <em><strong>Civitas<\/strong><\/em>. El dictador estaba por encima del <\/span><span style=\"font-size: 14pt;\"><strong>Derecho<\/strong> y sus decisiones eran leyes en un sentido mucho m\u00e1s fuerte y abarcador <\/span><span style=\"font-size: 14pt;\">que las decisiones judiciales, puesto que se refer\u00edan a los intereses colectivos.<\/span><\/p>\n<p style=\"text-align: justify;\"><span style=\"font-size: 14pt;\">Solamente se le exig\u00eda que salvase la situaci\u00f3n restaurando la normalidad &#8211;<\/span><span style=\"font-size: 14pt;\">el orden pol\u00edtico que garantiza el orden social- en el plazo m\u00e1ximo de seis <\/span><span style=\"font-size: 14pt;\">meses. La dictadura era una situaci\u00f3n intensamente pol\u00edtica, cuyo objeto no <\/span><span style=\"font-size: 14pt;\">consist\u00eda tanto en administrar la cosa p\u00fablica, asunto relativamente secundario <\/span><span style=\"font-size: 14pt;\">en esos casos, como en decidir lo pertinente. El dictador dispon\u00eda de todos los <\/span><span style=\"font-size: 14pt;\">poderes con la reserva de que, si bien <strong>Arist\u00f3teles<\/strong> distingui\u00f3 ya las ramas legislativa, <\/span><span style=\"font-size: 14pt;\">ejecutiva y judicial, la antig\u00fcedad desconoc\u00eda la divisi\u00f3n de poderes, <\/span><span style=\"font-size: 14pt;\">impensable para los griegos y los romanos. El poder pol\u00edtico era para ellos el <\/span><span style=\"font-size: 14pt;\">\u201c<em>ejecutivo\u201d.<\/em><\/span><\/p>\n<p style=\"text-align: justify;\"><span style=\"font-size: 14pt;\">El tercer ejemplo es el de Inglaterra. <strong>Donoso Cort\u00e9s<\/strong> observ\u00f3 que la <\/span><span style=\"font-size: 14pt;\">dictadura se establece all\u00ed en situaciones excepcionales suspendiendo sin m\u00e1s <\/span><span style=\"font-size: 14pt;\">tr\u00e1mite el principio constitucional <em><strong>England abhorr coalitions<\/strong><\/em> \u2014al parecer ahora <\/span><span style=\"font-size: 14pt;\">en decadencia\u2014 y uni\u00e9ndose o ali\u00e1ndose para gobernar el gobierno y la oposici\u00f3n, <\/span><span style=\"font-size: 14pt;\">sin distinguir entre los poderosos y los d\u00e9biles. La dictadura cl\u00e1sica es <\/span><span style=\"font-size: 14pt;\">una situaci\u00f3n pol\u00edtica que suspende provisionalmente el orden o r\u00e9gimen, pues <\/span><span style=\"font-size: 14pt;\">el gobierno no tolera ni tiene oposici\u00f3n, ya que, dadas las circunstancias, queda <\/span><span style=\"font-size: 14pt;\">en suspenso la libertad pol\u00edtica en virtud del citado principio<em> salus populi <\/em><\/span><span style=\"font-size: 14pt;\"><em>suprema lex esto<\/em>, a la vez que protege las dem\u00e1s libertades, siempre que no <\/span><span style=\"font-size: 14pt;\">obstaculicen ese supremo principio pol\u00edtico <strong>(<\/strong><strong>82)<\/strong>.<\/span><\/p>\n<p style=\"text-align: center;\"><span style=\"font-size: 14pt;\"><strong><span style=\"color: #008000;\">***<\/span><\/strong><\/span><\/p>\n<p style=\"text-align: justify;\"><span style=\"font-size: 14pt;\"><strong>20.-<\/strong> <strong>En estos tiempos de inflaci\u00f3n democr\u00e1tica, se olvida demasiado la <\/strong><\/span><strong><span style=\"font-size: 14pt;\">dictadura democr\u00e1tica, t\u00edpica de los gobiernos totalitarios, favorable ret\u00f3ricamente <\/span><\/strong><span style=\"font-size: 14pt;\"><strong>a los desfavorecidos y olig\u00e1rquica y desp\u00f3tica en la pr\u00e1ctica<\/strong> <strong>(<\/strong><strong>83)<\/strong>. <\/span><\/p>\n<p style=\"text-align: justify;\"><span style=\"font-size: 14pt;\"><strong>Tocqueville <\/strong><\/span><span style=\"font-size: 14pt;\">y <strong>Stuart Mill<\/strong> previnieron contra ella utilizando una expresi\u00f3n m\u00e1s dura <\/span><span style=\"font-size: 14pt;\">pero m\u00e1s exacta: la tiran\u00eda de la opini\u00f3n p\u00fablica -que su padre<strong> James Mill<\/strong> consideraba <\/span><span style=\"font-size: 14pt;\">infalible- a causa del predominio de las pasiones igualitarias, m\u00e1s <\/span><span style=\"font-size: 14pt;\">propias de los tiempos democr\u00e1ticos que de la democracia como forma del <\/span><span style=\"font-size: 14pt;\">gobierno en sentido estricto. Es importante advertir, que si ya <strong>Maquiavelo<\/strong> (<em>coincidiendo <\/em><\/span><span style=\"font-size: 14pt;\"><em>con el <strong>Hier\u00f3n de Jenofonte<\/strong><\/em>) hab\u00eda negado la distinci\u00f3n entre rey y <\/span><span style=\"font-size: 14pt;\">tirano, sustituy\u00e9ndola por la figura del <strong>Pr\u00edncipe,<\/strong> m\u00e1s neutral en tanto designa <\/span><span style=\"font-size: 14pt;\">el actor pol\u00edtico <strong>(<\/strong><strong>84)<\/strong>, el uso, bajo la influencia de la ideolog\u00eda, ha confundido la <\/span><span style=\"font-size: 14pt;\">tiran\u00eda en su acepci\u00f3n peyorativa y la dictadura, de manera parecida a como <\/span><span style=\"font-size: 14pt;\"><strong>Montesquieu<\/strong> populariz\u00f3 la confusi\u00f3n, no menos perniciosa para el an\u00e1lisis pol\u00edtico, <\/span><span style=\"font-size: 14pt;\">entre despotismo y tiran\u00eda al servirse de la forma de gobierno persa para <\/span><span style=\"font-size: 14pt;\">comparar y criticar subliminalmente la <strong>Monarqu\u00eda Absoluta<\/strong>, en rigor una dictadura <\/span><span style=\"font-size: 14pt;\">comisoria hereditaria <strong>(<\/strong><strong>85)<\/strong>, que devino <em><strong>Desp\u00f3tica<\/strong> <strong>ilustrada<\/strong> <\/em>despu\u00e9s de <strong>Luis <\/strong><\/span><span style=\"font-size: 14pt;\"><strong>XIV (86)<\/strong>. El gobierno persa era en realidad desp\u00f3tico, lo que para los europeos de <\/span><span style=\"font-size: 14pt;\">entonces, representados en este caso por los franceses, equival\u00eda a tir\u00e1nico.<\/span><\/p>\n<p style=\"text-align: justify;\"><span style=\"font-size: 14pt;\">En este orden de cosas, hay que sumar el predominio de la sociolog\u00eda <\/span><span style=\"font-size: 14pt;\">sobre la pol\u00edtica con la idea, no menos neutralizadora, de <strong>Max Weber<\/strong>, de la <\/span><span style=\"font-size: 14pt;\">ciencia social <em><strong>Wertfrei<\/strong><\/em>, libre de valores, es decir libre de consideraciones morales <\/span><span style=\"font-size: 14pt;\">y \u00e9ticas. El neutralismo inherente al modo de pensamiento pol\u00edtico estatal <\/span><span style=\"font-size: 14pt;\">ha desviado as\u00ed la atenci\u00f3n de conceptos como tiran\u00eda, despotismo, oligarqu\u00eda <\/span><span style=\"font-size: 14pt;\">y dictadura, debido a sus connotaciones emocionales <em><strong>\u201cantidemocr\u00e1ticas\u201d (87)<\/strong><\/em>.<\/span><\/p>\n<p style=\"text-align: justify;\"><span style=\"font-size: 14pt;\">Efectivamente, otra causa de que se hable menos de la oligarqu\u00eda que <\/span><span style=\"font-size: 14pt;\">de la dictadura, consiste sin duda, en que la mayor\u00eda de los reg\u00edmenes que se <\/span><span style=\"font-size: 14pt;\">presentan como democr\u00e1ticos, son en realidad olig\u00e1rquicos (<em>se habla de democracia <\/em><\/span><span style=\"font-size: 14pt;\"><em>deficiente, de democracia precaria, de d\u00e9ficit democr\u00e1tico, etc.<\/em>). <strong>Julien <\/strong><\/span><span style=\"font-size: 14pt;\"><strong>Freund<\/strong>, que en 1987 consideraba ya impol\u00edticos a la mayor\u00eda de los reg\u00edmenes <\/span><span style=\"font-size: 14pt;\">europeos <strong>(<\/strong><strong>88)<\/strong>, seguramente dir\u00eda hoy que son antipol\u00edticos. El alem\u00e1n <strong>Hans Magnus <\/strong><\/span><span style=\"font-size: 14pt;\"><strong>Enzensberger (89)<\/strong> y el franc\u00e9s <strong>Herv\u00e9 Kempf (90)<\/strong> por ejemplo, discrepan de la <\/span><span style=\"font-size: 14pt;\">correcci\u00f3n pol\u00edtica al sostener sin reservas que la <strong>Uni\u00f3n Europea<\/strong> es un tinglado <\/span><span style=\"font-size: 14pt;\">olig\u00e1rquico <strong>(<\/strong><strong>91)<\/strong>.<\/span><\/p>\n<p style=\"text-align: center;\"><span style=\"font-size: 14pt;\"><strong><span style=\"color: #008000;\">***<\/span><\/strong><\/span><\/p>\n<p style=\"text-align: justify;\"><span style=\"font-size: 14pt;\"><strong>21.-<\/strong> Dejando aparte la anarqu\u00eda, que como indica el prefijo \u00ab<em>an<\/em>\u00bb carece <\/span><span style=\"font-size: 14pt;\">de principio y por tanto de forma, en la clasificaci\u00f3n griega de las formas de <\/span><span style=\"font-size: 14pt;\">gobierno, monarqu\u00eda y oligarqu\u00eda son las \u00fanicas que aluden a la autoridad; las <\/span><span style=\"font-size: 14pt;\">dem\u00e1s se refieren al mando. Desde el punto de vista del mando, debiera decirse <\/span><span style=\"font-size: 14pt;\">monocracia y oligocracia.<\/span><\/p>\n<p style=\"text-align: justify;\"><span style=\"font-size: 14pt;\">En efecto, igual que <strong>Monarqu\u00eda<\/strong> se compone de las dos palabras griegas <\/span><span style=\"font-size: 14pt;\"><em>monos<\/em>, que significa uno, y <em>arkhos<\/em>, de <em>arkh\u00e9<\/em>, principio, principal, autoridad <\/span><span style=\"font-size: 14pt;\">por ser forma originaria, ocurre lo mismo con la palabra <strong>Oligarqu\u00eda<\/strong> en la <\/span><span style=\"font-size: 14pt;\">que <em>oligos<\/em> significa pocos <strong>(<\/strong><strong>92)<\/strong>. Es el mando de varios, lo que se significa m\u00e1s <\/span><span style=\"font-size: 14pt;\">exacta y neutralmente con la palabra <strong>Oligocracia<\/strong>, pues <em>cracia<\/em>, de <em>kratos<\/em>, es <\/span><span style=\"font-size: 14pt;\">mando, del verbo mandar, <em>krattein<\/em>. No obstante, se utiliza menos que oligarqu\u00eda <\/span><span style=\"font-size: 14pt;\">en la que <em>arkhos<\/em> encierra, en cierto modo correctamente de acuerdo con <\/span><span style=\"font-size: 14pt;\">la referencia de <strong>Ferrero<\/strong> a los genios \u201c<em><strong>invisibles<\/strong><\/em>\u201d de la <strong>Ciudad<\/strong>, la referencia a la <\/span><span style=\"font-size: 14pt;\"><em>auctoritas<\/em>, en tanto alude al principio u origen natural incluyendo indirectamente <\/span><span style=\"font-size: 14pt;\">el saber, propio de la <em>auctoritas<\/em> (<em>igual que <strong>Monarqu\u00eda<\/strong><\/em>), en contraste <\/span><span style=\"font-size: 14pt;\">con <strong>Oligocracia<\/strong>, que se limita a indicar el n\u00famero de los que mandan con o <\/span><span style=\"font-size: 14pt;\">sin <em>auctoritas<\/em>. Esa palabra, en realidad m\u00e1s un t\u00e9rmino que una palabra, igual <\/span><span style=\"font-size: 14pt;\">que <strong>Monocracia<\/strong> y las que aluden al mando como una funci\u00f3n, es quiz\u00e1 m\u00e1s <\/span><span style=\"font-size: 14pt;\">moderna que oligarqu\u00eda, que tampoco debi\u00f3 ser peyorativa hasta que degener\u00f3 <\/span><span style=\"font-size: 14pt;\">en la pr\u00e1ctica democr\u00e1tica griega <strong>(<\/strong><strong>93)<\/strong>.<\/span><\/p>\n<p style=\"text-align: center;\"><strong><span style=\"color: #008000; font-size: 14pt;\">***<\/span><\/strong><\/p>\n<p style=\"text-align: justify;\"><span style=\"font-size: 14pt;\"><strong>22.- Gonzalo Fern\u00e1ndez de la Mora<\/strong> es uno de los raros escritores pol\u00edticos <\/span><span style=\"font-size: 14pt;\">que han prestado una atenci\u00f3n especial a la <strong>oligarqu\u00eda<\/strong> en tiempos recientes.<\/span><\/p>\n<p style=\"text-align: justify;\"><span style=\"font-size: 14pt;\">Si bien no distingue entre r\u00e9gimen, el lugar de las influencias y poderes <\/span><span style=\"font-size: 14pt;\">indirectos <strong>(<\/strong><strong>94)<\/strong>, y gobierno, el lugar del poder pol\u00edtico, la define como \u00ab<em>la forma <\/em><\/span><span style=\"font-size: 14pt;\"><em>trascendental de gobierno<\/em>\u00bb; \u201c<em>abarca<\/em>\u201d, dice lapidariamente, todas las formas del <\/span><span style=\"font-size: 14pt;\">gobierno <strong>(<\/strong><strong>95)<\/strong>. Es decir, trasciende a todas las formas del gobierno, a las que es <\/span><span style=\"font-size: 14pt;\">inmanente. As\u00ed pues, todo gobierno es inevitablemente olig\u00e1rquico, tanto por <\/span><span style=\"font-size: 14pt;\">su naturaleza como por su dependencia del r\u00e9gimen, que puede intensificar o <\/span><span style=\"font-size: 14pt;\">disminuir el grado de oligarquizaci\u00f3n y por tanto de parcialidad, del gobierno.<\/span><\/p>\n<p style=\"text-align: justify;\"><span style=\"font-size: 14pt;\">El objetivo te\u00f3rico de la democracia es la desinmanentizaci\u00f3n de la oligarqu\u00eda, <\/span><span style=\"font-size: 14pt;\">aunque en la pr\u00e1ctica podr\u00e1 s\u00f3lo contenerla o disminuirla mientras sea efectiva <\/span><span style=\"font-size: 14pt;\">la libertad pol\u00edtica. Seg\u00fan la experiencia, basta que la oligarqu\u00eda no rebase los <\/span><span style=\"font-size: 14pt;\">l\u00edmites, ciertamente imprecisos, de lo tolerable seg\u00fan el <em>\u00eathos<\/em>; depende del <\/span><span style=\"font-size: 14pt;\">estado de las virtudes <strong>(<\/strong><strong>96)<\/strong>.<\/span><\/p>\n<p style=\"text-align: justify;\"><span style=\"font-size: 14pt;\">Sosten\u00eda <strong>Gramsci<\/strong>, que, de hecho, todo gobierno es dictadura m\u00e1s hegemon\u00eda <\/span><span style=\"font-size: 14pt;\">cultural: el r\u00e9gimen \u2014que el escritor italiano transform\u00f3 en la sociedad <\/span><span style=\"font-size: 14pt;\">pol\u00edtica\u2014 enlaza el poder pol\u00edtico con el \u00e1mbito de lo <strong>prepol\u00edtico<\/strong> (<em>la sociedad <\/em><\/span><span style=\"font-size: 14pt;\"><em>civil en el sentido gramsciano, m\u00e1s amplio que el hegeliano-marxista<\/em>) <strong>(9<\/strong><strong>7)<\/strong>, y la cultura <\/span><span style=\"font-size: 14pt;\">hace que la opini\u00f3n p\u00fablica lo reconozca (o no) como poder p\u00fablico.<\/span><\/p>\n<p style=\"text-align: justify;\"><span style=\"font-size: 14pt;\">Ahora bien, sin faltarle raz\u00f3n en casos concretos y a largo plazo, <\/span><span style=\"font-size: 14pt;\"><strong>Gramsci<\/strong> se equivocaba al afirmar dogm\u00e1ticamente que \u00ab<em><strong>la conquista del poder <\/strong><\/em><\/span><span style=\"font-size: 14pt;\"><em><strong>cultural es previa a la del poder pol\u00edtico<\/strong><\/em>\u00bb, debido a que identificaba pr\u00e1cticamente <\/span><span style=\"font-size: 14pt;\">la ideolog\u00eda, en tanto religi\u00f3n secular (<em>en el sentido de <strong>Raymond Aron<\/strong><\/em>), <\/span><span style=\"font-size: 14pt;\">con la cultura <strong>(<\/strong><strong>98)<\/strong>. Los hechos prueban que la posesi\u00f3n del poder pol\u00edtico facilita <\/span><span style=\"font-size: 14pt;\">la conquista del poder cultural para aumentarlo y transformarse en dictadura <\/span><span style=\"font-size: 14pt;\">empleando lo que llamaba <strong>Aranguren<\/strong> \u201c<em>la persuasi\u00f3n coercitiva<\/em>\u201d. <\/span><\/p>\n<p style=\"text-align: justify;\"><span style=\"font-size: 14pt;\"><strong>Maquiavelo<\/strong>, <\/span><span style=\"font-size: 14pt;\">tan admirado por <strong>Gramsci,<\/strong> sab\u00eda muy bien que la pol\u00edtica tiene tres aspectos <\/span><span style=\"font-size: 14pt;\">muy distintos, que pueden ser fases sucesivas: <strong>conquistar el poder, conservarlo <\/strong><\/span><span style=\"font-size: 14pt;\"><strong>y aumentarlo<\/strong>. La conquista depende de la <em>virt\u00fa<\/em> del pr\u00edncipe, el hombre pol\u00edtico, <\/span><span style=\"font-size: 14pt;\"><em>il principe<\/em> o principal; la conservaci\u00f3n es asunto de la prudencia pol\u00edtica; <\/span><span style=\"font-size: 14pt;\">y aumentar el poder puede ser un asunto muy peligroso si choca con otros <\/span><span style=\"font-size: 14pt;\">poderes exteriores; aumentarlo en la sociedad es la tentaci\u00f3n de las oligarqu\u00edas, <\/span><span style=\"font-size: 14pt;\">sobre todo cuando <em>\u201ccristalizan<\/em>\u201d en el sentido de<strong> Pareto<\/strong>, pues entonces se mezclan <\/span><span style=\"font-size: 14pt;\">y confunden el gobierno y el r\u00e9gimen.<\/span><\/p>\n<p style=\"text-align: justify;\"><span style=\"font-size: 14pt;\">Lo cierto es que, como dec\u00eda <strong>James Bryce<\/strong>, el mundo no ha conocido <\/span><span style=\"font-size: 14pt;\">m\u00e1s forma de gobierno que el de unos pocos y que todo gobierno necesita el <\/span><span style=\"font-size: 14pt;\">apoyo de la opini\u00f3n. En el siglo XVIII, escribi\u00f3 <strong>David Hume<\/strong> en su brev\u00edsimo <\/span><span style=\"font-size: 14pt;\">y suculento ensayo \u201c<em>Sobre los primeros principios del gobierno\u201d<\/em>: \u00ab<em>La opini\u00f3n <\/em><\/span><em><span style=\"font-size: 14pt;\">es el \u00fanico fundamento del gobierno, y esta misma alcanza igual a los gobernantes <\/span><\/em><span style=\"font-size: 14pt;\"><em>m\u00e1s desp\u00f3ticos y militares que a los m\u00e1s populares y libres<\/em>\u00bb. Lo ejemplificaba <\/span><span style=\"font-size: 14pt;\">as\u00ed: \u00ab<em>El sult\u00e1n de<strong> Egipto<\/strong> o el emperador de <strong>Roma<\/strong> pueden manejar a <\/em><\/span><em><span style=\"font-size: 14pt;\">sus inermes s\u00fabditos como simples brutos, a contrapelo de sus sentimientos e <\/span><span style=\"font-size: 14pt;\">inclinaciones; pero tendr\u00e1n que contar al menos con la adhesi\u00f3n de sus mamelucos <\/span><\/em><span style=\"font-size: 14pt;\"><em>o de sus cohortes pretorianas<\/em>\u00bb <strong>(<\/strong><strong>99)<\/strong>.<\/span><\/p>\n<p style=\"text-align: center;\"><strong><span style=\"color: #008000; font-size: 14pt;\">***<\/span><\/strong><\/p>\n<p style=\"text-align: justify;\"><span style=\"font-size: 14pt;\"><strong>23.-<\/strong> El primer fil\u00f3sofo pol\u00edtico fue <strong>Plat\u00f3n,<\/strong> aunque, seg\u00fan <strong>Alberto Buela<\/strong>, <\/span><span style=\"font-size: 14pt;\">es posible que el primer texto que habla de la distinci\u00f3n propiamente pol\u00edtica <\/span><span style=\"font-size: 14pt;\">sea un fragmento del presocr\u00e1tico de mediados del siglo V (a. C.) <strong>Alcme\u00f3n de <\/strong><\/span><span style=\"font-size: 14pt;\"><strong>Crotona<\/strong>, citado por <strong>Heinimann<\/strong> como el primero, probablemente, que se interes\u00f3 <\/span><span style=\"font-size: 14pt;\">por la medicina en relaci\u00f3n con el <em>nomos<\/em>. <strong>Tuc\u00eddides<\/strong> fue tambi\u00e9n seguramente <\/span><span style=\"font-size: 14pt;\">el primero en mencionar la <strong>oligarqu\u00eda<\/strong>: \u00ab<em>El pueblo, dec\u00eda en su <strong>Historia <\/strong><\/em><\/span><span style=\"font-size: 14pt;\"><em>de las guerras del <strong>Peloponeso<\/strong>, es la totalidad y la oligarqu\u00eda s\u00f3lo una parte<\/em>\u00bb, la <\/span><span style=\"font-size: 14pt;\">relacionada con los pudientes.<\/span><\/p>\n<p style=\"text-align: justify;\"><span style=\"font-size: 14pt;\">Conforme a la m\u00e1xima de <strong>Ovidio<\/strong> <em>ingenium mala saepe movent<\/em> (<em>las <\/em><\/span><span style=\"font-size: 14pt;\"><em>cosas malas mueven el ingenio<\/em>) el gran pensamiento pol\u00edtico suele aparecer <\/span><span style=\"font-size: 14pt;\">cuando van mal las cosas. Y as\u00ed ocurri\u00f3 en<strong> Grecia<\/strong>, la cuna de ese modo o <\/span><span style=\"font-size: 14pt;\">forma de pensamiento: la crisis de la <strong>Polis<\/strong>, que como se sabe <em>a posteriori<\/em> iniciaba <\/span><span style=\"font-size: 14pt;\">su decadencia \u2014los pensadores griegos s\u00f3lo sab\u00edan que estaban en crisis\u2014, <\/span><span style=\"font-size: 14pt;\">suscit\u00f3 la filosof\u00eda pol\u00edtica como una necesidad.<\/span><\/p>\n<p style=\"text-align: justify;\"><span style=\"font-size: 14pt;\"><strong>Plat\u00f3n<\/strong> la fund\u00f3 en <strong>Rep\u00fablica (100)<\/strong>, obra de mala fama en tiempos no lejanos, <\/span><span style=\"font-size: 14pt;\">precisamente por no entender, entre otras cosas <strong>(<\/strong><strong>101)<\/strong>, que la figura del fil\u00f3sofo <\/span><span style=\"font-size: 14pt;\">rey, que combina la autoridad y el poder <strong>(<\/strong><strong>102)<\/strong>, es precisamente el contrapunto <\/span><span style=\"font-size: 14pt;\">a la oligarqu\u00eda e incluso, seg\u00fan la interpretaci\u00f3n de <strong>Arendt<\/strong>, de la misma <\/span><span style=\"font-size: 14pt;\">pol\u00edtica, limitada por abajo por la labor de la esclavitud y por arriba por la sabidur\u00eda <\/span><span style=\"font-size: 14pt;\">de los fil\u00f3sofos <strong>(<\/strong><strong>103)<\/strong>. <\/span><\/p>\n<p style=\"text-align: justify;\"><span style=\"font-size: 14pt;\">Como las <strong>P\u00f3leis<\/strong> estaban muy enfermas, concibi\u00f3 <strong>Plat\u00f3n <\/strong><\/span><span style=\"font-size: 14pt;\">la pol\u00edtica como un arte medicinal basado en la experiencia, para sanar los <\/span><span style=\"font-size: 14pt;\">males que corro\u00edan el alma colectiva de la <strong>Polis<\/strong> igual que las pasiones las almas <\/span><span style=\"font-size: 14pt;\">individuales. La causa de la enfermedad de la <strong>Polis<\/strong> era la divisi\u00f3n entre ricos <\/span><span style=\"font-size: 14pt;\">y pobres, entre los oligarcas y el resto de los ciudadanos, manejados empero <\/span><span style=\"font-size: 14pt;\">por la demagogia de oligarcas como <strong>los treinta tiranos de Atenas<\/strong>, que sucedieron <\/span><span style=\"font-size: 14pt;\">a <strong>Pericles<\/strong> y condenaron a muerte a <strong>S\u00f3crates<\/strong> por criticar la falsa democracia <\/span><span style=\"font-size: 14pt;\">existente. Por eso suprime<strong> Plat\u00f3n<\/strong> la propiedad en perjuicio de los ricos, propone <\/span><span style=\"font-size: 14pt;\">la comunidad de mujeres para evitar la influencia de los afectos y pone <\/span><span style=\"font-size: 14pt;\">un m\u00e9dico al frente de la<strong> Ciudad ideal.<\/strong> Un rey que como fil\u00f3sofo, palabra que <\/span><span style=\"font-size: 14pt;\">significaba en aquellos tiempos amigo de la sabidur\u00eda, es decir, imitador del <\/span><span style=\"font-size: 14pt;\">saber propio de los dioses, que conocen intuitivamente la verdad de la realidad, <\/span><span style=\"font-size: 14pt;\">es inmune a las emociones, los sentimientos, los afectos y los intereses, y <\/span><span style=\"font-size: 14pt;\">busca el bien de la <strong>Ciudad<\/strong>, el <em>koin\u00f3n \u00e1gath\u00f3n<\/em> o bien com\u00fan de todos los ciudadanos.<\/span><\/p>\n<p style=\"text-align: justify;\"><span style=\"font-size: 14pt;\">Partiendo de estas premisas, tras indagar en El pol\u00edtico, las posibles <\/span><span style=\"font-size: 14pt;\">formas puras del gobierno de la <strong>Polis<\/strong> (<em>como formas pol\u00edticas<\/em>), reconoce <strong>Plat\u00f3n<\/strong>: <\/span><span style=\"font-size: 14pt;\">\u00ab<em>es dif\u00edcil encontrar el rey ideal, el poder del monarca debe sustituirse por <\/em><\/span><span style=\"font-size: 14pt;\"><em>la dictadura de la ley<\/em>\u00bb (302 a ss). En <strong>Leyes<\/strong> resolvi\u00f3 el problema de la oligarqu\u00eda &#8230; <\/span><span style=\"font-size: 14pt;\">eludi\u00e9ndolo, al abordar c\u00f3mo podr\u00eda ser una <strong>Ciudad<\/strong> terrena buena. Para <\/span><span style=\"font-size: 14pt;\">ello introdujo el Derecho reconoci\u00e9ndole autoridad, a fin de que los hombres <\/span><span style=\"font-size: 14pt;\">se atengan al \u201c<em>hilo de oro\u201d<\/em> de la ley, que al orientar la conducta mantiene el <\/span><span style=\"font-size: 14pt;\">equilibrio en la vida colectiva, e invent\u00f3 la forma mixta de gobierno <strong>(104)<\/strong>\u00a0combinando <\/span><span style=\"font-size: 14pt;\">la sabidur\u00eda o <em>auctoritas<\/em> suprema del fil\u00f3sofo-rey (<em>antecedente de los <\/em><\/span><span style=\"font-size: 14pt;\"><em>Espejos de pr\u00edncipes corrientes en el siglo XV<\/em>), que al ser uno garantiza tambi\u00e9n <\/span><span style=\"font-size: 14pt;\">la unidad de la <strong>Polis<\/strong>, con la libertad pol\u00edtica o <em>potestas<\/em> de la democracia de propietarios.<\/span><\/p>\n<p style=\"text-align: justify;\"><span style=\"font-size: 14pt;\">La forma mixta era para los griegos el equivalente a la moderna divisi\u00f3n <\/span><span style=\"font-size: 14pt;\">de poderes, idea que surgi\u00f3 confusamente en el curso de la <strong>guerra civil <\/strong><\/span><span style=\"font-size: 14pt;\"><strong>inglesa<\/strong> (1640-1649), siendo el segundo paso la <strong>teor\u00eda de la Constituci\u00f3n equilibrada<\/strong> <strong>(105)<\/strong>.<\/span><\/p>\n<p style=\"text-align: center;\"><span style=\"font-size: 14pt;\"><strong><span style=\"color: #008000;\">***<\/span><\/strong><\/span><\/p>\n<p style=\"text-align: justify;\"><span style=\"font-size: 14pt;\"><strong>24.-<\/strong> En todo caso, al ser muy peque\u00f1as las <strong>P\u00f3leis<\/strong> griegas y los <em>politai<\/em> <\/span><span style=\"font-size: 14pt;\">o ciudadanos una fracci\u00f3n de la poblaci\u00f3n total, la democracia de unos pocos <\/span><span style=\"font-size: 14pt;\">era de hecho una oligarqu\u00eda frente al resto. Algo as\u00ed como lo que planteaba <\/span><span style=\"font-size: 14pt;\"><strong>Hume<\/strong> en el ensayo citado, poniendo como ejemplo la <strong>C\u00e1mara de los Comunes <\/strong><\/span><span style=\"font-size: 14pt;\">inglesa, donde \u201c<em>el peso del poder<\/em>\u201d coincid\u00eda con \u201c<em>el peso de la propiedad<\/em>\u201d.<\/span><\/p>\n<p style=\"text-align: justify;\"><span style=\"font-size: 14pt;\">O sea, la oligarqu\u00eda pol\u00edtica coincid\u00eda con la econ\u00f3mica <strong>(106)<\/strong>. Este es el rasgo <\/span><span style=\"font-size: 14pt;\">caracter\u00edstico de la oligarqu\u00eda como forma del gobierno: la uni\u00f3n del poder <\/span><span style=\"font-size: 14pt;\">pol\u00edtico y el econ\u00f3mico; el gobierno de los adinerados, hab\u00eda dejado escrito <\/span><span style=\"font-size: 14pt;\"><strong>Arist\u00f3teles<\/strong> en su <strong>Pol\u00edtica<\/strong> (1291b, 7-13). Hoy, hay que a\u00f1adir el poder de los <\/span><span style=\"font-size: 14pt;\">medios de comunicaci\u00f3n, que permite hablar de la reducci\u00f3n de la democracia <\/span><span style=\"font-size: 14pt;\">a la \u201c<em>democracia medi\u00e1tica<\/em>\u201d <strong>(<\/strong><strong>107)<\/strong>.<\/span><\/p>\n<p style=\"text-align: justify;\"><span style=\"font-size: 14pt;\">Cuando <strong>Tocqueville<\/strong> y <strong>Stuart Mill<\/strong> alertaban contra la tiran\u00eda de la opini\u00f3n <\/span><span style=\"font-size: 14pt;\">p\u00fablica, s\u00f3lo exist\u00eda la prensa escrita, pero gran parte de la poblaci\u00f3n <\/span><span style=\"font-size: 14pt;\">europea era analfabeta. Por otra parte, salvo en <strong>Estados Unidos<\/strong>, si se tiene en <\/span><span style=\"font-size: 14pt;\">cuenta la existencia de la esclavitud, la democracia se circunscrib\u00eda a una parte <\/span><span style=\"font-size: 14pt;\">de la poblaci\u00f3n, igual que en las <strong>P\u00f3leis<\/strong> griegas, pero salvo los esclavos hasta <\/span><span style=\"font-size: 14pt;\">la guerra civil de Secesi\u00f3n todos eran ciudadanos. Sin perjuicio de las diferencias <\/span><span style=\"font-size: 14pt;\">obvias, <strong>Europa<\/strong> coincid\u00eda en los mejores casos con los griegos en la restricci\u00f3n <\/span><span style=\"font-size: 14pt;\">a unas minor\u00edas de la ciudadan\u00eda plena, es decir, de la libertad colectiva, <\/span><span style=\"font-size: 14pt;\">mientras existieron sistemas electorales censitarios. <strong>Tocqueville<\/strong> advirti\u00f3 ya que <\/span><span style=\"font-size: 14pt;\">al ser muy distintas las condiciones norteamericanas para la democracia pol\u00edtica, <\/span><span style=\"font-size: 14pt;\">la europea corr\u00eda el riego de falsificarse. Por otra parte, la <strong>democracia<\/strong> es <\/span><span style=\"font-size: 14pt;\">en <strong>Norteam\u00e9rica<\/strong> una consecuencia de la <strong>Rep\u00fablica<\/strong> \u2014algo incapaz de imaginar <\/span><span style=\"font-size: 14pt;\"><strong>Montesquieu<\/strong> en una gran naci\u00f3n\u2014, no al rev\u00e9s como en Europa, donde la <\/span><span style=\"font-size: 14pt;\">democracia promueve las tendencias republicanas.<\/span><\/p>\n<p style=\"text-align: center;\"><span style=\"font-size: 14pt;\"><strong><span style=\"color: #008000;\">***<\/span><\/strong><\/span><\/p>\n<p style=\"text-align: justify;\"><span style=\"font-size: 14pt;\"><strong>25.-<\/strong> No obstante, se criticaba entonces m\u00e1s duramente que hoy el <\/span><span style=\"font-size: 14pt;\">car\u00e1cter olig\u00e1rquico de los gobiernos. <strong>Montesquieu<\/strong>, hab\u00eda propuesto ya como <\/span><span style=\"font-size: 14pt;\">remedio, siguiendo a <strong>Locke<\/strong>, la <strong>separaci\u00f3n de poderes<\/strong> <strong>(<\/strong><strong>108)<\/strong> sin tocar el fondo del <\/span><span style=\"font-size: 14pt;\">asunto, que, explica agudamente <strong>Odo Marquard<\/strong>, constituye un caso especial <\/span><span style=\"font-size: 14pt;\">de la divisi\u00f3n general de poderes que se da en la realidad <strong>(109)<\/strong>, como consecuencia <\/span><span style=\"font-size: 14pt;\">natural de la diversidad de los modos o formas de pensamiento <strong>(<\/strong><strong>110)<\/strong>.<\/span><\/p>\n<p style=\"text-align: justify;\"><span style=\"font-size: 14pt;\">Escribe <strong>Marquard<\/strong> citando a <strong>Montesquieu:<\/strong> \u00ab<em>S\u00f3lo hay libertad individual <\/em><\/span><em><span style=\"font-size: 14pt;\">all\u00ed donde el individuo no est\u00e1 sometido a la intervenci\u00f3n exclusiva de un \u00fanico <\/span><span style=\"font-size: 14pt;\">poder exclusivo, sino que existen varios poderes (independientes entre s\u00ed) que, <\/span><span style=\"font-size: 14pt;\">al agolparse para intervenir sobre el individuo, se entorpecen y limitan entre <\/span><span style=\"font-size: 14pt;\">s\u00ed: los hombres cobran su libertad individual frente a la intervenci\u00f3n exclusiva\u00a0<\/span><span style=\"font-size: 14pt;\">de cada uno de ellos, s\u00f3lo porque cada uno de esos poderes restringe y debilita <\/span><\/em><span style=\"font-size: 14pt;\"><em>la intervenci\u00f3n de todos los dem\u00e1s<\/em>\u00bb <strong>(<\/strong><strong>111)<\/strong>. <\/span><\/p>\n<p style=\"text-align: justify;\"><span style=\"font-size: 14pt;\"><strong>Tocqueville<\/strong> observ\u00f3 m\u00e1s tarde que <\/span><span style=\"font-size: 14pt;\">la aplicaci\u00f3n a la vez formal y material de este principio cautelar en los <strong>Estados <\/strong><\/span><span style=\"font-size: 14pt;\"><strong>Unidos<\/strong> y, coherentemente, el rechazo del parlamentarismo, institu\u00eda un <\/span><span style=\"font-size: 14pt;\">republicanismo que, combinando formalmente la monocracia (<em>presidencialismo<\/em>), <\/span><span style=\"font-size: 14pt;\">la aristocracia (<em>en realidad oligarqu\u00eda<\/em>) y la democracia, diferenciaba <\/span><span style=\"font-size: 14pt;\">sustancialmente la democracia norteamericana de la europea.<\/span><\/p>\n<p style=\"text-align: justify;\"><span style=\"font-size: 14pt;\">En lo que concierne a <strong>Inglaterra<\/strong>, la naci\u00f3n que disfrutaba entonces de <\/span><span style=\"font-size: 14pt;\">m\u00e1s libertad pol\u00edtica, <strong>Hobbes<\/strong> hab\u00eda denunciado ya, especialmente en <strong>Behemoth<\/strong>, <\/span><span style=\"font-size: 14pt;\">su libro sobre la guerra civil, el car\u00e1cter olig\u00e1rquico del Parlamento, frente <\/span><span style=\"font-size: 14pt;\">al que postulaba la <strong>Monarqu\u00eda Absoluta<\/strong>. Tras la <strong>Revoluci\u00f3n francesa,<\/strong> cuyo r\u00e9gimen <\/span><span style=\"font-size: 14pt;\">burgu\u00e9s inequ\u00edvocamente olig\u00e1rquico cont\u00f3 en la isla con admiradores <\/span><span style=\"font-size: 14pt;\">como <strong>Price<\/strong>, contra quienes escribi\u00f3 <strong>Burke<\/strong> sus famosas <em><strong>Reflexiones<\/strong><\/em>, volvieron <\/span><span style=\"font-size: 14pt;\">a la carga, como se indic\u00f3 antes, el liberal <strong>Bentham<\/strong> y sus seguidores, entre <\/span><span style=\"font-size: 14pt;\">ellos <strong>Stuart Mill<\/strong>. La cr\u00edtica m\u00e1s radical fue empero, seguramente, la del conservador <\/span><span style=\"font-size: 14pt;\"><strong>Coleridge<\/strong>, sucesor pol\u00edtico de <strong>Burke<\/strong> al frente de la escuela de este signo.<\/span><\/p>\n<p style=\"text-align: justify;\"><span style=\"font-size: 14pt;\">Unos y otros denunciaron el gobierno ingl\u00e9s como clasista. Las cr\u00edticas, sobre <\/span><span style=\"font-size: 14pt;\">todo las de los <em>benthamitas<\/em>, consiguieron que comenzara a ampliarse el censo <\/span><span style=\"font-size: 14pt;\">electoral en <strong>1832<\/strong>, tard\u00e1ndose empero casi un siglo en llegar al sufragio universal, <\/span><span style=\"font-size: 14pt;\">lo que no significa que Inglaterra sea una democracia <strong>(112)<\/strong>.<\/span><\/p>\n<p style=\"text-align: center;\"><strong><span style=\"color: #008000; font-size: 14pt;\">***<\/span><\/strong><\/p>\n<p style=\"text-align: justify;\"><span style=\"font-size: 14pt;\"><strong>26.-<\/strong> En <strong>Francia<\/strong>, se plante\u00f3 la cuesti\u00f3n durante la <strong>Restauraci\u00f3n<\/strong> y se <\/span><span style=\"font-size: 14pt;\">agudiz\u00f3 al establecer la <strong>Monarqu\u00eda<\/strong> <strong>de Julio<\/strong>, que le sucedi\u00f3 en <strong>1830<\/strong>, en la que <\/span><span style=\"font-size: 14pt;\">la gran burgues\u00eda lleg\u00f3 por fin al poder <strong>(<\/strong><strong>113)<\/strong>, el primer Estado liberal de Derecho. <\/span><span style=\"font-size: 14pt;\">Una forma estatal que, dec\u00eda <strong>Miglio<\/strong>, a\u00f1ade al monopolio de la fuerza <strong>(<\/strong><strong>114)<\/strong> \u00ab<em>la \u201cprivatizaci\u00f3n\u201d <\/em><\/span><em><span style=\"font-size: 14pt;\">progresiva de todos los conflictos \u201cinternos\u201d mediante la imposici\u00f3n <\/span><span style=\"font-size: 14pt;\">sistem\u00e1tica a todos los s\u00fabditos-ciudadanos del recurso a los tribunales <\/span><\/em><span style=\"font-size: 14pt;\"><em>estatales para solucionar todas sus controversias<\/em>\u00bb <strong>(<\/strong><strong>115)<\/strong>.\u00a0<\/span><\/p>\n<p style=\"text-align: justify;\"><span style=\"font-size: 14pt;\">El Estado liberal burgu\u00e9s de <\/span><span style=\"font-size: 14pt;\"><strong>Derecho<\/strong>, ligado al parlamentarismo, implica un giro radical en el <em>\u00eathos<\/em> estatal: <\/span><span style=\"font-size: 14pt;\">\u00e9ste se carga unilateralmente de contenido econ\u00f3mico <strong>(<\/strong><strong>116)<\/strong> al tener que afrontar <\/span><span style=\"font-size: 14pt;\">las consecuencias de la Revoluci\u00f3n Industrial y el protagonismo de la historia, <\/span><span style=\"font-size: 14pt;\">introducido por la revoluci\u00f3n francesa en el pensamiento\u00a0 <strong>(117)<\/strong>. Durante los <\/span><span style=\"font-size: 14pt;\">dieciocho a\u00f1os que dur\u00f3 el r\u00e9gimen, estuvo en vigor un sistema censitario <\/span><span style=\"font-size: 14pt;\">abierto te\u00f3ricamente a todos pero monopolizado por la gran burgues\u00eda, muy <\/span><span style=\"font-size: 14pt;\">cerrado en la pr\u00e1ctica. <\/span><\/p>\n<p style=\"text-align: justify;\"><span style=\"font-size: 14pt;\">Una causa principal era que los liberales en general y <\/span><span style=\"font-size: 14pt;\">en particular los doctrinarios franceses inventores del <strong>Estado liberal de Derecho, <\/strong><\/span><span style=\"font-size: 14pt;\">recelaban de la extensi\u00f3n del derecho al sufragio. Francia no hab\u00eda recuperado <\/span><span style=\"font-size: 14pt;\">a\u00fan el nivel econ\u00f3mico anterior a <strong>1789<\/strong> y la mayor\u00eda de los alrededor <\/span><span style=\"font-size: 14pt;\">de veintis\u00e9is millones de habitantes eran campesinos vinculados a las antiguas <\/span><span style=\"font-size: 14pt;\">dependencias m\u00e1s o menos feudales: al caciquismo, degeneraci\u00f3n definitiva <\/span><span style=\"font-size: 14pt;\">del feudalismo, que aparece en el tr\u00e1nsito de las sociedades campesinas a las <\/span><span style=\"font-size: 14pt;\">industriales. Cierto que el censo, basado en la propiedad \u2014de ah\u00ed el famoso <\/span><span style=\"font-size: 14pt;\"><em>enrichissiez-vous!<\/em> de <strong>Guizot<\/strong>\u2014, se abri\u00f3 a los talentos y ciertas profesiones.<\/span><\/p>\n<p style=\"text-align: justify;\"><span style=\"font-size: 14pt;\">Con todo, los electores no llegaban a 500.000 al producirse la <strong>Revoluci\u00f3n de <\/strong><\/span><span style=\"font-size: 14pt;\"><strong>1848<\/strong>. Los revolucionarios introdujeron el sufragio universal y se cumpli\u00f3 lo <\/span><span style=\"font-size: 14pt;\">que hab\u00edan previsto los liberales:<strong> Luis Napole\u00f3n<\/strong>, quien, dec\u00eda <strong>Tocqueville<\/strong>, \u00ab<em>si <\/em><\/span><em><span style=\"font-size: 14pt;\">hubiera sido un hombre de genio no hubiera sido jam\u00e1s Presidente de la rep\u00fablica<\/span><\/em><span style=\"font-size: 14pt;\">\u00bb, apoyado por las masas, deslumbradas en parte por tratarse del sobrino <\/span><span style=\"font-size: 14pt;\">de<strong> Napole\u00f3n<\/strong> el corso, se hizo f\u00e1cilmente con el poder absoluto en <strong>1852<\/strong> y acto <\/span><span style=\"font-size: 14pt;\">seguido restaur\u00f3 el Imperio de su t\u00edo. La gran burgues\u00eda muy vinculada al <\/span><span style=\"font-size: 14pt;\">Estado, una parte muy influyente era <em>saintsimoniana<\/em>, impuls\u00f3 el crecimiento <\/span><span style=\"font-size: 14pt;\">econ\u00f3mico. Una importante consecuencia fue el descr\u00e9dito del liberalismo por <\/span><span style=\"font-size: 14pt;\">su oposici\u00f3n al sufragio universal: a pesar de haberse confirmado sus recelos, <\/span><span style=\"font-size: 14pt;\">qued\u00f3 tachado de aliado natural de la oligarqu\u00eda <strong>(<\/strong><strong>118)<\/strong>.<\/span><\/p>\n<p style=\"text-align: center;\"><span style=\"color: #008000;\"><strong><span style=\"font-size: 14pt;\">***<\/span><\/strong><\/span><\/p>\n<p style=\"text-align: justify;\"><span style=\"font-size: 14pt;\"><strong>27.-<\/strong> La <strong>Gran Revoluci\u00f3n<\/strong> hab\u00eda legitimado el gobierno olig\u00e1rquico y <\/span><span style=\"font-size: 14pt;\">bajo la Restauraci\u00f3n y sobre todo bajo el r\u00e9gimen censitario de la Monarqu\u00eda <\/span><span style=\"font-size: 14pt;\">de Julio, prosperaron las ideolog\u00edas anarquistas y socialistas, que salieron a la <\/span><span style=\"font-size: 14pt;\">luz en <strong>1848\u00a0(<\/strong><strong>119)<\/strong>; esta revoluci\u00f3n consolid\u00f3 la separaci\u00f3n de lo social \u2014del orden <\/span><span style=\"font-size: 14pt;\">social\u2014 de lo pol\u00edtico \u2014del orden pol\u00edtico\u2014, que de ser abarcador pas\u00f3 a ser <\/span><span style=\"font-size: 14pt;\">dominador <strong>(120)<\/strong>. La marxista socialdem\u00f3crata, cuyo heraldo fue el <em><strong>Manifiesto <\/strong><\/em><\/span><span style=\"font-size: 14pt;\"><em><strong>comunista<\/strong><\/em> de <strong>Carlos Marx<\/strong>, estaba destinada a ser la versi\u00f3n preponderante, <\/span><span style=\"font-size: 14pt;\">aunque en <strong>Francia<\/strong> tuvo m\u00e1s importancia la <em>proudhoniana<\/em> hasta despu\u00e9s de la <\/span><span style=\"font-size: 14pt;\"><strong>Gran Guerra. Marx<\/strong> capt\u00f3 la naturaleza olig\u00e1rquica del <strong>Estado<\/strong>, la utilizaci\u00f3n de <\/span><span style=\"font-size: 14pt;\">sus estructuras por la burgues\u00eda como instrumento de dominaci\u00f3n, y, haciendo <\/span><span style=\"font-size: 14pt;\">suyas las cr\u00edticas liberales y conservadoras, propuso sustituirlo por la dictadura <\/span><span style=\"font-size: 14pt;\">del proletariado hasta completar el proceso revolucionario con la desaparici\u00f3n <\/span><span style=\"font-size: 14pt;\">de las clases y, con ellas, de todo rastro de la oligarqu\u00eda. Ahora bien, la dictadura <\/span><span style=\"font-size: 14pt;\">del proletariado (concepto que, a decir verdad, <strong>Marx<\/strong> no elabor\u00f3, pero <\/span><span style=\"font-size: 14pt;\">ve\u00eda que, dada la situaci\u00f3n, era la \u00fanica v\u00eda hacia la democracia) ten\u00eda que ser <\/span><span style=\"font-size: 14pt;\">un gobierno olig\u00e1rquico, por muy transitorio que fuese. <\/span><\/p>\n<p style=\"text-align: justify;\"><span style=\"font-size: 14pt;\"><strong>Lenin<\/strong> har\u00eda luego del <\/span><span style=\"font-size: 14pt;\">partido como \u201c<em>vanguardia del proletariado<\/em>\u201d, el \u00f3rgano olig\u00e1rquico de esa dictadura. <\/span><span style=\"font-size: 14pt;\">En lo que interesa ahora, se introdujo as\u00ed el nuevo concepto de dictadura <\/span><span style=\"font-size: 14pt;\">revolucionaria que constituye la causa principal de los equ\u00edvocos en torno <\/span><span style=\"font-size: 14pt;\">a esa forma del gobierno unido a la utilizaci\u00f3n de la historia (<em>la interpretaci\u00f3n <\/em><\/span><span style=\"font-size: 14pt;\"><em>econ\u00f3mica de la historia<\/em>) como arma pol\u00edtica. Doctrinalmente es una suerte de <\/span><span style=\"font-size: 14pt;\">dictadura impersonal cualitativamente distinta de la concepci\u00f3n tradicional de <\/span><span style=\"font-size: 14pt;\">la dictadura como dictadura personal de car\u00e1cter comisorio para restablecer el <\/span><span style=\"font-size: 14pt;\">orden, es decir, en principio limitada y a t\u00e9rmino, caracter\u00edstica esta \u00faltima que <\/span><span style=\"font-size: 14pt;\">no se daba en las <strong>Monarqu\u00edas absolutas<\/strong>, que, como se ha recordado antes, <\/span><span style=\"font-size: 14pt;\">eran <strong>dictaduras comisarias permanentes<\/strong> al ser hereditarias <strong>(<\/strong><strong>121)<\/strong>.<\/span><\/p>\n<p style=\"text-align: center;\"><span style=\"font-size: 14pt;\"><strong><span style=\"color: #008000;\">***<\/span><\/strong><\/span><\/p>\n<p style=\"text-align: justify;\"><span style=\"font-size: 14pt;\"><strong>28.-<\/strong> En <strong>Alemania<\/strong>, el <strong>Rechtsstaat<\/strong> surgi\u00f3 como una evoluci\u00f3n de las <\/span><span style=\"font-size: 14pt;\">patriarcales Monarqu\u00edas absolutas luteranas a partir del <strong>Polizeistaat<\/strong> <strong>(122)<\/strong>. La doctrina <\/span><span style=\"font-size: 14pt;\">del <strong>Estado de Derecho<\/strong> <strong>alem\u00e1n<\/strong> fue articulada principalmente por <strong>Robert <\/strong><\/span><span style=\"font-size: 14pt;\"><strong>von Mohl<\/strong> y <strong>Julius Stahl<\/strong>, a quien se debe por cierto la doctrina de la<strong> Monarqu\u00eda <\/strong><\/span><span style=\"font-size: 14pt;\"><strong>Constitucional<\/strong>. Su desarrollo ulterior, inspirado por el tambi\u00e9n conservador <\/span><span style=\"font-size: 14pt;\"><strong>Lorenz von Stein<\/strong>, otro de los maestros de <strong>Marx<\/strong>, acabar\u00e1 diferenciando la socialdemocracia <\/span><span style=\"font-size: 14pt;\">en la versi\u00f3n marxista revolucionaria antiestatista y en la legalista <\/span><span style=\"font-size: 14pt;\">reformista o evolucionista que acepta el constitucionalismo y el<strong> Rechtsstaat<\/strong>.<\/span><\/p>\n<p style=\"text-align: justify;\"><span style=\"font-size: 14pt;\">Sucintamente: la idea del <strong>Estado de Derecho<\/strong>, la organizaci\u00f3n mediante <\/span><span style=\"font-size: 14pt;\">las leyes del aparato estatal depositario del poder pol\u00edtico, estaba ya en el <\/span><span style=\"font-size: 14pt;\"><strong>Leviathan<\/strong> de<strong> Tom\u00e1s Hobbes<\/strong>. Para <strong>Hobbes<\/strong>, escribe <strong>A. de Muralt<\/strong>, \u00abl<em>a ley, es un precepto <\/em><\/span><em><span style=\"font-size: 14pt;\">que extrae su poder obligatorio [como un deber moral], no de la bondad <\/span><\/em><span style=\"font-size: 14pt;\"><em>de lo que prescribe, sino de la voluntad y la autoridad de quien la instituye<\/em>\u00bb <strong>(<\/strong><strong>123)<\/strong>.<\/span><\/p>\n<p style=\"text-align: justify;\"><span style=\"font-size: 14pt;\">En general, tras la revoluci\u00f3n francesa, la teor\u00eda del <strong>Estado<\/strong> como <\/span><span style=\"font-size: 14pt;\"><strong>Estado de Derecho<\/strong> result\u00f3 de combinar <em><strong>l&#8217;\u00c9tat liberal bourgeois<\/strong><\/em> de <strong>Droit<\/strong> franc\u00e9s, <\/span><span style=\"font-size: 14pt;\">asentado en la <strong>Nation (<em>Pol\u00edtica<\/em>)<\/strong>, titular de la soberan\u00eda en el sentido ascendente, <\/span><span style=\"font-size: 14pt;\">con el <em><strong>Rechtsstaat<\/strong> <\/em>alem\u00e1n, asentado en el <strong>Volk<\/strong>, cuya soberan\u00eda en el <\/span><span style=\"font-size: 14pt;\">sentido descendente ostentaron el <strong>Monarca,<\/strong> el <strong>Parlamento de Weimar, el <\/strong><\/span><strong><span style=\"font-size: 14pt;\">F\u00fchrer, y desde la Ley Fundamental de Bonn los partidos <\/span><\/strong><span style=\"font-size: 14pt;\">(<\/span><strong><span style=\"font-size: 14pt;\"><em>Parteienstaat<\/em><\/span><\/strong><span style=\"font-size: 14pt;\">)<\/span><span style=\"font-size: 14pt;\">. <\/span><\/p>\n<p style=\"text-align: justify;\"><strong><span style=\"font-size: 14pt;\">En <\/span><\/strong><span style=\"font-size: 14pt;\"><strong>el Estado de Partidos, dec\u00eda G. Leibholz<\/strong>, presidente del <strong>Tribunal Constitucional<\/strong>, <\/span><span style=\"font-size: 14pt;\">desaparece la representaci\u00f3n, a fin de integrar a las masas en el <strong>Estado<\/strong>. Es <\/span><span style=\"font-size: 14pt;\">una concepci\u00f3n pr\u00f3xima a la teor\u00eda del <strong>Estado<\/strong> de <strong>Rudolf Smend<\/strong> (<em>o inspirada <\/em><\/span><span style=\"font-size: 14pt;\"><em>por ella<\/em>), seg\u00fan la cual la estatalidad es una forma de integraci\u00f3n, idea de indudables <\/span><span style=\"font-size: 14pt;\">ra\u00edces luteranas <strong>(<\/strong><strong>124)<\/strong>. Por eso, reduc\u00eda la separaci\u00f3n de poderes, que es un <\/span><span style=\"font-size: 14pt;\">freno a la oligarqu\u00eda, a mera separaci\u00f3n de funciones si bien consideraba que <\/span><span style=\"font-size: 14pt;\">los jueces no eran \u00f3rganos pol\u00edticos <strong>(<\/strong><strong>125)<\/strong>.<\/span><\/p>\n<p style=\"text-align: justify;\"><span style=\"font-size: 14pt;\">Dos observaciones: la primera, la diferencia entre el \u00eathos del <strong>Estado <\/strong><\/span><span style=\"font-size: 14pt;\"><strong>de Derecho<\/strong> franc\u00e9s y el alem\u00e1n: <strong>l&#8217;\u00c9tat-Natio<\/strong>n es de origen laicista aunque <\/span><span style=\"font-size: 14pt;\">puede quedarse en laico, mientras el origen del <strong>Volkstaa<\/strong>t es el <strong>Estado-Iglesia <\/strong><\/span><span style=\"font-size: 14pt;\">luterano; la segunda se refiere a que el <strong>Parlamento,<\/strong> la cabeza visible de la oligarqu\u00eda, <\/span><span style=\"font-size: 14pt;\">es consustancial en ambos casos al Estado de Derecho o Rechtsstaat.<\/span><\/p>\n<p style=\"text-align: justify;\"><span style=\"font-size: 14pt;\">Pero en <strong>Alemania<\/strong>, donde <strong>Bismarck<\/strong> lo llamaba despreciativamente \u201cl<em>a casa de <\/em><\/span><span style=\"font-size: 14pt;\"><em>las frases\u201d<\/em>, de hecho s\u00f3lo desde la <strong>Ley de Bonn<\/strong>, salvo el breve par\u00e9ntesis de <\/span><span style=\"font-size: 14pt;\">la entreguerra anterior a <strong>Hitler<\/strong>, bajo la Constituci\u00f3n de <strong>Weimar<\/strong>.<\/span><\/p>\n<p style=\"text-align: center;\"><strong><span style=\"color: #008000; font-size: 14pt;\">***<\/span><\/strong><\/p>\n<p style=\"text-align: justify;\"><span style=\"font-size: 14pt;\"><strong>29.-<\/strong> El Estado de <strong>Derecho<\/strong> es el \u201c<em>Leviat\u00e1n domado<\/em>\u201d, expresi\u00f3n con la <\/span><span style=\"font-size: 14pt;\">que titula <strong>E. Denninger<\/strong> un interesante libro <strong>(126)<\/strong>, por el liberalismo. La doma no <\/span><span style=\"font-size: 14pt;\">impide que la expresi\u00f3n \u201c<em>Estado de Derecho<\/em>\u201d sea un pleonasmo ingenuo, pues, <\/span><span style=\"font-size: 14pt;\">aparte de que el aparato estatal es el soporte ideal de la oligarqu\u00eda por el terror <\/span><span style=\"font-size: 14pt;\">que inspira su existencia debido a su solidez y su fuerza -\u00ab<em>non est potestas <\/em><\/span><span style=\"font-size: 14pt;\"><em>super terram, qua comparatur ei<\/em>\u00bb, dec\u00eda <strong>Hobbes-<\/strong>\u00a0<strong>(<\/strong><strong>127)<\/strong>, la experiencia demuestra <\/span><span style=\"font-size: 14pt;\">que todo <strong>Estado<\/strong>, incluidos el Sovi\u00e9tico, el <strong>Nacionalista<\/strong> y otros por el estilo, <\/span><span style=\"font-size: 14pt;\">s\u00f3lo puede existir y funcionar como <strong>Estado de Derecho<\/strong>. <\/span><\/p>\n<p style=\"text-align: justify;\"><span style=\"font-size: 14pt;\">La cr\u00edtica del pleonasmo <strong>(<\/strong><strong>128) <\/strong><\/span><span style=\"font-size: 14pt;\">ha comenzado a derribar el mito, o la supercher\u00eda, del Estado de Derecho <\/span><span style=\"font-size: 14pt;\">y se habla cada vez m\u00e1s del Estado Constitucional, como si cambiando el <\/span><span style=\"font-size: 14pt;\">nombre mejorase la cosa. \u201c<em>Estado Constitucional<\/em>\u201d presupone que la <strong>Constituci\u00f3n<\/strong> <\/span><span style=\"font-size: 14pt;\">expresa los valores sociales objetivos del momento, no los de la oligarqu\u00eda.<\/span><\/p>\n<p style=\"text-align: justify;\"><span style=\"font-size: 14pt;\">Dec\u00eda <strong>Hegel<\/strong> en La constituci\u00f3n de<strong> Alemania (129)<\/strong>: \u00ab<em>lo que ya no puede concebirse <\/em><\/span><em><span style=\"font-size: 14pt;\">ha dejado de existir\u00bb, pero \u00abla expresi\u00f3n sigue emple\u00e1ndose sobre todo con el <\/span><\/em><span style=\"font-size: 14pt;\"><em>fin de legitimar el poder pol\u00edtico y burocr\u00e1tico<\/em>\u00bb.<\/span><\/p>\n<p style=\"text-align: justify;\"><span style=\"font-size: 14pt;\">Por otra parte, hay que distinguir desde <strong>Hobbes<\/strong> entre el <strong>Estado<\/strong> y la <\/span><span style=\"font-size: 14pt;\"><strong>Sociedad<\/strong>, correspondi\u00e9ndole a la sociedad pol\u00edtica la mediaci\u00f3n entre ambos.<\/span><\/p>\n<p style=\"text-align: justify;\"><span style=\"font-size: 14pt;\">La sociedad pol\u00edtica, un concepto de <strong>Gramsci<\/strong>, la constituyen en principio <\/span><span style=\"font-size: 14pt;\">la burocracia y los partidos, definidos por <strong>von Stein<\/strong> como la v\u00eda por la <\/span><span style=\"font-size: 14pt;\">que la sociedad civil penetra en el Estado a trav\u00e9s de la representaci\u00f3n. Sin <\/span><span style=\"font-size: 14pt;\">embargo, con el tiempo, la sociedad pol\u00edtica se ha identificado con el <strong>Estado <\/strong><\/span><span style=\"font-size: 14pt;\">e, inversamente a su concepto, ha llegado a ser la v\u00eda por la que el <strong>Estado <\/strong><\/span><span style=\"font-size: 14pt;\">penetra en la sociedad civil en la medida en que los partidos, consensuados <\/span><span style=\"font-size: 14pt;\">entre s\u00ed a efectos de patrimonializar el <strong>Estado<\/strong>, colonizan la sociedad civil apoy\u00e1ndose <\/span><span style=\"font-size: 14pt;\">en la burocracia. Junto a otros organismos como los sindicatos, doctrinalmente <\/span><span style=\"font-size: 14pt;\">intermediarios, se han constitucionalizado de hecho o de derecho <\/span><span style=\"font-size: 14pt;\">como \u00f3rganos estatales, especialmente en el <strong>Estado de Partidos<\/strong>, que predomina <\/span><span style=\"font-size: 14pt;\">en <strong>Europa<\/strong>. Muchas cosas fundamentales dependen del grado en que la <\/span><span style=\"font-size: 14pt;\">sociedad pol\u00edtica est\u00e9 separada o no del<strong> Estado<\/strong>.<\/span><\/p>\n<p style=\"text-align: justify;\"><span style=\"font-size: 14pt;\">Los partidos son olig\u00e1rquicos internamente y cuando son de hecho o <\/span><span style=\"font-size: 14pt;\">de derecho \u00f3rganos estatales, se comportan olig\u00e1rquicamente frente a los respresentados, <\/span><span style=\"font-size: 14pt;\">pues en modo alguno son inmunes a la ley de hierro. Es un tema <\/span><span style=\"font-size: 14pt;\">muy estudiado a partir de <strong>Gaetano Mosca<\/strong> en 1884, <strong>Robert Michels<\/strong> en 1911, <\/span><span style=\"font-size: 14pt;\"><strong>Moisei Ostrogorski<\/strong> en 1912 <strong>(130)<\/strong>\u00a0y <strong>Wilfredo Pareto<\/strong> en 1917. Estos cuatro autores <\/span><span style=\"font-size: 14pt;\">pusieron en claro ese rasgo fundamental de los partidos y, sin insistir en ello, <\/span><span style=\"font-size: 14pt;\">la naturaleza trascendental de la oligarqu\u00eda, destacada en cambio por <strong>Fern\u00e1ndez <\/strong><\/span><span style=\"font-size: 14pt;\"><strong>de la Mora (131)<\/strong>. <\/span><\/p>\n<p style=\"text-align: justify;\"><span style=\"font-size: 14pt;\">A estos escritores podr\u00edan a\u00f1adirse <strong>Schumpeter, James Burnhan<\/strong>, <\/span><span style=\"font-size: 14pt;\">el historiador <strong>E. H. Carr,<\/strong> etc. Escribe este \u00faltimo: \u00ab<em>El Estado debe estar <\/em><\/span><em><span style=\"font-size: 14pt;\">basado, igual que otras sociedades, en alg\u00fan sentimiento de intereses comunes <\/span><span style=\"font-size: 14pt;\">y obligaciones entre sus miembros [el consenso social, que no es lo mismo <\/span><span style=\"font-size: 14pt;\">que el consenso pol\u00edtico que une a las oligarqu\u00edas separ\u00e1ndolas del pueblo]. <\/span><span style=\"font-size: 14pt;\">Pero la coerci\u00f3n es ejercida regularmente por un grupo gobernante para obligar <\/span><span style=\"font-size: 14pt;\">a la lealtad y a la obediencia y esta coerci\u00f3n supone inevitablemente que <\/span><span style=\"font-size: 14pt;\">los gobernantes controlan a los gobernados y les \u201cexplotan\u201d para sus propios <\/span><\/em><span style=\"font-size: 14pt;\"><em>prop\u00f3sitos<\/em>\u00bb <strong>(<\/strong><strong>132)<\/strong>.<\/span><\/p>\n<p style=\"text-align: center;\"><span style=\"font-size: 14pt;\"><strong><span style=\"color: #008000;\">***<\/span><\/strong><\/span><\/p>\n<p style=\"text-align: justify;\"><span style=\"font-size: 14pt;\"><strong>30.-<\/strong> El jurista pol\u00edtico <strong>Mosca<\/strong> afirmaba en sus <strong>Elementos<\/strong> de ciencia <\/span><span style=\"font-size: 14pt;\">pol\u00edtica (1884) que, en todas las formas de gobierno, el poder verdadero y real <\/span><span style=\"font-size: 14pt;\">reside en una minor\u00eda dirigente \u00ab<em>y aun admitiendo que el descontento de las <\/em><\/span><em><span style=\"font-size: 14pt;\">masas llegara a destronar a la clase dirigente, aparecer\u00eda necesariamente en el <\/span><span style=\"font-size: 14pt;\">seno de la masa misma otra minor\u00eda organizada que pasar\u00eda a desempe\u00f1ar el <\/span><span style=\"font-size: 14pt;\">oficio de dicha clase. De otro modo, ser\u00eda destruida toda organizaci\u00f3n y toda <\/span><\/em><span style=\"font-size: 14pt;\"><em>estructura social<\/em>\u00bb <strong>(<\/strong><strong>133)<\/strong>.<\/span><\/p>\n<p style=\"text-align: justify;\"><span style=\"font-size: 14pt;\">El soci\u00f3logo <strong>Pareto<\/strong> reiter\u00f3 la misma idea en su <em><strong>Tratado<\/strong> <strong>de sociolog\u00eda <\/strong><\/em><\/span><span style=\"font-size: 14pt;\"><em><strong>general<\/strong><\/em> (1917): \u00ab<em>con sufragio universal o sin \u00e9l, de hecho siempre gobierna una <\/em><\/span><span style=\"font-size: 14pt;\"><em>oligarqu\u00eda<\/em>\u00bb. A\u00f1adi\u00f3 empero a la clase pol\u00edtica, en la que distingui\u00f3 los <em>\u201czorros\u201d <\/em><\/span><span style=\"font-size: 14pt;\">de los \u201c<em>leones<\/em>\u201d utilizando la met\u00e1fora de <strong>Maquiavelo<\/strong>, las diversas \u00e9lites que <\/span><span style=\"font-size: 14pt;\">pululan inevitablemente en torno a ella. Al efecto, expuso una teor\u00eda muy interesante <\/span><span style=\"font-size: 14pt;\">sobre la vida de las \u00e9lites u oligarqu\u00edas, que acaban enroc\u00e1ndose, cristaliz\u00e1ndose; <\/span><span style=\"font-size: 14pt;\">devienen \u201c<strong><em>\u00e9lites extractivas<\/em><\/strong>\u201d, dice ahora <strong>Daron Acemoglu.<\/strong> <\/span><\/p>\n<p style=\"text-align: justify;\"><span style=\"font-size: 14pt;\">Cristalizadas, <\/span><span style=\"font-size: 14pt;\">confunden la sociedad pol\u00edtica con el <strong>Estado,<\/strong> separ\u00e1ndose de la <\/span><span style=\"font-size: 14pt;\">sociedad civil como si fuesen dos mundos distintos <strong>(<\/strong><strong>134)<\/strong>. La sociedad pol\u00edtica da <\/span><span style=\"font-size: 14pt;\">lugar entonces a lo que llama <strong>Garc\u00eda-Trevijano<\/strong> una \u201c<em>sociedad aparente<\/em>\u201d, como <\/span><span style=\"font-size: 14pt;\">es evidente en el caso del <strong>Estado de Partidos<\/strong> <strong>(135)<\/strong>. <\/span><\/p>\n<p style=\"text-align: justify;\"><span style=\"font-size: 14pt;\">En relaci\u00f3n con la democracia, <\/span><span style=\"font-size: 14pt;\">lleg\u00f3 <strong>Pareto<\/strong> a una conclusi\u00f3n pesimista parecida a la de <strong>Rousseau<\/strong>, quien <\/span><span style=\"font-size: 14pt;\">negaba <em>avant la lettre<\/em>, la imposibilidad de que el pueblo como un todo ejerza <\/span><span style=\"font-size: 14pt;\">la soberan\u00eda, uno de los grandes mitos modernos. Dec\u00eda <strong>Pareto<\/strong>: \u00ab<em>la democracia, <\/em><\/span><em><span style=\"font-size: 14pt;\">tomando el t\u00e9rmino en sentido estricto, ni ha existido ni existir\u00e1 jam\u00e1s. Es <\/span><span style=\"font-size: 14pt;\">contra el orden natural que gobierne el gran n\u00famero y que los pocos sean <\/span><\/em><span style=\"font-size: 14pt;\"><em>gobernados<\/em>\u00bb.<\/span><\/p>\n<p style=\"text-align: justify;\"><span style=\"font-size: 14pt;\">El pueblo como tal nunca ha sido soberano ni podr\u00e1 serlo m\u00e1s que <\/span><span style=\"font-size: 14pt;\">imaginativamente. La \u201c<em>soberan\u00eda<\/em>\u201d popular es un mito. A lo sumo, ser\u00e1 la mayor\u00eda <\/span><span style=\"font-size: 14pt;\">del pueblo a menos que se aplique la paradoja de la libertad. Y en todo <\/span><span style=\"font-size: 14pt;\">caso, la voluntad del pueblo es la de los pol\u00edticos influidos por los grupos de <\/span><span style=\"font-size: 14pt;\">inter\u00e9s, los lobistas profesionales y los activistas. Afirmar que debe ser el soberano <\/span><span style=\"font-size: 14pt;\">no quiere decir que lo sea; es incurrir en la \u201c<em>falacia naturalista<\/em>\u201d denunciada <\/span><span style=\"font-size: 14pt;\">por <strong>Moore<\/strong>. <\/span><\/p>\n<p style=\"text-align: justify;\"><span style=\"font-size: 14pt;\">Una prueba es que el mismo<strong> Rousseau<\/strong> formul\u00f3 para remediarlo, en <\/span><span style=\"font-size: 14pt;\">el <strong>Contrato<\/strong> <strong>social<\/strong>, la citada \u201c<em>paradoja de la libertad<\/em>\u201d, antecedente de la correcci\u00f3n <\/span><span style=\"font-size: 14pt;\">pol\u00edtica, que, como dec\u00eda <strong>E. J\u00fcnger (<\/strong><\/span><span style=\"font-size: 14pt;\"><strong>136)<\/strong>. lleva a emboscarse en el sistema a <\/span><span style=\"font-size: 14pt;\">quienes quieran permanecer libres. Pues, seg\u00fan esa c\u00e9lebre paradoja, se obliga <\/span><span style=\"font-size: 14pt;\">al discrepante a ser libre, dado que la perfecci\u00f3n de la m\u00edtica <em>volont\u00e9 g\u00e9n\u00e9rale<\/em>, <\/span><span style=\"font-size: 14pt;\">sugerida por la teolog\u00eda ocasionalista de <strong>Malebranche<\/strong>, radica en su uniformidad.<\/span><\/p>\n<p style=\"text-align: justify;\"><span style=\"font-size: 14pt;\">Quiz\u00e1 por ser una tesis imaginativa,<strong> Rousseau<\/strong> no dice nada sobre el modo <\/span><span style=\"font-size: 14pt;\">concreto de conseguirlo. Pero \u201c<em>las guerras del pueblo\u201d<\/em> de la revoluci\u00f3n francesa, <\/span><span style=\"font-size: 14pt;\">fueron ya posibles gracias a la conscripci\u00f3n forzosa. Otro mito de la <\/span><span style=\"font-size: 14pt;\">democracia es su pacifismo. El pacifismo democr\u00e1tico es siempre contra algo <\/span><span style=\"font-size: 14pt;\">o alguien, como se ve paladinamente todos los d\u00edas.<\/span><\/p>\n<p style=\"text-align: center;\"><span style=\"font-size: 14pt;\"><strong><span style=\"color: #008000;\">***<\/span><\/strong><\/span><\/p>\n<p style=\"text-align: justify;\"><span style=\"font-size: 14pt;\"><strong>31.-<\/strong> En conclusi\u00f3n, el gobierno perfecto, el r\u00e9gimen perfecto, la <strong>Constituci\u00f3n <\/strong><\/span><span style=\"font-size: 14pt;\">perfecta, la Ciudad ideal, que es el fin de la religi\u00f3n democr\u00e1tica como <\/span><span style=\"font-size: 14pt;\">trasunto pol\u00edtico de la <strong>Civitas Dei agustiniana<\/strong>, es imposible a causa de la ley <\/span><span style=\"font-size: 14pt;\">de hierro, de la que quiere escaparse el pensamiento ut\u00f3pico, un modo de <\/span><span style=\"font-size: 14pt;\">pensamiento de mal gusto, dec\u00eda Jouvenel, puesto que elude la realidad. En virtud <\/span><span style=\"font-size: 14pt;\">de esa ley, ni siquiera pueden postularse como futuribles. La obstinaci\u00f3n <\/span><span style=\"font-size: 14pt;\">en conseguirlo pertenece a la que llamaba <strong>Michael Oakeshott<\/strong> la pol\u00edtica de la <\/span><span style=\"font-size: 14pt;\">fe <strong>(<\/strong><strong>137)<\/strong>, cuya \u00faltima ocurrencia es cambiar la naturaleza humana, el meollo de la <\/span><span style=\"font-size: 14pt;\">\u201c<em>cuesti\u00f3n antropol\u00f3gica<\/em>\u201d suscitada por fan\u00e1ticos de la religi\u00f3n democr\u00e1tica.<\/span><\/p>\n<p style=\"text-align: justify;\"><span style=\"font-size: 14pt;\">La pol\u00edtica realista es la que el mismo pensador llamaba la pol\u00edtica del <\/span><span style=\"font-size: 14pt;\">escepticismo, o, parodiando al relativista postmoderno <strong>Zagrebelsky<\/strong>, la pol\u00edtica de <\/span><span style=\"font-size: 14pt;\">la duda <strong>(<\/strong><strong>138)<\/strong>. <\/span><\/p>\n<p style=\"text-align: justify;\"><span style=\"font-size: 14pt;\">Como la ley de hierro de la oligarqu\u00eda es trascendente e inexorable al <\/span><span style=\"font-size: 14pt;\">ser una ley de la naturaleza humana, los problemas pol\u00edticos no tienen soluci\u00f3n: <\/span><span style=\"font-size: 14pt;\">s\u00f3lo cabe el compromiso <strong>(139)<\/strong>. Las \u201c<em>solucione<\/em>s\u201d de problemas pol\u00edticos son impol\u00edticas <\/span><span style=\"font-size: 14pt;\">o antipol\u00edticas, pues, en el mejor caso, el de las dictaduras comisarias, no <\/span><span style=\"font-size: 14pt;\">son propiamente pol\u00edticas, en tanto cualquier forma de dictadura presupone la <\/span><span style=\"font-size: 14pt;\">puesta entre par\u00e9ntesis de la libertad pol\u00edtica. Mas, precisamente por esto, la dictadura <\/span><span style=\"font-size: 14pt;\">es tan intensamente pol\u00edtica, que sus decisiones para poner fin a la situaci\u00f3n <\/span><span style=\"font-size: 14pt;\">excepcional alteran el orden jur\u00eddico. Por ejemplo, frenando manu militari <\/span><span style=\"font-size: 14pt;\">a la oligarqu\u00eda o reconduci\u00e9ndola hacia el bien com\u00fan o el inter\u00e9s general.<\/span><\/p>\n<p style=\"text-align: justify;\"><span style=\"font-size: 14pt;\">El \u00fanico remedio normal frente a la oligarqu\u00eda, m\u00e1s bien un paliativo, <\/span><span style=\"font-size: 14pt;\">es la pol\u00edtica del justo medio (<em>el mesot\u00e9s de <strong>Arist\u00f3teles<\/strong><\/em>), que suscita cierto optimismo <\/span><span style=\"font-size: 14pt;\">dentro del pesimismo esc\u00e9ptico: que la libertad pol\u00edtica de la democracia, <\/span><span style=\"font-size: 14pt;\">la mayor\u00eda, limite el poder de las oligarqu\u00edas \u2014las minor\u00edas\u2014 mediante el <\/span><span style=\"font-size: 14pt;\">peso de los n\u00fameros por dos medios: controlando a los representantes y a la <\/span><span style=\"font-size: 14pt;\">sociedad pol\u00edtica y promocionando electoralmente la movilidad pol\u00edtica y social <\/span><span style=\"font-size: 14pt;\">que impida la cristalizaci\u00f3n de la sociedad pol\u00edtica y de las \u00e9lites en castas. <\/span><span style=\"font-size: 14pt;\"><strong>Montesquieu<\/strong>, otro t\u00edpico representante de la tradici\u00f3n del <em>juste milieu<\/em> <strong>(<\/strong><strong>140)<\/strong>, a\u00f1adi\u00f3 <\/span><span style=\"font-size: 14pt;\">la divisi\u00f3n del poder mediante la tajante separaci\u00f3n de las tres potestades <\/span><span style=\"font-size: 14pt;\">supremas seg\u00fan la conocida f\u00f3rmula le <em>pouvoir arr\u00eate le pouvoir<\/em> <strong>(<\/strong><strong>141)<\/strong>, y la existencia <\/span><span style=\"font-size: 14pt;\">de poderes sociales en la sociedad civil libres e independientes, institucionalizados <\/span><span style=\"font-size: 14pt;\">como formas de autogobierno intermediarias entre ella y el poder <\/span><span style=\"font-size: 14pt;\">pol\u00edtico <strong>(<\/strong><strong>142)<\/strong>.<\/span><\/p>\n<p style=\"text-align: center;\"><span style=\"font-size: 14pt; color: #008000;\"><strong>***<\/strong><\/span><\/p>\n<p style=\"text-align: justify;\"><span style=\"font-size: 14pt;\"><strong>32.-<\/strong> La democracia pol\u00edtica, si es en verdad pol\u00edtica, presupone la igualdad <\/span><span style=\"font-size: 14pt;\">de todos ante la ley, la separaci\u00f3n de los poderes en su origen (<em>no en el <\/em><\/span><span style=\"font-size: 14pt;\"><em>Estado o Gobierno<\/em>) <strong>(143)<\/strong>, decisiva en la democracia moderna como observaron <\/span><span style=\"font-size: 14pt;\">los autores norteamericanos de El federalista <strong>(<\/strong><strong>144)<\/strong>, y la representaci\u00f3n como ejercitaci\u00f3n <\/span><span style=\"font-size: 14pt;\">de la libertad pol\u00edtica -que no se reduce obviamente al derecho a <\/span><span style=\"font-size: 14pt;\">votar-, garantizada mediante leyes que presupongan esa separaci\u00f3n. Sin <\/span><span style=\"font-size: 14pt;\">embargo, sobre todo all\u00ed donde reina el parlamentarismo, la igualdad de todos <\/span><span style=\"font-size: 14pt;\">ante la ley est\u00e1 falsificada por la ingente cantidad de leyes y medidas que pri<\/span><span style=\"font-size: 14pt;\">vilegian continuamente a unos en detrimento de otros, la divisi\u00f3n de poderes <\/span><span style=\"font-size: 14pt;\">es ilusoria porque el <strong>Parlamento<\/strong> depende del ejecutivo y la representaci\u00f3n es <\/span><span style=\"font-size: 14pt;\">nula dado que se proh\u00edbe el mandato imperativo, la libertad de controlar directamente <\/span><span style=\"font-size: 14pt;\">los representados a los representantes. <em><strong>Prevalece en cambio el sistema <\/strong><\/em><\/span><span style=\"font-size: 14pt;\"><em><strong>electoral proporcional, caldo de cultivo de la partidocracia<\/strong><\/em>. Este sistema es el <\/span><span style=\"font-size: 14pt;\">que conviene a las oligarqu\u00edas, pues, como advirti\u00f3 el mismo <strong>Rousseau<\/strong>, \u00ab<em>en el <\/em><\/span><em><span style=\"font-size: 14pt;\">instante en que un pueblo se da representantes, ya no es libre; no lo es en <\/span><\/em><span style=\"font-size: 14pt;\"><em>absoluto<\/em>\u00bb.<\/span><\/p>\n<p style=\"text-align: center;\"><span style=\"font-size: 18pt;\"><strong>FIN<\/strong><\/span><\/p>\n<p>&nbsp;<\/p>\n<p><img loading=\"lazy\" decoding=\"async\" class=\"aligncenter wp-image-2232594 size-full\" src=\"https:\/\/puntocritico.com\/ausajpuntocritico\/wp-content\/uploads\/2021\/11\/Leviatan-el-monstruo-de-Hobbes.jpg\" alt=\"LA LEY DE HIERRO DE LA OLIGARQU\u00cdA\" width=\"680\" height=\"452\" data-id=\"2232594\" srcset=\"https:\/\/puntocritico.com\/ausajpuntocritico\/wp-content\/uploads\/2021\/11\/Leviatan-el-monstruo-de-Hobbes.jpg 680w, https:\/\/puntocritico.com\/ausajpuntocritico\/wp-content\/uploads\/2021\/11\/Leviatan-el-monstruo-de-Hobbes-300x199.jpg 300w, https:\/\/puntocritico.com\/ausajpuntocritico\/wp-content\/uploads\/2021\/11\/Leviatan-el-monstruo-de-Hobbes-610x405.jpg 610w, https:\/\/puntocritico.com\/ausajpuntocritico\/wp-content\/uploads\/2021\/11\/Leviatan-el-monstruo-de-Hobbes-678x452.jpg 678w\" sizes=\"auto, (max-width: 680px) 100vw, 680px\" \/><\/p>\n<p style=\"text-align: center;\"><strong><span style=\"color: #008000; font-size: 18pt;\">*******<\/span><\/strong><\/p>\n<blockquote>\n<p style=\"text-align: center;\"><span style=\"font-size: 18pt;\"><strong>CITAS:<\/strong><\/span><\/p>\n<p style=\"text-align: justify;\"><span style=\"font-size: 14pt;\"><strong>70.<\/strong> Op. loc. cit., p. 47. Una dificultad es el car\u00e1cter confuso de la \u00e9lite dominante, cuando la forma de gobierno <\/span><span style=\"font-size: 14pt;\">no es claramente olig\u00e1rquica (<em>obviamente, procura ocultarlo<\/em>).<\/span><\/p>\n<p style=\"text-align: justify;\"><span style=\"font-size: 14pt;\"><strong>71<\/strong>. Op. cit. 7, p. 151.<\/span><\/p>\n<p style=\"text-align: justify;\"><span style=\"font-size: 14pt;\"><strong>72<\/strong>. <em>El poder, el Estado, la libertad. La fr\u00e1gil constituci\u00f3n de la sociedad libre<\/em>. Madrid, Uni\u00f3n Editorial 2009. <\/span><span style=\"font-size: 14pt;\">Concl., p. 332. Salvo error, a pesar del objeto del libro, la palabra oligarqu\u00eda no aparece ni una sola vez.<\/span><\/p>\n<p style=\"text-align: justify;\"><span style=\"font-size: 14pt;\"><strong>73<\/strong>. Cf. <strong>V. Sorrentino<\/strong>, op. cit. 3, pp. 119 y ss.<\/span><\/p>\n<p style=\"text-align: justify;\"><span style=\"font-size: 14pt;\"><strong>74. Camille Desmoulins<\/strong> escribi\u00f3 en oto\u00f1o 1793: \u00ab<em>Se ha dicho que para prosperar en un pa\u00eds absoluto era un gran <\/em><\/span><span style=\"font-size: 14pt;\"><em>m\u00e9rito ser mediocre. Veo que esto puede ser verdad en los pa\u00edses republicanos<\/em>\u00bb. Pero la democracia no favorece s\u00f3lo el <\/span><span style=\"font-size: 14pt;\">protagonismo pol\u00edtico de los mediocres, sino el de los audaces, resentidos, ignorantes, tontos, dementes y tarados, desalmados, <\/span><span style=\"font-size: 14pt;\">etc.; el <em><strong>Lumpenproletariat<\/strong> <\/em>dec\u00eda <strong>Marx<\/strong>, aunque muchos procedan de las clases altas y educadas.<\/span><\/p>\n<p style=\"text-align: justify;\"><span style=\"font-size: 14pt;\"><strong>75<\/strong>. <em>Pol\u00edtica<\/em> (ed. de S. Rus Rufino). Madrid, Tecnos 2011. V, 1312 b), p. 385. Sobre la interpretaci\u00f3n aristot\u00e9lica <\/span><span style=\"font-size: 14pt;\">de la palabra tiran\u00eda, <strong>\u00c1 d&#8217;Ors<\/strong>,<\/span><\/p>\n<p style=\"text-align: justify;\"><span style=\"font-size: 14pt;\"><strong>76.<\/strong> Vid. A. Andrewes, The Greek Tyrants. Londres, Hutchinson University 1969.<\/span><\/p>\n<p style=\"text-align: justify;\"><span style=\"font-size: 14pt;\"><strong>77.<\/strong> Fue quiz\u00e1s <strong>Alcme\u00f3n de Crotona<\/strong> el primero en apelar a la medicina. Vid. F. Heinimann, op. cit. IV, 2, p. 174.<\/span><\/p>\n<p style=\"text-align: justify;\"><span style=\"font-size: 14pt;\"><strong>78.<\/strong> Es muy interesante esta observaci\u00f3n de <strong>Strauss<\/strong>: \u00ab<em><strong>Tuc\u00eddides<\/strong>, el historiador, estaba obligado a dejar que el <strong>Pericles<\/strong> <\/em><\/span><em><span style=\"font-size: 14pt;\">de su obra elogiase a Atenas. Pero hizo todo lo que pudo para impedir que se confundiera la Oraci\u00f3n f\u00fanebre de Pericles <\/span><\/em><span style=\"font-size: 14pt;\"><em>con un elogio de la propia Atenas<\/em>\u00bb. <em>La ciudad y los hombres<\/em>. III,1, p. 205. <strong>Tuc\u00eddides<\/strong> era partidario de la pol\u00edtica fundada <\/span><span style=\"font-size: 14pt;\">en la libertad pol\u00edtica, no de la democracia, anacr\u00f3nicamente, podr\u00eda decirse que fue un liberal.<\/span><\/p>\n<p style=\"text-align: justify;\"><span style=\"font-size: 14pt;\"><strong>79.<\/strong> \u00ab<em>En su aristocr\u00e1tica independencia<\/em>, escribe <strong>C. M. Bowra<\/strong>, <em>sigui\u00f3 la pol\u00edtica que consideraba justa, y en vez <\/em><\/span><em><span style=\"font-size: 14pt;\">de anticiparse a los deseos del pueblo, intentaba primero infundir en ellos sus propios principios. Esto reflejaba su integridad <\/span><span style=\"font-size: 14pt;\">moral, de la que su famosa incorruptibilidad en asuntos de dinero era un ejemplo m\u00e1s. Conserv\u00f3 en una \u00e9poca democr\u00e1tica <\/span><span style=\"font-size: 14pt;\">un alto desapasionamiento que ten\u00eda visos de una sociedad m\u00e1s selecta. Esto marca casi todo lo que de \u00e9l conocemos <\/span><\/em><span style=\"font-size: 14pt;\"><em>y lo distingue decisivamente de los que le sucedieron en la direcci\u00f3n de los destinos de Atenas<\/em>\u00bb. <em><strong>La Atenas de Pericles<\/strong><\/em>. <\/span><span style=\"font-size: 14pt;\">Madrid, Alianza 1970. 4, p.67.<\/span><\/p>\n<p style=\"text-align: justify;\"><span style=\"font-size: 14pt;\"><strong>80<\/strong>. Vid. <strong>\u00c1. d&#8217;Ors<\/strong>, \u201c<em>El no-estatismo de Roma<\/em>\u201d.<\/span><\/p>\n<p style=\"text-align: justify;\"><span style=\"font-size: 14pt;\"><strong>81<\/strong>. Vid. <strong>R. Domingo<\/strong>, Teor\u00eda de la \u201c<em>auctoritas<\/em>\u201d. Pamplona, Eunsa 1987. I, 3, a), p. 86 y ss.<\/span><\/p>\n<p style=\"text-align: justify;\"><span style=\"font-size: 14pt;\"><strong>82.<\/strong> Es fundamental la distinci\u00f3n entre <em><strong>dictadura comisaria<\/strong><\/em> \u2014para resolver la situaci\u00f3n y proteger las libertades civiles <\/span><span style=\"font-size: 14pt;\">y personales (<em>que no obstante quedan m\u00e1s o menos mermadas seg\u00fan los casos<\/em>), y la <em><strong>dictadura<\/strong> <strong>revolucionaria<\/strong><\/em>, cuya finalidad <\/span><span style=\"font-size: 14pt;\">es cambiar la sociedad, por lo que no distingue las formas de las libertades. Para todo esto, <strong>C. Schmitt<\/strong>, <em>La dictadura. Desde <\/em><\/span><span style=\"font-size: 14pt;\"><em>los comienzos del pensamiento moderno de la soberan\u00eda hasta la lucha de clases proletaria<\/em>. Madrid, Revista de Occidente 1968.<\/span><\/p>\n<p style=\"text-align: justify;\"><span style=\"font-size: 14pt;\"><strong>83.<\/strong> Vid. por ejemplo, <strong>G. Hermet<\/strong>, <em>El pueblo contra la democracia<\/em>. Madrid, Instituto de Estudios Econ\u00f3micos 1989.<\/span><\/p>\n<p style=\"text-align: justify;\"><span style=\"font-size: 14pt;\"><strong>84.<\/strong> Vid. <strong>L. Strauss<\/strong>, <em>Meditaci\u00f3n sobre Maquiavelo<\/em>. Madrid, Instituto de Estudios Pol\u00edticos, 1964.<\/span><\/p>\n<p style=\"text-align: justify;\"><span style=\"font-size: 14pt;\"><strong>85.<\/strong> Sin perjuicio de lo que dice <strong>Schmitt<\/strong>, cf.. <strong>N. Henshall<\/strong>, <em>The Myth of Absolutism. Change and Continuity in Early <\/em><\/span><span style=\"font-size: 14pt;\"><em>Modern European Monarchy<\/em> (Nueva York, Longman Publishing 1992). R. G. Asch\/H. Durchhardt (eds.), El absolutismo <\/span><span style=\"font-size: 14pt;\">(1550-1700), \u00bfUn mito? Revisi\u00f3n de un concepto historiogr\u00e1fico clave. Barcelona, IdeaBooks 2000.<\/span><\/p>\n<p style=\"text-align: justify;\"><span style=\"font-size: 14pt;\"><strong>86.<\/strong> Cf. <strong>D. Negro<\/strong>, <em>Historia de las formas del Estado<\/em>.<\/span><\/p>\n<p style=\"text-align: justify;\"><span style=\"font-size: 14pt;\"><strong>87.<\/strong> <strong>Loewenstein<\/strong> ofrece una clasificaci\u00f3n sociol\u00f3gica, no pol\u00edtica, de los tipos de reg\u00edmenes, distinguiendo entre <\/span><span style=\"font-size: 14pt;\">tipos de gobierno autocr\u00e1ticos y democr\u00e1tico constitucionales. Divide los autocr\u00e1ticos en autoritarios y totalitarios. Op. cit., <\/span><span style=\"font-size: 14pt;\">III y IV.<\/span><\/p>\n<p style=\"text-align: justify;\"><span style=\"font-size: 14pt;\"><strong>88<\/strong>. <em>Politique et impolitique<\/em>. Par\u00eds, Fayard 1987.<\/span><\/p>\n<p style=\"text-align: justify;\"><span style=\"font-size: 14pt;\"><strong>89<\/strong>. <em>El gentil monstruo de Bruselas o Europa bajo tutela<\/em>. Barcelona, Anagrama 2011.<\/span><\/p>\n<p style=\"text-align: justify;\"><span style=\"font-size: 14pt;\"><strong>90<\/strong>. <em>L&#8217;oligarchie \u00e7a suffit, vive la d\u00e9mocratie<\/em>. Par\u00eds, \u00c9ditions du Seuil 2011.<\/span><\/p>\n<p style=\"text-align: justify;\"><span style=\"font-size: 14pt;\"><strong>91<\/strong>. La Uni\u00f3n Europea ha derivado en una suerte de confederaci\u00f3n o sindicato de las oligarqu\u00edas nacionales, que, <\/span><span style=\"font-size: 14pt;\">para afrontar la crisis financiera y moral provocada por ellas, funciona como una sociedad de socorros mutuos para sostener <\/span><span style=\"font-size: 14pt;\">a los gobiernos sindicados. Bastantes de ellos han convertido el Estado en un centro de negocios de los oligarcas y de <\/span><span style=\"font-size: 14pt;\">explotaci\u00f3n legal del resto. La crisis actual lo est\u00e1 poniendo en evidencia.<\/span><\/p>\n<p style=\"text-align: justify;\"><span style=\"font-size: 14pt;\"><strong>92<\/strong>. Cf. <strong>\u00c1. d&#8217;Ors<\/strong>, <em>Forma de gobierno y legitimidad familiar<\/em>. Madrid, Ateneo 1960. El razonamiento de <strong>d&#8217;Ors<\/strong> sobre la <em>Monarqu\u00eda hereditaria<\/em>, puede aplicarse igualmente a la <em>Oligarqu\u00eda<\/em>, que ser\u00eda m\u00e1s antigua que la palabra <em>Aristocracia<\/em>.<\/span><\/p>\n<p style=\"text-align: justify;\"><span style=\"font-size: 14pt;\"><strong>93<\/strong>. Conforme al razonamiento de <strong>d&#8217;Ors<\/strong>, <em>Monarqu\u00eda<\/em> y <em>Oligarqu\u00eda<\/em> ser\u00edan modos originarios de designar las formas del gobierno. <em>Oligarqu\u00eda<\/em> significar\u00eda el gobierno de los poderosos en tanto propietarios, se\u00f1ores naturales en el sentido de la palabra alemana <em>Herrschaft<\/em>, hasta que se transformaron en dominadores basados en el poder en el sentido de <strong>Macht<\/strong>.<\/span><\/p>\n<p style=\"text-align: justify;\"><span style=\"font-size: 14pt;\"><strong>94.<\/strong> Vid. <strong>C. Schmitt<\/strong>, \u201c<em>Coloquio sobre el poder<\/em>&#8230; \u201d.<\/span><\/p>\n<p style=\"text-align: justify;\"><span style=\"font-size: 14pt;\"><strong>95.<\/strong> <em>La partitocracia<\/em>. Madrid, Instituto de Estudios Pol\u00edticos 1977. I, 5, p. 83 y I, 4, B), p 83.<\/span><\/p>\n<p style=\"text-align: justify;\"><span style=\"font-size: 14pt;\"><strong>96.<\/strong> Sobre el <em>\u00eathos<\/em> \u2014el car\u00e1cter o la personalidad colectiva\u2014 como el lugar donde verdaderamente mora, habita, reside el hombre, <strong>J.L.L. Aranguren<\/strong>, <em>\u00c9tica<\/em>. Madrid, <em><strong>Revista de Occidente<\/strong><\/em> 1959. II. <strong>M. Granell<\/strong>, <em>La vecindad humana. Fundamentaci\u00f3n de la Etholog\u00eda<\/em>. Madrid, <em><strong>Revista de Occidente<\/strong><\/em> 1969.<\/span><\/p>\n<p style=\"text-align: justify;\"><span style=\"font-size: 14pt;\"><strong>97.<\/strong> \u00ab<em>En el interior de la sociedad<\/em>, dec\u00eda <strong>Gramsci<\/strong>, <em>se verifica lo que llamaba <strong>Croce<\/strong> \u201cel perpetuo conflicto entre la Iglesia y el Estado\u201d, en el que <strong>Iglesia<\/strong> viene a representar la sociedad civil en su conjunto&#8230;y el <strong>Estado<\/strong> representa [como sociedad pol\u00edtica] todos los intentos de cristalizar permanentemente una determinada fase de desarrollo, una determinada situaci\u00f3n<\/em>\u00bb. <em>La pol\u00edtica y el Estado moderno<\/em>. Barcelona, Planeta 1985. II, p. 158. La Iglesia no representa ya a la sociedad civil, controlada por el Estado, al que en cierto modo, seducida por la democracia, se la ha entregado.<\/span><\/p>\n<p style=\"text-align: justify;\"><span style=\"font-size: 14pt;\"><strong> 98.<\/strong> <strong>Gramsci<\/strong> vinculaba la cultura al sentido com\u00fan, que determina \u00ab<em>el nivel de cultural de las masas<\/em>\u00bb. \u00ab<em>Es la filosof\u00eda de los no fil\u00f3sofos, la concepci\u00f3n del mundo absorbida acr\u00edticamente por los distintos ambientes sociales y culturales en que se desarrolla la individualidad moral del hombre<\/em>\u00bb. Cit. en <strong>G. Moget<\/strong>,\u201d<em>La concepci\u00f3n de la cultura en <strong>Gramsci<\/strong><\/em>\u201d. <strong>P. Togliatti, C. Luporini, G. della Volpe<\/strong> y otros, <em>Gramsci y el marxismo<\/em>. Buenos Aires, Proteo 1985. Pp. 120-121. Para <strong>Gramsci<\/strong> era fundamental la dominaci\u00f3n o control del sentido com\u00fan por los \u201c<em>intelectuales org\u00e1nicos<\/em>\u201d a fin de conseguir la \u201c<em>hegemon\u00eda<\/em>\u201d cultural en la sociedad civil, origen y causa de la sociedad pol\u00edtica.<\/span><\/p>\n<p style=\"text-align: justify;\"><span style=\"font-size: 14pt;\"><strong>99.<\/strong> <em>Escritos pol\u00edticos<\/em>. Madrid, Uni\u00f3n Editorial 1975. 3. \u00ab<em>Incluso el poder m\u00e1s omn\u00edmodo y colosal quebrar\u00eda en pocos instantes y sus m\u00e1s eficaces e imponentes instrumentos quedar\u00edan autom\u00e1ticamente reducidos a la nada, si por un momento todos sus s\u00fabditos, todos sus fieles subordinados, decidieran espont\u00e1nea y un\u00e1nimemente negarle obediencia<\/em>\u00bb. <strong>G. Ferrero<\/strong>, <em>El Poder<\/em>. 8, p. 87. Por eso, escribe <strong>Ferrero<\/strong> en otro lugar, \u00ab<em>si los hombres temen siempre al poder al que est\u00e1n sometidos, tambi\u00e9n el poder que les somete teme siempre a la colectividad sobre la que impera<\/em>\u00bb. 4, p. 41. Sobre la obediencia pol\u00edtica, <strong>J. Freund<\/strong>, <em>La esencia de lo Pol\u00edtico<\/em>. Madrid, Ed. Nacional 1969. <\/span><\/p>\n<p style=\"text-align: justify;\"><span style=\"font-size: 14pt;\"><strong>100.<\/strong> <strong>Whitehead<\/strong> destacaba la importancia de Rep\u00fablica, diciendo que todo \u00a0el pensamiento occidental es una serie de notas a pi\u00e9 de p\u00e1gina de esa obra de <strong>Plat\u00f3n<\/strong>. Sobre quien fue el primer fil\u00f3sofo pol\u00edtico hay qui\u00e9nes opinan, siguiendo a <strong>Cicer\u00f3n<\/strong>, que fue <strong>S\u00f3crates<\/strong>; <strong>Arist\u00f3teles<\/strong> dec\u00eda que el planificador <strong>Hippodamo de Mileto<\/strong> y <strong>Strauss<\/strong> que fue <strong>Arist\u00f3teles<\/strong>, \u201c<em>el descubridor de la virtud moral<\/em>\u201d. Vid. <em>La ciudad y los hombres<\/em>, I.<\/span><\/p>\n<p style=\"text-align: justify;\"><span style=\"font-size: 14pt;\"><strong>101.<\/strong> Vid. <strong>D. Frede<\/strong>, \u201c<em>Platon, Popper und der Historizismus<\/em>\u201d. En <strong>E. Rudolph<\/strong> (Ed.) <em>Polis un Kosmos<\/em>.<\/span><\/p>\n<p style=\"text-align: justify;\"><span style=\"font-size: 14pt;\"><strong>102.<\/strong> La <em>auctoritas<\/em> se refiere al saber y para los antiguos, la <em>physis<\/em>, la Naturaleza, cuya esencia es lo divino, era la autoridad originaria. De ah\u00ed los <em>or\u00e1culos<\/em> y los <em>augures<\/em> y, en contraposici\u00f3n la figura plat\u00f3nica del <em>fil\u00f3sofo<\/em> <em>rey<\/em>. En las culturas <em>monote\u00edstas<\/em> (<em>juda\u00edsmo, cristianismo, islam<\/em>), <em>Dios<\/em> es la <em>auctoritas<\/em> <em>suprema<\/em>, que en <em>\u00c9l<\/em> se identifica con el poder. En el cristianismo, la <em>auctoritas<\/em> corresponde a la Iglesia, siendo el papa, <em>vicarium<\/em> <em>Christi<\/em>, la <em>auctoritas<\/em> suprema terrenal en la cat\u00f3lica. En el cristianismo protestante la <em>auctoritas<\/em> est\u00e1 unida a la <em>potestas<\/em> temporal.<\/span><\/p>\n<p style=\"text-align: justify;\"><span style=\"font-size: 14pt;\"><strong>103.<\/strong> Op. cit.. pp. 61-62.<\/span><\/p>\n<p style=\"text-align: justify;\"><span style=\"font-size: 14pt;\"><strong>104.<\/strong> Vid. <strong>E. Gallego<\/strong>, <em>Sabidur\u00eda cl\u00e1sica y libertad pol\u00edtica. La idea de Constituci\u00f3n mixta de monarqu\u00eda, aristocracia y democracia en el pensamiento occidental<\/em>. Madrid, Ciudadela 2009.<\/span><\/p>\n<p style=\"text-align: justify;\"><span style=\"font-size: 14pt;\">105. Sobre estos precedentes, M. J- C- Vile, Constitutionalism and the Separation of Powers. Indianapolis, Liberty Fund 1998. II y III.<\/span><\/p>\n<p style=\"text-align: justify;\"><span style=\"font-size: 14pt;\"><strong>106.<\/strong> Esto no impidi\u00f3 que los continentales admirasen la forma de gobierno inglesa a partir de la llamada \u201c<em>revoluci\u00f3n gloriosa<\/em>\u201d por la historiograf\u00eda <em>whig<\/em>, <strong>Macauley<\/strong> estableci\u00f3 que fue una revoluci\u00f3n \u201c<em>conservadora<\/em>\u201d. En realidad, esa revoluci\u00f3n gloriosa consagr\u00f3 la oligarqu\u00eda como la forma del gobierno, tal como previ\u00f3 <strong>Hobbes<\/strong> y criticaron el propio <strong>Hume<\/strong> y luego <strong>Bentham<\/strong> y <strong>Coleridge<\/strong> entre otros. El historiador <strong>Steve Pincus<\/strong> se aparta recientemente de la historiograf\u00eda whig en 1688. <em>La primera revoluci\u00f3n moderna<\/em> (Barcelona, El Acantilado 2013). Sostiene que fue la primera y aut\u00e9ntica revoluci\u00f3n moderna antes que la francesa; es decir, una revoluci\u00f3n olig\u00e1rquica.<\/span><\/p>\n<p style=\"text-align: justify;\"><span style=\"font-size: 14pt;\"><strong>107.<\/strong> \u00ab<em>Lo cierto es<\/em>, dec\u00eda <strong>Francisco Javier Conde<\/strong> en 1952, <em>que uno de los instrumentos m\u00e1s manejables es el hombre mismo. La prensa, la radio, la televisi\u00f3n, la maquinaria de los partidos las drogas, el ej\u00e9rcito, la f\u00e1brica, el cine [no exist\u00eda todav\u00eda internet], son instrumentos con los que el hombre ejerce poder sobre los dem\u00e1s. Es una nueva manera de apoderamiento<\/em>\u00bb, conclu\u00eda pesimista, que \u00ab<em>alcanza a zonas m\u00e1s profundas del hombre, casi se dir\u00eda que toca al hond\u00f3n mismo de la persona. No es s\u00f3lo, explicaba, que los nuevos saberes y t\u00e9cnicas hayan acrecido el poder de dominaci\u00f3n, lo han cambiado cualitativamente. A ese cambio cualitativo responde el modo totalmente nuevo como el hombre actual siente en s\u00ed mismo el apoderamiento<\/em>\u00bb. Un poco m\u00e1s adelante aclara que se trata de \u00ab<em><strong>un nuevo tipo de obediencia: la obediencia como sumisi\u00f3n<\/strong><\/em>\u00bb. <em>Escritos y fragmentos pol\u00edticos<\/em> II. Madrid, Instituto de Estudios Pol\u00edticos 1974. \u201c<em>Las elites pol\u00edticas en la sociedad contempor\u00e1nea<\/em>\u201d, pp. 153 y 155.<\/span><\/p>\n<p style=\"text-align: justify;\"><span style=\"font-size: 14pt;\"><strong>108<\/strong>. Hablando de la hegemon\u00eda de la sociedad civil, dec\u00eda <strong>Gramsci<\/strong>: \u00ab<em>La divisi\u00f3n de los poderes y toda la discusi\u00f3n habida para su realizaci\u00f3n y la dogm\u00e1tica jur\u00eddica nacida con su instauraci\u00f3n, son el resultado de la lucha entre la sociedad civil y la sociedad pol\u00edtica de un determinado per\u00edodo hist\u00f3rico, con un cierto equilibrio inestable de las clases, determinado por el hecho de que ciertas categor\u00edas de intelectuales (al servicio directo del Estado, especialmente la burocracia civil y militar) est\u00e1n todav\u00eda ligadas a las viejas clases dominantes<\/em>\u00bb. Op. cit., p. 158.<\/span><\/p>\n<p style=\"text-align: justify;\"><span style=\"font-size: 14pt;\"><strong>109.\u00a0<\/strong> \u00ab<em>Quien quiere bien al individuo, debe impedir las instancias todopoderosas, debe por tanto cultivar su divisi\u00f3n: la divisi\u00f3n de poderes<\/em>\u00bb. <em>Individuo y divisi\u00f3n de poderes<\/em>. Estudios filos\u00f3ficos. Madrid, Trotta 2012, p. 62. No obstante, en la esfera pol\u00edtica es imposible dividir el poder. El poder pol\u00edtico, que es el ejecutivo, es indivisible. El quid de la cuesti\u00f3n consiste en separar los poderes all\u00ed donde est\u00e1n reunidos en virtud de la doctrina pol\u00edtica-jur\u00eddica de la soberan\u00eda de <strong>Bodino<\/strong> o por cualquiera otra causa. Es decir, devolver el Derecho al pueblo, &#8230; lo que implica restaurarlo y suprimir la Legislaci\u00f3n&#8230;; la cuesti\u00f3n de si el llamado poder legislativo no es una ficci\u00f3n sumamente \u00fatil para el poder y perjudicial para el pueblo. Es diferente en la sociedad civil, en la que act\u00faan poderes o potestades sociales, no pol\u00edticas. Aunque sean de origen netamente econ\u00f3mico, esos poderes pueden contribuir eficazmente a contrarrestar al ejecutivo. El m\u00e1s eficaz es el de la familias, las unidades morales y econ\u00f3micas m\u00e1s peque\u00f1as, discutiendo los impuestos u oponi\u00e9ndose a ellos en tanto propietarias, puesto que es el tesoro p\u00fablico lo que alimenta la expansi\u00f3n y la acci\u00f3n del\u00a0 ejecutivo. Un poder pol\u00edtico sin dinero es impotente. De ah\u00ed la necesidad de limitar y controlar los impuestos y el cr\u00e9dito.<\/span><\/p>\n<p style=\"text-align: justify;\"><span style=\"font-size: 14pt;\"><strong>110<\/strong>.\u00a0 Entre la escas\u00edsima literatura sobre las formas o modos de pensamiento <strong>H. Leisegang<\/strong>, Denkformen. Berl\u00edn, <\/span><span style=\"font-size: 14pt;\">W. de Gruyter 1928. <strong>A. N. Whitehead<\/strong>, Modos de pensamiento. Buenos Aires, Losada 1944.<\/span><\/p>\n<p style=\"text-align: justify;\"><span style=\"font-size: 14pt;\"><strong>111.<\/strong> Ibidem. Id., p. 62. <strong>Marquard<\/strong> se apoya en <em><strong>Leisegang<\/strong><\/em>.<\/span><\/p>\n<p style=\"text-align: justify;\"><span style=\"font-size: 14pt;\"><strong>112.<\/strong> Inglaterra ha tenido siempre la ventaja sobre el Continente, de que los electores controlan mejor a los representantes <\/span><span style=\"font-size: 14pt;\">al ser mayoritario el sistema electoral,. En el Continente, se impuso en cambio el sistema proporcional que refuerza <\/span><span style=\"font-size: 14pt;\">la tendencia olig\u00e1rquica. Al respecto, <strong>A. Garc\u00eda-Trevijano<\/strong>, <em>La Teor\u00eda Pura de la Rep\u00fablica<\/em>. Madrid, El buey mudo 2010.<\/span><\/p>\n<p style=\"text-align: justify;\"><span style=\"font-size: 14pt;\"><strong>113.<\/strong> Vid. <strong>J. Lhomme<\/strong>, <em>La Gran Burgues\u00eda en el poder<\/em>. 1830-1880. Barcelona, Lorenzana 1965.<\/span><\/p>\n<p style=\"text-align: justify;\"><span style=\"font-size: 14pt;\"><strong>114.<\/strong> \u00ab<em>La historia del Estado moderno,&#8230;es la historia de una larga lucha por obtener lo que llama <strong>Weber<\/strong> el monopolio <\/em><\/span><em><span style=\"font-size: 14pt;\">de la fuerza leg\u00edtima\u201d, cuya prerrogativa m\u00e1s alta consiste en el derecho-deber de establecer qui\u00e9nes son los \u201cenemigos\u201d: <\/span><\/em><span style=\"font-size: 14pt;\"><em>aquellos contra los cuales la guerra ser\u00e1 por tanto leg\u00edtima<\/em>\u00bb. <strong>G. Miglio<\/strong>, La regolarit\u00e0 della politica, II. Milano, Giuffr\u00e8 <\/span><span style=\"font-size: 14pt;\">1988. 31: \u201c<em>Guerra, pace, diritto<\/em>\u201d, pp. 766-767.<\/span><\/p>\n<p style=\"text-align: justify;\"><span style=\"font-size: 14pt;\"><strong>115.<\/strong> Ibidem. Id.<\/span><\/p>\n<p style=\"text-align: justify;\"><span style=\"font-size: 14pt;\"><strong>116<\/strong>. El r\u00e9gimen <em>censitario<\/em> es inequ\u00edvocamente olig\u00e1rquico. Escribe <strong>J. Baechler<\/strong>: \u00ab<em>El siglo XIX, en Europa y en <\/em><\/span><em><span style=\"font-size: 14pt;\">sus trasplantes ex\u00f3ticos, se caracteriza por dos fen\u00f3menos extra\u00f1os, en tanto extra\u00f1os a la condici\u00f3n humana conocida hasta <\/span><span style=\"font-size: 14pt;\">entonces: una tendencia a la pacificaci\u00f3n interior y exterior y una transferencia de energ\u00eda social sobre lo econ\u00f3mico. La <\/span><span style=\"font-size: 14pt;\">tendencia era tan fuerte que devino posible esperar el fin pr\u00f3ximo de todo conflicto. La transferencia era tan masiva que lo <\/span><\/em><span style=\"font-size: 14pt;\"><em>econ\u00f3mico invad\u00eda las conciencias y pudo operar como el fundamento \u00faltimo de todo<\/em>\u00bb. <em>D\u00e9mocraties<\/em>. \u201c<em>Remarques liminaires<\/em>\u201d, <\/span><span style=\"font-size: 14pt;\">p. 10. Esto significa un cambio fundamental en el r\u00e9gimen olig\u00e1rquico al vincularse unilateralmente a la econom\u00eda industrial <\/span><span style=\"font-size: 14pt;\">como consumaci\u00f3n de la transformaci\u00f3n definitiva del antiguo poder pol\u00edtico jurisdiccional. Precisaba <strong>Carl Schmitt<\/strong>: el <\/span><span style=\"font-size: 14pt;\">Estado custodio del Derecho (<em>Jurisdiktionstaat<\/em>) (<strong>Fritz Kern<\/strong>) prevalece \u00ab<em>en \u00e9pocas de concepciones jur\u00eddicas estables y de la <\/em><\/span><span style=\"font-size: 14pt;\"><em>propiedad consolidada, en el que la justicia est\u00e1 separada de lo Pol\u00edtico o Estado<\/em>\u00bb; el <em><strong>Estado Gubernativo<\/strong><\/em> (<em>Regierunstaat<\/em>) <\/span><span style=\"font-size: 14pt;\">o Administrativo o, incluso \u00ab<em>seg\u00fan la especie y la duraci\u00f3n de la transformaci\u00f3n, un Estado Legislativo parlamentario<\/em>\u00bb&#8230;\u00ab<em>El <\/em><\/span><em><span style=\"font-size: 14pt;\">Estado legislativo (Gestzgebungstaat) es el veh\u00edculo t\u00edpico de una era reformista-revisionista-evolucionista, equipada con programas <\/span><span style=\"font-size: 14pt;\">de partido, que trata de realizar el \u201cprogreso\u201d mediante leyes justas, de un modo legal-parlamentario\u00bb<\/span><\/em><span style=\"font-size: 14pt;\">. Tras este <\/span><span style=\"font-size: 14pt;\">Estado, afirmaba Schmitt, \u00ab<em>hallamos menos un \u00eathos que un gran pathos<\/em>\u00bb. \u00ab<em>El Estado Administrativo (Verwaltungstaat) puede <\/em><\/span><em><span style=\"font-size: 14pt;\">apelar a la necesidad objetiva, a la situaci\u00f3n real, a la fuerza coercitiva de las relaciones, a las necesidades de la \u00e9poca y a <\/span><span style=\"font-size: 14pt;\">otras justificaciones no basadas en normas, sino en situaciones f\u00e1cticas\u00bb&#8230;encontrando \u00absu principio existencial en la conveniencia, <\/span><\/em><span style=\"font-size: 14pt;\"><em>en la utilidad<\/em>&#8230;\u00bb. <em>Legalidad y legitimidad<\/em>. Madrid, Aguilar 1971. Pr\u00f3l. pp. 11-13.<\/span><\/p>\n<p style=\"text-align: justify;\"><span style=\"font-size: 14pt;\"><strong>117.<\/strong> Vid. <strong>H. Arendt<\/strong>, Op. cit., p. 18 y ss.<\/span><\/p>\n<p style=\"text-align: justify;\"><span style=\"font-size: 14pt;\"><strong>118.<\/strong> <em>Cuando la opini\u00f3n p\u00fablica decae, est\u00e1 manipulada, o no existe, irrumpen poderes indirectos, particulares, <\/em><\/span><span style=\"font-size: 14pt;\"><em>que usurpan el poder p\u00fablico<\/em>, un poder impersonal, el de la \u201c<em>gente<\/em>\u201d dec\u00eda <strong>Ortega<\/strong>, y se intensifica la <strong><em>oligarquizaci\u00f3n<\/em><\/strong>. La <\/span><span style=\"font-size: 14pt;\">oposici\u00f3n de los liberales se fundaba en que el poder p\u00fablico refleja o representa la opini\u00f3n p\u00fablica, de la que desconfiaban <\/span><span style=\"font-size: 14pt;\">dadas las circunstancias francesas: su defensa del principio censitario no era ideol\u00f3gica sino prudencial. Su pecado consisti\u00f3 <\/span><span style=\"font-size: 14pt;\">en que, excesivamente dependiente el r\u00e9gimen de la gran burgues\u00eda, que fue la que subi\u00f3 al poder en la revoluci\u00f3n <\/span><span style=\"font-size: 14pt;\">de julio de 1830, el censo no aumento en una proporci\u00f3n mayor a lo largo de los dieciocho a\u00f1os. <strong><em>Con el sufragio universal, <\/em><\/strong><\/span><span style=\"font-size: 14pt;\"><strong><em>se apoder\u00f3 del poder p\u00fablico un poder particular<\/em><\/strong>. Para todo esto, <strong>L. D\u00edez del Corral<\/strong>, <em>El liberalismo doctrinario<\/em>. Madrid, <\/span><span style=\"font-size: 14pt;\">Instituto de Estudios Pol\u00edticos 1956. Cf. las observaciones de <strong>M. Fioravanti<\/strong> sobre los liberales y el Estado en <em>Los derechos <\/em><\/span><span style=\"font-size: 14pt;\"><em>fundamentales<\/em>. Madrid, Trotta 2007. 3.<\/span><\/p>\n<p style=\"text-align: justify;\"><span style=\"font-size: 14pt;\"><strong>119.<\/strong>\u00a0 En este momento, la revoluci\u00f3n se hizo social, como advirtiera <strong>Lorenz von Stein<\/strong> en 1842 en su famosa <em>Geschichte <\/em><\/span><span style=\"font-size: 14pt;\"><em>der sozialen Bewegung in Frankreich von 1789 bis auf unsere Tage<\/em>. Darmstadt, Wissenschaftliche Buchgesellsschaft 1972.<\/span><\/p>\n<p style=\"text-align: justify;\"><span style=\"font-size: 14pt;\"><strong>120.<\/strong> Cf. <strong>J. Donzelot<\/strong>, <em>L&#8217;invention du social. Essai sur le d\u00e9clin des passions politiques<\/em>. Par\u00eds, Fayard 1984. <strong>Tocqueville<\/strong>, <\/span><span style=\"font-size: 14pt;\">testigo de la revoluci\u00f3n del 48, dio fe con su famoso discurso en la Asamblea nacional contra el derecho al trabajo. <\/span><span style=\"font-size: 14pt;\">La separaci\u00f3n entre lo social y lo pol\u00edtico motiv\u00f3 tambi\u00e9n el todav\u00eda m\u00e1s famoso <em>Discurso sobre la dictadura<\/em> de <strong>Donoso <\/strong><\/span><span style=\"font-size: 14pt;\"><strong>Cort\u00e9s<\/strong>. La <em>tecnocracia<\/em>, que privilegia lo econ\u00f3mico frente a lo social, acent\u00faa la absurda separaci\u00f3n entre lo pol\u00edtico y lo <\/span><span style=\"font-size: 14pt;\">social a\u00f1adiendo la separaci\u00f3n de lo econ\u00f3mico. La pol\u00edtica, parte de la \u00e9tica, es omnicomprensiva. Con la famosa frase de <\/span><span style=\"font-size: 14pt;\"><strong>Ortega<\/strong>, es \u201c<em>la piel de todo lo dem\u00e1s<\/em>\u201d.<\/span><\/p>\n<p style=\"text-align: justify;\"><span style=\"font-size: 14pt;\"><strong>121.<\/strong> Vid. <strong>C. Schmitt<\/strong>, <em>La dictadura<\/em>.<\/span><\/p>\n<p style=\"text-align: justify;\"><span style=\"font-size: 14pt;\"><strong>122.<\/strong> Para esto, <strong>E. Bussi<\/strong>, <em>Evoluzione storica dei tipi di Stato<\/em>. Mil\u00e1n, 3\u00aa ed. Giuffr\u00e8 2002.<\/span><\/p>\n<p style=\"text-align: justify;\"><span style=\"font-size: 14pt;\"><strong>123.<\/strong> <em>La estructura de la filosof\u00eda pol\u00edtica moderna<\/em>. Madrid, Istmo 2002 II, p. 83. <strong>Muralt<\/strong> cita a continuaci\u00f3n el <\/span><span style=\"font-size: 14pt;\">p\u00e1rrafo de <strong>De cive<\/strong> en el que afirma <strong>Hobbes<\/strong>: \u00ab<em>la ley no es un consejo sino un mandato que se define as\u00ed: la ley es el mandato <\/em><\/span><em><span style=\"font-size: 14pt;\">de aquella persona (hombre o asamblea) cuyo precepto contiene la raz\u00f3n de la obediencia. De forma que los preceptos <\/span><span style=\"font-size: 14pt;\">de Dios a los hombres, del Estado a los ciudadanos y, en general, de todos los poderosos a los que no pueden ofrecer <\/span><\/em><span style=\"font-size: 14pt;\"><em>resistencia, se han de llamar sus leyes&#8230;.Cumplir lo que se ordena por ley es un deber<\/em>\u00bb. Tal es la naturaleza de la Legislaci\u00f3n <\/span><span style=\"font-size: 14pt;\">en contraste con la del Derecho.<\/span><\/p>\n<p style=\"text-align: justify;\"><span style=\"font-size: 14pt;\"><strong>124.<\/strong> En la teor\u00eda de la integraci\u00f3n de <strong>Smend<\/strong> influy\u00f3 sin duda su preocupaci\u00f3n por la integraci\u00f3n armoniosa de <\/span><span style=\"font-size: 14pt;\">la Alemania cat\u00f3lica y la luterana en el Estado (<em>un problema que hab\u00eda inspirado la teor\u00eda de Hegel del Rechtsstaat<\/em>). Vid. <\/span><span style=\"font-size: 14pt;\">los art\u00edculos de <strong>Smend<\/strong> sobre tema religioso recogidos en Staatsrechliche Abhandlungen. Berlin, Duncker &amp; Humblot 1968.<\/span><\/p>\n<p style=\"text-align: justify;\"><span style=\"font-size: 14pt;\"><strong>125.<\/strong> Aunque no se ocupa de la ley de hierro, conserva su inter\u00e9s el librillo de <strong>W. Hennis<\/strong> sobre la anterior Rep\u00fablica <\/span><span style=\"font-size: 14pt;\">Federal Alemana, <em>Die missverstandene Demokratie. Demokratie, Verfassung, Parlament. Studien zu deutsche Problemen<\/em>. <\/span><span style=\"font-size: 14pt;\">Friburgo de Brisgovia, Herder 1973.<\/span><\/p>\n<p style=\"text-align: justify;\"><span style=\"font-size: 14pt;\"><strong>126.<\/strong> <em>Der geb\u00e4ndigte Leviathan<\/em>. Baden-Baden, Nomos 1990.<\/span><\/p>\n<p style=\"text-align: justify;\"><span style=\"font-size: 14pt;\"><strong>127.<\/strong> Vid. <strong>M. Revelli<\/strong>, <em>La pol\u00edtica perdida<\/em>. 1. pp. 26 y ss. \u00ab<em>El papel de la fuerza, incluso en los Estados democr\u00e1ticos <\/em><\/span><span style=\"font-size: 14pt;\"><em>m\u00e1s avanzados, es realmente m\u00e1s constante y m\u00e1s notable de lo que los dem\u00f3cratas m\u00e1s sentimentales quisieran admitir<\/em><\/span><span style=\"font-size: 14pt;\">\u00bb. <strong>E. H. Carr<\/strong>, op. cit. 13, p. 290.<\/span><\/p>\n<p style=\"text-align: justify;\"><span style=\"font-size: 14pt;\"><strong>128.<\/strong> \u00ab<em>Como ha denunciado <strong>Hayek<\/strong><\/em>, dice <strong>Angelo Panebianco<\/strong>, <em>prueba de la irreversible perversi\u00f3n del ideal (adem\u00e1s <\/em><\/span><em><span style=\"font-size: 14pt;\">de la pr\u00e1ctica) del Estado de Derecho es el hecho de que, a cualquier mandato burocr\u00e1tico, se le revista todav\u00eda de la <\/span><\/em><span style=\"font-size: 14pt;\"><em>pompa y la majestad de la ley, sin que que ello suscite especial oposici\u00f3n, con tal que lo emita un Parlamento<\/em>\u00bb. Op. loc. <\/span><span style=\"font-size: 14pt;\">cit. <em>Vid. la cr\u00edtica del pleonasmo y sus derivados<\/em> por <strong>A. Garc\u00eda-Trevijano<\/strong> en Op. cit., II, pp. 330ss.<\/span><\/p>\n<p style=\"text-align: justify;\"><span style=\"font-size: 14pt;\"><strong>129.<\/strong> Madrid, Tecnos 2010.<\/span><\/p>\n<p style=\"text-align: justify;\"><span style=\"font-size: 14pt;\"><strong>130.<\/strong> <em>La democracia y los partidos pol\u00edticos<\/em>. Madrid, Trotta 2008.<\/span><\/p>\n<p style=\"text-align: justify;\"><span style=\"font-size: 14pt;\"><strong>131.<\/strong> Cf. para todo esto <strong>G. Fern\u00e1ndez de la Mora<\/strong> en <em>La partitocracia<\/em> y \u201c<em>La oligarqu\u00eda, forma trascendental de <\/em><\/span><span style=\"font-size: 14pt;\"><em>gobierno<\/em>\u201d. Revista de Estudios Pol\u00edticos. n\u00ba 205 (1976).<\/span><\/p>\n<p style=\"text-align: justify;\"><span style=\"font-size: 14pt;\"><strong>132.<\/strong> Op. cit. 7, p. 150.<\/span><\/p>\n<p style=\"text-align: justify;\"><span style=\"font-size: 14pt;\"><strong>133.<\/strong> Antolog\u00eda de esa obra preparada por<strong> N. Bobbio<\/strong> sobre la ed. de 1939, editada con el t\u00edtulo <em>La clase pol\u00edtic<\/em>a. <\/span><span style=\"font-size: 14pt;\">M\u00e9xico, Fondo de Cultura 1984. II, 12, p. 108. Sobre <strong>Mosca<\/strong>, <strong>E. A. Albertoni<\/strong>, <em><strong>Gaetano Mosca<\/strong> y la formaci\u00f3n del elitismo <\/em><\/span><span style=\"font-size: 14pt;\"><em>pol\u00edtico contempor\u00e1neo<\/em>. M\u00e9xico, Fondo de Cultura 1992.<\/span><\/p>\n<p style=\"text-align: justify;\"><span style=\"font-size: 14pt;\"><strong>134.<\/strong> <strong>De Pareto<\/strong>, <em>Forma y equilibrio sociales<\/em>. Madrid, Revista de Occidente 1966. Escritos sociol\u00f3gicos, Madrid, <\/span><span style=\"font-size: 14pt;\">Alianza 1987. Sobre <strong>Pareto<\/strong>, <strong>F. Borkenau<\/strong>, <em>Pareto<\/em>. M\u00e9xico, Fondo de Cultura 1978.<\/span><\/p>\n<p style=\"text-align: justify;\"><span style=\"font-size: 14pt;\"><strong>135.<\/strong> Escribe <strong>Garc\u00eda-Trevijano<\/strong>: <em>la sociedad aparente se rige por dos principios: el de la sustituci\u00f3n de la verdad <\/em><\/span><em><span style=\"font-size: 14pt;\">por una ficci\u00f3n sistem\u00e1tica al estilo de la filosof\u00eda del como s\u00ed de Vaihinger \u2014como si la representaci\u00f3n fuese aut\u00e9ntica, como <\/span><span style=\"font-size: 14pt;\">si hubiese libertad pol\u00edtica, como si hubiese democracia,&#8230;\u2014 y la imposici\u00f3n de la norma social de salvar o guardar las apariencias; <\/span><\/em><span style=\"font-size: 14pt;\"><em>por ejemplo, la correcci\u00f3n pol\u00edtica<\/em>. Op. cit. II, p. 241.<\/span><\/p>\n<p style=\"text-align: justify;\"><span style=\"font-size: 14pt;\"><strong>136 . <\/strong><em>La emboscadura<\/em>. Barcelona, Tusquets 1983.<\/span><\/p>\n<p style=\"text-align: justify;\"><span style=\"font-size: 14pt;\"><strong>137.<\/strong> <em>La pol\u00edtica de la fe y la pol\u00edtica del escepticismo<\/em>. M\u00e9xico, Fondo de Cultura 1998.<\/span><\/p>\n<p style=\"text-align: justify;\"><span style=\"font-size: 14pt;\"><strong>138.<\/strong> <em>Contra la \u00e9tica de la verdad<\/em>. Madrid, Trotta 2010. Este autor habla en realidad de la <em>\u00e9tica de la duda<\/em>.<\/span><\/p>\n<p style=\"text-align: justify;\"><span style=\"font-size: 14pt;\"><strong>139.<\/strong> Vid. <strong>B. de Jouvenel<\/strong>, <em>La teor\u00eda pura de la pol\u00edtica<\/em>. Madrid, Revista de Occidente 1972. Las oligarqu\u00edas sustituyen <\/span><span style=\"font-size: 14pt;\">el compromiso por el consenso pol\u00edtico para enmascarar sus intereses como si fuesen los del consenso social y disfrazar <\/span><span style=\"font-size: 14pt;\">sus actos como convenientes para el pueblo. El <em>consenso in politicis<\/em> es profundamente inmoral y corruptor. <strong>Ernst Gellner <\/strong><\/span><span style=\"font-size: 14pt;\">observa que hace que sea m\u00e1s importante el control leg\u00edtimo de la educaci\u00f3n \u2014con el a\u00f1adido de la propaganda y el control <\/span><span style=\"font-size: 14pt;\">de la informaci\u00f3n\u2014, que el \u201c<em>monopolio leg\u00edtimo de la violencia<\/em>\u201d. Falsifica la voluntad de los representados, que descansa en <\/span><span style=\"font-size: 14pt;\">el consenso social. En contraste, el compromiso pol\u00edtico es, utilizando una expresi\u00f3n de <strong>E. H. Carr<\/strong>, \u00ab<em>una coordinaci\u00f3n de <\/em><\/span><span style=\"font-size: 14pt;\"><em>moralidad y poder<\/em>\u00bb.<\/span><\/p>\n<p style=\"text-align: justify;\"><span style=\"font-size: 14pt;\"><strong>140.<\/strong> De acuerdo con <strong>Marquard<\/strong>, la pol\u00edtica del escepticismo ser\u00eda una consecuencia de la filosof\u00eda de la finitud: <\/span><span style=\"font-size: 14pt;\">el hombre es un ser finito. Aceptando la realidad, el escepticismo troca el pesimismo en un moderado optimismo. (Op. cit., <\/span><span style=\"font-size: 14pt;\">p. 17 ss. y 62). Encajar\u00eda en el realismo de la <em>Weltanpassung<\/em>, la adaptaci\u00f3n al mundo de <strong>Max Weber<\/strong>, cit. por <strong>Portinaro<\/strong> (Op. <\/span><span style=\"font-size: 14pt;\">cit., p. 17), inclinada al compromiso.<\/span><\/p>\n<p style=\"text-align: justify;\"><span style=\"font-size: 14pt;\"><strong>141.<\/strong> <strong>Montesquieu<\/strong> separ\u00f3 el legislativo, el ejecutivo y el judicial, aunque consideraba que, en puridad, este \u00faltimo <\/span><span style=\"font-size: 14pt;\">no es un verdadero poder pol\u00edtico, pues representa la supremac\u00eda del Derecho: es autoridad. <strong>Hobbes<\/strong>, quien distingu\u00eda el <\/span><span style=\"font-size: 14pt;\">poder tributario, el legislativo y el ejecutivo, cre\u00eda que se destru\u00edan entre s\u00ed; <strong>Locke<\/strong> distingu\u00eda el legislativo, el ejecutivo y el <\/span><span style=\"font-size: 14pt;\">federativo; <strong>Bejam\u00edn Constant<\/strong> a\u00f1adi\u00f3 sin mucho \u00e9xito el poder neutro. Vid. <strong>A.C. Pereira Menaut<\/strong>, Op. cit. 4, pp. 147-164. La <\/span><span style=\"font-size: 14pt;\">no menci\u00f3n del judicial por los autores ingleses se debe a la peculiar posici\u00f3n de los jueces en relaci\u00f3n con el <em>Commonlaw<\/em>, <\/span><span style=\"font-size: 14pt;\">que, continuando la tradici\u00f3n medieval de la <em>omnipotentia iuris<\/em>, prevalece \u2014o prevalec\u00eda\u2014 sobre la pol\u00edtica. Es significativo, <\/span><span style=\"font-size: 14pt;\">que \u00ab<em>el concepto Estado de Derecho no existe verdaderamente ni en el Reino Unido ni en los Estados Unidos: la <\/em><\/span><em><span style=\"font-size: 14pt;\">expresi\u00f3n rule of law, que es all\u00ed la equivalente, refleja de hecho un pensamiento diferente. La rule of law es el reino del <\/span><\/em><span style=\"font-size: 14pt;\"><em>derecho, que es primero y unificado, y al que est\u00e1 sometido el Estado igual que todo sujeto de derecho<\/em>\u00bb. <strong>L. Cohen-Tanugi<\/strong>, <\/span><span style=\"font-size: 14pt;\"><em>La m\u00e9tamorfose de la d\u00e9mocratie<\/em>. Par\u00eds, Odile Jacob 1989. IV, p. 120. Los <em>statute law<\/em> no son Legislaci\u00f3n, sino una forma de <\/span><span style=\"font-size: 14pt;\">aclaraciones del <em>Common-law<\/em>.<\/span><\/p>\n<p style=\"text-align: justify;\"><span style=\"font-size: 14pt;\"><strong>142.<\/strong> Las formas principales de autogobierno son la familia, las asociaciones de la sociedad civil y el municipio <\/span><span style=\"font-size: 14pt;\">(<em>Cf. J. Althusio, La Pol\u00edtica met\u00f3dicamente concebida e ilustrada con ejemplos sagrados y profanos. Madrid, Centro de Estudios <\/em><\/span><span style=\"font-size: 14pt;\"><em>Constitucionales 1990<\/em>). La Monarqu\u00eda Absoluta socav\u00f3 las libertades comunales y la revoluci\u00f3n francesa lo consum\u00f3; <\/span><span style=\"font-size: 14pt;\">el Estado de Derecho regula las asociaciones libres y, en el siglo XX, comenz\u00f3 el aniquilamiento de las libertades de la familia, <\/span><span style=\"font-size: 14pt;\">intensificado por los sistemas fiscales socialdem\u00f3cratas y, recientemente, por la recepci\u00f3n en la esfera pol\u00edtica de la ideolog\u00eda <\/span><span style=\"font-size: 14pt;\">de g\u00e9nero y sus variantes. El \u00fanico contrapoder institucional que subsiste en Occidente es la <em>Iglesia<\/em>, muy mermada <\/span><span style=\"font-size: 14pt;\">tambi\u00e9n por la acci\u00f3n del poder pol\u00edtico y la influencia del modo de pensamiento ideol\u00f3gico. De hecho, ha perdido la <em>auctoritas<\/em> <\/span><span style=\"font-size: 14pt;\">al no ejercerla como si prefiriese a los poderosos a pesar de su doctrina social.<\/span><\/p>\n<p style=\"text-align: justify;\"><span style=\"font-size: 14pt;\"><strong>143.<\/strong> La desmitificaci\u00f3n del pensamiento pol\u00edtico moderno suscita un problema que no cabe abordar ahora: <\/span><span style=\"font-size: 14pt;\">desde el punto de vista de la <em>omnipotentia iuris<\/em>, \u00bftiene alg\u00fan sentido el \u201c<em>poder<\/em>\u201d legislativo?<\/span><\/p>\n<p style=\"text-align: justify;\"><span style=\"font-size: 14pt;\"><strong>144.<\/strong> <strong>A. Panebianco<\/strong> dedica el cap. V del libro citado a esta cuesti\u00f3n. Omite, como es habitual, que la primera y <\/span><span style=\"font-size: 14pt;\">m\u00e1s radical divisi\u00f3n de poderes es entre el poder (<em>autoridad<\/em>) espiritual y el poder temporal. Pero la Iglesia renunci\u00f3 a la <\/span><span style=\"font-size: 14pt;\">autoridad con la teor\u00eda de <strong>Bellarmino<\/strong> de la <em>potestas<\/em> indirecta de la Iglesia sobre el el Estado, ambos como sociedades perfectas. <\/span><span style=\"font-size: 14pt;\">\u00bfEs la Iglesia una sociedad? El Estado, \u00bfes una sociedad y adem\u00e1s perfecta?<\/span><\/p>\n<\/blockquote>\n<p>&nbsp;<\/p>\n<p><img loading=\"lazy\" decoding=\"async\" class=\"aligncenter wp-image-2232593\" src=\"https:\/\/puntocritico.com\/ausajpuntocritico\/wp-content\/uploads\/2021\/11\/Leviathan_by_Thomas_Hobbes.jpg\" alt=\"LA LEY DE HIERRO DE LA OLIGARQU\u00cdA\" width=\"330\" height=\"507\" data-id=\"2232593\" srcset=\"https:\/\/puntocritico.com\/ausajpuntocritico\/wp-content\/uploads\/2021\/11\/Leviathan_by_Thomas_Hobbes.jpg 220w, https:\/\/puntocritico.com\/ausajpuntocritico\/wp-content\/uploads\/2021\/11\/Leviathan_by_Thomas_Hobbes-195x300.jpg 195w\" sizes=\"auto, (max-width: 330px) 100vw, 330px\" \/><\/p>\n<p style=\"text-align: center;\"><span style=\"color: #008000;\"><strong><span style=\"font-size: 18pt;\">*******<\/span><\/strong><\/span><\/p>\n<p style=\"text-align: justify;\"><span style=\"font-size: 14pt;\"><strong>RELACIONADO:\u00a0<\/strong><\/span><\/p>\n<blockquote class=\"wp-embedded-content\" data-secret=\"WUaSYLL5UF\"><p><a href=\"https:\/\/puntocritico.com\/ausajpuntocritico\/2021\/11\/09\/la-ley-de-hierro-de-la-oligarquia-dalmacio-negro-1\/\">LA LEY DE HIERRO DE LA OLIGARQU\u00cdA, por Dalmacio Negro (Parte 1).<\/a><\/p><\/blockquote>\n<p><iframe loading=\"lazy\" class=\"wp-embedded-content\" sandbox=\"allow-scripts\" security=\"restricted\" style=\"position: absolute; clip: rect(1px, 1px, 1px, 1px);\" title=\"\u00abLA LEY DE HIERRO DE LA OLIGARQU\u00cdA, por Dalmacio Negro (Parte 1).\u00bb \u2014 Punto Cr\u00edtico Derechos Humanos\" src=\"https:\/\/puntocritico.com\/ausajpuntocritico\/2021\/11\/09\/la-ley-de-hierro-de-la-oligarquia-dalmacio-negro-1\/embed\/#?secret=vGREF2fzX8#?secret=WUaSYLL5UF\" data-secret=\"WUaSYLL5UF\" width=\"500\" height=\"282\" frameborder=\"0\" marginwidth=\"0\" marginheight=\"0\" scrolling=\"no\"><\/iframe><\/p>\n<blockquote class=\"wp-embedded-content\" data-secret=\"Y23agx22LQ\"><p><a href=\"https:\/\/puntocritico.com\/ausajpuntocritico\/2021\/11\/01\/la-ley-de-hierro-de-la-oligarquia-partidos-politicos-en-democracia-que-no-son-organizaciones-democraticas\/\">\u201cLA LEY DE HIERRO DE LA OLIGARQU\u00cdA\u201d: LOS PARTIDOS POL\u00cdTICOS, EN DEMOCRACIA, NO SON ORGANIZACIONES DEMOCR\u00c1TICAS. \u00abTodo poder sigue un ciclo natural: procede del pueblo y termina levant\u00e1ndose por encima del pueblo\u00bb.<\/a><\/p><\/blockquote>\n<p><iframe loading=\"lazy\" class=\"wp-embedded-content\" sandbox=\"allow-scripts\" security=\"restricted\" style=\"position: absolute; clip: rect(1px, 1px, 1px, 1px);\" title=\"\u00ab\u201cLA LEY DE HIERRO DE LA OLIGARQU\u00cdA\u201d: LOS PARTIDOS POL\u00cdTICOS, EN DEMOCRACIA, NO SON ORGANIZACIONES DEMOCR\u00c1TICAS. \u00abTodo poder sigue un ciclo natural: procede del pueblo y termina levant\u00e1ndose por encima del pueblo\u00bb.\u00bb \u2014 Punto Cr\u00edtico Derechos Humanos\" src=\"https:\/\/puntocritico.com\/ausajpuntocritico\/2021\/11\/01\/la-ley-de-hierro-de-la-oligarquia-partidos-politicos-en-democracia-que-no-son-organizaciones-democraticas\/embed\/#?secret=kVE2nodb5K#?secret=Y23agx22LQ\" data-secret=\"Y23agx22LQ\" width=\"500\" height=\"282\" frameborder=\"0\" marginwidth=\"0\" marginheight=\"0\" scrolling=\"no\"><\/iframe><\/p>\n<p>&nbsp;<\/p>\n<p><a href=\"https:\/\/puntocritico.com\/ausajpuntocritico\/author\/punto-critico\/\"><img loading=\"lazy\" decoding=\"async\" class=\"aligncenter wp-image-9528 lazyloaded smush-detected-img smush-image-2\" src=\"https:\/\/puntocritico.com\/ausajpuntocritico\/wp-content\/uploads\/2018\/03\/Mosca_Punto_Cr%C3%ADtico_40.png\" alt=\"\" width=\"80\" height=\"80\" data-id=\"9528\" data-ll-status=\"loaded\" \/><\/a><\/p>\n<p>&nbsp;<\/p>\n<p>&nbsp;<\/p>\n","protected":false},"excerpt":{"rendered":"<div class=\"mh-excerpt\"><p>LA LEY DE HIERRO DE LA OLIGARQU\u00cdA, por Dalmacio Negro (Parte 1). *** LA LEY DE HIERRO DE LA OLIGARQU\u00cdA (Parte 2\/2) La direcci\u00f3n de cualquier sociedad estatal, independiente de la institucionalizaci\u00f3n de su \u201cforma <a class=\"mh-excerpt-more\" href=\"https:\/\/puntocritico.com\/ausajpuntocritico\/2021\/11\/10\/la-ley-de-hierro-de-la-oligarquia-dalmacio-negro-2\/\" title=\"LA LEY DE HIERRO DE LA OLIGARQU\u00cdA, por Dalmacio Negro (y Parte 2).\">[&#8230;]<\/a><\/p>\n<\/div>","protected":false},"author":3,"featured_media":2232683,"comment_status":"open","ping_status":"closed","sticky":false,"template":"","format":"standard","meta":{"_acf_changed":false,"_exactmetrics_skip_tracking":false,"_exactmetrics_sitenote_active":false,"_exactmetrics_sitenote_note":"","_exactmetrics_sitenote_category":0,"footnotes":""},"categories":[8,7],"tags":[],"class_list":{"0":"post-2232672","1":"post","2":"type-post","3":"status-publish","4":"format-standard","5":"has-post-thumbnail","7":"category-filosofia","8":"category-politica"},"acf":[],"_links":{"self":[{"href":"https:\/\/puntocritico.com\/ausajpuntocritico\/wp-json\/wp\/v2\/posts\/2232672","targetHints":{"allow":["GET"]}}],"collection":[{"href":"https:\/\/puntocritico.com\/ausajpuntocritico\/wp-json\/wp\/v2\/posts"}],"about":[{"href":"https:\/\/puntocritico.com\/ausajpuntocritico\/wp-json\/wp\/v2\/types\/post"}],"author":[{"embeddable":true,"href":"https:\/\/puntocritico.com\/ausajpuntocritico\/wp-json\/wp\/v2\/users\/3"}],"replies":[{"embeddable":true,"href":"https:\/\/puntocritico.com\/ausajpuntocritico\/wp-json\/wp\/v2\/comments?post=2232672"}],"version-history":[{"count":0,"href":"https:\/\/puntocritico.com\/ausajpuntocritico\/wp-json\/wp\/v2\/posts\/2232672\/revisions"}],"wp:featuredmedia":[{"embeddable":true,"href":"https:\/\/puntocritico.com\/ausajpuntocritico\/wp-json\/wp\/v2\/media\/2232683"}],"wp:attachment":[{"href":"https:\/\/puntocritico.com\/ausajpuntocritico\/wp-json\/wp\/v2\/media?parent=2232672"}],"wp:term":[{"taxonomy":"category","embeddable":true,"href":"https:\/\/puntocritico.com\/ausajpuntocritico\/wp-json\/wp\/v2\/categories?post=2232672"},{"taxonomy":"post_tag","embeddable":true,"href":"https:\/\/puntocritico.com\/ausajpuntocritico\/wp-json\/wp\/v2\/tags?post=2232672"}],"curies":[{"name":"wp","href":"https:\/\/api.w.org\/{rel}","templated":true}]}}