{"id":2229658,"date":"2021-10-25T00:05:34","date_gmt":"2021-10-24T22:05:34","guid":{"rendered":"https:\/\/puntocritico.com\/ausajpuntocritico\/?p=2229658"},"modified":"2022-04-11T20:48:52","modified_gmt":"2022-04-11T18:48:52","slug":"juan-carlos-i-no-se-sentara-en-el-banquillo-por-jesus-cacho","status":"publish","type":"post","link":"https:\/\/puntocritico.com\/ausajpuntocritico\/2021\/10\/25\/juan-carlos-i-no-se-sentara-en-el-banquillo-por-jesus-cacho\/","title":{"rendered":"\u00bfINMUNIDAD DE JUAN CARLOS I O IMPUNIDAD DE SU CORTE DE CORRUPTOS? Con Corrupci\u00f3n y sin Justicia no puede existir un Estado de Derecho. \u00abJuan Carlos I no se sentar\u00e1 en el banquillo: Los frutos del \u00e1rbol podrido\u00bb, por Jes\u00fas Cacho."},"content":{"rendered":"<blockquote>\n<h1 class=\"entry-title\" style=\"text-align: center;\"><span class=\"title-master\">Juan Carlos I no se sentar\u00e1 en el banquillo<\/span><\/h1>\n<p style=\"text-align: justify;\"><span style=\"font-size: 14pt;\">Por Jes\u00fas Cacho<\/span><\/p>\n<p style=\"text-align: justify;\"><a href=\"https:\/\/www.vozpopuli.com\/opinion\/juan-carlos-banquillo.html\" target=\"_blank\" rel=\"noopener\" data-schema-attribute=\"\"><span style=\"font-size: 14pt;\">Vozpopuli<\/span><\/a><\/p>\n<p style=\"text-align: justify;\"><img loading=\"lazy\" decoding=\"async\" class=\"aligncenter wp-image-2229659 size-mh-magazine-content\" src=\"https:\/\/puntocritico.com\/ausajpuntocritico\/wp-content\/uploads\/2021\/10\/JCI-NO-Banquillo-678x381.jpg\" alt=\"Juan Carlos I\" width=\"678\" height=\"381\" data-id=\"2229659\" srcset=\"https:\/\/puntocritico.com\/ausajpuntocritico\/wp-content\/uploads\/2021\/10\/JCI-NO-Banquillo-678x381.jpg 678w, https:\/\/puntocritico.com\/ausajpuntocritico\/wp-content\/uploads\/2021\/10\/JCI-NO-Banquillo-300x169.jpg 300w, https:\/\/puntocritico.com\/ausajpuntocritico\/wp-content\/uploads\/2021\/10\/JCI-NO-Banquillo-1024x576.jpg 1024w, https:\/\/puntocritico.com\/ausajpuntocritico\/wp-content\/uploads\/2021\/10\/JCI-NO-Banquillo-768x432.jpg 768w, https:\/\/puntocritico.com\/ausajpuntocritico\/wp-content\/uploads\/2021\/10\/JCI-NO-Banquillo-610x343.jpg 610w, https:\/\/puntocritico.com\/ausajpuntocritico\/wp-content\/uploads\/2021\/10\/JCI-NO-Banquillo.jpg 1272w\" sizes=\"auto, (max-width: 678px) 100vw, 678px\" \/><\/p>\n<p>&nbsp;<\/p>\n<p style=\"text-align: justify;\"><span style=\"font-size: 14pt;\">En el oto\u00f1o de 1998, con motivo de la publicaci\u00f3n de &#8216;El Negocio de la Libertad&#8217; (Ed. Foca),\u00a0Federico Jim\u00e9nez Losantos\u00a0me entrevist\u00f3 en\u00a0<em>La Linterna<\/em>, el programa nocturno que entonces conduc\u00eda en la cadena COPE. El locutor me dedic\u00f3 un tiempo muy generoso en el que pas\u00f3 revista exhaustiva al libro, pero quien esto escribe abandon\u00f3 perplejo el n\u00famero 4 de Alfonso XI porque el aguerrido Federico\u00a0<strong>ni siquiera se atrevi\u00f3 a rozar el pol\u00e9mico cap\u00edtulo 9 en el que se describ\u00edan, por primera vez en Espa\u00f1a y con cierto lujo de detalles, el escalofriante recorrido delicuencial del monarca<\/strong>, v\u00edctima desde antes incluso de su llegada al trono de un af\u00e1n por el dinero ajeno que no puede calificarse sino de enfermizo. Hab\u00edan pasado 25 a\u00f1os desde que, siendo Pr\u00edncipe de Espa\u00f1a a las \u00f3rdenes del general\u00a0<strong>Franco<\/strong>,\u00a0<strong>Juan Carlos de Borb\u00f3n<\/strong>\u00a0dirigiera una carta a\u00a0<strong>Henry Ford II<\/strong>, presidente de la multinacional Ford, deseoso de instalar una planta de ensamblaje de autom\u00f3viles en Almusafes, Valencia,\u00a0recomendando a su \u00edntimo amigo,\u00a0<strong>Manuel Prado y Col\u00f3n de Carvajal<\/strong>, futuro \u00abintendente real\u00bb y jefe de su oficina de cobros, como el hombre adecuado para abrir puertas ante la Administraci\u00f3n espa\u00f1ola, pero el tema de los desmanes del Jefe del Estado segu\u00eda, a las puertas del Siglo XXI, siendo un gran tab\u00fa del que nadie osaba hablar en p\u00fablico, aunque el \u00abtout Madrid\u00bb sab\u00eda en privado a qu\u00e9 dedicaba el monarca el tiempo libre que le dejaba su desenfreno sexual.<\/span><\/p>\n<p style=\"text-align: justify;\"><span style=\"font-size: 14pt;\">Pasado el tiempo, el gran Federico se resarcir\u00eda del desliz al convertirse en uno de los m\u00e1s acerados cr\u00edticos de la conducta del em\u00e9rito. Esta semana, el diario\u00a0<em>ABC<\/em>, decano de la prensa espa\u00f1ola y legendario portaestandarte de la instituci\u00f3n mon\u00e1rquica, ha venido publicando extractos del\u00a0archivo privado del general Emilio Alonso Manglano, exdirector del CESIC (hoy CNI) entre 1981 y 1995, los servicios secretos espa\u00f1oles, recogido en forma de libro, de inminente aparici\u00f3n, por\u00a0<strong>Juan Fern\u00e1ndez-Miranda<\/strong>\u00a0y\u00a0<strong>Javier Chicote<\/strong>, dos periodistas de la casa que se acaban de apuntar un indudable \u00e9xito profesional. Las notas manuscritas que Manglano tomaba todas las noches de lo que acontec\u00eda en lo m\u00e1s alto de la pir\u00e1mide del poder, sujetas en todo caso a la duda razonable,\u00a0<strong>son una mina desde el punto de vista period\u00edstico y una bomba de racimo capaz de reducir a cenizas eso que hemos dado en llamar \u00abla Transici\u00f3n\u00bb<\/strong>. Porque, de forma descarnada, esos apuntes dejan al descubierto las verg\u00fcenzas de un r\u00e9gimen que, v\u00edctima de una corrupci\u00f3n abrasiva que desde la jefatura del Estado -roba el Rey, robemos todos- se derram\u00f3 en cascada hasta anegarlo todo e incapaz de regenerarse desde dentro, lleg\u00f3 arrastr\u00e1ndose hasta junio de 2014,\u00a0abdicaci\u00f3n de Juan Carlos I, y ahora, arriadas las banderas de la concordia civil encarnada en la Constituci\u00f3n del 78, ha consentido, cuerpo exang\u00fce o barca a la deriva, que un desalmado sin escr\u00fapulos se haya encaramado a la presidencia del Gobierno con la ayuda de los m\u00e1s ac\u00e9rrimos enemigos de la paz y la prosperidad de los espa\u00f1oles.<\/span><\/p>\n<p>&nbsp;<\/p>\n<p style=\"text-align: center;\"><span style=\"color: #008000;\"><strong><span style=\"font-size: 14pt;\">Lo aparecido hasta ahora en\u00a0<em>ABC<\/em>\u00a0bien puede calificarse como la clave del arco de la corrupci\u00f3n del em\u00e9rito. A partir de ahora nadie podr\u00e1 alegar ignorancia, negar lo ocurrido o disculpar su extrema gravedad<\/span><\/strong><\/span><\/p>\n<p>&nbsp;<\/p>\n<p style=\"text-align: justify;\"><span style=\"font-size: 14pt;\">En Gran Breta\u00f1a, el testamento y las memorias de\u00a0<strong>Felipe de Edimburgo<\/strong>\u00a0no se conocer\u00e1n hasta dentro de 100 a\u00f1os. En Espa\u00f1a, las trapacer\u00edas que relata Manglano de su pu\u00f1o y letra han ca\u00eddo cual lluvia \u00e1cida sobre un sistema muchos de cuyos protagonistas est\u00e1n a\u00fan vivitos y coleando.\u00a0<strong>Es la diferencia entre un pa\u00eds serio con tradici\u00f3n democr\u00e1tica y otro donde nadie est\u00e1 en el lugar que le corresponde<\/strong>, pa\u00eds de p\u00edcaros, carente de una sociedad civil acrisolada y del que ha desaparecido cualquier referente moral o \u00e9tico. Lo cual que\u00a0<strong>Luis Enr\u00edquez<\/strong>, consejero delegado, y\u00a0<strong>Juli\u00e1n Quir\u00f3s<\/strong>, director, le han echado un par a la hora de publicar en el diario mon\u00e1rquico los dineros recibidos por el ahora em\u00e9rito de sus ricachones amigos \u00e1rabes, con grave riesgo de asustar a una parte de su tradicional clientela conservadora en unos tiempos no sobrados de lectores. Ambos, sin embargo, han visto en la publicaci\u00f3n de esta exclusiva la prueba del nueve de la modernidad del diario y la demostraci\u00f3n de su compromiso con la verdad \u00abcaiga quien caiga\u00bb. Lo aparecido hasta ahora en\u00a0<em>ABC<\/em>\u00a0bien puede calificarse como la clave del arco de la corrupci\u00f3n del em\u00e9rito, piedra angular que cierra las especulaciones de quienes, desde una fidelidad mal entendida o una evidente mala fe, han pretendido en estos a\u00f1os poner en solfa las denuncias de la incalificable conducta real. A partir de ahora nadie podr\u00e1 alegar ignorancia, negar lo ocurrido o disculpar su extrema gravedad.<\/span><\/p>\n<p style=\"text-align: justify;\"><span style=\"font-size: 14pt;\">Tambi\u00e9n en esta semana hemos sabido que la\u00a0Fiscal\u00eda del Tribunal Supremo se dispone a anunciar en las pr\u00f3ximas semanas el archivo de las tres investigaciones prejudiciales\u00a0abiertas sobre el patrimonio del em\u00e9rito en el extranjero. Juan Carlos I no se ir\u00e1 de rositas, porque el decreto de archivo contendr\u00e1 una duro alegato contra su conducta -no hay otra forma de que un Gobierno social comunista se trague ese sapo-, hasta el punto de dar a entender que\u00a0<strong>los delitos efectivamente se cometieron pero su exoneraci\u00f3n resulta obligada a tenor de la inmunidad de la que ha gozado como Jefe del Estado<\/strong>\u00a0(art\u00edculo 56.3 de la Constituci\u00f3n sobre la inviolabilidad del Rey), por estar prescritos o por haber regularizado su situaci\u00f3n con el fisco (art\u00edculo 305.4 del C\u00f3digo Penal). No se ir\u00e1 de rositas, pero no se sentar\u00e1 en el banquillo y, mucho menos, ir\u00e1 a dar con sus huesos en la c\u00e1rcel. Ninguna sorpresa, cierto, porque un sistema tan endeble, tan quebradizo como el actual, con tantas v\u00edas de agua, rodeado de tantos enemigos, sostenido por tan febles defensas,\u00a0<strong>no podr\u00eda soportar una prueba semejante: la de ver condenado al supuesto fact\u00f3tum de nuestra democracia<\/strong>, al\u00a0<em>Deus ex machina<\/em>\u00a0de la transici\u00f3n.<\/span><\/p>\n<p style=\"text-align: justify;\"><span style=\"font-size: 14pt;\">Era lo esperado. Desde que el 3 de agosto de 2020\u00a0se hiciera p\u00fablica la \u00abhuida\u00bb\u00a0de Juan Carlos I de Espa\u00f1a (\u00abuna meditada decisi\u00f3n\u00bb, dec\u00eda el comunicado hecho p\u00fablico por la Casa del Rey, \u00abante la repercusi\u00f3n p\u00fablica de las noticias sobre sus cuentas en para\u00edsos fiscales y para contribuir a que su hijo,\u00a0Felipe VI, pueda desarrollar su funci\u00f3n desde la tranquilidad y el sosiego\u00bb), el Gobierno y el palacio de la Zarzuela comenzaron a trabajar en un acuerdo que permitiera desaguar de forma controlada el caudal de un esc\u00e1ndalo que amenazaba con reventar la presa llev\u00e1ndose todo por delante, mediante la apertura de un simulacro de investigaci\u00f3n judicial que se cerrar\u00eda, transcurrido un plazo razonable, con la exoneraci\u00f3n del Monarca de cualquier tipo de delito penal (inviolabilidad y prescripci\u00f3n) y\/o fiscal, a condici\u00f3n este \u00faltimo de que el afectado\u00a0regularizara su situaci\u00f3n con Hacienda. El \u00abpacto de la Zarzuela\u00bb lo firman el rey\u00a0<strong>Felipe VI<\/strong>\u00a0y el presidente del Gobierno,\u00a0<strong>Pedro S\u00e1nchez<\/strong>\u00a0(tiene su miga que haya terminado siendo \u00e9l el autor de la voladura controlada de un esc\u00e1ndalo sin parang\u00f3n en cualquiera de las Monarqu\u00edas europeas), y lo ejecutan\u00a0<strong>Jaime Alfons\u00edn<\/strong>, jefe de la Casa, y la vicepresidenta primera\u00a0<strong>Carmen Calvo<\/strong>. De la parodia de investigaci\u00f3n judicial se encarga la Fiscal General del Estado,\u00a0<strong>Dolores Delgado<\/strong>, la novia de\u00a0<strong>Baltasar Garz\u00f3n<\/strong>, y como fedatarios p\u00fablicos se apuntan una serie de personajes entre los cuales destaca el exdirector del CNI,\u00a0<strong>F\u00e9lix Sanz Rold\u00e1n<\/strong>,\u00a0hoy a sueldo de Iberdrola\u00a0pero en realidad ocupado en la representaci\u00f3n de los asuntos del rey em\u00e9rito en Espa\u00f1a, que es a lo que se ha dedicado el CNI a lo largo de su existencia:\u00a0<strong>a seguir el rastro de los terroristas de ETA y a ocultar la actuaci\u00f3n vergonzante, tanto en lo pecuniario como en lo sexual, de Juan Carlos de Borb\u00f3n<\/strong>.<\/span><\/p>\n<p>&nbsp;<\/p>\n<p style=\"text-align: center;\"><span style=\"color: #008000;\"><strong><span style=\"font-size: 14pt;\">Juan Carlos no se ir\u00e1 de rositas, pero no se sentar\u00e1 en el banquillo y, mucho menos, ir\u00e1 a dar con sus huesos en la c\u00e1rcel. Ninguna sorpresa<\/span><\/strong><\/span><\/p>\n<p>&nbsp;<\/p>\n<p style=\"text-align: justify;\"><span style=\"font-size: 14pt;\">Y, de hecho, en el momento procesal oportuno se avisa al presunto defraudador y a sus testaferros de la necesidad de regularizar su situaci\u00f3n con Hacienda para, dentro del mencionado art\u00edculo del C\u00f3digo Penal, proceder al completo reconocimiento y pago de la deuda tributaria antes de que el ministerio fiscal \u00abinterponga querella o denuncia\u00bb o \u00abrealice actuaciones que le permitan [al em\u00e9rito] tener conocimiento formal de la iniciaci\u00f3n de diligencias\u00bb.\u00a0<strong>Un chivatazo en toda la regla<\/strong>. Es as\u00ed como Juan Carlos I realiza hasta dos declaraciones ante la Agencia Tributaria, que suponen el desembolso de casi\u00a0680.000 euros\u00a0y de\u00a04,4 millones, sucesivamente. Como las supuestas indagaciones judiciales, con profusi\u00f3n de comisiones rogatorias, sobre los dineros del em\u00e9rito se alargaran en exceso o parecieran apuntar en direcci\u00f3n contraria a lo pactado (Zarzuela nunca ha terminado de fiarse, y hace bien, de que S\u00e1nchez, reh\u00e9n de comunistas y separatistas, fuera a cumplir lo acordado), el abogado del monarca,\u00a0<strong>Javier S\u00e1nchez-Junco<\/strong>, saltaba a la palestra para acusar a la Fiscal\u00eda de \u00abconculcar la presunci\u00f3n de inocencia\u00bb de su cliente, cuando no eran los fedatarios del pacto quienes, de forma m\u00e1s sutil, hac\u00edan saber su descontento, am\u00e9n de su desconcierto, filtrando en los medios noticias y\/o simples opiniones (\u00abdilaci\u00f3n inasumible de la investigaci\u00f3n de la Fiscal\u00eda a Juan Carlos I\u00bb, 6 de julio pasado en\u00a0<em>El Confidencial<\/em>)\u00a0<strong>advirtiendo al Gobierno de que la farsa se estaba alargando mucho y era preciso abreviar trance tan doloroso<\/strong>\u00a0como rescatar del banquillo y de la c\u00e1rcel, en su caso, a un sinverg\u00fcenza de tanto fuste como Juan Carlos de Borb\u00f3n.<\/span><\/p>\n<p style=\"text-align: justify;\"><span style=\"font-size: 14pt;\">Dicen las cr\u00f3nicas que el archivo de las investigaciones\u00a0abre la puerta al regreso a Espa\u00f1a\u00a0del regio \u00abindultado\u00bb,\u00a0<strong>un deseo con el que sus voceros vienen martilleando desde hace tiempo, insensibles todos al grave da\u00f1o causado a la Corona con su conducta<\/strong>\u00a0o tal vez pensando que el asunto se ha exagerado o, en el peor de los casos, lo ocurrido no pasa de ser pecadillo venial comparado con la magnitud de su obra como sumo hacedor de la democracia espa\u00f1ola. Y naturalmente que vendr\u00e1, aunque no a la Zarzuela (so pena de infligir la estocada definitiva a la instituci\u00f3n) porque all\u00ed no lo quieren, de all\u00ed le han echado con una patada en el culo, obligado Felipe a hacer con su padre lo que Juan Carlos hizo con el suyo, el conde de Barcelona, obligado, en fin, el rey Felipe a poner en marcha un control de da\u00f1os muy estricto para\u00a0<strong>evitar que la Corona se fuera por el alba\u00f1al del oprobio<\/strong>.\u00a0\u00a0<\/span><\/p>\n<p>&nbsp;<\/p>\n<p><img loading=\"lazy\" decoding=\"async\" class=\"aligncenter size-full wp-image-22999\" src=\"https:\/\/puntocritico.com\/ausajpuntocritico\/wp-content\/uploads\/2020\/06\/compi-yogui-volando-rkb-ok-670x363.png\" alt=\"\" width=\"600\" height=\"325\" data-id=\"22999\" srcset=\"https:\/\/puntocritico.com\/ausajpuntocritico\/wp-content\/uploads\/2020\/06\/compi-yogui-volando-rkb-ok-670x363.png 600w, https:\/\/puntocritico.com\/ausajpuntocritico\/wp-content\/uploads\/2020\/06\/compi-yogui-volando-rkb-ok-670x363-300x163.png 300w\" sizes=\"auto, (max-width: 600px) 100vw, 600px\" \/><\/p>\n<p>&nbsp;<\/p>\n<p style=\"text-align: justify;\"><span style=\"font-size: 14pt;\">Entrar\u00e1 y saldr\u00e1 cuando le pete. Vendr\u00e1 a un aeropuerto discreto, tal que el de Ciudad Real, desde donde se desplazar\u00e1 a las cercanas fincas que sus amigotes, los\u00a0<strong>Alcoceres<\/strong>\u00a0y\u00a0<strong>Abell\u00f3s<\/strong>\u00a0de turno, poseen en esa ancha zona comprendida entre los Montes de Toledo, Sierra Morena y buena parte de Extremadura,\u00a0fincas de caza mayor\u00a0de miles de hect\u00e1reas y casoplones de ensue\u00f1o. Acudir\u00e1 a solazarse con gente muy responsable, como cooperadores necesarios y\/o alcahuetes, de las tropel\u00edas por \u00e9l cometidas, un asunto sobre el que resulta ocioso incidir porque quien esto suscribe lo ha hecho ya en numerosas ocasiones (\u00abJuan Carlos I y los frutos del \u00e1rbol podrido\u00bb,\u00a0<em>Vozp\u00f3puli<\/em>\u00a0del 12 de julio de 2020, la \u00faltima).\u00a0<strong>Entrar\u00e1 y saldr\u00e1 cuando le parezca, aunque no se merece volver a pisar suelo espa\u00f1ol tras haber ofendido gravemente a los espa\u00f1oles<\/strong>. He aqu\u00ed un Borb\u00f3n que se ha ganado a pulso el destierro y morir donde injustamente murieron tantos espa\u00f1oles de bien a lo largo de los siglos arrojados de su pa\u00eds por pensar y escribir distinto al credo imperante o al monarca del momento. Morir en el exilio como muri\u00f3 su tatarabuela\u00a0<strong>Isabel II<\/strong>\u00a0o su abuelo\u00a0<strong>Alfonso XIII<\/strong>. Vendr\u00e1 y se ir\u00e1 y se enterar\u00e1n las autoridades pertinentes, pero el trasiego quedar\u00e1 vedado para el gran p\u00fablico. Y a vivir, que son dos d\u00edas.<\/span><\/p>\n<p>&nbsp;<\/p>\n<p style=\"text-align: center;\"><strong><span style=\"font-size: 14pt; color: #008000;\">He aqu\u00ed un Borb\u00f3n que se ha ganado a pulso el destierro y morir donde injustamente murieron tantos espa\u00f1oles de bien a lo largo de los siglos arrojados de su pa\u00eds por pensar y escribir distinto al credo imperante o al monarca del momento<\/span><\/strong><\/p>\n<p>&nbsp;<\/p>\n<p style=\"text-align: justify;\"><span style=\"font-size: 14pt;\">El espanto en la Zarzuela es comprensible. La publicaci\u00f3n en el diario\u00a0<em>ABC<\/em>\u00a0de los papeles de Manglano tienen a Alfons\u00edn y a su honorable jefe en un sin vivir, de susto en susto (a pesar de que en palacio han estado siempre al corriente de lo que se iba a publicar). Cada aparici\u00f3n en los medios de nuevos detalles sobre la conducta del em\u00e9rito contribuye a a\u00f1adir sucesivas paladas de tierra a la tumba en la que muchos aspiran a sepultar a una instituci\u00f3n hoy convertida en el \u00faltimo valladar capaz de contener la marea de quienes buscan acabar con la Espa\u00f1a constitucional<strong>. Tanta desgracia est\u00e1 convirtiendo a Felipe VI en un viejo prematuro<\/strong>. Su aspecto lo denuncia. La farsa de investigaci\u00f3n prejudicial sobre el em\u00e9rito y su consiguiente archivo no son sino\u00a0<strong>una nueva estaci\u00f3n del viacrucis que la Espa\u00f1a democr\u00e1tica se est\u00e1 viendo obligada a recorrer camino de su definitiva redenci\u00f3n. O perdici\u00f3n.\u00a0<\/strong>Ver a Juan Carlos I holgar libremente en sus \u00faltimos d\u00edas por tierra espa\u00f1ola es el sapo que la Espa\u00f1a liberal se va a tener que tragar sin rechistar, porque meter en la c\u00e1rcel al batracio supondr\u00eda abrir la caja de Pandora de los viejos horrores fratricidas. Jugar con fuego.\u00a0\u00a0\u00a0<\/span><\/p>\n<\/blockquote>\n<p>&nbsp;<\/p>\n<p><img loading=\"lazy\" decoding=\"async\" class=\"aligncenter wp-image-2229661\" src=\"https:\/\/puntocritico.com\/ausajpuntocritico\/wp-content\/uploads\/2021\/10\/la-familia-real-espanola-1978-1.jpg\" alt=\"\" width=\"360\" height=\"487\" data-id=\"2229661\" srcset=\"https:\/\/puntocritico.com\/ausajpuntocritico\/wp-content\/uploads\/2021\/10\/la-familia-real-espanola-1978-1.jpg 236w, https:\/\/puntocritico.com\/ausajpuntocritico\/wp-content\/uploads\/2021\/10\/la-familia-real-espanola-1978-1-222x300.jpg 222w\" sizes=\"auto, (max-width: 360px) 100vw, 360px\" \/><\/p>\n<p>&nbsp;<\/p>\n<p style=\"text-align: center;\"><strong><span style=\"color: #008000; font-size: 18pt;\">****<\/span><\/strong><\/p>\n<p>&nbsp;<\/p>\n<p><img loading=\"lazy\" decoding=\"async\" class=\"aligncenter wp-image-2229666 size-mh-magazine-content\" src=\"https:\/\/puntocritico.com\/ausajpuntocritico\/wp-content\/uploads\/2021\/10\/juan-carlos-enfadado-678x381.jpg\" alt=\"Juan Carlos I\" width=\"678\" height=\"381\" data-id=\"2229666\" \/><\/p>\n<p>&nbsp;<\/p>\n<p style=\"text-align: center;\"><strong><span style=\"color: #008000; font-size: 18pt;\">*******<\/span><\/strong><\/p>\n<h1 class=\"entry-title\" style=\"text-align: center;\"><span class=\"title-master\">Juan Carlos I y los frutos del \u00e1rbol podrido<\/span><\/h1>\n<p style=\"text-align: justify;\"><span style=\"font-size: 14pt;\">Por Jes\u00fas Cacho<\/span><\/p>\n<p style=\"text-align: justify;\"><a href=\"https:\/\/www.vozpopuli.com\/opinion\/opinion-jesus-cacho-rey-juan-carlos_0_1372363160.html\" target=\"_blank\" rel=\"noopener\" data-schema-attribute=\"\"><span style=\"font-size: 14pt;\">Vozpopuli<\/span><\/a><\/p>\n<p style=\"text-align: justify;\"><img loading=\"lazy\" decoding=\"async\" class=\"aligncenter wp-image-2229662 size-mh-magazine-content\" src=\"https:\/\/puntocritico.com\/ausajpuntocritico\/wp-content\/uploads\/2021\/10\/Emerito-678x381.jpg\" alt=\"\" width=\"678\" height=\"381\" data-id=\"2229662\" srcset=\"https:\/\/puntocritico.com\/ausajpuntocritico\/wp-content\/uploads\/2021\/10\/Emerito-678x381.jpg 678w, https:\/\/puntocritico.com\/ausajpuntocritico\/wp-content\/uploads\/2021\/10\/Emerito-300x169.jpg 300w, https:\/\/puntocritico.com\/ausajpuntocritico\/wp-content\/uploads\/2021\/10\/Emerito-1024x576.jpg 1024w, https:\/\/puntocritico.com\/ausajpuntocritico\/wp-content\/uploads\/2021\/10\/Emerito-768x432.jpg 768w, https:\/\/puntocritico.com\/ausajpuntocritico\/wp-content\/uploads\/2021\/10\/Emerito-610x343.jpg 610w, https:\/\/puntocritico.com\/ausajpuntocritico\/wp-content\/uploads\/2021\/10\/Emerito.jpg 1277w\" sizes=\"auto, (max-width: 678px) 100vw, 678px\" \/><\/p>\n<p>&nbsp;<\/p>\n<p style=\"text-align: justify;\"><span style=\"font-size: 14pt;\">A finales de la d\u00e9cada de los 70,\u00a0<strong>Manolo Prado y Col\u00f3n de Carvajal<\/strong>, intendente y guardi\u00e1n de todos los secretos de\u00a0<strong>Juan Carlos de Borb\u00f3n<\/strong>, se dedic\u00f3 a remitir una serie de misivas a diversos monarcas reinantes, particularmente del mundo \u00e1rabe, para pedirles dinero en nombre del Rey de Espa\u00f1a. Lo que Prado planteaba era una especie de derrama entre los riqu\u00edsimos reyes del petr\u00f3leo, demanda a la que la monarqu\u00eda saud\u00ed respondi\u00f3 favorablemente con la concesi\u00f3n de un cr\u00e9dito por importe de 100 millones de d\u00f3lares (unos 10.000 millones de pesetas de la \u00e9poca) a pagar en 10 a\u00f1os y sin intereses, presente que har\u00eda exclamar a\u00a0<strong>Juan de Borb\u00f3n,\u00a0<\/strong>conde de Barcelona, ante testigos: \u00abA m\u00ed esto que vais a hacer no me gusta nada\u00bb (p\u00e1gina 392 de\u00a0<em>El Negocio de la Libertad<\/em>, editorial Foca, 1998). Estaba claro que la familia real saud\u00ed le estaba haciendo al joven Rey de Espa\u00f1a un regalo no inferior al principal de ese cr\u00e9dito, puesto que, con los tipos de inter\u00e9s de la \u00e9poca, bastaba con depositar esos 100 millones en un banco para doblar esa cifra al cabo de los a\u00f1os pactados.<\/span><\/p>\n<p style=\"text-align: justify;\"><span style=\"font-size: 14pt;\">Pero, en lugar de administrar prudentemente esa suma que por s\u00ed sola hubiera convertido a Juan Carlos en una persona muy rica, Prado, un desastre como gestor, decidi\u00f3 invertirla en negocios ruinosos (tal que el proyecto urban\u00edstico Castillo de los Garciagos, en Jerez), de lo que result\u00f3 que transcurrido el plazo estipulado la Casa del Rey se vio en la tesitura de tener que devolver 100 millones de d\u00f3lares que no ten\u00eda. En contra de lo que Prado hubiera podido imaginar, los saud\u00edes estaban decididos a recuperar su dinero, tarea encomendada a un hermano del rey\u00a0<strong>Fahd<\/strong>\u00a0con espl\u00e9ndida mansi\u00f3n en la Costa del Sol, quien en el verano del 90 se encarg\u00f3 de volar a Palma para almorzar con los reyes en Marivent, intento que devino en fiasco porque Prado y el pr\u00edncipe\u00a0<strong>Chokotoua<\/strong>\u00a0acudieron a esperarlo al aeropuerto militar de Palma cuando el invitado aterriz\u00f3 con su\u00a0<em>jet<\/em>\u00a0en el civil, para reemprender el regreso a\u00a0<strong>Marbella<\/strong>\u00a0al no encontrar recibimiento. El enfado del monarca al enterarse de lo ocurrido se resolvi\u00f3 d\u00edas despu\u00e9s con una buena noticia: el rey Fahd conced\u00eda cinco a\u00f1os m\u00e1s de plazo para devolver el dinero. Parece que el quinquenio transcurri\u00f3 sin que Prado lograra el milagro, de modo que en el verano del 96, testigos a pares, el eco de la llegada a Palma del saud\u00ed reclamando el dinero se escuchaba hasta en las cocinas de Marivent: \u201c\u00a1Que viene el &#8216;moro cabreado&#8217; (sic) y quiere cobrar!\u201d.<\/span><\/p>\n<div id=\"sm-it-main-container-1633882813751\" class=\"sm-it-main-container\" data-it=\"b6e54df5-cdde-43b2-ace7-e226e31773e0\" data-device=\"desktop\" data-index=\"1\">\n<p style=\"text-align: justify;\"><span style=\"font-size: 14pt;\">Parece que al hoy rey em\u00e9rito le han gustado siempre las cifras redondas. Los 100 millones de d\u00f3lares, por ejemplo, le encantan. Cien millones fue lo que recibi\u00f3 Prado y Col\u00f3n de Carvajal del\u00a0<strong>grupo KIO<\/strong>, reconocido por el afectado en sede judicial, con ocasi\u00f3n de la invasi\u00f3n de Kuwait por las tropas de\u00a0<strong>Sadam Hussein<\/strong>. Los pagos se justificaron en el emirato por la necesidad de que, durante la llamada operaci\u00f3n \u00abTormenta del Desierto\u00bb destinada a reponer a la familia\u00a0<strong>Al Sabah<\/strong>\u00a0en el trono, la aviaci\u00f3n norteamericana pudiera utilizar sin cortapisas las bases a\u00e9reas espa\u00f1olas de Rota y Torrej\u00f3n. Testigo privilegiado,\u00a0<strong>Sabino Fern\u00e1ndez Campo<\/strong>, entonces jefe de la Casa del Rey, a quien un d\u00eda el propio Juan Carlos encomend\u00f3 la tarea de acercarse a la lujosa residencia en Madrid del financiero\u00a0<strong>Javier de la Rosa,<\/strong>\u00a0el pagador de la coima, con un escueto mensaje:<\/span><\/p>\n<p style=\"text-align: justify;\"><span style=\"font-size: 14pt;\">-Vas a ir a ver a De la Rosa al n\u00famero 47 del Paseo de la Castellana y le vas a decir que, de parte del Rey, todo est\u00e1 arreglado y que muchas gracias.<\/span><\/p>\n<p style=\"text-align: justify;\"><span style=\"font-size: 14pt;\">Para Manolo Prado,\u00a0<em>the servant<\/em>, el valido por antonomasia, pedir dinero lleg\u00f3 a convertirse en algo habitual durante los primeros a\u00f1os de la Transici\u00f3n. Ped\u00eda para \u201cmon patron\u201d, \u201cmon ami le patr\u00f3n\u201d, \u201csa majest\u00e9\u201d, pero tambi\u00e9n para \u201csalvar la democracia\u201d, para ayudar a financiar las campa\u00f1as de la\u00a0<strong>UCD<\/strong>\u00a0(nominado por\u00a0<strong>Adolfo Su\u00e1rez<\/strong>, puesto que el abulense no hablaba ingl\u00e9s), para usar las bases a\u00e9reas\u2026 Y lo hac\u00eda siempre con el Gobierno de Espa\u00f1a por ariete, y naturalmente con la propia instituci\u00f3n mon\u00e1rquica, sin reparar en eventuales da\u00f1os para el prestigio de ambas instituciones. En el imaginario colectivo late la idea de que Juan Carlos, que de ni\u00f1o vivi\u00f3 las estrecheces con las que su padre, Don Juan de Borb\u00f3n, mantuvo en el exilio de Estoril su peque\u00f1a corte no afecta al franquismo, a menudo necesitado del socorro de una serie de familias de la antigua nobleza, se jurament\u00f3 para no volver a pasar penuria alguna en reedici\u00f3n del \u201c\u00a1a Dios pongo por testigo que jam\u00e1s volver\u00e9 a pasar hambre!\u201d pronunciado por la hero\u00edna de\u00a0<em>Lo que el viento se llev\u00f3<\/em>, hasta el punto de convertir la acumulaci\u00f3n de dinero en una enfermedad, una obsesi\u00f3n rozando lo enfermizo, una patolog\u00eda absurda puesto que el monarca constitucional de un pa\u00eds desarrollado como Espa\u00f1a ten\u00eda mil formas, al margen de la confortable asignaci\u00f3n que le otorgan los\u00a0<strong>PGE<\/strong>, de labrarse un \u201cbuen pasar\u201d sin necesidad de corromperse, sin necesidad arrastrar por el barro el buen nombre de la Monarqu\u00eda y el de Espa\u00f1a, a la que como jefe del Estado representa. Sin necesidad de ofender al noble pueblo espa\u00f1ol que siempre confi\u00f3 en \u00e9l.<\/span><\/p>\n<p>&nbsp;<\/p>\n<blockquote class=\"mce-pullquote\">\n<p style=\"text-align: center;\"><strong><span style=\"font-size: 14pt; color: #008000;\">Echar las culpas de lo ocurrido al em\u00e9rito en exclusiva es caer en el cinismo de la equidistancia y faltar a la verdad<\/span><\/strong><\/p>\n<\/blockquote>\n<p>&nbsp;<\/p>\n<p style=\"text-align: justify;\"><span style=\"font-size: 14pt;\">Aquel monarca \u201cpobre\u201d que en 1975 se hizo cargo de la Corona de Espa\u00f1a y tres a\u00f1os despu\u00e9s jur\u00f3 la Constituci\u00f3n es hoy un hombre muy rico, con una fortuna que el norteamericano\u00a0<em>NYT<\/em>\u00a0estim\u00f3 en su d\u00eda en m\u00e1s de 2.000 millones de d\u00f3lares. Naturalmente que en esa tarea no ha estado solo. Echar las culpas de lo ocurrido al em\u00e9rito en exclusiva es caer en el cinismo de la equidistancia y faltar a la verdad. Aqu\u00ed ha habido muchos culpables. Para hacerse millonario, el monarca ha contado con la colaboraci\u00f3n activa de todo un pa\u00eds, o por lo menos de sus elites pol\u00edticas y econ\u00f3micas, y naturalmente tambi\u00e9n de unos medios que han participado activamente en la ocultaci\u00f3n de lo que estaba ocurriendo. No se trata s\u00f3lo de Prado, de\u00a0<strong>Ruiz Mateos<\/strong>, de\u00a0<strong>Mario Conde<\/strong>, de Javier de la Rosa, de\u00a0<strong>Josep Cus\u00ed<\/strong>\u00a0y de tantos otros. Se trata de los banqueros, de\u00a0<strong>Alfonso Esc\u00e1mez<\/strong>\u00a0a\u00a0<strong>Emilio Ybarra<\/strong>, que una ma\u00f1ana s\u00ed y otra tambi\u00e9n descolgaban el tel\u00e9fono para atender el correspondiente pedido que \u00e9l personalmente, o su valido, se encargaban de transmitir. Se trata de los grandes empresarios del Ibex, cuyas cuitas en el exterior se encargaba de resolver la mayor parte de las veces a cambio de una comisi\u00f3n, como en el caso de la\u00a0construcci\u00f3n de la l\u00ednea de alta velocidad entre Medina y La Meca, asunto de actualidad.<\/span><\/p>\n<p style=\"text-align: justify;\"><span style=\"font-size: 14pt;\">Multitud de negocios oscuros que han pasado desapercibidos para la opini\u00f3n p\u00fablica y en los que se hizo presente la larga mano de Juan Carlos I. La compra en 2003 del Banco Zaragozano, mayoritariamente controlado (40%) por\u00a0<strong>Alberto Cortina<\/strong>\u00a0y\u00a0<strong>Alberto Alcocer<\/strong>, por parte de Barclays Bank, filial espa\u00f1ola del grupo brit\u00e1nico Barclays, en una operaci\u00f3n de 1.400 millones. Ocurri\u00f3 que una vez alcanzado el acuerdo y tras el correspondiente\u00a0<em>due diligence<\/em>, los brit\u00e1nicos descubrieron todo tipo de gatuperios en las tripas de la entidad, motivo por el cual decidieron romper el trato. De hacerles volver al redil se encarg\u00f3 el propio rey de Espa\u00f1a, que a cambio de su mediaci\u00f3n recibi\u00f3 una comisi\u00f3n de 50 millones ingresada en la cuenta suiza de su primo\u00a0<strong>\u00c1lvaro de Orleans-Borb\u00f3n<\/strong>. Cinco a\u00f1os despu\u00e9s, febrero de 2008, el\u00a0Tribunal Constitucional\u00a0fall\u00f3 a favor de susodichos\u00a0<em>Albertos<\/em>\u00a0en el \u201ccaso Urbanor\u201d, al anular, por supuesta prescripci\u00f3n de los delitos, la condena que les hab\u00eda impuesto el Tribunal Supremo, evitando de esta manera su ingreso en prisi\u00f3n.<\/span><\/p>\n<h2 style=\"text-align: justify;\"><span style=\"font-size: 14pt;\">Un secreto a voces<\/span><\/h2>\n<p style=\"text-align: justify;\"><span style=\"font-size: 14pt;\">La larga mano del monarca hab\u00eda penetrado en la sala de togas del TC. Como ocurriera con\u00a0<strong>Isabel II<\/strong>\u00a0y con el propio\u00a0<strong>Alfonso XIII,<\/strong>\u00a0la corrupci\u00f3n real ha llegado a interferir en el normal funcionamiento de las instituciones del Estado. Para entonces,\u00a0<strong>Alcocer<\/strong>\u00a0se hab\u00eda convertido en el mejor amigo del monarca, al punto de haber pasado a ocupar como intendente real el espacio vac\u00edo dejado en la agenda del monarca por la retirada de Prado. Todo esto, y mucho m\u00e1s, se sab\u00eda. Las \u201cfaza\u00f1as\u201d perpetradas durante 40 a\u00f1os de Juan Carlos de Borb\u00f3n las sab\u00eda todo el que deb\u00eda saberlas. Eran un secreto a voces en el \u201cestablishment\u201d patrio. Es el caso de los sucesivos presidentes del Gobierno, que consintieron, y sus equipos, todos perfectamente al corriente de los esfuerzos, y el dinero, empleado por el\u00a0<strong>CESID<\/strong>, ahora\u00a0CNI, en ocultar los negocios del monarca y proteger con un manto de silencio \u2013el general\u00a0<strong>Sanz Rold\u00e1n<\/strong>, jefe de los servicios de inteligencia, y su cobarde silencio, juicio extensible a los\u00a0<strong>Manglano\u00a0<\/strong>que le precedieron-, su escandalosa vida privada, la incontinencia sexual de un hombre convertido en perfecto ep\u00edgono de\u00a0<strong>Isabel II<\/strong>, aquella mujer toda lascivia que se pas\u00f3 por la piedra a la mitad del cuerpo de guardia de palacio.<\/span><\/p>\n<p>&nbsp;<\/p>\n<blockquote class=\"mce-pullquote\">\n<p style=\"text-align: center;\"><span style=\"color: #008000;\"><strong><span style=\"font-size: 14pt;\">El rey se ha movido en un entorno insano, rodeado de aduladores cortesanos, de millonarios arquetipos del \u201ccapitalismo de amiguetes\u201d madrile\u00f1o dispuestos a rif\u00e1rselo en las monter\u00edas<\/span><\/strong><\/span><\/p>\n<\/blockquote>\n<p>&nbsp;<\/p>\n<p style=\"text-align: justify;\"><span style=\"font-size: 14pt;\">El rey se ha movido en un entorno insano, rodeado de aduladores cortesanos, de millonarios arquetipos del \u201ccapitalismo de amiguetes\u201d madrile\u00f1o dispuestos a rif\u00e1rselo en las monter\u00edas que organizaban en sus lujosas fincas de los Montes de Toledo, escenario del que cabe salvar a un hombre de honor como\u00a0<strong>Jos\u00e9 Joaqu\u00edn Puig de la Bellacasa<\/strong>, ex secretario general de la Casa, quien decidi\u00f3 poner pies en polvorosa tras comprobar, verano del 91, los horrores de la corte palmesana entonces dominada por\u00a0<strong>Marta Gay\u00e1<\/strong>, la primera de las famosas \u201cnovias\u201d del monarca. Tras la retirada de Sabino,\u00a0<strong>Azas<\/strong>,\u00a0<strong>Almansas<\/strong>\u00a0y\u00a0<strong>Spottornos<\/strong>\u00a0fueron incapaces de poner orden en Zarzuela. En el\u00a0<em>Guinness<\/em>\u00a0de la impudicia figurar\u00e1 para siempre el hecho de haber mantenido durante a\u00f1os a la \u00faltima de sus queridas,\u00a0<strong>Corinna Larsen<\/strong>, instalada en un lujoso chal\u00e9 situado dentro del recinto palaciego, a escasos metros de donde la leg\u00edtima,\u00a0<strong>Sof\u00eda de Grecia<\/strong>, entreten\u00eda su soledad ojeando la revista\u00a0<em>\u00a1Hola!<\/em>\u00a0en torno a una mesa camilla junto a su hermana\u00a0<strong>Irene<\/strong>.<\/span><\/p>\n<p style=\"text-align: justify;\"><span style=\"font-size: 14pt;\">Produce sonrojo, por eso, el asombro impostado exhibido por alg\u00fan cretino cuando asegura que lo publicado estos d\u00edas \u201ccambiar\u00e1 para siempre la percepci\u00f3n que los espa\u00f1oles tienen de quien ha sido Jefe del Estado durante cuatro d\u00e9cadas\u201d. Lo sab\u00eda la elite financiara, colaboradora necesaria, y lo sab\u00eda tambi\u00e9n la pol\u00edtica, sin cuya connivencia no hubiera sido posible el saqueo. Lo sab\u00edan los due\u00f1os de los grupos de comunicaci\u00f3n, con\u00a0<strong>Jes\u00fas Polanco<\/strong>\u00a0y el entorno de PRISA a la cabeza, naturalmente\u00a0<strong>Juan Luis Cebri\u00e1n<\/strong>, un grupo sin el cual no ser\u00eda posible entender la Transici\u00f3n. Lo sab\u00edan, en suma, todos los que hicieron de la libertad un negocio, responsables de haber frustrado, maldito\u00a0<em>parn\u00e9<\/em>, las ansias de libertad y democracia de los espa\u00f1oles tras 40 a\u00f1os de dictadura. Asediado por la recalada del asunto de los GAL en los tribunales,\u00a0<strong>Felipe Gonz\u00e1lez<\/strong>\u00a0amag\u00f3 con destapar los esc\u00e1ndalos reales ante el riesgo de ir a dar con sus huesos en la c\u00e1rcel. Los mensajes de un Felipe acorralado causaron gran conmoci\u00f3n en Zarzuela, d\u00f3nde en alg\u00fan momento se temi\u00f3 que llegara a tirar de la manta -\u00bfestaba el rey al tanto del montaje de los GAL?- poniendo en peligro todo el edificio constitucional. Al final, Felipe se limit\u00f3 a acompa\u00f1ar a\u00a0<strong>Barrionuevo<\/strong>\u00a0y\u00a0<strong>Vera\u00a0<\/strong>a las puertas de la c\u00e1rcel y a fumarse un puro. Sus cr\u00edticas a Juan Carlos (\u201ces que est\u00e1 cometiendo errores garrafales\u201d; \u201ces que\u00a0<strong>Aznar<\/strong>\u00a0le tiene muy suelto\u201d \u2013a partir de 1996-) se tornaron en un c\u00ednico mirar hacia otro lado:<\/span><\/p>\n<p style=\"text-align: justify;\"><span style=\"font-size: 14pt;\">-que haga lo que quiera, a m\u00ed qu\u00e9 me importa. \u00a1A ver si voy a hacer yo ahora de ni\u00f1era! \u2013frase dicha a cuenta de la iniciativa de un grupo de empresarios mallorquines de regalar al monarca un nuevo\u00a0<em>Fortuna<\/em>.<\/span><\/p>\n<p style=\"text-align: justify;\"><span style=\"font-size: 14pt;\">La maldici\u00f3n de la Transici\u00f3n. El mal fario de un sistema montado en torno a una derecha moderada y un socialismo de corte socialdem\u00f3crata, m\u00e1s la inevitable inserci\u00f3n de los nacionalismos catal\u00e1n y vasco, herederos todos de las nueces del franquismo. Y un legalizado\u00a0<strong>PCE<\/strong>, pieza imprescindible para lograr el\u00a0<em>nihil obstat<\/em>\u00a0democr\u00e1tico. Con el Rey en la c\u00faspide, cual guinda coronando el pastel. El PSOE se reconfigur\u00f3 en torno a la figura de Felipe, con la ayuda de la socialdemocracia alemana y el Departamento de Estado yanqui. Felipe hizo el PSOE y Felipe lo deshizo, dej\u00e1ndolo en los huesos a su retirada, al punto de que el PSOE de\u00a0<strong>S\u00e1nchez<\/strong>\u00a0no tiene nada que ver con el que conocimos.\u00a0<strong>Jos\u00e9 Mar\u00eda Aznar<\/strong>\u00a0fue capaz de agrupar bajo una misma bandera a las tribus dispersas de la derecha para llevarlas a gobernar por mayor\u00eda absoluta, pero dej\u00f3 el PP en manos de un incompetente que arruin\u00f3 el partido y sirvi\u00f3 el poder en bandeja a su mayor enemigo. Aznar hizo el PP y Aznar lo deshizo. De la Convergencia de\u00a0<strong>Jordi Pujol<\/strong>\u00a0no quedan ni las raspas, consumida en la hoguera de las vanidades del dinero, con el propio patriarca salvado por la campana de los secretos que guarda con celo exquisito. Y el PCE ha desaparecido del mapa. Solo resiste el\u00a0PNV, siempre las siglas por delante de las personas, convertido en un r\u00e9gimen de partido \u00fanico en el Pa\u00eds Vasco.<\/span><\/p>\n<h2 style=\"text-align: justify;\"><span style=\"font-size: 14pt;\">Org\u00eda de sexo y dinero<\/span><\/h2>\n<p style=\"text-align: justify;\"><span style=\"font-size: 14pt;\">El rey em\u00e9rito se ha puesto a la cabeza del cortejo f\u00fanebre, tras quebrar el brillante inicio de su reinado. Su voluntad, en efecto, result\u00f3 determinante para impulsar la restauraci\u00f3n de una monarqu\u00eda parlamentaria capaz de reinar sin gobernar, olvidando las pulsiones absolutistas tan queridas por la dinast\u00eda a lo largo de siglos. Por primera vez en la historia de Espa\u00f1a, un Borb\u00f3n no solo no hab\u00eda sido un \u201cobst\u00e1culo tradicional\u201d para la liberalizaci\u00f3n y democratizaci\u00f3n del pa\u00eds, sino su primer acicate. Por desgracia, esa hoja de servicios inici\u00e1tica se perdi\u00f3 pronto en la org\u00eda de sexo y dinero que ha presidido la mayor parte de su reinado. \u00c9l devolvi\u00f3 la vida a una dinast\u00eda agostada, y \u00e9l la deja malherida, casi muerta. \u00c9l la hizo y \u00e9l la deshizo, al punto de que, a pesar de la ausencia hoy en Espa\u00f1a de cualquier tipo de republicanismo liberal y democr\u00e1tico, ser\u00e1 muy dif\u00edcil que Felipe VI consiga sortear los baj\u00edos de esta crisis y conducir la nave de nuevo a mar abierto. Los esc\u00e1ndalos del juancarlismo son, en realidad, el mascar\u00f3n de proa del fracaso de todo un r\u00e9gimen, la evidencia de una clase pol\u00edtica que ha puesto en almoneda la democracia parlamentaria, y la irresponsabilidad de unos partidos incapaces de haber abordado la regeneraci\u00f3n del sistema desde dentro. Juan Carlos y los frutos del \u00e1rbol podrido.<\/span><\/p>\n<p style=\"text-align: justify;\"><span style=\"font-size: 14pt;\">Desde que a finales de los ochenta empec\u00e9 a conocer lo que ocurr\u00eda en la Zarzuela y su entorno, siempre tem\u00ed el d\u00eda en que las andanzas del monarca llegaran al dominio p\u00fablico. Ese d\u00eda ha llegado, y en el peor momento posible. En el punto m\u00e1s bajo de una Espa\u00f1a sin rumbo. Con un Gobierno poco amigo de la Constituci\u00f3n del 78, cuya clave del arco descansa precisamente sobre la instituci\u00f3n mon\u00e1rquica, raz\u00f3n que explica los ataques que sufre por parte de\u00a0Podemos, tolerados, si no compartidos, por un presidente del Gobierno cuyos perfiles ideol\u00f3gicos se confunden hoy con los de\u00a0<strong>Pablo Iglesias<\/strong>. La filtraci\u00f3n desde el ministerio de Justicia de las declaraciones suizas de Larsen y\u00a0<strong>Dante Canonica<\/strong>\u00a0apuntan a una nueva maniobra del Gobierno de Pedro &amp; Pablo para ocultar el \u201ccaso\u00a0<strong>Dina Bousselham\u201d<\/strong>, tan\u00a0desestabilizador tanto para Pablo como para Pedro. Todo a costa de socavar los cimientos de la instituci\u00f3n mon\u00e1rquica. Las presiones del Ejecutivo sobre Felipe VI y su entorno son notables estos d\u00edas, al punto de que el heredero tendr\u00e1 que optar por separarse definitivamente de su padre, un hombre que despu\u00e9s de haber tenido todo un pa\u00eds a sus pies, de haber robado mucho y haber fornicado m\u00e1s, parece\u00a0condenado a terminar sus d\u00edas en el exilio, como su abuelo Alfonso XIII y como su tatarabuela Isabel II. Los ecos del pasado iluminando el presente.<\/span><\/p>\n<p>&nbsp;<\/p>\n<blockquote class=\"mce-pullquote\">\n<p style=\"text-align: center;\"><span style=\"color: #008000;\"><strong><span style=\"font-size: 14pt;\">Si esta monarqu\u00eda sobrevive ser\u00e1 cosa de milagro. Pero Felipe VI es hoy bastante m\u00e1s que un rey constitucional<\/span><\/strong><\/span><\/p>\n<\/blockquote>\n<p>&nbsp;<\/p>\n<p style=\"text-align: justify;\"><span style=\"font-size: 14pt;\">Si esta monarqu\u00eda sobrevive ser\u00e1 cosa de milagro. Pero Felipe VI es hoy bastante m\u00e1s que un rey constitucional: es el rompeolas que protege la libertad y la convivencia entre espa\u00f1oles, y tambi\u00e9n la garant\u00eda de su prosperidad, condici\u00f3n unida a la unidad de la naci\u00f3n. M\u00e1s all\u00e1 de discusiones doctrinales y del natural rechazo que pueda provocar una instituci\u00f3n que tiene en la herencia su pilar fundacional, los espa\u00f1oles se enfrentan a la disyuntiva de optar entre una presidencia de la III Rep\u00fablica ocupada por un Gonz\u00e1lez o un Aznar (otras opciones a mano son inimaginables) y una monarqu\u00eda representada por Felipe VI, el mejor de los Borbones conocidos. A pesar de las deficiencias de esta democracia por regenerar, los espa\u00f1oles han vivido los mejores 50 a\u00f1os de su larga historia. Espa\u00f1a no se parece en nada al pa\u00eds de analfabetismo y miseria que era en 1936 e incluso en 1975. Porque las sociedades libres son capaces de progresar imparables por encima de los errores de sus clases dirigentes. Eso es lo que est\u00e1 en juego. Con toda humildad, siempre he pensado que la obligaci\u00f3n moral de los espa\u00f1oles de buena voluntad consiste hoy m\u00e1s que nunca en preservar lo conseguido y continuar en la tarea de crear nuevos espacios de libertad y progreso, para transmitir a las generaciones futuras el mejor pa\u00eds posible. Y que sean ellas quienes se encarguen de dilucidar el viejo dilema entre monarqu\u00eda y rep\u00fablica.<\/span><\/p>\n<\/div>\n<p>&nbsp;<\/p>\n<figure id=\"attachment_2229660\" aria-describedby=\"caption-attachment-2229660\" style=\"width: 480px\" class=\"wp-caption aligncenter\"><img loading=\"lazy\" decoding=\"async\" class=\"wp-image-2229660\" src=\"https:\/\/puntocritico.com\/ausajpuntocritico\/wp-content\/uploads\/2021\/10\/la-familia-real-espanola-1978-2.jpg\" alt=\"\" width=\"480\" height=\"596\" data-id=\"2229660\" srcset=\"https:\/\/puntocritico.com\/ausajpuntocritico\/wp-content\/uploads\/2021\/10\/la-familia-real-espanola-1978-2.jpg 1200w, https:\/\/puntocritico.com\/ausajpuntocritico\/wp-content\/uploads\/2021\/10\/la-familia-real-espanola-1978-2-241x300.jpg 241w, https:\/\/puntocritico.com\/ausajpuntocritico\/wp-content\/uploads\/2021\/10\/la-familia-real-espanola-1978-2-824x1024.jpg 824w, https:\/\/puntocritico.com\/ausajpuntocritico\/wp-content\/uploads\/2021\/10\/la-familia-real-espanola-1978-2-768x954.jpg 768w, https:\/\/puntocritico.com\/ausajpuntocritico\/wp-content\/uploads\/2021\/10\/la-familia-real-espanola-1978-2-610x758.jpg 610w\" sizes=\"auto, (max-width: 480px) 100vw, 480px\" \/><figcaption id=\"caption-attachment-2229660\" class=\"wp-caption-text\"><span style=\"color: #008000;\">Formally and informally, the family of Spain&#8217;s Prince Juan Carlos de Bourbon were presented in these newly made pictures from the Zarzuela Palace during January 1975. With Prince Juan Carols is his wife, Princess Sofia and their three children, Princess Elena, the eldest daughter, Princess Christina and Prince Felipe. (AP-PHOTO)<\/span><\/figcaption><\/figure>\n<p>&nbsp;<\/p>\n<p><a href=\"https:\/\/puntocritico.com\/ausajpuntocritico\/author\/punto-critico\/\"><img loading=\"lazy\" decoding=\"async\" class=\"aligncenter wp-image-9528\" src=\"https:\/\/puntocritico.com\/ausajpuntocritico\/wp-content\/uploads\/2018\/03\/Mosca_Punto_Cr\u00edtico_40.png\" alt=\"\" width=\"80\" height=\"80\" data-id=\"9528\" \/><\/a><\/p>\n<p>&nbsp;<\/p>\n<p>&nbsp;<\/p>\n","protected":false},"excerpt":{"rendered":"<div class=\"mh-excerpt\"><p>Juan Carlos I no se sentar\u00e1 en el banquillo Por Jes\u00fas Cacho Vozpopuli &nbsp; En el oto\u00f1o de 1998, con motivo de la publicaci\u00f3n de &#8216;El Negocio de la Libertad&#8217; (Ed. Foca),\u00a0Federico Jim\u00e9nez Losantos\u00a0me entrevist\u00f3 <a class=\"mh-excerpt-more\" href=\"https:\/\/puntocritico.com\/ausajpuntocritico\/2021\/10\/25\/juan-carlos-i-no-se-sentara-en-el-banquillo-por-jesus-cacho\/\" title=\"\u00bfINMUNIDAD DE JUAN CARLOS I O IMPUNIDAD DE SU CORTE DE CORRUPTOS? Con Corrupci\u00f3n y sin Justicia no puede existir un Estado de Derecho. \u00abJuan Carlos I no se sentar\u00e1 en el banquillo: Los frutos del \u00e1rbol podrido\u00bb, por Jes\u00fas Cacho.\">[&#8230;]<\/a><\/p>\n<\/div>","protected":false},"author":3,"featured_media":2229665,"comment_status":"open","ping_status":"closed","sticky":false,"template":"","format":"standard","meta":{"_acf_changed":false,"_exactmetrics_skip_tracking":false,"_exactmetrics_sitenote_active":false,"_exactmetrics_sitenote_note":"","_exactmetrics_sitenote_category":0,"footnotes":""},"categories":[12,6],"tags":[40],"class_list":{"0":"post-2229658","1":"post","2":"type-post","3":"status-publish","4":"format-standard","5":"has-post-thumbnail","7":"category-corrupcion","8":"category-justicia","9":"tag-regimen-del-78"},"acf":[],"_links":{"self":[{"href":"https:\/\/puntocritico.com\/ausajpuntocritico\/wp-json\/wp\/v2\/posts\/2229658","targetHints":{"allow":["GET"]}}],"collection":[{"href":"https:\/\/puntocritico.com\/ausajpuntocritico\/wp-json\/wp\/v2\/posts"}],"about":[{"href":"https:\/\/puntocritico.com\/ausajpuntocritico\/wp-json\/wp\/v2\/types\/post"}],"author":[{"embeddable":true,"href":"https:\/\/puntocritico.com\/ausajpuntocritico\/wp-json\/wp\/v2\/users\/3"}],"replies":[{"embeddable":true,"href":"https:\/\/puntocritico.com\/ausajpuntocritico\/wp-json\/wp\/v2\/comments?post=2229658"}],"version-history":[{"count":0,"href":"https:\/\/puntocritico.com\/ausajpuntocritico\/wp-json\/wp\/v2\/posts\/2229658\/revisions"}],"wp:featuredmedia":[{"embeddable":true,"href":"https:\/\/puntocritico.com\/ausajpuntocritico\/wp-json\/wp\/v2\/media\/2229665"}],"wp:attachment":[{"href":"https:\/\/puntocritico.com\/ausajpuntocritico\/wp-json\/wp\/v2\/media?parent=2229658"}],"wp:term":[{"taxonomy":"category","embeddable":true,"href":"https:\/\/puntocritico.com\/ausajpuntocritico\/wp-json\/wp\/v2\/categories?post=2229658"},{"taxonomy":"post_tag","embeddable":true,"href":"https:\/\/puntocritico.com\/ausajpuntocritico\/wp-json\/wp\/v2\/tags?post=2229658"}],"curies":[{"name":"wp","href":"https:\/\/api.w.org\/{rel}","templated":true}]}}