{"id":2229304,"date":"2025-11-07T00:05:32","date_gmt":"2025-11-06T23:05:32","guid":{"rendered":"https:\/\/puntocritico.com\/ausajpuntocritico\/?p=2229304"},"modified":"2025-11-07T14:41:47","modified_gmt":"2025-11-07T13:41:47","slug":"el-pulidor-de-lentes","status":"publish","type":"post","link":"https:\/\/puntocritico.com\/ausajpuntocritico\/2025\/11\/07\/el-pulidor-de-lentes\/","title":{"rendered":"EL PULIDOR DE LENTES: \u00abConsideraciones sobre vida y pensamiento de Baruch Spinoza\u00bb, por Guillermo Arcila-Arango (1977)"},"content":{"rendered":"<p style=\"text-align: justify;\"><span style=\"font-size: 14pt; color: #008000;\">EL PULIDOR DE LENTES<\/span><\/p>\n\n<div class=\"itemToolbar\" style=\"text-align: center;\">\u00a0<\/div>\n<h2 style=\"text-align: center;\"><span style=\"font-size: 24pt; font-family: georgia, palatino, serif;\"><strong><strong>EL PULIDOR DE LENTES: <\/strong><\/strong><strong>Consideraciones sobre vida y pensamiento de Baruch Spinoza<\/strong><\/span><\/h2>\n<p style=\"text-align: justify;\"><span style=\"font-size: 14pt;\">Por <a href=\"https:\/\/www.revistaaleph.com.co\/guillermo-arcila-psicoanalista-freudiano-y-humanista-sin-fronteras\/\" target=\"_blank\" rel=\"noopener\" data-schema-attribute=\"\">Guillermo Arcila-Arango<\/a><\/span><\/p>\n<div class=\"itemToolbar\" style=\"text-align: justify;\"><img loading=\"lazy\" decoding=\"async\" class=\"aligncenter wp-image-947011\" src=\"https:\/\/puntocritico.com\/ausajpuntocritico\/wp-content\/uploads\/2020\/09\/Spinoza-la-democracia-racional-OK.jpg\" alt=\"EL PULIDOR DE LENTES\" width=\"480\" height=\"270\" data-id=\"947011\" srcset=\"https:\/\/puntocritico.com\/ausajpuntocritico\/wp-content\/uploads\/2020\/09\/Spinoza-la-democracia-racional-OK.jpg 678w, https:\/\/puntocritico.com\/ausajpuntocritico\/wp-content\/uploads\/2020\/09\/Spinoza-la-democracia-racional-OK-300x169.jpg 300w, https:\/\/puntocritico.com\/ausajpuntocritico\/wp-content\/uploads\/2020\/09\/Spinoza-la-democracia-racional-OK-610x343.jpg 610w\" sizes=\"auto, (max-width: 480px) 100vw, 480px\" \/><\/div>\n<p>&nbsp;<\/p>\n<p style=\"text-align: justify;\"><span style=\"font-family: arial, helvetica, sans-serif; font-size: 14pt; text-align: justify;\">Comentadores superficiales de <strong>Spinoza<\/strong>, por ejemplo <strong>Voltaire<\/strong>, as\u00ed como el enciclopedista <strong>Bayle<\/strong> en su diccionario filos\u00f3fico, hablan con desprecio y con horror de su pensamiento. Por lecturas ligeras de su obra, se le ha tratado de destructor de la moralidad tradicional y de ateo.<\/span><\/p>\n<div class=\"itemBody\">\n<div class=\"itemIntroText\" style=\"text-align: justify;\">\n<div><span style=\"font-family: arial, helvetica, sans-serif; font-size: 14pt;\"><strong>Spinoza<\/strong> naci\u00f3 en <em>Amsterdam<\/em> el<em> 24 de noviembre de 1632<\/em>, en el seno de una familia acomodada, de confesi\u00f3n jud\u00eda, que hab\u00eda emigrado de la pen\u00ednsula Ib\u00e9rica, a ra\u00edz de las <em>persecuciones<\/em> <em>religiosas<\/em> que produjeron tantas muertes y tanta destrucci\u00f3n de riquezas y de valores, como las que se experimentaron hace pocas d\u00e9cadas en acciones antisemitas, por los nazis.\u00a0<\/span><\/div>\n<div>\u00a0<\/div>\n<div><span style=\"font-family: arial, helvetica, sans-serif; font-size: 14pt;\">Los abuelos y los padres de <strong>Spinoza<\/strong> permanecieron en <em>Espa\u00f1a<\/em> y <em>Portugal<\/em> como <em>cripto-jud\u00edos<\/em>, que para preservar vida y bienes hac\u00edan p\u00fablica confesi\u00f3n de fe cat\u00f3lica, pero conservaban en el fondo de sus corazones y en el interior de sus hogares la confesi\u00f3n tradicional jud\u00eda.<\/span><\/div>\n<div>\u00a0<\/div>\n<\/div>\n<\/div>\n<div>\u00a0<\/div>\n<div><img loading=\"lazy\" decoding=\"async\" class=\"aligncenter wp-image-2271916\" src=\"https:\/\/puntocritico.com\/ausajpuntocritico\/wp-content\/uploads\/2023\/04\/Sandra-lim-spinoza-says-poem-PPAL-300x199.jpg\" alt=\"\" width=\"480\" height=\"319\" srcset=\"https:\/\/puntocritico.com\/ausajpuntocritico\/wp-content\/uploads\/2023\/04\/Sandra-lim-spinoza-says-poem-PPAL-300x199.jpg 300w, https:\/\/puntocritico.com\/ausajpuntocritico\/wp-content\/uploads\/2023\/04\/Sandra-lim-spinoza-says-poem-PPAL-610x405.jpg 610w, https:\/\/puntocritico.com\/ausajpuntocritico\/wp-content\/uploads\/2023\/04\/Sandra-lim-spinoza-says-poem-PPAL-678x452.jpg 678w, https:\/\/puntocritico.com\/ausajpuntocritico\/wp-content\/uploads\/2023\/04\/Sandra-lim-spinoza-says-poem-PPAL.jpg 680w\" sizes=\"auto, (max-width: 480px) 100vw, 480px\" \/><\/div>\n<div class=\"itemBody\">\n<div class=\"itemIntroText\" style=\"text-align: justify;\">\n<div>\n<p>&nbsp;<\/p>\n<p><span style=\"font-family: arial, helvetica, sans-serif; font-size: 14pt;\">A ra\u00edz de los cambios pol\u00edticos en los<em> Pa\u00edses Bajos<\/em>, con el advenimiento de la <em>Rep\u00fablica Holandesa<\/em> y el establecimiento de un pa\u00eds que se perfil\u00f3 claramente como una de las potencias comerciales de la \u00e9poca, se alcanzaron unas relativas libertades, lo que permiti\u00f3 que n\u00famero importante de familias de origen <em>sefardita<\/em>, como la de los padres y abuelos de <strong>Spinoza<\/strong>, emigrara a <em>Amsterdam<\/em>.<\/span><\/p>\n<\/div>\n<\/div>\n<div class=\"itemFullText\">\n<div style=\"text-align: justify;\">\n<p style=\"text-align: justify;\"><span style=\"font-family: arial, helvetica, sans-serif; font-size: 14pt;\"><strong>Spinoza<\/strong> pertenec\u00eda a familia acomodada, lo que permiti\u00f3 que fuera educado hacia la vida religiosa, a la profesi\u00f3n de <em>Rabino<\/em> en la comunidad jud\u00eda de <em>Amsterdam<\/em>. En esta comunidad el acceso a las distintas ramas del saber y de la tradici\u00f3n jud\u00eda se hac\u00eda a trav\u00e9s del hebreo y del espa\u00f1ol, as\u00ed que pr\u00e1cticamente el espa\u00f1ol fue uno de los idiomas nativos de <strong>Spinoza<\/strong>. <\/span><\/p>\n<p style=\"text-align: justify;\"><span style=\"font-family: arial, helvetica, sans-serif; font-size: 14pt;\">Cuando m\u00e1s tarde, a consecuencia del desarrollo del pensamiento filos\u00f3fico que lo separaba de cualquier clase de confesi\u00f3n religiosa, <strong>Spinoza<\/strong> fue <em><strong>excomulgado de la sinagoga de Amsterdam<\/strong><\/em>, escribi\u00f3 su defensa \u201c<em><strong>Apolog\u00eda en relaci\u00f3n con mi expulsi\u00f3n de la sinagoga<\/strong><\/em>\u201d, en idioma <em>espa\u00f1ol<\/em>. <\/span><\/p>\n<p style=\"text-align: justify;\"><span style=\"font-family: arial, helvetica, sans-serif; font-size: 14pt;\">Hay varias referencias, tambi\u00e9n en la obra de <strong>Spinoza<\/strong>, a su permanente v\u00ednculo con la lengua espa\u00f1ola, por ejemplo en la \u201c<em><strong>\u00c9tica<\/strong><\/em>\u201d donde habla acerca de la muerte refiri\u00e9ndose a <strong>Calder\u00f3n de la Barca<\/strong>, quien padeci\u00f3 deficiencia arterioescler\u00f3tica a causa de la vejez. Esto para indicar una de las posiciones fundamentales en el desarrollo de la personalidad de <strong>Spinoza<\/strong>.<\/span><\/p>\n<\/div>\n<\/div>\n<\/div>\n<p>&nbsp;<\/p>\n<blockquote>\n<p style=\"text-align: center;\"><strong><span style=\"font-family: arial, helvetica, sans-serif; font-size: 14pt; color: #008000;\">El desarrollo de su pensamiento lo llev\u00f3 a apartarse de la confesi\u00f3n jud\u00eda y de las dem\u00e1s religiones.<\/span><\/strong><\/p>\n<\/blockquote>\n<p>&nbsp;<\/p>\n<figure id=\"attachment_20720\" aria-describedby=\"caption-attachment-20720\" style=\"width: 440px\" class=\"wp-caption aligncenter\"><a href=\"https:\/\/puntocritico.com\/ausajpuntocritico\/2019\/08\/02\/decreto-de-excomunion-de-baruch-de-spinoza-1656\/\" target=\"_blank\" rel=\"noopener\" data-schema-attribute=\"\"><img loading=\"lazy\" decoding=\"async\" class=\"wp-image-20720\" src=\"https:\/\/puntocritico.com\/ausajpuntocritico\/wp-content\/uploads\/2019\/08\/Decreto-excomunion-Spinoza-principal-300x199.png\" alt=\"\" width=\"440\" height=\"292\" srcset=\"https:\/\/puntocritico.com\/ausajpuntocritico\/wp-content\/uploads\/2019\/08\/Decreto-excomunion-Spinoza-principal-300x199.png 300w, https:\/\/puntocritico.com\/ausajpuntocritico\/wp-content\/uploads\/2019\/08\/Decreto-excomunion-Spinoza-principal-678x452.png 678w, https:\/\/puntocritico.com\/ausajpuntocritico\/wp-content\/uploads\/2019\/08\/Decreto-excomunion-Spinoza-principal.png 680w\" sizes=\"auto, (max-width: 440px) 100vw, 440px\" \/><\/a><figcaption id=\"caption-attachment-20720\" class=\"wp-caption-text\"><span style=\"color: #008000;\">Decreto de excomuni\u00f3n de Baruch de Spinoza<\/span><\/figcaption><\/figure>\n<p>&nbsp;<\/p>\n<div class=\"itemBody\">\n<div class=\"itemFullText\">\n<div style=\"text-align: justify;\">\n<p style=\"text-align: justify;\"><span style=\"font-family: arial, helvetica, sans-serif; font-size: 14pt;\">El desarrollo de su pensamiento lo llev\u00f3 a apartarse de la confesi\u00f3n jud\u00eda y de las dem\u00e1s religiones. Siendo un joven de tan grandes progresos en la comunidad jud\u00eda, hubo temor de que su pensamiento pudiera desencadenar cualquier tipo de persecuci\u00f3n contra los jud\u00edos en la misma <em>Holanda<\/em>. Parece que razones de tipo pol\u00edtico determinaron la expulsi\u00f3n suya de la <em>Sinagoga<\/em>, como para lavarse las manos en la eventual responsabilidad con el pensamiento <em>spinozista<\/em>.<\/span><\/p>\n<p style=\"text-align: justify;\"><span style=\"font-family: arial, helvetica, sans-serif; font-size: 14pt;\"> A la muerte de su padre, y despu\u00e9s de la <em>expulsi\u00f3n de la Sinagoga<\/em>, qued\u00f3 importante fortuna que en virtud de tradiciones jud\u00edas y gentiles se someti\u00f3 a <em>querella<\/em>, puesto que la hermanastra <strong>Rebeca<\/strong> la reclamaba toda, aunque iba en contra de la legislaci\u00f3n. <strong>Spinoza<\/strong> defendi\u00f3 sus derechos ante los tribunales holandeses exigiendo que se le diera la parte de fortuna que le correspond\u00eda de acuerdo con las leyes. <\/span><\/p>\n<p style=\"text-align: justify;\"><span style=\"font-family: arial, helvetica, sans-serif; font-size: 14pt;\"><strong>Al ganar el pleito, Spinoza le regal\u00f3 toda su fortuna a su hermanastra, salvo una cama<\/strong>. Es una an\u00e9cdota que ilustra el amor al derecho y la justicia, tambi\u00e9n su desprendimiento y su apartamiento de los apetitos corrientes que inspiraban a la mayor parte de sus antiguos\u00a0 correligionarios y al ambiente mercantil holand\u00e9s.<\/span><\/p>\n<\/div>\n<\/div>\n<\/div>\n<p>&nbsp;<\/p>\n<blockquote>\n<p style=\"text-align: center;\"><span style=\"font-family: arial, helvetica, sans-serif; font-size: 14pt; color: #008000;\"><strong>Spinoza qued\u00f3 en la pobreza absoluta y para ganarse la vida se consagr\u00f3 a la profesi\u00f3n de pulir cristales para lentes de aparatos de \u00f3ptica.<\/strong> <\/span><\/p>\n<\/blockquote>\n<p>&nbsp;<\/p>\n<div class=\"itemBody\">\n<div class=\"itemFullText\">\n<div style=\"text-align: justify;\">\n<p style=\"text-align: justify;\"><span style=\"font-family: arial, helvetica, sans-serif; font-size: 14pt;\"><strong>Spinoza<\/strong> entonces <strong>qued\u00f3 en pobreza absoluta y para ganarse la vida se consagr\u00f3 a la profesi\u00f3n de pulir cristales para lentes de aparatos de \u00f3ptica<\/strong>. De esta manera <strong>adquiri\u00f3 profundo conocimiento del desarrollo de la f\u00edsica en el siglo XVII, en especial de las partes correspondientes a la luz, a la \u00f3ptica, etc.,<\/strong> conocimiento tan profundo que el fil\u00f3sofo <strong>Leibniz<\/strong> cuando escribi\u00f3 un tratado sobre \u00f3ptica le envi\u00f3 los manuscritos a <strong>Spinoza<\/strong> para que conceptuara sobre las ideas que expon\u00eda en \u00e9l.<\/span><\/p>\n<p style=\"text-align: justify;\"><span style=\"font-family: arial, helvetica, sans-serif; font-size: 14pt;\">Una vez desprendido de la comunidad jud\u00eda, <strong>Spinoza<\/strong> no se uni\u00f3 a ninguna comunidad religiosa, para conservar la libertad de su pensamiento, pero adquiri\u00f3 amistades valiosas, por ejemplo la de <strong>Frans van den Enden<\/strong>, m\u00e9dico-bi\u00f3logo que le ense\u00f1\u00f3 el lat\u00edn y quien muri\u00f3 refugiado en <em>Francia<\/em>, condenado a la horca a causa de sus ideas pol\u00edticas. <\/span><\/p>\n<p style=\"text-align: justify;\"><span style=\"font-family: arial, helvetica, sans-serif; font-size: 14pt;\">Otro grupo de amigos personales de <strong>Spinoza<\/strong> era cierto n\u00famero de holandeses interesados en el desarrollo filos\u00f3fico, pertenecientes a la <strong>secta de los \u201c<em>Colegiantes<\/em>\u201d<\/strong>. Estos amigos inspiraron mucha de la actividad intelectual de <strong>Spinoza<\/strong>, en el sentido de vencer los obst\u00e1culos a su pensamiento.<\/span><\/p>\n<\/div>\n<\/div>\n<\/div>\n<p>&nbsp;<\/p>\n<figure id=\"attachment_2314017\" aria-describedby=\"caption-attachment-2314017\" style=\"width: 400px\" class=\"wp-caption aligncenter\"><a href=\"https:\/\/es.wikipedia.org\/wiki\/Colegiantes\" target=\"_blank\" rel=\"noopener\" data-schema-attribute=\"\"><img loading=\"lazy\" decoding=\"async\" class=\"wp-image-2314017\" src=\"https:\/\/puntocritico.com\/ausajpuntocritico\/wp-content\/uploads\/2025\/11\/Doop_bij_de_Rijnsburgse_Collegianten_ca._1735_Balthasar_Bernards_after_Louis_Fabritius_Dubourg_1736_RP-P-OB-84.112-300x226.jpg\" alt=\"\" width=\"400\" height=\"301\" srcset=\"https:\/\/puntocritico.com\/ausajpuntocritico\/wp-content\/uploads\/2025\/11\/Doop_bij_de_Rijnsburgse_Collegianten_ca._1735_Balthasar_Bernards_after_Louis_Fabritius_Dubourg_1736_RP-P-OB-84.112-300x226.jpg 300w, https:\/\/puntocritico.com\/ausajpuntocritico\/wp-content\/uploads\/2025\/11\/Doop_bij_de_Rijnsburgse_Collegianten_ca._1735_Balthasar_Bernards_after_Louis_Fabritius_Dubourg_1736_RP-P-OB-84.112-326x245.jpg 326w, https:\/\/puntocritico.com\/ausajpuntocritico\/wp-content\/uploads\/2025\/11\/Doop_bij_de_Rijnsburgse_Collegianten_ca._1735_Balthasar_Bernards_after_Louis_Fabritius_Dubourg_1736_RP-P-OB-84.112-80x60.jpg 80w, https:\/\/puntocritico.com\/ausajpuntocritico\/wp-content\/uploads\/2025\/11\/Doop_bij_de_Rijnsburgse_Collegianten_ca._1735_Balthasar_Bernards_after_Louis_Fabritius_Dubourg_1736_RP-P-OB-84.112.jpg 500w\" sizes=\"auto, (max-width: 400px) 100vw, 400px\" \/><\/a><figcaption id=\"caption-attachment-2314017\" class=\"wp-caption-text\"><span style=\"color: #008000;\">\u00abDoop bij de Rijnsburgse Collegianten\u00bb. Balthasar Bernards, 1735.<\/span><\/figcaption><\/figure>\n<p>&nbsp;<\/p>\n<div class=\"itemBody\">\n<div class=\"itemFullText\">\n<div style=\"text-align: justify;\">\n<p style=\"text-align: justify;\"><span style=\"font-family: arial, helvetica, sans-serif; font-size: 14pt;\">A ra\u00edz de las <em>persecuciones religiosas del siglo XVII<\/em>, <strong>Spinoza<\/strong> no public\u00f3 sino dos obras en vida, una, los \u201c<strong><em>Principios de la filosof\u00eda de Descartes. Pensamientos metaf\u00edsicos<\/em><\/strong>\u201d (<strong>1663<\/strong>), tratado que elabor\u00f3 a solicitud de uno de sus disc\u00edpulos, en el que expone de manera objetiva el pensamiento <em>cartesiano<\/em>, y hace reservas de algunos aspectos. <\/span><\/p>\n<p style=\"text-align: justify;\"><span style=\"font-family: arial, helvetica, sans-serif; font-size: 14pt;\">La otra obra fue el \u201c<em><strong>Tratado teol\u00f3gico-pol\u00edtico<\/strong><\/em>\u201d (<strong>1670<\/strong>), con las iniciales del autor <strong>BDS<\/strong>, pero identificada con rapidez por sus amigos y disc\u00edpulos. <strong>Spinoza<\/strong> fue objeto de creciente hostilidad a causa de las ideas expuestas en este<em><strong> tratado teol\u00f3gico-pol\u00edtico<\/strong><\/em>. <\/span><\/p>\n<p style=\"text-align: justify;\"><span style=\"font-family: arial, helvetica, sans-serif; font-size: 14pt;\">Decidi\u00f3 entonces no publicar nada m\u00e1s durante su vida, y solamente ese grupo de amigos, de plena confianza, recib\u00edan sus manuscritos y los discut\u00edan en reuniones privadas, le llevan los comentarios y los interrogantes, quien les respond\u00eda a ellos. De esta manera se desarroll\u00f3 una actividad, dij\u00e9ramos, clandestina.<\/span><\/p>\n<p style=\"text-align: justify;\"><span style=\"font-family: arial, helvetica, sans-serif; font-size: 14pt;\">La gran obra de <strong>Spinoza<\/strong>, la <em><strong>\u00c9tica<\/strong><\/em>, fue publicada varios meses despu\u00e9s de su muerte. El \u201c<em><strong>Tratado pol\u00edtico<\/strong><\/em>\u201d que dej\u00f3 incompleto a su muerte, fue publicado tambi\u00e9n en forma p\u00f3stuma. <\/span><\/p>\n<p style=\"text-align: justify;\"><span style=\"font-family: arial, helvetica, sans-serif; font-size: 14pt;\">El corto \u201c<em><strong>Tratado sobre Dios, el hombre y su felicidad<\/strong><\/em>\u201d, escrito en holand\u00e9s, fue hallado en 1851. Otra obra que qued\u00f3 incompleta fue el \u201c<em><strong>Tratado de la reforma del entendimiento<\/strong><\/em>\u201d, tuvo publicaci\u00f3n p\u00f3stuma. <\/span><\/p>\n<p style=\"text-align: justify;\"><span style=\"font-family: arial, helvetica, sans-serif; font-size: 14pt;\">De manera que debo insistir en que fue un ambiente muy especial en el cual se desarroll\u00f3 la vida sentimental y de pensamiento de <strong>Spinoza<\/strong>. Tambi\u00e9n a trav\u00e9s de <strong>cartas dirigidas a amigos<\/strong> en <em>Holanda<\/em> y fuera, se nos muestra esta actividad.<\/span><\/p>\n<p style=\"text-align: center;\">\u00a0<\/p>\n<figure id=\"attachment_2060735\" aria-describedby=\"caption-attachment-2060735\" style=\"width: 480px\" class=\"wp-caption aligncenter\"><a href=\"https:\/\/puntocritico.com\/ausajpuntocritico\/2022\/07\/29\/ultimi-barbarorum-el-asesinato-de-los-hermanos-de-witt-alejandro-dumas-spinoza-cornelio-y-jan-de-witt\/\" target=\"_blank\" rel=\"noopener\" data-schema-attribute=\"\"><img loading=\"lazy\" decoding=\"async\" class=\"wp-image-2060735\" src=\"https:\/\/puntocritico.com\/ausajpuntocritico\/wp-content\/uploads\/2021\/03\/Amsterdam-en-el-Siglo-XVII.jpg\" alt=\"\" width=\"480\" height=\"319\" data-id=\"2060735\" srcset=\"https:\/\/puntocritico.com\/ausajpuntocritico\/wp-content\/uploads\/2021\/03\/Amsterdam-en-el-Siglo-XVII.jpg 680w, https:\/\/puntocritico.com\/ausajpuntocritico\/wp-content\/uploads\/2021\/03\/Amsterdam-en-el-Siglo-XVII-300x199.jpg 300w, https:\/\/puntocritico.com\/ausajpuntocritico\/wp-content\/uploads\/2021\/03\/Amsterdam-en-el-Siglo-XVII-610x405.jpg 610w, https:\/\/puntocritico.com\/ausajpuntocritico\/wp-content\/uploads\/2021\/03\/Amsterdam-en-el-Siglo-XVII-678x452.jpg 678w\" sizes=\"auto, (max-width: 480px) 100vw, 480px\" \/><\/a><figcaption id=\"caption-attachment-2060735\" class=\"wp-caption-text\"><span style=\"color: #008000;\">AMSTERDAM EN EL\u00a0 Siglo XVII: Una forma de gobierno distinta a la mon\u00e1rquica fue la rep\u00fablica parlamentaria, que se instaur\u00f3 en las Provincias Unidas en 1648. Los representantes de las 7 provincias que integraban el Estado se reun\u00edan en los Estados generales, los cuales elaboraban las leyes comunes. Cada 5 a\u00f1os designaban al Gran Pensionario, quien dirig\u00eda la administraci\u00f3n p\u00fablica, y al Gran Estat\u00fader, quien estaba al mando de las milicias.<\/span><\/figcaption><\/figure>\n<p>&nbsp;<\/p>\n<p style=\"text-align: justify;\"><span style=\"font-family: arial, helvetica, sans-serif; font-size: 14pt;\">Hay una colecci\u00f3n como de <strong>70 cartas dirigidas a personalidades de la \u00e9poca<\/strong>, entre las cuales se destaca <strong>Heinrich <\/strong><strong>Oldenburg<\/strong>, quien resid\u00eda en Londres y fue durante mucho tiempo <em>secretario de la Sociedad Real Inglesa<\/em>, que era centro del pensamiento filos\u00f3fico y especialmente de la filosof\u00eda natural, como se dec\u00eda en la \u00e9poca, el incipiente pensamiento cient\u00edfico occidental.<\/span><\/p>\n<p style=\"text-align: justify;\"><span style=\"font-family: arial, helvetica, sans-serif; font-size: 14pt;\">La mayor parte de las obras de <strong>Spinoza<\/strong>, como en la mayor\u00eda de los fil\u00f3sofos de la \u00e9poca, fue escrita en lat\u00edn y algunas de ellas traducidas posteriormente al holand\u00e9s y a los distintos idiomas europeos. El lat\u00edn era el idioma universal del mundo culto de la \u00e9poca. <\/span><\/p>\n<p style=\"text-align: justify;\"><span style=\"font-family: arial, helvetica, sans-serif; font-size: 14pt;\"><strong>La enfermedad que lo llev\u00f3 a la muerte el 21 de febrero de 1677<\/strong>, fue la <em>tuberculosis pulmonar<\/em>, adquirida en la infancia y agravada por el polvillo producido en el <em>pulimento del cristal<\/em>. <strong>A su muerte hubo que vender los muebles para poder pagar el entierro<\/strong>.<\/span><\/p>\n<p style=\"text-align: justify;\"><span style=\"font-family: arial, helvetica, sans-serif; font-size: 14pt;\"><strong>\u00bfQu\u00e9 es lo que Spinoza leg\u00f3 al pensamiento europeo?<\/strong> En los textos de historia de la filosof\u00eda aparecen caracterizaciones de su pensamiento, que deben ser sometidas a interpretaciones y an\u00e1lisis. <\/span><\/p>\n<p style=\"text-align: justify;\"><span style=\"font-family: arial, helvetica, sans-serif; font-size: 14pt;\">Una de ellas, por ejemplo, que el pensamiento de <strong>Spinoza<\/strong> es una continuaci\u00f3n del pensamiento de <a href=\"https:\/\/puntocritico.com\/ausajpuntocritico\/2024\/01\/01\/meditaciones-metafisicas-prologo\/\" target=\"_blank\" rel=\"noopener\" data-schema-attribute=\"\"><strong>Descartes<\/strong><\/a>, como disc\u00edpulo de \u00e9ste. Otra caracterizaci\u00f3n es el <a href=\"https:\/\/puntocritico.com\/ausajpuntocritico\/2021\/08\/06\/ateismo-y-panteismo-por-baruch-de-spinoza-2\/\" target=\"_blank\" rel=\"noopener\" data-schema-attribute=\"\"><em><strong>pante\u00edsmo<\/strong><\/em><\/a>, o por lo menos una expresi\u00f3n sui-generis del <em>pante\u00edsmo<\/em>. Otra es la de un <em><strong>r\u00edgido <\/strong><strong>determinismo<\/strong><\/em>, por una consecuente negaci\u00f3n de la libertad humana, de la responsabilidad humana, y de las concepciones populares del bien y del mal.<\/span><\/p>\n<\/div>\n<\/div>\n<\/div>\n<p>&nbsp;<\/p>\n<p><a href=\"https:\/\/puntocritico.com\/ausajpuntocritico\/2022\/02\/11\/descartes-spinoza-y-el-materialismo-descartes-versus-spinoza-2\/\" target=\"_blank\" rel=\"noopener\" data-schema-attribute=\"\"><img loading=\"lazy\" decoding=\"async\" class=\"aligncenter wp-image-3224\" src=\"https:\/\/puntocritico.com\/ausajpuntocritico\/wp-content\/uploads\/2017\/06\/Descartes_y_Spinoza4349.jpg\" alt=\"\" width=\"400\" height=\"274\" srcset=\"https:\/\/puntocritico.com\/ausajpuntocritico\/wp-content\/uploads\/2017\/06\/Descartes_y_Spinoza4349.jpg 350w, https:\/\/puntocritico.com\/ausajpuntocritico\/wp-content\/uploads\/2017\/06\/Descartes_y_Spinoza4349-300x206.jpg 300w\" sizes=\"auto, (max-width: 400px) 100vw, 400px\" \/><\/a><\/p>\n<p>&nbsp;<\/p>\n<div class=\"itemBody\">\n<div class=\"itemFullText\">\n<div style=\"text-align: justify;\">\n<p style=\"text-align: justify;\"><span style=\"font-family: arial, helvetica, sans-serif; font-size: 14pt;\">Otra es su <em><strong>misticismo<\/strong><\/em>. Al final de la <em><strong>\u00c9tica <\/strong><\/em>\u00e9l habla del <strong>amor intelectual a Dios<\/strong>, y entonces se le describe como m\u00edstico. <strong>Hegel <\/strong>dec\u00eda que <strong>Spinoza<\/strong> no hab\u00eda rebajado a Dios a la categor\u00eda de materia, sino que hab\u00eda elevado la materia a la categor\u00eda de divinidad, que hab\u00eda divinizado el universo, o deificado la naturaleza.<\/span><\/p>\n<p style=\"text-align: justify;\"><span style=\"font-family: arial, helvetica, sans-serif; font-size: 14pt;\">Numerosos poetas, franceses e ingleses, que leyeron a <strong>Spinoza<\/strong>, recibieron una fuerte impresi\u00f3n, en el sentido de la elevaci\u00f3n de todo lo existente, del valor de todas las cosas y de una especie de fascinaci\u00f3n po\u00e9tica, e inclusive religiosa, a partir de los fen\u00f3menos de la naturaleza humana y de la naturaleza en general.<\/span><\/p>\n<\/div>\n<\/div>\n<\/div>\n<p>&nbsp;<\/p>\n<figure id=\"attachment_2265209\" aria-describedby=\"caption-attachment-2265209\" style=\"width: 280px\" class=\"wp-caption aligncenter\"><a href=\"https:\/\/puntocritico.com\/ausajpuntocritico\/2023\/02\/17\/dios-es-el-ser-verdadero-por-georg-w-f-hegel\/\" target=\"_blank\" rel=\"noopener\" data-schema-attribute=\"\"><img loading=\"lazy\" decoding=\"async\" class=\"wp-image-2265209 size-full\" src=\"https:\/\/puntocritico.com\/ausajpuntocritico\/wp-content\/uploads\/2023\/01\/Hegel-1.jpg\" alt=\"\" width=\"280\" height=\"342\" srcset=\"https:\/\/puntocritico.com\/ausajpuntocritico\/wp-content\/uploads\/2023\/01\/Hegel-1.jpg 280w, https:\/\/puntocritico.com\/ausajpuntocritico\/wp-content\/uploads\/2023\/01\/Hegel-1-246x300.jpg 246w\" sizes=\"auto, (max-width: 280px) 100vw, 280px\" \/><\/a><figcaption id=\"caption-attachment-2265209\" class=\"wp-caption-text\"><span style=\"color: #008000;\">\u00abUna filosof\u00eda, como la de Spinoza, que afirma que s\u00f3lo dios es real, no deber\u00eda ser considerada atea\u00bb (Georg W. F. Hegel). <\/span><\/figcaption><\/figure>\n<p>&nbsp;<\/p>\n<div class=\"itemBody\">\n<div class=\"itemFullText\">\n<div style=\"text-align: justify;\">\n<p style=\"text-align: justify;\"><span style=\"font-family: arial, helvetica, sans-serif; font-size: 14pt;\">La cuesti\u00f3n del pante\u00edsmo de <strong>Spinoza<\/strong>, el desarrollo de la <strong>teolog\u00eda spinozista,<\/strong> se puede entender como el desarrollo de l\u00edneas de pensamiento teol\u00f3gicas hasta un extremo tal en que el concepto tradicional de Dios queda completamente disipado. <\/span><\/p>\n<p style=\"text-align: justify;\"><span style=\"font-family: arial, helvetica, sans-serif; font-size: 14pt;\">Una de las caracter\u00edsticas de ese pensamiento filos\u00f3fico es la afirmaci\u00f3n de que la totalidad del ser es una, que no hay sino una sola sustancia, que es la<strong> naturaleza o Dios<\/strong>. Est\u00e1 la famosa frase de <strong>Spinoza<\/strong>: <\/span><\/p>\n<blockquote>\n<p style=\"text-align: justify;\"><span style=\"color: #008000;\"><strong><span style=\"font-family: arial, helvetica, sans-serif; font-size: 14pt;\"><em>Deus sive Natura<\/em>, Dios o la Naturaleza.<\/span><\/strong><\/span><\/p>\n<\/blockquote>\n<\/div>\n<\/div>\n<\/div>\n<p>&nbsp;<\/p>\n<p><a href=\"https:\/\/puntocritico.com\/ausajpuntocritico\/2017\/04\/07\/dios-o-naturaleza-por-baruch-de-spinoza\/\" target=\"_blank\" rel=\"noopener\" data-schema-attribute=\"\"><img loading=\"lazy\" decoding=\"async\" class=\"aligncenter wp-image-1680\" src=\"https:\/\/puntocritico.com\/ausajpuntocritico\/wp-content\/uploads\/2017\/04\/Naturaleza_o_dios_1-300x199.jpg\" alt=\"\" width=\"400\" height=\"266\" srcset=\"https:\/\/puntocritico.com\/ausajpuntocritico\/wp-content\/uploads\/2017\/04\/Naturaleza_o_dios_1-300x199.jpg 300w, https:\/\/puntocritico.com\/ausajpuntocritico\/wp-content\/uploads\/2017\/04\/Naturaleza_o_dios_1-678x452.jpg 678w, https:\/\/puntocritico.com\/ausajpuntocritico\/wp-content\/uploads\/2017\/04\/Naturaleza_o_dios_1.jpg 680w\" sizes=\"auto, (max-width: 400px) 100vw, 400px\" \/><\/a><\/p>\n<p>&nbsp;<\/p>\n<div class=\"itemBody\">\n<div class=\"itemFullText\">\n<div style=\"text-align: justify;\">\n<p style=\"text-align: justify;\"><span style=\"font-family: arial, helvetica, sans-serif; font-size: 14pt;\">De manera que <strong>Spinoza<\/strong> hablaba en ciertos momentos de Dios, y en otros de la naturaleza en su totalidad. Si <strong>Spinoza<\/strong> habla de <strong>la naturaleza en su totalidad, como el ser supremo<\/strong>, realmente en ese momento ha abandonado la concepci\u00f3n teol\u00f3gica tradicional, de un Dios espiritual, o de un Dios personal, de un Dios antropom\u00f3rfico, que est\u00e1 separado de su creaci\u00f3n. <\/span><\/p>\n<p style=\"text-align: justify;\"><span style=\"font-family: arial, helvetica, sans-serif; font-size: 14pt;\"><strong>Spinoza<\/strong> nos lleva a <strong>identificar a Dios con la naturaleza<\/strong>, al <strong>abandono de la concepci\u00f3n tradicional de Dios y a emprender la comprensi\u00f3n de la naturaleza en general, en su totalidad<\/strong>. Esto para la \u00e9poca era un pensamiento profundamente peligroso.<\/span><\/p>\n<\/div>\n<\/div>\n<\/div>\n<p>&nbsp;<\/p>\n<blockquote>\n<p style=\"text-align: center;\"><span style=\"font-size: 14pt; color: #008000;\"><strong>Spinoza <span style=\"font-family: arial, helvetica, sans-serif;\">ha abandonado la concepci\u00f3n teol\u00f3gica tradicional, de un Dios espiritual, o de un Dios personal, de un Dios antropom\u00f3rfico, que est\u00e1 separado de su creaci\u00f3n<\/span><\/strong><\/span><\/p>\n<\/blockquote>\n<p>&nbsp;<\/p>\n<div class=\"itemBody\">\n<div class=\"itemFullText\">\n<div style=\"text-align: justify;\">\n<p style=\"text-align: justify;\"><span style=\"font-family: arial, helvetica, sans-serif; font-size: 14pt;\">Sabemos, por ejemplo, que <strong>Descartes<\/strong> con la profundidad de su pensamiento, lleg\u00f3 un momento en que se abstuvo para mantener protegidas sus convicciones religiosas tradicionales. Lo mismo encontramos en <a href=\"https:\/\/puntocritico.com\/ausajpuntocritico\/2023\/02\/10\/el-hereje-y-el-cortesano-spinoza-y-leibniz-y-el-destino-de-dios-en-el-mundo-moderno-por-matthew-stewart\/\" target=\"_blank\" rel=\"noopener\" data-schema-attribute=\"\"><strong>Leibniz<\/strong><\/a>, en quien las concepciones religiosas tradicionales fueron interferidas y da viraje para preservar la tradici\u00f3n.<\/span><\/p>\n<\/div>\n<\/div>\n<\/div>\n<p>&nbsp;<\/p>\n<p><a href=\"https:\/\/puntocritico.com\/ausajpuntocritico\/2020\/01\/03\/dios-sin-dios-spinoza-y-leibniz-por-oscar-sanchez-vadillo\/\" target=\"_blank\" rel=\"noopener\" data-schema-attribute=\"\"><img loading=\"lazy\" decoding=\"async\" class=\"aligncenter wp-image-1973157\" src=\"https:\/\/puntocritico.com\/ausajpuntocritico\/wp-content\/uploads\/2021\/03\/Leibnitz-y-Spinoza-caricatura-300x220.jpg\" alt=\"\" width=\"400\" height=\"294\" srcset=\"https:\/\/puntocritico.com\/ausajpuntocritico\/wp-content\/uploads\/2021\/03\/Leibnitz-y-Spinoza-caricatura-300x220.jpg 300w, https:\/\/puntocritico.com\/ausajpuntocritico\/wp-content\/uploads\/2021\/03\/Leibnitz-y-Spinoza-caricatura-610x448.jpg 610w, https:\/\/puntocritico.com\/ausajpuntocritico\/wp-content\/uploads\/2021\/03\/Leibnitz-y-Spinoza-caricatura-80x60.jpg 80w, https:\/\/puntocritico.com\/ausajpuntocritico\/wp-content\/uploads\/2021\/03\/Leibnitz-y-Spinoza-caricatura.jpg 768w\" sizes=\"auto, (max-width: 400px) 100vw, 400px\" \/><\/a><\/p>\n<p>&nbsp;<\/p>\n<div class=\"itemBody\">\n<div class=\"itemFullText\">\n<div style=\"text-align: justify;\">\n<p style=\"text-align: justify;\"><span style=\"font-family: arial, helvetica, sans-serif; font-size: 14pt;\"><strong>Spinoza<\/strong> no se detiene en nada de aquello. Consecuente con las premisas lleva el pensamiento hasta las \u00faltimas consecuencias, y podr\u00edamos decir que <strong>anticipa el pensamiento de los hombres de ciencia, como aparece en los siglos XIX y XX<\/strong>, cuando se abandona en la actividad cient\u00edfica el concepto de Dios. <\/span><\/p>\n<p style=\"text-align: justify;\"><span style=\"font-family: arial, helvetica, sans-serif; font-size: 14pt;\">De manera que esto del pante\u00edsmo podr\u00eda llamarse <strong><em>pan-naturalismo<\/em><\/strong>, puesto que <strong>la naturaleza y Dios son iguales<\/strong>. Y se puede hablar con la misma propiedad tanto de una, la naturaleza, como del otro, Dios.<\/span><\/p>\n<p style=\"text-align: justify;\"><span style=\"font-family: arial, helvetica, sans-serif; font-size: 14pt;\">En cuanto a la caracterizaci\u00f3n en el pensamiento de <strong>Spinoza<\/strong> del determinismo total, en la concepci\u00f3n de los fen\u00f3menos de la naturaleza, en realidad sabemos que <strong>las ciencias naturales, que empezaron a desarrollarse con notable intensidad en el siglo XVII, eran esencialmente deterministas<\/strong>, en la f\u00edsica, en la astronom\u00eda, en la qu\u00edmica. <\/span><\/p>\n<p style=\"text-align: justify;\"><span style=\"font-family: arial, helvetica, sans-serif; font-size: 14pt;\">La concepci\u00f3n de la<strong> causalidad de los fen\u00f3menos naturales<\/strong> es casi la premisa del pensamiento cient\u00edfico europeo. Lo que hizo <strong>Spinoza<\/strong> tambi\u00e9n fue llevar esto <strong>no solamente al aspecto de la f\u00edsica, o al atributo de la extensi\u00f3n, como dice \u00e9l, sino tambi\u00e9n al atributo del pensamiento<\/strong>, y a los fen\u00f3menos de la vida an\u00edmica humana. <\/span><\/p>\n<p style=\"text-align: justify;\"><span style=\"font-family: arial, helvetica, sans-serif; font-size: 14pt;\">Este <em>determinismo<\/em>, consecuente con la posici\u00f3n cient\u00edfica, lo lleva entonces a <strong>negar el concepto tradicional del libre arbitrio<\/strong>, del libre decreto en nuestras decisiones, o de libertad personal, y por lo tanto a <strong>una concepci\u00f3n completamente diferente de la \u00e9tica, y del bien y del mal<\/strong>.<\/span><\/p>\n<\/div>\n<\/div>\n<\/div>\n<p>&nbsp;<\/p>\n<blockquote>\n<p style=\"text-align: center;\"><span style=\"color: #008000;\"><strong><span style=\"font-family: arial, helvetica, sans-serif; font-size: 14pt;\">Este determinismo, consecuente con la posici\u00f3n cient\u00edfica, lo lleva entonces a negar el concepto tradicional del libre arbitrio, del libre decreto\u00a0 en nuestras decisiones, o de libertad personal, y por lo tanto a una concepci\u00f3n completamente diferente de la \u00e9tica, y del bien y del mal.<\/span><\/strong><\/span><\/p>\n<\/blockquote>\n<p>&nbsp;<\/p>\n<p><a href=\"https:\/\/puntocritico.com\/ausajpuntocritico\/2024\/04\/11\/psicologia-con-alma-por-carl-g-jung-2\/\" target=\"_blank\" rel=\"noopener\" data-schema-attribute=\"\"><img loading=\"lazy\" decoding=\"async\" class=\"aligncenter wp-image-16888\" src=\"https:\/\/puntocritico.com\/ausajpuntocritico\/wp-content\/uploads\/2019\/02\/Comit\u00e9-freudiano-300x225.jpg\" alt=\"\" width=\"400\" height=\"301\" srcset=\"https:\/\/puntocritico.com\/ausajpuntocritico\/wp-content\/uploads\/2019\/02\/Comit\u00e9-freudiano-300x225.jpg 300w, https:\/\/puntocritico.com\/ausajpuntocritico\/wp-content\/uploads\/2019\/02\/Comit\u00e9-freudiano-80x60.jpg 80w, https:\/\/puntocritico.com\/ausajpuntocritico\/wp-content\/uploads\/2019\/02\/Comit\u00e9-freudiano.jpg 310w\" sizes=\"auto, (max-width: 400px) 100vw, 400px\" \/><\/a><\/p>\n<p>&nbsp;<\/p>\n<p style=\"text-align: justify;\"><span style=\"font-family: arial, helvetica, sans-serif; font-size: 14pt; text-align: justify;\">Precisamente una de las afinidades entre el pensamiento psicoanal\u00edtico de <\/span><strong style=\"font-family: arial, helvetica, sans-serif; font-size: 14pt; text-align: justify;\">Freud<\/strong><span style=\"font-family: arial, helvetica, sans-serif; font-size: 14pt; text-align: justify;\"> y el pensamiento <\/span><em style=\"font-family: arial, helvetica, sans-serif; font-size: 14pt; text-align: justify;\">spinozista<\/em><span style=\"font-family: arial, helvetica, sans-serif; font-size: 14pt; text-align: justify;\">, es que esa igualdad mantiene la afirmaci\u00f3n de que todos los fen\u00f3menos sicol\u00f3gicos son determinados por otros fen\u00f3menos sicol\u00f3gicos, que todo lo que ocurre en la mente humana tiene una causa por raz\u00f3n de ser que lo hace comprensible.<\/span><\/p>\n<div class=\"itemBody\">\n<div class=\"itemFullText\">\n<div style=\"text-align: justify;\">\n<p style=\"text-align: justify;\"><span style=\"font-family: arial, helvetica, sans-serif; font-size: 14pt;\">Este pensamiento de los actos fallidos que parecen productos de la casualidad, del azar, est\u00e1n profundamente determinados por actividades s\u00edquicas en niveles profundos, que la teor\u00eda sicoanal\u00edtica describe como pertenecientes al inconsciente s\u00edquico. <\/span><\/p>\n<p style=\"text-align: justify;\"><span style=\"font-family: arial, helvetica, sans-serif; font-size: 14pt;\">Freud extendi\u00f3 en una forma concreta, a trav\u00e9s de la observaci\u00f3n y del an\u00e1lisis cient\u00edfico, la aplicaci\u00f3n de principios determin\u00edsticos que desde el punto de vista filos\u00f3fico <strong>Spinoza<\/strong> hab\u00eda llevado hasta las \u00faltimas consecuencias.<\/span><\/p>\n<p style=\"text-align: justify;\"><span style=\"font-family: arial, helvetica, sans-serif; font-size: 14pt;\">Los fil\u00f3sofos de la \u00e9poca, del siglo XVII, contempor\u00e1neos de <strong>Spinoza<\/strong>, comprendieron el estudio de la mente humana y del ser humano como un fen\u00f3meno tambi\u00e9n de la naturaleza, y por lo tanto al cual se le deber\u00edan aplicar las mismas causalidades de determinismo que se le aplicaban a la materia. <\/span><\/p>\n<p style=\"text-align: justify;\"><span style=\"font-family: arial, helvetica, sans-serif; font-size: 14pt;\">La concepci\u00f3n de <strong>Spinoza<\/strong> de la libertad es bastante diferente de la concepci\u00f3n tradicional. <strong>Spinoza<\/strong>, determinista y determinista en relaci\u00f3n tambi\u00e9n con campos relacionados con el esp\u00edritu, mantiene un concepto de la libertad completamente diferente del tradicional. <\/span><\/p>\n<p style=\"text-align: justify;\"><span style=\"font-family: arial, helvetica, sans-serif; font-size: 14pt;\">Para <strong>Spinoza<\/strong> ser libre es determinar por causas inmediatas que est\u00e1n dentro de la propia organizaci\u00f3n de cada uno. Forzar significa actuar por determinaci\u00f3n o causas inmediatas que est\u00e1n fuera de la propia organizaci\u00f3n de uno. Es un poco un concepto m\u00e1s bien jur\u00eddico de la libertad el que sostiene <strong>Spinoza<\/strong> que un concepto tradicional. <\/span><\/p>\n<p style=\"text-align: justify;\"><span style=\"font-family: arial, helvetica, sans-serif; font-size: 14pt;\">Para \u00e9l todo acto es determinante.\u00a0<\/span><span style=\"font-family: arial, helvetica, sans-serif; font-size: 14pt;\">Pero un acto es libre cuando nace de causas inmediatas que est\u00e1n en la propia organizaci\u00f3n, y es obligado o forzado, compulsivo, cuando nace de situaciones extra\u00f1as a la propia organizaci\u00f3n del individuo. <\/span><\/p>\n<p style=\"text-align: justify;\"><span style=\"font-family: arial, helvetica, sans-serif; font-size: 14pt;\">De acuerdo con este pensamiento de la libertad, <strong>Spinoza<\/strong> en su \u00e9poca, desde el punto de vista pol\u00edtico, fue un defensor de la libertad de pensamiento, ya que el pensamiento humano, o la raz\u00f3n humana, o la capacidad que cada uno de nosotros tiene de comprender los fen\u00f3menos, es lo que nos es m\u00e1s propio, es el resultado supremo de nuestra propia actividad vital.\u00a0<\/span><\/p>\n<\/div>\n<\/div>\n<\/div>\n<p>&nbsp;<\/p>\n<p><a href=\"https:\/\/puntocritico.com\/ausajpuntocritico\/2024\/05\/31\/spinoza-democracia-y-subjetividad-marrana-por-jose-luis-villacanas\/\" target=\"_blank\" rel=\"noopener\" data-schema-attribute=\"\"><img loading=\"lazy\" decoding=\"async\" class=\"aligncenter wp-image-19868 size-full\" src=\"https:\/\/puntocritico.com\/ausajpuntocritico\/wp-content\/uploads\/2019\/07\/MARRANOS-3.png\" alt=\"\" width=\"640\" height=\"286\" srcset=\"https:\/\/puntocritico.com\/ausajpuntocritico\/wp-content\/uploads\/2019\/07\/MARRANOS-3.png 640w, https:\/\/puntocritico.com\/ausajpuntocritico\/wp-content\/uploads\/2019\/07\/MARRANOS-3-300x134.png 300w\" sizes=\"auto, (max-width: 640px) 100vw, 640px\" \/><\/a><\/p>\n<p>&nbsp;<\/p>\n<div class=\"itemBody\">\n<div class=\"itemFullText\">\n<div style=\"text-align: justify;\">\n<p style=\"text-align: justify;\"><span style=\"font-family: arial, helvetica, sans-serif; font-size: 14pt;\">Por tanto, la libertad de pensamiento fue para <strong>Spinoza<\/strong> una de las condiciones necesarias para la organizaci\u00f3n social. <\/span><\/p>\n<p style=\"text-align: justify;\"><span style=\"font-family: arial, helvetica, sans-serif; font-size: 14pt;\">Otro aspecto importante del pensamiento de <strong>Spinoza<\/strong>, relacionado con su determinismo, es la esclavitud y la libertad humana, y el aspecto del bien y del mal. A trav\u00e9s del estudio de las pasiones humanas, de los sentimientos humanos, de la vida afectiva del ser humano, de los impulsos que mueven al ser humano, <strong>Spinoza<\/strong> llega a una concepci\u00f3n muy diferente de la \u00e9tica, que a grandes rasgos podr\u00eda ser una defensa de la alegr\u00eda como el bien supremo, y un rechazo de la tristeza o del dolor como el mal. <\/span><\/p>\n<p style=\"text-align: justify;\"><span style=\"font-family: arial, helvetica, sans-serif; font-size: 14pt;\">Esto no podr\u00eda llevar a pensar en el sentido de una concepci\u00f3n hedonista de la \u00e9tica en que el bien se confunde con el placer y el mal con el dolor. Sin embargo hay algo que es peculiar en la <em><strong>\u00e9tica <\/strong><\/em>de <strong>Spinoza<\/strong>, en consonancia con el concepto de libertad y de autodeterminaci\u00f3n. <\/span><\/p>\n<p style=\"text-align: justify;\"><span style=\"font-family: arial, helvetica, sans-serif; font-size: 14pt;\">\u00c9l piensa que toda tristeza es mala, que <strong>la tristeza es el resultado de la disminuci\u00f3n en nuestra potencia de obrar, de nuestra potencia de perseverar en nuestro ser<\/strong>, que el conocimiento de nuestra propia actividad positiva, la claridad y la distinci\u00f3n con que sintamos nuestro ser nos trae alegr\u00eda; cualquier debilidad en nuestras acciones nos trae sentimiento de tristeza. <\/span><\/p>\n<p style=\"text-align: justify;\"><span style=\"font-family: arial, helvetica, sans-serif; font-size: 14pt;\">Hay alegr\u00edas para <strong>Spinoza<\/strong> que son completamente pasivos, que son el resultado del <em>interjuego<\/em> entre nuestra propia naturaleza y factores puramente externos. <\/span><\/p>\n<p style=\"text-align: justify;\"><span style=\"font-family: arial, helvetica, sans-serif; font-size: 14pt;\">Hay alegr\u00edas que nacen de nuestra propia actividad, que son producto directo de la plenitud de nuestro propio ser, a las cuales se refiere <strong>Spinoza<\/strong> como el bien supremo. <\/span><\/p>\n<p style=\"text-align: justify;\"><span style=\"font-family: arial, helvetica, sans-serif; font-size: 14pt;\">\u00bfCu\u00e1l es la actividad para <strong>Spinoza<\/strong> que realmente expresa nuestra autodeterminaci\u00f3n? Es la capacidad de entender, de comprender, de conocer, es una alegr\u00eda que es la alegr\u00eda pura y el bien supremo.<\/span><\/p>\n<\/div>\n<\/div>\n<\/div>\n<p>&nbsp;<\/p>\n<p><a href=\"https:\/\/puntocritico.com\/ausajpuntocritico\/2017\/03\/03\/1322\/\" target=\"_blank\" rel=\"noopener\" data-schema-attribute=\"\"><img loading=\"lazy\" decoding=\"async\" class=\"aligncenter wp-image-1326\" src=\"https:\/\/puntocritico.com\/ausajpuntocritico\/wp-content\/uploads\/2017\/03\/Vidal_Pe\u00f1a_Garc\u00eda_1-300x199.jpg\" alt=\"\" width=\"440\" height=\"292\" srcset=\"https:\/\/puntocritico.com\/ausajpuntocritico\/wp-content\/uploads\/2017\/03\/Vidal_Pe\u00f1a_Garc\u00eda_1-300x199.jpg 300w, https:\/\/puntocritico.com\/ausajpuntocritico\/wp-content\/uploads\/2017\/03\/Vidal_Pe\u00f1a_Garc\u00eda_1-678x452.jpg 678w, https:\/\/puntocritico.com\/ausajpuntocritico\/wp-content\/uploads\/2017\/03\/Vidal_Pe\u00f1a_Garc\u00eda_1.jpg 680w\" sizes=\"auto, (max-width: 440px) 100vw, 440px\" \/><\/a><\/p>\n<p>&nbsp;<\/p>\n<div class=\"itemBody\">\n<div class=\"itemFullText\">\n<div style=\"text-align: justify;\">\n<p style=\"text-align: justify;\"><span style=\"font-family: arial, helvetica, sans-serif; font-size: 14pt;\">De manera que en la \u201c<em><strong>\u00c9tica<\/strong><\/em>\u201d de <strong>Spinoza<\/strong> la suprema alegr\u00eda, el supremo bien, est\u00e1 ligado al conocimiento verdadero de las cosas. De esta alegr\u00eda surge el conocimiento de la naturaleza, de las leyes que la rigen, del conocimiento que como seres humanos no somos un dominio fuera de la naturaleza, sino que somos parte de ella, de este conocimiento nace una alegr\u00eda suprema. <\/span><\/p>\n<p style=\"text-align: justify;\"><span style=\"font-family: arial, helvetica, sans-serif; font-size: 14pt;\"><strong>El conocimiento de la naturaleza origina una alegr\u00eda y un amor por todas las cosas del universo<\/strong>, es lo que lleva a <strong>Spinoza<\/strong> a su concepto, mencionado con anterioridad, en relaci\u00f3n con su posible misticismo, del <strong>amor intelectual a Dios, a trav\u00e9s del conocimiento, de la naturaleza<\/strong>, ya que <em><strong>Dios y Naturaleza <\/strong><\/em>son conceptos intercambiables. A trav\u00e9s de esto nace una alegr\u00eda superior acompa\u00f1ada de un amor hacia todas las cosas.<\/span><\/p>\n<p style=\"text-align: justify;\"><span style=\"font-family: arial, helvetica, sans-serif; font-size: 14pt;\">Entrar en mayores detalles sobre el sistema de pensamiento de <strong>Spinoza<\/strong>, su encadenamiento interno, no corresponde a esta intervenci\u00f3n p\u00fablica en la conmemoraci\u00f3n del tercer centenario de su muerte; es m\u00e1s bien tema de un curso regular como el que vengo orientando en el <strong>programa de Filosof\u00eda de la Universidad de Caldas<\/strong>. Pero quer\u00eda aprovechar la fecha para rendir homenaje a la memoria de <strong>Baruch Spinoza<\/strong>.<\/span><\/p>\n<\/div>\n<\/div>\n<\/div>\n<p>&nbsp;<\/p>\n<p><img loading=\"lazy\" decoding=\"async\" class=\"aligncenter wp-image-21449 size-medium\" src=\"https:\/\/puntocritico.com\/ausajpuntocritico\/wp-content\/uploads\/2019\/08\/Spinoza-CAUTE-300x300.jpg\" alt=\"\" width=\"300\" height=\"300\" data-id=\"21449\" srcset=\"https:\/\/puntocritico.com\/ausajpuntocritico\/wp-content\/uploads\/2019\/08\/Spinoza-CAUTE-300x300.jpg 300w, https:\/\/puntocritico.com\/ausajpuntocritico\/wp-content\/uploads\/2019\/08\/Spinoza-CAUTE-150x150.jpg 150w, https:\/\/puntocritico.com\/ausajpuntocritico\/wp-content\/uploads\/2019\/08\/Spinoza-CAUTE-768x768.jpg 768w, https:\/\/puntocritico.com\/ausajpuntocritico\/wp-content\/uploads\/2019\/08\/Spinoza-CAUTE-1024x1024.jpg 1024w, https:\/\/puntocritico.com\/ausajpuntocritico\/wp-content\/uploads\/2019\/08\/Spinoza-CAUTE.jpg 1400w\" sizes=\"auto, (max-width: 300px) 100vw, 300px\" \/><\/p>\n<div class=\"itemBody\">\n<div class=\"itemFullText\">\n<div style=\"text-align: center;\"><span style=\"font-family: georgia, palatino, serif; font-size: 18pt; color: #008000;\">\u00a0*******<\/span><\/div>\n<div style=\"text-align: justify;\">\n<blockquote>\n<h3 style=\"text-align: center;\"><strong><span style=\"font-size: 14pt;\">Nota:<\/span><\/strong><\/h3>\n<\/blockquote>\n<\/div>\n<blockquote>\n<div style=\"text-align: center;\"><span style=\"font-family: arial, helvetica, sans-serif; font-size: 14pt;\">Conferencia pronunciada, sin texto escrito, en la <strong>Universidad Nacional de Colombia<\/strong>, sede Manizales, el lunes <strong>21 febrero de 1977<\/strong>, justo en el d\u00eda de los <strong>300 a\u00f1os de la muerte de Baruch Spinoza<\/strong>. Transcripci\u00f3n de cinta conservada en el <strong>centro de documentaci\u00f3n de la Revista Aleph<\/strong> (CER).<\/span><\/div>\n<\/blockquote>\n<\/div>\n<\/div>\n<div>\u00a0<\/div>\n<div>\u00a0<\/div>\n<div>\n<figure id=\"attachment_2297771\" aria-describedby=\"caption-attachment-2297771\" style=\"width: 240px\" class=\"wp-caption aligncenter\"><img loading=\"lazy\" decoding=\"async\" class=\"wp-image-2297771\" src=\"https:\/\/puntocritico.com\/ausajpuntocritico\/wp-content\/uploads\/2024\/05\/Spinozas_bookcase_in_the_Spinozahuis_Rijnsburg-188x300.jpg\" alt=\"\" width=\"240\" height=\"383\" srcset=\"https:\/\/puntocritico.com\/ausajpuntocritico\/wp-content\/uploads\/2024\/05\/Spinozas_bookcase_in_the_Spinozahuis_Rijnsburg-188x300.jpg 188w, https:\/\/puntocritico.com\/ausajpuntocritico\/wp-content\/uploads\/2024\/05\/Spinozas_bookcase_in_the_Spinozahuis_Rijnsburg-641x1024.jpg 641w, https:\/\/puntocritico.com\/ausajpuntocritico\/wp-content\/uploads\/2024\/05\/Spinozas_bookcase_in_the_Spinozahuis_Rijnsburg-768x1227.jpg 768w, https:\/\/puntocritico.com\/ausajpuntocritico\/wp-content\/uploads\/2024\/05\/Spinozas_bookcase_in_the_Spinozahuis_Rijnsburg-962x1536.jpg 962w, https:\/\/puntocritico.com\/ausajpuntocritico\/wp-content\/uploads\/2024\/05\/Spinozas_bookcase_in_the_Spinozahuis_Rijnsburg-1282x2048.jpg 1282w, https:\/\/puntocritico.com\/ausajpuntocritico\/wp-content\/uploads\/2024\/05\/Spinozas_bookcase_in_the_Spinozahuis_Rijnsburg-1320x2109.jpg 1320w, https:\/\/puntocritico.com\/ausajpuntocritico\/wp-content\/uploads\/2024\/05\/Spinozas_bookcase_in_the_Spinozahuis_Rijnsburg-scaled.jpg 1603w\" sizes=\"auto, (max-width: 240px) 100vw, 240px\" \/><figcaption id=\"caption-attachment-2297771\" class=\"wp-caption-text\"><span style=\"color: #008000;\">La estanter\u00eda reconstruida de la casa de Spinoza en Rijnsburg, donde vivi\u00f3 Baruch Spinoza en 1661-1663<\/span><\/figcaption><\/figure>\n<\/div>\n<div>\u00a0<\/div>\n<div>\u00a0<\/div>\n<div>\u00a0<\/div>\n<div><a href=\"https:\/\/puntocritico.com\/ausajpuntocritico\/author\/punto-critico\/\"><img loading=\"lazy\" decoding=\"async\" class=\"aligncenter wp-image-9528\" src=\"https:\/\/puntocritico.com\/ausajpuntocritico\/wp-content\/uploads\/2018\/03\/Mosca_Punto_Cr\u00edtico_40.png\" alt=\"\" width=\"80\" height=\"80\" data-id=\"9528\" \/><\/a><\/div>\n<div>\u00a0<\/div>\n","protected":false},"excerpt":{"rendered":"<div class=\"mh-excerpt\"><p>EL PULIDOR DE LENTES \u00a0 EL PULIDOR DE LENTES: Consideraciones sobre vida y pensamiento de Baruch Spinoza Por Guillermo Arcila-Arango &nbsp; Comentadores superficiales de Spinoza, por ejemplo Voltaire, as\u00ed como el enciclopedista Bayle en su <a class=\"mh-excerpt-more\" href=\"https:\/\/puntocritico.com\/ausajpuntocritico\/2025\/11\/07\/el-pulidor-de-lentes\/\" title=\"EL PULIDOR DE LENTES: \u00abConsideraciones sobre vida y pensamiento de Baruch Spinoza\u00bb, por Guillermo Arcila-Arango (1977)\">[&#8230;]<\/a><\/p>\n<\/div>","protected":false},"author":3,"featured_media":2052,"comment_status":"open","ping_status":"closed","sticky":false,"template":"","format":"standard","meta":{"_acf_changed":false,"_exactmetrics_skip_tracking":false,"_exactmetrics_sitenote_active":false,"_exactmetrics_sitenote_note":"","_exactmetrics_sitenote_category":0,"footnotes":""},"categories":[8],"tags":[43],"class_list":{"0":"post-2229304","1":"post","2":"type-post","3":"status-publish","4":"format-standard","5":"has-post-thumbnail","7":"category-filosofia","8":"tag-spinoza"},"acf":[],"_links":{"self":[{"href":"https:\/\/puntocritico.com\/ausajpuntocritico\/wp-json\/wp\/v2\/posts\/2229304","targetHints":{"allow":["GET"]}}],"collection":[{"href":"https:\/\/puntocritico.com\/ausajpuntocritico\/wp-json\/wp\/v2\/posts"}],"about":[{"href":"https:\/\/puntocritico.com\/ausajpuntocritico\/wp-json\/wp\/v2\/types\/post"}],"author":[{"embeddable":true,"href":"https:\/\/puntocritico.com\/ausajpuntocritico\/wp-json\/wp\/v2\/users\/3"}],"replies":[{"embeddable":true,"href":"https:\/\/puntocritico.com\/ausajpuntocritico\/wp-json\/wp\/v2\/comments?post=2229304"}],"version-history":[{"count":0,"href":"https:\/\/puntocritico.com\/ausajpuntocritico\/wp-json\/wp\/v2\/posts\/2229304\/revisions"}],"wp:featuredmedia":[{"embeddable":true,"href":"https:\/\/puntocritico.com\/ausajpuntocritico\/wp-json\/wp\/v2\/media\/2052"}],"wp:attachment":[{"href":"https:\/\/puntocritico.com\/ausajpuntocritico\/wp-json\/wp\/v2\/media?parent=2229304"}],"wp:term":[{"taxonomy":"category","embeddable":true,"href":"https:\/\/puntocritico.com\/ausajpuntocritico\/wp-json\/wp\/v2\/categories?post=2229304"},{"taxonomy":"post_tag","embeddable":true,"href":"https:\/\/puntocritico.com\/ausajpuntocritico\/wp-json\/wp\/v2\/tags?post=2229304"}],"curies":[{"name":"wp","href":"https:\/\/api.w.org\/{rel}","templated":true}]}}