{"id":2227473,"date":"2025-09-26T00:05:27","date_gmt":"2025-09-25T22:05:27","guid":{"rendered":"https:\/\/puntocritico.com\/ausajpuntocritico\/?p=2227473"},"modified":"2025-09-26T10:33:58","modified_gmt":"2025-09-26T08:33:58","slug":"maldito-spinoza-el-ataque-de-carl-schmitt-al-tratado-teologico-politico-de-baruch-de-spinoza-parte-2-2","status":"publish","type":"post","link":"https:\/\/puntocritico.com\/ausajpuntocritico\/2025\/09\/26\/maldito-spinoza-el-ataque-de-carl-schmitt-al-tratado-teologico-politico-de-baruch-de-spinoza-parte-2-2\/","title":{"rendered":"MALDITO SPINOZA: El ataque de Carl Schmitt al Tratado teol\u00f3gico-pol\u00edtico de Baruch de Spinoza (y Parte 2)"},"content":{"rendered":"<p style=\"text-align: justify;\"><a href=\"https:\/\/puntocritico.com\/ausajpuntocritico\/2025\/09\/19\/maldito-spinoza-el-ataque-de-carl-schmitt-al-tratado-teologico-politico-de-baruch-de-spinoza-parte-1-2\/\" target=\"_blank\" rel=\"noopener\" data-schema-attribute=\"\"><span style=\"font-size: 14pt; color: #008000;\">MALDITO SPINOZA: El ataque de Carl Schmitt al Tratado \u00a0teol\u00f3gico-pol\u00edtico de Baruch de Spinoza &#8211; (Parte 1)<\/span><\/a><\/p>\n<p style=\"text-align: center;\"><strong><span style=\"font-size: 18pt; color: #008000;\">***<\/span><\/strong><\/p>\n<p><a href=\"https:\/\/puntocritico.com\/ausajpuntocritico\/wp-content\/uploads\/2019\/03\/Carl-Schmitt_2.jpg\" rel=\"lightbox[2227473]\"><img loading=\"lazy\" decoding=\"async\" class=\"aligncenter wp-image-17368\" src=\"https:\/\/puntocritico.com\/ausajpuntocritico\/wp-content\/uploads\/2019\/03\/Carl-Schmitt_2-300x199.jpg\" alt=\"MALDITO SPINOZA\" width=\"400\" height=\"266\" srcset=\"https:\/\/puntocritico.com\/ausajpuntocritico\/wp-content\/uploads\/2019\/03\/Carl-Schmitt_2-300x199.jpg 300w, https:\/\/puntocritico.com\/ausajpuntocritico\/wp-content\/uploads\/2019\/03\/Carl-Schmitt_2-678x452.jpg 678w, https:\/\/puntocritico.com\/ausajpuntocritico\/wp-content\/uploads\/2019\/03\/Carl-Schmitt_2.jpg 680w\" sizes=\"auto, (max-width: 400px) 100vw, 400px\" \/><\/a><\/p>\n<p>&nbsp;<\/p>\n<h2 style=\"text-align: center;\"><span style=\"font-size: 24pt;\"><strong>MALDITO SPINOZA: El ataque de Carl Schmitt al Tratado \u00a0teol\u00f3gico-pol\u00edtico de Baruch de Spinoza \u2013 (y Parte 2)<\/strong><\/span><\/h2>\n<p style=\"text-align: justify;\"><span style=\"font-size: 14pt;\"><strong><span style=\"color: #339966; font-family: arial, helvetica, sans-serif;\">Por Luc\u00eda Fern\u00e1ndez-Fl\u00f3rez. \u00a0UAM (Madrid)<\/span><\/strong><\/span><\/p>\n<p style=\"text-align: justify;\"><span style=\"font-size: 14pt;\"><a href=\"https:\/\/institucional.us.es\/revistas\/themata\/43\/10Florez.pdf\" target=\"_blank\" rel=\"noopener\">Th\u00e9mata. Revista de Filosof\u00eda<\/a>. N\u00famero 43. 2010<\/span><\/p>\n<p><img loading=\"lazy\" decoding=\"async\" class=\"aligncenter wp-image-2372 size-full\" src=\"https:\/\/puntocritico.com\/ausajpuntocritico\/wp-content\/uploads\/2017\/05\/Tratado_teologico_politico_1.jpg\" alt=\"\" width=\"200\" height=\"314\" data-id=\"2372\" srcset=\"https:\/\/puntocritico.com\/ausajpuntocritico\/wp-content\/uploads\/2017\/05\/Tratado_teologico_politico_1.jpg 200w, https:\/\/puntocritico.com\/ausajpuntocritico\/wp-content\/uploads\/2017\/05\/Tratado_teologico_politico_1-191x300.jpg 191w\" sizes=\"auto, (max-width: 200px) 100vw, 200px\" \/><\/p>\n<p>&nbsp;<\/p>\n<p style=\"text-align: justify;\"><span style=\"font-family: georgia, palatino, serif; font-size: 14pt;\">En un primer momento, la teolog\u00eda pol\u00edtica articulada \u00a0por <strong>Spinoza<\/strong> se asemeja al primer proyecto de una religi\u00f3n de la raz\u00f3n, tan criticada m\u00e1s adelante por los liberales (Berlin, 2001:73ss.). Sin embargo, no debemos quedarnos con el t\u00f3pico, esgrimido \u00a0por una de las vertientes \u00a0del liberalismo contempor\u00e1neo, que reduce la raz\u00f3n del siglo XVII a una cuesti\u00f3n de fe en la propia raz\u00f3n. <\/span><\/p>\n<p style=\"text-align: justify;\"><span style=\"font-family: georgia, palatino, serif; font-size: 14pt;\">El racionalismo de <strong>Spinoza<\/strong>, naturalista o idealista \u00a0seg\u00fan su influencia posterior, ha de ser examinado por s\u00ed mismo y en cada detalle. En este sentido, el propio <strong>Spinoza<\/strong> no aspira \u00a0a que todos los hombres sean racionales y comprendan la verdadera religi\u00f3n \u2013para la que el estudio de la <strong><em>\u00c9tica<\/em><\/strong> resulta, en realidad, \u00a0imprescindible: recordemos que comienza con las definiciones de Dios\u2013 sino a que aquellos que tienden a filosofar \u00a0lo hagan en libertad (Spinoza, 2008:73) en el Estado. <\/span><\/p>\n<p style=\"text-align: justify;\"><span style=\"font-family: georgia, palatino, serif; font-size: 14pt;\"><strong>Spinoza<\/strong> comprende que \u201c<em>es tan imposible que el vulgo se libere de la superstici\u00f3n como del miedo<\/em>\u201d (Spinoza, 2008:72); no se puede forzar \u00a0a los hombres a la virtud, ni hacer de la filosof\u00eda una queja o un desprecio contra los hombres (Spinoza, 2007:141) <strong><a href=\"#nota12\">(12)<\/a><\/strong>. <\/span><\/p>\n<p style=\"text-align: justify;\"><span style=\"font-family: georgia, palatino, serif; font-size: 14pt;\">No obstante, aunque esto pudiera confundirse con un simple prop\u00f3sito de protecci\u00f3n pol\u00edtica de la filosof\u00eda \u2013y este parece ser el prop\u00f3sito de la <em>libertas philosophandi<\/em>\u2013 lo cierto es que de fondo se est\u00e1 explicando filos\u00f3fica y metaf\u00edsicamente \u00a0la pol\u00edtica. <\/span><\/p>\n<p style=\"text-align: justify;\"><span style=\"font-family: georgia, palatino, serif; font-size: 14pt;\">En opini\u00f3n de <a href=\"https:\/\/puntocritico.com\/ausajpuntocritico\/2024\/06\/27\/la-revolucion-conservadora-alemana\/\" target=\"_blank\" rel=\"noopener\" data-schema-attribute=\"\"><strong>Leo Strauss<\/strong><\/a>,<strong> \u00a0Spinoza<\/strong> intenta algo m\u00e1s all\u00e1 de defender la superioridad \u00a0de la filosof\u00eda \u00a0frente a la teolog\u00eda, o de refutar la ortodoxia (<em>teol\u00f3gica, principalmente la cristiana<\/em>) sirvi\u00e9ndose de la raz\u00f3n; \u00a0<strong>lo que intenta es comprenderlo y explicarlo todo, la naturaleza \u00a0en general y la naturaleza humana, en particular la naturaleza \u00a0pol\u00edtica por la que los hombres viven \u00a0juntos<\/strong> (Hilb, 2005:301ss). <\/span><\/p>\n<p style=\"text-align: justify;\"><span style=\"font-family: georgia, palatino, serif; font-size: 14pt;\">Esto implica mucho m\u00e1s que un simple desmontaje de la teolog\u00eda y de sus pretensiones pol\u00edticas; implica que la <em><strong>\u00c9tica<\/strong><\/em> debe leerse junto con el <em><strong>Tratado teol\u00f3gico-pol\u00edtico<\/strong><\/em>, porque <\/span><\/p>\n<blockquote>\n<p style=\"text-align: justify;\"><strong><span style=\"font-family: georgia, palatino, serif; font-size: 14pt; color: #008000;\">\u201c<em>la naturaleza \u00a0de Dios \u00a0es cognoscible<\/em>\u201d (Hilb, \u00a02005:302): <em>Deus sive natura<\/em>.<\/span><\/strong><\/p>\n<\/blockquote>\n<p>&nbsp;<\/p>\n<p><a href=\"https:\/\/puntocritico.com\/ausajpuntocritico\/wp-content\/uploads\/2019\/03\/deus-sive-natura-SPINOZA-ANTONIO-MASSIANI.jpg\" rel=\"lightbox[2227473]\"><img loading=\"lazy\" decoding=\"async\" class=\"wp-image-17584 aligncenter\" src=\"https:\/\/puntocritico.com\/ausajpuntocritico\/wp-content\/uploads\/2019\/03\/deus-sive-natura-SPINOZA-ANTONIO-MASSIANI.jpg\" alt=\"\" width=\"360\" height=\"360\" srcset=\"https:\/\/puntocritico.com\/ausajpuntocritico\/wp-content\/uploads\/2019\/03\/deus-sive-natura-SPINOZA-ANTONIO-MASSIANI.jpg 730w, https:\/\/puntocritico.com\/ausajpuntocritico\/wp-content\/uploads\/2019\/03\/deus-sive-natura-SPINOZA-ANTONIO-MASSIANI-150x150.jpg 150w, https:\/\/puntocritico.com\/ausajpuntocritico\/wp-content\/uploads\/2019\/03\/deus-sive-natura-SPINOZA-ANTONIO-MASSIANI-300x300.jpg 300w\" sizes=\"auto, (max-width: 360px) 100vw, 360px\" \/><\/a><\/p>\n<p>&nbsp;<\/p>\n<p style=\"text-align: justify;\"><span style=\"font-family: georgia, palatino, serif; font-size: 14pt;\">Por lo tanto, lo que hizo <strong>Spinoza<\/strong> cuando dej\u00f3 de escribir la <em><strong>\u00c9tica<\/strong><\/em> para empezar el <strong>Tratado teol\u00f3gico-pol\u00edtico<\/strong> fue mucho m\u00e1s revolucionario que apartar \u00a0la metaf\u00edsica \u00a0para ponerse a hablar de pol\u00edtica, intern\u00e1ndose de repente, adem\u00e1s, en la complicada situaci\u00f3n holandesa de la \u00e9poca y tomando partido por <a href=\"https:\/\/puntocritico.com\/ausajpuntocritico\/2022\/07\/29\/ultimi-barbarorum-el-asesinato-de-los-hermanos-de-witt-alejandro-dumas-spinoza-cornelio-y-jan-de-witt\/\"><strong>Jan De Witt<\/strong><\/a> frente a la <em><strong>casa de Orange<\/strong><\/em>, apoyada por las <em>sectas<\/em> <em>calvinistas<\/em>. <\/span><\/p>\n<p style=\"text-align: justify;\"><span style=\"font-family: georgia, palatino, serif; font-size: 14pt;\">No hay un <strong>Spinoza<\/strong> \u00e9tico que demuestra conocer a Dios y los afectos, separado de un <strong>Spinoza<\/strong> pol\u00edtico que escribe contra los fan\u00e1ticos de la religi\u00f3n, de cualquier religi\u00f3n violenta dominada por la ira y el odio. <\/span><\/p>\n<p style=\"text-align: justify;\"><span style=\"font-family: georgia, palatino, serif; font-size: 14pt;\">En efecto, el problema \u00a0en el que se hunde <strong>Spinoza<\/strong> tiene una gravedad \u00a0mayor: el \u201c<strong><em>ateo Spinoza<\/em><\/strong>\u201d es el fil\u00f3sofo que minuciosamente se empe\u00f1a en demostrar \u00a0que Dios no es inescrutable, \u00a0que los milagros \u00a0se deben a la comprensi\u00f3n inadecuada que los humanos tenemos de la naturaleza, \u00a0y que \u00e9sta siempre se puede comprender mejor una vez disponemos del m\u00e9todo adecuado; que, para colmo, podemos comprendernos mejor a nosotros mismos, y organizarnos evidentemente mejor en el Estado. <\/span><\/p>\n<p style=\"text-align: justify;\"><span style=\"font-family: georgia, palatino, serif; font-size: 14pt;\">La primera parte del <strong>Tratado<\/strong> es, como dice el t\u00edtulo, <strong>teol\u00f3gica<\/strong>; la segunda aborda directamente el problema pol\u00edtico. \u00bfQu\u00e9 dice <strong>Spinoza<\/strong> que no haya dicho <strong>Hobbes<\/strong>? <\/span><\/p>\n<p style=\"text-align: justify;\"><span style=\"font-family: georgia, palatino, serif; font-size: 14pt;\">De nuevo en opini\u00f3n de <strong>Strauss<\/strong>, el prudente <strong>Spinoza<\/strong> es tambi\u00e9n el osado <strong>Spinoza<\/strong>: consciente de que debe rendirle tributo a la religi\u00f3n simplemente por el hecho de que \u00e9sta mantiene su funci\u00f3n social, se atreve \u00a0a hablar \u00a0de la verdadera \u00a0piedad en un desaf\u00edo claro al cristianismo (Hilb, 2005:307). <\/span><\/p>\n<p style=\"text-align: justify;\"><span style=\"font-family: georgia, palatino, serif; font-size: 14pt;\"><strong>La rep\u00fablica ya no puede ser cristiana; su poder, su verdadero poder, ser\u00e1 democr\u00e1tico<\/strong>.<\/span><\/p>\n<p style=\"text-align: justify;\"><span style=\"font-family: georgia, palatino, serif; font-size: 14pt;\">El <strong>primer cap\u00edtulo<\/strong> \u00a0est\u00e1 \u00a0dedicado a la <strong>profec\u00eda<\/strong> o a la <em>revelaci\u00f3n<\/em>: cogiendo el toro por los cuernos, <strong>Spinoza<\/strong> la define como \u201c<em>el conocimiento cierto de una cosa, revelada \u00a0por Dios a los hombres<\/em>\u201d; sin embargo, el profeta no revela \u00a0una cosa a todos ellos sino<\/span><\/p>\n<blockquote>\n<p style=\"text-align: justify;\"><span style=\"font-family: georgia, palatino, serif; font-size: 14pt; color: #008000;\"><strong> \u201c<em>a aquellos que no pueden alcanzar un conocimiento cierto de ellas [de las cosas], que s\u00f3lo pueden aceptarlas por simple fe<\/em>\u201d (Spinoza, 2008:75).<\/strong> <\/span><\/p>\n<\/blockquote>\n<p>&nbsp;<\/p>\n<p style=\"text-align: justify;\"><span style=\"font-family: georgia, palatino, serif; font-size: 14pt;\"><strong>La simple fe es aqu\u00ed una versi\u00f3n del conocimiento que los hombres poseemos de Dios<\/strong>; la fe es imaginaci\u00f3n humana, conocimiento por medio de im\u00e1genes y palabras \u00a0(Spinoza, 2008:83, 85), que entretiene y divierte a la mayor parte de los hombres; <strong>es lo que hoy en d\u00eda llamar\u00edamos \u00a0literatura<\/strong>. <\/span><\/p>\n<p style=\"text-align: justify;\"><span style=\"font-family: georgia, palatino, serif; font-size: 14pt;\">Aunque no todos puedan alcanzar un conocimiento cierto de las cosas, lo cierto es que todos s\u00ed poseen una luz natural que les es com\u00fan, y que el acceso a la verdad natural \u00a0y divina \u00a0se obtiene tanto por la v\u00eda de la imaginaci\u00f3n \u00a0como por la del entendimiento. <\/span><\/p>\n<p style=\"text-align: justify;\"><span style=\"font-family: georgia, palatino, serif; font-size: 14pt;\">No se trata \u00a0de despreciar a la fe en favor de la raz\u00f3n, pues en ese caso ni siquiera\u00a0 tendr\u00eda \u00a0inter\u00e9s \u00a0interpretar \u00a0la <em>Escritura<\/em>; \u00a0el meollo del asunto estriba \u00a0en que tanto la fe como la raz\u00f3n forman parte del conocimiento de Dios y de la naturaleza, \u00a0<strong>pero no a la manera de la doble verdad de los averro\u00edstas<\/strong> <strong>ni a la manera de la \u00fanica verdad de<\/strong> <strong>Santo Tom\u00e1s<\/strong>: <\/span><\/p>\n<blockquote>\n<p style=\"text-align: justify;\"><span style=\"color: #008000;\"><strong><span style=\"font-family: georgia, palatino, serif; font-size: 14pt;\">\u201c<em>tambi\u00e9n nosotros percibimos [\u2026] la mente de Dios; no obstante, como el conocimiento natural \u00a0es com\u00fan a todos, no es tan estimado<\/em>\u201d (Spinoza, 2008:93) ni por el vulgo ni por los te\u00f3logos, pero s\u00ed es m\u00e1s cierto y mejor (Spinoza, 2008:98) <a style=\"color: #008000;\" href=\"#nota13\">(13)<\/a>.<\/span><\/strong><\/span><\/p>\n<\/blockquote>\n<p>&nbsp;<\/p>\n<p style=\"text-align: justify;\"><span style=\"font-family: georgia, palatino, serif; font-size: 14pt;\">Cabe pensar, en efecto, en una \u00fanica verdad, y la luz natural se encarga de derribar la \u00faltima barrera que nos separaba de ella: <strong>la autoridad revelada se desintegra hist\u00f3rica y naturalmente en todas las direcciones posibles<\/strong>, <strong>investig\u00e1ndolo todo y preguntando sus causas<\/strong>; <strong>hay \u00a0s\u00f3lo un paso de aqu\u00ed al tribunal \u00a0<em>kantiano<\/em> \u00a0de la raz\u00f3n<\/strong> (Kant, 2005:A 739, B 767).<\/span><\/p>\n<p style=\"text-align: justify;\"><span style=\"font-family: georgia, palatino, serif; font-size: 14pt;\"><strong>\u00bfHasta qu\u00e9 punto significan estas palabras \u00a0del fil\u00f3sofo un ataque a la revelaci\u00f3n?<\/strong> El alcance de la cr\u00edtica es total, pero tambi\u00e9n lo es el alcance de la propia tarea de comprensi\u00f3n de lo real que ha emprendido <strong>Spinoza<\/strong>. Se trata de \u201c<em>la destrucci\u00f3n de todo lo transcendental<\/em>\u201d (Negri, 1993:89) en favor de una comprensi\u00f3n absoluta \u00a0\u2013<strong>Strauss<\/strong> \u00a0dir\u00eda \u00a0que homog\u00e9nea\u2013 de la naturaleza: <strong>nosotros somos esa naturaleza, nosotros y todo lo dem\u00e1s somos Dios, y como tal debemos comprenderlo<\/strong>. <\/span><\/p>\n<p style=\"text-align: justify;\"><span style=\"font-family: georgia, palatino, serif; font-size: 14pt;\"><strong>El mismo an\u00e1lisis se aplica al milagro<\/strong>: <\/span><\/p>\n<blockquote>\n<p style=\"text-align: justify;\"><span style=\"font-family: georgia, palatino, serif; font-size: 14pt; color: #008000;\"><strong>\u201c<em>los milagros se llaman obras de Dios, es decir, obras asombrosas; puesto que, en realidad, \u00a0todas las cosas naturales \u00a0son obras de Dios y s\u00f3lo existen y act\u00faan por el poder divino<\/em>\u201d (Spinoza, 2008:88).<\/strong> <\/span><\/p>\n<\/blockquote>\n<p>&nbsp;<\/p>\n<p style=\"text-align: justify;\"><span style=\"font-family: georgia, palatino, serif; font-size: 14pt;\">En efecto, <strong>si todo lo natural es un milagro ya no hay \u00a0ning\u00fan \u00a0milagro<\/strong>, puesto que el milagro es tan s\u00f3lo aquello cuya causa ignoramos y que nos asombra;\u00a0 tal es la osad\u00eda \u00a0de <strong>Spinoza<\/strong>, que habla \u00a0de preguntarnos cara a cara \u00a0por las cosas, en una especie de primer \u00a0mandato \u00a0fenomenol\u00f3gico hacia \u201c<em>las cosas mismas<\/em>\u201d, seg\u00fan el famoso lema, muy posterior, de <strong>Husserl<\/strong>. <\/span><\/p>\n<p style=\"text-align: justify;\"><span style=\"font-family: georgia, palatino, serif; font-size: 14pt;\">Y as\u00ed comienza la interpelaci\u00f3n: <strong>la certeza del profeta es moral<\/strong>, por- que Dios se adapta \u00a0a su disposici\u00f3n \u00a0personal \u00a0al conocimiento (Spinoza, 2008:99 ss.); esta \u00a0<strong>es una manera \u00a0elegante \u00a0de decir que la \u00a0imaginaci\u00f3n humana trabaja \u00a0de acuerdo con la \u00e9poca, y que cada profeta ha dicho lo que crey\u00f3 que ten\u00eda que decir<\/strong> (\u201c<em>cada uno vio a Dios como sol\u00eda imaginarlo<\/em>\u201d, <strong>Spinoza<\/strong>, 2008:103); <\/span><\/p>\n<blockquote>\n<p style=\"text-align: justify;\"><span style=\"color: #008000;\"><strong><span style=\"font-family: georgia, palatino, serif; font-size: 14pt;\">\u201c<em>sus revelaciones \u00a0fueron acomodadas a esas opiniones<\/em>\u201d, \u201c<em>Dios se le revel\u00f3 seg\u00fan su capacidad<\/em>\u201d: 2008:107).<\/span><\/strong><\/span><\/p>\n<\/blockquote>\n<p>&nbsp;<\/p>\n<p style=\"text-align: justify;\"><span style=\"font-family: georgia, palatino, serif; font-size: 14pt;\"><strong>La conclusi\u00f3n es evidente<\/strong>: si la <em>Escritura<\/em> est\u00e1 adaptada \u00a0a su \u00e9poca y a sus oyentes (<em>los creyentes, los fieles)<\/em>, no tenemos ninguna obligaci\u00f3n de tomarla en serio, o al menos tan en serio como para rendirnos ante ella; <\/span><\/p>\n<blockquote>\n<p style=\"text-align: justify;\"><strong><span style=\"font-family: georgia, palatino, serif; font-size: 14pt; color: #008000;\">\u201c<em>fuera de aquello que constituye \u00a0el fin y la sustancia \u00a0de la revelaci\u00f3n, cada uno es libre para creer como le plazca<\/em>\u201d (Spinoza, 2008: 114; cursivas m\u00edas).<\/span><\/strong><\/p>\n<\/blockquote>\n<p>&nbsp;<\/p>\n<figure id=\"attachment_17581\" aria-describedby=\"caption-attachment-17581\" style=\"width: 330px\" class=\"wp-caption alignleft\"><a href=\"https:\/\/puntocritico.com\/ausajpuntocritico\/wp-content\/uploads\/2019\/03\/socrates-platon-y-aristoteles_7348_5_2.jpg\" rel=\"lightbox[2227473]\"><img loading=\"lazy\" decoding=\"async\" class=\"wp-image-17581\" src=\"https:\/\/puntocritico.com\/ausajpuntocritico\/wp-content\/uploads\/2019\/03\/socrates-platon-y-aristoteles_7348_5_2-246x300.jpg\" alt=\"\" width=\"330\" height=\"403\" srcset=\"https:\/\/puntocritico.com\/ausajpuntocritico\/wp-content\/uploads\/2019\/03\/socrates-platon-y-aristoteles_7348_5_2-246x300.jpg 246w, https:\/\/puntocritico.com\/ausajpuntocritico\/wp-content\/uploads\/2019\/03\/socrates-platon-y-aristoteles_7348_5_2.jpg 350w\" sizes=\"auto, (max-width: 330px) 100vw, 330px\" \/><\/a><figcaption id=\"caption-attachment-17581\" class=\"wp-caption-text\"><span style=\"color: #008000;\">S\u00f3crates, Plat\u00f3n y Arist\u00f3teles<\/span><\/figcaption><\/figure>\n<p style=\"text-align: justify;\"><span style=\"font-family: georgia, palatino, serif; font-size: 14pt;\">Aqu\u00ed, en efecto, se halla <strong>el motivo del esc\u00e1ndalo teol\u00f3gico-pol\u00edtico<\/strong>. Pero <strong>\u00bfqu\u00e9 constituye el fin y la sustancia de la revelaci\u00f3n, de los que habla<\/strong> <strong>Spinoza<\/strong>? <\/span><\/p>\n<p style=\"text-align: justify;\"><span style=\"font-family: georgia, palatino, serif; font-size: 14pt;\">Si el n\u00facleo de la rep\u00fablica cristiana \u00a0de <strong>Hobbes<\/strong> se encontraba en el poder soberano que impone, al menos de obra y de palabra, \u00a0la confesi\u00f3n religiosa \u00a0de que <strong>Jes\u00fas<\/strong> es el <em><strong>Cristo<\/strong><\/em> a cada s\u00fabdito del Estado, <strong>\u00bfen qu\u00e9 consiste la revelaci\u00f3n divina que s\u00ed tenemos la obligaci\u00f3n, no ya como hombres sino como ciudadanos de un Estado, de reconocer? <\/strong><\/span><\/p>\n<p style=\"text-align: justify;\"><span style=\"font-family: georgia, palatino, serif; font-size: 14pt;\">Hasta que no hayamos comprendido la profundidad de la inversi\u00f3n que lleva a cabo <strong>Spinoza<\/strong> en la teolog\u00eda pol\u00edtica (<em>que se basa en la fe en la revelaci\u00f3n, y que acusa y le planta batalla a la falta de fe<\/em>), no sabremos en realidad cu\u00e1l es el motivo por el que <strong>Schmitt<\/strong>, en 1938, considera esencial atacar al \u201c<em>primer jud\u00edo liberal<\/em>\u201d; ni sabremos tampoco por qu\u00e9 <strong>Schmitt<\/strong> se equivoca y por qu\u00e9 quiere que nosotros nos equivoquemos con <strong>Spinoza<\/strong>. <strong>\u00bfCu\u00e1l es la revelaci\u00f3n?<\/strong><\/span><\/p>\n<p>&nbsp;<\/p>\n<blockquote>\n<p style=\"text-align: center;\"><strong><span style=\"font-family: georgia, palatino, serif; font-size: 14pt; color: #008000;\">Hasta que no hayamos comprendido la profundidad de la inversi\u00f3n que lleva a cabo Spinoza en la teolog\u00eda pol\u00edtica (<em>que se basa en la fe en la revelaci\u00f3n, y que acusa y le planta batalla a la falta de fe<\/em>), no sabremos en realidad cu\u00e1l es el motivo por el que Schmitt, en 1938, considera esencial atacar al \u201c<em>primer jud\u00edo liberal<\/em>\u201d<\/span><\/strong><\/p>\n<\/blockquote>\n<p>&nbsp;<\/p>\n<p style=\"text-align: justify;\"><span style=\"font-family: georgia, palatino, serif; font-size: 14pt;\"><strong>Esta cuesti\u00f3n se plantea \u00a0inmediatamente con una serie \u00a0de definiciones<\/strong>: el gobierno de Dios es <em>\u201cel orden fijo e inmutable \u00a0de la naturaleza o la concatenaci\u00f3n de las cosas naturales<\/em>\u201d; debido a <strong>la potencia de Dios, que es el poder de cada cosa que existe<\/strong>,<\/span><\/p>\n<blockquote>\n<p style=\"text-align: justify;\"><span style=\"color: #008000;\"><strong><span style=\"font-family: georgia, palatino, serif; font-size: 14pt;\"> \u201c<em>toda ayuda que el hombre (que tambi\u00e9n es una parte de la naturaleza) aporta a su propia conservaci\u00f3n, o la que le ofrece la naturaleza sin su colaboraci\u00f3n, todo ello le es ofrecido por el solo poder divino<\/em>\u201d (Spinoza, 2008:119-120).<\/span><\/strong><\/span><\/p>\n<\/blockquote>\n<p>&nbsp;<\/p>\n<p style=\"text-align: justify;\"><span style=\"font-family: georgia, palatino, serif; font-size: 14pt;\">De esta manera,<strong> el \u201c<em>auxilio interno de Dios<\/em>\u201d consiste en todo aquello que el hombre puede hacer por s\u00ed mismo; mientras \u00a0que el \u201c<em>auxilio externo<\/em>\u201d es todo aquello que la naturaleza \u00a0no humana puede hacer por \u00e9l<\/strong>.<\/span><\/p>\n<p>&nbsp;<\/p>\n<p><a href=\"https:\/\/puntocritico.com\/ausajpuntocritico\/2017\/08\/19\/la-metafisica-o-indagacion-de-lo-divino-por-luis-farre-triptico-el-juicio-final\/\" target=\"_blank\" rel=\"noopener\" data-schema-attribute=\"\"><img loading=\"lazy\" decoding=\"async\" class=\"aligncenter wp-image-4702\" src=\"https:\/\/puntocritico.com\/ausajpuntocritico\/wp-content\/uploads\/2017\/08\/LA-METAF\u00cdSICA-O-INDAGACI\u00d3N-DE-LO-DIVINO-izq-215x300.jpg\" alt=\"\" width=\"240\" height=\"336\" srcset=\"https:\/\/puntocritico.com\/ausajpuntocritico\/wp-content\/uploads\/2017\/08\/LA-METAF\u00cdSICA-O-INDAGACI\u00d3N-DE-LO-DIVINO-izq-215x300.jpg 215w, https:\/\/puntocritico.com\/ausajpuntocritico\/wp-content\/uploads\/2017\/08\/LA-METAF\u00cdSICA-O-INDAGACI\u00d3N-DE-LO-DIVINO-izq.jpg 286w\" sizes=\"auto, (max-width: 240px) 100vw, 240px\" \/><\/a><\/p>\n<p>&nbsp;<\/p>\n<blockquote>\n<p style=\"text-align: center;\"><span style=\"color: #008000;\"><strong><span style=\"font-family: georgia, palatino, serif; font-size: 14pt;\">La cadena de definiciones\u00a0 conduce de forma irreversible hacia \u00a0una conclusi\u00f3n: no \u00a0hay \u00a0un \u00a0pueblo elegido por \u00a0la gracia divina \u00a0(Spinoza, 2008:122),\u00a0sino \u00a0diferentes \u00a0pueblos \u00a0que han \u00a0conocido lo suficiente de Dios y de s\u00ed mismos para conservar su existencia<\/span><\/strong><\/span><\/p>\n<\/blockquote>\n<p>&nbsp;<\/p>\n<p style=\"text-align: justify;\"><span style=\"font-family: georgia, palatino, serif; font-size: 14pt;\">La cadena de definiciones\u00a0 conduce de forma irreversible hacia \u00a0una conclusi\u00f3n: <strong>no \u00a0hay \u00a0un \u00a0pueblo elegido por \u00a0la gracia divina<\/strong> \u00a0(Spinoza, 2008:122) <strong><a href=\"#nota14\">(14)<\/a><\/strong>, sino \u00a0diferentes \u00a0pueblos \u00a0que han \u00a0conocido lo suficiente de Dios y de s\u00ed mismos para conservar su existencia; <strong>es decir, hay historia humana, que es historia \u00a0pol\u00edtica e historia \u00a0de las religiones<\/strong>. <\/span><\/p>\n<p style=\"text-align: justify;\"><span style=\"font-family: georgia, palatino, serif; font-size: 14pt;\">No hay ninguna sustancia m\u00edstica en el pueblo elegido, ni en raz\u00f3n de su obediencia ni en raz\u00f3n de su desobediencia a Dios; ni el pueblo hebreo ni ning\u00fan otro pueblo es el elegido, simplemente porque todos son igualmente humanos, igualmente naturales. <\/span><\/p>\n<p style=\"text-align: justify;\"><span style=\"font-family: georgia, palatino, serif; font-size: 14pt;\">Pero cabe decir algo m\u00e1s, algo mucho peor: <strong>la beatitud humana consiste en amar a Dios -lo cual significa conocerlo: es un amor intelectual de Dios-<\/strong> (Spinoza, 2008:140), no en seguir un mandato ante el cual s\u00f3lo cabe humillarse y reconocer el pecado, la falta, la transgresi\u00f3n. Este amor a Dios da v\u00e9rtigo, una vez lo desconectamos de sus aires escol\u00e1sticos o puritanos, sectarios: <strong>no se trata de contemplarlo en su gloria ni de trabajar duramente por \u00c9l<\/strong>. <\/span><\/p>\n<p style=\"text-align: justify;\"><span style=\"font-family: georgia, palatino, serif; font-size: 14pt;\">En efecto, de lo que s\u00ed se trata es de dar lugar, de fundar el mejor Estado por nuestro propio bien y en vista de nuestra \u00a0propia \u00a0utilidad; aqu\u00ed \u00a0entramos \u00a0en la\u00a0 parte \u00a0pol\u00edtica, \u00a0cuando todav\u00eda leemos sobre el Estado de los hebreos en el <strong>cap\u00edtulo V del Tratado<\/strong> (\u201c<em>Por qu\u00e9 han sido instituidas las ceremonias y por qu\u00e9 y para qui\u00e9nes es necesaria la fe en las historias<\/em>\u201d). <\/span><\/p>\n<p style=\"text-align: justify;\"><span style=\"font-family: georgia, palatino, serif; font-size: 14pt;\">\u00bfQu\u00e9 es lo que <strong>Spinoza<\/strong> tiene que decir contra <strong>Hobbes<\/strong> a este respecto? Sobre todo, lo siguiente: <strong>la sociedad civil no es \u00fanicamente \u00fatil contra los enemigos, tambi\u00e9n los hombres se prestan ayuda mutua, colaborando unos con otros<\/strong>; los hombres forman sociedad, trabajan y se esfuerzan juntos, aumentando as\u00ed su seguridad \u00a0y su comodidad en la vida (Spinoza, 2008:158)<strong> <a href=\"#nota15\">(15)<\/a><\/strong>.<\/span><\/p>\n<p>&nbsp;<\/p>\n<blockquote>\n<p style=\"text-align: center;\"><strong><span style=\"font-family: georgia, palatino, serif; font-size: 14pt; color: #008000;\">Los hombres forman sociedad, trabajan y se esfuerzan juntos, aumentando as\u00ed su seguridad \u00a0y su comodidad en la vida<\/span><\/strong><\/p>\n<\/blockquote>\n<p>&nbsp;<\/p>\n<p style=\"text-align: justify;\"><span style=\"font-family: georgia, palatino, serif; font-size: 14pt;\"><strong>Este \u00faltimo punto es el que hace del fil\u00f3sofo, para bien y para mal, un socialista, un dem\u00f3crata<\/strong>. No hace falta \u00a0retorcer las palabras \u00a0de los dos <strong>Tratados<\/strong> para que veamos que <strong>Spinoza<\/strong> piensa la divisi\u00f3n del trabajo, justific\u00e1ndola por un lado, anticipando su cr\u00edtica (<em>marxista<\/em>) por el otro. <\/span><\/p>\n<p style=\"text-align: justify;\"><span style=\"font-family: georgia, palatino, serif; font-size: 14pt;\">Seg\u00fan el <em>neomarxista<\/em> <a href=\"https:\/\/puntocritico.com\/ausajpuntocritico\/2021\/08\/20\/spinoza-otra-potencia-de-la-accion-por-antonio-negri\/\"><strong>Antonio Negri<\/strong><\/a>, la ideolog\u00eda <em>spinozista<\/em> contribuye a fundar la <em>utop\u00eda burguesa del mercado<\/em>, junto con <a href=\"https:\/\/puntocritico.com\/ausajpuntocritico\/2018\/04\/13\/spinoza-y-hobbes-la-escalera-de-libertades\/\"><strong>Hobbes<\/strong><\/a> y <a href=\"https:\/\/puntocritico.com\/ausajpuntocritico\/2018\/09\/27\/el-mundo-de-john-locke\/\"><strong>Locke<\/strong><\/a> (<em>esos que <strong>Strauss<\/strong> coloca junto a <strong>Maquiavelo<\/strong> y a <strong>Spinoza<\/strong> en la primera ola de la modernidad<\/em>); pero tambi\u00e9n se funda con ella el <em>liberal-socialismo<\/em>, ese imposible que re\u00fane la colaboraci\u00f3n social y la libertad individual \u00a0en un solo compuesto pol\u00edtico: <\/span><\/p>\n<blockquote>\n<p style=\"text-align: justify;\"><span style=\"color: #008000;\"><strong><span style=\"font-family: georgia, palatino, serif; font-size: 14pt;\">\u201c<em>el Spinoza real, y no el de la ideolog\u00eda, ataca y supera propiamente las conexiones de la definici\u00f3n hobbesiana del poder, y recorre el an\u00e1lisis gen\u00e9tico para demostrar su inconclusividad actual, la contradicci\u00f3n representada \u00a0por un eventual \u00a0cierre del sistema (efectivo en Hobbes) y la posibilidad, por el contrario, de abrir el ritmo constitutivo \u00a0a una filosof\u00eda del porvenir<\/em>\u201d (Negri, 1993:132).<\/span><\/strong><\/span><\/p>\n<\/blockquote>\n<p>&nbsp;<\/p>\n<p style=\"text-align: justify;\"><span style=\"font-family: georgia, palatino, serif; font-size: 14pt;\"><strong>Negri<\/strong> sit\u00faa \u00a0aqu\u00ed al Estado \u2013la unidad cerrada e irresistible que describ\u00eda <strong>Schmitt<\/strong>\u2013 frente al poder de la sociedad, que est\u00e1 constituy\u00e9ndose a s\u00ed \u00a0misma \u00a0siempre \u00a0como ayuda \u00a0mutua \u00a0y \u00a0como colaboraci\u00f3n. \u00a0En efecto, seg\u00fan esta visi\u00f3n, la soberan\u00eda estatal \u00a0(<strong>Hobbes<\/strong>) se enfrenta abiertamente a la revoluci\u00f3n social (<strong>Spinoza<\/strong>): la guerra \u00a0civil tan temida \u00a0por <strong>Hobbes<\/strong>, despu\u00e9s anunciada por <strong>Schmitt<\/strong>, es aquella en la que aparece una multitud dominada por la ira y el rencor.<\/span><\/p>\n<p>&nbsp;<\/p>\n<blockquote>\n<p style=\"text-align: center;\"><span style=\"color: #008000;\"><strong><span style=\"font-family: georgia, palatino, serif; font-size: 14pt;\">La guerra \u00a0civil tan temida \u00a0por Hobbes, despu\u00e9s anunciada por Schmitt, es aquella en la que aparece una multitud dominada por la ira y el rencor.<\/span><\/strong><\/span><\/p>\n<\/blockquote>\n<p>&nbsp;<\/p>\n<p style=\"text-align: justify;\"><span style=\"font-family: georgia, palatino, serif; font-size: 14pt;\">Lo que <strong>Spinoza<\/strong> hizo, seg\u00fan la opini\u00f3n tanto del <em>revolucionario<\/em> <strong>Negri<\/strong>\u00a0como del <em>reaccionario<\/em> <strong>Schmitt<\/strong>, fue abrirle las puertas a la <a href=\"https:\/\/puntocritico.com\/ausajpuntocritico\/2023\/03\/03\/multitud-y-poder-en-spinoza\/\">multitud<\/a>: <strong>trajo la guerra y no precisamente constituy\u00f3 la paz civil en el Estado<\/strong>.<\/span><\/p>\n<p>&nbsp;<\/p>\n<blockquote>\n<p style=\"text-align: center;\"><strong><span style=\"font-family: georgia, palatino, serif; font-size: 14pt; color: #008000;\">La guerra \u00a0civil tan temida \u00a0por Hobbes, despu\u00e9s anunciada por Schmitt, es aquella en la que aparece una multitud dominada por la ira y el rencor<\/span><\/strong><\/p>\n<\/blockquote>\n<p>&nbsp;<\/p>\n<p><a href=\"https:\/\/puntocritico.com\/ausajpuntocritico\/wp-content\/uploads\/2019\/03\/filosofia-griega-neoplatonismo.jpg\" rel=\"lightbox[2227473]\"><img loading=\"lazy\" decoding=\"async\" class=\"aligncenter wp-image-17582\" src=\"https:\/\/puntocritico.com\/ausajpuntocritico\/wp-content\/uploads\/2019\/03\/filosofia-griega-neoplatonismo.jpg\" alt=\"\" width=\"440\" height=\"296\" srcset=\"https:\/\/puntocritico.com\/ausajpuntocritico\/wp-content\/uploads\/2019\/03\/filosofia-griega-neoplatonismo.jpg 550w, https:\/\/puntocritico.com\/ausajpuntocritico\/wp-content\/uploads\/2019\/03\/filosofia-griega-neoplatonismo-300x202.jpg 300w\" sizes=\"auto, (max-width: 440px) 100vw, 440px\" \/><\/a><\/p>\n<p>&nbsp;<\/p>\n<p style=\"text-align: justify;\"><span style=\"font-family: georgia, palatino, serif; font-size: 14pt;\">La cosa no est\u00e1 tan clara, sin embargo, porque el propio <strong>Spinoza<\/strong> dice lo que dice respecto al Estado \u00a0y a la sociedad: en primer lugar, <strong>toda sociedad debe ser democr\u00e1tica<\/strong>. <\/span><\/p>\n<p style=\"text-align: justify;\"><span style=\"font-family: georgia, palatino, serif; font-size: 14pt;\">En segundo lugar, <strong>las leyes deben controlar a los hombres no s\u00f3lo mediante el miedo sino tambi\u00e9n mediante la esperanza de un bien que quieran conseguir<\/strong> (Spinoza, 2008:159) y en lo que consistir\u00e1 su prosperidad y su felicidad. Finalmente, en dicho Estado democr\u00e1tico la autoridad se disuelve en libertad, porque <\/span><\/p>\n<blockquote>\n<p style=\"text-align: justify;\"><strong><span style=\"font-family: georgia, palatino, serif; font-size: 14pt; color: #008000;\">\u201c<em>el pueblo sigue siendo igualmente libre, porque no act\u00faa por autoridad \u00a0de otro, sino por su propio consentimiento<\/em>\u201d (Spinoza, 2008:160; cursivas m\u00edas).<\/span><\/strong><\/p>\n<\/blockquote>\n<p>&nbsp;<\/p>\n<p style=\"text-align: justify;\"><span style=\"font-family: georgia, palatino, serif; font-size: 14pt;\">Todo esto, que <strong>Spinoza<\/strong> ha dicho en el <strong><em>cap\u00edtulo V<\/em><\/strong>, se ampl\u00eda \u00a0en los <strong><em>cap\u00edtulos XVI<\/em><\/strong> \u00a0y <strong><em>XVII<\/em><\/strong>. El primero se dedica a los fundamentos del Estado, al derecho natural de los individuos y al derecho civil de los ciudadanos, una vez se ha formado el Estado y se ha pactado una sociedad. <\/span><\/p>\n<p style=\"text-align: justify;\"><span style=\"font-family: georgia, palatino, serif; font-size: 14pt;\">Sabemos, en efecto, que el fundamento del Estado es natural, \u00a0pero tambi\u00e9n tenemos una idea de que el esfuerzo que conduce a su constituci\u00f3n est\u00e1 dirigido \u00a0por la raz\u00f3n, que es una parte \u00a0de la naturaleza \u00a0que se comprende a s\u00ed misma y que busca la propia y mejor conservaci\u00f3n: el <strong><em>conatus<\/em><\/strong> individual se unifica, se tensa \u00a0en un esfuerzo m\u00e1ximo que configura \u00a0\u201c<em>el poder y la voluntad \u00a0de todos a la vez<\/em>\u201d; y es, evidentemente, <strong>la raz\u00f3n la que nos aconseja reunirnos y \u201c<em>frenar el apetito<\/em>\u201d (Spinoza, 2008:338) de imponerse a los otros<\/strong>.<\/span><\/p>\n<p style=\"text-align: justify;\"><span style=\"font-family: georgia, palatino, serif; font-size: 14pt;\">Pero <strong>Spinoza<\/strong> no se enga\u00f1a respecto a <strong>las pasiones que mueven a la multitud<\/strong>, como explica en el <em><strong>cap\u00edtulo XVII<\/strong><\/em>, que dedica a demostrar \u00a0(<em>contra<\/em> <em><strong>Hobbes<\/strong><\/em>) que no es posible \u00a0ni necesario que los s\u00fabditos \u00a0transfieran todo su poder a la suprema potestad, el Estado. <strong>La experiencia nos ense\u00f1a que la multitud \u00a0es cambiante seg\u00fan la envidia, \u00a0la ambici\u00f3n y el descontento que siente, pero ese es el motivo, precisamente, de que sea una <\/strong><\/span><\/p>\n<blockquote>\n<p style=\"text-align: justify;\"><span style=\"font-family: georgia, palatino, serif; font-size: 14pt; color: #008000;\"><strong>\u201c<em>tarea irrenunciable prevenir todos estos peligros y organizar \u00a0de tal suerte el Estado, que no tenga cabida el fraude; m\u00e1s a\u00fan, hay que establecer un tal orden de cosas, que todos, cualesquiera \u00a0que sean sus gustos, \u00a0prefieran el derecho p\u00fablico a sus propias comodidades<\/em>\u201d (Spinoza, 2008:357).<\/strong> <\/span><\/p>\n<\/blockquote>\n<p>&nbsp;<\/p>\n<p><img loading=\"lazy\" decoding=\"async\" class=\"aligncenter wp-image-10566\" src=\"https:\/\/puntocritico.com\/ausajpuntocritico\/wp-content\/uploads\/2018\/04\/La-Multitud-en-la-Historia-multitud-2-ip-300x169.jpg\" alt=\"\" width=\"480\" height=\"270\" srcset=\"https:\/\/puntocritico.com\/ausajpuntocritico\/wp-content\/uploads\/2018\/04\/La-Multitud-en-la-Historia-multitud-2-ip-300x169.jpg 300w, https:\/\/puntocritico.com\/ausajpuntocritico\/wp-content\/uploads\/2018\/04\/La-Multitud-en-la-Historia-multitud-2-ip.jpg 678w\" sizes=\"auto, (max-width: 480px) 100vw, 480px\" \/><\/p>\n<p>&nbsp;<\/p>\n<p style=\"text-align: justify;\"><span style=\"font-family: georgia, palatino, serif; font-size: 14pt;\">Por lo tanto, lo que <strong>Spinoza<\/strong> argumenta \u00a0no es el recurso de la multitud a la revoluci\u00f3n, aunque lo reconozca; al contrario, lo que argumenta es el recurso a las mejores leyes que organicen y ordenen la sociedad. Este es un orden legal que viene impuesto y conciliado por la raz\u00f3n humana, encargada de buscar soluciones a largo plazo para la convivencia.<\/span><\/p>\n<p>&nbsp;<\/p>\n<blockquote>\n<p style=\"text-align: center;\"><span style=\"color: #008000;\"><strong><span style=\"font-family: georgia, palatino, serif; font-size: 14pt;\">Lo que Spinoza argumenta \u00a0no es el recurso de la multitud a la revoluci\u00f3n, aunque lo reconozca; al contrario, lo que argumenta es el recurso a las mejores leyes que organicen y ordenen la sociedad. Este es un orden legal que viene impuesto y conciliado por la raz\u00f3n humana, encargada de buscar soluciones a largo plazo para la convivencia<\/span><\/strong><\/span><\/p>\n<\/blockquote>\n<p>&nbsp;<\/p>\n<p style=\"text-align: justify;\"><span style=\"font-family: georgia, palatino, serif; font-size: 14pt;\"><strong>Spinoza<\/strong> se concentra, entonces, en investigar <strong>la constituci\u00f3n del Estado democr\u00e1tico<\/strong> porque \u00e9ste <strong>es el que mejor asegura el v\u00ednculo con nuestro poder natural<\/strong> (Spinoza, 2008:344) <strong><a href=\"#nota16\">(16)<\/a><\/strong>. <\/span><\/p>\n<p style=\"text-align: justify;\"><span style=\"font-family: georgia, palatino, serif; font-size: 14pt;\">La raz\u00f3n es una parte de nuestra naturaleza \u00a0que erige \u00a0el Estado \u00a0y \u00a0sus \u00a0leyes \u00a0civiles \u00a0sobre \u00a0la \u00a0naturaleza humana, a la que domina y de la que se asegura la obediencia, pero no al modo <em>hobbesiano<\/em>, \u00fanicamente preocupado por ponerle un freno s\u00fabito y absoluto\u00a0 a las guerras \u00a0civiles:<em><strong> es un auxilio interno<\/strong><\/em>, en lenguaje \u00a0de <strong>Spinoza<\/strong>.<\/span><\/p>\n<p>&nbsp;<\/p>\n<blockquote>\n<p style=\"text-align: center;\"><span style=\"color: #008000;\"><strong><span style=\"font-family: georgia, palatino, serif; font-size: 14pt;\">El Estado, en Hobbes, domina por el miedo que unos hombres sienten por otros, pero tambi\u00e9n por el miedo que el gran hombre infunde en todos los dem\u00e1s; en Spinoza, por el contrario, se sujeta a los s\u00fabditos por el miedo pero tambi\u00e9n por la esperanza \u00a0de una vida segura y c\u00f3moda, y en \u00faltimo t\u00e9rmino quiz\u00e1 incluso feliz \u2013<em>alegre, provista \u00a0de beatitud<\/em>\u2013; con esto, los s\u00fabditos se transforman en conciudadanos del mismo Estado al que se encuentran vinculados<\/span><\/strong><\/span><\/p>\n<\/blockquote>\n<p>&nbsp;<\/p>\n<p style=\"text-align: justify;\"><span style=\"font-family: georgia, palatino, serif; font-size: 14pt;\">El Estado, en <strong>Hobbes<\/strong>, domina por el miedo que unos hombres sienten por otros, pero tambi\u00e9n por el miedo que el gran hombre infunde en todos los dem\u00e1s; en <strong>Spinoza<\/strong>, por el contrario, se sujeta a los s\u00fabditos por el miedo pero tambi\u00e9n por la esperanza \u00a0de una vida segura y c\u00f3moda, y en \u00faltimo t\u00e9rmino quiz\u00e1 incluso feliz \u2013<em>alegre, provista \u00a0de beatitud<\/em>\u2013; con esto, los s\u00fabditos se transforman en conciudadanos del mismo Estado al que se encuentran vinculados (Spinoza, 2008:343). <strong>Cuanto mejor se sujetan los hombres entre s\u00ed, mejor es el Estado: m\u00e1s \u00fatil, duradero, persistente<\/strong>. <\/span><\/p>\n<p style=\"text-align: justify;\"><span style=\"font-family: georgia, palatino, serif; font-size: 14pt;\">Pero, por el mismo motivo, <strong>la raz\u00f3n aconseja disolver \u00a0el Estado si cesa\u00a0 la \u00a0utilidad<\/strong> \u00a0(Spinoza, \u00a02008:339) <strong><a href=\"#nota17\">(17)<\/a><\/strong>; esto suele \u00a0ocurrir \u00a0<strong>cuando se le pierde el miedo al poder constituido, pero tambi\u00e9n cuando se entra en la desesperaci\u00f3n del terror<\/strong>. La raz\u00f3n auxilia internamente \u00a0a los hombres y les aconseja organizarse \u00a0mediante las mejores leyes; pero no puede evitar que surja \u00a0la rebeli\u00f3n \u00a0si la convivencia \u00a0se ha organizado \u00a0mal <strong><a href=\"#nota18\">(18)<\/a><\/strong>.<\/span><\/p>\n<p>&nbsp;<\/p>\n<blockquote>\n<p style=\"text-align: center;\"><strong><span style=\"font-family: georgia, palatino, serif; font-size: 14pt; color: #008000;\">La raz\u00f3n auxilia internamente \u00a0a los hombres y les aconseja organizarse \u00a0mediante las mejores leyes; pero no puede evitar que surja \u00a0la rebeli\u00f3n \u00a0si la convivencia \u00a0se ha organizado \u00a0mal<\/span><\/strong><\/p>\n<\/blockquote>\n<p>&nbsp;<\/p>\n<p style=\"text-align: justify;\"><span style=\"font-family: georgia, palatino, serif; font-size: 14pt;\"><strong>En este punto, comienzan otra vez los sudores fr\u00edos de la guerra civil, cuando se manifiesta \u00a0la alternativa entre la autoridad \u00a0del Estado y la anarqu\u00eda \u00a0de los individuos naturales<\/strong>. Esta es \u00a0la \u00a0alternativa que \u00a0presentar\u00e1<strong> Carl Schmitt<\/strong>, reivindicando tres siglos \u00a0despu\u00e9s a su <strong>Hobbes<\/strong>: <strong>orden o anarqu\u00eda, autoridad o libertad<\/strong>, <strong>Hobbes<\/strong> o <strong>Spinoza<\/strong>.<\/span><\/p>\n<p>&nbsp;<\/p>\n<blockquote>\n<p style=\"text-align: center;\"><strong><span style=\"font-family: georgia, palatino, serif; font-size: 14pt; color: #008000;\">En este punto, comienzan otra vez los sudores fr\u00edos de la guerra civil, cuando se manifiesta \u00a0la alternativa entre la autoridad \u00a0del Estado y la anarqu\u00eda \u00a0de los individuos naturales. <\/span><\/strong><\/p>\n<p style=\"text-align: center;\"><strong><span style=\"font-family: georgia, palatino, serif; font-size: 14pt; color: #008000;\">Esta es \u00a0la \u00a0alternativa que \u00a0presentar\u00e1 Carl Schmitt, reivindicando tres siglos \u00a0despu\u00e9s a su Hobbes: orden o anarqu\u00eda, autoridad o libertad, Hobbes o Spinoza.<\/span><\/strong><\/p>\n<\/blockquote>\n<p>&nbsp;<\/p>\n<p style=\"text-align: justify;\"><span style=\"font-family: georgia, palatino, serif; font-size: 14pt;\">Como hemos visto, nada est\u00e1 m\u00e1s lejos del prop\u00f3sito de <strong>Spinoza<\/strong> que propagar la guerra; lo que quiere es, precisamente, poner de nuevo sobre la mesa el asunto central de la obediencia, porque <strong>la obediencia hace al s\u00fabdito, no sus motivos<\/strong> (Spinoza, 2008:354). <strong>Con el prop\u00f3sito de fundar y de mantener la obediencia de los ciudadanos en la asociaci\u00f3n pol\u00edtica, nos encontramos con la democracia<\/strong>. <\/span><\/p>\n<p style=\"text-align: justify;\"><span style=\"font-family: georgia, palatino, serif; font-size: 14pt;\"><strong>\u00bfDe d\u00f3nde viene la combinaci\u00f3n revolucionaria al menos en lo que tiene de anticipaci\u00f3n hist\u00f3rica del impulso democr\u00e1tico y las libertades \u00a0individuales, hoy denostadas por \u201c<em>burguesas<\/em>\u201d y \u201c<em>etnoc\u00e9ntricas<\/em>\u201d?<\/strong> <\/span><\/p>\n<p style=\"text-align: justify;\"><span style=\"font-family: georgia, palatino, serif; font-size: 14pt;\">El <strong><em>\u00faltimo cap\u00edtulo<\/em><\/strong> del <strong>Tratado teol\u00f3gico-pol\u00edtico<\/strong> pone en la picota la terrible combinaci\u00f3n que, en opini\u00f3n de <strong>Schmitt<\/strong>, destruye a <em><strong>Leviat\u00e1n<\/strong><\/em>: se demuestra \u00a0que <\/span><\/p>\n<blockquote>\n<p style=\"text-align: justify;\"><strong><span style=\"font-family: georgia, palatino, serif; font-size: 14pt;\"><span style=\"color: #008000;\">\u201c<em>en un Estado \u00a0libre est\u00e1 permitido que cada uno piense lo que quiera y diga lo que piense<\/em>\u201d.<\/span> <\/span><\/strong><\/p>\n<\/blockquote>\n<p>&nbsp;<\/p>\n<p style=\"text-align: justify;\"><span style=\"font-family: georgia, palatino, serif; font-size: 14pt;\">Este es el t\u00edtulo del <em><strong>cap\u00edtulo XX<\/strong><\/em> (Spinoza, 2008:412ss.). Contiene dentro de s\u00ed la totalidad de la demostraci\u00f3n, del argumento que desarrolla el <strong>Tratado<\/strong>: comenzaba con la aventurada \u00a0afirmaci\u00f3n de que \u201c<em>la libertad \u00a0de filosofar \u00a0no s\u00f3lo se puede conceder sin perjuicio para la piedad y para la paz del Estado, sino que no se la puede abolir sin suprimir con ella la paz del Estado e incluso la piedad<\/em>\u201d (e<em>ste es el subt\u00edtulo \u00a0de la obra entera; las cursivas \u00a0son m\u00edas<\/em>), para terminar en este cap\u00edtulo. <\/span><\/p>\n<p style=\"text-align: justify;\"><span style=\"font-family: georgia, palatino, serif; font-size: 14pt;\">Es evidente que lo aventurado \u00a0est\u00e1 en la segunda afirmaci\u00f3n: <strong>suprimir \u00a0las libertades<\/strong> \u2013como pretende el soberano de <strong>Hobbes<\/strong>\u2013 <strong>destruye la paz civil y la verdadera \u00a0religi\u00f3n<\/strong>; estamos, entonces, en situaci\u00f3n de exigirlas, de reclamarlas.<\/span><\/p>\n<p>&nbsp;<\/p>\n<blockquote>\n<p style=\"text-align: center;\"><strong><span style=\"font-family: georgia, palatino, serif; font-size: 14pt; color: #008000;\">Suprimir \u00a0las libertades \u2013como pretende el soberano de Hobbes\u2013 destruye la paz civil y la verdadera \u00a0religi\u00f3n; estamos, entonces, en situaci\u00f3n de exigirlas, de reclamarlas<\/span><\/strong><\/p>\n<\/blockquote>\n<p>&nbsp;<\/p>\n<p><a href=\"https:\/\/puntocritico.com\/ausajpuntocritico\/wp-content\/uploads\/2019\/03\/filosofia-griega-per\u00edodo-presocr\u00e1tico.jpg\" rel=\"lightbox[2227473]\"><img loading=\"lazy\" decoding=\"async\" class=\"aligncenter wp-image-17583\" src=\"https:\/\/puntocritico.com\/ausajpuntocritico\/wp-content\/uploads\/2019\/03\/filosofia-griega-per\u00edodo-presocr\u00e1tico-300x168.jpg\" alt=\"\" width=\"480\" height=\"269\" srcset=\"https:\/\/puntocritico.com\/ausajpuntocritico\/wp-content\/uploads\/2019\/03\/filosofia-griega-per\u00edodo-presocr\u00e1tico-300x168.jpg 300w, https:\/\/puntocritico.com\/ausajpuntocritico\/wp-content\/uploads\/2019\/03\/filosofia-griega-per\u00edodo-presocr\u00e1tico.jpg 550w\" sizes=\"auto, (max-width: 480px) 100vw, 480px\" \/><\/a><\/p>\n<p>&nbsp;<\/p>\n<p style=\"text-align: justify;\"><span style=\"font-family: georgia, palatino, serif; font-size: 14pt;\">Por consiguiente, cuando <strong>Spinoza<\/strong> dice que \u201c<a href=\"https:\/\/puntocritico.com\/ausajpuntocritico\/2022\/03\/18\/el-verdadero-fin-del-estado-es-la-libertad-por-baruch-de-spinoza-3\/\"><em><strong>el verdadero fin del Estado es, pues, la libertad<\/strong><\/em><\/a>\u201d \u00a0(Spinoza, 2008:415), lo cierto es que funda las libertades pol\u00edticas de pensar lo que se quiera, de decir lo que se piense y de ense\u00f1ar lo que se juzgue apropiado, \u00a0en la <em>libertad \u00a0metaf\u00edsica \u00a0de persistir<\/em>, \u00a0de conservarse \u00a0en la existencia \u00a0como una sociedad unida \u00a0y obediente (<em>a s\u00ed misma<\/em>); es decir, en el <em><strong>conatus<\/strong><\/em>, el derecho natural de existir de cualquier individuo as\u00ed como de cualquier grupo de hombres, y que se mantiene tanto como dura su poder f\u00edsico, natural. \u00a0<\/span><\/p>\n<p style=\"text-align: justify;\"><span style=\"font-family: georgia, palatino, serif; font-size: 14pt;\">Dos siglos m\u00e1s tarde, en 1869, el liberal <a href=\"https:\/\/puntocritico.com\/ausajpuntocritico\/2023\/04\/06\/sobre-la-libertad-de-john-stuart-mill-no-hay-mejor-prueba-del-progreso-de-la-civilizacion-que-el-progreso-del-poder-de-cooperacion\/\"><strong>John Stuart Mill<\/strong><\/a> terminar\u00e1 \u00a0su ensayo <em><strong>Sobre la libertad<\/strong><\/em> con la advertencia espeluznante \u00a0de que la civilizaci\u00f3n \u00a0que no sea capaz de mantenerse civilizada \u00a0y fuerte merece ser destruida por \u201c<em>b\u00e1rbaros vigorosos<\/em>\u201d (Mill, 2005:178-179) <strong><a href=\"#nota19\">(19)<\/a><\/strong>. <\/span><\/p>\n<p style=\"text-align: justify;\"><span style=\"font-family: georgia, palatino, serif; font-size: 14pt;\">Es claro que el discurso liberal del siglo XIX ha transformado la alegr\u00eda <em>spinoziana<\/em> de la conservaci\u00f3n en la melancol\u00eda -salvaje, retomando el t\u00edtulo del libro de <strong>Antonio Negri <\/strong>sobre<strong> Spinoza<\/strong>\u2013 de la degeneraci\u00f3n, la\u00a0 cat\u00e1strofe \u00a0y la \u00a0limpieza. \u00a0<\/span><\/p>\n<p>&nbsp;<\/p>\n<p><a href=\"https:\/\/puntocritico.com\/ausajpuntocritico\/2022\/03\/18\/el-verdadero-fin-del-estado-es-la-libertad-por-baruch-de-spinoza-3\/\"><img loading=\"lazy\" decoding=\"async\" class=\"aligncenter wp-image-1462865\" src=\"https:\/\/puntocritico.com\/ausajpuntocritico\/wp-content\/uploads\/2020\/12\/EL-VERDADERO-FIN-DEL-ESTADO-ES-LA-LIBERTAD-Baruch-de-Spinoza-300x169.jpg\" alt=\"\" width=\"555\" height=\"312\" data-id=\"1462865\" srcset=\"https:\/\/puntocritico.com\/ausajpuntocritico\/wp-content\/uploads\/2020\/12\/EL-VERDADERO-FIN-DEL-ESTADO-ES-LA-LIBERTAD-Baruch-de-Spinoza-300x169.jpg 300w, https:\/\/puntocritico.com\/ausajpuntocritico\/wp-content\/uploads\/2020\/12\/EL-VERDADERO-FIN-DEL-ESTADO-ES-LA-LIBERTAD-Baruch-de-Spinoza-610x343.jpg 610w, https:\/\/puntocritico.com\/ausajpuntocritico\/wp-content\/uploads\/2020\/12\/EL-VERDADERO-FIN-DEL-ESTADO-ES-LA-LIBERTAD-Baruch-de-Spinoza.jpg 678w\" sizes=\"auto, (max-width: 555px) 100vw, 555px\" \/><\/a><\/p>\n<p>&nbsp;<\/p>\n<p style=\"text-align: justify;\"><span style=\"font-family: georgia, palatino, serif; font-size: 14pt;\">En cualquier caso, una cosa sigue siendo cierta acerca de la filosof\u00eda de <strong>Spinoza<\/strong>:<strong> las religiones\u00a0 deber\u00e1n\u00a0 adaptarse\u00a0 a la utilidad\u00a0 del Estado<\/strong>\u00a0 (Spinoza, 2008:397), pero lo har\u00e1n s\u00f3lo cuando los hombres, al menos los legisladores, \u00a0reconozcan la \u00a0verdadera \u00a0piedad \u00a0religiosa,\u00a0 fundada \u00a0en el \u00a0amor \u00a0al pr\u00f3jimo (Spinoza, 2008:311) <strong><a href=\"#nota20\">(20)<\/a><\/strong> y no en que \u201c<em><strong>Jes\u00fas es el Cristo<\/strong><\/em>\u201d. <\/span><\/p>\n<p style=\"text-align: justify;\"><span style=\"font-family: georgia, palatino, serif; font-size: 14pt;\">El esc\u00e1ndalo de la teolog\u00eda pol\u00edtica de <strong>Spinoza<\/strong> consiste en que no es atea ni niega a \u00a0Dios, \u00a0en \u00a0que \u00a0ni \u00a0siquiera representa esa \u00a0falsaria\u00a0 \u00a0raz\u00f3n \u00a0que, \u00a0seg\u00fan <strong>Nietzsche<\/strong>, matar\u00e1 \u00a0a Dios en su lucha contra la Iglesia; \u00a0por el contrario, <strong>Spinoza<\/strong> afirmar\u00e1 \u00a0que la religi\u00f3n \u00a0no es un enga\u00f1o, sino un modo en que \u201c<em>la \u00a0sociedad \u00a0da \u00a0forma imaginaria a \u00a0su \u00a0cohesi\u00f3n<\/em>\u201d (Garc\u00eda \u00a0del \u00a0Campo, 2008:162) en virtud \u00a0de su permanencia en el tiempo; interpret\u00e1ndola de esta manera, la raz\u00f3n obtiene su \u00faltima victoria sobre la religi\u00f3n, porque la comprende, desvisti\u00e9ndola de misterios.<\/span><\/p>\n<p>&nbsp;<\/p>\n<blockquote>\n<p style=\"text-align: center;\"><strong><span style=\"font-family: georgia, palatino, serif; font-size: 14pt; color: #008000;\">Esta \u00a0es la inversi\u00f3n \u00a0final \u00a0de la teolog\u00eda \u00a0pol\u00edtica \u00a0que Spinoza lleva \u00a0a cabo en su Tratado de 1670: Dios no es cada cosa sino que cada cosa es Dios<\/span><\/strong><\/p>\n<\/blockquote>\n<p>&nbsp;<\/p>\n<p style=\"text-align: justify;\"><span style=\"font-family: georgia, palatino, serif; font-size: 14pt;\">Esta \u00a0es la inversi\u00f3n \u00a0final \u00a0de la teolog\u00eda \u00a0pol\u00edtica \u00a0que <strong>Spinoza<\/strong> lleva \u00a0a cabo en su <strong>Tratado<\/strong> de 1670: <strong>Dios no es cada cosa sino que cada cosa es Dios<\/strong>; se trata \u00a0de aquello que <strong>Antonio \u00a0Negri<\/strong> \u00a0ha descrito como \u201c<em>la abundancia ontol\u00f3gica del modo, la potencia del mundo<\/em>\u201d (Negri, 1993:154). <\/span><\/p>\n<p style=\"text-align: justify;\"><span style=\"font-family: georgia, palatino, serif; font-size: 14pt;\"><strong>Negri<\/strong>\u00a0opina, con <strong>Schmitt<\/strong>, que esta potencia es revolucionaria; pero es imposible ignorar \u00a0el elemento cr\u00edtico y positivo \u00a0de la raz\u00f3n, que da luz a las leyes y que ordena y asume la felicidad humana en el Estado. Precisamente esto es lo que la teolog\u00eda \u00a0pol\u00edtica \u00a0\u2013que es fiel a la revelaci\u00f3n en la <em>Escritura<\/em> \u00a0y, por lo tanto, a la cualidad ontol\u00f3gica y fundadora del pecado (Schmitt, 2005:57) <strong><a href=\"#nota21\">(21)<\/a><\/strong>\u2013 no puede admitir \u00a0de <strong>Spinoza<\/strong>. <\/span><\/p>\n<p style=\"text-align: justify;\"><span style=\"font-family: georgia, palatino, serif; font-size: 14pt;\">Los antimodernos insistir\u00e1n, hasta el l\u00edmite de la distorsi\u00f3n, \u00a0en la depravaci\u00f3n \u00a0que caracteriza naturalmente a los hombres; contra la modernidad y su naturalismo recalcitrante, opondr\u00e1n una visi\u00f3n de la perdici\u00f3n humana que s\u00f3lo puede contrarrestarse por medio de otra revoluci\u00f3n \u2013la contrarrevoluci\u00f3n\u2013 que es a su vez un Apocalipsis (D\u00edez, 2007:136-37; Compagnon, 2007:25ss.). <\/span><\/p>\n<p style=\"text-align: justify;\"><span style=\"font-family: georgia, palatino, serif; font-size: 14pt;\"><strong>Desde este punto de vista, la cuesti\u00f3n de la ilegitimidad de la modernidad se volver\u00e1 \u00a0secundaria: ya no se relaciona con que el hombre haya reemplazado la autoridad\u00a0 de\u00a0 Dios\u00a0 \u00a0por\u00a0 \u00a0su\u00a0 \u00a0poder de\u00a0 autoconservaci\u00f3n, sino que esta sustituci\u00f3n \u00a0es una nueva se\u00f1al de su ca\u00edda, de su pecado<\/strong>. <\/span><\/p>\n<p style=\"text-align: justify;\"><span style=\"font-family: georgia, palatino, serif; font-size: 14pt;\">La \u00a0modernidad \u00a0no es nueva, es tan \u00a0vieja \u00a0como <strong>Ad\u00e1n<\/strong> \u00a0(<em>y<\/em> <em><strong>Eva<\/strong><\/em>). \u00a0Aqu\u00ed \u00a0es \u00a0donde se puede retomar, \u00a0entonces, \u00a0el \u00a0ataque de \u00a0<strong>Carl Schmitt <\/strong>a<strong> Spinoza<\/strong>.<\/span><\/p>\n<p style=\"text-align: justify;\"><span style=\"font-family: georgia, palatino, serif; font-size: 14pt;\"><a href=\"https:\/\/puntocritico.com\/ausajpuntocritico\/wp-content\/uploads\/2019\/03\/HOBBES.jpg\" rel=\"lightbox[2227473]\"><img loading=\"lazy\" decoding=\"async\" class=\"alignright wp-image-17586 size-full\" src=\"https:\/\/puntocritico.com\/ausajpuntocritico\/wp-content\/uploads\/2019\/03\/HOBBES.jpg\" alt=\"\" width=\"220\" height=\"358\" srcset=\"https:\/\/puntocritico.com\/ausajpuntocritico\/wp-content\/uploads\/2019\/03\/HOBBES.jpg 220w, https:\/\/puntocritico.com\/ausajpuntocritico\/wp-content\/uploads\/2019\/03\/HOBBES-184x300.jpg 184w\" sizes=\"auto, (max-width: 220px) 100vw, 220px\" \/><\/a>El \u00a0<em><strong>Leviat\u00e1n<\/strong><\/em>\u00a0 \u00a0en la \u00a0doctrina \u00a0del \u00a0Estado \u00a0de \u00a0<strong>Thomas \u00a0Hobbes<\/strong> \u00a0revisa, seg\u00fan su subt\u00edtulo, \u00a0el significado \u00a0de dicho s\u00edmbolo pol\u00edtico adem\u00e1s de su fracaso. \u00a0<\/span><\/p>\n<p style=\"text-align: justify;\"><span style=\"font-family: georgia, palatino, serif; font-size: 14pt;\">Hay, es evidente, una raz\u00f3n para \u00a0la introducci\u00f3n de ese virus liberal en el Estado moderno: el gran hombre tiene los pies de barro, porque se concibe de la misma manera \u00a0que se concibe la naturaleza en la ciencia moderna, como una m\u00e1quina; <strong>para la teolog\u00eda pol\u00edtica, el hombre no es una m\u00e1quina sino un esp\u00edritu \u00a0pecador y traicionero que a veces se arrepiente<\/strong>. <\/span><\/p>\n<p style=\"text-align: justify;\"><span style=\"font-family: georgia, palatino, serif; font-size: 14pt;\">Pero \u00a0la m\u00e1quina \u00a0estatal \u00a0admite la \u00a0libertad \u00a0del s\u00fabdito de pensar lo que quiera y de seguir, en privado, a su raz\u00f3n. En rigor, esa apertura \u00a0est\u00e1 en el fundamento mismo del Estado: <strong>los individuos pactan en raz\u00f3n de su beneficio, y siempre est\u00e1n legitimados \u00a0para pensar en su beneficio; y es su beneficio (<em>natural y racional<\/em>) el que les impide creerse cualquier \u00a0cosa, incluso aunque tengan \u00a0que fingir que la creen<\/strong>. <\/span><\/p>\n<p style=\"text-align: justify;\"><span style=\"font-family: georgia, palatino, serif; font-size: 14pt;\">No hay una ruptura \u00a0total y completa entre la naturaleza \u00a0humana y su creaci\u00f3n; si la hubiera, de hecho, el Estado hubiera sido un buen invento, o al menos un invento que no hubiera fracasado; si el Estado hubiese sido legitimado para perseguir \u00a0y para aplastar la creencia privada \u00a0en que <strong>Jes\u00fas<\/strong> no es, despu\u00e9s de todo, el <em><strong>Cristo<\/strong><\/em>, es probable que no hubiera fracasado y que hubiera, de hecho, reconocido su deuda tanto con la tradici\u00f3n \u00a0como con su <em>divino Creador<\/em> (Schmitt, 1997:50) <strong><a href=\"#nota22\">(22)<\/a><\/strong>. <\/span><\/p>\n<p style=\"text-align: justify;\"><span style=\"font-family: georgia, palatino, serif; font-size: 14pt;\">A pesar de todo, para la teolog\u00eda pol\u00edtica el invento de <strong>Hobbes<\/strong> tiene grandeza, y la tiene porque se propone frenar de golpe y para siempre la capacidad de los hombres para hacer el mal (<em>esto es, la guerra<\/em>). No puede decirse lo mismo, en cambio, de los pensadores liberales \u00a0que irrumpieron en el Estado legitimado \u00a0por <strong>Hobbes<\/strong> y lo saquearon de arriba abajo: <strong>Spinoza<\/strong> y <strong>Locke<\/strong>.<\/span><\/p>\n<p style=\"text-align: justify;\"><span style=\"font-family: georgia, palatino, serif; font-size: 14pt;\">Hay algo m\u00e1s, sin embargo, en la invectiva contra <strong>Spinoza<\/strong> que le sit\u00faa frente a frente con <strong>Hobbes<\/strong>. <strong>Spinoza<\/strong> era \u00a0jud\u00edo, como nos\u00a0 recuerda <strong>Schmitt<\/strong> en el primer cap\u00edtulo de la obra, y esto explica espiritual \u00a0y culturalmente su deseo de destruir a <em><strong>Leviat\u00e1n<\/strong><\/em>: <\/span><\/p>\n<blockquote>\n<p style=\"text-align: justify;\"><span style=\"font-family: georgia, palatino, serif; font-size: 14pt; color: #008000;\"><strong>\u201c<em>la historia \u00a0del mundo aparece como la lucha de los pueblos paganos \u00a0unos contra otros. [\u2026] Los jud\u00edos, por su parte, se mantienen a un lado y miran c\u00f3mo los pueblos del mundo se matan los unos a los otros<\/em>\u201d (Schmitt, 1997:46-47).<\/strong> <\/span><\/p>\n<\/blockquote>\n<p>&nbsp;<\/p>\n<p style=\"text-align: justify;\"><span style=\"font-family: georgia, palatino, serif; font-size: 14pt;\"><strong>Schmitt<\/strong> no se permite silenciar esta explicaci\u00f3n en 1938; es natural \u00a0puesto que, aunque \u00e9l ya hab\u00eda \u00a0ca\u00eddo en desgracia con los nazis, los jud\u00edos estaban \u00a0cayendo en una desgracia \u00a0mucho mayor. Sin embargo, resulta curioso que esta explicaci\u00f3n jud\u00eda del fracaso de <em><strong>Leviat\u00e1n<\/strong><\/em>\u00a0no se comente hoy con profusi\u00f3n, hoy que la interpretaci\u00f3n <em>schmittiana<\/em> \u00a0de <strong>Hobbes<\/strong> est\u00e1 a la orden del d\u00eda. <\/span><\/p>\n<p style=\"text-align: justify;\"><span style=\"font-family: georgia, palatino, serif; font-size: 14pt;\">La tesis de <strong>Schmitt<\/strong> afirma,\u00a0 entonces, que la existencia jud\u00eda de <strong>Spinoza<\/strong> da al traste con <em><strong>Leviat\u00e1n<\/strong><\/em>, que planea reventar a <em><strong>Leviat\u00e1n<\/strong><\/em>\u00a0desde dentro, haci\u00e9ndolo saltar \u00a0en pedazos. El pueblo jud\u00edo aparece, as\u00ed, como un pueblo extra\u00f1o, introducido como un hu\u00e9sped en el cuerpo de otro pueblo que es un <em>Volk<\/em> \u00a0(Zarka, \u00a02007:54).<\/span><\/p>\n<p>&nbsp;<\/p>\n<blockquote>\n<p style=\"text-align: center;\"><strong><span style=\"font-family: georgia, palatino, serif; font-size: 14pt; color: #008000;\">El pueblo jud\u00edo aparece, as\u00ed, como un pueblo extra\u00f1o, introducido como un hu\u00e9sped en el cuerpo de otro pueblo que es un <em>Volk<\/em><\/span><\/strong><\/p>\n<\/blockquote>\n<p>&nbsp;<\/p>\n<p style=\"text-align: justify;\"><span style=\"font-family: georgia, palatino, serif; font-size: 14pt;\"><strong>La estrategia de purificaci\u00f3n racial de la ciencia jur\u00eddica alemana<\/strong> que el propio <strong>Schmitt<\/strong> emprende y aconseja a sus colegas en 1936 \u2013en el discurso \u201c<em>La ciencia del derecho alemana \u00a0en su lucha contra el esp\u00edritu \u00a0jud\u00edo<\/em>\u201d\u2013 da como resultado \u00a0la calificaci\u00f3n de <strong>Spinoza<\/strong> frente a <strong>Hobbes<\/strong>: citar siempre al <em>jud\u00edo<\/em> como lo que es, designar \u00a0su existencia espiritual \u00a0y cultural (Zarka, 2007:16). <\/span><\/p>\n<p style=\"text-align: justify;\"><span style=\"font-family: georgia, palatino, serif; font-size: 14pt;\">Y de este modo lo explica <strong>Schmitt<\/strong> en su ataque a <strong>Spinoza<\/strong>, al resumir la cr\u00edtica de \u00e9ste a <strong>Hobbes<\/strong> y su ampliaci\u00f3n de las libertades \u00a0ciudadanas:<\/span><\/p>\n<blockquote>\n<p style=\"text-align: justify; padding-left: 40px;\"><span style=\"color: #008000;\"><strong><span style=\"font-family: georgia, palatino, serif; font-size: 14pt;\">\u201cUn peque\u00f1o movimiento conceptual perturbador \u2013procedente de la existencia jud\u00eda\u2013 y con la m\u00e1s simple consecuencialidad se efectu\u00f3, en un lapso de algunos a\u00f1os, el viraje decisivo en el destino del Leviat\u00e1n\u201d (Schmitt, 1997:113; cursivas m\u00edas excepto en \u201cLeviat\u00e1n\u201d).<\/span><\/strong><\/span><\/p>\n<\/blockquote>\n<p>&nbsp;<\/p>\n<p style=\"text-align: justify;\"><span style=\"font-family: georgia, palatino, serif; font-size: 14pt;\">Y as\u00ed el jud\u00edo mat\u00f3 al poderoso <strong>Leviat\u00e1n<\/strong>.<\/span><\/p>\n<p>&nbsp;<\/p>\n<p><a href=\"https:\/\/puntocritico.com\/ausajpuntocritico\/wp-content\/uploads\/2019\/03\/leviatan-teoria-politica.jpg\" rel=\"lightbox[2227473]\"><img loading=\"lazy\" decoding=\"async\" class=\"aligncenter wp-image-17585\" src=\"https:\/\/puntocritico.com\/ausajpuntocritico\/wp-content\/uploads\/2019\/03\/leviatan-teoria-politica-300x158.jpg\" alt=\"\" width=\"550\" height=\"289\" srcset=\"https:\/\/puntocritico.com\/ausajpuntocritico\/wp-content\/uploads\/2019\/03\/leviatan-teoria-politica-300x158.jpg 300w, https:\/\/puntocritico.com\/ausajpuntocritico\/wp-content\/uploads\/2019\/03\/leviatan-teoria-politica-768x404.jpg 768w, https:\/\/puntocritico.com\/ausajpuntocritico\/wp-content\/uploads\/2019\/03\/leviatan-teoria-politica.jpg 1024w\" sizes=\"auto, (max-width: 550px) 100vw, 550px\" \/><\/a><\/p>\n<p>&nbsp;<\/p>\n<p style=\"text-align: justify;\"><span style=\"font-family: georgia, palatino, serif; font-size: 14pt;\">De este modo, dos elementos ideol\u00f3gicos son visibles en la cr\u00edtica de <strong>Schmitt<\/strong>: <strong>su bien conocido antiliberalismo y su menos tratado antisemitismo<\/strong>. Por detr\u00e1s de ambos, se sit\u00faa, adem\u00e1s, <strong>su fascinaci\u00f3n por el poder moderno: la democracia<\/strong>. <\/span><\/p>\n<p style=\"text-align: justify;\"><span style=\"font-family: georgia, palatino, serif; font-size: 14pt;\">El propio <strong>Schmitt<\/strong> dedic\u00f3 parte de sus esfuerzos a demostrar que la democracia era incompatible con el liberalismo, sobre todo en su obra de 1923 <em><strong>Sobre el parlamentarismo<\/strong><\/em> (Schmitt, 1996:3ss.). <\/span><\/p>\n<p style=\"text-align: justify;\"><span style=\"font-family: georgia, palatino, serif; font-size: 14pt;\">Una vez demostrada dicha incompatibilidad, el poder liberado por la modernidad \u2013la \u00a0revoluci\u00f3n \u00a0democr\u00e1tica\u2013 destruir\u00eda \u00a0el Parlamento \u00a0y dar\u00eda lugar al Estado total. La democracia acaba en el fascismo, un giro que <strong>Schmitt<\/strong> estuvo dispuesto a apoyar al menos entre 1933 y 1936. <\/span><\/p>\n<p>&nbsp;<\/p>\n<blockquote>\n<p style=\"text-align: center;\"><span style=\"color: #008000;\"><strong><span style=\"font-family: georgia, palatino, serif; font-size: 14pt;\">Una vez demostrada dicha incompatibilidad, el poder liberado por la modernidad \u00a0\u2013la \u00a0revoluci\u00f3n \u00a0democr\u00e1tica\u2013 \u00a0destruir\u00eda \u00a0el Parlamento \u00a0y dar\u00eda lugar al Estado total. La democracia acaba en el fascismo, un giro que Schmitt estuvo dispuesto a apoyar al menos entre 1933 y 1936<\/span><\/strong><\/span><\/p>\n<\/blockquote>\n<p>&nbsp;<\/p>\n<p style=\"text-align: justify;\"><span style=\"font-family: georgia, palatino, serif; font-size: 14pt;\"><strong>Spinoza<\/strong>, en este sentido, es el \u201c<em>amigo<\/em>\u201d a batir: un amigo del <em>demos<\/em> porque \u00e9l destruy\u00f3 a <em><strong>Leviat\u00e1n<\/strong><\/em>\u00a0gracias a su existencia jud\u00eda, como ha podido verse, pero al mismo tiempo un enemigo porque el <em><strong>Volk<\/strong><\/em> alem\u00e1n tiene que desprenderse de las libertades \u00a0jud\u00edas, \u00a0que son las libertades defendidas por los (<em>autodestructivos<\/em>) dem\u00f3cratas-liberales. <\/span><\/p>\n<p style=\"text-align: justify;\"><span style=\"font-family: georgia, palatino, serif; font-size: 14pt;\">En\u00a0 \u00faltimo \u00a0t\u00e9rmino, \u00a0puede hablarse \u00a0de una cr\u00edtica ideol\u00f3gica que oculta sus presupuestos \u00a0y que se disfraza \u00a0de teor\u00eda pol\u00edtica \u00a0y \u00a0jur\u00eddica \u00a0(Fijalkowski, 1966:18); queda por investigar en qu\u00e9 medida esos presupuestos \u00a0son s\u00f3lo <em>teol\u00f3gicos<\/em>, o comparten \u00a0su \u00a0autoridad \u00a0con otros \u00a0elementos \u00a0m\u00e1s \u00a0propiamente filos\u00f3ficos, existenciales \u00a0y culturales, \u00a0por no decir racistas <strong><a href=\"#nota23\">(23)<\/a><\/strong>. \u00a0<\/span><\/p>\n<p style=\"text-align: justify;\"><span style=\"font-family: georgia, palatino, serif; font-size: 14pt;\">Este no es lugar \u00a0para esa cr\u00edtica, \u00a0ya \u00a0que nuestro \u00a0objetivo \u00a0consist\u00eda \u00a0en iluminar \u00a0el ataque \u00a0de <strong>Schmitt<\/strong> a <strong>Spinoza<\/strong> -pasando por <strong>Hobbes-<\/strong> y en rescatar \u00a0la filosof\u00eda de este \u00faltimo para los tiempos actuales, convulsos tambi\u00e9n aunque de forma, afortunadamente, muy distinta; \u00a0una empresa que, sin duda, se consigue \u00fanicamente de una forma: retomando la lectura de <strong>Spinoza<\/strong>.<\/span><\/p>\n<p>&nbsp;<\/p>\n<p><img loading=\"lazy\" decoding=\"async\" class=\"aligncenter wp-image-2287731\" src=\"https:\/\/puntocritico.com\/ausajpuntocritico\/wp-content\/uploads\/2023\/09\/Spinoza-libertad-es-razon-300x148.jpg\" alt=\"\" width=\"400\" height=\"198\" data-id=\"2287731\" srcset=\"https:\/\/puntocritico.com\/ausajpuntocritico\/wp-content\/uploads\/2023\/09\/Spinoza-libertad-es-razon-300x148.jpg 300w, https:\/\/puntocritico.com\/ausajpuntocritico\/wp-content\/uploads\/2023\/09\/Spinoza-libertad-es-razon.jpg 320w\" sizes=\"auto, (max-width: 400px) 100vw, 400px\" \/><\/p>\n<p style=\"text-align: center;\"><span style=\"font-size: 18pt; color: #008000;\"><strong>***<\/strong><\/span><\/p>\n<blockquote>\n<h3 style=\"text-align: center;\"><span style=\"font-size: 18pt;\"><strong><span style=\"font-family: arial, helvetica, sans-serif;\">Bibliograf\u00eda<\/span><\/strong><\/span><\/h3>\n<p style=\"text-align: center;\"><span style=\"font-family: georgia, palatino, serif; font-size: 14pt;\">Arendt, \u00a0Hannah, \u201cSobre la violencia\u201d. En Crisis \u00a0de la Rep\u00fablica, \u00a0Traducci\u00f3n de<\/span><\/p>\n<p style=\"text-align: center;\"><span style=\"font-family: georgia, palatino, serif; font-size: 14pt;\">Guillermo Solana, Taurus, Madrid 1998, pp. 109-200<\/span><\/p>\n<p style=\"text-align: center;\"><span style=\"font-family: georgia, palatino, serif; font-size: 14pt;\">Arendt, \u00a0Hannah, Hombres en tiempos de oscuridad, \u00a0Traducci\u00f3n de Claudia \u00a0Fe- rrari y Agust\u00edn \u00a0Serrano de Haro, Gedisa, Barcelona 2001<\/span><\/p>\n<p style=\"text-align: center;\"><span style=\"font-family: georgia, palatino, serif; font-size: 14pt;\">Berlin, Isaiah, \u00a0\u201cDos conceptos de libertad\u201d. \u00a0En Dos conceptos de libertad \u00a0y otros escritos, Traducci\u00f3n de \u00c1ngel Rivero, Alianza \u00a0Editorial, \u00a0Madrid 2001, pp. 43-114<\/span><\/p>\n<p style=\"text-align: center;\"><span style=\"font-family: georgia, palatino, serif; font-size: 14pt;\">Blumenberg, Hans, The Legitimacy \u00a0of the Modern Age, Translated \u00a0by Robert M. Wallace, The MIT Press, 1999<\/span><\/p>\n<p style=\"text-align: center;\"><span style=\"font-family: georgia, palatino, serif; font-size: 14pt;\">Compagnon, Antoine, \u00a0Los antimodernos, \u00a0Traducci\u00f3n de Manuel Arranz, \u00a0Acanti- lado, Barcelona 2007<\/span><\/p>\n<p style=\"text-align: center;\"><span style=\"font-family: georgia, palatino, serif; font-size: 14pt;\">D\u00edez, \u00a0Luis \u00a0Gonzalo, \u00a0Anatom\u00eda \u00a0del intelectual \u00a0reaccionario: \u00a0Joseph \u00a0de Maistre, Vilfredo Pareto y Carl Schmitt. La metamorfosis fascista del conservadurismo, Biblioteca Nueva, Madrid 2007<\/span><\/p>\n<p style=\"text-align: center;\"><span style=\"font-family: georgia, palatino, serif; font-size: 14pt;\">Fijalkowski, J\u00fcrgen, \u00a0La trama ideol\u00f3gica del totalitarismo. An\u00e1lisis cr\u00edtico de los componentes ideol\u00f3gicos \u00a0en la Filosof\u00eda \u00a0Pol\u00edtica \u00a0de Carl Schmitt, Traducci\u00f3n de Jos\u00e9 Zamit, Tecnos, Madrid 1966<\/span><\/p>\n<p style=\"text-align: center;\"><span style=\"font-family: georgia, palatino, serif; font-size: 14pt;\">Foucault, Michel, \u201cClase del 4 de febrero de 1976\u201d. En Hay que defender la socie-<\/span><\/p>\n<p style=\"text-align: center;\"><span style=\"font-family: georgia, palatino, serif; font-size: 14pt;\">dad, Traducci\u00f3n de Horacio Pons, Akal, Madrid 2003, pp. 77-100<\/span><\/p>\n<p style=\"text-align: center;\"><span style=\"font-family: georgia, palatino, serif; font-size: 14pt;\">Garc\u00eda Alonso, Marta, La teolog\u00eda pol\u00edtica de Calvino, Anthropos, Barcelona 2008<\/span><\/p>\n<p style=\"text-align: center;\"><span style=\"font-family: georgia, palatino, serif; font-size: 14pt;\">Garc\u00eda del Campo, Juan Pedro, Spinoza o la libertad, Montesinos, 2008<\/span><\/p>\n<p style=\"text-align: center;\"><span style=\"font-family: georgia, palatino, serif; font-size: 14pt;\">Heidegger, \u00a0Martin, \u00a0Ser y tiempo, Traducci\u00f3n de Jorge Eduardo \u00a0Rivera, \u00a0Trotta, Madrid 2003<\/span><\/p>\n<p style=\"text-align: center;\"><span style=\"font-family: georgia, palatino, serif; font-size: 14pt;\">Hilb, Claudia, Leo Strauss: el arte de leer. Una lectura de la interpretaci\u00f3n straussiana de Maquiavelo, \u00a0Hobbes, Locke y Spinoza, FCE, Buenos Aires 2005<\/span><\/p>\n<p style=\"text-align: center;\"><span style=\"font-family: georgia, palatino, serif; font-size: 14pt;\">Hobbes, Thomas, Leviat\u00e1n, \u00a0Edici\u00f3n preparada \u00a0por Carlos \u00a0Moya y Antonio \u00a0Esco- hotado, Editora Nacional, Madrid 1979<\/span><\/p>\n<p style=\"text-align: center;\"><span style=\"font-family: georgia, palatino, serif; font-size: 14pt;\">Kant, Immanuel, Cr\u00edtica de la raz\u00f3n pura, Traducci\u00f3n de Pedro Ribas, Taurus, Madrid 2005<\/span><\/p>\n<p style=\"text-align: center;\"><span style=\"font-family: georgia, palatino, serif; font-size: 14pt;\">Kant, Immanuel, \u201c\u00bfQu\u00e9 es la Ilustraci\u00f3n?\u201d. En Filosof\u00eda de la historia, Traducci\u00f3n de Eugenio \u00cdmaz, FCE, M\u00e9xico D.F. 1978, pp. 25-38<\/span><\/p>\n<p style=\"text-align: center;\"><span style=\"font-family: georgia, palatino, serif; font-size: 14pt;\">Locke, John, Carta sobre la tolerancia,\u00a0 Traducci\u00f3n de Pedro Bravo Gala, Tecnos, Madrid 2005<\/span><\/p>\n<p style=\"text-align: center;\"><span style=\"font-family: georgia, palatino, serif; font-size: 14pt;\">Meier, Heinrich, The Lesson of Carl Schmitt. Four Chapters \u00a0on the Distinction between Political \u00a0Theology and Political \u00a0Philosophy, \u00a0Translated \u00a0by Marcus Brai- nard, The University of Chicago Press, London 1998<\/span><\/p>\n<p style=\"text-align: center;\"><span style=\"font-family: georgia, palatino, serif; font-size: 14pt;\">Meier, Heinrich, Leo Strauss and the Theologico-Political \u00a0Problem, Translated \u00a0by<\/span><\/p>\n<p style=\"text-align: center;\"><span style=\"font-family: georgia, palatino, serif; font-size: 14pt;\">Marcus Brainard, \u00a0Cambridge University Press, New York 2007<\/span><\/p>\n<p style=\"text-align: center;\"><span style=\"font-family: georgia, palatino, serif; font-size: 14pt;\">Mill, \u00a0John \u00a0Stuart, \u00a0Sobre la libertad, \u00a0Traducci\u00f3n de Pablo \u00a0de Azc\u00e1rate, \u00a0Alianza<\/span><\/p>\n<p style=\"text-align: center;\"><span style=\"font-family: georgia, palatino, serif; font-size: 14pt;\">Editorial, \u00a0Madrid 2005<\/span><\/p>\n<p style=\"text-align: center;\"><span style=\"font-family: georgia, palatino, serif; font-size: 14pt;\">Negri, \u00a0Antonio, \u00a0La anomal\u00eda \u00a0salvaje. \u00a0Ensayo \u00a0sobre poder y potencia en Baruch Spinoza, Traducci\u00f3n de Gerardo de Pablo, Universidad Aut\u00f3noma Metropolitana, Anthropos, Barcelona 1993<\/span><\/p>\n<p style=\"text-align: center;\"><span style=\"font-family: georgia, palatino, serif; font-size: 14pt;\">Quesada, \u00a0Julio, \u00a0Heidegger \u00a0de camino al \u00a0Holocausto, \u00a0Biblioteca \u00a0Nueva, \u00a0Madrid 2008<\/span><\/p>\n<p style=\"text-align: center;\"><span style=\"font-family: georgia, palatino, serif; font-size: 14pt;\">Rivera, Antonio, El dios de los tiranos. Un recorrido por los fundamentos te\u00f3ricos del absolutismo, \u00a0la contrarrevoluci\u00f3n y el totalitarismo, Almuzara, \u00a02007<\/span><\/p>\n<p style=\"text-align: center;\"><span style=\"font-family: georgia, palatino, serif; font-size: 14pt;\">Schmitt, Carl, La dictadura. Desde los comienzos del pensamiento moderno de la soberan\u00eda \u00a0hasta \u00a0la lucha de clases \u00a0proletaria, \u00a0Traducci\u00f3n de Jos\u00e9 \u00a0D\u00edaz \u00a0Garc\u00eda, Alianza \u00a0Editorial, \u00a0Madrid 2007<\/span><\/p>\n<p style=\"text-align: center;\"><span style=\"font-family: georgia, palatino, serif; font-size: 14pt;\">Schmitt, Carl, Political \u00a0Theology. \u00a0Four Chapters \u00a0on the Concept of Sovereignty, Translated \u00a0and with an Introduction \u00a0by George Schwab, The University of Chi- cago Press, London 2005<\/span><\/p>\n<p style=\"text-align: center;\"><span style=\"font-family: georgia, palatino, serif; font-size: 14pt;\">Schmitt, \u00a0Carl, \u00a0Sobre el parlamentarismo, Traducci\u00f3n de Thies Nelsson \u00a0y Rosa Grueso, Tecnos, Madrid 1996<\/span><\/p>\n<p style=\"text-align: center;\"><span style=\"font-family: georgia, palatino, serif; font-size: 14pt;\">Schmitt, Carl, El Leviat\u00e1n \u00a0en la doctrina del Estado de Thomas Hobbes, Traduc- ci\u00f3n de Antonella \u00a0Attili, Universidad Aut\u00f3noma Metropolitana, M\u00e9xico D.F. 1997<\/span><\/p>\n<p style=\"text-align: center;\"><span style=\"font-family: georgia, palatino, serif; font-size: 14pt;\">Spinoza, \u00a0Baruch, \u00a0\u00c9tica, \u00a0Traducci\u00f3n \u00a0de Vidal \u00a0Pe\u00f1a, \u00a0Alianza\u00a0 \u00a0Editorial,\u00a0 \u00a0Madrid 1996<\/span><\/p>\n<p style=\"text-align: center;\"><span style=\"font-family: georgia, palatino, serif; font-size: 14pt;\">Spinoza, Baruch, Tratado teol\u00f3gico-pol\u00edtico, Traducci\u00f3n de Atilano Dom\u00ednguez, Alianza \u00a0Editorial, \u00a0Madrid 2008<\/span><\/p>\n<p style=\"text-align: center;\"><span style=\"font-family: georgia, palatino, serif; font-size: 14pt;\">Spinoza, Baruch, Tratado teol\u00f3gico-pol\u00edtico. Tratado pol\u00edtico, Traducci\u00f3n de Enri- que Tierno Galv\u00e1n, Tecnos, Madrid 2007<\/span><\/p>\n<p style=\"text-align: center;\"><span style=\"font-family: georgia, palatino, serif; font-size: 14pt;\">Zarka, \u00a0Yves-Charles, Un detalle \u00a0nazi \u00a0en el \u00a0pensamiento \u00a0de Carl \u00a0Schmitt. \u00a0La justificaci\u00f3n de las leyes de Nuremberg de 15 de septiembre de 1935, Traducci\u00f3n de Tom\u00e1s Valladolid, Anthropos, 2005<\/span><\/p>\n<\/blockquote>\n<p>&nbsp;<\/p>\n<p><img loading=\"lazy\" decoding=\"async\" class=\"aligncenter size-medium wp-image-2273689\" src=\"https:\/\/puntocritico.com\/ausajpuntocritico\/wp-content\/uploads\/2023\/05\/Spinoza-quevedos-225x300.jpg\" alt=\"\" width=\"225\" height=\"300\" data-id=\"2273689\" srcset=\"https:\/\/puntocritico.com\/ausajpuntocritico\/wp-content\/uploads\/2023\/05\/Spinoza-quevedos-225x300.jpg 225w, https:\/\/puntocritico.com\/ausajpuntocritico\/wp-content\/uploads\/2023\/05\/Spinoza-quevedos.jpg 471w\" sizes=\"auto, (max-width: 225px) 100vw, 225px\" \/><\/p>\n<p>&nbsp;<\/p>\n<hr \/>\n<blockquote>\n<p style=\"text-align: center;\"><span style=\"background-color: #ccffcc; font-size: 18pt;\"><strong><span style=\"font-family: arial, helvetica, sans-serif;\">NOTAS<\/span><\/strong><\/span><\/p>\n<p style=\"text-align: justify;\"><a id=\"nota12\"><\/a><span style=\"font-family: 'times new roman', times, serif; font-size: 14pt;\">(12) Spinoza se queja de los fil\u00f3sofos que \u201cr\u00eden, se quejan, reprochan y, los que quieren parecer mejores, hasta maldicen. Se imaginan, \u00a0sin duda, que cumplen una misi\u00f3n divina \u00a0y que alcanzan \u00a0la m\u00e1xima sabidur\u00eda \u00a0haciendo m\u00faltiples \u00a0elogios de una naturaleza humana inventada \u00a0para acusar de este modo m\u00e1s despiadadamente la que existe de hecho\u201d. As\u00ed comienza el Tratado pol\u00edtico, la obra p\u00f3stuma e inacabada de Spinoza.<\/span><\/p>\n<p style=\"text-align: justify;\"><a id=\"nota13\"><\/a><span style=\"font-family: 'times new roman', times, serif; font-size: 14pt;\">(13) La cita es la siguiente: \u201cla profec\u00eda es inferior, en este sentido, al conocimiento natural, \u00a0que no necesita signo alguno, sino que implica por s\u00ed mismo la certeza\u201d.<\/span><\/p>\n<p style=\"text-align: justify;\"><a id=\"nota14\"><\/a><span style=\"font-family: 'times new roman', times, serif; font-size: 14pt;\">(14) Spinoza dice que \u201clo \u00fanico por lo que se distinguen \u00a0las naciones entre s\u00ed, es por la forma de su sociedad y de las ley es por las cuales viven y son gobernadas\u201d.<\/span><\/p>\n<p style=\"text-align: justify;\"><a id=\"nota15\"><\/a><span style=\"font-family: 'times new roman', times, serif; font-size: 14pt;\">(15) Merece la pena leer la cita completa: <\/span><\/p>\n<p style=\"text-align: justify; padding-left: 40px;\"><span style=\"font-family: 'times new roman', times, serif; font-size: 14pt;\">\u201c<em>La sociedad es sumamente \u00a0\u00fatil e igualmente \u00a0necesaria, \u00a0no s\u00f3lo para \u00a0vivir \u00a0en seguridad \u00a0frente a los enemigos, sino tambi\u00e9n \u00a0para \u00a0tener abundancia \u00a0de muchas cosas; pues, a menos que los hombres quieran colaborar unos con otros, les faltar\u00e1 \u00a0arte y tiempo para sustentarse \u00a0y conservarse \u00a0lo mejor posible. No todos, en efecto, tienen \u00a0igual \u00a0aptitud \u00a0para \u00a0todas \u00a0las \u00a0cosas, \u00a0y \u00a0ninguno \u00a0ser\u00eda \u00a0capaz \u00a0de conseguir \u00a0lo que, como simple \u00a0individuo, necesita\u00a0 ineludiblemente. \u00a0<\/em><\/span><\/p>\n<p style=\"text-align: justify; padding-left: 40px;\"><span style=\"font-family: 'times new roman', times, serif; font-size: 14pt;\"><em>A todo el mundo, repito, le faltar\u00edan fuerzas \u00a0y tiempo, si cada uno debiera, \u00a0por s\u00ed solo, arar, sembrar, \u00a0cosechar, moler, cocer, tejer, \u00a0coser y \u00a0realizar \u00a0otras \u00a0innumerables \u00a0actividades para \u00a0mantener \u00a0la \u00a0vida, \u00a0por no mencionar las \u00a0artes \u00a0y las \u00a0ciencias, que tambi\u00e9n \u00a0son sumamente \u00a0necesarias \u00a0para \u00a0el perfeccionamiento \u00a0de la naturaleza humana y para su felicidad.\u00a0 <\/em><\/span><\/p>\n<p style=\"text-align: justify; padding-left: 40px;\"><span style=\"font-family: 'times new roman', times, serif; font-size: 14pt;\"><em>Constatamos, \u00a0en efecto, que aquellos\u00a0 que viven como b\u00e1rbaros, \u00a0sin gobierno alguno, llevan una vida m\u00edsera y casi animal y que incluso las pocas cosas que poseen, por pobres y bastas \u00a0que sean, no las consiguen sin colaboraci\u00f3n mutua, de cualquier tipo que sea<\/em>\u201d.<\/span><\/p>\n<p style=\"text-align: justify;\"><a id=\"nota16\"><\/a><span style=\"font-family: 'times new roman', times, serif; font-size: 14pt;\">(16) Spinoza afirma que ha especificado los fundamentos del Estado democr\u00e1tico \u201cporque me parec\u00eda el m\u00e1s natural y el que m\u00e1s se aproxima a la libertad \u00a0que la naturaleza concede a cada individuo\u201d.<\/span><\/p>\n<p style=\"text-align: justify;\"><a id=\"nota17\"><\/a><span style=\"font-family: 'times new roman', times, serif; font-size: 14pt;\">(17) Las palabras \u00a0de Spinoza al respecto son claras: \u201cel pacto no puede tener fuerza alguna sino en raz\u00f3n de la utilidad\u201d.<\/span><\/p>\n<p style=\"text-align: justify;\"><a id=\"nota18\"><\/a><span style=\"font-family: 'times new roman', times, serif; font-size: 14pt;\">(18) Esta idea es la que conduce a Hannah Arendt a afirmar, en su ensayo sobre el dato b\u00e1sico de la violencia, que \u201cdonde el poder se ha desintegrado, \u00a0las revoluciones se tornan posibles\u201d (Arendt, 1998:151).<\/span><\/p>\n<p style=\"text-align: justify;\"><a id=\"nota19\"><\/a><span style=\"font-family: 'times new roman', times, serif; font-size: 14pt;\">(19) La cita de Mill es la siguiente: \u201cPara que una civilizaci\u00f3n \u00a0pueda sucumbir as\u00ed ante su enemigo vencido necesita haber llegado a un tal grado de degeneraci\u00f3n que ni sus propios sacerdotes y maestros, ni nadie, tenga capacidad ni siquiera de tomarse el trabajo \u00a0de defenderla. Si esto es as\u00ed, cuanto antes desaparezca \u00a0esa civilizaci\u00f3n, \u00a0mejor. No podr\u00eda ir sino de mal en peor, hasta ser destruida\u00a0 y regenerada (como el imperio de Occidente) por b\u00e1rbaros \u00a0vigorosos\u201d.<\/span><\/p>\n<p style=\"text-align: justify;\"><a id=\"nota20\"><\/a><span style=\"font-family: 'times new roman', times, serif; font-size: 14pt;\">(20) Spinoza dice que \u201ctoda la ley [de Dios] consiste exclusivamente \u00a0en el amor al pr\u00f3jimo; [\u2026] nadie puede negar que quien ama al pr\u00f3jimo como a s\u00ed mismo por mandato de Dios, es realmente obediente y feliz seg\u00fan la ley; y que, al rev\u00e9s, quien le odia o desprecia, es rebelde y contumaz\u201d.<\/span><\/p>\n<p style=\"text-align: justify;\"><a id=\"nota21\"><\/a><span style=\"font-family: 'times new roman', times, serif; font-size: 14pt;\">(21) Compagnon destaca la importancia del pecado original en el movimiento antimoderno (Compagnon, 2007:137ss.).<\/span><\/p>\n<p style=\"text-align: justify;\"><a id=\"nota22\"><\/a><span style=\"font-family: 'times new roman', times, serif; font-size: 14pt;\">(22) Schmitt habla del intento de Hobbes de \u201crestaurar \u00a0la unidad originaria pagana \u00a0de pol\u00edtica\u00a0 y religi\u00f3n\u201d. \u00a0Esta unidad \u2013 originaria como es: teocracia \u2013ha sido trastocada tanto por la Iglesia \u00a0cat\u00f3lica como por las diversas \u00a0sectas, que distinguen entre un poder espiritual y un poder terrenal; \u00a0pero incluso esto no obsta \u00a0para \u00a0que Hobbes se aprecie \u2013 en este punto \u2013 como un pensador de raigambre \u00a0teol\u00f3gica.<\/span><\/p>\n<p style=\"text-align: justify;\"><a id=\"nota23\"><\/a><span style=\"font-family: 'times new roman', times, serif; font-size: 14pt;\">(23) Debo a Julio Quesada la insistencia \u00a0en el proyecto teol\u00f3gico-pol\u00edtico de una \u201cgenealog\u00eda jud\u00eda\u201d, enemiga de la cultura y la raza alemanas, \u00a0por parte de Carl Schmitt, que acompa\u00f1a a Werner Sombart y a Martin \u00a0Heidegger \u00a0en esta tr\u00edada \u00a0de mandarines filonazis (Quesada, 2008:49).<\/span><\/p>\n<\/blockquote>\n<p>&nbsp;<\/p>\n<p>&nbsp;<\/p>\n<p><a href=\"https:\/\/puntocritico.com\/ausajpuntocritico\/2025\/09\/19\/maldito-spinoza-el-ataque-de-carl-schmitt-al-tratado-teologico-politico-de-baruch-de-spinoza-parte-1-2\/\" target=\"_blank\" rel=\"noopener\" data-schema-attribute=\"\"><img loading=\"lazy\" decoding=\"async\" class=\"aligncenter wp-image-17367\" src=\"https:\/\/puntocritico.com\/ausajpuntocritico\/wp-content\/uploads\/2019\/03\/Carl-Schmitt_1-300x199.jpg\" alt=\"Carl Schmitt\" width=\"400\" height=\"266\" srcset=\"https:\/\/puntocritico.com\/ausajpuntocritico\/wp-content\/uploads\/2019\/03\/Carl-Schmitt_1-300x199.jpg 300w, https:\/\/puntocritico.com\/ausajpuntocritico\/wp-content\/uploads\/2019\/03\/Carl-Schmitt_1-678x452.jpg 678w, https:\/\/puntocritico.com\/ausajpuntocritico\/wp-content\/uploads\/2019\/03\/Carl-Schmitt_1.jpg 680w\" sizes=\"auto, (max-width: 400px) 100vw, 400px\" \/><\/a><\/p>\n<p style=\"text-align: center;\"><a href=\"https:\/\/puntocritico.com\/ausajpuntocritico\/2025\/09\/19\/maldito-spinoza-el-ataque-de-carl-schmitt-al-tratado-teologico-politico-de-baruch-de-spinoza-parte-1-2\/\" target=\"_blank\" rel=\"noopener\" data-schema-attribute=\"\"><span style=\"font-size: 14pt; color: #008000;\"><strong>MALDITO SPINOZA: El ataque de Carl Schmitt al Tratado \u00a0teol\u00f3gico-pol\u00edtico de Baruch de Spinoza &#8211; (Parte 1)<\/strong><\/span><\/a><\/p>\n<p>&nbsp;<\/p>\n<p>&nbsp;<\/p>\n<p><a href=\"https:\/\/puntocritico.com\/author\/punto-critico\/\"><img loading=\"lazy\" decoding=\"async\" class=\"aligncenter wp-image-48\" src=\"https:\/\/puntocritico.com\/ausajpuntocritico\/wp-content\/uploads\/2016\/11\/Mosca_Punto_Cr\u00edtico_40.png\" alt=\"\" width=\"80\" height=\"80\" \/><\/a><\/p>\n<p>&nbsp;<\/p>\n<p>&nbsp;<\/p>\n","protected":false},"excerpt":{"rendered":"<div class=\"mh-excerpt\"><p>MALDITO SPINOZA: El ataque de Carl Schmitt al Tratado \u00a0teol\u00f3gico-pol\u00edtico de Baruch de Spinoza &#8211; (Parte 1) *** &nbsp; MALDITO SPINOZA: El ataque de Carl Schmitt al Tratado \u00a0teol\u00f3gico-pol\u00edtico de Baruch de Spinoza \u2013 (y <a class=\"mh-excerpt-more\" href=\"https:\/\/puntocritico.com\/ausajpuntocritico\/2025\/09\/26\/maldito-spinoza-el-ataque-de-carl-schmitt-al-tratado-teologico-politico-de-baruch-de-spinoza-parte-2-2\/\" title=\"MALDITO SPINOZA: El ataque de Carl Schmitt al Tratado teol\u00f3gico-pol\u00edtico de Baruch de Spinoza (y Parte 2)\">[&#8230;]<\/a><\/p>\n<\/div>","protected":false},"author":3,"featured_media":17580,"comment_status":"open","ping_status":"closed","sticky":false,"template":"","format":"standard","meta":{"_acf_changed":false,"_exactmetrics_skip_tracking":false,"_exactmetrics_sitenote_active":false,"_exactmetrics_sitenote_note":"","_exactmetrics_sitenote_category":0,"footnotes":""},"categories":[8],"tags":[43],"class_list":{"0":"post-2227473","1":"post","2":"type-post","3":"status-publish","4":"format-standard","5":"has-post-thumbnail","7":"category-filosofia","8":"tag-spinoza"},"acf":[],"_links":{"self":[{"href":"https:\/\/puntocritico.com\/ausajpuntocritico\/wp-json\/wp\/v2\/posts\/2227473","targetHints":{"allow":["GET"]}}],"collection":[{"href":"https:\/\/puntocritico.com\/ausajpuntocritico\/wp-json\/wp\/v2\/posts"}],"about":[{"href":"https:\/\/puntocritico.com\/ausajpuntocritico\/wp-json\/wp\/v2\/types\/post"}],"author":[{"embeddable":true,"href":"https:\/\/puntocritico.com\/ausajpuntocritico\/wp-json\/wp\/v2\/users\/3"}],"replies":[{"embeddable":true,"href":"https:\/\/puntocritico.com\/ausajpuntocritico\/wp-json\/wp\/v2\/comments?post=2227473"}],"version-history":[{"count":0,"href":"https:\/\/puntocritico.com\/ausajpuntocritico\/wp-json\/wp\/v2\/posts\/2227473\/revisions"}],"wp:featuredmedia":[{"embeddable":true,"href":"https:\/\/puntocritico.com\/ausajpuntocritico\/wp-json\/wp\/v2\/media\/17580"}],"wp:attachment":[{"href":"https:\/\/puntocritico.com\/ausajpuntocritico\/wp-json\/wp\/v2\/media?parent=2227473"}],"wp:term":[{"taxonomy":"category","embeddable":true,"href":"https:\/\/puntocritico.com\/ausajpuntocritico\/wp-json\/wp\/v2\/categories?post=2227473"},{"taxonomy":"post_tag","embeddable":true,"href":"https:\/\/puntocritico.com\/ausajpuntocritico\/wp-json\/wp\/v2\/tags?post=2227473"}],"curies":[{"name":"wp","href":"https:\/\/api.w.org\/{rel}","templated":true}]}}