{"id":2227434,"date":"2021-09-22T00:05:43","date_gmt":"2021-09-21T22:05:43","guid":{"rendered":"https:\/\/puntocritico.com\/ausajpuntocritico\/?p=2227434"},"modified":"2022-05-18T14:52:55","modified_gmt":"2022-05-18T12:52:55","slug":"camilo-jose-cela-y-el-plagio-la-cruz-de-san-andres-y-el-cervantes-por-ian-gibson-el-plagio-del-siglo-del-que-esta-prohibido-hablar-parte-1-2","status":"publish","type":"post","link":"https:\/\/puntocritico.com\/ausajpuntocritico\/2021\/09\/22\/camilo-jose-cela-y-el-plagio-la-cruz-de-san-andres-y-el-cervantes-por-ian-gibson-el-plagio-del-siglo-del-que-esta-prohibido-hablar-parte-1-2\/","title":{"rendered":"CAMILO JOS\u00c9 CELA Y EL PLAGIO. \u00abLA `CRUZ DE SAN ANDR\u00c9S\u00b4 y EL CERVANTES\u00bb, por Ian Gibson. El plagio del Siglo, del que est\u00e1 prohibido hablar \u2013 PARTE 1"},"content":{"rendered":"<p style=\"text-align: justify;\"><a href=\"https:\/\/puntocritico.com\/ausajpuntocritico\/2020\/02\/01\/indice-articulos-sobre-camilo-jose-cela-y-el-plagio\/\"><span style=\"font-size: 14pt;\">INDICE ARTICULOS<\/span> <\/a><\/p>\n<p style=\"text-align: justify;\"><a id=\"ref111a\"><\/a><span style=\"font-size: 14pt;\"><a href=\"#ref111\">\u00abLA CRUZ DE SAN ANDR\u00c9S\u00bb Y EL CERVANTES\u00bb<\/a><\/span><\/p>\n<p style=\"text-align: center;\"><span style=\"color: #008000;\"><strong><span style=\"font-size: 18pt;\">***<\/span><\/strong><\/span><\/p>\n<blockquote>\n<h1><span class=\"titular\" style=\"color: #008000;\">La trama de las tesis plagiadas en la Camilo Jos\u00e9 Cela se extiende a la Universidad de M\u00e1laga<\/span><\/h1>\n<h2 class=\"subtitulo\" style=\"text-align: center;\">Alfredo Rocafort, uno de los cabecillas, doctor\u00f3 a su mujer pese a que le copi\u00f3 entero un libro que hab\u00eda escrito cuatro a\u00f1os antes<\/h2>\n<p>Por Enrique Delgado Sanz\u00a0<\/p>\n<p>13\/01\/2020<\/p>\n<p><a href=\"https:\/\/www.abc.es\/espana\/abci-trama-tesis-plagiadas-camilo-jose-cela-extiende-universidad-malaga-202001130124_noticia.html\">https:\/\/www.abc.es\/espana\/abci-trama-tesis-plagiadas-camilo-jose-cela-extiende-universidad-malaga-202001130124_noticia.html<\/a><\/p>\n<p>&nbsp;<\/p>\n<figure id=\"attachment_26463\" aria-describedby=\"caption-attachment-26463\" style=\"width: 1024px\" class=\"wp-caption aligncenter\"><img loading=\"lazy\" decoding=\"async\" class=\"wp-image-26463 size-large\" src=\"https:\/\/puntocritico.com\/ausajpuntocritico\/wp-content\/uploads\/2020\/02\/tesis-doctorales-plagiadas-620x349-1024x576.jpg\" alt=\"\" width=\"1024\" height=\"576\" data-id=\"26463\" srcset=\"https:\/\/puntocritico.com\/ausajpuntocritico\/wp-content\/uploads\/2020\/02\/tesis-doctorales-plagiadas-620x349-1024x576.jpg 1024w, https:\/\/puntocritico.com\/ausajpuntocritico\/wp-content\/uploads\/2020\/02\/tesis-doctorales-plagiadas-620x349-300x169.jpg 300w, https:\/\/puntocritico.com\/ausajpuntocritico\/wp-content\/uploads\/2020\/02\/tesis-doctorales-plagiadas-620x349-768x432.jpg 768w, https:\/\/puntocritico.com\/ausajpuntocritico\/wp-content\/uploads\/2020\/02\/tesis-doctorales-plagiadas-620x349-678x381.jpg 678w\" sizes=\"auto, (max-width: 1024px) 100vw, 1024px\" \/><figcaption id=\"caption-attachment-26463\" class=\"wp-caption-text\"><span style=\"color: #008000;\">Mapa de la trama de las tesis plagiadas en la Universidad Camilo Jos\u00e9 Cela y su expansi\u00f3n a la Universidad de M\u00e1laga &#8211; ABC<\/span><\/figcaption><\/figure>\n<p>&nbsp;<\/p>\n<p style=\"text-align: justify;\"><span style=\"font-size: 14pt;\">La trama de las tesis plagiadas de la Universidad Camilo Jos\u00e9 Cela (UCJC) oper\u00f3 tambi\u00e9n en la Universidad de M\u00e1laga.\u00a0<strong>Alfredo Rocafort y Francisco Javier Maqueda<\/strong>, dos de los integrantes de la red encabezada por Adolfo S\u00e1nchez Bur\u00f3n, por entonces vicerrector de Investigaci\u00f3n, replicaron el modelo fraudulento para fabricar doctores en la universidad p\u00fablica malague\u00f1a. All\u00ed confeccionaron un tribunal favorable que valid\u00f3 la tesis doctoral, repleta de plagios, de\u00a0<strong>la mujer de Rocafort<\/strong>, Francisca Marco Villellas, en el a\u00f1o 2014.<\/span><\/p>\n<p style=\"text-align: justify;\"><span style=\"font-size: 14pt;\">Esta trama, nacida en la UCJC de la mano de Bur\u00f3n, permiti\u00f3, como ha publicado ABC, que personalidades pol\u00edticas como el presidente del Gobierno, Pedro S\u00e1nchez, o la exdirectora general de Educaci\u00f3n Concertada de la Comunidad de Madrid, Concepci\u00f3n Canoyra, se doctoraran en 2012 pese a defender sendas investigaciones con plagios e irregularidades impropias de trabajos de este nivel.\u00a0<a href=\"https:\/\/www.abc.es\/opinion\/abci-mas-plagios-donde-sanchez-doctoro-201910022323_noticia.html\" target=\"_blank\" rel=\"noopener noreferrer\">S\u00e1nchez plagi\u00f3 en su investigaci\u00f3n y Canoyra, que dimiti\u00f3, hizo la propio<\/a>\u00a0de fuentes tan peregrinas como la Wikipedia o la web El Rinc\u00f3n del Vago.<\/span><\/p>\n<p style=\"text-align: justify;\"><span style=\"font-size: 14pt;\">Precisamente Rocafort y Maqueda, los art\u00edfices del fraude en la\u00a0<strong>Universidad de M\u00e1laga<\/strong>, son dos de esos doctores que validaron la tesis plagiada de Canoyra. Coincidieron en aquel tribunal de\u00a0<strong>la Camilo Jos\u00e9 Cela<\/strong>\u00a0y tambi\u00e9n se vieron involucrados en otros esc\u00e1ndalos de tesis copiadas y aprobadas en la UCJC. Es el caso de las tesis de los hijos de Maqueda, Aitor y Maider. Ambos se doctoraron pese a sus flagrantes irregularidades y en ambas Rocafort fue el presidente de los tribunales evaluadores. En ellos, como vocal, estaba\u00a0<strong>Francisca Parra<\/strong>,\u00a0<a href=\"https:\/\/www.abc.es\/espana\/abci-camilo-jose-cela-compromete-consejero-universidades-tomar-medidas-201910071726_noticia.html\" target=\"_blank\" rel=\"noopener noreferrer\">catedr\u00e1tica en la Universidad de M\u00e1laga<\/a>\u00a0y nexo entre los fraudes acad\u00e9micos de la UCJC y el de la UMA, donde los mismos actores doctoraron a Francisca Marco Villlellas, la mujer de Rocafort.<\/span><\/p>\n<aside class=\"roba-intercalado sin-fondo layer_inpage\"><span id=\"layer_inpage-id\" class=\"creatividad cmv_intext\" style=\"font-size: 14pt;\" data-voc-vam=\"\" data-voc-vam-position=\"layer_inpage\" data-voc-vam-outofpage=\"true\"><\/span><\/aside>\n<h3 class=\"ladillo\" style=\"text-align: justify;\"><span style=\"font-size: 14pt;\">En familia<\/span><\/h3>\n<p style=\"text-align: justify;\"><span style=\"font-size: 14pt;\">La doctoranda Marco Villellas present\u00f3 el 31 de enero de 2014 su tesis, titulada \u00abLa integraci\u00f3n europea en un mundo globalizado\u00bb, en la UMA. El trabajo, de acceso abierto y consultado por este diario, apenas cuenta con 236 p\u00e1ginas. Marco cont\u00f3 con tres directores de investigaci\u00f3n: su marido, el propio Maqueda y Vanesa\u00a0<strong>Francisca Guzm\u00e1n Parra<\/strong>, una profesora del centro malague\u00f1o que tambi\u00e9n juega un papel decisivo en este fraude, puesto que es la hija de Francisca Parra, el nexo entre la UCJC y la UMA.<\/span><\/p>\n<p style=\"text-align: justify;\"><span style=\"font-size: 14pt;\">Pese a ser su mujer, no hay ning\u00fan problema legal en que Rocafort dirigiera la tesis Francisca Marco. M\u00e1s extra\u00f1o resulta que, en 2014, Marco plagiara en su tesis el libro \u00abEuropa y la globalizaci\u00f3n\u00bb (McGrawHill), escrito por su marido en el a\u00f1o 2010 en calidad de doctor honoris causa de la universidad brit\u00e1nica de\u00a0<strong>Staffordshire<\/strong>. Como ha podido comprobar ABC, la doctora Marco incluy\u00f3, sin citar, todo el libro que escribi\u00f3 su marido y que tiene 95 p\u00e1ginas de contenido. Casi la mitad de su tesis -236 p\u00e1ginas- est\u00e1 copiada de un libro de su marido y tutor.<\/span><\/p>\n<p>&nbsp;<\/p>\n<p><figure style=\"width: 510px\" class=\"wp-caption aligncenter\"><img loading=\"lazy\" decoding=\"async\" class=\"lzld loaded\" src=\"https:\/\/static3.abc.es\/media\/espana\/2020\/01\/13\/libro-rocafort-nicolau-subrayado-kYuH-U4074334198gED-510x820@abc.jpg\" alt=\"\" width=\"510\" height=\"820\" data-src=\"https:\/\/static3.abc.es\/media\/espana\/2020\/01\/13\/libro-rocafort-nicolau-subrayado-kYuH-U4074334198gED-510x820@abc.jpg\" data-was-processed=\"true\" \/><figcaption class=\"wp-caption-text\"><span style=\"color: #008000;\">Una de las 95 p\u00e1ginas del libro de Rocafort, que despu\u00e9s plagi\u00f3 su mujer en su tesis &#8211;\u00a0ABC<\/span><\/figcaption><\/figure> <figure style=\"width: 510px\" class=\"wp-caption aligncenter\"><img loading=\"lazy\" decoding=\"async\" class=\"lzld loaded\" src=\"https:\/\/static4.abc.es\/media\/espana\/2020\/01\/13\/tesis-marco-villellas-subrayado-kYuH-U4074334198MWC-510x820@abc.jpg\" alt=\"\" width=\"510\" height=\"820\" data-src=\"https:\/\/static4.abc.es\/media\/espana\/2020\/01\/13\/tesis-marco-villellas-subrayado-kYuH-U4074334198MWC-510x820@abc.jpg\" data-was-processed=\"true\" \/><figcaption class=\"wp-caption-text\"><span style=\"color: #008000;\">La misma p\u00e1gina que escribi\u00f3 en 2010 Rocafort, copiada sin citar en la tesis de su mujer &#8211;\u00a0ABC<\/span><\/figcaption><\/figure><\/p>\n<p>&nbsp;<\/p>\n<p style=\"text-align: justify;\"><span style=\"font-size: 14pt;\">Rocafort, pese a ser uno de los directores de la tesis, y por ende el encargado de verificar que \u00e9sta cumpl\u00eda con todas las normas acad\u00e9micas que se le exigen a estos trabajos -que sea un original, que las citas sean correctas, que aporte algo relevante, que re\u00fana los aspectos formales, que no haya plagios&#8230;-, no se percat\u00f3 de que su mujer le hab\u00eda calcado sin citar un libro entero que \u00e9l hab\u00eda escrito anteriormente.<\/span><\/p>\n<p style=\"text-align: justify;\"><span style=\"font-size: 14pt;\">Lo grosero del plagio da al traste con la hip\u00f3tesis de que el fraude se pudiera explicar con un despiste de Rocafort. Adem\u00e1s, en el a\u00f1o 2014, cuando se aprob\u00f3 el trabajo, ya estaban extendidos en el \u00e1mbito universitario programas inform\u00e1ticos de detecci\u00f3n de plagio, por lo que hubiera sido muy f\u00e1cil que cualquiera de los tutores o los miembros del tribunal, al recibir la tesis y estudiarla, hubieran desmontado el trabajo de Marco.<\/span><\/p>\n<p style=\"text-align: justify;\"><span style=\"font-size: 14pt;\">Este diario ha intentado recabar, sin \u00e9xito, las explicaciones de Rocafort, actual presidente de la\u00a0<strong>Real Academia Europea de Doctores<\/strong>\u00a0y vocal de la Real Academia de Ciencias Econ\u00f3micas y Financieras. Tambi\u00e9n de Maqueda,\u00a0<strong>exsenador del PNV<\/strong>. ABC tampoco ha obtenido la versi\u00f3n de la catedr\u00e1tica de la UMA Francisca Parra ni de su hija, tambi\u00e9n involucrada, Vanesa Francisca Guzm\u00e1n.<\/span><\/p>\n<h3 class=\"ladillo\" style=\"text-align: justify;\"><span style=\"font-size: 14pt;\">Irregularidades<\/span><\/h3>\n<p style=\"text-align: justify;\"><span style=\"font-size: 14pt;\">El nexo que permiti\u00f3 a Rocafort y Maqueda replicar el fraude de la UCJC en la UMA fue Francisca Parra, catedr\u00e1tica de esa universidad y que en las \u00faltimas d\u00e9cadas ha coincidido en numerosas ocasiones en tribunales evaluadores con el segundo. De hecho, Parra incluso form\u00f3 parte de los tribunales de la UCJC que aprobaron a los hijos de Maqueda pese a las irregularidades de ambos trabajos. All\u00ed coincidi\u00f3 tambi\u00e9n con Rocafort.<\/span><\/p>\n<p style=\"text-align: justify;\"><span style=\"font-size: 14pt;\">La presencia de Parra como vocal deber\u00eda haber invalidado, adem\u00e1s, el tribunal que doctor\u00f3 a Villellas. Esto se debe a la relaci\u00f3n de primer grado de parentesco entre Francisca Parra y su hija Vanesa Francisca Guzm\u00e1n Parra, la tercera directora de la tesis junto a Rocafort y Maqueda. Para evitar la endogamia acad\u00e9mica, las universidades impiden que haya familiares -en este caso Francisca Parra- de partes interesadas -como es Vanesa Francisca Guzm\u00e1n en su papel de directora de tesis- en los tribunales de doctorado.<\/span><\/p>\n<\/blockquote>\n<p style=\"text-align: center;\"><a id=\"ref111\"><\/a><a href=\"#ref111a\"><span style=\"font-size: 14pt; color: #008000;\">\u2666\u2666\u2666\u2666\u2666<\/span><\/a><\/p>\n<p>&nbsp;<\/p>\n<p><img loading=\"lazy\" decoding=\"async\" class=\"aligncenter wp-image-26466\" src=\"https:\/\/puntocritico.com\/ausajpuntocritico\/wp-content\/uploads\/2020\/02\/portada-libro-ian-gibson.jpg\" alt=\"Camilo Jos\u00e9 Cela\" width=\"366\" height=\"594\" data-id=\"26466\" srcset=\"https:\/\/puntocritico.com\/ausajpuntocritico\/wp-content\/uploads\/2020\/02\/portada-libro-ian-gibson.jpg 308w, https:\/\/puntocritico.com\/ausajpuntocritico\/wp-content\/uploads\/2020\/02\/portada-libro-ian-gibson-185x300.jpg 185w\" sizes=\"auto, (max-width: 366px) 100vw, 366px\" \/><\/p>\n<p style=\"text-align: center;\"><strong><span style=\"font-size: 24pt;\">\u00abCela, el hombre que quiso ganar\u00bb<\/span><\/strong><\/p>\n<p style=\"text-align: center;\"><span style=\"font-size: 18pt;\"><strong>CAP\u00cdTULO X<\/strong><\/span><\/p>\n<p style=\"text-align: center;\"><span style=\"font-size: 24pt;\"><strong>\u201cLa Cruz de San Andr\u00e9s\u201d y el Cervantes *<\/strong><\/span><\/p>\n<p style=\"text-align: center;\"><a href=\"https:\/\/es.wikipedia.org\/wiki\/Ian_Gibson\" target=\"_blank\" rel=\"noopener\" data-schema-attribute=\"\"><span style=\"font-size: 18pt; color: #008000;\"><strong>Por Ian Gibson<\/strong><\/span><\/a><\/p>\n<p>&nbsp;<\/p>\n<p style=\"text-align: justify;\"><span style=\"font-size: 14pt;\"><span style=\"font-size: 24pt;\">H<\/span>an pasado tres a\u00f1os. Cela ha recogido en varios tomos sus art\u00edculos period\u00edsticos \u2013<em>Desde el palomar de hita<\/em> (1991), <em>El camale\u00f3n solitario<\/em> (1992), <em>El huevo del juicio<\/em> (1993), <em>Memorias, entendimientos y voluntades<\/em> (1993)-. Adem\u00e1s de dos recopilaciones de cuentos y fabulas asimismo dados a conocer primero en la presa: <em>Cachondeos, escarceos y otros meneos<\/em> (1991) y <em>La Sima de las pen\u00faltimas inocencias<\/em> (1993). El matrimonio sigue viviendo por tierras de Guadalajara en el chalet de El Espinar. En marzo de 1994, durante la presentaci\u00f3n de un libro de su amigo Ra\u00fal del Pozo, Cela vuelve a arremeter contra la nueva generaci\u00f3n de novelistas espa\u00f1oles, personific\u00e1ndola\u00a0 en Antonio Mu\u00f1oz Molina, que contesta con un sobrio articulo con El Pa\u00eds titulado \u00ab<em>Teor\u00eda del elogio insultante<\/em><\/span>\u00bb<a id=\"ref1111a\"><\/a><span style=\"font-size: 14pt;\"><a href=\"#ref1111\">1.<\/a> Este suscita por su parte una sarc\u00e1stica respuesta de Cela en Abc, \u00ab<em>Pavana para un doncel tontuelo<\/em>\u00bb. Dedicado \u00aba Paco [Umbral], veterano, y a Ra\u00fal\u00a0 [del Pozo], misacantano\u00bb, muestra, otra vez, al peor Cela resentido, \u00ab<em>antifelipista<\/em>\u00bb y escatol\u00f3gico. Parece mentira que estemos ante un premio Nobel de Literatura:<\/span><\/p>\n<p style=\"padding-left: 40px; text-align: justify;\"><span style=\"font-size: 14pt;\">Al garz\u00f3n M2, mozo lirico o, mejor dicho, lirico-c\u00f3mico-bailable sentimental, aprovechadillo y sagaz, le dio semejante ataque de cuernos con motivo de la publicaci\u00f3n de una novela por un no censado, que tuvo adob\u00e1rselos con vaselina por ver rebajarles la calentura; algunos tratadistas suponen que en estos casos est\u00e1n muy indicados los enemas con\u00a0 una infusi\u00f3n templada de yerbas medicinales que, para los esf\u00ednteres contrariados, debe ser salvia y matalah\u00faga, a partes iguales. El doncel tontuelo que se proclama caudillo de los famosos ciento\u00a0 cincuenta, no\u00a0 debe cejar en sus actitud mientras siga manando leche y miel y otras esp\u00f3rtulas de la pr\u00f3vida y caritativa ubre del presupuesto. <\/span><a id=\"ref2a\"><\/a><a href=\"#ref2\"><span style=\"font-size: 14pt;\">2<\/span><\/a><\/p>\n<p style=\"text-align: justify;\"><span style=\"font-size: 14pt;\">Antonio Mu\u00f1oz Molina jam\u00e1s se hab\u00eda proclamado caudillo de nada, y menos de los inexistentes ciento cincuenta novelistas inventados por la Prensa de derechas y supuestamente alimentados con dinero p\u00fablico suministrado por el PSOE. El desprecio del Nobel hacia el brillante autor de <em>Beatus ille<\/em> (1986), <em>El invierno en Lisboa<\/em> (premio de la Critica y Premio Nacional de Literatura 1987), <em>Beltenebro<\/em>s (1989), <em>El jinete polaco<\/em> (Premio Planeta 1991) y otras obras singulares era altamente suspicaz. Cabe sospechar, de hecho, que detr\u00e1s del desprecio se ocultaba una profunda envidia ante el fen\u00f3meno del joven ubetense, cuyo talento novel\u00edstico ya se reconoc\u00eda en el extranjero y que, adem\u00e1s, superaba con creces al Nobel como columnista.<\/span><\/p>\n<p style=\"text-align: justify;\"><span style=\"font-size: 14pt;\">En abril de 1994 sale <em>El asesinato del perdedor<\/em>, novela muy desigual, terminada el a\u00f1o anterior, donde el padron\u00e9s, con una clara alusi\u00f3n a <em>La familia de Pascual Duarte<\/em>, regresa, como vimos, al tema de la derrota personal que tanto le obsesiona. \u00bfEn que est\u00e1 trabajando actualmente Cela? El 26 de julio, Francisco Umbral, admirador y amigo suyo desde hace tantos a\u00f1os, da cuenta, en su columna de El mundo, de una reciente visita al escritor. Motivo: saludarle en \u00ab<em>los alrededores de su santo, m\u00e1s o menos<\/em>\u00bb (en 1994 la festividad de San Camilo de Leilis se celebr\u00f3 el 12 de julio). Cela le conf\u00eda que \u00a0prepara una novela llamada <em>La cruz de san Andr\u00e9<\/em>s. El Nobel, subraya Umbral, \u00ab<em>sigue siendo, ante todo, un profesor de energ\u00eda, una obra en marcha<\/em>\u00bb.<\/span><\/p>\n<p style=\"text-align: justify;\"><span style=\"font-size: 14pt;\">Si Cela proporcion\u00f3 a Umbral mas informaci\u00f3n a cerca de <em>La Cruz de San Andr\u00e9s <\/em>-y parece l\u00f3gico que as\u00ed fuera-, la columna no la recoge. Lo que si \u00a0registra es el continuado mosqueo de Cela con respecto al Premio Cervantes<strong>. <\/strong>En ocasiones anteriores la Academia hab\u00eda presentado autom\u00e1ticamente su candidatura, pero este a\u00f1o, un lustro despu\u00e9s de recibir el Nobel, \u00a1ni eso! Umbral est\u00e1 indignado con los conspiradores \u00ab<em>hep\u00e1ticos<\/em>\u00bb que, all\u00e1 en los madriles, se imagina conspirando contra el escritor \u00ab<em>que m\u00e1s ha ensanchado el castellano en medio siglo<\/em>\u00bb, el hombre que tiene \u00ab<em>la clave sencilla e imposible de la palabra<\/em>\u00bb. Cela ha logrado la gloria real, popular, pero en su propio pa\u00eds sus adversarios le niegan la oficial. \u00a1Qu\u00e9 gente m\u00e1s ruin! \u00ab<em>Extinguidas las coartadas, las razones, las miserias, las confusiones de los primero tiempos &#8211;<\/em>va concluyendo Umbral<em>-, hoy es claro que si no tiene el Cervantes nuestro premio Nobel (exhaustivizadas todas las Loynaz <a id=\"ref3a\"><\/a><sup><a href=\"#ref3\">3 \u00a0<\/a><\/sup>disponibles) , aqu\u00ed lo que brilla desnudo y ominoso, metalizo y atroz, es el huso frio de la envidia patri\u00f3tica y el jodedor resentimiento<\/em>\u00bb<a id=\"ref4a\"><\/a><a id=\"ref4a\"><\/a><a href=\"#ref4\">4..<\/a><\/span><\/p>\n<p style=\"text-align: justify;\"><span style=\"font-size: 14pt;\">Es posible que Cela se molestara al descubrir que Umbral hab\u00eda revelado que ten\u00edan entre manos una nueva novela titulada <em>La cruz de San Andr\u00e9s<\/em>. Porque aunque el columnista no lo supiera, la obra se iba a entregar a la editorial Planeta para que aquel octubre, si lograba terminarla satisfactoriamente, Cela se alzara como ganador del premio literario m\u00e1s codiciado de Espa\u00f1a. M\u00e1s codiciado, a saber, por la compensaci\u00f3n econ\u00f3mica: en 1994, cincuenta millones de pesetas. Anticipo contra ventas, por supuesto, pero no por ello menos apetecible. El a\u00f1o anterior se hab\u00eda llevado el galard\u00f3n Mario Vargas Llosa, Con <em>Lituma en los Andes<\/em>, lo cual hab\u00eda despertado el correspondiente esc\u00e1ndalo al rumorearse que se trataba de un libro de encargo.<\/span><\/p>\n<p style=\"text-align: justify;\"><span style=\"font-size: 14pt;\">Result\u00f3 luego que Cela no era el \u00fanico escritor famoso con quien hablaron los de Planeta con vistas al premio de 1994. Aquel oto\u00f1o el novelista Ernesto Sabato declar\u00f3 que antes se lo hab\u00edan ofrecido a \u00e9l. \u00ab<em>Yo me re\u00ed<\/em>&#8211; manifest\u00f3 el argentino-, <em>y dije que no pod\u00eda aceptar un premio por un libro que todav\u00eda no hab\u00eda escrito<\/em>\u00bb<a id=\"ref5a\"><\/a><a href=\"#ref5\">5.<\/a> \u00bfy Miguel Delibes \u00bfel autor de <em>Los santos inocentes<\/em> manifest\u00f3 que le hab\u00edan propuesto el Planeta con \u00ab<em>peri\u00f3dica reiteraci\u00f3n<\/em>\u00bb. La \u00faltima vez, \u00ab<em>Lara vino a Valladolid a ofrecerme el premio tratando de convencerme con el argumento de que todos saldr\u00edamos beneficiados: el, yo, el premio y la literatura<\/em>\u00bb<a id=\"ref6a\"><\/a><a href=\"#ref6\">6.<\/a> \u00bfCuando tuvo lugar aquella vivista del presidente de la editorial? No se ha podido preciosa, se dijo en su momento- y se ha venido repitiendo desde entonces- que se produjera en 1994, pero Delibes me comunica que el nunca hab\u00eda precisado la fecha. Pero puede que la memoria le falle <a id=\"ref7a\"><\/a><a href=\"#ref7\">7.<\/a><\/span><\/p>\n<p style=\"text-align: justify;\"><span style=\"font-size: 14pt;\">La editorial aleg\u00f3 despu\u00e9s, sin aducir justificante documental, que Cela hab\u00eda entregado <em>La Cruz de San Andr\u00e9s<\/em> el ultimo d\u00eda del plazo estipulado en las bases del certamen, es decir el 30 de junio de 1994. Lo cual, a la luz del art\u00edculo de Umbral, es ya de entrada inveros\u00edmil <a id=\"ref8a\"><\/a><a href=\"#ref8\">8.<\/a><\/span><\/p>\n<p style=\"text-align: justify;\"><span style=\"font-size: 14pt;\">Pero hay mas, bastante m\u00e1s.<\/span><\/p>\n<p style=\"text-align: justify;\"><span style=\"font-size: 14pt;\">El 25 de junio de 1994 Cela viajo a Formosa, invitado por una universidad cat\u00f3lica Fu-Jen, para recibir un homenaje y pronunciar una conferencia. El 30 de junio se despidi\u00f3 de su columna de Abc, \u00ab<em>El color de la ma\u00f1ana<\/em>\u00bb. El articulo \u2013redactado, naturalmente, antes de salir para Taiwan- se titulaba \u00abH<em>asta la vista<\/em>\u00bb. El escritor explic\u00f3 a sus lectores que reanudar\u00eda su colaboraci\u00f3n el 1 de septiembre. Luego a\u00f1adi\u00f3 que, tras su regreso de Formosa, tendr\u00eda que resolver numerosas cuestiones, en primer lugar \u00ab<em>poner titulo y punto y final a una novela que traigo entre manos y que tampoco es Madera de boj<\/em>\u00bb. De modo que el mismo Cela, con un gui\u00f1o que \u2013creo- ha pasado inadvertido hasta ahora, dejaba constancia en Abc, el 30 de junio de 1994 -d\u00eda en que acababa el plazo del Planeta-, de que todav\u00eda no hab\u00eda rematado la novela en que entonces trabajaba. Y esa novela dif\u00edcilmente pod\u00eda ser otra que <em>La Cruz de San Andr\u00e9s<\/em> <a id=\"ref9a\"><\/a><a href=\"#ref9\">9.<\/a><\/span><\/p>\n<p style=\"text-align: justify;\"><span style=\"font-size: 14pt;\">Como veremos mas adelanta, los borradores de la novela tambi\u00e9n dan testimonio de que Cela todav\u00eda le daba vueltas a la misma durante el verano.<\/span><\/p>\n<p style=\"text-align: justify;\"><span style=\"font-size: 14pt;\">En la \u00faltima p\u00e1gina de <em>La cruz de san Andr\u00e9s<\/em>, que se public\u00f3 aquel noviembre, figura la siguiente indicaci\u00f3n:\u00a0<\/span><\/p>\n<p style=\"text-align: justify;\"><span style=\"font-size: 14pt;\"><strong>\u00a0\u00a0\u00a0\u00a0\u00a0\u00a0\u00a0\u00a0\u00a0\u00a0\u00a0 <\/strong>Finca el Espinar<\/span><\/p>\n<p style=\"text-align: justify;\"><span style=\"font-size: 14pt;\">\u00a0\u00a0\u00a0\u00a0\u00a0\u00a0\u00a0\u00a0\u00a0\u00a0\u00a0 Guadalajara<\/span><\/p>\n<p style=\"text-align: justify;\"><span style=\"font-size: 14pt;\">\u00a0\u00a0\u00a0\u00a0\u00a0\u00a0\u00a0\u00a0\u00a0\u00a0\u00a0 Primavera de 1994<\/span><\/p>\n<p style=\"text-align: justify;\"><span style=\"font-size: 14pt;\">Si se quer\u00eda indicar con ello la fecha en que se dio por finalizada la redacci\u00f3n de <em>La Cruz de San Andr\u00e9s <\/em>-lo habitual en estos casos, incluidos los otros libros de Cela- no era cierto, ya que durante el verano el escritor segu\u00eda trabajando en ella. Pero seamos discretos, tambi\u00e9n pod\u00eda significar la fecha, bastante imprecisa, en que se inici\u00f3 su redacci\u00f3n. De todas maneras, la ambig\u00fcedad es manifiesta. Y no poco suspicaz.<\/span><\/p>\n<p style=\"text-align: center;\"><span style=\"font-size: 14pt;\">***<\/span><\/p>\n<figure id=\"attachment_26491\" aria-describedby=\"caption-attachment-26491\" style=\"width: 336px\" class=\"wp-caption aligncenter\"><img loading=\"lazy\" decoding=\"async\" class=\"wp-image-26491\" src=\"https:\/\/puntocritico.com\/ausajpuntocritico\/wp-content\/uploads\/2020\/02\/cela-1.jpg\" alt=\"\" width=\"336\" height=\"534\" data-id=\"26491\" srcset=\"https:\/\/puntocritico.com\/ausajpuntocritico\/wp-content\/uploads\/2020\/02\/cela-1.jpg 260w, https:\/\/puntocritico.com\/ausajpuntocritico\/wp-content\/uploads\/2020\/02\/cela-1-189x300.jpg 189w\" sizes=\"auto, (max-width: 336px) 100vw, 336px\" \/><figcaption id=\"caption-attachment-26491\" class=\"wp-caption-text\"><span style=\"color: #008000;\">En esta colecci\u00f3n de articulos, Paco Umbral refiere que el d\u00eda del Santo de Camilo Jos\u00e9 Cela, \u00e9ste le confes\u00f3 que estaba escribiendo una novela que a Umbral le recordaba la novela \u00abEl hombre de la Cruz Verde\u00bb, que afirm\u00f3 ser obra del escritor \u00abSerrano Plaja\u00bb, autor inexistente con el que Umbral evoca un \u00abplagio serrano\u00bb (el d\u00eda de la onm\u00e1stica de Cela, ya habr\u00eda finalizado el plazo para la presentaci\u00f3n de obras al Certamen literario Premio Planeta 1994)<\/span>. NOTA P.C.<\/figcaption><\/figure>\n<p style=\"text-align: center;\"><span style=\"font-size: 14pt;\">***<\/span><\/p>\n<p style=\"text-align: justify;\"><span style=\"font-size: 14pt;\">Unos d\u00edas antes de la cena multitudinario en el Hotel princesa Sof\u00eda de Barcelona, donde se iba a anunciar el nombre del ganador del premio planeta 1994, ya se sab\u00eda con casi toda seguridad que era para Cela, y que la periodista \u00c1ngeles Caso quedar\u00eda finalista. &lt;<em>De confirmarse estas expectativas<\/em> -escribi\u00f3 Alex Salmon en el mundo el 12 de octubre- <em>la editorial de Jos\u00e9 Manuel Lara abandonar\u00eda decididamente la l\u00ednea que se hab\u00eda trazado hace unos a\u00f1os cuando cambio el estilo de los ganadores de su popular premio por la [sic] de nuevos narradores. Fueron los casos de Antonio mu\u00f1oz molina y Soledad Pu\u00e9rtolas<\/em>&gt;. &lt;<em>Todo parece indicar &#8211;<\/em>continuaba el periodista- <em>que el nuevo equipo de la editorial barcelonesa, dirigido por Imelda navajo, apuesta por la comercialidad m\u00e1s que por los valores nuevos<\/em>&gt;. Salmon no hac\u00eda m\u00e1s que recoger lo que todos los relacionados con el mundo editorial y literario espa\u00f1ol ya sab\u00edan de sobra: Planeta volv\u00eda a premiar a autores ya consagrados<a id=\"ref10a\"><\/a><a href=\"#ref10\">10.<\/a><\/span><\/p>\n<p style=\"text-align: justify;\"><span style=\"font-size: 14pt;\">De modo que, cuando aquel s\u00e1bado 15 de octubre anunciaron que, en efecto, Camilo Jos\u00e9 Cela se hab\u00eda alzado con el Planeta 1994, nadie se sorprendi\u00f3. Tampoco de que \u00c1ngeles Caso resultara finalista.<\/span><\/p>\n<p style=\"text-align: justify;\"><span style=\"font-size: 14pt;\">Para que quede constancia, consignemos que <em>La cruz de san Andr\u00e9s<\/em>, publicada unas semanas m\u00e1s tarde, llevaba al principio la indicaci\u00f3n: \u00ab<em>esta novela obtuvo el premio planeta 1994, concedido por el siguiente jurado: Alberto Blecua, Ricardo Fern\u00e1ndez de la reguera, Jos\u00e9 Manuel Lara, Antonio prieto, Carlos Pujol, Mart\u00edn de Riquer y Jos\u00e9 Mar\u00eda Valverde<\/em>\u00bb.<\/span><\/p>\n<p style=\"text-align: justify;\"><span style=\"font-size: 14pt;\">Despu\u00e9s de la cena Cela se mostr\u00f3 esquivo a la hora de hablar del tema de su novela. Pero ante la insistencia de uno de los presentes manifest\u00f3: \u00ab<em>hablo en ella de la derrota de una mujer, de una derrota que es m\u00e1s adelante la de un grupo de personas y que, tras meterse por medio una secta, acaba en suicidio colectivo, como ha sucedido recientemente en suiza<\/em>\u00bb<sup><a id=\"ref11a\"><\/a><a href=\"#ref11\">11.<\/a> <\/sup>cuando una periodista le pregunto por el premio Cervantes, Cela, tras repetir que no le gustaban los premios en general, y con cara de chico d\u00edscolo que va a soltar una barbaridad ante sus mayores a\u00f1adi\u00f3 : \u00ab<em>como usted comprender\u00e1, est\u00e1 lo suficientemente desprestigiado y cubierto de mierda para que a m\u00ed me preocupe<\/em> \u00bb<a id=\"ref12a\"><\/a><a href=\"#ref12\">12.<\/a><\/span><\/p>\n<p style=\"text-align: justify;\"><span style=\"font-size: 14pt;\">Hubo estupor y desconcierto en la sala, y alguna risilla nerviosa.<\/span><\/p>\n<p style=\"text-align: justify;\"><span style=\"font-size: 14pt;\">En otro omento de la velada le volvieron a interrogar sobre lo mismo, \u00bfhab\u00eda cambiado el Nobel su opini\u00f3n sobre los premios literarios?\u00a0 \u00ab\u00bf<em>qu\u00e9 tiene que ver el culo con las t\u00e9mporas?- contest\u00f3 Cela, recurriendo a una de sus expresiones favoritas-. Yo estoy en contra de los premios literarios\u00a0 y de repente, pues, me presento a este y me lo llevo<\/em> \u00bb<a id=\"ref13a\"><\/a><a href=\"#ref13\">13.<\/a> Estaba muy tenso, muy a la defensiva. Al creer que alguien le interrump\u00eda, amenaz\u00f3 con irse. \u00ab<em>Siga, hombre, siga<\/em>\u00bb, le susurro a Jos\u00e9 Manuel Lara <a id=\"ref14a\"><\/a><a href=\"#ref14\">14.<\/a><\/span><\/p>\n<p style=\"text-align: justify;\"><span style=\"font-size: 14pt;\">El editor andaluz, como siempre, estuvo afable y distendido. \u00ab<em>este a\u00f1o tenemos un ganador que le da categor\u00eda al premio- dijo, a\u00f1adiendo socarr\u00f3n-: que un Nobel se presente al Planeta es todo un honor<\/em>\u00bb<a id=\"ref15a\"><\/a><a href=\"#ref15\">15.<\/a><\/span><\/p>\n<p style=\"text-align: justify;\"><span style=\"font-size: 14pt;\">Al d\u00eda siguiente se celebr\u00f3 una conferencia de presa. Cela neg\u00f3 que hubieran pactado con Lara ganar el premio y, en cuanto al Cervantes, se mostr\u00f3 un poco mas diplom\u00e1tico. \u00ab<em>el Cervantes empez\u00f3 bien &#8211;<\/em>declar\u00f3<em>-, pero luego se politiz\u00f3. Es una pena. Lo aceptar\u00eda si me lo dieran, pero es probable que no acaparara el dinero, aunque quiz\u00e1s lo aceptara y lo diera a mi Fundaci\u00f3n y al Hospital general de Galicia<\/em>\u00bb<a id=\"ref16a\"><\/a><sup><a href=\"#ref16\">1<\/a><\/sup><sup>6<\/sup>.<\/span><\/p>\n<p style=\"text-align: justify;\"><span style=\"font-size: 14pt;\">El 22 de octubre, en un programa de Onda Cero Baleares, el hijo de Cela manifest\u00f3 que\u00a0 \u00ab<em>el premio fue negociado entre mi padre y el editor catal\u00e1n, como el resto de premios anteriores<\/em>\u00bb, tach\u00f3 de \u00ab<em>indigno\u00bb <\/em>a su progenitor por haberlo hecho, y agreg\u00f3 : \u00ab<em>Si bien mi padre debe alimentar y alimentarse, para lo cual hace falta dinero, creo que siempre hay otras formas de obtener ingresos<\/em><a id=\"ref17a\"><\/a>\u00bb<a href=\"#ref17\">17.<\/a><\/span><\/p>\n<p style=\"text-align: justify;\"><span style=\"font-size: 14pt;\">Carmen Balcells, la agente literarios de cela (y del ganador del a\u00f1o anterior, Mario Vargas Llosa), conoc\u00eda a la perfecci\u00f3n como se organizaba el Planeta. Y no parec\u00eda estar ya conforme. En una carta dirigida a Lara abog\u00f3 ahorra por una mayor transparencia, y por que no se siguiera, durante la cena anual, con el sistema de votaciones trucadas en el que no cre\u00eda nadie <a id=\"ref18a\"><\/a><a href=\"#ref18\">18.<\/a><\/span><\/p>\n<p style=\"text-align: justify;\"><span style=\"font-size: 14pt;\">El 23 de octubre Cela se permiti\u00f3 un peque\u00f1o desahogo en su columna habitual de Abc, &lt;<em>El color de la ma\u00f1ana<\/em>&gt;. All\u00ed explicaba que, cuando le dieron el Nobel cinco a\u00f1os atr\u00e1s, hab\u00eda pensado en retirarse, porque, ante las insinuaciones de ciertas personas, hab\u00eda decidido seguir escribiendo y lanzar su &lt;por ahora, aguanto&gt;. Por lo que tocaba al Planeta, se congratulaba de haberlo ganado, pero evit\u00f3 decir si se trataba o no de un encargo. En cuanto al Cervantes, estaba convencido de que llegar\u00eda en su momento, \u00ab<em>ya que es evidente que a ciertas actitudes pol\u00edticas y mermadoras les queda ya poco aliento<\/em>\u00bb. De nuevo, es decir, una clara alusi\u00f3n al PSOE. Y tambi\u00e9n a una probable victoria de la derecha en las pr\u00f3ximas elecciones <a id=\"ref19a\"><\/a><a href=\"#ref19\">19.<\/a><\/span><\/p>\n<p style=\"text-align: justify;\"><span style=\"font-size: 14pt;\"><em>La cruz de San Andr\u00e9s<\/em> y la novela finalista de \u00c1ngeles Caso, <em>El peso de las sombras<\/em>, se presentaron en Madrid el 10 de noviembre de 1994. Jos\u00e9 Manuel Lara Bosch, hijo del presidente de la editorial planeta, desminti\u00f3 que hubiese prometido el premio a Cela. \u00ab<em> \u00bfC\u00f3mo se puede garantizar lo que lo que los miembros del jurado van a votar?<\/em>\u00bb, dijo con aparente inocencia, seg\u00fan El Mundo<a id=\"ref20a\"><\/a><a href=\"#ref20\">20.<\/a> El Pa\u00eds recogi\u00f3 la declaraci\u00f3n con alg\u00fan matiz diferente. Lara, de acuerdo con el diario de Prisa, neg\u00f3, \u00ab<em>por la dignidad de los miembros del jurado<\/em>\u00bb, que\u00a0<b> \u00ab<\/b><em>EL Planeta este previamente concedido<\/em>\u00bb , y pregunt\u00f3, refiri\u00e9ndose a los mismos: \u00ab<em>\u00bfes que son t\u00edteres y mi padre es Dios y hace con ellos lo que quiere?<\/em>\u00bb<a id=\"ref21a\"><\/a><a href=\"#ref21\">21.<\/a><\/span><\/p>\n<p style=\"text-align: justify;\"><span style=\"font-size: 14pt;\">Que el lector decida por s\u00ed mismo.<\/span><\/p>\n<p style=\"text-align: justify;\"><span style=\"font-size: 14pt;\">En cuanto a las sendas declaraciones de Miguel Delibes y Ernesto Sabato, en relaci\u00f3n con lo ofrecimiento de Planeta, Lara Bosch coment\u00f3 sin inmutarse : \u00abs<em>eguramente el \u00edmpetu con que mi padre llega a exponer las cosas, hizo pensar a estos autores, por los que siento un gran respeto, que se les estaba asegurando el premio, cuando lo que se les garantizaba era el anonimato si no ganaban<\/em>\u00bb<a id=\"ref22a\"><\/a><a href=\"#ref22\">22<\/a><\/span><span style=\"font-size: 14pt;\"><span style=\"font-size: 14pt;\">.<\/span><\/span><\/p>\n<p style=\"text-align: justify;\"><span style=\"font-size: 14pt;\">El acad\u00e9mico Francisco Rico fue el encargado de comentar el libro de Cela. Afirm\u00f3, con el respaldo de su prestigio de erudito y cr\u00edtico literario, que <em>La Cruz de San Andr\u00e9s<\/em> era &lt;<em>una de las mejores novelas del escritor<\/em>&gt;. Elogi\u00f3 la &lt;<em>forma singular<\/em>&gt; en que estaba narrada la historia y la &lt;<em>precisi\u00f3n t\u00e9cnica<\/em>&gt; de la misma, &lt;<em>que la convierte en un perfecto mecanismo de relojer\u00eda<\/em>&gt;. La novela, puntualiz\u00f3, ofrec\u00eda una &lt;<em>pesimista visi\u00f3n del mundo<\/em>&gt;<a id=\"ref23a\"><\/a><a href=\"#ref23\">23.<\/a><\/span><\/p>\n<p style=\"text-align: justify;\"><span style=\"font-size: 14pt;\">Cela inaugur\u00f3 su intervenci\u00f3n, para la que llevaba\u00a0 un texto preparado, con las siguientes palabras : \u00ab<em>a unos extra\u00f1os y aburridos juegos florares en los que se trata hasta de justificar lo injustificable&#8230;<\/em>\u00bb. Sin acabar la frase prosigui\u00f3: \u00ab<em>pero naturalmente, no es por este derrotero donde yo voy a ir, aunque sea citado al natural\u00bb<\/em>. Nadie entendi\u00f3 nada. \u00abM<em>e congratula<\/em> -continu\u00f3 el ganador- <em>el compartir este \u00e9xito con mi compa\u00f1era la joven escritora \u00c1ngela<\/em> [sic] <em>Caso, cuya novela, seg\u00fan todos los informes que he recibido, es magn\u00edfica. Para mi es rejuvenecedor y vitalizador el poder compartir con ella, repito, este momento\u00bb<\/em>.<\/span><\/p>\n<p style=\"text-align: justify;\"><span style=\"font-size: 14pt;\">A continuaci\u00f3n el Nobel agradeci\u00f3 las palabras de Rico. Dijo no saber si compart\u00eda o no la teor\u00eda del catedr\u00e1tico acerca de la finalidad del libro. Tampoco si hab\u00eda logrado su objetivo : \u00ab<em>no s\u00e9 hasta qu\u00e9 punto lo habr\u00e9 conseguido o no, aunque si es probable que mi intenci\u00f3n haya sigo magnifica y no s\u00e9 si correspondida por la suerte<\/em>\u00bb. Vino luego una combativa profesi\u00f3n de fe y un ataque en toda regla:\u00a0<\/span><\/p>\n<p style=\"padding-left: 40px; text-align: justify;\"><span style=\"font-size: 14pt;\"><em>En todo caso si tengo el orgullo de convocar aqu\u00ed al ilustre senador que hoy nos honra con su presencia para festejar que, a mis ya algunos a\u00f1os, este 1994 en curso publico dos novelas, un libro de cuentos y un libro de art\u00edculos. Creo que este es un oficio donde no cabe en ning\u00fan momento ni la abdicaci\u00f3n ni el pacto. Hay que luchar\u00e1 denodadamente como gato panza arriba contra la propia literatura. Y hay que dejar a un lado, naturalmente, a ciertos modestos, eh&#8230;.aficionados&#8230;, a los modestos jovencitos, que pueden tener ideas m\u00e1s o menos propias y en ning\u00fan caso originales, sobre lo que es la literatura, sobre que es la escritura, y sobre lo que es escribir bien o escribir mal. El caso de \u00c1ngela [sic] Caso es un manifiesto ejemplo de una novela magn\u00edficamente bien escrita. Supongo que la acompa\u00f1ar\u00e1 el \u00e9xito, y eso ser\u00eda compartir con ella muchos a\u00f1os m\u00e1s de gloria -la gloria de ella, naturalmente- que es la que quiero festejar aqu\u00ed, mi mejor prop\u00f3sito ante todos ustedes. Muchas gracias<\/em><a id=\"ref24a\"><\/a><a href=\"#ref24\">24.<\/a><\/span><\/p>\n<p style=\"text-align: justify;\"><span style=\"font-size: 14pt;\">Palabras, palabras, palabras. Y el encono de siempre contra los quim\u00e9ricos novelistas protegidos por el PSOE.<\/span><\/p>\n<p style=\"text-align: justify;\"><span style=\"font-size: 14pt;\">Y por \u00faltimo, el turno de Luis Landero, encargado de la presentaci\u00f3n de la novela finalista, cuya autora hab\u00eda mantenido a largo del acto un ademan entre incr\u00e9dulo e incomodo. No era para menos: Cela se hab\u00eda encargado de llenarlo de tensi\u00f3n inusitada.<\/span><\/p>\n<p style=\"text-align: justify;\"><span style=\"font-size: 14pt;\">En contra de la opini\u00f3n de Francisco Rico, tal vez no del todo sincera, <em>La Cruz de\u00a0 San Andr\u00e9s<\/em> es la novela mas ca\u00f3tica, repetitiva y enrevesada de cuantas firmara jam\u00e1s Camilo Jos\u00e9 Cela, pese a su extremada brevedad. Tanto es as\u00ed que en una primera lectura es imposible\u00a0 desenmara\u00f1ar su trama, o retener qui\u00e9n es quien entre una pl\u00e9tora de personajes que, en su gran mayor\u00eda, solo se perfilan m\u00ednimamente.<\/span><\/p>\n<p style=\"text-align: justify;\"><span style=\"font-size: 14pt;\">La narradora principal de <em>La Cruz de San Andr\u00e9s<\/em> \u2013porque hay varias- se llama Matilde Verd\u00fa. Es oriunda de una aldea gallega, lleva viviendo en A Coru\u00f1a desde finales de la Guerra Civil y nos dice repetidas veces que no es mas que una mujer vulgar, corriente y amargada, sin historia propia. Est\u00e1 obsesionada con su vejez, que ve cada d\u00eda m\u00e1s cerca. Ha sido lesbiana, pero dice <em>&lt;ya no lo soy<\/em>&gt;. Fuma demasiado, tose mucho y tiene &lt;<em>muy mala salud<\/em>&gt;. Hija de soltera y nieta de un militar que falleciera en la contienda, fue autora de sendas biograf\u00edas de santa teresa y San Juan de la Cruz (como se\u00f1alamos antes, Matilde Verd\u00fa fue seud\u00f3nimo utilizado por Cela en 1948 en su biograf\u00eda de San Juan para j\u00f3venes). Matilde es la tercera esposa de Rafa, republicano de Mart\u00ednez Barrio herido en la Guerra Civil y hasta hace poco accionista de una f\u00e1brica de condones en A Coru\u00f1a. Entre las haza\u00f1as de Rafa figura la de haber degollado ritualmente a su primera mujer sobre una mesa comedor.<\/span><\/p>\n<p style=\"text-align: justify;\"><span style=\"font-size: 14pt;\">Matilde est\u00e1 redactando con bol\u00edgrafo y letra grande, sobre el poco habitual soporte de rollos de papel higi\u00e9nico, &lt;<em>la cr\u00f3nica de un derrumbamiento<\/em>&gt;. Y ello en lugar del libro sobre &lt;<em>los siete sucesos que se\u00f1alaron la vida de su marido<\/em>&gt; -entre ellos, el asesinato ritual- encargado por una agente literaria llamada Paula Fields, por lo visto de tendencias lesbianas y con quien Matilde dice no haberse acostado porque &lt;hace ya muchos a\u00f1os que no me hacen gozar las mujere<\/span><a id=\"ref25a\"><\/a><span style=\"font-size: 14pt;\"><a href=\"#ref25\">25.<\/a> El libro ser\u00e1 publicado por una editorial que ostenta el improbable nombre de Gardner Publisher Co., a todas luces multinacional, no se entiende por qu\u00e9, si Matilde es solo una mujer vulgar sin historia, la tengan en tal alta estima su editor y a su agente literaria, o por qu\u00e9 ha recibido un adelanto tan desproporcionado por la obra:<\/span><\/p>\n<p style=\"padding-left: 40px; text-align: justify;\"><span style=\"font-size: 14pt;\"><strong><em>A mi me anticiparon mucho dinero, bueno, mucho dinero para mi exhausta bolsa, la verdad es que no lleg\u00f3 a los seiscientos mil d\u00f3lares, y aunque al principio lo dud\u00e9, ahora que ya no me queda m\u00e1s que un a\u00f1o escaso de vida, eso es lo que dicen los m\u00e9dicos a mi marido y a nuestros hijos y nueras, todos crueles y avergonzados, todos \u00e1vidos y par\u00e1sitos, acepto la \u00a0propuesta y empiezo esta cr\u00f3nica desorientada y levemente ortodoxa: todos debemos someternos a las sabias normas dictadas por los comerciantes y los s\u00edndico<\/em><\/strong>s<a id=\"ref26a\"><\/a><a href=\"#ref26\">26.<\/a><\/span><\/p>\n<p style=\"text-align: justify;\"><span style=\"font-size: 14pt;\">La raz\u00f3n por la cual Matilde se niega, veladamente, a escribir el libro encargado sobre su marido es que considera que la vida de este no ha sido tan interesante como para novelarla. \u00ab<em>mi marido no estivo en el exilio ni un solo d\u00eda-dice-, lo dej\u00e9 entrever no mas para que se callase Paula Fields y me dejaran de marear los asesores de Gardner Publisher Co.\u00bb <\/em>.y en otro momento,\u00a0 \u00ab<em>no tengo m\u00e1s remedio que mentir para que se callen Paula Fields y los ejecutivos de Gardner Publisher Co.\u00bb<\/em>.<\/span><\/p>\n<p style=\"text-align: justify;\"><span style=\"font-size: 14pt;\"><strong>Esta claro, pues, que el libro que va a escribir Matilde no es el que recibir el editor, y que su prop\u00f3sito, en parte, es enga\u00f1ar a quien le est\u00e1 pagando. Teng\u00e1moslo en cuenta.<\/strong><\/span><\/p>\n<p style=\"text-align: justify;\"><strong><span style=\"font-size: 14pt;\">Matilde necesita trabajar &lt;<em>con cierta prisa<\/em>&gt; para cumplir con el encargo editorial. Cuando empieza a escribir su relato es &lt;<em>el sexag\u00e9simo tercero aniversario de la segunda rep\u00fablica<\/em>&gt;, es decir, el 21 de abril de 1994 (Rafa, su marido, se ha ido a Madrid para asistir, en fecha tan se\u00f1alada, a una comida de republicanos). Matilde nos informa de que tiene que entregar el manuscrito el 1 de septiembre siguiente. O sea, que el tiempo del que dispone para su redacci\u00f3n corresponde casi exactamente al que tiene Cele para entregar a Planeta, fuera de plazo, <em>La Cruz de San Andr\u00e9s<\/em>. La coincidencia no parece casual.<\/span><\/strong><\/p>\n<p style=\"text-align: justify;\"><span style=\"font-size: 14pt;\">Crece la sospecha, mientras avanza la lectura, de que estamos ante un texto con clave oculta (o claves ocultas) y que Matilde es en parte trasunto del propio Cela. Tambi\u00e9n empezamos a intuir que las constantes referencias de Matilde a sus problemas familiares pueden ser reflejo de las de Cela (reclamaciones de su primera mujer, hostilidad de su hijo&#8230;).<\/span><\/p>\n<p style=\"text-align: justify;\"><span style=\"font-size: 14pt;\">Constatada tal identificaci\u00f3n entre autor y narradora, \u00bfC\u00f3mo no ver una alusi\u00f3n, adem\u00e1s, en la persona de la agente Paula Fields, a la que realmente se ocupaba de la vida profesional de Cela, la famosa Carmen Balcells, y en Gardner Publisher Co. a Editorial Planeta?\u00a0<\/span><\/p>\n<p style=\"text-align: justify;\"><span style=\"font-size: 14pt;\">Una mujer llamada Pilar Seix\u00f3n especialista en acostarse con curas y conocida como la santa de Donalbai (peque\u00f1a localidad de la provincia de Lugo), act\u00faa como una especie de asesora literaria de Matilde, y le recomienda que introduzca ciertos cambios en la disposici\u00f3n de algunos episodios del libro en curso, Matilde se resiste a aceptar tales recomendaci\u00f3n o mandatos, de la misma manera que se rebela contra la exigencias de Paula Fields y el editor.<\/span><\/p>\n<p style=\"text-align: justify;\"><span style=\"font-size: 14pt;\">La &lt;<em>historia de un derrumbamient<\/em>o&gt; se narra casi enteramente en primera persona a modo de monologo interior, a menudo nos encontramos con que Matilde, en lugar de seguir escribiendo en papel higi\u00e9nico, declara ante una especie de tribunal. Tribunal con p\u00fablico en la sala y \u2013seg\u00fan que p\u00e1gina del libro- presidente, presidente en funciones, vicepresidente adjunto, \u00e1rbitro, subsecretario o &lt;<em>presidente nato de la comisi\u00f3n redactora<\/em>&gt;. Hay ocasiones en que Matilde alega que todo lo que est\u00e1 escribiendo o contando es puro invento, una fabula. Incluso las hay en que declara que si escribe en primera persona, es a instancias de su editor y agente: \u00abt<em>anto Paula Fields como Gardner Publisher Co. tiene sus prejuicios y sus man\u00edas (y motivaciones mani\u00e1ticas), lo verdaderamente ejemplar es que todo lo convierten en dinero, todo lo que tocan se vuelve dinero y son capaces de vender los mas raros productos\u00a0 de la subinteligencia\u00bb.<\/em> En otro momento, Matilde invita a Obdulita Cornide a tomarle el relevo con la narraci\u00f3n de la cr\u00f3nica. Y hacia el final del libro llega a decirnos que su nombre verdadero no es Matilde Verd\u00fa y que, si se llama as\u00ed, es &lt;<em>para confundir a los hu\u00e9rfanos, a las t\u00f3rtolas y a las viudas menores de treinta a\u00f1os, que suelen ser bestezuelas asustadizas<\/em>&gt;.<\/span><\/p>\n<p>&nbsp;<\/p>\n<figure id=\"attachment_26494\" aria-describedby=\"caption-attachment-26494\" style=\"width: 368px\" class=\"wp-caption aligncenter\"><img loading=\"lazy\" decoding=\"async\" class=\"wp-image-26494\" src=\"https:\/\/puntocritico.com\/ausajpuntocritico\/wp-content\/uploads\/2020\/02\/desmontando-a-cela-yebra-191x300.jpg\" alt=\"\" width=\"368\" height=\"577\" data-id=\"26494\" srcset=\"https:\/\/puntocritico.com\/ausajpuntocritico\/wp-content\/uploads\/2020\/02\/desmontando-a-cela-yebra-191x300.jpg 191w, https:\/\/puntocritico.com\/ausajpuntocritico\/wp-content\/uploads\/2020\/02\/desmontando-a-cela-yebra.jpg 318w\" sizes=\"auto, (max-width: 368px) 100vw, 368px\" \/><figcaption id=\"caption-attachment-26494\" class=\"wp-caption-text\"><span style=\"color: #008000;\">No fue el catedr\u00e1tico de literatura espa\u00f1ola Ian Gibson, el \u00fanico autor que escribio en relaci\u00f3n a este caso, en su momento muy relevante, dado que se estaba acusando de plagio a un Premio Nobel de Literatura y a una de las mayores editoriales del mundo. Entre ellos, el periodista y escritor Tom\u00e1s Garcia Yebra, quien dedic\u00f3 varios libros a este esc\u00e1ndalo literario y judicial, entre ellos, y muy especialmente, \u00abDesmontando a Cela\u00bb.<\/span> NOTA P.C.<\/figcaption><\/figure>\n<p>&nbsp;<\/p>\n<p style=\"text-align: justify;\"><span style=\"font-size: 14pt;\">Para complicar aun mas las cosas, a veces aparece una narradora omnisciente que tambi\u00e9n utiliza la primera persona y comenta lo que est\u00e1 pasando:<\/span><\/p>\n<p style=\"padding-left: 40px; text-align: justify;\"><span style=\"font-size: 14pt;\"><em>Entonces Matilde Verd\u00fa recibi\u00f3 la orden de continuar con el hilo del cuento, las ordenes las da quien puede y debe hacerlo y nadie m\u00e1s.\u00a0<\/em><\/span><\/p>\n<p style=\"padding-left: 40px; text-align: justify;\"><span style=\"font-size: 14pt;\"><em>La relatora adopto un aire casi tribunicio y carraspeo un poco para aclarar la voz; despu\u00e9s sigui\u00f3 escribiendo, esto que se dice del ademan y la voz no es m\u00e1s que un subterfugio.<\/em><\/span><\/p>\n<p style=\"padding-left: 40px; text-align: justify;\"><span style=\"font-size: 14pt;\"><em>Hablo ahora de Jesusa Cascudo, la amiga de Matilde Verd\u00fa.<\/em><\/span><\/p>\n<p style=\"text-align: justify;\"><span style=\"font-size: 14pt;\"><em>\u00a0 \u00a0 \u00a0 \u00a0 \u00a0Matilde Verd\u00fa no me comento para que quer\u00eda ver al padre Castrill\u00f3n<\/em>.<\/span><\/p>\n<p style=\"text-align: justify;\"><span style=\"font-size: 14pt;\">\u00bfA quien pertenece esta voz no identificada? No lo sabemos, en la p\u00e1gina 69 Matilde nos informa de que &lt;<em>estos papeles est\u00e1n siendo escritos por varias personas y son tres, al menos, tres mujeres quienes hablan en primera persona<\/em>&gt;. En la p\u00e1gina 125 la narradora declara: &lt;<em>Me llamo Matilde Lens, Matilde Meizoso, Matilde Verd\u00fa<\/em>&gt;. En la pagina 129 leemos, para mayor desconcierto :&lt;<em>en medio de una gran tormenta de rayos y truenos y apagones de luz la narradora encendi\u00f3 una vela, se sent\u00f3 ante el espejo, se sac\u00f3 las tetas por el escote y dijo&#8230;<\/em>&gt; (en la obra de Cela se sacan muchas tetas por el escote). Lo que sigue demuestra que aqu\u00ed la narradora es Matilde Verd\u00fa.<\/span><\/p>\n<p style=\"text-align: justify;\"><span style=\"font-size: 14pt;\">A veces el cambio de relatora se produce en el transcurso de un mismo p\u00e1rrafo. El lector se pierde. No sabe qui\u00e9n est\u00e1 hablando, quien est\u00e1 preguntando o contando. La maceraci\u00f3n da la impresi\u00f3n de ser un collage de frases o p\u00e1rrafos depositados en cualquier sitio, al azar, t\u00e9cnica que recuerda la de numerosos textos anteriores del padrones, Matilde se atreve incluso a insultar al lector por no comprender lo que sucede: &lt;<em>insisto en decirle a usted, lector est\u00fapido, que las mujeres vulgares tenemos historia natural como las algas y los l\u00edquenes<\/em>&gt;. M\u00e1s adelante espeta: &lt; <em>si la gente leyera con m\u00e1s atenci\u00f3n no har\u00edan falta estas enojosas repeticiones<\/em>&gt;<sup>.<\/sup><\/span><\/p>\n<p style=\"text-align: justify;\"><span style=\"font-size: 14pt;\">En cuanto al tema del libro, gira en torno a la soledad, la angustia\u00a0 el temor a la muerte de Matilde Verd\u00fa, quien, &lt;<em>crucificada<\/em>&gt; por su familia (hijos, nueras) -de ah\u00ed <em>La Cruz de San Andr\u00e9s<\/em>-, solo puede soportar lo que le pasa y aceptar <strong>\u00a0<\/strong>con resignaci\u00f3n lo que le espere. Matilde insiste mucho, desde la primera pagina de su reato, sobre su capacidad de aguante (como tantos personajes celianos). Y aunque dice que los m\u00e9dicos le dan un a\u00f1o de vida varias veces nos conf\u00eda que ella y su marido ya han sido crucificados desnudos, sus partes intimas expuestas a los ataques de bandadas de &lt;<em>moscas cojoneras<\/em>&gt;.<\/span><\/p>\n<p style=\"text-align: justify;\"><span style=\"font-size: 14pt;\">Matilde Verd\u00fa vive en funci\u00f3n del chismorreo de A Coru\u00f1a, sobre todo del chismorreo sexual, es como una Molly Bloom coru\u00f1esa, siempre rumiando sobre su propia experiencia sexual y la de los dem\u00e1s. Como suele ser habitual, el Nobel se entretiene sirvi\u00e9ndonos el dato crudo, procaz, especialmente el dato escatol\u00f3gico. Matilde, a quien le &lt;<em>le gustan los machos, todos los machos<\/em>&gt;, no nos ahorra los pormenores de los comportamientos sexuales de sus personajes:<\/span><\/p>\n<p style=\"padding-left: 40px; text-align: justify;\"><span style=\"font-size: 14pt;\"><em>Loli\u00f1a Faneca es gozosa y amorosa siempre se sinti\u00f3 c\u00f3moda y reconfortada con un hombre al lado, con un hombre encima, ahora ya no los encuentra con tanta facilidad como antes, eso nos pasa a todas.<\/em><\/span><\/p>\n<p style=\"padding-left: 40px; text-align: justify;\"><span style=\"font-size: 14pt;\"><em>Betty Boop hab\u00eda gozado mucho, \u00bfCu\u00e1ntas veces?,! vete t\u00fa a saber, llevar esa cuenta es una vulgaridad!.<\/em><\/span><\/p>\n<p style=\"padding-left: 40px; text-align: justify;\"><span style=\"font-size: 14pt;\"><em>Adelita la poetisa es t\u00edmida y modosa, es muy circunspecta y propende a mirar siempre para el suelo con recato, parece una mosca muerta, pero se la menea al profesor de viol\u00edn con verdadera aplicaci\u00f3n, sin darle importancia pero con mucho \u00e9nfasis, escr\u00fapulo y meticulosidad.<\/em><\/span><\/p>\n<p style=\"text-align: justify;\"><span style=\"font-size: 14pt;\">Hay constantes alusiones a prostitutas; la detallada evocaci\u00f3n de un cura onanista que se masturba en el confesionario (&lt;<em>me daba mucho \u00e1nimo verlo, zas, zas<\/em>&gt;, confiesa Matilde)<sup>\u00a0<\/sup>, la an\u00e9cdota del funcionario que hace un agujero en el cuarto de ba\u00f1o de se\u00f1oras para ver a las empleadas orinando, entre ellas una que no lleva bragas; la obsesi\u00f3n con los pedos, personalizada en el comandante Alfonso (&lt;<em>m\u00e1s bien zullenco que pedorro&gt;<\/em>). Se nos informa de que, durante &lt;un breve descanso&gt; del tribunal, &lt;<em>Matilde Verd\u00fa hizo aguas en el tiesto de geranios del zagu\u00e1n y continu\u00f3<\/em>&gt;.\u00a0<\/span><\/p>\n<p style=\"text-align: justify;\"><span style=\"font-size: 14pt;\">Cela manifest\u00f3 en una entrevista con Abc que <em>La Cruz de san Andr\u00e9s<\/em> era un homenaje A Coru\u00f1a, ciudad que conoc\u00eda bien tanto a trav\u00e9s de Marina Casta\u00f1o , natural de la misma, como por episodios de su propio pasado (&lt;<em>fue mi refugio en los permisos durante la guerra<\/em>&gt;). No sorprende encontrar una reminiscencia de tales permisos en la novela. Se trata de la calle del Papagayo -evocada anteriormente en <em>Mazurca para dos muertos<\/em> y <em>Memorias, entendimientos y voluntades<\/em>, como vimos-, calle de burdeles desde la ventana de uno de los cuales el Cela soldado tirara un piano, lance tambi\u00e9n recordado por el Nobel en la misma entrevista con Abc<a id=\"ref27a\"><\/a><a href=\"#ref27\">27.<\/a><\/span><\/p>\n<p>&nbsp;<\/p>\n<p><img loading=\"lazy\" decoding=\"async\" class=\"aligncenter wp-image-26496\" src=\"https:\/\/puntocritico.com\/ausajpuntocritico\/wp-content\/uploads\/2020\/02\/Carmen-Carmela-Carmina-fluorescencia-i1n100087.jpg\" alt=\"\" width=\"499\" height=\"699\" data-id=\"26496\" \/><\/p>\n<p>&nbsp;<\/p>\n<p style=\"text-align: justify;\"><span style=\"font-size: 14pt;\"><em>La Cruz de San Andr\u00e9s<\/em> se divide en cinco partes: &lt;Dramatis personae&gt;, &lt;Argumento&gt;, &lt;Planteamiento&gt;, &lt;Nudo&gt; y &lt;Desenlace, coda final y sepelio de los \u00faltimos t\u00edteres&gt;. El elemento teatral sugerido por estas rubricas se ve reforzado con el ep\u00edgrafe de Shakespeare antepuesto a la tercera parte, &lt;Planteamiento&gt;: &lt;<strong><em>Todo el mundo es un escenario, y todos los hombres y mujeres meramente actore<\/em>s<\/strong>&gt;. Da la impresi\u00f3n de que estamos ante una especie de retablo de marionetas. Y, en efecto, mucho de marionetas tienen estos personajes.<\/span><\/p>\n<p style=\"text-align: justify;\"><span style=\"font-size: 14pt;\">Poco a poco nos vamos percatando de que el\u00a0 \u00ab<em>derrumbamiento<\/em> \u00bb cuya historia cuenta Matilde Verd\u00fa est\u00e1 relacionado con la existencia en A Coru\u00f1a en los a\u00f1os sesenta, de una secta de fan\u00e1ticos religiosos relacionada con la Iglesia de Cienciolog\u00eda de Ronald Hubbard. Se llama escuela de albores Gamma-Delta-Pi, o Comunidad del Amanecer de Jesucristo. Su l\u00edder es el libidinoso Julio Santiso, que capta para la hermandad a varios de los infortunados que figuran en el relato, personajes ya predispuestos a que les &lt;l<em>aven el cerebro<\/em>&gt;, bien por el hecho de haber heredado taras psicol\u00f3gicas, bien por ser como hijos e hijas de Galicia , muy supersticiosos (abundan las referencias a La Santa Compa\u00f1a, a las animas y la magia, a demonios como Licor\u00edn -capaz de impregnar a las mujeres con solo mirarlas-, a aquelarres o misas negras, a brujas, santi\u00f1as y echadoras de cartas). El texto demuestra cierto conocimiento de los procedimientos de Hubbard y sus cong\u00e9neres. Santiso, &lt;<em>maestro \u00ednfimo<\/em>&gt; que representa al l\u00edder, el &lt;<em>Ap\u00f3stol de Oreg\u00f3n<\/em>&gt; -un tal O\u00b4Hara que tiene distintas advocaciones-, ense\u00f1a ejercicios de meditaci\u00f3n (adaptados del hatha yoga) para controlar la mente y la respiraci\u00f3n, cantos y mantras para alcanzar la paz interior, y la pr\u00e1ctica de la humildad. Predica la necesidad de cambiar el nombre (con rechazo absoluto de toda la vida anterior), y exige que se le entreguen sexualmente sus fieles, para poseerles en nombre y representaci\u00f3n del Sumo Hacedor (&lt;<em>es una ofensa considerar como propiedad privada los \u00f3rganos sexuales&gt;<\/em>).<\/span><\/p>\n<p style=\"text-align: justify;\"><span style=\"font-size: 14pt;\">Matilde Verd\u00fa traba amistad con cuatro v\u00edctimas de Santiso: las hermanas L\u00f3pez Santana \u2013Marta (Matty) y Claudia (Betty Bop)-, compa\u00f1eras suyas de colegio; con uno de los hermanos de estas\u00a0 Fran; y con la desquiciada ninf\u00f3mana Mary Carmen, t\u00eda de los tres, Matilde participa en dos sesiones de Santiso, cuyas t\u00e9cnicas, al principio parecen ofrecerle la posibilidad de alivio para su desasosiego. Pero, al advertir el peligro, logra evadirse de sus garras, aunque no de las doctrinas de Hubbard, que la siguen dominando.<\/span><\/p>\n<p style=\"text-align: justify;\"><span style=\"font-size: 14pt;\">La &lt;<em>historia de un derrumbamiento<\/em>&gt; termina con el suicidio colectivo de seis personas cuyas peripecias hemos seguido en el libro: Juli\u00e1n Santiso (el l\u00edder del grupo), Salustiano Balado Abeijon (otro &lt;<em>maestro \u00ednfimo<\/em>&gt; de la sexta), Ana Monelos, los hermanos Fran, Betty Boop y Matty, a los cuales hay que a\u00f1adir a &lt;otro derrotado&gt;, un amante de Matty a quien no hemos conocido antes. La inmolaci\u00f3n tiene lugar a finales de julio de 1969, coincidiendo con la muerte de Gitanillo de Triana y del actor Robert Taylor, la llegada de los norteamericanos a la Luna y el juramento del pr\u00edncipe Juan Carlos de Borb\u00f3n ante las Cortes. Santiso posee a Matty en la ba\u00f1era y ambos se cortan las venas en el momento del orgasmo, mientras los grifos permanecen abiertos. Los dem\u00e1s les imitan, un practicante que vive en el piso inferior ve, horrorizado, como baja mucha agua mezclada con sangre por la escalera, y llama a la polic\u00eda.\u00a0<\/span><\/p>\n<p style=\"text-align: justify;\"><span style=\"font-size: 14pt;\">No creo que sea exagerado decir que el verdadero protagonista de <em>La Cruz de San Andr\u00e9s<\/em> es el sexo: la ansiedad y la obsesi\u00f3n por el sexo. La mayor\u00eda de estos personajes, los m\u00e1s importantes y los menos importantes, son erot\u00f3manos, o distan poco de serlo. M\u00e1s de diez de los hombres que transitan por la novela frecuentan a prostitutas, y la misma Matilde Verd\u00fa, ya mediada la narraci\u00f3n, confiesa que le habr\u00eda gustado ser puta, pero que le faltaban belleza y resignaci\u00f3n. Observemos brevemente a algunas de estas criaturas movidas, como t\u00edteres, por los hilos del instinto sexual:<\/span><\/p>\n<ul style=\"text-align: justify;\">\n<li><span style=\"font-size: 14pt;\"><strong>Diego (Pichi) L\u00f3pez Santana<\/strong>, no contento con su mujer, cree que tiene vocaci\u00f3n de violador, pero cada vez que lo intenta se corre prematuramente.<\/span><\/li>\n<li><span style=\"font-size: 14pt;\"><strong>Ermitas Erbecedo Fern\u00e1ndez<\/strong> (Clara), viuda caliente, abuela paterna de los hermanos L\u00f3pez santana, tiene un chalet en san Pedro de nos con un invernadero donde tanto ella como sus amigos y amigas se entregan gozosos a los placeres de la carne. Uno de sus amantes preferidos\u00a0 es el jardinero Evaristo, autentico gara\u00f1\u00f3n. Una noche el mar le moja el culo a Clara mientras esta follando en la playa de Riazor con un marinero holand\u00e9s: episodio recordado a lo largo de la narraci\u00f3n. Clara gusta de observar a su amante Javier Perillo (&lt;Fif\u00ed&gt;), mucho m\u00e1s joven que ella, mientras orina, aunque no suele funcionar muy bien la operaci\u00f3n porque a Fif\u00ed se le empina a menudo en tales trances, etc.<\/span><\/li>\n<li><span style=\"font-size: 14pt;\"><strong>La escultural<\/strong> <strong>Eva<\/strong>, mujer del constructor Jacobo L\u00f3pez Santana, padre de Matty, Betty Boop, Fran, Pichi y Berta, disfruta escuchando a las parejas que se masturban en el cine, y viendo, en la sauna, a mujeres desnudas. Entretanto su marido, con quien forma &lt;<em>una pareja de cine<\/em>&gt; pero que, seg\u00fan las malas lenguas, &lt;<em>hacia a pelo y a pluma<\/em>&gt;, gusta de espiar a atletas masculinos en las duchas de su gimnasio.<\/span><\/li>\n<li><span style=\"font-size: 14pt;\"><strong>Claudia Lopez Santana<\/strong>, alias Betty boop, y su hermana Matty son las folladoras m\u00e1s experimentadas y \u00e1vidas del libro .ambas, como tambi\u00e9n su hermano Fran, han heredado una tendencia a la locura. Betty es bella y graciosa , con &lt;<em>una figura explosiva<\/em>&gt; parecida a la de su madre, Eva. Canta bien, podr\u00eda haber sido buena actriz. Sus conquistas sexuales son innumerables. Cualquier sitio es bueno para hacer el amor. Incluso llega a su boda hecha un desastre porque deja que su novio le eche &lt;un violento polvo de gallo y de urgencia&gt; antes de salir para la Iglesia. Cuando no est\u00e1 follando, a Betty le gusta leer a Tagore, a Juan Ram\u00f3n Jim\u00e9nez y a B\u00e9cquer. Por otro lado es supersticiosa, &lt;<em>siempre metida en brujas y santi\u00f1as y echadoras de cartas<\/em>&gt;. Cada vez mas degenerada, Betty es presa f\u00e1cil de la comunidad de amanecer, donde adopta el nombre de Mar\u00eda magdalena (a su hermano Fran le dan el de Sim\u00f3n Pedro). Despu\u00e9s de separarse de su marido, Betty sigue con sus jodiendas&#8230; y dando a luz ni\u00f1os luego abandonados. Incluso, un d\u00eda, pare en medio de la calle. Pasa temporadas en el manicomio de Conjo, como su t\u00eda Mary Carmen. El &lt;<em>derrumbamiento<\/em>&gt; est\u00e1 servido.<\/span><\/li>\n<li><span style=\"font-size: 14pt;\"><strong>Marta o Matty<\/strong>, la hermana de Betty, rubia y bien hecha, &lt;<em>con las tetas muy en su sitio y el culito resping\u00f3n<\/em>&gt;, es casi tan puta como ella. Echada del colegio cuando tiene quince a\u00f1os por mene\u00e1rsela a un bedel, se embarca en una fren\u00e9tica carrera er\u00f3tica, aprovechando a estos efectos, entre otros lugares, el invernadero de su t\u00eda Calra en San Pedro de Nos. Conoce a un m\u00e9dico alem\u00e1n que llega a La Coru\u00f1a en un buque escuela llamo Gorch Fock, nombre calcado, se supone, sobre el ingl\u00e9s good fock, \u201cbuen polvo\u201d. No es mal chiste. Matty se casa con un polic\u00eda tan desangelado que una de las narradoras comenta que &lt;<em>lo \u00fanico que le hubiera faltado al pobre Jaime Vilaseiro era tener los huevos color azul turquesa, como los babuinos<\/em>&gt;. Antes de cumplir los cuarenta a\u00f1os, Matty es una ruina. Cae en los tent\u00e1culos de la Comunidad del amanecer y se entrega a las orgias organizadas por Santiso, creyendo que durante ellas esta copulando con el Sumo Hacedor.<\/span><\/li>\n<\/ul>\n<p style=\"text-align: justify;\"><span style=\"font-size: 14pt;\">La obsesi\u00f3n sexual que revela la novela no es nueva en Cela desde luego.\u00a0 Antes bien, constituya\u00a0 un tema permanente con sus setenta y ocho a\u00f1os a cuestas, insiste m\u00e1s que nunca.<\/span><\/p>\n<p style=\"text-align: justify;\"><span style=\"font-size: 14pt;\">El libro lo escribi\u00f3 utilizando varias formulas fijas. Una de ellas es la inserci\u00f3n, en el momento menos esperado- incluso en medio del monologo interior de Matilde Verd\u00fa- de un encarte, noticia o anuncio period\u00edstico correspondiente al verano de 1969 y que tiene la funci\u00f3n de subrayar el contexto hist\u00f3rico de lo que ocurr\u00eda entonces tanto en el \u00e1mbito local como en el nacional y aun el internacional. Es un truco que ya vimos en San Camilo, 1936 y al cual Cela recurre tambi\u00e9n en Memorias, entendimientos y voluntades:<\/span><\/p>\n<p style=\"padding-left: 40px; text-align: justify;\"><span style=\"font-size: 14pt;\"><em>A veces me gustar\u00eda haber nacido mujer muy elemental y f\u00e9rtil o muy sofisticada y yerma, comandos israel\u00edes dejan a medio Egipto sin energ\u00eda el\u00e9ctrica. Vamos a considerar la situaci\u00f3n&#8230;<\/em><\/span><\/p>\n<p style=\"padding-left: 40px; text-align: justify;\"><span style=\"font-size: 14pt;\"><em>Matilde y Pichi tuvieron una ni\u00f1a, Esther, con una hache despu\u00e9s de la te, que es todav\u00eda muy peque\u00f1ita pero no parece normal, hay familias en las que todos son un poco raros. Parrilla del Hotel Embajador. Gran Baile amenizado por la Orquesta Atl\u00e1ntica con J\u2019Hay. A francisco, el menor de los dos L\u00f3pez&#8230;<\/em><\/span><\/p>\n<p style=\"padding-left: 40px; text-align: justify;\"><span style=\"font-size: 14pt;\"><em>La mujer de Vilari\u00f1o fue mi pobre hermana Victorita, ya fallecida, la Real Academia gallega nombre miembro de honor a don D\u00e1maso Alonso, nacido en Madrid pero criado a orillas del Eo. El aparatoso tedeum que conmemora las bodas de la confusi\u00f3n&#8230;<\/em><\/span><\/p>\n<p style=\"padding-left: 40px;\">\u00a0<\/p>\n<p style=\"text-align: justify;\"><span style=\"font-size: 14pt;\">Tambi\u00e9n hemos visto en libros anteriores de Cela otro recurso muy caracter\u00edstico de <em>La Cruz de San Andr\u00e9s<\/em>, y que aqu\u00ed consiste en introducir una pregunta -del presidente del tribunal o de otra persona no especificada- que interrumpe el relato de Matilde. Pregunta a la cual esta suele contestar escuetamente antes de continuar con su <em>&lt;mon\u00f3tona melopea<\/em>&gt;, como alguien califica sus declaraciones:<\/span><\/p>\n<p style=\"padding-left: 40px; text-align: justify;\"><span style=\"font-size: 14pt;\">\u00a0<em>A las hienas hay que echarles gacelas muertas para que se les barran los malos pensamientos de la cabeza.<\/em><\/span><\/p>\n<p style=\"padding-left: 40px; text-align: justify;\"><span style=\"font-size: 14pt;\"><em>&#8211; \u00bfPara que se les borren?<\/em><\/span><\/p>\n<p style=\"padding-left: 40px; text-align: justify;\"><span style=\"font-size: 14pt;\"><em>&#8211; No, para que se les barran; los malos pensamientos no se borran jam\u00e1s, basta con barrerlos para que acabe llev\u00e1ndoselos el viento.<\/em><\/span><\/p>\n<p style=\"padding-left: 40px; text-align: justify;\"><span style=\"font-size: 14pt;\"><em>Mary Carmen tambi\u00e9n se pasaba temporadas en Conjo, es frecuente que algunas enfermedades vayan por las familias el c\u00e1ncer, la locura, la lepra, otras no, la sarna, la ti\u00f1a, la blenorragia, no se pueden dar normas generales, es cierto, pero si aproximadas.<\/em><\/span><\/p>\n<p style=\"padding-left: 40px; text-align: justify;\"><span style=\"font-size: 14pt;\"><em>\u2212Es la segunda vez que se lo pregunto, \u00bfusted cree que Pichi es feliz con Matilde?<\/em><\/span><\/p>\n<p style=\"padding-left: 40px; text-align: justify;\"><span style=\"font-size: 14pt;\"><em>\u2212No lo creo, pero eso se sabe nunca, eso no lo sabe nadie, a veces ni el interesado siquiera, es la segunda vez que se lo digo.<\/em><\/span><\/p>\n<p style=\"padding-left: 40px; text-align: justify;\"><span style=\"font-size: 14pt;\"><em>Hay dos clases de locura, a cual peor, las dos pueden ser leves pero tambi\u00e9n graves&#8230;<\/em><\/span><\/p>\n<p style=\"padding-left: 40px;\"><sup>\u00a0<\/sup><\/p>\n<p style=\"text-align: justify;\"><span style=\"font-size: 14pt;\">Y\u00a0luego, claro est\u00e1- ya sabemos que Cela es experto en peque\u00f1as vi\u00f1etas-, la formula de urdir un tejido de personajes menores, habitualmente con nombres raros- de esos que fascinan al Nobel, y que, apenas perfilados, van y vienen a lo largo del libro- y a quienes, cada vez que reaparecen, el autor les suele colgar una etiqueta descriptiva para que no nos perdamos del todo:<\/span><\/p>\n<ul>\n<li style=\"text-align: justify;\"><span style=\"font-size: 14pt;\">Severino Fontela, &lt; el cura castrense medio putero&gt; o &lt;el cura aficionado a tocar el arpa&gt;.<\/span><\/li>\n<li style=\"text-align: justify;\"><span style=\"font-size: 14pt;\">Isolino Cospindo, &lt;el cojo del Gobierno Civil&gt;.<\/span><\/li>\n<li style=\"text-align: justify;\"><span style=\"font-size: 14pt;\">Lisardo Toxosoutos M\u00e9ndez, &lt; el conductor de la funeraria El crisantemo&gt;.\u00a0<\/span><\/li>\n<li style=\"text-align: justify;\"><span style=\"font-size: 14pt;\">Matilde Lens, &lt;la pareja de Entrecruces&gt;.<\/span><\/li>\n<li style=\"text-align: justify;\"><span style=\"font-size: 14pt;\">Raimundo Fanego, &lt; el guardia civil pelirrojo del puesto de La Estrada&gt;.<\/span><\/li>\n<li style=\"text-align: justify;\"><span style=\"font-size: 14pt;\">Lucas Mu\u00f1oz, &lt;el licenciado en Filosofia Clasica&gt;.<\/span><\/li>\n<li style=\"text-align: justify;\"><span style=\"font-size: 14pt;\">Ortiz, &lt;el de Efectos Navales&gt;.<\/span><\/li>\n<\/ul>\n<p style=\"text-align: justify;\">\u00a0<\/p>\n<p><img loading=\"lazy\" decoding=\"async\" class=\"aligncenter wp-image-26497\" src=\"https:\/\/puntocritico.com\/ausajpuntocritico\/wp-content\/uploads\/2020\/02\/CARMEN-FORMOSO-2.jpeg\" alt=\"\" width=\"420\" height=\"420\" data-id=\"26497\" srcset=\"https:\/\/puntocritico.com\/ausajpuntocritico\/wp-content\/uploads\/2020\/02\/CARMEN-FORMOSO-2.jpeg 200w, https:\/\/puntocritico.com\/ausajpuntocritico\/wp-content\/uploads\/2020\/02\/CARMEN-FORMOSO-2-150x150.jpeg 150w\" sizes=\"auto, (max-width: 420px) 100vw, 420px\" \/><\/p>\n<p>&nbsp;<\/p>\n<p style=\"text-align: justify;\"><span style=\"font-size: 14pt;\">Dada la naturales de la estructura narrativa elegida -mayormente monologo interior-, abundan las repeticiones y digresiones en <em>La Cruz de San Andr\u00e9s<\/em> y el lector se siente a menudo despistado, cuando no aburrido, al tratar de seguir los vaivenes y vericuetos del pensamiento de Matilde. Despu\u00e9s de varias lecturas, tal vez lo que m\u00e1s nos queda en la memoria son algunos peque\u00f1o episodios er\u00f3tico-amorosos en los cuales se revela el mejor Cela. Pienso especialmente en la aventura de Betty Boop con el camionero rijoso, y el reencuentro de la misma con el profesor de viol\u00edn Negreira.<\/span><\/p>\n<p style=\"text-align: justify;\"><span style=\"font-size: 14pt;\">Luego hay la subtrama: el asunto del libro encargado a Matilde Verd\u00fa por Gardner Publisher Co. y la relaci\u00f3n de la protagonista con Paula Fields, su agente. Habida cuenta de que los meses que tiene Matilde para escribir su cr\u00f3nica se corresponden casi exactamente con el plazo de que dispone Cela para entregar <em>La Cruz de San Andr\u00e9s<\/em> a Planeta \u2013pormenor absolutamente innecesario para el argumento de la novela-, parece evidente que al Nobel le tiene cuando menos preocupado el compromiso editorial que ha contra\u00eddo. \u00bfSe sent\u00eda avergonzado por haberlo adquirido? \u00bfLo hizo presionado por Marina Casta\u00f1o? Ambas cosas son posibles. Tal vez\u00a0 por ello Cela hace que Matilde escriba su cr\u00f3nica sobre papel higi\u00e9nico, es decir, sobre papel que normalmente se mancha de excrementos, no de palabras. \u00bfConsidera Cela, en su fuero interno, que <em>La Cruz de San Andr\u00e9s<\/em> es una obra inmunda? \u00bfSe trata de enviar un corte de mangas a planeta, y quiz\u00e1s incluso\u00a0 a su agente Carmen Balcells?<\/span><\/p>\n<p style=\"text-align: justify;\"><span style=\"font-size: 14pt;\">El lector estar\u00e1 de acuerdo, de todas maneras en que aqu\u00ed hay mar de fondo. Mar de fondo del cual nadie parece haberse dado cuenta cuando, noviembre de 1994, se public\u00f3 la novela.\u00a0 Jose Manuel Lara dijo entonces que prefer\u00eda la de la finalista \u00c1ngeles Caso. <em>La Cruz de San Andr\u00e9s<\/em> no fue un gran \u00e9xito editorial, y al cabo de dos semanas el libro de Caso hab\u00eda vendido el doble de ejemplares que el ganador<a id=\"ref28a\"><\/a><a href=\"#ref28\">28.<\/a><\/span><\/p>\n<p style=\"text-align: justify;\"><span style=\"font-size: 14pt;\">Y all\u00ed, por el momento, de quedo el asunto.<\/span><\/p>\n<p style=\"text-align: justify;\"><span style=\"font-size: 14pt;\">En aquellos d\u00edas varios escritores expresaron p\u00fablicamente la repugnancia que le produc\u00eda el Nobel que acababa, a su juicio, de venderse a Planeta. Rafael S\u00e1nchez Ferlosio, por ejemplo, que a la pregunta de Feliciano Hidalgo acerca de si hab\u00eda le\u00eddo el libro respondi\u00f3- displicente-:&lt;<em>no. Es un hombre que todo lo envilece<\/em>&gt;. Y los espa\u00f1oles, \u00bfPor qu\u00e9 no acababan de ser educados? &lt; <em>lo fueron mucho en siglo XVI- continu\u00f3 S\u00e1nchez Ferlosio-, y Quevedo los estrope\u00f3 un poco. Han vuelto a serlo en el XIX, y Cela los ha hundido en la mayor groser\u00eda<\/em>&gt;. Estaba claro que el autor de El\u00a0 Jarama no aguantaba la poca elegancia p\u00fablica del flamante ganador del Planeta<a id=\"ref29a\"><\/a><a href=\"#ref29\">29.<\/a><\/span><\/p>\n<p style=\"text-align: justify;\"><span style=\"font-size: 14pt;\">Al saberse el 28 de noviembre que el premio Cervantes se le hab\u00eda concedido a Mario Vargas Llosa y que a Cela se les escapaba un a\u00f1o m\u00e1s, otros escritores \u2013que se hallaban reunidos en Oviedo- expresaron su satisfacci\u00f3n ante la continuada exclusi\u00f3n del Nobel. Almudena Grandes fue taxativa :&lt;<em>no es el Cervantes que me hubiera gustado- dijo. , pero me alegro de que se lo hayan quitado a Cela&gt;<\/em>. Rosa Reg\u00e1s manifest\u00f3 que &lt;<em>hay much\u00edsima gente aqu\u00ed y en Am\u00e9rica que se lo merece m\u00e1s. Cela no puede ganarlo porque ha dicho que es una mierda. Me habr\u00eda gustado que lo ganara Donoso<\/em>&gt;. En cuanto a Javier Garc\u00eda S\u00e1nchez, se alegraba de que el ganador no fuera Cela, porque con \u00e9l el premio &lt;<em>no se hubiera dignificado<\/em>&gt;<a id=\"ref30a\"><\/a><a href=\"#ref30\">30.<\/a><\/span><\/p>\n<p style=\"text-align: center;\"><span style=\"font-size: 14pt;\">***<\/span><\/p>\n<p><img loading=\"lazy\" decoding=\"async\" class=\"aligncenter wp-image-26490\" src=\"https:\/\/puntocritico.com\/ausajpuntocritico\/wp-content\/uploads\/2020\/02\/camilo-jose-cela-gatofuera-799x1024.jpg\" alt=\"\" width=\"449\" height=\"575\" data-id=\"26490\" srcset=\"https:\/\/puntocritico.com\/ausajpuntocritico\/wp-content\/uploads\/2020\/02\/camilo-jose-cela-gatofuera-799x1024.jpg 799w, https:\/\/puntocritico.com\/ausajpuntocritico\/wp-content\/uploads\/2020\/02\/camilo-jose-cela-gatofuera-234x300.jpg 234w, https:\/\/puntocritico.com\/ausajpuntocritico\/wp-content\/uploads\/2020\/02\/camilo-jose-cela-gatofuera-768x984.jpg 768w, https:\/\/puntocritico.com\/ausajpuntocritico\/wp-content\/uploads\/2020\/02\/camilo-jose-cela-gatofuera.jpg 843w\" sizes=\"auto, (max-width: 449px) 100vw, 449px\" \/><\/p>\n<p>&nbsp;<\/p>\n<p style=\"text-align: center;\"><span style=\"font-size: 14pt;\">***<\/span><\/p>\n<p style=\"text-align: justify;\"><span style=\"font-size: 14pt;\">Pero Cela se sali\u00f3 por fin con la suya- \u00bfno gana el que resiste?- , y el 13 de diciembre de 1995, despu\u00e9s de cuatro votaciones, se alz\u00f3 por fin con el premio del que hab\u00eda dicho estaba ya demasiado cubierto de mierda como para ansiarlo. Dos meses antes, el presidente de la Comunidad de Madrid, Alberto Ruiz Gallard\u00f3n, y el alcalde de la ciudad, Jos\u00e9 Mar\u00eda \u00c1lvarez del Manzano, hab\u00edan pedido p\u00fablicamente el Cervantes para el autor de <em>La Colmena<\/em>, una &lt;<em>insinuaci\u00f3n<\/em>&gt; (como la calific\u00f3 el propio Ruiz Gallard\u00f3n) a Carmen Alborch, ministra de Cultura, que hab\u00eda contestado que, &lt;<em>afortunadamente<\/em>&gt;, no era ella la responsable de otorgar el premio sino un jurado que eleg\u00eda libremente<\/span><a id=\"ref31a\"><\/a><span style=\"font-size: 14pt;\"><a href=\"#ref31\">31 .<\/a><\/span><\/p>\n<p style=\"text-align: justify;\"><span style=\"font-size: 14pt;\">Tanto Carmen Alborch como Fernando L\u00e1zaro Carreter, director de la Real Academia y uno de los miembros del jurado, quisieron quitar hierro a las declaraciones despectivas que Cela hiciera en su d\u00eda sobre el Cervantes. &lt;<em>El jurado ha valorado solo su obra literaria, no sus opiniones&gt;, <\/em>coment\u00f3 secamente L\u00e1zaro<em>. &lt;Cela es polemista y pol\u00e9mico \u2013<\/em>dijo por su parte la diplom\u00e1tica CArmen Alborch &#8211;<em>se deja llevar por su casticismo proverbial, pero eso hay que descontextualizarlo<\/em>&gt;<\/span><a id=\"ref32a\"><\/a><span style=\"font-size: 14pt;\"><a href=\"#ref32\">32.<\/a><\/span><\/p>\n<p style=\"text-align: justify;\"><span style=\"font-size: 14pt;\">En cuanto al propio Cela, que estaba en Iria Flavia cuando le llam\u00f3 la ministra para darle la noticia, estuvo, como requer\u00eda el caso, un punto ir\u00f3nico. Expres\u00f3 su agradecimiento al jurado (compuesto por nueve personalidades de las letras espa\u00f1olas e hispanoamericanas), a\u00f1adi\u00f3 que todo llega a su debido tiempo, y concluy\u00f3- &lt;<em>Espa\u00f1a es un pa\u00eds en el que se rompen las tradiciones\u00a0 y \u00faltimamente parece que se estaba convirtiendo en una tradici\u00f3n que no me diesen el Cervantes. A m\u00ed no me parece bueno romper tradiciones, aunque en este caso haya sido yo el beneficiado<\/em>&gt;. Un comentario t\u00edpicamente celiano<a id=\"ref33a\"><\/a><a href=\"#ref33\">33.<\/a><\/span><\/p>\n<p style=\"text-align: justify;\"><span style=\"font-size: 14pt;\">Al d\u00eda siguiente Juan Cruz subray\u00f3 en El Pa\u00eds la faceta &lt;<em>melanc\u00f3lica y desgarrada<\/em>&gt; de Cela, faceta que el escritor se afanaba en disfrazar con su cuidadosamente labrada imagen de hombre &lt;<em>tronante, gutural, estent\u00f3reo<\/em>&gt;. Cruz hab\u00eda visto, en Tenerife, a otro Cela, cuando, solo y desvalido en un hotel, trataba de poner punto final a oficio de tinieblas. No, no hab\u00eda que confundir al escritor con el personaje. Cruz esperaba que, con el Cervantes ya por fin en manos de Cela, tirios y troyanos moderasen sus posturas :&lt; <em>acaso con este reconocimiento vendr\u00e1 el sosiego y callar\u00e1n\u00a0 tambi\u00e9n los que \u00a0gritando han querido convertir a Cela en su propia bandera, cuando, en realidad, ning\u00fan escritor es de nadie sino de su propia escritura. El Cervantes es de Cela. Que todo el mundo se descanse en paz<\/em>&gt;<a id=\"ref34a\"><\/a><a href=\"#ref34\">34.<\/a><\/span><\/p>\n<p style=\"text-align: justify;\"><span style=\"font-size: 14pt;\">Cela recibi\u00f3 su premio -quince millones de pesetas- el 23 de abril de 1996, en el tradicional acto de Alcal\u00e1 de Henares. Estaba euf\u00f3rico, emocionado. Y no era para menos: el Partido Popular acababa de ganar las elecciones, el premio le llegaba con un Gobierno socialista ya solo en funciones, y \u00e9l , Camilo Jos\u00e9 Cela Trulock, a punto de cumplir los ochenta a\u00f1os, lo hab\u00eda conseguido todo<a id=\"ref35a\"><\/a><a href=\"#ref35\">35.<\/a><\/span><\/p>\n<p style=\"text-align: justify;\"><span style=\"font-size: 14pt;\">Al acto del Cervantes acudieron concejales\u00a0 locales del PSOE y de izquierda unida. Uno de ellos explic\u00f3 que hasta el d\u00eda anterior exist\u00eda en Alcal\u00e1 un ambiente muy hostil contra Cela (por haber desacreditado el premio), pero que las palabras que acaba de publicar en Abc constitu\u00edan &lt;<em>una rectificaci\u00f3n generosa<\/em>&gt;.<\/span><\/p>\n<p style=\"text-align: justify;\"><span style=\"font-size: 14pt;\">Las palabras en cuesti\u00f3n aparecieron en &lt;<em>El color de la ma\u00f1ana<\/em>&gt;, la columna habitual de Cela, bajo el t\u00edtulo &lt;<em>Alcal\u00e1 de Henares<\/em>&gt;. El primer p\u00e1rrafo del texto era tan cr\u00edptico que resultaba imposible desentra\u00f1ar su contenido. El segundo se entend\u00eda un poco mejor. Tras un apostrofe cordial a la ciudad que le iba a recibir al d\u00eda siguiente, y despu\u00e9s de afirmar que &lt; <em>el agua pasada jam\u00e1s debe mover el molino de la vida de nadie<\/em>&gt; (evidente alusi\u00f3n al hecho de que le negaran el Cervantes durante tanto tiempo), el escritor termin\u00f3: &lt;<em>la mejor salsa del mundo es el hambre, dijo el alcala\u00edno m\u00e1s ilustre remendando a Cicer\u00f3n, y porque proclamo mi hambre de libertad y amor, quiero que sepas, Alcal\u00e1, que exalto tu libre y amoroso af\u00e1n de serena y airosa historia de ce\u00f1idos saberes sin fronteras ni rincones de sombra. Y tal como lo pienso, te lo digo<\/em>&gt;. Una lisonja, es cierto que asaz barroca, para tratar de poner las cosas en su sitio<a id=\"ref36a\"><\/a><a href=\"#ref36\">36.<\/a><\/span><\/p>\n<p style=\"text-align: justify;\"><span style=\"font-size: 14pt;\">Se notaba la ausencia en la sala de anteriores galardonados del Cervantes como Antonio Buero Vallejo, Miguel Delibes, Francisco Ayala, Gonzalo Torrente Ballester y Mario Vargas Llosa. Otros escritores, tampoco hab\u00eda muchos. No se person\u00f3 el hijo del Nobel, Camilo Jos\u00e9 Cela Conde. S\u00ed estuvieron <strong>\u00a0<\/strong>las hermanas del escritor, Ana y Maruxa. Y por supuesto, Marina Casta\u00f1o, acompa\u00f1ada de su hija Laura.<\/span><\/p>\n<p style=\"text-align: justify;\"><span style=\"font-size: 14pt;\"><sup>\u00ab<\/sup><em>Merece la pena esperar los a\u00f1os que Dios disponga para recibir este premio de la mano de Vuestra Majestad&#8230;<\/em>\u00bb. As\u00ed empez\u00f3 Cela su discurso, para afirmar enseguida que nunca hab\u00eda perdido la esperanza de conseguirla, &lt;<em>aunque a veces la vi tan huidiza como una liebre en campo abierto<\/em>&gt;. Y aunque no hab\u00edan faltado momentos de desaliento &lt;<em>e incluso de estupor<\/em>&gt; (cuando ganaban otros, se sobrentend\u00eda). Cela no ocult\u00f3, delante de tan alto senado, que llevaba a\u00f1os ambicionado hondamente recibir el premio y sinti\u00e9ndose menospreciado cada vez que se le denegaba. Despu\u00e9s de pronunciarse en estos t\u00e9rminos, por lo dem\u00e1s bastante pat\u00e9ticos, dedic\u00f3 unos renglones a expresar su amor a las palabras. &lt;<em>Amo siempre la palabra &#8211;<\/em>manifest\u00f3<em>&#8211; como a veces se ama a una mujer, con frenes\u00ed, pasi\u00f3n e inconveniencia, y este desmelenado amor me encara el sentimiento porque, otra vez el Quijote, donde hay mucho amor no suele haber\u00a0 demasiada desenvoltura<\/em>&gt;. Ya en la recta final de su alocuci\u00f3n, el nuevo Cervantes no pudo evitar un poco de autobombo al recordar que, cu\u00e1ndo le dieran el Premio pr\u00edncipe de Asturias, hab\u00eda dicho, en Oviedo y ante don Felipe de Borb\u00f3n, que &lt;<em>en Espa\u00f1a, el que resiste, gana<\/em>&gt;.\u00a0Hoy, en Alcal\u00e1, y ante sus Majestades, quer\u00eda repetirlo <a id=\"ref37a\"><\/a><a href=\"#ref37\">37.<\/a><\/span><\/p>\n<p style=\"text-align: justify;\"><span style=\"font-size: 14pt;\">La importancia de ganar. De resistir hasta ganar. De resistir hasta el final. De no ser un derrotado. De poner una voluntad f\u00e9rrea al servicio del \u00e9xito en la vida. El tema de siempre, en definitiva, pero ahora proclamado en voz alta. Y -pese a alusiones a la humildad, a la modestia- un soterrado corte de mangas. No era discurso elegante, ni enjundioso, ni rico en sabidur\u00eda humana. Era la pataleta de un ni\u00f1o grande a quien le han dicho repetidas veces que no y que cuando consigue finalmente lo que quiere, no puede olvidar ni perdonar los agravios recibidos.<\/span><\/p>\n<p style=\"text-align: justify;\"><span style=\"font-size: 14pt;\">La ministra de Cultura en funciones, Carmen Alborch, habl\u00f3 con mesura y dignidad. Dijo que, a su juicio, el premio hab\u00eda tardado &lt;<em>m\u00e1s de lo que todos habr\u00edamos querido<\/em>&gt;, y encomi\u00f3 el esp\u00edritu &lt;<em>rompedor<\/em>&gt; del escritor, que hab\u00eda abierto ventanas &lt;<em>que antes estaban clausurada<\/em>s&gt;. Despu\u00e9s, el banquero Alfonso Escamez, presidente de la Fundaci\u00f3n Central hispano y viejo amigo de Cela, elogi\u00f3 las palabras de la ministra, que le hab\u00edan sorprendido &lt;<em>muy favorablemente<\/em>&gt;. \u00bfQu\u00e9 esperaba? \u00bfDesconoc\u00eda acaso que Carmen Alborch era una persona que sabia estar?.<\/span><\/p>\n<p style=\"text-align: justify;\"><span style=\"font-size: 14pt;\">Cuando lleg\u00f3 su turno, el rey Juan Carlos dijo que Cela formaba &lt;<em>una parte consustancial de nuestra naturaleza, de nuestro paisaje que sin \u00e9l estar\u00eda incompleto<\/em>&gt;. No sabemos a qui\u00e9n se deb\u00eda la autor\u00eda del discurso regio, pero que el monarca tuviera que proclamar que Cela formaba parte consustancial de la naturaleza espa\u00f1ola era mucho compromiso, el rey confiaba en que Cela continuara en la brecha y culminase no solo sus memorias sino tambi\u00e9n Madera de Boj, su tan esperada, y tantas veces pospuesta, novela sobre Galicia.<\/span><\/p>\n<p style=\"text-align: justify;\"><span style=\"font-size: 14pt;\">Jos\u00e9 Mar\u00eda Aznar, quien, en palabras del periodista de El Mundo Borja Hermoso, &lt;<em>viene mostrando un inusitado inter\u00e9s por los bienes del esp\u00edritu desde su victoria electoral<\/em>&gt;<a id=\"ref38a\"><\/a><a href=\"#ref38\">38,<\/a> acudi\u00f3 al acto de Alcal\u00e1 de Henares con aires de triunfador, y casi acapar\u00f3 m\u00e1s atenci\u00f3n que el nuevo Cervantes. Como amigo de Cela y pr\u00f3ximo presidente del Gobierno, no era para menos. Aznar, que se present\u00f3 con un ejemplar de <em>El gallego y su cuadrilla<\/em> bajo el brazo, dijo que de Cela hab\u00eda le\u00eddo todo y que le hubiera gustado que el escritor recibiera el Cervantes bajo el mandato del Partido Popular. Asegur\u00f3 que la cultura iba a ser &lt;<em>la segunda prioridad en su gobierno<\/em>&gt;, y declar\u00f3 a los periodistas que hab\u00eda sido una &lt;<em>injusticia<\/em>&gt; no conceder el premio antes a quien ya ten\u00eda el Nobel.<\/span><\/p>\n<p style=\"text-align: justify;\"><span style=\"font-size: 14pt;\">Abc, en su editorial del d\u00eda siguiente, afirm\u00f3 tajante que Cela era &lt;<em>el m\u00e1ximo escritor espa\u00f1ol del ultimo medio siglo<\/em>&gt; -un juicio de valor estrictamente subjetivo- , para que luego puntualizar: &lt;<em>quiz\u00e1s lo \u00fanico que pod\u00eda ensombrecer el solemne acto de la Universidad de Alcal\u00e1 haya sido lo tard\u00edo de su concesi\u00f3n<\/em>&gt; y &lt; <em>en cierto modo [&#8230;] los honores le han llegado tarde<\/em>&gt;.<\/span><\/p>\n<p style=\"text-align: justify;\"><span style=\"font-size: 14pt;\">\u00a1Otra vez los socialistas!<\/span><\/p>\n<p style=\"text-align: justify;\"><span style=\"font-size: 14pt;\">El entusiasmo de Cela no conoci\u00f3 l\u00edmites una vez en el poder el Partido Popular. Y el PP, que correspondi\u00f3 colm\u00e1ndole de atenciones durante el resto de sus d\u00edas, encontrar\u00eda al final la satisfacci\u00f3n mas grata de todas al recibir Cela cat\u00f3lico y no civil entierro, rodeado de ministros de Jos\u00e9 Mar\u00eda Aznar.<\/span><\/p>\n<p style=\"text-align: justify;\"><span style=\"font-size: 14pt;\">Pero todav\u00eda le quedaban a Cela seis a\u00f1os, mucho resuello y mucha voluntad de seguir la intenci\u00f3n de continuar resistiendo.<\/span><\/p>\n<p style=\"text-align: justify;\"><span style=\"font-size: 14pt;\">El 11 de mayo de 1996, a las pocas semanas del acto de Alcal\u00e1, Cela cumpl\u00eda los ochenta a\u00f1os. Para celebrar su aniversario, as\u00ed como la concesi\u00f3n del galard\u00f3n, el C\u00edrculo de Lectores public\u00f3 su <em>Poesia<\/em> <em>competa<\/em> en una hermos\u00edsima edici\u00f3n prologada por Jos\u00e9 \u00c1ngel Valiente. Que se incluyese &lt; <em>Reloj de arena reloj de sol reloj de Sandra<\/em>&gt;, fechado como vimos a principios de 1988, cuando Cela estaba en pleno idilio con Marina Casta\u00f1o. Sorprendi\u00f3 a los que sab\u00edan de la renuencia anterior del escritor a dar a conocer texto tan expl\u00edcitamente er\u00f3tico, incluso en edici\u00f3n limitada<\/span><a id=\"ref39a\"><\/a><span style=\"font-size: 14pt;\"><a href=\"#ref39\"> 39.<\/a> \u00bfPor qu\u00e9 se hab\u00eda decidido ahora a difundirlo? Quiz\u00e1s porque no pod\u00eda aguantar m\u00e1s tiempo la tentaci\u00f3n de proclamar en p\u00fablico que, al conocer a Marina, y a diferencia de la mayor\u00eda de los espa\u00f1oles de todas las edades (como hab\u00eda declarado a la revista Tiempo), el no solo segu\u00eda haciendo el amor mucho sino mejor que nunca. Se trataba, en el fondo, de otro corte de mangas.<\/span><\/p>\n<p>&nbsp;<\/p>\n<figure id=\"attachment_26489\" aria-describedby=\"caption-attachment-26489\" style=\"width: 480px\" class=\"wp-caption aligncenter\"><img loading=\"lazy\" decoding=\"async\" class=\"wp-image-26489\" src=\"https:\/\/puntocritico.com\/ausajpuntocritico\/wp-content\/uploads\/2020\/02\/440px-Coat_of_Arms_of_the_1st_Marquis_of_Iria_Flavia.svg_-300x226.png\" alt=\"\" width=\"480\" height=\"362\" data-id=\"26489\" srcset=\"https:\/\/puntocritico.com\/ausajpuntocritico\/wp-content\/uploads\/2020\/02\/440px-Coat_of_Arms_of_the_1st_Marquis_of_Iria_Flavia.svg_-300x226.png 300w, https:\/\/puntocritico.com\/ausajpuntocritico\/wp-content\/uploads\/2020\/02\/440px-Coat_of_Arms_of_the_1st_Marquis_of_Iria_Flavia.svg_-326x245.png 326w, https:\/\/puntocritico.com\/ausajpuntocritico\/wp-content\/uploads\/2020\/02\/440px-Coat_of_Arms_of_the_1st_Marquis_of_Iria_Flavia.svg_-80x60.png 80w, https:\/\/puntocritico.com\/ausajpuntocritico\/wp-content\/uploads\/2020\/02\/440px-Coat_of_Arms_of_the_1st_Marquis_of_Iria_Flavia.svg_.png 440w\" sizes=\"auto, (max-width: 480px) 100vw, 480px\" \/><figcaption id=\"caption-attachment-26489\" class=\"wp-caption-text\"><span style=\"color: #008000;\">Escudo del I marqu\u00e9s de Iria Flavia. marquesado creado por el rey Juan Carlos I el 17 de mayo de 1996 a favor de Camilo Jos\u00e9 Cela y Trulock.<\/span><\/figcaption><\/figure>\n<p style=\"text-align: justify;\">\u00a0<\/p>\n<hr \/>\n<p><span style=\"font-size: 14pt; background-color: #ccffcc;\"><em><strong>NOTAS:<\/strong><\/em><\/span>\u00a0<\/p>\n<p>*los textos entrecomillados sin cita pertenecen a La Cruz de San Andr\u00e9s.\u00a0<\/p>\n<p><span style=\"font-size: 12pt; font-family: georgia, palatino, serif;\"><a id=\"ref1111\"><\/a><a href=\"#ref1111a\">[1]\u00a0<\/a> Antonio Mu\u00f1oz Molina, \u00abTeoria del elogio insultante\u00bb, El Pais, 9 de marzo de 1994.<\/span><\/p>\n<p><span style=\"font-size: 12pt; font-family: georgia, palatino, serif;\"><a id=\"ref2\"><\/a><a href=\"#ref2a\">[2]<\/a> El articulo se public\u00f3 el 15 de marzo de 1994. Cito de Cela,\u00a0 El color de la ma\u00f1ana, pags. 133-134.<\/span><\/p>\n<p><a id=\"ref3\"><\/a><a href=\"#ref3a\">[3]<\/a> La poetisa cubana Dulce Maria Loynaz, habia ganado el Cervantes el a\u00f1o anterior.\u00a0<\/p>\n<p><a id=\"ref4\"><\/a><a href=\"#ref4a\">[4]\u00a0<\/a> Umbral, \u00abEl espinar\u00bb, El Mundo, 26 julio 1994.\u00a0<\/p>\n<p><a id=\"ref5\"><\/a><a href=\"#ref5a\">[5]\u00a0<\/a> Diario-16, 30 de mayo de 2001; Juan Oliver, \u00abDelibes confirma que Planeta le ofreci\u00f3 el premio que gan\u00f3 Cela\u00bb, La Voz de Galicia, 30 de mayo de 2001.\u00a0<\/p>\n<p><a id=\"ref6\"><\/a><a href=\"#ref6a\">[6]\u00a0<\/a> Ibid.\u00a0<\/p>\n<p><a id=\"ref7\"><\/a><a href=\"#ref7a\">[7]<\/a> Conversaci\u00f3n telef\u00f3nica con la Secretaria de\u00a0 D. Miguel Delibes, 8 de marzo de 2003.\u00a0<\/p>\n<p><span style=\"font-size: 12pt; font-family: georgia, palatino, serif;\"><a id=\"ref8\"><\/a><a href=\"#ref8a\">[8]<\/a> Diaz Formoso, \u00abPrologo\u00bb, pag. XXI.\u00a0<\/span><\/p>\n<p><span style=\"font-size: 12pt; font-family: georgia, palatino, serif;\"><a id=\"ref9\"><\/a><a href=\"#ref9a\">[9]<\/a> Cela, \u00abHasta luego\u00bb, reproducido en el El color de la ma\u00f1ana, pags. 246-247.\u00a0<\/span><\/p>\n<p><span style=\"font-size: 12pt; font-family: georgia, palatino, serif;\"><a id=\"ref10\"><\/a><a href=\"#ref10a\">[10]\u00a0<\/a> Alex Salmon, \u00abCela se perfila como el ganador del Planeta\u00bb, El Mundo, 12 de octubre de 1994.\u00a0<\/span><\/p>\n<p><span style=\"font-size: 12pt; font-family: georgia, palatino, serif;\"><a id=\"ref11\"><\/a><a href=\"#ref11a\">[11]<\/a> El Pais, 16 de octubre de 1994.\u00a0<\/span><\/p>\n<p><span style=\"font-size: 12pt; font-family: georgia, palatino, serif;\"><a id=\"ref12\"><\/a><a href=\"#ref12a\">[12]<\/a> Ibid, el video de cobertura del acto por RTVE.\u00a0<\/span><\/p>\n<p><span style=\"font-size: 12pt; font-family: georgia, palatino, serif;\"><a id=\"ref13\"><\/a><a href=\"#ref13a\">[13]<\/a> Video de la cobertura del acto por RTVE.\u00a0<\/span><\/p>\n<p><span style=\"font-size: 12pt; font-family: georgia, palatino, serif;\"><a id=\"ref14\"><\/a><a href=\"#ref14a\">[14]<\/a> Ibid.\u00a0<\/span><\/p>\n<p><span style=\"font-size: 12pt; font-family: georgia, palatino, serif;\"><a id=\"ref15\"><\/a><a href=\"#ref15a\">[15]<\/a> Emma Rodriguez, \u00abEl Nobel Camilo Jos\u00e9 Cela obtiene el Planeta\u00bb, El Mundo, 16 de octubre de 1994.<\/span><\/p>\n<p><span style=\"font-size: 12pt; font-family: georgia, palatino, serif;\"><a id=\"ref16\"><\/a><a href=\"#ref16a\">[16]<\/a> El Pais, 17 octubre 1994, pag. 45.\u00a0<\/span><\/p>\n<p><span style=\"font-size: 12pt; font-family: georgia, palatino, serif;\"><a id=\"ref17\"><\/a><a href=\"#ref17a\">[17]<\/a> El Mundo, 23 octubre 1994.\u00a0<\/span><\/p>\n<p><span style=\"font-size: 12pt; font-family: georgia, palatino, serif;\"><a id=\"ref18\"><\/a><a href=\"#ref18a\">[18]<\/a> X. M. (Xavier Moret), \u00abLa necesaria renovaci\u00f3n de un premio bajo sospecha\u00bb, El Pais, 17 octubre 1994, pag 45.\u00a0<\/span><\/p>\n<p><span style=\"font-size: 12pt; font-family: georgia, palatino, serif;\"><a id=\"ref19\"><\/a><a href=\"#ref19a\">[19]<\/a> Cela, \u00abEl Premio Planeta\u00bb, ABC, 23 octubre 2002.<\/span><\/p>\n<p><span style=\"font-size: 12pt; font-family: georgia, palatino, serif;\"><a id=\"ref20\"><\/a><a href=\"#ref20a\">[20]<\/a> Emma Rodriguez, \u00abPlaneta asegura que nunca ha prometido a nadie su premio\u00bb, El Mundo, 11 noviembre 1994.\u00a0<\/span><\/p>\n<p><span style=\"font-size: 12pt; font-family: georgia, palatino, serif;\"><a id=\"ref21\"><\/a><a href=\"#ref21a\">[21]<\/a> \u00abEl Planeta no es un premio para noveles, dice el hijo de Lara\u00bb, El Pais, 2 de noviembre de 1994.\u00a0<\/span><\/p>\n<p><span style=\"font-size: 12pt; font-family: georgia, palatino, serif;\"><a id=\"ref22\"><\/a><a href=\"#ref22a\">[22]<\/a> Emma Rodriguez, \u00abPlaneta asegura que nunca ha prometido a nadie su premio\u00bb, El MUndo, 11 noviembre 1994.<\/span><\/p>\n<p><span style=\"font-size: 12pt; font-family: georgia, palatino, serif;\"><a id=\"ref23\"><\/a><a href=\"#ref23a\">[23]<\/a> Ibid.\u00a0<\/span><\/p>\n<p><span style=\"font-size: 12pt; font-family: georgia, palatino, serif;\"><a id=\"ref24\"><\/a><a href=\"#ref24a\">[24]<\/a> Video de la cobertura del acto por RTVE.\u00a0<\/span><\/p>\n<p><span style=\"font-size: 12pt; font-family: georgia, palatino, serif;\"><a id=\"ref25\"><\/a><a href=\"#ref25a\">[25]\u00a0<\/a> La Cruz de San Andr\u00e9s.\u00a0<\/span><\/p>\n<p><span style=\"font-size: 12pt; font-family: georgia, palatino, serif;\"><a id=\"ref26\"><\/a><a href=\"#ref26a\">[26]<\/a> Ibid<\/span><\/p>\n<p><span style=\"font-size: 12pt; font-family: georgia, palatino, serif;\"><a id=\"ref27\"><\/a><a href=\"#ref27a\">[27]<\/a> Antonio Astorga, \u00abCamilo Jos\u00e9 Cela: \u00abPara ser plagiario hay que ser muy humilde y yo no lo soy\u00bb\u00bb, ABC, 20 marzo de 2001.\u00a0<\/span><\/p>\n<p><a id=\"ref28\"><\/a><a href=\"#ref28a\">[28]\u00a0 <\/a>El Mundo, 29 de noviembre de 1994<\/p>\n<p><a id=\"ref29\"><\/a><a href=\"#ref29a\">[29] <\/a>El Pais, 20 de noviembre de 1994<\/p>\n<p><a id=\"ref30\"><\/a><a href=\"#ref30a\">[30] <\/a>Ibid\u00a0<\/p>\n<p><a id=\"ref31\"><\/a><a href=\"#ref31a\">[31]\u00a0 <\/a>Ibid, 6 de octubre de 1995.<\/p>\n<p><a id=\"ref32\"><\/a><a href=\"#ref32a\">[32] <\/a>Jose Manuel Pereiro, \u00abTodo llega a su tiempo\u00bb, El Pais, 14 de diciembre de 1985<\/p>\n<p><a id=\"ref33\"><\/a><a href=\"#ref33a\">[33] <\/a>Ibid<\/p>\n<p><a id=\"ref34\"><\/a><a href=\"#ref34a\">[34] <\/a>Juan Cruz, \u00abLa edad de la escritura\u00bb, El Pais, 14 de diciembre de 1995.\u00a0<\/p>\n<p><a id=\"ref35\"><\/a><a href=\"#ref35a\">[35] <\/a>El Pais, 24 de abril de 1996, pag. 35<\/p>\n<p><a id=\"ref36\"><\/a><a href=\"#ref36a\">[36] <\/a>Cela, 2Alcal\u00e1 de Henares\u00bb, ABC, 22 de abril de 1996, pag. 13.<\/p>\n<p><a href=\"#ref37a\">[37]<\/a><a id=\"ref37\"><\/a> \u00abPremio Cervantes: Discurso de Cela\u00bb, ABC, 24 de abril de 1996, p\u00e1g. 51.\u00a0<\/p>\n<p><a id=\"ref38\"><\/a><a href=\"#ref38a\">[38] <\/a>El Mundo, 24 de abril de 1996.\u00a0<\/p>\n<p><a id=\"ref39\"><\/a><a href=\"#ref39a\">[39] <\/a>Ver Armi\u00f1o, \u00abCela: eximio escritor y extravagante ciudadano\u00bb.\u00a0<\/p>\n<p>&nbsp;<\/p>\n<hr \/>\n<p><span style=\"font-size: 14pt; background-color: #ccffcc;\"><strong>ARTICULOS RELACIONADOS:\u00a0<\/strong><\/span><\/p>\n<blockquote class=\"wp-embedded-content\" data-secret=\"6OVSpVXqad\"><p><a href=\"https:\/\/puntocritico.com\/ausajpuntocritico\/2020\/10\/07\/teatro-dentro-del-teatro-el-asesinato-de-gonzago-la-ratonera-hamlet-por-william-shakespeare\/\">TEATRO DENTRO DEL TEATRO: \u00abEl asesinato de Gonzago\u00bb (La ratonera), HAMLET, por William Shakespeare<\/a><\/p><\/blockquote>\n<p><iframe loading=\"lazy\" class=\"wp-embedded-content\" sandbox=\"allow-scripts\" security=\"restricted\" style=\"position: absolute; clip: rect(1px, 1px, 1px, 1px);\" title=\"\u00abTEATRO DENTRO DEL TEATRO: \u00abEl asesinato de Gonzago\u00bb (La ratonera), HAMLET, por William Shakespeare\u00bb \u2014 Punto Cr\u00edtico Derechos Humanos\" src=\"https:\/\/puntocritico.com\/ausajpuntocritico\/2020\/10\/07\/teatro-dentro-del-teatro-el-asesinato-de-gonzago-la-ratonera-hamlet-por-william-shakespeare\/embed\/#?secret=4IERXtfXbe#?secret=6OVSpVXqad\" data-secret=\"6OVSpVXqad\" width=\"500\" height=\"282\" frameborder=\"0\" marginwidth=\"0\" marginheight=\"0\" scrolling=\"no\"><\/iframe><\/p>\n<p>&nbsp;<\/p>\n<p><a href=\"https:\/\/puntocritico.com\/ausajpuntocritico\/author\/punto-critico\/\" target=\"_blank\" rel=\"noopener\"><img loading=\"lazy\" decoding=\"async\" class=\"aligncenter wp-image-48\" src=\"https:\/\/puntocritico.com\/ausajpuntocritico\/wp-content\/uploads\/2016\/11\/Mosca_Punto_Cr\u00edtico_40.png\" alt=\"\" width=\"80\" height=\"80\" data-id=\"48\" \/><\/a><\/p>\n<p>&nbsp;<\/p>\n<p>&nbsp;<\/p>\n<p>&nbsp;<\/p>\n<footer class=\"autores\"><\/footer>\n","protected":false},"excerpt":{"rendered":"<div class=\"mh-excerpt\"><p>INDICE ARTICULOS \u00abLA CRUZ DE SAN ANDR\u00c9S\u00bb Y EL CERVANTES\u00bb *** La trama de las tesis plagiadas en la Camilo Jos\u00e9 Cela se extiende a la Universidad de M\u00e1laga Alfredo Rocafort, uno de los cabecillas, <a class=\"mh-excerpt-more\" href=\"https:\/\/puntocritico.com\/ausajpuntocritico\/2021\/09\/22\/camilo-jose-cela-y-el-plagio-la-cruz-de-san-andres-y-el-cervantes-por-ian-gibson-el-plagio-del-siglo-del-que-esta-prohibido-hablar-parte-1-2\/\" title=\"CAMILO JOS\u00c9 CELA Y EL PLAGIO. \u00abLA `CRUZ DE SAN ANDR\u00c9S\u00b4 y EL CERVANTES\u00bb, por Ian Gibson. El plagio del Siglo, del que est\u00e1 prohibido hablar \u2013 PARTE 1\">[&#8230;]<\/a><\/p>\n<\/div>","protected":false},"author":3,"featured_media":26462,"comment_status":"open","ping_status":"closed","sticky":false,"template":"","format":"standard","meta":{"_acf_changed":false,"_exactmetrics_skip_tracking":false,"_exactmetrics_sitenote_active":false,"_exactmetrics_sitenote_note":"","_exactmetrics_sitenote_category":0,"footnotes":""},"categories":[6],"tags":[],"class_list":{"0":"post-2227434","1":"post","2":"type-post","3":"status-publish","4":"format-standard","5":"has-post-thumbnail","7":"category-justicia"},"acf":[],"_links":{"self":[{"href":"https:\/\/puntocritico.com\/ausajpuntocritico\/wp-json\/wp\/v2\/posts\/2227434","targetHints":{"allow":["GET"]}}],"collection":[{"href":"https:\/\/puntocritico.com\/ausajpuntocritico\/wp-json\/wp\/v2\/posts"}],"about":[{"href":"https:\/\/puntocritico.com\/ausajpuntocritico\/wp-json\/wp\/v2\/types\/post"}],"author":[{"embeddable":true,"href":"https:\/\/puntocritico.com\/ausajpuntocritico\/wp-json\/wp\/v2\/users\/3"}],"replies":[{"embeddable":true,"href":"https:\/\/puntocritico.com\/ausajpuntocritico\/wp-json\/wp\/v2\/comments?post=2227434"}],"version-history":[{"count":0,"href":"https:\/\/puntocritico.com\/ausajpuntocritico\/wp-json\/wp\/v2\/posts\/2227434\/revisions"}],"wp:featuredmedia":[{"embeddable":true,"href":"https:\/\/puntocritico.com\/ausajpuntocritico\/wp-json\/wp\/v2\/media\/26462"}],"wp:attachment":[{"href":"https:\/\/puntocritico.com\/ausajpuntocritico\/wp-json\/wp\/v2\/media?parent=2227434"}],"wp:term":[{"taxonomy":"category","embeddable":true,"href":"https:\/\/puntocritico.com\/ausajpuntocritico\/wp-json\/wp\/v2\/categories?post=2227434"},{"taxonomy":"post_tag","embeddable":true,"href":"https:\/\/puntocritico.com\/ausajpuntocritico\/wp-json\/wp\/v2\/tags?post=2227434"}],"curies":[{"name":"wp","href":"https:\/\/api.w.org\/{rel}","templated":true}]}}