{"id":2227272,"date":"2021-09-21T00:05:25","date_gmt":"2021-09-20T22:05:25","guid":{"rendered":"https:\/\/puntocritico.com\/ausajpuntocritico\/?p=2227272"},"modified":"2021-09-20T19:55:41","modified_gmt":"2021-09-20T17:55:41","slug":"la-intolerancia-en-el-siglo-xxi-quemando-libros-alli-auto-de-fe-tintin-y-asterix","status":"publish","type":"post","link":"https:\/\/puntocritico.com\/ausajpuntocritico\/2021\/09\/21\/la-intolerancia-en-el-siglo-xxi-quemando-libros-alli-auto-de-fe-tintin-y-asterix\/","title":{"rendered":"QUEMANDO LIBROS: LA INTOLERANCIA EN EL SIGLO XXI: Auto de fe de Tint\u00edn y Asterix en Canad\u00e1. \u00abAll\u00ed donde se queman los libros, se acaba quemando personas\u201d."},"content":{"rendered":"<p><strong><span style=\"font-size: 14pt;\">SUMARIO:\u00a0<\/span><\/strong><\/p>\n<p><a id=\"ref1a\"><\/a><a href=\"#ref1\">[1] All\u00ed donde se queman los libros, se acaba quemando personas, por Universo Abierto<\/a><\/p>\n<p><a id=\"ref2a\"><\/a><a href=\"#ref2\">[2] Destruyen miles de libros de &#8216;Ast\u00e9rix&#8217;, &#8216;Tint\u00edn&#8217; y &#8216;Lucky Luke&#8217; en Canad\u00e1 por racistas y discriminatorios, por ABC<\/a><\/p>\n<p><a id=\"ref3a\"><\/a><a href=\"#ref3\">[3] QUEMA DE LIBROS, por Enciclopedia del Holocausto<\/a><\/p>\n<p><a id=\"ref4a\"><\/a><a href=\"#ref4\">[4] Por qu\u00e9 \u2018Fahrenheit 451\u2019 representa nuestra era de redes sociales, por\u00a0Ramin Bahrani<\/a><\/p>\n<p><a id=\"ref5a\"><\/a><a href=\"#ref5\">[5] Inquisici\u00f3n para ni\u00f1os: acerca de la quema de libros terroristas en Canad\u00e1, por Javier Olivera Ravasi<\/a><\/p>\n<p><a id=\"ref6a\"><\/a><a href=\"#ref6\">[6] EL BIBLIOCAUSTO EN LA ESPA\u00d1A DE FRANCO (1936-1939), por Francesc Tur<\/a><\/p>\n<p><a id=\"ref7a\"><\/a><a href=\"#ref7\">[7] Quema de libros en Canad\u00e1, por Carlos Col\u00f3n<\/a><\/p>\n<p>&nbsp;<\/p>\n<p><img loading=\"lazy\" decoding=\"async\" class=\"aligncenter wp-image-2227513\" src=\"https:\/\/puntocritico.com\/ausajpuntocritico\/wp-content\/uploads\/2021\/09\/asterix-en-america-300x169.jpg\" alt=\"Tintin\" width=\"680\" height=\"383\" data-id=\"2227513\" srcset=\"https:\/\/puntocritico.com\/ausajpuntocritico\/wp-content\/uploads\/2021\/09\/asterix-en-america-300x169.jpg 300w, https:\/\/puntocritico.com\/ausajpuntocritico\/wp-content\/uploads\/2021\/09\/asterix-en-america-1024x576.jpg 1024w, https:\/\/puntocritico.com\/ausajpuntocritico\/wp-content\/uploads\/2021\/09\/asterix-en-america-768x432.jpg 768w, https:\/\/puntocritico.com\/ausajpuntocritico\/wp-content\/uploads\/2021\/09\/asterix-en-america-610x343.jpg 610w, https:\/\/puntocritico.com\/ausajpuntocritico\/wp-content\/uploads\/2021\/09\/asterix-en-america-678x381.jpg 678w, https:\/\/puntocritico.com\/ausajpuntocritico\/wp-content\/uploads\/2021\/09\/asterix-en-america.jpg 1320w\" sizes=\"auto, (max-width: 680px) 100vw, 680px\" \/><\/p>\n<p>&nbsp;<\/p>\n<p style=\"text-align: center;\"><span style=\"color: #008000;\"><strong><span style=\"font-size: 18pt;\">*<\/span><\/strong><\/span><strong><span style=\"font-size: 18pt;\">*<\/span><\/strong><span style=\"color: #008000;\"><strong><span style=\"font-size: 18pt;\">*<\/span><\/strong><\/span><\/p>\n<p>&nbsp;<\/p>\n<p style=\"text-align: center;\"><strong><span style=\"font-size: 24pt;\"><a id=\"ref1\"><\/a><a href=\"#ref1a\">[1]<\/a> All\u00ed donde se queman los libros, se acaba quemando personas<\/span><\/strong><\/p>\n<p style=\"text-align: justify;\"><a href=\"https:\/\/universoabierto.org\/2019\/12\/10\/alli-donde-se-queman-los-libros-se-acaba-quemando-personas\/\" target=\"_blank\" rel=\"noopener\" data-schema-attribute=\"\"><span style=\"font-size: 14pt;\">Universoabierto.ong<\/span><\/a><\/p>\n<p><img loading=\"lazy\" decoding=\"async\" class=\"aligncenter size-full wp-image-2227280\" src=\"https:\/\/puntocritico.com\/ausajpuntocritico\/wp-content\/uploads\/2021\/09\/Quemar-Libros-Quemar-personas.jpg\" alt=\"\" width=\"291\" height=\"382\" data-id=\"2227280\" srcset=\"https:\/\/puntocritico.com\/ausajpuntocritico\/wp-content\/uploads\/2021\/09\/Quemar-Libros-Quemar-personas.jpg 291w, https:\/\/puntocritico.com\/ausajpuntocritico\/wp-content\/uploads\/2021\/09\/Quemar-Libros-Quemar-personas-229x300.jpg 229w\" sizes=\"auto, (max-width: 291px) 100vw, 291px\" \/><\/p>\n<p>&nbsp;<\/p>\n<p style=\"text-align: right;\"><span style=\"font-size: 14pt;\"><em>\u201cAll\u00ed donde se queman los libros, se acaba quemando personas\u201d<\/em><\/span><\/p>\n<p style=\"text-align: right;\"><span style=\"font-size: 14pt;\"><em>Heinrich Heine, poeta y ensayista alem\u00e1n del siglo XIX.<\/em><\/span><\/p>\n<p>&nbsp;<\/p>\n<p style=\"text-align: justify;\"><span style=\"font-size: 14pt;\"><strong>Christian Johann Heinrich Heine<\/strong> es considerado uno de los poetas rom\u00e1nticos alemanes m\u00e1s importantes. Nacido en una familia de jud\u00edos alemanes asimilados en 1797, el padre de Heine era comerciante y la madre hija de un m\u00e9dico. Despu\u00e9s de que el negocio de su padre fracasara, Heine fue enviado a Hamburgo para dedicarse a los negocios, pero pronto se dedic\u00f3 al derecho. En ese momento, se prohibi\u00f3 a los jud\u00edos el acceso a ciertas profesiones, una de las cuales era la docencia universitaria, una profesi\u00f3n a la que Heine se sent\u00eda atra\u00eddo. Se licenci\u00f3 en Derecho en 1825 y se convirti\u00f3 del juda\u00edsmo al protestantismo el mismo a\u00f1o \u2013 m\u00e1s tarde describi\u00f3 su conversi\u00f3n como \u201c<em>el billete de admisi\u00f3n a la cultura europea<\/em>\u201d, y pas\u00f3 gran parte de su vida luchando con los elementos incompatibles de sus identidades alemana y jud\u00eda.<\/span><\/p>\n<p style=\"text-align: justify;\"><span style=\"font-size: 14pt;\">En 1835, las autoridades alemanas prohibieron su trabajo y el de otros asociados con el movimiento progresista de la joven Alemania; pero Heine continu\u00f3 comentando sobre la pol\u00edtica y la sociedad alemana por el resto de su vida desde su exilio en Francia, regresando a Alemania s\u00f3lo una vez en secreto.<\/span><\/p>\n<p style=\"text-align: justify;\"><span style=\"font-size: 14pt;\">En <strong>1933<\/strong>, los ejemplares de los libros de Heine estaban entre los muchos que se\u00a0quemaban en la<strong> Opernplatz de Berl\u00edn<\/strong>. Para conmemorar el evento, una de las l\u00edneas m\u00e1s famosas de la obra de Heine de 1821 Almansor est\u00e1 ahora grabada en el sitio: \u201c<em>Dort, wo man B\u00fccher verbrennt, verbrennt man am Ende auch Menschen<\/em>.\u201d (\u201c<em>Donde queman libros, al final tambi\u00e9n quemar\u00e1n a los seres humanos<\/em>\u201d). En la obra, se hace referencia a la quema del Cor\u00e1n durante la Inquisici\u00f3n espa\u00f1ola en un esfuerzo por erradicar a los \u00e1rabes de la Pen\u00ednsula Ib\u00e9rica, que hab\u00eda sido un importante centro de la cultura isl\u00e1mica medieval.<\/span><\/p>\n<p>&nbsp;<\/p>\n<p><img loading=\"lazy\" decoding=\"async\" class=\"aligncenter size-full wp-image-2227281\" src=\"https:\/\/puntocritico.com\/ausajpuntocritico\/wp-content\/uploads\/2021\/09\/Nazis-quemando-libros.jpg\" alt=\"\" width=\"560\" height=\"392\" data-id=\"2227281\" srcset=\"https:\/\/puntocritico.com\/ausajpuntocritico\/wp-content\/uploads\/2021\/09\/Nazis-quemando-libros.jpg 560w, https:\/\/puntocritico.com\/ausajpuntocritico\/wp-content\/uploads\/2021\/09\/Nazis-quemando-libros-300x210.jpg 300w\" sizes=\"auto, (max-width: 560px) 100vw, 560px\" \/><\/p>\n<p style=\"text-align: center;\"><span style=\"color: #008000;\"><strong><span style=\"font-size: 18pt;\">*****<\/span><\/strong><\/span><\/p>\n<p>&nbsp;<\/p>\n<p style=\"text-align: center;\"><span style=\"font-size: 24pt;\"><strong><span class=\"titular\"><a id=\"ref2\"><\/a><a href=\"#ref2a\">[2]<\/a> Destruyen miles de libros de &#8216;Ast\u00e9rix&#8217;, &#8216;Tint\u00edn&#8217; y &#8216;Lucky Luke&#8217; en Canad\u00e1 por racistas y discriminatorios<\/span><\/strong><\/span><\/p>\n<p class=\"subtitulo\" style=\"text-align: center;\"><em><strong><span style=\"font-size: 14pt;\">Entre las controvertidas razones esgrimidas por el comit\u00e9 escolar, &#8216;Ast\u00e9rix y los indios&#8217; fomenta \u00abel salvajismo sexual\u00bb<\/span><\/strong><\/em><\/p>\n<p style=\"text-align: justify;\"><a href=\"https:\/\/www.abc.es\/cultura\/abci-destruyen-miles-libros-asterix-tintin-y-lucky-luke-canada-racistas-y-discriminatorios-202109091400_noticia.html\" target=\"_blank\" rel=\"noopener\" data-schema-attribute=\"\"><span style=\"font-size: 14pt;\">ABC<\/span><\/a><\/p>\n<p><img loading=\"lazy\" decoding=\"async\" class=\"aligncenter size-full wp-image-2227307\" src=\"https:\/\/puntocritico.com\/ausajpuntocritico\/wp-content\/uploads\/2021\/09\/salvajismo-sexual-asterix-k4rB-620x349@abc.jpg\" alt=\"\" width=\"620\" height=\"349\" data-id=\"2227307\" srcset=\"https:\/\/puntocritico.com\/ausajpuntocritico\/wp-content\/uploads\/2021\/09\/salvajismo-sexual-asterix-k4rB-620x349@abc.jpg 620w, https:\/\/puntocritico.com\/ausajpuntocritico\/wp-content\/uploads\/2021\/09\/salvajismo-sexual-asterix-k4rB-620x349@abc-300x169.jpg 300w, https:\/\/puntocritico.com\/ausajpuntocritico\/wp-content\/uploads\/2021\/09\/salvajismo-sexual-asterix-k4rB-620x349@abc-610x343.jpg 610w\" sizes=\"auto, (max-width: 620px) 100vw, 620px\" \/><\/p>\n<p style=\"text-align: justify;\">\u00a0<\/p>\n<p style=\"text-align: justify;\"><span style=\"font-size: 14pt;\">Casi 5.000 libros infantiles, entre los que se encuentran t\u00edtulos de\u00a0<strong>&#8216;Ast\u00e9rix y Ob\u00e9lix&#8217;, &#8216;Tint\u00edn&#8217; y &#8216;Lucky Luke&#8217;<\/strong>, han sido\u00a0<strong>destruidos, enterrados o retirados<\/strong>\u00a0de las bibliotecas en Canad\u00e1 por reflejar una<strong>\u00a0imagen racista y estereotipada\u00a0<\/strong>de los grupos ind\u00edgenas.<\/span><\/p>\n<p style=\"text-align: justify;\"><span style=\"font-size: 14pt;\">La iniciativa part\u00eda de\u00a0<strong>Suzy Kies<\/strong>, copresidenta hasta ayer de la Comisi\u00f3n de\u00a0<strong>Pueblos Ind\u00edgenas<\/strong>\u00a0del Partido Liberal que gobierna el pa\u00eds con\u00a0Trudeau\u00a0como primer ministro. Radio Canad\u00e1 desvelaba que Kies lideraba un\u00a0<strong>proyecto de ceremonias<\/strong>\u00a0para\u00a0<strong>quemar<\/strong>\u00a0o retirar<strong>\u00a0libros<\/strong>\u00a0considerados\u00a0<strong>perjudiciales\u00a0<\/strong>para los abor\u00edgenes a trav\u00e9s de un comit\u00e9 de la Junta Escolar cat\u00f3lica de Providence, que supervisa treinta escuelas primarias y secundarias de habla francesa en el suroeste de Ontario.<\/span><\/p>\n<div id=\"sm-it-main-container-1632055850397\" class=\"sm-it-main-container\" style=\"text-align: justify;\" data-it=\"82c94085-3ff3-4909-85e0-5096f73c154f\" data-device=\"desktop\" data-index=\"0\">\n<div id=\"sm-reference-1632055850397\" class=\"sm-reference\"><span style=\"font-size: 14pt;\">La cadena p\u00fablica publicaba que en 2019 se llev\u00f3 a cabo una <\/span><strong style=\"font-size: 14pt;\">ceremonia de purificaci\u00f3n de llamas<\/strong><span style=\"font-size: 14pt;\">\u00a0para quemar una treintena de libros prohibidos, con fines educativos. Un v\u00eddeo explicaba el proceso: \u00abEnterramos las cenizas del<\/span><strong style=\"font-size: 14pt;\">\u00a0racismo, la discriminaci\u00f3n y los estereotipos<\/strong><span style=\"font-size: 14pt;\">\u00a0con la esperanza de crecer en un\u00a0<\/span><strong style=\"font-size: 14pt;\">pa\u00eds inclusivo<\/strong><span style=\"font-size: 14pt;\"> donde todos podamos vivir en prosperidad y seguridad\u00bb. Estaba previsto repetirlo en cada escuela, pero la pandemia lo impidi\u00f3.<\/span><\/div>\n<\/div>\n<p style=\"text-align: justify;\"><span style=\"font-size: 14pt;\">La noticia gener\u00f3 una gran pol\u00e9mica y el<strong>\u00a0ministerio de Educaci\u00f3n de Ontario<\/strong>\u00a0se vio obligado a aclarar en un comunicado que la selecci\u00f3n de las obras en las bibliotecas es responsabilidad de cada comisi\u00f3n escolar.<\/span><\/p>\n<p style=\"text-align: justify;\"><span style=\"font-size: 14pt;\">En mitad de la controversia, Radio Canad\u00e1 pon\u00eda en entredicho las ra\u00edces aut\u00f3ctonas\u00a0<strong>de Suzy Kies<\/strong>, por lo que se ha visto obligada a dimitir de su cargo. La Junta Escolar de Providence tambi\u00e9n ha anunciado que<strong>\u00a0suspende el proyecto<\/strong>\u00a0de quema de libros y la evaluaci\u00f3n de otras 200 obras que todav\u00eda estaba pendiente.<\/span><\/p>\n<h3 class=\"ladillo\" style=\"text-align: justify;\"><span style=\"font-size: 14pt;\">El lenguaje inaceptable de Tint\u00edn<\/span><\/h3>\n<p style=\"text-align: justify;\"><span style=\"font-size: 14pt;\">El comit\u00e9 analiz\u00f3 cientos de libros infantiles sobre los pueblos ind\u00edgenas del pa\u00eds y elabor\u00f3 un documento de 165 p\u00e1ginas, al que tuvo acceso Radio Canad\u00e1, en el que se detallaban todos los t\u00edtulos eliminados, as\u00ed como las\u00a0<strong>razones aducidas<\/strong>.<\/span><\/p>\n<p style=\"text-align: justify;\"><span style=\"font-size: 14pt;\">El texto denuncia que los personajes abor\u00edgenes representados en los ejemplares son\u00a0<strong>poco fiables, vagos, borrachos, est\u00fapidos<\/strong>&#8230; \u00abCuando se perpet\u00faa ese tipo de imagen en la mente de los j\u00f3venes, es dif\u00edcil deshacerse de ella\u00bb, aduc\u00eda.<\/span><\/p>\n<p style=\"text-align: justify;\"><span style=\"font-size: 14pt;\">Entre los t\u00edtulos cancelados, el consejo escolar criticaba<strong>\u00a0&#8216;Tint\u00edn en Am\u00e9rica&#8217;<\/strong>\u00a0por considerar que conten\u00eda un lenguaje inaceptable,\u00a0<strong>desinformaci\u00f3n<\/strong>, una<strong>\u00a0representaci\u00f3n negativa\u00a0<\/strong>de los pueblos abor\u00edgenes e incluso su\u00a0<strong>tergiversaci\u00f3n<\/strong>. Tambi\u00e9n fueron retirados tres t\u00edtulos de\u00a0<strong>Lucky Luke<\/strong>\u00a0por el<strong>\u00a0desequilibrio de poder<\/strong>, ya que los nativos son percibidos como los malos.<\/span><\/p>\n<h3 class=\"ladillo\" style=\"text-align: justify;\"><span style=\"font-size: 14pt;\">El &#8216;salvajismo sexual&#8217; de Ast\u00e9rix<\/span><\/h3>\n<p style=\"text-align: justify;\"><span style=\"font-size: 14pt;\">En el caso de Ast\u00e9rix, se trataba de la sexualizaci\u00f3n de las mujeres ind\u00edgenas en &#8216;Ast\u00e9rix y los indios&#8217;, en el que se enamoran Ob\u00e9lix y una joven vestida con un<strong>\u00a0escote pronunciado y una minifalda<\/strong>. \u00abDesarrollamos lo que se llama salvajismo sexual, una imagen de las mujeres ind\u00edgenas como mujeres f\u00e1ciles\u00bb, se lamentaba Kies.<\/span><\/p>\n<p style=\"text-align: justify;\"><span style=\"font-size: 14pt;\">El uso de la palabra &#8216;indio&#8217; tambi\u00e9n fue motivo de retirada de muchos ejemplares, al igual que los vol\u00famenes que presentaban artesan\u00edas que se consideraban apropiaci\u00f3n cultural.<\/span><\/p>\n<p>&nbsp;<\/p>\n<p><img loading=\"lazy\" decoding=\"async\" class=\"aligncenter wp-image-2227318 size-mh-magazine-content\" src=\"https:\/\/puntocritico.com\/ausajpuntocritico\/wp-content\/uploads\/2021\/09\/Asterix-quemado-678x381.jpeg\" alt=\"Asterix\" width=\"678\" height=\"381\" data-id=\"2227318\" \/><\/p>\n<p style=\"text-align: center;\"><span style=\"color: #008000;\"><strong><span style=\"font-size: 18pt;\">*******<\/span><\/strong><\/span><\/p>\n<h1 class=\"black-text-shadow text-align-center pb-35px mx-auto\" style=\"text-align: center;\"><a id=\"ref3\"><\/a><a href=\"#ref3a\">[3]<\/a> QUEMA DE LIBROS<\/h1>\n<p style=\"text-align: justify;\"><a href=\"https:\/\/encyclopedia.ushmm.org\/content\/es\/article\/book-burning-abridged-article\" target=\"_blank\" rel=\"noopener\" data-schema-attribute=\"\"><span style=\"font-size: 14pt;\">Enciclopedia del Holocausto<\/span><\/a><\/p>\n<figure id=\"attachment_2227284\" aria-describedby=\"caption-attachment-2227284\" style=\"width: 480px\" class=\"wp-caption aligncenter\"><img loading=\"lazy\" decoding=\"async\" class=\"wp-image-2227284\" src=\"https:\/\/puntocritico.com\/ausajpuntocritico\/wp-content\/uploads\/2021\/09\/Goebbels-la-noche-de-la-quema-de-libros.jpg\" alt=\"\" width=\"480\" height=\"385\" data-id=\"2227284\" srcset=\"https:\/\/puntocritico.com\/ausajpuntocritico\/wp-content\/uploads\/2021\/09\/Goebbels-la-noche-de-la-quema-de-libros.jpg 406w, https:\/\/puntocritico.com\/ausajpuntocritico\/wp-content\/uploads\/2021\/09\/Goebbels-la-noche-de-la-quema-de-libros-300x241.jpg 300w\" sizes=\"auto, (max-width: 480px) 100vw, 480px\" \/><figcaption id=\"caption-attachment-2227284\" class=\"wp-caption-text\"><span style=\"color: #008000;\">Joseph Goebbels, ministro de propaganda alem\u00e1n, habla en la noche de la quema de libros. Berl\u00edn, Alemania, 10 de mayo de 1933.<\/span><\/figcaption><\/figure>\n<p>&nbsp;<\/p>\n<p style=\"text-align: justify;\"><span style=\"font-size: 14pt;\">\u201cQuema de libros\u201d es el ritual que consiste en quemar libros para destruirlos. Esta pr\u00e1ctica es generalmente p\u00fablica y est\u00e1 motivada por oposiciones culturales, religiosas o pol\u00edticas al material publicado. En <strong>1933<\/strong>, <strong>Joseph Goebbels<\/strong>, el <em><strong>Ministro nazi de Propaganda e Informaci\u00f3n<\/strong><\/em>, comenz\u00f3 a alinear el arte y la cultura de Alemania con los objetivos nazis. El gobierno excluy\u00f3 a las organizaciones culturales de jud\u00edos y a otros grupos supuestamente sospechosos para la pol\u00edtica o creadores de obras de arte que los nazis consideraban \u201c<em>degenerado<\/em>\u201d. Los\u00a0estudiantes\u00a0universitarios alemanes formaban parte de la vanguardia del primer\u00a0movimiento nazi. El ultranacionalismo y el\u00a0antisemitismo\u00a0de las organizaciones estudiantiles seculares de clase media hab\u00edan sido intensos y expl\u00edcitos durante d\u00e9cadas. Despu\u00e9s de la\u00a0Primera Guerra Mundial, muchos estudiantes alemanes se opusieron a la <em>Rep\u00fablica de Weimar<\/em> (1919-1933) y encontraron en el nacionalsocialismo una buena forma de canalizar su hostilidad y descontento pol\u00edtico.<\/span><\/p>\n<p style=\"text-align: justify;\"><span style=\"font-size: 14pt;\">El 6 de abril de 1933, la <strong>Asociaci\u00f3n de Estudiantes Alemanes Nazis<\/strong> anunci\u00f3 p\u00fablicamente una \u201c<em>acci\u00f3n en contra del esp\u00edritu no alem\u00e1n<\/em>\u201d en todo el pa\u00eds que tendr\u00eda como punto culminante una purga literaria o una \u201c<em>limpieza<\/em>\u201d mediante el fuego. El 10 de mayo de 1933, en un acto simb\u00f3lico de ominosa trascendencia, los estudiantes universitarios quemaron m\u00e1s de 25\u00a0mil vol\u00famenes de libros \u201c<em>no alemanes<\/em>\u201d, y as\u00ed presagiaron un per\u00edodo de censura estatal y de control de la\u00a0cultura. La tarde del 10 de mayo, en 34\u00a0ciudades universitarias, los estudiantes de derecha marcharon con antorchas \u201c<em>en contra del esp\u00edritu no alem\u00e1n<\/em>\u201d. En los rituales programados se convoc\u00f3 a altos funcionarios nazis, profesores, rectores universitarios y dirigentes estudiantiles universitarios para que se dirigieran a los participantes y a los espectadores. En los lugares de reuni\u00f3n, los estudiantes arrojaron los libros \u201c<em>no deseados<\/em>\u201d al fuego con una gran ceremonia, bandas musicales y los llamados \u201c<em>juramentos de fuego<\/em>\u201d. En Berl\u00edn, unas 40\u00a0mil personas se reunieron para escuchar hablar a Joseph Goebbels.<\/span><\/p>\n<p style=\"text-align: justify;\"><span style=\"font-size: 14pt;\">Entre los autores cuyos libros los dirigentes estudiantiles quemaron esa tarde se encontraban reconocidos socialistas, como <strong>Bertolt Brecht<\/strong>; el creador del concepto \u201c<em>comunismo<\/em>\u201d, <strong>Karl Marx<\/strong>; escritores cr\u00edticos \u201c<em>burgueses<\/em>\u201d, como el ensayista austr\u00edaco <strong>Arthur Schnitzler<\/strong>; y escritores que \u201c<em>viciaban las influencias extranjeras<\/em>\u201d, como el autor estadounidense <strong>Ernest Hemingway<\/strong>. Tambi\u00e9n se quemaron los escritos del autor alem\u00e1n ganador del Premio Nobel <strong>Thomas Mann<\/strong>, as\u00ed como los trabajos del autor con gran \u00e9xito de ventas <strong>Erich Maria Remarque<\/strong>, cuya descripci\u00f3n estoica de la guerra,\u00a0<em>Sin novedad en el frente occidental<\/em>, los ide\u00f3logos nazis despreciaban. Otros de los escritores incluidos en las listas negras fueron los autores estadounidenses <strong>Jack London<\/strong>, <strong>Theodore Dreiser <\/strong>y <strong>Helen Keller<\/strong>, cuya creencia en la justicia social la motiv\u00f3 a defender a los discapacitados y al pacifismo. El programa nacional del 10 de mayo fue un \u00e9xito, lo que le vali\u00f3 una amplia cobertura en los medios. Hubo radios que transmitieron los discursos, las canciones y los conjuros ceremoniales \u201c<em>en vivo<\/em>\u201d para innumerables oyentes alemanes. Naturalmente, tambi\u00e9n se quemaron los trabajos de autores jud\u00edos, como <strong>Franz Werfel<\/strong>,<strong> Max Brod <\/strong>y <strong>Stefan Zweig<\/strong>. Las multitudes tambi\u00e9n quemaron los escritos del querido poeta jud\u00edo alem\u00e1n del siglo XIX <strong>Heinrich Heine<\/strong>, que en <strong>1820<\/strong> hab\u00eda escrito \u201c<em><strong>Donde quemen libros, terminar\u00e1n quemando personas<\/strong><\/em>\u201d.<\/span><\/p>\n<p>&nbsp;<\/p>\n<figure id=\"attachment_2227283\" aria-describedby=\"caption-attachment-2227283\" style=\"width: 529px\" class=\"wp-caption aligncenter\"><img loading=\"lazy\" decoding=\"async\" class=\"wp-image-2227283 size-full\" src=\"https:\/\/puntocritico.com\/ausajpuntocritico\/wp-content\/uploads\/2021\/09\/2317d44c-65b8-4ef5-b908-501347b1940a.jpg.pagespeed.ce_.vqdZBFN4CJ.jpg\" alt=\"\" width=\"529\" height=\"362\" data-id=\"2227283\" srcset=\"https:\/\/puntocritico.com\/ausajpuntocritico\/wp-content\/uploads\/2021\/09\/2317d44c-65b8-4ef5-b908-501347b1940a.jpg.pagespeed.ce_.vqdZBFN4CJ.jpg 529w, https:\/\/puntocritico.com\/ausajpuntocritico\/wp-content\/uploads\/2021\/09\/2317d44c-65b8-4ef5-b908-501347b1940a.jpg.pagespeed.ce_.vqdZBFN4CJ-300x205.jpg 300w\" sizes=\"auto, (max-width: 529px) 100vw, 529px\" \/><figcaption id=\"caption-attachment-2227283\" class=\"wp-caption-text\"><span style=\"color: #008000;\">Estudiantes y miembros de las SA descargan libros considerados \u00abno alemanes\u00bb durante la quema de libros de Berl\u00edn. La pancarta dice: \u00abLos estudiantes alemanes marchan en contra del esp\u00edritu no alem\u00e1n\u00bb. Berl\u00edn, Alemania, 10 de mayo de 1933.<\/span><\/figcaption><\/figure>\n<p style=\"text-align: center;\"><strong><span style=\"color: #008000; font-size: 18pt;\">*****<\/span><\/strong><\/p>\n<p>&nbsp;<\/p>\n<div class=\"css-1vkm6nb ehdk2mb0\">\n<p id=\"link-224fff59\" class=\"css-139djpt e1h9rw200\" style=\"text-align: center;\" data-testid=\"headline\"><strong><span style=\"font-size: 24pt;\"><a id=\"ref4\"><\/a><a href=\"#ref4a\">[4]<\/a> Por qu\u00e9 \u2018Fahrenheit 451\u2019 representa nuestra era de redes sociales<\/span><\/strong><\/p>\n<div class=\"css-f11ndi epjyd6m1\">\n<div class=\"css-233int epjyd6m0\">\n<p class=\"css-aknsld e1jsehar1\" style=\"text-align: justify;\"><span style=\"font-size: 14pt;\"><span class=\"byline-prefix\">Por\u00a0<\/span><span class=\"css-1baulvz last-byline\">Ramin Bahrani, 2018<\/span><\/span><\/p>\n<\/div>\n<\/div>\n<\/div>\n<p style=\"text-align: justify;\"><a href=\"https:\/\/www.nytimes.com\/es\/2018\/05\/14\/espanol\/cultura\/fahrenheit-451-hbo-ray-bradbury.html\" target=\"_blank\" rel=\"noopener\" data-schema-attribute=\"\"><span style=\"font-size: 14pt;\">New York Times<\/span><\/a><\/p>\n<figure id=\"attachment_2227286\" aria-describedby=\"caption-attachment-2227286\" style=\"width: 678px\" class=\"wp-caption aligncenter\"><img loading=\"lazy\" decoding=\"async\" class=\"wp-image-2227286 size-mh-magazine-content\" src=\"https:\/\/puntocritico.com\/ausajpuntocritico\/wp-content\/uploads\/2021\/09\/Farenheit-1-678x381.jpg\" alt=\"\" width=\"678\" height=\"381\" data-id=\"2227286\" \/><figcaption id=\"caption-attachment-2227286\" class=\"wp-caption-text\"><span style=\"color: #008000;\">Michael Shannon y Michael B. Jordan en \u201cFahrenheit 451\u201d<\/span><\/figcaption><\/figure>\n<p>&nbsp;<\/p>\n<p class=\"css-axufdj evys1bk0\" style=\"text-align: justify;\"><span style=\"font-size: 14pt;\">Al final de mi nueva pel\u00edcula no habr\u00e1 una advertencia como esta: \u201cNo se da\u00f1\u00f3 ning\u00fan libro en la realizaci\u00f3n de este filme\u201d, porque, en realidad, quemamos muchos libros. Dise\u00f1amos potentes lanzallamas que escupen queroseno e incendiamos libros, de manera masiva.<\/span><\/p>\n<p class=\"css-axufdj evys1bk0\" style=\"text-align: justify;\"><span style=\"font-size: 14pt;\">Para m\u00ed no fue nada f\u00e1cil porque desde muy peque\u00f1o me ense\u00f1aron que los libros se leen y se respetan. Hasta poner una taza de t\u00e9 sobre un libro se consideraba un pecado. En casa de mis padres, el cl\u00e1sico de la poes\u00eda persa llamado\u00a0<em class=\"css-2fg4z9 e1gzwzxm0\">El div\u00e1n<\/em>, de Hafez Shiraz\u00ed, era venerado como un texto religioso.<\/span><\/p>\n<p class=\"css-axufdj evys1bk0\" style=\"text-align: justify;\"><span style=\"font-size: 14pt;\">Sin embargo, acept\u00e9 hacer la adaptaci\u00f3n cinematogr\u00e1fica de la trascendental novela de Ray Bradbury,\u00a0<em class=\"css-2fg4z9 e1gzwzxm0\">Fahrenheit 451<\/em>, que presenta a Estados Unidos en un futuro en el que los libros se proh\u00edben y los bomberos los queman. El protagonista, un bombero que se llama Guy Montag, comienza a cuestionar sus acciones y se revela contra su mentor, el capit\u00e1n Beatty. Cuando me propuse adaptar la novela a principios de 2016, me enfrent\u00e9 a una gran interrogante: \u00bfa la gente todav\u00eda le interesan los libros f\u00edsicos?<\/span><\/p>\n<p class=\"css-axufdj evys1bk0\" style=\"text-align: justify;\"><span style=\"font-size: 14pt;\">Le ped\u00ed consejo a un amigo de 82 a\u00f1os. \u201cAnda, ve y quema libros\u201d, me dijo. \u201cPara m\u00ed no importan. Puedo leer cualquier cosa desde mi tableta, desde el\u00a0<em class=\"css-2fg4z9 e1gzwzxm0\">Poema de Gilgamesh<\/em>\u00a0hasta algo de Jo Nesbo, y puedo leerlos desde la cama, en un avi\u00f3n o al lado del mar, porque todo est\u00e1 en la nube, a salvo de las antorchas de tus bomberos\u201d.<\/span><\/p>\n<p class=\"css-axufdj evys1bk0\" style=\"text-align: justify;\"><span style=\"font-size: 14pt;\">Si \u00e9l opinaba eso, \u00bfqu\u00e9 pensar\u00edan los adolescentes? La novela de Bradbury es un cl\u00e1sico que se ense\u00f1a en las secundarias de Estados Unidos. No obstante, cuanto m\u00e1s lo pensaba, m\u00e1s importante me parec\u00eda la novela. Para Bradbury, los libros eran dep\u00f3sitos de conocimientos e ideas. Tem\u00eda un futuro en el que ese objeto estuviera en peligro, y ahora ese futuro lleg\u00f3: internet y las nuevas plataformas de las redes sociales \u2014y su amenaza potencial para el pensamiento serio\u2014 ser\u00edan la piedra angular de mi adaptaci\u00f3n.<\/span><\/p>\n<p class=\"css-axufdj evys1bk0\" style=\"text-align: justify;\"><span style=\"font-size: 14pt;\">Nunca hab\u00eda adaptado un libro, mucho menos uno tan importante. Alterar una obra tan brillante y querida siempre molesta a algunos fan\u00e1ticos. Supe que Bradbury hab\u00eda apoyado la adaptaci\u00f3n cinematogr\u00e1fica de Fran\u00e7ois Truffaut de 1966. Lo m\u00e1s importante, Bradbury mismo hab\u00eda reimaginado\u00a0<em class=\"css-2fg4z9 e1gzwzxm0\">Fahrenheit 451<\/em>, primero como una obra de teatro y despu\u00e9s como un musical, cambiando varios elementos, entre ellos dejar con vida a la vecina de Montag, Clarisse McClellan (en la novela, ella muere al principio). Con Bradbury como mi gu\u00eda, y la promesa de mantenerme fiel a sus ideas, comenc\u00e9 a trabajar en el guion.<\/span><\/p>\n<p class=\"css-axufdj evys1bk0\" style=\"text-align: justify;\"><span style=\"font-size: 14pt;\"><em class=\"css-2fg4z9 e1gzwzxm0\">Fahrenheit 451<\/em>\u00a0se escribi\u00f3 a principios de la d\u00e9cada de 1950, poco despu\u00e9s de que los nazis hab\u00edan quemado libros y, en \u00faltima instancia, seres humanos. Estados Unidos viv\u00eda bajo una neblina de miedo creada por el Comit\u00e9 de Actividades Antiestadounidenses del congreso y el macartismo, que trajo consigo la represi\u00f3n pol\u00edtica, las listas negras y la censura de la literatura y el arte. Estas ansiedades permearon la novela.<\/span><\/p>\n<p class=\"css-axufdj evys1bk0\" style=\"text-align: justify;\"><span style=\"font-size: 14pt;\">Sin embargo, la inspiraci\u00f3n clave de Bradbury fue la invasi\u00f3n de varias televisiones en blanco y negro de siete pulgadas en los hogares de las personas. Bradbury no era partidario del ludismo, ese movimiento que se opuso a la revoluci\u00f3n industrial y destruy\u00f3 los telares que amenazaban con dejar sin trabajo a los trabajadores textiles.<\/span><\/p>\n<p class=\"css-axufdj evys1bk0\" style=\"text-align: justify;\"><span style=\"font-size: 14pt;\">Escribi\u00f3 obras de teatro, incluyendo una adaptaci\u00f3n de\u00a0<em class=\"css-2fg4z9 e1gzwzxm0\">Moby Dick<\/em>. Tambi\u00e9n escribi\u00f3 65 episodios de una serie de televisi\u00f3n:\u00a0<em class=\"css-2fg4z9 e1gzwzxm0\">The Ray Bradbury Theater<\/em>. No obstante, en\u00a0<em class=\"css-2fg4z9 e1gzwzxm0\">Fahrenheit 451<\/em>, Bradbury nos advert\u00eda sobre la amenaza que supon\u00edan los medios masivos de comunicaci\u00f3n para la lectura, sobre el bombardeo de las sensaciones digitales que pod\u00edan sustituir al pensamiento cr\u00edtico.<\/span><\/p>\n<p class=\"css-axufdj evys1bk0\" style=\"text-align: justify;\"><span style=\"font-size: 14pt;\">En la novela, imagin\u00f3 un mundo donde la gente se entreten\u00eda d\u00eda y noche mirando los muros digitales de sus hogares. Interactuaban con sus\u00a0<em class=\"css-2fg4z9 e1gzwzxm0\">amigos<\/em>\u00a0a trav\u00e9s de esas pantallas, escuch\u00e1ndolos a trav\u00e9s de \u201cradios auriculares\u201d \u2014la versi\u00f3n de Bradbury de los AirPods inal\u00e1mbricos de Apple\u2014 insertados en sus o\u00eddos.<\/span><\/p>\n<p class=\"css-axufdj evys1bk0\" style=\"text-align: justify;\"><span style=\"font-size: 14pt;\">En ese mundo, a la gente se le atiborraba de \u201cdatos no combustibles\u201d: palabras de canciones populares, los nombres de las capitales de los estados, la cantidad de \u201cma\u00edz que Iowa cultiv\u00f3 el a\u00f1o pasado\u201d. \u201cTendr\u00e1n la sensaci\u00f3n de que piensan\u201d escribi\u00f3 Bradbury, \u201cy ser\u00e1n felices, porque los hechos de esa naturaleza no cambian\u201d.<\/span><\/p>\n<p class=\"css-axufdj evys1bk0\" style=\"text-align: justify;\"><span style=\"font-size: 14pt;\">A Bradbury le preocupaba el advenimiento de Reader\u2019s Digest. Hoy, tenemos a Wikipedia y los tuits; le preocupaba que la gente solo leyera encabezados. Hoy parece que la mitad de las palabras en l\u00ednea han sido sustituidas por emojis. Cuanto m\u00e1s erosionamos la lengua, m\u00e1s erosionamos nuestro pensamiento complejo y somos m\u00e1s f\u00e1ciles de controlar. Bradbury tem\u00eda la p\u00e9rdida de la memoria. Hoy hemos decidido que Google y nuestras cuentas en redes sociales sean los guardianes de nuestros recuerdos, emociones, sue\u00f1os y hechos.<\/span><\/p>\n<p class=\"css-axufdj evys1bk0\" style=\"text-align: justify;\"><span style=\"font-size: 14pt;\">A medida que las empresas tecnol\u00f3gicas consoliden su poder, imaginen lo f\u00e1cil que ser\u00e1 rescribir la entrada de Wikipedia de Benjamin Franklin para que concuerde con lo que los bomberos de la novela de Bradbury aprendieron sobre la historia del departamento de bomberos: \u201cEstablecidos en 1790 para quemar los libros de influencia inglesa de las colonias. Primer bombero: Benjamin Franklin\u201d. De esta forma, Bradbury predijo el ascenso de los \u201chechos alternativos\u201d y la era de la \u201cposverdad\u201d.<\/span><\/p>\n<p class=\"css-axufdj evys1bk0\" style=\"text-align: justify;\"><span style=\"font-size: 14pt;\">A medida que el mundo virtual se vuelve m\u00e1s dominante, tener libros se vuelve un acto de rebeli\u00f3n. Cuando estamos en posesi\u00f3n de un libro impreso, nadie puede rastrearlo, alterarlo ni hackearlo. Los personajes en mi pel\u00edcula nunca han visto un libro. Cuando se encuentran con una biblioteca por primera vez, los libros son como el agua en un vasto desierto digital. Ver, tocar y oler un libro es tan ajeno para el bombero, como para cualquiera de nosotros ser\u00eda orde\u00f1ar una vaca.<\/span><\/p>\n<p class=\"css-axufdj evys1bk0\" style=\"text-align: justify;\"><span style=\"font-size: 14pt;\">Los bomberos est\u00e1n encantados con los libros, pero a pesar de ello deben quemarlos. Quemar libros en la pel\u00edcula constituy\u00f3 un desaf\u00edo jur\u00eddico. Las portadas de la mayor\u00eda de los libros est\u00e1n protegidas por derechos de autor y en muchos casos no pudimos obtener permisos para mostrarlas, ya no digamos para quemarlas frente a la c\u00e1mara. As\u00ed que los directores de arte de mi pel\u00edcula dise\u00f1aron innumerables portadas de libros que pod\u00edamos quemar.<\/span><\/p>\n<section class=\"meteredContent css-1r7ky0e\">\n<div class=\"css-1fanzo5 StoryBodyCompanionColumn\">\n<div class=\"css-53u6y8\">\n<p class=\"css-axufdj evys1bk0\" style=\"text-align: justify;\"><span style=\"font-size: 14pt;\">La pregunta fue: \u00bfqu\u00e9 libros? Siempre quise quemar m\u00e1s de los que hab\u00eda tiempo de filmar. Sab\u00eda que quer\u00eda incluir algunos de mis favoritos, como\u00a0<em class=\"css-2fg4z9 e1gzwzxm0\">Crimen y castigo<\/em>,\u00a0<em class=\"css-2fg4z9 e1gzwzxm0\">La canci\u00f3n de Salom\u00f3n<\/em>\u00a0y las obras de Franz Kafka. Sin embargo, no deb\u00edamos quemar \u00fanicamente obras de ficci\u00f3n.\u00a0<em class=\"css-2fg4z9 e1gzwzxm0\">Las historias<\/em>\u00a0de Her\u00f3doto \u2014la historia misma\u2014 se inciner\u00f3. P\u00e1ginas de poemas de Emily Dickinson, Tagore y Ferdowsi se convirtieron en cenizas negras. Le prendimos fuego a la filosof\u00eda de Hegel, Plat\u00f3n y Grace Lee Boggs.<\/span><\/p>\n<p class=\"css-axufdj evys1bk0\" style=\"text-align: justify;\"><span style=\"font-size: 14pt;\">Los bomberos no discriminaron: incendiaron textos en chino, hind\u00fa, persa y espa\u00f1ol por igual. Una partitura de Mozart, una pintura de Edvard Munch, revistas, peri\u00f3dicos, fotograf\u00edas del jefe Toro Sentado, Frederick Douglass y el alunizaje de 1969 ardieron formando una columna de humo. Hasta los bomberos m\u00e1s fan\u00e1ticos tuvieron problemas para quemar todas las copias de \u00e9xitos editoriales como\u00a0<em class=\"css-2fg4z9 e1gzwzxm0\">Los siete h\u00e1bitos de la gente altamente efectiva<\/em>.<\/span><\/p>\n<p class=\"css-axufdj evys1bk0\" style=\"text-align: justify;\"><span style=\"font-size: 14pt;\">Despu\u00e9s de que J. K. Rowling habl\u00f3 en contra de Donald Trump en Twitter, la gente tuite\u00f3 que estaba planeando quemar sus libros de Harry Potter. As\u00ed que eso hicimos. Los libros prohibidos a lo largo de la historia tambi\u00e9n ten\u00edan que irse:\u00a0<em class=\"css-2fg4z9 e1gzwzxm0\">La autobiograf\u00eda de Malcolm X<\/em>\u00a0contada por Alex Haley,\u00a0<em class=\"css-2fg4z9 e1gzwzxm0\">Lolita<\/em>,\u00a0<em class=\"css-2fg4z9 e1gzwzxm0\">Hojas de hierba<\/em>\u00a0y el\u00a0<em class=\"css-2fg4z9 e1gzwzxm0\">Manifiesto comunista<\/em>. Durante la filmaci\u00f3n de la pel\u00edcula,\u00a0<em class=\"css-2fg4z9 e1gzwzxm0\">Matar a un ruise\u00f1or<\/em>, blanco frecuente de censura, nuevamente fue prohibido en algunas escuelas, as\u00ed que acab\u00f3 entre las llamas.<\/span><\/p>\n<p class=\"css-axufdj evys1bk0\" style=\"text-align: justify;\"><span style=\"font-size: 14pt;\">Para algunos autores, que uno de sus libros se quemara en una pel\u00edcula era una medalla de honor. Werner Herzog y Hamid Dabashi donaron su obra generosamente para que se quemara junto con lo mejor y lo peor de la literatura. Si salv\u00e1bamos\u00a0<em class=\"css-2fg4z9 e1gzwzxm0\">Sangre sabia<\/em>, entonces tambi\u00e9n deb\u00edamos preservar\u00a0<em class=\"css-2fg4z9 e1gzwzxm0\">Mi lucha<\/em>.<\/span><\/p>\n<p class=\"css-axufdj evys1bk0\" style=\"text-align: justify;\"><span style=\"font-size: 14pt;\">Ver los libros arder fue una experiencia sobrenatural. El sonido de las p\u00e1ginas al quemarse parec\u00eda el \u00faltimo aliento de cientos de almas que mueren. Cuantos m\u00e1s quem\u00e1bamos, m\u00e1s hipn\u00f3tico se volv\u00eda: un espect\u00e1culo cautivador de p\u00e1ginas que se retorc\u00edan y brasas que bailaban en el vac\u00edo.<\/span><\/p>\n<p class=\"css-axufdj evys1bk0\" style=\"text-align: justify;\"><span style=\"font-size: 14pt;\">Bradbury cre\u00eda que quer\u00edamos que el mundo se volviera as\u00ed. Que ped\u00edamos que los bomberos quemaran los libros; que quer\u00edamos que el entretenimiento remplazara la lectura y el pensamiento. Que vot\u00e1bamos por sistemas pol\u00edticos y econ\u00f3micos que nos mantuvieran contentos en lugar de informados de una forma considerada.<\/span><\/p>\n<p class=\"css-axufdj evys1bk0\" style=\"text-align: justify;\"><span style=\"font-size: 14pt;\">Dir\u00eda que elegimos darles nuestra privacidad y libertad a las empresas tecnol\u00f3gicas; que decidimos confiar nuestro patrimonio cultural y conocimientos a los archivos digitales. El ej\u00e9rcito m\u00e1s grandioso de bomberos ser\u00e1 irrelevante en el mundo digital. Ser\u00e1n tan impotentes como beb\u00e9s con reflujo al lado de quienquiera que controle un internet consolidado.<\/span><\/p>\n<p class=\"css-axufdj evys1bk0\" style=\"text-align: justify;\"><span style=\"font-size: 14pt;\">\u00bfC\u00f3mo podr\u00edan evitar que una persona que se esconde en el s\u00f3tano de sus padres con una computadora port\u00e1til\u00a0hackee miles de millones de a\u00f1os de la historia, la literatura y la cultura colectiva de la humanidad, y luego la rescriba en su totalidad\u2026 o solo haga clic en borrar? \u00bfQui\u00e9n se dar\u00eda cuenta?<\/span><\/p>\n<\/div>\n<aside class=\"css-ew4tgv\" aria-label=\"companion column\"><\/aside>\n<\/div>\n<\/section>\n<div class=\"css-1ubp8k9\">\u00a0<\/div>\n<div><img loading=\"lazy\" decoding=\"async\" class=\"aligncenter size-full wp-image-2227287\" src=\"https:\/\/puntocritico.com\/ausajpuntocritico\/wp-content\/uploads\/2021\/09\/fahrenheit451.jpg\" alt=\"\" width=\"800\" height=\"280\" data-id=\"2227287\" srcset=\"https:\/\/puntocritico.com\/ausajpuntocritico\/wp-content\/uploads\/2021\/09\/fahrenheit451.jpg 800w, https:\/\/puntocritico.com\/ausajpuntocritico\/wp-content\/uploads\/2021\/09\/fahrenheit451-300x105.jpg 300w, https:\/\/puntocritico.com\/ausajpuntocritico\/wp-content\/uploads\/2021\/09\/fahrenheit451-768x269.jpg 768w, https:\/\/puntocritico.com\/ausajpuntocritico\/wp-content\/uploads\/2021\/09\/fahrenheit451-610x214.jpg 610w\" sizes=\"auto, (max-width: 800px) 100vw, 800px\" \/><\/div>\n<div class=\"bottom-of-article\">\n<div class=\"css-1yif149\">\n<p style=\"text-align: right;\"><em>Ramin Bahrani es escritor, director y becario del Guggenheim; entre sus pel\u00edculas destacan \u201cChop Shop\u201d y \u201c99 Homes\u201d. Su adaptaci\u00f3n de \u201cFahrenheit 451\u201d ser\u00e1 transmitida por HBO.<\/em><\/p>\n<\/div>\n<\/div>\n<p style=\"text-align: center;\"><strong><span style=\"color: #008000; font-size: 18pt;\">*****<\/span><\/strong><\/p>\n<p>&nbsp;<\/p>\n<p style=\"text-align: center;\"><strong><span style=\"font-size: 24pt;\"><a id=\"ref5\"><\/a><a href=\"#ref5a\">[5]<\/a> Inquisici\u00f3n para ni\u00f1os: acerca de la quema de libros terroristas en Canad\u00e1<\/span><\/strong><\/p>\n<p style=\"text-align: justify;\"><span style=\"font-size: 14pt;\">Por Javier Olivera Ravasi<\/span><\/p>\n<p style=\"text-align: justify;\"><a href=\"https:\/\/www.infocatolica.com\/blog\/notelacuenten.php\/2109101248-inquisicion-para-ninos-acerca\" target=\"_blank\" rel=\"noopener\" data-schema-attribute=\"\"><span style=\"font-size: 14pt;\">Infocat\u00f3lica.com<\/span><\/a><\/p>\n<div class=\"bText\">\n<figure id=\"attachment_2227290\" aria-describedby=\"caption-attachment-2227290\" style=\"width: 600px\" class=\"wp-caption aligncenter\"><img loading=\"lazy\" decoding=\"async\" class=\"size-full wp-image-2227290\" src=\"https:\/\/puntocritico.com\/ausajpuntocritico\/wp-content\/uploads\/2021\/09\/Catolicos-quemando-libros-y-gentes.jpg\" alt=\"\" width=\"600\" height=\"400\" data-id=\"2227290\" srcset=\"https:\/\/puntocritico.com\/ausajpuntocritico\/wp-content\/uploads\/2021\/09\/Catolicos-quemando-libros-y-gentes.jpg 600w, https:\/\/puntocritico.com\/ausajpuntocritico\/wp-content\/uploads\/2021\/09\/Catolicos-quemando-libros-y-gentes-300x200.jpg 300w\" sizes=\"auto, (max-width: 600px) 100vw, 600px\" \/><figcaption id=\"caption-attachment-2227290\" class=\"wp-caption-text\"><span style=\"color: #008000;\">Quemolog\u00eda Cat\u00f3lica<\/span><\/figcaption><\/figure>\n<\/div>\n<div>\u00a0<\/div>\n<div>\n<p class=\"t-content__chapo\" style=\"text-align: justify;\"><span style=\"font-size: 14pt;\">Es que la idiotez no tiene l\u00edmites\u2026.<\/span><\/p>\n<p class=\"t-content__chapo\" style=\"text-align: justify;\"><span style=\"font-size: 14pt;\">S\u00ed; como se lee. Un consejo escolar de la provincia de Ontario ha destruido un total de 5.000 libros y c\u00f3mics, algunos de ellos quemados y enterrados, por considerar que\u00a0<strong>propagan estereotipos negativos sobre los abor\u00edgenes.<\/strong><\/span><\/p>\n<p class=\"t-content__chapo\" style=\"text-align: justify;\"><span style=\"font-size: 14pt;\">Entre estos libros figuran \u00e1lbumes de Ast\u00e9rix, Tint\u00edn, y novelas.<\/span><\/p>\n<p class=\"t-content__chapo\" style=\"text-align: justify;\"><span style=\"font-size: 14pt;\">\u201cPurga literaria\u201d le han llamado algunos genios de lo pol\u00edticamente correcto; y, lo peor, es que se dio en\u00a0<strong>las bibliotecas del Consejo Escolar Cat\u00f3lico<\/strong>\u00a0Providence, que incluye 30 escuelas de lengua francesa en el suroeste de Ontario. Es decir: \u201ccolegios cat\u00f3licos sociedad an\u00f3nima\u00bb, que de cat\u00f3licos tienen apenas el nombre, claro\u2026<\/span><\/p>\n<div class=\"t-content__body u-clearfix\">\n<p style=\"text-align: justify;\"><span style=\"font-size: 14pt;\">El objetivo era tener \u201cun gesto de reconciliaci\u00f3n con las Primeras Naciones (sic), y un gesto de apertura hacia las otras comunidades presentes en la escuela y en nuestra sociedad\u00bb, coment\u00f3 la se\u00f1ora, se\u00f1orita o se\u00f1orete Lyne Cossette, portavoz del \u201cConsejo Escolar Cat\u00f3lico Providence\u00bb.<\/span><\/p>\n<p style=\"text-align: justify;\"><span style=\"font-size: 14pt;\"><strong>Una purificaci\u00f3n con llamas<\/strong><\/span><\/p>\n<p style=\"text-align: justify;\"><span style=\"font-size: 14pt;\">El tema no comenz\u00f3 ahora; no. Sino en 2019, al celebrarse una \u201cceremonia de purificaci\u00f3n con llamas\u201d con cuyas cenizas se plantaron \u00e1rboles para \u201c<strong>convertir lo negativo en positivo<\/strong>\u201d (sic).<\/span><\/p>\n<p style=\"text-align: justify;\"><span style=\"font-size: 14pt;\"><em>Enterramos las cenizas del racismo, la discriminaci\u00f3n y los estereotipos con la esperanza de crecer en un pa\u00eds inclusivo en el que todos puedan vivir con prosperidad y seguridad<\/em>\u201c, explic\u00f3 el Consejo Escolar en un video destinado a los alumnos realizado por Suzy Kies, copresidenta de la Comisi\u00f3n de Pueblos Abor\u00edgenes del Partido Liberal de Canad\u00e1, \u201cguardiana del conocimiento aborigen\u00bb, a pesar de haber sido denunciada por no tener siguiera un antepasado aborigen al menos hasta 1780\u2026<\/span><\/p>\n<p style=\"text-align: justify;\"><span style=\"font-size: 14pt;\">Entre los libros inquisitoriados est\u00e1n Tint\u00edn, Lucky Luke y Ast\u00e9rix.<\/span><\/p>\n<p style=\"text-align: justify;\"><span style=\"font-size: 14pt;\">Las razones aducidas han sido \u201cdibujar a los abor\u00edgenes sin camiseta\u00bb, el acoso a las mujeres, discriminaciones varias y un largo etc\u00e9tera de razones propias de gente amente.<\/span><\/p>\n<p style=\"text-align: justify;\"><span style=\"font-size: 14pt;\">El primer ministro canadiense, Justin Trudeau, paradigma de carencia testoster\u00f3nica, al ser consultado sobre el tema dijo simplemente que no le corresponde a \u00e9l ni a \u201clas personas no abor\u00edgenes decir a los abor\u00edgenes c\u00f3mo deben sentirse o c\u00f3mo deben actuar para avanzar en la reconciliaci\u00f3n\u00bb.<\/span><\/p>\n<p>&nbsp;<\/p>\n<\/div>\n<\/div>\n<figure id=\"attachment_2227291\" aria-describedby=\"caption-attachment-2227291\" style=\"width: 440px\" class=\"wp-caption aligncenter\"><img loading=\"lazy\" decoding=\"async\" class=\"wp-image-2227291\" src=\"https:\/\/puntocritico.com\/ausajpuntocritico\/wp-content\/uploads\/2021\/09\/El-Arzobispo-Diego-de-Landa-quema-los-Libros-sagrados-de-los-Mayas.jpg\" alt=\"\" width=\"440\" height=\"587\" data-id=\"2227291\" srcset=\"https:\/\/puntocritico.com\/ausajpuntocritico\/wp-content\/uploads\/2021\/09\/El-Arzobispo-Diego-de-Landa-quema-los-Libros-sagrados-de-los-Mayas.jpg 1920w, https:\/\/puntocritico.com\/ausajpuntocritico\/wp-content\/uploads\/2021\/09\/El-Arzobispo-Diego-de-Landa-quema-los-Libros-sagrados-de-los-Mayas-225x300.jpg 225w, https:\/\/puntocritico.com\/ausajpuntocritico\/wp-content\/uploads\/2021\/09\/El-Arzobispo-Diego-de-Landa-quema-los-Libros-sagrados-de-los-Mayas-768x1024.jpg 768w, https:\/\/puntocritico.com\/ausajpuntocritico\/wp-content\/uploads\/2021\/09\/El-Arzobispo-Diego-de-Landa-quema-los-Libros-sagrados-de-los-Mayas-1152x1536.jpg 1152w, https:\/\/puntocritico.com\/ausajpuntocritico\/wp-content\/uploads\/2021\/09\/El-Arzobispo-Diego-de-Landa-quema-los-Libros-sagrados-de-los-Mayas-1536x2048.jpg 1536w, https:\/\/puntocritico.com\/ausajpuntocritico\/wp-content\/uploads\/2021\/09\/El-Arzobispo-Diego-de-Landa-quema-los-Libros-sagrados-de-los-Mayas-610x813.jpg 610w, https:\/\/puntocritico.com\/ausajpuntocritico\/wp-content\/uploads\/2021\/09\/El-Arzobispo-Diego-de-Landa-quema-los-Libros-sagrados-de-los-Mayas-1320x1760.jpg 1320w\" sizes=\"auto, (max-width: 440px) 100vw, 440px\" \/><figcaption id=\"caption-attachment-2227291\" class=\"wp-caption-text\"><span style=\"color: #008000;\">El Arzobispo Diego de Landa Quema los libros sagrados de los Mayas, Mural de Fernando Castro Pacheco. Se calcula que Landa destruy\u00f3 no menos de 27 c\u00f3dices Mayas, en los que estaba escrita la historia, tradiciones y sabidur\u00eda de los antiguos Mayas desde hac\u00eda m\u00e1s de mil a\u00f1os.<\/span><\/figcaption><\/figure>\n<p style=\"text-align: center;\"><strong><span style=\"color: #008000; font-size: 18pt;\">*****<\/span><\/strong><\/p>\n<p>&nbsp;<\/p>\n<header class=\"entry-header\">\n<p style=\"text-align: center;\"><strong><span style=\"font-size: 24pt;\"><a id=\"ref6\"><\/a><a href=\"#ref6a\">[6]<\/a> EL BIBLIOCAUSTO EN LA ESPA\u00d1A DE FRANCO (1936-1939)<\/span><\/strong><\/p>\n<p style=\"text-align: justify;\"><span style=\"font-size: 14pt;\">Por Francesc Tur<\/span><\/p>\n<p style=\"text-align: justify;\"><a href=\"https:\/\/serhistorico.net\/2018\/04\/04\/el-bibliocausto-en-la-espana-de-franco-1936-1939\/#sdfootnote1sym\" target=\"_blank\" rel=\"noopener\" data-schema-attribute=\"\"><span style=\"font-size: 14pt;\">Ser Hist\u00f3rico<\/span><\/a><\/p>\n<p><a href=\"https:\/\/puntocritico.com\/ausajpuntocritico\/wp-content\/uploads\/2018\/05\/guernica.jpg\" rel=\"lightbox[11743]\"><img loading=\"lazy\" decoding=\"async\" class=\"smush-detected-img smush-image-1 aligncenter wp-image-11780\" src=\"https:\/\/puntocritico.com\/ausajpuntocritico\/wp-content\/uploads\/2018\/05\/guernica-1024x464.jpg\" sizes=\"auto, (max-width: 1024px) 100vw, 1024px\" srcset=\"https:\/\/puntocritico.com\/ausajpuntocritico\/wp-content\/uploads\/2018\/05\/guernica-1024x464.jpg 1024w, https:\/\/puntocritico.com\/ausajpuntocritico\/wp-content\/uploads\/2018\/05\/guernica-300x136.jpg 300w, https:\/\/puntocritico.com\/ausajpuntocritico\/wp-content\/uploads\/2018\/05\/guernica-768x348.jpg 768w, https:\/\/puntocritico.com\/ausajpuntocritico\/wp-content\/uploads\/2018\/05\/guernica.jpg 1199w\" alt=\"\" width=\"660\" height=\"299\" \/><\/a><\/p>\n<p style=\"text-align: center;\">\u00a0<\/p>\n<\/header>\n<div class=\"entry-featured  entry-thumbnail\" style=\"text-align: justify;\"><span style=\"font-size: 14pt;\">Cuando se habla de quema de libros en el siglo XX, la imagen que suele venir a la retina es la Beberplatz de Berl\u00edn el 10 de mayo de 1933, escenario de una gran hoguera en la que ardieron miles de ejemplares de obras consideradas \u201c<em>antialemanas<\/em>\u201d. Ni que decir tiene que, a lo largo de la historia, ha habido muchos otros episodios de fuego purificador, desde el incendio de la biblioteca de Alejandr\u00eda pasando por la quema de libros de <strong>Confucio<\/strong> en China durante la dinast\u00eda Qin, o el\u00a0<strong>auto de fe de octubre de 1861\u00a0en Barcelona<\/strong> en el que fueron pasto de las llamas 300 vol\u00famenes espiritistas, por citar solo tres de ellos. Menos conocido es el hecho de que, desde el golpe de julio de 1936 hasta el final de la guerra, numerosas piras se encendieron en las ciudades y pueblos de la Espa\u00f1a\u00a0<i>nacional\u00a0<\/i>en las que ardieron gran n\u00famero de publicaciones tildadas de \u201c<em>antiespa\u00f1olas<\/em>\u201d y \u201c<em>envenenadoras del alma popular<\/em>.\u201d<\/span><\/div>\n<div class=\"entry-content\">\n<p style=\"text-align: justify;\"><span style=\"font-size: 14pt;\">En los primeras d\u00edas del conflicto no se hab\u00edan dictado todav\u00eda \u00f3rdenes por parte de los nuevos gobernadores civiles sobre la prohibici\u00f3n de la literatura\u00a0<i>disolvente<\/i>, pero el modus operandi de los sublevados inclu\u00eda siempre la destrucci\u00f3n del \u201c<em>material peligroso<\/em>\u201d que constitu\u00edan determinadas obras. As\u00ed, a la entrada de las fuerzas requet\u00e9s en varias localidades de La Rioja, lo primero que hicieron fue depurar las bibliotecas y quemar los archivos de las distintas sedes sindicales, donde se supon\u00eda que exist\u00eda \u201c<em>literatura perniciosa<\/em>.\u201d<\/span><\/p>\n<p style=\"text-align: justify;\"><span style=\"font-size: 14pt;\">En C\u00f3rdoba, ya el 19 de julio una de las prioridades de los sublevados era tambi\u00e9n la\u00a0<i>limpieza<\/i>\u00a0de librer\u00edas y kioscos como lo se\u00f1alaba el Jefe de Orden P\u00fablico y teniente general de la Guardia Civil <strong>Bruno Ib\u00e1nez G\u00e1lvez<\/strong> en una nota publicada por el\u00a0<i>ABC\u00a0<\/i>de Sevilla el 26 de septiembre:<\/span><\/p>\n<p style=\"text-align: justify; padding-left: 40px;\"><span style=\"font-size: 14pt;\"><em>\u201cEn nuestra querida capital, al d\u00eda siguiente de iniciarse el movimiento del Ej\u00e9rcito salvador de Espa\u00f1a, por bravos muchachos de Falange Espa\u00f1ola fueron recogidos de kioscos y librer\u00edas centenares de ejemplares de esa escoria de la literatura que fueron quemados como merec\u00edan. Asimismo, muy recientemente, los valientes y abnegados Requet\u00e9s realizaron an\u00e1loga labor, recogiendo tambi\u00e9n otro gran n\u00famero de ejemplares de esas malditas lecturas que deben desaparecer para siempre del pueblo espa\u00f1ol\u201c.<\/em><\/span><\/p>\n<p style=\"text-align: justify;\"><span style=\"font-size: 14pt;\">En Palma, el primer dia del golpe, el 19 de julio de 1936, seg\u00fan testimonio del cenetista <strong>Manuel P\u00e9rez<\/strong> (Osuna, Sevilla, 1887-R\u00edo de Janeiro, 1964), atrapado en la isla con motivo del congreso constituyente de la regional de la CNT en Baleares, los sublevados actuaron de forma similar:<\/span><\/p>\n<p style=\"text-align: justify; padding-left: 40px;\"><span style=\"font-size: 14pt;\"><em>\u201cOcupados los centros oficiales donde los rebeldes no hallaron la menor resistencia, se inici\u00f3 el asalto a las organizaciones obreras y a los locales donde ten\u00edan su residencia las agrupaciones de izquierdas. Nada escap\u00f3 a la furia vand\u00e1lica de las hordas fascistas. Despu\u00e9s de destrozarlo todo: muebles, cuadros, instrumentos de trabajo,etc , recordando los autos de fe de la Santa Inquisici\u00f3n, hicieron hogueras con los libros que encontraron en las bibliotecas.\u201c<\/em><\/span><\/p>\n<p style=\"text-align: justify;\"><span style=\"font-size: 14pt;\">La aversi\u00f3n a los libros lleg\u00f3 hasta extremos delirantes como recoge <strong>Josep Massot i Muntaner<\/strong> en\u00a0<i>Cultura i vida a Mallorca entre la guerra i la postguerra (1930-1950),\u00a0<\/i>(Abadia de Montserrat, 1978):<\/span><\/p>\n<p style=\"text-align: justify; padding-left: 40px;\"><span style=\"font-size: 14pt;\"><em>\u201cL\u2019odi contra els llibres m\u2019ha estat confirmat per un testimoni de primer ordre: a Inca, per exemple, foren cremades totes les obres en catal\u00e0 d\u2019una biblioteca p\u00fablica- entre les quals el primer volum del Diccionari Catal\u00e0-Valenci\u00e0-Balear- i la biblioteca p\u00fablica circulant de Sencelles-prou considerable- fou assaltada i, despr\u00e9s de fer un caramull amb els llibres hom hi defec\u00e0 al damunt.\u201c<\/em><\/span><\/p>\n<p style=\"text-align: justify;\"><span style=\"font-size: 14pt;\">Por esas mismas fechas, en la localidad abulense de Barco, los libros de la Agrupaci\u00f3n Socialista, los de la Sociedad de Oficios Varios y los de la Agrupaci\u00f3n de Trabajadores de la Tierra\u00a0<em>\u201cfueron destruidos por las Milicias a su llegada a esta localidad en los preliminares del Glorioso Movimiento Nacional.<\/em>\u201d<\/span><\/p>\n<p style=\"text-align: justify;\"><span style=\"font-size: 14pt;\">En Soria, el jefe de la Biblioteca P\u00fablica de la ciudad castellana, refiere, seg\u00fan <strong>Jos\u00e9 Andr\u00e9s de Blas<\/strong> y <strong>Fernando Larraz<\/strong> en la primera entrega de \u201c<em>La Guerra Civil espa\u00f1ola y el mundo del libro. Censura y represi\u00f3n cultural (1936-1937)<\/em>\u201d que \u201c<em>en los primeros d\u00edas del Movimiento Nacional, se dispuso la recogida inmediata de los pocos ejemplares que, sin destruir, quedaban en esta plaza, ya que, al pasar por Soria, la columna de requet\u00e9s del general Mola, prendi\u00f3 fuego a los libros que hab\u00eda en un kiosco dedicado a dicho comercio y los que fueron recogidos despu\u00e9s sufrieron la misma suerte en una dependencia de este Gobierno Civil.<\/em>\u201d<\/span><\/p>\n<p style=\"text-align: justify;\"><span style=\"font-size: 14pt;\">En la localidad cacere\u00f1a de <em><strong>Herrera de Alc\u00e1ntara<\/strong><\/em> tuvo lugar una \u201c<em>expurga<\/em>\u201d de obras en la Biblioteca Municipal\u00a0<em>\u201cverificada en los primeros d\u00edas del Movimiento Glorioso<\/em>\u201d en la que se quemaron los libros considerados como literatura\u00a0<i>disolvente,\u00a0<\/i>seg\u00fan inform\u00f3 el consistorio del pueblo al Ministerio de Educaci\u00f3n Nacional cuando este asumi\u00f3 las competencias en materia de bibliotecas.<\/span><\/p>\n<p style=\"text-align: justify;\"><span style=\"font-size: 14pt;\">En C\u00f3rdoba se quemaron los libros de segunda mano de los puestos de la plaza de la Corredera como cuenta el escritor y abogado <strong>Carmelo Casa\u00f1o Salido en su libro\u00a0<i>Nuestra ciudad (apuntes del recuerdo y las cosas)\u00a0<\/i>(Delegaci\u00f3n de Cultura, Ayuntamiento de C\u00f3rdoba, 1984<\/strong>):<\/span><\/p>\n<p style=\"text-align: justify; padding-left: 40px;\"><span style=\"font-size: 14pt;\"><em>\u201cUn d\u00eda desaparecieron los libros. Los compraron al peso y se los llevaron a Las Tendillas, para quemarlos, porque estaban celebrando las Misiones. La tarde de aquel domingo, despu\u00e9s del serm\u00f3n de un jesuita con bonete, ardieron, crepitando, los viejos libros que dorm\u00edan en la Corredera. Definitivamente murieron todos: el Ars Amandi y La vida de San Esperanto. \u00c9l ech\u00f3 en la pira dos novelas de Hugo Wast, y todav\u00eda le duele la mano cuando lo recuerda.\u201c<\/em><\/span><\/p>\n<p style=\"text-align: justify;\"><span style=\"font-size: 14pt;\">La censura de libros qued\u00f3 bajo control militar en las primeras semanas de la guerra. De hecho muchos t\u00edtulos incautados, que no fueron quemados, tambi\u00e9n fueron custodiados por las autoridades militares. El bando del 28 de julio de 1936, que declaraba el estado de guerra, impon\u00eda la censura previa de todo impreso o documento destinado a la publicidad o difusi\u00f3n. Posteriormente, <em>la <strong>censura<\/strong> se estableci\u00f3 por orden del 29 de mayo de 1937 aunque se tendr\u00eda que esperar hasta el 23 de abril de 1938 para su regulaci\u00f3n<\/em> con la <strong>Ley de Prensa<\/strong>, impulsada por <strong>Ram\u00f3n Serrano Su\u00f1er<\/strong> y que ten\u00eda como objetivo que los espa\u00f1oles leyesen \u201c<em>noticias basadas exclusivamente en la verdad y en la responsabilidad.<\/em>\u201d Esta era la \u201c<em>noble idea<\/em>\u201d de la que deb\u00eda impregnarse toda la prensa.<\/span><\/p>\n<p style=\"text-align: justify;\"><span style=\"font-size: 14pt;\">El peri\u00f3dico\u00a0<strong><i>Arriba Espa\u00f1a\u00a0<\/i><\/strong>de Pamplona en su primer n\u00famero del 1 de agosto incitaba a la destrucci\u00f3n de libros en estos t\u00e9rminos:\u00a0<em>\u201c\u00a1Camarada! Tienes obligaci\u00f3n de perseguir al juda\u00edsmo, a la masoner\u00eda, al marxismo y al separatismo. Destruye y quema sus peri\u00f3dicos, sus libros, sus revistas, sus propagandas, \u00a1Camaradas! \u00a1 Por Dios y por la patria! \u201c Su director era el cl\u00e9rigo falangista Ferm\u00edn Yzurdiaga, que acabar\u00eda siendo Jefe Nacional de prensa y Propaganda.<\/em>\u201c<\/span><\/p>\n<p style=\"text-align: justify;\"><span style=\"font-size: 14pt;\">La diatriba del \u00f3rgano oficial de Falange Espa\u00f1ola en Navarra fue seguida al pie de la letra por los soldados requet\u00e9s que ocuparon Tolosa, el 11 de agosto. Los franquistas apilaron en la plaza Zaharra de la localidad guipuzcoana los libros de la imprenta de Ixaka L\u00f3pez Mendiz\u00e1bal, los vol\u00famenes en euskera de la biblioteca municipal, los de las escuelas y los quemaron.<\/span><\/p>\n<p>&nbsp;<\/p>\n<figure id=\"attachment_14766\" class=\"wp-caption aligncenter\" data-shortcode=\"caption\">\n<figure id=\"attachment_11763\" class=\"wp-caption alignnone\" aria-describedby=\"caption-attachment-11763\">\n<figure id=\"attachment_11763\" aria-describedby=\"caption-attachment-11763\" style=\"width: 678px\" class=\"wp-caption aligncenter\"><a href=\"https:\/\/puntocritico.com\/ausajpuntocritico\/wp-content\/uploads\/2018\/05\/quema.jpg\" rel=\"lightbox[11743]\"><img loading=\"lazy\" decoding=\"async\" class=\"wp-image-11763 size-mh-magazine-content\" src=\"https:\/\/puntocritico.com\/ausajpuntocritico\/wp-content\/uploads\/2018\/05\/quema-678x381.jpg\" alt=\"\" width=\"678\" height=\"381\" \/><\/a><figcaption id=\"caption-attachment-11763\" class=\"wp-caption-text\"><span style=\"color: #008000;\">Tolosa, 11 de agosto de 1936<\/span><\/figcaption><\/figure><figcaption id=\"caption-attachment-11763\" class=\"wp-caption-text\"><\/figcaption><\/figure>\n<p>&nbsp;<\/p>\n<p style=\"text-align: justify;\"><span style=\"font-size: 14pt;\">El 14 de agosto los soldados del <strong>coronel Yag\u00fce<\/strong> entran en <em><strong>Badajoz<\/strong> <\/em>y, seg\u00fan informaba el Jefe de la Biblioteca Provincial de la capital pacense, (<em>a requerimiento de Javier Lasso de la Vega al hacerse cargo de la Jefatura de Archivos y Bibliotecas, organismo creado a fines de marzo de 1938<\/em>):<\/span><\/p>\n<\/figure>\n<p style=\"text-align: justify; padding-left: 40px;\"><span style=\"font-size: 14pt;\"><em>\u201cPocos d\u00edas despu\u00e9s de conquistada esta capital por las tropas nacionales, se realiz\u00f3, por elementos heterog\u00e9neos afectos al movimiento, una visita de inspecci\u00f3n y requisa por todas las librer\u00edas y kioscos en los que se recogieron cuantos libros de car\u00e1cter extremista y pornogr\u00e1fico fueron hallados y se reunieron en la Oficina de Censura Militar donde una vez comprobada la tendencia perniciosa fueron condenados al fuego.\u201d<\/em><\/span><\/p>\n<p style=\"text-align: justify;\"><span style=\"font-size: 14pt;\">La primera gran quema p\u00fablica se produjo, sin embargo, en <strong>La Coru\u00f1a el 19 de agosto de 1936<\/strong>. M\u00e1s de 1.000 libros ardieron en varias hogueras en la d\u00e1rsena del puerto de la ciudad gallega, frente al Club N\u00e1utico. Se trataba de obras de autores como Blasco Ib\u00e1\u00f1ez, Ortega y Gasset, P\u00edo Baroja o Miguel de Unamuno junto a la biblioteca personal del diputado de Izquierda Republicana y presidente del Consejo entre mayo y junio de aquel a\u00f1o,\u00a0<strong>Santiago Casares Quiroga<\/strong>\u00a0(La Coru\u00f1a, 1884-Par\u00eds, 1950) y la del centro de estudios sociales \u201c<em>Germinal<\/em>\u201d de la urbe coru\u00f1esa.<\/span><\/p>\n<p style=\"text-align: justify;\"><span style=\"font-size: 14pt;\">El acto presidido por un sacerdote apellidado <strong>Maseda<\/strong> (<em>que hizo la selecci\u00f3n de vol\u00famenes a incendiar<\/em>) fue recogido en el peri\u00f3dico\u00a0<i>El Ideal Gallego\u00a0<\/i>el 19 de agosto.<\/span><\/p>\n<p style=\"text-align: justify; padding-left: 40px;\"><span style=\"font-size: 14pt;\"><em>\u201cA orillas del mar, para que el mar se lleve los restos de tanta podredumbre y de tanta miseria, la Falange est\u00e1 quemando montones de libros y folletos de criminal propaganda comunista y antiespa\u00f1ola y de repugnante literatura pornogr\u00e1fica\u201d.<\/em><\/span><\/p>\n<p style=\"text-align: justify;\"><span style=\"font-size: 14pt;\">En Galicia tambi\u00e9n se incautaron los bienes de la sociedad \u201c<em>Alianza Republicana<\/em>\u201d de <em><strong>Carballo<\/strong><\/em>, en La Coru\u00f1a, cuya documentaci\u00f3n se conserva. Se decomisaron en los locales el Reglamento de la Sociedad y el Libro de Actas. El gobernador civil dispuso la destrucci\u00f3n del material confiscado con estas palabras: \u201d<em>debo manifestarle que procede sean quemados los libros y dem\u00e1s documentos incautados y los fondos que existan deber\u00e1n remitirlos a esta Delegaci\u00f3n<\/em>.\u201d<\/span><\/p>\n<p style=\"text-align: justify;\"><span style=\"font-size: 14pt;\">La inquina en contra de las lenguas no castellanas provoc\u00f3 el asalto y la quema de los libros de la editorial gallega <strong>N\u00f3s<\/strong> y su director, <strong>Anxel Gasol<\/strong>, fue fusilado.<\/span><\/p>\n<p><span class=\"aligncenter\"><a href=\"https:\/\/puntocritico.com\/ausajpuntocritico\/wp-content\/uploads\/2018\/05\/tumblr_nlppfomydg1uqvmy1o1_1280.jpg\" rel=\"lightbox[11743]\"><img loading=\"lazy\" decoding=\"async\" class=\"size-full wp-image-11765 aligncenter\" src=\"https:\/\/puntocritico.com\/ausajpuntocritico\/wp-content\/uploads\/2018\/05\/tumblr_nlppfomydg1uqvmy1o1_1280.jpg\" sizes=\"auto, (max-width: 622px) 100vw, 622px\" srcset=\"https:\/\/puntocritico.com\/ausajpuntocritico\/wp-content\/uploads\/2018\/05\/tumblr_nlppfomydg1uqvmy1o1_1280.jpg 622w, https:\/\/puntocritico.com\/ausajpuntocritico\/wp-content\/uploads\/2018\/05\/tumblr_nlppfomydg1uqvmy1o1_1280-300x197.jpg 300w\" alt=\"\" width=\"622\" height=\"409\" \/><\/a><\/span><\/p>\n<p style=\"text-align: justify;\"><span style=\"font-size: 14pt;\">En Oviedo, tras la entrada el dia 8 de agosto de una Columna Gallega, de inmediato se clausura la B.P.C. (Biblioteca Popular Circulante) y parte de la directiva sufre la represi\u00f3n pol\u00edtica o el exilio. La biblioteca es expurgada y las obras de Felipe Trigo, Blasco Ib\u00e1\u00f1ez o Jos\u00e9 Mar\u00eda Carretero arden en la Pedrera, seleccionadas por el poeta <strong>Casimiro Cienfuegos<\/strong>, entre otros.<\/span><\/p>\n<p style=\"text-align: justify;\"><span style=\"font-size: 14pt;\">En estos primeros meses de la guerra no solamente las bibliotecas y librer\u00edas fueron blanco de la ira de los sublevados sino que tambi\u00e9n la padecieron los propietarios en sus personas.<\/span><\/p>\n<p style=\"text-align: justify;\"><span style=\"font-size: 14pt;\">La primera disposici\u00f3n de la <strong>Junta de Defensa Nacional<\/strong>, organismo de gobierno de la Espa\u00f1a sublevada hasta el 30 de septiembre, sobre depuraci\u00f3n de bibliotecas y el control de las lecturas fue la <em>Orden del 4 de septiembre<\/em> en la que acusaba al Ministerio de Instrucci\u00f3n republicano de haber difundido obras marxistas entre la infancia. Por ello era necesario hacer desaparecer esas publicaciones de escuelas y bibliotecas y obligaba a la destrucci\u00f3n de las mismas, autorizando solo aquellas \u201c<em>aquellas cuyo contenido responda a los sanos principios de la Religi\u00f3n y de la Moral, y que exalten con su ejemplo el patriotismo de la ni\u00f1ez.<\/em>\u201d<\/span><\/p>\n<p style=\"text-align: justify;\"><span style=\"font-size: 14pt;\">Ese mismo d\u00eda <strong>Queipo de Llano<\/strong> hac\u00eda p\u00fablico su bando n\u00famero 25 en cuyo segundo punto se obligaba a todos los establecimientos editoriales, a las librer\u00edas y a los kioscos radicados en la Segunda Divisi\u00f3n Org\u00e1nica a entregar todas las publicaciones prohibidas a las autoridades militares en un plazo improrrogable de 48 horas. Y en el tercer punto se hac\u00eda extensiva esta obligaci\u00f3n a todos los particulares, a entidades p\u00fablicas y a corporaciones privadas.<\/span><\/p>\n<p style=\"text-align: justify;\"><span style=\"font-size: 14pt;\">Atendiendo a esta bando, los <em><strong>falangistas<\/strong> <\/em>de Sevilla, seg\u00fan el testimonio del delegado de Propaganda, <strong>Antonio<\/strong> <strong>Bahamonde<\/strong>, recorrieron las editoriales y librer\u00edas. Las obras de autores que, seg\u00fan su criterio, eran de tendencia marxista, eran requisadas y destruidas all\u00ed mismo.<\/span><\/p>\n<p style=\"text-align: justify;\"><span style=\"font-size: 14pt;\">El car\u00e1cter indiscriminado de la purga lo puso de manifiesto incluso un historiador poco sospechoso de afinidad con el bando republicano como <strong>Rafael Abella<\/strong> en\u00a0<i>La vida cotidiana durante la guerra civil. La Espa\u00f1a nacional<\/i>\u00a0(Planeta, 1973):<\/span><\/p>\n<p style=\"text-align: justify; padding-left: 40px;\"><span style=\"font-size: 14pt;\"><em>\u201cEn cuanto a la censura de libros, su implantaci\u00f3n tuvo caracter\u00edsticas inicialmente draconianas en expurgo de bibliotecas p\u00fablicas y privadas y retirada de la venta de toda la literatura conceptuada de pornogr\u00e1fica, de marxista, de \u00e1crata o de disolvente, t\u00e9rmino en el que inclu\u00eda lo que era de matiz contrario a la l\u00ednea del Movimiento. Desde Nakens a a Mart\u00edn de Lucenay, desde Belda a Kropotkin se quemaron en grandes piras que, a modo de autos de fe, convirtieron en humo un mont\u00f3n de letra impresa considerada nefasta- ,y en ciertos casos con raz\u00f3n-, para los espa\u00f1oles. Y digo en ciertos casos porque al socaire de esta depuraci\u00f3n se destruyeron muchos libros de editoriales tachadas de peligrosas- Cenit, Oriente, Ulises, Espa\u00f1a- y otros tantos editados por Biblioteca Nueva, por Pueyo y por Espasa-Calpe. Entidades significadas en lo literario m\u00e1s que en lo social.\u201c<\/em><\/span><\/p>\n<p style=\"text-align: justify;\"><span style=\"font-size: 14pt;\">El 23 de diciembre de 1936, la <strong>Junta T\u00e9cnica del Estado<\/strong>&#8211; creada por Franco en octubre del mismo a\u00f1o y sucesora de la Junta de Defensa Nacional de Espa\u00f1a- promulg\u00f3 un Decreto que declaraba il\u00edcitas todo tipo de publicaciones socialistas, comunistas, libertarias, pornogr\u00e1ficas y disolventes.<\/span><\/p>\n<p style=\"text-align: justify;\"><span style=\"font-size: 14pt;\">Esta disposici\u00f3n legal contemplaba sanciones contra aquellos que incumplieran su aplicaci\u00f3n. Las infracciones implicaban una multa de 5.000 pesetas y si se reincid\u00eda aquella aumentaba un qu\u00edntuplo y adem\u00e1s llevaba aparejada la p\u00e9rdida de empleo p\u00fablico, o bien la inhabilitaci\u00f3n del sancionado para el ejercicio de la industria editorial o de librer\u00eda, as\u00ed como el cierre del respectivo establecimiento.<\/span><\/p>\n<p style=\"text-align: justify;\"><span style=\"font-size: 14pt;\">En estos primeros meses de la guerra algunos libreros y bibliotecarios pagaron con la vida su compromiso con la cultura. Es el caso del librero <strong>Miguel d\u2019Iom<\/strong> de Ceuta, asesinado en una de las sacas por los sublevados junto a otros militantes anarquistas de la ciudad.\u00a0No fue un caso aislado.<\/span><\/p>\n<p style=\"text-align: justify;\"><span style=\"font-size: 14pt;\">En agosto la prensa cordobesa informaba de la detenci\u00f3n del librero, editor e impresor\u00a0<strong>Rogelio Luque\u00a0<\/strong>(Priego, C\u00f3rdoba, 1897- C\u00f3rdoba, 1936), liprepensador, naturista y esperantista. Edit\u00f3 y colabor\u00f3 en numerosas revistas culturales como <i>Popular<\/i>,\u00a0<i>La Pluma<\/i>,\u00a0<i>Biblis\u00a0<\/i>y\u00a0<i>Quijote\u00a0<\/i>y fund\u00f3, con su hermano la <em><strong>librer\u00eda Luque<\/strong><\/em> que, con diferentes emplazamientos, pervivi\u00f3 hasta los a\u00f1os noventa. Los rebeldes lo fusilaron el 16 de agosto.<\/span><\/p>\n<p style=\"text-align: justify;\"><span style=\"font-size: 14pt;\"><strong>Pilar Salvo<\/strong>, maestra de Zaragoza, responsable de una biblioteca infantil fue asesinada en aquel mismo mes.<\/span><\/p>\n<p style=\"text-align: justify;\"><span style=\"font-size: 14pt;\"><strong>Juana Mar\u00eda Capdeviele Sanmart\u00edn<\/strong>\u00a0(Madrid, 1905-R\u00e1bade, Lugo, 1936), pedagoga y bibliotecaria, fue la primera mujer jefa de una biblioteca de facultad (la de Filosof\u00eda y Letras) de la Universidad Central de Madrid, puesto al que accedi\u00f3 en 1933. Adem\u00e1s desarroll\u00f3 una importante labor como jefa t\u00e9cnica de la biblioteca del Ateneo de la capital espa\u00f1ola. En 1936 se cas\u00f3 con <strong>Francisco P\u00e9rez Carballo<\/strong>, el cual ser\u00eda designado, tras la victoria del Frente Popular, gobernador civil de La Coru\u00f1a.<\/span><\/p>\n<p style=\"text-align: justify;\"><span style=\"font-size: 14pt;\">En el ejercicio de su cargo fue apresado y asesinado el 25 de julio. Al llamar al Gobierno Civil para tener noticias de su esposo, se le comunic\u00f3 que ser\u00eda recogida \u2013 estaba embarazada-, y conducida junto a \u00e9l. Sin embargo, fue detenida y encarcelada y se la puso al tanto de la tr\u00e1gica suerte de su c\u00f3nyuge. En la noche del 18 de agosto fue asesinada y se encontr\u00f3 su cuerpo con dos tiros en las proximidades de R\u00e1bade, en Lugo.\u00a0<\/span><\/p>\n<p>&nbsp;<\/p>\n<figure id=\"attachment_14768\" class=\"wp-caption aligncenter\" data-shortcode=\"caption\"><figcaption class=\"wp-caption-text\">\n<figure id=\"attachment_11764\" class=\"wp-caption aligncenter\" aria-describedby=\"caption-attachment-11764\">\n<figure id=\"attachment_11764\" aria-describedby=\"caption-attachment-11764\" style=\"width: 220px\" class=\"wp-caption aligncenter\"><a href=\"https:\/\/puntocritico.com\/ausajpuntocritico\/wp-content\/uploads\/2018\/05\/juana_capdevielle_san_martc3adn_1905-1936.jpg\" rel=\"lightbox[11743]\"><img loading=\"lazy\" decoding=\"async\" class=\"wp-image-11764 size-full\" src=\"https:\/\/puntocritico.com\/ausajpuntocritico\/wp-content\/uploads\/2018\/05\/juana_capdevielle_san_martc3adn_1905-1936.jpg\" sizes=\"auto, (max-width: 220px) 100vw, 220px\" srcset=\"https:\/\/puntocritico.com\/ausajpuntocritico\/wp-content\/uploads\/2018\/05\/juana_capdevielle_san_martc3adn_1905-1936.jpg 220w, https:\/\/puntocritico.com\/ausajpuntocritico\/wp-content\/uploads\/2018\/05\/juana_capdevielle_san_martc3adn_1905-1936-216x300.jpg 216w\" alt=\"\" width=\"220\" height=\"305\" \/><\/a><figcaption id=\"caption-attachment-11764\" class=\"wp-caption-text\"><span style=\"color: #008000;\">Juana Mar\u00eda Capdeviele<\/span><\/figcaption><\/figure><figcaption id=\"caption-attachment-11764\" class=\"wp-caption-text\"><\/figcaption><\/figure>\n<\/figcaption><\/figure>\n<figure data-shortcode=\"caption\"><\/figure>\n<figure data-shortcode=\"caption\"><\/figure>\n<figure class=\"wp-caption aligncenter\" style=\"text-align: justify;\" data-shortcode=\"caption\"><span style=\"font-size: 14pt;\">Los profesionales que hab\u00edan permanecido en la zona gubernamental fueron sancionados a posteriori a medida que los franquistas iban ocupando los territorios. As\u00ed,\u00a0<strong>Mar\u00eda Moliner<\/strong>\u00a0(Paniza, Zaragoza, 1900- Madrid, 1981), una de las m\u00e1ximas responsables del servicio de bibliotecas durante la guerra en Valencia y autora del\u00a0<em><strong>Plan de Bibliotecas P\u00fablicas de 1938<\/strong><\/em>, fue expedientada por colaborar con la pol\u00edtica republicana. <strong>Carmen Caama\u00f1o<\/strong> fue separada definitivamente del Cuerpo de Archivos y Bibliotecas por orden del 29 de julio de 1939 a causa de su militancia pol\u00edtica, por citar solamente dos casos.<\/span><\/figure>\n<p style=\"text-align: justify;\"><span style=\"font-size: 14pt;\">La primera biblioteca universitaria purgada fue la de <em><strong>Valladolid<\/strong> <\/em>en 1937 de la que se quemaron miles de libros en varias hogueras y algo parecido sucedi\u00f3 en la de <em><strong>Santiago de Compostela<\/strong><\/em> donde los libros de <strong>Castelao<\/strong> sufrieron un destino incierto. Tales acciones contaron con el apoyo de rectores como el de la Universidad de Zaragoza, <strong>Gonzalo Calamita \u00c1lvarez<\/strong>.<a class=\"sdfootnoteanc\" href=\"https:\/\/serhistorico.net\/2018\/04\/04\/el-bibliocausto-en-la-espana-de-franco-1936-1939\/#sdfootnote23sym\" target=\"_blank\" rel=\"noopener\" name=\"sdfootnote23anc\"><\/a><\/span><\/p>\n<p style=\"text-align: justify;\"><span style=\"font-size: 14pt;\">El 16 de septiembre de 1937 se promulg\u00f3 otra normativa sobre la formaci\u00f3n de comisiones depuradoras de las bibliotecas p\u00fablicas y centros de lectura en cada distrito universitario. En todos los distritos universitarios deb\u00edan formarse comisiones depuradoras presididas por el rector o un delegado suyo y formada por un catedr\u00e1tico de la Facultad de Filosof\u00eda y Letras, un representante de la autoridad eclesi\u00e1stica, un funcionario del Cuerpo de Facultativos de Archiveros y Bibliotecarios, un representante de la autoridad militar, otro de la Delegaci\u00f3n de Cultura de FET de las JONS y otro de la Asociaci\u00f3n Cat\u00f3lica de Padres de Familia. Las comisiones deb\u00edan retirar aquellos <em>\u201clibros, revistas, publicaciones, grabados e impresos que contengan en su texto l\u00e1minas o estampados con exposici\u00f3n de ideas disolventes, conceptos inmorales, propaganda de de doctrinas marxistas y todo cuanto signifique falta de respeto a la dignidad de nuestro glorioso Ej\u00e9rcito, atentados a la unidad de la Patria, menosprecio de la Religi\u00f3n Cat\u00f3lica y de cuanto se oponga al significado y fines de nuestra Cruzada Nacional<\/em>\u201d.<\/span><\/p>\n<p style=\"text-align: justify;\"><span style=\"font-size: 14pt;\">Estas comisiones, una vez analizados los fondos, deb\u00edan enviar a la Comisi\u00f3n de Cultura y Ense\u00f1anza las listas con los t\u00edtulos de las publicaciones que considerasen un peligro para los lectores. En la Comisi\u00f3n de El Ferrol particip\u00f3 el escritor <strong>Gonzalo Torrente Ballester<\/strong>. Despu\u00e9s la Comisi\u00f3n de Cultura examinar\u00edan los listados haciendo la siguiente clasificaci\u00f3n: por un lado las obras pornogr\u00e1ficas de car\u00e1cter vulgar sin ning\u00fan m\u00e9rito literario. Por otro las publicaciones destinadas a propaganda revolucionaria o a la difusi\u00f3n de ideas subversivas sin contenido ideol\u00f3gico de valor esencial. Y finalmente, aquellos libros y folletos con m\u00e9rito literario o cient\u00edfico, que por su contenido ideol\u00f3gico pudieran ser nocivos para los lectores \u201c<em>ingenuos o no suficientemente preparados para la lectura<\/em>\u201d. Los dos primeros grupos ser\u00edan destruidos, mientras que el \u00faltimo permanecer\u00eda guardado en los respectivos establecimientos en espacios restringidos. Estas obras s\u00f3lo podr\u00edan ser consultadas con un permiso especial. La sala con libros prohibidos empezaron a proliferar a partir de entonces, los llamados\u00a0<strong><i>infiernos<\/i><\/strong>. El infierno de la Biblioteca P\u00fablica de Oviedo no fue abierto al p\u00fablico hasta 1975.<\/span><\/p>\n<p style=\"text-align: justify;\"><span style=\"font-size: 14pt;\">Como se ha comentado anteriormente, uno de los motivos de la purga de libros era la destrucci\u00f3n de las publicaciones que \u201c<em>menospreciaban<\/em>\u201d la religi\u00f3n cat\u00f3lica. En tal empe\u00f1o, los rebeldes contaron con la colaboraci\u00f3n, salvo en contadas excepciones, de las autoridades eclesi\u00e1sticas. Un ejemplo de ello es la pastoral del obispo de Palencia, <strong>Manuel Gonz\u00e1lez y Garc\u00eda<\/strong>\u00a0(Sevilla,1877-Madrid,1940) <em>\u201cLecciones de la tragedia presente. Preparando soluciones para la posguerra<\/em>\u201d, de noviembre de 1937 donde abogaba por la desinfecci\u00f3n cultural y por la reconstrucci\u00f3n del pensamiento sobre las ruinas del liberalismo secularizador. El prelado acusaba al gobierno republicano de haber promovido la difusi\u00f3n de una literatura extranjerizante, anticat\u00f3lica y pornogr\u00e1fica.<\/span><\/p>\n<p style=\"text-align: justify;\"><span style=\"font-size: 14pt;\">Libros sobre cuestiones sexuales se vend\u00edan donde quiera r\u00e1pidamente, y era una gran cantidad de prosa t\u00f3xica y pornogr\u00e1fica se ofrec\u00eda abiertamente en los quioscos. Ganapanes, aprendices, muchachas de servir, mozuelas de taller, elementos generalmente j\u00f3venes y poco preparados, rodeaban los tenderetes de aquella baja mercanc\u00eda, que le gobierno republicano ofrec\u00eda al pueblo para que\u2026 se ilustrase. La campa\u00f1a pornogr\u00e1fica iba junto con la propaganda comunista. Hab\u00eda inter\u00e9s en debilitar el sentimiento y la dignidad de la instituci\u00f3n familiar y de todas aquellas fuerzas morales que fuesen obst\u00e1culo a la demagogia moscovita.<\/span><\/p>\n<p style=\"text-align: justify;\"><span style=\"font-size: 14pt;\"><strong>Manuel Gonz\u00e1lez Garc\u00eda<\/strong> fue canonizado por el Papa Francisco en marzo del 2016 en Roma. A la ceremonia asisti\u00f3 una delegaci\u00f3n espa\u00f1ola presidida por el entonces ministro del Interior Jorge Fern\u00e1ndez D\u00edaz, el alcalde de Palencia, Alfonso Polanco Rebolleda y la presidenta de la Diputaci\u00f3n, \u00c1ngeles Armis\u00e9n Pedrej\u00f3n. Las campanas de la ciudad castellana repicaron ese d\u00eda para celebrarlo.<\/span><\/p>\n<p style=\"text-align: justify;\"><span style=\"font-size: 14pt;\">El <strong><em>jesuita\u00a0<\/em>Constancio Egu\u00eda Ruiz<\/strong> (Santander, 1871-?) se distingui\u00f3, igualmente, por su ataque al libro porque consideraba que las publicaciones difundidas durante la Rep\u00fablica eran una de las mayores responsables de la tragedia de la guerra civil. Arremeti\u00f3 contra los sellos m\u00e1s innovadores que se hicieron eco de la literatura antibelicista y social de entreguerras y de la teor\u00eda pol\u00edtica y social como Zeus, Cenit, CIAP, Hoy, Caro Raggio e incluso contra firmas convencionales como Espasa-Calpe, Revista de Occidente y Dossat que se hab\u00edan dejado arrastrar al incluir colecciones y t\u00edtulos \u201c<em>malignos<\/em>\u201d para hacer negocio y estar en boga.<\/span><\/p>\n<p style=\"text-align: justify;\"><span style=\"font-size: 14pt;\">En mayo de 1938, el obispo de Salamanca <strong>Enrique Pla y Daniel<\/strong>\u00a0(Barcelona, 1876- Toledo, 1968) public\u00f3 otra pastoral titulada\u00a0<i>Los delitos del Pensamiento y los falsos \u00eddolos intelectuales<\/i>, menos conocida que la de\u00a0<i>Las dos ciudades<\/i>, un duro alegato contra el liberalismo, origen de todos los males y contra la libertades de prensa, creaci\u00f3n y lectura<\/span><\/p>\n<p style=\"text-align: justify; padding-left: 40px;\"><span style=\"font-size: 14pt;\"><em>\u201c(La Iglesia) Adora la Verdad, pero no es fetichista del libro, porque sabe que hay libros buenos y libros malos, libros ben\u00e9ficos y libros venenosos y corruptores. \u00a1El fetichismo del libro, de los intelectuales! \u00bfPodr\u00e1n medirse los estragos que ha causado, sobre todo desde fines del siglo d\u00e9cimo octavo, el no querer distinguir entre libros buenos y malos y dar beligerancia a cuanto se presente en tipos de imprenta en tipos de imprenta? Esta ha sido la tesis del liberalismo.\u00bb<\/em><\/span><\/p>\n<p style=\"text-align: justify;\"><span style=\"font-size: 14pt;\">El papel de <strong>FET de las JONS<\/strong> fue tambi\u00e9n decisivo. As\u00ed, en 1938 el falangista <strong>Fernando Garc\u00eda Montoto<\/strong>, furibundo partidario de la quema de libros, folletos, peri\u00f3dicos y de la eliminaci\u00f3n f\u00edsica de sus autores en\u00a0<i>En el amanecer de Espa\u00f1a\u00a0<\/i>(Tetu\u00e1n, Imprenta Hispana, 1938) denunciaba en estos t\u00e9rminos las perversidades de ciertas obras:<\/span><\/p>\n<p style=\"text-align: justify; padding-left: 40px;\"><span style=\"font-size: 14pt;\"><em>\u201cSignifica que el libro y la prensa mal inspirados \u2013verdaderamente estupefacientes del alma- hab\u00edan intoxicado ya la conciencia colectiva, aletarg\u00e1ndola. Significa, en fin, que el Enemigo estaba a punto de conseguir su objeto, de corromper la m\u00e9dula de un gran pueblo. Guerra, por tanto, al libro malo. Imitemos el ejemplo que nos brinda Cervantes en el cap\u00edtulo sexto de su Obra inmortal.<\/em><\/span><\/p>\n<p style=\"text-align: justify; padding-left: 40px;\"><span style=\"font-size: 14pt;\"><em>E incitaba a encender hogueras en todos los pueblos para destruir los libros envenenadores del alma popular<\/em><\/span><\/p>\n<p style=\"text-align: justify; padding-left: 40px;\"><span style=\"font-size: 14pt;\"><em>Y que un d\u00eda pr\u00f3ximo se alcen en las plazas p\u00fablicas de todos los pueblos de la nueva Espa\u00f1a las llamas justicieras de fogatas, que al destruir definitivamente los t\u00f3xicos del esp\u00edritu almacenados en librer\u00edas y bibliotecas, purifiquen el ambiente, libr\u00e1ndolo de sus mismas contaminadores. \u00a1Arriba Espa\u00f1a! \u00a1Viva Franco! \u00a1Viva Espa\u00f1a!<\/em>\u00a0\u201c<a class=\"sdfootnoteanc\" href=\"https:\/\/serhistorico.net\/2018\/04\/04\/el-bibliocausto-en-la-espana-de-franco-1936-1939\/#sdfootnote29sym\" target=\"_blank\" rel=\"noopener\" name=\"sdfootnote29anc\"><\/a><\/span><\/p>\n<p style=\"text-align: justify;\"><span style=\"font-size: 14pt;\">La exhortaci\u00f3n de <strong>Garc\u00eda Montoto<\/strong> a hacer piras con los libros\u00a0<i>malignos\u00a0<\/i>fue seguida al pie de la letra por los falangistas que hab\u00edan ocupado Madrid el 28 de marzo de 1939. Un mes despu\u00e9s, el 30 de abril, tuvo lugar lo que el <em><strong>peri\u00f3dico\u00a0Ya\u00a0<\/strong><\/em>calificaba en su edici\u00f3n del 2 de mayo como \u201c<em><strong>Auto de Fe en la Universidad Central<\/strong><\/em>\u201d. Era la manera que ten\u00eda el <strong>Sindicato Espa\u00f1ol Universitario (SEU)<\/strong> de celebrar la Fiesta del Libro. El peri\u00f3dico nacionalcat\u00f3lico reproduc\u00eda el discurso que pronunci\u00f3 para la ocasi\u00f3n <strong>Antonio de Luna<\/strong>, catedr\u00e1tico de Derecho, que hab\u00eda permanecido en la ciudad durante la guerra formando parte de la Quinta columna. En 1940 fue apartado de su c\u00e1tedra.<\/span><\/p>\n<p style=\"text-align: justify;\"><span style=\"font-size: 14pt;\">Don Antonio Luna comenz\u00f3 su discurso con la lectura de un pasaje del\u00a0<i>Quijote\u00a0<\/i>y, finalmente, se ley\u00f3 el acta del auto de fe, redactada en rudos y rotundos t\u00e9rminos: <\/span><\/p>\n<p style=\"text-align: justify; padding-left: 40px;\"><span style=\"font-size: 14pt;\">\u201c<em>Para edificar a Espa\u00f1a Una, Grande y Libre, condenamos al fuego los libros separatistas, los liberales, los marxistas, los de la leyenda negra, los anticat\u00f3licos, los del romanticismo enfermizo, los pesimistas, los pornogr\u00e1ficos, los de un modernismo extravagante, los cursis, los cobardes, los seudocient\u00edficos, los textos malos y los peri\u00f3dicos chabacanos, E incluimos en nuestro \u00edndice a Sabino Arana, Juan Jacobo Rousseau, Carlos Marx, Voltaire, Lamartine, M\u00e1ximo Gorki, Remarque, Freud y al\u00a0Heraldo de Madrid\u201d.\u00a0Prendido fuego al sucio mont\u00f3n de papeles, con alegre y purificador chiporroteo, la juventud universitaria, brazo en alto, cant\u00f3 con ardimiento y valent\u00eda el\u00a0<\/em><i><em>Cara al sol<\/em>\u00ab.<\/i><\/span><\/p>\n<p>&nbsp;<\/p>\n<\/div>\n<p><img loading=\"lazy\" decoding=\"async\" class=\"aligncenter wp-image-2227304\" src=\"https:\/\/puntocritico.com\/ausajpuntocritico\/wp-content\/uploads\/2021\/09\/Bibliocausto-franquista.jpg\" alt=\"Tintin\" width=\"600\" height=\"425\" data-id=\"2227304\" srcset=\"https:\/\/puntocritico.com\/ausajpuntocritico\/wp-content\/uploads\/2021\/09\/Bibliocausto-franquista.jpg 845w, https:\/\/puntocritico.com\/ausajpuntocritico\/wp-content\/uploads\/2021\/09\/Bibliocausto-franquista-300x212.jpg 300w, https:\/\/puntocritico.com\/ausajpuntocritico\/wp-content\/uploads\/2021\/09\/Bibliocausto-franquista-768x544.jpg 768w, https:\/\/puntocritico.com\/ausajpuntocritico\/wp-content\/uploads\/2021\/09\/Bibliocausto-franquista-610x432.jpg 610w\" sizes=\"auto, (max-width: 600px) 100vw, 600px\" \/><\/p>\n<p style=\"text-align: center;\"><strong><span style=\"color: #008000; font-size: 18pt;\">*****<\/span><\/strong><\/p>\n<h1 class=\"pg-bkn-headline\" style=\"text-align: center;\"><a id=\"ref7\"><\/a><a href=\"#ref7a\">[7]<\/a> Quema de libros en Canad\u00e1<\/h1>\n<p style=\"text-align: center;\"><em><strong><span style=\"font-size: 14pt;\">88 a\u00f1os despu\u00e9s de la quema nazi de libros, en Canad\u00e1 se han quemado 5.000 libros y c\u00f3mics pol\u00edticamente incorrectos<\/span><\/strong><\/em><\/p>\n<div class=\"box\">\n<div class=\"nws-data\">\n<div class=\"md-lite-share\">\n<p><span style=\"font-size: 14pt; text-align: justify;\">Por Carlos Col\u00f3n, 3 Sept 2021<\/span><\/p>\n<\/div>\n<\/div>\n<\/div>\n<p style=\"text-align: justify;\"><a href=\"https:\/\/www.diariodecadiz.es\/opinion\/articulos\/Quema-libros-Canada_0_1610538977.html\" target=\"_blank\" rel=\"noopener\" data-schema-attribute=\"\"><span style=\"font-size: 14pt;\">Diario de C\u00e1diz<\/span><\/a><\/p>\n<figure id=\"attachment_2227294\" aria-describedby=\"caption-attachment-2227294\" style=\"width: 440px\" class=\"wp-caption aligncenter\"><img loading=\"lazy\" decoding=\"async\" class=\"wp-image-2227294\" src=\"https:\/\/puntocritico.com\/ausajpuntocritico\/wp-content\/uploads\/2021\/09\/mONUMENTO-pLAZA-DE-bABEL-uLLMAN.jpg\" alt=\"\" width=\"440\" height=\"406\" data-id=\"2227294\" srcset=\"https:\/\/puntocritico.com\/ausajpuntocritico\/wp-content\/uploads\/2021\/09\/mONUMENTO-pLAZA-DE-bABEL-uLLMAN.jpg 364w, https:\/\/puntocritico.com\/ausajpuntocritico\/wp-content\/uploads\/2021\/09\/mONUMENTO-pLAZA-DE-bABEL-uLLMAN-300x277.jpg 300w\" sizes=\"auto, (max-width: 440px) 100vw, 440px\" \/><figcaption id=\"caption-attachment-2227294\" class=\"wp-caption-text\"><span style=\"color: #008000;\">Monumento dise\u00f1ado por Milcham Ullman en el que a trav\u00e9s de una ventana de pl\u00e1stico que est\u00e1 en suelo de la Plaza Babel se observa un cuarto de biblioteca subterr\u00e1nea que tiene varios estantes de color blanco que est\u00e1n completamente desocupados.<\/span><\/figcaption><\/figure>\n<p>&nbsp;<\/p>\n<p class=\"mce capitalize-first-letter\" style=\"text-align: justify;\"><span style=\"font-size: 14pt;\">El 10 de mayo de 1933 la Uni\u00f3n Alemana de Estudiantes quem\u00f3 miles de libros en plazas -la de la \u00d3pera de Berl\u00edn, presidida por Goebbels, fue retransmitida por radio-, estadios y patios de universidades en la llamada\u00a0<i>Acci\u00f3n contra el esp\u00edritu no alem\u00e1n<\/i>. Ardieron libros de Benjamin, Einstein, Freud, Heine, Kafka, Lessing, Mann, Musil, Remarque, Roth, Zweig, Gide, London, Hemingway o B\u00e1bel. Ni los infantiles se salvaron: entre otros fueron quemados los del popular Erich K\u00e4stner, autor del \u00e9xito internacional\u00a0<i>Emilio y los detectives<\/i>, que presenci\u00f3 la quema y dej\u00f3 constancia escrita: \u00abEn el a\u00f1o 1933 quemaron mis libros en la gran plaza al lado de la \u00d3pera del Estado en presencia de un tal se\u00f1or Goebbels&#8230; Triunfante, llam\u00f3 por su nombre a veinticuatro escritores alemanes que deb\u00edan ser simb\u00f3licamente borrados para siempre. Yo fui el \u00fanico de ellos que se present\u00f3 en persona para asistir a esta farsa. Delante de la universidad, empotrado entre estudiantes con uniformes de las SA, la \u00e9lite de la naci\u00f3n, vi como nuestros libros volaban hacia las temblorosas llamas&#8230; Un clima de funeral ca\u00eda sobre la ciudad&#8230; Era repugnante\u00bb.<\/span><\/p>\n<p class=\"mce\" style=\"text-align: justify;\"><span style=\"font-size: 14pt;\">88 a\u00f1os despu\u00e9s en Canad\u00e1, por iniciativa del Consejo Escolar Cat\u00f3lico Providence, se han quemado o destruido 5.000 libros y c\u00f3mics -entre ellos de Lucky Lucke, Tint\u00edn o Asterix- para reconciliarse con las comunidades ind\u00edgenas en lo que se ha llamado \u00abceremonia de purificaci\u00f3n con llamas\u00bb. Estas\u00a0<i>ceremonias<\/i>\u00a0se iniciaron en 2019 por iniciativa de Suzy Kies, copresidenta de la Comisi\u00f3n de Pueblos Abor\u00edgenes del Partido Liberal de Canad\u00e1 y autoproclamada \u00abguardiana del conocimiento aborigen\u00bb pese a que, como se ha demostrado, no tiene ning\u00fan antepasado aut\u00f3ctono: conocida la impostura acaba de dimitir \u00abpara no da\u00f1ar a Justin Trudeau y su partido\u00bb. Pero el da\u00f1o est\u00e1 hecho.\u00a0<i>Auto de fe de Tint\u00edn y Asterix en Canad\u00e1<\/i>, titulaba\u00a0<i>Le Monde<\/i>\u00a0anteayer.<\/span><\/p>\n<p style=\"text-align: justify;\"><span style=\"font-size: 14pt;\">Da igual que los libros los quemen inquisidores, nazis o indigenistas (no pocos, como la propia Kies, descendientes de colonos con mala conciencia), se trata de algo b\u00e1rbaro e intolerable. Es conocida la frase de Heine que tan dram\u00e1ticamente se cumpli\u00f3 en Alemania: \u00abSe empieza quemando libros y se acaba quemando personas\u00bb. A veces incluso se queman juntos, como hizo Calvino con Servet y sus libros. El Gobierno canadiense deber\u00eda vacunar a sus ciudadanos con el\u00a0<i>Castellio contra Calvino<\/i>\u00a0de Zweig.<\/span><\/p>\n<p>&nbsp;<\/p>\n<figure id=\"attachment_2227295\" aria-describedby=\"caption-attachment-2227295\" style=\"width: 333px\" class=\"wp-caption aligncenter\"><img loading=\"lazy\" decoding=\"async\" class=\"size-full wp-image-2227295\" src=\"https:\/\/puntocritico.com\/ausajpuntocritico\/wp-content\/uploads\/2021\/09\/Jovenes-nazis-quemando-libros.jpg\" alt=\"\" width=\"333\" height=\"235\" data-id=\"2227295\" srcset=\"https:\/\/puntocritico.com\/ausajpuntocritico\/wp-content\/uploads\/2021\/09\/Jovenes-nazis-quemando-libros.jpg 333w, https:\/\/puntocritico.com\/ausajpuntocritico\/wp-content\/uploads\/2021\/09\/Jovenes-nazis-quemando-libros-300x212.jpg 300w\" sizes=\"auto, (max-width: 333px) 100vw, 333px\" \/><figcaption id=\"caption-attachment-2227295\" class=\"wp-caption-text\"><span style=\"color: #008000;\">J\u00f3venes nazis quemando libros<\/span><\/figcaption><\/figure>\n<p>&nbsp;<\/p>\n<hr \/>\n<p style=\"text-align: justify;\"><span style=\"font-size: 14pt;\"><strong>RELACIONADOS:<\/strong><\/span><\/p>\n<blockquote class=\"wp-embedded-content\" data-secret=\"yVcD9spftf\"><p><a href=\"https:\/\/puntocritico.com\/ausajpuntocritico\/2019\/04\/30\/la-censura-de-los-cuentos-infantiles-el-autoritarismo-enfoque-psicologico-por-anastasio-ovejero-bernals\/\">LA CENSURA DE LOS CUENTOS INFANTILES. \u00abEl Autoritarismo: Enfoque Psicol\u00f3gico\u00bb, por  Anastasio Ovejero Bernal<\/a><\/p><\/blockquote>\n<p><iframe loading=\"lazy\" class=\"wp-embedded-content\" sandbox=\"allow-scripts\" security=\"restricted\" style=\"position: absolute; clip: rect(1px, 1px, 1px, 1px);\" title=\"\u00abLA CENSURA DE LOS CUENTOS INFANTILES. \u00abEl Autoritarismo: Enfoque Psicol\u00f3gico\u00bb, por  Anastasio Ovejero Bernal\u00bb \u2014 Punto Cr\u00edtico Derechos Humanos\" src=\"https:\/\/puntocritico.com\/ausajpuntocritico\/2019\/04\/30\/la-censura-de-los-cuentos-infantiles-el-autoritarismo-enfoque-psicologico-por-anastasio-ovejero-bernals\/embed\/#?secret=1oXlgngNvN#?secret=yVcD9spftf\" data-secret=\"yVcD9spftf\" width=\"500\" height=\"282\" frameborder=\"0\" marginwidth=\"0\" marginheight=\"0\" scrolling=\"no\"><\/iframe><\/p>\n<blockquote class=\"wp-embedded-content\" data-secret=\"SUWixkh86Q\"><p><a href=\"https:\/\/puntocritico.com\/ausajpuntocritico\/2020\/09\/07\/el-codigo-hays-o-la-autocensura-de-hollywood-espinof\/\">El C\u00f3digo Hays o la autocensura de Hollywood (ESPINOF)<\/a><\/p><\/blockquote>\n<p><iframe loading=\"lazy\" class=\"wp-embedded-content\" sandbox=\"allow-scripts\" security=\"restricted\" style=\"position: absolute; clip: rect(1px, 1px, 1px, 1px);\" title=\"\u00abEl C\u00f3digo Hays o la autocensura de Hollywood (ESPINOF)\u00bb \u2014 Punto Cr\u00edtico Derechos Humanos\" src=\"https:\/\/puntocritico.com\/ausajpuntocritico\/2020\/09\/07\/el-codigo-hays-o-la-autocensura-de-hollywood-espinof\/embed\/#?secret=PQpRJxGebr#?secret=SUWixkh86Q\" data-secret=\"SUWixkh86Q\" width=\"500\" height=\"282\" frameborder=\"0\" marginwidth=\"0\" marginheight=\"0\" scrolling=\"no\"><\/iframe><\/p>\n<p>&nbsp;<\/p>\n<p><a href=\"https:\/\/puntocritico.com\/ausajpuntocritico\/author\/punto-critico\/\"><img loading=\"lazy\" decoding=\"async\" class=\"aligncenter wp-image-9528\" src=\"https:\/\/puntocritico.com\/ausajpuntocritico\/wp-content\/uploads\/2018\/03\/Mosca_Punto_Cr\u00edtico_40.png\" alt=\"\" width=\"80\" height=\"80\" data-id=\"9528\" \/><\/a><\/p>\n<p>&nbsp;<\/p>\n<p>&nbsp;<\/p>\n","protected":false},"excerpt":{"rendered":"<div class=\"mh-excerpt\"><p>SUMARIO:\u00a0 [1] All\u00ed donde se queman los libros, se acaba quemando personas, por Universo Abierto [2] Destruyen miles de libros de &#8216;Ast\u00e9rix&#8217;, &#8216;Tint\u00edn&#8217; y &#8216;Lucky Luke&#8217; en Canad\u00e1 por racistas y discriminatorios, por ABC [3] <a class=\"mh-excerpt-more\" href=\"https:\/\/puntocritico.com\/ausajpuntocritico\/2021\/09\/21\/la-intolerancia-en-el-siglo-xxi-quemando-libros-alli-auto-de-fe-tintin-y-asterix\/\" title=\"QUEMANDO LIBROS: LA INTOLERANCIA EN EL SIGLO XXI: Auto de fe de Tint\u00edn y Asterix en Canad\u00e1. \u00abAll\u00ed donde se queman los libros, se acaba quemando personas\u201d.\">[&#8230;]<\/a><\/p>\n<\/div>","protected":false},"author":3,"featured_media":2227282,"comment_status":"open","ping_status":"closed","sticky":false,"template":"","format":"standard","meta":{"_acf_changed":false,"_exactmetrics_skip_tracking":false,"_exactmetrics_sitenote_active":false,"_exactmetrics_sitenote_note":"","_exactmetrics_sitenote_category":0,"footnotes":""},"categories":[7],"tags":[],"class_list":{"0":"post-2227272","1":"post","2":"type-post","3":"status-publish","4":"format-standard","5":"has-post-thumbnail","7":"category-politica"},"acf":[],"_links":{"self":[{"href":"https:\/\/puntocritico.com\/ausajpuntocritico\/wp-json\/wp\/v2\/posts\/2227272","targetHints":{"allow":["GET"]}}],"collection":[{"href":"https:\/\/puntocritico.com\/ausajpuntocritico\/wp-json\/wp\/v2\/posts"}],"about":[{"href":"https:\/\/puntocritico.com\/ausajpuntocritico\/wp-json\/wp\/v2\/types\/post"}],"author":[{"embeddable":true,"href":"https:\/\/puntocritico.com\/ausajpuntocritico\/wp-json\/wp\/v2\/users\/3"}],"replies":[{"embeddable":true,"href":"https:\/\/puntocritico.com\/ausajpuntocritico\/wp-json\/wp\/v2\/comments?post=2227272"}],"version-history":[{"count":0,"href":"https:\/\/puntocritico.com\/ausajpuntocritico\/wp-json\/wp\/v2\/posts\/2227272\/revisions"}],"wp:featuredmedia":[{"embeddable":true,"href":"https:\/\/puntocritico.com\/ausajpuntocritico\/wp-json\/wp\/v2\/media\/2227282"}],"wp:attachment":[{"href":"https:\/\/puntocritico.com\/ausajpuntocritico\/wp-json\/wp\/v2\/media?parent=2227272"}],"wp:term":[{"taxonomy":"category","embeddable":true,"href":"https:\/\/puntocritico.com\/ausajpuntocritico\/wp-json\/wp\/v2\/categories?post=2227272"},{"taxonomy":"post_tag","embeddable":true,"href":"https:\/\/puntocritico.com\/ausajpuntocritico\/wp-json\/wp\/v2\/tags?post=2227272"}],"curies":[{"name":"wp","href":"https:\/\/api.w.org\/{rel}","templated":true}]}}