{"id":2222732,"date":"2021-08-07T00:05:35","date_gmt":"2021-08-06T22:05:35","guid":{"rendered":"https:\/\/puntocritico.com\/ausajpuntocritico\/?p=2222732"},"modified":"2024-09-15T20:48:18","modified_gmt":"2024-09-15T18:48:18","slug":"the-coming-war-on-china-la-guerra-que-se-avecina-en-china-john-pilger","status":"publish","type":"post","link":"https:\/\/puntocritico.com\/ausajpuntocritico\/2021\/08\/07\/the-coming-war-on-china-la-guerra-que-se-avecina-en-china-john-pilger\/","title":{"rendered":"LA TRAMPA DE TUC\u00cdDEDES: \u00abTHE COMING WAR ON CHINA\u00bb (\u00abLa guerra que se avecina en China\u00bb), un Documental de John Pilger."},"content":{"rendered":"<blockquote>\n<p class=\"title\" style=\"text-align: center;\"><span style=\"font-size: 24pt;\"><strong>John Pilger<\/strong><\/span><\/p>\n<p style=\"text-align: center;\"><strong><span style=\"font-size: 14pt;\">(Director y guionista de \u00abTHE COMING WAR ON CHINA\u00bb)<\/span><\/strong><\/p>\n<p class=\"title\" style=\"text-align: center;\"><span style=\"font-size: 14pt;\"><strong>Periodismo y responsabilidad<\/strong><\/span><\/p>\n<p style=\"text-align: justify;\"><a href=\"https:\/\/www.lacasaencendida.es\/audiovisuales\/john-pilger-periodismo-y-responsabilidad-2890\" target=\"_blank\" rel=\"noopener\" data-schema-attribute=\"\"><span style=\"font-size: 14pt;\">La casa encendida<\/span><\/a><\/p>\n<p><img loading=\"lazy\" decoding=\"async\" class=\"aligncenter wp-image-2222828 size-mh-magazine-content\" src=\"https:\/\/puntocritico.com\/ausajpuntocritico\/wp-content\/uploads\/2021\/08\/John-Pilger-678x381.jpg\" alt=\"WAR ON CHINA\" width=\"678\" height=\"381\" data-id=\"2222828\" \/><\/p>\n<p style=\"text-align: justify;\">\u00a0<\/p>\n<div class=\"entradilla\" style=\"text-align: justify;\">\n<p style=\"text-align: justify;\"><span style=\"font-size: 14pt;\">En los 58 documentales que ha escrito, producido y dirigido, John Pilger denuncia los excesos de las democracias occidentales en el Tercer Mundo, la injusticia de la desigualdad y la pobreza y la complicidad con el poder pol\u00edtico y econ\u00f3mico de los medios de comunicaci\u00f3n, a los que se\u00f1ala como co-responsables de las guerras internacionales.<\/span><\/p>\n<p><span style=\"font-size: 14pt;\">En nuestra compleja \u00e9poca, caracterizada por las fusiones de grandes grupos medi\u00e1ticos y la sustituci\u00f3n de la informaci\u00f3n por espect\u00e1culo, la labor del informador veraz e independiente adquiere una importancia capital para despertar las conciencias y movilizar la voluntad de la opini\u00f3n p\u00fablica mundial. Por ello, La Casa Encendida ha organizado un ciclo de proyecciones, reflexi\u00f3n y debates que repasa el \u00faltimo periodo de la carrera de John Pilger, cuya labor como periodista a lo largo de casi cincuenta a\u00f1os es ejemplo de independencia, compromiso y responsabilidad.<\/span><\/p>\n<p><span style=\"font-size: 14pt;\">John Pilger naci\u00f3 y creci\u00f3 en Sidney (Australia) donde curs\u00f3 estudios de periodismo en la Australian Consolidated Press. En los a\u00f1os sesenta emigr\u00f3 a Europa como reportero freelance donde colabor\u00f3 con Reuters como corresponsal de guerra y cubri\u00f3 conflictos por todo el mundo: Vietnam, Camboya, Egipto, India, Bangladesh, Nigeria, Oriente Medio&#8230; <\/span><\/p>\n<p><span style=\"font-size: 14pt;\">Comenz\u00f3 su carrera en la televisi\u00f3n brit\u00e1nica en la Independent Television Network (ITV), con su primer documental Vietnam: The Quiet Mutiny, sobre la desmoralizaci\u00f3n y el auto-boicot del ej\u00e9rcito norteamericano durante la prolongada invasi\u00f3n del pa\u00eds asi\u00e1tico.<\/span><\/p>\n<p><span style=\"font-size: 14pt;\">A lo largo de su dilatada carrera ha escrito en prestigiosos medios como The Guardian, The Independent o el New York Times y escribe regularmente una columna en el New Statesman. Como colaborador ha participado en programas de la BBC, la ABC, Al Jazeera o Russia Today, entre otros. <\/span><\/p>\n<p><span style=\"font-size: 14pt;\">John Pilger ha obtenido en dos ocasiones (1967 y 1979) el m\u00e1s alto galard\u00f3n que concede el periodismo brit\u00e1nico, el de Periodista del A\u00f1o (ha sido el galardonado m\u00e1s joven de estos premios y el \u00fanico que lo ha recibido en dos veces) y ha recibido el Premio de la Paz a los Medios de la Asociaci\u00f3n de la ONU (1980) y el Premio de la Paz de Sidney (2009); adem\u00e1s, de un Emmy y un BAFTA (1990) a toda su carrera. En el \u00e1mbito acad\u00e9mico, ha sido condecorado con honores en numerosas y prestigiosas universidades de todo el mundo. <\/span><\/p>\n<p><span style=\"font-size: 14pt;\">En castellano ha publicado Los nuevos gobernantes del mundo (RBA, 2003) y la compilaci\u00f3n de art\u00edculos m\u00edticos del periodismo de investigaci\u00f3n \u00a1Basta de mentiras! (RBA, 2007).<\/span><\/p>\n<\/div>\n<\/blockquote>\n<p style=\"text-align: center;\"><span style=\"font-size: 18pt; color: #008000;\"><strong>*****<\/strong><\/span><\/p>\n<p style=\"text-align: center;\"><strong><span style=\"font-size: 24pt;\">\u00abTHE COMING WAR ON CHINA\u00bb<\/span><\/strong><\/p>\n<p style=\"text-align: center;\"><em><strong><span style=\"font-size: 14pt;\"> (\u00abLa guerra que se avecina en China\u00bb)<\/span><\/strong><\/em><\/p>\n<p style=\"text-align: center;\"><span style=\"font-size: 18pt; color: #008000;\"><strong>Documental de John Pilger<\/strong><\/span><\/p>\n<p style=\"text-align: center;\"><iframe loading=\"lazy\" src=\"https:\/\/mega.nz\/embed\/TZl22YZL#mq6-Vgg1c7Bap9tXuxmFNNQjthuHIMdUmPe7Rx8cd44\" width=\"640\" height=\"360\" frameborder=\"0\" allowfullscreen=\"allowfullscreen\"><\/iframe><\/p>\n<p>&nbsp;<\/p>\n<p><span style=\"font-size: 14pt;\"><strong><img loading=\"lazy\" decoding=\"async\" class=\"alignright wp-image-2222807\" src=\"https:\/\/puntocritico.com\/ausajpuntocritico\/wp-content\/uploads\/2021\/08\/The_Coming_War_on_China-337785570-large-210x300.jpg\" alt=\"John Pilger\" width=\"320\" height=\"457\" data-id=\"2222807\" srcset=\"https:\/\/puntocritico.com\/ausajpuntocritico\/wp-content\/uploads\/2021\/08\/The_Coming_War_on_China-337785570-large-210x300.jpg 210w, https:\/\/puntocritico.com\/ausajpuntocritico\/wp-content\/uploads\/2021\/08\/The_Coming_War_on_China-337785570-large-717x1024.jpg 717w, https:\/\/puntocritico.com\/ausajpuntocritico\/wp-content\/uploads\/2021\/08\/The_Coming_War_on_China-337785570-large-768x1097.jpg 768w, https:\/\/puntocritico.com\/ausajpuntocritico\/wp-content\/uploads\/2021\/08\/The_Coming_War_on_China-337785570-large-610x871.jpg 610w, https:\/\/puntocritico.com\/ausajpuntocritico\/wp-content\/uploads\/2021\/08\/The_Coming_War_on_China-337785570-large.jpg 840w\" sizes=\"auto, (max-width: 320px) 100vw, 320px\" \/><\/strong><\/span><\/p>\n<p>&nbsp;<\/p>\n<p><span style=\"font-size: 14pt;\"><strong>FICHA TECNICA :<\/strong><\/span><\/p>\n<p>T\u00edtulo original<\/p>\n<p>The Coming War on China<\/p>\n<p>A\u00f1o 2016<\/p>\n<p>Duraci\u00f3n 110 min.<\/p>\n<p>Pa\u00eds Reino Unido<\/p>\n<p>Direcci\u00f3n<\/p>\n<p>John Pilger<\/p>\n<p>Guion John Pilger<\/p>\n<p>Reparto Documental<\/p>\n<p>Productora Dartmouth Films<\/p>\n<p>G\u00e9nero Documental | Pol\u00edtica<\/p>\n<p>Sinopsis<\/p>\n<p>El documental revela que la mayor potencia militar del mundo, los Estados Unidos y el segundo poder econ\u00f3mico del mundo, China, ambos con armas nucleares, est\u00e1n camino de la guerra. (<a href=\"https:\/\/www.filmaffinity.com\/es\/film112949.html\" target=\"_blank\" rel=\"noopener\" data-schema-attribute=\"\">FILMAFFINITY<\/a>)<\/p>\n<p>&nbsp;<\/p>\n<p style=\"text-align: center;\"><span style=\"color: #008000;\"><strong><span style=\"font-size: 18pt;\">*****<\/span><\/strong><\/span><\/p>\n<div class=\"review-user-nick\">\n<table style=\"border-collapse: collapse; width: 100%;\">\n<tbody>\n<tr>\n<td style=\"width: 100%; border-color: #000000; background-color: #fafcfb;\">\n<p style=\"text-align: center;\"><span style=\"font-size: 24pt;\"><em>H\u00e1blame de lo que me hab\u00edas dicho que me ibas a hablar<\/em><\/span><\/p>\n<p>Por <a href=\"https:\/\/www.filmaffinity.com\/es\/user\/rating\/271052\/112949.html\" target=\"_blank\" rel=\"noopener\" data-schema-attribute=\"\">Kaliyuga<\/a><\/p>\n<p>\u00a013\/10\/2020<\/p>\n<p style=\"text-align: justify;\"><span style=\"font-size: 14pt; font-family: 'times new roman', times, serif;\">Cuando se va a la guerra lo principal que hay tener claro es que se declara la guerra para ganarla y tambi\u00e9n que se declara por algo. Ninguna de estas dos cuestiones quedan claras en el documental. Es m\u00e1s no se habla de ellas. En el documental aparecen una serie de cuestiones que definir\u00eda como de consecuencias del imperialismo, justicia con los pueblos abor\u00edgenes, movimientos antimilitaristas, consecuencias del crecimiento econ\u00f3mico de China&#8230; pero si se espera encontrar un an\u00e1lisis de las fuerzas militares de cada uno de los bandos y evoluci\u00f3n de su ingenier\u00eda militar para conocer cuando el poder militar de China supere al de EEUU (que no est\u00e1 cerca) no se da el caso. Es m\u00e1s aparecen muchos pol\u00edticos y expertos en la historia de estos pa\u00edses pero no aparecen militares ni analistas militares. Ni se habla de la ciberguerra que ya existe entre ambos pa\u00edses, ni de la carrera espacial china que puede estar superando a occidente tranquilamente, ni de como China est\u00e1 comprando tierras de cultivo en todo el mundo para sostener a su poblaci\u00f3n (y que la debilita estrat\u00e9gicamente en un supuesto enfrentamiento), ni que China es el mayor tenedor de deuda estadounidense de tal modo que podr\u00eda hacer quebrar a EEUU, ni de las bases militares que tiene China en Djbouti, Patagonia, Gwadar (Pakist\u00e1n) &#8230;<\/span><\/p>\n<p style=\"text-align: justify;\"><span style=\"font-size: 14pt; font-family: 'times new roman', times, serif;\">No me quiero extender pero creo que queda claro que como trabajo de prospectiva de un posible conflicto militar este trabajo documental est\u00e1 muy flojo. Las historias que se cuentan merecen ser contadas, pero poco tienen que ver con una escalada militar y la preparaci\u00f3n para la guerra.<\/span><\/p>\n<p style=\"text-align: justify;\"><span style=\"font-size: 14pt; font-family: 'times new roman', times, serif;\">John Pilger es un conocido y multipremiado periodista de investigaci\u00f3n cuyos trabajos se suelen centrar en la cr\u00edtica de las pol\u00edticas occidentales y los abusos que se cometen sobre el mundo en desarrollo, las guerras imperialistas o las dictaduras patrocinadas por occidente para proteger sus intereses econ\u00f3micos pero en general me parece que como documentalista no enfoca bien sus trabajos.<\/span><\/p>\n<p style=\"text-align: justify;\"><span style=\"font-size: 14pt; font-family: 'times new roman', times, serif;\">As\u00ed y todo en esta web sus documentales tienen unas puntuaciones excelentes. Total, si quieres informarte un poco de las actividades de EEUU en la zona ASEAN est\u00e1 bien, si quieres enterarte de lo que hace China no te vas a enterar de demasiadas cosas.<\/span><\/p>\n<\/td>\n<\/tr>\n<\/tbody>\n<\/table>\n<\/div>\n<p style=\"text-align: center;\"><span style=\"color: #008000;\"><strong><span style=\"font-size: 18pt;\">*****<\/span><\/strong><\/span><\/p>\n<p><span class=\"xl-detail-entry-report__prev-title\" style=\"color: #339966; font-size: 14pt;\">TERCERA GUERRA MUNDIAL<\/span><\/p>\n<p class=\"xl-detail-entry-report__title\" style=\"text-align: center;\"><strong><span style=\"font-size: 24pt;\">LA INQUIETANTE PROFEC\u00cdA DE UN ALMIRANTE DE ESTADOS UNIDOS<\/span><\/strong><\/p>\n<h2 class=\"voc-content-report__subtitle\" style=\"text-align: center;\"><span style=\"font-size: 14pt;\"><em>Es una posibilidad cada vez m\u00e1s realista: un enfrentamiento militar entre\u00a0Estados Unidos y China. El punto caliente: el mar de la China Meridional. El almirante James Stavridis, antiguo comandante supremo de la OTAN en Europa, conoce bien ese polvor\u00edn y ha escrito una novela sobre la Tercera Guerra Mundial. \u00abTemo que sea una profec\u00eda autocumplida\u00bb.<\/em><\/span><\/h2>\n<p class=\"xl-detail-entry-report__title\" style=\"text-align: justify;\"><span style=\"font-size: 14pt;\"><span class=\"voc-content-report__author-signature\">Por Bernhardzan Zand\u00a0<\/span><\/span><\/p>\n<p style=\"text-align: justify;\"><a href=\"https:\/\/www.abc.es\/xlsemanal\/personajes\/tercera-guerra-mundial-texto-ok-publicar.html\" target=\"_blank\" rel=\"noopener\" data-schema-attribute=\"\"><span style=\"font-size: 14pt;\">XL Semanal<\/span><\/a><\/p>\n<figure id=\"attachment_2222746\" aria-describedby=\"caption-attachment-2222746\" style=\"width: 550px\" class=\"wp-caption aligncenter\"><img loading=\"lazy\" decoding=\"async\" class=\"wp-image-2222746\" src=\"https:\/\/puntocritico.com\/ausajpuntocritico\/wp-content\/uploads\/2021\/08\/Almirante-USA.jpg\" alt=\"\" width=\"550\" height=\"414\" data-id=\"2222746\" srcset=\"https:\/\/puntocritico.com\/ausajpuntocritico\/wp-content\/uploads\/2021\/08\/Almirante-USA.jpg 931w, https:\/\/puntocritico.com\/ausajpuntocritico\/wp-content\/uploads\/2021\/08\/Almirante-USA-300x226.jpg 300w, https:\/\/puntocritico.com\/ausajpuntocritico\/wp-content\/uploads\/2021\/08\/Almirante-USA-768x577.jpg 768w, https:\/\/puntocritico.com\/ausajpuntocritico\/wp-content\/uploads\/2021\/08\/Almirante-USA-610x459.jpg 610w, https:\/\/puntocritico.com\/ausajpuntocritico\/wp-content\/uploads\/2021\/08\/Almirante-USA-678x509.jpg 678w, https:\/\/puntocritico.com\/ausajpuntocritico\/wp-content\/uploads\/2021\/08\/Almirante-USA-326x245.jpg 326w, https:\/\/puntocritico.com\/ausajpuntocritico\/wp-content\/uploads\/2021\/08\/Almirante-USA-80x60.jpg 80w\" sizes=\"auto, (max-width: 550px) 100vw, 550px\" \/><figcaption id=\"caption-attachment-2222746\" class=\"wp-caption-text\"><span style=\"color: #008000;\">Almirante James Stavridis, antiguo comandante supremo de la OTAN en Europa<\/span><\/figcaption><\/figure>\n<p>&nbsp;<\/p>\n<p class=\"voc-paragraph\" style=\"text-align: justify;\"><span style=\"font-size: 14pt;\">El 12 de marzo de 2034, la oficial al mando de un destructor estadounidense en el Pac\u00edfico occidental atisba un pesquero en llamas. Tras unos momentos de indecisi\u00f3n cambia de rumbo y se dirige hacia \u00e9l por orden de sus superiores. Arranca as\u00ed una cadena de acontecimientos que terminan en una guerra entre Estados Unidos y China\u00a0y en el uso de armas nucleares. Esta es la trama de<em>\u00a02034<\/em>, una novela de la pr\u00f3xima guerra mundial. Los autores son el escritor y veterano de Afganist\u00e1n Elliot Ackerman, de 41 a\u00f1os, y el militar James Stavridis, de 66.<\/span><\/p>\n<p class=\"voc-paragraph\" style=\"text-align: justify;\"><span style=\"font-size: 14pt;\">El propio Stavridis comand\u00f3 un grupo de destructores en el Pac\u00edfico occidental antes de ascender a almirante de cuatro estrellas y asumir el mando supremo de las tropas de la OTAN en Europa. Su nombre se baraj\u00f3 como candidato a la Vicepresidencia con Hillary Clinton y tambi\u00e9n como secretario de Estado de Donald Trump, aunque finalmente ha acabado haciendo carrera como analista pol\u00edtico.<\/span><\/p>\n<p class=\"voc-paragraph\" style=\"text-align: justify;\"><span style=\"font-size: 14pt;\"><strong>XLSemanal. \u00bfHay peligro real de guerra entre China y Estados Unidos?<\/strong><\/span><\/p>\n<p class=\"voc-paragraph\" style=\"text-align: justify;\"><span style=\"font-size: 14pt;\"><strong>James Stavridis.<\/strong>\u00a0Una de las reacciones m\u00e1s habituales que estamos recibiendo con la novela es: buen libro, fecha equivocada. Militares de alto rango que me dicen: \u00abNada de 2034, ser\u00e1 m\u00e1s bien en 2024 o 2026. La guerra llegar\u00e1 antes\u00bb. Se empieza a hablar abiertamente de esa posibilidad. Estados Unidos y China tienen unidades navales y a\u00e9reas en el mar de la China Meridional, y a veces pasan muy cerca unas de otras.<\/span><\/p>\n<p class=\"voc-paragraph\" style=\"text-align: justify;\"><span style=\"font-size: 14pt;\"><strong>XL. Y los dos pa\u00edses acumulan muchos conflictos pol\u00edticos\u2026<\/strong><\/span><\/p>\n<p class=\"voc-paragraph\" style=\"text-align: justify;\"><span style=\"font-size: 14pt;\"><strong>J.S.<\/strong>\u00a0As\u00ed es. Por Taiw\u00e1n, por las reclamaciones de soberan\u00eda en el mar de la China Meridional, por la vulneraci\u00f3n de los derechos humanos en China\u2026 la lista es larga. Se dice que los cr\u00edmenes ocurren cuando hay motivo y oportunidad; pues bien, en el mar de la China Meridional tenemos ambos. El motivo: los muchos puntos en disputa. La oportunidad, las potentes flotas de guerra desplegadas en la regi\u00f3n.<\/span><\/p>\n<p style=\"text-align: justify;\">\u00a0<\/p>\n<figure id=\"attachment_2222747\" aria-describedby=\"caption-attachment-2222747\" style=\"width: 550px\" class=\"wp-caption aligncenter\"><img loading=\"lazy\" decoding=\"async\" class=\"wp-image-2222747\" src=\"https:\/\/puntocritico.com\/ausajpuntocritico\/wp-content\/uploads\/2021\/08\/almirante-james-stavridis-la-guerra-contra-china-empezara-en-2026-islas-Spratly.jpg\" alt=\"\" width=\"550\" height=\"550\" data-id=\"2222747\" srcset=\"https:\/\/puntocritico.com\/ausajpuntocritico\/wp-content\/uploads\/2021\/08\/almirante-james-stavridis-la-guerra-contra-china-empezara-en-2026-islas-Spratly.jpg 624w, https:\/\/puntocritico.com\/ausajpuntocritico\/wp-content\/uploads\/2021\/08\/almirante-james-stavridis-la-guerra-contra-china-empezara-en-2026-islas-Spratly-300x300.jpg 300w, https:\/\/puntocritico.com\/ausajpuntocritico\/wp-content\/uploads\/2021\/08\/almirante-james-stavridis-la-guerra-contra-china-empezara-en-2026-islas-Spratly-150x150.jpg 150w, https:\/\/puntocritico.com\/ausajpuntocritico\/wp-content\/uploads\/2021\/08\/almirante-james-stavridis-la-guerra-contra-china-empezara-en-2026-islas-Spratly-610x610.jpg 610w\" sizes=\"auto, (max-width: 550px) 100vw, 550px\" \/><figcaption id=\"caption-attachment-2222747\" class=\"wp-caption-text\"><span style=\"color: #008000;\">Las islas Spratly, en disputa, son un conjunto de islotes y arrecifes cuyas aguas son ricas en pesca, gas y petr\u00f3leo. MAXAR<\/span><\/figcaption><\/figure>\n<p>&nbsp;<\/p>\n<p class=\"voc-paragraph\" style=\"text-align: justify;\"><span style=\"font-size: 14pt;\"><strong>XL. El polit\u00f3logo de Harvard Graham Allison advierte que se puede repetir lo que se llama\u00a0\u2018la trampa de Tuc\u00eddides\u2019: cuando una gran potencia se acerca al nivel de otra potencia hegem\u00f3nica, la cosa casi siempre termina en guerra.<\/strong><\/span><\/p>\n<p class=\"voc-paragraph\" style=\"text-align: justify;\"><span style=\"font-size: 14pt;\"><strong>J.S.<\/strong>\u00a0Este debate me produce mucha inquietud. Allison se remonta a la Grecia cl\u00e1sica, a Atenas y Esparta, para describir lo que ocurre cuando un poder asentado se ve desafiado por otro ascendente. Pero no hay que irse tan lejos. Cuando las potencias enfrentadas fueron los imperios brit\u00e1nico y alem\u00e1n, el resultado fue la Primera Guerra Mundial. No hemos escrito\u00a0<em>2034<\/em>\u00a0para provocar un conflicto, sino para advertir de su posibilidad y tratar de impedir que el mundo se deslice hacia otra gran guerra.<\/span><\/p>\n<p class=\"voc-paragraph\" style=\"text-align: justify;\"><span style=\"font-size: 14pt;\"><strong>XL. Su libro, como usted mismo ha dicho, est\u00e1 pensado para \u00abasustar\u00bb al lector\u2026 y sin duda lo consigue. \u00bfPuede convertirse en una profec\u00eda cumplida?<\/strong><\/span><\/p>\n<p class=\"voc-paragraph\" style=\"text-align: justify;\"><span style=\"font-size: 14pt;\"><strong>J.S.<\/strong>\u00a0Totalmente. Yo comand\u00e9 una flotilla de destructores en el mar de la China Meridional y conozco las condiciones en las que se opera all\u00ed.<\/span><\/p>\n<p class=\"voc-paragraph\" style=\"text-align: justify;\"><span style=\"font-size: 14pt;\"><strong>XL. En su novela, China es una ciberpotencia que logra paralizar Estados Unidos recurriendo a la tecnolog\u00eda. En el mundo real, el gasto militar estadounidense es tres veces mayor que el chino. \u00bfEs realista pensar en un predominio militar de Pek\u00edn?<\/strong><\/span><\/p>\n<p class=\"voc-paragraph\" style=\"text-align: justify;\"><span style=\"font-size: 14pt;\"><strong>J.S.<\/strong>\u00a0En primer lugar, \u00bfqui\u00e9n pudo anticipar los atentados del 11-S o los 20 a\u00f1os de guerra en Afganist\u00e1n o la pandemia actual? La gente tiende a imaginarse el futuro parecido al presente, pero surgen imponderables y sorpresas.<\/span><\/p>\n<p class=\"voc-paragraph\" style=\"text-align: justify;\"><span style=\"font-size: 14pt;\"><strong>XL. \u00bfY en segundo lugar?<\/strong><\/span><\/p>\n<p class=\"voc-paragraph\" style=\"text-align: justify;\"><span style=\"font-size: 14pt;\"><strong>J.S.<\/strong> China est\u00e1 invirtiendo su dinero de forma muy inteligente y focalizada, y no solo en ciberarmas, tambi\u00e9n en su programa espacial, en misiles supers\u00f3nicos y en tecnolog\u00eda de camuflaje. Ha visto c\u00f3mo Estados Unidos se gastaba billones de d\u00f3lares en Irak y Afganist\u00e1n, y se ha dicho: no, nosotros no nos vamos a enredar en guerras de ese tipo, vamos a invertir con criterio.<\/span><\/p>\n<p>&nbsp;<\/p>\n<figure id=\"attachment_2222748\" aria-describedby=\"caption-attachment-2222748\" style=\"width: 440px\" class=\"wp-caption aligncenter\"><img loading=\"lazy\" decoding=\"async\" class=\"wp-image-2222748\" src=\"https:\/\/puntocritico.com\/ausajpuntocritico\/wp-content\/uploads\/2021\/08\/almirante-james-stavridis-la-guerra-contra-china-empezara-en-2026-cohete-long-march-11.jpg\" alt=\"war on China\" width=\"440\" height=\"660\" data-id=\"2222748\" srcset=\"https:\/\/puntocritico.com\/ausajpuntocritico\/wp-content\/uploads\/2021\/08\/almirante-james-stavridis-la-guerra-contra-china-empezara-en-2026-cohete-long-march-11.jpg 624w, https:\/\/puntocritico.com\/ausajpuntocritico\/wp-content\/uploads\/2021\/08\/almirante-james-stavridis-la-guerra-contra-china-empezara-en-2026-cohete-long-march-11-200x300.jpg 200w, https:\/\/puntocritico.com\/ausajpuntocritico\/wp-content\/uploads\/2021\/08\/almirante-james-stavridis-la-guerra-contra-china-empezara-en-2026-cohete-long-march-11-610x915.jpg 610w\" sizes=\"auto, (max-width: 440px) 100vw, 440px\" \/><figcaption id=\"caption-attachment-2222748\" class=\"wp-caption-text\"><span style=\"color: #008000;\">En septiembre pasado, China lanz\u00f3 el cohete Long March 11 desde el mar Amarillo. \u201cChina -dice Stavridis-est\u00e1 invirtiendo no solo en ciberarmas, tambi\u00e9n en su programa espacial, en misiles supers\u00f3nicos y en tecnolog\u00eda de camuflaje. Una inversi\u00f3n muy inteligente y focalizada\u201d. GETTY IMAGES<\/span><\/figcaption><\/figure>\n<p>&nbsp;<\/p>\n<p class=\"voc-paragraph\" style=\"text-align: justify;\"><span style=\"font-size: 14pt;\"><strong>XL. \u00bfHabr\u00e1 conversaciones entre las dos potencias para controlar los arsenales cibern\u00e9ticos como las hubo durante la Guerra Fr\u00eda?<\/strong><\/span><\/p>\n<p class=\"voc-paragraph\" style=\"text-align: justify;\"><span style=\"font-size: 14pt;\"><strong>J.S.<\/strong>\u00a0S\u00ed, y debemos empezar ya, cuanto antes. Las\u00a0ciberarmas\u00a0pueden paralizar el suministro de electricidad o de agua de pa\u00edses enteros, y tambi\u00e9n los transportes, y las finanzas. Ha llegado el momento de que Washington, Mosc\u00fa y Pek\u00edn hablen del tema. El desarme nuclear es un modelo razonable, pero es mucho m\u00e1s dif\u00edcil identificar el origen de un ciberataque que rastrear la trayectoria de un misil. Y, por desgracia, la tecnolog\u00eda cibern\u00e9tica es mucho m\u00e1s sencilla que construir bombas at\u00f3micas.<\/span><\/p>\n<p>&nbsp;<\/p>\n<div class=\"voc-detail__cmp\">\n<div class=\"voc-summary\">\n<p class=\"voc-summary__title\" style=\"text-align: center;\"><span style=\"color: #008000;\"><strong><span style=\"font-size: 14pt;\">\u201cChina est\u00e1 construyendo una flota gigantesca. Ya tiene m\u00e1s buques de guerra que Estados Unidos. Ser\u00eda ingenuo cerrar los ojos y decir que no es un problema\u201d<\/span><\/strong><\/span><\/p>\n<\/div>\n<\/div>\n<p>&nbsp;<\/p>\n<p class=\"voc-paragraph\" style=\"text-align: justify;\"><span style=\"font-size: 14pt;\"><strong>XL. Pek\u00edn asegura que solo quiere controlar su entorno inmediato, es decir, el mar de la China Meridional, igual que Estados Unidos con el Caribe. \u00bfQu\u00e9 pruebas contradicen ese argumento?<\/strong><\/span><\/p>\n<p class=\"voc-paragraph\" style=\"text-align: justify;\"><span style=\"font-size: 14pt;\"><strong>J.S.<\/strong>\u00a0Estados Unidos nunca ha planteado reclamaciones territoriales ni en el Caribe ni en las costas de Sudam\u00e9rica. S\u00ed hemos dejado patente que lo consideramos un entorno inmediato y que somos una potencia militar fuerte en la regi\u00f3n, pero no hemos reclamado la soberan\u00eda sobre sus aguas. Sin embargo, China s\u00ed lo est\u00e1 haciendo. El mar de la China Meridional es casi tan grande como toda Europa Occidental. Si le decimos a Pek\u00edn: \u00abVale, pod\u00e9is quedaros con \u00e9l\u00bb, ser\u00eda un desastre y el fin del derecho mar\u00edtimo internacional. Otros pa\u00edses har\u00edan lo mismo. Esa es la prueba n\u00famero uno en este juicio.<\/span><\/p>\n<p class=\"voc-paragraph\" style=\"text-align: justify;\"><span style=\"font-size: 14pt;\"><strong>XL.\u00a0<\/strong><strong>\u00bfY la prueba n\u00famero dos?<\/strong><\/span><\/p>\n<p class=\"voc-paragraph\" style=\"text-align: justify;\"><span style=\"font-size: 14pt;\"><strong>J.S.<\/strong>\u00a0China est\u00e1 construyendo una flota gigantesca. Ya tiene m\u00e1s buques de guerra que Estados Unidos. Si de verdad solo quieren patrullar por el mar de la China Meridional, \u00bfpor qu\u00e9 construyen submarinos y portaviones nucleares? \u00bfPor qu\u00e9 env\u00edan barcos al B\u00e1ltico y al Mediterr\u00e1neo? \u00bfPor qu\u00e9 levantan una base en el Cuerno de \u00c1frica?<\/span><\/p>\n<p class=\"voc-paragraph\" style=\"text-align: justify;\"><span style=\"font-size: 14pt;\"><strong>XL. China tiene tres bases en el extranjero; Estados Unidos, 800.<\/strong><\/span><\/p>\n<p class=\"voc-paragraph\" style=\"text-align: justify;\"><span style=\"font-size: 14pt;\"><strong>J.S.<\/strong>\u00a0La mayor parte de nuestra infraestructura militar global est\u00e1 donde est\u00e1 porque as\u00ed lo quieren nuestros aliados. Tras la Segunda Guerra Mundial creamos una red de aliados. Nos resulta muy cara, pero nuestros amigos quieren que estemos ah\u00ed. Y, en cuanto a esa cifra de 800 bases que ha citado usted, solo hay 50 de envergadura, que tengan capacidad para varios miles de soldados.<\/span><\/p>\n<p class=\"voc-paragraph\" style=\"text-align: justify;\"><span style=\"font-size: 14pt;\"><strong>XL. Pero es mucho m\u00e1s de lo que tiene cualquier otro ej\u00e9rcito.<\/strong><\/span><\/p>\n<p class=\"voc-paragraph\" style=\"text-align: justify;\"><span style=\"font-size: 14pt;\"><strong>J.S.<\/strong>\u00a0En realidad, China cuenta con muchas bases repartidas por todo el mundo. No tiene bases militares, pero s\u00ed controla puertos, como, por ejemplo, en Sri Lanka. Adem\u00e1s, Pek\u00edn acaba de cerrar un importante acuerdo de cooperaci\u00f3n con Ir\u00e1n.<\/span><\/p>\n<p class=\"voc-paragraph\" style=\"text-align: justify;\"><span style=\"font-size: 14pt;\"><strong>XL. Pek\u00edn quiere estrechar lazos con Teher\u00e1n. \u00bfChina est\u00e1 copiando el modelo de Estados Unidos?<\/strong><\/span><\/p>\n<p class=\"voc-paragraph\" style=\"text-align: justify;\"><span style=\"font-size: 14pt;\"><strong>J.S.<\/strong>\u00a0Lo que es seguro es que ha tomado buena nota de lo que ha hecho Estados Unidos durante estas \u00faltimas d\u00e9cadas. Cuando Pek\u00edn dice que no tiene una tradici\u00f3n de control global, puede que sea cierto desde un punto de vista hist\u00f3rico. Pero lo que est\u00e1 haciendo contradice esa afirmaci\u00f3n. Y nos alarma. Cuando el\u00a0presidente Xi Jinping\u00a0explica d\u00f3nde quiere estar China a mediados de siglo, suena a presencia internacional relevante. Eso no significa que tengamos que ir a la guerra, pero ser\u00eda ingenuo cerrar los ojos y decir que China no es un problema.<\/span><\/p>\n<p>&nbsp;<\/p>\n<div class=\"voc-detail__cmp\">\n<div class=\"voc-summary\">\n<blockquote>\n<p class=\"voc-summary__title\" style=\"text-align: center;\"><span style=\"color: #008000;\"><strong><span style=\"font-size: 14pt;\">\u201cCon China no hay un \u2018tel\u00e9fono rojo\u2019 como entre Estados Unidos y la Uni\u00f3n Sovi\u00e9tica durante la Guerra Fr\u00eda. Eso rebajar\u00eda la tensi\u00f3n en una situaci\u00f3n caliente\u201d<\/span><\/strong><\/span><\/p>\n<\/blockquote>\n<\/div>\n<\/div>\n<p>&nbsp;<\/p>\n<p class=\"voc-paragraph\" style=\"text-align: justify;\"><span style=\"font-size: 14pt;\"><strong>XL. Usted fue comandante jefe de la OTAN en Europa. \u00bfOccidente necesita una alianza en el Pac\u00edfico para mantener a China en jaque?<\/strong><\/span><\/p>\n<p class=\"voc-paragraph\" style=\"text-align: justify;\"><span style=\"font-size: 14pt;\"><strong>J.S.<\/strong>\u00a0No creo que Asia re\u00fana las condiciones para crear una estructura como la OTAN. Pero pueden crearse foros -como el Quad, integrado por Estados Unidos, Jap\u00f3n, la India y Australia- que act\u00faen como contrapeso a una China en ascenso. Todos miramos a China con preocupaci\u00f3n: la India, por los recientes sucesos en el Himalaya; Jap\u00f3n, por sus disputas territoriales en el mar de China; Australia, por las agresivas pr\u00e1cticas comerciales chinas. Pero no creo que debamos crear una OTAN asi\u00e1tica. Ser\u00eda lanzarle un mensaje demasiado provocador a China.<\/span><\/p>\n<div class=\"voc-img-container\">\u00a0<\/div>\n<div>\n<figure id=\"attachment_2222749\" aria-describedby=\"caption-attachment-2222749\" style=\"width: 480px\" class=\"wp-caption aligncenter\"><img loading=\"lazy\" decoding=\"async\" class=\"wp-image-2222749\" src=\"https:\/\/puntocritico.com\/ausajpuntocritico\/wp-content\/uploads\/2021\/08\/almirante-james-stavridis-la-guerra-contra-china-empezara-en-2026-esposa.jpg\" alt=\"\" width=\"480\" height=\"572\" data-id=\"2222749\" srcset=\"https:\/\/puntocritico.com\/ausajpuntocritico\/wp-content\/uploads\/2021\/08\/almirante-james-stavridis-la-guerra-contra-china-empezara-en-2026-esposa.jpg 624w, https:\/\/puntocritico.com\/ausajpuntocritico\/wp-content\/uploads\/2021\/08\/almirante-james-stavridis-la-guerra-contra-china-empezara-en-2026-esposa-252x300.jpg 252w, https:\/\/puntocritico.com\/ausajpuntocritico\/wp-content\/uploads\/2021\/08\/almirante-james-stavridis-la-guerra-contra-china-empezara-en-2026-esposa-610x727.jpg 610w\" sizes=\"auto, (max-width: 480px) 100vw, 480px\" \/><figcaption id=\"caption-attachment-2222749\" class=\"wp-caption-text\"><span style=\"color: #008000;\">Stavridis con su esposa, Laura Hall. La mayor de sus hijas, Christina Anne, est\u00e1 casada con un m\u00e9dico estadounidense de origen chino. CORDON<\/span><\/figcaption><\/figure>\n<\/div>\n<div>\u00a0<\/div>\n<p class=\"voc-paragraph\" style=\"text-align: justify;\"><span style=\"font-size: 14pt;\"><strong>XL. \u00bfC\u00f3mo se puede poner fin a la escalada actual?<\/strong><\/span><\/p>\n<p class=\"voc-paragraph\" style=\"text-align: justify;\"><span style=\"font-size: 14pt;\"><strong>J.S.<\/strong>\u00a0Eso da para otra entrevista. Pero necesitamos m\u00e1s mecanismos de comunicaci\u00f3n. Por ejemplo, no tenemos un \u2018tel\u00e9fono rojo\u2019, como ten\u00edan Estados Unidos y la Uni\u00f3n Sovi\u00e9tica en la Guerra Fr\u00eda. Tampoco hay un acuerdo sobre c\u00f3mo regular los incidentes en altamar.<\/span><\/p>\n<p class=\"voc-paragraph\" style=\"text-align: justify;\"><span style=\"font-size: 14pt;\"><strong>XL. Son medidas que tambi\u00e9n servir\u00edan para rebajar la tensi\u00f3n sobre las personas involucradas en esos incidentes.<\/strong><\/span><\/p>\n<p class=\"voc-paragraph\" style=\"text-align: justify;\"><span style=\"font-size: 14pt;\"><strong>J.S.<\/strong>\u00a0Los militares que pilotan esos aviones o comandan esos barcos son muy j\u00f3venes, muchos de solo 20 o 30 a\u00f1os. Yo ten\u00eda 36 cuando me dieron el mando de un destructor, y era el oficial de m\u00e1s edad a bordo. Estos j\u00f3venes necesitan l\u00edmites y controles, y sus superiores, una l\u00ednea de comunicaci\u00f3n directa con el otro bando para rebajar la tensi\u00f3n en una situaci\u00f3n caliente.<\/span><\/p>\n<p class=\"voc-paragraph\" style=\"text-align: justify;\"><span style=\"font-size: 14pt;\"><strong>XL. La pandemia y el aislamiento de las dos superpotencias parecen haber bloqueado muchos de los canales de comunicaci\u00f3n entre las dos potencias.<\/strong><\/span><\/p>\n<p class=\"voc-paragraph\" style=\"text-align: justify;\"><span style=\"font-size: 14pt;\"><strong>J.S.<\/strong>\u00a0S\u00ed, y eso afecta a nuestras relaciones econ\u00f3micas, los intercambios culturales, acad\u00e9micos y sociales\u2026 En mi caso, tambi\u00e9n tiene una nota personal; mi hija mayor est\u00e1 casada con un ciudadano estadounidense de origen chino, m\u00e9dico de profesi\u00f3n. La pandemia ha acentuado las tensiones. A mi yerno le gritan e insultan por la calle porque tiene rasgos asi\u00e1ticos. En el servicio de urgencias donde trabaja hay pacientes que no quieren que los atiendan asi\u00e1ticos, por lo de la \u2018gripe china\u2019, como algunos llaman al coronavirus.<\/span><\/p>\n<p class=\"voc-paragraph\" style=\"text-align: justify;\"><span style=\"font-size: 14pt;\">En septiembre pasado, China lanz\u00f3 el cohete Long March 11 desde el mar Amarillo. \u00abChina -dice Stavridis- est\u00e1 invirtiendo no solo en ciberarmas, tambi\u00e9n en su programa espacial, en misiles supers\u00f3nicos y en tecnolog\u00eda de camuflaje. Una inversi\u00f3n muy inteligente y focalizada\u00bb.<\/span><\/p>\n<div class=\"voc-detail__cmp \">\n<div class=\"voc-headline-secondary\">\n<p class=\"voc-headline-secondary__title\" style=\"text-align: justify;\"><strong><span style=\"font-size: 14pt;\">El mar m\u00e1s disputado del mundo<\/span><\/strong><\/p>\n<\/div>\n<\/div>\n<p class=\"voc-paragraph\" style=\"text-align: justify;\"><span style=\"font-size: 14pt;\">La soberan\u00eda del mar Meridional enfrenta a China con Taiw\u00e1n, Vietnam, Filipinas, Malasia y Brun\u00e9i, casi todos aliados de EE.UU. El conflicto se centra en las islas Paracelso y Spratly. La propiedad de estos archipi\u00e9lagos dar\u00eda libertad a su due\u00f1o para explotar sus aguas territoriales, ricas en pesca e hidrocarburos. Cada pa\u00eds reclama una parte, excepto Pek\u00edn que lo quiere todo. De hecho, ya ocup\u00f3 ambos archipi\u00e9lagos -hoy en aguas internacionales- y reclama \u00edntegro el mar en base a una demarcaci\u00f3n de nueve puntos que aparece en mapas de su \u00faltima dinast\u00eda imperial. La zona es, adem\u00e1s, un gran eje del tr\u00e1fico internacional de mercanc\u00edas. Un tercio del transporte mundial pasa por aqu\u00ed.<\/span><\/p>\n<div class=\"voc-img-container\">\u00a0<\/div>\n<div>\n<figure id=\"attachment_2222750\" aria-describedby=\"caption-attachment-2222750\" style=\"width: 680px\" class=\"wp-caption aligncenter\"><img loading=\"lazy\" decoding=\"async\" class=\"wp-image-2222750\" src=\"https:\/\/puntocritico.com\/ausajpuntocritico\/wp-content\/uploads\/2021\/08\/almirante-james-stavridis-la-guerra-contra-china-empezara-en-2026-mapa.jpg\" alt=\"\" width=\"680\" height=\"453\" data-id=\"2222750\" srcset=\"https:\/\/puntocritico.com\/ausajpuntocritico\/wp-content\/uploads\/2021\/08\/almirante-james-stavridis-la-guerra-contra-china-empezara-en-2026-mapa.jpg 624w, https:\/\/puntocritico.com\/ausajpuntocritico\/wp-content\/uploads\/2021\/08\/almirante-james-stavridis-la-guerra-contra-china-empezara-en-2026-mapa-300x200.jpg 300w, https:\/\/puntocritico.com\/ausajpuntocritico\/wp-content\/uploads\/2021\/08\/almirante-james-stavridis-la-guerra-contra-china-empezara-en-2026-mapa-610x407.jpg 610w\" sizes=\"auto, (max-width: 680px) 100vw, 680px\" \/><figcaption id=\"caption-attachment-2222750\" class=\"wp-caption-text\"><span style=\"color: #008000;\">1. Jap\u00f3n, China y Taiw\u00e1n reclaman estas islas, que se encuentran bajo administraci\u00f3n japonesa desde 1972. 2. China, Taiw\u00e1n y Vietnam reclaman el archipi\u00e9lago: Malasia y Filipinas s\u00f3lo una parte. Brun\u00e9i no las reclama, pero ha ocupado varios arrecifes. DATOS DEL INFORME 2020 CHINA MILITARY POWER DEL PENT\u00c1GONO.<\/span><\/figcaption><\/figure>\n<\/div>\n<div>\u00a0<\/div>\n<div style=\"text-align: center;\"><span style=\"color: #008000;\"><strong><span style=\"font-size: 18pt;\">*******<\/span><\/strong><\/span><\/div>\n<div>\n<p style=\"text-align: center;\"><span style=\"font-size: 24pt;\"><strong>QU\u00c9 ES \u201cLA TRAMPA DE TUC\u00cdDIDES\u201d POR LA QUE SE TEME QUE ESTALLE UNA GUERRA ENTRE EE.UU. Y CHINA<\/strong><\/span><\/p>\n<p style=\"text-align: justify;\"><span style=\"font-size: 14pt;\"><a href=\"http:\/\/www.bbc.com\/mundo\/noticias-40974871\" target=\"_blank\" rel=\"noopener\" data-schema-attribute=\"\">BBC Mundo<\/a> -20 agosto 2017<\/span><\/p>\n<figure id=\"attachment_5183\" class=\"wp-caption aligncenter\" aria-describedby=\"caption-attachment-5183\">\n<figure id=\"attachment_5183\" aria-describedby=\"caption-attachment-5183\" style=\"width: 660px\" class=\"wp-caption aligncenter\"><a href=\"https:\/\/puntocritico.com\/ausajpuntocritico\/wp-content\/uploads\/2017\/09\/EEUU.jpg\" rel=\"lightbox[5172]\"><img loading=\"lazy\" decoding=\"async\" class=\"wp-image-5183 size-full\" src=\"https:\/\/puntocritico.com\/ausajpuntocritico\/wp-content\/uploads\/2017\/09\/EEUU.jpg\" sizes=\"auto, (max-width: 660px) 100vw, 660px\" srcset=\"https:\/\/puntocritico.com\/ausajpuntocritico\/wp-content\/uploads\/2017\/09\/EEUU.jpg 660w, https:\/\/puntocritico.com\/ausajpuntocritico\/wp-content\/uploads\/2017\/09\/EEUU-300x169.jpg 300w\" alt=\"war on China\" width=\"660\" height=\"371\" \/><\/a><figcaption id=\"caption-attachment-5183\" class=\"wp-caption-text\"><span style=\"color: #008000;\">\u00bfA qu\u00e9 se refieren los expertos cuando dicen que EE.UU. y China deben evitar caer en la trampa de Tuc\u00eddides?<\/span><\/figcaption><\/figure><br \/>\n<\/figure>\n<p>&nbsp;<\/p>\n<p style=\"text-align: justify;\"><span style=\"font-size: 14pt;\"><strong>Quienes no conocen el pasado est\u00e1n condenados a repetirlo, advirti\u00f3 el fil\u00f3sofo estadounidense nacido en Espa\u00f1a, George Santayana.<\/strong><\/span><\/p>\n<p style=\"text-align: justify;\"><span style=\"font-size: 14pt;\">Por ello historiadores, pol\u00edticos, diplom\u00e1ticos, especialistas en relaciones internacionales y periodistas expertos citan cada vez con m\u00e1s frecuencia la llamada \u00abtrampa de Tuc\u00eddides\u00bb.<\/span><\/p>\n<p style=\"text-align: justify;\"><span style=\"font-size: 14pt;\">Se refieren a la tensi\u00f3n estructural letal que se produce cuando\u00a0<strong>una potencia nueva reta a otra establecida<\/strong>, que crea las condiciones para que estalle una guerra.<\/span><\/p>\n<p style=\"text-align: justify;\"><span style=\"font-size: 14pt;\">El primero en describir este fen\u00f3meno fue el padre de la \u00abhistoriograf\u00eda cient\u00edfica\u00bb y de la escuela del realismo pol\u00edtico, el ateniense Tuc\u00eddedes en su narraci\u00f3n de la Guerra del Peloponeso (siglo V a.C.).<\/span><\/p>\n<blockquote>\n<p><span style=\"font-size: 14pt;\"><em>\u00abFue el ascenso de Atenas y el temor que eso inculc\u00f3 en Esparta lo que hizo que la guerra fuera inevitable\u00bb (<\/em><em>Tuc\u00eddides).<\/em><\/span><\/p>\n<\/blockquote>\n<p style=\"text-align: justify;\"><span style=\"font-size: 14pt;\">En nuestros tiempos, el temor es que China se convierta en esa Atenas ante una Esparta en la forma de Estados Unidos.<\/span><\/p>\n<p style=\"text-align: justify;\"><span style=\"font-size: 14pt;\"><strong>Ajustes necesarios<\/strong><\/span><\/p>\n<p style=\"text-align: justify;\"><span style=\"font-size: 14pt;\">\u00abLa cuesti\u00f3n definitoria del orden mundial para esta generaci\u00f3n es si China y Estados Unidos pueden evitar caer en la trampa de Tuc\u00eddides\u00bb, se\u00f1ala Graham Allison, director del Centro Belfer de Ciencias y Asuntos Internacionales en la\u00a0<em>Kennedy School<\/em>\u00a0de Harvard y autor del libro \u00abCon destino a la guerra: \u00bfes posible que EE.UU. y China escapen de la trampa de Tuc\u00eddides?\u00bb.<\/span><\/p>\n<p style=\"text-align: justify;\"><span style=\"font-size: 14pt;\">En el pasado, subraya, \u00abcuando las partes evitaron la guerra, se requiri\u00f3 de ajustes enormes y dolorosos en las actitudes y acciones\u00a0<strong>no s\u00f3lo del retador sino tambi\u00e9n del retado<\/strong>\u00ab.<\/span><\/p>\n<p style=\"text-align: justify;\"><span style=\"font-size: 14pt;\">Tuc\u00eddides se enfoc\u00f3 en la inexorable tensi\u00f3n causada por el r\u00e1pido cambio en el balance del poder entre dos potencias rivales.<\/span><\/p>\n<p style=\"text-align: justify;\"><span style=\"font-size: 14pt;\">Y en ese sentido, nunca antes hubo un cambio tan veloz y trascendental como el ascenso de China.<\/span><\/p>\n<p style=\"text-align: center;\"><span style=\"font-size: 18pt; color: #008000;\"><strong>***<\/strong><\/span><\/p>\n<p style=\"text-align: justify;\"><span style=\"font-size: 18pt;\"><strong><em>Si Estados Unidos fuera una empresa&#8230;<\/em><\/strong><\/span><\/p>\n<ul style=\"text-align: justify;\">\n<li><span style=\"font-size: 14pt;\"><em>Despu\u00e9s de la Segunda Guerra Mundial facturaba\u00a0<strong>50% del mercado econ\u00f3mico mundial<\/strong><\/em><\/span><\/li>\n<li><span style=\"font-size: 14pt;\"><em>En 1980 baj\u00f3 al\u00a0<strong>22%<\/strong><\/em><\/span><\/li>\n<li><span style=\"font-size: 14pt;\"><em>3 d\u00e9cadas de crecimiento de China redujeron al\u00a0<strong>16% la cuota de EE.UU.<\/strong><\/em><\/span><\/li>\n<li><span style=\"font-size: 14pt;\"><em>China pas\u00f3 de representar el<strong>2% de la econom\u00eda mundial en 1980 al 18% en 2016<\/strong><\/em><\/span><\/li>\n<\/ul>\n<p style=\"text-align: justify;\"><span style=\"font-size: 14pt;\"><em>Graham Allison, director del Centro Belfer de Ciencias y Asuntos Internacionales en la Kennedy School de Harvard<\/em><\/span><\/p>\n<p style=\"text-align: center;\"><span style=\"font-size: 18pt; color: #008000;\"><strong>***<\/strong><\/span><\/p>\n<p style=\"text-align: justify;\"><span style=\"font-size: 18pt;\"><strong>Patr\u00f3n fatal de eventos<\/strong><\/span><\/p>\n<p style=\"text-align: justify;\"><span style=\"font-size: 14pt;\">A lo largo de la historia, los roles de Atenas y Esparta han sido interpretados por poderes emergentes, como en el caso de la Casa de Habsburgo, que desafi\u00f3 la preeminencia francesa en Europa en la primera mitad del siglo XVI y que luego, en los siglos XVI y XVII, pas\u00f3 a ser el poder dominante retado por el Imperio Otomano.<\/span><\/p>\n<p style=\"text-align: justify;\"><span style=\"font-size: 14pt;\">En esas ocasiones, la rivalidad entre el poderoso y el reci\u00e9n llegado culmin\u00f3 en conflictos b\u00e9licos.<\/span><\/p>\n<p style=\"text-align: justify;\"><span style=\"font-size: 14pt;\">La din\u00e1mica que produce ese duelo por el poder puede explicar, dicen esos expertos, situaciones aparentemente absurdas como que el asesinato de un archiduque fuera la chispa de la catastr\u00f3fica Primera Guerra Mundial.<\/span><\/p>\n<p style=\"text-align: justify;\"><span style=\"font-size: 14pt;\">En esa ocasi\u00f3n,\u00a0<strong>Reino Unido<\/strong>, apoyado por Francia y Rusia,\u00a0<strong>era Atenas<\/strong>\u00a0y\u00a0<strong>Alemania\u00a0era\u00a0Esparta<\/strong>.<\/span><\/p>\n<p style=\"text-align: justify;\"><span style=\"font-size: 14pt;\">Y, como Atenas y Esparta hace casi 2.500 a\u00f1os, despu\u00e9s de una Segunda Guerra Mundial, todos quedaron debilitados.<\/span><\/p>\n<p style=\"text-align: justify;\"><span style=\"font-size: 14pt;\"><strong>M\u00e1s que alarma, lecci\u00f3n<\/strong><\/span><\/p>\n<p>&nbsp;<\/p>\n<figure id=\"attachment_5173\" class=\"wp-caption aligncenter\" aria-describedby=\"caption-attachment-5173\">\n<figure id=\"attachment_5173\" aria-describedby=\"caption-attachment-5173\" style=\"width: 624px\" class=\"wp-caption aligncenter\"><a href=\"https:\/\/puntocritico.com\/ausajpuntocritico\/wp-content\/uploads\/2017\/09\/El-desenlace-no-es-inevitable.jpg\" rel=\"lightbox[5172]\"><img loading=\"lazy\" decoding=\"async\" class=\"wp-image-5173 size-full\" src=\"https:\/\/puntocritico.com\/ausajpuntocritico\/wp-content\/uploads\/2017\/09\/El-desenlace-no-es-inevitable.jpg\" sizes=\"auto, (max-width: 624px) 100vw, 624px\" srcset=\"https:\/\/puntocritico.com\/ausajpuntocritico\/wp-content\/uploads\/2017\/09\/El-desenlace-no-es-inevitable.jpg 624w, https:\/\/puntocritico.com\/ausajpuntocritico\/wp-content\/uploads\/2017\/09\/El-desenlace-no-es-inevitable-300x169.jpg 300w\" alt=\"war on China\" width=\"624\" height=\"351\" \/><\/a><figcaption id=\"caption-attachment-5173\" class=\"wp-caption-text\"><span style=\"color: #008000;\">El desenlace no es inevitable: los poderes pueden evitar la guerra si act\u00faan apropiadamente<\/span><\/figcaption><\/figure><br \/>\n<\/figure>\n<p>&nbsp;<\/p>\n<p style=\"text-align: justify;\"><span style=\"font-size: 14pt;\">A pesar de que en esas situaciones de alta tensi\u00f3n una conflagraci\u00f3n es altamente probable, no es inevitable.<\/span><\/p>\n<p style=\"text-align: justify;\"><span style=\"font-size: 14pt;\">Quiz\u00e1s hasta aqu\u00ed no lo parece, pero tener presente la trampa de Tuc\u00eddides no es fatalista:\u00a0<strong>lo bueno de la historia es que sirve para aprender<\/strong>.<\/span><\/p>\n<p style=\"text-align: justify;\"><span style=\"font-size: 14pt;\">Y, gracias a un proyecto de historia aplicada realizado en la Universidad de Harvard, las lecciones de 16 casos de los \u00faltimos 500 a\u00f1os en los que el ascenso de una naci\u00f3n perturb\u00f3 la posici\u00f3n del pa\u00eds dominante, est\u00e1n m\u00e1s a la mano.<\/span><\/p>\n<p style=\"text-align: justify;\"><span style=\"font-size: 14pt;\">El final de 12 de esos casos fue la guerra, avalando el pron\u00f3stico de la trampa de Tuc\u00eddides.<\/span><\/p>\n<p style=\"text-align: justify;\"><span style=\"font-size: 14pt;\">Pero las otras cuatro excepciones demuestran que el destino no est\u00e1 trazado.<\/span><\/p>\n<p style=\"text-align: justify;\"><span style=\"font-size: 14pt;\"><strong>\u00bfCu\u00e1les son?<\/strong><\/span><\/p>\n<p style=\"text-align: justify;\"><span style=\"font-size: 14pt;\"><strong>1.-Portugal vs. Espa\u00f1a, finales del siglo XV:<\/strong><\/span><\/p>\n<figure id=\"attachment_5180\" class=\"wp-caption aligncenter\" aria-describedby=\"caption-attachment-5180\">\n<figure id=\"attachment_5180\" aria-describedby=\"caption-attachment-5180\" style=\"width: 624px\" class=\"wp-caption aligncenter\"><a href=\"https:\/\/puntocritico.com\/ausajpuntocritico\/wp-content\/uploads\/2017\/09\/Un-tratado-en-vez-de-guerra.jpg\" rel=\"lightbox[5172]\"><img loading=\"lazy\" decoding=\"async\" class=\"wp-image-5180 size-full\" src=\"https:\/\/puntocritico.com\/ausajpuntocritico\/wp-content\/uploads\/2017\/09\/Un-tratado-en-vez-de-guerra.jpg\" sizes=\"auto, (max-width: 624px) 100vw, 624px\" srcset=\"https:\/\/puntocritico.com\/ausajpuntocritico\/wp-content\/uploads\/2017\/09\/Un-tratado-en-vez-de-guerra.jpg 624w, https:\/\/puntocritico.com\/ausajpuntocritico\/wp-content\/uploads\/2017\/09\/Un-tratado-en-vez-de-guerra-300x169.jpg 300w\" alt=\"\" width=\"624\" height=\"351\" \/><\/a><figcaption id=\"caption-attachment-5180\" class=\"wp-caption-text\"><span style=\"color: #008000;\">Un tratado en vez de guerra<\/span><\/figcaption><\/figure><br \/>\n<\/figure>\n<p>&nbsp;<\/p>\n<p style=\"text-align: justify;\"><span style=\"font-size: 14pt;\">Durante la mayor parte del siglo XV, Portugal eclips\u00f3 a su tradicional rival y vecino, la Corona Espa\u00f1ola de Castilla, liderando el mundo en la exploraci\u00f3n y el comercio internacional.<\/span><\/p>\n<p style=\"text-align: justify;\"><span style=\"font-size: 14pt;\">En la d\u00e9cada de 1490, una Espa\u00f1a unida y rejuvenecida comenz\u00f3 a desafiar el dominio de Portugal y reclamar la supremac\u00eda colonial en el Nuevo Mundo, poniendo a las dos potencias ib\u00e9ricas al borde de la guerra.<\/span><\/p>\n<p style=\"text-align: justify;\"><span style=\"font-size: 14pt;\"><strong>Una intervenci\u00f3n del Papa y el Tratado de Tordesillas de 1494\u00a0evitaron\u00a0un conflicto devastador<\/strong>.<\/span><\/p>\n<p>&nbsp;<\/p>\n<p style=\"text-align: justify;\"><span style=\"font-size: 14pt;\"><strong>2.-Reino Unido vs. Estados Unidos, principios del siglo XX:<\/strong><\/span><\/p>\n<p>&nbsp;<\/p>\n<figure id=\"attachment_5181\" class=\"wp-caption aligncenter\" aria-describedby=\"caption-attachment-5181\">\n<figure id=\"attachment_5181\" aria-describedby=\"caption-attachment-5181\" style=\"width: 624px\" class=\"wp-caption aligncenter\"><a href=\"https:\/\/puntocritico.com\/ausajpuntocritico\/wp-content\/uploads\/2017\/09\/Una-relaci%C3%B3n-muy-especial.jpg\" rel=\"lightbox[5172]\"><img loading=\"lazy\" decoding=\"async\" class=\"wp-image-5181 size-full\" src=\"https:\/\/puntocritico.com\/ausajpuntocritico\/wp-content\/uploads\/2017\/09\/Una-relaci\u00f3n-muy-especial.jpg\" sizes=\"auto, (max-width: 624px) 100vw, 624px\" srcset=\"https:\/\/puntocritico.com\/ausajpuntocritico\/wp-content\/uploads\/2017\/09\/Una-relaci\u00f3n-muy-especial.jpg 624w, https:\/\/puntocritico.com\/ausajpuntocritico\/wp-content\/uploads\/2017\/09\/Una-relaci\u00f3n-muy-especial-150x150.jpg 150w, https:\/\/puntocritico.com\/ausajpuntocritico\/wp-content\/uploads\/2017\/09\/Una-relaci\u00f3n-muy-especial-300x300.jpg 300w\" alt=\"\" width=\"624\" height=\"624\" \/><\/a><figcaption id=\"caption-attachment-5181\" class=\"wp-caption-text\"><span style=\"color: #008000;\">Una relaci\u00f3n muy especial<\/span><\/figcaption><\/figure><br \/>\n<\/figure>\n<p>&nbsp;<\/p>\n<p style=\"text-align: justify;\"><span style=\"font-size: 14pt;\">En las \u00faltimas d\u00e9cadas del siglo XIX, el poder econ\u00f3mico estadounidense super\u00f3 el del imperio m\u00e1s importante del mundo, Reino Unido.<\/span><\/p>\n<p style=\"text-align: justify;\"><span style=\"font-size: 14pt;\">La creciente flota estadounidense era un rival potencialmente preocupante para la Real Fuerza Naval del imperio brit\u00e1nico.<\/span><\/p>\n<p style=\"text-align: justify;\"><span style=\"font-size: 14pt;\">Cuando EE.UU. comenz\u00f3 a afirmar la supremac\u00eda en su propio hemisferio, Reino Unido lidiaba con otros retos de amenazas m\u00e1s cercanas que pon\u00edan en riesgo su imperio colonial, as\u00ed que se acomod\u00f3 al ascenso de su antigua colonia en Am\u00e9rica.<\/span><\/p>\n<p style=\"text-align: justify;\"><span style=\"font-size: 14pt;\"><strong>Las concesiones de\u00a0Reino Unido evitaron enfrentamientos con EE.UU.<\/strong>, que se asegur\u00f3 el dominio en el hemisferio occidental.<\/span><\/p>\n<p style=\"text-align: justify;\"><span style=\"font-size: 14pt;\">Este gran acercamiento sent\u00f3 las bases para las alianzas entre Estados Unidos y Reino Unido en dos guerras mundiales y la permanente \u00abrelaci\u00f3n especial\u00bb que ambas naciones siguen dando por sentado.<\/span><\/p>\n<p style=\"text-align: justify;\">\u00a0<\/p>\n<p style=\"text-align: justify;\"><span style=\"font-size: 14pt;\"><strong>3.-Estados Unidos vs. Uni\u00f3n Sovi\u00e9tica, 1940&#8217;s-1980&#8217;s:<\/strong><\/span><\/p>\n<p>&nbsp;<\/p>\n<figure id=\"attachment_5178\" class=\"wp-caption aligncenter\" aria-describedby=\"caption-attachment-5178\">\n<figure id=\"attachment_5178\" aria-describedby=\"caption-attachment-5178\" style=\"width: 624px\" class=\"wp-caption aligncenter\"><a href=\"https:\/\/puntocritico.com\/ausajpuntocritico\/wp-content\/uploads\/2017\/09\/Mantuvieron-una-enemistad-profunda-y-helada.jpg\" rel=\"lightbox[5172]\"><img loading=\"lazy\" decoding=\"async\" class=\"wp-image-5178 size-full\" src=\"https:\/\/puntocritico.com\/ausajpuntocritico\/wp-content\/uploads\/2017\/09\/Mantuvieron-una-enemistad-profunda-y-helada.jpg\" sizes=\"auto, (max-width: 624px) 100vw, 624px\" srcset=\"https:\/\/puntocritico.com\/ausajpuntocritico\/wp-content\/uploads\/2017\/09\/Mantuvieron-una-enemistad-profunda-y-helada.jpg 624w, https:\/\/puntocritico.com\/ausajpuntocritico\/wp-content\/uploads\/2017\/09\/Mantuvieron-una-enemistad-profunda-y-helada-300x169.jpg 300w\" alt=\"\" width=\"624\" height=\"351\" \/><\/a><figcaption id=\"caption-attachment-5178\" class=\"wp-caption-text\"><span style=\"color: #008000;\">Mantuvieron una enemistad profunda y helada<\/span><\/figcaption><\/figure><br \/>\n<\/figure>\n<p>&nbsp;<\/p>\n<p style=\"text-align: justify;\"><span style=\"font-size: 14pt;\">Despu\u00e9s de la Segunda Guerra Mundial, Estados Unidos emergi\u00f3 como la superpotencia indiscutible del mundo.<\/span><\/p>\n<p style=\"text-align: justify;\"><span style=\"font-size: 14pt;\">Controlaba la mitad del PIB mundial, ten\u00eda formidables fuerzas militares convencionales y un monopolio del arma m\u00e1s destructiva que la humanidad hab\u00eda producido jam\u00e1s: la bomba nuclear.<\/span><\/p>\n<p style=\"text-align: justify;\"><span style=\"font-size: 14pt;\">La hegemon\u00eda estadounidense, sin embargo, pronto fue desafiada por su aliada de la Segunda Guerra Mundial, la Uni\u00f3n Sovi\u00e9tica.<\/span><\/p>\n<p style=\"text-align: justify;\"><span style=\"font-size: 14pt;\">Aunque a menudo tensa,\u00a0<strong>la\u00a0Guerra\u00a0Fr\u00eda\u00a0fue\u00a0uno de los mayores \u00e9xitos de la historia en\u00a0t\u00e9rminos de\u00a0escapar de la trampa de Tuc\u00eddides<\/strong>.<\/span><\/p>\n<p style=\"text-align: justify;\"><span style=\"font-size: 14pt;\">Mediante el desarrollo de formas de competencia fuera del conflicto armado, las dos potencias manejaron pac\u00edficamente la pugna por poder\u00edo de m\u00e1s alto riesgo de la historia.<\/span><\/p>\n<p style=\"text-align: justify;\">\u00a0<\/p>\n<p style=\"text-align: justify;\"><span style=\"font-size: 14pt;\"><strong>4.- Reino Unido y Francia vs. Alemania, 1990&#8217;s-presente:<\/strong><\/span><\/p>\n<p>&nbsp;<\/p>\n<figure id=\"attachment_5177\" class=\"wp-caption aligncenter\" aria-describedby=\"caption-attachment-5177\">\n<figure id=\"attachment_5177\" aria-describedby=\"caption-attachment-5177\" style=\"width: 624px\" class=\"wp-caption aligncenter\"><a href=\"https:\/\/puntocritico.com\/ausajpuntocritico\/wp-content\/uploads\/2017\/09\/La-ca%C3%ADda-del-muro-de-Berl%C3%ADn.jpg\" rel=\"lightbox[5172]\"><img loading=\"lazy\" decoding=\"async\" class=\"wp-image-5177 size-full\" src=\"https:\/\/puntocritico.com\/ausajpuntocritico\/wp-content\/uploads\/2017\/09\/La-ca\u00edda-del-muro-de-Berl\u00edn.jpg\" sizes=\"auto, (max-width: 624px) 100vw, 624px\" srcset=\"https:\/\/puntocritico.com\/ausajpuntocritico\/wp-content\/uploads\/2017\/09\/La-ca\u00edda-del-muro-de-Berl\u00edn.jpg 624w, https:\/\/puntocritico.com\/ausajpuntocritico\/wp-content\/uploads\/2017\/09\/La-ca\u00edda-del-muro-de-Berl\u00edn-300x169.jpg 300w\" alt=\"\" width=\"624\" height=\"351\" \/><\/a><figcaption id=\"caption-attachment-5177\" class=\"wp-caption-text\"><span style=\"color: #008000;\">La ca\u00edda del muro de Berl\u00edn fue un evento feliz pero provoc\u00f3 algunas preocupaciones<\/span><\/figcaption><\/figure><br \/>\n<\/figure>\n<figure aria-describedby=\"caption-attachment-5177\"><\/figure>\n<figure class=\"wp-caption aligncenter\" style=\"text-align: justify;\" aria-describedby=\"caption-attachment-5177\"><span style=\"font-size: 14pt;\">Al concluir la Guerra Fr\u00eda, muchos temieron que una Alemania reunificada volviera a sus viejas ambiciones hegem\u00f3nicas, amenazando a Francia y Reino Unido.<\/span><\/figure>\n<p style=\"text-align: justify;\"><span style=\"font-size: 14pt;\">Si bien ten\u00edan raz\u00f3n en que Alemania estaba destinada retornar al poder pol\u00edtico y econ\u00f3mico en Europa, su ascenso ha sido en gran medida benigno.<\/span><\/p>\n<p style=\"text-align: justify;\"><span style=\"font-size: 14pt;\"><strong>Conscientes de haber ca\u00eddo en\u00a0la\u00a0trampa de Tuc\u00eddides en el pasado<\/strong>, los l\u00edderes alemanes encontraron una nueva forma de ejercer poder e influencia: liderando un orden econ\u00f3mico integrado en vez de aspirar al dominio militar.<\/span><\/p>\n<p>&nbsp;<\/p>\n<hr \/>\n<p style=\"text-align: justify;\"><span style=\"font-size: 14pt;\"><strong>RELACIONADO:<\/strong><\/span><\/p>\n<blockquote class=\"wp-embedded-content\" data-secret=\"JMH2qSpN2b\"><p><a href=\"https:\/\/puntocritico.com\/ausajpuntocritico\/2022\/08\/03\/extension-de-la-guerra-hibrida-al-control-social-global\/\">GUERRAS H\u00cdBRIDAS (VI): EXTENSI\u00d3N DE LA GUERRA H\u00cdBRIDA AL CONTROL SOCIAL GLOBAL: GOOGLE (la Desinformaci\u00f3n global). El extra\u00f1o caso de Slavoj Zizec. Pr\u00e1ctica de la Guerra H\u00edbrida: LA ZONA GRIS DEL ESTRECHO DE TAIWAN.<\/a><\/p><\/blockquote>\n<p><iframe loading=\"lazy\" class=\"wp-embedded-content\" sandbox=\"allow-scripts\" security=\"restricted\" style=\"position: absolute; visibility: hidden;\" title=\"\u00abGUERRAS H\u00cdBRIDAS (VI): EXTENSI\u00d3N DE LA GUERRA H\u00cdBRIDA AL CONTROL SOCIAL GLOBAL: GOOGLE (la Desinformaci\u00f3n global). El extra\u00f1o caso de Slavoj Zizec. Pr\u00e1ctica de la Guerra H\u00edbrida: LA ZONA GRIS DEL ESTRECHO DE TAIWAN.\u00bb \u2014 Punto Cr\u00edtico Derechos Humanos\" src=\"https:\/\/puntocritico.com\/ausajpuntocritico\/2022\/08\/03\/extension-de-la-guerra-hibrida-al-control-social-global\/embed\/#?secret=RKr7BfLrhD#?secret=JMH2qSpN2b\" data-secret=\"JMH2qSpN2b\" width=\"500\" height=\"282\" frameborder=\"0\" marginwidth=\"0\" marginheight=\"0\" scrolling=\"no\"><\/iframe><\/p>\n<\/div>\n<blockquote class=\"wp-embedded-content\" data-secret=\"cWuuzHvFt0\"><p><a href=\"https:\/\/puntocritico.com\/ausajpuntocritico\/2017\/11\/14\/el-deseo-humano-de-libertad-por-liu-xiaobo\/\">EL DESEO HUMANO DE LIBERTAD, por LIU XIAOBO (Premio Nobel de la Paz &#8211; 2010)<\/a><\/p><\/blockquote>\n<p><iframe loading=\"lazy\" class=\"wp-embedded-content\" sandbox=\"allow-scripts\" security=\"restricted\" style=\"position: absolute; visibility: hidden;\" title=\"\u00abEL DESEO HUMANO DE LIBERTAD, por LIU XIAOBO (Premio Nobel de la Paz &#8211; 2010)\u00bb \u2014 Punto Cr\u00edtico Derechos Humanos\" src=\"https:\/\/puntocritico.com\/ausajpuntocritico\/2017\/11\/14\/el-deseo-humano-de-libertad-por-liu-xiaobo\/embed\/#?secret=uHYVV8ZkI4#?secret=cWuuzHvFt0\" data-secret=\"cWuuzHvFt0\" width=\"500\" height=\"282\" frameborder=\"0\" marginwidth=\"0\" marginheight=\"0\" scrolling=\"no\"><\/iframe><\/p>\n<blockquote class=\"wp-embedded-content\" data-secret=\"zaF2S0nGX6\"><p><a href=\"https:\/\/puntocritico.com\/ausajpuntocritico\/2020\/03\/16\/el-ultimo-emperador\/\">&#8220;El \u00daltimo Emperador&#8221;, pel\u00edcula de Bernardo Bertolucci. La &#8220;Revoluci\u00f3n Cultural&#8221; China.<\/a><\/p><\/blockquote>\n<p><iframe loading=\"lazy\" class=\"wp-embedded-content\" sandbox=\"allow-scripts\" security=\"restricted\" style=\"position: absolute; visibility: hidden;\" title=\"\u00ab&#8220;El \u00daltimo Emperador&#8221;, pel\u00edcula de Bernardo Bertolucci. La &#8220;Revoluci\u00f3n Cultural&#8221; China.\u00bb \u2014 Punto Cr\u00edtico Derechos Humanos\" src=\"https:\/\/puntocritico.com\/ausajpuntocritico\/2020\/03\/16\/el-ultimo-emperador\/embed\/#?secret=4uVyhAFWNl#?secret=zaF2S0nGX6\" data-secret=\"zaF2S0nGX6\" width=\"500\" height=\"282\" frameborder=\"0\" marginwidth=\"0\" marginheight=\"0\" scrolling=\"no\"><\/iframe><\/p>\n<div>\n<p class=\"entry-title\" style=\"text-align: center;\"><a href=\"https:\/\/puntocritico.com\/ausajpuntocritico\/2017\/09\/05\/se-denomina-democracia-por-tucidides\/\" target=\"_blank\" rel=\"noopener\" data-schema-attribute=\"\"><span style=\"font-size: 14pt;\"><strong>SE DENOMINA DEMOCRACIA, por Tuc\u00eddides<\/strong><\/span><\/a><\/p>\n<p class=\"mh-meta entry-meta\"><a href=\"https:\/\/puntocritico.com\/ausajpuntocritico\/2017\/09\/05\/se-denomina-democracia-por-tucidides\/\" target=\"_blank\" rel=\"noopener\" data-schema-attribute=\"\"><img loading=\"lazy\" decoding=\"async\" class=\"aligncenter wp-image-5179 size-mh-magazine-content\" src=\"https:\/\/puntocritico.com\/ausajpuntocritico\/wp-content\/uploads\/2017\/09\/SE-DENOMINA-DEMOCRACIA-678x381.jpg\" alt=\"\" width=\"678\" height=\"381\" data-id=\"5179\" \/><\/a><\/p>\n<\/div>\n<div>\u00a0<\/div>\n<div>\u00a0<\/div>\n<div><img loading=\"lazy\" decoding=\"async\" class=\"aligncenter wp-image-9528\" src=\"https:\/\/puntocritico.com\/ausajpuntocritico\/wp-content\/uploads\/2018\/03\/Mosca_Punto_Cr\u00edtico_40.png\" alt=\"\" width=\"80\" height=\"80\" data-id=\"9528\" \/><\/div>\n<div>\u00a0<\/div>\n<p>&nbsp;<\/p>\n","protected":false},"excerpt":{"rendered":"<div class=\"mh-excerpt\"><p>John Pilger (Director y guionista de \u00abTHE COMING WAR ON CHINA\u00bb) Periodismo y responsabilidad La casa encendida \u00a0 En los 58 documentales que ha escrito, producido y dirigido, John Pilger denuncia los excesos de las <a class=\"mh-excerpt-more\" href=\"https:\/\/puntocritico.com\/ausajpuntocritico\/2021\/08\/07\/the-coming-war-on-china-la-guerra-que-se-avecina-en-china-john-pilger\/\" title=\"LA TRAMPA DE TUC\u00cdDEDES: \u00abTHE COMING WAR ON CHINA\u00bb (\u00abLa guerra que se avecina en China\u00bb), un Documental de John Pilger.\">[&#8230;]<\/a><\/p>\n<\/div>","protected":false},"author":3,"featured_media":2222821,"comment_status":"open","ping_status":"closed","sticky":false,"template":"","format":"standard","meta":{"_acf_changed":false,"_exactmetrics_skip_tracking":false,"_exactmetrics_sitenote_active":false,"_exactmetrics_sitenote_note":"","_exactmetrics_sitenote_category":0,"footnotes":""},"categories":[7],"tags":[],"class_list":{"0":"post-2222732","1":"post","2":"type-post","3":"status-publish","4":"format-standard","5":"has-post-thumbnail","7":"category-politica"},"acf":[],"_links":{"self":[{"href":"https:\/\/puntocritico.com\/ausajpuntocritico\/wp-json\/wp\/v2\/posts\/2222732","targetHints":{"allow":["GET"]}}],"collection":[{"href":"https:\/\/puntocritico.com\/ausajpuntocritico\/wp-json\/wp\/v2\/posts"}],"about":[{"href":"https:\/\/puntocritico.com\/ausajpuntocritico\/wp-json\/wp\/v2\/types\/post"}],"author":[{"embeddable":true,"href":"https:\/\/puntocritico.com\/ausajpuntocritico\/wp-json\/wp\/v2\/users\/3"}],"replies":[{"embeddable":true,"href":"https:\/\/puntocritico.com\/ausajpuntocritico\/wp-json\/wp\/v2\/comments?post=2222732"}],"version-history":[{"count":0,"href":"https:\/\/puntocritico.com\/ausajpuntocritico\/wp-json\/wp\/v2\/posts\/2222732\/revisions"}],"wp:featuredmedia":[{"embeddable":true,"href":"https:\/\/puntocritico.com\/ausajpuntocritico\/wp-json\/wp\/v2\/media\/2222821"}],"wp:attachment":[{"href":"https:\/\/puntocritico.com\/ausajpuntocritico\/wp-json\/wp\/v2\/media?parent=2222732"}],"wp:term":[{"taxonomy":"category","embeddable":true,"href":"https:\/\/puntocritico.com\/ausajpuntocritico\/wp-json\/wp\/v2\/categories?post=2222732"},{"taxonomy":"post_tag","embeddable":true,"href":"https:\/\/puntocritico.com\/ausajpuntocritico\/wp-json\/wp\/v2\/tags?post=2222732"}],"curies":[{"name":"wp","href":"https:\/\/api.w.org\/{rel}","templated":true}]}}