{"id":2220308,"date":"2021-07-15T00:05:24","date_gmt":"2021-07-14T22:05:24","guid":{"rendered":"https:\/\/puntocritico.com\/ausajpuntocritico\/?p=2220308"},"modified":"2024-04-03T08:38:59","modified_gmt":"2024-04-03T06:38:59","slug":"izquierda-y-derecha-defienden-a-la-clase-dominante-entrevista-a-diego-fusaro","status":"publish","type":"post","link":"https:\/\/puntocritico.com\/ausajpuntocritico\/2021\/07\/15\/izquierda-y-derecha-defienden-a-la-clase-dominante-entrevista-a-diego-fusaro\/","title":{"rendered":"Derecha e izquierda hegeliana. \u00abIzquierda y derecha defienden a la clase dominante\u00bb, entrevista a Diego Fusaro."},"content":{"rendered":"<blockquote>\n<p style=\"text-align: center;\"><strong><span dir=\"auto\" style=\"font-size: 24pt;\">Derecha e izquierda hegeliana<\/span><\/strong><\/p>\n<div class=\"menu_3\" style=\"text-align: justify;\"><a href=\"https:\/\/encyclopaedia.herdereditorial.com\/wiki\/Derecha_e_izquierda_hegeliana\" target=\"_blank\" rel=\"noopener\" data-schema-attribute=\"\"><span style=\"font-size: 14pt;\">Encyclopaedia<\/span><\/a><\/div>\n<p style=\"text-align: justify;\"><span class=\"footerLine footerAddress\" style=\"font-size: 14pt;\">Herder Editorial<\/span><\/p>\n<p><img loading=\"lazy\" decoding=\"async\" class=\"aligncenter wp-image-2220312\" src=\"https:\/\/puntocritico.com\/ausajpuntocritico\/wp-content\/uploads\/2021\/07\/Hegel-profesor.jpg\" alt=\"\" width=\"440\" height=\"314\" data-id=\"2220312\" \/><\/p>\n<p style=\"text-align: justify;\">\u00a0<\/p>\n<p style=\"text-align: justify;\"><span style=\"font-size: 14pt;\">Escisi\u00f3n entre los miembros de la escuela hegeliana, ocurrida en Alemania tras la muerte de\u00a0Hegel\u00a0(a finales de 1831). Las disensiones se inician ya en vida de Hegel por divergencias en la respuesta a la pregunta de si el sistema hegeliano era o no compatible con la\u00a0fe\u00a0cristiana. Pero es propiamente a partir de la publicaci\u00f3n, en 1835-1836, de\u00a0<i>Vida de Jes\u00fas<\/i>, de <strong>David F. Strauss<\/strong>, cuando empieza a hablarse abiertamente de una izquierda y una derecha hegelianas. Strauss divide a los partidarios de Hegel en derecha e izquierda, a la manera usual como se distribuyen los pol\u00edticos en un parlamento (en aquel entonces, en el parlamento franc\u00e9s).<\/span><\/p>\n<p style=\"text-align: justify;\"><span style=\"font-size: 14pt;\">Los <strong>hegelianos de derecha<\/strong>, tambi\u00e9n llamados \u00ab<em><strong>viejos hegelianos<\/strong><\/em>\u00bb, afirmaban la compatibilidad entre\u00a0cristianismo\u00a0e idealismo hegeliano y daban del sistema una interpretaci\u00f3n espiritualista, aprovechando adem\u00e1s su filosof\u00eda para apuntalar diversos\u00a0dogmas\u00a0cristianos. Manten\u00edan tambi\u00e9n una postura pol\u00edticamente conservadora, basada en el principio de que \u00abtodo lo real es racional\u00bb. Miembros importantes de la derecha fueron <strong>K.F. G\u00f6schel<\/strong> (1781-1861), que escribe<i>\u00a0Sobre las pruebas de la inmortalidad del alma a la luz de la filosof\u00eda especulativa\u00a0<\/i>(1835); <strong>K. Conradi<\/strong> (1784-1849), que escribe\u00a0<i>Inmortalidad y vida eterna\u00a0<\/i>(1837); <strong>K. Fischer<\/strong> (1824-1907), autor de\u00a0<i>Historia de la filosof\u00eda moderna\u00a0<\/i>(1854-1907), de inspiraci\u00f3n hegeliana, y <strong>K. F. Rosenkranz<\/strong> (1805-1879), inicialmente seguidor de\u00a0Schleiermacher\u00a0y despu\u00e9s bi\u00f3grafo de Hegel, aunque para algunos es el claro protagonista del \u00ab<em>centro hegeliano<\/em>\u00bb.<\/span><\/p>\n<p style=\"text-align: justify;\"><span style=\"font-size: 14pt;\">Los <strong>hegelianos de izquierda<\/strong>, tambi\u00e9n llamados \u00ab<em><strong>j\u00f3venes hegelianos<\/strong><\/em>\u00bb, <strong>rechazaban toda interpretaci\u00f3n religiosa de la filosof\u00eda<\/strong> de Hegel y hasta sosten\u00edan la incompatibilidad entre religi\u00f3n cristiana y filosof\u00eda hegeliana, reduciendo la religi\u00f3n a simple\u00a0mito. Aplicaban, por lo dem\u00e1s, la dial\u00e9ctica a la realidad presente, entendi\u00e9ndola como un momento superable por una racionalidad mejor. Miembros destacados de la izquierda son <strong>David Friedrich Strauss<\/strong> (1808-1874), fil\u00f3sofo y te\u00f3logo, que considera mitos los relatos evang\u00e9licos y aplica a toda la humanidad lo que el Evangelio cree exclusivo de Jes\u00fas, en quien se une lo finito y lo\u00a0infinito;\u00a0<strong>Bruno Bauer<\/strong>\u00a0(1809-1882), fil\u00f3sofo, te\u00f3logo y ex\u00e9geta b\u00edblico, miembro primero de la derecha hegeliana, y que se adhiere posteriormente a las doctrinas de Strauss;\u00a0<strong>Ludwig Feuerbach<\/strong>\u00a0(1804-1872), entusiasta hegeliano primero, que ya en 1830 se opone con<i>\u00a0Pensamientos sobre la muerte y la inmortalidad\u00a0<\/i>a la interpretaci\u00f3n que de Hegel hacen los viejos hegelianos, para terminar siendo un cr\u00edtico de Hegel en\u00a0<i>Para una cr\u00edtica de la filosof\u00eda hegeliana<\/i>\u00a0(1839), a la que tacha de mera\u00a0teolog\u00eda;\u00a0<strong>Max Stirner<\/strong>\u00a0(1806-1856), cuyo verdadero nombre era <em><strong>Johann Kaspar Schmidt<\/strong><\/em>, alumno de Hegel en Berl\u00edn, y autor de\u00a0<i>El \u00fanico y su propiedad<\/i>\u00a0(1845), que critica tanto a Hegel como a Feuerbach: al primero por sustituir lo \u00fanico realmente valioso, que es el\u00a0individuo, el \u00ab<em><strong>\u00fanico<\/strong><\/em>\u00bb, por la abstracci\u00f3n de la humanidad, y al segundo por permanecer, pese a sus cr\u00edticas a Hegel, todav\u00eda en un terreno religioso, la religi\u00f3n de la humanidad.<\/span><\/p>\n<p style=\"text-align: justify;\"><span style=\"font-size: 14pt;\">Es com\u00fan considerar que lo que divide caracter\u00edsticamente a hegelianos de derecha y de izquierda es el modo de interpretar la <strong><em>Idea absoluta<\/em><\/strong> de <strong>Hegel<\/strong>. Para los hegelianos de derecha, tal Idea s\u00f3lo se sostiene en el\u00a0Dios\u00a0cristiano; para los hegelianos de izquierda, la Idea s\u00f3lo existe como\u00a0naturaleza.<\/span><\/p>\n<p style=\"text-align: center;\"><span style=\"font-size: 18pt; color: #008000;\"><strong>*******<\/strong><\/span><\/p>\n<p style=\"text-align: center;\"><span style=\"font-size: 24pt;\"><strong>Los j\u00f3venes hegelianos<\/strong><\/span><\/p>\n<p style=\"text-align: justify;\"><span style=\"font-size: 14pt;\">Por Elio Gabriel<\/span><\/p>\n<p style=\"text-align: justify;\"><a href=\"http:\/\/diario-extimo.blogspot.com\/2016\/01\/los-jovenes-hegelianos.html\" target=\"_blank\" rel=\"noopener\" data-schema-attribute=\"\"><span style=\"font-size: 14pt;\">Diario extimo<\/span><\/a><\/p>\n<p><img loading=\"lazy\" decoding=\"async\" class=\"aligncenter wp-image-2220314\" src=\"https:\/\/puntocritico.com\/ausajpuntocritico\/wp-content\/uploads\/2021\/07\/filosof-1.jpg\" alt=\"\" width=\"480\" height=\"405\" data-id=\"2220314\" \/><\/p>\n<p>&nbsp;<\/p>\n<p style=\"text-align: justify;\"><span style=\"font-size: 14pt;\">Los\u00a0<strong>j\u00f3venes hegelianos<\/strong>\u00a0(<em>Junghegelianer<\/em>), m\u00e1s tarde conocidos como\u00a0<strong>izquierda hegeliana\u00a0<\/strong>(Linkshegelianer), eran un grupo de estudiantes y j\u00f3venes profesores de\u00a0la Universidad Humboldt\u00a0de Berl\u00edn seguidores del trabajo de\u00a0<strong>Georg Hegel<\/strong>.<\/span><\/p>\n<p style=\"text-align: justify;\"><span style=\"font-size: 14pt;\"><img loading=\"lazy\" decoding=\"async\" class=\"alignleft wp-image-2220313\" src=\"https:\/\/puntocritico.com\/ausajpuntocritico\/wp-content\/uploads\/2021\/07\/Jovenes-hegelianos-3.jpg\" alt=\"\" width=\"330\" height=\"231\" data-id=\"2220313\" \/>Ellos se opon\u00edan a otra corriente hegem\u00f3nica llamada\u00a0<strong>derecha hegeliana\u00a0<\/strong>que dominaban los estamentos universitarios y gubernamentales. Esta <strong>derecha hegeliana<\/strong>\u00a0opinaba que la serie de eventos hist\u00f3ricos de la dial\u00e9ctica hegeliana se hab\u00edan completado en su sociedad, y que el estado y la sociedad prusianos tal como exist\u00edan eran la culminaci\u00f3n de todos los cambios dial\u00e9cticos (<em>mencionaban el alto grado desarrollo del Estado, la presencia de universidades importantes, desarrollo econ\u00f3mico y altas tasas de empleo<\/em>). A diferencia de esta visi\u00f3n positiva y nacionalista del estado prusiano, los j\u00f3venes hegelianos opinaban que muchos otros cambios dial\u00e9cticos habr\u00edan de suceder, y que la sociedad prusiana del momento estaba lejos de la perfecci\u00f3n puesto que conten\u00eda bolsas de pobreza, censura gubernamental, y discriminaci\u00f3n religiosa de los no luteranos.<\/span><\/p>\n<p style=\"text-align: justify;\"><span style=\"font-size: 14pt;\">Los\u00a0<strong>j\u00f3venes hegelianos<\/strong>\u00a0nunca fueron reconocidos por las universidades debido a sus visiones radicales de la religi\u00f3n y la sociedad. Por eso no es de sorprender\u00a0 que varios de los profesores estuviesen obligados a dimitir.<\/span><\/p>\n<p>&nbsp;<\/p>\n<figure id=\"attachment_2220310\" aria-describedby=\"caption-attachment-2220310\" style=\"width: 500px\" class=\"wp-caption aligncenter\"><img loading=\"lazy\" decoding=\"async\" class=\"size-full wp-image-2220310\" src=\"https:\/\/puntocritico.com\/ausajpuntocritico\/wp-content\/uploads\/2021\/07\/jovenes-hegelianos-1.jpg\" alt=\"\" width=\"500\" height=\"348\" data-id=\"2220310\" srcset=\"https:\/\/puntocritico.com\/ausajpuntocritico\/wp-content\/uploads\/2021\/07\/jovenes-hegelianos-1.jpg 500w, https:\/\/puntocritico.com\/ausajpuntocritico\/wp-content\/uploads\/2021\/07\/jovenes-hegelianos-1-300x209.jpg 300w\" sizes=\"auto, (max-width: 500px) 100vw, 500px\" \/><figcaption id=\"caption-attachment-2220310\" class=\"wp-caption-text\"><span style=\"color: #008000;\">Dibujo de Zeichnung von Friedrich Engels en el cual de izquierda a derecha aparecen: Arnold Ruge, Ludwig Buhl, Karl Nauwerck, Bruno Bauer, Otto Wigand, Edgar Bauer, Max Stirner, Eduard Meyen, dos inc\u00f3gnitas y Friedrich Koppen como teniente de m\u00e1s a la derecha que se sienta en la mesa.<\/span><\/figcaption><\/figure>\n<p style=\"text-align: justify;\">\n<p><span style=\"font-size: 14pt;\">La historia de los <strong>j\u00f3venes hegelianos<\/strong>\u00a0empieza en 1835 con un libro sumamente controversial e influyente de\u00a0<strong>David Strauss<\/strong>\u00a0llamado\u00a0<strong><em>La vida de Jes\u00fas<\/em><\/strong>. En este texto,\u00a0<strong>Strauss<\/strong>\u00a0da una interpretaci\u00f3n de los evangelios y de la vida de\u00a0<strong>Jes\u00fas<\/strong>\u00a0que partiendo de las premisas filos\u00f3ficas de\u00a0<strong>Hegel<\/strong>\u00a0rechaza tanto las conclusiones de \u00e9ste mismo como la visi\u00f3n oficial al respecto. As\u00ed, por vez primera\u00a0<strong>Hegel<\/strong>\u00a0es vuelto contra s\u00ed mismo y contra el orden establecido. Para\u00a0<strong>Strauss<\/strong>\u00a0la figura de\u00a0<strong>Jes\u00fas<\/strong>, cuya existencia misma es puesta en duda, personificaba el grado de autoconciencia que la humanidad hab\u00eda alcanzado en ese entonces. De esta manera se humaniza tanto a\u00a0<strong>Dios<\/strong>\u00a0como a\u00a0<strong>Jes\u00fas<\/strong>\u00a0y es la humanidad, como sujeto colectivo de la historia, la que pasa al primer plano. As\u00ed lo dice\u00a0<strong>Strauss<\/strong>:<\/span><\/p>\n<p style=\"text-align: justify; padding-left: 40px;\"><span style=\"font-size: 14pt;\">\u201c<em>Seamos fieles a la idea de la unidad entre lo divino y lo humano pero no busquemos su realizaci\u00f3n en un solo ser despojando a todos los dem\u00e1s de la misma sino en toda la humanidad: es en la diversidad de los seres singulares, que se completan unos a otros y juntos forman una totalidad, que esta unidad se hace real de una manera inmensamente superior que si la concebimos como encerrada y acabada en un solo ser. En la humanidad Dios se ha hecho hombre no una vez sino infinitamente; en ella \u00c9l vive la plenitud de su fuerza.<\/em>\u201d<\/span><\/p>\n<p style=\"text-align: justify;\"><span style=\"font-size: 14pt;\"><strong>Strauss<\/strong>\u00a0resume este razonamiento tan hegeliano de una manera dr\u00e1stica: \u201cla humanidad es Cristo\u201d. El esc\u00e1ndalo fue inmediato. C. A. Eschenmayer de Turingia describe a\u00a0<strong>Strauss<\/strong>\u00a0como un nuevo\u00a0<strong>Judas<\/strong>\u00a0y los luteranos ortodoxos, con el catedr\u00e1tico de Berl\u00edn E. W. Hengstenberg a la cabeza, lo condenan resueltamente. Se escriben art\u00edculos a favor y en contra de\u00a0<strong>Strauss<\/strong>\u00a0y el gobierno investiga la posibilidad de intervenir contra un te\u00f3logo tan heterodoxo. De esta manera los hegelianos se ven obligados a tomar partido y los defensores de\u00a0<strong>Strauss<\/strong>\u00a0pasan a formar el n\u00facleo del cual surgir\u00eda el hegelianismo joven. Esto no quiere decir que haya sido este libro el que haya creado la divisi\u00f3n dentro del campo hegeliano. La misma, tal como lo dice McLelland, exist\u00eda ya, pero de forma m\u00e1s bien latente. La pol\u00e9mica en torno a la obra de\u00a0<strong>Strauss<\/strong>\u00a0vino a sacarla a la luz y a radicalizarla enormemente, creando, adem\u00e1s, un sentido de cuerpo entre ambos bandos enfrentados.<\/span><\/p>\n<p style=\"text-align: justify;\"><span style=\"font-size: 14pt;\">El filosofo y te\u00f3logo\u00a0<strong>Bruno Bauer<\/strong>, el cual dio un nuevo paso en la cr\u00edtica de la religi\u00f3n como falsa forma de la conciencia, consideraba los dogmas evang\u00e9licos como manifiestas ficciones y la personalidad de\u00a0<strong>Jes\u00fas<\/strong>\u00a0como una invenci\u00f3n.<\/span><\/p>\n<p style=\"text-align: justify;\"><span style=\"font-size: 14pt;\">Las teor\u00edas de los\u00a0<strong>j\u00f3venes hegelianos<\/strong>\u00a0son de inter\u00e9s por constituir, tomando la religi\u00f3n como modelo, el primer intento de analizar la conciencia colectiva en calidad de estructura social (<em>ideolog\u00eda<\/em>). Su inter\u00e9s se centraba en la cuesti\u00f3n de c\u00f3mo surgen y alcanzan fuerza obligatoria falsas representaciones sobre la sociedad.\u00a0<strong>Strauss<\/strong>\u00a0explicaba este hecho por la estabilidad tradicional de las concepciones mitol\u00f3gicas;\u00a0<strong>Bauer<\/strong>\u00a0ve\u00eda la ra\u00edz de dicho fen\u00f3meno en la \u00abalienaci\u00f3n\u00bb de los productos de la \u00abautoconciencia\u00bb individual, en el hecho de que los productos de la mente humana empiezan a examinarse como abstracciones independientes de la misma.<\/span><\/p>\n<p style=\"text-align: justify;\"><span style=\"font-size: 14pt;\">El an\u00e1lisis cr\u00edtico de la teor\u00eda idealista llevado a cabo por los\u00a0<strong>j\u00f3venes hegelianos<\/strong>\u00a0puso de manifiesto la limitaci\u00f3n del an\u00e1lisis puramente inmanente de la conciencia social, hizo ver la necesidad de investigar las relaciones sociales materiales, de inferir de estas \u00faltimas la vida espiritual de la sociedad.<\/span><\/p>\n<p style=\"text-align: justify;\"><span style=\"font-size: 14pt;\">Aunque el filosofo<strong>\u00a0Ludwig Feuerbach<\/strong>\u00a0ya hab\u00eda vio hasta cierto punto de esa necesidad. Los que llevaron a cabo la tarea fueron\u00a0<strong>Karl Marx<\/strong>\u00a0y\u00a0<strong>Friedrich Engels<\/strong>, que participaron en el movimiento de los\u00a0<strong>j\u00f3venes hegelianos<\/strong>\u00a0a comienzos de la d\u00e9cada de 1840, aunque llegaron a una concepci\u00f3n radicalmente nueva del desarrollo social, a la teor\u00eda del materialismo hist\u00f3rico. Ya que a pesar de que\u00a0<strong>Marx<\/strong>\u00a0aceptaba algunas de las ideas de\u00a0<strong>Feuerbach<\/strong>\u00a0(la cr\u00edtica a\u00a0<strong>Hegel<\/strong>, su reivindicaci\u00f3n de la corporeidad y de la percepci\u00f3n, su idea de\u00a0<strong>Dios<\/strong>\u00a0como invenci\u00f3n humana, su tesis de la alienaci\u00f3n religiosa), tambi\u00e9n rechazaba algunos aspectos importantes de su filosof\u00eda:<\/span><\/p>\n<ul style=\"text-align: justify;\">\n<li><span style=\"font-size: 14pt;\"><strong>Marx <\/strong>cre\u00eda que la cr\u00edtica de\u00a0<strong>Feuerbach<\/strong>\u00a0a la religi\u00f3n era inadecuada porque este fil\u00f3sofo no consigui\u00f3 entender cabalmente la raz\u00f3n \u00faltima de la aparici\u00f3n de la religi\u00f3n, que para\u00a0<strong>Marx<\/strong>\u00a0es la existencia de explotaci\u00f3n econ\u00f3mica, de la alienaci\u00f3n b\u00e1sica consecuencia de la explotaci\u00f3n del hombre por el hombre;<\/span><\/li>\n<\/ul>\n<ul style=\"text-align: justify;\">\n<li><span style=\"font-size: 14pt;\"><strong>Feuerbach <\/strong>pens\u00f3 que para la superaci\u00f3n de la religi\u00f3n era suficiente su superaci\u00f3n intelectual, el desarrollo de una nueva filosof\u00eda que mostrase lo absurdo de las creencias religiosas tradicionales;\u00a0<strong>Marx<\/strong>\u00a0crey\u00f3, sin embargo, que esta superaci\u00f3n en el mundo del pensamiento no es suficiente, adem\u00e1s es preciso cambiar la realidad, cambiar el sistema productivo que ha dado lugar a la alienaci\u00f3n religiosa (<em>en la sociedad comunista no existir\u00e1 la religi\u00f3n pues no existir\u00e1 la explotaci\u00f3n econ\u00f3mica<\/em>);<\/span><\/li>\n<\/ul>\n<ul style=\"text-align: justify;\">\n<li><span style=\"font-size: 14pt;\"><strong>Feuerbach <\/strong>crey\u00f3 que los atributos divinos le corresponden al hombre, no al\u00a0<strong>Dios<\/strong>\u00a0tradicional, proponiendo algo as\u00ed como una religi\u00f3n de\u00a0la Humanidad;\u00a0<strong>Marx<\/strong>\u00a0no acept\u00f3 esta sustituci\u00f3n de\u00a0<strong>Dios<\/strong>\u00a0por el Hombre como objeto de culto religioso. Sin embargo, muchos autores destacan el paralelismo del marxismo con la religi\u00f3n: culto a los l\u00edderes, preocupaci\u00f3n por las fuentes o textos de\u00a0<strong>Marx<\/strong>\u00a0como la que el cristiano tiene respecto de\u00a0la\u00a0<strong>Biblia<\/strong>, escatolog\u00eda o descripci\u00f3n de un tiempo futuro al que inevitablemente conduce la historia y en donde el hombre cumplir\u00e1 su destino, gusto por los ritos, c\u00e1nticos, im\u00e1genes y las manifestaciones sentimentales multitudinarias, preocupaci\u00f3n por mantener a los seguidores en la ortodoxia y persecuci\u00f3n de las interpretaciones consideradas her\u00e9ticas, fe en la verdad de la propia doctrina y en la inminencia de la revoluci\u00f3n&#8230; Aunque no es nada descabellada esta interpretaci\u00f3n del modo concreto en que muchas personas y sistemas pol\u00edticos defienden el marxismo, este modo de vivir la doctrina marxiana no coincide con las declaraciones de\u00a0<strong>Marx<\/strong>\u00a0(<em>el propio\u00a0<strong>Marx<\/strong>\u00a0critic\u00f3 ir\u00f3nicamente la lectura dogm\u00e1tica de su pensamiento que ya empezaba a estar presente en su \u00e9poca indicando que \u00e9l no era marxista<\/em>).<\/span><\/li>\n<\/ul>\n<p style=\"text-align: justify;\"><span style=\"font-size: 14pt;\">La inconsistencia de la\u00a0<strong>izquierda hegeliana\u00a0<\/strong>en tanto que radicalismo burgu\u00e9s resultaba patente sobre todo al subestimar el papel de las masas populares en la historia. As\u00ed se ve en los trabajos de\u00a0<strong>Max Stirner<\/strong>, que se convirti\u00f3 en uno de los precursores del anarquismo. A los\u00a0<strong>j\u00f3venes hegelianos<\/strong>\u00a0les era extra\u00f1a la idea relativa a la lucha de clases, a las leyes objetivas del desarrollo social, al papel de las relaciones econ\u00f3micas en la vida de la sociedad. Ya que lo t\u00edpico de ello era la fraseolog\u00eda revolucionaria, que no pasaba de incluir amenazas liberales hacia las clases dominantes y exigir un freno al desarrollo burgu\u00e9s.<\/span><\/p>\n<p style=\"text-align: justify;\"><span style=\"font-size: 14pt;\">Los\u00a0<strong>j\u00f3venes hegelianos<\/strong>\u00a0ve\u00edan al pueblo como \u00ab<em>enemigo del esp\u00edritu<\/em>\u00bb y del progreso, consideraban que la fuerza motriz de la historia radicaba en \u00ab<em>la personalidad que pensaba cr\u00edticamente<\/em>\u00ab. Ideas a las que\u00a0<strong>Marx<\/strong>\u00a0y\u00a0<strong>Engels<\/strong>\u00a0criticaron en\u00a0<strong><em>La sagrada familia<\/em><\/strong>\u00a0y\u00a0<strong><em>La ideolog\u00eda alemana<\/em><\/strong>.<\/span><\/p>\n<\/blockquote>\n<p style=\"text-align: justify;\">\u00a0<\/p>\n<p><img loading=\"lazy\" decoding=\"async\" class=\"aligncenter wp-image-2220315\" src=\"https:\/\/puntocritico.com\/ausajpuntocritico\/wp-content\/uploads\/2021\/07\/1977-HegelMarxRevolution.jpg\" alt=\"\" width=\"550\" height=\"412\" data-id=\"2220315\" srcset=\"https:\/\/puntocritico.com\/ausajpuntocritico\/wp-content\/uploads\/2021\/07\/1977-HegelMarxRevolution.jpg 667w, https:\/\/puntocritico.com\/ausajpuntocritico\/wp-content\/uploads\/2021\/07\/1977-HegelMarxRevolution-300x225.jpg 300w, https:\/\/puntocritico.com\/ausajpuntocritico\/wp-content\/uploads\/2021\/07\/1977-HegelMarxRevolution-610x457.jpg 610w, https:\/\/puntocritico.com\/ausajpuntocritico\/wp-content\/uploads\/2021\/07\/1977-HegelMarxRevolution-326x245.jpg 326w, https:\/\/puntocritico.com\/ausajpuntocritico\/wp-content\/uploads\/2021\/07\/1977-HegelMarxRevolution-80x60.jpg 80w\" sizes=\"auto, (max-width: 550px) 100vw, 550px\" \/><\/p>\n<p style=\"text-align: center;\"><span style=\"font-size: 18pt; color: #008000;\"><strong>*******<\/strong><\/span><\/p>\n<p class=\"entry-title\" style=\"text-align: center;\"><span style=\"font-size: 24pt;\"><strong><span class=\"title-master\">Diego Fusaro: \u00abIzquierda y derecha defienden a la clase dominante\u00bb<\/span><\/strong><\/span><\/p>\n<p class=\"entry-subtitle\" style=\"text-align: center;\"><strong><em><span style=\"font-size: 18pt;\">El fil\u00f3sofo italiano publica &#8216;Historia y conciencia del precariado&#8217; (Alianza)<\/span><\/em><\/strong><\/p>\n<p style=\"text-align: justify;\"><span style=\"font-size: 14pt;\">Por V\u00edctor Lenore<\/span><\/p>\n<p style=\"text-align: justify;\"><a href=\"https:\/\/www.vozpopuli.com\/altavoz\/cultura\/diego-fusaro-historia-conciencia-precariado.html\" target=\"_blank\" rel=\"noopener\" data-schema-attribute=\"\"><span style=\"font-size: 14pt;\">Vozp\u00f3puli<\/span><\/a><\/p>\n<p><img loading=\"lazy\" decoding=\"async\" class=\"aligncenter wp-image-2220316 size-mh-magazine-content\" src=\"https:\/\/puntocritico.com\/ausajpuntocritico\/wp-content\/uploads\/2021\/07\/fusaroguapo-678x381.jpg\" alt=\"\" width=\"678\" height=\"381\" data-id=\"2220316\" srcset=\"https:\/\/puntocritico.com\/ausajpuntocritico\/wp-content\/uploads\/2021\/07\/fusaroguapo-678x381.jpg 678w, https:\/\/puntocritico.com\/ausajpuntocritico\/wp-content\/uploads\/2021\/07\/fusaroguapo-300x169.jpg 300w, https:\/\/puntocritico.com\/ausajpuntocritico\/wp-content\/uploads\/2021\/07\/fusaroguapo-768x433.jpg 768w, https:\/\/puntocritico.com\/ausajpuntocritico\/wp-content\/uploads\/2021\/07\/fusaroguapo-1536x866.jpg 1536w, https:\/\/puntocritico.com\/ausajpuntocritico\/wp-content\/uploads\/2021\/07\/fusaroguapo-610x344.jpg 610w, https:\/\/puntocritico.com\/ausajpuntocritico\/wp-content\/uploads\/2021\/07\/fusaroguapo-1320x744.jpg 1320w, https:\/\/puntocritico.com\/ausajpuntocritico\/wp-content\/uploads\/2021\/07\/fusaroguapo.jpg 2048w\" sizes=\"auto, (max-width: 678px) 100vw, 678px\" \/><\/p>\n<p style=\"text-align: justify;\">\u00a0<\/p>\n<p style=\"text-align: justify;\"><span style=\"font-size: 14pt;\"><strong>Diego Fusaro<\/strong>\u00a0es un\u00a0<em>rara avis<\/em>: fil\u00f3sofo marxista y hegeliano que mantuvo sinton\u00eda con la Lega de\u00a0<strong>Matteo Salvini\u00a0<\/strong>y es acusado de \u2018fascista\u2019 por un sector de la izquierda europea.\u00a0Ahora vuelve de la mano de Alianza con las seiscientas p\u00e1ginas de\u00a0<em>Historia y conciencia del precariado<\/em>.\u00a0<em>Siervos y se\u00f1ores de la globalizaci\u00f3n,<\/em>\u00a0donde aborda las consecuencias de la\u00a0\u00a0<strong>fragilizaci\u00f3n de los v\u00ednculos laborales<\/strong>\u00a0y tambi\u00e9n los principales conflictos pol\u00edticos de la pospandemia. \u201cEl problema es que la libertad de mercado sin una pol\u00edtica que la discipline y la gobierne, es decir sin un Estado soberano, democr\u00e1tico y social, provoca \u2018tragedias en lo \u00e9tico\u2019 (<strong>Hegel<\/strong>): miseria creciente, disoluci\u00f3n de la comunidad, p\u00e9rdida de derechos\u2026\u201d, explica a\u00a0<em>Vozp\u00f3puli<\/em>\u00a0en el curso de una larga entrevista. Adem\u00e1s de respetado ensayista,\u00a0<strong>Diego Fusaro<\/strong>\u00a0es profesor en el Instituto de Altos Estudios Estrat\u00e9gicos y Pol\u00edticos de Mil\u00e1n. \u00a0<\/span><\/p>\n<p style=\"text-align: justify;\"><span style=\"font-size: 14pt;\"><strong>Pregunta: Su tesis es que estamos retrocediendo hacia una econom\u00eda propia de la Edad Media, con la sociedad dividida en\u00a0siervos y se\u00f1ores. Hemos pasado de la globalizaci\u00f3n a la \u2018glebalizaci\u00f3n\u2019, a ser unos \u2018siervos de la gleba\u2019 de los oligopolios financieros y tecnol\u00f3gicos.\u00a0<\/strong><\/span><\/p>\n<p style=\"text-align: justify;\"><span style=\"font-size: 14pt;\">Respuesta: As\u00ed es. En\u00a0<em>Historia y conciencia del precariado\u00a0<\/em>sostengo que estamos asistiendo a un nuevo feudalismo: los nuevos\u00a0<em>laboratores\u00a0<\/em>est\u00e1n precarizados y carecen de derechos, son una clase media empobrecida y una clase obrera masacrada; los nuevos\u00a0<em>bellatores\u00a0<\/em>son los capitalistas multinacionales, el\u00a0<em>e-commerce\u00a0<\/em>y la\u00a0<em>big pharma<\/em>; y los nuevos\u00a0<em>oratores\u00a0<\/em>son el clero intelectual que reza d\u00eda y noche al dios mercado y defiende las relaciones de fuerza, exhortando a los\u00a0<em>laboratores\u00a0<\/em>a aceptar con desencantada resignaci\u00f3n o con necia euforia el orden de la \u2018glebalizaci\u00f3n\u2019 capitalista. Es algo que ya expliqu\u00e9 en mi libro\u00a0<em>Glebalizaci\u00f3n. La lucha de clases en tiempos de populismo<\/em>\u00a0(2019).\u00a0<\/span><\/p>\n<p style=\"text-align: justify;\"><span style=\"font-size: 14pt;\"><strong>\u00bfC\u00f3mo de lejos estamos de esa nueva Edad Media?<\/strong><\/span><\/p>\n<p style=\"text-align: justify;\"><span style=\"font-size: 14pt;\">A todos los efectos nos encontramos ya en esa situaci\u00f3n, y la emergencia de la covid-19 ha reforzado esos procesos: ha \u2018replebeyizado\u2019 la sociedad, llev\u00e1ndose todo por delante a golpe de confinamiento a las clases medias y a los trabajadores e incrementando la riqueza de los capitalistas antifronteras. La situaci\u00f3n ha dado lugar a un nuevo capitalismo autoritario-represivo que proh\u00edbe las reuniones y encierra al pueblo en cuarentena, impidiendo cualquier movimiento revolucionario y de protesta.\u00a0<\/span><\/p>\n<p>&nbsp;<\/p>\n<blockquote class=\"wp-block-quote\">\n<p style=\"text-align: center;\"><span style=\"font-size: 14pt; color: #008000;\"><strong>Han traicionado a Marx: la izquierda de la costumbre quiere lo mismo que la derecha del dinero<\/strong><\/span><\/p>\n<\/blockquote>\n<p>&nbsp;<\/p>\n<p style=\"text-align: justify;\"><span style=\"font-size: 14pt;\"><strong>\u00daltimamente abundan las noticias y encuestas que indican un rejuvenecimiento del apoyo a la derecha (por ejemplo, en Francia con Marine Le Pen y en Madrid respecto a Ayuso). \u00bfCu\u00e1l es la explicaci\u00f3n de esta tendencia?<\/strong><\/span><\/p>\n<p style=\"text-align: justify;\"><span style=\"font-size: 14pt;\">Lo atribuyo principalmente a la traici\u00f3n de las izquierdas. Traicionaron a Gramsci, a Marx y a la clase trabajadora para convertirse en los guardianes arco iris del gran capital: lo que defiende la izquierda de la costumbre es lo mismo que quiere la derecha del dinero. Por ello, las clases trabajadoras y la juventud se encontraron sin representaci\u00f3n y, a menudo por una reacci\u00f3n rencorosa, votan a la derecha reaccionaria. El \u00e9xito de\u00a0<strong>Salvini<\/strong>,\u00a0<strong>Le Pen<\/strong>, etc\u00e9tera, se explica sobre todo de esa forma: unos programas pol\u00edticos liberales en lo econ\u00f3mico y enemigos de las clases trabajadoras, que se solapan perfectamente con los programas de las izquierdas fucsia. Es la alternancia sin alternativas caracter\u00edstica de la \u00e9poca neoliberal: tanto si gana la derecha azul turquesa como si gana la izquierda fucsia, de todas formas el que sale ganando es el capital, que justamente tiene un ala derecha y un ala izquierda. Tambi\u00e9n lo demuestra la par\u00e1bola de Podemos en Espa\u00f1a. Hoy en d\u00eda falta una verdadera izquierda de la hoz y el martillo y roja, no arco iris y fucsia: es decir una izquierda que sea anticapitalista y comunista, que est\u00e9 a favor de la soberan\u00eda del Estado nacional y del internacionalismo solidario entre pa\u00edses socialistas.\u00a0<\/span><\/p>\n<p style=\"text-align: justify;\"><span style=\"font-size: 14pt;\"><strong>Se ha revertido la corrriente cultural de Mayo del 68<\/strong>.<\/span><\/p>\n<p style=\"text-align: justify;\"><span style=\"font-size: 14pt;\">Desde aquella revuelta, la izquierda se ha ido quedando reducida al papel de perro guardi\u00e1n del capital. Y por eso ha perdido las simpat\u00edas de los j\u00f3venes y de los trabajadores. Por lo dem\u00e1s, si la izquierda deja de interesarse por Marx y por Gramsci, lo que hace\u00a0falta es dejar de interesarse por la izquierda y proseguir con las luchas que fueron de Marx y de Gramsci.\u00a0<\/span><\/p>\n<p style=\"text-align: justify;\"><span style=\"font-size: 14pt;\"><strong>Es usted uno de los intelectuales italianos que m\u00e1s cita a Pasolini, por ejemplo sus posiciones contra el antifascismo, que \u00e9l ve\u00eda como una simulacro de oposici\u00f3n al sistema. La izquierda actual tambi\u00e9n parece al\u00e9rgica a otros intelectuales comunitaristas como Christopher Lasch, que s\u00ed es citado por el gur\u00fa trumpista Steve Bannon.\u00a0<\/strong><\/span><\/p>\n<p style=\"text-align: justify;\"><span style=\"font-size: 14pt;\">Siento adoraci\u00f3n por Pasolini, al que considero, junto con Antonio Gramsci y con\u00a0<strong>Costanzo Preve<\/strong>, el marxista m\u00e1s importante del siglo XX. Pasolini hab\u00eda comprendido que el antifascismo de las izquierdas fucsia, en ausencia de fascismo, iba a convertirse en el instrumento de deslegitimaci\u00f3n de cualquier proyecto de oposici\u00f3n al capitalismo neohedonista.\u00a0 Hoy en d\u00eda, el propio anticapitalismo marxista es difamado como fascismo por los sedicentes antifascistas liberales (eso ocurre, por ejemplo, con\u00a0<strong>Marco Rizzo<\/strong>, uno de los pocos comunistas que quedan). La izquierda no puede aceptar ni a Pasolini ni a Lasch, porque se ha apuntado al culto regresivo del progreso y de la modernizaci\u00f3n capitalista integral de la sociedad: para la izquierda, presa del \u2018complejo de Orfeo\u2019 (<strong>Jean-Claude Mich\u00e9a<\/strong>), mirar atr\u00e1s siempre es un pecado, lo que hace falta es seguir el desarrollo capitalista. La izquierda ha olvidado la lecci\u00f3n de Pasolini, que hac\u00eda una distinci\u00f3n entre el desarrollo como emancipaci\u00f3n y el progreso como avance del tecnocapital, que es justamente lo que el marxismo deber\u00eda combatir en nombre de la emancipaci\u00f3n.\u00a0<\/span><\/p>\n<p>&nbsp;<\/p>\n<blockquote>\n<p style=\"text-align: center;\"><span style=\"color: #008000; font-size: 14pt;\"><strong>Faltan intelectuales y fuerzas pol\u00edticas que representen a los de abajo<\/strong><\/span><\/p>\n<\/blockquote>\n<p>&nbsp;<\/p>\n<p style=\"text-align: justify;\">\n<span style=\"font-size: 14pt;\"><strong>Sus an\u00e1lisis hacen pensar que ya no es tan \u00fatil el eje izquierda\/derecha y que ha sido sustituido por nacional versus global.<\/strong><\/span><\/p>\n<p style=\"text-align: justify;\"><span style=\"font-size: 14pt;\">La derecha y la izquierda son dos alas pol\u00edticas y culturales que defienden a los de arriba, es decir a la clase dominante. Los de abajo, es decir la clase precaria de las clases medias y de los trabajadores, carecen de representaci\u00f3n. Por eso, la geograf\u00eda pol\u00edtica ha cambiado: ya no hay derecha ni izquierda, sino arriba y abajo: el \u2018arriba\u2019 de la \u00e9lite turbofinanciera exige apertura a sus actividades, desregulaci\u00f3n econ\u00f3mica y antropol\u00f3gica, globalismo y flexibilidad en todos los \u00e1mbitos, desde el laboral hasta el de g\u00e9nero; en cambio, el \u2018abajo\u2019 deber\u00eda luchar por un Estado soberano nacional democr\u00e1tico y por la eticidad en sentido hegeliano, es decir las \u2018ra\u00edces \u00e9ticas\u2019 de la comunidad, desde la ense\u00f1anza hasta los sindicatos. En resumen, faltan intelectuales y fuerzas pol\u00edticas que representen a los de abajo. Por ahora, el discurso tiene dificultades para consolidarse, porque, yo dir\u00eda con Gramsci, lo viejo est\u00e1 muriendo y lo nuevo todav\u00eda no ha nacido.\u00a0<\/span><\/p>\n<p style=\"text-align: justify;\"><span style=\"font-size: 14pt;\"><strong>Supongo que ha seguido la crisis de Marruecos y Espa\u00f1a. \u00bfCu\u00e1l es su visi\u00f3n de este conflicto?<\/strong><\/span><\/p>\n<p style=\"text-align: justify;\"><span style=\"font-size: 14pt;\">Hoy en d\u00eda la clase dominante utiliza armas de inmigraci\u00f3n masiva. Como explico en\u00a0<em>Historia y conciencia del precariado<\/em>, el capital denomina acogida e integraci\u00f3n de los migrantes a la deportaci\u00f3n de brazos a bajo coste a los que explotar sin piedad, con los que es posible reducir los costes de mano de obra en general, e intentando crear conflictos horizontales de clase en el seno de una misma clase (migrantes contra aut\u00f3ctonos). El enemigo no es el migrante, sino el que lo deporta, es decir el patrono capitalista. El enemigo no es el que huye, sino el que obliga a los pueblos a huir. Lo que ha ocurrido entre Espa\u00f1a y Marruecos es un cl\u00e1sico ejemplo del empleo de las armas de inmigraci\u00f3n masiva para ejercer presi\u00f3n sobre un Gobierno.\u00a0<\/span><\/p>\n<p style=\"text-align: justify;\"><span style=\"font-size: 14pt;\"><strong>\u00bfQu\u00e9 soluci\u00f3n nos queda?\u00a0<\/strong><\/span><\/p>\n<p style=\"text-align: justify;\"><span style=\"font-size: 14pt;\">Las derechas, no solo en Italia, luchan contra la inmigraci\u00f3n sin luchar contra el capitalismo. Y vierten sobre los migrantes el odio de clase que por el contrario hay que verter sobre los capitalistas. Como dec\u00eda, los enemigos no son los migrantes, sino quienes los deportan, es decir la clase patronal cosmopolita. La Iglesia deber\u00eda, en nombre de Cristo, oponerse a este obsceno tr\u00e1fico de vidas humanas. Y por el contrario dice \u2018puertos abiertos\u2019, que es la expresi\u00f3n preferida de la clase patronal cosmopolita. Ten\u00eda raz\u00f3n Ratzinger cuando dec\u00eda que hoy en d\u00eda solo se habla del derecho a migrar, y ya nadie habla del derecho a quedarse en su tierra y en su comunidad.<\/span><\/p>\n<p>&nbsp;<\/p>\n<blockquote>\n<p style=\"text-align: center;\"><span style=\"color: #008000;\"><strong><span style=\"font-size: 14pt;\">Para las izquierdas actuales, hablar de lucha de clases, de lucha contra la Uni\u00f3n Europea y de Estado soberano democr\u00e1tico equivale a ser fascista\u00bb, lamenta<\/span><\/strong><\/span><\/p>\n<\/blockquote>\n<p>&nbsp;<\/p>\n<p style=\"text-align: justify;\"><span style=\"font-size: 14pt;\"><strong>Ya que cita la religi\u00f3n,\u00a0<\/strong><strong>una de las cosas que m\u00e1s sorprenden del salvinismo es su rechazo a los valores cristianos de acogida y socorro cuando se trata de migrantes.<\/strong><\/span><\/p>\n<p style=\"text-align: justify;\"><span style=\"font-size: 14pt;\">La derecha utiliza el cristanismo como reclamo electoral, para remitirse a unos valores que sin embargo traiciona cada d\u00eda con sus acciones. La verdad es que hoy har\u00eda falta un marxismo inspirado en la corriente caliente del cristianismo, como dec\u00eda\u00a0<strong>Bloch<\/strong>: un marxismo incluso teol\u00f3gico, si cabe decirlo as\u00ed, en lucha contra el ate\u00edsmo de la civilizaci\u00f3n de los mercados, contra su nihilismo y su relativismo. Hay m\u00e1s necesidad que nunca de redescubrir lo sagrado y lo trascendente, tambi\u00e9n entendidos en una acepci\u00f3n filos\u00f3fica: lo sagrado y lo trascendente son lo no disponible, lo que no puede ser objeto de intercambio econ\u00f3mico ni de voluntad de poder tecnocapitalista. El ser humano es una figura de lo sagrado y de lo trascendente, y por eso es preciso echar abajo cualquier relaci\u00f3n en la que se rebaje y se explote, se humille y se pisotee al hombre.\u00a0<\/span><\/p>\n<p style=\"text-align: justify;\"><span style=\"font-size: 14pt;\"><strong>Usted ha sido blanco de diversas campa\u00f1as de desprestigio en Espa\u00f1a, desde noticias insinuando que es fascista en\u00a0<em>La Vanguardia<\/em>\u00a0hasta peticiones de boicot por parte de polit\u00f3logos como Steven Forti, cercano al espacio pol\u00edtico de Ada Colau.<\/strong>\u00a0<\/span><\/p>\n<p style=\"text-align: justify;\"><span style=\"font-size: 14pt;\">\u00a1Ladran, Sancho, luego cabalgamos! No me extra\u00f1an esas reacciones hist\u00e9ricas y rencorosas, fruto de la rabia y del deseo de linchamiento medi\u00e1tico. Si emprendieran un di\u00e1logo socr\u00e1tico serio, las izquierdas fucsia se encontrar\u00edan como El Coyote de \u00abEl Correcaminos\u00bb, que va andando por el vac\u00edo, y cuando se para a pensarlo \u00a1se cae! He ah\u00ed por qu\u00e9 hoy en d\u00eda en la izquierda no existe un verdadero debate sobre el estatus del marxismo y de la teor\u00eda filos\u00f3fico-pol\u00edtica: lo \u00fanico que hay es una pat\u00e9tica lucha identitaria, con la que se defiende la presunta pureza y se juega a tachar de fascista a todo aquel que no se ajuste a la ortodoxia y se atreva a pensar cr\u00edticamente. La izquierda, exactamente igual que la derecha, hoy no puede ser la soluci\u00f3n, porque es el problema. Hacen falta nuevas s\u00edntesis pol\u00edticas, nuevas visiones, una nueva filosof\u00eda pol\u00edtica que vuelva a poner en el centro a Marx y a Gramsci en el nuevo contexto.\u00a0<\/span><\/p>\n<p style=\"text-align: justify;\"><span style=\"font-size: 14pt;\"><strong>\u00bfHas sufrido estos intentos de linchamiento intelectual en otros pa\u00edses?<\/strong><\/span><\/p>\n<p style=\"text-align: justify;\"><span style=\"font-size: 14pt;\">Desde luego, tambi\u00e9n se percibe en Italia, porque tambi\u00e9n en mi pa\u00eds las izquierdas no se ocupan de otra cosa que no sean los \u2018derechos civiles\u2019, que es como ellas denominan los caprichos consumistas de las clases pudientes, como los vientres de alquiler. Para las izquierdas, hablar hoy de lucha de clases, de derechos sociales, de lucha contra la Uni\u00f3n Europea y contra el atlantismo, de un Estado soberano democr\u00e1tico y de marxismo equivale a ser fascista.<\/span><\/p>\n<p style=\"text-align: justify;\"><span style=\"font-size: 14pt;\"><strong>Su libro termina con un llamamiento a recuperar la confrontaci\u00f3n pol\u00edtica. \u00bfA qui\u00e9n considera el principal enemigo?<\/strong><\/span><\/p>\n<p style=\"text-align: justify;\"><span style=\"font-size: 14pt;\">Creo que hoy, en Europa, la primera lucha que hay que emprender es contra la Uni\u00f3n Europea, que representa la \u2018restauraci\u00f3n\u2019 capitalista despu\u00e9s de 1989: hoy en d\u00eda, luchar contra el capitalismo y contra la clase dominante significa luchar contra la UE, batirse por una recuperaci\u00f3n plena de la soberan\u00eda nacional como base para redemocratizar el espacio nacional y para favorecer una redistribuci\u00f3n keynesiana, reivindicar la autonom\u00eda nacional frente a la globalizaci\u00f3n de los v\u00e9rtices, y la defensa del mundo del trabajo y de las clases medias.\u00a0<\/span><\/p>\n<div class=\"post-despiece story-note\" style=\"text-align: justify;\">\u00a0<\/div>\n<div>\n<figure id=\"attachment_2220318\" aria-describedby=\"caption-attachment-2220318\" style=\"width: 480px\" class=\"wp-caption aligncenter\"><img loading=\"lazy\" decoding=\"async\" class=\"wp-image-2220318\" src=\"https:\/\/puntocritico.com\/ausajpuntocritico\/wp-content\/uploads\/2021\/07\/9788413622804-historia-y-conciencia-del-precariado.jpg\" alt=\"\" width=\"480\" height=\"711\" data-id=\"2220318\" srcset=\"https:\/\/puntocritico.com\/ausajpuntocritico\/wp-content\/uploads\/2021\/07\/9788413622804-historia-y-conciencia-del-precariado.jpg 1000w, https:\/\/puntocritico.com\/ausajpuntocritico\/wp-content\/uploads\/2021\/07\/9788413622804-historia-y-conciencia-del-precariado-203x300.jpg 203w, https:\/\/puntocritico.com\/ausajpuntocritico\/wp-content\/uploads\/2021\/07\/9788413622804-historia-y-conciencia-del-precariado-691x1024.jpg 691w, https:\/\/puntocritico.com\/ausajpuntocritico\/wp-content\/uploads\/2021\/07\/9788413622804-historia-y-conciencia-del-precariado-768x1137.jpg 768w, https:\/\/puntocritico.com\/ausajpuntocritico\/wp-content\/uploads\/2021\/07\/9788413622804-historia-y-conciencia-del-precariado-610x903.jpg 610w\" sizes=\"auto, (max-width: 480px) 100vw, 480px\" \/><figcaption id=\"caption-attachment-2220318\" class=\"wp-caption-text\"><span style=\"color: #008000;\">T\u00edtulo: &#8216;Historia y conciencia del precariado. Siervos y se\u00f1ores de la globalizaci\u00f3n&#8217;. Editorial: Alianza<\/span><\/figcaption><\/figure>\n<\/div>\n<p>&nbsp;<\/p>\n<hr \/>\n<p><strong><span style=\"font-size: 14pt;\">RELACIONADOS:<\/span><\/strong><\/p>\n<blockquote class=\"wp-embedded-content\" data-secret=\"dhTaWMZNwP\"><p><a href=\"https:\/\/puntocritico.com\/ausajpuntocritico\/2019\/07\/17\/ni-izquierda-ni-derecha-todo-es-capitalismo-el-caso-de-diego-fusaro\/\">YA NO HAY IZQUIERDA NI DERECHA; HOY, TODO ES CAPITALISMO. El caso de Diego Fusaro: La Lucha de clases, ahora, es de Derechas<\/a><\/p><\/blockquote>\n<p><iframe loading=\"lazy\" class=\"wp-embedded-content\" sandbox=\"allow-scripts\" security=\"restricted\" style=\"position: absolute; clip: rect(1px, 1px, 1px, 1px);\" title=\"\u00abYA NO HAY IZQUIERDA NI DERECHA; HOY, TODO ES CAPITALISMO. El caso de Diego Fusaro: La Lucha de clases, ahora, es de Derechas\u00bb \u2014 Punto Cr\u00edtico Derechos Humanos\" src=\"https:\/\/puntocritico.com\/ausajpuntocritico\/2019\/07\/17\/ni-izquierda-ni-derecha-todo-es-capitalismo-el-caso-de-diego-fusaro\/embed\/#?secret=uK2uxlehxD#?secret=dhTaWMZNwP\" data-secret=\"dhTaWMZNwP\" width=\"500\" height=\"282\" frameborder=\"0\" marginwidth=\"0\" marginheight=\"0\" scrolling=\"no\"><\/iframe><\/p>\n<blockquote class=\"wp-embedded-content\" data-secret=\"Do4r6mwNOr\"><p><a href=\"https:\/\/puntocritico.com\/ausajpuntocritico\/2020\/07\/16\/pier-paolo-pasolini-el-discurso-de-los-cabellos-escritos-corsarios-2\/\">PIER PAOLO PASOLINI, \u00abEL \u00abDISCURSO\u00bb DE LOS CABELLOS\u00bb (Escritos Corsarios)<\/a><\/p><\/blockquote>\n<p><iframe loading=\"lazy\" class=\"wp-embedded-content\" sandbox=\"allow-scripts\" security=\"restricted\" style=\"position: absolute; clip: rect(1px, 1px, 1px, 1px);\" title=\"\u00abPIER PAOLO PASOLINI, \u00abEL \u00abDISCURSO\u00bb DE LOS CABELLOS\u00bb (Escritos Corsarios)\u00bb \u2014 Punto Cr\u00edtico Derechos Humanos\" src=\"https:\/\/puntocritico.com\/ausajpuntocritico\/2020\/07\/16\/pier-paolo-pasolini-el-discurso-de-los-cabellos-escritos-corsarios-2\/embed\/#?secret=ckYKwA88II#?secret=Do4r6mwNOr\" data-secret=\"Do4r6mwNOr\" width=\"500\" height=\"282\" frameborder=\"0\" marginwidth=\"0\" marginheight=\"0\" scrolling=\"no\"><\/iframe><\/p>\n<blockquote class=\"wp-embedded-content\" data-secret=\"hc1hwasvja\"><p><a href=\"https:\/\/puntocritico.com\/ausajpuntocritico\/2020\/03\/23\/passolini-escritos-corsarios-la-primera-y-verdadera-revolucion-de-derecha-y-maniqueismo-y-ortodoxia-de-la-revolucion-al-dia-siguiente\/\">PASSOLINI, \u00abESCRITOS CORSARIOS\u00bb: \u00abLA PRIMERA Y VERDADERA REVOLUCI\u00d3N DE DERECHA\u00bb y \u00abMANIQUE\u00cdSMO Y ORTODOXIA DE LA \u00abREVOLUCI\u00d3N AL D\u00cdA SIGUIENTE\u00bb\u00bb. \u00abDespertaron sobresaltados, y se sorprendieron del conocimiento adquirido; ahora sab\u00edan que no siempre ten\u00edan raz\u00f3n\u00bb.<\/a><\/p><\/blockquote>\n<p><iframe loading=\"lazy\" class=\"wp-embedded-content\" sandbox=\"allow-scripts\" security=\"restricted\" style=\"position: absolute; clip: rect(1px, 1px, 1px, 1px);\" title=\"\u00abPASSOLINI, \u00abESCRITOS CORSARIOS\u00bb: \u00abLA PRIMERA Y VERDADERA REVOLUCI\u00d3N DE DERECHA\u00bb y \u00abMANIQUE\u00cdSMO Y ORTODOXIA DE LA \u00abREVOLUCI\u00d3N AL D\u00cdA SIGUIENTE\u00bb\u00bb. \u00abDespertaron sobresaltados, y se sorprendieron del conocimiento adquirido; ahora sab\u00edan que no siempre ten\u00edan raz\u00f3n\u00bb.\u00bb \u2014 Punto Cr\u00edtico Derechos Humanos\" src=\"https:\/\/puntocritico.com\/ausajpuntocritico\/2020\/03\/23\/passolini-escritos-corsarios-la-primera-y-verdadera-revolucion-de-derecha-y-maniqueismo-y-ortodoxia-de-la-revolucion-al-dia-siguiente\/embed\/#?secret=XaCY1K2XcW#?secret=hc1hwasvja\" data-secret=\"hc1hwasvja\" width=\"500\" height=\"282\" frameborder=\"0\" marginwidth=\"0\" marginheight=\"0\" scrolling=\"no\"><\/iframe><\/p>\n<blockquote class=\"wp-embedded-content\" data-secret=\"XRZYfCv2t1\"><p><a href=\"https:\/\/puntocritico.com\/ausajpuntocritico\/2021\/03\/09\/la-primera-y-verdadera-revolucion-de-derecha-por-pier-paolo-pasolini-1-973\/\">LA PRIMERA Y VERDADERA REVOLUCION DE DERECHA, por Pier Paolo Pasolini (1.973)<\/a><\/p><\/blockquote>\n<p><iframe loading=\"lazy\" class=\"wp-embedded-content\" sandbox=\"allow-scripts\" security=\"restricted\" style=\"position: absolute; clip: rect(1px, 1px, 1px, 1px);\" title=\"\u00abLA PRIMERA Y VERDADERA REVOLUCION DE DERECHA, por Pier Paolo Pasolini (1.973)\u00bb \u2014 Punto Cr\u00edtico Derechos Humanos\" src=\"https:\/\/puntocritico.com\/ausajpuntocritico\/2021\/03\/09\/la-primera-y-verdadera-revolucion-de-derecha-por-pier-paolo-pasolini-1-973\/embed\/#?secret=TzEbaqUSO9#?secret=XRZYfCv2t1\" data-secret=\"XRZYfCv2t1\" width=\"500\" height=\"282\" frameborder=\"0\" marginwidth=\"0\" marginheight=\"0\" scrolling=\"no\"><\/iframe><\/p>\n<p>&nbsp;<\/p>\n<p><img loading=\"lazy\" decoding=\"async\" class=\"aligncenter wp-image-9528\" src=\"https:\/\/puntocritico.com\/ausajpuntocritico\/wp-content\/uploads\/2018\/03\/Mosca_Punto_Cr\u00edtico_40.png\" alt=\"\" width=\"80\" height=\"80\" data-id=\"9528\" \/><\/p>\n<p>&nbsp;<\/p>\n<p>&nbsp;<\/p>\n","protected":false},"excerpt":{"rendered":"<div class=\"mh-excerpt\"><p>Derecha e izquierda hegeliana Encyclopaedia Herder Editorial \u00a0 Escisi\u00f3n entre los miembros de la escuela hegeliana, ocurrida en Alemania tras la muerte de\u00a0Hegel\u00a0(a finales de 1831). Las disensiones se inician ya en vida de Hegel <a class=\"mh-excerpt-more\" href=\"https:\/\/puntocritico.com\/ausajpuntocritico\/2021\/07\/15\/izquierda-y-derecha-defienden-a-la-clase-dominante-entrevista-a-diego-fusaro\/\" title=\"Derecha e izquierda hegeliana. \u00abIzquierda y derecha defienden a la clase dominante\u00bb, entrevista a Diego Fusaro.\">[&#8230;]<\/a><\/p>\n<\/div>","protected":false},"author":3,"featured_media":2220309,"comment_status":"open","ping_status":"closed","sticky":false,"template":"","format":"standard","meta":{"_acf_changed":false,"_exactmetrics_skip_tracking":false,"_exactmetrics_sitenote_active":false,"_exactmetrics_sitenote_note":"","_exactmetrics_sitenote_category":0,"footnotes":""},"categories":[7,8],"tags":[56,99],"class_list":{"0":"post-2220308","1":"post","2":"type-post","3":"status-publish","4":"format-standard","5":"has-post-thumbnail","7":"category-politica","8":"category-filosofia","9":"tag-fusaro","10":"tag-hegel"},"acf":[],"_links":{"self":[{"href":"https:\/\/puntocritico.com\/ausajpuntocritico\/wp-json\/wp\/v2\/posts\/2220308","targetHints":{"allow":["GET"]}}],"collection":[{"href":"https:\/\/puntocritico.com\/ausajpuntocritico\/wp-json\/wp\/v2\/posts"}],"about":[{"href":"https:\/\/puntocritico.com\/ausajpuntocritico\/wp-json\/wp\/v2\/types\/post"}],"author":[{"embeddable":true,"href":"https:\/\/puntocritico.com\/ausajpuntocritico\/wp-json\/wp\/v2\/users\/3"}],"replies":[{"embeddable":true,"href":"https:\/\/puntocritico.com\/ausajpuntocritico\/wp-json\/wp\/v2\/comments?post=2220308"}],"version-history":[{"count":0,"href":"https:\/\/puntocritico.com\/ausajpuntocritico\/wp-json\/wp\/v2\/posts\/2220308\/revisions"}],"wp:featuredmedia":[{"embeddable":true,"href":"https:\/\/puntocritico.com\/ausajpuntocritico\/wp-json\/wp\/v2\/media\/2220309"}],"wp:attachment":[{"href":"https:\/\/puntocritico.com\/ausajpuntocritico\/wp-json\/wp\/v2\/media?parent=2220308"}],"wp:term":[{"taxonomy":"category","embeddable":true,"href":"https:\/\/puntocritico.com\/ausajpuntocritico\/wp-json\/wp\/v2\/categories?post=2220308"},{"taxonomy":"post_tag","embeddable":true,"href":"https:\/\/puntocritico.com\/ausajpuntocritico\/wp-json\/wp\/v2\/tags?post=2220308"}],"curies":[{"name":"wp","href":"https:\/\/api.w.org\/{rel}","templated":true}]}}