{"id":2219649,"date":"2021-06-28T00:05:38","date_gmt":"2021-06-27T22:05:38","guid":{"rendered":"https:\/\/puntocritico.com\/ausajpuntocritico\/?p=2219649"},"modified":"2022-04-11T21:01:09","modified_gmt":"2022-04-11T19:01:09","slug":"el-psoe-y-el-terrorismo-de-estado-el-plan-zen-zona-especial-norte-y-su-confluencia-con-el-gal","status":"publish","type":"post","link":"https:\/\/puntocritico.com\/ausajpuntocritico\/2021\/06\/28\/el-psoe-y-el-terrorismo-de-estado-el-plan-zen-zona-especial-norte-y-su-confluencia-con-el-gal\/","title":{"rendered":"EL PSOE Y EL TERRORISMO DE ESTADO: EL PLAN \u00abZEN\u00bb (Zona Especial Norte) y su \u00abconfluencia\u00bb con el GAL"},"content":{"rendered":"<blockquote>\n<p style=\"text-align: center;\" align=\"CENTER\"><strong><span style=\"font-size: 24pt;\">El otro lado del terror y una sugerencia de voto<\/span><\/strong><\/p>\n<p style=\"text-align: justify;\"><span style=\"font-size: 14pt;\">Jes\u00fas Prieto<br \/>\n<a href=\"http:\/\/www.lafogata.org\/003euro\/euro5\/eu_lado.htm\" target=\"_blank\" rel=\"noopener\">C\u00e1diz Rebelde<\/a><b><br \/>\n<\/b><\/span><\/p>\n<p><a href=\"http:\/\/jmalvarezblog.blogspot.com\/2016\/07\/plan-zen.html\" target=\"_blank\" rel=\"noopener\"><img loading=\"lazy\" decoding=\"async\" class=\"aligncenter wp-image-24047\" src=\"https:\/\/puntocritico.com\/ausajpuntocritico\/wp-content\/uploads\/2019\/11\/Plan-ZEN-2.jpg\" alt=\"\" width=\"407\" height=\"528\" data-id=\"24047\" srcset=\"https:\/\/puntocritico.com\/ausajpuntocritico\/wp-content\/uploads\/2019\/11\/Plan-ZEN-2.jpg 344w, https:\/\/puntocritico.com\/ausajpuntocritico\/wp-content\/uploads\/2019\/11\/Plan-ZEN-2-231x300.jpg 231w\" sizes=\"auto, (max-width: 407px) 100vw, 407px\" \/><\/a><\/p>\n<p style=\"text-align: justify;\"><span style=\"font-size: 14pt;\"><b>El Plan ZEN<br \/>\n<\/b><\/span><\/p>\n<p style=\"text-align: justify;\"><span style=\"font-size: 14pt;\">ZEN son las iniciales de Zona Especial Norte, una regi\u00f3n represiva dise\u00f1ada y definida por el ministerio del Interior del Gobierno de Felipe Gonz\u00e1lez -en los tiempos en que el ministerio y el cuartel general de los GAL compart\u00edan sede, jefes y personal- que coincid\u00eda y coincide con las comunidades aut\u00f3nomas vasca y navarra; es decir, lo que en la\u00a0<i>lingua navarrorum\u00a0<\/i>se conoce como\u00a0<i>Hego Euskal Herria<\/i>, el sur del Pa\u00eds Vasco. Las siglas ZEN escond\u00edan, pues, eufem\u00edsticamente, una unidad territorial, humana, cultural y ling\u00fc\u00edstica -o sea, nacional- que era y es negada oficialmente.\u00a0<\/span><\/p>\n<p style=\"text-align: justify;\"><span style=\"font-size: 14pt;\">Los dirigentes del PSOE, que ya hab\u00edan renunciado a los contenidos de la <i>S<\/i>\u00a0y de la\u00a0<i>O<\/i> de sus siglas a cambio del plato de lentejas con chorizo de participar eternamente de la hegemon\u00eda bipartidista, no tuvieron mayores problemas en mantener la tradici\u00f3n franquista y apostar por la soluci\u00f3n puramente represiva de la \u00abcuesti\u00f3n vasca\u00bb demostrando una descomunal cobard\u00eda y una gran falta de imaginaci\u00f3n. <\/span><\/p>\n<p style=\"text-align: justify;\"><span style=\"font-size: 14pt;\">As\u00ed, a poco m\u00e1s de 48 horas de ganar las elecciones de octubre de 1.982, Felipe Gonz\u00e1lez dio a conocer su f\u00f3rmula m\u00e1gica para liquidar definitivamente a ETA: un dec\u00e1logo efecticida que evitaba abordar la causalidad plenamente vigente del \u00abproblema\u00bb y que inclu\u00eda ideas tales como desarrollar la manipulaci\u00f3n psicol\u00f3gica sobre la poblaci\u00f3n vasca, crear la figura del \u00abarrepentido\u00bb o premiar a los chivatos y soplones. <\/span><\/p>\n<p style=\"text-align: justify;\"><span style=\"font-size: 14pt;\">Evidentemente, los diez ignominiosos mandamientos no se elaboraron en aquellos dos d\u00edas triunfales. El dec\u00e1logo respond\u00eda a un esquema de acci\u00f3n t\u00e1ctico-estrat\u00e9gica pactado bastante antes con la UCD como respuesta a un\u00a0<i>casus belli<\/i> nacional, a una raz\u00f3n de Estado. <\/span><\/p>\n<p style=\"text-align: justify;\"><span style=\"font-size: 14pt;\">Dicen que existe un efecto entre \u00f3ptico y psicol\u00f3gico que hace que las cosas se perciban diferentes cuando se observan desde un trono. Algo de esto le debi\u00f3 suceder a Felipe Gonz\u00e1lez. Porque, a la semana de ostentar la jefatura del Gobierno, ya se hab\u00eda convencido de que su dec\u00e1logo antiterrorista no era suficiente. As\u00ed, encomend\u00f3 al siniestro general de la Guardia Civil y jefe de su Estado Mayor, Andr\u00e9s Cassinello, experto en informaci\u00f3n y contrainsurgencia, que \u00abmejorara\u00bb su contenido en aras de una mayor eficacia. <\/span><\/p>\n<p style=\"text-align: justify;\"><span style=\"font-size: 14pt;\">El franquista Cassinello, ahora a las \u00f3rdenes de un presidente \u00absocialista\u00bb y \u00abobrero\u00bb, pero, ante todo, espa\u00f1ol, no dud\u00f3 en confeccionar un nuevo c\u00f3digo de actuaci\u00f3n antiterrorista que recog\u00eda, efectivamente, la esencia del famoso dec\u00e1logo, pero que inclu\u00eda tambi\u00e9n muchos puntos de anteriores manuales de los servicios secretos de Carrero Blanco, inspirados en los m\u00e9todos aplicados por la CIA en su particular \u00abguerra fr\u00eda\u00bb contra cualquiera que oliera, aunque fuera ligeramente, a comunista. <\/span><\/p>\n<p style=\"text-align: justify;\"><span style=\"font-size: 14pt;\">Fue en enero de 1.983 cuando el ministro de la Porra -hoy terrorista convicto, Jos\u00e9 Barrionuevo Pe\u00f1a- compareci\u00f3 ante unos medios de comunicaci\u00f3n previamente \u00abeducados\u00bb, en una hist\u00f3rica conferencia de prensa, para presentar con bombo y platillos ante la sociedad espa\u00f1ola el Plan ZEN. Curiosamente, esta especie de Plan\u00a0<i>Ponds<\/i> para acabar con ETA en siete d\u00edas no hab\u00eda pasado por tr\u00e1mite parlamentario alguno, pero, al venir de \u00ablos socialistas\u00bb, se presupuso su car\u00e1cter democr\u00e1tico. Al menos, nadie fuera de Euskadi lo cuestion\u00f3. Sin embargo, cualquier observador imparcial no hubiera dudado en calificarlo de fascista y de conculcador de los derechos humanos individuales y colectivos.\u00a0<\/span><\/p>\n<p style=\"text-align: justify;\"><span style=\"font-size: 14pt;\">Entre otras virtudes, el Plan ZEN recomendaba expresamente utilizar la propaganda, el rumor, la mentira y la manipulaci\u00f3n de la informaci\u00f3n para sembrar la duda y la confusi\u00f3n entre los vascos y, de paso, quitar apoyo a los independentistas en el resto del Estado. Por ejemplo, dice literalmente: \u00ab<i>Atribuir en los \u00e9xitos policiales que se obtengan, parte del m\u00e9rito a la colaboraci\u00f3n ciudadana<\/i>\u00bb y tambi\u00e9n,\u00a0<i>\u00abdar informaciones peri\u00f3dicas, a trav\u00e9s de terceros, que difundan enfrentamientos y discrepancias entre terroristas, sus ideolog\u00edas for\u00e1neas, sus negocios sucios, sus costumbres criticables, etc. Basta que la informaci\u00f3n sea cre\u00edble para explotarla<\/i>\u00ab. Basta que sea cre\u00edble, para explotarla y legitimar la represi\u00f3n.<br \/>\n<b><br \/>\nEl Estado terrorista<br \/>\n<\/b><\/span><\/p>\n<p style=\"text-align: justify;\"><span style=\"font-size: 14pt;\">Cuentan que un d\u00eda los \u00e1rboles del bosque, viendo llegar al le\u00f1ador portando su hacha al hombro, se dijeron: \u00abTranquilos, el mango es de los nuestros\u00bb. Al poco, troceados, esperaban la muerte en la le\u00f1era. Con el PSOE sucedi\u00f3 algo parecido. Nadie pod\u00eda creer que fuese capaz de acentuar la represi\u00f3n, pero nunca se vivieron en el Pa\u00eds Vasco tiempos tan duros. Al menos, hasta hoy. <\/span><\/p>\n<p style=\"text-align: justify;\"><span style=\"font-size: 14pt;\">Los derechos fundamentales recogidos en la Constituci\u00f3n, que hab\u00eda sido mayoritariamente rechazada por la poblaci\u00f3n vasca, se conculcaron a modo por parte del Estado: Tribunales especiales como la Audiencia Nacional, cl\u00f3nica del Tribunal de Orden P\u00fablico de la dictadura; leyes de excepci\u00f3n como la Antiterrorista, que daba plenos poderes a unos Cuerpos y Fuerzas de Seguridad del Estado sin depurar y permit\u00eda la incomunicaci\u00f3n e indefensi\u00f3n de los detenidos durante diez d\u00edas; sistematizaci\u00f3n de la tortura en comisar\u00edas y cuartelillos, asegurando la impunidad de los polic\u00edas y guardias civiles delincuentes; creaci\u00f3n de prisiones de m\u00e1xima seguridad; pol\u00edtica ilegal de dispersi\u00f3n de los presos pol\u00edticos; fondos reservados para financiar tropel\u00edas sin necesidad de rendir cuentas, que sirvieron, entre otras cosas, para pagar al cuerpo de periodistas mercenarios dedicados a fondo a la intoxicaci\u00f3n; y, como colof\u00f3n, la continuaci\u00f3n de la guerra sucia empleada por el franquismo (ATE) y por la UCD (Batall\u00f3n Vasco Espa\u00f1ol), con el infinito agravante que supuso la creaci\u00f3n de los GAL por el propio Gobierno del PSOE presidido por Felipe Gonz\u00e1lez. <\/span><\/p>\n<p style=\"text-align: justify;\"><span style=\"font-size: 14pt;\">Fueron casi catorce a\u00f1os de delincuencia gubernamental, amparada por la Internacional Socialista -con la honrosa excepci\u00f3n del suizo Jean Ziegler, que lleg\u00f3 a presidir el Comit\u00e9 Internacional que organiz\u00f3 los actos del 50 aniversario del bombardeo y destrucci\u00f3n de Gernika-, en los que se detuvo a m\u00e1s de diez mil personas, se tortur\u00f3 a miles y se asesin\u00f3 a m\u00e1s de treinta, entre ellos al dirigente de Herri Batasuna y prestigioso m\u00e9dico pediatra Santiago Brouard y al periodista Xabier Galdeano. Por el horripilante e inhumano sadismo empleado por los guardias civiles que les secuestraron y torturaron hasta la muerte, merecen menci\u00f3n aparte los casos de Jos\u00e9 Ignacio Zabala Artano, Jos\u00e9 Antonio Lasa Arostegi y Mikel Zabalza Garate. Entretanto, como si fuera un acto de macabro recochineo, el 4 de febrero de 1.985, el Estado espa\u00f1ol firm\u00f3 la Convenci\u00f3n Internacional contra las Torturas.\u00a0<\/span><\/p>\n<p style=\"text-align: justify;\"><span style=\"font-size: 14pt;\">El asesinato del diputado electo Josu Muguruza Guarrotxena a manos del polic\u00eda \u00c1ngel Duce y del cabecilla fascista Ricardo S\u00e1enz de Ynestrillas, fue otro de los episodios a inventariar en este apartado. El \u00abmarr\u00f3n\u00bb fue asumido \u00edntegramente por Duce, que, curiosamente, muri\u00f3 pocos a\u00f1os despu\u00e9s en un sospechoso accidente de circulaci\u00f3n ocurrido en un oportuno permiso carcelario. As\u00ed qued\u00f3 cerrado oficialmente uno de los casos m\u00e1s sangrantes y menos recordados de la reciente historia negra del reino borb\u00f3nico. <\/span><\/p>\n<p style=\"text-align: justify;\"><span style=\"font-size: 14pt;\"><b>ETA no, vascos depende<\/b><br \/>\n<\/span><\/p>\n<p style=\"text-align: justify;\"><span style=\"font-size: 14pt;\">El 5 de noviembre de 1.987, la pr\u00e1ctica totalidad de los partidos pol\u00edticos del Estado espa\u00f1ol firmaron un documento conjunto contra ETA que bautizaron como \u00abPacto de Madrid\u00bb. Los conjurados fueron concretamente PSOE, AP (hoy PP), CiU, PNV, PDP, PL (hoy PP), PCE y EE (hoy PSOE). En el texto se pueden leer medidas tan actuales como las expresadas en su apartado 1.7: \u00ab<em>Pedimos a los responsables de los medios de comunicaci\u00f3n que<\/em> -desde el respeto a la libertad de expresi\u00f3n -n\u00f3tese que no se cita la libertad de informaci\u00f3n-\u00a0<i><strong>colaboren con las instituciones<\/strong><\/i><em>representativas de la voluntad popular<\/em><i><strong>y a trav\u00e9s de los medios a su alcance trabajen en desarrollar el ambiente social necesario<\/strong><\/i><em>para la generalizaci\u00f3n de los valores del respeto mutuo, la tolerancia y el rechazo de la violencia y el terrorismo<\/em>\u00ab.\u00a0<\/span><\/p>\n<p style=\"text-align: justify;\"><span style=\"font-size: 14pt;\">El Pacto de Madrid tuvo continuidad meses despu\u00e9s en los de Ajuria Enea e Iru\u00f1a, en los que ya se apreciaron ciertas reservas en el PNV y EA. En el firmado en Vitoria el 12 de enero de 1.988, Eusko Alkartasuna puso condiciones. Y en el firmado en Pamplona el 7 de octubre del mismo a\u00f1o, EA vot\u00f3 en contra y el PNV no particip\u00f3. <\/span><\/p>\n<p style=\"text-align: justify;\"><span style=\"font-size: 14pt;\">Pero el acuerdo de Estado estaba consumado. Ahora tocaba implicar al mayor n\u00famero posible de pa\u00edses en la guerra contra ETA -como se ver\u00e1, se trataba y se trata realmente de terminar con el independentismo, sea violento o no lo sea- y as\u00ed internacionalizar el conflicto. Para ello, el Estado espa\u00f1ol -concepto que abarca mucho m\u00e1s que el mero Gobierno- contaba con la inestimable ayuda de los EEUU, cuya CIA hac\u00eda muchos a\u00f1os que ten\u00eda en n\u00f3mina a una cuarentena de periodistas espa\u00f1oles que redactaban sus \u00abinformaciones\u00bb y \u00abopinaban\u00bb al gusto de la Casa Blanca. As\u00ed se cre\u00f3 el fantasma del \u00abeuroterrorismo\u00bb que justificar\u00eda el nacimiento de los grupos de Schengen y Trevi, siempre en el camino hacia la Europa de la\u00a0<i>tolerancia cero\u00a0<\/i>hacia los enemigos del Sistema. <\/span><\/p>\n<p style=\"text-align: justify;\"><span style=\"font-size: 14pt;\">Poco a poco, ampar\u00e1ndose en la excusa de la lucha antiterrorista, fue aflorando la que siempre fue la madre del cordero, la verdadera preocupaci\u00f3n del Estado: la conservaci\u00f3n de la unidad territorial de Espa\u00f1a, seriamente amenazada por los nacionalistas, sobre todo por los vascos que cada vez gozaban de m\u00e1s respaldo social. Para esa empresa hist\u00f3rica heredada del m\u00e1s rancio macizo de la raza -aunque con Franco se hab\u00edan independizado las \u00abprovincias espa\u00f1olas\u00bb de Guinea Ecuatorial y de Ifni, el Sahara hab\u00eda sido abandonado a su suerte y se hab\u00eda renunciado al protectorado sobre el norte de Marruecos- todo serv\u00eda y todo sigue sirviendo. Como siempre, todo por la Patria, el fin justifica los medios. <\/span><\/p>\n<p style=\"text-align: justify;\"><span style=\"font-size: 14pt;\"><b>El papel fundamental de Falsimedia<br \/>\n<\/b><\/span><\/p>\n<p style=\"text-align: justify;\"><span style=\"font-size: 14pt;\">No me cansar\u00e9 de insistir en que vivimos en una oligarqu\u00eda de partidos, no en una democracia. Y dentro de esta partitocracia, la injusticia de las f\u00f3rmulas electorales -listas cerradas y ley d&#8217;Hont- condena a la ciudadan\u00eda al bipartidismo, que se convierte en partido \u00fanico ante las cuestiones de Estado. <\/span><\/p>\n<p style=\"text-align: justify;\"><span style=\"font-size: 14pt;\">As\u00ed, no es de extra\u00f1ar que, a la primera oportunidad, el \u00ednclito Jaime Mayor Oreja, ya sin ambages, propusiera oficial y p\u00fablicamente superar el Pacto de Madrid y \u00abreformar las leyes para combatir al conjunto de la Izquierda Abertzale\u00bb (14 de julio de 1.997). <\/span><\/p>\n<p style=\"text-align: justify;\"><span style=\"font-size: 14pt;\">Por esas fechas, con un Jos\u00e9 Mar\u00eda Aznar todav\u00eda biso\u00f1o al frente del Gobierno y necesitado de refuerzos externos para consolidar su liderazgo de laboratorio, a\u00fan hab\u00eda que cuidar las formas. Pero, con la visi\u00f3n global que dan los altos cargos, se fue preparando el terreno para el asalto final a ETA, s\u00ed, pero sobre todo para apuntillar al independentismo y, aprovechando que el Pisuerga pasa por Valladolid, a los grupos antisistema nacidos y por nacer. Y el Estado recurri\u00f3, como siempre, a su cuarto poder en la sombra: los medios de comunicaci\u00f3n que aqu\u00ed llamamos\u00a0<i>Falsimedia<\/i>. <\/span><\/p>\n<p style=\"text-align: justify;\"><span style=\"font-size: 14pt;\">Tras la correspondiente purga de trabajadores y colaboradores no afectos al nuevo r\u00e9gimen o sospechosos de ambig\u00fcedad, los entes p\u00fablicos se pusieron a la tarea inmediatamente. Pregunten ustedes a los despedidos y jubilados precipitadamente de Televisi\u00f3n Espa\u00f1ola y de Radio Nacional. En cuanto a Antena 3, COPE, Onda Cero y las cadenas auton\u00f3micas en manos del PP -como Tele Madrid, a cuyo director ces\u00f3 como del rayo Ruiz Gallard\u00f3n por haber permitido la emisi\u00f3n de una informaci\u00f3n contrastada sobre el Pa\u00eds Vasco-, \u00bfqu\u00e9 les voy a contar? Si en los medios p\u00fablicos destacan los locutores Antonio Jim\u00e9nez y Manuel Antonio Rico y su batall\u00f3n de colaboradores (Carlos D\u00e1vila, Fernando J\u00e1uregui, Justino Sinova, Curri Valenzuela y otros intoxicadores del mismo o parecido pelo), en los privados brillan por m\u00e9ritos propios Federico Jim\u00e9nez Losantos, Luis del Olmo Marote, Luis Herrero-Tejedor y Carlos Herrera con sus alfiles Jos\u00e9 Mar\u00eda Calleja, Isabel San Sebasti\u00e1n y tantos otros.\u00a0<\/span><\/p>\n<p style=\"text-align: justify;\"><span style=\"font-size: 14pt;\">No me he olvidado del grupo PRISA, pero con las contradicciones que dimanan del bipartidismo, anda ahora con piel de cordero y prefiero dedicarle un monogr\u00e1fico que publicar\u00e9 pr\u00f3ximamente. <\/span><\/p>\n<p style=\"text-align: justify;\"><span style=\"font-size: 14pt;\"><b>Colaboradores necesarios<br \/>\n<\/b><\/span><\/p>\n<p style=\"text-align: justify;\"><span style=\"font-size: 14pt;\">Pero, si pretendemos entender c\u00f3mo nos enga\u00f1an, debemos tener permanentemente presente la Teor\u00eda de Thomas: \u00ab<em>Una mentira repetida hasta la saciedad es real en sus consecuencias<\/em>\u00ab. Es la clave de la manipulaci\u00f3n desde que el mundo es mundo. <\/span><\/p>\n<p style=\"text-align: justify;\"><span style=\"font-size: 14pt;\">Como son profesionales, no dan puntada sin hilo. Por eso son conscientes del enfangamiento \u00e9tico en el que viven. Y por eso han buscado -y encontrado- expertos titulados en la materia que les ba\u00f1en de la misma, cara a la galer\u00eda. Los principales hallazgos son Fernando Fern\u00e1ndez Savater y Gabriel Albiac, dos rojos en apuros que, convertidos a la noble causa del centralismo antidemocr\u00e1tico y del neoliberalismo redentor y remunerador, legitiman, cada uno a su manera, las tropel\u00edas cometidas.\u00a0<\/span><\/p>\n<p style=\"text-align: justify;\"><span style=\"font-size: 14pt;\">Como se ve\u00eda venir, una vez controlados los medios de informaci\u00f3n hab\u00eda que eliminar del panorama a los poqu\u00edsimos insobornables. Y aqu\u00ed fue Troya:\u00a0<i>Egin<\/i>\u00a0(diario y emisora),\u00a0<i>Ardi Beltza\u00a0<\/i>y\u00a0<i>Egunkaria<\/i> est\u00e1n durmiendo el sue\u00f1o eterno por obra y gracia del juez campeador, ese de quien dicen que cuando falla, folla y cuando folla, falla. Y, en el \u00e1mbito telem\u00e1tico, no podemos olvidar lo sucedido con la web de la Asociaci\u00f3n Contra la Tortura, multada y clausurada para los restos por hacerse eco del informe completo de Amnist\u00eda Internacional que le saca los colores un a\u00f1o s\u00ed y otro tambi\u00e9n al democr\u00e1tico Estado espa\u00f1ol. <\/span><\/p>\n<p style=\"text-align: justify;\"><span style=\"font-size: 14pt;\">Aunque, como nos ense\u00f1\u00f3 el pesimista Murphy, todo puede empeorar. Pero no se preocupen, que no me voy a extender hablando del flamante Presidente del Tribunal Constitucional, se\u00f1or Jim\u00e9nez de Parga. <\/span><\/p>\n<p style=\"text-align: justify;\"><span style=\"font-size: 14pt;\"><b>El Plan ZEN corregido y aumentado por el PP<\/b><br \/>\n<\/span><\/p>\n<p style=\"text-align: justify;\"><span style=\"font-size: 14pt;\">Con todo a su favor, viento en popa y a toda vela, metido el PP ya en su segunda legislatura, con un caudillo asentado y con el apoyo de un T\u00edo Sam m\u00e1s demente que nunca tras haber visto demasiado de cerca las barbas del Profeta, como dir\u00edan en mi pueblo: \u00ab\u00a1Tira millas!\u00bb. <\/span><\/p>\n<p style=\"text-align: justify;\"><span style=\"font-size: 14pt;\">En esta democracia cojonera, se hace lo que dice el presidente. \u00a1No faltar\u00eda m\u00e1s! Y, como Procusto, si alguna decisi\u00f3n no se ajusta a la ley, se estira o se encoge la ley hasta que encaje. O, si no, a\u00fan mejor, se promulgan nuevas leyes <i>ad hoc<\/i>, seg\u00fan se vayan necesitando, que para eso hay mayor\u00eda absoluta. <\/span><\/p>\n<p style=\"text-align: justify;\"><span style=\"font-size: 14pt;\">El Plan ZEN no estaba mal, pero ten\u00eda algunas lagunas insoportables para esp\u00edritus tan exquisitamente sensibles ante el Derecho. As\u00ed que toma Ley del Menor, Ley de Partidos, Ley de Internet y Ley de lo que haga falta. Vengan la cadena perpetua, las condenas m\u00e1s que desproporcionadas para los ni\u00f1os, la ilegalizaci\u00f3n de partidos pol\u00edticos y de asociaciones sociales y ciudadanas.\u00a0<\/span><\/p>\n<p style=\"text-align: justify;\"><span style=\"font-size: 14pt;\">Tildar a las Herriko Tabernas de \u00absedes de ETA\u00bb es de locos. Es un acto de mala fe tan indignante y falso como decir que las Casas del Pueblo son \u00absedes de los GAL\u00bb. Y condenar a un potencial de 250.000 personas a no poder elegir ni ser elegidas sin ser juzgadas individualmente, es un claro acto dictatorial. <\/span><\/p>\n<p style=\"text-align: justify;\"><span style=\"font-size: 14pt;\"><b>Pucherazo t\u00edpico de monarqu\u00eda garbancera<\/b><b><span style=\"color: #ff0000;\"><br \/>\n<\/span><\/b><\/span><\/p>\n<p style=\"text-align: justify;\"><span style=\"font-size: 14pt;\">Pero, sobre todo, es un flagrante pucherazo que deslegitima todo el proceso electoral. Y no vale mirar para otro lado. Como tampoco vale esgrimir el mezquino argumento de que son unos comicios locales y regionales. La Historia nos ha ense\u00f1ado que cuando en unas elecciones municipales el pueblo se comporta dignamente, se puede, incluso, terminar con una monarqu\u00eda. <\/span><\/p>\n<p style=\"text-align: justify;\"><span style=\"font-size: 14pt;\">Si quienes se autoproclaman de izquierdas -como, por ejemplo, Izquierda Unida- lo fueran de verdad o, al menos, retuviesen algo de pudor, ya habr\u00edan denunciado internacionalmente lo que aqu\u00ed sucede y, desde luego, habr\u00edan retirado sus candidaturas. Lo mismo deber\u00edan hacer el BNG, EA y el PNV. Pero no. Muy al contrario, el grupo municipal de Izquierda Unida en el ayuntamiento de Granada ha apoyado la medida pol\u00edtico-judicial. <\/span><\/p>\n<p style=\"text-align: justify;\"><span style=\"font-size: 14pt;\">As\u00ed las cosas, s\u00f3lo nos queda el inalienable libre pensamiento para analizar, valorar y decidir por nosotros mismos la postura a tomar ante tanta canallada. Yo he llegado a la conclusi\u00f3n de que lo mejor es acudir el pr\u00f3ximo 25 de mayo a las urnas con una papeleta propia, de fabricaci\u00f3n casera, casi artesanal. En ella pondr\u00e9 lo que me parezca pertinente. No estar\u00eda mal que se disparase el voto nulo en el Estado. Si alguna vez lo conseguimos, est\u00e9n ustedes seguros de que las cosas pueden comenzar a cambiar. Y ese cambio es urgente. Porque vivimos en el fascismo.<b><span style=\"color: #ff0000;\"><br \/>\n<\/span><\/b><\/span><\/p>\n<\/blockquote>\n<p style=\"text-align: center;\"><strong style=\"color: #008000;\"><span style=\"font-size: 18pt;\">*****<\/span><\/strong><\/p>\n<p>&nbsp;<\/p>\n<p><img loading=\"lazy\" decoding=\"async\" class=\"aligncenter wp-image-24054\" src=\"https:\/\/puntocritico.com\/ausajpuntocritico\/wp-content\/uploads\/2019\/11\/Los-poderes-totalitarios-del-Estado-OK.jpg\" alt=\"\" width=\"366\" height=\"366\" data-id=\"24054\" srcset=\"https:\/\/puntocritico.com\/ausajpuntocritico\/wp-content\/uploads\/2019\/11\/Los-poderes-totalitarios-del-Estado-OK.jpg 225w, https:\/\/puntocritico.com\/ausajpuntocritico\/wp-content\/uploads\/2019\/11\/Los-poderes-totalitarios-del-Estado-OK-150x150.jpg 150w\" sizes=\"auto, (max-width: 366px) 100vw, 366px\" \/><\/p>\n<p>&nbsp;<\/p>\n<p style=\"text-align: center;\"><strong style=\"color: #008000;\"><span style=\"font-size: 18pt;\">*****<\/span><\/strong><\/p>\n<p style=\"font-weight: 400; text-align: center;\"><span style=\"font-size: 24pt;\"><strong>El \u201cPlan ZEN\u201d y sus enanos: las escuchas ilegales del CESID y el caso GAL<\/strong><\/span><\/p>\n<p>&nbsp;<\/p>\n<p><img loading=\"lazy\" decoding=\"async\" class=\"aligncenter size-full wp-image-24058\" src=\"https:\/\/puntocritico.com\/ausajpuntocritico\/wp-content\/uploads\/2019\/11\/Plan-ZEN-3-OK.jpg\" alt=\"\" width=\"640\" height=\"329\" data-id=\"24058\" srcset=\"https:\/\/puntocritico.com\/ausajpuntocritico\/wp-content\/uploads\/2019\/11\/Plan-ZEN-3-OK.jpg 640w, https:\/\/puntocritico.com\/ausajpuntocritico\/wp-content\/uploads\/2019\/11\/Plan-ZEN-3-OK-300x154.jpg 300w\" sizes=\"auto, (max-width: 640px) 100vw, 640px\" \/><\/p>\n<p>&nbsp;<\/p>\n<p style=\"font-weight: 400; text-align: justify;\"><span style=\"font-size: 14pt;\">Con el ascenso al gobierno del PSOE en 1981 y el nombramiento del coronel Emilio Alonso Manglano \u2014mano derecha de Felipe Gonz\u00e1lez\u2014 al frente del CESID, Calder\u00f3n debi\u00f3 abandonar ese organismo central de inteligencia, pasando a reintegrarse a la Guardia Civil, donde asumi\u00f3 la direcci\u00f3n de sus servicios de informaci\u00f3n.<\/span><\/p>\n<p style=\"font-weight: 400; text-align: justify;\"><span style=\"font-size: 14pt;\">Durante su segundo mandato gubernamental, el PSOE vio como estallaba en sus manos el llamado \u201cCaso GAL\u201d, una organizaci\u00f3n terrorista de Estado producto directo del famoso \u201cPlan ZEN\u201d (Zona Euskadi Norte), proyecto contrainsurgente destinado a combatir a ETA y, en general, a toda la izquierda abertzale. El mentor de este plan \u2014adoptado e impulsado por el gobierno socialista\u2014 fue el general de la Guardia Civil Andr\u00e9s Casinello, quien hab\u00eda dise\u00f1ado los modernos servicios secretos de las FF.AA. del Estado espa\u00f1ol, incluida la Guardia Civil.<\/span><\/p>\n<p>&nbsp;<\/p>\n<blockquote>\n<p style=\"text-align: center;\"><span style=\"font-size: 14pt;\"><strong><span style=\"color: #008000;\">el Plan ZEN recomendaba expresamente utilizar la propaganda fundada en el rumor, la mentira y la manipulaci\u00f3n de la informaci\u00f3n para sembrar la duda y la confusi\u00f3n<\/span><\/strong><\/span><\/p>\n<\/blockquote>\n<p>&nbsp;<\/p>\n<p style=\"font-weight: 400; text-align: justify;\"><span style=\"font-size: 14pt;\">El Plan Zen fue la primera medida de alcance represivo sobre la sociedad civil que aprob\u00f3 el PSOE nada m\u00e1s hacerse cargo del gobierno. Sus objetivos quedaron plasmados el 31 de octubre de 1982 en el secreto \u00abDec\u00e1logo para acabar con ETA\u00bb, cuya implementaci\u00f3n pol\u00edtico-militar comenz\u00f3 a efectivizarse en enero de 1983; por supuesto, sin conocimiento ni aprobaci\u00f3n de la Cortes Generales. En realidad, el \u201cPlan Zen\u201d estuvo inspirado en otro anterior concebido por expertos polic\u00edas franquistas en la lucha contra ETA, seg\u00fan los manuales que la CIA reparti\u00f3 por toda Europa tras la Segunda Guerra mundial, titulado:\u00a0<em>\u201cNuevas dimensiones para la seguridad en Europa\u201d,\u00a0<\/em>con el fin de combatir la influencia de los partidos comunistas en el viejo continente.<\/span><\/p>\n<p style=\"font-weight: 400; text-align: justify;\"><span style=\"font-size: 14pt;\">Su antecedente inmediato data de 1977 y fue elaborado por el Ministerio postfranquista de Defensa e Interior, seg\u00fan la l\u00ednea trazada por un informe difundido entre los mandos del Ej\u00e9rcito con el nombre de \u201cOrientaciones para la Subversi\u00f3n y la contra subversi\u00f3n\u201d, doctrina fundada en la creencia de que la izquierda radical estaba creando una situaci\u00f3n prerrevolucionaria en Euskadi .<\/span><\/p>\n<p style=\"font-weight: 400; text-align: justify;\"><span style=\"font-size: 14pt;\">Uno de los aspectos m\u00e1s destacables del Plan Zen fue su \u00e9nfasis sobre la \u00abguerra psicol\u00f3gica\u00bb basada en el falseamiento de la informaci\u00f3n acerca de la represi\u00f3n al movimiento abertzale. Con ello se trat\u00f3 de que la opini\u00f3n publica \u2014en especial la mayor\u00eda residente fuera del pa\u00eds vasco\u2014 se creara ella sola una aureola de dignidad sobre los \u201ccuerpos y fuerzas de seguridad del Estado\u201d, que le indujera naturalmente a desacreditar toda fuente de informaci\u00f3n no proveniente de fuentes oficiales. Tal fue el n\u00facleo central de una t\u00e1ctica que se plante\u00f3 conseguir la\u00a0<strong>derrota pol\u00edtica<\/strong>\u00a0de ETA como condici\u00f3n de su\u00a0<strong>derrota militar<\/strong>.<\/span><\/p>\n<p style=\"font-weight: 400; text-align: justify;\"><span style=\"font-size: 14pt;\">En tal sentido, el Plan ZEN atribuy\u00f3 decisiva importancia a la utilizaci\u00f3n de los medios de comunicaci\u00f3n. Entre otras \u201cvirtudes\u201d, el Plan ZEN recomendaba expresamente utilizar la propaganda fundada en el rumor, la mentira y la manipulaci\u00f3n de la informaci\u00f3n para sembrar la duda y la confusi\u00f3n entre los vascos y, de paso, quitar apoyo a los independentistas en el resto del Estado. Por ejemplo, dice literalmente: \u00ab<\/span><span style=\"color: #000000;\"><em><span style=\"font-size: 14pt;\">Atribuir parte del m\u00e9rito en los \u00e9xitos policiales que se obtengan, a la colaboraci\u00f3n ciudadana (\u2026.), cuando sufra un atentado un miembro de la polic\u00eda, personalizarle inmediatamente y facilitar algunos datos de la esposa, madre e hijos preferentemente, (\u2026) dar informaciones peri\u00f3dicas, a trav\u00e9s de terceros, que difundan enfrentamientos y discrepancias entre terroristas, sus ideolog\u00edas for\u00e1neas, sus negocios sucios, sus costumbres criticables, etc. Basta que la informaci\u00f3n (falsa)\u00a0sea cre\u00edble \u00a0para explotarla.\u00a0 (Op. Cit.)\u00a0<\/span><\/em><span style=\"font-size: 14pt;\">\u00ab.<\/span><\/span><\/p>\n<p style=\"font-weight: 400; text-align: justify;\"><span style=\"font-size: 14pt;\">Hasta ese momento, ETA hab\u00eda limitado su accionar armado a los efectivos de los tres ej\u00e9rcitos, a la guardia Civil , Polic\u00eda Nacional y polic\u00edas auton\u00f3micas, en este orden de importancia. [1]\u00a0<\/span><\/p>\n<p style=\"font-weight: 400; text-align: justify;\"><span style=\"font-size: 14pt;\">Fue en enero de 1.983, cuando el ministro de Interior del primer gobierno del PSOE, Jos\u00e9 Barrionuevo Pe\u00f1a \u2014conocido por el ministro de la Porra\u2014 convoc\u00f3 a una hist\u00f3rica conferencia de prensa, para presentar el Plan ZEN con bombo y platillos ante la sociedad espa\u00f1ola.<\/span><\/p>\n<p style=\"font-weight: 400; text-align: justify;\"><span style=\"font-size: 14pt;\">Con la fundaci\u00f3n y el accionar de los\u00a0<em>\u201cGrupos antiterroristas de Liberaci\u00f3n\u201d<\/em>\u00a0(G.A.L.), entre 1983 y 1986, el PSOE pudo demostrar que la nueva\u00a0<strong>forma de gobierno<\/strong>\u00a0\u201c<strong><em>democr\u00e1tica<\/em><\/strong>\u201d con que apareci\u00f3 vestido el Estado espa\u00f1ol tras el proceso de transici\u00f3n pol\u00edtica formal que sucedi\u00f3 a la muerte de Franco, no pudo ocultar que sigui\u00f3 y sigue conservando su misma naturaleza o esencia terrorista, atravesado por un hilo de sangre que, entre 1977 y 1981, fue trazado por el Terrorismo de Estado oficioso. Con Fraga como Ministro del Interior, en el Gobierno franquista de Arias-Navarro, y durante la \u00e9poca de UCD, con Rodolfo Mart\u00edn Villa en el mismo puesto, actuaron el\u00a0<em>Batall\u00f3n Vasco Espa\u00f1ol (BVE)<\/em>, la Triple A (<em>Alianza Apost\u00f3lica Anticomunista<\/em>) \u2014un remedo de la famosa \u201cTriple A\u201d actuante por esas mismas fechas en Argentina (1974-75)\u2014, ATE (<em>Anti Terrorismo ETA<\/em>), los\u00a0<em>\u201cComandos Antimarxistas\u201d<\/em>, los\u00a0<em>Grupos Armados Espa\u00f1oles<\/em>\u00a0(GAE) y los \u201c<em>Guerrilleros de Cristo Rey\u201d<\/em>. [2]\u00a0<\/span><\/p>\n<p style=\"font-weight: 400; text-align: justify;\"><span style=\"font-size: 14pt;\">Ese hilo de sangre fue dibujando la historia de la transici\u00f3n hacia la \u201cdemocracia\u201d desde el 23 de enero de 1977, con el asesinato del estudiante Arturo Ruiz Garc\u00eda en Madrid, a manos de la A.A.A., hasta el 26 de junio de 1981, con el asesinato de Antonio Murillo Chac\u00f3n perpetrado en Hernani sin atribuci\u00f3n espec\u00edfica; pasando por la \u201cmatanza de Atocha\u201d, con el asesinato de cinco abogados laboralistas militantes de CC.OO., reivindicada por la A.A.A.; el secuestro y asesinato en Ir\u00fan de Mart\u00edn Merkelanz \u2014supuestamente vinculado a ETA\u2014 reivindicado por el B.V.E. el 6 de mayo de 1978; el secuestro y asesinato de Jos\u00e9 Ram\u00f3n Ansa Echevarria, militante de ETA, en Andoain, reivindicado por la A.A.A. el 6 de mayo de 1979; el asesinato en la playa de Anglet (Francia), de Juan J. Lopetegui Carrasco, militante de ETA. Reivindicado por el BVE\u00a0 el 2 de agosto de 1979; el asesinato en Madrid de Yolanda Gonz\u00e1lez Mart\u00edn, del Partido socialista de los trabajadores (P.S.T.), el 2 de febrero de 1980, reivindicado por el B.V.E; asesinato en Hernani de Felipe Zagarna Ormaz\u00e1bal el 19 de abril de 1980, reivindicado por el B.V.E.; el asesinato en Madrid de Arturo Pajuelo Rubio. Atribuido al BVE.; el asesinato en San Sebasti\u00e1n de la estudiante Maria Jos\u00e9 Bravo del Valle, atribuido al BVE el 8 u 11 de mayo de 1980; el asesinato en Ondarroa de \u00c1ngel Etxaniz Olabarr\u00eda, militante de Herri Batasuna. Atribuido al BVE. El 30 de agosto de 1980; el asesinato en Hernani de Miguel M\u00aa Arbelaiz y Luis M\u00aa Elizondo, militantes de Herri Batasuna atribuido al BVE el 7 de setiembre de 1980; el asesinato en Caracas (Venezuela), de los militantes de ETA Esperanza Arana y Joaqu\u00edn Alfonso Etxeberr\u00eda, atribuido al BVE el 14 de noviembre de 1980; el asesinato ese mismo d\u00eda en Hernani del chatarrero Joaqu\u00edn Antimasbere Escoz, sin vinculaci\u00f3n pol\u00edtica conocida, tambi\u00e9n atribuido al B.V.E; el ametrallamiento del Bar \u00abHendayais\u00bb de Hendaya, donde suelen reunirse simpatizantes de ETA. Fallecen el trabajador Jos\u00e9 Camio y el jubilado Jean Pierre Aramendi, ambos sin filiaci\u00f3n pol\u00edtica conocida. Diez personas m\u00e1s resultan heridas. Atribuido al BVE el 23 de noviembre de 1980; el asesinato en Biarritz del militante de ETA Jos\u00e9 Mart\u00edn Sagard\u00eda Zaldua. Atribuido al BVE el 30 de diciembre de 1980; el asesinato en Andoain de Francisco Javier Ansa Cincunegui, militante de Herri Batasuna y hermano de un concejal del Partido Nacionalista Vasco, atribuido al BVE el 3 de marzo de 1981.<\/span><\/p>\n<p>&nbsp;<\/p>\n<blockquote>\n<p style=\"text-align: center;\"><strong><span style=\"font-size: 14pt; color: #008000;\">El 6 de julio, se elabor\u00f3 en el CESID la llamada \u00abacta fundacional\u00bb de los G.A.L., en la que se examin\u00f3 la posibilidad de llevar a cabo acciones de \u00abguerra sucia\u00bb en el sur de Francia<\/span><\/strong><\/p>\n<\/blockquote>\n<p>&nbsp;<\/p>\n<p style=\"font-weight: 400; text-align: justify;\"><span style=\"font-size: 14pt;\">Como puede advertirse por esta cr\u00f3nica, entre 1977 y 1981, actuando impunemente desde las cloacas del postfranquismo, el terrorismo de Estado espa\u00f1ol vino marcando todos los pasos que en la superficie de la sociedad fue dando la burocracia partidocr\u00e1tica durante la transici\u00f3n pactada y los inicios de la \u201cjoven democracia espa\u00f1ola\u201d. De acuerdo con la cronolog\u00eda publicada por\u00a0<em>\u201cEl Mundo\u201d<\/em>, el a\u00f1o 1983 naci\u00f3 con una propuesta del \u201cPartido Nacionalista Vasco\u201d al flamante gobierno del PSOE, para iniciar conversaciones de paz con ETA. Pero el d\u00eda 28, esta negociaci\u00f3n fracas\u00f3 ante la negativa de los representantes del Estado a la exigencia etarra de que las conversaciones prosiguieran en presencia de los medios de prensa. Ese mismo mes, seg\u00fan el entonces n\u00famero dos del CESID, Juan Alberto Perote, su Jefe, Emilio Alonso Manglano le encarg\u00f3 un informe sobre c\u00f3mo combatir a ETA.<\/span><\/p>\n<p style=\"font-weight: 400; text-align: justify;\"><span style=\"font-size: 14pt;\">En medio de una fuerte ofensiva militar de ETA, en alg\u00fan lugar de la Sierra de Guadarrama tuvo lugar una reuni\u00f3n en la que participaron El ministro del Interior, Barrionuevo, El Secretario de Estado para la Seguridad, Rafael Vera, Juli\u00e1n Sancrist\u00f3bal, Director General de Seguridad del Estado, Jos\u00e9 Mar\u00eda (Txiki) Benegas, J\u00e1uregui y Damborenea, Secretario general de los socialistas de Vizcaya, entre otros, donde \u2014seg\u00fan este \u00faltimo\u2014 all\u00ed se habl\u00f3 de empezar a actuar contra ETA en Francia. Entre abril y junio, la ofensiva de ETA recrudece. El 6 de julio, se elabor\u00f3 en el CESID la llamada \u00abacta fundacional\u00bb de los G.A.L., en la que se examin\u00f3 la posibilidad de llevar a cabo acciones de \u00abguerra sucia\u00bb en el sur de Francia, ante la falta de colaboraci\u00f3n de ese pa\u00eds en la lucha antiterrorista. El 28 de setiembre, Juan Alberto Perote, del CESID, elabor\u00f3 una \u00abNota de despacho\u00bb en la que se inform\u00f3 sobre el inicio de acciones en Francia por parte de las Fuerzas de Seguridad del Estado o a trav\u00e9s de mercenarios contratados.<\/span><\/p>\n<p style=\"font-weight: 400; text-align: justify;\"><span style=\"font-size: 14pt;\">El 5 de octubre de 1983, en Bilbao, fue secuestrado por ETA el capit\u00e1n de Farmacia Alberto Mart\u00edn Barrios. El 16 fueron secuestrados en Francia los etarras Lasa y Zabala. Ese d\u00eda nacieron los G.A.L., aunque se atribuyeron la acci\u00f3n en enero de 1994. Sus cuerpos aparecieron en 1995. Como resultado de las investigaciones ordenadas por el juez de turno, fueron encarcelados tres agentes del cuartel de la Guardia Civil de Intxaurrondo, acusados de secuestro, torturas y asesinato. El 18 de ese mismo mes fueron detenidos en Francia un inspector y tres miembros del <em>\u201cGrupo Especial de Operaciones\u201d<\/em>\u00a0(G.E.O.) dependiente de la Polic\u00eda Nacional, que iban a secuestrar al etarra Larretxea Go\u00f1i para lograr liberar a Mart\u00edn Barrios. Barrionuevo reconoci\u00f3 haber ordenado esta operaci\u00f3n. El 19 fue hallado cerca de Bilbao el cad\u00e1ver de Mart\u00edn Barrios con un disparo en la cabeza.<\/span><\/p>\n<p style=\"font-weight: 400; text-align: justify;\"><span style=\"font-size: 14pt;\">El 3 de noviembre, el presidente del gobierno, Felipe Gonz\u00e1lez compareci\u00f3 ante el Congreso para dar por agotadas las medidas pol\u00edticas contra el terrorismo.<\/span><\/p>\n<p style=\"font-weight: 400; text-align: justify;\"><span style=\"font-size: 14pt;\">El 4 de diciembre, tres mercenarios secuestraron por error, en Hendaya, al empresario industrial Segundo Marey, cuando el objetivo de la operaci\u00f3n era capturar al etarra Mikel Lujua. El secuestrado fue conducido a una caba\u00f1a de Cantabria. El d\u00eda 6, los G.A.L. se atribuyeron an\u00f3nimamente el secuestro de Marey en sendos comunicados a medios franceses y la Cruz Roja de San Sebasti\u00e1n, pidiendo a cambio la libertad de los \u00abGEOs\u00bb detenidos en Francia. El d\u00eda 8, el tribunal franc\u00e9s de Pau dej\u00f3 libres a los cuatro polic\u00edas detenidos por intentar secuestrar al etarra Larretxea Go\u00f1i. El d\u00eda 14 fue Liberado en Francia Segundo Marey. Llevaba en el bolsillo un comunicado en el que, por primera vez, se utilizaron las siglas G.A.L. El d\u00eda 28 es herido de gravedad en San Juan de Luz el etarra Mikel Andoni Goikoetxea, alias \u00abTxapela\u00bb. Este atentado tambi\u00e9n fue reivindicado por los G.A.L.<\/span><\/p>\n<p style=\"font-weight: 400; text-align: justify;\"><span style=\"font-size: 14pt;\">Los GAL actuaron principalmente en el Pa\u00eds Vasco del Estado franc\u00e9s, aunque los atentados personales, secuestros, retenci\u00f3n de personas, torturas y delitos econ\u00f3micos, se llevaron tambi\u00e9n a cabo en territorio bajo jurisdicci\u00f3n del Estado espa\u00f1ol. Atentaron contra militantes y simpatizantes de ETA y contra gente no relacionada con el terrorismo. Los GAL estuvieron activos entre 1983 y 1986, periodo en que cometieron 23 atentados mortales. Esta etapa supone una parte del periodo llamado \u00abguerra sucia\u00bb.<\/span><\/p>\n<p style=\"font-weight: 400; text-align: justify;\"><span style=\"font-size: 14pt;\">En 1991 se abri\u00f3 el juicio sobre el GAL que, seg\u00fan la sentencia dictada en septiembre de ese mismo a\u00f1o, termin\u00f3 \u00fanicamente con la condena de los polic\u00edas Jos\u00e9 Amedo y M\u00edchel Dom\u00ednguez, cuya vista oral dej\u00f3 flotando en el medio ambiente pol\u00edtico, judicial y medi\u00e1tico, la identidad de la X como inc\u00f3gnita sobre la cabeza del responsable m\u00e1ximo en el aparato del Estado, que \u2014seg\u00fan el periodista L\u00f3pez Agud\u00edn\u2014 el magistrado Baltasar Garz\u00f3n no ha podido \u201cdescifrar\u201d a trav\u00e9s de una \u201clarga y penosa\u201d instrucci\u00f3n (Ver abajo: \u00ab1991: ESTALLA EL GAL\u00bb).<\/span><\/p>\n<p style=\"font-weight: 400; text-align: justify;\"><span style=\"font-size: 14pt;\">Esa X fue la que Garz\u00f3n despej\u00f3 en el sumario que elev\u00f3 en su momento al Tribunal Supremo pero Gonz\u00e1lez fue intangible y lo sigue siendo, en primer lugar, porque el PSOE compr\u00f3 el silencio de Amedo y Dom\u00ednguez. En efecto, seg\u00fan las declaraciones que Rafael \u00c1lvarez Cascos hizo el 22 de abril de 1998 ante la Comisi\u00f3n del Senado, en su car\u00e1cter de vicepresidente del gobierno de Aznar:<\/span><\/p>\n<p>&nbsp;<\/p>\n<p style=\"font-weight: 400; text-align: center;\"><span style=\"font-size: 14pt; color: #008000;\"><strong>Es un hecho que a Jos\u00e9 Amedo y Michel Dom\u00ednguez los gobiernos del ex presidente Gonz\u00e1lez M\u00e1rquez abonaron mensualmente desde julio de 1988, fecha de ingreso en prisi\u00f3n, hasta mayo de 1994, concesi\u00f3n de tercer grado, cantidades variables entre 450.000 y 600.000 pesetas al mes, que excepcionalmente pod\u00edan llegar a dos millones de pesetas, a trav\u00e9s de Juan de Justo, secretario de Rafael Vera. Entregaron a sus esposas en Suiza un total \u00a0de 200 millones de pesetas en cuatro entregas, a trav\u00e9s de Juan de Justo y otras personas. Prometieron el indulto reiteradamente, a trav\u00e9s de Francisco \u00c1lvarez, de Juli\u00e1n Sancrist\u00f3bal, de Rafael Vera, de Jorge Argote, de Jos\u00e9 Luis Corcuera, de Antonio Asunci\u00f3n, que les present\u00f3, pizarra incluida, el plan completo de beneficios penitenciarios, de Eligio Hern\u00e1ndez y de Narc\u00eds Serra al abogado Gonzalo Casado en este \u00faltimo caso. Todo ello siempre a cambio de su silencio y de que ni siquiera recurrieran en amparo la sentencia que les conden\u00f3 ante el Tribunal Constitucional. <\/strong><\/span><\/p>\n<p style=\"font-weight: 400; text-align: center;\"><span style=\"font-size: 14pt; color: #008000;\">(Rafael \u00c1lvarez Cascos Fern\u00e1ndez. Op. Cit. Cfr.:<a style=\"color: #008000;\" href=\"http:\/\/www.senado.es\/boletines\/CO0434.html\" target=\"_blank\" rel=\"noopener\">http:\/\/www.senado.es\/boletines\/CO0434.html<\/a>\u00a0)<\/span><\/p>\n<p>&nbsp;<\/p>\n<p style=\"font-weight: 400; text-align: justify;\"><span style=\"font-size: 14pt;\">En segundo lugar, porque Felipe Gonz\u00e1lez M\u00e1rquez dispone de suficiente informaci\u00f3n como para poner patas arriba la Monarqu\u00eda parlamentaria, y porque es una reserva de poder \u201cdemocr\u00e1tico\u201d que la burgues\u00eda no puede ni quiere desperdiciar.<\/span><\/p>\n<p style=\"text-align: right;\"><span style=\"color: #008000; font-size: 14pt;\">https:\/\/www.nodo50.org\/gpm\/23f\/12.htm<\/span><\/p>\n<p>&nbsp;<\/p>\n<hr \/>\n<p style=\"text-align: justify; padding-left: 40px;\"><span style=\"font-size: 14pt;\"><strong>NOTAS<\/strong>:\u00a0<\/span><\/p>\n<p style=\"text-align: justify; padding-left: 40px;\"><span style=\"font-size: 14pt;\">[1] Si el Estado espa\u00f1ol a cargo del gobierno del PSOE\u00a0 pudo sacar todos los r\u00e9ditos posibles de esta pol\u00edtica informativa, fue gracias a la ingenua torpeza de ETA, entre otros episodios durante el atentado al \u201cHipercor\u201d\u00a0 de Barcelona el 19 de junio de 1987, cuando el gobierno desatendi\u00f3 el aviso de la colocaci\u00f3n del explosivo que el comando etarra hab\u00eda trasmitido a los medios con suficiente antelaci\u00f3n y no fue publicado. Resultado: el 26 de junio, 700.000 personas se pronunciaron en las calles de Barcelona contra el terrorismo nacionalista vasco ante la masacre\u00a0 provocada por la detonaci\u00f3n. No son pocos los analistas inclinados a pensar que aqu\u00e9l hecho marc\u00f3 el punto de inflexi\u00f3n hacia el entierro pol\u00edtico de la idea de ETA vinculada a la lucha contra la opresi\u00f3n nacional en la conciencia popular fuera de Euskadi. Pero tambi\u00e9n fue la se\u00f1al hacia el cambio cualitativo de los objetivos militares de ETA, que acab\u00f3 extendiendo sus ataques hacia los dirigentes del aparato pol\u00edtico del Estado \u2014especialmente a los representantes del Partido Popular y del PSOE \u2014 t\u00e1ctica que empez\u00f3 a implementar desde el atentado en 1995 contra Gregorio Ord\u00f3\u00f1ez,\u00a0 presidente del PP en Guip\u00fazcoa y concejal en el Ayuntamiento de San Sebasti\u00e1n.<\/span><\/p>\n<p style=\"text-align: justify; padding-left: 40px;\"><span style=\"font-size: 14pt;\">[2] En esta etapa del proceso, los que murieron a manos de estros grupos paraestatales nada tuvieron que ver con ETA ni con su entorno. Por ejemplo, en 1979, una bomba colocada en el bar Aldana de Baracaldo mat\u00f3 a cuatro clientes. Este atentado fue reivindicado por los GAE.<\/span><\/p>\n<p style=\"text-align: justify; padding-left: 40px;\"><span style=\"font-size: 14pt;\">A partir de 1980, el BVE (Batall\u00f3n Vasco-Espa\u00f1ol) fue el que reivindicaba los atentados. En Hendaya, el BVE ametrall\u00f3 a los clientes de un bar frecuentado por vascos, asesinando impunemente a dos s\u00fabditos franceses (hubo tambi\u00e9n nueve heridos).\u00a0<\/span><\/p>\n<p style=\"text-align: justify; padding-left: 40px;\"><span style=\"font-size: 14pt;\">En aquella \u00e9poca, Mart\u00edn Villa era el Ministro del Interior, quien ha estado tambi\u00e9n ocupando un puesto en la direcci\u00f3n del Partido Popular (PP) de Aznar.<\/span><\/p>\n<p style=\"padding-left: 40px;\">\u00a0<\/p>\n<hr \/>\n<p>&nbsp;<\/p>\n<p><img loading=\"lazy\" decoding=\"async\" class=\"aligncenter size-full wp-image-24055\" src=\"https:\/\/puntocritico.com\/ausajpuntocritico\/wp-content\/uploads\/2019\/11\/PSOE-DE-LOS-GAL-ok.jpg\" alt=\"\" width=\"720\" height=\"509\" data-id=\"24055\" srcset=\"https:\/\/puntocritico.com\/ausajpuntocritico\/wp-content\/uploads\/2019\/11\/PSOE-DE-LOS-GAL-ok.jpg 720w, https:\/\/puntocritico.com\/ausajpuntocritico\/wp-content\/uploads\/2019\/11\/PSOE-DE-LOS-GAL-ok-300x212.jpg 300w\" sizes=\"auto, (max-width: 720px) 100vw, 720px\" \/><\/p>\n<p>&nbsp;<\/p>\n<p style=\"text-align: center;\"><span style=\"color: #008000;\"><strong><span style=\"font-size: 18pt;\">*****<\/span><\/strong><\/span><\/p>\n<p>&nbsp;<\/p>\n<p style=\"text-align: center;\"><span style=\"font-size: 24pt;\"><strong>1991: ESTALLA EL GAL<\/strong><\/span><\/p>\n<p style=\"text-align: center;\"><em><span style=\"font-size: 18pt;\"><strong>El GAL, Filesa y una guerra interna en el PSOE<\/strong><\/span><\/em><\/p>\n<p style=\"text-align: justify;\"><span style=\"font-size: 14pt;\">Por Fernando L\u00f3pez Agud\u00edn<\/span><\/p>\n<p><a href=\"https:\/\/www.elmundo.es\/nacional\/constitucion\/1991\/historia.html\" target=\"_blank\" rel=\"noopener\">El Mundo<\/a><\/p>\n<p>&nbsp;<\/p>\n<p><img loading=\"lazy\" decoding=\"async\" class=\"aligncenter wp-image-24051 size-mh-magazine-content\" src=\"https:\/\/puntocritico.com\/ausajpuntocritico\/wp-content\/uploads\/2019\/11\/Plan-ZEN-El-mundo-678x381.jpg\" alt=\"\" width=\"678\" height=\"381\" data-id=\"24051\" \/><\/p>\n<p>&nbsp;<\/p>\n<p style=\"text-align: justify;\"><span style=\"font-size: 14pt;\">El asunto Juan Guerra, que ha sido la sombra constante del Gobierno socialista a lo largo del a\u00f1o anterior, inicia pol\u00edticamente 1991 al anunciarse la dimisi\u00f3n de Alfonso Guerra como vicepresidente del Gobierno en los primeros d\u00edas de enero. Los denominados renovadores del socialismo, que aglutinados en torno a Carlos Solchaga lo han instrumentalizado internamente contra los llamados guerristas, consiguen una doble victoria pol\u00edtica al lograr el nombramiento de Narc\u00eds Serra como sustituto del dirigente dimitido. Con ello pretenden quedar al margen de las crecientes sospechas de corrupci\u00f3n y cargarlas exclusivamente sobre las espaldas del guerrismo. En la hora de su triunfo acu\u00f1an despectivamente el t\u00e9rmino \u00abSocialismo de Puerto Hurraco\u00bb para calificar las posiciones del vicesecretario general del Partido Socialista. Algo clave se ha roto en el n\u00facleo dirigente del grupo que retom\u00f3 las arrinconadas siglas del PSOE, durante la transici\u00f3n, y las condujo y mantuvo en el palacio de la Moncloa mediante una triple y consecutiva mayor\u00eda absoluta. El t\u00e1ndem Gonz\u00e1lez-Guerra, art\u00edfice de este proceso, termina justo en el a\u00f1o que va a marcar el punto de declive del socialismo en medio de graves esc\u00e1ndalos pol\u00edtico-econ\u00f3micos y enormes convulsiones pol\u00edticas. Pronto se ver\u00e1 que quienes en nombre de la \u00e9tica hab\u00edan conseguido la licencia de Alfonso Guerra ten\u00edan el tejado de vidrio y que el caso Juan Guerra, convertido por sus compa\u00f1eros en chivo expiatorio, s\u00f3lo era el primer caso en un sentido estrictamente cronol\u00f3gico.<\/span><\/p>\n<p style=\"text-align: justify;\"><span style=\"font-size: 14pt;\">Pese a que la celebraci\u00f3n del juicio sobre el GAL termina \u00fanicamente con la condena de los polic\u00edas Jos\u00e9 Amedo y M\u00edchel Dom\u00ednguez, seg\u00fan la sentencia dictada en septiembre de 1991, la vista oral ha sido realmente bochornosa y queda flotando en el medio ambiente pol\u00edtico, judicial y medi\u00e1tico la identidad de la X que el magistrado Garz\u00f3n no ha podido descifrar a trav\u00e9s de una larga y penosa instrucci\u00f3n. Por mucho que el Juzgado Central de Instrucci\u00f3n n\u00famero 5 de la Audiencia Nacional ampliara las investigaciones judiciales a las instituciones del Estado, en un auto fechado en la primavera de 1988, los tres a\u00f1os transcurridos desde entonces no han sido m\u00e1s que un pat\u00e9tico escenario por el que han desfilado altos cargos de Interior y mandos policiales ciegos, sordos y mudos ante los m\u00faltiples datos que algunos periodistas y jueces expon\u00edan clara y abiertamente. Al asumir Amedo y Dom\u00ednguez ser la cabeza de turco de este rompecabezas terrorista se completa el cortocircuitaje de la investigaci\u00f3n judicial. Su silencio vale oro y, por lo tanto, evidencia que han sido condenados los que estaban pero ni siquiera han sido procesados los que m\u00e1s estaban. El Ejecutivo no se ha dejado investigar, con gestos y hechos que parecen confirmar su responsabilidad, y el Poder Judicial se ha visto obligado a sentenciar a quien pod\u00eda sentenciar. El coste social y electoral para el Gobierno Gonz\u00e1lez es elevado, aunque se espera superarlo con la ayuda de los atentados de ETA. De cualquier modo, la principal interrogante tras la sentencia radica en saber si los cabezas de turco dejar\u00e1n de serlo o no en el futuro.<\/span><\/p>\n<p style=\"text-align: justify;\"><span style=\"font-size: 14pt;\">Los problemas, sin embargo, se amontonan como los racimos de las uvas. A finales de mayo de 1991 revienta el esc\u00e1ndalo Filesa. Los principales bancos y empresas del pa\u00eds hab\u00edan pagado cientos de millones de pesetas a dos peque\u00f1as empresas de Barcelona, propiedad de destacados dirigentes socialistas, a cuenta de una serie de estudios de consultor\u00eda de diversa \u00edndole que jam\u00e1s se llegaron a realizar. El Partido Socialista hab\u00eda montado una extensa red de recaudaci\u00f3n de comisiones, liderada por Filesa y Time Export, que trasvasaba a Ferraz. Con tan solo media docena de personas en plantilla, estas dos sociedades fueron capaces de asesorar al BBV sobre containers, al Banco Central sobre fusiones bancarias o a la constructora de las hermanas Koplowitz sobre c\u00f3mo implantarse en Gran Breta\u00f1a. Cantidades utilizadas para sufragar los gastos de las elecciones generales de octubre de 1989. Entre los receptores aparec\u00edan una importante imprenta, Hauser y Menet, una de las agencias de publicidad que contrataba en nombre del partido, El Viso Publicidad, y la empresa de v\u00eddeos Mabuse. El cerebro gris de este aut\u00e9ntico impuesto del aparato a los grandes c\u00edrculos econ\u00f3micos es el responsable de finanzas del grupo parlamentario socialista, Carlos Navarro. Una peque\u00f1a nota del Partido Socialista, posterior a esta noticia, reflejaba el desconcierto de Ferraz: \u00abAl no existir ninguna relaci\u00f3n entre las actividades del partido y la informaci\u00f3n rese\u00f1ada, se ha remitido el contenido de la misma a los asesores jur\u00eddicos para las actuaciones que de su estudio puedan derivarse\u00bb. Poco despu\u00e9s, Carlos Navarro dimit\u00eda como tesorero del grupo parlamentario y Guillermo Galeote era separado de la secretar\u00eda de Finanzas del Partido Socialista.<\/span><\/p>\n<p style=\"text-align: justify;\"><span style=\"font-size: 14pt;\">Como ya ocurriera en el caso Juan Guerra, Filesa es cargada, r\u00e1pidamente, en las cuentas corrientes del guerrismo por parte de los que ya eran calificados como renovadores de la nada. Para Carlos Solchaga y el clan de Chamart\u00edn, entre los que sobresale Joaqu\u00edn Almunia, el impuesto del aparato es la herencia dejada por los que llevan mandando muchos a\u00f1os en el partido. Alfonso Guerra, como vicesecretario general, empieza a ser se\u00f1alado como el verdadero responsable de una acci\u00f3n bochornosa e incalificable que presentan como el suma y sigue de los precedentes casos Selberg, Flick, la salida de Alonso Puerta como consecuencia de su denuncia sobre la corrupci\u00f3n en el Ayuntamiento de Madrid o la dimisi\u00f3n de Hern\u00e1ndez Ros de la presidencia del Gobierno de la comunidad de Murcia.<\/span><\/p>\n<p style=\"text-align: justify;\"><span style=\"font-size: 14pt;\">La \u00e1cida pugna que mantienen los dos sectores, concretada sobre todo en la pol\u00edtica econ\u00f3mica desarrollada sucesivamente por Miguel Boyer y Carlos Solchaga, se dobla con una aguda controversia de la moralidad de los acusados por el asunto Filesa y la ideolog\u00eda socialista de los acusadores. Pronto, sin embargo, la cuestionabilidad \u00e9tica va a alcanzar a todos. La c\u00e9lebre afirmaci\u00f3n de Carlos Solchaga de que \u00abEspa\u00f1a es un buen pa\u00eds para hacer dinero, si lo tuviera invertir\u00eda en Bolsa\u00bb, formulada en 1985, ha sido interpretada en su sentido estricto por los amigos y conocidos del ministro de Econom\u00eda. El final de 1991 va a dar paso a los esc\u00e1ndalos protagonizados por los renovadores que hasta entonces hab\u00edan hecho de la bandera contra la corrupci\u00f3n la principal arma pol\u00edtica contra el guerrismo.<\/span><\/p>\n<p style=\"text-align: justify;\"><span style=\"font-size: 14pt;\">Es ya una escalada interminable la que golpea al socialismo. Uno tras otro, tres amigos de Carlos Solchaga, son procesados por corrupci\u00f3n. Mariano Rubio, gobernador del Banco de Espa\u00f1a, y Gabriel Urralburu con Javier Otano, dos sucesivos presidentes del gobierno auton\u00f3mico de Navarra, son investigados y procesados por su participaci\u00f3n en tr\u00e1fico de influencia, comisiones ilegales y cuentas secretas en Suiza. El sucesor de Alfonso Guerra en la vicepresidencia del Gobierno, Narc\u00eds Serra, se ve envuelto en el esc\u00e1ndalo de las escuchas ilegales y se ve obligado igualmente a presentar su dimisi\u00f3n. Juli\u00e1n Garc\u00eda Valverde, implicado en el caso Renfe, tiene que abandonar el ministerio de Sanidad. La \u00fanica diferencia, con los casos cargados sobre los guerristas, es la solidaridad inicial de Gonz\u00e1lez y Solchaga con los denunciados hasta que el peso abrumador de las pruebas aportadas les obliga a cambiar de actitud. Este rosario sistem\u00e1tico de esc\u00e1ndalos viene a reflejar que en el aluvi\u00f3n de cuadros desembarcados en el Partido Socialista, tras su marcha triunfal en 1982, nadie se ha preocupado por filtrarlos y que, por lo tanto, quienes ingresaron por inter\u00e9s no hab\u00edan encontrado ning\u00fan obst\u00e1culo para utilizar el Partido Socialista como medio de promoci\u00f3n social, de mejora de sus beneficios econ\u00f3micos y de acceso a las instituciones de poder. Era la consecuencia de un proceso ya se\u00f1alado por Gonz\u00e1lez en el XXVIII Congreso celebrado en 1979 al recordar que \u00abhab\u00eda m\u00e1s cargos p\u00fablicos ocupados por miembros del PSOE que militantes registrados en diciembre de 1976\u00bb.<\/span><\/p>\n<p style=\"text-align: justify;\"><span style=\"font-size: 14pt;\">De todo este polvo de 1991, el lodo de la derrota electoral de Gonz\u00e1lez en 1996. Cinco penosos a\u00f1os luchando contra la evidencia de los esc\u00e1ndalos, tratando de remontar su repercusi\u00f3n social, terminaron en un abandono del palacio de la Moncloa, el retorno a una oposici\u00f3n tan gris como mortecina y en el estallido de una grave crisis interna a\u00fan no resuelta por la pareja infeliz que conforman Almunia y Borrell. En medio, la evoluci\u00f3n judicial de los procesos abiertos o inconclusos junto con la reapertura de los que hab\u00edan quedado mal cerrados por ausencia de pruebas. Dos, sobre todo, determinaron la agon\u00eda de los gobiernos socialistas. El desarrollo de la investigaci\u00f3n judicial sobre Filesa, realizada a duras penas por el juez Marino Barbero, termin\u00f3 con una condena de la Sala Segunda del Tribunal Supremo en 1997. Antes, hab\u00eda exacerbado hasta tal punto la lucha interna entre guerristas y renovadores, que oblig\u00f3 a Gonz\u00e1lez a convocar elecciones generales anticipadas en junio de 1993 tras la semana de pasi\u00f3n que vivi\u00f3, tanto cronol\u00f3gica como pol\u00edticamente, la direcci\u00f3n socialista en abril del mismo a\u00f1o al perder el secretario general su primera votaci\u00f3n en la ejecutiva del PSOE.<\/span><\/p>\n<p style=\"text-align: justify;\"><span style=\"font-size: 14pt;\">La s\u00fabita recuperaci\u00f3n de la memoria de Amedo y Dom\u00ednguez reabri\u00f3 el caso GAL y marc\u00f3, junto con la reciente condena de Barrionuevo y Vera, el punto final de la larga experiencia socialista envuelta en crecientes revelaciones sobre episodios de la guerra sucia y el uso incontrolado de los fondos reservados. Lo que llev\u00f3 a una nueva anticipaci\u00f3n de las urnas legislativas.<\/span><\/p>\n<p style=\"text-align: justify;\"><span style=\"font-size: 14pt;\">El lastre de estas historias de 1991 a\u00fan se deja sentir sobre el presente y el porvenir del Partido Socialista. La impotencia de sus dirigentes para desmarcarse de los condenados y procesados, conduce a la pr\u00e1ctica inexistencia de una oposici\u00f3n real al Gobierno de Aznar. M\u00e1s a\u00fan. Anula incluso posibilidades abiertas, como la ya agotada de las elecciones primarias. Mientras no se cierre este cap\u00edtulo, que ha centrado la vida del Partido Socialista a lo largo de la d\u00e9cada de los noventa, no parece posible que sea capaz de construir una alternativa de izquierda al gobierno de centro derecha. S\u00edntoma claro de esta crisis es que sus tres principales dirigentes actuales se encuentran cogidos, por distintas razones, por sus consecuencias pol\u00edticas, sociales, judiciales y penales sin que ninguno de ellos pueda, por variados motivos, liberarse de sus ataduras.Todos, est\u00e1n atados y bien atados.<\/span><\/p>\n<p style=\"text-align: center;\"><span style=\"color: #008000;\"><strong><span style=\"font-size: 18pt;\">*****<\/span><\/strong><\/span><\/p>\n<p>&nbsp;<\/p>\n<p><img loading=\"lazy\" decoding=\"async\" class=\"aligncenter wp-image-24044\" src=\"https:\/\/puntocritico.com\/ausajpuntocritico\/wp-content\/uploads\/2019\/11\/PSOE-GAL-OK.jpg\" alt=\"\" width=\"366\" height=\"538\" data-id=\"24044\" \/><\/p>\n<p>&nbsp;<\/p>\n<p style=\"text-align: center;\"><span style=\"color: #008000;\"><strong><span style=\"font-size: 18pt;\">*****<\/span><\/strong><\/span><\/p>\n<p style=\"text-align: center;\">\u00a0<\/p>\n<h1 id=\"firstHeading\" class=\"firstHeading\" lang=\"es\" style=\"text-align: center;\">Zona Especial Norte<\/h1>\n<div id=\"bodyContent\" class=\"mw-body-content\">\n<div id=\"contentSub\">\u00a0<\/div>\n<\/div>\n<div style=\"text-align: justify;\"><img loading=\"lazy\" decoding=\"async\" class=\"aligncenter wp-image-24080\" src=\"https:\/\/puntocritico.com\/ausajpuntocritico\/wp-content\/uploads\/2019\/11\/Plan-Zen-5-OK.jpg\" alt=\"\" width=\"448\" height=\"292\" data-id=\"24080\" \/><\/div>\n<div id=\"bodyContent\" class=\"mw-body-content\">\n<div id=\"mw-content-text\" class=\"mw-content-ltr\" dir=\"ltr\" lang=\"es\">\n<div class=\"mw-parser-output\">\n<p style=\"text-align: justify;\">\u00a0<\/p>\n<p style=\"text-align: justify;\"><span style=\"font-size: 14pt;\"><b>Zona Especial Norte<\/b>\u00a0o\u00a0<b>Plan ZEN<\/b>\u00a0fue un plan dise\u00f1ado por el\u00a0Ministerio del Interior\u00a0de\u00a0Espa\u00f1a, entonces dirigido por\u00a0Jos\u00e9 Barrionuevo\u00a0del\u00a0Partido Socialista Obrero Espa\u00f1ol, que fue dado a conocer en febrero de\u00a01983, con el objetivo de enfrentarse a la violencia de\u00a0ETA\u00a0y frenar la situaci\u00f3n insurreccional y de fuerte conflictividad social que a principios de la d\u00e9cada de 1980 se viv\u00eda en el\u00a0Pa\u00eds Vasco\u00a0y en\u00a0Navarra.<\/span><\/p>\n<p style=\"text-align: justify;\"><span style=\"font-size: 14pt;\">Consta de 11 cap\u00edtulos y un pre\u00e1mbulo. Dicho <strong>pre\u00e1mbulo<\/strong> dice:<\/span><\/p>\n<p>&nbsp;<\/p>\n<div class=\"flex\">\n<blockquote>\n<div class=\"quote\" style=\"text-align: center;\"><strong><span style=\"font-size: 14pt; color: #008000;\">Este Plan, integrado dentro de otro m\u00e1s general en el que se atienda a nivel nacional la problem\u00e1tica que en todo Estado plantea la seguridad ciudadana, trata de enfrentarse con la realidad y peculiaridades del Pa\u00eds Vasco y Navarra. Sus l\u00edneas generales ofrecen una estructura con la que se pretende alcanzar ahora unos objetivos, definidos en este momento, pero lo suficientemente amplios y flexibles como para que puedan adaptarse a medida que las circunstancias lo vayan exigiendo o la situaci\u00f3n lo requiera.\u00a0<\/span><\/strong><\/div>\n<\/blockquote>\n<div>\u00a0<\/div>\n<div>\u00a0<\/div>\n<div class=\"quote\"><span style=\"font-size: 14pt;\">Los objetivos \u00faltimos del Plan son los siguientes:<\/span><\/div>\n<div class=\"quote\">\n<ul>\n<li><span style=\"font-size: 14pt;\">Potenciaci\u00f3n de la lucha contraterrorista en todos los campos: pol\u00edtico, social, legal y policial.<\/span><\/li>\n<li><span style=\"font-size: 14pt;\">Alcanzar la m\u00e1xima coordinaci\u00f3n entre las Fuerzas y Cuerpos de Seguridad del Estado y con otras Instituciones empe\u00f1adas en la erradicaci\u00f3n de la violencia.<\/span><\/li>\n<li><span style=\"font-size: 14pt;\">Compatibilizar las misiones generales de los Cuerpos de la Seguridad del Estado en la Zona Especial con las espec\u00edficas que precisa para hacer frente a la problem\u00e1tica planteada.<\/span><\/li>\n<li><span style=\"font-size: 14pt;\">Conseguir la permanencia en la Zona Especial del personal de los Cuerpos de Seguridad del Estado y darle la adecuada formaci\u00f3n para que cumplan su misi\u00f3n con eficacia, proporcion\u00e1ndole los medios materiales y t\u00e9cnicos para tal fin.<\/span><\/li>\n<li><span style=\"font-size: 14pt;\">Realizar acciones encaminadas a concienciar a la poblaci\u00f3n vasca de que la desarticulaci\u00f3n del aparato terrorista conlleva una mayor seguridad p\u00fablica y una mejor defensa de las tradiciones vascas.<\/span><\/li>\n<\/ul>\n<\/div>\n<\/div>\n<div class=\"cite\" style=\"text-align: right;\"><em><span style=\"font-size: 14pt;\">* Pre\u00e1mbulo del plan ZEN, recogido en la <a title=\"Enciclopedia Au\u00f1amendi\" href=\"https:\/\/es.wikipedia.org\/wiki\/Enciclopedia_Au%C3%B1amendi\" target=\"_blank\" rel=\"noopener\">Enciclopedia Au\u00f1amendi<\/a>.<\/span><\/em><\/div>\n<p>&nbsp;<\/p>\n<p style=\"text-align: justify;\"><span style=\"font-size: 14pt;\">Contra este plan, y la posterior Ley antiterrorista de 1984, recurrieron los parlamentos auton\u00f3micos vasco y catal\u00e1n en 1987, por lo que una parte fue declarada inconstitucional por el Tribunal Constitucional.<\/span><\/p>\n<p style=\"text-align: justify;\"><span style=\"font-size: 14pt;\">Inspirado por dicho plan, los grupos punk\u00a0Eskorbuto\u00a0y\u00a0RIP\u00a0lanzaron en 1984 un <a href=\"https:\/\/www.youtube.com\/watch?v=ARyhi8nnnO0\" target=\"_blank\" rel=\"noopener\">LP compartido titulado\u00a0<i>Zona Especial Norte<\/i><\/a>.<\/span><\/p>\n<\/div>\n<p style=\"text-align: right;\"><span style=\"font-size: 14pt;\"><a href=\"https:\/\/es.wikipedia.org\/wiki\/Zona_Especial_Norte\" target=\"_blank\" rel=\"noopener\">Wikipedia<\/a><\/span><\/p>\n<\/div>\n<\/div>\n<p>&nbsp;<\/p>\n<p><img loading=\"lazy\" decoding=\"async\" class=\"aligncenter wp-image-24053\" src=\"https:\/\/puntocritico.com\/ausajpuntocritico\/wp-content\/uploads\/2019\/11\/Felipe-de-los-GAL-OK.jpg\" alt=\"\" width=\"366\" height=\"435\" data-id=\"24053\" \/><\/p>\n<p>&nbsp;<\/p>\n<p><img loading=\"lazy\" decoding=\"async\" class=\"aligncenter wp-image-9528\" src=\"https:\/\/puntocritico.com\/ausajpuntocritico\/wp-content\/uploads\/2018\/03\/Mosca_Punto_Cr\u00edtico_40.png\" alt=\"\" width=\"88\" height=\"88\" data-id=\"9528\" \/><\/p>\n<p>&nbsp;<\/p>\n<p>&nbsp;<\/p>\n<p>&nbsp;<\/p>\n","protected":false},"excerpt":{"rendered":"<div class=\"mh-excerpt\"><p>El otro lado del terror y una sugerencia de voto Jes\u00fas Prieto C\u00e1diz Rebelde El Plan ZEN ZEN son las iniciales de Zona Especial Norte, una regi\u00f3n represiva dise\u00f1ada y definida por el ministerio del <a class=\"mh-excerpt-more\" href=\"https:\/\/puntocritico.com\/ausajpuntocritico\/2021\/06\/28\/el-psoe-y-el-terrorismo-de-estado-el-plan-zen-zona-especial-norte-y-su-confluencia-con-el-gal\/\" title=\"EL PSOE Y EL TERRORISMO DE ESTADO: EL PLAN \u00abZEN\u00bb (Zona Especial Norte) y su \u00abconfluencia\u00bb con el GAL\">[&#8230;]<\/a><\/p>\n<\/div>","protected":false},"author":3,"featured_media":24172,"comment_status":"open","ping_status":"closed","sticky":false,"template":"","format":"standard","meta":{"_acf_changed":false,"_exactmetrics_skip_tracking":false,"_exactmetrics_sitenote_active":false,"_exactmetrics_sitenote_note":"","_exactmetrics_sitenote_category":0,"footnotes":""},"categories":[7,12],"tags":[40],"class_list":{"0":"post-2219649","1":"post","2":"type-post","3":"status-publish","4":"format-standard","5":"has-post-thumbnail","7":"category-politica","8":"category-corrupcion","9":"tag-regimen-del-78"},"acf":[],"_links":{"self":[{"href":"https:\/\/puntocritico.com\/ausajpuntocritico\/wp-json\/wp\/v2\/posts\/2219649","targetHints":{"allow":["GET"]}}],"collection":[{"href":"https:\/\/puntocritico.com\/ausajpuntocritico\/wp-json\/wp\/v2\/posts"}],"about":[{"href":"https:\/\/puntocritico.com\/ausajpuntocritico\/wp-json\/wp\/v2\/types\/post"}],"author":[{"embeddable":true,"href":"https:\/\/puntocritico.com\/ausajpuntocritico\/wp-json\/wp\/v2\/users\/3"}],"replies":[{"embeddable":true,"href":"https:\/\/puntocritico.com\/ausajpuntocritico\/wp-json\/wp\/v2\/comments?post=2219649"}],"version-history":[{"count":0,"href":"https:\/\/puntocritico.com\/ausajpuntocritico\/wp-json\/wp\/v2\/posts\/2219649\/revisions"}],"wp:featuredmedia":[{"embeddable":true,"href":"https:\/\/puntocritico.com\/ausajpuntocritico\/wp-json\/wp\/v2\/media\/24172"}],"wp:attachment":[{"href":"https:\/\/puntocritico.com\/ausajpuntocritico\/wp-json\/wp\/v2\/media?parent=2219649"}],"wp:term":[{"taxonomy":"category","embeddable":true,"href":"https:\/\/puntocritico.com\/ausajpuntocritico\/wp-json\/wp\/v2\/categories?post=2219649"},{"taxonomy":"post_tag","embeddable":true,"href":"https:\/\/puntocritico.com\/ausajpuntocritico\/wp-json\/wp\/v2\/tags?post=2219649"}],"curies":[{"name":"wp","href":"https:\/\/api.w.org\/{rel}","templated":true}]}}