{"id":2212745,"date":"2021-07-11T00:05:30","date_gmt":"2021-07-10T23:05:30","guid":{"rendered":"https:\/\/puntocritico.com\/ausajpuntocritico\/?p=2212745"},"modified":"2021-07-10T22:49:32","modified_gmt":"2021-07-10T20:49:32","slug":"historia-de-las-persecuciones-politicas-y-religiosas-en-europa-capitulos-xi-xii-y-xiii-luis-viii-y-la-cruzada-contra-los-albigenses-en-1224-santo-domingo-de-guzman-y-el-imperio-de-la-inquisicion-e","status":"publish","type":"post","link":"https:\/\/puntocritico.com\/ausajpuntocritico\/2021\/07\/11\/historia-de-las-persecuciones-politicas-y-religiosas-en-europa-capitulos-xi-xii-y-xiii-luis-viii-y-la-cruzada-contra-los-albigenses-en-1224-santo-domingo-de-guzman-y-el-imperio-de-la-inquisicion-e\/","title":{"rendered":"HISTORIA DE LAS PERSECUCIONES POL\u00cdTICAS Y RELIGIOSAS EN EUROPA. CAP\u00cdTULOS XI, XII y XIII: Luis VIII y la cruzada contra los albigenses en 1224. Santo Domingo de Guzm\u00e1n y el Imperio de la Inquisici\u00f3n."},"content":{"rendered":"<p><a href=\"https:\/\/puntocritico.com\/ausajpuntocritico\/2021\/05\/15\/indice-historia-de-las-persecuciones-politicas-y-religiosas-en-europa\/\" target=\"_blank\" rel=\"noopener\">\u00cdNDICE: HISTORIA DE LAS PERSECUCIONES POL\u00cdTICAS Y RELIGIOSAS EN EUROPA<\/a><\/p>\n<p style=\"text-align: center;\"><strong><span style=\"font-size: 24pt; color: #99cc00;\">***<\/span><\/strong><\/p>\n<p style=\"text-align: center;\"><strong><span style=\"font-size: 24pt;\">CAP\u00cdTULO XI<\/span><\/strong><\/p>\n<p>&nbsp;<\/p>\n<figure id=\"attachment_2219777\" aria-describedby=\"caption-attachment-2219777\" style=\"width: 480px\" class=\"wp-caption aligncenter\"><img loading=\"lazy\" decoding=\"async\" class=\"wp-image-2219777\" src=\"https:\/\/puntocritico.com\/ausajpuntocritico\/wp-content\/uploads\/2021\/07\/35332375-deux-hommes-attaches-a-un-pieu-par-des-sauvages-a-etre-brules-sur-le-bucher.jpg\" alt=\"\" width=\"480\" height=\"661\" data-id=\"2219777\" srcset=\"https:\/\/puntocritico.com\/ausajpuntocritico\/wp-content\/uploads\/2021\/07\/35332375-deux-hommes-attaches-a-un-pieu-par-des-sauvages-a-etre-brules-sur-le-bucher.jpg 944w, https:\/\/puntocritico.com\/ausajpuntocritico\/wp-content\/uploads\/2021\/07\/35332375-deux-hommes-attaches-a-un-pieu-par-des-sauvages-a-etre-brules-sur-le-bucher-218x300.jpg 218w, https:\/\/puntocritico.com\/ausajpuntocritico\/wp-content\/uploads\/2021\/07\/35332375-deux-hommes-attaches-a-un-pieu-par-des-sauvages-a-etre-brules-sur-le-bucher-744x1024.jpg 744w, https:\/\/puntocritico.com\/ausajpuntocritico\/wp-content\/uploads\/2021\/07\/35332375-deux-hommes-attaches-a-un-pieu-par-des-sauvages-a-etre-brules-sur-le-bucher-768x1058.jpg 768w, https:\/\/puntocritico.com\/ausajpuntocritico\/wp-content\/uploads\/2021\/07\/35332375-deux-hommes-attaches-a-un-pieu-par-des-sauvages-a-etre-brules-sur-le-bucher-610x840.jpg 610w\" sizes=\"auto, (max-width: 480px) 100vw, 480px\" \/><figcaption id=\"caption-attachment-2219777\" class=\"wp-caption-text\"><span style=\"color: #008000;\">Inquisici\u00f3n<\/span><\/figcaption><\/figure>\n<p>&nbsp;<\/p>\n<blockquote>\n<p style=\"text-align: center;\"><strong><span style=\"font-size: 14pt;\">Sumario<\/span><\/strong><\/p>\n<p style=\"text-align: center;\"><em><span style=\"font-size: 14pt;\">Instigado por el Papa, emprende Luis VIII la cruzada contra los albigenses en 1224.- Levantamiento del sitio de Carcasona por Amauri.- Los aventureros abandona a Amauri, que capitula con Carcasona- Fin de la dominaci\u00f3n de los Montforts.- Cesi\u00f3n de sus derechos al rey de Francia.- Convenios entre el Rey y el Papa.- Sumisi\u00f3n de Raimundo VII.- Desacuerdo entre Luis y el sumo Pont\u00edfice.- P\u00f3nense al fin de acuerdo.- Concilio de Bourges.- Sumisi\u00f3n del conde Raimundo ante el Concilio.- Su condenaci\u00f3n.- Su marcha.- Su excomuni\u00f3n .-Predicaci\u00f3n y cruzada.- Abandono de Raimundo por todos sus parientes y aliados.- Sitio de Avi\u00f1\u00f3n.- Heroica defensa.- Perdidas de los cruzados.- Capitulaci\u00f3n.- Crueldad de los vencedores.- Muerte del rey de Francia.<\/span><\/em><\/p>\n<\/blockquote>\n<p>&nbsp;<\/p>\n<p><img loading=\"lazy\" decoding=\"async\" class=\"aligncenter size-full wp-image-2219775\" src=\"https:\/\/puntocritico.com\/ausajpuntocritico\/wp-content\/uploads\/2021\/07\/Beziers_1209.jpg\" alt=\"\" width=\"800\" height=\"458\" data-id=\"2219775\" srcset=\"https:\/\/puntocritico.com\/ausajpuntocritico\/wp-content\/uploads\/2021\/07\/Beziers_1209.jpg 800w, https:\/\/puntocritico.com\/ausajpuntocritico\/wp-content\/uploads\/2021\/07\/Beziers_1209-300x172.jpg 300w, https:\/\/puntocritico.com\/ausajpuntocritico\/wp-content\/uploads\/2021\/07\/Beziers_1209-768x440.jpg 768w, https:\/\/puntocritico.com\/ausajpuntocritico\/wp-content\/uploads\/2021\/07\/Beziers_1209-610x349.jpg 610w\" sizes=\"auto, (max-width: 800px) 100vw, 800px\" \/><\/p>\n<p>&nbsp;<\/p>\n<p style=\"text-align: center;\"><span style=\"font-size: 18pt;\"><strong>I<\/strong><\/span><\/p>\n<p style=\"text-align: justify;\"><span style=\"font-size: 14pt;\">Apenas <strong>Luis VIII<\/strong> se hab\u00eda sentado en el trono de su padre, cuando se vio exhortado por el <strong>Papa<\/strong> \u00ab<em>para ofrecer a <strong>Dios<\/strong> las primicias de su reinado<\/em>\u00bb aceptando las ofertas de <strong>Amauri de Montfor<\/strong>t y encarg\u00e1ndose en cambio del <strong>condado de Tolosa<\/strong> y del <strong>vizcondado de<\/strong> <strong>Bezieres<\/strong>, de la destrucci\u00f3n de los herejes. <strong>Luis<\/strong> no se hizo el sordo: empez\u00f3 por satisfacer al de <strong>Montfort<\/strong> el legado de su padre, y anim\u00f3 a este a no tratar con sus adversarios, antes bien a romper de nuevo las hostilidades, abandonando el proyecto de pacificaci\u00f3n por el casamiento de <strong>Raimundo VII<\/strong> con una hermana suya que estaba en v\u00edas de arreglarse.<\/span><\/p>\n<p style=\"text-align: justify;\"><span style=\"font-size: 14pt;\"><strong>Amauri<\/strong> sigui\u00f3 los consejos del <strong>Rey<\/strong>; pero la nueva guerra empez\u00f3 para \u00e9l bajo malos auspicios. A su vuelta de <strong>Paris<\/strong> encontr\u00f3 sitiada a <strong>Carcasona <\/strong>por los <strong>condes de<\/strong> <strong>Tolosa<\/strong> y de<strong> Foix<\/strong>\u00a0 por el joven <strong>vizconde de<\/strong> <strong>Bezieres, Trencavel<\/strong>. Con ayuda del dinero que le hab\u00eda dado el <strong>rey de<\/strong> <strong>Francia<\/strong>, el de <strong>Montfort<\/strong> reuni\u00f3 mucho gente aventurera y logr\u00f3 desembarcar la sitiada plaza y tomar la ofensiva; pero en cuanto se le concluy\u00f3 el dinero, sus soldados lo abandonaron, y los franceses que se hab\u00edan establecido en las tierras del <strong>Mediod\u00eda<\/strong>, apoder\u00e1ndose de los bienes de los herejes excomulgados, y de los que no lo eran: viendo que no pod\u00edan conservarlos, se volvieron a su patria dejando a <strong>Montfort<\/strong> en tal extremidad, que tuvo que capitular en <strong>Carcasona<\/strong> con solo veinte caballeros que le fueron fieles.<\/span><\/p>\n<p style=\"text-align: justify;\"><span style=\"font-size: 14pt;\">El 14 de enero de 1224 firm\u00f3 un tratado por el cual restitu\u00eda <strong>Carcason<\/strong>a y las fortalezas de <strong>Minerva<\/strong> y de <strong>Peune de Agenais <\/strong>a los herederos de sus antiguos se\u00f1ores, estipulando un armist\u00edcio de seis meses para <strong>Narbona<\/strong> y <strong>Agde<\/strong>, comprometi\u00e9ndose adem\u00e1s a ejercer su influencia con el <strong>rey de<\/strong> <strong>Francia<\/strong> y el <strong>Papa<\/strong> para reconciliar con la <strong>Iglesia <\/strong>a <strong>Raimundo VII<\/strong> y sus aliados.<\/span><\/p>\n<p style=\"text-align: justify;\"><span style=\"font-size: 14pt;\">Al siguiente d\u00eda, <strong>Montfort<\/strong> tom\u00f3 el camino de <strong>Francia<\/strong> con los restos de los vencidos opresores del <strong>Mediod\u00eda.<\/strong><\/span><\/p>\n<p style=\"text-align: justify;\"><span style=\"font-size: 14pt;\">La dominaci\u00f3n de los <strong>Montfort<\/strong> pes\u00f3 durante catorce a\u00f1os sobre las ricas comarcas del<strong> Languedoc<\/strong>, dejando tras de s\u00ed ruinas y miseria, que muchos siglos no bastar\u00edan a reparar; pero un triste presentimiento impidi\u00f3 a los bravos meridionales entregarse a la natural alegr\u00eda de su emancipaci\u00f3n.<\/span><\/p>\n<p>&nbsp;<\/p>\n<p><img loading=\"lazy\" decoding=\"async\" class=\"aligncenter wp-image-2219778\" src=\"https:\/\/puntocritico.com\/ausajpuntocritico\/wp-content\/uploads\/2021\/07\/cathares-sur-le-bucher-a-l-epoque-de-la-croisade-contre-les-albigeois-en-france-au-xiiie-siecle-rue-des-archives-1430403108.jpg\" alt=\"\" width=\"480\" height=\"562\" data-id=\"2219778\" srcset=\"https:\/\/puntocritico.com\/ausajpuntocritico\/wp-content\/uploads\/2021\/07\/cathares-sur-le-bucher-a-l-epoque-de-la-croisade-contre-les-albigeois-en-france-au-xiiie-siecle-rue-des-archives-1430403108.jpg 1242w, https:\/\/puntocritico.com\/ausajpuntocritico\/wp-content\/uploads\/2021\/07\/cathares-sur-le-bucher-a-l-epoque-de-la-croisade-contre-les-albigeois-en-france-au-xiiie-siecle-rue-des-archives-1430403108-256x300.jpg 256w, https:\/\/puntocritico.com\/ausajpuntocritico\/wp-content\/uploads\/2021\/07\/cathares-sur-le-bucher-a-l-epoque-de-la-croisade-contre-les-albigeois-en-france-au-xiiie-siecle-rue-des-archives-1430403108-875x1024.jpg 875w, https:\/\/puntocritico.com\/ausajpuntocritico\/wp-content\/uploads\/2021\/07\/cathares-sur-le-bucher-a-l-epoque-de-la-croisade-contre-les-albigeois-en-france-au-xiiie-siecle-rue-des-archives-1430403108-768x899.jpg 768w, https:\/\/puntocritico.com\/ausajpuntocritico\/wp-content\/uploads\/2021\/07\/cathares-sur-le-bucher-a-l-epoque-de-la-croisade-contre-les-albigeois-en-france-au-xiiie-siecle-rue-des-archives-1430403108-610x714.jpg 610w\" sizes=\"auto, (max-width: 480px) 100vw, 480px\" \/><\/p>\n<p>&nbsp;<\/p>\n<p style=\"text-align: center;\"><span style=\"font-size: 18pt;\"><strong>II<\/strong><\/span><\/p>\n<p style=\"text-align: justify;\"><span style=\"font-size: 14pt;\">Apenas llegado a la corte del <strong>rey de<\/strong> <strong>Francia, Amauri<\/strong> cedi\u00f3 por auto otorgado en publico, al rey <strong>Luis<\/strong> y sus herederos, \u00ab<em>los privilegios y dones concedidos por la Iglesia romana al <strong>conde Sim\u00f3n<\/strong> de gloriosa memoria<\/em>\u00bb sobre el condado de <strong>Tolosa<\/strong> y los otros pa\u00edses <strong>Albigenses<\/strong>.<\/span><\/p>\n<p style=\"text-align: justify;\"><span style=\"font-size: 14pt;\">El <strong>rey Luis<\/strong> subordin\u00f3 su aceptaci\u00f3n al resultado de los convenios que hab\u00eda propuesto al <strong>Papa<\/strong>, y prometi\u00f3 al de <strong>Montfort<\/strong> el titulo de <strong>condestable de Francia<\/strong> a la muerte de <strong>Montmorenci<\/strong> que lo disfrutaba.<\/span><\/p>\n<p style=\"text-align: justify;\"><span style=\"font-size: 14pt;\">Como se ve, el <strong>conde Amauri<\/strong> no sostuvo las promesas hechas a los provenzales en su capitulaci\u00f3n de <strong>Carcasona<\/strong> de intervenir para reconciliarlos con <strong>Luis<\/strong> y con el <strong>Papa<\/strong>. El famoso <strong>arzobispo de<\/strong> <strong>Narbona,<\/strong> <strong>Arnaud Amauri<\/strong>, y los <strong>prelados<\/strong> <strong>del Languedoc<\/strong>, m\u00e1s comprometidos por su crueldades, se hab\u00edan retirado a la ciudad neutral de <strong>Montpeller<\/strong>, y escribieron al <strong>Rey<\/strong> excit\u00e1ndolo a que no sufriera que el esp\u00edritu inmundo levantase de nuevo la cabeza en la provincia de <strong>Narbona,<\/strong> y a que empleara la fuerza que de Dios recibiera, para conquistar una tierra que la Iglesia le ofrec\u00eda en su nombre.<\/span><\/p>\n<p style=\"text-align: justify;\"><span style=\"font-size: 14pt;\"><strong>Luis<\/strong> no necesitaba tales excitaciones. Las plegarias de <strong>Raimundo VII<\/strong>, sus protestas y peticiones de ser admitido a prestar homenaje, no cambiaron las resoluciones de <strong>Luis VIII<\/strong>, que apremi\u00f3 al <strong>Papa<\/strong> para que concediese indulgencias plenarias a los que se alistasen en la cruzada contra los tolosanos y excomulgase a los barones y a cualesquiera otros que no siguiesen las banderas de soberano, fund\u00e1ndose en que los vasallos se compromet\u00edan a defender a su se\u00f1or contra sus enemigo y que este no ten\u00eda otros m\u00e1s terribles que los herejes.<\/span><\/p>\n<p style=\"text-align: justify;\"><span style=\"font-size: 14pt;\">No contento con estas demandas <strong>Luis VIII<\/strong> pidi\u00f3 al <strong>Papa<\/strong> una bula en que declarase a <strong>Raimundo VII<\/strong>, al joven <strong>Trencavel<\/strong> y a todos sus adherentes para siempre excluidos de sus dominios, los cuales pertenecer\u00edan a perpetuidad al <strong>rey de<\/strong> <strong>Francia<\/strong> y sus herederos; y adem\u00e1s, que le garantizase una tregua de diez a\u00f1os con el <strong>rey de<\/strong> <strong>Inglaterra<\/strong>.<\/span><\/p>\n<p style=\"text-align: justify;\"><span style=\"font-size: 14pt;\">Cre\u00eda <strong>Luis<\/strong> que el <strong>Papa<\/strong> acceder\u00eda inmediatamente a sus pretensiones; pero, gracias a una singular peripecia, fue el <strong>Papa<\/strong> quien apart\u00f3 moment\u00e1neamente el brazo pronto a descargar el terrible golpe sobre el <strong>Languedoc<\/strong>.<\/span><\/p>\n<p>&nbsp;<\/p>\n<p><img loading=\"lazy\" decoding=\"async\" class=\"aligncenter size-full wp-image-2219779\" src=\"https:\/\/puntocritico.com\/ausajpuntocritico\/wp-content\/uploads\/2021\/07\/18_cataros_hoguera_montsegur.gif\" alt=\"\" width=\"320\" height=\"432\" data-id=\"2219779\" \/><\/p>\n<p>&nbsp;<\/p>\n<p style=\"text-align: center;\"><span style=\"font-size: 18pt;\"><strong>III<\/strong><\/span><\/p>\n<p style=\"text-align: justify;\"><span style=\"font-size: 14pt;\"><strong>Raimundo VII<\/strong> no hab\u00eda querido nunca entregar sus vasallos a merced de los inquisidores y de sus secuaces. Los grandes preparativos que contra \u00e9l hacia el <strong>rey de Francia<\/strong> le hicieron comprender la inutilidad de la resistencia, y prefiri\u00f3 entenderse con el <strong>Papa<\/strong> y dejar obrar a los inquisidores con entera libertad a perder sus estados hereditarios.<\/span><\/p>\n<p style=\"text-align: justify;\"><span style=\"font-size: 14pt;\">El <strong>Papa<\/strong> <strong>Honorio III<\/strong>, que a la raz\u00f3n esperaba reconquistar la <strong>Tierra Santa<\/strong> por las armas del <strong>emperador Federico II<\/strong>, que hacia grandes preparativos en el reino de <strong>N\u00e1poles<\/strong> y en <strong>Sicilia<\/strong>, no crey\u00f3 conveniente distraer las fuerzas de la cristiandad con la cruzada contra los albigenses que le ped\u00eda el <strong>rey de<\/strong> <strong>Francia<\/strong>, y suspendi\u00f3 las indulgencias concedidas a los que se cruzaban contra los herejes, resoluci\u00f3n que su legado comunic\u00f3 al concilio reunido en <strong>Paris<\/strong> por el <strong>Rey<\/strong> en mayo de <strong>1224<\/strong>, pidiendo al <strong>Rey<\/strong> al mismo tiempo que se contentase con vigilar el cumplimiento de las promesas de <strong>Raimundo VII.<\/strong><\/span><\/p>\n<p style=\"text-align: justify;\"><span style=\"font-size: 14pt;\">El <strong>rey Luis<\/strong> se resinti\u00f3 mucho de lo que \u00e9l llamaba defecci\u00f3n del <strong>Papa<\/strong>: \u00ab<em>Pues que el se\u00f1or <strong>Papa<\/strong>, dijo, no juzga conveniente la concesi\u00f3n de las demandas razonables que nos le hicimos sobre el asunto de los albigenses, nos protestamos ante todos los prelados y barones de <strong>Francia<\/strong>, que declinamos la carga e intimamos al legado de su Santidad que no nos hable m\u00e1s sobre este asunto en lo futuro<\/em>\u00ab.<\/span><\/p>\n<p style=\"text-align: justify;\"><span style=\"font-size: 14pt;\">Sin el apoyo del <strong>Papa<\/strong>, verdadero rey de reyes, <strong>Luis<\/strong> no se atrevi\u00f3 a continuar la empresa y volvi\u00f3 contra los ingleses las armas preparadas contra los tolosanos.<\/span><\/p>\n<p>&nbsp;<\/p>\n<p><img loading=\"lazy\" decoding=\"async\" class=\"aligncenter wp-image-2219780\" src=\"https:\/\/puntocritico.com\/ausajpuntocritico\/wp-content\/uploads\/2021\/07\/Cataros-hoguera.jpg\" alt=\"\" width=\"448\" height=\"464\" data-id=\"2219780\" \/><\/p>\n<p>&nbsp;<\/p>\n<p style=\"text-align: center;\"><span style=\"font-size: 18pt;\"><strong>IV<\/strong><\/span><\/p>\n<p style=\"text-align: justify;\"><span style=\"font-size: 14pt;\">En cuanto los agentes del <strong>Papa<\/strong> hablaron de nuevo a<strong> Luis VIII<\/strong> de la conquista del <strong>Mediod\u00eda<\/strong> de la <strong>Francia<\/strong> para exterminar los herejes, <strong>Luis<\/strong> olvid\u00f3 su amenazada de declinar el ocuparse del asunto en lo futuro; y como la guerra de <strong>Aquitania<\/strong> no hab\u00eda sido para \u00e9l m\u00e1s que una diversi\u00f3n, as\u00ed que el<strong> Papa<\/strong> se le mostr\u00f3 propicio, cambio de resoluci\u00f3n.<\/span><\/p>\n<p style=\"text-align: justify;\"><span style=\"font-size: 14pt;\">Como el <strong>emperador Federico II <\/strong>retardase por dos a\u00f1os su expedici\u00f3n contra los mahometanos de la <strong>Tierra Santa<\/strong>, el <strong>Papa Honorio<\/strong> crey\u00f3 conveniente aprovechar este tiempo en la destrucci\u00f3n de los herejes del <strong>Languedoc<\/strong>. Como hombre previsor, a pesar de no haber concedido al <strong>rey de Francia<\/strong> por las razones ya dichas la ayuda que reclamaba, entretuvo, dando largas al asunto de su reconciliaci\u00f3n, a los pr\u00edncipes provenzales, y a pesar de que <strong>Raimundo VII<\/strong> juraba y afirmaba solemnemente sus promesas, la corte pontificia encontr\u00f3 siempre pretextos m\u00e1s o menos especiosos para diferir la conclusi\u00f3n.<\/span><\/p>\n<p style=\"text-align: justify;\"><span style=\"font-size: 14pt;\">En noviembre de <strong>1225<\/strong>, se reuni\u00f3 en <strong>Bourges<\/strong>, bajo la presidencia del <strong>cardenal<\/strong> <strong>legado Saint-Angel<\/strong> un <strong>concilio<\/strong>, que intim\u00f3 a <strong>Raimundo de Tolosa<\/strong> y a <strong>Amauri de Montfort<\/strong> comparecieran ante \u00e9l. El <strong>rey<\/strong> y los <strong>arzobispos de<\/strong> <strong>Lion<\/strong>, de <strong>Reims<\/strong>, de <strong>Ruan<\/strong>, de <strong>Bourges<\/strong>, de <strong>Tours<\/strong> y de <strong>Auch<\/strong>, mas de cien <strong>obispos<\/strong> y de ciento cincuenta <strong>abades<\/strong> y <strong>priores<\/strong> tomaron parte en aquella asamblea.<\/span><\/p>\n<p style=\"text-align: justify;\"><span style=\"font-size: 14pt;\">El <strong>conde Raimundo<\/strong> renov\u00f3 ante el concilio todas sus ofertas: <strong>Amauri <\/strong>reclam\u00f3 los derechos concedidos a su padre por el <strong>concilio de<\/strong> <strong>Letr\u00e1n<\/strong> y por el\u00a0 <strong>rey Felipe<\/strong>, e intim\u00f3 a su rival que sufriera el juicio del tribunal de los pares.<\/span><\/p>\n<p style=\"text-align: justify; padding-left: 40px;\"><span style=\"font-size: 14pt;\">\u00ab<em>Que el rey reciba antes mi homenaje, replic\u00f3\u00a0 <strong>Raimundo<\/strong>, y estoy pronto a someterme al juicio: si no temer\u00e9 que los pares no me consideren como igual suyo<\/em>\u00ab.<\/span><\/p>\n<p style=\"text-align: justify;\"><span style=\"font-size: 14pt;\">El asunto no fue sometido a la decisi\u00f3n de los <strong>pares de<\/strong> <strong>Francia<\/strong>: el <strong>legado del Papa<\/strong> prohibi\u00f3 toda discusi\u00f3n p\u00fablica, intim\u00f3 a los prelados que diesen por escrito su opini\u00f3n, amenazando con la <strong><em>excomuni\u00f3n<\/em> <\/strong>al que no guardase el secreto, y se encarg\u00f3 de comunicar al <strong>Rey<\/strong> las resoluciones del concilio.<\/span><\/p>\n<p style=\"text-align: justify;\"><span style=\"font-size: 14pt;\">Marchose el <strong>conde de Tolosa<\/strong> sin conocer la sentencia, y el silencio que guardaron con \u00e9l, le presagiaba la suerte que le reservaban. El <strong>legado<\/strong> <strong>apost\u00f3lico<\/strong> declar\u00f3 al <strong>Rey<\/strong> de parte del concilio, \u00ab<em>que <strong>Raimundo<\/strong> no deb\u00eda ser absuelto en gracia de sus promesas; que el <strong>rey de<\/strong> <strong>Francia<\/strong> solo seria encargado por la Iglesia de aquel asunto, porque nadie mejor que \u00e9l ten\u00eda los medios de purgar de herejes y de sus maldades la tierra del <strong>Languedoc<\/strong>, y que para subsanar los gastos que deber\u00eda hacer, el diez por ciento de todas las rentas eclesi\u00e1sticas le seria concedido por cinco a\u00f1os, hasta la suma de cincuenta mil marcos de oro, si la expedici\u00f3n duraba este espacio de tiempo<\/em>\u00ab.<\/span><\/p>\n<p>&nbsp;<\/p>\n<figure id=\"attachment_2219781\" aria-describedby=\"caption-attachment-2219781\" style=\"width: 465px\" class=\"wp-caption aligncenter\"><img loading=\"lazy\" decoding=\"async\" class=\"size-full wp-image-2219781\" src=\"https:\/\/puntocritico.com\/ausajpuntocritico\/wp-content\/uploads\/2021\/07\/Persecucion-de-los-Albigenses.jpg\" alt=\"\" width=\"465\" height=\"423\" data-id=\"2219781\" srcset=\"https:\/\/puntocritico.com\/ausajpuntocritico\/wp-content\/uploads\/2021\/07\/Persecucion-de-los-Albigenses.jpg 465w, https:\/\/puntocritico.com\/ausajpuntocritico\/wp-content\/uploads\/2021\/07\/Persecucion-de-los-Albigenses-300x273.jpg 300w\" sizes=\"auto, (max-width: 465px) 100vw, 465px\" \/><figcaption id=\"caption-attachment-2219781\" class=\"wp-caption-text\"><span style=\"color: #008000;\">Persecuci\u00f3n de los Albigenses<\/span><\/figcaption><\/figure>\n<p>&nbsp;<\/p>\n<p style=\"text-align: center;\"><span style=\"font-size: 18pt;\"><strong>V<\/strong><\/span><\/p>\n<p style=\"text-align: justify;\"><span style=\"font-size: 14pt;\">El 28 de enero de <strong>1226<\/strong> se reuni\u00f3 en <strong>Paris<\/strong>\u00a0 otra asamblea de prelados y barones, y el <strong>cardenal legado<\/strong> <em><strong>excomulg\u00f3<\/strong> <\/em>a <strong>Raimundo de Tolosa<\/strong>\u00a0 y todos sus adherentes, declar\u00e1ndolos herejes condenados y adjudicando sus dominios al <strong>rey de<\/strong> <strong>Francia<\/strong> y sus herederos, en virtud de la renuncia hecha por <strong>Amauri de Montfort<\/strong>, que recibi\u00f3 el cargo de <strong>condestable de<\/strong> <strong>Francia<\/strong>. Despu\u00e9s el legado mand\u00f3 una cohorte de frailes dominicos a predicar por toda la <strong>Galia<\/strong> la cruzada contra el tolosano y sus fautores.<\/span><\/p>\n<p style=\"text-align: justify;\"><span style=\"font-size: 14pt;\">Veinticinco altos barones, entre los cuales se contaban el <strong>duque de Breta\u00f1a<\/strong> y el <strong>conde de Bolo\u00f1a<\/strong>, hermano del <strong>Rey<\/strong>, se comprometieron por cartas patentes a prestarle ayuda con todo su poder en el asunto de los albigenses, y el 30 de enero una multitud de cl\u00e9rigos y de seglares tom\u00f3 la cruz, por temor del <strong>rey de<\/strong> <strong>Francia<\/strong> o por obtener las mercedes del legado m\u00e1s que por amor a la justicia y a la religi\u00f3n en cuyo nombre se iba a emprender la guerra. Muchos consideraron a <strong>Raimundo<\/strong> como buen cat\u00f3lico, y no comprend\u00edan que el <strong>Rey<\/strong> ni el <strong>Papa<\/strong> no admitieran su sumisi\u00f3n, y supon\u00edan que solo la mundana ambici\u00f3n los guiaba.<\/span><\/p>\n<p style=\"text-align: justify;\"><span style=\"font-size: 14pt;\">Nadie ignoraba que <strong>Raimundo VII<\/strong> hab\u00eda suplicado en el <strong>concilio de<\/strong> <strong>Bourges<\/strong> al <strong>legado del Papa,<\/strong> que fuese con \u00e9l a cada una de las ciudades de sus estados para averiguar la fe de sus habitantes, ofreciendo hacer justicia con cualquiera que manifestase opiniones contrarias al dogma cat\u00f3lico. El mismo prometi\u00f3 someterse a un examen de su fe; pero, seg\u00fan <strong>Mathieu de Paris<\/strong>, el legado despreci\u00f3 estas ofertas y no quiso hacer al conde gracia alguna, aunque fuese sinceramente cat\u00f3lico, a menos que no renunciara a la herencia de sus mayores, reconociendo en la Iglesia el derecho de disponer de ella.<\/span><\/p>\n<p>&nbsp;<\/p>\n<p><img loading=\"lazy\" decoding=\"async\" class=\"aligncenter wp-image-2220503\" src=\"https:\/\/puntocritico.com\/ausajpuntocritico\/wp-content\/uploads\/2021\/07\/Occitania_y_Aragon_en_1213.svg_.png\" alt=\"\" width=\"440\" height=\"339\" data-id=\"2220503\" srcset=\"https:\/\/puntocritico.com\/ausajpuntocritico\/wp-content\/uploads\/2021\/07\/Occitania_y_Aragon_en_1213.svg_.png 350w, https:\/\/puntocritico.com\/ausajpuntocritico\/wp-content\/uploads\/2021\/07\/Occitania_y_Aragon_en_1213.svg_-300x231.png 300w\" sizes=\"auto, (max-width: 440px) 100vw, 440px\" \/><\/p>\n<p>&nbsp;<\/p>\n<p style=\"text-align: center;\"><span style=\"font-size: 18pt;\"><strong>VI<\/strong><\/span><\/p>\n<p style=\"text-align: justify;\"><span style=\"font-size: 14pt;\">Los <strong>cruzados<\/strong> fueron convocados para reunirse en <strong>Bourges<\/strong> el cuarto domingo despu\u00e9s de la <strong>Pascua<\/strong>.<\/span><\/p>\n<p style=\"text-align: justify;\"><span style=\"font-size: 14pt;\">El <strong>legado<\/strong> prepar\u00f3 al <strong>rey de Francia<\/strong> el terreno de sus conquistas en el <strong>Mediod\u00eda<\/strong>, aterrorizado al saber los preparativos de los cruzados, dividiendo a los meridionales y privando al de <strong>Tolosa<\/strong> de varios de sus mejores aliados.<\/span><\/p>\n<p style=\"text-align: justify;\"><span style=\"font-size: 14pt;\">El <strong>rey de<\/strong> <strong>Inglaterra<\/strong> se vio amenazado con una excomuni\u00f3n si romp\u00eda sus treguas con el de <strong>Francia<\/strong> mientras este guerreaba en el <strong>Languedoc<\/strong>. <strong>Enrique III<\/strong> vacilaba y parec\u00eda dispuestos a intentar una diversi\u00f3n por el lado de la <strong>Gascu\u00f1a<\/strong>, mas, seg\u00fan la tradici\u00f3n, desisti\u00f3 de su intento, porque un sabio astr\u00f3logo le predijo que el <strong>rey de<\/strong> <strong>Francia<\/strong> morir\u00eda en la empresa o no escapar\u00eda de ella sino con grandes perdidas y deshonor.<\/span><\/p>\n<p style=\"text-align: justify;\"><span style=\"font-size: 14pt;\">El <strong>conde de la Marcha y de Angulema<\/strong>, padrastro de <strong>Enrique III<\/strong>, hab\u00eda pedido para su hijo una hija del <strong>conde de<\/strong> <strong>Tolosa,<\/strong> y devolvi\u00f3 la <strong>princesa<\/strong> a su padre.<\/span><\/p>\n<p style=\"text-align: justify;\"><span style=\"font-size: 14pt;\">El <strong>rey Jaime de Arag\u00f3n,<\/strong> hijo de <strong>D. Pedro<\/strong>, muerto en <strong>Muret<\/strong>, el <strong>conde<\/strong> <strong>del Rosell\u00f3n<\/strong>, su vasallo, y hasta <strong>Raimundo Berenguer<\/strong>, <strong>conde de Provenza y de<\/strong> <strong>Forcalquier<\/strong>, jefe de la rama menor de la <strong>casa de<\/strong> <strong>Barcelona<\/strong>, cedieron unos despu\u00e9s de otros a las amenazas de la <strong>corte de<\/strong> <strong>Roma<\/strong> y abandonaron torpemente a sus parientes y aliados naturales.<\/span><\/p>\n<p style=\"text-align: justify;\"><span style=\"font-size: 14pt;\">La <strong>casa de<\/strong> <strong>Arag\u00f3n<\/strong> bajaba su estandarte ante \u00e9l oriflama de <strong>Francia<\/strong>, abdicando su supremac\u00eda sobre las tierras provenzales por escr\u00fapulos de conciencia.<\/span><\/p>\n<p style=\"text-align: justify;\"><span style=\"font-size: 14pt;\"><strong>Raimundo de Tolosa<\/strong> qued\u00f3 solo, acometido por uno de sus dos soberanos, abandonado por el otro, sin m\u00e1s aliados que el <strong>conde de Foix<\/strong> y el <strong>vizconde de<\/strong> <strong>Bezieres<\/strong>.<\/span><\/p>\n<p>&nbsp;<\/p>\n<figure id=\"attachment_2219254\" aria-describedby=\"caption-attachment-2219254\" style=\"width: 518px\" class=\"wp-caption aligncenter\"><img loading=\"lazy\" decoding=\"async\" class=\"size-full wp-image-2219254\" src=\"https:\/\/puntocritico.com\/ausajpuntocritico\/wp-content\/uploads\/2021\/06\/Cruzada-Cataros.jpg\" alt=\"\" width=\"518\" height=\"303\" data-id=\"2219254\" srcset=\"https:\/\/puntocritico.com\/ausajpuntocritico\/wp-content\/uploads\/2021\/06\/Cruzada-Cataros.jpg 518w, https:\/\/puntocritico.com\/ausajpuntocritico\/wp-content\/uploads\/2021\/06\/Cruzada-Cataros-300x175.jpg 300w\" sizes=\"auto, (max-width: 518px) 100vw, 518px\" \/><figcaption id=\"caption-attachment-2219254\" class=\"wp-caption-text\"><span style=\"color: #008000;\">La cruzada de los barones de 1209 por Gregory E. M. Lippiatt. Lo que comenz\u00f3 como una m\u00e1s de las muchas incursiones militares que sufr\u00edan los C\u00e1taros en una regi\u00f3n caracterizada por su inestabilidad interna y constantes invasiones exteriores dio paso, a partir de la d\u00e9cada de 1220, al establecimiento del control directo del territorio por parte del monarca y la administraci\u00f3n real, y a un dominio eclesi\u00e1stico que se tradujo en una serie de investigaciones inquisitoriales. Fueran o no conscientes de las enormes implicaciones hist\u00f3ricas que iba a tener el fen\u00f3meno, no cabe duda de que quienes vivieron la llegada de los cruzados, en 1209, sab\u00edan que la \u201climpieza\u201d que pretend\u00edan imponer iba a ser muy severa.<\/span><\/figcaption><\/figure>\n<p>&nbsp;<\/p>\n<p style=\"text-align: center;\"><span style=\"font-size: 18pt;\"><strong>VII<\/strong><\/span><\/p>\n<p style=\"text-align: justify;\"><span style=\"font-size: 14pt;\">\u00ab<em>El ejercito reunido en<strong> Bourges <\/strong>para exterminar la herej\u00eda<\/em>\u00bb era mucho m\u00e1s numeroso que el levantado en <strong>Bovines<\/strong> para salvar la <strong>Francia<\/strong>. Cuando supieron en <strong>Provenza<\/strong> que el <strong>rey Luis<\/strong> se pon\u00eda en marcha al frente de sus vasallos armados en n\u00famero de cincuenta mil caballos e innumerables peones, y que hab\u00eda jurado destruir y abrasar la tierra del <strong>conde de<\/strong> <strong>Tolosa<\/strong> sin dejar uno solo de sus vasallos con vida, un terror p\u00e1nico se apoder\u00f3 de todos: la resistencia parec\u00eda imposible: se\u00f1ores y ciudades se apresuraron a enviar al <strong>Rey<\/strong> sus diputaciones para someterse a su voluntad y a la del <strong>Papa.<\/strong><\/span><\/p>\n<p style=\"text-align: justify;\"><span style=\"font-size: 14pt;\"><strong>Avi\u00f1\u00f3n<\/strong> tan adicta a <strong>Raimundo VII<\/strong>, la misma <strong>Avi\u00f1on<\/strong>, que hab\u00eda participado de su excomuni\u00f3n durante diez a\u00f1os, bajo la cabeza ante la tempestad, y mand\u00f3 una diputaci\u00f3n de sus podest\u00e1s al <strong>Rey<\/strong>, ofreciendo pasaje por el famoso <strong>puente de Avi\u00f1on,<\/strong> a \u00e9l, el legado, los prelados y cien caballeros, con promesa de abastecer de v\u00edveres a precios moderados al ej\u00e9rcitos que pasar\u00eda el <strong>R\u00f3dano<\/strong> mas debajo de la ciudad.<\/span><\/p>\n<p>&nbsp;<\/p>\n<p><img loading=\"lazy\" decoding=\"async\" class=\"aligncenter size-full wp-image-2220504\" src=\"https:\/\/puntocritico.com\/ausajpuntocritico\/wp-content\/uploads\/2021\/07\/2728468ed585ddc31d6f3ef0e6896a53.jpg\" alt=\"\" width=\"480\" height=\"360\" data-id=\"2220504\" srcset=\"https:\/\/puntocritico.com\/ausajpuntocritico\/wp-content\/uploads\/2021\/07\/2728468ed585ddc31d6f3ef0e6896a53.jpg 480w, https:\/\/puntocritico.com\/ausajpuntocritico\/wp-content\/uploads\/2021\/07\/2728468ed585ddc31d6f3ef0e6896a53-300x225.jpg 300w, https:\/\/puntocritico.com\/ausajpuntocritico\/wp-content\/uploads\/2021\/07\/2728468ed585ddc31d6f3ef0e6896a53-326x245.jpg 326w, https:\/\/puntocritico.com\/ausajpuntocritico\/wp-content\/uploads\/2021\/07\/2728468ed585ddc31d6f3ef0e6896a53-80x60.jpg 80w\" sizes=\"auto, (max-width: 480px) 100vw, 480px\" \/><\/p>\n<p>&nbsp;<\/p>\n<p style=\"text-align: center;\"><span style=\"font-size: 18pt;\"><strong>VIII<\/strong><\/span><\/p>\n<p style=\"text-align: justify;\"><span style=\"font-size: 14pt;\">El ej\u00e9rcito de los cruzados se dirigi\u00f3 a <strong>Lion<\/strong> y descendi\u00f3 el valle del <strong>R\u00f3dano<\/strong> hasta cerca de <strong>Avi\u00f1\u00f3n<\/strong>. El <strong>marquesado<\/strong> <strong>de Provenza<\/strong> se hab\u00eda sometido sin resistencia.<\/span><\/p>\n<p style=\"text-align: justify;\"><span style=\"font-size: 14pt;\">Los de <strong>Avi\u00f1\u00f3n<\/strong> dejaron pasar el rio por un puente de madera construido fuera de la ciudad, a una vanguardia de tres mil hombres, mandada por <strong>Gautier de Avesnes<\/strong>, en cuanto lleg\u00f3 ante sus muros, que \u00e9l intentaba pasar por el gran puente de piedra y entrar en la plaza con la lanza en la cuja seguido de su ej\u00e9rcito. Los <strong>magistrados<\/strong> se negaron, cerraron las puertas y se prepararon a la defensa, prefiriendo morir con las armas en la mano unidos a sus conciudadanos, antes de entregar la ciudad al legado y a las horas rapaces y fan\u00e1ticas que compon\u00edan el ejercito franc\u00e9s. Furioso el <strong>rey<\/strong>, jur\u00f3 que no se ir\u00eda hasta entrar en la ciudad, y tomando posiciones hizo preparar sus pedreros, ballestas, gatas y otras maquinas de guerra de que iba bien provisto. El <strong>legado<\/strong> lo afirm\u00f3 en su resoluci\u00f3n, intim\u00e1ndole en nombre de la Iglesia que purgase de herejes a <strong>Avi\u00f1\u00f3n<\/strong>, y el sitio comenz\u00f3 el 10 de junio, cuatro d\u00edas despu\u00e9s de la llegada del ej\u00e9rcito ante la plaza.<\/span><\/p>\n<p style=\"text-align: justify;\"><span style=\"font-size: 14pt;\"><strong>Avi\u00f1\u00f3n<\/strong> estaba bien provista de v\u00edveres y municiones, bien defendida por sus altas torres, su doble cintura de murallas, sus anchos fosos llenos de agua corriente, su fuerte ciudadela y sobre todo por el valor de sus ciudadanos y de los caballeros encerrados con ellos en su recinto.<\/span><\/p>\n<p style=\"text-align: justify;\"><span style=\"font-size: 14pt;\">Los furiosos ataques de los cruzados fueron sin resultados, o por mejor decir les salieron enteramente al rev\u00e9s de lo que esperaban.<\/span><\/p>\n<p>&nbsp;<\/p>\n<p><img loading=\"lazy\" decoding=\"async\" class=\"aligncenter wp-image-2220505\" src=\"https:\/\/puntocritico.com\/ausajpuntocritico\/wp-content\/uploads\/2021\/07\/trovadores-826.jpg\" alt=\"\" width=\"480\" height=\"405\" data-id=\"2220505\" \/><\/p>\n<p>&nbsp;<\/p>\n<p style=\"text-align: center;\"><span style=\"font-size: 18pt;\"><strong>IX<\/strong><\/span><\/p>\n<p style=\"text-align: justify;\"><span style=\"font-size: 14pt;\">La energ\u00eda de los avi\u00f1oneses no se comunic\u00f3 a las otras ciudades. El terror era tal, que muchos pueblos y castillos de la <strong>Septimania<\/strong> y de la <strong>Provenza<\/strong> recibieron guarniciones francesas; la misma rep\u00fablica de <strong>Marsella<\/strong> reneg\u00f3 de la causa provenzal y los de <strong>Carcasona<\/strong>, apenas vueltos a su ciudad natal de donde hab\u00edan sido expulsados en masa por los cruzados de <strong>Montfort<\/strong>, no se atrevieron a resistir a los extranjeros, a pesar de que el intr\u00e9pido y constante <strong>conde de<\/strong> <strong>Foix<\/strong> ocupaba la ciudadela dispuesto a defenderse a todo trance.<\/span><\/p>\n<p style=\"text-align: justify;\"><span style=\"font-size: 14pt;\">Los<strong> condes de<\/strong> <strong>Provenza<\/strong> y <strong>de Comminges<\/strong>, seguidos de una porci\u00f3n de se\u00f1ores y caballeros, se presentaron en el campamento del <strong>rey de<\/strong> <strong>Francia<\/strong> para ofrecerle sus homenajes y asistencia.<\/span><\/p>\n<p style=\"text-align: justify;\"><span style=\"font-size: 14pt;\">En medio de esta general defecci\u00f3n, cuando todos juraban obediencia, aunque en falso, al que cre\u00edan vencedor, todos los corazones pertenec\u00edan aun a <strong>Raimundo VII<\/strong>, y sus menores triunfos regocijaban a los mismos que corr\u00edan a someterse al campo de los cruzados.<\/span><\/p>\n<p style=\"text-align: justify;\"><span style=\"font-size: 14pt;\">La resistencia de los sitiados, dirigida por <strong>Guillermo Raimundo<\/strong> y por <strong>Raimundo Real<\/strong>, podest\u00e1s de la ciudad y <strong>bail\u00edos del conde de Tolosa<\/strong>, redobl\u00f3 de energ\u00eda. Antes que llegaran los cruzados, el conde se llev\u00f3 de los alrededores de <strong>Avi\u00f1\u00f3n<\/strong> hombres y ganados, e inutiliz\u00f3 cuanto pod\u00eda serles \u00fatil, incluso los pastos. Cuando concluyeron los forrajes que trajeron para su numerosa caballer\u00eda, los soldados del <strong>rey de<\/strong> <strong>Francia<\/strong> tuvieron que emprender peligrosas y lejanas expediciones para buscarlos. <strong>Raimundo<\/strong> los acechaba y sorprend\u00eda con su gente, escasa para presentar la batalla a las numerosas huestes de sus enemigos; pero bastante para luchas ventajosamente con las columnas que se desviaban demasiado del grueso del ejercito.<\/span><\/p>\n<p style=\"text-align: justify;\"><span style=\"font-size: 14pt;\">El hambre, las enfermedades y la muerte se cebaron bien pronto en las masas de fan\u00e1ticos y de aventureros ganosos de bot\u00edn que cercaban a la ciudad de <strong>Avi\u00f1\u00f3n<\/strong>, cuyos alrededores se vieron cubiertos de cad\u00e1veres de hombres y caballos.\u00a0 De aquellos cuerpos esparcidos en la llanura, se levantaban enjambres de moscas que infestaban el campamento, no dejando libres ni las mesas de los pr\u00edncipes, y que esparc\u00edan la peste emanada de tantos cuerpos de putrefacci\u00f3n.<\/span><\/p>\n<p style=\"text-align: justify;\"><span style=\"font-size: 14pt;\">Las violentas y victoriosas salidas de los de <strong>Avi\u00f1\u00f3n<\/strong> obligaron a los cruzados a abrir un foso alrededor de su campamento, como si ellos fuesen los sitiados. Tentaron un ataque contra la plaza, por el puente de madera que comunicaba con la isla en que se apoyaba el famoso puente de piedra; pero al pasar por el de madera, con el peso de los cruzados se vino abajo, y la mayor parte de ellos pereci\u00f3 en las aguas del <strong>R\u00f3dano<\/strong>.<\/span><\/p>\n<p style=\"text-align: justify;\"><span style=\"font-size: 14pt;\">Otra causa se junt\u00f3 a la epidemia y a los combates para aclarar las filas de los cruzados: el <strong>Rey<\/strong> no tenia derecho para exigir de sus feudatarios, y al <strong>legado<\/strong> de los cruzados, mas que cuarenta d\u00edas de servicio. Muchos de los grandes barones, que ve\u00edan con inquietud pasar los estados del <strong>Mediod\u00eda<\/strong> a manos del <strong>Rey<\/strong>, mas poderoso ya de lo que ellos quisieran, resolvieron no hacer mas que lo exigido por sus compromisos.<\/span><\/p>\n<p style=\"text-align: justify;\"><span style=\"font-size: 14pt;\">El joven <strong>Thibaud VI<\/strong> <strong>conde<\/strong> <strong>de Champa\u00f1a<\/strong>, cuyas poes\u00edas le valieron gran renombre, y que se asemejaba por el car\u00e1cter y las costumbres a las gentes del <strong>Mediod\u00eda<\/strong> contra quienes guerreaba, se puso de acuerdo con el <strong>duque de<\/strong> <strong>Breta\u00f1a<\/strong> y el conde de la <strong>Marcha<\/strong> y fue a pedir al <strong>Rey<\/strong> que le licenciase. <strong>Luis<\/strong> se neg\u00f3 a darles su consentimiento; pero <strong>Thibaud<\/strong> se march\u00f3 sin \u00e9l, despu\u00e9s de sostener con el <strong>Rey<\/strong> una entrevista acalorada y arrostrando sus amenazas.<\/span><\/p>\n<p>&nbsp;<\/p>\n<p><img loading=\"lazy\" decoding=\"async\" class=\"aligncenter size-full wp-image-2220507\" src=\"https:\/\/puntocritico.com\/ausajpuntocritico\/wp-content\/uploads\/2021\/07\/img.jpg\" alt=\"\" width=\"630\" height=\"811\" data-id=\"2220507\" srcset=\"https:\/\/puntocritico.com\/ausajpuntocritico\/wp-content\/uploads\/2021\/07\/img.jpg 630w, https:\/\/puntocritico.com\/ausajpuntocritico\/wp-content\/uploads\/2021\/07\/img-233x300.jpg 233w, https:\/\/puntocritico.com\/ausajpuntocritico\/wp-content\/uploads\/2021\/07\/img-610x785.jpg 610w\" sizes=\"auto, (max-width: 630px) 100vw, 630px\" \/><\/p>\n<p>&nbsp;<\/p>\n<p style=\"text-align: center;\"><span style=\"font-size: 18pt;\"><strong>X<\/strong><\/span><\/p>\n<p style=\"text-align: justify;\"><span style=\"font-size: 14pt;\">Las fuerzas del <strong>Rey<\/strong> eran, sin embargo, todav\u00eda m\u00e1s que suficientes para combatir con ventaja a <strong>Raimundo<\/strong> y a los avi\u00f1oneses y \u00e9l estaba resuelto a llevarlo adelante a cualquier precio. Los recursos de los sitiados empezaban a escasear: hici\u00e9ronles esperar una capitulaci\u00f3n honrosa, y consintieron al fin en abrir sus puertas a los cruzados.<\/span><\/p>\n<p style=\"text-align: justify;\"><span style=\"font-size: 14pt;\">La cr\u00f3nica de <strong>Tours<\/strong> dice, que se remitieron al arbitraje del legado en cuanto se refer\u00eda a las condiciones, esperando ablandarlo con esta confianza: pero las condiciones fueron rigurosas. Los de <strong>Avi\u00f1\u00f3n<\/strong> se vieron obligados a entregar trescientos rehenes y a para una gran suma. Cegar\u00f3nse los fosos, derrib\u00e1ronse las murallas, las casas guarnecidas de torreones en n\u00famero de trescientas cayeron tambi\u00e9n bajo el martillo de los demoledores, y el doce de septiembre fueron degollados los pecheros de la corona y del condado de <strong>Tolosa<\/strong>. Y supone un autor que aun hubiese sido mayor la crueldad de los vencedores sin la consideraci\u00f3n de que <strong>Avi\u00f1on<\/strong> y la <strong><em>Provenza<\/em> <\/strong>depend\u00edan del <strong>emperador Federico<\/strong>, que ve\u00eda de bien mala gana la invasi\u00f3n de la <strong>Septimania<\/strong> por el <strong>rey de Francia<\/strong>.<\/span><\/p>\n<p style=\"text-align: justify;\"><span style=\"font-size: 14pt;\">Despu\u00e9s de una victoria tan caramente pagada, recorri\u00f3 <strong>Luis VIII<\/strong> la <strong>Septimania<\/strong> sin encontrar enemigos que combatir ni herejes que quemar.<\/span><\/p>\n<p style=\"text-align: justify;\"><span style=\"font-size: 14pt;\">Solo un pobre anciano llamado <strong>Isarn<\/strong>, antiguo predicador perfecto, puso ser habido en un oscuro retiro del que fue arrancado para ser quemado en <strong>Narbona<\/strong>. El <strong>conde Raimundo<\/strong> estaba en <strong>Tolosa<\/strong>, y todos los herejes hab\u00edan abandonado el pa\u00eds.<\/span><\/p>\n<p style=\"text-align: justify;\"><span style=\"font-size: 14pt;\">Adelantose el <strong>Rey<\/strong> hasta cuatro leguas de <strong>Tolosa<\/strong>; pero sin intenci\u00f3n de atacarla, por lo adelantado de la estaci\u00f3n, y termin\u00f3 su campa\u00f1a en el mes de octubre, despu\u00e9s de recibir en <strong>Pamiers<\/strong> el juramento de\u00a0 fidelidad de los <strong>obispos<\/strong> de la provincia de <strong>Narbona<\/strong>. Dej\u00f3 por <em><strong>gobernador<\/strong> <\/em>del pa\u00eds conquistado a <strong>Humberto de Beaujeu<\/strong>, y march\u00f3 a <strong>Francia <\/strong>contando volver al siguiente a\u00f1o para dar cima a la comenzada obra.<\/span><\/p>\n<p style=\"text-align: justify;\"><span style=\"font-size: 14pt;\">\u00a1Vana esperanza! Al llevar la destrucci\u00f3n y la muerte al pa\u00eds provenzal, se destruy\u00f3 a s\u00ed mismo. Las fatigas y penalidades de la guerra minaron su d\u00e9bil constituci\u00f3n, la fiebre se apoder\u00f3 de \u00e9l, de tal modo, que al llegar a <strong>Montpensier<\/strong> no pudo seguir adelante, de modo que el ocho de noviembre de <strong>1226<\/strong> muri\u00f3, dejando a la famosa <strong>reina Blanca de Castilla<\/strong>, la pesada carga de la tutela de su hijo y de su corona.<\/span><\/p>\n<p style=\"text-align: justify;\"><span style=\"font-size: 14pt;\">Seg\u00fan <strong>Mathieu de Paris,<\/strong> <strong>Luis<\/strong> no muri\u00f3 de la fiebre, sino de un veneno que le dio el <strong>conde de<\/strong> <strong>Champa\u00f1a<\/strong>, que amaba a la <strong>reina Blanca<\/strong> con un amor carnal e il\u00edcito, y que tem\u00eda adem\u00e1s la venganza del <strong>Rey<\/strong> por su retirada del sitio de <strong>Avi\u00f1\u00f3n<\/strong>.<\/span><\/p>\n<p style=\"text-align: justify;\"><span style=\"font-size: 14pt;\">La conducta posterior del conde no deja duda sobre el amor que profesaba a la <strong>Reina<\/strong>, a pesar de que ella ten\u00eda ya treinta y ocho a\u00f1os y \u00e9l apenas veinticinco.\u00a0 Cu\u00e9ntese que la <strong>Reina<\/strong>, a pesar de su edad, conservaba las gracias y el esp\u00edritu de su juventud, lo que explica la pasi\u00f3n que supo inspirar al joven se\u00f1or.<\/span><\/p>\n<p style=\"text-align: justify;\"><span style=\"font-size: 14pt;\">La ambici\u00f3n de agrandar sus estados cost\u00f3 a <strong>Luis<\/strong> la reducci\u00f3n de su vida a breves a\u00f1os. Su muerte no salv\u00f3 al <strong>Mediod\u00eda<\/strong> de las garras de los inquisidores, a tal extremo lo hab\u00edan reducido las guerras; pero <strong>Luis<\/strong> no vio acabada la obra de iniquidad a que consagr\u00f3 en mal hora su poder.<\/span><\/p>\n<p>&nbsp;<\/p>\n<p><img loading=\"lazy\" decoding=\"async\" class=\"aligncenter wp-image-2220506\" src=\"https:\/\/puntocritico.com\/ausajpuntocritico\/wp-content\/uploads\/2021\/07\/loffit_la-albigense-la-mas-santa-de-las-cruzadas_01.jpg\" alt=\"\" width=\"660\" height=\"928\" data-id=\"2220506\" srcset=\"https:\/\/puntocritico.com\/ausajpuntocritico\/wp-content\/uploads\/2021\/07\/loffit_la-albigense-la-mas-santa-de-las-cruzadas_01.jpg 900w, https:\/\/puntocritico.com\/ausajpuntocritico\/wp-content\/uploads\/2021\/07\/loffit_la-albigense-la-mas-santa-de-las-cruzadas_01-213x300.jpg 213w, https:\/\/puntocritico.com\/ausajpuntocritico\/wp-content\/uploads\/2021\/07\/loffit_la-albigense-la-mas-santa-de-las-cruzadas_01-729x1024.jpg 729w, https:\/\/puntocritico.com\/ausajpuntocritico\/wp-content\/uploads\/2021\/07\/loffit_la-albigense-la-mas-santa-de-las-cruzadas_01-768x1079.jpg 768w, https:\/\/puntocritico.com\/ausajpuntocritico\/wp-content\/uploads\/2021\/07\/loffit_la-albigense-la-mas-santa-de-las-cruzadas_01-610x857.jpg 610w\" sizes=\"auto, (max-width: 660px) 100vw, 660px\" \/><\/p>\n<p>&nbsp;<\/p>\n<p style=\"text-align: center;\"><span style=\"font-size: 24pt;\"><strong>CAP\u00cdTULO XII<\/strong><\/span><\/p>\n<p>&nbsp;<\/p>\n<blockquote>\n<p style=\"text-align: center;\"><strong><span style=\"font-size: 14pt;\">Sumario<\/span><\/strong><\/p>\n<p style=\"text-align: center;\"><em><span style=\"font-size: 14pt;\">Continuaci\u00f3n de la lucha.- Medidas del clero para poner en pr\u00e1ctica las prescripciones del concilio de Letr\u00e1n.- Destrucci\u00f3n de la campi\u00f1a de Tolosa por los cruzados.- Raimundo busca mediadores para dirimir la contienda.- Tratado de Meaux.- Absoluci\u00f3n de Raimundo.- Imperio de la Inquisici\u00f3n en todo el Mediod\u00eda de Francia.- Disposiciones del concilio de Tolosa en 1220.- Sentencia dada por Santo Domingo de Guzm\u00e1n.- Muerte de Folquet.- Recompensas dadas a Raimundo VII por la Iglesia en premio de su sumisi\u00f3n.<\/span><\/em><\/p>\n<\/blockquote>\n<p>&nbsp;<\/p>\n<figure id=\"attachment_2220508\" aria-describedby=\"caption-attachment-2220508\" style=\"width: 600px\" class=\"wp-caption aligncenter\"><img loading=\"lazy\" decoding=\"async\" class=\"size-full wp-image-2220508\" src=\"https:\/\/puntocritico.com\/ausajpuntocritico\/wp-content\/uploads\/2021\/07\/beziers-1.jpg\" alt=\"\" width=\"600\" height=\"400\" data-id=\"2220508\" srcset=\"https:\/\/puntocritico.com\/ausajpuntocritico\/wp-content\/uploads\/2021\/07\/beziers-1.jpg 600w, https:\/\/puntocritico.com\/ausajpuntocritico\/wp-content\/uploads\/2021\/07\/beziers-1-300x200.jpg 300w\" sizes=\"auto, (max-width: 600px) 100vw, 600px\" \/><figcaption id=\"caption-attachment-2220508\" class=\"wp-caption-text\"><span style=\"color: #008000;\">Beziers<\/span><\/figcaption><\/figure>\n<p>&nbsp;<\/p>\n<p style=\"text-align: center;\"><span style=\"font-size: 18pt;\"><strong>I<\/strong><\/span><\/p>\n<p style=\"text-align: justify;\"><span style=\"font-size: 14pt;\">Los disturbios que siguieron a la muerte del rey, y la debilidad de la <strong>Francia<\/strong> feudal gobernada por una regente no aprovecharon gran cosa a los estados del <strong>Languedoc<\/strong>, desanimados y devastados por tantas guerras.<\/span><\/p>\n<p style=\"text-align: justify;\"><span style=\"font-size: 14pt;\">La lucha continu\u00f3, no obstante, y en el mismo a\u00f1o <strong>1227<\/strong>. <strong>Raimundo VII<\/strong>, reconquist\u00f3 a <strong>Rivas <\/strong>altas, ventaja contrabalanceada por la p\u00e9rdida del <strong>castillo de<\/strong> <strong>Becede<\/strong>, donde el <strong>arzobispo de<\/strong> <strong>Narbona<\/strong> y <strong>Folquet de Tolosa<\/strong>, a quien los meridionales llamaban \u00ab<em>el obispo del diablo<\/em>\u00ab, unidos a <strong>Beaujeu<\/strong>, quemaron vivos gran numero de herejes.<\/span><\/p>\n<p style=\"text-align: justify;\"><span style=\"font-size: 14pt;\">En marzo del mismo a\u00f1o un <strong>concilio provincial<\/strong> reuni\u00f3 en <strong>Narbona<\/strong> tom\u00f3 diversas medidas para poner en pr\u00e1ctica los mas rigorosos decretos del<strong> concilio de Letr\u00e1n<\/strong>. Cont\u00e1banse entre otras el establecimiento de \u00ab<em>testigos sinodales<\/em>\u00ab, especie de esp\u00edas de la <strong>Inquisici\u00f3n<\/strong>, en todos los pueblos: prohibici\u00f3n a los escribanos de recibir ning\u00fan testamento, sin la presencia del cura o del vicario, para asegurarse de la fe del testador, y prescribieron a los jud\u00edos llevaran sobre el pecho, como una marca infamante, la figura de una rueda amarilla.<\/span><\/p>\n<p style=\"text-align: justify;\"><span style=\"font-size: 14pt;\">La prolongaci\u00f3n de las turbulencias en <strong>Francia<\/strong> y la campa\u00f1a de <strong>1228<\/strong> fueron favorables a los meridionales. <strong>Raimundo <\/strong>recobr\u00f3 a <strong>Castel Sarrasin<\/strong> y muchos otros castillos; pero la <strong>Reina<\/strong> y el <strong>legado<\/strong>, alarmados por los progresos del tolosano, hicieron cuanto estuvo en su mano para reanimar el esp\u00edritu fan\u00e1tico y aventurero bien caracter\u00edstico de la \u00e9poca, y lograron mandar a <strong>Beajeu<\/strong> multitud de cruzados mas furiosos que nunca.<\/span><\/p>\n<p style=\"text-align: justify;\"><span style=\"font-size: 14pt;\">El ej\u00e9rcito cat\u00f3lico march\u00f3 sobre <strong>Tolosa<\/strong>, y sin atreverse a atacarla de frente, empez\u00f3 por ejecutar un proyecto sugerido por <strong>Folquet<\/strong> para abatir el orgullo de los tolosanos. El trece de junio de <strong>1228<\/strong>, las ricas campi\u00f1as que rodean a <strong>Tolosa<\/strong>, llenas de casas de campo y de bellas propiedades y que generalmente estaban fortificadas, los arboles, todo fue arrancado de ra\u00edz; cegaron las acequias y convirtieron las huertas y peque\u00f1os jardines, en medio de los que se levantaba la reina de las ciudades del <strong>Mediod\u00eda<\/strong>, en un desierto inhabitable. En todo se ocuparon durante tres meses consecutivos.<\/span><\/p>\n<p style=\"text-align: justify;\"><span style=\"font-size: 14pt;\">Este vandalismo que parec\u00eda el remate de diez y siete a\u00f1os de devastaci\u00f3n, sumergi\u00f3 al <strong>Conde<\/strong> y a los tolosanos en el m\u00e1s profundo estupor.<\/span><\/p>\n<p style=\"text-align: justify;\"><span style=\"font-size: 14pt;\">\u00bfDe qu\u00e9 les hab\u00eda servido la muerte de <strong>Sim\u00f3n de Montfort<\/strong>, si nuevos enemigos renac\u00edan sin cesar para renovar sus calamidades? \u00bfSer\u00eda necesario combatir hasta que no quedase piedra sobre piedra ni alma viviente del <strong>R\u00f3dano<\/strong> a los <strong>Pirineos<\/strong>? Al saber el abatimiento de los tolosanos, la <strong>reina Blanca<\/strong> y el <strong>legado<\/strong> <strong>del Papa<\/strong> creyeron la ocasi\u00f3n favorable, y enviaron al <strong>Conde<\/strong> y a la ciudad proposiciones de paz.<\/span><\/p>\n<p style=\"text-align: justify;\"><span style=\"font-size: 14pt;\"><strong>Raimundo<\/strong> acept\u00f3 la mediaci\u00f3n del <strong>abad de<\/strong> <strong>Grandselve<\/strong> y del <strong>conde Thinaud de Champa\u00f1a<\/strong>, que nunca participaron de la sa\u00f1a implacable de los barones franceses contra su familia, d\u00e1ndoles en diciembre de <strong>1228<\/strong> plenos poderes, y \u00e9l mismo fue a <strong>Meaux<\/strong>, ciudad del <strong>conde Thibaud<\/strong>, seguido del <strong>arzobispo de Narbona<\/strong>, de los <strong>obispos<\/strong> de toda la provincia y de los capitulares de <strong>Tolosa<\/strong>, donde los esperaban el <strong>legado<\/strong> y los <strong>prelados de<\/strong> <strong>Francia<\/strong>.<\/span><\/p>\n<p>&nbsp;<\/p>\n<p><img loading=\"lazy\" decoding=\"async\" class=\"aligncenter wp-image-2220509\" src=\"https:\/\/puntocritico.com\/ausajpuntocritico\/wp-content\/uploads\/2021\/07\/cathars3-903x1024-1.jpg\" alt=\"\" width=\"550\" height=\"624\" data-id=\"2220509\" srcset=\"https:\/\/puntocritico.com\/ausajpuntocritico\/wp-content\/uploads\/2021\/07\/cathars3-903x1024-1.jpg 903w, https:\/\/puntocritico.com\/ausajpuntocritico\/wp-content\/uploads\/2021\/07\/cathars3-903x1024-1-265x300.jpg 265w, https:\/\/puntocritico.com\/ausajpuntocritico\/wp-content\/uploads\/2021\/07\/cathars3-903x1024-1-768x871.jpg 768w, https:\/\/puntocritico.com\/ausajpuntocritico\/wp-content\/uploads\/2021\/07\/cathars3-903x1024-1-610x692.jpg 610w\" sizes=\"auto, (max-width: 550px) 100vw, 550px\" \/><\/p>\n<p>&nbsp;<\/p>\n<p style=\"text-align: center;\"><span style=\"font-size: 18pt;\"><strong>II<\/strong><\/span><\/p>\n<p style=\"text-align: justify;\"><span style=\"font-size: 14pt;\">Cuando las condiciones de la paz estuvieron arregladas, la <strong>Asamblea<\/strong> se traslad\u00f3 a <strong>Paris<\/strong>, a fin de que el joven rey ratificara el tratado.<\/span><\/p>\n<p style=\"text-align: justify;\"><span style=\"font-size: 14pt;\">El jueves Santo, 12 de abril de <strong>1229<\/strong>, el <strong>Rey<\/strong>, el <strong>conde Raimundo VII<\/strong>, el<strong> legado del<\/strong> <strong>Papa<\/strong> y los prelados fueron al atrio de la <strong>Catedral<\/strong>, ante la gran puerta, donde se ley\u00f3 el acara de la pacificaci\u00f3n que el <strong>Conde<\/strong> jur\u00f3 observar.<\/span><\/p>\n<p style=\"text-align: justify; padding-left: 40px;\"><span style=\"font-size: 14pt;\">\u00ab<em>Las clausulas eran tales, dice <strong>Guillermo<\/strong> de <strong>Puy Laurens<\/strong>, que cada una de ellas hubiera bastado como garant\u00eda o rehenes, si el <strong>Rey<\/strong> se apoderara del <strong>Conde<\/strong> en el campo de batalla; y aun el <strong>Conde<\/strong> hubiera pasado por excesivamente despojado y maltratado<\/em>\u00ab.<\/span><\/p>\n<p style=\"text-align: justify;\"><span style=\"font-size: 14pt;\"><strong>Raimundo<\/strong> prometi\u00f3:<\/span><\/p>\n<p style=\"text-align: justify;\"><span style=\"font-size: 14pt;\">1\u00ba Perseguir en sus tierras y en las de los suyos a los herejes perfectos, sus creyentes, fautores, y ocultadores, sin excluir sus parientes, vasallos y amigos, y pagar dos marcos de oro a cualquiera que prendiese un hereje.<\/span><\/p>\n<p style=\"text-align: justify;\"><span style=\"font-size: 14pt;\">2\u00ba Guardar y hacer guardar por sus vasallos las sentencias de excomuni\u00f3n, y confiscar los bienes de los que permaneciesen un a\u00f1o excomulgados, para obligarlos a volver al seno de la <strong>Santa Iglesia <\/strong>cat\u00f3lica, apost\u00f3lica, romana.<\/span><\/p>\n<p style=\"text-align: justify;\"><span style=\"font-size: 14pt;\">3\u00ba No nombrar ning\u00fan funcionario que no fuese cat\u00f3lico, y destituir los jud\u00edos y los sospechosos de herej\u00eda.<\/span><\/p>\n<p style=\"text-align: justify;\"><span style=\"font-size: 14pt;\">4\u00ba Tomar de manos del legado la cruz, e ir durante cuatro a\u00f1os a combatir a <strong>Ultramar<\/strong> contra los infieles.<\/span><\/p>\n<p style=\"text-align: justify; padding-left: 40px;\"><span style=\"font-size: 14pt;\">\u00ab<em>El <strong>Rey<\/strong>, queriendo despu\u00e9s hacerme gracia, dar\u00e1 en matrimonio mi hija que yo le remitir\u00e9 a uno de sus hermanos, y me dejar\u00e1 toda la di\u00f3cesis de Tolosa; pero despu\u00e9s de mi muerte, <strong>Tolosa<\/strong> y su <strong>di\u00f3cesis<\/strong> <strong>de Tolosa<\/strong>; pero despu\u00e9s de mi muerte, <strong>Tolosa<\/strong> y di\u00f3cesis pertenecer\u00e1n al <strong>hermano del<\/strong> <strong>Rey<\/strong> que se case con mi hija y a sus herederos , con exclusi\u00f3n de los otros que yo pueda tener; y si mi hija muere sin posterioridad, los dichos estados pertenecer\u00e1n al <strong>Rey<\/strong> a sus sucesores. El <strong>Rey<\/strong> me dejar\u00e1 el <strong>Agenais<\/strong>, la <strong>Rovergue<\/strong>, la parte del <strong>Albugeois<\/strong> que est\u00e1 al norte del <strong>Tarn<\/strong> y el <strong>Querci<\/strong>, salvo la ciudad de <strong>Cahors<\/strong>. Si yo muero sin otros hijos nacidos de leg\u00edtimo matrimonio, estos estados pertenecer\u00e1n a mi hija, que se casar\u00e1 con un hermano del <strong>Rey<\/strong> y a sus herederos. Yo ceso al rey a perpetuidad todos los otros estados que poseo del lado ac\u00e1 del <strong>R\u00f3dano,<\/strong> en el <strong>reino de Francia<\/strong>; en cuanto al <strong>marquesado de<\/strong> <strong>Provenza<\/strong> yo lo cedo a la perpetuidad a la <strong>Iglesia Romana<\/strong>. Yo arrasar\u00e9 hasta los cimientos los muros de <strong>Tolosa<\/strong>, y rellenar\u00e9 sus fosos, y har\u00e9 lo mismo con otras treinta plazas y castillos. Como garant\u00eda del cumplimiento de estos art\u00edculos entregar\u00e9 al <strong>Rey<\/strong> el <strong>castillo Narbon\u00e9s<\/strong> y otras nueve fortalezas que el <strong>Rey<\/strong> guardar\u00e1 durante diez a\u00f1os<\/em>\u00ab.<\/span><\/p>\n<p style=\"text-align: justify;\"><span style=\"font-size: 14pt;\"><strong>Raimundo<\/strong> se obligaba adem\u00e1s a pagar en cuatro a\u00f1os a la <strong>Iglesia<\/strong> y al clero 10.000 marcos de plata y otros 10.000 al <strong>Rey<\/strong>, y a mantener en <strong>Tolosa<\/strong> durante diez a\u00f1os doce profesores de teolog\u00eda, derecho can\u00f3nico, etc. Etc. A fin de dar a los estudios una direcci\u00f3n completamente cat\u00f3lica.<\/span><\/p>\n<p style=\"text-align: justify;\"><span style=\"font-size: 14pt;\">Cuando <strong>Raimundo<\/strong> jur\u00f3 cumplir en todas sus partes este tratado tan desastroso para \u00e9l, fue introducido en la <strong>Iglesia<\/strong>.<\/span><\/p>\n<p style=\"text-align: justify; padding-left: 40px;\"><span style=\"font-size: 14pt;\">\u00ab<em>Daba l\u00e1stima, dice el cronista <strong>Laurens<\/strong>, ver a un hombre tan grande y que hab\u00eda resistido durante tanto tiempo a naciones tan poderosas, conducido hasta el altar en camisa con las mangas remangadas y descalzo<\/em>\u00ab.<\/span><\/p>\n<p style=\"text-align: justify;\"><span style=\"font-size: 14pt;\">All\u00ed el <strong>legado pontifico<\/strong> le concedi\u00f3 al fin la absoluci\u00f3n tan caramente comprada y le reconcili\u00f3 con la <strong>Iglesia<\/strong>. Despu\u00e9s de esta ceremonia, <strong>Raimundo<\/strong> prest\u00f3 homenaje al <strong>Rey<\/strong> por los dominios que le restaban<\/span><\/p>\n<p style=\"text-align: justify;\"><span style=\"font-size: 14pt;\">De este modo se llev\u00f3 a cabo la anexi\u00f3n a la <strong>Francia<\/strong> de las bellas provincias del <strong>Mediod\u00eda<\/strong>, a costa de su prosperidad y de sus artes y civilizaci\u00f3n, tan adelantadas y bellas relativamente a la \u00e9poca en que florecieron.<\/span><\/p>\n<p style=\"text-align: justify;\"><span style=\"font-size: 14pt;\">No queriendo asistir a la demolici\u00f3n de aquellas fortalezas, testigos en otros tiempos de su gloria, <strong>Raimundo<\/strong> se constituy\u00f3 voluntariamente prisionero en el <strong>Louvre<\/strong>, hasta que su hija <strong>Juana<\/strong>, que ten\u00edan nueve a\u00f1os y sus castillos hubiesen sido entregados al <strong>Rey<\/strong>.<strong> Juana de Tolosa<\/strong> fue de desde luego desposada con <strong>Alfonso de Francia<\/strong>, tercer hijo <strong>de Luis VIII<\/strong>.<\/span><\/p>\n<p>&nbsp;<\/p>\n<p><img loading=\"lazy\" decoding=\"async\" class=\"aligncenter wp-image-2220510\" src=\"https:\/\/puntocritico.com\/ausajpuntocritico\/wp-content\/uploads\/2021\/07\/cathars-feat-image-1.jpg\" alt=\"\" width=\"550\" height=\"272\" data-id=\"2220510\" srcset=\"https:\/\/puntocritico.com\/ausajpuntocritico\/wp-content\/uploads\/2021\/07\/cathars-feat-image-1.jpg 2560w, https:\/\/puntocritico.com\/ausajpuntocritico\/wp-content\/uploads\/2021\/07\/cathars-feat-image-1-300x149.jpg 300w, https:\/\/puntocritico.com\/ausajpuntocritico\/wp-content\/uploads\/2021\/07\/cathars-feat-image-1-1024x507.jpg 1024w, https:\/\/puntocritico.com\/ausajpuntocritico\/wp-content\/uploads\/2021\/07\/cathars-feat-image-1-768x380.jpg 768w, https:\/\/puntocritico.com\/ausajpuntocritico\/wp-content\/uploads\/2021\/07\/cathars-feat-image-1-1536x761.jpg 1536w, https:\/\/puntocritico.com\/ausajpuntocritico\/wp-content\/uploads\/2021\/07\/cathars-feat-image-1-2048x1014.jpg 2048w, https:\/\/puntocritico.com\/ausajpuntocritico\/wp-content\/uploads\/2021\/07\/cathars-feat-image-1-610x302.jpg 610w, https:\/\/puntocritico.com\/ausajpuntocritico\/wp-content\/uploads\/2021\/07\/cathars-feat-image-1-1320x654.jpg 1320w\" sizes=\"auto, (max-width: 550px) 100vw, 550px\" \/><\/p>\n<p>&nbsp;<\/p>\n<p style=\"text-align: center;\"><span style=\"font-size: 18pt;\"><strong>III<\/strong><\/span><\/p>\n<p style=\"text-align: justify;\"><span style=\"font-size: 14pt;\">El <strong>tratado de<\/strong> <strong>Meaux<\/strong> agrav\u00f3 extraordinariamente las desgracias de los pa\u00edses provenzales. La <strong>Inquisici\u00f3n<\/strong> y la intolerancia m\u00e1s cruel no encontraron ya obst\u00e1culos en su omn\u00edmoda y sangrienta dominaci\u00f3n.<\/span><\/p>\n<p style=\"text-align: justify;\"><span style=\"font-size: 14pt;\">Desde el mes de abril de <strong>1229<\/strong>, un real decreto orden\u00f3 la m\u00e1s severa aplicaci\u00f3n de los c\u00e1nones del <strong>concilio de<\/strong> <strong>Letran <\/strong>en todos los dominios adquiridos por la corona, y desde entonces el <strong>Languedoc<\/strong> se vio entregado sin defensa a los agentes de la <strong>Inquisici\u00f3n.<\/strong><\/span><\/p>\n<p style=\"text-align: justify;\"><span style=\"font-size: 14pt;\">Cualquiera que hubiese ocultado, defendido o favorecido a los herejes no pod\u00eda ser apto ni para dar testimonio, ni para poseer dignidad alguna, ni para testar, ni heredar: todos sus bienes muebles o inmuebles deb\u00edan ser confiscados, y sus herederos leg\u00edtimos no pod\u00edan jam\u00e1s recobrarlos.<\/span><\/p>\n<p style=\"text-align: justify;\"><span style=\"font-size: 14pt;\">En noviembre de <strong>1229<\/strong>, el <strong>legado del<\/strong> <strong>Papa<\/strong>, <strong>Rom\u00e1n de San \u00c1ngel<\/strong>, presidi\u00f3 en <strong>Tolosa<\/strong> un <strong>concilio<\/strong>, que ten\u00eda por objeto organizar <strong>la Inquisici\u00f3n<\/strong>.<\/span><\/p>\n<p style=\"text-align: justify;\"><span style=\"font-size: 14pt;\">Entre otras cosas atroces aquel concili\u00f3 mand\u00f3 que los obispos nombrasen un sacerdote y dos o tres seglares en cada localidad, que investigasen y descubriesen cuidadosamente los herejes y sus fautores. <\/span><\/p>\n<p style=\"text-align: justify; padding-left: 40px;\"><span style=\"font-size: 14pt;\">\u00ab<em>Deben visitar todas las casas de cada parroquia sin descuidar s\u00f3tanos, subterr\u00e1neos ni bohardillas, y los escondrijos que encuentren deben destruirlos, y a los herejes o sus fautores que descubran les impedir\u00e1n fugarse y los denunciaran inmediatamente al obispo, o al se\u00f1or, o a su bail\u00edo<\/em>\u00ab.<\/span><\/p>\n<p style=\"text-align: justify; padding-left: 40px;\"><span style=\"font-size: 14pt;\">\u00ab<em>Los se\u00f1ores, por su parte, har\u00e1n tambi\u00e9n registrar sus aldeas, las casas aisladas y los bisques. Si se le prueba a alguno que permiti\u00f3 a un hereje vivir en sus tierras, las perder\u00e1, y su persona ser\u00e1 puesta a la disposici\u00f3n de su se\u00f1or para que haga justicia.<\/em><\/span><\/p>\n<p style=\"text-align: justify; padding-left: 40px;\"><span style=\"font-size: 14pt;\"><em>El bailo que no sea activo en descubrir los herejes, perder\u00e1 sus bienes. La casa en que se descubra un hereje, ser\u00e1 demolida y confiscado el terreno. En cada parroquia se inscribir\u00e1n los nombres de todos los feligreses; y los hombres desde la edad de catorce a\u00f1os y desde la de doce las mujeres, juraran ante el obispo o sus delegados, renunciar a toda herej\u00eda y delatar a todos los herejes<\/em>\u00ab.<\/span><\/p>\n<p style=\"text-align: justify;\"><span style=\"font-size: 14pt;\">Este juramento deb\u00eda renovarse cada dos a\u00f1os y el que se negase a prestarlo ser\u00eda reputado y tratado como sospechoso de herej\u00eda.<\/span><\/p>\n<p style=\"text-align: justify;\"><span style=\"font-size: 14pt;\">Parece imposible que pudiera imaginarse nada m\u00e1s terrible que ense\u00f1ar y prescribir como un deber religioso a muchachas de doce y catorce a\u00f1os a delatar personas a quienes costar\u00eda la vida su delaci\u00f3n.<\/span><\/p>\n<p style=\"text-align: justify;\"><span style=\"font-size: 14pt;\">Pero las prescripciones del concilio de<strong> Tolosa<\/strong> no lo son tanto como las de <strong>Federico II<\/strong>. Este se\u00f1or public\u00f3 un edicto en 1224, por la mediaci\u00f3n de su <strong>canciller Pedro de las Vi\u00f1as<\/strong>, en que mandaba, que los hijos de los herejes, hasta la segunda generaci\u00f3n, fuesen privados de todos los empleos p\u00fablicos, a menos que no denunciasen a sus padres. Este documento se encuentra en la historia eclesi\u00e1stica de <strong>Fleuri<\/strong>, tomo XVI, pagina 524.<\/span><\/p>\n<p style=\"text-align: justify;\"><span style=\"font-size: 14pt;\">Continuemos la enumeraci\u00f3n de las prescripciones de los <strong>prelados<\/strong> reunidos en <strong>Tolosa<\/strong>.<\/span><\/p>\n<p style=\"text-align: justify; padding-left: 40px;\"><span style=\"font-size: 14pt;\">\u00ab<em>El que no se confiese y comulgue, al menos tres veces al a\u00f1o, ser\u00e1 considerado como sospechoso (el sospechoso se juzgaba como culpable si no se justificaba en un a\u00f1o.) Los herejes que se arrepintieran y se denunciaran a s\u00ed mismos espont\u00e1neamente, serian libres; pero deber\u00edan llevar sobre sus vestidos dos cruces de color diferente como signo de la sinceridad de su arrepentimiento<\/em>\u00ab.<\/span><\/p>\n<p style=\"text-align: justify; padding-left: 40px;\"><span style=\"font-size: 14pt;\">\u00ab<em>Los herejes convertidos por temor de la muerte o por otros motivos interesados ser\u00e1n encerrados bajo la vigilancia\u00a0 del obispo<\/em>\u00ab.<\/span><\/p>\n<p style=\"text-align: justify; padding-left: 40px;\"><span style=\"font-size: 14pt;\">\u00ab<em>Los seglares no podr\u00e1n tener los libros del antiguo y del nuevo <strong>Testamento<\/strong>, menos el breviario o las horas de la bienaventurada <strong>Mar\u00eda<\/strong>, sino a condici\u00f3n de que no est\u00e9n traducidas en el lenguaje vulgar<\/em>\u00ab.<\/span><\/p>\n<p style=\"text-align: justify;\"><span style=\"font-size: 14pt;\"><strong>Raimundo VII<\/strong> y sus principales barones asistieron al concilio, y pasaron por todo lo que quisieron lo mismo que la municipalidad de <strong>Tolosa<\/strong>.<\/span><\/p>\n<p>&nbsp;<\/p>\n<p><img loading=\"lazy\" decoding=\"async\" class=\"aligncenter wp-image-2220511\" src=\"https:\/\/puntocritico.com\/ausajpuntocritico\/wp-content\/uploads\/2021\/07\/cathars-france-1.jpg\" alt=\"\" width=\"550\" height=\"354\" data-id=\"2220511\" srcset=\"https:\/\/puntocritico.com\/ausajpuntocritico\/wp-content\/uploads\/2021\/07\/cathars-france-1.jpg 978w, https:\/\/puntocritico.com\/ausajpuntocritico\/wp-content\/uploads\/2021\/07\/cathars-france-1-300x193.jpg 300w, https:\/\/puntocritico.com\/ausajpuntocritico\/wp-content\/uploads\/2021\/07\/cathars-france-1-768x495.jpg 768w, https:\/\/puntocritico.com\/ausajpuntocritico\/wp-content\/uploads\/2021\/07\/cathars-france-1-610x393.jpg 610w\" sizes=\"auto, (max-width: 550px) 100vw, 550px\" \/><\/p>\n<p>&nbsp;<\/p>\n<p style=\"text-align: center;\"><span style=\"font-size: 18pt;\"><strong>IV<\/strong><\/span><\/p>\n<p style=\"text-align: justify;\"><span style=\"font-size: 14pt;\">Aquel concilio provincial, fue mas all\u00e1 que el de <strong>Letr\u00e1n<\/strong>; pues suprimi\u00f3 las garant\u00edas concedidas aun en aquellas edades de tinieblas a los acusados; tales como el derecho de\u00a0 defenderse, careo con los acusadores, pruebas, etc. etc.<\/span><\/p>\n<p style=\"text-align: justify;\"><span style=\"font-size: 14pt;\">La <strong>Inquisici\u00f3n<\/strong> victoriosa se estableci\u00f3 en <strong>Tolosa<\/strong>, con las mismas condiciones que mas tarde en <strong>Espa\u00f1a<\/strong>: el secreto m\u00e1s riguroso, la impunidad, el an\u00f3nimo de las delaciones, la incomunicaci\u00f3n y todos los errores que han contribuido a producir, la incomunicaci\u00f3n y todos los errores que han contribuido a producir el odio que inspira semejante tribunal aun a los mas ardientes cat\u00f3licos.<\/span><\/p>\n<p style=\"text-align: justify;\"><span style=\"font-size: 14pt;\">La historia ha conservado aquellos monumentos engendrados por el genio de la intolerancia. \u00bfQu\u00e9 era, en efecto, la severidad de <strong>Santo Domingo de Guzm\u00e1n,<\/strong> comparada con la de los que le siguieron en tan funesto camino? <strong>Santo Domingo<\/strong> era blando y humano cuando se le pone en parang\u00f3n con el <strong>obispo Folquet<\/strong> y sus socios de <strong>1229<\/strong>. \u00a0Y sin embargo, lease la siguiente sentencia impuesta por el fundador de la orden de los predicadores a un hereje espont\u00e1neamente arrepentido, y cuya autenticidad es incontestable.<\/span><\/p>\n<p style=\"text-align: justify;\"><span style=\"font-size: 14pt;\">Sentencia dada por <strong>Santo Domingo de Guzm\u00e1n<\/strong>, contra <strong>Ponce Roger<\/strong>. Este documento est\u00e1 extractado de <em>Origine et progresso Inquisitionis<\/em>.<\/span><\/p>\n<p style=\"text-align: justify; padding-left: 40px;\"><span style=\"font-size: 14pt;\">\u00ab<em>A todos los fieles cristianos a cuyo conocimiento lleguen las presentes letras, <strong>Fray Domingo<\/strong>, <strong>can\u00f3nigo de<\/strong> <strong>Osma<\/strong>, el \u00faltimo entre los predicadores, salud en <strong>Jesucristo<\/strong>.<\/em><\/span><\/p>\n<p style=\"text-align: justify; padding-left: 40px;\"><span style=\"font-size: 14pt;\"><em>En virtud de la autoridad del <strong>SR. Legado<\/strong> <strong>de la Santa Silla Apost\u00f3lica<\/strong>, que estamos encargados de representar, hemos reconciliado al portador de estas letras, <strong>Ponce Roger<\/strong>, que abandon\u00f3, por la gracia de Dios, la secta de los herejes; y le hemos ordenador despu\u00e9s que nos ha prometido bajo juramento ejecutar nuestras ordenes, que, tres domingos sucesivos, se deje conducir desnudo por un sacerdote que lo azotar\u00e1 con cuerdas, desde la puerta de la ciudad hasta la de la iglesia. Le imponemos igualmente por penitencia no comer carnes, huevos, queso, ni otro alimento alguno sacado del reino animal en toda su vida, exceptuando los d\u00edas de las pascuas de Pentecost\u00e9s y de la Natividad de Nuestro Se\u00f1or, en los cuales le ordenamos que los coma en signo de aversi\u00f3n a su antigua herej\u00eda; hacer tres cuaresmas en el a\u00f1o, absteni\u00e9ndose de pescado, aceite y vino tres d\u00edas en la semana durante toda su vida, menos en caso de enfermedad y de trabajos forzados. De llevar un habito religioso, tanto por la forma como por el color, con dos crucecitas cosidas a cada lado del pecho; o\u00edr misa todos los d\u00edas, asistir a v\u00edsperas los domingos y las fiestas recitar con puntualidad el oficio del d\u00eda y de la noche y el pater noster siete veces durante el d\u00eda, diez por la tarde y veinte y cinco a media noche. Viv\u00eds castamente y ense\u00f1ar una vez cada mes la presente carta al <strong>cura de<\/strong> <strong>Fereri,<\/strong> su parroquia, al cual ordenamos que vigile la conducta de <strong>Roger, <\/strong>quien deber\u00e1 cumplir fielmente todo lo que se le ordena, hasta que el <strong>Sr. Legado<\/strong> nos haga conocer su voluntad: y si el dicho\u00a0 <strong>Ponce<\/strong> falta a su juramento, ordenamos, que sea considerado como perjuro, hereje y excomulgado<\/em>&#8230;\u00bb.<\/span><\/p>\n<p>&nbsp;<\/p>\n<p><img loading=\"lazy\" decoding=\"async\" class=\"aligncenter wp-image-2220512\" src=\"https:\/\/puntocritico.com\/ausajpuntocritico\/wp-content\/uploads\/2021\/07\/200px-DeathMontfort.jpg\" alt=\"\" width=\"442\" height=\"641\" data-id=\"2220512\" \/><\/p>\n<p>&nbsp;<\/p>\n<p style=\"text-align: center;\"><span style=\"font-size: 18pt;\"><strong>V<\/strong><\/span><\/p>\n<p style=\"text-align: justify;\"><span style=\"font-size: 14pt;\">Uno de los efectos m\u00e1s funestos del sistema tenebroso establecido para los procedimientos inquisitoriales, fue el que poco a poco se fuese adoptando por los otros tribunales en reemplazo del rudo, pero leal sistema antiguo, fundado en la buena fe.<\/span><\/p>\n<p style=\"text-align: justify;\"><span style=\"font-size: 14pt;\">Los legistas reales que, antes de concluir el <strong>siglo XIII<\/strong>, reemplazaron en los tribunales a los se\u00f1ores feudales, tomaron de los procedimientos de la <strong>Inquisici\u00f3n <\/strong>los mas barbaros, odiosos y tir\u00e1nicos.<\/span><\/p>\n<p style=\"text-align: justify;\"><span style=\"font-size: 14pt;\">La muerte del obispo <strong>Folquet<\/strong> en 1231, no alivi\u00f3 la opresi\u00f3n que sufr\u00edan <strong>Raimundo VII<\/strong> y sus antiguos estados. Un dominicano, compa\u00f1ero de <strong>Santo Domingo<\/strong> reemplaz\u00f3 a <strong>Folquet,<\/strong> y amenazado, atormentado por \u00e9l y por el <strong>legado del Papa<\/strong>, <strong>Raimundo <\/strong>tuvo que ir a <strong>Melum<\/strong> y dar al <strong>Rey<\/strong> nuevas garant\u00edas de su sinceridad en la persecuci\u00f3n de los herejes. Para librarse de una nueva excomuni\u00f3n y de sus desastrosos efectos, tuvo que ayudar eficazmente, a los inquisidores convirti\u00e9ndose en esbirro, y haciendo actos odiosos que le repugnaban. Su obediencia y prestar homenaje a la corte pontificia. Adem\u00e1s fue relevado del juramento de ir en peregrinaci\u00f3n a la <strong>Tierra Santa<\/strong>.<\/span><\/p>\n<p>&nbsp;<\/p>\n<figure id=\"attachment_2220609\" aria-describedby=\"caption-attachment-2220609\" style=\"width: 678px\" class=\"wp-caption aligncenter\"><img loading=\"lazy\" decoding=\"async\" class=\"wp-image-2220609 size-mh-magazine-content\" src=\"https:\/\/puntocritico.com\/ausajpuntocritico\/wp-content\/uploads\/2021\/07\/detalle-berruguete-auto-de-fe-presidido-por-santo-domingo-de-guzman-1493-94.-museo-del-Prado-678x381.jpg\" alt=\"\" width=\"678\" height=\"381\" data-id=\"2220609\" \/><figcaption id=\"caption-attachment-2220609\" class=\"wp-caption-text\"><span style=\"color: #008000;\">\u00b4Berruguete, Auto de fe presidido por Domingo de Guzm\u00e1n (detalle)<\/span><\/figcaption><\/figure>\n<p>&nbsp;<\/p>\n<p style=\"text-align: center;\"><span style=\"font-size: 24pt;\"><strong>CAPITULO XIII<\/strong><\/span><\/p>\n<blockquote>\n<p style=\"text-align: center;\"><strong><span style=\"font-size: 14pt;\">Sumario<\/span><\/strong><\/p>\n<p style=\"text-align: center;\"><span style=\"font-size: 14pt;\">R<em>igores de la Inquisici\u00f3n.- Rebeli\u00f3n en Narbona.- Expulsi\u00f3n de los inquisidores de Tolosa.- Excomuni\u00f3n de los tolosanos.- Suspensi\u00f3n por el Papa de la Inquisici\u00f3n de Tolosa.- Reto\u00f1os de la herej\u00eda en diversos pa\u00edses.- Los herejes de Montvimer.- Nueva guerra en 1242 en el Languedoc.- Sumisi\u00f3n de los rebeldes al rey de Francia.- \u00daltimo episodio de la guerra de los albigenses.- Destrucci\u00f3n del castillo de Montsegur.- Quema de los herejes, de la se\u00f1orita Esclarmonde y del obispo Bertrand Martin.<\/em><\/span><\/p>\n<\/blockquote>\n<p>&nbsp;<\/p>\n<figure id=\"attachment_2220610\" aria-describedby=\"caption-attachment-2220610\" style=\"width: 360px\" class=\"wp-caption aligncenter\"><img loading=\"lazy\" decoding=\"async\" class=\"wp-image-2220610\" src=\"https:\/\/puntocritico.com\/ausajpuntocritico\/wp-content\/uploads\/2021\/07\/Pere-de-Vaux-Los-Cataros.jpg\" alt=\"\" width=\"360\" height=\"497\" data-id=\"2220610\" srcset=\"https:\/\/puntocritico.com\/ausajpuntocritico\/wp-content\/uploads\/2021\/07\/Pere-de-Vaux-Los-Cataros.jpg 250w, https:\/\/puntocritico.com\/ausajpuntocritico\/wp-content\/uploads\/2021\/07\/Pere-de-Vaux-Los-Cataros-217x300.jpg 217w\" sizes=\"auto, (max-width: 360px) 100vw, 360px\" \/><figcaption id=\"caption-attachment-2220610\" class=\"wp-caption-text\"><span style=\"color: #008000;\">Pere de Vaux, Los C\u00e1taros<\/span><\/figcaption><\/figure>\n<p>&nbsp;<\/p>\n<p style=\"text-align: center;\"><strong><span style=\"font-size: 18pt;\">I<\/span><\/strong><\/p>\n<p style=\"text-align: justify;\"><span style=\"font-size: 14pt;\">Las poblaciones de los antiguos estados de <strong>Raimundo <\/strong>no sacaron ventaja alguna de la nueva posici\u00f3n de su se\u00f1or, a pesar de que estaban tan sometidos como \u00e9l al dominio de la Iglesia.<\/span><\/p>\n<p style=\"text-align: justify;\"><span style=\"font-size: 14pt;\">El <strong>Papa Gregorio IX<\/strong> dio m\u00e1s fuerza a la <strong>Inquisici\u00f3n<\/strong>, confi\u00e1ndola expresamente por decreto de 1233 a los dominicanos, y desde entonces esta orden religiosa y el tribunal no volvieron a separar, hasta que el \u00faltimo se hundi\u00f3 bajo el anatema de la humanidad en \u00e9poca no lejana.<\/span><\/p>\n<p style=\"text-align: justify;\"><span style=\"font-size: 14pt;\">Dos dominicanos recibieron en cada ciudad los poderes inquisitoriales, lo que impidi\u00f3 al episcopado rivalizar con ellos en celo por el exterminio de los herejes.<\/span><\/p>\n<p style=\"text-align: justify;\"><span style=\"font-size: 14pt;\">El concilio provincial de <strong>Nimes<\/strong>, reunido en 1233, autoriz\u00f3 a todo individuo detener, arrestar y entregar al obispo de su di\u00f3cesis, cualquier persona que creyese sospechosa de herej\u00eda.<\/span><\/p>\n<p style=\"text-align: justify;\"><span style=\"font-size: 14pt;\">El <strong>concilio<\/strong> reunido en <strong>Narbona<\/strong>, en <strong>1235<\/strong>, promulg\u00f3 a petici\u00f3n de los frailes dominicos un reglamento, del cual extractamos los siguientes pasajes:<\/span><\/p>\n<p style=\"text-align: justify; padding-left: 40px;\"><span style=\"font-size: 14pt;\">\u00ab<em>Los herejes que de uno u otro modo se han hecho indignos de indulgencia y que\u00a0 no obstante se sometan a la <strong>Iglesia<\/strong>, deben ser encerrados en un calabozo durante el resto de su vida; pero como el numero es tan grande, que no es posible construir casas para todos, podr\u00e9is, en caso de necesidad, dispensarlos del encierro, hasta que el se\u00f1or <strong>Papa<\/strong> sea ampliamente informado. En cuanto a los rebeldes que reh\u00fasen entrar o permanecer en la prisi\u00f3n, o cumplir cualquiera otra penitencia, los abandonareis al juez secular, sin escucharlos m\u00e1s, y del mismo modo tratareis a los relapsos<\/em>\u00ab.<\/span><\/p>\n<p style=\"text-align: justify;\"><span style=\"font-size: 14pt;\">Como se ve por el p\u00e1rrafo precedente, la menor tentativa para escapar, el menor descuido en el cumplimiento de las penitencias impuestas por el tribunal eran castigados con la muerte.<\/span><\/p>\n<p style=\"text-align: justify;\"><span style=\"font-size: 14pt;\">Pero continuemos el extracto.<\/span><\/p>\n<p style=\"text-align: justify; padding-left: 40px;\"><span style=\"font-size: 14pt;\">\u00ab<em>Ning\u00fan hombre sospechoso puede ser dispensado de la prisi\u00f3n, por consideraci\u00f3n a su mujer, ni est\u00e1 por la de su marido; ni los padres por los hijos, ni los hijos por los padres; ni nadie en fin por causa de los que de \u00e9l depende; ninguno debe excusarse de sufrir el encierro por su edad, ni debilidad u otras causas semejantes..<\/em>.\u00bb-<\/span><\/p>\n<p style=\"text-align: justify;\"><span style=\"font-size: 14pt;\">Teniendo en cuenta la enormidad del crimen de herej\u00eda, deben ser admitidos a declarar contra los que \u00e9l sean acusados, para convencerlos, los malhechores, los infames, y todos los que est\u00e1n excluidos en justicia&#8230; El que contin\u00fae negando, cuando hay prueba suficiente contra \u00e9l por testigos, o de otro modo, debe ser calificado sin vacilar hereje impenitente, a pesar de todo cuanto haga para mostrar que se ha convertido. Guardaos por la voluntad\u00a0 prudente de la <strong>Silla Apost\u00f3lica<\/strong> de revelar los nombres de los testigos.<\/span><\/p>\n<p>&nbsp;<\/p>\n<p><img loading=\"lazy\" decoding=\"async\" class=\"aligncenter wp-image-2220611\" src=\"https:\/\/puntocritico.com\/ausajpuntocritico\/wp-content\/uploads\/2021\/07\/Pedro-Valdo.jpg\" alt=\"\" width=\"442\" height=\"245\" data-id=\"2220611\" \/><\/p>\n<p>&nbsp;<\/p>\n<p style=\"text-align: center;\"><span style=\"font-size: 18pt;\"><strong>II<\/strong><\/span><\/p>\n<p style=\"text-align: justify;\"><span style=\"font-size: 14pt;\">Con semejantes leyes, puestas en pr\u00e1ctica por tales int\u00e9rpretes, nadie ten\u00eda segura su libertad ni su vida, por m\u00e1s que fuese bien cat\u00f3lico.<\/span><\/p>\n<p style=\"text-align: justify;\"><span style=\"font-size: 14pt;\">El resultado de las violencias cometidas por los inquisidores y sus secuaces, fue provocar una rebeli\u00f3n a mano armada, inspirada por la desesperaci\u00f3n, mas que por la esperanza del triunfo, en aquel pa\u00eds aniquilado y devastado por tan sangrientas guerras, sitios y matanzas.<\/span><\/p>\n<p style=\"text-align: justify;\"><span style=\"font-size: 14pt;\">La violencia engendra la violencia, y los tolosanos recurrieron al pu\u00f1al para deshacerse de esp\u00edas y delatores; de verdugos y despojadores.<\/span><\/p>\n<p style=\"text-align: justify;\"><span style=\"font-size: 14pt;\">En marzo de <strong>1234<\/strong>, se sublev\u00f3 el arrabal de <strong>Narbona<\/strong> a causa de las exigencias del prior de los dominicos, que quiso llevar preso a uno\u00a0 de los principales ciudadanos. En vano el arzobispo y el vizconde de <strong>Narbona<\/strong> intervinieron para hacer cesar la rebeli\u00f3n: la gente del arrabal los arroj\u00f3 y arrastr\u00f3\u00a0 imp\u00e1vida la excomuni\u00f3n lanzada contra ellos por el arzobispo, y los ataques a mano armada de sus enemigos.<\/span><\/p>\n<p style=\"text-align: justify;\"><span style=\"font-size: 14pt;\">Los c\u00f3nsules del arrabal escribieron a los de <strong>Nimes<\/strong> pidi\u00e9ndoles auxilio, y les dec\u00edan ente otras cosas: &lt;Los inquisidores no piensan m\u00e1s que en apoderarse de los ricos, sean o no herejes; y sin tomarse la pena de sentenciarlas, han hecho morir a varias personas en los calabozos.<\/span><\/p>\n<p style=\"text-align: justify;\"><span style=\"font-size: 14pt;\">Una rebeli\u00f3n violenta tuvo tambi\u00e9n lugar en <strong>Albi<\/strong>, a causa de la violencia del tribunal de la Inquisici\u00f3n.<\/span><\/p>\n<p style=\"text-align: justify;\"><span style=\"font-size: 14pt;\">En <strong>Tolosa<\/strong>, cuarenta dominicos no se daban hora de reposo en el descubrimiento y condena de herejes, supuestos o verdaderos, y en su furor, ni la tumba respetaban: formaban procesos a los muertos, los condenaban por las herej\u00edas que hubiesen ya pasado por herencia o venta a muchas manos.<\/span><\/p>\n<p style=\"text-align: justify;\"><span style=\"font-size: 14pt;\">Al fin, la indignaci\u00f3n p\u00fablica se manifest\u00f3, y no por medio de asonadas como en <strong>Narbona,<\/strong> sino por la intervenci\u00f3n legal de la municipalidad, que intim\u00f3 a todos los inquisidores y frailes dominicos saliesen de la ciudad o \u00ab<em>cesasen en todas sus persecuciones y procedimientos<\/em>\u00ab.<\/span><\/p>\n<p style=\"text-align: justify;\"><span style=\"font-size: 14pt;\">Los dos inquisidores <strong>Guillermo Arnaud<\/strong> y <strong>Pedro Cellani<\/strong> y los otros treinta y ocho frailes dominicos del convento de <strong>Tolosa<\/strong>, salieron procesionalmente de la ciudad, con el obispo que hab\u00eda sido de su orden, y todos los capellanes y curas de las parroquias.<\/span><\/p>\n<p style=\"text-align: justify;\"><span style=\"font-size: 14pt;\">Algunos d\u00edas despu\u00e9s, el 10 de noviembre de <strong>1235<\/strong>, la excomuni\u00f3n fue lanzada contra los tolosanos, y aunque estaba ausente el <strong>conde Raimundo<\/strong>, fue incluso en el entredicho. En la alternativa de sostener a los tolosanos o a los inquisidores, el <strong>Conde<\/strong> se decidi\u00f3 por lo ultimo: hizolos volver, aunque no lo obtuvo sino despu\u00e9s de mucho negociar.<\/span><\/p>\n<p style=\"text-align: justify;\"><span style=\"font-size: 14pt;\">Por sus actos posteriores, parece que la corte de <strong>Roma<\/strong> comprendi\u00f3 el peligro de dejar carta blanca a los inquisidores, que esparc\u00edan en el <strong>Mediod\u00eda<\/strong> la desesperaci\u00f3n y el odio contra la religi\u00f3n de que se supon\u00edan defensores, y en <strong>1237<\/strong>, el legado del Papa, para templar el rigor excesivo de los <strong>frailes dominicos<\/strong>, que desempe\u00f1aban las funciones de inquisidores, mando que a cada uno de estos se le agregara un fraile franciscano, \u00ab<em>que deb\u00eda templar su rigor por su<\/em> <em>m<\/em><em>ansedumbre<\/em>\u201d, y despu\u00e9s, por una orden de la corte de <strong>Roma<\/strong>, se suspendi\u00f3, a instancias de la municipalidad, la <strong>Inquisici\u00f3n<\/strong> en <strong>Tolosa.<\/strong>\u00a0 \u00bfA qu\u00e9 estado no deber\u00edan haber llegado las cosas para que esta medida fuese adoptada?<\/span><\/p>\n<p>&nbsp;<\/p>\n<p><img loading=\"lazy\" decoding=\"async\" class=\"aligncenter size-full wp-image-2220612\" src=\"https:\/\/puntocritico.com\/ausajpuntocritico\/wp-content\/uploads\/2021\/07\/quemahereje.jpg\" alt=\"\" width=\"500\" height=\"339\" data-id=\"2220612\" srcset=\"https:\/\/puntocritico.com\/ausajpuntocritico\/wp-content\/uploads\/2021\/07\/quemahereje.jpg 500w, https:\/\/puntocritico.com\/ausajpuntocritico\/wp-content\/uploads\/2021\/07\/quemahereje-300x203.jpg 300w\" sizes=\"auto, (max-width: 500px) 100vw, 500px\" \/><\/p>\n<p>&nbsp;<\/p>\n<p style=\"text-align: center;\"><span style=\"font-size: 18pt;\"><strong>III<\/strong><\/span><\/p>\n<p style=\"text-align: justify;\"><span style=\"font-size: 14pt;\">Si el <strong>Languedoc<\/strong> se sublevaba todav\u00eda, no era en verdad inspirado por los herejes, sino excitado por la m\u00e1s violenta de las tiran\u00edas.<\/span><\/p>\n<p style=\"text-align: justify;\"><span style=\"font-size: 14pt;\">La herej\u00eda hab\u00eda sido ahogada en aquel pa\u00eds en torrentes de sangre, y sus restos, reducidos a algunos <em>perfectos<\/em>, se ocultaban a la sa\u00f1a de sus enemigos en las asperezas de las cavernas y de los <strong>Pirineos<\/strong>, mientras los valdenses se refugiaban en los valles de los <strong>Alpes<\/strong>, de donde proced\u00edan, y donde los hemos visto perpetuarse hasta nuestros d\u00edas a pesar de las persecuciones.<\/span><\/p>\n<p style=\"text-align: justify;\"><span style=\"font-size: 14pt;\">Despu\u00e9s de tantos esfuerzos, solo se hab\u00eda conseguido cortar una rama de la herej\u00eda: el tronco subsist\u00eda aunque en pie entre el <strong>Danubio<\/strong> y el <strong>Adri\u00e1tico<\/strong>, en los pa\u00edses eslavos y la <strong>Bulgaria,<\/strong> y sus reto\u00f1os crec\u00edan con rapidez amenazadora en la misma <strong>Italia.<\/strong><\/span><\/p>\n<p style=\"text-align: justify;\"><span style=\"font-size: 14pt;\">El papa <strong>Gregorio IX<\/strong> descubri\u00f3 en <strong>Roma<\/strong> numerosos sectario, y supo con horror que la herej\u00eda se propagaba en el norte de <strong>Alemania<\/strong>, infestando distritos enteros\u00a0 de la <strong>Saja Sajonia<\/strong> y de la <strong>Frisia <\/strong>oriental, que se negaban a pagar el diezmo y arrojaban a los sacerdotes y a los frailes. En <strong>1233<\/strong> el <strong>Papa<\/strong> hizo predicar en <strong>Alemania<\/strong> y en <strong>B\u00e9lgica<\/strong> la cruzada contra los herejes, a quienes llamaban <strong>Stadingen<\/strong>, del nombre de la ciudad de <strong>Stade<\/strong>, situada sobre el bajo <strong>Elba<\/strong>.<\/span><\/p>\n<p style=\"text-align: justify;\"><span style=\"font-size: 14pt;\">Multitud de ellos fueron quemados vivos; pero el grueso de los <strong>Stadingen<\/strong> se atrincher\u00f3 en los pantanos del bajo <strong>Weser<\/strong> y sostuvieron el choque de los cruzados, hasta que agobiados por el n\u00famero de sus enemigos murieron todos combatiendo con heroico valor.<\/span><\/p>\n<p>&nbsp;<\/p>\n<figure id=\"attachment_2220614\" aria-describedby=\"caption-attachment-2220614\" style=\"width: 497px\" class=\"wp-caption aligncenter\"><img loading=\"lazy\" decoding=\"async\" class=\"size-full wp-image-2220614\" src=\"https:\/\/puntocritico.com\/ausajpuntocritico\/wp-content\/uploads\/2021\/07\/montsegur-nevado.jpg\" alt=\"\" width=\"497\" height=\"337\" data-id=\"2220614\" srcset=\"https:\/\/puntocritico.com\/ausajpuntocritico\/wp-content\/uploads\/2021\/07\/montsegur-nevado.jpg 497w, https:\/\/puntocritico.com\/ausajpuntocritico\/wp-content\/uploads\/2021\/07\/montsegur-nevado-300x203.jpg 300w\" sizes=\"auto, (max-width: 497px) 100vw, 497px\" \/><figcaption id=\"caption-attachment-2220614\" class=\"wp-caption-text\"><span style=\"color: #008000;\">Montsegur<\/span><\/figcaption><\/figure>\n<p style=\"text-align: center;\"><span style=\"font-size: 18pt;\"><strong>I<\/strong><strong>V<\/strong><\/span><\/p>\n<p style=\"text-align: justify;\"><span style=\"font-size: 14pt;\">Los frailes dominicos y franciscanos descubrieron y entregaron a los \u00faltimos suplicios, en <strong>1236<\/strong>, muchos herejes llamados <\/span><strong style=\"font-size: 14pt;\">Paterinos <\/strong><span style=\"font-size: 14pt;\">y <\/span><strong style=\"font-size: 14pt;\">B\u00falgaros<\/strong><span style=\"font-size: 14pt;\">, en <\/span><strong style=\"font-size: 14pt;\">Flandes<\/strong><span style=\"font-size: 14pt;\"> y en el norte de <strong>Francia<\/strong>. Un Fraile <strong>dominico<\/strong>, llamado <strong>Roberto,<\/strong> y por apodo el <\/span><strong style=\"font-size: 14pt;\">B\u00falgaro<\/strong><span style=\"font-size: 14pt;\">, porque hab\u00eda participado de la misma herej\u00eda de que fue perseguidor encarnizado, y hasta ocupado un puesto entre los perfectos maniqueos, lleg\u00f3 a ser el azote de sus antiguos correligionarios. \u00a0Jact\u00e1base de que solo en dos o tres meses, por su ministerio, cincuenta herejes hab\u00edan sido quemados o sepultados vivos. Llam\u00e1banle el <\/span><strong><em style=\"font-size: 14pt;\">Martillo de los herejes.<\/em><\/strong><\/p>\n<p style=\"text-align: justify;\"><span style=\"font-size: 14pt;\"><strong>Mathieu de Paris<\/strong> dice, \u00ab<em>que envolviendo a los inocentes y a los simples en el suplicio de los culpables, abus\u00f3 de tal manera de su poder, que concluy\u00f3 por ser condenado a prisi\u00f3n perpetua<\/em>\u00ab.<\/span><\/p>\n<p style=\"text-align: justify;\"><span style=\"font-size: 14pt;\">En <strong>1239<\/strong> toc\u00f3 su turno a la<strong> Champa\u00f1a<\/strong>. En <strong>Montvimer<\/strong> hubo una espantosa carnicer\u00eda.<\/span><\/p>\n<p style=\"text-align: justify;\"><span style=\"font-size: 14pt;\">Ciento ochenta y tres maniqueos fueron quemados vivos en presencia de <strong>Enrique de Braine<\/strong>, arzobispo de <strong>Reims<\/strong>, que los hab\u00eda perseguido con sa\u00f1a, y del <strong>conde Thibaud<\/strong>, que sin duda sent\u00eda en el fondo de su alma no poderlos salvar. <em><strong>Diez y siete obispos y m\u00e1s de cien mil personas asistieron a tan espantoso sacrifico de v\u00edctimas humanas, entre las que solo se encontraba un perfecto<\/strong><\/em>. Todos se hicieron absolver por aquel prelado al pie de la hoguera, y hombres y mujeres, murieron heroicamente, seg\u00fan cuenta <strong>Raquet<\/strong>, en los <strong>Anales Eclesiasticos de Chalons<\/strong>.<\/span><\/p>\n<p>&nbsp;<\/p>\n<figure id=\"attachment_2220624\" aria-describedby=\"caption-attachment-2220624\" style=\"width: 480px\" class=\"wp-caption aligncenter\"><img loading=\"lazy\" decoding=\"async\" class=\"wp-image-2220624 size-full\" src=\"https:\/\/puntocritico.com\/ausajpuntocritico\/wp-content\/uploads\/2021\/07\/Esclaramonde-de-Montsegur-dibujo.jpg\" alt=\"\" width=\"480\" height=\"360\" data-id=\"2220624\" srcset=\"https:\/\/puntocritico.com\/ausajpuntocritico\/wp-content\/uploads\/2021\/07\/Esclaramonde-de-Montsegur-dibujo.jpg 480w, https:\/\/puntocritico.com\/ausajpuntocritico\/wp-content\/uploads\/2021\/07\/Esclaramonde-de-Montsegur-dibujo-300x225.jpg 300w, https:\/\/puntocritico.com\/ausajpuntocritico\/wp-content\/uploads\/2021\/07\/Esclaramonde-de-Montsegur-dibujo-326x245.jpg 326w, https:\/\/puntocritico.com\/ausajpuntocritico\/wp-content\/uploads\/2021\/07\/Esclaramonde-de-Montsegur-dibujo-80x60.jpg 80w\" sizes=\"auto, (max-width: 480px) 100vw, 480px\" \/><figcaption id=\"caption-attachment-2220624\" class=\"wp-caption-text\"><span style=\"color: #008000;\">Esclarmonde, hija de Raymond de Pereille, Se\u00f1or de Montsegur<\/span><\/figcaption><\/figure>\n<p>&nbsp;<\/p>\n<p style=\"text-align: center;\"><span style=\"font-size: 18pt;\"><strong>V<\/strong><\/span><\/p>\n<p style=\"text-align: justify;\"><span style=\"font-size: 14pt;\">Tantas crueldades irritaron los \u00e1nimos, y una insurrecci\u00f3n estall\u00f3 en el <strong>Languedoc <\/strong>en mayo de <strong>1242<\/strong>, aprovechando la oportunidad de la guerra que a la saz\u00f3n sosten\u00eda el <strong>rey de<\/strong> <strong>Francia<\/strong> contra los ingleses.<\/span><\/p>\n<p style=\"text-align: justify;\"><span style=\"font-size: 14pt;\">Los <strong>condes de<\/strong> <strong>Foix<\/strong>, de <strong>Armagnac<\/strong>, de <strong>Comminges<\/strong>, de <strong>Rhodes<\/strong> y otros, reunieron sus hombres de armas a las milicias tolosanas: <strong>Trencavel<\/strong> el desheredado lleg\u00f3 por el <strong>Rosell\u00f3n<\/strong> con sus proscritos, y se entregaron a sangrientas represalias.<\/span><\/p>\n<p style=\"text-align: justify;\"><span style=\"font-size: 14pt;\">El <strong>inquisidor Guillermo Arnaud<\/strong>, famoso por los actos rigurosos que hab\u00eda cometido en <strong>Tolosa<\/strong>, ten\u00eda establecido su tribunal en <strong>Abignonet,<\/strong> no lejos de <strong>San Papoul<\/strong>. El bail\u00edo, que representaba al <strong>conde Raimundo<\/strong> en dicho pueblo, introdujo secretamente a los herejes, que hab\u00edan encontrado un refugio en el <strong>castillo<\/strong> inaccesible de <strong>Montsegur, <\/strong>y degollaron con sus hachas al inquisidor <strong>Arnaud,<\/strong> a otros tres frailes dominicos, dos franciscanos y siete familiares del santo oficio, entre los que se contaba un archidi\u00e1cono de <strong>Tolosa.<\/strong><\/span><\/p>\n<p style=\"text-align: justify;\"><span style=\"font-size: 14pt;\">Pocos d\u00edas despu\u00e9s, el <strong>conde Raimundo<\/strong> y sus aliados entraron por las tierras cedidas al <strong>rey de<\/strong> <strong>Francia<\/strong>: <strong>Albi, Minerva, Nimes<\/strong> y <strong>Rasez<\/strong> se sublevaron: el<strong> vizconde de Narbona <\/strong>entreg\u00f3 su ciudad a <strong>Raimundo VII<\/strong>, y el arzobispo se refugi\u00f3 en <strong>Bezieres<\/strong>, desde donde lanz\u00f3 una excomuni\u00f3n contra <strong>Raimundo<\/strong> y sus aliados, el 21 de julio.<\/span><\/p>\n<p style=\"text-align: justify;\"><span style=\"font-size: 14pt;\">La derrota de <strong>Enrique III de Inglaterra<\/strong> en <strong>Saintes<\/strong> y la marcha triunfante de los franceses sobre la <strong>Gironda<\/strong> desconcertaron a los meridionales: su empresa empez\u00f3 a parecerles irrealizable y no encontr\u00e1ndose sostenido, <strong>Raimundo VII<\/strong> tom\u00f3 el partido de ir a <strong>Burdeos<\/strong> para estrechar mas los lazos de la coalici\u00f3n con los ingleses, que la ocupaban; pero volvi\u00f3 con menos esperanzas que sac\u00f3 de su pa\u00eds.<\/span><\/p>\n<p style=\"text-align: justify;\"><span style=\"font-size: 14pt;\">Un <strong>concilio<\/strong> <strong>galicano<\/strong> reunido en <strong>Paris<\/strong> decret\u00f3, que se destinase el cinco por ciento de todas las rentas eclesi\u00e1sticas para atender a los gastos de una nueva cruzada contra los albigenses, y que dos cuerpos de ej\u00e9rcito marchasen sobre <strong>Tolosa<\/strong>.<\/span><\/p>\n<p style=\"text-align: justify;\"><span style=\"font-size: 14pt;\">Cuando estas noticias llegaron al <strong>Mediod\u00eda,<\/strong> empezaron a manifestarse las defecciones.<\/span><\/p>\n<p style=\"text-align: justify;\"><span style=\"font-size: 14pt;\">El <strong>conde de<\/strong> <strong>Foix,<\/strong> hijo y sucesor del mejor amigo de <strong>Raimundo VII<\/strong>, renunciando a la soberan\u00eda del condado de <strong>Tolosa<\/strong>, se declar\u00f3 vasallo inmediato del <strong>rey<\/strong> <strong>de Francia<\/strong>. El desaliento fue universal. <strong>Raimundo<\/strong> se entreg\u00f3 a la merced del <strong>rey Luis IX<\/strong>, con los aliados que le quedaban fieles, prometiendo exterminar los herejes y castigar a los asesinos de los inquisidores.<\/span><\/p>\n<p style=\"text-align: justify;\"><span style=\"font-size: 14pt;\"><strong>Luis<\/strong> les concedi\u00f3 su gracia, y <strong>Raimundo<\/strong> cumpli\u00f3 su palabra: los herejes fueron exterminados.<\/span><\/p>\n<p>&nbsp;<\/p>\n<p><img loading=\"lazy\" decoding=\"async\" class=\"aligncenter wp-image-2220615\" src=\"https:\/\/puntocritico.com\/ausajpuntocritico\/wp-content\/uploads\/2021\/07\/eunate_templarios.jpg\" alt=\"\" width=\"360\" height=\"360\" data-id=\"2220615\" srcset=\"https:\/\/puntocritico.com\/ausajpuntocritico\/wp-content\/uploads\/2021\/07\/eunate_templarios.jpg 280w, https:\/\/puntocritico.com\/ausajpuntocritico\/wp-content\/uploads\/2021\/07\/eunate_templarios-150x150.jpg 150w\" sizes=\"auto, (max-width: 360px) 100vw, 360px\" \/><\/p>\n<p>&nbsp;<\/p>\n<p style=\"text-align: center;\"><span style=\"font-size: 18pt;\"><strong>VI<\/strong><\/span><\/p>\n<p style=\"text-align: justify;\"><span style=\"font-size: 14pt;\">La campa\u00f1a de <strong>1242<\/strong> termin\u00f3 la larga lucha emprendida so pretexto de religi\u00f3n, con ventaja de la monarqu\u00eda y de la <strong>Iglesia<\/strong> cat\u00f3lica que pudo a mansalva perseguir los herejes. El <strong>conde Raimundo<\/strong> fue perdonado por el <strong>Papa<\/strong> y el <strong>Rey<\/strong>; mas no sucedi\u00f3 lo mismo a sus vasallos.<\/span><\/p>\n<p style=\"text-align: justify; padding-left: 40px;\"><span style=\"font-size: 14pt;\">\u00abI<em>ntimad, dijeron los <strong>obispos del<\/strong> <strong>Mediod\u00eda<\/strong>, reunidos en un concilio al comenzar el a\u00f1o <strong>1244<\/strong> en <strong>Narbona<\/strong>, a los inquisidores; intimidad a los herejes y a sus fautores, que habi\u00e9ndose acusado a si propios no han sido presos, que lleven dos cruces amarillas sobre sus vestidos, que se presenten todos los domingos a sus curas-p\u00e1rrocos durante la misa, entre la ep\u00edstola y el evangelio, llevando desnuda una parte de su cuerpo y un l\u00e1tigo para ser azotados con \u00e9l&#8230; estos penitentes visitaran el primer domingo de cada mes las casas donde trataron o conocieron a los herejes y se azotaran. Se construir\u00e1n c\u00e1rceles para encerrar por toda su vida a los que se han convertido despu\u00e9s de arrestados. Como hay pueblos en los cuales el numero de los que deben ser encerrados es muy grande, tanto que no se encuentran bastantes materiales para construir las c\u00e1rceles necesarias, aconsejamos a los inquisidores que esperen sobre esto las ordenes del se\u00f1or <strong>Papa<\/strong><\/em>\u00ab.<\/span><\/p>\n<p>&nbsp;<\/p>\n<p><img loading=\"lazy\" decoding=\"async\" class=\"aligncenter wp-image-2219388 size-mh-magazine-content\" src=\"https:\/\/puntocritico.com\/ausajpuntocritico\/wp-content\/uploads\/2021\/06\/cataros-678x381.jpg\" alt=\"\" width=\"678\" height=\"381\" data-id=\"2219388\" \/><\/p>\n<p>&nbsp;<\/p>\n<p style=\"text-align: center;\"><span style=\"font-size: 18pt;\"><strong>VII<\/strong><\/span><\/p>\n<p style=\"text-align: justify;\"><span style=\"font-size: 14pt;\">Todav\u00eda pose\u00edan los herejes un asilo donde se encontraban al abrigo de las persecuciones: este era el <strong>castillo de<\/strong> <strong>Montsegur<\/strong>, en las gargantas de los <strong>Pirineos<\/strong>, sobre una empinada roca poco menos que inaccesible, en la extremidad meridional del condado de <strong>Tolosa<\/strong>.<\/span><\/p>\n<p style=\"text-align: justify;\"><span style=\"font-size: 14pt;\">All\u00ed se hab\u00edan retirado los se\u00f1ores proscritos de <strong>Mirepoix<\/strong> y de <strong>Peyrele<\/strong> y muchos otros caballeros despojados de sus dominios, y cerca de doscientos\u00a0 herejes vestidos, es decir, declarados p\u00fablicamente como tales herejes con su obispo <strong>Bertrand Martin<\/strong>.<\/span><\/p>\n<p style=\"text-align: justify;\"><span style=\"font-size: 14pt;\">Desde aquel nido de \u00e1guilas, los caballeros desheredados se arrojaban continuamente sobre la llanura, arrollando con sus desesperadas acometidas a los se\u00f1ores extranjeros y a los que los hab\u00edan proscrito. Durante la ausencia del conde <strong>Raimundo<\/strong>, el <strong>arzobispo de<\/strong> <strong>Narbona<\/strong>, el <strong>obispo de Aldi <\/strong>y el <strong>senescal franc\u00e9s de<\/strong> <strong>Carcasona<\/strong> resolvieron destruir \u00ab<em>aquel publico refugio de todos los malhechores, de todos los enemigos de Dios<\/em>\u00ab, y fueron a destruirlo seguidos de fuerzas considerables.<\/span><\/p>\n<p style=\"text-align: justify;\"><span style=\"font-size: 14pt;\">Los sitiados hicieron heroica resistencia, hasta que una banda de monta\u00f1eses armados escalaron de noche las rocas escarpadas que proteg\u00edan y dominaban el castillo. Entonces se rindi\u00f3 la guarnici\u00f3n, estipulando la vida para los herejes que consintiesen en convertirse.<\/span><\/p>\n<p style=\"text-align: justify;\"><span style=\"font-size: 14pt;\">Los albigenses, tanto hombres como mujeres, no quisieron conservar la vida a tal precio.<\/span><\/p>\n<p style=\"text-align: justify;\"><span style=\"font-size: 14pt;\">Encerr\u00e1ronlos en un vallado, y los quemaron a todos con <strong>su obispo y la noble doncella Esclarmonde de Peyrele, hija<\/strong> de uno de los <strong>se\u00f1ores<\/strong> <strong>de Montseur.<\/strong> Aquellos horribles sacrificios, que seg\u00fan el cronista <strong>Laurens<\/strong> tuvieron lugar en marzo de <strong>1244<\/strong>, terminaron la guerra de los albigenses, despu\u00e9s de treinta a\u00f1os de espantosas calamidades. Los perfectos hab\u00edan perecido o desaparecido; la fe de los creyentes, como se calificaban a si propios, no pudo resistir a tan rudas pruebas, y el numero de los maniqueos disminuy\u00f3 tan r\u00e1pidamente, que, seg\u00fan una relaci\u00f3n del <strong>inquisidor Reinerus<\/strong>, hereje convertido, en <strong>1250<\/strong> no se encontraban ya m\u00e1s que doscientos impenitentes en todo el <strong>Languedoc.<\/strong><\/span><\/p>\n<p style=\"text-align: justify;\"><span style=\"font-size: 14pt;\">Sin embargo, durante un siglo no falt\u00f3 a los inquisidores pasto que dar a las llamas, so pretexto de manique\u00edsmo.<\/span><\/p>\n<p>&nbsp;<\/p>\n<p><img loading=\"lazy\" decoding=\"async\" class=\"aligncenter wp-image-2219778\" src=\"https:\/\/puntocritico.com\/ausajpuntocritico\/wp-content\/uploads\/2021\/07\/cathares-sur-le-bucher-a-l-epoque-de-la-croisade-contre-les-albigeois-en-france-au-xiiie-siecle-rue-des-archives-1430403108.jpg\" alt=\"\" width=\"480\" height=\"562\" data-id=\"2219778\" srcset=\"https:\/\/puntocritico.com\/ausajpuntocritico\/wp-content\/uploads\/2021\/07\/cathares-sur-le-bucher-a-l-epoque-de-la-croisade-contre-les-albigeois-en-france-au-xiiie-siecle-rue-des-archives-1430403108.jpg 1242w, https:\/\/puntocritico.com\/ausajpuntocritico\/wp-content\/uploads\/2021\/07\/cathares-sur-le-bucher-a-l-epoque-de-la-croisade-contre-les-albigeois-en-france-au-xiiie-siecle-rue-des-archives-1430403108-256x300.jpg 256w, https:\/\/puntocritico.com\/ausajpuntocritico\/wp-content\/uploads\/2021\/07\/cathares-sur-le-bucher-a-l-epoque-de-la-croisade-contre-les-albigeois-en-france-au-xiiie-siecle-rue-des-archives-1430403108-875x1024.jpg 875w, https:\/\/puntocritico.com\/ausajpuntocritico\/wp-content\/uploads\/2021\/07\/cathares-sur-le-bucher-a-l-epoque-de-la-croisade-contre-les-albigeois-en-france-au-xiiie-siecle-rue-des-archives-1430403108-768x899.jpg 768w, https:\/\/puntocritico.com\/ausajpuntocritico\/wp-content\/uploads\/2021\/07\/cathares-sur-le-bucher-a-l-epoque-de-la-croisade-contre-les-albigeois-en-france-au-xiiie-siecle-rue-des-archives-1430403108-610x714.jpg 610w\" sizes=\"auto, (max-width: 480px) 100vw, 480px\" \/><\/p>\n<p>&nbsp;<\/p>\n<p style=\"text-align: center;\"><span style=\"font-size: 18pt;\"><strong>VIII<\/strong><\/span><\/p>\n<p style=\"text-align: justify;\"><span style=\"font-size: 14pt;\">Hab\u00edanse tambi\u00e9n esparcido los maniqueos por <strong>Italia<\/strong>, donde fuero, como en el resto de la cristiandad, perseguidos a muerte, confundidos con los otros sectarios reformadores. En <strong>1230<\/strong> el <strong>Podest\u00e1<\/strong> de <strong>Plasencia<\/strong> hizo quemar vivos gran n\u00famero de ellos.<\/span><\/p>\n<p style=\"text-align: justify;\"><span style=\"font-size: 14pt;\">La misma <strong>Roma<\/strong> no estaba libre de herejes, y el <strong>papa Gregorio IX <\/strong>recurri\u00f3 al hierro y al fuego para purgarla de sectarios. Como estos encontraban protectores, el <strong>Papa<\/strong> mand\u00f3 que los ocultadores y encubridores de herejes fuesen castigados con la misma severidad que estos.<\/span><\/p>\n<p style=\"text-align: justify;\"><span style=\"font-size: 14pt;\">La sentencia de excomuni\u00f3n que lanz\u00f3 con este motivo <strong>Su Santidad<\/strong> era mucho m\u00e1s severa que las que contra los herejes lanzaron sus predecesores y los Concilios en \u00e9pocas diversas.<\/span><\/p>\n<p style=\"text-align: justify;\"><span style=\"font-size: 14pt;\">Seg\u00fan esta sentencia, todo aquel a quien alcanzaba era considerado infame y muerto civilmente ipso facto, entendi\u00e9ndose por esto que no pod\u00eda ser admitido como testigo ante los tribunales, ni heredar, ni hacer testamento, ni ser juez, ni proteger a sus clientes como abogado, ni los escribanos deb\u00edan admitir sus escrituras, ni validar sus contratos.<\/span><\/p>\n<p style=\"text-align: justify;\"><span style=\"font-size: 14pt;\">El juez que admitiese sus reclamaciones contra cualquiera que le hubiese ofendido o que le debiera, perd\u00eda su empleo. El abogado que le defendiera no ser\u00eda ya admitido antes los tribunales. Los sacerdotes no pod\u00edan administrarles los sacramentos, aunque estuviesen enfermos, ni concederles sepultura si mor\u00edan. Bajo pena de incurrir en esta excomuni\u00f3n, deb\u00edan denunciar a los herejes, para que sufrieran las penas impuestas ellos y sus hijos hasta la segunda generaci\u00f3n inclusive.<\/span><\/p>\n<p style=\"text-align: justify;\"><span style=\"font-size: 14pt;\">Estos rigores no bastaban para extinguir la herej\u00eda.<\/span><\/p>\n<p style=\"text-align: justify;\"><span style=\"font-size: 14pt;\">En <strong>1223<\/strong> el famoso fraile <strong>Juan de Vicenza<\/strong>, que, seg\u00fan <strong>Gerard Mauiemes<\/strong> su historiador, resucitaba los muertos, hizo quemar sesenta paterinos, hombres y mujeres en tres d\u00edas.<\/span><\/p>\n<p style=\"text-align: justify;\"><span style=\"font-size: 14pt;\">Seg\u00fan la <strong>Cr\u00f3nica de Verona<\/strong>, eran los mejores ciudadanos de la villa.<\/span><\/p>\n<p style=\"text-align: justify;\"><span style=\"font-size: 14pt;\">En la misma \u00e9poca, el <strong>Podest\u00e1 de Mil\u00e1n<\/strong>, primero que arrastr\u00f3 los herejes al suplicio en la capital de <strong>Lombardia<\/strong>, mereci\u00f3 que, despu\u00e9s de su muerte, se perpetuara el celo con que exterminaba los <em><strong>cathari<\/strong> <\/em>en una inscripci\u00f3n grabada en su tumba.<\/span><\/p>\n<p style=\"text-align: justify;\"><span style=\"font-size: 14pt;\">En el norte de <strong>Italia<\/strong>, y sobre todo en los pa\u00edses eslavos del <strong>Danubio,<\/strong> en <strong>Bulgaria<\/strong> persisti\u00f3 el manique\u00edsmo a pesar de las persecuciones, hasta el <strong>siglo XV<\/strong>, desapareciendo bajo la presi\u00f3n de la conquista musulmana; y en <strong>Italia<\/strong> absorbida por las otras sectas religiosas, protestantes y cism\u00e1ticas, que se han perpetuado hasta nuestros d\u00edas en <strong>Europa<\/strong>.<\/span><\/p>\n<p style=\"text-align: justify;\"><span style=\"font-size: 14pt;\">El manique\u00edsmo muri\u00f3 como idea falsa al influjo de otras y no por el hierro y el fuego, ni por los tormentos y las conquistas; y las crueldades cometidas para arrancar el error de las inteligencias recayeron sobre las cabezas de los que las cometieron. Si la herej\u00eda desapareci\u00f3 por la violencia de algunos lugares, reapareci\u00f3 mas tarde en naciones enteras; y los <strong>reyes de<\/strong> <strong>Francia<\/strong> que por agrandar sus estados se hicieron los instrumentos de la persecuci\u00f3n, han tenido despu\u00e9s, para conversar su trono, que admitir como derecho en sus s\u00fabditos la libre practica de las herej\u00edas y falsas religiones antes proscritas, haci\u00e9ndolo reconocer y sancionar en sus concordatos.<\/span><\/p>\n<p>&nbsp;<\/p>\n<p><img loading=\"lazy\" decoding=\"async\" class=\"aligncenter wp-image-2220616 size-mh-magazine-content\" src=\"https:\/\/puntocritico.com\/ausajpuntocritico\/wp-content\/uploads\/2021\/07\/cruzada-de-los-c-taros-678x381.jpg\" alt=\"\" width=\"678\" height=\"381\" data-id=\"2220616\" \/><\/p>\n<p style=\"text-align: center;\"><span style=\"font-size: 24pt;\"><strong>FIN\u00a0<\/strong><\/span><\/p>\n<p>&nbsp;<\/p>\n<p><img loading=\"lazy\" decoding=\"async\" class=\"aligncenter wp-image-9528\" src=\"https:\/\/puntocritico.com\/ausajpuntocritico\/wp-content\/uploads\/2018\/03\/Mosca_Punto_Cr\u00edtico_40.png\" alt=\"\" width=\"80\" height=\"80\" data-id=\"9528\" \/><\/p>\n<p>&nbsp;<\/p>\n<p>&nbsp;<\/p>\n","protected":false},"excerpt":{"rendered":"<div class=\"mh-excerpt\"><p>\u00cdNDICE: HISTORIA DE LAS PERSECUCIONES POL\u00cdTICAS Y RELIGIOSAS EN EUROPA *** CAP\u00cdTULO XI &nbsp; &nbsp; Sumario Instigado por el Papa, emprende Luis VIII la cruzada contra los albigenses en 1224.- Levantamiento del sitio de Carcasona <a class=\"mh-excerpt-more\" href=\"https:\/\/puntocritico.com\/ausajpuntocritico\/2021\/07\/11\/historia-de-las-persecuciones-politicas-y-religiosas-en-europa-capitulos-xi-xii-y-xiii-luis-viii-y-la-cruzada-contra-los-albigenses-en-1224-santo-domingo-de-guzman-y-el-imperio-de-la-inquisicion-e\/\" title=\"HISTORIA DE LAS PERSECUCIONES POL\u00cdTICAS Y RELIGIOSAS EN EUROPA. CAP\u00cdTULOS XI, XII y XIII: Luis VIII y la cruzada contra los albigenses en 1224. Santo Domingo de Guzm\u00e1n y el Imperio de la Inquisici\u00f3n.\">[&#8230;]<\/a><\/p>\n<\/div>","protected":false},"author":3,"featured_media":2220621,"comment_status":"open","ping_status":"closed","sticky":false,"template":"","format":"standard","meta":{"_acf_changed":false,"_exactmetrics_skip_tracking":false,"_exactmetrics_sitenote_active":false,"_exactmetrics_sitenote_note":"","_exactmetrics_sitenote_category":0,"footnotes":""},"categories":[10],"tags":[],"class_list":{"0":"post-2212745","1":"post","2":"type-post","3":"status-publish","4":"format-standard","5":"has-post-thumbnail","7":"category-miscelanea"},"acf":[],"_links":{"self":[{"href":"https:\/\/puntocritico.com\/ausajpuntocritico\/wp-json\/wp\/v2\/posts\/2212745","targetHints":{"allow":["GET"]}}],"collection":[{"href":"https:\/\/puntocritico.com\/ausajpuntocritico\/wp-json\/wp\/v2\/posts"}],"about":[{"href":"https:\/\/puntocritico.com\/ausajpuntocritico\/wp-json\/wp\/v2\/types\/post"}],"author":[{"embeddable":true,"href":"https:\/\/puntocritico.com\/ausajpuntocritico\/wp-json\/wp\/v2\/users\/3"}],"replies":[{"embeddable":true,"href":"https:\/\/puntocritico.com\/ausajpuntocritico\/wp-json\/wp\/v2\/comments?post=2212745"}],"version-history":[{"count":0,"href":"https:\/\/puntocritico.com\/ausajpuntocritico\/wp-json\/wp\/v2\/posts\/2212745\/revisions"}],"wp:featuredmedia":[{"embeddable":true,"href":"https:\/\/puntocritico.com\/ausajpuntocritico\/wp-json\/wp\/v2\/media\/2220621"}],"wp:attachment":[{"href":"https:\/\/puntocritico.com\/ausajpuntocritico\/wp-json\/wp\/v2\/media?parent=2212745"}],"wp:term":[{"taxonomy":"category","embeddable":true,"href":"https:\/\/puntocritico.com\/ausajpuntocritico\/wp-json\/wp\/v2\/categories?post=2212745"},{"taxonomy":"post_tag","embeddable":true,"href":"https:\/\/puntocritico.com\/ausajpuntocritico\/wp-json\/wp\/v2\/tags?post=2212745"}],"curies":[{"name":"wp","href":"https:\/\/api.w.org\/{rel}","templated":true}]}}