{"id":2102,"date":"2017-05-01T01:00:04","date_gmt":"2017-05-01T00:00:04","guid":{"rendered":"http:\/\/puntocritico.com\/?p=2102"},"modified":"2021-04-28T11:57:31","modified_gmt":"2021-04-28T10:57:31","slug":"1-de-mayo-dia-del-trabajo","status":"publish","type":"post","link":"https:\/\/puntocritico.com\/ausajpuntocritico\/2017\/05\/01\/1-de-mayo-dia-del-trabajo\/","title":{"rendered":"1 de Mayo d\u00eda del trabajo"},"content":{"rendered":"<p style=\"text-align: justify;\"><span style=\"font-family: arial, helvetica, sans-serif; font-size: 14pt;\">La historia de la humanidad es la historia del enfrentamiento entre el bien y el mal, de la lucha a muerte entre el opresor y el oprimido, entre el amo y el esclavo, entre el rico y \u201csus\u201d pobres, entre el honor y la miseria, entre el fuerte y el d\u00e9bil.<\/span><\/p>\n<p style=\"text-align: justify;\"><span style=\"font-family: arial, helvetica, sans-serif; font-size: 14pt;\">No ha habido un segundo en nuestra larga y a la vez corta historia, en que en alg\u00fan rinc\u00f3n de la tierra no hubiera seres humanos enfrent\u00e1ndose entre s\u00ed por alguna causa que creen justa.<\/span><\/p>\n<p style=\"text-align: justify;\"><span style=\"font-family: arial, helvetica, sans-serif; font-size: 14pt;\">Por alg\u00fan motivo, la naturaleza enfrenta a las especies tratando de buscar un ganador, un digno rey al que coronar. Si ese ganador ha de ser el hombre, no hay duda de que su reino ser\u00e1 bald\u00edo, seco, improductivo, un p\u00e1ramo triste en el que el \u00faltimo hombre, reinar\u00e1 en soledad sobre s\u00ed mismo y odiando su propia imagen organizar\u00e1 revoluciones de su brazo izquierdo contra el derecho, de su vista contra su tacto, de su cuerpo contra su mente.<\/span><\/p>\n<p style=\"text-align: justify;\"><span style=\"font-family: arial, helvetica, sans-serif; font-size: 14pt;\">La naturaleza sabe que as\u00ed ser\u00e1 porque en el hombre est\u00e1 el origen de todo bien y todo mal, de todo mejor y todo peor, de toda bondad y toda crueldad. Y porque es cierto os sugiero, que empec\u00e9is vuestra batalla por el final, enfrentad vuestro cuerpo con vuestra mente ya, ahora, porque el origen de todo est\u00e1 en esa lucha interna que a todos atormenta y que todos niegan buscando un origen externo que nunca consigue satisfacerles.<\/span><\/p>\n<p style=\"text-align: justify;\"><span style=\"font-family: arial, helvetica, sans-serif; font-size: 14pt;\">Hoy, d\u00eda del trabajo, los trabajadores tomar\u00e1n las calles de las ciudades para gritar al aire sus deseos. Deseos que una vez m\u00e1s el aire devolver\u00e1 a los trabajadores sin acuse de recibo, porque no es a \u00e9l a quien corresponde atenderlos. Ma\u00f1ana, los humanos volver\u00e1n a sufrir y a callar, a doblar sus espaldas y a so\u00f1ar con la ilusi\u00f3n de una revoluci\u00f3n que venga de afuera como un merecido gordo de la loter\u00eda, y llene sus vidas de prosperidad para ellos y para sus familias y pinte de ilusiones el futuro de sus hijos. Hijos que se sumar\u00e1n a sus gritos el pr\u00f3ximo 1 de mayo para as\u00ed \u00a0completar el c\u00edrculo y volver a empezar.<\/span><\/p>\n<p style=\"text-align: justify;\"><span style=\"font-family: arial, helvetica, sans-serif; font-size: 14pt;\">De odio y amor, de opresi\u00f3n y libertad, de honor y cobard\u00eda habla est\u00e1 pel\u00edcula que aqu\u00ed os dejamos: \u201cEl viento que agita la cebada\u201d de <a href=\"https:\/\/es.wikipedia.org\/wiki\/Ken_Loach\" target=\"_blank\" rel=\"noopener\">Ken Loach<\/a><\/span><\/p>\n<p style=\"text-align: center;\">*******<\/p>\n<div style=\"padding: 53.99% 0 0 0; position: relative;\"><iframe style=\"position: absolute; top: 0; left: 0; width: 100%; height: 100%;\" title=\"2006 - El viento que agita la cebada - Ken Looach.mp4\" src=\"https:\/\/mega.nz\/embed\/qctBxJja!GpGq0m9tkzsn77ue1R-qfYVrC76bOi0mOjJ0E9oHSiw?badge=0&amp;autopause=0&amp;player_id=0&amp;app_id=58479\" frameborder=\"0\" allowfullscreen=\"allowfullscreen\"><\/iframe><\/div>\n<p style=\"text-align: center;\">\u00a0<\/p>\n<p style=\"text-align: center;\"><span style=\"color: #008000;\">\u2666\u2666\u2666\u2666\u2666<\/span><\/p>\n<dl class=\"movie-info\">\n<dt><span style=\"color: #000000;\">T<span style=\"font-family: arial, helvetica, sans-serif; font-size: 14pt;\">\u00edtulo original. The Wind that Shakes the Barley<\/span><\/span><\/dt>\n<dt><span style=\"font-family: arial, helvetica, sans-serif; font-size: 14pt; color: #000000;\">A\u00f1o. 2006<\/span><\/dt>\n<dt><span style=\"font-family: arial, helvetica, sans-serif; font-size: 14pt; color: #000000;\">Duraci\u00f3n. 127 min.<\/span><\/dt>\n<dt><span style=\"font-family: arial, helvetica, sans-serif; font-size: 14pt; color: #000000;\">Pa\u00eds.\u00a0 \u00a0<span id=\"country-img\"><img loading=\"lazy\" decoding=\"async\" class=\"nflag\" title=\"Irlanda\" src=\"https:\/\/www.filmaffinity.com\/imgs\/countries2\/IE.png\" alt=\"Irlanda\" width=\"32\" height=\"23\" \/> <\/span>\u00a0Irlanda<\/span><\/dt>\n<dt><span style=\"font-family: arial, helvetica, sans-serif; font-size: 14pt; color: #000000;\">Direcci\u00f3n. <a style=\"color: #000000;\" title=\"Ken Loach\" href=\"https:\/\/www.filmaffinity.com\/es\/search.php?stype=director&amp;sn&amp;stext=Ken%20Loach\" target=\"_blank\" rel=\"noopener\">Ken Loach<\/a><\/span><\/dt>\n<dt><span style=\"font-family: arial, helvetica, sans-serif; font-size: 14pt; color: #000000;\">Guion. Paul Laverty<\/span><\/dt>\n<dt><span style=\"font-family: arial, helvetica, sans-serif; font-size: 14pt; color: #000000;\">M\u00fasica. George Fenton<\/span><\/dt>\n<dt><span style=\"font-family: arial, helvetica, sans-serif; font-size: 14pt; color: #000000;\">Fotograf\u00eda<\/span><\/dt>\n<dd>\n<div class=\"credits\"><span class=\"nb\" style=\"font-family: arial, helvetica, sans-serif; font-size: 14pt; color: #000000;\">Barry Ackroyd<\/span><\/div>\n<\/dd>\n<dt><span style=\"font-family: arial, helvetica, sans-serif; font-size: 14pt; color: #000000;\">Reparto:<\/span><\/dt>\n<dd class=\"card-cast\">\n<div class=\"credits\"><span style=\"font-family: arial, helvetica, sans-serif; font-size: 14pt; color: #000000;\"><span class=\"nb\"><a style=\"color: #000000;\" title=\"Cillian Murphy\" href=\"https:\/\/www.filmaffinity.com\/es\/search.php?stype=cast&amp;sn&amp;stext=Cillian%20Murphy\" target=\"_blank\" rel=\"noopener\">Cillian Murphy<\/a>,<\/span>\u00a0<span class=\"nb\"><a style=\"color: #000000;\" title=\"Padraic Delaney\" href=\"https:\/\/www.filmaffinity.com\/es\/search.php?stype=cast&amp;sn&amp;stext=Padraic%20Delaney\" target=\"_blank\" rel=\"noopener\">Padraic Delaney<\/a>,<\/span>\u00a0<span class=\"nb\"><a style=\"color: #000000;\" title=\"Liam Cunningham\" href=\"https:\/\/www.filmaffinity.com\/es\/search.php?stype=cast&amp;sn&amp;stext=Liam%20Cunningham\" target=\"_blank\" rel=\"noopener\">Liam Cunningham<\/a>,<\/span>\u00a0<span class=\"nb\"><a style=\"color: #000000;\" title=\"William Ruane\" href=\"https:\/\/www.filmaffinity.com\/es\/search.php?stype=cast&amp;sn&amp;stext=William%20Ruane\" target=\"_blank\" rel=\"noopener\">William Ruane<\/a>,<\/span>\u00a0<span class=\"nb\"><a style=\"color: #000000;\" title=\"Gerard Kearney\" href=\"https:\/\/www.filmaffinity.com\/es\/search.php?stype=cast&amp;sn&amp;stext=Gerard%20Kearney\" target=\"_blank\" rel=\"noopener\">Gerard Kearney<\/a>,<\/span>\u00a0<span class=\"nb\"><a style=\"color: #000000;\" title=\"Orla Fitzgerald\" href=\"https:\/\/www.filmaffinity.com\/es\/search.php?stype=cast&amp;sn&amp;stext=Orla%20Fitzgerald\" target=\"_blank\" rel=\"noopener\">Orla Fitzgerald<\/a>,<\/span>\u00a0<span class=\"nb\"><a style=\"color: #000000;\" title=\"Mary O&#039;Riordan\" href=\"https:\/\/www.filmaffinity.com\/es\/search.php?stype=cast&amp;sn&amp;stext=Mary%20O%27Riordan\" target=\"_blank\" rel=\"noopener\">Mary O&#8217;Riordan<\/a>,<\/span>\u00a0<span class=\"nb\"><a style=\"color: #000000;\" title=\"Mary Murphy\" href=\"https:\/\/www.filmaffinity.com\/es\/search.php?stype=cast&amp;sn&amp;stext=Mary%20Murphy\" target=\"_blank\" rel=\"noopener\">Mary Murphy<\/a>,<\/span>\u00a0<span class=\"nb\"><a style=\"color: #000000;\" title=\"Laurence Barry\" href=\"https:\/\/www.filmaffinity.com\/es\/search.php?stype=cast&amp;sn&amp;stext=Laurence%20Barry\" target=\"_blank\" rel=\"noopener\">Laurence Barry<\/a>,<\/span>\u00a0<span class=\"nb\"><a style=\"color: #000000;\" title=\"Damien Kearney\" href=\"https:\/\/www.filmaffinity.com\/es\/search.php?stype=cast&amp;sn&amp;stext=Damien%20Kearney\" target=\"_blank\" rel=\"noopener\">Damien Kearney<\/a>,<\/span>\u00a0<span class=\"nb\"><a style=\"color: #000000;\" title=\"Frank Bourke\" href=\"https:\/\/www.filmaffinity.com\/es\/search.php?stype=cast&amp;sn&amp;stext=Frank%20Bourke\" target=\"_blank\" rel=\"noopener\">Frank Bourke<\/a>,<\/span>\u00a0<span class=\"nb\"><a style=\"color: #000000;\" title=\"Myles Horgan\" href=\"https:\/\/www.filmaffinity.com\/es\/search.php?stype=cast&amp;sn&amp;stext=Myles%20Horgan\" target=\"_blank\" rel=\"noopener\">Myles Horgan<\/a>,<\/span>\u00a0<span class=\"nb\"><a style=\"color: #000000;\" title=\"Martin Lucey\" href=\"https:\/\/www.filmaffinity.com\/es\/search.php?stype=cast&amp;sn&amp;stext=Martin%20Lucey\" target=\"_blank\" rel=\"noopener\">Martin Lucey<\/a>,<\/span>\u00a0<span class=\"see-more-credits\">ver 10 m\u00e1s<\/span><\/span><\/div>\n<\/dd>\n<dt><span style=\"font-family: arial, helvetica, sans-serif; font-size: 14pt; color: #000000;\">Productora. Coproducci\u00f3n Irlanda-Reino Unido-Alemania-Italia-Espa\u00f1a-Francia-B\u00e9lgica-Suiza;\u00a0<\/span><\/dt>\n<dd class=\"card-producer\">\n<div class=\"credits\"><span style=\"font-family: arial, helvetica, sans-serif; font-size: 14pt; color: #000000;\"><span class=\"nb\">UK Film Council,<\/span>\u00a0<span class=\"nb\">Sixteen Films,<\/span>\u00a0<span class=\"nb\">TV3 Television Network Ireland,<\/span>\u00a0<span class=\"nb\">BIM Distribuzione,<\/span>\u00a0<span class=\"nb\">Filmstiftung Nordrhein-Westfalen,<\/span>\u00a0<span class=\"nb\">Matador Pictures,<\/span>\u00a0<span class=\"nb\">Path\u00e9,<\/span>\u00a0<span class=\"nb\">Regent Capital,<\/span>\u00a0<span class=\"nb\">Tornasol Films<\/span><\/span><\/div>\n<\/dd>\n<dt><span style=\"font-family: arial, helvetica, sans-serif; font-size: 14pt; color: #000000;\">G\u00e9nero. <a style=\"color: #000000;\" href=\"https:\/\/www.filmaffinity.com\/es\/moviegenre.php?genre=BE&amp;attr=rat_count&amp;nodoc\" target=\"_blank\" rel=\"noopener\">B\u00e9lico<\/a>.\u00a0<a style=\"color: #000000;\" href=\"https:\/\/www.filmaffinity.com\/es\/moviegenre.php?genre=DR&amp;attr=rat_count&amp;nodoc\" target=\"_blank\" rel=\"noopener\">Drama<\/a>\u00a0|\u00a0<a style=\"color: #000000;\" href=\"https:\/\/www.filmaffinity.com\/es\/movietopic.php?topic=322362&amp;attr=rat_count&amp;nodoc\" target=\"_blank\" rel=\"noopener\">IRA<\/a>.\u00a0<a style=\"color: #000000;\" href=\"https:\/\/www.filmaffinity.com\/es\/movietopic.php?topic=986798&amp;attr=rat_count&amp;nodoc\" target=\"_blank\" rel=\"noopener\">A\u00f1os 20<\/a><\/span><\/dt>\n<dt><span style=\"font-family: arial, helvetica, sans-serif; font-size: 14pt; color: #000000;\">Sinopsis. Irlanda, 1920. Dos hermanos se alistan en la guerrilla para combatir contra las tropas brit\u00e1nicas que intentan impedir la independencia de Irlanda. El amor por su pa\u00eds hace que Damien (Cillian Murphy) abandone su prometedora carrera de m\u00e9dico y se una a su hermano Teddy (P\u00e1draic Delaney) en la lucha por la libertad. Tras sufrir varias derrotas y un escalofriante n\u00famero de bajas, el Gobierno Brit\u00e1nico decide pactar con los rebeldes. Pero el acuerdo alcanzado provoca divisiones dentro del IRA y desemboca en un nuevo y fratricida conflicto armado. (FILMAFFINITY)<\/span><\/dt>\n<\/dl>\n<dl class=\"margin-top movie-info\">\n<dt><span style=\"font-family: arial, helvetica, sans-serif; font-size: 14pt; color: #000000;\">Premios:<\/span><\/dt>\n<dt><span style=\"font-family: arial, helvetica, sans-serif; font-size: 14pt; color: #000000;\"><a style=\"color: #000000;\" href=\"https:\/\/www.filmaffinity.com\/es\/awards.php?award_id=cannes&amp;year=2006\" target=\"_blank\" rel=\"noopener\">2006<\/a>: Festival de Cannes: Palma de Oro &#8211; Mejor pel\u00edcula<\/span><\/dt>\n<dt><span style=\"font-family: arial, helvetica, sans-serif; font-size: 14pt; color: #000000;\"><a style=\"color: #000000;\" href=\"https:\/\/www.filmaffinity.com\/es\/awards.php?award_id=bifa&amp;year=2006\" target=\"_blank\" rel=\"noopener\">2006<\/a>: British Independent Film Awards (BIFA): 3 nominaciones, incl. mejor pel\u00edcula<\/span><\/dt>\n<dt><span style=\"font-family: arial, helvetica, sans-serif; font-size: 14pt; color: #000000;\"><a style=\"color: #000000;\" href=\"https:\/\/www.filmaffinity.com\/es\/awards.php?award_id=goya&amp;year=2007\" target=\"_blank\" rel=\"noopener\">2006<\/a>: Premios Goya: Nominada a mejor pel\u00edcula europea<\/span><\/dt>\n<\/dl>\n<dl class=\"margin-top movie-info\">\n<dt><span style=\"font-family: arial, helvetica, sans-serif; font-size: 14pt; color: #000000;\">Cr\u00edticas:<\/span><\/dt>\n<dd>\n<ul id=\"pro-reviews\">\n<li>\n<div class=\"pro-review\">\n<div><span style=\"font-family: arial, helvetica, sans-serif; font-size: 14pt; color: #000000;\">\u00abPodr\u00e1 gustar m\u00e1s o menos, pero lo cierto es que resulta perfectamente coherente con la trayectoria anterior del director brit\u00e1nico; y su final (&#8230;) deja un poso de amargura que tiene el mismo olor que la tumba de todos los sue\u00f1os.\u00bb\u00a0<i class=\"fas fa-external-link-alt\"><\/i><\/span><\/div>\n<div class=\"pro-crit-med\"><span style=\"font-family: arial, helvetica, sans-serif; font-size: 14pt; color: #000000;\">M. Torreiro: Diario El Pa\u00eds\u00a0<i class=\"fas fa-circle  neu\" title=\"tendencia de la cr\u00edtica: neutral\"><\/i><\/span><\/div>\n<\/div>\n<\/li>\n<li>\n<div class=\"pro-review\">\n<div><span style=\"font-family: arial, helvetica, sans-serif; font-size: 14pt; color: #000000;\">\u00abUna sentida mirada a un grupo de personajes que hacen bandera de la lucha revolucionaria (&#8230;) Las transparentes im\u00e1genes de la pel\u00edcula, en la que las secuencias fluyen con apariencia de sencillez, desvelan como pocas la esencia del cine de Ken Loach.\u00bb\u00a0<i class=\"fas fa-external-link-alt\"><\/i><\/span><\/div>\n<div class=\"pro-crit-med\"><span style=\"font-family: arial, helvetica, sans-serif; font-size: 14pt; color: #000000;\">Miguel \u00c1ngel Palomo: Diario El Pa\u00eds\u00a0<i class=\"fas fa-circle  pos\" title=\"tendencia de la cr\u00edtica: positiva\"><\/i><\/span><\/div>\n<\/div>\n<\/li>\n<li>\n<div class=\"pro-review\">\n<div><span style=\"font-family: arial, helvetica, sans-serif; font-size: 14pt; color: #000000;\">\u00abLoach retrata de forma previsible la guerra de Irlanda. (&#8230;) Es una pel\u00edcula digna, combativa, con pretensiones de complejidad, pero en la que percibo que su creador me quiere imponer todo el rato lo que \u00e9l piensa\u00bb<\/span><\/div>\n<div class=\"pro-crit-med\"><span style=\"font-family: arial, helvetica, sans-serif; font-size: 14pt; color: #000000;\">Carlos Boyero: Diario El Mundo\u00a0<i class=\"fas fa-circle  neu\" title=\"tendencia de la cr\u00edtica: neutral\"><\/i><\/span><\/div>\n<\/div>\n<\/li>\n<li>\n<div class=\"pro-review\">\n<div><span style=\"font-family: arial, helvetica, sans-serif; font-size: 14pt; color: #000000;\">\u00abUna pel\u00edcula impecable (&#8230;) Lleva impreso su estilo seco pero tambi\u00e9n maniqueo hasta casi lo imp\u00fadico (&#8230;) s\u00f3lida puesta en escena, con intensidad narrativa y buen gusto general en el ali\u00f1o (&#8230;) Puntuaci\u00f3n: \u2605\u2605\u2605 (sobre 5)\u00bb\u00a0<i class=\"fas fa-external-link-alt\"><\/i><\/span><\/div>\n<div class=\"pro-crit-med\"><span style=\"font-family: arial, helvetica, sans-serif; font-size: 14pt; color: #000000;\">Oti Rodr\u00edguez Marchante: Diario ABC\u00a0<i class=\"fas fa-circle  pos\" title=\"tendencia de la cr\u00edtica: positiva\"><\/i><\/span><\/div>\n<\/div>\n<\/li>\n<li>\n<div class=\"pro-review\">\n<div><span style=\"font-family: arial, helvetica, sans-serif; font-size: 14pt; color: #000000;\">\u00abAtrapante, poderosa, desgarradora. (&#8230;) una pel\u00edcula modesta, aspasionada, bellamente elaborada. (&#8230;) Puntuaci\u00f3n: \u2605\u2605\u2605\u00bd (sobre 4)\u00bb\u00a0<i class=\"fas fa-external-link-alt\"><\/i><\/span><\/div>\n<div class=\"pro-crit-med\"><span style=\"font-family: arial, helvetica, sans-serif; font-size: 14pt; color: #000000;\">Steven Rea: Philadelphia Inquirer\u00a0<i class=\"fas fa-circle  pos\" title=\"tendencia de la cr\u00edtica: positiva\"><\/i><\/span><\/div>\n<\/div>\n<\/li>\n<li>\n<div class=\"pro-review\">\n<div><span style=\"font-family: arial, helvetica, sans-serif; font-size: 14pt; color: #000000;\">\u00abComo sucede con frecuencia tanto en las pel\u00edculas de Loach como en la historia, la traici\u00f3n a los ideales, de los socialistas y de los otros bandos, deja un regusto \u00e1spero, que me hizo sentir triste, pero no m\u00e1s sabio.\u00bb\u00a0<i class=\"fas fa-external-link-alt\"><\/i><\/span><\/div>\n<div class=\"pro-crit-med\"><span style=\"font-family: arial, helvetica, sans-serif; font-size: 14pt; color: #000000;\">Jonathan Rosenbaum: Chicago Reader\u00a0<i class=\"fas fa-circle  neu\" title=\"tendencia de la cr\u00edtica: neutral\"><\/i><\/span><\/div>\n<\/div>\n<\/li>\n<li>\n<div class=\"pro-review\">\n<div><span style=\"font-family: arial, helvetica, sans-serif; font-size: 14pt; color: #000000;\">\u00abComo obra de \u00e9poca es tremendamente aut\u00e9ntica, pero no parece &#8216;anticuada&#8217;. El director de fotograf\u00eda Barry Ackroyd captura el pasado con frescura y de forma detallada (&#8230;) Puntuaci\u00f3n: \u2605\u2605\u2605\u2605 (sobre 4)\u00bb\u00a0<\/span><\/div>\n<\/div>\n<div>\u00a0<\/div>\n<\/li>\n<\/ul>\n<\/dd>\n<\/dl>\n<p><span style=\"font-family: arial, helvetica, sans-serif; font-size: 14pt;\"><img loading=\"lazy\" decoding=\"async\" class=\"size-full wp-image-9528 aligncenter\" src=\"https:\/\/puntocritico.com\/ausajpuntocritico\/wp-content\/uploads\/2018\/03\/Mosca_Punto_Cr\u00edtico_40.png\" alt=\"\" width=\"50\" height=\"50\" data-id=\"9528\" \/><\/span><\/p>\n","protected":false},"excerpt":{"rendered":"<div class=\"mh-excerpt\"><p>La historia de la humanidad es la historia del enfrentamiento entre el bien y el mal, de la lucha a muerte entre el opresor y el oprimido, entre el amo y el esclavo, entre el <a class=\"mh-excerpt-more\" href=\"https:\/\/puntocritico.com\/ausajpuntocritico\/2017\/05\/01\/1-de-mayo-dia-del-trabajo\/\" title=\"1 de Mayo d\u00eda del trabajo\">[&#8230;]<\/a><\/p>\n<\/div>","protected":false},"author":3,"featured_media":2103,"comment_status":"open","ping_status":"closed","sticky":false,"template":"","format":"standard","meta":{"_acf_changed":false,"_exactmetrics_skip_tracking":false,"_exactmetrics_sitenote_active":false,"_exactmetrics_sitenote_note":"","_exactmetrics_sitenote_category":0,"footnotes":""},"categories":[10],"tags":[],"class_list":{"0":"post-2102","1":"post","2":"type-post","3":"status-publish","4":"format-standard","5":"has-post-thumbnail","7":"category-miscelanea"},"acf":[],"_links":{"self":[{"href":"https:\/\/puntocritico.com\/ausajpuntocritico\/wp-json\/wp\/v2\/posts\/2102","targetHints":{"allow":["GET"]}}],"collection":[{"href":"https:\/\/puntocritico.com\/ausajpuntocritico\/wp-json\/wp\/v2\/posts"}],"about":[{"href":"https:\/\/puntocritico.com\/ausajpuntocritico\/wp-json\/wp\/v2\/types\/post"}],"author":[{"embeddable":true,"href":"https:\/\/puntocritico.com\/ausajpuntocritico\/wp-json\/wp\/v2\/users\/3"}],"replies":[{"embeddable":true,"href":"https:\/\/puntocritico.com\/ausajpuntocritico\/wp-json\/wp\/v2\/comments?post=2102"}],"version-history":[{"count":0,"href":"https:\/\/puntocritico.com\/ausajpuntocritico\/wp-json\/wp\/v2\/posts\/2102\/revisions"}],"wp:featuredmedia":[{"embeddable":true,"href":"https:\/\/puntocritico.com\/ausajpuntocritico\/wp-json\/wp\/v2\/media\/2103"}],"wp:attachment":[{"href":"https:\/\/puntocritico.com\/ausajpuntocritico\/wp-json\/wp\/v2\/media?parent=2102"}],"wp:term":[{"taxonomy":"category","embeddable":true,"href":"https:\/\/puntocritico.com\/ausajpuntocritico\/wp-json\/wp\/v2\/categories?post=2102"},{"taxonomy":"post_tag","embeddable":true,"href":"https:\/\/puntocritico.com\/ausajpuntocritico\/wp-json\/wp\/v2\/tags?post=2102"}],"curies":[{"name":"wp","href":"https:\/\/api.w.org\/{rel}","templated":true}]}}