{"id":2054984,"date":"2021-04-20T00:05:08","date_gmt":"2021-04-19T23:05:08","guid":{"rendered":"https:\/\/puntocritico.com\/ausajpuntocritico\/?p=2054984"},"modified":"2021-04-19T12:52:31","modified_gmt":"2021-04-19T11:52:31","slug":"tecnologia-y-desigualdad","status":"publish","type":"post","link":"https:\/\/puntocritico.com\/ausajpuntocritico\/2021\/04\/20\/tecnologia-y-desigualdad\/","title":{"rendered":"NEURODERECHOS: Tecnolog\u00eda y Desigualdad."},"content":{"rendered":"<div class=\"css-1vkm6nb ehdk2mb0\">\n<p id=\"link-39dadd0\" class=\"css-19rw7kf e1h9rw200\" style=\"text-align: center;\" data-test-id=\"headline\"><strong><span style=\"font-size: 24pt;\">La velocidad de la tecnolog\u00eda atropella nuestros cerebros<\/span><\/strong><\/p>\n<\/div>\n<p id=\"article-summary\" class=\"css-w6ymp8 e1wiw3jv0\" style=\"text-align: center;\"><span style=\"font-size: 18pt;\"><strong><em>Y cambia el sentido de lo que entendemos por desigualdad<\/em><\/strong><\/span><\/p>\n<p style=\"text-align: justify;\"><span style=\"font-size: 14pt;\">Por Jorge Carri\u00f3n<\/span><\/p>\n<p style=\"text-align: justify;\"><a href=\"https:\/\/www.nytimes.com\/es\/2021\/03\/14\/espanol\/opinion\/tecnologia-desigualdad.html?campaign_id=42&amp;emc=edit_bn_20210316&amp;instance_id=28093&amp;nl=el-times&amp;regi_id=92890089&amp;segment_id=53493&amp;te=1&amp;user_id=19cd1c9948b4015618fabcb895021c8f\" target=\"_blank\" rel=\"noopener noreferrer\"><span style=\"font-size: 14pt;\">The New York Times<\/span><\/a><\/p>\n<figure id=\"attachment_2054998\" aria-describedby=\"caption-attachment-2054998\" style=\"width: 460px\" class=\"wp-caption aligncenter\"><img loading=\"lazy\" decoding=\"async\" class=\"wp-image-2054998\" src=\"https:\/\/puntocritico.com\/ausajpuntocritico\/wp-content\/uploads\/2021\/03\/merlin_164289354_13e9927c-f982-4907-83cc-c96f03e526e2-superJumbo.jpg\" alt=\"\" width=\"460\" height=\"690\" data-id=\"2054998\" srcset=\"https:\/\/puntocritico.com\/ausajpuntocritico\/wp-content\/uploads\/2021\/03\/merlin_164289354_13e9927c-f982-4907-83cc-c96f03e526e2-superJumbo.jpg 1366w, https:\/\/puntocritico.com\/ausajpuntocritico\/wp-content\/uploads\/2021\/03\/merlin_164289354_13e9927c-f982-4907-83cc-c96f03e526e2-superJumbo-200x300.jpg 200w, https:\/\/puntocritico.com\/ausajpuntocritico\/wp-content\/uploads\/2021\/03\/merlin_164289354_13e9927c-f982-4907-83cc-c96f03e526e2-superJumbo-683x1024.jpg 683w, https:\/\/puntocritico.com\/ausajpuntocritico\/wp-content\/uploads\/2021\/03\/merlin_164289354_13e9927c-f982-4907-83cc-c96f03e526e2-superJumbo-768x1151.jpg 768w, https:\/\/puntocritico.com\/ausajpuntocritico\/wp-content\/uploads\/2021\/03\/merlin_164289354_13e9927c-f982-4907-83cc-c96f03e526e2-superJumbo-1025x1536.jpg 1025w, https:\/\/puntocritico.com\/ausajpuntocritico\/wp-content\/uploads\/2021\/03\/merlin_164289354_13e9927c-f982-4907-83cc-c96f03e526e2-superJumbo-610x915.jpg 610w\" sizes=\"auto, (max-width: 460px) 100vw, 460px\" \/><figcaption id=\"caption-attachment-2054998\" class=\"wp-caption-text\"><span style=\"color: #008000;\">Bryan Derballa para The New York Times<\/span><\/figcaption><\/figure>\n<p>&nbsp;<\/p>\n<p class=\"css-axufdj evys1bk0\" style=\"text-align: justify;\"><span style=\"font-size: 14pt;\">En la notable serie\u00a0<em class=\"css-2fg4z9 e1gzwzxm0\">Mrs. America<\/em>, ambientada en los a\u00f1os setenta, llama la atenci\u00f3n que la conservadora protagonista use grabaciones en cintas de casete y correo postal para difamar a sus oponentes feministas. En solamente una generaci\u00f3n hemos pasado de esas tecnolog\u00edas de la comunicaci\u00f3n, que ahora nos parecen lent\u00edsimas, a la instantaneidad de Gmail, Facebook, Twitter o WhatsApp. Un salto de puro v\u00e9rtigo.<\/span><\/p>\n<p class=\"css-axufdj evys1bk0\" style=\"text-align: justify;\"><span style=\"font-size: 14pt;\">La velocidad del transporte, las comunicaciones y el conocimiento no ha parado de incrementarse exponencialmente en este cambio de siglo. En\u00a0<em class=\"css-2fg4z9 e1gzwzxm0\">El futuro va m\u00e1s r\u00e1pido de lo que crees<\/em>, Peter Diamandis y Steven Kotler ponen un ejemplo rotundo de ello. En 1997, la computadora Deep Blue de IBM derrot\u00f3 al ajedrez al campe\u00f3n del mundo, Gary Kasp\u00e1rov; exactamente veinte a\u00f1os m\u00e1s tarde, la AlphaGo de Google gan\u00f3 al campe\u00f3n de go Lee Sedol. La complejidad del ajedrez es de 10 elevado a 40; la del go, de 10 elevado a 360. Una diferencia de 320 en solamente dos d\u00e9cadas.<\/span><\/p>\n<div class=\"css-1fanzo5 StoryBodyCompanionColumn\">\n<div class=\"css-53u6y8\">\n<p class=\"css-axufdj evys1bk0\" style=\"text-align: justify;\"><span style=\"font-size: 14pt;\">Esas diferencias aumentar\u00e1n pronto, abismalmente, con la\u00a0computaci\u00f3n cu\u00e1ntica. Seg\u00fan\u00a0otro tecn\u00f3logo estadounidense, Ray Kurzweil, en unos a\u00f1os cualquier ordenador port\u00e1til tendr\u00e1 la misma potencia de c\u00e1lculo que el cerebro humano. La tecnolog\u00eda est\u00e1 acelerando el mundo a una velocidad fren\u00e9tica y sin precedentes. El problema es que nuestros cerebros, en cambio, no han ganado en las \u00faltimas d\u00e9cadas mayor capacidad de procesamiento. De modo que nuestro ritmo mental, aunque sea extraordinario, es cada vez m\u00e1s lento en comparaci\u00f3n con el de las redes y las m\u00e1quinas.<\/span><\/p>\n<\/div>\n<\/div>\n<div class=\"css-1fanzo5 StoryBodyCompanionColumn\">\n<div class=\"css-53u6y8\">\n<p class=\"css-axufdj evys1bk0\" style=\"text-align: justify;\"><span style=\"font-size: 14pt;\">El desequilibrio cada vez m\u00e1s extremo entre la velocidad del mundo y la de nuestros cerebros, entre la complejidad de la realidad y nuestra capacidad de pensarla y entenderla, est\u00e1 dilatando la brecha digital y est\u00e1 cambiando el sentido de lo que entendemos por desigualdad. Entre 2015 y 2030 vamos a pasar de 15.000 millones de dispositivos conectados a cerca de 500.000 millones en todo el mundo. Y se van a acabar de configurar dos categor\u00edas de ciudadanos o \u2014lo que es lo mismo\u2014 de usuarios de internet. La distancia cada vez mayor entre los hiperconectados y los simplemente conectados no solo est\u00e1 decidiendo el futuro, tambi\u00e9n est\u00e1 creando un nuevo mercado.<\/span><\/p>\n<\/div>\n<div class=\"css-1fanzo5 StoryBodyCompanionColumn\">\n<div class=\"css-53u6y8\">\n<p class=\"css-axufdj evys1bk0\" style=\"text-align: justify;\"><span style=\"font-size: 14pt;\">Porque las mismas megacorporaciones que convirtieron el ordenador personal, el tel\u00e9fono m\u00f3vil o la conexi\u00f3n a internet en bienes de primera necesidad, ahora\u00a0experimentan con los neuroimplantes\u00a0que \u2014en las pr\u00f3ximas d\u00e9cadas\u2014 todos necesitaremos para no vernos obligados a bajarnos del tren superr\u00e1pido de la ultramodernidad. Las grandes compa\u00f1\u00edas tecnol\u00f3gicas van a lucrar con esa nueva ansiedad, comparable a la que durante el siglo pasado provoc\u00f3 la creaci\u00f3n de las industrias de la autoayuda o la cirug\u00eda est\u00e9tica.<\/span><\/p>\n<p class=\"css-axufdj evys1bk0\" style=\"text-align: justify;\"><span style=\"font-size: 14pt;\">\u201cUna de las formas de interpretar la aceleraci\u00f3n tecnol\u00f3gica descrita en este libro es como parte de un viaje continuo hacia la abundancia\u201d, afirman Diamandis y Kotler. La multiplicaci\u00f3n de los recursos tecnol\u00f3gicos apunta, seg\u00fan ellos, hacia m\u00e1s democracia y mayor conciencia medioambiental. Ven la implementaci\u00f3n de la rob\u00f3tica tambi\u00e9n con optimismo: va a permitir que el ser humano se dedique al ocio, los cuidados o la creatividad, mientras llega la renta b\u00e1sica universal. Los m\u00e1s talentosos y capaces, de cualquier rinc\u00f3n del planeta, podr\u00e1n acceder a una educaci\u00f3n superior y participar de esa supuesta fiesta de la inteligencia colectiva.<\/span><\/p>\n<\/div>\n<\/div>\n<\/div>\n<div class=\"css-1fanzo5 StoryBodyCompanionColumn\">\n<div class=\"css-53u6y8\">\n<p class=\"css-axufdj evys1bk0\" style=\"text-align: justify;\"><span style=\"font-size: 14pt;\">Pero la verdad no apoya esas fantas\u00edas. Seg\u00fan\u00a0el \u00faltimo informe de Freedom House, no se puede afirmar que la democracia est\u00e9 avanzando mientras s\u00ed lo hacen, brutalmente, las redes 5G o la interconexi\u00f3n de las cosas. Y ya ha empezado\u00a0la carrera entre Estados Unidos y China por el 6G, que har\u00e1 que internet sea cien veces m\u00e1s r\u00e1pido de lo que es hoy. De modo que es leg\u00edtimo pensar que la \u00fanica motivaci\u00f3n del cambio de paradigma y de la velocidad que lo impulsa es la sed de poder de las superpotencias y el lucro de sus mejores ingenieros.<\/span><\/p>\n<p class=\"css-axufdj evys1bk0\" style=\"text-align: justify;\"><span style=\"font-size: 14pt;\">El ep\u00edlogo de<em class=\"css-2fg4z9 e1gzwzxm0\">\u00a0El futuro va m\u00e1s r\u00e1pido de lo que crees<\/em>\u00a0apoya esa idea: es un sorprendente espacio publicitario de los cursos, el\u00a0<em class=\"css-2fg4z9 e1gzwzxm0\">coaching<\/em>, las becas o los fondos de inversi\u00f3n que ofrece o gestiona Diamandis.\u00a0Se trata de talleres y lecciones\u00a0para \u201centrar en este estado de conciencia llamado \u2018flujo\u2019 \u2014mayor productividad, aprendizaje, creatividad, cooperaci\u00f3n, colaboraci\u00f3n (y la lista sigue)\u2014\u201d que supuestamente \u201cnos regala la habilidad necesaria para seguir el ritmo\u201d.<\/span><\/p>\n<\/div>\n<aside class=\"css-ew4tgv\" aria-label=\"companion column\">\n<div id=\"c-col-editors-picks\" class=\"css-j64t31\">\n<article class=\"css-5raq8g\">\n<p class=\"css-1p08cbr\" style=\"text-align: justify;\"><span style=\"font-size: 14pt;\">En paralelo, <strong>Elon Musk<\/strong> y muchos otros emprendedores disruptivos y multimillonarios est\u00e1n invirtiendo en <strong>proyectos de neuroimplantes<\/strong>, que, al mismo tiempo que ayudar\u00e1n a neutralizar la par\u00e1lisis cerebral o el Alzheimer, tambi\u00e9n mejorar\u00e1n brutalmente la memoria o la capacidad de aprendizaje de quien pueda pag\u00e1rselos. Y\u00a0multiplicar\u00e1n fortunas\u00a0que ya est\u00e1n fuera de toda escala.<\/span><\/p>\n<\/article>\n<\/div>\n<\/aside>\n<\/div>\n<div class=\"css-1fanzo5 StoryBodyCompanionColumn\">\n<div class=\"css-53u6y8\">\n<p class=\"css-axufdj evys1bk0\" style=\"text-align: justify;\"><span style=\"font-size: 14pt;\">El desfase entre la velocidad de la humanidad y la de cada uno de los seres humanos que la componen se est\u00e1 convirtiendo en un fallo central del sistema. Se trata de una brecha que trasciende la noci\u00f3n de g\u00e9nero, de un abismo que se dilata en el coraz\u00f3n del abismo de la desigualdad. Mientras los ricos se vuelven cada vez m\u00e1s ricos y acumulan, en las nubes de sus empresas, m\u00e1s informaci\u00f3n y m\u00e1s conocimiento, millones de personas son atropelladas por la velocidad excesiva de la realidad.<\/span><\/p>\n<p class=\"css-axufdj evys1bk0\" style=\"text-align: justify;\"><span style=\"font-size: 14pt;\">Si ralentizar el ritmo de las m\u00faltiples convergencias cient\u00edficas y tecnol\u00f3gicas es incompatible con el modo en que hemos cifrado la econom\u00eda, al menos s\u00ed que deber\u00edamos aprender de los errores recientes. Hemos permitido que las grandes plataformas impongan un sistema de vida y de consumo,\u00a0sin haber previsto una regulaci\u00f3n adecuada\u00a0que controlara esa metamorfosis y la hiciera m\u00e1s transparente y justa. Pero todav\u00eda estamos a tiempo de llegar a acuerdos importantes en neuroderecho y en otros nuevos frentes que se abren en el n\u00facleo del presente.<\/span><\/p>\n<p class=\"css-axufdj evys1bk0\" style=\"text-align: justify;\"><span style=\"font-size: 14pt;\">Chile ha tomado la delantera y se han convertido en un modelo, se\u00f1alando el camino hacia un nuevo derecho humano, el de\u00a0estar protegidos ante los avances de las tecnolog\u00edas neurol\u00f3gicas. No se deber\u00eda haber dejado la investigaci\u00f3n de las vacunas contra los virus en manos de laboratorios privados, no se debe permitir que los neuroimplantes tengan tambi\u00e9n un\u00a0<em class=\"css-2fg4z9 e1gzwzxm0\">copyright<\/em>\u00a0abusivo, y los gobiernos y organismos internacionales deben comenzar a regular en serio todo aquello que est\u00e1 dejando de ser ciencia ficci\u00f3n.<\/span><\/p>\n<p class=\"css-axufdj evys1bk0\" style=\"text-align: justify;\"><span style=\"font-size: 14pt;\">Es urgente incluir una fuerte dimensi\u00f3n \u00e9tica en la carrera vertiginosa, afrodis\u00edaca, de los dispositivos, las redes, la innovaci\u00f3n, porque no sabemos a d\u00f3nde nos conduce. Como dice el fil\u00f3sofo chino Yuk Hui en su interesant\u00edsimo ensayo\u00a0<em class=\"css-2fg4z9 e1gzwzxm0\">Fragmentar el futuro<\/em>, la tecnolog\u00eda nos ha situado en medio de otro tipo de flujo (muy distinto del que vende Diamandis): uno \u201cde fuerza metaf\u00edsico que est\u00e1 arrastrando a los humanos a un destino desconocido\u201d. Tal vez, despu\u00e9s de dos siglos de aceleraci\u00f3n continua, haya llegado el momento de aprender de los accidentes que ya ha causado el exceso de velocidad.<\/span><\/p>\n<\/div>\n<\/div>\n<p>&nbsp;<\/p>\n<p><img loading=\"lazy\" decoding=\"async\" class=\"aligncenter size-full wp-image-24773\" src=\"https:\/\/puntocritico.com\/ausajpuntocritico\/wp-content\/uploads\/2019\/12\/metaf\u00edsica-guyuau.jpg\" alt=\"\" width=\"500\" height=\"206\" data-id=\"24773\" srcset=\"https:\/\/puntocritico.com\/ausajpuntocritico\/wp-content\/uploads\/2019\/12\/metaf\u00edsica-guyuau.jpg 500w, https:\/\/puntocritico.com\/ausajpuntocritico\/wp-content\/uploads\/2019\/12\/metaf\u00edsica-guyuau-300x124.jpg 300w\" sizes=\"auto, (max-width: 500px) 100vw, 500px\" \/><\/p>\n<div class=\"css-1fanzo5 StoryBodyCompanionColumn\">\n<div class=\"css-53u6y8\">\n<p class=\"css-pncxxs etfikam0\" style=\"text-align: right;\"><strong>Jorge Carri\u00f3n<\/strong>, colaborador regular de The New York Times, es escritor y director del m\u00e1ster en Creaci\u00f3n Literaria de la UPF-BSM. Sus \u00faltimos libros publicados son\u00a0<em class=\"css-2fg4z9 e1gzwzxm0\">Contra Amazon<\/em>\u00a0y\u00a0<em class=\"css-2fg4z9 e1gzwzxm0\">Lo viral<\/em>. Es el autor del p\u00f3dcast\u00a0<em class=\"css-2fg4z9 e1gzwzxm0\">Solaris, ensayos sonoros<\/em><\/p>\n<\/div>\n<\/div>\n<p>&nbsp;<\/p>\n<p style=\"text-align: center;\"><span style=\"color: #008000;\"><strong><span style=\"font-size: 18pt;\">*******<\/span><\/strong><\/span><\/p>\n<p class=\"title\" style=\"text-align: center;\"><strong><span style=\"font-size: 24pt;\">\u00bfQu\u00e9 son los neuroderechos? El Gobierno plantea proteger los \u00abprocesos cerebrales\u00bb de la tecnolog\u00eda abusiva<\/span><\/strong><\/p>\n<div class=\"c-header\">\n<div class=\"news-header\">\n<p style=\"text-align: center;\"><em><span style=\"font-size: 18pt;\"><strong>Acad\u00e9micos y desarrolladores coinciden en la necesidad de regular conceptos como la privacidad de los datos del cerebro o la identidad mental antes de que la tecnolog\u00eda capaz de interactuar con el cerebro llegue al mercado<\/strong><\/span><\/em><\/p>\n<\/div>\n<\/div>\n<div class=\"c-subheader\">\n<div class=\"buttons-rs-panel\" style=\"text-align: justify;\"><span style=\"font-size: 14pt;\">Por Carlos del Castillo<\/span><\/div>\n<div style=\"text-align: justify;\"><a href=\"https:\/\/www.eldiario.es\/tecnologia\/son-neuroderechos-gobierno-plantea-primera-vez-proteger-procesos-cerebrales-tecnologia-invasiva_1_6478246.html?utm_source=adelanto&amp;utm_medium=email&amp;utm_content=Usuario&amp;utm_campaign=12\/04\/2020-adelanto&amp;goal=0_10e11ebad6-92da912192-57507549&amp;mc_cid=92da912192&amp;mc_eid=1c11072d84\" target=\"_blank\" rel=\"noopener noreferrer\"><span style=\"font-size: 14pt;\">eldiario.es<\/span><\/a><\/div>\n<\/div>\n<figure id=\"attachment_2201892\" aria-describedby=\"caption-attachment-2201892\" style=\"width: 678px\" class=\"wp-caption aligncenter\"><img loading=\"lazy\" decoding=\"async\" class=\"wp-image-2201892 size-mh-magazine-content\" src=\"https:\/\/puntocritico.com\/ausajpuntocritico\/wp-content\/uploads\/2021\/03\/Neuroderechos-eldiario-678x381.jpg\" alt=\"\" width=\"678\" height=\"381\" data-id=\"2201892\" srcset=\"https:\/\/puntocritico.com\/ausajpuntocritico\/wp-content\/uploads\/2021\/03\/Neuroderechos-eldiario-678x381.jpg 678w, https:\/\/puntocritico.com\/ausajpuntocritico\/wp-content\/uploads\/2021\/03\/Neuroderechos-eldiario-300x169.jpg 300w, https:\/\/puntocritico.com\/ausajpuntocritico\/wp-content\/uploads\/2021\/03\/Neuroderechos-eldiario-768x432.jpg 768w, https:\/\/puntocritico.com\/ausajpuntocritico\/wp-content\/uploads\/2021\/03\/Neuroderechos-eldiario-610x343.jpg 610w, https:\/\/puntocritico.com\/ausajpuntocritico\/wp-content\/uploads\/2021\/03\/Neuroderechos-eldiario.jpg 880w\" sizes=\"auto, (max-width: 678px) 100vw, 678px\" \/><figcaption id=\"caption-attachment-2201892\" class=\"wp-caption-text\"><span style=\"color: #008000;\">Un dispositivo para registrar la actividad cerebral para pacientes con trastornos de la conciencia, producido por la empresa MindBeagle.<\/span><\/figcaption><\/figure>\n<p>&nbsp;<\/p>\n<p class=\"article-text\" style=\"text-align: justify;\"><span style=\"font-size: 14pt;\">Cuenta <strong>Rafael Yuste<\/strong>, prestigioso neurobi\u00f3logo y profesor de la <em><strong>Universidad de Columbia<\/strong><\/em> (Nueva York), que la preocupaci\u00f3n real por los neuroderechos comenz\u00f3 con los tratamientos con estimuladores cerebrales en pacientes de p\u00e1rkinson o depresi\u00f3n. \u00ab<em>Esos estimuladores suelen consistir en un electrodo que transmite corriente y disminuye los s\u00edntomas. A veces algunos de esos pacientes y sobre todo sus familiares, se quejan a los m\u00e9dicos de que cuando encienden el estimulador les cambia la personalidad. Que se convierten en otra persona. Tambi\u00e9n puede pasar que el paciente diga que prefiere esa personalidad de cuando lleva el estimulador puesto<\/em>\u00ab.<\/span><\/p>\n<p class=\"article-text\" style=\"text-align: justify;\"><span style=\"font-size: 14pt;\">\u00ab<em>Lo que ocurre con esos estimuladores es un ejemplo de lo que nos viene. Hay que tener en cuenta que son tecnolog\u00eda antiqu\u00edsima comparados lo que se est\u00e1 haciendo ahora en el proyecto BRAIN: en animales de experimentaci\u00f3n, tomamos el control sobre su cerebro con neurotecnolog\u00eda. Es algo que nos va a venir de frente<\/em>\u00ab, dice <strong>Yuste<\/strong>.<\/span><\/p>\n<p class=\"article-text\" style=\"text-align: justify;\"><span style=\"font-size: 14pt;\">Ese neurobi\u00f3logo es el creador de BRAIN (<em>siglas en ingl\u00e9s de Investigaci\u00f3n del Cerebro a trav\u00e9s del Avance de Neurotecnolog\u00edas Innovadoras<\/em>), un estudio a 15 a\u00f1os que comenz\u00f3 en 2013. Fue una de las grandes apuestas cient\u00edfica del Gobierno de <strong>Barack Obama,<\/strong> que lo financi\u00f3 con 110 millones de euros, convencido de que el objetivo de BRAIN de mapear el cerebro pod\u00eda ser un avance comparable a descifrar el genoma humano.<\/span><\/p>\n<p class=\"article-text\" style=\"text-align: justify;\"><span style=\"font-size: 14pt;\">Yuste es una de las figuras centrales de esa investigaci\u00f3n. Tambi\u00e9n lo ha sido en la redacci\u00f3n de la \u00ab<em><strong>carta de derechos digitales<\/strong><\/em>\u00ab, un\u00a0<a class=\"link\" href=\"https:\/\/portal.mineco.gob.es\/RecursosArticulo\/mineco\/ministerio\/participacion_publica\/audiencia\/ficheros\/SEDIACartaDerechosDigitales.pdf\" target=\"_blank\" rel=\"noopener noreferrer\">documento<\/a>\u00a0sobre c\u00f3mo proteger los derechos y libertades afectados por las nuevas tecnolog\u00edas elaborado por un grupo de expertos en diferentes campos a iniciativa del Gobierno espa\u00f1ol. Durante su presentaci\u00f3n, <strong>Yuste<\/strong> avis\u00f3 sobre la necesidad de legislar los neuroderechos dado el r\u00e1pido avance de las tecnolog\u00edas capaces de interactuar con el cerebro. Casi todos los productos que est\u00e1n en el mercado tienen fines terap\u00e9uticos, pero las multinacionales tecnol\u00f3gicas est\u00e1n invirtiendo miles de millones de d\u00f3lares en investigar su potencial como tecnolog\u00eda de consumo. \u00ab<em>Ahora mismo no est\u00e1n reguladas porque al no ser invasivas, la regulaci\u00f3n que tienen es la de un tel\u00e9fono m\u00f3vil, la de cualquier dispositivo comercial<\/em>\u00ab, explica.<\/span><\/p>\n<p>&nbsp;<\/p>\n<figure id=\"attachment_2201922\" aria-describedby=\"caption-attachment-2201922\" style=\"width: 678px\" class=\"wp-caption aligncenter\"><img loading=\"lazy\" decoding=\"async\" class=\"wp-image-2201922 size-mh-magazine-content\" src=\"https:\/\/puntocritico.com\/ausajpuntocritico\/wp-content\/uploads\/2021\/03\/neuro-Fb-678x381.jpg\" alt=\"\" width=\"678\" height=\"381\" data-id=\"2201922\" srcset=\"https:\/\/puntocritico.com\/ausajpuntocritico\/wp-content\/uploads\/2021\/03\/neuro-Fb-678x381.jpg 678w, https:\/\/puntocritico.com\/ausajpuntocritico\/wp-content\/uploads\/2021\/03\/neuro-Fb-300x169.jpg 300w, https:\/\/puntocritico.com\/ausajpuntocritico\/wp-content\/uploads\/2021\/03\/neuro-Fb-768x432.jpg 768w, https:\/\/puntocritico.com\/ausajpuntocritico\/wp-content\/uploads\/2021\/03\/neuro-Fb-610x344.jpg 610w, https:\/\/puntocritico.com\/ausajpuntocritico\/wp-content\/uploads\/2021\/03\/neuro-Fb.jpg 792w\" sizes=\"auto, (max-width: 678px) 100vw, 678px\" \/><figcaption id=\"caption-attachment-2201922\" class=\"wp-caption-text\"><span style=\"color: #008000;\">Uno de los prototipos de tecnolog\u00eda de reconocimiento de se\u00f1ales cerebrales en los que ha trabajado Facebook.<\/span><\/figcaption><\/figure>\n<p>&nbsp;<\/p>\n<p class=\"article-text\" style=\"text-align: justify;\"><span style=\"font-size: 14pt;\">Tras su presentaci\u00f3n, el Gobierno sac\u00f3 la carta de derechos digitales a consulta p\u00fablica, un proceso que ha finalizado este viernes. El documento no tendr\u00e1 impacto legal inmediato, por lo que\u00a0algunos juristas la han tachado de \u00ab<em>propaganda<\/em>\u00ab. No obstante, <strong>Yuste<\/strong> defiende que el texto es \u00ab<em>pionero<\/em>\u00bb ya que convierte a Espa\u00f1a en el primer pa\u00eds europeo que plantea la protecci\u00f3n de los neuroderechos de forma oficial. El texto recoge que \u00ab<em>la implantaci\u00f3n y empleo en las personas de las neurotecnolog\u00edas ser\u00e1n reguladas por la ley<\/em>\u00bb para \u00ab<em>preservar la identidad individual como conciencia de la persona sobre s\u00ed misma<\/em>\u00bb o \u00ab<em>asegurar la confidencialidad y seguridad de los datos obtenidos o relativos a sus procesos cerebrales<\/em>\u00ab.<\/span><\/p>\n<p class=\"article-text\" style=\"text-align: justify;\"><span style=\"font-size: 14pt;\">Hasta ahora solo <strong>Chile<\/strong> ha dado un paso as\u00ed en todo el mundo, aunque ha ido mucho m\u00e1s lejos que Espa\u00f1a. El Senado del pa\u00eds sudamericano\u00a0<a class=\"link\" href=\"https:\/\/www.senado.cl\/proteccion-de-la-informacion-neuronal-proyectos-chilenos-buscan-ser\/senado\/2020-11-30\/200543.html\" target=\"_blank\" rel=\"noopener noreferrer\">aprob\u00f3 esta semana por unanimidad<\/a>\u00a0reformar la constituci\u00f3n para incluir los neuroderechos e impulsar un proyecto de ley para definirlos. La iniciativa quiere detallar protecciones de la identidad mental, el libre albedr\u00edo o la privacidad de los datos cerebrales. Tambi\u00e9n abre el mel\u00f3n de las tecnolog\u00edas que puedan aumentar la creatividad, la atenci\u00f3n o la inteligencia de personas sanas a trav\u00e9s de la estimulaci\u00f3n del cerebro, para las que quiere regular un acceso equitativo.<\/span><\/p>\n<p class=\"article-text\" style=\"text-align: justify;\"><span style=\"font-size: 14pt;\">Es un aspecto que tambi\u00e9n toca la <strong>Carta espa\u00f1ola<\/strong>: \u00ab<em>La ley regular\u00e1 aquellos supuestos y condiciones de empleo de las neurotecnolog\u00edas que, m\u00e1s all\u00e1 de su aplicaci\u00f3n terap\u00e9utica, pretendan el aumento cognitivo o la estimulaci\u00f3n o potenciaci\u00f3n de las capacidades de las personas<\/em>\u00ab.<\/span><\/p>\n<h3 class=\"article-text\" style=\"text-align: justify;\"><span style=\"font-size: 14pt;\">Antes de que sea tarde<\/span><\/h3>\n<p class=\"article-text\" style=\"text-align: justify;\"><span style=\"font-size: 14pt;\">En un momento en que existen teor\u00edas de la conspiraci\u00f3n que aseguran sin ning\u00fan fundamento que la vacuna del coronavirus esconder\u00e1\u00a0nanochips de control mental, cabe recordar que todos los especialistas, acad\u00e9micos y profesionales, afirman que a d\u00eda de hoy no existe ninguna tecnolog\u00eda capaz de\u00a0<em>leer el cerebro<\/em>\u00a0ni de implantar pensamientos en \u00e9l. \u00ab<em>Estamos muy, muy lejos de eso<\/em>\u00ab, recalca <strong>Ana Maiquez<\/strong>, fundadora de Neuroelectrics, una compa\u00f1\u00eda espa\u00f1ola que dise\u00f1a neurotecnolog\u00eda con fines terap\u00e9uticos.<\/span><\/p>\n<p class=\"article-text\" style=\"text-align: justify;\"><span style=\"font-size: 14pt;\">Es precisamente esa ventaja temporal la que ponen encima de la mesa para pedir una regulaci\u00f3n \u00ab<em>urgente<\/em>\u00bb de los neuroderechos. \u00ab<em>Es importante hacerlo antes de que sea tarde<\/em>\u00ab, afirma <strong>Helena<\/strong> <strong>Matute<\/strong>, catedr\u00e1tica de Psicolog\u00eda Experimental en la Universidad de Deusto, en conversaci\u00f3n con elDiario.es. \u00ab<em>Hay que definir hasta d\u00f3nde queremos ir, cu\u00e1ndo hay que frenar y c\u00f3mo hacerlo. Son tecnolog\u00edas que pueden traer grandes beneficios si se utilizan bien, pero que pueden ser un desastre si se utilizan mal<\/em>\u00ab.<\/span><\/p>\n<p class=\"article-text\" style=\"text-align: justify;\"><span style=\"font-size: 14pt;\">Una de las principales v\u00edas de investigaci\u00f3n se encuentra ahora mismo en la tecnolog\u00eda no invasiva, aquella que puede interactuar con el cerebro sin necesidad de implantes o cirug\u00eda. <strong>Neuroelectrics<\/strong> tiene en marcha dos estudios cl\u00ednicos para demostrar que este tipo de dispositivos de estimulaci\u00f3n cerebral pueden ayudar a pacientes que no responden a otros tratamientos, como ni\u00f1os con epilepsia personas con depresi\u00f3n. \u00ab<em>A pesar de que somos una compa\u00f1\u00eda m\u00e9dica, que est\u00e1 super regulada por las agencias de control, hay preguntas importantes sobre nuestra tecnolog\u00eda que no se responden en estos organismos<\/em>\u00ab, explica <strong>Maiquez<\/strong>.<\/span><\/p>\n<p>&nbsp;<\/p>\n<p><iframe loading=\"lazy\" title=\"Ana Maiques, CEO de Neuroelectrics\" width=\"500\" height=\"281\" src=\"https:\/\/www.youtube.com\/embed\/DojPFhzs9zg?feature=oembed\" frameborder=\"0\" allow=\"accelerometer; autoplay; clipboard-write; encrypted-media; gyroscope; picture-in-picture; web-share\" referrerpolicy=\"strict-origin-when-cross-origin\" allowfullscreen><\/iframe><\/p>\n<p class=\"title style-scope ytd-video-primary-info-renderer\" style=\"text-align: center;\"><span style=\"font-size: 14pt; color: #008000;\">Ana Maiques, CEO de Neuroelectrics<\/span><\/p>\n<div id=\"info\" class=\"style-scope ytd-video-primary-info-renderer\" style=\"text-align: justify;\">\u00a0<\/div>\n<div>\n<p class=\"article-text\" style=\"text-align: justify;\"><span style=\"font-size: 14pt;\">\u00ab<em>Estamos hablando del \u00f3rgano que define qui\u00e9nes somos. Si tenemos tecnolog\u00eda que afecta al cerebro, la clave es: \u00bfest\u00e1 afectando a tu identidad? \u00bfA tu autonom\u00eda? Son preguntas que ahora mismo no se est\u00e1n haciendo<\/em>\u00ab, expone <strong>Maiquez<\/strong> a este medio. \u00ab<em>\u00bfQu\u00e9 va a pasar de aqu\u00ed a 10 a\u00f1os, cuando estas tecnolog\u00edas sean mucho m\u00e1s accesibles? Hay que empezar esas conversaciones ahora. Ahora bien, no s\u00e9 si los neuroderechos son la \u00fanica soluci\u00f3n. Creo que hay que atacar este frente desde un debate mucho m\u00e1s amplio como sociedad, no solo es un tema de derechos<\/em>\u00ab.<\/span><\/p>\n<h3 class=\"article-text\" style=\"text-align: justify;\"><span style=\"font-size: 14pt;\">El ejemplo de las redes sociales y la Inteligencia Artificial<\/span><\/h3>\n<p class=\"article-text\" style=\"text-align: justify;\"><span style=\"font-size: 14pt;\">Hay un paralelismo muy habitual en las explicaciones de los expertos cuando explican la necesidad de regular ya los neuroderechos: las redes sociales y la Inteligencia Artificial. Lo consideran un ejemplo de los problemas inesperados que pueden surgir a ra\u00edz del avance de nuevas tecnolog\u00edas en entornos sin una legislaci\u00f3n espec\u00edfica.<\/span><\/p>\n<p class=\"article-text\" style=\"text-align: justify;\"><span style=\"font-size: 14pt;\">Pero hay otras cosas que coinciden. Una son los protagonistas, las multinacionales tecnol\u00f3gicas. Entre la lista de empresas que han invertido miles de millones en interfaces capaces de comunicar a las m\u00e1quinas directamente con el cerebro aparecen nombres como <strong>Facebook<\/strong>, <strong>Microsoft<\/strong> o <strong>Elon Musk<\/strong>, fundador de Paypal y Tesla. La iniciativa de este \u00faltimo, <strong>Neuralink<\/strong>, es una de las empresas que est\u00e1 apostando m\u00e1s abiertamente por los implantes cerebrales. En el otro lado est\u00e1 <strong>Google<\/strong>, sobre la que tambi\u00e9n se sabe que est\u00e1 trabajando en esta tecnolog\u00eda, pero que no ha hecho ning\u00fan anuncio oficial.<\/span><\/p>\n<p class=\"article-text\" style=\"text-align: justify;\"><span style=\"font-size: 14pt;\">Incluso el <strong>MIT<\/strong> (<em>Instituto de Tecnolog\u00eda de Massachussets<\/em>), cuna de muchos de los ingenieros y desarrolladores que dan m\u00e1s tarde el salto a esas multinacionales tecnol\u00f3gicas, present\u00f3 en 2019 un dispositivo capaz de manejar una interfaz digital sencilla capturando \u00ab<em>las se\u00f1ales que el cerebro env\u00eda a los mecanismos internos del habla, como la lengua o la laringe, cuando te hablas a ti mismo<\/em>\u00ab.<\/span><\/p>\n<\/div>\n<p>&nbsp;<\/p>\n<p><iframe loading=\"lazy\" title=\"AlterEgo: Interfacing with devices through silent speech\" width=\"500\" height=\"281\" src=\"https:\/\/www.youtube.com\/embed\/RuUSc53Xpeg?feature=oembed\" frameborder=\"0\" allow=\"accelerometer; autoplay; clipboard-write; encrypted-media; gyroscope; picture-in-picture; web-share\" referrerpolicy=\"strict-origin-when-cross-origin\" allowfullscreen><\/iframe><\/p>\n<p class=\"title style-scope ytd-video-primary-info-renderer\" style=\"text-align: center;\"><span style=\"font-size: 14pt; color: #008000;\">AlterEgo: Interfacing with devices through silent speech<\/span><\/p>\n<div id=\"info\" class=\"style-scope ytd-video-primary-info-renderer\">\u00a0<\/div>\n<p class=\"article-text\" style=\"text-align: justify;\"><span style=\"font-size: 14pt;\">La duda sobre los datos que utilizar\u00e1n ese tipo de dispositivos para funcionar aparece en el horizonte. \u00ab<em>Ahora mismo dan una informaci\u00f3n cl\u00ednica, pero en cuanto se pueda inferir un estado de \u00e1nimo, o un biomarcador temprano de una enfermedad como el alzheimer, \u00bfqu\u00e9 va a pasar si alguien puede acceder a esos datos a trav\u00e9s de la tecnolog\u00eda? \u00bfQu\u00e9 uso va a hacer de ellos? No es lo mismo que Facebook sepa qu\u00e9 coche te gusta o qu\u00e9 partido votas, a que alguien tenga acceso a los datos de tu cerebro y sepa que puedes desarrollar una enfermedad neurodegenerativa en el futuro<\/em>\u00ab, avisa <strong>Maiquez<\/strong>.<\/span><\/p>\n<p class=\"article-text\" style=\"text-align: justify;\"><span style=\"font-size: 14pt;\">\u00abH<em>ay much\u00edsima investigaci\u00f3n que es p\u00fablica, pero el problema hoy en d\u00eda es que tambi\u00e9n hay much\u00edsima tambi\u00e9n que es absolutamente opaca, liderada por gente como <strong>Mark Zuckerberg<\/strong> [fundador de Facebook] o <strong>Elon Musk<\/strong>. Algunas de las empresas m\u00e1s ricas del mundo est\u00e1n dedicando mucho dinero a la investigaci\u00f3n de estos temas, pero solo nos enteramos de aquello que sacan comercialmente<\/em>\u00ab, coincide <strong>Matute<\/strong>.<\/span><\/p>\n<p>&nbsp;<\/p>\n<p><img loading=\"lazy\" decoding=\"async\" class=\"aligncenter wp-image-2055106\" src=\"https:\/\/puntocritico.com\/ausajpuntocritico\/wp-content\/uploads\/2021\/03\/marcapasos-cerebral.jpg\" alt=\"\" width=\"440\" height=\"309\" data-id=\"2055106\" \/><\/p>\n<p style=\"text-align: center;\"><span style=\"color: #008000;\"><strong><span style=\"font-size: 18pt;\">*******<\/span><\/strong><\/span><\/p>\n<p><span style=\"font-size: 14pt;\"><strong>RELACIONADOS:<\/strong><\/span><\/p>\n<blockquote class=\"wp-embedded-content\" data-secret=\"FqRhvtxTFm\"><p><a href=\"https:\/\/puntocritico.com\/ausajpuntocritico\/2019\/07\/23\/transhumanismo-y-posthumanismo-inmortales-e-inhumanos-en-un-futuro-distopico\/\">TRANSHUMANISMO Y POSTHUMANISMO. \u00bfInmortales e inhumanos en un futuro dist\u00f3pico?<\/a><\/p><\/blockquote>\n<p><iframe loading=\"lazy\" class=\"wp-embedded-content\" sandbox=\"allow-scripts\" security=\"restricted\" style=\"position: absolute; clip: rect(1px, 1px, 1px, 1px);\" title=\"\u00abTRANSHUMANISMO Y POSTHUMANISMO. \u00bfInmortales e inhumanos en un futuro dist\u00f3pico?\u00bb \u2014 Punto Cr\u00edtico Derechos Humanos\" src=\"https:\/\/puntocritico.com\/ausajpuntocritico\/2019\/07\/23\/transhumanismo-y-posthumanismo-inmortales-e-inhumanos-en-un-futuro-distopico\/embed\/#?secret=8C3HHPrTXq#?secret=FqRhvtxTFm\" data-secret=\"FqRhvtxTFm\" width=\"500\" height=\"282\" frameborder=\"0\" marginwidth=\"0\" marginheight=\"0\" scrolling=\"no\"><\/iframe><\/p>\n<blockquote class=\"wp-embedded-content\" data-secret=\"bGdl5l4nHx\"><p><a href=\"https:\/\/puntocritico.com\/ausajpuntocritico\/2021\/01\/25\/la-tecnologia-crispr-el-poder-de-controlar-la-evolucion-por-jennifer-a-doudna-premio-nobel-de-quimica-ano-2020\/\">LA TECNOLOG\u00cdA CRISPR: \u00abEl poder de controlar la evoluci\u00f3n\u00bb, por Jennifer A. Doudna (Premio Nobel de Qu\u00edmica, a\u00f1o 2020).<\/a><\/p><\/blockquote>\n<p><iframe loading=\"lazy\" class=\"wp-embedded-content\" sandbox=\"allow-scripts\" security=\"restricted\" style=\"position: absolute; clip: rect(1px, 1px, 1px, 1px);\" title=\"\u00abLA TECNOLOG\u00cdA CRISPR: \u00abEl poder de controlar la evoluci\u00f3n\u00bb, por Jennifer A. Doudna (Premio Nobel de Qu\u00edmica, a\u00f1o 2020).\u00bb \u2014 Punto Cr\u00edtico Derechos Humanos\" src=\"https:\/\/puntocritico.com\/ausajpuntocritico\/2021\/01\/25\/la-tecnologia-crispr-el-poder-de-controlar-la-evolucion-por-jennifer-a-doudna-premio-nobel-de-quimica-ano-2020\/embed\/#?secret=MBFeCGxkaL#?secret=bGdl5l4nHx\" data-secret=\"bGdl5l4nHx\" width=\"500\" height=\"282\" frameborder=\"0\" marginwidth=\"0\" marginheight=\"0\" scrolling=\"no\"><\/iframe><\/p>\n<blockquote class=\"wp-embedded-content\" data-secret=\"mUHxGtBEKR\"><p><a href=\"https:\/\/puntocritico.com\/ausajpuntocritico\/2020\/10\/28\/aporofobia\/\">APOROFOBIA<\/a><\/p><\/blockquote>\n<p><iframe loading=\"lazy\" class=\"wp-embedded-content\" sandbox=\"allow-scripts\" security=\"restricted\" style=\"position: absolute; clip: rect(1px, 1px, 1px, 1px);\" title=\"\u00abAPOROFOBIA\u00bb \u2014 Punto Cr\u00edtico Derechos Humanos\" src=\"https:\/\/puntocritico.com\/ausajpuntocritico\/2020\/10\/28\/aporofobia\/embed\/#?secret=CqrjnTXVe6#?secret=mUHxGtBEKR\" data-secret=\"mUHxGtBEKR\" width=\"500\" height=\"282\" frameborder=\"0\" marginwidth=\"0\" marginheight=\"0\" scrolling=\"no\"><\/iframe><\/p>\n<blockquote class=\"wp-embedded-content\" data-secret=\"kTjpfV51MD\"><p><a href=\"https:\/\/puntocritico.com\/ausajpuntocritico\/2019\/08\/28\/robots-automatizacion-y-trabajo-asalariado-por-duval-cronica-de-clase-parte-1-de-2\/\">ROBOTS, AUTOMATIZACI\u00d3N Y TRABAJO ASALARIADO, por Duval (\u00abCr\u00f3nica de clase\u00bb) &#8211; PARTE 1 de 2<\/a><\/p><\/blockquote>\n<p><iframe loading=\"lazy\" class=\"wp-embedded-content\" sandbox=\"allow-scripts\" security=\"restricted\" style=\"position: absolute; clip: rect(1px, 1px, 1px, 1px);\" title=\"\u00abROBOTS, AUTOMATIZACI\u00d3N Y TRABAJO ASALARIADO, por Duval (\u00abCr\u00f3nica de clase\u00bb) &#8211; PARTE 1 de 2\u00bb \u2014 Punto Cr\u00edtico Derechos Humanos\" src=\"https:\/\/puntocritico.com\/ausajpuntocritico\/2019\/08\/28\/robots-automatizacion-y-trabajo-asalariado-por-duval-cronica-de-clase-parte-1-de-2\/embed\/#?secret=u26rwO7I5R#?secret=kTjpfV51MD\" data-secret=\"kTjpfV51MD\" width=\"500\" height=\"282\" frameborder=\"0\" marginwidth=\"0\" marginheight=\"0\" scrolling=\"no\"><\/iframe><\/p>\n<blockquote class=\"wp-embedded-content\" data-secret=\"EQD2b1Djmu\"><p><a href=\"https:\/\/puntocritico.com\/ausajpuntocritico\/2019\/08\/29\/robots-automatizacion-y-trabajo-asalariado-por-duval-cronica-de-clase-parte-2-de-2\/\">ROBOTS, AUTOMATIZACI\u00d3N Y TRABAJO ASALARIADO, por Duval (\u00abCr\u00f3nica de clase\u00bb) &#8211; PARTE 2 de 2<\/a><\/p><\/blockquote>\n<p><iframe loading=\"lazy\" class=\"wp-embedded-content\" sandbox=\"allow-scripts\" security=\"restricted\" style=\"position: absolute; clip: rect(1px, 1px, 1px, 1px);\" title=\"\u00abROBOTS, AUTOMATIZACI\u00d3N Y TRABAJO ASALARIADO, por Duval (\u00abCr\u00f3nica de clase\u00bb) &#8211; PARTE 2 de 2\u00bb \u2014 Punto Cr\u00edtico Derechos Humanos\" src=\"https:\/\/puntocritico.com\/ausajpuntocritico\/2019\/08\/29\/robots-automatizacion-y-trabajo-asalariado-por-duval-cronica-de-clase-parte-2-de-2\/embed\/#?secret=DOGhl1XLSI#?secret=EQD2b1Djmu\" data-secret=\"EQD2b1Djmu\" width=\"500\" height=\"282\" frameborder=\"0\" marginwidth=\"0\" marginheight=\"0\" scrolling=\"no\"><\/iframe><\/p>\n<blockquote class=\"wp-embedded-content\" data-secret=\"Ws14HRoVXD\"><p><a href=\"https:\/\/puntocritico.com\/ausajpuntocritico\/2020\/11\/09\/informe-petras\/\">INFORME PETRAS: EL DIAGN\u00d3STICO QUE HACE 20 A\u00d1OS PREDIJO LA RUINA DE LA JUVENTUD CONTEMPOR\u00c1NEA<\/a><\/p><\/blockquote>\n<p><iframe loading=\"lazy\" class=\"wp-embedded-content\" sandbox=\"allow-scripts\" security=\"restricted\" style=\"position: absolute; clip: rect(1px, 1px, 1px, 1px);\" title=\"\u00abINFORME PETRAS: EL DIAGN\u00d3STICO QUE HACE 20 A\u00d1OS PREDIJO LA RUINA DE LA JUVENTUD CONTEMPOR\u00c1NEA\u00bb \u2014 Punto Cr\u00edtico Derechos Humanos\" src=\"https:\/\/puntocritico.com\/ausajpuntocritico\/2020\/11\/09\/informe-petras\/embed\/#?secret=1cvhxovryk#?secret=Ws14HRoVXD\" data-secret=\"Ws14HRoVXD\" width=\"500\" height=\"282\" frameborder=\"0\" marginwidth=\"0\" marginheight=\"0\" scrolling=\"no\"><\/iframe><\/p>\n<p>&nbsp;<\/p>\n<p>&nbsp;<\/p>\n<p><img loading=\"lazy\" decoding=\"async\" class=\"aligncenter wp-image-9528\" src=\"https:\/\/puntocritico.com\/ausajpuntocritico\/wp-content\/uploads\/2018\/03\/Mosca_Punto_Cr\u00edtico_40.png\" alt=\"\" width=\"80\" height=\"80\" data-id=\"9528\" \/><\/p>\n<p>&nbsp;<\/p>\n","protected":false},"excerpt":{"rendered":"<div class=\"mh-excerpt\"><p>La velocidad de la tecnolog\u00eda atropella nuestros cerebros Y cambia el sentido de lo que entendemos por desigualdad Por Jorge Carri\u00f3n The New York Times &nbsp; En la notable serie\u00a0Mrs. America, ambientada en los a\u00f1os <a class=\"mh-excerpt-more\" href=\"https:\/\/puntocritico.com\/ausajpuntocritico\/2021\/04\/20\/tecnologia-y-desigualdad\/\" title=\"NEURODERECHOS: Tecnolog\u00eda y Desigualdad.\">[&#8230;]<\/a><\/p>\n<\/div>","protected":false},"author":3,"featured_media":2055078,"comment_status":"open","ping_status":"closed","sticky":false,"template":"","format":"standard","meta":{"_acf_changed":false,"_exactmetrics_skip_tracking":false,"_exactmetrics_sitenote_active":false,"_exactmetrics_sitenote_note":"","_exactmetrics_sitenote_category":0,"footnotes":""},"categories":[7],"tags":[],"class_list":{"0":"post-2054984","1":"post","2":"type-post","3":"status-publish","4":"format-standard","5":"has-post-thumbnail","7":"category-politica"},"acf":[],"_links":{"self":[{"href":"https:\/\/puntocritico.com\/ausajpuntocritico\/wp-json\/wp\/v2\/posts\/2054984","targetHints":{"allow":["GET"]}}],"collection":[{"href":"https:\/\/puntocritico.com\/ausajpuntocritico\/wp-json\/wp\/v2\/posts"}],"about":[{"href":"https:\/\/puntocritico.com\/ausajpuntocritico\/wp-json\/wp\/v2\/types\/post"}],"author":[{"embeddable":true,"href":"https:\/\/puntocritico.com\/ausajpuntocritico\/wp-json\/wp\/v2\/users\/3"}],"replies":[{"embeddable":true,"href":"https:\/\/puntocritico.com\/ausajpuntocritico\/wp-json\/wp\/v2\/comments?post=2054984"}],"version-history":[{"count":0,"href":"https:\/\/puntocritico.com\/ausajpuntocritico\/wp-json\/wp\/v2\/posts\/2054984\/revisions"}],"wp:featuredmedia":[{"embeddable":true,"href":"https:\/\/puntocritico.com\/ausajpuntocritico\/wp-json\/wp\/v2\/media\/2055078"}],"wp:attachment":[{"href":"https:\/\/puntocritico.com\/ausajpuntocritico\/wp-json\/wp\/v2\/media?parent=2054984"}],"wp:term":[{"taxonomy":"category","embeddable":true,"href":"https:\/\/puntocritico.com\/ausajpuntocritico\/wp-json\/wp\/v2\/categories?post=2054984"},{"taxonomy":"post_tag","embeddable":true,"href":"https:\/\/puntocritico.com\/ausajpuntocritico\/wp-json\/wp\/v2\/tags?post=2054984"}],"curies":[{"name":"wp","href":"https:\/\/api.w.org\/{rel}","templated":true}]}}