{"id":20495,"date":"2019-08-07T00:05:27","date_gmt":"2019-08-06T22:05:27","guid":{"rendered":"https:\/\/puntocritico.com\/ausajpuntocritico\/?p=20495"},"modified":"2022-04-11T20:46:37","modified_gmt":"2022-04-11T18:46:37","slug":"la-agonia-del-regimen-del-78-avanzando-hacia-el-fascismo-vamos-hacia-un-gobierno-de-salvacion-nacional-para-la-instauracion-permanente-de-un-estado-de-excepcion","status":"publish","type":"post","link":"https:\/\/puntocritico.com\/ausajpuntocritico\/2019\/08\/07\/la-agonia-del-regimen-del-78-avanzando-hacia-el-fascismo-vamos-hacia-un-gobierno-de-salvacion-nacional-para-la-instauracion-permanente-de-un-estado-de-excepcion\/","title":{"rendered":"LA AGON\u00cdA DEL R\u00c9GIMEN DEL 78: Avanzando hacia el Fascismo: \u00bfVamos hacia un \u00abGobierno de Salvaci\u00f3n Nacional\u00bb para la instauraci\u00f3n permanente de un Estado de Excepci\u00f3n?"},"content":{"rendered":"<blockquote>\n<p><span style=\"color: #008000; font-size: 14pt;\">\u00abComo hoy todo el que no piense como uno es un fascista, os copio aqu\u00ed lo que he le\u00eddo en un comentario a un v\u00eddeo en youtube\u00bb:<\/span><\/p>\n<p style=\"padding-left: 40px;\"><span style=\"font-size: 14pt;\">\u00bfAlg\u00fan PROGRE te ha llamado FASCISTA? Pues t\u00f3matelo como un cumplido:<\/span><\/p>\n<p style=\"padding-left: 40px;\"><span style=\"font-size: 14pt;\">&#8211; Si el FASCISTA no es cazador y no le gustan las armas, no sale a cazar y no compra armas.<\/span><\/p>\n<p style=\"padding-left: 40px;\"><span style=\"font-size: 14pt;\">&#8211; Si el PROGRE no es cazador y no le gustan las armas, pide la prohibici\u00f3n de la caza y de la venta de armas.<\/span><\/p>\n<p style=\"padding-left: 40px;\"><span style=\"font-size: 14pt;\">&#8211; Si el FASCISTA es vegetariano, no come carne.<\/span><\/p>\n<p style=\"padding-left: 40px;\"><span style=\"font-size: 14pt;\">&#8211; Si el PROGRE es vegetariano, hace campa\u00f1a contra los alimentos de carne y exige la prohibici\u00f3n para comer carne.<\/span><\/p>\n<p style=\"padding-left: 40px;\"><span style=\"font-size: 14pt;\">&#8211; Si el FASCISTA es homosexual, hace una vida normal.<\/span><\/p>\n<p style=\"padding-left: 40px;\"><span style=\"font-size: 14pt;\">&#8211; Si el PROGRE es homosexual, hace apolog\u00eda de la homosexualidad, se desnuda publicamente durante el \u00aborgullo gay\u00bb y acusa de hom\u00f3fobo y FASCISTA a quien no piense como \u00e9l.<\/span><\/p>\n<p style=\"padding-left: 40px;\"><span style=\"font-size: 14pt;\">&#8211; Si el FASCISTA no es feminista evita el contacto con feminazis y defiende la igualdad real de derechos entre hombres y mujeres.<\/span><\/p>\n<p style=\"padding-left: 40px;\"><span style=\"font-size: 14pt;\">&#8211; Si el PROGRE es feminista culpa al sistema machista, FASCISTA y heteropatriarcal hasta de su mal aliento.<\/span><\/p>\n<p style=\"padding-left: 40px;\"><span style=\"font-size: 14pt;\">&#8211; Si el FASCISTA pierde el trabajo, busca c\u00f3mo salir de la situaci\u00f3n y hace lo imposible para encontrar un trabajo.<\/span><\/p>\n<p style=\"padding-left: 40px;\"><span style=\"font-size: 14pt;\">&#8211; Si el PROGRE pierde su trabajo, acude al sindicato, organiza y participa en manifestaciones y huelgas contra los FASCISTAS y contra los empresarios, eso s\u00ed, mientras agota el subsidio.<\/span><\/p>\n<p style=\"padding-left: 40px;\"><span style=\"font-size: 14pt;\">&#8211; Si el FASCISTA es ateo, no va a la iglesia.<\/span><\/p>\n<p style=\"padding-left: 40px;\"><span style=\"font-size: 14pt;\">&#8211; Si el PROGRE es ateo, se burla y persigue a quienes creen en Dios, denuncia al colegio o instituci\u00f3n que exponga un crucifijo, protesta contra cualquier s\u00edmbolo religioso, exige la expropiaci\u00f3n de los bienes de la iglesia y la prohibici\u00f3n de la Semana Santa. (Sobre el Islam no opina&#8230;)<\/span><\/p>\n<p style=\"padding-left: 40px;\"><span style=\"font-size: 14pt;\">&#8211; Si el FASCISTA no es un patriota espa\u00f1ol respeta los s\u00edmbolos de su pa\u00eds y apoya la igualdad social, pol\u00edtica y econ\u00f3mica para todos los espa\u00f1oles sin importar la regi\u00f3n en la que vivan.<\/span><\/p>\n<p style=\"padding-left: 40px;\"><span style=\"font-size: 14pt;\">&#8211; Si el PROGRE no es un patriota espa\u00f1ol, insulta, quema y ridiculiza la bandera, el himno o a cualquier instituci\u00f3n que represente a los FASCISTAS, y agrede a cualquiera que no comparta su radicalismo.<\/span><\/p>\n<p style=\"padding-left: 40px;\"><span style=\"font-size: 14pt;\">&#8211; Si el FASCISTA tiene problemas econ\u00f3micos, intenta trabajar m\u00e1s o busca financiaci\u00f3n para pagar sus deudas, y si puede, ahorra.<\/span><\/p>\n<p style=\"padding-left: 40px;\"><span style=\"font-size: 14pt;\">&#8211; Si el PROGRE tiene problemas econ\u00f3micos culpa a la derecha, a los empresarios, a la burgues\u00eda, al capitalismo, a los neo-conservadores etc., y se afilia a un sindicato con la esperanza de colarse en un partido pol\u00edtico donde hacer carrera.<\/span><\/p>\n<p style=\"padding-left: 40px;\"><span style=\"font-size: 14pt;\">&#8211; Si el FASCISTA lee este escrito, se r\u00ede y si tiene ganas lo comparte con sus amigos y familiares FASCISTAS.<\/span><\/p>\n<p style=\"padding-left: 40px;\"><span style=\"font-size: 14pt;\">&#8211; Si el PROGRE lee este escrito, se enfada y llama FASCISTA, facha, intolerante, y retr\u00f3grado a quien lo ha escrito.<\/span><\/p>\n<p style=\"padding-left: 40px;\"><span style=\"font-size: 14pt;\">Resumiendo: Un FASCISTA persigue su propia felicidad; un PROGRE persigue arruinar la felicidad de los dem\u00e1s&#8230;<\/span><\/p>\n<p style=\"padding-left: 40px;\"><span style=\"font-size: 14pt;\">Por todo esto, yo prefiero ser FASCISTA.<\/span><\/p>\n<p style=\"text-align: right; padding-left: 40px;\"><span style=\"color: #008000; font-size: 14pt;\">* Comentario enviado a Punto Cr\u00edtico<\/span><\/p>\n<\/blockquote>\n<h2 tabindex=\"-1\" data-thread-perm-id=\"thread-f:1640100749064254054\" data-legacy-thread-id=\"16c2cef10fd3b266\">\u00a0<\/h2>\n<h2 tabindex=\"-1\" data-thread-perm-id=\"thread-f:1640100749064254054\" data-legacy-thread-id=\"16c2cef10fd3b266\"><span style=\"font-size: 14pt;\">SUMARIO:<\/span><\/h2>\n<h2 id=\":2az\" class=\"hP\" style=\"text-align: left;\" tabindex=\"-1\" data-thread-perm-id=\"thread-f:1640100749064254054\" data-legacy-thread-id=\"16c2cef10fd3b266\"><a id=\"ref1a\"><\/a><span style=\"font-size: 12pt; color: #339966;\">[<\/span><span style=\"font-size: 12pt; font-family: georgia, palatino, serif;\"><a href=\"#ref1\">1] \u00bfPacto de Estado PSOE-PP en Espa\u00f1a?, por Germ\u00e1n Gorr\u00e1iz L\u00f3pez<\/a><\/span><\/h2>\n<h1 style=\"text-align: left;\"><a id=\"ref2a\"><\/a><a href=\"#ref2\"><span style=\"font-size: 12pt; font-family: georgia, palatino, serif;\">[2] Vuelta al cero, por Gabriel Albiac<\/span><\/a><\/h1>\n<h1 style=\"text-align: left;\"><a id=\"ref3a\"><\/a><a href=\"#ref3\"><span style=\"font-size: 12pt; font-family: georgia, palatino, serif;\">[3] LA UNI\u00d3N EUROPEA AVANZA HACIA EL FASCISMO, por El Lince<\/span><\/a><\/h1>\n<p><span style=\"font-size: 12pt; font-family: georgia, palatino, serif;\"><strong><a id=\"ref4a\"><\/a><a href=\"#ref4\">[4]\u00a0 CORONEL AMADEO MART\u00cdNEZ INGL\u00c9S: LA AGON\u00cdA DEL R\u00c9GIMEN DEL 78<\/a><\/strong><\/span><\/p>\n<p style=\"text-align: center;\"><span style=\"font-size: 18pt;\"><strong>***<\/strong><\/span><\/p>\n<p>&nbsp;<\/p>\n<p><img loading=\"lazy\" decoding=\"async\" class=\"aligncenter wp-image-20768 size-mh-magazine-content\" src=\"https:\/\/puntocritico.com\/ausajpuntocritico\/wp-content\/uploads\/2019\/08\/93228_pablo-iglesias12-678x381.jpg\" alt=\"\" width=\"678\" height=\"381\" srcset=\"https:\/\/puntocritico.com\/ausajpuntocritico\/wp-content\/uploads\/2019\/08\/93228_pablo-iglesias12-678x381.jpg 678w, https:\/\/puntocritico.com\/ausajpuntocritico\/wp-content\/uploads\/2019\/08\/93228_pablo-iglesias12-300x169.jpg 300w, https:\/\/puntocritico.com\/ausajpuntocritico\/wp-content\/uploads\/2019\/08\/93228_pablo-iglesias12-768x432.jpg 768w, https:\/\/puntocritico.com\/ausajpuntocritico\/wp-content\/uploads\/2019\/08\/93228_pablo-iglesias12.jpg 1024w\" sizes=\"auto, (max-width: 678px) 100vw, 678px\" \/><\/p>\n<p>&nbsp;<\/p>\n<h2 tabindex=\"-1\" data-thread-perm-id=\"thread-f:1640100749064254054\" data-legacy-thread-id=\"16c2cef10fd3b266\">\u00a0<\/h2>\n<h2 id=\":2az\" class=\"hP\" style=\"text-align: center;\" tabindex=\"-1\" data-thread-perm-id=\"thread-f:1640100749064254054\" data-legacy-thread-id=\"16c2cef10fd3b266\"><span style=\"color: #008000;\"><a href=\"#ref1a\">[1]<\/a> \u00bfPacto de Estado PSOE-PP en Espa\u00f1a?<\/span><\/h2>\n<p align=\"JUSTIFY\"><span style=\"color: #000000; font-size: 12pt;\"><span style=\"font-family: Arial, sans-serif;\">Por GERM\u00c1N GORRAIZ L\u00d3PEZ &#8211; Analista<\/span><\/span><\/p>\n<p align=\"JUSTIFY\"><span style=\"color: #000000; font-family: georgia, palatino, serif; font-size: 14pt;\">La negativa de Pablo Iglesias a facilitar la investidura de Pedro S\u00e1nchez como Presidente del Gobierno dejar\u00eda abierta la posibilidad de unas nuevas elecciones en el oto\u00f1o que tendr\u00eda como efectos colaterales la inestabilizaci\u00f3n de la econom\u00eda espa\u00f1ola al subir de forma desbocada la prima de riesgo y el retorno del Bipartidismo (PSOE-PP).<\/span><\/p>\n<p align=\"JUSTIFY\"><span style=\"color: #000000; font-family: georgia, palatino, serif; font-size: 14pt;\"><b>\u00bfPacto de Estado PSOE-PP para septiembre?<\/b><\/span><\/p>\n<p align=\"JUSTIFY\"><span style=\"color: #000000; font-family: georgia, palatino, serif; font-size: 14pt;\">Descartado un Gobierno de Salvaci\u00f3n PSOE-Ciudadanos por la intransigencia y miop\u00eda pol\u00edtica de su l\u00edder, Albert Rivera,la mass media del establishment habr\u00eda iniciado la cruzada medi\u00e1tica para presionar a Pablo Casado y convencerlo \u201cen aras del inter\u00e9s general de Espa\u00f1a\u201d de la necesidad imperiosa de una abstenci\u00f3n del PP en la sesi\u00f3n de investidura de Pedro S\u00e1nchez .<\/span><\/p>\n<p align=\"JUSTIFY\"><span style=\"color: #000000; font-family: georgia, palatino, serif; font-size: 14pt;\">En esta coyuntura, el PP estar\u00eda revisando su actual estrategia pol\u00edtica para incorporar a su bagaje pol\u00edtico la llamada inteligencia maquiav\u00e9lica, consistente el uso de comportamiento cooperativos o combativos que le puedan reportar mayores posibilidades de adaptaci\u00f3n en funci\u00f3n de una situaci\u00f3n concreta. Asimismo, la inteligencia medi\u00e1tica se distingue por una extraordinaria capacidad para encontrar las debilidades ajenas y utilizarlas en beneficio propio as\u00ed como de realizar acciones complejas que pueden no ser entendidas en un principio por sus votantes pues sus metas se proyectan hacia un futuro mediato (l\u00e9ase abstenci\u00f3n en la investidura de septiembre de Pedro S\u00e1nchez).<\/span><\/p>\n<p align=\"JUSTIFY\"><span style=\"color: #000000; font-family: georgia, palatino, serif; font-size: 14pt;\">As\u00ed, tras las pr\u00f3ximas elecciones, no ser\u00eda descartable que Pedro S\u00e1nchez lograra ser investido como Presidente del Gobierno en septiembre al contar con la abstenci\u00f3n del PP, fruto del Pacto de Estado PP-PSOE que se estar\u00eda ya tejiendo entre bambalinas Dicho acuerdo contar\u00eda con las bendiciones del establishment financiero y posibilitar\u00e1 futuros acuerdos de Estado entre PP y PSOE como la implementaci\u00f3n del 155 en Catalu\u00f1a en el supuesto de Declaraci\u00f3n Unilateral de Independencia por el Parlament catal\u00e1n.<\/span><\/p>\n<p align=\"JUSTIFY\"><span style=\"color: #000000; font-family: georgia, palatino, serif; font-size: 14pt;\"><b>\u00bfPeligra la investidura de Mar\u00eda Chivite en Navarra?<\/b><\/span><\/p>\n<p align=\"JUSTIFY\"><span style=\"color: #333333; font-family: georgia, palatino, serif; font-size: 14pt;\">La utop\u00eda de Mar\u00eda Chivite ser\u00eda la formaci\u00f3n de un gobierno Progresista navarro integrado por miembros de Geroa Bai, Podemos-Ahal Dugu e IU-EB, pero que s\u00f3lo ser\u00eda una pieza m\u00e1s del complicado puzzle que representa la investidura de Pedro S\u00e1nchez como Presidente del Gobierno. As\u00ed,\u00a0<span style=\"color: #000000;\">el Pacto PSOE-PP incluir\u00eda una cl\u00e1usula que obligar\u00eda al PSN navarro a facilitar la investidura de Esparza como Presidente de Navarra, decisi\u00f3n que provocar\u00e1 que los votantes socialistas se debatan entre la incertidumbre y la incredulidad al constatar la cruda realidad de la dependencia org\u00e1nica y el deber de la obediencia ciega del PSN a los dictados de Ferraz, por lo que tras el mayazo de Puras y el agostazo de Roberto Jim\u00e9nez podr\u00edamos asistir a una escisi\u00f3n en el actual PSN.<\/span><\/span><\/p>\n<h1 style=\"text-align: center;\"><span style=\"font-size: 14pt; color: #008000;\">\u2666\u2666\u2666\u2666\u2666<\/span><\/h1>\n<p>&nbsp;<\/p>\n<p><img loading=\"lazy\" decoding=\"async\" class=\"aligncenter wp-image-20585\" src=\"https:\/\/puntocritico.com\/ausajpuntocritico\/wp-content\/uploads\/2019\/08\/Estado-de-Excepci\u00f3n-en-Espa\u00f1a.jpg\" alt=\"\" width=\"486\" height=\"306\" \/><\/p>\n<p>&nbsp;<\/p>\n<h1 style=\"text-align: center;\"><span class=\"titular\"><a id=\"ref2\"><\/a><a href=\"#ref2a\">[2]<\/a> Vuelta al cero<\/span><\/h1>\n<h2 class=\"subtitulo\" style=\"text-align: center;\"><em>Una gran coalici\u00f3n que, por encima de ret\u00f3ricas de \u00abizquierda\u00bb y \u00abderecha\u00bb, aborde la salvaci\u00f3n de un pa\u00eds en el l\u00edmite<\/em><\/h2>\n<p><span style=\"font-size: 14pt;\">Por Gabriel Albiac<\/span><\/p>\n<p>02\/07\/2019<\/p>\n<p>ABC<\/p>\n<p>&nbsp;<\/p>\n<p style=\"text-align: justify;\"><span style=\"font-size: 14pt;\">El cad\u00e1ver de Iglesias devuelve la partida al cero. No hablo de la que, entre asesina y suicida, se ha jugado en torno a la sesi\u00f3n de investidura. Es \u00e9sa una contienda, sin duda, relevante. Pero no primordial. Los gobiernos van y vienen. Y la prueba irrefutable de que una naci\u00f3n sobrevive aun al peor gobernante la da que Espa\u00f1a sobreviviera a la majestuosa incompetencia de Rodr\u00edguez Zapatero. S\u00e1nchez es un mal tipo y un doctor hilarante. Comparado con Zapatero, es Einstein. Espa\u00f1a sobrevivir\u00e1 a \u00e9l, como ha sobrevivido a casi todo. Pero el envite en juego, tras el suicidio de Iglesias, es otro. El modelo constitucional de 1978 est\u00e1 agotado. Ni es asombroso ni es dram\u00e1tico. Las Constituciones envejecen, como envejece todo lo vivo. Y mueren. Porque, como Arist\u00f3teles diagnosticara en su De generatione et corruptione, s\u00f3lo no muere lo muerto. Estar vivo es saber que un d\u00eda no lo estaremos. Y, cuando ese d\u00eda llega, evacuar la necrosis es condici\u00f3n para que la vida fluya. El Gramsci de la c\u00e1rcel sentencia: \u00abLo viejo muere y lo nuevo no puede nacer: en este interregno se verifican los fen\u00f3menos m\u00f3rbidos m\u00e1s diversos\u00bb. En eso estamos.<\/span><\/p>\n<p style=\"text-align: justify;\"><span style=\"font-size: 14pt;\">\u00bfQu\u00e9 ha muerto en la Constituci\u00f3n del 78? Puntos precisos que ven\u00edan determinados por la salida de la dictadura. Dos de ellos colapsan hoy todo. El primero es la inexistencia de una divisi\u00f3n real de poderes con un poder judicial impermeable al ejecutivo. El segundo, el desembocar de aquel delirio llamado \u00abnacionalidades\u00bb en lo que el feo neologismo camuflaba apenas: naciones dentro de la naci\u00f3n, lo que ning\u00fan Estado puede permitirse. Reformar esas dos anomal\u00edas constitucionales es constrictivo. Pero a la Constituci\u00f3n del 78 la fosilizan dos obst\u00e1culos: a) una ley electoral que compra el bipartidismo central pagando un plus de esca\u00f1os a los nacionalistas, b) un laber\u00edntico procedimiento de reforma. Roto ahora el bipartidismo, la actual Ley Electoral es un lastre. Y no abordar la reforma constitucional cuanto antes, es condenarnos a entrar en un ciclo de riesgos a\u00fan m\u00e1s altos.<\/span><\/p>\n<p style=\"text-align: justify;\"><span style=\"font-size: 14pt;\">Ley Electoral y Constituci\u00f3n deben ser puestas al d\u00eda. Y nadie est\u00e1 en derecho de ignorar que eso s\u00f3lo podr\u00e1 acometerlo un Parlamento con, al menos, dos tercios de consenso. Y nadie est\u00e1 en derecho de ignorar que eso tan s\u00f3lo puede consumarlo una gran coalici\u00f3n que, por encima de ret\u00f3ricas de \u00abizquierda\u00bb y \u00abderecha\u00bb, aborde la salvaci\u00f3n de un pa\u00eds en el l\u00edmite. No hay democracia europea que no haya operado as\u00ed en los momentos cr\u00edticos. Despu\u00e9s, tras las pactadas reformas imprescindibles, cada cual podr\u00e1 retomar su ruta. Sin riesgos inaceptables para todos.<\/span><\/p>\n<aside class=\"roba-intercalado sin-fondo layer_inpage\"><span id=\"layer_inpage-id\" class=\"creatividad cmv_intext\" style=\"font-size: 14pt;\" data-voc-vam=\"\" data-voc-vam-position=\"layer_inpage\" data-voc-vam-outofpage=\"true\"><\/span><\/aside>\n<p style=\"text-align: justify;\"><span style=\"font-size: 14pt;\">Ha muerto Iglesias. De mano propia. Lo cual, en una banda populista, significa que su movimiento muere. Los aburridos partidos constitucionales tienen que optar entre dos opciones: o bien sanear juntos las zonas necrosadas del Estado o bien seguir igual hasta que un nuevo populismo nos devuelva al desbarajuste. Ha habido suerte esta vez: un caudillo suicida. Pero no la habr\u00e1 siempre.<\/span><\/p>\n<p style=\"text-align: right;\"><a href=\"https:\/\/www.abc.es\/opinion\/abci-vuelta-cero-201907282359_noticia.html\" target=\"_blank\" rel=\"noopener noreferrer\"><span style=\"color: #008000;\">https:\/\/www.abc.es\/opinion\/abci-vuelta-cero-201907282359_noticia.html<\/span><\/a><\/p>\n<h1 style=\"text-align: center;\"><span style=\"font-size: 14pt; color: #008000;\">\u2666\u2666\u2666\u2666\u2666<\/span><\/h1>\n<p>&nbsp;<\/p>\n<h1 class=\"new_title\" style=\"text-align: center;\"><img loading=\"lazy\" decoding=\"async\" class=\"wp-image-18484 size-full aligncenter\" src=\"https:\/\/puntocritico.com\/ausajpuntocritico\/wp-content\/uploads\/2019\/05\/fundamentos-estado-spinoza-2.jpg\" alt=\"\" width=\"300\" height=\"463\" srcset=\"https:\/\/puntocritico.com\/ausajpuntocritico\/wp-content\/uploads\/2019\/05\/fundamentos-estado-spinoza-2.jpg 300w, https:\/\/puntocritico.com\/ausajpuntocritico\/wp-content\/uploads\/2019\/05\/fundamentos-estado-spinoza-2-194x300.jpg 194w\" sizes=\"auto, (max-width: 300px) 100vw, 300px\" \/><\/h1>\n<h1>\u00a0<\/h1>\n<h1 class=\"new_title\" style=\"text-align: center;\"><span style=\"font-size: 24pt;\"><a id=\"ref3\"><\/a><a href=\"#ref3a\">[3]<\/a> LA UNI\u00d3N EUROPEA AVANZA HACIA EL FASCISMO<\/span><\/h1>\n<h3 class=\"new_subtitle\" style=\"text-align: center;\"><em><span style=\"font-size: 18pt;\">El poder no quiere rebeldes, quiere sumisi\u00f3n, como la de La Francia Insumisa o Unidas Podemos\u00a0<\/span><\/em><\/h3>\n<p style=\"text-align: justify;\"><span style=\"font-size: 14pt;\">Por El Lince<\/span><\/p>\n<p style=\"text-align: justify;\">\u00a0<\/p>\n<p style=\"text-align: justify;\"><span style=\"font-size: 14pt;\"><img loading=\"lazy\" decoding=\"async\" class=\"aligncenter wp-image-20496 size-full\" src=\"https:\/\/puntocritico.com\/ausajpuntocritico\/wp-content\/uploads\/2019\/07\/El-Lince-1.jpg\" alt=\"\" width=\"670\" height=\"405\" srcset=\"https:\/\/puntocritico.com\/ausajpuntocritico\/wp-content\/uploads\/2019\/07\/El-Lince-1.jpg 670w, https:\/\/puntocritico.com\/ausajpuntocritico\/wp-content\/uploads\/2019\/07\/El-Lince-1-300x181.jpg 300w\" sizes=\"auto, (max-width: 670px) 100vw, 670px\" \/><\/span><\/p>\n<p style=\"text-align: justify;\">\u00a0<\/p>\n<h4 class=\"new_entry \" style=\"text-align: justify;\"><span style=\"font-size: 14pt; color: #008000;\">Calmada la fiebre, -escribe El Lince &#8211; vuelvo sobre algo de lo que\u00a0fui uno de los primeros en hablar: la rebeli\u00f3n de los \u201cchalecos amarillos\u201d en Francia. He mantenido silencio porque mucha gente comenz\u00f3 a hablar de ellos al poco tiempo, pero de nuevo vuelve el olvido (&#8230;).<\/span><\/h4>\n<p style=\"text-align: justify;\">\u00a0<\/p>\n<div class=\"new_text \" style=\"text-align: justify;\">\n<p><span style=\"font-size: 14pt;\"><strong>Un paso m\u00e1s hacia el fascismo<\/strong><\/span><\/p>\n<p><span style=\"font-size: 14pt;\">Calmada la fiebre, vuelvo sobre algo de lo que <a href=\"http:\/\/elterritoriodellince.blogspot.com\/2018\/11\/la-revuelta-de-los-palurdos-supongo-que.html\" target=\"_blank\" rel=\"noreferrer noopener\">fui uno de los primeros en hablar<\/a>: la rebeli\u00f3n de los<strong>\u00a0\u201cchalecos amarillos\u201d\u00a0<\/strong>en Francia. He mantenido silencio porque mucha gente comenz\u00f3 a hablar de ellos al poco tiempo, pero de nuevo vuelve el olvido. As\u00ed que lo retomo yo de la mano de mi muy querida amiga<strong>\u00a0Danielle<\/strong>, que ya sab\u00e9is es la persona que me tiene al tanto de lo que pasa en su pa\u00eds.<\/span><\/p>\n<p><span style=\"font-size: 14pt;\">Esta semana ha tenido lugar su 37 movilizaci\u00f3n, 37 semanas, nueve meses consecutivos y no se rinden. El poder en todas sus variantes les minimiza, los medios de propaganda ya no se ocupan de ellos, pero ah\u00ed siguen y el poder les tiene cada vez m\u00e1s miedo. Si no fuese as\u00ed no se entender\u00edan las dos medidas que se han puesto en marcha recientemente: la detenci\u00f3n preventiva, como suena, de las figuras m\u00e1s destacadas de los \u201cchalecos amarillos\u201d ante la celebraci\u00f3n del denominado D\u00eda Nacional (14 de julio, conmemorando la toma de La Bastilla en 1789) y la publicaci\u00f3n de un documento titulado \u201cLa Estrategia de Inteligencia Nacional\u201d en el que se habla abiertamente del peligro de que los \u201cchalecos amarillos\u201d se conviertan en un \u201cmovimiento subversivo\u201d que realice acciones de \u201cviolencia insurreccional\u201d.<\/span><\/p>\n<p><span style=\"font-size: 14pt;\">Mientras todos los payasos del circo, bien sea Unidas Podemos en el Estado espa\u00f1ol o La Francia Insumisa en la propia Francia, siguen bailando al son de la melod\u00eda del sistema este mismo sistema da cada vez pasos m\u00e1s firmes hacia el fascismo. Porque el documento no tiene desperdicio.\u00a0<\/span><\/p>\n<p><span style=\"font-size: 14pt;\">Ha sido elaborado por la <strong>Coordinaci\u00f3n Nacional de Inteligencia y Lucha contra el Terrorismo<\/strong>\u00a0y toda su estructura y contenido se asienta sobre un mismo eje: la \u201cviolencia insurgente\u201d. Es una importante variaci\u00f3n respecto al documento anterior, de 2014, en el que se hac\u00eda hincapi\u00e9 en cuestiones como el terrorismo, el espionaje o la interferencia econ\u00f3mica. Ahora no, ahora la prioridad es otra porque la rebeli\u00f3n la tiene en casa. Y la est\u00e1n protagonizando los \u201cchalecos amarillos\u201d pr\u00e1cticamente en solitario, sin el apoyo de la pretendida \u201cizquierda\u201d y sin los sindicatos. La CGT contin\u00faa ejerciendo la t\u00e1ctica del avestruz, sacando alguna vez la cabeza y escondi\u00e9ndola las dem\u00e1s de las veces.\u00a0<\/span><\/p>\n<p><span style=\"font-size: 14pt;\">La CNILT (CNRLT en franc\u00e9s) depende directamente de la presidencia de la rep\u00fablica francesa, as\u00ed que este no es un documento m\u00e1s. Es el m\u00e1s importante y el que implica por d\u00f3nde van las cosas en Francia.\u00a0<\/span><\/p>\n<p><span style=\"font-size: 14pt;\">De ah\u00ed que ni m\u00e1s ni menos que <strong>175 personas, consideradas dirigentes m\u00e1s o menos significativos de los \u201cchalecos amarillos\u201d fuesen detenidas preventivamente<\/strong>\u00a0para \u201casegurar\u201d los actos del 14 de julio con cargos como \u201corganizar una protesta no autorizada\u201d. Porque se hab\u00eda prohibido \u201ccualquier reuni\u00f3n de personas con chalecos amarillos\u201d y se hab\u00eda decretado una zona de exclusi\u00f3n en torno al Arco del Triunfo, de los Campos El\u00edseos, del mueso del Louvre, de la Torre Eiffel, etc. Es decir, de todo el centro emblem\u00e1tico de Par\u00eds. Otra muestra m\u00e1s de los \u201cvalores democr\u00e1ticos\u201d de los que alardea Occidente, otra muestra m\u00e1s de lo que vale el \u201cderecho de reuni\u00f3n y de manifestaci\u00f3n\u201d y dem\u00e1s zarandajas habituales. Estas 175 personas fueron detenidas preventivamente por sus convicciones pol\u00edticas, sin que le importarse una mierda al sistema \u201cdemocr\u00e1tico\u201d eso de la \u201cpresunci\u00f3n de inocencia\u201d. Pero no solo se qued\u00f3 la cosa ah\u00ed, sino que a la acusaci\u00f3n de \u201corganizar una protesta no autorizada\u201d se a\u00f1adi\u00f3 otra: \u201crebeli\u00f3n\u201d. Estuvieron detenidas dos d\u00edas, pero los cargos contin\u00faan.<\/span><\/p>\n<p><span style=\"font-size: 14pt;\">El poder no quiere rebeldes, quiere ovejas, quiere sumisi\u00f3n. Y eso es lo que est\u00e1 ofreciendo toda la gente de<strong>\u00a0Unidas Podemos<\/strong>\u00a0y de\u00a0<strong>La Francia Insumisa<\/strong>. Esta es la \u201cizquierda\u201d. Porque es la consecuencia de las\u00a0<a href=\"http:\/\/elterritoriodellince.blogspot.com\/2016\/05\/los-progres-y-la-dignidad-vengo.html\" target=\"_blank\" rel=\"noreferrer noopener\">leyes que se han ido aprobando con el apoyo de toda esta gente<\/a>. En el Estado espa\u00f1ol, con la excusa del \u201cterrorismo\u201d se ha dado p\u00e1bulo a todo tipo de violaciones como ha recogido una y otra vez la propia ONU. En Francia, es consecuencia de los poderes \u201cextraordinarios\u201d que se otorgaron a la polic\u00eda con el estado de emergencia adoptado por el Partido Socialista en 2015 con la excusa de atentados como el realizado contra la revista Charlie Hebdo y que cont\u00f3 con el apoyo de La Francia Insumisa. Porque esos poderes se mantienen, y ahora la represi\u00f3n se ejerce, bas\u00e1ndose en ellos, contra los \u201cchalecos amarillos\u201d. La oligarqu\u00eda est\u00e1 demostrando que no va a tolerar ninguna expresi\u00f3n combativa. Lo \u00fanico que tolera es a la gente modosita y que no hace ning\u00fan da\u00f1o. Mientras se protege a los fascistas, en el Estado espa\u00f1ol en Francia y en toda Europa, se considera amenaza la simple movilizaci\u00f3n.<\/span><\/p>\n<p><span style=\"font-size: 14pt;\">Porque el documento que menciono dice que \u201clas reivindicaciones tradicionales\u201d (es decir, contra los despidos, por la mejora salarial, por un mejor nivel de vida, contra la guerra, etc.) \u201cson empleadas por las fuerzas subversivas cuyo prop\u00f3sito es la destrucci\u00f3n de la democracia\u201d. Y se dice que al calor de movimientos como los \u201cchalecos amarillos\u201d est\u00e1n surgiendo movimientos subversivos \u201clo que supone un factor de crisis que es a\u00fan m\u00e1s preocupante porque est\u00e1n dirigidos directamente a debilitar o incluso arruinar los cimientos de nuestra democracia y las instituciones republicanas por la violencia insurreccional\u00bb. En este contexto, habla de las \u201c<a href=\"http:\/\/elterritoriodellince.blogspot.com\/2019\/01\/zig-zag-sindical-sabado-19-acto-x-de.html\" target=\"_blank\" rel=\"noreferrer noopener\">acciones violentas contra personas y propiedades<\/a>\u201d de los \u201cchalecos amarillos\u201d.<\/span><\/p>\n<p><span style=\"font-size: 14pt;\">Y \u00bfcu\u00e1l es la propuesta? Pues \u201cla anticipaci\u00f3n, el an\u00e1lisis y el monitoreo de los movimientos sociales y las crisis sociales por parte de los servicios de inteligencia\u201d, que tienen que \u201cconocer la vida local y mantener un v\u00ednculo con los actores sociales (representantes elegidos, relevos asociativos, medios de comunicaci\u00f3n&#8230;)\u201d (sic). Es decir, infiltrarse en ellos. No es nuevo, por supuesto, lo nuevo es que se escriba y se publique. Es decir, se pretende intimidar, introducir la desconfianza, que todos miremos a quien tenemos a nuestro lado pensando que es un informante.\u00a0<\/span><\/p>\n<p><span style=\"font-size: 14pt;\"><strong>La Uni\u00f3n Europea va claramente hacia el fascismo,<\/strong>\u00a0por el momento \u201cblando\u201d. No son solo reg\u00edmenes autoritarios, son pre-fascistas. No preocupan las desigualdades sociales, el hecho de que los millonarios crezcan, porque eso no destruye el sistema ni la democracia. Lo que destruye el sistema y la democracia es que se luche contra ello. Si no se tiene en cuenta algo tan sencillo es que no se tiene en cuenta nada de nada. Y todo lo dem\u00e1s son tonter\u00edas. Incluyendo los \u201cgobiernos de coalici\u00f3n\u201d que dar\u00e1n una pasada \u201cprogre\u201d a este tipo de comportamientos. Porque, por el momento, y como me recuerda mi amiga Danielle, La Francia Insumisa no ha dicho ni una sola palabra sobre este documento. Y ya ha pasado una semana de su publicaci\u00f3n. Luego quien calla, otorga.<\/span><\/p>\n<\/div>\n<p style=\"text-align: right;\"><a href=\"http:\/\/canarias-semanal.org\/art\/25679\/el-lince-advierte-la-union-europea-avanza-hacia-el-fascismo\" target=\"_blank\" rel=\"noopener\">http:\/\/canarias-semanal.org\/art\/25679\/el-lince-advierte-la-union-europea-avanza-hacia-el-fascismo<\/a><\/p>\n<p>&nbsp;<\/p>\n<p style=\"text-align: center;\"><span style=\"font-size: 14pt; color: #008000;\">\u2666\u2666\u2666\u2666\u2666<\/span><\/p>\n<p>&nbsp;<\/p>\n<h1 class=\"new_title\" style=\"text-align: center;\"><a id=\"ref4\"><\/a><a href=\"#ref4a\">[4]<\/a> CORONEL AMADEO MART\u00cdNEZ INGL\u00c9S: LA AGON\u00cdA DEL R\u00c9GIMEN DEL 78<\/h1>\n<h3 class=\"new_subtitle\" style=\"text-align: center;\"><span style=\"color: #008000;\"><em>El pr\u00f3ximo oto\u00f1o Espa\u00f1a puede verse abocada a un Gobierno de concentraci\u00f3n o salvaci\u00f3n nacional y a un no deseado estado de excepci\u00f3n<\/em><\/span><\/h3>\n<div class=\"floatbreaker\">\u00a0<\/div>\n<div class=\"social_share_block\">\n<div class=\"social-share\"><img loading=\"lazy\" decoding=\"async\" class=\"aligncenter wp-image-20499 size-full\" src=\"https:\/\/puntocritico.com\/ausajpuntocritico\/wp-content\/uploads\/2019\/08\/FASCIOS-BORB\u00d3NICOS.png\" alt=\"\" width=\"514\" height=\"291\" srcset=\"https:\/\/puntocritico.com\/ausajpuntocritico\/wp-content\/uploads\/2019\/08\/FASCIOS-BORB\u00d3NICOS.png 514w, https:\/\/puntocritico.com\/ausajpuntocritico\/wp-content\/uploads\/2019\/08\/FASCIOS-BORB\u00d3NICOS-300x170.png 300w\" sizes=\"auto, (max-width: 514px) 100vw, 514px\" \/><\/div>\n<\/div>\n<div class=\"floatbreaker\">\u00a0<\/div>\n<div class=\"floatbreaker\">\u00a0<\/div>\n<h4 class=\"new_entry \" style=\"text-align: center;\"><strong><em><span style=\"font-size: 18pt;\">El pr\u00f3ximo oto\u00f1o Espa\u00f1a puede verse abocada a un Gobierno de concentraci\u00f3n o salvaci\u00f3n nacional y a un no deseado estado de excepci\u00f3n<\/span><\/em><\/strong><\/h4>\n<div class=\"new_text \">\n<p>POR EL CORONEL MART\u00cdNEZ INGL\u00c9S <a href=\"#refasterisco\">(*)\u00a0<\/a><\/p>\n<p>&nbsp;<\/p>\n<p style=\"text-align: justify;\"><span style=\"font-size: 14pt;\">El<strong>\u00a0Estado\/Naci\u00f3n\u00a0<\/strong>espa\u00f1ol actual se muere porque su ciclo hist\u00f3rico ha pasado ya. Como se morir\u00e1n en su d\u00eda la mayor\u00eda de los actuales<strong>\u00a0Estados\/Naci\u00f3n\u00a0<\/strong>del mundo, empezando por los europeos y por aquellos otros que ya tienen previsto integrarse en entidades supranacionales de varios continentes.<\/span><\/p>\n<p style=\"text-align: justify;\"><span style=\"font-size: 14pt;\">En <strong>Europa\u00a0<\/strong>van a tener que resolver muy pronto el mismo problema que Espa\u00f1a naciones como\u00a0<strong>Reino Unido, B\u00e9lgica, Francia e Italia,<\/strong>despu\u00e9s de que en los \u00faltimos a\u00f1os lo hayan resuelto, unos bastante bien y otros rematadamente mal, otros pa\u00edses como\u00a0<strong>Yugoslavia o Checoslovaquia.<\/strong>\u00a0 No ver estos desaf\u00edos pol\u00edticos, sociales y territoriales a estas alturas del\u00a0<strong>siglo XXI<\/strong> es no querer ver la evidencia. A ver si por una vez somos inteligentes y previsores los espa\u00f1oles y conseguimos que este futuro proceso de modernizaci\u00f3n y desarrollo pol\u00edtico y social que tenemos que acometer, y que deber\u00edamos empezar cuanto antes, aunque sin descolgarnos para nada del econ\u00f3mico que mejor o peor hemos sabido afrontar en el pasado reciente, se haga desde el di\u00e1logo, el consenso, la templanza, la solidaridad y la altura de miras. Incluso con peque\u00f1as dosis de l\u00edcito ego\u00edsmo, pero desde luego no desde la intransigencia, la represi\u00f3n, la ret\u00f3rica vac\u00eda, el patrioterismo mal entendido, la cortedad de miras, y la melancol\u00eda. O avanzamos todos, no f\u00e9rreamente unidos que ya no es necesario a estas alturas, o retrocedemos todos pele\u00e1ndonos en un mundo desarrollado como la Uni\u00f3n Europea que, aunque mal, ya funciona como una aut\u00e9ntica\u00a0<strong>Confederaci\u00f3n de Estados soberanos europeos.<\/strong><\/span><\/p>\n<p style=\"text-align: justify;\"><span style=\"font-size: 14pt;\">Entonces \u00bfqu\u00e9 <strong>Espa\u00f1a debemos hacer\u00a0<\/strong>con toda con urgencia, qu\u00e9 nueva organizaci\u00f3n pol\u00edtica debemos crear, qu\u00e9 mapa territorial definir, <strong>qu\u00e9 forma de Estado instaurar,<\/strong>\u00a0qu\u00e9 relaciones entre sus diferentes pueblos y naciones establecer\u2026 para que ese nuevo tinglado salido del consenso y el di\u00e1logo, ese\u00a0<strong>super Estado ultramoderno<\/strong>\u00a0nacido en democracia, por la democracia y para la democracia, sin terrorismos recidivantes, sin peleas entre sus miembros, sin carreras para conseguir m\u00e1s competencias que el vecino, sin envidias seculares, con solidaridad y respeto por los dem\u00e1s, pueda durar por ejemplo todo este siglo y el que viene?<\/span><\/p>\n<p style=\"text-align: justify;\"><span style=\"font-size: 14pt;\">Pues la<strong>\u00a0Espa\u00f1a\u00a0<\/strong>que los espa\u00f1oles queramos, evidentemente, sin presiones de ning\u00fan tipo, sin condicionamientos hist\u00f3ricos, sin uniones forzadas, sin dirigentes elegidos por la divina providencia o el dictador de turno, sin miedo al futuro. Cu\u00e1l es nuestro primer problema una vez superado el terrorismo, los nacionalismos, las relaciones entre sus diferentes pueblos y naciones\u2026pues empecemos por ah\u00ed a presentar propuestas y soluciones. Ah\u00ed va modestamente la m\u00eda:<\/span><\/p>\n<p style=\"text-align: justify;\"><span style=\"font-size: 14pt;\">El<strong>\u00a0Estado espa\u00f1ol\u00a0<\/strong>del futuro, si queremos salir de una vez del impase pol\u00edtico en el que nos encontramos y del clima de enfrentamiento interregional que estamos padeciendo y padeceremos mucho m\u00e1s en el porvenir, deberemos conformarlo como un<strong>\u00a0Estado Confederal\u00a0<\/strong>(el federalismo, que hasta hace bien poco era una opci\u00f3n a tener en cuenta, en estos momentos<strong>\u00a0se ha quedado corto,<\/strong>\u00a0ya no sirve de cara a una propuesta seria y viable de futuro para un\u00a0<strong>Estado de las Autonom\u00edas que ha fracasado ostensiblemente<\/strong>), como una entidad pol\u00edtica avanzada y descentralizada al m\u00e1ximo, republicana, por supuesto, y formada por una serie de Estados nacionales soberanos (en principio, las <strong>antiguas Autonom\u00edas<\/strong>) que pactar\u00edan asociarse entre s\u00ed en igualdad de condiciones dentro del superior marco de la UE.<\/span><\/p>\n<p style=\"text-align: justify;\"><span style=\"font-size: 14pt;\">La disyuntiva, para cualquiera que piense un poco en estas cosas, se presenta clar\u00edsima: o creamos nuevos lazos, mucho m\u00e1s el\u00e1sticos y flexibles, que nos permitan mantener cierta cohesi\u00f3n en el conjunto de esta Espa\u00f1a que se nos muere e impida la explosi\u00f3n pol\u00edtica y social en una buena parte de ella (nada descabellado a d\u00eda de hoy como intuyen no ya s\u00f3lo los pol\u00edticos sino el simple ciudadano de la calle) o, rotos por la fuerza de la historia los viejos y f\u00e9rreos grilletes del pasado, pronto todos nos iremos al garete. La elecci\u00f3n, amigos, no puede ser otra: un\u00e1monos todos (en una uni\u00f3n suave, moderna, no avalada por la fuerza como antes, echando mano de la multitud de mecanismos pol\u00edticos que existen para hacerlo en este globalizado mundo del siglo XXI que acabamos de estrenar) desde la aceptaci\u00f3n del otro como es, con su identidad, su lengua, su historia y hasta con sus orgullos y defectos; seamos solidarios y comprensivos con nuestros forzados compatriotas de antes y avancemos al un\u00edsono, con la fortaleza que da la uni\u00f3n aceptada y consentida, dentro de una<strong>\u00a0Uni\u00f3n Europea<\/strong>\u00a0que, quer\u00e1moslo o no, hace ya tiempo que nos\u00a0<strong><em>\u201crob\u00f3\u201d\u00a0<\/em><\/strong>la mayor parte de nuestra antigua y preciada soberan\u00eda. Y con ello la propia pervivencia futura de una\u00a0<strong>m\u00edtica Espa\u00f1a <\/strong>(la de nuestros antepasados) que algunos pol\u00edticos en estos tiempos nuevos, con af\u00e1n rencoroso y hasta suicida, se empe\u00f1an en mantener como sea, bien en la UVI pol\u00edtica y social, en el coma irreversible que apunta por el horizonte e, incluso, momific\u00e1ndola con preciosas esencias patrioteras para que resucite, esplendorosa y joven, cuando \u201cvuelva a re\u00edr la primavera&#8230;\u201d<\/span><\/p>\n<p style=\"text-align: justify;\"><span style=\"font-size: 14pt;\">Resulta meridianamente claro a estas alturas que el futuro de Espa\u00f1a ya ha llegado,<strong>\u00a0ya est\u00e1 aqu\u00ed con toda su virulencia<\/strong>\u00a0y, como todos sabemos, reclama soluciones urgentes y altas dosis de imaginaci\u00f3n, solidaridad y cordura. Una regi\u00f3n espa\u00f1ola, una parte muy importante de la\u00a0<strong>Espa\u00f1a\u00a0<\/strong>que todos hemos conocido, una naci\u00f3n sin Estado pero con su lengua, su cultura, su idiosincrasia, su historia, sus ilusiones, su riqueza y sus ansias de libertad, Catalu\u00f1a, pide paso, pide cancha, pide hablar, pide negociar\u2026 para arbitrar una soluci\u00f3n pol\u00edtica, social y territorial con el resto del Estado espa\u00f1ol actual. La radicalidad, la miop\u00eda pol\u00edtica, el inmovilismo, la falta de una visi\u00f3n clara y contundente de lo que Espa\u00f1a debe dejar atr\u00e1s y de lo que tiene por delante, del anterior presidente del Gobierno, Mariano Rajoy, nos ha llevado a los espa\u00f1oles a la angustia colectiva y al desasosiego permanente sin visos de que la an\u00f3mala situaci\u00f3n pol\u00edtica y social que estamos viviendo vaya a remitir a corto plazo. Porque, adem\u00e1s, el mel\u00f3n identitario se ha abierto y detr\u00e1s, se resuelva como se resuelva el contencioso catal\u00e1n, vendr\u00e1n otras peticiones de salida del estatus quo auton\u00f3mico espa\u00f1ol. En principio amigables, negociadas, pero si esto no puede ser, por la v\u00eda de la enemistad, la confrontaci\u00f3n y la violencia.<\/span><\/p>\n<p style=\"text-align: justify;\"><span style=\"font-size: 14pt;\">Este pa\u00eds afronta, como ya he dejado bien claro en las l\u00edneas anteriores, <strong>un fin de ciclo, el fin del actual Estado Auton\u00f3mico <\/strong>creado en circunstancias muy dif\u00edciles del pasado y que ha tra\u00eddo a este pa\u00eds el<strong>\u00a0per\u00edodo de corrupci\u00f3n m\u00e1s largo e intenso de la historia de Espa\u00f1a<\/strong>\u00a0y con ello la absoluta necesidad de<strong>\u00a0enterrarlo cuanto antes.<\/strong>\u00a0Y con \u00e9l,\u00a0<strong>el R\u00e9gimen que lo cre\u00f3, el mon\u00e1rquico de 1978,<\/strong>\u00a0instaurado testicularmente por un militar golpista con genes de fascista redomado que, efectivamente, ha durado muchos a\u00f1os, es cierto, pero porque nos enga\u00f1\u00f3 a todos, porque se disfraz\u00f3 de democr\u00e1tico y de derecho y muchos, incluidas las instituciones europeas y\u00a0<strong>USA<\/strong>, lo creyeron interesadamente y lo avalaron. Pero hoy en d\u00eda est\u00e1 acabado, hace aguas por todas partes y los ciudadanos de este pa\u00eds debemos cambiarlo con urgencia si no queremos enfrentarnos muy pronto al caos pol\u00edtico y social de una naci\u00f3n ingobernable. Y si para ello es necesario organizar una peque\u00f1a revoluci\u00f3n (pac\u00edfica, por supuesto), hag\u00e1mosla.\u00a0<strong>\u00a1Refundaci\u00f3n o caos!<\/strong><\/span><\/p>\n<p style=\"text-align: justify;\"><span style=\"font-size: 14pt;\">Y un aviso para navegantes. Seg\u00fan mi particular criterio, obviamente sujeto a error pero que se asienta en una muy larga experiencia vital, en una extensa permanencia en la c\u00fapula castrense espa\u00f1ola, en puestos de responsabilidad en la vida pol\u00edtica y en m\u00faltiples ensayos y estudios publicados a lo largo de los \u00faltimos treinta a\u00f1os sobre aspectos muy concretos de la historia de este pa\u00eds, los dos o tres pr\u00f3ximos a\u00f1os pueden resultar muy duros en el devenir pol\u00edtico espa\u00f1ol. Existe un evidente <strong>riesgo de \u201cingobernabilidad\u201d,<\/strong><strong>de desgobierno, de colapso de las instituciones<\/strong>, ya que va a resultar muy dif\u00edcil, por no decir imposible, que el abanico de partidos que acaban de repartirse prioritariamente el parlamento salido de las elecciones legislativas de abril terminen poni\u00e9ndose de acuerdo para gobernar y con ello poder solucionar los graves problemas que arrastra Espa\u00f1a desde hace ya bastantes a\u00f1os. Tal vez, digo\u00a0<em><strong>\u201ctal vez\u201d<\/strong><\/em>\u00a0pero oteando por el horizonte tama\u00f1a posibilidad, tengamos que acabar en un estado de excepci\u00f3n para nada deseable y\/o en un Gobierno de concentraci\u00f3n o salvaci\u00f3n nacional que promueva el necesario per\u00edodo constituyente para modernizar de una vez por todas esta vieja naci\u00f3n de naciones que se debate entre el terror\u00edfico tiempo pasado y el desconocido miedo al futuro.\u00a0 Para m\u00ed, y perdone el lector la osad\u00eda intelectual, ese futuro est\u00e1 muy claro:\u00a0<strong>Una Espa\u00f1a confederal y republicana.\u00a0<\/strong><\/span><\/p>\n<p style=\"text-align: justify;\">\n<p><img loading=\"lazy\" decoding=\"async\" class=\"aligncenter wp-image-20501\" src=\"https:\/\/puntocritico.com\/ausajpuntocritico\/wp-content\/uploads\/2019\/08\/Regimen-78-reloaded.png\" alt=\"\" width=\"497\" height=\"413\" srcset=\"https:\/\/puntocritico.com\/ausajpuntocritico\/wp-content\/uploads\/2019\/08\/Regimen-78-reloaded.png 307w, https:\/\/puntocritico.com\/ausajpuntocritico\/wp-content\/uploads\/2019\/08\/Regimen-78-reloaded-300x249.png 300w\" sizes=\"auto, (max-width: 497px) 100vw, 497px\" \/><\/p>\n<p>&nbsp;<\/p>\n<p><a href=\"#refasteriscoa\">\u00a0(*)<\/a> Amadeo Mart\u00ednez Ingl\u00e9s es Coronel, escritor e historiador<\/p>\n<p>(Extracto del \u00faltimo cap\u00edtulo del libro del autor titulado \u201cEl golpe de Estado que tumb\u00f3 al rey\u201d de pr\u00f3xima aparici\u00f3n)<\/p>\n<p>&nbsp;<\/p>\n<\/div>\n<p style=\"text-align: center;\"><strong><span style=\"font-size: 18pt;\">*******<\/span><\/strong><\/p>\n<p>&nbsp;<\/p>\n<p>RELACIONADO:<\/p>\n<blockquote class=\"wp-embedded-content\" data-secret=\"prOxl3dSxQ\"><p><a href=\"https:\/\/puntocritico.com\/ausajpuntocritico\/2017\/01\/04\/belgica-estado-de-excepcion-sin-estado-de-emergencia\/\">B\u00e9lgica: Estado de excepci\u00f3n sin\u00a0estado\u00a0de\u00a0emergencia<\/a><\/p><\/blockquote>\n<p><iframe loading=\"lazy\" class=\"wp-embedded-content\" sandbox=\"allow-scripts\" security=\"restricted\" style=\"position: absolute; clip: rect(1px, 1px, 1px, 1px);\" title=\"\u00abB\u00e9lgica: Estado de excepci\u00f3n sin\u00a0estado\u00a0de\u00a0emergencia\u00bb \u2014 Punto Cr\u00edtico Derechos Humanos\" src=\"https:\/\/puntocritico.com\/ausajpuntocritico\/2017\/01\/04\/belgica-estado-de-excepcion-sin-estado-de-emergencia\/embed\/#?secret=K3TeckzH7t#?secret=prOxl3dSxQ\" data-secret=\"prOxl3dSxQ\" width=\"500\" height=\"282\" frameborder=\"0\" marginwidth=\"0\" marginheight=\"0\" scrolling=\"no\"><\/iframe><\/p>\n<p>&nbsp;<\/p>\n<p><a href=\"https:\/\/puntocritico.com\/ausajpuntocritico\/author\/punto-critico\/\"><img loading=\"lazy\" decoding=\"async\" class=\"aligncenter wp-image-9528\" src=\"https:\/\/puntocritico.com\/ausajpuntocritico\/wp-content\/uploads\/2018\/03\/Mosca_Punto_Cr\u00edtico_40.png\" alt=\"\" width=\"70\" height=\"70\" \/><\/a><\/p>\n<p>&nbsp;<\/p>\n<p>&nbsp;<\/p>\n<p>&nbsp;<\/p>\n","protected":false},"excerpt":{"rendered":"<div class=\"mh-excerpt\"><p>\u00abComo hoy todo el que no piense como uno es un fascista, os copio aqu\u00ed lo que he le\u00eddo en un comentario a un v\u00eddeo en youtube\u00bb: \u00bfAlg\u00fan PROGRE te ha llamado FASCISTA? Pues t\u00f3matelo <a class=\"mh-excerpt-more\" href=\"https:\/\/puntocritico.com\/ausajpuntocritico\/2019\/08\/07\/la-agonia-del-regimen-del-78-avanzando-hacia-el-fascismo-vamos-hacia-un-gobierno-de-salvacion-nacional-para-la-instauracion-permanente-de-un-estado-de-excepcion\/\" title=\"LA AGON\u00cdA DEL R\u00c9GIMEN DEL 78: Avanzando hacia el Fascismo: \u00bfVamos hacia un \u00abGobierno de Salvaci\u00f3n Nacional\u00bb para la instauraci\u00f3n permanente de un Estado de Excepci\u00f3n?\">[&#8230;]<\/a><\/p>\n<\/div>","protected":false},"author":3,"featured_media":20518,"comment_status":"open","ping_status":"closed","sticky":false,"template":"","format":"standard","meta":{"_acf_changed":false,"_exactmetrics_skip_tracking":false,"_exactmetrics_sitenote_active":false,"_exactmetrics_sitenote_note":"","_exactmetrics_sitenote_category":0,"footnotes":""},"categories":[7],"tags":[40],"class_list":{"0":"post-20495","1":"post","2":"type-post","3":"status-publish","4":"format-standard","5":"has-post-thumbnail","7":"category-politica","8":"tag-regimen-del-78"},"acf":[],"_links":{"self":[{"href":"https:\/\/puntocritico.com\/ausajpuntocritico\/wp-json\/wp\/v2\/posts\/20495","targetHints":{"allow":["GET"]}}],"collection":[{"href":"https:\/\/puntocritico.com\/ausajpuntocritico\/wp-json\/wp\/v2\/posts"}],"about":[{"href":"https:\/\/puntocritico.com\/ausajpuntocritico\/wp-json\/wp\/v2\/types\/post"}],"author":[{"embeddable":true,"href":"https:\/\/puntocritico.com\/ausajpuntocritico\/wp-json\/wp\/v2\/users\/3"}],"replies":[{"embeddable":true,"href":"https:\/\/puntocritico.com\/ausajpuntocritico\/wp-json\/wp\/v2\/comments?post=20495"}],"version-history":[{"count":0,"href":"https:\/\/puntocritico.com\/ausajpuntocritico\/wp-json\/wp\/v2\/posts\/20495\/revisions"}],"wp:featuredmedia":[{"embeddable":true,"href":"https:\/\/puntocritico.com\/ausajpuntocritico\/wp-json\/wp\/v2\/media\/20518"}],"wp:attachment":[{"href":"https:\/\/puntocritico.com\/ausajpuntocritico\/wp-json\/wp\/v2\/media?parent=20495"}],"wp:term":[{"taxonomy":"category","embeddable":true,"href":"https:\/\/puntocritico.com\/ausajpuntocritico\/wp-json\/wp\/v2\/categories?post=20495"},{"taxonomy":"post_tag","embeddable":true,"href":"https:\/\/puntocritico.com\/ausajpuntocritico\/wp-json\/wp\/v2\/tags?post=20495"}],"curies":[{"name":"wp","href":"https:\/\/api.w.org\/{rel}","templated":true}]}}