{"id":2002924,"date":"2021-03-18T00:05:11","date_gmt":"2021-03-17T23:05:11","guid":{"rendered":"https:\/\/puntocritico.com\/ausajpuntocritico\/?p=2002924"},"modified":"2022-04-12T12:14:25","modified_gmt":"2022-04-12T10:14:25","slug":"el-loco-de-khalil-gibran-y-ii","status":"publish","type":"post","link":"https:\/\/puntocritico.com\/ausajpuntocritico\/2021\/03\/18\/el-loco-de-khalil-gibran-y-ii\/","title":{"rendered":"\u00abEL LOCO\u00bb, de Khalil Gibran (y II)."},"content":{"rendered":"<p style=\"text-align: center;\"><span style=\"font-size: 24pt;\"><strong>\u00abEL LOCO\u00bb, de Khalil Gibran (y II)<\/strong><\/span><\/p>\n<p style=\"text-align: center;\">\u00a0<\/p>\n<blockquote>\n<p><img loading=\"lazy\" decoding=\"async\" class=\"aligncenter wp-image-2053942\" src=\"https:\/\/puntocritico.com\/ausajpuntocritico\/wp-content\/uploads\/2021\/03\/EL-MAR-MAYOR.jpg\" alt=\"\" width=\"440\" height=\"293\" data-id=\"2053942\" srcset=\"https:\/\/puntocritico.com\/ausajpuntocritico\/wp-content\/uploads\/2021\/03\/EL-MAR-MAYOR.jpg 640w, https:\/\/puntocritico.com\/ausajpuntocritico\/wp-content\/uploads\/2021\/03\/EL-MAR-MAYOR-300x200.jpg 300w, https:\/\/puntocritico.com\/ausajpuntocritico\/wp-content\/uploads\/2021\/03\/EL-MAR-MAYOR-610x406.jpg 610w\" sizes=\"auto, (max-width: 440px) 100vw, 440px\" \/><\/p>\n<p>&nbsp;<\/p>\n<p style=\"text-align: center;\"><span style=\"font-size: 14pt;\"><strong>EL MAR MAYOR<\/strong><span style=\"font-weight: 400;\"><br \/>\n<\/span><\/span><\/p>\n<p>&nbsp;<\/p>\n<p style=\"text-align: justify;\"><span style=\"font-weight: 400; font-size: 14pt;\">Mi alma y yo fuimos a ba\u00f1arnos al gran mar. Y al llegar a la playa, empezamos a buscar un sitio solitario y escondido.<\/span><\/p>\n<p style=\"text-align: justify;\"><span style=\"font-weight: 400; font-size: 14pt;\">Pero mientras camin\u00e1bamos por la playa vimos a un hombre sentado en una roca gris, que tomaba de un saco pu\u00f1ados de sal y los arrojaba al mar.<\/span><\/p>\n<p style=\"text-align: justify;\"><span style=\"font-weight: 400; font-size: 14pt;\">-Este es el pesimista -dijo mi alma-. V\u00e1monos de aqu\u00ed, pues no podemos ba\u00f1arnos en presencia del pesimista. Seguimos caminando, hasta llegar a una caleta; all\u00ed vimos, de pie en una roca blanca, a un hombre que llevaba un cofre enjoyado, del que tomaba az\u00facar para arrojarla al mar.<\/span><\/p>\n<p style=\"text-align: justify;\"><span style=\"font-weight: 400; font-size: 14pt;\">-Y este es el optimista -dijo mi alma-, tampoco \u00e9l debe ver nuestros cuerpos desnudos.<\/span><\/p>\n<p style=\"text-align: justify;\"><span style=\"font-weight: 400; font-size: 14pt;\">Seguimos caminando. Y en otro lugar de la playa vimos a un hombre que tomaba con la mano peces muertos, y los devolv\u00eda al agua.<\/span><\/p>\n<p style=\"text-align: justify;\"><span style=\"font-weight: 400; font-size: 14pt;\">-Tampoco podemos ba\u00f1arnos enfrente de este hombre -dijo mi alma-, pues este es el fil\u00e1ntropo. Y seguimos nuestro camino.<\/span><\/p>\n<p style=\"text-align: justify;\"><span style=\"font-weight: 400; font-size: 14pt;\">Luego nos encontramos a un hombre que trazaba el contorno de su sombra en la arena. Llegaban grandes olas y borraban el trazo; sin embargo, aquel hombre segu\u00eda una y otra vez dibujando su sombra.<\/span><\/p>\n<p style=\"text-align: justify;\"><span style=\"font-weight: 400; font-size: 14pt;\">-Este es el m\u00edstico -dijo mi alma-. Apart\u00e9monos de \u00e9l.<\/span><\/p>\n<p style=\"text-align: justify;\"><span style=\"font-weight: 400; font-size: 14pt;\">Y seguimos caminando, hasta que en otra calmada ensenada vimos a otro hombre, que recog\u00eda espuma del mar y la vert\u00eda en un vaso de alabastro.<\/span><\/p>\n<p style=\"text-align: justify;\"><span style=\"font-weight: 400; font-size: 14pt;\">-Este es el idealista -dijo mi alma-. De ninguna manera debe ver nuestra desnudez. Y seguimos caminando. De pronto, o\u00edmos una voz, que gritaba:<\/span><\/p>\n<p style=\"text-align: justify;\"><span style=\"font-weight: 400; font-size: 14pt;\">&#8211; \u00a1Este es el mar; el vasto y poderoso mar!<\/span><\/p>\n<p style=\"text-align: justify;\"><span style=\"font-weight: 400; font-size: 14pt;\">Y al acercarnos vimos que era un hombre que daba la espalda al mar y que aplicaba un caracol a su o\u00eddo, para o\u00edr el murmullo marino.<\/span><\/p>\n<p style=\"text-align: justify;\"><span style=\"font-weight: 400; font-size: 14pt;\">-Pasemos de largo -dijo mi alma-. Este es el realista; el que da la espalda a todo lo que no puede abarcar de una mirada, y se contenta con un fragmento del todo.<\/span><\/p>\n<p style=\"text-align: justify;\"><span style=\"font-weight: 400; font-size: 14pt;\">Y pasamos de largo. Y en un lugar lleno de maleza, entre las rocas, un hombre hab\u00eda enterrado su cabeza en la arena. Y le dije a mi alma:<\/span><\/p>\n<p style=\"text-align: justify;\"><span style=\"font-weight: 400; font-size: 14pt;\">-Nos podemos ba\u00f1ar aqu\u00ed, pues este hombre no puede vernos.<\/span><\/p>\n<p style=\"text-align: justify;\"><span style=\"font-weight: 400; font-size: 14pt;\">-No -dijo mi alma-. Porque \u00e9ste es el m\u00e1s mort\u00edfero de todos los hombres; es el puritano. -Luego, una gran tristeza se reflej\u00f3 en el rostro de mi alma, y tambi\u00e9n entristeci\u00f3 su voz. -V\u00e1monos de aqu\u00ed &#8211; dijo-. Pues no hay ning\u00fan solitario y oculto lugar donde podamos ba\u00f1arnos. \u00a0 No dejar\u00e9 que este viento juegue con mi cabellera de oro, ni dejar\u00e9 que este viento acaricie mi seno desnudo, ni que esta luz descubra mi sagrada desnudez.<\/span><\/p>\n<p style=\"text-align: justify;\"><span style=\"font-weight: 400; font-size: 14pt;\">Y luego abandonamos aquel mar, para ir en busca del Mar Mayor.<\/span><\/p>\n<\/blockquote>\n<p>&nbsp;<\/p>\n<p><img loading=\"lazy\" decoding=\"async\" class=\"aligncenter size-full wp-image-2053956\" src=\"https:\/\/puntocritico.com\/ausajpuntocritico\/wp-content\/uploads\/2021\/03\/PORTADA-EL-LOCO.jpg\" alt=\"\" width=\"208\" height=\"242\" data-id=\"2053956\" \/><\/p>\n<p style=\"text-align: center;\"><span style=\"color: #008000;\"><strong><span style=\"font-size: 18pt;\">*******<\/span><\/strong><\/span><\/p>\n<p><img loading=\"lazy\" decoding=\"async\" class=\"aligncenter size-full wp-image-2053845\" src=\"https:\/\/puntocritico.com\/ausajpuntocritico\/wp-content\/uploads\/2021\/03\/Pieter-Brugel-el-viejo.jpg\" alt=\"\" width=\"432\" height=\"312\" data-id=\"2053845\" srcset=\"https:\/\/puntocritico.com\/ausajpuntocritico\/wp-content\/uploads\/2021\/03\/Pieter-Brugel-el-viejo.jpg 432w, https:\/\/puntocritico.com\/ausajpuntocritico\/wp-content\/uploads\/2021\/03\/Pieter-Brugel-el-viejo-300x217.jpg 300w\" sizes=\"auto, (max-width: 432px) 100vw, 432px\" \/><\/p>\n<p>&nbsp;<\/p>\n<p style=\"text-align: center;\"><strong><span style=\"font-size: 14pt;\">LA CIUDAD BENDITA<\/span><\/strong><\/p>\n<p style=\"text-align: justify;\"><span style=\"font-weight: 400; font-size: 14pt;\">Era yo muy joven cuando me dijeron que en cierta ciudad todos sus habitantes viv\u00edan con apego a las Escrituras.<\/span><\/p>\n<p style=\"text-align: justify;\"><span style=\"font-weight: 400; font-size: 14pt;\">Y me dije: \u00ab<em>Buscar\u00e9 esa ciudad y la santidad que en ella se encuentra<\/em>\u00ab. Y aquella ciudad quedaba muy lejos de mi patria. Reun\u00ed gran cantidad de provisiones para el viaje, y emprend\u00ed el camino. Tras cuarenta d\u00edas de andar divis\u00e9 a lo lejos la ciudad, y al d\u00eda siguiente entr\u00e9 en ella.<\/span><\/p>\n<p style=\"text-align: justify;\"><span style=\"font-weight: 400; font-size: 14pt;\">Pero, \u00a1oh sorpresa! vi que todos los habitantes de esa ciudad s\u00f3lo ten\u00edan un ojo y una mano. Me asombr\u00f3 mucho aquello, y me dije: \u00ab<em>\u00bfPor qu\u00e9 tendr\u00e1n los habitantes de esta\u00a0 santa ciudad s\u00f3lo un ojo, y s\u00f3lo una mano?<\/em>\u00ab<\/span><\/p>\n<p style=\"text-align: justify;\"><span style=\"font-weight: 400; font-size: 14pt;\">Luego, vi que tambi\u00e9n ellos se asombraban, pues les maravillaba que yo tuviera dos manos y dos ojos. Y como hablaban entre s\u00ed y comentaban mi aspecto, les pregunt\u00e9:<\/span><\/p>\n<p style=\"text-align: justify;\"><span style=\"font-weight: 400; font-size: 14pt;\">-\u00bfEs esta la Ciudad Bendita, en la que todos viven con apego a las Escrituras?<\/span><\/p>\n<p style=\"text-align: justify;\"><span style=\"font-weight: 400; font-size: 14pt;\">-S\u00ed, esta es la Ciudad, Bendita -me contestaron. Y a\u00f1ad\u00ed<\/span><span style=\"font-weight: 400; font-size: 14pt;\">-; \u00bfQu\u00e9 desgracia os ha ocurrido, y qu\u00e9 sucedi\u00f3 a vuestros ojos derechos y a vuestras manos derechas?<\/span><\/p>\n<p style=\"text-align: justify;\"><span style=\"font-weight: 400; font-size: 14pt;\">Toda la gente parec\u00eda conmovida.<\/span><\/p>\n<p style=\"text-align: justify;\"><span style=\"font-weight: 400; font-size: 14pt;\">-Ven; y observa por ti mismo -me dijeron.<\/span><\/p>\n<p style=\"text-align: justify;\"><span style=\"font-weight: 400; font-size: 14pt;\">Me llevaron al templo, que estaba en el coraz\u00f3n de la ciudad. Y en el templo vi una gran cantidad de manos y ojos, todos secos.<\/span><\/p>\n<p style=\"text-align: justify;\"><span style=\"font-weight: 400; font-size: 14pt;\">-\u00a1Dios m\u00edo! -pregunt\u00e9-, \u00bfqu\u00e9 inhumano conquistador ha cometido\u00a0 esta crueldad con vosotros?<\/span><\/p>\n<p style=\"text-align: justify;\"><span style=\"font-weight: 400; font-size: 14pt;\">Y hubo un murmullo entre los habitantes. Uno de los m\u00e1s ancianos dio un paso al frente, y me dijo:<\/span><\/p>\n<p style=\"text-align: justify;\"><span style=\"font-weight: 400; font-size: 14pt;\">-Esto lo hicimos nosotros mismos: Dios nos ha convertido en conquistadores del mal que hab\u00eda en nosotros.<\/span><\/p>\n<p style=\"text-align: justify;\"><span style=\"font-weight: 400; font-size: 14pt;\">Y me condujo hasta un altar enorme; todos nos siguieron. Y aquel anciano me mostr\u00f3 una inscripci\u00f3n grabada encima del altar. Le\u00ed: \u00ab<em>Si tu ojo derecho peca, arr\u00e1ncalo y ap\u00e1rtalo de ti; porque es preferible que uno de tus miembros perezca, a que todo tu cuerpo sea arrojado al infierno. Y si tu mano derecha peca, c\u00f3rtatela y ap\u00e1rtala de ti, porque es preferible que uno de tus miembros perezca, a que todo tu cuerpo sea arrojado al infierno<\/em>\u00ab.<\/span><\/p>\n<p style=\"text-align: justify;\"><span style=\"font-weight: 400; font-size: 14pt;\">Entonces comprend\u00ed: Y me volv\u00ed hacia el pueblo congregado, y grit\u00e9: \u00ab<em>\u00bfNo hay entre vosotros ning\u00fan hombre, ninguna mujer con dos ojos y dos manos?<\/em>\u00ab.<\/span><\/p>\n<p style=\"text-align: justify;\"><span style=\"font-weight: 400; font-size: 14pt;\">Me contestaron: \u00ab<em>No; nadie; s\u00f3lo quienes son a\u00fan demasiado j\u00f3venes para leer las Escrituras y comprender su mandamiento<\/em>\u00ab.<\/span><\/p>\n<p style=\"text-align: justify;\"><span style=\"font-weight: 400; font-size: 14pt;\">Y al salir del templo inmediatamente abandon\u00e9 aquella Ciudad Bendita, pues no era yo demasiado joven, y s\u00ed sab\u00eda leer las Escrituras.<\/span><\/p>\n<p style=\"text-align: center;\"><span style=\"font-size: 18pt; color: #008000;\"><strong>*******<\/strong><\/span><\/p>\n<p><img loading=\"lazy\" decoding=\"async\" class=\"aligncenter size-full wp-image-2053862\" src=\"https:\/\/puntocritico.com\/ausajpuntocritico\/wp-content\/uploads\/2021\/03\/EL-DIOS-BUENO-Y-EL-DIOS-MALO.png\" alt=\"\" width=\"344\" height=\"147\" data-id=\"2053862\" srcset=\"https:\/\/puntocritico.com\/ausajpuntocritico\/wp-content\/uploads\/2021\/03\/EL-DIOS-BUENO-Y-EL-DIOS-MALO.png 344w, https:\/\/puntocritico.com\/ausajpuntocritico\/wp-content\/uploads\/2021\/03\/EL-DIOS-BUENO-Y-EL-DIOS-MALO-300x128.png 300w\" sizes=\"auto, (max-width: 344px) 100vw, 344px\" \/><\/p>\n<p>&nbsp;<\/p>\n<p style=\"text-align: center;\"><strong><span style=\"font-size: 14pt;\">EL DIOS BUENO Y EL DIOS MALO<\/span><\/strong><\/p>\n<p>&nbsp;<\/p>\n<p style=\"text-align: justify;\"><span style=\"font-weight: 400; font-size: 14pt;\">El Dios Bueno y el Dios Malo se entrevistaron en la cima de la monta\u00f1a.<\/span><\/p>\n<p style=\"text-align: justify;\"><span style=\"font-weight: 400; font-size: 14pt;\">-Buenos d\u00edas, hermano -dijo el Dios Bueno. El Dios Malo no contest\u00f3 el saludo. Y el Dios Bueno prosigui\u00f3: -Est\u00e1s hoy de mal humor.<\/span><\/p>\n<p style=\"text-align: justify;\"><span style=\"font-weight: 400; font-size: 14pt;\">-Si -dijo el Dios Malo-, porque \u00faltimamente me confunden contigo, me llaman por tu nombre y me tratan como si fuera t\u00fa, y esto me desagrada mucho.<\/span><\/p>\n<p style=\"text-align: justify;\"><span style=\"font-weight: 400; font-size: 14pt;\">&#8211;Pues has de saber que tambi\u00e9n a mi me han llamado por tu nombre -dijo el Dios Bueno.<\/span><\/p>\n<p style=\"text-align: justify;\"><span style=\"font-weight: 400; font-size: 14pt;\">Al oir esto, el Dios Malo sigui\u00f3 su camino, y se fue maldiciendo la estupidez de los hombres.<\/span><\/p>\n<p style=\"text-align: center;\"><span style=\"font-size: 18pt; color: #008000;\"><strong>*******<\/strong><\/span><\/p>\n<p><img loading=\"lazy\" decoding=\"async\" class=\"aligncenter wp-image-2053953\" src=\"https:\/\/puntocritico.com\/ausajpuntocritico\/wp-content\/uploads\/2021\/03\/el-ganador-del-ajedrez-derrota-al-rey-blanco-15184168.jpg\" alt=\"\" width=\"440\" height=\"293\" data-id=\"2053953\" srcset=\"https:\/\/puntocritico.com\/ausajpuntocritico\/wp-content\/uploads\/2021\/03\/el-ganador-del-ajedrez-derrota-al-rey-blanco-15184168.jpg 800w, https:\/\/puntocritico.com\/ausajpuntocritico\/wp-content\/uploads\/2021\/03\/el-ganador-del-ajedrez-derrota-al-rey-blanco-15184168-300x200.jpg 300w, https:\/\/puntocritico.com\/ausajpuntocritico\/wp-content\/uploads\/2021\/03\/el-ganador-del-ajedrez-derrota-al-rey-blanco-15184168-768x512.jpg 768w, https:\/\/puntocritico.com\/ausajpuntocritico\/wp-content\/uploads\/2021\/03\/el-ganador-del-ajedrez-derrota-al-rey-blanco-15184168-610x406.jpg 610w\" sizes=\"auto, (max-width: 440px) 100vw, 440px\" \/><\/p>\n<p>&nbsp;<\/p>\n<p style=\"text-align: center;\"><strong><span style=\"font-size: 14pt;\">DERROTA<\/span><\/strong><\/p>\n<p>&nbsp;<\/p>\n<p style=\"text-align: justify;\"><span style=\"font-weight: 400; font-size: 14pt;\">Derrota, mi derrota, mi soledad y mi aislamiento: Para m\u00ed eres m\u00e1s valiosa que mil triunfos, Y m\u00e1s dulce para mi coraz\u00f3n que toda la gloria mundanal.<\/span><\/p>\n<p style=\"text-align: justify;\"><span style=\"font-weight: 400; font-size: 14pt;\">Derrota, mi derrota, mi conocimiento de mi mismo y mi desaf\u00edo.<\/span><\/p>\n<p style=\"text-align: justify;\"><span style=\"font-size: 14pt;\"><span style=\"font-weight: 400;\">T\u00fa me has ense\u00f1ado que soy joven a\u00fan y de pies ligeros y a no dejarme enga\u00f1ar por laureles vanos. Y en ti he encontrado la dicha de estar solo Y la alegr\u00eda de ser alejado y despreciado.<\/span><span style=\"font-weight: 400;\"><br \/>\n<\/span><\/span><\/p>\n<p style=\"text-align: justify;\"><span style=\"font-weight: 400; font-size: 14pt;\">Derrota, mi derrota, mi fulgurante espada y mi escudo:<\/span><\/p>\n<p style=\"text-align: justify;\"><span style=\"font-weight: 400; font-size: 14pt;\">En tus ojos he le\u00eddo que ser entronizado es ser esclavizado, y que ser comprendido es ser derribado. Y que ser apresado es llegar a la propia madurez Y como un fruto maduro, caer y ser objeto de consumo.<\/span><\/p>\n<p style=\"text-align: justify;\"><span style=\"font-weight: 400; font-size: 14pt;\">Derrota, mi derrota, mi audaz compa\u00f1era:<\/span><\/p>\n<p style=\"text-align: justify;\"><span style=\"font-weight: 400; font-size: 14pt;\">Oir\u00e1s mis cantos, mis gritos y silencios, y nadie mas que t\u00fa me hablar\u00e1 del batir de las alas. De la impetuosidad de los mares. Y de monta\u00f1as que arden en la noche.<\/span><\/p>\n<p style=\"text-align: justify;\"><span style=\"font-weight: 400; font-size: 14pt;\">Y s\u00f3lo t\u00fa escalar\u00e1s mi inclinada y rocosa alma. Derrota, mi derrota, mi valor ind\u00f3mito inmortal. T\u00fa y yo reiremos juntos con la tormenta.<\/span><\/p>\n<p style=\"text-align: justify;\"><span style=\"font-weight: 400; font-size: 14pt;\">Y juntos cavaremos tumbas para todo lo que muere en nosotros. Y hemos de erguirnos al sol, como una sola voluntad. Y seremos peligrosos.<\/span><\/p>\n<p style=\"text-align: center;\"><span style=\"font-size: 18pt; color: #008000;\"><strong>*******<\/strong><\/span><\/p>\n<p><img loading=\"lazy\" decoding=\"async\" class=\"aligncenter size-full wp-image-2053949\" src=\"https:\/\/puntocritico.com\/ausajpuntocritico\/wp-content\/uploads\/2021\/03\/LA-NOCHE-Y-EL-LOCO.jpg\" alt=\"\" width=\"266\" height=\"400\" data-id=\"2053949\" srcset=\"https:\/\/puntocritico.com\/ausajpuntocritico\/wp-content\/uploads\/2021\/03\/LA-NOCHE-Y-EL-LOCO.jpg 266w, https:\/\/puntocritico.com\/ausajpuntocritico\/wp-content\/uploads\/2021\/03\/LA-NOCHE-Y-EL-LOCO-200x300.jpg 200w\" sizes=\"auto, (max-width: 266px) 100vw, 266px\" \/><\/p>\n<p>&nbsp;<\/p>\n<p style=\"text-align: center;\"><strong><span style=\"font-size: 14pt;\">LA NOCHE Y EL LOCO<\/span><\/strong><\/p>\n<p>&nbsp;<\/p>\n<p style=\"text-align: justify;\"><span style=\"font-weight: 400; font-size: 14pt;\">S<\/span><span style=\"font-weight: 400; font-size: 14pt;\">oy como t\u00fa, \u00a1oh Noche!, oscuro y desnudo; camino por la flameante senda que est\u00e1 por encima de mis sue\u00f1os diurnos, y siempre que mi planta toca la tierra brota de ella un roble.<\/span><\/p>\n<p style=\"text-align: justify;\"><span style=\"font-weight: 400; font-size: 14pt;\">-No; no eres como yo, \u00a1oh Loco!, pues a\u00fan te vuelves a ver cu\u00e1n grande es la huella de tus pasos en la arena.<\/span><\/p>\n<p style=\"text-align: justify;\"><span style=\"font-weight: 400; font-size: 14pt;\">-Soy como t\u00fa, \u00a1oh Noche!, silente y profundo, y en el coraz\u00f3n de mi soledad yace una diosa en trabajo de parto; y en el ser que de ella est\u00e1 naciendo el Cielo toca al infierno.<\/span><\/p>\n<p style=\"text-align: justify;\"><span style=\"font-weight: 400; font-size: 14pt;\">-No; no eres como yo, \u00a1oh Loco!, pues te estremeces a\u00fan antes de sentir el dolor, y el canto del abismo te aterroriza.<\/span><\/p>\n<p style=\"text-align: justify;\"><span style=\"font-weight: 400; font-size: 14pt;\">-Soy como t\u00fa, \u00a1oh Noche!, salvaje y terrible; pues mis o\u00eddos perciben los gritos de naciones conquistadas y suspiros de olvidadas tierras.<\/span><\/p>\n<p style=\"text-align: justify;\"><span style=\"font-weight: 400; font-size: 14pt;\">-No; no eres como yo, \u00a1oh Loco!, pues a\u00fan consideras a tu peque\u00f1o ego un compa\u00f1ero, y no puedes ser amigo de tu monstruoso ego.<\/span><\/p>\n<p style=\"text-align: justify;\"><span style=\"font-weight: 400; font-size: 14pt;\">-Soy como t\u00fa, \u00a1oh Noche!, cruel y terrible, pues mi pecho est\u00e1 alumbrado por barcos que arden en el mar, y mis labios est\u00e1n h\u00famedos de sangre de guerreros degollados.<\/span><\/p>\n<p style=\"text-align: justify;\"><span style=\"font-weight: 400; font-size: 14pt;\">-No; no eres como yo, \u00a1oh Loco!, pues a\u00fan est\u00e1 en t\u00ed el anhelo de encontrar a tu alma gemela, y no has llegado a ser ley para ti mismo.<\/span><\/p>\n<p style=\"text-align: justify;\"><span style=\"font-weight: 400; font-size: 14pt;\">-Soy como t\u00fa, \u00a1oh Noche!, gozoso y alegre; pues quien mora en mi sombra est\u00e1 ahora ebrio de vino virgen, y quien me sigue va pecando con regocijo.<\/span><\/p>\n<p style=\"text-align: justify;\"><span style=\"font-weight: 400; font-size: 14pt;\">-No; no eres como yo, \u00a1oh Loco!, pues tu alma est\u00e1 envuelta en el velo de los siete pliegues, y no llevas en la mano el coraz\u00f3n.<\/span><\/p>\n<p style=\"text-align: justify;\"><span style=\"font-weight: 400; font-size: 14pt;\">-Soy como t\u00fa, \u00a1oh Noche!, paciente y apasionado; pues en mi pecho est\u00e1n enterrados mil amantes muertos, envueltos en sudarios de marchitos besos.<\/span><\/p>\n<p style=\"text-align: justify;\"><span style=\"font-weight: 400; font-size: 14pt;\">Loco, \u00bfde veras piensas que eres como yo? \u00bfTe pareces a m\u00ed? \u00bfPuedes cabalgar en la tempestad como un potro salvaje, y asir el rel\u00e1mpago cual si fuera una espada?<\/span><\/p>\n<p style=\"text-align: justify;\"><span style=\"font-weight: 400; font-size: 14pt;\">-S\u00ed; como t\u00fa, \u00a1oh Noche!, como t\u00fa, soy poderoso y alto, y mi trono se asienta sobre monta\u00f1as de dioses ca\u00eddos; y tambi\u00e9n ante m\u00ed desfilan los d\u00edas para besar la orla de mi veste, sin atreverse a mirarme al rostro.<\/span><\/p>\n<p style=\"text-align: justify;\"><span style=\"font-weight: 400; font-size: 14pt;\">-\u00bfPiensas que eres como yo, t\u00fa, el hijo de mi m\u00e1s oscuro coraz\u00f3n? \u00bfPuedes pensar mis ind\u00f3mitos pensamientos y hablar mi vasto lenguaje?<\/span><\/p>\n<p style=\"text-align: justify;\"><span style=\"font-weight: 400; font-size: 14pt;\">-S\u00ed; somos hermanos gemelos, \u00a1oh Noche!; pues t\u00fa revelas el espacio, y yo revelo mi alma.<\/span><\/p>\n<p style=\"text-align: center;\"><span style=\"font-size: 18pt; color: #008000;\"><strong>*******<\/strong><\/span><\/p>\n<p><img loading=\"lazy\" decoding=\"async\" class=\"aligncenter wp-image-2053946\" src=\"https:\/\/puntocritico.com\/ausajpuntocritico\/wp-content\/uploads\/2021\/03\/ROSTROS.jpg\" alt=\"\" width=\"440\" height=\"346\" data-id=\"2053946\" srcset=\"https:\/\/puntocritico.com\/ausajpuntocritico\/wp-content\/uploads\/2021\/03\/ROSTROS.jpg 568w, https:\/\/puntocritico.com\/ausajpuntocritico\/wp-content\/uploads\/2021\/03\/ROSTROS-300x236.jpg 300w\" sizes=\"auto, (max-width: 440px) 100vw, 440px\" \/><\/p>\n<p>&nbsp;<\/p>\n<p style=\"text-align: center;\"><strong><span style=\"font-size: 14pt;\">ROSTROS<\/span><\/strong><\/p>\n<p>&nbsp;<\/p>\n<p style=\"text-align: justify;\"><span style=\"font-weight: 400; font-size: 14pt;\">He visto un rostro con mil semblantes, y un rostro que ten\u00eda s\u00f3lo un semblante, como si estuviera contenido en un molde inmutable.<\/span><\/p>\n<p style=\"text-align: justify;\"><span style=\"font-weight: 400; font-size: 14pt;\">He visto un rostro cuyo brillo pod\u00eda ver a trav\u00e9s de la fealdad que lo cubr\u00eda, y un rostro cuyo brillo tuve que apartar, para ver cu\u00e1n hermoso era.<\/span><\/p>\n<p style=\"text-align: justify;\"><span style=\"font-weight: 400; font-size: 14pt;\">He visto un viejo rostro lleno de arrugas de la nada, y un rostro lozano en el que estaban grabadas todas las cosas. Conozco todos los rostros, porque los veo a trav\u00e9s de la urdimbre que mis ojos van tejiendo, y miro la realidad que est\u00e1 detr\u00e1s del tejido.<\/span><\/p>\n<p style=\"text-align: center;\"><span style=\"font-size: 18pt; color: #008000;\"><strong>*******<\/strong><\/span><\/p>\n<p><img loading=\"lazy\" decoding=\"async\" class=\"aligncenter wp-image-2053936\" src=\"https:\/\/puntocritico.com\/ausajpuntocritico\/wp-content\/uploads\/2021\/03\/CRUCIFICADO.jpg\" alt=\"\" width=\"440\" height=\"293\" data-id=\"2053936\" srcset=\"https:\/\/puntocritico.com\/ausajpuntocritico\/wp-content\/uploads\/2021\/03\/CRUCIFICADO.jpg 1280w, https:\/\/puntocritico.com\/ausajpuntocritico\/wp-content\/uploads\/2021\/03\/CRUCIFICADO-300x200.jpg 300w, https:\/\/puntocritico.com\/ausajpuntocritico\/wp-content\/uploads\/2021\/03\/CRUCIFICADO-1024x682.jpg 1024w, https:\/\/puntocritico.com\/ausajpuntocritico\/wp-content\/uploads\/2021\/03\/CRUCIFICADO-768x512.jpg 768w, https:\/\/puntocritico.com\/ausajpuntocritico\/wp-content\/uploads\/2021\/03\/CRUCIFICADO-610x407.jpg 610w\" sizes=\"auto, (max-width: 440px) 100vw, 440px\" \/><\/p>\n<p>&nbsp;<\/p>\n<p style=\"text-align: center;\"><strong><span style=\"font-size: 14pt;\">CRUCIFICADO<\/span><\/strong><\/p>\n<p>&nbsp;<\/p>\n<p style=\"text-align: justify;\"><span style=\"font-weight: 400; font-size: 14pt;\">&#8211; \u00a1Quisiera ser crucificado! -grit\u00e9 a los hombres.<\/span><\/p>\n<p style=\"text-align: justify;\"><span style=\"font-weight: 400; font-size: 14pt;\">-\u00bfPor qu\u00e9 habr\u00eda de caer tu sangre sobre nuestras cabezas? -me respondieron.<\/span><\/p>\n<p style=\"text-align: justify;\"><span style=\"font-weight: 400; font-size: 14pt;\">Y yo respond\u00ed:<\/span><\/p>\n<p style=\"text-align: justify;\"><span style=\"font-weight: 400; font-size: 14pt;\">-\u00bfDe qu\u00e9 otra manera podr\u00edais ser exaltados, sino crucificando a los locos? Y ellos asintieron, y me crucificaron. Y la crucifixi\u00f3n me apacigu\u00f3.<\/span><\/p>\n<p style=\"text-align: justify;\"><span style=\"font-weight: 400; font-size: 14pt;\">Y cuando pend\u00eda entre el cielo y la tierra alzaron la cabeza para mirarme. Y estaban exaltados, pues nunca hab\u00edan alzado la cabeza.<\/span><\/p>\n<p style=\"text-align: justify;\"><span style=\"font-weight: 400; font-size: 14pt;\">Pero mientras estaban all\u00ed, en pie, mir\u00e1ndome, uno de ellos grit\u00f3:<\/span><\/p>\n<p style=\"text-align: justify;\"><span style=\"font-weight: 400; font-size: 14pt;\">-\u00bfQu\u00e9 est\u00e1s tratando de expiar?<\/span><\/p>\n<p style=\"text-align: justify;\"><span style=\"font-weight: 400; font-size: 14pt;\">Y otro hombre grit\u00f3:<\/span><\/p>\n<p style=\"text-align: justify;\"><span style=\"font-weight: 400; font-size: 14pt;\">-\u00bfPor qu\u00e9 causa te sacrificas?<\/span><\/p>\n<p style=\"text-align: justify;\"><span style=\"font-weight: 400; font-size: 14pt;\">Y un tercer hombre dijo: <\/span><\/p>\n<p style=\"text-align: justify;\"><span style=\"font-weight: 400; font-size: 14pt;\">-\u00bfCrees que a ese precio adquirir\u00e1s la gloria del mundo? <\/span><\/p>\n<p style=\"text-align: justify;\"><span style=\"font-weight: 400; font-size: 14pt;\">Y luego dijo un cuarto hombre:<\/span><\/p>\n<p style=\"text-align: justify;\"><span style=\"font-weight: 400; font-size: 14pt;\">&#8211; \u00a1Mirad c\u00f3mo sonr\u00ede!\u00a0 \u00bfPuede perdonarse tal dolor? <\/span><\/p>\n<p style=\"text-align: justify;\"><span style=\"font-weight: 400; font-size: 14pt;\">Y yo les contest\u00e9 a todos, diciendo:<\/span><\/p>\n<p style=\"text-align: justify;\"><span style=\"font-weight: 400; font-size: 14pt;\">-Recordad s\u00f3lo que he sonre\u00eddo. No estoy expiando nada, ni sacrific\u00e1ndome, ni deseo la gloria: y no tengo que perdonar nada. Yo ten\u00eda sed y les supliqu\u00e9 me dieran de beber mi sangre. Porque, \u00bfqu\u00e9 puede saciar la sed de un loco, sino su propia sangre? Estaba yo mudo, y les ped\u00ed que me hirieran, para tener bocas. Estaba yo prisionero en vuestros d\u00edas y en vuestras noches, y busqu\u00e9 una puerta hacia m\u00e1s vastos d\u00edas y m\u00e1s vastas noches.<\/span><\/p>\n<p style=\"text-align: justify;\"><span style=\"font-size: 14pt;\"><span style=\"font-weight: 400;\">\u00abY ahora, me voy, como se han ido ya otros crucificados. Y no pens\u00e9is que nosotros los locos estamos cansados de tanta crucifixi\u00f3n\u00bb. Pues debemos ser crucificados por hombres cada vez m\u00e1s grandes, entre tierras m\u00e1s vastas y cielos m\u00e1s espaciosos.<\/span><span style=\"font-weight: 400;\"><br \/>\n<\/span><\/span><\/p>\n<p style=\"text-align: center;\"><span style=\"font-size: 18pt; color: #008000;\"><strong>*******<\/strong><\/span><\/p>\n<p><img loading=\"lazy\" decoding=\"async\" class=\"aligncenter size-full wp-image-2054006\" src=\"https:\/\/puntocritico.com\/ausajpuntocritico\/wp-content\/uploads\/2021\/03\/El-astronomo-1.jpg\" alt=\"\" width=\"418\" height=\"474\" data-id=\"2054006\" srcset=\"https:\/\/puntocritico.com\/ausajpuntocritico\/wp-content\/uploads\/2021\/03\/El-astronomo-1.jpg 418w, https:\/\/puntocritico.com\/ausajpuntocritico\/wp-content\/uploads\/2021\/03\/El-astronomo-1-265x300.jpg 265w\" sizes=\"auto, (max-width: 418px) 100vw, 418px\" \/><\/p>\n<p>&nbsp;<\/p>\n<p style=\"text-align: center;\"><strong><span style=\"font-size: 14pt;\">EL ASTR\u00d3NOMO<\/span><\/strong><\/p>\n<p>&nbsp;<\/p>\n<p style=\"text-align: justify;\"><span style=\"font-weight: 400; font-size: 14pt;\">A la sombra del templo mi amigo y yo vimos a un ciego, sentado all\u00ed, solitario.<\/span><\/p>\n<p style=\"text-align: justify;\"><span style=\"font-weight: 400; font-size: 14pt;\">-Mira -dijo mi amigo-: ese es el hombre m\u00e1s sabio de nuestra tierra.<\/span><\/p>\n<p style=\"text-align: justify;\"><span style=\"font-weight: 400; font-size: 14pt;\">Me separ\u00e9 de mi amigo y me acerqu\u00e9 al ciego. Lo salud\u00e9. Y conversamos. Poco despu\u00e9s le dije:<\/span><\/p>\n<p style=\"text-align: justify;\"><span style=\"font-weight: 400; font-size: 14pt;\">-Perdona mi pregunta: \u00bfdesde cu\u00e1ndo eres ciego? <\/span><\/p>\n<p style=\"text-align: justify;\"><span style=\"font-weight: 400; font-size: 14pt;\">-Desde que nac\u00ed -fue su respuesta.<\/span><\/p>\n<p style=\"text-align: justify;\"><span style=\"font-weight: 400; font-size: 14pt;\">-\u00bfY qu\u00e9 sendero de sabidur\u00eda sigues? -le dije entonces.<\/span><\/p>\n<p style=\"text-align: justify;\"><span style=\"font-weight: 400; font-size: 14pt;\">-Soy astr\u00f3nomo -me contest\u00f3 el ciego. -Luego, se llev\u00f3 la mano al pecho, \u00a0 y dijo:<\/span><\/p>\n<p style=\"text-align: justify;\"><span style=\"font-weight: 400; font-size: 14pt;\">-S\u00ed; observo todos estos soles, y estas lunas, y estas estrellas.<\/span><\/p>\n<p style=\"text-align: center;\"><span style=\"font-size: 18pt; color: #008000;\"><strong>*******<\/strong><\/span><\/p>\n<p><img loading=\"lazy\" decoding=\"async\" class=\"aligncenter size-full wp-image-2054005\" src=\"https:\/\/puntocritico.com\/ausajpuntocritico\/wp-content\/uploads\/2021\/03\/EL-GRAN-ANHELO.jpg\" alt=\"\" width=\"248\" height=\"204\" data-id=\"2054005\" \/><\/p>\n<p>&nbsp;<\/p>\n<p style=\"text-align: center;\"><strong><span style=\"font-size: 14pt;\">EL GRAN ANHELO<\/span><\/strong><\/p>\n<p>&nbsp;<\/p>\n<p style=\"text-align: justify;\"><span style=\"font-weight: 400; font-size: 14pt;\">Aqu\u00ed estoy, sentado entre mi hermana la monta\u00f1a y mi hermana la mar.<\/span><\/p>\n<p style=\"text-align: justify;\"><span style=\"font-weight: 400; font-size: 14pt;\">Los tres somos uno en nuestra soledad, y el amor que nos une es profundo, fuerte y extra\u00f1o. En realidad, este amor es m\u00e1s profundo que mi hermana la mar y m\u00e1s fuerte que mi hermana la monta\u00f1a, y m\u00e1s extra\u00f1o que lo ins\u00f3lito de mi locura.<\/span><\/p>\n<p style=\"text-align: justify;\"><span style=\"font-weight: 400; font-size: 14pt;\">Han pasado eones y m\u00e1s eones desde que la primera alborada gris nos hizo visibles uno al otro; y aunque hemos visto el nacimiento, la plenitud y la muerte de muchos mundos, a\u00fan somos vehementes y j\u00f3venes.<\/span><\/p>\n<p style=\"text-align: justify;\"><span style=\"font-weight: 400; font-size: 14pt;\">Somos j\u00f3venes y vehementes, y no obstante estamos solos y nadie nos visita, y a pesar de que yacemos en un abrazo casi completo y sin trabas, no hemos hallado consuelo. Pues, decidme: \u00bfqu\u00e9 consuelo puede haber para el deseo controlado y la pasi\u00f3n inexhausta? \u00bfDe d\u00f3nde vendr\u00e1 el flam\u00edgero dios que d\u00e9 calor al lecho de mi hermana la mar? \u00bfY qu\u00e9 torrentes aplacar\u00e1 el fuego de mi hermana la monta\u00f1a? \u00bfY qu\u00e9 mujer podr\u00e1 adue\u00f1arse de mi coraz\u00f3n?<\/span><\/p>\n<p style=\"text-align: justify;\"><span style=\"font-weight: 400; font-size: 14pt;\">En el silencio de la noche, en sue\u00f1os, mi hermana la mar susurra el ignoto nombre del dios flam\u00edgero, y mi hermana la monta\u00f1a llama a lo lejos al fresco y distante dios-torrente. Pero yo no s\u00e9 a qui\u00e9n llamar en mi sue\u00f1o.<\/span><\/p>\n<p style=\"text-align: justify;\"><span style=\"font-weight: 400; font-size: 14pt;\">Aqu\u00ed estoy sentado, entre mi hermana la monta\u00f1a y mi hermana la mar. Los tres somos uno en nuestra soledad, y el amor que nos une es en verdad profundo, fuerte, y extra\u00f1o&#8230;<\/span><\/p>\n<p style=\"text-align: center;\"><span style=\"font-size: 18pt; color: #008000;\"><strong>*******<\/strong><\/span><\/p>\n<p><img loading=\"lazy\" decoding=\"async\" class=\"aligncenter wp-image-2054009\" src=\"https:\/\/puntocritico.com\/ausajpuntocritico\/wp-content\/uploads\/2021\/03\/EL-ASTR\u00d3NOMO.jpg\" alt=\"\" width=\"440\" height=\"248\" data-id=\"2054009\" srcset=\"https:\/\/puntocritico.com\/ausajpuntocritico\/wp-content\/uploads\/2021\/03\/EL-ASTR\u00d3NOMO.jpg 1280w, https:\/\/puntocritico.com\/ausajpuntocritico\/wp-content\/uploads\/2021\/03\/EL-ASTR\u00d3NOMO-300x169.jpg 300w, https:\/\/puntocritico.com\/ausajpuntocritico\/wp-content\/uploads\/2021\/03\/EL-ASTR\u00d3NOMO-1024x576.jpg 1024w, https:\/\/puntocritico.com\/ausajpuntocritico\/wp-content\/uploads\/2021\/03\/EL-ASTR\u00d3NOMO-768x432.jpg 768w, https:\/\/puntocritico.com\/ausajpuntocritico\/wp-content\/uploads\/2021\/03\/EL-ASTR\u00d3NOMO-610x343.jpg 610w, https:\/\/puntocritico.com\/ausajpuntocritico\/wp-content\/uploads\/2021\/03\/EL-ASTR\u00d3NOMO-678x381.jpg 678w\" sizes=\"auto, (max-width: 440px) 100vw, 440px\" \/><\/p>\n<p>&nbsp;<\/p>\n<p style=\"text-align: center;\"><strong><span style=\"font-size: 14pt;\">DIJO UNA HOJA DE HIERBA<\/span><\/strong><\/p>\n<p>&nbsp;<\/p>\n<p style=\"text-align: justify;\"><span style=\"font-weight: 400; font-size: 14pt;\">Dijo una mata de hierba a una hoja de oto\u00f1o:<\/span><\/p>\n<p><span style=\"font-weight: 400; font-size: 14pt;\">-\u00a1Al caer haces tanto ruido, que espantas a todos mis sue\u00f1os invernales!<\/span><\/p>\n<p style=\"text-align: justify;\"><span style=\"font-weight: 400; font-size: 14pt;\">-Ser de baja cuna y de miserable morada -dijo la hoja, indignada-, ser malhumorado y sin canto: \u00a1t\u00fa no vives en la regi\u00f3n alta del aire, y desconoces el sonido del canto!<\/span><\/p>\n<p style=\"text-align: justify;\"><span style=\"font-weight: 400; font-size: 14pt;\">Luego, la hoja de oto\u00f1o cay\u00f3 sobre la tierra, y se durmi\u00f3. Y al llegar la primavera, la hoja despert\u00f3 nuevamente, y se convirti\u00f3 en una mata de hierba.<\/span><\/p>\n<p style=\"text-align: justify;\"><span style=\"font-weight: 400; font-size: 14pt;\">Y cuando el oto\u00f1o lleg\u00f3, y la mata de hierba comenz\u00f3 a adormecerse con el sue\u00f1o invernal, las hojas del oto\u00f1o, meci\u00e9ndose en el viento, iban cayendo sobre ella. Entonces se dijo, enojada: \u00ab\u00a1Ah, estas hojas de oto\u00f1o! \u00a1Cu\u00e1nto ruido hacen! \u00a1Espantan a todos mis sue\u00f1os invernales!\u00bb<\/span><\/p>\n<p style=\"text-align: center;\"><span style=\"font-size: 18pt; color: #008000;\"><strong>*******<\/strong><\/span><\/p>\n<p><img loading=\"lazy\" decoding=\"async\" class=\"aligncenter wp-image-2054007\" src=\"https:\/\/puntocritico.com\/ausajpuntocritico\/wp-content\/uploads\/2021\/03\/tiempo.jpg\" alt=\"\" width=\"440\" height=\"330\" data-id=\"2054007\" srcset=\"https:\/\/puntocritico.com\/ausajpuntocritico\/wp-content\/uploads\/2021\/03\/tiempo.jpg 500w, https:\/\/puntocritico.com\/ausajpuntocritico\/wp-content\/uploads\/2021\/03\/tiempo-300x225.jpg 300w, https:\/\/puntocritico.com\/ausajpuntocritico\/wp-content\/uploads\/2021\/03\/tiempo-326x245.jpg 326w, https:\/\/puntocritico.com\/ausajpuntocritico\/wp-content\/uploads\/2021\/03\/tiempo-80x60.jpg 80w\" sizes=\"auto, (max-width: 440px) 100vw, 440px\" \/><\/p>\n<p>&nbsp;<\/p>\n<p style=\"text-align: center;\"><strong><span style=\"font-size: 14pt;\">EL OJO<\/span><\/strong><\/p>\n<p>&nbsp;<\/p>\n<p style=\"text-align: justify;\"><span style=\"font-weight: 400; font-size: 14pt;\">Un d\u00eda dijo el Ojo:<\/span><\/p>\n<p style=\"text-align: justify;\"><span style=\"font-weight: 400; font-size: 14pt;\">-M\u00e1s all\u00e1 de estos valles veo una monta\u00f1a envuelta en azul velo de niebla. \u00bfNo es hermosa? El O\u00eddo oy\u00f3 esto, y tras escuchar atentamente otro rato, dijo:<\/span><\/p>\n<p style=\"text-align: justify;\"><span style=\"font-weight: 400; font-size: 14pt;\">-Pero; \u00bfd\u00f3nde est\u00e1 esa monta\u00f1a? No la oigo&#8230; Luego, la Mano habl\u00f3, y dijo:<\/span><\/p>\n<p style=\"text-align: justify;\"><span style=\"font-weight: 400; font-size: 14pt;\">-En vano trato de sentirla o tocarla; no encuentro ninguna monta\u00f1a. Y la Nariz dijo:<\/span><\/p>\n<p style=\"text-align: justify;\"><span style=\"font-weight: 400; font-size: 14pt;\">-No hay ninguna monta\u00f1a por aqu\u00ed; no la huelo.<\/span><\/p>\n<p style=\"text-align: justify;\"><span style=\"font-size: 14pt;\"><span style=\"font-weight: 400;\">Luego, el Ojo se volvi\u00f3 hacia el otro lado, y los dem\u00e1s sentidos empezaron a murmurar de la extra\u00f1a alucinaci\u00f3n del Ojo. Y dec\u00edan entre s\u00ed: \u00bb \u00a1Algo debe de andar mal en el Ojo!\u00bb.<\/span><span style=\"font-weight: 400;\"><br \/>\n<\/span><\/span><\/p>\n<p style=\"text-align: center;\"><span style=\"font-size: 18pt; color: #008000;\"><strong>*******<\/strong><\/span><\/p>\n<p><img loading=\"lazy\" decoding=\"async\" class=\"aligncenter wp-image-2054058\" src=\"https:\/\/puntocritico.com\/ausajpuntocritico\/wp-content\/uploads\/2021\/03\/Los-dos-eruditos-rabinos.jpg\" alt=\"\" width=\"360\" height=\"408\" data-id=\"2054058\" srcset=\"https:\/\/puntocritico.com\/ausajpuntocritico\/wp-content\/uploads\/2021\/03\/Los-dos-eruditos-rabinos.jpg 454w, https:\/\/puntocritico.com\/ausajpuntocritico\/wp-content\/uploads\/2021\/03\/Los-dos-eruditos-rabinos-264x300.jpg 264w\" sizes=\"auto, (max-width: 360px) 100vw, 360px\" \/><\/p>\n<p>&nbsp;<\/p>\n<p style=\"text-align: center;\"><strong><span style=\"font-size: 14pt;\">LOS DOS ERUDITOS<\/span><\/strong><\/p>\n<p>&nbsp;<\/p>\n<p style=\"text-align: justify;\"><span style=\"font-weight: 400; font-size: 14pt;\">Viv\u00edan en la antigua ciudad de Aflcar dos eruditos que odiaban y despreciaban cada uno el saber del otro: Porque uno de ellos negaba que los dioses existieran, y el otro era creyente.<\/span><\/p>\n<p style=\"text-align: justify;\"><span style=\"font-weight: 400; font-size: 14pt;\">Un d\u00eda ambos se encontraron en el mercado, y en medio de sus partidarios empezaron a discutir acerca de la existencia o de la no existencia de los dioses. Y separ\u00e1ronse tras horas de acalorada disputa.<\/span><\/p>\n<p style=\"text-align: justify;\"><span style=\"font-weight: 400; font-size: 14pt;\">Aquella noche, el incr\u00e9dulo fue al templo y se postr\u00f3 ante el altar, y pidi\u00f3 a los dioses que le perdonaran su antigua impiedad.<\/span><\/p>\n<p style=\"text-align: justify;\"><span style=\"font-weight: 400; font-size: 14pt;\">Y a la misma hora, el otro erudito, el que hab\u00eda defendido la existencia de los dioses, quem\u00f3 todos sus libros sagrados, pues se hab\u00eda convertido en incr\u00e9dulo.<\/span><\/p>\n<p style=\"text-align: center;\"><span style=\"font-size: 18pt; color: #008000;\"><strong>*******<\/strong><\/span><\/p>\n<p><img loading=\"lazy\" decoding=\"async\" class=\"aligncenter wp-image-2054055\" src=\"https:\/\/puntocritico.com\/ausajpuntocritico\/wp-content\/uploads\/2021\/03\/CUANDO-NACI\u00d3-MI-TRISTEZA.jpg\" alt=\"\" width=\"440\" height=\"295\" data-id=\"2054055\" srcset=\"https:\/\/puntocritico.com\/ausajpuntocritico\/wp-content\/uploads\/2021\/03\/CUANDO-NACI\u00d3-MI-TRISTEZA.jpg 700w, https:\/\/puntocritico.com\/ausajpuntocritico\/wp-content\/uploads\/2021\/03\/CUANDO-NACI\u00d3-MI-TRISTEZA-300x201.jpg 300w, https:\/\/puntocritico.com\/ausajpuntocritico\/wp-content\/uploads\/2021\/03\/CUANDO-NACI\u00d3-MI-TRISTEZA-610x410.jpg 610w\" sizes=\"auto, (max-width: 440px) 100vw, 440px\" \/><\/p>\n<p>&nbsp;<\/p>\n<p style=\"text-align: center;\"><strong><span style=\"font-size: 14pt;\">CUANDO NACI\u00d3 MI TRISTEZA<\/span><\/strong><\/p>\n<p>&nbsp;<\/p>\n<p style=\"text-align: justify;\"><span style=\"font-weight: 400; font-size: 14pt;\">Cuando naci\u00f3 mi Tristeza, le prodigu\u00e9 mil cuidados, y la vigil\u00e9 con amorosa ternura.<\/span><\/p>\n<p style=\"text-align: justify;\"><span style=\"font-weight: 400; font-size: 14pt;\">Y mi Tristeza creci\u00f3 como todos los seres vivientes, fuerte y hermosa y llena de maravillosas gracias.<\/span><\/p>\n<p style=\"text-align: justify;\"><span style=\"font-weight: 400; font-size: 14pt;\">Y mi tristeza y yo nos am\u00e1bamos, y am\u00e1bamos al mundo que nos rodeaba. Pues mi Tristeza era de coraz\u00f3n bondadoso, y el m\u00edo tambi\u00e9n era amable cuando estaba lleno de Tristeza.<\/span><\/p>\n<p style=\"text-align: justify;\"><span style=\"font-weight: 400; font-size: 14pt;\">Y cuando habl\u00e1bamos, mi Tristeza y yo, nuestros d\u00edas eran alados y nuestras noches estaban engalanadas de sue\u00f1os; porque mi Tristeza era elocuente, y mi lengua tambi\u00e9n era elocuente con la Tristeza.<\/span><\/p>\n<p style=\"text-align: justify;\"><span style=\"font-weight: 400; font-size: 14pt;\">Y cuando mi Tristeza y yo cant\u00e1bamos juntos, nuestros vecinos sent\u00e1banse a la ventana a escucharnos; pues nuestros cantos eran profundos como el mar, y nuestras melod\u00edas estaban impregnadas de extra\u00f1os recuerdos.<\/span><\/p>\n<p style=\"text-align: justify;\"><span style=\"font-weight: 400; font-size: 14pt;\">Y cuando camin\u00e1bamos juntos, mi tristeza y yo, la gente nos miraba con amables ojos, y cuchicheaba con extremada dulzura. Y tambi\u00e9n hab\u00eda quien nos envidiara, pues mi Tristeza era un ser noble, y yo me sent\u00eda orgulloso de mi Tristeza. Pero muri\u00f3 mi Tristeza, como todo ser viviente, y me qued\u00e9 solo, con mis reflexiones.<\/span><\/p>\n<p style=\"text-align: justify;\"><span style=\"font-weight: 400; font-size: 14pt;\">Y ahora, cuando hablo, mis palabras suenan pesadas en mis o\u00eddos. Y cuando canto, mis vecinos ya no escuchan mis canciones.<\/span><\/p>\n<p style=\"text-align: justify;\"><span style=\"font-weight: 400; font-size: 14pt;\">Y cuando camino solo por la calle, ya nadie me mira. S\u00f3lo en sue\u00f1os oigo voces que dicen compadecidas: \u00ab<em>Mirad: all\u00ed yace el hombre al que se le muri\u00f3 su Tristeza<\/em>\u00ab.<\/span><\/p>\n<p style=\"text-align: center;\"><span style=\"font-size: 18pt; color: #008000;\"><strong>*******<\/strong><\/span><\/p>\n<p><img loading=\"lazy\" decoding=\"async\" class=\"aligncenter size-full wp-image-2054054\" src=\"https:\/\/puntocritico.com\/ausajpuntocritico\/wp-content\/uploads\/2021\/03\/Y-CUANDO-NACI\u00d3-MI-ALEGR\u00cdA.jpg\" alt=\"\" width=\"480\" height=\"360\" data-id=\"2054054\" srcset=\"https:\/\/puntocritico.com\/ausajpuntocritico\/wp-content\/uploads\/2021\/03\/Y-CUANDO-NACI\u00d3-MI-ALEGR\u00cdA.jpg 480w, https:\/\/puntocritico.com\/ausajpuntocritico\/wp-content\/uploads\/2021\/03\/Y-CUANDO-NACI\u00d3-MI-ALEGR\u00cdA-300x225.jpg 300w, https:\/\/puntocritico.com\/ausajpuntocritico\/wp-content\/uploads\/2021\/03\/Y-CUANDO-NACI\u00d3-MI-ALEGR\u00cdA-326x245.jpg 326w, https:\/\/puntocritico.com\/ausajpuntocritico\/wp-content\/uploads\/2021\/03\/Y-CUANDO-NACI\u00d3-MI-ALEGR\u00cdA-80x60.jpg 80w\" sizes=\"auto, (max-width: 480px) 100vw, 480px\" \/><\/p>\n<p>&nbsp;<\/p>\n<p style=\"text-align: center;\"><strong><span style=\"font-size: 14pt;\">Y CUANDO NACI\u00d3 MI ALEGR\u00cdA&#8230;<\/span><\/strong><\/p>\n<p>&nbsp;<\/p>\n<p style=\"text-align: justify;\"><span style=\"font-weight: 400; font-size: 14pt;\">Y cuando naci\u00f3 mi Alegr\u00eda, la alc\u00e9 en brazos y sub\u00ed con ella a la azotea de mi casa, a gritar:<\/span><\/p>\n<p><span style=\"font-weight: 400; font-size: 14pt;\">-\u00a1Venid, vecinos! \u00a1Venid a ver! Porque hoy ha nacido mi Alegr\u00eda: venid a contemplar este ser placentero que r\u00ede bajo el sol.<\/span><\/p>\n<p style=\"text-align: justify;\"><span style=\"font-weight: 400; font-size: 14pt;\">Pero qu\u00e9 grande mi sorpresa porque ning\u00fan vecino m\u00edo acudi\u00f3 a contemplar mi Alegr\u00eda.<\/span><\/p>\n<p style=\"text-align: justify;\"><span style=\"font-weight: 400; font-size: 14pt;\">Y todos los d\u00edas, durante siete lunas, proclam\u00e9 el advenimiento de mi Alegr\u00eda desde la azotea de mi casa, pero nadie quiso escucharme. Y mi Alegr\u00eda y yo est\u00e1bamos solos, sin nadie que fuera a visitarnos.<\/span><\/p>\n<p style=\"text-align: justify;\"><span style=\"font-weight: 400; font-size: 14pt;\">Luego, mi Alegr\u00eda palideci\u00f3 y enferm\u00f3 de hast\u00edo, pues s\u00f3lo yo gozaba de su hermosura, y s\u00f3lo mis labios besaban sus labios.<\/span><\/p>\n<p style=\"text-align: justify;\"><span style=\"font-weight: 400; font-size: 14pt;\">Luego, mi Alegr\u00eda muri\u00f3, de soledad y aislamiento.<\/span><\/p>\n<p style=\"text-align: justify;\"><span style=\"font-weight: 400; font-size: 14pt;\">Y ahora s\u00f3lo recuerdo a mi muerta Alegr\u00eda al recordar a mi muerta Tristeza. Pero el recuerdo es una hoja de oto\u00f1o que susurra un instante en el viento, y luego no vuelve a o\u00edrse m\u00e1s.<\/span><\/p>\n<p style=\"text-align: center;\"><span style=\"font-size: 18pt; color: #008000;\"><strong>*******<\/strong><\/span><\/p>\n<p><img loading=\"lazy\" decoding=\"async\" class=\"aligncenter wp-image-2054051\" src=\"https:\/\/puntocritico.com\/ausajpuntocritico\/wp-content\/uploads\/2021\/03\/El-mundo-perfecto.jpg\" alt=\"\" width=\"460\" height=\"396\" data-id=\"2054051\" srcset=\"https:\/\/puntocritico.com\/ausajpuntocritico\/wp-content\/uploads\/2021\/03\/El-mundo-perfecto.jpg 535w, https:\/\/puntocritico.com\/ausajpuntocritico\/wp-content\/uploads\/2021\/03\/El-mundo-perfecto-300x258.jpg 300w\" sizes=\"auto, (max-width: 460px) 100vw, 460px\" \/><\/p>\n<p>&nbsp;<\/p>\n<p style=\"text-align: center;\"><strong><span style=\"font-size: 14pt;\">\u00abEL MUNDO PERFECTO\u00bb<\/span><\/strong><\/p>\n<p>&nbsp;<\/p>\n<p style=\"text-align: justify;\"><span style=\"font-weight: 400; font-size: 14pt;\">Dios de las almas perdidas, t\u00fa que est\u00e1s perdido entre los dioses, esc\u00fachame: Vivo entre una raza de hombres perfecta, yo, el m\u00e1s imperfecto de los hombres.<\/span><\/p>\n<p style=\"text-align: justify;\"><span style=\"font-size: 14pt;\"><span style=\"font-weight: 400;\">Yo, un caos humano, nebulosa de confusos elementos, deambulo entre mundos perfectamente acabados; entre pueblos que se rigen por leyes bien elaboradas y que obedecen un orden puro, cuyos\u00a0<\/span><\/span><span style=\"font-weight: 400; font-size: 14pt;\">pensamientos est\u00e1n catalogados, cuyos sue\u00f1os son ordenados, y cuyas visiones est\u00e1n inscritas y registradas.<\/span><\/p>\n<p style=\"text-align: justify;\"><span style=\"font-weight: 400; font-size: 14pt;\">Sus virtudes, \u00a1oh Dios!, est\u00e1n medidas, sus pecados est\u00e1n bien calculados por su peso, y aun los innumerables actos que suceden en el nebuloso crep\u00fasculo de lo que no es pecado ni virtud est\u00e1n registrados y catalogados.<\/span><\/p>\n<p style=\"text-align: justify;\"><span style=\"font-weight: 400; font-size: 14pt;\">En este mundo, las noches y los d\u00edas est\u00e1n convenientemente divididos en estaciones de conducta y est\u00e1n gobernados por normas de impecable exactitud.<\/span><\/p>\n<p style=\"text-align: justify;\"><span style=\"font-weight: 400; font-size: 14pt;\">Comer, beber, dormir, cubrir la propia desnudez, y luego cansarse, todo a su debido tiempo. Trabajar, jugar, cantar, bailar, y luego yacer tranquilo, cuando el reloj da la hora para ello.<\/span><\/p>\n<p style=\"text-align: justify;\"><span style=\"font-weight: 400; font-size: 14pt;\">Pensar esto, sentir aquello, y luego dejar de pensar y de sentir cuando cierta estrella se alza en el horizonte.<\/span><\/p>\n<p style=\"text-align: justify;\"><span style=\"font-weight: 400; font-size: 14pt;\">Robar al vecino con una sonrisa, dar regalos con un gracioso adem\u00e1n, elogiar prudentemente, acusar con cautela, destruir un alma con una palabra, quemar un cuerpo con el aliento, y luego lavarse las manos, cuando se ha terminado el trabajo del d\u00eda.<\/span><\/p>\n<p style=\"text-align: justify;\"><span style=\"font-weight: 400; font-size: 14pt;\">Amar seg\u00fan el orden establecido, entretenerse en lo mejor de uno mismo seg\u00fan cierta manera prefabricada, rendir culto a los dioses con el debido decoro, intrigar y enga\u00f1ar a los demonios diestramente, y luego olvidarlo todo, como si la memoria hubiese muerto.<\/span><\/p>\n<p style=\"text-align: justify;\"><span style=\"font-weight: 400; font-size: 14pt;\">Imaginar con un motivo determinado; proyectar con consideraci\u00f3n; ser feliz dulcemente; sufrir con nobleza; y luego, vaciar la copa, de manera que ma\u00f1ana podamos llenarla otra vez.<\/span><\/p>\n<p style=\"text-align: justify;\"><span style=\"font-weight: 400; font-size: 14pt;\">Todas estas cosas, \u00a1oh Dios!\u00a1, est\u00e1n concebidas con preclara visi\u00f3n, han nacido con un prop\u00f3sito firme, se mantienen con esmero y exactitud, se gobiernan seg\u00fan las normas y la raz\u00f3n, y luego se asesinan y se entierran seg\u00fan el m\u00e9todo prescrito. Y aun sus silenciosas tumbas que yacen dentro del alma humana, cada una tiene su marca y su n\u00famero.<\/span><\/p>\n<p style=\"text-align: justify;\"><span style=\"font-weight: 400; font-size: 14pt;\">Es un mundo perfecto; de maravillas; el m\u00e1s maduro fruto del jard\u00edn de Dios; el pensamiento rector del universo.<\/span><\/p>\n<p style=\"text-align: justify;\"><span style=\"font-weight: 400; font-size: 14pt;\">Pero dime, \u00a1oh Dios!, \u00bfpor qu\u00e9 tengo que estar all\u00ed, yo, semilla de pasi\u00f3n insatisfecha, loca tempestad que no va en pos del oriente ni del occidente, aturdido fragmento de un planeta que pereci\u00f3 en las llamas?<\/span><\/p>\n<p style=\"text-align: justify;\"><span style=\"font-weight: 400; font-size: 14pt;\">\u00bfPor qu\u00e9 estoy aqu\u00ed, \u00a1oh Dios! de las almas perdidas? D\u00edmelo t\u00fa, oh Dios, que te encuentras perdido entre los dem\u00e1s dioses&#8230;<\/span><\/p>\n<p>&nbsp;<\/p>\n<p style=\"text-align: center;\"><span style=\"font-size: 18pt;\"><strong>FIN<\/strong><\/span><\/p>\n<p><img loading=\"lazy\" decoding=\"async\" class=\"aligncenter size-full wp-image-2053950\" src=\"https:\/\/puntocritico.com\/ausajpuntocritico\/wp-content\/uploads\/2021\/03\/Kahlil_Gibran_1913.jpg\" alt=\"\" width=\"274\" height=\"379\" data-id=\"2053950\" srcset=\"https:\/\/puntocritico.com\/ausajpuntocritico\/wp-content\/uploads\/2021\/03\/Kahlil_Gibran_1913.jpg 274w, https:\/\/puntocritico.com\/ausajpuntocritico\/wp-content\/uploads\/2021\/03\/Kahlil_Gibran_1913-217x300.jpg 217w\" sizes=\"auto, (max-width: 274px) 100vw, 274px\" \/><\/p>\n<p style=\"text-align: center;\"><span style=\"color: #008000;\"><strong><span style=\"font-size: 18pt;\">*******<\/span><\/strong><\/span><\/p>\n<p style=\"text-align: justify;\"><strong><span style=\"font-size: 14pt;\">RELACIONADOS:<\/span><\/strong><\/p>\n<blockquote class=\"wp-embedded-content\" data-secret=\"mm8RCSy7w8\"><p><a href=\"https:\/\/puntocritico.com\/ausajpuntocritico\/2021\/03\/11\/el-loco-de-khalil-gibran-i\/\">\u00abEL LOCO\u00bb, de Khalil Gibran (I).<\/a><\/p><\/blockquote>\n<p><iframe loading=\"lazy\" class=\"wp-embedded-content\" sandbox=\"allow-scripts\" security=\"restricted\" style=\"position: absolute; clip: rect(1px, 1px, 1px, 1px);\" title=\"\u00ab\u00abEL LOCO\u00bb, de Khalil Gibran (I).\u00bb \u2014 Punto Cr\u00edtico Derechos Humanos\" src=\"https:\/\/puntocritico.com\/ausajpuntocritico\/2021\/03\/11\/el-loco-de-khalil-gibran-i\/embed\/#?secret=vTOBz1dPHu#?secret=mm8RCSy7w8\" data-secret=\"mm8RCSy7w8\" width=\"500\" height=\"282\" frameborder=\"0\" marginwidth=\"0\" marginheight=\"0\" scrolling=\"no\"><\/iframe><\/p>\n<blockquote class=\"wp-embedded-content\" data-secret=\"8ZFnubKBzt\"><p><a href=\"https:\/\/puntocritico.com\/ausajpuntocritico\/2020\/09\/15\/eso-que-llamais-libertad-por-khalil-gibran-y-si-es-un-miedo-el-que-quereis-borrar-el-lugar-de-ese-miedo-esta-en-vuestro-corazon-y-no-en-el-puno-del-ser-temido\/\">ESO QUE LLAM\u00c1IS LIBERTAD, por Khalil Gibran. \u00abY si es un miedo el que quer\u00e9is borrar, el lugar de ese miedo est\u00e1 en vuestro coraz\u00f3n y no en el pu\u00f1o del ser temido\u00bb<\/a><\/p><\/blockquote>\n<p><iframe loading=\"lazy\" class=\"wp-embedded-content\" sandbox=\"allow-scripts\" security=\"restricted\" style=\"position: absolute; clip: rect(1px, 1px, 1px, 1px);\" title=\"\u00abESO QUE LLAM\u00c1IS LIBERTAD, por Khalil Gibran. \u00abY si es un miedo el que quer\u00e9is borrar, el lugar de ese miedo est\u00e1 en vuestro coraz\u00f3n y no en el pu\u00f1o del ser temido\u00bb\u00bb \u2014 Punto Cr\u00edtico Derechos Humanos\" src=\"https:\/\/puntocritico.com\/ausajpuntocritico\/2020\/09\/15\/eso-que-llamais-libertad-por-khalil-gibran-y-si-es-un-miedo-el-que-quereis-borrar-el-lugar-de-ese-miedo-esta-en-vuestro-corazon-y-no-en-el-puno-del-ser-temido\/embed\/#?secret=XNP9F49Htm#?secret=8ZFnubKBzt\" data-secret=\"8ZFnubKBzt\" width=\"500\" height=\"282\" frameborder=\"0\" marginwidth=\"0\" marginheight=\"0\" scrolling=\"no\"><\/iframe><\/p>\n<blockquote class=\"wp-embedded-content\" data-secret=\"Fm3sirzKel\"><p><a href=\"https:\/\/puntocritico.com\/ausajpuntocritico\/2019\/09\/24\/khalil-gibran-tres-poemas\/\">KHALIL GIBRAN \u2013 Tres poemas<\/a><\/p><\/blockquote>\n<p><iframe loading=\"lazy\" class=\"wp-embedded-content\" sandbox=\"allow-scripts\" security=\"restricted\" style=\"position: absolute; clip: rect(1px, 1px, 1px, 1px);\" title=\"\u00abKHALIL GIBRAN \u2013 Tres poemas\u00bb \u2014 Punto Cr\u00edtico Derechos Humanos\" src=\"https:\/\/puntocritico.com\/ausajpuntocritico\/2019\/09\/24\/khalil-gibran-tres-poemas\/embed\/#?secret=feMgzwc24x#?secret=Fm3sirzKel\" data-secret=\"Fm3sirzKel\" width=\"500\" height=\"282\" frameborder=\"0\" marginwidth=\"0\" marginheight=\"0\" scrolling=\"no\"><\/iframe><\/p>\n<p>&nbsp;<\/p>\n<p>&nbsp;<\/p>\n<p><img loading=\"lazy\" decoding=\"async\" class=\"aligncenter size-full wp-image-9528\" src=\"https:\/\/puntocritico.com\/ausajpuntocritico\/wp-content\/uploads\/2018\/03\/Mosca_Punto_Cr\u00edtico_40.png\" alt=\"\" width=\"50\" height=\"50\" data-id=\"9528\" \/><\/p>\n<p>&nbsp;<\/p>\n","protected":false},"excerpt":{"rendered":"<div class=\"mh-excerpt\"><p>\u00abEL LOCO\u00bb, de Khalil Gibran (y II) \u00a0 &nbsp; EL MAR MAYOR &nbsp; Mi alma y yo fuimos a ba\u00f1arnos al gran mar. Y al llegar a la playa, empezamos a buscar un sitio solitario <a class=\"mh-excerpt-more\" href=\"https:\/\/puntocritico.com\/ausajpuntocritico\/2021\/03\/18\/el-loco-de-khalil-gibran-y-ii\/\" title=\"\u00abEL LOCO\u00bb, de Khalil Gibran (y II).\">[&#8230;]<\/a><\/p>\n<\/div>","protected":false},"author":3,"featured_media":2054080,"comment_status":"open","ping_status":"closed","sticky":false,"template":"","format":"standard","meta":{"_acf_changed":false,"_exactmetrics_skip_tracking":false,"_exactmetrics_sitenote_active":false,"_exactmetrics_sitenote_note":"","_exactmetrics_sitenote_category":0,"footnotes":""},"categories":[15],"tags":[41],"class_list":{"0":"post-2002924","1":"post","2":"type-post","3":"status-publish","4":"format-standard","5":"has-post-thumbnail","7":"category-sabiduria_perenne","8":"tag-khalil-gibran"},"acf":[],"_links":{"self":[{"href":"https:\/\/puntocritico.com\/ausajpuntocritico\/wp-json\/wp\/v2\/posts\/2002924","targetHints":{"allow":["GET"]}}],"collection":[{"href":"https:\/\/puntocritico.com\/ausajpuntocritico\/wp-json\/wp\/v2\/posts"}],"about":[{"href":"https:\/\/puntocritico.com\/ausajpuntocritico\/wp-json\/wp\/v2\/types\/post"}],"author":[{"embeddable":true,"href":"https:\/\/puntocritico.com\/ausajpuntocritico\/wp-json\/wp\/v2\/users\/3"}],"replies":[{"embeddable":true,"href":"https:\/\/puntocritico.com\/ausajpuntocritico\/wp-json\/wp\/v2\/comments?post=2002924"}],"version-history":[{"count":0,"href":"https:\/\/puntocritico.com\/ausajpuntocritico\/wp-json\/wp\/v2\/posts\/2002924\/revisions"}],"wp:featuredmedia":[{"embeddable":true,"href":"https:\/\/puntocritico.com\/ausajpuntocritico\/wp-json\/wp\/v2\/media\/2054080"}],"wp:attachment":[{"href":"https:\/\/puntocritico.com\/ausajpuntocritico\/wp-json\/wp\/v2\/media?parent=2002924"}],"wp:term":[{"taxonomy":"category","embeddable":true,"href":"https:\/\/puntocritico.com\/ausajpuntocritico\/wp-json\/wp\/v2\/categories?post=2002924"},{"taxonomy":"post_tag","embeddable":true,"href":"https:\/\/puntocritico.com\/ausajpuntocritico\/wp-json\/wp\/v2\/tags?post=2002924"}],"curies":[{"name":"wp","href":"https:\/\/api.w.org\/{rel}","templated":true}]}}