{"id":2002597,"date":"2021-03-11T00:05:47","date_gmt":"2021-03-10T23:05:47","guid":{"rendered":"https:\/\/puntocritico.com\/ausajpuntocritico\/?p=2002597"},"modified":"2022-04-12T12:13:53","modified_gmt":"2022-04-12T10:13:53","slug":"el-loco-de-khalil-gibran-i","status":"publish","type":"post","link":"https:\/\/puntocritico.com\/ausajpuntocritico\/2021\/03\/11\/el-loco-de-khalil-gibran-i\/","title":{"rendered":"\u00abEL LOCO\u00bb, de Khalil Gibran (I)."},"content":{"rendered":"<blockquote>\n<p>&nbsp;<\/p>\n<figure id=\"attachment_2002655\" aria-describedby=\"caption-attachment-2002655\" style=\"width: 250px\" class=\"wp-caption aligncenter\"><img loading=\"lazy\" decoding=\"async\" class=\"size-full wp-image-2002655\" src=\"https:\/\/puntocritico.com\/ausajpuntocritico\/wp-content\/uploads\/2021\/03\/khalil-Gibran-1.jpg\" alt=\"\" width=\"250\" height=\"371\" data-id=\"2002655\" srcset=\"https:\/\/puntocritico.com\/ausajpuntocritico\/wp-content\/uploads\/2021\/03\/khalil-Gibran-1.jpg 250w, https:\/\/puntocritico.com\/ausajpuntocritico\/wp-content\/uploads\/2021\/03\/khalil-Gibran-1-202x300.jpg 202w\" sizes=\"auto, (max-width: 250px) 100vw, 250px\" \/><figcaption id=\"caption-attachment-2002655\" class=\"wp-caption-text\"><span style=\"color: #008000;\">Khalil Gibran<\/span><\/figcaption><\/figure>\n<p>&nbsp;<\/p>\n<p style=\"text-align: center;\"><strong><span style=\"font-size: 18pt;\">EL LOCO (1918)<\/span><\/strong><\/p>\n<p>&nbsp;<\/p>\n<p style=\"text-align: justify;\"><span style=\"font-size: 14pt;\"><i><span style=\"font-weight: 400;\">Me pregunt\u00e1is como me volv\u00ed loco. As\u00ed sucedi\u00f3:<\/span><\/i><\/span><\/p>\n<p style=\"text-align: justify;\"><span style=\"font-size: 14pt;\"><i><span style=\"font-weight: 400;\">Un d\u00eda, mucho antes de que nacieran los dioses, despert\u00e9 de un profundo \u00a0 sue\u00f1o y descubr\u00ed que me hab\u00edan robado todas mis m\u00e1scaras -si; las siete m\u00e1scaras que yo mismo \u00a0 me \u00a0 hab\u00eda confeccionado, y que llev\u00e9 en siete vidas distintas-; corr\u00ed sin m\u00e1scara por las calles atestadas de gente, gritando:<\/span><\/i><\/span><\/p>\n<p style=\"text-align: justify;\"><span style=\"font-weight: 400; font-size: 14pt;\">-\u00a1Ladrones! \u00a1Ladrones! \u00a1Malditos\u00a0 ladrones!<\/span><\/p>\n<p style=\"text-align: justify;\"><span style=\"font-size: 14pt;\"><i><span style=\"font-weight: 400;\">Hombres y mujeres se re\u00edan de m\u00ed, y al verme, varias personas, llenas de espanto, corrieron a refugiarse en sus casas. <\/span><\/i><span style=\"font-weight: 400;\">Y <\/span><i><span style=\"font-weight: 400;\">cuando llegu\u00e9 a la plaza del mercado, un joven, de pie en la azotea de su casa, se\u00f1al\u00e1ndome grit\u00f3:<\/span><\/i><\/span><\/p>\n<p style=\"text-align: justify;\"><span style=\"font-weight: 400; font-size: 14pt;\">-Miren! \u00a1Es un loco!<\/span><\/p>\n<p style=\"text-align: justify;\"><span style=\"font-size: 14pt;\"><i><span style=\"font-weight: 400;\">Alc\u00e9 la cabeza para ver qui\u00e9n gritaba, y por vez primera el sol bes\u00f3 mi desnudo rostro, y mi alma se inflam\u00f3 de amor al sol, y ya no quise tener m\u00e1scaras. Y como si fuera presa de un trance, grit\u00e9:<\/span><\/i><\/span><\/p>\n<p style=\"text-align: justify;\"><span style=\"font-weight: 400; font-size: 14pt;\">-\u00a1Benditos! \u00a1Benditos sean los ladrones que me robaron mis m\u00e1scaras!<\/span><\/p>\n<p style=\"text-align: justify;\"><span style=\"font-size: 14pt;\"><i><span style=\"font-weight: 400;\">As\u00ed fue que me convert\u00ed en un loco.<\/span><\/i><\/span><\/p>\n<p style=\"text-align: justify;\"><span style=\"font-size: 14pt;\"><i><span style=\"font-weight: 400;\">Y en mi locura he hallado libertad y seguridad; la libertad de la soledad y la seguridad de no ser comprendido, pues quienes nos comprenden esclavizan una parte de nuestro ser.<\/span><\/i><\/span><\/p>\n<p style=\"text-align: justify;\"><span style=\"font-size: 14pt;\"><i><span style=\"font-weight: 400;\">Pero no dej\u00e9is que me enorgullezca demasiado de mi seguridad; \u00a0 ni \u00a0 siquiera \u00a0 el \u00a0 ladr\u00f3n encarcelado est\u00e1 a salvo de otro ladr\u00f3n.<\/span><\/i><\/span><\/p>\n<p style=\"text-align: justify;\">\u00a0<\/p>\n<p><img loading=\"lazy\" decoding=\"async\" class=\"aligncenter size-full wp-image-2002642\" src=\"https:\/\/puntocritico.com\/ausajpuntocritico\/wp-content\/uploads\/2021\/03\/El-loco-KG.jpg\" alt=\"\" width=\"650\" height=\"400\" data-id=\"2002642\" srcset=\"https:\/\/puntocritico.com\/ausajpuntocritico\/wp-content\/uploads\/2021\/03\/El-loco-KG.jpg 650w, https:\/\/puntocritico.com\/ausajpuntocritico\/wp-content\/uploads\/2021\/03\/El-loco-KG-300x185.jpg 300w, https:\/\/puntocritico.com\/ausajpuntocritico\/wp-content\/uploads\/2021\/03\/El-loco-KG-610x375.jpg 610w\" sizes=\"auto, (max-width: 650px) 100vw, 650px\" \/><\/p>\n<\/blockquote>\n<p style=\"text-align: center;\"><span style=\"color: #008000;\"><strong><span style=\"font-size: 18pt;\">*******<\/span><\/strong><\/span><\/p>\n<p style=\"text-align: center;\"><span style=\"font-size: 18pt;\"><strong>DIOS<\/strong><\/span><\/p>\n<p style=\"text-align: justify;\">\u00a0<\/p>\n<p style=\"text-align: justify;\"><span style=\"font-weight: 400; font-size: 14pt;\">En los d\u00edas de mi m\u00e1s remota antig\u00fcedad, cuando el temblor primero del habla lleg\u00f3 a mis labios, sub\u00ed a la monta\u00f1a santa y habl\u00e9 a Dios, dici\u00e9ndole:<\/span><\/p>\n<p style=\"text-align: justify;\"><span style=\"font-size: 14pt;\"><i><span style=\"font-weight: 400;\">-Amo, soy tu esclavo. Tu oculta voluntad es mi ley, y te obedecer\u00e9 por siempre jam\u00e1s.<\/span><\/i><\/span><\/p>\n<p style=\"text-align: justify;\"><span style=\"font-weight: 400; font-size: 14pt;\">Pero Dios no me contest\u00f3, y pas\u00f3 de largo como una potente borrasca.<\/span><\/p>\n<p style=\"text-align: justify;\"><span style=\"font-weight: 400; font-size: 14pt;\">Y mil a\u00f1os despu\u00e9s volv\u00ed a subir a la monta\u00f1a santa, y volv\u00ed a hablar a Dios, dici\u00e9ndole:<\/span><\/p>\n<p style=\"text-align: justify;\"><span style=\"font-size: 14pt;\"><i><span style=\"font-weight: 400;\">-Creador m\u00edo, soy tu criatura. Me hiciste de barro, y te debo todo cuanto soy.<\/span><\/i><\/span><\/p>\n<p style=\"text-align: justify;\"><span style=\"font-weight: 400; font-size: 14pt;\">Y Dios no contest\u00f3; pas\u00f3 de largo como mil alas en presuroso vuelo.<\/span><\/p>\n<p style=\"text-align: justify;\"><span style=\"font-weight: 400; font-size: 14pt;\">Y mil a\u00f1os despu\u00e9s volv\u00ed a escalar la monta\u00f1a santa, y habl\u00e9 a Dios nuevamente, dici\u00e9ndole:<\/span><\/p>\n<p style=\"text-align: justify;\"><span style=\"font-size: 14pt;\"><i><span style=\"font-weight: 400;\">-Padre, soy tu hijo. Tu piedad y tu amor me dieron vida, y mediante el amor y la adoraci\u00f3n a ti heredar\u00e9 tu Reino. <\/span><\/i><span style=\"font-weight: 400;\">Pero Dios no me contest\u00f3; pas\u00f3 de largo como la niebla que tiende un velo sobre las distantes monta\u00f1as.<\/span><\/span><\/p>\n<p style=\"text-align: justify;\"><span style=\"font-weight: 400; font-size: 14pt;\">Y mil a\u00f1os despu\u00e9s volv\u00ed a escalar la sagrada monta\u00f1a, y volv\u00ed a invocar a Dios, dici\u00e9ndole:<\/span><\/p>\n<p style=\"text-align: justify;\"><span style=\"font-size: 14pt;\"><i><span style=\"font-weight: 400;\">-\u00a1Dios m\u00edo!, mi supremo anhelo y mi plenitud, soy tu ayer y eres mi ma\u00f1ana. Soy tu ra\u00edz en la tierra y t\u00fa eres mi flor en el cielo; junto creceremos ante la faz del sol.<\/span><\/i><\/span><\/p>\n<p style=\"text-align: justify;\"><span style=\"font-weight: 400; font-size: 14pt;\">Y Dios se inclin\u00f3 hacia m\u00ed, y me susurr\u00f3 al o\u00eddo dulces palabras. Y como el mar, que abraza al arroyo que corre hasta \u00e9l, Dios me abraz\u00f3.<\/span><\/p>\n<p style=\"text-align: justify;\"><span style=\"font-weight: 400; font-size: 14pt;\">Y cuando baj\u00e9 a las planicies, y a los valles vi que Dios tambi\u00e9n estaba all\u00ed.<\/span><\/p>\n<p>&nbsp;<\/p>\n<p><img loading=\"lazy\" decoding=\"async\" class=\"aligncenter wp-image-2002714 size-mh-magazine-content\" src=\"https:\/\/puntocritico.com\/ausajpuntocritico\/wp-content\/uploads\/2021\/03\/KG-Dios-678x381.jpg\" alt=\"\" width=\"678\" height=\"381\" data-id=\"2002714\" \/><\/p>\n<p style=\"text-align: center;\"><strong><span style=\"font-size: 18pt; color: #008000;\">*******<\/span><\/strong><\/p>\n<p style=\"text-align: center;\"><strong><span style=\"font-size: 18pt;\">AMIGO M\u00cdO<\/span><\/strong><\/p>\n<p>&nbsp;<\/p>\n<p style=\"text-align: justify;\"><span style=\"font-weight: 400; font-size: 14pt;\">Amigo m\u00edo&#8230; yo no soy lo que parezco. Mi aspecto exterior no es sino un traje que llevo puesto; un traje hecho cuidadosamente, que me protege de tus preguntas, y a ti, de mi\u00a0<\/span><span style=\"font-weight: 400; font-size: 14pt;\">negligencia.<\/span><\/p>\n<p style=\"text-align: justify;\"><span style=\"font-weight: 400; font-size: 14pt;\">El \u00abyo\u00bb que hay en m\u00ed, amigo m\u00edo, mora en la casa del silencio, y all\u00ed permanecer\u00e1 para siempre, inadvertido, inabordable.<\/span><\/p>\n<p style=\"text-align: justify;\"><span style=\"font-weight: 400; font-size: 14pt;\">No quisiera que creyeras en lo que digo ni que confiaras en lo que hago, pues mis palabras no son otra cosa que tus propios pensamientos, hechos sonido, y mis hechos son tus propias esperanzas en acci\u00f3n.<\/span><\/p>\n<p style=\"text-align: justify;\"><span style=\"font-weight: 400; font-size: 14pt;\">Cuando dices: \u00abEl viento sopla hacia el oriente\u00bb, digo: \u00abS\u00ed, siempre sopla hacia el oriente\u00bb; pues no quiero que sepas entonces que mi mente no mora en el viento, sino en el mar.<\/span><\/p>\n<p style=\"text-align: justify;\"><span style=\"font-weight: 400; font-size: 14pt;\">No puedes comprender mis navegantes pensamientos, ni me interesa que los comprendas. Prefiero estar a solas en el mar.<\/span><\/p>\n<p style=\"text-align: justify;\"><span style=\"font-weight: 400; font-size: 14pt;\">Cuando es de d\u00eda para ti, amigo m\u00edo, es de noche para m\u00ed; sin embargo, todav\u00eda entonces hablo de la luz del d\u00eda que danza en las monta\u00f1as, y de la sombra purp\u00farea que se abre paso por el valle; pues no puedes o\u00edr las canciones de mi oscuridad, ni puedes ver mis alas que se agitan contra las estrellas, y no me interesa que oigas ni que veas lo que pasa en m\u00ed; prefiero estar a solas con la noche.<\/span><\/p>\n<p style=\"text-align: justify;\"><span style=\"font-weight: 400; font-size: 14pt;\">Cuando t\u00fa subes a tu Cielo yo desciendo a mi infierno. Y a\u00fan entonces me llamas a trav\u00e9s del golfo infranqueable que nos separa: \u00bb \u00a1Compa\u00f1ero! \u00a1Camarada!\u00bb Y te contesto:<\/span><\/p>\n<p style=\"text-align: justify;\"><span style=\"font-weight: 400; font-size: 14pt;\">\u00bb \u00a1Compa\u00f1ero! \u00a1Camarada!, porque no quiero que veas mi Infierno. Las llamas te cegar\u00edan, y el humo te ahogar\u00eda. Y me gusta mi Infierno; lo amo al grado de no dejar que lo visites. Prefiero estar solo en mi Infierno.<\/span><\/p>\n<p style=\"text-align: justify;\"><span style=\"font-weight: 400; font-size: 14pt;\">Tu amas la Verdad, la Belleza y lo Justo, y yo, por complacerte, digo que est\u00e1 bien, y simulo amar estas cosas. Pero en el fondo de mi coraz\u00f3n me r\u00edo de tu amor por estas entidades. Sin embargo, no te dejo ver mi risa: prefiero re\u00edr a solas.<\/span><\/p>\n<p style=\"text-align: justify;\"><span style=\"font-weight: 400; font-size: 14pt;\">Amigo m\u00edo, eres bueno, discreto y sensato; es m\u00e1s: eres perfecto. Y yo, a mi vez, hablo contigo con sensatez y discreci\u00f3n, pero&#8230; estoy loco. S\u00f3lo que enmascaro mi locura. Prefiero estar loco, a solas.<\/span><\/p>\n<p style=\"text-align: justify;\"><span style=\"font-weight: 400; font-size: 14pt;\">Amigo m\u00edo, t\u00fa no eres mi amigo. Pero, \u00bfc\u00f3mo hacer que lo comprendas? Mi senda no es tu senda y, sin embargo, caminamos juntos, tomados de la mano.<\/span><\/p>\n<p>&nbsp;<\/p>\n<p><img loading=\"lazy\" decoding=\"async\" class=\"aligncenter wp-image-2002656\" src=\"https:\/\/puntocritico.com\/ausajpuntocritico\/wp-content\/uploads\/2021\/03\/El-Loco-Gibran.jpg\" alt=\"\" width=\"360\" height=\"542\" data-id=\"2002656\" srcset=\"https:\/\/puntocritico.com\/ausajpuntocritico\/wp-content\/uploads\/2021\/03\/El-Loco-Gibran.jpg 430w, https:\/\/puntocritico.com\/ausajpuntocritico\/wp-content\/uploads\/2021\/03\/El-Loco-Gibran-199x300.jpg 199w\" sizes=\"auto, (max-width: 360px) 100vw, 360px\" \/><\/p>\n<p style=\"text-align: center;\"><strong><span style=\"font-size: 18pt; color: #008000;\">*******<\/span><\/strong><\/p>\n<p style=\"text-align: center;\"><strong><span style=\"font-size: 18pt;\">EL ESPANTAP\u00c1JAROS<\/span><\/strong><\/p>\n<p style=\"text-align: justify;\">\u00a0<\/p>\n<p style=\"text-align: justify;\"><span style=\"font-weight: 400; font-size: 14pt;\">-Debes de estar cansado de permanecer inm\u00f3vil en este solitario campo- dije un d\u00eda a un espantap\u00e1jaros.<\/span><\/p>\n<p style=\"text-align: justify;\"><span style=\"font-weight: 400; font-size: 14pt;\">-La dicha de asustar es profunda y duradera; nunca me cansa- me dijo. Tras un minuto de reflexi\u00f3n, le dije:<\/span><\/p>\n<p style=\"text-align: justify;\"><span style=\"font-weight: 400; font-size: 14pt;\">-Es verdad; pues yo tambi\u00e9n he conocido esa dicha. <\/span><\/p>\n<p style=\"text-align: justify;\"><span style=\"font-weight: 400; font-size: 14pt;\">-S\u00f3lo quienes est\u00e1n rellenos de paja pueden conocerla -me dijo.<\/span><\/p>\n<p style=\"text-align: justify;\"><span style=\"font-weight: 400; font-size: 14pt;\">Entonces, me alej\u00e9 del espantap\u00e1jaros, sin saber si me hab\u00eda elogiado o minimizado. Transcurri\u00f3 un a\u00f1o, durante el cual el espantap\u00e1jaros se convirti\u00f3 en fil\u00f3sofo.<\/span><\/p>\n<p style=\"text-align: justify;\"><span style=\"font-weight: 400; font-size: 14pt;\">Y cuando volv\u00ed a pasar junto a \u00e9l, vi que dos cuervos hab\u00edan anidado bajo su sombrero.<\/span><\/p>\n<p>&nbsp;<\/p>\n<p><img loading=\"lazy\" decoding=\"async\" class=\"aligncenter size-full wp-image-2002657\" src=\"https:\/\/puntocritico.com\/ausajpuntocritico\/wp-content\/uploads\/2021\/03\/20060825095616-scarecrow.jpg\" alt=\"\" width=\"329\" height=\"416\" data-id=\"2002657\" srcset=\"https:\/\/puntocritico.com\/ausajpuntocritico\/wp-content\/uploads\/2021\/03\/20060825095616-scarecrow.jpg 329w, https:\/\/puntocritico.com\/ausajpuntocritico\/wp-content\/uploads\/2021\/03\/20060825095616-scarecrow-237x300.jpg 237w\" sizes=\"auto, (max-width: 329px) 100vw, 329px\" \/><\/p>\n<p style=\"text-align: center;\"><strong><span style=\"font-size: 18pt; color: #008000;\">*******<\/span><\/strong><\/p>\n<p style=\"text-align: center;\"><strong><span style=\"font-size: 18pt;\">LAS SON\u00c1MBULAS<\/span><\/strong><\/p>\n<p>&nbsp;<\/p>\n<p style=\"text-align: justify;\"><span style=\"font-weight: 400; font-size: 14pt;\">En mi ciudad natal viv\u00edan una mujer y sus hija, que caminaban dormidas.<\/span><\/p>\n<p style=\"text-align: justify;\"><span style=\"font-weight: 400; font-size: 14pt;\">Una noche, mientras el silencio envolv\u00eda al mundo, la mujer y su hija caminaron dormidas hasta que se reunieron en el jard\u00edn envuelto en un velo de niebla.<\/span><\/p>\n<p style=\"text-align: justify;\"><span style=\"font-weight: 400; font-size: 14pt;\">Y la madre habl\u00f3 primero:<\/span><\/p>\n<p style=\"text-align: justify;\"><span style=\"font-weight: 400; font-size: 14pt;\">&#8211; \u00a1Al fin! -dijo-. \u00a1Al fin puedo dec\u00edrtelo, mi enemiga! \u00a1A ti, que destrozaste mi juventud, y que has vivido edificando tu vida en las ruinas de la m\u00eda! \u00a1Tengo deseos de matarte!<\/span><\/p>\n<p style=\"text-align: justify;\"><span style=\"font-weight: 400; font-size: 14pt;\">Luego, la hija habl\u00f3, en estos t\u00e9rminos:<\/span><\/p>\n<p><span style=\"font-weight: 400; font-size: 14pt;\">&#8211; \u00a1Oh mujer odiosa, ego\u00edsta .y vieja! \u00a1Te interpones entre mi lib\u00e9rrimo ego y yo! \u00a1Quisieras que mi vida fuera un eco de tu propia vida marchita! \u00a1Desear\u00edas que estuvieras muerta!<\/span><\/p>\n<p style=\"text-align: justify;\"><span style=\"font-weight: 400; font-size: 14pt;\">En aquel instante cant\u00f3 el gallo, y ambas mujeres despertaron.<\/span><\/p>\n<p style=\"text-align: justify;\"><span style=\"font-weight: 400; font-size: 14pt;\">-\u00bfEres t\u00fa, tesoro? -dijo la madre amablemente.<\/span><\/p>\n<p style=\"text-align: justify;\"><span style=\"font-weight: 400; font-size: 14pt;\">-S\u00ed; soy yo, madre querida -respondi\u00f3 la hija con la misma amabilidad.<\/span><\/p>\n<p>&nbsp;<\/p>\n<p><img loading=\"lazy\" decoding=\"async\" class=\"aligncenter wp-image-2002676 size-mh-magazine-content\" src=\"https:\/\/puntocritico.com\/ausajpuntocritico\/wp-content\/uploads\/2021\/03\/gibran_khalil_gibran-678x381.jpg\" alt=\"\" width=\"678\" height=\"381\" data-id=\"2002676\" \/><\/p>\n<p style=\"text-align: center;\"><strong><span style=\"font-size: 18pt; color: #008000;\">*******<\/span><\/strong><\/p>\n<p style=\"text-align: center;\"><span style=\"font-size: 18pt;\"><strong>EL PERRO SABIO<\/strong><\/span><\/p>\n<p>&nbsp;<\/p>\n<p style=\"text-align: justify;\"><span style=\"font-weight: 400; font-size: 14pt;\">Un d\u00eda, un perro sabio pas\u00f3 cerca de un grupo de gatos. Y viendo el perro que los gatos parec\u00edan estar absortos, hablando entre s\u00ed, y que no advert\u00edan su presencia, se detuvo a escuchar lo que dec\u00edan.<\/span><\/p>\n<p style=\"text-align: justify;\"><span style=\"font-weight: 400; font-size: 14pt;\">Se levant\u00f3 entonces, grave y circunspecto, un gran gato, observ\u00f3 a sus compa\u00f1eros.<\/span><\/p>\n<p style=\"text-align: justify;\"><span style=\"font-weight: 400; font-size: 14pt;\">-Hermanos -dijo-, orad; y cuando hay\u00e1is orado una y otra vez, y vuelto a orar, sin duda alguna llover\u00e1n ratones del cielo.<\/span><\/p>\n<p style=\"text-align: justify;\"><span style=\"font-weight: 400; font-size: 14pt;\">Al o\u00edrlo, el perro ri\u00f3 para sus adentros, y se alej\u00f3 de los gatos, diciendo:<\/span><\/p>\n<p style=\"text-align: justify;\"><span style=\"font-weight: 400; font-size: 14pt;\">-\u00a1Ciegos e insensatos felinos! \u00bfNo est\u00e1 escrito, y no lo he sabido siempre, y mis padres antes que yo que lo que llueve cuando elevamos al Cielo s\u00faplicas y plegarias son huesos, y no ratones?<\/span><\/p>\n<p>&nbsp;<\/p>\n<p><img loading=\"lazy\" decoding=\"async\" class=\"aligncenter size-full wp-image-2002736\" src=\"https:\/\/puntocritico.com\/ausajpuntocritico\/wp-content\/uploads\/2021\/03\/Perro-sabio.jpg\" alt=\"\" width=\"584\" height=\"605\" data-id=\"2002736\" srcset=\"https:\/\/puntocritico.com\/ausajpuntocritico\/wp-content\/uploads\/2021\/03\/Perro-sabio.jpg 584w, https:\/\/puntocritico.com\/ausajpuntocritico\/wp-content\/uploads\/2021\/03\/Perro-sabio-290x300.jpg 290w\" sizes=\"auto, (max-width: 584px) 100vw, 584px\" \/><\/p>\n<p style=\"text-align: center;\"><strong><span style=\"font-size: 18pt; color: #008000;\">*******<\/span><\/strong><\/p>\n<p style=\"text-align: center;\"><span style=\"font-size: 18pt;\"><strong>LOS DOS ERMITA\u00d1OS<\/strong><\/span><\/p>\n<p>&nbsp;<\/p>\n<p style=\"text-align: justify;\"><span style=\"font-weight: 400; font-size: 14pt;\">En una lejana monta\u00f1a viv\u00edan dos ermita\u00f1os que rend\u00edan culto a Dios y que se amaban uno al otro. Los dos ermita\u00f1os pose\u00edan una escudilla de barro que constitu\u00eda su \u00fanica posesi\u00f3n.<\/span><\/p>\n<p style=\"text-align: justify;\"><span style=\"font-weight: 400; font-size: 14pt;\">Un d\u00eda, un esp\u00edritu malo entr\u00f3 en el coraz\u00f3n del ermita\u00f1o m\u00e1s viejo, el cual fue a ver al m\u00e1s joven.<\/span><\/p>\n<p style=\"text-align: justify;\"><span style=\"font-weight: 400; font-size: 14pt;\">-Hace ya mucho tiempo que hemos vivido juntos -le dijo-. Ha llegado la hora de separarnos. Por tanto, dividamos nuestras posesiones.<\/span><\/p>\n<p style=\"text-align: justify;\"><span style=\"font-weight: 400; font-size: 14pt;\">Al o\u00edrlo, el ermita\u00f1o m\u00e1s joven se entristeci\u00f3.<\/span><\/p>\n<p style=\"text-align: justify;\"><span style=\"font-weight: 400; font-size: 14pt;\">-Hermano m\u00edo -dijo-, me causa pesar que tengas que dejarme. Pero si es necesario que te marches, que as\u00ed sea. Y fue por la escudilla de barro, y se la dio a su compa\u00f1ero, dici\u00e9ndole<\/span><\/p>\n<p style=\"text-align: justify;\"><span style=\"font-weight: 400; font-size: 14pt;\">-No podemos repartirla, hermano; que sea para ti.<\/span><\/p>\n<p style=\"text-align: justify;\"><span style=\"font-weight: 400; font-size: 14pt;\">-No acepto tu caridad -replic\u00f3 el otro-. No tomar\u00e9 sino lo que me pertenece. Debemos partirla. El joven razon\u00f3:<\/span><\/p>\n<p style=\"text-align: justify;\"><span style=\"font-weight: 400; font-size: 14pt;\">-Si rompemos la escudilla, \u00bfde qu\u00e9 nos servir\u00e1 a ti o a m\u00ed? Si te parece, propongo que la juguemos a suerte.<\/span><\/p>\n<p style=\"text-align: justify;\"><span style=\"font-weight: 400; font-size: 14pt;\">Pero el ermita\u00f1o persisti\u00f3 en su empe\u00f1o.<\/span><\/p>\n<p style=\"text-align: justify;\"><span style=\"font-weight: 400; font-size: 14pt;\">-S\u00f3lo tomar\u00e9 lo que en justicia me corresponde, y no confiar\u00e9 la escudilla ni mis derechos a la suerte. Debe partirse la escudilla.<\/span><\/p>\n<p style=\"text-align: justify;\"><span style=\"font-weight: 400; font-size: 14pt;\">El ermita\u00f1o m\u00e1s joven, viendo que no sal\u00edan razones, dijo:<\/span><\/p>\n<p style=\"text-align: justify;\"><span style=\"font-weight: 400; font-size: 14pt;\">-Est\u00e1 bien: si tal es tu deseo, y si te niegas a aceptar la escudilla, romp\u00e1mosla y repart\u00e1mosla. Y entonces el rostro del ermita\u00f1o m\u00e1s viejo se descompuso de ira, y grit\u00f3:<\/span><\/p>\n<p><span style=\"font-weight: 400; font-size: 14pt;\">&#8211; Ah, maldito cobarde! no te atreves a pelear, \u00bfeh?<\/span><\/p>\n<p style=\"text-align: justify;\">\u00a0<\/p>\n<p><img loading=\"lazy\" decoding=\"async\" class=\"aligncenter wp-image-2002744\" src=\"https:\/\/puntocritico.com\/ausajpuntocritico\/wp-content\/uploads\/2021\/03\/LOS-DOS-ERMITA\u00d1OS.jpg\" alt=\"\" width=\"360\" height=\"270\" data-id=\"2002744\" srcset=\"https:\/\/puntocritico.com\/ausajpuntocritico\/wp-content\/uploads\/2021\/03\/LOS-DOS-ERMITA\u00d1OS.jpg 259w, https:\/\/puntocritico.com\/ausajpuntocritico\/wp-content\/uploads\/2021\/03\/LOS-DOS-ERMITA\u00d1OS-80x60.jpg 80w\" sizes=\"auto, (max-width: 360px) 100vw, 360px\" \/><\/p>\n<p style=\"text-align: center;\"><strong><span style=\"font-size: 18pt; color: #008000;\">*******<\/span><\/strong><\/p>\n<p style=\"text-align: center;\"><strong><span style=\"font-size: 18pt;\">DEL DAR Y EL RECIBIR<\/span><\/strong><\/p>\n<p>&nbsp;<\/p>\n<p style=\"text-align: justify;\"><span style=\"font-weight: 400; font-size: 14pt;\">Hab\u00eda una vez un hombre que pose\u00eda todo un valle lleno de agujas. Y un d\u00eda, la madre de Jes\u00fas acudi\u00f3 a aquel hombre y le dijo:<\/span><\/p>\n<p style=\"text-align: justify;\"><span style=\"font-weight: 400; font-size: 14pt;\">-Amigo m\u00edo, la t\u00fanica de mi hijo se rasg\u00f3, y tengo que remend\u00e1rsela antes de que salga para el templo. \u00bfQuieres darme una de tus agujas?<\/span><\/p>\n<p style=\"text-align: justify;\"><span style=\"font-size: 14pt;\"><span style=\"font-weight: 400;\">Pero, en vez de darle la aguja, aquel hombre pronunci\u00f3 un erudito discurso acerca <\/span><i><span style=\"font-weight: 400;\">Del dar y del recibir, <\/span><\/i><span style=\"font-weight: 400;\">para que Mar\u00eda se lo repitiera a su Hijo antes de que \u00e9ste saliera para el templo.<\/span><\/span><\/p>\n<p>&nbsp;<\/p>\n<p><img loading=\"lazy\" decoding=\"async\" class=\"aligncenter size-full wp-image-2002749\" src=\"https:\/\/puntocritico.com\/ausajpuntocritico\/wp-content\/uploads\/2021\/03\/Gibran-3.jpg\" alt=\"\" width=\"650\" height=\"400\" data-id=\"2002749\" srcset=\"https:\/\/puntocritico.com\/ausajpuntocritico\/wp-content\/uploads\/2021\/03\/Gibran-3.jpg 650w, https:\/\/puntocritico.com\/ausajpuntocritico\/wp-content\/uploads\/2021\/03\/Gibran-3-300x185.jpg 300w, https:\/\/puntocritico.com\/ausajpuntocritico\/wp-content\/uploads\/2021\/03\/Gibran-3-610x375.jpg 610w\" sizes=\"auto, (max-width: 650px) 100vw, 650px\" \/><\/p>\n<p style=\"text-align: center;\"><strong><span style=\"font-size: 18pt; color: #008000;\">*******<\/span><\/strong><\/p>\n<p style=\"text-align: center;\"><span style=\"font-size: 18pt;\"><strong>LOS SIETE EGOS<\/strong><\/span><\/p>\n<p>&nbsp;<\/p>\n<p style=\"text-align: justify;\"><span style=\"font-weight: 400; font-size: 14pt;\">En la hora m\u00e1s silente de la noche, mientras estaba yo acostado y dormitando, mis siete egos sent\u00e1ronse en rueda a conversar en susurros, en estos t\u00e9rminos:<\/span><\/p>\n<p style=\"text-align: justify;\"><span style=\"font-weight: 400; font-size: 14pt;\">Primer Ego: -He vivido aqu\u00ed, en este loco, todos estos a\u00f1os, y no he hecho otra cosa que renovar sus penas de d\u00eda y reavivar su tristeza de noche. No puedo soportar m\u00e1s mi destino, y me rebelo.<\/span><\/p>\n<p style=\"text-align: justify;\"><span style=\"font-weight: 400; font-size: 14pt;\">Segundo Ego: -Hermano, es mejor tu destino que el m\u00edo, pues me ha tocado ser el ego alegre de este loco. R\u00edo cuando est\u00e1 alegre y canto sus horas de dicha, y con pies alados danzo sus m\u00e1s alegres pensamientos. Soy yo quien se rebela contra tan fatigante existencia.<\/span><\/p>\n<p style=\"text-align: justify;\"><span style=\"font-weight: 400; font-size: 14pt;\">Tercer Ego: &#8211; \u00bfY de mi qu\u00e9 dec\u00eds, el ego aguijoneado por el amor, la tea llameante de salvaje pasi\u00f3n y fant\u00e1sticos deseos? Es el ego enfermo de amor el que debe rebelarse contra este loco.<\/span><\/p>\n<p style=\"text-align: justify;\"><span style=\"font-weight: 400; font-size: 14pt;\">Cuarto Ego: -El m\u00e1s miserable de todos vosotros soy yo, pues s\u00f3lo me toc\u00f3 en suerte el odio y las ansias destructivas. Yo, el ego tormentoso, el que naci\u00f3 en las negras cuevas del infierno, soy el que tiene m\u00e1s derecho a protestar por servir a este loco.<\/span><\/p>\n<p style=\"text-align: justify;\"><span style=\"font-weight: 400; font-size: 14pt;\">Quinto Ego: -No; yo soy, el ego pensante, el ego de la imaginaci\u00f3n, el que sufre hambre y sed, el condenado a vagar sin descanso en busca de lo desconocido y de lo increado&#8230; soy yo, y no vosotros, quien tiene m\u00e1s derecho a rebelarse.<\/span><\/p>\n<p style=\"text-align: justify;\"><span style=\"font-weight: 400; font-size: 14pt;\">Sexto Ego: -Y yo, el ego que trabaja, el agobiado trabajador que con pacientes manos y ansiosa mirada va modelando los d\u00edas en im\u00e1genes y va dando a los elementos sin forma contornos nuevos y eternos&#8230; Soy yo, el solitario, el que m\u00e1s motivos tiene para rebelarse contra este inquieto loco.<\/span><\/p>\n<p style=\"text-align: justify;\"><span style=\"font-weight: 400; font-size: 14pt;\">S\u00e9ptimo Ego: &#8211; \u00a1Qu\u00e9 extra\u00f1o que todos os rebel\u00e9is contra este hombre por tener a cada uno de vosotros una misi\u00f3n prescrita de antemano! \u00a1Ah! \u00a1C\u00f3mo quisiera ser uno de vosotros, un ego con un prop\u00f3sito y un destino marcado! Pero no; no tengo un prop\u00f3sito fijo: soy el ego que no hace nada; el que se sienta en el mudo y vac\u00edo espacio que no es espacio y en el tiempo que no es tiempo, mientras vosotros os afan\u00e1is recre\u00e1ndoos en la vida. Decidme, vecinos, \u00bfqui\u00e9n debe rebelarse: vosotros o yo?<\/span><\/p>\n<p style=\"text-align: justify;\"><span style=\"font-weight: 400; font-size: 14pt;\">Al terminar de hablar el S\u00e9ptimo Ego, los otros seis lo miraron con l\u00e1stima, pero no dijeron nada m\u00e1s; y al hacerse la noche m\u00e1s profunda, uno tras otro se fueron a dormir, llenos de una nueva y feliz resignaci\u00f3n.<\/span><\/p>\n<p style=\"text-align: justify;\"><span style=\"font-weight: 400; font-size: 14pt;\">S\u00f3lo el S\u00e9ptimo Ego permaneci\u00f3 despierto, mirando y atisbando a la Nada, que est\u00e1 detr\u00e1s de todas las cosas.<\/span><\/p>\n<p style=\"text-align: justify;\">\u00a0<\/p>\n<p><img loading=\"lazy\" decoding=\"async\" class=\"aligncenter wp-image-2002750\" src=\"https:\/\/puntocritico.com\/ausajpuntocritico\/wp-content\/uploads\/2021\/03\/LOS-SIETE-EGOS.jpg\" alt=\"\" width=\"460\" height=\"234\" data-id=\"2002750\" srcset=\"https:\/\/puntocritico.com\/ausajpuntocritico\/wp-content\/uploads\/2021\/03\/LOS-SIETE-EGOS.jpg 314w, https:\/\/puntocritico.com\/ausajpuntocritico\/wp-content\/uploads\/2021\/03\/LOS-SIETE-EGOS-300x153.jpg 300w\" sizes=\"auto, (max-width: 460px) 100vw, 460px\" \/><\/p>\n<p style=\"text-align: center;\"><strong><span style=\"font-size: 18pt; color: #008000;\">*******<\/span><\/strong><\/p>\n<p style=\"text-align: center;\"><span style=\"font-size: 18pt;\"><strong>LA GUERRA<\/strong><\/span><\/p>\n<p>&nbsp;<\/p>\n<p style=\"text-align: justify;\"><span style=\"font-weight: 400; font-size: 14pt;\">Una noche, hubo fiesta en palacio, y un hombre lleg\u00f3 a postrarse ante el pr\u00edncipe; todos los invitados se quedaron mirando al reci\u00e9n llegado, y vieron que le faltaba un ojo, y que la cuenca vac\u00eda sangraba. Y el pr\u00edncipe le pregunt\u00f3 a aquel hombre:<\/span><\/p>\n<p style=\"text-align: justify;\"><span style=\"font-weight: 400; font-size: 14pt;\">-\u00bfQu\u00e9 te ha sucedido?<\/span><\/p>\n<p style=\"text-align: justify;\"><span style=\"font-size: 14pt;\"><span style=\"font-weight: 400;\">-\u00a1Oh pr\u00edncipe! -respondi\u00f3 el hombre-, mi profesi\u00f3n es ser ladr\u00f3n, y esta noche, como no hay luna, fui a robar la tienda del cambista, pero mientras sub\u00eda y entraba por la ventana comet\u00ed un error, y entr\u00e9 en la tienda del tejedor, y en la oscuridad tropec\u00e9 con el telar del tejedor, y perd\u00ed un <\/span><i><span style=\"font-weight: 400;\">ojo. <\/span><\/i><span style=\"font-weight: 400;\">Y ahora, \u00a1oh pr\u00edncipe! suplico justicia contra el tejedor.<\/span><\/span><\/p>\n<p style=\"text-align: justify;\"><span style=\"font-size: 14pt;\"><span style=\"font-weight: 400;\">El pr\u00edncipe mand\u00f3 traer al tejedor y, al llegar \u00e9ste al palacio, el soberano decret\u00f3 que le vaciaran un <\/span><i><span style=\"font-weight: 400;\">ojo.<\/span><\/i><\/span><\/p>\n<p style=\"text-align: justify;\"><span style=\"font-size: 14pt;\"><i><span style=\"font-weight: 400;\">&#8211; <\/span><\/i><span style=\"font-weight: 400;\">\u00a1Oh pr\u00edncipe! -dijo el tejedor-, el decreto es justo. No me quejo de que me hayan sacado un <\/span><i><span style=\"font-weight: 400;\">ojo. <\/span><\/i><span style=\"font-weight: 400;\">Sin embargo, \u00a1ay de m\u00ed!, necesitaba yo los dos <\/span><i><span style=\"font-weight: 400;\">ojos <\/span><\/i><span style=\"font-weight: 400;\">para ver los dos lados de la tela que hago. Pero tengo un vecino de oficio zapatero, que tiene los dos <\/span><i><span style=\"font-weight: 400;\">ojos <\/span><\/i><span style=\"font-weight: 400;\">sanos, y en su trabajo no necesita los dos <\/span><i><span style=\"font-weight: 400;\">ojos&#8230;<\/span><\/i><\/span><\/p>\n<p style=\"text-align: justify;\"><span style=\"font-size: 14pt;\"><span style=\"font-weight: 400;\">El pr\u00edncipe entonces, envi\u00f3 por el zapatero. Y \u00e9ste acudi\u00f3, y le sacaron un <\/span><i><span style=\"font-weight: 400;\">ojo.<\/span><\/i><\/span><\/p>\n<p style=\"text-align: justify;\"><span style=\"font-weight: 400; font-size: 14pt;\">\u00a1Y se hizo justicia!<\/span><\/p>\n<p>&nbsp;<\/p>\n<p><img loading=\"lazy\" decoding=\"async\" class=\"aligncenter wp-image-2002762 size-mh-magazine-content\" src=\"https:\/\/puntocritico.com\/ausajpuntocritico\/wp-content\/uploads\/2021\/03\/Gibran-guerra-493x381.jpg\" alt=\"\" width=\"493\" height=\"381\" data-id=\"2002762\" \/><\/p>\n<p style=\"text-align: center;\"><strong><span style=\"font-size: 18pt; color: #008000;\">*******<\/span><\/strong><\/p>\n<p style=\"text-align: center;\"><span style=\"font-size: 18pt;\"><strong>LA ZORRA<\/strong><\/span><\/p>\n<p>&nbsp;<\/p>\n<p style=\"text-align: justify;\"><span style=\"font-weight: 400; font-size: 14pt;\">Al amanecer, una zorra mir\u00f3 su sombra, y se dijo:<\/span><\/p>\n<p style=\"text-align: justify;\"><span style=\"font-weight: 400; font-size: 14pt;\">-Hoy almorzar\u00e9 un camello. -Y pas\u00f3 toda la ma\u00f1ana buscando camellos. Pero al mediod\u00eda volvi\u00f3 a mirar su sombra, y se dijo: <\/span><\/p>\n<p style=\"text-align: justify;\"><span style=\"font-weight: 400; font-size: 14pt;\">-Bueno&#8230; me conformar\u00e9 con un rat\u00f3n.<\/span><\/p>\n<p>&nbsp;<\/p>\n<p><img loading=\"lazy\" decoding=\"async\" class=\"aligncenter size-full wp-image-2002777\" src=\"https:\/\/puntocritico.com\/ausajpuntocritico\/wp-content\/uploads\/2021\/03\/512px-Gebran_Khalil_Gebran_5.jpg\" alt=\"\" width=\"512\" height=\"384\" data-id=\"2002777\" srcset=\"https:\/\/puntocritico.com\/ausajpuntocritico\/wp-content\/uploads\/2021\/03\/512px-Gebran_Khalil_Gebran_5.jpg 512w, https:\/\/puntocritico.com\/ausajpuntocritico\/wp-content\/uploads\/2021\/03\/512px-Gebran_Khalil_Gebran_5-300x225.jpg 300w, https:\/\/puntocritico.com\/ausajpuntocritico\/wp-content\/uploads\/2021\/03\/512px-Gebran_Khalil_Gebran_5-326x245.jpg 326w, https:\/\/puntocritico.com\/ausajpuntocritico\/wp-content\/uploads\/2021\/03\/512px-Gebran_Khalil_Gebran_5-80x60.jpg 80w\" sizes=\"auto, (max-width: 512px) 100vw, 512px\" \/><\/p>\n<p style=\"text-align: center;\"><strong><span style=\"font-size: 18pt; color: #008000;\">*******<\/span><\/strong><\/p>\n<p style=\"text-align: center;\"><strong><span style=\"font-size: 18pt;\">EL REY SABIO<\/span><\/strong><\/p>\n<p style=\"text-align: justify;\">\u00a0<\/p>\n<p style=\"text-align: justify;\"><span style=\"font-weight: 400; font-size: 14pt;\">Hab\u00eda una vez, en la lejana ciudad de Wirani, un rey que gobernaba a sus s\u00fabditos con tanto poder como sabidur\u00eda. Y le tem\u00edan por su poder, y lo amaban por su sabidur\u00eda.<\/span><\/p>\n<p style=\"text-align: justify;\"><span style=\"font-weight: 400; font-size: 14pt;\">Hab\u00eda tambi\u00e9n un el coraz\u00f3n de esa ciudad un pozo de agua fresca y cristalina, del que beb\u00edan todos los habitantes; incluso el rey y sus cortesanos, pues era el \u00fanico pozo de la ciudad.<\/span><\/p>\n<p style=\"text-align: justify;\"><span style=\"font-weight: 400; font-size: 14pt;\">Una noche, cuando todo estaba en calma, una bruja entr\u00f3 en la ciudad y verti\u00f3 siete gotas de un misterioso l\u00edquido en el pozo, al tiempo que dec\u00eda:<\/span><\/p>\n<p style=\"text-align: justify;\"><span style=\"font-weight: 400; font-size: 14pt;\">-Desde este momento, quien beba de esta agua se volver\u00e1 loco.<\/span><\/p>\n<p style=\"text-align: justify;\"><span style=\"font-weight: 400; font-size: 14pt;\">A la ma\u00f1ana siguiente, todos los habitantes del reino, excepto el rey y su gran chambel\u00e1n, bebieron del pozo y enloquecieron, tal como hab\u00eda predicho la bruja.<\/span><\/p>\n<p style=\"text-align: justify;\"><span style=\"font-weight: 400; font-size: 14pt;\">Y aquel d\u00eda, en las callejuelas y en el mercado, la gente no hac\u00eda sino cuchichear:<\/span><\/p>\n<p style=\"text-align: justify;\"><span style=\"font-weight: 400; font-size: 14pt;\">-El rey est\u00e1 loco. Nuestro rey y su gran chambel\u00e1n perdieron la raz\u00f3n. No podemos permitir que nos gobierne un rey loco; debemos destronarlo.<\/span><\/p>\n<p style=\"text-align: justify;\"><span style=\"font-weight: 400; font-size: 14pt;\">Aquella noche, el rey orden\u00f3 que llenaran con agua del pozo una gran copa de oro. Y cuando se la llevaron, el soberano \u00e1vidamente bebi\u00f3 y pas\u00f3 la copa a su gran chambel\u00e1n, para que tambi\u00e9n bebiera.<\/span><\/p>\n<p style=\"text-align: justify;\"><span style=\"font-weight: 400; font-size: 14pt;\">Y hubo un gran regocijo en la lejana ciudad de Wirani, porque el rey y el gran chambel\u00e1n hab\u00edan recobrado la raz\u00f3n.<\/span><\/p>\n<p>&nbsp;<\/p>\n<p><img loading=\"lazy\" decoding=\"async\" class=\"aligncenter wp-image-2002786\" src=\"https:\/\/puntocritico.com\/ausajpuntocritico\/wp-content\/uploads\/2021\/03\/Rey-sabio.jpg\" alt=\"\" width=\"360\" height=\"249\" data-id=\"2002786\" \/><\/p>\n<p style=\"text-align: center;\"><strong><span style=\"font-size: 18pt; color: #008000;\">*******<\/span><\/strong><\/p>\n<p style=\"text-align: center;\"><strong><span style=\"font-size: 18pt;\">AMBICI\u00d3N<\/span><\/strong><\/p>\n<p>&nbsp;<\/p>\n<p style=\"text-align: justify;\"><span style=\"font-weight: 400; font-size: 14pt;\">Una vez sent\u00e1ronse a la mesa de una taberna tres hombres. Uno de ellos era tejedor, el otro carpintero, y el tercero sepulturero.<\/span><\/p>\n<p style=\"text-align: justify;\"><span style=\"font-weight: 400; font-size: 14pt;\">-Hoy vend\u00ed una fina mortaja de lino en dos monedas de oro -dijo el tejedor-. Por tanto, bebamos todo el vino que nos plazca.<\/span><\/p>\n<p style=\"text-align: justify;\"><span style=\"font-weight: 400; font-size: 14pt;\">-Y yo -dijo el carpintero-, vend\u00ed mi mejor ata\u00fad. Adem\u00e1s del vino, que nos traigan un suculento asado.<\/span><\/p>\n<p style=\"text-align: justify;\"><span style=\"font-weight: 400; font-size: 14pt;\">-Yo s\u00f3lo cav\u00e9 una tumba -dijo el sepulturero-, pero mi amo me pag\u00f3 el doble. Que nos traigan tambi\u00e9n pasteles de miel.<\/span><\/p>\n<p style=\"text-align: justify;\"><span style=\"font-weight: 400; font-size: 14pt;\">Y durante toda aquella noche hubo gran movimiento en la taberna, pues los tres amigos a menudo ped\u00edan m\u00e1s vino, carne y pasteles. Y estaban muy contentos.<\/span><\/p>\n<p style=\"text-align: justify;\"><span style=\"font-weight: 400; font-size: 14pt;\">Y el tabernero se frotaba las manos, sonriendo a su mujer, pues los hu\u00e9spedes gastaban espl\u00e9ndidamente.<\/span><\/p>\n<p style=\"text-align: justify;\"><span style=\"font-weight: 400; font-size: 14pt;\">Al salir los tres amigos de la taberna la luna ya estaba en lo alto; iban caminando los tres felices cantando y gritando. El tabernero y su mujer parados a la puerta de la taberna, miraron complacidos a sus hu\u00e9spedes.<\/span><\/p>\n<p style=\"text-align: justify;\"><span style=\"font-weight: 400; font-size: 14pt;\">&#8211; \u00a1Ah! &#8211; \u00a1qu\u00e9 caballeros tan generosos y alegres! -exclam\u00f3 la mujer-. Ojal\u00e1 que nos trajeran suerte y todos los d\u00edas fueran as\u00ed; nuestro hijo no tendr\u00eda que trabajar de tabernero, ni tendr\u00eda que afanarse tanto: podr\u00edamos darle una buena educaci\u00f3n, para que fuera sacerdote.<\/span><\/p>\n<p style=\"text-align: justify;\">\u00a0<\/p>\n<p style=\"text-align: justify;\"><img loading=\"lazy\" decoding=\"async\" class=\"aligncenter wp-image-2002797\" src=\"https:\/\/puntocritico.com\/ausajpuntocritico\/wp-content\/uploads\/2021\/03\/Ambicion.jpg\" alt=\"\" width=\"360\" height=\"450\" data-id=\"2002797\" \/><\/p>\n<p style=\"text-align: center;\"><strong><span style=\"font-size: 18pt; color: #008000;\">*******<\/span><\/strong><\/p>\n<p style=\"text-align: center;\"><strong><span style=\"font-size: 18pt;\">EL NUEVO PLACER<\/span><\/strong><\/p>\n<p>&nbsp;<\/p>\n<p style=\"text-align: justify;\"><span style=\"font-weight: 400; font-size: 14pt;\">Anoche invent\u00e9 un nuevo placer. y me dispon\u00eda a probarlo por vez primera cuando un \u00e1ngel y un demonio llegaron presurosos a mi casa. Ambos se encontraron en mi puerta y disputaron acerca de mi placer reci\u00e9n creado; uno de los dos gritaba:<\/span><\/p>\n<p style=\"text-align: justify;\"><span style=\"font-weight: 400; font-size: 14pt;\">-\u00a1Es un pecado!<\/span><\/p>\n<p style=\"text-align: justify;\"><span style=\"font-weight: 400; font-size: 14pt;\">Y el otro, en igual tono aseguraba: <\/span><\/p>\n<p style=\"text-align: justify;\"><span style=\"font-weight: 400; font-size: 14pt;\">&#8211; \u00a1Es una virtud!<\/span><\/p>\n<p>&nbsp;<\/p>\n<p><img loading=\"lazy\" decoding=\"async\" class=\"aligncenter size-full wp-image-2002818\" src=\"https:\/\/puntocritico.com\/ausajpuntocritico\/wp-content\/uploads\/2021\/03\/6340dbb3-7766-40e4-bd09-a42453fc30fc_400x400.png\" alt=\"\" width=\"400\" height=\"400\" data-id=\"2002818\" srcset=\"https:\/\/puntocritico.com\/ausajpuntocritico\/wp-content\/uploads\/2021\/03\/6340dbb3-7766-40e4-bd09-a42453fc30fc_400x400.png 400w, https:\/\/puntocritico.com\/ausajpuntocritico\/wp-content\/uploads\/2021\/03\/6340dbb3-7766-40e4-bd09-a42453fc30fc_400x400-300x300.png 300w, https:\/\/puntocritico.com\/ausajpuntocritico\/wp-content\/uploads\/2021\/03\/6340dbb3-7766-40e4-bd09-a42453fc30fc_400x400-150x150.png 150w\" sizes=\"auto, (max-width: 400px) 100vw, 400px\" \/><\/p>\n<p style=\"text-align: center;\"><strong><span style=\"font-size: 18pt; color: #008000;\">*******<\/span><\/strong><\/p>\n<p style=\"text-align: center;\"><span style=\"font-size: 18pt;\"><strong>EL OTRO IDIOMA<\/strong><\/span><\/p>\n<p>&nbsp;<\/p>\n<p style=\"text-align: justify;\"><span style=\"font-weight: 400; font-size: 14pt;\">A los tres d\u00edas de nacido, mientras yac\u00eda en mi cuna forrada de seda, mirando con asombrada desilusi\u00f3n el nuevo mundo que me rodeaba, mi madre dijo a mi nodriza: <\/span><\/p>\n<p style=\"text-align: justify;\"><span style=\"font-weight: 400; font-size: 14pt;\">-\u00bfC\u00f3mo est\u00e1 mi hijo?<\/span><\/p>\n<p style=\"text-align: justify;\"><span style=\"font-weight: 400; font-size: 14pt;\">-Muy bien, se\u00f1ora -mi nodriza le contest\u00f3-, lo he alimentado tres veces, y nunca he visto a un ni\u00f1o tan alegre, no obstante lo tierno que es.<\/span><\/p>\n<p style=\"text-align: justify;\"><span style=\"font-weight: 400; font-size: 14pt;\">Y yo me indign\u00e9, y llor\u00e9, exclamando<\/span><\/p>\n<p style=\"text-align: justify;\"><span style=\"font-weight: 400; font-size: 14pt;\">-No es verdad, madre: porque mi lecho es duro, la leche que he succionado es amarga, y el olor del pecho es desagradable a mi nariz, y soy muy desgraciado.<\/span><\/p>\n<p style=\"text-align: justify;\"><span style=\"font-weight: 400; font-size: 14pt;\">Pero mi madre no me comprendi\u00f3, ni la nodriza; pues el idioma en que hab\u00eda yo hablado era el del mundo del que yo proced\u00eda.<\/span><\/p>\n<p style=\"text-align: justify;\"><span style=\"font-weight: 400; font-size: 14pt;\">Y cuando cumpl\u00ed veinti\u00fan d\u00edas de vida, mientras me bautizaban, el sacerdote le dijo a mi madre:<\/span><\/p>\n<p style=\"text-align: justify;\"><span style=\"font-weight: 400; font-size: 14pt;\">-Debe usted ser muy feliz, se\u00f1ora, de que su hijo haya nacido cristiano.<\/span><\/p>\n<p style=\"text-align: justify;\"><span style=\"font-weight: 400; font-size: 14pt;\">Me asombr\u00e9 mucho al o\u00edr aquello, y le dije al sacerdote:\u00a0 <\/span><\/p>\n<p style=\"text-align: justify;\"><span style=\"font-weight: 400; font-size: 14pt;\">-En ese caso, la madre de usted, no est\u00e1 en el Cielo, debe ser muy infeliz, pues usted no naci\u00f3 cristiano.<\/span><\/p>\n<p style=\"text-align: justify;\"><span style=\"font-weight: 400; font-size: 14pt;\">Pero el sacerdote tampoco entendi\u00f3 mi idioma.<\/span><\/p>\n<p style=\"text-align: justify;\"><span style=\"font-weight: 400; font-size: 14pt;\">Y siete lunas despu\u00e9s, cierto d\u00eda, un adivino me mir\u00f3 y le dijo a mi madre:<\/span><\/p>\n<p style=\"text-align: justify;\"><span style=\"font-weight: 400; font-size: 14pt;\">-Su hijo ser\u00e1 un estadista, y un gran l\u00edder de los hombres.<\/span><\/p>\n<p style=\"text-align: justify;\"><span style=\"font-weight: 400; font-size: 14pt;\">-\u00a1Falso! -grit\u00e9 yo-. Esa es una falsa profec\u00eda; porque yo ser\u00e9 m\u00fasico, y nada m\u00e1s que m\u00fasico!<\/span><\/p>\n<p style=\"text-align: justify;\"><span style=\"font-weight: 400; font-size: 14pt;\">Y tampoco en esa ocasi\u00f3n y teniendo yo esa edad entend\u00edan mi idioma, lo cual me asombraba mucho.<\/span><\/p>\n<p style=\"text-align: justify;\"><span style=\"font-weight: 400; font-size: 14pt;\">Y despu\u00e9s de treinta y tres a\u00f1os, durante los cuales han muerto ya mi madre, mi nodriza y el sacerdote (la sombra de Dios proteja sus esp\u00edritus), s\u00f3lo sobrevive el adivino. Ayer lo vi cerca de la entrada del templo, y mientras convers\u00e1bamos, me dijo:<\/span><\/p>\n<p style=\"text-align: justify;\"><span style=\"font-weight: 400; font-size: 14pt;\">-Siempre supe que ser\u00edas m\u00fasico; que llegar\u00edas a ser un gran m\u00fasico. Eras muy peque\u00f1o cuando profetic\u00e9 tu futuro.<\/span><\/p>\n<p style=\"text-align: justify;\"><span style=\"font-weight: 400; font-size: 14pt;\">Y le cre\u00ed, pues ahora yo tambi\u00e9n he olvidado el idioma de aquel otro mundo.<\/span><\/p>\n<p style=\"text-align: justify;\">\u00a0<\/p>\n<p style=\"text-align: justify;\"><img loading=\"lazy\" decoding=\"async\" class=\"aligncenter size-full wp-image-2002831\" src=\"https:\/\/puntocritico.com\/ausajpuntocritico\/wp-content\/uploads\/2021\/03\/Alas-rotas.jpg\" alt=\"\" width=\"391\" height=\"439\" data-id=\"2002831\" srcset=\"https:\/\/puntocritico.com\/ausajpuntocritico\/wp-content\/uploads\/2021\/03\/Alas-rotas.jpg 391w, https:\/\/puntocritico.com\/ausajpuntocritico\/wp-content\/uploads\/2021\/03\/Alas-rotas-267x300.jpg 267w\" sizes=\"auto, (max-width: 391px) 100vw, 391px\" \/><\/p>\n<p style=\"text-align: center;\"><strong><span style=\"font-size: 18pt; color: #008000;\">*******<\/span><\/strong><\/p>\n<p style=\"text-align: center;\"><span style=\"font-size: 18pt;\"><strong>LA GRANADA<\/strong><\/span><\/p>\n<p>&nbsp;<\/p>\n<p style=\"text-align: justify;\"><span style=\"font-weight: 400; font-size: 14pt;\">Una vez, mientras viv\u00eda yo en el coraz\u00f3n de una granada, o\u00ed que una semilla dec\u00eda;<\/span><\/p>\n<p style=\"text-align: justify;\"><span style=\"font-weight: 400; font-size: 14pt;\">-Alg\u00fan d\u00eda me convertir\u00e9 en un \u00e1rbol, y cantar\u00e1 el viento en mis ramas, y el sol danzar\u00e1 en mis hojas, y ser\u00e9 fuerte y hermoso en todas las estaciones.<\/span><\/p>\n<p style=\"text-align: justify;\"><span style=\"font-weight: 400; font-size: 14pt;\">Luego, otra semilla habl\u00f3, y dijo: <\/span><\/p>\n<p style=\"text-align: justify;\"><span style=\"font-weight: 400; font-size: 14pt;\">-Cuando yo era joven, como t\u00fa ahora, yo tambi\u00e9n pensaba as\u00ed; pero ahora que puedo ponderar mejor todas las cosas, veo que mis esperanzas eran vanas.<\/span><\/p>\n<p style=\"text-align: justify;\"><span style=\"font-weight: 400; font-size: 14pt;\">Y una tercera semilla se expres\u00f3 as\u00ed: <\/span><\/p>\n<p style=\"text-align: justify;\"><span style=\"font-weight: 400; font-size: 14pt;\">-No veo en nosotras nada que prometa tan brillante futuro.<\/span><\/p>\n<p style=\"text-align: justify;\"><span style=\"font-weight: 400; font-size: 14pt;\">Y una cuarta semilla dijo: <\/span><\/p>\n<p style=\"text-align: justify;\"><span style=\"font-weight: 400; font-size: 14pt;\">&#8211; \u00a1Pero que rid\u00edcula ser\u00eda nuestra vida, sin la promesa de un futuro mejor!<\/span><\/p>\n<p style=\"text-align: justify;\"><span style=\"font-weight: 400; font-size: 14pt;\">La quinta semilla opin\u00f3: <\/span><\/p>\n<p style=\"text-align: justify;\"><span style=\"font-weight: 400; font-size: 14pt;\">-\u00bfPara qu\u00e9 disputar acerca de lo que seremos, si ni siquiera sabemos lo que somos?<\/span><\/p>\n<p style=\"text-align: justify;\"><span style=\"font-weight: 400; font-size: 14pt;\">Pero la sexta semilla replic\u00f3: <\/span><\/p>\n<p style=\"text-align: justify;\"><span style=\"font-weight: 400; font-size: 14pt;\">-Seamos lo que seamos, lo seremos siempre.<\/span><\/p>\n<p style=\"text-align: justify;\"><span style=\"font-weight: 400; font-size: 14pt;\">Y la s\u00e9ptima semilla coment\u00f3: <\/span><\/p>\n<p style=\"text-align: justify;\"><span style=\"font-weight: 400; font-size: 14pt;\">-Tengo una idea muy clara acerca de c\u00f3mo ser\u00e1n las cosas en lo futuro, pero no la puedo expresar con palabras.<\/span><\/p>\n<p style=\"text-align: justify;\"><span style=\"font-weight: 400; font-size: 14pt;\">Y luego habl\u00f3 una octava semilla, y una novena, y luego una d\u00e9cima, y luego muchas, hasta que todas hablaban a un tiempo y no pude distinguir nada de lo que dec\u00edan todas esas voces.<\/span><\/p>\n<p style=\"text-align: justify;\"><span style=\"font-weight: 400; font-size: 14pt;\">As\u00ed pues, aquel mismo d\u00eda me mud\u00e9 al coraz\u00f3n de un membrillo, donde las semillas son escasas y casi mudas.<\/span><\/p>\n<p style=\"text-align: justify;\">\u00a0<\/p>\n<p style=\"text-align: justify;\"><img loading=\"lazy\" decoding=\"async\" class=\"aligncenter size-full wp-image-2002844\" src=\"https:\/\/puntocritico.com\/ausajpuntocritico\/wp-content\/uploads\/2021\/03\/Granada.jpg\" alt=\"\" width=\"477\" height=\"360\" data-id=\"2002844\" srcset=\"https:\/\/puntocritico.com\/ausajpuntocritico\/wp-content\/uploads\/2021\/03\/Granada.jpg 477w, https:\/\/puntocritico.com\/ausajpuntocritico\/wp-content\/uploads\/2021\/03\/Granada-300x226.jpg 300w, https:\/\/puntocritico.com\/ausajpuntocritico\/wp-content\/uploads\/2021\/03\/Granada-326x245.jpg 326w, https:\/\/puntocritico.com\/ausajpuntocritico\/wp-content\/uploads\/2021\/03\/Granada-80x60.jpg 80w\" sizes=\"auto, (max-width: 477px) 100vw, 477px\" \/><\/p>\n<p style=\"text-align: center;\"><strong><span style=\"font-size: 18pt; color: #008000;\">*******<\/span><\/strong><\/p>\n<p style=\"text-align: center;\"><span style=\"font-size: 18pt;\"><strong>LAS DOS JAULAS<\/strong><\/span><\/p>\n<p>&nbsp;<\/p>\n<p style=\"text-align: justify;\"><span style=\"font-weight: 400; font-size: 14pt;\">En el jard\u00edn de mi padre hay dos jaulas. En una est\u00e1 encerrado un le\u00f3n, que los esclavos de mi padre trajeron del desierto de Ninavah; en la otra vive un gorri\u00f3n que no canta. Al amanecer, todos los d\u00edas, el gorri\u00f3n le dice al le\u00f3n: <\/span><\/p>\n<p style=\"text-align: justify;\"><span style=\"font-weight: 400; font-size: 14pt;\">-Buenos d\u00edas, hermano prisionero.<\/span><\/p>\n<p>&nbsp;<\/p>\n<p><img loading=\"lazy\" decoding=\"async\" class=\"aligncenter wp-image-2002851\" src=\"https:\/\/puntocritico.com\/ausajpuntocritico\/wp-content\/uploads\/2021\/03\/Dos-jaulas.jpg\" alt=\"\" width=\"360\" height=\"216\" data-id=\"2002851\" \/><\/p>\n<p style=\"text-align: center;\"><strong><span style=\"font-size: 18pt; color: #008000;\">*******<\/span><\/strong><\/p>\n<p style=\"text-align: center;\"><strong><span style=\"font-size: 18pt;\">LAS TRES HORMIGAS<\/span><\/strong><\/p>\n<p>&nbsp;<\/p>\n<p style=\"text-align: justify;\"><span style=\"font-weight: 400; font-size: 14pt;\">Tres hormigas se encontraron en la nariz de un hombre que estaba tendido, durmiendo al sol. Y despu\u00e9s de saludarse cada hormiga a la manera y usanza de su propia tribu, se detuvieron all\u00ed, a conversar.<\/span><\/p>\n<p style=\"text-align: justify;\"><span style=\"font-weight: 400; font-size: 14pt;\">-Estas colinas y estas llanuras -dijo la primera hormiga- son las m\u00e1s \u00e1ridas que he visto en mi vida; he buscado todo el d\u00eda alg\u00fan grano, y no he encontrado nada.<\/span><\/p>\n<p style=\"text-align: justify;\"><span style=\"font-weight: 400; font-size: 14pt;\">-Yo tampoco he encontrado nada -coment\u00f3 la segunda hormiga- aunque he visitado todos los escondrijos. Esta es, supongo, la que llama mi gente la blanda tierra m\u00f3vil donde no crece nada.<\/span><\/p>\n<p style=\"text-align: justify;\"><span style=\"font-weight: 400; font-size: 14pt;\">-Amigas m\u00edas -dijo la tercera hormiga, alzando la cabeza-, estamos paradas ahora en la nariz de la Suprema Hormiga, la poderosa e infinita Hormiga, cuyo cuerpo es tan grande que no podemos verlo, cuya sombra es tan vasta que no podemos abarcar, cuya voz es tan potente que no podemos o\u00edrla; y esta Hormiga es omnipresente.<\/span><\/p>\n<p style=\"text-align: justify;\"><span style=\"font-weight: 400; font-size: 14pt;\">Al terminar la tercera hormiga de decir esto, las otras dos se miraron, y rieron.<\/span><\/p>\n<p style=\"text-align: justify;\"><span style=\"font-weight: 400; font-size: 14pt;\">En ese momento el hombre se movi\u00f3, y en su sue\u00f1o alz\u00f3 la mano para rascarse la nariz, y aplast\u00f3 a las tres hormigas.<\/span><\/p>\n<p>&nbsp;<\/p>\n<p><img loading=\"lazy\" decoding=\"async\" class=\"aligncenter wp-image-2002887 size-mh-magazine-content\" src=\"https:\/\/puntocritico.com\/ausajpuntocritico\/wp-content\/uploads\/2021\/03\/LAS-TRES-HORMIGAS-678x381.jpg\" alt=\"\" width=\"678\" height=\"381\" data-id=\"2002887\" \/><\/p>\n<p style=\"text-align: center;\"><strong><span style=\"font-size: 18pt; color: #008000;\">*******<\/span><\/strong><\/p>\n<p style=\"text-align: center;\"><span style=\"font-size: 18pt;\"><strong>EL SEPULTURERO<\/strong><\/span><\/p>\n<p>&nbsp;<\/p>\n<p style=\"text-align: justify;\"><span style=\"font-weight: 400; font-size: 14pt;\">Una vez, mientras yo estaba enterrando a uno de mis egos, se acerc\u00f3 a m\u00ed el sepulturero, para decirme:<\/span><\/p>\n<p style=\"text-align: justify;\"><span style=\"font-weight: 400; font-size: 14pt;\">-De todos los que vienen aqu\u00ed a enterrar a sus egos muertos, s\u00f3lo t\u00fa me eres simp\u00e1tico.<\/span><\/p>\n<p style=\"text-align: justify;\"><span style=\"font-weight: 400; font-size: 14pt;\">-Me halagas mucho -le repliqu\u00e9-; pero, \u00bfpor qu\u00e9 te inspiro tanta simpat\u00eda?<\/span><\/p>\n<p style=\"text-align: justify;\"><span style=\"font-weight: 400; font-size: 14pt;\">-Porque todos llegan aqu\u00ed llorando -me contest\u00f3 el sepulturero-, y se van llorando; s\u00f3lo t\u00fa llegas riendo, y te marchas riendo, cada vez.<\/span><\/p>\n<p>&nbsp;<\/p>\n<p><img loading=\"lazy\" decoding=\"async\" class=\"aligncenter wp-image-2002895\" src=\"https:\/\/puntocritico.com\/ausajpuntocritico\/wp-content\/uploads\/2021\/03\/EL-SEPULTURERO.jpg\" alt=\"\" width=\"440\" height=\"243\" data-id=\"2002895\" srcset=\"https:\/\/puntocritico.com\/ausajpuntocritico\/wp-content\/uploads\/2021\/03\/EL-SEPULTURERO.jpg 303w, https:\/\/puntocritico.com\/ausajpuntocritico\/wp-content\/uploads\/2021\/03\/EL-SEPULTURERO-300x165.jpg 300w\" sizes=\"auto, (max-width: 440px) 100vw, 440px\" \/><\/p>\n<p style=\"text-align: center;\"><strong><span style=\"font-size: 18pt; color: #008000;\">*******<\/span><\/strong><\/p>\n<p style=\"text-align: center;\"><span style=\"font-size: 18pt;\"><strong>EN LA ESCALINATA DEL TEMPLO<\/strong><\/span><\/p>\n<p>&nbsp;<\/p>\n<p style=\"text-align: justify;\"><span style=\"font-weight: 400; font-size: 14pt;\">Ayer tarde, en la escalinata de m\u00e1rmol del templo vi a una mujer sentada entre dos hombres. Una de las mejillas de la mujer estaba p\u00e1lida, y la otra, sonrojada.<\/span><\/p>\n<p>&nbsp;<\/p>\n<p><img loading=\"lazy\" decoding=\"async\" class=\"aligncenter wp-image-2002898 size-mh-magazine-content\" src=\"https:\/\/puntocritico.com\/ausajpuntocritico\/wp-content\/uploads\/2021\/03\/se1324-190521-a-la-puerta-del-templo-kahlil-gibran-phvarsheshjoshi-678x381.jpg\" alt=\"\" width=\"678\" height=\"381\" data-id=\"2002898\" \/><\/p>\n<p>&nbsp;<\/p>\n<hr \/>\n<p style=\"text-align: justify;\"><span style=\"font-size: 14pt;\"><strong>RELACIONADOS:<\/strong><\/span><\/p>\n<blockquote class=\"wp-embedded-content\" data-secret=\"jDaIl0T7q0\"><p><a href=\"https:\/\/puntocritico.com\/ausajpuntocritico\/2021\/03\/18\/el-loco-de-khalil-gibran-y-ii\/\">\u00abEL LOCO\u00bb, de Khalil Gibran (y II).<\/a><\/p><\/blockquote>\n<p><iframe loading=\"lazy\" class=\"wp-embedded-content\" sandbox=\"allow-scripts\" security=\"restricted\" style=\"position: absolute; clip: rect(1px, 1px, 1px, 1px);\" title=\"\u00ab\u00abEL LOCO\u00bb, de Khalil Gibran (y II).\u00bb \u2014 Punto Cr\u00edtico Derechos Humanos\" src=\"https:\/\/puntocritico.com\/ausajpuntocritico\/2021\/03\/18\/el-loco-de-khalil-gibran-y-ii\/embed\/#?secret=A93aow0PSZ#?secret=jDaIl0T7q0\" data-secret=\"jDaIl0T7q0\" width=\"500\" height=\"282\" frameborder=\"0\" marginwidth=\"0\" marginheight=\"0\" scrolling=\"no\"><\/iframe><\/p>\n<blockquote class=\"wp-embedded-content\" data-secret=\"ZyzVcxIPQK\"><p><a href=\"https:\/\/puntocritico.com\/ausajpuntocritico\/2019\/09\/24\/khalil-gibran-tres-poemas\/\">KHALIL GIBRAN \u2013 Tres poemas<\/a><\/p><\/blockquote>\n<p><iframe loading=\"lazy\" class=\"wp-embedded-content\" sandbox=\"allow-scripts\" security=\"restricted\" style=\"position: absolute; clip: rect(1px, 1px, 1px, 1px);\" title=\"\u00abKHALIL GIBRAN \u2013 Tres poemas\u00bb \u2014 Punto Cr\u00edtico Derechos Humanos\" src=\"https:\/\/puntocritico.com\/ausajpuntocritico\/2019\/09\/24\/khalil-gibran-tres-poemas\/embed\/#?secret=aCkJr14fPX#?secret=ZyzVcxIPQK\" data-secret=\"ZyzVcxIPQK\" width=\"500\" height=\"282\" frameborder=\"0\" marginwidth=\"0\" marginheight=\"0\" scrolling=\"no\"><\/iframe><\/p>\n<blockquote class=\"wp-embedded-content\" data-secret=\"aLSzEOky3L\"><p><a href=\"https:\/\/puntocritico.com\/ausajpuntocritico\/2020\/09\/15\/eso-que-llamais-libertad-por-khalil-gibran-y-si-es-un-miedo-el-que-quereis-borrar-el-lugar-de-ese-miedo-esta-en-vuestro-corazon-y-no-en-el-puno-del-ser-temido\/\">ESO QUE LLAM\u00c1IS LIBERTAD, por Khalil Gibran. \u00abY si es un miedo el que quer\u00e9is borrar, el lugar de ese miedo est\u00e1 en vuestro coraz\u00f3n y no en el pu\u00f1o del ser temido\u00bb<\/a><\/p><\/blockquote>\n<p><iframe loading=\"lazy\" class=\"wp-embedded-content\" sandbox=\"allow-scripts\" security=\"restricted\" style=\"position: absolute; clip: rect(1px, 1px, 1px, 1px);\" title=\"\u00abESO QUE LLAM\u00c1IS LIBERTAD, por Khalil Gibran. \u00abY si es un miedo el que quer\u00e9is borrar, el lugar de ese miedo est\u00e1 en vuestro coraz\u00f3n y no en el pu\u00f1o del ser temido\u00bb\u00bb \u2014 Punto Cr\u00edtico Derechos Humanos\" src=\"https:\/\/puntocritico.com\/ausajpuntocritico\/2020\/09\/15\/eso-que-llamais-libertad-por-khalil-gibran-y-si-es-un-miedo-el-que-quereis-borrar-el-lugar-de-ese-miedo-esta-en-vuestro-corazon-y-no-en-el-puno-del-ser-temido\/embed\/#?secret=2cg5myXgMP#?secret=aLSzEOky3L\" data-secret=\"aLSzEOky3L\" width=\"500\" height=\"282\" frameborder=\"0\" marginwidth=\"0\" marginheight=\"0\" scrolling=\"no\"><\/iframe><\/p>\n<p style=\"text-align: justify;\">\u00a0<\/p>\n<p><img loading=\"lazy\" decoding=\"async\" class=\"aligncenter wp-image-9528\" src=\"https:\/\/puntocritico.com\/ausajpuntocritico\/wp-content\/uploads\/2018\/03\/Mosca_Punto_Cr\u00edtico_40.png\" alt=\"\" width=\"80\" height=\"80\" data-id=\"9528\" \/><\/p>\n<p>&nbsp;<\/p>\n<p>&nbsp;<\/p>\n<p>&nbsp;<\/p>\n","protected":false},"excerpt":{"rendered":"<div class=\"mh-excerpt\"><p>&nbsp; &nbsp; EL LOCO (1918) &nbsp; Me pregunt\u00e1is como me volv\u00ed loco. As\u00ed sucedi\u00f3: Un d\u00eda, mucho antes de que nacieran los dioses, despert\u00e9 de un profundo \u00a0 sue\u00f1o y descubr\u00ed que me hab\u00edan robado <a class=\"mh-excerpt-more\" href=\"https:\/\/puntocritico.com\/ausajpuntocritico\/2021\/03\/11\/el-loco-de-khalil-gibran-i\/\" title=\"\u00abEL LOCO\u00bb, de Khalil Gibran (I).\">[&#8230;]<\/a><\/p>\n<\/div>","protected":false},"author":3,"featured_media":2002710,"comment_status":"open","ping_status":"closed","sticky":false,"template":"","format":"standard","meta":{"_acf_changed":false,"_exactmetrics_skip_tracking":false,"_exactmetrics_sitenote_active":false,"_exactmetrics_sitenote_note":"","_exactmetrics_sitenote_category":0,"footnotes":""},"categories":[15],"tags":[41],"class_list":{"0":"post-2002597","1":"post","2":"type-post","3":"status-publish","4":"format-standard","5":"has-post-thumbnail","7":"category-sabiduria_perenne","8":"tag-khalil-gibran"},"acf":[],"_links":{"self":[{"href":"https:\/\/puntocritico.com\/ausajpuntocritico\/wp-json\/wp\/v2\/posts\/2002597","targetHints":{"allow":["GET"]}}],"collection":[{"href":"https:\/\/puntocritico.com\/ausajpuntocritico\/wp-json\/wp\/v2\/posts"}],"about":[{"href":"https:\/\/puntocritico.com\/ausajpuntocritico\/wp-json\/wp\/v2\/types\/post"}],"author":[{"embeddable":true,"href":"https:\/\/puntocritico.com\/ausajpuntocritico\/wp-json\/wp\/v2\/users\/3"}],"replies":[{"embeddable":true,"href":"https:\/\/puntocritico.com\/ausajpuntocritico\/wp-json\/wp\/v2\/comments?post=2002597"}],"version-history":[{"count":0,"href":"https:\/\/puntocritico.com\/ausajpuntocritico\/wp-json\/wp\/v2\/posts\/2002597\/revisions"}],"wp:featuredmedia":[{"embeddable":true,"href":"https:\/\/puntocritico.com\/ausajpuntocritico\/wp-json\/wp\/v2\/media\/2002710"}],"wp:attachment":[{"href":"https:\/\/puntocritico.com\/ausajpuntocritico\/wp-json\/wp\/v2\/media?parent=2002597"}],"wp:term":[{"taxonomy":"category","embeddable":true,"href":"https:\/\/puntocritico.com\/ausajpuntocritico\/wp-json\/wp\/v2\/categories?post=2002597"},{"taxonomy":"post_tag","embeddable":true,"href":"https:\/\/puntocritico.com\/ausajpuntocritico\/wp-json\/wp\/v2\/tags?post=2002597"}],"curies":[{"name":"wp","href":"https:\/\/api.w.org\/{rel}","templated":true}]}}