{"id":19357,"date":"2026-04-03T00:05:49","date_gmt":"2026-04-02T22:05:49","guid":{"rendered":"http:\/\/puntocritico.com\/?p=19357"},"modified":"2026-04-05T08:00:34","modified_gmt":"2026-04-05T06:00:34","slug":"el-concepto-de-poder-spinoza-derecho-y-poder-y-4","status":"publish","type":"post","link":"https:\/\/puntocritico.com\/ausajpuntocritico\/2026\/04\/03\/el-concepto-de-poder-spinoza-derecho-y-poder-y-4\/","title":{"rendered":"DERECHO Y PODER: El concepto de Poder en Spinoza (y Parte 4: \u00abConclusiones\u00bb), por F. Javier Ansu\u00e1tegui Roig"},"content":{"rendered":"<div style=\"text-align: justify;\"><span style=\"font-size: 14pt; color: #008000;\">Derecho y Poder<\/span><\/div>\n<div>\u00a0<\/div>\n<div style=\"text-align: justify;\">\n<div>\n<div>\n<p style=\"text-align: justify;\"><span style=\"font-size: 14pt; color: #008000;\"><a style=\"color: #008000;\" href=\"https:\/\/puntocritico.com\/ausajpuntocritico\/2026\/03\/13\/individuo-y-estado-el-concepto-de-poder-en-spinoza-1\/\">PARTE I: El concepto de Poder en Spinoza<\/a><\/span><\/p>\n<p style=\"text-align: justify;\"><span style=\"font-size: 14pt; color: #008000;\"><a style=\"color: #008000;\" href=\"https:\/\/puntocritico.com\/ausajpuntocritico\/2026\/03\/20\/el-concepto-de-poder-en-spinoza-ii\/\">PARTE II: El concepto de Poder en Spinoza<\/a><\/span><\/p>\n<p style=\"text-align: justify;\"><a href=\"https:\/\/puntocritico.com\/ausajpuntocritico\/2026\/03\/27\/conatus-concepto-de-poder-spinoza-parte-iii\/\" target=\"_blank\" rel=\"noopener\" data-schema-attribute=\"\"><span style=\"font-size: 14pt; color: #008000;\">PARTE III: El concepto de Poder en Spinoza<\/span><\/a><\/p>\n<p style=\"text-align: justify;\"><a href=\"https:\/\/puntocritico.com\/ausajpuntocritico\/2026\/04\/03\/el-concepto-de-poder-spinoza-derecho-y-poder-y-4\/?utm_source=rss&amp;utm_medium=rss&amp;utm_campaign=el-concepto-de-poder-spinoza-derecho-y-poder-y-4\" target=\"_blank\" rel=\"noopener\" data-schema-attribute=\"\"><span style=\"font-size: 14pt; color: #008000;\">PARTE IV: El concepto de Poder en Spinoza<\/span><\/a><\/p>\n<\/div>\n<\/div>\n<p>&nbsp;<\/p>\n<\/div>\n<p style=\"text-align: center;\"><strong><span style=\"font-size: 18pt;\">***<\/span><\/strong><\/p>\n<h2 style=\"text-align: center;\"><span style=\"font-size: 24pt;\"><strong><span style=\"color: #339966;\"><span style=\"color: #008000;\">Derecho y Poder: <\/span>El concepto de Poder en Spinoza<\/span><\/strong><\/span><\/h2>\n<p style=\"text-align: center;\"><span style=\"font-size: 24pt;\"><strong><span style=\"color: #339966;\"> Parte IV<\/span><\/strong><\/span><\/p>\n<p style=\"text-align: center;\"><span style=\"font-size: 18pt;\"><strong>Por F. Javier Ansu\u00e1tegui Roig<\/strong><\/span><\/p>\n<p><img loading=\"lazy\" decoding=\"async\" class=\"aligncenter wp-image-16282\" src=\"https:\/\/puntocritico.com\/ausajpuntocritico\/wp-content\/uploads\/2019\/01\/empoderados-capitalismo-275x300.jpg\" alt=\"\" width=\"300\" height=\"327\" srcset=\"https:\/\/puntocritico.com\/ausajpuntocritico\/wp-content\/uploads\/2019\/01\/empoderados-capitalismo-275x300.jpg 275w, https:\/\/puntocritico.com\/ausajpuntocritico\/wp-content\/uploads\/2019\/01\/empoderados-capitalismo.jpg 367w\" sizes=\"auto, (max-width: 300px) 100vw, 300px\" \/><\/p>\n<p style=\"text-align: center;\"><strong><span style=\"font-size: 18pt;\">DERECHO Y PODER<\/span><\/strong><\/p>\n<h3 style=\"text-align: center;\"><span style=\"font-size: 24pt;\"><strong>CONCLUSIONES (<\/strong><strong>CONATUS)<\/strong><\/span><\/h3>\n<blockquote>\n<p style=\"text-align: center;\"><span style=\"font-size: 14pt;\"><em><strong>El\u00a0<a href=\"https:\/\/puntocritico.com\/ausajpuntocritico\/2024\/10\/11\/el-concepto-de-poder-en-spinoza-parte-iii-por-f-javier-ansuategui-roig-republicado\/\">Conatus<\/a>\u00a0es potencia dirigida a existir; en definitiva poder que puede enfrentarse con el de las dem\u00e1s cosas.\u00a0La realidad del individuo depende en \u00faltima instancia de la fuerza, del peso de su potencia de autoafirmaci\u00f3n.<\/strong><\/em><\/span><\/p>\n<p style=\"text-align: center;\"><span style=\"font-size: 14pt;\"><em><strong>La materializaci\u00f3n directa del Conatus es el Deseo, la Cupiditas, que, junto a la alegr\u00eda y a la tristeza constituyen los tres principales afectos a los que est\u00e1 sometido el individuo<\/strong><\/em><\/span><\/p>\n<p style=\"text-align: center;\"><strong><span style=\"font-size: 14pt;\">La idea de <a href=\"https:\/\/es.wikipedia.org\/wiki\/Conato\" target=\"_blank\" rel=\"noopener\">C<em>onatus<\/em><\/a>, de <em>tendencia a la autoconservaci\u00f3n y la identificaci\u00f3n del derecho natural con el poder del sujeto que act\u00faa en todo caso determinado por la b\u00fasqueda de la satisfacci\u00f3n de su inter\u00e9s y de su deseo<\/em> puede ser relacionado con ese <em>poder (con p min\u00fascula)<\/em><\/span><\/strong><\/p>\n<\/blockquote>\n<p>&nbsp;<\/p>\n<p style=\"text-align: justify;\"><span style=\"font-size: 14pt;\">Las reflexiones que se acaban de desarrollar pueden servir de alguna manera para ofrecer datos con los cuales comprender, al menos en lo b\u00e1sico, la importancia que tiene el concepto de <em><strong>Poder<\/strong><\/em>, en sus diferentes dimensiones, en la obra de <strong>Spinoza<\/strong>. <\/span><\/p>\n<p style=\"text-align: justify;\"><span style=\"font-size: 14pt;\">He comenzado estas reflexiones aludiendo a las distintas posibilidades de comprensi\u00f3n y de significaci\u00f3n de la <strong>noci\u00f3n de Poder<\/strong>. <\/span><\/p>\n<p style=\"text-align: justify;\"><span style=\"font-size: 14pt;\">En ese contexto se aludi\u00f3 a <strong>la importancia que tiene la relaci\u00f3n entre el Derecho y el Poder para comprender el sentido moderno del Derecho como conjunto normativo y tambi\u00e9n para entender alguna de las dimensiones b\u00e1sicas del ejercicio del Poder pol\u00edtico, esto es, la normativa<\/strong>. <\/span><\/p>\n<p style=\"text-align: justify;\"><span style=\"font-size: 14pt;\">Sabido es que <strong>Bobbio<\/strong> ha se\u00f1alado que <strong>Derecho y Poder son dos caras de la misma moneda <\/strong><\/span><a id=\"ref88a\"><\/a><span style=\"font-size: 14pt;\"><strong><a href=\"#ref88\">[88]<\/a> <\/strong>y que <strong>Peces-Barba<\/strong> ha subrayado la <strong>doble posibilidad<\/strong> \u2014punto de vista externo, punto de vista interno\u2014 <strong>de comprensi\u00f3n de la relaci\u00f3n <\/strong><\/span><a id=\"ref89a\"><\/a><span style=\"font-size: 14pt;\"><strong><a href=\"#ref89\">[89]<\/a><\/strong>. <\/span><\/p>\n<p style=\"text-align: justify;\"><span style=\"font-size: 14pt;\">Recordemos tambi\u00e9n que <strong>el concepto de poder se puede entender como posibilidad de actuaci\u00f3n personal, como potencia individual<\/strong>.<\/span><\/p>\n<p style=\"text-align: justify;\"><span style=\"font-size: 14pt;\">Pues bien, creo que en la obra de <strong>Spinoza<\/strong> se pueden encontrar antecedentes de todas estas dimensiones. En efecto, y enlazando con la \u00faltima anotaci\u00f3n, el estudio de la idea de <a href=\"https:\/\/es.wikipedia.org\/wiki\/Conato\" target=\"_blank\" rel=\"noopener\"><strong>C<em>onatus<\/em><\/strong><\/a>, de <em><strong>tendencia a la autoconservaci\u00f3n y la identificaci\u00f3n del derecho natural con el poder del sujeto que act\u00faa en todo caso determinado por la b\u00fasqueda de la satisfacci\u00f3n de su inter\u00e9s y de su deseo<\/strong><\/em> puede ser relacionado con ese <em><strong>poder (con p min\u00fascula)<\/strong> <\/em>al que se aludi\u00f3 al comienzo.<\/span><\/p>\n<p>&nbsp;<\/p>\n<p><img loading=\"lazy\" decoding=\"async\" class=\"aligncenter wp-image-2302347\" src=\"https:\/\/puntocritico.com\/ausajpuntocritico\/wp-content\/uploads\/2024\/10\/conatus-luz-300x171.jpg\" alt=\"\" width=\"480\" height=\"274\" srcset=\"https:\/\/puntocritico.com\/ausajpuntocritico\/wp-content\/uploads\/2024\/10\/conatus-luz-300x171.jpg 300w, https:\/\/puntocritico.com\/ausajpuntocritico\/wp-content\/uploads\/2024\/10\/conatus-luz-1024x585.jpg 1024w, https:\/\/puntocritico.com\/ausajpuntocritico\/wp-content\/uploads\/2024\/10\/conatus-luz-768x439.jpg 768w, https:\/\/puntocritico.com\/ausajpuntocritico\/wp-content\/uploads\/2024\/10\/conatus-luz.jpg 1254w\" sizes=\"auto, (max-width: 480px) 100vw, 480px\" \/><\/p>\n<p>&nbsp;<\/p>\n<p style=\"text-align: justify;\"><span style=\"font-size: 14pt;\">A partir de la directa relaci\u00f3n <strong><em>derecho natural-poder en el estado natural<\/em><\/strong>, se constituye la \u00ab<em><strong>Suprema<\/strong> <strong>Potestad<\/strong><\/em>\u00bb; de la misma manera que lo es por haber acumulado en s\u00ed la suma de todos los derechos de los individuos, el Derecho dictado por ella constituye el patr\u00f3n normativo a seguir en el Estado. <\/span><\/p>\n<p style=\"text-align: justify;\"><span style=\"font-size: 14pt;\">Aludir\u00edamos aqu\u00ed al punto de vista externo de la <em><strong>relaci\u00f3n Derecho-Poder<\/strong><\/em>. <\/span><\/p>\n<p style=\"text-align: justify;\"><span style=\"font-size: 14pt;\">Pero ese <em><strong>Derecho<\/strong><\/em>, que es <em>Derecho<\/em> <em>positivo<\/em>, y por tanto la actuaci\u00f3n misma del <em><strong>Poder<\/strong><\/em>, est\u00e1 <strong>sometido a ciertos l\u00edmites que obedecen a determinadas causas<\/strong>: <\/span><\/p>\n<blockquote>\n<p style=\"text-align: justify;\"><strong><span style=\"font-size: 14pt; color: #008000;\">sometimiento a la raz\u00f3n, irrenunciabilidad de determinadas libertades por parte del sujeto, imposibilidad de intromisi\u00f3n en determinadas parcelas del individuo.<\/span><\/strong><\/p>\n<p style=\"text-align: justify;\">\u00a0<\/p>\n<\/blockquote>\n<p style=\"text-align: justify;\"><span style=\"font-size: 14pt;\">Estamos en presencia de un situaci\u00f3n parangonable en cierta medida a la perspectiva que enfoca la <em><strong>r<em>elaci\u00f3n<\/em> Derecho-Poder<\/strong><\/em> desde el punto de vista interno; aunque ciertamente los l\u00edmites a los que se somete el ejercicio del poder son casi exclusivamente materiales y no necesariamente identificados con el <em><strong>Derecho<\/strong><\/em> producido por el <em><strong>Poder<\/strong> <strong>pol\u00edtico<\/strong><\/em>. <\/span><\/p>\n<p style=\"text-align: justify;\"><span style=\"font-size: 14pt;\">Se estar\u00eda as\u00ed aludiendo a <strong>una normatividad, no necesariamente de naturaleza estrictamente jur\u00eddica, pero que efectivamente limita y racionaliza el ejercicio del Poder<\/strong>.<\/span><\/p>\n<p>&nbsp;<\/p>\n<blockquote>\n<p style=\"text-align: center;\"><span style=\"color: #008000;\"><strong><span style=\"font-size: 14pt;\">Los l\u00edmites a los que se somete el ejercicio del poder son casi exclusivamente materiales y no necesariamente identificados con el <em>Derecho<\/em> producido por el <em>Poder pol\u00edtico<\/em>.<\/span><\/strong><\/span><\/p>\n<\/blockquote>\n<p>&nbsp;<\/p>\n<p style=\"text-align: justify;\"><span style=\"font-size: 14pt;\">Los cl\u00e1sicos lo son porque constantemente recurrimos a ellos en el an\u00e1lisis de problemas y conceptos actuales; porque en su momento adelantaron reflexiones que nos son \u00fatiles en la actualidad. Sus aportaciones constituyen un caudal inacabable de enfoques y perspectivas. <\/span><\/p>\n<p style=\"text-align: justify;\"><span style=\"font-size: 14pt;\">Pues bien, de lo aportado aqu\u00ed creo que se pueden derivar buenas razones para seguir considerando a <strong>Spinoza<\/strong> como una <strong>fuente de argumentos y perspectivas en los temas que a nosotros nos preocupan, relacionados con la \u00e9tica, con el Derecho, con la pol\u00edtica, con la organizaci\u00f3n de la sociedad y con la fundamentaci\u00f3n y justificaci\u00f3n del ejercicio del poder pol\u00edtico<\/strong>. <\/span><\/p>\n<p style=\"text-align: justify;\"><span style=\"font-size: 14pt;\">Del an\u00e1lisis de su pensamiento, sobre todo por lo que se refiere a la <em><strong>relaci\u00f3n entre el Derecho y el Poder pol\u00edtico<\/strong><\/em>, y a la limitaci\u00f3n de \u00e9ste a partir de la <strong>existencia de determinadas libertades irrenunciables<\/strong>, se puede afirmar que es posible encontrar en la obra de <strong>Spinoza<\/strong> avances de lo que hoy convenimos en considerar <em><strong>Estado de Derecho<\/strong><\/em>, concepto imprescindible para entender alguna de las m\u00e1s importantes dimensiones del Poder pol\u00edtico en la actualidad.<\/span><\/p>\n<p>&nbsp;<\/p>\n<blockquote>\n<p style=\"text-align: center;\"><strong><span style=\"font-size: 14pt; color: #008000;\">Del an\u00e1lisis de su pensamiento, sobre todo por lo que se refiere a la <em>relaci\u00f3n entre el Derecho y el Poder pol\u00edtico<\/em>, y a la limitaci\u00f3n de \u00e9ste a partir de la existencia de determinadas libertades irrenunciables, se puede afirmar que es posible encontrar en la obra de Spinoza avances de lo que hoy convenimos en considerar <em>Estado de Derecho<\/em>, concepto imprescindible para entender alguna de las m\u00e1s importantes dimensiones del Poder pol\u00edtico en la actualidad.<\/span><\/strong><\/p>\n<\/blockquote>\n<p>&nbsp;<\/p>\n<p><img loading=\"lazy\" decoding=\"async\" class=\"aligncenter wp-image-11202\" src=\"https:\/\/puntocritico.com\/ausajpuntocritico\/wp-content\/uploads\/2018\/04\/apacienta-mis-ovejas-poder-pastoral-foucault-300x225.jpg\" alt=\"\" width=\"360\" height=\"270\" srcset=\"https:\/\/puntocritico.com\/ausajpuntocritico\/wp-content\/uploads\/2018\/04\/apacienta-mis-ovejas-poder-pastoral-foucault-300x225.jpg 300w, https:\/\/puntocritico.com\/ausajpuntocritico\/wp-content\/uploads\/2018\/04\/apacienta-mis-ovejas-poder-pastoral-foucault-768x576.jpg 768w, https:\/\/puntocritico.com\/ausajpuntocritico\/wp-content\/uploads\/2018\/04\/apacienta-mis-ovejas-poder-pastoral-foucault-678x509.jpg 678w, https:\/\/puntocritico.com\/ausajpuntocritico\/wp-content\/uploads\/2018\/04\/apacienta-mis-ovejas-poder-pastoral-foucault-326x245.jpg 326w, https:\/\/puntocritico.com\/ausajpuntocritico\/wp-content\/uploads\/2018\/04\/apacienta-mis-ovejas-poder-pastoral-foucault-80x60.jpg 80w, https:\/\/puntocritico.com\/ausajpuntocritico\/wp-content\/uploads\/2018\/04\/apacienta-mis-ovejas-poder-pastoral-foucault.jpg 800w\" sizes=\"auto, (max-width: 360px) 100vw, 360px\" \/><\/p>\n<p style=\"text-align: center;\"><span style=\"font-size: 18pt;\">\u2666<span style=\"color: #339966;\">\u2666<\/span>\u2666<\/span><\/p>\n<blockquote>\n<h3 style=\"text-align: center;\"><span style=\"font-size: 18pt;\">Notas<\/span><\/h3>\n<p style=\"text-align: justify;\"><a id=\"ref88\"><\/a><span style=\"font-size: 14pt;\"><strong><a href=\"#ref88a\">[88]<\/a> <\/strong>Vid. N. BOBBIO: \u00abDel poder al Derecho y viceversa\u00bb. ID., Contribuci\u00f3n a la Teor\u00eda del Derecho, ed. de A. Ruiz Miguel, Debate, Madrid, 1990, pag. 356.<\/span><\/p>\n<p style=\"text-align: justify;\"><a id=\"ref89\"><\/a><span style=\"font-size: 14pt;\"><strong><a href=\"#ref89a\">[89]<\/a> <\/strong>Vid. G. PECES-BARBA: Curso de derechos fundamentales, cit., p\u00e1gs. 327 y ss.<\/span><\/p>\n<\/blockquote>\n<p>&nbsp;<\/p>\n<p><img loading=\"lazy\" decoding=\"async\" class=\"aligncenter wp-image-12027\" src=\"https:\/\/puntocritico.com\/ausajpuntocritico\/wp-content\/uploads\/2018\/05\/poder-spinoza-ip-300x169.jpg\" alt=\"Derecho y Poder \" width=\"480\" height=\"270\" srcset=\"https:\/\/puntocritico.com\/ausajpuntocritico\/wp-content\/uploads\/2018\/05\/poder-spinoza-ip-300x169.jpg 300w, https:\/\/puntocritico.com\/ausajpuntocritico\/wp-content\/uploads\/2018\/05\/poder-spinoza-ip.jpg 678w\" sizes=\"auto, (max-width: 480px) 100vw, 480px\" \/><\/p>\n<p>&nbsp;<\/p>\n<blockquote class=\"wp-embedded-content\" data-secret=\"j7YctzMNP3\"><p><a href=\"https:\/\/puntocritico.com\/ausajpuntocritico\/2024\/03\/13\/grandes-exitos-de-la-justicia-espanola-1978-2023-delitos-de-politicos\/\">GRANDES \u00c9XITOS DE LA JUSTICIA ESPA\u00d1OLA (1978 &#8211; 2023): DELITOS DE POL\u00cdTICOS: Una breve e incompleta lista, que puede explicar causas y efectos de los nombramientos arbitrarios de jueces (y muchas otras cosas)<\/a><\/p><\/blockquote>\n<p><iframe loading=\"lazy\" class=\"wp-embedded-content\" sandbox=\"allow-scripts\" security=\"restricted\" style=\"position: absolute; visibility: hidden;\" title=\"\u00abGRANDES \u00c9XITOS DE LA JUSTICIA ESPA\u00d1OLA (1978 &#8211; 2023): DELITOS DE POL\u00cdTICOS: Una breve e incompleta lista, que puede explicar causas y efectos de los nombramientos arbitrarios de jueces (y muchas otras cosas)\u00bb \u2014 Punto Cr\u00edtico Derechos Humanos\" src=\"https:\/\/puntocritico.com\/ausajpuntocritico\/2024\/03\/13\/grandes-exitos-de-la-justicia-espanola-1978-2023-delitos-de-politicos\/embed\/#?secret=ea7Ofws59a#?secret=j7YctzMNP3\" data-secret=\"j7YctzMNP3\" width=\"500\" height=\"282\" frameborder=\"0\" marginwidth=\"0\" marginheight=\"0\" scrolling=\"no\"><\/iframe><\/p>\n<p>&nbsp;<\/p>\n<p><a href=\"https:\/\/puntocritico.com\/author\/punto-critico\/\"><img loading=\"lazy\" decoding=\"async\" class=\"aligncenter wp-image-48\" src=\"https:\/\/puntocritico.com\/ausajpuntocritico\/wp-content\/uploads\/2016\/11\/Mosca_Punto_Cr\u00edtico_40.png\" alt=\"\" width=\"70\" height=\"70\" \/><\/a><\/p>\n<p style=\"text-align: justify;\">\u00a0<\/p>\n","protected":false},"excerpt":{"rendered":"<div class=\"mh-excerpt\"><p>Derecho y Poder \u00a0 PARTE I: El concepto de Poder en Spinoza PARTE II: El concepto de Poder en Spinoza PARTE III: El concepto de Poder en Spinoza PARTE IV: El concepto de Poder en <a class=\"mh-excerpt-more\" href=\"https:\/\/puntocritico.com\/ausajpuntocritico\/2026\/04\/03\/el-concepto-de-poder-spinoza-derecho-y-poder-y-4\/\" title=\"DERECHO Y PODER: El concepto de Poder en Spinoza (y Parte 4: \u00abConclusiones\u00bb), por F. Javier Ansu\u00e1tegui Roig\">[&#8230;]<\/a><\/p>\n<\/div>","protected":false},"author":3,"featured_media":10101,"comment_status":"open","ping_status":"closed","sticky":false,"template":"","format":"standard","meta":{"_acf_changed":false,"_exactmetrics_skip_tracking":false,"_exactmetrics_sitenote_active":false,"_exactmetrics_sitenote_note":"","_exactmetrics_sitenote_category":0,"footnotes":""},"categories":[8],"tags":[43],"class_list":{"0":"post-19357","1":"post","2":"type-post","3":"status-publish","4":"format-standard","5":"has-post-thumbnail","7":"category-filosofia","8":"tag-spinoza"},"acf":[],"_links":{"self":[{"href":"https:\/\/puntocritico.com\/ausajpuntocritico\/wp-json\/wp\/v2\/posts\/19357","targetHints":{"allow":["GET"]}}],"collection":[{"href":"https:\/\/puntocritico.com\/ausajpuntocritico\/wp-json\/wp\/v2\/posts"}],"about":[{"href":"https:\/\/puntocritico.com\/ausajpuntocritico\/wp-json\/wp\/v2\/types\/post"}],"author":[{"embeddable":true,"href":"https:\/\/puntocritico.com\/ausajpuntocritico\/wp-json\/wp\/v2\/users\/3"}],"replies":[{"embeddable":true,"href":"https:\/\/puntocritico.com\/ausajpuntocritico\/wp-json\/wp\/v2\/comments?post=19357"}],"version-history":[{"count":0,"href":"https:\/\/puntocritico.com\/ausajpuntocritico\/wp-json\/wp\/v2\/posts\/19357\/revisions"}],"wp:featuredmedia":[{"embeddable":true,"href":"https:\/\/puntocritico.com\/ausajpuntocritico\/wp-json\/wp\/v2\/media\/10101"}],"wp:attachment":[{"href":"https:\/\/puntocritico.com\/ausajpuntocritico\/wp-json\/wp\/v2\/media?parent=19357"}],"wp:term":[{"taxonomy":"category","embeddable":true,"href":"https:\/\/puntocritico.com\/ausajpuntocritico\/wp-json\/wp\/v2\/categories?post=19357"},{"taxonomy":"post_tag","embeddable":true,"href":"https:\/\/puntocritico.com\/ausajpuntocritico\/wp-json\/wp\/v2\/tags?post=19357"}],"curies":[{"name":"wp","href":"https:\/\/api.w.org\/{rel}","templated":true}]}}