{"id":19280,"date":"2019-07-18T00:05:17","date_gmt":"2019-07-17T23:05:17","guid":{"rendered":"http:\/\/puntocritico.com\/?p=19280"},"modified":"2019-07-15T19:23:50","modified_gmt":"2019-07-15T18:23:50","slug":"las-noticias-del-mes-pasado-junio-de-2019","status":"publish","type":"post","link":"https:\/\/puntocritico.com\/ausajpuntocritico\/2019\/07\/18\/las-noticias-del-mes-pasado-junio-de-2019\/","title":{"rendered":"Las Noticias del mes pasado; Junio de 2019"},"content":{"rendered":"<p><a href=\"https:\/\/confilegal.com\/20190610-operacion-magistrado-que-borrego-se-marche-del-supremo\/\" target=\"_blank\" rel=\"noopener\"><img loading=\"lazy\" decoding=\"async\" class=\"aligncenter size-full wp-image-19283\" src=\"https:\/\/puntocritico.com\/ausajpuntocritico\/wp-content\/uploads\/2019\/07\/Noticias_junio_1.jpg\" alt=\"\" width=\"680\" height=\"935\" srcset=\"https:\/\/puntocritico.com\/ausajpuntocritico\/wp-content\/uploads\/2019\/07\/Noticias_junio_1.jpg 680w, https:\/\/puntocritico.com\/ausajpuntocritico\/wp-content\/uploads\/2019\/07\/Noticias_junio_1-218x300.jpg 218w\" sizes=\"auto, (max-width: 680px) 100vw, 680px\" \/><\/a><\/p>\n<h2 class=\"entry-title\" style=\"text-align: center;\"><a href=\"https:\/\/confilegal.com\/20190610-operacion-magistrado-que-borrego-se-marche-del-supremo\/\" target=\"_blank\" rel=\"noopener\"><span style=\"font-family: arial, helvetica, sans-serif;\">\u00abOperaci\u00f3n Magistrado\u00bb: Que Borrego se marche del Supremo<\/span><\/a><\/h2>\n<p style=\"text-align: center;\">\u00a0<\/p>\n<p>LA DICTADURA JUDICIAL ESPA\u00d1OLA \u201cUNPLUGGED\u201d<\/p>\n<p style=\"text-align: center;\"><a href=\"https:\/\/puntocritico.com\/author\/punto-critico\/\"><img loading=\"lazy\" decoding=\"async\" class=\"aligncenter wp-image-48\" src=\"https:\/\/puntocritico.com\/ausajpuntocritico\/wp-content\/uploads\/2016\/11\/Mosca_Punto_Cr\u00edtico_40.png\" alt=\"\" width=\"60\" height=\"60\" \/><\/a><\/p>\n<hr \/>\n<p style=\"text-align: center;\"><a href=\"https:\/\/confilegal.com\/20190611-la-upf-demanda-la-derogacion-del-articulo-324-de-la-lecrim-y-un-sistema-de-justicia-digital-eficiente\/\" target=\"_blank\" rel=\"noopener\"><img loading=\"lazy\" decoding=\"async\" class=\"aligncenter size-full wp-image-19285\" src=\"https:\/\/puntocritico.com\/ausajpuntocritico\/wp-content\/uploads\/2019\/07\/Noticias_junio_2.jpg\" alt=\"\" width=\"680\" height=\"935\" srcset=\"https:\/\/puntocritico.com\/ausajpuntocritico\/wp-content\/uploads\/2019\/07\/Noticias_junio_2.jpg 680w, https:\/\/puntocritico.com\/ausajpuntocritico\/wp-content\/uploads\/2019\/07\/Noticias_junio_2-218x300.jpg 218w\" sizes=\"auto, (max-width: 680px) 100vw, 680px\" \/><\/a><\/p>\n<p style=\"text-align: center;\">\u00a0<\/p>\n<h2 class=\"entry-title\" style=\"text-align: center;\"><a href=\"https:\/\/confilegal.com\/20190611-la-upf-demanda-la-derogacion-del-articulo-324-de-la-lecrim-y-un-sistema-de-justicia-digital-eficiente\/\" target=\"_blank\" rel=\"noopener\"><span style=\"font-family: arial, helvetica, sans-serif;\">La UPF demanda la derogaci\u00f3n del art\u00edculo 324 de la LECrim, y un sistema de justicia digital eficiente<\/span><\/a><\/h2>\n<p style=\"text-align: center;\"><a href=\"https:\/\/confilegal.com\/20190611-la-upf-demanda-la-derogacion-del-articulo-324-de-la-lecrim-y-un-sistema-de-justicia-digital-eficiente\/\" target=\"_blank\" rel=\"noopener\"><img loading=\"lazy\" decoding=\"async\" class=\"aligncenter wp-image-48\" src=\"https:\/\/puntocritico.com\/ausajpuntocritico\/wp-content\/uploads\/2016\/11\/Mosca_Punto_Cr\u00edtico_40.png\" alt=\"\" width=\"60\" height=\"60\" \/><\/a><\/p>\n<hr \/>\n<p style=\"text-align: center;\"><a href=\"https:\/\/confilegal.com\/20190611-el-cgae-a-la-caza-y-captura-de-los-morosos-de-la-abogacia\/\" target=\"_blank\" rel=\"noopener\"><img loading=\"lazy\" decoding=\"async\" class=\"aligncenter size-full wp-image-19286\" src=\"https:\/\/puntocritico.com\/ausajpuntocritico\/wp-content\/uploads\/2019\/07\/Noticias_junio_3.jpg\" alt=\"\" width=\"680\" height=\"935\" srcset=\"https:\/\/puntocritico.com\/ausajpuntocritico\/wp-content\/uploads\/2019\/07\/Noticias_junio_3.jpg 680w, https:\/\/puntocritico.com\/ausajpuntocritico\/wp-content\/uploads\/2019\/07\/Noticias_junio_3-218x300.jpg 218w\" sizes=\"auto, (max-width: 680px) 100vw, 680px\" \/><\/a><\/p>\n<p style=\"text-align: center;\">\u00a0<\/p>\n<h2 class=\"entry-title\" style=\"text-align: center;\"><a href=\"https:\/\/confilegal.com\/20190611-el-cgae-a-la-caza-y-captura-de-los-morosos-de-la-abogacia\/\" target=\"_blank\" rel=\"noopener\"><span style=\"font-family: arial, helvetica, sans-serif;\">El CGAE, a la caza y captura de los morosos de la abogac\u00eda<\/span><\/a><\/h2>\n<p style=\"text-align: center;\"><a href=\"https:\/\/puntocritico.com\/author\/punto-critico\/\"><img loading=\"lazy\" decoding=\"async\" class=\"aligncenter wp-image-48\" src=\"https:\/\/puntocritico.com\/ausajpuntocritico\/wp-content\/uploads\/2016\/11\/Mosca_Punto_Cr\u00edtico_40.png\" alt=\"\" width=\"60\" height=\"60\" \/><\/a><\/p>\n<hr \/>\n<p style=\"text-align: center;\">\u00a0<\/p>\n<p>[contentcards url=\u00bbhttps:\/\/www.eldiario.es\/canariasahora\/tribunales\/beneficios-sociales-Endesa-abogados-compania_0_907459865.html\u00bb target=\u00bb_blank\u00bb]<\/p>\n<p style=\"text-align: center;\"><a href=\"https:\/\/puntocritico.com\/author\/punto-critico\/\"><img loading=\"lazy\" decoding=\"async\" class=\"aligncenter wp-image-48\" src=\"https:\/\/puntocritico.com\/ausajpuntocritico\/wp-content\/uploads\/2016\/11\/Mosca_Punto_Cr\u00edtico_40.png\" alt=\"\" width=\"60\" height=\"60\" \/><\/a><\/p>\n<hr \/>\n<p style=\"text-align: center;\">\u00a0<\/p>\n<p>[contentcards url=\u00bbhttps:\/\/www.eldiario.es\/andalucia\/rectificaciones-recuento-cambian-municipios-Andalucia_0_908509871.html\u00bb target=\u00bb_blank\u00bb]<\/p>\n<p style=\"text-align: center;\">\u00a0<\/p>\n<p><span style=\"font-family: arial, helvetica, sans-serif;\">PUCHERAZOS HISPANOS Nuestro espejismo: Democracia sin Demos. El Despotismo Ilustrado del Siglo XXI; \u201cNada para el Pueblo; todo sin el pueblo\u201d.<\/span><\/p>\n<p style=\"text-align: center;\"><a href=\"https:\/\/puntocritico.com\/author\/punto-critico\/\"><img loading=\"lazy\" decoding=\"async\" class=\"aligncenter wp-image-48\" src=\"https:\/\/puntocritico.com\/ausajpuntocritico\/wp-content\/uploads\/2016\/11\/Mosca_Punto_Cr\u00edtico_40.png\" alt=\"\" width=\"60\" height=\"60\" \/><\/a><\/p>\n<hr \/>\n<p style=\"text-align: center;\">\u00a0<\/p>\n<p>[contentcards url=\u00bbhttps:\/\/www.elmundo.es\/cronica\/2019\/06\/11\/5cfa8b11fc6c83fe318b458f.html\u00bb target=\u00bb_blank\u00bb]<\/p>\n<p style=\"text-align: center;\"><a href=\"https:\/\/puntocritico.com\/author\/punto-critico\/\"><img loading=\"lazy\" decoding=\"async\" class=\"aligncenter wp-image-48\" src=\"https:\/\/puntocritico.com\/ausajpuntocritico\/wp-content\/uploads\/2016\/11\/Mosca_Punto_Cr\u00edtico_40.png\" alt=\"\" width=\"60\" height=\"60\" \/><\/a><\/p>\n<hr \/>\n<p style=\"text-align: center;\">\u00a0<\/p>\n<p>[contentcards url=\u00bbhttps:\/\/www.publico.es\/politica\/exclusiva-cloacas-baleares-mafia-cursach-impulsa-campana-prensa-invalidar-instruccion-caso.html\u00bb target=\u00bb_blank\u00bb]<\/p>\n<p><span style=\"font-family: arial, helvetica, sans-serif;\">Las Mafias que \u201cimpulsan campa\u00f1as de prensa\u201d. De casas matrices de los partidos pol\u00edticos, a dictar sentencias. Todo es posible; hasta conseguir que votemos por delincuentes \u2026 durante cuarenta a\u00f1os.<\/span><\/p>\n<p style=\"text-align: center;\"><a href=\"https:\/\/puntocritico.com\/author\/punto-critico\/\"><img loading=\"lazy\" decoding=\"async\" class=\"aligncenter wp-image-48\" src=\"https:\/\/puntocritico.com\/ausajpuntocritico\/wp-content\/uploads\/2016\/11\/Mosca_Punto_Cr\u00edtico_40.png\" alt=\"\" width=\"60\" height=\"60\" \/><\/a><\/p>\n<hr \/>\n<p style=\"text-align: center;\">\u00a0<\/p>\n<p>[contentcards url=\u00bbhttps:\/\/www.elmundo.es\/internacional\/2019\/06\/10\/5cfe2fb621efa0ff058b456f.html\u00bb target=\u00bb_blank\u00bb]<\/p>\n<p style=\"text-align: center;\"><a href=\"https:\/\/puntocritico.com\/author\/punto-critico\/\"><img loading=\"lazy\" decoding=\"async\" class=\"aligncenter wp-image-48\" src=\"https:\/\/puntocritico.com\/ausajpuntocritico\/wp-content\/uploads\/2016\/11\/Mosca_Punto_Cr\u00edtico_40.png\" alt=\"\" width=\"60\" height=\"60\" \/><\/a><\/p>\n<hr \/>\n<p style=\"text-align: center;\">\u00a0<\/p>\n<p>[contentcards url=\u00bbhttps:\/\/www.abc.es\/espana\/abci-psoe-amenaza-nuevas-elecciones-y-vuelve-rechazar-iglesias-como-ministro-201906101437_noticia.html\u00bb target=\u00bb_blank\u00bb]<\/p>\n<p style=\"text-align: center;\"><a href=\"https:\/\/puntocritico.com\/author\/punto-critico\/\"><img loading=\"lazy\" decoding=\"async\" class=\"aligncenter wp-image-48\" src=\"https:\/\/puntocritico.com\/ausajpuntocritico\/wp-content\/uploads\/2016\/11\/Mosca_Punto_Cr\u00edtico_40.png\" alt=\"\" width=\"60\" height=\"60\" \/><\/a><\/p>\n<hr \/>\n<p style=\"text-align: center;\">\u00a0<\/p>\n<p>[contentcards url=\u00bbhttps:\/\/www.abc.es\/deportes\/futbol\/abci-condenado-prevaricacion-juez-reunio-villar-201906101439_noticia.html\u00bb target=\u00bb_blank\u00bb]<\/p>\n<p style=\"text-align: center;\"><a href=\"https:\/\/puntocritico.com\/author\/punto-critico\/\"><img loading=\"lazy\" decoding=\"async\" class=\"aligncenter wp-image-48\" src=\"https:\/\/puntocritico.com\/ausajpuntocritico\/wp-content\/uploads\/2016\/11\/Mosca_Punto_Cr\u00edtico_40.png\" alt=\"\" width=\"60\" height=\"60\" \/><\/a><\/p>\n<hr \/>\n<p style=\"text-align: center;\"><a href=\"https:\/\/confilegal.com\/20190610-el-supremo-tiene-que-decidir-si-imputar-al-presidente-de-la-sala-de-lo-contencioso-del-tsjcat\/\" target=\"_blank\" rel=\"noopener\"><img loading=\"lazy\" decoding=\"async\" class=\"aligncenter size-full wp-image-19287\" src=\"https:\/\/puntocritico.com\/ausajpuntocritico\/wp-content\/uploads\/2019\/07\/Noticias_junio_4.jpg\" alt=\"\" width=\"680\" height=\"935\" srcset=\"https:\/\/puntocritico.com\/ausajpuntocritico\/wp-content\/uploads\/2019\/07\/Noticias_junio_4.jpg 680w, https:\/\/puntocritico.com\/ausajpuntocritico\/wp-content\/uploads\/2019\/07\/Noticias_junio_4-218x300.jpg 218w\" sizes=\"auto, (max-width: 680px) 100vw, 680px\" \/><\/a><\/p>\n<p style=\"text-align: center;\">\u00a0<\/p>\n<h2 class=\"entry-title\" style=\"text-align: center;\"><a href=\"https:\/\/confilegal.com\/20190610-el-supremo-tiene-que-decidir-si-imputar-al-presidente-de-la-sala-de-lo-contencioso-del-tsjcat\/\" target=\"_blank\" rel=\"noopener\"><span style=\"font-family: arial, helvetica, sans-serif;\">El Supremo tiene que decidir si imputar al presidente de la Sala de lo Contencioso del TSJCat<\/span><\/a><\/h2>\n<p style=\"text-align: center;\"><a href=\"https:\/\/puntocritico.com\/author\/punto-critico\/\"><img loading=\"lazy\" decoding=\"async\" class=\"aligncenter wp-image-48\" src=\"https:\/\/puntocritico.com\/ausajpuntocritico\/wp-content\/uploads\/2016\/11\/Mosca_Punto_Cr\u00edtico_40.png\" alt=\"\" width=\"60\" height=\"60\" \/><\/a><\/p>\n<hr \/>\n<p style=\"text-align: center;\"><a href=\"https:\/\/confilegal.com\/20190610-jjpd-denuncia-al-cgpj-y-al-ministerio-de-justicia-por-incumplir-las-normas-de-prevencion-de-riesgos-laborales\/\" target=\"_blank\" rel=\"noopener\"><img loading=\"lazy\" decoding=\"async\" class=\"aligncenter size-full wp-image-19289\" src=\"https:\/\/puntocritico.com\/ausajpuntocritico\/wp-content\/uploads\/2019\/07\/Noticias_junio_5.jpg\" alt=\"\" width=\"680\" height=\"935\" srcset=\"https:\/\/puntocritico.com\/ausajpuntocritico\/wp-content\/uploads\/2019\/07\/Noticias_junio_5.jpg 680w, https:\/\/puntocritico.com\/ausajpuntocritico\/wp-content\/uploads\/2019\/07\/Noticias_junio_5-218x300.jpg 218w\" sizes=\"auto, (max-width: 680px) 100vw, 680px\" \/><\/a><\/p>\n<p style=\"text-align: center;\">\u00a0<\/p>\n<h2 class=\"entry-title\" style=\"text-align: center;\"><a href=\"https:\/\/confilegal.com\/20190610-jjpd-denuncia-al-cgpj-y-al-ministerio-de-justicia-por-incumplir-las-normas-de-prevencion-de-riesgos-laborales\/\" target=\"_blank\" rel=\"noopener\"><span style=\"font-family: arial, helvetica, sans-serif;\">JJpD denuncia al CGPJ y al Ministerio de Justicia por incumplir las normas de prevenci\u00f3n de riesgos laborales<\/span><\/a><\/h2>\n<p style=\"text-align: center;\"><a href=\"https:\/\/puntocritico.com\/author\/punto-critico\/\"><img loading=\"lazy\" decoding=\"async\" class=\"aligncenter wp-image-48\" src=\"https:\/\/puntocritico.com\/ausajpuntocritico\/wp-content\/uploads\/2016\/11\/Mosca_Punto_Cr\u00edtico_40.png\" alt=\"\" width=\"60\" height=\"60\" \/><\/a><\/p>\n<hr \/>\n<p style=\"text-align: center;\">\u00a0<\/p>\n<p>[contentcards url=\u00bbhttps:\/\/diario16.com\/soraya-saenz-de-santamaria-contratada-por-600-000-euros-por-el-santander-y-ii\/\u00bb target=\u00bb_blank\u00bb]<\/p>\n<p style=\"text-align: center;\">\u00a0<\/p>\n<p><span style=\"font-family: arial, helvetica, sans-serif;\">DESTRUIR LA CONVIVENCIA TIENE PREMIO. El premio para la nieta del general franquista adorado por los socialistas del GAL, parentesco direct\u00edsimo que, cuando nadie la conoc\u00eda, negaba, como buena cat\u00f3lica, por tres veces. Hoy es informaci\u00f3n censurada; solo vive en el recuerdo \u2026<\/span><\/p>\n<p style=\"text-align: center;\"><a href=\"https:\/\/puntocritico.com\/author\/punto-critico\/\"><img loading=\"lazy\" decoding=\"async\" class=\"aligncenter wp-image-48\" src=\"https:\/\/puntocritico.com\/ausajpuntocritico\/wp-content\/uploads\/2016\/11\/Mosca_Punto_Cr\u00edtico_40.png\" alt=\"\" width=\"60\" height=\"60\" \/><\/a><\/p>\n<hr \/>\n<p style=\"text-align: center;\">\u00a0<\/p>\n<p>[contentcards url=\u00bbhttps:\/\/diario16.com\/soraya-saenz-de-santamaria-contratada-por-600-000-euros-por-el-santander\/\u00bb target=\u00bb_blank\u00bb]<\/p>\n<p style=\"text-align: center;\"><a href=\"https:\/\/puntocritico.com\/author\/punto-critico\/\"><img loading=\"lazy\" decoding=\"async\" class=\"aligncenter wp-image-48\" src=\"https:\/\/puntocritico.com\/ausajpuntocritico\/wp-content\/uploads\/2016\/11\/Mosca_Punto_Cr\u00edtico_40.png\" alt=\"\" width=\"60\" height=\"60\" \/><\/a><\/p>\n<hr \/>\n<p style=\"text-align: center;\"><a href=\"https:\/\/elpais.com\/economia\/2019\/04\/09\/actualidad\/1554813399_338243.html?rel=str_articulo#1560086210726\" target=\"_blank\" rel=\"noopener\"><img loading=\"lazy\" decoding=\"async\" class=\"aligncenter size-full wp-image-19290\" src=\"https:\/\/puntocritico.com\/ausajpuntocritico\/wp-content\/uploads\/2019\/07\/Noticias_junio_6.jpg\" alt=\"\" width=\"680\" height=\"935\" srcset=\"https:\/\/puntocritico.com\/ausajpuntocritico\/wp-content\/uploads\/2019\/07\/Noticias_junio_6.jpg 680w, https:\/\/puntocritico.com\/ausajpuntocritico\/wp-content\/uploads\/2019\/07\/Noticias_junio_6-218x300.jpg 218w\" sizes=\"auto, (max-width: 680px) 100vw, 680px\" \/><\/a><\/p>\n<p style=\"text-align: center;\">\u00a0<\/p>\n<h2 id=\"articulo-titulo\" class=\"articulo-titulo \" style=\"text-align: center;\"><a href=\"https:\/\/elpais.com\/economia\/2019\/04\/09\/actualidad\/1554813399_338243.html?rel=str_articulo#1560086210726\" target=\"_blank\" rel=\"noopener\"><span style=\"font-family: arial, helvetica, sans-serif;\">El FMI rebaja la previsi\u00f3n de crecimiento para Espa\u00f1a y alerta del riesgo de que no baje m\u00e1s el paro<\/span><\/a><\/h2>\n<p><span style=\"font-family: arial, helvetica, sans-serif;\">En realidad, lo que quiere decir es que el FMI HAR\u00c1 LO POSIBLE PARA QUE NO CREZCAN NADA M\u00c1S QUE LOS PROBLEMAS. Porque es entonces cuando m\u00e1s sencillo les resulta conseguir que creamos necesitarles. Como el yonki a su camello.<\/span><\/p>\n<p style=\"text-align: center;\"><a href=\"https:\/\/puntocritico.com\/author\/punto-critico\/\"><img loading=\"lazy\" decoding=\"async\" class=\"aligncenter wp-image-48\" src=\"https:\/\/puntocritico.com\/ausajpuntocritico\/wp-content\/uploads\/2016\/11\/Mosca_Punto_Cr\u00edtico_40.png\" alt=\"\" width=\"60\" height=\"60\" \/><\/a><\/p>\n<hr \/>\n<p style=\"text-align: center;\">\u00a0<\/p>\n<p>[contentcards url=\u00bbhttps:\/\/www.elmundo.es\/cronica\/2019\/06\/09\/5cfaacc421efa0d6558b4603.html\u00bb target=\u00bb_blank\u00bb]<\/p>\n<p style=\"text-align: center;\"><a href=\"https:\/\/puntocritico.com\/author\/punto-critico\/\"><img loading=\"lazy\" decoding=\"async\" class=\"aligncenter wp-image-48\" src=\"https:\/\/puntocritico.com\/ausajpuntocritico\/wp-content\/uploads\/2016\/11\/Mosca_Punto_Cr\u00edtico_40.png\" alt=\"\" width=\"60\" height=\"60\" \/><\/a><\/p>\n<hr \/>\n<p style=\"text-align: center;\">\u00a0<\/p>\n<p>[contentcards url=\u00bbhttps:\/\/www.publico.es\/politica\/esperanza-aguirre-no-me-pareceria-mal-pp-abstuviera-gobernara-psoe.html\u00bb target=\u00bb_blank\u00bb]<\/p>\n<p style=\"text-align: center;\">\u00a0<\/p>\n<p><span style=\"font-family: arial, helvetica, sans-serif;\">La \u201cREFUNDADORA\u201d DE VOX. La que pag\u00f3 -con nuestro dinero- los Chiringuitos en que pastaba el l\u00edder de los payasos neofranquistas, ese destacado denunciante de chiringueos ajenos. ES EL PPSOE, en todo su esplendor<\/span><\/p>\n<p style=\"text-align: center;\"><a href=\"https:\/\/puntocritico.com\/author\/punto-critico\/\"><img loading=\"lazy\" decoding=\"async\" class=\"aligncenter wp-image-48\" src=\"https:\/\/puntocritico.com\/ausajpuntocritico\/wp-content\/uploads\/2016\/11\/Mosca_Punto_Cr\u00edtico_40.png\" alt=\"\" width=\"60\" height=\"60\" \/><\/a><\/p>\n<hr \/>\n<p style=\"text-align: center;\"><a href=\"https:\/\/confilegal.com\/20190608-las-victimas-del-alvia-apelan-al-defensor-del-pueblo-europeo-porque-6-anos-despues-no-hay-investigacion-independiente\/\" target=\"_blank\" rel=\"noopener\"><img loading=\"lazy\" decoding=\"async\" class=\"aligncenter size-full wp-image-19291\" src=\"https:\/\/puntocritico.com\/ausajpuntocritico\/wp-content\/uploads\/2019\/07\/Noticias_junio_7.jpg\" alt=\"\" width=\"680\" height=\"935\" srcset=\"https:\/\/puntocritico.com\/ausajpuntocritico\/wp-content\/uploads\/2019\/07\/Noticias_junio_7.jpg 680w, https:\/\/puntocritico.com\/ausajpuntocritico\/wp-content\/uploads\/2019\/07\/Noticias_junio_7-218x300.jpg 218w\" sizes=\"auto, (max-width: 680px) 100vw, 680px\" \/><\/a><\/p>\n<p style=\"text-align: center;\">\u00a0<\/p>\n<h2 class=\"entry-title\"><a href=\"https:\/\/confilegal.com\/20190608-las-victimas-del-alvia-apelan-al-defensor-del-pueblo-europeo-porque-6-anos-despues-no-hay-investigacion-independiente\/\" target=\"_blank\" rel=\"noopener\"><span style=\"font-family: arial, helvetica, sans-serif;\">Las v\u00edctimas del Alvia apelan al Defensor del Pueblo Europeo porque 6 a\u00f1os despu\u00e9s \u2018no hay investigaci\u00f3n independiente\u2019<\/span><\/a><\/h2>\n<p style=\"text-align: center;\"><a href=\"https:\/\/puntocritico.com\/author\/punto-critico\/\"><img loading=\"lazy\" decoding=\"async\" class=\"aligncenter wp-image-48\" src=\"https:\/\/puntocritico.com\/ausajpuntocritico\/wp-content\/uploads\/2016\/11\/Mosca_Punto_Cr\u00edtico_40.png\" alt=\"\" width=\"60\" height=\"60\" \/><\/a><\/p>\n<hr \/>\n<p style=\"text-align: center;\">\u00a0<\/p>\n<p>[contentcards url=\u00bbhttps:\/\/www.eldiario.es\/politica\/negativa-Gobierno-instruccion-investigaciones-corrupcion_0_907459668.html\u00bb target=\u00bb_blank\u00bb]<\/p>\n<p style=\"text-align: center;\"><a href=\"https:\/\/puntocritico.com\/author\/punto-critico\/\"><img loading=\"lazy\" decoding=\"async\" class=\"aligncenter wp-image-48\" src=\"https:\/\/puntocritico.com\/ausajpuntocritico\/wp-content\/uploads\/2016\/11\/Mosca_Punto_Cr\u00edtico_40.png\" alt=\"\" width=\"60\" height=\"60\" \/><\/a><\/p>\n<hr \/>\n<p style=\"text-align: center;\">\u00a0<\/p>\n<p>[contentcards url=\u00bbhttps:\/\/www.eldiario.es\/economia\/Abertis-recibira-compensacion-reclamaba-Fomento_0_907459507.html\u00bb target=\u00bb_blank\u00bb]<\/p>\n<p style=\"text-align: center;\"><a href=\"https:\/\/puntocritico.com\/author\/punto-critico\/\"><img loading=\"lazy\" decoding=\"async\" class=\"aligncenter wp-image-48\" src=\"https:\/\/puntocritico.com\/ausajpuntocritico\/wp-content\/uploads\/2016\/11\/Mosca_Punto_Cr\u00edtico_40.png\" alt=\"\" width=\"60\" height=\"60\" \/><\/a><\/p>\n<hr \/>\n<p style=\"text-align: center;\"><a href=\"https:\/\/confilegal.com\/20190606-la-audiencia-nacional-impone-penas-de-2-a-5-anos-para-los-5-gestores-de-un-grupo-de-apologia-yihadista-en-redes\/\" target=\"_blank\" rel=\"noopener\"><img loading=\"lazy\" decoding=\"async\" class=\"aligncenter size-full wp-image-19292\" src=\"https:\/\/puntocritico.com\/ausajpuntocritico\/wp-content\/uploads\/2019\/07\/Noticias_junio_8.jpg\" alt=\"\" width=\"680\" height=\"935\" srcset=\"https:\/\/puntocritico.com\/ausajpuntocritico\/wp-content\/uploads\/2019\/07\/Noticias_junio_8.jpg 680w, https:\/\/puntocritico.com\/ausajpuntocritico\/wp-content\/uploads\/2019\/07\/Noticias_junio_8-218x300.jpg 218w\" sizes=\"auto, (max-width: 680px) 100vw, 680px\" \/><\/a><\/p>\n<p style=\"text-align: center;\">\u00a0<\/p>\n<h2 class=\"entry-title\" style=\"text-align: center;\"><a href=\"https:\/\/confilegal.com\/20190606-la-audiencia-nacional-impone-penas-de-2-a-5-anos-para-los-5-gestores-de-un-grupo-de-apologia-yihadista-en-redes\/\" target=\"_blank\" rel=\"noopener\"><span style=\"font-family: arial, helvetica, sans-serif;\">La Audiencia Nacional impone penas de 2 a 5 a\u00f1os para los 5 gestores de un grupo de apolog\u00eda yihadista en redes<\/span><\/a><\/h2>\n<p style=\"text-align: center;\"><a href=\"https:\/\/puntocritico.com\/author\/punto-critico\/\"><img loading=\"lazy\" decoding=\"async\" class=\"aligncenter wp-image-48\" src=\"https:\/\/puntocritico.com\/ausajpuntocritico\/wp-content\/uploads\/2016\/11\/Mosca_Punto_Cr\u00edtico_40.png\" alt=\"\" width=\"60\" height=\"60\" \/><\/a><\/p>\n<hr \/>\n<p style=\"text-align: center;\">\u00a0<\/p>\n<p>[contentcards url=\u00bbhttps:\/\/ctxt.es\/es\/20190529\/Firmas\/26484\/derecho-penal-catalunya-juicio-al-proces-onu-martin-pallin.htm%22&#8243; target=\u00bb_blank\u00bb]<\/p>\n<p><span style=\"font-family: arial, helvetica, sans-serif;\">PROPUESTA PARA UN NUEVO C\u00d3DIGO PENAL ADAPTADO A LA REALIDAD SOCIAL: \u201cEs un delincuente; no piensa como yo\u201d.<\/span><\/p>\n<p style=\"text-align: center;\"><a href=\"https:\/\/puntocritico.com\/author\/punto-critico\/\"><img loading=\"lazy\" decoding=\"async\" class=\"aligncenter wp-image-48\" src=\"https:\/\/puntocritico.com\/ausajpuntocritico\/wp-content\/uploads\/2016\/11\/Mosca_Punto_Cr\u00edtico_40.png\" alt=\"\" width=\"60\" height=\"60\" \/><\/a><\/p>\n<hr \/>\n<p style=\"text-align: center;\">\u00a0<\/p>\n<p>[contentcards url=\u00bbhttps:\/\/www.publico.es\/politica\/villarejo-invirtio-ganancias-investiga-audiencia-nacional-mismo-grupo-botella-vendio-34-pisos-precio-saldo.html\u00bb target=\u00bb_blank\u00bb]<\/p>\n<p style=\"text-align: center;\">\u00a0<\/p>\n<p><span style=\"font-family: arial, helvetica, sans-serif;\">LAS ANDANZAS DE LOS IMPUNES dejan cad\u00e1veres putrefactos.<\/span><\/p>\n<p style=\"text-align: center;\"><a href=\"https:\/\/puntocritico.com\/author\/punto-critico\/\"><img loading=\"lazy\" decoding=\"async\" class=\"aligncenter wp-image-48\" src=\"https:\/\/puntocritico.com\/ausajpuntocritico\/wp-content\/uploads\/2016\/11\/Mosca_Punto_Cr\u00edtico_40.png\" alt=\"\" width=\"60\" height=\"60\" \/><\/a><\/p>\n<hr \/>\n<p style=\"text-align: center;\">\u00a0<\/p>\n<p>[contentcards url=\u00bbhttps:\/\/www.publico.es\/politica\/saldo-cuatro-anos-carmena-madrid-54-menos-deuda-y-superavit-1-072-millones.html\u00bb target=\u00bb_blank\u00bb]<\/p>\n<p style=\"text-align: center;\">\u00a0<\/p>\n<p><span style=\"font-family: arial, helvetica, sans-serif;\">Record\u00e1is aquello de \u201cVAMOS A AUDITAR LA DEUDA\u201d, \u201cDEUDA ODIOSA\u201d, Y TAL Y TAL. PUES NO. EN LUGAR DE AUDITARLA LA HAN PAGADO A COSTA DE LOS SERVICIOS P\u00daBLICOS. <\/span><span style=\"font-family: arial, helvetica, sans-serif;\">ES EL PPSOE, EST\u00daPIDO !!<\/span><\/p>\n<p style=\"text-align: center;\"><a href=\"https:\/\/puntocritico.com\/author\/punto-critico\/\"><img loading=\"lazy\" decoding=\"async\" class=\"aligncenter wp-image-48\" src=\"https:\/\/puntocritico.com\/ausajpuntocritico\/wp-content\/uploads\/2016\/11\/Mosca_Punto_Cr\u00edtico_40.png\" alt=\"\" width=\"60\" height=\"60\" \/><\/a><\/p>\n<hr \/>\n<p style=\"text-align: center;\">\u00a0<\/p>\n<p>[contentcards url=\u00bbhttps:\/\/www.elimparcial.es\/noticia\/201884\/editorial\/al-final-albert-rivera-apoya-a-pedro-sanchez.html\u00bb target=\u00bb_blank\u00bb]<\/p>\n<p style=\"text-align: center;\"><a href=\"https:\/\/puntocritico.com\/author\/punto-critico\/\"><img loading=\"lazy\" decoding=\"async\" class=\"aligncenter wp-image-48\" src=\"https:\/\/puntocritico.com\/ausajpuntocritico\/wp-content\/uploads\/2016\/11\/Mosca_Punto_Cr\u00edtico_40.png\" alt=\"\" width=\"60\" height=\"60\" \/><\/a><\/p>\n<hr \/>\n<p style=\"text-align: center;\">\u00a0<\/p>\n<p>[contentcards url=\u00bbhttps:\/\/www.publico.es\/videos\/774885\/errejon-planteara-manana-al-psoe-una-reunion-a-tres-con-cs\u00bb target=\u00bb_blank\u00bb]<\/p>\n<p style=\"text-align: center;\"><a href=\"https:\/\/puntocritico.com\/author\/punto-critico\/\"><img loading=\"lazy\" decoding=\"async\" class=\"aligncenter wp-image-48\" src=\"https:\/\/puntocritico.com\/ausajpuntocritico\/wp-content\/uploads\/2016\/11\/Mosca_Punto_Cr\u00edtico_40.png\" alt=\"\" width=\"60\" height=\"60\" \/><\/a><\/p>\n<hr \/>\n<p style=\"text-align: center;\">\u00a0<\/p>\n<p>[contentcards url=\u00bbhttps:\/\/lacronicadesalamanca.com\/240737-cs-admite-que-pactara-de-forma-excepcional-con-el-psoe-en-cyl\/\u00bb target=\u00bb_blank\u00bb]<\/p>\n<p style=\"text-align: center;\"><a href=\"https:\/\/puntocritico.com\/author\/punto-critico\/\"><img loading=\"lazy\" decoding=\"async\" class=\"aligncenter wp-image-48\" src=\"https:\/\/puntocritico.com\/ausajpuntocritico\/wp-content\/uploads\/2016\/11\/Mosca_Punto_Cr\u00edtico_40.png\" alt=\"\" width=\"60\" height=\"60\" \/><\/a><\/p>\n<hr \/>\n<p style=\"text-align: center;\"><a href=\"https:\/\/www.elconfidencial.com\/elecciones-municipales-y-autonomicas\/2019-05-28\/ciudadanos-pactara-con-el-psoe-donde_2039814\/\" target=\"_blank\" rel=\"noopener\"><img loading=\"lazy\" decoding=\"async\" class=\"aligncenter size-full wp-image-19293\" src=\"https:\/\/puntocritico.com\/ausajpuntocritico\/wp-content\/uploads\/2019\/07\/Noticias_junio_9.jpg\" alt=\"\" width=\"680\" height=\"935\" srcset=\"https:\/\/puntocritico.com\/ausajpuntocritico\/wp-content\/uploads\/2019\/07\/Noticias_junio_9.jpg 680w, https:\/\/puntocritico.com\/ausajpuntocritico\/wp-content\/uploads\/2019\/07\/Noticias_junio_9-218x300.jpg 218w\" sizes=\"auto, (max-width: 680px) 100vw, 680px\" \/><\/a><\/p>\n<p style=\"text-align: center;\">\u00a0<\/p>\n<h2 class=\"news-header-tit\" style=\"text-align: center;\" data-title=\"Cs podr\u00eda pactar con el PSOE donde se reniegue de S\u00e1nchez\"><a href=\"https:\/\/www.elconfidencial.com\/elecciones-municipales-y-autonomicas\/2019-05-28\/ciudadanos-pactara-con-el-psoe-donde_2039814\/\" target=\"_blank\" rel=\"noopener\"><span style=\"font-family: arial, helvetica, sans-serif;\">Cs pactar\u00e1 con el PSOE donde \u00abrenieguen de S\u00e1nchez y los pactos con independentistas\u00bb<\/span><\/a><\/h2>\n<p><span style=\"font-family: arial, helvetica, sans-serif;\">NECESITAMOS QUE ESTOS DELINCUENTES EST\u00c9N SUJETOS, YA QUE NO A RESPONSABILIDAD PENAL, PUES SON IMPUNES DE FACTO, SI AL MENOS A MANDATO REPRESENTATIVO.<\/span><\/p>\n<p><span style=\"font-family: arial, helvetica, sans-serif;\">Nos mienten para conseguir nuestros votos (que son dinero para corruptos). No, no nos representan; s\u00f3lo nos utilizan.<\/span><\/p>\n<p style=\"text-align: center;\"><a href=\"https:\/\/puntocritico.com\/author\/punto-critico\/\"><img loading=\"lazy\" decoding=\"async\" class=\"aligncenter wp-image-48\" src=\"https:\/\/puntocritico.com\/ausajpuntocritico\/wp-content\/uploads\/2016\/11\/Mosca_Punto_Cr\u00edtico_40.png\" alt=\"\" width=\"60\" height=\"60\" \/><\/a><\/p>\n<hr \/>\n<p style=\"text-align: center;\">\u00a0<\/p>\n<p>[contentcards url=\u00bbhttp:\/\/www.rtve.es\/noticias\/20190218\/ciudadanos-no-pactara-ni-pedro-sanchez-ni-psoe\/1886201.shtml\u00bb target=\u00bb_blank\u00bb]<\/p>\n<p style=\"text-align: center;\"><a href=\"https:\/\/puntocritico.com\/author\/punto-critico\/\"><img loading=\"lazy\" decoding=\"async\" class=\"aligncenter wp-image-48\" src=\"https:\/\/puntocritico.com\/ausajpuntocritico\/wp-content\/uploads\/2016\/11\/Mosca_Punto_Cr\u00edtico_40.png\" alt=\"\" width=\"60\" height=\"60\" \/><\/a><\/p>\n<hr \/>\n<p style=\"text-align: center;\">\u00a0<\/p>\n<p>[contentcards url=\u00bbhttps:\/\/www.lasexta.com\/noticias\/nacional\/elecciones-generales\/ciudadanos-insiste-en-que-no-pactara-con-el-psoe-han-votado-los-espanoles-no-la-ceoe_201904305cc81aaa0cf2ff856cf39306.html\u00bb target=\u00bb_blank\u00bb]<\/p>\n<p style=\"text-align: center;\"><a href=\"https:\/\/puntocritico.com\/author\/punto-critico\/\"><img loading=\"lazy\" decoding=\"async\" class=\"aligncenter wp-image-48\" src=\"https:\/\/puntocritico.com\/ausajpuntocritico\/wp-content\/uploads\/2016\/11\/Mosca_Punto_Cr\u00edtico_40.png\" alt=\"\" width=\"60\" height=\"60\" \/><\/a><\/p>\n<hr \/>\n<p style=\"text-align: center;\">\u00a0<\/p>\n<p>[contentcards url=\u00bbhttps:\/\/www.20minutos.es\/noticia\/3565988\/0\/ciudadanos-no-pactara-sanchez-psoe\/\u00bb target=\u00bb_blank\u00bb]<\/p>\n<p style=\"text-align: center;\"><a href=\"https:\/\/puntocritico.com\/author\/punto-critico\/\"><img loading=\"lazy\" decoding=\"async\" class=\"aligncenter wp-image-48\" src=\"https:\/\/puntocritico.com\/ausajpuntocritico\/wp-content\/uploads\/2016\/11\/Mosca_Punto_Cr\u00edtico_40.png\" alt=\"\" width=\"60\" height=\"60\" \/><\/a><\/p>\n<hr \/>\n<p style=\"text-align: center;\">\u00a0<\/p>\n<p>[contentcards url=\u00bbhttps:\/\/www.eldiario.es\/politica\/limitacion-investigaciones-penales-corrupcion-Murcia_0_907459549.html\u00bb target=\u00bb_blank\u00bb]<\/p>\n<p style=\"text-align: center;\">\u00a0<\/p>\n<p><span style=\"font-family: arial, helvetica, sans-serif;\">FE DE ERRATAS: Se refiere a \u201cLOS GOBIERNOS DEL PPSOE\u201d; uno lo aprob\u00f3 y el otro lo mantiene. Sin Justicia no hay Estado de Derecho. Y cuando los Diputados electos son delincuentes, en vez de Parlamento, tenemos \u2026 lo que merecemos: la Cueva de Al\u00ed Bab\u00e1.<\/span><\/p>\n<p style=\"text-align: center;\"><a href=\"https:\/\/puntocritico.com\/author\/punto-critico\/\"><img loading=\"lazy\" decoding=\"async\" class=\"aligncenter wp-image-48\" src=\"https:\/\/puntocritico.com\/ausajpuntocritico\/wp-content\/uploads\/2016\/11\/Mosca_Punto_Cr\u00edtico_40.png\" alt=\"\" width=\"60\" height=\"60\" \/><\/a><\/p>\n<hr \/>\n<p style=\"text-align: center;\">\u00a0<\/p>\n<p>[contentcards url=\u00bbhttps:\/\/www.elmundo.es\/tecnologia\/2019\/06\/05\/5cf6a2a5fdddff7a768b45d2.html\u00bb target=\u00bb_blank\u00bb]<\/p>\n<p style=\"text-align: center;\"><a href=\"https:\/\/puntocritico.com\/author\/punto-critico\/\"><img loading=\"lazy\" decoding=\"async\" class=\"aligncenter wp-image-48\" src=\"https:\/\/puntocritico.com\/ausajpuntocritico\/wp-content\/uploads\/2016\/11\/Mosca_Punto_Cr\u00edtico_40.png\" alt=\"\" width=\"60\" height=\"60\" \/><\/a><\/p>\n<hr \/>\n<p style=\"text-align: center;\">\u00a0<\/p>\n<p>[contentcards url=\u00bbhttps:\/\/www.elmundo.es\/andalucia\/2019\/06\/07\/5cf96c2cfdddfffa4a8b4626.html\u00bb target=\u00bb_blank\u00bb]<\/p>\n<p style=\"text-align: center;\">\u00a0<\/p>\n<p><span style=\"font-family: arial, helvetica, sans-serif;\">Cohecho? Prevaricaci\u00f3n? No, nada de eso: es la Justicia del PPSOE. Justicia como impunidad del Cohecho y la Prevaricaci\u00f3n. Radiograf\u00eda del poder judicial espa\u00f1ol. Cuando la justicia sale por la puerta, la venganza entra por la ventana.<\/span><\/p>\n<p style=\"text-align: center;\"><a href=\"https:\/\/puntocritico.com\/author\/punto-critico\/\"><br \/>\n<img loading=\"lazy\" decoding=\"async\" class=\"aligncenter wp-image-48\" src=\"https:\/\/puntocritico.com\/ausajpuntocritico\/wp-content\/uploads\/2016\/11\/Mosca_Punto_Cr\u00edtico_40.png\" alt=\"\" width=\"60\" height=\"60\" \/><\/a><\/p>\n<hr \/>\n<p style=\"text-align: center;\">\u00a0<\/p>\n<p>[contentcards url=\u00bbhttps:\/\/www.elmundo.es\/papel\/historias\/2019\/06\/06\/5cf7f56921efa0c2528b4671.html\u00bb target=\u00bb_blank\u00bb]<\/p>\n<p style=\"text-align: center;\"><a href=\"https:\/\/puntocritico.com\/author\/punto-critico\/\"><img loading=\"lazy\" decoding=\"async\" class=\"aligncenter wp-image-48\" src=\"https:\/\/puntocritico.com\/ausajpuntocritico\/wp-content\/uploads\/2016\/11\/Mosca_Punto_Cr\u00edtico_40.png\" alt=\"\" width=\"60\" height=\"60\" \/><\/a><\/p>\n<hr \/>\n<p style=\"text-align: center;\"><a href=\"https:\/\/elpais.com\/internacional\/2019\/06\/06\/mexico\/1559854140_792455.html\" target=\"_blank\" rel=\"noopener\"><img loading=\"lazy\" decoding=\"async\" class=\"aligncenter size-full wp-image-19294\" src=\"https:\/\/puntocritico.com\/ausajpuntocritico\/wp-content\/uploads\/2019\/07\/Noticias_junio_10.jpg\" alt=\"\" width=\"680\" height=\"935\" srcset=\"https:\/\/puntocritico.com\/ausajpuntocritico\/wp-content\/uploads\/2019\/07\/Noticias_junio_10.jpg 680w, https:\/\/puntocritico.com\/ausajpuntocritico\/wp-content\/uploads\/2019\/07\/Noticias_junio_10-218x300.jpg 218w\" sizes=\"auto, (max-width: 680px) 100vw, 680px\" \/><\/a><\/p>\n<p style=\"text-align: center;\">\u00a0<\/p>\n<h2 id=\"articulo-titulo\" class=\"articulo-titulo \" style=\"text-align: center;\"><a href=\"https:\/\/elpais.com\/internacional\/2019\/06\/06\/mexico\/1559854140_792455.html\" target=\"_blank\" rel=\"noopener\"><span style=\"font-family: arial, helvetica, sans-serif;\">M\u00e9xico enviar\u00e1 6.000 agentes a la frontera con Guatemala para frenar la guerra arancelaria de Trump<\/span><\/a><\/h2>\n<p><span style=\"font-family: arial, helvetica, sans-serif;\">La Guerra contra los Pobres (no contra la pobreza; es la guerra contra los pobres)<\/span><\/p>\n<p style=\"text-align: center;\"><a href=\"https:\/\/puntocritico.com\/author\/punto-critico\/\"><img loading=\"lazy\" decoding=\"async\" class=\"aligncenter wp-image-48\" src=\"https:\/\/puntocritico.com\/ausajpuntocritico\/wp-content\/uploads\/2016\/11\/Mosca_Punto_Cr\u00edtico_40.png\" alt=\"\" width=\"60\" height=\"60\" \/><\/a><\/p>\n<hr \/>\n<p style=\"text-align: center;\">\u00a0<\/p>\n<p>[contentcards url=\u00bbhttps:\/\/www.abc.es\/sociedad\/abci-ofensiva-eeuu-contra-20-farmaceuticas-pactar-precios-total-45-estados-demandan-201906070919_noticia.html\u00bb target=\u00bb_blank\u00bb]<\/p>\n<p><span style=\"font-family: arial, helvetica, sans-serif;\">Quienes se lucran con tu enfermedad, son quienes est\u00e1n a cargo de tu curaci\u00f3n<\/span><\/p>\n<p style=\"text-align: center;\"><a href=\"https:\/\/puntocritico.com\/author\/punto-critico\/\"><img loading=\"lazy\" decoding=\"async\" class=\"aligncenter wp-image-48\" src=\"https:\/\/puntocritico.com\/ausajpuntocritico\/wp-content\/uploads\/2016\/11\/Mosca_Punto_Cr\u00edtico_40.png\" alt=\"\" width=\"60\" height=\"60\" \/><\/a><\/p>\n<hr \/>\n<p style=\"text-align: center;\"><a href=\"https:\/\/confilegal.com\/20190604-la-pcij-califica-las-bases-elaboradas-por-el-cgpj-como-una-burda-tomadura-de-pelo-a-la-carrera-judicial\/\" target=\"_blank\" rel=\"noopener\"><img loading=\"lazy\" decoding=\"async\" class=\"aligncenter size-full wp-image-19295\" src=\"https:\/\/puntocritico.com\/ausajpuntocritico\/wp-content\/uploads\/2019\/07\/Noticias_junio_11.jpg\" alt=\"\" width=\"680\" height=\"935\" srcset=\"https:\/\/puntocritico.com\/ausajpuntocritico\/wp-content\/uploads\/2019\/07\/Noticias_junio_11.jpg 680w, https:\/\/puntocritico.com\/ausajpuntocritico\/wp-content\/uploads\/2019\/07\/Noticias_junio_11-218x300.jpg 218w\" sizes=\"auto, (max-width: 680px) 100vw, 680px\" \/><\/a><\/p>\n<p style=\"text-align: center;\">\u00a0<\/p>\n<h2 class=\"entry-title\" style=\"text-align: center;\"><a href=\"https:\/\/confilegal.com\/20190604-la-pcij-califica-las-bases-elaboradas-por-el-cgpj-como-una-burda-tomadura-de-pelo-a-la-carrera-judicial\/\" target=\"_blank\" rel=\"noopener\"><span style=\"font-family: arial, helvetica, sans-serif;\">La PCIJ califica las bases elaboradas por el CGPJ como \u00abuna burda tomadura de pelo a la carrera judicial\u00bb<\/span><\/a><\/h2>\n<p style=\"text-align: center;\"><a href=\"https:\/\/puntocritico.com\/author\/punto-critico\/\"><img loading=\"lazy\" decoding=\"async\" class=\"aligncenter wp-image-48\" src=\"https:\/\/puntocritico.com\/ausajpuntocritico\/wp-content\/uploads\/2016\/11\/Mosca_Punto_Cr\u00edtico_40.png\" alt=\"\" width=\"60\" height=\"60\" \/><\/a><\/p>\n<hr \/>\n<p style=\"text-align: center;\"><a href=\"https:\/\/confilegal.com\/20190604-el-ts-sentencia-que-no-es-necesaria-afinidad-ideologica-con-el-daesh-para-incurrir-en-un-delito-de-terrorismo\/\" target=\"_blank\" rel=\"noopener\"><img loading=\"lazy\" decoding=\"async\" class=\"aligncenter size-full wp-image-19296\" src=\"https:\/\/puntocritico.com\/ausajpuntocritico\/wp-content\/uploads\/2019\/07\/Noticias_junio_12.jpg\" alt=\"\" width=\"680\" height=\"935\" srcset=\"https:\/\/puntocritico.com\/ausajpuntocritico\/wp-content\/uploads\/2019\/07\/Noticias_junio_12.jpg 680w, https:\/\/puntocritico.com\/ausajpuntocritico\/wp-content\/uploads\/2019\/07\/Noticias_junio_12-218x300.jpg 218w\" sizes=\"auto, (max-width: 680px) 100vw, 680px\" \/><\/a><\/p>\n<p style=\"text-align: center;\">\u00a0<\/p>\n<h2 class=\"entry-title\" style=\"text-align: center;\"><a href=\"https:\/\/confilegal.com\/20190604-el-ts-sentencia-que-no-es-necesaria-afinidad-ideologica-con-el-daesh-para-incurrir-en-un-delito-de-terrorismo\/\" target=\"_blank\" rel=\"noopener\"><span style=\"font-family: arial, helvetica, sans-serif;\">El Supremo sentencia que \u00abno es necesaria afinidad ideol\u00f3gica\u00bb con el DAESH para incurrir en un delito de terrorismo<\/span><\/a><\/h2>\n<p style=\"text-align: center;\"><a href=\"https:\/\/puntocritico.com\/author\/punto-critico\/\"><img loading=\"lazy\" decoding=\"async\" class=\"aligncenter wp-image-48\" src=\"https:\/\/puntocritico.com\/ausajpuntocritico\/wp-content\/uploads\/2016\/11\/Mosca_Punto_Cr\u00edtico_40.png\" alt=\"\" width=\"60\" height=\"60\" \/><\/a><\/p>\n<hr \/>\n<p style=\"text-align: center;\"><a href=\"https:\/\/confilegal.com\/20190604-suecia-rechaza-emitir-una-orden-de-detencion-contra-assange-por-violacion\/\" target=\"_blank\" rel=\"noopener\"><img loading=\"lazy\" decoding=\"async\" class=\"aligncenter size-full wp-image-19297\" src=\"https:\/\/puntocritico.com\/ausajpuntocritico\/wp-content\/uploads\/2019\/07\/Noticias_junio_13.jpg\" alt=\"\" width=\"680\" height=\"935\" srcset=\"https:\/\/puntocritico.com\/ausajpuntocritico\/wp-content\/uploads\/2019\/07\/Noticias_junio_13.jpg 680w, https:\/\/puntocritico.com\/ausajpuntocritico\/wp-content\/uploads\/2019\/07\/Noticias_junio_13-218x300.jpg 218w\" sizes=\"auto, (max-width: 680px) 100vw, 680px\" \/><\/a><\/p>\n<p style=\"text-align: center;\">\u00a0<\/p>\n<h2 class=\"entry-title\" style=\"text-align: center;\"><a href=\"https:\/\/confilegal.com\/20190604-suecia-rechaza-emitir-una-orden-de-detencion-contra-assange-por-violacion\/\" target=\"_blank\" rel=\"noopener\"><span style=\"font-family: arial, helvetica, sans-serif;\">Suecia rechaza emitir una orden de detenci\u00f3n contra Assange por violaci\u00f3n<\/span><\/a><\/h2>\n<p style=\"text-align: center;\"><a href=\"https:\/\/puntocritico.com\/author\/punto-critico\/\"><img loading=\"lazy\" decoding=\"async\" class=\"aligncenter wp-image-48\" src=\"https:\/\/puntocritico.com\/ausajpuntocritico\/wp-content\/uploads\/2016\/11\/Mosca_Punto_Cr\u00edtico_40.png\" alt=\"\" width=\"60\" height=\"60\" \/><\/a><\/p>\n<hr \/>\n<p style=\"text-align: center;\"><a href=\"https:\/\/confilegal.com\/20190603-nuevo-varapalo-del-tribunal-supremo-al-tribunal-de-cuentas-por-otro-nombramiento-ilegal\/?utm_source=newsletter&amp;utm_medium=email&amp;utm_campaign=todas_las_noticias_de_confilegal_del_3_de_junio_de_2019&amp;utm_term=2019-06-03\" target=\"_blank\" rel=\"noopener\"><img loading=\"lazy\" decoding=\"async\" class=\"aligncenter size-full wp-image-19298\" src=\"https:\/\/puntocritico.com\/ausajpuntocritico\/wp-content\/uploads\/2019\/07\/Noticias_junio_14.jpg\" alt=\"\" width=\"680\" height=\"935\" srcset=\"https:\/\/puntocritico.com\/ausajpuntocritico\/wp-content\/uploads\/2019\/07\/Noticias_junio_14.jpg 680w, https:\/\/puntocritico.com\/ausajpuntocritico\/wp-content\/uploads\/2019\/07\/Noticias_junio_14-218x300.jpg 218w\" sizes=\"auto, (max-width: 680px) 100vw, 680px\" \/><\/a><\/p>\n<p style=\"text-align: center;\">\u00a0<\/p>\n<h2 class=\"entry-title\" style=\"text-align: center;\"><a href=\"https:\/\/confilegal.com\/20190603-nuevo-varapalo-del-tribunal-supremo-al-tribunal-de-cuentas-por-otro-nombramiento-ilegal\/?utm_source=newsletter&amp;utm_medium=email&amp;utm_campaign=todas_las_noticias_de_confilegal_del_3_de_junio_de_2019&amp;utm_term=2019-06-03\" target=\"_blank\" rel=\"noopener\"><span style=\"font-family: arial, helvetica, sans-serif;\">Nuevo varapalo del Tribunal Supremo al Tribunal de Cuentas por otro nombramiento ilegal<\/span><\/a><\/h2>\n<p style=\"text-align: center;\"><a href=\"https:\/\/puntocritico.com\/author\/punto-critico\/\"><img loading=\"lazy\" decoding=\"async\" class=\"aligncenter wp-image-48\" src=\"https:\/\/puntocritico.com\/ausajpuntocritico\/wp-content\/uploads\/2016\/11\/Mosca_Punto_Cr\u00edtico_40.png\" alt=\"\" width=\"60\" height=\"60\" \/><\/a><\/p>\n<hr \/>\n<p style=\"text-align: center;\">\u00a0<\/p>\n<h2><a href=\"https:\/\/confilegal.com\/20190603-miguel-duran-sobre-zapatero-y-las-actas-de-eta-no-me-extrana-en-absoluto-conociendo-al-personaje\/?utm_source=newsletter&amp;utm_medium=email&amp;utm_campaign=todas_las_noticias_de_confilegal_del_3_de_junio_de_2019&amp;utm_term=2019-06-03\" target=\"_blank\" rel=\"noopener\"><img loading=\"lazy\" decoding=\"async\" class=\"aligncenter size-full wp-image-19299\" src=\"https:\/\/puntocritico.com\/ausajpuntocritico\/wp-content\/uploads\/2019\/07\/Noticias_junio_15.jpg\" alt=\"\" width=\"680\" height=\"935\" srcset=\"https:\/\/puntocritico.com\/ausajpuntocritico\/wp-content\/uploads\/2019\/07\/Noticias_junio_15.jpg 680w, https:\/\/puntocritico.com\/ausajpuntocritico\/wp-content\/uploads\/2019\/07\/Noticias_junio_15-218x300.jpg 218w\" sizes=\"auto, (max-width: 680px) 100vw, 680px\" \/><\/a><\/h2>\n<h2 class=\"entry-title\" style=\"text-align: center;\"><a href=\"https:\/\/confilegal.com\/20190603-miguel-duran-sobre-zapatero-y-las-actas-de-eta-no-me-extrana-en-absoluto-conociendo-al-personaje\/?utm_source=newsletter&amp;utm_medium=email&amp;utm_campaign=todas_las_noticias_de_confilegal_del_3_de_junio_de_2019&amp;utm_term=2019-06-03\" target=\"_blank\" rel=\"noopener\"><span style=\"font-family: arial, helvetica, sans-serif;\">Miguel Dur\u00e1n, sobre Zapatero y las actas de ETA: \u2018No me extra\u00f1a en absoluto conociendo al personaje\u2019<\/span><\/a><\/h2>\n<p style=\"text-align: center;\"><a href=\"https:\/\/puntocritico.com\/author\/punto-critico\/\"><img loading=\"lazy\" decoding=\"async\" class=\"aligncenter wp-image-48\" src=\"https:\/\/puntocritico.com\/ausajpuntocritico\/wp-content\/uploads\/2016\/11\/Mosca_Punto_Cr\u00edtico_40.png\" alt=\"\" width=\"60\" height=\"60\" \/><\/a><\/p>\n<hr \/>\n<p><a href=\"https:\/\/confilegal.com\/20190603-lecciones-de-democracia\/?utm_source=newsletter&amp;utm_medium=email&amp;utm_campaign=todas_las_noticias_de_confilegal_del_3_de_junio_de_2019&amp;utm_term=2019-06-03\" target=\"_blank\" rel=\"noopener\"><img loading=\"lazy\" decoding=\"async\" class=\"aligncenter size-full wp-image-19300\" src=\"https:\/\/puntocritico.com\/ausajpuntocritico\/wp-content\/uploads\/2019\/07\/Noticias_junio_16.jpg\" alt=\"\" width=\"680\" height=\"935\" srcset=\"https:\/\/puntocritico.com\/ausajpuntocritico\/wp-content\/uploads\/2019\/07\/Noticias_junio_16.jpg 680w, https:\/\/puntocritico.com\/ausajpuntocritico\/wp-content\/uploads\/2019\/07\/Noticias_junio_16-218x300.jpg 218w\" sizes=\"auto, (max-width: 680px) 100vw, 680px\" \/><\/a><\/p>\n<h2 style=\"text-align: center;\"><a href=\"https:\/\/confilegal.com\/20190603-lecciones-de-democracia\/?utm_source=newsletter&amp;utm_medium=email&amp;utm_campaign=todas_las_noticias_de_confilegal_del_3_de_junio_de_2019&amp;utm_term=2019-06-03\" target=\"_blank\" rel=\"noopener\"><span style=\"font-family: arial, helvetica, sans-serif;\">Lecciones de democracia<\/span><\/a><\/h2>\n<p style=\"text-align: center;\"><a href=\"https:\/\/puntocritico.com\/author\/punto-critico\/\"><img loading=\"lazy\" decoding=\"async\" class=\"aligncenter wp-image-48\" src=\"https:\/\/puntocritico.com\/ausajpuntocritico\/wp-content\/uploads\/2016\/11\/Mosca_Punto_Cr\u00edtico_40.png\" alt=\"\" width=\"60\" height=\"60\" \/><\/a><\/p>\n<hr \/>\n<p style=\"text-align: center;\">\u00a0<\/p>\n<p>[contentcards url=\u00bbhttps:\/\/www.publico.es\/politica\/exclusiva-abogados-mafia-cursach-iran-juicio-amenazar-testigos-protegidos.html\u00bb target=\u00bb_blank\u00bb]<\/p>\n<p style=\"text-align: center;\"><a href=\"https:\/\/puntocritico.com\/author\/punto-critico\/\"><img loading=\"lazy\" decoding=\"async\" class=\"aligncenter wp-image-48\" src=\"https:\/\/puntocritico.com\/ausajpuntocritico\/wp-content\/uploads\/2016\/11\/Mosca_Punto_Cr\u00edtico_40.png\" alt=\"\" width=\"60\" height=\"60\" \/><\/a><\/p>\n<hr \/>\n<p style=\"text-align: center;\">\u00a0<\/p>\n<p>[contentcards url=\u00bbhttps:\/\/www.publico.es\/sociedad\/maltrato-animal-condenan-ano-carcel-hombre-maltrato-perra-llamada-testigo-juicio.html\u00bb target=\u00bb_blank\u00bb]<\/p>\n<p style=\"text-align: center;\"><a href=\"https:\/\/puntocritico.com\/author\/punto-critico\/\"><img loading=\"lazy\" decoding=\"async\" class=\"aligncenter wp-image-48\" src=\"https:\/\/puntocritico.com\/ausajpuntocritico\/wp-content\/uploads\/2016\/11\/Mosca_Punto_Cr\u00edtico_40.png\" alt=\"\" width=\"60\" height=\"60\" \/><\/a><\/p>\n<hr \/>\n<p style=\"text-align: center;\">\u00a0<\/p>\n<p>[contentcards url=\u00bbhttps:\/\/www.publico.es\/politica\/caso-itv-oriol-pujol-sale-carcel-aval-juzgado-vigilancia-penitenciaria.html\u00bb target=\u00bb_blank\u00bb]<\/p>\n<p style=\"text-align: center;\"><a href=\"https:\/\/puntocritico.com\/author\/punto-critico\/\"><img loading=\"lazy\" decoding=\"async\" class=\"aligncenter wp-image-48\" src=\"https:\/\/puntocritico.com\/ausajpuntocritico\/wp-content\/uploads\/2016\/11\/Mosca_Punto_Cr\u00edtico_40.png\" alt=\"\" width=\"60\" height=\"60\" \/><\/a><\/p>\n<hr \/>\n<p style=\"text-align: center;\">\u00a0<\/p>\n<p>[contentcards url=\u00bbhttps:\/\/www.publico.es\/sociedad\/diputacion-vizcaya-imputada-impedir-menor.html\u00bb]<\/p>\n<p style=\"text-align: center;\"><a href=\"https:\/\/puntocritico.com\/author\/punto-critico\/\"><img loading=\"lazy\" decoding=\"async\" class=\"aligncenter wp-image-48\" src=\"https:\/\/puntocritico.com\/ausajpuntocritico\/wp-content\/uploads\/2016\/11\/Mosca_Punto_Cr\u00edtico_40.png\" alt=\"\" width=\"60\" height=\"60\" \/><\/a><\/p>\n<hr \/>\n<p style=\"text-align: center;\"><a href=\"https:\/\/elpais.com\/politica\/2019\/06\/03\/actualidad\/1559560285_742380.html\" target=\"_blank\" rel=\"noopener\"><img loading=\"lazy\" decoding=\"async\" class=\"aligncenter size-full wp-image-19301\" src=\"https:\/\/puntocritico.com\/ausajpuntocritico\/wp-content\/uploads\/2019\/07\/Noticias_junio_17.jpg\" alt=\"\" width=\"680\" height=\"935\" srcset=\"https:\/\/puntocritico.com\/ausajpuntocritico\/wp-content\/uploads\/2019\/07\/Noticias_junio_17.jpg 680w, https:\/\/puntocritico.com\/ausajpuntocritico\/wp-content\/uploads\/2019\/07\/Noticias_junio_17-218x300.jpg 218w\" sizes=\"auto, (max-width: 680px) 100vw, 680px\" \/><\/a><\/p>\n<p style=\"text-align: center;\">\u00a0<\/p>\n<h2 id=\"articulo-titulo\" class=\"articulo-titulo \" style=\"text-align: center;\"><a href=\"https:\/\/elpais.com\/politica\/2019\/06\/03\/actualidad\/1559560285_742380.html\" target=\"_blank\" rel=\"noopener\"><span style=\"font-family: arial, helvetica, sans-serif;\">La Fiscal\u00eda del Supremo asume que la agresi\u00f3n a los guardias civiles de Alsasua no fue terrorismo<\/span><\/a><\/h2>\n<p style=\"text-align: center;\"><a href=\"https:\/\/puntocritico.com\/author\/punto-critico\/\"><img loading=\"lazy\" decoding=\"async\" class=\"aligncenter wp-image-48\" src=\"https:\/\/puntocritico.com\/ausajpuntocritico\/wp-content\/uploads\/2016\/11\/Mosca_Punto_Cr\u00edtico_40.png\" alt=\"\" width=\"60\" height=\"60\" \/><\/a><\/p>\n<hr \/>\n<p style=\"text-align: center;\"><a href=\"https:\/\/elpais.com\/politica\/2019\/06\/03\/actualidad\/1559557829_191172.html\" target=\"_blank\" rel=\"noopener\"><img loading=\"lazy\" decoding=\"async\" class=\"aligncenter size-full wp-image-19302\" src=\"https:\/\/puntocritico.com\/ausajpuntocritico\/wp-content\/uploads\/2019\/07\/Noticias_junio_18.jpg\" alt=\"\" width=\"680\" height=\"935\" srcset=\"https:\/\/puntocritico.com\/ausajpuntocritico\/wp-content\/uploads\/2019\/07\/Noticias_junio_18.jpg 680w, https:\/\/puntocritico.com\/ausajpuntocritico\/wp-content\/uploads\/2019\/07\/Noticias_junio_18-218x300.jpg 218w\" sizes=\"auto, (max-width: 680px) 100vw, 680px\" \/><\/a><\/p>\n<h2 id=\"articulo-titulo\" class=\"articulo-titulo \" style=\"text-align: center;\"><a href=\"https:\/\/elpais.com\/politica\/2019\/06\/03\/actualidad\/1559557829_191172.html\" target=\"_blank\" rel=\"noopener\"><span style=\"font-family: arial, helvetica, sans-serif;\">El juez investiga 12 obras p\u00fablicas de OHL e imputa a seis pol\u00edticos que las adjudicaron<\/span><\/a><a href=\"https:\/\/puntocritico.com\/author\/punto-critico\/\"><img loading=\"lazy\" decoding=\"async\" class=\"aligncenter wp-image-48\" src=\"https:\/\/puntocritico.com\/ausajpuntocritico\/wp-content\/uploads\/2016\/11\/Mosca_Punto_Cr\u00edtico_40.png\" alt=\"\" width=\"60\" height=\"60\" \/><\/a><\/h2>\n<hr \/>\n<p style=\"text-align: center;\">\u00a0<\/p>\n<p>[contentcards url=\u00bbhttps:\/\/www.abc.es\/economia\/abci-airef-alerta-descontrol-y-opacidad-14000-millones-euros-subvenciones-concedidas-201906031209_noticia.html\u00bb target=\u00bb_blank\u00bb]<\/p>\n<p style=\"text-align: center;\"><a href=\"https:\/\/puntocritico.com\/author\/punto-critico\/\"><img loading=\"lazy\" decoding=\"async\" class=\"aligncenter wp-image-48\" src=\"https:\/\/puntocritico.com\/ausajpuntocritico\/wp-content\/uploads\/2016\/11\/Mosca_Punto_Cr\u00edtico_40.png\" alt=\"\" width=\"60\" height=\"60\" \/><\/a><\/p>\n<hr \/>\n<p style=\"text-align: center;\">\u00a0<\/p>\n<p>[contentcards url=\u00bbhttps:\/\/www.eldiario.es\/zonacritica\/Sofia-fiscal-Lesmes-Rey-Sol_6_905419461.html\u00bb target=\u00bb_blank\u00bb]<\/p>\n<p style=\"text-align: center;\"><a href=\"https:\/\/puntocritico.com\/author\/punto-critico\/\"><img loading=\"lazy\" decoding=\"async\" class=\"aligncenter wp-image-48\" src=\"https:\/\/puntocritico.com\/ausajpuntocritico\/wp-content\/uploads\/2016\/11\/Mosca_Punto_Cr\u00edtico_40.png\" alt=\"\" width=\"60\" height=\"60\" \/><\/a><\/p>\n<hr \/>\n<p style=\"text-align: center;\">\u00a0<\/p>\n<p>[contentcards url=\u00bbhttps:\/\/www.eldiario.es\/zonacritica\/Teta-entretenimiento_6_905069508.html\u00bb]<\/p>\n<p style=\"text-align: center;\"><a href=\"https:\/\/puntocritico.com\/author\/punto-critico\/\"><img loading=\"lazy\" decoding=\"async\" class=\"aligncenter wp-image-48\" src=\"https:\/\/puntocritico.com\/ausajpuntocritico\/wp-content\/uploads\/2016\/11\/Mosca_Punto_Cr\u00edtico_40.png\" alt=\"\" width=\"60\" height=\"60\" \/><\/a><\/p>\n<hr \/>\n<p style=\"text-align: center;\">\u00a0<\/p>\n<p>[contentcards url=\u00bbhttps:\/\/www.eldiario.es\/cyl\/escrutinio-Leon-PP-deslegitimar-Vox_0_905359751.html\u00bb target=\u00bb_blank\u00bb]<\/p>\n<p style=\"text-align: center;\"><a href=\"https:\/\/puntocritico.com\/author\/punto-critico\/\"><img loading=\"lazy\" decoding=\"async\" class=\"aligncenter wp-image-48\" src=\"https:\/\/puntocritico.com\/ausajpuntocritico\/wp-content\/uploads\/2016\/11\/Mosca_Punto_Cr\u00edtico_40.png\" alt=\"\" width=\"60\" height=\"60\" \/><\/a><\/p>\n<hr \/>\n<p style=\"text-align: center;\"><a href=\"https:\/\/confilegal.com\/20190602-prioridad-del-presidente-sanchez-un-nuevo-estatuto-de-los-trabajadores-para-anticiparse-a-los-cambios\/\" target=\"_blank\" rel=\"noopener\"><img loading=\"lazy\" decoding=\"async\" class=\"aligncenter size-full wp-image-19303\" src=\"https:\/\/puntocritico.com\/ausajpuntocritico\/wp-content\/uploads\/2019\/07\/Noticias_junio_19.jpg\" alt=\"\" width=\"680\" height=\"935\" srcset=\"https:\/\/puntocritico.com\/ausajpuntocritico\/wp-content\/uploads\/2019\/07\/Noticias_junio_19.jpg 680w, https:\/\/puntocritico.com\/ausajpuntocritico\/wp-content\/uploads\/2019\/07\/Noticias_junio_19-218x300.jpg 218w\" sizes=\"auto, (max-width: 680px) 100vw, 680px\" \/><\/a><\/p>\n<h2 class=\"entry-title\" style=\"text-align: center;\"><a href=\"https:\/\/confilegal.com\/20190602-prioridad-del-presidente-sanchez-un-nuevo-estatuto-de-los-trabajadores-para-anticiparse-a-los-cambios\/\" target=\"_blank\" rel=\"noopener\"><span style=\"font-family: arial, helvetica, sans-serif;\">Prioridad del presidente S\u00e1nchez: Un nuevo Estatuto de los Trabajadores, para \u00abanticiparse\u00bb a los cambios<\/span><\/a><\/h2>\n<p style=\"text-align: center;\">\u00a0<\/p>\n<p><span style=\"font-family: arial, helvetica, sans-serif;\">PERO COMO SE PUEDE CALLAR ESTO EN LAS CAMAPA\u00d1AS ELECTORALES, Y DECIRLO UNA VEZ CERRADAS LAS URNAS ??<\/span><\/p>\n<p style=\"text-align: center;\"><a href=\"https:\/\/puntocritico.com\/author\/punto-critico\/\"><img loading=\"lazy\" decoding=\"async\" class=\"aligncenter wp-image-48\" src=\"https:\/\/puntocritico.com\/ausajpuntocritico\/wp-content\/uploads\/2016\/11\/Mosca_Punto_Cr\u00edtico_40.png\" alt=\"\" width=\"60\" height=\"60\" \/><\/a><\/p>\n<hr \/>\n<p style=\"text-align: center;\"><a href=\"https:\/\/confilegal.com\/20190602-anticorrupcion-reactiva-la-causa-de-guatemala-contra-perez-maura-por-sobornos-al-hilo-del-caso-villarejo\/\" target=\"_blank\" rel=\"noopener\"><img loading=\"lazy\" decoding=\"async\" class=\"aligncenter size-full wp-image-19305\" src=\"https:\/\/puntocritico.com\/ausajpuntocritico\/wp-content\/uploads\/2019\/07\/Noticias_junio_20.jpg\" alt=\"\" width=\"680\" height=\"935\" srcset=\"https:\/\/puntocritico.com\/ausajpuntocritico\/wp-content\/uploads\/2019\/07\/Noticias_junio_20.jpg 680w, https:\/\/puntocritico.com\/ausajpuntocritico\/wp-content\/uploads\/2019\/07\/Noticias_junio_20-218x300.jpg 218w\" sizes=\"auto, (max-width: 680px) 100vw, 680px\" \/><\/a><\/p>\n<h2 class=\"entry-title\" style=\"text-align: center;\"><a href=\"https:\/\/confilegal.com\/20190602-anticorrupcion-reactiva-la-causa-de-guatemala-contra-perez-maura-por-sobornos-al-hilo-del-caso-villarejo\/\" target=\"_blank\" rel=\"noopener\"><span style=\"font-family: arial, helvetica, sans-serif;\">Anticorrupci\u00f3n reactiva la causa de Guatemala contra P\u00e9rez-Maura por sobornos al hilo del caso Villarejo<\/span><\/a><\/h2>\n<p style=\"text-align: center;\"><a href=\"https:\/\/puntocritico.com\/author\/punto-critico\/\"><img loading=\"lazy\" decoding=\"async\" class=\"aligncenter wp-image-48\" src=\"https:\/\/puntocritico.com\/ausajpuntocritico\/wp-content\/uploads\/2016\/11\/Mosca_Punto_Cr\u00edtico_40.png\" alt=\"\" width=\"60\" height=\"60\" \/><\/a><\/p>\n<hr \/>\n<p style=\"text-align: center;\">\u00a0<\/p>\n<p>[contentcards url=\u00bbhttps:\/\/www.elmundo.es\/espana\/2019\/06\/01\/5cf2b0d1fdddff7c4b8b45b2.html\u00bb target=\u00bb_blank\u00bb]<\/p>\n<p style=\"text-align: justify;\"><span style=\"font-family: arial, helvetica, sans-serif;\">ESPA\u00d1A; el para\u00edso de los TRATANTES DE ESCLAVOS. Y de la XENOFOBIA expresada como Comentarios. Lo peor de la Xenofobia surge cuando se buscan justificaciones. Justificar la deshumanizaci\u00f3n, el pecado original, de los menores extranjeros y pobres; pronto s\u00f3lo diremos pobres; en un mundo global, la riqueza sustituir\u00e1 al color de la piel. Pobres; o esclavos. \u00bfCrees que a ti o a los tuyos no les afectar\u00e1? Infeliz.<\/span><\/p>\n<p style=\"text-align: center;\"><a href=\"https:\/\/puntocritico.com\/author\/punto-critico\/\"><img loading=\"lazy\" decoding=\"async\" class=\"aligncenter wp-image-48\" src=\"https:\/\/puntocritico.com\/ausajpuntocritico\/wp-content\/uploads\/2016\/11\/Mosca_Punto_Cr\u00edtico_40.png\" alt=\"\" width=\"60\" height=\"60\" \/><\/a><\/p>\n<hr \/>\n<p style=\"text-align: center;\">\u00a0<\/p>\n<p>[contentcards url=\u00bbhttps:\/\/www.publico.es\/sociedad\/caso-iveco-veronica-no-suicido-veronica-mataron.html\u00bb target=\u00bb_blank\u00bb]<\/p>\n<p><span style=\"font-family: arial, helvetica, sans-serif;\">VER\u00d3NICA SE SUICID\u00d3. SE MAT\u00d3 SOLA.<\/span><\/p>\n<p style=\"text-align: justify;\"><span style=\"font-family: arial, helvetica, sans-serif;\">Quiz\u00e1s su suicidio empez\u00f3 antes de pensar en la muerte. Como todo suicidio, el de Ver\u00f3nica fue precedido de una mala decisi\u00f3n, de la que se culpabiliz\u00f3; y por eso, por no poder soportar su error, muri\u00f3; se mat\u00f3. Ver\u00f3nica decidi\u00f3 huir, mat\u00e1ndose. TRISTE, MUCHO. El Suicidio, que no asesinato.<\/span><\/p>\n<p style=\"text-align: center;\"><a href=\"https:\/\/puntocritico.com\/author\/punto-critico\/\"><img loading=\"lazy\" decoding=\"async\" class=\"aligncenter wp-image-48\" src=\"https:\/\/puntocritico.com\/ausajpuntocritico\/wp-content\/uploads\/2016\/11\/Mosca_Punto_Cr\u00edtico_40.png\" alt=\"\" width=\"60\" height=\"60\" \/><\/a><\/p>\n<hr \/>\n<p style=\"text-align: center;\">\u00a0<\/p>\n<p>[contentcards url=\u00bbhttps:\/\/www.eldiario.es\/norte\/almargen\/Banco-Espana_6_905069512.html\u00bb target=\u00bb_blank\u00bb]<\/p>\n<p style=\"text-align: center;\"><a href=\"https:\/\/puntocritico.com\/author\/punto-critico\/\"><img loading=\"lazy\" decoding=\"async\" class=\"aligncenter wp-image-48\" src=\"https:\/\/puntocritico.com\/ausajpuntocritico\/wp-content\/uploads\/2016\/11\/Mosca_Punto_Cr\u00edtico_40.png\" alt=\"\" width=\"60\" height=\"60\" \/><\/a><\/p>\n<hr \/>\n<p style=\"text-align: center;\"><a href=\"https:\/\/confilegal.com\/20190601-la-abogacia-pide-al-defensor-del-pueblo-que-se-garantice-a-los-migrantes-asistencia-legal\/\" target=\"_blank\" rel=\"noopener\"><img loading=\"lazy\" decoding=\"async\" class=\"aligncenter size-full wp-image-19306\" src=\"https:\/\/puntocritico.com\/ausajpuntocritico\/wp-content\/uploads\/2019\/07\/Noticias_junio_21.jpg\" alt=\"\" width=\"680\" height=\"935\" srcset=\"https:\/\/puntocritico.com\/ausajpuntocritico\/wp-content\/uploads\/2019\/07\/Noticias_junio_21.jpg 680w, https:\/\/puntocritico.com\/ausajpuntocritico\/wp-content\/uploads\/2019\/07\/Noticias_junio_21-218x300.jpg 218w\" sizes=\"auto, (max-width: 680px) 100vw, 680px\" \/><\/a><\/p>\n<h2 class=\"entry-title\" style=\"text-align: center;\"><a href=\"https:\/\/confilegal.com\/20190601-la-abogacia-pide-al-defensor-del-pueblo-que-se-garantice-a-los-migrantes-asistencia-legal\/\" target=\"_blank\" rel=\"noopener\"><span style=\"font-family: arial, helvetica, sans-serif;\">La Abogac\u00eda pide al Defensor del Pueblo que se garantice a los migrantes asistencia legal<\/span><\/a><\/h2>\n<p style=\"text-align: center;\">\u00a0<\/p>\n<p style=\"text-align: center;\"><a href=\"https:\/\/puntocritico.com\/author\/punto-critico\/\"><img loading=\"lazy\" decoding=\"async\" class=\"aligncenter wp-image-48\" src=\"https:\/\/puntocritico.com\/ausajpuntocritico\/wp-content\/uploads\/2016\/11\/Mosca_Punto_Cr\u00edtico_40.png\" alt=\"\" width=\"60\" height=\"60\" \/><\/a><\/p>\n<hr \/>\n<p style=\"text-align: center;\"><a href=\"https:\/\/confilegal.com\/20190601-gatopardismo-en-las-costas-del-contencioso-administrativo\/\" target=\"_blank\" rel=\"noopener\"><img loading=\"lazy\" decoding=\"async\" class=\"aligncenter size-full wp-image-19307\" src=\"https:\/\/puntocritico.com\/ausajpuntocritico\/wp-content\/uploads\/2019\/07\/Noticias_junio_22.jpg\" alt=\"\" width=\"680\" height=\"935\" srcset=\"https:\/\/puntocritico.com\/ausajpuntocritico\/wp-content\/uploads\/2019\/07\/Noticias_junio_22.jpg 680w, https:\/\/puntocritico.com\/ausajpuntocritico\/wp-content\/uploads\/2019\/07\/Noticias_junio_22-218x300.jpg 218w\" sizes=\"auto, (max-width: 680px) 100vw, 680px\" \/><\/a><\/p>\n<p style=\"text-align: center;\">\u00a0<\/p>\n<h2 class=\"entry-title\" style=\"text-align: center;\"><a href=\"https:\/\/confilegal.com\/20190601-gatopardismo-en-las-costas-del-contencioso-administrativo\/\" target=\"_blank\" rel=\"noopener\"><span style=\"font-family: arial, helvetica, sans-serif;\">Gatopardismo en las costas del contencioso-administrativo<\/span><\/a><\/h2>\n<p style=\"text-align: center;\"><a href=\"https:\/\/puntocritico.com\/author\/punto-critico\/\"><img loading=\"lazy\" decoding=\"async\" class=\"aligncenter wp-image-48\" src=\"https:\/\/puntocritico.com\/ausajpuntocritico\/wp-content\/uploads\/2016\/11\/Mosca_Punto_Cr\u00edtico_40.png\" alt=\"\" width=\"60\" height=\"60\" \/><\/a><\/p>\n<hr \/>\n<p style=\"text-align: center;\">\u00a0<\/p>\n<p>[contentcards url=\u00bbhttps:\/\/www.eldiario.es\/politica\/Vox-Baleares-fundacion-Jorge-Campos_0_899410378.html\u00bb target=\u00bb_blank\u00bb]<\/p>\n<p style=\"text-align: center;\">\u00a0<\/p>\n<p><span style=\"font-family: arial, helvetica, sans-serif;\">DE LA TETA DEL PP AL GALLINERO DEL CONGRESO. TODOS CORRUPTOS; TODOS IMPUNES; PERO ADEM\u00c1S XEN\u00d3FOBOS.<\/span><\/p>\n<p style=\"text-align: center;\"><a href=\"https:\/\/puntocritico.com\/author\/punto-critico\/\"><img loading=\"lazy\" decoding=\"async\" class=\"aligncenter wp-image-48\" src=\"https:\/\/puntocritico.com\/ausajpuntocritico\/wp-content\/uploads\/2016\/11\/Mosca_Punto_Cr\u00edtico_40.png\" alt=\"\" width=\"60\" height=\"60\" \/><\/a><\/p>\n<hr \/>\n<p style=\"text-align: center;\">\u00a0<\/p>\n<p>[contentcards url=\u00bbhttp:\/\/revista.lamardeonuba.es\/la-audiencia-rechaza-el-recurso-de-caraballo-y-ordena-continuar-el-procedimiento-del-tribunal-del-jurado-por-presuntos-delitos-de-cohecho-y-trafico-de-influencias\/\u00bb target=\u00bb_blank\u00bb]<\/p>\n<p style=\"text-align: justify;\"><span style=\"font-family: arial, helvetica, sans-serif;\">CLARO QUE SE PUEDE; SI, SI, SI SE PUEDE \u2026 SER TAN CHORIZO COMO LOS DEM\u00c1S.<\/span><\/p>\n<p style=\"text-align: justify;\"><span style=\"font-family: arial, helvetica, sans-serif;\">El\u00a0<em>caso Aljaraque<\/em>\u00a0investiga el presunto soborno a dos concejales de la formaci\u00f3n Aljaraque Si Se Puede en el municipio para reconducir una moci\u00f3n de censura con la que pretend\u00edan desbancar \u2013junto al PP- al equipo de gobierno del PSOE. A todos los implicados en la causa, la instructora les atribuye inicialmente la presunta comisi\u00f3n de delitos de cohecho y tr\u00e1fico de influencias.<\/span><\/p>\n<p style=\"text-align: center;\"><a href=\"https:\/\/puntocritico.com\/author\/punto-critico\/\"><img loading=\"lazy\" decoding=\"async\" class=\"aligncenter wp-image-48\" src=\"https:\/\/puntocritico.com\/ausajpuntocritico\/wp-content\/uploads\/2016\/11\/Mosca_Punto_Cr\u00edtico_40.png\" alt=\"\" width=\"60\" height=\"60\" \/><\/a><\/p>\n<hr \/>\n<p>[contentcards url=\u00bbhttps:\/\/www.elmundo.es\/economia\/2019\/06\/14\/5d029679fdddffa3738b468f.html\u00bb target=\u00bb_blank\u00bb]<\/p>\n<p style=\"text-align: center;\">\u00a0<\/p>\n<p><span style=\"font-family: arial, helvetica, sans-serif;\">A PRIVATIZAR, AHORA QUE HAN CONSEGUIDO APARENTAR QUE \u201cVALE POCO\u201d.<\/span><\/p>\n<p style=\"text-align: center;\"><a href=\"https:\/\/puntocritico.com\/author\/punto-critico\/\"><img loading=\"lazy\" decoding=\"async\" class=\"aligncenter wp-image-48\" src=\"https:\/\/puntocritico.com\/ausajpuntocritico\/wp-content\/uploads\/2016\/11\/Mosca_Punto_Cr\u00edtico_40.png\" alt=\"\" width=\"60\" height=\"60\" \/><\/a><\/p>\n<hr \/>\n<p style=\"text-align: center;\"><a href=\"https:\/\/elpais.com\/elpais\/2019\/06\/14\/opinion\/1560516521_540005.html\" target=\"_blank\" rel=\"noopener\"><img loading=\"lazy\" decoding=\"async\" class=\"aligncenter size-full wp-image-19412\" src=\"https:\/\/puntocritico.com\/ausajpuntocritico\/wp-content\/uploads\/2019\/07\/Noticias_junio_23.jpg\" alt=\"\" width=\"680\" height=\"935\" srcset=\"https:\/\/puntocritico.com\/ausajpuntocritico\/wp-content\/uploads\/2019\/07\/Noticias_junio_23.jpg 680w, https:\/\/puntocritico.com\/ausajpuntocritico\/wp-content\/uploads\/2019\/07\/Noticias_junio_23-218x300.jpg 218w\" sizes=\"auto, (max-width: 680px) 100vw, 680px\" \/><\/a><\/p>\n<p style=\"text-align: center;\">\u00a0<\/p>\n<h2 id=\"articulo-titulo\" class=\"articulo-titulo \" style=\"text-align: center;\"><a href=\"https:\/\/elpais.com\/elpais\/2019\/06\/14\/opinion\/1560516521_540005.html\" target=\"_blank\" rel=\"noopener\"><span style=\"font-family: arial, helvetica, sans-serif;\">Lo personal no siempre es pol\u00edtico<\/span><\/a><\/h2>\n<p style=\"text-align: center;\"><a href=\"https:\/\/puntocritico.com\/author\/punto-critico\/\"><img loading=\"lazy\" decoding=\"async\" class=\"aligncenter wp-image-48\" src=\"https:\/\/puntocritico.com\/ausajpuntocritico\/wp-content\/uploads\/2016\/11\/Mosca_Punto_Cr\u00edtico_40.png\" alt=\"\" width=\"60\" height=\"60\" \/><\/a><\/p>\n<hr \/>\n<p style=\"text-align: center;\">\u00a0<\/p>\n<p>[contentcards url=\u00bbhttps:\/\/puntocritico.com\/2017\/09\/30\/sediciosos\/\u00bb target=\u00bb_blank\u00bb]<\/p>\n<p style=\"text-align: center;\"><a href=\"https:\/\/puntocritico.com\/author\/punto-critico\/\"><img loading=\"lazy\" decoding=\"async\" class=\"aligncenter wp-image-48\" src=\"https:\/\/puntocritico.com\/ausajpuntocritico\/wp-content\/uploads\/2016\/11\/Mosca_Punto_Cr\u00edtico_40.png\" alt=\"\" width=\"60\" height=\"60\" \/><\/a><\/p>\n<hr \/>\n<p style=\"text-align: center;\">\u00a0<\/p>\n<p>[contentcards url=\u00bbhttps:\/\/www.abc.es\/estilo\/moda\/abci-camisetas-frases-mas-famosas-juez-marchena-arrasan-toda-espana-201906141153_noticia.html#vca=mod-lo-mas-p6&#038;vmc=leido&#038;vso=abc-es&#038;vli=portada.portada&#038;vtm_loMas=si\u00bb target=\u00bb_blank\u00bb]<\/p>\n<p style=\"text-align: center;\">\u00a0<\/p>\n<p><span style=\"font-family: arial, helvetica, sans-serif;\">\u00abControlando la Sala Segunda desde detr\u00e1s\u00bb: el &#8216;whatsapp&#8217; de Cosid\u00f3 que hemos \u2013convenientemente- olvidado. NO LO DIJO ALGUIEN EN UN BLOG; LO DIJO EL LIDER DE LA OPOSICI\u00d3N EN EL SENADO. LA IMPARCIALIDAD OBJETIVA DE MARCHENA, SIMPLEMENTE, NO EXISTE.<\/span><\/p>\n<p style=\"text-align: center;\"><a href=\"https:\/\/puntocritico.com\/author\/punto-critico\/\"><img loading=\"lazy\" decoding=\"async\" class=\"aligncenter wp-image-48\" src=\"https:\/\/puntocritico.com\/ausajpuntocritico\/wp-content\/uploads\/2016\/11\/Mosca_Punto_Cr\u00edtico_40.png\" alt=\"\" width=\"60\" height=\"60\" \/><\/a><\/p>\n<hr \/>\n<p style=\"text-align: center;\"><a href=\"https:\/\/elpais.com\/politica\/2019\/06\/14\/actualidad\/1560499743_673245.html\" target=\"_blank\" rel=\"noopener\"><img loading=\"lazy\" decoding=\"async\" class=\"aligncenter size-full wp-image-19413\" src=\"https:\/\/puntocritico.com\/ausajpuntocritico\/wp-content\/uploads\/2019\/07\/Noticias_junio_24.jpg\" alt=\"\" width=\"680\" height=\"935\" srcset=\"https:\/\/puntocritico.com\/ausajpuntocritico\/wp-content\/uploads\/2019\/07\/Noticias_junio_24.jpg 680w, https:\/\/puntocritico.com\/ausajpuntocritico\/wp-content\/uploads\/2019\/07\/Noticias_junio_24-218x300.jpg 218w\" sizes=\"auto, (max-width: 680px) 100vw, 680px\" \/><\/a><\/p>\n<p style=\"text-align: center;\">\u00a0<\/p>\n<h2 id=\"articulo-titulo\" class=\"articulo-titulo \" style=\"text-align: center;\"><a href=\"https:\/\/elpais.com\/politica\/2019\/06\/14\/actualidad\/1560499743_673245.html\" target=\"_blank\" rel=\"noopener\"><span style=\"font-family: arial, helvetica, sans-serif;\">El Supremo rechaza dar permiso a Junqueras para recoger el acta de eurodiputado<\/span><\/a><\/h2>\n<p style=\"text-align: center;\"><a href=\"https:\/\/puntocritico.com\/author\/punto-critico\/\"><img loading=\"lazy\" decoding=\"async\" class=\"aligncenter wp-image-48\" src=\"https:\/\/puntocritico.com\/ausajpuntocritico\/wp-content\/uploads\/2016\/11\/Mosca_Punto_Cr\u00edtico_40.png\" alt=\"\" width=\"60\" height=\"60\" \/><\/a><\/p>\n<hr \/>\n<p style=\"text-align: center;\">\u00a0<\/p>\n<p>[contentcards url=\u00bbhttps:\/\/www.eldiario.es\/zonacritica\/Prevaricacion-consumada_6_909969001.html\u00bb target=\u00bb_blank\u00bb]<\/p>\n<p style=\"text-align: center;\"><a href=\"https:\/\/puntocritico.com\/author\/punto-critico\/\">\u00a0<img loading=\"lazy\" decoding=\"async\" class=\"aligncenter wp-image-48\" src=\"https:\/\/puntocritico.com\/ausajpuntocritico\/wp-content\/uploads\/2016\/11\/Mosca_Punto_Cr\u00edtico_40.png\" alt=\"\" width=\"60\" height=\"60\" \/><\/a><\/p>\n<hr \/>\n<p style=\"text-align: center;\"><a href=\"https:\/\/elpais.com\/ccaa\/2019\/06\/14\/catalunya\/1560527879_944633.html\" target=\"_blank\" rel=\"noopener\"><img loading=\"lazy\" decoding=\"async\" class=\"aligncenter size-full wp-image-19414\" src=\"https:\/\/puntocritico.com\/ausajpuntocritico\/wp-content\/uploads\/2019\/07\/Noticias_junio_25.jpg\" alt=\"\" width=\"680\" height=\"935\" srcset=\"https:\/\/puntocritico.com\/ausajpuntocritico\/wp-content\/uploads\/2019\/07\/Noticias_junio_25.jpg 680w, https:\/\/puntocritico.com\/ausajpuntocritico\/wp-content\/uploads\/2019\/07\/Noticias_junio_25-218x300.jpg 218w\" sizes=\"auto, (max-width: 680px) 100vw, 680px\" \/><\/a><\/p>\n<h2 id=\"articulo-titulo\" class=\"articulo-titulo \" style=\"text-align: center;\"><a href=\"https:\/\/elpais.com\/ccaa\/2019\/06\/14\/catalunya\/1560527879_944633.html\" target=\"_blank\" rel=\"noopener\"><span style=\"font-family: arial, helvetica, sans-serif;\">Las bases de Colau avalan que siga en la alcald\u00eda con el PSC y los votos de Valls<\/span><\/a><\/h2>\n<p><span style=\"font-family: arial, helvetica, sans-serif;\">LAS BASES DE COLAU NO LLEGAN A 3.000; PERO VAN A REPARTIRSE EL PRESUPUESTO. La misma mierda son. Traidores y corruptos est\u00e1n muy preocupados por tu bienestar \u2026<\/span><\/p>\n<p style=\"text-align: center;\"><a href=\"https:\/\/puntocritico.com\/author\/punto-critico\/\"><img loading=\"lazy\" decoding=\"async\" class=\"aligncenter wp-image-48\" src=\"https:\/\/puntocritico.com\/ausajpuntocritico\/wp-content\/uploads\/2016\/11\/Mosca_Punto_Cr\u00edtico_40.png\" alt=\"\" width=\"60\" height=\"60\" \/><\/a><\/p>\n<hr \/>\n<p style=\"text-align: center;\">\u00a0<\/p>\n<p>[contentcards url=\u00bbhttps:\/\/www.lasprovincias.es\/politica\/colau-consulta-bases-gobierna-6048003743001-20190613180633-vi.html\u00bb target=\u00bb_blank\u00bb]<\/p>\n<p style=\"text-align: center;\"><a href=\"https:\/\/puntocritico.com\/author\/punto-critico\/\"><img loading=\"lazy\" decoding=\"async\" class=\"aligncenter wp-image-48\" src=\"https:\/\/puntocritico.com\/ausajpuntocritico\/wp-content\/uploads\/2016\/11\/Mosca_Punto_Cr\u00edtico_40.png\" alt=\"\" width=\"60\" height=\"60\" \/><\/a><\/p>\n<hr \/>\n<p style=\"text-align: center;\">\u00a0<\/p>\n<p>[contentcards url=\u00bbhttps:\/\/www.lavanguardia.com\/local\/barcelona\/20190613\/462851197368\/colau-maragall-collboni-psc-bcomu-erc-acuerdo-barcelona.html\u00bb target=\u00bb_blank\u00bb]<\/p>\n<p style=\"text-align: center;\"><a href=\"https:\/\/puntocritico.com\/author\/punto-critico\/\"><img loading=\"lazy\" decoding=\"async\" class=\"aligncenter wp-image-48\" src=\"https:\/\/puntocritico.com\/ausajpuntocritico\/wp-content\/uploads\/2016\/11\/Mosca_Punto_Cr\u00edtico_40.png\" alt=\"\" width=\"60\" height=\"60\" \/><\/a><\/p>\n<hr \/>\n<p style=\"text-align: center;\">\u00a0<\/p>\n<p>[contentcards url=\u00bbhttps:\/\/cronicaglobal.elespanol.com\/politica\/colau-contrato-barcelona-en-comu_253221_102.html\u00bb target=\u00bb_blank\u00bb]<\/p>\n<p style=\"text-align: center;\">\u00a0<\/p>\n<p style=\"text-align: justify;\"><span style=\"font-family: arial, helvetica, sans-serif;\">AS\u00cd SE LAS GASTAN EN LAS CONSULTAS A LAS BASES DE LA NUEVA POL\u00cdTICA (parece, no obstante, conforme a su Programa material (el de los hechos, porque el de las promesas ya las conoc\u00edamos desde Tierno \u201cla movida\u201d Galv\u00e1n; no valen nada), ese Programa real que vemos se va resumiendo en una simple expresi\u00f3n: \u201cSer Califa en lugar del Califa\u201d; que por lo dem\u00e1s, tampoco es original \u2026<\/span><\/p>\n<p style=\"text-align: justify;\"><span style=\"font-family: arial, helvetica, sans-serif;\">Son \u201cSUS\u201d BASES. Que se las ha comprado; \u00bfcon tu dinero? Pru\u00e9balo \u2026 y disfruta del espect\u00e1culo de un Poder Judicial arbitrario e injusto.<\/span><\/p>\n<p style=\"text-align: justify;\"><span style=\"font-family: arial, helvetica, sans-serif;\">Si piensas quejarte, mejor deja de ser independiente y convi\u00e9rtete en \u201cbase\u201d de alguna submarca de la casa matriz de todos los partidos que el sistema promociona en sus medios de comunicaci\u00f3n; que no son un Servicio P\u00fablico, sino una utilidad privada. Aqu\u00ed los \u201cConstitucionalistas\u201d, con su silencio, demuestran su verdadera naturaleza de \u201cconstitucionaleros\u201d.<\/span><\/p>\n<p style=\"text-align: justify;\"><span style=\"font-family: arial, helvetica, sans-serif;\">En Tribunales la cosa funciona igual que en las Subvenciones. La Independencia es un mal para el sistema. \u00a1Viva el Orden P\u00fablico! Y el Totalitarismo \u201cde mercado\u201d. Canaliza tu queja por el conducto oficial (el partido o peri\u00f3dico sist\u00e9mico, ese que sabes que miente, pero \u2026 c\u00f3mo te gustan sus mentiras; las conviertes en afirmaciones que se pegan a tu ego y se confunden con \u00e9l, llev\u00e1ndote a defender lo indefendible como si la vida te fuese en ello; cuando s\u00f3lo afecta a tu ego).<\/span><\/p>\n<p style=\"text-align: justify;\"><span style=\"font-family: arial, helvetica, sans-serif;\">En a actualidad, una reforma del C\u00f3digo Penal Espa\u00f1ol, podr\u00e1 consistir en una sencilla norma \u201cES UN DELINCUENTE; NO PIENSA COMO YO\u201d. Las decisiones judiciales se fundamentar\u00e1n en un algoritmo que calcule la densidad de likes, retuits y followers de cada opci\u00f3n, con las correcciones pertinentes en funci\u00f3n del n\u00famero de lectores de los peri\u00f3dicos, TVs, redes sociales, radios y blogs que defiendan la culpabilidad y la inocencia, respectivamente.<\/span><\/p>\n<p style=\"text-align: justify;\"><span style=\"font-family: arial, helvetica, sans-serif;\">El sistema, como se prev\u00e9 \u2013porque es m\u00e1s que previsible; es indudable-, pronto alcanzar\u00e1 el cenit del caos buscado por los due\u00f1os de los personajes \u2013que entre carguitos, puestos de libre designaci\u00f3n se preparan para acreditar inexistentes m\u00e9ritos, que nos los hagan percibir como capaces y adecuados para ser situados en puestos de acceso reglado, subvenciones y silencios, est\u00e1n hoy en fase de construcci\u00f3n de imagen-, ya designados como nuestros Salvadores de la d\u00e9cada que viene; por ello, la Ley Penal tendr\u00e1 que perder toda flexibilidad, deslaz\u00e1ndose hacia: \u201cES UN DELINCUENTE, NO PIENSA EXACTAMENTE COMO YO\u201d. Finalmente llegaremos al fin del ciclo de Reformas Penales, con una todav\u00eda m\u00e1s simple norma: \u201cES UN DELINCUENTE: PIENSA\u201d.<\/span><\/p>\n<p style=\"text-align: center;\"><a href=\"https:\/\/puntocritico.com\/author\/punto-critico\/\"><img loading=\"lazy\" decoding=\"async\" class=\"aligncenter wp-image-48\" src=\"https:\/\/puntocritico.com\/ausajpuntocritico\/wp-content\/uploads\/2016\/11\/Mosca_Punto_Cr\u00edtico_40.png\" alt=\"\" width=\"60\" height=\"60\" \/><\/a><\/p>\n<hr \/>\n<p style=\"text-align: center;\">\u00a0<\/p>\n<p>[contentcards url=\u00bbhttps:\/\/confilegal.com\/20190614-justicia-aboga-por-una-respuesta-penal-coordinada-frente-a-los-delitos-de-odio-y-la-proteccion-integral-de-las-victimas\/\u00bb target=\u00bb_blank\u00bb]<\/p>\n<p style=\"text-align: center;\"><a href=\"https:\/\/puntocritico.com\/author\/punto-critico\/\"><img loading=\"lazy\" decoding=\"async\" class=\"aligncenter wp-image-48\" src=\"https:\/\/puntocritico.com\/ausajpuntocritico\/wp-content\/uploads\/2016\/11\/Mosca_Punto_Cr\u00edtico_40.png\" alt=\"\" width=\"60\" height=\"60\" \/><\/a><\/p>\n<hr \/>\n<p style=\"text-align: center;\">\u00a0<\/p>\n<p>[contentcards url=\u00bbhttps:\/\/confilegal.com\/20190614-el-tribunal-supremo-establece-que-adoctrinar-en-yihadismo-exige-lograr-adhesiones-activas\/\u00bb target=\u00bb_blank\u00bb]<\/p>\n<p style=\"text-align: center;\"><a href=\"https:\/\/puntocritico.com\/author\/punto-critico\/\"><img loading=\"lazy\" decoding=\"async\" class=\"aligncenter wp-image-48\" src=\"https:\/\/puntocritico.com\/ausajpuntocritico\/wp-content\/uploads\/2016\/11\/Mosca_Punto_Cr\u00edtico_40.png\" alt=\"\" width=\"60\" height=\"60\" \/><\/a><\/p>\n<hr \/>\n<p style=\"text-align: center;\">\u00a0<\/p>\n<p>[contentcards url=\u00bbhttps:\/\/blogs.publico.es\/dominiopublico\/28985\/unidad-de-espana-vs-derechos-fundamentales\/\u00bb target=\u00bb_blank\u00bb]<\/p>\n<p style=\"text-align: center;\"><a href=\"https:\/\/puntocritico.com\/author\/punto-critico\/\"><img loading=\"lazy\" decoding=\"async\" class=\"aligncenter wp-image-48\" src=\"https:\/\/puntocritico.com\/ausajpuntocritico\/wp-content\/uploads\/2016\/11\/Mosca_Punto_Cr\u00edtico_40.png\" alt=\"\" width=\"60\" height=\"60\" \/><\/a><\/p>\n<hr \/>\n<p style=\"text-align: center;\">\u00a0<\/p>\n<p>[contentcards url=\u00bbhttps:\/\/www.eldiario.es\/zonacritica\/Visto-sentencia_6_909619054.html\u00bb target=\u00bb_blank\u00bb]<\/p>\n<p style=\"text-align: center;\"><a href=\"https:\/\/puntocritico.com\/author\/punto-critico\/\"><img loading=\"lazy\" decoding=\"async\" class=\"aligncenter wp-image-48\" src=\"https:\/\/puntocritico.com\/ausajpuntocritico\/wp-content\/uploads\/2016\/11\/Mosca_Punto_Cr\u00edtico_40.png\" alt=\"\" width=\"60\" height=\"60\" \/><\/a><\/p>\n<hr \/>\n<p style=\"text-align: center;\">\u00a0<\/p>\n<p>[contentcards url=\u00bbhttps:\/\/www.elmundo.es\/espana\/2019\/06\/14\/5d035d13fc6c83b63c8b4587.html\u00bb target=\u00bb_blank\u00bb]<\/p>\n<p style=\"text-align: center;\"><a href=\"https:\/\/puntocritico.com\/author\/punto-critico\/\"><img loading=\"lazy\" decoding=\"async\" class=\"aligncenter wp-image-48\" src=\"https:\/\/puntocritico.com\/ausajpuntocritico\/wp-content\/uploads\/2016\/11\/Mosca_Punto_Cr\u00edtico_40.png\" alt=\"\" width=\"60\" height=\"60\" \/><\/a><\/p>\n<hr \/>\n<p style=\"text-align: center;\"><a href=\"https:\/\/elpais.com\/internacional\/2019\/06\/14\/actualidad\/1560490520_286065.html\" target=\"_blank\" rel=\"noopener\"><img loading=\"lazy\" decoding=\"async\" class=\"aligncenter size-full wp-image-19415\" src=\"https:\/\/puntocritico.com\/ausajpuntocritico\/wp-content\/uploads\/2019\/07\/Noticias_junio_26.jpg\" alt=\"\" width=\"680\" height=\"935\" srcset=\"https:\/\/puntocritico.com\/ausajpuntocritico\/wp-content\/uploads\/2019\/07\/Noticias_junio_26.jpg 680w, https:\/\/puntocritico.com\/ausajpuntocritico\/wp-content\/uploads\/2019\/07\/Noticias_junio_26-218x300.jpg 218w\" sizes=\"auto, (max-width: 680px) 100vw, 680px\" \/><\/a><\/p>\n<p style=\"text-align: center;\">\u00a0<\/p>\n<h2 id=\"articulo-titulo\" class=\"articulo-titulo \" style=\"text-align: center;\"><a href=\"https:\/\/elpais.com\/internacional\/2019\/06\/14\/actualidad\/1560490520_286065.html\" target=\"_blank\" rel=\"noopener\"><span style=\"font-family: arial, helvetica, sans-serif;\">EE UU publica un v\u00eddeo con el que pretende culpar a Ir\u00e1n del ataque a los petroleros<\/span><\/a><\/h2>\n<p style=\"text-align: center;\"><a href=\"https:\/\/puntocritico.com\/author\/punto-critico\/\"><img loading=\"lazy\" decoding=\"async\" class=\"aligncenter wp-image-48\" src=\"https:\/\/puntocritico.com\/ausajpuntocritico\/wp-content\/uploads\/2016\/11\/Mosca_Punto_Cr\u00edtico_40.png\" alt=\"\" width=\"60\" height=\"60\" \/><\/a><\/p>\n<hr \/>\n<p style=\"text-align: center;\"><a href=\"https:\/\/elpais.com\/ccaa\/2019\/06\/13\/madrid\/1560450961_372874.html\" target=\"_blank\" rel=\"noopener\"><img loading=\"lazy\" decoding=\"async\" class=\"aligncenter size-full wp-image-19416\" src=\"https:\/\/puntocritico.com\/ausajpuntocritico\/wp-content\/uploads\/2019\/07\/Noticias_junio_27.jpg\" alt=\"\" width=\"680\" height=\"935\" srcset=\"https:\/\/puntocritico.com\/ausajpuntocritico\/wp-content\/uploads\/2019\/07\/Noticias_junio_27.jpg 680w, https:\/\/puntocritico.com\/ausajpuntocritico\/wp-content\/uploads\/2019\/07\/Noticias_junio_27-218x300.jpg 218w\" sizes=\"auto, (max-width: 680px) 100vw, 680px\" \/><\/a><\/p>\n<p style=\"text-align: center;\">\u00a0<\/p>\n<h2 id=\"articulo-titulo\" class=\"articulo-titulo \" style=\"text-align: center;\"><a href=\"https:\/\/elpais.com\/ccaa\/2019\/06\/13\/madrid\/1560450961_372874.html\" target=\"_blank\" rel=\"noopener\"><span style=\"font-family: arial, helvetica, sans-serif;\">Un escrito ante la Fiscal\u00eda denuncia un contrato de 785 millones de Ana Botella<\/span><\/a><\/h2>\n<p style=\"text-align: center;\"><a href=\"https:\/\/puntocritico.com\/author\/punto-critico\/\"><img loading=\"lazy\" decoding=\"async\" class=\"aligncenter wp-image-48\" src=\"https:\/\/puntocritico.com\/ausajpuntocritico\/wp-content\/uploads\/2016\/11\/Mosca_Punto_Cr\u00edtico_40.png\" alt=\"\" width=\"60\" height=\"60\" \/><\/a><\/p>\n<hr \/>\n<p style=\"text-align: center;\">\u00a0<\/p>\n<p>[contentcards url=\u00bbhttps:\/\/www.cope.es\/programas\/herrera-en-cope\/el-paseillo-del-tron\/noticias\/brutal-bano-realidad-exposito-herrera-carmen-calvo-sobre-violencia-machista-20190614_436435&#8243; target=\u00bb_blank\u00bb]<\/p>\n<p style=\"text-align: center;\"><a href=\"https:\/\/puntocritico.com\/author\/punto-critico\/\"><img loading=\"lazy\" decoding=\"async\" class=\"aligncenter wp-image-48\" src=\"https:\/\/puntocritico.com\/ausajpuntocritico\/wp-content\/uploads\/2016\/11\/Mosca_Punto_Cr\u00edtico_40.png\" alt=\"\" width=\"60\" height=\"60\" \/><\/a><\/p>\n<hr \/>\n<p style=\"text-align: center;\">\u00a0<\/p>\n<p>[contentcards url=\u00bbhttp:\/\/canarias-semanal.org\/art\/25412\/la-censura-en-la-red-como-una-de-las-bellas-artes\u00bb target=\u00bb_blank\u00bb]<\/p>\n<p style=\"text-align: center;\"><a href=\"https:\/\/puntocritico.com\/author\/punto-critico\/\"><img loading=\"lazy\" decoding=\"async\" class=\"aligncenter wp-image-48\" src=\"https:\/\/puntocritico.com\/ausajpuntocritico\/wp-content\/uploads\/2016\/11\/Mosca_Punto_Cr\u00edtico_40.png\" alt=\"\" width=\"60\" height=\"60\" \/><\/a><\/p>\n<hr \/>\n<p style=\"text-align: center;\">\u00a0<\/p>\n<p>[contentcards url=\u00bbhttps:\/\/www.eldiario.es\/cv\/PP-PSOE-Gobierno-Convencion-ONU-franquismo_0_909209370.html\u00bb target=\u00bb_blank\u00bb]<\/p>\n<p style=\"text-align: center;\"><a href=\"https:\/\/puntocritico.com\/author\/punto-critico\/\"><img loading=\"lazy\" decoding=\"async\" class=\"aligncenter wp-image-48\" src=\"https:\/\/puntocritico.com\/ausajpuntocritico\/wp-content\/uploads\/2016\/11\/Mosca_Punto_Cr\u00edtico_40.png\" alt=\"\" width=\"60\" height=\"60\" \/><\/a><\/p>\n<hr \/>\n<p style=\"text-align: center;\">\u00a0<\/p>\n<p>[contentcards url=\u00bbhttps:\/\/www.abc.es\/sociedad\/abci-pintan-monumento-dedicado-nino-gabriel-maltrata-varon-nino-o-hombre-201906131141_noticia.html\u00bb target=\u00bb_blank\u00bb]<\/p>\n<p style=\"text-align: center;\"><a href=\"https:\/\/puntocritico.com\/author\/punto-critico\/\"><img loading=\"lazy\" decoding=\"async\" class=\"aligncenter wp-image-48\" src=\"https:\/\/puntocritico.com\/ausajpuntocritico\/wp-content\/uploads\/2016\/11\/Mosca_Punto_Cr\u00edtico_40.png\" alt=\"\" width=\"60\" height=\"60\" \/><\/a><\/p>\n<hr \/>\n<p style=\"text-align: center;\">\u00a0<\/p>\n<p>[contentcards url=\u00bbhttps:\/\/www.abc.es\/espana\/comunidad-valenciana\/abci-varias-adolescentes-amenazan-palos-y-cuchillos-companera-clase-14-anos-chico-201906131706_noticia.html\u00bb target=\u00bb_blank\u00bb]<\/p>\n<p style=\"text-align: center;\"><a href=\"https:\/\/puntocritico.com\/author\/punto-critico\/\"><img loading=\"lazy\" decoding=\"async\" class=\"aligncenter wp-image-48\" src=\"https:\/\/puntocritico.com\/ausajpuntocritico\/wp-content\/uploads\/2016\/11\/Mosca_Punto_Cr\u00edtico_40.png\" alt=\"\" width=\"60\" height=\"60\" \/><\/a><\/p>\n<hr \/>\n<p style=\"text-align: center;\">\u00a0<\/p>\n<p>[contentcards url=\u00bbhttps:\/\/www.abc.es\/internacional\/abci-evacuan-buques-petroleros-incidente-golfo-oman-201906131000_noticia.html\u00bb target=\u00bb_blank\u00bb]<\/p>\n<p style=\"text-align: center;\"><a href=\"https:\/\/puntocritico.com\/author\/punto-critico\/\"><img loading=\"lazy\" decoding=\"async\" class=\"aligncenter wp-image-48\" src=\"https:\/\/puntocritico.com\/ausajpuntocritico\/wp-content\/uploads\/2016\/11\/Mosca_Punto_Cr\u00edtico_40.png\" alt=\"\" width=\"60\" height=\"60\" \/><\/a><\/p>\n<hr \/>\n<p style=\"text-align: center;\">\u00a0<\/p>\n<p>[contentcards url=\u00bbhttps:\/\/www.eldiario.es\/zonacritica\/Prevaricacion-vista_6_908919121.html\u00bb target=\u00bb_blank\u00bb]<\/p>\n<p style=\"text-align: center;\"><a href=\"https:\/\/puntocritico.com\/author\/punto-critico\/\"><img loading=\"lazy\" decoding=\"async\" class=\"aligncenter wp-image-48\" src=\"https:\/\/puntocritico.com\/ausajpuntocritico\/wp-content\/uploads\/2016\/11\/Mosca_Punto_Cr\u00edtico_40.png\" alt=\"\" width=\"60\" height=\"60\" \/><\/a><\/p>\n<hr \/>\n<p style=\"text-align: center;\">\u00a0<\/p>\n<p>[contentcards url=\u00bbhttps:\/\/blogs.publico.es\/rosa-espinas\/2019\/06\/12\/oh-capitana-mi-capitana\/\u00bb target=\u00bb_blank\u00bb]<\/p>\n<p style=\"text-align: center;\"><a href=\"https:\/\/puntocritico.com\/author\/punto-critico\/\"><img loading=\"lazy\" decoding=\"async\" class=\"aligncenter wp-image-48\" src=\"https:\/\/puntocritico.com\/ausajpuntocritico\/wp-content\/uploads\/2016\/11\/Mosca_Punto_Cr\u00edtico_40.png\" alt=\"\" width=\"60\" height=\"60\" \/><\/a><\/p>\n<hr \/>\n<p style=\"text-align: center;\">\u00a0<\/p>\n<p>[contentcards url=\u00bbhttps:\/\/www.periodicoclm.es\/articulo\/guadalajara\/jueza-prohibe-pah-fotografiar-desahucios-amenaza-imputar-delito-desobediencia-quien-haga\/20190611202421009773.html\u00bb target=\u00bb_blank\u00bb]<\/p>\n<p style=\"text-align: center;\"><a href=\"https:\/\/puntocritico.com\/author\/punto-critico\/\"><img loading=\"lazy\" decoding=\"async\" class=\"aligncenter wp-image-48\" src=\"https:\/\/puntocritico.com\/ausajpuntocritico\/wp-content\/uploads\/2016\/11\/Mosca_Punto_Cr\u00edtico_40.png\" alt=\"\" width=\"60\" height=\"60\" \/><\/a><\/p>\n<hr \/>\n<p style=\"text-align: center;\">\u00a0<\/p>\n<p>[contentcards url=\u00bbhttps:\/\/www.eldiario.es\/desalambre\/independiente-investigo-Oxfam-escandalo-Haiti_0_909209140.html\u00bb target=\u00bb_blank\u00bb]<\/p>\n<p style=\"text-align: center;\"><a href=\"https:\/\/puntocritico.com\/author\/punto-critico\/\"><img loading=\"lazy\" decoding=\"async\" class=\"aligncenter wp-image-48\" src=\"https:\/\/puntocritico.com\/ausajpuntocritico\/wp-content\/uploads\/2016\/11\/Mosca_Punto_Cr\u00edtico_40.png\" alt=\"\" width=\"60\" height=\"60\" \/><\/a><\/p>\n<hr \/>\n<p style=\"text-align: center;\">\u00a0<\/p>\n<p>[contentcards url=\u00bbhttps:\/\/www.eldiario.es\/sociedad\/detras-asesinadas-violencia-machista_0_908859493.html\u00bb target=\u00bb_blank\u00bb]<\/p>\n<p style=\"text-align: center;\"><a href=\"https:\/\/puntocritico.com\/author\/punto-critico\/\"><img loading=\"lazy\" decoding=\"async\" class=\"aligncenter wp-image-48\" src=\"https:\/\/puntocritico.com\/ausajpuntocritico\/wp-content\/uploads\/2016\/11\/Mosca_Punto_Cr\u00edtico_40.png\" alt=\"\" width=\"60\" height=\"60\" \/><\/a><\/p>\n<hr \/>\n<p style=\"text-align: center;\">\u00a0<\/p>\n<p>[contentcards url=\u00bbhttps:\/\/www.eldiario.es\/politica\/directivos-OHL-sobornos-publicos-adjudicaciones_0_909209211.html\u00bb target=\u00bb_blank\u00bb]<\/p>\n<p style=\"text-align: center;\"><a href=\"https:\/\/puntocritico.com\/author\/punto-critico\/\"><img loading=\"lazy\" decoding=\"async\" class=\"aligncenter wp-image-48\" src=\"https:\/\/puntocritico.com\/ausajpuntocritico\/wp-content\/uploads\/2016\/11\/Mosca_Punto_Cr\u00edtico_40.png\" alt=\"\" width=\"60\" height=\"60\" \/><\/a><\/p>\n<hr \/>\n<p style=\"text-align: center;\">\u00a0<\/p>\n<p>[contentcards url=\u00bbhttps:\/\/www.elmundo.es\/espana\/2019\/06\/12\/5d000b3cfc6c83cb498b461d.html\u00bb target=\u00bb_blank\u00bb]<\/p>\n<p style=\"text-align: center;\"><a href=\"https:\/\/puntocritico.com\/author\/punto-critico\/\"><img loading=\"lazy\" decoding=\"async\" class=\"aligncenter wp-image-48\" src=\"https:\/\/puntocritico.com\/ausajpuntocritico\/wp-content\/uploads\/2016\/11\/Mosca_Punto_Cr\u00edtico_40.png\" alt=\"\" width=\"60\" height=\"60\" \/><\/a><\/p>\n<hr \/>\n<p style=\"text-align: center;\">\u00a0<\/p>\n<p>[contentcards url=\u00bbhttps:\/\/www.elmundo.es\/baleares\/2019\/06\/12\/5d00e00dfc6c83d75e8b45bf.html\u00bb target=\u00bb_blank\u00bb]<\/p>\n<p style=\"text-align: center;\"><a href=\"https:\/\/puntocritico.com\/author\/punto-critico\/\"><img loading=\"lazy\" decoding=\"async\" class=\"aligncenter wp-image-48\" src=\"https:\/\/puntocritico.com\/ausajpuntocritico\/wp-content\/uploads\/2016\/11\/Mosca_Punto_Cr\u00edtico_40.png\" alt=\"\" width=\"60\" height=\"60\" \/><\/a><\/p>\n<hr \/>\n<p style=\"text-align: center;\"><a href=\"https:\/\/elpais.com\/ccaa\/2019\/06\/11\/catalunya\/1560280401_560955.html?rel=lom\" target=\"_blank\" rel=\"noopener\"><img loading=\"lazy\" decoding=\"async\" class=\"aligncenter size-full wp-image-19417\" src=\"https:\/\/puntocritico.com\/ausajpuntocritico\/wp-content\/uploads\/2019\/07\/Noticias_junio_28.jpg\" alt=\"\" width=\"680\" height=\"935\" srcset=\"https:\/\/puntocritico.com\/ausajpuntocritico\/wp-content\/uploads\/2019\/07\/Noticias_junio_28.jpg 680w, https:\/\/puntocritico.com\/ausajpuntocritico\/wp-content\/uploads\/2019\/07\/Noticias_junio_28-218x300.jpg 218w\" sizes=\"auto, (max-width: 680px) 100vw, 680px\" \/><\/a><\/p>\n<p style=\"text-align: center;\">\u00a0<\/p>\n<h2 id=\"articulo-titulo\" class=\"articulo-titulo \" style=\"text-align: center;\"><a href=\"https:\/\/elpais.com\/ccaa\/2019\/06\/11\/catalunya\/1560280401_560955.html?rel=lom\" target=\"_blank\" rel=\"noopener\"><span style=\"font-family: arial, helvetica, sans-serif;\">El estibador al que quer\u00edan en la c\u00e1rcel<\/span><\/a><\/h2>\n<p style=\"text-align: center;\"><a href=\"https:\/\/puntocritico.com\/author\/punto-critico\/\"><img loading=\"lazy\" decoding=\"async\" class=\"aligncenter wp-image-48\" src=\"https:\/\/puntocritico.com\/ausajpuntocritico\/wp-content\/uploads\/2016\/11\/Mosca_Punto_Cr\u00edtico_40.png\" alt=\"\" width=\"60\" height=\"60\" \/><\/a><\/p>\n<hr \/>\n<p style=\"text-align: center;\"><a href=\"https:\/\/elpais.com\/ccaa\/2019\/06\/11\/madrid\/1560275711_190098.html?rel=lom\" target=\"_blank\" rel=\"noopener\"><img loading=\"lazy\" decoding=\"async\" class=\"aligncenter size-full wp-image-19418\" src=\"https:\/\/puntocritico.com\/ausajpuntocritico\/wp-content\/uploads\/2019\/07\/Noticias_junio_29.jpg\" alt=\"\" width=\"680\" height=\"935\" srcset=\"https:\/\/puntocritico.com\/ausajpuntocritico\/wp-content\/uploads\/2019\/07\/Noticias_junio_29.jpg 680w, https:\/\/puntocritico.com\/ausajpuntocritico\/wp-content\/uploads\/2019\/07\/Noticias_junio_29-218x300.jpg 218w\" sizes=\"auto, (max-width: 680px) 100vw, 680px\" \/><\/a><\/p>\n<h2 id=\"articulo-titulo\" class=\"articulo-titulo \" style=\"text-align: center;\"><a href=\"https:\/\/elpais.com\/ccaa\/2019\/06\/11\/madrid\/1560275711_190098.html?rel=lom\" target=\"_blank\" rel=\"noopener\"><span style=\"font-family: arial, helvetica, sans-serif;\">La izquierda se rompe en Madrid con el primer golpe de la legislatura<\/span><\/a><\/h2>\n<p style=\"text-align: center;\"><a href=\"https:\/\/puntocritico.com\/author\/punto-critico\/\"><img loading=\"lazy\" decoding=\"async\" class=\"aligncenter wp-image-48\" src=\"https:\/\/puntocritico.com\/ausajpuntocritico\/wp-content\/uploads\/2016\/11\/Mosca_Punto_Cr\u00edtico_40.png\" alt=\"\" width=\"60\" height=\"60\" \/><\/a><\/p>\n<hr \/>\n<p style=\"text-align: center;\"><a href=\"https:\/\/elpais.com\/tecnologia\/2019\/06\/12\/actualidad\/1560347825_866607.html\" target=\"_blank\" rel=\"noopener\"><img loading=\"lazy\" decoding=\"async\" class=\"aligncenter size-full wp-image-19419\" src=\"https:\/\/puntocritico.com\/ausajpuntocritico\/wp-content\/uploads\/2019\/07\/Noticias_junio_30.jpg\" alt=\"\" width=\"680\" height=\"935\" srcset=\"https:\/\/puntocritico.com\/ausajpuntocritico\/wp-content\/uploads\/2019\/07\/Noticias_junio_30.jpg 680w, https:\/\/puntocritico.com\/ausajpuntocritico\/wp-content\/uploads\/2019\/07\/Noticias_junio_30-218x300.jpg 218w\" sizes=\"auto, (max-width: 680px) 100vw, 680px\" \/><\/a><\/p>\n<h2 style=\"text-align: center;\">\u00a0<\/h2>\n<h2 id=\"articulo-titulo\" class=\"articulo-titulo \" style=\"text-align: center;\"><a href=\"https:\/\/elpais.com\/tecnologia\/2019\/06\/12\/actualidad\/1560347825_866607.html\" target=\"_blank\" rel=\"noopener\"><span style=\"font-family: arial, helvetica, sans-serif;\">Facebook lanza una aplicaci\u00f3n para acceder a los datos de los usuarios a cambio de dinero<\/span><\/a><\/h2>\n<p style=\"text-align: center;\"><a href=\"https:\/\/puntocritico.com\/author\/punto-critico\/\"><img loading=\"lazy\" decoding=\"async\" class=\"aligncenter wp-image-48\" src=\"https:\/\/puntocritico.com\/ausajpuntocritico\/wp-content\/uploads\/2016\/11\/Mosca_Punto_Cr\u00edtico_40.png\" alt=\"\" width=\"60\" height=\"60\" \/><\/a><\/p>\n<hr \/>\n<h2 style=\"text-align: center;\"><a href=\"https:\/\/elpais.com\/cultura\/2019\/06\/11\/actualidad\/1560275843_886009.html\" target=\"_blank\" rel=\"noopener\"><img loading=\"lazy\" decoding=\"async\" class=\"aligncenter size-full wp-image-19420\" src=\"https:\/\/puntocritico.com\/ausajpuntocritico\/wp-content\/uploads\/2019\/07\/Noticias_junio_31.jpg\" alt=\"\" width=\"680\" height=\"935\" srcset=\"https:\/\/puntocritico.com\/ausajpuntocritico\/wp-content\/uploads\/2019\/07\/Noticias_junio_31.jpg 680w, https:\/\/puntocritico.com\/ausajpuntocritico\/wp-content\/uploads\/2019\/07\/Noticias_junio_31-218x300.jpg 218w\" sizes=\"auto, (max-width: 680px) 100vw, 680px\" \/><\/a><a href=\"https:\/\/elpais.com\/cultura\/2019\/06\/11\/actualidad\/1560275843_886009.html\" target=\"_blank\" rel=\"noopener\"><span style=\"font-family: arial, helvetica, sans-serif;\">Los Lara, una monarqu\u00eda entre libros<\/span><\/a><\/h2>\n<p style=\"text-align: center;\">\u00a0<\/p>\n<p style=\"text-align: center;\"><a href=\"https:\/\/puntocritico.com\/author\/punto-critico\/\"><img loading=\"lazy\" decoding=\"async\" class=\"aligncenter wp-image-48\" src=\"https:\/\/puntocritico.com\/ausajpuntocritico\/wp-content\/uploads\/2016\/11\/Mosca_Punto_Cr\u00edtico_40.png\" alt=\"\" width=\"60\" height=\"60\" \/><\/a><\/p>\n<hr \/>\n<p style=\"text-align: center;\">\u00a0<\/p>\n<p>[contentcards url=\u00bbhttps:\/\/www.abc.es\/espana\/madrid\/abci-carmena-dice-ultimo-pleno-no-sacrificara-villacis-para-convertirla-alcaldesa-201906121207_noticia.html\u00bb target=\u00bb_blank\u00bb]<\/p>\n<p style=\"text-align: center;\"><a href=\"https:\/\/puntocritico.com\/author\/punto-critico\/\"><img loading=\"lazy\" decoding=\"async\" class=\"aligncenter wp-image-48\" src=\"https:\/\/puntocritico.com\/ausajpuntocritico\/wp-content\/uploads\/2016\/11\/Mosca_Punto_Cr\u00edtico_40.png\" alt=\"\" width=\"60\" height=\"60\" \/><\/a><\/p>\n<hr \/>\n<p style=\"text-align: center;\">\u00a0<\/p>\n<p>[contentcards url=\u00bbhttps:\/\/confilegal.com\/20190612-la-ley-de-arrendamientos-urbanos-en-el-punto-de-mira-de-los-expertos-ante-el-repunte-de-los-desahucios-por-alquiler\/\u00bb target=\u00bb_blank\u00bb]<\/p>\n<p style=\"text-align: center;\"><a href=\"https:\/\/puntocritico.com\/author\/punto-critico\/\"><img loading=\"lazy\" decoding=\"async\" class=\"aligncenter wp-image-48\" src=\"https:\/\/puntocritico.com\/ausajpuntocritico\/wp-content\/uploads\/2016\/11\/Mosca_Punto_Cr\u00edtico_40.png\" alt=\"\" width=\"60\" height=\"60\" \/><\/a><\/p>\n<hr \/>\n<p style=\"text-align: center;\">\u00a0<\/p>\n<p>[contentcards url=\u00bbhttps:\/\/www.publico.es\/politica\/correos-explican-perez-maura-pagaron-villarejo-joya.html\u00bb]<\/p>\n<p style=\"text-align: center;\"><a href=\"https:\/\/puntocritico.com\/author\/punto-critico\/\"><img loading=\"lazy\" decoding=\"async\" class=\"aligncenter wp-image-48\" src=\"https:\/\/puntocritico.com\/ausajpuntocritico\/wp-content\/uploads\/2016\/11\/Mosca_Punto_Cr\u00edtico_40.png\" alt=\"\" width=\"60\" height=\"60\" \/><\/a><\/p>\n<hr \/>\n<p style=\"text-align: center;\">\u00a0<\/p>\n<p>[contentcards url=\u00bbhttps:\/\/www.eldiario.es\/zonacritica\/Nombrad-nombrad-malditos_6_911718835.html\u00bb]<\/p>\n<p style=\"text-align: center;\"><a href=\"https:\/\/puntocritico.com\/author\/punto-critico\/\"><img loading=\"lazy\" decoding=\"async\" class=\"aligncenter wp-image-48\" src=\"https:\/\/puntocritico.com\/ausajpuntocritico\/wp-content\/uploads\/2016\/11\/Mosca_Punto_Cr\u00edtico_40.png\" alt=\"\" width=\"60\" height=\"60\" \/><\/a><\/p>\n<hr \/>\n<p style=\"text-align: center;\">\u00a0<\/p>\n<p>[contentcards url=\u00bbhttps:\/\/www.eldiario.es\/politica\/Constitucional-derecho-indemnizacion-preventivos-absueltos_0_912008976.html\u00bb]<\/p>\n<p style=\"text-align: center;\"><a href=\"https:\/\/puntocritico.com\/author\/punto-critico\/\"><img loading=\"lazy\" decoding=\"async\" class=\"aligncenter wp-image-48\" src=\"https:\/\/puntocritico.com\/ausajpuntocritico\/wp-content\/uploads\/2016\/11\/Mosca_Punto_Cr\u00edtico_40.png\" alt=\"\" width=\"60\" height=\"60\" \/><\/a><\/p>\n<hr \/>\n<p style=\"text-align: center;\">\u00a0<\/p>\n<p>[contentcards url=\u00bbhttps:\/\/www.elmundo.es\/espana\/2019\/06\/20\/5d0a6f47fdddff15048b4594.html\u00bb]<\/p>\n<p style=\"text-align: center;\"><a href=\"https:\/\/puntocritico.com\/author\/punto-critico\/\"><img loading=\"lazy\" decoding=\"async\" class=\"aligncenter wp-image-48\" src=\"https:\/\/puntocritico.com\/ausajpuntocritico\/wp-content\/uploads\/2016\/11\/Mosca_Punto_Cr\u00edtico_40.png\" alt=\"\" width=\"60\" height=\"60\" \/><\/a><\/p>\n<hr \/>\n<p style=\"text-align: center;\">\u00a0<\/p>\n<p>[contentcards url=\u00bbhttps:\/\/www.elmundo.es\/andalucia\/2019\/06\/19\/5d0a7e3321efa01d038b4623.html\u00bb]<\/p>\n<p style=\"text-align: center;\"><a href=\"https:\/\/puntocritico.com\/author\/punto-critico\/\"><img loading=\"lazy\" decoding=\"async\" class=\"aligncenter wp-image-48\" src=\"https:\/\/puntocritico.com\/ausajpuntocritico\/wp-content\/uploads\/2016\/11\/Mosca_Punto_Cr\u00edtico_40.png\" alt=\"\" width=\"60\" height=\"60\" \/><\/a><\/p>\n<hr \/>\n<p style=\"text-align: center;\">\u00a0<\/p>\n<p>[contentcards url=\u00bbhttps:\/\/sevilla.abc.es\/andalucia\/sevi-nuevo-reves-audiencia-sevilla-juez-nunez-causa-matriz-201906182339_noticia.html\u00bb]<\/p>\n<p><span style=\"font-family: arial, helvetica, sans-serif;\">Y A ELLA QUIEN LA VA A JUZGAR?<\/span><\/p>\n<p><span style=\"font-family: arial, helvetica, sans-serif;\">JUECES CORPORATIVISTAS O POLITIZADOS (no hay ning\u00fan otro en las jerarqu\u00edas Judiciales)<\/span><\/p>\n<p><span style=\"font-family: arial, helvetica, sans-serif;\">NO TENDREMOS JUSTICIA HASTA QUE A LOS JUECES LOS JUZGUEMOS POR MEDIO DEL TRIBUNAL DEL JURADO POPULAR<\/span><\/p>\n<p style=\"text-align: center;\"><a href=\"https:\/\/puntocritico.com\/author\/punto-critico\/\"><img loading=\"lazy\" decoding=\"async\" class=\"aligncenter wp-image-48\" src=\"https:\/\/puntocritico.com\/ausajpuntocritico\/wp-content\/uploads\/2016\/11\/Mosca_Punto_Cr\u00edtico_40.png\" alt=\"\" width=\"60\" height=\"60\" \/><\/a><\/p>\n<hr \/>\n<p style=\"text-align: center;\">\u00a0<\/p>\n<p>[contentcards url=\u00bbhttps:\/\/www.elmundo.es\/espana\/2019\/06\/19\/5d092288fc6c83c61a8b45a7.html\u00bb]<\/p>\n<p style=\"text-align: center;\"><a href=\"https:\/\/puntocritico.com\/author\/punto-critico\/\"><img loading=\"lazy\" decoding=\"async\" class=\"aligncenter wp-image-48\" src=\"https:\/\/puntocritico.com\/ausajpuntocritico\/wp-content\/uploads\/2016\/11\/Mosca_Punto_Cr\u00edtico_40.png\" alt=\"\" width=\"60\" height=\"60\" \/><\/a><\/p>\n<hr \/>\n<p style=\"text-align: center;\">\u00a0<\/p>\n<p>[contentcards url=\u00bbhttps:\/\/www.abc.es\/sociedad\/abci-nacimientos-espana-cayeron-407-por-ciento-ultima-decada-201906191133_noticia.html\u00bb]<\/p>\n<p style=\"text-align: center;\"><a href=\"https:\/\/puntocritico.com\/author\/punto-critico\/\"><img loading=\"lazy\" decoding=\"async\" class=\"aligncenter wp-image-48\" src=\"https:\/\/puntocritico.com\/ausajpuntocritico\/wp-content\/uploads\/2016\/11\/Mosca_Punto_Cr\u00edtico_40.png\" alt=\"\" width=\"60\" height=\"60\" \/><\/a><\/p>\n<hr \/>\n<p style=\"text-align: center;\">\u00a0<\/p>\n<p>[contentcards url=\u00bbhttps:\/\/blogs.publico.es\/ricardo-romero-tejada\/2019\/06\/18\/el-disparate-de-ada-colau-fulgor-y-muerte-de-un-proyecto\/\u00bb]<\/p>\n<p style=\"text-align: center;\"><a href=\"https:\/\/puntocritico.com\/author\/punto-critico\/\"><img loading=\"lazy\" decoding=\"async\" class=\"aligncenter wp-image-48\" src=\"https:\/\/puntocritico.com\/ausajpuntocritico\/wp-content\/uploads\/2016\/11\/Mosca_Punto_Cr\u00edtico_40.png\" alt=\"\" width=\"60\" height=\"60\" \/><\/a><\/p>\n<hr \/>\n<p style=\"text-align: center;\">\u00a0<\/p>\n<p>[contentcards url=\u00bbhttps:\/\/www.publico.es\/politica\/caso-lezo-exministro-josep-pique-implicado-amano-contrato-ohl-fallida-ciudad-justicia-madrid.html\u00bb]<\/p>\n<p style=\"text-align: center;\"><a href=\"https:\/\/puntocritico.com\/author\/punto-critico\/\"><img loading=\"lazy\" decoding=\"async\" class=\"aligncenter wp-image-48\" src=\"https:\/\/puntocritico.com\/ausajpuntocritico\/wp-content\/uploads\/2016\/11\/Mosca_Punto_Cr\u00edtico_40.png\" alt=\"\" width=\"60\" height=\"60\" \/><\/a><\/p>\n<hr \/>\n<p style=\"text-align: center;\">\u00a0<\/p>\n<p>[contentcards url=\u00bbhttps:\/\/www.publico.es\/economia\/catalunya-florentino-perez-asegura-consternado-ocurrido-almacen-gas-castor.html\u00bb]<\/p>\n<p><span style=\"font-family: arial, helvetica, sans-serif;\">YO S\u00d3LO ME GASTO LA PASTA; no s\u00e9 nada \u2026 salvo alguna cosa &#8230; que no recuerdo<\/span><\/p>\n<p style=\"text-align: center;\"><a href=\"https:\/\/puntocritico.com\/author\/punto-critico\/\"><br \/>\n<img loading=\"lazy\" decoding=\"async\" class=\"aligncenter wp-image-48\" src=\"https:\/\/puntocritico.com\/ausajpuntocritico\/wp-content\/uploads\/2016\/11\/Mosca_Punto_Cr\u00edtico_40.png\" alt=\"\" width=\"60\" height=\"60\" \/><\/a><\/p>\n<hr \/>\n<p style=\"text-align: center;\">\u00a0<\/p>\n<p>[contentcards url=\u00bbhttps:\/\/www.abc.es\/internacional\/abci-guaido-reconoce-representantes-colombia-apropiaron-90-dolares-201906180045_noticia.html\u00bb]<\/p>\n<p style=\"text-align: center;\"><a href=\"https:\/\/puntocritico.com\/author\/punto-critico\/\"><img loading=\"lazy\" decoding=\"async\" class=\"aligncenter wp-image-48\" src=\"https:\/\/puntocritico.com\/ausajpuntocritico\/wp-content\/uploads\/2016\/11\/Mosca_Punto_Cr\u00edtico_40.png\" alt=\"\" width=\"60\" height=\"60\" \/><\/a><\/p>\n<hr \/>\n<p style=\"text-align: center;\">\u00a0<\/p>\n<p>[contentcards url=\u00bbhttps:\/\/www.abc.es\/ciencia\/abci-humanos-esta-saliendo-espina-craneo-y-moviles-tienen-culpa-201906172048_noticia.html\u00bb]<\/p>\n<p style=\"text-align: center;\"><a href=\"https:\/\/puntocritico.com\/author\/punto-critico\/\"><img loading=\"lazy\" decoding=\"async\" class=\"aligncenter wp-image-48\" src=\"https:\/\/puntocritico.com\/ausajpuntocritico\/wp-content\/uploads\/2016\/11\/Mosca_Punto_Cr\u00edtico_40.png\" alt=\"\" width=\"60\" height=\"60\" \/><\/a><\/p>\n<hr \/>\n<p style=\"text-align: center;\">\u00a0<\/p>\n<p>[contentcards url=\u00bbhttps:\/\/www.elespanol.com\/espana\/politica\/20181119\/controlaremos-sala-segunda-cosido-justificando-psoe-cgpj\/354214577_0.html\u00bb]<\/p>\n<p><span style=\"font-family: arial, helvetica, sans-serif;\">MARCHENA, EL IMPARCIAL. NO LO OLVIDES<\/span><\/p>\n<p style=\"text-align: center;\"><a href=\"https:\/\/puntocritico.com\/author\/punto-critico\/\"><img loading=\"lazy\" decoding=\"async\" class=\"aligncenter wp-image-48\" src=\"https:\/\/puntocritico.com\/ausajpuntocritico\/wp-content\/uploads\/2016\/11\/Mosca_Punto_Cr\u00edtico_40.png\" alt=\"\" width=\"60\" height=\"60\" \/><\/a><\/p>\n<hr \/>\n<p style=\"text-align: center;\"><a href=\"https:\/\/elpais.com\/sociedad\/2019\/06\/15\/actualidad\/1560612181_431235.html\" target=\"_blank\" rel=\"noopener\"><img loading=\"lazy\" decoding=\"async\" class=\"aligncenter size-full wp-image-19687\" src=\"https:\/\/puntocritico.com\/ausajpuntocritico\/wp-content\/uploads\/2019\/07\/Noticias_junio_32.jpg\" alt=\"\" width=\"680\" height=\"935\" srcset=\"https:\/\/puntocritico.com\/ausajpuntocritico\/wp-content\/uploads\/2019\/07\/Noticias_junio_32.jpg 680w, https:\/\/puntocritico.com\/ausajpuntocritico\/wp-content\/uploads\/2019\/07\/Noticias_junio_32-218x300.jpg 218w\" sizes=\"auto, (max-width: 680px) 100vw, 680px\" \/><\/a><\/p>\n<h2 id=\"articulo-titulo\" class=\"articulo-titulo \" style=\"text-align: center;\"><a href=\"https:\/\/elpais.com\/sociedad\/2019\/06\/15\/actualidad\/1560612181_431235.html\" target=\"_blank\" rel=\"noopener\"><span style=\"font-family: arial, helvetica, sans-serif;\">\u201cNos rodean productos qu\u00edmicos con los que nos jugamos la vida\u201d<\/span><\/a><\/h2>\n<p style=\"text-align: center;\">\u00a0<\/p>\n<p style=\"text-align: center;\"><a href=\"https:\/\/puntocritico.com\/author\/punto-critico\/\"><img loading=\"lazy\" decoding=\"async\" class=\"aligncenter wp-image-48\" src=\"https:\/\/puntocritico.com\/ausajpuntocritico\/wp-content\/uploads\/2016\/11\/Mosca_Punto_Cr\u00edtico_40.png\" alt=\"\" width=\"60\" height=\"60\" \/><\/a><\/p>\n<hr \/>\n<p style=\"text-align: center;\"><a href=\"https:\/\/elpais.com\/sociedad\/2019\/06\/17\/actualidad\/1560766317_493935.html\" target=\"_blank\" rel=\"noopener\"><img loading=\"lazy\" decoding=\"async\" class=\"aligncenter size-full wp-image-19690\" src=\"https:\/\/puntocritico.com\/ausajpuntocritico\/wp-content\/uploads\/2019\/07\/Noticias_junio_33.jpg\" alt=\"\" width=\"680\" height=\"935\" srcset=\"https:\/\/puntocritico.com\/ausajpuntocritico\/wp-content\/uploads\/2019\/07\/Noticias_junio_33.jpg 680w, https:\/\/puntocritico.com\/ausajpuntocritico\/wp-content\/uploads\/2019\/07\/Noticias_junio_33-218x300.jpg 218w\" sizes=\"auto, (max-width: 680px) 100vw, 680px\" \/><\/a><\/p>\n<h2 id=\"articulo-titulo\" class=\"articulo-titulo \" style=\"text-align: center;\"><a href=\"https:\/\/elpais.com\/sociedad\/2019\/06\/17\/actualidad\/1560766317_493935.html\" target=\"_blank\" rel=\"noopener\"><span style=\"font-family: arial, helvetica, sans-serif;\">El polic\u00eda que puso los neones al burdel<\/span><\/a><\/h2>\n<p style=\"text-align: center;\"><a href=\"https:\/\/puntocritico.com\/author\/punto-critico\/\"><img loading=\"lazy\" decoding=\"async\" class=\"aligncenter wp-image-48\" src=\"https:\/\/puntocritico.com\/ausajpuntocritico\/wp-content\/uploads\/2016\/11\/Mosca_Punto_Cr\u00edtico_40.png\" alt=\"\" width=\"60\" height=\"60\" \/><\/a><\/p>\n<hr \/>\n<p style=\"text-align: center;\"><a href=\"https:\/\/elpais.com\/sociedad\/2019\/06\/16\/actualidad\/1560702688_907602.html\" target=\"_blank\" rel=\"noopener\"><img loading=\"lazy\" decoding=\"async\" class=\"aligncenter size-full wp-image-19692\" src=\"https:\/\/puntocritico.com\/ausajpuntocritico\/wp-content\/uploads\/2019\/07\/Noticias_junio_34.jpg\" alt=\"\" width=\"680\" height=\"935\" srcset=\"https:\/\/puntocritico.com\/ausajpuntocritico\/wp-content\/uploads\/2019\/07\/Noticias_junio_34.jpg 680w, https:\/\/puntocritico.com\/ausajpuntocritico\/wp-content\/uploads\/2019\/07\/Noticias_junio_34-218x300.jpg 218w\" sizes=\"auto, (max-width: 680px) 100vw, 680px\" \/><\/a><\/p>\n<p style=\"text-align: center;\">\u00a0<\/p>\n<h2 id=\"articulo-titulo\" class=\"articulo-titulo \" style=\"text-align: center;\"><a href=\"https:\/\/elpais.com\/sociedad\/2019\/06\/16\/actualidad\/1560702688_907602.html\" target=\"_blank\" rel=\"noopener\"><span style=\"font-family: arial, helvetica, sans-serif;\">\u201cUstedes no son nada. Les pego un tiro, las entierro en una gruta y nadie pregunta\u201d<\/span><\/a><\/h2>\n<p style=\"text-align: center;\"><a href=\"https:\/\/puntocritico.com\/author\/punto-critico\/\"><img loading=\"lazy\" decoding=\"async\" class=\"aligncenter wp-image-48\" src=\"https:\/\/puntocritico.com\/ausajpuntocritico\/wp-content\/uploads\/2016\/11\/Mosca_Punto_Cr\u00edtico_40.png\" alt=\"\" width=\"60\" height=\"60\" \/><\/a><\/p>\n<hr \/>\n<p style=\"text-align: center;\">\u00a0<\/p>\n<p>[contentcards url=\u00bbhttps:\/\/www.abc.es\/sociedad\/abci-pareja-lesbianas-amputan-pene-y-matan-hijo-porque-querian-fuera-nina-201906170903_noticia.html\u00bb]<\/p>\n<p style=\"text-align: center;\"><span style=\"font-family: arial, helvetica, sans-serif;\">Si de los casos concretos, el feminismo postsocialista extrae consecuencias generales, \u00bfQu\u00e9 se podr\u00eda extraer de esta barbarie? \u00bfQu\u00e9 todas las feministas lesbianas son asesinas de menores?<\/span><a href=\"https:\/\/puntocritico.com\/author\/punto-critico\/\"><img loading=\"lazy\" decoding=\"async\" class=\"aligncenter wp-image-48\" src=\"https:\/\/puntocritico.com\/ausajpuntocritico\/wp-content\/uploads\/2016\/11\/Mosca_Punto_Cr\u00edtico_40.png\" alt=\"\" width=\"60\" height=\"60\" \/><\/a><\/p>\n<hr \/>\n<p style=\"text-align: center;\">\u00a0<\/p>\n<p>[contentcards url=\u00bbhttps:\/\/confilegal.com\/20190616-la-judicatura-de-base-se-ha-posicionado-con-el-tjue-segun-dionisio-moreno-abogado-en-el-caso-aziz\/\u00bb]<\/p>\n<p style=\"text-align: center;\"><a href=\"https:\/\/puntocritico.com\/author\/punto-critico\/\"><img loading=\"lazy\" decoding=\"async\" class=\"aligncenter wp-image-48\" src=\"https:\/\/puntocritico.com\/ausajpuntocritico\/wp-content\/uploads\/2016\/11\/Mosca_Punto_Cr\u00edtico_40.png\" alt=\"\" width=\"60\" height=\"60\" \/><\/a><\/p>\n<hr \/>\n<p style=\"text-align: center;\">\u00a0<\/p>\n<p>[contentcards url=\u00bbhttps:\/\/www.eldiario.es\/zonacritica\/eurobochinche_6_910318967.html\u00bb]<\/p>\n<p style=\"text-align: center;\"><a href=\"https:\/\/puntocritico.com\/author\/punto-critico\/\">\u00a0<img loading=\"lazy\" decoding=\"async\" class=\"aligncenter wp-image-48\" src=\"https:\/\/puntocritico.com\/ausajpuntocritico\/wp-content\/uploads\/2016\/11\/Mosca_Punto_Cr\u00edtico_40.png\" alt=\"\" width=\"60\" height=\"60\" \/><\/a><\/p>\n<hr \/>\n<p style=\"text-align: center;\">\u00a0<\/p>\n<p>[contentcards url=\u00bbhttps:\/\/www.eldiario.es\/politica\/Vox-obliga-candidatos_0_900110944.html\u00bb]<\/p>\n<p style=\"text-align: justify;\"><span style=\"font-family: arial, helvetica, sans-serif;\">CONSTITUCI\u00d3N, Art\u00edculo 6: <strong>\u201c<\/strong>Los partidos pol\u00edticos expresan el pluralismo pol\u00edtico, concurren a la formaci\u00f3n y manifestaci\u00f3n de la voluntad popular y son instrumento fundamental para la participaci\u00f3n pol\u00edtica. Su creaci\u00f3n y el ejercicio de su actividad son libres dentro del respeto a la Constituci\u00f3n y a la ley. <strong>Su estructura interna y funcionamiento deber\u00e1n ser democr\u00e1ticos<\/strong>\u201d.<\/span><\/p>\n<p style=\"text-align: justify;\"><span style=\"font-family: arial, helvetica, sans-serif;\">Como VOX, todos los dem\u00e1s. No hay democracia dentro de los partidos democr\u00e1ticos. Porque llamamos Democracia a lo que no lo es. Lo que hay es DICTADURA DE PARTIDOS Y MEDIOS, PROTEGIDA JUDICIALMENTE.<\/span><\/p>\n<p style=\"text-align: justify;\"><span style=\"font-family: arial, helvetica, sans-serif;\">Porque, \u00bfqu\u00e9 dice la ley acerca de los partidos en los que su estructura interna y funcionamiento NO sean democr\u00e1ticos?<\/span><\/p>\n<p style=\"text-align: justify;\"><span style=\"font-family: arial, helvetica, sans-serif;\">PUES QUE SON ILEGALES Y HAN DE SER DISUELTOS (Ley Org\u00e1nica 6\/2002, de Partidos Pol\u00edticos: \u201cCuando vulnere de forma continuada, reiterada y grave la exigencia de una estructura interna y un funcionamiento democr\u00e1ticos, conforme a lo previsto en los art\u00edculos 7 y 8 de la presente Ley Org\u00e1nica\u201d &#8211; Art\u00edculo 10, 2).<\/span><\/p>\n<p style=\"text-align: center;\"><a href=\"https:\/\/puntocritico.com\/author\/punto-critico\/\"><img loading=\"lazy\" decoding=\"async\" class=\"aligncenter wp-image-48\" src=\"https:\/\/puntocritico.com\/ausajpuntocritico\/wp-content\/uploads\/2016\/11\/Mosca_Punto_Cr\u00edtico_40.png\" alt=\"\" width=\"60\" height=\"60\" \/><\/a><\/p>\n<hr \/>\n<p style=\"text-align: center;\">\u00a0<\/p>\n<p>[contentcards url=\u00bbhttps:\/\/confilegal.com\/20190629-los-abogados-de-extranjeria-denuncian-que-la-directiva-de-retorno-forzoso-vulnera-derechos-fundamentales\/\u00bb]<\/p>\n<p style=\"text-align: center;\"><a href=\"https:\/\/puntocritico.com\/author\/punto-critico\/\"><img loading=\"lazy\" decoding=\"async\" class=\"aligncenter wp-image-48\" src=\"https:\/\/puntocritico.com\/ausajpuntocritico\/wp-content\/uploads\/2016\/11\/Mosca_Punto_Cr\u00edtico_40.png\" alt=\"\" width=\"60\" height=\"60\" \/><\/a><\/p>\n<hr \/>\n<p style=\"text-align: center;\">\u00a0<\/p>\n<p>[contentcards url=\u00bbhttps:\/\/www.eldiario.es\/norte\/almargen\/Historia-version-policial-desmorona-llevarte_6_914868505.html\u00bb]<\/p>\n<p style=\"text-align: center;\"><a href=\"https:\/\/puntocritico.com\/author\/punto-critico\/\"><img loading=\"lazy\" decoding=\"async\" class=\"aligncenter wp-image-48\" src=\"https:\/\/puntocritico.com\/ausajpuntocritico\/wp-content\/uploads\/2016\/11\/Mosca_Punto_Cr\u00edtico_40.png\" alt=\"\" width=\"60\" height=\"60\" \/><\/a><\/p>\n<hr \/>\n<p style=\"text-align: center;\">\u00a0<\/p>\n<p>[contentcards url=\u00bbhttps:\/\/puntocritico.com\/ausajpuntocritico\/2018\/09\/29\/25a-fran-molero-contra-el-reino-de-espana-demanda-ante-el-tribunal-europeo-de-derechos-humanos\/\u00bb]<\/p>\n<p style=\"text-align: center;\"><a href=\"https:\/\/puntocritico.com\/author\/punto-critico\/\"><img loading=\"lazy\" decoding=\"async\" class=\"aligncenter wp-image-48\" src=\"https:\/\/puntocritico.com\/ausajpuntocritico\/wp-content\/uploads\/2016\/11\/Mosca_Punto_Cr\u00edtico_40.png\" alt=\"\" width=\"60\" height=\"60\" \/><\/a><\/p>\n<hr \/>\n<p style=\"text-align: center;\"><a href=\"https:\/\/elpais.com\/internacional\/2019\/06\/29\/actualidad\/1561778170_636083.html\" target=\"_blank\" rel=\"noopener\"><img loading=\"lazy\" decoding=\"async\" class=\"aligncenter size-full wp-image-19695\" src=\"https:\/\/puntocritico.com\/ausajpuntocritico\/wp-content\/uploads\/2019\/07\/Noticias_junio_35.jpg\" alt=\"\" width=\"680\" height=\"935\" srcset=\"https:\/\/puntocritico.com\/ausajpuntocritico\/wp-content\/uploads\/2019\/07\/Noticias_junio_35.jpg 680w, https:\/\/puntocritico.com\/ausajpuntocritico\/wp-content\/uploads\/2019\/07\/Noticias_junio_35-218x300.jpg 218w\" sizes=\"auto, (max-width: 680px) 100vw, 680px\" \/><\/a><\/p>\n<p style=\"text-align: center;\">\u00a0<\/p>\n<h2 id=\"articulo-titulo\" class=\"articulo-titulo \" style=\"text-align: center;\"><a href=\"https:\/\/elpais.com\/internacional\/2019\/06\/29\/actualidad\/1561778170_636083.html\" target=\"_blank\" rel=\"noopener\"><span style=\"font-family: arial, helvetica, sans-serif;\">Detenida la capitana del \u2018Sea-Watch 3\u2019 en el puerto de Lampedusa<\/span><\/a><\/h2>\n<p style=\"text-align: center;\"><a href=\"https:\/\/puntocritico.com\/author\/punto-critico\/\"><img loading=\"lazy\" decoding=\"async\" class=\"aligncenter wp-image-48\" src=\"https:\/\/puntocritico.com\/ausajpuntocritico\/wp-content\/uploads\/2016\/11\/Mosca_Punto_Cr\u00edtico_40.png\" alt=\"\" width=\"60\" height=\"60\" \/><\/a><\/p>\n<hr \/>\n<p style=\"text-align: center;\"><a href=\"https:\/\/elpais.com\/internacional\/2019\/06\/27\/actualidad\/1561636307_721531.html\" target=\"_blank\" rel=\"noopener\"><img loading=\"lazy\" decoding=\"async\" class=\"aligncenter size-full wp-image-19696\" src=\"https:\/\/puntocritico.com\/ausajpuntocritico\/wp-content\/uploads\/2019\/07\/Noticias_junio_36.jpg\" alt=\"\" width=\"680\" height=\"935\" srcset=\"https:\/\/puntocritico.com\/ausajpuntocritico\/wp-content\/uploads\/2019\/07\/Noticias_junio_36.jpg 680w, https:\/\/puntocritico.com\/ausajpuntocritico\/wp-content\/uploads\/2019\/07\/Noticias_junio_36-218x300.jpg 218w\" sizes=\"auto, (max-width: 680px) 100vw, 680px\" \/><\/a><\/p>\n<p style=\"text-align: center;\">\u00a0<\/p>\n<h2 id=\"articulo-titulo\" class=\"articulo-titulo \" style=\"text-align: center;\"><a href=\"https:\/\/elpais.com\/internacional\/2019\/06\/27\/actualidad\/1561636307_721531.html\" target=\"_blank\" rel=\"noopener\"><span style=\"font-family: arial, helvetica, sans-serif;\">La capitana que desaf\u00eda a Salvini<\/span><\/a><\/h2>\n<p style=\"text-align: center;\"><a href=\"https:\/\/puntocritico.com\/author\/punto-critico\/\"><img loading=\"lazy\" decoding=\"async\" class=\"aligncenter wp-image-48\" src=\"https:\/\/puntocritico.com\/ausajpuntocritico\/wp-content\/uploads\/2016\/11\/Mosca_Punto_Cr\u00edtico_40.png\" alt=\"\" width=\"60\" height=\"60\" \/><\/a><\/p>\n<hr \/>\n<p style=\"text-align: center;\"><a href=\"https:\/\/elpais.com\/cultura\/2019\/06\/27\/actualidad\/1561664077_032428.html\" target=\"_blank\" rel=\"noopener\"><img loading=\"lazy\" decoding=\"async\" class=\"aligncenter size-full wp-image-19697\" src=\"https:\/\/puntocritico.com\/ausajpuntocritico\/wp-content\/uploads\/2019\/07\/Noticias_junio_37.jpg\" alt=\"\" width=\"680\" height=\"935\" srcset=\"https:\/\/puntocritico.com\/ausajpuntocritico\/wp-content\/uploads\/2019\/07\/Noticias_junio_37.jpg 680w, https:\/\/puntocritico.com\/ausajpuntocritico\/wp-content\/uploads\/2019\/07\/Noticias_junio_37-218x300.jpg 218w\" sizes=\"auto, (max-width: 680px) 100vw, 680px\" \/><\/a><\/p>\n<p style=\"text-align: center;\">\u00a0<\/p>\n<h2 id=\"articulo-titulo\" class=\"articulo-titulo \" style=\"text-align: center;\"><a href=\"https:\/\/elpais.com\/cultura\/2019\/06\/27\/actualidad\/1561664077_032428.html\" target=\"_blank\" rel=\"noopener\"><span style=\"font-family: arial, helvetica, sans-serif;\">\u201cNo hay fascismo sin dictadura, ni populismo sin elecciones\u201d<\/span><\/a><\/h2>\n<p style=\"text-align: center;\"><a href=\"https:\/\/puntocritico.com\/author\/punto-critico\/\"><img loading=\"lazy\" decoding=\"async\" class=\"aligncenter wp-image-48\" src=\"https:\/\/puntocritico.com\/ausajpuntocritico\/wp-content\/uploads\/2016\/11\/Mosca_Punto_Cr\u00edtico_40.png\" alt=\"\" width=\"60\" height=\"60\" \/><\/a><\/p>\n<hr \/>\n<p style=\"text-align: center;\">\u00a0<\/p>\n<p>[contentcards url=\u00bbhttps:\/\/www.abc.es\/cultura\/libros\/abci-misterio-rodea-retirada-ensayo-pedro-banos-reino-unido-supuesto-antisemitismo-201906290038_noticia.html\u00bb]<\/p>\n<p style=\"text-align: center;\"><a href=\"https:\/\/puntocritico.com\/author\/punto-critico\/\"><img loading=\"lazy\" decoding=\"async\" class=\"aligncenter wp-image-48\" src=\"https:\/\/puntocritico.com\/ausajpuntocritico\/wp-content\/uploads\/2016\/11\/Mosca_Punto_Cr\u00edtico_40.png\" alt=\"\" width=\"60\" height=\"60\" \/><\/a><\/p>\n<hr \/>\n<p style=\"text-align: center;\">\u00a0<\/p>\n<p>[contentcards url=\u00bbhttps:\/\/www.eldiario.es\/canariasahora\/tribunales\/Guia-juicio-Salvador_Alba-Albagate-Corrupcion-Victoria_Rosell-Jose_Manuel_Soria_0_914459181.html\u00bb]<\/p>\n<p><span style=\"font-family: arial, helvetica, sans-serif;\">La Guerra entre los Partidos Pol\u00edticos y su impacto en el dependiente Poder Judicial.<\/span><\/p>\n<p style=\"text-align: center;\"><a href=\"https:\/\/puntocritico.com\/author\/punto-critico\/\"><img loading=\"lazy\" decoding=\"async\" class=\"aligncenter wp-image-48\" src=\"https:\/\/puntocritico.com\/ausajpuntocritico\/wp-content\/uploads\/2016\/11\/Mosca_Punto_Cr\u00edtico_40.png\" alt=\"\" width=\"60\" height=\"60\" \/><\/a><\/p>\n<hr \/>\n<p style=\"text-align: center;\">\u00a0<\/p>\n<p>[contentcards url=\u00bbhttp:\/\/revista.lamardeonuba.es\/el-alcalde-de-lucena-pedira-a-parralo-que-incumpla-la-orden-del-tsja-y-paralice-el-sellado-de-los-77-pozos-ilegales-que-beben-de-donana\/\u00bb]<\/p>\n<p><span style=\"font-family: arial, helvetica, sans-serif;\">ESTADO DE DESHECHO. Dice un Alcalde, reconvertido a delincuente, que las Sentencias Firmes de los Tribunales son para incumplirlas.<\/span><\/p>\n<p><span style=\"font-family: arial, helvetica, sans-serif;\">Seguro que el peso de las subvenciones caer\u00e1 sobre \u00e9l. El peso de la Ley es s\u00f3lo para los membrillos que nos\u00a0 creemos ciudadanos.<\/span><\/p>\n<p style=\"text-align: center;\"><a href=\"https:\/\/puntocritico.com\/author\/punto-critico\/\"><br \/>\n<img loading=\"lazy\" decoding=\"async\" class=\"aligncenter wp-image-48\" src=\"https:\/\/puntocritico.com\/ausajpuntocritico\/wp-content\/uploads\/2016\/11\/Mosca_Punto_Cr\u00edtico_40.png\" alt=\"\" width=\"60\" height=\"60\" \/><\/a><\/p>\n<hr \/>\n<p style=\"text-align: center;\">\u00a0<\/p>\n<p>[contentcards url=\u00bbhttps:\/\/www.elmundo.es\/espana\/2019\/06\/27\/5d15008721efa04f748b46dc.html\u00bb]<\/p>\n<p style=\"text-align: justify;\"><span style=\"font-family: arial, helvetica, sans-serif;\">COLOCANDO A LAS IDE\u00d3LOGAS DE GENERO EN PUESTOS DECISIVOS.<\/span><\/p>\n<p style=\"text-align: justify;\"><span style=\"font-family: arial, helvetica, sans-serif;\">\u00bfCONSTITUCIONALISTAS? Est\u00e1n subvencionando la destrucci\u00f3n de nuestros Derechos Humanos. \u201cLo privado es pol\u00edtico\u201d niega el Derechos a la intimidad personal\u00a0 y familiar.<\/span><\/p>\n<p style=\"text-align: justify;\"><span style=\"font-family: arial, helvetica, sans-serif;\">La \u201cJusticia de G\u00e9nero\u201d niega la igualdad establecida por la propia Constituci\u00f3n como esencia de su regulaci\u00f3n en el m\u00e1ximo nivel (Art\u00edculo 14: \u201cLos espa\u00f1oles son iguales ante la ley, sin que pueda prevalecer discriminaci\u00f3n alguna por raz\u00f3n de nacimiento, raza, sexo, religi\u00f3n, opini\u00f3n o cualquier otra condici\u00f3n o circunstancia personal o social\u201d).<\/span><\/p>\n<p style=\"text-align: justify;\"><span style=\"font-family: arial, helvetica, sans-serif;\">En cuanto a la Presunci\u00f3n de Inocencia y la efectividad de la Tutela Judicial, YA han sido destruidos por los Sediciosos Ide\u00f3logos de G\u00e9nero, cuyo derecho fundamental a obtener subvenciones p\u00fablicas no es posible cuestionar siquiera, so pena de recibir amenazas e injurias por parte de los LADRONES del dinero de nuestros impuestos, que es en lo que se ha convertido la militancia en partidos pol\u00edticos, amplificadas por sus respectivos medios de desinformaci\u00f3n corruptos. Tienen a los Polic\u00edas. Tienen a los Jueces. Tienen todo el Estado a sus pies. Por nuestra cobard\u00eda.<\/span><\/p>\n<p style=\"text-align: justify;\"><span style=\"font-family: arial, helvetica, sans-serif;\">* SEDICI\u00d3N: Destruir el orden constitucional mediante la violencia o la intimidaci\u00f3n.<\/span><\/p>\n<p style=\"text-align: center;\"><a href=\"https:\/\/puntocritico.com\/author\/punto-critico\/\"><br \/>\n<img loading=\"lazy\" decoding=\"async\" class=\"aligncenter wp-image-48\" src=\"https:\/\/puntocritico.com\/ausajpuntocritico\/wp-content\/uploads\/2016\/11\/Mosca_Punto_Cr\u00edtico_40.png\" alt=\"\" width=\"60\" height=\"60\" \/><\/a><\/p>\n<hr \/>\n<p>[contentcards url=\u00bbhttps:\/\/sevilla.abc.es\/andalucia\/sevi-fiscalia-anticorrupcion-anade-juez-nunez-justifica-conducta-delictiva-caso-andalucia-201906272341_noticia.html\u00bb]<\/p>\n<p style=\"text-align: center;\"><a href=\"https:\/\/puntocritico.com\/author\/punto-critico\/\"><img loading=\"lazy\" decoding=\"async\" class=\"aligncenter wp-image-48\" src=\"https:\/\/puntocritico.com\/ausajpuntocritico\/wp-content\/uploads\/2016\/11\/Mosca_Punto_Cr\u00edtico_40.png\" alt=\"\" width=\"60\" height=\"60\" \/><\/a><\/p>\n<hr \/>\n<p style=\"text-align: center;\">\u00a0<\/p>\n<p>[contentcards url=\u00bbhttps:\/\/www.eldiario.es\/politica\/Abogacia-Lesmes-PP-Audiencia-Nacional_0_914109508.html\u00bb]<\/p>\n<p style=\"text-align: center;\"><a href=\"https:\/\/puntocritico.com\/author\/punto-critico\/\">\u00a0<img loading=\"lazy\" decoding=\"async\" class=\"aligncenter wp-image-48\" src=\"https:\/\/puntocritico.com\/ausajpuntocritico\/wp-content\/uploads\/2016\/11\/Mosca_Punto_Cr\u00edtico_40.png\" alt=\"\" width=\"60\" height=\"60\" \/><\/a><\/p>\n<hr \/>\n<p style=\"text-align: center;\">\u00a0<\/p>\n<p>[contentcards url=\u00bbhttps:\/\/www.publico.es\/politica\/causa-pit-villarejo-joya-perez-maura.html\u00bb]<\/p>\n<p style=\"text-align: center;\"><a href=\"https:\/\/puntocritico.com\/author\/punto-critico\/\">\u00a0<img loading=\"lazy\" decoding=\"async\" class=\"aligncenter wp-image-48\" src=\"https:\/\/puntocritico.com\/ausajpuntocritico\/wp-content\/uploads\/2016\/11\/Mosca_Punto_Cr\u00edtico_40.png\" alt=\"\" width=\"60\" height=\"60\" \/><\/a><\/p>\n<hr \/>\n<p style=\"text-align: center;\">\u00a0<\/p>\n<p>[contentcards url=\u00bbhttps:\/\/www.elmundo.es\/economia\/macroeconomia\/2019\/06\/27\/5d13ba40fc6c837e388b45c8.html\u00bb]<\/p>\n<p style=\"text-align: center;\"><a href=\"https:\/\/puntocritico.com\/author\/punto-critico\/\">\u00a0<img loading=\"lazy\" decoding=\"async\" class=\"aligncenter wp-image-48\" src=\"https:\/\/puntocritico.com\/ausajpuntocritico\/wp-content\/uploads\/2016\/11\/Mosca_Punto_Cr\u00edtico_40.png\" alt=\"\" width=\"60\" height=\"60\" \/><\/a><\/p>\n<hr \/>\n<p style=\"text-align: center;\">\u00a0<\/p>\n<p>[contentcards url=\u00bbhttps:\/\/www.elmundo.es\/economia\/2019\/06\/27\/5d1399cc21efa0161b8b463a.html\u00bb]<\/p>\n<p><span style=\"font-family: arial, helvetica, sans-serif;\">Cosas de la AIReF, los Independientes \u2026 de la verdad. La entidad independiente \u2026 que es del PPSOE.<\/span><\/p>\n<p style=\"text-align: center;\"><a href=\"https:\/\/puntocritico.com\/author\/punto-critico\/\"><img loading=\"lazy\" decoding=\"async\" class=\"aligncenter wp-image-48\" src=\"https:\/\/puntocritico.com\/ausajpuntocritico\/wp-content\/uploads\/2016\/11\/Mosca_Punto_Cr\u00edtico_40.png\" alt=\"\" width=\"60\" height=\"60\" \/><\/a><\/p>\n<hr \/>\n<p style=\"text-align: center;\"><a href=\"https:\/\/elpais.com\/ccaa\/2019\/06\/27\/catalunya\/1561616601_903218.html\" target=\"_blank\" rel=\"noopener\"><img loading=\"lazy\" decoding=\"async\" class=\"aligncenter size-full wp-image-19700\" src=\"https:\/\/puntocritico.com\/ausajpuntocritico\/wp-content\/uploads\/2019\/07\/Noticias_junio_38.jpg\" alt=\"\" width=\"680\" height=\"935\" srcset=\"https:\/\/puntocritico.com\/ausajpuntocritico\/wp-content\/uploads\/2019\/07\/Noticias_junio_38.jpg 680w, https:\/\/puntocritico.com\/ausajpuntocritico\/wp-content\/uploads\/2019\/07\/Noticias_junio_38-218x300.jpg 218w\" sizes=\"auto, (max-width: 680px) 100vw, 680px\" \/><\/a><\/p>\n<p style=\"text-align: center;\">\u00a0<\/p>\n<h2 id=\"articulo-titulo\" class=\"articulo-titulo \" style=\"text-align: center;\"><a href=\"https:\/\/elpais.com\/ccaa\/2019\/06\/27\/catalunya\/1561616601_903218.html\" target=\"_blank\" rel=\"noopener\"><span style=\"font-family: arial, helvetica, sans-serif;\">El incendio de Tarragona avanza sin control tras quemar 6.500 hect\u00e1reas<\/span><\/a><\/h2>\n<p style=\"text-align: center;\"><a href=\"https:\/\/puntocritico.com\/author\/punto-critico\/\"><img loading=\"lazy\" decoding=\"async\" class=\"aligncenter wp-image-48\" src=\"https:\/\/puntocritico.com\/ausajpuntocritico\/wp-content\/uploads\/2016\/11\/Mosca_Punto_Cr\u00edtico_40.png\" alt=\"\" width=\"60\" height=\"60\" \/><\/a><\/p>\n<hr \/>\n<p style=\"text-align: center;\">\u00a0<\/p>\n<p><a href=\"https:\/\/elpais.com\/sociedad\/2019\/06\/27\/actualidad\/1561626394_327578.html\" target=\"_blank\" rel=\"noopener\"><img loading=\"lazy\" decoding=\"async\" class=\"aligncenter size-full wp-image-19703\" src=\"https:\/\/puntocritico.com\/ausajpuntocritico\/wp-content\/uploads\/2019\/07\/Noticias_junio_39.jpg\" alt=\"\" width=\"680\" height=\"935\" srcset=\"https:\/\/puntocritico.com\/ausajpuntocritico\/wp-content\/uploads\/2019\/07\/Noticias_junio_39.jpg 680w, https:\/\/puntocritico.com\/ausajpuntocritico\/wp-content\/uploads\/2019\/07\/Noticias_junio_39-218x300.jpg 218w\" sizes=\"auto, (max-width: 680px) 100vw, 680px\" \/><\/a><\/p>\n<h2 id=\"articulo-titulo\" class=\"articulo-titulo \" style=\"text-align: center;\"><a href=\"https:\/\/elpais.com\/sociedad\/2019\/06\/27\/actualidad\/1561626394_327578.html\" target=\"_blank\" rel=\"noopener\"><span style=\"font-family: arial, helvetica, sans-serif;\">Las j\u00f3venes ninis son m\u00e1s que los hombres en todos los pa\u00edses de la UE<\/span><\/a><\/h2>\n<p style=\"text-align: justify;\"><span style=\"font-family: arial, helvetica, sans-serif;\">NINIS SUBVENCIONADAS POR SER NINIS. Ni estudian ni trabajan; son activistas de si mismas.<\/span><\/p>\n<p style=\"text-align: justify;\"><span style=\"font-family: arial, helvetica, sans-serif;\">SU VIDA IMPRODUCTIVA, DEDICADA A LA SATISFACCI\u00d3N DE SUS PROPIOS DESEOS, NARCISISTAS Y EGO\u00cdSTAS (ignorantes dando lecciones; paranoicos que creen que ego\u00edsmo y anarquismo son sin\u00f3nimos), QUE HAN LLENADO LA SOCIEDAD DE CONFLICTOS ARTIFICIOSOS \u2013DE LOS QUE EXTRAEN SUS CORRUPTAS SUBVENCIONES- ES PAGADA POR TI Y POR MI, Y ESA PASTA SE UTILIZA PARA DESTRUIR NUESTRAS VIDAS. Son las cosas del PPSOE<\/span><\/p>\n<p style=\"text-align: center;\"><a href=\"https:\/\/puntocritico.com\/author\/punto-critico\/\"><img loading=\"lazy\" decoding=\"async\" class=\"aligncenter wp-image-48\" src=\"https:\/\/puntocritico.com\/ausajpuntocritico\/wp-content\/uploads\/2016\/11\/Mosca_Punto_Cr\u00edtico_40.png\" alt=\"\" width=\"60\" height=\"60\" \/><\/a><\/p>\n<hr \/>\n<p style=\"text-align: center;\">\u00a0<\/p>\n<p>[contentcards url=\u00bbhttps:\/\/confilegal.com\/20190627-varapalo-final-del-tjue-a-polonia-por-tratar-de-jubilar-a-los-magistrados-del-supremo-a-los-65-anos\/\u00bb]<\/p>\n<p style=\"text-align: justify;\"><span style=\"font-family: arial, helvetica, sans-serif;\">\u201cEl 19 de octubre, el TJUE respondi\u00f3 con un auto muy contundente, dictado por la vicepresidenta de ese organismo judicial, la espa\u00f1ola <strong>Rosario Silva de Lapuerta<\/strong>, ordenando al Ejecutivo polaco suspender, de forma inmediata,\u00a0las disposiciones sobre la reducci\u00f3n de la edad de jubilaci\u00f3n de los jueces de su Tribunal Supremo\u201d.<\/span><\/p>\n<p style=\"text-align: justify;\"><span style=\"font-family: arial, helvetica, sans-serif;\">Pero, \u00bfQuien es \u201cla espa\u00f1ola Rosario Silva de Lapuerta\u201d?<\/span><\/p>\n<p style=\"text-align: center;\"><a href=\"https:\/\/puntocritico.com\/author\/punto-critico\/\"><br \/>\n<img loading=\"lazy\" decoding=\"async\" class=\"aligncenter wp-image-48\" src=\"https:\/\/puntocritico.com\/ausajpuntocritico\/wp-content\/uploads\/2016\/11\/Mosca_Punto_Cr\u00edtico_40.png\" alt=\"\" width=\"60\" height=\"60\" \/><\/a><\/p>\n<hr \/>\n<p style=\"text-align: center;\">\u00a0<\/p>\n<p>[contentcards url=\u00bbhttps:\/\/www.elplural.com\/politica\/la-principal-juez-espanola-del-tribunal-de-justicia-de-la-union-europea-fue-donante-del-pp-durante-anos_83397102&#8243;]<\/p>\n<p style=\"text-align: justify;\"><span style=\"font-family: arial, helvetica, sans-serif;\">ES EL PPSOE.<\/span><\/p>\n<p style=\"text-align: justify;\"><span style=\"font-family: arial, helvetica, sans-serif;\">Hermana del Jefe de la Abogac\u00eda del Estado espa\u00f1ola; sobrina del que fue Tesorero del PP, \u00c1lvaro Lapuerta, el hombre sin memoria. PURO NACIONAL CATOLICISMO.<\/span><\/p>\n<p style=\"text-align: justify;\"><span style=\"font-family: arial, helvetica, sans-serif;\">As\u00ed que no estamos ante nada Progresista. Estamos ante la irrupci\u00f3n de la UE en asuntos internos de sus Estados miembros.<\/span><\/p>\n<p style=\"text-align: justify;\"><span style=\"font-family: arial, helvetica, sans-serif;\">65 a\u00f1os es una edad de jubilaci\u00f3n aceptada en todas partes, aunque ahora quieren acabar con la jubilaci\u00f3n; y con los jubilados, por viejos e improductivos.<\/span><\/p>\n<p style=\"text-align: justify;\"><span style=\"font-family: arial, helvetica, sans-serif;\">E problema parece claro: Los nombramientos para los altos cargos judiciales recaen siempre en Jueces Corruptos. Los de ahora, son los jueces corruptos del Sistema. Los que vengan nuevos, pueden resultar ser jueces \u201cantisistema\u201d. Podr\u00edan incluso ser HONESTOS.<\/span><\/p>\n<p style=\"text-align: justify;\"><span style=\"font-family: arial, helvetica, sans-serif;\">En fin, cualquier cosa antes que juzgar a los jueces. Porque no me importan los nombramientos, sino los actos de los nombrados. Porque una vez nombrados, pasan a ser IMPUNES. La soluci\u00f3n es clara: JUZGUEMOS A LOS JUECES POR MEDIO DEL TRIBUNAL DEL JURADO POPULAR. Porque sino seguir\u00e1n juzg\u00e1ndolos \u201csus iguales\u201d, jueces corrompidos por la politizaci\u00f3n y el corporativismo.<\/span><\/p>\n<p style=\"text-align: justify;\"><span style=\"font-family: arial, helvetica, sans-serif;\"><strong>De lo que se trata es de blindar la Corrupci\u00f3n Judicial. ESA ES LA \u201cNUEVA POL\u00cdTICA\u201d: Partidos sin militantes pero con peri\u00f3dicos bien financiados. Y jueces, ajenos al principio democr\u00e1tico (no los elegimos nosotros, ni siquiera \u201cnuestros\u201d representantes), encargados de mantener la corrupci\u00f3n en el nuevo milenio.<\/strong><\/span><\/p>\n<p style=\"text-align: justify;\"><span style=\"font-family: arial, helvetica, sans-serif;\">Que sepamos, los polacos votaron a su Parlamento pero no votaron las normas \u2013Decisiones, Directivas o Reglamentos- comunitarias. \u00bfNo tienen derecho a regular por medio de sus representantes democr\u00e1ticamente elegidos la justicia polaca?<\/span><\/p>\n<p style=\"text-align: justify;\"><span style=\"font-family: arial, helvetica, sans-serif;\">Pensemos en el Tribunal Supremo Espa\u00f1ol. JUECES CORRUPTOS (porque no ser Imparcial y sin embargo no abstenerse, es corrupci\u00f3n),nombrados por Comisarios Pol\u00edticos todav\u00eda m\u00e1s corruptos, nombrados a su vez por pol\u00edticos que deber\u00edan estar en prisi\u00f3n y, sin embargo, los hemos puesto a hacer \u201cnuestras\u201d leyes.<\/span><\/p>\n<p style=\"text-align: justify;\"><span style=\"font-family: arial, helvetica, sans-serif;\">Porque la IMPUNIDAD DE LOS JUECES CORRUPTOS (que se intenta enmascarar con condenitas de poca monta en casos aislados de jueces independientes o enfrentados al poder-, pero que en realidad no mellan la Corrupci\u00f3n Judicial, sino que la maquillan para ocultarla a nuestras miradas, deseosas de no verla) ES ESENCIAL PARA EL MUNDO GLOBALMENTE CORRUPTO QUE NOS MERECEMOS; Y QUE POR ELLO, TENDREMOS; TENEMOS YA.<\/span><\/p>\n<p style=\"text-align: justify;\"><span style=\"font-family: arial, helvetica, sans-serif;\">Nos hemos olvidado de lo que le pas\u00f3 al Presidente y a las mayores autoridades de Polonia hace menos de 10 a\u00f1os?<\/span><\/p>\n<p style=\"text-align: center;\"><a href=\"https:\/\/puntocritico.com\/author\/punto-critico\/\"><br \/>\n<img loading=\"lazy\" decoding=\"async\" class=\"aligncenter wp-image-48\" src=\"https:\/\/puntocritico.com\/ausajpuntocritico\/wp-content\/uploads\/2016\/11\/Mosca_Punto_Cr\u00edtico_40.png\" alt=\"\" width=\"60\" height=\"60\" \/><\/a><\/p>\n<hr \/>\n<p style=\"text-align: center;\">\u00a0<\/p>\n<p>[contentcards url=\u00bbhttps:\/\/www.elmundo.es\/elmundo\/2010\/04\/10\/internacional\/1270884924.html\u00bb]<\/p>\n<p style=\"text-align: justify;\"><span style=\"font-family: arial, helvetica, sans-serif;\">El presidente polaco, Lech Kaczynski, junto con casi todo su gabinete presidencial y los principales jefes del Ej\u00e9rcito del pa\u00eds han perdido la vida al estrellarse el avi\u00f3n en el que viajaban cuando\u00a0<strong>intentaba aterrizar en el aeropuerto de Smolensk<\/strong>, en el oeste de Rusia<\/span><\/p>\n<p style=\"text-align: justify;\"><span style=\"font-family: arial, helvetica, sans-serif;\">\u00a0Tambi\u00e9n ha fallecido un hist\u00f3rico como Ryszard Kaczorowski, el \u00faltimo presidente polaco antes de la Segunda Guerra Mundial, que actualmente se encontraba en el exilio y viv\u00eda en Londres.<\/span><\/p>\n<p style=\"text-align: center;\"><a href=\"https:\/\/puntocritico.com\/author\/punto-critico\/\"><br \/>\n<img loading=\"lazy\" decoding=\"async\" class=\"aligncenter wp-image-48\" src=\"https:\/\/puntocritico.com\/ausajpuntocritico\/wp-content\/uploads\/2016\/11\/Mosca_Punto_Cr\u00edtico_40.png\" alt=\"\" width=\"60\" height=\"60\" \/><\/a><\/p>\n<hr \/>\n<p style=\"text-align: center;\">\u00a0<\/p>\n<p>[contentcards url=\u00bbhttps:\/\/blogs.publico.es\/rosa-espinas\/2019\/06\/26\/los-ingobernables\/\u00bb]<\/p>\n<p style=\"text-align: center;\"><a href=\"https:\/\/puntocritico.com\/author\/punto-critico\/\">\u00a0<img loading=\"lazy\" decoding=\"async\" class=\"aligncenter wp-image-48\" src=\"https:\/\/puntocritico.com\/ausajpuntocritico\/wp-content\/uploads\/2016\/11\/Mosca_Punto_Cr\u00edtico_40.png\" alt=\"\" width=\"60\" height=\"60\" \/><\/a><\/p>\n<hr \/>\n<p style=\"text-align: center;\">\u00a0<\/p>\n<p>[contentcards url=\u00bbhttp:\/\/revista.lamardeonuba.es\/los-pozos-ilegales-seguiran-extrayendo-el-agua-de-donana-al-impedir-una-muchedumbre-el-acceso-de-chg-y-guardia-civil-a-las-fincas-infractoras\/\u00bb]<\/p>\n<p style=\"text-align: center;\"><a href=\"https:\/\/puntocritico.com\/author\/punto-critico\/\">\u00a0<img loading=\"lazy\" decoding=\"async\" class=\"aligncenter wp-image-48\" src=\"https:\/\/puntocritico.com\/ausajpuntocritico\/wp-content\/uploads\/2016\/11\/Mosca_Punto_Cr\u00edtico_40.png\" alt=\"\" width=\"60\" height=\"60\" \/><\/a><\/p>\n<hr \/>\n<p style=\"text-align: center;\">\u00a0<\/p>\n<p>[contentcards url=\u00bbhttp:\/\/revista.lamardeonuba.es\/la-guerra-del-agua-los-regantes-promueven-un-cierre-patronal-y-una-movilizacion-general-para-impedir-el-sellado-de-77-pozos-ilegales-en-el-entorno-de-donana\/\u00bb]<\/p>\n<p style=\"text-align: center;\"><a href=\"https:\/\/puntocritico.com\/author\/punto-critico\/\">\u00a0<img loading=\"lazy\" decoding=\"async\" class=\"aligncenter wp-image-48\" src=\"https:\/\/puntocritico.com\/ausajpuntocritico\/wp-content\/uploads\/2016\/11\/Mosca_Punto_Cr\u00edtico_40.png\" alt=\"\" width=\"60\" height=\"60\" \/><\/a><\/p>\n<hr \/>\n<p style=\"text-align: center;\">\u00a0<\/p>\n<p>[contentcards url=\u00bbhttps:\/\/www.efe.com\/efe\/andalucia\/huelva\/bruselas-lleva-a-espana-ante-la-justicia-de-ue-por-desproteger-el-humedal-donana\/50001127-3876983#\u00bb]<\/p>\n<p style=\"text-align: center;\"><a href=\"https:\/\/puntocritico.com\/author\/punto-critico\/\">\u00a0<img loading=\"lazy\" decoding=\"async\" class=\"aligncenter wp-image-48\" src=\"https:\/\/puntocritico.com\/ausajpuntocritico\/wp-content\/uploads\/2016\/11\/Mosca_Punto_Cr\u00edtico_40.png\" alt=\"\" width=\"60\" height=\"60\" \/><\/a><\/p>\n<hr \/>\n<p style=\"text-align: center;\">\u00a0<\/p>\n<p>[contentcards url=\u00bbhttps:\/\/www.eldiario.es\/desalambre\/ONU-concluye-Espana-derechos-migrantes_0_914108684.html\u00bb]<\/p>\n<p style=\"text-align: center;\"><a href=\"https:\/\/puntocritico.com\/author\/punto-critico\/\">\u00a0<img loading=\"lazy\" decoding=\"async\" class=\"aligncenter wp-image-48\" src=\"https:\/\/puntocritico.com\/ausajpuntocritico\/wp-content\/uploads\/2016\/11\/Mosca_Punto_Cr\u00edtico_40.png\" alt=\"\" width=\"60\" height=\"60\" \/><\/a><\/p>\n<hr \/>\n<p style=\"text-align: center;\">\u00a0<\/p>\n<p>[contentcards url=\u00bbhttps:\/\/www.eldiario.es\/economia\/competidores-Renfe-coparan-AVE-CNMC_0_914109371.html\u00bb]<\/p>\n<p><span style=\"font-family: arial, helvetica, sans-serif;\">Y ese 35% del Mercado, supone que el 35% de las inversiones espa\u00f1olas en el AVE \u2026 SE PIERDEN. Ya no privatizan los Servicios P\u00fablicos; simplemente los regalan, O los tiran a la basura.<\/span><\/p>\n<p style=\"text-align: center;\"><a href=\"https:\/\/puntocritico.com\/author\/punto-critico\/\"><br \/>\n<img loading=\"lazy\" decoding=\"async\" class=\"aligncenter wp-image-48\" src=\"https:\/\/puntocritico.com\/ausajpuntocritico\/wp-content\/uploads\/2016\/11\/Mosca_Punto_Cr\u00edtico_40.png\" alt=\"\" width=\"60\" height=\"60\" \/><\/a><\/p>\n<hr \/>\n<p style=\"text-align: center;\">\u00a0<\/p>\n<p>[contentcards url=\u00bbhttps:\/\/confilegal.com\/20190626-me-preocupa-que-la-sinrazon-sea-divulgada-por-periodistas-y-opinadores-con-millones-de-seguidores\/\u00bb]<\/p>\n<p style=\"text-align: justify;\"><span style=\"font-family: arial, helvetica, sans-serif;\">Hace unos meses que he dejado de contabilizar las, cada vez m\u00e1s numerosas, \u201cManadas\u201d de Psic\u00f3patas, de Violadores grupales. Es una desgracia que se extiende.<\/span><\/p>\n<p style=\"text-align: justify;\"><span style=\"font-family: arial, helvetica, sans-serif;\">La percepci\u00f3n general acerca de la trascendencia de \u201clo que se cuece\u201d en el Consejo General del Poder Judicial, despliega sus efectos por todo el Poder Judicial. Tambi\u00e9n afecta, pues, a la percepci\u00f3n que se tiene acerca del grado de IMPARCIALIDAD DE LOS MAGISTRADOS DEL TRIBUNAL SUPREMO; cuya composici\u00f3n es obra y gracia del propio CGPJ; el Comisariado Pol\u00edtico Judicial.<\/span><\/p>\n<p style=\"text-align: justify;\"><span style=\"font-family: arial, helvetica, sans-serif;\">Cuando vemos que un amplio sector de la ciudadan\u00eda intenta condicionar &#8211; ejercitando leg\u00edtimamente sus Derechos Fundamentales de Manifestaci\u00f3n y Libertad de Expresi\u00f3n-, los abogados, en efecto compa\u00f1era, somos carne de ca\u00f1\u00f3n. En realidad, que lo seamos, depende de nosotros. Si act\u00faas conforme al imperativo categ\u00f3rico, el miedo desaparece, y resplandece la libertad.<\/span><\/p>\n<p style=\"text-align: center;\"><a href=\"https:\/\/puntocritico.com\/author\/punto-critico\/\"><br \/>\n<img loading=\"lazy\" decoding=\"async\" class=\"aligncenter wp-image-48\" src=\"https:\/\/puntocritico.com\/ausajpuntocritico\/wp-content\/uploads\/2016\/11\/Mosca_Punto_Cr\u00edtico_40.png\" alt=\"\" width=\"60\" height=\"60\" \/><\/a><\/p>\n<hr \/>\n<p style=\"text-align: center;\">\u00a0<\/p>\n<p>[contentcards url=\u00bbhttps:\/\/www.eldiario.es\/politica\/informatico-Punica-Lopez-Madrid-Pinto_0_913759520.html\u00bb]<\/p>\n<p style=\"text-align: center;\"><a href=\"https:\/\/puntocritico.com\/author\/punto-critico\/\">\u00a0<img loading=\"lazy\" decoding=\"async\" class=\"aligncenter wp-image-48\" src=\"https:\/\/puntocritico.com\/ausajpuntocritico\/wp-content\/uploads\/2016\/11\/Mosca_Punto_Cr\u00edtico_40.png\" alt=\"\" width=\"60\" height=\"60\" \/><\/a><\/p>\n<hr \/>\n<p style=\"text-align: center;\">\u00a0<\/p>\n<p>[contentcards url=\u00bbhttps:\/\/www.publico.es\/sociedad\/desahucios-barcelona-bajan-23-colau.html\u00bb]<\/p>\n<p style=\"text-align: justify;\"><span style=\"font-family: arial, helvetica, sans-serif;\">HAGIOGRAF\u00cdAS COLAU.<\/span><\/p>\n<p style=\"text-align: justify;\"><span style=\"font-family: arial, helvetica, sans-serif;\">LOS AYUNTAMIENTOS CARECEN DE COMPETENCIAS EN RELACI\u00d3N A LOS PROCESOS JUDICIALES DE DESAHUCIOS O EJECUCIONES HIPOTECARIAS.<\/span><\/p>\n<p style=\"text-align: justify;\"><span style=\"font-family: arial, helvetica, sans-serif;\">As\u00ed que otro posible t\u00edtulo para esta NOTICIA FRAUDULENTA ser\u00eda:<\/span><\/p>\n<p style=\"text-align: justify;\"><span style=\"font-family: arial, helvetica, sans-serif;\">\u201cDESDE QUE LA INFANTA CRISTINA SE SENT\u00d3 EN EL BANQUILLO DE LOS ACUSADOS, EN 2016, LOS DESAHUCIOS EN BARCELONA BAJAN UN 23 %\u201d.<\/span><\/p>\n<p style=\"text-align: justify;\"><span style=\"font-family: arial, helvetica, sans-serif;\">Otra posibilidad podr\u00eda ser:<\/span><\/p>\n<p style=\"text-align: justify;\"><span style=\"font-family: arial, helvetica, sans-serif;\">\u201cDESDE QUE TUVE DIARREA EN 2016, LOS DESAHUCIOS EN BARCELONA BAJAN UN 23 %\u201d.<\/span><\/p>\n<p style=\"text-align: justify;\"><span style=\"font-family: arial, helvetica, sans-serif;\">Viva la cagalera, O\u00c9!!<\/span><\/p>\n<p style=\"text-align: center;\"><a href=\"https:\/\/puntocritico.com\/author\/punto-critico\/\"><br \/>\n<img loading=\"lazy\" decoding=\"async\" class=\"aligncenter wp-image-48\" src=\"https:\/\/puntocritico.com\/ausajpuntocritico\/wp-content\/uploads\/2016\/11\/Mosca_Punto_Cr\u00edtico_40.png\" alt=\"\" width=\"60\" height=\"60\" \/><\/a><\/p>\n<hr \/>\n<p style=\"text-align: center;\">\u00a0<\/p>\n<p style=\"text-align: justify;\"><span style=\"font-family: arial, helvetica, sans-serif;\">Por Cierto, el panfleto \u201cPublico\u201d est\u00e1 en Trust Project (Proyecto Confianza), sobre el que pod\u00e9is informaron aqu\u00ed (en ingl\u00e9s) <a href=\"https:\/\/www.mintpressnews.com\/the-trust-project-big-media-and-silicon-valleys-weaponized-algorithms-silence-dissent\/259030\/\" target=\"_blank\" rel=\"noopener\">https:\/\/www.mintpressnews.com\/the-trust-project-big-media-and-silicon-valleys-weaponized-algorithms-silence-dissent\/259030\/<\/a> o aqu\u00ed en castellano <a href=\"http:\/\/canarias-semanal.org\/art\/25412\/la-censura-en-la-red-como-una-de-las-bellas-artes\" target=\"_blank\" rel=\"noopener\">http:\/\/canarias-semanal.org\/art\/25412\/la-censura-en-la-red-como-una-de-las-bellas-artes<\/a><\/span><\/p>\n<p style=\"text-align: justify;\"><span style=\"font-family: arial, helvetica, sans-serif;\">El Folleto por el que se subvencion\u00f3 a UGT para informar EN \u00c1RABE a las Temporeras acerca de sus derechos, no informa porque las letras en acabe no forman palabras, sino que SIMULAN formarlas. NO DICE NADA.<\/span><\/p>\n<p style=\"text-align: justify;\"><span style=\"font-family: arial, helvetica, sans-serif;\">Es decir, el folleto es una MALVERSACI\u00d3N de dinero p\u00fablico, presunta, vale.<\/span><\/p>\n<p style=\"text-align: justify;\"><span style=\"font-family: arial, helvetica, sans-serif;\">Aunque la realidad puede ser diferente no importa que el texto en \u00e1rabe sea ininteligible. Lo \u00fanico que importa es que los espa\u00f1oles, y el mundo, sepan que en Espa\u00f1a se act\u00faa contra la Trata. Es falso pero nos deja tranquilos, limpia nuestras conciencias de sucios comedores de fresas.<\/span><\/p>\n<p style=\"text-align: justify;\"><span style=\"font-family: arial, helvetica, sans-serif;\">Porque la Ley, y los Tratados Internacionales vinculantes para Espa\u00f1a, determinan como la medida m\u00e1s importante en la Lucha contra la Trata de Seres Humanos es LA DESINCENTIVACI\u00d3N DE LA DEMANDA. Es decir, si la Trata es con fines de Explotaci\u00f3n Sexual, se ha de desincentivar la prostituci\u00f3n (consumo de sexo). Y si se trata de vender fresas, lo que se ha de desincentivar e EL CONSUMO DE FRESAS.<\/span><\/p>\n<p style=\"text-align: justify;\"><span style=\"font-family: arial, helvetica, sans-serif;\">Pero no. Primero el dinero, luego las fresas, despu\u00e9s los espa\u00f1oles, a continuaci\u00f3n las mascotas y animales en general, y al final, los pobres. Y lo m\u00e1s bajo, los extranjeros pobres.<\/span><\/p>\n<p style=\"text-align: justify;\"><span style=\"font-family: arial, helvetica, sans-serif;\">\u201cES EL CAPITALISMO, AMIGO\u201d (Rodrigo Rato, ex vicepresidente del Gobierno del reino de Espa\u00f1a, que actualmente se encuentra en prisi\u00f3n).<\/span><\/p>\n<p style=\"text-align: center;\"><a href=\"https:\/\/puntocritico.com\/author\/punto-critico\/\"><img loading=\"lazy\" decoding=\"async\" class=\"aligncenter wp-image-48\" src=\"https:\/\/puntocritico.com\/ausajpuntocritico\/wp-content\/uploads\/2016\/11\/Mosca_Punto_Cr\u00edtico_40.png\" alt=\"\" width=\"60\" height=\"60\" \/><\/a><\/p>\n<hr \/>\n<p>[contentcards url=\u00bbhttps:\/\/www.abc.es\/espana\/abci-supremo-activa-tramite-para-consultar-tribunal-justicia-inmunidad-junqueras-201906251256_noticia.html\u00bb]<\/p>\n<p style=\"text-align: center;\"><a href=\"https:\/\/puntocritico.com\/author\/punto-critico\/\"><img loading=\"lazy\" decoding=\"async\" class=\"wp-image-48 alignnone\" src=\"https:\/\/puntocritico.com\/ausajpuntocritico\/wp-content\/uploads\/2016\/11\/Mosca_Punto_Cr\u00edtico_40.png\" alt=\"\" width=\"60\" height=\"60\" \/><\/a><\/p>\n<hr \/>\n<p style=\"text-align: center;\">\u00a0<\/p>\n<p>[contentcards url=\u00bbhttps:\/\/www.publico.es\/politica\/astapa-barcenas-pujol-gonzalez-agente-udef-cubre-intereses-villarejo.html\u00bb]<\/p>\n<p style=\"text-align: center;\"><a href=\"https:\/\/puntocritico.com\/author\/punto-critico\/\">\u00a0<img loading=\"lazy\" decoding=\"async\" class=\"aligncenter wp-image-48\" src=\"https:\/\/puntocritico.com\/ausajpuntocritico\/wp-content\/uploads\/2016\/11\/Mosca_Punto_Cr\u00edtico_40.png\" alt=\"\" width=\"60\" height=\"60\" \/><\/a><\/p>\n<hr \/>\n<p style=\"text-align: center;\">\u00a0<\/p>\n<p>[contentcards url=\u00bbhttps:\/\/www.elmundo.es\/economia\/macroeconomia\/2019\/06\/24\/5d0bba91fdddff141d8b45ab.html\u00bb]<\/p>\n<p style=\"text-align: center;\"><a href=\"https:\/\/puntocritico.com\/author\/punto-critico\/\">\u00a0<img loading=\"lazy\" decoding=\"async\" class=\"aligncenter wp-image-48\" src=\"https:\/\/puntocritico.com\/ausajpuntocritico\/wp-content\/uploads\/2016\/11\/Mosca_Punto_Cr\u00edtico_40.png\" alt=\"\" width=\"60\" height=\"60\" \/><\/a><\/p>\n<hr \/>\n<p style=\"text-align: center;\"><a href=\"https:\/\/elpais.com\/sociedad\/2019\/06\/25\/actualidad\/1561467505_272360.html\" target=\"_blank\" rel=\"noopener\"><img loading=\"lazy\" decoding=\"async\" class=\"aligncenter size-full wp-image-19756\" src=\"https:\/\/puntocritico.com\/ausajpuntocritico\/wp-content\/uploads\/2019\/07\/Noticias_junio_40.jpg\" alt=\"\" width=\"680\" height=\"935\" srcset=\"https:\/\/puntocritico.com\/ausajpuntocritico\/wp-content\/uploads\/2019\/07\/Noticias_junio_40.jpg 680w, https:\/\/puntocritico.com\/ausajpuntocritico\/wp-content\/uploads\/2019\/07\/Noticias_junio_40-218x300.jpg 218w\" sizes=\"auto, (max-width: 680px) 100vw, 680px\" \/><\/a><\/p>\n<h2 id=\"articulo-titulo\" class=\"articulo-titulo \" style=\"text-align: center;\"><a href=\"https:\/\/elpais.com\/sociedad\/2019\/06\/25\/actualidad\/1561467505_272360.html\" target=\"_blank\" rel=\"noopener\"><span style=\"font-family: arial, helvetica, sans-serif;\">Uno de cada cinco jueces piden formarse en perspectiva de g\u00e9nero<\/span><\/a><\/h2>\n<p style=\"text-align: justify;\"><span style=\"font-family: arial, helvetica, sans-serif;\">AL 20% de los Jueces espa\u00f1oles, que para ascender tienen que cagarse en la Constituci\u00f3n.<\/span><\/p>\n<p style=\"text-align: justify;\"><span style=\"font-family: arial, helvetica, sans-serif;\">\u201clos cursos solicitados por magistrados, recogidos en la \u00faltima reforma de la Ley Org\u00e1nica del Poder Judicial como un requisito obligatorio para acceder a las pruebas de cualquier especialidad\u201d.<\/span><\/p>\n<p style=\"text-align: justify;\"><span style=\"font-family: arial, helvetica, sans-serif;\">La Intimidad no es pol\u00edtica, canallas; la intimidad est\u00e1 exenta de la acci\u00f3n p\u00fablica, sediciosos, que cambi\u00e1is el orden constitucional por dinero y poder, utilizando para ello la coacci\u00f3n estatal; DELINCUENTES TOGADOS; EL C\u00c1NCER DE ESPA\u00d1A.<\/span><\/p>\n<p style=\"text-align: center;\"><a href=\"https:\/\/puntocritico.com\/author\/punto-critico\/\"><img loading=\"lazy\" decoding=\"async\" class=\"aligncenter wp-image-48\" src=\"https:\/\/puntocritico.com\/ausajpuntocritico\/wp-content\/uploads\/2016\/11\/Mosca_Punto_Cr\u00edtico_40.png\" alt=\"\" width=\"60\" height=\"60\" \/><\/a><\/p>\n<hr \/>\n<p style=\"text-align: center;\">\u00a0<\/p>\n<p>[contentcards url=\u00bbhttps:\/\/confilegal.com\/20190624-el-constitucional-recuerda-a-los-jueces-que-deben-controlar-las-clausulas-abusivas-antes-de-cualquier-ejecucion-hipotecaria\/\u00bb]<\/p>\n<p style=\"text-align: justify;\"><span style=\"font-family: arial, helvetica, sans-serif;\">M\u00c1S VALE TARDE QUE NUNCA?<\/span><\/p>\n<p style=\"text-align: justify;\"><span style=\"font-family: arial, helvetica, sans-serif;\">LO DICEN AHORA LOS MUY CORRUPTOS. DESPU\u00c9S DE M\u00c1S DE 500.000 DESAHUCIOS ILEGALES, Y EN MI OPINI\u00d3N, DELICTIVOS?<\/span><\/p>\n<p style=\"text-align: justify;\"><span style=\"font-family: arial, helvetica, sans-serif;\">PORQUE LA DIRECTIVA DE LA U.E. NO HA CAMBIADO; LO \u00daNICO QUE HA CAMBIADO ES QUE AHORA DICEN LOS JUECES, POL\u00cdTICOS Y DEM\u00c1S FAUNA CARCELARIA EN LIBERTAD IMPUNE, QUE VAN A APLICARLAS.<\/span><\/p>\n<p style=\"text-align: justify;\"><span style=\"font-family: arial, helvetica, sans-serif;\">LO QUE TENEMOS QUE HACER ES JUZGAR POR EL TRIBUNAL DEL JURADO POPULAR A TODOS Y CADA UNO DE LOS JUECES QUE LANZARON ILEGALMENTE DE SUS HOGARES A CADA UNA DE LAS M\u00c1S DE 500.000 FAMILIAS, V\u00cdCTIMAS DE GRAV\u00cdSIMOS DELITOS, QUE INTENTAN DEJAR EN LA IMPUNIDAD, CON EL APOYO DE LA ASOCIACI\u00d3N CREADA POR LA BANCA PARA COLOCAR TRAIDORES COMO EL HADA QUE NOS HAN COLAU O LOS DELINCUENTES PODEMITAS COMO MAYORAL O LA TAL SANDRA, HIJA DE MEYER, EL COMUNISTA QUE DIMITI\u00d3 PARA QUE NO SE LE INVESTIGASE PATRIMONIALMENTE (enriquecidos asquerosamente gracias al drama de los desahucios)\u00a0 QUE HEMOS SENTADO A HACERNOS LAS LEYES.<\/span><\/p>\n<p style=\"text-align: justify;\"><span style=\"font-family: arial, helvetica, sans-serif;\">O LOS JUZGA UN JURADO POPULAR O LOS JUGAR\u00c1N SUS COMPAS Y DEUDOS.<\/span><\/p>\n<p style=\"text-align: justify;\"><span style=\"font-family: arial, helvetica, sans-serif;\">UNA ADVERTENCIA: LOS \u201cABOGADOS\u201d DE QUE HABLAN EN LA NOTICIA NOTICIOSA, SON LOS CHICOS DE COLAU Y SU PISSARELLO, LOS QUE OBSERVABAN DESDE EL OBSERVATORII DESC COMO LLENABAN DE MILLONES DE D\u00d3LARES SUS CUENTAS CORRIENTES DESDE LA VENEUELA BOLIVARIANA DE PACOTILA.<\/span><\/p>\n<p style=\"text-align: justify;\"><span style=\"font-family: arial, helvetica, sans-serif;\">SI, ES QUE LA PRENSA ESPA\u00d1OLA SOLO HABLA DE QUIENES EL PODER HA DECIDIDO QUE SEAN PROMOCIONADOS.<\/span><\/p>\n<p style=\"text-align: justify;\"><span style=\"font-family: arial, helvetica, sans-serif;\">Porque esta caricatura de Estado de Derecho que llamamos Espa\u00f1a se gobierna mediante el enga\u00f1o constante, ejecutado por los medios de comunicaci\u00f3n, diariamente desde \u2026 que recuerdo.<\/span><\/p>\n<p style=\"text-align: justify;\"><span style=\"font-family: arial, helvetica, sans-serif;\">As\u00ed, si quiero promocionar a un controlador de progres, s\u00f3lo tengo que conseguir que uno de derechas diga una animalada \u2013calculada en sus efectos previamente, que no se desviste a un \u201csanto\u201d para vestir a otro-\u00a0 y que la \u00fanica respuesta que llegue a nuestro conocimiento sea la de aquel que ha de ser promocionado. Porque cuando la prensa de derechas designa a alguien como enemigo, en realidad lo est\u00e1 promocionando entre los progres. Y viceversa.<\/span><\/p>\n<p style=\"text-align: justify;\"><span style=\"font-family: arial, helvetica, sans-serif;\">Manipular la informaci\u00f3n que recibimos es destruirnos como Democracia. Votar libremente exige disponer de informaci\u00f3n. Sin informaci\u00f3n, no hay Libertad de elecci\u00f3n; s\u00f3lo somos libres para equivocarnos. No, eso no es Democracia sino manipulaci\u00f3n y Control Social.<\/span><\/p>\n<p style=\"text-align: center;\"><a href=\"https:\/\/puntocritico.com\/author\/punto-critico\/\"><br \/>\n<img loading=\"lazy\" decoding=\"async\" class=\"aligncenter wp-image-48\" src=\"https:\/\/puntocritico.com\/ausajpuntocritico\/wp-content\/uploads\/2016\/11\/Mosca_Punto_Cr\u00edtico_40.png\" alt=\"\" width=\"60\" height=\"60\" \/><\/a><\/p>\n<hr \/>\n<p style=\"text-align: center;\">\u00a0<\/p>\n<p>[contentcards url=\u00bbhttps:\/\/ctxt.es\/es\/20190619\/Politica\/26907\/Francisco-Gallardo-Tribunal-Supremo-perfiles-magistrados&#8211;Marchena-Palomo-Varela-Ferrer.htm\u00bb]<\/p>\n<p style=\"text-align: justify;\"><span style=\"font-family: arial, helvetica, sans-serif;\">EL JUICIO AL INDEPENDENTISMO: LOS OTROS DELINCUENTES.<\/span><\/p>\n<p style=\"text-align: justify;\"><span style=\"font-family: arial, helvetica, sans-serif;\">Los DELINCUENTES que posibilitan lo que el Portavoz del primer partido de la oposici\u00f3n en el Senado defini\u00f3 como \u201cCONTROL DE LA SALA SEGUNDA DEL TRIBUNAL SUPREMO, DESDE ATR\u00c1S\u201d, Y LO HIZO DURANTE LAS NEGOCIACIONES CON EL PSOE,\u00a0 LA OTRA PATA DEL R\u00c9GIMEN PPSOE, PARA \u201cRENOVAR\u201d A LOS CORRUPTOS COMISARIOS POL\u00cdTICOS DEL CGPJ.<\/span><\/p>\n<p style=\"text-align: justify;\"><span style=\"font-family: arial, helvetica, sans-serif;\">Pero como todos los medios te dicen que lo est\u00e1 haciendo muy bien y tu no tienes ni puta idea de que pueda ser \u201chacerlo bien\u201d como Presidente de un Tribunal \u2013dir\u00eda de Justicia pero no ser\u00eda cierto-, pues va a resultar que CONTROLAR LA SALA SEGUNDA DESDE ATR\u00c1S ES S\u00cdNTOMA DE INDEPENDENCIA E IMPARCIALIDAD DE LOS JUECES QUE \u201cCONTROLAN LA JUSTICIA PENAL ESPA\u00d1OLA DESDE ATR\u00c1S\u201d.<\/span><\/p>\n<p style=\"text-align: justify;\"><span style=\"font-family: arial, helvetica, sans-serif;\">VIVA EL ESTADO DE DERECHO Y LA SEPARACI\u00d3N DE PODERES. QUE VIVAN, PERO BIEN LEJOS.<\/span><\/p>\n<p style=\"text-align: justify;\"><span style=\"font-family: arial, helvetica, sans-serif;\">Y ESTOS SON LOS PARTIDOS \u201cCONSTITUCIONALISTAS\u201d. Joder que tropa !!<\/span><\/p>\n<p style=\"text-align: center;\"><a href=\"https:\/\/puntocritico.com\/author\/punto-critico\/\"><br \/>\n<img loading=\"lazy\" decoding=\"async\" class=\"aligncenter wp-image-48\" src=\"https:\/\/puntocritico.com\/ausajpuntocritico\/wp-content\/uploads\/2016\/11\/Mosca_Punto_Cr\u00edtico_40.png\" alt=\"\" width=\"60\" height=\"60\" \/><\/a><\/p>\n<hr \/>\n<p style=\"text-align: center;\">La Fiscal\u00eda abre diligencias contra el portavoz de Vox en Murcia por llamar \u00abputa\u00bb a Delgado<\/p>\n<p>[contentcards url=\u00bbhttps:\/\/www.publico.es\/politica\/exclusiva-cloacas-baleares-policia-local-palma-monto-unidad-dirigir-prostitutas-playa-arenal.html\u00bb]<\/p>\n<p style=\"text-align: center;\"><a href=\"https:\/\/puntocritico.com\/author\/punto-critico\/\">\u00a0<img loading=\"lazy\" decoding=\"async\" class=\"aligncenter wp-image-48\" src=\"https:\/\/puntocritico.com\/ausajpuntocritico\/wp-content\/uploads\/2016\/11\/Mosca_Punto_Cr\u00edtico_40.png\" alt=\"\" width=\"60\" height=\"60\" \/><\/a><\/p>\n<hr \/>\n<p style=\"text-align: center;\">\u00a0<\/p>\n<p style=\"text-align: center;\">\u00a0<\/p>\n<p style=\"text-align: center;\"><a href=\"https:\/\/www.publico.es\/politica\/juan-jose-liarte-pedreno-fiscalia-abre-diligencias-portavoz-vox-murcia-llamar-puta-delgado.html\" target=\"_blank\" rel=\"noopener\"><img loading=\"lazy\" decoding=\"async\" class=\"aligncenter size-full wp-image-19757\" src=\"https:\/\/puntocritico.com\/ausajpuntocritico\/wp-content\/uploads\/2019\/07\/Noticias_junio_41.jpg\" alt=\"\" width=\"680\" height=\"935\" srcset=\"https:\/\/puntocritico.com\/ausajpuntocritico\/wp-content\/uploads\/2019\/07\/Noticias_junio_41.jpg 680w, https:\/\/puntocritico.com\/ausajpuntocritico\/wp-content\/uploads\/2019\/07\/Noticias_junio_41-218x300.jpg 218w\" sizes=\"auto, (max-width: 680px) 100vw, 680px\" \/><\/a><\/p>\n<p>&nbsp;<\/p>\n<h2 style=\"text-align: center;\">\u200b\u200b<a href=\"https:\/\/www.publico.es\/politica\/juan-jose-liarte-pedreno-fiscalia-abre-diligencias-portavoz-vox-murcia-llamar-puta-delgado.html\" target=\"_blank\" rel=\"noopener\"><span style=\"font-family: arial, helvetica, sans-serif;\">La Fiscal\u00eda abre diligencias contra el portavoz de Vox en Murcia por llamar \u00abputa\u00bb a Delgado\u200b<\/span><\/a><\/h2>\n<p style=\"text-align: justify;\"><span style=\"font-family: arial, helvetica, sans-serif;\">LA TIPARRACA ENCUBRIDORA DE DELITOS POCO PRESUNTOS DE VIOLACI\u00d3N DE MENORES POR PARTE DE SUS \u00abCOMPAS\u00bb, JUECES Y FISCALES DE LA M\u00c1XIMA JERARQU\u00cdA, CREE TENER UN HONOR DIGNO DE PROTECCI\u00d3N<\/span><\/p>\n<p style=\"text-align: justify;\"><span style=\"font-family: arial, helvetica, sans-serif;\">Confunde la Ministra de Justicia en el Reino de la Impunidad de los corruptos y el cohecho, DIGNIDAD (cuyo goce nos pertenece\u00a0 todos por igual), con HONOR (cuyo goce depende de los propios actos).<\/span><\/p>\n<p style=\"text-align: justify;\"><span style=\"font-family: arial, helvetica, sans-serif;\">Si, lo dice VOX. \u00bfY qu\u00e9?<\/span><\/p>\n<p style=\"text-align: justify;\"><span style=\"font-family: arial, helvetica, sans-serif;\">Si VOX dice que la tierra es redonda, \u00bfhemos por ello de pensar que la tierra es plana?<\/span><\/p>\n<p style=\"text-align: justify;\"><span style=\"font-family: arial, helvetica, sans-serif;\">Eso les gustar\u00eda a los del \u201cComplejo PPSOE\u201d.\u200b<\/span><\/p>\n<h2 style=\"text-align: justify;\">\u200b<a href=\"https:\/\/www.publico.es\/politica\/juan-jose-liarte-pedreno-fiscalia-abre-diligencias-portavoz-vox-murcia-llamar-puta-delgado.html\" target=\"_blank\" rel=\"noopener\">\u200b\u200b<br \/>\n<img loading=\"lazy\" decoding=\"async\" class=\"aligncenter wp-image-48\" src=\"https:\/\/puntocritico.com\/ausajpuntocritico\/wp-content\/uploads\/2016\/11\/Mosca_Punto_Cr\u00edtico_40.png\" alt=\"\" width=\"60\" height=\"60\" \/><\/a><\/h2>\n<hr \/>\n<p style=\"text-align: center;\">\u00a0<\/p>\n<h2><a href=\"http:\/\/revista.lamardeonuba.es\/la-guerra-del-agua-los-regantes-promueven-un-cierre-patronal-y-una-movilizacion-general-para-impedir-el-sellado-de-77-pozos-ilegales-en-el-entorno-de-donana\/\" target=\"_blank\" rel=\"noopener\"><img loading=\"lazy\" decoding=\"async\" class=\"aligncenter size-full wp-image-19758\" src=\"https:\/\/puntocritico.com\/ausajpuntocritico\/wp-content\/uploads\/2019\/07\/Noticias_junio_42.jpg\" alt=\"\" width=\"680\" height=\"935\" srcset=\"https:\/\/puntocritico.com\/ausajpuntocritico\/wp-content\/uploads\/2019\/07\/Noticias_junio_42.jpg 680w, https:\/\/puntocritico.com\/ausajpuntocritico\/wp-content\/uploads\/2019\/07\/Noticias_junio_42-218x300.jpg 218w\" sizes=\"auto, (max-width: 680px) 100vw, 680px\" \/><\/a><\/h2>\n<h2 class=\"entry-title\"><span style=\"font-family: arial, helvetica, sans-serif;\">La guerra del agua: los regantes promueven un cierre patronal y una \u00abmovilizaci\u00f3n general\u00bb para impedir el sellado de 77 pozos ilegales en el entorno de Do\u00f1ana<\/span><\/h2>\n<p style=\"text-align: justify;\"><span style=\"font-family: arial, helvetica, sans-serif;\">M\u00c1S CLARO: LOS DELINCUENTES QUE DURANTE D\u00c9CADAS, PROTEGIDOS POR TODAS LAS AUTORIDADES P\u00daBLICAS E INSTITUCIONES PRIVADAS, HAN ROBADO GIGANTESCAS CANTIDADES DE AGUA, HASTA DESTRUIR DO\u00d1ANA, NOS AMENAZAN: O SE LES DEJA CONTINUAR DELINQUIENDO O HACEN HUELGA.<\/span><\/p>\n<p style=\"text-align: justify;\"><span style=\"font-family: arial, helvetica, sans-serif;\">LO NUNCA VISTO.<\/span><\/p>\n<p style=\"text-align: justify;\"><span style=\"font-family: arial, helvetica, sans-serif;\">Recordad que la absoluta inactividad \u2013en mi opini\u00f3n, complicidad o coautor\u00eda- de los jueces de los partidos de La Palma del Condado y Moguer (los mismos que han protegido durante, al menos, 20 a\u00f1o, a los tratantes de esclavos), ha motivado que EL CONSEJO DE EUROPA HAYA DEMANDADO A ESPA\u00d1A ANTE EL TRIBUNAL EUROPEO DE DERECHOS HUMANOS.<\/span><\/p>\n<p style=\"text-align: justify;\"><span style=\"font-family: arial, helvetica, sans-serif;\">LOS DEL \u201cA POR ELLOS O\u00c9\u201d;\u00a0 LOS QUE\u00a0 INTENTARON LLEVARNOS A UNA GUERRA CIVIL, Y CASI LO CONSIGUEN. Y EN ELLO SIGUEN.<\/span><\/p>\n<p style=\"text-align: justify;\"><span style=\"font-family: arial, helvetica, sans-serif;\">\u00a0DELINCUENTES Y JUECES. DELINCUENTES Y FISCALES. DELINCUENTES E INSPECTORES DE TRABAJO, DELINCUENTES Y GUARDIAS CIVILES; DELINCUENTES Y POLIC\u00cdAS; DELINCUENTES Y ALCALDES; DELINCUENTES Y CONSEJEROS AUTON\u00d3MICOS; DELINCUENTES Y MINISTROS.<\/span><\/p>\n<p style=\"text-align: justify;\"><span style=\"font-family: arial, helvetica, sans-serif;\">HUELVA, ven y mira.<\/span><\/p>\n<p style=\"text-align: center;\"><a href=\"https:\/\/puntocritico.com\/author\/punto-critico\/\"><br \/>\n<img loading=\"lazy\" decoding=\"async\" class=\"aligncenter wp-image-48\" src=\"https:\/\/puntocritico.com\/ausajpuntocritico\/wp-content\/uploads\/2016\/11\/Mosca_Punto_Cr\u00edtico_40.png\" alt=\"\" width=\"60\" height=\"60\" \/><\/a><\/p>\n<hr \/>\n<p style=\"text-align: center;\">\u00a0<\/p>\n<p>[contentcards url=\u00bbhttps:\/\/www.elmundo.es\/andalucia\/2019\/06\/24\/5d0fb60f21efa013608b466d.html\u00bb]<\/p>\n<p style=\"text-align: justify;\"><span style=\"font-family: arial, helvetica, sans-serif;\">LOS JUECES DEL PPSOE, LOS CORRUPTOS CONTRA LA CORRUPCI\u00d3N.<\/span><\/p>\n<p style=\"text-align: justify;\"><span style=\"font-family: arial, helvetica, sans-serif;\">ESPA\u00d1A, ESTADO FALLIDO<\/span><\/p>\n<p style=\"text-align: center;\"><a href=\"https:\/\/puntocritico.com\/author\/punto-critico\/\"><br \/>\n<img loading=\"lazy\" decoding=\"async\" class=\"aligncenter wp-image-48\" src=\"https:\/\/puntocritico.com\/ausajpuntocritico\/wp-content\/uploads\/2016\/11\/Mosca_Punto_Cr\u00edtico_40.png\" alt=\"\" width=\"60\" height=\"60\" \/><\/a><\/p>\n<hr \/>\n<p style=\"text-align: center;\">\u00a0<\/p>\n<p>[contentcards url=\u00bbhttps:\/\/www.abc.es\/espana\/abci-politologa-gloria-alvarez-grietas-internas-hecho-podemos-verguenza-201906231819_noticia.html\u00bb]<\/p>\n<p style=\"text-align: justify;\"><span style=\"font-family: arial, helvetica, sans-serif;\">Va siendo tiempo de olvidar el Socialismo como opci\u00f3n pol\u00edtica. La raz\u00f3n es simple: NO HAY NING\u00daN PARTIDO SOCIALISTA.<\/span><\/p>\n<p style=\"text-align: justify;\"><span style=\"font-family: arial, helvetica, sans-serif;\">Por ello, hemos de volver la mirada hacia el LIBERALISMO. El Socialismo ha muerto.<\/span><\/p>\n<p style=\"text-align: justify;\"><span style=\"font-family: arial, helvetica, sans-serif;\">Lo que si hay, son PARTIDOS POL\u00cdTICOS NEOMAOISTAS, a nivel nacional bien representados por el PPSOE. Sumando los niveles auton\u00f3mico y local, hablaremos de lo mismo, como \u201cCOMPLEJO PPSOE\u201d.<\/span><\/p>\n<p style=\"text-align: justify;\"><span style=\"font-family: arial, helvetica, sans-serif;\">El Socialismo que nos es ofertado, elecci\u00f3n tras elecci\u00f3n, es el SOCIALISMO DE LAS \u00c9LITES. No de los individuos, que somos considerados como mera estad\u00edstica; como n\u00fameros. Como OBJETOS.<\/span><\/p>\n<p style=\"text-align: justify;\"><span style=\"font-family: arial, helvetica, sans-serif;\">La voluntad de generar un caos total, de destruir la sociedad tal y como la hemos conocido, es el elemento aglutinador de partidos y peri\u00f3dicos espa\u00f1oles (y globales, ya; es un hecho).<\/span><\/p>\n<p style=\"text-align: justify;\"><span style=\"font-family: arial, helvetica, sans-serif;\">\u201cDEL CAOS NACER\u00c1 EL NUEVO ORDEN MUNDIAL\u201d<\/span><\/p>\n<p style=\"text-align: justify;\"><span style=\"font-family: arial, helvetica, sans-serif;\">El problema es saber en que la quieren \u2013nos quieren- convertir alucinados y locas peligrosas como Teresa Fern\u00e1ndez de la Vega, la MASONA ENLOQUECIDA QUE CREE SER Dios.<\/span><\/p>\n<p style=\"text-align: justify;\"><span style=\"font-family: arial, helvetica, sans-serif;\">No vemos en que hemos \u2013no, no \u201chan\u201d; HEMOS- convertido nuestra convivencia, por llamarla de alguna forma; con nuestros votos indolentes, siempre buscando la satisfacci\u00f3n de nuestros Egos, olvidado el inter\u00e9s general, que deber\u00eda ser la gu\u00eda de nuestras decisiones y votos para construir un Estado de Derecho en el que desarrollar libremente nuestra personalidad; nuestras vidas, con el suicidio como final a evitar).<\/span><\/p>\n<p style=\"text-align: center;\"><a href=\"https:\/\/puntocritico.com\/author\/punto-critico\/\"><br \/>\n<img loading=\"lazy\" decoding=\"async\" class=\"aligncenter wp-image-48\" src=\"https:\/\/puntocritico.com\/ausajpuntocritico\/wp-content\/uploads\/2016\/11\/Mosca_Punto_Cr\u00edtico_40.png\" alt=\"\" width=\"60\" height=\"60\" \/><\/a><\/p>\n<hr \/>\n<p style=\"text-align: center;\">\u00a0<\/p>\n<p>[contentcards url=\u00bbhttps:\/\/www.abc.es\/espana\/abci-espana-modera-pp-engulle-y-psoe-sigue-reduciendo-podemos-201906232325_noticia.html\u00bb]<\/p>\n<p style=\"text-align: center;\"><a href=\"https:\/\/puntocritico.com\/author\/punto-critico\/\">\u00a0<img loading=\"lazy\" decoding=\"async\" class=\"aligncenter wp-image-48\" src=\"https:\/\/puntocritico.com\/ausajpuntocritico\/wp-content\/uploads\/2016\/11\/Mosca_Punto_Cr\u00edtico_40.png\" alt=\"\" width=\"60\" height=\"60\" \/><\/a><\/p>\n<hr \/>\n<p style=\"text-align: center;\">\u00a0<\/p>\n<p>[contentcards url=\u00bbhttps:\/\/www.abc.es\/familia\/padres-hijos\/abci-abuso-nuevas-tecnologias-disminuye-funciones-hipotalamo-201906240116_noticia.html\u00bb]<\/p>\n<p style=\"text-align: justify;\"><span style=\"font-family: arial, helvetica, sans-serif;\">\u00abPrimero muri\u00f3 Dios con Nietzsche y Marx, luego, con el postmodernismo, muri\u00f3 el hombre. Ahora lo que muere es la realidad a manos de lo virtual\u00bb<\/span><\/p>\n<p style=\"text-align: center;\"><a href=\"https:\/\/puntocritico.com\/author\/punto-critico\/\"><br \/>\n<img loading=\"lazy\" decoding=\"async\" class=\"aligncenter wp-image-48\" src=\"https:\/\/puntocritico.com\/ausajpuntocritico\/wp-content\/uploads\/2016\/11\/Mosca_Punto_Cr\u00edtico_40.png\" alt=\"\" width=\"60\" height=\"60\" \/><\/a><\/p>\n<hr \/>\n<p style=\"text-align: center;\">\u00a0<\/p>\n<p>[contentcards url=\u00bbhttps:\/\/www.publico.es\/economia\/cocinan-apetitosos-banca.html\u00bb]<\/p>\n<p style=\"text-align: center;\"><a href=\"https:\/\/puntocritico.com\/author\/punto-critico\/\">\u00a0<img loading=\"lazy\" decoding=\"async\" class=\"aligncenter wp-image-48\" src=\"https:\/\/puntocritico.com\/ausajpuntocritico\/wp-content\/uploads\/2016\/11\/Mosca_Punto_Cr\u00edtico_40.png\" alt=\"\" width=\"60\" height=\"60\" \/><\/a><\/p>\n<hr \/>\n<p style=\"text-align: center;\">\u00a0<\/p>\n<p>[contentcards url=\u00bbhttps:\/\/www.eldiario.es\/canariasahora\/politica\/Pacto-Progreso-Canarias-Renta_Basica-Lucha_contra_la_Pobreza_0_912708922.html\u00bb]<\/p>\n<p><span style=\"font-family: arial, helvetica, sans-serif;\">PPSOECsPsVx, la misma mierda son.<\/span><\/p>\n<p style=\"text-align: center;\"><a href=\"https:\/\/puntocritico.com\/author\/punto-critico\/\"><br \/>\n<img loading=\"lazy\" decoding=\"async\" class=\"aligncenter wp-image-48\" src=\"https:\/\/puntocritico.com\/ausajpuntocritico\/wp-content\/uploads\/2016\/11\/Mosca_Punto_Cr\u00edtico_40.png\" alt=\"\" width=\"60\" height=\"60\" \/><\/a><\/p>\n<hr \/>\n<p style=\"text-align: center;\">\u00a0<\/p>\n<p>[contentcards url=\u00bbhttps:\/\/www.elmundo.es\/espana\/2019\/06\/23\/5d0e80fafc6c830f2b8b4657.html\u00bb]<\/p>\n<p style=\"text-align: justify;\"><span style=\"font-family: arial, helvetica, sans-serif;\">DESPU\u00c9S DE D\u00c9CADAS DE INMENSOS ESFUERZOS PARA PAGAR LA LUCHA CONTRA LA VIOLENCIA DE G\u00c9NERO, VIENE LA SATISFACCI\u00d3N POR EL RESULTADO OBTENIDO<\/span><\/p>\n<p style=\"text-align: justify;\"><span style=\"font-family: arial, helvetica, sans-serif;\">1.000.000 DE HOMBRES INOCENTES DETENIDOS DE MANERA HUMILLANTE, ENCARCELADOS Y VILIPENDIADOS SOCIALMENTE, CONTRA QUIENES NI SE LLEGARON A INCOAR DILIGENCIAS PENALES POR FALTA DE PRUEBAS, A LA VISTA DE LOS RESULTADOS, ERA ALGO NECESARIO PARA ALCANZAR LAS COTAS DE DEGRADACI\u00d3N INSTITUCIONAL ACTUALES, DESCONOCIDAS PARA LA HUMANIDAD DESDE LOS TIEMPOS DE CAL\u00cdGULA O DE IDI AMIN DAD\u00c1.<\/span><\/p>\n<p style=\"text-align: center;\"><a href=\"https:\/\/puntocritico.com\/author\/punto-critico\/\"><br \/>\n<img loading=\"lazy\" decoding=\"async\" class=\"aligncenter wp-image-48\" src=\"https:\/\/puntocritico.com\/ausajpuntocritico\/wp-content\/uploads\/2016\/11\/Mosca_Punto_Cr\u00edtico_40.png\" alt=\"\" width=\"60\" height=\"60\" \/><\/a><\/p>\n<hr \/>\n<p style=\"text-align: center;\">\u00a0<\/p>\n<p>[contentcards url=\u00bbhttps:\/\/www.elmundo.es\/espana\/2019\/06\/23\/5d0e6f91fc6c83fc398b469b.html\u00bb]<\/p>\n<p style=\"text-align: center;\"><a href=\"https:\/\/puntocritico.com\/author\/punto-critico\/\">\u00a0<img loading=\"lazy\" decoding=\"async\" class=\"aligncenter wp-image-48\" src=\"https:\/\/puntocritico.com\/ausajpuntocritico\/wp-content\/uploads\/2016\/11\/Mosca_Punto_Cr\u00edtico_40.png\" alt=\"\" width=\"60\" height=\"60\" \/><\/a><\/p>\n<hr \/>\n<p style=\"text-align: center;\">\u00a0<\/p>\n<p>[contentcards url=\u00bbhttps:\/\/www.elmundo.es\/espana\/2019\/06\/22\/5d0e09e6fc6c8348188b460f.html\u00bb]<\/p>\n<p style=\"text-align: center;\"><a href=\"https:\/\/puntocritico.com\/author\/punto-critico\/\">\u00a0<img loading=\"lazy\" decoding=\"async\" class=\"aligncenter wp-image-48\" src=\"https:\/\/puntocritico.com\/ausajpuntocritico\/wp-content\/uploads\/2016\/11\/Mosca_Punto_Cr\u00edtico_40.png\" alt=\"\" width=\"60\" height=\"60\" \/><\/a><\/p>\n<hr \/>\n<p style=\"text-align: center;\">\u00a0<\/p>\n<p>[contentcards url=\u00bbhttps:\/\/www.abc.es\/espana\/abci-asesor-chavez-vicepresidente-ximo-puig-201906230305_noticia.html\u00bb]<\/p>\n<p><span style=\"font-family: arial, helvetica, sans-serif;\">LOS PODEMITAS, TRAIDORES A SUELDO DEL P$*E, REALIZAN SUS INVERSIONES. Votando traidores, esa es la Izquierda burguesa. Lo peor es que lo merecemos. Es decir, todo ir\u00e1 a peor.<\/span><\/p>\n<p style=\"text-align: center;\"><a href=\"https:\/\/puntocritico.com\/author\/punto-critico\/\"><br \/>\n<img loading=\"lazy\" decoding=\"async\" class=\"aligncenter wp-image-48\" src=\"https:\/\/puntocritico.com\/ausajpuntocritico\/wp-content\/uploads\/2016\/11\/Mosca_Punto_Cr\u00edtico_40.png\" alt=\"\" width=\"60\" height=\"60\" \/><\/a><\/p>\n<hr \/>\n<p style=\"text-align: center;\">\u00a0<\/p>\n<p>[contentcards url=\u00bbhttp:\/\/revista.lamardeonuba.es\/una-tercera-redada-contra-la-explotacion-laboral-golpea-al-sector-de-los-frutos-rojos-onubense-en-menos-de-un-mes\/\u00bb]<\/p>\n<p style=\"text-align: center;\"><a href=\"https:\/\/puntocritico.com\/author\/punto-critico\/\">\u00a0<img loading=\"lazy\" decoding=\"async\" class=\"aligncenter wp-image-48\" src=\"https:\/\/puntocritico.com\/ausajpuntocritico\/wp-content\/uploads\/2016\/11\/Mosca_Punto_Cr\u00edtico_40.png\" alt=\"\" width=\"60\" height=\"60\" \/><\/a><\/p>\n<hr \/>\n<p style=\"text-align: center;\">\u00a0<\/p>\n<p>[contentcards url=\u00bbhttp:\/\/revista.lamardeonuba.es\/el-congreso-no-oficial-de-los-frutos-rojos-denuncia-listas-negras-en-la-contratacion-en-origen-de-mujeres-marroquies\/\u00bb]<\/p>\n<p style=\"text-align: center;\"><a href=\"https:\/\/puntocritico.com\/author\/punto-critico\/\">\u00a0<img loading=\"lazy\" decoding=\"async\" class=\"aligncenter wp-image-48\" src=\"https:\/\/puntocritico.com\/ausajpuntocritico\/wp-content\/uploads\/2016\/11\/Mosca_Punto_Cr\u00edtico_40.png\" alt=\"\" width=\"60\" height=\"60\" \/><\/a><\/p>\n<hr \/>\n<p style=\"text-align: center;\">\u00a0<\/p>\n<p>[contentcards url=\u00bbhttps:\/\/www.eldiario.es\/sociedad\/Desestimada-recusacion-suspendio-exhumar-Franco_0_912359421.html\u00bb]<\/p>\n<p style=\"text-align: justify;\"><span style=\"font-family: arial, helvetica, sans-serif;\">PARA DECIDIR SOBRE LA TUMBA DE FRANCO, \u00bfQUI\u00c9N MEJOR QUE UN FRANQUISTA?<\/span><a href=\"https:\/\/puntocritico.com\/author\/punto-critico\/\"><br \/>\n<img loading=\"lazy\" decoding=\"async\" class=\"aligncenter wp-image-48\" src=\"https:\/\/puntocritico.com\/ausajpuntocritico\/wp-content\/uploads\/2016\/11\/Mosca_Punto_Cr\u00edtico_40.png\" alt=\"\" width=\"60\" height=\"60\" \/><\/a><\/p>\n<hr \/>\n<p style=\"text-align: center;\">\u00a0<\/p>\n<p style=\"text-align: center;\"><a href=\"https:\/\/www.elconfidencial.com\/espana\/2019-02-26\/yustil-juez-paraliza-exhumacion-franco_1849602\/\" target=\"_blank\" rel=\"noopener\"><img loading=\"lazy\" decoding=\"async\" class=\"aligncenter size-full wp-image-19759\" src=\"https:\/\/puntocritico.com\/ausajpuntocritico\/wp-content\/uploads\/2019\/07\/Noticias_junio_43.jpg\" alt=\"\" width=\"680\" height=\"935\" srcset=\"https:\/\/puntocritico.com\/ausajpuntocritico\/wp-content\/uploads\/2019\/07\/Noticias_junio_43.jpg 680w, https:\/\/puntocritico.com\/ausajpuntocritico\/wp-content\/uploads\/2019\/07\/Noticias_junio_43-218x300.jpg 218w\" sizes=\"auto, (max-width: 680px) 100vw, 680px\" \/>\u00a0<\/a><\/p>\n<p style=\"text-align: center;\">\u00a0<\/p>\n<h2 class=\"news-header-tit\" style=\"text-align: center;\" data-title=\"Yusty, el juez que paraliza la exhumaci\u00f3n de Franco: &quot;\u00a1Viva Espa\u00f1a!&quot;\"><a href=\"https:\/\/www.elconfidencial.com\/espana\/2019-02-26\/yustil-juez-paraliza-exhumacion-franco_1849602\/\" target=\"_blank\" rel=\"noopener\"><span style=\"font-family: arial, helvetica, sans-serif;\">Yusty, el juez que paraliza la exhumaci\u00f3n de Franco: \u00ab\u00a1Viva Espa\u00f1a!\u00bb<\/span><\/a><\/h2>\n<p style=\"text-align: center;\"><a href=\"https:\/\/puntocritico.com\/author\/punto-critico\/\"><img loading=\"lazy\" decoding=\"async\" class=\"aligncenter wp-image-48\" src=\"https:\/\/puntocritico.com\/ausajpuntocritico\/wp-content\/uploads\/2016\/11\/Mosca_Punto_Cr\u00edtico_40.png\" alt=\"\" width=\"60\" height=\"60\" \/><\/a><\/p>\n<hr \/>\n<p style=\"text-align: center;\"><a href=\"https:\/\/elpais.com\/politica\/2019\/02\/27\/actualidad\/1551302362_777928.html\" target=\"_blank\" rel=\"noopener\"><img loading=\"lazy\" decoding=\"async\" class=\"aligncenter size-full wp-image-19760\" src=\"https:\/\/puntocritico.com\/ausajpuntocritico\/wp-content\/uploads\/2019\/07\/Noticias_junio_44.jpg\" alt=\"\" width=\"680\" height=\"935\" srcset=\"https:\/\/puntocritico.com\/ausajpuntocritico\/wp-content\/uploads\/2019\/07\/Noticias_junio_44.jpg 680w, https:\/\/puntocritico.com\/ausajpuntocritico\/wp-content\/uploads\/2019\/07\/Noticias_junio_44-218x300.jpg 218w\" sizes=\"auto, (max-width: 680px) 100vw, 680px\" \/><\/a><\/p>\n<p style=\"text-align: center;\">\u00a0<\/p>\n<h2 id=\"articulo-titulo\" class=\"articulo-titulo \" style=\"text-align: center;\"><a href=\"https:\/\/elpais.com\/politica\/2019\/02\/27\/actualidad\/1551302362_777928.html\" target=\"_blank\" rel=\"noopener\"><span style=\"font-family: arial, helvetica, sans-serif;\">Perfil del juez Yusty, la toga que defiende la tumba de Franco<\/span><\/a><\/h2>\n<p style=\"text-align: center;\"><a href=\"https:\/\/puntocritico.com\/author\/punto-critico\/\"><img loading=\"lazy\" decoding=\"async\" class=\"aligncenter wp-image-48\" src=\"https:\/\/puntocritico.com\/ausajpuntocritico\/wp-content\/uploads\/2016\/11\/Mosca_Punto_Cr\u00edtico_40.png\" alt=\"\" width=\"60\" height=\"60\" \/><\/a><\/p>\n<hr \/>\n<p style=\"text-align: center;\">\u00a0<\/p>\n<p>[contentcards url=\u00bbhttps:\/\/www.elmundo.es\/espana\/2019\/06\/21\/5d0cf224fdddff0ba38b4657.html\u00bb]<\/p>\n<p style=\"text-align: center;\"><a href=\"https:\/\/puntocritico.com\/author\/punto-critico\/\">\u00a0<\/a><\/p>\n<p style=\"text-align: center;\">\u00a0<\/p>\n<p style=\"text-align: justify;\"><span style=\"font-family: arial, helvetica, sans-serif;\">LA IMPUNIDAD. Hasta ahora, era el PP que impulsaba la Impunidad de los Criminales Organizados en el PSOE. Ahora que gobiernan, ser\u00e1n los criminales del PSOE quienes protejan a los impunes del PP.<\/span><\/p>\n<p style=\"text-align: justify;\"><span style=\"font-family: arial, helvetica, sans-serif;\">\u201cEn lo que respecta al pago de la comisi\u00f3n de 200.000 euros, que estaba avalada documentalmente por un recib\u00ed de Jos\u00e9 \u00c1ngel Ca\u00f1as que desvel\u00f3 B\u00e1rcenas, la Audiencia toledana arguye que no se trata m\u00e1s que de una \u00abteor\u00eda especulativa\u00bb y \u00abmeras conjeturas aventuradas al socaire de la rivalidad pol\u00edtica que carecen de reflejo probatorio alguno seg\u00fan las diligencias de investigaci\u00f3n practicadas\u00bb.<\/span><\/p>\n<p style=\"text-align: justify;\"><span style=\"font-family: arial, helvetica, sans-serif;\">Y la nave va. Viajando en un mar de mierda, arrojando nuestros cad\u00e1veres por la borda, la nave va, en una interminable org\u00eda de deseos permanentemente insatisfechos, sexo y muerte. El deseo irrestricto. El Suicidio.<\/span><\/p>\n<p style=\"text-align: justify;\"><span style=\"font-family: arial, helvetica, sans-serif;\">Si, es el PPSOE. CON SUS JUECES CORRUPTOS, se\u00f1a de identidad del sistema desalmado que tienen la geta de llamar Democracia y Estado de Derecho (lo de Social lo dejo; ya es s\u00f3lo un mal chiste).<\/span><\/p>\n<p style=\"text-align: justify;\"><a href=\"https:\/\/puntocritico.com\/author\/punto-critico\/\"><img loading=\"lazy\" decoding=\"async\" class=\"aligncenter wp-image-48\" src=\"https:\/\/puntocritico.com\/ausajpuntocritico\/wp-content\/uploads\/2016\/11\/Mosca_Punto_Cr\u00edtico_40.png\" alt=\"\" width=\"60\" height=\"60\" \/><\/a><\/p>\n<hr \/>\n<p style=\"text-align: center;\"><a href=\"https:\/\/elpais.com\/internacional\/2019\/06\/21\/actualidad\/1561134264_561229.html\" target=\"_blank\" rel=\"noopener\"><img loading=\"lazy\" decoding=\"async\" class=\"aligncenter size-full wp-image-19761\" src=\"https:\/\/puntocritico.com\/ausajpuntocritico\/wp-content\/uploads\/2019\/07\/Noticias_junio_45.jpg\" alt=\"\" width=\"680\" height=\"935\" srcset=\"https:\/\/puntocritico.com\/ausajpuntocritico\/wp-content\/uploads\/2019\/07\/Noticias_junio_45.jpg 680w, https:\/\/puntocritico.com\/ausajpuntocritico\/wp-content\/uploads\/2019\/07\/Noticias_junio_45-218x300.jpg 218w\" sizes=\"auto, (max-width: 680px) 100vw, 680px\" \/><\/a><\/p>\n<p style=\"text-align: center;\">\u00a0<\/p>\n<h2 id=\"articulo-titulo\" class=\"articulo-titulo \" style=\"text-align: center;\"><a href=\"https:\/\/elpais.com\/internacional\/2019\/06\/21\/actualidad\/1561134264_561229.html\" target=\"_blank\" rel=\"noopener\"><span style=\"font-family: arial, helvetica, sans-serif;\">Un nuevo virus en el cuerpo de Europa: hiperliderazgos, hipopartidos<\/span><\/a><\/h2>\n<p style=\"text-align: center;\"><a href=\"https:\/\/puntocritico.com\/author\/punto-critico\/\"><img loading=\"lazy\" decoding=\"async\" class=\"aligncenter wp-image-48\" src=\"https:\/\/puntocritico.com\/ausajpuntocritico\/wp-content\/uploads\/2016\/11\/Mosca_Punto_Cr\u00edtico_40.png\" alt=\"\" width=\"60\" height=\"60\" \/><\/a><\/p>\n<hr \/>\n<p style=\"text-align: center;\"><a href=\"https:\/\/elpais.com\/politica\/2019\/06\/21\/actualidad\/1561116603_662480.html\" target=\"_blank\" rel=\"noopener\"><img loading=\"lazy\" decoding=\"async\" class=\"aligncenter size-full wp-image-19762\" src=\"https:\/\/puntocritico.com\/ausajpuntocritico\/wp-content\/uploads\/2019\/07\/Noticias_junio_46.jpg\" alt=\"\" width=\"680\" height=\"935\" srcset=\"https:\/\/puntocritico.com\/ausajpuntocritico\/wp-content\/uploads\/2019\/07\/Noticias_junio_46.jpg 680w, https:\/\/puntocritico.com\/ausajpuntocritico\/wp-content\/uploads\/2019\/07\/Noticias_junio_46-218x300.jpg 218w\" sizes=\"auto, (max-width: 680px) 100vw, 680px\" \/><\/a><\/p>\n<p style=\"text-align: center;\">\u00a0<\/p>\n<h2 id=\"articulo-titulo\" class=\"articulo-titulo \" style=\"text-align: center;\"><a href=\"https:\/\/elpais.com\/politica\/2019\/06\/21\/actualidad\/1561116603_662480.html\" target=\"_blank\" rel=\"noopener\"><span style=\"font-family: arial, helvetica, sans-serif;\">La Guardia Civil certifica que Indra pag\u00f3 566.000 euros para las campa\u00f1as electorales de Aguirre<\/span><\/a><\/h2>\n<p style=\"text-align: justify;\"><span style=\"font-family: arial, helvetica, sans-serif;\">La Marquesa del PP, el personaje creado por la tele progre del Wayoming, que financi\u00f3 el despegue de VOX. Con tu dinero. Para destruir tu Libertad Pol\u00edtica.<\/span><\/p>\n<p style=\"text-align: justify;\"><span style=\"font-family: arial, helvetica, sans-serif;\">Izquierda? Derecha? LADRONES, nada m\u00e1s.<\/span><\/p>\n<p style=\"text-align: justify;\"><span style=\"font-family: arial, helvetica, sans-serif;\">IMPUNIDAD Y ESTADO DE DERECHO SON INCOMPATIBLES. Hasta para los SEDICIOSOS autodenominados \u201cConstitucionalistas\u201d, quienes por medio de la amenaza de una il\u00edcita \u2013y gravemente delictiva, en mi opini\u00f3n- utilizaci\u00f3n de la Violencia Estatal, destruyen las normas de nuestra convivencia; y la convivencia misma.<\/span><\/p>\n<p style=\"text-align: center;\"><a href=\"https:\/\/puntocritico.com\/author\/punto-critico\/\"><img loading=\"lazy\" decoding=\"async\" class=\"aligncenter wp-image-48\" src=\"https:\/\/puntocritico.com\/ausajpuntocritico\/wp-content\/uploads\/2016\/11\/Mosca_Punto_Cr\u00edtico_40.png\" alt=\"\" width=\"60\" height=\"60\" \/><\/a><\/p>\n<hr \/>\n<p style=\"text-align: center;\">\u00a0<\/p>\n<p>[contentcards url=\u00bbhttps:\/\/www.abc.es\/espana\/galicia\/abci-villares-y-afines-dejan-grupo-marea-diputados-podemos-anova-y-201906201733_noticia.html\u00bb]<\/p>\n<p style=\"text-align: center;\"><a href=\"https:\/\/puntocritico.com\/author\/punto-critico\/\">\u00a0<img loading=\"lazy\" decoding=\"async\" class=\"aligncenter wp-image-48\" src=\"https:\/\/puntocritico.com\/ausajpuntocritico\/wp-content\/uploads\/2016\/11\/Mosca_Punto_Cr\u00edtico_40.png\" alt=\"\" width=\"60\" height=\"60\" \/><\/a><\/p>\n<hr \/>\n<p style=\"text-align: center;\">\u00a0<\/p>\n<p>[contentcards url=\u00bbhttps:\/\/www.abc.es\/sociedad\/abci-lucha-igualdad-mujeres-y-hombres-institucion-nobiliaria-mas-antigua-espana-201906211057_noticia.html\u00bb]<\/p>\n<p style=\"text-align: justify;\"><span style=\"font-family: arial, helvetica, sans-serif;\">IGUALDAD!!!<\/span><\/p>\n<p style=\"text-align: justify;\"><span style=\"font-family: arial, helvetica, sans-serif;\">JAJAJA \u00a1!!<\/span><\/p>\n<p style=\"text-align: justify;\"><span style=\"font-family: arial, helvetica, sans-serif;\">Los desiguales resultan querer ser iguales. Entre ellos. Con nosotros no.<\/span><\/p>\n<p style=\"text-align: center;\"><a href=\"https:\/\/puntocritico.com\/author\/punto-critico\/\"><img loading=\"lazy\" decoding=\"async\" class=\"aligncenter wp-image-48\" src=\"https:\/\/puntocritico.com\/ausajpuntocritico\/wp-content\/uploads\/2016\/11\/Mosca_Punto_Cr\u00edtico_40.png\" alt=\"\" width=\"60\" height=\"60\" \/><\/a><\/p>\n<hr \/>\n<p style=\"text-align: center;\">\u00a0<\/p>\n<p>[contentcards url=\u00bbhttps:\/\/www.abc.es\/espana\/abci-nuevo-golpe-gobierno-desestimada-recusacion-juez-suspendio-obras-para-exhumar-franco-201906211812_noticia.html\u00bb]<\/p>\n<p style=\"text-align: center;\"><a href=\"https:\/\/puntocritico.com\/author\/punto-critico\/\">\u00a0<img loading=\"lazy\" decoding=\"async\" class=\"aligncenter wp-image-48\" src=\"https:\/\/puntocritico.com\/ausajpuntocritico\/wp-content\/uploads\/2016\/11\/Mosca_Punto_Cr\u00edtico_40.png\" alt=\"\" width=\"60\" height=\"60\" \/><\/a><\/p>\n<hr \/>\n<p style=\"text-align: center;\">\u00a0<\/p>\n<p>[contentcards url=\u00bbhttp:\/\/revista.lamardeonuba.es\/el-congreso-no-oficial-de-los-frutos-rojos-denuncia-listas-negras-en-la-contratacion-en-origen-de-mujeres-marroquies\/\u00bb]<\/p>\n<p style=\"text-align: center;\"><a href=\"https:\/\/puntocritico.com\/author\/punto-critico\/\">\u00a0<img loading=\"lazy\" decoding=\"async\" class=\"aligncenter wp-image-48\" src=\"https:\/\/puntocritico.com\/ausajpuntocritico\/wp-content\/uploads\/2016\/11\/Mosca_Punto_Cr\u00edtico_40.png\" alt=\"\" width=\"60\" height=\"60\" \/><\/a><\/p>\n<hr \/>\n<p style=\"text-align: center;\">\u00a0<\/p>\n<p>[contentcards url=\u00bbhttp:\/\/revista.lamardeonuba.es\/ugt-amenaza-con-una-huelga-general-en-el-campo-onubense-si-los-empresarios-no-aplican-el-smi-para-los-jornaleros\/\u00bb]<\/p>\n<p style=\"text-align: center;\"><a href=\"https:\/\/puntocritico.com\/author\/punto-critico\/\">\u00a0<img loading=\"lazy\" decoding=\"async\" class=\"aligncenter wp-image-48\" src=\"https:\/\/puntocritico.com\/ausajpuntocritico\/wp-content\/uploads\/2016\/11\/Mosca_Punto_Cr\u00edtico_40.png\" alt=\"\" width=\"60\" height=\"60\" \/><\/a><\/p>\n<hr \/>\n<p style=\"text-align: center;\">\u00a0<\/p>\n<p>[contentcards url=\u00bbhttps:\/\/www.abc.es\/cultura\/abci-nicholas-negroponte-pensamos-capitalismo-como-sinonimo-democracia-pero-no-201906210122_noticia.html\u00bb]<\/p>\n<p style=\"text-align: center;\"><a href=\"https:\/\/puntocritico.com\/author\/punto-critico\/\">\u00a0<img loading=\"lazy\" decoding=\"async\" class=\"aligncenter wp-image-48\" src=\"https:\/\/puntocritico.com\/ausajpuntocritico\/wp-content\/uploads\/2016\/11\/Mosca_Punto_Cr\u00edtico_40.png\" alt=\"\" width=\"60\" height=\"60\" \/><\/a><\/p>\n<hr \/>\n<p style=\"text-align: center;\"><a href=\"https:\/\/elpais.com\/politica\/2019\/06\/20\/actualidad\/1561036884_102138.html\" target=\"_blank\" rel=\"noopener\"><img loading=\"lazy\" decoding=\"async\" class=\"aligncenter size-full wp-image-19763\" src=\"https:\/\/puntocritico.com\/ausajpuntocritico\/wp-content\/uploads\/2019\/07\/Noticias_junio_47.jpg\" alt=\"\" width=\"680\" height=\"935\" srcset=\"https:\/\/puntocritico.com\/ausajpuntocritico\/wp-content\/uploads\/2019\/07\/Noticias_junio_47.jpg 680w, https:\/\/puntocritico.com\/ausajpuntocritico\/wp-content\/uploads\/2019\/07\/Noticias_junio_47-218x300.jpg 218w\" sizes=\"auto, (max-width: 680px) 100vw, 680px\" \/><\/a><\/p>\n<p style=\"text-align: center;\">\u00a0<\/p>\n<h2 id=\"articulo-titulo\" class=\"articulo-titulo \" style=\"text-align: center;\"><a href=\"https:\/\/elpais.com\/politica\/2019\/06\/20\/actualidad\/1561036884_102138.html\" target=\"_blank\" rel=\"noopener\"><span style=\"font-family: arial, helvetica, sans-serif;\">La Junta Electoral confirma que Puigdemont, Junqueras y Com\u00edn no pueden ser eurodiputados<\/span><\/a><\/h2>\n<p style=\"text-align: center;\"><a href=\"https:\/\/puntocritico.com\/author\/punto-critico\/\"><img loading=\"lazy\" decoding=\"async\" class=\"aligncenter wp-image-48\" src=\"https:\/\/puntocritico.com\/ausajpuntocritico\/wp-content\/uploads\/2016\/11\/Mosca_Punto_Cr\u00edtico_40.png\" alt=\"\" width=\"60\" height=\"60\" \/><\/a><\/p>\n<hr \/>\n<p><a href=\"https:\/\/elpais.com\/sociedad\/2019\/06\/19\/actualidad\/1560970503_090022.html?rel=lom\" target=\"_blank\" rel=\"noopener\"><img loading=\"lazy\" decoding=\"async\" class=\"aligncenter size-full wp-image-19764\" src=\"https:\/\/puntocritico.com\/ausajpuntocritico\/wp-content\/uploads\/2019\/07\/Noticias_junio_48.jpg\" alt=\"\" width=\"680\" height=\"935\" srcset=\"https:\/\/puntocritico.com\/ausajpuntocritico\/wp-content\/uploads\/2019\/07\/Noticias_junio_48.jpg 680w, https:\/\/puntocritico.com\/ausajpuntocritico\/wp-content\/uploads\/2019\/07\/Noticias_junio_48-218x300.jpg 218w\" sizes=\"auto, (max-width: 680px) 100vw, 680px\" \/><\/a><\/p>\n<h2 id=\"articulo-titulo\" class=\"articulo-titulo \" style=\"text-align: center;\"><a href=\"https:\/\/elpais.com\/sociedad\/2019\/06\/19\/actualidad\/1560970503_090022.html?rel=lom\" target=\"_blank\" rel=\"noopener\"><span style=\"font-family: arial, helvetica, sans-serif;\">La gran oposici\u00f3n para profesores en una d\u00e9cada: 30.562 plazas<\/span><\/a><\/h2>\n<p><span style=\"font-family: arial, helvetica, sans-serif;\">30.000 militantes de la Ideolog\u00eda de G\u00e9nero y el Neomao\u00edsmo del Siglo XXI, que sumados a todos los que ya est\u00e1n colocados, suman \u2026 \u00bfel 100% de los profes?<\/span><\/p>\n<p style=\"text-align: center;\"><a href=\"https:\/\/puntocritico.com\/author\/punto-critico\/\"><img loading=\"lazy\" decoding=\"async\" class=\"aligncenter wp-image-48\" src=\"https:\/\/puntocritico.com\/ausajpuntocritico\/wp-content\/uploads\/2016\/11\/Mosca_Punto_Cr\u00edtico_40.png\" alt=\"\" width=\"60\" height=\"60\" \/><\/a><\/p>\n<hr \/>\n<p style=\"text-align: center;\">\u00a0<\/p>\n<p>[contentcards url=\u00bbhttps:\/\/www.spiegel.de\/politik\/ausland\/sea-watch-3-kapitaenin-jean-asselborn-fordert-carola-racketes-freilassung-a-1275039.html\u00bb]<\/p>\n<p style=\"text-align: center;\"><a href=\"https:\/\/puntocritico.com\/author\/punto-critico\/\">\u00a0<img loading=\"lazy\" decoding=\"async\" class=\"aligncenter wp-image-48\" src=\"https:\/\/puntocritico.com\/ausajpuntocritico\/wp-content\/uploads\/2016\/11\/Mosca_Punto_Cr\u00edtico_40.png\" alt=\"\" width=\"60\" height=\"60\" \/><\/a><\/p>\n<hr \/>\n<p style=\"text-align: center;\"><a href=\"https:\/\/www.lemonde.fr\/international\/article\/2019\/06\/29\/qui-est-carola-rackete-capitaine-du-bateau-humanitaire-sea-watch-3_5483290_3210.html\" target=\"_blank\" rel=\"noopener\"><img loading=\"lazy\" decoding=\"async\" class=\"aligncenter size-full wp-image-19768\" src=\"https:\/\/puntocritico.com\/ausajpuntocritico\/wp-content\/uploads\/2019\/07\/Noticias_junio_49.jpg\" alt=\"\" width=\"680\" height=\"935\" srcset=\"https:\/\/puntocritico.com\/ausajpuntocritico\/wp-content\/uploads\/2019\/07\/Noticias_junio_49.jpg 680w, https:\/\/puntocritico.com\/ausajpuntocritico\/wp-content\/uploads\/2019\/07\/Noticias_junio_49-218x300.jpg 218w\" sizes=\"auto, (max-width: 680px) 100vw, 680px\" \/><\/a><\/p>\n<p style=\"text-align: center;\">\u00a0<\/p>\n<h2 class=\"article__title\" style=\"text-align: center;\"><a href=\"https:\/\/www.lemonde.fr\/international\/article\/2019\/06\/29\/qui-est-carola-rackete-capitaine-du-bateau-humanitaire-sea-watch-3_5483290_3210.html\" target=\"_blank\" rel=\"noopener\"><span style=\"font-family: arial, helvetica, sans-serif;\">Qui est Carola Rackete, la capitaine du bateau humanitaire \u00ab\u00a0Sea-Watch\u00a03\u00a0\u00bb\u00a0?<\/span><\/a><\/h2>\n<p style=\"text-align: center;\"><a href=\"https:\/\/puntocritico.com\/author\/punto-critico\/\"><img loading=\"lazy\" decoding=\"async\" class=\"aligncenter wp-image-48\" src=\"https:\/\/puntocritico.com\/ausajpuntocritico\/wp-content\/uploads\/2016\/11\/Mosca_Punto_Cr\u00edtico_40.png\" alt=\"\" width=\"60\" height=\"60\" \/><\/a><\/p>\n<hr \/>\n<p style=\"text-align: center;\"><a href=\"https:\/\/www.spiegel.de\/politik\/ausland\/sea-watch-3-kapitaenin-jean-asselborn-fordert-carola-racketes-freilassung-a-1275039.html\" target=\"_blank\" rel=\"noopener\"><img loading=\"lazy\" decoding=\"async\" class=\"aligncenter size-full wp-image-19769\" src=\"https:\/\/puntocritico.com\/ausajpuntocritico\/wp-content\/uploads\/2019\/07\/Noticias_junio_50.jpg\" alt=\"\" width=\"680\" height=\"935\" srcset=\"https:\/\/puntocritico.com\/ausajpuntocritico\/wp-content\/uploads\/2019\/07\/Noticias_junio_50.jpg 680w, https:\/\/puntocritico.com\/ausajpuntocritico\/wp-content\/uploads\/2019\/07\/Noticias_junio_50-218x300.jpg 218w\" sizes=\"auto, (max-width: 680px) 100vw, 680px\" \/><\/a><\/p>\n<p style=\"text-align: center;\">\u00a0<\/p>\n<h2 style=\"text-align: center;\"><a href=\"https:\/\/www.spiegel.de\/politik\/ausland\/sea-watch-3-kapitaenin-jean-asselborn-fordert-carola-racketes-freilassung-a-1275039.html\" target=\"_blank\" rel=\"noopener\"><span class=\"headline\" style=\"font-family: arial, helvetica, sans-serif;\">Asselborn\u00a0fordert Racketes Freilassung<\/span><\/a><\/h2>\n<p style=\"text-align: center;\"><a href=\"https:\/\/puntocritico.com\/author\/punto-critico\/\"><img loading=\"lazy\" decoding=\"async\" class=\"aligncenter wp-image-48\" src=\"https:\/\/puntocritico.com\/ausajpuntocritico\/wp-content\/uploads\/2016\/11\/Mosca_Punto_Cr\u00edtico_40.png\" alt=\"\" width=\"60\" height=\"60\" \/><\/a><\/p>\n<hr \/>\n<p>&nbsp;<\/p>\n","protected":false},"excerpt":{"rendered":"<div class=\"mh-excerpt\"><p>\u00abOperaci\u00f3n Magistrado\u00bb: Que Borrego se marche del Supremo \u00a0 LA DICTADURA JUDICIAL ESPA\u00d1OLA \u201cUNPLUGGED\u201d \u00a0 La UPF demanda la derogaci\u00f3n del art\u00edculo 324 de la LECrim, y un sistema de justicia digital eficiente \u00a0 El <a class=\"mh-excerpt-more\" href=\"https:\/\/puntocritico.com\/ausajpuntocritico\/2019\/07\/18\/las-noticias-del-mes-pasado-junio-de-2019\/\" title=\"Las Noticias del mes pasado; Junio de 2019\">[&#8230;]<\/a><\/p>\n<\/div>","protected":false},"author":3,"featured_media":17920,"comment_status":"open","ping_status":"closed","sticky":false,"template":"","format":"standard","meta":{"_acf_changed":false,"_exactmetrics_skip_tracking":false,"_exactmetrics_sitenote_active":false,"_exactmetrics_sitenote_note":"","_exactmetrics_sitenote_category":0,"footnotes":""},"categories":[28],"tags":[],"class_list":{"0":"post-19280","1":"post","2":"type-post","3":"status-publish","4":"format-standard","5":"has-post-thumbnail","7":"category-noticias-de-ayer"},"acf":[],"_links":{"self":[{"href":"https:\/\/puntocritico.com\/ausajpuntocritico\/wp-json\/wp\/v2\/posts\/19280","targetHints":{"allow":["GET"]}}],"collection":[{"href":"https:\/\/puntocritico.com\/ausajpuntocritico\/wp-json\/wp\/v2\/posts"}],"about":[{"href":"https:\/\/puntocritico.com\/ausajpuntocritico\/wp-json\/wp\/v2\/types\/post"}],"author":[{"embeddable":true,"href":"https:\/\/puntocritico.com\/ausajpuntocritico\/wp-json\/wp\/v2\/users\/3"}],"replies":[{"embeddable":true,"href":"https:\/\/puntocritico.com\/ausajpuntocritico\/wp-json\/wp\/v2\/comments?post=19280"}],"version-history":[{"count":0,"href":"https:\/\/puntocritico.com\/ausajpuntocritico\/wp-json\/wp\/v2\/posts\/19280\/revisions"}],"wp:featuredmedia":[{"embeddable":true,"href":"https:\/\/puntocritico.com\/ausajpuntocritico\/wp-json\/wp\/v2\/media\/17920"}],"wp:attachment":[{"href":"https:\/\/puntocritico.com\/ausajpuntocritico\/wp-json\/wp\/v2\/media?parent=19280"}],"wp:term":[{"taxonomy":"category","embeddable":true,"href":"https:\/\/puntocritico.com\/ausajpuntocritico\/wp-json\/wp\/v2\/categories?post=19280"},{"taxonomy":"post_tag","embeddable":true,"href":"https:\/\/puntocritico.com\/ausajpuntocritico\/wp-json\/wp\/v2\/tags?post=19280"}],"curies":[{"name":"wp","href":"https:\/\/api.w.org\/{rel}","templated":true}]}}