{"id":19223,"date":"2026-03-27T00:05:56","date_gmt":"2026-03-26T23:05:56","guid":{"rendered":"http:\/\/puntocritico.com\/?p=19223"},"modified":"2026-04-03T08:04:12","modified_gmt":"2026-04-03T06:04:12","slug":"conatus-concepto-de-poder-spinoza-parte-iii","status":"publish","type":"post","link":"https:\/\/puntocritico.com\/ausajpuntocritico\/2026\/03\/27\/conatus-concepto-de-poder-spinoza-parte-iii\/","title":{"rendered":"CONATUS Y SUPREMAS POTESTADES: El concepto de Poder en Spinoza (Parte 3), por F. Javier Ansu\u00e1tegui Roig."},"content":{"rendered":"<div>\n<p style=\"text-align: justify;\"><span style=\"font-size: 14pt; color: #008000;\">CONATUS<\/span><\/p>\n<div>\n<p style=\"text-align: justify;\"><span style=\"font-size: 14pt; color: #008000;\"><a style=\"color: #008000;\" href=\"https:\/\/puntocritico.com\/ausajpuntocritico\/2026\/03\/13\/individuo-y-estado-el-concepto-de-poder-en-spinoza-1\/\">PARTE I: El concepto de Poder en Spinoza<\/a><\/span><\/p>\n<p style=\"text-align: justify;\"><span style=\"font-size: 14pt; color: #008000;\"><a style=\"color: #008000;\" href=\"https:\/\/puntocritico.com\/ausajpuntocritico\/2026\/03\/20\/el-concepto-de-poder-en-spinoza-ii\/\">PARTE II: El concepto de Poder en Spinoza<\/a><\/span><\/p>\n<p style=\"text-align: justify;\"><a href=\"https:\/\/puntocritico.com\/ausajpuntocritico\/2026\/03\/27\/conatus-concepto-de-poder-spinoza-parte-iii\/\" target=\"_blank\" rel=\"noopener\" data-schema-attribute=\"\"><span style=\"font-size: 14pt; color: #008000;\">PARTE III: El concepto de Poder en Spinoza<\/span><\/a><\/p>\n<p style=\"text-align: justify;\"><a href=\"https:\/\/puntocritico.com\/ausajpuntocritico\/2026\/04\/03\/el-concepto-de-poder-spinoza-derecho-y-poder-y-4\/\" target=\"_blank\" rel=\"noopener\" data-schema-attribute=\"\"><span style=\"font-size: 14pt; color: #008000;\">PARTE IV: El concepto de Poder en Spinoza<\/span><\/a><\/p>\n<\/div>\n<\/div>\n<p>&nbsp;<\/p>\n<blockquote>\n<p style=\"text-align: center;\"><span style=\"font-size: 14pt; color: #008000;\">\u00ab<em>La potencia de Dios es su esencia misma<\/em>\u00ab<\/span><\/p>\n<p style=\"text-align: center;\"><span style=\"font-size: 14pt; color: #008000;\"><b data-path-to-node=\"7,0\" data-index-in-node=\"45\">Spinoza<\/b> (<i data-path-to-node=\"7,0\" data-index-in-node=\"54\">\u00c9tica<\/i>, I, prop. XXXIV)<\/span><\/p>\n<p>&nbsp;<\/p>\n<p style=\"text-align: center;\"><span style=\"font-size: 14pt; color: #008000;\">\u00ab<em>Las cosas particulares no son sino afecciones de los atributos de Dios, o sea, modos por los cuales los atributos de Dios se expresan de cierta y determinada manera<\/em>\u00ab<\/span><\/p>\n<p style=\"text-align: center;\"><span style=\"font-size: 14pt; color: #008000;\"><b data-path-to-node=\"8,0\" data-index-in-node=\"170\">Spinoza<\/b> (<i data-path-to-node=\"8,0\" data-index-in-node=\"179\">\u00c9tica<\/i>, I, prop. XXV)<\/span><\/p>\n<p>&nbsp;<\/p>\n<p style=\"text-align: center;\"><span style=\"font-size: 14pt; color: #008000;\">\u00ab<em>Cada cosa se esfuerza, cuanto est\u00e1 a su alcance, por perseverar en su ser<\/em>\u00ab<\/span><\/p>\n<p style=\"text-align: center;\"><span style=\"font-size: 14pt; color: #008000;\"><b data-path-to-node=\"11,0\" data-index-in-node=\"79\">Spinoza<\/b> (<i data-path-to-node=\"11,0\" data-index-in-node=\"88\">\u00c9tica<\/i>, III, prop. IV)<\/span><\/p>\n<p>&nbsp;<\/p>\n<p style=\"text-align: center;\"><span style=\"font-size: 14pt; color: #008000;\">\u00ab<em>El derecho de la naturaleza se extiende hasta donde llega su poder<\/em>\u00ab<\/span><\/p>\n<p style=\"text-align: center;\"><span style=\"font-size: 14pt; color: #008000;\"><b data-path-to-node=\"15,0\" data-index-in-node=\"72\">Spinoza<\/b> (<i data-path-to-node=\"15,0\" data-index-in-node=\"81\">Tratado Teol\u00f3gico-Pol\u00edtico<\/i>, XVI)<\/span><\/p>\n<p>&nbsp;<\/p>\n<p style=\"text-align: center;\"><em><span style=\"font-size: 14pt; color: #008000;\">\u00ab&#8230; es cierto que la naturaleza, absolutamente considerada, tiene el m\u00e1ximo derecho a todo lo que puede, es decir, que el derecho de la naturaleza se extiende hasta donde llega su poder. <\/span><\/em><\/p>\n<p style=\"text-align: center;\"><em><span style=\"font-size: 14pt; color: #008000;\">En efecto, el poder de la naturaleza es el mismo poder de Dios, que tiene el m\u00e1ximo derecho a todo. <\/span><\/em><\/p>\n<p style=\"text-align: center;\"><em><span style=\"font-size: 14pt; color: #008000;\">Pero, como el poder universal de toda la naturaleza no es nada m\u00e1s que el poder de todos los individuos en conjunto, se sigue que cada individuo tiene el m\u00e1ximo derecho a todo lo que puede o que el derecho de cada uno se extiende hasta donde alcanza su poder determinado. <\/span><\/em><\/p>\n<p style=\"text-align: center;\"><em><span style=\"font-size: 14pt; color: #008000;\">Y, como la ley suprema de la naturaleza es que cada cosa se esfuerce, cuanto puede, en perseverar en su estado por s\u00ed sola, sin relaci\u00f3n alguna a otra, se sigue que cada individuo tiene el m\u00e1ximo derecho a esto, es decir (&#8230;) a existir y actuar tal como est\u00e1 determinado por naturaleza\u00bb<\/span><\/em><\/p>\n<p style=\"text-align: center;\"><span style=\"font-size: 14pt; color: #008000;\"><b data-path-to-node=\"15,0\" data-index-in-node=\"72\">Spinoza<\/b> (<i data-path-to-node=\"15,0\" data-index-in-node=\"81\">Tratado Teol\u00f3gico-Pol\u00edtico<\/i>, XVI)<\/span><\/p>\n<\/blockquote>\n<blockquote>\n<p>&nbsp;<\/p>\n<p style=\"text-align: center;\"><em><span style=\"font-size: 14pt;\"><span style=\"color: #008000;\">\u00abSi dos se ponen mutuamente de acuerdo y unen sus fuerzas, tienen m\u00e1s poder juntos y, por tanto, tambi\u00e9n m\u00e1s derecho sobre la naturaleza que cada uno por s\u00ed solo. <\/span><\/span><\/em><\/p>\n<p style=\"text-align: center;\"><em><span style=\"font-size: 14pt;\"><span style=\"color: #008000;\">Y cuantos m\u00e1s sean los que estrechan as\u00ed sus v\u00ednculos, m\u00e1s derecho tendr\u00e1n todos unidos\u00bb<\/span><\/span><\/em><\/p>\n<p style=\"text-align: center;\"><span style=\"font-size: 14pt; color: #008000;\"><b data-path-to-node=\"19,0\" data-index-in-node=\"166\">Spinoza<\/b> (<i data-path-to-node=\"19,0\" data-index-in-node=\"175\">Tratado Pol\u00edtico<\/i>, II)<\/span><\/p>\n<p>&nbsp;<\/p>\n<p style=\"text-align: center;\"><span style=\"font-size: 14pt; color: #008000;\">\u00ab<em>El car\u00e1cter absoluto del poder soberano est\u00e1 en relaci\u00f3n con la transferencia incondicionada del derecho natural por parte de los individuos<\/em>\u00ab<\/span><\/p>\n<p style=\"text-align: center;\"><span style=\"font-size: 14pt; color: #008000;\"><b data-path-to-node=\"20,0\" data-index-in-node=\"146\">Giole Solari<\/b><\/span><\/p>\n<p>&nbsp;<\/p>\n<p style=\"text-align: center;\"><span style=\"font-size: 14pt; color: #008000;\">\u00ab<em>La democracia es la &#8216;asociaci\u00f3n general de todos los hombres que posee colegialmente el supremo derecho a todo lo que puede<\/em>\u00ab<\/span><\/p>\n<p style=\"text-align: center;\"><span style=\"font-size: 14pt; color: #008000;\"><b data-path-to-node=\"23,0\" data-index-in-node=\"130\">Spinoza<\/b> (<i data-path-to-node=\"23,0\" data-index-in-node=\"139\">Tratado Teol\u00f3gico-Pol\u00edtico<\/i>, XVI)<\/span><\/p>\n<p>&nbsp;<\/p>\n<p style=\"text-align: center;\"><span style=\"font-size: 14pt; color: #008000;\">\u00ab<em>La actuaci\u00f3n conforme a la raz\u00f3n es condici\u00f3n imprescindible del mantenimiento y de la supervivencia del propio Poder: cuando el Estado ordena algo irracional contribuye a su autodestrucci\u00f3n<\/em>\u00ab<\/span><\/p>\n<p style=\"text-align: center;\"><span style=\"font-size: 14pt; color: #008000;\"><b data-path-to-node=\"26,0\" data-index-in-node=\"196\">F. Javier Ansu\u00e1tegui Roig<\/b><\/span><\/p>\n<p>&nbsp;<\/p>\n<p style=\"text-align: center;\"><span style=\"font-size: 14pt; color: #008000;\">\u00ab<em>Nadie puede transferir a otro su derecho natural o su facultad de razonar libremente y de opinar sobre cualquier cosa, ni ser forzado a hacerlo<\/em>\u00ab<\/span><\/p>\n<p style=\"text-align: center;\"><span style=\"font-size: 14pt; color: #008000;\"><b data-path-to-node=\"27,0\" data-index-in-node=\"149\">Spinoza<\/b> (<i data-path-to-node=\"27,0\" data-index-in-node=\"158\">Tratado Teol\u00f3gico-Pol\u00edtico<\/i>, XX)<\/span><\/p>\n<p>&nbsp;<\/p>\n<p style=\"text-align: center;\"><span style=\"font-size: 14pt; color: #008000;\">\u00ab<em>Un poder absoluto ser\u00eda aquel no sometido a las leyes que \u00e9l mismo crea&#8230; [pero] estos l\u00edmites, existentes en todo caso, son de hecho y no de derecho<\/em>\u00ab<\/span><\/p>\n<p style=\"text-align: center;\"><span style=\"font-size: 14pt; color: #008000;\"><b data-path-to-node=\"28,0\" data-index-in-node=\"156\">Norberto Bobbio<\/b><\/span><\/p>\n<p>&nbsp;<\/p>\n<p style=\"text-align: center;\"><span style=\"font-size: 14pt; color: #008000;\">\u00ab<em>La diferencia entre Hobbes y yo consiste en que yo conservo inc\u00f3lume al derecho natural, y en que yo defiendo que, en cualquier Estado, al magistrado supremo no le compete m\u00e1s derecho sobre los s\u00fabditos que el que corresponde a la potestad con que \u00e9l supera al s\u00fabdito<\/em>\u00ab<\/span><\/p>\n<p style=\"text-align: center;\"><span style=\"font-size: 14pt; color: #008000;\"><b data-path-to-node=\"5,0\" data-index-in-node=\"274\">Spinoza<\/b> (<i data-path-to-node=\"5,0\" data-index-in-node=\"283\">Correspondencia<\/i>, Carta 50 a Jarig Jelles)<\/span><\/p>\n<p>&nbsp;<\/p>\n<p style=\"text-align: center;\"><span style=\"font-size: 14pt; color: #008000;\">\u00ab<em>El pacto comporta la cesaci\u00f3n del ejercicio individual del derecho natural, pero no la cesaci\u00f3n del ejercicio del derecho natural. Dicho ejercicio persiste, pero cambiado en la forma<\/em>\u00ab<\/span><\/p>\n<p style=\"text-align: center;\"><span style=\"font-size: 14pt; color: #008000;\"><b data-path-to-node=\"8,0\" data-index-in-node=\"188\">Emilia Giancotti<\/b><\/span><\/p>\n<\/blockquote>\n<p style=\"text-align: justify;\">\u00a0<\/p>\n<p style=\"text-align: justify;\"><\/p>\n<p>&nbsp;<\/p>\n<figure id=\"attachment_10975\" aria-describedby=\"caption-attachment-10975\" style=\"width: 480px\" class=\"wp-caption aligncenter\"><img loading=\"lazy\" decoding=\"async\" class=\"wp-image-10975\" src=\"https:\/\/puntocritico.com\/ausajpuntocritico\/wp-content\/uploads\/2018\/04\/Hobbes-and-Spinoza-678x381-300x169.jpg\" alt=\"\" width=\"480\" height=\"270\" srcset=\"https:\/\/puntocritico.com\/ausajpuntocritico\/wp-content\/uploads\/2018\/04\/Hobbes-and-Spinoza-678x381-300x169.jpg 300w, https:\/\/puntocritico.com\/ausajpuntocritico\/wp-content\/uploads\/2018\/04\/Hobbes-and-Spinoza-678x381.jpg 678w\" sizes=\"auto, (max-width: 480px) 100vw, 480px\" \/><figcaption id=\"caption-attachment-10975\" class=\"wp-caption-text\"><span style=\"color: #008000;\">Hobbes y Spinoza <\/span><\/figcaption><\/figure>\n<p style=\"text-align: center;\"><span style=\"color: #008000;\"><strong><span style=\"font-size: 18pt;\">***<\/span><\/strong><\/span><\/p>\n<h2 style=\"text-align: center;\"><span style=\"font-size: 24pt;\"><strong>El concepto de Poder en Spinoza<\/strong><\/span><\/h2>\n<p style=\"text-align: center;\"><span style=\"font-size: 18pt;\"><strong> Parte III<\/strong><\/span><\/p>\n<p style=\"text-align: center;\"><span style=\"font-size: 18pt; color: #008000;\"><strong>Por F. Javier Ansu\u00e1tegui Roig<\/strong><\/span><\/p>\n<p>&nbsp;<\/p>\n<blockquote>\n<p style=\"text-align: center;\"><strong><span style=\"font-size: 14pt;\">SUMARIO:<\/span><\/strong><\/p>\n<p style=\"text-align: center;\"><span style=\"color: #008000;\"><span style=\"font-size: 14pt;\">\u2014<a href=\"https:\/\/puntocritico.com\/ausajpuntocritico\/2026\/03\/13\/individuo-y-estado-el-concepto-de-poder-en-spinoza-1\/#EL_CONCEPTO_DE_PODER_EN_SPINOZA_INDIVIDUO_Y_ESTADO\" target=\"_blank\" rel=\"noopener\" data-schema-attribute=\"\"><strong>1. EL CONCEPTO DE PODER Y SUS POSIBILIDADES DE AN\u00c1LISIS<\/strong><\/a>.\u2014<a href=\"https:\/\/puntocritico.com\/ausajpuntocritico\/2026\/03\/13\/individuo-y-estado-el-concepto-de-poder-en-spinoza-1\/#2_SOBRE_LAS_INTERPRETACIONES_DEL_PENSAMIENTO_DE_BARUCH_SPINOZA\" target=\"_blank\" rel=\"noopener\" data-schema-attribute=\"\"><strong>2. SOBRE LAS INTERPRETACIONES DEL PENSAMIENTO DE BARUCH SPINOZA<\/strong><\/a>.\u2014<a href=\"https:\/\/puntocritico.com\/ausajpuntocritico\/2026\/03\/20\/el-concepto-de-poder-en-spinoza-ii\/\" target=\"_blank\" rel=\"noopener\" data-schema-attribute=\"\">3. EL PAPEL DE LA FILOSOF\u00cdA POL\u00cdTICA EN EL MARCO DE LA \u00c9TICA SPINOZIANA<\/a>. \u2014<strong>4. LAS DOS DIMENSIONES DE LA IDEA DE PODER EN SPINOZA: <\/strong><\/span><span style=\"font-size: 14pt;\"><strong>A) Poder e individuo. B) Poder y Estado<\/strong>.\u20145. CONCLUSIONES.<\/span><\/span><\/p>\n<\/blockquote>\n<p style=\"text-align: center;\"><span style=\"font-size: 18pt;\"><strong><span style=\"color: #008000;\">***<\/span><\/strong><\/span><\/p>\n<h3 style=\"text-align: center;\"><span style=\"font-size: 24pt;\">4. LAS DOS DIMENSIONES DE LA IDEA DE PODER EN SPINOZA<\/span><\/h3>\n<p><img loading=\"lazy\" decoding=\"async\" class=\"aligncenter wp-image-2302018\" src=\"https:\/\/puntocritico.com\/ausajpuntocritico\/wp-content\/uploads\/2024\/10\/filosofia-de-spinoza-el-poder-300x188.jpg\" alt=\"\" width=\"480\" height=\"300\" srcset=\"https:\/\/puntocritico.com\/ausajpuntocritico\/wp-content\/uploads\/2024\/10\/filosofia-de-spinoza-el-poder-300x188.jpg 300w, https:\/\/puntocritico.com\/ausajpuntocritico\/wp-content\/uploads\/2024\/10\/filosofia-de-spinoza-el-poder-768x480.jpg 768w, https:\/\/puntocritico.com\/ausajpuntocritico\/wp-content\/uploads\/2024\/10\/filosofia-de-spinoza-el-poder.jpg 1024w\" sizes=\"auto, (max-width: 480px) 100vw, 480px\" \/><\/p>\n<p>&nbsp;<\/p>\n<p style=\"text-align: justify;\">\n<span style=\"font-size: 14pt;\">La tesis que propongo analizar y explorar aqu\u00ed \u2014y que por otra parte se extrae de una atenta lectura de su obra\u2014, es aquella seg\u00fan la cual <strong>la idea de poder, \u00edntimamente asociada a la noci\u00f3n de potencia, desempe\u00f1a un importante papel en la propuesta filos\u00f3fica de Spinoza<\/strong>. <\/span><\/p>\n<p style=\"text-align: justify;\"><span style=\"font-size: 14pt;\">Y no s\u00f3lo en su filosof\u00eda pol\u00edtica, sino tambi\u00e9n en su ontolog\u00eda, en su antropolog\u00eda y en su \u00e9tica. Es m\u00e1s, la idea de poder constituye posiblemente uno de los v\u00ednculos que nos permiten analizar las distintas dimensiones de la teor\u00eda <em>spinoziana<\/em> como partes de un todo. <\/span><\/p>\n<p style=\"text-align: justify;\"><span style=\"font-size: 14pt;\">De manera que <strong>me centrar\u00e9 en un primer momento en la importancia que tiene la idea poder, potencia, como instancia constitutiva del individuo, para pasar en un segundo lugar a analizar el papel y caracter\u00edsticas del poder en la instauraci\u00f3n del Estado<\/strong>.<\/span><\/p>\n<h4 style=\"text-align: center;\">\n<span style=\"font-size: 24pt;\">A) Poder e individuo<\/span><\/h4>\n<p><img loading=\"lazy\" decoding=\"async\" class=\"aligncenter wp-image-12030\" src=\"https:\/\/puntocritico.com\/ausajpuntocritico\/wp-content\/uploads\/2018\/05\/poder-spinoza-4-300x180.jpg\" alt=\"\" width=\"480\" height=\"287\" srcset=\"https:\/\/puntocritico.com\/ausajpuntocritico\/wp-content\/uploads\/2018\/05\/poder-spinoza-4-300x180.jpg 300w, https:\/\/puntocritico.com\/ausajpuntocritico\/wp-content\/uploads\/2018\/05\/poder-spinoza-4.jpg 640w\" sizes=\"auto, (max-width: 480px) 100vw, 480px\" \/><\/p>\n<p>&nbsp;<\/p>\n<p style=\"text-align: justify;\">\n<span style=\"font-size: 14pt;\">Es evidente que en esta ocasi\u00f3n no podemos entrar a analizar minuciosamente los diferentes extremos de la concepci\u00f3n del individuo en <strong>Spinoza<\/strong>. Me limitar\u00e9, por el contrario, a pasar a mostrar \u2014en un primer momento\u2014 que la noci\u00f3n de poder es b\u00e1sica a la hora de comprender la antropolog\u00eda de nuestro autor. <\/span><\/p>\n<p style=\"text-align: justify;\"><span style=\"font-size: 14pt;\">Y actuando de esta manera no se fuerza en nada la metodolog\u00eda <em>spinoziana<\/em>, uno de cuyos puntos de partida es la afirmaci\u00f3n de que <strong>la comprensi\u00f3n de los hombres como \u00ab<em>organismos naturales<\/em>\u00bb, como partes de la naturaleza<\/strong>, es un requisito del estudio de las caracter\u00edsticas y condiciones de estabilidad social. <\/span><\/p>\n<p style=\"text-align: justify;\"><span style=\"font-size: 14pt;\">En este sentido, y como repetiremos m\u00e1s tarde, si por algo se caracteriza la antropolog\u00eda y la pol\u00edtica de <strong>Spinoza<\/strong> es por su marcado <strong>realismo<\/strong>: <strong>m\u00e1s all\u00e1 de la opci\u00f3n por las preferencias subjetivas, por la adopci\u00f3n de una determinada idea del hombre, o por el sometimiento a condicionamientos morales, es imposible <\/strong><\/span><\/p>\n<blockquote>\n<p style=\"text-align: justify;\"><strong><span style=\"font-size: 14pt; color: #008000;\">\u00ab<em>tener una idea clara y distinta de los principios necesarios del gobierno sin tener primero una idea clara distinta del \u00abhombre y su puesto en la Naturaleza<\/em>\u00bb<em>, es decir, sin tener una idea clara de los principios de la filosof\u00eda natural, que incluye la f\u00edsica y la psicolog\u00eda<\/em>\u00bb <a id=\"ref20a\" style=\"color: #008000;\"><\/a><a style=\"color: #008000;\" href=\"#ref20\">[20]<\/a>.<\/span><\/strong><\/p>\n<\/blockquote>\n<p>&nbsp;<\/p>\n<p style=\"text-align: justify;\"><span style=\"font-size: 14pt;\"><strong>Spinoza<\/strong> \u2014ya lo hemos apuntado\u2014 <strong>explica toda la realidad a partir del concepto de Dios<\/strong>. En el <em><strong>ap\u00e9ndice a la parte I de la \u00c9tica<\/strong> <\/em>se resume la posici\u00f3n de <strong>Spinoza<\/strong>: <\/span><\/p>\n<blockquote>\n<p style=\"text-align: justify;\"><strong><span style=\"font-size: 14pt;\"><span style=\"color: #008000;\">\u00ab&#8230; he explicado la naturaleza de Dios y sus propiedades, a saber: <\/span><\/span><\/strong><\/p>\n<p style=\"text-align: justify; padding-left: 40px;\"><strong><span style=\"font-size: 14pt;\"><span style=\"color: #008000;\">que existe necesariamente; <\/span><\/span><\/strong><\/p>\n<p style=\"text-align: justify; padding-left: 40px;\"><strong><span style=\"font-size: 14pt;\"><span style=\"color: #008000;\">que es \u00fanico; <\/span><\/span><\/strong><\/p>\n<p style=\"text-align: justify; padding-left: 40px;\"><strong><span style=\"font-size: 14pt;\"><span style=\"color: #008000;\">que es y obra en virtud de la sola necesidad de su naturaleza; <\/span><\/span><\/strong><\/p>\n<p style=\"text-align: justify; padding-left: 40px;\"><strong><span style=\"font-size: 14pt;\"><span style=\"color: #008000;\">que es causa libre de todas las cosas (&#8230;); <\/span><\/span><\/strong><\/p>\n<p style=\"text-align: justify; padding-left: 40px;\"><strong><span style=\"font-size: 14pt;\"><span style=\"color: #008000;\">que todas las cosas son en Dios y dependen de El, de suerte que sin El no pueden ser ni concebirse; <\/span><\/span><\/strong><\/p>\n<p style=\"text-align: justify;\"><strong><span style=\"font-size: 14pt;\"><span style=\"color: #008000;\">y, por \u00faltimo, que todas han sido predeterminadas por Dios, no, ciertamente, en virtud de la libertad de su voluntad o por su capricho absoluto, sino en virtud de la naturaleza de Dios, o sea, su infinita potencia, tomada absolutamente\u00bb <\/span><a id=\"ref21a\"><\/a><span style=\"color: #008000;\"><a style=\"color: #008000;\" href=\"#ref21\">[21]<\/a>.<\/span> <\/span><\/strong><\/p>\n<\/blockquote>\n<p>&nbsp;<\/p>\n<p><a href=\"https:\/\/puntocritico.com\/ausajpuntocritico\/2023\/07\/07\/dios-o-naturaleza-spinoza-2\/\"><img loading=\"lazy\" decoding=\"async\" class=\"aligncenter wp-image-17767\" src=\"https:\/\/puntocritico.com\/ausajpuntocritico\/wp-content\/uploads\/2019\/03\/dios-spinoza.jpg\" alt=\"\" width=\"400\" height=\"300\" srcset=\"https:\/\/puntocritico.com\/ausajpuntocritico\/wp-content\/uploads\/2019\/03\/dios-spinoza.jpg 259w, https:\/\/puntocritico.com\/ausajpuntocritico\/wp-content\/uploads\/2019\/03\/dios-spinoza-80x60.jpg 80w\" sizes=\"auto, (max-width: 400px) 100vw, 400px\" \/><\/a><\/p>\n<p>&nbsp;<\/p>\n<p style=\"text-align: justify;\"><span style=\"font-size: 14pt;\">Es el <strong>fundamento ontol\u00f3gico absoluto<\/strong> (\u00ab<em><strong>Dios es causa de s\u00ed<\/strong><\/em>\u00bb <a id=\"ref22a\"><\/a><strong><a href=\"#ref22\">[22]<\/a><\/strong>). Es la causa primera de toda la realidad y se identifica con toda la naturaleza. En s\u00ed mismo recoge la raz\u00f3n de su existencia y todo lo que existe lo hace en funci\u00f3n de \u00e9l. <\/span><\/p>\n<p style=\"text-align: justify;\"><span style=\"font-size: 14pt;\">En el <em><strong>libro I de la \u00c9tica<\/strong><\/em> se muestra perfectamente <strong>la vinculaci\u00f3n entre la idea de Dios y la de potencia<\/strong>, deline\u00e1ndose as\u00ed la <em>funci\u00f3n ontol\u00f3gica<\/em> de la i<em>dea de potencia<\/em>. En la <em><strong>proposici\u00f3n XXXIV<\/strong><\/em> de dicho libro se afirma: <\/span><\/p>\n<blockquote>\n<p style=\"text-align: justify;\"><strong><span style=\"font-size: 14pt; color: #008000;\">\u00ab<em>La potencia de Dios es su esencia misma<\/em>\u00bb <a id=\"ref23a\" style=\"color: #008000;\"><\/a><a style=\"color: #008000;\" href=\"#ref23\">[23]<\/a>.<\/span><\/strong><\/p>\n<\/blockquote>\n<p>&nbsp;<\/p>\n<p style=\"text-align: justify;\"><span style=\"font-size: 14pt;\"><strong>Al ser infinito, Dios comprende toda la realidad y dentro de esa realidad se incluye al individuo<\/strong>. Esa realidad es <strong>expresi\u00f3n de la potencia de Dios<\/strong>: <\/span><\/p>\n<blockquote>\n<p style=\"text-align: justify;\"><strong><span style=\"font-size: 14pt; color: #008000;\">\u00ab<em>Las cosas particulares no son sino afecciones de los atributos de Dios, o sea, modos por los cuales los atributos de Dios se expresan de cierta y determinada manera<\/em>\u00bb <a id=\"ref24a\" style=\"color: #008000;\"><\/a><a style=\"color: #008000;\" href=\"#ref24\">[24]<\/a>.<\/span><\/strong><\/p>\n<\/blockquote>\n<p>&nbsp;<\/p>\n<p style=\"text-align: justify;\"><span style=\"font-size: 14pt;\"><strong>El individuo debe ser entendido en el conjunto de la naturaleza<\/strong>.<\/span><\/p>\n<p style=\"text-align: justify;\"><span style=\"font-size: 14pt;\"> <a href=\"https:\/\/es.wikipedia.org\/wiki\/Stuart_Hampshire\" target=\"_blank\" rel=\"noopener\"><strong>Stuart Hampshire<\/strong><\/a> ha se\u00f1alado que, desde que el hombre es una parte de la naturaleza, el fil\u00f3sofo moral, en realidad, debe ser en gran medida un <em>naturalista<\/em> <a id=\"ref25a\"><\/a><a href=\"#ref25\"><strong>[25]<\/strong><\/a>. <\/span><\/p>\n<p style=\"text-align: justify;\"><span style=\"font-size: 14pt;\">Y <strong>Spinoza<\/strong> lo es con todas las consecuencias.<\/span><\/p>\n<p>&nbsp;<\/p>\n<blockquote>\n<p style=\"text-align: center;\"><strong><span style=\"font-size: 14pt; color: #008000;\"> Spinoza es consciente de que el hombre ocupa una cierta posici\u00f3n en la naturaleza. <\/span><\/strong><\/p>\n<p style=\"text-align: center;\"><strong><span style=\"font-size: 14pt; color: #008000;\">Dicha posici\u00f3n viene determinada por la afecci\u00f3n del sujeto a ciertas pasiones, de modo que la comprensi\u00f3n de las causas de esas pasiones es requisito indispensable para comprender la naturaleza del individuo.<\/span><\/strong><\/p>\n<\/blockquote>\n<p>&nbsp;<\/p>\n<p style=\"text-align: justify;\"><span style=\"font-size: 14pt;\">En efecto, <strong>Spinoza<\/strong> es consciente de que <strong>el hombre ocupa una cierta posici\u00f3n en la naturaleza<\/strong>. <\/span><\/p>\n<p style=\"text-align: justify;\"><span style=\"font-size: 14pt;\"><strong>Dicha posici\u00f3n viene determinada por la afecci\u00f3n del sujeto a ciertas pasiones<\/strong>, de modo que la comprensi\u00f3n de las causas de esas pasiones es requisito indispensable para comprender la naturaleza del individuo; <strong>s\u00f3lo dicha comprensi\u00f3n sit\u00faa al individuo en condiciones de liberarse de ellas<\/strong>:<\/span><\/p>\n<blockquote>\n<p style=\"text-align: justify;\"><span style=\"color: #008000;\"><strong><span style=\"font-size: 14pt;\"> el autoconocimiento es la condici\u00f3n de la libertad del sujeto.<\/span><\/strong><\/span><\/p>\n<\/blockquote>\n<p style=\"text-align: justify;\">\n<p><span style=\"font-size: 14pt;\">La <em>antropolog\u00eda spinoziana<\/em> entiende al sujeto como un \u00ab<strong><em>modo finito<\/em><\/strong>\u00bb en la naturaleza, compartiendo esta caracter\u00edstica con el resto de las cosas, que derivan su existencia de la de Dios. <strong>La naturaleza humana comparte con el resto de la naturaleza un dinamismo, en el marco del cual el sujeto desarrolla su existencia<\/strong>. <\/span><\/p>\n<p style=\"text-align: justify;\"><span style=\"font-size: 14pt;\">En efecto, <strong>la propia identidad individual es definida por el conjunto de rodea al individuo<\/strong>. El cuerpo est\u00e1 sometido a m\u00faltiples relaciones con los dem\u00e1s cuerpos; <strong>esas relaciones constituyen la fuente primera de conocimiento de los dem\u00e1s y el origen de la imaginaci\u00f3n<\/strong>.<\/span><\/p>\n<p>&nbsp;<\/p>\n<blockquote>\n<p style=\"text-align: center;\"><strong><span style=\"font-size: 14pt; color: #008000;\">El conocimiento que los sujetos tienen del resto de los sujetos y de las cosas es en lo b\u00e1sico un conocimiento imaginativo, configurado por nuestras propias experiencias, por la espec\u00edfica situaci\u00f3n de nuestro cuerpo, por el espec\u00edfico temperamento individual.<\/span><\/strong><\/p>\n<\/blockquote>\n<p>&nbsp;<\/p>\n<p style=\"text-align: justify;\"><span style=\"font-size: 14pt;\">El conocimiento que los sujetos tienen del resto de los sujetos y de las cosas es en lo b\u00e1sico un conocimiento imaginativo <a id=\"ref26a\"><\/a><strong><a href=\"#ref26\">[26]<\/a><\/strong>, configurado por nuestras propias experiencias, por la espec\u00edfica situaci\u00f3n de nuestro cuerpo, por el espec\u00edfico temperamento individual. <strong>En todo caso, el conocimiento imaginativo es imperfecto<\/strong> <a id=\"ref27a\"><\/a><strong><a href=\"#ref27\">[27]<\/a><\/strong>.<\/span><\/p>\n<p>&nbsp;<\/p>\n<blockquote>\n<p style=\"text-align: center;\"><span style=\"font-size: 14pt; color: #008000;\"><strong>La imaginaci\u00f3n es la fuente de los sentimientos y de los afectos<\/strong><\/span><\/p>\n<\/blockquote>\n<p>&nbsp;<\/p>\n<p style=\"text-align: justify;\"><span style=\"font-size: 14pt;\">La imaginaci\u00f3n es la fuente de los sentimientos y de los afectos. <strong>Dichos sentimientos surgen a partir de las sensaciones que nuestro cuerpo recibe dadas sus relaciones con los otros cuerpos<\/strong>, a partir de su espec\u00edfica situaci\u00f3n respecto a ellos.<\/span><\/p>\n<p>&nbsp;<\/p>\n<blockquote>\n<p style=\"text-align: center;\"><span style=\"color: #008000;\"><strong><span style=\"font-size: 14pt;\">El individuo desconoce las causas de esos sentimientos y afectos, ya que s\u00f3lo capta determinados fen\u00f3menos careciendo de su explicaci\u00f3n.<\/span><\/strong><\/span><\/p>\n<\/blockquote>\n<p>&nbsp;<\/p>\n<p style=\"text-align: justify;\"><span style=\"font-size: 14pt;\">El individuo desconoce las causas de esos sentimientos y afectos, ya que s\u00f3lo capta determinados fen\u00f3menos careciendo de su explicaci\u00f3n. De manera que <strong>los sentimientos se le presentan al sujeto de una manera desordenada, irracional, desde el momento en que su origen depende, en \u00faltima instancia de la conjunci\u00f3n y relaci\u00f3n de im\u00e1genes y sensaciones<\/strong>.<\/span><\/p>\n<p>&nbsp;<\/p>\n<blockquote>\n<p style=\"text-align: center;\"><span style=\"color: #008000;\"><strong><span style=\"font-size: 14pt;\">Los sentimientos se le presentan al sujeto de una manera desordenada, irracional, desde el momento en que su origen depende, en \u00faltima instancia de la conjunci\u00f3n y relaci\u00f3n de im\u00e1genes y sensaciones.<\/span><\/strong><\/span><\/p>\n<\/blockquote>\n<p>&nbsp;<\/p>\n<p style=\"text-align: justify;\"><span style=\"font-size: 14pt;\">El conjunto que rodea al individuo se configura como un<strong> sistema din\u00e1mico que evoluciona<\/strong> <strong>y var\u00eda en funci\u00f3n de las variaciones de los elementos que lo componen<\/strong>: <\/span><\/p>\n<blockquote>\n<p style=\"text-align: justify;\"><span style=\"font-size: 14pt; color: #008000;\"><strong>\u00abLa identidad de cualquier cosa particular de la Naturaleza depende l\u00f3gicamente de su potencia por automantenerse, o sea, de su potencia para mantener una distribuci\u00f3n de energ\u00eda lo bastante constante dentro del sistema como un todo, pese a los cambios continuos de sus partes\u00bb <\/strong><a id=\"ref28a\" style=\"color: #008000;\"><\/a><strong><a style=\"color: #008000;\" href=\"#ref28\">[28]<\/a>.<\/strong> <\/span><\/p>\n<\/blockquote>\n<p>&nbsp;<\/p>\n<p><a href=\"https:\/\/puntocritico.com\/ausajpuntocritico\/2023\/09\/08\/acciones-y-pasiones-en-spinoza\/\"><img loading=\"lazy\" decoding=\"async\" class=\"aligncenter wp-image-2285950\" src=\"https:\/\/puntocritico.com\/ausajpuntocritico\/wp-content\/uploads\/2023\/08\/VIEW-OF-SPINOZA-249x300.jpg\" alt=\"\" width=\"330\" height=\"397\" srcset=\"https:\/\/puntocritico.com\/ausajpuntocritico\/wp-content\/uploads\/2023\/08\/VIEW-OF-SPINOZA-249x300.jpg 249w, https:\/\/puntocritico.com\/ausajpuntocritico\/wp-content\/uploads\/2023\/08\/VIEW-OF-SPINOZA.jpg 379w\" sizes=\"auto, (max-width: 330px) 100vw, 330px\" \/><\/a><\/p>\n<p>&nbsp;<\/p>\n<p style=\"text-align: justify;\"><span style=\"font-size: 14pt;\">El dinamismo de la naturaleza implica un cambio en los estados de las cosas que implica variaci\u00f3n en las relaciones que se establecen entre las cosas y en las posiciones respectivas. <strong>Pero en este contexto, el individuo, como cualquier otra cosa, pretende mantener su identidad, su existencia, en definitiva, su esencia<\/strong>: <\/span><\/p>\n<blockquote>\n<p style=\"text-align: justify;\"><span style=\"font-size: 14pt;\">\u00ab<span style=\"color: #008000;\"><strong>la \u00abesencia actual de cualquier cosa particular es simplemente esa tendencia al automantenimiento que, pese a las causas exteriores, le hace ser la cosa particular que es<\/strong><\/span>\u00bb <a id=\"ref29\"><\/a><strong><a href=\"#ref29\">[29]<\/a>.<\/strong><\/span><\/p>\n<\/blockquote>\n<p>&nbsp;<\/p>\n<figure id=\"attachment_2302079\" aria-describedby=\"caption-attachment-2302079\" style=\"width: 440px\" class=\"wp-caption aligncenter\"><img loading=\"lazy\" decoding=\"async\" class=\"wp-image-2302079\" src=\"https:\/\/puntocritico.com\/ausajpuntocritico\/wp-content\/uploads\/2024\/10\/conatus-300x225.jpg\" alt=\"\" width=\"440\" height=\"329\" srcset=\"https:\/\/puntocritico.com\/ausajpuntocritico\/wp-content\/uploads\/2024\/10\/conatus-300x225.jpg 300w, https:\/\/puntocritico.com\/ausajpuntocritico\/wp-content\/uploads\/2024\/10\/conatus-1024x766.jpg 1024w, https:\/\/puntocritico.com\/ausajpuntocritico\/wp-content\/uploads\/2024\/10\/conatus-768x575.jpg 768w, https:\/\/puntocritico.com\/ausajpuntocritico\/wp-content\/uploads\/2024\/10\/conatus-678x509.jpg 678w, https:\/\/puntocritico.com\/ausajpuntocritico\/wp-content\/uploads\/2024\/10\/conatus-326x245.jpg 326w, https:\/\/puntocritico.com\/ausajpuntocritico\/wp-content\/uploads\/2024\/10\/conatus-80x60.jpg 80w, https:\/\/puntocritico.com\/ausajpuntocritico\/wp-content\/uploads\/2024\/10\/conatus.jpg 1280w\" sizes=\"auto, (max-width: 440px) 100vw, 440px\" \/><figcaption id=\"caption-attachment-2302079\" class=\"wp-caption-text\"><span style=\"color: #008000;\">Conatus (2018) Pintura de Jean-Chr\u00e9tien Favreau<\/span><\/figcaption><\/figure>\n<p>&nbsp;<\/p>\n<p style=\"text-align: justify;\"><span style=\"font-size: 14pt;\">Nos encontramos aqu\u00ed con una noci\u00f3n capital en <strong>Spinoza<\/strong>: la idea de <em><strong>Conatus<\/strong><\/em>, esa tendencia natural a la autoconservaci\u00f3n que constituye el <\/span><\/p>\n<blockquote>\n<p style=\"text-align: justify;\"><span style=\"font-size: 14pt; color: #008000;\"><strong>\u00abprincipio explicativo de las acciones humanas que corresponde a su propia esencia como causa efectivamente\u00a0determinante de dichas acciones\u00bb <\/strong><a id=\"ref30a\" style=\"color: #008000;\"><\/a><strong><a style=\"color: #008000;\" href=\"#ref30\">[30]<\/a>.<\/strong> <\/span><\/p>\n<\/blockquote>\n<p>&nbsp;<\/p>\n<p style=\"text-align: justify;\"><span style=\"font-size: 14pt;\">En el <em><strong>libro III de la \u00c9tica<\/strong><\/em>, se afirma que <\/span><\/p>\n<blockquote>\n<p style=\"text-align: justify;\"><span style=\"font-size: 14pt; color: #008000;\"><strong>\u00ab<em>cada cosa se esfuerza, cuanto est\u00e1 a su alcance, por perseverar en su ser<\/em>\u00bb <\/strong><a id=\"ref31a\" style=\"color: #008000;\"><\/a><strong><a style=\"color: #008000;\" href=\"#ref31\">[31]<\/a>.<\/strong> <\/span><\/p>\n<\/blockquote>\n<p>&nbsp;<\/p>\n<p style=\"text-align: justify;\"><span style=\"font-size: 14pt;\">Esta <strong>tendencia a la autoconservaci\u00f3n<\/strong>, que no es algo exclusivo de los seres humanos sino que <strong>se predica de cualquier elemento de la naturaleza<\/strong>, se identifica con <strong>la esencia de las cosas<\/strong>. En efecto, <\/span><\/p>\n<blockquote>\n<p style=\"text-align: justify;\"><strong><span style=\"font-size: 14pt;\"><span style=\"color: #008000;\">\u00abel esfuerzo con que cada cosa intenta perseverar en su ser no es nada distinto de la esencia actual de la cosa misma\u00bb <\/span><a id=\"ref32a\"><\/a><span style=\"color: #008000;\"><a style=\"color: #008000;\" href=\"#ref32\">[32]<\/a>.<\/span> <\/span><\/strong><\/p>\n<\/blockquote>\n<p>&nbsp;<\/p>\n<p style=\"text-align: justify;\"><span style=\"font-size: 14pt;\">As\u00ed, <strong>el<\/strong> <strong>hombre, al ser como el resto de las cosas expresi\u00f3n de la potencia de Dios, tambi\u00e9n participa de esa idea<\/strong>. De la misma manera que \u2014como hemos visto\u2014 potencia y esencia coinciden en Dios, tambi\u00e9n <em><strong>Conatus<\/strong><\/em> y esencia coinciden en el individuo. <\/span><\/p>\n<p>&nbsp;<\/p>\n<blockquote>\n<p style=\"text-align: center;\"><span style=\"color: #008000;\"><strong><span style=\"font-size: 14pt;\"> De la misma manera que potencia y esencia coinciden en Dios, tambi\u00e9n <em>Conatus<\/em> y esencia coinciden en el individuo.<\/span><\/strong><\/span><\/p>\n<\/blockquote>\n<p>&nbsp;<\/p>\n<p style=\"text-align: justify;\"><span style=\"font-size: 14pt;\"><strong>La potencia de las cosas singulares es la misma potencia de Dios en tanto en cuanto manifestada en su infinitud<\/strong>.<\/span><\/p>\n<p>&nbsp;<\/p>\n<blockquote>\n<p style=\"text-align: center;\"><span style=\"color: #008000;\"><strong><span style=\"font-size: 14pt;\">La potencia de las cosas singulares es la misma potencia de Dios en tanto en cuanto manifestada en su infinitud. <\/span><\/strong><\/span><\/p>\n<p style=\"text-align: center;\"><span style=\"color: #008000;\"><strong><span style=\"font-size: 14pt;\">La idea de <em>Conatus<\/em>, reenv\u00eda a la de fuerza, a la de esfuerzo, a la de perseverancia en la existencia, a la de potencia individual en busca del mantenimiento de la propia existencia. <\/span><\/strong><\/span><\/p>\n<\/blockquote>\n<p>&nbsp;<\/p>\n<p style=\"text-align: justify;\"><span style=\"font-size: 14pt;\">La idea de <strong><em>Conatus<\/em><\/strong>, reenv\u00eda a la de fuerza, a la de esfuerzo, a la de perseverancia en la existencia, a la de potencia individual en busca del mantenimiento de la propia existencia. <\/span><\/p>\n<p style=\"text-align: justify;\"><span style=\"font-size: 14pt;\">El <em><strong>Conatus<\/strong><\/em> es <strong>potencia dirigida a existir<\/strong>; en definitiva poder que puede enfrentarse con el de las dem\u00e1s cosas. <\/span><\/p>\n<p style=\"text-align: justify;\"><span style=\"font-size: 14pt;\"><strong>La realidad del individuo depende en \u00faltima instancia de la fuerza, del peso de su potencia de autoafirmaci\u00f3n. Es as\u00ed como puede existir y distinguirse de los dem\u00e1s<\/strong>: <\/span><\/p>\n<blockquote>\n<p style=\"text-align: justify;\"><strong><span style=\"font-size: 14pt;\"><span style=\"color: #008000;\">\u00abEl Conatus es una caracter\u00edstica necesaria de todo cuanto hay en la Naturaleza, porque dicha tendencia al automantenimiento se halla impl\u00edcita en la definici\u00f3n de toda cosa distinguible e identificable\u00bb <\/span><a id=\"ref33a\"><\/a><span style=\"color: #008000;\"><a style=\"color: #008000;\" href=\"#ref33\">[33]<\/a>.<\/span> <\/span><\/strong><\/p>\n<\/blockquote>\n<p>&nbsp;<\/p>\n<p style=\"text-align: justify;\"><span style=\"font-size: 14pt;\"><strong>La fuerza del Conatus individual supone un aumento en la capacidad de autoafirmaci\u00f3n<\/strong>; y esa capacidad de autoafirmaci\u00f3n es la que contribuye a dotar de una mayor realidad al sujeto, diferenci\u00e1ndolo no s\u00f3lo de los dem\u00e1s sujetos, sino tambi\u00e9n de las dem\u00e1s cosas, de los dem\u00e1s componentes de la naturaleza. <strong>En el individuo, las ideas de <em>Conatus<\/em>, potencia y esencia van indefectiblemente unidas<\/strong>.<\/span><\/p>\n<p>&nbsp;<\/p>\n<blockquote>\n<p style=\"text-align: center;\"><strong><span style=\"font-size: 14pt;\"><span style=\"color: #008000;\">La fuerza del Conatus individual supone un aumento en la capacidad de autoafirmaci\u00f3n; y esa capacidad de autoafirmaci\u00f3n es la que contribuye a dotar de una mayor realidad al sujeto, diferenci\u00e1ndolo no s\u00f3lo de los dem\u00e1s sujetos, sino tambi\u00e9n de las dem\u00e1s cosas, de los dem\u00e1s componentes de la naturaleza.<\/span> <\/span><\/strong><\/p>\n<\/blockquote>\n<p>&nbsp;<\/p>\n<p><a href=\"https:\/\/puntocritico.com\/ausajpuntocritico\/wp-content\/uploads\/2018\/03\/Spinoza-ola-rompiendo.jpg\" rel=\"lightbox[19223]\"><img loading=\"lazy\" decoding=\"async\" class=\"aligncenter wp-image-9802\" src=\"https:\/\/puntocritico.com\/ausajpuntocritico\/wp-content\/uploads\/2018\/03\/Spinoza-ola-rompiendo-678x381.jpg\" alt=\"\" width=\"480\" height=\"320\" srcset=\"https:\/\/puntocritico.com\/ausajpuntocritico\/wp-content\/uploads\/2018\/03\/Spinoza-ola-rompiendo-300x200.jpg 300w, https:\/\/puntocritico.com\/ausajpuntocritico\/wp-content\/uploads\/2018\/03\/Spinoza-ola-rompiendo-768x512.jpg 768w, https:\/\/puntocritico.com\/ausajpuntocritico\/wp-content\/uploads\/2018\/03\/Spinoza-ola-rompiendo.jpg 880w\" sizes=\"auto, (max-width: 480px) 100vw, 480px\" \/><\/a><\/p>\n<p>&nbsp;<\/p>\n<p style=\"text-align: justify;\"><span style=\"font-size: 14pt;\">La materializaci\u00f3n directa del <em><strong>Conatus<\/strong><\/em> es el <strong>deseo<\/strong>, <strong>la <em>cupiditas<\/em>, que, junto a la alegr\u00eda y a la tristeza constituyen los tres principales afectos a los que est\u00e1 sometido el individuo<\/strong>. La alegr\u00eda y la tristeza vienen determinadas por la autoconsciencia del aumento o disminuci\u00f3n de la perfecci\u00f3n individual <a id=\"ref34a\"><\/a><a href=\"#ref34\"><strong>[34]<\/strong><\/a>. <\/span><\/p>\n<p style=\"text-align: justify;\"><span style=\"font-size: 14pt;\">A partir de estos tres, se desarrolla una aut\u00e9ntica cascada de afectos que son derivaciones de los anteriores <a id=\"ref35a\"><\/a><strong><a href=\"#ref35\">[35]<\/a><\/strong>. <strong>En medio de estas pasiones, el individuo se ve incapaz de alcanzar la libertad<\/strong>. Como se\u00f1ala muy gr\u00e1ficamente <a href=\"https:\/\/puntocritico.com\/ausajpuntocritico\/2024\/02\/02\/libertad-y-democracia-en-la-filosofia-politica-de-spinoza-por-atilano-dominguez-parte-i-ii-2\/\"><strong>A. Dom\u00ednguez<\/strong><\/a>, <\/span><\/p>\n<blockquote>\n<p style=\"text-align: justify;\"><strong><span style=\"font-size: 14pt; color: #008000;\">\u00abel hombre sometido a las pasiones es cual n\u00e1ufrago que se halla en alta mar, arrastrado por vientos contrarios, sin saber de d\u00f3nde viene ni adonde va\u00bb <a id=\"ref36a\" style=\"color: #008000;\"><\/a><a style=\"color: #008000;\" href=\"#ref36\">[36]<\/a>.<\/span><\/strong><\/p>\n<\/blockquote>\n<p style=\"text-align: justify;\">\n<span style=\"font-size: 14pt;\">En una <strong>situaci\u00f3n <em>prepol\u00edtica<\/em><\/strong> o <em>preestatal<\/em> \u2014nos estamos moviendo en este momento en ese \u00e1mbito\u2014 <strong>se establece un encuentro de las respectivas potencias y, por lo tanto, ese juego respectivo es el que acaba determinando y condicionando al fin y al cabo la existencia de los individuos<\/strong>: <\/span><\/p>\n<blockquote>\n<p style=\"text-align: justify;\"><strong><span style=\"font-size: 14pt;\"><span style=\"color: #008000;\">\u00ab<em>la fuerza con que el hombre persevera en la existencia es limitada, y resulta infinitamente superada por la potencia de las causas exteriores<\/em>\u00bb <\/span><a id=\"ref37a\"><\/a><span style=\"color: #008000;\"><a style=\"color: #008000;\" href=\"#ref37\">[37]<\/a>; <\/span><\/span><\/strong><\/p>\n<p style=\"text-align: justify;\"><strong><span style=\"font-size: 14pt;\"><span style=\"color: #008000;\">\u00ab<em>la fuerza y el incremento de una pasi\u00f3n cualquiera, as\u00ed como su perseverancia en la existencia, no se definen por la potencia con la que nosotros nos esforzamos por perseverar en existir, sino por la potencia de la causa exterior, comparada con la nuestra<\/em>\u00bb <\/span><a id=\"ref38a\"><\/a><span style=\"color: #008000;\"><a style=\"color: #008000;\" href=\"#ref38\">[38]<\/a>.<\/span> <\/span><\/strong><\/p>\n<\/blockquote>\n<p>&nbsp;<\/p>\n<p style=\"text-align: justify;\"><span style=\"font-size: 14pt;\">La existencia del individuo, por tanto, est\u00e1<strong> constantemente sometida al peso y contrapeso de las respectivas potencias<\/strong>. <\/span><\/p>\n<p style=\"text-align: justify;\"><span style=\"font-size: 14pt;\">Pues bien, dicho lo anterior, se ha pretendido mostrar hasta ahora c\u00f3mo <strong>el concepto de poder, potencia<\/strong>, es importante en la <em>antropolog\u00eda spinoziana<\/em>. A continuaci\u00f3n podremos observar c\u00f3mo <strong>constituye uno de los pilares b\u00e1sicos sobre los que se asienta la concepci\u00f3n <em>spinoziana<\/em> del derecho natural y de la sociedad civil<\/strong>. <\/span><\/p>\n<p style=\"text-align: justify;\"><span style=\"font-size: 14pt;\">Tiene raz\u00f3n <strong>Emilia Giancotti<\/strong> cuando se\u00f1ala que en el <strong><em>Tratado Teol\u00f3gico-Pol\u00edtico<\/em><\/strong>, <\/span><\/p>\n<blockquote>\n<p style=\"text-align: justify;\"><strong><span style=\"font-size: 14pt; color: #008000;\">\u00abel concepto de potencia, considerado en su acepci\u00f3n ontol\u00f3gica, ofrece la clave de lectura de la g\u00e9nesis y de la constituci\u00f3n de la sociedad y del cuerpo pol\u00edtico\u00bb <a id=\"ref39a\" style=\"color: #008000;\"><\/a><a style=\"color: #008000;\" href=\"#ref39\">[39]<\/a>.<\/span><\/strong><\/p>\n<\/blockquote>\n<p>&nbsp;<\/p>\n<h4 style=\"text-align: center;\"><span style=\"font-size: 24pt;\">B) Poder y Estado<\/span><\/h4>\n<p><img loading=\"lazy\" decoding=\"async\" class=\"aligncenter wp-image-14330\" src=\"https:\/\/puntocritico.com\/ausajpuntocritico\/wp-content\/uploads\/2018\/10\/Jean-Gabriel-Charvet-estado-de-naturaleza-spinoza-IP-300x169.jpg\" alt=\"\" width=\"480\" height=\"270\" srcset=\"https:\/\/puntocritico.com\/ausajpuntocritico\/wp-content\/uploads\/2018\/10\/Jean-Gabriel-Charvet-estado-de-naturaleza-spinoza-IP-300x169.jpg 300w, https:\/\/puntocritico.com\/ausajpuntocritico\/wp-content\/uploads\/2018\/10\/Jean-Gabriel-Charvet-estado-de-naturaleza-spinoza-IP-267x150.jpg 267w, https:\/\/puntocritico.com\/ausajpuntocritico\/wp-content\/uploads\/2018\/10\/Jean-Gabriel-Charvet-estado-de-naturaleza-spinoza-IP.jpg 678w\" sizes=\"auto, (max-width: 480px) 100vw, 480px\" \/><\/p>\n<p>&nbsp;<\/p>\n<p style=\"text-align: justify;\">\n<span style=\"font-size: 14pt;\">Si hasta ahora nos hemos centrado en alguna de las afirmaciones b\u00e1sicas que pueden encontrarse en la <em><strong>\u00c9tica<\/strong><\/em>, desde este momento atenderemos b\u00e1sicamente a lo escrito en el <em><strong>Tratado Teol\u00f3gico-Pol\u00edtico <\/strong><\/em>y en el <em><strong>Tratado Pol\u00edtico<\/strong><\/em>. <\/span><\/p>\n<p style=\"text-align: justify;\"><span style=\"font-size: 14pt;\">Para exponer las l\u00edneas b\u00e1sicas de la propuesta de <strong>Spinoza<\/strong> en este punto, tomaremos como punto de partida el <em><strong>Tratado Teol\u00f3gico-Pol\u00edtico<\/strong><\/em>, que ser\u00e1 completado con alguna de las aportaciones incluidas en el inconcluso<em><strong> Tratado Pol\u00edtico<\/strong><\/em>. <\/span><\/p>\n<p style=\"text-align: justify;\"><span style=\"font-size: 14pt;\">En este sentido, es bueno recordar que <strong>ambas obras deben leerse de un modo conjunto y complementario<\/strong>. Entre otras cosas, porque <strong>las perspectivas no son b\u00e1sicamente id\u00e9nticas<\/strong>. <\/span><\/p>\n<p style=\"text-align: justify;\"><span style=\"font-size: 14pt;\">El <em><strong>Tratado Pol\u00edtico<\/strong><\/em> toma como punto de partida alguno de los principios sentados en el <strong><em>Tratado Teol\u00f3gico-Pol\u00edtico<\/em><\/strong> \u2014algunos de ellos son reproducidos casi en su literalidad en los primeros cap\u00edtulos\u2014, pero mientras que en el <strong><em>Tratado Teol\u00f3gico-Pol\u00edtico<\/em><\/strong> la perspectiva que prima es la de las caracter\u00edsticas constitutivas y la fundamentaci\u00f3n del Estado que mejor respeta la libertad de conciencia, en el <em><strong>Tratado Pol\u00edtico<\/strong><\/em> se analizan los rasgos de la organizaci\u00f3n estatal, desarrollando las particularidades de los reg\u00edmenes mon\u00e1rquico, aristocr\u00e1tico y democr\u00e1tico.<\/span><\/p>\n<p>&nbsp;<\/p>\n<blockquote>\n<p style=\"text-align: center;\"><span style=\"color: #008000;\"><strong><span style=\"font-size: 14pt;\">Mientras que en el <em>Tratado Teol\u00f3gico-Pol\u00edtico<\/em> la perspectiva que prima es la de las caracter\u00edsticas constitutivas y la fundamentaci\u00f3n del Estado que mejor respeta la libertad de conciencia, en el <em>Tratado Pol\u00edtico<\/em> se analizan los rasgos de la organizaci\u00f3n estatal, desarrollando las particularidades de los reg\u00edmenes mon\u00e1rquico, aristocr\u00e1tico y democr\u00e1tico.<\/span><\/strong><\/span><\/p>\n<\/blockquote>\n<p>&nbsp;<\/p>\n<p style=\"text-align: justify;\"><span style=\"font-size: 14pt;\">En todo caso, ambos escritos constituyen las partes de la obra de <strong>Spinoza<\/strong> en donde queda expuesta de una manera m\u00e1s clara lo que podr\u00edamos considerar su propuesta de organizaci\u00f3n pol\u00edtica. <\/span><\/p>\n<p style=\"text-align: justify;\"><span style=\"font-size: 14pt;\">Aunque, como ya hemos se\u00f1alado con anterioridad, ciertamente no existe una ruptura entre la \u00e9tica y la pol\u00edtica en <strong>Spinoza<\/strong>. Recordemos que <strong>la pol\u00edtica es culminaci\u00f3n necesaria de sus presupuestos metaf\u00edsicos y \u00e9ticos<\/strong>. Y, por lo dem\u00e1s, dicha continuidad se da tambi\u00e9n en lo que se refiere a las cuestiones metodol\u00f3gicas. <\/span><\/p>\n<p style=\"text-align: justify;\"><span style=\"font-size: 14pt;\">En efecto, <strong>Giole<\/strong> <strong>Solari<\/strong> ha subrayado esta circunstancia al se\u00f1alar que <strong>Spinoza<\/strong> no abandona en pol\u00edtica el m\u00e9todo deductivo, matem\u00e1tico, que es el que caracteriza sus exploraciones \u00e9ticas. <\/span><\/p>\n<p style=\"text-align: justify;\"><span style=\"font-size: 14pt;\">Recuerda a este respecto el estudioso italiano que <strong>Spinoza<\/strong> se\u00f1ala las <strong>analog\u00edas entre la pol\u00edtica y la matem\u00e1tica<\/strong>, afirmando su intenci\u00f3n de <strong>demostrar <em>a priori<\/em> la perfecta correspondencia entre la teor\u00eda y la praxis pol\u00edtica<\/strong> (Tratado Pol\u00edtico, I, 4; II, 1), al tiempo que, al principio del <em><strong>Tratado Pol\u00edtico<\/strong><\/em>, efect\u00faa expl\u00edcitas referencias a la <em><strong>\u00c9tica<\/strong> <\/em>(Tratado Pol\u00edtico, II, 1). <\/span><\/p>\n<p style=\"text-align: justify;\"><span style=\"font-size: 14pt;\">Hemos podido observar tambi\u00e9n, al aludir a la <em><strong>\u00c9tica<\/strong> <\/em>(IV, prop. XXVII, esc, II), la posici\u00f3n l\u00f3gica que la doctrina del Estado ocupa dentro de la propuesta \u00e9tica <a id=\"ref40a\"><\/a><strong><a href=\"#ref40\">[40]<\/a><\/strong>.<\/span><\/p>\n<p style=\"text-align: justify;\"><span style=\"font-size: 14pt;\">Ciertamente la lectura del <strong>Tratado Teol\u00f3gico-Pol\u00edtico<\/strong> <strong>(1670)<\/strong> que, junto a los <strong>Principios de Filosof\u00eda de Descartes<\/strong> <strong>(1663)<\/strong>, es la \u00fanica obra de <strong>Spinoza<\/strong> que \u00e9ste publica en vida <a id=\"ref41a\"><\/a><strong><a href=\"#ref41\">[41]<\/a><\/strong>, si bien de forma an\u00f3nima, plantea una riqueza de problemas y cuestiones que es dif\u00edcil de abordar en su totalidad. <\/span><\/p>\n<p style=\"text-align: justify;\"><span style=\"font-size: 14pt;\">En este sentido, <a href=\"https:\/\/puntocritico.com\/ausajpuntocritico\/2021\/08\/20\/spinoza-otra-potencia-de-la-accion-por-antonio-negri\/\"><strong>A. Negri<\/strong><\/a>\u00a0 <a id=\"ref42a\"><\/a><strong><a href=\"#ref42\">[42]<\/a><\/strong><\/span><strong><span style=\"font-size: 14pt;\"> ha sintetizado los que, en su opini\u00f3n, pueden ser considerados los cinco m\u00e1s importantes<\/span><\/strong><span style=\"font-size: 14pt;\">:<\/span><\/p>\n<blockquote>\n<p style=\"text-align: justify;\"><span style=\"color: #008000;\"><strong><span style=\"font-size: 14pt;\">una propuesta positivista (<em>en sentido jur\u00eddico<\/em>); <\/span><\/strong><\/span><\/p>\n<p style=\"text-align: justify;\"><span style=\"color: #008000;\"><strong><span style=\"font-size: 14pt;\">una profundizaci\u00f3n de la fenomenolog\u00eda hist\u00f3rica del contractualismo; <\/span><\/strong><\/span><\/p>\n<p style=\"text-align: justify;\"><span style=\"color: #008000;\"><strong><span style=\"font-size: 14pt;\">una propuesta pol\u00edtica; <\/span><\/strong><\/span><\/p>\n<p style=\"text-align: justify;\"><span style=\"color: #008000;\"><strong><span style=\"font-size: 14pt;\">una afirmaci\u00f3n del laicismo en la tem\u00e1tica del <em>ius circa sacra<\/em>; <\/span><\/strong><\/span><\/p>\n<p style=\"text-align: justify;\"><span style=\"color: #008000;\"><strong><span style=\"font-size: 14pt;\">y una reivindicaci\u00f3n \u00e9tico-pol\u00edtica de la <em>libertas philosophandi<\/em>.<\/span><\/strong><\/span><\/p>\n<\/blockquote>\n<p>&nbsp;<\/p>\n<p style=\"text-align: justify;\"><span style=\"font-size: 14pt;\">En esta ocasi\u00f3n, aunque no se efect\u00faen completas referencias a todas estas cuestiones, algunas de sus dimensiones m\u00e1s importantes ir\u00e1n surgiendo a lo largo del discurso.<\/span><\/p>\n<p>&nbsp;<\/p>\n<figure id=\"attachment_2223528\" aria-describedby=\"caption-attachment-2223528\" style=\"width: 440px\" class=\"wp-caption aligncenter\"><a href=\"https:\/\/puntocritico.com\/ausajpuntocritico\/2021\/08\/20\/spinoza-otra-potencia-de-la-accion-por-antonio-negri\/\"><img loading=\"lazy\" decoding=\"async\" class=\"wp-image-2223528\" src=\"https:\/\/puntocritico.com\/ausajpuntocritico\/wp-content\/uploads\/2021\/08\/Antonio-Negri-300x199.jpg\" alt=\"\" width=\"440\" height=\"292\" srcset=\"https:\/\/puntocritico.com\/ausajpuntocritico\/wp-content\/uploads\/2021\/08\/Antonio-Negri-300x199.jpg 300w, https:\/\/puntocritico.com\/ausajpuntocritico\/wp-content\/uploads\/2021\/08\/Antonio-Negri-610x405.jpg 610w, https:\/\/puntocritico.com\/ausajpuntocritico\/wp-content\/uploads\/2021\/08\/Antonio-Negri-678x452.jpg 678w, https:\/\/puntocritico.com\/ausajpuntocritico\/wp-content\/uploads\/2021\/08\/Antonio-Negri.jpg 680w\" sizes=\"auto, (max-width: 440px) 100vw, 440px\" \/><\/a><figcaption id=\"caption-attachment-2223528\" class=\"wp-caption-text\"><span style=\"color: #008000;\">Antonio Negri<\/span><\/figcaption><\/figure>\n<p>&nbsp;<\/p>\n<p style=\"text-align: justify;\"><span style=\"font-size: 14pt;\">Es sabido que el <strong>Tratado Teol\u00f3gico-Pol\u00edtico<\/strong> puede ser estudiado consider\u00e1ndolo dividido en <strong>dos grandes partes<\/strong> que, de alguna manera, quedan se\u00f1aladas en el propio t\u00edtulo de la obra. <\/span><\/p>\n<p style=\"text-align: justify;\"><span style=\"font-size: 14pt;\">En la primera de ellas, las reflexiones desarrolladas por <strong>Spinoza<\/strong> justifican la inclusi\u00f3n de pleno de derecho de nuestro autor en los procesos intelectuales que caracterizan el tr\u00e1nsito a la modernidad y el inicio de la reflexi\u00f3n sobre la libertad en sentido moderno y sobre los derechos fundamentales. <\/span><\/p>\n<p style=\"text-align: justify;\"><span style=\"font-size: 14pt;\">Cuando el profesor <a href=\"https:\/\/es.wikipedia.org\/wiki\/Gregorio_Peces-Barba\" target=\"_blank\" rel=\"noopener\" data-schema-attribute=\"\"><strong>Peces-Barba <\/strong><\/a>se refiere a <strong>Spinoza<\/strong> como expositor de una \u00ab<em>corriente socavadora de las ra\u00edces religiosas, antiaristot\u00e9lica, esc\u00e9ptica sobre la raz\u00f3n divina, pero usando la raz\u00f3n natural como sustituci\u00f3n y como arma cr\u00edtica, epic\u00farea y preocupada por la autonom\u00eda de la ciencia, defensor de la libertad<\/em>\u00bb <a id=\"ref43a\"><\/a><strong><a href=\"#ref43\">[43]<\/a><\/strong>, posiblemente est\u00e1 teniendo muy en cuenta esta parte de la obra de <strong>Spinoza<\/strong>. <\/span><\/p>\n<p style=\"text-align: justify;\"><span style=\"font-size: 14pt;\">S<\/span><span style=\"font-size: 14pt;\">eguramente <strong>Spinoza<\/strong> en su momento no fue consciente, al igual que otros muchos protagonistas de este tr\u00e1nsito a la modernidad tampoco lo fueron, de la realidad e importancia del mismo; pero <strong>su programa intelectual, con esa intenci\u00f3n de \u00ab<em>rescatar a la humanidad de la superstici\u00f3n y la ignorancia mediante una correcci\u00f3n met\u00f3dica del intelecto<\/em>\u00bb <\/strong><a id=\"ref44a\"><\/a><strong><a href=\"#ref44\">[44]<\/a>, contribuye a la superaci\u00f3n de determinadas estructuras premoderna<\/strong>s.<\/span><\/p>\n<p style=\"text-align: justify;\"><span style=\"font-size: 14pt;\">En este sentido <strong>Spinoza<\/strong> lleva a cabo un ejercicio de <strong>cr\u00edtica y de an\u00e1lisis hist\u00f3rico-filol\u00f3gico de la <em>Biblia<\/em><\/strong>, a trav\u00e9s del cual contribuye a sentar las bases de la concepci\u00f3n moderna de la libertad intelectual, de la reivindicaci\u00f3n del libre juicio individual, que se extiende tambi\u00e9n a las cuestiones religiosas, de la <strong>consideraci\u00f3n de la religi\u00f3n como un asunto personal y privado en el que no caben argumentos de autoridad o imposiciones a la libre conciencia individual<\/strong>. <\/span><\/p>\n<p style=\"text-align: justify;\"><span style=\"font-size: 14pt;\"><strong>Es una argumentaci\u00f3n que culmina en los esenciales cap\u00edtulos XIV y XV<\/strong> en los que se llega a importantes conclusiones sobre la delimitaci\u00f3n del \u00e1mbito de la fe y de la religi\u00f3n, sobre la <strong>separaci\u00f3n en definitiva de los \u00e1mbitos y los fines de la filosof\u00eda y de la teolog\u00eda, de la fe y de la raz\u00f3n<\/strong>. <\/span><\/p>\n<p style=\"text-align: justify;\"><strong><span style=\"font-size: 14pt;\">Si atendemos a lo que se puede leer en el propio prefacio de la obra, al se\u00f1alar que la misma <\/span><\/strong><\/p>\n<blockquote>\n<p style=\"text-align: justify;\"><span style=\"font-size: 14pt; color: #008000;\"><strong>\u00ab<em>contiene varias disertaciones en las que se demuestra que la libertad de filosofar no s\u00f3lo se puede conceder sin perjuicio para la piedad y para la paz del Estado, sino que no se la puede abolir sin suprimir con ella la paz del Estado e incluso la piedad<\/em>\u00bb <\/strong><strong><a style=\"color: #008000;\" href=\"#ref45\">[45]<\/a>,<\/strong><\/span><\/p>\n<p style=\"text-align: justify;\"><span style=\"color: #008000;\"><span style=\"font-size: 14pt;\"><strong>o a lo escrito en alg\u00fan momento del ya citado <em>cap\u00edtulo XIV<\/em><\/strong><\/span><span style=\"font-size: 14pt;\"><strong>, en donde se recoge la idea de que<\/strong><\/span><\/span><\/p>\n<p style=\"text-align: justify;\"><span style=\"font-size: 14pt; color: #008000;\"><strong>\u00ab<em>A fin de poner en claro hasta d\u00f3nde llega, en materia de fe, la libertad de pensar cada uno lo que quiera y a quienes debemos considerar como fieles, aunque sean de distinta opini\u00f3n, hay que determinar qu\u00e9 es la fe y cu\u00e1les son sus fundamentos y separar, al mismo tiempo, la fe de la filosof\u00eda, que es el objetivo principal de toda esta obra<\/em>\u00bb <\/strong><strong><a style=\"color: #008000;\" href=\"#ref46\">[46]<\/a>,<\/strong><\/span><\/p>\n<p style=\"text-align: justify;\"><strong><span style=\"font-size: 14pt; color: #008000;\">quiz\u00e1s se pudiera llegar a la conclusi\u00f3n de que el sentido b\u00e1sico del <em>Tratado Teol\u00f3gico-Pol\u00edtico<\/em> se puede aprehender con lo dicho en su primera parte.<\/span><\/strong><\/p>\n<\/blockquote>\n<p>&nbsp;<\/p>\n<p style=\"text-align: justify;\"><span style=\"font-size: 14pt;\">Pero lo cierto es que, en realidad, lo que hace a partir de este momento <strong>Spinoza<\/strong> es aplicar las conclusiones a las que ha llegado en un primer momento: <strong>intenta encuadrar los principios sobre la libertad individual establecidos en la primera parte en la organizaci\u00f3n del Estado<\/strong>.<\/span><\/p>\n<p>&nbsp;<\/p>\n<p><img loading=\"lazy\" decoding=\"async\" class=\"aligncenter wp-image-2222291\" src=\"https:\/\/puntocritico.com\/ausajpuntocritico\/wp-content\/uploads\/2021\/08\/25697-frase-he-releido-por-tercera-vez-en-mi-vida-todo-spinoza-este-ateo-ha-sido-en-migustave-flaubert-300x141.jpg\" alt=\"\" width=\"555\" height=\"261\" srcset=\"https:\/\/puntocritico.com\/ausajpuntocritico\/wp-content\/uploads\/2021\/08\/25697-frase-he-releido-por-tercera-vez-en-mi-vida-todo-spinoza-este-ateo-ha-sido-en-migustave-flaubert-300x141.jpg 300w, https:\/\/puntocritico.com\/ausajpuntocritico\/wp-content\/uploads\/2021\/08\/25697-frase-he-releido-por-tercera-vez-en-mi-vida-todo-spinoza-este-ateo-ha-sido-en-migustave-flaubert-768x361.jpg 768w, https:\/\/puntocritico.com\/ausajpuntocritico\/wp-content\/uploads\/2021\/08\/25697-frase-he-releido-por-tercera-vez-en-mi-vida-todo-spinoza-este-ateo-ha-sido-en-migustave-flaubert-610x287.jpg 610w, https:\/\/puntocritico.com\/ausajpuntocritico\/wp-content\/uploads\/2021\/08\/25697-frase-he-releido-por-tercera-vez-en-mi-vida-todo-spinoza-este-ateo-ha-sido-en-migustave-flaubert.jpg 850w\" sizes=\"auto, (max-width: 555px) 100vw, 555px\" \/><\/p>\n<p>&nbsp;<\/p>\n<p style=\"text-align: justify;\"><span style=\"font-size: 14pt;\">En efecto, a partir del paradigm\u00e1tico <em><strong>cap\u00edtulo XVI<\/strong> <\/em>comienza la que podr\u00eda ser considerada segunda parte de la obra.<\/span><\/p>\n<p style=\"text-align: justify;\"><span style=\"font-size: 14pt;\"> Sabemos que <strong>se han alcanzado unas conclusiones referidas a la interpretaci\u00f3n de la Escritura, a la aut\u00e9ntica naturaleza de los dogmas, a la separaci\u00f3n y respectivos \u00e1mbitos entre fe y filosof\u00eda, a la posibilidad de compatibilidad entre religi\u00f3n y libertad de filosofar<\/strong>, o lo que es lo mismo, <a href=\"https:\/\/puntocritico.com\/ausajpuntocritico\/2026\/01\/30\/la-libertad-de-pensamiento-y-de-expresion-por-baruch-de-spinoza-republicado\/\" target=\"_blank\" rel=\"noopener\" data-schema-attribute=\"\"><strong>libertad de conciencia y pensamiento<\/strong><\/a>. <\/span><\/p>\n<p style=\"text-align: justify;\"><span style=\"font-size: 14pt;\">A partir de aqu\u00ed, y sentada la base de que la religi\u00f3n y la fe permiten libertad de pensamiento, se intenta incluir esa libertad en el Estado, y configurar un modelo de organizaci\u00f3n social en el que se respete dicha libertad.<\/span><\/p>\n<p>&nbsp;<\/p>\n<blockquote>\n<p style=\"text-align: center;\"><strong><span style=\"font-size: 14pt; color: #008000;\">A partir de aqu\u00ed, y sentada la base de que la religi\u00f3n y la fe permiten libertad de pensamiento, se intenta incluir esa libertad en el Estado, y configurar un modelo de organizaci\u00f3n social en el que se respete dicha libertad.<\/span><\/strong><\/p>\n<\/blockquote>\n<p>&nbsp;<\/p>\n<p style=\"text-align: justify;\"><span style=\"font-size: 14pt;\">La cuesti\u00f3n posiblemente se podr\u00eda formular de la siguiente manera: <strong>\u00bfhasta d\u00f3nde es posible esta libertad en el Estado?<\/strong> <\/span><\/p>\n<p style=\"text-align: justify;\"><span style=\"font-size: 14pt;\">Para responder a esta pregunta, y dado que los rasgos de esta libertad ya han sido considerados en la primera parte del <strong><em>Tratado<\/em> <em>Teol\u00f3gico-Pol\u00edtico<\/em><\/strong><em>,<\/em> a <strong>Spinoza<\/strong> le urge <strong>analizar los fundamentos del Estado<\/strong> y lo que es muy importante, <strong>el derecho natural de cada individuo<\/strong>. <\/span><\/p>\n<p style=\"text-align: justify;\"><span style=\"font-size: 14pt;\">Adelantamos en este momento que <strong>estamos ante dos realidades inescindibles<\/strong>: <\/span><\/p>\n<blockquote>\n<p style=\"text-align: justify;\"><strong><span style=\"font-size: 14pt;\"><span style=\"color: #008000;\">Estado y derecho natural de los individuos.<\/span> <\/span><\/strong><\/p>\n<\/blockquote>\n<p>&nbsp;<\/p>\n<p style=\"text-align: justify;\"><span style=\"font-size: 14pt;\">Observaremos, a continuaci\u00f3n, la <strong>relaci\u00f3n de dependencia en la que la constituci\u00f3n y formaci\u00f3n del Estado se encuentra respecto a ese derecho natural<\/strong> y, por lo que a nosotros m\u00e1s nos interesa en esta ocasi\u00f3n, podremos observar que en este momento de la propuesta de <strong>Spinoza<\/strong>, la idea de \u00ab<em><strong>Poder<\/strong><\/em>\u00bb adquiere un protagonismo insospechado: <\/span><\/p>\n<blockquote>\n<p style=\"text-align: justify;\"><strong><span style=\"font-size: 14pt; color: #008000;\">el Poder del Estado se organiza de acuerdo con una determinada propuesta de articulaci\u00f3n y, lo que es ahora m\u00e1s importante, el derecho natural se define como poder.<\/span><\/strong><\/p>\n<\/blockquote>\n<p>&nbsp;<\/p>\n<p style=\"text-align: justify;\"><span style=\"font-size: 14pt;\">Posiblemente sea conveniente recordar en este momento alguna de las afirmaciones b\u00e1sicas de la <em>antropolog\u00eda<\/em> y de la <em>\u00e9tica spinoziana<\/em>. <\/span><\/p>\n<p style=\"text-align: justify;\"><span style=\"font-size: 14pt;\">Debemos ser conscientes de la importancia de la noci\u00f3n de <em><strong>Conatus<\/strong><\/em>, de <strong>deseo<\/strong>, de<strong> tendencia a la autoconservaci\u00f3n<\/strong>. Son \u00e9stas nociones que contribuir\u00e1n a configurar lo que <strong>Spinoza<\/strong> entiende como <\/span><\/p>\n<blockquote>\n<p style=\"text-align: justify;\"><strong><span style=\"font-size: 14pt;\"><span style=\"color: #008000;\">\u00abderecho e instituci\u00f3n de la naturaleza\u00bb, esto es, aquellas \u00abreglas de la naturaleza de cada individuo seg\u00fan las cuales concebimos que cada ser est\u00e1 naturalmente determinado a existir y a obrar de una manera precisa\u00bb <\/span><a id=\"ref47a\"><\/a><span style=\"color: #008000;\"><a style=\"color: #008000;\" href=\"#ref47\">[47]<\/a>.<\/span> <\/span><\/strong><\/p>\n<\/blockquote>\n<p>&nbsp;<\/p>\n<p><img loading=\"lazy\" decoding=\"async\" class=\"aligncenter wp-image-10101\" src=\"https:\/\/puntocritico.com\/ausajpuntocritico\/wp-content\/uploads\/2018\/03\/Persona-juridica-romana-spinoza-poder-300x169.jpg\" alt=\"\" width=\"480\" height=\"270\" srcset=\"https:\/\/puntocritico.com\/ausajpuntocritico\/wp-content\/uploads\/2018\/03\/Persona-juridica-romana-spinoza-poder-300x169.jpg 300w, https:\/\/puntocritico.com\/ausajpuntocritico\/wp-content\/uploads\/2018\/03\/Persona-juridica-romana-spinoza-poder.jpg 678w\" sizes=\"auto, (max-width: 480px) 100vw, 480px\" \/><\/p>\n<p>&nbsp;<\/p>\n<p style=\"text-align: justify;\"><span style=\"font-size: 14pt;\">Observamos de manera meridianamente clara el <em>determinismo<\/em> de <strong>Spinoza<\/strong> en este punto. <strong>Este derecho natural, al igual que la propia idea de <em>deseo<\/em>, es axiol\u00f3gicamente neutra<\/strong>: <\/span><\/p>\n<blockquote>\n<p style=\"text-align: justify;\"><span style=\"font-size: 14pt; color: #008000;\"><strong>el individuo no tiene capacidad de elecci\u00f3n a la hora de realizar una determinada actuaci\u00f3n, no obra con libertad.<\/strong> <\/span><\/p>\n<\/blockquote>\n<p>&nbsp;<\/p>\n<p style=\"text-align: justify;\"><span style=\"font-size: 14pt;\">Es en este sentido en el que se se\u00f1ala que el <em><strong>Conatus<\/strong> <\/em>constituye un <strong>fundamento a-racional y no irracional<\/strong> de la actividad humana <a id=\"ref48a\"><\/a><strong><a href=\"#ref48\">[48]<\/a><\/strong>. <\/span><\/p>\n<p style=\"text-align: justify;\"><span style=\"font-size: 14pt;\">Llegamos aqu\u00ed a uno de los puntos b\u00e1sicos para comprender la noci\u00f3n de poder en <strong>Spinoza<\/strong>. Estoy refiri\u00e9ndome a <strong>la inicial identificaci\u00f3n entre poder y derecho natural<\/strong>. <\/span><\/p>\n<p style=\"text-align: justify;\"><span style=\"font-size: 14pt;\">Analicemos detenidamente esta cuesti\u00f3n pues constituye el n\u00facleo a partir del cual se desarrolla la fundamentaci\u00f3n <em>spinoziana<\/em> del Poder estatal. Para ello, <strong><em>me permito recoger una cita de<\/em> Spinoza que condensa su posici\u00f3n y que podemos utilizar como punto de partida de nuestro an\u00e1lisis<\/strong>: <\/span><\/p>\n<blockquote>\n<p style=\"text-align: justify;\"><strong><span style=\"font-size: 14pt; color: #008000;\">\u00ab&#8230; es cierto que la naturaleza, absolutamente considerada, tiene el m\u00e1ximo derecho a todo lo que puede, es decir, que el derecho de la naturaleza se extiende hasta donde llega su poder. <\/span><\/strong><\/p>\n<p style=\"text-align: justify;\"><strong><span style=\"font-size: 14pt; color: #008000;\">En efecto, el poder de la naturaleza es el mismo poder de Dios, que tiene el m\u00e1ximo derecho a todo. <\/span><\/strong><\/p>\n<p style=\"text-align: justify;\"><strong><span style=\"font-size: 14pt; color: #008000;\">Pero, como el poder universal de toda la naturaleza no es nada m\u00e1s que el poder de todos los individuos en conjunto, se sigue que cada individuo tiene el m\u00e1ximo derecho a todo lo que puede o que el derecho de cada uno se extiende hasta donde alcanza su poder determinado. <\/span><\/strong><\/p>\n<p style=\"text-align: justify;\"><strong><span style=\"font-size: 14pt; color: #008000;\">Y, como la ley suprema de la naturaleza es que cada cosa se esfuerce, cuanto puede, en perseverar en su estado por s\u00ed sola, sin relaci\u00f3n alguna a otra, se sigue que cada individuo tiene el m\u00e1ximo derecho a esto, es decir (&#8230;) a existir y actuar tal como est\u00e1 determinado por naturaleza\u00bb <a id=\"ref49a\" style=\"color: #008000;\"><\/a><a style=\"color: #008000;\" href=\"#ref49\">[49]<\/a>.<\/span><\/strong><\/p>\n<\/blockquote>\n<p>&nbsp;<\/p>\n<p style=\"text-align: justify;\"><span style=\"font-size: 14pt;\"><a href=\"https:\/\/puntocritico.com\/ausajpuntocritico\/wp-content\/uploads\/2018\/03\/Spinoza-faro-ola.jpg\" rel=\"lightbox[19223]\"><img loading=\"lazy\" decoding=\"async\" class=\"aligncenter wp-image-9803\" src=\"https:\/\/puntocritico.com\/ausajpuntocritico\/wp-content\/uploads\/2018\/03\/Spinoza-faro-ola-297x300.jpg\" alt=\"\" width=\"440\" height=\"444\" srcset=\"https:\/\/puntocritico.com\/ausajpuntocritico\/wp-content\/uploads\/2018\/03\/Spinoza-faro-ola-297x300.jpg 297w, https:\/\/puntocritico.com\/ausajpuntocritico\/wp-content\/uploads\/2018\/03\/Spinoza-faro-ola-150x150.jpg 150w, https:\/\/puntocritico.com\/ausajpuntocritico\/wp-content\/uploads\/2018\/03\/Spinoza-faro-ola.jpg 615w\" sizes=\"auto, (max-width: 440px) 100vw, 440px\" \/><\/a><\/span><\/p>\n<p>&nbsp;<\/p>\n<blockquote>\n<p style=\"text-align: center;\"><strong><span style=\"color: #008000;\"><span style=\"font-size: 14pt;\">El derecho natural de cada individuo, por consiguiente, no est\u00e1 constituido por la raz\u00f3n; por el contrario, <\/span><span style=\"font-size: 14pt;\">est\u00e1 determinado \u00ab<em>por el deseo y el poder<\/em>\u00bb<\/span><\/span><span style=\"font-size: 14pt;\"><span style=\"color: #008000;\">.<\/span> <\/span><\/strong><\/p>\n<\/blockquote>\n<p>&nbsp;<\/p>\n<p style=\"text-align: justify;\"><span style=\"font-size: 14pt;\"><strong>El derecho natural de cada individuo<\/strong>, por consiguiente, <strong>no est\u00e1 constituido por la raz\u00f3n<\/strong>; por el contrario, <\/span><strong><span style=\"font-size: 14pt;\">est\u00e1 determinado \u00ab<em>por el deseo y el poder<\/em>\u00bb<\/span><\/strong><span style=\"font-size: 14pt;\">. <\/span><\/p>\n<p style=\"text-align: justify;\"><span style=\"font-size: 14pt;\">En el <\/span><em style=\"font-size: 14pt;\"><strong>cap\u00edtulo II del <a href=\"https:\/\/puntocritico.com\/ausajpuntocritico\/2023\/09\/01\/la-actualidad-del-tratado-politico-de-spinoza-por-chantal-jaquet\/\" target=\"_blank\" rel=\"noopener\" data-schema-attribute=\"\">Tratado Pol\u00edtico<\/a><\/strong><\/em><span style=\"font-size: 14pt;\">, <\/span><strong style=\"font-size: 14pt;\">Spinoza<\/strong><span style=\"font-size: 14pt;\"> afirma:<\/span><\/p>\n<blockquote>\n<p style=\"text-align: justify;\"><span style=\"font-size: 14pt;\">\u00ab<strong><span style=\"color: #008000;\"><em>por derecho natural entiendo las mismas leyes o reglas de la naturaleza conforme a las cuales se hacen todas las cosas, es decir, el mismo poder de la naturaleza. <\/em><\/span><\/strong><\/span><\/p>\n<p style=\"text-align: justify;\"><span style=\"font-size: 14pt;\"><strong><span style=\"color: #008000;\"><em>De ah\u00ed que el derecho natural de toda la naturaleza y, por lo mismo, de cada individuo se extiende hasta donde llega su poder. <\/em><\/span><\/strong><\/span><\/p>\n<p style=\"text-align: justify;\"><span style=\"font-size: 14pt;\"><strong><span style=\"color: #008000;\"><em>Por consiguiente, todo cuanto hace cada hombre en virtud de las leyes de su naturaleza, lo hace con el m\u00e1ximo derecho de su naturaleza, y posee tanto derecho sobre la naturaleza como goza de poder<\/em><\/span><\/strong>\u00bb <a id=\"ref50a\"><\/a><strong><a href=\"#ref50\">[50]<\/a><\/strong>. <\/span><\/p>\n<\/blockquote>\n<p>&nbsp;<\/p>\n<p style=\"text-align: justify;\"><span style=\"font-size: 14pt;\">Estamos en presencia de la ecuaci\u00f3n <strong>poder (potencia) = derecho natural<\/strong> <a id=\"ref51a\"><\/a><strong><a href=\"#ref51\">[51]<\/a><\/strong>, imprescindible para entender a <strong>Spinoza<\/strong> en este punto. <\/span><span style=\"font-size: 14pt;\">Por una parte, porque es esta ecuaci\u00f3n la que <strong>contribuye a caracterizar el estado de naturaleza<\/strong>; por otra, porque <strong>condiciona la estructura del Poder estatal<\/strong>. <\/span><\/p>\n<p style=\"text-align: justify;\"><span style=\"font-size: 14pt;\">En definitiva, la idea de derecho en <strong>Spinoza<\/strong> s\u00f3lo se puede explicar a partir de la <strong>idea de potencia<\/strong>. Observamos claramente aqu\u00ed la <strong>vinculaci\u00f3n entre ontolog\u00eda y filosof\u00eda pol\u00edtica en<\/strong> <strong>Spinoza<\/strong> ya que, tal y como ha explicado <strong>Pe\u00f1a<\/strong> <strong>Echeverr\u00eda<\/strong>, <\/span><\/p>\n<blockquote>\n<p style=\"text-align: justify;\"><strong><span style=\"font-size: 14pt; color: #008000;\">\u00abla explicaci\u00f3n de la actitud humana en t\u00e9rminos de poder responde al planteamiento, naturalista en cuanto a los fundamentos, de la filosof\u00eda social de Espinosa, y corresponde a la teor\u00eda ontol\u00f3gico-antropol\u00f3gica del Conatus, expresi\u00f3n din\u00e1mica de la realidad de las cosas. <\/span><\/strong><\/p>\n<p style=\"text-align: justify;\"><strong><span style=\"font-size: 14pt; color: #008000;\">Si la teor\u00eda del Conatus nos muestra que la actividad humana es b\u00e1sicamente un esfuerzo de autoafirmaci\u00f3n, dicha autoafirmaci\u00f3n se traduce a escala social en el concepto de poder (&#8230;). <\/span><\/strong><\/p>\n<p style=\"text-align: justify;\"><strong><span style=\"font-size: 14pt; color: #008000;\">La interpretaci\u00f3n del derecho como potencia no responde \u00fanicamente, en la filosof\u00eda de Espinosa, a un deseo de fundamentar la actividad sobre las bases que la experiencia se\u00f1ala como reales, oponi\u00e9ndose as\u00ed al idealismo jur\u00eddico, sino que es consecuencia l\u00f3gica y necesaria de los presupuestos ontol\u00f3gicos de la filosof\u00eda\u00bb<a id=\"ref52a\" style=\"color: #008000;\"><\/a><a style=\"color: #008000;\" href=\"#ref52\"> [52]<\/a>.<\/span><\/strong><\/p>\n<\/blockquote>\n<p>&nbsp;<\/p>\n<p><a href=\"https:\/\/puntocritico.com\/ausajpuntocritico\/2025\/02\/14\/spinoza-y-la-concepcion-de-la-politica-como-potencia-por-cristian-andres-tejeda-gomez\/\" target=\"_blank\" rel=\"noopener\" data-schema-attribute=\"\"><img loading=\"lazy\" decoding=\"async\" class=\"aligncenter wp-image-2306796\" src=\"https:\/\/puntocritico.com\/ausajpuntocritico\/wp-content\/uploads\/2025\/02\/politica-como-potencia-PPAL-300x169.jpg\" alt=\"\" width=\"480\" height=\"270\" srcset=\"https:\/\/puntocritico.com\/ausajpuntocritico\/wp-content\/uploads\/2025\/02\/politica-como-potencia-PPAL-300x169.jpg 300w, https:\/\/puntocritico.com\/ausajpuntocritico\/wp-content\/uploads\/2025\/02\/politica-como-potencia-PPAL.jpg 678w\" sizes=\"auto, (max-width: 480px) 100vw, 480px\" \/><\/a><\/p>\n<p>&nbsp;<\/p>\n<p style=\"text-align: justify;\"><span style=\"font-size: 14pt;\">De lo inmediatamente anterior se puede, de acuerdo con <a href=\"https:\/\/es.wikipedia.org\/wiki\/Robert_Misrahi\" target=\"_blank\" rel=\"noopener\" data-schema-attribute=\"\"><strong>Robert Misrahi<\/strong><\/a>, llegar a la conclusi\u00f3n de que la concepci\u00f3n de <strong>Spinoza<\/strong> supone una transformaci\u00f3n de la noci\u00f3n de \u00ab<strong><em>derecho natural<\/em><\/strong>\u00bb: <\/span><\/p>\n<blockquote>\n<p style=\"text-align: justify;\"><strong><span style=\"font-size: 14pt; color: #008000;\">\u00ab<em>Spinoza conserva la palabra pero no el significado<\/em>\u00bb <a id=\"ref53a\" style=\"color: #008000;\"><\/a><a style=\"color: #008000;\" href=\"#ref53\">[53]<\/a>.<\/span><\/strong><\/p>\n<\/blockquote>\n<p>&nbsp;<\/p>\n<p style=\"text-align: justify;\"><span style=\"font-size: 14pt;\">Quiere se\u00f1alarse con ello que en la concepci\u00f3n que <strong>Spinoza<\/strong> tiene del derecho natural, \u00e9ste ya no se identificar\u00e1 -a la manera tradicional- con la raz\u00f3n o con una moral universal que debe regir la vida del hombre en sociedad: <strong>el derecho natural no viene determinado sino por el poder del individuo<\/strong>.<\/span><\/p>\n<p>&nbsp;<\/p>\n<blockquote>\n<p style=\"text-align: center;\"><strong><span style=\"font-size: 14pt; color: #008000;\">El derecho natural ya no se identificar\u00e1 -a la manera tradicional- con la raz\u00f3n o con una moral universal que debe regir la vida del hombre en sociedad: <\/span><\/strong><\/p>\n<p style=\"text-align: center;\"><strong><span style=\"font-size: 14pt; color: #008000;\">el derecho natural no viene determinado sino por el poder del individuo.<\/span><\/strong><\/p>\n<\/blockquote>\n<p>&nbsp;<\/p>\n<p style=\"text-align: justify;\"><span style=\"font-size: 14pt;\"><strong>Spinoza<\/strong> utiliza la misma terminolog\u00eda, pero el punto de vista realista que asume le lleva a referirse a otra cosa.<\/span><\/p>\n<p style=\"text-align: justify;\"><span style=\"font-size: 14pt;\">Se\u00f1alemos en este momento que a la hora de conjugar los<em> objetivos de libertad intelectual<\/em> sentados en la primera parte del <em><strong>Tratado Teol\u00f3gico-Pol\u00edtico<\/strong><\/em> y la <em>funci\u00f3n \u00e9tica de la organizaci\u00f3n pol\u00edtica<\/em>, <strong>Spinoza<\/strong> se suma a la corriente de pensamiento que utiliza <em>esquemas <strong>pactistas o contractualistas<\/strong><\/em> <a id=\"ref54a\"><\/a><strong><a href=\"#ref54\">[54]<\/a><\/strong>. <\/span><\/p>\n<p style=\"text-align: justify;\"><span style=\"font-size: 14pt;\">En efecto, en su obra, principalmente en el <a href=\"https:\/\/puntocritico.com\/ausajpuntocritico\/2020\/09\/04\/spinoza-tratado-teologico-politico\/\" target=\"_blank\" rel=\"noopener\" data-schema-attribute=\"\"><em><strong>Tratado Teol\u00f3gico-Pol\u00edtico<\/strong><\/em><\/a>, <strong>distinguimos con claridad los tres momentos cl\u00e1sicos al respecto: <\/strong><\/span><\/p>\n<blockquote>\n<p style=\"text-align: justify;\"><span style=\"color: #008000;\"><strong><span style=\"font-size: 14pt;\">estado natural, pacto, Estado pol\u00edtico.<\/span><\/strong><\/span><\/p>\n<\/blockquote>\n<p>&nbsp;<\/p>\n<p style=\"text-align: justify;\"><span style=\"font-size: 14pt;\">Se ha se\u00f1alado con raz\u00f3n <a id=\"ref55a\"><\/a><a href=\"#ref55\"><strong>[55]<\/strong><\/a> que es conveniente <strong>distinguir entre las ideas de \u00ab<em>estado natural<\/em>\u00bb y \u00ab<em>estado de naturaleza<\/em>\u00bb<\/strong> en <strong>Spinoza<\/strong>. <\/span><\/p>\n<p style=\"text-align: justify;\"><span style=\"font-size: 14pt;\">En este sentido, la primera expresi\u00f3n har\u00eda referencia a aquella situaci\u00f3n en la que <strong>el sujeto se gu\u00eda \u00fanicamente seg\u00fan su derecho natural<\/strong>, mientras que la segunda se referir\u00eda a una <strong>situaci\u00f3n objetiva determinada por las relaciones conflictivas que mantienen los hombres cuando est\u00e1n en su estado natural<\/strong>. <\/span><\/p>\n<p style=\"text-align: justify;\"><span style=\"font-size: 14pt;\">De cualquier modo, si atendemos a los que posiblemente son los tres momentos principales en los que la idea de estado natural adquiere protagonismo en la obra de <strong>Spinoza<\/strong> (<em><strong>Etica, IV, 37, Esc. 2; Tratado Teol\u00f3gico Pol\u00edtico. XVI; Tratado Pol\u00edtico, II<\/strong><\/em>), podemos llegar a algunas conclusiones sobre sus caracter\u00edsticas, y tambi\u00e9n sobre la determinada concepci\u00f3n antropol\u00f3gica relacionada con dichos conceptos. <\/span><\/p>\n<p style=\"text-align: justify;\"><span style=\"font-size: 14pt;\">En efecto, conviene recordar en todo caso que la idea de estado natural en <strong>Spinoza<\/strong> es incomprensible sin tener en cuenta la correspondiente idea de <strong>derecho natural<\/strong>. <\/span><\/p>\n<p style=\"text-align: justify;\"><span style=\"font-size: 14pt;\">Y precisamente respecto a este \u00faltimo, debe reconocerse -ya lo hemos hecho anteriormente- que <strong>el derecho natural<\/strong> para <strong>Spinoza<\/strong> es <strong>axiol\u00f3gicamente neutro<\/strong>. <\/span><\/p>\n<p style=\"text-align: justify;\"><span style=\"font-size: 14pt;\">Es \u00e9sta una de las diferencias entre la posici\u00f3n de <strong>Spinoza<\/strong> y la de otros autores <em>iusnaturalistas<\/em> como <strong>Locke<\/strong>, por ejemplo. <\/span><\/p>\n<p style=\"text-align: justify;\"><span style=\"font-size: 14pt;\">En <strong>Spinoza<\/strong> el derecho natural no se puede relacionar con una idea de bondad, no puede identificarse con algo a ser conservado y garantizado por una ulterior organizaci\u00f3n pol\u00edtica.\u00a0<\/span><span style=\"font-size: 14pt;\">En <strong>Spinoza<\/strong>, el derecho natural se refiere a las exigencias del comportamiento de cada individuo, expresadas a trav\u00e9s de su efectivo actuar.<\/span><\/p>\n<p>&nbsp;<\/p>\n<blockquote>\n<p style=\"text-align: center;\"><strong><span style=\"font-size: 14pt; color: #008000;\">En Spinoza el derecho natural no se puede relacionar con una idea de bondad, no puede identificarse con algo a ser conservado y garantizado por una ulterior organizaci\u00f3n pol\u00edtica.\u00a0<\/span><\/strong><\/p>\n<p style=\"text-align: center;\"><strong><span style=\"font-size: 14pt;\"><span style=\"color: #008000;\">En Spinoza, el derecho natural se refiere a las exigencias del comportamiento de cada individuo, expresadas a trav\u00e9s de su efectivo actuar.<\/span> <\/span><\/strong><\/p>\n<\/blockquote>\n<p>&nbsp;<\/p>\n<p style=\"text-align: justify;\"><span style=\"font-size: 14pt;\"><strong>El individuo se va a desenvolver de acuerdo con sus inclinaciones<\/strong>, reconducibles todas ellas en \u00faltima instancia a la idea de <em><strong>Conatus<\/strong><\/em>, y carece en este sentido de capacidad alguna para variar o distanciarse del camino marcado por esas inclinaciones. <\/span><\/p>\n<p style=\"text-align: justify;\"><span style=\"font-size: 14pt;\">Por ello, al ser <strong>el estado natural<\/strong> aquella situaci\u00f3n en la que <strong>la actuaci\u00f3n de los sujetos viene determinada exclusivamente por el derecho natural<\/strong>, no puede concebirse como algo <strong>previo al Estado<\/strong> en sentido f\u00edsico: <\/span><\/p>\n<blockquote>\n<p style=\"text-align: justify;\"><strong><span style=\"font-size: 14pt;\"><span style=\"color: #008000;\">el estado natural tiene lugar all\u00ed donde la naturaleza se expresa tal y como es, sin ning\u00fan tipo de <em>cualificaci\u00f3n<\/em> <em>axiol\u00f3gica<\/em> <\/span><a id=\"ref56a\"><\/a><span style=\"color: #008000;\"><a style=\"color: #008000;\" href=\"#ref56\">[56]<\/a>;\u00a0<\/span><\/span><\/strong><span style=\"font-size: 14pt; color: #008000;\"><strong>no es posible dicha cualificaci\u00f3n all\u00ed donde el individuo carece de capacidad de comportamiento aut\u00f3nomo:<\/strong> <\/span><\/p>\n<p style=\"text-align: justify; padding-left: 40px;\"><span style=\"color: #008000;\"><strong><span style=\"font-size: 14pt;\">el sujeto forma parte de la naturaleza, es un componente de ella, y por lo tanto su actuaci\u00f3n se desenvuelve de la misma manera que se desenvuelve la de los otros componentes de la misma; esto es, de acuerdo con la tendencia a la conservaci\u00f3n, manifestada en la esfera humana a trav\u00e9s del <em>Deseo<\/em>, expresi\u00f3n del <em>Conatus<\/em> <a id=\"ref57a\" style=\"color: #008000;\"><\/a><a style=\"color: #008000;\" href=\"#ref57\">[57]<\/a>.<\/span><\/strong><\/span><\/p>\n<\/blockquote>\n<p>&nbsp;<\/p>\n<p><img loading=\"lazy\" decoding=\"async\" class=\"aligncenter wp-image-15492\" src=\"https:\/\/puntocritico.com\/ausajpuntocritico\/wp-content\/uploads\/2018\/12\/Ley-Natural-spinoza-IP-300x200.jpg\" alt=\"\" width=\"440\" height=\"293\" srcset=\"https:\/\/puntocritico.com\/ausajpuntocritico\/wp-content\/uploads\/2018\/12\/Ley-Natural-spinoza-IP-300x200.jpg 300w, https:\/\/puntocritico.com\/ausajpuntocritico\/wp-content\/uploads\/2018\/12\/Ley-Natural-spinoza-IP-225x150.jpg 225w, https:\/\/puntocritico.com\/ausajpuntocritico\/wp-content\/uploads\/2018\/12\/Ley-Natural-spinoza-IP.jpg 678w\" sizes=\"auto, (max-width: 440px) 100vw, 440px\" \/><\/p>\n<p>&nbsp;<\/p>\n<p style=\"text-align: justify;\"><span style=\"font-size: 14pt;\">Pero, <strong>\u00bfqu\u00e9 consecuencias tiene la identificaci\u00f3n derecho natural-poder para la configuraci\u00f3n del estado de naturaleza?<\/strong> Sabemos que el individuo est\u00e1 naturalmente llamado a actuar en la direcci\u00f3n que marca su inclinaci\u00f3n a la autoconservaci\u00f3n, y en este sentido <strong>se desenvuelve movido por el <em>Deseo<\/em><\/strong>. As\u00ed, es l\u00edcito que act\u00fae de la manera m\u00e1s \u00fatil para \u00e9l: <\/span><\/p>\n<blockquote>\n<p style=\"text-align: justify;\"><span style=\"font-size: 14pt; color: #008000;\"><strong>\u00ab&#8230; todo cuanto un hombre, considerado bajo el solo imperio de la naturaleza, estime que le es \u00fatil, ya le gu\u00ede la sana raz\u00f3n, ya el \u00edmpetu de la pasi\u00f3n, tiene el m\u00e1ximo derecho de desearlo y le es l\u00edcito apoderarse de ello de cualquier forma, ya sea por la fuerza, el enga\u00f1o, las s\u00faplicas o el medio que le resulte m\u00e1s f\u00e1cil; y puede, por tanto, tener por enemigo a quien intente impedirle que satisfaga su deseo\u00bb <\/strong><a id=\"ref58a\" style=\"color: #008000;\"><\/a><strong><a style=\"color: #008000;\" href=\"#ref58\">[58]<\/a>.<\/strong> <\/span><\/p>\n<\/blockquote>\n<p>&nbsp;<\/p>\n<p style=\"text-align: justify;\"><span style=\"font-size: 14pt;\">En realidad, <strong>en este estado lo \u00fanico que se proh\u00edbe es aquello que nadie desea y que nadie puede<\/strong>: <\/span><\/p>\n<blockquote>\n<p style=\"text-align: justify;\"><strong><span style=\"font-size: 14pt;\"><span style=\"color: #008000;\">lo indicado por el deseo y el poder del sujeto es l\u00edcito.<\/span> <\/span><\/strong><\/p>\n<\/blockquote>\n<p>&nbsp;<\/p>\n<p style=\"text-align: justify;\"><span style=\"font-size: 14pt;\">La conclusi\u00f3n a la que se llega directamente es que dicha situaci\u00f3n supone, en palabras de <a href=\"https:\/\/puntocritico.com\/ausajpuntocritico\/2025\/10\/17\/atilano-dominguez\/\" target=\"_blank\" rel=\"noopener\" data-schema-attribute=\"\"><strong>A. Dom\u00ednguez<\/strong><\/a>, una \u00ab<em>aut\u00e9ntica enfermedad moral<\/em>\u00bb <a id=\"ref59a\"><\/a><strong><a href=\"#ref59\">[59]<\/a><\/strong>; es una situaci\u00f3n en la que <strong>la fuerza de las pasiones prevalece sobre la de la raz\u00f3n<\/strong>. <\/span><\/p>\n<p style=\"text-align: justify;\"><span style=\"font-size: 14pt;\">De manera que, <strong>teniendo el individuo derecho a todo aquello que le es \u00fatil para existir, el ejercicio del derecho natural es consustancial a una situaci\u00f3n de conflicto ya que, en una situaci\u00f3n de coexistencia<\/strong>, en la que rige el derecho natural configurado del modo que ya conocemos, <strong>se produce necesariamente un enfrentamiento de objetivos individuales y<\/strong> al mismo tiempo <strong>se carece de cualquier forma de organizaci\u00f3n social<\/strong> habilitada en manera alguna de cara a la<strong> soluci\u00f3n de los enfrentamientos<\/strong>.<\/span><\/p>\n<p>&nbsp;<\/p>\n<p><a href=\"https:\/\/puntocritico.com\/ausajpuntocritico\/2023\/08\/25\/la-compatibilidad-de-la-libertad-individual-con-la-seguridad-estatal\/\" target=\"_blank\" rel=\"noopener\" data-schema-attribute=\"\"><img loading=\"lazy\" decoding=\"async\" class=\"aligncenter wp-image-2285529\" src=\"https:\/\/puntocritico.com\/ausajpuntocritico\/wp-content\/uploads\/2023\/08\/La-compatibilidad-de-la-libertad-individual-con-la-seguridad-estatal-OK-300x199.jpg\" alt=\"\" width=\"440\" height=\"292\" srcset=\"https:\/\/puntocritico.com\/ausajpuntocritico\/wp-content\/uploads\/2023\/08\/La-compatibilidad-de-la-libertad-individual-con-la-seguridad-estatal-OK-300x199.jpg 300w, https:\/\/puntocritico.com\/ausajpuntocritico\/wp-content\/uploads\/2023\/08\/La-compatibilidad-de-la-libertad-individual-con-la-seguridad-estatal-OK-678x452.jpg 678w, https:\/\/puntocritico.com\/ausajpuntocritico\/wp-content\/uploads\/2023\/08\/La-compatibilidad-de-la-libertad-individual-con-la-seguridad-estatal-OK.jpg 680w\" sizes=\"auto, (max-width: 440px) 100vw, 440px\" \/><\/a><\/p>\n<p>&nbsp;<\/p>\n<p style=\"text-align: justify;\"><span style=\"font-size: 14pt;\"><strong>La ausencia de este tipo de mecanismos es la aut\u00e9ntica raz\u00f3n de la situaci\u00f3n de inestabilidad<\/strong>. <\/span><\/p>\n<p style=\"text-align: justify;\"><span style=\"font-size: 14pt;\">La inestabilidad no viene determinada tanto por el enfrentamiento de los respectivos <em><strong>Conatus<\/strong><\/em>, desde el momento en que no se puede renunciar, ya lo sabemos, a ellos, dado que suponen la esencia constitutiva de los individuos. <\/span><\/p>\n<p style=\"text-align: justify;\"><span style=\"font-size: 14pt;\"><strong>En realidad, la inestabilidad viene provocada por la ausencia de una organizaci\u00f3n que canalice las potencias individuales<\/strong>.\u00a0<\/span><span style=\"font-size: 14pt;\">En la salida de esta situaci\u00f3n el predominio de las pasiones se debe subordinar y sustituir por el predominio de la raz\u00f3n.<\/span><\/p>\n<p>&nbsp;<\/p>\n<blockquote>\n<p style=\"text-align: center;\"><span style=\"color: #008000;\"><strong><span style=\"font-size: 14pt;\">En la salida de esta situaci\u00f3n el predominio de las pasiones se debe subordinar y sustituir por el predominio de la raz\u00f3n.<\/span><\/strong><\/span><\/p>\n<\/blockquote>\n<p>&nbsp;<\/p>\n<p style=\"text-align: justify;\"><span style=\"font-size: 14pt;\"> Va a ser \u00e9sta la \u00fanica forma en la que el sujeto pueda realizar efectivamente esa tendencia a la autoconservaci\u00f3n, pueda vivir en condiciones de seguridad, escapando al miedo del constante enfrentamiento.\u00a0<\/span><span style=\"font-size: 14pt;\"><strong>De ah\u00ed la uni\u00f3n de esfuerzos, materializada a trav\u00e9s de un pacto mediante el cual todos se comprometen a <\/strong><\/span><\/p>\n<blockquote>\n<p style=\"text-align: justify;\"><strong><span style=\"font-size: 14pt;\"><span style=\"color: #008000;\">\u00abdirigirlo todo por el solo dictamen de la raz\u00f3n (&#8230;) y frenar el apetito en cuanto aconseje algo en perjuicio de otro, no hacer a nadie lo que no se quiere que le hagan a uno, y defender, finalmente, el derecho ajeno como el propio\u00bb <\/span><a id=\"ref60a\"><\/a><span style=\"color: #008000;\"><a style=\"color: #008000;\" href=\"#ref60\">[60]<\/a>.<\/span> <\/span><\/strong><\/p>\n<\/blockquote>\n<p>&nbsp;<\/p>\n<p style=\"text-align: justify;\"><span style=\"font-size: 14pt;\">Observamos aqu\u00ed unos componentes de solidaridad que no se encuentran en otras propuestas contempor\u00e1neas, como las de <a href=\"https:\/\/puntocritico.com\/ausajpuntocritico\/?s=Hobbes\"><strong>Hobbes<\/strong><\/a> o <a href=\"https:\/\/puntocritico.com\/ausajpuntocritico\/?s=Locke\"><strong>Locke<\/strong><\/a>. En todo caso, ese pacto surge de la necesidad de limitar las leyes del apetito, las leyes de las pasiones, y el efecto centr\u00edfugo respecto al com\u00fan objetivo de la supervivencia individual, que ellas suponen. <\/span><\/p>\n<p style=\"text-align: justify;\"><span style=\"font-size: 14pt;\">Adem\u00e1s, la idea de pacto en <strong>Spinoza<\/strong> puede ser enfocada al menos desde dos perspectivas diferentes, analizadas desde las cuales tambi\u00e9n desarrollar\u00e1 diferentes funciones; perspectivas y funciones que bien se podr\u00edan identificar con los objetivos principales de la propuesta <em>spinoziana<\/em>. <\/span><\/p>\n<p style=\"text-align: justify;\"><span style=\"font-size: 14pt;\">Desde el <em>punto de vista pol\u00edtico<\/em>,<strong> el pacto es la condici\u00f3n de la democracia<\/strong>, que es el r\u00e9gimen que permite a cada uno vivir en concordia y en paz; desde el<em> punto de vista \u00e9tico<\/em>,<strong> a trav\u00e9s del pacto se busca extraer a los hombres del imperio, de la dominaci\u00f3n, esclavitud, del apetito, y mantenerlos en la esfera y bajo el dominio de la raz\u00f3n<\/strong> <a id=\"ref61a\"><\/a><a href=\"#ref61\"><strong>[61]<\/strong><\/a>: <\/span><\/p>\n<blockquote>\n<p style=\"text-align: justify;\"><strong><span style=\"font-size: 14pt; color: #008000;\">de ah\u00ed la importante funci\u00f3n pr\u00e1ctica que tiene la raz\u00f3n, ya que es la gu\u00eda que el individuo ha de seguir para alcanzar la autonom\u00eda y la libertad.<\/span><\/strong><\/p>\n<\/blockquote>\n<p>&nbsp;<\/p>\n<p><img loading=\"lazy\" decoding=\"async\" class=\"aligncenter wp-image-2556\" src=\"https:\/\/puntocritico.com\/ausajpuntocritico\/wp-content\/uploads\/2017\/05\/SPINOZA-esclavitud-y-libertad-300x211.jpg\" alt=\"\" width=\"400\" height=\"281\" srcset=\"https:\/\/puntocritico.com\/ausajpuntocritico\/wp-content\/uploads\/2017\/05\/SPINOZA-esclavitud-y-libertad-300x211.jpg 300w, https:\/\/puntocritico.com\/ausajpuntocritico\/wp-content\/uploads\/2017\/05\/SPINOZA-esclavitud-y-libertad.jpg 537w\" sizes=\"auto, (max-width: 400px) 100vw, 400px\" \/><\/p>\n<p>&nbsp;<\/p>\n<p style=\"text-align: justify;\"><span style=\"font-size: 14pt;\"><strong>Frente a la raz\u00f3n, el predominio y el sometimiento a las pasiones excluye la posibilidad de autonormaci\u00f3n y la realizaci\u00f3n del <em>conatus<\/em><\/strong>. <\/span><\/p>\n<p style=\"text-align: justify;\"><span style=\"font-size: 14pt;\">La idea de utilidad adquiere protagonismo a la hora de justificar el pacto. En este sentido, <strong>Spinoza<\/strong> recurre a aquella \u00ab<em>ley de la naturaleza humana<\/em>\u00bb seg\u00fan la cual <\/span><\/p>\n<blockquote>\n<p style=\"text-align: justify;\"><span style=\"font-size: 14pt; color: #008000;\"><strong>\u00abnadie desprecia algo que considera bueno, si no es por la esperanza de un bien mayor o por el miedo de un mal mayor; y (que) no sufre ning\u00fan mal, si no es por evitar un mal mayor o por la esperanza de un bien mayor\u00bb <\/strong><a id=\"ref62a\" style=\"color: #008000;\"><\/a><strong><a style=\"color: #008000;\" href=\"#ref62\">[62]<\/a>.<\/strong> <\/span><\/p>\n<\/blockquote>\n<p>&nbsp;<\/p>\n<p style=\"text-align: justify;\"><span style=\"font-size: 14pt;\"><strong>Los individuos se someten al pacto en virtud de la utilidad que dicho sometimiento les reporta<\/strong>. En dicha utilidad consiste al fin y al cabo la fuerza y el valor del pacto para los individuos. <\/span><\/p>\n<p style=\"text-align: justify;\"><span style=\"font-size: 14pt;\">El individuo considera las ventajas de la cooperaci\u00f3n, de la vida de acuerdo con patrones de racionalidad, procede a un c\u00e1lculo racional de la mayor utilidad de un concurso de fuerzas; y, adem\u00e1s de todo ello, la voluntad por salir de una situaci\u00f3n de aut\u00e9ntica penuria econ\u00f3mica y material, es un factor que debe ser tenido en cuenta. <\/span><\/p>\n<p style=\"text-align: justify;\"><span style=\"font-size: 14pt;\"><strong>Del pacto surge una autoridad com\u00fan, un poder colectivo<\/strong>. <\/span><\/p>\n<p style=\"text-align: justify;\"><span style=\"font-size: 14pt;\">Y <strong>la<\/strong> <strong>relaci\u00f3n entre poder y derecho natural que hemos tenido la oportunidad de observar en el estado de naturaleza, tambi\u00e9n se traslada a la situaci\u00f3n pol\u00edtica: <\/strong><\/span><\/p>\n<blockquote>\n<p style=\"text-align: justify;\"><span style=\"font-size: 14pt; color: #008000;\"><strong>\u00ab&#8230; en la medida en que alguien, por fuerza o espont\u00e1neamente, transfiere a otro parte de su poder, le ceder\u00e1 necesariamente tambi\u00e9n, y en la misma medida, parte de su derecho. <\/strong><\/span><\/p>\n<p style=\"text-align: justify;\"><span style=\"font-size: 14pt; color: #008000;\"><strong>Por consiguiente tendr\u00e1 el supremo derecho sobre todos, quien posea el poder supremo, con el que puede obligarlos a todos por la fuerza o contenerlos por el miedo al supremo suplicio, que todos temen sin excepci\u00f3n. <\/strong><\/span><\/p>\n<p style=\"text-align: justify;\"><span style=\"font-size: 14pt; color: #008000;\"><strong>Y s\u00f3lo mantendr\u00e1 ese derecho en tanto en cuanto conserve ese poder de hacer cuanto quiera; de lo contrario, mandar\u00e1 en precario, y ninguno que sea m\u00e1s fuerte, estar\u00e1 obligado a obedecerle, si no quiere\u00bb <\/strong><a id=\"ref63a\" style=\"color: #008000;\"><\/a><strong><a style=\"color: #008000;\" href=\"#ref63\">[63]<\/a>.<\/strong> <\/span><\/p>\n<\/blockquote>\n<p>&nbsp;<\/p>\n<p style=\"text-align: justify;\"><span style=\"font-size: 14pt;\">El derecho a todo lo que el individuo considera \u00fatil, que anteriormente es pose\u00eddo por cada uno de ellos, lo poseen ahora \u00ab<em>todos colectivamente<\/em>\u00bb. Y esto es muy importante, ya que si el derecho natural se identificaba con el poder, cuando se transfiere el derecho, se est\u00e1 transfiriendo tambi\u00e9n el poder. <\/span><\/p>\n<p style=\"text-align: justify;\"><span style=\"font-size: 14pt;\"><strong>Solari<\/strong> lo sintetiza de manera muy clara: <\/span><\/p>\n<blockquote>\n<p style=\"text-align: justify;\"><span style=\"font-size: 14pt; color: #008000;\"><strong>\u00abel car\u00e1cter absoluto del poder soberano est\u00e1 en relaci\u00f3n con la transferencia incondicionada del derecho natural por parte de los individuos\u00bb <\/strong><a id=\"ref64a\" style=\"color: #008000;\"><\/a><strong><a style=\"color: #008000;\" href=\"#ref64\">[64]<\/a>.<\/strong> <\/span><\/p>\n<\/blockquote>\n<p>&nbsp;<\/p>\n<p style=\"text-align: justify;\"><span style=\"font-size: 14pt;\"><strong>Ahora va a tener el derecho supremo aquel que tenga el Poder supremo<\/strong>. Se ha producido una suma de poderes que tiene como consecuencia una correlativa suma de derechos: <\/span><\/p>\n<blockquote>\n<p style=\"text-align: justify;\"><strong><span style=\"font-size: 14pt;\"><span style=\"color: #008000;\">\u00abSi dos se ponen mutuamente de acuerdo y unen sus fuerzas, tienen m\u00e1s poder juntos y, por tanto, tambi\u00e9n m\u00e1s derecho sobre la naturaleza que cada uno por s\u00ed solo. <\/span><\/span><\/strong><\/p>\n<p style=\"text-align: justify;\"><strong><span style=\"font-size: 14pt;\"><span style=\"color: #008000;\">Y cuantos m\u00e1s sean los que estrechan as\u00ed sus v\u00ednculos, m\u00e1s derecho tendr\u00e1n todos unidos\u00bb <\/span><a id=\"ref65a\"><\/a><span style=\"color: #008000;\"><a style=\"color: #008000;\" href=\"#ref65\">[65]<\/a>.<\/span> <\/span><\/strong><\/p>\n<\/blockquote>\n<p>&nbsp;<\/p>\n<p style=\"text-align: justify;\"><span style=\"font-size: 14pt;\"><strong>T\u00e9ngase en cuenta que ahora ya no se habla del derecho de cada uno: <\/strong><\/span><\/p>\n<blockquote>\n<p style=\"text-align: justify;\"><strong><span style=\"font-size: 14pt; color: #008000;\">se habla del derecho de todos, con lo cual podemos estar en presencia de una tendencia hacia la objetivizaci\u00f3n del derecho natural.<\/span><\/strong><\/p>\n<\/blockquote>\n<p>&nbsp;<\/p>\n<p style=\"text-align: justify;\"><span style=\"font-size: 14pt;\">Por otra parte, el<em> concepto de Derecho<\/em>, si bien ha adquirido nuevos matices, sigue estando apoyado en la fuerza, en el elemento voluntad, en definitiva en el Poder, pero ya no en el de cada uno, sino en el de todos colectivamente considerados. <\/span><\/p>\n<p style=\"text-align: justify;\"><span style=\"font-size: 14pt;\">Y es que <em><strong>la relaci\u00f3n Derecho\/fuerza<\/strong><\/em>, <strong>Derecho-Poder en Spinoza<\/strong>, va m\u00e1s all\u00e1 de la exclusiva determinaci\u00f3n del Derecho positivo por parte del Poder pol\u00edtico: <strong>es una relaci\u00f3n que existe ya antes de la misma existencia del Derecho positivo<\/strong>.<\/span><\/p>\n<p>&nbsp;<\/p>\n<blockquote>\n<p style=\"text-align: center;\"><strong><span style=\"font-size: 14pt; color: #008000;\">La relaci\u00f3n Derecho\/fuerza, Derecho-Poder en Spinoza, va m\u00e1s all\u00e1 de la exclusiva determinaci\u00f3n del Derecho positivo por parte del Poder pol\u00edtico: es una relaci\u00f3n que existe ya antes de la misma existencia del Derecho positivo<\/span><\/strong><\/p>\n<\/blockquote>\n<p>&nbsp;<\/p>\n<p><a href=\"https:\/\/puntocritico.com\/ausajpuntocritico\/wp-content\/uploads\/2018\/03\/Spinoza-olas.jpg\" rel=\"lightbox[19223]\"><img loading=\"lazy\" decoding=\"async\" class=\"aligncenter wp-image-9804 size-full\" src=\"https:\/\/puntocritico.com\/ausajpuntocritico\/wp-content\/uploads\/2018\/03\/Spinoza-olas.jpg\" alt=\"El concepto de Poder en Spinoza\" width=\"500\" height=\"334\" srcset=\"https:\/\/puntocritico.com\/ausajpuntocritico\/wp-content\/uploads\/2018\/03\/Spinoza-olas.jpg 500w, https:\/\/puntocritico.com\/ausajpuntocritico\/wp-content\/uploads\/2018\/03\/Spinoza-olas-300x200.jpg 300w\" sizes=\"auto, (max-width: 500px) 100vw, 500px\" \/><\/a><\/p>\n<p style=\"text-align: justify;\">\u00a0<\/p>\n<p style=\"text-align: justify;\"><span style=\"font-size: 14pt;\">En todo caso, conviene subrayar que el <strong>pacto<\/strong> <\/span><\/p>\n<blockquote>\n<p style=\"text-align: justify;\"><span style=\"color: #008000;\"><strong><span style=\"font-size: 14pt;\">\u00ab<em>comporta la cesaci\u00f3n del ejercicio individual del derecho natural, pero no la cesaci\u00f3n del ejercicio del derecho natural. Dicho ejercicio persiste, pero cambiado en la forma<\/em>\u00bb <a id=\"ref66a\" style=\"color: #008000;\"><\/a><a style=\"color: #008000;\" href=\"#ref66\">[66]<\/a>.<\/span><\/strong><\/span><\/p>\n<\/blockquote>\n<p>&nbsp;<\/p>\n<p style=\"text-align: justify;\"><span style=\"font-size: 14pt;\">En la situaci\u00f3n de enfrentamiento que caracteriza el estado natural los individuos no pueden realizar efectivamente su derecho natural. \u00c9ste -cuya plenitud exige su realizaci\u00f3n efectiva-, <\/span><\/p>\n<blockquote>\n<p style=\"text-align: justify;\"><strong><span style=\"font-size: 14pt; color: #008000;\">\u00ab<em>consiste en una opini\u00f3n m\u00e1s que en una realidad, puesto que su garant\u00eda de \u00e9xito es nula<\/em>\u00bb <a id=\"ref67a\" style=\"color: #008000;\"><\/a><a style=\"color: #008000;\" href=\"#ref67\">[67]<\/a>.<\/span><\/strong><\/p>\n<\/blockquote>\n<p>&nbsp;<\/p>\n<p style=\"text-align: justify;\"><span style=\"font-size: 14pt;\">El ejercicio del derecho natural s\u00f3lo es posible cuando se crea una estructura en la que se puede llevar a cabo un ejercicio colegiado del mismo. <\/span><\/p>\n<p style=\"text-align: justify;\"><span style=\"font-size: 14pt;\"><strong>Este ejercicio colegiado, que lo es a la vez del derecho natural de los individuos y de sus potencias, poderes, exige dos condiciones<\/strong>: <\/span><\/p>\n<blockquote>\n<p style=\"text-align: justify;\"><span style=\"color: #008000;\"><strong><span style=\"font-size: 14pt;\">por una parte, debe adoptarse una norma com\u00fan de vida, definida a partir de la raz\u00f3n; <\/span><\/strong><\/span><\/p>\n<p style=\"text-align: justify;\"><span style=\"color: #008000;\"><strong><span style=\"font-size: 14pt;\">por otra debe constituirse un sistema\u00a0del que se deriven da\u00f1os de la infracci\u00f3n de esa norma, en todo caso mayores de los que se derivan de cualquier otro tipo de conducta <a id=\"ref68a\" style=\"color: #008000;\"><\/a><a style=\"color: #008000;\" href=\"#ref68\">[68]<\/a>.<\/span><\/strong><\/span><\/p>\n<\/blockquote>\n<p>&nbsp;<\/p>\n<p style=\"text-align: justify;\"><span style=\"font-size: 14pt;\">Es ahora la \u00ab<em><strong>Suprema Potestad<\/strong><\/em>\u00bb, <strong>que se identifica con el Poder del Estado<\/strong>, la que tiene el derecho natural a todo, derecho que tambi\u00e9n es supremo. Y el car\u00e1cter supremo de ambos implica un correlativo deber de obediencia que se fundamenta en esa ley de la naturaleza humana a la que se acaba de aludir hace un momento. <\/span><\/p>\n<p>&nbsp;<\/p>\n<blockquote>\n<p style=\"text-align: center;\"><strong><span style=\"font-size: 14pt; color: #008000;\">Es ahora la \u00ab<em>Suprema Potestad<\/em>\u00bb, que se identifica con el Poder del Estado, la que tiene el derecho natural a todo, derecho que tambi\u00e9n es supremo<\/span><\/strong><\/p>\n<\/blockquote>\n<p>&nbsp;<\/p>\n<p style=\"text-align: justify;\"><span style=\"font-size: 14pt;\">El individuo considera que le es m\u00e1s \u00fatil someterse a la autoridad del Estado, desde el momento en que con ello se evitan situaciones desventajosas; es esa utilidad la que permite que el Estado conserve su raz\u00f3n de ser. <strong>Y es la utilidad de la obediencia a la autoridad lo que convence al individuo de su conveniencia<\/strong>. <\/span><\/p>\n<p style=\"text-align: justify;\"><span style=\"font-size: 14pt;\">De manera que podr\u00edamos afirmar que existe una directa relaci\u00f3n entre la utilidad de la obediencia y la obediencia misma. <\/span><\/p>\n<p style=\"text-align: justify;\"><span style=\"font-size: 14pt;\">Pero,<strong> \u00bfqu\u00e9 circunstancias tienen que darse, en la configuraci\u00f3n del Poder del Estado, para que los individuos lleguen a ese convencimiento?<\/strong> <\/span><\/p>\n<p>&nbsp;<\/p>\n<blockquote>\n<p style=\"text-align: center;\"><span style=\"font-size: 14pt; color: #008000;\"><strong>Cuando mediante el instrumento contractual se transfiere, en beneficio del Estado, el derecho del que son titulares los individuos en la situaci\u00f3n presocial, se traspasa tambi\u00e9n, en consecuencia, una cantidad similar de poder. <\/strong><\/span><\/p>\n<p style=\"text-align: center;\"><span style=\"font-size: 14pt; color: #008000;\"><strong>A<span style=\"font-size: 14pt;\">l ceder todos los individuos esa cantidad de poder en favor de una autoridad, \u00e9sta tiene el poder supremo.<\/span><\/strong><\/span><\/p>\n<\/blockquote>\n<p>&nbsp;<\/p>\n<p style=\"text-align: justify;\"><span style=\"font-size: 14pt;\">Cuando mediante el instrumento contractual <strong>se transfiere, en beneficio del Estado, el derecho del que son titulares los individuos<\/strong> en la situaci\u00f3n presocial,<strong> se traspasa tambi\u00e9n, en consecuencia, una cantidad similar de poder<\/strong>. <\/span><\/p>\n<p style=\"text-align: justify;\"><span style=\"font-size: 14pt;\">De esta manera, al ceder todos los individuos esa cantidad de poder en favor de una autoridad, \u00e9sta tiene el poder supremo, y por consiguiente tambi\u00e9n el derecho supremo. <strong>Spinoza<\/strong> afirma en este punto que <\/span><\/p>\n<blockquote>\n<p style=\"text-align: justify;\"><strong><span style=\"font-size: 14pt;\"><span style=\"color: #008000;\">\u00absi dos se ponen mutuamente de acuerdo y unen sus fuerzas, tienen m\u00e1s poder juntos y, por tanto, tambi\u00e9n m\u00e1s derecho sobre la naturaleza que cada uno por s\u00ed solo. <\/span><\/span><\/strong><\/p>\n<p style=\"text-align: justify;\"><strong><span style=\"font-size: 14pt;\"><span style=\"color: #008000;\">Cuantos m\u00e1s sean los que estrechan as\u00ed sus v\u00ednculos, m\u00e1s derecho tendr\u00e1n todos unidos\u00bb <\/span><a id=\"ref69a\"><\/a><span style=\"color: #008000;\"><a style=\"color: #008000;\" href=\"#ref69\">[69]<\/a>.<\/span> <\/span><\/strong><\/p>\n<\/blockquote>\n<p>&nbsp;<\/p>\n<p><img loading=\"lazy\" decoding=\"async\" class=\"aligncenter wp-image-8849 size-medium\" src=\"https:\/\/puntocritico.com\/ausajpuntocritico\/wp-content\/uploads\/2018\/02\/PENSADOR-ABSOLUTISMO-ANARQUISMO-Anarquia-300x285.jpg\" alt=\"CONATUS \" width=\"300\" height=\"285\" srcset=\"https:\/\/puntocritico.com\/ausajpuntocritico\/wp-content\/uploads\/2018\/02\/PENSADOR-ABSOLUTISMO-ANARQUISMO-Anarquia-300x285.jpg 300w, https:\/\/puntocritico.com\/ausajpuntocritico\/wp-content\/uploads\/2018\/02\/PENSADOR-ABSOLUTISMO-ANARQUISMO-Anarquia.jpg 598w\" sizes=\"auto, (max-width: 300px) 100vw, 300px\" \/><\/p>\n<p>&nbsp;<\/p>\n<p style=\"text-align: justify;\"><span style=\"font-size: 14pt;\">Por eso, <strong>esa autoridad que surge del pacto<\/strong>, y que se denomina \u00ab<strong><em>democracia<\/em><\/strong>\u00bb en cuanto \u00ab<em>asociaci\u00f3n general de todos los hombres que posee colegialmente el supremo derecho a todo lo que puede<\/em>\u00bb <a id=\"ref70a\"><\/a><a href=\"#ref70\"><strong>[70]<\/strong><\/a>, es un <strong>Poder absoluto<\/strong>. <\/span><span style=\"font-size: 14pt;\"><strong>Y es absoluto porque carece de obst\u00e1culos frente a s\u00ed<\/strong>. <\/span><\/p>\n<p style=\"text-align: justify;\"><span style=\"font-size: 14pt;\">En el estado natural, las causas de que el poder, y el derecho, de los individuos no sean absolutos no radican en alguna nota de la naturaleza de ese poder, sino en la existencia de poderes de los otros individuos.<\/span><\/p>\n<p style=\"text-align: justify;\"><span style=\"font-size: 14pt;\"> Pero el pacto posibilita la concentraci\u00f3n de todo el poder, antes disperso, en una \u00fanica sede: <\/span><\/p>\n<blockquote>\n<p style=\"text-align: justify;\"><strong><span style=\"font-size: 14pt;\"><span style=\"color: #008000;\">el Estado surge cuando la multiplicidad se reconduce hacia la unidad.<\/span> <\/span><\/strong><\/p>\n<\/blockquote>\n<p>&nbsp;<\/p>\n<p style=\"text-align: justify;\"><span style=\"font-size: 14pt;\"><strong>La oposici\u00f3n con la que se encontraba el poder del individuo, ya no la tiene frente a s\u00ed el poder del Estado. Por eso es absoluto<\/strong>. <\/span><\/p>\n<p style=\"text-align: justify;\"><span style=\"font-size: 14pt;\"><strong>Su superioridad sobre el poder de los individuos es expresi\u00f3n, para Spinoza, de la continuidad que, en este aspecto, se produce entre el estado natural y el Estado<\/strong>. <\/span><\/p>\n<p style=\"text-align: justify;\"><span style=\"font-size: 14pt;\">Si bien es cierto que dicha continuidad no tiene lugar si nos atenemos al papel de la raz\u00f3n como gu\u00eda de las conductas, la imposici\u00f3n de la potencia del Estado, debida a su superioridad sobre los poderes de los individuos, es <strong>paralela al triunfo de los poderes m\u00e1s fuertes sobre los m\u00e1s d\u00e9biles en el estado de naturaleza<\/strong>. <\/span><\/p>\n<p style=\"text-align: justify;\"><span style=\"font-size: 14pt;\">En este punto <strong>Spinoza<\/strong> establece expl\u00edcitamente sus diferencias con <strong>Hobbes<\/strong>. En efecto, en una carta dirigida a <a href=\"https:\/\/puntocritico.com\/ausajpuntocritico\/2024\/01\/12\/la-idea-de-substancia-en-spinoza-como-materia-ontologico-general-por-vidal-pena-parte-ii\/\"><strong>Jarig<\/strong> <strong>Jelles<\/strong><\/a> (<em>2 de junio de 1674<\/em>), afirma: <\/span><\/p>\n<blockquote>\n<p style=\"text-align: justify;\"><strong><span style=\"font-size: 14pt; color: #008000;\">\u00abPor lo que respecta a la pol\u00edtica la diferencia entre Hobbes y yo (&#8230;) consiste en que yo conservo inc\u00f3lume al derecho natural, y en que yo defiendo que, en cualquier Estado, al magistrado supremo no le compete m\u00e1s derecho sobre los subditos que el que corresponde a la potestad con que \u00e9l supera al subdito, lo cual sucede siempre en el estado natural\u00bb <a id=\"ref71a\" style=\"color: #008000;\"><\/a><a style=\"color: #008000;\" href=\"#ref71\">[71]<\/a>.<\/span><\/strong><\/p>\n<\/blockquote>\n<p>&nbsp;<\/p>\n<figure id=\"attachment_2318905\" aria-describedby=\"caption-attachment-2318905\" style=\"width: 360px\" class=\"wp-caption aligncenter\"><img loading=\"lazy\" decoding=\"async\" class=\"wp-image-2318905\" src=\"https:\/\/puntocritico.com\/ausajpuntocritico\/wp-content\/uploads\/2026\/03\/Emblema-V-Sapientia-humana-stultitia-est-apud-Deum-La-sabiduria-humana-al-lado-de-Dios-es-locura-Emblemata-cum-Claudii-Minois-Commentariis-amplissimis-por-Andreae-Alciati-1621.jpg\" alt=\"\" width=\"360\" height=\"541\" srcset=\"https:\/\/puntocritico.com\/ausajpuntocritico\/wp-content\/uploads\/2026\/03\/Emblema-V-Sapientia-humana-stultitia-est-apud-Deum-La-sabiduria-humana-al-lado-de-Dios-es-locura-Emblemata-cum-Claudii-Minois-Commentariis-amplissimis-por-Andreae-Alciati-1621.jpg 585w, https:\/\/puntocritico.com\/ausajpuntocritico\/wp-content\/uploads\/2026\/03\/Emblema-V-Sapientia-humana-stultitia-est-apud-Deum-La-sabiduria-humana-al-lado-de-Dios-es-locura-Emblemata-cum-Claudii-Minois-Commentariis-amplissimis-por-Andreae-Alciati-1621-200x300.jpg 200w\" sizes=\"auto, (max-width: 360px) 100vw, 360px\" \/><figcaption id=\"caption-attachment-2318905\" class=\"wp-caption-text\"><span style=\"color: #008000;\">Facs\u00edmil perteneciente al Emblema V, Sapientia humana, stultitia est apud Deum [La sabidur\u00eda humana, al lado de Dios, es locura]. Tomado de \u201cEmblemata cum Claudii Minois Commentariis amplissimis\u201d, por Andreae Alciati, 1621, p. 36. (<\/span><em><span style=\"color: #008000;\">\u00bfQu\u00e9 dir\u00e9? \u00bfCon qu\u00e9 nombre llamar\u00e9 a este monstruo biforme, que no es hombre, ni es drag\u00f3n? Sino un var\u00f3n sin pies, y una serpiente sin sus partes superiores. Puede llamarse hombre pati-serpiente, y serpiente con cabeza de hombre. El hombre termina en serpiente, y la serpiente brota del hombre; ni hay fin para el hombre, ni comienzo para la fiera. As\u00ed rein\u00f3 en otro tiempo C\u00e9crope en la docta Atenas; as\u00ed tambi\u00e9n los Gigantes fueron engendrados por la madre Tierra. Esta figura representa al hombre astuto, pero carente de religi\u00f3n, que solo se preocupa por las cosas terrenales<\/span> <\/em><\/figcaption><\/figure>\n<p>&nbsp;<\/p>\n<p style=\"text-align: justify;\"><span style=\"font-size: 14pt;\">Puede comprenderse as\u00ed que, frente a la potencia efectiva del Estado, para los individuos sea mucho m\u00e1s \u00fatil obedecer a la autoridad, ya sea por propio convencimiento o por temor a una sanci\u00f3n. <strong>De esta manera, la legitimidad de la potestad suprema va a acabar dependiendo de la efectividad pr\u00e1ctica de su poder: <\/strong><\/span><\/p>\n<blockquote>\n<p style=\"text-align: justify;\"><strong><span style=\"font-size: 14pt; color: #008000;\">el individuo aceptar\u00e1 las limitaciones impuestas a su poder y a su libertad siempre que la autoridad sea efectiva en su actuaci\u00f3n.<\/span><\/strong><\/p>\n<\/blockquote>\n<p>&nbsp;<\/p>\n<p style=\"text-align: justify;\"><span style=\"font-size: 14pt;\">Pero quiz\u00e1s el empleo del t\u00e9rmino \u00ab<strong><em>democracia<\/em><\/strong>\u00bb por <strong>Spinoza<\/strong> necesite alguna aclaraci\u00f3n en cuanto a su sentido. <strong>Ya sabemos que Spinoza identifica esa Potestad Suprema con la Democracia<\/strong>, entendida como la <\/span><\/p>\n<blockquote>\n<p style=\"text-align: justify;\"><strong><span style=\"font-size: 14pt; color: #008000;\">\u00abAsociaci\u00f3n general de los hombres, que posee colegialmente el supremo derecho a todo lo que puede\u00bb.<\/span><\/strong><\/p>\n<\/blockquote>\n<p>&nbsp;<\/p>\n<p style=\"text-align: justify;\"><span style=\"font-size: 14pt;\">Para <strong>Spinoza<\/strong> el Estado democr\u00e1tico es el que goza de sus preferencias respecto a otras posibilidades, porque es <\/span><\/p>\n<blockquote>\n<p style=\"text-align: justify;\"><strong><span style=\"font-size: 14pt; color: #008000;\">\u00ab<em>el m\u00e1s natural y el que m\u00e1s se aproxima a la libertad que la naturaleza concede a cada individuo<\/em>\u00bb <a id=\"ref72a\" style=\"color: #008000;\"><\/a><a style=\"color: #008000;\" href=\"#ref72\">[72]<\/a>.\u00a0<\/span><\/strong><\/p>\n<\/blockquote>\n<p>&nbsp;<\/p>\n<p style=\"text-align: justify;\"><span style=\"font-size: 14pt;\">En realidad, <strong>la forma democr\u00e1tica es la que espont\u00e1neamente asume el cuerpo pol\u00edtico en tanto en cuanto el derecho supremo es ejercido de una manera colegiada<\/strong> <a id=\"ref73a\"><\/a><strong><a href=\"#ref73\">[73]<\/a><\/strong>. <\/span><\/p>\n<p style=\"text-align: justify;\"><span style=\"font-size: 14pt;\">Es esta circunstancia la que distingue el r\u00e9gimen democr\u00e1tico de otros reg\u00edmenes como la monarqu\u00eda y la aristocracia. Aunque no podemos detenernos en este extremo, limit\u00e9monos a se\u00f1alar que en el <em><strong>Tratado Pol\u00edtico<\/strong><\/em>, en donde se desarrollan las caracter\u00edsticas y las exigencias institucionales del<strong> r\u00e9gimen mon\u00e1rquico y del aristocr\u00e1tico<\/strong>, <strong><em>el primero se define a partir del ejercicio del poder por una sola persona mientras que en el segundo el poder lo detentan varios elegidos<\/em><\/strong> <a id=\"ref74a\"><\/a><a href=\"#ref74\"><strong>[74]<\/strong><\/a>. <\/span><\/p>\n<p style=\"text-align: justify;\"><span style=\"font-size: 14pt;\">De la lectura del <strong><em>cap\u00edtulo XVI del Tratado Teol\u00f3gico-Pol\u00edtico<\/em><\/strong> se puede llegar a la conclusi\u00f3n de que el Poder de la \u00ab<em><strong>Suprema Potestad<\/strong><\/em>\u00bb es absoluto a partir de la transferencia de poder (<em>y de derechos<\/em>) de los s\u00fabditos en su favor.<\/span><\/p>\n<p style=\"text-align: justify;\"><span style=\"font-size: 14pt;\"> Como ha se\u00f1alado <strong>L. Mugnier-Pollet<\/strong> <a id=\"ref75a\"><\/a><strong><a href=\"#ref75\">[75]<\/a><\/strong>, el car\u00e1cter absoluto del Poder pol\u00edtico en <strong>Spinoza<\/strong> procede de la desaparici\u00f3n de toda oposici\u00f3n posible: es absoluto precisamente porque no tiene ning\u00fan obst\u00e1culo frente a s\u00ed desde el momento en que hay una renuncia general a hacer valer los respectivos derechos. <\/span><\/p>\n<p style=\"text-align: justify;\"><span style=\"font-size: 14pt;\">En este sentido es cierto que se observa en <strong>Spinoza<\/strong> el <strong>tr\u00e1nsito de una definici\u00f3n negativa del rasgo de lo absoluto, hacia otra positiva<\/strong>. <\/span><\/p>\n<p style=\"text-align: justify;\"><span style=\"font-size: 14pt;\">En un primer momento, lo absoluto se define a partir de ese rechazo o renuncia, mientras que luego lo absoluto se considera desde una perspectiva positiva: <\/span><span style=\"font-size: 14pt;\"><strong>surge a partir de la uni\u00f3n de los poderes de los hombres: el poder absoluto es fruto de la totalizaci\u00f3n de las potencias de cada uno<\/strong>\u00a0 <a id=\"ref76a\"><\/a><strong><a href=\"#ref76\">[76]<\/a><\/strong>. <\/span><\/p>\n<p style=\"text-align: justify;\"><span style=\"font-size: 14pt;\">En todo caso, parece que el Poder es absoluto en tanto que indivisible. No obstante, es posible extraer de alg\u00fan momento del <em><strong>Tratado Teol\u00f3gico-Pol\u00edtico<\/strong><\/em> determinadas argumentaciones que podr\u00edan ser interpretadas como un <strong>precedente de la idea de separaci\u00f3n de poderes<\/strong>. <\/span><\/p>\n<p style=\"text-align: justify;\"><span style=\"font-size: 14pt;\">As\u00ed, en el <em><strong>cap\u00edtulo XVII del Tratado Teol\u00f3gico-Pol\u00edtico<\/strong><\/em>, <strong>en el marco del estudio de las caracter\u00edsticas del ejercicio del poder pol\u00edtico en el Estado hebreo<\/strong>, se afirma: <\/span><\/p>\n<blockquote>\n<p style=\"text-align: justify;\"><strong><span style=\"font-size: 14pt; color: #008000;\">\u00abQuienes administran el Estado o detentan su poder, procuran revestir siempre con el velo de la justicia cualquier crimen por ellos cometido y convencer al pueblo de que obraron rectamente. <\/span><\/strong><\/p>\n<p style=\"text-align: justify;\"><strong><span style=\"font-size: 14pt; color: #008000;\">Y esto, por lo dem\u00e1s, les resulta f\u00e1cil, cuando la interpretaci\u00f3n del derecho depende \u00edntegra y exclusivamente de ellos. <\/span><\/strong><\/p>\n<p style=\"text-align: justify;\"><strong><span style=\"font-size: 14pt; color: #008000;\">Pues no cabe duda que, en ese caso, gozan de la m\u00e1xima libertad para hacer cuanto quieren y su apetito les aconseja; y que, por el contrario, se les resta gran parte de esa libertad, cuando el derecho de interpretar las leyes est\u00e1 en manos de otro y cuando, al mismo tiempo, su verdadera interpretaci\u00f3n es tan patente a todos, que nadie puede dudar de ella\u00bb <a id=\"ref77a\" style=\"color: #008000;\"><\/a><a style=\"color: #008000;\" href=\"#ref77\">[77]<\/a>.<\/span><\/strong><\/p>\n<\/blockquote>\n<p style=\"text-align: justify;\">\n<span style=\"font-size: 14pt;\">De todas maneras, es cierto que la consideraci\u00f3n del Estado democr\u00e1tico como absoluto puede resultar de alg\u00fan modo parad\u00f3jica. Precisamente, <strong>en el an\u00e1lisis comparativo de los tres reg\u00edmenes que Spinoza somete a examen, se efect\u00faa a cabo una escala en cuanto a la fortaleza del car\u00e1cter soberano del poder<\/strong>. <\/span><\/p>\n<p style=\"text-align: justify;\"><span style=\"font-size: 14pt;\">As\u00ed, siendo la <em>monarqu\u00eda<\/em> el m\u00e1s d\u00e9bil, la <em>democracia<\/em> es el m\u00e1s fuerte, es el m\u00e1s absoluto, <strong>desde el momento en que todos los ciudadanos participan y ejercen el poder; se produce una identificaci\u00f3n entre gobernantes y gobernados, al coincidir la titularidad del poder absoluto con su ejercicio<\/strong>.<\/span><\/p>\n<p>&nbsp;<\/p>\n<blockquote>\n<p style=\"text-align: center;\"><span style=\"color: #008000;\"><strong><span style=\"font-size: 14pt;\">Donde la soberan\u00eda es ejercida por todos, el Estado es absoluto<\/span><\/strong><\/span><\/p>\n<\/blockquote>\n<p>&nbsp;<\/p>\n<p style=\"text-align: justify;\"><span style=\"font-size: 14pt;\">En <strong>Spinoza<\/strong>, la soberan\u00eda resulta del consentimiento com\u00fan y por eso el car\u00e1cter absoluto del poder democr\u00e1tico: all\u00ed donde la soberan\u00eda es ejercida por todos, el Estado es absoluto <a id=\"ref78a\"><\/a><strong><a href=\"#ref78\">[78]<\/a><\/strong>. <\/span><\/p>\n<p style=\"text-align: justify;\"><span style=\"font-size: 14pt;\">Este modo de comprender el Poder democr\u00e1tico como absoluto tambi\u00e9n evita el peligro de concebir al poder absoluto como tir\u00e1nico <a id=\"ref79a\"><\/a><a href=\"#ref79\"><strong>[79]<\/strong><\/a>. <\/span><\/p>\n<p style=\"text-align: justify;\"><span style=\"font-size: 14pt;\">En realidad, en una situaci\u00f3n tir\u00e1nica hay un ejercicio absoluto del Poder, pero en ese caso no est\u00e1 apoyado por el consentimiento de los sujetos: <\/span><\/p>\n<blockquote>\n<p style=\"text-align: justify;\"><span style=\"color: #008000;\"><strong><span style=\"font-size: 14pt;\">hay un ejercicio absoluto del Poder pero no hay un Poder supremo, ya que \u00e9ste consiste precisamente en la uni\u00f3n de las almas (<em>uni\u00f3 animorum<\/em>).<\/span><\/strong><\/span><\/p>\n<\/blockquote>\n<p>&nbsp;<\/p>\n<p style=\"text-align: justify;\"><span style=\"font-size: 14pt;\">Es un Poder que se ejerce sin legitimidad porque carece de relaci\u00f3n alguna con la potencia colectiva que es al fin y al cabo la fuente real de todo el poder pol\u00edtico. <strong>Un Poder tir\u00e1nico, a diferencia del Poder absoluto y democr\u00e1tico explicado por Spinoza, es s\u00f3lo violencia<\/strong>. <\/span><\/p>\n<p style=\"text-align: justify;\"><span style=\"font-size: 14pt;\">Sabemos por tanto que <strong>la propuesta de Spinoza es la de un Poder absoluto<\/strong>. Ciertamente, si tenemos en cuenta lo analizado hasta ahora carecemos de datos que nos indiquen lo contrario. <\/span><\/p>\n<p style=\"text-align: justify;\"><span style=\"font-size: 14pt;\">Pero es verdad que <strong>Spinoza<\/strong> se apresura a matizar tal opini\u00f3n, y a ofrecer datos precisos para acabar de delinear las capacidades y contornos de esa \u00ab<em><strong>Suprema<\/strong> <strong>Potestad<\/strong><\/em>\u00bb. <\/span><\/p>\n<p style=\"text-align: justify;\"><span style=\"font-size: 14pt;\">As\u00ed, en primer lugar, hay que tener en cuenta que <strong>el ejercicio del Poder, por muy supremo que \u00e9ste sea, debe llevarse a cabo en los l\u00edmites de la raz\u00f3n<\/strong>. <\/span><\/p>\n<p style=\"text-align: justify;\"><span style=\"font-size: 14pt;\">Estamos en presencia de lo que podr\u00edamos considerar un <strong>Poder absoluto y racional<\/strong>. En segundo lugar, en el propio proceso constitutivo del Estado, se establecen <strong>l\u00edmites<\/strong> a la capacidad de actuaci\u00f3n de dicho Poder. <\/span><\/p>\n<p style=\"text-align: justify;\"><span style=\"font-size: 14pt;\">Pero vayamos por partes. <strong>De nada sirve el ejercicio del Poder absoluto si se mandan cosas absurdas, contrarias a la raz\u00f3n<\/strong>. La actuaci\u00f3n conforme a la raz\u00f3n es condici\u00f3n imprescindible del mantenimiento y de la supervivencia del propio Poder: <strong>cuando el Estado ordena algo irracional contribuye a su autodestrucci\u00f3n<\/strong>.<\/span><\/p>\n<p>&nbsp;<\/p>\n<blockquote>\n<p style=\"text-align: center;\"><span style=\"font-size: 14pt; color: #008000;\"><strong>La actuaci\u00f3n conforme a la raz\u00f3n es condici\u00f3n imprescindible del mantenimiento y de la supervivencia del propio Poder: cuando el Estado ordena algo irracional contribuye a su autodestrucci\u00f3n<\/strong><\/span><\/p>\n<\/blockquote>\n<p>&nbsp;<\/p>\n<p><img loading=\"lazy\" decoding=\"async\" class=\"aligncenter wp-image-18483\" src=\"https:\/\/puntocritico.com\/ausajpuntocritico\/wp-content\/uploads\/2019\/05\/fundamentos-estado-spinoza-220x300.jpeg\" alt=\"\" width=\"280\" height=\"381\" srcset=\"https:\/\/puntocritico.com\/ausajpuntocritico\/wp-content\/uploads\/2019\/05\/fundamentos-estado-spinoza-220x300.jpeg 220w, https:\/\/puntocritico.com\/ausajpuntocritico\/wp-content\/uploads\/2019\/05\/fundamentos-estado-spinoza.jpeg 696w\" sizes=\"auto, (max-width: 280px) 100vw, 280px\" \/><\/p>\n<p>&nbsp;<\/p>\n<p style=\"text-align: justify;\"><span style=\"font-size: 14pt;\"><strong>Ciertamente, la posibilidad de una actuaci\u00f3n irracional del Poder es, para Spinoza, extremadamente dif\u00edcil en la configuraci\u00f3n ideal del Estado que, como sabemos, es la democr\u00e1tica<\/strong>. <\/span><\/p>\n<p style=\"text-align: justify;\"><span style=\"font-size: 14pt;\">Y ello por razones de dos \u00f3rdenes: de un lado, la propia estructura de la democracia imposibilita la toma de decisiones absurdas, en tanto que irracionales, puesto que es muy dif\u00edcil \u00ab<em>que la mayor parte de una asamblea, si \u00e9sta es numerosa, se ponga de acuerdo en un absurdo<\/em>\u00bb <a id=\"ref80a\"><\/a><strong><a href=\"#ref80\">[80]<\/a><\/strong>; de otro, <strong>la propia finalidad y el fundamento de la democracia est\u00e1 del lado de la raz\u00f3n, ya que ha de guiarse por ella<\/strong>: la democracia est\u00e1 destinada a <\/span><\/p>\n<blockquote>\n<p style=\"text-align: justify;\"><span style=\"font-size: 14pt; color: #008000;\"><strong>\u00abevitar los absurdos del apetito y mantener a los hombres, en la medida de lo posible, dentro de los l\u00edmites de la raz\u00f3n, a fin de que vivan en paz y concordia; si ese fundamento se suprime, se derrumbar\u00e1 f\u00e1cilmente todo el edificio\u00bb <\/strong><a id=\"ref81a\" style=\"color: #008000;\"><\/a><strong><a style=\"color: #008000;\" href=\"#ref81\">[81]<\/a>.<\/strong> <\/span><\/p>\n<\/blockquote>\n<p>&nbsp;<\/p>\n<p style=\"text-align: justify;\"><span style=\"font-size: 14pt;\">Pero es que, adem\u00e1s, <strong>el reinado de la raz\u00f3n en el ejercicio del Poder pol\u00edtico contribuye a la propia consideraci\u00f3n de los individuos como ciudadanos libres<\/strong>. Lo definitivo a la hora de establecer si un individuo es libre o no radica, no tanto en el hecho de que obedezca o est\u00e9 sometido a otro, sino en la utilidad de sus acciones. <\/span><\/p>\n<p style=\"text-align: justify;\"><span style=\"font-size: 14pt;\">As\u00ed, una acci\u00f3n ser\u00e1 la de un hombre libre dependiendo de la utilidad que de ella se deriva para el propio actor. <strong>En el Estado, el sujeto que act\u00faa conforme a raz\u00f3n, de acuerdo con lo establecido por la autoridad, es libre<\/strong>.<\/span><\/p>\n<p>&nbsp;<\/p>\n<blockquote>\n<p style=\"text-align: center;\"><strong><span style=\"font-size: 14pt; color: #008000;\">Lo definitivo a la hora de establecer si un individuo es libre o no radica, no tanto en el hecho de que obedezca o est\u00e9 sometido a otro, sino en la utilidad de sus acciones<\/span><\/strong><\/p>\n<\/blockquote>\n<p>&nbsp;<\/p>\n<p style=\"text-align: justify;\"><span style=\"font-size: 14pt;\">Y ello porque dado que la finalidad del Estado es la seguridad, la paz, la libertad de los sujetos, el individuo encuentra en efecto m\u00e1s utilidad en la obediencia. <\/span><\/p>\n<p style=\"text-align: justify;\"><span style=\"font-size: 14pt;\">Junto a esto, no hay que olvidar tampoco que <strong>los mandatos del Estado, deben ser racionales ya que, de estar basados en lo absurdo, provocan la efectiva falta de adhesi\u00f3n de los individuos, puesto que es la obediencia racional a las leyes racionales del Estado el medio de la libertad de los hombres<\/strong>.<\/span><\/p>\n<p>&nbsp;<\/p>\n<blockquote>\n<p style=\"text-align: center;\"><strong><span style=\"font-size: 14pt; color: #008000;\">Dado que la finalidad del Estado es la seguridad, la paz, la libertad de los sujetos, el individuo encuentra en efecto m\u00e1s utilidad en la obediencia. <\/span><\/strong><\/p>\n<p style=\"text-align: center;\"><strong><span style=\"font-size: 14pt; color: #008000;\">Junto a esto, no hay que olvidar tampoco que los mandatos del Estado, deben ser racionales ya que, de estar basados en lo absurdo, provocan la efectiva falta de adhesi\u00f3n de los individuos, puesto que es la obediencia racional a las leyes racionales del Estado el medio de la libertad de los hombres.<\/span><\/strong><\/p>\n<\/blockquote>\n<p>&nbsp;<\/p>\n<p style=\"text-align: justify;\">\n<a href=\"https:\/\/puntocritico.com\/ausajpuntocritico\/wp-content\/uploads\/2018\/03\/Spinoza-faro-ola-2.jpg\" rel=\"lightbox[19223]\"><img loading=\"lazy\" decoding=\"async\" class=\"wp-image-9806 aligncenter\" src=\"https:\/\/puntocritico.com\/ausajpuntocritico\/wp-content\/uploads\/2018\/03\/Spinoza-faro-ola-2.jpg\" alt=\"\" width=\"380\" height=\"580\" srcset=\"https:\/\/puntocritico.com\/ausajpuntocritico\/wp-content\/uploads\/2018\/03\/Spinoza-faro-ola-2.jpg 491w, https:\/\/puntocritico.com\/ausajpuntocritico\/wp-content\/uploads\/2018\/03\/Spinoza-faro-ola-2-196x300.jpg 196w\" sizes=\"auto, (max-width: 380px) 100vw, 380px\" \/><\/a><\/p>\n<p>&nbsp;<\/p>\n<blockquote>\n<p style=\"text-align: center;\"><span style=\"font-size: 14pt; color: #008000;\"><strong>Justo al comienzo del <em>cap\u00edtulo XVII del Tratado Teol\u00f3gico-Pol\u00edtico<\/em>, parece que Spinoza da una especie de paso atr\u00e1s y efect\u00faa una matizaci\u00f3n que afecta de modo general a toda la construcci\u00f3n del Estado realizada hasta ese momento.<\/strong> <\/span><\/p>\n<\/blockquote>\n<p>&nbsp;<\/p>\n<p style=\"text-align: justify;\"><span style=\"font-size: 14pt;\">Junto a lo inmediatamente anterior, hay otros aspectos de la obra de <strong>Spinoza<\/strong> que deben ser tenidos en cuenta a la hora de calibrar en su justa medida el car\u00e1cter absoluto del Poder del Estado. Aqu\u00ed nos encontramos con un ejercicio de realismo por parte de <strong>Spinoza<\/strong>, realismo que por otra parte caracteriza su propuesta pol\u00edtica. <\/span><\/p>\n<p style=\"text-align: justify;\"><span style=\"font-size: 14pt;\">Justo al comienzo del <em><strong>cap\u00edtulo XVII del Tratado Teol\u00f3gico-Pol\u00edtico<\/strong><\/em>, parece que <strong>Spinoza<\/strong> da una especie de paso atr\u00e1s y efect\u00faa una matizaci\u00f3n que afecta de modo general a toda la construcci\u00f3n del Estado realizada hasta ese momento. <\/span><span style=\"font-size: 14pt;\">En efecto, <strong>reconoce que todo lo dicho hasta entonces tiene un gran componente te\u00f3rico y no es\u00a0<\/strong><\/span><span style=\"font-size: 14pt;\"><strong>plenamente realizable en la pr\u00e1ctica<\/strong>. <\/span><\/p>\n<p style=\"text-align: justify;\"><span style=\"font-size: 14pt;\">\u00bfA qu\u00e9 se debe? A que <\/span><\/p>\n<blockquote>\n<p style=\"text-align: justify;\"><span style=\"font-size: 14pt; color: #008000;\"><strong>\u00abnadie (&#8230;) podr\u00e1 jam\u00e1s transferir a otro su poder ni, por tanto, su derecho, hasta el punto de dejar de ser hombre; ni existir\u00e1 jam\u00e1s una potestad suprema que pueda hacerlo todo tal como quiera\u00bb <\/strong><a id=\"ref82a\" style=\"color: #008000;\"><\/a><strong><a style=\"color: #008000;\" href=\"#ref82\">[82]<\/a>.<\/strong> <\/span><\/p>\n<\/blockquote>\n<p>&nbsp;<\/p>\n<p style=\"text-align: justify;\"><span style=\"font-size: 14pt;\">Si por el contrario se produjera esa transferencia total, entonces s\u00ed que se estar\u00edan sentando las bases de un poder absoluto, desde el momento en que el individuo dejar\u00eda, de un modo tambi\u00e9n absoluto, de ser temido por el Poder estatal. <strong>Lo cierto es que el individuo se reserva determinadas esferas, identificables con ciertas dimensiones irrenunciables<\/strong>.<\/span><\/p>\n<p>&nbsp;<\/p>\n<blockquote>\n<p style=\"text-align: center;\"><span style=\"font-size: 14pt; color: #008000;\"><strong>Lo cierto es que el individuo se reserva determinadas esferas, identificables con ciertas dimensiones irrenunciables<\/strong><\/span><\/p>\n<\/blockquote>\n<p>&nbsp;<\/p>\n<p style=\"text-align: justify;\"><span style=\"font-size: 14pt;\">El individuo no transfiere determinados aspectos de su derecho, de su capacidad, de su poder, y por <em>lo<\/em> tanto el Poder del Estado, es incapaz \u2014por razones puramente constitutivas derivadas de la l\u00f3gica del discurso <em>spinozista<\/em>\u2014 de actuar respecto a ellas. <\/span><\/p>\n<p style=\"text-align: justify;\"><span style=\"font-size: 14pt;\"><strong>Ese m\u00ednimo, termina identific\u00e1ndose con la libertad de pensamiento y expresi\u00f3n<\/strong>, tal y como se afirma en el tantas veces citado <em><strong>cap\u00edtulo XX del Tratado Teol\u00f3gico-Pol\u00edtico<\/strong><\/em> (<em>y en cuyo desarrollo ahora nos es imposible entrar con una cierta profundidad<\/em>) <a id=\"ref83a\"><\/a><a href=\"#ref83\"><strong>[83]<\/strong><\/a>.<\/span><\/p>\n<p>&nbsp;<\/p>\n<p><a href=\"https:\/\/puntocritico.com\/ausajpuntocritico\/2024\/06\/06\/carta-sobre-la-tolerancia-de-john-locke-la-carta-sobre-la-tolerancia-1689-carta-sobre-la-tolerancia\/\"><img loading=\"lazy\" decoding=\"async\" class=\"aligncenter wp-image-2298934 size-medium\" src=\"https:\/\/puntocritico.com\/ausajpuntocritico\/wp-content\/uploads\/2024\/06\/Carta-sobre-la-tolerancia-de-John-Locke-300x300.jpg\" alt=\"\" width=\"300\" height=\"300\" srcset=\"https:\/\/puntocritico.com\/ausajpuntocritico\/wp-content\/uploads\/2024\/06\/Carta-sobre-la-tolerancia-de-John-Locke-300x300.jpg 300w, https:\/\/puntocritico.com\/ausajpuntocritico\/wp-content\/uploads\/2024\/06\/Carta-sobre-la-tolerancia-de-John-Locke-150x150.jpg 150w, https:\/\/puntocritico.com\/ausajpuntocritico\/wp-content\/uploads\/2024\/06\/Carta-sobre-la-tolerancia-de-John-Locke.jpg 350w\" sizes=\"auto, (max-width: 300px) 100vw, 300px\" \/><\/a><\/p>\n<p>&nbsp;<\/p>\n<p style=\"text-align: justify;\"><span style=\"font-size: 14pt;\">No obstante, aunque no nos podamos detener en este cap\u00edtulo, s\u00ed me interesar\u00eda efectuar <strong>dos breves digresiones<\/strong>. <\/span><\/p>\n<p style=\"text-align: justify;\"><span style=\"font-size: 14pt;\">En primer lugar, es cierto que en m\u00faltiples ocasiones, y sobre todo cuando se analiza la fundamentaci\u00f3n <em>spinoziana<\/em> de la libertad de pensamiento y de expresi\u00f3n, <strong>se tiende a considerar dicho cap\u00edtulo como una especie de isla, bocanada de aire fresco, en la que la libertad del individuo frente al Estado ocupa el primer plano del discurso<\/strong>.\u00a0<\/span><\/p>\n<p style=\"text-align: justify;\"><span style=\"font-size: 14pt;\">Creo que el <strong><em>cap\u00edtulo XX<\/em><\/strong> es incomprensible en sus justos t\u00e9rminos si no se analiza con el presupuesto de lo que se dice en la <em><strong>primera parte del Tratado Teol\u00f3gico-Pol\u00edtico<\/strong><\/em> y con el directo antecedente del <em><strong>cap\u00edtulo XIX<\/strong><\/em> en el que se establece la diferencia entre las vertientes internas y externas del culto religioso para delimitar las competencias del Poder pol\u00edtico al respecto. (<em>Aqu\u00ed el paralelismo con algunas de las propuestas de <strong>Locke<\/strong> en su <strong>Tratado sobre la Tolerancia<\/strong> es evidente.<\/em>) <\/span><\/p>\n<p style=\"text-align: justify;\"><span style=\"font-size: 14pt;\">En segundo lugar, cabe se\u00f1alar que los argumentos desarrollados por <strong>Spinoza<\/strong> en este <strong><em>cap\u00edtulo XX<\/em><\/strong> son los que tradicionalmente se han utilizado, con raz\u00f3n, para situar al autor de <em>\u00c1msterdam <\/em>en un determinado lugar en la historia de la filosof\u00eda de los derechos fundamentales. <\/span><\/p>\n<p style=\"text-align: justify;\"><span style=\"font-size: 14pt;\">Pero volviendo a nuestro discurso en este punto, hay que se\u00f1alar que <strong>dichas libertades constituyen un aut\u00e9ntico coto vedado respecto al Estado<\/strong>. <\/span><\/p>\n<p style=\"text-align: justify;\"><span style=\"font-size: 14pt;\">En primer lugar porque son, como acabamos de apuntar, <strong>irrenunciables para el individuo:<\/strong> \u00ab.<em>.. nadie puede transferir a otro su derecho natural o su facultad de razonar libremente y de opinar sobre cualquier cosa, ni ser forzado a hacerlo<\/em>\u00bb <a id=\"ref84a\"><\/a><a href=\"#ref84\"><strong>[84]<\/strong><\/a>.<\/span><\/p>\n<p>&nbsp;<\/p>\n<blockquote>\n<p style=\"text-align: center;\"><span style=\"color: #008000;\"><strong><span style=\"font-size: 14pt;\">Hay que diferenciar entre el derecho a actuar y el derecho a juzgar y razonar. El pacto afecta a los actos y no a los pensamientos<\/span><\/strong><\/span><\/p>\n<\/blockquote>\n<p>&nbsp;<\/p>\n<p style=\"text-align: justify;\"><span style=\"font-size: 14pt;\">En segundo lugar porque, a la hora de proceder a la constituci\u00f3n del Estado, los individuos no transfieren todos sus derechos. Aqu\u00ed hay que diferenciar entre el derecho a actuar y el derecho a juzgar y razonar. <\/span><\/p>\n<p style=\"text-align: justify;\"><span style=\"font-size: 14pt;\"><strong>El pacto afecta a los actos y no a los pensamientos<\/strong>: <\/span><\/p>\n<blockquote>\n<p style=\"text-align: justify;\"><span style=\"color: #008000;\"><strong><span style=\"font-size: 14pt;\">las opiniones no se pueden reconducir a la unidad o a la uniformidad, al contrario de lo que ocurre con\u00a0<\/span><span style=\"font-size: 14pt;\">los actos.<\/span><\/strong><\/span><\/p>\n<\/blockquote>\n<p>&nbsp;<\/p>\n<p style=\"text-align: justify;\"><span style=\"font-size: 14pt;\">Para que el Estado pueda alcanzar sus finalidades, no es necesario que intervenga las ideas y su expresi\u00f3n: ellas no atentan, en principio, contra la seguridad civil. <strong>Los decretos del poder rigen la vertiente externa de los individuos, y no la interna<\/strong>.<\/span><\/p>\n<p>&nbsp;<\/p>\n<blockquote>\n<p style=\"text-align: center;\"><span style=\"color: #008000;\"><strong><span style=\"font-size: 14pt;\">Para que el Estado pueda alcanzar sus finalidades, no es necesario que intervenga las ideas y su expresi\u00f3n: ellas no atentan, en principio, contra la seguridad civil<\/span><\/strong><\/span><\/p>\n<\/blockquote>\n<p>&nbsp;<\/p>\n<p style=\"text-align: justify;\"><span style=\"font-size: 14pt;\"><strong>Para que el individuo sea un buen ciudadano, s\u00f3lo es necesario que obedezca en su fuero interno, lo cual es compatible con una absoluta y completa libertad de pensamiento<\/strong>; <strong>no se le pide que asuma internamente las opiniones e ideas del Poder<\/strong>. Nada puede hacer el Poder respecto a estas dimensiones del individuo. <\/span><\/p>\n<p style=\"text-align: justify;\"><span style=\"font-size: 14pt;\">No obstante, tambi\u00e9n aqu\u00ed <strong>Spinoza<\/strong> ofrece un dato m\u00e1s para certificar su realismo: es cierto que reconoce que el gobernante no puede mandar \u00ab<strong><em>sobre las almas<\/em><\/strong>\u00bb; <strong>pero de la misma manera<\/strong> <strong>se reconoce que la acci\u00f3n del Poder tambi\u00e9n puede influir y repercutir en el \u00e1mbito interno de los individuos, y que al final los pensamientos y las opiniones pueden estar condicionadas por las actuaciones del Poder<\/strong> <a id=\"ref85a\"><\/a><strong><a href=\"#ref85\">[85]<\/a><\/strong>.<\/span><\/p>\n<p>&nbsp;<\/p>\n<blockquote>\n<p style=\"text-align: center;\"><strong><span style=\"font-size: 14pt; color: #008000;\">Es cierto que reconoce que el gobernante no puede mandar \u00ab<em>sobre las almas<\/em>\u00bb; pero de la misma manera se reconoce que la acci\u00f3n del Poder tambi\u00e9n puede influir y repercutir en el \u00e1mbito interno de los individuos, y que al final los pensamientos y las opiniones pueden estar condicionadas por las actuaciones del Poder<\/span><\/strong><\/p>\n<\/blockquote>\n<p>&nbsp;<\/p>\n<p style=\"text-align: justify;\"><span style=\"font-size: 14pt;\">Podemos observar, por tanto, c\u00f3mo en el proceso de fundamentaci\u00f3n y explicaci\u00f3n del Poder pol\u00edtico como Poder absoluto en <strong>Spinoza<\/strong> se introducen determinadas dimensiones constitutivas, relacionadas con las libertades de pensamiento y expresi\u00f3n que implican unos l\u00edmites ciertamente no a\u00f1adidos sino consustanciales, al Poder del Estado. <\/span><\/p>\n<p style=\"text-align: justify;\"><span style=\"font-size: 14pt;\"><strong>Surge en seguida la cuesti\u00f3n sobre los argumentos que manejamos para seguir considerando el propuesto por Spinoza como un Poder pol\u00edtico absoluto<\/strong>.<\/span><\/p>\n<p style=\"text-align: justify;\"><span style=\"font-size: 14pt;\">Creo que del estudio de <strong>Norberto<\/strong> <strong>Bobbio<\/strong> sobre el modelo <em>iusnaturalista<\/em> se puede extraer alguna conclusi\u00f3n aceptable al respecto. En dicha ocasi\u00f3n \u2014y con independencia de la adscripci\u00f3n, asumida por <strong>Bobbio<\/strong>, de <strong>Spinoza<\/strong> al <em>iusnaturalismo racionalista<\/em>\u2014, se refiere el autor italiano a <strong>las diferentes posibilidades de entender el car\u00e1cter absoluto del Poder pol\u00edtico<\/strong>, tal y como es predicado por los autores del modelo. <\/span><\/p>\n<p style=\"text-align: justify;\"><span style=\"font-size: 14pt;\">As\u00ed, dicho car\u00e1cter puede ser entendido de una manera estricta; en este sentido, se\u00f1ala <a href=\"https:\/\/puntocritico.com\/ausajpuntocritico\/2020\/04\/23\/la-botella-la-red-y-el-laberinto-por-norberto-bobbio-deber-del-hombre-bueno-en-tiempos-malos-por-nicolas-maquiavelo\/\"><strong>Bobbio<\/strong><\/a>, el poder absoluto \u00ab<em><strong>es s\u00f3lo el de Dios<\/strong><\/em>\u00bb <a id=\"ref86a\"><\/a><a href=\"#ref86\">[86]<\/a>. <\/span><\/p>\n<p>&nbsp;<\/p>\n<figure id=\"attachment_2295545\" aria-describedby=\"caption-attachment-2295545\" style=\"width: 480px\" class=\"wp-caption aligncenter\"><a href=\"https:\/\/puntocritico.com\/ausajpuntocritico\/2024\/03\/19\/metafisica-de-las-costumbres-1\/\"><img loading=\"lazy\" decoding=\"async\" class=\"wp-image-2295545\" src=\"https:\/\/puntocritico.com\/ausajpuntocritico\/wp-content\/uploads\/2024\/03\/Chagal-deseo-es-la-facultad-de-ser-causa-de-los-objetos-de-nuestras-representaciones-por-medio-de-estas-representaciones-PPAL-300x199.jpg\" alt=\"\" width=\"480\" height=\"319\" srcset=\"https:\/\/puntocritico.com\/ausajpuntocritico\/wp-content\/uploads\/2024\/03\/Chagal-deseo-es-la-facultad-de-ser-causa-de-los-objetos-de-nuestras-representaciones-por-medio-de-estas-representaciones-PPAL-300x199.jpg 300w, https:\/\/puntocritico.com\/ausajpuntocritico\/wp-content\/uploads\/2024\/03\/Chagal-deseo-es-la-facultad-de-ser-causa-de-los-objetos-de-nuestras-representaciones-por-medio-de-estas-representaciones-PPAL-678x452.jpg 678w, https:\/\/puntocritico.com\/ausajpuntocritico\/wp-content\/uploads\/2024\/03\/Chagal-deseo-es-la-facultad-de-ser-causa-de-los-objetos-de-nuestras-representaciones-por-medio-de-estas-representaciones-PPAL.jpg 680w\" sizes=\"auto, (max-width: 480px) 100vw, 480px\" \/><\/a><figcaption id=\"caption-attachment-2295545\" class=\"wp-caption-text\"><span style=\"color: #008000;\">Pintura de Marc Chagall (textos de Kant)<\/span><\/figcaption><\/figure>\n<p>&nbsp;<\/p>\n<p style=\"text-align: justify;\"><span style=\"font-size: 14pt;\">Pero <strong>Hobbes<\/strong>, <strong>Spinoza<\/strong>, <a href=\"https:\/\/puntocritico.com\/ausajpuntocritico\/?s=Rousseau\"><strong>Rousseau<\/strong><\/a>, <a href=\"https:\/\/puntocritico.com\/ausajpuntocritico\/2024\/03\/19\/metafisica-de-las-costumbres-1\/\"><strong>Kant<\/strong><\/a>, son defensores expl\u00edcitos del Poder absoluto en otro sentido. En efecto, podemos reconocer que en dichos autores <strong>un poder absoluto ser\u00eda aquel no sometido a las leyes que \u00e9l mismo crea<\/strong>. Lo cual no tiene que llevar a la conclusi\u00f3n de que dicho poder es ilimitado, esto es, que carece de l\u00edmite alguno frente a s\u00ed. <\/span><\/p>\n<p style=\"text-align: justify;\"><span style=\"font-size: 14pt;\">Para <strong>Bobbio<\/strong> estos l\u00edmites, existentes en todo caso, son de hecho y no de derecho. Son l\u00edmites naturales o, si se quiere de derecho natural, y no estrictamente jur\u00eddicos.<\/span><\/p>\n<p>&nbsp;<\/p>\n<blockquote>\n<p style=\"text-align: center;\"><strong><span style=\"font-size: 14pt; color: #008000;\">Un poder absoluto ser\u00eda aquel no sometido a las leyes que \u00e9l mismo crea. Lo cual no tiene que llevar a la conclusi\u00f3n de que dicho poder es ilimitado<\/span><\/strong><\/p>\n<\/blockquote>\n<p>&nbsp;<\/p>\n<p style=\"text-align: justify;\"><span style=\"font-size: 14pt;\"><strong>Bobbio<\/strong> afirma que va a ser <strong>Spinoza<\/strong> el autor que mejor refleja esta posibilidad. <strong>De esta manera, el Estado tendr\u00eda frente a s\u00ed l\u00edmites de tres clases<\/strong>: por una parte, <strong>los l\u00edmites naturales<\/strong>, que est\u00e1n en funci\u00f3n de la naturaleza constitutiva de aquellos sujetos sometidos al poder del Estado. <\/span><\/p>\n<p style=\"text-align: justify;\"><span style=\"font-size: 14pt;\">Dice muy gr\u00e1ficamente <strong>Bobbio<\/strong> que de la misma manera que nadie puede lograr que una mesa coma hierba, tampoco el Estado puede obligar a un hombre a volar <a id=\"ref87a\"><\/a><strong><a href=\"#ref87\">[87]<\/a><\/strong>: <\/span><\/p>\n<blockquote>\n<p style=\"text-align: justify;\"><span style=\"color: #008000;\"><strong><span style=\"font-size: 14pt;\">estamos ante una imposibilidad\u00a0<\/span><span style=\"font-size: 14pt;\">material que no puede ser superada por el Estado.<\/span><\/strong><\/span><\/p>\n<\/blockquote>\n<p>&nbsp;<\/p>\n<p style=\"text-align: justify;\"><span style=\"font-size: 14pt;\">Por otra parte, existen <strong>l\u00edmites derivados de la naturaleza del Estado<\/strong>: la imposibilidad frente a la que se encuentra el Estado es de tipo racional o moral. <\/span><\/p>\n<p style=\"text-align: justify;\"><span style=\"font-size: 14pt;\">Por \u00faltimo, <strong>l\u00edmites de tipo objetivo<\/strong>, como por ejemplo los que impiden al Estado regular las dimensiones internas del individuo. <\/span><span style=\"font-size: 14pt;\">apostillar en este sentido que parece que existe una gran semejanza l\u00f3gica entre los l\u00edmites de la primera clase y los de la segunda, desde el momento en que, si el Estado no puede, o no debe, entrar a regular los \u00e1mbitos de la conciencia por pertenecer \u00e9stos al fuero interno del sujeto, ello es debido en buena medida a la configuraci\u00f3n natural de la persona humana, que impide la intromisi\u00f3n de los elementos externos en los terrenos profundos de la individualidad.<\/span><\/p>\n<p style=\"text-align: justify;\"><span style=\"font-size: 14pt;\">A tenor de lo anterior, quiz\u00e1s pueda tener alg\u00fan sentido la matizaci\u00f3n del car\u00e1cter absoluto del Poder pol\u00edtico en <strong>Spinoza<\/strong>, afirmando que <strong>es absoluto pero no es ilimitado<\/strong>.<\/span><\/p>\n<p>&nbsp;<\/p>\n<p><img loading=\"lazy\" decoding=\"async\" class=\"aligncenter wp-image-2287405\" src=\"https:\/\/puntocritico.com\/ausajpuntocritico\/wp-content\/uploads\/2023\/09\/Spinoza-militante-de-la-verdad-300x204.jpg\" alt=\"\" width=\"400\" height=\"272\" srcset=\"https:\/\/puntocritico.com\/ausajpuntocritico\/wp-content\/uploads\/2023\/09\/Spinoza-militante-de-la-verdad-300x204.jpg 300w, https:\/\/puntocritico.com\/ausajpuntocritico\/wp-content\/uploads\/2023\/09\/Spinoza-militante-de-la-verdad-1024x695.jpg 1024w, https:\/\/puntocritico.com\/ausajpuntocritico\/wp-content\/uploads\/2023\/09\/Spinoza-militante-de-la-verdad-768x522.jpg 768w, https:\/\/puntocritico.com\/ausajpuntocritico\/wp-content\/uploads\/2023\/09\/Spinoza-militante-de-la-verdad.jpg 1044w\" sizes=\"auto, (max-width: 400px) 100vw, 400px\" \/><\/p>\n<p style=\"text-align: center;\"><span style=\"font-size: 18pt;\">\u2666<span style=\"color: #339966;\">\u2666<\/span>\u2666<span style=\"color: #339966;\">\u2666<\/span>\u2666<span style=\"color: #339966;\">\u2666<\/span>\u2666<\/span><\/p>\n<blockquote>\n<h2 style=\"text-align: center;\"><strong>Notas<\/strong><\/h2>\n<p style=\"text-align: justify;\"><span style=\"font-size: 14pt;\"><a href=\"#ref20a\">[20]<\/a> S. HAMPSHIRE: Spinoza, trad. de Vidal Pe\u00f1a. Alianza. Madrid. 1982, p\u00e1g. 128.<\/span><\/p>\n<p style=\"text-align: justify;\"><span style=\"font-size: 14pt;\"><a href=\"#ref21a\">[21]<\/a> SPINOZA: \u00c9tica, cil., 1. ap.. p\u00e1g. 89.<\/span><\/p>\n<p style=\"text-align: justify;\"><span style=\"font-size: 14pt;\"><a href=\"#ref22a\">[22]<\/a> SPINOZA: \u00c9tica, cit.. I, prop. XXXIV, dcm., p\u00e1g. 87.<\/span><\/p>\n<p style=\"text-align: justify;\"><span style=\"font-size: 14pt;\"><a href=\"#ref23a\">[23]<\/a> SPINOZA: \u00c9tica, cit.. I. prop. XXXIV. p\u00e1g. 87.<\/span><\/p>\n<p style=\"text-align: justify;\"><span style=\"font-size: 14pt;\"><a href=\"#ref24a\">[24]<\/a> SPINOZA: \u00c9tica, cit., I, prop. XXV, cor., p\u00e1g. 74.<\/span><\/p>\n<p style=\"text-align: justify;\"><span style=\"font-size: 14pt;\"><a href=\"#ref25a\">[25]<\/a> S. HAMPSHIRE: Spinoza. cit., p\u00e1g. 163.<\/span><\/p>\n<p style=\"text-align: justify;\"><span style=\"font-size: 14pt;\"><a href=\"#ref26a\">[26]<\/a> \u00abCuando el alma humana considera los cuerpos exteriores por obra de las ideas de las afecciones de su propio cuerpo, decimos entonces que \u00abimagina\u00bb\u00bb, SPINOZA: \u00c9tica, cit.. II. prop. XXVI. dcm., p\u00e1g. 136.<\/span><\/p>\n<p style=\"text-align: justify;\"><span style=\"font-size: 14pt;\"><a href=\"#ref27a\">[27]<\/a> \u00ab&#8230; el alma no tiene ni de s\u00ed misma, ni de su cuerpo, ni de los cuerpos exteriores, un conocimiento adecuado, sino s\u00f3lo confuso y mutilado, cuantas veces percibe las cosas seg\u00fan el orden com\u00fan de la naturaleza, esto es. siempre que es determinada de un modo externo, a saber, seg\u00fan la fortuita presentaci\u00f3n de las cosas, a considerar esto o aquello\u00bb. SPINOZA: \u00c9tica, cit., II, prop. XXIX. Esc, p\u00e1g. 139.<\/span><\/p>\n<p style=\"text-align: justify;\"><span style=\"font-size: 14pt;\"><a href=\"#ref28a\">[28]<\/a> S. HAMPSHIRE: Spinoza, cit., p\u00e1g. 89.<\/span><\/p>\n<p style=\"text-align: justify;\"><span style=\"font-size: 14pt;\"><a href=\"#ref29a\">[29]<\/a> Ibklem.<\/span><\/p>\n<p style=\"text-align: justify;\"><span style=\"font-size: 14pt;\"><a href=\"#ref30a\">[30]<\/a> F. J. PE\u00d1A ECHEVERR\u00cdA: La filosof\u00eda pol\u00edtica de Espinosa, cit., p\u00e1g. 181.<\/span><\/p>\n<p style=\"text-align: justify;\"><span style=\"font-size: 14pt;\"><a href=\"#ref31a\">[31]<\/a> SPINOZA: \u00c9tica, cit., III, prop. IV, p\u00e1g. 181.<\/span><\/p>\n<p style=\"text-align: justify;\"><span style=\"font-size: 14pt;\"><a href=\"#ref32a\">[32]<\/a> SPINOZA: \u00c9tica, cit., III, prop. VII, p\u00e1g. 182. En el cap\u00edtulo II de la <em><strong>\u00c9tica<\/strong><\/em>, <strong>Spinoza<\/strong> aclara el concepto de esencia: \u00ab<em>Digo que pertenece a la esencia de una cosa aquello dado lo cual la cosa resulta necesariamente dada, y quitado lo cual la cosa necesariamente no se da; o sea, aquello sin lo cual la cosa \u2014y viceversa, aquello que sin la cosa\u2014 no puede ser ni concebirse<\/em>\u00bb, definics., p\u00e1g. 100.<\/span><\/p>\n<p style=\"text-align: justify;\"><span style=\"font-size: 14pt;\"><a href=\"#ref33a\">[33]<\/a> S. HAMPSHIRE: Spinoza, cit., p\u00e1g. 89.<\/span><\/p>\n<p style=\"text-align: justify;\"><span style=\"font-size: 14pt;\"><a href=\"#ref34a\">[34]<\/a> Vid. SPINOZA: \u00c9tica, cit., III, prop. XI, esc, p\u00e1gs. 184-186.<\/span><\/p>\n<p style=\"text-align: justify;\"><span style=\"font-size: 14pt;\"><a href=\"#ref35a\">[35]<\/a> Vid. SPINOZA: \u00c9tica. III, p\u00e1gs. 234-248.<\/span><\/p>\n<p style=\"text-align: justify;\"><span style=\"font-size: 14pt;\"><a href=\"#ref36a\">[36]<\/a> A. DOM\u00cdNGUEZ: \u00abIntroducci\u00f3n\u00bb en SPINOZA: Tratado Pol\u00edtico, trad., introd., y notas de A. Dom\u00ednguez, Alianza, Madrid, 1986.<\/span><\/p>\n<p style=\"text-align: justify;\"><span style=\"font-size: 14pt;\"><a href=\"#ref37a\">[37]<\/a> SPINOZA: \u00c9tica, IV, prop. III, p\u00e1g. 259.<\/span><\/p>\n<p style=\"text-align: justify;\"><span style=\"font-size: 14pt;\"><a href=\"#ref38a\">[38]<\/a> SPINOZA: \u00c9tica, IV, prop. V, p\u00e1g. 261.<\/span><\/p>\n<p style=\"text-align: justify;\"><span style=\"font-size: 14pt;\"><a href=\"#ref39a\">[39]<\/a> E. GIANCOTTI: \u00abSui concetti di potenza e potere in Spinoza\u00bb, Filosof\u00eda Pol\u00edtica, a. IV, I, giugno 1990, p\u00e1g. 106<\/span><\/p>\n<p style=\"text-align: justify;\"><span style=\"font-size: 14pt;\"><a href=\"#ref40a\">[40]<\/a> Vid. G. SOLARI: \u00abLa dottrina del contrato sociale \u00a1n Spinoza\u00bb. ID., La filosof\u00eda pol\u00edtica. I, Laterza. Roma, 1974. p\u00e1g. 197.<\/span><\/p>\n<p style=\"text-align: justify;\"><span style=\"font-size: 14pt;\"><a href=\"#ref41a\">[41]<\/a> Sobre las vicisitudes que rodearon la publicaci\u00f3n de las obras de Spinoza, puede consultarse el documentado estudio de A. RAV\u00c1, \u00abLe opere di Spinoza\u00bb. en ID., Smdi su Spinoza c Ficlue. cit.. p\u00e1gs. 7 y ss.<\/span><\/p>\n<p style=\"text-align: justify;\"><span style=\"font-size: 14pt;\"><a href=\"#ref42a\">[42]<\/a> Vid. A. NKGRI: La anomal\u00eda salvaje, cit.. p\u00e1g. 202.<\/span><\/p>\n<p style=\"text-align: justify;\"><span style=\"font-size: 14pt;\"><a href=\"#ref43a\">[43]<\/a> G. PECES-BARBA: \u00abLos derechos del hombre en 1789 (Reflexiones en el segundo centenario de la Declaraci\u00f3n Francesa)\u00bb. Anuario de Filosof\u00eda del Derecho, nueva \u00e9poca, VI, 1989, p\u00e1g. 81.<\/span><\/p>\n<p style=\"text-align: justify;\"><span style=\"font-size: 14pt;\"><a href=\"#ref44a\">[44]<\/a> S. HAMPSHIRE: DOS teor\u00edas de la moralidad, trad. de J. J. Utrilla. Fondo de Cultura Econ\u00f3mica, M\u00e9xico, 1984, p\u00e1g. 93.<\/span><\/p>\n<p style=\"text-align: justify;\"><span style=\"font-size: 14pt;\"><a href=\"#ref45a\">[45]<\/a> SPINOZA: Tratado Teol\u00f3gico-Politico, cit., p\u00e1g. 60.<\/span><\/p>\n<p style=\"text-align: justify;\"><span style=\"font-size: 14pt;\"><a href=\"#ref46a\">[46]<\/a> SPINOZA: Tratado Teol\u00f3gico-Pol\u00edtico. cit., XIV, p\u00e1g. 309.<\/span><\/p>\n<p style=\"text-align: justify;\"><span style=\"font-size: 14pt;\"><a href=\"#ref47a\">[47]<\/a> SPINOZA: Tratado Teol\u00fagico-Pol\u00edlico, cit., XVI, p\u00e1g. 331.<\/span><\/p>\n<p style=\"text-align: justify;\"><span style=\"font-size: 14pt;\"><a href=\"#ref48a\">[48]<\/a> Vid. F. J. PE\u00d1A ECHEVERR\u00cdA: La filosof\u00eda pol\u00edtica de Espinosa, cit., p\u00e1g. 181, retomando a Deregibus.<\/span><\/p>\n<p style=\"text-align: justify;\"><span style=\"font-size: 14pt;\"><a href=\"#ref49a\">[49]<\/a> SPINOZA: Tratado Teol\u00f3gico-Pol\u00edlico, cit., XVI, p\u00e1g. 332.<\/span><\/p>\n<p style=\"text-align: justify;\"><span style=\"font-size: 14pt;\"><a href=\"#ref50a\">[50]<\/a> SPINOZA: Tratado Pol\u00edtico, cit., II, p\u00e1g. 85.<\/span><\/p>\n<p style=\"text-align: justify;\"><span style=\"font-size: 14pt;\"><a href=\"#ref51a\">[51]<\/a> Vid. A. FRATI: \u00abDiritto e diritto naturale nella meditazione spinoziana\u00bb, Rivista Inlernazionale di Filosof\u00eda del Diritto. 1953, p\u00e1g. 213.<\/span><\/p>\n<p style=\"text-align: justify;\"><span style=\"font-size: 14pt;\"><a href=\"#ref52a\">[52]<\/a> F. J. PE\u00d1A ECHEVERR\u00cdA: La filosof\u00eda pol\u00edtica de Espinosa, cit., p\u00e1g. 185.<\/span><\/p>\n<p style=\"text-align: justify;\"><span style=\"font-size: 14pt;\"><a href=\"#ref53a\">[53]<\/a> R. MISRAHI: Spinoza. p\u00e1g. 103<\/span><\/p>\n<p style=\"text-align: justify;\"><span style=\"font-size: 14pt;\"><a href=\"#ref54a\">[54]<\/a> Un an\u00e1lisis de la idea de contrato social en Spinoza puede encontrarse en G. SOLARI: \u00abLa dottrina del contrato sociale in Spinoza\u00bb, cit.; J. GAKCIA LI\u00cdAL: \u00abLa teor\u00eda del contrato social: Spinoza frente a Hobbes\u00bb, cit.<\/span><\/p>\n<p style=\"text-align: justify;\"><span style=\"font-size: 14pt;\"><a href=\"#ref55a\">[55]<\/a> Vid. F. J. PE\u00d1A ECHEVERR\u00cdA: UI filosof\u00eda potinca de Espinosa, cit., p\u00e1g. 193.<\/span><\/p>\n<p style=\"text-align: justify;\"><span style=\"font-size: 14pt;\"><a href=\"#ref56a\">[56]<\/a> Vid. L. M\u00dcCNIER-POLLET: La philosophie \u00a1wlitique de Spinoza, Librairie Philosophique J. Vrin. Paris. 1976. pags. 111-112.<\/span><\/p>\n<p style=\"text-align: justify;\"><span style=\"font-size: 14pt;\"><a href=\"#ref57a\">[57]<\/a> \u00ab<em>Concluimos, pues, que no est\u00e1 en potestad de cualquier hombre usar siempre de la raz\u00f3n ni hallarse en la cumbre de la libertad humana, y que. no obstante, cada uno se esfuerza siempre cuanto puede en conservar su ser. <\/em><\/span><\/p>\n<p style=\"text-align: justify;\"><span style=\"font-size: 14pt;\"><em>Y como cada uno goza de tanto derecho como poder posee, cuanto intenta hacer y hace uno cualquiera, sea sabio o ignorante, lo intenta y lo hace con el mismo derecho de la naturaleza. <\/em><\/span><\/p>\n<p style=\"text-align: justify;\"><span style=\"font-size: 14pt;\"><em>De donde se sigue que el derecho y la norma natural, bajo la cual todos los hombres nacen y viven la mayor parte de su vida, no proh\u00edbe sino lo que nadie desea y nadie puede; no se opone a las ri\u00f1as, ni a los odios, ni a la ira, ni al enga\u00f1o, ni absolutamente a nada de cuanto aconseje el apetito<\/em>\u00bb. <\/span><\/p>\n<p style=\"text-align: justify;\"><span style=\"font-size: 14pt;\">SPINOZA: Tratado Pol\u00edtico, cit., II. p\u00e1g. 89.<\/span><\/p>\n<p style=\"text-align: justify;\"><span style=\"font-size: 14pt;\"><a href=\"#ref58a\">[58]<\/a> SPINOZA: Tratado Teol\u00f3gico-Pol\u00edtico, cit., XVI, p\u00e1g. 334.<\/span><\/p>\n<p style=\"text-align: justify;\"><span style=\"font-size: 14pt;\"><a href=\"#ref59a\">[59]<\/a>\u00a0A. DOM\u00cdNGUEZ: \u00abSpinoza\u00bb, cit., p\u00e1g. 329.<\/span><\/p>\n<p style=\"text-align: justify;\"><span style=\"font-size: 14pt;\"><a href=\"#ref60a\">[60]<\/a> SPINOZA: Tratado Teol\u00f3gico-Pol\u00edtico. cit., XVI, p\u00e1g. 335. El contenido de este compromiso coincide con el significado del principio de justicia expuesto por THOMASIO: \u00ab<em>NO hagas a otro lo que no quieras que te hagan a ti<\/em>\u00bb, Fundamentos de derecho natural y de gentes, est. prel. de i. J. Gil Cremades, trad. y notas, de S. Rus y M.\u00bb A. S\u00e1nchez, Tecnos, Madrid, 1994, p\u00e1g. 258.<\/span><\/p>\n<p style=\"text-align: justify;\"><span style=\"font-size: 14pt;\"><a href=\"#ref61a\">[61]<\/a> Vid. L. MUGNIER-POLLET: La philosophie politique de Spinoza, cit., p\u00e1g. 117.<\/span><\/p>\n<p style=\"text-align: justify;\"><span style=\"font-size: 14pt;\"><a href=\"#ref62a\">[62]<\/a> SPINOZA: Tratado Teol\u00f3gico-Pol\u00edtico, cit., XVI, p\u00e1g. 335.<\/span><\/p>\n<p style=\"text-align: justify;\"><span style=\"font-size: 14pt;\"><a href=\"#ref63a\">[63]<\/a> SPINOZA: Tratado Teol\u00f3gico-Pol\u00edtico, cit., XVI, p\u00e1g. 338.<\/span><\/p>\n<p style=\"text-align: justify;\"><span style=\"font-size: 14pt;\"><a href=\"#ref64a\">[64]<\/a> G. SOLARI: \u00abLa dottrina del contrato sociale in Spinoza\u00bb, cit., p\u00e1g. 227.<\/span><\/p>\n<p style=\"text-align: justify;\"><span style=\"font-size: 14pt;\"><a href=\"#ref65a\">[65]<\/a>\u00a0SPINOZA: Tratado Pol\u00edtico, cit., II, p\u00e1g. 92.<\/span><\/p>\n<p style=\"text-align: justify;\"><span style=\"font-size: 14pt;\"><a href=\"#ref66a\">[66]<\/a> E. GIANCOTTI: \u00abSui concetti di potenza e potere in Spinoza\u00bb, cit., p\u00e1g. 110.<\/span><\/p>\n<p style=\"text-align: justify;\"><span style=\"font-size: 14pt;\"><a href=\"#ref67a\">[67]<\/a> SPINOZA: Tratado Pol\u00edtico, cit., II, p\u00e1g. 92.<\/span><\/p>\n<p style=\"text-align: justify;\"><span style=\"font-size: 14pt;\"><a href=\"#ref68a\">[68]<\/a> Vid. E. GIANCOTTI: \u00abSui concetli di potenza e potere in Spinoza\u00bb, cit., p\u00e1g. 111.<\/span><\/p>\n<p style=\"text-align: justify;\"><span style=\"font-size: 14pt;\"><a href=\"#ref69a\">[69]<\/a> SPINOZA: Tratado Pol\u00edtico, cit., II, p\u00e1g. 92.<\/span><\/p>\n<p style=\"text-align: justify;\"><span style=\"font-size: 14pt;\"><a href=\"#ref70a\">[70]<\/a> SPINOZA: Tratado Teol\u00f3gico-Pol\u00edtico, cit., XVI, p\u00e1g. 338.<\/span><\/p>\n<p style=\"text-align: justify;\"><span style=\"font-size: 14pt;\"><a href=\"#ref71a\">[71]<\/a> SPINOZA: Correspondencia, \u00a1ntr., trad., notas e \u00edndices de A. Dom\u00ednguez. Alianza, Madrid, 1988, cana 50, p\u00e1g. 308.<\/span><\/p>\n<p style=\"text-align: justify;\"><span style=\"font-size: 14pt;\"><a href=\"#ref72a\">[72]<\/a> SPINOZA: Tratado Teol\u00f3gico-Pol\u00edtico. cit., XVI, p\u00e1g. 341.<\/span><\/p>\n<p style=\"text-align: justify;\"><span style=\"font-size: 14pt;\"><a href=\"#ref73a\">[73]<\/a> Vid. E. GIANCOTTI: \u00abSui concetti di potenza c polere in Spinoza\u00bb, cit., p\u00e1g. III.<\/span><\/p>\n<p style=\"text-align: justify;\"><span style=\"font-size: 14pt;\"><a href=\"#ref74a\">[74]<\/a> Vid. SPINOZA: Tratado Pol\u00edtico, cit., II, p\u00e1g. 94.<\/span><\/p>\n<p style=\"text-align: justify;\"><span style=\"font-size: 14pt;\"><a href=\"#ref75a\">[75]<\/a> Vid. L. MUGNIER-POLLET: La philosophie potinque de Spinoza, cit., p\u00e1g. 143.<\/span><\/p>\n<p style=\"text-align: justify;\"><span style=\"font-size: 14pt;\"><a href=\"#ref76a\">[76]<\/a> Vid. L. MUGNIER-POLLET: La philosophie politique de Spinoza. cit., p\u00e1g. 144.<\/span><\/p>\n<p style=\"text-align: justify;\"><span style=\"font-size: 14pt;\"><a href=\"#ref77a\">[77]<\/a> SPINOZA: Tratado Teol\u00f3gico-Pol\u00edtico, cit., XVII, p\u00e1g. 368.<\/span><\/p>\n<p style=\"text-align: justify;\"><span style=\"font-size: 14pt;\"><a href=\"#ref78a\">[78]<\/a> Vid. L. MUGNIER-POLLET: La philosophie politique de Spinoza, cit., p\u00e1g. 149.<\/span><\/p>\n<p style=\"text-align: justify;\"><span style=\"font-size: 14pt;\"><a href=\"#ref79a\">[79]<\/a> Vid. L. MUGNIER-POLLET: IM philosophie politique de Spinoza, cit., p\u00e1g. 152<\/span><\/p>\n<p style=\"text-align: justify;\"><span style=\"font-size: 14pt;\"><a href=\"#ref80a\">[80]<\/a> SPINOZA: Tratado Teol\u00f3gico-Pol\u00edtico. cit.. XVI. p\u00e1g. 339.<\/span><\/p>\n<p style=\"text-align: justify;\"><span style=\"font-size: 14pt;\"><a href=\"#ref81a\">[81]<\/a> Ibidem<\/span><\/p>\n<p style=\"text-align: justify;\"><span style=\"font-size: 14pt;\"><a href=\"#ref82a\">[82]<\/a> SPINOZA: Tratado Teol\u00f3gico-Pol\u00edtico. cit., XVII, p;\u00edg. 350.<\/span><\/p>\n<p style=\"text-align: justify;\"><span style=\"font-size: 14pt;\"><a href=\"#ref83a\">[83]<\/a> No obstante, puede consultarse al respecto. F. J. ANSUATEGUI ROIG: Or\u00edgenes doctrinales de la libertad de expresi\u00f3n, cit., p\u00e1gs. 205 y ss.<\/span><\/p>\n<p style=\"text-align: justify;\"><span style=\"font-size: 14pt;\"><a href=\"#ref84a\">[84]<\/a> SPINOZA: Tratado Teol\u00f3gico-Pol\u00edtico, cit.. XX, p\u00e1g. 408.<\/span><\/p>\n<p style=\"text-align: justify;\"><span style=\"font-size: 14pt;\"><a href=\"#ref85a\">[85]<\/a> Vid. SPINOZA: Tratado Teol\u00f3gico-Pol\u00edtico. en.. XVII. p\u00e1g. 352.<\/span><\/p>\n<p style=\"text-align: justify;\"><span style=\"font-size: 14pt;\"><a href=\"#ref86a\">[86]<\/a> N. BOBBIO: \u00abEl modelo iusnaluralista\u00bb. ID.. Estudios de historia de la filosof\u00eda (de Hobbes a Gramsci). trad. de J. C. Bay\u00f3n, est. prel. de A. Ruiz Miguel, D\u00e9bale, Madrid. 1985. p\u00e1g. 128.<\/span><\/p>\n<p style=\"text-align: justify;\"><span style=\"font-size: 14pt;\"><a href=\"#ref87a\">[87]<\/a> N. BOBBIO: \u00abEl modelo iusnaturalisla\u00bb, cit., p\u00e1g. 129.<\/span><\/p>\n<\/blockquote>\n<p style=\"text-align: justify;\">\u00a0<\/p>\n<figure id=\"attachment_2297770\" aria-describedby=\"caption-attachment-2297770\" style=\"width: 436px\" class=\"wp-caption aligncenter\"><img loading=\"lazy\" decoding=\"async\" class=\"wp-image-2297770 size-full\" src=\"https:\/\/puntocritico.com\/ausajpuntocritico\/wp-content\/uploads\/2024\/05\/Rembrandt-y-Spinoza.png\" alt=\"\" width=\"436\" height=\"303\" srcset=\"https:\/\/puntocritico.com\/ausajpuntocritico\/wp-content\/uploads\/2024\/05\/Rembrandt-y-Spinoza.png 436w, https:\/\/puntocritico.com\/ausajpuntocritico\/wp-content\/uploads\/2024\/05\/Rembrandt-y-Spinoza-300x208.png 300w\" sizes=\"auto, (max-width: 436px) 100vw, 436px\" \/><figcaption id=\"caption-attachment-2297770\" class=\"wp-caption-text\"><span style=\"color: #008000;\">\u00abRembrandt y Spinoza\u00bb<\/span><\/figcaption><\/figure>\n<p>&nbsp;<\/p>\n<p>&nbsp;<\/p>\n<p><a href=\"https:\/\/puntocritico.com\/author\/punto-critico\/\"><img loading=\"lazy\" decoding=\"async\" class=\"aligncenter wp-image-48\" src=\"https:\/\/puntocritico.com\/ausajpuntocritico\/wp-content\/uploads\/2016\/11\/Mosca_Punto_Cr\u00edtico_40.png\" alt=\"\" width=\"70\" height=\"70\" \/><\/a><\/p>\n<p>&nbsp;<\/p>\n","protected":false},"excerpt":{"rendered":"<div class=\"mh-excerpt\"><p>CONATUS PARTE I: El concepto de Poder en Spinoza PARTE II: El concepto de Poder en Spinoza PARTE III: El concepto de Poder en Spinoza PARTE IV: El concepto de Poder en Spinoza &nbsp; \u00abLa <a class=\"mh-excerpt-more\" href=\"https:\/\/puntocritico.com\/ausajpuntocritico\/2026\/03\/27\/conatus-concepto-de-poder-spinoza-parte-iii\/\" title=\"CONATUS Y SUPREMAS POTESTADES: El concepto de Poder en Spinoza (Parte 3), por F. Javier Ansu\u00e1tegui Roig.\">[&#8230;]<\/a><\/p>\n<\/div>","protected":false},"author":3,"featured_media":9801,"comment_status":"open","ping_status":"closed","sticky":false,"template":"","format":"standard","meta":{"_acf_changed":false,"_exactmetrics_skip_tracking":false,"_exactmetrics_sitenote_active":false,"_exactmetrics_sitenote_note":"","_exactmetrics_sitenote_category":0,"footnotes":""},"categories":[8],"tags":[43],"class_list":{"0":"post-19223","1":"post","2":"type-post","3":"status-publish","4":"format-standard","5":"has-post-thumbnail","7":"category-filosofia","8":"tag-spinoza"},"acf":[],"_links":{"self":[{"href":"https:\/\/puntocritico.com\/ausajpuntocritico\/wp-json\/wp\/v2\/posts\/19223","targetHints":{"allow":["GET"]}}],"collection":[{"href":"https:\/\/puntocritico.com\/ausajpuntocritico\/wp-json\/wp\/v2\/posts"}],"about":[{"href":"https:\/\/puntocritico.com\/ausajpuntocritico\/wp-json\/wp\/v2\/types\/post"}],"author":[{"embeddable":true,"href":"https:\/\/puntocritico.com\/ausajpuntocritico\/wp-json\/wp\/v2\/users\/3"}],"replies":[{"embeddable":true,"href":"https:\/\/puntocritico.com\/ausajpuntocritico\/wp-json\/wp\/v2\/comments?post=19223"}],"version-history":[{"count":0,"href":"https:\/\/puntocritico.com\/ausajpuntocritico\/wp-json\/wp\/v2\/posts\/19223\/revisions"}],"wp:featuredmedia":[{"embeddable":true,"href":"https:\/\/puntocritico.com\/ausajpuntocritico\/wp-json\/wp\/v2\/media\/9801"}],"wp:attachment":[{"href":"https:\/\/puntocritico.com\/ausajpuntocritico\/wp-json\/wp\/v2\/media?parent=19223"}],"wp:term":[{"taxonomy":"category","embeddable":true,"href":"https:\/\/puntocritico.com\/ausajpuntocritico\/wp-json\/wp\/v2\/categories?post=19223"},{"taxonomy":"post_tag","embeddable":true,"href":"https:\/\/puntocritico.com\/ausajpuntocritico\/wp-json\/wp\/v2\/tags?post=19223"}],"curies":[{"name":"wp","href":"https:\/\/api.w.org\/{rel}","templated":true}]}}