{"id":19171,"date":"2019-06-12T00:52:57","date_gmt":"2019-06-11T23:52:57","guid":{"rendered":"http:\/\/puntocritico.com\/?p=19171"},"modified":"2019-06-12T00:50:58","modified_gmt":"2019-06-11T23:50:58","slug":"ostracismo","status":"publish","type":"post","link":"https:\/\/puntocritico.com\/ausajpuntocritico\/2019\/06\/12\/ostracismo\/","title":{"rendered":"OSTRACISMO"},"content":{"rendered":"<div id=\":7qe\">\n<div class=\"btm\">\n<blockquote>\n<h1 class=\"cb-entry-title cb-single-title\"><span style=\"font-size: 18pt; color: #008000;\">Ar\u00edstides, el m\u00e1s justo de Atenas<\/span><\/h1>\n<p>Por Rub\u00e9n Garc\u00eda\u00a0<\/p>\n<p><a href=\"http:\/\/www.ocesaronada.net\/aristides-el-justo\/\" target=\"_blank\" rel=\"noopener\">ocesaronada.net<\/a><\/p>\n<p style=\"text-align: justify;\"><span style=\"font-size: 14pt;\">Quiz\u00e1s no hubo otro m\u00e1s integro en toda Grecia que\u00a0<strong>Ar\u00edstides<\/strong>, pol\u00edtico, magistrado y estratega militar ateniense, fue clave en las m\u00e1s importantes batallas de las\u00a0<strong><a title=\"\u00bfCu\u00e1les fueron las Guerras M\u00e9dicas?\" href=\"http:\/\/www.ocesaronada.net\/cuales-fueron-las-guerras-medicascuantas-huboa-quien-enfrento\/\" target=\"_blank\" rel=\"noopener\">Guerras M\u00e9dicas<\/a><\/strong>, como\u00a0<strong>Marat\u00f3n<\/strong>\u00a0o\u00a0<strong>Platea<\/strong>, en las que\u00a0ejerci\u00f3 como estratega.<\/span><\/p>\n<p style=\"text-align: justify;\"><span style=\"font-size: 14pt;\">Sin embargo\u00a0ser una persona tan\u00a0importante en su polis no le vali\u00f3 para librarse del destierro, o quiz\u00e1s fue eso lo que le conden\u00f3. Un enfrentamiento con otro popular ciudadano ateniense,\u00a0<strong>Tem\u00edstocles,<\/strong>\u00a0le vali\u00f3 en 482 c.C.\u00a0pasar al\u00a0<strong><a href=\"http:\/\/www.ocesaronada.net\/pasar-al-ostracismo-en-la-grecia-antigua\/\" target=\"_blank\" rel=\"noopener\">ostracismo<\/a><\/strong>, m\u00e9todo\u00a0que tras una votaci\u00f3n los ciudadanos decid\u00edan si un personaje deb\u00eda ser desterrado de la polis. Precisamente por necesidad fue amnistiado en el 480 a.C., la segunda Guerra M\u00e9dica le puso de nuevo al mando del ej\u00e9rcito para derrotar a\u00a0<strong>Jerjes I<\/strong>\u00a0en\u00a0<strong>la batalla de Salamina<\/strong>.<\/span><\/p>\n<h2 style=\"text-align: justify;\"><span style=\"font-size: 14pt;\">Ar\u00edstides, el justo<\/span><\/h2>\n<p style=\"text-align: justify;\"><span style=\"font-size: 14pt;\">Adquiri\u00f3 el sobrenombre de \u201cel justo\u201d debido a muchas cuestiones en las que obr\u00f3 con justicia. Precisamente en\u00a0la votaci\u00f3n para su ostracismo, uno de los ciudadano con derecho a voto pero analfabeto y que nunca le hab\u00eda visto, le pidi\u00f3 que escribiera su nombre. Este le pregunt\u00f3 que por que quer\u00eda exiliarle,\u00a0ante lo que el hombre\u00a0respondi\u00f3: \u201cEstoy cansado que le llamen Ar\u00edstides el justo\u201d y Ar\u00edstides escribi\u00f3 su propio nombre.<\/span><\/p>\n<\/blockquote>\n<\/div>\n<\/div>\n<div class=\"\">\n<div id=\":84e\" tabindex=\"-1\">\u00a0<\/div>\n<\/div>\n<div style=\"text-align: center;\"><span style=\"font-size: 14pt; color: #008000;\">\u2666\u2666\u2666\u2666\u2666<\/span><\/div>\n<div>\u00a0<\/div>\n<div>\u00a0<\/div>\n<div><img loading=\"lazy\" decoding=\"async\" class=\"aligncenter wp-image-19176 size-full\" src=\"https:\/\/puntocritico.com\/ausajpuntocritico\/wp-content\/uploads\/2019\/06\/aristides.jpg\" alt=\"\" width=\"340\" height=\"332\" srcset=\"https:\/\/puntocritico.com\/ausajpuntocritico\/wp-content\/uploads\/2019\/06\/aristides.jpg 340w, https:\/\/puntocritico.com\/ausajpuntocritico\/wp-content\/uploads\/2019\/06\/aristides-300x293.jpg 300w\" sizes=\"auto, (max-width: 340px) 100vw, 340px\" \/><\/div>\n<div>\u00a0<\/div>\n<div>\n<div class=\"container\">\n<div class=\"pro_top_title\">\n<h1 class=\"entry-title\" style=\"text-align: center;\">Condenado al ostracismo\u2026 por justo<\/h1>\n<p>Por Irreductible\u00a0<\/p>\n<p><a href=\"https:\/\/irreductible.naukas.com\/2009\/03\/24\/condenado-al-ostracismo-por-justo\/\" target=\"_blank\" rel=\"noopener\">irreductible.naukas.com\u00a0<\/a><\/p>\n<\/div>\n<\/div>\n<div class=\"container\">\n<div class=\"row\">\n<article id=\"post-656\" class=\"single-post-wrapper post-656 post type-post status-publish format-standard has-post-thumbnail hentry category-curiosidades-de-la-historia category-historia-antigua\">\n<div class=\"col-lg-9 col-md-9 col-xs-12 col-sm-12 \">\n<div id=\"primary\" class=\"content-area\"><main id=\"main\" class=\"site-main\"><center><\/center><\/p>\n<header class=\"entry-header\"><\/header>\n<div class=\"entry-content\">\n<p style=\"text-align: justify;\"><span style=\"font-size: 14pt;\">Resulta curioso c\u00f3mo utilizamos frases en nuestro d\u00eda a d\u00eda, pero pocas veces nos paramos a pensar cu\u00e1l es el significado real o la procedencia de \u00e9stas. Hoy en una conversaci\u00f3n online, ha surgido el tema y la frase en cuesti\u00f3n: Condenado al ostracismo.<\/span><\/p>\n<p style=\"text-align: justify;\"><span style=\"font-size: 14pt;\">Al oirla, a mi mente ha saltado instant\u00e1neamente la mala fortuna de\u00a0<a href=\"http:\/\/es.wikipedia.org\/wiki\/Ar%C3%ADstides\" target=\"_blank\" rel=\"noopener\">Ar\u00edstides el Justo<\/a>\u00a0y su condena.<\/span><\/p>\n<p>&nbsp;<\/p>\n<p><img loading=\"lazy\" decoding=\"async\" class=\"aligncenter wp-image-19172 size-full\" src=\"https:\/\/puntocritico.com\/ausajpuntocritico\/wp-content\/uploads\/2019\/06\/ostrakon_aristide-580x276.jpg\" alt=\"\" width=\"580\" height=\"276\" srcset=\"https:\/\/puntocritico.com\/ausajpuntocritico\/wp-content\/uploads\/2019\/06\/ostrakon_aristide-580x276.jpg 580w, https:\/\/puntocritico.com\/ausajpuntocritico\/wp-content\/uploads\/2019\/06\/ostrakon_aristide-580x276-300x143.jpg 300w\" sizes=\"auto, (max-width: 580px) 100vw, 580px\" \/><\/p>\n<p>&nbsp;<\/p>\n<p style=\"text-align: justify;\"><span style=\"font-size: 14pt;\">A todos nos gusta se\u00f1alar la Grecia Cl\u00e1sica como la cuna de la Democracia. Y aunque, con muchos matices, bien podr\u00edamos estar de acuerdo en que all\u00ed naci\u00f3 esa particular forma de arreglar los asuntos de la Polis, que muchos han descrito c\u00f3mo la menos mala.<\/span><\/p>\n<p style=\"text-align: justify;\"><span style=\"font-size: 14pt;\">Sin embargo, no todo era reluciente en aquella antigua Democracia. Tambi\u00e9n exist\u00edan algunas instituciones que hoy en d\u00eda, tachar\u00edamos de poco democr\u00e1ticas.<\/span><\/p>\n<p style=\"text-align: justify;\"><span style=\"font-size: 14pt;\">Una de estas instituciones era el\u00a0<a href=\"http:\/\/es.wikipedia.org\/wiki\/Ostracismo\" target=\"_blank\" rel=\"noopener\">Ostracismo<\/a>.<\/span><\/p>\n<p style=\"text-align: justify;\"><span style=\"font-size: 14pt;\">El t\u00e9rmino procede del griego \u201costrakon\u201d, que literalmente significa \u201cteja\u201d o \u201ctrozo de vasija\u201d. Los griegos empleaban este material para escribir y se encontraba f\u00e1cilmente esparcido por el suelo. En estos trozos de teja se escrib\u00eda, con un punz\u00f3n, el nombre de un pol\u00edtico al que se quer\u00eda condenar, por considerarlo un peligro para la comunidad.<\/span><\/p>\n<p style=\"text-align: justify;\"><span style=\"font-size: 14pt;\">Asi pues, una vez al a\u00f1o, toda la Polis se reun\u00eda en el \u00e1gora y escrib\u00eda en estas tejas el nombre de alg\u00fan pol\u00edtico al que consideraban \u201cpeligroso\u201d\u2026 \u00bfEl castigo?\u2026 Ser condenado al ostracismo significaba el destierro durante 10 a\u00f1os.<\/span><\/p>\n<p style=\"text-align: justify;\"><span style=\"font-size: 14pt;\">Tras la votaci\u00f3n, el condenado ten\u00eda 10 d\u00edas para preparar su partida y despedirse de sus seres queridos. Sus bienes eran respetados, sus propiedades segu\u00edan siendo suyas\u2026 simplemente no pod\u00eda entrar en la ciudad durante una d\u00e9cada.<\/span><\/p>\n<p style=\"text-align: justify;\"><span style=\"font-size: 14pt;\">Esta instituci\u00f3n naci\u00f3 en el a\u00f1o 487 a.C como medida preventiva ante posibles intrigas y conjuras internas que pudieran debilitar la democracia griega\u2026 Sin embargo, con el tiempo se fue desvirtuando y comenz\u00f3 a ser utilizada para deshacerse de personajes inc\u00f3modos, pol\u00edticos influyentes o simplemente como una manera c\u00f3moda de buscar \u201cchivos expiatorios\u201d.<\/span><\/p>\n<p>&nbsp;<\/p>\n<p><img loading=\"lazy\" decoding=\"async\" class=\"aligncenter wp-image-19173 size-full\" src=\"https:\/\/puntocritico.com\/ausajpuntocritico\/wp-content\/uploads\/2019\/06\/ostracismo-2.jpg\" alt=\"\" width=\"500\" height=\"226\" srcset=\"https:\/\/puntocritico.com\/ausajpuntocritico\/wp-content\/uploads\/2019\/06\/ostracismo-2.jpg 500w, https:\/\/puntocritico.com\/ausajpuntocritico\/wp-content\/uploads\/2019\/06\/ostracismo-2-300x136.jpg 300w\" sizes=\"auto, (max-width: 500px) 100vw, 500px\" \/><\/p>\n<p>&nbsp;<\/p>\n<p style=\"text-align: justify;\"><span style=\"font-size: 14pt;\">Dentro de esta categor\u00eda encontramos al bueno de\u00a0<a href=\"http:\/\/www.biografiasyvidas.com\/biografia\/a\/aristides.htm\" target=\"_blank\" rel=\"noopener\">Ar\u00edstides<\/a>.<\/span><\/p>\n<p style=\"text-align: justify;\"><span style=\"font-size: 14pt;\">Ar\u00edstides era un pol\u00edtico y militar c\u00f3mo los que ya no se encuentran\u2026 Tan s\u00f3lo decir que en la batalla de Marat\u00f3n, le otogaron el mando de los ej\u00e9rcitos de Grecia, pero lejos de aferrarse al sill\u00f3n, como algunos pol\u00edticos de ahora, consider\u00f3 que otro pol\u00edtico llamado Milciades estaba m\u00e1s capacitado que \u00e9l y le cedi\u00f3 el poder\u2026 eso ya no pasa\u00a0\ud83d\ude09<\/span><\/p>\n<p style=\"text-align: justify;\"><span style=\"font-size: 14pt;\">Muchas fueron las acciones y decisiones sabias que Ar\u00edstides tom\u00f3 en su vida y que le hicieron ganarse el sobrenombre de \u201cEl Justo\u201d.<\/span><\/p>\n<p style=\"text-align: justify;\"><span style=\"font-size: 14pt;\">Sin embargo, tambi\u00e9n le surgieron enemigos, incluso dentro de la propia Grecia\u2026 en una de estas disputas con sus contrincantes, tuvo que enfrentar la incierta votaci\u00f3n al ostracismo, frente a su oponente Tem\u00edstocles.<\/span><\/p>\n<p style=\"text-align: justify;\"><span style=\"font-size: 14pt;\">En el d\u00eda de la votaci\u00f3n, cuenta\u00a0<a href=\"http:\/\/es.wikipedia.org\/wiki\/Plutarco\" target=\"_blank\" rel=\"noopener\">Plutarco<\/a>, que un campesino analfabeto se acerc\u00f3 a Ar\u00edstides con su correspondiente teja y le pidi\u00f3 que escribiera en ella\u2026<\/span><\/p>\n<p style=\"text-align: justify;\"><span style=\"font-size: 14pt;\">Ar\u00edstides le pregunt\u00f3 qu\u00e9 nombre quer\u00eda que escribiese por \u00e9l.<\/span><\/p>\n<p style=\"text-align: justify;\"><span style=\"font-size: 14pt;\">El campesino respondi\u00f3: El de Ar\u00edstides.<\/span><\/p>\n<p style=\"text-align: justify;\"><span style=\"font-size: 14pt;\">El propio Ar\u00edstides, sorprendido, le volvi\u00f3 a preguntar: \u00bfPor qu\u00e9? \u00bfQu\u00e9 mal te ha hecho ese Ar\u00edstides?<\/span><\/p>\n<p style=\"text-align: justify;\"><span style=\"font-size: 14pt;\">\u201cNada en absoluto\u201d \u2013 respondi\u00f3 el campesino \u2013 \u201cNi siquiera le conozco. Pero estoy harto de escuchar por todos lados que le llamen el Justo\u201d\u2026<\/span><\/p>\n<p style=\"text-align: justify;\"><span style=\"font-size: 14pt;\">El pol\u00edtico, no le volvi\u00f3 a replicar y escribi\u00f3 su nombre en aquel trozo de teja\u2026<\/span><\/p>\n<p style=\"text-align: justify;\"><span style=\"font-size: 14pt;\">En el a\u00f1o 484 a.C. Ar\u00edstides el Justo fue condenado al ostracismo y mientras abandonaba la ciudad iba rezando a los Dioses para que fueran ben\u00e9volos con el destino de Grecia\u2026<\/span><\/p>\n<\/div>\n<p><\/main><\/div>\n<\/div>\n<\/article>\n<\/div>\n<\/div>\n<\/div>\n<div style=\"text-align: justify;\">\n<hr \/>\n<p>\nFuentes y m\u00e1s informaci\u00f3n:\u00a0Las fotos corresponden a \u201costrakas\u201d originales procedentes de la votaci\u00f3n contra Ar\u00edstides en el 484 a.C., y se pueden ver en el Museo L\u2019Agora Antique de Atenas, via\u00a0Wikicommons. Para m\u00e1s informaci\u00f3n sobre la instituci\u00f3n del Ostracismo, pod\u00e9is echarle un vistazo a la\u00a0Wiki, a este art\u00edculo de\u00a0Portalplanetasedna\u00a0o al n\u00famero 23 de la Revista\u00a0National Geographic\u00a0de Historia en el que el Doctor en Filolog\u00eda Oscar Martinez realiza una interesante reflexi\u00f3n hist\u00f3rica.<\/div>\n<div>\u00a0<\/div>\n<div><a href=\"https:\/\/es.wikipedia.org\/wiki\/Ar%C3%ADstides\" target=\"_blank\" rel=\"noopener\">https:\/\/es.wikipedia.org\/wiki\/Ar%C3%ADstides<\/a><\/div>\n<div>\u00a0<\/div>\n<div>\u00a0<\/div>\n<div>\u00a0<\/div>\n<div><a href=\"https:\/\/puntocritico.com\/author\/punto-critico\/\"><img loading=\"lazy\" decoding=\"async\" class=\"aligncenter wp-image-48\" src=\"https:\/\/puntocritico.com\/ausajpuntocritico\/wp-content\/uploads\/2016\/11\/Mosca_Punto_Cr\u00edtico_40.png\" alt=\"\" width=\"70\" height=\"70\" \/><\/a><\/div>\n<div>\u00a0<\/div>\n<div>\u00a0<\/div>\n<div>\u00a0<\/div>\n<div>\u00a0<\/div>\n<div>\u00a0<\/div>\n<div>\u00a0<\/div>\n<div>\u00a0<\/div>\n<div>\u00a0<\/div>\n","protected":false},"excerpt":{"rendered":"<div class=\"mh-excerpt\"><p>Ar\u00edstides, el m\u00e1s justo de Atenas Por Rub\u00e9n Garc\u00eda\u00a0 ocesaronada.net Quiz\u00e1s no hubo otro m\u00e1s integro en toda Grecia que\u00a0Ar\u00edstides, pol\u00edtico, magistrado y estratega militar ateniense, fue clave en las m\u00e1s importantes batallas de las\u00a0Guerras <a class=\"mh-excerpt-more\" href=\"https:\/\/puntocritico.com\/ausajpuntocritico\/2019\/06\/12\/ostracismo\/\" title=\"OSTRACISMO\">[&#8230;]<\/a><\/p>\n<\/div>","protected":false},"author":3,"featured_media":19177,"comment_status":"open","ping_status":"closed","sticky":false,"template":"","format":"standard","meta":{"_acf_changed":false,"_exactmetrics_skip_tracking":false,"_exactmetrics_sitenote_active":false,"_exactmetrics_sitenote_note":"","_exactmetrics_sitenote_category":0,"footnotes":""},"categories":[10],"tags":[],"class_list":{"0":"post-19171","1":"post","2":"type-post","3":"status-publish","4":"format-standard","5":"has-post-thumbnail","7":"category-miscelanea"},"acf":[],"_links":{"self":[{"href":"https:\/\/puntocritico.com\/ausajpuntocritico\/wp-json\/wp\/v2\/posts\/19171","targetHints":{"allow":["GET"]}}],"collection":[{"href":"https:\/\/puntocritico.com\/ausajpuntocritico\/wp-json\/wp\/v2\/posts"}],"about":[{"href":"https:\/\/puntocritico.com\/ausajpuntocritico\/wp-json\/wp\/v2\/types\/post"}],"author":[{"embeddable":true,"href":"https:\/\/puntocritico.com\/ausajpuntocritico\/wp-json\/wp\/v2\/users\/3"}],"replies":[{"embeddable":true,"href":"https:\/\/puntocritico.com\/ausajpuntocritico\/wp-json\/wp\/v2\/comments?post=19171"}],"version-history":[{"count":0,"href":"https:\/\/puntocritico.com\/ausajpuntocritico\/wp-json\/wp\/v2\/posts\/19171\/revisions"}],"wp:featuredmedia":[{"embeddable":true,"href":"https:\/\/puntocritico.com\/ausajpuntocritico\/wp-json\/wp\/v2\/media\/19177"}],"wp:attachment":[{"href":"https:\/\/puntocritico.com\/ausajpuntocritico\/wp-json\/wp\/v2\/media?parent=19171"}],"wp:term":[{"taxonomy":"category","embeddable":true,"href":"https:\/\/puntocritico.com\/ausajpuntocritico\/wp-json\/wp\/v2\/categories?post=19171"},{"taxonomy":"post_tag","embeddable":true,"href":"https:\/\/puntocritico.com\/ausajpuntocritico\/wp-json\/wp\/v2\/tags?post=19171"}],"curies":[{"name":"wp","href":"https:\/\/api.w.org\/{rel}","templated":true}]}}