{"id":19090,"date":"2026-03-20T00:05:11","date_gmt":"2026-03-19T23:05:11","guid":{"rendered":"http:\/\/puntocritico.com\/?p=19090"},"modified":"2026-04-03T09:37:24","modified_gmt":"2026-04-03T07:37:24","slug":"el-concepto-de-poder-en-spinoza-ii","status":"publish","type":"post","link":"https:\/\/puntocritico.com\/ausajpuntocritico\/2026\/03\/20\/el-concepto-de-poder-en-spinoza-ii\/","title":{"rendered":"El concepto de Poder en Spinoza (Parte 2), por F. Javier Ansu\u00e1tegui Roig: El papel de la filosof\u00eda pol\u00edtica en el marco de la \u00e9tica spinoziana"},"content":{"rendered":"<p style=\"text-align: justify;\"><span style=\"font-size: 14pt; color: #008000;\">Poder en Spinoza (Parte 2)<\/span><\/p>\n<div style=\"text-align: justify;\">\n<div>\n<div>\n<p style=\"text-align: justify;\"><span style=\"font-size: 14pt; color: #008000;\"><a style=\"color: #008000;\" href=\"https:\/\/puntocritico.com\/ausajpuntocritico\/2026\/03\/13\/individuo-y-estado-el-concepto-de-poder-en-spinoza-1\/\">PARTE I: El concepto de Poder en Spinoza<\/a><\/span><\/p>\n<p style=\"text-align: justify;\"><span style=\"font-size: 14pt; color: #008000;\"><a style=\"color: #008000;\" href=\"https:\/\/puntocritico.com\/ausajpuntocritico\/2026\/03\/20\/el-concepto-de-poder-en-spinoza-ii\/\">PARTE II: El concepto de Poder en Spinoza<\/a><\/span><\/p>\n<p style=\"text-align: justify;\"><a href=\"https:\/\/puntocritico.com\/ausajpuntocritico\/2026\/03\/27\/conatus-concepto-de-poder-spinoza-parte-iii\/\" target=\"_blank\" rel=\"noopener\" data-schema-attribute=\"\"><span style=\"font-size: 14pt; color: #008000;\">PARTE III: El concepto de Poder en Spinoza<\/span><\/a><\/p>\n<p style=\"text-align: justify;\"><a href=\"https:\/\/puntocritico.com\/ausajpuntocritico\/2026\/04\/03\/el-concepto-de-poder-spinoza-derecho-y-poder-y-4\/?utm_source=rss&amp;utm_medium=rss&amp;utm_campaign=el-concepto-de-poder-spinoza-derecho-y-poder-y-4\" target=\"_blank\" rel=\"noopener\" data-schema-attribute=\"\"><span style=\"font-size: 14pt; color: #008000;\">PARTE IV: El concepto de Poder en Spinoza<\/span><\/a><\/p>\n<\/div>\n<\/div>\n<\/div>\n<p>&nbsp;<\/p>\n\n<p>&nbsp;<\/p>\n<blockquote>\n<p style=\"text-align: center;\" data-path-to-node=\"0\"><span style=\"font-size: 18pt; color: #008000;\"><strong>RESUMEN DE LA ENTRADA<\/strong><\/span><\/p>\n<p data-path-to-node=\"0\"><span style=\"color: #008000;\"><img loading=\"lazy\" decoding=\"async\" class=\"aligncenter wp-image-12027\" src=\"https:\/\/puntocritico.com\/ausajpuntocritico\/wp-content\/uploads\/2018\/05\/poder-spinoza-ip-300x169.jpg\" alt=\"\" width=\"480\" height=\"270\" srcset=\"https:\/\/puntocritico.com\/ausajpuntocritico\/wp-content\/uploads\/2018\/05\/poder-spinoza-ip-300x169.jpg 300w, https:\/\/puntocritico.com\/ausajpuntocritico\/wp-content\/uploads\/2018\/05\/poder-spinoza-ip.jpg 678w\" sizes=\"auto, (max-width: 480px) 100vw, 480px\" \/><\/span><\/p>\n<p data-path-to-node=\"0\">\u00a0<\/p>\n<p style=\"text-align: center;\" data-path-to-node=\"1,0,0\"><span style=\"font-size: 18pt; color: #008000;\"><b data-path-to-node=\"1,0,0\" data-index-in-node=\"0\">La naturaleza sistem\u00e1tica y unitaria de Spinoza<\/b><\/span><\/p>\n<p style=\"text-align: justify;\" data-path-to-node=\"1,0,0\"><span style=\"font-size: 14pt; color: #008000;\">Para el autor,<strong> es un error separar la \u00e9tica de la pol\u00edtica en Spinoza<\/strong>. Su obra no son compartimentos estancos, sino un sistema donde la pol\u00edtica es la prolongaci\u00f3n necesaria de la moral. Sin esta dimensi\u00f3n social, la propuesta filos\u00f3fica de Spinoza quedar\u00eda incompleta.<\/span><\/p>\n<p data-path-to-node=\"1,0,0\">\u00a0<\/p>\n<p style=\"text-align: center;\" data-path-to-node=\"1,0,1,0,0\"><span style=\"font-size: 14pt; color: #008000;\">\u00ab<em>La filosof\u00eda pol\u00edtica de Spinoza es un elemento necesario de su sistema filos\u00f3fico, sin el cual su filosof\u00eda queda incompleta<\/em>\u00bb.<\/span><\/p>\n<p style=\"text-align: center;\" data-path-to-node=\"1,0,1,3,0\"><span style=\"color: #008000;\"><strong><span style=\"font-size: 14pt;\">\u00a0F. J. Pe\u00f1a Echeverr\u00eda<\/span><\/strong><\/span><\/p>\n<p style=\"text-align: center;\"><span style=\"font-size: 18pt; color: #008000;\">***<\/span><\/p>\n<p style=\"text-align: center;\" data-path-to-node=\"3,0,0\"><span style=\"font-size: 18pt; color: #008000;\"><b data-path-to-node=\"3,0,0\" data-index-in-node=\"0\">La subordinaci\u00f3n de la pol\u00edtica a la \u00e9tica general<\/b><\/span><\/p>\n<p style=\"text-align: justify;\" data-path-to-node=\"3,0,0\"><span style=\"font-size: 14pt; color: #008000;\"><strong>La pol\u00edtica de Spinoza no puede leerse de forma independiente, ya que nace de su concepci\u00f3n ontol\u00f3gica <\/strong>(<em>sobre el ser<\/em>)<strong> y antropol\u00f3gica<\/strong> (<em>sobre el hombre<\/em>). Existe una vinculaci\u00f3n rec\u00edproca donde ambas disciplinas comparten un objeto com\u00fan: la ordenaci\u00f3n del comportamiento humano.<\/span><\/p>\n<p data-path-to-node=\"3,0,0\">\u00a0<\/p>\n<p style=\"text-align: center;\" data-path-to-node=\"3,0,1,0,0\"><span style=\"font-size: 14pt; color: #008000;\">\u00ab<em>En qu\u00e9 sentido los fundamentos de un Estado y las relaciones entre los hombres que persigan ese fin, es algo que pertenece determinarlo a la \u00c9tica general<\/em>\u00bb.<\/span><\/p>\n<p style=\"text-align: center;\" data-path-to-node=\"3,0,1,1,0\"><span style=\"font-size: 14pt; color: #008000;\"><strong>Spinoza<\/strong>, <strong><i data-path-to-node=\"3,0,1,1,0\" data-index-in-node=\"17\">Tratado Teol\u00f3gico-Pol\u00edtico<\/i><\/strong><\/span><\/p>\n<p style=\"text-align: center;\"><span style=\"font-size: 18pt; color: #008000;\"><i>***<\/i><\/span><\/p>\n<p style=\"text-align: center;\" data-path-to-node=\"5,0,0\"><span style=\"font-size: 18pt; color: #008000;\"><b data-path-to-node=\"5,0,0\" data-index-in-node=\"0\">La impotencia de la raz\u00f3n y la necesidad del Estado<\/b><\/span><\/p>\n<p style=\"text-align: justify;\" data-path-to-node=\"5,0,0\"><span style=\"font-size: 14pt; color: #008000;\"><strong>El ser humano se debate entre la inteligencia<\/strong> (<em>que descubre leyes<\/em>) <strong>y la imaginaci\u00f3n<\/strong> (<em>que genera pasiones<\/em>). <\/span><\/p>\n<p style=\"text-align: justify;\" data-path-to-node=\"5,0,0\"><span style=\"font-size: 14pt; color: #008000;\">Dado que <strong>la raz\u00f3n por s\u00ed sola no tiene fuerza suficiente para liberar al hombre de la \u00ab<em>esclavitud<\/em>\u00bb de las pasiones<\/strong>, el Estado aparece como un instrumento o \u00ab<em>ardid<\/em>\u00bb para alcanzar la libertad.<\/span><\/p>\n<p data-path-to-node=\"5,0,0\">\u00a0<\/p>\n<p style=\"text-align: center;\" data-path-to-node=\"5,0,1,0,0\"><span style=\"color: #008000;\"><em><span style=\"font-size: 14pt;\">\u00abLa pol\u00edtica spinoziana se inserta en el dinamismo de la \u00e9tica (&#8230;): la raz\u00f3n se muestra incapaz de conducir por s\u00ed sola a los hombres de la<span class=\"citation-91 citation-end-91\"> pasi\u00f3n a la libertad, acude al ardid del Estado a fin de servirse al m\u00e1ximo de los mecanismos pasionales\u00bb.<\/span><\/span><\/em><\/span><\/p>\n<p style=\"text-align: center;\" data-path-to-node=\"5,0,1,1,0\"><span style=\"font-size: 14pt; color: #008000;\"><b data-path-to-node=\"5,0,1,1,0\" data-index-in-node=\"0\"><\/b><strong><span class=\"citation-90 citation-end-90\"> Atilano Dom\u00ednguez\u00a0<\/span><\/strong><\/span><\/p>\n<p style=\"text-align: center;\" data-path-to-node=\"7,0,0\"><span style=\"font-size: 18pt; color: #008000;\"><i>***<\/i><\/span><\/p>\n<p style=\"text-align: center;\" data-path-to-node=\"7,0,0\"><span style=\"font-size: 18pt; color: #008000;\"><b data-path-to-node=\"7,0,0\" data-index-in-node=\"0\"><span class=\"citation-89 citation-end-89\">El paso del estado natural al estado civil mediante el pacto<\/span><\/b><\/span><\/p>\n<p style=\"text-align: justify;\" data-path-to-node=\"7,0,0\"><span style=\"font-size: 14pt; color: #008000;\"><span class=\"citation-88 citation-end-88\">Para <strong>superar el <\/strong><\/span><strong>conflicto derivado de los afectos que enfrentan a los hombres<\/strong>, es necesario un pacto donde se renuncie al derecho natural individual en favor de <strong>una autoridad com\u00fan<\/strong>.\u00a0<\/span><\/p>\n<p style=\"text-align: justify;\" data-path-to-node=\"7,0,0\"><span style=\"font-size: 14pt; color: #008000;\"><strong>El Estado no garantiza el orden mediante la raz\u00f3n, sino mediante la coacci\u00f3n y las leyes<\/strong>.<\/span><\/p>\n<p data-path-to-node=\"7,0,0\">\u00a0<\/p>\n<p style=\"text-align: center;\" data-path-to-node=\"7,0,1,0,0\"><span style=\"color: #008000;\"><em><span style=\"font-size: 14pt;\">\u00abPodr\u00e1 establecerse una sociedad, a condici\u00f3n de que \u00e9sta reivindique para s\u00ed el derecho (&#8230;) de prescribir una norma com\u00fan de vida (&#8230;) no por medio de la raz\u00f3n, que no puede reprimir los afectos, sino por medio de la coacci\u00f3n\u00bb.<\/span><\/em><\/span><\/p>\n<p style=\"text-align: center;\" data-path-to-node=\"7,0,1,1,0\"><span style=\"font-size: 14pt; color: #008000;\">\u00a0<strong>Spinoza<\/strong>, <strong><i data-path-to-node=\"7,0,1,1,0\" data-index-in-node=\"17\">\u00c9tica<\/i><\/strong><em>, IV, proposici\u00f3n 37, escolio II<\/em>.<\/span><\/p>\n<p style=\"text-align: center;\" data-path-to-node=\"7,0,1,1,0\"><span style=\"font-size: 18pt; color: #008000;\"><i>***<\/i><\/span><\/p>\n<p style=\"text-align: center;\" data-path-to-node=\"9,0,0\"><span style=\"font-size: 18pt; color: #008000;\"><b data-path-to-node=\"9,0,0\" data-index-in-node=\"0\">La Ciudad libre como condici\u00f3n de la virtud<\/b><\/span><\/p>\n<p style=\"text-align: justify;\" data-path-to-node=\"9,0,0\"><span style=\"font-size: 14pt; color: #008000;\"><strong>La \u00e9tica y la pol\u00edtica progresan juntas: no hay individuo virtuoso en una sociedad opresora<\/strong>. El desarrollo de la racionalidad humana requiere, como contrapunto necesario, la existencia de una organizaci\u00f3n pol\u00edtica justa y libre.<\/span><\/p>\n<p data-path-to-node=\"9,0,0\">\u00a0<\/p>\n<p style=\"text-align: center;\" data-path-to-node=\"9,0,1,0,0\"><span style=\"color: #008000;\"><em><span style=\"font-size: 14pt;\">\u00abLa virtud s\u00f3lo es posible en el marco de una Ciudad libre y justa. (&#8230;) El progreso de la racionalidad exige el contrapunto de una Ciudad libre\u00bb.<\/span><\/em><\/span><\/p>\n<p style=\"text-align: center;\" data-path-to-node=\"9,0,1,1,0\"><span style=\"color: #008000;\"><strong><span style=\"font-size: 14pt;\">\u00a0J. Garc\u00eda Leal<\/span><\/strong><\/span><\/p>\n<\/blockquote>\n<p style=\"text-align: center;\">\u00a0<\/p>\n<p><a href=\"https:\/\/puntocritico.com\/ausajpuntocritico\/wp-content\/uploads\/2018\/03\/Baruch-spinoza-obra-1.jpg\" rel=\"lightbox[19090]\"><img loading=\"lazy\" decoding=\"async\" class=\"aligncenter wp-image-9567\" src=\"https:\/\/puntocritico.com\/ausajpuntocritico\/wp-content\/uploads\/2018\/03\/Baruch-spinoza-obra-1-1024x791.jpg\" alt=\"Poder en Spinoza (Parte 2) - El papel de la filosof\u00eda pol\u00edtica en el marco de la \u00e9tica spinoziana\" width=\"480\" height=\"371\" srcset=\"https:\/\/puntocritico.com\/ausajpuntocritico\/wp-content\/uploads\/2018\/03\/Baruch-spinoza-obra-1-1024x791.jpg 1024w, https:\/\/puntocritico.com\/ausajpuntocritico\/wp-content\/uploads\/2018\/03\/Baruch-spinoza-obra-1-300x232.jpg 300w, https:\/\/puntocritico.com\/ausajpuntocritico\/wp-content\/uploads\/2018\/03\/Baruch-spinoza-obra-1-768x593.jpg 768w, https:\/\/puntocritico.com\/ausajpuntocritico\/wp-content\/uploads\/2018\/03\/Baruch-spinoza-obra-1.jpg 1055w\" sizes=\"auto, (max-width: 480px) 100vw, 480px\" \/><\/a><\/p>\n<p style=\"text-align: center;\"><span style=\"color: #008000;\"><strong><span style=\"font-size: 18pt;\">***<\/span><\/strong><\/span><\/p>\n<h2 style=\"text-align: center;\"><span style=\"font-size: 24pt;\"><strong>El concepto de Poder en Spinoza,<\/strong><\/span><span style=\"font-size: 24pt;\"><strong>\u00a0Parte II <a id=\"refasterisco2A\"><\/a><a href=\"#refasterisco2\">(*)<\/a><\/strong><\/span><\/h2>\n<p style=\"text-align: center;\"><a href=\"https:\/\/es.wikipedia.org\/wiki\/Francisco_Javier_Ansu%C3%A1tegui_Roig\" target=\"_blank\" rel=\"noopener\"><span style=\"font-size: 18pt; color: #008000;\"><strong>Por F. Javier Ansu\u00e1tegui Roig<\/strong><\/span><\/a><\/p>\n<p><img loading=\"lazy\" decoding=\"async\" class=\"aligncenter wp-image-22259\" src=\"https:\/\/puntocritico.com\/ausajpuntocritico\/wp-content\/uploads\/2019\/09\/cabeza-de-estatua-spinoza-en-la-haya-300x254.jpg\" alt=\"\" width=\"360\" height=\"304\" srcset=\"https:\/\/puntocritico.com\/ausajpuntocritico\/wp-content\/uploads\/2019\/09\/cabeza-de-estatua-spinoza-en-la-haya-300x254.jpg 300w, https:\/\/puntocritico.com\/ausajpuntocritico\/wp-content\/uploads\/2019\/09\/cabeza-de-estatua-spinoza-en-la-haya.jpg 414w\" sizes=\"auto, (max-width: 360px) 100vw, 360px\" \/><\/p>\n<p>&nbsp;<\/p>\n<h3 style=\"text-align: center;\"><span style=\"font-size: 18pt;\">3. EL PAPEL DE LA FILOSOF\u00cdA POL\u00cdTICA EN EL MARCO DE LA \u00c9TICA SPINOZIANA<\/span><\/h3>\n<p style=\"text-align: justify;\">\n<span style=\"font-size: 14pt;\">En alguna ocasi\u00f3n se ha podido caer en la tentaci\u00f3n de identificar dos grandes partes o \u00e1mbitos netamente diferenciados en la filosof\u00eda <em>spinoziana<\/em>. As\u00ed, por una parte, <strong>su reflexi\u00f3n \u00e9tica<\/strong> y, por otra, <strong>su reflexi\u00f3n pol\u00edtica<\/strong>. No obstante, la aportaci\u00f3n de <strong>Spinoza<\/strong> se caracteriza por su <strong>naturaleza sistem\u00e1tica. <\/strong><\/span><\/p>\n<p style=\"text-align: justify;\"><span style=\"font-size: 14pt;\">En efecto, las reflexiones que desarrolla tanto en el <a href=\"https:\/\/puntocritico.com\/ausajpuntocritico\/2020\/09\/04\/spinoza-tratado-teologico-politico\/\"><strong><em>Tratado Teol\u00f3gico-Pol\u00edtico<\/em><\/strong><\/a> como en el <a href=\"https:\/\/puntocritico.com\/ausajpuntocritico\/2024\/02\/02\/libertad-y-democracia-en-la-filosofia-politica-de-spinoza-por-atilano-dominguez-parte-i-ii-2\/\"><strong><em>Tratado Pol\u00edtico<\/em><\/strong><\/a> son una directa prolongaci\u00f3n de su propuesta moral; es m\u00e1s, podr\u00edamos llegar a afirmar que la filosof\u00eda pol\u00edtica de <strong>Spinoza<\/strong> es <\/span><\/p>\n<blockquote>\n<p style=\"text-align: justify;\"><span style=\"color: #008000;\"><strong><span style=\"font-size: 14pt;\">\u00ab<em>un elemento necesario de su sistema filos\u00f3fico, sin el cual su filosof\u00eda queda incompleta<\/em>\u00bb <\/span><\/strong><\/span><a id=\"ref10a\"><\/a><span style=\"color: #008000;\"><strong><span style=\"font-size: 14pt;\"><a style=\"color: #008000;\" href=\"#ref10\">[10]<\/a>.<\/span><\/strong><\/span><\/p>\n<\/blockquote>\n<p>&nbsp;<\/p>\n<p style=\"text-align: justify;\"><span style=\"font-size: 14pt;\">As\u00ed, se ha se\u00f1alado que otro,\u00a0<\/span><\/p>\n<blockquote>\n<p style=\"text-align: justify;\"><span style=\"color: #008000;\"><strong><span style=\"font-size: 14pt;\">\u00ab<em>el proyecto filos\u00f3fico de Espinoza exige una mediaci\u00f3n pol\u00edtica, y por consiguiente, la reflexi\u00f3n sobre el itinerario hacia la libertad y la felicidad de los \u00faltimos libros de la \u00ab\u00c9tica\u00bb ha de ser completada con otra reflexi\u00f3n sobre la vida humana en sociedad<\/em>\u00bb <\/span><\/strong><\/span><a id=\"ref11a\"><\/a><span style=\"color: #008000;\"><strong><span style=\"font-size: 14pt;\"><a style=\"color: #008000;\" href=\"#ref11\">[11]<\/a>.<\/span><\/strong><\/span><\/p>\n<\/blockquote>\n<p>&nbsp;<\/p>\n<p style=\"text-align: justify;\"><span style=\"font-size: 14pt;\">De esta manera, no se puede llevar a cabo una lectura de la pol\u00edtica de <strong>Spinoza<\/strong> de un modo independiente, olvidando que, en todo caso, \u00e9sta hunde sus ra\u00edces en la concepci\u00f3n ontol\u00f3gica y antropol\u00f3gica expuesta en la \u00ab<em><strong>\u00c9tica<\/strong><\/em>\u00bb.<\/span><\/p>\n<p>&nbsp;<\/p>\n<blockquote>\n<p style=\"text-align: center;\"><span style=\"color: #008000;\"><strong><span style=\"font-size: 14pt;\">No se puede llevar a cabo una lectura de la pol\u00edtica de Spinoza de un modo independiente, olvidando que, en todo caso, \u00e9sta hunde sus ra\u00edces en la concepci\u00f3n ontol\u00f3gica y antropol\u00f3gica expuesta en la \u00ab<em>\u00c9tica<\/em>\u00bb<\/span><\/strong><\/span><\/p>\n<\/blockquote>\n<p>&nbsp;<\/p>\n<p style=\"text-align: justify;\"><span style=\"font-size: 14pt;\">Esta <strong>err\u00f3nea separaci\u00f3n entre<\/strong> <strong><em>dos<\/em><\/strong> <strong>Spinozas<\/strong>, <strong><em>el<\/em> <em>\u00e9tico y el<\/em> <em>pol\u00edtico<\/em><\/strong>, y la majestuosidad de su metaf\u00edsica es la que ha podido motivar que, en la historia del pensamiento, en ocasiones <strong>Spinoza<\/strong> no haya sido considerado como un pensador pol\u00edtico <\/span><a id=\"ref12a\"><\/a><span style=\"font-size: 14pt;\"><strong><a href=\"#ref12\">[12]<\/a><\/strong> (<em>en todo caso, un pensador que reproduce los planteamientos b\u00e1sicos de <strong>Hobbes<\/strong><\/em>), procedi\u00e9ndose a subrayar exclusivamente su construcci\u00f3n \u00e9tica.<\/span><\/p>\n<p>&nbsp;<\/p>\n<blockquote>\n<p style=\"text-align: center;\"><span style=\"color: #008000;\"><strong><span style=\"font-size: 14pt;\">La <em>metaf\u00edsica<\/em> y la <em>\u00e9tica<\/em> de Spinoza se deben interpretar conjuntamente con su pol\u00edtica<\/span><\/strong><\/span><\/p>\n<\/blockquote>\n<p>&nbsp;<\/p>\n<p style=\"text-align: justify;\"><span style=\"font-size: 14pt;\">Pero, como se podr\u00e1 observar, en efecto, la <em>metaf\u00edsica<\/em> y la <em>\u00e9tica<\/em> de <strong>Spinoza<\/strong> se deben interpretar conjuntamente con su pol\u00edtica: <strong>as\u00ed, conceptos como los de deseo, pasi\u00f3n o potencia, centrales en la pol\u00edtica, tambi\u00e9n lo son en la metaf\u00edsica y en la \u00e9tica<\/strong>.<\/span><\/p>\n<p style=\"text-align: justify;\"><span style=\"font-size: 14pt;\">En efecto, e<em><strong>xiste una rec\u00edproca vinculaci\u00f3n entre la \u00e9tica y la pol\u00edtica en<\/strong><\/em> <strong>Spinoza <\/strong><\/span><a id=\"ref13a\"><\/a><span style=\"font-size: 14pt;\"><strong><a href=\"#ref13\">[13]<\/a><\/strong>. Es cierto, lo acabamos de adelantar, que la propuesta pol\u00edtica del pensador de <em>Amsterdam<\/em> se puede desprender, en lo b\u00e1sico, de lo que se dice en el <a href=\"https:\/\/lobosuelto.com\/wp-content\/uploads\/2020\/04\/Tratado-teol%C3%B3gico-pol%C3%ADtico.pdf\" target=\"_blank\" rel=\"noopener\" data-schema-attribute=\"\"><em><strong>Tratado Teol\u00f3gico-Pol\u00edtico<\/strong><\/em><\/a> y en el <a href=\"https:\/\/lobosuelto.com\/wp-content\/uploads\/2020\/04\/Tratado-Pol%C3%ADtico-Spinoza_compressed.pdf\" target=\"_blank\" rel=\"noopener\" data-schema-attribute=\"\"><em><strong>Tratado Pol\u00edtico<\/strong><\/em><\/a>. <\/span><\/p>\n<p style=\"text-align: justify;\"><span style=\"font-size: 14pt;\">Pero lo ah\u00ed escrito s\u00f3lo se puede entender a la luz de lo que tambi\u00e9n se afirma en la <em><strong>\u00c9tica<\/strong><\/em>. <\/span><\/p>\n<p style=\"text-align: justify;\"><span style=\"font-size: 14pt;\"><strong>Debe tenerse en cuenta que tanto la \u00e9tica como la pol\u00edtica tienen un objeto com\u00fan, la ordenaci\u00f3n de los comportamientos humanos<\/strong>, de manera que, aunque s\u00f3lo fuera por esto, deber\u00edan tener alguna relaci\u00f3n. <\/span><\/p>\n<p style=\"text-align: justify;\"><span style=\"font-size: 14pt;\">Pero esta relaci\u00f3n no es impl\u00edcita, sino que el propio <strong>Spinoza<\/strong> la reconoce expl\u00edcitamente, cuando en el <em><strong>Tratado Teol\u00f3gico-Pol\u00edtico<\/strong><\/em> se\u00f1ala: <\/span><\/p>\n<blockquote>\n<p style=\"text-align: justify;\"><span style=\"color: #008000;\"><strong><span style=\"font-size: 14pt;\">\u00abEn qu\u00e9 sentido los fundamentos de un Estado y las relaciones entre los hombres que persigan ese fin, es algo que pertenece determinarlo a la Etica general\u00bb<\/span><\/strong><\/span><a id=\"ref14a\"><\/a><span style=\"color: #008000;\"><strong><span style=\"font-size: 14pt;\"><a style=\"color: #008000;\" href=\"#ref14\"> [14]<\/a>.<\/span><\/strong><\/span><\/p>\n<\/blockquote>\n<p>&nbsp;<\/p>\n<p style=\"text-align: justify;\"><span style=\"font-size: 14pt;\"> En el itinerario hacia la felicidad humana, que ha de ser establecido por la \u00e9tica, la organizaci\u00f3n socio-pol\u00edtica supone un importante jal\u00f3n, ya que es el medio a trav\u00e9s del cual se van a sentar las bases para superar la impotencia de la raz\u00f3n respecto a las pasiones. <\/span><\/p>\n<p style=\"text-align: justify;\"><span style=\"font-size: 14pt;\">Es m\u00e1s, si atendemos a la estructura general de la <em><strong>\u00c9tica<\/strong><\/em>, podemos percibir de qu\u00e9 manera una determinada articulaci\u00f3n del conjunto pol\u00edtico forma parte del proyecto general <em>spinoziano<\/em>. <\/span><\/p>\n<p style=\"text-align: justify;\"><span style=\"font-size: 14pt;\">Podemos recordar muy brevemente cu\u00e1l es el sentido general de las cinco partes en las que se divide la <em><strong>\u00c9tica<\/strong><\/em>. <strong>Spinoza<\/strong> parte de la consideraci\u00f3n de <strong>una sustancia \u00fanica (<em>Dios<\/em>) de la cual se derivan, necesariamente, determinados modos, uno de los cuales es el hombre<\/strong>. El hombre se relaciona con las cosas desde dos \u00f3pticas diferentes, la imaginativa y la intelectual.<\/span><\/p>\n<p>&nbsp;<\/p>\n<blockquote>\n<p style=\"text-align: center;\"><strong><span style=\"font-size: 14pt; color: #008000;\">El hombre se relaciona con las cosas desde dos \u00f3pticas diferentes, la imaginativa y la intelectual. <\/span><\/strong><\/p>\n<p style=\"text-align: center;\"><strong><span style=\"font-size: 14pt; color: #008000;\"><span style=\"font-size: 14pt;\">A trav\u00e9s de la imaginaci\u00f3n, se generan las pasiones, que arrastran al individuo hacia una vor\u00e1gine contradictoria. <\/span><\/span><\/strong><\/p>\n<p style=\"text-align: center;\"><strong><span style=\"font-size: 14pt; color: #008000;\"><span style=\"font-size: 14pt;\">Por su parte, la inteligencia permite al individuo descubrir en las cosas determinadas leyes necesarias. <\/span><\/span><\/strong><\/p>\n<\/blockquote>\n<p>&nbsp;<\/p>\n<p style=\"text-align: justify;\"><span style=\"font-size: 14pt;\"><strong>A trav\u00e9s de la imaginaci\u00f3n, se generan las pasiones, que arrastran al individuo hacia una vor\u00e1gine contradictoria<\/strong>.\u00a0<\/span><span style=\"font-size: 14pt;\">Por su parte, la inteligencia permite al individuo descubrir en las cosas determinadas leyes necesarias. <\/span><\/p>\n<p style=\"text-align: justify;\"><span style=\"font-size: 14pt;\"><strong>No obstante, la inteligencia es incapaz de liberar al sujeto de la sujeci\u00f3n, aut\u00e9ntica esclavitud, a la que le someten las pasiones. En esta situaci\u00f3n, el individuo no puede alcanzar la felicidad<\/strong>.<\/span><\/p>\n<p>&nbsp;<\/p>\n<blockquote>\n<p style=\"text-align: center;\"><strong><span style=\"font-size: 14pt; color: #008000;\">La inteligencia es incapaz de liberar al sujeto de la sujeci\u00f3n, aut\u00e9ntica esclavitud, a la que le someten las pasiones. En esta situaci\u00f3n, el individuo no puede alcanzar la felicidad<\/span><\/strong><\/p>\n<\/blockquote>\n<p>&nbsp;<\/p>\n<p style=\"text-align: justify;\"><span style=\"font-size: 14pt;\"> Y <strong>es aqu\u00ed donde aparece necesaria la intervenci\u00f3n del Estado<\/strong>: se es consciente de la impotencia de la raz\u00f3n ante el imperio de las pasiones. <\/span><\/p>\n<p style=\"text-align: justify;\"><span style=\"font-size: 14pt;\">Hace falta alg\u00fan tipo de instrumento a trav\u00e9s del cual los individuos se puedan liberar de las mismas y alcanzar la felicidad. <a href=\"https:\/\/puntocritico.com\/ausajpuntocritico\/2024\/02\/02\/libertad-y-democracia-en-la-filosofia-politica-de-spinoza-por-atilano-dominguez-parte-i-ii-2\/\"><strong>A. Dom\u00ednguez<\/strong><\/a>, en referencia al tantas veces citado texto de la <strong><em>\u00c9tica, IV, proposici\u00f3n 37, escolio II<\/em><\/strong><em>,<\/em> se\u00f1ala: <\/span><\/p>\n<blockquote>\n<p style=\"text-align: justify;\"><strong><span style=\"font-size: 14pt; color: #008000;\">\u00ab&#8230; la pol\u00edtica spinoziana se inserta en el dinamismo de la \u00e9tica (&#8230;): la raz\u00f3n se muestra incapaz de conducir por s\u00ed sola a los hombres de la pasi\u00f3n a la libertad, acude al ardid del Estado a fin de servirse al m\u00e1ximo de los mecanismos pasionales la pasi\u00f3n como punto de partida y la libertad como objetivo final\u00bb <\/span><\/strong><a id=\"ref15a\"><\/a><strong><span style=\"font-size: 14pt;\"><span style=\"color: #008000;\"><a style=\"color: #008000;\" href=\"#ref15\">[15]<\/a>.<\/span> <\/span><\/strong><\/p>\n<\/blockquote>\n<p>&nbsp;<\/p>\n<p style=\"text-align: justify;\"><span style=\"font-size: 14pt;\">Podemos observar, por tanto, que la propuesta antropol\u00f3gica de <strong>Spinoza<\/strong> se encuentra incardinada de pleno en la ra\u00edz de su aportaci\u00f3n pol\u00edtica.<\/span><\/p>\n<p style=\"text-align: justify;\"><span style=\"font-size: 14pt;\">Para certificar esta comunidad entre la \u00e9tica y la pol\u00edtica en <strong>Spinoza<\/strong>, qu\u00e9 mejor que acudir al se\u00f1alado <strong><em>Escolio II de la proposici\u00f3n 37 de la IV parte de la \u00c9tica<\/em><\/strong>, \u00ab<em>decisivo para comprender el pasaje de la \u00f3rbita estrictamente natural (ontol\u00f3gica, psicol\u00f3gica) de las pasiones hacia la dimensi\u00f3n pol\u00edtica y social de las mismas<\/em>\u00bb <\/span><a id=\"ref16a\"><\/a><span style=\"font-size: 14pt;\"><strong><a href=\"#ref16\">[16]<\/a><\/strong>, en donde se condensa la doctrina del pacto social que tambi\u00e9n es desarrollada en el <em><strong>cap\u00edtulo XVI <\/strong><\/em>del<em><strong> Tratado Teol\u00f3gico-Pol\u00edtico<\/strong><\/em> y en donde se muestra que la reflexi\u00f3n pol\u00edtica es una aut\u00e9ntica prolongaci\u00f3n de la reflexi\u00f3n moral <\/span><a id=\"ref17a\"><\/a><span style=\"font-size: 14pt;\"><strong><a href=\"#ref17\">[17]<\/a><\/strong>; o m\u00e1s bien, una parte constitutiva de la misma. <\/span><\/p>\n<p style=\"text-align: justify;\"><span style=\"font-size: 14pt;\">Aunque posteriormente volveremos m\u00e1s detenidamente sobre estas cuestiones, se\u00f1alemos ahora que ah\u00ed se adelanta la posici\u00f3n de <strong>Spinoza<\/strong> en relaci\u00f3n con las caracter\u00edsticas del <strong>estado natural <\/strong>y el <strong>estado civil<\/strong> del hombre. <\/span><\/p>\n<p style=\"text-align: justify;\"><span style=\"font-size: 14pt;\">En efecto, <strong>se reconoce el sometimiento del hombre a las pasiones y a los afectos, las consecuencias que se derivan de dicho sometimiento, la necesidad del sometimiento a una autoridad com\u00fan, el Estado<\/strong>. <\/span><\/p>\n<p style=\"text-align: justify;\"><span style=\"font-size: 14pt;\"><strong>El Estado como instrumento pol\u00edtico de perfeccionamiento humano que concurre en esta tarea con la reforma del entendimiento<\/strong>. De esta manera se ha se\u00f1alado que <\/span><\/p>\n<blockquote>\n<p style=\"text-align: justify;\"><span style=\"color: #008000;\"><strong><span style=\"font-size: 14pt;\">\u00abla virtud, s\u00f3lo es posible en el marco de una Ciudad libre y justa. Por contra, la alienaci\u00f3n de las pasiones tiene su correlato pol\u00edtico en aquellas sociedades que instituyen la agresi\u00f3n (&#8230;) De ah\u00ed que la \u00e9tica y la pol\u00edtica tengan necesariamente un desarrollo conjunto. O en otros t\u00e9rminos: <\/span><span style=\"font-size: 14pt;\">el progreso de la racionalidad exige el contrapunto de una Ciudad libre\u00bb <\/span><\/strong><\/span><a id=\"ref18a\"><\/a><span style=\"color: #008000;\"><strong><span style=\"font-size: 14pt;\"><a style=\"color: #008000;\" href=\"#ref18\">[18]<\/a>.<\/span><\/strong><\/span><\/p>\n<\/blockquote>\n<p>&nbsp;<\/p>\n<p style=\"text-align: justify;\"><span style=\"font-size: 14pt;\">Me permito entresacar y reproducir aqu\u00ed algunos momentos de ese texto <em>spinoziano<\/em>, destacando algunas cuestiones sobre las que luego volveremos: <\/span><\/p>\n<blockquote>\n<p style=\"text-align: justify;\"><span style=\"color: #008000;\"><strong><span style=\"font-size: 14pt;\">\u00abCada cual existe por derecho supremo de la naturaleza, y, por consiguiente, cada cual hace por derecho supremo de la naturaleza, lo que de su naturaleza se sigue necesariamente (&#8230;). <\/span><\/strong><\/span><\/p>\n<p style=\"text-align: justify;\"><span style=\"color: #008000;\"><strong><span style=\"font-size: 14pt;\">Pues bien, si los hombres vivieran seg\u00fan la gu\u00eda de la raz\u00f3n, cada uno detentar\u00eda este derecho suyo sin da\u00f1o alguno para los dem\u00e1s. <\/span><\/strong><\/span><\/p>\n<p style=\"text-align: justify;\"><span style=\"color: #008000;\"><strong><span style=\"font-size: 14pt;\">Pero como est\u00e1n sujetos a afectos que superan con mucho la potencia o virtud humana son por ello arrastrados en diversos sentidos, y son contrarios entre s\u00ed (&#8230;). <\/span><\/strong><\/span><\/p>\n<p style=\"text-align: justify;\"><span style=\"color: #008000;\"><strong><span style=\"font-size: 14pt;\">As\u00ed pues, para que los hombres puedan vivir concordes y prestarse ayuda, es necesario que renuncien a su derecho natural y se presten rec\u00edprocas garant\u00edas de que no har\u00e1n nada que pueda dar lugar a un da\u00f1o ajeno (&#8230;). <\/span><\/strong><\/span><\/p>\n<p style=\"text-align: justify;\"><span style=\"color: #008000;\"><strong><span style=\"font-size: 14pt;\">(&#8230;), podr\u00e1 establecerse una sociedad, a condici\u00f3n de que \u00e9sta reivindique para s\u00ed el derecho, que cada uno detenta, de tomar venganza, y de juzgar acerca del bien y del mal, teniendo as\u00ed la potestad de prescribir una norma com\u00fan de vida, de dictar leyes y de garantizar su cumplimiento, no por medio de la raz\u00f3n, que no puede reprimir los afectos, sino por medio de la coacci\u00f3n. <\/span><\/strong><\/span><\/p>\n<p style=\"text-align: justify;\"><span style=\"color: #008000;\"><strong><span style=\"font-size: 14pt;\">Esta sociedad, cuyo mantenimiento est\u00e1 garantizado por las leyes y por el poder de conservarse, se llama Estado, y los que son protegidos por su derecho se llaman ciudadanos\u00bb <\/span><\/strong><\/span><a id=\"ref19\"><\/a><span style=\"color: #008000;\"><strong><span style=\"font-size: 14pt;\"><a style=\"color: #008000;\" href=\"#ref19\">[19]<\/a>.<\/span><\/strong><\/span><\/p>\n<\/blockquote>\n<p>&nbsp;<\/p>\n<p><img loading=\"lazy\" decoding=\"async\" class=\"aligncenter wp-image-1462865\" src=\"https:\/\/puntocritico.com\/ausajpuntocritico\/wp-content\/uploads\/2020\/12\/EL-VERDADERO-FIN-DEL-ESTADO-ES-LA-LIBERTAD-Baruch-de-Spinoza-300x169.jpg\" alt=\"\" width=\"480\" height=\"270\" srcset=\"https:\/\/puntocritico.com\/ausajpuntocritico\/wp-content\/uploads\/2020\/12\/EL-VERDADERO-FIN-DEL-ESTADO-ES-LA-LIBERTAD-Baruch-de-Spinoza-300x169.jpg 300w, https:\/\/puntocritico.com\/ausajpuntocritico\/wp-content\/uploads\/2020\/12\/EL-VERDADERO-FIN-DEL-ESTADO-ES-LA-LIBERTAD-Baruch-de-Spinoza-610x343.jpg 610w, https:\/\/puntocritico.com\/ausajpuntocritico\/wp-content\/uploads\/2020\/12\/EL-VERDADERO-FIN-DEL-ESTADO-ES-LA-LIBERTAD-Baruch-de-Spinoza.jpg 678w\" sizes=\"auto, (max-width: 480px) 100vw, 480px\" \/><\/p>\n<p style=\"text-align: center;\"><strong><span style=\"font-size: 18pt;\">\u2666<span style=\"color: #339966;\">\u2666<\/span>\u2666<span style=\"color: #008000;\">\u2666<\/span>\u2666<span style=\"color: #008000;\">\u2666<\/span>\u2666<\/span><\/strong><\/p>\n<blockquote>\n<h3 style=\"text-align: center;\"><span style=\"font-size: 18pt;\"><strong>Notas<\/strong><\/span><\/h3>\n<p style=\"text-align: justify;\"><span style=\"font-family: 'times new roman', times, serif; font-size: 14pt;\"><a id=\"refasterisco2\"><\/a><a href=\"#refasterisco2A\">[*]<\/a>\u00a0La presente investigaci\u00f3n se inscribe en un acuerdo de investigaci\u00f3n suscrito con el Instituto de Derechos Humanos \u00abBartolom\u00e9 de las Casas\u00bb de la Universidad Carlos III de Madrid.<\/span><\/p>\n<p style=\"text-align: center;\"><span style=\"font-family: 'times new roman', times, serif; font-size: 14pt;\">***<\/span><\/p>\n<p><a id=\"ref10\"><\/a><span style=\"font-family: 'times new roman', times, serif; font-size: 14pt;\"><strong><a href=\"#ref10a\">[10]<\/a> <\/strong>F. J. PE\u00d1A ECHEVERR\u00cdA: La filosof\u00eda pol\u00edtica de Espinosa. Universidad de Valladolid, 1989, P% 10.<\/span><\/p>\n<p><a id=\"ref11\"><\/a><span style=\"font-family: 'times new roman', times, serif; font-size: 14pt;\"><strong><a href=\"#ref11a\">[11]<\/a><\/strong> F. J. PE\u00d1A ECHEVERR\u00cdA: La filosof\u00eda pol\u00edtica de Espinosa, cit., p\u00e1g. 1 I.<\/span><\/p>\n<p><a id=\"ref12\"><\/a><span style=\"font-family: 'times new roman', times, serif; font-size: 14pt;\"><strong><a href=\"#ref12a\">[12]<\/a> <\/strong>Vid. A. DOM\u00cdNGUEZ: \u00abSpinoza\u00bb. cit., p\u00e1g. 310. Pueden consultarse al respecto algunas obras en las que las referencias a SPINOZA son escas\u00edsimas o pr\u00e1cticamente inexistentes: P. ORY (dir.): Nueva historia de las ideas pol\u00edticas, trad. de D. de la Iglesia, Mondadori. Madrid, 1992; R. GETTELL: Historia de las ideas pol\u00edticas trad. de T. Gonz\u00e1lez Garc\u00eda, Labor. Barcelona. 1930: J. J. CHEVAU.IER: LOS grandes textos pol\u00edticos, trad. de A. Rodr\u00edguez Huesear, Aguilar. Madrid, 1965.; I. HAMPSHER-MONK: Historia del pensamiento pol\u00edtico moderno, trad. de F. Heler, Ariel, Barcelona, 1996.<\/span><\/p>\n<p><a id=\"ref13\"><\/a><span style=\"font-family: 'times new roman', times, serif; font-size: 14pt;\"><strong><a href=\"#ref13a\">[13]<\/a> <\/strong>Vid. A. DOM\u00cdNGUEZ: \u00abSpinoza\u00bb. cit., p\u00e1gs. 319-320.<\/span><\/p>\n<p><a id=\"ref14\"><\/a><span style=\"font-family: 'times new roman', times, serif; font-size: 14pt;\"><strong><a href=\"#ref14a\">[14]<\/a> <\/strong>SPINOZA: Tratado Teol\u00f3gico-Pol\u00edlico. trad.. introd., y notas de A. Dom\u00ednguez, Alianza, Madrid, 1986, IV, p\u00e1g. 139.<\/span><\/p>\n<p><a id=\"ref15\"><\/a><span style=\"font-family: 'times new roman', times, serif; font-size: 14pt;\"><strong><a href=\"#ref15a\">[15]<\/a> <\/strong>A. DOM\u00cdNGUEZ: \u00abSpinoza\u00bb, cit., p\u00e1g. 321.<\/span><\/p>\n<p><a id=\"ref16\"><\/a><span style=\"font-family: 'times new roman', times, serif; font-size: 14pt;\"><a href=\"#ref16a\"><strong>[16]<\/strong><\/a> G. KAMINSKY: Spinoza: la pol\u00edtica de las pasiones, Gedisa, Buenos Aires, 1990, p\u00e1g. 163.<\/span><\/p>\n<p><a id=\"ref15\"><\/a><span style=\"font-family: 'times new roman', times, serif; font-size: 14pt;\"><strong><a href=\"#ref15a\">[17]<\/a> <\/strong>Vid. i. GARC\u00cdA LEAL: \u00abLa teor\u00eda del contrato social: Spinoza frente a Hobbes\u00bb, cit., p\u00e1g. 126.<\/span><\/p>\n<p><a id=\"ref18\"><\/a><span style=\"font-family: 'times new roman', times, serif; font-size: 14pt;\"><strong><a href=\"#ref18a\">[18]<\/a><\/strong> J. GARCfA LEAL: \u00abLa teor\u00eda del contrato social: Spinoza frente a Hobbes\u00bb, cit., p\u00e1g. 129.<\/span><\/p>\n<p><a id=\"ref19\"><\/a><span style=\"font-family: 'times new roman', times, serif; font-size: 14pt;\"><strong><a href=\"#ref19a\">[19]<\/a><\/strong> SPINOZA: \u00c9tica, introd., trad. y notas de V. Pe\u00f1a, Alianza, Madrid, 1987, p\u00e1gs. 291-292.<\/span><\/p>\n<\/blockquote>\n<p>&nbsp;<\/p>\n<p><img loading=\"lazy\" decoding=\"async\" class=\"aligncenter wp-image-2287731\" src=\"https:\/\/puntocritico.com\/ausajpuntocritico\/wp-content\/uploads\/2023\/09\/Spinoza-libertad-es-razon-300x148.jpg\" alt=\"\" width=\"480\" height=\"237\" srcset=\"https:\/\/puntocritico.com\/ausajpuntocritico\/wp-content\/uploads\/2023\/09\/Spinoza-libertad-es-razon-300x148.jpg 300w, https:\/\/puntocritico.com\/ausajpuntocritico\/wp-content\/uploads\/2023\/09\/Spinoza-libertad-es-razon.jpg 320w\" sizes=\"auto, (max-width: 480px) 100vw, 480px\" \/><\/p>\n<p>&nbsp;<\/p>\n<p>&nbsp;<\/p>\n<p><a href=\"https:\/\/puntocritico.com\/author\/punto-critico\/\"><img loading=\"lazy\" decoding=\"async\" class=\"aligncenter wp-image-48\" src=\"https:\/\/puntocritico.com\/ausajpuntocritico\/wp-content\/uploads\/2016\/11\/Mosca_Punto_Cr\u00edtico_40.png\" alt=\"\" width=\"70\" height=\"70\" \/><\/a><\/p>\n<p>&nbsp;<\/p>\n","protected":false},"excerpt":{"rendered":"<div class=\"mh-excerpt\"><p>Poder en Spinoza (Parte 2) PARTE I: El concepto de Poder en Spinoza PARTE II: El concepto de Poder en Spinoza PARTE III: El concepto de Poder en Spinoza PARTE IV: El concepto de Poder <a class=\"mh-excerpt-more\" href=\"https:\/\/puntocritico.com\/ausajpuntocritico\/2026\/03\/20\/el-concepto-de-poder-en-spinoza-ii\/\" title=\"El concepto de Poder en Spinoza (Parte 2), por F. Javier Ansu\u00e1tegui Roig: El papel de la filosof\u00eda pol\u00edtica en el marco de la \u00e9tica spinoziana\">[&#8230;]<\/a><\/p>\n<\/div>","protected":false},"author":3,"featured_media":9568,"comment_status":"open","ping_status":"closed","sticky":false,"template":"","format":"standard","meta":{"_acf_changed":false,"_exactmetrics_skip_tracking":false,"_exactmetrics_sitenote_active":false,"_exactmetrics_sitenote_note":"","_exactmetrics_sitenote_category":0,"footnotes":""},"categories":[8],"tags":[43],"class_list":{"0":"post-19090","1":"post","2":"type-post","3":"status-publish","4":"format-standard","5":"has-post-thumbnail","7":"category-filosofia","8":"tag-spinoza"},"acf":[],"_links":{"self":[{"href":"https:\/\/puntocritico.com\/ausajpuntocritico\/wp-json\/wp\/v2\/posts\/19090","targetHints":{"allow":["GET"]}}],"collection":[{"href":"https:\/\/puntocritico.com\/ausajpuntocritico\/wp-json\/wp\/v2\/posts"}],"about":[{"href":"https:\/\/puntocritico.com\/ausajpuntocritico\/wp-json\/wp\/v2\/types\/post"}],"author":[{"embeddable":true,"href":"https:\/\/puntocritico.com\/ausajpuntocritico\/wp-json\/wp\/v2\/users\/3"}],"replies":[{"embeddable":true,"href":"https:\/\/puntocritico.com\/ausajpuntocritico\/wp-json\/wp\/v2\/comments?post=19090"}],"version-history":[{"count":0,"href":"https:\/\/puntocritico.com\/ausajpuntocritico\/wp-json\/wp\/v2\/posts\/19090\/revisions"}],"wp:featuredmedia":[{"embeddable":true,"href":"https:\/\/puntocritico.com\/ausajpuntocritico\/wp-json\/wp\/v2\/media\/9568"}],"wp:attachment":[{"href":"https:\/\/puntocritico.com\/ausajpuntocritico\/wp-json\/wp\/v2\/media?parent=19090"}],"wp:term":[{"taxonomy":"category","embeddable":true,"href":"https:\/\/puntocritico.com\/ausajpuntocritico\/wp-json\/wp\/v2\/categories?post=19090"},{"taxonomy":"post_tag","embeddable":true,"href":"https:\/\/puntocritico.com\/ausajpuntocritico\/wp-json\/wp\/v2\/tags?post=19090"}],"curies":[{"name":"wp","href":"https:\/\/api.w.org\/{rel}","templated":true}]}}