{"id":18676,"date":"2019-05-28T01:00:05","date_gmt":"2019-05-28T00:00:05","guid":{"rendered":"http:\/\/puntocritico.com\/?p=18676"},"modified":"2026-03-02T15:53:47","modified_gmt":"2026-03-02T14:53:47","slug":"el-hombre","status":"publish","type":"post","link":"https:\/\/puntocritico.com\/ausajpuntocritico\/2019\/05\/28\/el-hombre\/","title":{"rendered":"EL HOMBRE, seg\u00fan Arist\u00f3teles y Dem\u00f3crito: \u00abEl hombre, un mundo en miniatura\u00bb"},"content":{"rendered":"<p style=\"text-align: justify;\"><span style=\"color: #008000; font-size: 14pt;\">EL HOMBRE<\/span><\/p>\n\n<p>&nbsp;<\/p>\n<blockquote>\n<h2 id=\"post-2394\" class=\"storytitle\" style=\"text-align: center;\"><span style=\"font-size: 18pt; color: #008000;\">LA ETERNA VERDAD<\/span><\/h2>\n<div class=\"meta\" style=\"text-align: center;\"><em style=\"font-size: 14pt; text-align: justify;\"><strong>\u00abEs justo mostrarse reconocidos, no s\u00f3lo respecto de aquellos cuyas opiniones compartimos, sino tambi\u00e9n de los que han tratado las cuestiones de una manera un poco superficial, porque tambi\u00e9n estos han contribuido por su parte.\u00a0<\/strong><\/em><em style=\"font-size: 14pt; text-align: justify;\"><strong>Estos han preparado con sus trabajos el estado actual de la ciencia.<\/strong><\/em><\/div>\n<div>\u00a0<\/div>\n<div class=\"meta\" style=\"text-align: center;\"><em style=\"font-size: 14pt; text-align: justify;\"><strong>En fin, con mucha raz\u00f3n se llama a la filosof\u00eda la ciencia te\u00f3rica de la verdad.\u00a0<\/strong><\/em><em style=\"font-size: 14pt; text-align: justify;\"><strong>En efecto, el fin de la especulaci\u00f3n es la verdad.<\/strong><\/em><\/div>\n<div>\u00a0<\/div>\n<div class=\"meta\" style=\"text-align: center;\"><em style=\"font-size: 14pt; text-align: justify;\"><strong>Ahora bien, nosotros no conocemos lo verdadero, si no sabemos la causa.\u00a0<\/strong><\/em><em style=\"font-size: 14pt; text-align: justify;\"><strong>Por esta raz\u00f3n los principios de los seres eternos son s\u00f3lo necesariamente la eterna verdad.<\/strong><\/em><\/div>\n<div>\u00a0<\/div>\n<div class=\"meta\" style=\"text-align: center;\"><em style=\"font-size: 14pt; text-align: justify;\"><strong> Porque no son s\u00f3lo en tal o cual circunstancia estos principios verdaderos, ni hay nada que sea la causa de su verdad; sino que por el contrario, son ellos mismos causa de la verdad de las dem\u00e1s cosas. De manera que tal es la dignidad de cada cosa en el orden del ser, tal es su dignidad en el orden de la verdad\u00bb<\/strong><\/em><\/div>\n<\/blockquote>\n<div class=\"storycontent\">\n<blockquote>\n<p style=\"text-align: justify;\" align=\"center\"><span style=\"font-size: 14pt;\">Por Arist\u00f3teles<\/span><\/p>\n<figure id=\"attachment_2514\" aria-describedby=\"caption-attachment-2514\" style=\"width: 400px\" class=\"wp-caption aligncenter\"><img loading=\"lazy\" decoding=\"async\" class=\"wp-image-2514 size-mh-magazine-content\" src=\"https:\/\/puntocritico.com\/ausajpuntocritico\/wp-content\/uploads\/2017\/05\/Platon_Aristoteles_1-400x381.jpg\" alt=\"\" width=\"400\" height=\"381\" \/><figcaption id=\"caption-attachment-2514\" class=\"wp-caption-text\"><span style=\"color: #008000;\">Plat\u00f3n y Arist\u00f3teles en La escuela de Atenas, de Rafael (1511)<\/span><\/figcaption><\/figure><\/blockquote>\n<\/div>\n<blockquote>\n<p style=\"text-align: justify;\" align=\"center\">\u00a0<\/p>\n<\/blockquote>\n<div class=\"storycontent\">\n<blockquote>\n<p style=\"text-align: justify;\"><span style=\"font-size: 14pt;\"><span lang=\"ES-TRAD\"><strong>L<\/strong><\/span>a ciencia, que tiene por objeto la verdad, es dif\u00edcil desde un punto de vista y f\u00e1cil desde otro. Lo prueba la imposibilidad que hay de alcanzar la completa verdad y la imposibilidad de que se oculte por entero.<\/span><\/p>\n<p>&nbsp;<\/p>\n<p style=\"text-align: center;\"><strong><span style=\"color: #008000; font-size: 14pt;\">Gracias a los pensadores que nos han precedido, ver la verdad deber\u00eda ser casi tan f\u00e1cil como clavar un clavo en una puerta. \u00bfNo ser\u00e1 que la brillante evidencia de la verdad nos ofusca?<\/span><\/strong><\/p>\n<p>&nbsp;<\/p>\n<\/blockquote>\n<\/div>\n<div class=\"storycontent\">\n<blockquote>\n<p style=\"text-align: justify;\" align=\"center\">\u00a0<\/p>\n<p style=\"text-align: justify;\"><span style=\"font-size: 14pt;\"><span lang=\"ES-TRAD\"><strong>C<\/strong><\/span>ada fil\u00f3sofo explica alg\u00fan secreto de la naturaleza. Lo que cada cual en particular a\u00f1ade al conocimiento de la verdad no es nada, sin duda, o es muy poca cosa, pero la reuni\u00f3n de todas las ideas presenta importantes resultados. De suerte que en este caso sucede a nuestro parecer como cuando decimos con el proverbio,\u00a0<em>\u00bfqui\u00e9n no clava la flecha en una puerta?<\/em><\/span><\/p>\n<p style=\"text-align: justify;\"><span style=\"font-size: 14pt;\"><span lang=\"ES-TRAD\"><strong>C<\/strong><\/span>onsiderada de esta manera, esta ciencia es cosa f\u00e1cil. Pero la imposibilidad de una posesi\u00f3n completa de la verdad en su conjunto y en sus partes, prueba todo lo dif\u00edcil que es la indagaci\u00f3n de que se trata. Esta dificultad es doble. Sin embargo, quiz\u00e1s la causa de ser as\u00ed no est\u00e1 en las cosas, sino en nosotros mismos. En efecto, lo mismo que a los murci\u00e9lagos ofusca la luz del d\u00eda, lo mismo a la inteligencia de nuestra alma ofuscan las cosas que tienen en s\u00ed mismas la m\u00e1s brillante evidencia.<\/span><\/p>\n<p style=\"text-align: justify;\"><span style=\"font-size: 14pt;\"><span lang=\"ES-TRAD\"><strong>E<\/strong><\/span>s justo, por tanto, mostrarse reconocidos, no s\u00f3lo respecto de aquellos cuyas opiniones compartimos, sino tambi\u00e9n de los que han tratado las cuestiones de una manera un poco superficial, porque tambi\u00e9n estos han contribuido por su parte. Estos han preparado con sus trabajos el estado actual de la ciencia.<\/span><\/p>\n<p style=\"text-align: justify;\"><span style=\"font-size: 14pt;\"><span lang=\"ES-TRAD\"><strong>S<\/strong><\/span>i Timoteo no hubiera existido, no habr\u00edamos disfrutado de estas preciosas melod\u00edas, pero si no hubiera habido un Frinis no habr\u00eda existido Timoteo. Lo mismo sucede con los que han expuesto sus ideas sobre la verdad. Nosotros hemos adoptado algunas de las opiniones de muchos fil\u00f3sofos, pero los anteriores fil\u00f3sofos han sido causa de la existencia de \u00e9stos.<\/span><\/p>\n<p style=\"text-align: justify;\"><span style=\"font-size: 14pt;\"><span lang=\"ES-TRAD\"><strong>E<\/strong><\/span>n fin, con mucha raz\u00f3n se llama a la filosof\u00eda la ciencia te\u00f3rica de la verdad. En efecto, el fin de la especulaci\u00f3n es la verdad, el de la pr\u00e1ctica es la mano de obra; y los pr\u00e1cticos, cuando consideran el porqu\u00e9 de las cosas, no examinan la causa en s\u00ed misma, sino con relaci\u00f3n a un fin particular y para un inter\u00e9s presente.<\/span><\/p>\n<p style=\"text-align: justify;\"><span style=\"font-size: 14pt;\"><span lang=\"ES-TRAD\"><strong>A<\/strong><\/span>hora bien, nosotros no conocemos lo verdadero, si no sabemos la causa. Adem\u00e1s, una cosa es verdadera por excelencia cuando las dem\u00e1s cosas toman de ella lo que tienen de verdad, y de esta manera el fuego es caliente por excelencia, porque es la causa del calor de los dem\u00e1s seres. En igual forma, la cosa, que es la causa de la verdad en los seres que se derivan de esta cosa, es igualmente la verdad por excelencia.<\/span><\/p>\n<p style=\"text-align: justify;\"><span style=\"font-size: 14pt;\"><span lang=\"ES-TRAD\"><strong>P<\/strong><\/span>or esta raz\u00f3n los principios de los seres eternos son s\u00f3lo necesariamente la eterna verdad. Porque no son s\u00f3lo en tal o cual circunstancia estos principios verdaderos, ni hay nada que sea la causa de su verdad; sino que por el contrario, son ellos mismos causa de la verdad de las dem\u00e1s cosas. De manera que tal es la dignidad de cada cosa en el orden del ser, tal es su dignidad en el orden de la verdad.<\/span><\/p>\n<p>&nbsp;<\/p>\n<p><img loading=\"lazy\" decoding=\"async\" class=\"aligncenter wp-image-25063\" src=\"https:\/\/puntocritico.com\/ausajpuntocritico\/wp-content\/uploads\/2019\/12\/arist\u00f3teles-OK.jpg\" alt=\"\" width=\"280\" height=\"264\" \/><\/p>\n<p align=\"center\"><span style=\"color: #008000; font-size: 18pt;\">* * *<\/span><\/p>\n<p style=\"text-align: justify;\"><span style=\"font-size: 14pt;\"><strong>ARIST\u00d3TELES<\/strong>,\u00a0<em>Metaf\u00edsica<\/em>. Espasa Calpe, 1988. Traducci\u00f3n de Patricio de Azc\u00e1rate. [<a href=\"http:\/\/www.filosofiadigital.com\/\" target=\"_blank\" rel=\"noopener\">Filosof\u00eda Digital,<\/a> 21\/08\/2008]<\/span><\/p>\n<\/blockquote>\n<\/div>\n<p>&nbsp;<\/p>\n<p><img loading=\"lazy\" decoding=\"async\" class=\"aligncenter wp-image-18678\" src=\"https:\/\/puntocritico.com\/ausajpuntocritico\/wp-content\/uploads\/2019\/05\/democrito-1.jpeg\" alt=\"\" width=\"440\" height=\"336\" srcset=\"https:\/\/puntocritico.com\/ausajpuntocritico\/wp-content\/uploads\/2019\/05\/democrito-1.jpeg 220w, https:\/\/puntocritico.com\/ausajpuntocritico\/wp-content\/uploads\/2019\/05\/democrito-1-80x60.jpeg 80w\" sizes=\"auto, (max-width: 440px) 100vw, 440px\" \/><\/p>\n<h3 style=\"text-align: center;\"><span style=\"font-size: 18pt; color: #008000;\">\u2666<\/span><span style=\"font-size: 18pt;\">\u2666<\/span><span style=\"font-size: 18pt; color: #008000;\">\u2666<\/span><span style=\"font-size: 18pt;\">\u2666<\/span><span style=\"font-size: 18pt; color: #008000;\">\u2666<\/span><span style=\"font-size: 18pt;\">\u2666<\/span><span style=\"font-size: 18pt; color: #008000;\">\u2666<\/span><\/h3>\n<h2 id=\"post-1111\" class=\"storytitle\" style=\"text-align: center;\"><span style=\"font-size: 24pt;\">EL HOMBRE, UN MUNDO EN MINIATURA<\/span><\/h2>\n<div class=\"storycontent\">\n<p style=\"text-align: center;\"><span style=\"font-size: 14pt; color: #008000;\"><em><strong>\u00abQuien escoge los bienes del alma, escoge algo m\u00e1s divino; quien escoge los de su morada corporal, escoge lo humano. <\/strong><\/em><\/span><\/p>\n<p style=\"text-align: center;\"><span style=\"font-size: 14pt; color: #008000;\"><em><strong>Ni en el cuerpo ni en las riquezas hallan los hombres su felicidad, sino en la integridad y la cordura. <\/strong><\/em><\/span><\/p>\n<p style=\"text-align: center;\"><span style=\"font-size: 14pt; color: #008000;\"><em><strong>La medicina sana las enfermedades del cuerpo, mas la sabidur\u00eda libera al alma de padecimientos. Los necios se vuelven sensatos en la desdicha. <\/strong><\/em><\/span><\/p>\n<p style=\"text-align: center;\"><span style=\"font-size: 14pt; color: #008000;\"><em><strong>La naturaleza y la ense\u00f1anza son cosa semejante. <\/strong><\/em><em><strong>Y es que la ense\u00f1anza remodela al hombre y, al remodelarlo, act\u00faa como la naturaleza. <\/strong><\/em><\/span><\/p>\n<p style=\"text-align: center;\"><span style=\"font-size: 14pt; color: #008000;\"><em><strong>En materia de virtud, es necesario esforzarse por hechos y acciones, no por palabras. Se debe ser veraz, no charlat\u00e1n. <\/strong><\/em><\/span><\/p>\n<p style=\"text-align: center;\"><span style=\"font-size: 14pt; color: #008000;\"><em><strong>Muchos son los que sin haber aprendido la raz\u00f3n de las cosas viven de acuerdo con la raz\u00f3n. <\/strong><\/em><\/span><\/p>\n<p style=\"text-align: center;\"><span style=\"font-size: 14pt; color: #008000;\"><em><strong>A quienes tienen un modo de ser bien ordenado, la vida les resulta asimismo ordenada. <\/strong><\/em><\/span><\/p>\n<p style=\"text-align: center;\"><span style=\"font-size: 14pt; color: #008000;\"><em><strong>La amistad de un solo hombre sensato vale m\u00e1s que la de todos los insensatos. <\/strong><\/em><\/span><\/p>\n<p style=\"text-align: center;\"><span style=\"font-size: 14pt; color: #008000;\"><em><strong>Vivir no merece la pena para quien no tiene ni siquiera un buen amigo. <\/strong><\/em><\/span><\/p>\n<p style=\"text-align: center;\"><span style=\"font-size: 14pt; color: #008000;\"><em><strong>El hombre es un mundo en miniatura\u00bb<\/strong><\/em><\/span><\/p>\n<p><span style=\"font-size: 14pt;\">Por Dem\u00f3crito<\/span><\/p>\n<\/div>\n<figure id=\"attachment_2312711\" aria-describedby=\"caption-attachment-2312711\" style=\"width: 400px\" class=\"wp-caption aligncenter\"><img loading=\"lazy\" decoding=\"async\" class=\"wp-image-2312711\" src=\"https:\/\/puntocritico.com\/ausajpuntocritico\/wp-content\/uploads\/2025\/11\/Lloron-Heraclito-risueno-Democrito-por-Bramante-1477-300x229.jpeg\" alt=\"\" width=\"400\" height=\"305\" srcset=\"https:\/\/puntocritico.com\/ausajpuntocritico\/wp-content\/uploads\/2025\/11\/Lloron-Heraclito-risueno-Democrito-por-Bramante-1477-300x229.jpeg 300w, https:\/\/puntocritico.com\/ausajpuntocritico\/wp-content\/uploads\/2025\/11\/Lloron-Heraclito-risueno-Democrito-por-Bramante-1477-80x60.jpeg 80w, https:\/\/puntocritico.com\/ausajpuntocritico\/wp-content\/uploads\/2025\/11\/Lloron-Heraclito-risueno-Democrito-por-Bramante-1477.jpeg 544w\" sizes=\"auto, (max-width: 400px) 100vw, 400px\" \/><figcaption id=\"caption-attachment-2312711\" class=\"wp-caption-text\"><span style=\"color: #008000;\">Llor\u00f3n Her\u00e1clito, risue\u00f1o Dem\u00f3crito, por Bramante (1477)<\/span><\/figcaption><\/figure>\n<p>&nbsp;<\/p>\n<div class=\"storycontent\">\n<p style=\"text-align: justify;\"><span style=\"font-size: 14pt;\"><span lang=\"ES-TRAD\"><strong>S<\/strong><\/span>on tres las consecuencias de tener buen juicio: calcular bien, hablar bien y actuar como es debido. Gran cosa es, aun en las desgracias, tener presente lo que es debido.<\/span><\/p>\n<p style=\"text-align: justify;\"><span style=\"font-size: 14pt;\"><span lang=\"ES-TRAD\"><strong>Q<\/strong><\/span>uien trata de ser feliz no debe ocuparse de muchos asuntos, ni en lo p\u00fablico ni en lo privado, ni elegir actividades que excedan su propia capacidad y su naturaleza. Pues es cosa m\u00e1s segura una empresa mesurada que una gran empresa.<\/span><\/p>\n<p>&nbsp;<\/p>\n<p style=\"text-align: justify;\"><span style=\"font-size: 14pt;\"><a href=\"http:\/\/www.filosofiadigital.com\/wp-content\/uploads\/2007\/02\/lifeonmars-fd.jpg\" target=\"_blank\"  rel=\"lightbox[18676] noopener\"><img loading=\"lazy\" decoding=\"async\" class=\"aligncenter wp-image-1112 size-mh-magazine-content\" title=\"La naturaleza y la ense\u00f1anza son cosa semejante. Y es que la ense\u00f1anza remodela al hombre y, al remodelarlo, act\u00faa como la naturaleza. El hombre es un mundo en miniatura.\" src=\"https:\/\/puntocritico.com\/ausajpuntocritico\/wp-content\/uploads\/2017\/02\/ilustraci\u00f3n3_1-678x381.jpg\" alt=\"EL HOMBRE \" width=\"678\" height=\"381\" \/><\/a><\/span><\/p>\n<p>&nbsp;<\/p>\n<p style=\"text-align: justify;\"><span style=\"font-size: 14pt;\"><span lang=\"ES-TRAD\"><strong>N<\/strong><\/span>o puede haber un buen poeta sin un enardecimiento de su esp\u00edritu y sin un cierto soplo como de locura. Lo que escribe un poeta por inspiraci\u00f3n divina y por un aliento sacro es sin duda hermoso. Es propio de una inteligencia divina tratar siempre sobre algo hermoso.<\/span><\/p>\n<p style=\"text-align: justify;\"><span style=\"font-size: 14pt;\"><span lang=\"ES-TRAD\"><strong>L<\/strong><\/span>a medicina sana las enfermedades del cuerpo, mas la sabidur\u00eda libera al alma de padecimientos. Los necios se vuelven sensatos en la desdicha.<\/span><\/p>\n<p style=\"text-align: justify;\"><span style=\"font-size: 14pt;\"><span lang=\"ES-TRAD\"><strong>L<\/strong><\/span>a naturaleza y la ense\u00f1anza son cosa semejante. Y es que la ense\u00f1anza remodela al hombre y, al remodelarlo, act\u00faa como la naturaleza. El hombre es un mundo en miniatura.<\/span><\/p>\n<p style=\"text-align: justify;\"><span style=\"font-size: 14pt;\"><span lang=\"ES-TRAD\"><strong>Q<\/strong><\/span>uien escoge los bienes del alma, escoge algo m\u00e1s divino; quien escoge los de su morada corporal, escoge lo humano. Ni en el cuerpo ni en las riquezas hallan los hombres su felicidad, sino en la integridad y la cordura.<\/span><\/p>\n<p style=\"text-align: justify;\"><span style=\"font-size: 14pt;\"><span lang=\"ES-TRAD\"><strong>E<\/strong><\/span>s hermoso evitar que otro cometa injusticia, pero si no, tambi\u00e9n lo es no ser c\u00f3mplice de la injusticia. Lo bueno no es no cometer injusticia, sino no querer hacerlo siquiera. Es preciso, o bien ser bueno, o bien imitar al que lo es. El que agravia es m\u00e1s infeliz que el agraviado.<\/span><\/p>\n<p style=\"text-align: justify;\"><span style=\"font-size: 14pt;\"><span lang=\"ES-TRAD\"><strong>N<\/strong><\/span>o por miedo, sino por obligaci\u00f3n, hay que apartarse de los yerros. Es mejor censurar los yerros propios que no los ajenos. Grandeza de alma es sobrellevar serenamente el error. La causa de un yerro es el desconocimiento de lo mejor.<\/span><\/p>\n<p style=\"text-align: justify;\"><span style=\"font-size: 14pt;\"><span lang=\"ES-TRAD\"><strong>E<\/strong><\/span>s amor justo desear sin arrogancia las cosas bellas. Elogiar los hechos hermosos es hermoso, pues hacerlo de los viles es acci\u00f3n propia de un falso y un mentiroso.<\/span><\/p>\n<p style=\"text-align: justify;\"><span style=\"font-size: 14pt;\"><span lang=\"ES-TRAD\"><strong>E<\/strong><\/span>n materia de virtud, es necesario esforzarse por hechos y acciones, no por palabras. Se debe ser veraz, no charlat\u00e1n.<\/span><\/p>\n<p style=\"text-align: justify;\"><span style=\"font-size: 14pt;\"><span lang=\"ES-TRAD\"><strong>L<\/strong><\/span>o adecuado es ceder ante la ley, ante el gobernante y ante el m\u00e1s sabio. Es duro verse gobernado por un inferior. El hombre de bien no toma en consideraci\u00f3n los reproches de la gente ruin.<\/span><\/p>\n<p style=\"text-align: justify;\"><span style=\"font-size: 14pt;\"><span lang=\"ES-TRAD\"><strong>M<\/strong><\/span>uchos son los que sin haber aprendido la raz\u00f3n de las cosas viven de acuerdo con la raz\u00f3n. A quienes tienen un modo de ser bien ordenado, la vida les resulta asimismo ordenada.<\/span><\/p>\n<p style=\"text-align: justify;\"><span style=\"font-size: 14pt;\"><span lang=\"ES-TRAD\"><strong>M<\/strong><\/span>uchos eruditos carecen de sentido com\u00fan. Debemos procurar tener un alto grado de sentido com\u00fan, no de erudici\u00f3n.<\/span><\/p>\n<p style=\"text-align: justify;\"><span style=\"font-size: 14pt;\"><span lang=\"ES-TRAD\"><strong>N<\/strong><\/span>o confi\u00e9is en todos, sino en las personas acreditadas, pues lo primero es una simpleza; lo otro, propio de una persona sensata. No se es un hombre acreditado o desacreditado s\u00f3lo por lo que uno hace, sino tambi\u00e9n por lo que uno pretende.<\/span><\/p>\n<p style=\"text-align: justify;\"><span style=\"font-size: 14pt;\"><span lang=\"ES-TRAD\"><strong>P<\/strong><\/span>ara todos los hombres es lo mismo lo bueno y lo verdadero; lo grato, en cambio, es diferente para cada uno.<\/span><\/p>\n<p style=\"text-align: justify;\"><span style=\"font-size: 14pt;\"><span lang=\"ES-TRAD\"><strong>L<\/strong><\/span>os apetitos demesurados por una cosa ciegan el alma para todas las dem\u00e1s. Propio de un ni\u00f1o, no de un hombre, es desear desmesuradamente.<\/span><\/p>\n<p style=\"text-align: justify;\"><span style=\"font-size: 14pt;\"><span lang=\"ES-TRAD\"><strong>G<\/strong><\/span>eneroso no es el que tiene la mirada puesta en las compensaciones, sino el que hace bien por su propia elecci\u00f3n.<\/span><\/p>\n<p style=\"text-align: justify;\"><span style=\"font-size: 14pt;\"><span lang=\"ES-TRAD\"><strong>L<\/strong><\/span>a amistad de un solo hombre sensato vale m\u00e1s que la de todos los insensatos. Vivir no merece la pena para quien no tiene ni siquiera un buen amigo. Mal car\u00e1cter tiene aquel a quien no le duran mucho los amigos ya probados. Por nadie es amado, me parece, quien no ama a nadie.<\/span><\/p>\n<p style=\"text-align: justify;\"><span style=\"font-size: 14pt;\"><span lang=\"ES-TRAD\"><strong>G<\/strong><\/span>ran da\u00f1o hacen a los necios quienes los elogian. Es mejor verse elogiado por otro que por uno mismo. Si no comprendes el motivo de los elogios, ten presente que te est\u00e1n adulando.<\/span><\/p>\n<p style=\"text-align: justify;\"><span style=\"font-size: 14pt;\"><span lang=\"ES-TRAD\"><strong>P<\/strong><\/span>refiero encontrar la explicaci\u00f3n de algo a que la realeza de los persas venga a mis manos.<\/span><\/p>\n<p style=\"text-align: justify;\"><span style=\"font-size: 14pt;\"><span lang=\"ES-TRAD\"><strong>L<\/strong><\/span>a palabra es sombra del hecho. Falsos y aparentemente buenos son los que lo hacen todo de palabra y no de hecho.<\/span><\/p>\n<p style=\"text-align: justify;\"><span style=\"font-size: 14pt;\"><span lang=\"ES-TRAD\"><strong>L<\/strong><\/span>os hombres han modelado la imagen de la suerte como excusa para su propia irreflexi\u00f3n. Rara vez, en efecto, la suerte est\u00e1 re\u00f1ida con la inteligencia. Por el contrario, la mayor parte de las cosas de la vida las lleva por buen camino una inteligente penetraci\u00f3n.<\/span><\/p>\n<p style=\"text-align: justify;\"><span style=\"font-size: 14pt;\"><span lang=\"ES-TRAD\"><strong>L<\/strong><\/span>a vida del insensato no es vivir mal, sino estar mucho tiempo muri\u00e9ndose.<\/span><\/p>\n<\/div>\n<p>&nbsp;<\/p>\n<figure id=\"attachment_27102\" aria-describedby=\"caption-attachment-27102\" style=\"width: 400px\" class=\"wp-caption aligncenter\"><img loading=\"lazy\" decoding=\"async\" class=\"wp-image-27102\" src=\"https:\/\/puntocritico.com\/ausajpuntocritico\/wp-content\/uploads\/2020\/02\/DEMOCRITO-Y-HERACLITO-RUBENS-300x225.jpg\" alt=\"\" width=\"400\" height=\"300\" srcset=\"https:\/\/puntocritico.com\/ausajpuntocritico\/wp-content\/uploads\/2020\/02\/DEMOCRITO-Y-HERACLITO-RUBENS-300x225.jpg 300w, https:\/\/puntocritico.com\/ausajpuntocritico\/wp-content\/uploads\/2020\/02\/DEMOCRITO-Y-HERACLITO-RUBENS-768x576.jpg 768w, https:\/\/puntocritico.com\/ausajpuntocritico\/wp-content\/uploads\/2020\/02\/DEMOCRITO-Y-HERACLITO-RUBENS-678x509.jpg 678w, https:\/\/puntocritico.com\/ausajpuntocritico\/wp-content\/uploads\/2020\/02\/DEMOCRITO-Y-HERACLITO-RUBENS-326x245.jpg 326w, https:\/\/puntocritico.com\/ausajpuntocritico\/wp-content\/uploads\/2020\/02\/DEMOCRITO-Y-HERACLITO-RUBENS-80x60.jpg 80w, https:\/\/puntocritico.com\/ausajpuntocritico\/wp-content\/uploads\/2020\/02\/DEMOCRITO-Y-HERACLITO-RUBENS.jpg 800w\" sizes=\"auto, (max-width: 400px) 100vw, 400px\" \/><figcaption id=\"caption-attachment-27102\" class=\"wp-caption-text\"><span style=\"color: #008000;\">DEMOCRITO Y HERACLITO (Rubens)<\/span><\/figcaption><\/figure>\n<div class=\"storycontent\">\n<p style=\"text-align: center;\"><span style=\"color: #008000; font-size: 18pt;\">* * *<\/span><\/p>\n<p style=\"text-align: justify;\"><span style=\"font-size: 14pt;\"><strong>DEM\u00d3CRITO<\/strong>,\u00a0<em>Fragmentos presocr\u00e1ticos<\/em>. Traducci\u00f3n de Alberto Bernab\u00e9. Alianza Editorial, 1988. <a href=\"http:\/\/www.filosofiadigital.com\/\" target=\"_blank\" rel=\"noopener\">Filosof\u00eda Digital<\/a>, 12\/02\/2007.<\/span><\/p>\n<\/div>\n<p>&nbsp;<\/p>\n<figure id=\"attachment_2312710\" aria-describedby=\"caption-attachment-2312710\" style=\"width: 555px\" class=\"wp-caption aligncenter\"><img loading=\"lazy\" decoding=\"async\" class=\"wp-image-2312710\" src=\"https:\/\/puntocritico.com\/ausajpuntocritico\/wp-content\/uploads\/2025\/11\/Democrito-entre-los-abderitas-por-Francois-Andre-Vincen-300x147.jpeg\" alt=\"\" width=\"555\" height=\"271\" srcset=\"https:\/\/puntocritico.com\/ausajpuntocritico\/wp-content\/uploads\/2025\/11\/Democrito-entre-los-abderitas-por-Francois-Andre-Vincen-300x147.jpeg 300w, https:\/\/puntocritico.com\/ausajpuntocritico\/wp-content\/uploads\/2025\/11\/Democrito-entre-los-abderitas-por-Francois-Andre-Vincen-768x375.jpeg 768w, https:\/\/puntocritico.com\/ausajpuntocritico\/wp-content\/uploads\/2025\/11\/Democrito-entre-los-abderitas-por-Francois-Andre-Vincen.jpeg 990w\" sizes=\"auto, (max-width: 555px) 100vw, 555px\" \/><figcaption id=\"caption-attachment-2312710\" class=\"wp-caption-text\"><span style=\"color: #008000;\">Dem\u00f3crito entre los abderitas por Fran\u00e7ois-Andr\u00e9 Vincent (c. 1790)<\/span><\/figcaption><\/figure>\n<p>&nbsp;<\/p>\n<p><a href=\"https:\/\/puntocritico.com\/author\/punto-critico\/\"><img loading=\"lazy\" decoding=\"async\" class=\"aligncenter wp-image-48\" src=\"https:\/\/puntocritico.com\/ausajpuntocritico\/wp-content\/uploads\/2016\/11\/Mosca_Punto_Cr\u00edtico_40.png\" alt=\"\" width=\"70\" height=\"70\" \/><\/a><\/p>\n<p>&nbsp;<\/p>\n","protected":false},"excerpt":{"rendered":"<div class=\"mh-excerpt\"><p>EL HOMBRE &nbsp; LA ETERNA VERDAD \u00abEs justo mostrarse reconocidos, no s\u00f3lo respecto de aquellos cuyas opiniones compartimos, sino tambi\u00e9n de los que han tratado las cuestiones de una manera un poco superficial, porque tambi\u00e9n <a class=\"mh-excerpt-more\" href=\"https:\/\/puntocritico.com\/ausajpuntocritico\/2019\/05\/28\/el-hombre\/\" title=\"EL HOMBRE, seg\u00fan Arist\u00f3teles y Dem\u00f3crito: \u00abEl hombre, un mundo en miniatura\u00bb\">[&#8230;]<\/a><\/p>\n<\/div>","protected":false},"author":3,"featured_media":18679,"comment_status":"open","ping_status":"closed","sticky":false,"template":"","format":"standard","meta":{"_acf_changed":false,"_exactmetrics_skip_tracking":false,"_exactmetrics_sitenote_active":false,"_exactmetrics_sitenote_note":"","_exactmetrics_sitenote_category":0,"footnotes":""},"categories":[8],"tags":[168,207],"class_list":{"0":"post-18676","1":"post","2":"type-post","3":"status-publish","4":"format-standard","5":"has-post-thumbnail","7":"category-filosofia","8":"tag-aristoteles","9":"tag-democrito"},"acf":[],"_links":{"self":[{"href":"https:\/\/puntocritico.com\/ausajpuntocritico\/wp-json\/wp\/v2\/posts\/18676","targetHints":{"allow":["GET"]}}],"collection":[{"href":"https:\/\/puntocritico.com\/ausajpuntocritico\/wp-json\/wp\/v2\/posts"}],"about":[{"href":"https:\/\/puntocritico.com\/ausajpuntocritico\/wp-json\/wp\/v2\/types\/post"}],"author":[{"embeddable":true,"href":"https:\/\/puntocritico.com\/ausajpuntocritico\/wp-json\/wp\/v2\/users\/3"}],"replies":[{"embeddable":true,"href":"https:\/\/puntocritico.com\/ausajpuntocritico\/wp-json\/wp\/v2\/comments?post=18676"}],"version-history":[{"count":0,"href":"https:\/\/puntocritico.com\/ausajpuntocritico\/wp-json\/wp\/v2\/posts\/18676\/revisions"}],"wp:featuredmedia":[{"embeddable":true,"href":"https:\/\/puntocritico.com\/ausajpuntocritico\/wp-json\/wp\/v2\/media\/18679"}],"wp:attachment":[{"href":"https:\/\/puntocritico.com\/ausajpuntocritico\/wp-json\/wp\/v2\/media?parent=18676"}],"wp:term":[{"taxonomy":"category","embeddable":true,"href":"https:\/\/puntocritico.com\/ausajpuntocritico\/wp-json\/wp\/v2\/categories?post=18676"},{"taxonomy":"post_tag","embeddable":true,"href":"https:\/\/puntocritico.com\/ausajpuntocritico\/wp-json\/wp\/v2\/tags?post=18676"}],"curies":[{"name":"wp","href":"https:\/\/api.w.org\/{rel}","templated":true}]}}