{"id":1835386,"date":"2021-02-15T00:05:56","date_gmt":"2021-02-14T23:05:56","guid":{"rendered":"https:\/\/puntocritico.com\/ausajpuntocritico\/?p=1835386"},"modified":"2024-11-07T12:49:50","modified_gmt":"2024-11-07T11:49:50","slug":"la-democracia-no-puede-subsistir-sin-poderes-intermedios-las-organizaciones-pro-gubernamentales-en-la-nueva-politica-los-ciudadanos-ya-no-eligen-al-gobierno-es-el-gobierno-quien-elige-a-los","status":"publish","type":"post","link":"https:\/\/puntocritico.com\/ausajpuntocritico\/2021\/02\/15\/la-democracia-no-puede-subsistir-sin-poderes-intermedios-las-organizaciones-pro-gubernamentales-en-la-nueva-politica-los-ciudadanos-ya-no-eligen-al-gobierno-es-el-gobierno-quien-elige-a-los\/","title":{"rendered":"LA DEMOCRACIA NO PUEDE SUBSISTIR SIN \u00abPODERES INTERMEDIOS\u00bb: Las Organizaciones PRO Gubernamentales. En la \u00abNueva Pol\u00edtica\u00bb los Ciudadanos ya no eligen al Gobierno; es el Gobierno quien elige a los Ciudadanos. El caso de Lidia Falc\u00f3n"},"content":{"rendered":"<blockquote>\n<p class=\"entry-title\" style=\"text-align: center;\"><span style=\"font-size: 24pt;\"><strong>LA DEMOCRACIA NO PUEDE SUBSISTIR SIN \u00abPODERES INTERMEDIOS\u00bb<\/strong><\/span><\/p>\n<p class=\"entry-title\" style=\"text-align: center;\"><span style=\"font-size: 18pt;\"><em><strong>Todo parece estar donde no est\u00e1. Todo parece ser lo que no es: Las Organizaciones PRO Gubernamentales<\/strong><\/em><\/span><\/p>\n<p style=\"text-align: justify;\"><span style=\"font-size: 14pt;\">Por Jes\u00fas D\u00edaz Formoso<\/span><\/p>\n<p style=\"text-align: justify;\"><span style=\"font-size: 14pt;\">AUSAJ<\/span><\/p>\n<p><img loading=\"lazy\" decoding=\"async\" class=\"aligncenter wp-image-1835788 size-full\" src=\"https:\/\/puntocritico.com\/ausajpuntocritico\/wp-content\/uploads\/2021\/02\/on-ges-muy-pro-ges.jpg\" alt=\"\" width=\"678\" height=\"381\" data-id=\"1835788\" srcset=\"https:\/\/puntocritico.com\/ausajpuntocritico\/wp-content\/uploads\/2021\/02\/on-ges-muy-pro-ges.jpg 678w, https:\/\/puntocritico.com\/ausajpuntocritico\/wp-content\/uploads\/2021\/02\/on-ges-muy-pro-ges-300x169.jpg 300w, https:\/\/puntocritico.com\/ausajpuntocritico\/wp-content\/uploads\/2021\/02\/on-ges-muy-pro-ges-610x343.jpg 610w\" sizes=\"auto, (max-width: 678px) 100vw, 678px\" \/><\/p>\n<p>&nbsp;<\/p>\n<p style=\"text-align: justify;\"><span style=\"font-size: 14pt;\"><strong>Todo parece estar donde no est\u00e1. Todo parece ser lo que no es.<\/strong><\/span><\/p>\n<p style=\"text-align: justify;\"><span style=\"font-size: 14pt;\">\u00bfCu\u00e1les son nuestras ideas pol\u00edticas?<\/span><\/p>\n<p style=\"text-align: justify;\"><span style=\"font-size: 14pt;\">Imagina que a unos futbolistas muy h\u00e1biles se les presenta como miembros de una orquesta,\u00a0 y a su juego, se le llama sinfon\u00eda. M\u00e1s tarde a los buenos futbolistas se le empieza\u00a0a llamar m\u00fasicos. Poco a poco se generaliza el llamarlos as\u00ed. A\u00f1os despu\u00e9s le preguntas a un m\u00fasico por su profesi\u00f3n. \u00bfQu\u00e9 va a contestarte? Si te dice que es m\u00fasico, creer\u00e1s que es futbolista. Su profesi\u00f3n se ha quedado sin nombre.<\/span><\/p>\n<p style=\"text-align: justify;\"><span style=\"font-size: 14pt;\">Eso es lo que est\u00e1 ocurriendo con todo lo que nos importa. Vaciados los conceptos, desgajados de su significado, se crea la percepci\u00f3n de lo inexistente, que intenta sustituir a lo real.<\/span><\/p>\n<p style=\"text-align: justify;\"><span style=\"font-size: 14pt;\"><strong>El Asociacionismo<\/strong>.<\/span><\/p>\n<p style=\"text-align: justify;\"><span style=\"font-size: 14pt;\">La Humanidad se constituye como sujeto hist\u00f3rico en el momento en que la asociaci\u00f3n entre personas llega a establecer una sociedad. La Sociedad del Neol\u00edtico.<\/span><\/p>\n<p style=\"text-align: justify;\"><span style=\"font-size: 14pt;\">Esta asociaci\u00f3n se expande cuando florece el comercio. El \u201c<em>Mercado<\/em>\u201d, que centra el inter\u00e9s de <strong>Adam Smith<\/strong> o de <strong>Jean Baptiste Say<\/strong>, no es sino la hist\u00f3rica asociaci\u00f3n de ofertantes y demandantes.<\/span><\/p>\n<p style=\"text-align: justify;\"><span style=\"font-size: 14pt;\">De la misma manera, la necesidad de regular las transacciones, el \u201c<em>Mercado<\/em>\u201d, empuja una nueva forma de Asociaci\u00f3n: La <strong>Asociaci\u00f3n Pol\u00edtica<\/strong>.<\/span><\/p>\n<p style=\"text-align: justify;\"><span style=\"font-size: 14pt;\">Caminando a hombros de <strong>Spinoza<\/strong> y <strong>Locke<\/strong>, <strong>Montesquieu<\/strong> estudiar\u00e1 y proclamar\u00e1\u00a0 el \u201c<em>principio de distribuci\u00f3n social del poder<\/em>\u201d, si bien lo inserta -\u00fanicamente- dentro de su teor\u00eda general de la separaci\u00f3n de los poderes del Estado.<\/span><\/p>\n<p style=\"text-align: justify;\"><span style=\"font-size: 14pt;\">La distribuci\u00f3n social del poder, cristaliza en normas jur\u00eddicas; y esa distribuci\u00f3n jur\u00eddica del Poder depende de la distribuci\u00f3n social para evitar el abuso del poder y salvaguardar la libertad de los ciudadanos.<\/span><\/p>\n<p style=\"text-align: justify;\"><span style=\"font-size: 14pt;\"><strong>Tocqueville<\/strong> describe as\u00ed la natural espontaneidad del fen\u00f3meno asociativo: \u201c<em>Surge un obst\u00e1culo en la v\u00eda p\u00fablica, el paso se interrumpe, la circulaci\u00f3n se para; inmediatamente los vecinos se constituyen en cuerpo deliberante; de esta improvisada asamblea saldr\u00e1 un poder ejecutivo que aliviar\u00e1 el mal antes de que a ninguno de los interesados se le pase por la imaginaci\u00f3n la idea de una autoridad preexistente<\/em>\u201d.<\/span><\/p>\n<p style=\"text-align: justify;\"><span style=\"font-size: 14pt;\">Y sobre esa dimensi\u00f3n social del Poder, <strong>Tocqueville<\/strong> edificar\u00e1 su Teor\u00eda Pol\u00edtica. Y, en especial, su concepto del \u201c<em>Hombre Democr\u00e1tico<\/em>\u201d (antecedente del \u201c<em>Hombre Masa<\/em>\u201d de <strong>Ortega y Gasset<\/strong>).<\/span><\/p>\n<p style=\"text-align: justify;\"><span style=\"font-size: 14pt;\">En palabras de <strong><a href=\"https:\/\/puntocritico.com\/ausajpuntocritico\/2021\/02\/10\/consideraciones-politicas-sobre-alexis-de-tocqueville-coincidencias-entre-el-pensamiento-politico-de-ortega-y-alexis-de-tocqueville-por-juan-cavas-miralles-2\/\" target=\"_blank\" rel=\"noopener noreferrer\">Juan Cavas Miralles<\/a><\/strong>, \u00ab<em>Tanto el hombre-masa de Ortega como el individuo democr\u00e1tico de Tocqueville son reflejo de una democracia degradada producto de ese individuo acomodaticio y devaluado que al no ser capaz de esforzarse para tratar de ir m\u00e1s all\u00e1 de s\u00ed mismo se deja llevar por la opini\u00f3n de los dem\u00e1s y se refugia en los bienes materiales.\u00a0<\/em><\/span><span style=\"font-size: 14pt;\"><em>Lo que yo he observado es que tanto el individuo democr\u00e1tico de Tocqueville como el hombre-masa de Ortega responden a un tipo de persona que se ha quedado rezagada en la sociedad debido a que no ha sido capaz de realizar el esfuerzo necesario para conseguir estar a la altura de los mejores. Como este individuo se encuentra tan lejos de aquellos que le han superado y tampoco est\u00e1 dispuesto a realizar el esfuerzo necesario para poderlos alcanzar, la salida que ve m\u00e1s f\u00e1cil para soportar su existencia la encuentra al amparo de los bienes materiales y en tratar de anular a todo el que le sobresale apoyando la tiran\u00eda de la mayor\u00eda o la rebeli\u00f3n de las masas<\/em>\u00ab.<\/span><\/p>\n<p style=\"text-align: justify;\"><span style=\"font-size: 14pt;\">Contin\u00faa <strong>Cavas Miralles<\/strong> se\u00f1alando:<\/span><\/p>\n<p style=\"text-align: justify;\"><span style=\"font-size: 14pt;\">\u00ab<em>Tocqueville y Ortega defienden por encima de todo al individuo y sus libertades, tanto frente al poder del Estado como el de la sociedad. El liberalismo tal y como ambos lo entendieron implica la igualdad de derechos y la igualdad de oportunidades para que todos desarrollen sus capacidades. Por tanto, <strong>su apuesta no es por el liberalismo econ\u00f3mico tradicional, sino por un liberalismo cuyo objetivo primordial era la defensa de la libertad de los individuos tanto frente al poder del Estado como frente al poder de la mayor\u00eda<\/strong>. Los dos fueron m\u00e1s all\u00e1 del liberalismo cl\u00e1sico y pusieron en cuesti\u00f3n las supuestas bondades del capitalismo y de la regulaci\u00f3n autom\u00e1tica a trav\u00e9s de las leyes del mercado defendidas por Adam Smith, ya que ambos entienden que la regulaci\u00f3n o intervenci\u00f3n del Estado es necesaria para contrarrestar los excesos del capitalismo y asegurar una mayor justicia social mediante una redistribuci\u00f3n de los beneficios lo m\u00e1s justa posible entre el capital y los trabajadores<\/em>\u00ab.<\/span><\/p>\n<p style=\"text-align: justify;\"><span style=\"font-size: 14pt;\">En palabras de <strong>Alfonso Osorio<\/strong>, \u00ab<em>Uno de los grandes enemigos de la libertad es el individualismo. \u00c9ste a\u00edsla a los hombres, los encierra en sus asuntos particulares y les hace desentenderse de lo p\u00fablico. As\u00ed es f\u00e1cil que sobrevenga el despotismo, que no encuentra ciudadanos que se le opongan. Para evitar estos dos males, Alexis de Tocqueville retoma los viejos remedios de Montesquieu: los poderes intermedios, adapt\u00e1ndolos a las sociedades democr\u00e1ticas<\/em>\u00ab.\u00a0<\/span><\/p>\n<p style=\"text-align: justify;\"><span style=\"font-size: 14pt;\">El \u201c<em><strong>Post-Totalitarismo Global\u00bb, Populista y Tecnol\u00f3gico<\/strong><\/em>, al que parecemos dirigirnos, trata de convertir a la entera sociedad en Estado; sometida a su dominio.<\/span><\/p>\n<p style=\"text-align: justify;\"><span style=\"font-size: 14pt;\">Desaparecida la distinci\u00f3n entre Instituci\u00f3n y Asociaci\u00f3n Pro-gubernamental, la Libertad de toda la sociedad desaparece, se desvanece frente al Poder estatal, del que todos somos \u2013con gusto o con disgusto- rehenes. Vigilados por sus cuerpos Policiales, que act\u00faan desde el privilegio y la presunci\u00f3n de utilizaci\u00f3n leg\u00edtima de la violencia estatal.<\/span><\/p>\n<p style=\"text-align: justify;\"><span style=\"font-size: 14pt;\"><strong>Si todo es Estado, no existe Pueblo<\/strong>. <\/span><\/p>\n<p style=\"text-align: justify;\"><span style=\"font-size: 14pt;\">Como escribi\u00f3 <a href=\"https:\/\/puntocritico.com\/ausajpuntocritico\/2021\/01\/28\/estado-es-el-nombre-que-se-da-al-mas-frio-de-todos-los-monstruos-frios-por-friedrich-nietzsche-2\/\" target=\"_blank\" rel=\"noopener noreferrer\"><strong>Nietzsche<\/strong><\/a>:<\/span><\/p>\n<p style=\"padding-left: 40px; text-align: justify;\"><span style=\"font-size: 14pt;\">\u201c<em>Estado es el nombre que se da al m\u00e1s fr\u00edo de todos los monstruos fr\u00edos. El Estado miente con toda frialdad y de su boca sale esta mentira: \u201cYo, el Estado, soy el pueblo\u201d.<\/em><\/span><\/p>\n<p style=\"padding-left: 40px; text-align: justify;\"><span style=\"font-size: 14pt;\"><em>\u00a1Qu\u00e9 gran mentira! Creadores fueron quienes crearon los pueblos, por la fe y el amor: as\u00ed sirvieron a la vida. Aniquiladores son quienes ponen trampas a la multitud, y denominan Estado a tal obra: suspenden sobre los hombros una espada, y cien apetitos.<\/em><\/span><\/p>\n<p style=\"padding-left: 40px; text-align: justify;\"><span style=\"font-size: 14pt;\"><em>Donde todav\u00eda existe pueblo, \u00e9ste no entiende al Estado, y le odia, consider\u00e1ndole como un mal de ojo, como un crimen contra las costumbres y los derechos<\/em>\u201d.<\/span><\/p>\n<p style=\"text-align: justify;\"><span style=\"font-size: 14pt;\"><strong>El R\u00e9gimen del 78.<\/strong><\/span><\/p>\n<p style=\"text-align: justify;\"><span style=\"font-size: 14pt;\">La Nueva Pol\u00edtica en el Mundo se percibe en el reflejo de EE.UU, donde el nuevo antagonismo ya ha sido bautizado: Globalistas contra Patriotas.<\/span><\/p>\n<p style=\"text-align: justify;\"><span style=\"font-size: 14pt;\">En Espa\u00f1a la contraposici\u00f3n, m\u00e1s o menos encubierta, es la de <strong>Nacional-Cat\u00f3licos<\/strong> contra <strong>Globalistas<\/strong>.<\/span><\/p>\n<p style=\"text-align: justify;\"><span style=\"font-size: 14pt;\">En Espa\u00f1a, la \u201c<strong><em>Nueva Pol\u00edtica<\/em><\/strong>\u201d, posee su propias caracter\u00edsticas. Porque se ha de instalar sobre el \u201c<strong>R\u00e9gimen del 78<\/strong>\u201d.<\/span><\/p>\n<p style=\"text-align: justify;\"><span style=\"font-size: 14pt;\">He visto muchas aproximaciones al significado de \u201c<em>R\u00e9gimen del 78<\/em>\u201d.\u00a0 Sin embargo considero al \u201c<em>R\u00e9gimen del 78<\/em>\u201d como el reparto de Espa\u00f1a entre los Tecn\u00f3cratas y los Falangistas, con su evoluci\u00f3n de casi medio siglo.<\/span><\/p>\n<p style=\"text-align: justify;\"><span style=\"font-size: 14pt;\">La Transici\u00f3n consisti\u00f3, fundamentalmente, en tener contento al \u201c<em>Amigo Americano<\/em>\u201d, y dedicarse a robar.<\/span><\/p>\n<p style=\"text-align: justify;\"><span style=\"font-size: 14pt;\">Comenz\u00f3 pronto el PSOE de los maletines llenos de dinero que tra\u00eda de Alemania \u201c<em>ni Flick ni Flock<\/em>\u201d. Pero cuando tomaron el poder, entonces empezaron a lo grande; se robaron la mayor empresa de Espa\u00f1a, RUMASA. As\u00ed, una de las joyas del Grupo, <em><strong>Galer\u00edas Preciados<\/strong><\/em>, fue vendida por menos dinero del que ten\u00eda en caja.<\/span><\/p>\n<p style=\"text-align: justify;\"><span style=\"font-size: 14pt;\">Luego vendr\u00eda la debacle. La llamaron \u201c<em>Reconversi\u00f3n Industrial<\/em>\u201d y consisti\u00f3 en eliminar la capacidad productiva del pa\u00eds, convirti\u00e9ndonos en compradores de los pa\u00edses de la U.E., en la que entramos como mercado, no como democracia.<\/span><\/p>\n<p style=\"text-align: justify;\"><span style=\"font-size: 14pt;\">Ahora, nuestra presunta \u201c<em>Democracia<\/em>\u201d ya no descansa en la Libertad de los Ciudadanos, sino en su Manipulaci\u00f3n. Quiz\u00e1s siempre ha sido as\u00ed, pero hoy el Control Social intenta abarcarlo todo, bienes y conciencias.<\/span><\/p>\n<p style=\"text-align: justify;\"><span style=\"font-size: 14pt;\"><strong>Pero, \u00bfd\u00f3nde est\u00e1n los Socialistas? <\/strong><\/span><\/p>\n<p style=\"text-align: justify;\"><span style=\"font-size: 14pt;\">Fuimos cancelados; hace d\u00e9cadas.<\/span><\/p>\n<p style=\"text-align: justify;\"><span style=\"font-size: 14pt;\">Sustituidos por aqu\u00e9llos a quienes nos opon\u00edamos: Los Globalistas, ahora enmascarados como \u00abprogresistas\u00bb.<\/span><\/p>\n<p style=\"text-align: justify;\"><span style=\"font-size: 14pt;\">Nadie parece echarnos de menos. Pero, cada vez, nuestro silencio es m\u00e1s atronador, y nuestra ausencia empobrece nuestra convivencia. Nos desarma frente a los nuevos poderes supraestatales, no democr\u00e1ticos.<\/span><\/p>\n<p style=\"text-align: justify;\"><span style=\"font-size: 14pt;\">Una construcci\u00f3n Pol\u00edtico-Social que nos es ajena; que se nos pretende imponer \u00abdesde arriba\u00bb a los \u00abde abajo\u00bb, sin nuestro consentimiento, contra nuestra voluntad. Nada que ver con el Socialismo. Porque el Socialismo se edifica desde abajo; s\u00f3lo puede ser construido por nosotros, el Pueblo. <strong>Y ha de ser construido mediante la Democracia, con el concurso de nuestra voluntad<\/strong>. El Socialismo no se puede edificar mediante la coacci\u00f3n ejercida desde el Poder. Como la Historia nos ha demostrado una y otra vez.<\/span><\/p>\n<p style=\"text-align: justify;\"><span style=\"font-size: 14pt;\"><strong>\u00bfSocial-Comunistas? No: Globalistas. \u00bfFeministas? No: Globalistas.<\/strong><\/span><\/p>\n<p><span style=\"font-size: 14pt;\">\u00bfD\u00f3nde est\u00e1 el Socialismo? \u00bfD\u00f3nde ha quedado el amor por nuestros Derechos y Libertades?<\/span><\/p>\n<p style=\"text-align: justify;\"><span style=\"font-size: 14pt;\">El Socialismo, como el Feminismo, ha desaparecido, engullido por <strong>el Globalismo y sus Organizaciones Pro Gubernamentales<\/strong>, generosamente financiadas y publicitadas por los Poderes financieros.\u00a0<\/span><span style=\"font-size: 14pt;\">Perdidas sus esencias sociales, se han convertido en Instrumentos de opresi\u00f3n, en Organizaciones Globalistas, Pro New World Order, en realidad.<\/span><\/p>\n<p style=\"text-align: justify;\"><span style=\"font-size: 14pt;\">En esta entrada, veremos el caso del <strong>Partido Feminista Espa\u00f1ol<\/strong>, sujeto hist\u00f3rico del Feminismo en Espa\u00f1a, que ha sido sustituido, desde el silencio de la sombra del Poder, por un Antifeminismo flagrante, destructor del mismo concepto de \u00abmujer\u00bb.<\/span><\/p>\n<p style=\"text-align: justify;\"><span style=\"font-size: 14pt;\">Sustituido por la <strong>Ideolog\u00eda de G\u00e9nero<\/strong>, emblema del <strong>New World Order<\/strong>, que define como Igualdad la negaci\u00f3n de toda diferencia; que persigue igualar todo lo que es diferente. Pretendiendo imponerse sobre la realidad; sobre la Ciencia. Financiando generosamente a cuantos colaboran en la destrucci\u00f3n de nuestro Mundo.\u00a0 Y agrediendo obscenamente a quienes se oponen a \u00e9l. En especial, desde el Socialismo y el Feminismo.<\/span><\/p>\n<p style=\"text-align: justify;\"><span style=\"font-size: 14pt;\">As\u00ed, <strong>Lidia Falc\u00f3n<\/strong>, Socialista y l\u00edder hist\u00f3rica del Feminismo espa\u00f1ol, ha tenido que ser entrevistada por un Medio de Comunicaci\u00f3n de Derechas; se le niega el pan y la sal por los medios que se dicen \u00abde izquierdas\u00bb; globalistas del NWO, en realidad.<\/span><\/p>\n<p>&nbsp;<\/p>\n<p style=\"text-align: center;\"><span style=\"font-size: 14pt; color: #008000;\"><strong>Estamos dando voces a Leviat\u00e1n. Y se est\u00e1 despertando.<\/strong><\/span><\/p>\n<\/blockquote>\n<p><img loading=\"lazy\" decoding=\"async\" class=\"aligncenter wp-image-1861800 size-mh-magazine-content\" src=\"https:\/\/puntocritico.com\/ausajpuntocritico\/wp-content\/uploads\/2021\/02\/THE-NEW-WORLD-ORDER-678x381.jpg\" alt=\"\" width=\"678\" height=\"381\" data-id=\"1861800\" \/><\/p>\n<blockquote>\n<p style=\"text-align: center;\"><span style=\"color: #008000;\"><strong><span style=\"font-size: 18pt;\">*******<\/span><\/strong><\/span><\/p>\n<p style=\"text-align: justify;\"><span style=\"font-size: 14pt;\">\u201c<em>El despotismo de la fuerza es una injusticia, pero el despotismo de la impotencia es casi un absurdo.\u00a0La democracia en saldo es la heredera leg\u00edtima de la monarqu\u00eda y la aristocracia. Pero su mal latente y su vicio cong\u00e9nito es el abandono del deber, que va siendo reemplazado por la envidia, el orgullo y la independencia; en una palabra, es la desaparici\u00f3n de la obediencia producida por una falsa noci\u00f3n de la igualdad. Si la democracia no es m\u00e1s que el rebajamiento sistem\u00e1tico de las superioridades leg\u00edtimas y adquiridas y que la decapitaci\u00f3n envidiosa de los verdaderos m\u00e9ritos, se identifica entonces con la demagogia. Protecci\u00f3n a todos los seres d\u00e9biles, mantenimiento de todos los derechos, honor a todos los m\u00e9ritos y empleo de todas las capacidades: esas m\u00e1ximas del Estado justo respetan a la vez la igualdad de derecho y la desigualdad de hecho. Mejorad al hombre, hacedle m\u00e1s justo, m\u00e1s humilde, m\u00e1s puro, esa es la \u00fanica reforma que no ofrece inconveniente alguno. Las instituciones no valen sino lo que vale el hombre que las aplica. El nombre, el partido,\u00a0la opini\u00f3n, el sistema son cosas casi insignificantes y fr\u00edvolas al lado del valor intr\u00ednseco de los individuos<\/em>\u201d.<\/span><\/p>\n<p style=\"text-align: right;\"><span style=\"font-size: 14pt;\"><strong>Henri-Frederic Amiel<\/strong><\/span><\/p>\n<p style=\"text-align: right;\"><span style=\"font-size: 14pt;\"><strong>LA DEMOCRACIA EN SALDO,\u00a0<em>heredera leg\u00edtima de la monarqu\u00eda y la aristocracia<\/em><\/strong><\/span><\/p>\n<p style=\"text-align: right;\"><a href=\"https:\/\/puntocritico.com\/ausajpuntocritico\/2019\/10\/14\/la-democracia-en-saldo-y-la-supersticion-del-estado-por-henri-frederic-amiel\/\">https:\/\/puntocritico.com\/ausajpuntocritico\/2019\/10\/14\/la-democracia-en-saldo-y-la-supersticion-del-estado-por-henri-frederic-amiel\/<\/a><\/p>\n<p style=\"text-align: center;\"><span style=\"color: #008000;\"><strong><span style=\"font-size: 18pt;\">*******<\/span><\/strong><\/span><\/p>\n<p style=\"text-align: justify;\"><span style=\"font-size: 14pt;\">\u201c<em>No hay nada que la voluntad humana desespere de lograr por medio de la libre acci\u00f3n del poder colectivo de los individuos. Una asociaci\u00f3n consiste \u00fanicamente en la adhesi\u00f3n p\u00fablica de un cierto n\u00famero de individuos a tales o cuales doctrinas, y en el compromiso que contraen de contribuir en determinada forma a hacerlas prevalecer. As\u00ed, el derecho de asociaci\u00f3n casi se confunde con la libertad de prensa; pero ya la asociaci\u00f3n posee un poder mayor que la prensa. Cuando a una asociaci\u00f3n pol\u00edtica se le deja situar focos de acci\u00f3n en puntos importantes del pa\u00eds, su actividad y su influencia se amplifican y extienden. All\u00ed los hombres se ven, se maquinan medios de ejecuci\u00f3n, las opiniones se despliegan con esa fuerza y ese calor que jam\u00e1s puede alcanzar el pensamiento escrito. Los partidarios de una misma opini\u00f3n pueden reunirse en colegios electorales y nombrar mandatarios que les representen en una asamblea central. Constituye, hablando con propiedad, el sistema representativo aplicado a un partido. Cierto que no tienen el derecho de hacer la ley; pero tienen el poder de atacar la que existe y de formular de antemano la que debe existir. En los pa\u00edses donde no existen tales asociaciones, si los particulares no pueden crear algo semejante no veo ning\u00fan otro dique que oponer a la tiran\u00eda, y un gran pueblo puede ser oprimido impunemente por un pu\u00f1ado de facciones o por un hombre<\/em>\u201d.<\/span><\/p>\n<p style=\"text-align: right;\"><strong><span style=\"font-size: 14pt;\">Alexis de Tocqueville<\/span><\/strong><\/p>\n<p style=\"text-align: right;\"><strong><span style=\"font-size: 14pt;\"> La democracia en Am\u00e9rica I, segunda parte, cap\u00edtulo IV.<\/span><\/strong><\/p>\n<p style=\"text-align: right;\"><span style=\"font-size: 14pt;\"><a href=\"https:\/\/puntocritico.com\/ausajpuntocritico\/2019\/10\/29\/la-libre-accion-del-poder-colectivo-por-alexis-de-tocqueville\/\">https:\/\/puntocritico.com\/ausajpuntocritico\/2019\/10\/29\/la-libre-accion-del-poder-colectivo-por-alexis-de-tocqueville\/<\/a><\/span><\/p>\n<\/blockquote>\n<p>&nbsp;<\/p>\n<p style=\"text-align: center;\"><span style=\"font-size: 14pt; color: #008000;\">\u2666\u2666\u2666\u2666\u2666<\/span><\/p>\n<p style=\"text-align: center;\">\u00a0<\/p>\n<p><img loading=\"lazy\" decoding=\"async\" class=\"aligncenter wp-image-1835811 size-medium\" src=\"https:\/\/puntocritico.com\/ausajpuntocritico\/wp-content\/uploads\/2021\/02\/LOGO-Partido-Feminista-de-Espa\u00f1a-300x300.jpg\" alt=\"\" width=\"300\" height=\"300\" data-id=\"1835811\" srcset=\"https:\/\/puntocritico.com\/ausajpuntocritico\/wp-content\/uploads\/2021\/02\/LOGO-Partido-Feminista-de-Espa\u00f1a-300x300.jpg 300w, https:\/\/puntocritico.com\/ausajpuntocritico\/wp-content\/uploads\/2021\/02\/LOGO-Partido-Feminista-de-Espa\u00f1a-150x150.jpg 150w, https:\/\/puntocritico.com\/ausajpuntocritico\/wp-content\/uploads\/2021\/02\/LOGO-Partido-Feminista-de-Espa\u00f1a-768x768.jpg 768w, https:\/\/puntocritico.com\/ausajpuntocritico\/wp-content\/uploads\/2021\/02\/LOGO-Partido-Feminista-de-Espa\u00f1a-610x610.jpg 610w, https:\/\/puntocritico.com\/ausajpuntocritico\/wp-content\/uploads\/2021\/02\/LOGO-Partido-Feminista-de-Espa\u00f1a.jpg 900w\" sizes=\"auto, (max-width: 300px) 100vw, 300px\" \/><\/p>\n<p>&nbsp;<\/p>\n<p style=\"text-align: center;\"><strong><span style=\"font-size: 24pt;\">Entrevista a Lidia Falc\u00f3n, presidenta del Partido Feminista de Espa\u00f1a: \u00abUno no cambia de sexo nunca, nunca\u00bb<\/span><\/strong><\/p>\n<div class=\"contenedor titular\">\n<p class=\"subtitulo\" style=\"text-align: center;\"><span style=\"font-size: 18pt;\"><strong><em>La presidenta del Partido Feminista\u00a0se enfrenta a una pena de entre 1 y 6 a\u00f1os por una denuncia de un grupo Trans y de la Generalidad catalana.<\/em><\/strong><\/span><\/p>\n<\/div>\n<div class=\"contenedor audioplayer\">\n<div id=\"jplayer_1\" class=\"jp-jplayer\" style=\"text-align: justify;\"><span style=\"font-size: 14pt;\">Por Dieter Brandau, 5-2-2021<\/span><\/div>\n<div style=\"text-align: justify;\"><span style=\"font-size: 14pt;\">\u00abLa noche de Dieter\u00bb; es.radio<\/span><\/div>\n<div style=\"text-align: justify;\"><a href=\"https:\/\/esradio.libertaddigital.com\/fonoteca\/2021-02-03\/entrevista-a-la-presidenta-del-partido-feminista-de-espana-6705224.html?_ga=2.39811875.1490758109.1612008639-575140021.1583412728\" target=\"_blank\" rel=\"noopener\"><span style=\"font-size: 14pt;\">Libertad Digital<\/span><\/a><\/div>\n<div>\u00a0<\/div>\n<div id=\"jp_container_1\" class=\"jp-audio\" role=\"application\" aria-label=\"media player\">\n<div class=\"jp-type-single\">\n<div class=\"jp-gui jp-interface\">\n<div class=\"jp-controls\" style=\"text-align: justify;\"><img loading=\"lazy\" decoding=\"async\" class=\"aligncenter wp-image-1835626 size-mh-magazine-content\" src=\"https:\/\/puntocritico.com\/ausajpuntocritico\/wp-content\/uploads\/2021\/02\/Lidia-Falc\u00f3n-678x381.jpg\" alt=\"\" width=\"678\" height=\"381\" data-id=\"1835626\" \/><\/div>\n<\/div>\n<\/div>\n<\/div>\n<\/div>\n<div class=\"jp-seek-bar\">\u00a0<\/div>\n<div style=\"text-align: justify;\">\u00a0<\/div>\n<div style=\"text-align: justify;\">\n<p style=\"text-align: justify;\"><span style=\"font-size: 14pt;\"><strong>Lidia Falc\u00f3n<\/strong>\u00a0(Madrid, 1935) es la Presidenta del<strong>\u00a0Partido Feminista<\/strong>\u00a0y lleva m\u00e1s de un a\u00f1o de lucha contra la nueva llamada\u00a0<strong>ley Trans del Ministerio de Igualdad<\/strong>\u00a0que dirige Irene Montero. El enfrentamiento entre las feministas cl\u00e1sicas y las capitaneadas por Podemos llev\u00f3, por ejemplo, a la hist\u00f3rica organizaci\u00f3n de Falc\u00f3n a negarse a participar en la Manifestaci\u00f3n del 8 de marzo de 2020. Cruce de comunicados,\u00a0declaraciones o peticiones de dimisi\u00f3n de la Ministra de Igualdad, que acabaron con la expulsi\u00f3n del Partido de Falc\u00f3n de la coalici\u00f3n IU y con una denuncia contra ella\u00a0de la\u00a0<strong>Federaci\u00f3n Plataforma Trans<\/strong>\u00a0y la\u00a0<strong>Generalidad de Catalu\u00f1a<\/strong>\u00a0ante la Fiscal\u00eda de Odio.<\/span><\/p>\n<p style=\"text-align: justify;\"><span style=\"font-size: 14pt;\">Lidia Falc\u00f3n ha pasado por los micr\u00f3fonos de es.Radio por el programa de <strong>La noche de Dieter<\/strong> el mismo d\u00eda en que se filtraba el primer borrador de la futura ley Trans.\u00a0<\/span><\/p>\n<p style=\"text-align: justify;\"><span style=\"font-size: 14pt;\">\u00ab<em>Me han abierto un expediente y tuve que ir a declarar el 14 de diciembre pasado porque consideran que odio a estos personajes, que ya no s\u00e9 c\u00f3mo llamarles.\u00a0<strong>Mutantes. Les voy a llamar mutantes<\/strong>. Y tengo el expediente abierto con alguna denucia m\u00e1s de una asociaci\u00f3n homosexual<\/em>\u00ab, comentaba.<\/span><\/p>\n<p style=\"text-align: justify;\"><span style=\"font-size: 14pt;\">Falc\u00f3n no se cree a\u00a0sus 85 a\u00f1os lo que est\u00e1 viviendo, \u00ab<em>ciertamente el largo recorrido de mi vida nunca me hubiera imaginado que pasara. As\u00ed nos encontramos, que est\u00e1n dispuestos a llevar adelante esta\u00a0<strong>distop\u00eda<\/strong><\/em>\u00ab.\u00a0\u00a0<\/span><\/p>\n<p style=\"text-align: justify;\"><span style=\"font-size: 14pt;\">De la ley Trans le preocupa \u00ab<em>todo<\/em>\u00ab. \u00ab<em>La ley Trans es un constructo completamente fantasioso que si nos lo imponen como ley tiene unas consecuencias sociales y personales muy graves. Empezamos por el t\u00e9rmino g\u00e9nero que no significa nada<\/em>\u00ab. Esta es la cuesti\u00f3n fundamental y clave de las dos posturas enfrentadas, desaparece la mujer como grupo social. \u00ab<em><strong>El problema es que permiten el cambio de sexo<\/strong>. A los personajes que se les ocurra decir que ahora en su deseo, en sus pensamientos y en su afici\u00f3n est\u00e1 el cambiar de sexo tienen que ser considerados como del sexo opuesto<\/em>\u00ab. Falc\u00f3n contaba una an\u00e9cdota que ya le ha pasado, \u00ab<em>Un se\u00f1or con barbas aparece en alg\u00fan debate y dice: no, yo me llamo Rosa Garc\u00eda y t\u00fa me tienes que hablar en femenino. Esto est\u00e1 pasando continuamente<\/em>\u00ab.\u00a0<\/span><\/p>\n<aside class=\"cita\"><span style=\"font-size: 14pt;\">Una muchachita que empez\u00f3 a los 12 a\u00f1os a decir esto, le dieron hormonas y a los 16 dijo que le hicieran una mastectom\u00eda doble.<\/span><\/aside>\n<p style=\"text-align: justify;\"><span style=\"font-size: 14pt;\">Otro ejemplo es el de \u00ab<em>un v\u00eddeo que se ha difundido por redes sociales en el que aparec\u00eda un enorme se\u00f1or orinando en un v\u00e1ter de se\u00f1oras,\u00a0con las mujeres pasmadas mir\u00e1ndole con ojos redondos;\u00a0y muy agresivo adem\u00e1s dec\u00eda:\u00a0pues s\u00ed,\u00a0porque yo soy trasng\u00e9nero, \u00bfcomprendes?<\/em>\u00ab.\u00a0<\/span><\/p>\n<p style=\"text-align: justify;\"><span style=\"font-size: 14pt;\">Estas situaciones se viven, por ejemplo, en las\u00a0<strong>competiciones deportivas<\/strong>, explicaba la feminista, \u00ab<em>que un personaje con la musculatura, la estatura y la fuerza masculina, se presenta a alterofilia femenina y gana el primer premio o a salto con p\u00e9rtiga<\/em>\u00ab.\u00a0<\/span><\/p>\n<p style=\"text-align: justify;\"><span style=\"font-size: 14pt;\">Y \u00ab<em>el colmo de los colmos<\/em>\u00ab, contaba, \u00ab<em>el\u00a0<strong>Partido Verde de Alemania<\/strong>\u00a0ha presentado como direcci\u00f3n bic\u00e9fala, porque ten\u00edan que ser paritarias las direcciones, a un hombre y a un tipo que se llama trans<\/em>\u00ab. En esto lleva la delantera el\u00a0<strong>Grupo Prisa<\/strong>, recordaba Falc\u00f3n, \u00ab<em>los premios Ondas de hace unos meses en el sector femenino se lo han dado a dos trans. Estamos en un mundo de fantas\u00eda, esto s\u00f3lo la literatura lo puede aceptar<\/em>\u00ab.\u00a0<\/span><\/p>\n<p style=\"text-align: justify;\"><span style=\"font-size: 14pt;\">Pero es muy real\u00a0y no solo se intentar\u00e1 imponerlo en nuestra\u00a0sociedad\u00a0sino que, adem\u00e1s, a las personas que han expresado su oposici\u00f3n se les ha abierto una causa y pueden ser condenadas.<\/span><\/p>\n<p style=\"text-align: justify;\"><span style=\"font-size: 14pt;\">Desde 2007 el cambio de sexo\u00a0est\u00e1 regulado en la legislaci\u00f3n espa\u00f1ola, pero para la feminista ese hombre nunca no ser\u00e1 una mujer.\u00a0\u00ab<em>No.\u00a0<strong>Uno no cambia de sexo nunca, nunca<\/strong>. Desde que te fecundan en la primera\u00a0inseminaci\u00f3n del \u00f3vulo ya tienes el sexo determinado y lo tienes hasta que te mueres. Y al cabo de siglos te desentierran los restos y el ADN de tus huesos es masculino o femenino, y eso es as\u00ed<\/em>\u00ab. Pon\u00eda un ejemplo por comparaci\u00f3n para explicar su postura, \u00ab<em>oiga, es que ahora me gustar\u00eda a mi abolir la Ley de la Gravitaci\u00f3n Universal, me encantar\u00eda, porque a mi cuando se me caen las cosas me da mucha rabia y en consecuencia, yo decido que no es vigente<\/em>\u00ab.\u00a0<\/span><\/p>\n<div data-oembed-url=\"https:\/\/www.youtube.com\/watch?v=oMC0KFTmGbE\">\n<p style=\"text-align: justify;\"><span style=\"font-size: 14pt;\">El \u00faltimo borrador del Ministerio de Igualdad ha modificado alg\u00fan punto para contentar al sector feminista cl\u00e1sico y salvar unos pocos muebles de la vigente\u00a0<strong>Ley de Violencia de G\u00e9nero<\/strong>. Por ejemplo, un maltratador para librarse de la condena\u00a0s\u00f3lo deb\u00eda decir que ya no era hombre, que tambi\u00e9n era mujer. En el borrador se dice que no afectar\u00e1 a las causas ya abiertas. Dice Falc\u00f3n, \u00ab<em>este matiz es un disparate. Unas veces puedes ser considerado mujer y otras no. Es lo que en ese delirio que tienen califican como de\u00a0<strong>g\u00e9nero fluido<\/strong>. El g\u00e9nero no existe, es algo que est\u00e1 por ah\u00ed y que utilizan como les da la gana. Un d\u00eda eres mujer otro hombre y otro pez\u2026<\/em>\u00ab. Recordaba \u00ab<em>ese personaje que se ha implantado dos branquias en la cabeza porque dice que es un delf\u00edn y que \u00e9l quiere vivir bajo el agua. Bueno, las tonter\u00edas, las performance, el arte, las obras de teatro, lo permiten todo<\/em>\u00ab. Pero la vida es otra cosa. \u00ab<em>Lo que es inaceptable es que desde este disparate se promulguen leyes y se obligue a la sociedad a admitirlas<\/em>\u00ab.<\/span><\/p>\n<p style=\"text-align: justify;\"><span style=\"font-size: 14pt;\">De la ley Trans la parte\u00a0<strong>m\u00e1s cruel y de consecuencias m\u00e1s graves e irreversibles<\/strong>\u00a0son las que afectan a los\u00a0<strong>menores de edad<\/strong>. \u00ab<em>Hacen una sociedad demente. Ahora se puede llevar a un ni\u00f1o de ocho a\u00f1os al Parlamento de Extremadura, lo visten de ni\u00f1a y le dan un discurso, que era imposible que lo hubiera escrito \u00e9l, diciendo que quiere ser ni\u00f1a y que le comprendan y que su futuro y que su felicidad&#8230; Y al a\u00f1o le han dado un DNI como ni\u00f1a<\/em>\u00ab.<\/span><\/p>\n<p style=\"text-align: justify;\"><span style=\"font-size: 14pt;\">En\u00a0<strong>Reino Unido<\/strong>\u00a0\u00ab<em>donde ya tenemos una cierta experiencia, ha habido una epidemia de contagios de\u00a0cr\u00edos diciendo que quieren cambiar de sexo que\u00a0ha\u00a0causado verdaderas desgracias<\/em>\u00ab. Hay casos que han llegado a los tribunales\u00a0\u00ab<em>porque una muchachita que empez\u00f3 a los 12 a\u00f1os a decir esto,\u00a0le dieron hormonas y\u00a0a los 16 dijo que le hicieran una mastectom\u00eda doble. Y los m\u00e9dicos fueron tan criminales que lo hicieron. Ha habido ya una sentencia diciendo que naturalmente a esa edad y para una transformaci\u00f3n semejante no ten\u00eda capacidad ni madurez suficiente para dar el consentimiento informado<\/em>\u00ab. Ni\u00f1os y adolescentes sanos que entran en quir\u00f3fanos para ser operados de por vida. <\/span><\/p>\n<p style=\"text-align: justify;\"><span style=\"font-size: 14pt;\">\u00ab<em><strong>Los m\u00e9dicos est\u00e1n haciendo experimentos.\u00a0<\/strong>Les entregan en la mesa del quir\u00f3fano el cuerpo de un ni\u00f1o o de un adolescente y se ponen a cortarlo a trozos<\/em>\u00ab, denuncia la pol\u00edtica. Adem\u00e1s, la\u00a0ley Montero prev\u00e9 la figura de \u00ab<em>un defensor judicial<\/em>\u00bb para amparar\u00a0al menor en caso de discrepancia con\u00a0los padres que\u00a0\u00ab<em>pueden\u00a0<strong>perder la custodia de ni\u00f1os<\/strong><\/em>\u00ab.<\/span><\/p>\n<aside class=\"cita\"><span style=\"font-size: 14pt;\">Uno no cambia de sexo nunca. Nunca.\u00a0<\/span><\/aside>\n<p style=\"text-align: justify;\"><span style=\"font-size: 14pt;\">\u00bfSe ha sentido sola este tiempo? Le ha preguntado Dieter Brandau, \u00ab<em>S\u00ed, me pareci\u00f3 que tardaron en reaccionar los grupos feministas y las compa\u00f1eras del feminismo de tantos a\u00f1os<\/em>\u00ab.\u00a0<\/span><\/p>\n<p style=\"text-align: justify;\"><span style=\"font-size: 14pt;\"><a href=\"https:\/\/www.libertaddigital.com\/espana\/politica\/2021-02-03\/la-cuota-socialista-de-la-coalicion-brama-contra-el-borrador-de-la-ley-trans-es-de-igualdad-no-del-gobierno-6705019\/\" target=\"_blank\" rel=\"noopener\">Varias diputadas y militantes socialistas apoyan la postura de Falc\u00f3n<\/a>, se han llegado a manifestar en la puerta del Congreso de los Diputados, pero su partido da pr\u00e1cticamente la callada por respuesta. La vicepresidenta primera del Gobierno,\u00a0<strong>Carmen Calvo<\/strong>, ha dicho\u00a0\u00abque no es urgente\u00bb\u00a0y que\u00a0\u00abno convirtamos una ventana de avance de derechos en una especie de quimera\u00bb. Responde la feminista,\u00a0\u00abbueno, a m\u00ed\u00a0me gustar\u00eda que fuera m\u00e1s claro, m\u00e1s rotundo, m\u00e1s decidido en esto. Llevamos en esta pol\u00e9mica desde hace un a\u00f1o y pico, yo tengo el proceso que tengo y no se han pronunciado. Y ahora a ver si es verdad que podemos llegar a alguna conversaci\u00f3n para saber qu\u00e9 van a decidir.\u00a0<strong>El PSOE debe mostrarse rotundamente en contra<\/strong>\u00ab.<\/span><\/p>\n<p style=\"text-align: justify;\"><span style=\"font-size: 14pt;\">Lidia Falc\u00f3n acababa la entrevista denunciado otro Proyecto de ley similar al de Podemos pero que ha presentado el grupo<strong>\u00a0Ciudadanos<\/strong> tanto en el Congreso como en el Senado y que est\u00e1 admitido a discusi\u00f3n tambi\u00e9n por el PSOE y PP. \u00ab<em>Lo que elimina es la autodeterminaci\u00f3n de g\u00e9nero que no sabe nadie lo que es eso. Pero \u00e9ste, si se aprueba, lleva lo mismo: la hormonaci\u00f3n de menores y aceptar que por tu propia decisi\u00f3n te conviertes en hombre o en mujer. Y estamos en ese peligro ahora<\/em>\u201d.<\/span><\/p>\n<\/div>\n<\/div>\n<div>\u00a0<\/div>\n<div><img loading=\"lazy\" decoding=\"async\" class=\"aligncenter wp-image-1835750 size-mh-magazine-content\" src=\"https:\/\/puntocritico.com\/ausajpuntocritico\/wp-content\/uploads\/2021\/02\/Lidia-Falcon-republica-660x381.jpg\" alt=\"\" width=\"660\" height=\"381\" data-id=\"1835750\" \/><\/div>\n<div>\u00a0<\/div>\n<div>\u00a0<\/div>\n<div style=\"text-align: center;\">\n<p style=\"text-align: center;\"><span style=\"font-size: 14pt; color: #008000;\">\u2666\u2666\u2666\u2666\u2666<\/span><\/p>\n<p style=\"text-align: center;\">\u00a0<\/p>\n<\/div>\n<div>\n<p class=\"entry-title\" style=\"text-align: center;\"><strong><span style=\"font-size: 24pt;\">El engrudo ideol\u00f3gico del g\u00e9nero<\/span><\/strong><\/p>\n<p class=\"td-post-sub-title\" style=\"text-align: center;\"><strong><span style=\"font-size: 18pt;\"><em>Cuando HazteOir.org puso en marcha el autob\u00fas no entend\u00ed qu\u00e9 pretend\u00eda denunciar, por lo obvio, ni cu\u00e1l era el conflicto. \u00bfEs que resulta tan insensato que las mujeres sean mujeres y los hombres hombres? Ni en el Pa\u00eds de las Maravillas hubiera imaginado que pudiera darse semejante discusi\u00f3n.<\/em><\/span><\/strong><\/p>\n<p class=\"entry-title\" style=\"text-align: justify;\"><span style=\"font-size: 14pt;\">Por Lidia Falc\u00f3n<\/span><\/p>\n<div class=\"td-post-author-name\" style=\"text-align: justify;\"><span style=\"font-size: 14pt;\"><a href=\"https:\/\/www.actuall.com\/familia\/el-engrudo-ideologico-del-genero-por-lidia-falcon\/\" target=\"_blank\" rel=\"noopener\">Tribuna Actuall<\/a>, <span class=\"td-post-date\"><time class=\"entry-date updated td-module-date\" datetime=\"2020-06-17T09:16:20+00:00\">17\/06\/2020<\/time><\/span><\/span><\/div>\n<div>\u00a0<\/div>\n<div>\n<figure id=\"attachment_1835655\" aria-describedby=\"caption-attachment-1835655\" style=\"width: 678px\" class=\"wp-caption aligncenter\"><img loading=\"lazy\" decoding=\"async\" class=\"wp-image-1835655 size-mh-magazine-content\" src=\"https:\/\/puntocritico.com\/ausajpuntocritico\/wp-content\/uploads\/2021\/02\/Lidia-Falcon-censura-de-g\u00e9nero-678x381.jpg\" alt=\"\" width=\"678\" height=\"381\" data-id=\"1835655\" \/><figcaption id=\"caption-attachment-1835655\" class=\"wp-caption-text\"><span style=\"color: #008000;\">Autob\u00fas de HazteOir.org que muestra la censura a la que es sometida la asociaci\u00f3n por discrepar de lo pol\u00edticamente correcto. \/HO<\/span><\/figcaption><\/figure>\n<\/div>\n<div>\u00a0<\/div>\n<\/div>\n<div>\u00a0<\/div>\n<div>\n<p style=\"text-align: justify;\"><span style=\"font-size: 14pt;\">El Partido Socialista Obrero Espa\u00f1ol\u00a0se ha descolgado con un argumentario elaborado contra las tesis de los \u201ctransg\u00e9nero\u201d. Ciertamente ya era hora, despu\u00e9s de que durante varios a\u00f1os consintiera la aprobaci\u00f3n de leyes Trans en diez comunidades aut\u00f3nomas, en las que tambi\u00e9n sorprendentemente colaboraron el PP y el PNV. Y, que adem\u00e1s, las mujeres que forman el n\u00facleo duro del feminismo del PSOE, dirigentes incluidas con las que me relaciono desde hace d\u00e9cadas, asistieran imp\u00e1vidas al conflicto que se desencaden\u00f3 entre el Partido Feminista de Espa\u00f1a y yo misma e Izquierda Unida, que desemboc\u00f3 en la expulsi\u00f3n del PFE de la coalici\u00f3n de izquierda el 22 de febrero de 2020, sin enviar ni un mensaje de apoyo, como hicieron muchas de las asociaciones y militantes de izquierda.<\/span><\/p>\n<p style=\"text-align: justify;\"><span style=\"font-size: 14pt;\">Ciertamente alguna de las afiliadas de ese partido, con las que he trabajado durante muchos a\u00f1os por hacer avanzar el feminismo, se solidariz\u00f3 conmigo, pero privadamente. P\u00fablicamente ninguna de las dirigentes del PSOE, cuya vicepresidenta primera Carmen Calvo hace treinta a\u00f1os me reconoc\u00eda mi magisterio en feminismo, tuvo la generosidad de\u00a0<strong>criticar la injusta conducta de IU y apoyar nuestra oposici\u00f3n al proyecto de ley Trans que presentaba Podemos<\/strong>.<\/span><\/p>\n<p style=\"text-align: justify;\"><span style=\"font-size: 14pt;\">Hoy, seis meses m\u00e1s tarde del comunicado del Partido Feminista manifest\u00e1ndonos frontalmente en contra de ese proyecto de ley Trans, y tres a\u00f1os m\u00e1s tarde de que la asociaci\u00f3n<em>\u00a0<\/em>HazteOir.org pusiera en marcha su autob\u00fas con el lema \u2018Los ni\u00f1os tienen pene, las ni\u00f1as tienen vulva\u2019 se emite un documento con el logo del PSOE que denominan argumentario donde se dice lo mismo que nosotras, como si ese partido hubiera sido el primero en desvelar un misterio semejante.<\/span><\/p>\n<p style=\"text-align: justify;\"><span style=\"font-size: 14pt;\">He de confesar que cuando HazteOir.org puso en marcha el autob\u00fas no entend\u00ed qu\u00e9 pretend\u00eda denunciar, por lo obvio, ni cu\u00e1l era el conflicto. En aquel momento no ten\u00eda suficiente informaci\u00f3n sobre el proyecto de ley Trans, que cuando la le\u00ed me pareci\u00f3 surrealista, pero tampoco conoc\u00eda las leyes auton\u00f3micas que reconocen ese desprop\u00f3sito de la \u201cautodeterminaci\u00f3n de g\u00e9nero\u201d.<\/span><\/p>\n<blockquote class=\"wp-block-quote\">\n<p style=\"text-align: center;\"><strong><span style=\"font-size: 14pt; color: #008000;\">\u00bfEs que hay que descubrir ahora el mundo material en el que est\u00e1 inserta la especie humana?<\/span><\/strong><\/p>\n<\/blockquote>\n<p>&nbsp;<\/p>\n<p style=\"text-align: justify;\"><span style=\"font-size: 14pt;\">En definitiva, para m\u00ed fue una revelaci\u00f3n o\u00edr a Sof\u00eda Casta\u00f1\u00f3n, de Podemos, declarar en la televisi\u00f3n que a partir de ahora- el proyecto de ley se present\u00f3 en el Parlamento en la primavera de 2018 pero ella hablaba en diciembre de 2019 porque pretend\u00edan volver a presentarlo-\u00a0<strong>ya no se mencionar\u00edan en los textos legales las categor\u00edas de mujer ni hombre ni padre ni madre<\/strong>.\u00a0<strong>Ahora ser\u00edan \u201cprogenitores gestantes\u201d y \u201cprogenitores no gestantes\u201d.<\/strong>\u00a0De lo que se decidi\u00f3 en el Partido Feminista, a ra\u00edz de conocer semejante desprop\u00f3sito dimos buena cuenta enseguida, ya que publicamos nuestro primer comunicado el 3 de diciembre de 2019, y a continuaci\u00f3n los que siguieron \u2013los pueden encontrar f\u00e1cilmente en nuestro Twitter y Google da completa informaci\u00f3n-, que\u00a0desembocaron en un conflicto, cuyo final legal se ve lejos, con la coalici\u00f3n Izquierda Unida en la que somos uno de los partidos que la constituyen. IU ha hecho de la defensa de la ley Trans que impone la \u201cautodeterminaci\u00f3n de g\u00e9nero\u201d uno de sus objetivos prioritarios. \u00a0<\/span><\/p>\n<p style=\"text-align: justify;\"><span style=\"font-size: 14pt;\">Pero, sin que este disparate a que ha llevado la difusi\u00f3n de ese engrudo ideol\u00f3gico de la teor\u00eda del g\u00e9nero tenga un pr\u00f3ximo final,\u00a0 lo que me tiene asombrada es que todos los partidos \u2013<strong>el primero que ha hecho una declaraci\u00f3n p\u00fablica mostr\u00e1ndose frontalmente en contra de la ley Trans ha sido el Partido Feminista de Espa\u00f1a<\/strong>\u2013 hayan aceptado los disparates que han introducido y difundido el lobby Trans tanto en el seno del Movimiento Feminista, como \u2013y es lo peor- en la legislaci\u00f3n auton\u00f3mica que se ha ido aprobando por mayor\u00edas absolutas e incluso consenso entre todas las formaciones pol\u00edticas. Mediante las cuales el sexo biol\u00f3gico no existe y es la decisi\u00f3n de la persona la que determina ser mujer u hombre, y permite cambiar legalmente la partida de nacimiento y el documento de identidad para atribuirle un nuevo sexo, y por tanto un papel diferente en nuestra sociedad.<\/span><\/p>\n<p style=\"text-align: justify;\"><span style=\"font-size: 14pt;\">Me qued\u00e9 pasmada cuando vi en la televisi\u00f3n a un ni\u00f1o, con un vestidito y un peinado de ni\u00f1a, que con 8 a\u00f1os se presentaba en el Parlamento extreme\u00f1o y ante todos los diputados le\u00eda un discurso elaborado sobre su deseo de ser ni\u00f1a y de la necesidad de que as\u00ed se le reconociera social y legalmente, mientras todos los representantes de todos los partidos lo miraban embobados y enternecidos, algunos incluso con l\u00e1grimas en los ojos. Y todav\u00eda me sigue asombrando que nadie le haya hecho reproche alguno a los padres por haber permitido \u2013o inducido- a semejante confusi\u00f3n mental a un menor. Y que\u00a0<strong>ning\u00fan defensor del menor haya intervenido en estos a\u00f1os para denunciar la manipulaci\u00f3n de las fantas\u00edas de los ni\u00f1os y ni\u00f1as<\/strong>, que va a permitir que legalmente se les hormone desde los 9 a\u00f1os, seg\u00fan manifiesten su deseo.<\/span><\/p>\n<p style=\"text-align: justify;\"><span style=\"font-size: 14pt;\">Ciertamente me pregunto, \u00bfeste tema es realmente divisorio de la derecha y de la izquierda, o nos situamos en un mundo surrealista donde la materialidad de los cuerpos humanos no existe? \u00bfEs preciso que se difunda el mensaje de que las ni\u00f1as tienen vulva y los ni\u00f1os tienen pene? \u00bfEs que nadie conoce las diferencias corporales entre las hembras y los machos en las especies mam\u00edferas? \u00bfSe trata de abolir el Patriarcado o de abolir la realidad?<\/span><\/p>\n<p style=\"text-align: justify;\"><span style=\"font-size: 14pt;\">Bueno es que el PSOE se descuelgue ahora con un argumentario contra el llamado \u201ctransgenerismo\u201d, aunque siga utilizando tontamente el t\u00e9rmino g\u00e9nero para describir una situaci\u00f3n social que pertenece al patriarcado, pero\u00a0<strong>m\u00e1s bueno ser\u00eda que todos los partidos, independientemente de su adscripci\u00f3n ideol\u00f3gica se pronunciaran en el mismo sentido<\/strong>. Porque vamos, \u00bfes que hay que descubrir ahora el mundo material en el que est\u00e1 inserta la especie humana? \u00bfD\u00f3nde queda el sentido com\u00fan, ese que tantas veces se invoca por la izquierda, por la derecha, por el centro \u00a0y por el centro derecha, y por todas las combinaciones espaciales, al que apelan continuamente los representantes de los partidos acreditados en el Parlamento?<\/span><\/p>\n<p style=\"text-align: justify;\"><span style=\"font-size: 14pt;\">\u00bfEs que resulta tan insensato que las mujeres sean mujeres y los hombres hombres?<\/span><\/p>\n<p style=\"text-align: justify;\"><span style=\"font-size: 14pt;\">Ni en el Pa\u00eds de las Maravillas hubiera imaginado que pudiera darse semejante discusi\u00f3n. Que esta no nos lleve no al Pa\u00eds de las Maravillas sino al de una distop\u00eda.<\/span><\/p>\n<p class=\"has-text-align-right\" style=\"text-align: right;\"><span style=\"font-size: 14pt;\"><em>.* Lidia Falc\u00f3n es presidenta del Partido Feminista<\/em>\u00a0de Espa\u00f1a.<\/span><\/p>\n<\/div>\n<div>\u00a0<\/div>\n<div>\n<figure id=\"attachment_1835697\" aria-describedby=\"caption-attachment-1835697\" style=\"width: 678px\" class=\"wp-caption aligncenter\"><img loading=\"lazy\" decoding=\"async\" class=\"wp-image-1835697 size-mh-magazine-content\" src=\"https:\/\/puntocritico.com\/ausajpuntocritico\/wp-content\/uploads\/2021\/02\/Estamos-con-Lidia-678x381.jpg\" alt=\"\" width=\"678\" height=\"381\" data-id=\"1835697\" \/><figcaption id=\"caption-attachment-1835697\" class=\"wp-caption-text\"><span style=\"color: #008000;\">Desde la Comisi\u00f3n Pol\u00edtica del Partido Feminista, y de la cual formo parte a nivel nacional, apoyamos a Lidia Falc\u00f3n, la presidenta de nuestro partido, al ser citada por la Fiscal\u00eda de odio de Madrid el 14 de Diciembre conjuntamente con la complicidad de la directora de Igualdad de la Generalitat de Catalu\u00f1a, que a d\u00eda de hoy no ha recibido ninguna explicaci\u00f3n de dicha convocatoria.<\/span><br \/>\n<span style=\"color: #008000;\">En base a los art\u00edculos, Comunicados e Informe sobre la Ley Trans que Lidia Falc\u00f3n ha realizado con el apoyo de dicha Comisi\u00f3n Pol\u00edtica, donde nos hemos opuesto al Proyecto de dicha Ley.<\/span><br \/>\n<span style=\"color: #008000;\">No entendemos como en una Democracia, no existe La Libre Expresi\u00f3n. Cit\u00e1ndola la Fiscal\u00eda de Odio.<\/span><br \/>\n<span style=\"color: #008000;\">No es odio. Es Libertad de Expresi\u00f3n.<\/span><br \/>\n<strong><span style=\"color: #008000;\">M. Jes\u00fas Fern\u00e1ndez &#8211; <\/span><\/strong><span style=\"color: #008000;\">Coordinadora del Partido Feminista de Espa\u00f1a en Canarias.<\/span><\/figcaption><\/figure>\n<\/div>\n<p>&nbsp;<\/p>\n<p><img loading=\"lazy\" decoding=\"async\" class=\"aligncenter wp-image-9528\" src=\"https:\/\/puntocritico.com\/ausajpuntocritico\/wp-content\/uploads\/2018\/03\/Mosca_Punto_Cr\u00edtico_40.png\" alt=\"\" width=\"80\" height=\"80\" data-id=\"9528\" \/><\/p>\n<p>&nbsp;<\/p>\n<p>&nbsp;<\/p>\n<p>&nbsp;<\/p>\n","protected":false},"excerpt":{"rendered":"<div class=\"mh-excerpt\"><p>LA DEMOCRACIA NO PUEDE SUBSISTIR SIN \u00abPODERES INTERMEDIOS\u00bb Todo parece estar donde no est\u00e1. Todo parece ser lo que no es: Las Organizaciones PRO Gubernamentales Por Jes\u00fas D\u00edaz Formoso AUSAJ &nbsp; Todo parece estar donde <a class=\"mh-excerpt-more\" href=\"https:\/\/puntocritico.com\/ausajpuntocritico\/2021\/02\/15\/la-democracia-no-puede-subsistir-sin-poderes-intermedios-las-organizaciones-pro-gubernamentales-en-la-nueva-politica-los-ciudadanos-ya-no-eligen-al-gobierno-es-el-gobierno-quien-elige-a-los\/\" title=\"LA DEMOCRACIA NO PUEDE SUBSISTIR SIN \u00abPODERES INTERMEDIOS\u00bb: Las Organizaciones PRO Gubernamentales. En la \u00abNueva Pol\u00edtica\u00bb los Ciudadanos ya no eligen al Gobierno; es el Gobierno quien elige a los Ciudadanos. El caso de Lidia Falc\u00f3n\">[&#8230;]<\/a><\/p>\n<\/div>","protected":false},"author":3,"featured_media":1835684,"comment_status":"open","ping_status":"closed","sticky":false,"template":"","format":"standard","meta":{"_acf_changed":false,"_exactmetrics_skip_tracking":false,"_exactmetrics_sitenote_active":false,"_exactmetrics_sitenote_note":"","_exactmetrics_sitenote_category":0,"footnotes":""},"categories":[12,14,7],"tags":[136,80],"class_list":{"0":"post-1835386","1":"post","2":"type-post","3":"status-publish","4":"format-standard","5":"has-post-thumbnail","7":"category-corrupcion","8":"category-corrupcion_informativa","9":"category-politica","10":"tag-amiel","11":"tag-tocqueville"},"acf":[],"_links":{"self":[{"href":"https:\/\/puntocritico.com\/ausajpuntocritico\/wp-json\/wp\/v2\/posts\/1835386","targetHints":{"allow":["GET"]}}],"collection":[{"href":"https:\/\/puntocritico.com\/ausajpuntocritico\/wp-json\/wp\/v2\/posts"}],"about":[{"href":"https:\/\/puntocritico.com\/ausajpuntocritico\/wp-json\/wp\/v2\/types\/post"}],"author":[{"embeddable":true,"href":"https:\/\/puntocritico.com\/ausajpuntocritico\/wp-json\/wp\/v2\/users\/3"}],"replies":[{"embeddable":true,"href":"https:\/\/puntocritico.com\/ausajpuntocritico\/wp-json\/wp\/v2\/comments?post=1835386"}],"version-history":[{"count":0,"href":"https:\/\/puntocritico.com\/ausajpuntocritico\/wp-json\/wp\/v2\/posts\/1835386\/revisions"}],"wp:featuredmedia":[{"embeddable":true,"href":"https:\/\/puntocritico.com\/ausajpuntocritico\/wp-json\/wp\/v2\/media\/1835684"}],"wp:attachment":[{"href":"https:\/\/puntocritico.com\/ausajpuntocritico\/wp-json\/wp\/v2\/media?parent=1835386"}],"wp:term":[{"taxonomy":"category","embeddable":true,"href":"https:\/\/puntocritico.com\/ausajpuntocritico\/wp-json\/wp\/v2\/categories?post=1835386"},{"taxonomy":"post_tag","embeddable":true,"href":"https:\/\/puntocritico.com\/ausajpuntocritico\/wp-json\/wp\/v2\/tags?post=1835386"}],"curies":[{"name":"wp","href":"https:\/\/api.w.org\/{rel}","templated":true}]}}