{"id":17378,"date":"2020-09-26T00:05:37","date_gmt":"2020-09-25T23:05:37","guid":{"rendered":"http:\/\/puntocritico.com\/?p=17378"},"modified":"2026-01-16T13:39:13","modified_gmt":"2026-01-16T12:39:13","slug":"desde-santurce-a-bilbao-blues-band-del-escenario-a-la-carcel-y-al-dia-siguiente-murio-el-dictador","status":"publish","type":"post","link":"https:\/\/puntocritico.com\/ausajpuntocritico\/2020\/09\/26\/desde-santurce-a-bilbao-blues-band-del-escenario-a-la-carcel-y-al-dia-siguiente-murio-el-dictador\/","title":{"rendered":"DESDE SANTURCE A BILBAO, BLUES BAND, del escenario a la c\u00e1rcel &#8230; y al d\u00eda siguiente muri\u00f3 el Dictador"},"content":{"rendered":"<p style=\"text-align: justify;\"><a id=\"ref1a\"><\/a><a href=\"#ref1\"><strong><span style=\"font-family: 'times new roman', times, serif; font-size: 14pt;\">Vidas ejemplares (LP 1973)<\/span><\/strong><\/a><\/p>\n<p style=\"text-align: justify;\"><strong><span style=\"font-family: 'times new roman', times, serif; font-size: 14pt;\"><a id=\"ref2a\"><\/a><a href=\"#ref2\">Desde Santurce a Bilbao Blues Band. S\u00e1tira y cachondeo contra una sociedad decr\u00e9pita\u00a0<\/a><\/span><\/strong><\/p>\n<p style=\"text-align: justify;\"><a id=\"ref3a\"><\/a><strong><span style=\"font-family: 'times new roman', times, serif; font-size: 14pt;\"><a href=\"#ref3\">\u00abEl \u00eddolo\u00bb (single 1972)<\/a> \u00a0<\/span><\/strong><\/p>\n<p style=\"text-align: center;\"><strong><span style=\"font-size: 18pt;\">***<\/span><\/strong><\/p>\n<blockquote>\n<h2 style=\"text-align: center;\"><span style=\"font-size: 24pt;\"><strong>Desde Santurce a Bilbao Blues Band<\/strong><\/span><\/h2>\n<p style=\"text-align: justify;\"><a href=\"http:\/\/lafonoteca.net\/grupos\/desde-santurce-a-bilbao-blues-band\/\" target=\"_blank\" rel=\"noopener\">http:\/\/lafonoteca.net\/grupos\/desde-santurce-a-bilbao-blues-band\/<\/a><\/p>\n<p style=\"text-align: justify;\"><span style=\"font-size: 14pt;\">A principios de los 70 la\u00a0<em>canci\u00f3n protesta<\/em>\u00a0estaba en cada esquina. Unos musicaban a poetas exiliados, otros compon\u00edan proclamas cantadas y una tercera v\u00eda protestaba con armas tan espa\u00f1olas como infalibles: la s\u00e1tira y el cachondeo. Descendientes de Quevedo y amamantados en las generosas ubres de La Codorniz, en 1970 surge un grupo m\u00e1s o menos\u00a0<em>folk\u00a0<\/em>llamado\u00a0<a href=\"http:\/\/lafonoteca.net\/grupos\/las-madres-del-cordero\" target=\"_blank\" rel=\"noopener\">Las Madres del Cordero<\/a>\u00a0y liderado por un jovencito de tendencias \u00e1cratas llamado\u00a0<a href=\"http:\/\/lafonoteca.net\/grupos\/moncho-alpuente-y-los-kwai\" target=\"_blank\" rel=\"noopener\"><strong>Moncho Alpuente<\/strong><\/a>. Se al\u00edan con la compa\u00f1\u00eda de teatro T\u00e1bano y ponen en pie el espect\u00e1culo Casta\u00f1uela 70, que pone en solfa la casposa y reprimida vida espa\u00f1ola de la \u00e9poca a partir de la cr\u00edtica a personajes gen\u00e9ricos perfectamente reconocibles. El espect\u00e1culo levanta ampollas en la derecha de toda la vida y, a pesar de su \u00e9xito, acaba por se retirado de la cartelera; sin embargo, aquellas Madres del Cordero graban un\u00a0<em>single <\/em>aclamado por la\u00a0<em>progres\u00eda\u00a0<\/em>y olvidado por periodistas y eventuales consumidores de discos<em>.<\/em><\/span><\/p>\n<p style=\"text-align: justify;\"><span style=\"font-size: 14pt;\">En 1972, Moncho Alpuente contin\u00faa aquel proyecto, cambiando algunos de sus primeros compa\u00f1eros de fatigas y mutando el nombre por el de Desde Santurce a Bilbao Blues Band. Junto a Moncho, aquella inefable banda que ni era de Bilbao ni, por supuesto, se dedicaba al\u00a0<em>blues,\u00a0<\/em>estaba formada por\u00a0<strong>Jordi Pi<\/strong>,\u00a0<strong>Javier Estrella<\/strong>\u00a0y\u00a0<strong>\u00c1lvaro <\/strong><strong>Ibernia\u00a0<\/strong>y el propio Moncho.<\/span><\/p>\n<p style=\"text-align: justify;\"><span style=\"font-size: 14pt;\">Graban en 1972 un\u00a0<em>single\u00a0<\/em>para el sello Explosion con\u00a0<em>\u201cEl \u00eddolo\u201d<\/em>, una mordaz visi\u00f3n de los cantantes del momento con ese inolvidable estribillo:\u00a0<em>\u201cY cuando llega el verano, vuelvo a la rumba otra vez\u201d.<\/em>\u00a0El disco lo ponen algunos\u00a0<em>disc-jockeys<\/em>\u00a0en sus programas de radio y no hace ni las diez de monte en cuanto a ventas, aunque la fama de Desde Santurce a Bilbao Blues Band va en aumento y act\u00faan asiduamente en universidades, colegios mayores y alguna fiesta patronal.<\/span><\/p>\n<p style=\"text-align: justify;\"><span style=\"font-size: 14pt;\">En 1973 pasan a ser quinteto, al marcharse Jordi y Javier y entrar en la formaci\u00f3n\u00a0<strong>Antonio Piera<\/strong>,<strong>\u00a0Joss Martin\u00a0<\/strong>y\u00a0<strong>Felipe Montes<\/strong>.<\/span><\/p>\n<p style=\"text-align: justify;\"><span style=\"font-size: 14pt;\">Con esta formaci\u00f3n saldr\u00e1 a la venta su obra m\u00e1s conseguida: el LP\u00a0<a href=\"http:\/\/lafonoteca.net\/disco\/vidas-ejemplares_desde-santurce-a-bilbao-blues-band\" target=\"_blank\" rel=\"noopener\"><strong>\u201cVidas Ejemplares\u201d (Explosi\u00f3n, 1973)<\/strong><\/a>, una colecci\u00f3n de canciones, varias de ellas procedentes de aquella Casta\u00f1uela 70, que suponen un revulsivo en la adormecida m\u00fasica de la \u00e9poca, donde el grupo cuenta con ayudantes de lujo como\u00a0<a href=\"http:\/\/lafonoteca.net\/grupos\/massiel\" target=\"_blank\" rel=\"noopener\">Massiel<\/a>,\u00a0<a href=\"http:\/\/lafonoteca.net\/grupos\/vainica-doble\" target=\"_blank\" rel=\"noopener\">Vainica Doble<\/a>,\u00a0<a href=\"http:\/\/lafonoteca.net\/grupos\/hilario-camacho\" target=\"_blank\" rel=\"noopener\">Hilario Camacho<\/a>\u00a0o\u00a0<a href=\"http:\/\/lafonoteca.net\/grupos\/luis-eduardo-aute\" target=\"_blank\" rel=\"noopener\">Luis Eduardo Aute<\/a>. Este disco va a venderse poco para desgracia de sus autores e int\u00e9rpretes, pero va a poner en marcha un nuevo estilo que, a falta de nombre mejor, podr\u00edamos definir como\u00a0<em>pop cachondo<\/em>\u00a0en el que pronto surgir\u00e1n nuevos practicantes como\u00a0<a href=\"http:\/\/lafonoteca.net\/grupos\/ramses-isaias-y-pantaleon\" target=\"_blank\" rel=\"noopener\">Rams\u00e9s, Isa\u00edas y Pantale\u00f3n<\/a>,\u00a0<a href=\"http:\/\/lafonoteca.net\/grupos\/la-trinca\" target=\"_blank\" rel=\"noopener\">La Trinca<\/a>\u00a0o\u00a0<a href=\"http:\/\/lafonoteca.net\/grupos\/desmadre-75\" target=\"_blank\" rel=\"noopener\">Desmadre 75<\/a>. Las caracter\u00edsticas del estilo ser\u00e1n las letras sat\u00edricas y humor\u00edsticas aderezadas con m\u00fasicas en las que vale casi todo:\u00a0<em>rock, charlest\u00f3n, folk, tango, formas de m\u00fasica cl\u00e1sica\u00a0<\/em>y lo que se terciara. El LP da lugar a una serie de actuaciones en el Teatro Magallanes, un peque\u00f1o local que siempre defendi\u00f3 la nueva cultura popular.<\/span><\/p>\n<p style=\"text-align: justify;\"><span style=\"font-size: 14pt;\">Del citado LP se pone en circulaci\u00f3n un\u00a0<em>single<\/em>\u00a0con\u00a0<em>\u201cEl hombre del 600\u201d<\/em>\u00a0como n\u00famero fuerte que se vender\u00e1 bastante bien e incluso ser\u00e1 un medianamente serio aspirante a la canci\u00f3n del verano en aquel 1973. Al a\u00f1o siguiente, se producir\u00eda alg\u00fan cambio en la formaci\u00f3n, entrando\u00a0<strong>Emilio Souto<\/strong>, que proced\u00eda de <a href=\"http:\/\/lafonoteca.net\/grupos\/tabaca\" target=\"_blank\" rel=\"noopener\">Tabaca<\/a>, y\u00a0<strong>Jean Pierre Torlois<\/strong>.<\/span><\/p>\n<p style=\"text-align: justify;\"><span style=\"font-size: 14pt;\">Sin abandonar del todo los circuitos m\u00e1s o menos\u00a0<em>underground,\u00a0<\/em>comienzan a actuar en televisi\u00f3n y discotecas, como la madrile\u00f1a J J. No siempre sus galas son saludadas con agrada. En algunas ocasiones, la censura y la polic\u00eda se cargan un espect\u00e1culo que les huele a rojer\u00edo.<\/span><\/p>\n<p style=\"text-align: justify;\"><span style=\"font-size: 14pt;\">Famosa es la rese\u00f1a que un peri\u00f3dico alcarre\u00f1o publica sobre las consecuencias de una actuaci\u00f3n en Guadalajara:\u00a0<em>\u00abDetenido el punteo de &#8216;Santurce a Bilbao Blues Band&#8217;. Finalizada la \u00faltima actuaci\u00f3n del grupo &#8216;Desde Santurce a Bilbao Blues Band&#8217;, el punteo del mencionado conjunto musical fue detenido por agentes de la Jefatura Provincial de Polic\u00eda de Guadalajara. Puestos al habla con el comisario-jefe de polic\u00eda, amablemente nos ha manifestado, que la orden de detenci\u00f3n provino de la superioridad de Madrid y que no estaba relacionada con la actuaci\u00f3n de &#8216;La Santurce&#8217; en Guadalajara. Mediada la actuaci\u00f3n de la referida banda musical, la polic\u00eda (Nos ha dicho el comisario) comunic\u00f3 al punteo la orden de detenci\u00f3n que hab\u00edan recibido, aunque, pese a ello, le permitieron finalizar el recital\u00bb.<\/em><\/span><\/p>\n<p style=\"text-align: justify;\"><span style=\"font-size: 14pt;\">De la \u00faltima multa (luego indultada) impuesta al grupo da cuenta ABC en su edici\u00f3n de 19 de noviembre de 1975; es decir, justo un d\u00eda antes de la muerte del dictador.<\/span><\/p>\n<p style=\"text-align: justify;\"><span style=\"font-size: 14pt;\">Poco m\u00e1s dio de s\u00ed este grupo. Se disolver\u00eda\u00a0a principios de\u00a01976 ante los diferentes proyectos vitales de sus componentes, que, en aquellos momentos, poco ten\u00edan que ver con la m\u00fasica. Moncho Alpuente, volver\u00eda alg\u00fan tiempo m\u00e1s tarde a la palestra\u00a0<em>pop\u00a0<\/em>como Moncho Alpuente y Los Kwai.<\/span><\/p>\n<\/blockquote>\n<p>&nbsp;<\/p>\n<p style=\"text-align: center;\"><iframe loading=\"lazy\" src=\"https:\/\/mega.nz\/embed\/OcE3EQKT#Lid2iKdPkxJMbQxisYJrKk1lqzeCtzWF6VjwNOaczFU\" width=\"640\" height=\"360\" frameborder=\"0\" allowfullscreen=\"allowfullscreen\"><\/iframe><\/p>\n<p>&nbsp;<\/p>\n<h3 style=\"text-align: center;\"><span style=\"font-size: 18pt; color: #008000;\"><strong>Desde Santurce a Bilbao Blues Band &#8211; Las cosas van cambiando<\/strong><\/span><\/h3>\n<p style=\"text-align: center;\"><em><strong><span style=\"font-size: 14pt;\">Del disco \u00abVidas Ejemplares\u00bb (1973)<\/span><\/strong><\/em><\/p>\n<p style=\"text-align: center;\"><span style=\"font-size: 12pt;\">Las cosas van cambiando,<\/span><\/p>\n<p style=\"text-align: center;\"><span style=\"font-size: 12pt;\">dicen que van cambiando,<\/span><\/p>\n<p style=\"text-align: center;\"><span style=\"font-size: 12pt;\">mas hay otros que dicen<\/span><\/p>\n<p style=\"text-align: center;\"><span style=\"font-size: 12pt;\">que se van disfrazando.<\/span><\/p>\n<p style=\"text-align: center;\"><span style=\"font-size: 12pt;\">Han cambiado los tiempos<\/span><\/p>\n<p style=\"text-align: center;\"><span style=\"font-size: 12pt;\">en su cronolog\u00eda:<\/span><\/p>\n<p style=\"text-align: center;\"><span style=\"font-size: 12pt;\">con distintos disfraces,<\/span><\/p>\n<p style=\"text-align: center;\"><span style=\"font-size: 12pt;\">la misma mercanc\u00eda.<\/span><\/p>\n<p style=\"text-align: center;\"><span style=\"font-size: 12pt;\">Si alguno le hace gracia,<\/span><\/p>\n<p style=\"text-align: center;\"><span style=\"font-size: 12pt;\">papel de celof\u00e1n,<\/span><\/p>\n<p style=\"text-align: center;\"><span style=\"font-size: 12pt;\">puede seguir dejando<\/span><\/p>\n<p style=\"text-align: center;\"><span style=\"font-size: 12pt;\">las cosas como est\u00e1n.<\/span><\/p>\n<p style=\"text-align: center;\"><span style=\"font-size: 12pt;\">Los lobos se han vestido<\/span><\/p>\n<p style=\"text-align: center;\"><span style=\"font-size: 12pt;\">con pieles de cordero,<\/span><\/p>\n<p style=\"text-align: center;\"><span style=\"font-size: 12pt;\">pero siguen mordiendo<\/span><\/p>\n<p style=\"text-align: center;\"><span style=\"font-size: 12pt;\">y se les ve el plumero.<\/span><\/p>\n<p style=\"text-align: center;\"><span style=\"font-size: 12pt;\">Hay demasiados ciegos<\/span><\/p>\n<p style=\"text-align: center;\"><span style=\"font-size: 12pt;\">que no lo quieren ver,<\/span><\/p>\n<p style=\"text-align: center;\"><span style=\"font-size: 12pt;\">demasiados miopes<\/span><\/p>\n<p style=\"text-align: center;\"><span style=\"font-size: 12pt;\">porque lo quieren ser,<\/span><\/p>\n<p style=\"text-align: center;\"><span style=\"font-size: 12pt;\">demasiados que dicen<\/span><\/p>\n<p style=\"text-align: center;\"><span style=\"font-size: 12pt;\">nada se puede hacer,<\/span><\/p>\n<p style=\"text-align: center;\"><span style=\"font-size: 12pt;\">esconden la cabeza<\/span><\/p>\n<p style=\"text-align: center;\"><span style=\"font-size: 12pt;\">y piensan con los pies;<\/span><\/p>\n<p style=\"text-align: center;\"><span style=\"font-size: 12pt;\">demasiadas conciencias<\/span><\/p>\n<p style=\"text-align: center;\"><span style=\"font-size: 12pt;\">ante un televisor,<\/span><\/p>\n<p style=\"text-align: center;\"><span style=\"font-size: 12pt;\">demasiados que duermen<\/span><\/p>\n<p style=\"text-align: center;\"><span style=\"font-size: 12pt;\">sin un despertador.<\/span><\/p>\n<p style=\"text-align: center;\"><span style=\"font-size: 12pt;\">No creas que con el tiempo<\/span><\/p>\n<p style=\"text-align: center;\"><span style=\"font-size: 12pt;\">las cosas cambiar\u00e1n,<\/span><\/p>\n<p style=\"text-align: center;\"><span style=\"font-size: 12pt;\">aqu\u00ed no cambia nada<\/span><\/p>\n<p style=\"text-align: center;\"><span style=\"font-size: 12pt;\">si no lo haces cambiar.<\/span><\/p>\n<p style=\"text-align: center;\"><span style=\"font-size: 12pt;\">No dejes que te enga\u00f1en<\/span><\/p>\n<p style=\"text-align: center;\"><span style=\"font-size: 12pt;\">con su nuevo disfraz,<\/span><\/p>\n<p style=\"text-align: center;\"><span style=\"font-size: 12pt;\">que ya hace mucho tiempo<\/span><\/p>\n<p style=\"text-align: center;\"><span style=\"font-size: 12pt;\">que dura el carnaval.<\/span><\/p>\n<p style=\"text-align: center;\"><span style=\"color: #008000;\"><strong><span style=\"font-size: 18pt;\">***<\/span><\/strong><\/span><\/p>\n<p>&nbsp;<\/p>\n<h2 style=\"text-align: center;\"><span style=\"font-size: 24pt;\"><strong>VIDAS EJEMPLARES (1973) <a id=\"ref1\"><\/a><a href=\"#ref1a\">*<\/a><\/strong><\/span><\/h2>\n<p>&nbsp;<\/p>\n<p><a href=\"https:\/\/puntocritico.com\/ausajpuntocritico\/wp-content\/uploads\/2019\/03\/DESDE-SANTURCE-A-BILBAO-BLUES-BAND-Vidas-Ejemplares.jpg\" rel=\"lightbox[17378]\"><img loading=\"lazy\" decoding=\"async\" class=\"alignnone wp-image-17384 aligncenter\" src=\"https:\/\/puntocritico.com\/ausajpuntocritico\/wp-content\/uploads\/2019\/03\/DESDE-SANTURCE-A-BILBAO-BLUES-BAND-Vidas-Ejemplares.jpg\" alt=\"\" width=\"500\" height=\"500\" srcset=\"https:\/\/puntocritico.com\/ausajpuntocritico\/wp-content\/uploads\/2019\/03\/DESDE-SANTURCE-A-BILBAO-BLUES-BAND-Vidas-Ejemplares.jpg 640w, https:\/\/puntocritico.com\/ausajpuntocritico\/wp-content\/uploads\/2019\/03\/DESDE-SANTURCE-A-BILBAO-BLUES-BAND-Vidas-Ejemplares-150x150.jpg 150w, https:\/\/puntocritico.com\/ausajpuntocritico\/wp-content\/uploads\/2019\/03\/DESDE-SANTURCE-A-BILBAO-BLUES-BAND-Vidas-Ejemplares-300x300.jpg 300w\" sizes=\"auto, (max-width: 500px) 100vw, 500px\" \/><\/a><\/p>\n<p style=\"text-align: center;\"><span style=\"font-size: 18pt; color: #008000;\">\u2666\u2666\u2666\u2666\u2666<\/span><\/p>\n<p><a href=\"https:\/\/puntocritico.com\/ausajpuntocritico\/wp-content\/uploads\/2019\/03\/DESDE-SANTURCE-A-BILBAO-BLUES-BAND-5.jpg\" rel=\"lightbox[17378]\"><img loading=\"lazy\" decoding=\"async\" class=\"aligncenter wp-image-17382\" src=\"https:\/\/puntocritico.com\/ausajpuntocritico\/wp-content\/uploads\/2019\/03\/DESDE-SANTURCE-A-BILBAO-BLUES-BAND-5-300x169.jpg\" alt=\"\" width=\"540\" height=\"304\" srcset=\"https:\/\/puntocritico.com\/ausajpuntocritico\/wp-content\/uploads\/2019\/03\/DESDE-SANTURCE-A-BILBAO-BLUES-BAND-5-300x169.jpg 300w, https:\/\/puntocritico.com\/ausajpuntocritico\/wp-content\/uploads\/2019\/03\/DESDE-SANTURCE-A-BILBAO-BLUES-BAND-5-768x432.jpg 768w, https:\/\/puntocritico.com\/ausajpuntocritico\/wp-content\/uploads\/2019\/03\/DESDE-SANTURCE-A-BILBAO-BLUES-BAND-5-1024x576.jpg 1024w, https:\/\/puntocritico.com\/ausajpuntocritico\/wp-content\/uploads\/2019\/03\/DESDE-SANTURCE-A-BILBAO-BLUES-BAND-5-678x381.jpg 678w, https:\/\/puntocritico.com\/ausajpuntocritico\/wp-content\/uploads\/2019\/03\/DESDE-SANTURCE-A-BILBAO-BLUES-BAND-5.jpg 1600w\" sizes=\"auto, (max-width: 540px) 100vw, 540px\" \/><\/a><\/p>\n<p style=\"text-align: center;\"><span style=\"color: #008000; font-size: 18pt;\"><strong>CARA A\u00a0<\/strong><\/span><\/p>\n<p style=\"text-align: center;\"><strong>CANCIONES:<\/strong><br \/>\n<strong>&#8211; DIFFERENT<\/strong><br \/>\n<strong>&#8211; EL IDOLO<\/strong><br \/>\n<strong>&#8211; LOS FANTASMAS<\/strong><br \/>\n<strong>&#8211; DANZA DE LOS ORANGUTANES<\/strong><br \/>\n<strong>&#8211; TODO EST\u00c1<\/strong><br \/>\n<strong>&#8211; LAS COSAS VAN CAMBIANDO<\/strong><br \/>\n<strong>&#8211; SOY LA MUJER<\/strong><\/p>\n<p>&nbsp;<\/p>\n<p style=\"text-align: center;\"><iframe loading=\"lazy\" src=\"https:\/\/mega.nz\/embed\/iM8HVSwR#fL-yNixcTmvQE9AX145JOUoJNaVnr6mRUETa7RGJ60s\" width=\"640\" height=\"360\" frameborder=\"0\" allowfullscreen=\"allowfullscreen\"><\/iframe><\/p>\n<h3 style=\"text-align: center;\"><span style=\"font-size: 18pt;\"><strong><em>VIDAS EJEMPLARES CARA A<\/em><\/strong><\/span><\/h3>\n<p>&nbsp;<\/p>\n<p style=\"text-align: center;\"><iframe loading=\"lazy\" src=\"https:\/\/mega.nz\/embed\/KJVEGZqY#P4OwuDYoAaUU3ZAzwvjMR_lWkT7t_1tWry9U3_HKKoA\" width=\"640\" height=\"360\" frameborder=\"0\" allowfullscreen=\"allowfullscreen\"><\/iframe><\/p>\n<h3 style=\"text-align: center;\"><span style=\"font-size: 18pt;\"><em><strong>VIDAS EJEMPLARES CARA B<\/strong><\/em><\/span><\/h3>\n<p>&nbsp;<\/p>\n<p style=\"text-align: center;\"><a href=\"https:\/\/puntocritico.com\/ausajpuntocritico\/wp-content\/uploads\/2019\/03\/DESDE-SANTURCE-A-BILBAO-BLUES-BAND-4.jpg\" rel=\"lightbox[17378]\"><img loading=\"lazy\" decoding=\"async\" class=\"aligncenter wp-image-17381\" src=\"https:\/\/puntocritico.com\/ausajpuntocritico\/wp-content\/uploads\/2019\/03\/DESDE-SANTURCE-A-BILBAO-BLUES-BAND-4-300x169.jpg\" alt=\"\" width=\"540\" height=\"304\" srcset=\"https:\/\/puntocritico.com\/ausajpuntocritico\/wp-content\/uploads\/2019\/03\/DESDE-SANTURCE-A-BILBAO-BLUES-BAND-4-300x169.jpg 300w, https:\/\/puntocritico.com\/ausajpuntocritico\/wp-content\/uploads\/2019\/03\/DESDE-SANTURCE-A-BILBAO-BLUES-BAND-4-768x432.jpg 768w, https:\/\/puntocritico.com\/ausajpuntocritico\/wp-content\/uploads\/2019\/03\/DESDE-SANTURCE-A-BILBAO-BLUES-BAND-4-1024x576.jpg 1024w, https:\/\/puntocritico.com\/ausajpuntocritico\/wp-content\/uploads\/2019\/03\/DESDE-SANTURCE-A-BILBAO-BLUES-BAND-4-678x381.jpg 678w, https:\/\/puntocritico.com\/ausajpuntocritico\/wp-content\/uploads\/2019\/03\/DESDE-SANTURCE-A-BILBAO-BLUES-BAND-4.jpg 1600w\" sizes=\"auto, (max-width: 540px) 100vw, 540px\" \/><\/a><\/p>\n<p style=\"text-align: center;\"><span style=\"color: #008000; font-size: 18pt;\"><strong>CARA B<\/strong><\/span><\/p>\n<p style=\"text-align: center;\">\u00a0<strong>CANCIONES:<\/strong><br \/>\n<strong>&#8211; EL HOMBRE DEL SEISCIENTOS<\/strong><br \/>\n<strong>&#8211; NO SEA USTED ORIGINAL<\/strong><br \/>\n<strong>&#8211; INDEFINIDOS VAMPIROS<\/strong><br \/>\n<strong>&#8211; SUPERMAN<\/strong><br \/>\n<strong>&#8211; A BENEFICIO DE LOS HU\u00c9RFANOS<\/strong><br \/>\n<strong>&#8211; DIFFERENT<\/strong><\/p>\n<p>&nbsp;<\/p>\n<p style=\"text-align: center;\"><span style=\"font-size: 18pt; color: #008000;\">\u2666\u2666\u2666\u2666\u2666<\/span><\/p>\n<p><a href=\"https:\/\/puntocritico.com\/ausajpuntocritico\/wp-content\/uploads\/2019\/03\/DESDE-SANTURCE-A-BILBAO-BLUES-BAND-2.jpg\" rel=\"lightbox[17378]\"><img loading=\"lazy\" decoding=\"async\" class=\"aligncenter wp-image-17379\" src=\"https:\/\/puntocritico.com\/ausajpuntocritico\/wp-content\/uploads\/2019\/03\/DESDE-SANTURCE-A-BILBAO-BLUES-BAND-2-300x169.jpg\" alt=\"\" width=\"590\" height=\"332\" srcset=\"https:\/\/puntocritico.com\/ausajpuntocritico\/wp-content\/uploads\/2019\/03\/DESDE-SANTURCE-A-BILBAO-BLUES-BAND-2-300x169.jpg 300w, https:\/\/puntocritico.com\/ausajpuntocritico\/wp-content\/uploads\/2019\/03\/DESDE-SANTURCE-A-BILBAO-BLUES-BAND-2-768x432.jpg 768w, https:\/\/puntocritico.com\/ausajpuntocritico\/wp-content\/uploads\/2019\/03\/DESDE-SANTURCE-A-BILBAO-BLUES-BAND-2-1024x576.jpg 1024w, https:\/\/puntocritico.com\/ausajpuntocritico\/wp-content\/uploads\/2019\/03\/DESDE-SANTURCE-A-BILBAO-BLUES-BAND-2-678x381.jpg 678w, https:\/\/puntocritico.com\/ausajpuntocritico\/wp-content\/uploads\/2019\/03\/DESDE-SANTURCE-A-BILBAO-BLUES-BAND-2.jpg 1600w\" sizes=\"auto, (max-width: 590px) 100vw, 590px\" \/><\/a><\/p>\n<p>&nbsp;<\/p>\n<h2 style=\"text-align: center;\"><span style=\"font-size: 24pt;\">DESDE SANTURCE A BILBAO BLUES BAND. <\/span><\/h2>\n<h3 style=\"text-align: center;\"><span style=\"font-size: 18pt;\">S\u00e1tira y cachondeo contra una sociedad decr\u00e9pita <\/span><a id=\"ref2\"><\/a><span style=\"font-size: 18pt;\"><a href=\"#ref2a\">*<\/a><\/span><\/h3>\n<p><a href=\"https:\/\/es.scribd.com\/document\/36119957\/Desde-Santurce-a-Bilbao-Blues-Band\" target=\"_blank\" rel=\"noopener\">https:\/\/es.scribd.com\/document\/36119957\/Desde-Santurce-a-Bilbao-Blues-Band<\/a><\/p>\n<div id=\"outer_page_1\" class=\"outer_page only_ie6_border  not_visible\" style=\"text-align: justify;\">\n<div id=\"page1\" class=\"newpage\">\n<div class=\"text_layer\">\n<div class=\"ie_fix\">\n<div>\u00a0<\/div>\n<div class=\"ff3\"><span style=\"font-size: 14pt;\"><span class=\"a\"><a href=\"https:\/\/puntocritico.com\/ausajpuntocritico\/wp-content\/uploads\/2019\/03\/Imagen2.jpg\" rel=\"lightbox[17378]\"><img loading=\"lazy\" decoding=\"async\" class=\"alignleft wp-image-17387\" src=\"https:\/\/puntocritico.com\/ausajpuntocritico\/wp-content\/uploads\/2019\/03\/Imagen2.jpg\" alt=\"\" width=\"309\" height=\"300\" \/><\/a>En 1969 surgen en Espa\u00f1a dos formaciones musicales de canci\u00f3n sat\u00edrica que van a<\/span><span class=\"a\">tener un papel destacado en el movimiento art\u00edstico de oposici\u00f3n en el transcurso de los <\/span><span class=\"a\">\u00faltimos a\u00f1os del franquismo y la transici\u00f3n. Por un lado, el grupo La Trinca, (Josep <\/span><span class=\"a\">Mar\u00eda Mainat, Miguel \u00c1ngel Pascual, y Tony Cruz) que en sus inicios graba <\/span><span class=\"a\">exclusivamente e<span class=\"l6\">n catal\u00e1n y, de otro,\u00a0Las Madres del Cordero, cantando en castellano<\/span><\/span><span class=\"a\">con Moncho Alpuente al frente y una banda compuesta por Arturo Bodel\u00f3n, Antonio<\/span><span class=\"a\">G\u00f3mez, Hilario Camacho, Luis Crist\u00f3bal (Cocodi) Javier Estrella, Gabriel Jaraba,<\/span><span class=\"a\">Jer\u00f3nimo Mart\u00ednez, Antonio Piera, y Elisa Serna. Este grupo inicial sufri\u00f3 continuas <\/span><span class=\"a\">variaciones a lo largo de\u00a0su corta existencia.<\/span><\/span><\/div>\n<\/div>\n<div>\u00a0<\/div>\n<div class=\"ie_fix\">\n<div class=\"ff3\"><span style=\"font-size: 14pt;\"><span class=\"a\">El 21 de agosto de 1970, Las Madres del Cordero, van a<\/span><span class=\"a\"> protagonizar junto al grupo de teatro T\u00e1bano, el estreno <\/span><span class=\"a\">de la obra \u201cCasta\u00f1uela 70\u201d musical en clave de teatro de <\/span><span class=\"a\">cabaret basado en sketches. Es el comienzo, junto al TEI,<\/span><span class=\"a\">(Teatro Experimental Independiente) del llamado,<\/span><span class=\"a\">gen\u00e9ricamente, \u201cteatro independiente\u201d.<\/span><\/span><\/div>\n<div>\u00a0<\/div>\n<div class=\"ff3\"><span style=\"font-size: 14pt;\"><span class=\"a\">La obra tiene un inesperado \u00e9xito que es abortado por los <\/span><span class=\"a\">continuos saboteos y amenazas de la extrema derecha. El <\/span><span class=\"a\">d\u00eda 28\/09\/70, despu\u00e9s de un lanzamiento de octavillas,<\/span><span class=\"a\"> pataleos, y gritos de \u00a1Arriba Espa\u00f1a! por elementos de la <\/span><span class=\"a\">extrema derecha, se proh\u00edbe la continuaci\u00f3n en cartelera.<\/span><\/span><\/div>\n<div>\u00a0<\/div>\n<div class=\"ff3\"><span style=\"font-size: 14pt;\"><span class=\"a\">El Grupo T\u00e1bano lo formaban, Juan Margallo, Andr\u00e9s Cienfuegos, Carlos S\u00e1nchez,<\/span><span class=\"a\">Alicia S\u00e1nchez, Luis Matilla, Manu Aguilar, Rosa Montero, Quique Santana, Pedro<\/span><span class=\"a\">Pardo, Alberto Alonso, Luis Coromina, Mar\u00eda Luisa de la Cruz, Emilio Mart\u00ednez,<\/span><span class=\"a\">Te\u00f3fanes Merch\u00e1n y Laura Palacios.<\/span><\/span><\/div>\n<div>\u00a0<\/div>\n<div class=\"ff3\"><span style=\"font-size: 14pt;\"><span class=\"a\">A partir de Casta\u00f1uela 70 surge en Espa\u00f1a el llamado Caf\u00e9-Teatro con obras que <\/span><span class=\"a\">adaptan lo esencial de la f\u00f3rmula con el cambio l\u00f3gico de libretos. Unos, ligeramente<\/span><span class=\"a\">\u00a0politizados, y otros con la llamada tercera v\u00eda del erotismo como el c\u00e9lebre \u201cCharly, no<\/span><span class=\"a\">te vayas a Sodoma\u201d, copan la escena madrile\u00f1a extendi\u00e9ndose a toda Espa\u00f1a. Con el<\/span><span class=\"a\"> paso de los a\u00f1os, La Cubana y Dagoll Dagom, toman el relevo. Se podr\u00eda decir que es el <\/span><span class=\"a\">g\u00e9nero de \u201crevista\u201d interpretado por los\u00a0progres.<\/span><\/span><\/div>\n<div>\u00a0<\/div>\n<\/div>\n<\/div>\n<div>\u00a0<\/div>\n<div class=\"text_layer\">\n<div class=\"ie_fix\">\n<div><a href=\"https:\/\/puntocritico.com\/ausajpuntocritico\/wp-content\/uploads\/2019\/03\/Imagen1.jpg\" rel=\"lightbox[17378]\"><img loading=\"lazy\" decoding=\"async\" class=\"wp-image-17386 aligncenter\" src=\"https:\/\/puntocritico.com\/ausajpuntocritico\/wp-content\/uploads\/2019\/03\/Imagen1.jpg\" alt=\"\" width=\"380\" height=\"394\" \/><\/a><\/div>\n<p>&nbsp;<\/p>\n<h3 class=\"ff2\" style=\"text-align: center;\"><span style=\"font-size: 18pt;\"><strong><span class=\"a\">DESDE SANTURCE A BILBAO BLUES BAND<\/span><\/strong><\/span><\/h3>\n<div class=\"ff3\"><span style=\"font-size: 14pt;\"><span class=\"a\">Terminado el fugaz paso por Casta\u00f1uela, y tras un peque\u00f1o respiro, Moncho Alpuente, <\/span><span class=\"a\">decide seguir hacia adelante y comienza a dar vueltas<\/span><span class=\"a\">a la idea de crear un nuevo grupo rechazando ofertas<\/span><span class=\"a\"> para explotar el tema \u201cMadres del Cordero\u201d. Para <\/span><span class=\"a\">ello, en octubre de 1972, se constituye la \u201cDesde <\/span><span class=\"a\">Santurce a Bilbao Blues Band\u201d con Javier Estrella, <\/span><span class=\"a\">\u00c1lvaro\u00a0<span class=\"l10\">Ibernia,\u00a0<span class=\"l11\">Jordi\u00a0Pi\u00a0<span class=\"l8\">y\u00a0Moncho\u00a0<span class=\"l12\">Alpuente, <\/span><\/span><\/span><\/span><\/span><span class=\"a\">continuando en la l\u00ednea de canci\u00f3n sat\u00edrica iniciada <\/span><span class=\"a\">con las \u201cMadres del Cordero\u201d.Esta formaci\u00f3n, por\u00a0<\/span><span class=\"a\">cuestiones de estudios, servicio militar, etc., s\u00f3lo va a <\/span><span class=\"a\">significar una presentaci\u00f3n con declaraci\u00f3n de <\/span><span class=\"a\">intenciones ya que no va a tener continuidad por los <\/span><span class=\"a\">sucesivos cambios que se producen hasta llegar a una <\/span><span class=\"a\">nueva formaci\u00f3n en 1973 con Antonio Piera, Felipe Montes, Alvaro Ibernia, Joss <\/span><span class=\"a\">Martin y Moncho Alpuente. En esos momentos, carecen de percusionista y,<\/span><span class=\"a\">\u00a0pr\u00e1cticamente, no realizan aparici\u00f3n p\u00fablica\u00a0alguna.<\/span><\/span><\/div>\n<div>\u00a0<\/div>\n<div class=\"ff3\"><span style=\"font-size: 14pt;\"><span class=\"a\">Llegados a ese punto, Moncho Alpuente, contacta con el productor franc\u00e9s Alain <\/span><span class=\"a\">Milhaud, propietario de la Compa\u00f1\u00eda Fonogr\u00e1fica Espa\u00f1ola (Los Bravos, Pop Tops) que <\/span><span class=\"a\">recientemente hab\u00eda realizado la producci\u00f3n del primer LP de Hilario Camacho \u201cDe<\/span><span class=\"a\"> paso\u201d. Alpuente, que hab\u00eda firmado tres temas para el citado LP y hab\u00eda colaborado en <\/span><span class=\"a\">otras discogr\u00e1ficas en donde hab\u00eda coincidido con Milhaud, le presenta un n\u00famero de <\/span><span class=\"a\">canciones suficiente para lo que va a ser la primera y \u00fanica grabaci\u00f3n de Desde <\/span><span class=\"a\">Santurce a Bilbao Blues Band.<\/span><\/span><\/div>\n<div>\u00a0<\/div>\n<div class=\"ff3\"><span style=\"font-size: 14pt;\"><span class=\"a\"><a href=\"https:\/\/puntocritico.com\/ausajpuntocritico\/wp-content\/uploads\/2019\/03\/Imagen4.jpg\" rel=\"lightbox[17378]\"><img loading=\"lazy\" decoding=\"async\" class=\"alignleft wp-image-17389\" src=\"https:\/\/puntocritico.com\/ausajpuntocritico\/wp-content\/uploads\/2019\/03\/Imagen4.jpg\" alt=\"\" width=\"290\" height=\"289\" srcset=\"https:\/\/puntocritico.com\/ausajpuntocritico\/wp-content\/uploads\/2019\/03\/Imagen4.jpg 222w, https:\/\/puntocritico.com\/ausajpuntocritico\/wp-content\/uploads\/2019\/03\/Imagen4-150x150.jpg 150w\" sizes=\"auto, (max-width: 290px) 100vw, 290px\" \/><\/a>Con producci\u00f3n del propio Milhaud, los arreglos del <\/span><span class=\"a\">argentino\u00a0<span class=\"l7\">Carlos\u00a0<span class=\"l6\">Montero, y <span class=\"l12\">m\u00fasicos de estudio, se <\/span><\/span><\/span><\/span><span class=\"a\">edita,\u00a0en\u00a0<span class=\"l\">1973, el LP, \u201cVidas ejemplares\u201d con <\/span><\/span><span class=\"a\">canciones firmadas por Moncho Alpuente, Jordi Pi, Luis <\/span><span class=\"a\">Eduardo Aute, Hilario Camacho y Jorge Krahe. En la <\/span><span class=\"a\">grabaci\u00f3n colaboran en voces, adem\u00e1s de Moncho <\/span><span class=\"a\">Alpuente como solista, Antonio Piera, Vainica Doble, <\/span><span class=\"a\">Rosa Le\u00f3n, Macu, del grupo Aguaviva, y Massiel, que <\/span><span class=\"a\">interpreta el tema \u201cSoy la mujer\u201d. El grupo, en ese <\/span><span class=\"a\">momento, lo forman Antonio Piera, Joss Mart\u00edn, <\/span><span class=\"a\">Moncho Alpuente, Felipe Montes, \u00c1lvaro Ibernia y <\/span><span class=\"a\">Paco Mu\u00f1oz que se incorpora como bater\u00eda.<\/span><\/span><\/div>\n<div>\u00a0<\/div>\n<div class=\"ff3\"><span style=\"font-size: 14pt;\"><span class=\"a\">El single titulado \u201cEl hombre del 600\u201d, incluido en ese LP comienza a o\u00edrse en las <\/span><span class=\"a\">radios de forma incesante. Parece que al grupo, inicialmente reducido al \u00e1mbito <\/span><span class=\"a\">universitario y de centros de barrio, le ha llegado la hora de profesionalizarse.<\/span><\/span><\/div>\n<div>\u00a0<\/div>\n<div class=\"ff3\"><span style=\"font-size: 14pt;\"><span class=\"a\">A rengl\u00f3n seguido de la aparici\u00f3n del disco, y tras unas actuaciones en el Peque\u00f1o <\/span><span class=\"a\">Teatro-Magallanes de la calle Arapiles, se producen cambios en el grupo con la <\/span><span class=\"a\">incorporaci\u00f3n del guitarrista franc\u00e9s afincado en Espa\u00f1a, Jean Pierre Torlois, <\/span><span class=\"a\">instrumentista de la secci\u00f3n r\u00edtmica de acompa\u00f1amiento del grupo Tabaca que, a su vez,\u00a0<\/span><span class=\"a\">convence a Emilio Souto, guitarra y cantante de esa formaci\u00f3n, para que se incorpore a <\/span><span class=\"a\">La Santurce. El grupo Tabaca se disuelve y sus otros miembros, Jes\u00fas de la Rosa y <\/span><span class=\"a\">Eduardo Rodr\u00edguez Rodway, fundan, junto a Tele Palacios, el grupo\u00a0Triana.<\/span><\/span><\/div>\n<div>\u00a0<\/div>\n<\/div>\n<div>\u00a0<\/div>\n<div class=\"ie_fix\">\n<div class=\"ff3\"><span class=\"a\" style=\"font-size: 14pt;\"><a href=\"https:\/\/puntocritico.com\/ausajpuntocritico\/wp-content\/uploads\/2019\/03\/Imagen3.jpg\" rel=\"lightbox[17378]\"><img loading=\"lazy\" decoding=\"async\" class=\"aligncenter wp-image-17388\" src=\"https:\/\/puntocritico.com\/ausajpuntocritico\/wp-content\/uploads\/2019\/03\/Imagen3.jpg\" alt=\"\" width=\"410\" height=\"308\" srcset=\"https:\/\/puntocritico.com\/ausajpuntocritico\/wp-content\/uploads\/2019\/03\/Imagen3.jpg 236w, https:\/\/puntocritico.com\/ausajpuntocritico\/wp-content\/uploads\/2019\/03\/Imagen3-80x60.jpg 80w\" sizes=\"auto, (max-width: 410px) 100vw, 410px\" \/><\/a><\/span><\/div>\n<div>\u00a0<\/div>\n<div class=\"ff3\"><span style=\"font-size: 14pt;\"><span class=\"a\">Desde Santurce a Bilbao Blues Band queda finalmente <\/span><span class=\"a\">como formaci\u00f3n estable durante casi un a\u00f1o con <\/span><span class=\"a\">Moncho Alpuente, Alvaro Ibernia, Paco Mu\u00f1oz, Emilio <\/span><span class=\"a\">Souto y Jean Pierre Torlois. <\/span><span class=\"a\">De la mano del manager Emilio Santamar\u00eda, padre de la <\/span><span class=\"a\">cantante Massiel y personaje entra\u00f1able en el recuerdo<\/span><span class=\"a\"> para todos sus representados, comienzan a introducirse <\/span><span class=\"a\">en el circuito comercial sin abandonar su compromiso <\/span><span class=\"a\">con universidades, barrios, iglesias, movimiento obrero, <\/span><span class=\"a\">etc.<\/span><\/span><\/div>\n<\/div>\n<\/div>\n<\/div>\n<\/div>\n<div id=\"outer_page_3\" class=\"outer_page only_ie6_border   not_visible\" style=\"text-align: justify;\">\n<div id=\"page3\" class=\"newpage\">\n<div class=\"text_layer\">\n<div class=\"ie_fix\">\n<div>\u00a0<\/div>\n<div class=\"ff3\"><span style=\"font-size: 14pt;\"><span class=\"a\"><a href=\"https:\/\/puntocritico.com\/ausajpuntocritico\/wp-content\/uploads\/2019\/03\/Imagen6.jpg\" rel=\"lightbox[17378]\"><img loading=\"lazy\" decoding=\"async\" class=\"alignright wp-image-17391\" src=\"https:\/\/puntocritico.com\/ausajpuntocritico\/wp-content\/uploads\/2019\/03\/Imagen6.jpg\" alt=\"\" width=\"310\" height=\"408\" \/><\/a>Act\u00faan, a base de pr\u00f3rrogas, y durante dos meses <\/span><span class=\"a\">seguidos, en J&amp;J, por aqu\u00e9l entonces, el templo de la <\/span><span class=\"a\">m\u00fasica madrile\u00f1a. Los llenos son diarios y ellos mismos <\/span><span class=\"a\">se sorprenden dado que, hasta ese momento, ning\u00fan otro <\/span><span class=\"a\">artista hab\u00eda logrado algo parecido.<\/span><\/span><\/div>\n<div>\u00a0<\/div>\n<div class=\"ff3\"><span style=\"font-size: 14pt;\"><span class=\"a\">En TVE, act\u00faan en el programa estrella, \u201cEstudio <\/span><span class=\"a\">Abierto\u201d, dirigido por Fernando Navarrete y presentado<\/span><span class=\"a\"> por Jos\u00e9 Mar\u00eda I\u00f1igo. Ese mismo a\u00f1o, y de nuevo en <\/span><span class=\"a\">TVE, realizan un especial de \u201cLlegada internacional\u201d,<\/span><span class=\"a\"> programa dirigido y presentado por el cantante argentino <\/span><span class=\"a\">Luis Aguil\u00e9 en donde, sorprendentemente, interpretan <\/span><span class=\"a\">varias canciones de su LP sin que se presenten<\/span><span class=\"a\">\u00a0problemas a la hora de su emisi\u00f3n.<\/span><\/span><\/div>\n<div>\u00a0<\/div>\n<div class=\"ff3\"><span style=\"font-size: 14pt;\"><span class=\"a\">El fen\u00f3meno televisivo comienza a tener su efecto y son reclamados por discotecas a lo <\/span><span class=\"a\">largo y ancho de la geograf\u00eda nacional procurando alternar sus actuaciones con los <\/span><span class=\"a\">circuitos universitarios, de teatros, y barrios.<\/span><\/span><\/div>\n<div>\u00a0<\/div>\n<div class=\"ff3\"><span style=\"font-size: 14pt;\"><span class=\"a\">Ya en 1974, y en plena gira de conciertos, TVE presenta una oferta a Moncho Alpuente<\/span><span class=\"a\"> para que presente y dirija el programa musical, Mundo Pop. Alpuente se re\u00fane con el <\/span><span class=\"a\">grupo y plantea la cuesti\u00f3n de su abandono irrevocable dado que su alma de periodista <\/span><span class=\"a\">le obliga a elegir la propuesta televisiva. En el resto de los miembros del grupo hay <\/span><span class=\"a\">divisi\u00f3n de opiniones respecto al camino que toma el hasta ahora cantante y autor de <\/span><span class=\"a\">gran parte de las letras del repertorio. Unos lo entienden y, otros, piensan que no deber\u00eda <\/span><span class=\"a\">aceptar un puesto en la \u00fanica televisi\u00f3n del pa\u00eds en manos del franquismo. Se entend\u00eda <\/span><span class=\"a\">como una deserci\u00f3n musical y pol\u00edtica.<\/span><\/span><\/div>\n<div class=\"ff3\">\u00a0<\/div>\n<div class=\"ff3\"><span style=\"font-size: 14pt;\"><span class=\"a\">A los tres d\u00edas hay programado un concierto <\/span><span class=\"a\">en el Teatro Calder\u00f3n de Valladolid y, para <\/span><span class=\"a\">ello, el grupo<span class=\"l6\">,\u00a0que conoce\u00a0<span class=\"l7\">perfectamente los <\/span><\/span><\/span><span class=\"a\">textos de las canciones, toma la decisi\u00f3n de <\/span><span class=\"a\">repartirse los temas para interpretarlos. Se <\/span><span class=\"a\">reclama la ayuda del saxofonista Emilio <\/span><span class=\"a\">Mart\u00ednez (T\u00e1bano y Palo) que toma los <\/span><span class=\"a\">huecos de las partes musicales de los <\/span><span class=\"a\">instrumentistas en su nueva faceta de <\/span><span class=\"a\">cantantes. La<span class=\"l6\">s siguientes actuaciones obligan <\/span><\/span><span class=\"a\">al grupo a replantearse absolutamente todo <\/span><span class=\"a\">con respecto a c\u00f3mo dar\u00a0continuidad al proyecto. Todo va a cambiar.<\/span><\/span><\/div>\n<div>\u00a0<\/div>\n<div class=\"ff3\"><span style=\"font-size: 14pt;\"><span class=\"a\">Aprovechando la salida de Alpuente, que ten\u00eda serios problemas con las estructuras <\/span><span class=\"a\">r\u00edtmicas, comienzan a renovar todos los arreglos musicales y las acentuaciones fon\u00e9ticas <\/span><span class=\"a\">de las canciones que, hasta eso momento, estaban mal\u00a0ejecutadas<span class=\"l6\">. <\/span><\/span><span class=\"a\">Entra en la formaci\u00f3n el pianista y bajista, V\u00edctor Cuenca, que va a dar un giro <\/span><span class=\"a\">sorprendente al grupo. Los temas se reparten entre tres de sus miembros que se van <\/span><span class=\"a\">turnando en las labores instrumentistas. El grupo queda formado por V\u00edctor Cuenca al<\/span><span class=\"a\"> piano, bajo y voz, \u00c1lvaro Ibernia al Bajo y voz, Jean Pierre Torlois a la guitarra solista,\u00a0<\/span><span class=\"a\">Emilio Souto a la guitarra r\u00edtmica y voz, y Paco Mu\u00f1oz a la bater\u00eda.<\/span><\/span><\/div>\n<\/div>\n<\/div>\n<div class=\"image_layer\">\u00a0<\/div>\n<\/div>\n<\/div>\n<div id=\"outer_page_4\" class=\"outer_page only_ie6_border   not_visible\" style=\"text-align: justify;\">\n<div id=\"page4\" class=\"newpage\">\n<div class=\"text_layer\">\n<div class=\"ie_fix\">\n<div class=\"ff3\"><span style=\"font-size: 14pt;\"><span class=\"a\">Por esos d\u00edas, el r\u00e9gimen, comienza a endurecerse especialmente y las actuaciones del <\/span><span class=\"a\">grupo son seguidas con atenci\u00f3n por todos los gobiernos civiles de cada una de las<\/span><span class=\"a\">\u00a0provincias por donde act\u00faa la banda. En Santander, se clausura la sala de fiestas \u201cLa<\/span><span class=\"a\">Belle \u00c9poque\u201d tras una actuaci\u00f3n de la banda y lo mismo ocurre en Miranda de Ebro. <\/span><span class=\"a\">El Diario Monta\u00f1\u00e9s de Santander se\u00f1alaba:<\/span><\/span><\/div>\n<div>\u00a0<\/div>\n<div class=\"ff0\" style=\"padding-left: 40px;\"><em><span style=\"font-size: 14pt;\"><span class=\"a\">\u201cProblemas administrativos han <\/span><span class=\"a\">determinado tres etapas en la actuaci\u00f3n del conjunto Desde Santurce a Bilbao Blues<\/span><span class=\"a\"> Band. Primera: realizaci\u00f3n del show integro, segunda: varios recortes que afectaban a\u00a0<\/span><span class=\"a\">los parlamentos, respet\u00e1ndose \u00edntegras las canciones; y tercera: suspensi\u00f3n total del\u00a0<\/span><span class=\"a\">espect\u00e1culo (ayer). El elenco seguir\u00e1 la gira por el pa\u00eds\u201d.<\/span><\/span><\/em><\/div>\n<div>\u00a0<\/div>\n<div class=\"ff3\"><span style=\"font-size: 14pt;\"><span class=\"a\">Curiosamente, y con el mismo repertorio, act\u00faan en el teatro Micalet de Valencia con <\/span><span class=\"a\">lleno absoluto durante ocho d\u00edas sin\u00a0problema alguno con las autoridades locales.<\/span><\/span><\/div>\n<div>\u00a0<\/div>\n<div class=\"ff3\"><span style=\"font-size: 14pt;\"><span class=\"a\">Los escenarios de las discotecas de las provincias de Pamplona, Vitoria, Bilbao, y San <\/span><span class=\"a\">Sebasti\u00e1n,\u00a0reclaman una y\u00a0<span class=\"l7\">otra vez la presenc<span class=\"l6\">ia de La Santurce: Portugalete, Santurce, <\/span><\/span><\/span><span class=\"a\">Barakaldo, Sestao, Vitoria, Bilbao, Irurzun, Als\u00e1sua, etc..<\/span><\/span><\/div>\n<div>\u00a0<\/div>\n<div class=\"ff3\"><span style=\"font-size: 14pt;\"><span class=\"a\"><a href=\"https:\/\/puntocritico.com\/ausajpuntocritico\/wp-content\/uploads\/2019\/03\/Imagen7.jpg\" rel=\"lightbox[17378]\"><img loading=\"lazy\" decoding=\"async\" class=\"alignleft wp-image-17392\" src=\"https:\/\/puntocritico.com\/ausajpuntocritico\/wp-content\/uploads\/2019\/03\/Imagen7-201x300.jpg\" alt=\"\" width=\"302\" height=\"452\" srcset=\"https:\/\/puntocritico.com\/ausajpuntocritico\/wp-content\/uploads\/2019\/03\/Imagen7-201x300.jpg 201w, https:\/\/puntocritico.com\/ausajpuntocritico\/wp-content\/uploads\/2019\/03\/Imagen7.jpg 218w\" sizes=\"auto, (max-width: 302px) 100vw, 302px\" \/><\/a>Contin\u00faan las actuaciones de ese a\u00f1o 1974 y, a finales <\/span><span class=\"a\">de agosto, el manager, Santamar\u00eda, firma, entre otros, un <\/span><span class=\"a\">contrato en la <strong>Sociedad Deportiva H\u00edpica de La Coru\u00f1a<\/strong>. <\/span><span class=\"a\">Los miembros del grupo le comentan que es imposible <\/span><span class=\"a\">acudir all\u00ed a actuar dado que consideran que es un club <\/span><span class=\"a\">social de la \u00e9lite coru\u00f1esa y que va a ser un problema<\/span><span class=\"a\"> para todos. Santamar\u00eda les dice que hay que cumplir el <\/span><span class=\"a\">contrato y que procuren tocar los temas m\u00e1s light del <\/span><span class=\"a\">repertorio.<\/span><\/span><\/div>\n<div>\u00a0<\/div>\n<div class=\"ff3\"><span style=\"font-size: 14pt;\"><span class=\"a\">As\u00ed se hace y, por fin, llega el d\u00eda. El escenario preside <\/span><span class=\"a\">un gran sal\u00f3n en donde se acaba de finalizar una cena de <\/span><span class=\"a\">gala. Una vez que se acuerda el repertorio que se <\/span><span class=\"a\">considera m\u00e1s suave para cumplir el tr\u00e1mite, el grupo, <\/span><span class=\"a\">comienza su actuaci\u00f3n y, finalizado el primer tema, <\/span><span class=\"a\">notan que la cosa se va poniendo fea. A la cuarta <\/span><span class=\"a\">canci\u00f3n, comienzan a caer objetos al escenario. De repente, varios comensales del <\/span><span class=\"a\">sector de m\u00e1s edad toman el escenario pateando los micr\u00f3fonos y zarandeando a los <\/span><span class=\"a\">miembros del grupo al tiempo que gritan sin parar. Otro <\/span><span class=\"a\">grupo de j\u00f3venes sube para bajarlos de all\u00ed. El alboroto <\/span><span class=\"a\">llega a las manos entre todos los comensales y las dos <\/span><span class=\"a\">generaciones se pelean sin tregua. El grupo, mientras, <\/span><span class=\"a\">desenchufa todos los aparatos y, por la parte de atr\u00e1s del <\/span><span class=\"a\">escenario huye por las cocinas hasta alcanzar la calle. All\u00ed <\/span><span class=\"a\">se encuentra su furgoneta. R\u00e1pidamente, llegan al hotel <\/span><span class=\"a\">donde tienen sus equipajes que recogen y emprenden su <\/span><span class=\"a\">hu\u00edda hacia Madrid.<\/span><\/span><\/div>\n<div>\u00a0<\/div>\n<div class=\"ff3\"><span class=\"a\" style=\"font-size: 14pt;\"><a href=\"https:\/\/puntocritico.com\/ausajpuntocritico\/wp-content\/uploads\/2019\/03\/Imagen8.jpg\" rel=\"lightbox[17378]\"><img loading=\"lazy\" decoding=\"async\" class=\"alignright wp-image-17393\" src=\"https:\/\/puntocritico.com\/ausajpuntocritico\/wp-content\/uploads\/2019\/03\/Imagen8.jpg\" alt=\"\" width=\"310\" height=\"387\" \/><\/a><\/span><\/div>\n<div class=\"ff3\"><span style=\"font-size: 14pt;\"><span class=\"a\">Ya en la capital, son invitados a pasar por la Direcci\u00f3n <\/span><span class=\"a\">General de Seguridad siendo interrogados y<\/span><span class=\"a\"> posteriormente sancionados con una elevada multa.\u00a0<\/span><span class=\"a\">Tras lo sucedido, abandonan la banda, Paco Mu\u00f1oz,<\/span><span class=\"a\"> bater\u00eda, y Jean Pierre Torlois, guitarrista, que comienza <\/span><span class=\"a\">una nueva etapa como m\u00fasico de grabaci\u00f3n y acompa\u00f1ante de varios cantautores <\/span><span class=\"a\">espa\u00f1oles de la transici\u00f3n: Hilario\u00a0Camacho, Pablo Guerrero, Luis Pastor, etc.<\/span><\/span><\/div>\n<\/div>\n<\/div>\n<div class=\"image_layer\">\u00a0<\/div>\n<\/div>\n<\/div>\n<div id=\"outer_page_5\" class=\"outer_page only_ie6_border   not_visible\">\n<div id=\"page5\" class=\"newpage\">\n<div class=\"text_layer\">\n<div class=\"ie_fix\">\n<div class=\"ff3\" style=\"text-align: justify;\"><span style=\"font-size: 14pt;\"><span class=\"a\">Entran en La Sa<span class=\"l6\">nturce, Jos\u00e9 Luis del Campo, a la guitarra, Chely, percusionista de la <\/span><\/span><span class=\"a\">Charanga\u00a0<span class=\"l6\">de la Doctora, a la bater\u00eda, y Pedro Ontiveros, (Guadalquivir) saxofonista y <\/span><\/span><span class=\"a\">guitarra que proced<span class=\"l6\">\u00eda de las formaciones de los grupos de Hilario Camacho y Regina, <\/span><\/span><span class=\"a\">cantante norteamericana afincada en Espa\u00f1a, con los que el grupo termina la gira del <\/span><span class=\"a\">a\u00f1o 1974 y contin\u00faa la de 1975 en pleno \u00e9xito.<\/span><\/span><\/div>\n<div>\u00a0<\/div>\n<div class=\"ff3\" style=\"text-align: justify;\"><span style=\"font-size: 14pt;\"><span class=\"a\">En el mes de julio de ese mismo a\u00f1o, y al t\u00e9rmino de una actuaci\u00f3n en el teatro Coliseo <\/span><span class=\"a\">Luengo de Guadalajara, la polic\u00eda irrumpe en el escenario y detiene al guitarra solista,<\/span><span class=\"a\">Jos\u00e9 Luis del Campo que es acompa\u00f1ado en su detenci\u00f3n por todo el p\u00fablico presente <\/span><span class=\"a\">en la sala hasta la Comisar\u00eda Provincial de Polic\u00eda.<\/span><\/span><\/div>\n<div>\u00a0<\/div>\n<div class=\"ff3\" style=\"text-align: justify;\"><span style=\"font-size: 14pt;\"><span class=\"a\">Posteriormente ingresa en prisi\u00f3n de Carabanchel en Madrid en donde, tras pagar una <\/span><span class=\"a\">multa, se incorpora de nuevo al grupo. Parece ser que la detenci\u00f3n era pura cuesti\u00f3n <\/span><span class=\"a\">rutinaria de seguridad en Madrid por la visita de un alto cargo de la administraci\u00f3n <\/span><span class=\"a\">norteamericana.<\/span><\/span><\/div>\n<div>\u00a0<\/div>\n<div><span style=\"font-size: 14pt;\"><a href=\"https:\/\/puntocritico.com\/ausajpuntocritico\/wp-content\/uploads\/2019\/03\/Imagen9.jpg\" rel=\"lightbox[17378]\"><img loading=\"lazy\" decoding=\"async\" class=\"wp-image-17394 size-full aligncenter\" src=\"https:\/\/puntocritico.com\/ausajpuntocritico\/wp-content\/uploads\/2019\/03\/Imagen9.jpg\" alt=\"\" width=\"648\" height=\"325\" srcset=\"https:\/\/puntocritico.com\/ausajpuntocritico\/wp-content\/uploads\/2019\/03\/Imagen9.jpg 648w, https:\/\/puntocritico.com\/ausajpuntocritico\/wp-content\/uploads\/2019\/03\/Imagen9-300x150.jpg 300w\" sizes=\"auto, (max-width: 648px) 100vw, 648px\" \/><\/a><\/span><\/div>\n<div>\u00a0<\/div>\n<div>\u00a0<\/div>\n<div class=\"ff3\" style=\"text-align: justify;\"><span style=\"font-size: 14pt;\"><span class=\"a\"><strong>11 de julio de 1975.- Diario \u201cFlores y Abejas\u201d de Guadalajara<\/strong>.- Detenido el punteo de <\/span><span class=\"a\">\u201cSanturce a Bilbao Blues Band\u201d.-<\/span><\/span><\/div>\n<div>\u00a0<\/div>\n<div class=\"ff0\" style=\"text-align: justify;\"><span style=\"font-size: 14pt;\"><span class=\"a\">Finalizada la \u00faltima actuaci\u00f3n del grupo \u201cDesde <\/span><span class=\"a\">Santurce a Bilbao Blues Band\u201d, el punteo del mencionado conjunto musical fue <\/span><span class=\"a\">detenido por agentes de la Jefatura Provincial de Polic\u00eda de Guadalajara.<\/span><\/span><\/div>\n<div>\u00a0<\/div>\n<div class=\"ff0\" style=\"text-align: justify;\"><span style=\"font-size: 14pt;\"><span class=\"a\">Puestos al habla con el comisario-jefe de polic\u00eda, amablemente nos ha manifestado, que <\/span><span class=\"a\">la orden de detenci\u00f3n provino de la superioridad de Madrid y que no estaba <\/span><span class=\"a\">relacionada con la actuaci\u00f3n de \u201cLa Santurce\u201d en Guadalajara. <\/span><span class=\"a\">Mediada la actuaci\u00f3n de la referida banda musical, la polic\u00eda (Nos ha dicho el\u00a0<\/span><span class=\"a\">comisario) comunic\u00f3 al punteo la orden de detenci\u00f3n que hab\u00edan recibido, aunque,<\/span><span class=\"a\">\u00a0pese a ello, le permitieron finalizar el recital.<\/span><\/span><\/div>\n<div style=\"text-align: justify;\">\u00a0<\/div>\n<div class=\"ff3\" style=\"text-align: justify;\"><span style=\"font-size: 14pt;\"><span class=\"a\">15 de Julio de 1975.- Diario \u201cPueblo\u201d de Guadalajara. \u201cDESDE SANTURCE A <\/span><span class=\"a\">BILBAO Y LA BUFONADA.- <\/span><span class=\"a\">Para escribir de La Santurce, es necesario hacerlo con <\/span><span class=\"a\">ingenio, con el que ellos tienen. Lamento no poseerlo yo. Han estado en Guadalajara <\/span><span class=\"a\">dos d\u00edas. El 10 y el 11. Uno cree que es el espect\u00e1culo m\u00e1s pol\u00edtico que se ha visto aqu\u00ed\u00a0<\/span><span class=\"a\">desde hace lustros. Lo ha sido en dos puntos. El primero porque han roto todas las <\/span><span class=\"a\">reglas y convenciones de una actuaci\u00f3n. En nuestra ciudad, tan ligada a ellas, ha <\/span><span class=\"a\">sentado a unos de maravilla y a otros como un tiro. Personalmente pienso que han <\/span><span class=\"a\">empleado la vulgaridad con una elegancia inaudita. La calle, su chiste y su comentario, <\/span><span class=\"a\">han sido transformados en arte. En segundo t\u00e9rmino han sido pol\u00edticos en s\u00ed. Todo el\u00a0<\/span><span class=\"a\"> show ha sido una s\u00e1tira de contenido destructivo. Una cr\u00edtica feroz donde no se dej\u00f3 <\/span><span class=\"a\">t\u00edtere con cabeza. Lo impresionante es lograr hacerlo sin que se puedan enfadar ni los <\/span><span class=\"a\">directamente aludidos. Quedar\u00edan mal si la contestaci\u00f3n no fuese tan ingeniosa como el\u00a0<\/span><span class=\"a\">\u00a0puyazo que les ha sido \u201clargado\u201d. La Banda ha sido aplaudida, re\u00edda y participada por\u00a0<\/span><span class=\"a\">la clase juvenil, sonre\u00edda entre dientes por otros, y mal aguantada por los restantes.<\/span><span class=\"a\"> Aqu\u00ed se hablar\u00e1 de ellos durante semanas. Habr\u00e1 discusiones a su costa y para unos <\/span><span class=\"a\">constituir\u00e1n hasta una bandera. Pueden irse satisfechos. La m\u00fasica, el teatro, y la <\/span><span class=\"a\">bufonada han estado juntos en Guadalajara en un mismo espect\u00e1culo. Un gran <\/span><span class=\"a\">espect\u00e1culo\u201d.<\/span><\/span><\/div>\n<\/div>\n<\/div>\n<\/div>\n<\/div>\n<div id=\"outer_page_6\" class=\"outer_page only_ie6_border   not_visible\" style=\"text-align: justify;\">\n<div id=\"page6\" class=\"newpage\">\n<div class=\"text_layer\">\n<div class=\"ie_fix\">\n<div>\u00a0<\/div>\n<div class=\"ff3\"><span style=\"font-size: 14pt;\"><span class=\"a\"><a href=\"https:\/\/puntocritico.com\/ausajpuntocritico\/wp-content\/uploads\/2019\/03\/Imagen10.jpg\" rel=\"lightbox[17378]\"><img loading=\"lazy\" decoding=\"async\" class=\"alignleft wp-image-17395\" src=\"https:\/\/puntocritico.com\/ausajpuntocritico\/wp-content\/uploads\/2019\/03\/Imagen10-224x300.jpg\" alt=\"\" width=\"302\" height=\"404\" srcset=\"https:\/\/puntocritico.com\/ausajpuntocritico\/wp-content\/uploads\/2019\/03\/Imagen10-224x300.jpg 224w, https:\/\/puntocritico.com\/ausajpuntocritico\/wp-content\/uploads\/2019\/03\/Imagen10.jpg 228w\" sizes=\"auto, (max-width: 302px) 100vw, 302px\" \/><\/a><strong>El diario \u201cPueblo\u201d de Guadalajara escribe ese mismo <\/strong><\/span><span class=\"a\"><strong>15 de julio de 1975.-<\/strong> <\/span><\/span><\/div>\n<div>\u00a0<\/div>\n<div class=\"ff3\"><span style=\"font-size: 14pt;\"><span class=\"a\">\u00abPelillos a la mar, han actuado <\/span><span class=\"a\">los del grupo \u201cDesde Santurce a Bilbao Blues Band\u201d.<\/span><span class=\"a\">Y, claro, armaron el \u201ctaco\u201d. El amplio suelo del\u00a0<\/span><span class=\"a\">Coliseo Luengo result\u00f3 peque\u00f1o para tirarse de risa a <\/span><span class=\"a\">los numerosos espectadores. Grandes m\u00fasicos como<\/span><span class=\"a\"> pudieron demostrar, su manera de hacer arte la basan <\/span><span class=\"a\">en las canciones ir\u00f3nicas, con segunda intenci\u00f3n y <\/span><span class=\"a\">hasta con terceras. La pol\u00edtica, la burgues\u00eda, etc.<\/span><span class=\"a\">\u00bfQuiz\u00e1 por algo de esto fue detenido uno de los <\/span><span class=\"a\">componentes del grupo? \u00bfO hab\u00eda una llamada como <\/span><span class=\"a\">aseguran otros de la Direcci\u00f3n General de Seguridad?<\/span><\/span><\/div>\n<div>\u00a0<\/div>\n<div class=\"ff3\"><span style=\"font-size: 14pt;\"><span class=\"a\">En el mes de octubre de 1975, abandonan el grupo <\/span><span class=\"a\">Chely, bater\u00eda, y Pedro Ontiveros, saxo, entrando en la<\/span><span class=\"a\"> banda como percusionista Alvaro Galvis Tarquino \u201cCh\u00e9vere\u201d (Dolores), que procede <\/span><span class=\"a\">del grupo colombiano \u201cColumna de fuego\u201d.Actuaciones memorables en Olot, (Gerona)<\/span><span class=\"a\">y Pamplona (Sanfermines).<\/span><\/span><\/div>\n<div>\u00a0<\/div>\n<div class=\"ff3\"><span style=\"font-size: 14pt;\"><span class=\"a\"><strong>1975.- El 19 de noviembre de 1975<\/strong>, un d\u00eda antes del fallecimiento de Franco, los diarios <\/span><span class=\"a\">espa\u00f1oles publican la noticia. ABC titula: Un mill\u00f3n trescientas mil pesetas. Multa al <\/span><span class=\"a\">conjunto musical Desde Santurce a Bilbao Blues Band. San Sebasti\u00e1n 18 (Europa<\/span><span class=\"a\">Press).<\/span><\/span><\/div>\n<div>\u00a0<\/div>\n<div class=\"ff0\"><span style=\"font-size: 14pt;\"><span class=\"a\"><a href=\"https:\/\/puntocritico.com\/ausajpuntocritico\/wp-content\/uploads\/2019\/03\/Imagen11.jpg\" rel=\"lightbox[17378]\"><img loading=\"lazy\" decoding=\"async\" class=\"alignright wp-image-17396\" src=\"https:\/\/puntocritico.com\/ausajpuntocritico\/wp-content\/uploads\/2019\/03\/Imagen11.jpg\" alt=\"\" width=\"320\" height=\"232\" \/><\/a>El gobernador civil de Guip\u00fazcoa ha impuesto al conjunto musical Desde <\/span><span class=\"a\">Santurce a Bilbao Blues Band una multa que <\/span><span class=\"a\">totaliza 1.300.000 pesetas en aplicaci\u00f3n del art\u00edculo <\/span><span class=\"a\">23 de la Ley de Orden P\u00fablico, con la consiguiente<\/span><span class=\"a\">\u00a0posibilidad de arresto sustitutorio inmediato si no<\/span><span class=\"a\">\u00a0se satisface la cuant\u00eda de la sanci\u00f3n.<\/span><span class=\"a\">Seg\u00fan se cree saber, la multa est\u00e1 relacionada con <\/span><span class=\"a\">la actuaci\u00f3n del conjunto musical durante la noche <\/span><span class=\"a\">del 15\u00a0al 16 de\u00a0<span class=\"l6\">este mes en\u00a0<span class=\"l7\">la discoteca Ku de San <\/span><\/span><\/span><span class=\"a\">Sebasti\u00e1n. Se indica que los miembros del conjunto<\/span><span class=\"a\">\u00a0pronunciaron frases y adoptaron un tono de voz y<\/span><span class=\"a\">\u00a0gestos externos de mofa, contrarios al respeto de las figuras del Jefe del Estado,<\/span><span class=\"a\">\u00a0Pr\u00edncipe de Espa\u00f1a y otras personalidades, Instituciones y Cuerpos de la naci\u00f3n.<\/span><span class=\"a\">\u00a0Las sanciones impuestas son las siguientes: 500.000 pesetas a Alvaro Antonio Ibernia<\/span><span class=\"a\"> Estefan\u00eda, 300.000 a Emilio Souto Alonso, otras 300.000 a Jos\u00e9 Luis del Campo Illera, <\/span><span class=\"a\">200.000 a V\u00edctor Cuenca, as\u00ed como 100.000 al \u201cdisc-jockey\u201d de la citada discoteca.<\/span><span class=\"a\">\u00a0Las oportunas diligencias han pasado a la autoridad judicial.<\/span><\/span><\/div>\n<\/div>\n<\/div>\n<\/div>\n<\/div>\n<div id=\"outer_page_7\" class=\"outer_page only_ie6_border   \">\n<div id=\"page7\" class=\"newpage\">\n<div class=\"text_layer\">\n<div class=\"ie_fix\">\n<div style=\"text-align: justify;\">\u00a0<\/div>\n<div class=\"ff3\" style=\"text-align: justify;\"><span style=\"font-size: 14pt;\"><span class=\"a\">Todos los diarios espa\u00f1oles publican la noticia: <\/span><span class=\"a\">\u201cEl juzgado de Instrucci\u00f3n n\u00famero dos <\/span><span class=\"a\">de San Sebasti\u00e1n se ha inhibido en favor del Tribunal de Orden P\u00fablico en la causa<\/span><span class=\"a\">\u00a0seguida a los miembros del grupo musical Desde Santurce a Bilbao Blues Band\u201d.<\/span><\/span><\/div>\n<div>\u00a0<\/div>\n<div>\u00a0<\/div>\n<div><span style=\"font-size: 14pt;\"><a href=\"https:\/\/puntocritico.com\/ausajpuntocritico\/wp-content\/uploads\/2019\/03\/Imagen12.jpg\" rel=\"lightbox[17378]\"><img loading=\"lazy\" decoding=\"async\" class=\"wp-image-17397 size-full aligncenter\" src=\"https:\/\/puntocritico.com\/ausajpuntocritico\/wp-content\/uploads\/2019\/03\/Imagen12.jpg\" alt=\"\" width=\"647\" height=\"437\" srcset=\"https:\/\/puntocritico.com\/ausajpuntocritico\/wp-content\/uploads\/2019\/03\/Imagen12.jpg 647w, https:\/\/puntocritico.com\/ausajpuntocritico\/wp-content\/uploads\/2019\/03\/Imagen12-300x203.jpg 300w\" sizes=\"auto, (max-width: 647px) 100vw, 647px\" \/><\/a><\/span><\/div>\n<div>\u00a0<\/div>\n<div class=\"ff3\" style=\"text-align: justify;\"><span style=\"font-size: 14pt;\"><span class=\"a\">Seg\u00fan miembros del grupo la actuaci\u00f3n en la sala Ku de San Sebasti\u00e1n fue exactamente <\/span><span class=\"a\">igual a las que La Santurce ven\u00eda haciendo en todas sus presentaciones a lo largo de la <\/span><span class=\"a\">geograf\u00eda espa\u00f1ola. La variante era San Sebasti\u00e1n.<\/span><\/span><\/div>\n<div style=\"text-align: justify;\">\u00a0<\/div>\n<div class=\"ff3\" style=\"text-align: justify;\"><span style=\"font-size: 14pt;\"><span class=\"a\">Seg\u00fan testigos presenciales, la polic\u00eda tom\u00f3 el escenario ordenando que se encendiera <\/span><span class=\"a\">todo el alumbrado de la sala Ku. Al tiempo grupos armados situaron al p\u00fablico contra <\/span><span class=\"a\">las paredes del local cache\u00e1ndolos, uno a uno, y trasladando a muchos de ellos a <\/span><span class=\"a\">furgones que hab\u00edan establecido en el exterior del local. En el hall del gobierno civil de <\/span><span class=\"a\">San Sebasti\u00e1n, se agolpaban los\u00a0detenidos.<\/span><\/span><\/div>\n<div style=\"text-align: justify;\">\u00a0<\/div>\n<div class=\"ff3\" style=\"text-align: justify;\"><span style=\"font-size: 14pt;\"><span class=\"a\">Desde Santurce a Bilbao Blues Band, despu\u00e9s de ser \u201cconvenientemente interrogados\u201d <\/span><span class=\"a\">durante un d\u00eda, son conducidos a la prisi\u00f3n de Martutene en San Sebasti\u00e1n. Queda en <\/span><span class=\"a\">libertad \u201cCh\u00e9vere\u201d, bater\u00eda del grupo, por entenderse que es un m\u00fasico profesional que <\/span><span class=\"a\">nada tiene que ver con\u00a0los intereses ideol\u00f3gicos del grupo.<\/span><\/span><\/div>\n<div style=\"text-align: justify;\">\u00a0<\/div>\n<div class=\"ff3\" style=\"text-align: justify;\"><span style=\"font-size: 14pt;\"><span class=\"a\">Seg\u00fan inform\u00f3 al d\u00eda siguiente la agencia PYRESA, extinta en 1979, y \u00f3rgano de l<\/span><span class=\"a\">lamado Movimiento Nacional: <\/span><span class=\"a\">\u201cPor la autoridad gubernativa ha sido clausurada la<\/span><span class=\"a\"> Discoteca Ku, en El Barrio de Igueldo, y le ha sido impuesta a la empresa una multa de <\/span><span class=\"a\">trescientas mil pesetas, debido a la falta de respeto a altas jerarqu\u00edas de la Naci\u00f3n e<\/span><span class=\"a\">\u00a0Instituciones, producida durante la actuaci\u00f3n del grupo Desde Santurce a Bilbao Blues<\/span><span class=\"a\">\u00a0Band\u201d.<\/span><\/span><\/div>\n<\/div>\n<\/div>\n<div class=\"image_layer\" style=\"text-align: justify;\">\n<div class=\"ie_fix\">\u00a0<\/div>\n<\/div>\n<\/div>\n<\/div>\n<div id=\"outer_page_8\" class=\"outer_page only_ie6_border  \" style=\"text-align: justify;\">\n<div id=\"page8\" class=\"newpage\">\n<div class=\"text_layer\">\n<div class=\"ie_fix\">\n<div class=\"ff3\"><span style=\"font-size: 14pt;\"><span class=\"a\">Sobre el mismo hecho, la agencia <\/span><span class=\"a\">Logos<\/span><span class=\"a\">, de la Editorial Cat\u00f3lica, entra en m\u00e1s detalles: <\/span><span class=\"a\">\u201cDurante su actuaci\u00f3n en una discoteca de esta ciudad pronunciaron frases, adoptaron <\/span><span class=\"a\">tonos de voz y gestos externos y de mofa, contrarios al respeto exigible a la figura del\u00a0<\/span><span class=\"a\">\u00a0Jefe del Estado, as\u00ed como al Pr\u00edncipe de Espa\u00f1a\u201d.<\/span><\/span><\/div>\n<div>\u00a0<\/div>\n<div class=\"ff3\"><span style=\"font-size: 14pt;\"><span class=\"a\">La Difusi\u00f3n Informativa de la Direcci\u00f3n General de Coordinaci\u00f3n, a trav\u00e9s de sus <\/span><span class=\"a\">delegados provinciales, tambi\u00e9n proporcionaba informes a la oficina central del MIT.\u00a0<\/span><\/span><span style=\"font-size: 14pt;\"><span class=\"a\">\u201cEn el d\u00eda de ayer en la sala de fiestas Ku de \u00e9sta capital fue detenido el grupo musical\u00a0<\/span><span class=\"a\"> Desde Santurce a Bilbao Blues Band por intercalar entre sus canciones frases <\/span><span class=\"a\">despectivas de chacota al Caudillo al mencionar el \u00faltimo parte m\u00e9dico, \u00b4Estamos <\/span><span class=\"a\">asistiendo a la liberaci\u00f3n\u00b4 va a ocurrir lo que ten\u00eda que ocurrir etc.\u201d<\/span><\/span><\/div>\n<div class=\"ff0\"><span class=\"a\" style=\"font-size: 14pt;\">\u00a0<\/span><\/div>\n<h3 class=\"ff2\" style=\"text-align: center;\"><span style=\"font-size: 18pt;\"><strong><span class=\"a\">INDULTO<\/span><\/strong><\/span><\/h3>\n<div class=\"ff3\"><span style=\"font-size: 14pt;\"><span class=\"a\">2 de Diciembre de 1975.- El diario ABC titula: \u201cDesde Santurce a Bilbao\u201d en libertad. <\/span><span class=\"a\">San Sebasti\u00e1n. 1. (Europa Press)<\/span><\/span><\/div>\n<div>\u00a0<\/div>\n<div class=\"ff0\"><span style=\"font-size: 14pt;\"><span class=\"a\">\u00a0El juzgado de Orden P\u00fablico ha acordado la libertad\u00a0<\/span><span class=\"a\">de los cuatro componentes del conjunto musical \u201cDesde Santurce a Bilbao Blues<\/span><span class=\"a\"> Band\u201d que hab\u00edan sido detenidos el pasado d\u00eda 16 por supuesta infracci\u00f3n de la ley de\u00a0<\/span><span class=\"a\">Orden P\u00fablico en sus actuaciones en la sala de fiestas KU de San Sebasti\u00e1n. <\/span><span class=\"a\">Como se sabe, la autoridad gubernativa les hab\u00eda sancionado con multas de doscientas\u00a0<\/span><span class=\"a\">a quinientas mil pesetas por cuyo impago fueron internados en la prisi\u00f3n provincial de <\/span><span class=\"a\">San Sebasti\u00e1n. Al serles aplicado el indulto han sido puestos en libertad.<\/span><\/span><\/div>\n<div>\u00a0<\/div>\n<div class=\"ff3\"><span style=\"font-size: 14pt;\"><span class=\"a\">Tras la libertad, \u00c1lvaro\u00a0Ibernia, y Ch\u00e9vere, abandonan el grupo<\/span><span class=\"a\">.<\/span><\/span><\/div>\n<div>\u00a0<\/div>\n<div class=\"ff3\"><span style=\"font-size: 14pt;\"><span class=\"a\">El 14 de febrero de 1976 el teatro Micalet de Valencia iba a ser testigo de la exitosa<\/span><span class=\"a\">reaparici\u00f3n de la Santurce: Eva Kaczynsi en los teclados, V\u00edctor Cuenca al bajo y voz,<\/span><span class=\"a\">Jos\u00e9 Luis del Campo, guitarra y voz, Jos\u00e9 Luis D\u00edez, flauta, bajo, y percusi\u00f3n, Rafa<\/span><span class=\"a\">Garc\u00eda a la bater\u00eda, y Emilio Souto, guitarra y voz. Todo un repertorio con temas <\/span><span class=\"a\">de\u00a0<span class=\"l6\">Alpuente,\u00a0Angel\u00a0<span class=\"l7\">Garc\u00eda\u00a0Pintado,\u00a0Aute,\u00a0Berthomieu,\u00a0Jes\u00fas\u00a0Mun\u00e1rriz,\u00a0y\u00a0Emilio y<\/span><\/span><\/span><span class=\"a\">Jos\u00e9 Luis Souto, que va a suponer el inicio de un trabajo musical de gran seriedad. Una<\/span><span class=\"a\">semana con el cartel de \u201cNo hay billetes\u201d. Diario \u201cLas Provincias\u201d: <\/span><\/span><span class=\"a\" style=\"font-size: 14pt;\">\u201c<em>La Santurce <\/em><\/span><em><span class=\"a\" style=\"font-size: 14pt;\">demostr\u00f3 que pod\u00edan\u00a0<span class=\"l8\">aportar riqueza musical\u00a0<span class=\"l7\">y cr\u00edtica\u00a0de un\u00a0<span class=\"l9\">nivel superior al de <\/span><\/span><\/span><\/span><span class=\"a\" style=\"font-size: 14pt;\">\u00e9pocas anteriores, sin recursos f\u00e1ciles y est\u00fapidos. El p\u00fablico se entreg\u00f3 de forma <\/span><\/em><span class=\"a\" style=\"font-size: 14pt;\"><em>entusiasta<\/em>\u201d.<\/span><\/div>\n<div>\u00a0<\/div>\n<div class=\"ff3\"><span style=\"font-size: 14pt;\"><span class=\"a\">Actuaciones en Sevilla, de nuevo Euzkadi, y Madrid\u2026<\/span><span class=\"a\">Los alumnos de la facultad de Filosof\u00eda B de Madrid se ponen en contacto con el grupo<\/span><span class=\"a\">\u00a0para que act\u00fae el d\u00eda 1\u00ba de Mayo en el\u00a0aula magna. El lleno es absoluto.<\/span><span class=\"a\">Mediada la actuaci\u00f3n, la polic\u00eda irrumpe violentamente en el recinto expulsando de la <\/span><span class=\"a\">sala al p\u00fablico que abarrotaba el recinto y, tras dirigirse al escenario, hace entrega a los <\/span><span class=\"a\">componentes del grupo una orden firmada y sellada en la que por decisi\u00f3n gubernativa <\/span><span class=\"a\">se les proh\u00edbe cualquier tipo de actuaci\u00f3n en todo el territorio nacional. (El grupo fue <\/span><span class=\"a\">acusado de estar actuando para el Comit\u00e9-Pro 1\u00ba de Mayo en la Facultad de Ciencias de<\/span><span class=\"a\">la Informaci\u00f3n en Madrid).<\/span><span class=\"a\">D\u00edas m\u00e1s tarde, y tras una reuni\u00f3n, los miembros del grupo deciden la disoluci\u00f3n.<\/span><\/span><\/div>\n<div>\u00a0<\/div>\n<\/div>\n<\/div>\n<\/div>\n<\/div>\n<div class=\"b_tl\">\u00a0<\/div>\n<div><a href=\"https:\/\/puntocritico.com\/ausajpuntocritico\/wp-content\/uploads\/2019\/03\/santurce-a-bilbao-blues-band.jpg\" rel=\"lightbox[17378]\"><img loading=\"lazy\" decoding=\"async\" class=\"aligncenter wp-image-17437\" src=\"https:\/\/puntocritico.com\/ausajpuntocritico\/wp-content\/uploads\/2019\/03\/santurce-a-bilbao-blues-band-300x161.jpg\" alt=\"\" width=\"540\" height=\"290\" srcset=\"https:\/\/puntocritico.com\/ausajpuntocritico\/wp-content\/uploads\/2019\/03\/santurce-a-bilbao-blues-band-300x161.jpg 300w, https:\/\/puntocritico.com\/ausajpuntocritico\/wp-content\/uploads\/2019\/03\/santurce-a-bilbao-blues-band-768x413.jpg 768w, https:\/\/puntocritico.com\/ausajpuntocritico\/wp-content\/uploads\/2019\/03\/santurce-a-bilbao-blues-band-1024x550.jpg 1024w, https:\/\/puntocritico.com\/ausajpuntocritico\/wp-content\/uploads\/2019\/03\/santurce-a-bilbao-blues-band.jpg 1150w\" sizes=\"auto, (max-width: 540px) 100vw, 540px\" \/><\/a><\/div>\n<div id=\"outer_page_9\" class=\"outer_page only_ie6_border  \" style=\"text-align: justify;\">\n<div class=\"b_l\">\u00a0<\/div>\n<div id=\"page9\" class=\"newpage\">\n<div class=\"text_layer\">\n<div class=\"ie_fix\">\n<div>\u00a0<\/div>\n<h3 class=\"ff2\" style=\"text-align: center;\"><em><strong><span class=\"a\">DISCOGRAF\u00cdA<\/span><\/strong><\/em><\/h3>\n<div>\u00a0<\/div>\n<div class=\"ff2\"><strong><span class=\"a\">Madres del Cordero<\/span><\/strong><\/div>\n<div class=\"ff3\"><span class=\"a\">SINGLE\u00a0\u201cA beneficio de los hu\u00e9<span class=\"l6\">rfanos\u201d \/ \u201cLa ni\u00f1a tonta de pap\u00e1 rico\u201d. 1970.- Talar\u00a0<\/span><\/span><span class=\"a\">LP \u201cTodo est\u00e1 muy negro\u201d. Disco de\u00a0edici\u00f3n ilegal. 1970-1973.- Barlovento- D- 1007<\/span><\/div>\n<div>\u00a0<\/div>\n<div class=\"ff2\"><span class=\"a\"><strong>Desde Santurce a Bilbao Blues Band<\/strong><\/span><\/div>\n<div class=\"ff3\"><span class=\"a\">SINGLE \u201cEl \u00cddolo\u201d\/ \u201cNo sea usted original\u201d. 1972.- Explosi\u00f3n (CFE)<\/span><span class=\"a\">SINGLE\u201cEl hombre del 600\u201d \/\u00a0\u201cIndefensos vampiros\u201d<span class=\"l6\">. 1973.- Explosi\u00f3n (CFE)<\/span><\/span><span class=\"a\">LP \u201cVidas ejemplares\u201d 1973.- Explosi\u00f3n (CFE)<\/span><\/div>\n<div>\u00a0<\/div>\n<div class=\"ff2\" style=\"text-align: right;\"><a href=\"http:\/\/18rodas.blogspot.com\/\" target=\"_blank\" rel=\"noopener\"><span class=\"a\">http:\/\/18rodas.blogspot.com\/<\/span><\/a><\/div>\n<div>\u00a0<\/div>\n<\/div>\n<\/div>\n<\/div>\n<\/div>\n<p><img loading=\"lazy\" decoding=\"async\" class=\"aligncenter wp-image-17384 size-medium\" src=\"https:\/\/puntocritico.com\/ausajpuntocritico\/wp-content\/uploads\/2019\/03\/DESDE-SANTURCE-A-BILBAO-BLUES-BAND-Vidas-Ejemplares-300x300.jpg\" alt=\"\" width=\"300\" height=\"300\" srcset=\"https:\/\/puntocritico.com\/ausajpuntocritico\/wp-content\/uploads\/2019\/03\/DESDE-SANTURCE-A-BILBAO-BLUES-BAND-Vidas-Ejemplares-300x300.jpg 300w, https:\/\/puntocritico.com\/ausajpuntocritico\/wp-content\/uploads\/2019\/03\/DESDE-SANTURCE-A-BILBAO-BLUES-BAND-Vidas-Ejemplares-150x150.jpg 150w, https:\/\/puntocritico.com\/ausajpuntocritico\/wp-content\/uploads\/2019\/03\/DESDE-SANTURCE-A-BILBAO-BLUES-BAND-Vidas-Ejemplares.jpg 640w\" sizes=\"auto, (max-width: 300px) 100vw, 300px\" \/><\/p>\n<p style=\"text-align: center;\"><span style=\"font-size: 18pt; color: #008000;\">\u2666\u2666\u2666\u2666\u2666<\/span><\/p>\n<h2 style=\"text-align: center;\"><span style=\"font-size: 24pt;\"><strong><em>EL \u00cdDOLO <a id=\"ref3\"><\/a><a href=\"#ref3a\">*<\/a><\/em><\/strong><\/span><\/h2>\n<p style=\"text-align: center;\"><iframe loading=\"lazy\" src=\"https:\/\/mega.nz\/embed\/2d9hATIL#WoyYNc1ZQD1XSk0O46dbVz-7iLOU6OIccdkRld63ycg\" width=\"640\" height=\"360\" frameborder=\"0\" allowfullscreen=\"allowfullscreen\"><\/iframe><\/p>\n<p style=\"text-align: center;\"><span style=\"font-size: 14pt;\"><strong><em>EL \u00cdDOLO<\/em><\/strong><\/span><\/p>\n<p style=\"text-align: center;\"><span style=\"font-size: 12pt;\">Se\u00f1oras y se\u00f1ores,<\/span><br \/>\n<span style=\"font-size: 12pt;\">ladies &amp; gentlemen,<\/span><br \/>\n<span style=\"font-size: 12pt;\">con ustedes<\/span><br \/>\n<span style=\"font-size: 12pt;\">\u00a1el \u00eddolo de las multitudes!<\/span><br \/>\n<span style=\"font-size: 12pt;\">Mis canciones se cotizan<\/span><br \/>\n<span style=\"font-size: 12pt;\">en los hit parades,<\/span><br \/>\n<span style=\"font-size: 12pt;\">y mi voz la canoniza<\/span><br \/>\n<span style=\"font-size: 12pt;\">el disc-jokey.<\/span><br \/>\n<span style=\"font-size: 12pt;\">Yo soy tremendamente pop,<\/span><br \/>\n<span style=\"font-size: 12pt;\">tremendamente in,<\/span><br \/>\n<span style=\"font-size: 12pt;\">tremendamente<\/span><br \/>\n<span style=\"font-size: 12pt;\">ayayayayay.<\/span><br \/>\n<span style=\"font-size: 12pt;\">Insignes compositores<\/span><br \/>\n<span style=\"font-size: 12pt;\">trabajan para m\u00ed;<\/span><br \/>\n<span style=\"font-size: 12pt;\">sus canciones emotivas<\/span><br \/>\n<span style=\"font-size: 12pt;\">en mi voz las amortiza<\/span><br \/>\n<span style=\"font-size: 12pt;\">el royalty.<\/span><br \/>\n<span style=\"font-size: 12pt;\">Yo protesto si es preciso,<\/span><br \/>\n<span style=\"font-size: 12pt;\">canto a Machado<\/span><br \/>\n<span style=\"font-size: 12pt;\">y a Brecht,<\/span><br \/>\n<span style=\"font-size: 12pt;\">y cuando llega el verano<\/span><br \/>\n<span style=\"font-size: 12pt;\">vuelvo a la rumba otra vez.<\/span><br \/>\n<span style=\"font-size: 12pt;\">Canto en lengua ehtranherah,<\/span><br \/>\n<span style=\"font-size: 12pt;\">en catal\u00e1n y en franc\u00e9s,<\/span><br \/>\n<span style=\"font-size: 12pt;\">y ahora, al ponerse de moda,<\/span><br \/>\n<span style=\"font-size: 12pt;\">canto en gallego tambi\u00e9n.<\/span><br \/>\n<span style=\"font-size: 12pt;\">Yo soy el rey del hit parade<\/span><br \/>\n<span style=\"font-size: 12pt;\">yo me impongo mi ley,<\/span><br \/>\n<span style=\"font-size: 12pt;\">soy un camale-\u00f3n<\/span><br \/>\n<span style=\"font-size: 12pt;\">que cambia de color<\/span><br \/>\n<span style=\"font-size: 12pt;\">ante el mo-ne-y.<\/span><br \/>\n<span style=\"font-size: 12pt;\">Yo a los palacios sub\u00ed<\/span><br \/>\n<span style=\"font-size: 12pt;\">y a las caba\u00f1as baj\u00e9,<\/span><br \/>\n<span style=\"font-size: 12pt;\">y en todas partes mi voz,<\/span><br \/>\n<span style=\"font-size: 12pt;\">gracias al televisor,<\/span><br \/>\n<span style=\"font-size: 12pt;\">escucha usted.<\/span><br \/>\n<span style=\"font-size: 12pt;\">Yo triunf\u00e9 en Eurovisi\u00f3n,<\/span><br \/>\n<span style=\"font-size: 12pt;\">defendiendo con pasi\u00f3n<\/span><br \/>\n<span style=\"font-size: 12pt;\">a mi pa\u00eds,<\/span><br \/>\n<span style=\"font-size: 12pt;\">y ante Europa demostr\u00e9<\/span><br \/>\n<span style=\"font-size: 12pt;\">que en esto de la canci\u00f3n<\/span><br \/>\n<span style=\"font-size: 12pt;\">somos as\u00ed.<\/span><br \/>\n<span style=\"font-size: 12pt;\">\u00c9l se llama Raphael,<\/span><br \/>\n<span style=\"font-size: 12pt;\">es Karina y es Serrat,<\/span><br \/>\n<span style=\"font-size: 12pt;\">V\u00edctor Manuel.<\/span><br \/>\n<span style=\"font-size: 12pt;\">Yo soy todos a la vez,<\/span><br \/>\n<span style=\"font-size: 12pt;\">soy el cantante espa\u00f1ol<\/span><br \/>\n<span style=\"font-size: 12pt;\">made in Spain.<\/span><br \/>\n<span style=\"font-size: 12pt;\">Mis fans gimen de placer<\/span><br \/>\n<span style=\"font-size: 12pt;\">y mi manager tambi\u00e9n<\/span><br \/>\n<span style=\"font-size: 12pt;\">\u00a1soy un fil\u00f3n!<\/span><br \/>\n<span style=\"font-size: 12pt;\">Mi voz es una mina,<\/span><br \/>\n<span style=\"font-size: 12pt;\">mi abuelo era minero,<\/span><br \/>\n<span style=\"font-size: 12pt;\">se llamaba Manuel.<\/span><br \/>\n<span style=\"font-size: 12pt;\">No canto por dinero\u2026<\/span><\/p>\n<p>&nbsp;<\/p>\n<p>&nbsp;<\/p>\n<p><img loading=\"lazy\" decoding=\"async\" class=\"aligncenter wp-image-16683 size-full\" src=\"https:\/\/puntocritico.com\/ausajpuntocritico\/wp-content\/uploads\/2019\/02\/pantallazo-noticia-El-Mundo-sobre-cancion-Victor-Manuel-a-Franco.jpg\" alt=\"\" width=\"499\" height=\"713\" srcset=\"https:\/\/puntocritico.com\/ausajpuntocritico\/wp-content\/uploads\/2019\/02\/pantallazo-noticia-El-Mundo-sobre-cancion-Victor-Manuel-a-Franco.jpg 499w, https:\/\/puntocritico.com\/ausajpuntocritico\/wp-content\/uploads\/2019\/02\/pantallazo-noticia-El-Mundo-sobre-cancion-Victor-Manuel-a-Franco-210x300.jpg 210w\" sizes=\"auto, (max-width: 499px) 100vw, 499px\" \/><\/p>\n<p style=\"text-align: center;\"><strong><span style=\"color: #008000; font-size: 18pt;\">*******<\/span><\/strong><\/p>\n<div id=\"outer_page_9\" class=\"outer_page only_ie6_border  \" style=\"text-align: justify;\">\n<div id=\"page9\" class=\"newpage\">\n<div class=\"text_layer\">\n<div class=\"ie_fix\">\n<h2 class=\"ff2\"><span style=\"font-size: 14pt;\"><strong>ENLACES DE INTER\u00c9S:\u00a0<\/strong><\/span><\/h2>\n<\/div>\n<\/div>\n<\/div>\n<\/div>\n<div id=\"outer_page_9\" class=\"outer_page only_ie6_border  \" style=\"text-align: justify;\">\n<div id=\"page9\" class=\"newpage\">\n<div><a href=\"https:\/\/puntocritico.com\/2019\/02\/12\/fabricando-disidencia-globalistas-y-elites-controlan-movimientos-populares-por-michel-chossudovsky\/\"><span style=\"font-size: 14pt;\">https:\/\/puntocritico.com\/2019\/02\/12\/fabricando-disidencia-globalistas-y-elites-controlan-movimientos-populares-por-michel-chossudovsky\/<\/span><\/a><\/div>\n<div>\u00a0<\/div>\n<\/div>\n<\/div>\n<div><span style=\"font-size: 14pt;\"><a href=\"https:\/\/puntocritico.com\/2018\/09\/26\/ongs-las-muy-gubernamentales-organizaciones-no-gubernamentales\/\">https:\/\/puntocritico.com\/2018\/09\/26\/ongs-las-muy-gubernamentales-organizaciones-no-gubernamentales\/<\/a><\/span><\/div>\n<div>\u00a0<\/div>\n<div>\u00a0<\/div>\n<div style=\"text-align: center;\">\u00a0<\/div>\n<p style=\"text-align: justify;\"><a href=\"https:\/\/puntocritico.com\/author\/punto-critico\/\"><img loading=\"lazy\" decoding=\"async\" class=\"aligncenter wp-image-9528\" src=\"https:\/\/puntocritico.com\/ausajpuntocritico\/wp-content\/uploads\/2018\/03\/Mosca_Punto_Cr\u00edtico_40.png\" alt=\"\" width=\"65\" height=\"65\" \/><\/a><\/p>\n<p>&nbsp;<\/p>\n<p>&nbsp;<\/p>\n<p>&nbsp;<\/p>\n<p>&nbsp;<\/p>\n<p>&nbsp;<\/p>\n<p>&nbsp;<\/p>\n","protected":false},"excerpt":{"rendered":"<div class=\"mh-excerpt\"><p>Vidas ejemplares (LP 1973) Desde Santurce a Bilbao Blues Band. S\u00e1tira y cachondeo contra una sociedad decr\u00e9pita\u00a0 \u00abEl \u00eddolo\u00bb (single 1972) \u00a0 *** Desde Santurce a Bilbao Blues Band http:\/\/lafonoteca.net\/grupos\/desde-santurce-a-bilbao-blues-band\/ A principios de los 70 <a class=\"mh-excerpt-more\" href=\"https:\/\/puntocritico.com\/ausajpuntocritico\/2020\/09\/26\/desde-santurce-a-bilbao-blues-band-del-escenario-a-la-carcel-y-al-dia-siguiente-murio-el-dictador\/\" title=\"DESDE SANTURCE A BILBAO, BLUES BAND, del escenario a la c\u00e1rcel &#8230; y al d\u00eda siguiente muri\u00f3 el Dictador\">[&#8230;]<\/a><\/p>\n<\/div>","protected":false},"author":3,"featured_media":17435,"comment_status":"open","ping_status":"closed","sticky":false,"template":"","format":"standard","meta":{"_acf_changed":false,"_exactmetrics_skip_tracking":false,"_exactmetrics_sitenote_active":false,"_exactmetrics_sitenote_note":"","_exactmetrics_sitenote_category":0,"footnotes":""},"categories":[10],"tags":[],"class_list":{"0":"post-17378","1":"post","2":"type-post","3":"status-publish","4":"format-standard","5":"has-post-thumbnail","7":"category-miscelanea"},"acf":[],"_links":{"self":[{"href":"https:\/\/puntocritico.com\/ausajpuntocritico\/wp-json\/wp\/v2\/posts\/17378","targetHints":{"allow":["GET"]}}],"collection":[{"href":"https:\/\/puntocritico.com\/ausajpuntocritico\/wp-json\/wp\/v2\/posts"}],"about":[{"href":"https:\/\/puntocritico.com\/ausajpuntocritico\/wp-json\/wp\/v2\/types\/post"}],"author":[{"embeddable":true,"href":"https:\/\/puntocritico.com\/ausajpuntocritico\/wp-json\/wp\/v2\/users\/3"}],"replies":[{"embeddable":true,"href":"https:\/\/puntocritico.com\/ausajpuntocritico\/wp-json\/wp\/v2\/comments?post=17378"}],"version-history":[{"count":0,"href":"https:\/\/puntocritico.com\/ausajpuntocritico\/wp-json\/wp\/v2\/posts\/17378\/revisions"}],"wp:featuredmedia":[{"embeddable":true,"href":"https:\/\/puntocritico.com\/ausajpuntocritico\/wp-json\/wp\/v2\/media\/17435"}],"wp:attachment":[{"href":"https:\/\/puntocritico.com\/ausajpuntocritico\/wp-json\/wp\/v2\/media?parent=17378"}],"wp:term":[{"taxonomy":"category","embeddable":true,"href":"https:\/\/puntocritico.com\/ausajpuntocritico\/wp-json\/wp\/v2\/categories?post=17378"},{"taxonomy":"post_tag","embeddable":true,"href":"https:\/\/puntocritico.com\/ausajpuntocritico\/wp-json\/wp\/v2\/tags?post=17378"}],"curies":[{"name":"wp","href":"https:\/\/api.w.org\/{rel}","templated":true}]}}