{"id":16833,"date":"2019-02-23T03:03:09","date_gmt":"2019-02-23T02:03:09","guid":{"rendered":"http:\/\/puntocritico.com\/?p=16833"},"modified":"2025-01-13T18:02:26","modified_gmt":"2025-01-13T17:02:26","slug":"los-camaradas-pelicula","status":"publish","type":"post","link":"https:\/\/puntocritico.com\/ausajpuntocritico\/2019\/02\/23\/los-camaradas-pelicula\/","title":{"rendered":"Los Camaradas (pel\u00edcula)"},"content":{"rendered":"<div class=\"articulo-apertura \">\n<div class=\"firma \">\n<div class=\"autor\">\n<div>\u00a0<\/div>\n<\/div>\n<\/div>\n<\/div>\n<h1 style=\"text-align: center;\"><span style=\"font-family: arial, helvetica, sans-serif;\">Los Camaradas<\/span><\/h1>\n<h2 style=\"text-align: center;\"><span style=\"font-family: arial, helvetica, sans-serif; color: #339966;\">Dirigida por\u00a0<span class=\"director\">Mario Monicelli<\/span><\/span><\/h2>\n<p>&nbsp;<\/p>\n<p style=\"text-align: center;\"><iframe loading=\"lazy\" src=\"https:\/\/mega.nz\/embed\/eZNCBbBa#Sh1_Pp8S73sznNvGx9MlNBrXKABdEVnwG_H6Uc3dj7s\" width=\"640\" height=\"360\" frameborder=\"0\" allowfullscreen=\"allowfullscreen\"><\/iframe><\/p>\n<p>&nbsp;<\/p>\n<p style=\"text-align: center;\"><span style=\"color: #339966; font-size: 14pt;\">\u2666\u2666\u2666\u2666\u2666<\/span><\/p>\n<p>&nbsp;<\/p>\n<div class=\"articulo-apertura \">\n<div class=\"firma \">\n<div class=\"autor\">\n<div>\n<blockquote>\n<h1 id=\"articulo-titulo\" class=\"articulo-titulo \"><span style=\"font-family: arial, helvetica, sans-serif; color: #339966;\">&#8216;Los camaradas&#8217;, obra maestra<\/span><\/h1>\n<p><a href=\"https:\/\/elpais.com\/diario\/1985\/03\/13\/radiotv\/479516405_850215.html\" target=\"_blank\" rel=\"noopener\">https:\/\/elpais.com\/diario\/1985\/03\/13\/radiotv\/479516405_850215.html<\/a><\/p>\n<p>DIEGO GAL\u00c1N<\/p>\n<\/blockquote>\n<\/div>\n<\/div>\n<\/div>\n<blockquote>\n<div class=\"articulo-datos\"><time class=\"articulo-actualizado\" datetime=\"1985-03-13T00:00:00+01:00\">13 MAR 1985<\/time><\/div>\n<\/blockquote>\n<\/div>\n<div id=\"articulo_contenedor\" class=\"articulo__contenedor\">\n<div id=\"cuerpo_noticia\" class=\"articulo-cuerpo\">\n<blockquote>\n<p style=\"text-align: justify;\">T\u00e9rmino siempre espinoso el de obra maestra, este cr\u00edtico se arriesga a aplicarlo a\u00a0<em>Los camaradas,<\/em>\u00a0la pel\u00edcula que Mario Monicelli dirigi\u00f3 en 1963 y que hasta hoy no ha podido ser contemplada por el p\u00fablico espa\u00f1ol. El apasionamiento de tal criterio puede no ser compartido por los espectadores menos adictos a la comedia agridulce y la cr\u00f3nica social, pero ser\u00e1 extra\u00f1o que incluso el m\u00e1s indiferente regatee aplausos a la ejemplaridad de un gui\u00f3n, en el que se entremezclan con sabidur\u00eda los tonos tragic\u00f3micos de un fresco hist\u00f3rico, el del norte de Italia de principio de siglo, y la sensibilidad de una brillante puesta en escena en la que tanto se han inspirado directores posteriores, Bertolucci, entre ellos, para su\u00a0<em>Novecento. <\/em>Enmarcada en el Tur\u00edn que se industrializaba frente a los m\u00ednimos derechos de los obreros,\u00a0<em>Los camaradas<\/em> narra la ingenua toma de partido de los empleados de una f\u00e1brica textil que reivindican una hora menos de trabajo al d\u00eda, 13 en lugar de 14, para evitar los accidentes que el cansancio provoca en el \u00faltimo tramo de cada jornada. La aparici\u00f3n de un extra\u00f1o y entra\u00f1able <em>profesor<\/em> Sinigaglia (fascinante interpretaci\u00f3n de Marcello Mastroianni) conduce esa protesta por los caminos de la huelga, a partir de los cuales cada personaje se dibuja con caracteres propios, ilusionados unos, reticentes otros, intr\u00e9pidos y cobardes, componiendo un friso social que se alimenta a partes iguales del sainete y de la tragedia, conmoviendo y haciendo sonre\u00edr a cuantos hayan quedado seducidos por el tono directo y riguroso de sus im\u00e1genes. No hay novedad sem\u00e1ntica, pero s\u00ed inteligente y sensible aplicaci\u00f3n de s\u00f3lidas formas narrativas.<\/p>\n<p>&nbsp;<\/p>\n<p><a href=\"https:\/\/puntocritico.com\/ausajpuntocritico\/wp-content\/uploads\/2019\/02\/icompagni-1963.jpg\" rel=\"lightbox[16833]\"><img loading=\"lazy\" decoding=\"async\" class=\"size-medium wp-image-16837 aligncenter\" src=\"https:\/\/puntocritico.com\/ausajpuntocritico\/wp-content\/uploads\/2019\/02\/icompagni-1963-300x161.jpg\" alt=\"\" width=\"450\" height=\"242\" srcset=\"https:\/\/puntocritico.com\/ausajpuntocritico\/wp-content\/uploads\/2019\/02\/icompagni-1963-300x161.jpg 300w, https:\/\/puntocritico.com\/ausajpuntocritico\/wp-content\/uploads\/2019\/02\/icompagni-1963.jpg 500w\" sizes=\"auto, (max-width: 450px) 100vw, 450px\" \/><\/a><\/p>\n<p>&nbsp;<\/p>\n<p style=\"text-align: justify;\">En el reparto se citan actores variopintos como exige su car\u00e1cter de coproducci\u00f3n. Marcello Mastroianni es acompa\u00f1ado por Renato Salvatori (espl\u00e9ndida la secuencia en que ambos se sinceran la noche que no pueden dormir), Bernard Blier, el timorato padre de familia que no se atreve a culminar la huelga; Folco Lulli, que se arriesga y es abandonado por todos; Annie Girardot, la prostituta; Fran\u00e7ois Perrier, el maestro; Raffaella Carr\u00e1, la joven enamorada; y por otros actores menos populares para personajes tan vivos como el del m\u00edsero emigrante esquirol y el adolescente que sue\u00f1a con que su hermano peque\u00f1o s\u00ed pueda estudiar.<\/p>\n<p>&nbsp;<\/p>\n<p><a href=\"https:\/\/puntocritico.com\/ausajpuntocritico\/wp-content\/uploads\/2019\/02\/i-compagni-4-.jpg\" rel=\"lightbox[16833]\"><img loading=\"lazy\" decoding=\"async\" class=\"size-medium wp-image-16836 aligncenter\" src=\"https:\/\/puntocritico.com\/ausajpuntocritico\/wp-content\/uploads\/2019\/02\/i-compagni-4--300x195.jpg\" alt=\"\" width=\"450\" height=\"293\" srcset=\"https:\/\/puntocritico.com\/ausajpuntocritico\/wp-content\/uploads\/2019\/02\/i-compagni-4--300x195.jpg 300w, https:\/\/puntocritico.com\/ausajpuntocritico\/wp-content\/uploads\/2019\/02\/i-compagni-4--768x499.jpg 768w, https:\/\/puntocritico.com\/ausajpuntocritico\/wp-content\/uploads\/2019\/02\/i-compagni-4-.jpg 800w\" sizes=\"auto, (max-width: 450px) 100vw, 450px\" \/><\/a><\/p>\n<h3>\u00a0<\/h3>\n<h3 style=\"text-align: justify;\">Censurada en Espa\u00f1a<\/h3>\n<p style=\"text-align: justify;\">Pel\u00edcula coral, aunque capitaneada por la figura de Mastroianni, tuvo m\u00e1s \u00e9xito en Italia que en Francia, el pa\u00eds coproductor, y mala suerte en Espa\u00f1a, donde fue radicalmente censurada por sus implicaciones pol\u00edticas y rechazada por los distribuidores a causa de su fotograf\u00eda en blanco y negro. Un error bobo, toda vez que en sus tonos grises logra el operador Giuseppe Rotunno el clima miserable de esos personajes entre la amargura y la esperanza. Una laguna m\u00e1s en la informaci\u00f3n cinematogr\u00e1fica de los espa\u00f1oles, que hoy corrige TVE al presentar el estreno de <em>Los camaradas,<\/em>\u00a0pero que ya no puede sustituir la importancia que hubiera tenido hace 20 a\u00f1os. El filme merece ser contemplado por la posibilidad de que sea \u00e9sta una ocasi\u00f3n irrepetible.<\/p>\n<\/blockquote>\n<p style=\"text-align: center;\"><span style=\"color: #339966; font-size: 14pt;\">\u2666\u2666\u2666\u2666\u2666<\/span><\/p>\n<p>&nbsp;<\/p>\n<\/div>\n<\/div>\n<p><span style=\"font-family: arial, helvetica, sans-serif;\"><strong>FICHA T\u00c9CNICA: <a href=\"https:\/\/puntocritico.com\/ausajpuntocritico\/wp-content\/uploads\/2019\/02\/i_compagni-559682648-large.jpg\" rel=\"lightbox[16833]\"><img loading=\"lazy\" decoding=\"async\" class=\"size-medium wp-image-16834 alignright\" src=\"https:\/\/puntocritico.com\/ausajpuntocritico\/wp-content\/uploads\/2019\/02\/i_compagni-559682648-large-209x300.jpg\" alt=\"\" width=\"209\" height=\"300\" srcset=\"https:\/\/puntocritico.com\/ausajpuntocritico\/wp-content\/uploads\/2019\/02\/i_compagni-559682648-large-209x300.jpg 209w, https:\/\/puntocritico.com\/ausajpuntocritico\/wp-content\/uploads\/2019\/02\/i_compagni-559682648-large-768x1104.jpg 768w, https:\/\/puntocritico.com\/ausajpuntocritico\/wp-content\/uploads\/2019\/02\/i_compagni-559682648-large-713x1024.jpg 713w, https:\/\/puntocritico.com\/ausajpuntocritico\/wp-content\/uploads\/2019\/02\/i_compagni-559682648-large.jpg 835w\" sizes=\"auto, (max-width: 209px) 100vw, 209px\" \/><\/a><\/strong><\/span><\/p>\n<p><span style=\"font-family: arial, helvetica, sans-serif;\"><strong>T\u00edtulo original<\/strong>: I compagni<\/span><\/p>\n<p><span style=\"font-family: arial, helvetica, sans-serif;\"><strong>A\u00f1o<\/strong>: 1963<\/span><\/p>\n<p><span style=\"font-family: arial, helvetica, sans-serif;\"><strong>Duraci\u00f3n<\/strong>: 128 min.<\/span><\/p>\n<p><span style=\"font-family: arial, helvetica, sans-serif;\"><strong>Pa\u00eds<\/strong>: Italia<\/span><\/p>\n<p><span style=\"font-family: arial, helvetica, sans-serif;\"><strong>Direcci\u00f3n<\/strong>: <span class=\"director\">Mario Monicelli<\/span><\/span><\/p>\n<p><span style=\"font-family: arial, helvetica, sans-serif;\"><strong>Gui\u00f3n<\/strong>: <span class=\"nb\">Mario Monicelli,<\/span>\u00a0<span class=\"nb\">Agenore Incrocci,<\/span>\u00a0<span class=\"nb\">Furio Scarpelli<\/span><\/span><\/p>\n<p><span style=\"font-family: arial, helvetica, sans-serif;\"><strong>M\u00fasica<\/strong>: Carlo Rustichelli<\/span><\/p>\n<p><span style=\"font-family: arial, helvetica, sans-serif;\"><strong>Fotograf\u00eda<\/strong>: Giuseppe Rotunno (B&amp;W)<\/span><\/p>\n<p><span style=\"font-family: arial, helvetica, sans-serif;\"><strong>Reparto<\/strong>: <span class=\"cast\">Marcello Mastroianni,<\/span>\u00a0<span class=\"cast\">Renato Salvatori,<\/span>\u00a0<span class=\"cast\">Annie Girardot,<\/span>\u00a0<span class=\"cast\">Folco Lulli,<\/span><span class=\"cast\">Gabriella Giorgelli,<\/span>\u00a0<span class=\"cast\">Bernard Blier,<\/span>\u00a0<span class=\"cast\">Raffaella Carr\u00e0,<\/span>\u00a0<span class=\"cast\">Fran\u00e7ois P\u00e9rier<\/span><\/span><\/p>\n<p><span style=\"font-family: arial, helvetica, sans-serif;\"><strong>Productora<\/strong>: Coproducci\u00f3n Italia-Francia-Yugoslavia;<\/span><\/p>\n<p><span style=\"font-family: arial, helvetica, sans-serif;\"><strong>G\u00e9nero<\/strong>:\u00a0Drama\u00a0|\u00a0Siglo XIX.\u00a0Trabajo\/empleo<\/span><\/p>\n<p><span style=\"font-family: arial, helvetica, sans-serif;\"><strong>Sinopsis<\/strong>: La acci\u00f3n se desarrolla a finales del siglo XIX en una f\u00e1brica textil de Tur\u00edn. Los obreros reivindican la reducci\u00f3n de la jornada laboral de 14 a 13 horas, para evitar los accidentes que provoca el cansancio. La aparici\u00f3n del extra\u00f1o y entra\u00f1able profesor Sinigaglia (Marcello Mastroianni) hace que la protesta desemboque en huelga. La pel\u00edcula, que oscila entre el sainete y la tragedia, presenta una galer\u00eda de personajes antag\u00f3nicos: ilusionados unos, reticentes otros, intr\u00e9pidos y cobardes. (FILMAFFINITY)<\/span><\/p>\n<p><span style=\"font-family: arial, helvetica, sans-serif;\"><strong>Premios<\/strong>:<\/span><\/p>\n<div class=\"margin-bottom\"><span style=\"font-family: arial, helvetica, sans-serif;\">1964: Oscar: Nominada a Mejor gui\u00f3n original<\/span><\/div>\n<div class=\"margin-bottom\"><span style=\"font-family: arial, helvetica, sans-serif;\">1964: Festival de Mar de Plata: Mejor pel\u00edcula<\/span><\/div>\n<div class=\"margin-bottom\"><span style=\"font-family: arial, helvetica, sans-serif;\">1964: C\u00edrculo de Cr\u00edticos de Nueva York: Nominada a Mejor pel\u00edcula extranjera<\/span><\/div>\n<div class=\"margin-bottom\"><span style=\"font-family: arial, helvetica, sans-serif;\">1964: National Board of Review: Top mejores pel\u00edculas extranjeras<\/span><\/div>\n<div>\u00a0<\/div>\n<div><a href=\"https:\/\/puntocritico.com\/author\/punto-critico\/\"><img loading=\"lazy\" decoding=\"async\" class=\"wp-image-48 aligncenter\" src=\"https:\/\/puntocritico.com\/ausajpuntocritico\/wp-content\/uploads\/2016\/11\/Mosca_Punto_Cr%C3%ADtico_40.png\" alt=\"\" width=\"65\" height=\"65\" \/><\/a><\/div>\n<div>\u00a0<\/div>\n<div>\u00a0<\/div>\n<div>\u00a0<\/div>\n","protected":false},"excerpt":{"rendered":"<div class=\"mh-excerpt\"><p>\u00a0 Los Camaradas Dirigida por\u00a0Mario Monicelli &nbsp; &nbsp; \u2666\u2666\u2666\u2666\u2666 &nbsp; &#8216;Los camaradas&#8217;, obra maestra https:\/\/elpais.com\/diario\/1985\/03\/13\/radiotv\/479516405_850215.html DIEGO GAL\u00c1N 13 MAR 1985 T\u00e9rmino siempre espinoso el de obra maestra, este cr\u00edtico se arriesga a aplicarlo a\u00a0Los camaradas,\u00a0la <a class=\"mh-excerpt-more\" href=\"https:\/\/puntocritico.com\/ausajpuntocritico\/2019\/02\/23\/los-camaradas-pelicula\/\" title=\"Los Camaradas (pel\u00edcula)\">[&#8230;]<\/a><\/p>\n<\/div>","protected":false},"author":3,"featured_media":16838,"comment_status":"open","ping_status":"closed","sticky":false,"template":"","format":"standard","meta":{"_acf_changed":false,"_exactmetrics_skip_tracking":false,"_exactmetrics_sitenote_active":false,"_exactmetrics_sitenote_note":"","_exactmetrics_sitenote_category":0,"footnotes":""},"categories":[10],"tags":[],"class_list":{"0":"post-16833","1":"post","2":"type-post","3":"status-publish","4":"format-standard","5":"has-post-thumbnail","7":"category-miscelanea"},"acf":[],"_links":{"self":[{"href":"https:\/\/puntocritico.com\/ausajpuntocritico\/wp-json\/wp\/v2\/posts\/16833","targetHints":{"allow":["GET"]}}],"collection":[{"href":"https:\/\/puntocritico.com\/ausajpuntocritico\/wp-json\/wp\/v2\/posts"}],"about":[{"href":"https:\/\/puntocritico.com\/ausajpuntocritico\/wp-json\/wp\/v2\/types\/post"}],"author":[{"embeddable":true,"href":"https:\/\/puntocritico.com\/ausajpuntocritico\/wp-json\/wp\/v2\/users\/3"}],"replies":[{"embeddable":true,"href":"https:\/\/puntocritico.com\/ausajpuntocritico\/wp-json\/wp\/v2\/comments?post=16833"}],"version-history":[{"count":0,"href":"https:\/\/puntocritico.com\/ausajpuntocritico\/wp-json\/wp\/v2\/posts\/16833\/revisions"}],"wp:featuredmedia":[{"embeddable":true,"href":"https:\/\/puntocritico.com\/ausajpuntocritico\/wp-json\/wp\/v2\/media\/16838"}],"wp:attachment":[{"href":"https:\/\/puntocritico.com\/ausajpuntocritico\/wp-json\/wp\/v2\/media?parent=16833"}],"wp:term":[{"taxonomy":"category","embeddable":true,"href":"https:\/\/puntocritico.com\/ausajpuntocritico\/wp-json\/wp\/v2\/categories?post=16833"},{"taxonomy":"post_tag","embeddable":true,"href":"https:\/\/puntocritico.com\/ausajpuntocritico\/wp-json\/wp\/v2\/tags?post=16833"}],"curies":[{"name":"wp","href":"https:\/\/api.w.org\/{rel}","templated":true}]}}