{"id":1643,"date":"2018-09-30T01:00:01","date_gmt":"2018-09-30T00:00:01","guid":{"rendered":"http:\/\/puntocritico.com\/?p=1643"},"modified":"2019-08-28T22:16:31","modified_gmt":"2019-08-28T21:16:31","slug":"el-control-del-psoe-por-la-cia-del-libro-la-cia-en-espana-de-alfredo-grimaldos","status":"publish","type":"post","link":"https:\/\/puntocritico.com\/ausajpuntocritico\/2018\/09\/30\/el-control-del-psoe-por-la-cia-del-libro-la-cia-en-espana-de-alfredo-grimaldos\/","title":{"rendered":"El control del PSOE por la CIA. Del libro\u00a0La CIA en Espa\u00f1a\u00a0de Alfredo Grimaldos"},"content":{"rendered":"<h1 style=\"text-align: center;\"><span style=\"font-family: arial, helvetica, sans-serif; font-size: 24pt;\"><strong><em>El control del PSOE por la CIA<\/em><\/strong><\/span><\/h1>\n<p style=\"text-align: center;\"><span style=\"font-family: arial, helvetica, sans-serif; font-size: 14pt;\"> <strong><em><span style=\"font-size: 18pt;\">Del libro \u00abLa CIA en Espa\u00f1a\u00bb, de Alfredo Grimaldos<\/span><\/em><br \/>\n<\/strong><\/span><\/p>\n<p>&nbsp;<\/p>\n<p style=\"text-align: justify;\"><img loading=\"lazy\" decoding=\"async\" class=\"aligncenter wp-image-21524 size-full\" src=\"https:\/\/puntocritico.com\/ausajpuntocritico\/wp-content\/uploads\/2018\/09\/Elecciones-y-Gatopardismo-en-Espa\u00f1a-Principal.jpg\" alt=\"\" width=\"314\" height=\"160\" srcset=\"https:\/\/puntocritico.com\/ausajpuntocritico\/wp-content\/uploads\/2018\/09\/Elecciones-y-Gatopardismo-en-Espa\u00f1a-Principal.jpg 314w, https:\/\/puntocritico.com\/ausajpuntocritico\/wp-content\/uploads\/2018\/09\/Elecciones-y-Gatopardismo-en-Espa\u00f1a-Principal-300x153.jpg 300w\" sizes=\"auto, (max-width: 314px) 100vw, 314px\" \/><\/p>\n<p>&nbsp;<\/p>\n<p style=\"text-align: justify;\"><span style=\"font-family: arial, helvetica, sans-serif; font-size: 14pt;\">S\u00f3lo seis meses despu\u00e9s de la Revoluci\u00f3n de los Claveles, el 14 de octubre de 1974, se celebra en la ciudad de Suresnes, cercana a Par\u00eds, el XIII Congreso del PSOE, que va a llevar a un tal \u00abIsidoro\u00bb hasta la c\u00fapula de la organizaci\u00f3n. Desde el 14 de julio pasado, Franco sufre una complicada flebitis y se ha llegado a temer por su vida. La situaci\u00f3n que se est\u00e1 creando en la pen\u00ednsula Ib\u00e9rica resulta muy preocupante para los norteamericanos, se les ha ido de las manos el asunto portugu\u00e9s y van a impedir, a toda costa, que la historia se repita en Espa\u00f1a.<\/span><\/p>\n<p style=\"text-align: justify;\"><span style=\"font-family: arial, helvetica, sans-serif; font-size: 14pt;\"> Felipe Gonz\u00e1lez es el joven abogado sevillano, casi desconocido incluso para algunos de sus compa\u00f1eros, que se enmascara tras el nombre de guerra de \u00abIsidoro\u00bb. Consigue suceder como secretario general del partido al veterano militante socialista Rodolfo Llopis,[<a href=\"#1\">1<\/a>], que no reconoce las resoluciones adoptadas en Suresnes. El congreso ha sido convocado por un grupo de j\u00f3venes militantes desgajados de lo que, en adelante, se conocer\u00e1 como PSOE (Hist\u00f3rico). En realidad, Nicol\u00e1s Redondo era la figura menos discutida para acceder a la Secretar\u00eda General, pero el sindicalista vasco se niega a presentarse a la elecci\u00f3n, a pesar de ser propuesto mayoritariamente para ocupar el cargo que est\u00e1 en liza.<\/span><\/p>\n<figure id=\"attachment_1666\" aria-describedby=\"caption-attachment-1666\" style=\"width: 198px\" class=\"wp-caption alignleft\"><a href=\"https:\/\/puntocritico.com\/ausajpuntocritico\/wp-content\/uploads\/2017\/04\/Felipe_Gonzalez_3.jpg\" rel=\"lightbox[1643]\"><img loading=\"lazy\" decoding=\"async\" class=\"wp-image-1666 size-medium\" src=\"https:\/\/puntocritico.com\/ausajpuntocritico\/wp-content\/uploads\/2017\/04\/Felipe_Gonzalez_3-198x300.jpg\" alt=\"\" width=\"198\" height=\"300\" srcset=\"https:\/\/puntocritico.com\/ausajpuntocritico\/wp-content\/uploads\/2017\/04\/Felipe_Gonzalez_3-198x300.jpg 198w, https:\/\/puntocritico.com\/ausajpuntocritico\/wp-content\/uploads\/2017\/04\/Felipe_Gonzalez_3-675x1024.jpg 675w, https:\/\/puntocritico.com\/ausajpuntocritico\/wp-content\/uploads\/2017\/04\/Felipe_Gonzalez_3.jpg 756w\" sizes=\"auto, (max-width: 198px) 100vw, 198px\" \/><\/a><figcaption id=\"caption-attachment-1666\" class=\"wp-caption-text\">Felipe Gonz\u00e1lez vestido de militar con la insignia del SEU (Sindicato Espa\u00f1ol Universitario), rama universitaria asociada a la Falange<\/figcaption><\/figure>\n<p style=\"text-align: justify;\"><span style=\"font-family: arial, helvetica, sans-serif; font-size: 14pt;\"> Gonz\u00e1lez y otros miembros de la nueva direcci\u00f3n del partido han conseguido llegar a Francia gracias al\u00a0<strong>apoyo prestado por el propio Servicio Central de Presidencia de Gobierno.<\/strong>\u00a0Los oficiales del organismo de inteligencia creado por el almirante Carrero Blanco son los encargados de proporcionarles los pasaportes.<\/span><\/p>\n<p style=\"text-align: justify;\"><span style=\"font-family: arial, helvetica, sans-serif; font-size: 14pt;\">\u00abEn un restaurante de la calle madrile\u00f1a de Santa Engracia, [<a href=\"#2\">2<\/a>] hablamos con Gonz\u00e1lez, en presencia de Enrique M\u00fagica, para garantizarle su viaje a Suresnes\u00bb, se\u00f1ala el entonces capit\u00e1n del SECED Manuel Fern\u00e1ndez Monz\u00f3n.[<a href=\"#3\">3<\/a>] \u00abOtros compa\u00f1eros se entrevistaron con Nicol\u00e1s Redondo, y \u00e9l entendi\u00f3 enseguida que deb\u00eda ceder el puesto a un secretario general m\u00e1s joven y con otras caracter\u00edsticas. Cuando Felipe Gonz\u00e1lez volvi\u00f3 de Francia, despu\u00e9s de haber sido elegido, un comisario de Sevilla le detuvo, creyendo que hab\u00eda dado un pelotazo. Se llev\u00f3 una bronca tremenda y tuvo que soltarle enseguida, claro.\u00bb<\/span><\/p>\n<p style=\"text-align: justify;\"><span style=\"font-family: arial, helvetica, sans-serif; font-size: 14pt;\">Otros dos miembros relevantes del SECED, Andr\u00e9s Cassinello y Jos\u00e9 Faura, mantienen una larga entrevista con Felipe Gonz\u00e1lez y con Alfonso Guerra, inmediatamente despu\u00e9s de que el clan sevillano se haga con los mandos del PSOE.<\/span><\/p>\n<p style=\"text-align: justify;\"><span style=\"font-family: arial, helvetica, sans-serif; font-size: 14pt;\"> \u00abEntre 1964 y 1975 estuve precisamente en la informaci\u00f3n del mundo universitario, muy estrechamente relacionado con la pol\u00edtica entonces clandestina. Y lo que viv\u00ed fue que, a partir de cierto momento, la dictadura propici\u00f3 el resurgir del PSOE, para ahogar al PCE\u00bb, declara el comisario Manuel Ballesteros a la periodista Pilar Urbano.[<a href=\"#4\">4<\/a>]\u00a0<\/span><\/p>\n<p style=\"text-align: justify;\"><span style=\"font-family: arial, helvetica, sans-serif; font-size: 14pt;\">\u00abA los socialistas no se les deten\u00eda, a los comunistas, s\u00ed. Estando yo en la Brigada Social, esa era una indicaci\u00f3n de los mandos. M\u00e1s a\u00fan: la polic\u00eda no s\u00f3lo miraba para otro lado, haciendo la vista gorda, sino que a veces ayudaba a pasar la valija con la propaganda y los documentos internos del partido que los de Rodolfo Llopis (el PSOE del exterior) enviaban de all\u00e1 para ac\u00e1.\u00bb<\/span><\/p>\n<p style=\"text-align: justify;\"><span style=\"font-family: arial, helvetica, sans-serif; font-size: 14pt;\">A finales de los setenta, con Adolfo Su\u00e1rez como primer ministro, Ballesteros aparece detr\u00e1s de algunas acciones criminales de guerra sucia contra ETA protagonizadas por el Batall\u00f3n Vasco Espa\u00f1ol. Posteriormente, el Gobierno de Felipe Gonz\u00e1lez le recupera para nombrarle nada menos que jefe del MULC (Mando Unificado de Lucha Contraterrorista), durante la \u00e9poca de actuaci\u00f3n de los GAL.<\/span><\/p>\n<p>&nbsp;<\/p>\n<figure id=\"attachment_1686\" aria-describedby=\"caption-attachment-1686\" style=\"width: 500px\" class=\"wp-caption aligncenter\"><a href=\"https:\/\/puntocritico.com\/ausajpuntocritico\/wp-content\/uploads\/2017\/04\/gonzalez-abrazando-a-Vera-y-despidiendole-con-Barrionuevo-en-el-momento-de-ingresar-en-prisi\u00f3n-GAL.jpg\" rel=\"lightbox[1643]\"><img loading=\"lazy\" decoding=\"async\" class=\"wp-image-1686\" src=\"https:\/\/puntocritico.com\/ausajpuntocritico\/wp-content\/uploads\/2017\/04\/gonzalez-abrazando-a-Vera-y-despidiendole-con-Barrionuevo-en-el-momento-de-ingresar-en-prisi\u00f3n-GAL.jpg\" alt=\"\" width=\"500\" height=\"330\" srcset=\"https:\/\/puntocritico.com\/ausajpuntocritico\/wp-content\/uploads\/2017\/04\/gonzalez-abrazando-a-Vera-y-despidiendole-con-Barrionuevo-en-el-momento-de-ingresar-en-prisi\u00f3n-GAL.jpg 640w, https:\/\/puntocritico.com\/ausajpuntocritico\/wp-content\/uploads\/2017\/04\/gonzalez-abrazando-a-Vera-y-despidiendole-con-Barrionuevo-en-el-momento-de-ingresar-en-prisi\u00f3n-GAL-300x198.jpg 300w\" sizes=\"auto, (max-width: 500px) 100vw, 500px\" \/><\/a><figcaption id=\"caption-attachment-1686\" class=\"wp-caption-text\"><span style=\"color: #008000;\">Gonzalez abrazando a Vera y despidi\u00e9ndose de Barrionuevo en el momento de ingresar en prisi\u00f3n, condenados por su participaci\u00f3n en la Organizaci\u00f3n Terrorista \u00abGAL\u00bb<\/span><\/figcaption><\/figure>\n<p>&nbsp;<\/p>\n<p style=\"text-align: justify;\"><span style=\"font-family: arial, helvetica, sans-serif; font-size: 14pt;\">Meses antes de la celebraci\u00f3n del Congreso de Suresnes \u2014que se financia con fondos provenientes del Partido Socialdem\u00f3crata de Willy Brandt\u2014, el comandante Miguel Paredes, del SECED, y el inspector Emi Mateos, destinado en la Jefatura Superior de Polic\u00eda de Bilbao, ya han empezado a trabajar en lo que llaman Operaci\u00f3n Primavera: una serie de contactos con algunos miembros del PSOE del interior, para ver cu\u00e1les son sus planteamientos pol\u00edticos. Especialmente con Nicol\u00e1s Redondo y Enrique M\u00fagica.\u00a0<\/span><\/p>\n<p style=\"text-align: justify;\"><span style=\"font-family: arial, helvetica, sans-serif; font-size: 14pt;\">\u00abEn el SECED nos propusimos empezar a reunimos con ellos \u2014recuerda el entonces comandante Paredes\u2014, para ver hasta d\u00f3nde llegaba su izquierdismo, su \u00edmpetu revolucionario, su af\u00e1n izquierdista&#8230; y tratar de acercarlos hacia posiciones m\u00e1s templadas, menos radicales, m\u00e1s en la l\u00ednea de la moderaci\u00f3n pragm\u00e1tica que les recomendaba Willy Brandt.\u00bb[<a href=\"#5\">5<\/a>]<\/span><\/p>\n<p style=\"text-align: justify;\"><span style=\"font-family: arial, helvetica, sans-serif; font-size: 14pt;\">Los encuentros entre los agentes del SECED y los socialistas contin\u00faan, y a ellos se incorporan algunos militantes m\u00e1s.\u00a0<\/span><\/p>\n<p style=\"text-align: justify;\"><span style=\"font-family: arial, helvetica, sans-serif; font-size: 14pt;\">\u00abDespu\u00e9s de cada encuentro redact\u00e1bamos un informe para el Servicio\u00bb, contin\u00faa Paredes su relato. <\/span><span style=\"font-family: arial, helvetica, sans-serif; font-size: 14pt;\">\u00abNuestra impresi\u00f3n entonces era que el l\u00edder ideol\u00f3gico, el que pensaba m\u00e1s largo, m\u00e1s r\u00e1pido y con m\u00e1s calado era Pablo Castellano. El mayor peso moral lo ten\u00eda Nicol\u00e1s Redondo. Felipe Gonz\u00e1lez nos pareci\u00f3 un conversador \u00e1gil, brillante, con\u00bbcharme\u00bb&#8230; Pero, de pronto, sac\u00f3 un largo Cohiba, lo encendi\u00f3 con parsimonia y se lo fum\u00f3 como un sibarita. A m\u00ed ese peque\u00f1o detalle me choc\u00f3, me extra\u00f1\u00f3. Era un trazo burgu\u00e9s que no encajaba con sus calzones vaqueros, ni con su camisa barata de cuadros, ni con su izquierdismo&#8230; En mi informe oficial no mencion\u00e9 esa bobada del habano ni lo que me sugiri\u00f3. Pero en mi agenda privada de notas s\u00ed que escrib\u00ed:<strong>\u00a0\u00abFelipe Gonz\u00e1lez, el sevillano, parece apasionado pero es fr\u00edo. Hay en \u00e9l algo falso, enga\u00f1ador. No me ha parecido un hombre de ideales, sino de ambiciones\u00bb.\u00bb<\/strong><\/span><\/p>\n<p style=\"text-align: justify;\"><span style=\"font-family: arial, helvetica, sans-serif; font-size: 14pt;\"> Y prosigue el antiguo agente del SECED: \u00abEl Ministerio de la Gobernaci\u00f3n ten\u00eda entonces la facultad de conceder o denegar el pasaporte a un ciudadano. Ellos lo hab\u00edan pedido muchas veces y siempre les hab\u00edan dicho que no. Me dieron una lista en la que figuraban los nombres de Enrique M\u00fagica, Eduardo L\u00f3pez Albizu, Nicol\u00e1s Redondo, Ram\u00f3n Rubial, Alfonso Guerra, Pablo Castellano, Felipe Gonz\u00e1lez y otros dos militantes asturianos. El Gobierno lo dud\u00f3 mucho, le dieron mil vueltas, que s\u00ed, que no&#8230; Al final se acept\u00f3 bajo la condici\u00f3n de que, al volver a Espa\u00f1a, devolvieran enseguida esos pasaportes.Y lo hicieron. Tardaron mucho pero los devolvieron. Aunque no todos: Felipe Gonz\u00e1lez se lo qued\u00f3. A Mugica, por el retraso, le hicimos pagar una \u00abmulta\u00bb especial: invitarnos a comer a base de bien.Y lo hizo. En la Pani\u00e8re Fleurie de Renter\u00eda\u00bb.[<a href=\"#6\">6<\/a>]<\/span><\/p>\n<p style=\"text-align: justify;\"><span style=\"font-family: arial, helvetica, sans-serif; font-size: 14pt;\">Los delegados que asisten al Congreso de Suresnes representan, oficialmente, a tres mil militantes del interior, pero, en realidad, esa cifra hay que rebajarla a menos de la mitad. Durante los \u00faltimos a\u00f1os del franquismo, el PSOE es poco m\u00e1s que una sigla. El mayor peso de la resistencia contra el r\u00e9gimen lo han llevado los comunistas. En definitiva, lo que se produce en 1974 es una refundaci\u00f3n del partido creado por Pablo Iglesias, con el modelo portugu\u00e9s como tel\u00f3n de fondo. En el pa\u00eds vecino no exist\u00eda ni siquiera un partido socialista hist\u00f3rico y hubo que inventar uno. Su primer secretario general, M\u00e1rio Soares, ten\u00eda contacto con la CIA desde los a\u00f1os sesenta. \u00abExiliado, en 1973 recibir\u00eda ayuda para fundar bajo el patrocinio del Gobierno de Bonn un \u00abpartido socialista portugu\u00e9s\u00bb\u00bb, escribe Joan Garc\u00e9s en su excelente libro Soberanos e intervenidos.[<a href=\"#7\">7<\/a>] \u00abDerrocada la dictadura en 1974 por el MFA (Movimento das For\u00e7as Armadas), Soares regresaba a Portugal, donde pronto pedir\u00eda y recibir\u00eda ayuda clandestina directa del Gobierno de Estados Unidos y sus aliados europeos (RFA, Reino Unido y Francia), e indirecta a trav\u00e9s de empresas y fundaciones alemanas y de otros pa\u00edses.\u00bb<\/span><\/p>\n<p style=\"text-align: justify;\"><span style=\"font-family: arial, helvetica, sans-serif; font-size: 14pt;\"> La escasa incidencia del PSOE en la realidad pol\u00edtica espa\u00f1ola de los primeros a\u00f1os setenta la reconoce el propio Francisco Bustelo, uno de los militantes elegidos como miembros de la Comisi\u00f3n Ejecutiva del partido en Suresnes. Sin embargo, todo cambia a partir de ese congreso:<\/span><\/p>\n<p style=\"text-align: justify;\"><span style=\"font-family: arial, helvetica, sans-serif; font-size: 14pt;\"> Las embajadas en Madrid empezaron a recibir entonces instrucciones de que se pusieran en contacto con nosotros. Acompa\u00f1\u00e9 a Gonz\u00e1lez a visitar a algunos embajadores, entre ellos el estadounidense, y tuve que entrevistarme con otros funcionarios norteamericanos de menor categor\u00eda. A los norteamericanos les caus\u00e9 buena impresi\u00f3n. Durante los a\u00f1os siguientes me sol\u00eda llamar el consejero pol\u00edtico de esa embajada, persona muy enterada de lo que suced\u00eda en Espa\u00f1a, para que comi\u00e9semos juntos.[<a href=\"#8\">8<\/a>]<\/span><\/p>\n<p style=\"text-align: justify;\"><span style=\"font-family: arial, helvetica, sans-serif; font-size: 14pt;\"> En la direcci\u00f3n surgida de Suresnes hay tres grupos fundamentales: los vascos, con Redondo, L\u00f3pez Albizu, M\u00fagica y Benegas; los andaluces, con Gonz\u00e1lez, Guerra y Galeote, y los madrile\u00f1os, con Castellano y Bustelo. \u00abLos vascos, o mejor dicho, Redondo, que era su peso pesado, decid\u00edan, por tanto\u00bb, se\u00f1ala Francisco Bustelo. \u00abSi apoyaban a los andaluces, como hicieron en Suresnes, Gonz\u00e1lez ten\u00eda el poder asegurado. Redondo sabr\u00e1 por qu\u00e9 lo hizo.\u00bb Felipe Gonz\u00e1lez controla el partido a partir de ese momento e, inmediatamente, pasa a convertirse en un personaje p\u00fablico de primer orden, con un papel estelar en la gran maniobra de actualizaci\u00f3n controlada del r\u00e9gimen franquista. Joan Garc\u00e9s escribe:<\/span><\/p>\n<p style=\"text-align: justify;\"><span style=\"font-family: arial, helvetica, sans-serif; font-size: 14pt;\"> Una campa\u00f1a subsiguiente introducir\u00eda ante la opini\u00f3n p\u00fablica nombres hasta entonces desconocidos que, a poco andar (1975-1976), aislaron y marginaron a los militares de la Uni\u00f3n Militar Democr\u00e1tica y, en general, a quienes eran reacios a que en Espa\u00f1a entraran la CEE y la OTAN sin condiciones.\u00bb[<a href=\"#9\">9<\/a>]<\/span><\/p>\n<p style=\"text-align: justify;\"><span style=\"font-family: arial, helvetica, sans-serif; font-size: 14pt;\"> Los servicios secretos norteamericanos y la socialdemocracia alemana se turnan celosamente en la direcci\u00f3n de la Transici\u00f3n espa\u00f1ola, con dos objetivos: impedir una revoluci\u00f3n tras la muerte de Franco y aniquilar a la izquierda comunista. Este fino trabajo de construir un partido \u00abde izquierdas\u00bb, para impedir precisamente que la izquierda se haga con el poder en Espa\u00f1a, es obra de la CIA, en colaboraci\u00f3n con la Internacional Socialista. El primer dise\u00f1o de esta larga operaci\u00f3n se remonta hasta la d\u00e9cada de los sesenta, cuando el r\u00e9gimen empezaba ya a ceder, inevitablemente, bajo la presi\u00f3n de las luchas obreras y las reivindicaciones populares. El crecimiento espectacular del PCE y la desaparici\u00f3n de los sindicatos y partidos anteriores a la Guerra Civil, especialmente la UGT y el PSOE, hacen temer una supremac\u00eda comunista en la salida del franquismo. Los cerebros de la Transici\u00f3n comienzan a marcarse objetivos muy concretos.<\/span><\/p>\n<p style=\"text-align: justify;\"><span style=\"font-family: arial, helvetica, sans-serif; font-size: 14pt;\"> En 1962, el PSOE y la UGT s\u00f3lo cuentan con unos centenares de militantes en toda Espa\u00f1a, mientras que en el extranjero, un grupo de viejos socialistas, con Rodolfo Llopis al frente, intentan aparentar una presencia en escena que no va mucho m\u00e1s all\u00e1 de la asistencia a \u00abcontubernios\u00bb como el de Munich. Convencidos de que este PSOE no lograr\u00e1 tener la suficiente implantaci\u00f3n para competir con ventaja, frente a los comunistas espa\u00f1oles, al final del franquismo, los servicios de informaci\u00f3n norteamericanos y alemanes se ponen manos a la obra para construir un nuevo partido, m\u00e1s vistoso en lo externo y manejable en lo interno.<\/span><\/p>\n<p style=\"text-align: justify;\"><span style=\"font-family: arial, helvetica, sans-serif; font-size: 14pt;\"> <strong>Confidentes espont\u00e1neos<\/strong><\/span><\/p>\n<p style=\"text-align: justify;\"><span style=\"font-family: arial, helvetica, sans-serif; font-size: 14pt;\"> Algunos socialistas no esperan a que la CIA llame a su puerta y son ellos mismos los que ofrecen espont\u00e1neamente sus servicios a los norteamericanos. Es el caso de Carlos Zayas Mari\u00e1tegui, desde la ASU (Agrupaci\u00f3n Socialista Universitaria), quien, seg\u00fan documenta Joan Garc\u00e9s, \u00abaparece informando asiduamente a la Embajada sobre personas de sensibilidad socialista susceptibles de sumarse a combatir al Partido Comunista si recibieran los apoyos materiales que buscaban. Zayas se\u00f1alaba, entre otros, a Joan Ravent\u00f3s Carner en Barcelona, a Jos\u00e9 Federico de Carvajal y a Mariano Rubio, al tiempo que desvelaba como principal agente del Partido Comunista en Madrid a Federico S\u00e1nchez\u00bb.<\/span><\/p>\n<p style=\"text-align: justify;\"><span style=\"font-family: arial, helvetica, sans-serif; font-size: 14pt;\"> Zayas ser\u00e1 diputado del PSOE por Huesca en 1977; Ravent\u00f3s, embajador en Francia, despu\u00e9s de haber participado en la famosa comida de L\u00e9rida en la que el general Armada les cuenta a Enrique M\u00fagica y a \u00e9l sus planes golpistas; Jos\u00e9 Federico de Carvajal llegar\u00e1 a presidente del Senado y Mariano Rubio, a gobernador del Banco de Espa\u00f1a, cargo del que dimite tras ser condenado por sus pr\u00e1cticas delictivas. Federico S\u00e1nchez (alias de Jorge Sempr\u00fan), convertido al\u00a0<\/span><span style=\"font-family: arial, helvetica, sans-serif; font-size: 14pt;\">anticomunismo, ser\u00e1 ministro de Cultura con Felipe Gonz\u00e1lez entre 1988 y 1991.<\/span><\/p>\n<p style=\"text-align: justify;\"><span style=\"font-family: arial, helvetica, sans-serif; font-size: 14pt;\"> Una de las claves de las operaciones secretas de la CIA para controlar los medios socialistas espa\u00f1oles en el exilio es la introducci\u00f3n en estos c\u00edrculos de un antiguo dirigente del POUM, <a href=\"https:\/\/puntocritico.com\/ausajpuntocritico\/2019\/08\/13\/la-crisis-de-los-intelectuales-y-el-masoquismo-comunista-a-proposito-de-jean-paul-sartre-por-julian-gorkin\/\">Juli\u00e1n Gorkin<\/a>. A principios de los sesenta, Gorkin es uno de los personajes que impulsa el llamado \u00abCongreso por la Libertad Cultural\u00bb y aparece al frente de distintas publicaciones financiadas por la CIA, como las revistas Cuadernos, editada en Par\u00eds; Examen, en M\u00e9xico, y Encounter, en Gran Breta\u00f1a, dentro de un amplio esquema propagand\u00edstico de matiz netamente anticomunista dise\u00f1ado desde Langley. M\u00e1s tarde, dirige tambi\u00e9n la revista Visi\u00f3n, en la que defiende los puntos de vista de las sucesivas Administraciones norteamericanas en relaci\u00f3n con Latinoam\u00e9rica. El 13 de mayo de 1967,1a propia Asamblea General del \u00abCongreso por la Libertad Cultural\u00bb reconoce los estrechos v\u00ednculos financieros y pol\u00edticos de este organismo con la CIA. Seg\u00fan Franc\u00e9s Stonor Saunders, el principal impulsor del congreso es el agente de la CIA Michael Josselson.[<a href=\"#10\">10<\/a>]<\/span><\/p>\n<p style=\"text-align: justify;\"><span style=\"font-family: arial, helvetica, sans-serif; font-size: 14pt;\"> Juli\u00e1n Gorkin aparece, adem\u00e1s, al frente del llamado \u00abCentro de Documentaci\u00f3n y Estudios\u00bb, que tiene su sede en Par\u00eds. Ocupa el cargo de vicepresidente, mientras Salvador de Madariaga ostenta, a t\u00edtulo honorario, la presidencia. Las l\u00edneas generales del Bolet\u00edn Informativo del centro est\u00e1n caracterizadas por las directrices de acci\u00f3n pol\u00edtica clandestina de la CIA en ese momento: se intenta potenciar a la inexistente ASO (Alianza Sindical Obrera) y a la oposici\u00f3n mon\u00e1rquica y socialdem\u00f3crata. Gorkin entra pomposamente en el PSOE en el a\u00f1o 1973, en plena campa\u00f1a interna de renovaci\u00f3n del partido, que terminar\u00e1 con la sustituci\u00f3n de Llopis por Felipe Gonz\u00e1lez. Incluso ofrece una conferencia, el 22 de diciembre de ese a\u00f1o, en los locales de la UGT en Par\u00eds, bajo el t\u00edtulo \u00abMotivos de mi afiliaci\u00f3n al Partido Socialista Obrero Espa\u00f1ol\u00bb. En varios art\u00edculos del Bolet\u00edn Informativo de Gorkin ya pueden verse los argumentos esenciales que ser\u00e1n utilizados por Felipe Gonz\u00e1lez y Alfonso Guerra en Suresnes. El primer n\u00famero de ese bolet\u00edn explica \u00abla necesidad de una izquierda radical que compita, en el campo de la clase obrera,\u00a0con el Partido Comunista de Espa\u00f1a, para restarle base y movilidad social\u00bb.[<a href=\"#11\">11<\/a>]<\/span><\/p>\n<figure id=\"attachment_1685\" aria-describedby=\"caption-attachment-1685\" style=\"width: 500px\" class=\"wp-caption aligncenter\"><a href=\"https:\/\/puntocritico.com\/ausajpuntocritico\/wp-content\/uploads\/2017\/04\/felipe_gonzalez_manuel_fraga_1977-fdr.jpg\" rel=\"lightbox[1643]\"><img loading=\"lazy\" decoding=\"async\" class=\"wp-image-1685\" src=\"https:\/\/puntocritico.com\/ausajpuntocritico\/wp-content\/uploads\/2017\/04\/felipe_gonzalez_manuel_fraga_1977-fdr.jpg\" alt=\"\" width=\"500\" height=\"368\" srcset=\"https:\/\/puntocritico.com\/ausajpuntocritico\/wp-content\/uploads\/2017\/04\/felipe_gonzalez_manuel_fraga_1977-fdr.jpg 620w, https:\/\/puntocritico.com\/ausajpuntocritico\/wp-content\/uploads\/2017\/04\/felipe_gonzalez_manuel_fraga_1977-fdr-300x221.jpg 300w, https:\/\/puntocritico.com\/ausajpuntocritico\/wp-content\/uploads\/2017\/04\/felipe_gonzalez_manuel_fraga_1977-fdr-80x60.jpg 80w\" sizes=\"auto, (max-width: 500px) 100vw, 500px\" \/><\/a><figcaption id=\"caption-attachment-1685\" class=\"wp-caption-text\">Manuel Fraga y Felipe Gonz\u00e1lez en le Congreso de los Diputados &#8211; 1977<\/figcaption><\/figure>\n<p style=\"text-align: justify;\"><span style=\"font-family: arial, helvetica, sans-serif; font-size: 14pt;\"> Los intentos de los norteamericanos de conseguir que los socialistas acepten la Monarqu\u00eda y la continuidad del franquismo renovado son m\u00faltiples y se realizan a trav\u00e9s de las m\u00e1s diversas y curiosas f\u00f3rmulas, algunas de las cuales resultan un completo fracaso, como el intento de creaci\u00f3n de la ASO, que no pasa de ser una entelequia.Todos estos trajines no le pasan desapercibidos al propio Franco. Escribe Salgado Araujo:[<a href=\"#12\">12<\/a>]<\/span><\/p>\n<p style=\"text-align: justify;\"><span style=\"font-family: arial, helvetica, sans-serif; font-size: 14pt;\"> Hablamos despu\u00e9s de las actividades de la CIA en el mundo occidental y, en especial, en relaci\u00f3n con Espa\u00f1a. La prensa internacional, digo al Caudillo, comenta las actividades de ese organismo. Su obsesi\u00f3n es conseguir que nuestro Estado tolere primero y legalice despu\u00e9s la acci\u00f3n de dos partidos, uno de car\u00e1cter socialista y otro democr\u00e1tico, que deber\u00e1n tener su expresi\u00f3n en dualidad similar en el campo universitario y sindical. Para conseguirlo no vacilar\u00e1n en financiar sistem\u00e1ticamente a grupos de activistas (que han creado la ASO y la FUDE). Por ahora no se proponen como objetivo derribar el Estado, sino importunarlo, preocuparlo, no dejarlo en paz para que se arranque al Partido el compromiso de una coexistencia entre lo legal y lo ilegal, con aspiraciones de suceder al R\u00e9gimen una vez desaparezcan. Estas objeciones, seg\u00fan la informaci\u00f3n que doy al Caudillo, las expone la CIA con toda tranquilidad, a la luz del d\u00eda, financiando las huelgas de Asturias o los.tumultos de Madrid y Barcelona. La CIA cree que con esas actividades cumple el deber de prever el futuro, pues, de lo contrario, al r\u00e9gimen d\u00e9bil suceder\u00eda el caos y a \u00e9ste, el comunismo.<\/span><\/p>\n<p style=\"text-align: justify;\"><span style=\"font-family: arial, helvetica, sans-serif; font-size: 14pt;\"> En el intento de creaci\u00f3n de la ASO participa un personaje extra\u00f1o:Josefina Arillaga, vinculada ya en ese momento a la Fundaci\u00f3n Friedrich Ebert, del Partido Socialdem\u00f3crata alem\u00e1n, y considerada, en los propios medios socialistas, como \u00abbuena amiga\u00bb del entonces jefe del Sindicato Vertical franquista, el falangista Jos\u00e9 Sol\u00eds Ruiz. Arillaga, representante oficiosa en Madrid de Rodolfo Llopis durante varios a\u00f1os, hasta 1973, mantiene estrecho contacto con Jos\u00e9 Federico de Carvajal, un personaje muy bien relacionado con los norteamericanos, que llegar\u00e1 a presidente del Senado con el PSOE.<\/span><\/p>\n<p style=\"text-align: justify;\"><span style=\"font-family: arial, helvetica, sans-serif; font-size: 14pt;\"> La fase final del asalto al viejo y poco implantado Partido Socialista Obrero Espa\u00f1ol tiene lugar a partir de 1970, en una batalla en la que se combinan nombres como el de Willy Brandt, en ese momento secretario general del SPD; Max Diamant, asesor del Sindicato del Metal alem\u00e1n; Enrique M\u00fagica, y Hans Mattholfer, destacado sindicalista alem\u00e1n que edita la revista Express Espa\u00f1ol en Alemania. El hombre de Hans Mattholfer en la UGT, Carlos Pardo, tiene tambi\u00e9n un interesante historial: en 1970 es detenido en Madrid por la Brigada Criminal, acusado de diversos delitos comunes, y se descubre que antes ya ha sido expulsado de Paraguay por estafa. Mattholfer tiene entonces que viajar personalmente a Espa\u00f1a y entrevistarse con el entonces director general de Seguridad, Carlos Arias Navarro, que pone en libertad a Pardo sin que se le incoe ning\u00fan procedimiento judicial. En una carta dirigida a un militante socialista madrile\u00f1o, Rodolfo Llopis escribe: \u00abPor si no lo sabes, Mattholfer protege y ayuda econ\u00f3micamente a los escisionistas del PSOE. Y ha encontrado en Pardo un lacayo a su medida\u00bb. Otro personaje turbio que act\u00faa en ese entorno es Manuel Sim\u00f3n, dirigente de las Juventudes Socialistas de Toulouse, que m\u00e1s adelante ser\u00e1 nombrado responsable de Relaciones Internacionales de UGT. Sim\u00f3n, que tendr\u00e1 un papel clave en el defenestramiento de Llopis, es expulsado de Portugal tras la revoluci\u00f3n del 25 de abril, acusado de ser agente de la CIA.[<a href=\"#13\">13<\/a>]<\/span><\/p>\n<p style=\"text-align: justify;\"><span style=\"font-family: arial, helvetica, sans-serif; font-size: 14pt;\"> <strong>D\u00f3lares \u00abfundacionales\u00bb<\/strong><\/span><\/p>\n<p style=\"text-align: justify;\"><span style=\"font-family: arial, helvetica, sans-serif; font-size: 14pt;\"> Una mujer clave en el complejo entramado financiero del renovado PSOE es Carmen Garc\u00eda Bloise, que mantiene estrechos v\u00ednculos con los socialdem\u00f3cratas germanos. Parte de los fondos que van llegando al partido se comienzan a canalizar a trav\u00e9s de la reci\u00e9n creada Fundaci\u00f3n Pablo Iglesias, sucursal de la alemana Friedrich Ebert, Pero los cauces de financiaci\u00f3n son diversos. Por ejemplo, en 1979 se desvelar\u00e1 que la UGT ha recibido 200 millones de pesetas de los sindicatos amarillos de Estados Unidos para intentar ganar las elecciones sindicales.<\/span><\/p>\n<p style=\"text-align: justify;\"><span style=\"font-family: arial, helvetica, sans-serif; font-size: 14pt;\"> El ex agente de la CIA Philip Agee declara a la revista Zona Cero, en marzo de 1987:<a href=\"#14\">[14<\/a>] \u00abDentro del \u00abPrograma Democracia\u00bb, elaborado por la Agencia, se cuida con especial atenci\u00f3n a las fundaciones de los partidos pol\u00edticos alemanes, principalmente a la Friedrich Ebert Stiftung, del Partido Socialdem\u00f3crata, y la Konrad Adenauer Stiftung, de los democristianos. Estas fundaciones hab\u00edan sido establecidas por los partidos alemanes en los a\u00f1os cincuenta y se utilizaron para canalizar el dinero de la CIA hacia esas organizaciones, como parte de las operaciones de \u00abconstrucci\u00f3n de la democracia\u00bb, tras la Segunda Guerra Mundial. Despu\u00e9s, en los sesenta, las fundaciones alemanas empezaron a apoyar a los partidos hermanos y a otras organizaciones en el exterior y crearon nuevos canales para el dinero de la CIA. Hacia 1980, las fundaciones alemanas tienen programas en funcionamiento en unos sesenta pa\u00edses y est\u00e1n gastando cerca de 150 millones de d\u00f3lares. Operan en un secreto casi total\u00bb. \u00abLas operaciones de la Friedrich Ebert Stiftung (Fundaci\u00f3n), del SPD, fascinan a los norteamericanos, especialmente sus programas de formaci\u00f3n y las subvenciones que hicieron llegar a los socialdem\u00f3cratas de Grecia, Espa\u00f1a y Portugal, poco antes de que cayeran las dictaduras en esos pa\u00edses e inmediatamente despu\u00e9s\u00bb, contin\u00faa Agee. \u00abEn Portugal, por ejemplo, cuando el r\u00e9gimen de Salazar, que hab\u00eda durado cincuenta a\u00f1os, fue derrocado en 1974, el Partido Socialista completo apenas habr\u00eda bastado para una partida de poker y se localizaba en Par\u00eds, sin seguidores en Portugal. Pero con m\u00e1s de 10 millones de d\u00f3lares de la Ebert Stiftung, y algunas otras remesas de la CIA, el Partido Socialista Portugu\u00e9s creci\u00f3 r\u00e1pidamente y en poco tiempo se convirti\u00f3 en el partido gobernante.\u00bb<\/span><\/p>\n<p style=\"text-align: justify;\"><span style=\"font-family: arial, helvetica, sans-serif; font-size: 14pt;\"> Las fundaciones pol\u00edticas germanooccidentales proporcionan el modelo que el \u00abPrograma Democracia\u00bb acaba adoptando para resolver uno de los principales dilemas de la pol\u00edtica exterior norteamericana: c\u00f3mo \u00abayudar\u00bb a los partidos e instituciones \u00abdemocr\u00e1ticos y pluralistas\u00bb en pa\u00edses gobernados por dictadores que son aliados y clientes de Estados Unidos. \u00abResultaba a menudo muy obvio que la \u00fanica oposici\u00f3n real a las dictaduras la representaban los comunistas y otros revolucionarios, las \u00fanicas fuerzas pol\u00edticas organizadas, capaces y dispuestas a tomar el poder en un eventual colapso de las dictaduras\u00bb, se\u00f1ala Agee. \u00abLa experiencia de la intervenci\u00f3n germanooccidental en Portugal y en otros pa\u00edses resultaba llamativa para los norteamericanos e intentaron repetirla, estableciendo un sistema de instituciones privadas de apoyo a los \u00abamigos en el exterior\u00bb. El apoyo de Estados Unidos a las dictaduras podr\u00eda continuar mientras los \u00abamigos\u00bb se preparaban para la \u00abtransici\u00f3n del autoritarismo a la democracia\u00bb. As\u00ed, los norteamericanos podr\u00edan buscar de antemano el control de todas las fuerzas pol\u00edticas y neutralizar todo lo que se sit\u00faa a la izquierda de los socialdem\u00f3-cratas.\u00bb<\/span><\/p>\n<p style=\"text-align: justify;\"><span style=\"font-family: arial, helvetica, sans-serif; font-size: 14pt;\"> El presidente Ronald Reagan es uno de los m\u00e1s entusiastas defensores del \u00abPrograma Democracia\u00bb. En junio de 1982, ante el Parlamento brit\u00e1nico, describe sus objetivos: \u00abEste nuevo programa construir\u00e1 una infraestructura de libertad y democracia que dejar\u00e1 al marxismo-leninismo en el estercolero de la Historia\u00bb.Tambi\u00e9n alaba los \u00ababiertos\u00bb programas germanooccidentales, que, en realidad, est\u00e1n envueltos en el mayor de los secretos y se les ocultan incluso a los propios miembros del SPD.<\/span><\/p>\n<p style=\"text-align: justify;\"><span style=\"font-family: arial, helvetica, sans-serif; font-size: 14pt;\"> \u00bfC\u00f3mo se utiliza el dinero de la CIA en estos programas? Cada uno de los principales destinatarios ha descrito previamente sus necesidades y tiene que actuar de acuerdo con las l\u00edneas centrales dise\u00f1adas en el programa correspondiente, que se resume en una consigna: \u00abContribuir al desarrollo de acciones pol\u00edticas en el extranjero para enfrentar el\u00bbdesaf\u00edo ideol\u00f3gico global sovi\u00e9tico\u00bb\u00bb. Las actividades proyectadas cubren todo el espectro de objetivos de las organizaciones \u00abdemocr\u00e1ticas\u00bb en el exterior: gobiernos, partidos pol\u00edticos, sociedades profesionales, medios de informaci\u00f3n, universidades, cooperativas, sindicatos, asociaciones de empleados, c\u00e1maras de comercio e industria, iglesias, organizaciones de mujeres y estudiantes&#8230; En suma, todos los blancos tradicionales de la CIA. Otro prop\u00f3sito establecido es el de promover la \u00abdisidencia\u00bb en los pa\u00edses socialistas, siguiendo el ejemplo del apoyo de la CIA a Solidaridad, en Polonia.<\/span><\/p>\n<p style=\"text-align: justify;\"><span style=\"font-family: arial, helvetica, sans-serif; font-size: 14pt;\"> El ejemplo de la Friedrich Ebert Stiftung tambi\u00e9n es seguido como modelo en Centroam\u00e9rica y el Caribe durante los a\u00f1os setenta y ochenta. Constantine Menges, \u00aboficial nacional de la CIA para Am\u00e9rica\u00bb, es quien teoriza la receta de Estados Unidos para esta regi\u00f3n. Menges se\u00f1ala dos niveles de actividades gubernamentales y privadas \u00abprovechosas\u00bb, mediante las cuales Estados Unidos \u00abpuede socorrer a las fuerzas democr\u00e1ticas y debilitar aquellas que quieren polarizar el hemisferio en reg\u00edmenes comunistas y reg\u00edmenes autoritarios\u00bb.[<a href=\"#15\">15<\/a>]\u00bb<\/span><\/p>\n<p style=\"text-align: justify;\"><span style=\"font-family: arial, helvetica, sans-serif; font-size: 14pt;\"> Dentro del primer nivel se entra en juego mediante medios \u00abdiscretos\u00bb, como informaci\u00f3n, comunicaci\u00f3n y programas de intercambio cultural, para formar sistem\u00e1ticamente \u00abgrupos democr\u00e1ticos\u00bb. El segundo nivel de acci\u00f3n est\u00e1 previsto para concentrar la atenci\u00f3n en pa\u00edses \u00abde especial inter\u00e9s\u00bb, con los que hay que intentar \u00abcolaborar\u00bb a trav\u00e9s de organismos semiaut\u00f3nomos, siguiendo el ejemplo de la Friedrich Ebert Stiftung y la Konrad Adenauer Stiftung germanoocidentales, manteniendo \u00abuna relaci\u00f3n de total independencia con nuestra representaci\u00f3n diplom\u00e1tica oficial\u00bb.<\/span><\/p>\n<p style=\"text-align: justify;\"><span style=\"font-family: arial, helvetica, sans-serif; font-size: 14pt;\"> <strong>\u00abgoodbye\u00bb marxismo<\/strong><\/span><\/p>\n<p style=\"text-align: justify;\"><span style=\"font-family: arial, helvetica, sans-serif; font-size: 14pt;\"> El 17 de mayo de 1979, durante la celebraci\u00f3n del XXVIII Congreso del PSOE, Felipe Gonz\u00e1lez impone que desaparezca el t\u00e9rmino \u00abmarxismo\u00bb de los estatutos del partido. Los militares norteamericanos que tanto preguntaban por este asunto a los oficiales espa\u00f1oles, durante los cursos de formaci\u00f3n realizados en Estados Unidos, ya pueden quedarse completamente tranquilos. Justo de la Cueva, miembro de la comisi\u00f3n mixta de reunificaci\u00f3n del PSOE madrile\u00f1o (proviene del sector hist\u00f3rico), desalentado, deja la militancia en ese momento y declara: \u00abEl PSOE va donde diga la CIA a trav\u00e9s de Willy Brandt. Hasta en el propio Bundestag alem\u00e1n se acaba de denunciar que la Fundaci\u00f3n Friedrich Ebert del SPD recibe dinero directamente de la CIA\u00bb.[<a href=\"#16\">16<\/a>] Los j\u00f3venes que dieron el golpe de Estado dentro del PSOE en Suresnes, comandados por Gonz\u00e1lez, van cumpliendo al pie de la letra el gui\u00f3n que les han preparado. El poder est\u00e1 cada vez m\u00e1s cerca.<\/span><\/p>\n<p style=\"text-align: justify;\"><span style=\"font-family: arial, helvetica, sans-serif; font-size: 14pt;\"> El papel que el PSOE tiene que interpretar en la Transici\u00f3n est\u00e1 escrito desde bastante antes de la muerte de Franco, pero se termina de pulir en 1974. El giro a la izquierda de la Revoluci\u00f3n de los Claveles coincide con los primeros pasos en p\u00fablico de la Junta Democr\u00e1tica, constituida por iniciativa de Antonio Garc\u00eda Trevijano y auspiciada por el PCE. Desde el principio, Felipe Gonz\u00e1lez hace todo lo posible para hundir este organismo unitario que reclama amnist\u00eda total, la formaci\u00f3n de un Gobierno provisional y la celebraci\u00f3n de una consulta para elegir la forma de Estado: Monarqu\u00eda o Rep\u00fablica. \u00abCuando se produce la hegemon\u00eda del Partido Comunista Portugu\u00e9s en el proceso pol\u00edtico que se vive en el pa\u00eds vecino, el secretario de Estado norteamericano, Henry Kissinger, se alarma a\u00fan m\u00e1s y viaja a Alemania para entrevistarse primero con el canciller Helmut Schmidt, y despu\u00e9s con Willy Brandt,[<a href=\"#17\">17<\/a>] que contin\u00faa teniendo una enorme influencia en la Internacional Socialista. Les insiste en que apoyen decididamente al PSOE\u00bb, se\u00f1ala Garc\u00eda Trevijano.[<a href=\"#18\">18<\/a>]<\/span><\/p>\n<p style=\"text-align: justify;\"><span style=\"font-family: arial, helvetica, sans-serif; font-size: 14pt;\"> Por eso Felipe Gonz\u00e1lez no entra en la Junta, porque se siente respaldado por una potencia superior, por los alemanes y los norteamericanos. Una vez que est\u00e1 seguro de ese apoyo, se traslada a Madrid, donde tiene una entrevista con el Rey y con altos mandos del Ej\u00e9rcito, y ah\u00ed establecen la estrategia de que hay que ir gradualmente hacia las libertades en Espa\u00f1a para evitar una radicalizaci\u00f3n de la situaci\u00f3n. Felipe Gonz\u00e1lez es el m\u00e1s interesado en mantener a los comunistas en la ilegalidad. A m\u00ed me advierte de esta operaci\u00f3n nada menos que Claude Chaisson, que luego ser\u00eda ministro de Exteriores con Mitterrand y entonces era comisario en Bruselas del Mercado Com\u00fan. Ten\u00edamos mucha amistad. El era miembro del Partido Socialista Franc\u00e9s y estaba bien informado de todo esto. Ah\u00ed fue cuando cedimos y constituimos la Platajunta, a sabiendas de que se estaba haciendo para que entrara en ella el PSOE, que ser\u00eda el traidor. Pero m\u00e1s traidor ser\u00eda si estaba fuera. Y me di cuenta de que Santiago Carrillo, que era muy listo para olfatear por d\u00f3nde ven\u00edan los aires pol\u00edticos, quer\u00eda seguir completamente la pol\u00edtica del PSOE.<\/span><\/p>\n<p style=\"text-align: justify;\"><span style=\"font-family: arial, helvetica, sans-serif; font-size: 14pt;\"> En octubre de 1982, Felipe Gonz\u00e1lez consigue su objetivo y gana las elecciones por mayor\u00eda absoluta. Un a\u00f1o despu\u00e9s,Jos\u00e9 Mario Armero le dedica un elogioso art\u00edculo en el que repasa, de forma muy elocuente, los logros del Gobierno del PSOE. Armero era abogado en Espa\u00f1a de las m\u00e1s importantes multinacionales norteamericanas y un hombre con muchos contactos en el Departamento de Estado. Tambi\u00e9n intervino, como mediador, en las conversaciones que condujeron a la legalizaci\u00f3n del PCE, despu\u00e9s de negociar con Santiago Carrillo la aceptaci\u00f3n de la Monarqu\u00eda. El 20 de octubre de 1983 escribe:<\/span><\/p>\n<p style=\"text-align: justify;\"><span style=\"font-family: arial, helvetica, sans-serif; font-size: 14pt;\"> La realidad demuestra que hoy en Espa\u00f1a gobierna un partido socialdem\u00f3crata, europeo, occidentalista, pronorteamericano y decididamente atlantista. En un a\u00f1o de gobierno, los hombres del PSOE han cumplido un papel realmente singular: la casi destrucci\u00f3n de la izquierda tradicional espa\u00f1ola, en buena parte marxista y revolucionaria, que segu\u00eda una tradici\u00f3n muy distinta a los nuevos derroteros que han tomado los j\u00f3venes dirigentes socialistas. Realmente nada tienen que ver con Pablo Iglesias, ni con Francisco Largo Caballero, ni siquiera con Rodolfo Llopis.Y han conseguido sustituir lo que siempre se ha considerado como izquierda por una socialdemocracia, que es un amplio fen\u00f3meno donde cabe la libre empresa, la propiedad privada, los europeos, los norteamericanos y la OTAN.<\/span><\/p>\n<p style=\"text-align: justify;\"><span style=\"font-family: arial, helvetica, sans-serif; font-size: 14pt;\"> Y efectivamente, del \u00abOTAN, de entrada, no\u00bb se pasa al \u00abAs\u00ed, s\u00ed\u00bb, y enseguida, al ingreso en la Alianza \u00aben inter\u00e9s de Espa\u00f1a\u00bb.[<a href=\"#19\">19<\/a>]<\/span><\/p>\n<p style=\"text-align: justify;\"><span style=\"font-family: arial, helvetica, sans-serif; font-size: 14pt;\"> <strong>OTAN, de cabeza, s\u00ed<\/strong><\/span><\/p>\n<p style=\"text-align: justify;\"><span style=\"font-family: arial, helvetica, sans-serif; font-size: 14pt;\"> El programa aprobado en el XXVII Congreso del PSOE, celebrado en diciembre de 1976, cuando la \u00abreforma pol\u00edtica\u00bb est\u00e1 ya en marcha, propugna \u00abla liquidaci\u00f3n de todas las bases extranjeras en nuestro suelo\u00bb, y a\u00f1ade que \u00abno cabe aceptar ning\u00fan tratado de alianza o relaci\u00f3n militar que no cuente con la aprobaci\u00f3n expresa del pueblo espa\u00f1ol\u00bb. El programa preconiza, igualmente, la \u00abindependencia frente a los bloques militares\u00bb y la adopci\u00f3n progresiva de \u00abuna pol\u00edtica de neutralidad activa\u00bb. Durante alg\u00fan tiempo, los representantes del PSOE han llegado incluso a postular un tipo de defensa neutralista, an\u00e1loga a la de Suecia, Suiza o Yugoslavia. En la declaraci\u00f3n de diciembre de 1976 se subraya que \u00abel ingreso en la OTAN conllevar\u00eda el riesgo de vernos implicados en una guerra de efectos destructivos incalculables si uno de los pa\u00edses miembros entra en guerra\u00bb.Tambi\u00e9n se llama la atenci\u00f3n sobre el aumento de los gastos militares que se derivar\u00eda de la presencia espa\u00f1ola en la Alianza Atl\u00e1ntica.[<a href=\"#20\">20<\/a>]<\/span><\/p>\n<p style=\"text-align: justify;\"><span style=\"font-family: arial, helvetica, sans-serif; font-size: 14pt;\"> Pero con el paso de los a\u00f1os, y en la medida que el PSOE se va configurando como una \u00abalternativa gubernamental\u00bb, los dirigentes del partido van puliendo las aristas m\u00e1s cortantes de su pol\u00edtica. Hay que alejarse r\u00e1pidamente del \u00abOTAN, de entrada, no\u00bb y olvidar que votaron en contra del ingreso en la Alianza, enfrentados con el Gobierno de Calvo Sotelo, quien consigui\u00f3 sacar adelante su propuesta en las Cortes. La radicalidad inicial del discurso de Felipe Gonz\u00e1lez resulta delirante si se observa el desarrollo posterior de su pol\u00edtica internacional. Comienzan a aparecer frecuentemente a su lado mentores como Bettino Craxi, Carlos Andr\u00e9s P\u00e9rez, e incluso el portugu\u00e9s M\u00e1rio Soares.Los dos pol\u00edticos europeos son atlantistas practicantes y el venezolano mantiene muy estrechos v\u00ednculos con Estados Unidos. La ruptura con el marxismo de 1979 es un gui\u00f1o a Washington y Bruselas para que le permitan, de momento, mantener el rechazo a la OTAN como algo a\u00fan necesario para ganar las elecciones. Cuando Gonz\u00e1lez llega al Gobierno, sus prop\u00f3sitos reales se conocen enseguida.<\/span><\/p>\n<p style=\"text-align: justify;\"><span style=\"font-family: arial, helvetica, sans-serif; font-size: 14pt;\"> Pero s\u00f3lo un mes antes de las elecciones generales de octubre de 1982, Gonz\u00e1lez todav\u00eda declara a Intervi\u00fa:[<a href=\"#21\">21<\/a>] \u00abYo creo que nosotros tendr\u00edamos que plantearnos seriamente el tema de la OTAN, sobre todo porque para Espa\u00f1a no hay ning\u00fan inter\u00e9s defensivo real e inmediato en la integraci\u00f3n en el Pacto Atl\u00e1ntico, y lo veo desde el punto estrictamente nacional. Uno puede comprender que Alemania est\u00e9 en la OTAN y le cuesta creer que un pa\u00eds que no tiene problemas de defensa en la misma direcci\u00f3n que Alemania est\u00e9 en la OTAN y est\u00e9, adem\u00e1s, integrado sin ninguna contrapartida, como han hecho los protagonistas espa\u00f1oles\u00bb.<\/span><\/p>\n<p style=\"text-align: justify;\"><span style=\"font-family: arial, helvetica, sans-serif; font-size: 14pt;\"> Durante la dictadura franquista, el Gobierno de Estados Unidos presiona para que Espa\u00f1a se incorpore a la OTAN, pero tropieza con la oposici\u00f3n de los socios europeos, como consecuencia de la naturaleza autocr\u00e0tica del r\u00e9g\u00edmen.Y tambi\u00e9n cuando Calvo Sotelo hace aprobar la entrada de Espa\u00f1a en la OTAN, varios gobiernos socialistas europeos ofrecen a Felipe Gonz\u00e1lez, con especial inter\u00e9s, el veto a la adhesi\u00f3n, lo que habr\u00eda producido el rechazo de Espa\u00f1a, al ser precisa la unanimidad de los socios. El secretario general del PSOE declina estos ofrecimientos, que habr\u00edan trascendido, l\u00f3gicamente, de forma que se le considerar\u00eda el inspirador de esa maniobra. Se niega, pues, consciente de que ello le ocasionar\u00eda el rechazo de la mayor\u00eda del Ej\u00e9rcito.Y del rey. \u00abCuando Gonz\u00e1lez nombra ministro de Asuntos Exteriores a Mor\u00e1n, y a Narc\u00eds Serra para la cartera de Defensa, tiene ya comprometido con la Corona la permanencia en la estructura de la OTAN\u00bb, se\u00f1ala Pablo Castellano.[<a href=\"#22\">22<\/a>]<\/span><\/p>\n<p style=\"text-align: justify;\"><span style=\"font-family: arial, helvetica, sans-serif; font-size: 14pt;\"> La actitud de Gonz\u00e1lez en relaci\u00f3n con la Alianza se hace expl\u00edcita durante su primer viaje a Alemania, el 3 de mayo de 1983. El presidente de Gobierno socialista, sin contar con su ministro de Asuntos Exteriores, Fernando Mor\u00e1n, que no est\u00e1 informado del viraje derechista que se ha dado, y rompiendo incluso con sus benefactores soc\u00edaldem\u00f3cratas alemanes, presentes en el acto, afirma p\u00fablicamente en Bonn su \u00abconsideraci\u00f3n y solidaridad\u00bb con la estrategia de Reagan, Margaret Thatcher y la derecha cristianodem\u00f3crata alemana de instalar en el teatro b\u00e9lico europeo 572 misiles Pershing y Cruise.<\/span><\/p>\n<p style=\"text-align: justify;\"><span style=\"font-family: arial, helvetica, sans-serif; font-size: 14pt;\"> Por fin, en 1986, Gonz\u00e1lez convoca y celebra un refer\u00e9ndum sobre la permanencia de Espa\u00f1a en la OTAN, despu\u00e9s de innumerables manifestaciones populares contra la Alianza. Pero no apoya la salida de esa estructura militar: reclama el voto a favor de la permanencia en ella. Ha mentido en la campa\u00f1a electoral que le llev\u00f3 al Gobierno, incumple el programa del PSOE, trampea las resoluciones del congreso de su partido y enga\u00f1a a los ciudadanos. \u00abCuando Felipe Gonz\u00e1lez se lanza a la aventura del refer\u00e9ndum de la OTAN, y ante los sondeos que arrojaban un resultado favorable al \u00abNo\u00bb, el consejero pol\u00edtico de la embajada estadounidense en Madrid me llam\u00f3 para hablar de lo que ocurrir\u00eda en el PSOE si Gonz\u00e1lez perd\u00eda la consulta\u00bb, relata Francisco Bustelo.[<a href=\"#23\">23<\/a>] \u00abMe pregunt\u00f3 que, en el caso de que pasaran a dirigir otras personas el PSOE y, por lo tanto, a ocupar, aunque fuera provisionalmente el Gobierno, cu\u00e1l ser\u00eda la pol\u00edtica exterior, en particular respecto a Estados Unidos.\u00bb<\/span><\/p>\n<p style=\"text-align: justify;\"><span style=\"font-family: arial, helvetica, sans-serif; font-size: 14pt;\"> Gonz\u00e1lez y los suyos movilizan a los medios de comunicaci\u00f3n, a intelectuales org\u00e1nicos y a adjuntos al poder de las m\u00e1s variadas especies para apoyar la permanencia en la OTAN. Con la idea de conseguir una atractiva imagen p\u00fablica de la campa\u00f1a, intenta atraer a su terreno tambi\u00e9n a personajes del mundo de la cultura y el espect\u00e1culo. Fernando Fern\u00e1n G\u00f3mez relataba en cierta ocasi\u00f3n su visita a La Bodeguilla de La Moncloa, invitado por Gonz\u00e1lez, junto con otros profesionales del cine y la cultura, durante las fechas previas a la celebraci\u00f3n de la consulta. En un determinado momento de la reuni\u00f3n, Gonz\u00e1lez les dijo: \u00abHe cambiado de opini\u00f3n porque, cuando llegu\u00e9 a la Moncloa, Su\u00e1rez me ense\u00f1\u00f3 la \u00abcaja de los truenos\u00bb y hab\u00eda muchos misiles sovi\u00e9ticos apuntando a Espa\u00f1a\u00bb. Manuel Guti\u00e9rrez Arag\u00f3n le llam\u00f3 c\u00ednico.<\/span><\/p>\n<p style=\"text-align: justify;\"><span style=\"font-family: arial, helvetica, sans-serif; font-size: 14pt;\"> Los servicios de inteligencia norteamericanos siguen muy de cerca toda la campa\u00f1a a favor del \u00abS\u00ed\u00bb y despliegan, en apoyo del Gobierno socialista, su compleja red de influencias. El propio Julio Feo, en ese momento secretario del presidente Gonz\u00e1lez, ilustra muy gr\u00e1ficamente la preocupaci\u00f3n de la CIA, en 1986, con motivo de la consulta en las urnas: \u00abEn la embajada americana en Madrid cund\u00eda el nerviosismo. Enders se apresur\u00f3 a solicitar una entrevista con el presidente, que lo recibi\u00f3 el 7 de febrero. Por su parte, \u00abSam\u00bb, el jefe de estaci\u00f3n de la CIA, que hab\u00eda sustituido a \u00abWalter\u00bb, increment\u00f3 sus llamadas y visitas, en las que me solicitaba informaci\u00f3n sobre la marcha del refer\u00e9ndum\u00bb.[<a href=\"#24\">24<\/a>]<\/span><\/p>\n<p style=\"text-align: justify;\"><span style=\"font-family: arial, helvetica, sans-serif; font-size: 14pt;\"> \u00abEl refer\u00e9ndum fue un modelo antol\u00f3gico de pucherazo, pero a muy pocos pol\u00edticos les interesaba cuestionar el resultado, conscientes de que la victoria del \u00abNo\u00bb habr\u00eda repercutido no s\u00f3lo en la adhesi\u00f3n europea, sino hasta en nuestro propio devenir pol\u00edtico\u00bb, escribe Pablo Castellano, veterano militante socialista que hizo campa\u00f1a contra la OTAN. \u00abGonz\u00e1lez echaba un pulso a la ciudadan\u00eda tras haber ganado todos los pulsos a su partido y sal\u00eda otra vez vencedor y exultante de las urnas. Sin embargo, a partir de ese momento ser\u00eda reh\u00e9n de las pol\u00edticas m\u00e1s derechistas que le exig\u00edan los que, ayud\u00e1ndole descaradamente a ganar el refer\u00e9ndum, le permit\u00edan gobernar en el estricto marco de actuaci\u00f3n pactado para la ordenada alternancia de los partidos del sistema, no para abrir la puerta a imprevisibles sorpresas de un aut\u00e9ntico e incondicionado sistema de partidos. El Pent\u00e1gono tom\u00f3 nota de qui\u00e9nes eran de verdad sus amigos. A buenas horas se le iba a escapar a la privilegiada mente conocedora de todos los entresijos del 23-F, del GAL y de Filesa un refer\u00e9ndum as\u00ed.\u00bb<\/span><\/p>\n<p style=\"text-align: justify;\"><span style=\"font-family: arial, helvetica, sans-serif; font-size: 14pt;\"> Pablo Castellano contin\u00faa: \u00abEl Estado espa\u00f1ol, de la mano de un Gobierno socialista, revalid\u00f3 y reforz\u00f3 su condici\u00f3n de socio del Imperio. El esfuerzo del PSOE en este terreno ha sido tan valorado que uno de los m\u00e1s destacados paladines en la defensa del \u00abOTAN, de entrada no\u00bb, Javier Solana, en premio a su ejemplar rectificaci\u00f3n, ha acabado siendo secretario general de la Alianza y, m\u00e1s tarde, encargado de las cuestiones de defensa europea. Siempre, en todo caso, embajador de los intereses castrenses estadounidenses &#8230; M\u00e1s que caerse del caballo camino de Damasco, se subi\u00f3 tranquilamente al carro de combate o a la superfortaleza volante, medios m\u00e1s seguros y r\u00e1pidos en la carrera\u00bb.<\/span><\/p>\n<p style=\"text-align: justify;\"><span style=\"font-family: arial, helvetica, sans-serif; font-size: 14pt;\"> Despu\u00e9s de ser uno de los dirigentes del PSOE que participa en mayor n\u00famero de actos p\u00fablicos en contra de la integraci\u00f3n de Espa\u00f1a en la OTANJavier Solana se convierte, en 1995, en secretario general de la Alianza. Un buen ejemplo individual que sintetiza la trayectoria de su partido. Permanece en el cargo cuatro a\u00f1os y durante su mandato se producen los bombardeos norteamericanos sobre Yugoslavia, en marzo de 1999. A finales de ese a\u00f1o cesa en su cargo de m\u00e1ximo dirigente de la OTAN y toma posesi\u00f3n de un puesto reci\u00e9n creado: alto responsable de la Pol\u00edtica Exterior y de Seguridad Com\u00fan.Ya tenemos Mister PESC.[<a href=\"#25\">25<\/a>]<\/span><\/p>\n<p style=\"text-align: center;\"><span style=\"font-family: arial, helvetica, sans-serif; font-size: 14pt;\">*******<\/span><br \/>\n<span style=\"font-family: arial, helvetica, sans-serif; font-size: 14pt;\"> <strong>NOTAS<\/strong><\/span><\/p>\n<p style=\"text-align: justify;\"><span style=\"font-family: arial, helvetica, sans-serif; font-size: 14pt;\"> <a id=\"1\"><\/a>1. Rodolfo Llopis (1895-1983). Pol\u00edtico y pedagogo socialista espa\u00f1ol. Durante la II Rep\u00fablica ocup\u00f3 diversos cargos, primero en la Ense\u00f1anza y m\u00e1s tarde como secretario de Presidencia de Francisco Largo Caballero. En el exilio ocup\u00f3 la direcci\u00f3n del PSOE. No reconoci\u00f3 la autoridad del Congreso de Suresnes (1974), en el que Felipe Gonz\u00e1lez fue elegido secretario general, y reivindic\u00f3 las siglas del PSOE hasta la Transici\u00f3n, cuando se vio obligado a legalizar su partido con la denominaci\u00f3n de \u00abPSOE (Hist\u00f3rico)\u00bb.<\/span><\/p>\n<p style=\"text-align: justify;\"><span style=\"font-family: arial, helvetica, sans-serif; font-size: 14pt;\"> <a id=\"2\"><\/a>2. En aquel momento la calle ten\u00eda todav\u00eda el nombre de Joaqu\u00edn Garc\u00eda Morato.<\/span><\/p>\n<p style=\"text-align: justify;\"><span style=\"font-family: arial, helvetica, sans-serif; font-size: 14pt;\"> <a id=\"3\"><\/a>3. Entrevista personal con el general Manuel Fern\u00e1ndez Monz\u00f3n.<\/span><\/p>\n<p style=\"text-align: justify;\"><span style=\"font-family: arial, helvetica, sans-serif; font-size: 14pt;\"><a id=\"4\"><\/a>4. Pilar Urbano, Yo entr\u00e9 en el CESID, Plaza &amp; Jan\u00e9s, Barcelona, 1997.<\/span><\/p>\n<p style=\"text-align: justify;\"><span style=\"font-family: arial, helvetica, sans-serif; font-size: 14pt;\"> <a id=\"5\"><\/a>5. Ibid.<\/span><\/p>\n<p style=\"text-align: justify;\"><span style=\"font-family: arial, helvetica, sans-serif; font-size: 14pt;\"> <a id=\"6\"><\/a>6. Ibid.<\/span><\/p>\n<p style=\"text-align: justify;\"><span style=\"font-family: arial, helvetica, sans-serif; font-size: 14pt;\"> <a id=\"7\"><\/a>7. Joan Garc\u00e9s, Soberanos e intervenidos, Siglo XXI, Madrid, 1996. Este autor se\u00f1ala que \u00abel financiamiento personal oculto a Mario Soares, su origen y caudales, fueron desvelados en 1996 por el funcionario del Partido Socialista portugu\u00e9s Rui Mauro, miembro de la Comisi\u00f3n Trila-teral, en Contos prohibidos. Memorias de un P.S. desconhecido. Lisboa. Don Quixote\u00bb.<\/span><\/p>\n<p style=\"text-align: justify;\"><span style=\"font-family: arial, helvetica, sans-serif; font-size: 14pt;\"> <a id=\"8\"><\/a>8. Francisco Bustelo, La izquierda imperfecta, Planeta, Barcelona, 1996.<\/span><\/p>\n<p style=\"text-align: justify;\"><span style=\"font-family: arial, helvetica, sans-serif; font-size: 14pt;\"> <a id=\"9\"><\/a>9. Joan Garc\u00e9s, Soberanos e intervenidos.<\/span><\/p>\n<p style=\"text-align: justify;\"><span style=\"font-family: arial, helvetica, sans-serif; font-size: 14pt;\"> <a id=\"10\"><\/a>10. Franc\u00e9s Stonor Saunders, La CIA y la Guerra Fr\u00eda cultural, Debate, Madrid, 2001.<\/span><\/p>\n<p style=\"text-align: justify;\"><span style=\"font-family: arial, helvetica, sans-serif; font-size: 14pt;\"> En relaci\u00f3n con Juli\u00e1n Gorkin, escribe: \u00abCuadernos era una revista dirigida a los intelectuales latinoamericanos, lanzada en 1953, bajo la direcci\u00f3n del novelista y dramaturgo Juli\u00e1n Gorkin. Su tarea consist\u00eda en intentar contrarrestar la \u00abgran desconfianza\u00bb de Latinoam\u00e9rica, donde la \u00fanica manera de alcanzar un impacto significativo, dec\u00eda en broma, era atacar constantemente a los EE.UU. y cantar las alabanzas de Sartre y Pablo Neruda.A Gorkin no le vino bien el golpe de Guatemala (1953) instigado por la CIA, ni la Revoluci\u00f3n Cubana de 1958. A la estela de la intervenci\u00f3n norteamericana en estas zonas, fue un per\u00edodo de euforia para los comunistas latinoamericanos y sus aliados, pero Gorkin se enfrent\u00f3 a las circunstancias adversas, proporcionando al Congreso un importante enclave en territorio hostil\u00bb.<\/span><\/p>\n<p style=\"text-align: justify;\"><span style=\"font-family: arial, helvetica, sans-serif; font-size: 14pt;\"> <a id=\"11\"><\/a>11. \u00abDossier: PSOE\u00bb, Area Critica, n.\u00b0 6, febrero de 1996.<\/span><\/p>\n<p style=\"text-align: justify;\"><span style=\"font-family: arial, helvetica, sans-serif; font-size: 14pt;\"> <a id=\"12\"><\/a>12. Francisco Franco Salgado-Araujo, Mis conversaciones privadas con Franco, Planeta, Barcelona, 1976.<\/span><\/p>\n<p style=\"text-align: justify;\"><span style=\"font-family: arial, helvetica, sans-serif; font-size: 14pt;\"> <a id=\"13\"><\/a>13. Area Critica, art. cit.<\/span><\/p>\n<p style=\"text-align: justify;\"><span style=\"font-family: arial, helvetica, sans-serif; font-size: 14pt;\"> <a id=\"14\"><\/a>14. \u00abEntrevista con Philip Agee: Las operaciones blanqueadas de la CIA\u00bb, Zona Cero, marzo de 1987.<\/span><\/p>\n<p style=\"text-align: justify;\"><span style=\"font-family: arial, helvetica, sans-serif; font-size: 14pt;\"> <a id=\"15\"><\/a>15. Zona Cero, art. cit.<\/span><\/p>\n<p style=\"text-align: justify;\"><span style=\"font-family: arial, helvetica, sans-serif; font-size: 14pt;\"> <a id=\"16\"><\/a>16. \u00abJusto de la Cueva: El PSOE va donde diga Willy Brandt\u00bb, Tricolor, mayo de 1979.<\/span><\/p>\n<p style=\"text-align: justify;\"><span style=\"font-family: arial, helvetica, sans-serif; font-size: 14pt;\"> <a id=\"17\"><\/a>17. Willy Brandt tiene que dimitir de su cargo de canciller de la Rep\u00fablica Federal de Alemania en 1974, cuando se descubre que uno de sus jefes de gabinete, G\u00fcnter Guillaume, es un esp\u00eda de la RDA.<\/span><\/p>\n<p style=\"text-align: justify;\"><span style=\"font-family: arial, helvetica, sans-serif; font-size: 14pt;\"> <a id=\"18\"><\/a>18. Entrevista personal con Antonio Garc\u00eda Trevijano.<\/span><\/p>\n<p style=\"text-align: justify;\"><span style=\"font-family: arial, helvetica, sans-serif; font-size: 14pt;\"> <a id=\"19\"><\/a>19. Diario 16, 20 de octubre de 1983.<\/span><\/p>\n<p style=\"text-align: justify;\"><span style=\"font-family: arial, helvetica, sans-serif; font-size: 14pt;\"> <a id=\"20\"><\/a>20. Eugenio del R\u00edo, Libro Negro de la OTAN, Revoluci\u00f3n, Madrid, 1983.<\/span><\/p>\n<p style=\"text-align: justify;\"><span style=\"font-family: arial, helvetica, sans-serif; font-size: 14pt;\"> <a id=\"21\"><\/a>21. Intervi\u00fa, 15 de septiembre de 1982.<\/span><\/p>\n<p style=\"text-align: justify;\"><span style=\"font-family: arial, helvetica, sans-serif; font-size: 14pt;\"> <a id=\"22\"><\/a>22. Pablo Castellano, Por Dios, por la Patria y el Rey, Temas de Hoy, Madrid, 2001.<\/span><\/p>\n<p style=\"text-align: justify;\"><span style=\"font-family: arial, helvetica, sans-serif; font-size: 14pt;\"> <a id=\"23\"><\/a>23. Francisco Bustelo, La izquierda imperfecta.<\/span><\/p>\n<p style=\"text-align: justify;\"><span style=\"font-family: arial, helvetica, sans-serif; font-size: 14pt;\"> <a id=\"24\"><\/a>24. Pasado el susto, y una vez afianzada la presencia de Espa\u00f1a en la OTAN, el idilio entre el asesor de Gonz\u00e1lez y los responsables de la Agencia contin\u00faa: \u00abDesde el refer\u00e9ndum, \u00abSam\u00bb, el jefe de la CIA, me segu\u00eda llamando peri\u00f3dicamente; nos ve\u00edamos y charl\u00e1bamos. El me contaba a veces operaciones, o cosas que ten\u00edan que ver con otros departamentos. Yo registraba la informaci\u00f3n y no la utilizaba. En septiembre vino a Madrid uno de sus m\u00e1ximos jefes y \u00abSam\u00bb me invit\u00f3 a almorzar con \u00e9l en su casa. Durante el almuerzo, el jefe de \u00abSam\u00bb me invit\u00f3 a ir a Washington y pasar dos o tres d\u00edas de visita en la central de Langley para que viera c\u00f3mo trabajan ellos\u00bb. (Julio Feo, Aquellos a\u00f1os, Ediciones B, Barcelona, 1993.)<\/span><\/p>\n<p style=\"text-align: justify;\"><span style=\"font-family: arial, helvetica, sans-serif; font-size: 14pt;\"> <a id=\"25\"><\/a>25. Javier Solana Madariaga nace en Madrid el 14 de julio de 1942. Estudia bachillerato en el colegio de El Pilar y se licencia en qu\u00edmicas en 1964. Despu\u00e9s estudia en Estados Unidos con becas Fulbrigth. Entre 1982 y 1985, con Felipe Gonz\u00e1lez como presidente del Gobierno es, sucesivamente, ministro de Cultura, portavoz del Gobierno, ministro de Educaci\u00f3n y Ciencia y, por fin, titular de la cartera de Asuntos Exteriores.<\/span><\/p>\n<p style=\"text-align: justify;\"><span style=\"font-family: arial, helvetica, sans-serif; font-size: 14pt;\"> Su hermano Luis Solana tambi\u00e9n es un hombre de los norteamericanos. Est\u00e1 muy vinculado a las grandes empresas estadounidenses desde sus comienzos profesionales en el Banco de Urquijo. Como su amigo Jaime Carvajal y Urquijo, \u00edntimo del rey desde la infancia, Luis Solana se convierte en miembro de la Comisi\u00f3n Trilateral. Con los sucesivos Gobiernos de Gonz\u00e1lez es primero presidente de Telef\u00f3nica, empresa vinculada hist\u00f3ricamente al grupo ITT, y despu\u00e9s director general de RTVE. Muy aficionado a los asuntos militares, tambi\u00e9n ha sido presidente de la Comisi\u00f3n de Defensa del Congreso de los Diputados.<\/span><\/p>\n","protected":false},"excerpt":{"rendered":"<div class=\"mh-excerpt\"><p>El control del PSOE por la CIA Del libro \u00abLa CIA en Espa\u00f1a\u00bb, de Alfredo Grimaldos &nbsp; &nbsp; S\u00f3lo seis meses despu\u00e9s de la Revoluci\u00f3n de los Claveles, el 14 de octubre de 1974, se <a class=\"mh-excerpt-more\" href=\"https:\/\/puntocritico.com\/ausajpuntocritico\/2018\/09\/30\/el-control-del-psoe-por-la-cia-del-libro-la-cia-en-espana-de-alfredo-grimaldos\/\" title=\"El control del PSOE por la CIA. Del libro\u00a0La CIA en Espa\u00f1a\u00a0de Alfredo Grimaldos\">[&#8230;]<\/a><\/p>\n<\/div>","protected":false},"author":3,"featured_media":1646,"comment_status":"open","ping_status":"closed","sticky":false,"template":"","format":"standard","meta":{"_acf_changed":false,"_exactmetrics_skip_tracking":false,"_exactmetrics_sitenote_active":false,"_exactmetrics_sitenote_note":"","_exactmetrics_sitenote_category":0,"footnotes":""},"categories":[7],"tags":[],"class_list":{"0":"post-1643","1":"post","2":"type-post","3":"status-publish","4":"format-standard","5":"has-post-thumbnail","7":"category-politica"},"acf":[],"_links":{"self":[{"href":"https:\/\/puntocritico.com\/ausajpuntocritico\/wp-json\/wp\/v2\/posts\/1643","targetHints":{"allow":["GET"]}}],"collection":[{"href":"https:\/\/puntocritico.com\/ausajpuntocritico\/wp-json\/wp\/v2\/posts"}],"about":[{"href":"https:\/\/puntocritico.com\/ausajpuntocritico\/wp-json\/wp\/v2\/types\/post"}],"author":[{"embeddable":true,"href":"https:\/\/puntocritico.com\/ausajpuntocritico\/wp-json\/wp\/v2\/users\/3"}],"replies":[{"embeddable":true,"href":"https:\/\/puntocritico.com\/ausajpuntocritico\/wp-json\/wp\/v2\/comments?post=1643"}],"version-history":[{"count":0,"href":"https:\/\/puntocritico.com\/ausajpuntocritico\/wp-json\/wp\/v2\/posts\/1643\/revisions"}],"wp:featuredmedia":[{"embeddable":true,"href":"https:\/\/puntocritico.com\/ausajpuntocritico\/wp-json\/wp\/v2\/media\/1646"}],"wp:attachment":[{"href":"https:\/\/puntocritico.com\/ausajpuntocritico\/wp-json\/wp\/v2\/media?parent=1643"}],"wp:term":[{"taxonomy":"category","embeddable":true,"href":"https:\/\/puntocritico.com\/ausajpuntocritico\/wp-json\/wp\/v2\/categories?post=1643"},{"taxonomy":"post_tag","embeddable":true,"href":"https:\/\/puntocritico.com\/ausajpuntocritico\/wp-json\/wp\/v2\/tags?post=1643"}],"curies":[{"name":"wp","href":"https:\/\/api.w.org\/{rel}","templated":true}]}}