{"id":1605515,"date":"2020-12-29T00:05:11","date_gmt":"2020-12-28T23:05:11","guid":{"rendered":"https:\/\/puntocritico.com\/ausajpuntocritico\/?p=1605515"},"modified":"2020-12-28T22:01:20","modified_gmt":"2020-12-28T21:01:20","slug":"el-mensaje-navideno-de-felipe-vi-y-el-precepto-mas-bello-de-nuestra-constitucion","status":"publish","type":"post","link":"https:\/\/puntocritico.com\/ausajpuntocritico\/2020\/12\/29\/el-mensaje-navideno-de-felipe-vi-y-el-precepto-mas-bello-de-nuestra-constitucion\/","title":{"rendered":"El Mensaje navide\u00f1o de Felipe VI, la Caja de Pandora y el precepto m\u00e1s bello de la Constituci\u00f3n."},"content":{"rendered":"<blockquote>\n<p style=\"text-align: center;\"><em><strong><span style=\"font-size: 18pt; color: #008000;\">\u00abLa dignidad de la persona, los derechos inviolables que le son inherentes, el libre desarrollo de la personalidad, el respeto a la ley y a los derechos de los dem\u00e1s son fundamento del orden pol\u00edtico y de la paz social\u00bb (Art\u00edculo 10, 1\u00ba de la Constituci\u00f3n Espa\u00f1ola; el precepto m\u00e1s bello).<\/span><\/strong><\/em><\/p>\n<p style=\"text-align: center;\"><span style=\"font-size: 18pt; color: #008000;\"><strong>***<\/strong><\/span><\/p>\n<div style=\"text-align: center;\" align=\"justify\"><span style=\"font-size: 14pt;\">\u00abCasi todos desean la paz y la libertad, pero son muy pocos los que tienen gran entusiasmo por las ideas, sentimientos y actos que hacen factibles esos ideales. Inversamente, casi nadie quiere la guerra o la tiran\u00eda, pero son muchos los que hallan un placer intenso en las ideas, sentimientos y actos que llevan a esas calamidades\u00bb &#8211;\u00a0<\/span><span style=\"font-size: 14pt;\">(Aldous Huxley)<\/span><\/div>\n<div align=\"justify\">\u00a0<\/div>\n<div style=\"text-align: center;\" align=\"justify\"><span style=\"font-size: 14pt; color: #008000;\">\u2666\u2666\u2666\u2666\u2666<\/span><\/div>\n<\/blockquote>\n<div align=\"justify\">\u00a0<\/div>\n<p style=\"text-align: center;\"><span style=\"font-size: 18pt; color: #008000;\"><strong><img loading=\"lazy\" decoding=\"async\" class=\"aligncenter wp-image-1605547 size-mh-magazine-content\" src=\"https:\/\/puntocritico.com\/ausajpuntocritico\/wp-content\/uploads\/2020\/12\/rey-felipe-vi-foto-leonor-678x381.jpg\" alt=\"\" width=\"678\" height=\"381\" data-id=\"1605547\" \/><\/strong><\/span><\/p>\n<p style=\"text-align: justify;\">\u00a0<\/p>\n<p style=\"text-align: justify;\"><span style=\"font-size: 14pt;\">Buenas noches, <\/span><\/p>\n<p style=\"text-align: justify;\"><span style=\"font-size: 14pt;\">Me dirijo a vosotros en esta Nochebuena cuando estamos viviendo unas circunstancias verdaderamente excepcionales debido a la pandemia.<\/span><\/p>\n<p style=\"text-align: justify;\"><span style=\"font-size: 14pt;\">Muchas familias\u00a0no os hab\u00e9is podido reunir esta noche\u00a0como ten\u00edais pensado por las medidas sanitarias; y en miles de hogares\u00a0hay un vac\u00edo imposible de llenar por el fallecimiento de vuestros seres queridos, a los que quiero ahora recordar con emoci\u00f3n y con todo respeto. Un recuerdo que llena de sentimientos muy profundos nuestros corazones. Y tambi\u00e9n, en estos momentos, muchos ciudadanos luch\u00e1is contra la enfermedad o sus secuelas en vuestras casas, en hospitales o en residencias. A todos os env\u00edo especialmente hoy mi mayor \u00e1nimo y afecto.\u00a0<\/span><\/p>\n<p style=\"text-align: justify;\"><span style=\"font-size: 14pt;\">2020 ha sido un a\u00f1o muy duro y dif\u00edcil. El virus ha irrumpido en nuestras vidas trayendo sufrimiento, tristeza o temor; ha alterado nuestra manera de vivir y trabajar, y ha afectado gravemente a nuestra econom\u00eda, incluso paralizando o destruyendo muchas empresas.<\/span><\/p>\n<p style=\"text-align: justify;\"><span style=\"font-size: 14pt;\">Muchos ciudadanos y familias viv\u00eds la\u00a0angustia\u00a0del desempleo o la precariedad; la angustia de apenas llegar a cubrir las necesidades b\u00e1sicas; o sent\u00eds la tristeza de tener que abandonar un negocio al que hab\u00e9is dedicado vuestra vida. Por todo ello es l\u00f3gico y comprensible que\u00a0el des\u00e1nimo o la desconfianza\u00a0est\u00e9n muy presentes en tantos hogares.<\/span><\/p>\n<p style=\"text-align: justify;\"><span style=\"font-size: 14pt;\">Y sin embargo, la respuesta a una crisis tan seria como la que estamos viviendo no puede venir de la mano de m\u00e1s des\u00e1nimo o de m\u00e1s desconfianza. La situaci\u00f3n es grave. Pero, a\u00fan as\u00ed, tenemos que\u00a0afrontar el futuro con determinaci\u00f3n y seguridad en nosotros mismos, en lo que somos capaces de hacer unidos, con \u00e1nimo y esperanza; con confianza en nuestro pa\u00eds y en nuestro modelo de convivencia democr\u00e1tica.<\/span><\/p>\n<p style=\"text-align: justify;\"><span style=\"font-size: 14pt;\">Tenemos motivos para ello; porque a lo largo de las \u00faltimas d\u00e9cadas, ante dificultades tambi\u00e9n graves, siempre\u00a0hemos sido capaces de superarlas. Y esta situaci\u00f3n que estamos viviendo no va a ser distinta de las dem\u00e1s; porque ni el virus ni la crisis econ\u00f3mica nos van a doblegar.<\/span><\/p>\n<p style=\"text-align: justify;\"><span style=\"font-size: 14pt;\">Sobre la\u00a0situaci\u00f3n sanitaria, es claro que la superaci\u00f3n de esta enfermedad llegar\u00e1 gracias a la ciencia y a la investigaci\u00f3n. Los nuevos tratamientos contra el virus y el\u00a0desarrollo de las vacunas que est\u00e1n en marcha\u00a0nos ofrecen ya una gran esperanza. Pero, mientras tanto, tenemos mucho que hacer.<\/span><\/p>\n<p>&nbsp;<\/p>\n<p style=\"text-align: center;\"><span style=\"color: #008000;\"><strong><span style=\"font-size: 14pt;\">\u00abLa\u00a0responsabilidad individual\u00a0sigue siendo imprescindible y es un instrumento efectivo de lucha contra el virus\u00bb<\/span><\/strong><\/span><\/p>\n<p>&nbsp;<\/p>\n<p style=\"text-align: justify;\"><span style=\"font-size: 14pt;\">La\u00a0responsabilidad individual\u00a0sigue siendo imprescindible y es un instrumento efectivo de lucha contra el virus. Por ello es tan importante mantenernos prevenidos y no bajar la guardia.<\/span><\/p>\n<p style=\"text-align: justify;\"><span style=\"font-size: 14pt;\">A los sanitarios les damos una vez m\u00e1s las\u00a0gracias por su enorme esfuerzo, su extraordinaria profesionalidad y su gran humanidad con los enfermos. Hicieron frente a los primeros embates del virus en situaciones extremas y tambi\u00e9n de desbordamiento en algunos de nuestros hospitales. Hoy siguen afrontando esta lucha con una gran carga emocional y f\u00edsica sobre sus espaldas. Les pedimos que mantengan todo el \u00e1nimo y toda la fortaleza y que sigan cuidando de nuestra salud.<\/span><\/p>\n<p style=\"text-align: justify;\"><span style=\"font-size: 14pt;\">El otro gran problema y reto es la\u00a0crisis econ\u00f3mica\u00a0y evitar, sobre todo, que derive en una crisis social. Cada persona importa y mucho. Por tanto, las personas y las familias deben ser nuestra preocupaci\u00f3n fundamental. Especialmente nuestros j\u00f3venes; su nivel de desempleo es alt\u00edsimo, y no pueden ser los perdedores de esta situaci\u00f3n. Nuestra juventud merece tener la formaci\u00f3n m\u00e1s adecuada, crecer personal y profesionalmente, y poder llevar a cabo sus proyectos. Espa\u00f1a no puede permitirse una generaci\u00f3n perdida.<\/span><\/p>\n<p>&nbsp;<\/p>\n<p style=\"text-align: center;\"><span style=\"color: #008000;\"><strong><span style=\"font-size: 14pt;\">\u00abProteger a los m\u00e1s vulnerables y luchar contra las desigualdades\u00a0que la pandemia ha creado o ha agravado es una cuesti\u00f3n de dignidad entre quienes formamos una misma comunidad pol\u00edtica\u00bb<\/span><\/strong><\/span><\/p>\n<p>&nbsp;<\/p>\n<p style=\"text-align: justify;\"><span style=\"font-size: 14pt;\">Proteger a los m\u00e1s vulnerables y luchar contra las desigualdades\u00a0que la pandemia ha creado o ha agravado es una cuesti\u00f3n de dignidad entre quienes formamos una misma comunidad pol\u00edtica. Pero tambi\u00e9n ser\u00e1 fundamental recuperar nuestra econom\u00eda.<\/span><\/p>\n<p style=\"text-align: justify;\"><span style=\"font-size: 14pt;\">Y para ello es decisivo fortalecer el tejido empresarial y productivo, industrial y de servicios. El reconocimiento y el apoyo a nuestras empresas, la protecci\u00f3n a nuestros aut\u00f3nomos y comerciantes, tan golpeados estos meses, ser\u00e1 imprescindible para crear empleo, ese empleo que tanto necesita nuestro pa\u00eds. Necesitamos, por tanto, consolidar las bases que nos den un horizonte claro de impulso, estabilidad y confianza econ\u00f3mica, que anime la inversi\u00f3n y la creaci\u00f3n de puestos de trabajo.<\/span><\/p>\n<p style=\"text-align: justify;\"><span style=\"font-size: 14pt;\">Los retos sanitarios, econ\u00f3micos y sociales a los que nos enfrentamos son, por tanto, grandes\u2026\u00a0enormes, pero no insalvables. Superarlos constituye un\u00a0gran objetivo nacional que a todos nos debe de unir; que, como ciudadanos, nos compromete y nos obliga a todos; con nosotros mismos, con los dem\u00e1s y con nuestro pa\u00eds.<\/span><\/p>\n<p style=\"text-align: justify;\"><span style=\"font-size: 14pt;\">Y ello requiere un gran esfuerzo colectivo, un gran esfuerzo en el que cada uno siga dando lo mejor de s\u00ed mismo en funci\u00f3n de sus responsabilidades y en la medida de sus capacidades.<\/span><\/p>\n<p style=\"text-align: justify;\"><span style=\"font-size: 14pt;\">Para ese gran esfuerzo nacional contamos en primer lugar con lo m\u00e1s importante: con las personas; con el\u00a0ejemplo de miles de ciudadanos\u00a0que han puesto su trabajo al servicio de los dem\u00e1s, que han vivido estos \u00faltimos meses con abnegaci\u00f3n, compromiso y una gran generosidad. Personas que estimulan nuestro \u00e1nimo de superaci\u00f3n y de las que debemos sentirnos justamente orgullosos.<\/span><\/p>\n<p>&nbsp;<\/p>\n<p style=\"text-align: center; padding-left: 40px;\"><strong><span style=\"font-size: 14pt; color: #008000;\">\u00abTodo eso lo hemos comprobado personalmente la Reina y yo durante este tiempo. En el campo y en la mar; en los pueblos y en las ciudades; en los mercados, en las f\u00e1bricas hemos visto el coraje y el nervio de este pa\u00eds\u00bb<\/span><\/strong><\/p>\n<p>&nbsp;<\/p>\n<p style=\"text-align: justify;\"><span style=\"font-size: 14pt;\">Todo eso lo hemos comprobado personalmente la Reina y yo durante este tiempo. En el campo y en la mar; en los pueblos y en las ciudades; en los mercados, en las f\u00e1bricas hemos visto el coraje y el nervio de este pa\u00eds. Hemos sentido el pulso de nuestra sociedad que, pese a todo, ha mantenido a Espa\u00f1a en pie.<\/span><\/p>\n<p style=\"text-align: justify;\"><span style=\"font-size: 14pt;\">Los dos tenemos en nuestra memoria la imagen viva de esos miles de ciudadanos que representan a\u00a0una sociedad que se ha sentido m\u00e1s unida que nunca en su lucha y resistencia frente a una situaci\u00f3n tan adversa; una sociedad que cuenta con organizaciones solidarias y eficaces para que nadie se sienta solo o desamparado; una sociedad que ha sobrellevado estos meses tan duros con entereza, responsabilidad y serenidad.<\/span><\/p>\n<p style=\"text-align: justify;\"><span style=\"font-size: 14pt;\">Contamos, por tanto, con una sociedad fuerte y\u00a0tambi\u00e9n con un Estado s\u00f3lido. Durante todo este tiempo, tanto los servicios p\u00fablicos y b\u00e1sicos, como las empresas en sectores esenciales han funcionado bien, procurando poner todos los medios a su alcance. La pandemia nos ha revelado aspectos que necesitan ser mejorados y reforzados, pero tambi\u00e9n nos muestra nuestras fortalezas como Estado avanzado. Lo hemos comprobado por ejemplo con la eficacia y entrega de nuestras Fuerzas Armadas, de nuestros Cuerpos de Seguridad, Protecci\u00f3n Civil y servicios de Emergencias, y otros muchos servidores p\u00fablicos, que han demostrado su vocaci\u00f3n de servicio y su plena sinton\u00eda con nuestra sociedad.<\/span><\/p>\n<p style=\"text-align: justify;\"><span style=\"font-size: 14pt;\">Y\u00a0Europa es tambi\u00e9n muy importante para afrontar esta crisis. Contamos con la\u00a0Uni\u00f3n Europea, que ha asumido un compromiso firme con la sostenibilidad y recuperaci\u00f3n econ\u00f3mica frente a esta pandemia. La Uni\u00f3n nos ofrece una oportunidad hist\u00f3rica para progresar y avanzar; abre una nueva \u00e9poca para que Espa\u00f1a se una en un proyecto com\u00fan para modernizar nuestra econom\u00eda; adaptar nuestras estructuras productivas a la nueva revoluci\u00f3n industrial, tecnol\u00f3gica y medioambiental que vivimos. Y asentar con ambici\u00f3n y cohesi\u00f3n nuestro papel colectivo como miembros de la UE ante el mundo.<\/span><\/p>\n<p>&nbsp;<\/p>\n<p style=\"text-align: center; padding-left: 40px;\"><strong><span style=\"font-size: 14pt; color: #008000;\">\u00abNuestra Constituci\u00f3n nos garantiza nuestro modo de entender la vida, nuestra visi\u00f3n de la sociedad y del ser humano; de su dignidad, de sus derechos y libertades. Una Constituci\u00f3n que todos tenemos el deber de respetar; y que en nuestros d\u00edas, es el fundamento de nuestra convivencia social y pol\u00edtica\u00bb<\/span><\/strong><\/p>\n<p>&nbsp;<\/p>\n<p style=\"text-align: justify;\"><span style=\"font-size: 14pt;\">Y contamos sobre todo con nuestro sistema de convivencia democr\u00e1tica. En un tiempo en el que la pandemia y sus consecuencias econ\u00f3micas y sociales provocan tanta incertidumbre, nuestra\u00a0Constituci\u00f3n\u00a0nos garantiza nuestro modo de entender la vida, nuestra visi\u00f3n de la sociedad y del ser humano; de su dignidad, de sus derechos y libertades. Una Constituci\u00f3n que todos tenemos el deber de respetar; y que en nuestros d\u00edas, es el fundamento de nuestra convivencia social y pol\u00edtica; y que representa, en nuestra historia, un \u00e9xito de y para la democracia y la libertad.<\/span><\/p>\n<p style=\"text-align: justify;\"><span style=\"font-size: 14pt;\">No olvidemos que los avances y el progreso conseguidos en democracia son el resultado del reencuentro y el pacto entre los espa\u00f1oles despu\u00e9s de un largo per\u00edodo de enfrentamientos y divisiones. Son el resultado de querer mirar juntos hacia el futuro, unidos en los valores democr\u00e1ticos; unidos en un esp\u00edritu siempre integrador, en el respeto a la pluralidad y a las diferencias, y en la capacidad de dialogar y alcanzar acuerdos. Son principios que no pierden nunca vigencia por el paso de los a\u00f1os.<\/span><\/p>\n<p style=\"text-align: justify;\"><span style=\"font-size: 14pt;\">Y junto a nuestros principios democr\u00e1ticos y el cumplimiento de las leyes necesitamos tambi\u00e9n preservar los valores \u00e9ticos que est\u00e1n en las ra\u00edces de nuestra sociedad.<\/span><\/p>\n<p style=\"text-align: justify;\">\u00a0<\/p>\n<p style=\"text-align: center;\"><strong><span style=\"font-size: 14pt; color: #008000;\">\u00abUnos principios que nos obligan a todos sin excepciones; y que est\u00e1n por encima de cualquier consideraci\u00f3n, de la naturaleza que sea, incluso de las personales o familiares\u00bb<\/span><\/strong><\/p>\n<p style=\"text-align: justify;\">\u00a0<\/p>\n<p style=\"text-align: justify;\"><span style=\"font-size: 14pt;\">Ya en 2014,\u00a0en mi Proclamaci\u00f3n ante las Cortes Generales, me refer\u00ed a\u00a0los principios morales y \u00e9ticos que los ciudadanos reclaman\u00a0de nuestras conductas. Unos principios que nos obligan a todos sin excepciones; y que est\u00e1n por encima de cualquier consideraci\u00f3n, de la naturaleza que sea, incluso de las personales o familiares.<\/span><\/p>\n<p style=\"text-align: justify;\"><span style=\"font-size: 14pt;\">As\u00ed lo he entendido siempre, en coherencia con mis convicciones, con la forma de entender mis responsabilidades como Jefe del Estado y con el esp\u00edritu renovador que inspira mi Reinado desde el primer d\u00eda.<\/span><\/p>\n<p style=\"text-align: justify;\"><span style=\"font-size: 14pt;\">Siempre he pensado que Espa\u00f1a es un pa\u00eds extraordinario, de una enorme riqueza y diversidad cultural, construido a lo largo de los siglos gracias al esfuerzo en muchas generaciones de espa\u00f1oles, y con una gran historia que ha sido, durante una \u00e9poca, la historia misma de nuestro mundo.<\/span><\/p>\n<p style=\"text-align: justify;\"><span style=\"font-size: 14pt;\">No somos un pueblo que se rinda o que se resigne en los malos tiempos. No va a ser nada f\u00e1cil superar esta situaci\u00f3n, y en cada casa lo sab\u00e9is bien. Pero yo estoy seguro de que vamos a salir adelante. Con esfuerzo, uni\u00f3n y solidaridad, Espa\u00f1a saldr\u00e1 adelante. Con todos y para todos. Y, como Rey, yo estar\u00e9 con todos y para todos, no solo porque es mi deber y mi convicci\u00f3n, sino tambi\u00e9n porque es mi compromiso con todos vosotros, con Espa\u00f1a.<\/span><\/p>\n<p style=\"text-align: justify;\"><span style=\"font-size: 14pt;\">No ser\u00e1 dif\u00edcil que el a\u00f1o 2021 mejore a este 2020. Vamos a\u00a0recuperar en lo posible la normalidad\u00a0en los lugares de trabajo, en las aulas, en las plazas y en los barrios; en los comercios, en los mercados, en los bares; en los cines, en los teatros\u2026; en la vida cotidiana que da forma al car\u00e1cter de una sociedad como la nuestra.<\/span><\/p>\n<p style=\"text-align: justify;\"><span style=\"font-size: 14pt;\">Es lo que todos queremos. Y en la seguridad de que as\u00ed ser\u00e1, la Reina, la Princesa de Asturias, la Infanta Sof\u00eda y yo os agradecemos muy sinceramente todas las muestras de afecto y apoyo que nos hab\u00e9is transmitido este a\u00f1o, y os deseamos una Feliz Navidad y todo lo mejor para un 2021 especialmente lleno de esperanza.<\/span><\/p>\n<p style=\"text-align: justify;\"><span style=\"font-size: 14pt;\">Eguberri on. Bon Nadal y Boas festas.<\/span><\/p>\n<p>&nbsp;<\/p>\n<p><img loading=\"lazy\" decoding=\"async\" class=\"aligncenter wp-image-1615459 size-mh-magazine-content\" src=\"https:\/\/puntocritico.com\/ausajpuntocritico\/wp-content\/uploads\/2020\/12\/Familia-Real-678x381.jpg\" alt=\"\" width=\"678\" height=\"381\" data-id=\"1615459\" srcset=\"https:\/\/puntocritico.com\/ausajpuntocritico\/wp-content\/uploads\/2020\/12\/Familia-Real-678x381.jpg 678w, https:\/\/puntocritico.com\/ausajpuntocritico\/wp-content\/uploads\/2020\/12\/Familia-Real-300x170.jpg 300w\" sizes=\"auto, (max-width: 678px) 100vw, 678px\" \/><\/p>\n<p style=\"text-align: center;\">\u00a0<\/p>\n<p>&nbsp;<\/p>\n<p><img loading=\"lazy\" decoding=\"async\" class=\"wp-image-48 aligncenter\" src=\"https:\/\/puntocritico.com\/ausajpuntocritico\/wp-content\/uploads\/2016\/11\/Mosca_Punto_Cr\u00edtico_40.png\" alt=\"\" width=\"80\" height=\"80\" data-id=\"48\" \/><\/p>\n<p>&nbsp;<\/p>\n<p>&nbsp;<\/p>\n","protected":false},"excerpt":{"rendered":"<div class=\"mh-excerpt\"><p>\u00abLa dignidad de la persona, los derechos inviolables que le son inherentes, el libre desarrollo de la personalidad, el respeto a la ley y a los derechos de los dem\u00e1s son fundamento del orden pol\u00edtico <a class=\"mh-excerpt-more\" href=\"https:\/\/puntocritico.com\/ausajpuntocritico\/2020\/12\/29\/el-mensaje-navideno-de-felipe-vi-y-el-precepto-mas-bello-de-nuestra-constitucion\/\" title=\"El Mensaje navide\u00f1o de Felipe VI, la Caja de Pandora y el precepto m\u00e1s bello de la Constituci\u00f3n.\">[&#8230;]<\/a><\/p>\n<\/div>","protected":false},"author":3,"featured_media":1605520,"comment_status":"open","ping_status":"closed","sticky":false,"template":"","format":"standard","meta":{"_acf_changed":false,"_exactmetrics_skip_tracking":false,"_exactmetrics_sitenote_active":false,"_exactmetrics_sitenote_note":"","_exactmetrics_sitenote_category":0,"footnotes":""},"categories":[7],"tags":[],"class_list":{"0":"post-1605515","1":"post","2":"type-post","3":"status-publish","4":"format-standard","5":"has-post-thumbnail","7":"category-politica"},"acf":[],"_links":{"self":[{"href":"https:\/\/puntocritico.com\/ausajpuntocritico\/wp-json\/wp\/v2\/posts\/1605515","targetHints":{"allow":["GET"]}}],"collection":[{"href":"https:\/\/puntocritico.com\/ausajpuntocritico\/wp-json\/wp\/v2\/posts"}],"about":[{"href":"https:\/\/puntocritico.com\/ausajpuntocritico\/wp-json\/wp\/v2\/types\/post"}],"author":[{"embeddable":true,"href":"https:\/\/puntocritico.com\/ausajpuntocritico\/wp-json\/wp\/v2\/users\/3"}],"replies":[{"embeddable":true,"href":"https:\/\/puntocritico.com\/ausajpuntocritico\/wp-json\/wp\/v2\/comments?post=1605515"}],"version-history":[{"count":0,"href":"https:\/\/puntocritico.com\/ausajpuntocritico\/wp-json\/wp\/v2\/posts\/1605515\/revisions"}],"wp:featuredmedia":[{"embeddable":true,"href":"https:\/\/puntocritico.com\/ausajpuntocritico\/wp-json\/wp\/v2\/media\/1605520"}],"wp:attachment":[{"href":"https:\/\/puntocritico.com\/ausajpuntocritico\/wp-json\/wp\/v2\/media?parent=1605515"}],"wp:term":[{"taxonomy":"category","embeddable":true,"href":"https:\/\/puntocritico.com\/ausajpuntocritico\/wp-json\/wp\/v2\/categories?post=1605515"},{"taxonomy":"post_tag","embeddable":true,"href":"https:\/\/puntocritico.com\/ausajpuntocritico\/wp-json\/wp\/v2\/tags?post=1605515"}],"curies":[{"name":"wp","href":"https:\/\/api.w.org\/{rel}","templated":true}]}}