{"id":1588757,"date":"2020-12-28T01:37:49","date_gmt":"2020-12-28T00:37:49","guid":{"rendered":"https:\/\/puntocritico.com\/ausajpuntocritico\/?p=1588757"},"modified":"2024-03-31T21:31:54","modified_gmt":"2024-03-31T19:31:54","slug":"la-virgen-de-wuhan-ance-asociacion-de-nacional-catolicos-empoderados-ha-iniciado-el-proceso-canonico-para-la-beatificacion-de-santa-isabel-de-wuhan","status":"publish","type":"post","link":"https:\/\/puntocritico.com\/ausajpuntocritico\/2020\/12\/28\/la-virgen-de-wuhan-ance-asociacion-de-nacional-catolicos-empoderados-ha-iniciado-el-proceso-canonico-para-la-beatificacion-de-santa-isabel-de-wuhan\/","title":{"rendered":"LA VIRGEN DE WUHAN. \u00abANCE\u00bb (Asociaci\u00f3n de Nacional Cat\u00f3licos Empoderados) ha Iniciado el proceso can\u00f3nico para la Beatificaci\u00f3n de Santa Isabel de Wuhan."},"content":{"rendered":"<div id=\":301\" class=\"ii gt\">\n<div id=\":454\" class=\"a3s aiL \">\n<blockquote>\n<div dir=\"ltr\"><img loading=\"lazy\" decoding=\"async\" class=\"alignnone size-full wp-image-1610157\" src=\"https:\/\/puntocritico.com\/ausajpuntocritico\/wp-content\/uploads\/2020\/12\/PicsArt_12-27-07.02.11.png\" alt=\"\" width=\"168\" height=\"229\" data-id=\"1610157\" \/><\/div>\n<\/blockquote>\n<\/div>\n<\/div>\n<blockquote>\n<div dir=\"ltr\">\n<div style=\"text-align: center;\"><strong><span style=\"font-size: 18pt;\">El Milagro de los Vampiros chinos<\/span><\/strong><\/div>\n<div><img loading=\"lazy\" decoding=\"async\" class=\"aligncenter wp-image-1610238\" src=\"https:\/\/puntocritico.com\/ausajpuntocritico\/wp-content\/uploads\/2020\/12\/PicsArt_12-27-07.09.59.png\" alt=\"\" width=\"320\" height=\"238\" data-id=\"1610238\" srcset=\"https:\/\/puntocritico.com\/ausajpuntocritico\/wp-content\/uploads\/2020\/12\/PicsArt_12-27-07.09.59.png 250w, https:\/\/puntocritico.com\/ausajpuntocritico\/wp-content\/uploads\/2020\/12\/PicsArt_12-27-07.09.59-80x60.png 80w\" sizes=\"auto, (max-width: 320px) 100vw, 320px\" \/><\/div>\n<div>\u00a0<\/div>\n<div style=\"text-align: center;\">\u00a0<\/div>\n<div style=\"text-align: justify;\"><span style=\"font-size: 14pt;\">Sin duda, se trata del Hecho Milagroso de la Virgen de Wuhan m\u00e1s conocido. Contra todas las apariencias, por intercesi\u00f3n divina, la Santa supo, desde el primer momento, que eran los Vampiros Chinos, y no los Elefantes Peque\u00f1itos asi\u00e1ticos, los que fabricaron el virus del COVID19.<\/span><\/div>\n<div>\u00a0<\/div>\n<div style=\"text-align: justify;\"><span style=\"font-size: 14pt;\">La milagrera Isabel de Wuhan supo -por divina intercesi\u00f3n, como todos admiten hoy sin asomo de duda- que <strong>Fu Manch\u00fa<\/strong> hab\u00eda sido el culpable de la creaci\u00f3n del virus en el laboratorio de Armas Bacteriol\u00f3gicas que el Gobierno Chino ha instalado -con ayuda de EEUU y la UE-, Laboratorio que opera en Wuhan, y donde investigan como pas\u00f3, precisamente, lo que pas\u00f3.<\/span><\/div>\n<div style=\"text-align: justify;\">\u00a0<\/div>\n<div style=\"text-align: justify;\"><span style=\"font-size: 14pt;\">Parec\u00eda imposible de negar la evidencia de que el virus proced\u00eda de un Murci\u00e9lago de Wuhan, pero nuestra hero\u00edna Isabel realiz\u00f3 un exorcismo a <em>Fu Manch\u00fa y a los siete Vampiros de Oro<\/em> que le asist\u00edan, desactivando la primera cepa del Virus del Partido Comunista Chino (esto es, la cepa de 2019), causante de la enfermedad del COVID19 (<strong>CO<\/strong>munist <strong>VI<\/strong>rus <strong>D<\/strong>isease, 20<strong>19<\/strong>), evitando con ello la extensi\u00f3n de la Pandemia fuera de los l\u00edmites fijados por el Gobierno al facilitar y alentar el tr\u00e1fico a\u00e9reo procedente de China a Madrid.<\/span><\/div>\n<div>\u00a0<\/div>\n<div style=\"text-align: justify;\"><span style=\"font-size: 14pt;\">Otros de su m\u00e1s conocidos Milagros son: \u00ab<strong style=\"text-align: center;\"><em>La Multiplicaci\u00f3n de las mascarillas y los barbit\u00faricos<\/em>\u00ab, \u00ab<\/strong><strong style=\"text-align: center;\"><em>Intercesi\u00f3n por los Sanitarios y los m\u00e9dicos<\/em>\u00bb o \u00ab<\/strong><strong style=\"text-align: center;\"><em>La intuici\u00f3n de la Verdad oculta all\u00e1 fuera<\/em>\u00ab.<\/strong><\/span><\/div>\n<div>\n<div dir=\"ltr\">\n<div>\u00a0<\/div>\n<div><img loading=\"lazy\" decoding=\"async\" class=\"aligncenter wp-image-1610152\" src=\"https:\/\/puntocritico.com\/ausajpuntocritico\/wp-content\/uploads\/2020\/12\/PicsArt_12-27-07.05.50.png\" alt=\"\" width=\"302\" height=\"164\" data-id=\"1610152\" \/><\/div>\n<\/div>\n<\/div>\n<\/div>\n<div>\n<div id=\":301\" class=\"ii gt\">\n<div id=\":454\" class=\"a3s aiL \">\n<div dir=\"ltr\" style=\"text-align: justify;\">\u00a0<\/div>\n<div dir=\"ltr\" style=\"text-align: center;\"><span style=\"font-size: 18pt; color: #008000;\"><strong>***<\/strong><\/span><\/div>\n<div class=\"adL\" style=\"text-align: center;\"><strong><span style=\"font-size: 18pt;\">La precognici\u00f3n de la futura Santa: inst\u00f3 a no asistir al 8 M<\/span><\/strong><\/div>\n<\/div>\n<\/div>\n<p><img loading=\"lazy\" decoding=\"async\" class=\"aligncenter wp-image-156922 size-medium\" src=\"https:\/\/puntocritico.com\/ausajpuntocritico\/wp-content\/uploads\/2020\/04\/manifestacion-8m-montero-300x200.jpg\" alt=\"\" width=\"300\" height=\"200\" data-id=\"156922\" srcset=\"https:\/\/puntocritico.com\/ausajpuntocritico\/wp-content\/uploads\/2020\/04\/manifestacion-8m-montero-300x200.jpg 300w, https:\/\/puntocritico.com\/ausajpuntocritico\/wp-content\/uploads\/2020\/04\/manifestacion-8m-montero.jpg 660w\" sizes=\"auto, (max-width: 300px) 100vw, 300px\" \/><\/p>\n<p>&nbsp;<\/p>\n<p style=\"text-align: justify;\"><span style=\"font-size: 14pt;\">Frente a la evidencia, monol\u00edticamente proclamada por el Gobierno y el Poder Judicial espa\u00f1ol, conforme a la cual, en situaci\u00f3n de riesgo por pandemia resulta hasta aconsejable asistir a manifestaciones multitudinarias, nuestra futura Santa Isabel de Wuhan inst\u00f3 a los madrile\u00f1os no asistir a un evento en el que, como se\u00f1al\u00f3 oportunamente una destacada \u00ab<em>miembra<\/em>\u00bb del Gobierno de Espa\u00f1a, que muy probablemente disfrut\u00f3 del <a href=\"https:\/\/puntocritico.com\/ausajpuntocritico\/2020\/03\/20\/coronavirus-tratamientos-farmacologicos-gilead-y-su-tratamiento-secreto-para-el-coronavirus-en-la-sanidad-publica-espanola-formulario-para-administracion-por-uso-compasivo\/\">Uso Compasivo del <strong>Redemsivir<\/strong><\/a> de inmediato, tras la \u00ab<em>mani<\/em>\u00ab; \u00ab<em>nos va la vida en ello<\/em>\u00ab, advert\u00eda.<\/span><\/p>\n<p style=\"text-align: justify;\"><span style=\"font-size: 14pt;\">De nuevo, el estado de Gracia y la resplandeciente humildad de nuestra Se\u00f1ora, le otorgaron la Inspiraci\u00f3n Divina, salv\u00edfica para muchos madrile\u00f1os.<\/span><\/p>\n<p style=\"text-align: center;\"><span style=\"font-size: 18pt; color: #008000;\"><strong>***<\/strong><\/span><\/p>\n<div><img loading=\"lazy\" decoding=\"async\" class=\"size-medium wp-image-1610241 aligncenter\" src=\"https:\/\/puntocritico.com\/ausajpuntocritico\/wp-content\/uploads\/2020\/12\/PicsArt_12-27-07.03.41-300x151.png\" alt=\"\" width=\"300\" height=\"151\" data-id=\"1610241\" srcset=\"https:\/\/puntocritico.com\/ausajpuntocritico\/wp-content\/uploads\/2020\/12\/PicsArt_12-27-07.03.41-300x151.png 300w, https:\/\/puntocritico.com\/ausajpuntocritico\/wp-content\/uploads\/2020\/12\/PicsArt_12-27-07.03.41-1024x514.png 1024w, https:\/\/puntocritico.com\/ausajpuntocritico\/wp-content\/uploads\/2020\/12\/PicsArt_12-27-07.03.41-768x386.png 768w, https:\/\/puntocritico.com\/ausajpuntocritico\/wp-content\/uploads\/2020\/12\/PicsArt_12-27-07.03.41-610x306.png 610w, https:\/\/puntocritico.com\/ausajpuntocritico\/wp-content\/uploads\/2020\/12\/PicsArt_12-27-07.03.41.png 1199w\" sizes=\"auto, (max-width: 300px) 100vw, 300px\" \/><\/div>\n<div dir=\"ltr\" style=\"text-align: justify;\">\n<div>\u00a0<\/div>\n<\/div>\n<\/div>\n<div id=\":301\" class=\"ii gt\">\n<div id=\":454\" class=\"a3s aiL \">\n<div dir=\"ltr\" style=\"text-align: center;\"><strong><span style=\"font-size: 18pt;\">La Virgen de Wuhan y el Remdesivir <\/span><\/strong><\/div>\n<div dir=\"ltr\">\u00a0<\/div>\n<div dir=\"ltr\" style=\"text-align: justify;\"><span style=\"font-size: 14pt;\"><strong>En el Milagro de la curaci\u00f3n sin <a href=\"https:\/\/puntocritico.com\/ausajpuntocritico\/2020\/04\/20\/coronavirus-remdesivir-los-primeros-resultados-arrojan-un-98-de-eficacia-entrevista-con-el-dr-tomas-segura-martin\/\" target=\"_blank\" rel=\"noopener noreferrer\">Remdesivir<\/a><\/strong>, la futura <strong>Santa Isabel de Wuhan <\/strong>condujo heroicamente la lucha contra el Coronavirus de Wuhan, distanci\u00e1ndose del Gobierno de Espa\u00f1a, que a la vez que llamaba a la poblaci\u00f3n a <a href=\"https:\/\/puntocritico.com\/ausajpuntocritico\/2020\/03\/15\/coronavirus-breves-ensayos\/\">manifestarse el 8 M<\/a>, autorizaba, por medio de la Agencia Espa\u00f1ola de Medicamentos y Productos Sanitarios (AEMyPS), el <a href=\"https:\/\/puntocritico.com\/ausajpuntocritico\/2020\/03\/20\/coronavirus-tratamientos-farmacologicos-gilead-y-su-tratamiento-secreto-para-el-coronavirus-en-la-sanidad-publica-espanola-formulario-para-administracion-por-uso-compasivo\/\">Uso Compasivo<\/a> del antiviral de Laboratorios GILEAD (si, ese GILEAD), Remdesivir , medicamento que evita tanto la extensi\u00f3n del contagio como la \u00abTormenta de Citoquinas\u00bb, responsable de los fallecimientos por la enfermedad del COVID19 (Comunist Virus Disease, 2019); <a href=\"https:\/\/puntocritico.com\/ausajpuntocritico\/2020\/03\/20\/coronavirus-tratamientos-farmacologicos-gilead-y-su-tratamiento-secreto-para-el-coronavirus-en-la-sanidad-publica-espanola-formulario-para-administracion-por-uso-compasivo\/\">Autorizaci\u00f3n de Uso Compasivo silenciada por el Gobierno<\/a>; al igual que los Ensayos Cl\u00ednicos que se estaban realizando en Espa\u00f1a, ya entonces en Fase III para COVID19, autorizados por la AEMyPS, y que as\u00ed contin\u00faan a d\u00eda de hoy, 28 de diciembre.<\/span><\/p>\n<div>\u00a0<\/div>\n<div><span style=\"font-size: 14pt;\">As\u00ed, cuando incluso su mentora, Esperanza Aguirre, contrajo la enfermedad, <strong>no necesit\u00f3 m\u00e1s que un respirador mec\u00e1nico, de los 2.000 sin utilizar que estaban a disposici\u00f3n de la Sanidad Privada<\/strong>, cuando de haber utilizado la Sanidad P\u00fablica, no hubiese podido acceder a ninguno, siendo la falta de Respiradores mec\u00e1nicos la principal causa de muerte por COVID en Madrid.\u00a0<\/span><\/div>\n<div>\u00a0<\/div>\n<div><span style=\"font-size: 14pt;\">Tal es la inspiraci\u00f3n de nuestra Santa; obra y gracia del Se\u00f1or, sin duda alguna.\u00a0<\/span><\/div>\n<\/div>\n<\/div>\n<\/div>\n<div style=\"text-align: justify;\">\n<p>&nbsp;<\/p>\n<\/div>\n<p style=\"text-align: justify;\"><a href=\"https:\/\/puntocritico.com\/ausajpuntocritico\/wp-content\/uploads\/2020\/12\/M\u00e1s-de-2.000-respiradores-de-la-sanidad-privada-sin-uso-porque-nadie-los-reclama-mientras-las-UCI-est\u00e1n-al-l\u00edmite-_-P\u00fablico.pdf\" target=\"_blank\" rel=\"noopener noreferrer\"><img loading=\"lazy\" decoding=\"async\" class=\"aligncenter wp-image-1609720\" src=\"https:\/\/puntocritico.com\/ausajpuntocritico\/wp-content\/uploads\/2020\/12\/portada-noticia-2000-respiradores-privada-300x185.jpg\" alt=\"\" width=\"420\" height=\"258\" data-id=\"1609720\" srcset=\"https:\/\/puntocritico.com\/ausajpuntocritico\/wp-content\/uploads\/2020\/12\/portada-noticia-2000-respiradores-privada-300x185.jpg 300w, https:\/\/puntocritico.com\/ausajpuntocritico\/wp-content\/uploads\/2020\/12\/portada-noticia-2000-respiradores-privada-1024x630.jpg 1024w, https:\/\/puntocritico.com\/ausajpuntocritico\/wp-content\/uploads\/2020\/12\/portada-noticia-2000-respiradores-privada-768x472.jpg 768w, https:\/\/puntocritico.com\/ausajpuntocritico\/wp-content\/uploads\/2020\/12\/portada-noticia-2000-respiradores-privada-610x375.jpg 610w, https:\/\/puntocritico.com\/ausajpuntocritico\/wp-content\/uploads\/2020\/12\/portada-noticia-2000-respiradores-privada.jpg 1237w\" sizes=\"auto, (max-width: 420px) 100vw, 420px\" \/><\/a><\/p>\n<\/blockquote>\n<p style=\"text-align: center;\"><span style=\"font-size: 14pt; color: #008000;\">\u2666\u2666\u2666\u2666\u2666<\/span><\/p>\n<p><img loading=\"lazy\" decoding=\"async\" class=\"aligncenter wp-image-1609972\" src=\"https:\/\/puntocritico.com\/ausajpuntocritico\/wp-content\/uploads\/2020\/12\/PicsArt_12-27-07.35.36-799x1024.jpg\" alt=\"\" width=\"580\" height=\"743\" data-id=\"1609972\" srcset=\"https:\/\/puntocritico.com\/ausajpuntocritico\/wp-content\/uploads\/2020\/12\/PicsArt_12-27-07.35.36-799x1024.jpg 799w, https:\/\/puntocritico.com\/ausajpuntocritico\/wp-content\/uploads\/2020\/12\/PicsArt_12-27-07.35.36-234x300.jpg 234w, https:\/\/puntocritico.com\/ausajpuntocritico\/wp-content\/uploads\/2020\/12\/PicsArt_12-27-07.35.36-768x984.jpg 768w, https:\/\/puntocritico.com\/ausajpuntocritico\/wp-content\/uploads\/2020\/12\/PicsArt_12-27-07.35.36-610x782.jpg 610w, https:\/\/puntocritico.com\/ausajpuntocritico\/wp-content\/uploads\/2020\/12\/PicsArt_12-27-07.35.36.jpg 1080w\" sizes=\"auto, (max-width: 580px) 100vw, 580px\" \/><\/p>\n<p style=\"text-align: center;\"><span style=\"font-size: 36pt;\"><strong>LA VIRGEN DE WUHAN<\/strong><\/span><\/p>\n<p>&nbsp;<\/p>\n<p style=\"text-align: center;\"><span style=\"font-size: 14pt; font-family: 'times new roman', times, serif; color: #008000;\"><em>La Asociaci\u00f3n de Nacional Cat\u00f3licos Empoderados (ANCE), ha iniciado el camino para la Beatificaci\u00f3n de Santa Isabel de Wuhan, proceso que esperan culminar con anterioridad a su fallecimiento<\/em><\/span><\/p>\n<p>&nbsp;<\/p>\n<p><img loading=\"lazy\" decoding=\"async\" class=\"alignnone size-full wp-image-1608399\" src=\"https:\/\/puntocritico.com\/ausajpuntocritico\/wp-content\/uploads\/2020\/12\/PicsArt_12-27-07.00.17.png\" alt=\"\" width=\"250\" height=\"174\" data-id=\"1608399\" \/><\/p>\n<p><img loading=\"lazy\" decoding=\"async\" class=\"aligncenter wp-image-1588836\" src=\"https:\/\/puntocritico.com\/ausajpuntocritico\/wp-content\/uploads\/2020\/12\/La-Santa-de-Wuhan-aprendiendo-a-levitar.jpg\" alt=\"\" width=\"320\" height=\"665\" data-id=\"1588836\" \/><\/p>\n<p style=\"text-align: center;\"><em><span style=\"color: #008000; font-size: 14pt;\">Retazos de la vida de Santa Isabel de Wuhan &#8211; aprendiendo a levitar<\/span><\/em><\/p>\n<p style=\"text-align: justify;\"><span style=\"font-size: 14pt;\">Nuestra futura Santa Isabel de Wuhan, bas\u00f3 su c\u00e9lebre par\u00e1bola del Vegano y el Jam\u00f3n, precisamente en este periodo de aprendizaje, d\u00f3nde un gran n\u00famero de Testigos podr\u00e1n ilustrar al Dicasterio acerca de c\u00f3mo sobrevol\u00f3 la manifestaci\u00f3n de Veganos y otras minor\u00edas, que sumadas formaban un porcentaje de la poblaci\u00f3n verdaderamente insignificante; manifestantes que gritaban su conocida reivindicaci\u00f3n: \u00ab<em><strong>Queremos comer insectos; la carne para los ricos<\/strong><\/em>\u00ab. Fue entonces cuando ante la acusaci\u00f3n progre de ser una Facha Voladora, tuvo que hacer uso del don de la Humidad que el Se\u00f1or le otorg\u00f3, para poder refrenar su Ego; proceso en el que nunca ha dejado de profundizar; bendita sea.<\/span><\/p>\n<p style=\"text-align: center;\"><span style=\"font-size: 18pt;\"><strong><span style=\"color: #008000;\">***<\/span><\/strong><\/span><\/p>\n<p style=\"text-align: justify;\"><span style=\"font-size: 14pt;\">Como paso previo a la obtenci\u00f3n de \u00a0la atribuci\u00f3n a los santos del t\u00edtulo de \u201cdoctor de la Iglesia\u201d la ANCE ha presentado el expediente de Beatificaci\u00f3n\/Santificaci\u00f3n de Isabel, conocida como la Virgen de Wuhan , ante la <strong>Congregaci\u00f3n para las Causas de los Santos<\/strong> (<em>Congregatio<\/em> <em>de Causis Sanctorum<\/em>), el dicasterio responsable de todo lo relacionado con el procedimiento que conduce a la beatificaci\u00f3n y canonizaci\u00f3n de los \u00ab<strong><em>Siervos de Dios<\/em><\/strong>\u00ab, a fin de que pueda examinar su vida y escuchar testimonios de quienes le han conocido, y as\u00ed comprobar la realidad de sus virtudes heroicas, as\u00ed como que nada hay en sus escritos contrario a la fe de la Iglesia, y comprobar que a su intercesi\u00f3n se pueden atribuir hechos milagrosos.<\/span><\/p>\n<p>&nbsp;<\/p>\n<p><img loading=\"lazy\" decoding=\"async\" class=\"aligncenter wp-image-1588839 size-mh-magazine-content\" src=\"https:\/\/puntocritico.com\/ausajpuntocritico\/wp-content\/uploads\/2020\/12\/Mirando-al-cielo-Santa-Isabel-de-Wuhan-678x381.jpg\" alt=\"\" width=\"678\" height=\"381\" data-id=\"1588839\" srcset=\"https:\/\/puntocritico.com\/ausajpuntocritico\/wp-content\/uploads\/2020\/12\/Mirando-al-cielo-Santa-Isabel-de-Wuhan-678x381.jpg 678w, https:\/\/puntocritico.com\/ausajpuntocritico\/wp-content\/uploads\/2020\/12\/Mirando-al-cielo-Santa-Isabel-de-Wuhan-300x169.jpg 300w, https:\/\/puntocritico.com\/ausajpuntocritico\/wp-content\/uploads\/2020\/12\/Mirando-al-cielo-Santa-Isabel-de-Wuhan-1024x575.jpg 1024w, https:\/\/puntocritico.com\/ausajpuntocritico\/wp-content\/uploads\/2020\/12\/Mirando-al-cielo-Santa-Isabel-de-Wuhan-768x431.jpg 768w, https:\/\/puntocritico.com\/ausajpuntocritico\/wp-content\/uploads\/2020\/12\/Mirando-al-cielo-Santa-Isabel-de-Wuhan-610x343.jpg 610w, https:\/\/puntocritico.com\/ausajpuntocritico\/wp-content\/uploads\/2020\/12\/Mirando-al-cielo-Santa-Isabel-de-Wuhan.jpg 1200w\" sizes=\"auto, (max-width: 678px) 100vw, 678px\" \/><\/p>\n<p style=\"text-align: center;\"><em><span style=\"color: #008000; font-size: 14pt;\">La futura Santa Isabel de Wuhan, orando en busca de la Iluminaci\u00f3n<\/span><\/em><\/p>\n<p style=\"text-align: justify;\"><span style=\"font-size: 14pt;\">Iluminaci\u00f3n que, como todos sabemos, le ser\u00eda otorgada, por la Gracia de Dios, y mediante la cual pudo conocer al \u00c1ngel Marcelo, Protector del PP.<\/span><\/p>\n<p>&nbsp;<\/p>\n<p style=\"text-align: center;\"><span style=\"color: #008000;\"><strong><span style=\"font-size: 18pt;\">***<\/span><\/strong><\/span><\/p>\n<p style=\"text-align: justify;\"><span style=\"font-size: 14pt;\">Conf\u00eda la Directiva de ANCE en la \u201cNueva Pol\u00edtica Vaticana\u201d, para lograr la modificaci\u00f3n de las <strong>Normas para la Canonizaci\u00f3n de los Santos<\/strong>, profundamente reformadas bajo el pontificado de <strong>Juan Pablo II<\/strong> con la constituci\u00f3n apost\u00f3lica \u201c<em>Divinus perfectionis magister<\/em>\u201d, del 25 de enero de 1983, y obtener la Dispensa papal del requisito de la muerte del \u201csiervo de dios\u201d para iniciar el proceso de Beatificaci\u00f3n, y a la vez, de Santificaci\u00f3n de la actual Presidenta de la CA de Madrid. Habiendo visitado ya a sus 34 miembros (<em>N del A.: en la Congregaci\u00f3n no hay miembras<\/em>), as\u00ed como al actual Prefecto, el Cardenal <strong>Marcello Semeraro<\/strong>, quien es tambi\u00e9n miembro del Dicasterio para la comunicaci\u00f3n, lo que le\u00a0 une especialmente a la futura Santa Isabel de Wuhan, \u00ab<em>estudiada<\/em>\u00bb en m\u00e1rketing, todo ello, conforme a la indicaci\u00f3n recibida del Nuncio Apost\u00f3lico (\u00ab<em>En el Vaticano, todas\u00a0 las autoridades, no solo pueden, sino que deben, aceptar regalos<\/em>\u00ab), la Junta Directiva de ANCE espera una resoluci\u00f3n favorable al reconocimiento de la santidad de quien ya es conocida como la Musa de la Nueva Pol\u00edtica Vaticana, por su activismo contra el <strong>Homomatriarcado<\/strong> que \u00ab<em>asola<\/em>\u00ab, en palabras de la futura Santa, la civilizaci\u00f3n europea contempor\u00e1nea.<\/span><\/p>\n<p>&nbsp;<\/p>\n<p><img loading=\"lazy\" decoding=\"async\" class=\"aligncenter wp-image-1588843 size-mh-magazine-content\" src=\"https:\/\/puntocritico.com\/ausajpuntocritico\/wp-content\/uploads\/2020\/12\/Proyecto-de-Capilla-del-Hospital-Isabel-zendal-Bolsa-Madrid-678x381.jpg\" alt=\"\" width=\"678\" height=\"381\" data-id=\"1588843\" srcset=\"https:\/\/puntocritico.com\/ausajpuntocritico\/wp-content\/uploads\/2020\/12\/Proyecto-de-Capilla-del-Hospital-Isabel-zendal-Bolsa-Madrid-678x381.jpg 678w, https:\/\/puntocritico.com\/ausajpuntocritico\/wp-content\/uploads\/2020\/12\/Proyecto-de-Capilla-del-Hospital-Isabel-zendal-Bolsa-Madrid-300x169.jpg 300w, https:\/\/puntocritico.com\/ausajpuntocritico\/wp-content\/uploads\/2020\/12\/Proyecto-de-Capilla-del-Hospital-Isabel-zendal-Bolsa-Madrid-1024x576.jpg 1024w, https:\/\/puntocritico.com\/ausajpuntocritico\/wp-content\/uploads\/2020\/12\/Proyecto-de-Capilla-del-Hospital-Isabel-zendal-Bolsa-Madrid-768x432.jpg 768w, https:\/\/puntocritico.com\/ausajpuntocritico\/wp-content\/uploads\/2020\/12\/Proyecto-de-Capilla-del-Hospital-Isabel-zendal-Bolsa-Madrid-610x343.jpg 610w, https:\/\/puntocritico.com\/ausajpuntocritico\/wp-content\/uploads\/2020\/12\/Proyecto-de-Capilla-del-Hospital-Isabel-zendal-Bolsa-Madrid.jpg 1200w\" sizes=\"auto, (max-width: 678px) 100vw, 678px\" \/><\/p>\n<p style=\"text-align: center;\"><em><span style=\"color: #008000; font-size: 14pt;\">Capilla preparada para el culto a Santa Isabel de Wuhan<\/span><\/em><\/p>\n<p>&nbsp;<\/p>\n<p style=\"text-align: justify;\"><span style=\"font-size: 14pt;\">La futura Santa Isabel de Wuhan, beata y feliz, acredita su amor del sufrimiento. No rechaza el placer, pues no es malo en s\u00ed mismo, sino que con su sufrimiento purifica el amor propio de Dios. Sufre y se regocija, pues ha sido liberada del ego\u00edsmo, conforme a la voluntad de Dios.<\/span><\/p>\n<p style=\"text-align: justify;\"><span style=\"font-size: 14pt;\">Sobre su Humildad y pobreza, nos ilustra su permanente rechazo a cualesquiera operaciones matem\u00e1ticas, salvo las sumas de dos d\u00edgitos. \u00abPerjudican al esp\u00edritu\u00bb, se\u00f1al\u00f3 nuestra hero\u00edna en la santidad.<\/span><\/p>\n<p style=\"text-align: justify;\"><span style=\"font-size: 14pt;\">Es, justamente, su perfecto valent\u00eda, sin duda obra del Esp\u00edritu Santo, la que ocasiona a ANCE el fundado temor de que la actividad en contra del <strong>Homomatriarcado<\/strong> desplegada por nuestra Virgen de Wuhan, no resulte del agrado del Papa Negro (<em>el Papa Francisco, como General de las milicias jesuitas<\/em>). Ello resulta compensado por el agrado que su activismo produce al Papa Blanco (<em>el mismo Papa Francisco, como General en Jefe de la Guardia Suiza<\/em>).<\/span><\/p>\n<p style=\"text-align: justify;\"><span style=\"font-size: 14pt;\">\u00ab<em><strong>Papa Negro, Papa Blanco, que m\u00e1s da; lo importante es que cace millones<\/strong><\/em>\u00ab, declar\u00f3 la Milagrera madrile\u00f1a.<\/span><\/p>\n<p><img loading=\"lazy\" decoding=\"async\" class=\"size-full wp-image-1610151 alignright\" src=\"https:\/\/puntocritico.com\/ausajpuntocritico\/wp-content\/uploads\/2020\/12\/PicsArt_12-27-07.07.28.png\" alt=\"\" width=\"168\" height=\"122\" data-id=\"1610151\" \/><\/p>\n<p>&nbsp;<\/p>\n<p>&nbsp;<\/p>\n<p>&nbsp;<\/p>\n<p>&nbsp;<\/p>\n<p style=\"text-align: center;\"><span style=\"font-size: 18pt; background-color: #ccffcc;\">LOS INICIOS\u00a0<\/span><\/p>\n<p>&nbsp;<\/p>\n<p><img loading=\"lazy\" decoding=\"async\" class=\"aligncenter wp-image-1588991 size-mh-magazine-content\" src=\"https:\/\/puntocritico.com\/ausajpuntocritico\/wp-content\/uploads\/2020\/12\/isabel-diaz-ayuso-y-esperanza-aguirre-festejando-el-\u00e9xito-electoral-de-PECAS-678x381.jpg\" alt=\"\" width=\"678\" height=\"381\" data-id=\"1588991\" \/><\/p>\n<p style=\"text-align: center;\"><em><span style=\"color: #008000; font-size: 14pt;\">Isabel D\u00edaz Ayuso y Esperanza Aguirre celebrando el \u00e9xito de las cuentas de PECAS<\/span><\/em><\/p>\n<p style=\"text-align: justify;\"><span style=\"font-size: 14pt;\">En la vida de la Santa de Wuhan los animales poseen una especial importancia, que le acerca a San Francisco de As\u00eds. Y el Se\u00f1or compensar\u00eda sus desvelos en el devenir de su carrera terrenal.<\/span><\/p>\n<p style=\"text-align: justify;\"><span style=\"font-size: 14pt;\">\u00ab<em>Dejad que los perros se acerquen a Pecas<\/em>\u00ab, es lo que sol\u00eda cantar mientras hac\u00eda \u00ab<em>Likes<\/em>\u00bb como si fuesen \u00ab<em>Guaus<\/em>\u00ab.<\/span><\/p>\n<p style=\"text-align: center;\"><span style=\"color: #008000;\"><strong><span style=\"font-size: 18pt;\">***<\/span><\/strong><\/span><\/p>\n<p><img loading=\"lazy\" decoding=\"async\" class=\"aligncenter wp-image-1588990\" src=\"https:\/\/puntocritico.com\/ausajpuntocritico\/wp-content\/uploads\/2020\/12\/Tuiter-de-Pecas-por-Santa-Isabel-W.jpg\" alt=\"\" width=\"480\" height=\"269\" data-id=\"1588990\" \/><\/p>\n<p>&nbsp;<\/p>\n<p>&nbsp;<\/p>\n<p><img loading=\"lazy\" decoding=\"async\" class=\"aligncenter wp-image-1588987\" src=\"https:\/\/puntocritico.com\/ausajpuntocritico\/wp-content\/uploads\/2020\/12\/Santa-Isabel-de-Wuhan-Primeros-pasos-en-m\u00e1rketing-pol\u00edtico-la-compleja-gesti\u00f3n-de-la-Redes-Sociales-del-perrito-PECAS.jpg\" alt=\"\" width=\"460\" height=\"258\" data-id=\"1588987\" \/><\/p>\n<p>&nbsp;<\/p>\n<p>&nbsp;<\/p>\n<p><img loading=\"lazy\" decoding=\"async\" class=\"wp-image-1589056 size-mh-magazine-content aligncenter\" src=\"https:\/\/puntocritico.com\/ausajpuntocritico\/wp-content\/uploads\/2020\/12\/Abacal-Aguirre-y-Gallard\u00f3n-otros-beatos-que-surgieron-del-fr\u00eda-de-la-dictadura-las-tinieblas-e-78-678x381.jpg\" alt=\"\" width=\"678\" height=\"381\" data-id=\"1589056\" srcset=\"https:\/\/puntocritico.com\/ausajpuntocritico\/wp-content\/uploads\/2020\/12\/Abacal-Aguirre-y-Gallard\u00f3n-otros-beatos-que-surgieron-del-fr\u00eda-de-la-dictadura-las-tinieblas-e-78-678x381.jpg 678w, https:\/\/puntocritico.com\/ausajpuntocritico\/wp-content\/uploads\/2020\/12\/Abacal-Aguirre-y-Gallard\u00f3n-otros-beatos-que-surgieron-del-fr\u00eda-de-la-dictadura-las-tinieblas-e-78-300x170.jpg 300w\" sizes=\"auto, (max-width: 678px) 100vw, 678px\" \/><\/p>\n<p style=\"text-align: center;\"><em><span style=\"color: #008000; font-size: 14pt;\">Abascal, Aguirre y Gallard\u00f3n &#8211; otros futuros beatos que surgieron del fr\u00eda de la dictadura y las tinieblas del R\u00e9gimen del 78<\/span><\/em><\/p>\n<p>&nbsp;<\/p>\n<p>&nbsp;<\/p>\n<p><img loading=\"lazy\" decoding=\"async\" class=\"aligncenter wp-image-1589053 size-mh-magazine-content\" src=\"https:\/\/puntocritico.com\/ausajpuntocritico\/wp-content\/uploads\/2020\/12\/El-recedente-milagrero-Santiago-y-cierra-Espa\u00f1a-a-caballo-de-los-80.000-euritos-anuales-afanados-por-la-C\u00f3lera-de-Dios-para-dar-Vox-al-Neo-Nacional-Catolicismo-patrio-678x381.jpg\" alt=\"\" width=\"678\" height=\"381\" data-id=\"1589053\" srcset=\"https:\/\/puntocritico.com\/ausajpuntocritico\/wp-content\/uploads\/2020\/12\/El-recedente-milagrero-Santiago-y-cierra-Espa\u00f1a-a-caballo-de-los-80.000-euritos-anuales-afanados-por-la-C\u00f3lera-de-Dios-para-dar-Vox-al-Neo-Nacional-Catolicismo-patrio-678x381.jpg 678w, https:\/\/puntocritico.com\/ausajpuntocritico\/wp-content\/uploads\/2020\/12\/El-recedente-milagrero-Santiago-y-cierra-Espa\u00f1a-a-caballo-de-los-80.000-euritos-anuales-afanados-por-la-C\u00f3lera-de-Dios-para-dar-Vox-al-Neo-Nacional-Catolicismo-patrio-300x169.jpg 300w, https:\/\/puntocritico.com\/ausajpuntocritico\/wp-content\/uploads\/2020\/12\/El-recedente-milagrero-Santiago-y-cierra-Espa\u00f1a-a-caballo-de-los-80.000-euritos-anuales-afanados-por-la-C\u00f3lera-de-Dios-para-dar-Vox-al-Neo-Nacional-Catolicismo-patrio-768x432.jpg 768w, https:\/\/puntocritico.com\/ausajpuntocritico\/wp-content\/uploads\/2020\/12\/El-recedente-milagrero-Santiago-y-cierra-Espa\u00f1a-a-caballo-de-los-80.000-euritos-anuales-afanados-por-la-C\u00f3lera-de-Dios-para-dar-Vox-al-Neo-Nacional-Catolicismo-patrio-610x343.jpg 610w, https:\/\/puntocritico.com\/ausajpuntocritico\/wp-content\/uploads\/2020\/12\/El-recedente-milagrero-Santiago-y-cierra-Espa\u00f1a-a-caballo-de-los-80.000-euritos-anuales-afanados-por-la-C\u00f3lera-de-Dios-para-dar-Vox-al-Neo-Nacional-Catolicismo-patrio.jpg 1024w\" sizes=\"auto, (max-width: 678px) 100vw, 678px\" \/><\/p>\n<p style=\"text-align: center;\"><span style=\"font-size: 14pt;\"><em><span style=\"color: #008000;\">Santiago cierra Espa\u00f1a &#8211; Precedente milagrero del entorno de Aguirre, la c\u00f3lera Nacional Cat\u00f3lica<\/span><\/em><\/span><\/p>\n<p style=\"text-align: center;\"><strong><span style=\"font-size: 18pt;\">***<\/span><\/strong><\/p>\n<p><img loading=\"lazy\" decoding=\"async\" class=\"size-medium wp-image-1610241 alignleft\" src=\"https:\/\/puntocritico.com\/ausajpuntocritico\/wp-content\/uploads\/2020\/12\/PicsArt_12-27-07.03.41-300x151.png\" alt=\"\" width=\"300\" height=\"151\" data-id=\"1610241\" srcset=\"https:\/\/puntocritico.com\/ausajpuntocritico\/wp-content\/uploads\/2020\/12\/PicsArt_12-27-07.03.41-300x151.png 300w, https:\/\/puntocritico.com\/ausajpuntocritico\/wp-content\/uploads\/2020\/12\/PicsArt_12-27-07.03.41-1024x514.png 1024w, https:\/\/puntocritico.com\/ausajpuntocritico\/wp-content\/uploads\/2020\/12\/PicsArt_12-27-07.03.41-768x386.png 768w, https:\/\/puntocritico.com\/ausajpuntocritico\/wp-content\/uploads\/2020\/12\/PicsArt_12-27-07.03.41-610x306.png 610w, https:\/\/puntocritico.com\/ausajpuntocritico\/wp-content\/uploads\/2020\/12\/PicsArt_12-27-07.03.41.png 1199w\" sizes=\"auto, (max-width: 300px) 100vw, 300px\" \/><\/p>\n<p>&nbsp;<\/p>\n<p>&nbsp;<\/p>\n<p>&nbsp;<\/p>\n<p>&nbsp;<\/p>\n<p>&nbsp;<\/p>\n<p style=\"text-align: center;\"><span style=\"font-size: 18pt; background-color: #ccffcc;\">EL MAUSOLEO<\/span><\/p>\n<p style=\"text-align: center;\"><span style=\"color: #008000; font-size: 18pt;\"><em>Las obras del Templo dedicado a la futura Santa Isabel de Wuhan. FERROVIAL, las manos (y el bolsillo) de la obra de Dios.<\/em><\/span><\/p>\n<p>&nbsp;<\/p>\n<p><img loading=\"lazy\" decoding=\"async\" class=\"wp-image-1588846 size-mh-magazine-content aligncenter\" title=\"Plano del t\u00famulo mortuorio de Santa Isabel de Wuhan\" src=\"https:\/\/puntocritico.com\/ausajpuntocritico\/wp-content\/uploads\/2020\/12\/plano-del-nuevo-hospital-isabel-zendal.-clic-para-ampliar-678x381.jpg\" alt=\"\" width=\"678\" height=\"381\" data-id=\"1588846\" srcset=\"https:\/\/puntocritico.com\/ausajpuntocritico\/wp-content\/uploads\/2020\/12\/plano-del-nuevo-hospital-isabel-zendal.-clic-para-ampliar-678x381.jpg 678w, https:\/\/puntocritico.com\/ausajpuntocritico\/wp-content\/uploads\/2020\/12\/plano-del-nuevo-hospital-isabel-zendal.-clic-para-ampliar-300x169.jpg 300w, https:\/\/puntocritico.com\/ausajpuntocritico\/wp-content\/uploads\/2020\/12\/plano-del-nuevo-hospital-isabel-zendal.-clic-para-ampliar-1024x576.jpg 1024w, https:\/\/puntocritico.com\/ausajpuntocritico\/wp-content\/uploads\/2020\/12\/plano-del-nuevo-hospital-isabel-zendal.-clic-para-ampliar-768x432.jpg 768w, https:\/\/puntocritico.com\/ausajpuntocritico\/wp-content\/uploads\/2020\/12\/plano-del-nuevo-hospital-isabel-zendal.-clic-para-ampliar-610x343.jpg 610w, https:\/\/puntocritico.com\/ausajpuntocritico\/wp-content\/uploads\/2020\/12\/plano-del-nuevo-hospital-isabel-zendal.-clic-para-ampliar.jpg 1200w\" sizes=\"auto, (max-width: 678px) 100vw, 678px\" \/><\/p>\n<p style=\"text-align: center;\"><em><span style=\"color: #008000; font-size: 14pt;\">Plano del t\u00famulo de Santa Isabel de Wuhan<\/span><\/em><\/p>\n<p>&nbsp;<\/p>\n<p><img loading=\"lazy\" decoding=\"async\" class=\"aligncenter wp-image-1588883\" src=\"https:\/\/puntocritico.com\/ausajpuntocritico\/wp-content\/uploads\/2020\/12\/Obras-del-t\u00famulo-mortuorio-de-la-Virgen-de-Wuham.jpg\" alt=\"\" width=\"480\" height=\"196\" data-id=\"1588883\" srcset=\"https:\/\/puntocritico.com\/ausajpuntocritico\/wp-content\/uploads\/2020\/12\/Obras-del-t\u00famulo-mortuorio-de-la-Virgen-de-Wuham.jpg 351w, https:\/\/puntocritico.com\/ausajpuntocritico\/wp-content\/uploads\/2020\/12\/Obras-del-t\u00famulo-mortuorio-de-la-Virgen-de-Wuham-300x122.jpg 300w\" sizes=\"auto, (max-width: 480px) 100vw, 480px\" \/><\/p>\n<p style=\"text-align: center;\"><em><span style=\"color: #008000; font-size: 14pt;\">Planta del Templo, donde se aprecia ya el inicio de la construcci\u00f3n del t\u00famulo de Santa Isabel de Wuhan<\/span><\/em><\/p>\n<p>&nbsp;<\/p>\n<p><img loading=\"lazy\" decoding=\"async\" class=\"aligncenter wp-image-1588847 size-full\" src=\"https:\/\/puntocritico.com\/ausajpuntocritico\/wp-content\/uploads\/2020\/12\/Snta-Isabel-de-Wuhan-orando.jpg\" alt=\"\" width=\"512\" height=\"341\" data-id=\"1588847\" srcset=\"https:\/\/puntocritico.com\/ausajpuntocritico\/wp-content\/uploads\/2020\/12\/Snta-Isabel-de-Wuhan-orando.jpg 512w, https:\/\/puntocritico.com\/ausajpuntocritico\/wp-content\/uploads\/2020\/12\/Snta-Isabel-de-Wuhan-orando-300x200.jpg 300w\" sizes=\"auto, (max-width: 512px) 100vw, 512px\" \/><\/p>\n<p style=\"text-align: center;\"><span style=\"font-size: 14pt;\"><em><span style=\"color: #008000;\">Isabel de Wuhan rezando al \u00c1ngel Marcelo, el milagrero del p\u00e1rking<\/span><\/em><\/span><\/p>\n<p style=\"text-align: center;\"><span style=\"color: #008000;\"><strong><span style=\"font-size: 18pt;\">***<\/span><\/strong><\/span><\/p>\n<p><img loading=\"lazy\" decoding=\"async\" class=\"aligncenter wp-image-1588850\" src=\"https:\/\/puntocritico.com\/ausajpuntocritico\/wp-content\/uploads\/2020\/12\/Detalle-de-los-fieles-culto-de-la-Virgen-de-Wuhan.jpg\" alt=\"\" width=\"470\" height=\"269\" data-id=\"1588850\" \/><\/p>\n<p style=\"text-align: center;\"><span style=\"font-size: 14pt;\"><em><span style=\"color: #008000;\">Saludo a los lectores de los fieles al culto de Santa Isabel de Wuhan<\/span><\/em><\/span><\/p>\n<p style=\"text-align: center;\"><span style=\"font-size: 14pt; color: #008000;\">\u2666\u2666\u2666\u2666\u2666<\/span><\/p>\n<p style=\"text-align: center;\"><img loading=\"lazy\" decoding=\"async\" class=\"alignnone size-medium wp-image-1610246 alignright\" src=\"https:\/\/puntocritico.com\/ausajpuntocritico\/wp-content\/uploads\/2020\/12\/PicsArt_12-27-07.04.40-250x300.png\" alt=\"\" width=\"250\" height=\"300\" data-id=\"1610246\" srcset=\"https:\/\/puntocritico.com\/ausajpuntocritico\/wp-content\/uploads\/2020\/12\/PicsArt_12-27-07.04.40-250x300.png 250w, https:\/\/puntocritico.com\/ausajpuntocritico\/wp-content\/uploads\/2020\/12\/PicsArt_12-27-07.04.40.png 499w\" sizes=\"auto, (max-width: 250px) 100vw, 250px\" \/><\/p>\n<p>&nbsp;<\/p>\n<p>&nbsp;<\/p>\n<p>&nbsp;<\/p>\n<p>&nbsp;<\/p>\n<p>&nbsp;<\/p>\n<p>&nbsp;<\/p>\n<p>&nbsp;<\/p>\n<p>&nbsp;<\/p>\n<p>&nbsp;<\/p>\n<p><img loading=\"lazy\" decoding=\"async\" class=\"aligncenter size-full wp-image-1615387\" src=\"https:\/\/puntocritico.com\/ausajpuntocritico\/wp-content\/uploads\/2020\/12\/D\u00eda-de-los-Santos-Inocentes-2.jpg\" alt=\"\" width=\"448\" height=\"311\" data-id=\"1615387\" srcset=\"https:\/\/puntocritico.com\/ausajpuntocritico\/wp-content\/uploads\/2020\/12\/D\u00eda-de-los-Santos-Inocentes-2.jpg 448w, https:\/\/puntocritico.com\/ausajpuntocritico\/wp-content\/uploads\/2020\/12\/D\u00eda-de-los-Santos-Inocentes-2-300x208.jpg 300w\" sizes=\"auto, (max-width: 448px) 100vw, 448px\" \/><\/p>\n<p style=\"text-align: center;\"><span style=\"color: #008000;\"><strong><span style=\"font-size: 18pt;\">***<\/span><\/strong><\/span><\/p>\n<p style=\"text-align: center;\"><span style=\"font-size: 24pt;\"><strong>Francisco, de Papa Negro a Papa Blanco<\/strong><\/span><\/p>\n<p>&nbsp;<\/p>\n<p><img loading=\"lazy\" decoding=\"async\" class=\"aligncenter wp-image-1610895\" src=\"https:\/\/puntocritico.com\/ausajpuntocritico\/wp-content\/uploads\/2020\/12\/Papa-francisco-300x155.jpg\" alt=\"\" width=\"590\" height=\"304\" data-id=\"1610895\" srcset=\"https:\/\/puntocritico.com\/ausajpuntocritico\/wp-content\/uploads\/2020\/12\/Papa-francisco-300x155.jpg 300w, https:\/\/puntocritico.com\/ausajpuntocritico\/wp-content\/uploads\/2020\/12\/Papa-francisco.jpg 392w\" sizes=\"auto, (max-width: 590px) 100vw, 590px\" \/><\/p>\n<h2 style=\"text-align: center;\">Los jesuitas y China, un largo camino de Matteo Ricci al papa Francisco<\/h2>\n<p style=\"text-align: center;\"><strong><em><span style=\"font-size: 14pt;\">El misionero italiano Matteo Ricci marc\u00f3 una \u00e9poca en el siglo XVI y se convirti\u00f3 en el gran exponente del catolicismo en Oriente.<\/span><\/em><\/strong><\/p>\n<p><span style=\"font-size: 14pt;\">Por Hern\u00e1n Reyes Alcaide.<\/span><\/p>\n<p style=\"text-align: justify;\"><span style=\"font-size: 14pt;\">El acercamiento entre el Vaticano y China que proponen el papa Francisco y el presidente Xi Jinping, y que podr\u00eda tener un punto de inflexi\u00f3n hist\u00f3rico en 2020, puede convertirse en el hecho m\u00e1s reciente de una hist\u00f3rica relaci\u00f3n entre los jesuitas y el gigante asi\u00e1tico.<\/span><\/p>\n<p><span style=\"font-size: 14pt;\">Las dos partes han insistido en la correlaci\u00f3n que hay entre el Papa argentino y el misionero italiano Matteo Ricci, quien marc\u00f3 una \u00e9poca en el siglo XVI y se convirti\u00f3 en el gran exponente del catolicismo en Oriente.<\/span><\/p>\n<p>Para leer m\u00e1s<a href=\"https:\/\/www.telam.com.ar\/notas\/202002\/435192-los-jesuitas-y-china-un-largo-camino-de-matteo-ricci-al-papa-francisco.html\" target=\"_blank\" rel=\"noopener noreferrer\"> https:\/\/www.telam.com.ar\/notas\/202002\/435192-los-jesuitas-y-china-un-largo-camino-de-matteo-ricci-al-papa-francisco.html<\/a><\/p>\n<p>&nbsp;<\/p>\n<p><img loading=\"lazy\" decoding=\"async\" class=\"aligncenter wp-image-1609724 size-mh-magazine-content\" src=\"https:\/\/puntocritico.com\/ausajpuntocritico\/wp-content\/uploads\/2020\/12\/virgen-de-wuhan-con-vampiros-678x381.jpg\" alt=\"VIRGEN DE WUHAN\" width=\"678\" height=\"381\" data-id=\"1609724\" \/><\/p>\n<p>&nbsp;<\/p>\n<p>&nbsp;<\/p>\n<hr \/>\n<p>Ilustraciones: TEO\u00a0<\/p>\n<p style=\"text-align: center;\"><span style=\"color: #008000; font-size: 18pt;\"><strong>*******<\/strong><\/span><\/p>\n<p style=\"text-align: justify;\"><span style=\"font-size: 14pt;\"><strong>RELACIONADO:<\/strong><\/span><\/p>\n<blockquote class=\"wp-embedded-content\" data-secret=\"F22myLWovC\"><p><a href=\"https:\/\/puntocritico.com\/ausajpuntocritico\/2021\/12\/28\/cataluna-separacion-real-ya\/\">DESARTICULADA LA OPERACI\u00d3N \u00abCATALU\u00d1A, SEPARACI\u00d3N REAL YA!!\u00bb. \u00abEl equipo del ExPresident estaba a punto de desenganchar Catalu\u00f1a de la Pen\u00ednsula Ib\u00e9rica y colocarla junto a C\u00f3rcega\u00bb.<\/a><\/p><\/blockquote>\n<p><iframe loading=\"lazy\" class=\"wp-embedded-content\" sandbox=\"allow-scripts\" security=\"restricted\" style=\"position: absolute; clip: rect(1px, 1px, 1px, 1px);\" title=\"\u00abDESARTICULADA LA OPERACI\u00d3N \u00abCATALU\u00d1A, SEPARACI\u00d3N REAL YA!!\u00bb. \u00abEl equipo del ExPresident estaba a punto de desenganchar Catalu\u00f1a de la Pen\u00ednsula Ib\u00e9rica y colocarla junto a C\u00f3rcega\u00bb.\u00bb \u2014 Punto Cr\u00edtico Derechos Humanos\" src=\"https:\/\/puntocritico.com\/ausajpuntocritico\/2021\/12\/28\/cataluna-separacion-real-ya\/embed\/#?secret=BCBn85Q2PK#?secret=F22myLWovC\" data-secret=\"F22myLWovC\" width=\"500\" height=\"282\" frameborder=\"0\" marginwidth=\"0\" marginheight=\"0\" scrolling=\"no\"><\/iframe><\/p>\n<p>&nbsp;<\/p>\n<p><a href=\"https:\/\/puntocritico.com\/ausajpuntocritico\/author\/punto-critico\/\"><img loading=\"lazy\" decoding=\"async\" class=\"aligncenter wp-image-9528\" src=\"https:\/\/puntocritico.com\/ausajpuntocritico\/wp-content\/uploads\/2018\/03\/Mosca_Punto_Cr\u00edtico_40.png\" alt=\"\" width=\"80\" height=\"80\" data-id=\"9528\" \/><\/a><\/p>\n<p>&nbsp;<\/p>\n","protected":false},"excerpt":{"rendered":"<div class=\"mh-excerpt\"><p>El Milagro de los Vampiros chinos \u00a0 \u00a0 Sin duda, se trata del Hecho Milagroso de la Virgen de Wuhan m\u00e1s conocido. Contra todas las apariencias, por intercesi\u00f3n divina, la Santa supo, desde el primer <a class=\"mh-excerpt-more\" href=\"https:\/\/puntocritico.com\/ausajpuntocritico\/2020\/12\/28\/la-virgen-de-wuhan-ance-asociacion-de-nacional-catolicos-empoderados-ha-iniciado-el-proceso-canonico-para-la-beatificacion-de-santa-isabel-de-wuhan\/\" title=\"LA VIRGEN DE WUHAN. \u00abANCE\u00bb (Asociaci\u00f3n de Nacional Cat\u00f3licos Empoderados) ha Iniciado el proceso can\u00f3nico para la Beatificaci\u00f3n de Santa Isabel de Wuhan.\">[&#8230;]<\/a><\/p>\n<\/div>","protected":false},"author":3,"featured_media":1609898,"comment_status":"open","ping_status":"closed","sticky":false,"template":"","format":"standard","meta":{"_acf_changed":false,"_exactmetrics_skip_tracking":false,"_exactmetrics_sitenote_active":false,"_exactmetrics_sitenote_note":"","_exactmetrics_sitenote_category":0,"footnotes":""},"categories":[10],"tags":[52],"class_list":{"0":"post-1588757","1":"post","2":"type-post","3":"status-publish","4":"format-standard","5":"has-post-thumbnail","7":"category-miscelanea","8":"tag-covid"},"acf":[],"_links":{"self":[{"href":"https:\/\/puntocritico.com\/ausajpuntocritico\/wp-json\/wp\/v2\/posts\/1588757","targetHints":{"allow":["GET"]}}],"collection":[{"href":"https:\/\/puntocritico.com\/ausajpuntocritico\/wp-json\/wp\/v2\/posts"}],"about":[{"href":"https:\/\/puntocritico.com\/ausajpuntocritico\/wp-json\/wp\/v2\/types\/post"}],"author":[{"embeddable":true,"href":"https:\/\/puntocritico.com\/ausajpuntocritico\/wp-json\/wp\/v2\/users\/3"}],"replies":[{"embeddable":true,"href":"https:\/\/puntocritico.com\/ausajpuntocritico\/wp-json\/wp\/v2\/comments?post=1588757"}],"version-history":[{"count":0,"href":"https:\/\/puntocritico.com\/ausajpuntocritico\/wp-json\/wp\/v2\/posts\/1588757\/revisions"}],"wp:featuredmedia":[{"embeddable":true,"href":"https:\/\/puntocritico.com\/ausajpuntocritico\/wp-json\/wp\/v2\/media\/1609898"}],"wp:attachment":[{"href":"https:\/\/puntocritico.com\/ausajpuntocritico\/wp-json\/wp\/v2\/media?parent=1588757"}],"wp:term":[{"taxonomy":"category","embeddable":true,"href":"https:\/\/puntocritico.com\/ausajpuntocritico\/wp-json\/wp\/v2\/categories?post=1588757"},{"taxonomy":"post_tag","embeddable":true,"href":"https:\/\/puntocritico.com\/ausajpuntocritico\/wp-json\/wp\/v2\/tags?post=1588757"}],"curies":[{"name":"wp","href":"https:\/\/api.w.org\/{rel}","templated":true}]}}