{"id":1552179,"date":"2021-02-07T00:05:32","date_gmt":"2021-02-06T23:05:32","guid":{"rendered":"https:\/\/puntocritico.com\/ausajpuntocritico\/?p=1552179"},"modified":"2021-02-07T03:04:42","modified_gmt":"2021-02-07T02:04:42","slug":"la-cronologia-de-los-reinos-antiguos-enmendada-3","status":"publish","type":"post","link":"https:\/\/puntocritico.com\/ausajpuntocritico\/2021\/02\/07\/la-cronologia-de-los-reinos-antiguos-enmendada-3\/","title":{"rendered":"LA CRONOLOG\u00cdA DE NEWTON: \u00abThe Chronology of Ancient Kingdoms Amended\u00bb, Sir Isaac Newton (1728), traducci\u00f3n de Mar\u00eda Jos\u00e9 Carrasco Garc\u00eda. CAPITULO IV: \u00abDe los dos imperios contempor\u00e1neos, el de los babilonios y el de los medos\u00bb. Primera Parte"},"content":{"rendered":"<p style=\"text-align: justify;\"><a href=\"https:\/\/puntocritico.com\/ausajpuntocritico\/2020\/12\/06\/indice-la-cronologia-de-newton-the-chronology-of-ancient-kingdoms-amended-sir-isaac-newton-1728\/\" target=\"_blank\" rel=\"noopener noreferrer\"><span style=\"font-size: 14pt;\">\u00cdNDICE DE LA OBRA<\/span><\/a><\/p>\n<p style=\"text-align: center;\"><span style=\"font-size: 14pt;\"><strong>*<span style=\"color: #008000;\">*<\/span>*<\/strong><\/span><\/p>\n<p style=\"text-align: center;\"><span style=\"font-size: 24pt;\"><strong>LA CRONOLOG\u00cdA DE LOS REINOS ANTIGUOS, ENMENDADA<\/strong><\/span><\/p>\n<p style=\"text-align: center;\"><span style=\"font-size: 24pt;\"><strong>Por Isaac Newton<\/strong><\/span><\/p>\n<p style=\"text-align: center;\"><span style=\"font-size: 18pt;\"><strong><span style=\"text-decoration: underline;\">CAPITULO IV<\/span>. De los dos imperios contempor\u00e1neos, el de los babilonios y el de los medos. <\/strong><\/span><\/p>\n<p style=\"text-align: center;\"><span style=\"font-size: 18pt;\"><strong>PRIMERA PARTE<\/strong><\/span><\/p>\n<p>&nbsp;<\/p>\n<p><img loading=\"lazy\" decoding=\"async\" class=\"aligncenter wp-image-1754069\" src=\"https:\/\/puntocritico.com\/ausajpuntocritico\/wp-content\/uploads\/2021\/02\/irak-babylone-ziggourat-jc-golvin.jpg\" alt=\"\" width=\"550\" height=\"394\" data-id=\"1754069\" srcset=\"https:\/\/puntocritico.com\/ausajpuntocritico\/wp-content\/uploads\/2021\/02\/irak-babylone-ziggourat-jc-golvin.jpg 1400w, https:\/\/puntocritico.com\/ausajpuntocritico\/wp-content\/uploads\/2021\/02\/irak-babylone-ziggourat-jc-golvin-300x215.jpg 300w, https:\/\/puntocritico.com\/ausajpuntocritico\/wp-content\/uploads\/2021\/02\/irak-babylone-ziggourat-jc-golvin-1024x733.jpg 1024w, https:\/\/puntocritico.com\/ausajpuntocritico\/wp-content\/uploads\/2021\/02\/irak-babylone-ziggourat-jc-golvin-768x550.jpg 768w, https:\/\/puntocritico.com\/ausajpuntocritico\/wp-content\/uploads\/2021\/02\/irak-babylone-ziggourat-jc-golvin-610x437.jpg 610w\" sizes=\"auto, (max-width: 550px) 100vw, 550px\" \/><\/p>\n<p style=\"text-align: justify;\">\u00a0<\/p>\n<p style=\"text-align: justify;\"><span style=\"font-size: 14pt;\">Con la ca\u00edda del imperio asirio, los reinos de los babilonios y los medos se hicieron grandes y poderosos.<\/span><\/p>\n<p style=\"text-align: justify;\"><span style=\"font-size: 14pt;\">Los reinados de los <strong>monarcas de Babilonia<\/strong> son enumerados en el canon de <strong>Ptolomeo<\/strong>. Para la comprensi\u00f3n de \u00e9ste, se debe tener en cuenta que cada reinado de cada monarca de ese canon comenzaba con el \u00faltimo <strong>Tot<\/strong> del reinado de su predecesor, como deduzco al comparar los reinados de los emperadores romanos en ese canon, con sus reinados enumerados en a\u00f1os, meses y d\u00edas por otros autores. Si tenemos esto en cuenta, parece que seg\u00fan ese Canon, <strong>Asarhadd\u00f3n<\/strong> muri\u00f3 en el a\u00f1o 81 de Nabonasar, <strong>Saosduchino<\/strong>, su sucesor, en el a\u00f1o 101, <strong>Cinalad\u00e1n<\/strong>, en el a\u00f1o 123, <strong>Nabopolasar<\/strong> en el 144 y <strong>Nabucodonosor<\/strong> en el 187.<\/span><\/p>\n<p style=\"text-align: justify;\"><span style=\"font-size: 14pt;\">Todos estos reyes y otros mencionados en ese canon, reinaron uno tras otro, sobre Babilonia, y este \u00faltimo rey muri\u00f3 en el a\u00f1o 37 de la cautividad de Jecon\u00edas, 2 Reyes XXV. 27, y por tanto, <strong>Jecon\u00edas<\/strong> fue hecho cautivo en el a\u00f1o 150o de <strong>Nabonasar<\/strong>. Este cautiverio comenz\u00f3 en el a\u00f1o octavo del reinado de <strong>Nabucodonosor<\/strong>, 2 Reyes XXIV.12 y en el und\u00e9cimo del de <strong>Joaqu\u00edn<\/strong>, pues el primer a\u00f1o del reinado de <strong>Nabucodonosor<\/strong> era el cuarto de <strong>Joaqu\u00edn<\/strong>, Jer XXV. I, y Joaqu\u00edn hab\u00eda reinado once a\u00f1os antes de la cautividad, 2 Reyes XXIII. 36 y 2 Cr\u00f3nicas. XXXVI.5 y <strong>Jecon\u00edas<\/strong>, tres meses, ya que su reinado termin\u00f3 cuando empez\u00f3 su cautiverio. Adem\u00e1s, el a\u00f1o d\u00e9cimo del cautiverio de Jecon\u00edas, era el d\u00e9cimo octavo del reinado de Nabucodonosor, Jer. XXXII. I. Asimismo, el und\u00e9cimo a\u00f1o de <strong>Sedequ\u00edas<\/strong>, en el que fue tomada <em><strong>Jerusal\u00e9n<\/strong><\/em>, era el d\u00e9cimo noveno de <strong>Nabucodonosor<\/strong>, Jer LII. 5, 12. Por tanto, <strong>Nabucodonosor<\/strong> comenz\u00f3 su reinado en el a\u00f1o 142 de Nabonasar, es decir, dos a\u00f1os antes de la muerte de su padre <strong>Nabopolasar<\/strong>, y, por ende, fue su padre quien lo hizo rey. <strong>Joaqu\u00edn<\/strong> sucedi\u00f3 a su padre <strong>Jos\u00edas<\/strong> en el a\u00f1o 139 de Nabonasar y <em><strong>Jerusal\u00e9n<\/strong> <\/em>fue tomada y el <em><strong>Templo<\/strong> <\/em>quemado en el a\u00f1o 160 de <strong>Nabonasar<\/strong>, unos veinte a\u00f1os despu\u00e9s de la destrucci\u00f3n de <em><strong>N\u00ednive<\/strong><\/em>.<\/span><\/p>\n<p style=\"text-align: justify;\"><span style=\"font-size: 14pt;\">El reinado de <strong>Dar\u00edo Histaspes<\/strong> sobre <em><strong>Persia<\/strong><\/em>, si seguimos el Canon y el acuerdo de todos los cron\u00f3logos, y seg\u00fan varios eclipses de luna, comenz\u00f3 en la primavera del a\u00f1o 227 de Nabonasar: y \u201c<em>en el a\u00f1o cuarto del rey Dar\u00edo, en el cuarto d\u00eda<\/em><\/span><\/p>\n<figure id=\"attachment_1754102\" aria-describedby=\"caption-attachment-1754102\" style=\"width: 440px\" class=\"wp-caption alignleft\"><img loading=\"lazy\" decoding=\"async\" class=\"wp-image-1754102\" src=\"https:\/\/puntocritico.com\/ausajpuntocritico\/wp-content\/uploads\/2021\/02\/Samuel-Relating-to-Eli-the-Judgements-of-God-upon-Elis-House-1780-John-Copley.jpg\" alt=\"\" width=\"440\" height=\"553\" data-id=\"1754102\" srcset=\"https:\/\/puntocritico.com\/ausajpuntocritico\/wp-content\/uploads\/2021\/02\/Samuel-Relating-to-Eli-the-Judgements-of-God-upon-Elis-House-1780-John-Copley.jpg 869w, https:\/\/puntocritico.com\/ausajpuntocritico\/wp-content\/uploads\/2021\/02\/Samuel-Relating-to-Eli-the-Judgements-of-God-upon-Elis-House-1780-John-Copley-239x300.jpg 239w, https:\/\/puntocritico.com\/ausajpuntocritico\/wp-content\/uploads\/2021\/02\/Samuel-Relating-to-Eli-the-Judgements-of-God-upon-Elis-House-1780-John-Copley-814x1024.jpg 814w, https:\/\/puntocritico.com\/ausajpuntocritico\/wp-content\/uploads\/2021\/02\/Samuel-Relating-to-Eli-the-Judgements-of-God-upon-Elis-House-1780-John-Copley-768x966.jpg 768w, https:\/\/puntocritico.com\/ausajpuntocritico\/wp-content\/uploads\/2021\/02\/Samuel-Relating-to-Eli-the-Judgements-of-God-upon-Elis-House-1780-John-Copley-610x767.jpg 610w\" sizes=\"auto, (max-width: 440px) 100vw, 440px\" \/><figcaption id=\"caption-attachment-1754102\" class=\"wp-caption-text\"><span style=\"color: #008000;\">El\u00ed: el sumo sacerdote de Shil\u00f3, maestro de Samuel<\/span><\/figcaption><\/figure>\n<p style=\"text-align: justify;\"><span style=\"font-size: 14pt;\"><em>del noveno mes, que es el mes Kisleu, cuando los jud\u00edos se hab\u00edan dirigido a la casa de Dios diciendo: \u00bfDeber\u00edamos llorar en el quinto mes como hemos hecho durante tantos a\u00f1os? La palabra del Se\u00f1or le fue dirigida a Zacar\u00edas dici\u00e9ndole: \u201cH\u00e1blale a todo el pueblo de la tierra y a los Sacerdotes y di: \u201cCuando hab\u00e9is ayunado y pla\u00f1ido en el quinto y s\u00e9ptimo mes, y esto durante setenta a\u00f1os \u00bfhab\u00e9is ayunado de verdad por m\u00ed?<\/em>\u201d Zac VII. Si contamos hacia atr\u00e1s esos setenta a\u00f1os en los que ellos hab\u00edan ayunado en el quinto mes por la quema del Templo, y en el s\u00e9ptimo, por la muerte de <strong>Gedal\u00edas<\/strong>, entonces, la quema del Templo y la muerte de Gedal\u00edas caer\u00e1n en el quinto y s\u00e9ptimo mes jud\u00edos del a\u00f1o 160 de Nabonasar, como ya se ha mencionado antes.<\/span><\/p>\n<p style=\"text-align: justify;\"><span style=\"font-size: 14pt;\">De la misma manera que los astr\u00f3nomos caldeos contaban los reinados de sus monarcas siguiendo los a\u00f1os de <strong>Nabonasar<\/strong>, que comenzaban con el mes de <strong>Tot<\/strong>, los jud\u00edos, como nos relatan sus autores, contaban los reinados de los suyos, siguiendo los a\u00f1os de <strong>Mois\u00e9s<\/strong>, que comenzaban el a\u00f1o con el mes de <strong>Nisan<\/strong>. <\/span><\/p>\n<p style=\"text-align: justify;\"><span style=\"font-size: 14pt;\">As\u00ed pues, si alg\u00fan rey comenzaba su reinado unos pocos d\u00edas antes de que empezara este mes, se le calculaba como un a\u00f1o entero y el comienzo de ese mes era contado como el principio del segundo a\u00f1o de su reinado. Seg\u00fan este c\u00e1lculo, el primer a\u00f1o del gobierno de <strong>Joaqu\u00edn<\/strong> comenz\u00f3 en el mes de <em><strong>Nisan<\/strong><\/em>, Anno Nabonass. 139, aunque es probable que este reinado no empezara hasta cinco o seis meses despu\u00e9s. Del mismo modo, el cuarto a\u00f1o del reinado de <strong>Joaqu\u00edn<\/strong>, y el primero de <strong>Nabucodonosor<\/strong>, seg\u00fan el c\u00e1lculo de los jud\u00edos, comenz\u00f3 en el mes de <strong>Nisan<\/strong>, Anno Nabonass.142, igual que el primer a\u00f1o de <strong>Sedequ\u00edas<\/strong>, el de la cautividad de <strong>Jecon\u00edas<\/strong>, y noveno a\u00f1o de <strong>Nabucodonosor<\/strong>, que comenz\u00f3 con el mes de <strong>Nisan<\/strong> en el a\u00f1o 150 de <strong>Nabonesar<\/strong>. Tambi\u00e9n el a\u00f1o d\u00e9cimo de <strong>Sedequ\u00edas<\/strong> y 18 de <strong>Nabucodonosor<\/strong> comenz\u00f3 en el mes de <strong>Nisan<\/strong> en el a\u00f1o 159 de <strong>Nabonasar<\/strong>.<\/span><\/p>\n<p>&nbsp;<\/p>\n<figure id=\"attachment_1754114\" aria-describedby=\"caption-attachment-1754114\" style=\"width: 640px\" class=\"wp-caption aligncenter\"><img loading=\"lazy\" decoding=\"async\" class=\"wp-image-1754114 size-mh-magazine-content\" src=\"https:\/\/puntocritico.com\/ausajpuntocritico\/wp-content\/uploads\/2021\/02\/Sello-de-Gedalias-640x381.jpg\" alt=\"\" width=\"640\" height=\"381\" data-id=\"1754114\" \/><figcaption id=\"caption-attachment-1754114\" class=\"wp-caption-text\"><span style=\"color: #008000;\">Sello de Gedal\u00edas<\/span><\/figcaption><\/figure>\n<p>&nbsp;<\/p>\n<p style=\"text-align: justify;\"><span style=\"font-size: 14pt;\">Pues bien, en el noveno a\u00f1o de <strong>Sedequ\u00edas<\/strong>, <strong>Nabucodonosor<\/strong> invadi\u00f3 <em><strong>Judea<\/strong> <\/em>y sus ciudades, y en el d\u00e9cimo mes de ese a\u00f1o, el d\u00e9cimo d\u00eda del mes, \u00e9l y sus huestes sitiaron <em><strong>Jerusal\u00e9n<\/strong><\/em>, 2 Reyes XXV, 1. Jer XXXIV,1, XXXIX. 1 y LII, 4.<\/span><\/p>\n<p style=\"text-align: justify;\"><span style=\"font-size: 14pt;\">Desde este momento hasta el d\u00e9cimo mes del segundo a\u00f1o de <strong>Dar\u00edo<\/strong> hay s\u00f3lo setenta a\u00f1os. As\u00ed: \u201c<em>el d\u00eda 24 del mes und\u00e9cimo, el a\u00f1o segundo de Dar\u00edo, fue dirigida la palabra del Se\u00f1or a Zacar\u00edas&#8230; y el \u00e1ngel del Se\u00f1or dijo: \u201cOh, Se\u00f1or de las huestes, \u00bfHasta cu\u00e1ndo seguir\u00e1s sin apiadarte de Jerusal\u00e9n y de las ciudades de Jud\u00e1, contra las cuales est\u00e1s irritado desde hace setenta a\u00f1os?\u201d <\/em>Zac. I.7-12. Por tanto, el noveno a\u00f1o de <strong>Sedequ\u00edas<\/strong>, en el que esta indignaci\u00f3n contra <em><strong>Jerusal\u00e9n<\/strong> <\/em>y las ciudades de <em><strong>Jud\u00e1<\/strong> <\/em>empezaron, se inici\u00f3 en el mes de <strong>Nisan<\/strong> en el a\u00f1o 158 de <strong>Nabonasar<\/strong>. Asimismo el a\u00f1o und\u00e9cimo de <strong>Sedequ\u00edas<\/strong> y d\u00e9cimo noveno de <strong>Nabucodonosor<\/strong>, en el cual la ciudad fue tomada y el Templo incendiado, se inici\u00f3 en el mes de <strong>Nisan<\/strong> en el a\u00f1o 160 de Nabonasar, como hemos mencionado antes.<\/span><\/p>\n<p style=\"text-align: justify;\"><span style=\"font-size: 14pt;\">Si seguimos a todos estos personajes, los a\u00f1os de <strong>Joaqu\u00edn<\/strong>, <strong>Sedequ\u00edas<\/strong> y <strong>Nabucodonosor<\/strong>, parecen estar determinados con suficientes datos. Por tanto, la cronolog\u00eda de los jud\u00edos en el <strong>Antiguo Testamento<\/strong> est\u00e1 conectada con la de tiempos posteriores, ya que entre la muerte de <strong>Salom\u00f3n<\/strong> y el noveno a\u00f1o de <strong>Sedequ\u00edas<\/strong>, en el que <strong>Nabucodonosor\u00a0<\/strong><\/span><span style=\"font-size: 14pt;\">invadi\u00f3 <em><strong>Judea<\/strong> <\/em>y comenz\u00f3 el asedio de <em><strong>Jerusal\u00e9n<\/strong><\/em>, hab\u00eda 390 a\u00f1os como se pone de manifiesto tanto por la profec\u00eda de <strong>Ezequiel<\/strong>, cap IV, como sumando los a\u00f1os de los <em><strong>reyes de Jud\u00e1<\/strong><\/em>. Adem\u00e1s, desde el a\u00f1o noveno de <strong>Sedequ\u00edas<\/strong> hasta la que se conoce como \u201c<em><strong>Era de Cristo<\/strong><\/em>\u201d, hab\u00eda 590 a\u00f1os. Estos dos n\u00fameros, con la mitad del reinado del rey <strong>Salom\u00f3n<\/strong>, ascienden a mil a\u00f1os.<\/span><\/p>\n<figure id=\"attachment_1754125\" aria-describedby=\"caption-attachment-1754125\" style=\"width: 398px\" class=\"wp-caption alignleft\"><img loading=\"lazy\" decoding=\"async\" class=\"size-full wp-image-1754125\" src=\"https:\/\/puntocritico.com\/ausajpuntocritico\/wp-content\/uploads\/2021\/02\/Sedequ\u00edas-de-Jud\u00e1.jpg\" alt=\"\" width=\"398\" height=\"388\" data-id=\"1754125\" srcset=\"https:\/\/puntocritico.com\/ausajpuntocritico\/wp-content\/uploads\/2021\/02\/Sedequ\u00edas-de-Jud\u00e1.jpg 398w, https:\/\/puntocritico.com\/ausajpuntocritico\/wp-content\/uploads\/2021\/02\/Sedequ\u00edas-de-Jud\u00e1-300x292.jpg 300w\" sizes=\"auto, (max-width: 398px) 100vw, 398px\" \/><figcaption id=\"caption-attachment-1754125\" class=\"wp-caption-text\"><span style=\"color: #008000;\">Sedequ\u00edas de Jud\u00e1<\/span><\/figcaption><\/figure>\n<p style=\"text-align: justify;\"><span style=\"font-size: 14pt;\">Al final del reinado de <strong>Jos\u00edas<\/strong>, Anno Nabonass. 139, el fara\u00f3n <strong>Necao<\/strong>, sucesor de <strong>Psam\u00e9tico<\/strong>, sali\u00f3 de <em><strong>Egipto<\/strong> <\/em>con un gran ej\u00e9rcito para atacar al <em><strong>rey de Asiria<\/strong><\/em>, y al serle denegado el paso a trav\u00e9s de <em><strong>Judea<\/strong><\/em>, venci\u00f3 a los jud\u00edos en <strong>Mejido<\/strong> o <strong>Magdolus<\/strong>, antes de Egipto, mat\u00f3 a <strong>Jos\u00edas<\/strong>, el rey de aquellos. Despu\u00e9s march\u00f3 a <em><strong>Carquem\u00eds<\/strong> <\/em>o <em><strong>Circutium<\/strong><\/em>, una ciudad de <em><strong>Mesopotamia<\/strong> <\/em>junto al <em><strong>E\u00fafrates<\/strong><\/em>, y la tom\u00f3. Asimismo, se apoder\u00f3 de las ciudades de <em><strong>Siria<\/strong><\/em>, mand\u00f3 a buscar a <strong>Joacaz<\/strong>, el nuevo <em><strong>rey de Jud\u00e1<\/strong><\/em>, a <em><strong>Ribla<\/strong> <\/em>o <em><strong>Antioqu\u00eda<\/strong><\/em>, lo depuso all\u00ed, puso como rey a <strong>Joaqu\u00edn<\/strong> en el lugar de <strong>Jos\u00edas<\/strong> e hizo que el <em><strong>reino de Jud\u00e1<\/strong><\/em> le pagara tributos. No obstante, mientras tanto, el <em><strong>rey de Asiria<\/strong><\/em> hab\u00eda sido sitiado y sometido, y <em><strong>N\u00ednive<\/strong> <\/em>hab\u00eda sido destruida por <strong>Asuero<\/strong> <em><strong>rey de los medos<\/strong><\/em> y por <strong>Nabucodonosor<\/strong> <em><strong>rey de Babilonia<\/strong><\/em>. Adem\u00e1s, como los conquistadores ten\u00edan derecho, por tanto, a los pa\u00edses que le pertenec\u00edan al <em><strong>rey de Asiria<\/strong><\/em>, condujeron a sus ej\u00e9rcitos victoriosos contra el <em><strong>rey de Egipto<\/strong><\/em>, que hab\u00eda tomado parte de ellas. As\u00ed pues, <strong>Nabucodonosor<\/strong>, auxiliado por <strong>Astibares<\/strong>, es decir, por <strong>Astivares, Asuero, Acksweres, Ajeres, o Ci-Ajeres<\/strong>, <em><strong>rey de los medos<\/strong><\/em>, en el tercer a\u00f1o de <strong>Joaqu\u00edn<\/strong>, lleg\u00f3 con un ej\u00e9rcito de <em><strong>babilonios, medos, sirios, moabitas y amonitas<\/strong><\/em>, que inclu\u00edan un n\u00famero de 10.000 carros de combates, 180.000 de soldados de infanter\u00eda y 120.000 de caballer\u00eda. Este ej\u00e9rcito arras\u00f3 <em><strong>Samar\u00eda, Galilea, Escit\u00f3polis<\/strong><\/em> y a los jud\u00edos en <em><strong>Galaad<\/strong><\/em>, sitiaron <em><strong>Jerusal\u00e9n<\/strong> <\/em>y cogieron vivo al rey <strong>Joaqu\u00edn<\/strong>. A este lo encadenaron durante un tiempo y se llevaron a <em><strong>Babilonia<\/strong> <\/em>a <strong>Daniel<\/strong> y a otros de su pueblo, as\u00ed como parte del oro, plata y bronce que se encontraron en el <em><strong>Templo<\/strong><\/em>. Asimismo, en el cuarto a\u00f1o de Joaqu\u00edn, que era el vig\u00e9simo de Nabopolasar, ahuyentaron al ej\u00e9rcito del fara\u00f3n <strong>Necao<\/strong> en <em><strong>Carquem\u00eds<\/strong><\/em>, y continuando con la guerra, le quitaron al rey de Egipto todo lo que le pertenec\u00eda desde el <em><strong>r\u00edo de Egipto<\/strong><\/em> hasta el <em><strong>r\u00edo E\u00fafrates<\/strong><\/em>. A este rey de Egipto lo llama <strong>Beroso<\/strong> \u201c<em>el S\u00e1trapa de Egipto, de Coele-Siria y de Fenicia<\/em>\u201d. Adem\u00e1s, esta victoria le puso fin al reinado que ten\u00eda sobre <em><strong>Coele-Siria y Fenicia<\/strong><\/em>, que \u00e9l acababa de invadir y dio<\/span><\/p>\n<figure id=\"attachment_1754124\" aria-describedby=\"caption-attachment-1754124\" style=\"width: 330px\" class=\"wp-caption alignleft\"><img loading=\"lazy\" decoding=\"async\" class=\"wp-image-1754124\" src=\"https:\/\/puntocritico.com\/ausajpuntocritico\/wp-content\/uploads\/2021\/02\/Joaqu\u00edn-de-Jud\u00e1.jpg\" alt=\"\" width=\"330\" height=\"331\" data-id=\"1754124\" srcset=\"https:\/\/puntocritico.com\/ausajpuntocritico\/wp-content\/uploads\/2021\/02\/Joaqu\u00edn-de-Jud\u00e1.jpg 245w, https:\/\/puntocritico.com\/ausajpuntocritico\/wp-content\/uploads\/2021\/02\/Joaqu\u00edn-de-Jud\u00e1-150x150.jpg 150w\" sizes=\"auto, (max-width: 330px) 100vw, 330px\" \/><figcaption id=\"caption-attachment-1754124\" class=\"wp-caption-text\"><span style=\"color: #008000;\">Joaqu\u00edn-de-Jud\u00e1<\/span><\/figcaption><\/figure>\n<p style=\"text-align: justify;\"><span style=\"font-size: 14pt;\">comienzo al reinado de <strong>Nabucodonosor<\/strong> desde ese momento. Asimismo, con estas conquistas sobre <em><strong>Asiria y Siria<\/strong><\/em>, el peque\u00f1o <strong>reino de Babilonia<\/strong> se erigi\u00f3 en un potente imperio.<\/span><\/p>\n<p style=\"text-align: justify;\"><span style=\"font-size: 14pt;\">Mientras que <strong>Nabucodonosor<\/strong> actuaba en <em><strong>Siria<\/strong><\/em>, muri\u00f3 su padre <strong>Nabopolasar<\/strong> despu\u00e9s de haber reinado 21 a\u00f1os. <strong>Nabucodonosor<\/strong>, al recibir la noticia y tras ordenar sus asuntos en <em><strong>Siria<\/strong><\/em>, retorn\u00f3 a <em><strong>Babilonia<\/strong><\/em>, dejando a los cautivos y a su ej\u00e9rcito con sus sirvientes para que lo siguieran. De ah\u00ed en adelante se dedic\u00f3 unas veces a la guerra, conquistando <em><strong>Sitacene, Susiana, Arabia, Edom, Egipto<\/strong><\/em> y algunos otros pa\u00edses, y otras veces a la paz, adornando el <em><strong>templo de Belo<\/strong><\/em> con el bot\u00edn que hab\u00eda tomado, y la ciudad de <em><strong>Babilonia<\/strong><\/em>, con grandiosas murallas y puertas, palacios y jardines colgantes, como nos relata <strong>Beroso<\/strong>. De igual forma, hizo cauces para dos nuevos r\u00edos, el <em><strong>Narsares<\/strong> <\/em>y el <em><strong>Palacopas<\/strong><\/em>, por encima de <strong>Babilonia<\/strong>, y construy\u00f3 la ciudad de <em><strong>Tered\u00f3n<\/strong><\/em>.<\/span><\/p>\n<p style=\"text-align: justify;\"><span style=\"font-size: 14pt;\"><em><strong>Judea<\/strong> <\/em>estaba entonces bajo la servidumbre del <strong>rey de Babilonia<\/strong>, ya que hab\u00eda sido invadida y sometida durante el tercer\u00a0<\/span><span style=\"font-size: 14pt;\">y cuarto a\u00f1o del reinado de <strong>Joaqu\u00edn<\/strong>, y \u201c<em>Joaqu\u00edn le sirvi\u00f3 durante tres a\u00f1os y despu\u00e9s se revolvi\u00f3 y se rebel\u00f3 contra \u00e9l<\/em>\u201d, 2 Reyes XXIV.1. Mientras que <strong>Nabucodonosor<\/strong> y el ej\u00e9rcito de los <em><strong>caldeos<\/strong> <\/em>continuaban en <em><strong>Siria<\/strong><\/em>, <strong>Joaqu\u00edn<\/strong> estaba sometido por la fuerza. Despu\u00e9s de que volvieran a <em><strong>Babilonia<\/strong><\/em>, <strong>Joaqu\u00edn<\/strong> continu\u00f3 fiel durante tres a\u00f1os, es decir, durante los a\u00f1os 7o,8o y 9o de su reinado pero en el d\u00e9cimo, se rebel\u00f3. Despu\u00e9s de esto, es decir, en el retorno o en el final del a\u00f1o, o sea en primavera, <strong>Nabucodonosor<\/strong> mand\u00f3 \u00a0sitiar <em><strong>Jerusal\u00e9n<\/strong><\/em>, cautiv\u00f3 a <strong>Jecon\u00edas<\/strong>, el hijo y sucesor de <strong>Joaqu\u00edn<\/strong>, saque\u00f3 el <em><strong>Templo<\/strong> <\/em>y se llev\u00f3 a <em><strong>Babilonia<\/strong> <\/em>a los pr\u00edncipes, artesanos, herreros y a todos los que serv\u00eda para la guerra. Adem\u00e1s, cuando ya no quedaban nada m\u00e1s que los m\u00e1s pobres, hizo a <strong>Sedequ\u00edas<\/strong> su rey y lo oblig\u00f3 mediante un juramento a servir al <em><strong>rey de Babilonia<\/strong><\/em>. Esto fue en primavera, a finales del und\u00e9cimo a\u00f1o de <strong>Joaqu\u00edn<\/strong> y comienzos del a\u00f1o 150 de <strong>Nabonasar<\/strong>.<\/span><\/p>\n<p style=\"text-align: justify;\"><span style=\"font-size: 14pt;\"><strong>Sedequ\u00edas<\/strong>, sin respetar su juramento \u00a0se rebel\u00f3 e hizo una alianza con el <em><strong>rey de Egipto<\/strong><\/em>, y, por tanto, <strong>Nabucodonosor<\/strong>, durante el noveno a\u00f1o de Sedequ\u00edas invadi\u00f3 <em><strong>Judea<\/strong> <\/em>y sus ciudades, y en el d\u00e9cimo mes jud\u00edo de ese a\u00f1o, siti\u00f3 <em><strong>Jerusal\u00e9n<\/strong> <\/em>otra vez. Asimismo, en el und\u00e9cimo a\u00f1o de <strong>Sedequ\u00edas<\/strong>, en el cuarto y quinto mes, despu\u00e9s de un asedio de a\u00f1o y medio, tom\u00f3 y quem\u00f3 la ciudad y el <em><strong>Templo<\/strong><\/em>.<\/span><\/p>\n<p style=\"text-align: justify;\"><span style=\"font-size: 14pt;\"><strong>Nabucodonosor<\/strong>, tras haber sido nombrado rey por su padre, rein\u00f3 en <em><strong>Fenicia y Coele- Siria<\/strong><\/em> durante 45 a\u00f1os, y despu\u00e9s de la muerte de su padre, durante 43 a\u00f1os, y despu\u00e9s del cautiverio de <strong>Jecon\u00edas<\/strong>, 37. Despu\u00e9s, fue sucedido por su hijo <strong>Evilmerodac<\/strong>, llamado <strong>Lluarodamo<\/strong> en el canon de <strong>Ptolomeo<\/strong>.<\/span><\/p>\n<p>&nbsp;<\/p>\n<figure id=\"attachment_1757659\" aria-describedby=\"caption-attachment-1757659\" style=\"width: 360px\" class=\"wp-caption aligncenter\"><img loading=\"lazy\" decoding=\"async\" class=\"wp-image-1757659\" src=\"https:\/\/puntocritico.com\/ausajpuntocritico\/wp-content\/uploads\/2021\/02\/Fenicia-y-Coele-Siria.png\" alt=\"\" width=\"360\" height=\"240\" data-id=\"1757659\" \/><figcaption id=\"caption-attachment-1757659\" class=\"wp-caption-text\"><span style=\"color: #008000;\">Fenicia y Coele- Siria<\/span><\/figcaption><\/figure>\n<p>&nbsp;<\/p>\n<p style=\"text-align: justify;\"><span style=\"font-size: 14pt;\"><strong>Jeromeo<\/strong> nos dice que en vida del padre de <strong>Evilmerodac<\/strong>, este rein\u00f3 durante siete a\u00f1os mientras que su padre com\u00eda hierba con los bueyes, y que despu\u00e9s de la restauraci\u00f3n de su padre, fue enviado a prisi\u00f3n con <strong>Jecon\u00edas<\/strong> <em><strong>rey de Jud\u00e1<\/strong><\/em>, hasta la muerte de su padre, cuando lo sucedi\u00f3 en el trono.<\/span><\/p>\n<p style=\"text-align: justify;\"><span style=\"font-size: 14pt;\">En el quinto a\u00f1o de la cautividad de <strong>Jecon\u00edas<\/strong>, <strong>Belsasar<\/strong> era el siguiente en dignidad a su padre <strong>Nabucodonosor<\/strong> y fue designado su sucesor, Baruc I. 2, 10, 11, 12,14, y, por tanto, <strong>Evilmerodac<\/strong> estaba todav\u00eda entonces en desgracia. Cuando lleg\u00f3 al trono, sac\u00f3 a su amigo y compa\u00f1ero <strong>Jecon\u00edas<\/strong> de prisi\u00f3n el d\u00eda 27 del mes doce, as\u00ed que <strong>Nabucodonosor<\/strong> muri\u00f3 a final del invierno, Anno Nabonass. 187.<\/span><\/p>\n<p style=\"text-align: justify;\"><span style=\"font-size: 14pt;\"><strong>Evilmerodac<\/strong> rein\u00f3 durante dos a\u00f1os despu\u00e9s de la muerte de su padre, y por su lujuria y malas maneras fue asesinado por el marido de su hermana <strong>Neriglisar<\/strong> o <strong>Negalasar<\/strong>, a\u00f1o 189 de Nabonasar, seg\u00fan el canon.<\/span><\/p>\n<p style=\"text-align: justify;\"><span style=\"font-size: 14pt;\"><strong>Neriglisar<\/strong>, en nombre de su hijo peque\u00f1o <strong>Labosordaco<\/strong> o <strong>Laboaserdak<\/strong>, el nieto de <strong>Nabucodonosor<\/strong> por parte de su hija, rein\u00f3 durante nueve meses despu\u00e9s de la muerte de su padre, y despu\u00e9s, a causa de sus malas maneras, fue asesinado en un banquete ya que sus amigos, para conspirar contra \u00e9l, se hab\u00eda aliado con <strong>Nabonido<\/strong>, un babilonio, a quien, por acuerdo, le dieron el reino. No obstante, en el canon, estos nueve meses no son calculados aparte.<\/span><\/p>\n<p style=\"text-align: justify;\"><span style=\"font-size: 14pt;\"><strong>Nabonido<\/strong> o <strong>Nabonadio<\/strong>, seg\u00fan el canon, empez\u00f3 su reinado en el a\u00f1o 193 de Nabonasar. Rein\u00f3 durante diecisiete a\u00f1os y termin\u00f3 su reinado en el a\u00f1o 210 de Nabonasar, a\u00f1o en que fue vencido y <em><strong>Babilonia<\/strong> <\/em>fue tomada por <strong>Ciro<\/strong>.<\/span><\/p>\n<p>&nbsp;<\/p>\n<figure id=\"attachment_1757672\" aria-describedby=\"caption-attachment-1757672\" style=\"width: 300px\" class=\"wp-caption aligncenter\"><img loading=\"lazy\" decoding=\"async\" class=\"wp-image-1757672 size-medium\" src=\"https:\/\/puntocritico.com\/ausajpuntocritico\/wp-content\/uploads\/2021\/02\/Ciro-el-Grande-300x300.jpg\" alt=\"\" width=\"300\" height=\"300\" data-id=\"1757672\" srcset=\"https:\/\/puntocritico.com\/ausajpuntocritico\/wp-content\/uploads\/2021\/02\/Ciro-el-Grande-300x300.jpg 300w, https:\/\/puntocritico.com\/ausajpuntocritico\/wp-content\/uploads\/2021\/02\/Ciro-el-Grande-150x150.jpg 150w, https:\/\/puntocritico.com\/ausajpuntocritico\/wp-content\/uploads\/2021\/02\/Ciro-el-Grande-768x768.jpg 768w, https:\/\/puntocritico.com\/ausajpuntocritico\/wp-content\/uploads\/2021\/02\/Ciro-el-Grande-610x610.jpg 610w, https:\/\/puntocritico.com\/ausajpuntocritico\/wp-content\/uploads\/2021\/02\/Ciro-el-Grande.jpg 900w\" sizes=\"auto, (max-width: 300px) 100vw, 300px\" \/><figcaption id=\"caption-attachment-1757672\" class=\"wp-caption-text\"><span style=\"color: #008000;\">\u00abCiro el Grande\u00bb<\/span><\/figcaption><\/figure>\n<p>&nbsp;<\/p>\n<p style=\"text-align: justify;\"><span style=\"font-size: 14pt;\"><strong>Her\u00f3doto<\/strong> llama a este \u00faltimo<em><strong> rey de Babilonia<\/strong><\/em>, <strong>Labinito<\/strong>, y dice que era hijo de un <strong>Labinito<\/strong> anterior y de <strong>Nitocris<\/strong>, una eminente <em><strong>reina de Babilonia<\/strong><\/em>. Por su padre, <strong>Her\u00f3doto<\/strong> parece entender ese <strong>Labinito<\/strong> que, como nos dice, fue<em><strong> rey de Babilonia<\/strong><\/em> cuando el gran eclipse de sol predicho por <strong>Tales<\/strong> puso fin a la guerra de los cinco a\u00f1os entre los <em><strong>medos<\/strong> <\/em>y los <em><strong>lidios<\/strong><\/em>, y este era el gran <strong>Nabucodonosor<\/strong>.<\/span><\/p>\n<p style=\"text-align: justify;\"><span style=\"font-size: 14pt;\"><strong>Daniel<\/strong> llama al \u00faltimo <em><strong>rey de Babilonia<\/strong><\/em>, <strong>Belsasar<\/strong>, y afirma que <strong>Nabucodonosor<\/strong> era su padre. Asimismo <strong>Josefo<\/strong> nos dice que el \u00faltimo <em><strong>rey de Babilonia<\/strong><\/em> era llamado <strong>Naboandel<\/strong> por los babilonios y que rein\u00f3 durante diecisiete a\u00f1os. Por tanto, este es el mismo <em><strong>rey de Babilonia<\/strong><\/em> que <strong>Nabonido<\/strong> o <strong>Labinito<\/strong>, y esto concuerda m\u00e1s con las <em><strong>Sagradas<\/strong> <strong>Escrituras<\/strong> <\/em>que el hacer a <strong>Nabonido<\/strong> un extra\u00f1o a la familia real: \u201c<em>Pues todas las naciones servir\u00e1n a Nabucodonosor y a sus descendientes hasta que le llegue la hora a su tierra tambi\u00e9n, y muchas naciones ser\u00e1n servidas por \u00e9l<\/em>\u201d. Jer. XXVII.7<\/span><\/p>\n<p style=\"text-align: justify;\"><span style=\"font-size: 14pt;\"><strong>Belsasar<\/strong> naci\u00f3 y vivi\u00f3 con honor antes del quinto a\u00f1o de la cautividad de <strong>Jecon\u00edas<\/strong>, que fue el a\u00f1o und\u00e9cimo del reinado de <strong>Nabucodonosor<\/strong>, y, por tanto, ten\u00eda m\u00e1s de 34 a\u00f1os a la muerte de <strong>Evilmerodac<\/strong> as\u00ed que no pod\u00eda ser otro rey que <strong>Nabonido<\/strong>, ya que <strong>Laboaserdak<\/strong>, el nieto de <strong>Nabucodonosor<\/strong> era un ni\u00f1o cuando \u00e9l rein\u00f3.<\/span><\/p>\n<p style=\"text-align: justify;\"><span style=\"font-size: 14pt;\"><strong>Her\u00f3doto<\/strong> nos dice que hubo dos famosas <em><strong>reinas de Babilonia<\/strong><\/em><strong>: Sem\u00edramis y Nitocris<\/strong>, y que esta \u00faltima ten\u00eda m\u00e1s habilidad, ya que, al observar que como el <em><strong>reino de los medos<\/strong><\/em> hab\u00eda sometido ya a muchas ciudades, entre otras <em><strong>N\u00ednive<\/strong><\/em>, e iba a hacerse grande y poderoso, intercept\u00f3 y fortific\u00f3 los pasos de <em><strong>Media<\/strong> <\/em>hacia <em><strong>Babilonia<\/strong> <\/em>y desvi\u00f3 el r\u00edo, que antes era recto, con grandes curvas para que fuera m\u00e1s tranquilo y menos propenso a desbordarse. Asimismo, en la ladera del r\u00edo, por encima de <em><strong>Babilonia<\/strong><\/em>, en imitaci\u00f3n del <em><strong>lago Moeris en Egipto<\/strong><\/em>, ella hizo cavar un lago de cuarenta millas de ancho para recibir el agua del r\u00edo y guardarla para regar la tierra. Tambi\u00e9n construy\u00f3 un puente sobre el r\u00edo en el centro de <em><strong>Babilonia<\/strong> <\/em>y desvi\u00f3 el arroyo hacia el lago hasta que se construy\u00f3 el puente. Adem\u00e1s, <strong>Fil\u00f3strato<\/strong> dice que ella hizo un puente de dos brazas de ancho, o sea, una b\u00f3veda arqueada por encima de la cual corriera el r\u00edo y bajo la cual se pudiera cruzar este. <strong>Fil\u00f3strato<\/strong> la llama <strong><em>\u039c\u03b7\u03b4\u03b5\u03b9\u03b1<\/em><\/strong>, <em><strong>una meda<\/strong><\/em>.<\/span><\/p>\n<p>&nbsp;<\/p>\n<figure id=\"attachment_1757681\" aria-describedby=\"caption-attachment-1757681\" style=\"width: 678px\" class=\"wp-caption aligncenter\"><img loading=\"lazy\" decoding=\"async\" class=\"wp-image-1757681 size-mh-magazine-content\" src=\"https:\/\/puntocritico.com\/ausajpuntocritico\/wp-content\/uploads\/2021\/02\/Sem\u00edramis-reina-de-Asiria-678x381.jpg\" alt=\"\" width=\"678\" height=\"381\" data-id=\"1757681\" \/><figcaption id=\"caption-attachment-1757681\" class=\"wp-caption-text\"><span style=\"color: #008000;\">Sem\u00edramis, reina de Asiria<\/span><\/figcaption><\/figure>\n<p>&nbsp;<\/p>\n<p style=\"text-align: justify;\"><span style=\"font-size: 14pt;\"><strong>Beroso<\/strong> nos dice que <strong>Nabucodonosor<\/strong> construy\u00f3 unos <em><strong>jardines colgantes sobre arcos<\/strong><\/em> porque su esposa era <em><strong>meda<\/strong> <\/em>y se deleitaba con los terrenos monta\u00f1osos como los que abundaban en <em><strong>Media<\/strong> <\/em>pero que eran escasos en <em><strong>Babilonia<\/strong><\/em>. Ella era <strong>Amitis<\/strong>, la hija de <strong>Astiages<\/strong> y hermana de <strong>Ci\u00e1xares<\/strong>, <em><strong>reyes de los medos<\/strong><\/em>. <strong>Nabucodonosor<\/strong> se cas\u00f3 con ella por una uni\u00f3n entre las dos familias contra el <em><strong>rey de Asiria<\/strong><\/em>, pero puede que <strong>Nitocris<\/strong> fuera otra mujer que, durante el reinado de su hijo <strong>Labinito<\/strong>, rey voluptuoso y malvado, se ocupara de los asuntos de este, y para asegurarse su reino contra los medos hizo los trabajos antes mencionados. Esta es la reina mencionada en <strong>Daniel<\/strong>, cap. V. ver. 10.<\/span><\/p>\n<p style=\"text-align: justify;\"><span style=\"font-size: 14pt;\"><strong>Josefo<\/strong> nos relata siguiendo los archivos tirios que durante el reino de <strong>Itobalo<\/strong>, <em><strong>rey de Tiro<\/strong><\/em>, esa ciudad fue sitiada por <strong>Nabucodonosor<\/strong> durante trece a\u00f1os en total. Al final de ese asedio, <strong>Itobalo<\/strong>, su rey, fue asesinado, Ezeq. XXVIII. 8, 9,10, y<\/span><\/p>\n<figure id=\"attachment_1757695\" aria-describedby=\"caption-attachment-1757695\" style=\"width: 256px\" class=\"wp-caption alignright\"><img loading=\"lazy\" decoding=\"async\" class=\"size-full wp-image-1757695\" src=\"https:\/\/puntocritico.com\/ausajpuntocritico\/wp-content\/uploads\/2021\/02\/Puertas-de-Babilonia.jpg\" alt=\"\" width=\"256\" height=\"197\" data-id=\"1757695\" \/><figcaption id=\"caption-attachment-1757695\" class=\"wp-caption-text\"><span style=\"color: #008000;\">Puerta de Babilonia (Excavaci\u00f3n)<\/span><\/figcaption><\/figure>\n<p style=\"text-align: justify;\"><span style=\"font-size: 14pt;\">despu\u00e9s de \u00e9l, seg\u00fan los archivos <em><strong>tirios<\/strong><\/em>, comenz\u00f3 en <em><strong>Babilonia<\/strong> <\/em>el <em><strong>reinado de Ciro<\/strong><\/em>. Por tanto, el asedio de <em><strong>Tiro<\/strong> <\/em>comenz\u00f3 cuarenta y ocho a\u00f1os y algunos meses antes del reinado de <strong>Ciro<\/strong> en <em><strong>Babilonia<\/strong><\/em>. Comenz\u00f3 cuando <em><strong>Jerusal\u00e9n<\/strong> <\/em>acababa de ser tomada y quemada, junto con el <em><strong>Templo<\/strong><\/em>, Ezeq. XXVI y, en consecuencia, despu\u00e9s del und\u00e9cimo a\u00f1o del cautiverio de <strong>Jecon\u00edas<\/strong>, o en el 160o a\u00f1o de <strong>Nabonasar<\/strong>. As\u00ed pues, el reinado de <strong>Ciro<\/strong> en <em><strong>Babilonia<\/strong> <\/em>comenz\u00f3 despu\u00e9s del a\u00f1o 208 de Nabonasar y termin\u00f3 antes del 28o a\u00f1o del cautiverio de Jecon\u00edas, o en el 176o a\u00f1o de Nabonasar, Ezeq. XXIX.17. Por tanto, el reinado de <strong>Ciro<\/strong> en <em><strong>Babilonia<\/strong> <\/em>comenz\u00f3 antes del a\u00f1o 211 de Nabonasar y seg\u00fan esta argumentaci\u00f3n, el primer a\u00f1o de Ciro en Babilonia fue uno de los dos a\u00f1os intermedios: o el 209 \u00f3 el 210.<\/span><\/p>\n<p style=\"text-align: justify;\"><span style=\"font-size: 14pt;\"><strong>Ciro<\/strong> invadi\u00f3 <em><strong>Babilonia<\/strong> <\/em>en el a\u00f1o 209 de Nabonasar. <em><strong>Babilonia<\/strong> <\/em>se resisti\u00f3 y al a\u00f1o siguiente fue tomada (Jer. LI.39,57) cambiando el curso del <em><strong>r\u00edo E\u00fafrates<\/strong><\/em> y entrando en la ciudad a trav\u00e9s de los canales vaciados y, en consecuencia, despu\u00e9s de la mitad del verano, ya que el r\u00edo, al derretirse la nieve en <em><strong>Armenia<\/strong><\/em>, se desborda cada a\u00f1o al principio del verano, pero con el calor del verano baja: \u00a0\u201c<em>Y esa noche fue asesinado el rey de Babilonia, y Dar\u00edo el Medo, o rey de los medos, tom\u00f3 el reino cuando ten\u00eda unos sesenta y dos a\u00f1os de edad<\/em>\u201d. As\u00ed pues, <em><strong>Babilonia<\/strong> <\/em>fue tomada un mes o dos despu\u00e9s del solsticio de verano, en el a\u00f1o 210 de Nabonasar, como se representa en el canon tambi\u00e9n.<\/span><\/p>\n<p>&nbsp;<\/p>\n<figure id=\"attachment_1757688\" aria-describedby=\"caption-attachment-1757688\" style=\"width: 678px\" class=\"wp-caption aligncenter\"><img loading=\"lazy\" decoding=\"async\" class=\"wp-image-1757688 size-mh-magazine-content\" src=\"https:\/\/puntocritico.com\/ausajpuntocritico\/wp-content\/uploads\/2021\/02\/Excavaciones-en-Babilonia-678x381.jpg\" alt=\"\" width=\"678\" height=\"381\" data-id=\"1757688\" srcset=\"https:\/\/puntocritico.com\/ausajpuntocritico\/wp-content\/uploads\/2021\/02\/Excavaciones-en-Babilonia-678x381.jpg 678w, https:\/\/puntocritico.com\/ausajpuntocritico\/wp-content\/uploads\/2021\/02\/Excavaciones-en-Babilonia-300x169.jpg 300w, https:\/\/puntocritico.com\/ausajpuntocritico\/wp-content\/uploads\/2021\/02\/Excavaciones-en-Babilonia-1024x576.jpg 1024w, https:\/\/puntocritico.com\/ausajpuntocritico\/wp-content\/uploads\/2021\/02\/Excavaciones-en-Babilonia-768x432.jpg 768w, https:\/\/puntocritico.com\/ausajpuntocritico\/wp-content\/uploads\/2021\/02\/Excavaciones-en-Babilonia-610x343.jpg 610w, https:\/\/puntocritico.com\/ausajpuntocritico\/wp-content\/uploads\/2021\/02\/Excavaciones-en-Babilonia.jpg 1280w\" sizes=\"auto, (max-width: 678px) 100vw, 678px\" \/><figcaption id=\"caption-attachment-1757688\" class=\"wp-caption-text\"><span style=\"color: #008000;\">Excavaciones en Babilonia<\/span><\/figcaption><\/figure>\n<p>&nbsp;<\/p>\n<p style=\"text-align: justify;\"><span style=\"font-size: 14pt;\">Los <em><strong>reyes de los medos<\/strong><\/em> antes de <strong>Ciro<\/strong> eran <strong>Dejotes, Fraortes, Astiages, Ci\u00e1xares o Ciaxeres y Dar\u00edo<\/strong>. Los tres primeros reinaron antes de que el reino se hiciera grande, los dos \u00faltimos fueron grandes conquistadores y erigieron un imperio, ya que <strong>Esquilo<\/strong>, que floreci\u00f3 durante los reinados de <strong>Dar\u00edo Histaspes<\/strong> y de <strong>Jerjes<\/strong>, y muri\u00f3 en la 76o olimpiada, presenta a <strong>Dar\u00edo<\/strong> quej\u00e1ndose de los que persuadieron a su hijo <strong>Jerjes<\/strong> para que invadiera <em><strong>Grecia<\/strong><\/em>:<\/span><\/p>\n<p style=\"text-align: justify; padding-left: 40px;\"><span style=\"font-size: 14pt;\">\u03a4\u03bf\u03b9\u03b3\u03ac\u03c1 \u03c3\u03c6\u03b9\u03bd \u1f14\u03c1\u03b3\u03bf\u03bd \u1f10\u03c3\u03c4\u1f76\u03bd \u1f10\u03be\u03b5\u03b9\u03c1\u03b3\u03b1\u03c3\u03bc\u03ad\u03bd\u03bf\u03bd \u039c\u03ad\u03b3\u03b9\u03c3\u03c4\u03bf\u03bd, \u1f00\u03b9\u03b5\u03af\u03bc\u03bd\u03b7\u03c3\u03c4\u03bf\u03bd \u1f41\u03b9\u03bf\u03bd \u1f40\u03c5\u03b4\u03ad\u03c0\u03c9,\u2028\u03a4\u1f78 \u03b4 \u0313\u1f04\u03c3\u03c4\u03c5 \u03a3\u03bf\u03cd\u03c3\u03c9\u03bd \u1f10\u03be\u03b5\u03ba\u03b5\u03af\u03bd\u03c9\u03c3\u03b5\u03bd \u03c0\u03b5\u03c3\u03cc\u03bd\u00b7\u2028\u1f18\u03be \u1f45\u03c5\u03c4\u03b5 \u03c4\u03b9\u03bc\u1f74\u03bd \u0396\u03b5\u1f7a\u03c2 \u1f04\u03bd\u03b1\u03be \u03c4\u1f74\u03bd\u03b4 \u0313\u1f64\u03c0\u03b1\u03c3\u03b5\u03bd<\/span><\/p>\n<p style=\"text-align: justify; padding-left: 40px;\"><span style=\"font-size: 14pt;\">\u1f18\u03bd \u0313\u1f04\u03bd\u03b4\u03c1\u03b1 \u03c0\u03ac\u03c3\u03b7\u03c2 \u1f08\u03c3\u03b9\u03ac\u03b4\u03bf\u03c2 \u03bc\u03b7\u03bb\u03bf\u03c4\u03c1\u03cc\u03c6\u03bf\u03c5 \u03a4\u03b1\u03b3\u03b5\u03b9\u03bd, \u1f14\u03c7\u03bf\u03bd\u03c4\u03b1 \u03c3\u03ba\u03b7\u03c0\u03c4\u03c1\u03bf\u03bd \u1f10\u03c5\u03b8\u03c5\u03bd\u03c4\u03ae\u03c1\u03b9\u03bf\u03bd\u2028\u039c\u03b7\u03b4\u03bf\u03c2 \u03b3\u1f70\u03c1 \u1f20\u03bd \u1f41 \u03c0\u03c1\u03c9\u03c4\u03bf\u03c2 \u1f21\u03b3\u03b5\u03bc\u1f7c\u03bd \u03c3\u03c4\u03c1\u03b1\u03c4\u03bf\u03c5\u00b7 \u1f0c\u03bb\u03bb\u03bf\u03c2 \u03b4 \u0313\u1f10\u03ba\u03b5\u03af\u03bd\u03bf\u03c5 \u03c0\u03b1\u03b9\u03c2 \u03c4\u03cc\u03b4 \u0313\u1f14\u03c1\u03b3\u03bf\u03bd \u1f24\u03bd\u03c5\u03c3\u03b5\u00b7 \u03a6\u03c1\u03ad\u03bd\u03b5\u03c2 \u03b3\u1f70\u03c1 \u1f00\u03c5\u03c4\u03bf\u03c5 \u03b8\u03c5\u03bc\u1f78\u03bd \u1f40\u03b9\u03b1\u03ba\u03bf\u03c3\u03c4\u03c1\u03cc\u03c6\u03bf\u03c5\u03bd. \u03a4\u03c1\u03af\u03c4\u03bf\u03c2 \u03b4 \u0313\u1f00\u03c0 \u0313\u1f00\u03c5\u03c4\u03bf\u03c5 \u039a\u03c5\u03c1\u03bf\u03c2, \u1f10\u03c5\u03b4\u03b1\u03af\u03bc\u03c9\u03bd \u1f00\u03bd\u1f74\u03c1, &amp;c.<\/span><\/p>\n<p style=\"text-align: justify; padding-left: 40px;\"><span style=\"font-size: 14pt;\"><em>Ellos han hecho un trabajo el m\u00e1s grande y memorable que nunca haya ocurrido pues con \u00e9l han dejado desierta la vencida Susa. Desde el momento en que el rey J\u00fapiter le concedi\u00f3 este honor ese hombre deber\u00eda haber reinado sobre la fruct\u00edfera Asia, y poseer el cetro imperial. Puesto que el primero en liderar el ej\u00e9rcito fue un medo el siguiente, que era su hijo, concluy\u00f3 el trabajo pues la prudencia gui\u00f3 su alma, el tercero fue Ciro, un hombre feliz, etc. <\/em><\/span><\/p>\n<p style=\"text-align: justify;\"><span style=\"font-size: 14pt;\">El poeta aqu\u00ed atribuye la fundaci\u00f3n del <em><strong>imperio Medo- persa<\/strong><\/em> a los dos predecesores inmediatos de <strong>Ciro<\/strong>, el primero de los cuales era un medo, y el segundo era su hijo. El segundo fue <strong>Dar\u00edo<\/strong> <em><strong>el medo<\/strong><\/em>, inmediato predecesor de <strong>Ciro<\/strong>, seg\u00fan <strong>Daniel<\/strong>. Por tanto, el primero fue el padre de <strong>Dar\u00edo<\/strong>, o sea, <strong>Aksuero, Asuero, Ojiares, Ajeres o el pr\u00edncipe Ajeres o Cy- Ajeres<\/strong> (<em>pues la palabra Cy significa \u201cpr\u00edncipe\u201d<\/em>), ya que <strong>Daniel<\/strong> nos dice que <strong>Dar\u00edo<\/strong> era el hijo de <strong>Asuero<\/strong>, o <strong>Ahasuero<\/strong>, como los <em><strong>Masoretes<\/strong> <\/em>lo llaman por error, o de la estirpe de los <em><strong>medos<\/strong><\/em>, es decir, de la estirpe real. Este es el <strong>Asuero<\/strong> que junto con <strong>Nabucodonosor<\/strong> tom\u00f3 y destruy\u00f3 <em><strong>N\u00ednive<\/strong><\/em>, seg\u00fan <strong>Tob\u00edas<\/strong>. Esta acci\u00f3n fue atribuida por los griegos a <strong>Ci\u00e1xares<\/strong> y, por <strong>Eupolemo<\/strong>, a <strong>Astibares<\/strong>, nombre que es quiz\u00e1s la corrupci\u00f3n escrita de <strong>Asuero<\/strong>.<\/span><\/p>\n<p>&nbsp;<\/p>\n<figure id=\"attachment_1757702\" aria-describedby=\"caption-attachment-1757702\" style=\"width: 660px\" class=\"wp-caption aligncenter\"><img loading=\"lazy\" decoding=\"async\" class=\"wp-image-1757702 size-mh-magazine-content\" src=\"https:\/\/puntocritico.com\/ausajpuntocritico\/wp-content\/uploads\/2021\/02\/mapa-imperio-persa-660x381.jpg\" alt=\"\" width=\"660\" height=\"381\" data-id=\"1757702\" \/><figcaption id=\"caption-attachment-1757702\" class=\"wp-caption-text\"><span style=\"color: #008000;\">Imperio Persa<\/span><\/figcaption><\/figure>\n<p>&nbsp;<\/p>\n<p style=\"text-align: justify;\"><span style=\"font-size: 14pt;\">Con esta victoria sobre los asirios, con la subversi\u00f3n de su imperio con sede en <em><strong>N\u00ednive<\/strong> <\/em>y con las subsiguientes conquistas de <em><strong>Armenia, Capadocia y Persia<\/strong><\/em>, \u00e9l comenz\u00f3 a extender el reino de un hombre sobre toda <strong>Asia<\/strong>. Asimismo, su hijo <strong>Dar\u00edo el Medo<\/strong>, al conquistar los <em><strong>reinos de Lidia y Babilonia<\/strong><\/em>, concluy\u00f3 el trabajo. El tercer rey fue <strong>Ciro<\/strong>, un hombre feliz por sus grandes \u00e9xitos, bajo y contra <strong>Dar\u00edo<\/strong>, y por su gran y pac\u00edfico dominio en su propio reino.<\/span><\/p>\n<p style=\"text-align: justify;\"><span style=\"font-size: 14pt;\"><strong>Ciro<\/strong> vivi\u00f3 setenta a\u00f1os seg\u00fan <strong>Cicer\u00f3n<\/strong> y rein\u00f3 durante nueve sobre <em><strong>Babilonia<\/strong><\/em>, seg\u00fan el canon de <strong>Ptolomeo<\/strong>, por tanto, ten\u00eda 61 a\u00f1os de edad cuando la toma de <em><strong>Babilonia<\/strong><\/em>. En este momento, <strong>Dar\u00edo el Medo<\/strong>, ten\u00eda 62 a\u00f1os, seg\u00fan <strong>Daniel<\/strong>, por tanto, <strong>Dar\u00edo<\/strong>, era dos generaciones m\u00e1s joven que <strong>Astiages<\/strong>, el abuelo de <strong>Ciro<\/strong>, ya que <strong>Astiages<\/strong>, seg\u00fan, tanto <strong>Her\u00f3doto<\/strong> como <strong>Jenofonte<\/strong>, le dio a su hija <strong>Mandane<\/strong> a <strong>Cambises<\/strong>, un pr\u00edncipde de Persia, y a trav\u00e9s de ellos, se convirti\u00f3 en abuelo de <strong>Ciro<\/strong>. Asimismo, seg\u00fan <strong>Jenofonte<\/strong>, <strong>Ci\u00e1xares<\/strong> era hijo de <strong>Astiages<\/strong> y le dio su hija a <strong>Ciro<\/strong>.<\/span><\/p>\n<p style=\"text-align: justify;\"><span style=\"font-size: 14pt;\">Esta hija, afirma <strong>Jenofonte<\/strong>, ten\u00eda fama de ser muy guapa, sol\u00eda jugar con <strong>Ciro<\/strong> cuando ambos eran ni\u00f1os y sol\u00eda decir que ella se casar\u00eda con \u00e9l. Por tanto, ambos eran de la misma edad.<\/span><\/p>\n<p style=\"text-align: justify;\"><span style=\"font-size: 14pt;\"><strong>Jenofonte<\/strong> dice que <strong>Ciro<\/strong> se cas\u00f3 con ella tras la toma de <em><strong>Babilonia<\/strong><\/em>, pero ella era entonces un vieja. Es m\u00e1s probable que \u00e9l se casara con ella mientras que era joven y guapa, y \u00e9l tambi\u00e9n un hombre joven, y que, como era el cu\u00f1ado de <strong>Dar\u00edo<\/strong>, el rey, condujera los ej\u00e9rcitos del reino hasta que se rebel\u00f3.<\/span><\/p>\n<p style=\"text-align: justify;\"><span style=\"font-size: 14pt;\">As\u00ed pues, <strong>Astiages, Ci\u00e1xares y Dar\u00edo<\/strong> reinaron uno tras otro, sobre los medos. <strong>Ciro<\/strong> era nieto de <strong>Astiages<\/strong>, se cas\u00f3 con la hermana de <strong>Dar\u00edo<\/strong>, y sucedi\u00f3 a este en el trono.<\/span><\/p>\n<p>&nbsp;<\/p>\n<figure id=\"attachment_1757703\" aria-describedby=\"caption-attachment-1757703\" style=\"width: 660px\" class=\"wp-caption aligncenter\"><img loading=\"lazy\" decoding=\"async\" class=\"size-full wp-image-1757703\" src=\"https:\/\/puntocritico.com\/ausajpuntocritico\/wp-content\/uploads\/2021\/02\/estela-de-Behistun.jpg\" alt=\"\" width=\"660\" height=\"330\" data-id=\"1757703\" srcset=\"https:\/\/puntocritico.com\/ausajpuntocritico\/wp-content\/uploads\/2021\/02\/estela-de-Behistun.jpg 660w, https:\/\/puntocritico.com\/ausajpuntocritico\/wp-content\/uploads\/2021\/02\/estela-de-Behistun-300x150.jpg 300w, https:\/\/puntocritico.com\/ausajpuntocritico\/wp-content\/uploads\/2021\/02\/estela-de-Behistun-610x305.jpg 610w\" sizes=\"auto, (max-width: 660px) 100vw, 660px\" \/><figcaption id=\"caption-attachment-1757703\" class=\"wp-caption-text\"><span style=\"color: #008000;\">Estela-de-Behistun (Dar\u00edo el Grande)<\/span><\/figcaption><\/figure>\n<p>&nbsp;<\/p>\n<p style=\"text-align: justify;\"><span style=\"font-size: 14pt;\"><strong>Her\u00f3doto<\/strong>, por lo tanto, se ha inventado el orden de los <strong>reyes Astiages y Ci\u00e1xares<\/strong>, al hacer a <strong>Ci\u00e1xares<\/strong>, hijo y sucesor de <strong>Fraortes<\/strong>, al hacer al padre y predecesor de <strong>Astiages<\/strong>, el padre de <strong>Mandane<\/strong> y abuelo de <strong>Ciro<\/strong> y al decirnos que este <strong>Astiages<\/strong> se cas\u00f3 con <strong>Arienis<\/strong>, la hija de <strong>Aliates<\/strong>, <em><strong>rey de Lidia<\/strong><\/em>, y que al final, fue hecho prisionero y privado de su dominio por <strong>Ciro<\/strong>. Asimismo <strong>Pausanias<\/strong> se ha copiado de <strong>Her\u00f3doto<\/strong> en decir que <strong>Astiages<\/strong>, el hijo de <strong>Ci\u00e1xares<\/strong> reinaba en <em><strong>Media<\/strong> <\/em>durante los d\u00edas de <strong>Aliates<\/strong>, <em><strong>rey de Lidia<\/strong><\/em>. <strong>Ci\u00e1xares<\/strong> ten\u00eda un hijo que se cas\u00f3 con <strong>Arienis<\/strong>, la hija de <strong>Aliates<\/strong>, pero este hijo no era el padre de <strong>Mandane<\/strong> y abuelo de <strong>Ciro<\/strong>, sino que ten\u00eda la misma edad que <strong>Ciro<\/strong>, y su verdadero nombre se ha conservado en el nombre de <em>\u201c<strong>d\u00e1ricos<\/strong><\/em>\u201d. Asimismo, este hijo fue el que a la conquista de <strong>Creso<\/strong> bajo la direcci\u00f3n de su general <strong>Ciro<\/strong>, acu\u00f1\u00f3 monedas de oro y plata usando materiales de los conquistados <em><strong>lidios<\/strong><\/em>. Su nombre, era, por tanto, <strong>Dar\u00edo<\/strong>, como lo llama <strong>Daniel<\/strong>, pues Daniel nos dice que este <strong>Dar\u00edo<\/strong> era un <em><strong>medo<\/strong><\/em>, y que su padre se llamaba <strong>Asuero<\/strong>, o sea, <strong>Ajeres o Ci\u00e1xares<\/strong>, como se ha mencionado antes.<\/span><\/p>\n<p style=\"text-align: justify;\"><span style=\"font-size: 14pt;\">Considerando, por tanto, que <strong>Ci\u00e1xares<\/strong> rein\u00f3 durante mucho tiempo y que ning\u00fan autor menciona m\u00e1s <em><strong>reyes de Media<\/strong><\/em> que a uno llamado <strong>Astiages<\/strong>, y que <strong>Esquilo<\/strong>, que vivi\u00f3 en esos d\u00edas, conoc\u00eda s\u00f3lo dos grandes monarcas de <em><strong>Media<\/strong> <\/em>y <em><strong>Persia<\/strong><\/em>, padre e hijo, m\u00e1s viejos que <strong>Ciro<\/strong>, me parece a m\u00ed que <strong>Astiages<\/strong>, el padre de <strong>Mandane<\/strong> y abuelo de <strong>Ciro<\/strong>, era el padre y predecesor de <strong>Ci\u00e1xares<\/strong>, y que el hijo y sucesor de <strong>Ci\u00e1xares<\/strong> se llamaba <strong>Dar\u00edo<\/strong>.<\/span><\/p>\n<p style=\"text-align: justify;\"><span style=\"font-size: 14pt;\"><strong>Ci\u00e1xares<\/strong>, seg\u00fan <strong>Her\u00f3doto<\/strong>, rein\u00f3 durante 40 a\u00f1os. Su sucesor rein\u00f3 35, y <strong>Ciro<\/strong>, seg\u00fan <strong>Jenofonte<\/strong>, siete. <strong>Ciro<\/strong> muri\u00f3 Anno Nabonasar.219 seg\u00fan el canon, y, por tanto, <strong>Ci\u00e1xares<\/strong> muri\u00f3 en Anno Nabonass. 177 y comenz\u00f3 su reinado Anno Nabonass. 137. Su padre <strong>Astiages<\/strong> rein\u00f3 durante 26 a\u00f1os ya que su reinado comenz\u00f3 con la muerte de <strong>Fraortes<\/strong>, que fue asesinado por los <em><strong>asirios<\/strong><\/em>, Anno Nabonass.111, como se ha mencionado antes.<\/span><\/p>\n<p style=\"text-align: justify;\"><span style=\"font-size: 14pt;\">De todos los <em><strong>reyes de los medos<\/strong><\/em>, <strong>Ci\u00e1xares<\/strong> fue el mejor guerrero. <strong>Her\u00f3doto<\/strong> nos dice que era mucho m\u00e1s valiente que sus antepasados y que fue el primero que dividi\u00f3 el reino en provincias y convirti\u00f3 las fuerzas armadas irregulares e indisciplinadas de los medos en disciplina y orden. Por tanto, siguiendo el testimonio de <strong>Her\u00f3doto<\/strong>, <strong>Ci\u00e1xares<\/strong> fue ese <em><strong>rey de los medos<\/strong><\/em> al que <strong>Esquilo<\/strong> hace el primer conquistador y fundador del imperio, ya que <strong>Her\u00f3doto<\/strong> los representa a \u00e9l y a su hijo como los dos predecesores inmediatos de <strong>Ciro<\/strong>, equivoc\u00e1ndose s\u00f3lo en el nombre del hijo.<\/span><\/p>\n<p style=\"text-align: justify;\"><span style=\"font-size: 14pt;\"><strong>Astiages<\/strong> no hizo nada glorioso. Al principio de su reinado una gran cantidad de <em><strong>escitas<\/strong><\/em>, capitaneados por <strong>Madies<\/strong>, invadieron <em><strong>Media<\/strong> <\/em>y <em><strong>Partia<\/strong><\/em>, como se ha mencionado antes, y rein\u00f3 all\u00ed durante unos 28 a\u00f1os. No obstante, al final, su hijo <strong>Ci\u00e1xares<\/strong> le tendi\u00f3 una trampa, lo mat\u00f3 en un banquete e hizo que el resto huyera para reunirse con sus paisanos en <em><strong>Partia<\/strong><\/em>. Justo despu\u00e9s, junto con <strong>Nabucodonosor<\/strong>, invadi\u00f3 y someti\u00f3 el <em><strong>reino de Asiria<\/strong><\/em> y destruy\u00f3 <em><strong>N\u00ednive<\/strong><\/em>.<\/span><\/p>\n<p style=\"text-align: justify;\">\u00a0<\/p>\n<figure id=\"attachment_1754121\" aria-describedby=\"caption-attachment-1754121\" style=\"width: 422px\" class=\"wp-caption aligncenter\"><img loading=\"lazy\" decoding=\"async\" class=\"wp-image-1754121 size-full\" src=\"https:\/\/puntocritico.com\/ausajpuntocritico\/wp-content\/uploads\/2021\/02\/Jeroboam_I.jpg\" alt=\"\" width=\"422\" height=\"424\" data-id=\"1754121\" srcset=\"https:\/\/puntocritico.com\/ausajpuntocritico\/wp-content\/uploads\/2021\/02\/Jeroboam_I.jpg 422w, https:\/\/puntocritico.com\/ausajpuntocritico\/wp-content\/uploads\/2021\/02\/Jeroboam_I-300x300.jpg 300w, https:\/\/puntocritico.com\/ausajpuntocritico\/wp-content\/uploads\/2021\/02\/Jeroboam_I-150x150.jpg 150w\" sizes=\"auto, (max-width: 422px) 100vw, 422px\" \/><figcaption id=\"caption-attachment-1754121\" class=\"wp-caption-text\"><span style=\"color: #008000;\">Jeroboam I<\/span><\/figcaption><\/figure>\n<p>&nbsp;<\/p>\n<p><img loading=\"lazy\" decoding=\"async\" class=\"aligncenter wp-image-9528\" src=\"https:\/\/puntocritico.com\/ausajpuntocritico\/wp-content\/uploads\/2018\/03\/Mosca_Punto_Cr\u00edtico_40.png\" alt=\"\" width=\"80\" height=\"80\" data-id=\"9528\" \/><\/p>\n<p>&nbsp;<\/p>\n","protected":false},"excerpt":{"rendered":"<div class=\"mh-excerpt\"><p>\u00cdNDICE DE LA OBRA *** LA CRONOLOG\u00cdA DE LOS REINOS ANTIGUOS, ENMENDADA Por Isaac Newton CAPITULO IV. De los dos imperios contempor\u00e1neos, el de los babilonios y el de los medos. PRIMERA PARTE &nbsp; \u00a0 <a class=\"mh-excerpt-more\" href=\"https:\/\/puntocritico.com\/ausajpuntocritico\/2021\/02\/07\/la-cronologia-de-los-reinos-antiguos-enmendada-3\/\" title=\"LA CRONOLOG\u00cdA DE NEWTON: \u00abThe Chronology of Ancient Kingdoms Amended\u00bb, Sir Isaac Newton (1728), traducci\u00f3n de Mar\u00eda Jos\u00e9 Carrasco Garc\u00eda. CAPITULO IV: \u00abDe los dos imperios contempor\u00e1neos, el de los babilonios y el de los medos\u00bb. Primera Parte\">[&#8230;]<\/a><\/p>\n<\/div>","protected":false},"author":3,"featured_media":1754082,"comment_status":"open","ping_status":"closed","sticky":false,"template":"","format":"standard","meta":{"_acf_changed":false,"_exactmetrics_skip_tracking":false,"_exactmetrics_sitenote_active":false,"_exactmetrics_sitenote_note":"","_exactmetrics_sitenote_category":0,"footnotes":""},"categories":[15],"tags":[],"class_list":{"0":"post-1552179","1":"post","2":"type-post","3":"status-publish","4":"format-standard","5":"has-post-thumbnail","7":"category-sabiduria_perenne"},"acf":[],"_links":{"self":[{"href":"https:\/\/puntocritico.com\/ausajpuntocritico\/wp-json\/wp\/v2\/posts\/1552179","targetHints":{"allow":["GET"]}}],"collection":[{"href":"https:\/\/puntocritico.com\/ausajpuntocritico\/wp-json\/wp\/v2\/posts"}],"about":[{"href":"https:\/\/puntocritico.com\/ausajpuntocritico\/wp-json\/wp\/v2\/types\/post"}],"author":[{"embeddable":true,"href":"https:\/\/puntocritico.com\/ausajpuntocritico\/wp-json\/wp\/v2\/users\/3"}],"replies":[{"embeddable":true,"href":"https:\/\/puntocritico.com\/ausajpuntocritico\/wp-json\/wp\/v2\/comments?post=1552179"}],"version-history":[{"count":0,"href":"https:\/\/puntocritico.com\/ausajpuntocritico\/wp-json\/wp\/v2\/posts\/1552179\/revisions"}],"wp:featuredmedia":[{"embeddable":true,"href":"https:\/\/puntocritico.com\/ausajpuntocritico\/wp-json\/wp\/v2\/media\/1754082"}],"wp:attachment":[{"href":"https:\/\/puntocritico.com\/ausajpuntocritico\/wp-json\/wp\/v2\/media?parent=1552179"}],"wp:term":[{"taxonomy":"category","embeddable":true,"href":"https:\/\/puntocritico.com\/ausajpuntocritico\/wp-json\/wp\/v2\/categories?post=1552179"},{"taxonomy":"post_tag","embeddable":true,"href":"https:\/\/puntocritico.com\/ausajpuntocritico\/wp-json\/wp\/v2\/tags?post=1552179"}],"curies":[{"name":"wp","href":"https:\/\/api.w.org\/{rel}","templated":true}]}}