{"id":15167,"date":"2026-02-06T00:05:27","date_gmt":"2026-02-05T23:05:27","guid":{"rendered":"http:\/\/puntocritico.com\/?p=15167"},"modified":"2026-03-03T17:31:26","modified_gmt":"2026-03-03T16:31:26","slug":"kant-y-espinosa-deseo","status":"publish","type":"post","link":"https:\/\/puntocritico.com\/ausajpuntocritico\/2026\/02\/06\/kant-y-espinosa-deseo\/","title":{"rendered":"KANT Y ESPINOSA: DESEO PATOL\u00d3GICO Y DESEO COMO ESENCIA HUMANA, por  Francisco Jos\u00e9 Mart\u00ednez"},"content":{"rendered":"<p style=\"text-align: justify;\"><span style=\"font-size: 14pt; color: #008000;\">KANT Y ESPINOSA: DESEO PATOL\u00d3GICO Y DESEO COMO ESENCIA HUMANA<\/span><\/p>\n\n<p>&nbsp;<\/p>\n<h2 style=\"text-align: center;\"><span style=\"font-family: georgia, palatino, serif; font-size: 24pt;\">KANT Y ESPINOSA: DESEO PATOL\u00d3GICO Y DESEO COMO ESENCIA HUMANA<\/span><\/h2>\n<p style=\"text-align: center;\"><strong><span style=\"font-size: 18pt; font-family: georgia, palatino, serif; color: #008000;\">Francisco Jos\u00e9 Mart\u00ednez<\/span><\/strong><\/p>\n<p style=\"text-align: center;\"><strong><span style=\"font-size: 14pt;\">UNED<\/span><\/strong><\/p>\n<p><a href=\"https:\/\/puntocritico.com\/ausajpuntocritico\/wp-content\/uploads\/2018\/11\/deseo-patologico-kant-spinoza.jpg\" rel=\"lightbox[15167]\"><img loading=\"lazy\" decoding=\"async\" class=\"aligncenter wp-image-15178\" src=\"https:\/\/puntocritico.com\/ausajpuntocritico\/wp-content\/uploads\/2018\/11\/deseo-patologico-kant-spinoza.jpg\" alt=\"KANT Y ESPINOSA\" width=\"330\" height=\"383\" srcset=\"https:\/\/puntocritico.com\/ausajpuntocritico\/wp-content\/uploads\/2018\/11\/deseo-patologico-kant-spinoza.jpg 345w, https:\/\/puntocritico.com\/ausajpuntocritico\/wp-content\/uploads\/2018\/11\/deseo-patologico-kant-spinoza-259x300.jpg 259w, https:\/\/puntocritico.com\/ausajpuntocritico\/wp-content\/uploads\/2018\/11\/deseo-patologico-kant-spinoza-129x150.jpg 129w\" sizes=\"auto, (max-width: 330px) 100vw, 330px\" \/><\/a><\/p>\n<p>&nbsp;<\/p>\n<blockquote>\n<p style=\"text-align: center;\"><strong><span style=\"font-family: georgia, palatino, serif; font-size: 14pt; color: #008000;\"><em>El presente trabajo plantea las diferentes posiciones que en relaci\u00f3n al deseo mantienen Kant y Espinosa explicando c\u00f3mo mientras que para el fil\u00f3sofo alem\u00e1n todas las motivaciones que tienen su origen en la facultad de desear son patol\u00f3gicas, para el fil\u00f3sofo de \u00c1msterdam el deseo es la esencia del ser humano <\/em><a style=\"color: #008000;\" href=\"#ref1\">[1]<\/a>.<\/span><\/strong><\/p>\n<\/blockquote>\n<p>&nbsp;<\/p>\n<p style=\"text-align: center;\"><img loading=\"lazy\" decoding=\"async\" class=\"aligncenter wp-image-2317217\" src=\"https:\/\/puntocritico.com\/ausajpuntocritico\/wp-content\/uploads\/2026\/02\/deseo-patologico-venganza-300x169.webp\" alt=\"KANT Y ESPINOSA: DESEO PATOL\u00d3GICO Y DESEO COMO ESENCIA HUMANA\n\" width=\"480\" height=\"270\" srcset=\"https:\/\/puntocritico.com\/ausajpuntocritico\/wp-content\/uploads\/2026\/02\/deseo-patologico-venganza-300x169.webp 300w, https:\/\/puntocritico.com\/ausajpuntocritico\/wp-content\/uploads\/2026\/02\/deseo-patologico-venganza-1024x576.webp 1024w, https:\/\/puntocritico.com\/ausajpuntocritico\/wp-content\/uploads\/2026\/02\/deseo-patologico-venganza-768x432.webp 768w, https:\/\/puntocritico.com\/ausajpuntocritico\/wp-content\/uploads\/2026\/02\/deseo-patologico-venganza-678x381.webp 678w, https:\/\/puntocritico.com\/ausajpuntocritico\/wp-content\/uploads\/2026\/02\/deseo-patologico-venganza.webp 1200w\" sizes=\"auto, (max-width: 480px) 100vw, 480px\" \/><\/p>\n<p>&nbsp;<\/p>\n<p style=\"text-align: justify;\"><span style=\"font-family: georgia, palatino, serif; font-size: 14pt;\">La posici\u00f3n respecto del <strong>deseo como motor de la acci\u00f3n (<em>moral<\/em>) humana<\/strong> es diametralmente opuesta en <a href=\"https:\/\/puntocritico.com\/ausajpuntocritico\/2022\/12\/20\/sapere-aude-que-es-la-ilustracion-por-inmanuel-kant\/\" target=\"_blank\" rel=\"noopener\" data-schema-attribute=\"\"><strong>Kant<\/strong><\/a> y en <a href=\"https:\/\/puntocritico.com\/ausajpuntocritico\/tag\/spinoza\/\" target=\"_blank\" rel=\"noopener\" data-schema-attribute=\"\"><strong>Espinosa<\/strong><\/a>, mientras que para el fil\u00f3sofo alem\u00e1n <em>todas las motivaciones que tienen su origen en la facultad de desear son patol\u00f3gicas<\/em>, para el fil\u00f3sofo de \u00c1msterdam &#8216;<em>el deseo es la esencia del ser humano<\/em>&#8216;.<\/span><\/p>\n<p style=\"text-align: justify;\"><span style=\"font-family: georgia, palatino, serif; font-size: 14pt;\">Como muy bien nos recuerda <a href=\"https:\/\/puntocritico.com\/ausajpuntocritico\/2023\/05\/12\/deleuze-en-medio-de-spinoza\/\" target=\"_blank\" rel=\"noopener\" data-schema-attribute=\"\"><strong>Deleuze<\/strong><\/a>, <strong>Kant<\/strong>, en un primer sentido de la <em>noci\u00f3n de facultad<\/em>, <strong>distingue tantas facultades del alma como tipos distintos de relaci\u00f3n que se pueden establecer en las representaciones entre el objeto y el sujeto<\/strong>. <\/span><\/p>\n<p style=\"text-align: justify;\"><span style=\"font-family: georgia, palatino, serif; font-size: 14pt;\">En este sentido la <strong>facultad de conocer <\/strong>se refiere a la<strong> relaci\u00f3n de conformidad que se puede establecer entre un sujeto y un objeto<\/strong>; la <strong>facultad de desear<\/strong> se refiere a la <strong>relaci\u00f3n de causalidad que se da entre una representaci\u00f3n y el objeto de dicha representaci\u00f3n<\/strong>; por \u00faltimo la <strong>relaci\u00f3n entre la representaci\u00f3n y el propio sujeto que la tiene<\/strong> da lugar a la facultad que se presenta como el<strong> sentimiento de placer y dolor<\/strong> <a id=\"ref2a\"><\/a><a href=\"#ref2\"><strong>[2]<\/strong><\/a>. <\/span><\/p>\n<p style=\"text-align: justify;\"><span style=\"font-family: georgia, palatino, serif; font-size: 14pt;\">En un segundo sentido, <strong>la noci\u00f3n de facultad<\/strong> no reenv\u00eda a las diferentes relaciones de que pueden ser capaces las representaciones, sino m\u00e1s que bien<strong> se refiere a las diferentes fuentes posibles de representaciones<\/strong>:<\/span><\/p>\n<blockquote>\n<p style=\"text-align: justify;\"><strong><span style=\"font-family: georgia, palatino, serif; font-size: 14pt; color: #008000;\"> imaginaci\u00f3n, entendimiento, raz\u00f3n.<\/span><\/strong><\/p>\n<\/blockquote>\n<p>&nbsp;<\/p>\n<p style=\"text-align: justify;\"><span style=\"font-family: georgia, palatino, serif; font-size: 14pt;\">La <em>doctrina de las facultades<\/em> da lugar en <strong>Kant<\/strong> a un denso entramado que constituye el <strong>m\u00e9todo trascendental<\/strong>, seg\u00fan el cual:<\/span><\/p>\n<blockquote>\n<p style=\"text-align: justify;\"><strong><span style=\"font-family: georgia, palatino, serif; font-size: 14pt; color: #008000;\"><em>a cada facultad en el primer sentido de la palabra (facultad de conocer, facultad de desear, sentimiento de placer y dolor) tiene que corresponder una relaci\u00f3n determinada entre las facultades en el segundo sentido de la palabra (imaginaci\u00f3n, entendimiento, raz\u00f3n) <\/em><a id=\"ref3a\" style=\"color: #008000;\"><\/a><a style=\"color: #008000;\" href=\"#ref3\">[3]<\/a>.<\/span><\/strong><\/p>\n<\/blockquote>\n<p>&nbsp;<\/p>\n<p><img loading=\"lazy\" decoding=\"async\" class=\"aligncenter wp-image-15873 size-full\" src=\"https:\/\/puntocritico.com\/ausajpuntocritico\/wp-content\/uploads\/2018\/12\/kant-1.jpg\" alt=\"\" width=\"254\" height=\"320\" srcset=\"https:\/\/puntocritico.com\/ausajpuntocritico\/wp-content\/uploads\/2018\/12\/kant-1.jpg 254w, https:\/\/puntocritico.com\/ausajpuntocritico\/wp-content\/uploads\/2018\/12\/kant-1-238x300.jpg 238w\" sizes=\"auto, (max-width: 254px) 100vw, 254px\" \/><\/p>\n<p style=\"text-align: justify;\">\n<span style=\"font-family: georgia, palatino, serif; font-size: 14pt;\">Para <strong>Kant<\/strong>, <strong>la raz\u00f3n admite un uso pr\u00e1ctico<\/strong> en tanto que <strong>es capaz de producir representaciones que puede determinar a la voluntad<\/strong>;\u00a0<\/span><span style=\"font-family: georgia, palatino, serif; font-size: 14pt;\"> esta determinaci\u00f3n se puede deber a la <strong>raz\u00f3n emp\u00edricamente condicionada<\/strong>, por inclinaciones o deseos, o a la <strong>raz\u00f3n<\/strong> <strong>pura<\/strong>; <strong>s\u00f3lo en este caso se puede decir que la raz\u00f3n es pr\u00e1ctica<\/strong> en un sentido incondicionado. <\/span><\/p>\n<p style=\"text-align: justify;\"><span style=\"font-family: georgia, palatino, serif; font-size: 14pt;\">La <strong>voluntad<\/strong> se ve <strong>determinada a actuar por principios pr\u00e1cticos<\/strong> que pueden ser <strong>m\u00e1ximas<\/strong> cuando son <em>subjetivos<\/em>, es decir valederos s\u00f3lo para la voluntad de un sujeto concreto o <strong>leyes pr\u00e1cticas<\/strong> que son <em>objetivas<\/em>, en el sentido de que <strong>son valederas no s\u00f3lo para todos los hombres sino incluso para todo ser racional<\/strong>, con esta formulaci\u00f3n un tanto enigm\u00e1tica con la que <strong>Kant<\/strong> parece aceptar la existencia de <em>\u00e1ngeles<\/em>. <\/span><\/p>\n<p style=\"text-align: justify;\"><span style=\"font-family: georgia, palatino, serif; font-size: 14pt;\">Las <strong>m\u00e1ximas subjetivas de un individuo concreto<\/strong> pueden entrar en conflicto con las leyes pr\u00e1cticas en el caso de que su <strong>voluntad<\/strong> se encuentre <strong>patol\u00f3gicamente<\/strong> <strong>condicionada<\/strong>, es decir <strong>afectada fundamentalmente por la facultad de desear m\u00e1s que por la pura raz\u00f3n<\/strong>. <\/span><\/p>\n<p style=\"text-align: justify;\"><span style=\"font-family: georgia, palatino, serif; font-size: 14pt;\">Las <strong>reglas que prescriben acciones<\/strong> para seres como los humanos que <strong>no tienen a la raz\u00f3n<\/strong> <strong>como \u00fanico fundamento de la voluntad<\/strong>, sino que \u00e9sta se encuentra tambi\u00e9n <strong>sometida al influjo de sus inclinaciones y deseos<\/strong>, es un <strong>imperativo<\/strong> que expresa un <strong>deber ser<\/strong> el cual <strong>ejerce una compulsi\u00f3n sobre la acci\u00f3n pero no la determina completamente<\/strong>, ya que esto s\u00f3lo suceder\u00eda en el caso de que la raz\u00f3n pura fuese la \u00fanica determinaci\u00f3n de la acci\u00f3n y no compartiera dicha determinaci\u00f3n con las inclinaciones y deseos.<\/span><\/p>\n<p>&nbsp;<\/p>\n<p><img loading=\"lazy\" decoding=\"async\" class=\"aligncenter wp-image-2222289\" src=\"https:\/\/puntocritico.com\/ausajpuntocritico\/wp-content\/uploads\/2021\/08\/Spinoza-razon-y-libertad-300x148.jpg\" alt=\"\" width=\"480\" height=\"237\" srcset=\"https:\/\/puntocritico.com\/ausajpuntocritico\/wp-content\/uploads\/2021\/08\/Spinoza-razon-y-libertad-300x148.jpg 300w, https:\/\/puntocritico.com\/ausajpuntocritico\/wp-content\/uploads\/2021\/08\/Spinoza-razon-y-libertad.jpg 320w\" sizes=\"auto, (max-width: 480px) 100vw, 480px\" \/><\/p>\n<p>&nbsp;<\/p>\n<p style=\"text-align: justify;\"><span style=\"font-family: georgia, palatino, serif; font-size: 14pt;\"><strong>Los imperativos pueden ser hipot\u00e9ticos o reglas de habilidad<\/strong> si indican los medios necesarios para conseguir un fin dado, o <strong>categ\u00f3ricos<\/strong> si determinan s\u00f3lo la voluntad, con independencia de que consigan producir su efecto o no. <strong>S\u00f3lo estos \u00faltimos pueden constituir leyes pr\u00e1cticas<\/strong>.\u00a0<\/span><\/p>\n<p style=\"text-align: justify;\"><span style=\"font-family: georgia, palatino, serif; font-size: 14pt;\">Frente a la concepci\u00f3n independiente de la voluntad que subyace a la teor\u00eda <em>kantiana<\/em> de las facultades, <strong>Espinosa<\/strong> <strong>rechaza la divisi\u00f3n del alma en facultades<\/strong> <a id=\"ref4a\"><\/a><a href=\"#ref4\"><strong>[4]<\/strong><\/a> (E, II, 48 esc.) y en consecuencia <strong>identifica el entendimiento y la voluntad<\/strong> <a id=\"ref5a\"><\/a><a href=\"#ref5\"><strong>[5]<\/strong><\/a> (<em>E, II, 49 cor.<\/em>). <\/span><\/p>\n<p style=\"text-align: justify;\"><span style=\"font-family: georgia, palatino, serif; font-size: 14pt;\"><strong>Las facultades del alma son ideas universales<\/strong>, es decir<strong> entes metaf\u00edsicos<\/strong>, que no se distinguen realmente de los singulares a los que se aplican. Por otra parte, <strong>la voluntad no se extiende m\u00e1s all\u00e1 de la facultad de concebir en su conjunto<\/strong> (<em>contra <strong>Descartes<\/strong><\/em>), aunque s\u00ed es m\u00e1s extensa que el entendimiento, si se reduce \u00e9ste al conjunto de las i<em>deas claras y distintas<\/em>.<\/span><\/p>\n<p style=\"text-align: justify;\"><span style=\"font-family: georgia, palatino, serif; font-size: 14pt;\"><strong>El rechazo de las motivaciones que tienen su origen en los deseos e inclinaciones<\/strong> se debe en el fil\u00f3sofo de <em>Konigsberg<\/em> a su formalismo que queda claramente expuesto <strong>en los tres primeros teoremas de la Anal\u00edtica de la <a href=\"https:\/\/es.wikipedia.org\/wiki\/Cr%C3%ADtica_de_la_raz%C3%B3n_pr%C3%A1ctica\" target=\"_blank\" rel=\"noopener\" data-schema-attribute=\"\">Cr\u00edtica de la Raz\u00f3n Pr\u00e1ctica<\/a>. El primero de los cuales dice as\u00ed:<\/strong><\/span><\/p>\n<blockquote>\n<p style=\"text-align: justify; padding-left: 30px;\"><span style=\"color: #008000;\"><strong><em><span style=\"font-family: georgia, palatino, serif; font-size: 14pt;\">Todos los principios pr\u00e1cticos que suponen un objeto (materia) de la facultad de desear como fundamento de determinaci\u00f3n de la voluntad, son todos ellos emp\u00edricos y no pueden proporcionar ley pr\u00e1ctica alguna.<\/span><\/em><\/strong><\/span><\/p>\n<\/blockquote>\n<p>&nbsp;<\/p>\n<p><a href=\"https:\/\/puntocritico.com\/ausajpuntocritico\/2024\/03\/26\/principios-metafisicos-del-derecho-2-de-la-idea-y-de-la-necesidad-de-una-metafisica-de-las-costumbres\/\" target=\"_blank\" rel=\"noopener\" data-schema-attribute=\"\"><img loading=\"lazy\" decoding=\"async\" class=\"aligncenter wp-image-2295125\" src=\"https:\/\/puntocritico.com\/ausajpuntocritico\/wp-content\/uploads\/2024\/03\/mercurio-Kant-PPAL-2-300x199.jpg\" alt=\"\" width=\"440\" height=\"292\" srcset=\"https:\/\/puntocritico.com\/ausajpuntocritico\/wp-content\/uploads\/2024\/03\/mercurio-Kant-PPAL-2-300x199.jpg 300w, https:\/\/puntocritico.com\/ausajpuntocritico\/wp-content\/uploads\/2024\/03\/mercurio-Kant-PPAL-2-678x452.jpg 678w, https:\/\/puntocritico.com\/ausajpuntocritico\/wp-content\/uploads\/2024\/03\/mercurio-Kant-PPAL-2.jpg 680w\" sizes=\"auto, (max-width: 440px) 100vw, 440px\" \/><\/a><\/p>\n<p>&nbsp;<\/p>\n<p style=\"text-align: justify;\"><span style=\"font-family: georgia, palatino, serif; font-size: 14pt;\">Mientras que <strong>el segundo reduce todos los principios materiales a uno solo<\/strong>: el <strong>principio universal de amor a s\u00ed mismo<\/strong>, o de la felicidad propia. <\/span><\/p>\n<p style=\"text-align: justify;\"><span style=\"font-family: georgia, palatino, serif; font-size: 14pt;\">Por \u00faltimo, <strong>el <em>tercer Teorema<\/em> refuerza al formalismo<\/strong> al afirmar que para que las m\u00e1ximas de un ser racional puedan convertirse en <strong>leyes pr\u00e1cticas universales<\/strong> tienen que <strong>fundamentar la voluntad seg\u00fan la forma y no seg\u00fan la materia<\/strong>. <\/span><\/p>\n<p style=\"text-align: justify;\"><span style=\"font-family: georgia, palatino, serif; font-size: 14pt;\">En conclusi\u00f3n, <strong>dado que la universalidad de la ley moral s\u00f3lo se consigue a trav\u00e9s de su forma, las motivaciones debidas a los deseos e inclinaciones por ser materiales y emp\u00edricas no pueden constituirse como leyes pr\u00e1cticas<\/strong>; en especial, no se puede colocar en la base de las leyes morales la b\u00fasqueda de la felicidad basada en el amor a s\u00ed mismo, base de las \u00e9ticas de corte cl\u00e1sico. <\/span><\/p>\n<p style=\"text-align: justify;\"><span style=\"font-family: georgia, palatino, serif; font-size: 14pt;\"><strong>El formalismo de la <em>\u00e9tica kantiana<\/em> hace de la misma un ejemplo privilegiado de las \u00e9ticas modernas, si no su prototipo<\/strong>, ya que se sit\u00faa en la estela de la <strong>b\u00fasqueda de la universalidad<\/strong> que est\u00e1 en la base de la <em>ciencia moderna galileana y newtoniana<\/em>, en clara contraposici\u00f3n con las \u00e9ticas materiales de la <em>Antig\u00fcedad cl\u00e1sica<\/em> basadas en principios materiales, y especialmente en la <em>b\u00fasqueda de la felicidad<\/em>, como el propio <strong>Kant<\/strong> reconoce en sus an\u00e1lisis de las posturas \u00e9ticas de <a href=\"https:\/\/puntocritico.com\/ausajpuntocritico\/2022\/08\/22\/estoicos-el-estoicismo-crea-individuos-que-no-pueden-ser-intimidados-por-los-poderosos-porque-no-temen-abandonar-todo-o-morir\/\" target=\"_blank\" rel=\"noopener\" data-schema-attribute=\"\"><em><strong>estoicos<\/strong> <\/em><\/a>y <a href=\"https:\/\/puntocritico.com\/ausajpuntocritico\/2024\/10\/20\/de-rerum-natura-epicuro-a-meneceo\/\" target=\"_blank\" rel=\"noopener\" data-schema-attribute=\"\"><em><strong>epic\u00fareos<\/strong><\/em><\/a>.\u00a0<\/span><\/p>\n<p>&nbsp;<\/p>\n<figure id=\"attachment_15176\" aria-describedby=\"caption-attachment-15176\" style=\"width: 678px\" class=\"wp-caption aligncenter\"><a href=\"https:\/\/puntocritico.com\/ausajpuntocritico\/wp-content\/uploads\/2018\/11\/deseo-patologico-4-kant-spinoza-Johann_Heinrich_F\u00fcssli.jpg\" rel=\"lightbox[15167]\"><img loading=\"lazy\" decoding=\"async\" class=\"wp-image-15176 size-mh-magazine-content\" src=\"https:\/\/puntocritico.com\/ausajpuntocritico\/wp-content\/uploads\/2018\/11\/deseo-patologico-4-kant-spinoza-Johann_Heinrich_F\u00fcssli-678x381.jpg\" alt=\"\" width=\"678\" height=\"381\" \/><\/a><figcaption id=\"caption-attachment-15176\" class=\"wp-caption-text\"><span style=\"color: #008000;\">Falstaff en el ba\u00f1o, por Johann Heinrich Fuessli<\/span><\/figcaption><\/figure>\n<p>&nbsp;<\/p>\n<p style=\"text-align: justify;\"><span style=\"font-family: georgia, palatino, serif; font-size: 14pt;\">Como incisivamente remarca <a href=\"https:\/\/es.wikipedia.org\/wiki\/Jacques_Lacan\" target=\"_blank\" rel=\"noopener\" data-schema-attribute=\"\"><strong>Lacan<\/strong><\/a>, el sujeto encuentra la ley cuando no tiene ante s\u00ed ning\u00fan objeto concreto, sensible, <em><strong>patol\u00f3gico<\/strong> <\/em>en la terminolog\u00eda <em>kantiana<\/em>.\u00a0<\/span><span style=\"font-family: georgia, palatino, serif; font-size: 14pt;\"><strong>La ley supone, pues, el sacrificio de la existencia singular de los objetos<\/strong>. <\/span><\/p>\n<p style=\"text-align: justify;\"><span style=\"font-family: georgia, palatino, serif; font-size: 14pt;\">Adem\u00e1s<strong> la ley exige el sacrificio del bienestar que proporcionan los objetos<\/strong>; la <em>ley moral kantiana<\/em> se sit\u00faa &#8216;<em>m\u00e1s all\u00e1 de todo bienestar<\/em>&#8216;, o en terminolog\u00eda <em>freudiana<\/em>, &#8216;<em>m\u00e1s all\u00e1 del principio del placer<\/em>&#8216; que, como conviene no olvidar, se relaciona de forma esencial con el principio de realidad. <\/span><\/p>\n<p style=\"text-align: justify;\"><span style=\"font-family: georgia, palatino, serif; font-size: 14pt;\">En este sentido, se puede decir que la<em> ley kantiana<\/em> se sit\u00faa m\u00e1s que del lado del significante, de lo simb\u00f3lico, se sit\u00faa en el \u00e1mbito de lo real, en el \u00e1mbito de la <em><strong>Cosa<\/strong><\/em>, es decir de <strong>aquel resto que resiste a la simbolizaci\u00f3n, de aquello imposible de significar, de aquello que se sit\u00faa fuera de la significaci\u00f3n<\/strong>. <\/span><\/p>\n<p style=\"text-align: justify;\"><span style=\"font-family: georgia, palatino, serif; font-size: 14pt;\">La <em><strong>Cosa<\/strong> <\/em>es una pura p\u00e9rdida pura y originaria y en ese sentido coincide con la ley, ya que ambas est\u00e1n incondicionadas y adem\u00e1s se sit\u00faan m\u00e1s all\u00e1 de la b\u00fasqueda del bienestar. <\/span><\/p>\n<p style=\"text-align: justify;\"><span style=\"font-family: georgia, palatino, serif; font-size: 14pt;\">La <em>ley moral<\/em> coincide con la <em><strong>Cosa<\/strong> <\/em>en que <strong>ambas son indiferentes y exigen el sacrificio del objeto de amor<\/strong> en aras de una <em>universalidad imposible<\/em>, que pretende, en la <em>terminolog\u00eda lacaniana<\/em>, hacer surgir el <em><strong>Otro<\/strong> <\/em>del <em><strong>Otro<\/strong><\/em>.<\/span><\/p>\n<p>&nbsp;<\/p>\n<p><img loading=\"lazy\" decoding=\"async\" class=\"aligncenter wp-image-2317239\" src=\"https:\/\/puntocritico.com\/ausajpuntocritico\/wp-content\/uploads\/2026\/02\/kant_sade.jpg\" alt=\"\" width=\"440\" height=\"293\" \/><\/p>\n<p>&nbsp;<\/p>\n<p style=\"text-align: justify;\"><span style=\"font-family: georgia, palatino, serif; font-size: 14pt;\"><strong>Lacan<\/strong> relaciona la <em>ley moral kantiana<\/em> con lo que a primera vista podr\u00eda ser su ant\u00edtesis, la obra de <strong>Sade<\/strong>, especialmente con esa parodia de libro de educaci\u00f3n para se\u00f1oritas que se titula <em>La filosof\u00eda<\/em> <em>en el tocador<\/em>. <\/span><\/p>\n<p style=\"text-align: justify;\"><span style=\"font-family: georgia, palatino, serif; font-size: 14pt;\"><strong>Dos puntos esenciales unifican a Kant con<\/strong> <strong>Sade<\/strong>: en primer lugar, su <strong>rechazo de lo cotidiano, de lo humano<\/strong>, considerado por ambos como <em>patol\u00f3gico<\/em>; y en segundo lugar, su <strong>formalismo exacerbado<\/strong>, su \u00e9nfasis en el <em>estatuto puramente formal de la<\/em> <em>ley<\/em>.<\/span><\/p>\n<p>&nbsp;<\/p>\n<blockquote>\n<p style=\"text-align: center;\"><span style=\"color: #008000;\"><strong><span style=\"font-family: georgia, palatino, serif; font-size: 14pt;\">Para ambos, Kant y Sade, m\u00e1s all\u00e1 de la posibilidad de desear que convierte a un objeto sensible en objeto deseado, se encuentra la ley como algo no condicionado, como lo incondicionado por antonomasia, que coincide como hemos visto, con la <em>Cosa<\/em>, es decir, aquello que est\u00e1 m\u00e1s all\u00e1 de toda significaci\u00f3n, fuera del significante, fuera de lo simb\u00f3lico, en el \u00e1mbito de lo real insimbolizable.<\/span><\/strong><\/span><\/p>\n<\/blockquote>\n<p>&nbsp;<\/p>\n<figure id=\"attachment_2317238\" aria-describedby=\"caption-attachment-2317238\" style=\"width: 666px\" class=\"wp-caption aligncenter\"><img loading=\"lazy\" decoding=\"async\" class=\"wp-image-2317238\" src=\"https:\/\/puntocritico.com\/ausajpuntocritico\/wp-content\/uploads\/2026\/02\/sadekantlacanfreud.jpg\" alt=\"\" width=\"666\" height=\"209\" srcset=\"https:\/\/puntocritico.com\/ausajpuntocritico\/wp-content\/uploads\/2026\/02\/sadekantlacanfreud.jpg 490w, https:\/\/puntocritico.com\/ausajpuntocritico\/wp-content\/uploads\/2026\/02\/sadekantlacanfreud-300x94.jpg 300w\" sizes=\"auto, (max-width: 666px) 100vw, 666px\" \/><figcaption id=\"caption-attachment-2317238\" class=\"wp-caption-text\"><span style=\"color: #008000;\">Sade, Kant, Lacan y Freud<\/span><\/figcaption><\/figure>\n<p>&nbsp;<\/p>\n<p style=\"text-align: justify;\"><span style=\"font-family: georgia, palatino, serif; font-size: 14pt;\">Para ambos, m\u00e1s all\u00e1 de la <strong>posibilidad de desear que convierte a un objeto sensible en objeto deseado<\/strong>, se encuentra <strong>la ley como algo no condicionado<\/strong>, como lo incondicionado por antonomasia, que coincide como hemos visto, con la <em><strong>Cosa<\/strong><\/em>, es decir, <strong>aquello que est\u00e1 m\u00e1s all\u00e1 de toda significaci\u00f3n, fuera del significante, fuera de lo simb\u00f3lico, en el \u00e1mbito de lo real insimbolizable<\/strong>.<\/span><\/p>\n<p style=\"text-align: justify;\"><span style=\"font-family: georgia, palatino, serif; font-size: 14pt;\">Otro punto de coincidencia entre <strong>Kant<\/strong> y <strong>Sade<\/strong>, seg\u00fan <strong>Lacan<\/strong> <a id=\"ref6a\"><\/a><a href=\"#ref6\"><strong>[6]<\/strong><\/a>, estriba en que <strong>ambos relacionan la ley moral con el dolor<\/strong>. En efecto, para <strong>Kant<\/strong>, la <strong>voluntad libre s\u00f3lo puede ser determinada por la ley<\/strong> que como motor de dicha voluntad tiene un <strong>efecto negativo sobre los sentimientos<\/strong> que fundan las inclinaciones y los impulsos sensibles. <\/span><\/p>\n<p style=\"text-align: justify;\"><span style=\"font-family: georgia, palatino, serif; font-size: 14pt;\">Ahora bien, nos dice <strong>Kant<\/strong>,<strong> el efecto negativo sobre los sentimientos es a su vez un sentimiento<\/strong>, un <em>sentimiento<\/em> que puede ser denominado <strong>dolor<\/strong> porque causa perjuicio a todas nuestras inclinaciones <a id=\"ref7a\"><\/a><a href=\"#ref7\"><strong>[7]<\/strong><\/a>. <\/span><\/p>\n<p style=\"text-align: justify;\"><span style=\"font-family: georgia, palatino, serif; font-size: 14pt;\">Por su parte <strong>Sade<\/strong>, seg\u00fan <strong>Lacan<\/strong>, muestra que para desarrollar al m\u00e1ximo el deseo, hasta llegar a la <em><strong>cosa<\/strong><\/em>, <strong>es preciso el dolor, el propio y el de los otros<\/strong>.\u00a0<\/span><\/p>\n<p style=\"text-align: justify;\"><span style=\"font-family: georgia, palatino, serif; font-size: 14pt;\">Pero curiosamente, <strong>Lacan<\/strong> desentra\u00f1ar\u00e1 que <strong>en el fondo de la<em> ley moral<\/em> se encuentre el <em>deseo<\/em><\/strong>, un <strong>deseo puro y desenfrenado<\/strong>,<em> puro incondicionado que destruye todos los deseos parciales, condicionados:<\/em><\/span><\/p>\n<blockquote>\n<p style=\"text-align: justify; padding-left: 30px;\"><span style=\"color: #008000;\"><strong><span style=\"font-family: georgia, palatino, serif; font-size: 14pt;\"><em>La experiencia nos muestra que Kant es m\u00e1s cierto y he probado que su teor\u00eda de la conciencia, cuando escribe sobre la raz\u00f3n pr\u00e1ctica, no se sostiene m\u00e1s que dando una especificaci\u00f3n de la ley moral que, al examinarla de cerca, no es otra cosa que el deseo en estado puro, ese mismo que conduce al sacrificio, propiamente hablando de todo lo que es el objeto del amor en su ternura humana \u2014 digo bien, no s\u00f3lo al rechazo del objeto patol\u00f3gico, sino a su sacrificio y a su asesinato. <\/em><\/span><\/strong><\/span><\/p>\n<p style=\"text-align: justify; padding-left: 30px;\"><span style=\"color: #008000;\"><strong><span style=\"font-family: georgia, palatino, serif; font-size: 14pt;\"><em>Por eso he escrito Kant con Sade <\/em><a id=\"ref8a\" style=\"color: #008000;\"><\/a><a style=\"color: #008000;\" href=\"#ref8\">[8]<\/a>.<\/span><\/strong><\/span><\/p>\n<\/blockquote>\n<p>&nbsp;<\/p>\n<figure id=\"attachment_2266424\" aria-describedby=\"caption-attachment-2266424\" style=\"width: 240px\" class=\"wp-caption aligncenter\"><img loading=\"lazy\" decoding=\"async\" class=\"wp-image-2266424\" src=\"https:\/\/puntocritico.com\/ausajpuntocritico\/wp-content\/uploads\/2023\/02\/170px-De_Sade_sodomy.jpg\" alt=\"\" width=\"240\" height=\"374\" \/><figcaption id=\"caption-attachment-2266424\" class=\"wp-caption-text\"><span style=\"color: #008000;\">De Sade (Sodomy)<\/span><\/figcaption><\/figure>\n<p>&nbsp;<\/p>\n<p style=\"text-align: justify;\"><span style=\"font-family: georgia, palatino, serif; font-size: 14pt;\">La ley moral, \u00bfno representa el deseo en el caso en que no es ya el sujeto, sino el objeto el que falta <a id=\"ref9a\"><\/a><a href=\"#ref9\"><strong>[9]<\/strong><\/a> <strong>Tanto el deseo como la ley moral se caracterizan porque les falta el objeto<\/strong>. <\/span><\/p>\n<p style=\"text-align: justify;\"><span style=\"font-family: georgia, palatino, serif; font-size: 14pt;\">En efecto, el <strong>deseo<\/strong> es constitutivamente <em>meton\u00edmico<\/em>, <strong>se desplaza continuamente de un objeto a otro<\/strong>, lo que indica que no es un objeto concreto, sensible, lo que busca en realidad. <\/span><\/p>\n<p style=\"text-align: justify;\"><span style=\"font-family: georgia, palatino, serif; font-size: 14pt;\">Por su parte, <strong>la ley moral no se define por ning\u00fan objeto, por ninguna materia concreta sino s\u00f3lo por la pura forma<\/strong>. El <strong><em>formalismo<\/em><\/strong>, pues, <strong>unifica al deseo y a la ley moral<\/strong> en su dif\u00edcil, por no decir imposible, relaci\u00f3n con el objeto.<\/span><\/p>\n<p style=\"text-align: justify;\"><span style=\"font-family: georgia, palatino, serif; font-size: 14pt;\">El <em>formalismo kantiano<\/em> es la base de su apuesta por la <strong>autonom\u00eda<\/strong> como clave del comportamiento moral frente a la <strong>heteronom\u00eda<\/strong> que supondr\u00eda la supeditaci\u00f3n de la acci\u00f3n a la ley natural que le induce a seguir sus inclinaciones, es decir\u00a0a <strong>actuar<\/strong>, seg\u00fan esta <em>terminolog\u00eda kantiana<\/em> tan brutal, de forma <em><strong>patol\u00f3gica<\/strong><\/em>. <\/span><\/p>\n<p style=\"text-align: justify;\"><span style=\"font-family: georgia, palatino, serif; font-size: 14pt;\"><strong>En este caso, obramos libremente pero no seg\u00fan la raz\u00f3n pr\u00e1ctica<\/strong>, ya que en la libertad humana siempre hay un elemento de<strong> libre arbitrio<\/strong> que n<strong>os puede llevar a obrar contra la ley moral<\/strong>, como muy bien nos recuerda <strong>Deleuze<\/strong> <a id=\"ref10a\"><\/a><a href=\"#ref10\"><strong>[10]<\/strong><\/a>.<\/span><\/p>\n<p style=\"text-align: justify;\"><span style=\"font-family: georgia, palatino, serif; font-size: 14pt;\">Como vemos, se produce en <strong>Kant<\/strong> una <strong>escisi\u00f3n entre la doctrina de la moralidad y la doctrina de la felicidad<\/strong> que es una consecuencia del <em>car\u00e1cter dial\u00e9ctico de la raz\u00f3n<\/em> <strong>que se presenta no s\u00f3lo en el uso especulativo de la raz\u00f3n sino tambi\u00e9n en su uso pr\u00e1ctico<\/strong>. <\/span><\/p>\n<p style=\"text-align: justify;\"><span style=\"font-family: georgia, palatino, serif; font-size: 14pt;\">Recordemos que la <strong>dial\u00e9ctica de la raz\u00f3n<\/strong> surge al <strong>exigir la totalidad de las condiciones<\/strong>, es decir <strong>algo incondicionado, para un condicionado dado<\/strong>. <\/span><\/p>\n<p style=\"text-align: justify;\"><span style=\"font-family: georgia, palatino, serif; font-size: 14pt;\"><strong>En el caso de la raz\u00f3n pura pr\u00e1ctica<\/strong> lo <strong>condicionado<\/strong> es lo que descansa en inclinaciones y necesidades naturales y lo <strong>incondicionado<\/strong> ser\u00eda la totalidad del objeto de la raz\u00f3n pura pr\u00e1ctica, que <strong>Kan<\/strong><\/span><span style=\"font-family: georgia, palatino, serif; font-size: 14pt;\"><strong>t<\/strong> denomina el <strong>Supremo Bien<\/strong>. <\/span><\/p>\n<p style=\"text-align: justify;\"><span style=\"font-family: georgia, palatino, serif; font-size: 14pt;\">A trav\u00e9s de esta noci\u00f3n de <strong>supremo bien<\/strong> se<strong> reintroduce<em> cierta materialidad en la moralidad<\/em> aunque sea a trav\u00e9s de un objeto tan especial como \u00e9ste<\/strong>, como se puede comprobar en este texto con el que concluye el <em>cap\u00edtulo primero<\/em> de la <strong><em>Dial\u00e9ctica de la raz\u00f3n pura pr\u00e1ctica<\/em><\/strong>:<\/span><\/p>\n<blockquote>\n<p style=\"text-align: justify; padding-left: 30px;\"><strong><span style=\"color: #008000;\"><em><span style=\"font-family: georgia, palatino, serif; font-size: 14pt;\">Pero es f\u00e1cil comprender que si en el concepto del bien supremo est\u00e1 ya incluida la ley moral como condici\u00f3n suma, entonces el supremo bien, no solo es objeto, sino que tambi\u00e9n su concepto y la representaci\u00f3n de la existencia del mismo, posible por nuestra raz\u00f3n pr\u00e1ctica, es al mismo tiempo el fundamento de determinaci\u00f3n de la voluntad pura, porque entonces, en realidad, la ley moral, ya incluida en este concepto y pensada con \u00e9l y no alg\u00fan otro objeto, determina la voluntad, seg\u00fan el principio de la autonom\u00eda.<\/span><\/em><\/span><\/strong><\/p>\n<\/blockquote>\n<p>&nbsp;<\/p>\n<p><a href=\"https:\/\/puntocritico.com\/ausajpuntocritico\/2024\/04\/02\/metafisica-de-las-costumbres-3-de-la-division-de-una-metafisica-de-las-costumbres\/\" target=\"_blank\" rel=\"noopener\" data-schema-attribute=\"\"><img loading=\"lazy\" decoding=\"async\" class=\"aligncenter wp-image-2295306\" src=\"https:\/\/puntocritico.com\/ausajpuntocritico\/wp-content\/uploads\/2024\/03\/KANT-PPAL-3-de-chirico-musas-inquietantes-pintura-metafisica-300x199.jpg\" alt=\"\" width=\"440\" height=\"292\" srcset=\"https:\/\/puntocritico.com\/ausajpuntocritico\/wp-content\/uploads\/2024\/03\/KANT-PPAL-3-de-chirico-musas-inquietantes-pintura-metafisica-300x199.jpg 300w, https:\/\/puntocritico.com\/ausajpuntocritico\/wp-content\/uploads\/2024\/03\/KANT-PPAL-3-de-chirico-musas-inquietantes-pintura-metafisica-678x452.jpg 678w, https:\/\/puntocritico.com\/ausajpuntocritico\/wp-content\/uploads\/2024\/03\/KANT-PPAL-3-de-chirico-musas-inquietantes-pintura-metafisica.jpg 680w\" sizes=\"auto, (max-width: 440px) 100vw, 440px\" \/><\/a><\/p>\n<p>&nbsp;<\/p>\n<blockquote>\n<p style=\"text-align: center;\"><span style=\"color: #008000;\"><strong><span style=\"font-family: georgia, palatino, serif; font-size: 14pt;\">Mientras que la virtud, que conlleva el hecho de ser digno de ser feliz, es el bien m\u00e1s elevado no es, sin embargo, el m\u00e1s completo y acabado ya que no asegura la consecuci\u00f3n de la felicidad<\/span><\/strong><\/span><\/p>\n<\/blockquote>\n<p>&nbsp;<\/p>\n<p style=\"text-align: justify;\"><span style=\"font-family: georgia, palatino, serif; font-size: 14pt;\"><strong>Mientras que la virtud, que conlleva el hecho de ser digno de ser feliz, es el bien m\u00e1s elevado no es, sin embargo, el m\u00e1s completo y acabado<\/strong> ya que <strong>no asegura la consecuci\u00f3n de la felicidad<\/strong>. Lo cual supone que el <strong><em>bien supremo<\/em><\/strong> <a id=\"ref11a\"><\/a><strong><a href=\"#ref11\">[11]<\/a><\/strong> ser\u00eda la <strong>conjunci\u00f3n de la virtud y de la felicidad<\/strong>, es decir, el ser digno de ser feliz y adem\u00e1s el serlo realmente. <\/span><\/p>\n<p style=\"text-align: justify;\"><span style=\"font-family: georgia, palatino, serif; font-size: 14pt;\">Este ser\u00eda el objeto completo y acabado de la facultad de desear de los seres racionales finitos que somos los hombres. En esta conexi\u00f3n, sin embargo, <strong>los dos t\u00e9rminos no son sim\u00e9tricos<\/strong> ya que <strong>siempre es la virtud el m\u00e1s elevado<\/strong> porque no depende de ninguna otra condici\u00f3n mientras que <strong>la felicidad tiene como condici\u00f3n primordial e ineludible la conducta moral conforme a la ley<\/strong>.<\/span><\/p>\n<p>&nbsp;<\/p>\n<blockquote>\n<p style=\"text-align: center;\"><strong><span style=\"font-family: georgia, palatino, serif; font-size: 14pt;\"><span style=\"color: #008000;\">La relaci\u00f3n entre ambas determinaciones, la virtud y la felicidad, se puede entender de dos maneras: anal\u00edtica o sint\u00e9tica. <\/span><\/span><\/strong><\/p>\n<p style=\"text-align: center;\"><strong><span style=\"font-family: georgia, palatino, serif; font-size: 14pt;\"><span style=\"color: #008000;\">En el primer caso su relaci\u00f3n es l\u00f3gica y supone su identidad, mientras que en el segundo caso la relaci\u00f3n es real y es de causalidad.<\/span> <\/span><\/strong><\/p>\n<\/blockquote>\n<p>&nbsp;<\/p>\n<p style=\"text-align: justify;\"><span style=\"font-family: georgia, palatino, serif; font-size: 14pt;\">La relaci\u00f3n entre ambas determinaciones, la virtud y la felicidad, se puede entender de dos maneras: <strong>anal\u00edtica<\/strong> o <strong>sint\u00e9tica<\/strong>. En el primer caso <strong>su relaci\u00f3n es l\u00f3gica y supone su identidad<\/strong>, mientras que en el segundo caso <strong>la relaci\u00f3n es real y es de causalidad<\/strong>. <\/span><\/p>\n<p style=\"text-align: justify;\"><span style=\"font-family: georgia, palatino, serif; font-size: 14pt;\">La <strong>conexi\u00f3n de la virtud y la felicidad<\/strong> se puede entender, pues, de manera que<strong> el esfuerzo por ser virtuoso y la b\u00fasqueda de la felicidad se identifiquen en el seno de una \u00fanica acci\u00f3n<\/strong>, o bien de manera que <strong>la felicidad se obtenga como resultado de la consecuci\u00f3n de la virtud<\/strong>. <\/span><\/p>\n<p style=\"text-align: justify;\"><span style=\"font-family: georgia, palatino, serif; font-size: 14pt;\">Como ejemplo del primer tratamiento de la unidad entre virtud y felicidad <strong>Kant<\/strong> recurre a las concepciones de los <em><strong>estoicos<\/strong> <\/em>y los <em><strong>epic\u00fareos<\/strong><\/em>. <\/span><\/p>\n<p style=\"text-align: justify;\"><span style=\"font-family: georgia, palatino, serif; font-size: 14pt;\">Ambos <strong>identifican la felicidad y la virtud<\/strong> pero mientras que para los <em><strong>epic\u00fareos<\/strong> <\/em>la virtud se derivaba de la b\u00fasqueda consciente y del fomento de la propia felicidad, para los <em><strong>estoicos<\/strong> <\/em>la conciencia de la virtud era lo que produc\u00eda la felicidad. <\/span><\/p>\n<p style=\"text-align: justify;\"><span style=\"font-family: georgia, palatino, serif; font-size: 14pt;\">Esta divergencia hac\u00eda que mientras que para los <em><strong>epic\u00fareos<\/strong> <\/em>el bien supremo completo era la felicidad y la virtud el medio para adquirirla, para los <em><strong>estoicos<\/strong> <\/em>el bien supremo completo era la virtud y la felicidad era la conciencia de dicha virtud.<\/span><\/p>\n<p>&nbsp;<\/p>\n<blockquote>\n<p style=\"text-align: center;\"><span style=\"font-family: georgia, palatino, serif; font-size: 14pt; color: #008000;\"><strong>Mientras que para los <em>epic\u00fareos <\/em>el bien supremo completo era la felicidad y la virtud el medio para adquirirla, para los <em>estoicos <\/em>el bien supremo completo era la virtud y la felicidad era la conciencia de dicha virtud.<\/strong> <\/span><\/p>\n<\/blockquote>\n<p>&nbsp;<\/p>\n<p style=\"text-align: justify;\"><span style=\"font-family: georgia, palatino, serif; font-size: 14pt;\">Frente a la postura de estas escuelas <strong>Kant<\/strong> defiende que la <strong>conexi\u00f3n entre virtud y felicidad<\/strong>, en tanto que los dos elementos componentes del <em>supremo bien<\/em>, es <strong>sint\u00e9tica<\/strong>, ya que ambos elementos son muy distintos, debido a que <strong>el que busca la virtud no tiene asegurada la felicidad<\/strong>, (<em>como el ejemplo de <strong>Job<\/strong> muestra claramente<\/em>) <strong>ni el que busca la felicidad lo hace necesariamente de forma virtuosa<\/strong>: <\/span><\/p>\n<blockquote>\n<p style=\"text-align: justify;\"><span style=\"color: #008000;\"><strong><span style=\"font-family: georgia, palatino, serif; font-size: 14pt;\">se puede, pues, ser virtuoso sin ser feliz y se puede ser feliz sin ser virtuoso.<\/span><\/strong><\/span><\/p>\n<\/blockquote>\n<p>&nbsp;<\/p>\n<figure id=\"attachment_1494048\" aria-describedby=\"caption-attachment-1494048\" style=\"width: 290px\" class=\"wp-caption aligncenter\"><img loading=\"lazy\" decoding=\"async\" class=\"wp-image-1494048 size-full\" src=\"https:\/\/puntocritico.com\/ausajpuntocritico\/wp-content\/uploads\/2020\/12\/JOB.jpg\" alt=\"\" width=\"290\" height=\"368\" srcset=\"https:\/\/puntocritico.com\/ausajpuntocritico\/wp-content\/uploads\/2020\/12\/JOB.jpg 290w, https:\/\/puntocritico.com\/ausajpuntocritico\/wp-content\/uploads\/2020\/12\/JOB-236x300.jpg 236w\" sizes=\"auto, (max-width: 290px) 100vw, 290px\" \/><figcaption id=\"caption-attachment-1494048\" class=\"wp-caption-text\"><span style=\"color: #008000;\">JOB<\/span><\/figcaption><\/figure>\n<p>&nbsp;<\/p>\n<p style=\"text-align: justify;\"><span style=\"font-family: georgia, palatino, serif; font-size: 14pt;\"><strong>El optimismo de las \u00e9ticas cl\u00e1sicas se disuelve en la \u00e9tica moderna<\/strong> especialmente en la <em>kantiana<\/em>, en la que <strong>el pesimismo de ra\u00edz <em>pietista<\/em><\/strong>, cuyos or\u00edgenes remotos se puede encontrar en la genealog\u00eda que va de <strong>Pablo<\/strong> a <strong>Lutero<\/strong> pasando por <strong>Agust\u00edn<\/strong>,<strong> es dominante<\/strong>.<\/span><\/p>\n<p>&nbsp;<\/p>\n<blockquote>\n<p style=\"text-align: center;\"><strong><span style=\"font-family: georgia, palatino, serif; font-size: 14pt; color: #008000;\">Las ra\u00edces cristianas del <em>kantismo<\/em> son transparentes con la admisi\u00f3n como postulados de la <em>raz\u00f3n pura pr\u00e1ctica<\/em> de la inmortalidad del alma y de la existencia de Dios, que ahora <em>la raz\u00f3n pr\u00e1ctica acepta como postulados<\/em>, afirmando que dicho reconocimiento no supone la ampliaci\u00f3n de la raz\u00f3n especulativa.<\/span><\/strong><\/p>\n<\/blockquote>\n<p>&nbsp;<\/p>\n<p style=\"text-align: justify;\"><span style=\"font-family: georgia, palatino, serif; font-size: 14pt;\"><strong>Las ra\u00edces cristianas del <em>kantismo<\/em> son transparentes<\/strong> en esta posici\u00f3n y se sustancian a continuaci\u00f3n con la admisi\u00f3n como postulados de la <em>raz\u00f3n pura pr\u00e1ctica<\/em> de la<strong> inmortalidad del alma<\/strong> y de la <strong>existencia de Dios<\/strong>, realidades sobre las que <strong>la <em>raz\u00f3n especulativa<\/em> hab\u00eda dictado un veredicto de <em>incognoscibilidad<\/em> pero que ahora <em>la raz\u00f3n pr\u00e1ctica acepta como postulados<\/em><\/strong>, afirmando, eso s\u00ed, que dicho reconocimiento no supone en absoluto la ampliaci\u00f3n de la raz\u00f3n especulativa fuera de los estrechos m\u00e1rgenes que la cr\u00edtica de la misma la hab\u00eda impuesto. <\/span><\/p>\n<p style=\"text-align: justify;\"><span style=\"font-family: georgia, palatino, serif; font-size: 14pt;\">Los malabarismos que el compromiso cristiano de <strong>Kant<\/strong> le obligan a hacer son considerables, siendo esta pirueta una de las m\u00e1s arriesgadas pero acometida con tes\u00f3n y sin ninguna duda a pesar del peligro que entra\u00f1a para la cohesi\u00f3n interna del sistema.<\/span><\/p>\n<p>&nbsp;<\/p>\n<p><img loading=\"lazy\" decoding=\"async\" class=\"aligncenter wp-image-2298937\" src=\"https:\/\/puntocritico.com\/ausajpuntocritico\/wp-content\/uploads\/2024\/06\/felicidad-disposicion-de-la-mente-John_Locke-300x300.jpg\" alt=\"\" width=\"330\" height=\"330\" srcset=\"https:\/\/puntocritico.com\/ausajpuntocritico\/wp-content\/uploads\/2024\/06\/felicidad-disposicion-de-la-mente-John_Locke-300x300.jpg 300w, https:\/\/puntocritico.com\/ausajpuntocritico\/wp-content\/uploads\/2024\/06\/felicidad-disposicion-de-la-mente-John_Locke-150x150.jpg 150w, https:\/\/puntocritico.com\/ausajpuntocritico\/wp-content\/uploads\/2024\/06\/felicidad-disposicion-de-la-mente-John_Locke.jpg 432w\" sizes=\"auto, (max-width: 330px) 100vw, 330px\" \/><\/p>\n<p>&nbsp;<\/p>\n<p style=\"text-align: justify;\"><span style=\"font-family: georgia, palatino, serif; font-size: 14pt;\">En relaci\u00f3n con la cuesti\u00f3n del <strong>bien supremo<\/strong> es cuando <strong>surge la antinomia de la raz\u00f3n pr\u00e1ctica<\/strong>, que implica una <em><strong>ilusi\u00f3n<\/strong> <\/em>interna de la <em>raz\u00f3n pura<\/em>, ya que si e<strong>l enlace entre felicidad y virtud<\/strong> que constituye dicho <strong>bien supremo<\/strong> no es <em><strong>anal\u00edtico<\/strong> <\/em>sino <strong><em>sint\u00e9tico <\/em><\/strong>se plantea la cuesti\u00f3n de si <strong>la virtud es la causa eficiente de la felicidad o si, por el contrario, es la b\u00fasqueda de la felicidad el motor que impulsa la virtud<\/strong>. <\/span><\/p>\n<p style=\"text-align: justify;\"><span style=\"font-family: georgia, palatino, serif; font-size: 14pt;\"><strong>Ambas posiciones son imposibles<\/strong> ya que <strong>el ejercicio de la virtud nunca puede asegurar la obtenci\u00f3n de la virtud<\/strong> que depende de los sucesos azarosos sometidos a las <em>leyes de la naturaleza sensible<\/em> y, por otra parte, <strong>la b\u00fasqueda de la felicidad es una motivaci\u00f3n emp\u00edrica y patol\u00f3gica<\/strong> <strong>que no puede producir la virtud por el sometimiento a la ley moral<\/strong>. <\/span><\/p>\n<p style=\"text-align: justify;\"><span style=\"font-family: georgia, palatino, serif; font-size: 14pt;\">Teniendo en cuenta que el <strong>bien supremo<\/strong> es un <strong>objeto necesario <em>a priori<\/em> de nuestra voluntad<\/strong> y est\u00e1 en conexi\u00f3n inmediata con la <strong><em>ley moral<\/em><\/strong>, l<strong>a imposibilidad del primero entra\u00f1a la falsedad de la segunda<\/strong> y esta conclusi\u00f3n antin\u00f3mica es la que hay que resolver.<\/span><\/p>\n<p>&nbsp;<\/p>\n<blockquote>\n<p style=\"text-align: center;\"><span style=\"color: #008000;\"><strong><span style=\"font-family: georgia, palatino, serif; font-size: 14pt;\">Teniendo en cuenta que el bien supremo es un objeto necesario <em>a priori<\/em> de nuestra voluntad y est\u00e1 en conexi\u00f3n inmediata con la <em>ley moral<\/em>, la imposibilidad del primero entra\u00f1a la falsedad de la segunda y esta conclusi\u00f3n antin\u00f3mica es la que hay que resolver.<\/span><\/strong><\/span><\/p>\n<\/blockquote>\n<p>&nbsp;<\/p>\n<p><img loading=\"lazy\" decoding=\"async\" class=\"aligncenter wp-image-2317263\" src=\"https:\/\/puntocritico.com\/ausajpuntocritico\/wp-content\/uploads\/2026\/02\/Noumeno.png\" alt=\"\" width=\"620\" height=\"445\" \/><\/p>\n<p>&nbsp;<\/p>\n<p style=\"text-align: justify;\"><span style=\"font-family: georgia, palatino, serif; font-size: 14pt;\">La soluci\u00f3n de la antinomia propuesta por <strong>Kant<\/strong> sigue los pasos de la que ya hab\u00eda propuesto para resolver la antinomia de la<em> raz\u00f3n especulativa<\/em>, a saber, postular un <strong>dualismo<\/strong> entre <em><strong>fen\u00f3meno<\/strong> <\/em>y <em><strong>no\u00fameno<\/strong><\/em>, de tal forma que la sumisi\u00f3n a los mecanismos naturales en el plano <strong><em>fenom\u00e9nico<\/em> <\/strong>no rigen en el plano <strong><em>noum\u00e9nico<\/em> <\/strong>de las cosas en s\u00ed. <\/span><\/p>\n<p style=\"text-align: justify;\"><span style=\"font-family: georgia, palatino, serif; font-size: 14pt;\">La <strong>soluci\u00f3n de la antinomia de la raz\u00f3n pr\u00e1ctica<\/strong> va por los mismos derroteros; si la afirmaci\u00f3n de que la b\u00fasqueda de la felicidad produce la virtud es radicalmente falsa, su complementaria, es decir, <strong>la idea de que el ejercicio de la virtud que supone el respeto de la ley moral puede conducir a la felicidad es falsa s\u00f3lo de forma condicionada<\/strong>; condicionada precisamente a limitar la consideraci\u00f3n del individuo a su plano fenom\u00e9nico y la causalidad entre virtud y felicidad a la causalidad vigente en el mundo sensible.<\/span><\/p>\n<p>&nbsp;<\/p>\n<blockquote>\n<p style=\"text-align: center;\"><span style=\"color: #008000;\"><strong><span style=\"font-family: georgia, palatino, serif; font-size: 14pt;\">La idea de que el ejercicio de la virtud que supone el respeto de la ley moral puede conducir a la felicidad es falsa s\u00f3lo de forma condicionada; condicionada precisamente a limitar la consideraci\u00f3n del individuo a su plano fenom\u00e9nico y la causalidad entre virtud y felicidad a la causalidad vigente en el mundo sensible.<\/span><\/strong><\/span><\/p>\n<\/blockquote>\n<p>&nbsp;<\/p>\n<p style=\"text-align: justify;\"><span style=\"font-family: georgia, palatino, serif; font-size: 14pt;\">Frente a esta posici\u00f3n, para <strong>Espinosa<\/strong>, que conjuga elementos <strong><em>epic\u00fareos<\/em> <\/strong>y <strong><em>estoicos<\/em> <\/strong>en su <em><strong>\u00c9tica<\/strong><\/em>, el fundamento de la virtud es la b\u00fasqueda de la alegr\u00eda que culmina con la <strong>beatitud<\/strong> o <em>alegr\u00eda m\u00e1xima<\/em> obtenida en la <em>existencia en acto<\/em> que alcanza su m\u00e1xima perfecci\u00f3n <a id=\"ref12a\"><\/a><a href=\"#ref12\"><strong>[12]<\/strong><\/a>.<\/span><\/p>\n<p>&nbsp;<\/p>\n<blockquote>\n<p style=\"text-align: center;\"><span style=\"color: #008000;\"><strong><span style=\"font-family: georgia, palatino, serif; font-size: 14pt;\">Por un lado, la virtud produce la felicidad, como en los <em>estoicos<\/em>, pero por otro, la b\u00fasqueda de la felicidad es la aut\u00e9ntica virtud.<\/span><\/strong><\/span><\/p>\n<\/blockquote>\n<p>&nbsp;<\/p>\n<p style=\"text-align: justify;\"><span style=\"font-family: georgia, palatino, serif; font-size: 14pt;\">Por un lado, la virtud produce la felicidad, como en los <strong><em>estoicos<\/em><\/strong>, pero por otro, la b\u00fasqueda de la felicidad es la aut\u00e9ntica virtud. <strong>No es la represi\u00f3n de las pasiones lo que permite la beatitud, sino al contrario, es la posesi\u00f3n de la beatitud lo que permite si no eliminar al menos controlar y transformar las pasiones<\/strong> (<em>E, 5,42<\/em>). <\/span><\/p>\n<p style=\"text-align: justify;\"><span style=\"font-family: georgia, palatino, serif; font-size: 14pt;\"><strong>En directa oposici\u00f3n a la preocupaci\u00f3n moralizante por el bien<\/strong>, <strong>Espinosa<\/strong> despliega una <strong>preocupaci\u00f3n existencial por la alegr\u00eda y la felicidad<\/strong>:<\/span><\/p>\n<blockquote>\n<p style=\"text-align: justify;\"><span style=\"color: #008000;\"><strong><span style=\"font-family: georgia, palatino, serif; font-size: 14pt;\"><em>El fundamento de la virtud no es ya la objetividad del bien o la norma moral que se encontrar\u00eda en el cora2xSn del individuo o el deseo de actuar conforme a la conformidad social que define el m\u00e9rito, sino el puro y simple deseo de alegr\u00eda <\/em><a id=\"ref13a\" style=\"color: #008000;\"><\/a><a style=\"color: #008000;\" href=\"#ref13\">[13]<\/a>.<\/span><\/strong><\/span><\/p>\n<\/blockquote>\n<p>&nbsp;<\/p>\n<p><a href=\"https:\/\/puntocritico.com\/ausajpuntocritico\/2020\/03\/29\/de-la-ira-por-seneca\/\" target=\"_blank\" rel=\"noopener\" data-schema-attribute=\"\"><img loading=\"lazy\" decoding=\"async\" class=\"aligncenter wp-image-27570 size-full\" src=\"https:\/\/puntocritico.com\/ausajpuntocritico\/wp-content\/uploads\/2020\/03\/seneca1-510-x-287-estoicismo.jpg\" alt=\"\" width=\"510\" height=\"287\" srcset=\"https:\/\/puntocritico.com\/ausajpuntocritico\/wp-content\/uploads\/2020\/03\/seneca1-510-x-287-estoicismo.jpg 510w, https:\/\/puntocritico.com\/ausajpuntocritico\/wp-content\/uploads\/2020\/03\/seneca1-510-x-287-estoicismo-300x169.jpg 300w\" sizes=\"auto, (max-width: 510px) 100vw, 510px\" \/><\/a><\/p>\n<p>&nbsp;<\/p>\n<p style=\"text-align: justify;\"><span style=\"font-family: georgia, palatino, serif; font-size: 14pt;\"><strong>Espinosa<\/strong> es un eudemonista existencial y reflexivo, cuya \u00e9tica se basa en una concepci\u00f3n del deseo como esencia humana y una idea reflexiva de la libertad, como nos recuerda continuamente <strong>Misrahi<\/strong>. <\/span><\/p>\n<p style=\"text-align: justify;\"><span style=\"font-family: georgia, palatino, serif; font-size: 14pt;\">El <em><strong>deseo<\/strong> <\/em><strong>tiende a una continua afirmaci\u00f3n<\/strong> y despliegue y despliegue de s\u00ed, y <strong>la alegr\u00eda <\/strong><em>consiste precisamente en la conciencia del paso de una pasividad a una actividad<\/em>, en <strong>el conocimiento del aumento de la propia potencia<\/strong> que se experimenta existencialmente como <em>gozo<\/em>, como <strong>alegr\u00eda<\/strong>. <\/span><\/p>\n<p style=\"text-align: justify;\"><span style=\"font-family: georgia, palatino, serif; font-size: 14pt;\">Este car\u00e1cter de despliegue y enriquecimiento del <em><strong>deseo<\/strong> <\/em>en el largo proceso de liberaci\u00f3n es lo que le permite a <strong>Misrahi<\/strong> destacar el aspecto reflexivo del <strong><em>eudemonismo espinosista<\/em><\/strong>.<\/span><\/p>\n<p style=\"text-align: justify;\"><span style=\"font-family: georgia, palatino, serif; font-size: 14pt;\"><strong>Kant<\/strong> denomina el <em>goce<\/em> que acompa\u00f1a la <em><strong>conciencia de la virtud<\/strong><\/em> y que ser\u00eda <em>an\u00e1logo a la felicidad<\/em>, <strong><em>contento de s\u00ed mismo<\/em><\/strong>. <\/span><\/p>\n<p style=\"text-align: justify;\"><span style=\"font-family: georgia, palatino, serif; font-size: 14pt;\">Este <strong>contento es intelectual y no sensible<\/strong> y <strong>depende m\u00e1s que de la satisfacci\u00f3n de las inclinaciones, de la independencia respecto de las mismas<\/strong>, al menos en un sentido determinante de la voluntad lo que le da un car\u00e1cter fundamentalmente negativo <a id=\"ref14a\"><\/a><a href=\"#ref14\"><strong>[14]<\/strong><\/a>. <\/span><\/p>\n<p style=\"text-align: justify;\"><span style=\"font-family: georgia, palatino, serif; font-size: 14pt;\">Para <strong>Espinosa<\/strong>, por su parte, <strong>el contento de s\u00ed<\/strong> (<em>acquiescientia in se ipso<\/em>) <strong>es esencialmente positivo, afirmativo, y se refiere a la alegr\u00eda que se acompa\u00f1a de la idea de una causa interna<\/strong> (<em>E, 3, 30 esc<\/em>), y m\u00e1s especialmente , de la<strong> idea de s\u00ed mismo como causa<\/strong> (<em>E, 3, 51, esc.b<\/em>). <\/span><\/p>\n<p style=\"text-align: justify;\"><span style=\"font-family: georgia, palatino, serif; font-size: 14pt;\">El <strong>contento de s\u00ed se denomina tambi\u00e9n amor propio<\/strong> y consiste en la <\/span><\/p>\n<blockquote>\n<p style=\"text-align: justify;\"><strong><span style=\"font-family: georgia, palatino, serif; font-size: 14pt; color: #008000;\">alegr\u00eda que nace de la contemplaci\u00f3n de nosotros mismos en tanto que desplegamos nuestra potencia de actuar. <\/span><\/strong><\/p>\n<p style=\"text-align: justify;\"><strong><span style=\"font-family: georgia, palatino, serif; font-size: 14pt; color: #008000;\">(<em>E, 3, 55, esc. 1, y E,3, def afectos 25<\/em>).<\/span><\/strong><\/p>\n<\/blockquote>\n<p>&nbsp;<\/p>\n<p><a href=\"https:\/\/puntocritico.com\/ausajpuntocritico\/2017\/02\/10\/la-soberbia-por-baruch-de-spinoza\/\" target=\"_blank\" rel=\"noopener\" data-schema-attribute=\"\"><img loading=\"lazy\" decoding=\"async\" class=\"aligncenter wp-image-1002\" src=\"https:\/\/puntocritico.com\/ausajpuntocritico\/wp-content\/uploads\/2017\/02\/Bosco-el-Jard\u00edn-de-las-delicias-fragmento-rey-pajaro-225x300.jpg\" alt=\"\" width=\"280\" height=\"373\" srcset=\"https:\/\/puntocritico.com\/ausajpuntocritico\/wp-content\/uploads\/2017\/02\/Bosco-el-Jard\u00edn-de-las-delicias-fragmento-rey-pajaro-225x300.jpg 225w, https:\/\/puntocritico.com\/ausajpuntocritico\/wp-content\/uploads\/2017\/02\/Bosco-el-Jard\u00edn-de-las-delicias-fragmento-rey-pajaro.jpg 565w\" sizes=\"auto, (max-width: 280px) 100vw, 280px\" \/><\/a><\/p>\n<p>&nbsp;<\/p>\n<p style=\"text-align: justify;\"><span style=\"font-family: georgia, palatino, serif; font-size: 14pt;\">El exceso de amor propio produce la <strong>soberbia<\/strong> cuando el individuo se estima m\u00e1s de lo justo (<em>E,3, def afectos 28<\/em>). El nivel m\u00e1ximo del contento de s\u00ed posible es aquel que se deriva de la raz\u00f3n. (<em>E, 4, 52<\/em>).<\/span><\/p>\n<p style=\"text-align: justify;\"><strong><span style=\"font-family: georgia, palatino, serif; font-size: 14pt;\">La resoluci\u00f3n de la antinomia de la raz\u00f3n pr\u00e1ctica lleva a que <\/span><\/strong><\/p>\n<blockquote>\n<p style=\"text-align: justify;\"><strong><span style=\"font-family: georgia, palatino, serif; font-size: 14pt;\"><span style=\"color: #008000;\">\u00ab<em>un enlace natural y necesario entre la conciencia de la moralidad y la esperanza de la felicidad que le sea proporcionada como consecuencia de aqu\u00e9lla, se deja pensar, al menos como posible<\/em>\u00bb.<\/span><\/span><\/strong><\/p>\n<\/blockquote>\n<p>&nbsp;<\/p>\n<p style=\"text-align: justify;\"><span style=\"font-family: georgia, palatino, serif; font-size: 14pt;\">La utilizaci\u00f3n de la noci\u00f3n de <strong>esperanza<\/strong> refuerza la idea de que dicha felicidad no es de este mundo y exigir\u00eda, por tanto, la<em> inmortalidad del alma<\/em>.\u00a0<\/span><span style=\"font-family: georgia, palatino, serif; font-size: 14pt;\">Una vez m\u00e1s el compromiso <em>cristiano<\/em> de <strong>Kant<\/strong> se muestra en primer plano. <\/span><\/p>\n<p style=\"text-align: justify;\"><span style=\"font-family: georgia, palatino, serif; font-size: 14pt;\">Pero el enlace necesario entre moralidad y felicidad no supone que ambas nociones se sit\u00faen en el mismo plano axiol\u00f3gico, ya que <strong>la b\u00fasqueda de la felicidad no puede nunca por s\u00ed misma producir una conducta virtuosa y adecuada a la moralidad<\/strong>, <strong>lo que hace que en el bien supremo el elemento preponderante y m\u00e1s elevado sea la moralidad y el secundario sea la felicidad, a pesar de que \u00e9sta sea<\/strong><\/span><\/p>\n<blockquote>\n<p style=\"text-align: justify;\"><span style=\"color: #008000;\"><strong><span style=\"font-family: georgia, palatino, serif; font-size: 14pt;\"> \u00ab<em>la consecuencia moralmente condicionada, pero necesaria de la primera<\/em>\u00bb.<\/span><\/strong><\/span><\/p>\n<\/blockquote>\n<p>&nbsp;<\/p>\n<figure id=\"attachment_2317262\" aria-describedby=\"caption-attachment-2317262\" style=\"width: 360px\" class=\"wp-caption aligncenter\"><img loading=\"lazy\" decoding=\"async\" class=\"wp-image-2317262\" src=\"https:\/\/puntocritico.com\/ausajpuntocritico\/wp-content\/uploads\/2026\/02\/Alessandro-Sicioldr-Bianchi-992-fenomeno-y-noumeno-290x300.jpg\" alt=\"\" width=\"360\" height=\"373\" srcset=\"https:\/\/puntocritico.com\/ausajpuntocritico\/wp-content\/uploads\/2026\/02\/Alessandro-Sicioldr-Bianchi-992-fenomeno-y-noumeno-290x300.jpg 290w, https:\/\/puntocritico.com\/ausajpuntocritico\/wp-content\/uploads\/2026\/02\/Alessandro-Sicioldr-Bianchi-992-fenomeno-y-noumeno-768x795.jpg 768w, https:\/\/puntocritico.com\/ausajpuntocritico\/wp-content\/uploads\/2026\/02\/Alessandro-Sicioldr-Bianchi-992-fenomeno-y-noumeno.jpg 927w\" sizes=\"auto, (max-width: 360px) 100vw, 360px\" \/><figcaption id=\"caption-attachment-2317262\" class=\"wp-caption-text\"><span style=\"color: #008000;\">Dualismo Fen\u00f3meno-No\u00fameno <\/span><\/figcaption><\/figure>\n<p>&nbsp;<\/p>\n<p style=\"text-align: justify;\"><span style=\"font-family: georgia, palatino, serif; font-size: 14pt;\"><strong>La uni\u00f3n de moralidad y felicidad, es decir el supremo bien, es el objeto fundamental que busca la raz\u00f3n pura pr\u00e1ctica y por ello, tiene que considerarlo posible<\/strong>. M\u00e1s a\u00fan, para <strong>Kant<\/strong> el supremo bien es el inter\u00e9s fundamental de la <em>raz\u00f3n pr\u00e1ctica<\/em>, entendiendo por inter\u00e9s un principio que contiene la condici\u00f3n que favorece el ejercicio de la misma. <\/span><\/p>\n<p style=\"text-align: justify;\"><span style=\"font-family: georgia, palatino, serif; font-size: 14pt;\">Mientras que el inter\u00e9s de la<em> raz\u00f3n especulativa<\/em> es el conocimiento de los objetos que llegue hasta los principios m\u00e1s elevados, el inter\u00e9s de la <em>raz\u00f3n pr\u00e1ctica<\/em> consiste en la determinaci\u00f3n de la voluntad, respecto al \u00faltimo y m\u00e1s completo de sus fines. <\/span><\/p>\n<p style=\"text-align: justify;\"><span style=\"font-family: georgia, palatino, serif; font-size: 14pt;\"><strong>Kant<\/strong> afirma el <strong>primado de la <em>raz\u00f3n pr\u00e1ctica <\/em>sobre la<em> raz\u00f3n especulativa<\/em><\/strong> lo que supone que la primera es el primer fundamento de la uni\u00f3n de los dos usos de la raz\u00f3n y que por lo tanto el inter\u00e9s pr\u00e1ctico de la raz\u00f3n es superior a su inter\u00e9s especulativo. <\/span><\/p>\n<p style=\"text-align: justify;\"><span style=\"font-family: georgia, palatino, serif; font-size: 14pt;\"><strong>Este primado del uso pr\u00e1ctico de la raz\u00f3n sobre su uso te\u00f3rico o especulativo<\/strong> si en principio podr\u00eda ser muy interesante enseguida <strong>se ve ensombrecido por las hipotecas teol\u00f3gicas<\/strong> que dicha raz\u00f3n pr\u00e1ctica soporta. <\/span><\/p>\n<p style=\"text-align: justify;\"><span style=\"font-family: georgia, palatino, serif; font-size: 14pt;\">Los avances <em>antimetaf\u00edsicos<\/em> de la<strong><em> Cr\u00edtica de la raz\u00f3n pura<\/em><\/strong> se ven neutralizados por estas concesiones a la religi\u00f3n y s\u00f3lo ser\u00e1n recuperados, en parte, en las obras finales. <\/span><\/p>\n<p style=\"text-align: justify;\"><span style=\"font-family: georgia, palatino, serif; font-size: 14pt;\">Como nos recuerda oportunamente <strong>F. Duque<\/strong>, el <strong>postulado de la inmortalidad se ve sustituido<\/strong> o al menos desplazado, a la vez que colectivizado, por la idea del <strong>progreso hist\u00f3rico ininterrumpido e ilimitado<\/strong> de la humanidad; de igual manera el postulado de un <strong><em>reino de los fines<\/em><\/strong> regido por Dios se <em>inmanentiza<\/em> en el <em>&#8216;Reino de Dios sobre la Tierra<\/em> <a id=\"ref15a\"><\/a><a href=\"#ref15\"><strong>[15]<\/strong><\/a>. <\/span><\/p>\n<p style=\"text-align: justify;\"><span style=\"font-family: georgia, palatino, serif; font-size: 14pt;\"><strong>Dado\u00a0el primado de la pr\u00e1ctica sobre el conocimiento entre los usos de la raz\u00f3n<\/strong>, aunque especulativamente no se puedan hacer ciertas afirmaciones acerca de la libertad, la inmortalidad y la existencia de Dios, por ejemplo, s\u00ed ser\u00eda leg\u00edtimo admitirlas si no contradicen a la raz\u00f3n especulativa y adem\u00e1s \u00ab<em>pertenecen inseparablemente al inter\u00e9s pr\u00e1ctico de la raz\u00f3n pura<\/em>\u00bb. <\/span><\/p>\n<p style=\"text-align: justify;\"><span style=\"font-family: georgia, palatino, serif; font-size: 14pt;\"><strong>Estas proposiciones aunque no son conocimientos de la raz\u00f3n s\u00ed son amplificaciones de su uso en el sentido ya no especulativo sino pr\u00e1ctico de la raz\u00f3n<\/strong>.\u00a0<\/span><\/p>\n<p style=\"text-align: justify;\"><span style=\"font-family: georgia, palatino, serif; font-size: 14pt;\"><a href=\"https:\/\/puntocritico.com\/ausajpuntocritico\/wp-content\/uploads\/2018\/11\/deseo-patologico-5-kant-spinoza.jpg\" rel=\"lightbox[15167]\"><img loading=\"lazy\" decoding=\"async\" class=\"alignleft wp-image-15177\" src=\"https:\/\/puntocritico.com\/ausajpuntocritico\/wp-content\/uploads\/2018\/11\/deseo-patologico-5-kant-spinoza-300x201.jpg\" alt=\"\" width=\"360\" height=\"241\" srcset=\"https:\/\/puntocritico.com\/ausajpuntocritico\/wp-content\/uploads\/2018\/11\/deseo-patologico-5-kant-spinoza-300x201.jpg 300w, https:\/\/puntocritico.com\/ausajpuntocritico\/wp-content\/uploads\/2018\/11\/deseo-patologico-5-kant-spinoza-224x150.jpg 224w, https:\/\/puntocritico.com\/ausajpuntocritico\/wp-content\/uploads\/2018\/11\/deseo-patologico-5-kant-spinoza.jpg 650w\" sizes=\"auto, (max-width: 360px) 100vw, 360px\" \/><\/a>Vemos, pues, como las tres ideas cuyo conocimiento se hab\u00eda visto imposible en la <strong><em>Cr\u00edtica de la raz\u00f3n pura<\/em><\/strong> en su vertiente cognoscitiva, la <em>libertad<\/em> como <strong><em>Idea cosmol\u00f3gica<\/em><\/strong> de un mundo suprasensible, el <em>alma<\/em> como <strong><em>Idea psicol\u00f3gica<\/em><\/strong> y <em>Dios<\/em>, el ser supremo, como <em><strong>Idea teol\u00f3gica<\/strong><\/em>, reciben ahora una realidad objetiva en el marco de la ley moral. <\/span><\/p>\n<p style=\"text-align: justify;\"><strong><span style=\"font-family: georgia, palatino, serif; font-size: 14pt;\">E<\/span><\/strong><span style=\"font-family: georgia, palatino, serif; font-size: 14pt;\"><strong>stas tres ideas<\/strong> a pesar de ser problem\u00e1ticas e indeterminadas en el plano especulativo<strong> reciben de la ley moral una determinaci\u00f3n pr\u00e1ctica<\/strong>. <\/span><\/p>\n<p style=\"text-align: justify;\"><span style=\"font-family: georgia, palatino, serif; font-size: 14pt;\">Sin embargo, <strong>se da una asimetr\u00eda entre estas tres Ideas<\/strong>: mientras que l<strong>a libertad est\u00e1 determinada de manera directa por la ley moral<\/strong>, de tal forma que es un <em>factum<\/em>, <strong>las otras dos ideas s\u00f3lo son postulados<\/strong> en tanto que <em>condiciones necesarias<\/em> del objeto de la voluntad libre y su posibilidad se deriva de que la propia libertad es real <a id=\"ref16a\"><\/a><a href=\"#ref16\"><strong>[16]<\/strong><\/a>.<\/span><\/p>\n<p>&nbsp;<\/p>\n<blockquote>\n<p style=\"text-align: center;\"><span style=\"color: #008000;\"><strong><span style=\"font-family: georgia, palatino, serif; font-size: 14pt;\">La libertad est\u00e1 determinada de manera directa por la ley moral, de tal forma que es un <em>factum<\/em>, las otras dos ideas s\u00f3lo son postulados en tanto que condiciones necesarias del objeto de la voluntad libre y su posibilidad se deriva de que la propia libertad es real<\/span><\/strong><\/span><\/p>\n<\/blockquote>\n<p>&nbsp;<\/p>\n<p style=\"text-align: justify;\"><span style=\"font-family: georgia, palatino, serif; font-size: 14pt;\">En concreto,\u00a0<\/span><span style=\"font-family: georgia, palatino, serif; font-size: 14pt;\">mientras que <strong>la idea de Dios en tanto que objeto de conocimiento s\u00f3lo es determinable de manera indirecta y anal\u00f3gica<\/strong>, en tanto que aquello que permite que los fen\u00f3menos adquieran el m\u00e1ximo de unidad sistem\u00e1tica, en cambio<strong> como objeto de creencia recibe una determinaci\u00f3n y una realidad exclusivamente pr\u00e1ctica<\/strong> (<em>en tanto que autor moral del mundo<\/em>) <a id=\"ref17a\"><\/a><a href=\"#ref17\"><strong>[17]<\/strong><\/a>.<\/span><\/p>\n<p style=\"text-align: justify;\"><span style=\"font-family: georgia, palatino, serif; font-size: 14pt;\">Frente a esta consideraci\u00f3n de Dios como objeto de una fe racional y postulado de la raz\u00f3n pr\u00e1ctica, <strong>Espinosa<\/strong> parte de la<strong> idea de Dios como del fundamento \u00faltimo de la realidad<\/strong>, como aquello por lo que todo es lo que es, situ\u00e1ndose en un punto de vista radicalmente <strong><em>inmanente<\/em><\/strong>. <\/span><\/p>\n<p style=\"text-align: justify;\"><span style=\"font-family: georgia, palatino, serif; font-size: 14pt;\"><strong>Espinosa<\/strong> construye una concepci\u00f3n de Dios que rompe claramente con la tradici\u00f3n, como nos recuerda <a href=\"https:\/\/es.wikipedia.org\/wiki\/Robert_Misrahi\" target=\"_blank\" rel=\"noopener\" data-schema-attribute=\"\"><strong>R. Misrahi<\/strong><\/a>, ya que s<strong>u Dios coincide con la Substancia<\/strong>, es decir con <\/span><\/p>\n<blockquote>\n<p style=\"text-align: justify;\"><span style=\"font-family: georgia, palatino, serif; font-size: 14pt; color: #008000;\"><strong>\u00ab<em>el ser como totalidad inmanente, como naturaleza infinita y no como un ser persona<\/em>l\u00bb <\/strong><a id=\"ref18a\" style=\"color: #008000;\"><\/a><strong><a style=\"color: #008000;\" href=\"#ref18\">[18]<\/a>.<\/strong> <\/span><\/p>\n<\/blockquote>\n<p>&nbsp;<\/p>\n<figure id=\"attachment_2317268\" aria-describedby=\"caption-attachment-2317268\" style=\"width: 220px\" class=\"wp-caption aligncenter\"><a href=\"https:\/\/es.wikipedia.org\/wiki\/Robert_Misrahi\" target=\"_blank\" rel=\"noopener\" data-schema-attribute=\"\"><img loading=\"lazy\" decoding=\"async\" class=\"wp-image-2317268\" src=\"https:\/\/puntocritico.com\/ausajpuntocritico\/wp-content\/uploads\/2026\/02\/Robert_Misrahi-246x300.jpg\" alt=\"\" width=\"220\" height=\"268\" srcset=\"https:\/\/puntocritico.com\/ausajpuntocritico\/wp-content\/uploads\/2026\/02\/Robert_Misrahi-246x300.jpg 246w, https:\/\/puntocritico.com\/ausajpuntocritico\/wp-content\/uploads\/2026\/02\/Robert_Misrahi.jpg 330w\" sizes=\"auto, (max-width: 220px) 100vw, 220px\" \/><\/a><figcaption id=\"caption-attachment-2317268\" class=\"wp-caption-text\"><span style=\"color: #008000;\">Robert Misrahi<\/span><\/figcaption><\/figure>\n<p>&nbsp;<\/p>\n<p style=\"text-align: justify;\"><span style=\"font-family: georgia, palatino, serif; font-size: 14pt;\">Esta concepci\u00f3n de Dios hace de <strong>Espinosa<\/strong> un &#8216;<em>ateo de hecho<\/em>&#8216;, cosa que es muy dif\u00edcil afirmar de <strong>Kant<\/strong>.<\/span><\/p>\n<p style=\"text-align: justify;\"><span style=\"font-family: georgia, palatino, serif; font-size: 14pt;\">Por otra parte, la<strong> inmortalidad del alma<\/strong> no tiene ning\u00fan sentido para <strong>Espinosa<\/strong>, ya que el supremo nivel que es la beatitud y la gloria es un estado que el sabio adquiere en esta vida; es una experiencia fuera del tiempo, pero en el sentido de intensidad m\u00e1xima, no de duraci\u00f3n ilimitada. <\/span><\/p>\n<p style=\"text-align: justify;\"><span style=\"font-family: georgia, palatino, serif; font-size: 14pt;\"><strong>La eternidad <em>espinosiana<\/em> no tiene nada que ver con la inmortalidad del alma<\/strong>, que incluso <strong>Kant<\/strong>, como buen cristiano mantiene, aunque s\u00f3lo sea como un postulado de la raz\u00f3n pr\u00e1ctica <a id=\"ref19a\"><\/a><a href=\"#ref19\"><strong>[19]<\/strong><\/a>, sino que es un producto de la ciencia intuitiva que da lugar a efectos de eternidad en el individuo y que tiene su culmen en el<strong> amor intelectual<\/strong> entendido como la experiencia del orden inmanente de la constituci\u00f3n <a id=\"ref20a\"><\/a><a href=\"#ref20\"><strong>[20]<\/strong><\/a>. <\/span><\/p>\n<p style=\"text-align: justify;\"><span style=\"font-family: georgia, palatino, serif; font-size: 14pt;\">Para <a href=\"https:\/\/puntocritico.com\/ausajpuntocritico\/2023\/05\/05\/spinoza-ateo-diferencia-entre-la-etica-y-la-moral-por-gilles-deleuze\/\" target=\"_blank\" rel=\"noopener\" data-schema-attribute=\"\"><strong>G. Deleuze<\/strong><\/a>, en <strong>Espinosa<\/strong> se dan <strong>dos nociones de eternidad correlativas: la eternidad de la relaci\u00f3n que me caracteriza y la eternidad de la esencia singular que me constituye<\/strong>.<\/span><\/p>\n<p>&nbsp;<\/p>\n<blockquote>\n<p style=\"text-align: center;\"><strong><span style=\"font-family: georgia, palatino, serif; font-size: 14pt;\"><span style=\"color: #008000;\">Frente a la inmortalidad del alma, con Espinosa sentimos y nos experimentamos como <em>eternos<\/em>. Esta eternidad est\u00e1 relacionada con la intensidad, una intensidad experimentada de manera <em>sincr\u00f3nica<\/em>, coexistente con la vida humana; mientras que la inmortalidad hace referencia al antes y el despu\u00e9s.<\/span> <\/span><\/strong><\/p>\n<\/blockquote>\n<p>&nbsp;<\/p>\n<p style=\"text-align: justify;\"><span style=\"font-family: georgia, palatino, serif; font-size: 14pt;\">Frente a la inmortalidad del alma, con <strong>Espinosa<\/strong> sentimos y nos experimentamos como <em><strong>eternos<\/strong><\/em>. Esta eternidad est\u00e1 relacionada con la intensidad, una intensidad experimentada de manera <em>sincr\u00f3nica<\/em>, coexistente con la vida humana; mientras que la inmortalidad hace referencia al antes y el despu\u00e9s <a id=\"ref21a\"><\/a><strong><a href=\"#ref21\">[21]<\/a><\/strong>. <\/span><\/p>\n<p style=\"text-align: justify;\"><span style=\"font-family: georgia, palatino, serif; font-size: 14pt;\">Desde otro punto de vista se puede considerar la <strong>eternidad<\/strong> como <strong>un sentimiento y una experiencia derivados<\/strong> de que nos sentimos <strong><em>efectos finitos de una causa infinita<\/em><\/strong> de la que participamos en cierto modo, ya que <strong>experimentamos una apertura a lo infinito<\/strong> con lo que nos relacionamos mediante el <strong>amor intelectual de Dios<\/strong>, conocimiento y amor derivado de la <strong>conciencia de nuestra relaci\u00f3n con la totalidad de las cosas<\/strong> <a id=\"ref22a\"><\/a><strong><a href=\"#ref22\">[22]<\/a><\/strong>.<\/span><\/p>\n<p>&nbsp;<\/p>\n<p><img loading=\"lazy\" decoding=\"async\" class=\"aligncenter wp-image-2265647\" src=\"https:\/\/puntocritico.com\/ausajpuntocritico\/wp-content\/uploads\/2023\/01\/Amor-intelectual-de-Dios-caida-300x250.webp\" alt=\"\" width=\"360\" height=\"300\" srcset=\"https:\/\/puntocritico.com\/ausajpuntocritico\/wp-content\/uploads\/2023\/01\/Amor-intelectual-de-Dios-caida-300x250.webp 300w, https:\/\/puntocritico.com\/ausajpuntocritico\/wp-content\/uploads\/2023\/01\/Amor-intelectual-de-Dios-caida.webp 500w\" sizes=\"auto, (max-width: 360px) 100vw, 360px\" \/><\/p>\n<p>&nbsp;<\/p>\n<p style=\"text-align: justify;\"><span style=\"font-family: georgia, palatino, serif; font-size: 14pt;\">De igual manera la concepci\u00f3n de la libertad es opuesta en <strong>Espinosa<\/strong> y en <strong>Kant<\/strong>: para el <a href=\"https:\/\/puntocritico.com\/ausajpuntocritico\/2019\/07\/12\/marranos-entrevista-a-donatella-di-cesare-filosofa-con-los-marranos-se-desmorona-el-mito-de-la-identidad\/\" target=\"_blank\" rel=\"noopener\" data-schema-attribute=\"\"><strong>fil\u00f3sofo <em>marrano<\/em><\/strong><\/a> m\u00e1s que de libertad hay que hablar de <strong>liberaci\u00f3n<\/strong>, es decir del <strong>paso paulatino de la servidumbre a la libertad<\/strong>, paralelo al paso <strong>de la pasividad a la actividad<\/strong> y <strong>de la ignorancia a la sabidur\u00eda<\/strong>. <\/span><\/p>\n<p style=\"text-align: justify;\"><span style=\"font-family: georgia, palatino, serif; font-size: 14pt;\">Frente a <strong>Kant<\/strong>, para <strong>Espinosa<\/strong> la <strong>virtud<\/strong> tiene que ver con la sabidur\u00eda, <strong>es la expresi\u00f3n misma de la sabidur\u00eda<\/strong>; a pesar de que el fil\u00f3sofo jud\u00edo no es un intelectualista moral puro, ya que para \u00e9l <strong>el simple conocimiento no tiene fuerza suficiente para liberarnos<\/strong>, en cambio<strong> el conocimiento puede generar afectos activos que son capaces de imponerse a los afectos pasivos y contribuir por tanto a la liberaci\u00f3n<\/strong>.\u00a0<\/span><\/p>\n<p style=\"text-align: justify;\"><span style=\"font-family: georgia, palatino, serif; font-size: 14pt;\">Toda la filosof\u00eda de <strong>Espinosa<\/strong> se puede entender como un <strong>proceso de liberaci\u00f3n individual y colectiva<\/strong> <a id=\"ref23a\"><\/a><strong><a href=\"#ref23\">[23]<\/a> <\/strong>que nos permite <strong>pasar de la servidumbre a la libertad<\/strong>, de la impotencia al poder, de la confusi\u00f3n y la parcialidad a la claridad y la totalidad.<\/span><\/p>\n<p>&nbsp;<\/p>\n<blockquote>\n<p style=\"text-align: center;\"><strong><span style=\"font-family: georgia, palatino, serif; font-size: 14pt;\"><span style=\"color: #008000;\">Toda la filosof\u00eda de Espinosa se puede entender como un proceso de liberaci\u00f3n individual y colectiva que nos permite pasar de la servidumbre a la libertad, de la impotencia al poder, de la confusi\u00f3n y la parcialidad a la claridad y la totalidad.<\/span> <\/span><\/strong><\/p>\n<\/blockquote>\n<p>&nbsp;<\/p>\n<p style=\"text-align: justify;\"><span style=\"font-family: georgia, palatino, serif; font-size: 14pt;\">Asimismo y frente a la <em>moral kantiana<\/em>, <strong>la<em> \u00e9tica espinosista<\/em> se basa en una antropolog\u00eda y se abre a una pol\u00edtica<\/strong>. <\/span><\/p>\n<p style=\"text-align: justify;\"><span style=\"font-family: georgia, palatino, serif; font-size: 14pt;\">Frente a esta posici\u00f3n <em>espinosiana<\/em><strong> las \u00e9ticas predominantes en la <em>Modernidad<\/em><\/strong>, por rechazar expl\u00edcitamente o soslayar impl\u00edcitamente la cuesti\u00f3n <em>antropol\u00f3gica<\/em>, es decir, el modo de ser del sujeto \u00e9tico, evitan la problematizaci\u00f3n de dicho sujeto y<strong> aceptan acr\u00edticamente el modelo de sujeto predominante en la tradici\u00f3n judeo-cristiana y burguesa, es decir<\/strong>, <\/span><\/p>\n<blockquote>\n<p style=\"text-align: justify;\"><strong><span style=\"font-family: georgia, palatino, serif; font-size: 14pt; color: #008000;\">el individuo aislado (<em>o a lo m\u00e1s relacionado con Dios, directamente en las versiones protestantes, o a trav\u00e9s de la jerarqu\u00eda eclesial en la versi\u00f3n cat\u00f3lica<\/em>) dotado de un alma racional autotransparente, que es lo \u00fanico pertinente para lo moral, radicalmente escindida del cuerpo (<em>origen y condici\u00f3n del mal y del pecad<\/em>o) y dividida, a su vez, en un entendimiento debilitado por el pecado y una voluntad dotada de libre albedr\u00edo.<\/span><\/strong><\/p>\n<\/blockquote>\n<p>&nbsp;<\/p>\n<p><a href=\"https:\/\/puntocritico.com\/ausajpuntocritico\/wp-content\/uploads\/2018\/11\/deseo-patologico-2-kant-spinoza.jpg\" rel=\"lightbox[15167]\"><img loading=\"lazy\" decoding=\"async\" class=\"aligncenter wp-image-15174\" src=\"https:\/\/puntocritico.com\/ausajpuntocritico\/wp-content\/uploads\/2018\/11\/deseo-patologico-2-kant-spinoza.jpg\" alt=\"\" width=\"480\" height=\"360\" srcset=\"https:\/\/puntocritico.com\/ausajpuntocritico\/wp-content\/uploads\/2018\/11\/deseo-patologico-2-kant-spinoza.jpg 760w, https:\/\/puntocritico.com\/ausajpuntocritico\/wp-content\/uploads\/2018\/11\/deseo-patologico-2-kant-spinoza-300x225.jpg 300w, https:\/\/puntocritico.com\/ausajpuntocritico\/wp-content\/uploads\/2018\/11\/deseo-patologico-2-kant-spinoza-200x150.jpg 200w, https:\/\/puntocritico.com\/ausajpuntocritico\/wp-content\/uploads\/2018\/11\/deseo-patologico-2-kant-spinoza-678x509.jpg 678w, https:\/\/puntocritico.com\/ausajpuntocritico\/wp-content\/uploads\/2018\/11\/deseo-patologico-2-kant-spinoza-326x245.jpg 326w, https:\/\/puntocritico.com\/ausajpuntocritico\/wp-content\/uploads\/2018\/11\/deseo-patologico-2-kant-spinoza-80x60.jpg 80w\" sizes=\"auto, (max-width: 480px) 100vw, 480px\" \/><\/a><\/p>\n<p>&nbsp;<\/p>\n<p style=\"text-align: justify;\"><span style=\"font-family: georgia, palatino, serif; font-size: 14pt;\">La <em><strong>\u00c9tica <\/strong><\/em>de <strong>Espinosa<\/strong> es <strong>naturalista<\/strong>, es decir, <strong>sit\u00faa al individuo \u00e9tico en el contexto natural<\/strong> (<em>que incluye, por supuesto, la sociedad<\/em>), <strong>global, en que su actuaci\u00f3n se va a desarrollar<\/strong> y no lo a\u00edsla como un \u00ab<em>imperio dentro de otro imperio<\/em>\u00bb <a id=\"ref24a\"><\/a><strong><a href=\"#ref24\">[24]<\/a><\/strong>. <\/span><\/p>\n<p style=\"text-align: justify;\"><span style=\"font-family: georgia, palatino, serif; font-size: 14pt;\">Por ello los libros propiamente <em>morales<\/em> de la <em><strong>\u00c9tica<\/strong><\/em>,<em><strong> libros III, IV y V<\/strong><\/em>, vienen despu\u00e9s (<em>y no s\u00f3lo en un sentido expositivo, sino tambi\u00e9n sistem\u00e1tico<\/em>) de la <em>ontolog\u00eda<\/em> <em>general<\/em> (<strong><em>libro I<\/em><\/strong>) y de la <em>ontolog\u00eda particular del ser humano<\/em> (<em><strong>libro<\/strong> <strong>II<\/strong><\/em>).<\/span><\/p>\n<p>&nbsp;<\/p>\n<figure id=\"attachment_2317279\" aria-describedby=\"caption-attachment-2317279\" style=\"width: 330px\" class=\"wp-caption aligncenter\"><img loading=\"lazy\" decoding=\"async\" class=\"wp-image-2317279\" src=\"https:\/\/puntocritico.com\/ausajpuntocritico\/wp-content\/uploads\/2026\/02\/etica-eudemonista-globo-240x300.webp\" alt=\"\" width=\"330\" height=\"413\" srcset=\"https:\/\/puntocritico.com\/ausajpuntocritico\/wp-content\/uploads\/2026\/02\/etica-eudemonista-globo-240x300.webp 240w, https:\/\/puntocritico.com\/ausajpuntocritico\/wp-content\/uploads\/2026\/02\/etica-eudemonista-globo.webp 426w\" sizes=\"auto, (max-width: 330px) 100vw, 330px\" \/><figcaption id=\"caption-attachment-2317279\" class=\"wp-caption-text\"><span style=\"color: #008000;\">La <strong>\u00e9tica eudemonista<\/strong> es una teor\u00eda filos\u00f3fica que sostiene que la felicidad (<em>eudaimonia<\/em>) es el bien supremo y el fin \u00faltimo de la vida humana.<\/span><\/figcaption><\/figure>\n<p>&nbsp;<\/p>\n<p style=\"text-align: justify;\"><span style=\"font-family: georgia, palatino, serif; font-size: 14pt;\">Pero, a la inversa, <strong>la <em>ontolog\u00eda espinosiana<\/em> est\u00e1 dirigida a la fundamentaci\u00f3n de la \u00e9tica<\/strong>, una <em><strong>\u00e9tica eudemonista<\/strong> <strong>y<\/strong> <strong>existencial<\/strong><\/em>. <\/span><\/p>\n<p style=\"text-align: justify;\"><span style=\"font-family: georgia, palatino, serif; font-size: 14pt;\"><strong>La \u00e9tica espinosiana remite a dos fundamentos<\/strong>: uno m\u00e1s inmediato que es la <strong>antropolog\u00eda<\/strong>, una antropolog\u00eda &#8216;<em>de inspiraci\u00f3n naturalista, atea y reflexiva<\/em>&#8216; y otro m\u00e1s mediato que es la <strong>ontolog\u00eda general<\/strong> de la <a href=\"https:\/\/puntocritico.com\/ausajpuntocritico\/2024\/01\/05\/la-idea-de-substancia-en-spinoza-como-materia-ontologico-general-por-vidal-pena-parte-i\/\" target=\"_blank\" rel=\"noopener\" data-schema-attribute=\"\"><strong>Substancia<\/strong><\/a> como <em>totalidad de la naturaleza<\/em>.\u00a0<\/span><\/p>\n<p>&nbsp;<\/p>\n<blockquote>\n<p style=\"text-align: center;\"><strong><span style=\"font-family: georgia, palatino, serif; font-size: 14pt; color: #008000;\">Este <em>naturalismo \u00e9tico<\/em> rechaza la escisi\u00f3n entre el ser y el deber ser, as\u00ed como el finalismo teleol\u00f3gico, el antropocentrismo y el libre albedr\u00edo, elementos definitorios de las concepciones cl\u00e1sicas de la \u00e9tica.<\/span><\/strong><\/p>\n<\/blockquote>\n<p>&nbsp;<\/p>\n<p style=\"text-align: justify;\"><span style=\"font-family: georgia, palatino, serif; font-size: 14pt;\"><a href=\"https:\/\/puntocritico.com\/ausajpuntocritico\/wp-content\/uploads\/2018\/11\/deseo-patologico-3-kant-spinoza.jpg\" rel=\"lightbox[15167]\"><img loading=\"lazy\" decoding=\"async\" class=\"alignright wp-image-15175\" src=\"https:\/\/puntocritico.com\/ausajpuntocritico\/wp-content\/uploads\/2018\/11\/deseo-patologico-3-kant-spinoza-300x201.jpg\" alt=\"\" width=\"330\" height=\"221\" srcset=\"https:\/\/puntocritico.com\/ausajpuntocritico\/wp-content\/uploads\/2018\/11\/deseo-patologico-3-kant-spinoza-300x201.jpg 300w, https:\/\/puntocritico.com\/ausajpuntocritico\/wp-content\/uploads\/2018\/11\/deseo-patologico-3-kant-spinoza-224x150.jpg 224w, https:\/\/puntocritico.com\/ausajpuntocritico\/wp-content\/uploads\/2018\/11\/deseo-patologico-3-kant-spinoza.jpg 471w\" sizes=\"auto, (max-width: 330px) 100vw, 330px\" \/><\/a>Este <em>naturalismo \u00e9tico<\/em> <strong>rechaza la escisi\u00f3n entre el ser y el deber ser,<\/strong> as\u00ed como el finalismo teleol\u00f3gico, el antropocentrismo y el libre albedr\u00edo, elementos definitorios de las concepciones cl\u00e1sicas de la \u00e9tica. <\/span><\/p>\n<p style=\"text-align: justify;\"><span style=\"font-family: georgia, palatino, serif; font-size: 14pt;\"><strong>No hay un deber ser externo y trascendente al ser<\/strong>, porque no hay una idea de <em><strong>Bien<\/strong> <\/em>como valor trascendente de la relaci\u00f3n que existe entre las distintas partes componentes de mi cuerpo <a id=\"ref25a\"><\/a><a href=\"#ref25\"><strong>[25]<\/strong>.<\/a> <\/span><\/p>\n<p style=\"text-align: justify;\"><span style=\"font-family: georgia, palatino, serif; font-size: 14pt;\"><strong>El deber est\u00e1 relacionado con un imperativo, responde a una ley externa cuya finalidad \u00faltima es la obediencia<\/strong>; en este sentido el deber es siempre, directa o indirectamente, <strong>el eco de la voz de Dios que dicta su ley<\/strong>, bien desde el exterior en las <em>\u00e9ticas<\/em> <em>fundamentadas<\/em> <em>religiosamente<\/em>, bien desde el interior en las <em>\u00e9ticas<\/em> de impronta <em>protestante<\/em> como la <em>kantiana<\/em>.\u00a0<\/span><\/p>\n<p style=\"text-align: justify;\"><span style=\"font-family: georgia, palatino, serif; font-size: 14pt;\"><strong>La ley exige obediencia y no lleva al conocimiento, se dirige a la voluntad y no al entendimiento<\/strong>. <\/span><\/p>\n<p style=\"text-align: justify;\"><span style=\"font-family: georgia, palatino, serif; font-size: 14pt;\">Para <strong>Espinosa<\/strong>, que en esto es <em>intelectualista<\/em>, <strong>la salvaci\u00f3n proviene del conocimiento<\/strong> en tanto que generador de <strong>afectos activos<\/strong>, el cual desarrolla y potencia nuestro ser, nos hace m\u00e1s activos, m\u00e1s virtuosos y m\u00e1s felices. <\/span><\/p>\n<p style=\"text-align: justify;\"><span style=\"font-family: georgia, palatino, serif; font-size: 14pt;\">Por ello, <strong>no es la ley basada en valores trascendentes quien libera, sino el conocimiento inmanente que permite buscar en la serie azarosa de encuentros que constituye nuestra vida<\/strong>, aquellos que refuerzan nuestro poder (<em>los buenos<\/em>) y evitar los que nos debilitan (<em>los malos<\/em>).<\/span><\/p>\n<p>&nbsp;<\/p>\n<blockquote>\n<p style=\"text-align: center;\"><span style=\"color: #008000;\"><strong><span style=\"font-family: georgia, palatino, serif; font-size: 14pt;\">No es la ley basada en valores trascendentes quien libera, sino el conocimiento inmanente que permite buscar en la serie azarosa de encuentros que constituye nuestra vida, aquellos que refuerzan nuestro poder (<em>los buenos<\/em>) y evitar los que nos debilitan (<em>los malos<\/em>).<\/span><\/strong><\/span><\/p>\n<\/blockquote>\n<p>&nbsp;<\/p>\n<p style=\"text-align: justify;\"><span style=\"font-family: georgia, palatino, serif; font-size: 14pt;\">Por \u00faltimo, <strong>la oposici\u00f3n <em>ser\/deber-ser<\/em> supone una ontolog\u00eda de la contingencia y la posibilidad completamente rechazada por el <em>necesitarismo espinosista<\/em><\/strong>, para el que una cosa es <strong>contingente<\/strong> si, \u00ab<em>atendiendo a su sola esencia, no hallamos nada que afirme o excluya necesariamente su existencia<\/em>\u00bb y una cosa es <strong>posible<\/strong> si, \u00ab<em>atendiendo a las causas en cuya virtud deben ser producidas, no sabemos si estas causas est\u00e1n determinadas a producirlas<\/em>\u00bb <a id=\"ref26a\"><\/a><a href=\"#ref26\"><strong>[26]<\/strong><\/a>. <\/span><\/p>\n<p style=\"text-align: justify;\"><strong><span style=\"font-family: georgia, palatino, serif; font-size: 14pt;\">La <em>\u00e9tica espinosista<\/em> no es, pues, una \u00e9tica formal del <em>deber-ser<\/em>, sino una \u00e9tica materialista<\/span><\/strong><span style=\"font-family: georgia, palatino, serif; font-size: 14pt;\"><strong> del <em>poder-ser<\/em><\/strong>. Obrar \u00e9ticamente consiste en desarrollar mi poder y no en seguir un deber dictado exteriormente y que no s\u00e9 si puedo o no realizar. El ser de <strong>Espinosa<\/strong> <strong>es poder, potencia, y no deber<\/strong>.<\/span><\/p>\n<p>&nbsp;<\/p>\n<blockquote>\n<p style=\"text-align: center;\"><span style=\"color: #008000;\"><strong><span style=\"font-family: georgia, palatino, serif; font-size: 14pt;\">La <em>\u00e9tica espinosista<\/em> no es, pues, una \u00e9tica formal del <em>deber-ser<\/em>, sino una \u00e9tica materialista<\/span><span style=\"font-family: georgia, palatino, serif; font-size: 14pt;\"> del <em>poder-ser<\/em>. <\/span><\/strong><\/span><\/p>\n<p style=\"text-align: center;\"><span style=\"color: #008000;\"><strong><span style=\"font-family: georgia, palatino, serif; font-size: 14pt;\">Obrar \u00e9ticamente consiste en desarrollar mi poder y no en seguir un deber dictado exteriormente y que no s\u00e9 si puedo o no realizar. <\/span><\/strong><\/span><\/p>\n<p style=\"text-align: center;\"><span style=\"color: #008000;\"><strong><span style=\"font-family: georgia, palatino, serif; font-size: 14pt;\">El ser de Espinosa es poder, potencia, y no deber.<\/span><\/strong><\/span><\/p>\n<\/blockquote>\n<p>&nbsp;<\/p>\n<p><img loading=\"lazy\" decoding=\"async\" class=\"aligncenter wp-image-19897 size-full\" src=\"https:\/\/puntocritico.com\/ausajpuntocritico\/wp-content\/uploads\/2019\/07\/04.-HELVETICAS-DANZA-Corto-Maltes.jpg\" alt=\"\" width=\"400\" height=\"290\" srcset=\"https:\/\/puntocritico.com\/ausajpuntocritico\/wp-content\/uploads\/2019\/07\/04.-HELVETICAS-DANZA-Corto-Maltes.jpg 400w, https:\/\/puntocritico.com\/ausajpuntocritico\/wp-content\/uploads\/2019\/07\/04.-HELVETICAS-DANZA-Corto-Maltes-300x218.jpg 300w\" sizes=\"auto, (max-width: 400px) 100vw, 400px\" \/><\/p>\n<p>&nbsp;<\/p>\n<p style=\"text-align: justify;\"><span style=\"font-family: georgia, palatino, serif; font-size: 14pt;\">De igual manera, para la <em><strong>\u00e9tica<\/strong> <\/em>de <strong>Espinosa el deseo no es algo patol\u00f3gico a evitar sino la esencia del hombre<\/strong>.<\/span><\/p>\n<p style=\"text-align: justify;\"><span style=\"font-family: georgia, palatino, serif; font-size: 14pt;\"> Como nos recuerda <strong>Misrahi<\/strong>, <strong>el hombre es de entrada un ser deseante m\u00e1s que un ser racional<\/strong>, cuya esencia se expresa a trav\u00e9s\u00a0de la uni\u00f3n del cuerpo y la mente, de la capacidad de conocer y del deseo. <\/span><\/p>\n<p style=\"text-align: justify;\"><span style=\"font-family: georgia, palatino, serif; font-size: 14pt;\">El <strong>hombre<\/strong> <strong>no se define en primer lugar por su raz\u00f3n<\/strong> sino por \u00ab<em>el movimiento de afirmaci\u00f3n y crecimiento de su existencia en tanto que la misma concierne su <strong>alegr\u00eda<\/strong> y su <strong>tristeza<\/strong><\/em>\u00bb <a id=\"ref27a\"><\/a><strong><a href=\"#ref27\">[27]<\/a>,<\/strong> es decir, por su deseo. <\/span><\/p>\n<p style=\"text-align: justify;\"><span style=\"font-family: georgia, palatino, serif; font-size: 14pt;\">El <em><strong>deseo espinosiano<\/strong><\/em> <strong>no expresa las limitaciones de la finitud o la nostalgia de lo infinito<\/strong>, sino <\/span><\/p>\n<blockquote>\n<p style=\"text-align: justify;\"><strong><span style=\"font-family: georgia, palatino, serif; font-size: 14pt; color: #008000;\">\u00ab<em>su propia afirmaci\u00f3n integral, aut\u00f3noma y ontol\u00f3gica<\/em>\u00bb.<\/span><\/strong><\/p>\n<\/blockquote>\n<p>&nbsp;<\/p>\n<p><img loading=\"lazy\" decoding=\"async\" class=\"aligncenter wp-image-2271823\" src=\"https:\/\/puntocritico.com\/ausajpuntocritico\/wp-content\/uploads\/2023\/04\/Spinoza-estoico.jpg\" alt=\"\" width=\"330\" height=\"350\" \/><\/p>\n<p>&nbsp;<\/p>\n<p style=\"text-align: justify;\"><span style=\"font-family: georgia, palatino, serif; font-size: 14pt;\"><strong>El deseo <em>espinosiano<\/em> no es negativo sino la pura afirmaci\u00f3n del ser del hombre en su existencia concreta<\/strong>. Pero este deseo tiene una<em> estructura reflexiva<\/em>, se vuelve sobre s\u00ed mismo para desarrollarse y expandirse; no se limita a su existencia actual sino que se dirige y tiende hacia la <em>beatitud<\/em>, <strong>hacia su m\u00e1xima perfecci\u00f3n y desarrollo<\/strong>.<\/span><\/p>\n<p>&nbsp;<\/p>\n<blockquote>\n<p style=\"text-align: center;\"><strong><span style=\"font-family: georgia, palatino, serif; font-size: 14pt; color: #008000;\">El deseo <em>espinosiano<\/em> es el despliegue del Conatus, del esfuerzo consciente por perseverar en el ser, y despliega su potencia a trav\u00e9s del desarrollo y potenciaci\u00f3n de los afectos, especialmente de los afectos afirmativos y activos, generadores de alegr\u00eda y evitadores de tristeza.\u00a0<\/span><\/strong><\/p>\n<\/blockquote>\n<p>&nbsp;<\/p>\n<p style=\"text-align: justify;\"><span style=\"font-family: georgia, palatino, serif; font-size: 14pt;\">El <strong>deseo<\/strong> es el despliegue del <a href=\"https:\/\/puntocritico.com\/ausajpuntocritico\/2024\/10\/11\/el-concepto-de-poder-en-spinoza-parte-iii-por-f-javier-ansuategui-roig-republicado\/\" target=\"_blank\" rel=\"noopener\" data-schema-attribute=\"\"><strong>Conatus<\/strong><\/a>, del <strong>esfuerzo consciente por perseverar en el ser<\/strong>, y despliega su potencia a trav\u00e9s del <strong>desarrollo y potenciaci\u00f3n de los afectos<\/strong>, especialmente de los <strong>afectos afirmativos y activos<\/strong>, g<strong>eneradores de alegr\u00eda y evitadores de tristeza<\/strong>.\u00a0<\/span><\/p>\n<p style=\"text-align: justify;\"><span style=\"font-family: georgia, palatino, serif; font-size: 14pt;\"><strong>En conclusi\u00f3n<\/strong>, podemos decir que mientras que <strong>la <em>moral kantiana<\/em> se sit\u00faa claramente en continuidad con las \u00e9ticas de inspiraci\u00f3n cristiana y por tanto rechaza el deseo y las inclinaciones humanas como algo patol\u00f3gico a evitar en lo posible<\/strong>, la <em>\u00e9tica espinosista<\/em> se sit\u00faa en una<em><strong> tradici\u00f3n clasicista<\/strong> <\/em>que parte del <em>naturalismo aristot\u00e9lico<\/em> y se despliega en el <strong><em>estoicismo<\/em> <\/strong>y el <strong><em>epicureismo<\/em><\/strong>. <\/span><\/p>\n<p style=\"text-align: justify;\"><span style=\"font-family: georgia, palatino, serif; font-size: 14pt;\">Esta tradici\u00f3n es mucho m\u00e1s realista y <strong>piensa que hay que hacer las cuentas con los afectos, el deseo y las inclinaciones ya que son lo que nos constituyen esencialmente<\/strong> y adem\u00e1s, dado su <em>necesitarismo<\/em>, esta tradici\u00f3n <strong>no acepta una libertad originaria como algo dado y constituyente<\/strong>, sino que se sit\u00faa m\u00e1s bien en la perspectiva de <strong>una liberaci\u00f3n posible, pero problem\u00e1tica y que nunca concluye del todo<\/strong>.<\/span><\/p>\n<p>&nbsp;<\/p>\n<blockquote>\n<p style=\"text-align: center;\"><span style=\"color: #008000;\"><strong><span style=\"font-family: georgia, palatino, serif; font-size: 14pt;\">Mientras que la <em>moral kantiana<\/em> se sit\u00faa en continuidad con las \u00e9ticas de inspiraci\u00f3n cristiana y por tanto rechaza el deseo y las inclinaciones humanas como algo patol\u00f3gico a evitar en lo posible, la <em>\u00e9tica espinosista<\/em> se sit\u00faa en una<em> tradici\u00f3n clasicista <\/em>que parte del <em>naturalismo aristot\u00e9lico<\/em> y se despliega en el <em>estoicismo<\/em> y el <em>epicureismo<\/em>.<\/span><\/strong><\/span><\/p>\n<p style=\"text-align: center;\"><span style=\"color: #008000;\"><strong><span style=\"font-family: georgia, palatino, serif; font-size: 14pt;\">La <em>\u00e9tica espinosista,<\/em><\/span><span style=\"font-family: georgia, palatino, serif; font-size: 14pt;\"> m\u00e1s realista, piensa que hay que hacer las cuentas con los afectos, el deseo y las inclinaciones ya que son lo que nos constituyen esencialmente y adem\u00e1s, dado su <em>necesitarismo<\/em>, esta tradici\u00f3n no acepta una libertad originaria como algo dado y constituyente, sino que se sit\u00faa m\u00e1s bien en la perspectiva de una liberaci\u00f3n posible, pero problem\u00e1tica y que nunca concluye del todo.<\/span><\/strong><\/span><\/p>\n<\/blockquote>\n<p>&nbsp;<\/p>\n<p><img loading=\"lazy\" decoding=\"async\" class=\"aligncenter wp-image-25121\" src=\"https:\/\/puntocritico.com\/ausajpuntocritico\/wp-content\/uploads\/2019\/12\/sancion-moral-y-justicia-retributiva-3-OK.jpg\" alt=\"\" width=\"240\" height=\"342\" \/><\/p>\n<p style=\"text-align: center;\"><span style=\"font-size: 18pt;\"><strong><span style=\"color: #008000;\">*******<\/span><\/strong><\/span><\/p>\n<blockquote>\n<h3 style=\"text-align: center;\"><span style=\"font-family: georgia, palatino, serif; font-size: 14pt;\"><strong><span style=\"font-size: 18pt;\">Bibliograf\u00eda<\/span><\/strong><\/span><\/h3>\n<p style=\"text-align: center;\">\n<span style=\"font-family: georgia, palatino, serif; font-size: 14pt;\">G. DELEUZE, La philosophie critique de Kar\u00fc, PUF, Par\u00eds, 1963<\/span><\/p>\n<p style=\"text-align: center;\"><span style=\"font-family: georgia, palatino, serif; font-size: 14pt;\">G. DELEUZE, Spinoza: inmortalit\u00e9 et etemit\u00e9, CD-ROM, Gallimard, Par\u00eds.<\/span><\/p>\n<p style=\"text-align: center;\"><span style=\"font-family: georgia, palatino, serif; font-size: 14pt;\">F. DUQUE, Historia de la Filosof\u00eda Moderna. La era de la cr\u00edtica, Akal, Madrid, 1998,<\/span><\/p>\n<p style=\"text-align: center;\"><span style=\"font-family: georgia, palatino, serif; font-size: 14pt;\">A. GlOVANNONi, Inmanence etfinitude chez Spinoza. Etudes sur l&#8217;id\u00e9e de constitution dans l&#8217;Ethique, Kim\u00e9, Par\u00eds, 1999.<\/span><\/p>\n<p style=\"text-align: center;\"><span style=\"font-family: georgia, palatino, serif; font-size: 14pt;\">KANT, Cr\u00edtica de la raz\u00f3n pr\u00e1ctica. Espasa Calpe, Madrid, 1975<\/span><\/p>\n<p style=\"text-align: center;\"><span style=\"font-family: georgia, palatino, serif; font-size: 14pt;\">J. LACAN, Seminar\u00edo 7. La \u00e9tica del psicoan\u00e1lisis, Paid\u00f3s, Barcelona,<\/span><\/p>\n<p style=\"text-align: center;\"><span style=\"font-family: georgia, palatino, serif; font-size: 14pt;\">J. LACAN, Seminario 11. Los cuatro conceptos fundamentales del psicoan\u00e1lisis, Paid\u00f3s, Barcelona<\/span><\/p>\n<p style=\"text-align: center;\"><span style=\"font-family: georgia, palatino, serif; font-size: 14pt;\">J. LACAN, \u00abKant avec Sade\u00bb en Ecrits, Seuil, Par\u00eds, 1966<\/span><\/p>\n<p style=\"text-align: center;\"><span style=\"font-family: georgia, palatino, serif; font-size: 14pt;\">R. MlSRAHI, Le corps et l&#8217;esprit dans la philosophie de Spinoza, Les empecheurs de penser en ronds, Par\u00eds, 1992<\/span><\/p>\n<p style=\"text-align: center;\"><span style=\"font-family: georgia, palatino, serif; font-size: 14pt;\">R. MlSRAHI, L \u00e9tre et la joie. Perspectives synth\u00e9tiques sur le spinozisme, enere maritime, Foug\u00e9res, 1997,<\/span><\/p>\n<p style=\"text-align: center;\"><span style=\"font-family: georgia, palatino, serif; font-size: 14pt;\">G. ViLAR, \u00abEl concepto de bien supremo en Kant\u00bb en J. MUGUERZA y R.R. ARAMAYO (eds.) Kant despu\u00e9s de Kant. En el hicentenario de la Critica de la rasi\u00f3n pr\u00e1ctica, Tecnos, Madrid, 1989,<\/span><\/p>\n<p style=\"text-align: center;\"><span style=\"font-family: georgia, palatino, serif; font-size: 14pt;\">L. VlNClGUERRA, \u00abSensatio eternitatis\u00bb en el n.\u00b0 50 de la revista lyyun. The Jerusalem Phihsophical Quarterly, de julio de 2001.<\/span><\/p>\n<\/blockquote>\n<p style=\"text-align: center;\">\u00a0<\/p>\n<p><img loading=\"lazy\" decoding=\"async\" class=\"aligncenter wp-image-25137\" src=\"https:\/\/puntocritico.com\/ausajpuntocritico\/wp-content\/uploads\/2019\/12\/sancion-moral-y-justicia-retributiva-7-OK.jpg\" alt=\"\" width=\"330\" height=\"286\" \/><\/p>\n<p style=\"text-align: center;\"><span style=\"font-size: 18pt;\"><strong><span style=\"color: #008000;\">*******<\/span><\/strong><\/span><\/p>\n<blockquote>\n<h3 style=\"text-align: center;\"><strong><span style=\"font-size: 18pt;\"><span style=\"background-color: #ccffcc;\">Notas<\/span><\/span><\/strong><\/h3>\n<p style=\"text-align: justify;\"><span style=\"font-size: 12pt;\"><span style=\"font-size: 14pt;\"><a href=\"#ref1a\">[1]<\/a> \u00ab<em>Este <strong>conato<\/strong> cuando se refiere s\u00f3lo al <strong>alma<\/strong>, se llama <strong>voluntad<\/strong>, en cambio, cuando se refiere a la vez al alma y al cuerpo, se llama <strong>apetito<\/strong>. Este no es, pues, otra cosa que <strong>la misma esencia del hombre<\/strong>, por lo dem\u00e1s <strong>entre apetito y deseo no hay diferencia alguna, excepto que el deseo suele atribuirse a los hombres en cuanto que son conscientes de su apetito<\/strong><\/em>\u00bb (E.III, 9 esc). <\/span><\/span><\/p>\n<p style=\"text-align: justify;\"><span style=\"font-size: 12pt;\"><span style=\"font-size: 14pt;\">No es s\u00f3lo <strong>Espinosa<\/strong> quien considera el deseo como la esencia del hombre, a su modo <strong>Lacan<\/strong> lo hace tambi\u00e9n cuando dice :\u00ab&#8230; el deseo lo hemos definido en otro lado como la metonimia de nuestro ser. <\/span><\/span><\/p>\n<p style=\"text-align: justify;\"><span style=\"font-size: 12pt;\"><span style=\"font-size: 14pt;\">El arroyuelo donde se sit\u00faa el deseo no es solamente la modulaci\u00f3n de la cadena significante, sino lo que corre por debajo de ella, que <strong>es hablando estrictamente lo que somos y tambi\u00e9n lo que no somos, nuestro ser y nuestro no-ser<\/strong>, <strong>lo que en el acto es significado, pasa de un significante a otro en la cadena, bajo todas las significaciones<\/strong>\u00bb (<em>Cf. J. Lacan, Seminario 7. La \u00e9tica del psicoan\u00e1lisis, clase 24 del 6-7-1960. Paid\u00f3s, Barcelona<\/em>). <\/span><\/span><\/p>\n<p><span style=\"font-size: 14pt;\"><a href=\"#ref2a\">[2]<\/a> Cf. G. Deleuze, La philosophie critique de Kant, PUF, Par\u00eds, 1963, p. 8. <\/span><\/p>\n<p><span style=\"font-size: 14pt;\"><a href=\"#ref3a\">[3]<\/a> Cf. G. Deleuze, op. cit. p. 17. <\/span><\/p>\n<p style=\"text-align: justify;\"><span style=\"font-size: 14pt;\"><a href=\"#ref4a\">[4]<\/a> \u00ab..<em><strong>. en el alma no se da ninguna facultad absoluta de entender, desear, amar, etc<\/strong>. De donde se sigue que estas facultades y otras similares o son totalmente ficticias o no son m\u00e1s que entes metaf\u00edsicos, o sea, universales que solemos formar a partir de los particulares<\/em>\u00bb \u00ab<em><strong>La voluntad es un ser o idea universal<\/strong>, con la que explicamos todas las voliciones singulares, esto es, lo que es com\u00fan a todas ellas<\/em>\u00bb (E, II, 49, esc. h)). <\/span><\/p>\n<p style=\"text-align: justify;\"><span style=\"font-size: 14pt;\">Sobre el rechazo <em>espinosiano<\/em> de la idea de facultad se puede consultar <strong>R. Misrahi<\/strong>, <em>Le corps et I&#8217; esprit dan la philosophie de <strong>Spinoza<\/strong><\/em>, Les empecheurs de penser en ronds, Par\u00eds, 1992, pp.29-31.<\/span><\/p>\n<p style=\"text-align: justify;\"><span style=\"font-size: 14pt;\"><a href=\"#ref5a\">[5]<\/a> \u00ab<em>La voluntad y el entendimiento son una y la misma cosa<\/em>\u00bb <\/span><\/p>\n<p><span style=\"font-size: 14pt;\"><a href=\"#ref6a\">[6]<\/a> Cf. J. Lacan, Sem.7, ya citado, clase 6 del 23 de diciembre de 1959. <\/span><\/p>\n<p><span style=\"font-size: 14pt;\"><a href=\"#ref7a\">[7]<\/a> Cf. Kant, Cr\u00edtica de la razan pr\u00e1ctica^ Espasa Calpe, Madrid, 1975, pp. 108-109<\/span><\/p>\n<p><span style=\"font-size: 14pt;\"><a href=\"#ref8a\">[8]<\/a> Cf. J. Lacan, Seminario 11. Los cuatro conceptos fundamentales del psicoan\u00e1lisis, clase 20 del 24 de junio de 1964, Paid\u00f3s, Barcelona. <\/span><\/p>\n<p><span style=\"font-size: 14pt;\"><a href=\"#ref9a\">[9]<\/a> Cf. \u00abKant avec Sade\u00bb en Ecrits, Seuil, Par\u00eds, 1966, p.780. <\/span><\/p>\n<p><span style=\"font-size: 14pt;\"><a href=\"#ref10a\">[10]<\/a> Cf. G. Deleuze, op. cit. p. 48. <\/span><\/p>\n<p style=\"text-align: justify;\"><span style=\"font-size: 14pt;\"><a href=\"#ref11a\">[11]<\/a> Sobre la noci\u00f3n de bien supremo en Kant se puede consultar el trabajo de G. Vilar, \u00abEl concepto de bien supremo en Kant\u00bb en J. Muguerza y R. R. Aramayo (eds.) Kant despu\u00e9s de Kant. En el bicentenario de la Cr\u00edtica de la raz\u00f3n pr\u00e1ctica, Tecnos, Madrid, 1989, en el que <strong>dicha problem\u00e1tica se sit\u00faa en el marco de la distinci\u00f3n en Kant de dos \u00e9ticas una formalista y otra m\u00e1s material<\/strong>. <\/span><\/p>\n<p style=\"text-align: justify;\"><span style=\"font-size: 14pt;\"><a href=\"https:\/\/puntocritico.com\/2018\/11\/27\/dialectica-eristica-o-el-arte-de-tener-razon-por-arthur-schopenhauer\/\">[12]<\/a> <strong>Misrahi<\/strong> contrapone a <strong>Kant<\/strong> y <strong>Espinosa<\/strong> en su relaci\u00f3n opuesta del papel que juega la felicidad en la \u00e9tica. Cf. Misrahi, U \u00e9tre et \u00a1ajote. Perspectives synth\u00e9tiques sur le spinozisme, enere maritime, Foug\u00e9res, 1997, p. 461. <\/span><\/p>\n<p><span style=\"font-size: 14pt;\"><a href=\"#ref13a\">[13]<\/a> R. Misrahi, L&#8217;\u00e9tre et \u00a1ajote, p.350. <\/span><\/p>\n<p><span style=\"font-size: 14pt;\"><a href=\"#ref14a\">[14]<\/a> Kant, op. Cit, pp.l66. <\/span><\/p>\n<p style=\"text-align: justify;\"><span style=\"font-size: 14pt;\"><a href=\"#ref15a\">[15]<\/a> Cf. <strong>F. Duque<\/strong>, <em>Historia de la Filosof\u00eda Moderna. La era de la critica<\/em>, Akal, Madrid, 1998,pp.l 16-117. De todas formas <strong>Duque<\/strong> recalca que si se toma en serio el car\u00e1cter de postulado pr\u00e1ctico de la existencia de Dios, es decir se hace hincapi\u00e9 en lo de pr\u00e1ctico m\u00e1s que en lo de la existencia, entonces todo queda reducido al &#8216;como si&#8217;que indica al sujeto actuante: <\/span><\/p>\n<p style=\"text-align: justify; padding-left: 40px;\"><span style=\"font-size: 14pt;\">\u00ab<span style=\"color: #008000;\"><em><strong>Obra como si la conciliabilidad de tu disposici\u00f3n an\u00edmica con la naturaleza a la que va dirigida tu acci\u00f3n, y a la vez con la determinaci\u00f3n pura de la ley, estuvieran sint\u00e9tica y causalmente propiciadas por un Dios es crudifiador de los corazones (para las disposiciones), creador del mundo (para la naturaleza &#8216;que se deja hacer&#8217;) y legislador eterno (para la moralidad stricto sensu)<\/strong><\/em><\/span>\u00bb <\/span><\/p>\n<p style=\"text-align: justify; padding-left: 40px;\"><span style=\"font-size: 14pt;\">(<em>op. cit. p. 117, nota 201<\/em>)<\/span><\/p>\n<p><span style=\"font-size: 14pt;\"><a href=\"#ref16a\">[16]<\/a> Cf. G. Deleuze, op. cit. pp. 61-62.<\/span><\/p>\n<p><span style=\"font-size: 14pt;\"><a href=\"#ref17a\">[17]<\/a> Cf. G. Deleuze, op. cit. 64-65<\/span><\/p>\n<p><span style=\"font-size: 14pt;\"><a href=\"#ref18a\">[18]<\/a> Cf. R. Misrahi, U\u00e9tre et lajoie, p.340. <\/span><\/p>\n<p><span style=\"font-size: 14pt;\"><a href=\"#ref19a\">[19]<\/a> Coincidimos con <strong>Misrahi<\/strong> en su confrontaci\u00f3n entre la <em><strong>eternidad espinosista y la inmortalidad kantiana<\/strong><\/em>.. Cf. Misrahi, L\u00e9tre&#8230;, cit, pp.191-192. <\/span><\/p>\n<p><span style=\"font-size: 14pt;\"><a href=\"#ref20a\">[20]<\/a> Cf A. Giovannoni, Inmanence etfinittu\u00ede chez Spinoza. Etudes sur l&#8217;id\u00e9e de comtitution dans l&#8217;Ethique, Kim\u00e9, Par\u00eds, 1999.<\/span><\/p>\n<p><span style=\"font-size: 14pt;\"><a href=\"#ref21a\">[21]<\/a> Cf G. Deleuze, Spinoza:inmortalit\u00e9 et etemit\u00e9, CD-ROM, Gallimard, Par\u00eds.<\/span><\/p>\n<p><span style=\"font-size: 14pt;\"><a href=\"#ref22a\">[22]<\/a> Cf L. Vinciguerra, \u00abSensatio eternitatis\u00bb en el n.\u00b0 50 de la revista lyyun. Thejerusalem Philosophical Quarterly, de julio de 2001<\/span><\/p>\n<p><span style=\"font-size: 14pt;\"><a href=\"#ref23a\">[23]<\/a> Cf. J, Lacroix, Spinoza et leprohUme du salut, PUF, Par\u00eds, 1970, quien <strong>considera la filosof\u00eda de Espinosa como una \u00ab<em>filosof\u00eda de la liberaci\u00f3n<\/em>\u00bb<\/strong>.<\/span><\/p>\n<p style=\"text-align: justify;\"><span style=\"font-size: 14pt;\"><a href=\"#ref24a\">[24]<\/a> \u00ab<em>La mayor parte de los que han escrito sobre los<strong> afectos y la conducta humana<\/strong> parecen tratar, no de cosas naturales que siguen las leyes ordinarias de la naturaleza, sino de cosas que est\u00e1n fuera de \u00e9sta. M\u00e1s a\u00fan: <strong>parece que conciben al hombre dentro de la naturaleza como un imperio dentro de otro imperio<\/strong><\/em>\u00bb <\/span><\/p>\n<p style=\"text-align: justify; padding-left: 40px;\"><span style=\"font-size: 14pt;\">(<em>E, Prefacio parte III<\/em>). <\/span><\/p>\n<p style=\"text-align: justify;\"><span style=\"font-size: 14pt;\"><a href=\"#ref25a\">[25]<\/a> \u00ab<em>Es <strong>bueno<\/strong> lo que provoca que la relaci\u00f3n de movimiento y reposo que guardan entre s\u00ed las partes del cuerpo humano se conserve, y, al contrario, es <strong>malo<\/strong> lo que hace que las partes del cuerpo humano alteren su relaci\u00f3n de reposo y movimiento<\/em>\u00bb (E, IV, 39).\u00a0<\/span><span style=\"font-size: 14pt;\">\u00ab<strong><em>En la medida en que una cosa concuerda con nuestra naturaleza, es necesariamente buena<\/em><\/strong>\u00bb (E, IV, 31).<\/span><\/p>\n<p><span style=\"font-size: 14pt;\"><a href=\"#ref26a\">[26]<\/a> Cf. parte IV, Definicione<\/span><\/p>\n<p><span style=\"font-size: 14pt;\"><a href=\"#ref27a\">[27]<\/a>\u00a0 Cf. Misrahi, L&#8217;etre&#8230;, cit. p. 366.\u00a0<\/span><\/p>\n<\/blockquote>\n<p>&nbsp;<\/p>\n<p><a href=\"https:\/\/puntocritico.com\/ausajpuntocritico\/2024\/03\/19\/metafisica-de-las-costumbres-1\/\"><img loading=\"lazy\" decoding=\"async\" class=\"aligncenter wp-image-2294693\" src=\"https:\/\/puntocritico.com\/ausajpuntocritico\/wp-content\/uploads\/2024\/03\/Chagal-para-Metafisica-costumbres-OK-300x199.jpg\" alt=\"\" width=\"480\" height=\"319\" srcset=\"https:\/\/puntocritico.com\/ausajpuntocritico\/wp-content\/uploads\/2024\/03\/Chagal-para-Metafisica-costumbres-OK-300x199.jpg 300w, https:\/\/puntocritico.com\/ausajpuntocritico\/wp-content\/uploads\/2024\/03\/Chagal-para-Metafisica-costumbres-OK-678x452.jpg 678w, https:\/\/puntocritico.com\/ausajpuntocritico\/wp-content\/uploads\/2024\/03\/Chagal-para-Metafisica-costumbres-OK.jpg 680w\" sizes=\"auto, (max-width: 480px) 100vw, 480px\" \/><\/a><\/p>\n<blockquote>\n<p style=\"text-align: center;\"><span style=\"color: #008000; font-size: 14pt;\"><strong>\u00abEl Deseo es la facultad de ser causa de los objetos de nuestras representaciones por medio de estas representaciones mismas. La facultad que posee un ser de obrar seg\u00fan sus representaciones se llama la Vida\u00bb<\/strong><\/span><\/p>\n<p style=\"text-align: center;\"><span style=\"color: #008000; font-size: 14pt;\"><strong>KANT<\/strong><\/span><\/p>\n<p style=\"text-align: center;\"><span style=\"color: #008000; font-size: 14pt;\">(<a href=\"https:\/\/puntocritico.com\/ausajpuntocritico\/2024\/03\/19\/metafisica-de-las-costumbres-1\/\">METAF\u00cdSICA DE LAS COSTUMBRES<\/a>)<\/span><\/p>\n<\/blockquote>\n<p>&nbsp;<\/p>\n<p><a href=\"https:\/\/puntocritico.com\/ausajpuntocritico\/2017\/05\/11\/justicia-divina\/\" target=\"_blank\" rel=\"noopener\" data-schema-attribute=\"\"><img loading=\"lazy\" decoding=\"async\" class=\"aligncenter wp-image-2289846\" src=\"https:\/\/puntocritico.com\/ausajpuntocritico\/wp-content\/uploads\/2023\/10\/Divine-Justice-in-Cesare-Ripa-Iconologia-Or-Moral-Emblems-Translated-and-edited-by-248x300.jpg\" alt=\"\" width=\"280\" height=\"338\" srcset=\"https:\/\/puntocritico.com\/ausajpuntocritico\/wp-content\/uploads\/2023\/10\/Divine-Justice-in-Cesare-Ripa-Iconologia-Or-Moral-Emblems-Translated-and-edited-by-248x300.jpg 248w, https:\/\/puntocritico.com\/ausajpuntocritico\/wp-content\/uploads\/2023\/10\/Divine-Justice-in-Cesare-Ripa-Iconologia-Or-Moral-Emblems-Translated-and-edited-by-848x1024.jpg 848w, https:\/\/puntocritico.com\/ausajpuntocritico\/wp-content\/uploads\/2023\/10\/Divine-Justice-in-Cesare-Ripa-Iconologia-Or-Moral-Emblems-Translated-and-edited-by-768x928.jpg 768w, https:\/\/puntocritico.com\/ausajpuntocritico\/wp-content\/uploads\/2023\/10\/Divine-Justice-in-Cesare-Ripa-Iconologia-Or-Moral-Emblems-Translated-and-edited-by.jpg 850w\" sizes=\"auto, (max-width: 280px) 100vw, 280px\" \/><\/a><\/p>\n<p>&nbsp;<\/p>\n<p>&nbsp;<\/p>\n<p><a href=\"https:\/\/puntocritico.com\/ausajpuntocritico\/author\/punto-critico\/\"><img loading=\"lazy\" decoding=\"async\" class=\"aligncenter wp-image-9528\" src=\"https:\/\/puntocritico.com\/ausajpuntocritico\/wp-content\/uploads\/2018\/03\/Mosca_Punto_Cr\u00edtico_40.png\" alt=\"\" width=\"80\" height=\"80\" data-id=\"9528\" \/><\/a><\/p>\n<p>&nbsp;<\/p>\n","protected":false},"excerpt":{"rendered":"<div class=\"mh-excerpt\"><p>KANT Y ESPINOSA: DESEO PATOL\u00d3GICO Y DESEO COMO ESENCIA HUMANA &nbsp; KANT Y ESPINOSA: DESEO PATOL\u00d3GICO Y DESEO COMO ESENCIA HUMANA Francisco Jos\u00e9 Mart\u00ednez UNED &nbsp; El presente trabajo plantea las diferentes posiciones que en <a class=\"mh-excerpt-more\" href=\"https:\/\/puntocritico.com\/ausajpuntocritico\/2026\/02\/06\/kant-y-espinosa-deseo\/\" title=\"KANT Y ESPINOSA: DESEO PATOL\u00d3GICO Y DESEO COMO ESENCIA HUMANA, por  Francisco Jos\u00e9 Mart\u00ednez\">[&#8230;]<\/a><\/p>\n<\/div>","protected":false},"author":3,"featured_media":15173,"comment_status":"open","ping_status":"closed","sticky":false,"template":"","format":"standard","meta":{"_acf_changed":false,"_exactmetrics_skip_tracking":false,"_exactmetrics_sitenote_active":false,"_exactmetrics_sitenote_note":"","_exactmetrics_sitenote_category":0,"footnotes":""},"categories":[8],"tags":[85,43],"class_list":{"0":"post-15167","1":"post","2":"type-post","3":"status-publish","4":"format-standard","5":"has-post-thumbnail","7":"category-filosofia","8":"tag-kant","9":"tag-spinoza"},"acf":[],"_links":{"self":[{"href":"https:\/\/puntocritico.com\/ausajpuntocritico\/wp-json\/wp\/v2\/posts\/15167","targetHints":{"allow":["GET"]}}],"collection":[{"href":"https:\/\/puntocritico.com\/ausajpuntocritico\/wp-json\/wp\/v2\/posts"}],"about":[{"href":"https:\/\/puntocritico.com\/ausajpuntocritico\/wp-json\/wp\/v2\/types\/post"}],"author":[{"embeddable":true,"href":"https:\/\/puntocritico.com\/ausajpuntocritico\/wp-json\/wp\/v2\/users\/3"}],"replies":[{"embeddable":true,"href":"https:\/\/puntocritico.com\/ausajpuntocritico\/wp-json\/wp\/v2\/comments?post=15167"}],"version-history":[{"count":0,"href":"https:\/\/puntocritico.com\/ausajpuntocritico\/wp-json\/wp\/v2\/posts\/15167\/revisions"}],"wp:featuredmedia":[{"embeddable":true,"href":"https:\/\/puntocritico.com\/ausajpuntocritico\/wp-json\/wp\/v2\/media\/15173"}],"wp:attachment":[{"href":"https:\/\/puntocritico.com\/ausajpuntocritico\/wp-json\/wp\/v2\/media?parent=15167"}],"wp:term":[{"taxonomy":"category","embeddable":true,"href":"https:\/\/puntocritico.com\/ausajpuntocritico\/wp-json\/wp\/v2\/categories?post=15167"},{"taxonomy":"post_tag","embeddable":true,"href":"https:\/\/puntocritico.com\/ausajpuntocritico\/wp-json\/wp\/v2\/tags?post=15167"}],"curies":[{"name":"wp","href":"https:\/\/api.w.org\/{rel}","templated":true}]}}