{"id":15006,"date":"2020-11-11T00:05:22","date_gmt":"2020-11-10T23:05:22","guid":{"rendered":"http:\/\/puntocritico.com\/?p=15006"},"modified":"2020-11-11T17:21:53","modified_gmt":"2020-11-11T16:21:53","slug":"schola-iuris-el-vinculo-entre-manuel-marchena-y-el-comisario-villarejo","status":"publish","type":"post","link":"https:\/\/puntocritico.com\/ausajpuntocritico\/2020\/11\/11\/schola-iuris-el-vinculo-entre-manuel-marchena-y-el-comisario-villarejo\/","title":{"rendered":"\u00abCORRUPTIO OPTIMI, PESSIMA EST\u00bb. El WhatsApp de Coixid\u00f3"},"content":{"rendered":"<blockquote>\n<h3 class=\"cutting-title\" style=\"text-align: center;\"><span style=\"font-size: 18pt; font-family: 'times new roman', times, serif; color: #008000;\"><a href=\"#ref1a\">[0]<\/a>\u00a0 El mensaje por WhatsApp de Cosid\u00f3<\/span><\/h3>\n<p style=\"text-align: justify;\">\u00a0<\/p>\n<p style=\"text-align: justify;\"><span style=\"font-size: 14pt;\">E<\/span><span style=\"font-size: 14pt;\">l pacto previo supon\u00eda (10 Psoe + 10 PP + el Presidente (Magistrado del Supremo) Psoe = 21 ) y sin derecho a veto de los candidatos propuestos por el otro.\u00a0<\/span><\/p>\n<p style=\"text-align: justify;\"><span style=\"font-size: 14pt;\">= (12 jueces + 8 juristas de reconocido prestigio (JRP) + 1 Presidente) = 21<\/span><\/p>\n<p style=\"text-align: justify;\"><span style=\"font-size: 14pt;\">= ((3 jueces PP Congreso + 3 jueces Psoe Congreso + 3 jueces PP Senado + 3 jueces Psoe Senado) + ( 2 JRP PP Congreso + 2 JRP Psoe Congreso + 2 JRP PP Senado + 2 JRP Psoe Senado) + 1 Presidente = 21<\/span><\/p>\n<p style=\"text-align: justify;\"><span style=\"font-size: 14pt;\">Dicho de otra manera: El PP hubiera tenido 10 vocales, y el PSOE 10 vocales + el Presidente = 11.\u00a0<\/span><\/p>\n<p style=\"text-align: justify;\"><span style=\"font-size: 14pt;\">Con la negociaci\u00f3n, el PP tiene 9 vocales + el Presidente = 10, y el Psoe tiene 11 vocales.<\/span><\/p>\n<p style=\"text-align: justify;\"><span style=\"font-size: 14pt;\">Con otras palabras, obtenemos lo mismo num\u00e9ricamente, pero ponemos un Presidente excepcional, que fue vetado por Rubalcaba en 2013, y ahora no. Un presidente gran jurista con much\u00edsima experiencia en el Supremo, que prestigiar\u00e1 el TS y el CGPJ, que falta le hace, y con una capacidad de liderazgo y auctoritas para que las votaciones no sean 11-10 sino pr\u00f3ximas al 21-0. <strong>Y adem\u00e1s controlando la sala segunda desde detr\u00e1s y presidiendo la sala 61<\/strong>. Ha sido una jugada estupenda que he vivido desde la primera l\u00ednea. <strong>Nos jug\u00e1bamos las renovaciones futuras de 2\/3 del TS y centenares de nombramientos en el poder judicial, vitales para el PP<\/strong> y para el futuro de Espa\u00f1a.\u00a0<\/span><\/p>\n<p style=\"text-align: justify;\"><span style=\"font-size: 14pt;\">Lo \u00fanico que puede sonar mal son los nombramientos de algunos vocales del\u00a0Psoe, pero el pacto previo supon\u00eda no poner vetos a nombres, para no eternizar la renovaci\u00f3n que tiene fecha de caducidad el 4 de diciembre. En cualquier caso sacar a de Prada de la Audiencia Nacional es bueno. Mejor de vocal que poniendo sentencias contra el PP.<\/span><\/p>\n<p style=\"text-align: justify;\"><span style=\"font-size: 14pt;\">Otra consideraci\u00f3n importante, es que \u00e9ste reparto 50%\u00a0para los pr\u00f3ximos a\u00f1os, supone m\u00e1s de lo que nos corresponder\u00eda por el n\u00famero de\u00a0esca\u00f1os o si hubiesen entrado otras fuerzas pol\u00edticas.<\/span><\/p>\n<p style=\"text-align: justify;\"><span style=\"font-size: 14pt;\">En fin, un resultado esperanzador. Lo que leo estos d\u00edas es de una ignorancia que raya el delito. Si alguien quiere m\u00e1s detalles, estoy encantado. Abzo fuerte<\/span><\/p>\n<p><a href=\"https:\/\/www.eldiario.es\/politica\/justicia-cgpj-cosido_1_1833518.html#mensaje\" target=\"_blank\" rel=\"noopener noreferrer\"><img loading=\"lazy\" decoding=\"async\" class=\"aligncenter size-full wp-image-1353522\" src=\"https:\/\/puntocritico.com\/ausajpuntocritico\/wp-content\/uploads\/2020\/11\/Coixido-controlando-con-el-CGPJ-la-sala-Segunda-del-TS-460.jpg\" alt=\"\" width=\"440\" height=\"500\" data-id=\"1353522\" srcset=\"https:\/\/puntocritico.com\/ausajpuntocritico\/wp-content\/uploads\/2020\/11\/Coixido-controlando-con-el-CGPJ-la-sala-Segunda-del-TS-460.jpg 440w, https:\/\/puntocritico.com\/ausajpuntocritico\/wp-content\/uploads\/2020\/11\/Coixido-controlando-con-el-CGPJ-la-sala-Segunda-del-TS-460-264x300.jpg 264w\" sizes=\"auto, (max-width: 440px) 100vw, 440px\" \/><\/a><\/p>\n<\/blockquote>\n<p>&nbsp;<\/p>\n<p style=\"text-align: center;\"><span style=\"color: #008000;\"><strong><span style=\"font-size: 18pt;\">*******<\/span><\/strong><\/span><\/p>\n<blockquote>\n<p>&nbsp;<\/p>\n<p style=\"text-align: center;\"><span style=\"font-size: 24pt;\"><strong><em><a href=\"#ref0a\">[1]<\/a> Corruptio Optimi, Pessima <\/em><\/strong><strong><em>Est<\/em><\/strong><\/span><\/p>\n<p>&nbsp;<\/p>\n<p><img loading=\"lazy\" decoding=\"async\" class=\"aligncenter wp-image-1306235\" src=\"https:\/\/puntocritico.com\/ausajpuntocritico\/wp-content\/uploads\/2020\/11\/Corruptio-optimi.jpg\" sizes=\"auto, (max-width: 360px) 100vw, 360px\" srcset=\"https:\/\/puntocritico.com\/ausajpuntocritico\/wp-content\/uploads\/2020\/11\/Corruptio-optimi.jpg 260w, https:\/\/puntocritico.com\/ausajpuntocritico\/wp-content\/uploads\/2020\/11\/Corruptio-optimi-80x60.jpg 80w\" alt=\"\" width=\"440\" height=\"328\" data-id=\"1306235\" \/><\/p>\n<p>&nbsp;<\/p>\n<p style=\"text-align: right;\"><strong><em>\u201cIf you have a system that is governed by the rule of law,<\/em><\/strong><\/p>\n<p style=\"text-align: right;\"><strong><em>you need to have someone to tell you what the law is\u201d <a href=\"https:\/\/puntocritico.com\/ausajpuntocritico\/2020\/11\/03\/independencia-judicial-y-estado-de-derecho-por-jorge-perez-alonso\/#refasteriscoti\">(*)<\/a><\/em><\/strong><\/p>\n<p style=\"text-align: right;\"><strong><em>John G. Roberts Jr<\/em><\/strong><\/p>\n<p>&nbsp;<\/p>\n<p style=\"text-align: justify;\"><span style=\"font-size: 14pt;\"><strong>Corruptio Optimi, Pessima Est<\/strong> (<em>la corrupci\u00f3n de los mejores es la peor de todas<\/em>); en efecto, la corrupci\u00f3n de lo mejor es lo peor; se entienda en el orden f\u00edsico o en el moral.\u00a0<\/span><\/p>\n<p>&nbsp;<\/p>\n<p style=\"text-align: center;\"><span style=\"font-size: 14pt; color: #008000;\"><strong>\u201cCuando los que mandan pierden la verg\u00fcenza, los que obedecen pierden el respeto\u201d.<\/strong><\/span><\/p>\n<p>&nbsp;<\/p>\n<p style=\"text-align: justify;\"><span style=\"font-size: 14pt;\">\u00bfC\u00f3mo es posible que millones de seres humanos obedezcan a las minor\u00edas que los gobiernan? La respuesta es muy simple: porque las respetan, les creen, consideran que el mando que ejercen es leg\u00edtimo, tanto por su titularidad como por su modus operandi. Les otorgamos AUCT\u00d3RITAS, es decir, m\u00e1s all\u00e1 de la fuerza coactiva o POTESTAS, la obediencia se basa en la fuerza de la raz\u00f3n.\u00a0<\/span><\/p>\n<p style=\"text-align: justify;\"><span style=\"font-size: 14pt;\">Es esta una condici\u00f3n que afecta muy intensamente al Poder Judicial, ajeno al principio representativo, en el que la elecci\u00f3n de los titulares de los distintos \u00f3rganos judiciales (Inamovibles;\u00a0nombrados\u00a0con car\u00e1cter vitalicio), corresponde a los integrantes de su \u00f3rgano de gobierno, el Consejo General del Poder Judicial, cuya independencia, por tanto, se eleva como fundamento de la Autoridad de todo nuestro Sistema Judicial.<\/span><\/p>\n<p style=\"text-align: justify;\"><span style=\"font-size: 14pt;\">Recordaremos el famoso mensaje que el entonces Senador del PP,\u00a0<strong>Ignacio Coixid\u00f3<\/strong>, como l\u00edder de la Oposici\u00f3n en el Senado, envi\u00f3 a los Senadores del PP, defendiendo el Pacto al que hab\u00edan llegado con el PSOE, afirmando que dicho Pacto, al incluir el nombramiento de determinado Magistrado, permitir\u00eda al PP controlar la Sala Segunda del Tribunal Supremo \u201cpor la puerta de atr\u00e1s\u201d.<\/span><\/p>\n<p style=\"text-align: justify;\"><span style=\"font-size: 14pt;\">La Sala Segunda del Tribunal Supremo es la competente para juzgar al Gobierno,\u00a0a los Diputados\u00a0o a los mismos Senadores destinatarios de aqu\u00e9l mensaje.<\/span><\/p>\n<p style=\"text-align: justify;\"><span style=\"font-size: 14pt;\">Ser\u00eda al trascender todo ello a la Opini\u00f3n P\u00fablica, que aquel Pacto, aceptado por ambas partes, no fue llevado a efecto; entonces.<\/span><\/p>\n<p style=\"text-align: justify;\"><span style=\"font-size: 14pt;\">Recordemos ahora el texto del Art\u00edculo 122, 3\u00ba de la Constituci\u00f3n:<\/span><\/p>\n<p style=\"text-align: justify; padding-left: 40px;\"><span style=\"font-size: 14pt;\">\u201c<em>El Consejo General del Poder Judicial estar\u00e1 integrado por el Presidente del Tribunal Supremo, que lo presidir\u00e1, y por veinte miembros nombrados por el Rey por un per\u00edodo de cinco a\u00f1os. De \u00e9stos,\u00a0<strong>doce entre Jueces y Magistrados de todas las categor\u00edas judiciales, en los t\u00e9rminos que establezca la ley org\u00e1nica<\/strong>; cuatro a propuesta del Congreso de los Diputados, y cuatro a propuesta del Senado, elegidos en ambos casos por mayor\u00eda de tres quintos de sus miembros, entre abogados y otros juristas, todos ellos de reconocida competencia y con m\u00e1s de quince a\u00f1os de ejercicio en su profesi\u00f3n<\/em>\u201d.<\/span><\/p>\n<p>&nbsp;<\/p>\n<p style=\"text-align: justify;\"><span style=\"font-size: 14pt;\">Bast\u00f3 con la presentaci\u00f3n \u2013leg\u00edtima-, por los Grupos Parlamentarios de los Partidos de Gobierno, de un Proyecto de Ley que, plenamente conforme con el texto de la Constituci\u00f3n (<em>que no exige la mayor\u00eda cualificada para la elecci\u00f3n de los 12 Vocales del CGPJ de procedencia Judicial, refiriendo la decisi\u00f3n a la Ley Org\u00e1nica, que es precisamente el objeto de la Reforma Propuesta por los Grupos Parlamentarios de Podemos y PSOE<\/em>), podr\u00eda permitir a la mayor\u00eda Parlamentaria que sustenta al Gobierno la elecci\u00f3n de la mayor\u00eda de los vocales del CGPJ; es decir, que los partidos de Gobierno podr\u00edan, indirectamente, gobernar -y nombrar- a los Jueces.<\/span><\/p>\n<p>&nbsp;<\/p>\n<p style=\"text-align: center;\"><span style=\"font-size: 14pt; color: #008000;\"><strong>El problema de la politizaci\u00f3n de la Justicia, no est\u00e1 tanto en los nombramientos, como en la ausencia de una real y efectiva exigencia de responsabilidad a los nombrados<\/strong><\/span><\/p>\n<p>&nbsp;<\/p>\n<p style=\"text-align: justify;\"><span style=\"font-size: 14pt;\">Hay detalles que conviene tener presentes: Al contrario de lo que los Medios de Informaci\u00f3n, y sus amplificadores en Redes Sociales, afirman, el nombramiento de la Fiscal en excedencia y ex Ministra de Justicia, Dolores Delgado, como Fiscal General del Estado, no ha sido la \u00fanica vez que un Ministro cesante es nombrado Fiscal General del Estado.<\/span><\/p>\n<p style=\"text-align: justify;\"><span style=\"font-size: 14pt;\"><strong>Javier Moscoso del Prado y Mu\u00f1oz<\/strong>, que fue Ministro de Presidencia \u00a0con Felipe Gonz\u00e1lez, desde el 3 de diciembre de 1982, hasta el 26 de julio de 1986, fue nombrado Fiscal General del Estado el 19 de septiembre de 1986, cargo que ejerci\u00f3 hasta el\u00a0 26 de enero de 1990, sin que fuese su nombramiento tachado de ileg\u00edtimo en modo alguno.<\/span><\/p>\n<p style=\"text-align: justify;\"><span style=\"font-size: 14pt;\">Y en relaci\u00f3n a la legitimidad de la referida Propuesta de Ley Org\u00e1nica de reforma de la Ley Org\u00e1nica del Poder Judicial en cuanto a la mayor\u00eda exigida para la elecci\u00f3n parlamentaria de los 12 Vocales Magistrados o Jueces, del CGPJ, conviene tener presente que la Jurisprudencia Constitucional invocada (<em>Sentencia 108\/1986, del Tribunal Constitucional, sobre la reforma del sistema de elecci\u00f3n de los vocales del CGPJ<\/em>), declara Constitucional dicha Reforma, considerando, como \u201c<em>Obiter dicta<\/em>\u201d (<em>argumento empleado en una resoluci\u00f3n judicial sin relevancia para el fallo<\/em>) la conveniencia de evitar la politizaci\u00f3n del CGPJ.<\/span><\/p>\n<p style=\"text-align: justify;\"><span style=\"font-size: 14pt;\">Estamos, pues, ante un Proyecto de Ley pendiente de tramitaci\u00f3n, discutible en su Constitucionalidad, aunque ajustado a la letra de la Constituci\u00f3n, que muchos \u00a0rechazamos\u00a0 categ\u00f3ricamente, por entender que la preservaci\u00f3n de la Independencia e Imparcialidad de nuestros Jueces, exige que sean los mismos Jueces\u00a0 quienes elijan directamente a los 12 vocales del CGPJ (compuesto por 20 Vocales y su Presidente), procedentes de la carrera Judicial.<\/span><\/p>\n<p style=\"text-align: justify;\"><span style=\"font-size: 14pt;\">La especialidad \u2013y singular trascendencia- de este Proyecto de Ley Org\u00e1nica reside, en nuestra opini\u00f3n, en habernos hecho olvidar aqu\u00e9l mensaje de Coixid\u00f3 en el Senado, que nos ilustr\u00f3 del car\u00e1cter, que no descartamos como Delictivo, de los pactos entre PP y PSOE sobre Nombramientos de Vocales del CGPJ.<\/span><\/p>\n<p style=\"text-align: justify;\"><span style=\"font-size: 14pt;\">Esa mera presentaci\u00f3n del referido Proyecto de reforma de la Ley Org\u00e1nica del Poder Judicial, parece llevarnos, no ya a tolerar estos Pactos, sino incluso a desearlos.<\/span><\/p>\n<p style=\"text-align: justify;\"><span style=\"font-size: 14pt; color: #000000;\">Por ello, <strong>una soluci\u00f3n al problema de la politizaci\u00f3n de la Justicia, no se habr\u00e1 de basar tanto en los nombramientos judiciales<\/strong> -lo que, a tenor de lo dicho, hoy podr\u00eda parecer una batalla perdida-,<strong> como en una real y efectiva exigencia de responsabilidad a los nombrados por su actuaci\u00f3n jurisdiccional<\/strong>.<\/span><\/p>\n<p style=\"text-align: justify;\"><span style=\"font-size: 14pt;\">Porque, dando por hecho el control pol\u00edtico de un CGPJ formado a la medida de los partidos pol\u00edticos, hemos de preguntarnos, si ya no es posible creer en la autoridad moral de los Jueces, \u00bfque nos queda?<\/span><\/p>\n<p style=\"text-align: right;\"><span style=\"font-size: 14pt;\">AUSAJ<\/span><\/p>\n<p style=\"text-align: center;\"><span style=\"font-size: 18pt; color: #008000;\"><strong>*****<\/strong><\/span><\/p>\n<p style=\"text-align: center;\"><span style=\"font-size: 14pt;\">\u201cUn poder judicial sin independencia no es poder, puesto que no puede controlar al Gobierno, que es la \u00faltima garant\u00eda del sistema constitucional: el controlador no puede, por tanto, depender del controlado. Y para que una instituci\u00f3n sea independiente es imprescindible que lo sean sus miembros\u201d<\/span><\/p>\n<p style=\"text-align: center;\"><span style=\"font-size: 14pt;\">(Alejandro Nieto, \u201cTestimonios de un jurista\u201d).<\/span><\/p>\n<\/blockquote>\n<h1 style=\"text-align: center;\"><span style=\"font-size: 14pt;\"><span style=\"color: #008000;\">\u2666\u2666\u2666\u2666\u2666\u2666\u2666<\/span><\/span><\/h1>\n<p><span style=\"text-decoration: underline; font-size: 14pt;\"><strong>Sumario:<\/strong><\/span><\/p>\n<p><a id=\"ref1a\"><\/a><a href=\"#ref1\">[0<span style=\"font-size: 14pt; font-family: 'times new roman', times, serif;\">] El mensaje por whatsapp de Cosid\u00f3\u00a0<\/span><\/a><\/p>\n<p><a id=\"ref0a\"><\/a><a href=\"#ref0\">[1<span style=\"font-size: 14pt; font-family: 'times new roman', times, serif;\">] <span style=\"font-size: 14pt;\"><strong>Corruptio Optimi, Pessima Est<\/strong><\/span><\/span><\/a><\/p>\n<p><a id=\"ref2a\"><\/a><span style=\"font-size: 14pt; font-family: 'times new roman', times, serif;\"><a href=\"#ref2\">[2] Montesquieu ha muerto, por Julio Llamazares<\/a><\/span><\/p>\n<p><a id=\"ref3a\"><\/a><span style=\"font-size: 14pt; font-family: 'times new roman', times, serif;\"><a href=\"#ref3\">[3]\u00a0Los tent\u00e1culos de Villarejo en el mundo judicial, por\u00a0Javier Ayuso<\/a><\/span><\/p>\n<p><a id=\"ref4a\"><\/a><span style=\"font-size: 14pt; font-family: 'times new roman', times, serif;\"><a href=\"#ref4\">[4] VIDEOS comparecencias Carlos Enrique Bayo y Patricia L\u00f3pez en el Parlament de Catalunya<\/a><\/span><\/p>\n<p><a id=\"ref5a\"><\/a><span style=\"font-size: 14pt; font-family: 'times new roman', times, serif;\"><a href=\"#ref5\">[5] Marchena, un juez denunciado durante a\u00f1os por su afinidad y parcialidad en favor del PP, por\u00a0Carlos Enrique Bayo.\u00a0<\/a><\/span><\/p>\n<p class=\"title text-center\"><a id=\"ref6a\"><\/a><span style=\"font-size: 14pt; font-family: 'times new roman', times, serif;\"><a href=\"#ref6\">[6] Villarejo &#8216;coloca&#8217; a un juez amigo en la cima de la c\u00fapula judicial: Marchena, por\u00a0 Redacci\u00f3n Estrella Digital<\/a><\/span><\/p>\n<p><a id=\"ref7a\"><\/a><span style=\"font-size: 14pt; font-family: 'times new roman', times, serif;\"><a href=\"#ref7\">[7]\u00a0Las mentiras de Pablo Casado sobre la renovaci\u00f3n del Poder Judicial y el \u2018wasap\u2019 de Cosid\u00f3, por Ignacio Escolar\u00a0<\/a><\/span><\/p>\n<p><a id=\"ref8a\"><\/a><span style=\"font-size: 14pt; font-family: 'times new roman', times, serif;\"><a href=\"#ref8\">[8] Cosido a sus entretelas, por Jose Maria Tom\u00e1s y T\u00edo<\/a><\/span><\/p>\n<p><a id=\"ref9a\"><\/a><span style=\"font-size: 14pt; font-family: 'times new roman', times, serif;\"><a href=\"#ref9\">[9] La presi\u00f3n interna en el PP rompi\u00f3 el pacto judicial, por Javier Casqueiro\u00a0<\/a><\/span><\/p>\n<p><a id=\"ref10a\"><\/a><span style=\"font-size: 14pt; font-family: 'times new roman', times, serif;\"><a href=\"#ref10\">[10] Retrato judicial al completo, por\u00a0 Redacci\u00f3n EL PA\u00cdS<\/a><\/span><\/p>\n<p style=\"text-align: left;\"><a id=\"ref11a\"><\/a><span style=\"font-size: 14pt; font-family: 'times new roman', times, serif;\"><a href=\"#ref11\">[11] Villarejo, el comisario de \u2018La Curia\u2019, por David M. Moreno<\/a><\/span><\/p>\n<p><a id=\"ref12a\"><\/a><span style=\"font-size: 14pt; font-family: 'times new roman', times, serif;\"><a href=\"#ref12\">[12]\u00a0BBVA pag\u00f3 al comisario Villarejo por investigar los nexos de 172 jueces con Ausbanc, por Pedro Agueda y Ra\u00fal S\u00e1nchez\u00a0<\/a><\/span><\/p>\n<p><a id=\"ref13a\"><\/a><span style=\"font-size: 14pt; font-family: 'times new roman', times, serif;\"><a href=\"#ref13\">[13]\u00a0La Teor\u00eda Adolfo Su\u00e1rez-Manuel Marchena, por Antonio Franco<\/a>\u00a0<\/span><\/p>\n<p><a id=\"ref14a\"><\/a><span style=\"font-size: 14pt; font-family: 'times new roman', times, serif;\"><a href=\"#ref14\">[14]\u00a0Un juzgado condena al Santander a abonar el impuesto de hipotecas de forma retroactiva, por Redacci\u00f3n Economia ElDiario.es<\/a><\/span><\/p>\n<p><a id=\"ref15a\"><\/a><span style=\"font-size: 14pt; font-family: 'times new roman', times, serif;\"><a href=\"#ref15\">[15] Jugada en plano secuencia, por Elisa Beni<\/a><\/span><\/p>\n<p><a id=\"ref16a\"><\/a><span style=\"font-size: 14pt; font-family: 'times new roman', times, serif;\"><a href=\"#ref16\">[16] Qu\u00e9 est\u00e1 pasando, por Suso de Toro\u00a0<\/a>\u00a0\u00a0\u00a0<\/span><\/p>\n<p class=\"entry-title\"><a id=\"ref17a\"><\/a><span style=\"font-size: 14pt; font-family: 'times new roman', times, serif;\"><a href=\"#ref17\">[17] Radio 3w: El Fiscal Villarejo destapa una trama de jueces y abogados unidos a la G\u00fcrtel que come con Acebes\u00a0<\/a><\/span><\/p>\n<p><a id=\"ref18a\"><\/a><span style=\"font-size: 14pt; font-family: 'times new roman', times, serif;\"><a href=\"#ref18\">[18] ENTREVISTA AL COPORTAVOZ DE ERC EN EL CONGRESO Gabriel Rufi\u00e1n: \u00abSomos muy conscientes de que gran parte del Parlament ser\u00e1 inhabilitado\u00bb<\/a><\/span><\/p>\n<p>&nbsp;<\/p>\n<h1 style=\"text-align: center;\"><span style=\"font-size: 14pt;\"><span style=\"color: #008000;\">\u2666\u2666\u2666\u2666\u2666\u2666\u2666<\/span><\/span><\/h1>\n<h1 id=\"articulo-titulo\" class=\"articulo-titulo \" style=\"text-align: center;\"><a id=\"ref2\"><\/a><a href=\"#ref2a\">[2]<\/a> Montesquieu ha muerto<\/h1>\n<div class=\"articulo-subtitulos\">\n<h2 class=\"articulo-subtitulo\" style=\"text-align: center;\"><span style=\"color: #008000;\">No es de extra\u00f1ar que la sociedad espa\u00f1ola cada vez contemple con m\u00e1s desmoralizaci\u00f3n el deterioro de nuestra vida p\u00fablica, que es a la vez el de nuestra democracia<\/span><\/h2>\n<\/div>\n<p>&nbsp;<\/p>\n<p>Por JULIO LLAMAZARES<\/p>\n<p><span style=\"color: #008000;\">Articulo publicado 24 noviembre de 2018 en:\u00a0<\/span><\/p>\n<p><a style=\"font-size: 16px;\" href=\"https:\/\/elpais.com\/elpais\/2018\/11\/23\/opinion\/1542986183_535384.html\" target=\"_blank\" rel=\"noopener\"><span style=\"font-size: 12pt;\">https:\/\/elpais.com\/elpais\/2018\/11\/23\/opinion\/1542986183_535384.html<\/span><\/a><\/p>\n<p>&nbsp;<\/p>\n<figure id=\"attachment_15082\" aria-describedby=\"caption-attachment-15082\" style=\"width: 678px\" class=\"wp-caption aligncenter\"><a href=\"https:\/\/puntocritico.com\/ausajpuntocritico\/wp-content\/uploads\/2018\/11\/COSID\u00d3-3.jpg\" rel=\"lightbox[15006]\"><img loading=\"lazy\" decoding=\"async\" class=\"wp-image-15082 size-mh-magazine-content\" src=\"https:\/\/puntocritico.com\/ausajpuntocritico\/wp-content\/uploads\/2018\/11\/COSID\u00d3-3-678x381.jpg\" alt=\"\" width=\"678\" height=\"381\" srcset=\"https:\/\/puntocritico.com\/ausajpuntocritico\/wp-content\/uploads\/2018\/11\/COSID\u00d3-3-678x381.jpg 678w, https:\/\/puntocritico.com\/ausajpuntocritico\/wp-content\/uploads\/2018\/11\/COSID\u00d3-3-300x168.jpg 300w, https:\/\/puntocritico.com\/ausajpuntocritico\/wp-content\/uploads\/2018\/11\/COSID\u00d3-3-768x431.jpg 768w, https:\/\/puntocritico.com\/ausajpuntocritico\/wp-content\/uploads\/2018\/11\/COSID\u00d3-3-1024x575.jpg 1024w, https:\/\/puntocritico.com\/ausajpuntocritico\/wp-content\/uploads\/2018\/11\/COSID\u00d3-3-267x150.jpg 267w, https:\/\/puntocritico.com\/ausajpuntocritico\/wp-content\/uploads\/2018\/11\/COSID\u00d3-3.jpg 1960w\" sizes=\"auto, (max-width: 678px) 100vw, 678px\" \/><\/a><figcaption id=\"caption-attachment-15082\" class=\"wp-caption-text\"><span style=\"color: #008000;\">El portavoz del PP Ignacio Cosid\u00f3 (i) y Jos\u00e9 Ortiz durante el Pleno del Senado del pasado 20 de noviembre. ULY MARTIN EL PA\u00cdS<\/span><\/figcaption><\/figure>\n<p>&nbsp;<\/p>\n<p style=\"text-align: justify;\"><span style=\"font-size: 14pt;\">Sab\u00edamos que la divisi\u00f3n de poderes que consagra la Constituci\u00f3n Espa\u00f1ola y que todos los estudiantes de Derecho aprendimos como un dogma es m\u00e1s te\u00f3rica que real, pero no sab\u00edamos hasta qu\u00e9 punto. Lo hemos descubierto esta semana con el gesto de un juez, futurible presidente del Tribunal Supremo, que ha renunciado a su cargo antes de que lo eligieran. La filtraci\u00f3n \u2014interesada o no\u2014 de su nombre junto con la de un\u00a0<em>whatsapp<\/em>\u00a0enviado por un senador del PP a sus compa\u00f1eros de partido jact\u00e1ndose de ese nombramiento (que, seg\u00fan \u00e9l, les permitir\u00eda controlar \u201cdesde atr\u00e1s\u201d al alto tribunal) llev\u00f3 al futurible a presentar su renuncia al cargo en un gesto que para algunos le honra y para otros simplemente era obligado. \u00bfC\u00f3mo podr\u00eda aceptar presidir el m\u00e1s alto tribunal del pa\u00eds despu\u00e9s del Constitucional un juez cuando todos los espa\u00f1oles sabemos ya c\u00f3mo y por qu\u00e9 fue elegido presidente?<\/span><\/p>\n<p style=\"text-align: justify;\"><span style=\"font-size: 14pt;\">As\u00ed que, conocido ya que a los jueces los eligen sus compa\u00f1eros de profesi\u00f3n, pero indirectamente los partidos, y que la elecci\u00f3n se hace en funci\u00f3n de intereses partidistas muchas veces, nadie se va a creer a partir de ahora la ilusi\u00f3n de la divisi\u00f3n de los tres poderes, el Ejecutivo, el Legislativo y el Judicial, que consagr\u00f3 Montesquieu como un pilar de la democracia, del mismo modo en que, a partir de una edad, ya nadie se cree esa historia de que los ni\u00f1os vienen de Par\u00eds y los Reyes Magos de Oriente o que los ganadores de determinados premios literarios los elige el jurado que los hace p\u00fablicos. Si ya era muy dif\u00edcil entender la inquietante cercan\u00eda de la justicia y el Poder Ejecutivo, que incluso tiene un ministerio espec\u00edfico para su gobernaci\u00f3n, m\u00e1s lo es que la elecci\u00f3n de los jueces y los tribunales la haga indirectamente el Poder Legislativo, a cuyos representantes pueden tener que juzgar esos mismos jueces a los que eligen. Si nadie se creer\u00eda la independencia de la prensa si a los directores de los peri\u00f3dicos los nombraran los pol\u00edticos, \u00bfpor qu\u00e9 hemos de creer en la de una justicia que en su selecci\u00f3n para los tribunales de m\u00e1s responsabilidad depende de los poderes Ejecutivo y Legislativo contra lo que la democracia manda y el sentido com\u00fan m\u00e1s elemental justificar\u00eda?<\/span><\/p>\n<p style=\"text-align: justify;\"><span style=\"font-size: 14pt;\">Mal que bien, hasta hace unos pocos a\u00f1os, la justicia espa\u00f1ola era respetada dentro y fuera del pa\u00eds a pesar de ello, pero acontecimientos \u00faltimos junto con alg\u00fan varapalo de la justicia internacional a determinadas sentencias de nuestros jueces han colocado en la picota a una instituci\u00f3n tan importante para la democracia como la elecci\u00f3n de los representantes p\u00fablicos. En el cambio de esa apreciaci\u00f3n tienen alguna culpa los jueces, pues como seres humanos que son tambi\u00e9n se equivocan, pero fundamentalmente la responsabilidad principal es de los partidos pol\u00edticos con la judicializaci\u00f3n creciente de la pol\u00edtica, sobre todo en el conflicto catal\u00e1n, que comporta a la vez una politizaci\u00f3n paralela de la justicia cada vez m\u00e1s evidente, como la elecci\u00f3n de los miembros y el presidente del Tribunal Superior de Justicia ha venido a demostrar. As\u00ed las cosas, no es de extra\u00f1ar que la sociedad espa\u00f1ola cada vez contemple con m\u00e1s desmoralizaci\u00f3n el deterioro de nuestra vida p\u00fablica, que es a la vez el de nuestra democracia, esa que tanto cost\u00f3 alcanzar en un momento de nuestra historia, y que algunos estemos tentados de corregir la famosa pintada del Mayo Franc\u00e9s del 68: Dios ha muerto, Marx ha muerto y yo \u00faltimamente no me encuentro muy bien, a\u00f1adi\u00e9ndole el nombre de Montesquieu.<\/span><\/p>\n<p style=\"text-align: justify;\"><a href=\"https:\/\/puntocritico.com\/ausajpuntocritico\/wp-content\/uploads\/2016\/11\/Mosca_Punto_Cr\u00edtico_40.png\" rel=\"lightbox[15006]\"><img loading=\"lazy\" decoding=\"async\" class=\"size-full wp-image-48 aligncenter\" src=\"https:\/\/puntocritico.com\/ausajpuntocritico\/wp-content\/uploads\/2016\/11\/Mosca_Punto_Cr\u00edtico_40.png\" alt=\"\" width=\"50\" height=\"50\" \/><\/a><\/p>\n<div id=\"articulo-titulares\" class=\"articulo-titulares\">\n<h1>\u00a0<\/h1>\n<h1 id=\"articulo-titulo\" class=\"articulo-titulo \" style=\"text-align: center;\"><a id=\"ref3\"><\/a><a href=\"#ref3a\">[3]<\/a> Los tent\u00e1culos de Villarejo en el mundo judicial<\/h1>\n<p><span style=\"font-size: 12pt;\">Por\u00a0JAVIER AYUSO<\/span><\/p>\n<p><span style=\"color: #339966;\">Art\u00edculo publicado el 25 de mayo de 2017 en<\/span><\/div>\n<div><a href=\"https:\/\/elpais.com\/politica\/2017\/05\/24\/actualidad\/1495650102_986785.html\" target=\"_blank\" rel=\"noopener\"><span style=\"color: #339966;\">https:\/\/elpais.com\/politica\/2017\/05\/24\/actualidad\/1495650102_986785.html<\/span><\/a><\/div>\n<div>\u00a0<\/div>\n<div>\u00a0<\/div>\n<div class=\"articulo-titulares\">\n<figure id=\"attachment_15009\" aria-describedby=\"caption-attachment-15009\" style=\"width: 550px\" class=\"wp-caption aligncenter\"><a href=\"https:\/\/puntocritico.com\/ausajpuntocritico\/wp-content\/uploads\/2018\/11\/1495650102_986785_1495727690_noticia_normal_recorte1.jpg\" rel=\"lightbox[15006]\"><img loading=\"lazy\" decoding=\"async\" class=\"wp-image-15009\" src=\"https:\/\/puntocritico.com\/ausajpuntocritico\/wp-content\/uploads\/2018\/11\/1495650102_986785_1495727690_noticia_normal_recorte1.jpg\" alt=\"\" width=\"550\" height=\"308\" srcset=\"https:\/\/puntocritico.com\/ausajpuntocritico\/wp-content\/uploads\/2018\/11\/1495650102_986785_1495727690_noticia_normal_recorte1.jpg 1960w, https:\/\/puntocritico.com\/ausajpuntocritico\/wp-content\/uploads\/2018\/11\/1495650102_986785_1495727690_noticia_normal_recorte1-300x168.jpg 300w, https:\/\/puntocritico.com\/ausajpuntocritico\/wp-content\/uploads\/2018\/11\/1495650102_986785_1495727690_noticia_normal_recorte1-768x431.jpg 768w, https:\/\/puntocritico.com\/ausajpuntocritico\/wp-content\/uploads\/2018\/11\/1495650102_986785_1495727690_noticia_normal_recorte1-1024x574.jpg 1024w, https:\/\/puntocritico.com\/ausajpuntocritico\/wp-content\/uploads\/2018\/11\/1495650102_986785_1495727690_noticia_normal_recorte1-268x150.jpg 268w, https:\/\/puntocritico.com\/ausajpuntocritico\/wp-content\/uploads\/2018\/11\/1495650102_986785_1495727690_noticia_normal_recorte1-678x381.jpg 678w\" sizes=\"auto, (max-width: 550px) 100vw, 550px\" \/><\/a><figcaption id=\"caption-attachment-15009\" class=\"wp-caption-text\"><span style=\"font-size: 10pt; color: #339966;\"><strong>Los comisarios Jos\u00e9 Manuel Villarejo (abajo) y Olivera (detr\u00e1s) a su llegada a Melilla, en 2015.<\/strong><\/span><\/figcaption><\/figure><\/p>\n<p>&nbsp;<\/p>\n<p style=\"text-align: justify;\"><span style=\"font-size: 14pt; font-family: arial, helvetica, sans-serif;\">El comisario jubilado y empresario\u00a0<a href=\"https:\/\/elpais.com\/tag\/jose_villarejo\/a\" target=\"_blank\" rel=\"noopener\">Jos\u00e9 Manuel Villarejo<\/a>\u00a0mont\u00f3 durante a\u00f1os una red de influencias en la justicia espa\u00f1ola para poder intervenir en los procedimientos judiciales que le afectaban a \u00e9l o a sus clientes. Esa red sigue viva y tiene como principales activos el instituto de pr\u00e1ctica jur\u00eddica Schola Iuris, en el que han cobrado por dar clases relevantes jueces y fiscales espa\u00f1oles (entre ellos el fiscal general del Estado,\u00a0<a href=\"https:\/\/elpais.com\/tag\/jose_manuel_maza_martin\/a\" target=\"_blank\" rel=\"noopener\">Jos\u00e9 Manuel Maza<\/a>, y el fiscal Anticorrupci\u00f3n,\u00a0<a href=\"https:\/\/elpais.com\/tag\/manuel_moix_blazquez\/a\" target=\"_blank\" rel=\"noopener\">Manuel Moix<\/a>, seg\u00fan los datos p\u00fablicos del claustro de profesores), y la asociaci\u00f3n Transparencia y Justicia, que se persona en aquellos casos de inter\u00e9s para el polic\u00eda, como hizo hace apenas 10 d\u00edas en el\u00a0<em><a href=\"https:\/\/elpais.com\/tag\/operacion_lezo\/a\" target=\"_blank\" rel=\"noopener\">caso Lezo.<\/a><\/em><\/span><\/p>\n<p style=\"text-align: justify;\"><span style=\"font-size: 14pt; font-family: arial, helvetica, sans-serif;\">El entramado de sociedades de Villarejo no se limita al sector inmobiliario, hotelero, de consultor\u00eda, seguridad o sanidad; la justicia supone un nicho importante para sus actividades. En unos casos a trav\u00e9s del despacho de abogados del que es socio (Stuart &amp; Mckenzie Spain) y en otros, a trav\u00e9s de las citadas escuela y asociaci\u00f3n.<\/span><\/p>\n<p style=\"text-align: justify;\"><span style=\"font-size: 14pt; font-family: arial, helvetica, sans-serif;\">Schola Iuris es un exclusivo instituto jur\u00eddico de Madrid en cuyo claustro han confluido altos cargos policiales, reputados abogados y, sobre todo, fiscales y magistrados de relevancia. El centro fue creado el 19 de octubre de 2004 y una de sus especialidades es el m\u00e1ster de Derecho Penal Pr\u00e1ctico, homologado por el Colegio de Abogados de Madrid. Los alumnos abonan de matr\u00edcula 14.000 euros por 512 horas lectivas.<\/span><\/p>\n<p style=\"text-align: justify;\"><span style=\"font-size: 14pt; font-family: arial, helvetica, sans-serif;\">Este instituto es una sociedad limitada, cuyo titular es la sociedad Procard Europa, con un capital social de 3.010 euros, de la que es administrador \u00fanico el director de dicho instituto, \u00c1ngel Benseny Pellicer. El director es perito cal\u00edgrafo y psic\u00f3logo forense de los juzgados de Primera Instancia de Madrid y el campus est\u00e1 situado en la planta 18 de la Torre de Cristal, en el centro financiero del paseo de la Castellana de Madrid.<\/span><\/p>\n<p style=\"text-align: justify;\"><span style=\"font-size: 14pt; font-family: arial, helvetica, sans-serif;\">Benseny aparece como apoderado junto al abogado Rafael Redondo (socio de Villarejo en la mayor\u00eda de sus negocios) y otros dos polic\u00edas, los hermanos Carlos y Antonio Gim\u00e9nez Raso, en el consejo de la empresa Cenyt Argo, que tiene como sociedad matriz a Cenyt Consultor\u00eda, uno de los ejes del entramado societario del conflictivo polic\u00eda.<\/span><\/p>\n<div class=\"teads-inread sm-screen\" style=\"text-align: justify;\">\n<div>\n<div class=\"teads-ui-components-credits\"><span style=\"font-family: arial, helvetica, sans-serif; font-size: 14pt;\">EL PA\u00cdS se ha puesto en contacto con los fiscales Maza y Moix para contrastar la informaci\u00f3n p\u00fablica de Schola Iuris y, a trav\u00e9s de la Direcci\u00f3n de Comunicaci\u00f3n de la fiscal\u00eda, han se\u00f1alado que el actual fiscal general del Estado imparti\u00f3 una sola clase en 2005 y que el fiscal Anticorrupci\u00f3n nunca ha dado ni clases ni conferencias en ese instituto y que no conoce al comisario Villarejo (esta aclaraci\u00f3n no se le hab\u00eda solicitado). Esta respuesta contradice los datos incluidos en la web de Schola Iuris durante a\u00f1os.<\/span><\/div>\n<\/div>\n<\/div>\n<p style=\"text-align: justify;\"><span style=\"font-size: 14pt; font-family: arial, helvetica, sans-serif;\">El propio comisario Villarejo presume en sus conversaciones privadas de tener muy buenas relaciones con jueces y fiscales, con los que mantiene reuniones peri\u00f3dicas. El expolic\u00eda y empresario acudi\u00f3 a la toma de posesi\u00f3n del fiscal general del Estado sin estar invitado, pero acompa\u00f1\u00f3 al juez decano de Madrid, Antonio Viejo, con quien tiene buena relaci\u00f3n.<\/span><\/p>\n<p style=\"text-align: justify;\"><span style=\"font-size: 14pt; font-family: arial, helvetica, sans-serif;\">Los magistrados y jueces espa\u00f1oles est\u00e1n sometidos a un estricto r\u00e9gimen de incompatibilidades, regulado en el art\u00edculo 389 de la Ley Org\u00e1nica del Poder Judicial. Las \u00fanicas actividades consideradas compatibles con el ejercicio de la funci\u00f3n jurisdiccional son \u201cla docencia o investigaci\u00f3n jur\u00eddica, as\u00ed como la producci\u00f3n literaria, art\u00edstica y cient\u00edfica y t\u00e9cnica y las publicaciones derivadas de aquella\u201d. La norma establece con detalle las actividades compatibles y aquellas sobre las que hay que pedir autorizaci\u00f3n.<\/span><\/p>\n<p style=\"text-align: justify;\"><span style=\"font-size: 14pt; font-family: arial, helvetica, sans-serif;\">Los jueces, magistrados y fiscales pueden dar clase en cursos y seminarios (siempre que no tenga car\u00e1cter permanente ni suponga m\u00e1s de 75 horas al a\u00f1o), conferencias p\u00fablicas, participar en tribunales calificadores de pruebas de selecci\u00f3n a la Administraci\u00f3n, etc\u00e9tera. Sin embargo, desde algunas instancias se ha planteado la posible connivencia entre estos funcionarios p\u00fablicos y los abogados que participan en estos cursos y, por supuesto, con los propietarios de las instituciones que les contratan. El que fuera fiscal Anticorrupci\u00f3n Carlos Jim\u00e9nez Villarejo ha sido uno de los m\u00e1s cr\u00edticos con estas relaciones.<\/span><\/p>\n<p style=\"text-align: justify;\"><span style=\"font-size: 14pt; font-family: arial, helvetica, sans-serif;\">Adem\u00e1s de Schola Iuris, Villarejo ten\u00eda una segunda v\u00eda para influir sobre aquellos casos de inter\u00e9s: la asociaci\u00f3n Transparencia y Justicia, que acaba de personarse como acusaci\u00f3n popular en el\u00a0<em>caso Lezo.<\/em>\u00a0Esta asociaci\u00f3n fue fundada en 2005, un a\u00f1o despu\u00e9s que la escuela de pr\u00e1ctica jur\u00eddica, bajo el nombre de Asociaci\u00f3n para la Protecci\u00f3n de la Inversi\u00f3n.<\/span><\/p>\n<p style=\"text-align: justify;\"><span style=\"font-size: 14pt; font-family: arial, helvetica, sans-serif;\">Web de la esposa<\/span><\/p>\n<p style=\"text-align: justify;\"><span style=\"font-size: 14pt; font-family: arial, helvetica, sans-serif;\">En 2011 cambi\u00f3 de denominaci\u00f3n por el nombre actual y fueron designados representante legal el abogado David Mac\u00edas Gonz\u00e1lez y el miembro de su patronato Rafael Redondo. Ambos forman parte del n\u00facleo duro de las sociedades de Villarejo. Mac\u00edas es, entre otros cargos, administrador \u00fanico de Desarrollo Empresarial Potes, que ostenta la propiedad de la web informaci\u00f3nsensible.com, dirigida por la actual mujer del polic\u00eda.<\/span><\/p>\n<p style=\"text-align: justify;\"><span style=\"font-size: 14pt; font-family: arial, helvetica, sans-serif;\">Transparencia y Justicia se ha personado en procedimientos famosos. Entre ellos, el\u00a0<em>caso Campe\u00f3n,<\/em>\u00a0por el que se imput\u00f3 al pol\u00edtico socialista Jos\u00e9 Blanco, y el incidente de tr\u00e1fico de Esperanza Aguirre en la Gran V\u00eda de Madrid. En este \u00faltimo caso, la asociaci\u00f3n tuvo una actuaci\u00f3n err\u00e1tica, acusando primero a la expresidenta de la Comunidad de Madrid de un delito de desobediencia y abandonando el caso posteriormente a pesar de ganar un recurso de apelaci\u00f3n.<\/span><\/p>\n<p style=\"text-align: justify;\"><span style=\"font-size: 14pt; font-family: arial, helvetica, sans-serif;\">Este movimiento fue muy comentado en su d\u00eda (marzo de 2015) y el periodista Ernesto Ekaizer escribi\u00f3 en este peri\u00f3dico que \u201cfuentes jur\u00eddicas consultadas se\u00f1alan que esta aparici\u00f3n y desaparici\u00f3n es un\u00a0<em>modus operandi<\/em>del t\u00e1ndem Villarejo-Mac\u00edas\u201d y que \u201cla acusaci\u00f3n popular es un instrumento para obtener ciertos objetivos que se fijan cuando se deciden a emprender la personaci\u00f3n en casos sonados\u201d. Esta pr\u00e1ctica se ha comparado en ocasiones con la desarrollada por el pseudosindicato Manos Limpias o la asociaci\u00f3n de usuarios bancarios Ausbanc.\u00a0<\/span><\/p>\n<p>&nbsp;<\/p>\n<table style=\"width: 100%; border-collapse: collapse; background-color: #ededed; border-color: #000000;\" border=\"1\">\n<tbody>\n<tr>\n<td style=\"width: 100%;\">\n<section id=\"sumario_1|despiece\" class=\"sumario_despiece centro\">\n<div class=\"sumario__interior\">\n<header class=\"sumario-encabezado\">\n<h4 class=\"sumario-titulo\"><span class=\"sin_enlace\" style=\"font-size: 14pt; font-family: arial, helvetica, sans-serif;\">CLAUSTRO DE PROFESORES DE SCHOLA IURIS<\/span><\/h4>\n<\/header>\n<div class=\"sumario-texto\">\n<p style=\"text-align: justify;\"><span style=\"font-size: 14pt; font-family: arial, helvetica, sans-serif;\">Esta es la lista de profesores que impart\u00edan clases y conferencias en Schola Iuris hace dos a\u00f1os (la informaci\u00f3n posterior ha sido eliminada de la web):<\/span><\/p>\n<p style=\"text-align: justify;\"><span style=\"font-size: 14pt; font-family: arial, helvetica, sans-serif;\"><strong>Adolfo Prego Oliver Tolivar:<\/strong>\u00a0Exmagistrado del Tribunal Supremo.<\/span><\/p>\n<p style=\"text-align: justify;\"><span style=\"font-size: 14pt; font-family: arial, helvetica, sans-serif;\"><strong>Alfredo Dom\u00ednguez Ruiz Huerta:<\/strong>\u00a0Abogado.<\/span><\/p>\n<p style=\"text-align: justify;\"><span style=\"font-size: 14pt; font-family: arial, helvetica, sans-serif;\"><strong>\u00c1ngel Benseny Pellicer:<\/strong>\u00a0Psic\u00f3logo forense.<\/span><\/p>\n<p style=\"text-align: justify;\"><span style=\"font-size: 14pt; font-family: arial, helvetica, sans-serif;\"><strong>Antonio del Moral Garc\u00eda:<\/strong>\u00a0Magistrado del Supremo.<\/span><\/p>\n<p style=\"text-align: justify;\"><span style=\"font-size: 14pt; font-family: arial, helvetica, sans-serif;\"><strong>Arturo Beltr\u00e1n N\u00fa\u00f1ez:<\/strong>\u00a0Magistrado de la Audiencia Provincial de Madrid.<\/span><\/p>\n<p style=\"text-align: justify;\"><span style=\"font-size: 14pt; font-family: arial, helvetica, sans-serif;\"><strong>Bartolom\u00e9 Vargas Cabrera:<\/strong>\u00a0Fiscal de Seguridad Vial.<\/span><\/p>\n<p style=\"text-align: justify;\"><span style=\"font-size: 14pt; font-family: arial, helvetica, sans-serif;\"><strong>Eduardo Fungairi\u00f1o:<\/strong>\u00a0Fiscal del Tribunal Supremo.<\/span><\/p>\n<p style=\"text-align: justify;\"><span style=\"font-size: 14pt; font-family: arial, helvetica, sans-serif;\"><strong>Florentino Ort\u00ed Ponte:<\/strong>\u00a0Abogado y fiscal excedente.<\/span><\/p>\n<p style=\"text-align: justify;\"><span style=\"font-size: 14pt; font-family: arial, helvetica, sans-serif;\"><strong>Francisco Vieira Morante:<\/strong>\u00a0Magistrado presidente del Tribunal Superior de Madrid.<\/span><\/p>\n<p style=\"text-align: justify;\"><span style=\"font-size: 14pt; font-family: arial, helvetica, sans-serif;\"><strong>H\u00e9ctor Cachero \u00c1lvarez:<\/strong>\u00a0Abogado.<\/span><\/p>\n<p style=\"text-align: justify;\"><span style=\"font-size: 14pt; font-family: arial, helvetica, sans-serif;\"><strong>Ignacio Gordillo:<\/strong>\u00a0Fiscal excedente de la Audiencia Nacional.<\/span><\/p>\n<p style=\"text-align: justify;\"><span style=\"font-size: 14pt; font-family: arial, helvetica, sans-serif;\"><strong>Ignacio Serrano Butrague\u00f1o:<\/strong>\u00a0Abogado y exmagistrado.<\/span><\/p>\n<p style=\"text-align: justify;\"><span style=\"font-size: 14pt; font-family: arial, helvetica, sans-serif;\"><strong>Isabel Cid:<\/strong>\u00a0Magistrada.<\/span><\/p>\n<p style=\"text-align: justify;\"><span style=\"font-size: 14pt; font-family: arial, helvetica, sans-serif;\"><strong>Jos\u00e9 Luis Olivera Serrano:<\/strong>\u00a0Comisario principal y jefe de la UDEF Central (actualmente del CITCO).<\/span><\/p>\n<p style=\"text-align: justify;\"><span style=\"font-size: 14pt; font-family: arial, helvetica, sans-serif;\"><strong>Jos\u00e9 Manuel Maza Mart\u00edn:<\/strong>\u00a0Magistrado del Supremo (ahora fiscal general del Estado).<\/span><\/p>\n<p style=\"text-align: justify;\"><span style=\"font-size: 14pt; font-family: arial, helvetica, sans-serif;\"><strong>Jos\u00e9 Miguel de la Rosa Cortina:<\/strong>\u00a0Fiscal de la Secretar\u00eda T\u00e9cnica de la Fiscal\u00eda del Estado.<\/span><\/p>\n<p style=\"text-align: justify;\"><span style=\"font-size: 14pt; font-family: arial, helvetica, sans-serif;\"><strong>Juan Jos\u00e9 Carrasco G\u00f3mez:<\/strong>\u00a0Psiquiatra forense.<\/span><\/p>\n<p style=\"text-align: justify;\"><span style=\"font-size: 14pt; font-family: arial, helvetica, sans-serif;\"><strong>Luis Jordana de Pozas Gonz\u00e1lez:<\/strong>\u00a0Fiscal excedente.<\/span><\/p>\n<p style=\"text-align: justify;\"><span style=\"font-size: 14pt; font-family: arial, helvetica, sans-serif;\"><strong>Mar\u00eda Roc\u00edo G\u00f3mez Hermoso:<\/strong>\u00a0Psic\u00f3loga de los juzgados de Vigilancia Penitenciaria.<\/span><\/p>\n<p style=\"text-align: justify;\"><span style=\"font-size: 14pt; font-family: arial, helvetica, sans-serif;\"><strong>Mar\u00eda Teresa Palacios:<\/strong>\u00a0Magistrada de la Audiencia Nacional.<\/span><\/p>\n<p style=\"text-align: justify;\"><span style=\"font-size: 14pt; font-family: arial, helvetica, sans-serif;\"><strong>Manuel Marchena G\u00f3mez:<\/strong>\u00a0Magistrado del Supremo.<\/span><\/p>\n<p style=\"text-align: justify;\"><span style=\"font-size: 14pt; font-family: arial, helvetica, sans-serif;\"><strong>Manuel Moix Bl\u00e1zquez:<\/strong>\u00a0Fiscal jefe del Tribunal Superior de Justicia de Madrid (ahora jefe de la Fiscal\u00eda Anticorrupci\u00f3n).<\/span><\/p>\n<p style=\"text-align: justify;\"><span style=\"font-size: 14pt; font-family: arial, helvetica, sans-serif;\"><strong>Marc Molins Raich:<\/strong>\u00a0Abogado.<\/span><\/p>\n<p style=\"text-align: justify;\"><span style=\"font-size: 14pt; font-family: arial, helvetica, sans-serif;\"><strong>Mariano Medina Crespo:<\/strong>\u00a0Abogado.<\/span><\/p>\n<p style=\"text-align: justify;\"><span style=\"font-size: 14pt; font-family: arial, helvetica, sans-serif;\"><strong>Paz Ruiz Franco:<\/strong>\u00a0Fiscal del Tribunal Superior de Madrid.<\/span><\/p>\n<p style=\"text-align: justify;\"><span style=\"font-size: 14pt; font-family: arial, helvetica, sans-serif;\"><strong>Santiago Delgado Bueno:<\/strong>\u00a0Psic\u00f3logo forense.<\/span><\/p>\n<\/div>\n<\/div>\n<\/section>\n<\/td>\n<\/tr>\n<\/tbody>\n<\/table>\n<\/div>\n<p>&nbsp;<\/p>\n<p>&nbsp;<\/p>\n<p style=\"text-align: center;\"><a href=\"https:\/\/puntocritico.com\/ausajpuntocritico\/wp-content\/uploads\/2016\/11\/Mosca_Punto_Cr\u00edtico_40.png\" rel=\"lightbox[15006]\"><img loading=\"lazy\" decoding=\"async\" class=\"alignnone size-full wp-image-48\" src=\"https:\/\/puntocritico.com\/ausajpuntocritico\/wp-content\/uploads\/2016\/11\/Mosca_Punto_Cr\u00edtico_40.png\" alt=\"\" width=\"50\" height=\"50\" \/><\/a><\/p>\n<blockquote>\n<h1 style=\"text-align: justify;\"><a id=\"ref4\"><\/a><a href=\"#ref4a\">[4]<\/a>\u00a0<span style=\"font-size: 14pt; font-family: 'times new roman', times, serif;\"><a href=\"https:\/\/puntocritico.com\/2017\/06\/03\/la-policia-politica-y-schola-iuris\/\">Republicamos<\/a> dos v\u00eddeos de excepcional inter\u00e9s en estos d\u00edas, en que los casos de Corrupci\u00f3n Judicial y Policial siguen poniendo a prueba la fortaleza, no del Estado de Derecho, que nunca la tuvo, sino de nuestras convicciones democr\u00e1ticas.<\/span><\/h1>\n<div style=\"text-align: justify;\"><span style=\"font-size: 14pt; font-family: 'times new roman', times, serif;\">En la Comisi\u00f3n de investigaci\u00f3n del Parlament de Cataluya sobre las \u00ab<a href=\"https:\/\/puntocritico.com\/2017\/07\/26\/las-cloacas-de-interior\/\">cloacas del interior<\/a>\u00ab, bajo la Presidencia de Alba Verg\u00e9s, quien destac\u00f3 por su objetividad, comparecieron el 23 de mayo de 2017 los dos periodistas de <a href=\"http:\/\/publico.es\/\" target=\"_blank\" rel=\"noopener noreferrer\" data-saferedirecturl=\"https:\/\/www.google.com\/url?hl=es&amp;q=http:\/\/publico.es&amp;source=gmail&amp;ust=1496515619153000&amp;usg=AFQjCNGfCeAt51pEfZlBuOEblqh6WGTqhA\">publico.es<\/a> que destaparon la llamada \u00abOperaci\u00f3n Catalu\u00f1a\u00bb, en realidad mucho m\u00e1s amplia.\u00a0\u00a0<\/span><\/div>\n<div style=\"text-align: justify;\">\u00a0<\/div>\n<div style=\"text-align: justify;\"><span style=\"font-size: 14pt; font-family: 'times new roman', times, serif;\">Patricia L\u00f3pez y Carlos Enrique Bayo; GRACIAS. MUCHAS GRACIAS. Excepcionales comparecencias; excepcional valor.<\/span><\/div>\n<div>\u00a0<\/div>\n<div style=\"text-align: justify;\"><span style=\"font-size: 14pt; font-family: 'times new roman', times, serif;\">F\u00edjense en las referencias\u00a0 que en su intervenci\u00f3n Carlos Enrique Bayo recoge sobre Schola Iuris\u00a0<\/span><\/div>\n<div>\u00a0<\/div>\n<\/blockquote>\n<div style=\"text-align: justify;\">\u00a0<\/div>\n<div style=\"text-align: center;\"><iframe loading=\"lazy\" src=\"https:\/\/player.vimeo.com\/video\/253837765\" width=\"640\" height=\"360\" frameborder=\"0\" allowfullscreen=\"allowfullscreen\"><\/iframe><\/div>\n<div>\u00a0<\/div>\n<div>\u00a0<\/div>\n<div style=\"text-align: center;\"><iframe loading=\"lazy\" src=\"https:\/\/mega.nz\/embed\/7Y8U1RiS!ZcpHD5J_Eq-b7t0hs6Sfmi9fDf0uPFn8G3QGTRp6vnI\" width=\"640\" height=\"360\" frameborder=\"0\" allowfullscreen=\"allowfullscreen\"><\/iframe><\/div>\n<p style=\"padding-left: 30px; text-align: center;\">\u00a0<\/p>\n<p style=\"text-align: center;\"><a href=\"https:\/\/puntocritico.com\/ausajpuntocritico\/wp-content\/uploads\/2016\/11\/Mosca_Punto_Cr\u00edtico_40.png\" rel=\"lightbox[15006]\"><img loading=\"lazy\" decoding=\"async\" class=\"alignnone size-full wp-image-48\" src=\"https:\/\/puntocritico.com\/ausajpuntocritico\/wp-content\/uploads\/2016\/11\/Mosca_Punto_Cr\u00edtico_40.png\" alt=\"\" width=\"50\" height=\"50\" \/><\/a><\/p>\n<h1 style=\"text-align: center;\">\u00a0<\/h1>\n<h1 style=\"text-align: center;\"><a id=\"ref5\"><\/a><a href=\"#ref5a\">[5]<\/a> Marchena, un juez denunciado durante a\u00f1os por su afinidad y parcialidad en favor del PP<\/h1>\n<p>Por\u00a0CARLOS ENRIQUE BAYO<\/p>\n<div><span style=\"color: #339966;\">Art\u00edculo publicado el 20 de noviembre de 2018 en<\/span><\/div>\n<div><a href=\"https:\/\/www.publico.es\/politica\/judicial-tela-juicio-marchena-juez-denunciado-anos-afinidad-parcialidad-favor-pp.html\" target=\"_blank\" rel=\"noopener\"><span style=\"color: #339966;\">https:\/\/www.publico.es\/politica\/judicial-tela-juicio-marchena-juez-denunciado-anos-afinidad-parcialidad-favor-pp.html<\/span><\/a><\/div>\n<div>\u00a0<\/div>\n<div style=\"text-align: justify;\">\n<p id=\"m497-496-498\" style=\"text-align: justify;\"><span style=\"font-size: 14pt; font-family: arial, helvetica, sans-serif;\">El actual presidente de la Sala Segunda del Supremo goz\u00f3 de un ascenso mete\u00f3rico en la carrera judicial gracias a padrinos ultraconservadores y se distingui\u00f3 siempre por sus resoluciones claramente favorables al Partido Popular, aunque ahora lo niegue. Nada m\u00e1s alcanzar la c\u00fapula de esa Sala de lo Penal \u2013encargada de juzgar a todos los aforados\u2013, mantuvo un almuerzo con el exministro y ex secretario general del PP, \u00c1ngel Acebes, implicado en el caso de los papeles de B\u00e1rcenas.<\/span><\/p>\n<p>&nbsp;<\/p>\n<figure id=\"attachment_15008\" aria-describedby=\"caption-attachment-15008\" style=\"width: 660px\" class=\"wp-caption aligncenter\"><a href=\"https:\/\/puntocritico.com\/ausajpuntocritico\/wp-content\/uploads\/2018\/11\/5bf3f1562b33a.jpg\" rel=\"lightbox[15006]\"><img loading=\"lazy\" decoding=\"async\" class=\"wp-image-15008 size-full\" src=\"https:\/\/puntocritico.com\/ausajpuntocritico\/wp-content\/uploads\/2018\/11\/5bf3f1562b33a.jpg\" alt=\"\" width=\"660\" height=\"340\" srcset=\"https:\/\/puntocritico.com\/ausajpuntocritico\/wp-content\/uploads\/2018\/11\/5bf3f1562b33a.jpg 660w, https:\/\/puntocritico.com\/ausajpuntocritico\/wp-content\/uploads\/2018\/11\/5bf3f1562b33a-300x155.jpg 300w, https:\/\/puntocritico.com\/ausajpuntocritico\/wp-content\/uploads\/2018\/11\/5bf3f1562b33a-280x144.jpg 280w\" sizes=\"auto, (max-width: 660px) 100vw, 660px\" \/><\/a><figcaption id=\"caption-attachment-15008\" class=\"wp-caption-text\"><span style=\"font-size: 10pt; color: #339966;\"><strong>El magistrado Manuel Marchena (derecha) con el exministro de Justicia del PP Alberto Ruiz-Gallard\u00f3n, quien le encarg\u00f3 la reforma de la Ley de Enjuiciamiento Criminal cuando el juez a\u00fan no era presidente de la Sala Segunda del Supremo. \/EFE<\/strong><\/span><\/figcaption><\/figure>\n<p style=\"text-align: justify;\"><span style=\"font-size: 14pt; font-family: arial, helvetica, sans-serif;\">El examen de las resoluciones que durante a\u00f1os ha dictado el magistrado Manuel Marchena no refleja en absoluto una trayectoria tan independiente y apol\u00edtica como \u00e9l sostiene en su escrito de renuncia a ser candidato a la Presidencia del Tribunal Supremo y del Consejo General del Poder Judicial (CGPJ). M\u00e1s bien lo contrario, desde que fue ascendido a juez de ese Alto Tribunal, en 2007, sus actuaciones han sido a menudo pol\u00e9micas y contestadas, precisamente por mostrar un sesgo claramente conservador, muchas veces rayando en el favoritismo hacia los imputados del Partido Popular&#8230; y en la represi\u00f3n exagerada de los enemigos del PP.<\/span><\/p>\n<p id=\"m502-1-503\" style=\"text-align: justify;\"><span style=\"font-size: 14pt; font-family: arial, helvetica, sans-serif;\">Que Marchena (Las Palmas de Gran Canaria, 1959) es un jurista extremadamente conservador lo demuestra tambi\u00e9n su mete\u00f3rica trayectoria de escalada en la Judicatura, ya que sus grandes padrinos siempre estuvieron en la ultraderecha de la carrera fiscal y judicial. Brillante estudioso del Derecho, tanto en la Universidad de Deusto como al cursar su doctorado en la de La Laguna,\u00a0<b>su ascenso profesional se dispar\u00f3 en 2003, gracias al entonces fiscal general del Estado Jes\u00fas Cardenal<\/b>, tan de derechas que incluso se opuso en 1998 a la petici\u00f3n de extradici\u00f3n del dictador Pinochet cursada por el juez Baltasar Garz\u00f3n.<\/span><\/p>\n<p id=\"m507-2-508\" style=\"text-align: justify;\"><span style=\"font-size: 14pt; font-family: arial, helvetica, sans-serif;\">Ese opusde\u00edsta ferviente qued\u00f3 encadilado por Marchena, al que nombr\u00f3 fiscal jefe de la Secretar\u00eda T\u00e9cnica, convirti\u00e9ndolo en el fiscal de sala m\u00e1s joven de la historia de la Fiscal\u00eda espa\u00f1ola, y en s\u00f3lo un a\u00f1o escal\u00f3 a la Fiscal\u00eda del Supremo, en la codiciada Secci\u00f3n de lo Penal (Sala Segunda). Despu\u00e9s,\u00a0<b>su progresi\u00f3n durante el Gobierno de Aznar fue fulgurante: tres a\u00f1os despu\u00e9s, en 2007, era designado por el CGPJ como el magistrado m\u00e1s joven del Alto Tribunal<\/b>.<\/span><\/p>\n<p id=\"m512-3-513\" style=\"text-align: justify;\"><span style=\"font-size: 14pt; font-family: arial, helvetica, sans-serif;\">Y \u00bfqui\u00e9n presid\u00eda entonces ese Poder Judicial dominado por conservadores? Pues\u00a0<b>Francisco Jos\u00e9 Hernando, quien el a\u00f1o anterior se neg\u00f3 a comparecer ante la Comisi\u00f3n de Justicia de un Congreso de los Diputados con mayor\u00eda socialista<\/b>, generando el rechazo de los vocales progresistas del CGPJ por su incumplimiento de la obligaci\u00f3n de comparecencia parlamentaria. Hernando tambi\u00e9n mantuvo un enfrentamiento si precedentes con el Tribunal Constitucional \u2013al que lleg\u00f3 a acusar de traspasar sus l\u00edmites jurisdiccionales\u2013 y mostr\u00f3 su extremismo al redactar, en 2005, informes extempor\u00e1neos contra el matrimonio homosexual y contra la reforma del Estatut de Catalunya.<\/span><\/p>\n<p><span style=\"font-size: 14pt; font-family: arial, helvetica, sans-serif;\">Gallard\u00f3n le encarg\u00f3 la reforma de la Ley para que la Fiscal\u00eda se hiciera cargo de las investigaciones, en vez del juez instructor<\/span><\/p>\n<p id=\"m527-6-528\" style=\"text-align: justify;\"><span style=\"font-size: 14pt; font-family: arial, helvetica, sans-serif;\"><b>La carrera profesional de Marchena volvi\u00f3 a acelerarse en cuanto regres\u00f3 el PP al poder. En marzo de 2012, el ministro de Justicia Alberto Ruiz-Gallard\u00f3n<\/b>\u00a0le hizo\u00a0presidente de la comisi\u00f3n que elabor\u00f3 una propuesta de reforma de la Ley de Enjuiciamiento Criminal con el objetivo de traspasar\u00a0al fiscal de la direcci\u00f3n de la investigaci\u00f3n de los procesos judiciales \u2013actualmente al cargo de los jueces de instrucci\u00f3n\u2013, con lo que la Fiscal\u00eda, que depende directamente del Ejecutivo, tendr\u00eda la voz cantante en las investigaciones judiciales.<\/span><\/p>\n<p id=\"m532-7-533\" style=\"text-align: justify;\"><span style=\"font-size: 14pt; font-family: arial, helvetica, sans-serif;\">Y fue en ese mismo a\u00f1o, el 7 de mayo, cuando apareci\u00f3 la primera denuncia seria en la que\u00a0<b>una veintena de juristas presentaron un escrito\u00a0ante el entonces presidente del CGPJ, Carlos D\u00edvar, en el que expon\u00edan una serie de conductas privadas de magistrados del Supremo, y especialmente de Marchena<\/b>, que hab\u00edan participado en los procesos contra el juez Garz\u00f3n a ra\u00edz de las causas por los cr\u00edmenes del franquismo y sobre la trama G\u00fcrtel de corrupci\u00f3n del PP. Los juristas reclamaban que se adoptaran las medidas adecuadas. Nunca se hizo nada.<\/span><\/p>\n<p id=\"m537-8-538\" style=\"text-align: justify;\"><span style=\"font-size: 14pt; font-family: arial, helvetica, sans-serif;\">Marchena se estaba ya distinguiendo por\u00a0<b>ejercer una persecuci\u00f3n feroz contra Garz\u00f3n, al que por ejemplo rechaz\u00f3 todas las diligencias de prueba que solicit\u00f3\u00a0<\/b>en la causa de los cobros por unos cursos que \u00e9ste \u00faltimo imparti\u00f3 en 2005-2006 en la Universidad de Nueva York. El juez de la Sala Segunda neg\u00f3 todas esas pruebas en el mismo d\u00eda que conclu\u00eda el plazo y en el que \u00e9l mismo puso fin a la instrucci\u00f3n, insistiendo en imputar cohecho impropio a Garz\u00f3n. Pero dos semanas m\u00e1s tarde, y cuatro d\u00edas despu\u00e9s de que \u00e9ste fuera condenado por ordenar las escuchas de la G\u00fcrtel, Marchena descubri\u00f3 de pronto que ese supuesto delito estar\u00eda en todo caso prescrito.<\/span><\/p>\n<p id=\"m542-9-543\" style=\"text-align: justify;\"><span style=\"font-size: 14pt; font-family: arial, helvetica, sans-serif;\">El propio Marchena fue ponente del tribunal que acab\u00f3 condenando a Garz\u00f3n, y se esforz\u00f3 en\u00a0\u00abarrastrar la honorabilidad de Garz\u00f3n por el fango\u00bb, seg\u00fan escribi\u00f3 el periodista especializado en tribunales de\u00a0<i>El Pa\u00eds<\/i>, Jos\u00e9 Yoldi.<\/span><\/p>\n<p><span style=\"font-size: 14pt; font-family: arial, helvetica, sans-serif;\">Marchena, ya en el Supremo, imparti\u00f3 cursos, charlas y conferencias patrocinadas por al menos 25 empresas y entidades privadas\u00a0<\/span><\/p>\n<p id=\"m552-11-553\" style=\"text-align: justify;\"><span style=\"font-size: 14pt; font-family: arial, helvetica, sans-serif;\">Aunque, simult\u00e1neamente, el justiciero Marchena hab\u00eda estado impartiendo, desde su llegada al Supremo,\u00a0cursos, conferencias y charlas para fundaciones, universidades y entidades con el patrocinio financiero de al menos 25 empresas privadas,\u00a0<b>desde bancos como el Santander o Cajamar, hasta multinacionales como Wolters Kluwer y Endesa, pasando por grandes bufetes de abogados como Garrigues Walker<\/b>. Y fueron precisamente esas actividades remuneradas \u2013no s\u00f3lo de Marchena, sino tambi\u00e9n de otros destacados magistrados conservadores de la Sala Segunda, como Jos\u00e9 Manuel Maza Mart\u00edn, luego el fiscal general del Estado que abrir\u00eda la causa general contra el proc\u00e9s soberanista catal\u00e1n\u2013 las que generaron la protesta de los juristas en 2012 ante el Consejo del Poder Judicial.<\/span><\/p>\n<p id=\"m557-12-558\" style=\"text-align: justify;\"><span style=\"font-size: 14pt; font-family: arial, helvetica, sans-serif;\">Pero no s\u00f3lo nada ocurri\u00f3, sino que\u00a0Marchena ascendi\u00f3 a la presidencia de la Sala Segunda del Supremo en septiembre de 2014\u00a0con los votos de\u00a0<b>la mayor\u00eda conservadora del CGPJ, que desplaz\u00f3 a C\u00e1ndido Conde-Pumpido a pesar de tener mucha m\u00e1s antig\u00fcedad y experiencia jur\u00eddica<\/b>. Casi enseguida se descubri\u00f3 que el flamante jefe de la Sala encargada de procesar a pol\u00edticos y parlamentarios hab\u00eda disfrutado de una op\u00edpara comida con el exministro y ex secretario general del PP, \u00c1ngel Acebes, s\u00f3lo cinco d\u00edas antes de que \u00e9ste fuera imputado en el caso de la trama de corrupci\u00f3n G\u00fcrtel por el juez Pablo Ruz de la Audiencia Nacional.<\/span><\/p>\n<p id=\"m562-13-563\" style=\"text-align: justify;\"><span style=\"font-size: 14pt; font-family: arial, helvetica, sans-serif;\">Entonces fue cuando el ex fiscal Anticorrupci\u00f3n Carlos Jim\u00e9nez Villarejo se llev\u00f3 las manos a la cabeza y volvi\u00f3 a dirigir un escrito al Consejo General del Poder Judicial, recordando la anterior denuncia cursada por los juristas dos a\u00f1os antes y subrayando que \u00ab<b>hasta ahora, el CGPJ no ha respondido a dicha reclamaci\u00f3n, incumpliendo abiertamente las obligaciones que le impone la L.O. 4\/2001<\/b>,\u00a0que regula aquel derecho. Un ejemplo mas de c\u00f3mo las Instituciones p\u00fablicas menosprecian los derechos civiles de los ciudadanos\u00bb.<\/span><\/p>\n<p id=\"m567-14-568\" style=\"text-align: justify;\"><span style=\"font-size: 14pt; font-family: arial, helvetica, sans-serif;\">Y Jim\u00e9nez Villarejo recordaba:<\/span><\/p>\n<p><span style=\"font-size: 14pt; font-family: arial, helvetica, sans-serif;\">Los juristas denunciaron que el comportamiento de los jueces del Supremo en centros como Schola Iuris, del comisario Villarejo, afecta a \u00ab<em>su imparcialidad tanto objetiva como subjetiva\u00bb<\/em><\/span><\/p>\n<p id=\"m577-16-578\" style=\"text-align: justify;\"><span style=\"font-size: 14pt; font-family: arial, helvetica, sans-serif;\"><i>El escrito conclu\u00eda as\u00ed: :\u201cAnte los hechos descritos, que suscitan serias dudas sobre el cumplimiento por dichos Magistrados del TS del r\u00e9gimen de incompatibilidades y prohibiciones, con la consiguiente afectaci\u00f3n claramente perturbadora no solo de su \u00e9tica profesional sino de su imparcialidad tanto objetiva como subjetiva, se solicita que se proceda a la comprobaci\u00f3n y esclarecimiento de los referidos hechos que, por su naturaleza, pueden incidir en la validez de sus decisiones jurisdiccionales y, en consecuencia, en su posible nulidad. Y, particular, la determinaci\u00f3n de la totalidad de Seminarios, Cursos y Conferencias impartidos por dichos magistrados, sus patrocinadores y la retribuci\u00f3n percibida por cada uno de dichos magistrados y por cada una de dichas actividades. Y, en su caso, que se acuerde la incoaci\u00f3n de Diligencias Informativas o Expedientes disciplinarios contra los magistrados que, seg\u00fan resulta de los datos expuestos, hayan infringido el r\u00e9gimen org\u00e1nico de \u201cprohibiciones e incompatibilidades\u201d, deduci\u00e9ndose, en su caso, el testimonio que proceda al Fiscal General del Estado para que proceda a la investigaci\u00f3n de la posible comisi\u00f3n de delitos de cohecho.<\/i><\/span><\/p>\n<p id=\"m582-17-583\" style=\"text-align: justify;\"><span style=\"font-size: 14pt; font-family: arial, helvetica, sans-serif;\">Adem\u00e1s, entre los hechos expuestos no s\u00f3lo estaban todos los cursos y conferencias financiadas privadamente que ya hemos mencionado, sino tambi\u00e9n la estrecha relaci\u00f3n de Marchena con\u00a0<b>el Instituto de Pr\u00e1ctica Jur\u00eddica Schola Iuris, para el que participaba en el\u00a0Master de Derecho Penal Pr\u00e1ctico<\/b>, en el que los alumnos pagaban 14.000 euros por matr\u00edcula.<\/span><\/p>\n<p id=\"m587-18-588\" style=\"text-align: justify;\"><span style=\"font-size: 14pt; font-family: arial, helvetica, sans-serif;\">Y lo verdaderamente grave es que ese instituto Schola Iuris pertenec\u00eda al ya famoso comisario de las cloacas de Interior Jos\u00e9 Manuel Villarejo \u2013tal como revel\u00f3 despu\u00e9s\u00a0<i>P\u00fablico\u00a0<\/i>en sucesivas exclusivas\u2013 y que en su oferta educativa \u00ab<b>incluye, conjuntamente con los citados magistrados, numerosos letrados que asumieron la defensa de imputados en el proceso por la trama de corrupci\u00f3n conocida como &#8216;G\u00fcrtel<\/b>\u201d, escribi\u00f3 el fiscal Jim\u00e9nez Villarejo.<\/span><\/p>\n<p id=\"m592-19-593\" style=\"text-align: justify;\"><span style=\"font-size: 14pt; font-family: arial, helvetica, sans-serif;\">Esa denuncia reiterada no ha sido ni siquiera respondida por el CGPJ cuyos vocales y presidente se est\u00e1n repartiendo ahora los dos grandes partidos pol\u00edticos.<\/span><\/p>\n<h2 id=\"m597-20-598\" class=\"highlighted\" style=\"text-align: justify;\"><span style=\"font-size: 14pt; font-family: arial, helvetica, sans-serif;\">Ignacio Gonz\u00e1lez, Jaume Matas, Francisco Camps&#8230; y el ministro del Interior, Jorge Fern\u00e1ndez D\u00edaz<\/span><\/h2>\n<p id=\"m602-21-603\" style=\"text-align: justify;\"><span style=\"font-size: 14pt; font-family: arial, helvetica, sans-serif;\">Pero a\u00fan hay m\u00e1s, puesto que a lo largo de su\u00a0trayectoria al frente de la Sala Segunda del Supremo, Marchena se ha distinguido por favorecer siempre a los pol\u00edticos del PP encausados, desde Ignacio Gonz\u00e1lez (caso \u00e1tico de Estepona) hasta Jaume Matas (caso Palma Arena), pasando por Francisco Camps (regalos de la G\u00fcrtel). Y, desde ese puesto de enorme poder\u00a0<b>apadrin\u00f3 a Maza Mart\u00edn en su ascenso a fiscal general del Estado y a Manuel Moix, convertido por el Gobierno Rajoy en fiscal jefe Anticorrupci\u00f3n precisamente para proteger a los corruptos del PP<\/b>. Como qued\u00f3 patente en la instrucci\u00f3n de la Operaci\u00f3n Lezo, donde el nombre de Marchena figura entre los que baraja el expresidente de la Comunidad de Madrid, Ignacio Gonz\u00e1lez, como favorable a los intereses del Partido Popular.<\/span><\/p>\n<p id=\"m607-22-608\" style=\"text-align: justify;\"><span style=\"font-size: 14pt; font-family: arial, helvetica, sans-serif;\">Y tambi\u00e9n bajo su mandato la Sala Segunda\u00a0<b>decidi\u00f3 archivar la querella de CDC (hoy PDeCAT) contra el exministro del Interior, Jorge Fern\u00e1ndez D\u00edaz\u00a0y el exdirector de la Oficina Antifraude de Catalunya, Daniel de Alfonso<\/b>, por presuntos delitos de violaci\u00f3n de secretos, prevaricaci\u00f3n y malversaci\u00f3n, en las conversaciones que mantuvieron en el despacho del primero y cuyas grabaciones fueron reveladas por P\u00fablico.<\/span><\/p>\n<p id=\"m612-23-613\" style=\"text-align: justify;\"><span style=\"font-size: 14pt; font-family: arial, helvetica, sans-serif;\">Seg\u00fan Marchena, no exist\u00edan indicios ningunos de que el entonces ministro y todav\u00eda hoy diputado del PP hubiera cometido esos delitos, pero las dos comisiones parlamentarias de investigaci\u00f3n creadas tras el esc\u00e1ndalo que estall\u00f3 a ra\u00edz de las exclusivas de este diario (del Congreso de los Diputados y del Parlament de Catalunya) concluyeron todo lo contrario:\u00a0<b>Fern\u00e1ndez D\u00edaz utiliz\u00f3 los medios y recursos de Interior para espiar y desacreditar il\u00edcitamente a pol\u00edticos y partidos rivales del PP.<\/b><\/span><\/p>\n<h2 id=\"m617-24-618\" class=\"highlighted\" style=\"text-align: justify;\"><span style=\"font-size: 14pt; font-family: arial, helvetica, sans-serif;\">El juez Llarena, la jueza Lamela&#8230; y la hija de Marchena<\/span><\/h2>\n<p id=\"m622-25-623\" style=\"text-align: justify;\"><span style=\"font-size: 14pt; font-family: arial, helvetica, sans-serif;\">M\u00e1s recientemente, Marchena ha facilitado el\u00a0<b>ascenso irregular al Supremo del juez Pablo Llarena<\/b>, quien ha dirigido con pu\u00f1o de hierro la causa contra los pol\u00edticos catalanes que impulsaron el refer\u00e9ndum del 1-O y la declaraci\u00f3n parlamentaria de independencia.<\/span><\/p>\n<p id=\"m627-26-628\" style=\"text-align: justify;\"><span style=\"font-size: 14pt; font-family: arial, helvetica, sans-serif;\">El nombramiento de Llarena como magistrado de la Sala Segunda fue tan irregular que l<b>a asociaci\u00f3n Jueces para la Democracia present\u00f3 una demanda pidiendo su anulaci\u00f3n por vulnerar la Ley, el reglamento del Tribunal y hasta la Constituci\u00f3n.<\/b>Menos de un a\u00f1o despu\u00e9s se le asignaba la instrucci\u00f3n del proceso contra los pol\u00edticos soberanistas catalanes quebrantando claramente las normas de reparto de las Causas Especiales aprobadas por ese mismo Alto Tribunal, en una decisi\u00f3n adoptada bajo el mando de Marchena.<\/span><\/p>\n<p id=\"m632-27-633\" style=\"text-align: justify;\"><span style=\"font-size: 14pt; font-family: arial, helvetica, sans-serif;\">A continuaci\u00f3n, el CGPJ ascend\u00eda tambi\u00e9n a la Sala Segunda a la jueza de la Audiencia Nacional Carmen Lamela, quien arrebat\u00f3 las competencias al TSJC para procesar y enviar a prisi\u00f3n a los pol\u00edticos catalanes independentistas. Y fue\u00a0<b>designada por delante de muchos otros candidatos mejor preparados y a pesar de su incorrecta emisi\u00f3n de euro-\u00f3rdenes luego retiradas.<\/b><\/span><\/p>\n<p id=\"m637-28-638\" style=\"text-align: justify;\"><span style=\"font-size: 14pt; font-family: arial, helvetica, sans-serif;\">Finalmente, la\u00a0<b>Asociaci\u00f3n Atenas de Juristas por los Derechos Civiles ha presentado una querella por prevaricaci\u00f3n ante el CGPJ<\/b>\u00a0por conceder una plaza en la carrera fiscal a la hija del juez Marchena \u2013Sof\u00eda Marchena Perea\u2013 pese a no haber realizado el obligatorio curso te\u00f3rico multidisciplinar previsto en el art\u00edculo 307 de la Ley Org\u00e1nica del Poder Judicial.<\/span><\/p>\n<p id=\"m642-29-643\" style=\"text-align: justify;\"><span style=\"font-size: 14pt; font-family: arial, helvetica, sans-serif;\">Atenas tambi\u00e9n se querell\u00f3 contra la directora de la Escuela Judicial que formul\u00f3 esa propuesta, la\u00a0<b>magistrada Gema Espinosa Conde, que es esposa del juez Llarena.<\/b>\u00a0Pero el teniente fiscal del Supremo, Luis Navajas Ramos, ha solicitado el archivo de esas querellas de la asociaci\u00f3n Atenas, a pesar de reconocer en su escrito de calificaci\u00f3n que se produjeron \u00ablagunas legales\u00bb en la asignaci\u00f3n de esa plaza a la hija de Marchena.<\/span><\/p>\n<p id=\"m647-30-648\" style=\"text-align: justify;\"><span style=\"font-size: 14pt; font-family: arial, helvetica, sans-serif;\">Ahora, el colectivo de juristas Atenas ha denunciado al fiscal Navajas ante la Fiscal\u00eda Anticorrupci\u00f3n por un presunto\u00a0<b>\u00abdelito de omisi\u00f3n del deber de perseguir delitos\u00bb.<\/b><\/span><\/p>\n<p id=\"m652-31-653\" style=\"text-align: justify;\"><span style=\"font-size: 14pt; font-family: arial, helvetica, sans-serif;\">Despu\u00e9s de todo esto, \u00bfera necesario que el portavoz del PP en el Senado, Ignacio Cosid\u00f3, explicitase que ese partido controlar\u00eda la Sala Segunda \u00abdesde detr\u00e1s\u00bb si Marchena presidiese el Supremo y el CGPJ?<\/span><\/p>\n<p id=\"m657-32-658\" style=\"text-align: justify;\"><span style=\"font-size: 14pt; font-family: arial, helvetica, sans-serif;\">Lo peor, es que todo indica que el PP ya la controla \u00abdesde delante\u00bb, puesto que Marchena seguir\u00e1 presidiendo esa Sala de lo Penal encargada de juzgar las \u00abcausas especiales\u00bb : aquellas en las que est\u00e1n imputados parlamentarios y otros aforados.<\/span><\/p>\n<\/div>\n<div style=\"text-align: justify;\">\u00a0<\/div>\n<p style=\"text-align: justify;\"><a href=\"https:\/\/puntocritico.com\/ausajpuntocritico\/wp-content\/uploads\/2016\/11\/Mosca_Punto_Cr\u00edtico_40.png\" rel=\"lightbox[15006]\"><img loading=\"lazy\" decoding=\"async\" class=\"aligncenter size-full wp-image-48\" src=\"https:\/\/puntocritico.com\/ausajpuntocritico\/wp-content\/uploads\/2016\/11\/Mosca_Punto_Cr\u00edtico_40.png\" alt=\"\" width=\"50\" height=\"50\" \/><\/a><\/p>\n<p>&nbsp;<\/p>\n<div class=\"articulo-encabezado-texto\">\n<div id=\"articulo-titulares\" class=\"articulo-titulares\">\u00a0<\/div>\n<\/div>\n<h1 class=\"title text-center\" style=\"text-align: center;\"><a id=\"ref6\"><\/a><a href=\"#ref6a\">[6]<\/a> Villarejo &#8216;coloca&#8217; a un juez amigo en la cima de la c\u00fapula judicial: Marchena<\/h1>\n<p><span style=\"font-size: 12pt;\">Por Redacci\u00f3n Estrella Digital<\/span><\/p>\n<div><span style=\"color: #339966;\">Art\u00edculo publicado 14 de noviembre de 2018 en<\/span><\/div>\n<div><a href=\"https:\/\/www.estrelladigital.es\/articulo\/espanha\/marchena-inhabilitar-garzon-dar-clase-schola-iuris\/20181113181602357584.html\" target=\"_blank\" rel=\"noopener\"><span style=\"color: #339966;\">https:\/\/www.estrelladigital.es\/articulo\/espanha\/marchena-inhabilitar-garzon-dar-clase-schola-iuris\/20181113181602357584.html<\/span><\/a><\/div>\n<div>\u00a0<\/div>\n<div>\u00a0<\/div>\n<div><a href=\"https:\/\/puntocritico.com\/ausajpuntocritico\/wp-content\/uploads\/2018\/11\/manuel-marchena-y-cinco-lecturas.jpg\" rel=\"lightbox[15006]\"><img loading=\"lazy\" decoding=\"async\" class=\"aligncenter wp-image-14799\" src=\"https:\/\/puntocritico.com\/ausajpuntocritico\/wp-content\/uploads\/2018\/11\/manuel-marchena-y-cinco-lecturas.jpg\" alt=\"\" width=\"456\" height=\"550\" srcset=\"https:\/\/puntocritico.com\/ausajpuntocritico\/wp-content\/uploads\/2018\/11\/manuel-marchena-y-cinco-lecturas.jpg 746w, https:\/\/puntocritico.com\/ausajpuntocritico\/wp-content\/uploads\/2018\/11\/manuel-marchena-y-cinco-lecturas-249x300.jpg 249w, https:\/\/puntocritico.com\/ausajpuntocritico\/wp-content\/uploads\/2018\/11\/manuel-marchena-y-cinco-lecturas-124x150.jpg 124w\" sizes=\"auto, (max-width: 456px) 100vw, 456px\" \/><\/a><\/div>\n<div>\n<p style=\"text-align: justify;\"><span style=\"font-size: 14pt; font-family: arial, helvetica, sans-serif;\">Manuel Marchena ha sido finalmente el elegido por el Gobierno y el PP para\u00a0<strong>presidir el Consejo General del Poder Judicial\u00a0<\/strong>(CGPJ) y el Tribunal Supremo y se convertir\u00e1 as\u00ed en el m\u00e1ximo representante del Poder Judicial espa\u00f1ol, en sustituci\u00f3n de Carlos Lesmes, quien termina su mandato en diciembre. A pesar de ser un candidato de consenso, el magistrado es una figura pol\u00e9mica, cuyo pasado podr\u00eda poner en riesgo la tan pretendida estabilidad que buscaban los dos principales partidos pol\u00edticos.\u00a0<\/span><\/p>\n<div class=\"ad-slot oat oat-visible oat-top \" style=\"text-align: justify;\" data-mark=\" \">\n<div id=\"sas_67719\"><span style=\"font-size: 14pt; font-family: arial, helvetica, sans-serif;\">De esta forma, Marchena fue un\u00a0<strong>asiduo profesor del instituto Schola Iuris,<\/strong>\u00a0controlado por dos de los socios del excomisario Jos\u00e9 Manuel Villarejo P\u00e9rez, hoy en prisi\u00f3n provisional. El polic\u00eda utiliz\u00f3 durante a\u00f1os su influencia con jueces y fiscales, seg\u00fan el mismo se jactaba, para conseguir sus objetivos. Dada la obsesi\u00f3n de Villarejo con las grabaciones, no ser\u00eda de extra\u00f1ar que pudiera aparecer alg\u00fan audio en el que se escuchara al magistrado.\u00a0<\/span><\/div>\n<\/div>\n<p style=\"text-align: justify;\"><span style=\"font-size: 14pt; font-family: arial, helvetica, sans-serif;\">No fue el \u00fanico en participar como profesor en el master que ofertaba el instituto.\u00a0<strong>Jos\u00e9 Manuel Maza Mart\u00edn, Manuel Moix o el pol\u00e9mico polic\u00eda Jos\u00e9 Luis Olivera<\/strong>\u00a0aparec\u00edan tambi\u00e9n como docentes de Schola Iuris, del que el exfiscal anticorrupci\u00f3n Carlos Jim\u00e9nez Villarejo alert\u00f3 sobre las irregularidades que se produc\u00edan, denuncias que nunca se tramitaron.<\/span><\/p>\n<p style=\"text-align: justify;\"><span style=\"font-size: 14pt; font-family: arial, helvetica, sans-serif;\">Curiosamente, esta afinidad con Villarejo no le impidi\u00f3 acabar con la carrera judicial de uno de los grandes amigos del expolic\u00eda. Marchena fue uno de los jueces del Tribunal Supremo que\u00a0<strong>condenaron\u00a0a 11 a\u00f1os de inhabilitaci\u00f3n al juez Baltasar Garz\u00f3n<\/strong>.\u00a0\u00a0<\/span><\/p>\n<p style=\"text-align: justify;\"><span style=\"font-size: 14pt; font-family: arial, helvetica, sans-serif;\">Tras la inhabilitaci\u00f3n, en mayo de 2012 un grupo de juristas denunci\u00f3 ante el Consejo General del Poder Judicial las sospechosas compa\u00f1\u00edas que frecuentaban algunos de los magistrados del Supremo, en concreto las de abogados de implicados en la \u2018trama G\u00fcrtel\u2019 con quienes compart\u00edan actividades acad\u00e9micas en la Universidad Rey Juan Carlos de Madrid patrocinadas por empresas que manten\u00edan alguna vinculaci\u00f3n con esos mismos imputados. Entre los nombres que se se\u00f1alaron estaba precisamente el de Marchena.<\/span><\/p>\n<p style=\"text-align: justify;\"><span style=\"font-size: 14pt; font-family: arial, helvetica, sans-serif;\">En un ardid, que parec\u00eda cargado de buenas intenciones,\u00a0<strong>Marchena dio un segundo \u2018estocazo\u2019 a Garz\u00f3n<\/strong>. De esta forma, archiv\u00f3 por prescripci\u00f3n la causa que segu\u00eda contra Baltasar Garz\u00f3n por los patrocinios de unos cursos en la Universidad de Nueva York. El instructor puso en tela de juicio la honorabilidad del exjuez, al considerar acreditado que este reclam\u00f3 dinero a diversas empresas espa\u00f1olas para patrocinar una serie de conferencias en Nueva York, pero no le dej\u00f3 defenderse porque archiv\u00f3 la causa al considerar que ese delito ya no se puede perseguir.<\/span><\/p>\n<p style=\"text-align: justify;\"><span style=\"font-size: 14pt; font-family: arial, helvetica, sans-serif;\">Marchena (Las Palmas, 1959), sac\u00f3 su plaza como fiscal en 1985 y aterriz\u00f3 en el Alto Tribunal en 2007, tras ejercer como fiscal en distintos destinos durante casi dos d\u00e9cadas. En 2014 fue nombrado presidente de la Sala Segunda con 11 votos a favor, entre ellos los del PP.\u00a0\u00a0Fue precisamente all\u00ed donde se volvi\u00f3 a ver envuelto en pol\u00e9mica cuando conden\u00f3 en 2017 a\u00a0<strong>C\u00e9sar Augusto Monta\u00f1a Lehmann (C\u00e9sar Strawberry)<\/strong>, cantante del grupo Def con Dos, anulando la absoluci\u00f3n dictada meses antes por la Audiencia Nacional, por los mensajes publicados por el cantante en la red social Twitter.<\/span><\/p>\n<p style=\"text-align: justify;\"><span style=\"font-size: 14pt; font-family: arial, helvetica, sans-serif;\">Adem\u00e1s, Marchena es uno de los cinco integrantes de la Sala de Admisi\u00f3n del Alto Tribunal, es decir, uno de los magistrados que decidi\u00f3 archivar el\u00a0<strong>caso de m\u00e1ster de Pablo Casado<\/strong>, del que s\u00f3lo curs\u00f3 4 de 22 asignaturas. El archivo se produjo pese a que el Supremo apreci\u00f3 indicios de \u00abtrato de favor\u00bb en la concesi\u00f3n de este t\u00edtulo a Casado, entonces diputado en la Asamblea de Madrid.\u00a0<\/span><\/p>\n<p style=\"text-align: justify;\"><span style=\"font-size: 14pt; font-family: arial, helvetica, sans-serif;\">Su nombramiento ha sido duramente criticado por las tres principales organizaciones de jueces y magistrados ya que, seg\u00fan ellos, con la elecci\u00f3n se incumplen las previsiones constitucionales que establecen que son los vocales y no los partidos quienes eligen este cargo por votaci\u00f3n. El portavoz de Jueces y Juezas para la Democracia,\u00a0<strong>Ignacio Gonz\u00e1lez<\/strong>, ha asegurado que \u00abtransmite una mala imagen de la justicia\u00bb que sean los partidos quienes, nuevamente, elijan al nuevo presidente, en este caso, el magistrado del Tribunal Supremo Manuel Marchena.<\/span><\/p>\n<p style=\"text-align: justify;\"><span style=\"font-size: 14pt; font-family: arial, helvetica, sans-serif;\">Por su parte,\u00a0<strong>Raimundo Prado<\/strong>, portavoz de la asociaci\u00f3n Francisco de Vitoria, ha insistido en que es \u00abun procedimiento ilegal porque est\u00e1 establecido en la Ley Org\u00e1nica del Poder Judicial\u00bb que son los vocales quienes designan al presidente.\u00a0\u00abQue ya se sepa qui\u00e9n va a ser presidente sin que se sepa qui\u00e9nes son los vocales y sin que los vocales hayan votado, nos parece una aberraci\u00f3n. El sistema se perpet\u00faa y volvemos a tener otros cinco a\u00f1os con sombras sobre la independencia de la justicia en Espa\u00f1a\u00bb, ha apostillado-<\/span><\/p>\n<p style=\"text-align: justify;\"><span style=\"font-size: 14pt; font-family: arial, helvetica, sans-serif;\">Por \u00faltimo, el portavoz de la Asociaci\u00f3n Profesional de la Magistratura,\u00a0<strong>Celso Rodr\u00edguez<\/strong>, ha lamentado que \u00abdesde el primer mandato en 1985\u00bb no se ha respetado el sistema que, a su juicio, deber\u00eda regir \u00abpor pura coherencia constitucional\u00bb y es que \u00abla designaci\u00f3n tanto de los vocales como de su presidente sea impulsada por la carrera judicial\u00bb.<\/span><\/p>\n<\/div>\n<p style=\"text-align: justify;\"><span style=\"font-size: 14pt; font-family: arial, helvetica, sans-serif;\"><a href=\"https:\/\/puntocritico.com\/ausajpuntocritico\/wp-content\/uploads\/2016\/11\/Mosca_Punto_Cr\u00edtico_40.png\" rel=\"lightbox[15006]\"><img loading=\"lazy\" decoding=\"async\" class=\"size-full wp-image-48 aligncenter\" src=\"https:\/\/puntocritico.com\/ausajpuntocritico\/wp-content\/uploads\/2016\/11\/Mosca_Punto_Cr\u00edtico_40.png\" alt=\"\" width=\"50\" height=\"50\" \/><\/a><\/span><\/p>\n<div class=\"articulo-encabezado-texto\">\n<div id=\"articulo-titulares\" class=\"articulo-titulares\">\n<h1>\u00a0<\/h1>\n<h1 id=\"articulo-titulo\" class=\"articulo-titulo \" style=\"text-align: center;\"><a id=\"ref7\"><\/a><a href=\"#ref7a\">[7]<\/a>\u00a0Las mentiras de Pablo Casado sobre la renovaci\u00f3n del Poder Judicial y el \u2018wasap\u2019 de Cosid\u00f3<\/h1>\n<h1 class=\"articulo-titulo \" style=\"text-align: left;\"><span style=\"font-size: 12pt;\">Por Ignacio Escolar\u00a0<\/span><\/h1>\n<p><span style=\"color: #008000;\">Articulo publicado el 22 de noviembre en:\u00a0<\/span><\/p>\n<p><a href=\"https:\/\/www.eldiario.es\/escolar\/Pablo-Casado-Poder-Judicial-Cosido_6_838576166.html\" target=\"_blank\" rel=\"noopener\">https:\/\/www.eldiario.es\/escolar\/Pablo-Casado-Poder-Judicial-Cosido_6_838576166.html<\/a><\/p>\n<p>&nbsp;<\/p>\n<blockquote>\n<p style=\"text-align: justify;\"><span style=\"font-size: 14pt; color: #008000;\"><strong>Un repaso a las dudosas explicaciones del presidente del PP durante la entrevista que dio este jueves a\u00a0Pepa Bueno en la Cadena SER<\/strong><\/span><\/p>\n<p style=\"text-align: justify;\"><span style=\"font-size: 14pt; color: #008000;\"><strong>El PP ha roto el acuerdo con el PSOE sobre el Poder Judicial porque perd\u00eda al juez en el que m\u00e1s confiaban para el puesto. Quien filtr\u00f3 ese mensaje buscaba reventar el pacto. Y lo logr\u00f3<\/strong><\/span><\/p>\n<\/blockquote>\n<h1><span style=\"font-size: 14pt;\"><strong class=\"mce\">Pablo Casado: \u201c<em>La informaci\u00f3n que da (el \u2018wasap\u2019 difundido por Cosido) es falsa<\/em>\u201d.<\/strong><\/span><\/h1>\n<p class=\"mce\" style=\"text-align: justify;\"><span style=\"font-size: 14pt;\">Al contrario. Pocas veces alguien desde la pol\u00edtica ha explicado con tanta sinceridad en\u00a0<a class=\"mce\" href=\"https:\/\/www.eldiario.es\/escolar\/separacion-poderes-director-policia-politica_6_837526275.html\" target=\"_blank\" rel=\"noopener\">qu\u00e9 consiste la separaci\u00f3n de poderes en Espa\u00f1a<\/a>. El mensaje difundido por Ignacio Cosid\u00f3\u00a0<a class=\"mce\" href=\"https:\/\/www.eldiario.es\/politica\/Justicia-CGPJ-Cosido_0_837466429.html#mensaje\" target=\"_blank\" rel=\"noopener\">(texto completo)<\/a>, es tan preciso como obsceno, precisamente porque es verdad. No hay un solo dato falso en ese escrito que el portavoz del PP en el Senado envi\u00f3 al tel\u00e9fono m\u00f3vil de todos los miembros de su grupo parlamentario.<\/span><\/p>\n<section id=\"edi-ad-slot-intext\" class=\"md-advertisement md hspace no-adv-socios\" role=\"marquee\" data-google-query-id=\"CJ6n07fC794CFcOE7QodcUAIoA\">\n<div id=\"google_ads_iframe_\/123333327\/eldiario.es\/noticia_intext_0__container__\" style=\"text-align: justify;\"><span style=\"font-size: 14pt; text-align: justify;\">Es cierto, como se dice en el &#8216;wasap&#8217;, que Manuel Marchena era el nombre que el PP propon\u00eda porque pensaban que su autoridad les ayudar\u00eda a controlar un Consejo General del Poder Judicial donde sus vocales no tendr\u00edan la mayor\u00eda; una mayor\u00eda que tampoco tienen en el Parlamento espa\u00f1ol.<\/span><\/div>\n<\/section>\n<p class=\"mce\" style=\"text-align: justify;\"><span style=\"font-size: 14pt;\">Es cierto que el PP ya intent\u00f3 antes que Marchena fuera el presidente del Tribunal Supremo y que el PSOE de Rubalcaba le vet\u00f3.<\/span><\/p>\n<p class=\"mce\" style=\"text-align: justify;\"><span style=\"font-size: 14pt;\">Es cierto que fue \u201cuna jugada estupenda\u201d para los dirigentes del PP, y que les iba en ello algo \u00abvital\u00bb: \u201ccentenares de nombramientos en el poder judicial\u201d.<\/span><\/p>\n<p class=\"mce\" style=\"text-align: justify;\"><span style=\"font-size: 14pt;\">Es cierto que entre estos nombramientos estar\u00e1n \u201clas renovaciones futuras de dos tercios del Tribunal Supremo\u201d. Porque en los pr\u00f3ximos a\u00f1os, 43 de los 75 jueces del Supremo se van a jubilar y el CGPJ nombrar\u00e1 casi a dedo a sus sustitutos.<\/span><\/p>\n<p class=\"mce\" style=\"text-align: justify;\"><span style=\"font-size: 14pt;\">Y es cierto que para que el PP era \u201cvital\u201d controlar, desde delante o \u201cdesde detr\u00e1s\u201d, la sala Segunda del Tribunal Supremo: el juzgado al que van la inmensa mayor\u00eda de los aforados cuando son procesados por corrupci\u00f3n. El tribunal al que ir\u00eda el propio Cosid\u00f3 si la justicia decide investigarle por la &#8216;operaci\u00f3n kitchen&#8217;: los pagos con fondos reservados de la Polic\u00eda Nacional al ch\u00f3fer de Luis B\u00e1rcenas, en los a\u00f1os en los que Cosid\u00f3 era el director general.<\/span><\/p>\n<p class=\"mce\" style=\"text-align: justify;\"><span style=\"font-size: 14pt;\"><strong class=\"mce\">Pablo Casado: \u201c<em>No s\u00e9<\/em> (qui\u00e9n escribi\u00f3 el &#8216;wasap&#8217;).<em> No lo s\u00e9 ni me importa<\/em>\u201d.<\/strong><\/span><\/p>\n<p class=\"mce\" style=\"text-align: justify;\"><span style=\"font-size: 14pt;\">Es muy dif\u00edcil de creer porque solo hay dos opciones y ninguna de las dos es ajena a Pablo Casado. O lo escribi\u00f3 Ignacio Cosid\u00f3, su portavoz en el Senado, o lo hizo alguien con a\u00fan m\u00e1s poder en el partido, porque el mensaje lo redacta una persona que, seg\u00fan sus propias palabras, ha \u201cvivido desde la primera l\u00ednea\u201d las negociaciones con el PSOE para renovar el CGPJ.<\/span><\/p>\n<p class=\"mce\" style=\"text-align: justify;\"><span style=\"font-size: 14pt;\">Casado asegura que habl\u00f3 con Cosid\u00f3 \u00abpara pedirle explicaciones\u00bb por el &#8216;wasap&#8217;. \u00bfAlguien se cree que no le preguntase de d\u00f3nde sac\u00f3 este mensaje si es que Cosid\u00f3 no lo redact\u00f3?<\/span><\/p>\n<p class=\"mce\" style=\"text-align: justify;\"><span style=\"font-size: 14pt;\"><strong class=\"mce\">Pablo Casado: \u201c<em>Tengo que recordar que en nuestro programa electoral ya estaba volver al sistema de elecci\u00f3n de jueces de 1980, en el cual el Congreso y el Senado eligen a ocho vocales y los jueces, por procedimientos democr\u00e1ticos, eligen a doce<\/em>\u201d.<\/strong><\/span><\/p>\n<p class=\"mce\" style=\"text-align: justify;\"><span style=\"font-size: 14pt;\">Falso. En los<a class=\"mce\" href=\"http:\/\/www.pp.es\/conocenos\/programas\" target=\"_blank\" rel=\"noopener noreferrer\">\u00a0\u00faltimos programas electorales del PP, los de 2015 y 2016,<\/a>\u00a0no aparece ni de lejos una propuesta as\u00ed. M\u00e1s all\u00e1 de las cl\u00e1sicas generalidades de \u201cpromover un acuerdo que garantice la independencia del Consejo General del Poder Judicial\u201d no se promete mucho m\u00e1s.<\/span><\/p>\n<p class=\"mce\" style=\"text-align: justify;\"><span style=\"font-size: 14pt;\">Tampoco est\u00e1 en el\u00a0<a class=\"mce\" href=\"https:\/\/www.lavozdeasturias.es\/noticia\/actualidad\/2018\/07\/21\/decalogo-pablo-casado-programa-nuevo-lider-pp\/00031532183529670703418.htm\" target=\"_blank\" rel=\"noopener\">dec\u00e1logo con el que Pablo Casado se present\u00f3 a las primarias<\/a>\u00a0del partido.<\/span><\/p>\n<p class=\"mce\" style=\"text-align: justify;\"><span style=\"font-size: 14pt;\">S\u00ed aparec\u00eda esa propuesta\u00a0<a class=\"mce\" href=\"http:\/\/www.pp.es\/sites\/default\/files\/documentos\/5751-20111101123811.pdf\" target=\"_blank\" rel=\"noopener\">en el viejo programa electoral de Mariano Rajoy de 2011<\/a>. Pero en esa legislatura, el PP se olvid\u00f3 de esa promesa electoral, a pesar de que contaba con una ampl\u00edsima mayor\u00eda absoluta para poder cumplirla. Como con \u00abel IVA de las chuches\u00bb, el Gobierno del PP hizo justo lo contrario de lo que dijo durante la campa\u00f1a: puso en marcha una reforma del Poder Judicial que dio a\u00fan m\u00e1s poder a los pol\u00edticos, en detrimento de las asociaciones judiciales.<\/span><\/p>\n<p class=\"mce\" style=\"text-align: justify;\"><span style=\"font-size: 14pt;\">El PP tambi\u00e9n cambi\u00f3 las normas para el nombramiento de los jueces del Supremo, de tal forma que ahora basta con una mayor\u00eda simple en el CGPJ; la mayor\u00eda de la que a\u00fan disfrutan los vocales del PP, que de ese modo han podido nombrar jueces en el Supremo sin necesidad de pactar con nadie m\u00e1s.<\/span><\/p>\n<p class=\"mce\" style=\"text-align: justify;\"><span style=\"font-size: 14pt;\">Y hace muy poco, el PP \u2013junto con el PSOE\u2013 se opuso a la propuesta de Ciudadanos, que es el \u00fanico partido entre los cuatro principales que defiende de forma constante desde hace a\u00f1os que sean directamente los jueces quienes escojan a m\u00e1s de la mitad de los vocales del Consejo General del Poder Judicial.<\/span><\/p>\n<p class=\"mce\" style=\"text-align: justify;\"><span style=\"font-size: 14pt;\">Solo tras la filtraci\u00f3n del mensaje de Cosid\u00f3 y el fiasco en el nombramiento de Manuel Marchena, el PP ha decidido cambiar otra vez de postura y plantear la vuelta al modelo de elecci\u00f3n de vocales de 1980. Fue un giro tan improvisado que, en la enmienda que el mi\u00e9rcoles present\u00f3 ante el Senado,\u00a0<a class=\"mce\" href=\"https:\/\/www.eldiario.es\/politica\/PP-propone-enmienda-tomando-obsoletas_0_838166244.html\" target=\"_blank\" rel=\"noopener\">el PP copi\u00f3 y peg\u00f3 art\u00edculos de esa vieja ley<\/a>\u00a0que se han quedado obsoletos hoy.<\/span><\/p>\n<p class=\"mce\" style=\"text-align: justify;\"><span style=\"font-size: 14pt;\"><strong class=\"mce\">Pablo Casado: \u201cHemos roto ese pacto porque, desde el momento en el que el Gobierno, sin conocimiento de este partido, filtra el nombre de un posible presidente, en ese momento hiere el pacto de muerte\u201d.<\/strong><\/span><\/p>\n<p class=\"mce\" style=\"text-align: justify;\"><span style=\"font-size: 14pt;\">Falso. Que Marchena iba a ser el presidente \u2013lo habr\u00eda sido si no hubiera renunciado\u2013 es algo que se confirm\u00f3 el 12 de noviembre, hace m\u00e1s de una semana. Nunca fue solo \u00abun posible candidato\u00bb: era el presidente\u00a0<em class=\"mce\">in pectore<\/em>, propuesto por el PP y aceptado por el PSOE.<\/span><\/p>\n<p class=\"mce\" style=\"text-align: justify;\"><span style=\"font-size: 14pt;\">Su designaci\u00f3n, que adelant\u00f3 la prensa, no solo fue confirmada por fuentes\u00a0 del Gobierno, tambi\u00e9n de la oposici\u00f3n. \u201cEs uno de los mejores juristas espa\u00f1oles en las \u00faltimas d\u00e9cadas\u201d,\u00a0<a class=\"mce\" href=\"https:\/\/www.eldiario.es\/politica\/Casado-Gobierno-Judicial-Marchena-Espana_0_835016674.html\" target=\"_blank\" rel=\"noopener\">dijo p\u00fablicamente ese mismo d\u00eda Pablo Casado cuando le preguntaron por \u00e9l<\/a>. No hab\u00eda herida alguna ese d\u00eda. Nadie en el PP protest\u00f3.<\/span><\/p>\n<p class=\"mce\" style=\"text-align: justify;\"><span style=\"font-size: 14pt;\">Solo una semana m\u00e1s tarde, tras la la filtraci\u00f3n del mensaje de Cosid\u00f3 que provoca la renuncia de Marchena al d\u00eda siguiente, el PP ha roto ese acuerdo. Y lo ha hecho porque perd\u00eda al juez en el que m\u00e1s confiaban para el puesto, y\u00a0<a class=\"mce\" href=\"https:\/\/www.eldiario.es\/politica\/Partido-Popular-reventar-negociacion-CGPJ_0_838167069.html\" target=\"_blank\" rel=\"noopener\">para acallar las cr\u00edticas internas que este pacto provoc\u00f3<\/a>. Porque Casado estaba siendo cuestionado desde la derecha por darle la mayor\u00eda en el CGPJ a los vocales propuestos por el PSOE. Por permitir un \u00absoviet judicial\u00bb en el Supremo\u00bb, como dec\u00eda Losantos cada d\u00eda en la radio.<\/span><\/p>\n<p class=\"mce\" style=\"text-align: justify;\"><span style=\"font-size: 14pt;\">Que el portavoz del PP en el Senado tuviera que dar internamente esa clase de explicaciones sobre el reparto de vocales en el CGPJ demuestra hasta qu\u00e9 punto el PP estaba divido con este tema.<\/span><\/p>\n<p class=\"mce\" style=\"text-align: justify;\"><span style=\"font-size: 14pt;\">Quien filtr\u00f3 ese mensaje del chat interno del PP en el Senado buscaba reventar el pacto con el PSOE. Y lo logr\u00f3.<\/span><\/p>\n<p class=\"mce\" style=\"text-align: justify;\"><span style=\"font-size: 14pt;\"><strong class=\"mce\">Pablo Casado: \u201c<em>Que el partido de la oposici\u00f3n se entere por la prensa de que el Gobierno manda un comunicado diciendo qui\u00e9n va a ser el presidente del Supremo, creo que esto s\u00ed que es susceptible de que el presidente del Gobierno pida disculpas, no solo a este partido sino a los espa\u00f1oles y al interesado, al que pusieron en la picota<\/em>\u00ab.<\/strong><\/span><\/p>\n<p class=\"mce\" style=\"text-align: justify;\"><span style=\"font-size: 14pt;\">Falso. El Gobierno no envi\u00f3 ning\u00fan \u201ccomunicado\u201d. Es falso que exista tal comunicado, igual que era falsa la foto que, seg\u00fan Casado, se hab\u00eda hecho S\u00e1nchez con los inmigrantes del Aquarius,\u00a0<a class=\"mce\" href=\"https:\/\/www.eldiario.es\/escolar\/mentiras-Pablo-Casado-Gurtel-Irak_6_828777140.html\" target=\"_blank\" rel=\"noopener noreferrer\">igual que son falsos tantos y tantos datos que el presidente del PP suele improvisar<\/a>.<\/span><\/p>\n<p class=\"mce\" style=\"text-align: justify;\"><span style=\"font-size: 14pt;\">Tambi\u00e9n es falso que el PP se enterase \u201cpor la prensa\u201d. El acuerdo entre los dos principales partidos estaba cerrado desde hace semanas. El propio negociador en el nombre del PP, el exministro Rafael Catal\u00e1, confirm\u00f3 el nombramiento de Marchena y el pacto de su partido con el Gobierno\u00a0<a class=\"mce\" href=\"http:\/\/cadenaser.com\/programa\/2018\/11\/12\/hoy_por_hoy\/1542012714_104514.html\" target=\"_blank\" rel=\"noopener\">ese mismo d\u00eda en una entrevista en la SER.<\/a>\u00a0En esa entrevista, el 12 de noviembre a primera hora, Catal\u00e1 tambi\u00e9n explica que Pablo Casado llevaba meses al corriente de todos los detalles de la negociaci\u00f3n.<\/span><\/p>\n<p class=\"mce\" style=\"text-align: justify;\"><span style=\"font-size: 14pt;\"><strong class=\"mce\">Pablo Casado: \u201c<em>Parece que el partido socialista y el Partido Popular han hecho lo mismo. No es as\u00ed. Nosotros no hemos pedido m\u00e1s que un jurista al que yo no conoc\u00eda<\/em>\u201d.<\/strong><\/span><\/p>\n<p class=\"mce\" style=\"text-align: justify;\"><span style=\"font-size: 14pt;\">Falso. El acuerdo de reparto de vocales se cerr\u00f3 entre los dos partidos y el PP pidi\u00f3 bastante m\u00e1s que \u00abun jurista\u00bb. Adem\u00e1s de la presidencia para Manuel Marchena, tambi\u00e9n pact\u00f3 nueve sillones para sus vocales, entre los que est\u00e1n dos exportavoces de Justicia del PP: un exdiputado y un exsenador. Nueve juristas a los que Casado ni siquiera quiso votar cuando supo que Marchena no iba a presidir el Supremo y el Poder Judicial.<\/span><\/p>\n<p class=\"mce\" style=\"text-align: justify;\"><span style=\"font-size: 14pt;\"><strong class=\"mce\">Pablo Casado: \u201c<em>Mi respeto a la independencia es que estuviera presidido por el que yo creo que es uno de los mejores juristas actualmente, al que no tengo el gusto de conocer<\/em>\u00ab.<\/strong><\/span><\/p>\n<p class=\"mce\" style=\"text-align: justify;\"><span style=\"font-size: 14pt;\">Marchena, adem\u00e1s de \u201cuno de los mejores juristas\u201d, es tambi\u00e9n el presidente de la Sala de lo Penal del Supremo que decidi\u00f3\u00a0<a class=\"mce\" href=\"https:\/\/www.eldiario.es\/escolar\/argumentales-Tribunal-Supremo-pablo-casado_6_819328099.html\" target=\"_blank\" rel=\"noopener\">no investigar el m\u00e1ster regalado de Pablo Casado en la URJC<\/a>. La sala que el mensaje de Cosid\u00f3 dice que el PP iba a controlar \u00abdesde detr\u00e1s\u00bb, admitiendo impl\u00edcitamente que hoy la controla desde delante.<\/span><\/p>\n<p class=\"mce\" style=\"text-align: justify;\"><span style=\"font-size: 14pt;\"><strong class=\"mce\">Pablo Casado: \u201c<em>Uno de ellos (de los vocales propuestos por el PSOE) ha sido propuesto para mero escarnio de la oposici\u00f3n<\/em>\u201d.<\/strong><\/span><\/p>\n<p class=\"mce\" style=\"text-align: justify;\"><span style=\"font-size: 14pt;\">Se refiere a Jos\u00e9 Ricardo de Prada, que adem\u00e1s de ser uno de los jueces que sentenci\u00f3 la G\u00fcrtel, y al que el PP ha despreciado p\u00fablicamente en innumerables ocasiones\u00a0<a class=\"mce\" href=\"https:\/\/www.eldiario.es\/escolar\/mentiras-Rafael-Hernando-Congreso-Diputados_6_777682244.html\" target=\"_blank\" rel=\"noopener\">\u2013Rafael Hernando, hace unos meses, le tach\u00f3 de \u00abproetarra\u00bb y de ser \u00abcandidato de Izquierda Unida\u00bb<\/a>\u2013 tambi\u00e9n es uno de los juristas en Espa\u00f1a con m\u00e1s experiencia internacional. Es el \u00fanico juez espa\u00f1ol que particip\u00f3 en la Sala de Cr\u00edmenes de Guerra de la Corte de Bosnia-Herzegovina. Adem\u00e1s, De Prada ha estado m\u00e1s de veinte a\u00f1os en la Audiencia Nacional. Sin duda tiene bastante m\u00e1s experiencia y carrera en la justicia que la gran mayor\u00eda de los vocales propuestos por el PP. Tambi\u00e9n una trayectoria m\u00e1s independiente del partido que lo propone que ese exdiputado o ese exsenador propuestos por el PP.<\/span><\/p>\n<p class=\"mce\" style=\"text-align: justify;\"><span style=\"font-size: 14pt;\"><strong class=\"mce\">Pablo Casado: \u201c<em>Yo si me entero de que alg\u00fan compa\u00f1ero de partido da indicaciones a un juez, que estoy convencido que en Espa\u00f1a tenemos jueces tan buenos que nunca las adoptar\u00edan, lo criticar\u00eda en un primer momento<\/em>\u201d.<\/strong><\/span><\/p>\n<p class=\"mce\" style=\"text-align: justify;\"><span style=\"font-size: 14pt;\">Falso. El 4 de agosto de este a\u00f1o, Carmen S\u00e1nchez-Cort\u00e9s, secretaria de Justicia con el PP,\u00a0<a class=\"mce\" href=\"https:\/\/www.eldiario.es\/politica\/Justicia-PP-Master-imputacion-Casado_0_817869040.html\" target=\"_blank\" rel=\"noopener\">llam\u00f3 a la jueza del caso M\u00e1ster para preguntar si pensaba pedir la imputaci\u00f3n del presidente del PP<\/a>. Por supuesto, no recibi\u00f3 ninguna cr\u00edtica por parte de Pablo Casado, el \u00faltimo beneficiado de esa llamada.<\/span><\/p>\n<p><a href=\"https:\/\/puntocritico.com\/ausajpuntocritico\/wp-content\/uploads\/2016\/11\/Mosca_Punto_Cr\u00edtico_40.png\" rel=\"lightbox[15006]\"><img loading=\"lazy\" decoding=\"async\" class=\"size-full wp-image-48 aligncenter\" src=\"https:\/\/puntocritico.com\/ausajpuntocritico\/wp-content\/uploads\/2016\/11\/Mosca_Punto_Cr\u00edtico_40.png\" alt=\"\" width=\"50\" height=\"50\" \/><\/a><\/p>\n<h1>\u00a0<\/h1>\n<h1 class=\"pg-headline\" style=\"text-align: center;\"><a id=\"ref8\"><\/a><a href=\"#ref8a\">[8]<\/a> Cosido a sus entretelas<\/h1>\n<p><span style=\"font-size: 14pt;\">Por Jose Mar\u00eda Tom\u00e1s y T\u00edo\u00a0<\/span><\/p>\n<p><span class=\"location\">Magistrado, Presidente de la Fundaci\u00f3n por la Justicia<\/span><\/p>\n<p><span style=\"color: #008000;\">Articulo publicado el 22 de noviembre de 2018 en:\u00a0<\/span><\/p>\n<p><a href=\"https:\/\/www.eldiario.es\/tribunaabierta\/Cosido-entretelas_6_838576161.html\" target=\"_blank\" rel=\"noopener\">https:\/\/www.eldiario.es\/tribunaabierta\/Cosido-entretelas_6_838576161.html<\/a><\/p>\n<p>&nbsp;<\/p>\n<blockquote>\n<p style=\"text-align: justify;\"><span style=\"color: #008000;\"><em><span style=\"font-size: 14pt;\"><strong>La percepci\u00f3n de la falta de independencia o mejor de imparcialidad en la Justicia tiene su origen en un sistema que propicia, como m\u00ednimo, desconfianza al estar condicionada por el deber de \u00abrespeto\u00bb a quien te nombra<\/strong><\/span><\/em><\/span><\/p>\n<\/blockquote>\n<p>&nbsp;<\/p>\n<\/div>\n<figure id=\"attachment_15083\" aria-describedby=\"caption-attachment-15083\" style=\"width: 643px\" class=\"wp-caption aligncenter\"><a href=\"https:\/\/puntocritico.com\/ausajpuntocritico\/wp-content\/uploads\/2018\/11\/Consejo-General-Poder-Judicial-Madrid_sede.jpg\" rel=\"lightbox[15006]\"><img loading=\"lazy\" decoding=\"async\" class=\"wp-image-15083 size-full\" src=\"https:\/\/puntocritico.com\/ausajpuntocritico\/wp-content\/uploads\/2018\/11\/Consejo-General-Poder-Judicial-Madrid_sede.jpg\" alt=\"\" width=\"643\" height=\"398\" srcset=\"https:\/\/puntocritico.com\/ausajpuntocritico\/wp-content\/uploads\/2018\/11\/Consejo-General-Poder-Judicial-Madrid_sede.jpg 643w, https:\/\/puntocritico.com\/ausajpuntocritico\/wp-content\/uploads\/2018\/11\/Consejo-General-Poder-Judicial-Madrid_sede-300x186.jpg 300w, https:\/\/puntocritico.com\/ausajpuntocritico\/wp-content\/uploads\/2018\/11\/Consejo-General-Poder-Judicial-Madrid_sede-242x150.jpg 242w\" sizes=\"auto, (max-width: 643px) 100vw, 643px\" \/><\/a><figcaption id=\"caption-attachment-15083\" class=\"wp-caption-text\"><span style=\"color: #008000;\">Sede CGPJ<\/span><\/figcaption><\/figure>\n<div id=\"articulo-titulares\" class=\"articulo-titulares\">\n<p class=\"mce\" style=\"text-align: justify;\"><span style=\"font-size: 14pt;\">Tres a\u00f1os elaborando y reivindicando hasta con movilizaciones medidas para mejorar el servicio de la justicia por parte de 8000 jueces y fiscales y con escaso \u00e9xito, hasta que lleg\u00f3 un mes\u00edas con un whatsApp explicativo de su necesidad. No importa qui\u00e9n lo redactara o s\u00f3lo lo difundiera. El poder de las redes: no hay mejor explicaci\u00f3n de lo que todos conoc\u00edamos, algunos denunci\u00e1bamos y era opini\u00f3n generalizada de una ciudadan\u00eda escandalizada.<\/span><\/p>\n<p class=\"mce\" style=\"text-align: justify;\"><span style=\"font-size: 14pt;\">No es ahora, sino que viene de antiguo, que el poder pol\u00edtico ha pretendido llevar \u00abcosido\u00bb a sus entretelas el tim\u00f3n de toda gran decisi\u00f3n que la jurisdicci\u00f3n pudiera revisar.<\/span><\/p>\n<section id=\"edi-ad-slot-intext\" class=\"md-advertisement md hspace no-adv-socios\" role=\"marquee\" data-google-query-id=\"CKHdmsvE794CFcdkFQgd5MIFmw\">\n<div id=\"google_ads_iframe_\/123333327\/eldiario.es\/noticia_intext_0__container__\"><span style=\"font-size: 14pt;\">No hay explicaci\u00f3n m\u00e1s hip\u00f3crita de lo ocurrido que quien pretende desconocer lo que hab\u00eda detr\u00e1s de un pacto, lamentando la difusi\u00f3n de un simple mensaje \u00abinocuo\u00bb entre los propios, o la denuncia de un sistema por quienes se han valido de \u00e9l para sus propios intereses desde hace largo tiempo.<\/span><\/div>\n<\/section>\n<p class=\"mce\" style=\"text-align: justify;\"><span style=\"font-size: 14pt;\">Casi todos los partidos pol\u00edticos (menos EU y PP) suscribieron la propuesta 94 del Pacto Estatal contra la corrupci\u00f3n de 2015, impulsado por la Fundaci\u00f3n por la Justicia y otras 55 organizaciones civiles, de propiciar el cambio del sistema de elecci\u00f3n y nombramiento de los altos cargos de la justicia y del Consejo. Y todos los partidos pol\u00edticos sin exclusi\u00f3n suscribieron la propuesta 95 del mismo Pacto, comprometi\u00e9ndose a excluir del ejercicio de la jurisdicci\u00f3n penal, contencioso-administrativa y de destinos gubernativos y representativos a magistrados y jueces que hubieren desempe\u00f1ado cualquier cargo p\u00fablico electivo o de libre designaci\u00f3n con categor\u00eda superior a la de director general en cualquier administraci\u00f3n vinculada a cualquier opci\u00f3n pol\u00edtica. El derecho universal reconoce que los pactos est\u00e1n para cumplirse. La experiencia dice que se cumplen seg\u00fan interese.<\/span><\/p>\n<p class=\"mce\" style=\"text-align: justify;\"><span style=\"font-size: 14pt;\">La ciudadan\u00eda tendr\u00eda que estar agradecida a todos los t\u00edteres que en este gui\u00f1ol han jugado su papel. Gracias a cada uno y al conjunto hemos podido ver con m\u00e1s claridad un escenario diferente donde nadie puede estar demasiado tranquilo de conseguir de la justicia lo que es justo.<\/span><\/p>\n<p class=\"mce\" style=\"text-align: justify;\"><span style=\"font-size: 14pt;\">Todos debemos sentirnos agradecidos por la publicaci\u00f3n de lo que era convicci\u00f3n generalizada de la intervenci\u00f3n pol\u00edtica, no tanto en el funcionamiento de un \u00f3rgano pol\u00edtico como el Consejo, por cierto sin poder judicial; sino del desenmascaramiento de todos los actores y figurantes que han venido participando pol\u00edtica o asociativamente en la b\u00fasqueda de instrumentos para interferir en la resoluci\u00f3n de los graves y grandes temas que se someten a la justicia, condicion\u00e1ndola.<\/span><\/p>\n<p class=\"mce\" style=\"text-align: justify;\"><span style=\"font-size: 14pt;\">Las deficiencias de la justicia ordinaria pueden provenir del temor a equivocarse o de la insuficiente formaci\u00f3n o informaci\u00f3n, raramente de la vinculaci\u00f3n partidaria en la resoluci\u00f3n de conflictos. La percepci\u00f3n de la falta de independencia o mejor de imparcialidad tiene su origen en un sistema que propicia, como m\u00ednimo, desconfianza al estar condicionada por el deber de \u00abrespeto\u00bb a quien te nombra.<\/span><\/p>\n<p class=\"mce\" style=\"text-align: justify;\"><span style=\"font-size: 14pt;\">No se trata de poner en entredicho el sistema de designaci\u00f3n de altos cargos a partir de \u00abmis elegidos\u00bb. Se trata de descubrir el modo en que la ciudadan\u00eda de manera directa o representativa participa en la designaci\u00f3n y puede exigir cuentas a quien no cumple con su responsabilidad.<\/span><\/p>\n<p class=\"mce\" style=\"text-align: justify;\"><span style=\"font-size: 14pt;\">No cabe duda que cualquier designado se siente independiente y con frecuencia as\u00ed lo evidencia con sus resoluciones en las que participa. Pero tampoco puede caber ninguna duda que lleg\u00f3 a esa instancia con los padrinos que pudo conseguir.<\/span><\/p>\n<p class=\"mce\" style=\"text-align: justify;\"><span style=\"font-size: 14pt;\">Dice el refr\u00e1n castellano que el que evita la tentaci\u00f3n evita el peligro. Reglamentar la selecci\u00f3n de personas que deben acceder a los m\u00e1s altos cargos en la prestaci\u00f3n de la justicia significa concebir que el \u00e1mbito de la discrecionalidad quedara minimizado hasta el m\u00e1ximo. Las garant\u00edas para la selecci\u00f3n s\u00f3lo pueden establecerse a partir de criterios objetivos y medibles. El control o medici\u00f3n de cumplimiento debe igualmente establecerse sobre mecanismos de evaluaci\u00f3n t\u00e9cnicos y predeterminados. Reducir y a\u00fan m\u00e1s excluir la competencia para la arbitraria elecci\u00f3n de los propios, dejar\u00eda inactivo cualquier reproche de parcialidad en la imprescindible imparcialidad y eludir\u00eda luchas partidarias de quienes aspiran a colocar a sus afines como inter\u00e9s prioritario. Y con ello, al Consejo que lo elija quien quiera.<\/span><\/p>\n<p class=\"mce\" style=\"text-align: justify;\"><span style=\"font-size: 14pt;\">Seguimos dando argumentos para el descr\u00e9dito y las recusaciones en una justicia tan maltratada como dolorida para los que seguimos queriendo creer y ofrecer justicia.<\/span><\/p>\n<p><a href=\"https:\/\/puntocritico.com\/ausajpuntocritico\/wp-content\/uploads\/2016\/11\/Mosca_Punto_Cr\u00edtico_40.png\" rel=\"lightbox[15006]\"><img loading=\"lazy\" decoding=\"async\" class=\"size-full wp-image-48 aligncenter\" src=\"https:\/\/puntocritico.com\/ausajpuntocritico\/wp-content\/uploads\/2016\/11\/Mosca_Punto_Cr\u00edtico_40.png\" alt=\"\" width=\"50\" height=\"50\" \/><\/a><\/p>\n<h1>\u00a0<\/h1>\n<h1 class=\"articulo-titulo \" style=\"text-align: center;\"><a id=\"ref9\"><\/a><a href=\"#ref9a\">[9]<\/a>\u00a0La presi\u00f3n interna en el PP rompi\u00f3 el pacto judicial<\/h1>\n<div class=\"articulo-subtitulos\">\n<h2 class=\"articulo-subtitulo\" style=\"text-align: center;\"><span style=\"color: #808080;\"><em>Casado frustr\u00f3 en el \u00faltimo minuto los dos meses y medio de negociaciones fluidas entre la ministra Dolores Delgado y Rafael Catal\u00e1<\/em><\/span><\/h2>\n<\/div>\n<h1><span style=\"font-size: 12pt;\">Por Javier Casqueiro<\/span><\/h1>\n<p>Articulo publicado el 25 de noviembre de 2018 en:<\/p>\n<p><a href=\"https:\/\/elpais.com\/politica\/2018\/11\/24\/actualidad\/1543073646_004459.html\" target=\"_blank\" rel=\"noopener\">https:\/\/elpais.com\/politica\/2018\/11\/24\/actualidad\/1543073646_004459.html<\/a><\/p>\n<p>&nbsp;<\/p>\n<p><figure id=\"attachment_15090\" aria-describedby=\"caption-attachment-15090\" style=\"width: 678px\" class=\"wp-caption aligncenter\"><a href=\"https:\/\/puntocritico.com\/ausajpuntocritico\/wp-content\/uploads\/2018\/11\/Marchena-5.jpg\" rel=\"lightbox[15006]\"><img loading=\"lazy\" decoding=\"async\" class=\"wp-image-15090 size-mh-magazine-content\" src=\"https:\/\/puntocritico.com\/ausajpuntocritico\/wp-content\/uploads\/2018\/11\/Marchena-5-678x381.jpg\" alt=\"\" width=\"678\" height=\"381\" \/><\/a><figcaption id=\"caption-attachment-15090\" class=\"wp-caption-text\"><span style=\"color: #008000;\">El ministro del Interior, Fernando Grande-Marlaska, saluda a Manuel Marchena. LUCA PIERGIOVANNI EFE<\/span><\/figcaption><\/figure>\n<\/div>\n<\/div>\n<p style=\"text-align: justify;\"><span style=\"font-size: 14pt;\">Los inoportunos\u00a0<a href=\"https:\/\/elpais.com\/politica\/2018\/11\/22\/actualidad\/1542886892_679167.html\" target=\"_blank\" rel=\"noopener\">mensajes con las injerencias pol\u00edticas sobre la Justicia reenviados<\/a>\u00a0desde el m\u00f3vil de Ignacio Cosid\u00f3, el portavoz del PP en el Senado, fueron una espoleta. Y para muchos en el PP la perfecta justificaci\u00f3n para romper el pacto judicial, el \u00fanico gran acuerdo alcanzado en esta legislatura entre el Gobierno socialista y el nuevo PP de Pablo Casado. El PP esgrime oficialmente que se deslig\u00f3 del pacto por la \u201cdeslealtad\u201d del Ejecutivo de S\u00e1nchez al filtrar el nombre de Manuel Marchena, el candidato conservador a presidente del Consejo General del Poder Judicial. Fuentes populares implicadas en la negociaci\u00f3n niegan esa versi\u00f3n y concluyen que el detonante fue la presi\u00f3n interna de la l\u00ednea m\u00e1s dura en el partido y en sus apoyos medi\u00e1ticos.<\/span><\/p>\n<div id=\"elpais_gpt-INTEXT\" data-google-query-id=\"CMyGxM3Q794CFUgQGwodaY4PGA\">\n<div id=\"google_ads_iframe_\/7811748\/elpais_web\/politica\/intext_0__container__\" style=\"text-align: justify;\"><span style=\"font-size: 14pt;\">La intrahistoria de c\u00f3mo se fragu\u00f3 primero el pacto y de c\u00f3mo se destroz\u00f3 comienza con la \u00fanica reuni\u00f3n\u00a0<a href=\"https:\/\/elpais.com\/politica\/2018\/11\/22\/actualidad\/1542886892_679167.html\" target=\"_blank\" rel=\"noopener\">que han mantenido Pedro S\u00e1nchez y Casado en La Moncloa<\/a>\u00a0el pasado 2 de agosto. Los dos l\u00edderes convinieron que proced\u00eda renovar en tiempo y formar el m\u00e1ximo \u00f3rgano del poder judicial y que deb\u00edan poner en la labor a alguien de su confianza. As\u00ed fue.<\/span><\/div>\n<div>\n<div id=\"cuerpo_noticia\" class=\"articulo-cuerpo\">\n<p style=\"text-align: justify;\"><span style=\"font-size: 14pt;\">Al d\u00eda siguiente S\u00e1nchez encomend\u00f3 esa tarea a su ministra de Justicia, Dolores Delgado, y Casado a Rafael Catal\u00e1, el exministro de esa \u00e1rea en el \u00faltimo equipo de Mariano Rajoy. Los dos se hicieron una primera llamada en verano y postergaron su primera cita, en el Ministerio, para los primeros d\u00edas de septiembre. Desde entonces esas reuniones fueron casi semanales, con discreci\u00f3n, y sin excesivos problemas, cre\u00e1ndose incluso un clima de cierta confianza entre ambos, como confirman en el entorno de los dos equipos.<\/span><\/p>\n<p style=\"text-align: justify;\"><span style=\"font-size: 14pt;\">La primera tarea que se pusieron fue confirmar que de verdad quer\u00edan llegar a un acuerdo bilateral, sin incluir en las negociaciones ni a Podemos ni a Ciudadanos, y lo segundo que hicieron fue empezar a expurgar la lista de m\u00e1s de medio centenar de candidatos que se presentaron para ocupar los 20 codiciados puestos de vocales del Poder Judicial. As\u00ed llegaron hasta mediados de octubre, con el compromiso de no ponerse vetos. Y fue entonces Catal\u00e1 el que exigi\u00f3 a Delgado hablar ya del aspirante a presidente y puso sobre la mesa el nombre de Marchena. No era una propuesta casual ni inocente.<\/span><\/p>\n<p style=\"text-align: justify;\"><span style=\"font-size: 14pt;\">Marchena ya hab\u00eda sido propuesto para ese cargo en diciembre de 2013 por el entonces ministro popular Alberto Ruiz-Gallard\u00f3n a su interlocutor, Antonio Camacho, con el que negoci\u00f3 con el mismo sistema la anterior renovaci\u00f3n del Consejo por delegaci\u00f3n respectiva de Rajoy y Alfredo P\u00e9rez Rubalcaba. Marchena ya estaba entonces en el Tribunal Supremo y se cay\u00f3 de la lista en la recta final, como ha sucedido ahora. Su te\u00f3rica querencia conservadora les pareci\u00f3 un mal menor frente a su contrastada independencia y su nivel profesional demostrado en el procesamiento de los l\u00edderes independentistas en Catalu\u00f1a.<\/span><\/p>\n<p style=\"text-align: justify;\"><span style=\"font-size: 14pt;\">Delgado no hizo causa de ese nombre sino de recuperar una mayor\u00eda progresista en el Consejo. Catal\u00e1 convenci\u00f3 por su parte a Casado de que su amigo Marchena era inmejorable y sobre todo de que el reparto (11 vocales progresistas y 9 conservadores m\u00e1s el presidente) era el mejor y \u00fanico posible. Delgado y Catal\u00e1 coincidieron en que la renovaci\u00f3n facilitar\u00eda a su vez una cadena de m\u00e1s de 30 nombramientos en otros niveles judiciales. A finales de octubre el asunto qued\u00f3 casi resuelto a la espera de hacerlo p\u00fablico. S\u00e1nchez y Casado recib\u00edan informaci\u00f3n permanente. Se lleg\u00f3 as\u00ed al segundo fin de semana decisivo de noviembre. El peri\u00f3dico\u00a0<em>Abc<\/em>\u00a0public\u00f3 ese viernes 9 una informaci\u00f3n con todos los aspirantes conservadores propuestos por el PP, sin citar al presidente. EL PA\u00cdS avanz\u00f3 esa tarde en su web la candidatura de Marchena. Esa noticia molest\u00f3 en el PP y en La Moncloa. Algunos medios la desmintieron. Ese fin de semana se volvieron a encontrar Delgado y Catal\u00e1: el pacto segu\u00eda adelante pese a esos inconvenientes.<\/span><\/p>\n<p style=\"text-align: justify;\"><span style=\"font-size: 14pt;\">En la noche del domingo 11 de noviembre la ministra cit\u00f3 para las 8.30 horas de ese lunes en su despacho a Marchena para confirmarle 15 minutos despu\u00e9s que era su candidato a presidente. Ese lunes, tras ver a Delgado y avanzar al director de un medio de comunicaci\u00f3n sus planes para el futuro Consejo, Marchena comprob\u00f3 c\u00f3mo desde La Moncloa se confirmaba su nombramiento, que poco despu\u00e9s tambi\u00e9n ratificaban fuentes del PP. No puso pega alguna.<\/span><\/p>\n<h3 style=\"text-align: justify;\"><span style=\"font-size: 14pt;\">\u201cEnorme malestar\u201d<\/span><\/h3>\n<p style=\"text-align: justify;\"><span style=\"font-size: 14pt;\">El problema con Marchena se desboc\u00f3 por la reacci\u00f3n airada del sector m\u00e1s duro del PP y de los medios conservadores, no con el presidente sino con el aspirante a vocal progresista Jos\u00e9 Ricardo de Prada, uno de los magistrados de la Audiencia Nacional que participaron en la redacci\u00f3n de la sentencia del\u00a0<em>caso G\u00fcrtel,<\/em>\u00a0seg\u00fan confiesan ahora dirigentes populares implicados en la negociaci\u00f3n y de la direcci\u00f3n. En una reuni\u00f3n interna del grupo parlamentario uno de los miembros de su direcci\u00f3n lleg\u00f3 a reprocharle a Casado y su entorno esa \u201cexcesiva flexibilidad\u201d y que no entendiera \u201cel enorme malestar de las bases del partido a punto de explotar\u201d por haber aceptado a De Prada.<\/span><\/p>\n<p style=\"text-align: justify;\"><span style=\"font-size: 14pt;\">Esa reacci\u00f3n y las duras cr\u00edticas en peri\u00f3dicos y radios afines al PP se multiplicaron en los d\u00edas siguientes hasta el punto de que la direcci\u00f3n del partido opt\u00f3 entonces por permitir que Carlos Rojas, su portavoz parlamentario en la comisi\u00f3n de nombramientos, le cuestionara a la cara la falta de independencia de De Prada y le espetara que podr\u00eda estar mejor en el Consejo que firmando sentencias. Eso s\u00ed, el PP se trag\u00f3 el sapo de votarle a favor. Fue una reacci\u00f3n pactada para calmar \u00e1nimos internos muy soliviantados. Pero no fue suficiente.<\/span><\/p>\n<p style=\"text-align: justify;\"><span style=\"font-size: 14pt;\">Entonces lleg\u00f3, el lunes 19, la publicaci\u00f3n en\u00a0<em>El Espa\u00f1ol<\/em>\u00a0del\u00a0<em>whatsapp<\/em>\u00a0de Cosid\u00f3. El martes 20, Marchena renunci\u00f3. Y, a continuaci\u00f3n, se suspende la votaci\u00f3n en el Congreso de los vocales. En el PP se ha abierto una caza de brujas para averiguar qui\u00e9n redact\u00f3 ese mensaje que permiti\u00f3 a Casado descolgarse de un pacto al que no ve ya suficientes beneficios.<\/span><\/p>\n<\/div>\n<\/div>\n<\/div>\n<div class=\"articulo-encabezado-texto\">\n<div id=\"articulo-titulares\" class=\"articulo-titulares\">\n<h1><a href=\"https:\/\/puntocritico.com\/ausajpuntocritico\/wp-content\/uploads\/2016\/11\/Mosca_Punto_Cr\u00edtico_40.png\" rel=\"lightbox[15006]\"><img loading=\"lazy\" decoding=\"async\" class=\"size-full wp-image-48 aligncenter\" src=\"https:\/\/puntocritico.com\/ausajpuntocritico\/wp-content\/uploads\/2016\/11\/Mosca_Punto_Cr\u00edtico_40.png\" alt=\"\" width=\"50\" height=\"50\" \/><\/a><\/h1>\n<h1>\u00a0<\/h1>\n<h1 class=\"articulo-titulo \" style=\"text-align: center;\"><a id=\"ref10\"><\/a><a href=\"#ref10a\">[10]<\/a> Retrato judicial al completo<\/h1>\n<\/div>\n<\/div>\n<h2 class=\"articulo-subtitulo\" style=\"text-align: center;\"><em>Sin la participaci\u00f3n de magistrados y jueces no habr\u00eda manipulaci\u00f3n pol\u00edtica<\/em><\/h2>\n<p>Por\u00a0 Redacci\u00f3n EL PA\u00cdS<\/p>\n<div><span style=\"color: #339966;\">Art\u00edculo publicado el 20 de noviembre de 2018 en<\/span><\/div>\n<div><a href=\"https:\/\/elpais.com\/elpais\/2018\/11\/19\/opinion\/1542648563_274242.html?id_externo_rsoc=TW_CC\" target=\"_blank\" rel=\"noopener\"><span style=\"color: #339966;\">https:\/\/elpais.com\/elpais\/2018\/11\/19\/opinion\/1542648563_274242.html?id_externo_rsoc=TW_CC<\/span><\/a><\/div>\n<div>\u00a0<\/div>\n<div>\u00a0<\/div>\n<figure id=\"attachment_15007\" aria-describedby=\"caption-attachment-15007\" style=\"width: 550px\" class=\"wp-caption aligncenter\"><a href=\"https:\/\/puntocritico.com\/ausajpuntocritico\/wp-content\/uploads\/2018\/11\/1542648563_274242_1542648890_noticia_normal_recorte1.jpg\" rel=\"lightbox[15006]\"><img loading=\"lazy\" decoding=\"async\" class=\"wp-image-15007\" src=\"https:\/\/puntocritico.com\/ausajpuntocritico\/wp-content\/uploads\/2018\/11\/1542648563_274242_1542648890_noticia_normal_recorte1.jpg\" alt=\"\" width=\"550\" height=\"290\" srcset=\"https:\/\/puntocritico.com\/ausajpuntocritico\/wp-content\/uploads\/2018\/11\/1542648563_274242_1542648890_noticia_normal_recorte1.jpg 1960w, https:\/\/puntocritico.com\/ausajpuntocritico\/wp-content\/uploads\/2018\/11\/1542648563_274242_1542648890_noticia_normal_recorte1-300x158.jpg 300w, https:\/\/puntocritico.com\/ausajpuntocritico\/wp-content\/uploads\/2018\/11\/1542648563_274242_1542648890_noticia_normal_recorte1-768x405.jpg 768w, https:\/\/puntocritico.com\/ausajpuntocritico\/wp-content\/uploads\/2018\/11\/1542648563_274242_1542648890_noticia_normal_recorte1-1024x540.jpg 1024w, https:\/\/puntocritico.com\/ausajpuntocritico\/wp-content\/uploads\/2018\/11\/1542648563_274242_1542648890_noticia_normal_recorte1-280x148.jpg 280w\" sizes=\"auto, (max-width: 550px) 100vw, 550px\" \/><\/a><figcaption id=\"caption-attachment-15007\" class=\"wp-caption-text\"><span style=\"font-size: 10pt;\"><strong><span style=\"color: #339966;\">Los magistrados Manuel Marchena y Luis Mar\u00eda D\u00edez-Picazo. ULY MARTIN<\/span><\/strong><\/span><\/figcaption><\/figure>\n<p>&nbsp;<\/p>\n<p style=\"text-align: justify;\"><span style=\"font-family: arial, helvetica, sans-serif; font-size: 14pt;\">El prestigio del poder judicial atraviesa horas bajas en Espa\u00f1a como consecuencia de sentencias que han provocado un profundo rechazo social, como la relativa a si deben ser los bancos o los particulares quienes corran con el impuesto de actos jur\u00eddicos documentados al contratar una hipoteca. Adem\u00e1s, esta y otras resoluciones pol\u00e9micas del Tribunal Supremo han venido a continuaci\u00f3n de decisiones de tribunales europeos rechazando poner a disposici\u00f3n de la justicia espa\u00f1ola a algunos representantes pol\u00edticos responsables de derogar la Constituci\u00f3n por v\u00edas de hecho y de tratar de imponer la independencia de Catalu\u00f1a a la mayor\u00eda de ciudadanos que la rechazan, priv\u00e1ndolos de sus derechos. La suma de unas y otras circunstancias ha fomentado un clima de opini\u00f3n de acuerdo con el cual el poder judicial no es enteramente independiente, ni frente a otros poderes del Estado ni frente a grupos de presi\u00f3n. Tambi\u00e9n se ha generalizado la idea de que la causa fundamental de este estado de cosas es la voracidad de los partidos pol\u00edticos por colonizar la totalidad de las instituciones.<\/span><\/p>\n<p style=\"text-align: justify;\"><span style=\"font-family: arial, helvetica, sans-serif; font-size: 14pt;\">El grave desprestigio que padece la justicia exige huir tanto de la generalizaci\u00f3n como del reduccionismo, apuntando siempre en una direcci\u00f3n que, como la condena a los partidos, sirve para explicarlo todo a costa de impedir poner remedio a nada. Desde el momento en que los partidos son imprescindibles en el sistema parlamentario, la cr\u00edtica puede dirigirse exclusivamente a la manera en la que act\u00faan, no a la raz\u00f3n constitucional por la que lo hacen. Negar la intervenci\u00f3n de las fuerzas pol\u00edticas en la conformaci\u00f3n del Poder Judicial, sustituy\u00e9ndolas por las decisiones de los propios profesionales, no es solo tomar posici\u00f3n sin decirlo acerca de la organizaci\u00f3n de un poder del Estado, sino tambi\u00e9n sobre su fundamento \u00faltimo, democr\u00e1tico, como exige la Constituci\u00f3n, o t\u00e9cnico y corporativo. Pero invocar la necesidad de que los partidos intervengan para conectar los tribunales con la legitimidad democr\u00e1tica, seg\u00fan pretende el sistema espa\u00f1ol a trav\u00e9s del Consejo General del Poder Judicial (CGPJ), no equivale a concederles carta blanca para cualquier acuerdo, en cualquier sede, ni por cualquier procedimiento.<\/span><\/p>\n<p style=\"text-align: justify;\"><span style=\"font-family: arial, helvetica, sans-serif; font-size: 14pt;\">El reciente pacto alcanzado por el Partido Socialista y el Popular ha incurrido en este \u00faltimo peligro, al confundir una negociaci\u00f3n transparente entre grupos parlamentarios para decidir la composici\u00f3n del CGPJ con un oscuro apa\u00f1o entre ejecutivas para promocionar a sus respectivos candidatos en diversas instancias de la justicia. El problema que suscita ese pacto no es consecuencia de ninguna deficiencia del sistema constitucional, sino de un mal uso impuesto durante los \u00faltimos a\u00f1os como consecuencia del intento de predeterminar desde los partidos las sentencias sobre los grandes esc\u00e1ndalos de corrupci\u00f3n. Siendo esto as\u00ed, no se puede olvidar que ese mal uso solo ha sido posible con la aquiescencia de los propios jueces y magistrados, que se han valido de \u00e9l para afianzar sus carreras al calor de uno u otro partido. Solo contando con la participaci\u00f3n de jueces y magistrados, dos fuerzas pol\u00edticas como el Partido Socialista y el Popular pueden estar tan seguras acerca de los futuros nombramientos en el Tribunal Supremo y en el CGPJ cuando los vocales de este \u00faltimo no han sido siquiera nombrados.<\/span><\/p>\n<p style=\"text-align: justify;\"><span style=\"font-family: arial, helvetica, sans-serif; font-size: 14pt;\">Las reglas por las que se rige la justicia en Espa\u00f1a son ahora las mismas que durante los primeros a\u00f1os de vigencia de la Constituci\u00f3n, cuando se acredit\u00f3 como un poder respetado y que hac\u00eda valer la independencia y la inamovilidad garantizadas por la Constituci\u00f3n. Si hoy ha dejado de ser as\u00ed, no basta con se\u00f1alar hacia fuera, sino que el retrato completo de la justicia exige mirar tambi\u00e9n hacia dentro.<\/span><\/p>\n<div class=\"articulo-encabezado-texto\">\n<div id=\"articulo-titulares\" class=\"articulo-titulares\">\n<div class=\"articulo-subtitulos\">\n<p style=\"text-align: justify;\"><a href=\"https:\/\/puntocritico.com\/ausajpuntocritico\/wp-content\/uploads\/2016\/11\/Mosca_Punto_Cr\u00edtico_40.png\" rel=\"lightbox[15006]\"><img loading=\"lazy\" decoding=\"async\" class=\"aligncenter size-full wp-image-48\" src=\"https:\/\/puntocritico.com\/ausajpuntocritico\/wp-content\/uploads\/2016\/11\/Mosca_Punto_Cr\u00edtico_40.png\" alt=\"\" width=\"50\" height=\"50\" \/><\/a><\/p>\n<\/div>\n<\/div>\n<div class=\"articulo-titulares\"><\/p>\n<div class=\"articulo-subtitulos\">\n<p>&nbsp;<\/p>\n<\/div>\n<\/div>\n<\/div>\n<h1 style=\"text-align: center;\"><a id=\"ref11\"><\/a><a href=\"#ref11a\">[11]<\/a> Villarejo, el comisario de \u2018La Curia\u2019<\/h1>\n<p><span style=\"font-size: 14pt;\">Por David M. Moreno<\/span><\/p>\n<div><span style=\"color: #339966;\">Art\u00edculo publicado el 14 de mayo de 2015 en<\/span><\/div>\n<div><a href=\"https:\/\/ctxt.es\/es\/20150514\/politica\/1078\/Villarejo-CNI-Ignacio-Gonz%C3%A1lez-corrupci%C3%B3n-Gurtel-Caso-Malaya-UDEF.htm\" target=\"_blank\" rel=\"noopener\"><span style=\"color: #339966;\">https:\/\/ctxt.es\/es\/20150514\/politica\/1078\/Villarejo-CNI-Ignacio-Gonz%C3%A1lez-corrupci%C3%B3n-Gurtel-Caso-Malaya-UDEF.htm<\/span><\/a><\/div>\n<p>&nbsp;<\/p>\n<p class=\"p1\" style=\"text-align: justify;\"><span style=\"font-family: arial, helvetica, sans-serif; font-size: 14pt;\">La invitaci\u00f3n lo dejaba bien claro. Ignacio Gonz\u00e1lez, presidente de la Comunidad de Madrid, iba a inaugurar el 17 de abril la primera fase de los jardines del palacio del Infante Don Luis, en Boadilla del Monte. Pero a \u00faltima hora anul\u00f3 la visita y le sustituy\u00f3 su segundo, el consejero Salvador Victoria. Los jardines, decorados con tilos de Holanda y cipreses de la regi\u00f3n italiana de la Toscana, lindan en su parte trasera con dos fincas particulares que suman 2.700 metros cuadrados. Las dos pertenecen a una empresa llamada Premium Hoteles, cuya administradora \u00fanica es la actual esposa del polic\u00eda m\u00e1s famoso y pol\u00e9mico de Espa\u00f1a: el comisario Villarejo. Mes y medio antes, el 3 de marzo, Jos\u00e9 Manuel Villarejo P\u00e9rez hab\u00eda denunciado ante los tribunales a Ignacio Gonz\u00e1lez despu\u00e9s de que este \u00faltimo le acusara de amenazas y chantaje. El diario\u00a0<em>El Mundo<\/em>\u00a0hab\u00eda publicado el informe policial que resum\u00eda la reuni\u00f3n mantenida en noviembre de 2011 entre Villarejo, acompa\u00f1ado de otro alto cargo policial, con Gonz\u00e1lez. El titular del diario se despachaba a gusto: \u201cIgnacio Gonz\u00e1lez pidi\u00f3 ayuda a polic\u00edas para ocultar el caso de su \u00e1tico\u201d.<\/span><\/p>\n<p class=\"p1\" style=\"text-align: justify;\"><span style=\"font-family: arial, helvetica, sans-serif; font-size: 14pt;\">Gonz\u00e1lez sab\u00eda que su carrera pol\u00edtica estaba sepultada. El 8 de marzo\u00a0<em>El<\/em>\u00a0<em>Mundo<\/em>\u00a0tambi\u00e9n hab\u00eda hecho p\u00fablicas las grabaciones de la reuni\u00f3n secreta entre Villarejo y Gonz\u00e1lez (s\u00ed, alguien les hab\u00eda grabado). Por eso, aquel 17 de abril, aunque su presencia estaba prevista, a Gonz\u00e1lez no le apetec\u00eda en absoluto inaugurar unos pu\u00f1eteros jardines mientras sent\u00eda en el cogote la mirada y la sonrisa hiriente de su nuevo enemigo. Mucha gente en Boadilla sabe que desde el chal\u00e9 de Villarejo se pueden ver perfectamente los jardines que mand\u00f3 construir el hermano del rey Carlos III.\u00a0<\/span><\/p>\n<p class=\"p1\" style=\"text-align: justify;\"><span style=\"font-family: arial, helvetica, sans-serif; font-size: 14pt;\">El caso del \u00e1tico de Gonz\u00e1lez, que se instruye en un juzgado de Estepona (M\u00e1laga), no solo ha acabado con las aspiraciones pol\u00edticas del todav\u00eda presidente madrile\u00f1o, ha servido tambi\u00e9n para enfocar con bastante luz a un polic\u00eda que siempre se ha movido con destreza por las sombras y que \u00faltimamente, muy a su pesar, es protagonista de demasiados titulares. Pero, \u00bfqui\u00e9n es realmente el comisario Villarejo? Polic\u00eda, esp\u00eda, agente encubierto, empresario, periodista, detective, exsindicalista\u2026 la vida de Villarejo, cordob\u00e9s, a punto de cumplir 64 a\u00f1os, ha ido a tanta velocidad como lo es su forma de hablar, a veces atropellada, con un tono duro y quebrado. Alias Pepe Villar, Manuel Villar, Manuel P\u00e9rez Villar, \u2018el t\u00e9cnico\u2019 o \u2018Pepe la gorda\u2019, Villarejo est\u00e1 en la Polic\u00eda desde 1971, cuando aprob\u00f3 la oposici\u00f3n en la plaza 263. \u201cTodo un personaje, un caso \u00fanico\u201d, asegura un polic\u00eda que le conoce bien. \u201cEl rey de la fontaner\u00eda policial. Hace y deshace. Desde el siglo pasado, aparece relacionado con asuntos de lo m\u00e1s escabrosos, y todos con vinculaciones pol\u00edticas\u201d, escribi\u00f3 de \u00e9l uno de los periodistas que lo ha tratado, Fernando L\u00e1zaro.<\/span><\/p>\n<blockquote>\n<p class=\"p1\"><span style=\"font-family: arial, helvetica, sans-serif; font-size: 14pt;\">DESDE EL SIGLO PASADO, APARECE RELACIONADO CON ASUNTOS DE LO M\u00c1S ESCABROSOS, Y TODOS CON VINCULACIONES POL\u00cdTICAS<\/span><\/p>\n<\/blockquote>\n<p class=\"p1\" style=\"text-align: justify;\"><span style=\"font-family: arial, helvetica, sans-serif; font-size: 14pt;\">L\u00e1zaro, en cierta medida, tiene raz\u00f3n. El nombre de Villarejo aparece relacionado con el caso del \u00e1tico de Gonz\u00e1lez; con el caso del peque\u00f1o Francisco Nicol\u00e1s (donde ya ha declarado como testigo); con el \u2018caso Emperador\u2019 (la mafia china con sede en Fuenlabrada), aunque realmente a quien han involucrado en este caso es a su hijo, due\u00f1o de una empresa de ambientadores; con el caso L\u00f3pez Madrid (el financiero y yerno de Villar Mir acusado de acoso sexual a una doctora); e incluso con los famosos informes de la Unidad de Delincuencia Econ\u00f3mica y Fiscal (UDEF) contra el clan Pujol. Villarejo est\u00e1 en todos los saraos, a pesar de sus molestias cr\u00f3nicas de espalda. O al menos hay gente interesada en que aparezca en las principales fiestas. Precisamente \u00e9l, a quien no le gusta bailar.\u00a0<\/span><\/p>\n<p class=\"p1\" style=\"text-align: justify;\"><span style=\"font-family: arial, helvetica, sans-serif; font-size: 14pt;\">Hasta que Villarejo se convirti\u00f3 d\u00eda s\u00ed, d\u00eda tambi\u00e9n, en titular de los medios de comunicaci\u00f3n, estaba adscrito a una reducida unidad de inteligencia que depende del Director Adjunto de la Polic\u00eda Nacional (el DAO), una unidad a la que algunos apodan \u2018La Curia\u2019. Sus \u00faltimas funciones dentro de la Polic\u00eda (como escribi\u00f3 L\u00e1zaro es un comisario sin comisar\u00eda) fueron las de enlace entre la UDEF y el DAO. Antes, durante muchos a\u00f1os, se encarg\u00f3 de combatir el crimen organizado y el terrorismo como agente encubierto (le encantan los caballos, y ha actuado como tratante de equinos en sus operativos). Incluso cuando estuvo de excedencia, sigui\u00f3 trabajando para el Estado como una especie de esp\u00eda. \u201cLe pidieron un favor cuando estaba fuera del Cuerpo, y cumpli\u00f3. Entonces le pidieron otro, y volvi\u00f3 a cumplir. Y encima le encanta viajar\u201d, explica el mismo agente.\u00a0<\/span><\/p>\n<p class=\"p1\" style=\"text-align: justify;\"><span style=\"font-family: arial, helvetica, sans-serif; font-size: 14pt;\">\u201cOficialmente, no existo\u201d, dicen que le gusta decir. Una frase que ya no puede repetir. Una vida como la suya deja enemigos. Y eso, a la larga, se paga. El digital\u00a0<em>El Confidencial<\/em>\u00a0ha publicado una foto de su actual mujer, Gema, una periodista de 43 a\u00f1os. Y el diario\u00a0<em>El Pa\u00eds<\/em>ha revelado con todo lujo de detalles el entramado empresarial creado por Villarejo, su familia y sus socios. Y ha mostrado incluso una imagen suya, tomada en 1995. Aunque su f\u00edsico ha cambiado con el paso de los a\u00f1os,\u00a0<em>El Pa\u00eds<\/em>\u00a0se atrevi\u00f3 as\u00ed a desvelar la mirada y el rostro de lo que para un agente encubierto es sagrado: su identidad f\u00edsica. Seg\u00fan el diario de PRISA, Villarejo ha llegado a manejar 46 empresas en los \u00faltimos 30 a\u00f1os, radicadas en cuatro pa\u00edses (Espa\u00f1a, Uruguay, Estados Unidos y Panam\u00e1), que han acumulado un patrimonio inmobiliario que solamente en nuestro pa\u00eds supera los 14 millones de euros. Estas empresas han ido cambiando de residencia fiscal, de nombre y de actividades con el paso del tiempo, y algunas de ellas, seg\u00fan fuentes solventes, han tenido objetivos muy espec\u00edficos. \u201cEs normal utilizar empresas privadas ajenas a la Polic\u00eda como sociedades pantalla para trabajos delicados\u201d, explican fuentes policiales, como hizo Villarejo para agilizar la investigaci\u00f3n del \u2018caso Malaya\u2019 (s\u00ed, aqu\u00ed tambi\u00e9n aparece Villarejo). No es de extra\u00f1ar, por tanto, que el Ministerio del Interior concluyera hace unas semanas que las actividades empresariales de Villarejo son compatibles con su funci\u00f3n policial y no han supuesto ning\u00fan \u201cmenoscabo\u201d en el cumplimiento de sus deberes. El 11 de marzo, el propio ministro del Interior, el catal\u00e1n Jorge Fern\u00e1ndez D\u00edaz, destac\u00f3 los \u201crelevantes servicios\u201d prestados por Villarejo. Seguramente el ministro estaba pensando en uno de los \u00faltimos: la investigaci\u00f3n sobre la familia Pujol, que ha tambaleado los cimientos del clan m\u00e1s importante de Catalu\u00f1a. Villarejo tiene muchos enemigos, pero tambi\u00e9n muchos amigos.<\/span><\/p>\n<blockquote>\n<p class=\"p1\"><span style=\"font-family: arial, helvetica, sans-serif; font-size: 14pt;\">INCLUSO CUANDO ESTUVO DE EXCEDENCIA, SIGUI\u00d3 TRABAJANDO PARA EL ESTADO COMO UNA ESPECIE DE ESP\u00cdA<\/span><\/p>\n<\/blockquote>\n<p class=\"p1\" style=\"text-align: justify;\"><span style=\"font-family: arial, helvetica, sans-serif; font-size: 14pt;\">El comisario y el CNI no se pueden ni ver. Su enemistad viene de lejos, cuando ambos compet\u00edan con poner en n\u00f3mina al famoso traficante de armas sirio Monzer Al Kassar. La verdad es que Al Kassar acab\u00f3 siendo confidente de Villarejo, con el alias de \u2018Luis\u2019. La relaci\u00f3n entre el sirio y el polic\u00eda cordob\u00e9s fue fruct\u00edfera. Sirvi\u00f3 para desarticular una c\u00e9lula yihadista en Espa\u00f1a y para acabar con el narcotraficante gallego Laureano Oubi\u00f1a. Pero el verdadero enfrentamiento entre Villarejo y el CNI germin\u00f3 en 1995, cuando el diario\u00a0<em>El Mundo<\/em>\u00a0destap\u00f3 el caso de las escuchas ilegales del Cesid (el antecedente del CNI). Entonces el diario\u00a0<em>El Pa\u00eds<\/em>\u00a0acus\u00f3 a Villarejo de filtrar el esc\u00e1ndalo. Las guerras que manten\u00eda el CNI con la Polic\u00eda Nacional por el control de la informaci\u00f3n empezaban a tener a Villarejo en el centro del tablero.<\/span><\/p>\n<p class=\"p1\" style=\"text-align: justify;\"><span style=\"font-family: arial, helvetica, sans-serif; font-size: 14pt;\"><strong>El periodista<\/strong><\/span><br \/>\n<span style=\"font-family: arial, helvetica, sans-serif; font-size: 14pt;\">\u201cMi madre no sabe que soy periodista. Piensa que soy pianista en un burdel\u201d. El dicho, con cierta sorna, pone la profesi\u00f3n period\u00edstica a los pies de los caballos. A Villarejo, en cambio, le gusta la prensa, le gustan los periodistas, sobre todo los que puede controlar. Durante a\u00f1os, fue un \u2018redactor\u2019 m\u00e1s de un importante medio de comunicaci\u00f3n generalista y de una reconocida revista semanal de sucesos. Muchas de las informaciones de estos medios llevan su firma. \u00c9l facilitaba la informaci\u00f3n y otros escrib\u00edan. Ya se sabe, a r\u00edo revuelto, ganancia de periodistas. Y Villarejo es un experto movi\u00e9ndose por los riachuelos del poder y la conspiraci\u00f3n. Mucha gente en la Polic\u00eda sabe que es amigo del periodista Alfonso Rojo. De hecho, en la web que este dirige,\u00a0<em>Periodista Digital<\/em>, Villarejo acaba de publicar una carta contestando el art\u00edculo que le ha dedicado otro reportero.\u00a0<\/span><\/p>\n<p class=\"p1\" style=\"text-align: justify;\"><span style=\"font-family: arial, helvetica, sans-serif; font-size: 14pt;\">Como buen periodista, Villarejo sabe mejor que nadie que la informaci\u00f3n es poder. Por eso hace un par de a\u00f1os decidi\u00f3 crear con sus socios la web\u00a0<em>Informaci\u00f3n Sensible<\/em>\u00a0(IS), donde la mayor\u00eda de las noticias aparecen sin firmar. Descubierta su tapadera medi\u00e1tica, Villarejo ha utilizado esta web para dejar claro que puede disparar con bala. Ha acusado al CNI (su viejo enemigo) de perder dinero destinado a pagar el rescate de Javier Espinosa y Marc Marginedas y de destapar el nombre de una empresa suya creada en Uruguay, una tapadera que ha servido durante a\u00f1os para controlar a la colonia etarra que se refugia en ese pa\u00eds suramericano. Y como buen periodista, el comisario suele grabar discretamente muchas de las conversaciones que mantiene sin que sus interlocutores lo sepan. Para aclarar dudas, un reportaje de\u00a0<em>Informaci\u00f3n<\/em>\u00a0<em>Sensible\u00a0<\/em>ya explic\u00f3 que las grabaciones de una reuni\u00f3n o cita no son ilegales si son realizadas por uno de los participantes de las mismas. Un aviso a navegantes. En la cita con Ignacio Gonz\u00e1lez solo estaban sentados a la mesa el pol\u00edtico madrile\u00f1o, Villarejo y otro mando policial. Si Gonz\u00e1lez no fue\u2026 Tambi\u00e9n se ha hecho p\u00fablica una conversaci\u00f3n telef\u00f3nica grabada entre el empresario Enrique Cerezo y Villarejo. Si Cerezo no fue\u2026 S\u00ed, han acertado, Villarejo graba sus conversaciones telef\u00f3nicas.\u00a0<\/span><\/p>\n<blockquote>\n<p class=\"p1\"><span style=\"font-family: arial, helvetica, sans-serif; font-size: 14pt;\">EN LA CITA CON IGNACIO GONZ\u00c1LEZ SOLO ESTABAN SENTADOS A LA MESA EL POL\u00cdTICO MADRILE\u00d1O, VILLAREJO Y OTRO MANDO POLICIAL. SI GONZ\u00c1LEZ NO FUE\u2026<\/span><\/p>\n<\/blockquote>\n<p class=\"p1\" style=\"text-align: justify;\"><span style=\"font-family: arial, helvetica, sans-serif; font-size: 14pt;\">\u201cEs un tipo inquieto, muy listo, un poco chuleta, muy castizo aunque sea andaluz. Con ese tic caracter\u00edstico que le hace mover un poco el cuello hacia atr\u00e1s\u201d, lo define otro veterano agente que ha tratado mucho con \u00e9l. Y como tipo listo, sab\u00eda que controlar un medio de comunicaci\u00f3n, aunque sea modesto, no era suficiente. En mayo de 2011 naci\u00f3 la Asociaci\u00f3n Transparencia y Justicia, heredera de la Asociaci\u00f3n para la Protecci\u00f3n de los Inversores, una especie de Manos Limpias, pero mucho m\u00e1s discreta, sin p\u00e1gina web, sin cuenta de Twitter ni perfil en Facebook. En sus estatutos, de ocho p\u00e1ginas, enumera los 15 fines que motivaron su creaci\u00f3n, todos con un \u00fanico objetivo: \u201cLuchar contra la corrupci\u00f3n\u201d. De momento se ha personado en el \u2018caso Campe\u00f3n\u2019 (donde se investig\u00f3 al exministro Pepe Blanco), en el \u2018caso Nicolay\u2019 (que investiga las actuaciones del peque\u00f1o Nicol\u00e1s), en el \u2018caso Aguirre\u2019 (su multa de tr\u00e1fico y posterior fuga) y en el \u2018caso Arnaiz\u2019 (un arquitecto muy conocido en Boadilla procesado por fraude fiscal y blanqueo de capitales). Este \u00faltimo es un caso personal para Villarejo, que como buen esp\u00eda que ha sido, controla todo o casi todo lo que ocurre en Boadilla, donde vive desde hace muchos a\u00f1os.\u00a0<\/span><\/p>\n<p class=\"p1\" style=\"text-align: justify;\"><span style=\"font-family: arial, helvetica, sans-serif; font-size: 14pt;\">En Boadilla tuvieron su sede dos agencias de detectives controladas por Villarejo, concretamente en las calles M\u00e1rtires y Convento, muy apropiadas para un agente que perteneci\u00f3 a una unidad que llaman \u2018La Curia\u2019. Boadilla fue el epicentro de la trama G\u00fcrtel, donde Francisco Correa y sus socios hicieron millonarios negocios. Es curioso que mucho antes de que se destapara la trama en febrero de 2009, incluso mucho antes de que la UDEF empezara a investigar a los implicados en noviembre de 2007, la revista semanal muy bien relacionada con Villarejo public\u00f3 en marzo de 2005 un reportaje sobre empresas y sociedades. \u201cLas amistades peligrosas del yerno de Aznar\u201d, se titulaba el art\u00edculo. Algunos de los nombres que aparec\u00edan en \u00e9l fueron luego, cuatro a\u00f1os despu\u00e9s, en 2009, detenidos dentro de la operaci\u00f3n G\u00fcrtel. S\u00ed, han acertado. Villarejo tambi\u00e9n colabor\u00f3 en la investigaci\u00f3n hecha por la UDEF contra esta trama de corrupci\u00f3n. El comisario Villarejo. Polic\u00eda, esp\u00eda, agente encubierto, empresario, periodista, detective, exsindicalista\u2026 y tambi\u00e9n vidente.<\/span><\/p>\n<p><a href=\"https:\/\/puntocritico.com\/ausajpuntocritico\/wp-content\/uploads\/2016\/11\/Mosca_Punto_Cr\u00edtico_40.png\" rel=\"lightbox[15006]\"><img loading=\"lazy\" decoding=\"async\" class=\"aligncenter size-full wp-image-48\" src=\"https:\/\/puntocritico.com\/ausajpuntocritico\/wp-content\/uploads\/2016\/11\/Mosca_Punto_Cr\u00edtico_40.png\" alt=\"\" width=\"50\" height=\"50\" \/><\/a><\/p>\n<h1>\u00a0<\/h1>\n<h1 class=\"pg-headline\" style=\"text-align: center;\"><a id=\"ref12\"><\/a><a href=\"#ref12a\">[12]<\/a> BBVA pag\u00f3 al comisario Villarejo por investigar los nexos de 172 jueces con Ausbanc<\/h1>\n<p>Por Pedro Agueda y Ra\u00fal S\u00e1nchez\u00a0<\/p>\n<p><span style=\"color: #008000;\">Articulo publicado el 22 de noviembre de 2018 en:<\/span><\/p>\n<p><a href=\"https:\/\/www.eldiario.es\/politica\/BBVA-comisario-Villarejo-investigar-Ausbanc_0_838517172.html\" target=\"_blank\" rel=\"noopener\">https:\/\/www.eldiario.es\/politica\/BBVA-comisario-Villarejo-investigar-Ausbanc_0_838517172.html<\/a><\/p>\n<p>&nbsp;<\/p>\n<blockquote>\n<p style=\"text-align: justify;\"><span style=\"color: #008000;\"><strong><em><span style=\"font-size: 14pt;\">El banco presidido por Francisco Gonz\u00e1lez era una de las entidades extorsionadas por la falsa asociaci\u00f3n de consumidores de Luis Pineda<\/span><\/em><\/strong><\/span><\/p>\n<p style=\"text-align: justify;\"><span style=\"color: #008000;\"><strong><em><span style=\"font-size: 14pt;\">Las empresas del polic\u00eda facturaron m\u00e1s de 6 millones de euros al BBVA por distintos conceptos entre febrero de 2012 y abril de 2017<\/span><\/em><\/strong><\/span><\/p>\n<p style=\"text-align: justify;\"><span style=\"font-size: 14pt; color: #008000;\"><em><strong>Ausbanc organizaba cursos remunerados donde asist\u00edan magistrados, algunos de los cuales decid\u00edan sobre las demandas de la asociaci\u00f3n contra bancos<\/strong><\/em><\/span><\/p>\n<\/blockquote>\n<p>&nbsp;<\/p>\n<figure id=\"attachment_15084\" aria-describedby=\"caption-attachment-15084\" style=\"width: 643px\" class=\"wp-caption aligncenter\"><a href=\"https:\/\/puntocritico.com\/ausajpuntocritico\/wp-content\/uploads\/2018\/11\/comisario-villarejo.jpg\" rel=\"lightbox[15006]\"><img loading=\"lazy\" decoding=\"async\" class=\"wp-image-15084 size-full\" src=\"https:\/\/puntocritico.com\/ausajpuntocritico\/wp-content\/uploads\/2018\/11\/comisario-villarejo.jpg\" alt=\"\" width=\"643\" height=\"362\" srcset=\"https:\/\/puntocritico.com\/ausajpuntocritico\/wp-content\/uploads\/2018\/11\/comisario-villarejo.jpg 643w, https:\/\/puntocritico.com\/ausajpuntocritico\/wp-content\/uploads\/2018\/11\/comisario-villarejo-300x169.jpg 300w, https:\/\/puntocritico.com\/ausajpuntocritico\/wp-content\/uploads\/2018\/11\/comisario-villarejo-266x150.jpg 266w\" sizes=\"auto, (max-width: 643px) 100vw, 643px\" \/><\/a><figcaption id=\"caption-attachment-15084\" class=\"wp-caption-text\"><span style=\"color: #008000;\">El excomisario Jos\u00e9 Manuel Villarejo EFE<\/span><\/figcaption><\/figure>\n<p>&nbsp;<\/p>\n<p class=\"mce\" style=\"text-align: justify;\"><span style=\"font-size: 14pt;\">El BBVA recurri\u00f3 al comisario Villarejo para acabar con el chantaje al que le somet\u00eda Ausbanc, la falsa asociaci\u00f3n de consumidores de Luis Pineda, en prisi\u00f3n desde abril de 2016. El banco que\u00a0preside\u00a0Francisco Gonz\u00e1lez pag\u00f3 algo m\u00e1s de cinco millones de euros entre enero de 2012 y abril de 2017 a las empresas del comisario Jos\u00e9 Manuel Villarejo.\u00a0Los trabajos quedan reflejados en facturas con denominaciones gen\u00e9ricas y que no responden a uno de los principales encargos que recibi\u00f3 el polic\u00eda acusado hoy de liderar una organizaci\u00f3n criminal: investigar a Ausbanc.<\/span><\/p>\n<p class=\"mce\" style=\"text-align: justify;\"><span style=\"font-size: 14pt;\">La investigaci\u00f3n que desarroll\u00f3 el comisario Villarejo, en servicio activo en la Polic\u00eda cuando se realizaron la mayor\u00eda de esos trabajos, deriv\u00f3 en la elaboraci\u00f3n de un listado de jueces a los que clasific\u00f3 en tres apartados: los que acud\u00edan a las conferencias remuneradas de Ausbanc, aquellos que interven\u00edan en demandas de la organizaci\u00f3n de consumidores a los principales bancos y otra para los togados que hab\u00edan fallado a favor de la falsa asociaci\u00f3n de consumidores. En total, 172 magistrados a los que Villarejo y sus colaboradores incluyeron en sus informes para el BBVA, seg\u00fan una extensa documentaci\u00f3n a la que ha tenido acceso eldiario.es.<\/span><\/p>\n<section id=\"edi-ad-slot-intext\" class=\"md-advertisement md hspace no-adv-socios\" role=\"marquee\" data-google-query-id=\"CIG8q8zG794CFUuk7QodqdICLw\">\n<div id=\"google_ads_iframe_\/123333327\/eldiario.es\/noticia_intext_0__container__\" style=\"text-align: justify;\"><span style=\"font-size: 14pt;\">La investigaci\u00f3n de Villarejo sobre Luis Pineda fue sistem\u00e1tica y dur\u00f3 m\u00e1s de tres a\u00f1os: de 2010 a 2013. En ese tiempo acumul\u00f3 m\u00e1s de medio giga de informaci\u00f3n en cerca de 800 archivos inform\u00e1ticos, entre notas del registro mercantil, fotograf\u00edas a las propiedades del presidente de Ausbanc o bases de datos de jueces. El comisario hoy encarcelado desmenuz\u00f3 toda la estructura de esta falsa asociaci\u00f3n de consumidores: sus contactos pol\u00edticos, sus subvenciones p\u00fablicas, sus propiedades, sus ingresos, la familia de Pineda, sus marcas, sus negocios en el extranjero&#8230; El rastro del comisario en ese trabajo de investigaci\u00f3n sobre Ausbanc es bastante amplio. El nombre de una de sus empresas, Cenyt, aparece en los metadatos de algunos de estos archivos. Tambi\u00e9n figura otra de sus sociedades, Stuart and Mckenzie, en distintas peticiones de informaci\u00f3n al registro de la propiedad sobre inmuebles propiedad de Luis Pineda o sus empresas.<\/span><\/div>\n<\/section>\n<p class=\"mce\" style=\"text-align: justify;\"><span style=\"font-size: 14pt;\">Las facturas en la contabilidad del grupo empresarial de Villarejo al BBVA van desde la m\u00e1s peque\u00f1a, de 2.800 euros por la \u201cimpartici\u00f3n de sesi\u00f3n de trabajo en grupo: Weather the Weather\u201d, hasta los 2.577.661,70 euros que Cenyt le factura al banco\u00a0el 17 de febrero de 2014 como una \u201cprima de \u00e9xito\u201d, pactada en febrero de 2010. Entre la documentaci\u00f3n a la que ha tenido acceso esta redacci\u00f3n aparece un informe fechado dos meses despu\u00e9s de este abultado bonus, en abril de 2013, de m\u00e1s de doscientas p\u00e1ginas, sobre la actividad de Ausbanc, Luis Pineda y el resto de los responsables de la asociaci\u00f3n, detenidos e imputados tres a\u00f1os m\u00e1s tarde en el marco de la\u00a0<a class=\"mce\" href=\"https:\/\/www.eldiario.es\/politica\/Prision-Ausbanc-Manos-Limpias-organizacion_0_506750144.html\" target=\"_blank\" rel=\"noopener\">\u00a0Operaci\u00f3n Nelson<\/a>.<\/span><\/p>\n<p class=\"mce\"><iframe loading=\"lazy\" id=\"doc_19075\" class=\"scribd_iframe_embed\" title=\"BBVA pag\u00f3 al comisario Villarejo por investigar los nexos de 172 jueces con Ausbanc\" src=\"https:\/\/www.scribd.com\/embeds\/393932580\/content?start_page=1&amp;view_mode=scroll&amp;access_key=key-HxRdPh9KYAEuAo3RvTo0&amp;show_recommendations=true\" width=\"100%\" height=\"857\" frameborder=\"0\" scrolling=\"no\" data-auto-height=\"false\" data-aspect-ratio=\"0.7080062794348508\" data-mce-fragment=\"1\"><\/iframe><\/p>\n<p class=\"mce\" style=\"text-align: justify;\"><span style=\"font-size: 14pt;\">Consultado por el trabajo sobre Ausbanc y el resto de pagos, la entidad que preside en la actualidad Francisco Gonz\u00e1lez\u00a0se ha limitado a contestar que una empresa de Villarejo\u00a0\u201cha sido proveedor del \u00e1rea de seguridad del banco para servicios de asesor\u00eda en materia de seguridad, y de protecci\u00f3n de los activos y personas de la entidad\u201d. \u201cTodos los contratos, de manera expresa, citaban la obligatoriedad del cumplimiento de la legislaci\u00f3n\u00bb, a\u00f1ade un portavoz de la entidad.<\/span><\/p>\n<p class=\"mce\" style=\"text-align: justify;\"><span style=\"font-size: 14pt;\"><a class=\"mce\" href=\"https:\/\/www.eldiario.es\/politica\/Audiencia-Nacional-Bernard-Negrete-Ausbanc_0_798970428.html\" target=\"_blank\" rel=\"noopener\">El juez Santiago Pedraz dict\u00f3 el pasado agosto auto de apertura de juicio oral<\/a>\u00a0contra Pineda y el resto de los acusados. Para el presidente de la asociaci\u00f3n, la Fiscal\u00eda de la Audiencia Nacional pide 118 a\u00f1os de c\u00e1rcel por liderar una organizaci\u00f3n criminal, 16 delitos continuados de extorsi\u00f3n, cuatro de extorsi\u00f3n, siete de extorsi\u00f3n en grado de tentativa, delito de estafa, contra la Hacienda P\u00fablica y blanqueo de capitales.<\/span><\/p>\n<p class=\"mce\" style=\"text-align: justify;\"><span style=\"font-size: 14pt;\">La Fiscal\u00eda describe la actividad de Pineda al frente de Ausbanc, consistente en amenazar a los bancos con lanzar campa\u00f1as de publicidad para desprestigiarles si no aceptaban sus peticiones econ\u00f3micas, que se materializaban a trav\u00e9s de pagos desorbitados en concepto de publicidad en unas revistas que apenas nadie le\u00eda. La investigaci\u00f3n cifra en\u00a0<a class=\"mce\" href=\"https:\/\/www.eldiario.es\/economia\/Ausbanc-recaudo-millones-extorsion-decada_0_519698037.html\" target=\"_blank\" rel=\"noopener\">39 millones de euros los ingresos que logr\u00f3 Pineda a trav\u00e9s del chantaje que practic\u00f3 durante diez a\u00f1os<\/a>.<\/span><\/p>\n<p class=\"mce\" style=\"text-align: justify;\"><span style=\"font-size: 14pt;\">La investigaci\u00f3n judicial a Ausbanc arranca un a\u00f1o despu\u00e9s de que Villarejo elaborase su dossier para el BBVA. Ocurre el 2 de febrero de 2014 cuando la UDEF de la Polic\u00eda recibi\u00f3 una \u00abdenuncia an\u00f3nima\u00bb describiendo las actividades il\u00edcitas de Pineda, seg\u00fan consta en el primer informe policial incorporado al sumario. Quince d\u00edas despu\u00e9s de la presentaci\u00f3n de esa denuncia an\u00f3nima, Villarejo ingres\u00f3 la factura r\u00e9cord dentro de su relaci\u00f3n con el BBVA, los 2.577.661,70 euros de la \u00abprima de \u00e9xito\u00bb por el contrato firmado cuatro a\u00f1os antes. \u00abLiquidaci\u00f3n final\u00bb, recoge la factura.\u00a0<\/span><\/p>\n<p class=\"mce\" style=\"text-align: justify;\"><span style=\"font-size: 14pt;\">El entonces fiscal jefe de Delitos Econ\u00f3micos en la Audiencia Nacional, Daniel Campos, present\u00f3 una querella el 10 de noviembre de 2015 con los avances en la investigaci\u00f3n que hab\u00eda originado la denuncia an\u00f3nima ante la UDEF. El BBVA colabor\u00f3 activamente en la investigaci\u00f3n judicial que se abri\u00f3 en la Audiencia Nacional, posterior a los encargos que realiz\u00f3 Villarejo, seg\u00fan fuentes del caso.<\/span><\/p>\n<h3 style=\"text-align: justify;\"><span style=\"font-size: 14pt;\">Jueces \u00abfavorables\u00bb y banqueros \u00abdesfavorables\u00bb<\/span><\/h3>\n<p class=\"mce\" style=\"text-align: justify;\"><span style=\"font-size: 14pt;\">En otro de los documentos a los que ha tenido acceso esta redacci\u00f3n se analiza una de las publicaciones de Pineda, la revista Mercado de Dinero, y se concluye que hay contactos \u201cfavorables\u201d y \u201cdesfavorables\u201d a Ausbanc. Ah\u00ed aparecen desde jueces, incluido un presidente de un Tribunal Superior de Justicia porque en junio de 2013 inaugur\u00f3 un foro jur\u00eddico sobre transparencia bancaria que patrocinaba Ausbanc Empresas. Lo mismo se atribuye a dos presidentes de audiencias provinciales.<\/span><\/p>\n<p class=\"mce\" style=\"text-align: justify;\"><span style=\"font-size: 14pt;\">En los contactos \u201cdesfavorables\u201d a Luis Pineda figuran el presidente del BBVA, Francisco Gonz\u00e1lez, y Miguel Blesa, expresidente de Caja Madrid que tambi\u00e9n se neg\u00f3 a ceder al chantaje de Ausbanc. Manos Limpias pidi\u00f3 prisi\u00f3n sin fianza para Blesa en una de las causas contra el fallecido banquero que finalmente fue archivada. En aquella causa ejerci\u00f3 la representaci\u00f3n letrada de Manos Limpias el propio Pineda.<\/span><\/p>\n<p class=\"mce\" style=\"text-align: justify;\"><span style=\"font-size: 14pt;\">Los documentos que guardaba Villarejo apuntan a que el comisario comenz\u00f3 investigando a Ausbanc y as\u00ed lleg\u00f3 a realizar el trabajo sobre los jueces. A los que asistieron a conferencias pagadas de la asociaci\u00f3n entre marzo de 2010 y julio de 2013 los divide entre los que fueron a unos actos u otros, si estuvieron anunciados, pero no fueron y los que finalmente participaron. Tambi\u00e9n dedica un apartado a si hab\u00edan recibido elogios en las revistas que utilizaba Pineda para su presunta extorsi\u00f3n. Este documento se llama \u201cRelaciones con la judicatura\u201d.<\/span><\/p>\n<p class=\"mce\" style=\"text-align: justify;\"><span style=\"font-size: 14pt;\">El entramado de Pineda era una m\u00e1quina de poner querellas. El principal acusado ten\u00eda una terminal en el sindicato ultra Manos Limpias, que dirig\u00eda Miguel Bernad, quien tambi\u00e9n se sentar\u00e1 en el banquillo. Pero las querellas contra los bancos estaban reservadas a la asociaci\u00f3n de consumidores.<\/span><\/p>\n<h1 style=\"text-align: justify;\"><span style=\"font-size: 14pt;\">Los trabajos de Villarejo permiten localizar en un segundo documento\u00a0Excel<\/span><\/h1>\n<p class=\"mce\" style=\"text-align: justify;\"><span style=\"font-size: 14pt;\">a 32 jueces o tribunales que fallaron a favor de las mismas y que el comisario y sus colaboradores plasmaron en otro documento que distingu\u00eda entre casos de \u201cpermutas y clips\u201d, \u201cpreferentes\u201d y \u201cclausulas suelo\u201d. Esos 54 jueces fallaron sobre causas que afectaban a casi todos los bancos y cajas en juzgados de toda Espa\u00f1a. Un tercer documento cita 300 querellas, contra qu\u00e9 banco se interpusieron y que tribunal o juez penal fall\u00f3.<\/span><\/p>\n<h3 style=\"text-align: justify;\"><span style=\"font-size: 14pt;\">M\u00e1s de 6 millones, con IVA<\/span><\/h3>\n<p class=\"mce\" style=\"text-align: justify;\"><span style=\"font-size: 14pt;\">La cifra total de trabajos pagados por el BBVA a las empresas de Villarejo es de 5.058.099,38 euros sin IVA y 6.109.388,23 euros con IVA. Adem\u00e1s del pago de m\u00e1s de 2 millones hay otros muy relevantes. El primero de los que aparecen en la citada contabilidad es de febrero de 2012, asciende a 767.000 euros (con IVA) y corresponde a \u201cservicios profesionales de localizaci\u00f3n de bienes y estructuras patrimoniales paralelas al proyecto denominado King\u201d.<\/span><\/p>\n<p class=\"mce\" style=\"text-align: justify;\"><span style=\"font-size: 14pt;\">El proyecto King da nombre a la pieza principal del\u00a0<a class=\"mce\" href=\"https:\/\/www.eldiario.es\/politica\/Cuatrocientos-dosieres-comisario-Villarejo-empresarial_0_824168031.html\" target=\"_blank\" rel=\"noopener\">caso Villarejo<\/a>, que investiga el encargo para desprestigiar a uno de los hijos de Teodoro Obiang, el dictador guineano, de parte de otro de sus hijos. Ni la fecha de la factura, febrero de 2012, ni la entidad que paga, el BBVA, coinciden con la investigaci\u00f3n de la Audiencia Nacional. El BBVA contest\u00f3 a elindependiente.com, el medio que desvel\u00f3 la facturaci\u00f3n de Villarejo al BBVA, que esa factura responde en realidad a \u201cservicios prestados de investigaci\u00f3n sobre la solvencia patrimonial de una empresa espa\u00f1ola deudora del banco\u201d.<\/span><\/p>\n<p class=\"mce\" style=\"text-align: justify;\"><span style=\"font-size: 14pt;\">El comisario Jos\u00e9 Manuel Villarejo P\u00e9rez fue detenido el 3 de noviembre de 2017. Est\u00e1 en prisi\u00f3n provisional por organizaci\u00f3n criminal, blanqueo de capitales, extorsi\u00f3n y revelaci\u00f3n de secretos, entre otros delitos. La investigaci\u00f3n le muestra como el l\u00edder absoluto de una banda dedicada a fabricar informes para clientes de la \u00e9lite empresarial y pol\u00edtica en contra de sus enemigos. Para ello se serv\u00eda de su condici\u00f3n de funcionario p\u00fablico, lo que le permit\u00eda de primera mano o con colaboraci\u00f3n de otros polic\u00edas, tener acceso a informaci\u00f3n reservada.<\/span><\/p>\n<p class=\"mce\" style=\"text-align: justify;\"><span style=\"font-size: 14pt;\">De las 22 facturas en poder de eldiario.es, Villarejo gir\u00f3 14 de ellas siendo funcionario p\u00fablico. La \u00faltima, del 1 de agosto de 2016, tres d\u00edas antes de su jubilaci\u00f3n por 60.500 euros. El concepto es \u201chonorarios por servicios profesionales correspondientes al mes de julio\u201d, de acuerdo a un contrato firmado ese mismo mes. Ese concepto se repite un total de diez ocasiones. La \u00faltima es de 4 de abril de 2017, siete meses antes de ser detenido.<\/span><\/p>\n<p><a href=\"https:\/\/puntocritico.com\/ausajpuntocritico\/wp-content\/uploads\/2016\/11\/Mosca_Punto_Cr\u00edtico_40.png\" rel=\"lightbox[15006]\"><img loading=\"lazy\" decoding=\"async\" class=\"size-full wp-image-48 aligncenter\" src=\"https:\/\/puntocritico.com\/ausajpuntocritico\/wp-content\/uploads\/2016\/11\/Mosca_Punto_Cr\u00edtico_40.png\" alt=\"\" width=\"50\" height=\"50\" \/><\/a><\/p>\n<p>&nbsp;<\/p>\n<h1 class=\"pg-headline\" style=\"text-align: center;\"><a id=\"ref13\"><\/a><a href=\"#ref13a\">[13]<\/a> La Teor\u00eda Adolfo Su\u00e1rez-Manuel Marchena<\/h1>\n<p><span style=\"font-size: 14pt;\">Por Antonio Franco\u00a0<\/span><\/p>\n<p><span style=\"color: #008000;\">Articulo publicado el 23 de noviembre de 2018 en:\u00a0<\/span><\/p>\n<p><a href=\"https:\/\/www.eldiario.es\/zonacritica\/Teoria-Adolfo-Suarez-Manuel-Marchena_6_838926130.html\" target=\"_blank\" rel=\"noopener\">https:\/\/www.eldiario.es\/zonacritica\/Teoria-Adolfo-Suarez-Manuel-Marchena_6_838926130.html<\/a><\/p>\n<p>&nbsp;<\/p>\n<blockquote>\n<p style=\"text-align: justify;\"><span style=\"color: #008000; font-size: 14pt;\"><em><strong>Hay cosas delicadas y dif\u00edciles que \u00fanicamente pueden hacerlas desde dentro de los lodazales los hombres y mujeres que son madera de la misma cu\u00f1a de lo que debe cambiarse<\/strong><\/em><\/span><\/p>\n<p style=\"text-align: justify;\"><span style=\"color: #008000; font-size: 14pt;\"><em><strong>\u00bfDe qu\u00e9 estoy hablando? De qui\u00e9n le puede poner el cascabel de la No-Rebeli\u00f3n al gato<\/strong><\/em><\/span><\/p>\n<\/blockquote>\n<p>&nbsp;<\/p>\n<figure id=\"attachment_15086\" aria-describedby=\"caption-attachment-15086\" style=\"width: 643px\" class=\"wp-caption aligncenter\"><a href=\"https:\/\/puntocritico.com\/ausajpuntocritico\/wp-content\/uploads\/2018\/11\/marchena-EFE.jpg\" rel=\"lightbox[15006]\"><img loading=\"lazy\" decoding=\"async\" class=\"wp-image-15086 size-full\" src=\"https:\/\/puntocritico.com\/ausajpuntocritico\/wp-content\/uploads\/2018\/11\/marchena-EFE.jpg\" alt=\"\" width=\"643\" height=\"362\" srcset=\"https:\/\/puntocritico.com\/ausajpuntocritico\/wp-content\/uploads\/2018\/11\/marchena-EFE.jpg 643w, https:\/\/puntocritico.com\/ausajpuntocritico\/wp-content\/uploads\/2018\/11\/marchena-EFE-300x169.jpg 300w, https:\/\/puntocritico.com\/ausajpuntocritico\/wp-content\/uploads\/2018\/11\/marchena-EFE-266x150.jpg 266w\" sizes=\"auto, (max-width: 643px) 100vw, 643px\" \/><\/a><figcaption id=\"caption-attachment-15086\" class=\"wp-caption-text\"><span style=\"color: #008000;\">Marchena &#8211; EFE<\/span><\/figcaption><\/figure>\n<p class=\"mce\" style=\"text-align: justify;\"><span style=\"font-size: 14pt;\">A veces conviene repasar la Historia.\u00a0<strong class=\"mce\">Adolfo Su\u00e1rez<\/strong>\u00a0fue cuidadosamente seleccionado para traicionar la herencia pol\u00edtica de Franco en su calidad de Secretario General del Movimiento. Era un Tiempo de Ciegos y Miopes. Ha pasado a la posteridad\u00a0<strong class=\"mce\">Ricardo de la Cierva<\/strong>, que viv\u00eda de analizar, por su capacidad de perspectiva en su famosa frase\u00a0<em class=\"mce\">\u00abQu\u00e9 error, qu\u00e9 inmenso error\u00bb<\/em>\u00a0pretender que fuese\u00a0<strong class=\"mce\">Su\u00e1rez<\/strong>quien encarrilase una transici\u00f3n. Desde la bancada de la prensa tambi\u00e9n dio la nota mi querid\u00edsimo\u00a0<em class=\"mce\">Cuadernos para el Di\u00e1logo<\/em>\u00a0que acu\u00f1\u00f3 el t\u00edtulo de portada m\u00e1s compartido por la progres\u00eda de la \u00e9poca:\u00a0<em class=\"mce\">\u00abEl apag\u00f3n\u00bb.\u00a0<\/em>Para la revista Su\u00e1rez era el\u00a0<em class=\"mce\">apaga y v\u00e1monos<\/em>\u00a0a cualquier esperanza de apertura.<\/span><\/p>\n<p class=\"mce\" style=\"text-align: justify;\"><span style=\"font-size: 14pt;\">Los posibilistas confiaban en que el elegido ser\u00eda\u00a0<strong class=\"mce\">Jos\u00e9 Mar\u00eda de Areilza<\/strong>, a quien el mu\u00f1idor de la jugada,\u00a0<strong class=\"mce\">Torcuato Fern\u00e1ndez-Miranda<\/strong>, todav\u00eda m\u00e1s ortodoxo que\u00a0<strong class=\"mce\">Su\u00e1rez\u00a0<\/strong>encarnando al franquismo del Movimiento Nacional, ni siquiera incluy\u00f3 en la terna de candidatos a la presidencia del Gobierno que le present\u00f3 al Rey. Los otros dos nombres, recu\u00e9rdenlo, eran el ultracristiano no dem\u00f3crata\u00a0<strong class=\"mce\">Federico Silva Mu\u00f1oz<\/strong>\u00a0(que luego se hizo prudentemente invisible cuando se investig\u00f3 la trama civil del golpe del 23-F), y<strong class=\"mce\">Gregorio L\u00f3pez Bravo<\/strong>, opusdeista, algo as\u00ed como la extrema izquierda de la extrema derecha. Siguiendo con las miop\u00edas, a quien m\u00e1s le gust\u00f3 el primer discurso presidencial de\u00a0<strong class=\"mce\">Adolfo Su\u00e1rez<\/strong>\u00a0fue al editorialista del diario<em class=\"mce\">El Alc\u00e1zar<\/em>, que titul\u00f3 su texto\u00a0<em class=\"mce\">\u00abLealtad y Continuidad\u00bb.<\/em><\/span><\/p>\n<section id=\"edi-ad-slot-intext\" class=\"md-advertisement md hspace no-adv-socios\" role=\"marquee\" data-google-query-id=\"CPCB2avJ794CFckQGwodAVII3A\">\n<div id=\"google_ads_iframe_\/123333327\/eldiario.es\/noticia_intext_0__container__\" style=\"text-align: justify;\"><span style=\"font-size: 14pt;\">Muchos reconocemos ahora, desde la frialdad que proporciona la distancia, que si\u00a0<strong class=\"mce\">Areilza\u00a0<\/strong>hubiese sido el elegido para la presidencia del Gobierno todo habr\u00eda ido mucho peor. Hay cosas delicadas y dif\u00edciles que \u00fanicamente pueden hacerlas desde dentro de los lodazales los hombres y mujeres que son madera de la misma cu\u00f1a de lo que debe cambiarse. Hay maniobras s\u00f3lo ejecutables por los no sospechosos de poderlas hacer, por quienes no van a ser acusados -y zancadilleados- por los suyos hasta que han cumplido la misi\u00f3n.<\/span><\/div>\n<\/section>\n<p class=\"mce\" style=\"text-align: justify;\"><span style=\"font-size: 14pt;\">\u00bfDe qu\u00e9 estoy hablando? De qui\u00e9n le puede poner el cascabel de la No-Rebeli\u00f3n al gato.<\/span><\/p>\n<p class=\"mce\" style=\"text-align: justify;\"><span style=\"font-size: 14pt;\"><strong class=\"mce\">Lo que seguro que tiene presente\u00a0Manuel Marchena:<\/strong><\/span><\/p>\n<p class=\"mce\" style=\"text-align: justify;\"><span style=\"font-size: 14pt;\">1.- La justicia internacional desacreditar\u00e1 masiva y llamativamente a la justicia espa\u00f1ola si la condena a los independentistas es por rebeli\u00f3n. En realidad, ya ha avisado. Y lo que decida el tribunal ser\u00e1 luego analizado con lupa y bendecido o repudiado por las altas instancias mundiales de casaci\u00f3n.<\/span><\/p>\n<p class=\"mce\" style=\"text-align: justify;\"><span style=\"font-size: 14pt;\">2.- Eso se producir\u00e1 en un momento en que la c\u00fapula de justicia espa\u00f1ola, heredada esencialmente del franquismo, atraviesa el peor momento de su historia, despreciada por un ampl\u00edsimo sector de la opini\u00f3n p\u00fablica -posiblemente mayoritario en t\u00e9rminos cuantitativos- despu\u00e9s de los descarados producidos en torno a la composici\u00f3n del Consejo General del Poder Judicial, del Tribunal Supremo y de la Sala que debe juzgar a los independentistas.<\/span><\/p>\n<p class=\"mce\" style=\"text-align: justify;\"><span style=\"font-size: 14pt;\">3.- Crea o no crea la c\u00fapula judicial espa\u00f1ola en la separaci\u00f3n de poderes, pesa\u00a0 mucho la convicci\u00f3n del Gobierno espa\u00f1ol de que lo de Catalunya es sustancialmente un problema pol\u00edtico m\u00e1s que judicial, y pesa mucho asimismo su tesis de que los hechos del a\u00f1o pasado no encajan con la definici\u00f3n legal que tiene en este pa\u00eds el delito de rebeli\u00f3n.<\/span><\/p>\n<p class=\"mce\" style=\"text-align: justify;\"><span style=\"font-size: 14pt;\">4.- S\u00ed que ha empezado una rebeli\u00f3n real, aunque en el sentido conceptual y no t\u00e9cnico de la palabra, que adem\u00e1s va a ir a m\u00e1s. Centenares de catedr\u00e1ticos y profesores de Derecho Penal de universidades no catalanas (las informaciones ya aluden a Castilla-La Mancha, Galicia, Andaluc\u00eda y Valencia) recogen firmas cualificadas que suscriben la tesis de que es un error considerar rebeli\u00f3n o sedici\u00f3n lo que va a juzgarse porque no hubo ni el preceptivo alzamiento p\u00fablico y violento y porque no se plante\u00f3 el uso de armas de guerra o explosivos para destruir el orden constitucional.<\/span><\/p>\n<p class=\"mce\" style=\"text-align: justify;\"><span style=\"font-size: 14pt;\"><strong class=\"mce\">Lo que no es seguro que tenga presente Marchena:<\/strong><\/span><\/p>\n<p class=\"mce\" style=\"text-align: justify;\"><span style=\"font-size: 14pt;\">A) El Partido Popular, que le ha aupado hasta sus altas responsabilidades, va a la baja en todas las previsiones preelectorales de cara al futuro inmediato.<\/span><\/p>\n<p class=\"mce\" style=\"text-align: justify;\"><span style=\"font-size: 14pt;\">B) La capacidad decisoria del PP para imponer a partir de ahora sus nombres y criterios en el inevitable reordenamiento que se producir\u00e1 m\u00e1s pronto que tarde en la estructura judicial espa\u00f1ola tambi\u00e9n va a la baja. Eso comportar\u00e1 l\u00f3gicamente decisiones sobre futuros personales, carreras y cargos y sueldos y tarjetas de cr\u00e9dito. Y puede abrirse el mel\u00f3n de las exigencias de responsabilidades si la justicia internacional estima que se han producido irregularidades, prevaricaciones, contaminaciones u otras anomal\u00edas delictivas. En definitiva, ese futuro judicial puede vivirse quiz\u00e1s en paz o quiz\u00e1s en guerra.<\/span><\/p>\n<p class=\"mce\" style=\"text-align: justify;\"><span style=\"font-size: 14pt;\">C)<strong class=\"mce\">\u00a0Manuel Marchena<\/strong>\u00a0tiene hasta ahora un amplio prestigio de alta capacidad y calidad jur\u00eddica. Se lo reconocen incluso por quienes le consideran ideol\u00f3gicamente adscrito a la Espa\u00f1a ultraconservadora en la que ya no quieren vivir las nuevas y amplias capas emergentes y din\u00e1micas de este pa\u00eds.<\/span><\/p>\n<p class=\"mce\" style=\"text-align: justify;\"><span style=\"font-size: 14pt;\">D) De su coherencia, de su sentido de la independencia \u00edntima, de su comprensi\u00f3n de que los grandes problemas de un Estado deben resolverse a trav\u00e9s de grandes soluciones pol\u00edticas, de su patriotismo a la hora de analizar si conviene sustituir el \u00abEspa\u00f1a es diferente\u00bb democr\u00e1tica y judicialmente hablando de cara a los pr\u00f3ximos a\u00f1os, tiene que tomar una gran decisi\u00f3n. Necesita valent\u00eda. A\u00a0<strong class=\"mce\">Adolfo Su\u00e1rez<\/strong>\u00a0no le fueron muy bien las cosas despu\u00e9s de cumplir con su obligaci\u00f3n, pero a medida que pasan las d\u00e9cadas se reconoce de forma casi un\u00e1nime que en el momento m\u00e1s dif\u00edcil fue grande y ejemplar pese al lastre de proceder del ominoso Movimiento.<\/span><\/p>\n<p><a href=\"https:\/\/puntocritico.com\/ausajpuntocritico\/wp-content\/uploads\/2016\/11\/Mosca_Punto_Cr\u00edtico_40.png\" rel=\"lightbox[15006]\"><img loading=\"lazy\" decoding=\"async\" class=\"aligncenter wp-image-48 size-full\" src=\"https:\/\/puntocritico.com\/ausajpuntocritico\/wp-content\/uploads\/2016\/11\/Mosca_Punto_Cr\u00edtico_40.png\" alt=\"\" width=\"50\" height=\"50\" \/><\/a><\/p>\n<h1>\u00a0<\/h1>\n<h1 class=\"pg-headline\" style=\"text-align: center;\"><a id=\"ref14a\"><\/a><a href=\"#ref14\">[14]<\/a> Un juzgado condena al Santander a abonar el impuesto de hipotecas de forma retroactiva<\/h1>\n<p>Por Redacci\u00f3n Economia ElDiario.es<\/p>\n<p><span style=\"color: #008000;\">Articulo publicado el\u00a0 20 de noviembre de 2018 en:\u00a0<\/span><\/p>\n<p><a href=\"https:\/\/www.eldiario.es\/economia\/juzgado-Santander-impuesto-hipotecas-retroactiva_0_837816757.html\" target=\"_blank\" rel=\"noopener\">https:\/\/www.eldiario.es\/economia\/juzgado-Santander-impuesto-hipotecas-retroactiva_0_837816757.html<\/a><\/p>\n<p>&nbsp;<\/p>\n<blockquote>\n<p style=\"text-align: justify;\"><span style=\"color: #008000; font-size: 14pt;\"><em><strong>El Juzgado de Primera Instancia 18bis de M\u00e1laga sentencia que debe recaer en la entidad prestamista porque la disposici\u00f3n del Gobierno \u00abresuelve una laguna interpretativa\u00bb y, por tanto, y en cuanto tal, es \u00abt\u00e1citamente retroactiva\u00bb<\/strong><\/em><\/span><\/p>\n<p>&nbsp;<\/p>\n<\/blockquote>\n<figure id=\"attachment_15088\" aria-describedby=\"caption-attachment-15088\" style=\"width: 643px\" class=\"wp-caption aligncenter\"><a href=\"https:\/\/puntocritico.com\/ausajpuntocritico\/wp-content\/uploads\/2018\/11\/Santander-obligaciones-hipotecarios_.jpg\" rel=\"lightbox[15006]\"><img loading=\"lazy\" decoding=\"async\" class=\"wp-image-15088 size-full\" src=\"https:\/\/puntocritico.com\/ausajpuntocritico\/wp-content\/uploads\/2018\/11\/Santander-obligaciones-hipotecarios_.jpg\" alt=\"\" width=\"643\" height=\"362\" srcset=\"https:\/\/puntocritico.com\/ausajpuntocritico\/wp-content\/uploads\/2018\/11\/Santander-obligaciones-hipotecarios_.jpg 643w, https:\/\/puntocritico.com\/ausajpuntocritico\/wp-content\/uploads\/2018\/11\/Santander-obligaciones-hipotecarios_-300x169.jpg 300w, https:\/\/puntocritico.com\/ausajpuntocritico\/wp-content\/uploads\/2018\/11\/Santander-obligaciones-hipotecarios_-266x150.jpg 266w\" sizes=\"auto, (max-width: 643px) 100vw, 643px\" \/><\/a><figcaption id=\"caption-attachment-15088\" class=\"wp-caption-text\"><span style=\"color: #008000;\">Un juzgado condena al Santander a abonar el impuesto de hipotecas de forma retroactiva<\/span><\/figcaption><\/figure>\n<p>&nbsp;<\/p>\n<p class=\"mce\" style=\"text-align: justify;\"><span class=\"mce\" style=\"font-size: 14pt;\">Un juzgado de M\u00e1laga ha dictado una sentencia en la que condena al Banco Santander a abonar 1.990,31 euros por los gastos de notar\u00eda, registro, gestor\u00eda e impuesto de actos jur\u00eddicos documentados al declarar nula la cl\u00e1usula financiera incluida en un pr\u00e9stamo hipotecario de junio de 2014, seg\u00fan informa EFE.<\/span><\/p>\n<p class=\"mce\" style=\"text-align: justify;\"><span class=\"mce\" style=\"font-size: 14pt;\">En la sentencia, dictada el pasado 12 de noviembre por el Juzgado de Primera Instancia 18bis de M\u00e1laga y contra la que cabe recurso de apelaci\u00f3n, se se\u00f1ala que el pago del impuesto de actos jur\u00eddicos documentados debe recaer en la entidad prestamista porque la disposici\u00f3n del Gobierno \u00abresuelve una laguna interpretativa\u00bb y, por tanto, y en cuanto tal, es \u00abt\u00e1citamente retroactiva\u00bb.<\/span><\/p>\n<section id=\"edi-ad-slot-intext\" class=\"md-advertisement md hspace no-adv-socios\" role=\"marquee\" data-google-query-id=\"CIOX567M794CFYX57Qod4t8N0w\">\n<div id=\"google_ads_iframe_\/123333327\/eldiario.es\/noticia_intext_0__container__\"><span style=\"font-size: 14pt;\">El presidente del Gobierno,\u00a0Pedro S\u00e1nchez, anunci\u00f3 el pasado 7 de noviembre que se modificaba\u00a0la ley a trav\u00e9s de un decreto para que \u00abnunca m\u00e1s\u00bb los clientes tengan que pagar el impuesto de las hipotecas y que se hagan cargo las entidades financieras.\u00a0<\/span><\/div>\n<\/section>\n<p class=\"mce\" style=\"text-align: justify;\"><span style=\"font-size: 14pt;\">El Bolet\u00edn Oficial del Estado (BOE) public\u00f3\u00a0el 9 de noviembre\u00a0el real decreto ley aprobado el jueves por el Consejo de Ministros para modificar las leyes que regulan el impuesto sobre actos jur\u00eddicos documentados y el impuesto de sociedades.<\/span><\/p>\n<p class=\"mce\" style=\"text-align: justify;\"><span style=\"font-size: 14pt;\">El tribunal argumenta que se puede hablar de retroactividad t\u00e1cita ante \u00ablas normas interpretativas, las complementarias, de desarrollo o ejecutivas, las que suplan lagunas, las procesales y, en general, las que pretendan eliminar situaciones pasadas incompatibles con los fines jur\u00eddicos que persiguen las nuevas disposiciones, pues de otro modo no cumplir\u00edan su objetivo\u00bb.<\/span><\/p>\n<p class=\"mce\" style=\"text-align: justify;\"><span style=\"font-size: 14pt;\">En este caso, sostiene que se asiste a una \u00abnorma interpretativa\u00bb y precisa que aunque al inicio del \u00fanico art\u00edculo se dice que la reforma se aplica a partir de la entrada en vigor de dicho decreto, \u00abno quiere decir que sea a modo de dogma irretroactiva\u00bb, porque, entre otros factores, su interpretaci\u00f3n queda al arbitrio de los magistrados.<\/span><\/p>\n<p class=\"mce\" style=\"text-align: justify;\"><span style=\"font-size: 14pt;\">En el mismo sentido, recuerda que \u00aben pocos d\u00edas ha habido doctrinas discrepantes del Tribunal Supremo, por lo que se evidencia m\u00e1s a\u00fan dicho aspecto interpretativo de la nueva norma\u00bb.<\/span><\/p>\n<p class=\"mce\" style=\"text-align: justify;\"><span style=\"font-size: 14pt;\">La resoluci\u00f3n judicial, de 51 p\u00e1ginas, declara nula en primer lugar la mencionada cl\u00e1usula financiera al no haber podido acreditar la entidad que el consumidor sab\u00eda tanto las condiciones del producto que contrataba como sus efectos, y posteriormente se abordan las consecuencias de esta decisi\u00f3n en los gastos satisfechos.<\/span><\/p>\n<p class=\"mce\" style=\"text-align: justify;\"><span style=\"font-size: 14pt;\"><span class=\"mce\">En concreto, se condena al\u00a0\u00a0<\/span><span class=\"classCadenaBusqueda\">\u00a0Santander<\/span><span class=\"mce\">\u00a0\u00a0a devolver 1.990,31 euros en concepto de gastos de notar\u00eda, registro, gestor\u00eda e impuesto de actos jur\u00eddicos documentados (1.246,07 euros del montante total estimado) incluidos en la cl\u00e1usula declarada nula.<\/span><\/span><\/p>\n<p class=\"mce\" style=\"text-align: justify;\"><span style=\"font-size: 14pt;\">Desde el despacho Mora Jordano Abogados auguran que el criterio de este juzgado, especializado en materia de contrataci\u00f3n hipotecaria de conformidad al plan de urgencia puesto en marcha por el anterior Gobierno, \u00abafectar\u00e1 a las cerca de 12.000 demandas pendientes de resolver entre banca y consumidores\u00bb en M\u00e1laga.<\/span><\/p>\n<p class=\"mce\" style=\"text-align: justify;\"><span style=\"font-size: 14pt;\">No obstante, aclaran que \u00abquedar\u00eda siempre pendiente conocer el criterio de la Audiencia Provincial\u00bb. En un comunicado remitido a Efe, el despacho a\u00f1ade que la resoluci\u00f3n \u00abviene a alargar m\u00e1s, si cabe, el debate judicial en torno a este tipo de pleitos, en un escenario donde se pone en valor la independencia de los juzgados de Primera Instancia\u00bb.<\/span><\/p>\n<p><a href=\"https:\/\/puntocritico.com\/ausajpuntocritico\/wp-content\/uploads\/2016\/11\/Mosca_Punto_Cr\u00edtico_40.png\" rel=\"lightbox[15006]\"><img loading=\"lazy\" decoding=\"async\" class=\"size-full wp-image-48 aligncenter\" src=\"https:\/\/puntocritico.com\/ausajpuntocritico\/wp-content\/uploads\/2016\/11\/Mosca_Punto_Cr\u00edtico_40.png\" alt=\"\" width=\"50\" height=\"50\" \/><\/a><\/p>\n<h1>\u00a0<\/h1>\n<h1 class=\"pg-headline\" style=\"text-align: center;\"><a id=\"ref15\"><\/a><a href=\"#ref15a\">[15]<\/a> Jugada en plano secuencia<\/h1>\n<p><span style=\"font-size: 14pt;\">Por Elisa Beni<\/span><\/p>\n<p><span style=\"color: #008000;\">Articulo publicado el 20 de noviembre de 2018 en:\u00a0<\/span><\/p>\n<p><a href=\"https:\/\/www.eldiario.es\/zonacritica\/Jugada-plano-secuencia_6_837876245.html\" target=\"_blank\" rel=\"noopener\">https:\/\/www.eldiario.es\/zonacritica\/Jugada-plano-secuencia_6_837876245.html<\/a><\/p>\n<p>&nbsp;<\/p>\n<blockquote>\n<p style=\"text-align: justify;\"><span style=\"color: #008000; font-size: 14pt;\"><em><strong>Lo \u00fanico que falla aqu\u00ed es que Marchena no dijo nada cuando se supo que era \u00e9l el elegido antes de que se iniciara el proceso democr\u00e1tico. No hizo ni dijo nada. \u00a1Ah, bueno s\u00ed, vet\u00f3 a Victoria Rosell y meti\u00f3 alguna candidata fiscal de su pueblo! Hasta la ruptura de baraja no se le ve\u00eda muy molesto con lo del cambio de cromos<\/strong><\/em><\/span><\/p>\n<\/blockquote>\n<p>&nbsp;<\/p>\n<p class=\"mce\" style=\"text-align: right;\">\u201c<em>De este modo, en la estrategia todo es muy simple, pero no por ello muy f\u00e1cil<\/em>\u201d<\/p>\n<p class=\"mce\" style=\"text-align: right;\">De la Guerra. Karl Von Clausewitz<\/p>\n<p>&nbsp;<\/p>\n<p class=\"mce\" style=\"text-align: justify;\"><span style=\"font-size: 14pt;\">\u00bfAlguien quiere pensar que un mensaje de un chat de senadores del PP se filtra para denunciar lo podrido del sistema? A otro perro con ese hueso. La filtraci\u00f3n del obsceno mensaje de Cosid\u00f3 -real como la vida misma, pornogr\u00e1fico en su pura exposici\u00f3n- no puede tener otro objetivo que convertir la situaci\u00f3n en insostenible. Y as\u00ed se logr\u00f3. Hay un sesgo cognitivo que tiende a hacernos percibir una serie de acontecimientos lineales como una sucesi\u00f3n de causalidades que se explican por s\u00ed mismas. Algo simple pero a veces err\u00f3neo.<\/span><\/p>\n<p class=\"mce\" style=\"text-align: justify;\"><span style=\"font-size: 14pt;\">Por eso sugiero analizar en plano secuencia, que siempre tiene ese efecto dram\u00e1tico, lo sucedido en los \u00faltimos d\u00edas aunque, insisto, el aparente orden de los acontecimientos no asegura nunca que la realidad se haya producido as\u00ed. Arranquemos, por no irnos al G\u00e9nesis, del pornogr\u00e1fico anuncio de qui\u00e9n ser\u00e1 el pr\u00f3ximo presidente del Tribunal Supremo antes incluso de que se sepa qui\u00e9nes le tendr\u00e1n que elegir. La desverg\u00fcenza en grado sumo. Nadie hasta ahora se hab\u00eda atrevido a tanto. Este anuncio deja al descubierto todo el contenido del pacto logrado entre el PP y el PSOE, en el que Delgado y Catal\u00e1 act\u00faan como oficiantes sin que sea precisable su grado de autonom\u00eda, y que arroja un panorama que ambas formaciones intentan vender a sus bancadas. El af\u00e1n de explicar lo que no terminan de entender ning\u00fan grupo de referencia es lo que provoca el descubrimiento de todo el tomate.<\/span><\/p>\n<p class=\"mce\" style=\"text-align: justify;\"><span style=\"font-size: 14pt;\">A los progresistas, Marchena les parece un sapo a no tragar. A los peperos, esa supuesta mayor\u00eda y el nombramiento de De Prada -el culpable de la ca\u00edda- se les indigesta sin remisi\u00f3n. As\u00ed que ah\u00ed van ambos bandos a esgrimir las ventajas que traer\u00e1 tal enjuague. Supimos as\u00ed que en el intercambio iban a dar la presidencia de las Sala II a Ana Ferrer, \u201cuna magistrada mujer y progresista\u201d, que le quitara el amargor de la boca a los que esperaban una presidencia del CGPJ femenina y feminista. Ese dato dej\u00f3 ya claro que tambi\u00e9n hab\u00eda cambalache jurisdiccional adherido al institucional y que se hab\u00eda hablado de puestos de los que ponen sentencias. Un esc\u00e1ndalo.<\/span><\/p>\n<p class=\"mce\" style=\"text-align: justify;\"><span style=\"font-size: 14pt;\">Eso fue por parte socialista, pero el gallinero del PP tambi\u00e9n andaba muy revuelto. El propio hecho de que Cosid\u00f3 decidiera escribir un mensaje en un chat en el que apenas participa, nos indica que el incendio era grande. De haber sido dos o tres, pod\u00eda haberles convencido individualmente. Es en ese momento en el que a trav\u00e9s de un medio -El Espa\u00f1ol, que ha dado todas las exclusivas de esta jugada- se filtra el mensaje que enloda definitivamente el proceso. Ese mensaje s\u00f3lo lo ten\u00eda gente del PP. \u00bfPor qu\u00e9 deciden sacarse las verg\u00fcenzas a la calle de esa forma? \u00bfUn alma bendita que no soporta m\u00e1s lo indecente del proceso? La iron\u00eda les vendr\u00e1 bien a los que siguen siendo capaces de creer en lo que desean.<\/span><\/p>\n<p class=\"mce\" style=\"text-align: justify;\"><span style=\"font-size: 14pt;\">No cabe sino pensar que la filtraci\u00f3n es interesada y que hay al menos una parte\u00a0 de los populares que quieren reventar el proceso. Estas noticias coinciden con los insistentes rumores de que habr\u00e1 elecciones generales e, incluso, de ese hablar en corrillos period\u00edsticos del superdomingo. Las fechas que se manejan son marzo, superdomingo de mayo o ya en oto\u00f1o. \u00bfHa pensado alguien del PP que teniendo que aguantar s\u00f3lo cinco meses no ten\u00eda sentido hacer tantas concesiones en este momento? \u00bfHay sectores del partido que creen que Casado y su entorno estaban pagando una novatada con este acuerdo y que era mejor aguantar ahora? Me dir\u00e1n que les pregunto mucho, pero ya dijo el cl\u00e1sico que todo es simple pero puede que no f\u00e1cil.<\/span><\/p>\n<p class=\"mce\" style=\"text-align: justify;\"><span style=\"font-size: 14pt;\">La constataci\u00f3n por escrito de que todo el objeto del pacto es conseguir dominar \u00f3rganos jurisdiccionales -no un \u00f3rgano pol\u00edtico como el Consejo, no- cae sobre la huelga de jueces y provoca una situaci\u00f3n insostenible. Todos est\u00e1n en una posici\u00f3n de dif\u00edcil gesti\u00f3n. As\u00ed las cosas surge el mirlo blanco que, en defensa de una intolerable injerencia en la independencia judicial y en la suya propia, se sacrifica y se queda fuera de un proceso que, no s\u00e9 si les cabe duda, sabe que se va a paralizar. Marchena ha sido inteligente. Es inteligente. M\u00e1s all\u00e1 de lo grotesco que resulta renunciar a que te elijan democr\u00e1ticamente veinte personas que a\u00fan no se sabe qui\u00e9nes son, es la \u00fanica oportunidad de salvar las opciones para un futuro. Es demasiado claro lo que pasa cuando los partidos te queman en una negociaci\u00f3n de este tipo. Pregunten a los de RTVE. Adem\u00e1s, hay mucha gente en la carrera judicial tan escaldada que agarrarse a la alardeada honestidad e independencia del futuro l\u00edder les resulta providencial. Lo \u00fanico que falla aqu\u00ed es que Marchena no dijo nada cuando se supo que era \u00e9l el elegido antes de que se iniciara el proceso democr\u00e1tico. No hizo ni dijo nada. \u00a1Ah, bueno s\u00ed, vet\u00f3 a Victoria Rosell y meti\u00f3 alguna candidata fiscal de su pueblo! Hasta la ruptura de baraja no se le ve\u00eda muy molesto con lo del cambio de cromos.<\/span><\/p>\n<p class=\"mce\" style=\"text-align: justify;\"><span style=\"font-size: 14pt;\">Seg\u00fan Cosid\u00f3, Marchena les iba a controlar la Sala II \u201cdesde atr\u00e1s\u201d. El que puede lo m\u00e1s puede lo menos. O sea, ya la controlan desde dentro. Se va a quedar control\u00e1ndola desde \u201cdelante\u201d al menos un tiempo y al menos durante el juicio del proc\u00e9s. Nadie puede pensar que el quemado, el arrasado Cosid\u00f3, cre\u00eda con tanta alegr\u00eda que a trav\u00e9s de \u00e9l iban a controlarlo todo sin tener motivos.\u00a0 El caso es que inmediatamente despu\u00e9s de conocerse el enorme gesto del \u201cpresidente no electo in pectore\u201d, el PP ha anunciado que romp\u00eda la negociaci\u00f3n y renunciaba a renovar el CGPJ. Por supuesto que habr\u00e1 quien piense que han sido los populares los que han reaccionado al gesto de Marchena de forma espont\u00e1nea. All\u00e1 cada cual.<\/span><\/p>\n<p class=\"mce\" style=\"text-align: justify;\"><span style=\"font-size: 14pt;\">La gangrena es profunda pero las estrategias no tratan de drenarla sino que hablan de poder. \u00bfDe qu\u00e9 si no?<\/span><\/p>\n<p style=\"text-align: center;\"><a href=\"https:\/\/puntocritico.com\/ausajpuntocritico\/wp-content\/uploads\/2016\/11\/Mosca_Punto_Cr\u00edtico_40.png\" rel=\"lightbox[15006]\"><img loading=\"lazy\" decoding=\"async\" class=\"alignnone size-full wp-image-48\" src=\"https:\/\/puntocritico.com\/ausajpuntocritico\/wp-content\/uploads\/2016\/11\/Mosca_Punto_Cr\u00edtico_40.png\" alt=\"\" width=\"50\" height=\"50\" \/><\/a><\/p>\n<h1>\u00a0<\/h1>\n<h1 class=\"pg-headline\" style=\"text-align: center;\"><a id=\"ref16\"><\/a><a href=\"#ref16a\">[16]<\/a> Qu\u00e9 est\u00e1 pasando<\/h1>\n<p><span style=\"font-size: 14pt;\">Por Suso de Toro\u00a0<\/span><\/p>\n<p><span style=\"color: #008000;\">Articulo publicado el 20 de noviembre de 2018 en:\u00a0<\/span><\/p>\n<p><a href=\"https:\/\/www.eldiario.es\/zonacritica\/pasando_6_837526260.html\" target=\"_blank\" rel=\"noopener\">https:\/\/www.eldiario.es\/zonacritica\/pasando_6_837526260.html<\/a><\/p>\n<p>&nbsp;<\/p>\n<div class=\"subtitle bkn mce sk2\">\n<blockquote>\n<p style=\"text-align: justify;\"><span style=\"color: #008000; font-size: 14pt;\"><em><strong>No es casualidad que lo que ocurre en el principal Estado sudamericano le ocurra al Reino de Espa\u00f1a, que presume con altivez de hidalgo de ser Estado europeo, pero que en realidad ya se ha desnudado como el Estado corrupto y continuador del franquismo que es<\/strong><\/em><\/span><\/p>\n<\/blockquote>\n<p>&nbsp;<\/p>\n<\/div>\n<figure id=\"attachment_15089\" aria-describedby=\"caption-attachment-15089\" style=\"width: 643px\" class=\"wp-caption aligncenter\"><a href=\"https:\/\/puntocritico.com\/ausajpuntocritico\/wp-content\/uploads\/2018\/11\/Imagen-marcha-antorchas-pasado-Valencia_EDIIMA20181119_0081_23.jpg\" rel=\"lightbox[15006]\"><img loading=\"lazy\" decoding=\"async\" class=\"wp-image-15089 size-full\" src=\"https:\/\/puntocritico.com\/ausajpuntocritico\/wp-content\/uploads\/2018\/11\/Imagen-marcha-antorchas-pasado-Valencia_EDIIMA20181119_0081_23.jpg\" alt=\"\" width=\"643\" height=\"362\" srcset=\"https:\/\/puntocritico.com\/ausajpuntocritico\/wp-content\/uploads\/2018\/11\/Imagen-marcha-antorchas-pasado-Valencia_EDIIMA20181119_0081_23.jpg 643w, https:\/\/puntocritico.com\/ausajpuntocritico\/wp-content\/uploads\/2018\/11\/Imagen-marcha-antorchas-pasado-Valencia_EDIIMA20181119_0081_23-300x169.jpg 300w, https:\/\/puntocritico.com\/ausajpuntocritico\/wp-content\/uploads\/2018\/11\/Imagen-marcha-antorchas-pasado-Valencia_EDIIMA20181119_0081_23-266x150.jpg 266w\" sizes=\"auto, (max-width: 643px) 100vw, 643px\" \/><\/a><figcaption id=\"caption-attachment-15089\" class=\"wp-caption-text\"><span style=\"color: #008000;\">Imagen de una marcha nazi en Val\u00e8ncia <\/span><\/figcaption><\/figure>\n<div class=\"mce-body mce\">\n<p class=\"mce\" style=\"text-align: justify;\"><span style=\"font-size: 14pt;\">Espa\u00f1a est\u00e1 sumida en un proceso semejante al que se ejecut\u00f3 en Brasil. Primero, los medios de comunicaci\u00f3n crearon una distorsi\u00f3n de la realidad exagerando la corrupci\u00f3n del PT, que era real, y ocultando la de la derecha, generando ansiedad en el pa\u00eds y una demanda de acabar con la corrupci\u00f3n (del PT). Y, segundo, la Justicia proces\u00f3 al carism\u00e1tico candidato de la izquierda, Lula Da Silva, lo encarcel\u00f3 y no le permiti\u00f3 presentarse a las elecciones. Un verdadero golpe de Estado ejecutado por medio de los medios de comunicaci\u00f3n y la Justicia. Naturalmente, detr\u00e1s estaban los EE UU de Trump, el Ej\u00e9rcito y la oligarqu\u00eda y la victoria de Bolsonaro se celebr\u00f3 con fuertes subidas en la bolsa.<\/span><\/p>\n<p class=\"mce\" style=\"text-align: justify;\"><span style=\"font-size: 14pt;\">No es casualidad que lo que ocurre en el principal Estado sudamericano le ocurra al Reino de Espa\u00f1a, que presume con altivez de hidalgo de ser Estado europeo, pero que en realidad ya se ha desnudado como el Estado corrupto y continuador del franquismo que es. Una democracia de una calidad muy parecida a la de algunos pa\u00edses del Este de Europa que se han integrado recientemente en la Uni\u00f3n.<\/span><\/p>\n<p class=\"mce\" style=\"text-align: justify;\"><span style=\"font-size: 14pt;\">Y lo que vivimos es una crisis de ese sistema pol\u00edtico provocada y dirigida directamente por la oligarqu\u00eda que desde una Corte que es un entramado de financieros, periodistas, militares, magistrados y pol\u00edticos posee el Estado.<\/span><\/p>\n<p class=\"mce\" style=\"text-align: justify;\"><span style=\"font-size: 14pt;\">En Espa\u00f1a los medios de comunicaci\u00f3n son el instrumento m\u00e1s claro de la oligarqu\u00eda, que es su propietaria. Y as\u00ed grupos como Prisa, Planeta (propietaria de Antena3 y LaSexta, La Raz\u00f3n y determinante en el capital de El Peri\u00f3dico) o Tele5 (Mediaset ), as\u00ed como todas las cabeceras de Madrid colaboraron un\u00e1nimemente en la etapa final del segundo Gobierno de Zapatero para llevar a Rajoy a la Moncloa. Lo que vino despu\u00e9s fue la continuaci\u00f3n, la demonizaci\u00f3n de los dirigentes catalanes y por extensi\u00f3n de la misma poblaci\u00f3n catalana, el ocultamiento de la violencia contra la poblaci\u00f3n all\u00ed y de las ilegalidades cometidas por polic\u00edas, jueces y fiscales.<\/span><\/p>\n<p class=\"mce\" style=\"text-align: justify;\"><span style=\"font-size: 14pt;\">A pesar de todo, en parte gracias a algunos medios digitales como \u00e9ste y a las redes sociales, que una vez y otra culpan y pretenden controlar, emerge la radiograf\u00eda del Estado. Quien no sea reh\u00e9n de la prensa y televisiones de la Corte sabe que el Ej\u00e9rcito, la Polic\u00eda y, de manera muy acusada, la Guardia Civil, mantienen una pl\u00e1cida continuidad con el franquismo. Y que, puede que lo m\u00e1s grave, la Justicia no s\u00f3lo comparte esa cultura pol\u00edtica sino que, adem\u00e1s, es una parte fundamental de la corrupci\u00f3n pol\u00edtica y econ\u00f3mica. Es decir, este Estado es rigurosamente antidemocr\u00e1tico y pervierte el contenido democr\u00e1tico que pueda haber en esta constituci\u00f3n o en cualquier otra. Ya no hablo de la monarqu\u00eda y de un rey, Felipe de Borb\u00f3n, rigurosamente de extrema derecha y carente de la agudeza del padre.<\/span><\/p>\n<p class=\"mce\" style=\"text-align: justify;\"><span style=\"font-size: 14pt;\">La presencia en las redes y las calles de la derecha fascista primero fue en Catalunya, donde guardias civiles con coche de la Secretar\u00eda General de Seguridad se re\u00fanen con elementos de extrema derecha y coordinan con log\u00edstica grupos organizados y enmascarados. Ahora los fascistas campan obscenamente tambi\u00e9n por calles de Madrid, Valencia&#8230; No hay duda de que el lanzamiento de la extrema derecha, primero en Catalunya y ahora en toda Espa\u00f1a, es una operaci\u00f3n que nace desde dentro del mismo Estado, con la cooperaci\u00f3n, consentimiento o inoperancia de este Gobierno y de los anteriores. Pero eso es posible porque los medios de la Corte primero hicieron su trabajo, legitimaron a la extrema derecha en los peri\u00f3dicos y, sobre todo, en los plat\u00f3s de televisi\u00f3n. El papel que jugaron esas televisiones privadas alg\u00fan d\u00eda ser\u00e1 estudiado en las facultades de periodismo, sentando y dando igual consideraci\u00f3n a dem\u00f3cratas que franquistas. Ese espect\u00e1culo de debates entre contrarios en realidad legitim\u00f3 a los fascistas.<\/span><\/p>\n<p class=\"mce\" style=\"text-align: justify;\"><span style=\"font-size: 14pt;\">Esto est\u00e1 siendo un proceso de deterioro del proyecto de Estado que continu\u00f3 sin ruptura el r\u00e9gimen de Franco tras su muerte. En estos momentos nos encontramos en un momento agudo porque ha habido un cambio en el Gobierno que desplaz\u00f3 al partido que expresaba m\u00e1s leg\u00edtimamente tanto al Estado corrupto como los intereses del IBEX y, adem\u00e1s, el Gobierno no tiene una base suficiente ni estable. Eso explica el paroxismo y la cantidad de disparate que se acumula cada d\u00eda.<\/span><\/p>\n<p class=\"mce\" style=\"text-align: justify;\"><span style=\"font-size: 14pt;\">\u00bfQu\u00e9 salida tiene esa situaci\u00f3n que sea democr\u00e1tica? Ninguna nacida de la actual pol\u00edtica, la de los cuatro partidos que hemos visto enredados en el chalaneo por los puestos del poder judicial y en el cuerpo a cuerpo de cada d\u00eda. Solamente habr\u00e1 esperanza desde la \u00e9tica, solamente desde voces que nazcan dentro o fuera de esos o de otros partidos y que se sit\u00faen fuera de ese juego y que se levante sobre la \u00e9tica. Esas voces tendr\u00e1n que reclamar la ruptura con el franquismo y abrir un per\u00edodo constituyente verdadero. Naturalmente tendr\u00e1n todo en frente, los medios de comunicaci\u00f3n m\u00e1s potentes de la Corte, el poder econ\u00f3mico, las alcantarillas del Estado, los cuerpos policiales y la Justicia.<\/span><\/p>\n<p class=\"mce\" style=\"text-align: justify;\"><span style=\"font-size: 14pt;\">\u00danicamente podr\u00e1n contar con nuestra escasa cultura democr\u00e1tica y el sentido de la decencia que todav\u00eda nos quede.<\/span><\/p>\n<\/div>\n<p><a href=\"https:\/\/puntocritico.com\/ausajpuntocritico\/wp-content\/uploads\/2016\/11\/Mosca_Punto_Cr\u00edtico_40.png\" rel=\"lightbox[15006]\"><img loading=\"lazy\" decoding=\"async\" class=\"size-full wp-image-48 aligncenter\" src=\"https:\/\/puntocritico.com\/ausajpuntocritico\/wp-content\/uploads\/2016\/11\/Mosca_Punto_Cr\u00edtico_40.png\" alt=\"\" width=\"50\" height=\"50\" \/><\/a><\/p>\n<section id=\"edi-ad-slot-ed-bajo-noticia\" class=\"md-advertisement md hspace ad-article no-adv-socios\" role=\"marquee\" data-google-query-id=\"CJDmzJ7c794CFQ1gFQgdA08Drw\"><\/section>\n<blockquote>\n<h1>\u00a0<\/h1>\n<h1 style=\"text-align: center;\"><a id=\"ref17\"><\/a><a href=\"#ref17a\">[17]<\/a> Radio 3W: El fiscal Villarejo destapa una trama de jueces y abogados unidos a la G\u00fcrtel que come con Acebes<\/h1>\n<\/blockquote>\n<p><span style=\"font-size: 14pt;\">Por espiaenelcongreso.com<\/span><\/p>\n<div><span style=\"color: #339966;\">Art\u00edculo publicado el 11 de noviembre de 2014 en<\/span><\/div>\n<div><a href=\"https:\/\/espiaenelcongreso.com\/2014\/11\/11\/radio-3w-el-fiscal-villarejo-destapa-una-trama-de-jueces-y-abogados-unidos-a-la-gurtel-que-come-con-acebes\/\" target=\"_blank\" rel=\"noopener\"><span style=\"color: #339966;\">https:\/\/espiaenelcongreso.com\/2014\/11\/11\/radio-3w-el-fiscal-villarejo-destapa-una-trama-de-jueces-y-abogados-unidos-a-la-gurtel-que-come-con-acebes\/<\/span><\/a><\/div>\n<div>\u00a0<\/div>\n<figure id=\"attachment_15011\" aria-describedby=\"caption-attachment-15011\" style=\"width: 300px\" class=\"wp-caption alignleft\"><a href=\"https:\/\/puntocritico.com\/ausajpuntocritico\/wp-content\/uploads\/2018\/11\/acebesjuez-300x215.jpg\" rel=\"lightbox[15006]\"><img loading=\"lazy\" decoding=\"async\" class=\"wp-image-15011 size-full\" src=\"https:\/\/puntocritico.com\/ausajpuntocritico\/wp-content\/uploads\/2018\/11\/acebesjuez-300x215.jpg\" alt=\"\" width=\"300\" height=\"215\" srcset=\"https:\/\/puntocritico.com\/ausajpuntocritico\/wp-content\/uploads\/2018\/11\/acebesjuez-300x215.jpg 300w, https:\/\/puntocritico.com\/ausajpuntocritico\/wp-content\/uploads\/2018\/11\/acebesjuez-300x215-209x150.jpg 209w\" sizes=\"auto, (max-width: 300px) 100vw, 300px\" \/><\/a><figcaption id=\"caption-attachment-15011\" class=\"wp-caption-text\"><span style=\"font-size: 10pt; color: #339966;\"><strong>Acebes ha sido visto comiendo con Marchena, el juez del Supremo que juzga pol\u00edticos: \u00bfbiscottto? \u00bfama\u00f1o? \u00bfpasteleo?<\/strong><\/span><\/figcaption><\/figure>\n<p style=\"text-align: justify;\"><span style=\"font-family: arial, helvetica, sans-serif; font-size: 14pt;\">\u201cEstos d\u00edas se ha sabido de\u00a0<strong>un encuentro, parece que en una comida<\/strong>, del ex ministro<strong>\u00a0\u00c1ngel Acebes,<\/strong>\u00a0ahora\u00a0<strong>imputado en la causa de G\u00fcrtel<\/strong>, y\u00a0<strong>Manuel Marchena<\/strong>, presidente de la Sala Segunda del Tribunal Supremo (TS)\u201d [precisamente la que juzga a los pol\u00edticos en su fuero especial], \u201cun hecho\u00a0<strong>ciertamente vergonzoso y preocupante<\/strong>por numerosas razones\u201d. As\u00ed comienza la denuncia del ex fiscal anticorrupci\u00f3n,\u00a0<strong>Carlos Jim\u00e9nez Villarejo,<\/strong>\u00a0ex eurodiputado de Podemos, en el que enumera a una serie de jueces y abogados que se han corrompido con la \u201cmafia\u201d\u00a0<strong>G\u00fcrtel<\/strong>. Y da nombres y apellidos, se\u00f1alando las pruebas que documentan la \u201ccontaminaci\u00f3n\u201d entre los\u00a0<strong>magistrados, los abogados defensores de los inculpados en la banda, las empresas y un centro p\u00fablico, la Universidad Rey Juan Carlos (URJC), que patrocinan los cursos en los que todos ellos cobran y trabajan juntos<\/strong>. Los pormenores de esta denuncia ser\u00e1n abordados en directo\u00a0<strong>este mi\u00e9rcoles 12 de noviembre<\/strong>\u00a0en\u00a0<strong>Radio 3w<\/strong>\u00a0durante el programa que a las\u00a0<strong>12.00 de la ma\u00f1ana<\/strong>\u00a0emite \u201cEsp\u00eda en el Congreso\u201d y en el que contaremos con la voz del propio\u00a0<strong>Jim\u00e9nez Villarejo<\/strong>. Otro bloque radiof\u00f3nico ser\u00e1\u00a0<strong>Catalu\u00f1a y la \u201cOperaci\u00f3n Canonges\u201d<\/strong>, el simulacro de\u00a0<strong>\u201crefer\u00e9ndum\u00a0del 9-N,<\/strong>\u00a0en el que los\u00a0<strong>pol\u00edticos corruptos<\/strong>\u00a0del r\u00e9gimen catal\u00e1n y espa\u00f1ol (pacto\u00a0<strong>Mas-Rajoy<\/strong>) \u201cse la han liado\u201d a los honrados y entre todos ellos abusaron de la buena fe de 2,2 millones de ciudadanos convirti\u00e9ndolos en \u201cextras\u201d de una \u201cpel\u00edcula\u201d que ha bajado ya el tel\u00f3n. Para valorarlo, entrevistaremos al\u00a0<strong>diplom\u00e1tico catal\u00e1n<\/strong>\u00a0y residente en Madrid,\u00a0<strong>Alberto Moreno<\/strong>, un caso singular en el\u00a0<strong>Ministerio de Asuntos Exteriores<\/strong>\u00a0porque est\u00e1 afiliado a\u00a0<strong>Podemos<\/strong>.\u00a0<strong>El despido de Pedro Jota Ram\u00edrez<\/strong>\u00a0y la<strong>\u00a0cena<\/strong>\u00a0de su sustituto,\u00a0<strong>Casimiro Garc\u00eda Abadillo<\/strong>\u00a0con el\u00a0<strong>banquero Blesa<\/strong>, as\u00ed como la\u00a0<strong>exculpaci\u00f3n de la infanta Cristina<\/strong>, ser\u00e1n los otros asuntos analizados en el programa.\u00a0 Como siempre, los oyentes que quieran opinar podr\u00e1n hacerlo enviando una grabaci\u00f3n o un whatsapp\u00a0sin coste alguno a trav\u00e9s del tel\u00e9fono<strong>\u00a0+1 607 323 7710<\/strong>\u00a0(solo whatsapp, no admite llamadas)\u00a0<a title=\"[GMCP] Enviar un correo electr\u00f3nico a espia@espiaenelcongreso.com\" href=\"mailto:espia@espiaenelcongreso.com\" target=\"_blank\" rel=\"noopener noreferrer\">o un email<\/a>. Quien no pueda escuchar en directo este espacio, podr\u00e1 recuperarlo luego en los\u00a0<strong>podcast de Radio 3w o Ivoox.<\/strong><span id=\"more-15489\"><\/span><\/span><\/p>\n<p style=\"text-align: justify;\"><span style=\"font-family: arial, helvetica, sans-serif; font-size: 14pt;\">\u00bfQuienes dise\u00f1aron un pa\u00eds sin separaci\u00f3n de poderes que por ello est\u00e1 abocado a la corrupci\u00f3n de sus \u00e9lites?<strong>\u00a0 El ex fiscal anticorrupci\u00f3n Jim\u00e9nez Villarejo ha proclamado que la Justicia debe ser independiente del poder pol\u00edtico y abochorna que no lo sea adem\u00e1s de los pol\u00edticos acusados de cohecho<\/strong>, lo que le ha llevado a formular una denuncia p\u00fablica que inhabilita ya en la pr\u00e1ctica a una veintena de magistrados, abogados y t\u00e9cnicos judiciales. En \u201cEsp\u00eda en el Congreso\u201d damos sus nombres y por ello\u00a0<strong>tendr\u00e1n que responder de sus actuaciones<\/strong>\u00a0y de esta<strong>\u00a0grave negligencia profesional<\/strong>\u00a0en una investigaci\u00f3n independiente de un nuevo CGPJ propiciada por un nuevo r\u00e9gimen democr\u00e1tico en libertad. Estos son los magistrados denunciados y los bufetes implicados:<\/span><\/p>\n<div id=\"attachment_15505\" class=\"wp-caption alignleft\" style=\"text-align: justify;\"><\/p>\n<p class=\"wp-caption-text\">\u00a0<\/p>\n<\/div>\n<figure id=\"attachment_15010\" aria-describedby=\"caption-attachment-15010\" style=\"width: 258px\" class=\"wp-caption alignleft\"><a href=\"https:\/\/puntocritico.com\/ausajpuntocritico\/wp-content\/uploads\/2018\/11\/manuelmarchena_a_0-258x300.jpg\" rel=\"lightbox[15006]\"><img loading=\"lazy\" decoding=\"async\" class=\"wp-image-15010 size-full\" src=\"https:\/\/puntocritico.com\/ausajpuntocritico\/wp-content\/uploads\/2018\/11\/manuelmarchena_a_0-258x300.jpg\" alt=\"\" width=\"258\" height=\"300\" srcset=\"https:\/\/puntocritico.com\/ausajpuntocritico\/wp-content\/uploads\/2018\/11\/manuelmarchena_a_0-258x300.jpg 258w, https:\/\/puntocritico.com\/ausajpuntocritico\/wp-content\/uploads\/2018\/11\/manuelmarchena_a_0-258x300-129x150.jpg 129w\" sizes=\"auto, (max-width: 258px) 100vw, 258px\" \/><\/a><figcaption id=\"caption-attachment-15010\" class=\"wp-caption-text\"><span style=\"font-size: 10pt;\"><strong><span style=\"color: #339966;\">El magistrado Manuel Marchena (Tribunal Supremo), acusado de corrupci\u00f3n<\/span><\/strong><\/span><\/figcaption><\/figure>\n<p style=\"text-align: justify;\"><span style=\"font-family: arial, helvetica, sans-serif; font-size: 14pt;\"><strong>Magistrado Manuel Marchena:<\/strong>\u00a0adem\u00e1s de la\u00a0<strong>comida con Acebes<\/strong>, \u201cen 2007, 2008 y 2009 particip\u00f3 en los Foros de las Evidencias Electr\u00f3nicas que preside el\u00a0<strong>despacho de abogados Garrigues<\/strong>. Consta el patrocinio de dicho Foro por\u00a0<strong>Ancert, Cybex, El Derecho, Inform\u00e1tica El Corte Ingl\u00e9s, Postal Trust, Secuware, Symantec y T-Systems<\/strong>. En el Primer Congreso de la empresa\u00a0<strong>INGEFOR Consultores<\/strong>, celebrado en 2008, tambi\u00e9n particip\u00f3, conjuntamente con el magistrado\u00a0<strong>Maza Mart\u00edn<\/strong>, con asistencia de diversos letrados del\u00a0<strong>Despacho Garrigues<\/strong>\u00a0y de otros, as\u00ed como jueces de diversos \u00f3rganos judiciales. En marzo de 2009, el magistrado\u00a0<strong>Marchena<\/strong>\u00a0intervino, junto al magistrado\u00a0<strong>S\u00e1nchez Melgar,<\/strong>en la apertura del encuentro sobre la Responsabilidad de las personas jur\u00eddicas que organiza el\u00a0<strong>Instituto de Fomento Empresarial,<\/strong>\u00a0curso en el que la cuota de inscripci\u00f3n fue de 1.230 euros. Igualmente participa, con el magistrado\u00a0<strong>Miguel Colmenero,<\/strong>\u00a0en la VII Semana Jur\u00eddica Malacitana celebrada en Noviembre de 2007 conjuntamente con letrados de los Despachos ya citados. Seg\u00fan el CV de dicho magistrado, publicado por la\u00a0<strong>Editorial Datadiar<\/strong>, ha sido profesor del Master de Nuevas Tecnolog\u00edas de la Informaci\u00f3n organizado por el Instituto de Inform\u00e1tica Jur\u00eddica de la\u00a0<strong>Facultad de Derecho de ICADE<\/strong>\u201c.<\/span><\/p>\n<p style=\"text-align: justify;\"><span style=\"font-family: arial, helvetica, sans-serif; font-size: 14pt;\"><strong>\u201c<\/strong>El magistrado\u00a0<strong>Manuel Marchena<\/strong>\u00a0ha intervenido tambi\u00e9n en el Comit\u00e9 de Expertos del \u201cObservatorio de la Justicia Gratuita\u201d del Consejo General de la Abogac\u00eda y \u201cLa Ley\u201d de\u00a0<strong>Walters Kluwer.\u00a0<\/strong>Su nombre aparece adem\u00e1s junto al de\u00a0<strong>Michavila<\/strong>\u00a0en alg\u00fan acto concreto como fue el encuentro profesional celebrado en\u00a0<strong>Quintanilla de On\u00e9simo<\/strong>\u00a0a principios del a\u00f1o 2010. En esta ocasi\u00f3n el magistrado comparti\u00f3 el encuentro con otro magistrado del Tribunal Supremo,\u00a0<strong>S\u00e1nchez Melgar<\/strong>\u201c.<\/span><\/p>\n<div id=\"attachment_15507\" class=\"wp-caption alignleft\" style=\"text-align: justify;\">\n<figure id=\"attachment_15020\" aria-describedby=\"caption-attachment-15020\" style=\"width: 300px\" class=\"wp-caption alignleft\"><a href=\"https:\/\/puntocritico.com\/ausajpuntocritico\/wp-content\/uploads\/2018\/11\/d516621197c95b273dcbce517df893db-300x134.jpg\" rel=\"lightbox[15006]\"><img loading=\"lazy\" decoding=\"async\" class=\"wp-image-15020 size-full\" src=\"https:\/\/puntocritico.com\/ausajpuntocritico\/wp-content\/uploads\/2018\/11\/d516621197c95b273dcbce517df893db-300x134.jpg\" alt=\"\" width=\"300\" height=\"134\" srcset=\"https:\/\/puntocritico.com\/ausajpuntocritico\/wp-content\/uploads\/2018\/11\/d516621197c95b273dcbce517df893db-300x134.jpg 300w, https:\/\/puntocritico.com\/ausajpuntocritico\/wp-content\/uploads\/2018\/11\/d516621197c95b273dcbce517df893db-300x134-280x125.jpg 280w\" sizes=\"auto, (max-width: 300px) 100vw, 300px\" \/><\/a><figcaption id=\"caption-attachment-15020\" class=\"wp-caption-text\"><span style=\"font-size: 10pt; color: #339966;\">El magistrado Carlos Lesmes lleva retenida 11 meses la denuncia por corrupci\u00f3n contra jueces del Supremo<\/span><\/figcaption><\/figure><br \/>\n<\/p>\n<p class=\"wp-caption-text\">\u00a0<\/p>\n<\/div>\n<p style=\"text-align: justify;\"><span style=\"font-family: arial, helvetica, sans-serif; font-size: 14pt;\">Magistrados\u00a0<strong>Carlos D\u00edvar<\/strong>\u00a0(por acci\u00f3n) y\u00a0<strong>Carlos Lesmes<\/strong>\u00a0(por omisi\u00f3n): \u201cel 7 de mayo de 2012 un grupo de juristas, ante la conclusi\u00f3n de los procesos contra el juez Garz\u00f3n, en el ejercicio del derecho constitucional de petici\u00f3n, present\u00f3 un escrito ante el entonces presidente del Consejo General de Poder Judicial (CGPJ),\u00a0<strong>Carlos D\u00edvar<\/strong>, en el que expon\u00eda una serie de conductas privadas de magistrados del Supremo que hab\u00edan participado en los procesos contra\u00a0<strong>Garz\u00f3n\u00a0<\/strong>y reclamaba que se adoptaran las medidas adecuadas. Hasta ahora, el CGPJ no ha respondido a dicha reclamaci\u00f3n, incumpliendo abiertamente las obligaciones que le impone la L.O. 4\/2001, que regula aquel derecho. Un ejemplo m\u00e1s de c\u00f3mo las Instituciones p\u00fablicas\u00a0<strong>menosprecian los derechos civiles de los ciudadanos<\/strong>\u201c.<\/span><\/p>\n<div id=\"attachment_15508\" class=\"wp-caption alignleft\" style=\"text-align: justify;\">\n<figure id=\"attachment_15019\" aria-describedby=\"caption-attachment-15019\" style=\"width: 300px\" class=\"wp-caption alignleft\"><a href=\"https:\/\/puntocritico.com\/ausajpuntocritico\/wp-content\/uploads\/2018\/11\/685d2c7c-7556-4c92-ad2a-411fc6d7cd38_low-300x246.jpg\" rel=\"lightbox[15006]\"><img loading=\"lazy\" decoding=\"async\" class=\"wp-image-15019 size-full\" src=\"https:\/\/puntocritico.com\/ausajpuntocritico\/wp-content\/uploads\/2018\/11\/685d2c7c-7556-4c92-ad2a-411fc6d7cd38_low-300x246.jpg\" alt=\"\" width=\"300\" height=\"246\" srcset=\"https:\/\/puntocritico.com\/ausajpuntocritico\/wp-content\/uploads\/2018\/11\/685d2c7c-7556-4c92-ad2a-411fc6d7cd38_low-300x246.jpg 300w, https:\/\/puntocritico.com\/ausajpuntocritico\/wp-content\/uploads\/2018\/11\/685d2c7c-7556-4c92-ad2a-411fc6d7cd38_low-300x246-183x150.jpg 183w\" sizes=\"auto, (max-width: 300px) 100vw, 300px\" \/><\/a><figcaption id=\"caption-attachment-15019\" class=\"wp-caption-text\"><span style=\"font-size: 10pt; color: #339966;\"><strong>La corrupci\u00f3n le cost\u00f3 el puesto al juez Carlos D\u00edvar. Taparla le puede costar el suyo a su sucesor.<\/strong><\/span><\/figcaption><\/figure><br \/>\n<\/p>\n<p class=\"wp-caption-text\">\u00a0<\/p>\n<\/div>\n<p style=\"text-align: justify;\"><span style=\"font-family: arial, helvetica, sans-serif; font-size: 14pt;\">\u201cAnte los hechos descritos, que suscitan serias dudas sobre el cumplimiento por dichos magistrados del TS del\u00a0<strong>r\u00e9gimen de incompatibilidades y prohibiciones<\/strong>, con la consiguiente\u00a0<strong>afectaci\u00f3n claramente perturbadora<\/strong>\u00a0<strong>no solo de su \u00e9tica profesional sino de su imparcialidad tanto objetiva como subjetiva,<\/strong>\u00a0se solicita que se proceda a la comprobaci\u00f3n y esclarecimiento de los referidos hechos\u201d. Una comisi\u00f3n de investigaci\u00f3n deber\u00e1 determinar \u201cla totalidad de\u00a0<strong>Seminarios, Cursos y Conferencias<\/strong>\u00a0impartidos por dichos magistrados, sus\u00a0<strong>patrocinadore<\/strong>s y la<strong>\u00a0retribuci\u00f3n<\/strong>\u00a0percibida por cada uno de dichos magistrados y por cada una de dichas actividades. Y, en su caso, que se acuerde la incoaci\u00f3n de Diligencias Informativas o Expedientes disciplinarios contra los magistrados que, seg\u00fan resulta de los datos expuestos, hayan infringido el r\u00e9gimen org\u00e1nico de\u00a0<strong>\u2018prohibiciones e incompatibilidades\u2019<\/strong>, deduci\u00e9ndose, en su caso, el testimonio que proceda al Fiscal General del Estado para que proceda a la investigaci\u00f3n de la posible comisi\u00f3n de\u00a0<strong>delitos de cohecho<\/strong>\u201c.<\/span><\/p>\n<div id=\"attachment_15511\" class=\"wp-caption alignleft\" style=\"text-align: justify;\">\n<figure id=\"attachment_15018\" aria-describedby=\"caption-attachment-15018\" style=\"width: 300px\" class=\"wp-caption alignleft\"><a href=\"https:\/\/puntocritico.com\/ausajpuntocritico\/wp-content\/uploads\/2018\/11\/angel-benseny-300x105.jpg\" rel=\"lightbox[15006]\"><img loading=\"lazy\" decoding=\"async\" class=\"wp-image-15018 size-full\" src=\"https:\/\/puntocritico.com\/ausajpuntocritico\/wp-content\/uploads\/2018\/11\/angel-benseny-300x105.jpg\" alt=\"\" width=\"300\" height=\"105\" srcset=\"https:\/\/puntocritico.com\/ausajpuntocritico\/wp-content\/uploads\/2018\/11\/angel-benseny-300x105.jpg 300w, https:\/\/puntocritico.com\/ausajpuntocritico\/wp-content\/uploads\/2018\/11\/angel-benseny-300x105-280x98.jpg 280w\" sizes=\"auto, (max-width: 300px) 100vw, 300px\" \/><\/a><figcaption id=\"caption-attachment-15018\" class=\"wp-caption-text\"><span style=\"font-size: 10pt; color: #339966;\"><strong>Angel Benseny: anuncia su empresa como \u201cJuzgado de primera instancia Madrid\u201d.<\/strong><\/span><\/figcaption><\/figure><br \/>\n<\/p>\n<p class=\"wp-caption-text\">\u00a0<\/p>\n<\/div>\n<p style=\"text-align: justify;\"><span style=\"font-family: arial, helvetica, sans-serif; font-size: 14pt;\">Psic\u00f3logo Forense de Juzgado<strong>\u00a0\u00c1ngel Benseny Pellicer<\/strong>\u00a0y\u00a0<strong>Francisco Hernando<\/strong>: \u201cEl Instituto de Pr\u00e1ctica Jur\u00eddica\u00a0<strong>Schola Iuris<\/strong>\u00a0es una entidad de car\u00e1cter privado. Es administrador \u00fanico el director,\u00a0<strong>\u00c1ngel Benseny Pellicer,<\/strong>\u00a0psic\u00f3logo forense de los Juzgados de 1\u00ba Instancia de Madrid. Director que, a la vez, es administrador solidario con\u00a0<strong>Mar\u00eda \u00c1ngeles Mora Mart\u00ednez<\/strong>\u201c.\u00a0<strong>Angel Benseny<\/strong>\u00a0estuvo en M\u00e9xico con el juez\u00a0<strong>Maza<\/strong>\u00a0y a la vuelta, el 14 de julio de 2004, lleg\u00f3 a Espa\u00f1a el magistrado mexicano\u00a0<strong>Guillermo Narv\u00e1ez<\/strong>: \u201cel director del Instituto Europeo de Pr\u00e1ctica Jur\u00eddica Schola Iuris,\u00a0<strong>Angel Benseny<\/strong>, tuvo la oportunidad de entrevistarse con \u00e9l y presentarle la oferta formativa\u201d, tras verse con \u201cel presidente del CGPJ y del TS\u201d. Entonces lo era el juez\u00a0<strong>Francisco Hernando<\/strong>\u00a0(PP), que falleci\u00f3 en 2013 con 77 a\u00f1os, v\u00edctima de un c\u00e1ncer de pulm\u00f3n, seg\u00fan el periodista\u00a0<a href=\"http:\/\/cadenaser.com\/ser\/2013\/11\/29\/espana\/1385686216_850215.html\" target=\"_blank\" rel=\"noopener noreferrer\">Francisco Javier Alvarez Garc\u00eda<\/a>. El juez mexicano\u00a0<strong>Narv\u00e1ez<\/strong>\u00a0tambi\u00e9n \u201cacord\u00f3 la promoci\u00f3n\u201d del M\u00e1ster \u201centre distintas instituciones del Estado en M\u00e9xico\u201d.<\/span><\/p>\n<div id=\"attachment_15512\" class=\"wp-caption alignleft\" style=\"text-align: justify;\">\n<figure id=\"attachment_15017\" aria-describedby=\"caption-attachment-15017\" style=\"width: 300px\" class=\"wp-caption alignleft\"><a href=\"https:\/\/puntocritico.com\/ausajpuntocritico\/wp-content\/uploads\/2018\/11\/2011102710570055717-300x200.jpg\" rel=\"lightbox[15006]\"><img loading=\"lazy\" decoding=\"async\" class=\"wp-image-15017 size-full\" src=\"https:\/\/puntocritico.com\/ausajpuntocritico\/wp-content\/uploads\/2018\/11\/2011102710570055717-300x200.jpg\" alt=\"\" width=\"300\" height=\"200\" srcset=\"https:\/\/puntocritico.com\/ausajpuntocritico\/wp-content\/uploads\/2018\/11\/2011102710570055717-300x200.jpg 300w, https:\/\/puntocritico.com\/ausajpuntocritico\/wp-content\/uploads\/2018\/11\/2011102710570055717-300x200-225x150.jpg 225w\" sizes=\"auto, (max-width: 300px) 100vw, 300px\" \/><\/a><figcaption id=\"caption-attachment-15017\" class=\"wp-caption-text\"><span style=\"font-size: 10pt; color: #339966;\"><strong>El magistrado Maza, en uno de sus viajes pagados a Canarias: hablaba de \u201cbandas y camorra\u201d junto al abogado de la G\u00fcrtel<\/strong><\/span><\/figcaption><\/figure><br \/>\n<\/p>\n<p class=\"wp-caption-text\">\u00a0<\/p>\n<\/div>\n<p style=\"text-align: justify;\"><span style=\"font-family: arial, helvetica, sans-serif; font-size: 14pt;\">Magistrados\u00a0<strong>Jos\u00e9 Manuel Maza Mart\u00edn<\/strong>,\u00a0<strong>S\u00e1nchez Melgar y Manuel Marchena<\/strong>: En el plantel de profesores de esta empresa \u201cfiguran los magistrados del TS\u00a0<strong>Maza Mart\u00edn, S\u00e1nchez Melgar y Manuel Marchena,<\/strong>\u00a0presidente de la Sala Segunda del TS [la que juzga a los pol\u00edticos], mas numerosos jueces y fiscales que figuran como reclamo para los cursos de este Centro. En el M\u00e1ster, los alumnos pagan por matr\u00edcula 14.000 euros y en el Curso de Derecho Penal en Gen\u00e9tica y Nuevas Tecnolog\u00edas figuran como profesores los magistrados del TS\u00a0<strong>Maza Mart\u00edn y S\u00e1nchez Melgar<\/strong>. \u201cResulta preocupante, para la imagen de jueces y magistrados, hallar en internet desde hace varios a\u00f1os una\u00a0<strong>enumeraci\u00f3n de jueces, en particular los del Tribunal Supremo, como reclamo para los cursos de una academia privada<\/strong>\u201c, se\u00f1ala Villarejo.<\/span><\/p>\n<div id=\"attachment_15514\" class=\"wp-caption alignleft\" style=\"text-align: justify;\">\n<figure id=\"attachment_15016\" aria-describedby=\"caption-attachment-15016\" style=\"width: 300px\" class=\"wp-caption alignleft\"><a href=\"https:\/\/puntocritico.com\/ausajpuntocritico\/wp-content\/uploads\/2018\/11\/1285229759_0-300x199.jpg\" rel=\"lightbox[15006]\"><img loading=\"lazy\" decoding=\"async\" class=\"wp-image-15016 size-full\" src=\"https:\/\/puntocritico.com\/ausajpuntocritico\/wp-content\/uploads\/2018\/11\/1285229759_0-300x199.jpg\" alt=\"\" width=\"300\" height=\"199\" srcset=\"https:\/\/puntocritico.com\/ausajpuntocritico\/wp-content\/uploads\/2018\/11\/1285229759_0-300x199.jpg 300w, https:\/\/puntocritico.com\/ausajpuntocritico\/wp-content\/uploads\/2018\/11\/1285229759_0-300x199-226x150.jpg 226w\" sizes=\"auto, (max-width: 300px) 100vw, 300px\" \/><\/a><figcaption id=\"caption-attachment-15016\" class=\"wp-caption-text\"><span style=\"font-size: 10pt; color: #339966;\"><strong>El juez Juan Saavedra, patrocinado por Caja 7<\/strong><\/span><\/figcaption><\/figure><br \/>\n<\/p>\n<p class=\"wp-caption-text\">\u00a0<\/p>\n<\/div>\n<p style=\"text-align: justify;\"><span style=\"font-family: arial, helvetica, sans-serif; font-size: 14pt;\">Ex magistrado\u00a0<strong>Juan Saavedra<\/strong>\u00a0y letrado\u00a0<strong>Jos\u00e9 Antonio<\/strong>\u00a0<strong>Chocl\u00e1n<\/strong>: \u201cEn las Canarias, la entidad econ\u00f3mica\u00a0<strong>Caja7<\/strong>\u00a0patrocina diversos actos en los que intervienen el magistrado de la Sala Segunda,\u00a0<strong>Maza Mart\u00edn<\/strong>\u00a0y el letrado\u00a0<strong>Chocl\u00e1n<\/strong>, defensor del imputado\u00a0<strong>Correa<\/strong>\u00a0en la causa penal contra la\u00a0<strong>trama G\u00fcrtel<\/strong>\u00a0y que actu\u00f3 como acusador particular, en representaci\u00f3n de dicho imputado, en la causa penal contra el magistrado\u00a0<strong>Garz\u00f3n\u00a0<\/strong>por las escuchas del\u00a0<strong>caso G\u00fcrtel.<\/strong>\u00a0Bajo el patrocinio de<strong>Iuris Comer Canarias S. L<\/strong>., empresa, entre otras actividades, de distribuci\u00f3n de fondos bibliogr\u00e1ficos, los d\u00edas 25 y 26 de junio de 2009, se celebra en Tenerife un Curso sobre \u201cLa prueba il\u00edcita penal\u201d en el que particip\u00f3 el expresidente de la Sala<strong>\u00a0Juan Saavedra<\/strong>\u00a0y el letrado\u00a0<strong>Chocl\u00e1n<\/strong>\u201c.<\/span><\/p>\n<div id=\"attachment_15515\" class=\"wp-caption alignleft\" style=\"text-align: justify;\">\n<figure id=\"attachment_15015\" aria-describedby=\"caption-attachment-15015\" style=\"width: 300px\" class=\"wp-caption alignleft\"><a href=\"https:\/\/puntocritico.com\/ausajpuntocritico\/wp-content\/uploads\/2018\/11\/1328797555966correadn-300x174.jpg\" rel=\"lightbox[15006]\"><img loading=\"lazy\" decoding=\"async\" class=\"wp-image-15015 size-full\" src=\"https:\/\/puntocritico.com\/ausajpuntocritico\/wp-content\/uploads\/2018\/11\/1328797555966correadn-300x174.jpg\" alt=\"\" width=\"300\" height=\"174\" srcset=\"https:\/\/puntocritico.com\/ausajpuntocritico\/wp-content\/uploads\/2018\/11\/1328797555966correadn-300x174.jpg 300w, https:\/\/puntocritico.com\/ausajpuntocritico\/wp-content\/uploads\/2018\/11\/1328797555966correadn-300x174-259x150.jpg 259w\" sizes=\"auto, (max-width: 300px) 100vw, 300px\" \/><\/a><figcaption id=\"caption-attachment-15015\" class=\"wp-caption-text\"><span style=\"font-size: 10pt; color: #339966;\"><strong>El abogado Chocl\u00e1n, defiende a Correa, el \u201ccapo\u201d de la mafia G\u00fcrtel<\/strong><\/span><\/figcaption><\/figure><br \/>\n<\/p>\n<p class=\"wp-caption-text\">\u00a0<\/p>\n<\/div>\n<p style=\"text-align: justify;\"><span style=\"font-family: arial, helvetica, sans-serif; font-size: 14pt;\">\u201cLos d\u00edas 25 y 26 de Junio de 2009, en la sede de\u00a0<strong>Caja7<\/strong>,\u00a0<strong>Juan Saavedra<\/strong>\u00a0\u201cinterviene junto al citado letrado en unas Jornadas en Tenerife sobre la<em>Prueba il\u00edcita penal.<\/em>\u00a0Mas tarde, los d\u00edas 21 y 22 de enero de 2010, en la Universidad de Las Palmas participan en otro evento el letrado\u00a0<strong>Chocl\u00e1n<\/strong>\u00a0y el magistrado\u00a0<strong>Maza Mart\u00edn<\/strong>\u00a0sobre\u00a0<em>La delincuencia medioambiental en Canarias.<\/em>\u00a0Y, nuevamente, el 3 de Noviembre de 2011, con el patrocinio de\u00a0<strong>Caja7<\/strong>y otras entidades, como\u00a0<strong>Iuris Vegueta,<\/strong>\u00a0el letrado y magistrado anteriormente citados participan, de nuevo en Tenerife, en las III Jornadas de delincuencia y econ\u00f3mica y blanqueo de capitales. El 26 de Octubre de 2007, se celebra en la Sala de Conferencias de\u00a0<strong>Cajamar<\/strong>\u00a0la VII Semana Jur\u00eddica Malacitana. Semana en la que, seg\u00fan inform\u00f3 Cajamar, participaron \u201cmiembros relevantes de la judicatura espa\u00f1ola\u201d. Entre ellos, los magistrados\u00a0<strong>Juan Saavedra, Manuel Marchena y Miguel Colmenero.<\/strong>\u00a0El 10 de noviembre de 2008, en la Sala ya citada se celebra una conferencia sobre\u00a0<em>La ejecuci\u00f3n de las sentencias penales: disfunciones y carencias<\/em>\u00a0que modera el expresidente\u00a0<strong>Saavedra\u201d<\/strong>.<\/span><\/p>\n<div id=\"attachment_15516\" class=\"wp-caption alignleft\" style=\"text-align: justify;\">\n<figure id=\"attachment_15014\" aria-describedby=\"caption-attachment-15014\" style=\"width: 142px\" class=\"wp-caption alignleft\"><a href=\"https:\/\/puntocritico.com\/ausajpuntocritico\/wp-content\/uploads\/2018\/11\/foto-jmdiazarias.jpg\" rel=\"lightbox[15006]\"><img loading=\"lazy\" decoding=\"async\" class=\"wp-image-15014 size-full\" src=\"https:\/\/puntocritico.com\/ausajpuntocritico\/wp-content\/uploads\/2018\/11\/foto-jmdiazarias.jpg\" alt=\"\" width=\"142\" height=\"117\" \/><\/a><figcaption id=\"caption-attachment-15014\" class=\"wp-caption-text\"><span style=\"font-size: 10pt; color: #339966;\"><strong>D\u00edaz Arias: tiene a sueldo al magistrado Saavedra<\/strong><\/span><\/figcaption><\/figure><br \/>\n<\/p>\n<p class=\"wp-caption-text\">\u00a0<\/p>\n<\/div>\n<p style=\"text-align: justify;\"><span style=\"font-family: arial, helvetica, sans-serif; font-size: 14pt;\"><strong>Bufete D\u00edaz Aria<\/strong>s y empresa\u00a0<strong>Datadiar<\/strong>. \u201cEn noviembre de 2009,\u00a0<strong>Cajamar<\/strong>convoca un nuevo acto en M\u00e1laga sobre\u00a0<em>El Tribunal Supremo en la Constituci\u00f3n<\/em>\u00a0en el que tambi\u00e9n interviene el expresidente\u00a0<strong>Saavedra<\/strong>. Acto que fue retransmitido por la empresa\u00a0<strong>Datadiar<\/strong>. Con relaci\u00f3n a\u00a0<strong>Saavedra<\/strong>, debe destacarse su condici\u00f3n de miembro del Consejo Asesor del Centro de Formaci\u00f3n\u00a0<strong>Datadiar<\/strong>. Centro que dirige el letrado\u00a0<strong>Jos\u00e9 Manuel D\u00edaz-Arias<\/strong>, principal responsable del\u00a0<strong>Bufete D\u00edaz-Arias<\/strong>, con despachos en Madrid, Barcelona y California (EEUU). Magistrados de diversas instancias judiciales, entre los que figura el presidente\u00a0<strong>Saavedra<\/strong>, se han ocupado de realizar una labor de asesoramiento para la citada empresa\u201d.<\/span><\/p>\n<div id=\"attachment_15517\" class=\"wp-caption alignleft\" style=\"text-align: justify;\">\n<figure id=\"attachment_15013\" aria-describedby=\"caption-attachment-15013\" style=\"width: 360px\" class=\"wp-caption alignleft\"><a href=\"https:\/\/puntocritico.com\/ausajpuntocritico\/wp-content\/uploads\/2018\/11\/2009-02-05_IMG_2009-01-29_01.46.50__1431336-300x224.jpg\" rel=\"lightbox[15006]\"><img loading=\"lazy\" decoding=\"async\" class=\"wp-image-15013\" src=\"https:\/\/puntocritico.com\/ausajpuntocritico\/wp-content\/uploads\/2018\/11\/2009-02-05_IMG_2009-01-29_01.46.50__1431336-300x224.jpg\" alt=\"\" width=\"360\" height=\"269\" srcset=\"https:\/\/puntocritico.com\/ausajpuntocritico\/wp-content\/uploads\/2018\/11\/2009-02-05_IMG_2009-01-29_01.46.50__1431336-300x224.jpg 300w, https:\/\/puntocritico.com\/ausajpuntocritico\/wp-content\/uploads\/2018\/11\/2009-02-05_IMG_2009-01-29_01.46.50__1431336-300x224-201x150.jpg 201w, https:\/\/puntocritico.com\/ausajpuntocritico\/wp-content\/uploads\/2018\/11\/2009-02-05_IMG_2009-01-29_01.46.50__1431336-300x224-80x60.jpg 80w\" sizes=\"auto, (max-width: 360px) 100vw, 360px\" \/><\/a><figcaption id=\"caption-attachment-15013\" class=\"wp-caption-text\"><span style=\"font-size: 10pt; color: #339966;\"><strong>Sentados, Ram\u00f3n Hermosilla Gimeno, Ram\u00f3n Hermosilla Mart\u00edn (fundador) y Bernardo Guti\u00e9rrez de la Roza; de pie, Javier Rodr\u00edguez, Antonio Murillo, Miguel G. Vigil, Jorge \u00c1lvarez, Sandra Cabrero, Eutimio Mart\u00ednez y Pedro Rodr\u00edguez Rodero.<\/strong><\/span><\/figcaption><\/figure>\n<\/div>\n<p style=\"text-align: justify;\"><span style=\"font-family: arial, helvetica, sans-serif; font-size: 14pt;\">\u201cAs\u00edmismo, dispone de una oferta online para la adquisici\u00f3n de publicaciones de ciertos magistrados o visionar sus conferencias, como algunas de los referidos<strong>\u00a0Maza Mart\u00edn y S\u00e1nchez Melgar<\/strong>. En dicho centro, el expresidente de la Sala desarrolla una intensa actividad docente, en la que tambi\u00e9n intervienen algunos de los citados magistrados. Entre otras, los siguientes: los d\u00edas 12 y 13 de marzo de 2007, organiza unas Jornadas de Derecho Penal Econ\u00f3mico que fueron presentadas por el expresidente<strong>\u00a0Saavedra<\/strong>\u00a0y en la participaron los magistrados\u00a0<strong>Manuel Marchena y Maza Mart\u00edn<\/strong>. Los d\u00edas 16 a 18 de noviembre de 2010, se celebran las Jornadas sobre el C. Penal en el juego online, Jornadas que tambi\u00e9n fueron patrocinadas por el\u00a0<strong>Centro Internacional Carlos V<\/strong>y la\u00a0<strong>Asociaci\u00f3n de Comunicadores e Informadores Jur\u00eddicos<\/strong>\u00a0(ACIJUR). En ellas participaron el ex presidente\u00a0<strong>Saavedra<\/strong>\u00a0y los magistrados\u00a0<strong>Marchena y Maza<\/strong>\u201c.<\/span><\/p>\n<div id=\"attachment_15522\" class=\"wp-caption alignleft\" style=\"text-align: justify;\">\n<figure id=\"attachment_15012\" aria-describedby=\"caption-attachment-15012\" style=\"width: 300px\" class=\"wp-caption alignleft\"><a href=\"https:\/\/puntocritico.com\/ausajpuntocritico\/wp-content\/uploads\/2018\/11\/1295904758_0.jpg\" rel=\"lightbox[15006]\"><img loading=\"lazy\" decoding=\"async\" class=\"wp-image-15012 size-full\" src=\"https:\/\/puntocritico.com\/ausajpuntocritico\/wp-content\/uploads\/2018\/11\/1295904758_0.jpg\" alt=\"\" width=\"300\" height=\"200\" srcset=\"https:\/\/puntocritico.com\/ausajpuntocritico\/wp-content\/uploads\/2018\/11\/1295904758_0.jpg 300w, https:\/\/puntocritico.com\/ausajpuntocritico\/wp-content\/uploads\/2018\/11\/1295904758_0-225x150.jpg 225w\" sizes=\"auto, (max-width: 300px) 100vw, 300px\" \/><\/a><figcaption id=\"caption-attachment-15012\" class=\"wp-caption-text\"><span style=\"font-size: 10pt; color: #339966;\"><strong>Adolfo Su\u00e1rez (hijo), socio de Hermosilla<\/strong><\/span><\/figcaption><\/figure><br \/>\n<\/p>\n<p class=\"wp-caption-text\">\u00a0<\/p>\n<\/div>\n<p style=\"text-align: justify;\"><span style=\"font-family: arial, helvetica, sans-serif; font-size: 14pt;\">Despacho\u00a0<strong>Hermosilla y Guti\u00e9rrez de la Roza<\/strong>: \u201cEl 20 de mayo de 2011, el expresidente\u00a0<strong>Saavedra<\/strong>\u00a0preside el Jurado que ha de otorgar el\u00a0<strong>Premio C\u00e1tedra Jos\u00e9 Mar\u00eda Cervell\u00f3<\/strong>convocado por dicha c\u00e1tedra,\u00a0<strong>la IE Law School y el Despacho de Abogados Hermosilla y Guti\u00e9rrez de la Roza.<\/strong>\u00a0Entre las numerosas actividades extrajudiciales del ex presidente\u00a0<strong>Saavedra<\/strong>, debe citarse su participaci\u00f3n en las II Jornada Jur\u00eddica de Ceuta, convocada por el Gobierno<\/span><\/p>\n<p style=\"text-align: justify;\">\u00a0<\/p>\n<p>&nbsp;<\/p>\n<p style=\"text-align: justify;\"><span style=\"font-family: arial, helvetica, sans-serif; font-size: 14pt;\"><a href=\"https:\/\/puntocritico.com\/ausajpuntocritico\/wp-content\/uploads\/2016\/11\/Mosca_Punto_Cr\u00edtico_40.png\" rel=\"lightbox[15006]\"><img loading=\"lazy\" decoding=\"async\" class=\"size-full wp-image-48 aligncenter\" src=\"https:\/\/puntocritico.com\/ausajpuntocritico\/wp-content\/uploads\/2016\/11\/Mosca_Punto_Cr\u00edtico_40.png\" alt=\"\" width=\"50\" height=\"50\" \/><\/a><\/span><\/p>\n<h1>\u00a0<\/h1>\n<h1 style=\"text-align: center;\"><span style=\"font-size: 24pt; font-family: georgia, palatino, serif;\"><strong><a id=\"ref18\"><\/a><a href=\"#ref18a\">[18]<\/a> ENTREVISTA AL COPORTAVOZ DE ERC EN EL CONGRESO Gabriel Rufi\u00e1n: \u00abSomos muy conscientes de que gran parte del Parlament ser\u00e1 inhabilitado\u00bb<\/strong><\/span><\/h1>\n<p style=\"text-align: justify;\">\u00a0<\/p>\n<div style=\"text-align: justify;\"><span style=\"color: #339966;\">Entrevista realizada por Carlos Enrique Bayo publicada en el diario digital publico<\/span><\/div>\n<div><span style=\"color: #339966;\"><a style=\"color: #339966;\" href=\"http:\/\/www.publico.es\/politica\/entrevista-coportavoz-erc-congreso-rufian.html\" target=\"_blank\" rel=\"noopener\">http:\/\/www.publico.es\/politica\/entrevista-coportavoz-erc-congreso-rufian.html<\/a><\/span><\/div>\n<p>&nbsp;<\/p>\n<p id=\"m114-113-115\" style=\"text-align: justify;\"><span style=\"font-size: 14pt; font-family: arial, helvetica, sans-serif;\">Sus oficinas en el Congreso de los Diputados (las de ERC) no est\u00e1n en el edificio de los leones ni en el contiguo, sino en la acera de enfrente de la Carrera de San Jer\u00f3nimo, como si ya estuvieran alej\u00e1ndose del Parlamento espa\u00f1ol que prometen abandonar en cuanto Catalunya declare la independencia. All\u00ed, el despacho de Gabriel Rufi\u00e1n\u00a0Romero (Santa Coloma de Gramanet, 1982), coportavoz de Esquerra Republicana, es angosto y abarrotado de papeles&#8230; desorden por el que se excusa antes de empezar la entrevista.<\/span><\/p>\n<p id=\"m119-1-120\" style=\"text-align: justify;\"><span style=\"font-size: 14pt; font-family: arial, helvetica, sans-serif;\">El <i>enfant terrible<\/i> de las Cortes es mucho m\u00e1s afable y apacible de lo que aparenta en sus intervenciones desde la tribuna de oradores de la C\u00e1mara o <a title=\"Rufi\u00e1n, a De Alfonso: &#039;Hasta luego, g\u00e1nster, nos veremos en el infierno&#039;\" href=\"http:\/\/www.publico.es\/politica\/comision-investigacion-brigada-politica-rufian.html\" target=\"_blank\" rel=\"noopener noreferrer\">cuando llam\u00f3 \u00abg\u00e1nster\u00bb al exdirector de la Oficina Antifrau de Catalunya (OAC), Daniel de Alfonso<\/a>,\u00a0al interrogarlo en la comisi\u00f3n de investigaci\u00f3n del Congreso sobre <a title=\"Pero \u00bfqui\u00e9n y c\u00f3mo grab\u00f3 al ministro del Interior en su despacho oficial?\" href=\"http:\/\/www.publico.es\/politica\/y-grabo-al-ministro-del.html\" target=\"_blank\" rel=\"noopener noreferrer\">la <i>brigada pol\u00edtica<\/i> del exministro del Interior Jorge Fern\u00e1ndez D\u00edaz\u00a0que desvel\u00f3 <i>P\u00fablico<\/i>al difundir las grabaciones en su despacho oficial.<\/a><\/span><\/p>\n<p id=\"m124-2-125\" style=\"text-align: justify;\"><span style=\"font-size: 14pt; font-family: arial, helvetica, sans-serif;\">As\u00ed que lo mejor es no andarse con rodeos:<\/span><\/p>\n<h2 id=\"m129-3-130\" class=\"question\" style=\"text-align: justify;\"><span style=\"font-size: 14pt; font-family: arial, helvetica, sans-serif;\">\u00bfCu\u00e1ndo se va a producir finalmente el choque de trenes entre el Estado y Catalunya?<\/span><\/h2>\n<p id=\"m139-5-140\" style=\"text-align: justify;\"><span style=\"font-size: 14pt; font-family: arial, helvetica, sans-serif;\">Nosotros, despu\u00e9s de esta <i>Gestapo <\/i>espa\u00f1ola que estamos investigando en esta comisi\u00f3n, que seguramente ser\u00e1 cerrada, entendemos que su \u00aboperaci\u00f3n di\u00e1logo\u00bb no es m\u00e1s que micr\u00f3fonos en despachos, polic\u00eda o brigadas patri\u00f3ticas, amenazas, titulares, sentencias, inhabilitaciones\u2026 esa es la <i>operaci\u00f3n di\u00e1logo<\/i>. A nosotros nos sorprende, porque casi es un insulto a la inteligencia. Cuando nos dicen: \u201cEs que no quer\u00e9is dialogar\u201d. Bueno, es que nos inhabilitan. \u00c9se es el di\u00e1logo del Estado espa\u00f1ol\u2026 Dicho esto, pues el choque de trenes desgraciadamente vendr\u00e1 cuando el Parlament de Catalunya, a tenor de las mayor\u00edas absolutas que tiene, empiece a aprobar leyes de desconexi\u00f3n, de independencia\u2026 En definitiva, cuando el Parlament apruebe o cree el nuevo marco legal catal\u00e1n, bajo el que estar\u00e1 el refer\u00e9ndum de autodeterminaci\u00f3n.<\/span><\/p>\n<h2 id=\"m144-6-145\" class=\"question\" style=\"text-align: justify;\"><span style=\"font-size: 14pt; font-family: arial, helvetica, sans-serif;\">\u00bfSe est\u00e1n descolgando los comunes [los de Catalunya en Com\u00fa, de la alcaldesa de Barcelona, Ada Colau] del \u00faltimo aceler\u00f3n soberanista hacia el refer\u00e9ndum y la independencia?<\/span><\/h2>\n<p style=\"text-align: justify;\"><span style=\"font-size: 14pt; font-family: arial, helvetica, sans-serif;\">Los comunes no es que se hayan descolgado, es que nunca se hab\u00edan colgado. Hay como un mantra de que Podemos nos ayuda y que est\u00e1 con nosotros, y es al rev\u00e9s: la <i>marca blanca<\/i> de Podemos en Catalunya es Catalunya S\u00ed Que Es Pot [candidatura formada por ICV, EUiA, Podemos y Equo] y entre [Llu\u00eds] Rabell y [Joan] Coscubiela se han alineado con el unionismo m\u00e1s reaccionario. De hecho es gente que, juntamente con PP y con Ciudadanos, piden que vayamos a comisiones de investigaci\u00f3n por cosas que decimos en actos, \u00bfno? Cosa que sorprende, sobre todo en diputados aparentemente de izquierdas como Rabell y Coscubiela\u2026 Nosotros agradecemos enormemente la valent\u00eda que est\u00e1 demostrando Albano Dante Fach\u00edn, el representante de Podemos en esa coalici\u00f3n En Com\u00fa, y no nos sorprende lo de la c\u00fapula de los comunes. Nos consta que la c\u00fapula de los comunes no har\u00e1 absolutamente nada por ayudar\u2026 simplemente porque no lideran\u2026<\/span><\/p>\n<h2 id=\"m159-9-160\" class=\"question\" style=\"text-align: justify;\"><span style=\"font-size: 14pt; font-family: arial, helvetica, sans-serif;\">\u00bfPor \u2018la c\u00fapula de los comunes\u2019 te refieres a Ada Colau y su equipo?<\/span><\/h2>\n<p id=\"m164-10-165\" style=\"text-align: justify;\"><span style=\"font-size: 14pt; font-family: arial, helvetica, sans-serif;\">Colau, [Xavier] Dom\u00e8nech\u2026 S\u00ed, s\u00ed, no har\u00e1n absolutamente nada. Hay una frase que creo que lo define muy bien y que dice gente mayor que yo, que es: \u201cSi todos aquellos que dicen hoy que corrieron frente a los grises [la Polic\u00eda Nacional del Franquismo] hubieran corrido delante de los grises, habr\u00edamos ganado\u201d. Estamos convencidos de que toda esta gente dir\u00e1 al d\u00eda siguiente: \u201cS\u00ed, ganamos\u201d, y que eran independentistas de toda la vida. Pero no har\u00e1n nada por ayudar. Y lo digo con pesar, desde la experiencia y despu\u00e9s de conocer a las personas.<\/span><\/p>\n<h2 id=\"m169-11-170\" class=\"question\" style=\"text-align: justify;\"><span style=\"font-size: 14pt; font-family: arial, helvetica, sans-serif;\">\u00bfCrees que es posible que salga adelante el proc\u00e8s de independencia?<\/span><\/h2>\n<p id=\"m174-12-175\" style=\"text-align: justify;\"><span style=\"font-size: 14pt; font-family: arial, helvetica, sans-serif;\">A nosotros \u2013y lo digo con respeto y con afinidad\u2013 nos da igual lo que pueda llegar a decir Colau. Nosotros interpelamos a sus votantes y estamos absolutamente convencidos \u2013y no lo digo yo, lo dicen las encuestas\u2013 de que la gran mayor\u00eda de los votantes de los comunes son autodeterministas\u2026 Es gente que quiere votar en un refer\u00e9ndum [de autodeterminaci\u00f3n]. Quiere votar que <i>s\u00ed <\/i>y quiere votar que <i>no<\/i>, que es otra postura tan leg\u00edtima como la del <i>s\u00ed<\/i>. En cambio su c\u00fapula no se posiciona, simplemente porque juegan un poco a ese equilibrio, a ver qu\u00e9 pasa. Y nosotros estamos convencidos de que si el 80% de los catalanes quieren votar, pues votar\u00e1n\u2026 tanto los del <i>s\u00ed <\/i>como los del <i>no<\/i>, que tambi\u00e9n son dem\u00f3cratas, claro.<\/span><\/p>\n<h2 id=\"m179-13-180\" class=\"question\" style=\"text-align: justify;\"><span style=\"font-size: 14pt; font-family: arial, helvetica, sans-serif;\">Pero si se produce otro 9-N, va a ser poco homologable\u2026 Con la resistencia activa de todas las instituciones del Estado espa\u00f1ol, va a ser muy dif\u00edcil poder votar, \u00bfno?<\/span><\/h2>\n<p style=\"text-align: justify;\"><span style=\"font-size: 14pt; font-family: arial, helvetica, sans-serif;\">Las diferencias con respecto al 9-N son obvias: primero, hay una mayor\u00eda independentista total y absoluta en el Parlament de Catalunya, y eso puede parecer una an\u00e9cdota pero no pasaba el 9-N. Segundo, existe un Gobierno decidido a iniciarlo y a terminarlo, con Puigdemont y Junqueras, y eso no pasaba el 9-N. Y tercero \u2013aunque eso s\u00ed que pasaba el 9-N\u2013, guste m\u00e1s o guste menos hay centenares de miles de personas en la calle pidiendo votar. Y a esa gente les puedes decir que la Constituci\u00f3n o que la legalidad o que los jueces\u2026 pero es imparable. Tambi\u00e9n es preciso recordar que el Parlament de Catalunya aprobar\u00e1 leyes que conformar\u00e1n una legalidad que permitir\u00e1 votar con todas las garant\u00edas. La diferencia con el 9-N es que pasar\u00e1n cosas al d\u00eda siguiente. Gane el <i>s\u00ed <\/i>o gane el <i>no<\/i>.<\/span><\/p>\n<h2 id=\"m194-16-195\" class=\"question\" style=\"text-align: justify;\"><span style=\"font-size: 14pt; font-family: arial, helvetica, sans-serif;\">\u00bfQu\u00e9 pasar\u00e1 al d\u00eda siguiente?<\/span><\/h2>\n<p id=\"m199-17-200\" style=\"text-align: justify;\"><span style=\"font-size: 14pt; font-family: arial, helvetica, sans-serif;\">Lo que no pasar\u00e1 es que se fraccione la Tierra o deje de salir el Sol o lleguen las siete plagas b\u00edblicas. Si gana el <i>s\u00ed<\/i>, se iniciar\u00e1 el proceso de autodeterminaci\u00f3n de Catalunya con unas elecciones constituyentes. Y si gana el <i>no<\/i>, pues habr\u00e1 unas elecciones auton\u00f3micas. Pura democracia.<\/span><\/p>\n<h2 id=\"m204-18-205\" class=\"question\" style=\"text-align: justify;\"><span style=\"font-size: 14pt; font-family: arial, helvetica, sans-serif;\">\u00bfSon las auton\u00f3micas una alternativa en el caso de que se tomen medidas coactivas que impidan un refer\u00e9ndum en condiciones?<\/span><\/h2>\n<p id=\"m209-19-210\" style=\"text-align: justify;\"><span style=\"font-size: 14pt; font-family: arial, helvetica, sans-serif;\">El que crea que no se va a hacer el refer\u00e9ndum, o el que tenga miedo de que no se vaya a hacer, que espere a dentro de tres o cuatro meses.<\/span><\/p>\n<h2 id=\"m214-20-215\" class=\"question\" style=\"text-align: justify;\"><span style=\"font-size: 14pt; font-family: arial, helvetica, sans-serif;\">Pero la propia Soraya S\u00e1enz de Santamar\u00eda, que era la que ten\u00eda que dialogar con el Govern para encontrar una salida negociada, ha dicho que se tomar\u00e1n medidas dr\u00e1sticas para impedir que se vote\u2026<\/span><\/h2>\n<p id=\"m219-21-220\" style=\"text-align: justify;\"><span style=\"font-size: 14pt; font-family: arial, helvetica, sans-serif;\">Pues nosotros le damos la bienvenida. A ver si as\u00ed se dan cuenta de que tenemos un Estado en contra. Ya llevamos cuatro o cinco a\u00f1os despert\u00e1ndonos cada ma\u00f1ana con titulares, con editoriales, con amenazas, con inhabilitaciones\u2026 A nosotros nos han inhabilitado a pol\u00edticos simplemente por ser independentistas: tenemos un compa\u00f1ero que no tiene absolutamente nada que ver conmigo a nivel ideol\u00f3gico, como el se\u00f1or [Francesc] Homs [exconseller de Converg\u00e8ncia], que han inhabilitado; que no puede estar aqu\u00ed simplemente porque dio el OK al 9-N. Aqu\u00ed podr\u00eda estar por ejemplo el asesino de Guillem Agull\u00f3 [independentista valenciano asesinado en 1993 por j\u00f3venes fascistas que hoy dirigen el partido ultraderechista Alianza Nacional]. Podr\u00eda estar aqu\u00ed, en el Congreso. No pasar\u00eda nada. En cambio, Francesc Homs no puede estar. Yo creo que eso es una anomal\u00eda a la que nos hemos acostumbrado\u2026<\/span><\/p>\n<p style=\"text-align: justify;\"><span style=\"font-size: 14pt; font-family: arial, helvetica, sans-serif;\">Todos nos preguntan: \u201c\u00bfY qu\u00e9 vais a hacer?\u201d Al final la pregunta no es tanto qu\u00e9 haremos nosotros sino qu\u00e9 va a hacer el Estado espa\u00f1ol, a trav\u00e9s de Soraya o de quien sea, para evitarlo. A m\u00ed me resultar\u00eda mucho m\u00e1s interesante que estuviera aqu\u00ed Soraya para explicar c\u00f3mo lo va a hacer para evitar\u2026 Lo que s\u00ed que entendemos, y somos muy conscientes, y casi es dram\u00e1tico, es que Carme Forcadell ser\u00e1 inhabilitada, y Oriol Junqueras ser\u00e1 inhabilitado\u2026 gran parte del Parlament de Catalunya ser\u00e1 inhabilitado. Tendremos editoriales, tendremos amenazas, tendremos tertulias en todas las teles posibles\u2026 Pero con todo y con eso, la gente sigue queriendo votar. \u00c9se es otro de los mantras que sorprende mucho aqu\u00ed, en Madrid, y que seguramente no es gratuito: cuando quieren hacer ver que esto es de un partido, que esto es de un pol\u00edtico. Yo recuerdo casi con simpat\u00eda cuando dec\u00edan que Pujol era independentista. Pujol es un tipo que pact\u00f3 con Felipe Gonz\u00e1lez y luego con Aznar y fue autonomista toda su vida\u2026 \u00a1Incluso lleg\u00f3 a ser espa\u00f1ol del a\u00f1o! Y tambi\u00e9n sorprende cuando dec\u00edan que todo esto iba de Mas. Que era una enfermedad de Mas. O ahora cuando dicen que todo esto es una enfermedad de Puigdemont. Que vayan a la Diada y vean la cantidad de gente que sale a la calle. O la que hay cada semana en cualquier acto. Supongo que son mantras que seg\u00fan en qu\u00e9 teles y medios venden mucho.<\/span><\/p>\n<h2 id=\"m234-24-235\" class=\"question\" style=\"text-align: justify;\"><span style=\"font-size: 14pt; font-family: arial, helvetica, sans-serif;\">Bueno, quiz\u00e1 los mayores generadores de independentistas son los que toman esas medidas coercitivas, amenazas e inhabilitaciones.<\/span><\/h2>\n<p id=\"m239-25-240\" style=\"text-align: justify;\"><span style=\"font-size: 14pt; font-family: arial, helvetica, sans-serif;\">Yo no lo digo con alegr\u00eda, pero el PP, Rajoy, Soraya, el Tribunal Constitucional, los medios afines\u2026 hacen lo que hacen porque as\u00ed ganan elecciones. Rajoy lleva a Carme Forcadell [presidenta del Parlament] a un juzgado para que la inhabiliten porque as\u00ed gana elecciones. \u00c9se es el principal encontronazo que tenemos con los compa\u00f1eros de Podemos o de los comunes. Ellos ignoran o quieren ignorar el hecho de que el PP gana elecciones haciendo lo que hace. Y nosotros les decimos que nos sabe muy mal, pero es as\u00ed. De hecho, N\u00fa\u00f1ez Feij\u00f3o [l\u00edder del PP en Galicia], por ejemplo, compar\u00f3 el independentismo con la ETA. Consecuencia: mayor\u00eda absoluta. Susana D\u00edaz [presidenta andaluza, del PSOE] ha sido durante mucho tiempo el mirlo blanco de la izquierda espa\u00f1ola y compar\u00f3 el independentismo con los robos. Miguel \u00c1ngel Rodr\u00edguez [exportavoz del Gobierno de Aznar], ayer, compar\u00f3 el independentismo con violaciones a su hija. \u00bfConsecuencias? Cero. Y hacen lo que hacen porque as\u00ed ganan elecciones. Y repito, no lo digo con alegr\u00eda.<\/span><\/p>\n<h2 id=\"m244-26-245\" class=\"question\" style=\"text-align: justify;\"><span style=\"font-size: 14pt; font-family: arial, helvetica, sans-serif;\">Tambi\u00e9n es porque el sistema electoral prima los votos en zonas rurales, en provincias despobladas\u2026 Pero el PP ha perdido gran parte de su fuerza pol\u00edtica en muchas grandes comunidades, como Catalunya, Valencia, Euskadi, Arag\u00f3n&#8230;<\/span><\/h2>\n<p style=\"text-align: justify;\"><span style=\"font-size: 14pt; font-family: arial, helvetica, sans-serif;\">La \u00fanica amenaza para el r\u00e9gimen del 78, la verdadera moci\u00f3n de censura a Rajoy, es el refer\u00e9ndum catal\u00e1n de autodeterminaci\u00f3n. Esa es la \u00fanica derrota que tiene Rajoy en el horizonte<\/span><\/p>\n<p id=\"m254-28-255\" style=\"text-align: justify;\"><span style=\"font-size: 14pt; font-family: arial, helvetica, sans-serif;\">Me encantar\u00eda creerlo, pero opino radicalmente en contra de ese diagn\u00f3stico. De hecho, hay un mapa muy significativo despu\u00e9s de las \u00faltimas elecciones que es todo azul, todo azul, excepto Euskal Herr\u00eda y Catalunya. Me encantar\u00eda creer que el PP est\u00e1 perdiendo, que est\u00e1 de capa ca\u00edda. Pero aunque hagamos esa ciencia ficci\u00f3n, \u00bfacaso el PSOE es diferente con respecto a Catalunya? No lo es. De hecho, tenemos a insignes l\u00edderes del PSOE diciendo aut\u00e9nticas barbaridades de lo que estamos haciendo en Catalunya, que es simplemente que la gente vote. Y donde no llegue el PP y no llegue el PSOE, llegar\u00e1 Ciudadanos. Que no est\u00e1 de capa ca\u00edda. Ojal\u00e1 lo estuviera. Y donde no lleguen estos tres, llegar\u00e1 el Tribunal Constitucional. Yo creo que la \u00fanica amenaza para el r\u00e9gimen del 78, la moci\u00f3n de censura real a Rajoy, somos nosotros, es el refer\u00e9ndum de autodeterminaci\u00f3n en Catalunya. Esa es la \u00fanica derrota que tiene Rajoy en el horizonte. De hecho, convocarlo, gane quien gane, ya ser\u00e1 una derrota para Rajoy. Es la verdadera moci\u00f3n de censura al PP.<\/span><\/p>\n<h2 id=\"m259-29-260\" class=\"question\" style=\"text-align: justify;\"><span style=\"font-size: 14pt; font-family: arial, helvetica, sans-serif;\">Despu\u00e9s de lo ocurrido judicialmente tras el 9-N, \u00bfpuede haber muchos funcionarios catalanes que tengan temor a participar en la organizaci\u00f3n y ejecuci\u00f3n del refer\u00e9ndum por las consecuencias que puede tener para sus puestos y sus carreras profesionales?<\/span><\/h2>\n<p id=\"m264-30-265\" style=\"text-align: justify;\"><span style=\"font-size: 14pt; font-family: arial, helvetica, sans-serif;\">La verdad es que no he llamado a todos y cada uno de los funcionarios de Catalunya, pero creo que le tienen mucho m\u00e1s miedo a Rajoy que a una urna. Al final, repito, se trata de votar. Creemos que, hasta el final, los pol\u00edticos catalanes tenemos que asumir las consecuencias de todo este proceso y proteger, o dejar de lado incluso, a la parte m\u00e1s d\u00e9bil, que son los funcionarios, el cuerpo funcionarial. A todos, incluidos los Mossos d\u2019Escuadra. Pero si gana el refer\u00e9ndum, se crea otra legalidad, otro status quo y, como cualquier proceso de autodeterminaci\u00f3n en la historia contempor\u00e1nea de la Uni\u00f3n Europea (porque ha pasado m\u00e1s veces y no pasaba nada), entonces el cuerpo funcionarial depender\u00e1 de la legislaci\u00f3n catalana.<\/span><\/p>\n<h2 id=\"m269-31-270\" class=\"question\" style=\"text-align: justify;\"><span style=\"font-size: 14pt; font-family: arial, helvetica, sans-serif;\">S\u00ed, claro, temen m\u00e1s a Rajoy que a la urna, por supuesto, lo que temen son las represalias que pueden sufrir.<\/span><\/h2>\n<p id=\"m274-32-275\" style=\"text-align: justify;\"><span style=\"font-size: 14pt; font-family: arial, helvetica, sans-serif;\">Me refiero a que hay una cantinela en Madrid de que \u201cquer\u00e9is poner en peligro a los funcionarios\u201d. Los peligros para los funcionarios son los recortes que hay\u2026 de todas las administraciones, no s\u00f3lo de la central.<\/span><\/p>\n<h2 id=\"m279-33-280\" class=\"question\" style=\"text-align: justify;\"><span style=\"font-size: 14pt; font-family: arial, helvetica, sans-serif;\">\u00bfC\u00f3mo se puede poner en marcha, en la pr\u00e1ctica, esa consulta popular, si la Administraci\u00f3n central toma todo tipo de medidas coercitivas para impedirlo?<\/span><\/h2>\n<p id=\"m284-34-285\" style=\"text-align: justify;\"><span style=\"font-size: 14pt; font-family: arial, helvetica, sans-serif;\">Repito: En el Parlament de Catalunya, de los 135 diputados, 72 est\u00e1n a favor de que la gente pueda llegar a votar en el pr\u00f3ximo oto\u00f1o. Si gana el <i>s\u00ed <\/i>en el refer\u00e9ndum, se crear\u00e1 una nueva legalidad.<\/span><\/p>\n<h2 id=\"m289-35-290\" class=\"question\" style=\"text-align: justify;\"><span style=\"font-size: 14pt; font-family: arial, helvetica, sans-serif;\">\u00bfPero se podr\u00e1 homologar el resultado del refer\u00e9ndum si no se puede efectuar con todas las garant\u00edas?<\/span><\/h2>\n<p style=\"text-align: justify;\"><span style=\"font-size: 14pt; font-family: arial, helvetica, sans-serif;\">Nosotros no esperamos nada del Estado espa\u00f1ol. Pero Espa\u00f1a debe el 100% de su PIB y estar\u00e1 muy interesada el d\u00eda despu\u00e9s [del refer\u00e9ndum] en entenderse con Catalunya. Es nuestra \u00faltima garant\u00eda. La deuda que tiene encima el Estado espa\u00f1ol. Y tambi\u00e9n apelamos continuamente a entidades supranacionales. Europa est\u00e1 atendiendo cada vez m\u00e1s a lo que est\u00e1 sucediendo, sobre todo despu\u00e9s de esta violencia y esta ofensiva judicial del Estado espa\u00f1ol. Nos consta que cada vez hay m\u00e1s y m\u00e1s voces que no acaban de entender no solamente la persecuci\u00f3n pol\u00edtica o judicial a pol\u00edticos, sino tambi\u00e9n el hecho de que la gente no pueda votar. Ha habido casos muy recientes en los que las poblaciones han podido votar. De hecho, procesos electorales de refer\u00e9ndum por parte de dirigentes muy conservadores, como David Cameron [expremier brit\u00e1nico que convoc\u00f3 la consulta en Escocia], que es poco sospechoso de ser antisistema.<\/span><\/p>\n<h2 id=\"m304-38-305\" class=\"question\" style=\"text-align: justify;\"><span style=\"font-size: 14pt; font-family: arial, helvetica, sans-serif;\">Bueno\u2026 en Reino Unido no hay Constituci\u00f3n y aqu\u00ed s\u00ed\u2026<\/span><\/h2>\n<p id=\"m309-39-310\" style=\"text-align: justify;\"><span style=\"font-size: 14pt; font-family: arial, helvetica, sans-serif;\">A m\u00ed me sorprende y me alegra que ahora haya tantos constitucionalistas. Un mont\u00f3n que se acuerda un mogoll\u00f3n de seg\u00fan qu\u00e9 art\u00edculos cuando han estado obviando y violando directamente esa Constituci\u00f3n de forma reiterada en los \u00faltimos cuarenta a\u00f1os, como el art\u00edculo 47, el 128 o el propio Art\u00edculo 135 que cambiaron en una reuni\u00f3n de una noche. Nos parece un ejercicio de hipocres\u00eda absoluto que ahora se acuerden tanto de la Constituci\u00f3n que otras veces no les ha servido para nada.<\/span><\/p>\n<h2 id=\"m314-40-315\" class=\"question\" style=\"text-align: justify;\"><span style=\"font-size: 14pt; font-family: arial, helvetica, sans-serif;\">Seg\u00fan los sondeos, una gran mayor\u00eda de los catalanes quiere votar, pero el resultado lo dan muy igualado. Con las \u00faltimas presiones y advertencias m\u00e1s duras desde el Gobierno, adem\u00e1s de la \u00faltima intervenci\u00f3n de Pedro S\u00e1nchez apoyando al Ejecutivo, \u00bfpodr\u00eda inclinarse una balanza tan igualada?<\/span><\/h2>\n<p id=\"m319-41-320\" style=\"text-align: justify;\"><span style=\"font-size: 14pt; font-family: arial, helvetica, sans-serif;\">Estamos hablando de un partido, el PP, que es el \u00faltimo en las encuestas en Catalunya; de Ciudadanos, que est\u00e1 en el rango del pen\u00faltimo, y el PSOE est\u00e1 ocupando un espacio cada vez m\u00e1s secundario a trav\u00e9s de su marca blanca, el PSC. Si el PSC sigue alineado con el unionismo m\u00e1s reaccionario, ir\u00e1 perdiendo cada vez m\u00e1s apoyo. No lo digo yo, lo dicen los sondeos. Sorprende porque hace cuatro o cinco a\u00f1os sus l\u00edderes, en este caso Pere Navarro, s\u00ed que dec\u00edan de forma abierta que hab\u00eda que hacer un refer\u00e9ndum porque era la mejor forma de solucionar la disputa territorial o nacional. En cambio, ahora dicen lo contrario. La victoria de Pedro S\u00e1nchez creo que ha sido mejor recibida por sectores de Podemos en el Congreso que por la poblaci\u00f3n de Catalunya.<\/span><\/p>\n<p style=\"text-align: justify;\"><span style=\"font-size: 14pt; font-family: arial, helvetica, sans-serif;\">Nos sorprende cuando alguno de los compa\u00f1eros de Podemos nos dice: \u201cAhora, con S\u00e1nchez, todo cambiar\u00e1\u201d. La experiencia que tenemos con \u00e9l es muy negativa. Ya renunci\u00f3 a gobernar su pa\u00eds porque se neg\u00f3 a hablar de urnas en Catalunya. Se negaba a hablar de la naci\u00f3n catalana. Ahora, porque se haya puesto una chupa, en vez de una americana \u2013igual que hac\u00eda Felipe Gonz\u00e1lez con la de pana\u2013 la gente \u00bfc\u00f3mo puede creer que todo va a cambiar? La diferencia entre S\u00e1nchez y Susana D\u00edaz es que S\u00e1nchez es m\u00e1s guapo, m\u00e1s simp\u00e1tico.<\/span><\/p>\n<h2 id=\"m334-44-335\" class=\"question\" style=\"text-align: justify;\"><span style=\"font-size: 14pt; font-family: arial, helvetica, sans-serif;\">Pero ahora habla de una \u201cnaci\u00f3n de naciones\u201d.<\/span><\/h2>\n<p id=\"m339-45-340\" style=\"text-align: justify;\"><span style=\"font-size: 14pt; font-family: arial, helvetica, sans-serif;\">S\u00ed, perdi\u00f3 la secretaria general y se puso a hablar de eso, pero en la reuni\u00f3n que nosotros tuvimos con \u00e9l se neg\u00f3 a hablar de una naci\u00f3n catalana.<\/span><\/p>\n<h2 id=\"m344-46-345\" class=\"question\" style=\"text-align: justify;\"><span style=\"font-size: 14pt; font-family: arial, helvetica, sans-serif;\">Eso fue antes de las primarias\u2026<\/span><\/h2>\n<p id=\"m349-47-350\" style=\"text-align: justify;\"><span style=\"font-size: 14pt; font-family: arial, helvetica, sans-serif;\">S\u00ed, hace unos ocho meses. Ojal\u00e1 ahora cambiado y sea una especie de Gramsci, de federalista asim\u00e9trico, pero creo que no. Ojal\u00e1 me equivoque.<\/span><\/p>\n<h2 id=\"m354-48-355\" class=\"question\" style=\"text-align: justify;\"><span style=\"font-size: 14pt; font-family: arial, helvetica, sans-serif;\">\u00bfEl federalismo asim\u00e9trico ser\u00eda compatible con vuestra idea de una rep\u00fablica catalana?<\/span><\/h2>\n<p style=\"text-align: justify;\"><span style=\"font-size: 14pt; font-family: arial, helvetica, sans-serif;\">Dec\u00eda Castelao una frase con la que me siento muy identificado: \u201cYo era federalista hasta que me di cuenta de que no hab\u00eda nadie que se quisiera federar conmigo\u201d. A m\u00ed me encanta la ciencia-ficci\u00f3n, me encanta <i>Blade Runner<\/i>, <i>Alien<\/i>\u2026 pero creo que en esta Espa\u00f1a el federalismo est\u00e1 muy lejos de alcanzarse. De hecho, creo que la \u00fanica ruptura con el r\u00e9gimen del 78, la \u00fanica posibilidad de que Espa\u00f1a sea un pa\u00eds de pa\u00edses real, de confederaciones, es que Catalunya pueda llegar a votar. Muchos de nosotros tambi\u00e9n lo hacemos por Andaluc\u00eda, por Galicia, por Euskal Herr\u00eda, por els Pa\u00efsos Catalans\u2026 Esa idea un poco perversa de que nosotros somos unos ego\u00edstas y que pasamos de todo\u2026 Pues no, yo tambi\u00e9n lo hago por los republicanos a los que hace 80 a\u00f1os les robaron un pa\u00eds.<\/span><\/p>\n<h2 id=\"m369-51-370\" class=\"question\" style=\"text-align: justify;\"><span style=\"font-size: 14pt; font-family: arial, helvetica, sans-serif;\">\u00bfOs sent\u00eds c\u00f3modos en vuestra alianza con una Converg\u00e8ncia que tiene un historial de corrupci\u00f3n?<\/span><\/h2>\n<p id=\"m374-52-375\" style=\"text-align: justify;\"><span style=\"font-size: 14pt; font-family: arial, helvetica, sans-serif;\">Nos sentimos igual de c\u00f3modos que Colau con [Jaume] Collboni [l\u00edder del PSC en el Ayuntamiento de Barcelona], que [M\u00f3nica] Oltra [de Comprom\u00eds, vicepresidenta de la Generalitat valenciana] con Ximo Puig [presidente valenciano, del PSPV], que tantos ayuntamientos y tantas comunidades aut\u00f3nomas de Podemos con el PSOE. Nos sorprende que en Podemos sean m\u00e1s benevolentes con el PSOE que con el pueblo de Catalunya. El marco mental es muy perverso: con el PSOE, s\u00ed, pero con Converg\u00e8ncia, no. En Espa\u00f1a, s\u00ed, pero en Catalunya, no. El independentismo es el 3%, es Pujol y son las sedes embargadas. Pero, en cambio, yo no tengo nada que ver ni con Narc\u00eds Serra [ex ministro socialista que dirigi\u00f3 la hundida Caixa Catalunya], ni con los EREs ni con Chaves y Gri\u00f1\u00e1n [expresidentes andaluces socialistas imputados en ese caso].<\/span><\/p>\n<p style=\"text-align: justify;\"><span style=\"font-size: 14pt; font-family: arial, helvetica, sans-serif;\">Nosotros respetamos enormemente a los ayuntamientos del cambio, los de Podemos, los de los comunes, que son con el PSOE. La pregunta es por qu\u00e9 a nosotros nos invalidan porque vamos con un espacio social, pol\u00edtico y parlamentario imprescindible para ganar como es el PDeCAT, igual que ellos van con un espacio imprescindible para ganar como es el PSOE.\u00a0A m\u00ed no me gusta todo lo que pasa en el Parlament de Catalunya pero estoy convencido de que a [Pablo] Iglesias no le gusta todo lo que pasa en el Ayuntamiento de Barcelona. Entendemos que son procesos de cambio, o de ruptura. Podemos tiene una v\u00eda que creo que es m\u00e1s lenta que la nuestra pero tambi\u00e9n comprende que tiene que tener aliados con un pasado complicado porque sin ellos no se gana. Hay que pensar en el votante, tambi\u00e9n. Sin el votante, el se\u00f1or o se\u00f1ora que no ha robado en su vida pero que de forma l\u00edcita vota al espacio del PDeCAT, el nuevo partido de Converg\u00e8ncia, no se gana. Igual que entiende seguramente Colau que sin lo que representa el espacio electoral del PSOE en Barcelona, no se gana. Lo que nos sorprende es que en todas las entrevistas a nosotros nos terminan preguntando por Pujol, y a Colau nadie le pregunta por Narc\u00eds Serra.<\/span><\/p>\n<h2 id=\"m389-55-390\" class=\"question\" style=\"text-align: justify;\"><span style=\"font-size: 14pt; font-family: arial, helvetica, sans-serif;\">El fiscal del caso Palau acaba de afirmar que se usa la bandera para justificar cualquier atropello con la cartera\u2026<\/span><\/h2>\n<p id=\"m394-56-395\" style=\"text-align: justify;\"><span style=\"font-size: 14pt; font-family: arial, helvetica, sans-serif;\">S\u00ed, igual que la gente que lleva una pulserita de Espa\u00f1a y tributa en Panam\u00e1\u2026<\/span><\/p>\n<h2 id=\"m399-57-400\" class=\"question\" style=\"text-align: justify;\"><span style=\"font-size: 14pt; font-family: arial, helvetica, sans-serif;\">Mal de muchos\u2026<\/span><\/h2>\n<p id=\"m409-59-410\" style=\"text-align: justify;\"><span style=\"font-size: 14pt; font-family: arial, helvetica, sans-serif;\">A nosotros nos encantar\u00eda que\u2026 Yo lo he dicho antes: Pujol es lo peor que le ha pasado a la pol\u00edtica catalana, junto con Ciudadanos. Aquellos que nos quieren vincular con Pujol demuestran una enorme miop\u00eda social y pol\u00edtica con respecto a Catalunya. \u00bfPor qu\u00e9 no tienen tantas portadas los EREs de Chaves y Gri\u00f1\u00e1n? \u00bfPor qu\u00e9 a Iglesias nadie le pregunta por ellos? \u00bfYo qu\u00e9 tengo que ver con [Llu\u00eds] Prenafeta [secretario de la Presidencia con Pujol y hoy imputado en el caso Pretoria] y con [F\u00e8lix] Millet [expresidente de la Fundaci\u00f3n del Palau]? Millet es un se\u00f1or que es miembro honor\u00edfico de la FAES [fundaci\u00f3n que preside Aznar]. \u00bfQu\u00e9 tiene que ver Millet con el independentismo catal\u00e1n?<\/span><\/p>\n<h2 id=\"m414-60-415\" class=\"question\" style=\"text-align: justify;\"><span style=\"font-size: 14pt; font-family: arial, helvetica, sans-serif;\">CiU nunca fue independentista. \u00bfAbrazaron el independentismo cuando vieron que se desmoronaba todo su tinglado?<\/span><\/h2>\n<p id=\"m419-61-420\" style=\"text-align: justify;\"><span style=\"font-size: 14pt; font-family: arial, helvetica, sans-serif;\">Eso es un mantra unionista. Al que crea eso, le invito a que venga a Catalunya y se quede un ratito. Guste o no, Converg\u00e8ncia ya no es lo que era. Los l\u00edderes han cambiado, el partido ha cambiado, el nombre ha cambiado, incluso el discurso a cambiado. Nosotros damos la bienvenida a ese cambio, pero cualquiera que tenga que dar explicaciones frente a un juez, que las d\u00e9. Por nosotros no ser\u00e1. ERC ha votado a favor de que en el caso Palau todo el mundo d\u00e9 explicaciones. Desde Madrid se quieren vincular mucho los casos de corrupci\u00f3n con el independentismo y no tienen nada que ver. Como ya he dicho muchas veces, a algunos les pillar\u00e1 la independencia de Catalunya hablando de Pujol. Que sigan hablando de eso. Y ojal\u00e1 alg\u00fan d\u00eda el PSOE, que tanto pacta con Podemos y a ellos no les preguntan por el PSOE, emprenda este proceso de cambio que est\u00e1 experimentando Converg\u00e8ncia.<\/span><\/p>\n<h2 id=\"m424-62-425\" class=\"question\" style=\"text-align: justify;\"><span style=\"font-size: 14pt; font-family: arial, helvetica, sans-serif;\">\u00bfCree que CDC est\u00e1 transform\u00e1ndose en un partido diferente de lo que era?<\/span><\/h2>\n<p id=\"m429-63-430\" style=\"text-align: justify;\"><span style=\"font-size: 14pt; font-family: arial, helvetica, sans-serif;\">No lo digo yo. Lo dice la realidad. \u00bfHace unos a\u00f1os sab\u00edas qui\u00e9n era Carles Puigdemont? \u00bfMarta Pascal, lo sab\u00edas?<\/span><\/p>\n<h2 id=\"m434-64-435\" class=\"question\" style=\"text-align: justify;\"><span style=\"font-size: 14pt; font-family: arial, helvetica, sans-serif;\">Precisamente las inhabilitaciones hacen que surjan alternativas cuanto menos conocidas mejor\u2026<\/span><\/h2>\n<p id=\"m439-65-440\" style=\"text-align: justify;\"><span style=\"font-size: 14pt; font-family: arial, helvetica, sans-serif;\">A m\u00ed me hace gracia que ahora que Pedro S\u00e1nchez ha vuelto a la secretar\u00eda general del PSOE se diga que ese partido ha cambiado y hay un nuevo PSOE. Mientras que en el PDeCAT que hayan cambiado los l\u00edderes y hasta el nombre, nada: \u201cSon los mismos\u201d. Hay que ser un poco ecu\u00e1nimes.<\/span><\/p>\n<h2 id=\"m444-66-445\" class=\"question\" style=\"text-align: justify;\"><span style=\"font-size: 14pt; font-family: arial, helvetica, sans-serif;\">Algunos partidos tienen las sedes embargadas y otros no\u2026<\/span><\/h2>\n<p style=\"text-align: justify;\"><span style=\"font-size: 14pt; font-family: arial, helvetica, sans-serif;\">El PSOE tambi\u00e9n tiene sedes embargadas\u2026 De hecho el caso de corrupci\u00f3n m\u00e1s bestia, repito: m\u00e1s bestia de la historia contempor\u00e1nea europea son los EREs de Andaluc\u00eda. Pero igual son cosas m\u00edas. Pero se habla poco de eso y mucho del Palau. Y nosotros estamos encantados de que se hable del Palau y que todos tengan que dar explicaciones, sin ning\u00fan problema. Ojal\u00e1, en Espa\u00f1a alg\u00fan d\u00eda se llegue a ese punto. Pero si un proceso de autodeterminaci\u00f3n y un camino a la independencia se tiene que deslegitimar porque un partido tiene sedes embargadas por su actividad de gobierno durante los \u00faltimos veintipico a\u00f1os\u2026 Espa\u00f1a deber\u00eda ser desmantelada.<\/span><\/p>\n<h2 id=\"m459-69-460\" class=\"question\" style=\"text-align: justify;\"><span style=\"font-size: 14pt; font-family: arial, helvetica, sans-serif;\">Si se acaba por hacer una declaraci\u00f3n unilateral de independencia, \u00bfos retirar\u00e9is del Congreso de los Diputados?<\/span><\/h2>\n<p id=\"m464-70-465\" style=\"text-align: justify;\"><span style=\"font-size: 14pt; font-family: arial, helvetica, sans-serif;\">Hago una enmienda a la totalidad. Dec\u00eda Anguita: \u201cPrograma, programa, programa\u201d. Nosotros decimos: \u201cRefer\u00e9ndum, refer\u00e9ndum, refer\u00e9ndum\u201d. No habr\u00e1 caos ni una invasi\u00f3n zombi ni nada de eso. Lo que queremos es que la gente vote. Y hemos hecho una promesa electoral: si gana el <i>s\u00ed <\/i>a la independencia en las urnas, nosotros nos marchar\u00edamos del Congreso de los Diputados. Y, claro, despu\u00e9s tendr\u00eda que haber una representaci\u00f3n catalana en Madrid, igual que la hay en Bruselas. No pasa absolutamente nada.<\/span><\/p>\n<h2 id=\"m469-71-470\" class=\"question\" style=\"text-align: justify;\"><span style=\"font-size: 14pt; font-family: arial, helvetica, sans-serif;\">\u00bfQuieres decir que no habr\u00e1 declaraci\u00f3n unilateral de independencia?<\/span><\/h2>\n<p id=\"m474-72-475\" style=\"text-align: justify;\"><span style=\"font-size: 14pt; font-family: arial, helvetica, sans-serif;\">Nosotros hasta el \u00faltimo minuto intentaremos pactar con el Gobierno del Estado espa\u00f1ol\u2026 que da pocas explicaciones. Nosotros damos muchas. A lo que no renunciaremos en ning\u00fan caso es al refer\u00e9ndum de autodeterminaci\u00f3n. No hay un Plan B, como parece que se est\u00e1 sugiriendo aqu\u00ed.<\/span><\/p>\n<h2 id=\"m479-73-480\" class=\"question\" style=\"text-align: justify;\"><span style=\"font-size: 14pt; font-family: arial, helvetica, sans-serif;\">Pero all\u00ed tambi\u00e9n se plantea otra alternativa al refer\u00e9ndum: si al final salen los tanques a la calle y no se puede votar\u2026<\/span><\/h2>\n<p style=\"text-align: justify;\"><span style=\"font-size: 14pt; font-family: arial, helvetica, sans-serif;\">Los tanques son los medios de comunicaci\u00f3n. Seg\u00fan qu\u00e9 mantras, qu\u00e9 marcos mentales\u2026 que veinticuatro horas al d\u00eda se est\u00e9 diciendo en todas las televisiones que nosotros nos comemos a los beb\u00e9s por las ma\u00f1anas y cosas as\u00ed\u2026 La cuesti\u00f3n es que lo que se ha dicho en Catalunya alguna vez es que hay una mayor\u00eda que da pie a aprobar un mont\u00f3n de cosas, igual que aqu\u00ed la hay. A m\u00ed no me gusta que aqu\u00ed haya una mayor\u00eda en el Congreso como la que hay: de facto, una mayor\u00eda PP\/PSOE\/Ciudadanos. No me gusta. Pero es lo que hay. Y en el Parlament de Catalunya hay otra mayor\u00eda, y \u00e9sa da pie a que se puedan aprobar todas las leyes que haga falta.<\/span><\/p>\n<p>&nbsp;<\/p>\n<p><img loading=\"lazy\" decoding=\"async\" class=\"aligncenter wp-image-237781\" src=\"https:\/\/puntocritico.com\/ausajpuntocritico\/wp-content\/uploads\/2020\/05\/El-gran-dictador-charlot-charles-chaplin.jpg\" alt=\"\" width=\"460\" height=\"194\" data-id=\"237781\" srcset=\"https:\/\/puntocritico.com\/ausajpuntocritico\/wp-content\/uploads\/2020\/05\/El-gran-dictador-charlot-charles-chaplin.jpg 346w, https:\/\/puntocritico.com\/ausajpuntocritico\/wp-content\/uploads\/2020\/05\/El-gran-dictador-charlot-charles-chaplin-300x127.jpg 300w\" sizes=\"auto, (max-width: 460px) 100vw, 460px\" \/><\/p>\n<p style=\"text-align: center;\"><span style=\"color: #008000;\"><strong><span style=\"font-size: 18pt;\">*******<\/span><\/strong><\/span><\/p>\n<p><strong>RELACIONADO:<\/strong><\/p>\n<blockquote class=\"wp-embedded-content\" data-secret=\"lSIwAp8PLU\"><p><a href=\"https:\/\/puntocritico.com\/ausajpuntocritico\/2019\/08\/27\/comunicado-de-jose-manuel-villarejo-perez-22-de-agosto-de-2019-funes-el-memorioso-por-jorge-luis-borges\/\">COMUNICADO de JOS\u00c9 MANUEL VILLAREJO P\u00c9REZ (22 de Agosto de 2019). \u00abFunes, el memorioso\u00bb, por Jorge Lu\u00eds Borges<\/a><\/p><\/blockquote>\n<p><iframe loading=\"lazy\" class=\"wp-embedded-content\" sandbox=\"allow-scripts\" security=\"restricted\" style=\"position: absolute; clip: rect(1px, 1px, 1px, 1px);\" title=\"\u00abCOMUNICADO de JOS\u00c9 MANUEL VILLAREJO P\u00c9REZ (22 de Agosto de 2019). \u00abFunes, el memorioso\u00bb, por Jorge Lu\u00eds Borges\u00bb \u2014 Punto Cr\u00edtico Derechos Humanos\" src=\"https:\/\/puntocritico.com\/ausajpuntocritico\/2019\/08\/27\/comunicado-de-jose-manuel-villarejo-perez-22-de-agosto-de-2019-funes-el-memorioso-por-jorge-luis-borges\/embed\/#?secret=vwoayrQk6v#?secret=lSIwAp8PLU\" data-secret=\"lSIwAp8PLU\" width=\"500\" height=\"282\" frameborder=\"0\" marginwidth=\"0\" marginheight=\"0\" scrolling=\"no\"><\/iframe><\/p>\n<p>&nbsp;<\/p>\n<p><a href=\"https:\/\/puntocritico.com\/author\/punto-critico\/\"><img loading=\"lazy\" decoding=\"async\" class=\"aligncenter wp-image-48\" src=\"https:\/\/puntocritico.com\/ausajpuntocritico\/wp-content\/uploads\/2016\/11\/Mosca_Punto_Cr\u00edtico_40.png\" alt=\"\" width=\"80\" height=\"80\" \/><\/a><\/p>\n<p>&nbsp;<\/p>\n<p>&nbsp;<\/p>\n<p>&nbsp;<\/p>\n<p>&nbsp;<\/p>\n<p>&nbsp;<\/p>\n","protected":false},"excerpt":{"rendered":"<div class=\"mh-excerpt\"><p>[0]\u00a0 El mensaje por WhatsApp de Cosid\u00f3 \u00a0 El pacto previo supon\u00eda (10 Psoe + 10 PP + el Presidente (Magistrado del Supremo) Psoe = 21 ) y sin derecho a veto de los candidatos <a class=\"mh-excerpt-more\" href=\"https:\/\/puntocritico.com\/ausajpuntocritico\/2020\/11\/11\/schola-iuris-el-vinculo-entre-manuel-marchena-y-el-comisario-villarejo\/\" title=\"\u00abCORRUPTIO OPTIMI, PESSIMA EST\u00bb. El WhatsApp de Coixid\u00f3\">[&#8230;]<\/a><\/p>\n<\/div>","protected":false},"author":3,"featured_media":1346041,"comment_status":"open","ping_status":"closed","sticky":false,"template":"","format":"standard","meta":{"_acf_changed":false,"_exactmetrics_skip_tracking":false,"_exactmetrics_sitenote_active":false,"_exactmetrics_sitenote_note":"","_exactmetrics_sitenote_category":0,"footnotes":""},"categories":[6,7],"tags":[],"class_list":{"0":"post-15006","1":"post","2":"type-post","3":"status-publish","4":"format-standard","5":"has-post-thumbnail","7":"category-justicia","8":"category-politica"},"acf":[],"_links":{"self":[{"href":"https:\/\/puntocritico.com\/ausajpuntocritico\/wp-json\/wp\/v2\/posts\/15006","targetHints":{"allow":["GET"]}}],"collection":[{"href":"https:\/\/puntocritico.com\/ausajpuntocritico\/wp-json\/wp\/v2\/posts"}],"about":[{"href":"https:\/\/puntocritico.com\/ausajpuntocritico\/wp-json\/wp\/v2\/types\/post"}],"author":[{"embeddable":true,"href":"https:\/\/puntocritico.com\/ausajpuntocritico\/wp-json\/wp\/v2\/users\/3"}],"replies":[{"embeddable":true,"href":"https:\/\/puntocritico.com\/ausajpuntocritico\/wp-json\/wp\/v2\/comments?post=15006"}],"version-history":[{"count":0,"href":"https:\/\/puntocritico.com\/ausajpuntocritico\/wp-json\/wp\/v2\/posts\/15006\/revisions"}],"wp:featuredmedia":[{"embeddable":true,"href":"https:\/\/puntocritico.com\/ausajpuntocritico\/wp-json\/wp\/v2\/media\/1346041"}],"wp:attachment":[{"href":"https:\/\/puntocritico.com\/ausajpuntocritico\/wp-json\/wp\/v2\/media?parent=15006"}],"wp:term":[{"taxonomy":"category","embeddable":true,"href":"https:\/\/puntocritico.com\/ausajpuntocritico\/wp-json\/wp\/v2\/categories?post=15006"},{"taxonomy":"post_tag","embeddable":true,"href":"https:\/\/puntocritico.com\/ausajpuntocritico\/wp-json\/wp\/v2\/tags?post=15006"}],"curies":[{"name":"wp","href":"https:\/\/api.w.org\/{rel}","templated":true}]}}