{"id":14865,"date":"2018-11-20T01:00:14","date_gmt":"2018-11-20T00:00:14","guid":{"rendered":"http:\/\/puntocritico.com\/?p=14865"},"modified":"2018-11-20T04:27:46","modified_gmt":"2018-11-20T03:27:46","slug":"democracia-y-derechos-humanos-por-ian-gibson-y-encarnacion-roca","status":"publish","type":"post","link":"https:\/\/puntocritico.com\/ausajpuntocritico\/2018\/11\/20\/democracia-y-derechos-humanos-por-ian-gibson-y-encarnacion-roca\/","title":{"rendered":"DEMOCRACIA y DERECHOS HUMANOS, por Ian Gibson y Encarnaci\u00f3n Roca"},"content":{"rendered":"<blockquote>\n<h1 class=\"entry-title\" style=\"text-align: left;\"><span style=\"font-size: 18pt;\"><a id=\"ref1\"><\/a><a href=\"#ref1a\">[1]<\/a> Encarnaci\u00f3n Roca: \u201cDemocracia no significa solo elecciones peri\u00f3dicas sino tambi\u00e9n reconocimiento de los derechos humanos\u201d<\/span><\/h1>\n<p><span style=\"font-size: 14pt;\">Por\u00a0<span class=\"entry-author\">Carlos Berbell<\/span><\/span><\/p>\n<div><span style=\"color: #339966;\"><span class=\"entry-separator\">Art\u00edculo publicado el\u00a0<\/span><span class=\"entry-date\">16 de noviembre de 2018 en<\/span><\/span><\/div>\n<div><a href=\"https:\/\/confilegal.com\/20181116-encarnacion-roca-democracia-no-significa-solo-elecciones-periodicas-sino-tambien-reconocimiento-de-los-derechos-humanos\/\" target=\"_blank\" rel=\"noopener\"><span style=\"color: #339966;\">https:\/\/confilegal.com\/20181116-encarnacion-roca-democracia-no-significa-solo-elecciones-periodicas-sino-tambien-reconocimiento-de-los-derechos-humanos\/<\/span><\/a><\/div>\n<div>\u00a0<\/div>\n<div>\u00a0<\/div>\n<figure id=\"attachment_14866\" aria-describedby=\"caption-attachment-14866\" style=\"width: 900px\" class=\"wp-caption aligncenter\"><a href=\"https:\/\/puntocritico.com\/ausajpuntocritico\/wp-content\/uploads\/2018\/11\/PREMIO-PELAYO-ENCARNACI\u00d3N-ROCA_-5.jpeg\" rel=\"lightbox[14865]\"><img loading=\"lazy\" decoding=\"async\" class=\"wp-image-14866 size-full\" src=\"https:\/\/puntocritico.com\/ausajpuntocritico\/wp-content\/uploads\/2018\/11\/PREMIO-PELAYO-ENCARNACI\u00d3N-ROCA_-5.jpeg\" alt=\"\" width=\"900\" height=\"526\" srcset=\"https:\/\/puntocritico.com\/ausajpuntocritico\/wp-content\/uploads\/2018\/11\/PREMIO-PELAYO-ENCARNACI\u00d3N-ROCA_-5.jpeg 900w, https:\/\/puntocritico.com\/ausajpuntocritico\/wp-content\/uploads\/2018\/11\/PREMIO-PELAYO-ENCARNACI\u00d3N-ROCA_-5-300x175.jpeg 300w, https:\/\/puntocritico.com\/ausajpuntocritico\/wp-content\/uploads\/2018\/11\/PREMIO-PELAYO-ENCARNACI\u00d3N-ROCA_-5-768x449.jpeg 768w, https:\/\/puntocritico.com\/ausajpuntocritico\/wp-content\/uploads\/2018\/11\/PREMIO-PELAYO-ENCARNACI\u00d3N-ROCA_-5-257x150.jpeg 257w\" sizes=\"auto, (max-width: 900px) 100vw, 900px\" \/><\/a><figcaption id=\"caption-attachment-14866\" class=\"wp-caption-text\"><span style=\"font-size: 10pt; color: #339966;\"><strong>Encarnaci\u00f3n Roca, vicepresidente del Tribunal Constitucional, recibiendo el galard\u00f3n de manos de su presidente, Juan Jos\u00e9 Gonz\u00e1lez Rivas. Foto: Carlos Berbell\/Confliegal.<\/strong><\/span><\/figcaption><\/figure>\n<p>&nbsp;<\/p>\n<p style=\"text-align: justify;\"><span style=\"font-size: 14pt;\"><strong>Encarnaci\u00f3n Roca<\/strong>, vicepresidenta del Tribunal Constitucional, afirm\u00f3 ayer, en su discurso de aceptaci\u00f3n del Premio Pelayo a juristas de reconocido prestigio, que \u201cdemocracia\u00a0no significa solamente elecciones peri\u00f3dicas sino tambi\u00e9n reconocimiento de los derechos humanos\u201d.<\/span><\/p>\n<p style=\"text-align: justify;\"><span style=\"font-size: 14pt;\">Una frase que atribuy\u00f3 a su compa\u00f1ero del Constitucional,<strong>\u00a0Juan Antonio Xiol<\/strong>, presente en el evento -y del que dijo que hab\u00eda sido uno de sus maestros en el oficio de juez- y que hizo suya porque sintetizaba su pensamiento.<\/span><\/p>\n<p style=\"text-align: justify;\"><span style=\"font-size: 14pt;\">En un discurso brillante,\u00a0estructurado en forma de cuento, Roca abord\u00f3 los problemas que plantea la relaci\u00f3n entre la globalizaci\u00f3n y el derecho econ\u00f3mico.<\/span><\/p>\n<p style=\"text-align: justify;\"><span style=\"font-size: 14pt;\">Y plante\u00f3 que hay que reconsiderar el papel que el derecho juega en esta liga, \u201cporque la desregulaci\u00f3n del mercado se va a producir a nivel global\u201d.<\/span><\/p>\n<p style=\"text-align: justify;\"><span style=\"font-size: 14pt;\">No fue una afirmaci\u00f3n de pitonisa, sino cargada de razones.<\/span><\/p>\n<p style=\"text-align: justify;\"><span style=\"font-size: 14pt;\">\u201c<strong>En una sociedad global, sin fuentes objetivas de creaci\u00f3n del derecho, y regida \u00fanicamente por la autonom\u00eda de la voluntad de los operadores econ\u00f3micos, la democracia ha dejado de existir.<\/strong>\u00a0La \u00fanica posibilidad que se ofrece a los operadores jur\u00eddicos va a existir mediante la regulaci\u00f3n, por medio de la aplicaci\u00f3n directa y efectiva de los derechos fundamentales, que van a ser el \u00fanico com\u00fan denominador, las \u00fanicas reglas jur\u00eddicas efectivas, que van a proporcionar al juez las pautas para sus decisiones\u201d, afirm\u00f3.<\/span><\/p>\n<p>&nbsp;<\/p>\n<figure id=\"attachment_14871\" aria-describedby=\"caption-attachment-14871\" style=\"width: 768px\" class=\"wp-caption alignnone\"><a style=\"text-align: justify;\" href=\"https:\/\/puntocritico.com\/ausajpuntocritico\/wp-content\/uploads\/2018\/11\/2PREMIO-PELAYO-ENCARNACI\u00d3N-ROCA_-7-768x532.jpeg\" rel=\"lightbox[14865]\"><img loading=\"lazy\" decoding=\"async\" class=\"wp-image-14871 size-full\" src=\"https:\/\/puntocritico.com\/ausajpuntocritico\/wp-content\/uploads\/2018\/11\/2PREMIO-PELAYO-ENCARNACI\u00d3N-ROCA_-7-768x532.jpeg\" alt=\"\" width=\"768\" height=\"532\" srcset=\"https:\/\/puntocritico.com\/ausajpuntocritico\/wp-content\/uploads\/2018\/11\/2PREMIO-PELAYO-ENCARNACI\u00d3N-ROCA_-7-768x532.jpeg 768w, https:\/\/puntocritico.com\/ausajpuntocritico\/wp-content\/uploads\/2018\/11\/2PREMIO-PELAYO-ENCARNACI\u00d3N-ROCA_-7-768x532-300x208.jpeg 300w, https:\/\/puntocritico.com\/ausajpuntocritico\/wp-content\/uploads\/2018\/11\/2PREMIO-PELAYO-ENCARNACI\u00d3N-ROCA_-7-768x532-217x150.jpeg 217w\" sizes=\"auto, (max-width: 768px) 100vw, 768px\" \/><\/a><figcaption id=\"caption-attachment-14871\" class=\"wp-caption-text\"><span style=\"color: #008000;\">Encarnaci\u00f3n Roca durante su intervenci\u00f3n. Foto: Carlos Berbell\/Confilegal.<\/span><\/figcaption><\/figure>\n<figure id=\"attachment_108532\" class=\"wp-caption alignnone\" style=\"text-align: justify;\">\n<figure id=\"attachment_14870\" aria-describedby=\"caption-attachment-14870\" style=\"width: 768px\" class=\"wp-caption aligncenter\"><a href=\"https:\/\/puntocritico.com\/ausajpuntocritico\/wp-content\/uploads\/2018\/11\/2-PREMIO-PELAYO-ENCARNACI\u00d3N-ROCA_-768x504.jpg\" rel=\"lightbox[14865]\"><img loading=\"lazy\" decoding=\"async\" class=\"wp-image-14870 size-full\" src=\"https:\/\/puntocritico.com\/ausajpuntocritico\/wp-content\/uploads\/2018\/11\/2-PREMIO-PELAYO-ENCARNACI\u00d3N-ROCA_-768x504.jpg\" alt=\"\" width=\"768\" height=\"504\" srcset=\"https:\/\/puntocritico.com\/ausajpuntocritico\/wp-content\/uploads\/2018\/11\/2-PREMIO-PELAYO-ENCARNACI\u00d3N-ROCA_-768x504.jpg 768w, https:\/\/puntocritico.com\/ausajpuntocritico\/wp-content\/uploads\/2018\/11\/2-PREMIO-PELAYO-ENCARNACI\u00d3N-ROCA_-768x504-300x197.jpg 300w, https:\/\/puntocritico.com\/ausajpuntocritico\/wp-content\/uploads\/2018\/11\/2-PREMIO-PELAYO-ENCARNACI\u00d3N-ROCA_-768x504-229x150.jpg 229w\" sizes=\"auto, (max-width: 768px) 100vw, 768px\" \/><\/a><figcaption id=\"caption-attachment-14870\" class=\"wp-caption-text\"><span style=\"font-size: 10pt; color: #339966;\">La premiada ante el auditorio de personalidades reunidas en el Casino de Madrid. Foto: Carlos Berbell\/Confilegal.<\/span><\/figcaption><\/figure><br \/>\n<br \/>\n<span style=\"font-size: 14pt;\">Y para dejarlo m\u00e1s claro a\u00fan, remach\u00f3: \u201c<strong>En este tiempo y en el futuro, van a aparecer los derechos humanos como \u00fanico elemento com\u00fan al que todos los juristas y los jueces debemos atender<\/strong>\u201c.<\/span><\/figure>\n<p style=\"text-align: justify;\"><span style=\"font-size: 14pt;\">La entrega del Premio Pelayo le correspondi\u00f3 a su buen amigo,<strong>\u00a0Juan Jos\u00e9 Gonz\u00e1lez Rivas<\/strong>, presidente del Tribunal Constitucional, en el marco del Casino de Madrid, instituci\u00f3n centenaria a unas decenas de metros de la Puerta del Sol, \u00a0frente a un auditorio nutrido formado por personalidades de los mundos del derecho, de la justicia, de la pol\u00edtica y de la empresa.<\/span><\/p>\n<p style=\"text-align: justify;\"><span style=\"font-size: 14pt;\">Y ante una mesa presidencial formada el mencionado Gonz\u00e1lez Rivas, la ministra de Justicia,\u00a0<strong>Dolores Delgado<\/strong>; la fiscal general del Estado,\u00a0<strong>Mar\u00eda Jos\u00e9 Segarra<\/strong>; la presidenta del Consejo de Estado,<strong>\u00a0Mar\u00eda Teresa Gonz\u00e1lez de la Vega;<\/strong>\u00a0el Defensor del Pueblo en funciones,\u00a0<strong>Francisco Fern\u00e1ndez Marug\u00e1n<\/strong>; el delegado del Gobierno en la Comunidad Aut\u00f3noma de Madrid,\u00a0<strong>Jos\u00e9 Manuel Rodr\u00edguez Uribes<\/strong>; el presidente del jurado,<strong>\u00a0Landelino Lavilla<\/strong>, expresidente del Congreso de los Diputados; y\u00a0<strong>Jos\u00e9 Boada<\/strong>, presidente de Pelayo Mutua de Seguros, entre otros.<\/span><\/p>\n<p style=\"text-align: justify;\"><span style=\"font-size: 14pt;\"><strong>Gonz\u00e1lez Rivas dijo, antes de entregarle el galard\u00f3n, una estatuilla conmemorativa, que\u00a0su compa\u00f1era hab\u00eda roto los techos de cristal en los puestos que hab\u00eda ocupado a lo largo de su carrera profesional y destac\u00f3 su tes\u00f3n y su constancia en el desempe\u00f1o de sus responsabilidades.<\/strong><\/span><\/p>\n<h2 style=\"text-align: justify;\"><span id=\"UNA_EXPOSICION_DE_SINCERIDAD_PERSONAL\" style=\"font-size: 14pt;\">UNA EXPOSICI\u00d3N DE SINCERIDAD PERSONAL<\/span><\/h2>\n<p style=\"text-align: justify;\"><span style=\"font-size: 14pt;\">El discurso de la magistrada Roca fue una exposici\u00f3n de sinceridad personal.<\/span><\/p>\n<p style=\"text-align: justify;\"><span style=\"font-size: 14pt;\"><strong>\u201cMe molestan los elogios. Me educaron para que siempre tuviera presente que lo primero es cumplir con el deber\u201d, admiti\u00f3.\u00a0<\/strong><\/span><\/p>\n<p style=\"text-align: justify;\"><span style=\"font-size: 14pt;\">El premio, seg\u00fan ella, se lo han dado por su trayectoria. Por haber sido la primera mujer en ocupar una c\u00e1tedra de Derecho Civil en la historia de Espa\u00f1a y por haber sido la primera mujer que fue magistrada de la Sala de lo Civil del Tribunal Supremo.<\/span><\/p>\n<p style=\"text-align: justify;\"><span style=\"font-size: 14pt;\">\u201cEste ha sido el mejor periodo de mi vida profesional. Siempre lo he dicho y fue as\u00ed. Como pueden ustedes comprobar y tal como dije ya en otra ocasi\u00f3n, no he planificado mi futuro. Me he limitado a trabajar en dos profesiones que no interesan a nadie, m\u00e1s que cuando plantean alg\u00fan problema: la c\u00e1tedra y la jurisdicci\u00f3n, ya sea ordinaria, como juez del Tribunal Supremo, ya sea la constitucional, en que ahora me encuentro sirviendo\u201d, dijo.<\/span><\/p>\n<p style=\"text-align: justify;\"><span style=\"font-size: 14pt;\">Una carrera que no es fruto del azar sino de una larga experiencia, en la que aprendi\u00f3 de muchas personas.<\/span><\/p>\n<p style=\"text-align: justify;\"><span style=\"font-size: 14pt;\">Sus maestros.<\/span><\/p>\n<p style=\"text-align: justify;\"><span style=\"font-size: 14pt;\">\u201cAprend\u00ed en la carrera y despu\u00e9s, a lo largo de mi vida acad\u00e9mica, de mi maestro,\u00a0<strong>Francisco Fern\u00e1ndez de Villavicencio<\/strong>, y de mi segundo maestro,\u00a0<strong>Luis D\u00edez-Picazo<\/strong>, as\u00ed como luego en Oxford, de\u00a0<strong>John Eekelaar<\/strong>\u00a0y\u00a0<strong>Mavis Maclean<\/strong>, los grandes del Derecho de familia\u201d, revel\u00f3.<\/span><\/p>\n<p style=\"text-align: justify;\"><span style=\"font-size: 14pt;\">\u201cAprend\u00ed m\u00e9todo en el colegio de quien me ense\u00f1\u00f3 lat\u00edn,\u00a0<strong>Ana Ari\u00f1o<\/strong>. Aprend\u00ed tambi\u00e9n de quienes me han ense\u00f1ado el oficio de juez,<strong>\u00a0Francisco Mar\u00edn<\/strong>\u00a0y\u00a0<strong>Juan Antonio Xiol<\/strong>. Aprend\u00ed de quienes me ense\u00f1aron moverme en la estrategia y la pol\u00edtica,<strong>\u00a0Josep M. Bricall<\/strong>\u00a0y\u00a0<strong>Francisco P\u00e9rez de los Cobos<\/strong>. Sigo aprendiendo de quienes me han ense\u00f1ado a entender la m\u00fasica y el arte,\u00a0<strong>Jos\u00e9 Luis Vidal, Eugeni Bou, Josep M. Bricall<\/strong>\u00a0y\u00a0<strong>Fernando Checa<\/strong>\u201c.<\/span><\/p>\n<p>&nbsp;<\/p>\n<figure id=\"attachment_108525\" class=\"wp-caption alignnone\" style=\"text-align: justify;\">\n<p><a href=\"https:\/\/puntocritico.com\/ausajpuntocritico\/wp-content\/uploads\/2018\/11\/PREMIO-PELAYO-ENCARNACI\u00d3N-ROCA_-3-768x512.jpeg\" rel=\"lightbox[14865]\"><img loading=\"lazy\" decoding=\"async\" class=\"wp-image-14869 size-full\" src=\"https:\/\/puntocritico.com\/ausajpuntocritico\/wp-content\/uploads\/2018\/11\/PREMIO-PELAYO-ENCARNACI\u00d3N-ROCA_-3-768x512.jpeg\" alt=\"\" width=\"768\" height=\"512\" srcset=\"https:\/\/puntocritico.com\/ausajpuntocritico\/wp-content\/uploads\/2018\/11\/PREMIO-PELAYO-ENCARNACI\u00d3N-ROCA_-3-768x512.jpeg 768w, https:\/\/puntocritico.com\/ausajpuntocritico\/wp-content\/uploads\/2018\/11\/PREMIO-PELAYO-ENCARNACI\u00d3N-ROCA_-3-768x512-300x200.jpeg 300w, https:\/\/puntocritico.com\/ausajpuntocritico\/wp-content\/uploads\/2018\/11\/PREMIO-PELAYO-ENCARNACI\u00d3N-ROCA_-3-768x512-225x150.jpeg 225w\" sizes=\"auto, (max-width: 768px) 100vw, 768px\" \/><\/a><\/p>\n<\/figure>\n<p style=\"text-align: justify;\"><span style=\"font-size: 10pt; color: #339966;\">Entre los asistentes se encontraban el vocal del CGPJ, Rafael Mozo -al fondo-, Manuel Marchena, presidente de la Sala de lo Penal del Supremo, Manuel Mar\u00edn, hom\u00f3nimo del anterior en la Sala de lo Civil -al que Roca identific\u00f3 como uno de sus maestros- y la tambi\u00e9n vocal del \u00f3rgano de gobierno de los jueces, Nuria D\u00edaz Abad. Foto: Carlos Berbell\/Confilegal.<\/span><\/p>\n<p>&nbsp;<\/p>\n<figure id=\"attachment_108524\" class=\"wp-caption alignnone\" style=\"text-align: justify;\">\n<figure id=\"attachment_14868\" aria-describedby=\"caption-attachment-14868\" style=\"width: 768px\" class=\"wp-caption aligncenter\"><a href=\"https:\/\/puntocritico.com\/ausajpuntocritico\/wp-content\/uploads\/2018\/11\/PREMIO-PELAYO-ENCARNACI\u00d3N-ROCA_-2-768x512.jpeg\" rel=\"lightbox[14865]\"><img loading=\"lazy\" decoding=\"async\" class=\"wp-image-14868 size-full\" src=\"https:\/\/puntocritico.com\/ausajpuntocritico\/wp-content\/uploads\/2018\/11\/PREMIO-PELAYO-ENCARNACI\u00d3N-ROCA_-2-768x512.jpeg\" alt=\"\" width=\"768\" height=\"512\" srcset=\"https:\/\/puntocritico.com\/ausajpuntocritico\/wp-content\/uploads\/2018\/11\/PREMIO-PELAYO-ENCARNACI\u00d3N-ROCA_-2-768x512.jpeg 768w, https:\/\/puntocritico.com\/ausajpuntocritico\/wp-content\/uploads\/2018\/11\/PREMIO-PELAYO-ENCARNACI\u00d3N-ROCA_-2-768x512-300x200.jpeg 300w, https:\/\/puntocritico.com\/ausajpuntocritico\/wp-content\/uploads\/2018\/11\/PREMIO-PELAYO-ENCARNACI\u00d3N-ROCA_-2-768x512-225x150.jpeg 225w\" sizes=\"auto, (max-width: 768px) 100vw, 768px\" \/><\/a><figcaption id=\"caption-attachment-14868\" class=\"wp-caption-text\"><span style=\"font-size: 10pt; color: #339966;\">El sal\u00f3n donde se desarroll\u00f3 el evento, estaba \u201clleno hasta la bandera\u201d, como se suele decir en estos casos. Foto: Carlos Berbell\/Confilegal.<\/span><\/figcaption><\/figure><br \/>\n<\/figure>\n<h2 style=\"text-align: justify;\"><span id=\"LA_LAUDATIO_DE_ANTONIO_PAU\" style=\"font-size: 14pt;\">LA LAUDATIO DE ANTONIO PAU<\/span><\/h2>\n<p style=\"text-align: justify;\"><span style=\"font-size: 14pt;\">Antes de que la magistrada Roca interviniera,\u00a0<strong>Antonio Pau Pedr\u00f3n<\/strong>, secretario general de la Real Academia de Jurisprudencia y Legislaci\u00f3n y miembro del Jurado de los premios, hizo una laudatio de la personalidad de la premiada, en la que sintetiz\u00f3 su personalidad.<\/span><\/p>\n<p style=\"text-align: justify;\"><span style=\"font-size: 14pt;\">\u201cLa magistrada Encarna Roca es una persona independiente incluso de s\u00ed misma. Encarna tiene su manera propia, \u00edntima, de pensar y de sentir, pero es independiente tambi\u00e9n de su pensamiento y de su sentimiento y act\u00faa como debe actuar: conforma al art\u00edculo 117 de la Constituci\u00f3n: Los jueces y magistrados deben actuar \u2018sometidos \u00fanicamente al imperio de la ley\u2019. \u00danicamente. Eso es lo que hace la magistrada Encana Roca, olvidarse de s\u00ed misma y aplicar la ley\u201d, dijo.<\/span><\/p>\n<p style=\"text-align: justify;\"><span style=\"font-size: 14pt;\"><strong>Landelino Lavilla,<\/strong>\u00a0que tambi\u00e9n intervino, subray\u00f3 la acusada personalidad de la magistrada y la ponderaci\u00f3n de sus criterios.<\/span><\/p>\n<p>&nbsp;<\/p>\n<figure id=\"attachment_14867\" aria-describedby=\"caption-attachment-14867\" style=\"width: 768px\" class=\"wp-caption aligncenter\"><a href=\"https:\/\/puntocritico.com\/ausajpuntocritico\/wp-content\/uploads\/2018\/11\/PREMIO-PELAYO-ENCARNACI\u00d3N-ROCA_-4-768x512.jpeg\" rel=\"lightbox[14865]\"><img loading=\"lazy\" decoding=\"async\" class=\"wp-image-14867 size-full\" src=\"https:\/\/puntocritico.com\/ausajpuntocritico\/wp-content\/uploads\/2018\/11\/PREMIO-PELAYO-ENCARNACI\u00d3N-ROCA_-4-768x512.jpeg\" alt=\"\" width=\"768\" height=\"512\" srcset=\"https:\/\/puntocritico.com\/ausajpuntocritico\/wp-content\/uploads\/2018\/11\/PREMIO-PELAYO-ENCARNACI\u00d3N-ROCA_-4-768x512.jpeg 768w, https:\/\/puntocritico.com\/ausajpuntocritico\/wp-content\/uploads\/2018\/11\/PREMIO-PELAYO-ENCARNACI\u00d3N-ROCA_-4-768x512-300x200.jpeg 300w, https:\/\/puntocritico.com\/ausajpuntocritico\/wp-content\/uploads\/2018\/11\/PREMIO-PELAYO-ENCARNACI\u00d3N-ROCA_-4-768x512-225x150.jpeg 225w\" sizes=\"auto, (max-width: 768px) 100vw, 768px\" \/><\/a><figcaption id=\"caption-attachment-14867\" class=\"wp-caption-text\"><span style=\"font-size: 10pt; color: #339966;\">Sobre el estrado, Antoni Pau, haciendo la laudatio de la magistrada Encarnaci\u00f3n Roca. Foto: Carlos Berbell\/Confilegal.<\/span><\/figcaption><\/figure><\/blockquote>\n<p style=\"text-align: center;\"><span style=\"font-size: 14pt;\"><span style=\"color: #008000;\">\u2666\u2666\u2666\u2666\u2666\u2666\u2666<\/span><br \/>\n<\/span><\/p>\n<p><strong>SUMARIO:\u00a0<\/strong><\/p>\n<p><a id=\"ref1a\"><\/a><a href=\"#ref1\">[1]\u00a0 Encarnaci\u00f3n Roca: \u201cDemocracia no significa solo elecciones peri\u00f3dicas sino tambi\u00e9n reconocimiento de los derechos humanos\u201d, por Carlos Berbell\u00a0<\/a><\/p>\n<p><a id=\"ref2a\"><\/a><a href=\"#ref2\">[2] Entrevista a Ian Gibson y Quique Palomo:\u00a0\u00abCon Franco la derecha de este pa\u00eds no tiene rubor ni verg\u00fcenza: son incapaces de aceptar lo que pas\u00f3 aqu\u00ed\u00bb, por\u00a0Francesc Mir\u00f3\u00a0<\/a><\/p>\n<p><a id=\"ref3a\"><\/a><a href=\"#ref3\">[3] Selecci\u00f3n de poemas de Federico Garc\u00eda Lorca:\u00a0<\/a><\/p>\n<ul>\n<li>\n<p><a id=\"ref4a\"><\/a><a href=\"#ref4\">Llanto por Ignacio S\u00e1nchez Mej\u00edas<\/a><\/p>\n<\/li>\n<li>\n<p><a id=\"ref5a\"><\/a><a href=\"#ref5\">Soneto de la guirnalda de rosas<\/a><\/p>\n<\/li>\n<li>\n<p><a id=\"ref6a\"><\/a><a href=\"#ref6\">Soneto de la dulce queja<\/a><\/p>\n<\/li>\n<li>\n<p><a id=\"ref7a\"><\/a><a href=\"#ref7\">La casada infiel<\/a><\/p>\n<\/li>\n<li><a id=\"ref8a\"><\/a><a href=\"#ref8\">Romance de la luna, luna<\/a><\/li>\n<\/ul>\n<p style=\"text-align: center;\"><span style=\"font-size: 14pt;\"><span style=\"color: #008000;\">\u2666<\/span>\u2666<span style=\"color: #008000;\">\u2666<\/span>\u2666<span style=\"color: #008000;\">\u2666<\/span>\u2666<span style=\"color: #008000;\">\u2666<\/span><\/span><\/p>\n<h1 class=\"pg-headline\" style=\"text-align: center;\"><strong><span style=\"font-size: 12pt; color: #008000;\">ENTREVISTA A IAN GIBSON Y QUIQUE PALOMO<\/span><\/strong><\/h1>\n<h1 class=\"pg-headline\" style=\"text-align: center;\"><a id=\"ref2\"><\/a><a href=\"#ref2a\">[2]<\/a> \u00abCon Franco la derecha de este pa\u00eds no tiene rubor ni verg\u00fcenza: son incapaces de aceptar lo que pas\u00f3 aqu\u00ed\u00bb<\/h1>\n<p><span style=\"font-size: 14pt;\">Por\u00a0Francesc Mir\u00f3\u00a0<\/span><\/p>\n<div><span style=\"color: #339966;\">Art\u00edculo publicado el 13 de noviembre de 2018 en<\/span><\/div>\n<div><a href=\"https:\/\/www.eldiario.es\/cultura\/historia\/Franco-derecha-verguenza-capaces-aceptar_0_835367232.html\" target=\"_blank\" rel=\"noopener\"><span style=\"color: #339966;\">https:\/\/www.eldiario.es\/cultura\/historia\/Franco-derecha-verguenza-capaces-aceptar_0_835367232.html<\/span><\/a><\/div>\n<div>\u00a0<\/div>\n<div>\u00a0<\/div>\n<figure id=\"attachment_14875\" aria-describedby=\"caption-attachment-14875\" style=\"width: 643px\" class=\"wp-caption aligncenter\"><a href=\"https:\/\/puntocritico.com\/ausajpuntocritico\/wp-content\/uploads\/2018\/11\/Ian_Gibson_EDIIMA20181113_0892_5.jpg\" rel=\"lightbox[14865]\"><img loading=\"lazy\" decoding=\"async\" class=\"wp-image-14875 size-full\" src=\"https:\/\/puntocritico.com\/ausajpuntocritico\/wp-content\/uploads\/2018\/11\/Ian_Gibson_EDIIMA20181113_0892_5.jpg\" alt=\"\" width=\"643\" height=\"428\" srcset=\"https:\/\/puntocritico.com\/ausajpuntocritico\/wp-content\/uploads\/2018\/11\/Ian_Gibson_EDIIMA20181113_0892_5.jpg 643w, https:\/\/puntocritico.com\/ausajpuntocritico\/wp-content\/uploads\/2018\/11\/Ian_Gibson_EDIIMA20181113_0892_5-300x200.jpg 300w, https:\/\/puntocritico.com\/ausajpuntocritico\/wp-content\/uploads\/2018\/11\/Ian_Gibson_EDIIMA20181113_0892_5-225x150.jpg 225w\" sizes=\"auto, (max-width: 643px) 100vw, 643px\" \/><\/a><figcaption id=\"caption-attachment-14875\" class=\"wp-caption-text\"><span style=\"font-size: 10pt; color: #339966;\"><strong>El hispanista Ian Gibson y el dibujante Quique Palomo FERNANDO S\u00c1NCHEZ<\/strong><\/span><\/figcaption><\/figure>\n<blockquote>\n<p><span style=\"font-size: 14pt; font-family: arial, helvetica, sans-serif;\">El hispanista une fuerzas con el dibujante Quique Palomo en\u00a0<em>Vida y muerte de Federico Garc\u00eda Lorca<\/em>, un c\u00f3mic sobre la biograf\u00eda del poeta<\/span><\/p>\n<p><span style=\"font-size: 14pt; font-family: arial, helvetica, sans-serif;\">\u00abLorca es el desaparecido m\u00e1s famoso y m\u00e1s llorado de este pa\u00eds\u00bb<\/span><\/p>\n<\/blockquote>\n<p style=\"text-align: justify;\"><span style=\"font-family: arial, helvetica, sans-serif; font-size: 14pt;\">Dos camionetas avanzan entre las vi\u00f1etas de una p\u00e1gina tintada de un celeste apagado. Paulatinamente, el color desaparece del dibujo para que el blanco y el negro nos muestren c\u00f3mo los veh\u00edculos se alejan hasta detenerse al lado de un olivo. La escena se vuelve l\u00fagubre en cada trazo. De repente, la onomatopeya de unos disparos llenan el margen derecho inferior de la cuartilla. Luego, silencio.<\/span><\/p>\n<p class=\"mce\" style=\"text-align: justify;\"><span style=\"font-family: arial, helvetica, sans-serif; font-size: 14pt;\">Ni todas las letras del mundo pueden transmitir lo que pas\u00f3 el d\u00eda que fusilaron a Federico Garc\u00eda Lorca. Pero el dibujo puede acercarse a remover en el lector insospechados sentimientos. El poeta y dramaturgo m\u00e1s famoso del mundo muri\u00f3 a balazos en Alfacar y sus restos siguen sin aparecer. Ten\u00eda 38 a\u00f1os. Han pasado 82 desde entonces.<\/span><\/p>\n<p class=\"mce\" style=\"text-align: justify;\"><span style=\"font-family: arial, helvetica, sans-serif; font-size: 14pt;\">Ahora, el hispanista Ian Gibson ha unido fuerzas con el dibujante Quique Palomo para acercarlo mediante la ilustraci\u00f3n y el rigor que caracteriza su obra. El primero ha dedicado gran parte de su vida a estudiar la vida de Lorca: a la magna biograf\u00eda\u00a0<em class=\"mce\">Federico Garc\u00eda Lorca (1985- 1987)<\/em>, cabr\u00eda sumar t\u00edtulos como\u00a0<em class=\"mce\">El asesinato de Garc\u00eda Lorca<\/em>,\u00a0<em class=\"mce\">Poeta en Granada o<\/em><em class=\"mce\">\u00a0Lorca y el mundo gay.\u00a0<\/em>Pero nunca se hab\u00eda planteado convertirlo en una novela gr\u00e1fica. En eso le ha ayudado el segundo, que ha sido su mano derecha en<em class=\"mce\">\u00a0Vida y muerte de Federico Garc\u00eda Lorca<\/em>, publicado por Ediciones B. Un c\u00f3mic lleno de fuerza l\u00edrica y solidez documental que repasa la historia del poeta gay y republicano.<\/span><\/p>\n<p>&nbsp;<\/p>\n<figure id=\"attachment_14876\" aria-describedby=\"caption-attachment-14876\" style=\"width: 643px\" class=\"wp-caption aligncenter\"><a href=\"https:\/\/puntocritico.com\/ausajpuntocritico\/wp-content\/uploads\/2018\/11\/Ian-Gibson-Quique-Palomo-entrevista_EDIIMA20181113_0895_5.jpg\" rel=\"lightbox[14865]\"><img loading=\"lazy\" decoding=\"async\" class=\"wp-image-14876 size-full\" src=\"https:\/\/puntocritico.com\/ausajpuntocritico\/wp-content\/uploads\/2018\/11\/Ian-Gibson-Quique-Palomo-entrevista_EDIIMA20181113_0895_5.jpg\" alt=\"\" width=\"643\" height=\"428\" srcset=\"https:\/\/puntocritico.com\/ausajpuntocritico\/wp-content\/uploads\/2018\/11\/Ian-Gibson-Quique-Palomo-entrevista_EDIIMA20181113_0895_5.jpg 643w, https:\/\/puntocritico.com\/ausajpuntocritico\/wp-content\/uploads\/2018\/11\/Ian-Gibson-Quique-Palomo-entrevista_EDIIMA20181113_0895_5-300x200.jpg 300w, https:\/\/puntocritico.com\/ausajpuntocritico\/wp-content\/uploads\/2018\/11\/Ian-Gibson-Quique-Palomo-entrevista_EDIIMA20181113_0895_5-225x150.jpg 225w\" sizes=\"auto, (max-width: 643px) 100vw, 643px\" \/><\/a><figcaption id=\"caption-attachment-14876\" class=\"wp-caption-text\"><span style=\"font-size: 10pt; color: #339966;\"><strong>Ian Gibson y Quique Palomo durante la entrevista. FERNANDO S\u00c1NCHEZ<\/strong><\/span><\/figcaption><\/figure>\n<p>&nbsp;<\/p>\n<p class=\"mce\" style=\"text-align: justify;\"><span style=\"font-family: arial, helvetica, sans-serif; font-size: 14pt;\"><strong class=\"mce\">El c\u00f3mic repasa cada una de las etapas vitales de Lorca, de su infancia en Fuente Vaqueros hasta su muerte. \u00bfC\u00f3mo fue el proceso de di\u00e1logo entre la documentaci\u00f3n y la ilustraci\u00f3n?<\/strong><\/span><\/p>\n<p class=\"mce\" style=\"text-align: justify;\"><span style=\"font-family: arial, helvetica, sans-serif; font-size: 14pt;\"><strong class=\"mce\">Ian Gibson (IG en adelante):<\/strong>\u00a0La vida de Lorca es muy corta pero dens\u00edsima en acontecimientos. Es extraordinaria por los muchos dones que ten\u00eda y que le hac\u00edan relacionarse con el mundo de la pol\u00edtica, de la m\u00fasica, de la pintura&#8230; Es un genio multidisciplinar y tuvimos que ir seleccionando. Llev\u00f3 su tiempo estructurar todo aquello, pero supimos entendernos.<\/span><\/p>\n<p class=\"mce\" style=\"text-align: justify;\"><span style=\"font-family: arial, helvetica, sans-serif; font-size: 14pt;\">Ten\u00edamos muy claro, eso s\u00ed, que hab\u00eda que insistir mucho en su infancia porque es algo que impregna toda su obra. De modo que llegamos a este acuerdo: hab\u00eda que explicar e ilustrar muy bien sus primeros a\u00f1os de vida, para definir bien las ra\u00edces de su arte.<\/span><\/p>\n<p class=\"mce\" style=\"text-align: justify;\"><span style=\"font-family: arial, helvetica, sans-serif; font-size: 14pt;\"><strong class=\"mce\">Quique Palomo (QP en adelante)<\/strong>: Pero junto con la infancia, todo lo dem\u00e1s. En esa fase hay un di\u00e1logo sobre el que despu\u00e9s fuimos fijando determinadas ideas y escenas. El m\u00e9todo era hacer bocetos simpl\u00edcimos, ense\u00f1\u00e1rselos a Ian y volver a dibujar una y otra vez hasta construir cada etapa.<\/span><\/p>\n<p class=\"mce\" style=\"text-align: justify;\"><span style=\"font-family: arial, helvetica, sans-serif; font-size: 14pt;\"><strong class=\"mce\">En esa construcci\u00f3n del relato, parece haber m\u00e1s lirismo en la infancia y m\u00e1s densidad de texto en su madurez. \u00bfFue una elecci\u00f3n consciente?<\/strong><\/span><\/p>\n<p class=\"mce\" style=\"text-align: justify;\"><span style=\"font-family: arial, helvetica, sans-serif; font-size: 14pt;\"><strong class=\"mce\">QP:<\/strong>\u00a0S\u00ed, s\u00ed, es algo real. Con la cantidad de informaci\u00f3n que manej\u00e1bamos hubo muchos momentos en los que ten\u00edamos que decidir c\u00f3mo abordar una vida tan intensa. Es dif\u00edcil encontrar el equilibrio entre narrar una vida, pero a su vez conseguir que esta no sea un resumen cronol\u00f3gico y aburrido de datos. Ha habido que ir buscando algo de poes\u00eda, e ir impregnando a las im\u00e1genes con informaci\u00f3n. Pero es obvio que la infancia era la etapa m\u00e1s dada a la poes\u00eda, parec\u00eda una buena forma de captar la atenci\u00f3n del lector de un modo m\u00e1s inspirado.<\/span><\/p>\n<p class=\"mce\" style=\"text-align: justify;\"><span style=\"font-family: arial, helvetica, sans-serif; font-size: 14pt;\"><strong class=\"mce\">IG:<\/strong>\u00a0Hab\u00eda muchas cosas que consensuar, porque yo soy un obsesivo de la cronolog\u00eda. Pero hablando fuimos descubriendo cosas juntos. Como, por ejemplo, la importancia del cante jondo que tal vez a m\u00ed no se me hubiera ocurrido plasmar con tanta fuerza. Sin embargo, la aparici\u00f3n de Manuel de Falla en la vida de Lorca es fundamental. El encuentro que tienen en Granada significa tambi\u00e9n el reencuentro para el poeta con una ra\u00edz andaluza que lo ataba al mundo del flamenco. Este momento es important\u00edsimo y marcar\u00e1 profundamente obras tan importantes como\u00a0<em class=\"mce\">Romancero Gitano\u00a0<\/em>(1928).<\/span><\/p>\n<p class=\"mce\" style=\"text-align: justify;\"><span style=\"font-family: arial, helvetica, sans-serif; font-size: 14pt;\"><strong class=\"mce\">Tras esa etapa, Lorca estudia en Granada y termina la carrera en Madrid, donde empieza a profesionalizar su faceta literaria mientras aparta la ambici\u00f3n de ser m\u00fasico. \u00bfCree que fue un cambio esencial del que podr\u00eda haberse sentido, en algun momento, decepcionado?<\/strong><\/span><\/p>\n<p class=\"mce\" style=\"text-align: justify;\"><span style=\"font-family: arial, helvetica, sans-serif; font-size: 14pt;\"><strong class=\"mce\">IG:<\/strong>\u00a0No puedo ponerme en su piel, obviamente, pero de todas formas nunca abandon\u00f3 la m\u00fasica. Tuvo un profesor de m\u00fasica providencial que se llamaba Antonio Segura Mesa, que bien merece una biograf\u00eda aparte. Este hombre muere en 1916, justo en el momento en el que empieza a surgir el fil\u00f3n po\u00e9tico de Lorca.<\/span><\/p>\n<p class=\"mce\" style=\"text-align: justify;\"><span style=\"font-family: arial, helvetica, sans-serif; font-size: 14pt;\">Es el momento en el que empieza a rescatar parte del conocimiento que ten\u00eda sobre poes\u00eda popular, inseparable de la canci\u00f3n popular que tanto escuch\u00f3 de ni\u00f1o. Y eso se ve, por poner un ejemplo, en<em class=\"mce\">\u00a0Mariana Pineda<\/em>\u00a0(1927).<\/span><\/p>\n<p class=\"mce\" style=\"text-align: justify;\"><span style=\"font-family: arial, helvetica, sans-serif; font-size: 14pt;\">Cuando muere su profesor de piano, sus padres le dicen que nada de carrera musical: Derecho y Filosof\u00eda y letras. As\u00ed que Lorca abandona su sue\u00f1o de ser m\u00fasico. Pero eso no significa que abandone la m\u00fasica, pues sigue tocando toda su vida. No creo que a\u00f1orase esa vocaci\u00f3n perdida. Alberti, en\u00a0<em class=\"mce\">La Arboleda Perdida<\/em>(1938), cuenta como eran sus sesiones de m\u00fasica folcl\u00f3rica. \u00a1Lorca se jactaba de conocer un millar de canciones populares espa\u00f1olas! Es tremendo porque todo eso se solidifica en una sola persona: esa cantidad ingente de registros y talento creativos se fund\u00edan y conviv\u00eda en \u00e9l.<\/span><\/p>\n<p class=\"mce\" style=\"text-align: justify;\"><span style=\"font-family: arial, helvetica, sans-serif; font-size: 14pt;\"><strong class=\"mce\">En su estancia en Madrid se aloja en la Residencia de Estudiantes. En el c\u00f3mic retrat\u00e1is conoce a Bu\u00f1uel. Desde entonces ambos vivir\u00edan una tempestuosa amistad que, en el 28, parece romperse de forma dram\u00e1tica cuando recibe una carta hom\u00f3foba de Bu\u00f1uel hablando de\u00a0<em class=\"mce\">Bodas de sangre<\/em>. \u00bfQu\u00e9 pas\u00f3 entre ellos? \u00bfPor qu\u00e9 se desvirtu\u00f3 su amistad?<\/strong><\/span><\/p>\n<p class=\"mce\" style=\"text-align: justify;\"><span style=\"font-family: arial, helvetica, sans-serif; font-size: 14pt;\"><strong class=\"mce\">IG:<\/strong>\u00a0Bu\u00f1uel tiene un problema que no menciona en sus memorias. Me refiero a su hermano menor, Alfonso Bu\u00f1uel, que tambi\u00e9n est\u00e1 esos a\u00f1os en la residencia y que es abiertamente homosexual. Una persona que no aparece ni mencionada en sus memorias. Los silencios en las autobiograf\u00edas son muy importantes. Y con respecto a su hermano se establece uno perpetuo y muy grande. Es alguien que es m\u00e1s alto que \u00e9l, m\u00e1s guapo que \u00e9l y mucho m\u00e1s gay que \u00e9l.<\/span><\/p>\n<p class=\"mce\" style=\"text-align: justify;\"><span style=\"font-family: arial, helvetica, sans-serif; font-size: 14pt;\">Que no digo que Bu\u00f1uel fuese gay pero tem\u00eda serlo, como todos ellos en la \u00e9poca. Como Dal\u00ed, de hecho. Y de ah\u00ed viene su problema con Federico. En\u00a0<em class=\"mce\">Vida en claro<\/em>(1944), Jos\u00e9 Moreno Villa cuenta que por entonces si ibas con un gay todo el mundo cre\u00eda que eras gay, y por eso hab\u00eda gente que se alejaba de Lorca. Se quieren el martes y se odian el mi\u00e9rcoles. Ni siquiera en el sitio m\u00e1s liberal de la Espa\u00f1a de entonces se pod\u00eda ser gay abiertamente.<\/span><\/p>\n<p>&nbsp;<\/p>\n<div class=\"inset cf width643\" style=\"text-align: justify;\">\n<figure class=\"media-holder\">\n<div class=\"mg \">\n<figure id=\"attachment_14874\" aria-describedby=\"caption-attachment-14874\" style=\"width: 500px\" class=\"wp-caption aligncenter\"><a href=\"https:\/\/puntocritico.com\/ausajpuntocritico\/wp-content\/uploads\/2018\/11\/Vida-muerte-Federico-Garcia-Lorca_EDIIMA20181113_0894_5.jpg\" rel=\"lightbox[14865]\"><img loading=\"lazy\" decoding=\"async\" class=\"wp-image-14874\" src=\"https:\/\/puntocritico.com\/ausajpuntocritico\/wp-content\/uploads\/2018\/11\/Vida-muerte-Federico-Garcia-Lorca_EDIIMA20181113_0894_5.jpg\" alt=\"\" width=\"500\" height=\"334\" srcset=\"https:\/\/puntocritico.com\/ausajpuntocritico\/wp-content\/uploads\/2018\/11\/Vida-muerte-Federico-Garcia-Lorca_EDIIMA20181113_0894_5.jpg 2000w, https:\/\/puntocritico.com\/ausajpuntocritico\/wp-content\/uploads\/2018\/11\/Vida-muerte-Federico-Garcia-Lorca_EDIIMA20181113_0894_5-300x200.jpg 300w, https:\/\/puntocritico.com\/ausajpuntocritico\/wp-content\/uploads\/2018\/11\/Vida-muerte-Federico-Garcia-Lorca_EDIIMA20181113_0894_5-768x512.jpg 768w, https:\/\/puntocritico.com\/ausajpuntocritico\/wp-content\/uploads\/2018\/11\/Vida-muerte-Federico-Garcia-Lorca_EDIIMA20181113_0894_5-1024x683.jpg 1024w, https:\/\/puntocritico.com\/ausajpuntocritico\/wp-content\/uploads\/2018\/11\/Vida-muerte-Federico-Garcia-Lorca_EDIIMA20181113_0894_5-225x150.jpg 225w\" sizes=\"auto, (max-width: 500px) 100vw, 500px\" \/><\/a><figcaption id=\"caption-attachment-14874\" class=\"wp-caption-text\"><span style=\"color: #339966;\"><strong>Ian Gibson con un ejemplar de &#8216;Vida y muerte de Federico Garc\u00eda Lorca&#8217;\u00a0FERNANDO S\u00c1NCHEZ<\/strong><\/span><\/figcaption><\/figure>\n<\/div>\n<\/figure>\n<\/div>\n<p>&nbsp;<\/p>\n<p class=\"mce\" style=\"text-align: justify;\"><span style=\"font-family: arial, helvetica, sans-serif; font-size: 14pt;\"><strong class=\"mce\">En esa \u00e9poca otro de sus amigos, Dal\u00ed, tambi\u00e9n se aleja de \u00e9l a pesar de haber intimado en el pasado, como retrat\u00e1is en la obra. \u00bfPor qu\u00e9 sus amigos se alejaron del poeta en una etapa tan crucial?<br class=\"mce\" \/><br \/>\n<\/strong><\/span><\/p>\n<p class=\"mce\" style=\"text-align: justify;\"><span style=\"font-family: arial, helvetica, sans-serif; font-size: 14pt;\"><strong class=\"mce\">IG:<\/strong>\u00a0Viv\u00edan con una intensidad feroz. Llegan a Madrid en los a\u00f1os veinte y a mediados de esa d\u00e9cada toman caminos distintos. Dal\u00ed pasa un tiempo en Figueres porque le echan de la Academia de Bellas Artes de San Fernando. Y s\u00f3lo sabemos la mitad de lo que ocurri\u00f3 porque se ha perdido una cantidad ingente de documentaci\u00f3n. Aunque hemos podido conocer cosas gracias a personas como Pep\u00edn Bello, sigue\u00a0 faltando datos.<\/span><\/p>\n<p class=\"mce\" style=\"text-align: justify;\"><span style=\"font-family: arial, helvetica, sans-serif; font-size: 14pt;\">Por otra parte, las autobiograf\u00edas no son fiables. Hacen falta bi\u00f3grafos para corregir las autobiograf\u00edas. Son genios diversos y complicados, y lo que cuentan de ellos mismos no es fiable. En las memorias de Bu\u00f1uel [<em class=\"mce\">\u00a0Mi \u00faltimo suspiro<\/em>, 1982] hay tergiversaciones de la realidad en cada p\u00e1gina. Igual que\u00a0<em class=\"mce\">La vida secreta de Salvador Dal\u00ed<\/em>\u00a0(1942), que es fabulosa pero desde luego no muy fiable.<\/span><\/p>\n<p class=\"mce\" style=\"text-align: justify;\"><span style=\"font-family: arial, helvetica, sans-serif; font-size: 14pt;\"><strong class=\"mce\">En esa parte del libro, empieza a ganar presencia en la arquitectura de cada p\u00e1gina la presencia de fotograf\u00edas reales de la \u00e9poca. \u00bfPor qu\u00e9?<\/strong><\/span><\/p>\n<p class=\"mce\" style=\"text-align: justify;\"><span style=\"font-family: arial, helvetica, sans-serif; font-size: 14pt;\"><strong class=\"mce\">QP:<\/strong>\u00a0Yo hubiera metido muchas m\u00e1s. Cuando dibujo, tambi\u00e9n navego por Internet y me veo expuesto a muchas im\u00e1genes reales sobre las que puedo trabajar. Pero hay algunas que, por lo que sea, te llaman especialmente la atenci\u00f3n.<\/span><\/p>\n<p class=\"mce\" style=\"text-align: justify;\"><span style=\"font-family: arial, helvetica, sans-serif; font-size: 14pt;\">Unas veces las uso para romper con el manejo de la p\u00e1gina y su impacto visual en el lector. Otras, porque se produce una convivencia especial entre im\u00e1genes y dibujos que crees que dialogan bien y merecen habitar la p\u00e1gina.<\/span><\/p>\n<p class=\"mce\" style=\"text-align: justify;\"><span style=\"font-family: arial, helvetica, sans-serif; font-size: 14pt;\"><strong class=\"mce\">Tras su paso por Madrid, Lorca viaja a Nueva York, pero tambi\u00e9n a Cuba. Y all\u00ed dice aquella frase de &#8216;Si me pierdo, que me busquen en Andaluc\u00eda o en Cuba&#8217;. \u00bfCree que aquel viaje le san\u00f3 un poco las heridas?<\/strong><\/span><\/p>\n<p class=\"mce\" style=\"text-align: justify;\"><span style=\"font-family: arial, helvetica, sans-serif; font-size: 14pt;\"><strong class=\"mce\">IG:<\/strong>\u00a0S\u00ed, yo creo que su estancia en Nueva York no fue el descenso a los infiernos que se nos dijo durante tanto tiempo. Hubo momentos maravillosos para \u00e9l. En Nueva York le estaban esperando muchos hispanistas y estudiantes que quer\u00edan conocerle.<\/span><\/p>\n<p class=\"mce\" style=\"text-align: justify;\"><span style=\"font-family: arial, helvetica, sans-serif; font-size: 14pt;\">Pero Cuba es Cuba: all\u00ed sabe que se puede sentir como en casa y seg\u00fan los indicios que tenemos, se solt\u00f3 la melena y fue una experiencia apabullante.\u00a0<em class=\"mce\">Romancero Gitano\u00a0\u00a0<\/em>hab\u00eda tenido un \u00e9xito muy grande y en la isla pudo disfrutar de ese \u00e9xito. Sabemos, por gente que le conoci\u00f3, que al volver de La Habana era otro hombre. Sin su estancia all\u00ed Federico probablemente no hubiera terminado de salir del armario.<\/span><\/p>\n<p class=\"mce\" style=\"text-align: justify;\"><span style=\"font-family: arial, helvetica, sans-serif; font-size: 14pt;\"><strong class=\"mce\">QP:<\/strong>\u00a0Tambi\u00e9n hay que entender que fue la segunda etapa de alejamiento del contexto que le estaba oprimiendo. Sali\u00f3 de Estados Unidos d\u00f3nde, a pesar de su facilidad para hacer amigos y su personalidad emp\u00e1tica, no contaba con el idioma. Y en Cuba eso no le ocurri\u00f3: se liber\u00f3, en cierto sentido.<\/span><\/p>\n<p>&nbsp;<\/p>\n<div class=\"inset cf width643\" style=\"text-align: justify;\">\n<figure class=\"media-holder\">\n<div class=\"mg \">\n<figure id=\"attachment_14878\" aria-describedby=\"caption-attachment-14878\" style=\"width: 643px\" class=\"wp-caption aligncenter\"><a href=\"https:\/\/puntocritico.com\/ausajpuntocritico\/wp-content\/uploads\/2018\/11\/Ian-Gibson_EDIIMA20181113_0902_20.jpg\" rel=\"lightbox[14865]\"><img loading=\"lazy\" decoding=\"async\" class=\"wp-image-14878 size-full\" src=\"https:\/\/puntocritico.com\/ausajpuntocritico\/wp-content\/uploads\/2018\/11\/Ian-Gibson_EDIIMA20181113_0902_20.jpg\" alt=\"\" width=\"643\" height=\"313\" srcset=\"https:\/\/puntocritico.com\/ausajpuntocritico\/wp-content\/uploads\/2018\/11\/Ian-Gibson_EDIIMA20181113_0902_20.jpg 643w, https:\/\/puntocritico.com\/ausajpuntocritico\/wp-content\/uploads\/2018\/11\/Ian-Gibson_EDIIMA20181113_0902_20-300x146.jpg 300w, https:\/\/puntocritico.com\/ausajpuntocritico\/wp-content\/uploads\/2018\/11\/Ian-Gibson_EDIIMA20181113_0902_20-280x136.jpg 280w\" sizes=\"auto, (max-width: 643px) 100vw, 643px\" \/><\/a><figcaption id=\"caption-attachment-14878\" class=\"wp-caption-text\"><span style=\"font-size: 10pt; color: #339966;\"><strong>Ian Gibson\u00a0FERNANDO S\u00c1NCHEZ<\/strong><\/span><\/figcaption><\/figure>\n<\/div>\n<\/figure>\n<\/div>\n<p>&nbsp;<\/p>\n<p class=\"mce\" style=\"text-align: justify;\"><span style=\"font-family: arial, helvetica, sans-serif; font-size: 14pt;\"><strong class=\"mce\">En ese retorno, ya durante la Segunda Rep\u00fablica, Lorca public\u00f3 y estren\u00f3 obras que se tuvieron que enfrentar a un boicot grave por parte de la derecha del momento. De ah\u00ed que dijese aquello de &#8216;la derecha nos odia porque hacemos cultura para el pueblo&#8217;. \u00bfHa cambiado mucho la derecha en Espa\u00f1a desde aquellos a\u00f1os?<\/strong><\/span><\/p>\n<p class=\"mce\" style=\"text-align: justify;\"><span style=\"font-family: arial, helvetica, sans-serif; font-size: 14pt;\"><strong class=\"mce\">IG:<\/strong>\u00a0Pues no mucho. Lorca era gay y republicano. Aunque bueno, puede que la derecha haya avanzado un poco en el tema de la diversidad sexual. La derecha de hoy desprecia a Zapatero pero por lo menos permiti\u00f3 que Javier Maroto se pudiera casar con su chico. Me divirti\u00f3 mucho el otro d\u00eda aquello de S\u00e1enz de Santamar\u00eda diciendo &#8216;soy muy amiga del marido de Javier&#8217;. Joder, eso por s\u00ed solo demuestra que el PP ha cambiado un poco en ese sentido y me parece fant\u00e1stico.<\/span><\/p>\n<p class=\"mce\" style=\"text-align: justify;\"><span style=\"font-family: arial, helvetica, sans-serif; font-size: 14pt;\">Con todo, a la derecha de este pa\u00eds le cuesta much\u00edsimo trabajo avanzar. Si era terrible en los a\u00f1os treinta, despu\u00e9s de cuarenta a\u00f1os de dictadura&#8230; No han asumido el holocausto que se vivi\u00f3 aqu\u00ed durante la Guerra Civil, no asumen nada de su pasado. \u00a1Y cuando les sacas el tema hablan de reabrir heridas! \u00a1Es terrible!<\/span><\/p>\n<p class=\"mce\" style=\"text-align: justify;\"><span style=\"font-family: arial, helvetica, sans-serif; font-size: 14pt;\"><strong class=\"mce\">Con la exhumaci\u00f3n de Franco del Valle de los Ca\u00eddos, vuelve a estar es boca de todos el debate de si la memoria hist\u00f3rica es o no es reabrir heridas\u2026<\/strong><\/span><\/p>\n<p class=\"mce\" style=\"text-align: justify;\"><span style=\"font-family: arial, helvetica, sans-serif; font-size: 14pt;\"><strong class=\"mce\">IG:<\/strong>\u00a0Mira, yo estoy a favor de buscar a los desaparecidos. Y Lorca, culturalmente hablando, es el desaparecido n\u00famero uno de la historia de este pa\u00eds. El m\u00e1s famoso y el m\u00e1s llorado, as\u00ed que inevitablemente \u00e9l simboliza toda la tragedia de la guerra, de la dictadura y de lo que ocurri\u00f3 aqu\u00ed.<\/span><\/p>\n<p class=\"mce\" style=\"text-align: justify;\"><span style=\"font-family: arial, helvetica, sans-serif; font-size: 14pt;\">Pero lo de Franco es una aut\u00e9ntica verg\u00fcenza. La derecha de este pa\u00eds no tiene rubor, desconoce la verg\u00fcenza. Con este tema realmente parece ser que son incapaces de aceptar la realidad de lo que pas\u00f3 aqu\u00ed. Y la realidad es que aqu\u00ed tenemos por un lado a 115.000 desaparecidos en fosas comunes, y por otro el Valle de los Ca\u00eddos con el fundador del fascismo espa\u00f1ol y Francisco Franco. \u00a1Hablamos de que el mayor asesino espa\u00f1ol de todos los tiempos descansa tranquilamente en un mausoleo!<\/span><\/p>\n<p class=\"mce\" style=\"text-align: justify;\"><span style=\"font-family: arial, helvetica, sans-serif; font-size: 14pt;\">Felipe Gonz\u00e1lez tuvo la decencia de decir, en el libro que public\u00f3 con Cebri\u00e1n [<em class=\"mce\">\u00a0El futuro no es lo que era<\/em>, 2002], que pesa sobre su conciencia no haberlo hecho cuando tuvieron la mayor\u00eda absoluta. Los socialistas de entonces no lo hicieron y los de hoy lo intentan. Tarde, espero que a tiempo, pero tarde.<\/span><\/p>\n<p class=\"mce\" style=\"text-align: justify;\"><span style=\"font-family: arial, helvetica, sans-serif; font-size: 14pt;\">A m\u00ed me produce verg\u00fcenza que un pa\u00eds tenga un monumento como el Valle de los Ca\u00eddos cuarenta a\u00f1os despu\u00e9s del la muerte del dictador. Con 12.000 de sus v\u00edctimas all\u00ed, enterrados al lado del verdugo. Asco: es la \u00fanica palabra aplicable que se me ocurre.<\/span><\/p>\n<p class=\"mce\" style=\"text-align: justify;\"><span style=\"font-family: arial, helvetica, sans-serif; font-size: 14pt;\"><strong class=\"mce\">Dec\u00eda que Lorca era el desaparecido numero uno de nuestra historia. Pero podr\u00edamos estar cerca de encontrarlo. A principios de este a\u00f1o supimos que sus restos podr\u00edan haber sido movidos en 1986 durante el vallado de un parque que lleva su nombre en Alfacar.<\/strong><\/span><\/p>\n<p class=\"mce\" style=\"text-align: justify;\"><span style=\"font-family: arial, helvetica, sans-serif; font-size: 14pt;\">La situaci\u00f3n es la siguiente: la Junta de Andaluc\u00eda ha dado su permiso para una nueva b\u00fasqueda. Lo que pasa es que no ha sacado esto a concurso p\u00fablico. Sabemos por Luis Avial que hay indicios de restos debajo de una fuente que hicieron en el parque.<\/span><\/p>\n<p class=\"mce\" style=\"text-align: justify;\"><span style=\"font-family: arial, helvetica, sans-serif; font-size: 14pt;\">Cuando vallaron ese parque, aparecieron unos restos al lado de este olivo que dibuja Quique aqu\u00ed [se\u00f1ala la vi\u00f1eta exacta]. Y ahora sabemos que encontraron restos que estorbaban al cerrar el recinto y se pusieron debajo de lo que hoy es la fuente. Seg\u00fan indicaciones de georadar, Avial ha visto indicios de los restos muy cerca de d\u00f3nde los testimonios orales dicen que pas\u00f3. La Junta sabe todo esto y est\u00e1 dispuesta a buscar en el olivo y en la fuente. Pero estamos a la espera de que esto salga a concurso p\u00fablico. Cosa que espero que ocurra pronto y se pueda seguir investigando.<\/span><\/p>\n<p>&nbsp;<\/p>\n<div class=\"inset cf width643\">\n<figure class=\"media-holder\">\n<div class=\"mg \" style=\"text-align: justify;\">\n<figure id=\"attachment_14877\" aria-describedby=\"caption-attachment-14877\" style=\"width: 643px\" class=\"wp-caption aligncenter\"><a href=\"https:\/\/puntocritico.com\/ausajpuntocritico\/wp-content\/uploads\/2018\/11\/Ian-Gibson-Quique-Palomo_EDIIMA20181113_0899_5.jpg\" rel=\"lightbox[14865]\"><img loading=\"lazy\" decoding=\"async\" class=\"wp-image-14877 size-full\" src=\"https:\/\/puntocritico.com\/ausajpuntocritico\/wp-content\/uploads\/2018\/11\/Ian-Gibson-Quique-Palomo_EDIIMA20181113_0899_5.jpg\" alt=\"\" width=\"643\" height=\"428\" srcset=\"https:\/\/puntocritico.com\/ausajpuntocritico\/wp-content\/uploads\/2018\/11\/Ian-Gibson-Quique-Palomo_EDIIMA20181113_0899_5.jpg 643w, https:\/\/puntocritico.com\/ausajpuntocritico\/wp-content\/uploads\/2018\/11\/Ian-Gibson-Quique-Palomo_EDIIMA20181113_0899_5-300x200.jpg 300w, https:\/\/puntocritico.com\/ausajpuntocritico\/wp-content\/uploads\/2018\/11\/Ian-Gibson-Quique-Palomo_EDIIMA20181113_0899_5-225x150.jpg 225w\" sizes=\"auto, (max-width: 643px) 100vw, 643px\" \/><\/a><figcaption id=\"caption-attachment-14877\" class=\"wp-caption-text\"><span style=\"font-size: 10pt; color: #339966;\"><strong>Ian Gibson\u00a0FERNANDO S\u00c1NCHEZ<\/strong><\/span><\/figcaption><\/figure>\n<\/div>\n<\/figure>\n<\/div>\n<p><span style=\"font-size: 14pt;\"><a href=\"https:\/\/puntocritico.com\/ausajpuntocritico\/wp-content\/uploads\/2016\/11\/Mosca_Punto_Cr\u00edtico_40.png\" rel=\"lightbox[14865]\"><img loading=\"lazy\" decoding=\"async\" class=\"aligncenter size-full wp-image-48\" src=\"https:\/\/puntocritico.com\/ausajpuntocritico\/wp-content\/uploads\/2016\/11\/Mosca_Punto_Cr\u00edtico_40.png\" alt=\"\" width=\"50\" height=\"50\" \/><\/a><\/span><\/p>\n<h1>\u00a0<\/h1>\n<h1 class=\"gdlr-page-title\" style=\"text-align: center;\"><a id=\"ref3\"><\/a><a href=\"#ref3a\">[3]<\/a> Selecci\u00f3n de poemas de Garc\u00eda Lorca<\/h1>\n<p>&nbsp;<\/p>\n<p><a href=\"https:\/\/puntocritico.com\/ausajpuntocritico\/wp-content\/uploads\/2018\/11\/sanchez-mej\u00edas.jpg\" rel=\"lightbox[14865]\"><img loading=\"lazy\" decoding=\"async\" class=\"size-medium wp-image-14902 aligncenter\" src=\"https:\/\/puntocritico.com\/ausajpuntocritico\/wp-content\/uploads\/2018\/11\/sanchez-mej\u00edas-221x300.jpg\" alt=\"\" width=\"221\" height=\"300\" srcset=\"https:\/\/puntocritico.com\/ausajpuntocritico\/wp-content\/uploads\/2018\/11\/sanchez-mej\u00edas-221x300.jpg 221w, https:\/\/puntocritico.com\/ausajpuntocritico\/wp-content\/uploads\/2018\/11\/sanchez-mej\u00edas-110x150.jpg 110w, https:\/\/puntocritico.com\/ausajpuntocritico\/wp-content\/uploads\/2018\/11\/sanchez-mej\u00edas.jpg 400w\" sizes=\"auto, (max-width: 221px) 100vw, 221px\" \/><\/a><\/p>\n<p>&nbsp;<\/p>\n<p style=\"text-align: center;\"><em><strong><a id=\"ref4\"><\/a><a href=\"#ref4a\"><span style=\"font-size: 18pt; color: #008000;\">Llanto por Ignacio S\u00e1nchez Mej\u00edas<\/span><\/a><\/strong><\/em><\/p>\n<p style=\"text-align: center;\"><em><span style=\"font-family: arial, helvetica, sans-serif; font-size: 14pt;\">LA COGIDA Y LA MUERTE<\/span><\/em><\/p>\n<p style=\"text-align: center;\"><em><span style=\"font-family: arial, helvetica, sans-serif; font-size: 14pt;\">A las cinco de la tarde.<\/span><\/em><\/p>\n<p style=\"text-align: center;\"><em><span style=\"font-family: arial, helvetica, sans-serif; font-size: 14pt;\">Eran las cinco en punto de la tarde.<\/span><\/em><\/p>\n<p style=\"text-align: center;\"><em><span style=\"font-family: arial, helvetica, sans-serif; font-size: 14pt;\">Un ni\u00f1o trajo la blanca s\u00e1bana<\/span><\/em><br \/>\n<em><span style=\"font-family: arial, helvetica, sans-serif; font-size: 14pt;\">a las cinco de la tarde.<\/span><\/em><\/p>\n<p style=\"text-align: center;\"><em><span style=\"font-family: arial, helvetica, sans-serif; font-size: 14pt;\">Una espuerta de cal ya prevenida<\/span><\/em><br \/>\n<em><span style=\"font-family: arial, helvetica, sans-serif; font-size: 14pt;\">a las cinco de la tarde.<\/span><\/em><\/p>\n<p style=\"text-align: center;\"><em><span style=\"font-family: arial, helvetica, sans-serif; font-size: 14pt;\">Lo dem\u00e1s era muerte y s\u00f3lo muerte<\/span><\/em><br \/>\n<em><span style=\"font-family: arial, helvetica, sans-serif; font-size: 14pt;\">a las cinco de la tarde.<\/span><\/em><\/p>\n<p style=\"text-align: center;\"><em><span style=\"font-family: arial, helvetica, sans-serif; font-size: 14pt;\">El viento se llev\u00f3 los algodones<\/span><\/em><br \/>\n<em><span style=\"font-family: arial, helvetica, sans-serif; font-size: 14pt;\">a las cinco de la tarde.<\/span><\/em><\/p>\n<p style=\"text-align: center;\"><em><span style=\"font-family: arial, helvetica, sans-serif; font-size: 14pt;\">Y el \u00f3xido sembr\u00f3 cristal y n\u00edquel<\/span><\/em><br \/>\n<em><span style=\"font-family: arial, helvetica, sans-serif; font-size: 14pt;\">a las cinco de la tarde.<\/span><\/em><\/p>\n<p style=\"text-align: center;\"><em><span style=\"font-family: arial, helvetica, sans-serif; font-size: 14pt;\">Ya luchan la paloma y el leopardo<\/span><\/em><br \/>\n<em><span style=\"font-family: arial, helvetica, sans-serif; font-size: 14pt;\">a las cinco de la tarde.<\/span><\/em><\/p>\n<p style=\"text-align: center;\"><em><span style=\"font-family: arial, helvetica, sans-serif; font-size: 14pt;\">Y un muslo con un asta desolada<\/span><\/em><br \/>\n<em><span style=\"font-family: arial, helvetica, sans-serif; font-size: 14pt;\">a las cinco de la tarde.<\/span><\/em><\/p>\n<p style=\"text-align: center;\"><em><span style=\"font-family: arial, helvetica, sans-serif; font-size: 14pt;\">Comenzaron los sones del bord\u00f3n<\/span><\/em><br \/>\n<em><span style=\"font-family: arial, helvetica, sans-serif; font-size: 14pt;\">a las cinco de la tarde.<\/span><\/em><\/p>\n<p style=\"text-align: center;\"><em><span style=\"font-family: arial, helvetica, sans-serif; font-size: 14pt;\">Las campanas de ars\u00e9nico y el humo<\/span><\/em><br \/>\n<em><span style=\"font-family: arial, helvetica, sans-serif; font-size: 14pt;\">a las cinco de la tarde.<\/span><\/em><\/p>\n<p style=\"text-align: center;\"><em><span style=\"font-family: arial, helvetica, sans-serif; font-size: 14pt;\">En las esquinas grupos de silencio<\/span><\/em><br \/>\n<em><span style=\"font-family: arial, helvetica, sans-serif; font-size: 14pt;\">a las cinco de la tarde.<\/span><\/em><\/p>\n<p style=\"text-align: center;\"><em><span style=\"font-family: arial, helvetica, sans-serif; font-size: 14pt;\">\u00a1Y el toro, solo coraz\u00f3n arriba!<\/span><\/em><br \/>\n<em><span style=\"font-family: arial, helvetica, sans-serif; font-size: 14pt;\">a las cinco de la tarde.<\/span><\/em><\/p>\n<p style=\"text-align: center;\"><em><span style=\"font-family: arial, helvetica, sans-serif; font-size: 14pt;\">Cuando el sudor de nieve fue llegando<\/span><\/em><br \/>\n<em><span style=\"font-family: arial, helvetica, sans-serif; font-size: 14pt;\">a las cinco de la tarde,<\/span><\/em><\/p>\n<p style=\"text-align: center;\"><em><span style=\"font-family: arial, helvetica, sans-serif; font-size: 14pt;\">cuando la plaza se cubri\u00f3 de yodo<\/span><\/em><br \/>\n<em><span style=\"font-family: arial, helvetica, sans-serif; font-size: 14pt;\">a las cinco de la tarde,<\/span><\/em><\/p>\n<p style=\"text-align: center;\"><em><span style=\"font-family: arial, helvetica, sans-serif; font-size: 14pt;\">la muerte puso huevos en la herida<\/span><\/em><br \/>\n<em><span style=\"font-family: arial, helvetica, sans-serif; font-size: 14pt;\">a las cinco de la tarde.<\/span><\/em><\/p>\n<p style=\"text-align: center;\"><em><span style=\"font-family: arial, helvetica, sans-serif; font-size: 14pt;\">A las cinco de la tarde.<\/span><\/em><\/p>\n<p style=\"text-align: center;\"><em><span style=\"font-family: arial, helvetica, sans-serif; font-size: 14pt;\">A las cinco en punto de la tarde.<\/span><\/em><\/p>\n<p style=\"text-align: center;\"><em><span style=\"font-family: arial, helvetica, sans-serif; font-size: 14pt;\">Un ata\u00fad con ruedas es la cama<\/span><\/em><br \/>\n<em><span style=\"font-family: arial, helvetica, sans-serif; font-size: 14pt;\">a las cinco de la tarde.<\/span><\/em><\/p>\n<p style=\"text-align: center;\"><em><span style=\"font-family: arial, helvetica, sans-serif; font-size: 14pt;\">Huesos y flautas suenan en su o\u00eddo<\/span><\/em><br \/>\n<em><span style=\"font-family: arial, helvetica, sans-serif; font-size: 14pt;\">a las cinco de la tarde.<\/span><\/em><\/p>\n<p style=\"text-align: center;\"><em><span style=\"font-family: arial, helvetica, sans-serif; font-size: 14pt;\">El toro ya mug\u00eda por su frente<\/span><\/em><br \/>\n<em><span style=\"font-family: arial, helvetica, sans-serif; font-size: 14pt;\">a las cinco de la tarde.<\/span><\/em><\/p>\n<p style=\"text-align: center;\"><em><span style=\"font-family: arial, helvetica, sans-serif; font-size: 14pt;\">El cuarto se irisaba de agon\u00eda<\/span><\/em><br \/>\n<em><span style=\"font-family: arial, helvetica, sans-serif; font-size: 14pt;\">a las cinco de la tarde.<\/span><\/em><\/p>\n<p style=\"text-align: center;\"><em><span style=\"font-family: arial, helvetica, sans-serif; font-size: 14pt;\">A lo lejos ya viene la gangrena<\/span><\/em><br \/>\n<em><span style=\"font-family: arial, helvetica, sans-serif; font-size: 14pt;\">a las cinco de la tarde.<\/span><\/em><\/p>\n<p style=\"text-align: center;\"><em><span style=\"font-family: arial, helvetica, sans-serif; font-size: 14pt;\">Trompa de lirio por las verdes ingles<\/span><\/em><br \/>\n<em><span style=\"font-family: arial, helvetica, sans-serif; font-size: 14pt;\">a las cinco de la tarde.<\/span><\/em><\/p>\n<p style=\"text-align: center;\"><em><span style=\"font-family: arial, helvetica, sans-serif; font-size: 14pt;\">Las heridas quemaban como soles<\/span><\/em><br \/>\n<em><span style=\"font-family: arial, helvetica, sans-serif; font-size: 14pt;\">a las cinco de la tarde,<\/span><\/em><\/p>\n<p style=\"text-align: center;\"><em><span style=\"font-family: arial, helvetica, sans-serif; font-size: 14pt;\">y el gent\u00edo romp\u00eda las ventanas<\/span><\/em><br \/>\n<em><span style=\"font-family: arial, helvetica, sans-serif; font-size: 14pt;\">a las cinco de la tarde.<\/span><\/em><\/p>\n<p style=\"text-align: center;\"><em><span style=\"font-family: arial, helvetica, sans-serif; font-size: 14pt;\">A las cinco de la tarde.<\/span><\/em><\/p>\n<p style=\"text-align: center;\"><em><span style=\"font-family: arial, helvetica, sans-serif; font-size: 14pt;\">\u00a1Ay qu\u00e9 terribles cinco de la tarde!<\/span><\/em><br \/>\n<em><span style=\"font-family: arial, helvetica, sans-serif; font-size: 14pt;\">\u00a1Eran las cinco en todos los relojes!<\/span><\/em><br \/>\n<em><span style=\"font-family: arial, helvetica, sans-serif; font-size: 14pt;\">\u00a1Eran las cinco en sombra de la tarde!<\/span><\/em><\/p>\n<p style=\"text-align: center;\"><em><span style=\"font-family: arial, helvetica, sans-serif; font-size: 14pt;\">LA SANGRE DERRAMADA<\/span><\/em><\/p>\n<p style=\"text-align: center;\"><em><span style=\"font-family: arial, helvetica, sans-serif; font-size: 14pt;\">\u00a1Que no quiero verla!<\/span><\/em><\/p>\n<p style=\"text-align: center;\"><em><span style=\"font-family: arial, helvetica, sans-serif; font-size: 14pt;\">Dile a la luna que venga,<\/span><\/em><br \/>\n<em><span style=\"font-family: arial, helvetica, sans-serif; font-size: 14pt;\">que no quiero ver la sangre<\/span><\/em><br \/>\n<em><span style=\"font-family: arial, helvetica, sans-serif; font-size: 14pt;\">de Ignacio sobre la arena.<\/span><\/em><\/p>\n<p style=\"text-align: center;\"><em><span style=\"font-family: arial, helvetica, sans-serif; font-size: 14pt;\">\u00a1Que no quiero verla!<\/span><\/em><\/p>\n<p style=\"text-align: center;\"><em><span style=\"font-family: arial, helvetica, sans-serif; font-size: 14pt;\">La luna de par en par,<\/span><\/em><br \/>\n<em><span style=\"font-family: arial, helvetica, sans-serif; font-size: 14pt;\">caballo de nubes quietas,<\/span><\/em><br \/>\n<em><span style=\"font-family: arial, helvetica, sans-serif; font-size: 14pt;\">y la plaza gris del sue\u00f1o<\/span><\/em><br \/>\n<em><span style=\"font-family: arial, helvetica, sans-serif; font-size: 14pt;\">con sauces en las barreras<\/span><\/em><\/p>\n<p style=\"text-align: center;\"><em><span style=\"font-family: arial, helvetica, sans-serif; font-size: 14pt;\">\u00a1Que no quiero verla!<\/span><\/em><\/p>\n<p style=\"text-align: center;\"><em><span style=\"font-family: arial, helvetica, sans-serif; font-size: 14pt;\">Que mi recuerdo se quema.<\/span><\/em><br \/>\n<em><span style=\"font-family: arial, helvetica, sans-serif; font-size: 14pt;\">\u00a1Avisad a los jazmines<\/span><\/em><br \/>\n<em><span style=\"font-family: arial, helvetica, sans-serif; font-size: 14pt;\">con su blancura peque\u00f1a!<\/span><\/em><\/p>\n<p style=\"text-align: center;\"><em><span style=\"font-family: arial, helvetica, sans-serif; font-size: 14pt;\">\u00a1Que no quiero verla!<\/span><\/em><\/p>\n<p style=\"text-align: center;\"><em><span style=\"font-family: arial, helvetica, sans-serif; font-size: 14pt;\">La vaca del viejo mundo<\/span><\/em><br \/>\n<em><span style=\"font-family: arial, helvetica, sans-serif; font-size: 14pt;\">pasaba su triste lengua<\/span><\/em><br \/>\n<em><span style=\"font-family: arial, helvetica, sans-serif; font-size: 14pt;\">sobre un hocico de sangres<\/span><\/em><br \/>\n<em><span style=\"font-family: arial, helvetica, sans-serif; font-size: 14pt;\">derramadas en la arena,<\/span><\/em><br \/>\n<em><span style=\"font-family: arial, helvetica, sans-serif; font-size: 14pt;\">y los toros de Guisando,<\/span><\/em><br \/>\n<em><span style=\"font-family: arial, helvetica, sans-serif; font-size: 14pt;\">casi muerte y casi piedra,<\/span><\/em><br \/>\n<em><span style=\"font-family: arial, helvetica, sans-serif; font-size: 14pt;\">mugieron como dos siglos<\/span><\/em><br \/>\n<em><span style=\"font-family: arial, helvetica, sans-serif; font-size: 14pt;\">hartos de pisar la tierra.<\/span><\/em><\/p>\n<p style=\"text-align: center;\"><em><span style=\"font-family: arial, helvetica, sans-serif; font-size: 14pt;\">No.<\/span><\/em><\/p>\n<p style=\"text-align: center;\"><em><span style=\"font-family: arial, helvetica, sans-serif; font-size: 14pt;\">\u00a1Que no quiero verla!<\/span><\/em><\/p>\n<p style=\"text-align: center;\"><em><span style=\"font-family: arial, helvetica, sans-serif; font-size: 14pt;\">Por las gradas sube Ignacio<\/span><\/em><br \/>\n<em><span style=\"font-family: arial, helvetica, sans-serif; font-size: 14pt;\">con toda su muerte a cuestas.<\/span><\/em><br \/>\n<em><span style=\"font-family: arial, helvetica, sans-serif; font-size: 14pt;\">Buscaba el amanecer,<\/span><\/em><br \/>\n<em><span style=\"font-family: arial, helvetica, sans-serif; font-size: 14pt;\">y el amanecer no era.<\/span><\/em><br \/>\n<em><span style=\"font-family: arial, helvetica, sans-serif; font-size: 14pt;\">Busca su perfil seguro,<\/span><\/em><br \/>\n<em><span style=\"font-family: arial, helvetica, sans-serif; font-size: 14pt;\">y el sue\u00f1o lo desorienta.<\/span><\/em><br \/>\n<em><span style=\"font-family: arial, helvetica, sans-serif; font-size: 14pt;\">Buscaba su hermoso cuerpo<\/span><\/em><br \/>\n<em><span style=\"font-family: arial, helvetica, sans-serif; font-size: 14pt;\">y encontr\u00f3 su sangre abierta.<\/span><\/em><br \/>\n<em><span style=\"font-family: arial, helvetica, sans-serif; font-size: 14pt;\">\u00a1No me dig\u00e1is que la vea!<\/span><\/em><br \/>\n<em><span style=\"font-family: arial, helvetica, sans-serif; font-size: 14pt;\">No quiero sentir el chorro<\/span><\/em><br \/>\n<em><span style=\"font-family: arial, helvetica, sans-serif; font-size: 14pt;\">cada vez con menos fuerza;<\/span><\/em><br \/>\n<em><span style=\"font-family: arial, helvetica, sans-serif; font-size: 14pt;\">ese chorro que ilumina<\/span><\/em><br \/>\n<em><span style=\"font-family: arial, helvetica, sans-serif; font-size: 14pt;\">los tendidos y se vuelca<\/span><\/em><br \/>\n<em><span style=\"font-family: arial, helvetica, sans-serif; font-size: 14pt;\">sobre la pana y el cuero<\/span><\/em><br \/>\n<em><span style=\"font-family: arial, helvetica, sans-serif; font-size: 14pt;\">de muchedumbre sedienta.<\/span><\/em><br \/>\n<em><span style=\"font-family: arial, helvetica, sans-serif; font-size: 14pt;\">\u00a1Qui\u00e9n me grita que me asome!<\/span><\/em><br \/>\n<em><span style=\"font-family: arial, helvetica, sans-serif; font-size: 14pt;\">\u00a1No me dig\u00e1is que la vea!<\/span><\/em><br \/>\n<em><span style=\"font-family: arial, helvetica, sans-serif; font-size: 14pt;\">No se cerraron sus ojos<\/span><\/em><br \/>\n<em><span style=\"font-family: arial, helvetica, sans-serif; font-size: 14pt;\">cuando vio los cuernos cerca,<\/span><\/em><br \/>\n<em><span style=\"font-family: arial, helvetica, sans-serif; font-size: 14pt;\">pero las madres terribles<\/span><\/em><br \/>\n<em><span style=\"font-family: arial, helvetica, sans-serif; font-size: 14pt;\">levantaron la cabeza.<\/span><\/em><br \/>\n<em><span style=\"font-family: arial, helvetica, sans-serif; font-size: 14pt;\">Y a trav\u00e9s de las ganader\u00edas,<\/span><\/em><br \/>\n<em><span style=\"font-family: arial, helvetica, sans-serif; font-size: 14pt;\">hubo un aire de voces secretas<\/span><\/em><br \/>\n<em><span style=\"font-family: arial, helvetica, sans-serif; font-size: 14pt;\">que gritaban a toros celestes,<\/span><\/em><br \/>\n<em><span style=\"font-family: arial, helvetica, sans-serif; font-size: 14pt;\">mayorales de p\u00e1lida niebla.<\/span><\/em><br \/>\n<em><span style=\"font-family: arial, helvetica, sans-serif; font-size: 14pt;\">No hubo pr\u00edncipe en Sevilla<\/span><\/em><br \/>\n<em><span style=\"font-family: arial, helvetica, sans-serif; font-size: 14pt;\">que compar\u00e1rsele pueda,<\/span><\/em><br \/>\n<em><span style=\"font-family: arial, helvetica, sans-serif; font-size: 14pt;\">ni espada como su espada,<\/span><\/em><br \/>\n<em><span style=\"font-family: arial, helvetica, sans-serif; font-size: 14pt;\">ni coraz\u00f3n tan de veras.<\/span><\/em><br \/>\n<em><span style=\"font-family: arial, helvetica, sans-serif; font-size: 14pt;\">Como un r\u00edo de leones<\/span><\/em><br \/>\n<em><span style=\"font-family: arial, helvetica, sans-serif; font-size: 14pt;\">su maravillosa fuerza,<\/span><\/em><br \/>\n<em><span style=\"font-family: arial, helvetica, sans-serif; font-size: 14pt;\">y como un torso de m\u00e1rmol<\/span><\/em><br \/>\n<em><span style=\"font-family: arial, helvetica, sans-serif; font-size: 14pt;\">su dibujada prudencia.<\/span><\/em><br \/>\n<em><span style=\"font-family: arial, helvetica, sans-serif; font-size: 14pt;\">Aire de Roma andaluza<\/span><\/em><br \/>\n<em><span style=\"font-family: arial, helvetica, sans-serif; font-size: 14pt;\">le doraba la cabeza<\/span><\/em><br \/>\n<em><span style=\"font-family: arial, helvetica, sans-serif; font-size: 14pt;\">donde su risa era un nardo<\/span><\/em><br \/>\n<em><span style=\"font-family: arial, helvetica, sans-serif; font-size: 14pt;\">de sal y de inteligencia.<\/span><\/em><br \/>\n<em><span style=\"font-family: arial, helvetica, sans-serif; font-size: 14pt;\">\u00a1Qu\u00e9 gran torero en la plaza!<\/span><\/em><br \/>\n<em><span style=\"font-family: arial, helvetica, sans-serif; font-size: 14pt;\">\u00a1Qu\u00e9 gran serrano en la sierra!<\/span><\/em><br \/>\n<em><span style=\"font-family: arial, helvetica, sans-serif; font-size: 14pt;\">\u00a1Qu\u00e9 blando con las espigas!<\/span><\/em><br \/>\n<em><span style=\"font-family: arial, helvetica, sans-serif; font-size: 14pt;\">\u00a1Qu\u00e9 duro con las espuelas!<\/span><\/em><br \/>\n<em><span style=\"font-family: arial, helvetica, sans-serif; font-size: 14pt;\">\u00a1Qu\u00e9 tierno con el roc\u00edo!<\/span><\/em><br \/>\n<em><span style=\"font-family: arial, helvetica, sans-serif; font-size: 14pt;\">\u00a1Qu\u00e9 deslumbrante en la feria!<\/span><\/em><br \/>\n<em><span style=\"font-family: arial, helvetica, sans-serif; font-size: 14pt;\">\u00a1Qu\u00e9 tremendo con las \u00faltimas<\/span><\/em><br \/>\n<em><span style=\"font-family: arial, helvetica, sans-serif; font-size: 14pt;\">banderillas de tiniebla!<\/span><\/em><br \/>\n<em><span style=\"font-family: arial, helvetica, sans-serif; font-size: 14pt;\">Pero ya duerme sin fin.<\/span><\/em><br \/>\n<em><span style=\"font-family: arial, helvetica, sans-serif; font-size: 14pt;\">Ya los musgos y la hierba<\/span><\/em><br \/>\n<em><span style=\"font-family: arial, helvetica, sans-serif; font-size: 14pt;\">abren con dedos seguros<\/span><\/em><br \/>\n<em><span style=\"font-family: arial, helvetica, sans-serif; font-size: 14pt;\">la flor de su calavera.<\/span><\/em><br \/>\n<em><span style=\"font-family: arial, helvetica, sans-serif; font-size: 14pt;\">Y su sangre ya viene cantando:<\/span><\/em><br \/>\n<em><span style=\"font-family: arial, helvetica, sans-serif; font-size: 14pt;\">cantando por marismas y praderas,<\/span><\/em><br \/>\n<em><span style=\"font-family: arial, helvetica, sans-serif; font-size: 14pt;\">resbalando por cuernos ateridos<\/span><\/em><br \/>\n<em><span style=\"font-family: arial, helvetica, sans-serif; font-size: 14pt;\">vacilando sin alma por la niebla,<\/span><\/em><br \/>\n<em><span style=\"font-family: arial, helvetica, sans-serif; font-size: 14pt;\">tropezando con miles de pezu\u00f1as<\/span><\/em><br \/>\n<em><span style=\"font-family: arial, helvetica, sans-serif; font-size: 14pt;\">como una larga, oscura, triste lengua,<\/span><\/em><br \/>\n<em><span style=\"font-family: arial, helvetica, sans-serif; font-size: 14pt;\">para formar un charco de agon\u00eda<\/span><\/em><br \/>\n<em><span style=\"font-family: arial, helvetica, sans-serif; font-size: 14pt;\">junto al Guadalquivir de las estrellas.<\/span><\/em><br \/>\n<em><span style=\"font-family: arial, helvetica, sans-serif; font-size: 14pt;\">\u00a1Oh blanco muro de Espa\u00f1a!<\/span><\/em><br \/>\n<em><span style=\"font-family: arial, helvetica, sans-serif; font-size: 14pt;\">\u00a1Oh negro toro de pena!<\/span><\/em><br \/>\n<em><span style=\"font-family: arial, helvetica, sans-serif; font-size: 14pt;\">\u00a1Oh sangre dura de Ignacio!<\/span><\/em><br \/>\n<em><span style=\"font-family: arial, helvetica, sans-serif; font-size: 14pt;\">\u00a1Oh ruise\u00f1or de sus venas!<\/span><\/em><br \/>\n<em><span style=\"font-family: arial, helvetica, sans-serif; font-size: 14pt;\">No.<\/span><\/em><\/p>\n<p style=\"text-align: center;\"><em><span style=\"font-family: arial, helvetica, sans-serif; font-size: 14pt;\">\u00a1Que no quiero verla!<\/span><\/em><\/p>\n<p style=\"text-align: center;\"><em><span style=\"font-family: arial, helvetica, sans-serif; font-size: 14pt;\">Que no hay c\u00e1liz que la contenga,<\/span><\/em><br \/>\n<em><span style=\"font-family: arial, helvetica, sans-serif; font-size: 14pt;\">que no hay golondrinas que se la beban,<\/span><\/em><br \/>\n<em><span style=\"font-family: arial, helvetica, sans-serif; font-size: 14pt;\">no hay escarcha de luz que la enfr\u00ede,<\/span><\/em><br \/>\n<em><span style=\"font-family: arial, helvetica, sans-serif; font-size: 14pt;\">no hay canto ni diluvio de azucenas,<\/span><\/em><br \/>\n<em><span style=\"font-family: arial, helvetica, sans-serif; font-size: 14pt;\">no hay cristal que la cubra de plata.<\/span><\/em><br \/>\n<em><span style=\"font-family: arial, helvetica, sans-serif; font-size: 14pt;\">No.<\/span><\/em><\/p>\n<p style=\"text-align: center;\"><em><span style=\"font-family: arial, helvetica, sans-serif; font-size: 14pt;\">\u00a1Yo no quiero verla!<\/span><\/em><\/p>\n<p style=\"text-align: center;\"><em><span style=\"font-family: arial, helvetica, sans-serif; font-size: 14pt;\">CUERPO PRESENTE<\/span><\/em><\/p>\n<p style=\"text-align: center;\"><em><span style=\"font-family: arial, helvetica, sans-serif; font-size: 14pt;\">La piedra es una frente donde los sue\u00f1os gimen<\/span><\/em><br \/>\n<em><span style=\"font-family: arial, helvetica, sans-serif; font-size: 14pt;\">sin tener agua curva ni cipreses helados.<\/span><\/em><br \/>\n<em><span style=\"font-family: arial, helvetica, sans-serif; font-size: 14pt;\">La piedra es una espalda para llevar al tiempo<\/span><\/em><br \/>\n<em><span style=\"font-family: arial, helvetica, sans-serif; font-size: 14pt;\">con \u00e1rboles de l\u00e1grimas y cintas y planetas.<\/span><\/em><\/p>\n<p style=\"text-align: center;\"><em><span style=\"font-family: arial, helvetica, sans-serif; font-size: 14pt;\">Yo he visto lluvias grises correr hacia las olas<\/span><\/em><br \/>\n<em><span style=\"font-family: arial, helvetica, sans-serif; font-size: 14pt;\">levantando sus tiernos brazos acribillados,<\/span><\/em><br \/>\n<em><span style=\"font-family: arial, helvetica, sans-serif; font-size: 14pt;\">para no ser cazadas por la piedra tendida<\/span><\/em><br \/>\n<em><span style=\"font-family: arial, helvetica, sans-serif; font-size: 14pt;\">que desata sus miembros sin empapar la sangre.<\/span><\/em><\/p>\n<p style=\"text-align: center;\"><em><span style=\"font-family: arial, helvetica, sans-serif; font-size: 14pt;\">Porque la piedra coge simientes y nublados,<\/span><\/em><br \/>\n<em><span style=\"font-family: arial, helvetica, sans-serif; font-size: 14pt;\">esqueletos de alondras y lobos de penumbra;<\/span><\/em><br \/>\n<em><span style=\"font-family: arial, helvetica, sans-serif; font-size: 14pt;\">pero no da sonidos, ni cristales, ni fuego,<\/span><\/em><br \/>\n<em><span style=\"font-family: arial, helvetica, sans-serif; font-size: 14pt;\">sino plazas y plazas y otras plazas sin muros.<\/span><\/em><\/p>\n<p style=\"text-align: center;\"><em><span style=\"font-family: arial, helvetica, sans-serif; font-size: 14pt;\">Ya est\u00e1 sobre la piedra Ignacio el bien nacido.<\/span><\/em><br \/>\n<em><span style=\"font-family: arial, helvetica, sans-serif; font-size: 14pt;\">Ya se acab\u00f3; \u00bfqu\u00e9 pasa? Contemplad su figura:<\/span><\/em><br \/>\n<em><span style=\"font-family: arial, helvetica, sans-serif; font-size: 14pt;\">la muerte le ha cubierto de p\u00e1lidos azufres<\/span><\/em><br \/>\n<em><span style=\"font-family: arial, helvetica, sans-serif; font-size: 14pt;\">y le ha puesto cabeza de oscuro minotauro.<\/span><\/em><\/p>\n<p style=\"text-align: center;\"><em><span style=\"font-family: arial, helvetica, sans-serif; font-size: 14pt;\">Ya se acab\u00f3. La lluvia penetra por su boca.<\/span><\/em><br \/>\n<em><span style=\"font-family: arial, helvetica, sans-serif; font-size: 14pt;\">El aire como loco deja su pecho hundido,<\/span><\/em><br \/>\n<em><span style=\"font-family: arial, helvetica, sans-serif; font-size: 14pt;\">y el Amor, empapado con l\u00e1grimas de nieve<\/span><\/em><br \/>\n<em><span style=\"font-family: arial, helvetica, sans-serif; font-size: 14pt;\">se calienta en la cumbre de las ganader\u00edas.<\/span><\/em><\/p>\n<p style=\"text-align: center;\"><em><span style=\"font-family: arial, helvetica, sans-serif; font-size: 14pt;\">\u00bfQu\u00e9 dicen? Un silencio con hedores reposa.<\/span><\/em><br \/>\n<em><span style=\"font-family: arial, helvetica, sans-serif; font-size: 14pt;\">Estamos con un cuerpo presente que se esfuma,<\/span><\/em><br \/>\n<em><span style=\"font-family: arial, helvetica, sans-serif; font-size: 14pt;\">con una forma clara que tuvo ruise\u00f1ores<\/span><\/em><br \/>\n<em><span style=\"font-family: arial, helvetica, sans-serif; font-size: 14pt;\">y la vemos llenarse de agujeros sin fondo.<\/span><\/em><\/p>\n<p style=\"text-align: center;\"><em><span style=\"font-family: arial, helvetica, sans-serif; font-size: 14pt;\">\u00bfQui\u00e9n arruga el sudario? \u00a1No es verdad lo que dice!<\/span><\/em><br \/>\n<em><span style=\"font-family: arial, helvetica, sans-serif; font-size: 14pt;\">Aqu\u00ed no canta nadie, ni llora en el rinc\u00f3n,<\/span><\/em><br \/>\n<em><span style=\"font-family: arial, helvetica, sans-serif; font-size: 14pt;\">ni pica las espuelas, ni espanta la serpiente:<\/span><\/em><br \/>\n<em><span style=\"font-family: arial, helvetica, sans-serif; font-size: 14pt;\">aqu\u00ed no quiero m\u00e1s que los ojos redondos<\/span><\/em><br \/>\n<em><span style=\"font-family: arial, helvetica, sans-serif; font-size: 14pt;\">para ver ese cuerpo sin posible descanso.<\/span><\/em><\/p>\n<p style=\"text-align: center;\"><em><span style=\"font-family: arial, helvetica, sans-serif; font-size: 14pt;\">Yo quiero ver aqu\u00ed los hombres de voz dura.<\/span><\/em><br \/>\n<em><span style=\"font-family: arial, helvetica, sans-serif; font-size: 14pt;\">Los que doman caballos y dominan los r\u00edos;<\/span><\/em><br \/>\n<em><span style=\"font-family: arial, helvetica, sans-serif; font-size: 14pt;\">los hombres que les suena el esqueleto y cantan<\/span><\/em><br \/>\n<em><span style=\"font-family: arial, helvetica, sans-serif; font-size: 14pt;\">con una boca llena de sol y pedernales.<\/span><\/em><\/p>\n<p style=\"text-align: center;\"><em><span style=\"font-family: arial, helvetica, sans-serif; font-size: 14pt;\">Aqu\u00ed quiero yo verlos. Delante de la piedra.<\/span><\/em><br \/>\n<em><span style=\"font-family: arial, helvetica, sans-serif; font-size: 14pt;\">Delante de este cuerpo con las riendas quebradas.<\/span><\/em><br \/>\n<em><span style=\"font-family: arial, helvetica, sans-serif; font-size: 14pt;\">Yo quiero que me ense\u00f1en d\u00f3nde est\u00e1 la salida<\/span><\/em><br \/>\n<em><span style=\"font-family: arial, helvetica, sans-serif; font-size: 14pt;\">para este capit\u00e1n atado por la muerte.<\/span><\/em><\/p>\n<p style=\"text-align: center;\"><em><span style=\"font-family: arial, helvetica, sans-serif; font-size: 14pt;\">Yo quiero que me ense\u00f1en un llanto como un r\u00edo<\/span><\/em><br \/>\n<em><span style=\"font-family: arial, helvetica, sans-serif; font-size: 14pt;\">que tenga dulces nieblas y profundas orillas,<\/span><\/em><br \/>\n<em><span style=\"font-family: arial, helvetica, sans-serif; font-size: 14pt;\">para llevar el cuerpo de Ignacio y que se pierda<\/span><\/em><br \/>\n<em><span style=\"font-family: arial, helvetica, sans-serif; font-size: 14pt;\">sin escuchar el doble resuello de los toros.<\/span><\/em><\/p>\n<p style=\"text-align: center;\"><em><span style=\"font-family: arial, helvetica, sans-serif; font-size: 14pt;\">Que se pierda en la plaza redonda de la luna<\/span><\/em><br \/>\n<em><span style=\"font-family: arial, helvetica, sans-serif; font-size: 14pt;\">que finge cuando ni\u00f1a doliente res inm\u00f3vil;<\/span><\/em><br \/>\n<em><span style=\"font-family: arial, helvetica, sans-serif; font-size: 14pt;\">que se pierda en la noche sin canto de los peces<\/span><\/em><br \/>\n<em><span style=\"font-family: arial, helvetica, sans-serif; font-size: 14pt;\">y en la maleza blanca del humo congelado.<\/span><\/em><\/p>\n<p style=\"text-align: center;\"><em><span style=\"font-family: arial, helvetica, sans-serif; font-size: 14pt;\">No quiero que le tapen la cara con pa\u00f1uelos<\/span><\/em><br \/>\n<em><span style=\"font-family: arial, helvetica, sans-serif; font-size: 14pt;\">para que se acostumbre con la muerte que lleva.<\/span><\/em><br \/>\n<em><span style=\"font-family: arial, helvetica, sans-serif; font-size: 14pt;\">Vete, Ignacio: No sientas el caliente bramido.<\/span><\/em><br \/>\n<em><span style=\"font-family: arial, helvetica, sans-serif; font-size: 14pt;\">Duerme, vuela, reposa: \u00a1Tambi\u00e9n se muere el mar!<\/span><\/em><\/p>\n<p style=\"text-align: center;\"><em><span style=\"font-family: arial, helvetica, sans-serif; font-size: 14pt;\">ALMA AUSENTE<\/span><\/em><\/p>\n<p style=\"text-align: center;\"><em><span style=\"font-family: arial, helvetica, sans-serif; font-size: 14pt;\">No te conoce el toro ni la higuera,<\/span><\/em><br \/>\n<em><span style=\"font-family: arial, helvetica, sans-serif; font-size: 14pt;\">ni caballos ni hormigas de tu casa.<\/span><\/em><br \/>\n<em><span style=\"font-family: arial, helvetica, sans-serif; font-size: 14pt;\">No te conoce el ni\u00f1o ni la tarde<\/span><\/em><br \/>\n<em><span style=\"font-family: arial, helvetica, sans-serif; font-size: 14pt;\">porque te has muerto para siempre.<\/span><\/em><\/p>\n<p style=\"text-align: center;\"><em><span style=\"font-family: arial, helvetica, sans-serif; font-size: 14pt;\">No te conoce el lomo de la piedra,<\/span><\/em><br \/>\n<em><span style=\"font-family: arial, helvetica, sans-serif; font-size: 14pt;\">ni el raso negro donde te destrozas.<\/span><\/em><br \/>\n<em><span style=\"font-family: arial, helvetica, sans-serif; font-size: 14pt;\">No te conoce tu recuerdo mudo<\/span><\/em><br \/>\n<em><span style=\"font-family: arial, helvetica, sans-serif; font-size: 14pt;\">porque te has muerto para siempre.<\/span><\/em><\/p>\n<p style=\"text-align: center;\"><em><span style=\"font-family: arial, helvetica, sans-serif; font-size: 14pt;\">El oto\u00f1o vendr\u00e1 con caracolas,<\/span><\/em><br \/>\n<em><span style=\"font-family: arial, helvetica, sans-serif; font-size: 14pt;\">uva de niebla y monjes agrupados,<\/span><\/em><br \/>\n<em><span style=\"font-family: arial, helvetica, sans-serif; font-size: 14pt;\">pero nadie querr\u00e1 mirar tus ojos<\/span><\/em><br \/>\n<em><span style=\"font-family: arial, helvetica, sans-serif; font-size: 14pt;\">porque te has muerto para siempre.<\/span><\/em><\/p>\n<p style=\"text-align: center;\"><em><span style=\"font-family: arial, helvetica, sans-serif; font-size: 14pt;\">Porque te has muerto para siempre,<\/span><\/em><br \/>\n<em><span style=\"font-family: arial, helvetica, sans-serif; font-size: 14pt;\">como todos los muertos de la Tierra,<\/span><\/em><br \/>\n<em><span style=\"font-family: arial, helvetica, sans-serif; font-size: 14pt;\">como todos los muertos que se olvidan<\/span><\/em><br \/>\n<em><span style=\"font-family: arial, helvetica, sans-serif; font-size: 14pt;\">en un mont\u00f3n de perros apagados.<\/span><\/em><\/p>\n<p style=\"text-align: center;\"><em><span style=\"font-family: arial, helvetica, sans-serif; font-size: 14pt;\">No te conoce nadie. No. Pero yo te canto.<\/span><\/em><br \/>\n<em><span style=\"font-family: arial, helvetica, sans-serif; font-size: 14pt;\">Yo canto para luego tu perfil y tu gracia.<\/span><\/em><br \/>\n<em><span style=\"font-family: arial, helvetica, sans-serif; font-size: 14pt;\">La madurez insigne de tu conocimiento.<\/span><\/em><br \/>\n<em><span style=\"font-family: arial, helvetica, sans-serif; font-size: 14pt;\">Tu apetencia de muerte y el gusto de tu boca.<\/span><\/em><br \/>\n<em><span style=\"font-family: arial, helvetica, sans-serif; font-size: 14pt;\">La tristeza que tuvo tu valiente alegr\u00eda.<\/span><\/em><br \/>\n<em><span style=\"font-family: arial, helvetica, sans-serif; font-size: 14pt;\">Tardar\u00e1 mucho tiempo en nacer, si es que nace,<\/span><\/em><br \/>\n<em><span style=\"font-family: arial, helvetica, sans-serif; font-size: 14pt;\">un andaluz tan claro, tan rico de aventura.<\/span><\/em><br \/>\n<em><span style=\"font-family: arial, helvetica, sans-serif; font-size: 14pt;\">Yo canto su elegancia con palabras que gimen<\/span><\/em><br \/>\n<em><span style=\"font-family: arial, helvetica, sans-serif; font-size: 14pt;\">y recuerdo una brisa triste por los olivos.<\/span><\/em><\/p>\n<p style=\"text-align: center;\"><span style=\"font-size: 18pt;\"><strong>***<\/strong><\/span><\/p>\n<p>&nbsp;<\/p>\n<p><a href=\"https:\/\/puntocritico.com\/ausajpuntocritico\/wp-content\/uploads\/2018\/11\/soneto-guirnalda-rosas.png\" rel=\"lightbox[14865]\"><img loading=\"lazy\" decoding=\"async\" class=\"aligncenter wp-image-14903\" src=\"https:\/\/puntocritico.com\/ausajpuntocritico\/wp-content\/uploads\/2018\/11\/soneto-guirnalda-rosas-300x192.png\" alt=\"\" width=\"410\" height=\"262\" srcset=\"https:\/\/puntocritico.com\/ausajpuntocritico\/wp-content\/uploads\/2018\/11\/soneto-guirnalda-rosas-300x192.png 300w, https:\/\/puntocritico.com\/ausajpuntocritico\/wp-content\/uploads\/2018\/11\/soneto-guirnalda-rosas-235x150.png 235w, https:\/\/puntocritico.com\/ausajpuntocritico\/wp-content\/uploads\/2018\/11\/soneto-guirnalda-rosas.png 573w\" sizes=\"auto, (max-width: 410px) 100vw, 410px\" \/><\/a><\/p>\n<p>&nbsp;<\/p>\n<p style=\"text-align: center;\"><b><\/b><em><b><a id=\"ref5\"><\/a><a href=\"#ref5a\"><span style=\"font-size: 18pt; color: #008000;\">Soneto de la guirnalda de rosas<\/span><\/a><\/b><\/em><\/p>\n<p style=\"text-align: center;\"><em><span style=\"font-family: arial, helvetica, sans-serif; font-size: 14pt;\">\u00a1Esa guirnalda! \u00a1pronto! \u00a1que me muero!<\/span><\/em><br \/>\n<em><span style=\"font-family: arial, helvetica, sans-serif; font-size: 14pt;\">\u00a1Teje deprisa! \u00a1canta! \u00a1gime! \u00a1canta!<\/span><\/em><br \/>\n<em><span style=\"font-family: arial, helvetica, sans-serif; font-size: 14pt;\">que la sombra me enturbia la garganta<\/span><\/em><br \/>\n<em><span style=\"font-family: arial, helvetica, sans-serif; font-size: 14pt;\">y otra vez viene y mil la luz de enero.<\/span><\/em><\/p>\n<p style=\"text-align: center;\"><em><span style=\"font-family: arial, helvetica, sans-serif; font-size: 14pt;\">Entre lo que me quieres y te quiero,<\/span><\/em><br \/>\n<em><span style=\"font-family: arial, helvetica, sans-serif; font-size: 14pt;\">aire de estrellas y temblor de planta,<\/span><\/em><br \/>\n<em><span style=\"font-family: arial, helvetica, sans-serif; font-size: 14pt;\">espesura de an\u00e9monas levanta<\/span><\/em><br \/>\n<em><span style=\"font-family: arial, helvetica, sans-serif; font-size: 14pt;\">con oscuro gemir un a\u00f1o entero.<\/span><\/em><\/p>\n<p style=\"text-align: center;\"><em><span style=\"font-family: arial, helvetica, sans-serif; font-size: 14pt;\">Goza el fresco paisaje de mi herida,<\/span><\/em><br \/>\n<em><span style=\"font-family: arial, helvetica, sans-serif; font-size: 14pt;\">quiebra juncos y arroyos delicados.<\/span><\/em><br \/>\n<em><span style=\"font-family: arial, helvetica, sans-serif; font-size: 14pt;\">Bebe en muslo de miel sangre vertida.<\/span><\/em><\/p>\n<p style=\"text-align: center;\"><em><span style=\"font-family: arial, helvetica, sans-serif; font-size: 14pt;\">Pero \u00a1pronto! Que unidos, enlazados,<\/span><\/em><br \/>\n<em><span style=\"font-family: arial, helvetica, sans-serif; font-size: 14pt;\">boca rota de amor y alma mordida,<\/span><\/em><br \/>\n<em><span style=\"font-family: arial, helvetica, sans-serif; font-size: 14pt;\">el tiempo nos encuentre destrozados.<\/span><\/em><\/p>\n<p style=\"text-align: center;\"><strong><span style=\"font-size: 18pt;\">***<\/span><\/strong><\/p>\n<p>&nbsp;<\/p>\n<p><a href=\"https:\/\/puntocritico.com\/ausajpuntocritico\/wp-content\/uploads\/2018\/11\/soneto-dulce-queja.jpg\" rel=\"lightbox[14865]\"><img loading=\"lazy\" decoding=\"async\" class=\"aligncenter wp-image-14904\" src=\"https:\/\/puntocritico.com\/ausajpuntocritico\/wp-content\/uploads\/2018\/11\/soneto-dulce-queja-200x300.jpg\" alt=\"\" width=\"290\" height=\"435\" srcset=\"https:\/\/puntocritico.com\/ausajpuntocritico\/wp-content\/uploads\/2018\/11\/soneto-dulce-queja-200x300.jpg 200w, https:\/\/puntocritico.com\/ausajpuntocritico\/wp-content\/uploads\/2018\/11\/soneto-dulce-queja-100x150.jpg 100w, https:\/\/puntocritico.com\/ausajpuntocritico\/wp-content\/uploads\/2018\/11\/soneto-dulce-queja.jpg 600w\" sizes=\"auto, (max-width: 290px) 100vw, 290px\" \/><\/a><\/p>\n<p>&nbsp;<\/p>\n<p style=\"text-align: center;\"><em><span style=\"font-family: arial, helvetica, sans-serif; font-size: 14pt;\"><b>\u00a0<a id=\"ref6\"><\/a><a href=\"#ref6a\"><span style=\"font-size: 18pt; color: #008000;\">Soneto de la dulce queja<\/span><\/a><\/b><\/span><\/em><\/p>\n<p style=\"text-align: center;\"><em><span style=\"font-family: arial, helvetica, sans-serif; font-size: 14pt;\">Tengo miedo a perder la maravilla<\/span><\/em><br \/>\n<em><span style=\"font-family: arial, helvetica, sans-serif; font-size: 14pt;\">de tus ojos de estatua, y el acento<\/span><\/em><br \/>\n<em><span style=\"font-family: arial, helvetica, sans-serif; font-size: 14pt;\">que de noche me pone en la mejilla<\/span><\/em><br \/>\n<em><span style=\"font-family: arial, helvetica, sans-serif; font-size: 14pt;\">la solitaria rosa de tu aliento.<\/span><\/em><\/p>\n<p style=\"text-align: center;\"><em><span style=\"font-family: arial, helvetica, sans-serif; font-size: 14pt;\">Tengo pena de ser en esta orilla<\/span><\/em><br \/>\n<em><span style=\"font-family: arial, helvetica, sans-serif; font-size: 14pt;\">tronco sin ramas; y lo que m\u00e1s siento<\/span><\/em><br \/>\n<em><span style=\"font-family: arial, helvetica, sans-serif; font-size: 14pt;\">es no tener la flor, pulpa o arcilla,<\/span><\/em><br \/>\n<em><span style=\"font-family: arial, helvetica, sans-serif; font-size: 14pt;\">para el gusano de mi sufrimiento.<\/span><\/em><\/p>\n<p style=\"text-align: center;\"><em><span style=\"font-family: arial, helvetica, sans-serif; font-size: 14pt;\">Si t\u00fa eres el tesoro oculto m\u00edo,<\/span><\/em><br \/>\n<em><span style=\"font-family: arial, helvetica, sans-serif; font-size: 14pt;\">si eres mi cruz y mi dolor mojado,<\/span><\/em><br \/>\n<em><span style=\"font-family: arial, helvetica, sans-serif; font-size: 14pt;\">si soy el perro de tu se\u00f1or\u00edo,<\/span><\/em><\/p>\n<p style=\"text-align: center;\"><em><span style=\"font-family: arial, helvetica, sans-serif; font-size: 14pt;\">no me dejes perder lo que he ganado<\/span><\/em><br \/>\n<em><span style=\"font-family: arial, helvetica, sans-serif; font-size: 14pt;\">y decora las aguas de tu r\u00edo<\/span><\/em><br \/>\n<em><span style=\"font-family: arial, helvetica, sans-serif; font-size: 14pt;\">con hojas de mi oto\u00f1o enajenado.<\/span><\/em><\/p>\n<p style=\"text-align: center;\"><strong><span style=\"font-size: 18pt;\">***<\/span><\/strong><\/p>\n<p>&nbsp;<\/p>\n<p><a href=\"https:\/\/puntocritico.com\/ausajpuntocritico\/wp-content\/uploads\/2018\/11\/la-casada-infiel.jpg\" rel=\"lightbox[14865]\"><img loading=\"lazy\" decoding=\"async\" class=\"aligncenter wp-image-14905\" src=\"https:\/\/puntocritico.com\/ausajpuntocritico\/wp-content\/uploads\/2018\/11\/la-casada-infiel-300x225.jpg\" alt=\"\" width=\"410\" height=\"308\" srcset=\"https:\/\/puntocritico.com\/ausajpuntocritico\/wp-content\/uploads\/2018\/11\/la-casada-infiel-300x225.jpg 300w, https:\/\/puntocritico.com\/ausajpuntocritico\/wp-content\/uploads\/2018\/11\/la-casada-infiel-200x150.jpg 200w, https:\/\/puntocritico.com\/ausajpuntocritico\/wp-content\/uploads\/2018\/11\/la-casada-infiel-326x245.jpg 326w, https:\/\/puntocritico.com\/ausajpuntocritico\/wp-content\/uploads\/2018\/11\/la-casada-infiel-80x60.jpg 80w, https:\/\/puntocritico.com\/ausajpuntocritico\/wp-content\/uploads\/2018\/11\/la-casada-infiel.jpg 480w\" sizes=\"auto, (max-width: 410px) 100vw, 410px\" \/><\/a><\/p>\n<p>&nbsp;<\/p>\n<p style=\"text-align: center;\"><em><span style=\"font-family: arial, helvetica, sans-serif; font-size: 14pt;\"><b>\u00a0<a id=\"ref7\"><\/a><a href=\"#ref7a\"><span style=\"font-size: 18pt; color: #008000;\">La casada infiel<\/span><\/a><\/b><\/span><\/em><\/p>\n<p style=\"text-align: center;\"><em><span style=\"font-family: arial, helvetica, sans-serif; font-size: 14pt;\">Y que yo me la lleve al r\u00edo<\/span><\/em><br \/>\n<em><span style=\"font-family: arial, helvetica, sans-serif; font-size: 14pt;\">creyendo que era mozuela,<\/span><\/em><br \/>\n<em><span style=\"font-family: arial, helvetica, sans-serif; font-size: 14pt;\">pero ten\u00eda marido.<\/span><\/em><br \/>\n<em><span style=\"font-family: arial, helvetica, sans-serif; font-size: 14pt;\">Fue la noche de Santiago<\/span><\/em><br \/>\n<em><span style=\"font-family: arial, helvetica, sans-serif; font-size: 14pt;\">y casi por compromiso.<\/span><\/em><br \/>\n<em><span style=\"font-family: arial, helvetica, sans-serif; font-size: 14pt;\">Se apagaron los faroles<\/span><\/em><br \/>\n<em><span style=\"font-family: arial, helvetica, sans-serif; font-size: 14pt;\">y se encendieron los grillos.<\/span><\/em><br \/>\n<em><span style=\"font-family: arial, helvetica, sans-serif; font-size: 14pt;\">En las \u00faltimas esquinas<\/span><\/em><br \/>\n<em><span style=\"font-family: arial, helvetica, sans-serif; font-size: 14pt;\">toqu\u00e9 sus pechos dormidos,<\/span><\/em><br \/>\n<em><span style=\"font-family: arial, helvetica, sans-serif; font-size: 14pt;\">y se me abrieron de pronto<\/span><\/em><br \/>\n<em><span style=\"font-family: arial, helvetica, sans-serif; font-size: 14pt;\">como ramos de jacintos.<\/span><\/em><br \/>\n<em><span style=\"font-family: arial, helvetica, sans-serif; font-size: 14pt;\">El almid\u00f3n de su enagua me<\/span><\/em><br \/>\n<em><span style=\"font-family: arial, helvetica, sans-serif; font-size: 14pt;\">sonaba en el o\u00eddo,<\/span><\/em><br \/>\n<em><span style=\"font-family: arial, helvetica, sans-serif; font-size: 14pt;\">como una pieza de seda<\/span><\/em><br \/>\n<em><span style=\"font-family: arial, helvetica, sans-serif; font-size: 14pt;\">rasgada por diez cuchillos<\/span><\/em><br \/>\n<em><span style=\"font-family: arial, helvetica, sans-serif; font-size: 14pt;\">Sin luz de plata en sus copas<\/span><\/em><br \/>\n<em><span style=\"font-family: arial, helvetica, sans-serif; font-size: 14pt;\">los \u00e1rboles han crecido,<\/span><\/em><br \/>\n<em><span style=\"font-family: arial, helvetica, sans-serif; font-size: 14pt;\">y un horizonte de perros<\/span><\/em><br \/>\n<em><span style=\"font-family: arial, helvetica, sans-serif; font-size: 14pt;\">ladra muy lejos del r\u00edo.<\/span><\/em><\/p>\n<p style=\"text-align: center;\"><em><span style=\"font-family: arial, helvetica, sans-serif; font-size: 14pt;\">Pasadas las zarzamoras,<\/span><\/em><br \/>\n<em><span style=\"font-family: arial, helvetica, sans-serif; font-size: 14pt;\">los juncos y los espinos,<\/span><\/em><br \/>\n<em><span style=\"font-family: arial, helvetica, sans-serif; font-size: 14pt;\">bajo su mata de pelo<\/span><\/em><br \/>\n<em><span style=\"font-family: arial, helvetica, sans-serif; font-size: 14pt;\">hice un hoyo sobre el limo.<\/span><\/em><br \/>\n<em><span style=\"font-family: arial, helvetica, sans-serif; font-size: 14pt;\">Yo me quit\u00e9 la corbata.<\/span><\/em><br \/>\n<em><span style=\"font-family: arial, helvetica, sans-serif; font-size: 14pt;\">Ella se quit\u00f3 el vestido.<\/span><\/em><br \/>\n<em><span style=\"font-family: arial, helvetica, sans-serif; font-size: 14pt;\">Yo el cintur\u00f3n con rev\u00f3lver<\/span><\/em><br \/>\n<em><span style=\"font-family: arial, helvetica, sans-serif; font-size: 14pt;\">Ella sus cuatro corpi\u00f1os.<\/span><\/em><br \/>\n<em><span style=\"font-family: arial, helvetica, sans-serif; font-size: 14pt;\">Ni nardos ni caracolas<\/span><\/em><br \/>\n<em><span style=\"font-family: arial, helvetica, sans-serif; font-size: 14pt;\">tienen el cutis tan fino,<\/span><\/em><br \/>\n<em><span style=\"font-family: arial, helvetica, sans-serif; font-size: 14pt;\">ni los cristales con luna<\/span><\/em><br \/>\n<em><span style=\"font-family: arial, helvetica, sans-serif; font-size: 14pt;\">relumbran con ese brillo.<\/span><\/em><br \/>\n<em><span style=\"font-family: arial, helvetica, sans-serif; font-size: 14pt;\">Sus muslos se me escapaban<\/span><\/em><br \/>\n<em><span style=\"font-family: arial, helvetica, sans-serif; font-size: 14pt;\">como peces sorprendidos,<\/span><\/em><br \/>\n<em><span style=\"font-family: arial, helvetica, sans-serif; font-size: 14pt;\">la mitad llenos de lumbre,<\/span><\/em><br \/>\n<em><span style=\"font-family: arial, helvetica, sans-serif; font-size: 14pt;\">la mitad llenos de fr\u00edo.<\/span><\/em><br \/>\n<em><span style=\"font-family: arial, helvetica, sans-serif; font-size: 14pt;\">Aquella noche corr\u00ed<\/span><\/em><br \/>\n<em><span style=\"font-family: arial, helvetica, sans-serif; font-size: 14pt;\">el mejor de los caminos,<\/span><\/em><br \/>\n<em><span style=\"font-family: arial, helvetica, sans-serif; font-size: 14pt;\">montado en potra de n\u00e1car<\/span><\/em><br \/>\n<em><span style=\"font-family: arial, helvetica, sans-serif; font-size: 14pt;\">sin bridas y sin estribos.<\/span><\/em><br \/>\n<em><span style=\"font-family: arial, helvetica, sans-serif; font-size: 14pt;\">No quiero decir, por hombre,<\/span><\/em><br \/>\n<em><span style=\"font-family: arial, helvetica, sans-serif; font-size: 14pt;\">las cosas que ella me dijo.<\/span><\/em><br \/>\n<em><span style=\"font-family: arial, helvetica, sans-serif; font-size: 14pt;\">La luz del entendimiento<\/span><\/em><br \/>\n<em><span style=\"font-family: arial, helvetica, sans-serif; font-size: 14pt;\">me hace ser muy comedido.<\/span><\/em><br \/>\n<em><span style=\"font-family: arial, helvetica, sans-serif; font-size: 14pt;\">Sucia de besos y arena,<\/span><\/em><br \/>\n<em><span style=\"font-family: arial, helvetica, sans-serif; font-size: 14pt;\">yo me la lleve del r\u00edo.<\/span><\/em><br \/>\n<em><span style=\"font-family: arial, helvetica, sans-serif; font-size: 14pt;\">Con el aire se bat\u00edan las<\/span><\/em><br \/>\n<em><span style=\"font-family: arial, helvetica, sans-serif; font-size: 14pt;\">espadas de los lirios.<\/span><\/em><\/p>\n<p style=\"text-align: center;\"><em><span style=\"font-family: arial, helvetica, sans-serif; font-size: 14pt;\">Me port\u00e9 como quien soy.<\/span><\/em><br \/>\n<em><span style=\"font-family: arial, helvetica, sans-serif; font-size: 14pt;\">Como un gitano leg\u00edtimo.<\/span><\/em><br \/>\n<em><span style=\"font-family: arial, helvetica, sans-serif; font-size: 14pt;\">La regal\u00e9 un costurero<\/span><\/em><br \/>\n<em><span style=\"font-family: arial, helvetica, sans-serif; font-size: 14pt;\">grande de raso pajizo,<\/span><\/em><br \/>\n<em><span style=\"font-family: arial, helvetica, sans-serif; font-size: 14pt;\">y no quise enamorarme<\/span><\/em><br \/>\n<em><span style=\"font-family: arial, helvetica, sans-serif; font-size: 14pt;\">porque teniendo marido<\/span><\/em><br \/>\n<em><span style=\"font-family: arial, helvetica, sans-serif; font-size: 14pt;\">me dijo que era mozuela<\/span><\/em><br \/>\n<em><span style=\"font-family: arial, helvetica, sans-serif; font-size: 14pt;\">cuando la llevaba al r\u00edo.<\/span><\/em><\/p>\n<p style=\"text-align: center;\"><strong><span style=\"font-size: 18pt;\">***<\/span><\/strong><\/p>\n<p>&nbsp;<\/p>\n<p><a href=\"https:\/\/puntocritico.com\/ausajpuntocritico\/wp-content\/uploads\/2018\/11\/romance-de-la-luna.jpg\" rel=\"lightbox[14865]\"><img loading=\"lazy\" decoding=\"async\" class=\"aligncenter wp-image-14906\" src=\"https:\/\/puntocritico.com\/ausajpuntocritico\/wp-content\/uploads\/2018\/11\/romance-de-la-luna-300x225.jpg\" alt=\"\" width=\"320\" height=\"240\" srcset=\"https:\/\/puntocritico.com\/ausajpuntocritico\/wp-content\/uploads\/2018\/11\/romance-de-la-luna-300x225.jpg 300w, https:\/\/puntocritico.com\/ausajpuntocritico\/wp-content\/uploads\/2018\/11\/romance-de-la-luna-200x150.jpg 200w, https:\/\/puntocritico.com\/ausajpuntocritico\/wp-content\/uploads\/2018\/11\/romance-de-la-luna-326x245.jpg 326w, https:\/\/puntocritico.com\/ausajpuntocritico\/wp-content\/uploads\/2018\/11\/romance-de-la-luna-80x60.jpg 80w, https:\/\/puntocritico.com\/ausajpuntocritico\/wp-content\/uploads\/2018\/11\/romance-de-la-luna.jpg 480w\" sizes=\"auto, (max-width: 320px) 100vw, 320px\" \/><\/a><\/p>\n<p>&nbsp;<\/p>\n<p style=\"text-align: center;\"><em><span style=\"font-family: arial, helvetica, sans-serif; font-size: 14pt;\"><b>\u00a0<a id=\"ref8\"><\/a><a href=\"#ref8a\"><span style=\"font-size: 18pt; color: #008000;\">Romance de la luna, luna<\/span><\/a><\/b><\/span><\/em><\/p>\n<p style=\"text-align: center;\"><em><span style=\"font-family: arial, helvetica, sans-serif; font-size: 14pt;\">A Conchita Garc\u00eda Lorca<\/span><\/em><\/p>\n<p style=\"text-align: center;\"><em><span style=\"font-family: arial, helvetica, sans-serif; font-size: 14pt;\">La luna vino a la fragua<\/span><\/em><br \/>\n<em><span style=\"font-family: arial, helvetica, sans-serif; font-size: 14pt;\">Con su polis\u00f3n de nardos.<\/span><\/em><br \/>\n<em><span style=\"font-family: arial, helvetica, sans-serif; font-size: 14pt;\">El ni\u00f1o la mira, mira.<\/span><\/em><br \/>\n<em><span style=\"font-family: arial, helvetica, sans-serif; font-size: 14pt;\">El ni\u00f1o la est\u00e1 mirando.<\/span><\/em><\/p>\n<p style=\"text-align: center;\"><em><span style=\"font-family: arial, helvetica, sans-serif; font-size: 14pt;\">En el aire conmovido<\/span><\/em><br \/>\n<em><span style=\"font-family: arial, helvetica, sans-serif; font-size: 14pt;\">mueve la luna sus brazos<\/span><\/em><br \/>\n<em><span style=\"font-family: arial, helvetica, sans-serif; font-size: 14pt;\">y ense\u00f1a, l\u00fabrica y pura,<\/span><\/em><br \/>\n<em><span style=\"font-family: arial, helvetica, sans-serif; font-size: 14pt;\">sus senos de duro esta\u00f1o.<\/span><\/em><\/p>\n<p style=\"text-align: center;\"><em><span style=\"font-family: arial, helvetica, sans-serif; font-size: 14pt;\">Huye luna, luna, luna.<\/span><\/em><br \/>\n<em><span style=\"font-family: arial, helvetica, sans-serif; font-size: 14pt;\">Si vinieran los gitanos,<\/span><\/em><br \/>\n<em><span style=\"font-family: arial, helvetica, sans-serif; font-size: 14pt;\">habr\u00edan con tu coraz\u00f3n<\/span><\/em><br \/>\n<em><span style=\"font-family: arial, helvetica, sans-serif; font-size: 14pt;\">collares y anillos blancos.<\/span><\/em><\/p>\n<p style=\"text-align: center;\"><em><span style=\"font-family: arial, helvetica, sans-serif; font-size: 14pt;\">Ni\u00f1o, d\u00e9jame que baile.<\/span><\/em><br \/>\n<em><span style=\"font-family: arial, helvetica, sans-serif; font-size: 14pt;\">Cuando vengan los gitanos,<\/span><\/em><br \/>\n<em><span style=\"font-family: arial, helvetica, sans-serif; font-size: 14pt;\">te encontrar\u00e1n sobre el yunque<\/span><\/em><br \/>\n<em><span style=\"font-family: arial, helvetica, sans-serif; font-size: 14pt;\">con los ojillos cerrados.<\/span><\/em><\/p>\n<p style=\"text-align: center;\"><em><span style=\"font-family: arial, helvetica, sans-serif; font-size: 14pt;\">Huye luna, luna, luna,<\/span><\/em><br \/>\n<em><span style=\"font-family: arial, helvetica, sans-serif; font-size: 14pt;\">que ya siento sus caballos.<\/span><\/em><br \/>\n<em><span style=\"font-family: arial, helvetica, sans-serif; font-size: 14pt;\">-Ni\u00f1o, d\u00e9jame, no pises<\/span><\/em><br \/>\n<em><span style=\"font-family: arial, helvetica, sans-serif; font-size: 14pt;\">mi blancor almidonado.<\/span><\/em><\/p>\n<p style=\"text-align: center;\"><em><span style=\"font-family: arial, helvetica, sans-serif; font-size: 14pt;\">El jinete se acercaba<\/span><\/em><br \/>\n<em><span style=\"font-family: arial, helvetica, sans-serif; font-size: 14pt;\">tocando el tambor del llano.<\/span><\/em><br \/>\n<em><span style=\"font-family: arial, helvetica, sans-serif; font-size: 14pt;\">Dentro de la fragua el ni\u00f1o<\/span><\/em><br \/>\n<em><span style=\"font-family: arial, helvetica, sans-serif; font-size: 14pt;\">tiene los ojos cerrados.<\/span><\/em><\/p>\n<p style=\"text-align: center;\"><em><span style=\"font-family: arial, helvetica, sans-serif; font-size: 14pt;\">Por el olivar ven\u00edan,<\/span><\/em><br \/>\n<em><span style=\"font-family: arial, helvetica, sans-serif; font-size: 14pt;\">bronce y sue\u00f1o, los gitanos.<\/span><\/em><br \/>\n<em><span style=\"font-family: arial, helvetica, sans-serif; font-size: 14pt;\">Las cabezas levantadas<\/span><\/em><br \/>\n<em><span style=\"font-family: arial, helvetica, sans-serif; font-size: 14pt;\">y los ojos entornados.<\/span><\/em><\/p>\n<p style=\"text-align: center;\"><em><span style=\"font-family: arial, helvetica, sans-serif; font-size: 14pt;\">C\u00f3mo canta la zumaya,<\/span><\/em><br \/>\n<em><span style=\"font-family: arial, helvetica, sans-serif; font-size: 14pt;\">\u00a1ay, como canta en el \u00e1rbol!<\/span><\/em><br \/>\n<em><span style=\"font-family: arial, helvetica, sans-serif; font-size: 14pt;\">por el cielo va la luna<\/span><\/em><br \/>\n<em><span style=\"font-family: arial, helvetica, sans-serif; font-size: 14pt;\">con un ni\u00f1o de la mano.<\/span><\/em><\/p>\n<p style=\"text-align: center;\"><em><span style=\"font-family: arial, helvetica, sans-serif; font-size: 14pt;\">Dentro de la fragua lloran,<\/span><\/em><br \/>\n<em><span style=\"font-family: arial, helvetica, sans-serif; font-size: 14pt;\">dando gritos, los gitanos.<\/span><\/em><br \/>\n<em><span style=\"font-family: arial, helvetica, sans-serif; font-size: 14pt;\">El aire la vela, vela.<\/span><\/em><br \/>\n<em><span style=\"font-family: arial, helvetica, sans-serif; font-size: 14pt;\">El aire la est\u00e1 velando.<\/span><\/em><\/p>\n<p>&nbsp;<\/p>\n<p><a href=\"https:\/\/puntocritico.com\/author\/punto-critico\/\"><img loading=\"lazy\" decoding=\"async\" class=\"aligncenter wp-image-48\" src=\"https:\/\/puntocritico.com\/ausajpuntocritico\/wp-content\/uploads\/2016\/11\/Mosca_Punto_Cr\u00edtico_40.png\" alt=\"\" width=\"60\" height=\"60\" \/><\/a><\/p>\n<p>&nbsp;<\/p>\n<p>&nbsp;<\/p>\n<p>&nbsp;<\/p>\n","protected":false},"excerpt":{"rendered":"<div class=\"mh-excerpt\"><p>[1] Encarnaci\u00f3n Roca: \u201cDemocracia no significa solo elecciones peri\u00f3dicas sino tambi\u00e9n reconocimiento de los derechos humanos\u201d Por\u00a0Carlos Berbell Art\u00edculo publicado el\u00a016 de noviembre de 2018 en https:\/\/confilegal.com\/20181116-encarnacion-roca-democracia-no-significa-solo-elecciones-periodicas-sino-tambien-reconocimiento-de-los-derechos-humanos\/ \u00a0 \u00a0 &nbsp; Encarnaci\u00f3n Roca, vicepresidenta del Tribunal <a class=\"mh-excerpt-more\" href=\"https:\/\/puntocritico.com\/ausajpuntocritico\/2018\/11\/20\/democracia-y-derechos-humanos-por-ian-gibson-y-encarnacion-roca\/\" title=\"DEMOCRACIA y DERECHOS HUMANOS, por Ian Gibson y Encarnaci\u00f3n Roca\">[&#8230;]<\/a><\/p>\n<\/div>","protected":false},"author":3,"featured_media":14880,"comment_status":"open","ping_status":"closed","sticky":false,"template":"","format":"standard","meta":{"_acf_changed":false,"_exactmetrics_skip_tracking":false,"_exactmetrics_sitenote_active":false,"_exactmetrics_sitenote_note":"","_exactmetrics_sitenote_category":0,"footnotes":""},"categories":[10],"tags":[],"class_list":{"0":"post-14865","1":"post","2":"type-post","3":"status-publish","4":"format-standard","5":"has-post-thumbnail","7":"category-miscelanea"},"acf":[],"_links":{"self":[{"href":"https:\/\/puntocritico.com\/ausajpuntocritico\/wp-json\/wp\/v2\/posts\/14865","targetHints":{"allow":["GET"]}}],"collection":[{"href":"https:\/\/puntocritico.com\/ausajpuntocritico\/wp-json\/wp\/v2\/posts"}],"about":[{"href":"https:\/\/puntocritico.com\/ausajpuntocritico\/wp-json\/wp\/v2\/types\/post"}],"author":[{"embeddable":true,"href":"https:\/\/puntocritico.com\/ausajpuntocritico\/wp-json\/wp\/v2\/users\/3"}],"replies":[{"embeddable":true,"href":"https:\/\/puntocritico.com\/ausajpuntocritico\/wp-json\/wp\/v2\/comments?post=14865"}],"version-history":[{"count":0,"href":"https:\/\/puntocritico.com\/ausajpuntocritico\/wp-json\/wp\/v2\/posts\/14865\/revisions"}],"wp:featuredmedia":[{"embeddable":true,"href":"https:\/\/puntocritico.com\/ausajpuntocritico\/wp-json\/wp\/v2\/media\/14880"}],"wp:attachment":[{"href":"https:\/\/puntocritico.com\/ausajpuntocritico\/wp-json\/wp\/v2\/media?parent=14865"}],"wp:term":[{"taxonomy":"category","embeddable":true,"href":"https:\/\/puntocritico.com\/ausajpuntocritico\/wp-json\/wp\/v2\/categories?post=14865"},{"taxonomy":"post_tag","embeddable":true,"href":"https:\/\/puntocritico.com\/ausajpuntocritico\/wp-json\/wp\/v2\/tags?post=14865"}],"curies":[{"name":"wp","href":"https:\/\/api.w.org\/{rel}","templated":true}]}}