{"id":147965,"date":"2020-04-27T00:05:49","date_gmt":"2020-04-26T23:05:49","guid":{"rendered":"https:\/\/puntocritico.com\/ausajpuntocritico\/?p=147965"},"modified":"2024-10-24T20:12:05","modified_gmt":"2024-10-24T18:12:05","slug":"la-flauta-magica-y-su-contenido-masonico-opera-completa","status":"publish","type":"post","link":"https:\/\/puntocritico.com\/ausajpuntocritico\/2020\/04\/27\/la-flauta-magica-y-su-contenido-masonico-opera-completa\/","title":{"rendered":"LA FLAUTA M\u00c1GICA y su contenido mas\u00f3nico &#8211; \u00d3pera completa"},"content":{"rendered":"<blockquote>\n<h2 style=\"text-align: center;\"><span style=\"font-size: 24pt; color: #008000;\"><strong>EL CONTENIDO MAS\u00d3NICO DE LA FLAUTA M\u00c1GICA<\/strong><\/span><\/h2>\n<p><a href=\"\/Users\/usuario\/Downloads\/El_contenido_masonico_de_La_flauta_magica%20(1).pdf\" target=\"_blank\" rel=\"noopener noreferrer\">SCHERZO<\/a><\/p>\n<p>&nbsp;<\/p>\n<figure id=\"attachment_148343\" aria-describedby=\"caption-attachment-148343\" style=\"width: 320px\" class=\"wp-caption alignleft\"><img loading=\"lazy\" decoding=\"async\" class=\"wp-image-148343\" src=\"https:\/\/puntocritico.com\/ausajpuntocritico\/wp-content\/uploads\/2020\/04\/PORTADA-LIBRETO-ORIGINAL-FLAUTA-MAGICA-184x300.jpg\" alt=\"EL CONTENIDO MAS\u00d3NICO DE LA FLAUTA M\u00c1GICA\" width=\"320\" height=\"522\" data-id=\"148343\" srcset=\"https:\/\/puntocritico.com\/ausajpuntocritico\/wp-content\/uploads\/2020\/04\/PORTADA-LIBRETO-ORIGINAL-FLAUTA-MAGICA-184x300.jpg 184w, https:\/\/puntocritico.com\/ausajpuntocritico\/wp-content\/uploads\/2020\/04\/PORTADA-LIBRETO-ORIGINAL-FLAUTA-MAGICA.jpg 465w\" sizes=\"auto, (max-width: 320px) 100vw, 320px\" \/><figcaption id=\"caption-attachment-148343\" class=\"wp-caption-text\"><span style=\"color: #008000;\">Portada libreto original que contiene varios simbolos mas\u00f3nicos <\/span><\/figcaption><\/figure>\n<p style=\"text-align: justify;\"><span style=\"font-size: 14pt;\"><span style=\"font-size: 18pt;\"><strong>E<\/strong><\/span>s muy frecuente encontrarse con la opini\u00f3n de que <strong><em>La flauta m\u00e1gica<\/em><\/strong> es un <em>singspiel*<\/em> con una m\u00fasica magistral, pero que sufre la desagradable condena de verse unida a un libreto deleznable. Esta idea del texto, que se inclina a verlo como una sarta de situaciones absurdas, sazonadas por unas cuantas chanzas, es solo posible cuando no se penetra en su verdadero significado. Independientemente del valor literario que quiera otorg\u00e1rsele, lo indiscutible es que <strong><em>La flauta m\u00e1gica<\/em><\/strong> sigue un plan estructurado de manera coherente. Nunca ha dejado de reconocerse que la obra se concibi\u00f3 a la mayor gloria de la masoner\u00eda, mas, en demasiadas ocasiones, esta declaraci\u00f3n de principios es abandonada sin profundizarse en el asunto, para volverse de nuevo a la estupidez, poco menos que cong\u00e9nita, que afecta al libreto.<\/span><\/p>\n<p style=\"text-align: justify;\"><span style=\"font-size: 14pt;\">No presenta muchas dificultades despejar esta falacia, desde el instante en que se consigue demostrar que la m\u00fasica expresa las mismas ideas que el texto, que una y otro estas al servicio de la simbolog\u00eda mas\u00f3nica. Es bien sabido que <strong>Mozart<\/strong>, como tantos m\u00fasicos, artistas en general, y pol\u00edticos de la \u00e9poca, ingres\u00f3 en la masoner\u00eda, siendo iniciado en la <em>logia Beneficencia<\/em>, el 14 de diciembre de 1784. Un n\u00famero considerable de sus partituras se relaciona, de alg\u00fan modo, con la sociedad secreta, bien como m\u00fasicas ceremoniales- que son posiblemente las de menor entidad est\u00e9tica-, bien dejando entrever, mediante claves cuya lectura es de dificultad variable, la cosmovisi\u00f3n mas\u00f3nica. Fue el propio <strong>Mozart<\/strong> el interesado en ofrecer a sus hermanos una obra de las caracter\u00edsticas de <strong><em>La flauta m\u00e1gica<\/em><\/strong> como prueba de agradecimiento por lo que el m\u00fasico cre\u00eda haber recibido de su imagen de la vida y del hombre.<\/span><\/p>\n<p style=\"text-align: justify;\"><span style=\"font-size: 14pt;\">Los antecedentes estaban dados, en especial la novela esot\u00e9rica <strong>Sethos<\/strong> de <em>Jean Terrasson<\/em>, publicada en Paris en 1731, cuyo conocimiento se convirti\u00f3 en obligado para todos los c\u00edrculos de iluminados y masones de Europa entera. Algunos pasajes de <strong><em>La flauta m\u00e1gica<\/em><\/strong>, como la invocaci\u00f3n a <em>Isis y Osiris de Sarastro<\/em> o la intervenci\u00f3n de los dos hombres con armadura no hacen sino imitar sin mucho pudor situaciones bien definidas que aparecen en <em>Sethos<\/em>. En este punto, el libretista \u2013el correligionario de <strong>Mozart<\/strong>, <em>Emanuel Schikaneder<\/em>, aunque se ha discutido, se debe a este hombre de teatro la autor\u00eda completa del texto \u2013 no hizo sino manejar una serie de t\u00f3picos. El Egipto herm\u00e9tico y ucr\u00f3nico\u00a0 que se adivina como marco de la acci\u00f3n fue el m\u00e1s socorrido de los lugares comunes de la literatura mas\u00f3nica. Ese mismo Egipto ahist\u00f3rico e ideal que aparece en otra p\u00e1gina de Mozart, <em>Thamos, rey de Egipto<\/em>, m\u00fasica incidental para la obra del mas\u00f3n <em>Tobias Philipp von<\/em> <em>Gebler<\/em>, que el salzburgu\u00e9s redact\u00f3 mucho antes de haber sido introducido en los misterios. Precisamente ese retomo a <em>Thamos<\/em> que es La flauta m\u00e1gica- incluida la reelaboraci\u00f3n de motivos musicales- se explica a la perfecci\u00f3n por la nueva luz del saber mas\u00f3nico adquirido por <strong>Mozart<\/strong> entre una y otra creaci\u00f3n. Se ha sugerido que la idea de partir de <em>Sethos<\/em> para la escritura de un libreto de \u00f3pera se debi\u00f3 al mismo <strong>Mozart<\/strong>. Creamos o no en esta posibilidad, lo cierto es que <strong><em>La flauta m\u00e1gica<\/em><\/strong> es la obra-resumen de la m\u00fasica mas\u00f3nica mozartiana.<\/span><\/p>\n<p style=\"text-align: justify;\"><span style=\"font-size: 14pt;\">De los dos niveles m\u00e1s evidentes que la obra posee, el de la narraci\u00f3n popular al modo de los cuentos de hadas y el estrictamente simb\u00f3lico se comprueba claramente cu\u00e1l era el que realmente interesaba a <strong>Mozart<\/strong> en cuanto se tiene constancia del camino seguido por la m\u00fasica. Un acabado programa de tonalidades es el encargado de comunicar el mensaje mas\u00f3nico. En \u00e9l se contempla <em>Do mayor<\/em> como la revelaci\u00f3n de lo inefable. <em>Mi bemol mayor<\/em> tiene siempre un sentido inici\u00e1tico, representado sus tres bemoles los conceptos fundamentales del ideario mas\u00f3nico, gravedad, serenidad, perfecci\u00f3n. En el extremo opuesto, <em>Sol mayor<\/em> acompa\u00f1a al no iniciado y puede llegar a aludir asimismo a la trivialidad, en tanto que, <em>Do menor<\/em> es utilizada para crear impresiones siniestras. El trazado que abarca toda la opera, puede verse tambi\u00e9n, como en un microcosmos, en la obertura, que viene a constituirse en una descripci\u00f3n instrumental del conflicto. Puede interpretarse que en ella se efect\u00faa una met\u00e1fora del lema mas\u00f3nico <em>Ordo ab Chao<\/em> por el discurrir desde su introducci\u00f3n lenta, repleta de motivos frustrados, silencios inesperados, e inmersa en un cuadro tonal inestable a la cartesiana arquitectura del <em>Allegro fugado<\/em>.<\/span><\/p>\n<p>&nbsp;<\/p>\n<figure id=\"attachment_148396\" aria-describedby=\"caption-attachment-148396\" style=\"width: 599px\" class=\"wp-caption aligncenter\"><img loading=\"lazy\" decoding=\"async\" class=\"wp-image-148396\" src=\"https:\/\/puntocritico.com\/ausajpuntocritico\/wp-content\/uploads\/2020\/04\/FLAUTA-MAGICA-MASONERIA-300x243.jpg\" alt=\"\" width=\"599\" height=\"485\" data-id=\"148396\" srcset=\"https:\/\/puntocritico.com\/ausajpuntocritico\/wp-content\/uploads\/2020\/04\/FLAUTA-MAGICA-MASONERIA-300x243.jpg 300w, https:\/\/puntocritico.com\/ausajpuntocritico\/wp-content\/uploads\/2020\/04\/FLAUTA-MAGICA-MASONERIA.jpg 742w\" sizes=\"auto, (max-width: 599px) 100vw, 599px\" \/><figcaption id=\"caption-attachment-148396\" class=\"wp-caption-text\"><span style=\"color: #008000;\">Congregaci\u00f3n mas\u00f3nica: rito iniciaci\u00f3n de un nuevo hermano en una logia vienesa. Cuadro de 1780 aproximadamente<\/span><\/figcaption><\/figure>\n<p>&nbsp;<\/p>\n<p style=\"text-align: justify;\"><span style=\"font-size: 18pt;\"><strong>Principio de Simetr\u00eda<\/strong><\/span><\/p>\n<p style=\"text-align: justify;\"><span style=\"font-size: 14pt;\"><strong>U<\/strong>n riguroso principio de simetr\u00eda preside el desarrollo de la acci\u00f3n. Ello no tiene nada de extra\u00f1o si tenemos en cuenta que lo que se nos propone es el enfrentamiento de dos polos nunca reconciliables: <em>bien-mal<\/em>, <em>luz-tinieblas<\/em>, <em>saber-ignorancia<\/em>. L\u00f3gicamente, para la masoner\u00eda del siglo de las luces el \u00faltimo binomio de los citados era el que mejor expresaba la gran batalla hist\u00f3rica que se estaba librando. El hombre admitido en la logia debe elevarse por encima del oscurantismo hasta alcanzar el v\u00e9rtice de una pir\u00e1mide desde el que pueda exclamar \u201c!lo de todo!\u201d, como le dice <em>Sarastro<\/em> a <em>Pamina<\/em>, cuando la <em>Reina de la Noche<\/em> ha encargado a esta que lo asesine, y desde luego no refiri\u00e9ndose al nivel superficial de los hechos . Hay simetr\u00eda en la agrupaci\u00f3n por parejas, que se atraen o repelen: <em>Sarastro \/Reina de la Noche, Tamino \/ Pamina, Papageno \/ Monastos, tres Damas\/ tres ni\u00f1os<\/em>. Se da igualmente en el paralelismo de las escenas semejantes, como las de indefensi\u00f3n ante el acoso sexual de <em>Tamino<\/em> por <em>las<\/em> <em>tres Damas<\/em> y <em>Pamina<\/em> por <em>Monostatos<\/em>, o en la ordenada sucesi\u00f3n de las pruebas para unos y otros. Se emplea el 3 como s\u00edmbolo del mas\u00f3n perfecto (<em>Sarastro, Tamino, Pamina<\/em>) y el 5 del imperfecto (<em>tres Damas, Reina, Monostatos<\/em>), <em>Papageno<\/em> y su pareja, en su prosaica mundanidad, simplemente no cuentan a estos efectos. La lucha aleg\u00f3rica del <strong>3<\/strong> y el <strong>5<\/strong> es seguida por la m\u00fasica ya desde la obertura, donde se da un claro choque de grupos de acordes que responden a estos n\u00fameros.<\/span><\/p>\n<p style=\"text-align: justify;\"><span style=\"font-size: 14pt;\">Seg\u00fan la \u00f3ptica mas\u00f3nica, <em>Tamino<\/em> ser\u00eda el hombre natural, pero perfectible. Su instinto \u2013cuya fiereza es bien patente por la f\u00e1lica serpiente que lo persigue al alzarse el tel\u00f3n- debe ser dominado. El hecho de que <em>Tamino<\/em> sea un pr\u00edncipe no causa sino bromas de <em>Papageno<\/em> y suspicacias en las filas de los sacerdotes de <em>Isis<\/em> y <em>Osiris<\/em>. Los masones valoran al hombre por lo que es capaz de hacer, no por su noble cuna. La cuesti\u00f3n no es en absoluto secundaria para una obra escrita a corta distancia de la <strong>Revoluci\u00f3n Francesa<\/strong>, <em>Papageno<\/em>, con el que se deja que un elemento c\u00f3mico coexista en la obra con un fondo mucho mas serio, es un ser vacuo. <em>Papagena<\/em> solo es su imagen especular. <em>Las tres Damas<\/em>, aunque est\u00e1n de parte de la <em>Reina de la Noche<\/em>, cumplen la funci\u00f3n de poner en marcha el mecanismo de la iniciaci\u00f3n a largo plazo al dar el retrato de <em>Pamina<\/em> o <em>Tamino<\/em>. La <em>Reina de la Noche<\/em> \u2013significativamente carece de nombre propio- encama, desde luego el lado del mal, mas si nos acogemos al psicoan\u00e1lisis se la podr\u00eda entender como una manifestaci\u00f3n de lo inconsciente, contrariamente a <em>Sarastro<\/em>, todo raz\u00f3n. Es una revolucionaria que socava el orden impuesto por el hombre, poseedor de la llave que guarda los misterios, <strong>Mozart<\/strong> ha pintado su insinceridad en las filigranas vocales de su aparici\u00f3n en escena, indicando con su m\u00fasica algo que se adelanta a los acontecimientos del libreto. El personaje de <em>Pamina<\/em> plantea algunas interesantes cuestiones. Aunque es mujer \u2013se parte en la opera de propuestas mis\u00f3ginas para llegar a un final de signo contrario- est\u00e1 destinada a ser iniciada. Su proceso ser\u00e1 mucho mas arduo que el de <em>Tamino<\/em>, pues ella deber\u00e1 sufrir un cambio de universo- simbolizado por el rapto- hasta que logre el control, <em>Monostatos<\/em>, que parece formar parte de los seguidores de <em>Sarastro<\/em>, no enga\u00f1a a nadie con su piel negra como la noche y como su mismo nombre que significa el aislado. Los tres ni\u00f1os, hom\u00f3logos en su bando de <em>las<\/em> <em>tres<\/em> <em>Damas<\/em>, dan cuerpo al renacer a la vida del hombre iniciado en la masoner\u00eda. <em>Sarastro<\/em> es el mas\u00f3n\u00a0 perfecto y quiz\u00e1 por eso mismo tiene mucho de sobrehumano. Desde una visi\u00f3n psicoanal\u00edtica es lo consciente. El personaje, para el cual <strong>Mozart<\/strong> se inspir\u00f3 en el influyente mas\u00f3n de sus d\u00edas <em>Ignaz von Born<\/em>, por el admirado, se supone que encama el bien, por oposici\u00f3n a la <em>Reina<\/em>, pero en un bien que es mucho m\u00e1s la inalterabilidad de un orden dado. <em>Sarastro<\/em> es inflexible con la debilidad, pues al indic\u00e1rsele la posibilidad de que <em>Tamino<\/em> muera durante el curso de las pruebas, se limita a responder: \u201c<em>En tal caso disfrutar\u00eda antes que nosotros de las delicias de la compa\u00f1\u00eda de los dioses<\/em>\u201d.<\/span><\/p>\n<p>&nbsp;<\/p>\n<figure id=\"attachment_148439\" aria-describedby=\"caption-attachment-148439\" style=\"width: 781px\" class=\"wp-caption aligncenter\"><img loading=\"lazy\" decoding=\"async\" class=\"wp-image-148439 size-full\" src=\"https:\/\/puntocritico.com\/ausajpuntocritico\/wp-content\/uploads\/2020\/04\/decorado-flauta-magica.jpg\" alt=\"\" width=\"781\" height=\"470\" data-id=\"148439\" srcset=\"https:\/\/puntocritico.com\/ausajpuntocritico\/wp-content\/uploads\/2020\/04\/decorado-flauta-magica.jpg 781w, https:\/\/puntocritico.com\/ausajpuntocritico\/wp-content\/uploads\/2020\/04\/decorado-flauta-magica-300x181.jpg 300w, https:\/\/puntocritico.com\/ausajpuntocritico\/wp-content\/uploads\/2020\/04\/decorado-flauta-magica-768x462.jpg 768w\" sizes=\"auto, (max-width: 781px) 100vw, 781px\" \/><figcaption id=\"caption-attachment-148439\" class=\"wp-caption-text\"><span style=\"color: #008000;\">La prueba del fuego (acto II) Decorado de Oskar Ko\u00edoschln para el Covent Garden. 1964 <\/span><\/figcaption><\/figure>\n<p>&nbsp;<\/p>\n<p style=\"text-align: justify;\"><span style=\"font-size: 18pt;\"><strong>Iniciaci\u00f3n mas\u00f3nica<\/strong><\/span><\/p>\n<p style=\"text-align: justify;\"><span style=\"font-size: 14pt;\"><strong><em>La Flauta m\u00e1gica<\/em><\/strong> narra un proceso de iniciaci\u00f3n mas\u00f3nica, que se prepara en el primer acto y consuma en el segundo. La confusi\u00f3n y la ceguera que se dan fuera de la sociedad secreta est\u00e1n claramente expuestas en el falso cuadro moral que <em>las tres Damas<\/em> y la <em>Reina<\/em> describen a <em>Tamino<\/em>. Le ofrecen aquellos valores &#8211;<em>felicidad, fortuna, honor<\/em>&#8211; que son los de una concepci\u00f3n err\u00f3nea de la vida. Solo con la transvaloraci\u00f3n que sufre luego el pr\u00edncipe podr\u00e1 darse cuenta de que en la <em>fuerza<\/em>, la <em>belleza<\/em> y la <em>sabidur\u00eda<\/em>&#8211; <em>triada esencial mas\u00f3nica<\/em>&#8211; se hallan los aut\u00e9nticos bienes. La pareja perfecta, destino final de la trama, se reunir\u00e1 solo al pasar las pruebas; fracasan por eso sus encuentros anteriores. La pareja de mediocres, <em>Papageno<\/em> y <em>Papagena<\/em>, que no aspira a tal altos ideales se contenta con poblar el mundo de replicas de s\u00ed mismos. La iniciaci\u00f3n es reflejada en la opera con instantes de estricta literalidad, c\u00f3mo la solicitud de <em>Tamino<\/em> a las puertas del <em>Templo de la Sabidur\u00eda<\/em> o la imposici\u00f3n del silencio reflexivo. De las preceptivas pruebas de los cuatro elementos, se realizan sobre el escenario y a la vista las dos primeras, las del agua y el fuego permanecen ocultas. El secreto de la sociedad mas\u00f3nica queda as\u00ed, salvaguardado. <strong>La flauta de m\u00e1gicos poderes<\/strong>, que ayuda a <em>Tamino<\/em> y <em>Pamina<\/em> a pasar los momentos supremos, previos a su apoteosis final, no es un talism\u00e1n como los de los cuentos de hadas, se trata de un s\u00edmbolo m\u00e1s en una obra plagada de ellos: significa la perfecci\u00f3n alcanzada por el alma del mas\u00f3n.<\/span><\/p>\n<p style=\"text-align: right;\"><strong><em>Enrique Mart\u00ednez Miura<\/em><\/strong><\/p>\n<p>*NOTA Punto Cr\u00edtico:<\/p>\n<p><strong>Singspiel<\/strong>: Peque\u00f1a obra de teatro o un tipo de obra musical popular.<\/p>\n<\/blockquote>\n<p style=\"text-align: center;\"><span style=\"font-size: 14pt; color: #008000;\">\u2666\u2666\u2666\u2666\u2666<\/span><\/p>\n<p>&nbsp;<\/p>\n<figure id=\"attachment_148431\" aria-describedby=\"caption-attachment-148431\" style=\"width: 410px\" class=\"wp-caption aligncenter\"><img loading=\"lazy\" decoding=\"async\" class=\"wp-image-148431\" src=\"https:\/\/puntocritico.com\/ausajpuntocritico\/wp-content\/uploads\/2020\/04\/Zauberfl\u00f6te-Theaterzettel1791-165x300.jpg\" alt=\"\" width=\"410\" height=\"744\" data-id=\"148431\" srcset=\"https:\/\/puntocritico.com\/ausajpuntocritico\/wp-content\/uploads\/2020\/04\/Zauberfl\u00f6te-Theaterzettel1791-165x300.jpg 165w, https:\/\/puntocritico.com\/ausajpuntocritico\/wp-content\/uploads\/2020\/04\/Zauberfl\u00f6te-Theaterzettel1791-564x1024.jpg 564w, https:\/\/puntocritico.com\/ausajpuntocritico\/wp-content\/uploads\/2020\/04\/Zauberfl\u00f6te-Theaterzettel1791.jpg 736w\" sizes=\"auto, (max-width: 410px) 100vw, 410px\" \/><figcaption id=\"caption-attachment-148431\" class=\"wp-caption-text\"><span style=\"color: #008000;\">Cartel del estreno, 30 de septiembre de 1791<\/span><\/figcaption><\/figure>\n<p>&nbsp;<\/p>\n<p style=\"text-align: center;\"><span style=\"font-size: 18pt;\"><strong>*<span style=\"color: #008000;\">*<\/span>*<\/strong><\/span><\/p>\n<p style=\"text-align: center;\"><strong><em><span style=\"background-color: #ccffcc; font-size: 24pt;\">LA FLAUTA M\u00c1GICA<\/span>\u00a0<\/em><\/strong><\/p>\n<p style=\"text-align: center;\"><span style=\"color: #008000;\"><strong><span style=\"font-size: 18pt;\">W. A. MOZART\u00a0<\/span><\/strong><\/span><\/p>\n<p style=\"text-align: center;\"><span style=\"font-size: 18pt;\">Libreto: Emanuel Schikaneder\u00a0<\/span><\/p>\n<p style=\"text-align: center;\"><strong><span style=\"font-size: 14pt;\">ORQUESTA FILARM\u00d3NICA ESTATAL DE HAMBURGO, 1971\u00a0<\/span><\/strong><\/p>\n<p style=\"text-align: center;\"><iframe loading=\"lazy\" title=\"YouTube video player\" src=\"\/\/www.youtube.com\/embed\/pRayiP4H8d4?si=f-6K6OQ_kgnoUfS1\" width=\"560\" height=\"315\" frameborder=\"0\" allowfullscreen=\"allowfullscreen\"><\/iframe><\/p>\n<p>&nbsp;<\/p>\n<p style=\"text-align: center;\"><a href=\"https:\/\/www.youtube.com\/watch?v=pRayiP4H8d4\" target=\"_blank\" rel=\"noopener\">LA FLAUTA M\u00c1GICA &#8211; MOZART &#8211; 1971<\/a> Tamino: Nicolai Gedda; Pamina: Edith Mathis;\u00a0 Sarastro: Hans Sotin; La Reina de la noche: Cristina Deutekom; Papageno: William Workman; Papagena: Carol Malone;\u00a0 Monostatos: Franz Grundheber<\/p>\n<p style=\"text-align: center;\"><span style=\"font-size: 18pt;\"><a href=\"https:\/\/puntocritico.com\/ausajpuntocritico\/wp-content\/uploads\/2020\/04\/LIBRETO-FLAUTA-MAGICA-MOZART.pdf\" target=\"_blank\" rel=\"noopener noreferrer\">LIBRETO COMPLETO PARA DESCARGA<\/a><\/span><\/p>\n<p>&nbsp;<\/p>\n<p style=\"text-align: justify;\"><span style=\"font-size: 14pt; font-family: 'times new roman', times, serif;\">En el a\u00f1o\u00a01791,\u00a0Emanuel Schikaneder, conocido actor, escritor, y empresario teatral entre otras actividades, propone a Mozart la posibilidad de colaborar para hacer una \u00f3pera juntos. Ni Mozart ni Schikaneder estaban pasando por un buen momento econ\u00f3mico, y pensaron que de esta manera podr\u00edan salir adelante. Mozart acept\u00f3 la idea, y mientras compon\u00eda la m\u00fasica para la \u00f3pera, empez\u00f3 a componer el\u00a0R\u00e9quiem\u00a0y su \u00f3pera\u00a0La clemencia de Tito. En su estreno tuvo un \u00e9xito moderado, pero en la actualidad es una de las m\u00e1s representadas en todo el mundo.<\/span><\/p>\n<p style=\"text-align: justify;\"><span style=\"font-size: 14pt; font-family: 'times new roman', times, serif;\">El argumento es simple si no se adentra en detalles: el pr\u00edncipe Tamino es perseguido por una serpiente gigante, se adentra en el bosque tratando de huir, pero ha entrado en el reino de la reina de la Noche sin saberlo. All\u00ed llegar\u00e1 a un acuerdo con la reina tendente a conseguir la mano de su hija a cambio de que la libere del secuestro en la que la tiene sometida Sarastro. Tamino, acompa\u00f1ado del pajarero se dispondr\u00e1 a salvar a su amada, sin embargo una vez llegado al reino de Sarastro, se da cuenta que la realidad es otra y decide quedarse all\u00ed al lado de su amada y lejos de la reina. Para quedarse y pertenecer al templo de los sabios, habr\u00e1 de pasar una serie de pruebas que lograr\u00e1 superar. Finalmente los dos amantes se unir\u00e1n para siempre mientras que su malvada madre ser\u00e1 derrotada definitivamente.<\/span><\/p>\n<p style=\"text-align: justify;\"><span style=\"font-size: 14pt; font-family: 'times new roman', times, serif;\">Se ha discutido mucho sobre el argumento y simbolog\u00eda de la \u00f3pera. Mientras que muchos investigadores qu\u00e9 la ven simplemente como un cuento de hadas, otros la ven llena de simbolismo y referencias a la masoner\u00eda. En ese sentido, y a pesar de la fuerte influencia de la cultura popular, seg\u00fan algunos autores, La flauta m\u00e1gica es la gu\u00eda de una iniciaci\u00f3n mas\u00f3nica seg\u00fan el Rito Zinnendorf. De igual modo, muchos autores \u2014entre ellos G\u00e9rard Gefen\u2014 han visto una prefiguraci\u00f3n de Ignaz von Born en el papel de Sarastro. Von Born era un individuo con gran influencia en la masoner\u00eda austr\u00edaca de la \u00e9poca, y fue quien apadrin\u00f3 el ingreso de Mozart a la misma. Mucha gente considera que el triple acorde de la obertura de esta \u00f3pera es un claro signo mas\u00f3nico (la \u00abbater\u00eda mas\u00f3nica\u00bb), que anunciar\u00eda el car\u00e1cter propagand\u00edstico de la obra, con objetivo de difundir la masoner\u00eda en un momento en el que el emperador intentaba prohibirla. Asimismo, el tema de la lucha entre la luz y la oscuridad es un s\u00edmbolo recurrente en las ense\u00f1anzas mas\u00f3nicas, lo mismo que el encumbramiento del individuo por encima de cualquier t\u00edtulo nobiliario.<\/span><\/p>\n<p style=\"text-align: right;\"><a href=\"https:\/\/es.wikipedia.org\/wiki\/La_flauta_m%C3%A1gica\" target=\"_blank\" rel=\"noopener noreferrer\">wikipedia.org<\/a><\/p>\n<p style=\"text-align: center;\"><span style=\"font-size: 18pt;\"><strong>*<span style=\"color: #008000;\">*<\/span>*<\/strong><\/span><\/p>\n<p style=\"text-align: center;\">\u00a0<\/p>\n<figure id=\"attachment_148746\" aria-describedby=\"caption-attachment-148746\" style=\"width: 710px\" class=\"wp-caption aligncenter\"><img loading=\"lazy\" decoding=\"async\" class=\"wp-image-148746\" src=\"https:\/\/puntocritico.com\/ausajpuntocritico\/wp-content\/uploads\/2020\/04\/reparto-flauta-magica-300x131.jpg\" alt=\"\" width=\"710\" height=\"310\" data-id=\"148746\" srcset=\"https:\/\/puntocritico.com\/ausajpuntocritico\/wp-content\/uploads\/2020\/04\/reparto-flauta-magica-300x131.jpg 300w, https:\/\/puntocritico.com\/ausajpuntocritico\/wp-content\/uploads\/2020\/04\/reparto-flauta-magica-1024x447.jpg 1024w, https:\/\/puntocritico.com\/ausajpuntocritico\/wp-content\/uploads\/2020\/04\/reparto-flauta-magica-768x335.jpg 768w, https:\/\/puntocritico.com\/ausajpuntocritico\/wp-content\/uploads\/2020\/04\/reparto-flauta-magica.jpg 1120w\" sizes=\"auto, (max-width: 710px) 100vw, 710px\" \/><figcaption id=\"caption-attachment-148746\" class=\"wp-caption-text\"><span style=\"color: #008000; font-size: 14pt;\">Reparto original\u00a0<\/span><\/figcaption><\/figure>\n<p>&nbsp;<\/p>\n<p style=\"text-align: center;\"><span style=\"font-size: 18pt;\"><strong>*<span style=\"color: #008000;\">*<\/span>*<\/strong><\/span><\/p>\n<p>&nbsp;<\/p>\n<p style=\"text-align: center;\"><iframe loading=\"lazy\" src=\"https:\/\/mega.nz\/embed\/KMt2RRLZ#dOpB9unel10852HguLDsUu-G3GmcEPK0RHPENU7mNe4\" width=\"640\" height=\"360\" frameborder=\"0\" allowfullscreen=\"allowfullscreen\"><\/iframe><\/p>\n<p style=\"text-align: center;\"><span style=\"font-size: 18pt;\">DIANA DAMRAU interpreta el aria de Pamina \u00abAch, ich f\u00fchl\u2019s\u00bb,\u00a0perteneciente a la \u00f3pera \u00abLa Flauta M\u00e1gica\u00bb<\/span><\/p>\n<p>&nbsp;<\/p>\n<p style=\"text-align: center;\"><span style=\"font-size: 18pt;\"><strong>*<span style=\"color: #008000;\">*<\/span>*<\/strong><\/span><\/p>\n<p>&nbsp;<\/p>\n<figure id=\"attachment_148903\" aria-describedby=\"caption-attachment-148903\" style=\"width: 690px\" class=\"wp-caption aligncenter\"><img loading=\"lazy\" decoding=\"async\" class=\"wp-image-148903\" src=\"https:\/\/puntocritico.com\/ausajpuntocritico\/wp-content\/uploads\/2020\/04\/mozart-franc-macon-300x225.jpg\" alt=\"\" width=\"690\" height=\"517\" data-id=\"148903\" srcset=\"https:\/\/puntocritico.com\/ausajpuntocritico\/wp-content\/uploads\/2020\/04\/mozart-franc-macon-300x225.jpg 300w, https:\/\/puntocritico.com\/ausajpuntocritico\/wp-content\/uploads\/2020\/04\/mozart-franc-macon-1024x767.jpg 1024w, https:\/\/puntocritico.com\/ausajpuntocritico\/wp-content\/uploads\/2020\/04\/mozart-franc-macon-768x575.jpg 768w, https:\/\/puntocritico.com\/ausajpuntocritico\/wp-content\/uploads\/2020\/04\/mozart-franc-macon-678x509.jpg 678w, https:\/\/puntocritico.com\/ausajpuntocritico\/wp-content\/uploads\/2020\/04\/mozart-franc-macon-326x245.jpg 326w, https:\/\/puntocritico.com\/ausajpuntocritico\/wp-content\/uploads\/2020\/04\/mozart-franc-macon-80x60.jpg 80w, https:\/\/puntocritico.com\/ausajpuntocritico\/wp-content\/uploads\/2020\/04\/mozart-franc-macon.jpg 1070w\" sizes=\"auto, (max-width: 690px) 100vw, 690px\" \/><figcaption id=\"caption-attachment-148903\" class=\"wp-caption-text\"><span style=\"color: #008000;\">Cuadro que representa el interior de lo que se piensa es la casa de campo de Nueva Esperanza Coronada, en Viena. Se cree que Mozart est\u00e1 representado en el extremo derecho, con ropa negra y espad\u00edn, sentado al lado de su amigo Emanuel Schikaneder (con ropa roja). Pintura al \u00f3leo, 1782<\/span><\/figcaption><\/figure>\n<p>&nbsp;<\/p>\n<p style=\"text-align: center;\"><span style=\"font-size: 18pt;\"><strong>*<span style=\"color: #008000;\">*<\/span>*<\/strong><\/span><\/p>\n<p style=\"text-align: center;\"><strong><span style=\"font-size: 18pt;\">APUNTES SOBRE LA \u00abFLAUTA M\u00c1GICA\u00bb, DE W.A. MOZART\u00a0<\/span><\/strong><\/p>\n<p style=\"text-align: justify;\"><span style=\"font-size: 14pt; font-family: 'times new roman', times, serif;\"><strong>INSTRUMENTOS M\u00c1GICOS<\/strong><\/span><br \/>\n<span style=\"font-size: 14pt; font-family: 'times new roman', times, serif;\">En esta \u00f3pera el instrumento m\u00e1s importante deber\u00eda ser la flauta. En esto fue importante el hecho de que el primer Tamino era tambi\u00e9n flautista. Sobre el origen <\/span><span style=\"font-size: 14pt; font-family: 'times new roman', times, serif;\">dela flauta m\u00e1gica que Tamino recibe de la Reina de la Noche, Pamina relata lo siguiente: \u201cEn una hora m\u00e1gica y por la m\u00e1s profunda de las razones, mi padre la <\/span><span style=\"font-size: 14pt; font-family: 'times new roman', times, serif;\">extrajo al podar el roble centenario\u201d. Seg\u00fan esta indicaci\u00f3n original por parte de la direcci\u00f3n se sabe que la flauta es un s\u00edmbolo del sol y que es dorada. En <\/span><span style=\"font-size: 14pt; font-family: 'times new roman', times, serif;\">contraposici\u00f3n con la flauta de Tamino, el carrill\u00f3n de Papagueno no tiene un significado simb\u00f3loco. Es un juguete de plata mediante el cual se pueden producir <\/span><span style=\"font-size: 14pt; font-family: 'times new roman', times, serif;\">milagros. El carrill\u00f3n se utiliza tres veces. Primero Monostatos atrapan a los fugitivos (Pamina y Papageno). Los sonidos de la flauta obligan a los guardias <\/span><span style=\"font-size: 14pt; font-family: 'times new roman', times, serif;\">agresivos a cantar y bailar. La segunda vez Papageno acompa\u00f1a su canci\u00f3n con el carrill\u00f3n. En la tercera Papagena aparece con su sonido plateado. La flauta de <\/span><span style=\"font-size: 14pt; font-family: 'times new roman', times, serif;\">Pan es el instrumento caracter\u00edstico de Papageno y expresa la esencia del naturaleza con los cinco tonos de llamada y su sonido ex\u00f3tico ( siringa en la <\/span><span style=\"font-size: 14pt; font-family: 'times new roman', times, serif;\">antig\u00fcedad cl\u00e1sica e instrumento del dios Pan, personificaci\u00f3n dla naturaleza.<\/span><\/p>\n<p style=\"text-align: justify;\">\n<span style=\"font-size: 14pt; font-family: 'times new roman', times, serif;\"><strong>SCHIKANEDER: EL MAESTRO DEL ARTE ESC\u00c9NICO<\/strong><\/span><br \/>\n<span style=\"font-size: 14pt; font-family: 'times new roman', times, serif;\">En el origen de La Flauta m\u00e1gica tuvo un papel decisivo Emanuel Schikaneder, un hombre de teatro universal. Mozart le conoci\u00f3 en Salzburgo en 1780, donde <\/span><span style=\"font-size: 14pt; font-family: 'times new roman', times, serif;\">actuaba con su compa\u00f1\u00eda de teatro ambulante. M\u00e1s tarde se hicieron amigos y fueron miembros de la masoner\u00eda. En 1789 Schikaneder se convirti\u00f3 en <\/span><span style=\"font-size: 14pt; font-family: 'times new roman', times, serif;\">arrendatario del Freihaustheater auf der Wieden (un patio en una gran casa de alquiler) donde plane\u00f3 repesentar piezas decorativas con argumentos de aventuras <\/span><span style=\"font-size: 14pt; font-family: 'times new roman', times, serif;\">para p\u00fablico de los suburbios. Con esa orientaci\u00f3n cre\u00f3 el libreto para La Flauta M\u00e1gica y se encarg\u00f3 de la direcci\u00f3n. Acort\u00f3 la profundidad del escenario mediante <\/span><span style=\"font-size: 14pt; font-family: 'times new roman', times, serif;\">un tel\u00f3n de fondo, detr\u00e1s del cuall pod\u00eda cambiar los decorados y con rapidez durante la representaci\u00f3n. En La Flauta m\u00e1gica instal\u00f3 la tramaoya teatral <\/span><span style=\"font-size: 14pt; font-family: 'times new roman', times, serif;\">barroca con un sistema a\u00e9reo basado en piezas mec\u00e1nicas y animales, como monos, lobos y serpientes. Los decorados de la \u201cnueva comediamec\u00e1nica\u201d <\/span><span style=\"font-size: 14pt; font-family: 'times new roman', times, serif;\">costaron 5000 gulden. \u00c9l mismo interpret\u00f3 a Papageno.<\/span><\/p>\n<p style=\"text-align: justify;\">\n<span style=\"font-size: 14pt; font-family: 'times new roman', times, serif;\"><strong>S\u00cdMBOLOS MAS\u00d3NICOS<\/strong><\/span><br \/>\n<span style=\"font-size: 14pt; font-family: 'times new roman', times, serif;\">En La Flauta M\u00e1gica Mozart emple\u00f3 pensamientos mas\u00f3nicos e ideales josefinistas. El hecho de que no surgiera una pieza con moraleja, sino un aut\u00e9ntico <\/span><span style=\"font-size: 14pt; font-family: 'times new roman', times, serif;\">drama musical, constituye el prodigio m\u00e1s sublime de esta \u00f3pera. Los dieciocho adeptos (masculinos) corresponden a los hermanos de la logia y Sarastro <\/span><span style=\"font-size: 14pt; font-family: 'times new roman', times, serif;\">personifica al \u201cmaestro venerable\u201d. Entre los miembros impera el respeto y la\u00a0 igualdad, en el sentido social de la palabra. A la objeci\u00f3n de los adeptos de si un <\/span><span style=\"font-size: 14pt; font-family: 'times new roman', times, serif;\">pr\u00edncipe debe someterese a pruebas de semejante dureza, Sarastro encuentra las siguientes palabras: \u201c Ante todo es un hombre\u201d. Tamino comienza su camino en el <\/span><span style=\"font-size: 14pt; font-family: 'times new roman', times, serif;\">reino nocturno y dotado con la calridad de las estrellas de la Reina de la Noche; al final, acaba como adepto al lado de Pamina, en el Reino del Sol. Va de la <\/span><span style=\"font-size: 14pt; font-family: 'times new roman', times, serif;\">oscuridad a la luz, como prescribe un ritual de iniciaci\u00f3n de la masoner\u00eda&#8230;<\/span><\/p>\n<p style=\"text-align: justify;\">\n<span style=\"font-size: 14pt; font-family: 'times new roman', times, serif;\"><strong>EL MISTERIOS N\u00daMERO TRES<\/strong><\/span><br \/>\n<span style=\"font-size: 14pt; font-family: 'times new roman', times, serif;\">El n\u00famero tres como s\u00edmbolo de la manifestaci\u00f3n divina, desempe\u00f1a un importante papel, tanto en los rituales dela masoner\u00eda como en el mundo encantado.La <\/span><span style=\"font-size: 14pt; font-family: 'times new roman', times, serif;\">obertura comienza con tres acordes mayores( \u00bflos tres compases de aprendiz del maestro de la logia?), y el tema allegro est\u00e1 basado en dos notas que se repiten <\/span><span style=\"font-size: 14pt; font-family: 'times new roman', times, serif;\">tres veces. El \u201cacorde triple\u201d suena tambi\u00e9n despu\u00e9s de las palabras de Sarastro, cuando \u00e9l ensalza las tres cualidades notables de Tamino (virtud, discreci\u00f3n y caridad).\u00a0<\/span><\/p>\n<p style=\"text-align: justify;\"><span style=\"font-size: 14pt; font-family: 'times new roman', times, serif;\">Aparecen tres damas, tres muchachos, tres instrumenos m\u00e1gicos ( flauta, carrill\u00f3n y flauta de Pan). Tamino encuentra tres templos a su llegada al reino de Sarastro e\u00a0 intenta entrar tres veces. Y no en \u00faltimo t\u00e9rmino: Tamino tiene que pasar tres pruebas.<\/span><\/p>\n<p style=\"text-align: right;\"><a href=\"http:\/\/www.teatrobreton.org\/archivos\/eventos\/archevento_11_1282011.pdf\" target=\"_blank\" rel=\"noopener noreferrer\">Neef, Sidrid. Extractos de \u201c\u00d3PERA\u201d. Editorial K\u00f6nneman (1999)<\/a><\/p>\n<p>&nbsp;<\/p>\n<p style=\"text-align: center;\"><strong><span style=\"font-size: 18pt;\">*<span style=\"color: #008000;\">*<\/span>*<\/span><\/strong><\/p>\n<figure id=\"attachment_148424\" aria-describedby=\"caption-attachment-148424\" style=\"width: 460px\" class=\"wp-caption aligncenter\"><img loading=\"lazy\" decoding=\"async\" class=\"wp-image-148424\" src=\"https:\/\/puntocritico.com\/ausajpuntocritico\/wp-content\/uploads\/2020\/04\/Max_Slevogt_Zauberfl\u00f6te_Szene-300x238.jpg\" alt=\"\" width=\"460\" height=\"365\" data-id=\"148424\" srcset=\"https:\/\/puntocritico.com\/ausajpuntocritico\/wp-content\/uploads\/2020\/04\/Max_Slevogt_Zauberfl\u00f6te_Szene-300x238.jpg 300w, https:\/\/puntocritico.com\/ausajpuntocritico\/wp-content\/uploads\/2020\/04\/Max_Slevogt_Zauberfl\u00f6te_Szene.jpg 350w\" sizes=\"auto, (max-width: 460px) 100vw, 460px\" \/><figcaption id=\"caption-attachment-148424\" class=\"wp-caption-text\"><span style=\"color: #008000;\">Tamino y Pamina, acuarela de Max Slevogt.<\/span><\/figcaption><\/figure>\n<p>&nbsp;<\/p>\n<p style=\"text-align: center;\"><span style=\"color: #008000;\"><strong><span style=\"font-size: 18pt;\">***<\/span><\/strong><\/span><\/p>\n<p>&nbsp;<\/p>\n<p style=\"text-align: center;\"><iframe loading=\"lazy\" src=\"https:\/\/mega.nz\/embed\/yctm0YQS#ySgUfSWGrarPZJ_uSczTUnBCoMVpLBNcXi3ScqvGRgY\" width=\"640\" height=\"360\" frameborder=\"0\" allowfullscreen=\"allowfullscreen\"><\/iframe><\/p>\n<p style=\"text-align: center;\"><span style=\"font-size: 18pt;\">MARIA CALLAS interpretando el aria \u00abLa Reina de la Noche\u00bb, perteneciente a la \u00f3pera \u00abLa Flauta M\u00e1gica\u00bb\u00a0<\/span><\/p>\n<p>&nbsp;<\/p>\n<p><a href=\"https:\/\/puntocritico.com\/ausajpuntocritico\/author\/punto-critico\/\"><img loading=\"lazy\" decoding=\"async\" class=\"aligncenter wp-image-48\" src=\"https:\/\/puntocritico.com\/ausajpuntocritico\/wp-content\/uploads\/2016\/11\/Mosca_Punto_Cr\u00edtico_40.png\" alt=\"\" width=\"80\" height=\"80\" data-id=\"48\" \/><\/a><\/p>\n<p>&nbsp;<\/p>\n","protected":false},"excerpt":{"rendered":"<div class=\"mh-excerpt\"><p>EL CONTENIDO MAS\u00d3NICO DE LA FLAUTA M\u00c1GICA SCHERZO &nbsp; Es muy frecuente encontrarse con la opini\u00f3n de que La flauta m\u00e1gica es un singspiel* con una m\u00fasica magistral, pero que sufre la desagradable condena de <a class=\"mh-excerpt-more\" href=\"https:\/\/puntocritico.com\/ausajpuntocritico\/2020\/04\/27\/la-flauta-magica-y-su-contenido-masonico-opera-completa\/\" title=\"LA FLAUTA M\u00c1GICA y su contenido mas\u00f3nico &#8211; \u00d3pera completa\">[&#8230;]<\/a><\/p>\n<\/div>","protected":false},"author":3,"featured_media":147988,"comment_status":"open","ping_status":"closed","sticky":false,"template":"","format":"standard","meta":{"_acf_changed":false,"_exactmetrics_skip_tracking":false,"_exactmetrics_sitenote_active":false,"_exactmetrics_sitenote_note":"","_exactmetrics_sitenote_category":0,"footnotes":""},"categories":[10],"tags":[],"class_list":{"0":"post-147965","1":"post","2":"type-post","3":"status-publish","4":"format-standard","5":"has-post-thumbnail","7":"category-miscelanea"},"acf":[],"_links":{"self":[{"href":"https:\/\/puntocritico.com\/ausajpuntocritico\/wp-json\/wp\/v2\/posts\/147965","targetHints":{"allow":["GET"]}}],"collection":[{"href":"https:\/\/puntocritico.com\/ausajpuntocritico\/wp-json\/wp\/v2\/posts"}],"about":[{"href":"https:\/\/puntocritico.com\/ausajpuntocritico\/wp-json\/wp\/v2\/types\/post"}],"author":[{"embeddable":true,"href":"https:\/\/puntocritico.com\/ausajpuntocritico\/wp-json\/wp\/v2\/users\/3"}],"replies":[{"embeddable":true,"href":"https:\/\/puntocritico.com\/ausajpuntocritico\/wp-json\/wp\/v2\/comments?post=147965"}],"version-history":[{"count":0,"href":"https:\/\/puntocritico.com\/ausajpuntocritico\/wp-json\/wp\/v2\/posts\/147965\/revisions"}],"wp:featuredmedia":[{"embeddable":true,"href":"https:\/\/puntocritico.com\/ausajpuntocritico\/wp-json\/wp\/v2\/media\/147988"}],"wp:attachment":[{"href":"https:\/\/puntocritico.com\/ausajpuntocritico\/wp-json\/wp\/v2\/media?parent=147965"}],"wp:term":[{"taxonomy":"category","embeddable":true,"href":"https:\/\/puntocritico.com\/ausajpuntocritico\/wp-json\/wp\/v2\/categories?post=147965"},{"taxonomy":"post_tag","embeddable":true,"href":"https:\/\/puntocritico.com\/ausajpuntocritico\/wp-json\/wp\/v2\/tags?post=147965"}],"curies":[{"name":"wp","href":"https:\/\/api.w.org\/{rel}","templated":true}]}}