{"id":14516,"date":"2024-03-28T00:05:18","date_gmt":"2024-03-27T23:05:18","guid":{"rendered":"http:\/\/puntocritico.com\/?p=14516"},"modified":"2024-03-27T23:33:56","modified_gmt":"2024-03-27T22:33:56","slug":"breve-historia-de-las-privatizaciones-en-espana","status":"publish","type":"post","link":"https:\/\/puntocritico.com\/ausajpuntocritico\/2024\/03\/28\/breve-historia-de-las-privatizaciones-en-espana\/","title":{"rendered":"\u00abBreve historia de las privatizaciones en Espa\u00f1a (1985-1995)\u00bb, por Carlos Mart\u00edn Urriza"},"content":{"rendered":"<p style=\"text-align: justify;\"><span style=\"font-size: 14pt; color: #008000;\"><strong>BREVE HISTORIA DE LAS PRIVATIZACIONES EN ESPA\u00d1A, 1985-1995<\/strong><\/span><\/p>\n\n<p>&nbsp;<\/p>\n<blockquote>\n<h2 style=\"text-align: center;\"><span style=\"font-size: 18pt;\"><em><strong>\u201cA los caballeros del Hacha, a los cruzados del rencor y del polvo\u2026 A todos los espa\u00f1oles del mundo\u201d<\/strong><\/em><\/span><\/h2>\n<p style=\"text-align: center;\"><span style=\"font-size: 14pt;\"><em>LE\u00d3N FELIPE<\/em><\/span><\/p>\n<p>&nbsp;<\/p>\n<p style=\"text-align: center;\"><a href=\"https:\/\/puntocritico.com\/ausajpuntocritico\/wp-content\/uploads\/2017\/08\/leon-felipe-fdr.jpg\" rel=\"lightbox[14516]\"><img loading=\"lazy\" decoding=\"async\" class=\"aligncenter size-full wp-image-4552\" src=\"https:\/\/puntocritico.com\/ausajpuntocritico\/wp-content\/uploads\/2017\/08\/leon-felipe-fdr.jpg\" alt=\"\" width=\"278\" height=\"332\" srcset=\"https:\/\/puntocritico.com\/ausajpuntocritico\/wp-content\/uploads\/2017\/08\/leon-felipe-fdr.jpg 278w, https:\/\/puntocritico.com\/ausajpuntocritico\/wp-content\/uploads\/2017\/08\/leon-felipe-fdr-251x300.jpg 251w\" sizes=\"auto, (max-width: 278px) 100vw, 278px\" \/><\/a><\/p>\n<p style=\"text-align: center;\">\u00a0<\/p>\n<p style=\"text-align: center;\"><span style=\"font-size: 14pt;\">\u00bf<strong>P<\/strong>or qu\u00e9 hab\u00e9is dicho todos <\/span><\/p>\n<p style=\"text-align: center;\"><span style=\"font-size: 14pt;\">que en Espa\u00f1a hay dos bandos, <\/span><\/p>\n<p style=\"text-align: center;\"><span style=\"font-size: 14pt;\">si aqu\u00ed no hay m\u00e1s que polvo?\u00a0<\/span><\/p>\n<p>&nbsp;<\/p>\n<p style=\"text-align: center;\"><span style=\"font-size: 14pt;\"><strong>E<\/strong>n Espa\u00f1a no hay bandos,\u00a0<\/span><\/p>\n<p style=\"text-align: center;\"><span style=\"font-size: 14pt;\">en esta tierra no hay bandos, <\/span><\/p>\n<p style=\"text-align: center;\"><span style=\"font-size: 14pt;\">en esta tierra maldita no hay bandos.\u00a0<\/span><\/p>\n<p style=\"text-align: center;\"><span style=\"font-size: 14pt;\"><strong>N<\/strong>o hay m\u00e1s que un hacha amarilla<\/span><\/p>\n<p style=\"text-align: center;\"><span style=\"font-size: 14pt;\"> que ha afilado el rencor.<\/span><\/p>\n<p>&nbsp;<\/p>\n<p style=\"text-align: center;\"><span style=\"font-size: 14pt;\"><strong>U<\/strong>n hacha que cae siempre, <\/span><\/p>\n<p style=\"text-align: center;\"><span style=\"font-size: 14pt;\">siempre, <\/span><\/p>\n<p style=\"text-align: center;\"><span style=\"font-size: 14pt;\">siempre, <\/span><\/p>\n<p style=\"text-align: center;\"><span style=\"font-size: 14pt;\">implacable y sin descanso <\/span><\/p>\n<p style=\"text-align: center;\"><span style=\"font-size: 14pt;\">sobre cualquier humilde ligaz\u00f3n: <\/span><\/p>\n<p style=\"text-align: center;\"><span style=\"font-size: 14pt;\">sobre dos plegarias que se funden, <\/span><\/p>\n<p style=\"text-align: center;\"><span style=\"font-size: 14pt;\">sobre dos herramientas que se enlazan, <\/span><\/p>\n<p style=\"text-align: center;\"><span style=\"font-size: 14pt;\">sobre dos manos que se estrechan.<\/span><\/p>\n<p>&nbsp;<\/p>\n<p style=\"text-align: center;\"><span style=\"font-size: 14pt;\"><strong>L<\/strong>a consigna es el corte, <\/span><\/p>\n<p style=\"text-align: center;\"><span style=\"font-size: 14pt;\">el corte, <\/span><\/p>\n<p style=\"text-align: center;\"><span style=\"font-size: 14pt;\">el corte,\u00a0<\/span><\/p>\n<p style=\"text-align: center;\"><span style=\"font-size: 14pt;\">el corte hasta llegar al polvo, <\/span><\/p>\n<p style=\"text-align: center;\"><span style=\"font-size: 14pt;\">hasta llegar al \u00e1tomo.<\/span><\/p>\n<p style=\"text-align: center;\">\n<span style=\"font-size: 14pt;\"> [\u2026]<\/span><\/p>\n<p style=\"text-align: center;\">\n<span style=\"font-size: 14pt;\"><strong>A<\/strong>qu\u00ed no hay m\u00e1s que \u00e1tomos, <\/span><\/p>\n<p style=\"text-align: center;\"><span style=\"font-size: 14pt;\">\u00e1tomos que se muerden.<\/span><\/p>\n<p style=\"text-align: center;\">\n<span style=\"font-size: 14pt;\"> [\u2026]<\/span><\/p>\n<p style=\"text-align: center;\">\n<span style=\"font-size: 14pt;\"><strong>V<\/strong>uelan sobre tus torres y tus campos <\/span><\/p>\n<p style=\"text-align: center;\"><span style=\"font-size: 14pt;\">todos los gavilanes enemigos <\/span><\/p>\n<p style=\"text-align: center;\"><span style=\"font-size: 14pt;\">y tu hijo blande el hacha <\/span><\/p>\n<p style=\"text-align: center;\"><span style=\"font-size: 14pt;\">sobre su propio hermano. <\/span><\/p>\n<p>&nbsp;<\/p>\n<p style=\"text-align: center;\"><span style=\"font-size: 14pt;\"><strong>T<\/strong>u enemigo es tu sangre<\/span><\/p>\n<p style=\"text-align: center;\"><span style=\"font-size: 14pt;\">\u00a0y el barro de tu choza.\u00a0<\/span><\/p>\n<p style=\"text-align: center;\">\n<span style=\"font-size: 14pt;\"> [\u2026]\u00a0<\/span><\/p>\n<p style=\"text-align: center;\">\n<span style=\"font-size: 14pt;\"><strong>Y<\/strong> el hacha cae ciega, <\/span><\/p>\n<p style=\"text-align: center;\"><span style=\"font-size: 14pt;\">incansable y vengativa <\/span><\/p>\n<p style=\"text-align: center;\"><span style=\"font-size: 14pt;\">sobre todo lo que se congrega <\/span><\/p>\n<p style=\"text-align: center;\"><span style=\"font-size: 14pt;\">y se prolonga: <\/span><\/p>\n<p style=\"text-align: center;\"><span style=\"font-size: 14pt;\">sobre la gavilla <\/span><\/p>\n<p style=\"text-align: center;\"><span style=\"font-size: 14pt;\">y el manojo, <\/span><\/p>\n<p style=\"text-align: center;\"><span style=\"font-size: 14pt;\">sobre la espiga <\/span><\/p>\n<p style=\"text-align: center;\"><span style=\"font-size: 14pt;\">y el racimo, <\/span><\/p>\n<p style=\"text-align: center;\"><span style=\"font-size: 14pt;\">sobre la flor <\/span><\/p>\n<p style=\"text-align: center;\"><span style=\"font-size: 14pt;\">y la ra\u00edz, sobre el grano\u00a0<\/span><\/p>\n<p style=\"text-align: center;\"><span style=\"font-size: 14pt;\"> y la simiente, <\/span><\/p>\n<p style=\"text-align: center;\"><span style=\"font-size: 14pt;\">y sobre el polvo mismo<\/span><\/p>\n<p style=\"text-align: center;\"><span style=\"font-size: 14pt;\">\u00a0del grano y la simiente.<\/span><\/p>\n<p>&nbsp;<\/p>\n<p style=\"text-align: center;\"><span style=\"font-size: 14pt;\"><strong>A<\/strong>qu\u00ed el hacha es la ley <\/span><\/p>\n<p style=\"text-align: center;\"><span style=\"font-size: 14pt;\">y la unidad el \u00e1tomo, <\/span><\/p>\n<p style=\"text-align: center;\"><span style=\"font-size: 14pt;\">el \u00e1tomo amarillo y rencoroso. <\/span><\/p>\n<p style=\"text-align: center;\"><span style=\"font-size: 14pt;\"><strong>Y<\/strong> el hacha es la que triunfa.<\/span><\/p>\n<p>&nbsp;<\/p>\n<p style=\"text-align: justify;\"><span style=\"font-size: 14pt;\"><span style=\"color: #339966;\"><strong>LE\u00d3N FELIPE<\/strong><\/span>\u00a0(1884-1968).\u00a0<em>Obra po\u00e9tica escogida<\/em>, pr\u00f3logo por Gerardo Diego. Espasa-Calpe, 1985.\u00a0 Filosof\u00eda Digital, 2006<\/span><\/p>\n<p>&nbsp;<\/p>\n<\/blockquote>\n<p style=\"text-align: center;\"><span style=\"color: #008000; font-size: 18pt;\"><strong>********<\/strong><\/span><\/p>\n<h2 style=\"text-align: center;\"><span style=\"font-size: 24pt;\"><strong>BREVE HISTORIA DE LAS PRIVATIZACIONES EN ESPA\u00d1A, 1985-1995<\/strong><\/span><\/h2>\n<p style=\"text-align: justify;\"><span style=\"font-size: 14pt;\">Por <a href=\"https:\/\/web.ua.es\/es\/jornadaseconomia\/materiales\/2022\/carlos-martin.pdf\" target=\"_blank\" rel=\"noopener\">Carlos Mart\u00edn Urriza<\/a><\/span><\/p>\n<p style=\"text-align: justify;\"><span style=\"font-size: 14pt;\">Economista del Gabinete T\u00e9cnico de la C.S. de CC.OO<\/span><\/p>\n<p style=\"text-align: justify;\"><span style=\"font-size: 14pt;\">Publicado en <em>Cuadernos de Relaciones Laborales, n\u00ba 8 Serv. Publ. &#8211; UCM Madrid, 1996<\/em><\/span><\/p>\n<figure id=\"attachment_2295852\" aria-describedby=\"caption-attachment-2295852\" style=\"width: 678px\" class=\"wp-caption aligncenter\"><img loading=\"lazy\" decoding=\"async\" class=\"wp-image-2295852 size-mh-magazine-content\" src=\"https:\/\/puntocritico.com\/ausajpuntocritico\/wp-content\/uploads\/2018\/11\/Telefonica-historia-por-telefonica-1995-2000-678x381.png\" alt=\"BREVE HISTORIA DE LAS PRIVATIZACIONES EN ESPA\u00d1A, 1985-1995\" width=\"678\" height=\"381\" data-id=\"2295852\" \/><figcaption id=\"caption-attachment-2295852\" class=\"wp-caption-text\"><span style=\"color: #008000;\">Las dos privatizaciones de telef\u00f3nica, la primera en 1995 (Gobierno de Felipe Gonz\u00e1lez), y la segunda (privatizaci\u00f3n completa) de 1999 (Gobierno de Jos\u00e9 Mar\u00eda Aznar).<\/span><\/figcaption><\/figure>\n<p>&nbsp;<\/p>\n<p style=\"text-align: justify;\"><span style=\"font-family: arial, helvetica, sans-serif; font-size: 14pt;\">El tema de las privatizaciones se ha abordado desde muy diversos enfoques: \u00ab<em>qu\u00e9 se entiende por privatizar<\/em>\u00bb, \u00ab<em>los distintos mecanismos para ello<\/em>\u00bb, \u00ab<em>las razones que lo justifican<\/em>\u00bb son el argumento de art\u00edculos que habitualmente se pueden leer en la prensa o revistas especializadas.<\/span><\/p>\n<p style=\"text-align: justify;\"><span style=\"font-family: arial, helvetica, sans-serif; font-size: 14pt;\">La intenci\u00f3n de este art\u00edculo es centrarse en los objetivos que se han pretendido alcanzar con las privatizaciones en Espa\u00f1a, a trav\u00e9s del relato breve de su historia, que ir\u00eda desde 1985, a\u00f1o en el que se inician, hasta 1995; es decir, a lo largo de toda una d\u00e9cada. Asimismo, se ha intentado evaluar la oportunidad y grado de cumplimiento de dichos objetivos, all\u00ed donde ha sido posible. \u00c9sta ha sido una tarea complicada desde el principio, puesto que la carencia de objetivos oficiales claros ha sido un s\u00edntoma m\u00e1s de la falta de transparencia que ha caracterizado al proceso de privatizaciones espa\u00f1ol durante este per\u00edodo, lo que desgraciadamente ha facilitado, incluso, la aparici\u00f3n dc corruptelas.<\/span><\/p>\n<p style=\"text-align: justify;\"><span style=\"font-family: arial, helvetica, sans-serif; font-size: 14pt;\"><strong>Los objetivos de las privatizaciones a los que se hace referencia a continuaci\u00f3n son, por tanto, m\u00e1s oficiosos que oficiales<\/strong>. A lo largo de la d\u00e9cada que va de 1985 a 1995, no ha existido una reflexi\u00f3n gubernamental clara sobre a donde se pretend\u00eda ir con tanta privatizaci\u00f3n, en general <strong>(1)<\/strong>, ni con casi ninguna en particular. Hoy, el nuevo gobierno del Partido Popular plantea una \u00ab<em>nueva<\/em>\u00bb pol\u00edtica de privatizaciones que, aunque avanza por la misma v\u00eda dc la privatizaci\u00f3n (<em>a ser posible m\u00e1s r\u00e1pidamente<\/em>), en teor\u00eda pretende, al menos, acabar con esta <strong>falta de transparencia<\/strong>. Sin embargo, a pesar de las buenas intenciones del nuevo ejecutivo no parece convincente que un <em>Consejo Consultivo de expertos, elegidos por el propio gobierno<\/em>, pueda arrojar m\u00e1s luz que la articulaci\u00f3n efectiva de la participaci\u00f3n del Parlamento y de los agentes sociales en la pol\u00edtica de privatizaciones, lo cual est\u00e1 todav\u00eda por definir.<\/span><\/p>\n<p style=\"text-align: justify;\"><span style=\"font-family: arial, helvetica, sans-serif; font-size: 14pt;\">Por otro lado, los objetivos que se pretenden alcanzar con las privatizaciones est\u00e1n tan poco claros como en la etapa anterior y se deben deducir de declaraciones de los pol\u00edticos en los peri\u00f3dicos. Todo ello, obviamente, dificulta la evaluaci\u00f3n de las privatizaciones como una pol\u00edtica efectiva o inefectiva.<\/span><\/p>\n<p>&nbsp;<\/p>\n<h3 style=\"text-align: center;\"><span style=\"font-family: arial, helvetica, sans-serif; font-size: 18pt;\">Las privatizaciones en el contexto hist\u00f3rico europeo<\/span><\/h3>\n<p style=\"text-align: center;\">\u00a0<\/p>\n<figure id=\"attachment_4563\" aria-describedby=\"caption-attachment-4563\" style=\"width: 555px\" class=\"wp-caption aligncenter\"><a href=\"https:\/\/puntocritico.com\/ausajpuntocritico\/wp-content\/uploads\/2017\/08\/privatizaciones-espa\u00f1a.jpg\" rel=\"lightbox[14516]\"><img loading=\"lazy\" decoding=\"async\" class=\"wp-image-4563\" src=\"https:\/\/puntocritico.com\/ausajpuntocritico\/wp-content\/uploads\/2017\/08\/privatizaciones-espa\u00f1a.jpg\" alt=\"\" width=\"555\" height=\"249\" srcset=\"https:\/\/puntocritico.com\/ausajpuntocritico\/wp-content\/uploads\/2017\/08\/privatizaciones-espa\u00f1a.jpg 647w, https:\/\/puntocritico.com\/ausajpuntocritico\/wp-content\/uploads\/2017\/08\/privatizaciones-espa\u00f1a-300x134.jpg 300w\" sizes=\"auto, (max-width: 555px) 100vw, 555px\" \/><\/a><figcaption id=\"caption-attachment-4563\" class=\"wp-caption-text\"><span style=\"color: #008000;\">Ingresos por privatizaciones<\/span><\/figcaption><\/figure>\n<p>&nbsp;<\/p>\n<p style=\"text-align: justify;\"><span style=\"font-family: arial, helvetica, sans-serif; font-size: 14pt;\"><strong>La pol\u00edtica de privatizaciones se extiende a todos los pa\u00edses y \u00e1reas del planeta<\/strong>. No obstante, las razones que las animan son distintas en uno y otro lugar. As\u00ed, por ejemplo, en <em>Europa occidental<\/em> se privatiza por razones no enteramente iguales a las de los <em>pa\u00edses latinoamericanos<\/em> y, mucho menos, a las de los <em>antiguos pa\u00edses del bloque sovi\u00e9tico<\/em>. <strong>Estas motivaciones distintas tienen sobre todo una explicaci\u00f3n hist\u00f3rica en el origen diferente de una y otras empresas p\u00fablicas<\/strong>. A continuaci\u00f3n se trata de manera gen\u00e9rica el caso de Europa occidental, en la que Espa\u00f1a se inscribe.<\/span><\/p>\n<p style=\"text-align: justify;\"><span style=\"font-family: arial, helvetica, sans-serif; font-size: 14pt;\"><strong>Las privatizaciones toman cuerpo en Europa occidental a principios de la d\u00e9cada de los ochenta y se extienden a lo largo de un proceso que se contin\u00faan todav\u00eda hoy con br\u00edos renovados y sin visos de haber acabado<\/strong>. Dicho proceso se ha desarrollado a trav\u00e9s de etapas de crisis y crecimiento de la econom\u00eda europea, lo que indica que <strong>la fiebre privatizadora no ha atendido a los cambios coyunturales del ciclo econ\u00f3mico, sino que tiene una ra\u00edz m\u00e1s estructural<\/strong>.<\/span><\/p>\n<p style=\"text-align: justify;\"><span style=\"font-family: arial, helvetica, sans-serif; font-size: 14pt;\">Esta ra\u00edz hay que buscarla, como se comentaba al principio, en los or\u00edgenes de la empresa p\u00fablica, o mejor dicho, en las <strong>razones que alumbraron la creaci\u00f3n o la nacionalizaci\u00f3n de las empresas p\u00fablicas que hoy se privatizan<\/strong>.<\/span><\/p>\n<p style=\"text-align: justify;\"><span style=\"font-family: arial, helvetica, sans-serif; font-size: 14pt;\"><strong>Tras la <em>II Guerra Mundial<\/em>, Europa afrontaba la reconstrucci\u00f3n de su econom\u00eda y la transformaci\u00f3n de una industria de orientaci\u00f3n b\u00e9lica hacia cometidos civiles<\/strong>. Era un momento donde gran parte de los mercados estaban desarticulados y la incertidumbre inhib\u00eda las decisiones de inversi\u00f3n privada. En consecuencia, <em>el Estado jug\u00f3 un papel director en la planificaci\u00f3n de una nueva econom\u00eda de mercado, sobre las bases de una econom\u00eda mixta, donde se admit\u00eda que la iniciativa p\u00fablica promocionara la actividad econ\u00f3mica a trav\u00e9s de formas de intervenci\u00f3n directas y expeditivas, como la creaci\u00f3n de empresas p\u00fablicas o la nacionalizaci\u00f3n de empresas privadas<\/em>.<\/span><\/p>\n<p style=\"text-align: justify;\"><span style=\"font-family: arial, helvetica, sans-serif; font-size: 14pt;\">Es, por tanto, el papel central que se le asigna al Estado en este per\u00edodo, el que explica -por el car\u00e1cter instrumental de la misma- la importancia que adquiere entonces la empresa p\u00fablica. <strong>Ser\u00e1 la posterior crisis del Estado como gestor directo de la actividad econ\u00f3mica, la que explique, asimismo, el desprecio de la empresa p\u00fablica como instrumento de intervenci\u00f3n y la ulterior pol\u00edtica de privatizaciones<\/strong>.<\/span><\/p>\n<p>&nbsp;<\/p>\n<p><a href=\"https:\/\/puntocritico.com\/ausajpuntocritico\/wp-content\/uploads\/2017\/08\/CHISTE-VENTA-DE-ESPA\u00d1A-privatizaciones.jpeg\" rel=\"lightbox[14516]\"><img loading=\"lazy\" decoding=\"async\" class=\"aligncenter size-full wp-image-4562\" src=\"https:\/\/puntocritico.com\/ausajpuntocritico\/wp-content\/uploads\/2017\/08\/CHISTE-VENTA-DE-ESPA\u00d1A-privatizaciones.jpeg\" alt=\"\" width=\"600\" height=\"398\" srcset=\"https:\/\/puntocritico.com\/ausajpuntocritico\/wp-content\/uploads\/2017\/08\/CHISTE-VENTA-DE-ESPA\u00d1A-privatizaciones.jpeg 600w, https:\/\/puntocritico.com\/ausajpuntocritico\/wp-content\/uploads\/2017\/08\/CHISTE-VENTA-DE-ESPA\u00d1A-privatizaciones-300x199.jpeg 300w\" sizes=\"auto, (max-width: 600px) 100vw, 600px\" \/><\/a><\/p>\n<p>&nbsp;<\/p>\n<p style=\"text-align: justify;\"><strong><span style=\"font-family: arial, helvetica, sans-serif; font-size: 14pt;\">La reconstrucci\u00f3n postb\u00e9lica impuls\u00f3 una pol\u00edtica de crecimiento extensivo, donde las ganancia<\/span><\/strong><span style=\"font-family: arial, helvetica, sans-serif; font-size: 14pt;\"><strong>s de productividad las proporcionaba fundamentalmente el aumento de la escala de la producci\u00f3n y no el ajuste de los costes<\/strong>. Este modelo de crecimiento provocaba en muchos casos asignaciones de recursos ineficientes, pero a cambio permit\u00eda una reorganizaci\u00f3n m\u00e1s r\u00e1pida de la actividad productiva. La empresa p\u00fablica empieza ganar presencia en las econom\u00edas europeas a partir de este momento, y a diferencia de lo que ocurr\u00eda en el pasado, el papel que desempe\u00f1a no es, por completo, subsidiario del de la iniciativa privada <strong>(2)<\/strong>.<\/span><\/p>\n<p style=\"text-align: justify;\"><span style=\"font-family: arial, helvetica, sans-serif; font-size: 14pt;\">Espa\u00f1a, aunque no particip\u00f3 directamente en la <em>Guerra Mundial<\/em>, tuvo su propio conflicto armado y sigui\u00f3 una pauta similar a la comentada, en lo que a la empresa p\u00fablica se refiere. As\u00ed, en 1941 se crea el <strong>Instituto Nacional de Industria<\/strong> siguiendo el modelo italiano del <strong>IRI<\/strong>. La orientaci\u00f3n del <strong>INI<\/strong> durante estos primeros a\u00f1os se encuadra dentro del modelo de crecimiento extensivo apuntado, que en Espa\u00f1a tiene una mayor persistencia como consecuencia de las restricciones a la competencia internacional que impone la autarqu\u00eda. Su presidente hasta 1963, el ingeniero naval y militar <strong>Juan Antonio Suanzes<\/strong>, lo dirigir\u00e1 en dicho sentido con <strong><em>criterios desarrollistas<\/em><\/strong>, <strong><em>m\u00e1s ingenieriles que econ\u00f3micos<\/em><\/strong>. Con todo, m\u00e1s de media d\u00e9cada despu\u00e9s de su fundaci\u00f3n y pasado un a\u00f1o desde su desaparici\u00f3n en 1995, parece que el <strong>INI<\/strong> cumpli\u00f3 con el objetivo gen\u00e9rico de esta primera etapa, acelerando el desarrollo industrial del pa\u00eds <strong>(3)<\/strong>.<\/span><\/p>\n<p style=\"text-align: justify;\"><span style=\"font-family: arial, helvetica, sans-serif; font-size: 14pt;\">Pero el papel relevante que jug\u00f3 el Estado en la ordenaci\u00f3n de lo econ\u00f3mico tras la guerra no se debi\u00f3 s\u00f3lo a la reconstrucci\u00f3n, ni se circunscribi\u00f3 en exclusiva a este per\u00edodo, sino que ya se ven\u00eda gestando desde antes de] conflicto b\u00e9lico. En efecto, la<strong> Gran Depresi\u00f3n de 1930<\/strong>, as\u00ed como las <em>nueva teor\u00eda macroecon\u00f3mica<\/em> <em>keynesiana<\/em>, <strong>apoyaban la intervenci\u00f3n p\u00fablica en el desarrollo de pol\u00edticas antic\u00edclicas<\/strong>. Paralelamente, el <strong>logro del pleno empleo<\/strong> se convierte en el objetivo central de las pol\u00edticas macroecon\u00f3mico de los estados europeos.<\/span><\/p>\n<p>&nbsp;<\/p>\n<blockquote>\n<p style=\"text-align: center;\"><strong><span style=\"font-family: arial, helvetica, sans-serif; font-size: 14pt; color: #008000;\">El final de la crisis de los a\u00f1os setenta marca un punto de inflexi\u00f3n en el auge de la empresa p\u00fablica como instrumento de pol\u00edtica econ\u00f3mica, que tiene como causa la merma en la confianza que se le asigna al Estado para intervenir directamente en los procesos productivos y de ordenaci\u00f3n sectorial, frente a la auto-regulaci\u00f3n de los mercados.<\/span><\/strong><\/p>\n<\/blockquote>\n<p>&nbsp;<\/p>\n<p style=\"text-align: justify;\"><span style=\"font-family: arial, helvetica, sans-serif; font-size: 14pt;\"><strong>El final de la crisis de los a\u00f1os setenta marca un punto de inflexi\u00f3n en el auge de la empresa p\u00fablica como instrumento de pol\u00edtica econ\u00f3mica<\/strong>, que tiene como causa la merma en la confianza que se le asigna al Estado para intervenir directamente en los procesos productivos y de ordenaci\u00f3n sectorial, frente a la auto-regulaci\u00f3n de los mercados.<\/span><\/p>\n<p style=\"text-align: justify;\"><span style=\"font-family: arial, helvetica, sans-serif; font-size: 14pt;\"><strong>La vuelta a una idea de Estado m\u00ednimo, subsidiario de la iniciativa privada<\/strong>, limita sus medios de intervenci\u00f3n a instrumentos menos directos e invasivos de la actividad empresarial privada: como la regulaci\u00f3n gen\u00e9rica, la subvenci\u00f3n o los incentivos fiscales.<\/span><\/p>\n<p style=\"text-align: justify;\"><span style=\"font-family: arial, helvetica, sans-serif; font-size: 14pt;\"><strong>El ajuste energ\u00e9tico que impone la crisis, implanta un modelo de crecimiento intensivo estricto<\/strong>, basado en el ajuste de costes, lo que unido a la realidad de una <strong>econom\u00eda m\u00e1s abierta y cada vez m\u00e1s desregulada<\/strong>, provoca que el objetivo central de las pol\u00edticas macroecon\u00f3micas pase a ser el <strong>mantenimiento del valor de la moneda a trav\u00e9s de la lucha contra la inflaci\u00f3n<\/strong>, en vez de el pleno empleo de los recursos productivos. <strong>La importancia que toma a partir de entonces la intervenci\u00f3n sobre los mercados de bienes desde los mercados monetarios, es igualmente coherente con el papel colateral que se le otorga al Estado en la ubicaci\u00f3n de los recursos productivos<\/strong>.<\/span><\/p>\n<p>&nbsp;<\/p>\n<p style=\"text-align: center;\"><span style=\"font-size: 14pt; color: #339966;\"><strong><span style=\"font-family: arial, helvetica, sans-serif;\">CUADRO 1<\/span><\/strong><\/span><br \/>\n<span style=\"font-size: 14pt; color: #339966;\"> <strong><span style=\"font-family: arial, helvetica, sans-serif;\"> Peso relativo de la empresa p\u00fablica en Europa<\/span><\/strong><\/span><\/p>\n<p style=\"text-align: justify;\"><a href=\"https:\/\/puntocritico.com\/ausajpuntocritico\/wp-content\/uploads\/2017\/08\/TABLA1.jpg\" rel=\"lightbox[14516]\"><img loading=\"lazy\" decoding=\"async\" class=\"aligncenter size-full wp-image-4554\" src=\"https:\/\/puntocritico.com\/ausajpuntocritico\/wp-content\/uploads\/2017\/08\/TABLA1.jpg\" alt=\"\" width=\"1295\" height=\"367\" srcset=\"https:\/\/puntocritico.com\/ausajpuntocritico\/wp-content\/uploads\/2017\/08\/TABLA1.jpg 1295w, https:\/\/puntocritico.com\/ausajpuntocritico\/wp-content\/uploads\/2017\/08\/TABLA1-300x85.jpg 300w, https:\/\/puntocritico.com\/ausajpuntocritico\/wp-content\/uploads\/2017\/08\/TABLA1-768x218.jpg 768w, https:\/\/puntocritico.com\/ausajpuntocritico\/wp-content\/uploads\/2017\/08\/TABLA1-1024x290.jpg 1024w\" sizes=\"auto, (max-width: 1295px) 100vw, 1295px\" \/><\/a><\/p>\n<div style=\"text-align: justify;\"><span style=\"font-size: 10pt; color: #339966;\"><strong>[1] No incluye la antigua RDA<\/strong><\/span><\/div>\n<div><span style=\"font-size: 10pt; color: #339966;\"><strong>[2] Porcentaje calculado sobre el empleo total<\/strong><\/span><\/div>\n<div><span style=\"font-size: 10pt; color: #339966;\"><strong>[3] Excluida vivienda<\/strong><\/span><\/div>\n<div><span style=\"font-size: 10pt; color: #339966;\"><strong>[4] Sin excluir los sectores agricolas<\/strong><\/span><\/div>\n<div><span style=\"font-size: 10pt; color: #339966;\"><strong>[5] 1983<\/strong><\/span><\/div>\n<div><span style=\"font-size: 10pt; color: #339966;\"><strong>[6] 1988<\/strong><\/span><\/div>\n<div><span style=\"font-size: 10pt; color: #339966;\"><strong>Fuente: Annales CEEP y MYRO (1989)<\/strong><\/span><\/div>\n<p>&nbsp;<\/p>\n<p style=\"text-align: justify;\"><span style=\"font-family: arial, helvetica, sans-serif; font-size: 14pt;\"><strong>La globalizaci\u00f3n de las actividades de producci\u00f3n y distribuci\u00f3n es igualmente otro factor que relega al Estado a un segundo plano<\/strong>. Dado su car\u00e1cter nacional, muchos de los procesos internacionales escapan a su capacidad de intervenci\u00f3n, quedando condicionado por la voluntad de los agentes privados nacionales y extranjeros, con dimensi\u00f3n suficiente para actuar en los mercados internacionales.<\/span><\/p>\n<p style=\"text-align: justify;\"><span style=\"font-family: arial, helvetica, sans-serif; font-size: 14pt;\"><strong>Para Espa\u00f1a, el final de la d\u00e9cada de los setenta y principio de los ochenta es, adem\u00e1s de un per\u00edodo de crisis internacional, una etapa de profundo cambio pol\u00edtico<\/strong>. Para salvar la dif\u00edcil coyuntura econ\u00f3mica y pol\u00edtica, el <strong>INI<\/strong> act\u00faa como un hospital de empresas privadas en crisis. A partir de aqu\u00ed, se abre un importante proceso privatizador que, como se coment\u00f3 antes, no parece haber terminado. No obstante, las privatizaciones han sido para los distintos pa\u00edses de Europa occidental un proceso desigual en el tiempo, en su alcance y, en parte tambi\u00e9n, en sus contenidos.<\/span><\/p>\n<p style=\"text-align: justify;\">\u00a0<\/p>\n<blockquote>\n<p style=\"text-align: center;\"><strong><span style=\"font-family: arial, helvetica, sans-serif; font-size: 14pt; color: #008000;\">Para salvar la dif\u00edcil coyuntura econ\u00f3mica y pol\u00edtica, el INI act\u00faa como un hospital de empresas privadas en crisis. A partir de aqu\u00ed, se abre un importante proceso privatizador<\/span><\/strong><\/p>\n<\/blockquote>\n<p>&nbsp;<\/p>\n<p style=\"text-align: justify;\"><span style=\"font-family: arial, helvetica, sans-serif; font-size: 14pt;\"><strong>Las privatizaciones en Europa se inician en el Reino Unido a principio de los ochenta, donde se produce un importante trasvase de activos del sector p\u00fablico al privado a lo largo de la d\u00e9cada, sin que reste mucho por vender en los noventa<\/strong>. En <em>Francia<\/em>, las privatizaciones se retrasan a la segunda mitad de los ochenta, cuando la derecha alcanza el poder en 1986, y suponen una respuesta a la pol\u00edtica de nacionalizaciones desarrollada previamente por los socialistas. A partir de los noventa resurge, cuando los conservadores vuelven a recuperar el poder en 1993. En <em>Italia<\/em> no se pone en marcha un programa de privatizaciones importantes hasta 1 992 <strong>(5)<\/strong>. Y, en <em>Alemania<\/em>, si exceptuamos el caso de la <em>ex-RDA<\/em> que atiende a razones distintas, no parece haberse contagiado todav\u00eda por la fiebre privatizadora, aunque <strong>el actual proceso de liberalizaci\u00f3n de las telecomunicaciones<\/strong> parece llevar aparejado la privatizaci\u00f3n del gigante <strong>Deucht Telecom<\/strong>.<\/span><\/p>\n<p style=\"text-align: justify;\"><span style=\"font-family: arial, helvetica, sans-serif; font-size: 14pt;\"><strong>En consecuencia, el sector p\u00fablico empresarial pierde peso en las econom\u00edas europeas desde principios de la d\u00e9cada de los ochenta basta nuestros d\u00edas<\/strong>, tal y como se aprecia en el <em><strong>cuadro n\u00fam. 1<\/strong><\/em>. No obstante, <strong>esta p\u00e9rdida de protagonismo de la empresa p\u00fablica no se debe exclusivamente a la privatizaci\u00f3n, sino que atiende tambi\u00e9n a los ajustes de capacidad y plantilla a los que se la somete a lo largo de dicho per\u00edodo y a que alguno de los sectores donde \u00e9sta se sit\u00faa crecen a un ritmo inferior al del conjunto de la econom\u00eda<\/strong>.<\/span><\/p>\n<p style=\"text-align: justify;\">\u00a0<\/p>\n<h3 style=\"text-align: center;\"><span style=\"font-size: 18pt; font-family: georgia, palatino, serif;\"><strong>Las dos etapas del proceso de privatizaciones espa\u00f1ol<\/strong><\/span><\/h3>\n<p style=\"text-align: justify;\"><img loading=\"lazy\" decoding=\"async\" class=\"aligncenter wp-image-6553\" src=\"https:\/\/puntocritico.com\/ausajpuntocritico\/wp-content\/uploads\/2017\/11\/La-\u00faltima-cena-rey-aznar-Rajoy-ZPero-Y-Mr-X3169-300x169.jpg\" alt=\"\" width=\"480\" height=\"270\" data-id=\"6553\" srcset=\"https:\/\/puntocritico.com\/ausajpuntocritico\/wp-content\/uploads\/2017\/11\/La-\u00faltima-cena-rey-aznar-Rajoy-ZPero-Y-Mr-X3169-300x169.jpg 300w, https:\/\/puntocritico.com\/ausajpuntocritico\/wp-content\/uploads\/2017\/11\/La-\u00faltima-cena-rey-aznar-Rajoy-ZPero-Y-Mr-X3169.jpg 678w\" sizes=\"auto, (max-width: 480px) 100vw, 480px\" \/><\/p>\n<p>&nbsp;<\/p>\n<p style=\"text-align: justify;\"><span style=\"font-family: arial, helvetica, sans-serif; font-size: 14pt;\"><strong>En Espa\u00f1a todav\u00eda exist\u00eda a principios de los ochenta el inter\u00e9s por emplear la empresa p\u00fablica como instrumento para el desarrollo industrial<\/strong>. En concreto, se la consideraba un instrumento \u00fatil para la promoci\u00f3n del sector agroalimentario y el sector de bienes de equipo, valorados entonces como <strong>estrat\u00e9gicos<\/strong> para la econom\u00eda espa\u00f1ola. Pero <strong>a partir de 1985 (6), se abandonan estos planteamientos, inici\u00e1ndose un proceso de privatizaciones que todav\u00eda hoy no ha acabado<\/strong> y que de continuar por los derroteros establecidos en el <strong>\u00ab<em>Plan de Privatizaciones<\/em>\u00bb del gobierno del Partido Popular<\/strong>, promete terminar con su <strong>liquidaci\u00f3n<\/strong>. Por el momento, y como resultado fundamentalmente\u00a0<\/span><span style=\"font-family: arial, helvetica, sans-serif; font-size: 14pt;\">de las <em>privatizaciones<\/em>, <strong>el peso relativo del sector p\u00fablico empresarial espa\u00f1ol en la econom\u00eda se sit\u00faa en la actualidad, entre los m\u00e1s peque\u00f1os de Europa<\/strong>.<\/span><\/p>\n<p>&nbsp;<\/p>\n<blockquote>\n<p style=\"text-align: center;\"><span style=\"font-family: arial, helvetica, sans-serif; font-size: 14pt; color: #008000;\"><strong>A lo largo de la d\u00e9cada que va de 1985 a 1995, se pueden distinguir para el caso espa\u00f1ol dos etapas, en funci\u00f3n de los motivos que animan las privatizaciones<\/strong>.<\/span><\/p>\n<\/blockquote>\n<p>&nbsp;<\/p>\n<p style=\"text-align: justify;\"><span style=\"font-family: arial, helvetica, sans-serif; font-size: 14pt;\">A lo largo de la d\u00e9cada que va de 1985 a 1995, se pueden distinguir para el caso espa\u00f1ol dos etapas, en funci\u00f3n de los motivos que animan las privatizaciones. <strong>De 1985 a 1991, las privatizaciones persiguen mejorar la eficiencia de la empresa p\u00fablica a trav\u00e9s de su internacionalizaci\u00f3n y la incorporaci\u00f3n de nuevas tecnolog\u00edas<\/strong>. <em>Subsidiariamente se pretende con ello reducir las aportaciones presupuestarias<\/em>, que de haber permanecido en manos p\u00fablicas, el Estado tendr\u00eda que haber realizado para asegurar la competitividad internacional de estas empresas.<\/span><\/p>\n<p style=\"text-align: justify;\"><span style=\"font-family: arial, helvetica, sans-serif; font-size: 14pt;\">En consecuencia, durante esta etapa se venden totalmente\u00a0<strong>(7)<\/strong> empresas fundamentalmente industriales a un comprador \u00fanico <strong>(8)<\/strong>, que asegure el cumplimiento del objetivo de internacionalizaci\u00f3n y que por lo general es una multinacional extranjera (<em>ver cuadro n\u00fam. 2<\/em>).<\/span><\/p>\n<p style=\"text-align: justify;\"><span style=\"font-family: arial, helvetica, sans-serif; font-size: 14pt;\"><strong>Alguna de estas ventas se realizan a un precio negativo<\/strong>, es decir, el Estado\u00a0<\/span><span style=\"font-family: arial, helvetica, sans-serif; font-size: 14pt;\">paga para que el empresario privado se haga cargo de la empresa p\u00fablica\u00a0<\/span><span style=\"font-family: arial, helvetica, sans-serif; font-size: 14pt;\">en cuesti\u00f3n. El caso de <strong>Seat<\/strong>, que se privatiza en 1986, es el m\u00e1s caracter\u00edstico\u00a0<\/span><span style=\"font-family: arial, helvetica, sans-serif; font-size: 14pt;\">de este tipo y el m\u00e1s importante de esta primera etapa. Durante los dos <\/span><span style=\"font-family: arial, helvetica, sans-serif; font-size: 14pt;\">a\u00f1os previos a la transmisi\u00f3n de la propiedad de <strong>Seat<\/strong> a la multinacional alemana\u00a0<\/span><span style=\"font-family: arial, helvetica, sans-serif; font-size: 14pt;\"><strong>Wolkswagen<\/strong>, el Estado desembols\u00f3 algo m\u00e1s de 342.000 millones de\u00a0<\/span><span style=\"font-family: arial, helvetica, sans-serif; font-size: 14pt;\">ptas. para su reestructuraci\u00f3n y saneamiento <strong>(9)<\/strong>.<\/span><\/p>\n<p style=\"text-align: justify;\"><strong><span style=\"font-family: arial, helvetica, sans-serif; font-size: 14pt;\">Sobre el cumplimiento de los objetivos de esta primera etapa se abren muchas\u00a0<\/span><\/strong><span style=\"font-family: arial, helvetica, sans-serif; font-size: 14pt;\"><strong>interrogantes<\/strong>. En primer lugar, hay que se\u00f1alar, aunque sea algo obvio,\u00a0<\/span><span style=\"font-family: arial, helvetica, sans-serif; font-size: 14pt;\">que <strong>el concepto de internacionalizaci\u00f3n manejado por los dise\u00f1adores de esta\u00a0<\/strong><\/span><span style=\"font-family: arial, helvetica, sans-serif; font-size: 14pt;\"><strong>pol\u00edtica, no se refiere a la producci\u00f3n si no a la comercializaci\u00f3n<\/strong>. Es decir, <em>con\u00a0<\/em><\/span><em><span style=\"font-family: arial, helvetica, sans-serif; font-size: 14pt;\">la venta a una multinacional de una empresa p\u00fablica, \u00e9sta pasa a tener acceso\u00a0<\/span><\/em><span style=\"font-family: arial, helvetica, sans-serif; font-size: 14pt;\"><em>a una red de distribuci\u00f3n internacional<\/em>, lo que le permite <strong>aprovechar las<\/strong>\u00a0<\/span><span style=\"font-family: arial, helvetica, sans-serif; font-size: 14pt;\"><strong>econom\u00edas de escala que se derivan de un mercado cada vez m\u00e1s global. <em>Esta\u00a0<\/em><\/strong><\/span><strong><em><span style=\"font-family: arial, helvetica, sans-serif; font-size: 14pt;\">mejora en la rentabilizaci\u00f3n de las inversiones es igualmente apreciable en el\u00a0<\/span><\/em><\/strong><span style=\"font-family: arial, helvetica, sans-serif; font-size: 14pt;\"><strong><em>apartado tecnol\u00f3gico<\/em><\/strong>.<\/span><\/p>\n<p>&nbsp;<\/p>\n<p style=\"text-align: center;\"><span style=\"font-size: 18pt; color: #339966;\"><strong>CUADRO 2<\/strong><\/span><br \/>\n<strong><span style=\"font-size: 18pt; color: #339966;\"> Empresas p\u00fablicas industriales privatizadas entre 1985 y 1995<\/span><\/strong><\/p>\n<div style=\"text-align: center;\"><strong><a href=\"https:\/\/puntocritico.com\/ausajpuntocritico\/wp-content\/uploads\/2017\/08\/TABLA2.jpg\" rel=\"lightbox[14516]\"><img loading=\"lazy\" decoding=\"async\" class=\"aligncenter size-full wp-image-4556\" src=\"https:\/\/puntocritico.com\/ausajpuntocritico\/wp-content\/uploads\/2017\/08\/TABLA2.jpg\" alt=\"\" width=\"859\" height=\"1024\" srcset=\"https:\/\/puntocritico.com\/ausajpuntocritico\/wp-content\/uploads\/2017\/08\/TABLA2.jpg 859w, https:\/\/puntocritico.com\/ausajpuntocritico\/wp-content\/uploads\/2017\/08\/TABLA2-252x300.jpg 252w, https:\/\/puntocritico.com\/ausajpuntocritico\/wp-content\/uploads\/2017\/08\/TABLA2-768x916.jpg 768w\" sizes=\"auto, (max-width: 859px) 100vw, 859px\" \/><\/a><\/strong><\/div>\n<div style=\"text-align: center;\"><span style=\"font-size: 10pt; color: #339966;\"><strong>Fuente: IGAE, diario El Pa\u00eds, 22\/7\/96 y Tabacalera<\/strong><\/span><\/div>\n<p>&nbsp;<\/p>\n<p style=\"text-align: justify;\"><strong><span style=\"font-family: arial, helvetica, sans-serif; font-size: 14pt;\">Sin embargo, estas mejoras aunque ciertas, chocan con el car\u00e1cter for\u00e1neo\u00a0<\/span><span style=\"font-family: arial, helvetica, sans-serif; font-size: 14pt;\">de las multinacionales que se hacen con el control de las empresas p\u00fablicas\u00a0<\/span><\/strong><span style=\"font-family: arial, helvetica, sans-serif; font-size: 14pt;\"><strong>privatizadas<\/strong>. En efecto, quien acaba rentabilizando las ventajas que se derivan de una mayor dimensi\u00f3n (<em>de una red comercial m\u00e1s amplia, de un aumento de los recursos destinados a la J+D<\/em>) es, en primer lugar, la propia multinacional y s\u00f3lo subsidiariamente -y en la medida en que la anterior decida- la empresa privatizada.<strong> Al privatizarse la pol\u00edtica de gesti\u00f3n de la empresa queda inscrita dentro de la estrategia de la multinacional, cuyos intereses no tienen porque coincidir siempre con los del pa\u00eds o regi\u00f3n donde se localiza<\/strong>.<\/span><\/p>\n<p style=\"text-align: justify;\"><span style=\"font-family: arial, helvetica, sans-serif; font-size: 14pt;\"><strong>Espa\u00f1a, que ha experimentado una importante penetraci\u00f3n del capital for\u00e1neo durante las \u00faltimas d\u00e9cadas, es un buen campo para la observaci\u00f3n del comportamiento de las multinacionales<\/strong>. As\u00ed, por ejemplo, se observa que en la mayor\u00eda de los casos, las multinacionales tienden a concentrar las actividades que incorporan m\u00e1s valor a\u00f1adido (<em>I+D, normalizaci\u00f3n, dise\u00f1o, marketing, alta direcci\u00f3n, etc<\/em>.) en sus sedes centrales, que se localizan a su vez en sus pa\u00edses de origen. En muchos otros casos, cuando las multinacionales se hacen con el control de una empresa, en realidad lo que compran son sus canales de distribuci\u00f3n nacional o su cartera de clientes, por lo que terminan desmontando poco a poco sus actividades productivas. <strong>Las multinacionales establecen, asimismo, los precios internos a los que sus filiales se compran componentes y productos entre s\u00ed<\/strong>, esta facultad permite localizar recursos para la inversi\u00f3n o el saneamiento all\u00ed donde son necesarios, pero tambi\u00e9n desinvertir de aquellos otros que ya no interesantes para su estrategia, y todo ello no s\u00f3lo a trav\u00e9s de un mecanismo ajeno al mercado e independiente de sus condiciones, sino tambi\u00e9n <strong>por encima de los intereses nacionales o regionales de los pa\u00edses donde se sit\u00faan estas filiales<\/strong>. Por \u00faltimo, durante los per\u00edodos de crisis, las multinacionales distribuyen los ajustes entre sus filiales de manera desigual, influenciadas por el pa\u00eds donde se sit\u00faa su sede central.<\/span><\/p>\n<p>&nbsp;<\/p>\n<blockquote>\n<p style=\"text-align: center;\"><span style=\"color: #008000;\"><strong><span style=\"font-family: arial, helvetica, sans-serif; font-size: 14pt;\">En muchos otros casos, cuando las multinacionales se hacen con el control de una empresa, en realidad lo que compran son sus canales de distribuci\u00f3n nacional o su cartera de clientes, por lo que terminan desmontando poco a poco sus actividades productivas<\/span><\/strong><\/span><\/p>\n<\/blockquote>\n<p style=\"text-align: justify;\">\u00a0<\/p>\n<p style=\"text-align: justify;\"><span style=\"font-family: arial, helvetica, sans-serif; font-size: 14pt;\"><strong>En t\u00e9rminos gen\u00e9ricos se puede decir que las multinacionales han proporcionado a las empresas p\u00fablicas privatizadas viabilidad, pero que \u00e9sta ha tenido costes, del tipo se\u00f1alado en el p\u00e1rrafo anterior, y tambi\u00e9n presupuestarios (10)<\/strong>, a pesar de que uno de los objetivos de esta etapa era terminar con las aportaciones de recursos p\u00fablicos a es-tas empresas. No obstante, <strong>para evaluar el resultado global de las privatizaciones durante esta primera etapa, habr\u00eda que comparar dichos costes con los derivados de la alternativa de no privatizar, lo cual es una tarea especialmente complicada que todav\u00eda nadie ha abordado<\/strong>.<\/span><\/p>\n<p>&nbsp;<\/p>\n<blockquote>\n<p style=\"text-align: center;\"><strong><span style=\"font-family: arial, helvetica, sans-serif; font-size: 14pt; color: #008000;\">La segunda etapa de esta d\u00e9cada privatizadora se inicia en 1992 y abarcada hasta 1995, aunque conocidas las intenciones del nuevo gobierno se puede afirmar que \u00e9sta todav\u00eda est\u00e1 abierta y se cerrar\u00e1 silos planes gubernamentales no se tuercen, cuando se termine de liquidar la \u00faltima participaci\u00f3n p\u00fablica en una empresa rentable<\/span><\/strong><\/p>\n<\/blockquote>\n<p style=\"text-align: justify;\">\u00a0<\/p>\n<p style=\"text-align: justify;\"><span style=\"font-family: arial, helvetica, sans-serif; font-size: 14pt;\"><strong>La segunda etapa de esta d\u00e9cada privatizadora se inicia en 1992 y abarcada hasta 1995<\/strong>, aunque conocidas las intenciones del nuevo gobierno se puede afirmar que \u00e9sta todav\u00eda est\u00e1 abierta y se cerrar\u00e1 silos planes gubernamentales no se tuercen, cuando se termine de liquidar la \u00faltima participaci\u00f3n p\u00fablica en una empresa rentable.<\/span><\/p>\n<p style=\"text-align: justify;\"><span style=\"font-family: arial, helvetica, sans-serif; font-size: 14pt;\"><strong>La naturaleza de las privatizaciones en esta etapa es distinta a la de la primera<\/strong>. Si en un primer momento se privatiz\u00f3 para mejorar la competitividad de la empresa p\u00fablica y subsidiariamente para no tener que aportarle recursos p\u00fablicos en el futuro, a partir de 1992 se privatiza para obtener recursos que enjuguen el d\u00e9ficit del Estado. No obstante, tambi\u00e9n durante este per\u00edodo se emplean los argumentos te\u00f3ricos referidos a la ineficiencia intr\u00ednseca que comporta la titularidad p\u00fablica de empresas <strong>(11)<\/strong>, aunque generalmente por agentes ajenos al gobierno. <strong>La popularizaci\u00f3n del capitalismo a trav\u00e9s del acceso a la propiedad de las empresas que se privatizan de los peque\u00f1os ahorradores<\/strong>, es el otro gran argumento esgrimido como objetivo y justificaci\u00f3n de la privatizaci\u00f3n, m\u00e1s quiz\u00e1s por los gestores de algunas empresa p\u00fablicas que por los miembros del gobierno, aunque claramente con la aquiescencia de estos, puesto que <strong>las privatizaciones se dise\u00f1an siguiendo los dictados del capitalismo popular establecidos por la doctrina <em>thatcheriana<\/em><\/strong> una d\u00e9cada antes (<em>descuentos en el tramo minorista y reserva de acciones para los empleados en condiciones de privilegio<\/em>).<\/span><\/p>\n<p>&nbsp;<\/p>\n<blockquote>\n<p style=\"text-align: center;\"><span style=\"color: #008000;\"><strong><span style=\"font-family: arial, helvetica, sans-serif; font-size: 14pt;\">Si en un primer momento se privatiz\u00f3 para mejorar la competitividad de la empresa p\u00fablica y subsidiariamente para no tener que aportarle recursos p\u00fablicos en el futuro, a partir de 1992 se privatiza para obtener recursos que enjuguen el d\u00e9ficit del Estado. No obstante, tambi\u00e9n durante este per\u00edodo se emplean los argumentos te\u00f3ricos referidos a la ineficiencia intr\u00ednseca que comporta la titularidad p\u00fablica de empresas<\/span><\/strong><\/span><\/p>\n<\/blockquote>\n<p style=\"text-align: justify;\">\u00a0<\/p>\n<p style=\"text-align: justify;\"><span style=\"font-family: arial, helvetica, sans-serif; font-size: 14pt;\"><strong>Aunque en ambas etapas de esta <em>d\u00e9cada privatizadora<\/em> est\u00e1n presentes los objetivos presupuestarios, son durante la segunda cuando estos tienen mayor importancia<\/strong>. La explicaci\u00f3n se encuentra en el <strong>proceso de convergencia que se imponen los pa\u00edses de la Uni\u00f3n Europea a partir de 1992<\/strong>.<\/span><\/p>\n<p style=\"text-align: justify;\"><span style=\"font-family: arial, helvetica, sans-serif; font-size: 14pt;\">A diferencia de la primera etapa, de 1992 a 1995 las empresas p\u00fablicas que fundamentalmente se privatizan son empresas de servicios (<em><strong>Telef\u00f3nica, Repsol, Argentaria, Enagas y Endesa<\/strong><\/em>)\u00a0<strong>(12)<\/strong> situadas en sectores donde todav\u00eda la regulaci\u00f3n es importante y la competencia escasa, y donde, por tanto, est\u00e1 asegurada cierta tasa de remuneraci\u00f3n del capital. <strong>El mecanismo de privatizaci\u00f3n empleado es igualmente distinto. Se sacan a Bolsa progresivamente porcentajes de su capital social, con tramos mayorista y minorista, y en algunos casos tambi\u00e9n con un tramo reservado a los trabajadores<\/strong>.<\/span><\/p>\n<p>&nbsp;<\/p>\n<blockquote>\n<p style=\"text-align: center;\"><span style=\"color: #008000;\"><strong><span style=\"font-family: arial, helvetica, sans-serif; font-size: 14pt;\">A diferencia de la primera etapa, de 1992 a 1995 las empresas p\u00fablicas que fundamentalmente se privatizan son empresas de servicios (<em>Telef\u00f3nica, Repsol, Argentaria, Enagas y Endesa<\/em>) situadas en sectores donde todav\u00eda la regulaci\u00f3n es importante y la competencia escasa, y donde, por tanto, est\u00e1 asegurada cierta tasa de remuneraci\u00f3n del capital<\/span><\/strong><\/span><\/p>\n<\/blockquote>\n<p style=\"text-align: justify;\">\u00a0<\/p>\n<p style=\"text-align: justify;\"><span style=\"font-family: arial, helvetica, sans-serif; font-size: 14pt;\"><strong>El resultado obtenido en la consecuci\u00f3n de los objetivos que se deb\u00edan alcanzar con las privatizaciones durante esta etapa (<em>esto es reducir el d\u00e9ficit y popularizar el capitalismo<\/em>), es todav\u00eda mas dudoso e incierto que en la primera<\/strong>.<\/span><\/p>\n<p>&nbsp;<\/p>\n<p><a href=\"https:\/\/puntocritico.com\/ausajpuntocritico\/wp-content\/uploads\/2017\/08\/Don-Felipe-posa-con-los-expresidentes-del-Gobierno-Felipe-Gonzalez-Jose-Maria-Aznar-y-Jose-Luis-Rodriguez-Zapatero.jpg\" rel=\"lightbox[14516]\"><img loading=\"lazy\" decoding=\"async\" class=\"aligncenter wp-image-4560\" src=\"https:\/\/puntocritico.com\/ausajpuntocritico\/wp-content\/uploads\/2017\/08\/Don-Felipe-posa-con-los-expresidentes-del-Gobierno-Felipe-Gonzalez-Jose-Maria-Aznar-y-Jose-Luis-Rodriguez-Zapatero-678x381.jpg\" alt=\"\" width=\"678\" height=\"381\" \/><\/a><\/p>\n<p>&nbsp;<\/p>\n<p style=\"text-align: justify;\"><span style=\"font-family: arial, helvetica, sans-serif; font-size: 14pt;\"><strong>La reducci\u00f3n de un d\u00e9ficit publico estructural como el que registra la econom\u00eda espa\u00f1ola en ese periodo, con los ingresos obtenidos por las privatizaciones es, en principio, una pol\u00edtica de dif\u00edcil realizaci\u00f3n dada la naturaleza extraordinaria de estos ingresos<\/strong>. Si se contabilizan correctamente, las privatizaciones suponen la venta de activos financieros en manos del Estado y, por tanto, los recursos procedentes de las mismas se consideran ingresos financieros, que no afectan directamente al d\u00e9ficit p\u00fablico, aunque si indirectamente, puesto que reducen el endeudamiento y con \u00e9ste los costes financieros del Estado. <strong>Ahora bien, para considerar el efecto completo que tienen las privatizaciones sobre el d\u00e9ficit hay que considerar que con ellas se renuncia tambi\u00e9n a los ingresos patrimoniales que el Estado obtiene en forma de dividendos por la participar en su capital, y que suponen la renuncia a un ingreso no financiero, lo que afectar\u00e1 directamente y de manera negativa al d\u00e9ficit p\u00fablico<\/strong>.<\/span><\/p>\n<p>&nbsp;<\/p>\n<blockquote>\n<p style=\"text-align: center;\"><strong><span style=\"font-family: arial, helvetica, sans-serif; font-size: 14pt; color: #008000;\">Si se contabilizan correctamente, las privatizaciones suponen la venta de activos financieros en manos del Estado y, por tanto, los recursos procedentes de las mismas se consideran ingresos financieros, que no afectan directamente al d\u00e9ficit p\u00fablico, aunque si indirectamente, puesto que reducen el endeudamiento y con \u00e9ste los costes financieros del Estado<\/span><\/strong><\/p>\n<\/blockquote>\n<p style=\"text-align: justify;\">\u00a0<\/p>\n<p style=\"text-align: justify;\"><span style=\"font-family: arial, helvetica, sans-serif; font-size: 14pt;\"><strong>El<\/strong> <strong>efecto neto acumulado de las privatizaciones para el per\u00edodo 1992-1995<\/strong>, se recoge en el <strong>cuadro n\u00fam. 3<\/strong>. Se observa claramente que la escasa cuant\u00eda de los recursos obtenidos de las mismas, ha tenido un <strong>efecto ef\u00edmero, e incluso negativo (1994), sobre la reducci\u00f3n del d\u00e9ficit p\u00fablico espa\u00f1ol<\/strong>. Este resultado <strong>era de esperar<\/strong> en un <strong>contexto<\/strong>, por un lado, de reducci\u00f3n de los tipos de inter\u00e9s (<em>y, en consecuencia, de los costes financieros del Estado<\/em>) y, por otro, de aumento de los beneficios de las empresas p\u00fablicas que se privatizaban (<em>y, por ende, dc los dividendos a los que el Estado renunciaba cuando vend\u00eda<\/em>).<\/span><\/p>\n<p style=\"text-align: justify;\"><span style=\"font-family: arial, helvetica, sans-serif; font-size: 14pt;\"><strong>Los resultados del cuadro n\u00fam. 3 se obtienen, sin embargo, si se aplica un criterio de contabilidad nacional estricto, que es el m\u00e1s coherente desde un punto de vista econ\u00f3mico<\/strong>. Ahora bien, los criterios aplicados\u00a0<strong>(13)<\/strong> son en la pr\u00e1ctica m\u00e1s flexibles a la hora de considerar algunos ingresos financieros por privatizaciones como no financieros. En concreto, <strong>los ingresos procedentes de la venta de acciones de Repsol se contabilizan como ingresos no financieros, por lo que repercuten directamente sobre el d\u00e9ficit p\u00fablico<\/strong>. A\u00fan as\u00ed, como se comprueba en <strong>Mart\u00edn<\/strong> (1 996b), el efecto sobre el d\u00e9ficit p\u00fablico a pesar de ser m\u00e1s importante que en el caso anterior, sigue siendo marginal.<\/span><\/p>\n<p style=\"text-align: justify;\">\u00a0<\/p>\n<p style=\"text-align: center;\"><span style=\"font-size: 18pt; font-family: georgia, palatino, serif; color: #339966;\"><strong>CUADRO 3<\/strong><\/span><br \/>\n<span style=\"font-size: 18pt; font-family: georgia, palatino, serif; color: #339966;\"> <strong> Efecto neto de las privatizaciones sobre el d\u00e9ficit p\u00fablico en el per\u00edodo 1992-1995 (Millones de ptas.)<\/strong><\/span><\/p>\n<div><span style=\"color: #339966;\"><strong><a href=\"https:\/\/puntocritico.com\/ausajpuntocritico\/wp-content\/uploads\/2017\/08\/TABLA3.jpg\" rel=\"lightbox[14516]\"><img loading=\"lazy\" decoding=\"async\" class=\"aligncenter size-full wp-image-4557\" src=\"https:\/\/puntocritico.com\/ausajpuntocritico\/wp-content\/uploads\/2017\/08\/TABLA3.jpg\" alt=\"\" width=\"901\" height=\"193\" srcset=\"https:\/\/puntocritico.com\/ausajpuntocritico\/wp-content\/uploads\/2017\/08\/TABLA3.jpg 901w, https:\/\/puntocritico.com\/ausajpuntocritico\/wp-content\/uploads\/2017\/08\/TABLA3-300x64.jpg 300w, https:\/\/puntocritico.com\/ausajpuntocritico\/wp-content\/uploads\/2017\/08\/TABLA3-768x165.jpg 768w\" sizes=\"auto, (max-width: 901px) 100vw, 901px\" \/><\/a><\/strong><\/span><\/div>\n<div style=\"text-align: center;\"><span style=\"font-size: 10pt; color: #339966;\"><strong>Fuente: Mart\u00edn (1996)<\/strong><\/span><\/div>\n<p style=\"text-align: justify;\">\u00a0<\/p>\n<p style=\"text-align: justify;\"><span style=\"font-family: arial, helvetica, sans-serif; font-size: 14pt;\"><strong>En cuanto al otro objetivo a cubrir por las privatizaciones en esta etapa, la popularizaci\u00f3n del capitalismo, lo primero que habr\u00eda que analizar es la oportunidad del mismo<\/strong>. Aumentar la cohesi\u00f3n social a trav\u00e9s de la promoci\u00f3n del acceso de los peque\u00f1os ahorradores a la propiedad del capital de las empresas que se privatizan, parece, cuando menos, un resultado <strong>bastante discutible y con una clara ra\u00edz ideol\u00f3gica<\/strong>.<\/span><\/p>\n<p style=\"text-align: justify;\"><span style=\"font-family: arial, helvetica, sans-serif; font-size: 14pt;\"><strong>En cualquier caso lo \u00fanico que parecen haber conseguido popularizar las privatizaciones han sido las plusval\u00edas f\u00e1ciles y r\u00e1pidas entre algunos, que han comprado las acciones, por lo general, infravaloradas (14) cuando las vend\u00eda el Estado, para venderlas al poco tiempo en Bolsa<\/strong>. \u00c9sta ha debido ser la pauta l\u00f3gica de comportamiento de gran parte de los peque\u00f1os compradores de acciones privatizadas, aunque no existe una estimaci\u00f3n de la evoluci\u00f3n del accionariado de las empresas p\u00fablicas privatizadas que permita comprobarlo. Sin embargo, dada la naturaleza del argumento que en \u00faltima instancia se pretende contrastar (<em>el aumento de la cohesi\u00f3n social a trav\u00e9s del aumento del n\u00famero de propietarios de acciones de empresas p\u00fablicas privatizadas<\/em>), no es aconsejable que nadie pierda el tiempo en ello.<\/span><\/p>\n<p>&nbsp;<\/p>\n<blockquote>\n<p style=\"text-align: center;\"><span style=\"font-family: arial, helvetica, sans-serif; font-size: 14pt; color: #008000;\"><strong>Esta pauta de comportamiento ha facilitado, entre otras circunstancias, la configuraci\u00f3n de n\u00facleos duros de accionistas, alrededor de grandes bancos, que con peque\u00f1os desembolsos se han hecho con el control de importantes empresas p\u00fablicas<\/strong><\/span><\/p>\n<\/blockquote>\n<p>&nbsp;<\/p>\n<p style=\"text-align: justify;\"><span style=\"font-family: arial, helvetica, sans-serif; font-size: 14pt;\"><strong>Esta pauta de comportamiento ha facilitado, entre otras circunstancias, la configuraci\u00f3n de n\u00facleos duros de accionistas, alrededor de grandes bancos, que con peque\u00f1os desembolsos se han hecho con el control de importantes empresas p\u00fablicas<\/strong>. N\u00facleos que, por otro lado, puede que tal vez no sean tan duro como parece si se atiende a las relaciones poco estables que en el pasado reciente han existido entre la banca y la industria de este pa\u00eds. As\u00ed, podr\u00eda ocurrir que de no entrar la econom\u00eda espa\u00f1ola en la tercera fase de la Uni\u00f3n Monetaria, el negocio bancario volviera a ser tan rentable como anta\u00f1o, mientras que los at\u00edpicos empresariales pierden importancia y atractivo en la cuenta de resultados de los bancos, dada las perores condiciones de financiaci\u00f3n a las que quedar\u00edan sometidas las empresas espa\u00f1olas.<\/span><\/p>\n<p style=\"text-align: justify;\"><span style=\"font-family: arial, helvetica, sans-serif; font-size: 14pt;\">Cabe se\u00f1alar, no obstante, que l<strong>as empresas que se privatizan ahora y en las que est\u00e1n tomando posiciones los bancos, son empresas de servicios que se mueven en sectores regulados con poca competencia, lo que asegura un beneficio m\u00e1s estable independientemente de las condiciones de financiaci\u00f3n nacional, puesto que se trata de grandes empresas con capacidad de financiarse en los mercados internacionales<\/strong>.<\/span><\/p>\n<p>&nbsp;<\/p>\n<blockquote>\n<p style=\"text-align: center;\"><span style=\"font-family: arial, helvetica, sans-serif; font-size: 14pt; color: #008000;\"><strong>Los n\u00facleos duros en las empresas p\u00fablicas se est\u00e1n definiendo fundamentalmente alrededor de dos grupos bancarios, que a su vez est\u00e1n agrupando bajo su control importantes conglomerados de empresas de servicios<\/strong><\/span><\/p>\n<\/blockquote>\n<p>&nbsp;<\/p>\n<p style=\"text-align: justify;\"><span style=\"font-family: arial, helvetica, sans-serif; font-size: 14pt;\"><strong>Los n\u00facleos duros en las empresas p\u00fablicas se est\u00e1n definiendo fundamentalmente alrededor de dos grupos bancarios, que a su vez est\u00e1n agrupando bajo su control importantes conglomerados de empresas de servicios, tal y como se observa en el cuadro n\u00fam. 4<\/strong>. Por un lado, estar\u00eda el constituido por l<strong>a Caixa <\/strong>y el<strong> BBVA<\/strong>, y, por otro, el formado por el <strong>BCH<\/strong> y el <strong>Santander<\/strong>. Dentro de este \u00faltimo, <strong>Endesa<\/strong> aparece como una importante sociedad poseedora\u00a0<\/span><span style=\"font-family: arial, helvetica, sans-serif; font-size: 14pt;\">tambi\u00e9n de importantes participaciones en los sectores de la energ\u00eda y las telecomunicaciones. <strong>Argentaria<\/strong>, el banco donde a\u00fan el Estado mantiene una participaci\u00f3n importante (25%), quedada a caballo de estos dos grupos, a la espera de definir su estrategia. Hay que resaltar asimismo la aparici\u00f3n de importantes accionistas extranjeros al calor del proceso de privatizaciones, como es el caso de <strong>Pemex<\/strong> y el <strong>Chase Manhattan <\/strong>en<strong> Repsol<\/strong> (con un 5% cada uno) o de \u00e9ste \u00faltimo tambi\u00e9n en <strong>Telef\u00f3nica<\/strong>.<\/span><\/p>\n<p style=\"text-align: justify;\">\u00a0<\/p>\n<p style=\"text-align: center;\"><span style=\"font-size: 18pt; color: #339966;\"><strong>CUADRO 4 <\/strong><\/span><\/p>\n<p style=\"text-align: center;\"><span style=\"font-size: 18pt; color: #339966;\"><strong>Los grandes Bancos en los servicios estrat\u00e9gicos<\/strong><\/span><\/p>\n<p style=\"text-align: justify;\"><a href=\"https:\/\/puntocritico.com\/ausajpuntocritico\/wp-content\/uploads\/2017\/08\/TABLA4.jpg\" rel=\"lightbox[14516]\"><img loading=\"lazy\" decoding=\"async\" class=\"aligncenter size-full wp-image-4559\" src=\"https:\/\/puntocritico.com\/ausajpuntocritico\/wp-content\/uploads\/2017\/08\/TABLA4.jpg\" alt=\"\" width=\"1200\" height=\"674\" srcset=\"https:\/\/puntocritico.com\/ausajpuntocritico\/wp-content\/uploads\/2017\/08\/TABLA4.jpg 1200w, https:\/\/puntocritico.com\/ausajpuntocritico\/wp-content\/uploads\/2017\/08\/TABLA4-300x169.jpg 300w, https:\/\/puntocritico.com\/ausajpuntocritico\/wp-content\/uploads\/2017\/08\/TABLA4-768x431.jpg 768w, https:\/\/puntocritico.com\/ausajpuntocritico\/wp-content\/uploads\/2017\/08\/TABLA4-1024x575.jpg 1024w, https:\/\/puntocritico.com\/ausajpuntocritico\/wp-content\/uploads\/2017\/08\/TABLA4-678x381.jpg 678w\" sizes=\"auto, (max-width: 1200px) 100vw, 1200px\" \/><\/a><\/p>\n<div><span style=\"font-size: 10pt; color: #339966;\"><strong>[1] Las empresas p\u00fablicas aparecen sombreadas y entre par\u00e9ntesis la participaci\u00f3n que todav\u00eda mantiene el Estado en su capital. Tambien el Chase Manhattan Bank posee asimismo un 5% del capital de Argentaria.<\/strong><\/span><\/div>\n<div><span style=\"font-size: 10pt; color: #339966;\"><strong>[2] Pemez y el Chase Manhattan Bank posee asimismo un 5% de Repsol, respectivamente, y Repsol a su vez un 45,2% de Gas Natural.<\/strong><\/span><\/div>\n<div><span style=\"font-size: 10pt; color: #339966;\"><strong>[3] Endesa tiene a su vez participaciones en las siguientes empresas: Airtel (3%), Fecsa (48,9%), Sevillana (39,5%), Cepsa (5,6%) y Union Fenosa (7,5%), Cableuropa (20%) y Antena 3 tv (8% conjuntamente con el BCH a trav\u00e9s de Obetago).<\/strong><\/span><\/div>\n<div><span style=\"font-size: 10pt; color: #339966;\"><strong>[4] El Chase Mahattan Bank posee tambi\u00e9n un 5% en Telef\u00f3nica.<\/strong><\/span><\/div>\n<div><span style=\"font-size: 10pt; color: #339966;\"><strong>[5] A trav\u00e9s del Banesto (Grupo Santander).<\/strong><\/span><\/div>\n<div style=\"text-align: justify;\"><span style=\"font-size: 10pt; color: #339966;\"><strong>Fuente: Mu\u00f1oz J. Et al (1986) y Diario Cinco D\u00edas 10\/4\/96 y 22\/4\/96<\/strong><\/span><\/div>\n<div>\u00a0<\/div>\n<p style=\"text-align: justify;\"><span style=\"font-family: arial, helvetica, sans-serif; font-size: 14pt;\"><strong>Otro de los grandes beneficiarios del proceso de privatizaciones, junto a la gran banca, est\u00e1n siendo los bancos de negocios, que se encargan de asesorar e intermediar las privatizaciones, obteniendo importantes honorarios<\/strong>. Entre 1985 y 1995, lo diez bancos de negocios m\u00e1s importantes del mundo obtuvieron unos honorarios por esta actividad de 732.000 millones de ptas. D<strong>ada la importante cuant\u00eda de este negocio no es de extra\u00f1ar que estas instituciones act\u00faen como verdaderos grupos de presi\u00f3n en foros y medios de comunicaci\u00f3n para que se promuevan las privatizaciones<\/strong>. Este comportamiento guarda ciertos paralelismos con los ataques promovidos por la gran banca contra el sistema p\u00fablico de pensiones, y que se describen en otro art\u00edculo de este n\u00famero.<\/span><\/p>\n<p>&nbsp;<\/p>\n<blockquote>\n<p style=\"text-align: center;\"><strong><span style=\"font-family: arial, helvetica, sans-serif; font-size: 14pt; color: #008000;\">Entre 1985 y 1995, lo diez bancos de negocios m\u00e1s importantes del mundo obtuvieron unos honorarios por esta actividad de 732.000 millones de ptas<\/span><\/strong><\/p>\n<\/blockquote>\n<p style=\"text-align: justify;\">\u00a0<\/p>\n<h3 style=\"text-align: center;\"><span style=\"font-size: 18pt;\"><strong><span style=\"font-family: arial, helvetica, sans-serif;\">Perspectivas de futuro: \u00bfexiste un nuevo modelo de privatizaciones?<\/span><\/strong><\/span><\/h3>\n<p><img loading=\"lazy\" decoding=\"async\" class=\"aligncenter wp-image-4969\" src=\"https:\/\/puntocritico.com\/ausajpuntocritico\/wp-content\/uploads\/2017\/08\/798-ranking-de-los-banqueros-mc3a1s-corruptos-de-espac3b1a-300x197.jpg\" alt=\"\" width=\"480\" height=\"315\" data-id=\"4969\" srcset=\"https:\/\/puntocritico.com\/ausajpuntocritico\/wp-content\/uploads\/2017\/08\/798-ranking-de-los-banqueros-mc3a1s-corruptos-de-espac3b1a-300x197.jpg 300w, https:\/\/puntocritico.com\/ausajpuntocritico\/wp-content\/uploads\/2017\/08\/798-ranking-de-los-banqueros-mc3a1s-corruptos-de-espac3b1a-768x504.jpg 768w, https:\/\/puntocritico.com\/ausajpuntocritico\/wp-content\/uploads\/2017\/08\/798-ranking-de-los-banqueros-mc3a1s-corruptos-de-espac3b1a-1024x672.jpg 1024w\" sizes=\"auto, (max-width: 480px) 100vw, 480px\" \/><\/p>\n<p style=\"text-align: justify;\">\u00a0<\/p>\n<p style=\"text-align: justify;\"><span style=\"font-family: arial, helvetica, sans-serif; font-size: 14pt;\">\u00ab<em>Qu\u00e9 traer\u00e1 el ma\u00f1ana\/ que el pasado no pregone&#8230;<\/em>\u00bb, como dec\u00eda el poeta, es una rima aplicable al proceso espa\u00f1ol de privatizaciones de ayer y hoy. A pesar de las apariencias, de los esfuerzos del ejecutivo por diferenciarse del gobierno anterior y de las cr\u00edticas del primer partido de la oposici\u00f3n, <strong>no existe soluci\u00f3n de discontinuidad apreciable entre la pol\u00edtica del gobierno del PSOE y la del gobierno del PP en este apartado<\/strong>. Tan s\u00f3lo el \u00edmpetu, y en cualquier caso la torpeza del ejecutivo actual, marcan <strong>diferencias de forma pero no de fondo<\/strong>.<\/span><\/p>\n<p style=\"text-align: justify;\"><span style=\"font-family: arial, helvetica, sans-serif; font-size: 14pt;\"><strong>Aunque el primer partido de la oposici\u00f3n contrapone al actual plan global de privatizaciones del gobierno, la pasada pol\u00edtica de ventas selectivas -donde se estudiaba caso por caso-, lo cierto es que la pr\u00e1ctica ha revelado una voluntad tan privatizadora en el anterior ejecutivo como la que, por el momento en teor\u00eda, exhibe el actual<\/strong>. Esta voluntad lleg\u00f3 incluso a materializarse tambi\u00e9n en un <em>plan de privatizaciones<\/em>, que aunque no global, si comprend\u00edan a <em>empresas p\u00fablicas muy importantes<\/em>. As\u00ed, <em>el Consejo de Ministros autoriz\u00f3 el 5\/2\/93, al Ministro de Econom\u00eda y Hacienda para que vendiera las acciones que la Direcci\u00f3n General del Patrimonio del Estado pose\u00eda en<\/em> <strong>Argentaria<\/strong>, <strong>Telef\u00f3nica<\/strong>, <strong>Tabacalera<\/strong>, <strong>Trasmediterr\u00e1nea<\/strong> y <strong>Aldeasa<\/strong>. <\/span><span style=\"font-family: arial, helvetica, sans-serif; font-size: 14pt;\"><strong>Las privatizaciones se realizar\u00edan a trav\u00e9s de sociedades instrumentales, que sacar\u00edan su patrimonio accionarial a Bolsa cuando as\u00ed lo permitan las condiciones del mercado de valores<\/strong>. <\/span><\/p>\n<p style=\"text-align: justify;\"><span style=\"font-family: arial, helvetica, sans-serif; font-size: 14pt;\">Al final <strong>llegaron a operar dos de estas sociedades<\/strong>: la <strong>Sociedad Estatal Patrimonio (<em>Argentaria<\/em>)<\/strong> y la <strong>Sociedad Estatal Patrimonio II (<em>Telef\u00f3nica<\/em>)<\/strong>. Adicionalmente, durante los cuatro \u00faltimos a\u00f1os de gobierno del PSOE se ingresaron en el Tesoro 713.905 millones de ptas. <strong>(15)<\/strong> por privatizaciones y entre 1985-95 se privatizaron 55 sociedades p\u00fablicas.<\/span><\/p>\n<p>&nbsp;<\/p>\n<blockquote>\n<p style=\"text-align: center;\"><strong><span style=\"font-family: arial, helvetica, sans-serif; font-size: 14pt; color: #008000;\">Adicionalmente, durante los cuatro \u00faltimos a\u00f1os de gobierno del PSOE se ingresaron en el Tesoro 713.905 millones de ptas. por privatizaciones y entre 1985-95 se privatizaron 55 sociedades p\u00fablicas<\/span><\/strong><\/p>\n<\/blockquote>\n<p>&nbsp;<\/p>\n<p style=\"text-align: justify;\"><span style=\"font-family: arial, helvetica, sans-serif; font-size: 14pt;\"><strong>Por tanto, una vez que se comprueba la importante voluntad privatizadora del anterior gobierno, las posibles diferencias entre uno y otro modelo privatizador se diluyen<\/strong>. Las supuestas virtudes selectivas de la pol\u00edtica de privatizaci\u00f3n del PSOE son en lo fundamental las que impon\u00eda el mercado, tanto en la elecci\u00f3n de las empresas a enajenar como en el momento en que venderlas, lo mismo que le suceder\u00e1 al PP. Por eso no se entiende tanto \u00edmpetu y alharaca, que s\u00f3lo ha servido para generar <strong>tensi\u00f3n social.<\/strong><\/span><\/p>\n<p>&nbsp;<\/p>\n<p><a href=\"https:\/\/puntocritico.com\/ausajpuntocritico\/2022\/09\/13\/recuerdo-de-la-infamia-caso-los-albertos-parte-1-la-coartada-la-base-axiologica-de-la-sentencia-del-tribunal-constitucional-29-2008\/\"><img loading=\"lazy\" decoding=\"async\" class=\"aligncenter wp-image-16130\" src=\"https:\/\/puntocritico.com\/ausajpuntocritico\/wp-content\/uploads\/2019\/01\/los-albertos-1-300x265.jpg\" alt=\"\" width=\"360\" height=\"317\" data-id=\"16130\" srcset=\"https:\/\/puntocritico.com\/ausajpuntocritico\/wp-content\/uploads\/2019\/01\/los-albertos-1-300x265.jpg 300w, https:\/\/puntocritico.com\/ausajpuntocritico\/wp-content\/uploads\/2019\/01\/los-albertos-1-768x677.jpg 768w, https:\/\/puntocritico.com\/ausajpuntocritico\/wp-content\/uploads\/2019\/01\/los-albertos-1-1024x903.jpg 1024w, https:\/\/puntocritico.com\/ausajpuntocritico\/wp-content\/uploads\/2019\/01\/los-albertos-1.jpg 1302w\" sizes=\"auto, (max-width: 360px) 100vw, 360px\" \/><\/a><\/p>\n<p>&nbsp;<\/p>\n<p style=\"text-align: justify;\"><span style=\"font-family: arial, helvetica, sans-serif; font-size: 14pt;\"><strong>El apoyo a la formaci\u00f3n de n\u00facleos duros de accionistas del anterior gobierno y el rechazo del actual se plantea como el otro elemento diferenciador importante entre uno y otro modelo de privatizaciones<\/strong>. No obstante, al igual que el otro elemento, \u00e9ste <strong>no depende tanto de la voluntad de los gobiernos como del inter\u00e9s de los mercados<\/strong>. El gobierno del PP tendr\u00e1 n\u00facleos duros quiera o no, mientras las empresas p\u00fablicas que se privaticen les sigan interesando a los bancos, que pueden comprar libremente sus acciones en Bolsa.<\/span><\/p>\n<p style=\"text-align: justify;\"><span style=\"font-family: arial, helvetica, sans-serif; font-size: 14pt;\">Por \u00faltimo,<strong> los argumentos oficiosos que justificaron la privatizaciones para el anterior gobierno durante la \u00faltima etapa se mantienen<\/strong> (<em>reducci\u00f3n del d\u00e9ficit y promoci\u00f3n del capitalismo popular<\/em>), aunque ahora eso s\u00ed, <strong>sin los disimulos que impon\u00eda la restricci\u00f3n ideol\u00f3gica<\/strong>.<\/span><\/p>\n<p>&nbsp;<\/p>\n<p>&nbsp;<\/p>\n<p><a href=\"https:\/\/www.vozpopuli.com\/economia_y_finanzas\/la-sepi-compra-el-3-de-telefonica-por-700-millones-tras-la-luz-verde-del-gobierno.html#google_vignette\" target=\"_blank\" rel=\"noopener\" data-schema-attribute=\"\"><img loading=\"lazy\" decoding=\"async\" class=\"aligncenter wp-image-2295868\" src=\"https:\/\/puntocritico.com\/ausajpuntocritico\/wp-content\/uploads\/2024\/04\/SEPI-compra-el-3-por-cien-de-telefonica-por-mas-dinero-del-que-cobro-al-privatizarla-toda-300x174.png\" alt=\"\" width=\"480\" height=\"279\" data-id=\"2295868\" srcset=\"https:\/\/puntocritico.com\/ausajpuntocritico\/wp-content\/uploads\/2024\/04\/SEPI-compra-el-3-por-cien-de-telefonica-por-mas-dinero-del-que-cobro-al-privatizarla-toda-300x174.png 300w, https:\/\/puntocritico.com\/ausajpuntocritico\/wp-content\/uploads\/2024\/04\/SEPI-compra-el-3-por-cien-de-telefonica-por-mas-dinero-del-que-cobro-al-privatizarla-toda-1024x595.png 1024w, https:\/\/puntocritico.com\/ausajpuntocritico\/wp-content\/uploads\/2024\/04\/SEPI-compra-el-3-por-cien-de-telefonica-por-mas-dinero-del-que-cobro-al-privatizarla-toda-768x446.png 768w, https:\/\/puntocritico.com\/ausajpuntocritico\/wp-content\/uploads\/2024\/04\/SEPI-compra-el-3-por-cien-de-telefonica-por-mas-dinero-del-que-cobro-al-privatizarla-toda.png 1283w\" sizes=\"auto, (max-width: 480px) 100vw, 480px\" \/><\/a><\/p>\n<p style=\"text-align: center;\"><span style=\"font-size: 18pt;\"><span style=\"color: #008000;\">\u2666<\/span>\u2666<span style=\"color: #008000;\">\u2666<\/span>\u2666<span style=\"color: #008000;\">\u2666<\/span>\u2666<span style=\"color: #008000;\">\u2666<\/span><\/span><\/p>\n<blockquote>\n<h3 style=\"text-align: center;\"><span style=\"font-size: 18pt;\">Notas<\/span><\/h3>\n<p>&nbsp;<\/p>\n<p style=\"text-align: justify;\"><span style=\"font-size: 14pt;\">(1) Si se except\u00faa LI Libro Blanco da la industria. Una Pol\u00edtica Industrial Para Espa\u00f1a., que presenta para su aprobaci\u00f3n al Consejo de Ministros el Ministro Eguiagaray, poco antes de que se convoquen las primeras elecciones que ganar\u00e1 el Partido Popular (PP).<\/span><\/p>\n<p style=\"text-align: justify;\"><span style=\"font-size: 14pt;\">(2) En Espa\u00f1a, la importancia adquirida por la empresa p\u00fablica fue expresada gr\u00e1ficamente por el primer presidente del INI, para qui\u00e9n su cometido era \u00abcubrir la vanguardia, la retaguardia y los flancos de la iniciativa privada\u00bb, cita tomada de Arag\u00f3n (1990).<\/span><\/p>\n<p style=\"text-align: justify;\"><span style=\"font-size: 14pt;\">(3) Sobre la desaparici\u00f3n del INI y el INH ver Mart\u00edn (1996a).<\/span><\/p>\n<p style=\"text-align: justify;\"><span style=\"font-size: 14pt;\">(4) Se socializan las p\u00e9rdidas de las siguientes empresas: 1976: Barrera, Imepiel, Grupo Alvarez.; 1977: Textil Tarazona; 1978: Altos Hornos del Mediterr\u00e1neo, Ifasa; 1980: Minas de Figaredo, Babcock Wilcox, San Carlos, Intelhorce, Gossipyum; y 1981-82: Equipos Nucleares, Hytasa, Foarsa.<\/span><\/p>\n<p style=\"text-align: justify;\"><span style=\"font-size: 14pt;\">(5) Para un relato m\u00e1s detallado Ver Carrau (1995).<\/span><\/p>\n<p style=\"text-align: justify;\"><span style=\"font-size: 14pt;\">(6) La expropiaci\u00f3n de Rumasa en 1983, que en un principio le pudo parecer a alguno el inicio de un proceso de nacionalizaciones similar al puesto en pr\u00e1ctica por los socialistas franceses, pronto se revel\u00f3 como el preludio de lo contrario.<\/span><\/p>\n<p style=\"text-align: justify;\"><span style=\"font-size: 14pt;\">(7) Por \u00abtotalmente\u00bb se entiende en el texto la p\u00e9rdida de capacidad de gesti\u00f3n sobre la empresa,\u00a0es decir, que como m\u00ednimo se vende m\u00e1s de la mitad del capital social de la misma.<\/span><\/p>\n<p style=\"text-align: justify;\"><span style=\"font-size: 14pt;\">(8) No obstante, tambi\u00e9n se producen ventas totales de empresas de servicios durante este per\u00edodo: Viajes Marsans y Entursa; y ventas parciales v\u00eda Bolsa, de importantes empresas de servicios, como GESA (38% del capital) en 1986, Endesa (20%) en 1988 y Repsol &lt;30%) en 1989.<\/span><\/p>\n<p style=\"text-align: justify;\"><span style=\"font-size: 14pt;\">(9)Dato extra\u00eddo de Mart\u00edn, P. y Carcom\u00edn, F. (1991)<\/span><\/p>\n<p style=\"text-align: justify;\"><span style=\"font-size: 14pt;\">(10) Por ejemplo, Seat volvi\u00f3 a recibir ayudas del Estado durante 1994 y 1995.<\/span><\/p>\n<p style=\"text-align: justify;\"><span style=\"font-size: 14pt;\">(11) Estos aspectos te\u00f3ricos se tratan en otros art\u00edculos de este n\u00famero.\u00a0<\/span><\/p>\n<p style=\"text-align: justify;\"><span style=\"font-size: 14pt;\">(12) No obstante, durante esta etapa tambi\u00e9n se privatizan empresas industriales: Ence (que saca un 34% dc su capital al Bolsa), Indra (que se vende en parte a Thomson) y Auxini (que vende un 40% de su capital a OCP), todas ellas en 1995. Asimismo, Tabacalera vende, entre 1994 y 1995, pr\u00e1cticamente todas sus empresas de alimentaci\u00f3n no relacionadas con el negocio del tabaco: Lesa y el Grupo Royal Brands (Carcesa, Artiach, Marbu y RB Portugal).<\/span><\/p>\n<p style=\"text-align: justify;\"><span style=\"font-size: 14pt;\">(13) Estos criterios pueden terminar flexibiliz\u00e1ndose a\u00fan m\u00e1s por el ECOFIN de cara al examen final de la convergencia.<\/span><\/p>\n<p style=\"text-align: justify;\"><span style=\"font-size: 14pt;\">(14) Algunos ejemplos de la infravaloraci\u00f3n de empresas publicas se encuentra en CCOO (1996)<\/span><\/p>\n<p style=\"text-align: justify;\"><span style=\"font-size: 14pt;\">(15) Esta cantidad es inferior al total de ingresos obtenido por la venta de acciones de empresas p\u00fablicas, puesto que parte de estos no se llegaban a ingresar en el Tesoro, sino que serv\u00edan para financiar las operaciones de los grupos empresariales p\u00fablicos, como es el caso de Tos 145.000 mill, de ptas. obtenidos por el INI en 1994 por la privatizaci\u00f3n parcial de Endesa.<\/span><\/p>\n<p style=\"margin: 0cm 0cm 0.0001pt; vertical-align: baseline; text-align: justify;\">\u00a0<\/p>\n<\/blockquote>\n<p><img loading=\"lazy\" decoding=\"async\" class=\"aligncenter wp-image-24495\" src=\"https:\/\/puntocritico.com\/ausajpuntocritico\/wp-content\/uploads\/2019\/11\/capitalismo-300x212.jpg\" alt=\"\" width=\"360\" height=\"254\" data-id=\"24495\" srcset=\"https:\/\/puntocritico.com\/ausajpuntocritico\/wp-content\/uploads\/2019\/11\/capitalismo-300x212.jpg 300w, https:\/\/puntocritico.com\/ausajpuntocritico\/wp-content\/uploads\/2019\/11\/capitalismo.jpg 600w\" sizes=\"auto, (max-width: 360px) 100vw, 360px\" \/><\/p>\n<p style=\"text-align: center;\"><span style=\"font-size: 18pt;\">\u2666<span style=\"color: #008000;\">\u2666<\/span>\u2666<span style=\"color: #008000;\">\u2666<\/span>\u2666<span style=\"color: #008000;\">\u2666<\/span>\u2666<\/span><\/p>\n<h3 style=\"text-align: center;\"><span style=\"font-family: arial, helvetica, sans-serif; font-size: 18pt;\">Bibliograf\u00eda:<\/span><\/h3>\n<p style=\"text-align: justify;\"><span style=\"font-family: arial, helvetica, sans-serif; font-size: 14pt;\">ARAGON, 1 (1990), \u00abEl cambio tecnol\u00f3gico en el desarrollo del capitalismo espa\u00f1ol\u00bb, en \u00abCiencia y Cambio Tecnol\u00f3gico en Espa\u00f1a\u00bb, monograf\u00eda publicada por la Fundaci\u00f3n Primero de Mayo.<\/span><\/p>\n<p style=\"text-align: justify;\"><span style=\"font-family: arial, helvetica, sans-serif; font-size: 14pt;\">CARRAU, J. M. (1995), \u00abQuince a\u00f1os de privatizaciones en Europa: un balance\u00bb, en Presupuesto y gasto P\u00fablico, n\u00fam. 17\/1995.<\/span><\/p>\n<p style=\"text-align: justify;\"><span style=\"font-family: arial, helvetica, sans-serif; font-size: 14pt;\">CCOO. (1996), \u00abEmpresa p\u00fablica, patrimonio de todos\u00bb, 21\/6\/96, Secretada Confederal de Acci\u00f3n Sindical.<\/span><\/p>\n<p style=\"text-align: justify;\"><span style=\"font-family: arial, helvetica, sans-serif; font-size: 14pt;\">MARTIN, C. (1996\u00aa), R\u00e9quiem por el INI, Diario El Pa\u00eds, 19\/7\/95.<\/span><\/p>\n<p style=\"text-align: justify;\"><span style=\"font-family: arial, helvetica, sans-serif; font-size: 14pt;\">MARTIN, C. (1996b), \u00abLas privatizaciones en la estrategia de convergencia con Europa\u00bb<\/span><\/p>\n<p style=\"text-align: justify;\"><span style=\"font-family: arial, helvetica, sans-serif; font-size: 14pt;\">MARTIN, P. y COMIN, F. (1991), \u00ab INI .50 de industrializaci\u00f3n en Espa\u00f1a \u00bb, Biblioteca de Econom\u00eda, Serie perfiles, Espasa Calpe.<\/span><\/p>\n<p style=\"text-align: justify;\"><span style=\"font-family: arial, helvetica, sans-serif; font-size: 14pt;\">MU\u00d1OZ J. et alt. (1996): \u00ab Capitalismo popular y poder bancario\u00bb, 11\/8\/96. Diario El Pa\u00eds.<\/span><\/p>\n<p style=\"text-align: justify;\"><span style=\"font-family: arial, helvetica, sans-serif; font-size: 14pt;\">MYRO, R. (1989): \u00ab Las empresas p\u00fablicas \u00bb, en Espa\u00f1a Econom\u00eda, Biblioteca de Econom\u00eda, Serie perfiles, Espasa Calpe.<\/span><\/p>\n<p>&nbsp;<\/p>\n<p><img loading=\"lazy\" decoding=\"async\" class=\"aligncenter wp-image-2284737\" src=\"https:\/\/puntocritico.com\/ausajpuntocritico\/wp-content\/uploads\/2023\/08\/capitalismo_religion_1-1-300x203.jpg\" alt=\"\" width=\"400\" height=\"270\" data-id=\"2284737\" srcset=\"https:\/\/puntocritico.com\/ausajpuntocritico\/wp-content\/uploads\/2023\/08\/capitalismo_religion_1-1-300x203.jpg 300w, https:\/\/puntocritico.com\/ausajpuntocritico\/wp-content\/uploads\/2023\/08\/capitalismo_religion_1-1-768x518.jpg 768w, https:\/\/puntocritico.com\/ausajpuntocritico\/wp-content\/uploads\/2023\/08\/capitalismo_religion_1-1.jpg 800w\" sizes=\"auto, (max-width: 400px) 100vw, 400px\" \/><\/p>\n<p style=\"text-align: center;\"><strong><span style=\"color: #008000; font-size: 18pt;\">*******<\/span><\/strong><\/p>\n<blockquote>\n<h2 style=\"text-align: center;\"><span style=\"font-size: 24pt;\"><strong>PRIVATIZAR PARA RENACIONALIZAR DE MODO PARCIAL A LOS 26 A\u00d1OS: LOS RUINOSOS VAIVENES DEL ESTADO CON TELEF\u00d3NICA<\/strong><\/span><\/h2>\n<p class=\"article-excerpt\" style=\"text-align: center;\"><span style=\"font-size: 14pt;\"><em><strong>La privatizaci\u00f3n de Telef\u00f3nica se culmin\u00f3 en 1997 con la venta del \u00faltimo 20,9% por 3.786,38 millones de euros (el Estado lleg\u00f3 a tener el 31,86%).<\/strong><\/em><\/span><\/p>\n<div class=\"author-name\" style=\"text-align: justify;\"><span style=\"font-size: 14pt;\">Por \u00d3scar F. Civieta<\/span><\/div>\n<div style=\"text-align: justify;\"><span style=\"font-size: 14pt;\"><span class=\"date\"><a href=\"https:\/\/www.lamarea.com\/2023\/11\/03\/privatizar-para-renacionalizar-de-modo-parcial-a-los-26-anos-los-ruinosos-vaivenes-del-estado-con-telefonica\/\" target=\"_blank\" rel=\"noopener\">La Marea<\/a>, 03 NOV 2023<\/span><\/span><\/div>\n<div class=\"article-img  lazyloaded ci-image-loaded\">\u00a0<\/div>\n<div class=\"article-img-legend\">\n<figure id=\"attachment_2295876\" aria-describedby=\"caption-attachment-2295876\" style=\"width: 480px\" class=\"wp-caption aligncenter\"><a href=\"https:\/\/blogs.20minutos.es\/se-nos-vio-el-plumero\/tag\/telefonica\/\" target=\"_blank\" rel=\"noopener\"><img loading=\"lazy\" decoding=\"async\" class=\"wp-image-2295876\" src=\"https:\/\/puntocritico.com\/ausajpuntocritico\/wp-content\/uploads\/2024\/04\/Aznar-y-Villalonga-amiguetes-del-capital-300x169.jpg\" alt=\"\" width=\"480\" height=\"270\" data-id=\"2295876\" srcset=\"https:\/\/puntocritico.com\/ausajpuntocritico\/wp-content\/uploads\/2024\/04\/Aznar-y-Villalonga-amiguetes-del-capital-300x169.jpg 300w, https:\/\/puntocritico.com\/ausajpuntocritico\/wp-content\/uploads\/2024\/04\/Aznar-y-Villalonga-amiguetes-del-capital-1024x576.jpg 1024w, https:\/\/puntocritico.com\/ausajpuntocritico\/wp-content\/uploads\/2024\/04\/Aznar-y-Villalonga-amiguetes-del-capital-768x432.jpg 768w, https:\/\/puntocritico.com\/ausajpuntocritico\/wp-content\/uploads\/2024\/04\/Aznar-y-Villalonga-amiguetes-del-capital-678x381.jpg 678w, https:\/\/puntocritico.com\/ausajpuntocritico\/wp-content\/uploads\/2024\/04\/Aznar-y-Villalonga-amiguetes-del-capital.jpg 1200w\" sizes=\"auto, (max-width: 480px) 100vw, 480px\" \/><\/a><figcaption id=\"caption-attachment-2295876\" class=\"wp-caption-text\"><span style=\"color: #008000;\">Jos\u00e9 Mar\u00eda Aznar con su amigo de la infancia, Juan Villalonga, al que \u00abotorg\u00f3\u00bb Telef\u00f3nica<\/span><\/figcaption><\/figure>\n<\/div>\n<div class=\"article-info mb-0\">\n<div class=\"author-header \">\n<div class=\"avatar\">\u00a0<\/div>\n<div>\n<div>\u00a0<\/div>\n<\/div>\n<\/div>\n<div class=\"actions top\" style=\"text-align: justify;\"><span style=\"font-size: 14pt;\">La actual ministra de Econom\u00eda en funciones, <strong>Nadia Calvi\u00f1o<\/strong>, asegur\u00f3 que\u00a0<strong>\u201c<em>Telef\u00f3nica es la empresa m\u00e1s estrat\u00e9gica de Espa\u00f1a<\/em>\u201d<\/strong>, despu\u00e9s de que el operador de\u00a0<a href=\"https:\/\/www.lamarea.com\/2023\/09\/07\/opa-integrista-saudi-a-espana-a-traves-de-las-telecomunicaciones\/\" target=\"_blank\" rel=\"noopener\" data-schema-attribute=\"\">Arabia Saud\u00ed<\/a>, STC Group, anunciara la compra del 9,9% de la compa\u00f1\u00eda (<em>operaci\u00f3n que\u00a0<\/em><a href=\"https:\/\/elpais.com\/economia\/2023-09-25\/el-gobierno-sigue-sin-recibir-ninguna-peticion-de-stc-para-tomar-el-99-de-telefonica.html\" target=\"_blank\" rel=\"noopener\" data-schema-attribute=\"\"><em>a\u00fan no se ha formalizado<\/em><\/a>). Ahora, en lo que parece una clara respuesta a esta hipot\u00e9tica y potente llegada de capital extranjero, el Estado, a trav\u00e9s de la\u00a0<a href=\"https:\/\/www.lamarea.com\/2023\/10\/31\/la-sepi-estudia-entrar-en-el-accionariado-de-telefonica\/\" target=\"_blank\" rel=\"noopener\" data-schema-attribute=\"\">SEPI<\/a>\u00a0(<em>Sociedad Estatal de Participaciones Industriales<\/em>), est\u00e1 estudiando la posibilidad de entrar de nuevo en el accionariado de la\u00a0<a href=\"https:\/\/www.lamarea.com\/2021\/07\/07\/que-hacer-con-telefonica\/\" target=\"_blank\" rel=\"noopener\" data-schema-attribute=\"\">teleco<\/a>, despu\u00e9s de su privatizaci\u00f3n en 1997.<\/span><\/div>\n<\/div>\n<div class=\"contenido\">\n<p style=\"text-align: justify;\"><span style=\"font-size: 14pt;\">En un\u00a0<a href=\"https:\/\/www.cnmv.es\/WebServices\/VerDocumento\/Ver?t=%7b9ccd7ca3-0d50-41a4-b4f8-7e2c688e88ae%7d\" target=\"_blank\" rel=\"noopener\" data-schema-attribute=\"\">comunicado<\/a>\u00a0de la <strong>Comisi\u00f3n Nacional del Mercado de Valores<\/strong> (CNMV) del pasado 30 de octubre, se inform\u00f3 de que la SEPI lleva tiempo monitorizando la situaci\u00f3n de Telef\u00f3nica, SA \u201c<em>y est\u00e1 llevando a cabo un an\u00e1lisis exploratorio interno relativo a una eventual adquisici\u00f3n de una participaci\u00f3n accionarial en dicha compa\u00f1\u00eda<\/em>\u201d. Dicho an\u00e1lisis, aclaran, \u201c<em>no presupone la adopci\u00f3n de una decisi\u00f3n que suponga dicha adquisici\u00f3n<\/em>\u201d.<\/span><\/p>\n<p style=\"text-align: justify;\"><span style=\"font-size: 14pt;\">De hacerse, supondr\u00eda\u00a0<strong>renacionalizar Telef\u00f3nica muy parcialmente<\/strong>, 26 a\u00f1os despu\u00e9s de haberla privatizado. La gran diferencia es que el Estado lleg\u00f3 a poseer el 31,86% de la teleco, y ahora (<em>aunque de momento s\u00f3lo son elucubraciones<\/em>) se habla de que podr\u00eda adquirir un 5%.<\/span><\/p>\n<h3 style=\"text-align: center;\"><span style=\"font-size: 18pt;\">El error de la privatizaci\u00f3n de Telef\u00f3nica<\/span><\/h3>\n<div class=\"donaciones my-3\">\n<div class=\"col-12 col-md-6 mx-auto pt-4 donaciones-form\">\n<form id=\"donaciones\" action=\"https:\/\/kiosco.lamarea.com\/carro\/\" enctype=\"multipart\/form-data\" method=\"post\">\n<div class=\"form-group\" style=\"text-align: justify;\"><span style=\"font-size: 14pt;\">Esto revelar\u00eda, seg\u00fan el profesor de Econom\u00eda Aplicada en la Universidad Complutense de Madrid y responsable de pol\u00edticas econ\u00f3micas de Izquierda Unida<strong>, Carlos S\u00e1nchez Mato<\/strong>, \u201c<em>el disparate que supuso la privatizaci\u00f3n de Telef\u00f3nica y de otras empresas p\u00fablicas estrat\u00e9gicas<\/em>\u00bb. \u00ab<em>Demuestra que no se pueden dejar empresas que son oligopolio o monopolios, o que est\u00e1n en sectores especialmente sensibles, en manos de intereses privados<\/em>\u201d, analiza.<\/span><\/div>\n<\/form>\n<\/div>\n<\/div>\n<p style=\"text-align: justify;\"><span style=\"font-size: 14pt;\">A esto se refiri\u00f3 <strong>Joaquim Verg\u00e9s<\/strong>, del Departamento de Econom\u00eda de la Empresa de la <em>Universitat Aut\u00f3noma de Barcelona<\/em>, en su estudio\u00a0<em><a href=\"https:\/\/www.mincotur.gob.es\/Publicaciones\/Publicacionesperiodicas\/EconomiaIndustrial\/RevistaEconomiaIndustrial\/330\/17jve.pdf\" target=\"_blank\" rel=\"noopener\" data-schema-attribute=\"\">Balance de las pol\u00edticas de privatizaci\u00f3n de empresas p\u00fablicas en Espa\u00f1a (1985-1999)<\/a><\/em>, publicado por el\u00a0<strong>Ministerio de Industria, Comercio y Turismo.<\/strong>\u00a0\u201c<em>La hip\u00f3tesis de que ciertas grandes privatizaciones vienen explicadas por la necesidad o conveniencia de desmonopolizar y\/o desregular una determinada actividad o sector resulta, a pesar de lo que sugieren los planteamientos habituales, dif\u00edcil de sostener en el caso de empresas como Campsa,\u00a0<a href=\"https:\/\/www.lamarea.com\/2023\/01\/26\/el-caso-aizpiri-de-repsol-a-enagas-2\/\" target=\"_blank\" rel=\"noopener\" data-schema-attribute=\"\">Enag\u00e1s<\/a>, Retevisi\u00f3n, Telef\u00f3nica o REE<\/em>\u00bb, afirm\u00f3 <strong>Verg\u00e9s<\/strong>. \u00abEn \u00e9stas \u2013a\u00f1ad\u00eda\u2013 se han privatizado actividades que presentan caracter\u00edsticas de <strong>monopolio natural<\/strong>, manteni\u00e9ndose (<em>total o parcialmente<\/em>) la situaci\u00f3n de <strong>monopolio<\/strong> de las empresas en cuesti\u00f3n (<em>situaci\u00f3n de monopolio sobre la que dif\u00edcilmente se podr\u00eda defender lo contrario en t\u00e9rminos de racionalidad econ\u00f3mica<\/em>)\u201d.<\/span><\/p>\n<h3 style=\"text-align: center;\"><span style=\"font-size: 18pt;\">Recuperar la teleco<\/span><\/h3>\n<p style=\"text-align: justify;\"><span style=\"font-size: 14pt;\"><strong>La privatizaci\u00f3n de Telef\u00f3nica<\/strong> comenz\u00f3 con\u00a0<strong>Felipe Gonz\u00e1lez<\/strong>\u00a0(PSOE) y termin\u00f3 con\u00a0<strong>Jos\u00e9 Mar\u00eda Aznar<\/strong>\u00a0(PP) en febrero de 1997, mediante una\u00a0<strong>Oferta P\u00fablica de Acciones (OPV)<\/strong>\u00a0sobre el 20,9% que todav\u00eda manten\u00eda el Estado. Lo que supuso unos ingresos, de acuerdo con la SEPI, de 3.786,38 millones de euros. Fue la mayor OPV realizada en Espa\u00f1a hasta esa fecha.<\/span><\/p>\n<p style=\"text-align: justify;\"><span style=\"font-size: 14pt;\">En un art\u00edculo publicado en\u00a0<a href=\"https:\/\/mundoobrero.es\/2023\/09\/08\/telefonica-de-aquellos-polvos-estos-lodos\/\" target=\"_blank\" rel=\"noreferrer noopener\"><em>Mundo Obrero<\/em><\/a>, <strong>S\u00e1nchez Mato<\/strong> cifra en\u00a0<strong>23.900 millones de euros el dinero que el Estado ha dejado de percibir por salirse de Telef\u00f3nica<\/strong>: 20.002 millones por los dividendos no percibidos entre 1997 y 2003 y 10.102 por el valor de la participaci\u00f3n estatal (<em>que fue del 31,86%<\/em>). A esto habr\u00eda que restarle, con los c\u00e1lculos de <strong>Mato<\/strong>, los ingresos por la privatizaci\u00f3n (3.786,38 millones) y las ampliaciones de capital que se ha ahorrado el Estado: har\u00edan un total de 6.139 millones de euros.<\/span><\/p>\n<p style=\"text-align: justify;\"><span style=\"font-size: 14pt;\">Es decir, comenta el economista, no s\u00f3lo fue un grave error, sino tambi\u00e9n un \u201c<em>negocio ruinoso<\/em>\u201d. Puesto que, a precio de mercado, la adquisici\u00f3n ahora por parte del Estado del 5% de <strong>Telef\u00f3nica<\/strong> (<em>que es el porcentaje con el que elucubran diversos medios<\/em>) supondr\u00edan unos 1.100 millones de euros. No obstante, aclara, estas operaciones se hacen fuera de mercado y las f\u00f3rmulas para rubricarlas son m\u00faltiples, por lo que no se puede conjeturar con lo que tendr\u00e1 que pagar el Estado si finalmente retorna al accionariado de la compa\u00f1\u00eda presidida por\u00a0<strong>Jos\u00e9 Mar\u00eda \u00c1lvarez-Pallete<\/strong>.<\/span><\/p>\n<h3 style=\"text-align: center;\"><span style=\"font-size: 18pt;\">Con un 5% se puede tener el control<\/span><\/h3>\n<p style=\"text-align: justify;\"><span style=\"font-size: 14pt;\">Actualmente, seg\u00fan la\u00a0<a href=\"https:\/\/www.telefonica.com\/es\/accionistas-inversores\/la-accion\/participaciones-significativas\/\" target=\"_blank\" rel=\"noopener\" data-schema-attribute=\"\">web<\/a>\u00a0oficial de Telef\u00f3nica, las participaciones significativas en la empresa son:\u00a0<a href=\"https:\/\/www.climatica.lamarea.com\/bancos-financiacion-macrogranjas-espana\/\" target=\"_blank\" rel=\"noopener\" data-schema-attribute=\"\">BBVA<\/a>\u00a0(4,87%),\u00a0<a href=\"https:\/\/www.lamarea.com\/2020\/02\/06\/el-ascenso-vertiginoso-del-poder-de-la-banca-en-la-sombra-el-caso-de-blackrock\/\" target=\"_blank\" rel=\"noopener\" data-schema-attribute=\"\">Blackrock, Inc<\/a>\u00a0(4,48%) y CaixaBank (3,5%). Ergo, con un 5%, el Estado ser\u00eda el mayor de los minoritarios (siempre a la espera de lo que acabe pasando con el operador saud\u00ed).<\/span><\/p>\n<p style=\"text-align: justify;\"><span style=\"font-size: 14pt;\">Respecto al poder que el Estado podr\u00eda ejercer sobre la compa\u00f1\u00eda con ese 5%, <strong>S\u00e1nchez Mato<\/strong> sostiene: \u201c<em><strong>Con un 5%, un Gobierno decidido puede hacer que Telef\u00f3nica sea un instrumento p\u00fablico potente<\/strong>. Y con un 99,9%, un Gobierno que no quiera puede hacer que no valga de nada. As\u00ed que todo depende de la voluntad del Ejecutivo. Pero el PSOE no est\u00e1 en \u00e9sas<\/em>\u201d.<\/span><\/p>\n<p style=\"text-align: justify;\"><span style=\"font-size: 14pt;\">El Estado, adem\u00e1s,\u00a0<a href=\"https:\/\/www.lamarea.com\/2021\/05\/20\/caixabank-accionariado-estado\/\" target=\"_blank\" rel=\"noreferrer noopener\">tiene un 17% de <strong>CaixaBank<\/strong><\/a>\u00a0(<em>a su vez accionista de <strong>Telef\u00f3nica<\/strong><\/em>) a trav\u00e9s del\u00a0<strong>Fondo de Reestructuraci\u00f3n Ordenada Bancaria (FROB)<\/strong>.<\/span><\/p>\n<h3 style=\"text-align: center;\"><span style=\"font-size: 18pt;\">En respuesta a STC<\/span><\/h3>\n<p style=\"text-align: justify;\"><span style=\"font-size: 14pt;\">Lo que sacudi\u00f3 el avispero fue el anuncio por parte de\u00a0<strong><a href=\"https:\/\/www.cnmv.es\/WebServices\/VerDocumento\/Ver?t=%7Be1268724-99a3-4234-99e8-a1817cd741a0%7D\" target=\"_blank\" rel=\"noopener\" data-schema-attribute=\"\">STC<\/a><\/strong>\u00a0de que hab\u00eda adquirido una participaci\u00f3n del 9,9% en <strong>Telef\u00f3nica<\/strong>, por un importe total de 2.100 millones de euros.<\/span><\/p>\n<p style=\"text-align: justify;\"><span style=\"font-size: 14pt;\">La inversi\u00f3n, explicaron, se realiz\u00f3 mediante la adquisici\u00f3n de acciones representativas del 4,9% del capital social de <strong>Telef\u00f3nica<\/strong> y de instrumentos financieros que confieren una exposici\u00f3n econ\u00f3mica sobre otro 5,0% del capital. <strong>STC Group<\/strong>, detallaron, obtendr\u00e1 los derechos de voto correspondientes a ese 5% mediante la liquidaci\u00f3n f\u00edsica de los referidos instrumentos financieros tras la obtenci\u00f3n de las autorizaciones regulatorias necesarias. El <strong>grupo saud\u00ed<\/strong> tambi\u00e9n aclar\u00f3 que no ten\u00edan la intenci\u00f3n de adquirir el control o una\u00a0<strong>participaci\u00f3n mayoritaria en Telef\u00f3nica<\/strong>.<\/span><\/p>\n<p style=\"text-align: justify;\"><span style=\"font-size: 14pt;\">Que el porcentaje total estuviera por debajo del 10% evitaba que <strong>STC<\/strong> se topara con una parte del\u00a0<strong><em>Real Decreto 571\/2023, de 4 de julio, sobre inversiones exteriores<\/em><\/strong>, el llamado \u2018<em><strong>escudo\u00a0antiopas<\/strong><\/em>\u2019.<\/span><\/p>\n<p style=\"text-align: justify;\"><span style=\"font-size: 14pt;\">Pero chocaba con otra, la referida en el art\u00edculo 18 respecto a que las inversiones extranjeras (<em>entre el 5% y el 10%<\/em>) en actividades directamente relacionadas con la <em>defensa nacional<\/em> (<em>como es el caso de <strong>Telef\u00f3nica<\/strong><\/em>) s\u00ed precisan de la anuencia del\u00a0<strong>Ministerio de Defensa<\/strong>.<\/span><\/p>\n<p style=\"text-align: justify;\"><span style=\"font-size: 14pt;\">Pero es probable que tambi\u00e9n soslayen esta exigencia, ya que, como apunta\u00a0<a href=\"https:\/\/www.eleconomista.es\/telecomunicaciones\/noticias\/12516320\/10\/23\/la-sepi-confirma-que-estudia-su-entrada-en-telefonica-.html\" target=\"_blank\" rel=\"noopener\" data-schema-attribute=\"\"><em>elEconomista.es<\/em><\/a>, los saud\u00edes podr\u00edan haber renunciado a convertir en acciones ese 5% y, por tanto, pretender\u00edan mantener el 4,9% actual.<\/span><\/p>\n<p style=\"text-align: justify;\"><span style=\"font-size: 14pt;\"><strong>S\u00e1nchez Mato<\/strong> tambi\u00e9n sostiene esta teor\u00eda: es posible que no fuera m\u00e1s que un negocio financiero, comenta, \u201c<em>pero lo han convertido en un problema de pa\u00eds<\/em>\u201d. Y en <strong>STC<\/strong>, contin\u00faa, \u201c<em>al ver la escandalera que se ha montado, habr\u00e1n pensado que qu\u00e9 necesidad tienen de meterse en este bochinche. Convierten lo que no les exige autorizaci\u00f3n, y se llevan bien con todos, incluido su amigo el monarca espa\u00f1ol<\/em>\u201d.<\/span><\/p>\n<h3 style=\"text-align: center;\"><span style=\"font-size: 18pt;\">M\u00e1s de 43.000 millones de euros para el Estado por las privatizaciones desde 1984<\/span><\/h3>\n<p style=\"text-align: justify;\"><span style=\"font-size: 14pt;\">La <em>privatizaci\u00f3n<\/em> de <strong>Telef\u00f3nica<\/strong>, que ahora podr\u00eda revertirse parcialmente, es s\u00f3lo una de las muchas\u00a0<strong>que se produjeron en Espa\u00f1a desde 1984 hasta la actualidad<\/strong>.<\/span><\/p>\n<p style=\"text-align: justify;\"><span style=\"font-size: 14pt;\">Entre 1984 y 1996, cifran en la <strong>SEPI<\/strong>, se realizaron en torno a 70 operaciones de venta de participaciones p\u00fablicas, y el Estado ingres\u00f3 m\u00e1s de 13.200 millones de euros.<\/span><\/p>\n<\/div>\n<p>&nbsp;<\/p>\n<p style=\"text-align: center;\"><strong><span style=\"color: #008000; font-size: 14pt;\">Entre 1984 y 1996, cifran en la SEPI, se realizaron en torno a 70 operaciones de venta de participaciones p\u00fablicas, y el Estado ingres\u00f3 m\u00e1s de 13.200 millones de euros.<\/span><\/strong><\/p>\n<p>&nbsp;<\/p>\n<div class=\"contenido\">\n<p style=\"text-align: justify;\"><span style=\"font-size: 14pt;\"><strong>A partir de 1996<\/strong>, agregan, tras la aprobaci\u00f3n (<em>el 28 de junio<\/em>) del llamado\u00a0<strong>Programa de Modernizaci\u00f3n del Sector P\u00fablico Empresarial<\/strong>, \u201c<em>las privatizaciones fueron programadas con un car\u00e1cter de globalidad y totalidad, a excepci\u00f3n de determinados sectores, como la miner\u00eda del carb\u00f3n, los ferrocarriles, la comunicaci\u00f3n y algunas empresas de servicios p\u00fablicos<\/em>\u201d.<\/span><\/p>\n<p style=\"text-align: justify;\"><span style=\"font-size: 14pt;\">En ese periodo, salen totalmente del \u00e1mbito p\u00fablico unas 50 empresas, entre las que se encuentran las principales compa\u00f1\u00edas de sectores de gran importancia en la econom\u00eda espa\u00f1ola, como\u00a0<strong>electricidad, gas, petr\u00f3leo, transporte a\u00e9reo, mar\u00edtimo y por carretera, telecomunicaciones, aeron\u00e1utica, siderurgia<\/strong>, etc. Tambi\u00e9n se vendieron 15 fincas de la empresa <strong>Expasa<\/strong> y participaciones minoritarias de otras sociedades.<\/span><\/p>\n<p style=\"text-align: justify;\"><span style=\"font-size: 14pt;\">La mayor parte de estas privatizaciones las realiza <strong>SEPI<\/strong>, a las que hay que a\u00f1adir las ejecutadas, hasta su integraci\u00f3n en esta Sociedad Estatal, por <strong>SEPPa<\/strong> y por la <strong>Agencia Industrial del Estado<\/strong>.<\/span><\/p>\n<\/div>\n<p>&nbsp;<\/p>\n<p style=\"text-align: center;\"><strong><span style=\"color: #008000; font-size: 14pt;\">Los ingresos generados por las privatizaciones realizadas durante el citado periodo suman casi 30.000 millones de euros<\/span><\/strong><\/p>\n<p>&nbsp;<\/p>\n<div class=\"contenido\">\n<p style=\"text-align: justify;\"><span style=\"font-size: 14pt;\">Los ingresos generados por las privatizaciones realizadas durante el citado periodo suman casi 30.000 millones de euros, de los que m\u00e1s de 22.000 millones corresponden a las operaciones de venta concretadas a trav\u00e9s de OPV.<\/span><\/p>\n<p style=\"text-align: justify;\"><span style=\"font-size: 14pt;\">Esto hizo, como detalla el economista <strong>Eduardo Garz\u00f3n<\/strong>, en\u00a0<a href=\"https:\/\/www.lamarea.com\/2019\/05\/29\/espana-es-el-pais-de-toda-la-union-europea-que-menos-empresas-publicas-tiene\/\" target=\"_blank\" rel=\"noopener\" data-schema-attribute=\"\"><em>La Marea<\/em><\/a>, que Espa\u00f1a pasara de tener 130 empresas p\u00fablicas estatales participadas mayoritariamente y de forma directa en 1985, a s\u00f3lo 16 en 2019. Y de 800 empresas en 1985 con participaci\u00f3n indirecta o minoritaria, a 100.<\/span><\/p>\n<p style=\"text-align: justify;\"><span style=\"font-size: 14pt;\">En este momento, la <strong>SEPI<\/strong> abarca 14 empresas participadas de forma directa y mayoritaria, y dispone de participaciones directas minoritarias en 10 empresas e indirectas en m\u00e1s de 100 sociedades.<\/span><\/p>\n<h3 style=\"text-align: center;\"><span style=\"font-size: 18pt;\">El proceso privatizador en Espa\u00f1a<\/span><\/h3>\n<p style=\"text-align: justify;\"><span style=\"font-size: 14pt;\"><strong>Germ\u00e1 Bel <\/strong>y<strong> Ant\u00f3n Costas<\/strong>, de la <em>Universitat de Barcelona<\/em>, analizan este desaforado proceso en\u00a0<a href=\"https:\/\/raco.cat\/index.php\/HistoriaIndustrial\/article\/view\/63485\" target=\"_blank\" rel=\"noreferrer noopener\"><em>La privatizaci\u00f3n y sus motivaciones en Espa\u00f1a: de instrumento a pol\u00edtica<\/em><\/a>. Sit\u00faan el inicio en la creaci\u00f3n del\u00a0<strong>Instituto Nacional de Industria (INI)<\/strong>\u00a0en 1941. <strong>En 1976, \u00e9ste ya se hab\u00eda convertido en el principal grupo industrial de Espa\u00f1a<\/strong>.<\/span><\/p>\n<p style=\"text-align: justify;\"><span style=\"font-size: 14pt;\"><strong>Entre 1977 y 1984<\/strong>, relatan, Espa\u00f1a experiment\u00f3 una profunda crisis econ\u00f3mica que \u2013como se\u00f1alan <strong>Mart\u00edn Ace\u00f1a <\/strong>y<strong> Com\u00edn<\/strong> en su estudio sobre los\u00a0<strong><em>50 a\u00f1os de industrializaci\u00f3n de Espa\u00f1a desde la creaci\u00f3n del INI<\/em><\/strong>\u2013 provoc\u00f3 \u201c<em>el desembarco masivo en el\u00a0holding\u00a0de empresas privadas en dificultades<\/em>\u201d. El <strong>INI<\/strong>, completan <strong>Bel<\/strong> y <strong>Costas<\/strong>, \u201c<em>fue empleado como hospital de empresas<\/em>\u201d.<\/span><\/p>\n<p style=\"text-align: justify;\"><span style=\"font-size: 14pt;\">Posteriormente, contin\u00faa el estudio, tras la llegada del PSOE al Gobierno,<strong> en diciembre de 1982, se abord\u00f3 en el bienio 1983-1985 un proceso de saneamiento de la econom\u00eda espa\u00f1ola, que fue el m\u00e1s intenso desde el inicio de la crisis. Tras este periodo, Espa\u00f1a abord\u00f3 su integraci\u00f3n en un espacio econ\u00f3mico m\u00e1s amplio: la\u00a0<a href=\"https:\/\/www.lamarea.com\/2023\/08\/30\/por-una-republica-europea-de-izquierdas\/\" target=\"_blank\" rel=\"noopener\" data-schema-attribute=\"\">Comunidad Econ\u00f3mica Europea<\/a><\/strong>. Este escenario llev\u00f3, desde mediados de la d\u00e9cada de los ochenta, a un incipiente proceso de privatizaci\u00f3n de empresas del sector p\u00fablico.<\/span><\/p>\n<p style=\"text-align: justify;\"><span style=\"font-size: 14pt;\">Las privatizaciones entonces, por lo general, ten\u00edan el objetivo de reducir gastos y conseguir ingresos para la Hacienda P\u00fablica. Entre 1985 y 1991, se privatizaron 7,6 empresas de media al a\u00f1o.<\/span><\/p>\n<h3 style=\"text-align: center;\"><span style=\"font-size: 18pt;\">La privatizaci\u00f3n como instrumento de pol\u00edtica econ\u00f3mica<\/span><\/h3>\n<p style=\"text-align: justify;\"><span style=\"font-size: 14pt;\">En la d\u00e9cada de los 90, indican, se acept\u00f3 la idea del empleo de la privatizaci\u00f3n como instrumento de pol\u00edtica econ\u00f3mica. Son paradigm\u00e1ticas las palabras del ministro <strong>Aranzadi<\/strong> en 1922: \u201c<em>En este pa\u00eds, el \u00fanico gobierno que ha privatizado es el socialista. La derecha, ya sea en la \u00e9poca franquista, ya sea en la \u00e9poca democr\u00e1tica, lo \u00fanico que ha hecho es incorporar al sector publico empresas, como si fuese un hospital<\/em>\u201d.<\/span><\/p>\n<p style=\"text-align: justify;\"><span style=\"font-size: 14pt;\">Sin embargo, entre 1992 y 1996 hay una clara ralentizaci\u00f3n: se privatizan un promedio de tres empresas al a\u00f1o.<\/span><\/p>\n<\/div>\n<p>&nbsp;<\/p>\n<p style=\"text-align: center;\"><strong><span style=\"font-size: 14pt; color: #008000;\">uno de los requisitos para poder formar parte de la uni\u00f3n monetaria era tener d\u00e9ficit p\u00fablico inferior al 3% del PIB<\/span><\/strong><\/p>\n<p>&nbsp;<\/p>\n<\/blockquote>\n<div class=\"contenido\">\n<blockquote>\n<p style=\"text-align: justify;\"><span style=\"font-size: 14pt;\">Tambi\u00e9n en esa \u00e9poca, recuerda <strong>Garz\u00f3n<\/strong>, se firm\u00f3 el\u00a0<strong>Tratado de Maastricht<\/strong>, que sentaba las bases para la introducci\u00f3n de la moneda \u00fanica. Puesto que uno de los requisitos para poder formar parte de la uni\u00f3n monetaria era tener d\u00e9ficit p\u00fablico inferior al 3% del PIB, subraya,\u00a0<strong>\u201c<em>el Gobierno de Felipe Gonz\u00e1lez encontr\u00f3 la excusa perfecta para vender las joyas de la corona<\/em>\u201d<\/strong>. As\u00ed, se desprendieron, entre otras, de\u00a0<strong><a href=\"https:\/\/www.climatica.lamarea.com\/endesa-consejos-para-el-calor-de-siempre\/\" target=\"_blank\" rel=\"noopener\" data-schema-attribute=\"\">Endesa<\/a><\/strong>,\u00a0<strong><a href=\"https:\/\/www.climatica.lamarea.com\/repsol-beneficios-2022\/\" target=\"_blank\" rel=\"noopener\" data-schema-attribute=\"\">Repsol<\/a><\/strong>, <strong>Argentaria<\/strong> o <strong>Ence<\/strong>.<\/span><\/p>\n<h3 style=\"text-align: center;\"><span style=\"font-size: 18pt;\">El PP no ocult\u00f3 que era cuesti\u00f3n de ideolog\u00eda<\/span><\/h3>\n<p style=\"text-align: justify;\"><span style=\"font-size: 14pt;\">En mayo de 1996, recuerdan <strong>Bel<\/strong> y <strong>Costas<\/strong>, el PP accedi\u00f3 al Gobierno de Espa\u00f1a. Y fue directo:\u00a0<strong>el ministro de Industria, Josep Piqu\u00e9<\/strong>, se\u00f1al\u00f3: \u201c<em>La reordenaci\u00f3n del sector publico industrial del Estado va a incluir en su seno el<strong> Plan Estrat\u00e9gico de Privatizaciones<\/strong>, que es un compromiso de investidura del presidente del Gobierno<\/em>\u201d.<\/span><\/p>\n<p style=\"text-align: justify;\"><span style=\"font-size: 14pt;\">Dicho <strong>plan<\/strong> clasificaba a las empresas p\u00fablicas en cuatro grupos: las inmediatamente privatizables, las que precisaban la previa desregulaci\u00f3n de los sectores, las que necesitaban antes un saneamiento patrimonial y las que no eran privatizables ni a corto ni a medio plazo.<\/span><\/p>\n<p style=\"text-align: justify;\"><span style=\"font-size: 14pt;\">En este periodo, las privatizaciones recuperan la intensidad del primero. Hab\u00eda, sostienen los autores del estudio, plena convicci\u00f3n de la superioridad sistem\u00e1tica de la gesti\u00f3n privada.<\/span><\/p>\n<p style=\"text-align: justify;\"><span style=\"font-size: 14pt;\">Por ello, enfatizan, \u201c<em><strong>el Gobierno del Partido Popular situ\u00f3 la privatizaci\u00f3n en el n\u00facleo de su pol\u00edtica econ\u00f3mica<\/strong>. Las motivaciones reveladas fueron m\u00e1s de car\u00e1cter econ\u00f3mico, relacionadas con la mayor eficiencia de la empresa privada, que de car\u00e1cter financiero<\/em>\u201d.<\/span><\/p>\n<\/blockquote>\n<\/div>\n<p>&nbsp;<\/p>\n<p><img loading=\"lazy\" decoding=\"async\" class=\"aligncenter wp-image-20091 size-full\" src=\"https:\/\/puntocritico.com\/ausajpuntocritico\/wp-content\/uploads\/2019\/07\/capitalismo-muerto-Diego-Fusaro.jpg\" alt=\"\" width=\"400\" height=\"253\" data-id=\"20091\" srcset=\"https:\/\/puntocritico.com\/ausajpuntocritico\/wp-content\/uploads\/2019\/07\/capitalismo-muerto-Diego-Fusaro.jpg 400w, https:\/\/puntocritico.com\/ausajpuntocritico\/wp-content\/uploads\/2019\/07\/capitalismo-muerto-Diego-Fusaro-300x190.jpg 300w\" sizes=\"auto, (max-width: 400px) 100vw, 400px\" \/><\/p>\n<p>&nbsp;<\/p>\n<div class=\"entry-content\">\n<p><a href=\"https:\/\/puntocritico.com\/ausajpuntocritico\/author\/punto-critico\/\"><img loading=\"lazy\" decoding=\"async\" class=\"aligncenter wp-image-9528\" src=\"https:\/\/puntocritico.com\/ausajpuntocritico\/wp-content\/uploads\/2018\/03\/Mosca_Punto_Cr\u00edtico_40.png\" alt=\"\" width=\"80\" height=\"80\" data-id=\"9528\" \/><\/a><\/p>\n<\/div>\n<p>&nbsp;<\/p>\n","protected":false},"excerpt":{"rendered":"<div class=\"mh-excerpt\"><p>BREVE HISTORIA DE LAS PRIVATIZACIONES EN ESPA\u00d1A, 1985-1995 &nbsp; \u201cA los caballeros del Hacha, a los cruzados del rencor y del polvo\u2026 A todos los espa\u00f1oles del mundo\u201d LE\u00d3N FELIPE &nbsp; \u00a0 \u00bfPor qu\u00e9 hab\u00e9is <a class=\"mh-excerpt-more\" href=\"https:\/\/puntocritico.com\/ausajpuntocritico\/2024\/03\/28\/breve-historia-de-las-privatizaciones-en-espana\/\" title=\"\u00abBreve historia de las privatizaciones en Espa\u00f1a (1985-1995)\u00bb, por Carlos Mart\u00edn Urriza\">[&#8230;]<\/a><\/p>\n<\/div>","protected":false},"author":3,"featured_media":14519,"comment_status":"open","ping_status":"closed","sticky":false,"template":"","format":"standard","meta":{"_acf_changed":false,"_exactmetrics_skip_tracking":false,"_exactmetrics_sitenote_active":false,"_exactmetrics_sitenote_note":"","_exactmetrics_sitenote_category":0,"footnotes":""},"categories":[7],"tags":[],"class_list":{"0":"post-14516","1":"post","2":"type-post","3":"status-publish","4":"format-standard","5":"has-post-thumbnail","7":"category-politica"},"acf":[],"_links":{"self":[{"href":"https:\/\/puntocritico.com\/ausajpuntocritico\/wp-json\/wp\/v2\/posts\/14516","targetHints":{"allow":["GET"]}}],"collection":[{"href":"https:\/\/puntocritico.com\/ausajpuntocritico\/wp-json\/wp\/v2\/posts"}],"about":[{"href":"https:\/\/puntocritico.com\/ausajpuntocritico\/wp-json\/wp\/v2\/types\/post"}],"author":[{"embeddable":true,"href":"https:\/\/puntocritico.com\/ausajpuntocritico\/wp-json\/wp\/v2\/users\/3"}],"replies":[{"embeddable":true,"href":"https:\/\/puntocritico.com\/ausajpuntocritico\/wp-json\/wp\/v2\/comments?post=14516"}],"version-history":[{"count":0,"href":"https:\/\/puntocritico.com\/ausajpuntocritico\/wp-json\/wp\/v2\/posts\/14516\/revisions"}],"wp:featuredmedia":[{"embeddable":true,"href":"https:\/\/puntocritico.com\/ausajpuntocritico\/wp-json\/wp\/v2\/media\/14519"}],"wp:attachment":[{"href":"https:\/\/puntocritico.com\/ausajpuntocritico\/wp-json\/wp\/v2\/media?parent=14516"}],"wp:term":[{"taxonomy":"category","embeddable":true,"href":"https:\/\/puntocritico.com\/ausajpuntocritico\/wp-json\/wp\/v2\/categories?post=14516"},{"taxonomy":"post_tag","embeddable":true,"href":"https:\/\/puntocritico.com\/ausajpuntocritico\/wp-json\/wp\/v2\/tags?post=14516"}],"curies":[{"name":"wp","href":"https:\/\/api.w.org\/{rel}","templated":true}]}}