{"id":11382,"date":"2018-04-24T01:00:29","date_gmt":"2018-04-24T00:00:29","guid":{"rendered":"http:\/\/puntocritico.com\/?p=11382"},"modified":"2018-04-24T05:34:17","modified_gmt":"2018-04-24T04:34:17","slug":"caso-scala-terrorismo-de-estado-contra-catalunya-somos-espanoles-no-castellanos","status":"publish","type":"post","link":"https:\/\/puntocritico.com\/ausajpuntocritico\/2018\/04\/24\/caso-scala-terrorismo-de-estado-contra-catalunya-somos-espanoles-no-castellanos\/","title":{"rendered":"\u00abCASO SCALA\u00bb: TERRORISMO DE ESTADO CONTRA CATALUNYA. \u00abSomos Espa\u00f1oles, no Castellanos\u00bb"},"content":{"rendered":"<blockquote>\n<p style=\"text-align: justify;\"><strong>En octubre-noviembre de 1977 se firman los Pactos de la Moncloa entre los principales Partidos pol\u00edticos y Sindicatos;\u00a0 la CNT se quedaba fuera y, en consecuencia, sin poder participar en la negociaci\u00f3n colectiva. CNT es el \u00fanico gran sindicato que se opone a los Pactos. En enero de 1978 consigue convocar una manifestaci\u00f3n de 10.000 personas en Barcelona contra los Pactos de la Moncloa, un vez terminada la manifestaci\u00f3n se produce un incendio en la Sala de fiestas Scala, cuatro obreros afiliados a la CNT mueren en el incendio y no se demuestra que el incendio empezara realmente en la fachada donde se hab\u00edan tirado los c\u00f3cteles molotov.\u00a0La prensa se\u00f1ala r\u00e1pidamente a los anarquistas y a la CNT, y aunque se acaba descubriendo que un infiltrado policial llamado Joaqu\u00edn Gamb\u00edn es el que ha organizado y convencido a un grupo de j\u00f3venes para que atacaran el Scala,\u00a0el da\u00f1o ya estaba hecho, d\u00e1ndose de baja miles de afiliados. La CNT creci\u00f3\u00a0r\u00e1pidamente, su descenso fue a\u00fan m\u00e1s r\u00e1pido.<\/strong><\/p>\n<\/blockquote>\n<p style=\"text-align: center;\"><span style=\"font-size: 14pt;\">\u2666<span style=\"color: #339966;\">\u2666<\/span>\u2666<span style=\"color: #339966;\">\u2666<\/span>\u2666<span style=\"color: #008000;\">\u2666<\/span>\u2666<\/span><\/p>\n<p>&nbsp;<\/p>\n<p><a href=\"https:\/\/puntocritico.com\/ausajpuntocritico\/wp-content\/uploads\/2018\/04\/caso-scala-2.jpg\" rel=\"lightbox[11382]\"><img loading=\"lazy\" decoding=\"async\" class=\"aligncenter wp-image-11412\" src=\"https:\/\/puntocritico.com\/ausajpuntocritico\/wp-content\/uploads\/2018\/04\/caso-scala-2-300x210.jpg\" alt=\"\" width=\"710\" height=\"497\" srcset=\"https:\/\/puntocritico.com\/ausajpuntocritico\/wp-content\/uploads\/2018\/04\/caso-scala-2-300x210.jpg 300w, https:\/\/puntocritico.com\/ausajpuntocritico\/wp-content\/uploads\/2018\/04\/caso-scala-2-768x538.jpg 768w, https:\/\/puntocritico.com\/ausajpuntocritico\/wp-content\/uploads\/2018\/04\/caso-scala-2.jpg 1000w\" sizes=\"auto, (max-width: 710px) 100vw, 710px\" \/><\/a><\/p>\n<p>&nbsp;<\/p>\n<p style=\"text-align: center;\"><span style=\"font-size: 14pt;\">\u2666<span style=\"color: #339966;\">\u2666<\/span>\u2666<span style=\"color: #339966;\">\u2666<\/span>\u2666<span style=\"color: #008000;\">\u2666<\/span>\u2666<\/span><\/p>\n<p><span style=\"text-decoration: underline;\"><strong>Sumario <\/strong><\/span><\/p>\n<p><a id=\"ref1a\"><\/a><a href=\"#ref1\">[1] Treinta y cinco a\u00f1os del caso Scala: terrorismo de Estado en democracia, por Atl\u00e1ntica XXII<\/a><\/p>\n<p><a id=\"ref2a\"><\/a><a href=\"#ref2\">[2] El Caso Scala. Un proceso contra el anarcosindicalismo, por \u00c1lvaro MILL\u00c1N<\/a><\/p>\n<p><a id=\"ref3a\"><\/a><a href=\"#ref3\">[3] 1978, el Caso Scala y el anarcosindicalismo, por Manuel Aisa<\/a><\/p>\n<p><a id=\"ref4a\"><\/a><a href=\"#ref4\">[4] Fallece Jos\u00e9 Luis Garc\u00eda R\u00faa, el primer heterodoxo de ATL\u00c1NTICA XXII<\/a><\/p>\n<p><a id=\"ref5a\"><\/a><a href=\"#ref5\">[5] V\u00eddeo: Guerra sucia contra el movimiento libertario El Caso Scala<\/a><\/p>\n<p><a id=\"ref6a\"><\/a><a href=\"#ref6\">[6] ESTADO Y REPRESI\u00d3N &#8211; INTRODUCION AL \u00abCASO SCALA\u00bb, por Jose caballero I.<\/a><\/p>\n<p>&nbsp;<\/p>\n<p style=\"text-align: center;\"><span style=\"font-size: 14pt;\">\u2666<span style=\"color: #339966;\">\u2666<\/span>\u2666<span style=\"color: #339966;\">\u2666<\/span>\u2666<span style=\"color: #008000;\">\u2666<\/span>\u2666<\/span><\/p>\n<p>&nbsp;<\/p>\n<figure id=\"attachment_11402\" aria-describedby=\"caption-attachment-11402\" style=\"width: 310px\" class=\"wp-caption aligncenter\"><a href=\"https:\/\/puntocritico.com\/ausajpuntocritico\/wp-content\/uploads\/2018\/04\/caso-scala-11.jpeg\" rel=\"lightbox[11382]\"><img loading=\"lazy\" decoding=\"async\" class=\"wp-image-11402\" src=\"https:\/\/puntocritico.com\/ausajpuntocritico\/wp-content\/uploads\/2018\/04\/caso-scala-11.jpeg\" alt=\"\" width=\"310\" height=\"232\" srcset=\"https:\/\/puntocritico.com\/ausajpuntocritico\/wp-content\/uploads\/2018\/04\/caso-scala-11.jpeg 259w, https:\/\/puntocritico.com\/ausajpuntocritico\/wp-content\/uploads\/2018\/04\/caso-scala-11-80x60.jpeg 80w\" sizes=\"auto, (max-width: 310px) 100vw, 310px\" \/><\/a><figcaption id=\"caption-attachment-11402\" class=\"wp-caption-text\"><span style=\"color: #008000;\">El \u00abScala\u00bb derribado<\/span><\/figcaption><\/figure>\n<p>&nbsp;<\/p>\n<blockquote>\n<h1 class=\"entry-title\" style=\"text-align: center;\"><a id=\"ref1\"><\/a><a href=\"#ref1a\">[1]<\/a> Treinta y cinco a\u00f1os del caso Scala: terrorismo de Estado en democracia<\/h1>\n<div><span style=\"color: #339966;\">Art\u00edculo publicado el el 15 de enero de 2013 en<\/span><\/div>\n<div><a href=\"http:\/\/www.atlanticaxxii.com\/35-anos-del-caso-scala-terrorismo-de-estado-en-democracia\/\" target=\"_blank\" rel=\"noopener\"><span style=\"color: #339966;\">http:\/\/www.atlanticaxxii.com\/35-anos-del-caso-scala-terrorismo-de-estado-en-democracia\/<\/span><\/a><\/div>\n<\/blockquote>\n<blockquote>\n<div id=\"attachment_1260\" class=\"wp-caption alignleft\" style=\"text-align: justify;\">\n<figure id=\"attachment_11383\" aria-describedby=\"caption-attachment-11383\" style=\"width: 310px\" class=\"wp-caption alignleft\"><a href=\"https:\/\/puntocritico.com\/ausajpuntocritico\/wp-content\/uploads\/2018\/04\/sala-scala-295x300.png\" rel=\"lightbox[11382]\"><img loading=\"lazy\" decoding=\"async\" class=\"wp-image-11383\" src=\"https:\/\/puntocritico.com\/ausajpuntocritico\/wp-content\/uploads\/2018\/04\/sala-scala-295x300.png\" alt=\"\" width=\"310\" height=\"315\" \/><\/a><figcaption id=\"caption-attachment-11383\" class=\"wp-caption-text\"><span style=\"color: #008000;\">Fachada del Sacala tras el atentado<\/span><\/figcaption><\/figure><br \/>\n<span style=\"font-size: 14pt; font-family: arial, helvetica, sans-serif;\">El domingo 15 de enero de 1978, hace hoy treinta y cinco a\u00f1os, \u00a0la CNT organiz\u00f3 una manifestaci\u00f3n en Barcelona contra la firma de los Pactos de la Moncloa y las elecciones sindicales. En la misma se juntaron cerca de 15.000 trabajadores que se opon\u00edan a ese pacto social.\u00a0\u00a0Tras a\u00f1os de represi\u00f3n, la CNT mostraba nuevamente su vitalidad. A las 13:15 horas, terminada la manifestaci\u00f3n, un grupo de personas ataca con c\u00f3cteles Molotov la sala de fiestas m\u00e1s conocida y de m\u00e1s \u00e9xito de Barcelona en aquellos momentos, la sala \u201cScala\u201d, situada en la esquina de la calle Consejo de Ciento y Paseo de San Juan. El resultado inmediato fue la muerte de cuatro trabajadores de la sala: Diego Montero, Bernab\u00e9 Bravo, Ram\u00f3n Egea y Juan Manuel L\u00f3pez; tres de los cuales eran afiliados de la propia CNT. En el primer n\u00famero de ATL\u00c1NTICA XXII entrevistamos a\u00a0 Jos\u00e9 Luis Garc\u00eda R\u00faa, que repasaba aquellos hechosEste hecho, como se demostr\u00f3 posteriormente en las investigaciones, fue el primer caso de terrorismo de Estado dentro de la Democracia, siendo por entonces ministro de la Gobernaci\u00f3n el ex falangista Rodolfo Mart\u00edn Villa, conocido como \u201cla porra de la transici\u00f3n\u201d por la dureza de la represi\u00f3n que ordenaba contra las manifestaciones obreras y estudiantiles. Luego vendr\u00edan otros casos,\u00a0 con la UCD, como el intento de asesinato del independentista canario Antonio Cubillo y posteriormente, con Felipe Gonz\u00e1lez, el caso GAL.<\/span><\/div>\n<p style=\"text-align: justify;\"><span style=\"font-size: 14pt; font-family: arial, helvetica, sans-serif;\">Pero en enero de 1978 a Mart\u00edn Villa no le preocupaba tanto ETA (era un momento de un gran n\u00famero de atentados terroristas) sino los anarquistas:\u00a0 \u201cNo me preocupa ETA, quienes de verdad me preocupan son los anarquistas y el movimiento libertario\u201d, declar\u00f3 entones a la prensa.<\/span><\/p>\n<div id=\"attachment_1261\" class=\"wp-caption aligncenter\" style=\"text-align: justify;\">\n<figure id=\"attachment_11384\" aria-describedby=\"caption-attachment-11384\" style=\"width: 452px\" class=\"wp-caption aligncenter\"><a href=\"https:\/\/puntocritico.com\/ausajpuntocritico\/wp-content\/uploads\/2018\/04\/medios-burgueses.png\" rel=\"lightbox[11382]\"><img loading=\"lazy\" decoding=\"async\" class=\"wp-image-11384 size-full\" src=\"https:\/\/puntocritico.com\/ausajpuntocritico\/wp-content\/uploads\/2018\/04\/medios-burgueses.png\" alt=\"\" width=\"452\" height=\"312\" srcset=\"https:\/\/puntocritico.com\/ausajpuntocritico\/wp-content\/uploads\/2018\/04\/medios-burgueses.png 452w, https:\/\/puntocritico.com\/ausajpuntocritico\/wp-content\/uploads\/2018\/04\/medios-burgueses-300x207.png 300w\" sizes=\"auto, (max-width: 452px) 100vw, 452px\" \/><\/a><figcaption id=\"caption-attachment-11384\" class=\"wp-caption-text\"><span style=\"font-size: 10pt; color: #339966;\"><strong>Portada de un peri\u00f3dico acusando a los anarquistas del atentado<\/strong><\/span><\/figcaption><\/figure>\n<\/div>\n<div style=\"text-align: justify;\"><span style=\"font-family: arial, helvetica, sans-serif; font-size: 14pt;\">Tan solo cuarenta y ocho horas despu\u00e9s, el martes 17 de enero, un comunicado de la polic\u00eda inform\u00f3 de la detenci\u00f3n de todos los presuntos autores del atentado, a quienes inmediatamente se les relacion\u00f3 con la CNT. Los hab\u00edan identificado r\u00e1pidamente entre 15.000 manifestantes. Todo un \u00e9xito policial\u2026 demasiado f\u00e1cil. As\u00ed recog\u00eda la noticia la agencia Pyresa:<\/span><\/div>\n<div>\u00a0<\/div>\n<p style=\"text-align: justify; padding-left: 30px;\"><span style=\"font-family: arial, helvetica, sans-serif; font-size: 14pt;\">\u00abUn comando de la FAI (Federaci\u00f3n Anarquista Ib\u00e9rica), integrado por tres sujetos en cuyo poder se ha hallado asimismo documentaci\u00f3n que les acredita como afiliados a la central sindical CNT, ha sido autor, seg\u00fan la Jefatura de Policia de Barcelona, del atentado contra el restaurante-espect\u00e1culo Scala.\u00bb<\/span><\/p>\n<p style=\"text-align: justify;\"><span style=\"font-family: arial, helvetica, sans-serif; font-size: 14pt;\">As\u00ed fue como el Estado relacion\u00f3 a los detenidos con la CNT y el\u00a0atentado con la manifestaci\u00f3n. Bajo la direcci\u00f3n del gobernador civil Jos\u00e9 Mar\u00eda\u00a0Belloch<a id=\"refentradilla1\"><\/a><a href=\"#refentradilla\">(*)<\/a> y del comisario Francisco \u00c1lvarez, empezaron las detenciones en los\u00a0medios anarcosindicalistas y una campa\u00f1a\u00a0medi\u00e1tica contra la CNT.<\/span><\/p>\n<p style=\"text-align: justify;\"><span style=\"font-family: arial, helvetica, sans-serif; font-size: 14pt;\">La operaci\u00f3n policial no acab\u00f3 con estas detenciones. En los d\u00edas posteriores fueron detenidas alrededor de 170 personas m\u00e1s mientras se lanzaba un gran despliegue deacreditando desde numerosas instancias al sindicato anarquista. El caso Scala marc\u00f3 el comienzo de una intensa campa\u00f1a de atentados contra el Movimiento Libertario y contra una CNT, de nuevo en auge\u00a0 y que contaba con 100.000 afiliados solo en Catalu\u00f1a.<\/span><\/p>\n<p style=\"text-align: justify;\"><span style=\"font-family: arial, helvetica, sans-serif; font-size: 14pt;\">La vista del caso tuvo lugar en diciembre de 1980. Los abogados defensores solicitaron que el ministro de Gobernaci\u00f3n, Rodolfo Mart\u00edn Villa, acudiese a declarar, pero no lo hizo. Tampoco lo hizo Joaqu\u00edn Gamb\u00edn, confidente de la polic\u00eda y responsable del incendio del Scala seg\u00fan la defensa. Gamb\u00edn hab\u00eda logrado fugarse de la prisi\u00f3n de Elche en extra\u00f1as circunstancias y, a pesar de que ten\u00eda varias \u00f3rdenes judiciales de busca y captura, la polic\u00eda no pudo dar con su paradero.<\/span><\/p>\n<p style=\"text-align: justify;\"><span style=\"font-family: arial, helvetica, sans-serif; font-size: 14pt;\">La posici\u00f3n de la defensa apuntaba hacia un montaje policial orquestado mediante confidentes infiltrados en el sindicato CNT con el objetivo de desacreditar al sindicato ante los trabajadores y evitar as\u00ed su progresi\u00f3n en Catalu\u00f1a. La sentencia conden\u00f3 a Jos\u00e9 Cuevas, Xavier Ca\u00f1adas y Arturo Palma a 17 a\u00f1os de prisi\u00f3n como autores de un delito de homicidio involuntario y por fabricaci\u00f3n de\u00a0 explosivos; Luis Mu\u00f1oz fue condenado a dos a\u00f1os y seis meses por complicidad, y Rosa L\u00f3pez, a 5 meses por encubrimiento. El recurso presentado por los abogados defensores, por quebrantamiento de forma y denegaci\u00f3n de pruebas por la no comparecencia de Mart\u00edn Villa en la vista, fue rechazado por el Supremo.<\/span><\/p>\n<p style=\"text-align: justify;\"><span style=\"font-family: arial, helvetica, sans-serif; font-size: 14pt;\">Con el tiempo se fue descubriendo el papel crucial y decisivo que desempe\u00f1\u00f3 Joaqu\u00edn Gamb\u00edn, el Grillo, o tambi\u00e9n conocido como el Rubio o el Legionario, en este asunto. Como se lleg\u00f3 a demostrar, este delincuente, captado por los servicios de Gobernaci\u00f3n, fue quien se infiltr\u00f3 en la CNT para dirigir el atentado. La presi\u00f3n de la prensa sobre la polic\u00eda y la ausencia de Gamb\u00edn en la vista del caso hicieron levantar sospechas sobre las verdaderas causas del atentado, provocando incluso desavenencias entre el Ministerio Fiscal y algunos miembros de la judicatura. Finalmente, a finales de 1981, Gamb\u00edn fue detenido por la polic\u00eda tras un tiroteo en Valencia. El Caso Scala volv\u00eda a abrirse. Sin embargo, el objetivo promovido desde las altas esferas\u00a0se hab\u00eda cumplido: el descr\u00e9dito de la CNT. La anta\u00f1o potente organizaci\u00f3n anarcosindicalista no volver\u00eda a levantar cabeza.<\/span><\/p>\n<p style=\"text-align: justify;\"><span style=\"font-family: arial, helvetica, sans-serif; font-size: 14pt;\">La segunda vista del Caso Scala Barcelona, en diciembre de 1983, solo tuvo un acusado: Joaqu\u00edn Gamb\u00edn. La sentencia le conden\u00f3 a 7 a\u00f1os de prisi\u00f3n por acudir a la manifestaci\u00f3n con armas y por preparaci\u00f3n de explosivos.<\/span><\/p>\n<p style=\"text-align: justify;\"><span style=\"font-family: arial, helvetica, sans-serif; font-size: 14pt;\">Xavier Ca\u00f1adas P\u00e9rez, uno de los encausados y encarcelados durante ocho a\u00f1os por el Caso Scala, escribi\u00f3 un libro explicando el caso y dijo que \u201cesta relaci\u00f3n de hechos, documentalmente contrastados, arrojan un tal c\u00famulo de datos que permiten afirmar que el Caso Scala constituye el punto de inflexi\u00f3n de una din\u00e1mica de represi\u00f3n, pol\u00edticamente concebida y previamente estudiada en los altos niveles del Gobierno, pues dichos hechos escapan a la competencia exclusiva de un estamento, de una sola brigada o servicio policial, de un solo magistrado, de un solo Ministerio\u201d.<\/span><\/p>\n<p style=\"text-align: center;\"><strong><span style=\"font-size: 14pt;\">***<\/span><\/strong><\/p>\n<p style=\"text-align: justify;\"><span style=\"font-family: arial, helvetica, sans-serif; font-size: 14pt;\"><a id=\"refentradilla\"><\/a><a href=\"#refentradilla1\">(*)<\/a> <span style=\"font-size: 12pt;\"><strong>NOTA de Punto Critico<\/strong>: <\/span><\/span><span style=\"font-size: 12pt;\"><a href=\"https:\/\/ca.wikipedia.org\/wiki\/Jos%C3%A9_Mar%C3%ADa_Belloch_Puig\" target=\"_blank\" rel=\"noopener\"><span style=\"font-family: arial, helvetica, sans-serif;\">El Gobernador Civil de Barcelona a la saz\u00f3n,\u00a0Jos\u00e9 Mar\u00eda\u00a0Belloch Puig, era el padre\u00a0 del Ex Presidente de la Audiencia Provincial de Vizcaya, Vocal del CGPJ y ex Ministro del Gobierno de Felipe Gonz\u00e1lez, Juan Antonio Belloch Julbe<\/span><\/a><\/span><\/p>\n<\/blockquote>\n<p style=\"text-align: center;\"><span style=\"font-size: 14pt;\">\u2666<span style=\"color: #339966;\">\u2666<\/span>\u2666<span style=\"color: #339966;\">\u2666<\/span>\u2666<span style=\"color: #008000;\">\u2666<\/span>\u2666<\/span><\/p>\n<p>&nbsp;<\/p>\n<figure id=\"attachment_11404\" aria-describedby=\"caption-attachment-11404\" style=\"width: 678px\" class=\"wp-caption aligncenter\"><a href=\"https:\/\/puntocritico.com\/ausajpuntocritico\/wp-content\/uploads\/2018\/04\/caso-scala-10.jpg\" rel=\"lightbox[11382]\"><img loading=\"lazy\" decoding=\"async\" class=\"wp-image-11404 size-mh-magazine-content\" src=\"https:\/\/puntocritico.com\/ausajpuntocritico\/wp-content\/uploads\/2018\/04\/caso-scala-10-678x381.jpg\" alt=\"\" width=\"678\" height=\"381\" \/><\/a><figcaption id=\"caption-attachment-11404\" class=\"wp-caption-text\"><span style=\"color: #008000;\">Mart\u00edn Villa<\/span><\/figcaption><\/figure>\n<h1 style=\"text-align: center;\"><span style=\"font-size: 14pt;\">\u2666<span style=\"color: #339966;\">\u2666<\/span>\u2666<span style=\"color: #339966;\">\u2666<\/span>\u2666<span style=\"color: #008000;\">\u2666<\/span>\u2666<\/span><\/h1>\n<h1 class=\"entry-title\" style=\"text-align: center;\"><a id=\"ref2\"><\/a><a href=\"#ref2a\">[2]<\/a> El Caso Scala. Un proceso contra el anarcosindicalismo<\/h1>\n<p><span style=\"font-size: 14pt;\">Por \u00c1lvaro MILL\u00c1N<\/span><\/p>\n<div><span style=\"color: #339966;\">Art\u00edculo publicado el 30 de enero de 2013 en<\/span><\/div>\n<div><a href=\"https:\/\/revistapolemica.wordpress.com\/2013\/01\/30\/el-caso-scala-un-proceso-contra-el-anarcosindicalismo\/\" target=\"_blank\" rel=\"noopener\">https:\/\/revistapolemica.wordpress.com\/2013\/01\/30\/el-caso-scala-un-proceso-contra-el-anarcosindicalismo\/<\/a><\/div>\n<div>\u00a0<\/div>\n<div>\n<figure id=\"attachment_11385\" aria-describedby=\"caption-attachment-11385\" style=\"width: 249px\" class=\"wp-caption alignleft\"><a href=\"https:\/\/puntocritico.com\/ausajpuntocritico\/wp-content\/uploads\/2018\/04\/ardeelscala.jpg\" rel=\"lightbox[11382]\"><img loading=\"lazy\" decoding=\"async\" class=\"wp-image-11385\" src=\"https:\/\/puntocritico.com\/ausajpuntocritico\/wp-content\/uploads\/2018\/04\/ardeelscala.jpg\" alt=\"\" width=\"249\" height=\"335\" \/><\/a><figcaption id=\"caption-attachment-11385\" class=\"wp-caption-text\"><span style=\"font-size: 10pt; color: #339966;\"><strong>El Scala arde tras el atentado<\/strong><\/span><\/figcaption><\/figure><\/p>\n<p style=\"text-align: justify;\"><span style=\"font-family: arial, helvetica, sans-serif; font-size: 14pt;\">Los sucesos relacionados con el llamado Caso Scala constituyen un proceso de capital importancia en la historia reciente del Movimiento Libertario en general y de la CNT en particular. En la CNT, una organizaci\u00f3n que se hab\u00eda reconstruido tan s\u00f3lo dos a\u00f1os antes, despu\u00e9s del largo per\u00edodo de la dictadura franquista, que se hallaba inmersa en una fuerte tensi\u00f3n entre diferentes tendencias internas que pugnaban entre s\u00ed, compuesta en su inmensa mayor\u00eda por j\u00f3venes reci\u00e9n llegados a quienes sobraba entusiasmo y faltaba formaci\u00f3n y experiencia, aquellos acontecimientos supusieron un duro golpe que no logr\u00f3 recuperarse. Aquellos sucesos siguen sin esclarecerse plenamente.<\/span><\/p>\n<h4 style=\"text-align: justify;\"><span style=\"font-family: arial, helvetica, sans-serif; font-size: 14pt; color: #339966;\"><b>\u00a1Arde el Scala!<\/b><\/span><\/h4>\n<p style=\"text-align: justify;\"><span style=\"font-family: arial, helvetica, sans-serif; font-size: 14pt;\">Poco despu\u00e9s de las trece horas del domingo 15 de enero de 1978 se desencaden\u00f3 un enorme incendio que destruy\u00f3 por completo la sala de fiestas Scala de Barcelona. Al asombro que caus\u00f3 el suceso hubo que sumar el estupor por las muertes de cuatro trabajadores \u2013Ram\u00f3n Egea, Bernab\u00e9 Bravo, Juan L\u00f3pez y Diego Montoro\u2013 que se encontraban en el local en aquellos momentos, y que perecieron v\u00edctimas de las llamas o por asfixia, debido a los humos y gases provocados por el fuego.<span id=\"more-497\"><\/span><\/span><\/p>\n<p style=\"text-align: justify;\"><span style=\"font-family: arial, helvetica, sans-serif; font-size: 14pt;\">Por aquellos d\u00edas los ciudadanos estaban acostumbrados a las noticias de atentados terroristas. A nadie asombraba el asesinato de polic\u00edas o militares, los coches-bomba y dem\u00e1s actos que resultaban casi habituales en aquella \u00e9poca. Sin embargo, un atentado contra una sala de fiestas era algo que resultaba inveros\u00edmil por lo absurdo y disparatado de la idea. Probablemente por ello en los primeros momentos se aventuraron toda clase de hip\u00f3tesis. Algunos medios achacaron el atentado a vulgares asesinos, otros lo relacionaron con cuestiones particulares relacionadas con la sala de fiestas, algunos llegaron a establecer una relaci\u00f3n con la campa\u00f1a en pro de la libertad de expresi\u00f3n que por aquel entonces se desarrollaba en solidaridad con el dramaturgo Albert Boadella. Pero la duda y la incredulidad sigui\u00f3 siendo la t\u00f3nica general para la inmensa mayor\u00eda hasta que, tan s\u00f3lo cuarenta y ocho horas despu\u00e9s, el martes d\u00eda 17 un comunicado de la polic\u00eda inform\u00f3 de la detenci\u00f3n de todos los autores del atentado, a quienes inmediatamente se relacion\u00f3 con la CNT.<a id=\"refart1a\"><\/a><a href=\"#refart1\">[1]<\/a><\/span><\/p>\n<p style=\"text-align: justify;\"><span style=\"font-family: arial, helvetica, sans-serif; font-size: 14pt;\">Efectivamente los detenidos eran todos afiliados a la CNT y poco antes del atentado hab\u00edan participado en una manifestaci\u00f3n que esa organizaci\u00f3n hab\u00eda convocado para protestar contra los Pactos de la Moncloa. Al finalizar la manifestaci\u00f3n \u2013seg\u00fan la polic\u00eda\u2013 los acusados se hab\u00edan dirigido a la sala de fiestas lanzando contra ella seis c\u00f3cteles molotov que ocasionaron el incendio y la muerte de los cuatro trabajadores que se hallaban dentro \u2013por cierto todos ellos afiliados a la CNT\u2013. De esta manera qued\u00f3 establecida la relaci\u00f3n de los detenidos con la CNT y el atentado con la manifestaci\u00f3n.<\/span><\/p>\n<p style=\"text-align: justify;\"><span style=\"font-family: arial, helvetica, sans-serif; font-size: 14pt;\">Sin duda lo que m\u00e1s sorprende es la ins\u00f3lita eficacia policial que hab\u00eda permitido encontrar a los culpables entre las 10.000 personas que aproximadamente participaron en la manifestaci\u00f3n. C\u00f3mo consigui\u00f3 la polic\u00eda barcelonesa este alarde de perfecci\u00f3n es algo que no se llegar\u00eda a saber hasta alg\u00fan tiempo despu\u00e9s. En aquel momento s\u00f3lo dio lugar a toda clase de conjeturas que ten\u00edan como com\u00fan denominador la sospecha de que detr\u00e1s de todo hab\u00eda gato encerrado. Con el tiempo esa sospecha se acabar\u00eda convirtiendo en certeza.<\/span><\/p>\n<h4 style=\"text-align: justify;\"><span style=\"font-family: arial, helvetica, sans-serif; font-size: 14pt; color: #339966;\"><b>\u00bfQu\u00e9 pasaba por aquel entonces?<\/b><\/span><\/h4>\n<p style=\"text-align: justify;\"><span style=\"font-family: arial, helvetica, sans-serif; font-size: 14pt;\">Pero para hacemos una idea de lo que estaba ocurriendo, es necesario analizar siquiera sea a grandes rasgos el contexto hist\u00f3rico en que se desarrollaban los acontecimientos. El a\u00f1o 1978 fue crucial en lo que se ha dado en llamar La Transici\u00f3n. Si los primeros a\u00f1os se caracterizan por una fuerte tensi\u00f3n generada por la presi\u00f3n de los distintos sectores pol\u00edticos y sociales en un intento de imponer su particular punto de vista y su modelo pol\u00edtico y social, eso va dando paso a una segunda etapa caracterizada por el consenso, en donde las fuerzas pol\u00edticas imperantes se ponen de acuerdo en cuanto a la configuraci\u00f3n del nuevo r\u00e9gimen y encauzan el proceso cerrando el paso a cualquier otra v\u00eda de desarrollo. El a\u00f1o 1978 ser\u00e1 el a\u00f1o en que ese pacto se materializa en sus dos grandes vertientes: el pacto pol\u00edtico que dar\u00e1 lugar a la Constituci\u00f3n, y el pacto social que se establecer\u00e1 con los llamados Pactos de la Moncloa.<\/span><\/p>\n<div id=\"attachment_499\" class=\"wp-caption aligncenter\" style=\"text-align: justify;\" data-shortcode=\"caption\">\n<figure id=\"attachment_11388\" aria-describedby=\"caption-attachment-11388\" style=\"width: 510px\" class=\"wp-caption aligncenter\"><a href=\"https:\/\/puntocritico.com\/ausajpuntocritico\/wp-content\/uploads\/2018\/04\/contra_el_pacto_de_la_moncloa_01.jpg\" rel=\"lightbox[11382]\"><img loading=\"lazy\" decoding=\"async\" class=\"wp-image-11388 size-full\" src=\"https:\/\/puntocritico.com\/ausajpuntocritico\/wp-content\/uploads\/2018\/04\/contra_el_pacto_de_la_moncloa_01.jpg\" alt=\"\" width=\"510\" height=\"357\" srcset=\"https:\/\/puntocritico.com\/ausajpuntocritico\/wp-content\/uploads\/2018\/04\/contra_el_pacto_de_la_moncloa_01.jpg 510w, https:\/\/puntocritico.com\/ausajpuntocritico\/wp-content\/uploads\/2018\/04\/contra_el_pacto_de_la_moncloa_01-300x210.jpg 300w\" sizes=\"auto, (max-width: 510px) 100vw, 510px\" \/><\/a><figcaption id=\"caption-attachment-11388\" class=\"wp-caption-text\"><span style=\"font-family: georgia, palatino, serif; font-size: 10pt; color: #339966;\"><strong>Manifestaci\u00f3n de la CNT contra los Pactos de la Moncloa<\/strong><\/span><\/figcaption><\/figure>\n<\/div>\n<p style=\"text-align: justify;\"><span style=\"font-family: arial, helvetica, sans-serif; font-size: 14pt;\">Si la Constituci\u00f3n tiene una gran importancia en lo que se refiere a establecer las reglas b\u00e1sicas del juego pol\u00edtico, el pacto social tendr\u00e1 una importancia tambi\u00e9n trascendental, ya que ser\u00e1 lo que permitir\u00e1 reconstruir la paz social y la disciplina en el mundo del trabajo. Algo sin duda imprescindible en un pa\u00eds en donde la clase obrera hab\u00eda adquirido una gran capacidad de autoorganizaci\u00f3n capaz de sobrepasar a comit\u00e9s y burocracias sindicales, que era consciente de su fuerza real y que hab\u00eda adquirido una considerable experiencia de lucha en las condiciones extremadamente duras de los \u00faltimos a\u00f1os del franquismo. El pacto social era la herramienta necesaria para restablecer una situaci\u00f3n de sometimiento, imprescindible para afrontar una crisis econ\u00f3mica que se pensaba resolver con un ajuste duro que, por supuesto, deb\u00edan pagar los trabajadores.<\/span><\/p>\n<p style=\"text-align: justify;\"><span style=\"font-family: arial, helvetica, sans-serif; font-size: 14pt;\">Las grandes organizaciones sindicales CC OO y UGT, en perfecta sinton\u00eda con los criterios del PCE y el PSOE asumen el pacto incluso con entusiasmo y hasta lo proclaman como una gran victoria de los trabajadores. La \u00fanica organizaci\u00f3n sindical importante que se opone a ese pacto es la CNT. Esta organizaci\u00f3n que se hab\u00eda reconstruido despu\u00e9s de la clandestinidad, hab\u00eda adquirido una importante implantaci\u00f3n en el mundo laboral y lideraba un gran movimiento social y cultural que no encajaba en el sistema que se estaba configurando. Pero lo que convert\u00eda a la CNT en un peligro potencial no era su fuerza en aquel momento, sino su posible capacidad para encauzar el descontento social que inevitablemente iba a producirse. No olvidemos que en estos a\u00f1os crece desorbitadamente el desempleo, se produce un fuerte incremento de la carest\u00eda de la vida y, en general, la calidad de la vida de los trabajadores y de las clases populares sufre un importante deterioro, que no tiene la debida respuesta porque las fuerzas mayoritarias de la izquierda ya han aceptado un pacto pol\u00edtico y social y no desean poner en peligro lo logrado. Son los momentos en que se percibe con claridad la posibilidad de un golpe de Estado militar que nos devolviera a la situaci\u00f3n anterior. Ante esa disyuntiva la izquierda mayoritaria prefiri\u00f3 pactar para conservar lo conquistado y el precio fue hipotecar la fuerza de los trabajadores y renunciar a la posibilidad de crear un sindicalismo fuerte y aut\u00f3nomo. Pero volvamos al relato de los hechos.<\/span><\/p>\n<h4 style=\"text-align: justify;\"><span style=\"font-family: arial, helvetica, sans-serif; font-size: 14pt; color: #339966;\"><b>\u00a1A por la CNT!<\/b><\/span><\/h4>\n<p style=\"text-align: justify;\"><span style=\"font-family: arial, helvetica, sans-serif; font-size: 14pt;\">Los detenidos fueron debidamente acusados y procesados, pero eso no detuvo la operaci\u00f3n policial. Muy al contrario, en los d\u00edas siguientes ser\u00edan detenidos varios afiliados y militantes de la CNT. El simple hecho de aparecer en la agenda de tel\u00e9fonos de algunos de los acusados o de una persona relacionada con alguno de los acusados se convirti\u00f3 en motivo suficiente para ser detenido. Despu\u00e9s de ser interrogados y pasar alguna noche en el calabozo, los detenidos eran puestos en libertad sin cargo alguno. Resultaba evidente que la polic\u00eda no buscaba nada ni a nadie \u2013ya ten\u00edan a los culpables\u2013 se trataba simplemente de amedrentar a los cenetistas y de ahuyentar de la organizaci\u00f3n a miles de trabajadores afiliados que, si bien se identificaban con la l\u00ednea sindical de los anarconsindicalistas, no estaban dispuestos a llegar demasiado lejos en su adhesi\u00f3n, ni mucho menos a desafiar una represi\u00f3n policial de aquella envergadura. La cosa no era de broma, las noticias de nuevas detenciones crearon un ambiente de inseguridad en gran parte de la afiliaci\u00f3n. Por otra parte, la certeza de la implicaci\u00f3n de la CNT en el atentado fue afianz\u00e1ndose en la opini\u00f3n p\u00fablica, lo que provoc\u00f3 un serio deterioro en la imagen de la organizaci\u00f3n y de los anarquistas por extensi\u00f3n. Si a esto a\u00f1adimos las noticias de agresiones y asaltos por parte de grupos fascistas, que en aquellos d\u00edas se incrementaron de forma muy considerable, podemos hacemos una imagen aproximada de la situaci\u00f3n. Ser libertario en aquellos momentos se convirti\u00f3 en algo bastante desagradable. Los medios de comunicaci\u00f3n lo hicieron impopular, la polic\u00eda y los grupos de la ultraderecha lo hicieron peligroso.<\/span><\/p>\n<figure id=\"attachment_11384\" aria-describedby=\"caption-attachment-11384\" style=\"width: 452px\" class=\"wp-caption aligncenter\"><a href=\"https:\/\/puntocritico.com\/ausajpuntocritico\/wp-content\/uploads\/2018\/04\/medios-burgueses.png\" rel=\"lightbox[11382]\"><img loading=\"lazy\" decoding=\"async\" class=\"wp-image-11384 size-full\" src=\"https:\/\/puntocritico.com\/ausajpuntocritico\/wp-content\/uploads\/2018\/04\/medios-burgueses.png\" alt=\"\" width=\"452\" height=\"312\" srcset=\"https:\/\/puntocritico.com\/ausajpuntocritico\/wp-content\/uploads\/2018\/04\/medios-burgueses.png 452w, https:\/\/puntocritico.com\/ausajpuntocritico\/wp-content\/uploads\/2018\/04\/medios-burgueses-300x207.png 300w\" sizes=\"auto, (max-width: 452px) 100vw, 452px\" \/><\/a><figcaption id=\"caption-attachment-11384\" class=\"wp-caption-text\"><span style=\"color: #339966;\"><strong><span style=\"font-size: 10pt;\">La prensa sentencia a la CNT<\/span><\/strong><\/span><\/figcaption><\/figure>\n<p style=\"text-align: justify;\"><span style=\"font-family: arial, helvetica, sans-serif; font-size: 14pt;\">Como hemos dicho la represi\u00f3n no s\u00f3lo fue policial. El caso Scala marca el comienzo de una intensa campa\u00f1a de atentados contra el Movimiento Libertario y contra la CNT en particular protagonizada por grupos, al parecer de ultraderecha, que se escond\u00edan detr\u00e1s de siglas desconocidas e indescifrables. En aquellos meses se tuvieron noticias de atentados en varias ciudades, sin que la polic\u00eda demostrara la misma eficacia en detener a sus autores que hab\u00eda demostrado en el caso Scala.<\/span><\/p>\n<h4 style=\"text-align: justify;\"><span style=\"font-family: arial, helvetica, sans-serif; font-size: 14pt; color: #339966;\"><b>Aparece Gamb\u00edn<\/b><\/span><\/h4>\n<p style=\"text-align: justify;\"><span style=\"font-family: arial, helvetica, sans-serif; font-size: 14pt;\">El veintid\u00f3s de febrero se procesa a once personas acusadas de la autor\u00eda del atentado, adem\u00e1s de por tenencia de explosivos. Las caracter\u00edsticas de los acusados son bastante similares y responden al prototipo de millares de j\u00f3venes que despu\u00e9s de haber pasado su adolescencia bajo el franquismo engrosaban ahora las filas de la izquierda radical; casi todos ellos estaban entre los diecisiete y los veinte a\u00f1os. Pero hab\u00eda una excepci\u00f3n. Un extra\u00f1o personaje que destaca claramente de los dem\u00e1s. Tiene cuarenta y nueve a\u00f1os y un historial que carece por completo de significaci\u00f3n pol\u00edtica o sindical, se trata de un vulgar delincuente con una larga lista de condenas \u2013veintiocho en total\u2013 por robo, falsificaci\u00f3n, estafa y otros delitos todos ellos con el com\u00fan denominador del lucro como \u00fanica motivaci\u00f3n. Su nombre es Joaqu\u00edn Gamb\u00edn alias El Grillo y aunque procesado como los otros, lo ser\u00e1 en rebeld\u00eda, ya que no ha sido detenido como los dem\u00e1s.<\/span><\/p>\n<p style=\"text-align: justify;\"><span style=\"font-family: arial, helvetica, sans-serif; font-size: 14pt;\">Pero antes de continuar con el relato de los hechos conviene que nos detengamos en analizar a este personaje, clave sin duda en esta historia. La primera noticia que tenemos de Gamb\u00edn es en el a\u00f1o 1977 en la c\u00e1rcel Modelo de Barcelona. All\u00ed \u2013seg\u00fan declarar\u00eda \u00e9l mismo m\u00e1s tarde\u2013<a id=\"refart2a\"><\/a><a href=\"#refart2\">[2]<\/a> fue reclutado por los Servicios Secretos de la Polic\u00eda como confidente y colaborador, a cambio de librarse de los muchos a\u00f1os de condena que ten\u00eda por delante. Mediante una manipulaci\u00f3n de su expediente judicial realizada a instancias de esos Servicios Secretos que le relacionan con un grupo de detenidos de la Federaci\u00f3n Anarquista Ib\u00e9rica,<a id=\"refart3a\"><\/a><a href=\"#refart3\">[3]<\/a> Gamb\u00edn por arte de magia o por razones de Estado pasa de ser un vulgar chorizo a convertirse en un preso pol\u00edtico, gracias a lo cual se beneficia del decreto de amnist\u00eda que se promulga ese mismo a\u00f1o y queda en libertad.<\/span><\/p>\n<p style=\"text-align: justify;\"><span style=\"font-family: arial, helvetica, sans-serif; font-size: 14pt;\">De esta manera Gamb\u00edn, ya libre, empieza a trabajar para la polic\u00eda a cambio de un sueldo de cuarenta y cinco mil pesetas al mes, m\u00e1s las cantidades que recib\u00eda a cambio de las informaciones que facilitaba o de las operaciones en las que participaba. Sus primeros trabajos consistir\u00edan en infiltrarse en grupos de orientaci\u00f3n anarquista. Hay que recordar que por aquella \u00e9poca el Ministerio del Interior dedicaba buena parte de su tiempo a combatir al Movimiento Libertario; el ministro titular Mart\u00edn Villa lleg\u00f3 a decir que le preocupaba m\u00e1s el activismo libertario que el terrorismo de la ETA o del GRAPO,<a id=\"refart4a\"><\/a><a href=\"#refart4\">[4]<\/a> lo que no dejaba de ser curioso, teniendo en cuenta la largu\u00edsima lista de v\u00edctimas \u2013algunas de ellas pertenecientes a las m\u00e1s altas jerarqu\u00edas del Estado y del Ej\u00e9rcito\u2013 que esas organizaciones ten\u00edan en su haber, mientras que entre las v\u00edctimas del activismo libertario no hab\u00eda m\u00e1s que alg\u00fan autob\u00fas, algunos contenedores de basuras y algunas cosas m\u00e1s por el estilo que suelen ser las v\u00edctimas habituales de los manifestantes excesivamente fogosos.<\/span><\/p>\n<p style=\"text-align: justify;\"><span style=\"font-family: arial, helvetica, sans-serif; font-size: 14pt;\">Poco despu\u00e9s de salir de la c\u00e1rcel, Gamb\u00edn se infiltra en un grupo de trabajadores de la SEAT de Barcelona que se hac\u00edan llamar nada menos que Ej\u00e9rcito Revolucionario de Apoyo a los Trabajadores (ERAT).<a id=\"refart5a\"><\/a><a href=\"#refart5\">[5]<\/a> Despu\u00e9s de perpetrar algunos atracos de cierta importancia, la polic\u00eda desarticula el grupo y detiene a todos sus miembros, con la obvia excepci\u00f3n de Gamb\u00edn que desaparece oportunamente.<\/span><\/p>\n<p style=\"text-align: justify;\"><span style=\"font-family: arial, helvetica, sans-serif; font-size: 14pt;\">M\u00e1s tarde aparece otra vez en la c\u00e1rcel Modelo de Barcelona donde se relaciona con uno de los acusados del caso Scala, con el que entabla amistad y, a trav\u00e9s de \u00e9l, con los dem\u00e1s acusados una vez que ambos salen en libertad. En esta \u00e9poca el delincuente habitual apodado El Grillo adquiere una nueva dignidad revolucionaria y pasa a apodarse el viejo anarquista. Con esta nueva imagen, Gamb\u00edn se integra en el grupo con el que colabora hasta el d\u00eda en que se produce el atentado. Ese mismo d\u00eda, tan oportunamente como otras veces, desaparece sin dejar rastro.<b><br \/>\n <\/b><\/span><\/p>\n<h4 style=\"text-align: justify;\"><span style=\"font-family: arial, helvetica, sans-serif; font-size: 14pt; color: #339966;\"><b>El proceso<\/b><\/span><\/h4>\n<p style=\"text-align: justify;\"><span style=\"font-family: arial, helvetica, sans-serif; font-size: 14pt;\">Tendremos que seguir inevitablemente hablando de Gamb\u00edn, pero volvamos al proceso judicial que tuvo un comienzo pol\u00e9mico debido a la disparidad de criterios sobre qui\u00e9n deb\u00eda hacerse cargo de \u00e9l. La Audiencia Provincial de Barcelona lo traspasa a la Audiencia Nacional y \u00e9sta se declara no competente por lo que devuelve la pelota a Barcelona, donde finalmente se desarroll\u00f3 el proceso. Esta discrepancia no se deb\u00eda a cuestiones de simple t\u00e9cnica procesal, sino que ten\u00eda su origen en la calificaci\u00f3n misma de los hechos que deb\u00edan juzgarse, por lo que el asunto tuvo cierta importancia.<\/span><\/p>\n<p style=\"text-align: justify;\"><span style=\"font-family: arial, helvetica, sans-serif; font-size: 14pt;\">Las pruebas aportadas por la polic\u00eda eran de lo m\u00e1s inveros\u00edmiles: una pistola de pl\u00e1stico y una lata de gasolina. Si a esto sumamos el que ninguno de los testigos presenciales llegaron nunca a reconocer a ninguno de los acusados, y que el personaje clave de la trama \u2013Gamb\u00edn\u2013 estaba ausente, podemos entender perfectamente las palabras del fiscal Alejandro del Toro cuando dijo \u201cMI problema fundamental era no cubrir el de rid\u00edculo mi carrera\u201d.<a id=\"refart6a\"><\/a><a href=\"#refart6\">[6]<\/a><\/span><\/p>\n<p style=\"text-align: justify;\"><span style=\"font-family: arial, helvetica, sans-serif; font-size: 14pt;\">Otro de los aspectos curiosos es que sin que se sepa por qu\u00e9, el gobernador Civil de Barcelona, sin arte ni parte en el asunto, remite a los hermanos Riba, due\u00f1os de la Sala de Fiestas, un certificado en el que se establec\u00eda el car\u00e1cter pol\u00edtico del atentado. Por qu\u00e9 un Gobernador Civil se met\u00eda en un asunto que no le concern\u00eda y aseguraba el car\u00e1cter pol\u00edtico de un hecho que a\u00fan no hab\u00eda sido juzgado es algo ins\u00f3lito y, sin duda, una pieza a tener en cuenta a la hora de montar el rompecabezas.<\/span><\/p>\n<p style=\"text-align: justify;\"><span style=\"font-family: arial, helvetica, sans-serif; font-size: 14pt;\">Pero el problema fundamental \u2013al menos para los acusados y su defensa\u2013 consist\u00eda en que el juicio iba a celebrarse sin la presencia de Gamb\u00edn, lo que impedir\u00eda que se pudieran esclarecer los hechos de manera absoluta, y que se supiera si hab\u00eda o no una trama oculta tal como sosten\u00eda la CNT y como sospechaban muchos. Sin embargo, el 27 de octubre de 1979, cuando todo el mundo supone que la polic\u00eda de todo el Pa\u00eds est\u00e1 buscando a Gamb\u00edn por el caso Scala, resulta que \u00e9ste es detenido en Elche, pero no por la acusaci\u00f3n de haber participado en el atentado contra la sala de fiestas, sino por un delito de estafa al parecer relacionada con cheques falsos.<\/span><\/p>\n<p style=\"text-align: justify;\"><span style=\"font-family: arial, helvetica, sans-serif; font-size: 14pt;\">Unas semanas despu\u00e9s, el 24 de enero de 1980, el fiscal del caso solicita la apertura del juicio oral para Luis Mu\u00f1oz, Jos\u00e9 Cuevas, Francisco Javier Ca\u00f1adas, Arturo Palma, Mar\u00eda Rosa L\u00f3pez y Mar\u00eda Pilar \u00c1lvarez y libertad sin cargos para Maite Fabr\u00e9s quien, despu\u00e9s de pasar casi dos a\u00f1os en prisi\u00f3n, es puesta en libertad sin ning\u00fan cargo y sin ninguna indemnizaci\u00f3n por los dos a\u00f1os de presidio que sufri\u00f3, al parecer por un error de la justicia. A los tres restantes acusados se les juzga en rebeld\u00eda. De ellos dos \u2013Jes\u00fas y Carlos\u2013 efectivamente est\u00e1n fuera del alcance de la justicia, pero el caso del tercero \u2013Gamb\u00edn\u2013 es algo m\u00e1s dif\u00edcil de comprender, ya que no estaba fuera del alcance de la justicia, sino en la prisi\u00f3n de Elche adonde hab\u00eda sido conducido tras su detenci\u00f3n. \u00bfPor qu\u00e9 no se le juzga con los dem\u00e1s acusados?<\/span><\/p>\n<p style=\"text-align: justify;\"><span style=\"font-family: arial, helvetica, sans-serif; font-size: 14pt;\">Exist\u00eda una poderosa raz\u00f3n para semejante disparate, aunque no se conocer\u00eda hasta m\u00e1s tarde, en noviembre cuando estall\u00f3 la noticia: Gamb\u00edn ya no est\u00e1 en la c\u00e1rcel. \u00bfPor qu\u00e9? Otra pregunta sin respuesta. Primero se habla de fuga, despu\u00e9s de puesta en libertad debido a un error judicial ocasionado por un incendio que, por lo visto, hubo en la prisi\u00f3n y en el que debi\u00f3 perderse alg\u00fan papel trascendental que dio origen al error. En la vida carcelaria de Gamb\u00edn ya se pod\u00edan contar dos errores judiciales y, por suerte para \u00e9l, los dos le hab\u00edan permitido salir tan fresco de su celda. Tal vez ese error fue de la misma naturaleza que aquel otro que le permiti\u00f3 salir amnistiado en 1977 como un preso pol\u00edtico m\u00e1s. As\u00ed son los errores judiciales, a algunos como es el caso de Maite Fabr\u00e9s, los mete en la c\u00e1rcel por error ya otros los deja en la calle.<\/span><\/p>\n<p style=\"text-align: justify;\"><span style=\"font-family: arial, helvetica, sans-serif; font-size: 14pt;\">Pero la ausencia de Gamb\u00edn no ser\u00eda el \u00fanico rev\u00e9s que sufrir\u00eda la defensa. Su pretensi\u00f3n de que compareciera en el juicio como testigo del ministro Mart\u00edn Villa fue desestimada por el Tribunal. De esta manera, cualquier rastro que condujera al gobierno o a los servicios de la Seguridad del Estado quedaba borrado para siempre.<\/span><\/p>\n<h4 style=\"text-align: justify;\"><span style=\"font-family: arial, helvetica, sans-serif; font-size: 14pt; color: #339966;\"><b>Se abre la vista<\/b><\/span><\/h4>\n<p style=\"text-align: justify;\"><span style=\"font-family: arial, helvetica, sans-serif; font-size: 14pt;\">El I de diciembre de 1980 se inicia la vista oral, y se hace en medio de un gigantesco despliegue de seguridad. La vigilancia policial en los alrededores de los juzgados es abrumadora y no deja resquicios. Pero la demostraci\u00f3n de fuerza se corresponde con la tensi\u00f3n que reina en la ciudad. Miles de pasquines por todas las calles proclaman la inocencia de los acusados, exigen su libertad y denuncian el montaje policial que se esconde detr\u00e1s del caso. Pese al despliegue policial, delante de los juzgados se produce una numerosa manifestaci\u00f3n que de inmediato se convierte en batalla campal. Los enfrentamientos entre libertarios y polic\u00edas duran hasta bien entrada la noche y dejan un saldo de una treintena de detenidos. Pero no acaban ah\u00ed las cosas, durante todos los d\u00edas que dura el juicio se suceden las manifestaciones por toda la ciudad y la propaganda en contra del proceso. Sin embargo, los elementos que pod\u00edan dar luz sobre el caso ya estaban fuera de alcance, y de nada iban a servir ni los gritos de manifestantes, ni los panfletos que recorr\u00edan la ciudad de mano en mano, ni los carteles que llenaban las paredes.<\/span><\/p>\n<p style=\"text-align: justify;\"><span style=\"font-family: arial, helvetica, sans-serif; font-size: 14pt;\">Las acciones de protesta fueron numerosas y variadas: un joven que se colg\u00f3 de una estructura met\u00e1lica en pleno Paralelo de Barcelona, tres militantes de la CNT que se encerraron en el Consulado de Francia en M\u00e1laga o los miembros de la Federaci\u00f3n Local tambi\u00e9n de M\u00e1laga que se colaron en la Diputaci\u00f3n provincial y se encadenaron, un grupo de unas cincuenta mujeres de Ateneos Libertarios de Barcelona que hicieron una sentada en la Puerta del \u00c1ngel de Barcelona y un sinf\u00edn de casos m\u00e1s<a id=\"refart7a\"><\/a><a href=\"#refart7\">[7]<\/a> que dan fe de la vitalidad que a\u00fan conservaba el Movimiento Libertario en aquel entonces, pese a sus divisiones internas que hab\u00edan dado lugar a la ruptura de la CNT en dos organizaciones. El Movimiento Libertario hab\u00eda perdido buena parte de su fuerza, pero a\u00fan era capaz de batirse con vigor.<\/span><\/p>\n<p style=\"text-align: justify;\"><span style=\"font-family: arial, helvetica, sans-serif; font-size: 14pt;\">La campa\u00f1a de la CNT sostiene la inocencia de los acusados y centra su denuncia en la idea de un montaje policial organizado por las m\u00e1ximas instancias del Ministerio del interior para acabar con la organizaci\u00f3n. En estos momentos se publican las declaraciones del Secretario del Comit\u00e9 Nacional de la CNT, Jos\u00e9 Bond\u00eda<a id=\"refart8a\"><\/a><a href=\"#refart8\">[8]<\/a> en las que proporciona todos los detalles del paradero de Gamb\u00edn, quien oficialmente se encontraba en busca y captura. La informaci\u00f3n de Bond\u00eda \u2013cierta o falsa\u2013 no despierta la m\u00e1s m\u00ednima atenci\u00f3n por parte de la polic\u00eda.<\/span><\/p>\n<p style=\"text-align: justify;\"><span style=\"font-family: arial, helvetica, sans-serif; font-size: 14pt;\">Pero las declaraciones de Bond\u00eda no acaban ah\u00ed, denuncia una supuesta operaci\u00f3n organizada a\u00f1os antes por Mart\u00edn Villa en convivencia, no se sabe si consciente o inconsciente, con un hist\u00f3rico de la CNT. Seg\u00fan Bond\u00eda el gobierno inmediatamente despu\u00e9s de la muerte de Franco estaba seriamente preocupado por el posible desarrollo de un sindicalismo fuerte organizado alrededor de CC OO y, por tanto, bajo la hegemon\u00eda comunista, lo que les llev\u00f3 a la idea de promover una organizaci\u00f3n rival que tuviera el necesario prestigio entre los trabajadores, pero que no pusiera en peligro el sistema: la CNT. Los detalles de la supuesta operaci\u00f3n no despejaban dudas de si se trataba de crear una CNT sumisa al poder, o si s\u00f3lo se buscaba la desuni\u00f3n de los trabajadores pensando que dos sindicatos ser\u00edan menos peligrosos que uno solo. El resultado \u2013siempre seg\u00fan las declaraciones de Bond\u00eda\u2013 fue que la operaci\u00f3n no result\u00f3 del agrado del gobierno, bien porque la rivalidad entre la CNT y CC OO no hab\u00eda dado los resultados apetecidos, o porque la CNT no s\u00f3lo no se hab\u00eda ajustado a los planes que le ten\u00eda reservado el gobierno, sino que adem\u00e1s hab\u00eda crecido demasiado hasta poner en peligro los fines de pacto social que estaba fraguando el gobierno. Ante ese fracaso el Ministerio del Interior elaborar\u00eda un plan para lograr acabar con la CNT que se materializar\u00eda en el caso Scala.<a id=\"refart9a\"><\/a><a href=\"#refart9\">[9]<\/a><\/span><\/p>\n<p style=\"text-align: justify;\"><span style=\"font-family: arial, helvetica, sans-serif; font-size: 14pt;\">Sobre el paradero de Gamb\u00edn existe otro dato sumamente interesante. Parece ser que Gamb\u00edn ofreci\u00f3 a la CNT, a trav\u00e9s de dos militantes de la misma con los que al parecer ten\u00eda contacto, su disponibilidad a realizar una declaraci\u00f3n ante notario en la que se autoinculpar\u00eda del atentado como \u00fanico responsable y exculpar\u00eda al resto de los acusados ya la CNT como organizaci\u00f3n. A cambio ped\u00eda un pasaporte falso y que se le facilitara la salida del pa\u00eds. Este ofrecimiento se hizo en una reuni\u00f3n que tuvo lugar entre los dos militantes que portaban la oferta y algunos miembros del Comit\u00e9 Nacional de la CNT, quienes rechazaron el ofrecimiento por dos razones: en primer lugar porque una declaraci\u00f3n hecha ante notario por un fugado de la justicia no ten\u00eda ninguna validez ante el Tribunal, y en segundo lugar porque ya bastante descr\u00e9dito ten\u00eda la CNT, como para aparecer mezclada ante la opini\u00f3n p\u00fablica con un confidente de la polic\u00eda, y autor adem\u00e1s de un atentado criminal. El ofrecimiento fue rechazado y s\u00f3lo qued\u00f3 la duda de qu\u00e9 relaci\u00f3n hab\u00eda entre Gamb\u00edn y aquellos militantes que hab\u00edan transmitido su oferta en lugar de utilizar la informaci\u00f3n que ten\u00edan de su paradero para procurar ponerlo en manos del Tribunal.<\/span><\/p>\n<p style=\"text-align: justify;\"><span style=\"font-family: arial, helvetica, sans-serif; font-size: 14pt;\">Es importante rese\u00f1ar que el fiscal tal como \u00e9l mismo reconoci\u00f3 posteriormente, ante la evidente insuficiencia de pruebas (una pistola de pl\u00e1stico y una lata de gasolina), la falta absoluta de testigos y la ausencia bochornosa de Gamb\u00edn, al que supuestamente buscaba toda la polic\u00eda del Pa\u00eds mientras se dedicaba tranquilamente a conceder entrevistas a la prensa, y las dudas que exist\u00edan sobre c\u00f3mo unos c\u00f3cteles molotov hab\u00edan podido destruir un edificio como aquel, sin que se hubiera realizado una seria investigaci\u00f3n sobre las medidas de seguridad del local, no tuvo m\u00e1s remedio que rebajar considerablemente la petici\u00f3n inicial de penas pasando de los trescientos a\u00f1os que se solicitaban en un principio a las penas siguientes:<\/span><\/p>\n<ul style=\"text-align: justify;\">\n<li><span style=\"font-family: arial, helvetica, sans-serif; font-size: 14pt;\">A Jos\u00e9, Francisco Javier y Arturo a 3, 3 y 2 a\u00f1os de prisi\u00f3n menor respectivamente, por fabricaci\u00f3n de explosivos.<\/span><\/li>\n<li><span style=\"font-family: arial, helvetica, sans-serif; font-size: 14pt;\">A Jos\u00e9, Francisco Javier y Arturo a3 a\u00f1os por participar con armas en una manifestaci\u00f3n.<\/span><\/li>\n<li><span style=\"font-family: arial, helvetica, sans-serif; font-size: 14pt;\">A Jos\u00e9, Francisco Javier y Arturo a 7 a\u00f1os por estragos.<\/span><\/li>\n<li><span style=\"font-family: arial, helvetica, sans-serif; font-size: 14pt;\">A Luis a 6 meses de arresto mayor.<\/span><\/li>\n<li><span style=\"font-family: arial, helvetica, sans-serif; font-size: 14pt;\">A Rosa como encubridora a 6 meses de arresto mayor<\/span><\/li>\n<li><span style=\"font-family: arial, helvetica, sans-serif; font-size: 14pt;\">A Jos\u00e9, Arturo y Francisco Javier a 2 a\u00f1os de prisi\u00f3n como autores de homicidio involuntario.<\/span><\/li>\n<li><span style=\"font-family: arial, helvetica, sans-serif; font-size: 14pt;\">A Luis como c\u00f3mplice de homicidio, a cuatro penas de 6 meses de arresto.<\/span><\/li>\n<li><span style=\"font-family: arial, helvetica, sans-serif; font-size: 14pt;\">Asimismo a Rosa se le ped\u00edan cuatro penas de multa.<\/span><\/li>\n<li><span style=\"font-family: arial, helvetica, sans-serif; font-size: 14pt;\">Algunos llegaron a realizar insinuaciones sobre posibles simpat\u00edas del fiscal hacia los acusados o hacia el anarquismo, pero incluso aquellas penas sensiblemente reducidas, resultaban absurdas y desproporcionadas si tenemos en cuenta la entidad real de las pruebas aportadas y de las circunstancias extra\u00f1as que rodeaban al caso.<\/span><\/li>\n<\/ul>\n<p style=\"text-align: justify;\"><span style=\"font-family: arial, helvetica, sans-serif; font-size: 14pt;\">Contra esc\u00e1ndalos y protestas el juicio contin\u00faa sus trabajos y el 8 de diciembre se hace p\u00fablica la sentencia. El Tribunal presidido por el juez Alonso Hern\u00e1ndez y asistido por los magistrados Xavier O\u2019Callaghan y \u00c1ngel de Prada, calific\u00f3 los hechos como un delito de imprudencia con resultado de cuatro muertes. Las penas impuestas fueron las siguientes:<\/span><\/p>\n<ul style=\"text-align: justify;\">\n<li><span style=\"font-family: arial, helvetica, sans-serif; font-size: 14pt;\">17 a\u00f1os de prisi\u00f3n mayor a Jos\u00e9 Cuevas, Javier Ca\u00f1adas y Arturo Palma.<\/span><\/li>\n<li><span style=\"font-family: arial, helvetica, sans-serif; font-size: 14pt;\">5 meses para Rosa L\u00f3pez<\/span><\/li>\n<li><span style=\"font-family: arial, helvetica, sans-serif; font-size: 14pt;\">2 a\u00f1os y seis meses para Luis Mu\u00f1oz.<\/span><\/li>\n<\/ul>\n<p style=\"text-align: justify;\"><span style=\"font-family: arial, helvetica, sans-serif; font-size: 14pt;\">Adem\u00e1s de las penas carcelarias, se les impuso la obligaci\u00f3n de indemnizar a los due\u00f1os de la sala de fiestas con doscientos ochenta y ocho millones de pesetas, ya las familias de v\u00edctimas con cinco millones. Siempre resulta curioso el criterio que aplica la justicia para valorar la propiedad y la vida.<\/span><\/p>\n<p style=\"text-align: justify;\"><span style=\"font-family: arial, helvetica, sans-serif; font-size: 14pt;\">La CNT protest\u00f3 en\u00e9rgicamente contra la sentencia. Enrique Marcos, secretario de la CNT de Catalu\u00f1a cuando ocurrieron los sucesos escribi\u00f3 lo siguiente:<\/span><\/p>\n<p style=\"text-align: justify; padding-left: 30px;\"><span style=\"font-family: arial, helvetica, sans-serif; font-size: 14pt;\"><strong>\u201cLa ley, la mayor parte de las veces legislada y promulgada sin aprobaci\u00f3n de la mayor\u00eda de aquellos a quienes luego habr\u00e1 de afectar, necesita cuando menos, bajo estas premisas, claridad y credibilidad. Condiciones ambas que no se han demostrado suficientemente y que me obligan a pronunciarme de forma decidida contra una sentencia basada exclusivamente en las pruebas policiales de primera hora, sin aceptar las posteriores implicaciones que han asomado durante la vista de la causa. Me atrevo a asegurar la existencia de una intencionalidad manifiesta, la de cubrir precipitadamente, lo que contrasta con los tres largos a\u00f1os de inactividad judicial, con una sentencia ben\u00e9vola, el riesgo de un proceso exhaustivo que pusiera de relieve cosas y cosillas quiz\u00e1s m\u00e1s comprometedoras que el propio pe\u00f3n Gamb\u00edn\u201d.<\/strong><\/span><\/p>\n<p style=\"text-align: justify;\"><span style=\"font-family: arial, helvetica, sans-serif; font-size: 14pt;\">Y a quien tampoco parece que satisfizo fue a la extrema derecha, quien intensific\u00f3 su campa\u00f1a de atentados y asaltos en toda Espa\u00f1a, como el que destruy\u00f3 el local de la CNT en Valladolid.<\/span><\/p>\n<p style=\"text-align: justify;\"><span style=\"font-family: arial, helvetica, sans-serif; font-size: 14pt;\">Sobre la culpabilidad o inocencia de los acusados existe desde siempre divisi\u00f3n de opiniones. Para muchos la certeza de que existi\u00f3 una trama policial que estaba en el origen del suceso, y la sospecha de que era imposible que unos c\u00f3cteles molotov pudieran causar semejantes estragos, hac\u00eda secundaria la cuesti\u00f3n de qui\u00e9n o qui\u00e9nes fueron los autores materiales del atentado.<\/span><\/p>\n<p style=\"text-align: justify;\"><span style=\"font-family: arial, helvetica, sans-serif; font-size: 14pt;\">Sin embargo alg\u00fan d\u00eda el Movimiento Libertario deber\u00eda hacer una autocr\u00edtica de aquellos a\u00f1os y entre las muchas cuestiones que deber\u00edan plantearse, sin duda habr\u00eda que hacer hincapi\u00e9 en aquel culto a la violencia que se puso de moda por aquel entonces, y que acab\u00f3 convirtiendo el c\u00f3ctel molotov en una suerte de fetiche casi religioso, la clandestinidad en una fascinante aventura y las estancias en comisar\u00eda en medallas que se luc\u00edan con orgullo. Todo ello acab\u00f3 generando un c\u00edrculo vicioso sin sentido en el que el activismo serv\u00eda para ganar m\u00e9ritos de guerra, y daba igual un autob\u00fas, un contenedor de basura o una sala de fiestas. Lo importante era la acci\u00f3n por la acci\u00f3n, los objetivos carec\u00edan de importancia y la estrategia era una p\u00e9rdida de tiempo. Y si las masas no entend\u00edan nada de aquello, no importaba, porque la explicaci\u00f3n de que estaban dormidas y embrutecidas era suficiente para despejar cualquier inquietud.<\/span><\/p>\n<p style=\"text-align: justify;\"><span style=\"font-family: arial, helvetica, sans-serif; font-size: 14pt;\">El propio Javier Ca\u00f1adas,<a id=\"refart10a\"><\/a><a href=\"#refart10\">[10]<\/a> quien rechazaba al igual que sus compa\u00f1eros su participaci\u00f3n en el atentado, reconoce que \u00e9l y sus amigos se dirigieron hacia la sala con esa intenci\u00f3n, y en respuesta a una sugerencia que les hab\u00eda hecho Gamb\u00edn, y que s\u00f3lo el casual encuentro por el camino con unos compa\u00f1eros de Rub\u00ed, que les mostraron lo absurdo y disparatado de su plan, les hizo desistir de su prop\u00f3sito. Este era el ambiente que se respiraba en el Movimiento Libertario. Un ambiente en el que pod\u00eda ocurrir algo c\u00f3mo lo que cuenta Ca\u00f1adas, cuando relata como Gamb\u00edn les dec\u00eda que si no pasa nada en la manifestaci\u00f3n pod\u00e9is tirar los c\u00f3cteles en la Scala y les recriminaba sus titubeos con frases como sois unos maricones, \u00a1Vaya anarquistas!<\/span><\/p>\n<div id=\"attachment_501\" class=\"wp-caption alignleft\" style=\"text-align: justify;\" data-shortcode=\"caption\">\n<figure id=\"attachment_11387\" aria-describedby=\"caption-attachment-11387\" style=\"width: 243px\" class=\"wp-caption alignleft\"><a href=\"https:\/\/puntocritico.com\/ausajpuntocritico\/wp-content\/uploads\/2018\/04\/aff2546.jpg\" rel=\"lightbox[11382]\"><img loading=\"lazy\" decoding=\"async\" class=\"wp-image-11387\" src=\"https:\/\/puntocritico.com\/ausajpuntocritico\/wp-content\/uploads\/2018\/04\/aff2546.jpg\" alt=\"\" width=\"243\" height=\"373\" \/><\/a><figcaption id=\"caption-attachment-11387\" class=\"wp-caption-text\"><strong><span style=\"font-family: georgia, palatino, serif; font-size: 10pt; color: #339966;\">Movilizaci\u00f3n en favor de los acusados<\/span><\/strong><\/figcaption><\/figure><br \/>\n<\/p>\n<p class=\"wp-caption-text\">\u00a0<\/p>\n<\/div>\n<p style=\"text-align: justify;\"><span style=\"font-family: arial, helvetica, sans-serif; font-size: 14pt;\">Eran muchos los que conoc\u00edan esta situaci\u00f3n y callaban o incluso criticaban o calificaban de reformistas a los que la denunciaban. Hoy resulta evidente que Gamb\u00edn fue un provocador al servicio de la polic\u00eda y el caso Scala un montaje para acabar con la CNT, pero alg\u00fan d\u00eda habr\u00e1 que reconocer que muchos libertarios inconscientemente, por error u omisi\u00f3n, por comodidad o irresponsabilidad facilitaron enormemente la labor de la polic\u00eda. El caso Scala no deber\u00eda seguir siendo la gran coartada para explicar el fracaso hist\u00f3rico de una organizaci\u00f3n que no supo superar sus contradicciones y estar a la altura de las circunstancias. Resulta lamentable que a\u00fan hoy, despu\u00e9s de tantos a\u00f1os, se sigan oyendo voces de acusaci\u00f3n y reproche hacia talo cual persona en lugar de analizar en profundidad y con capacidad de autocr\u00edtica un pasado que a\u00fan pesa como una losa. Para muchos libertarios sigue siendo una asignatura pendiente saber identificar a los reales enemigos exteriores y dejar de cazar brujas dentro de casa.<\/span><\/p>\n<p style=\"text-align: justify;\"><span style=\"font-family: arial, helvetica, sans-serif; font-size: 14pt;\">Hay que recordar que los sucesos relativos al caso Scala se producen en un contexto de fuerte tensi\u00f3n interna en la CNT dividida en dos sectores en pugna, y que el mismo caso Scala se convierte en motivo de enfrentamiento entre esos sectores. Por un lado se enfrentan en cuanto a la actitud que hay que tomar frente a la acusaci\u00f3n policial. Para unos la defensa depend\u00eda de la inocencia o no de los acusados, para otros la culpabilidad o inocencia de los acusados carec\u00eda de importancia. En el momento del juicio tambi\u00e9n hubo enfrentamientos y mientras para un sector lo importante era lograr establecer la inocencia de los acusados y de la CNT, para otros ten\u00eda m\u00e1s importancia convertir el proceso en un juicio pol\u00edtico contra el Estado.<\/span><\/p>\n<p style=\"text-align: justify;\"><span style=\"font-family: arial, helvetica, sans-serif; font-size: 14pt;\">En este sentido cabe recordar las cr\u00edticas que uno de los acusados \u2013Xavier Ca\u00f1adas\u2013 realiz\u00f3 contra la organizaci\u00f3n a la que acus\u00f3 de abandonar su defensa, llegando incluso a intentar sustituir al abogado que se le hab\u00eda asignado la organizaci\u00f3n por Sol\u00e9 Barber\u00e1, entonces diputado del PSUC quien no quiso saber nada del caso.<\/span><\/p>\n<h4 style=\"text-align: justify;\"><span style=\"font-family: arial, helvetica, sans-serif; font-size: 14pt; color: #339966;\"><b>El canto del Grillo<\/b><\/span><\/h4>\n<p style=\"text-align: justify;\"><span style=\"font-family: arial, helvetica, sans-serif; font-size: 14pt;\">El Tribunal termin\u00f3 su labor, pero el caso sigui\u00f3 abierto. El 15 de diciembre, pocos d\u00edas despu\u00e9s de hacerse p\u00fablica la sentencia, Cambio 16 publica una entrevista a Gamb\u00edn. Despu\u00e9s se sabr\u00eda que la entrevista fue realizada tiempo atr\u00e1s y que su publicaci\u00f3n se hab\u00eda retrasado hasta que finalizara el juicio. En la entrevista Gamb\u00edn no aclara nada, sino que busca simplemente quitarse el muerto de encima. Tendr\u00eda que pasar un a\u00f1o m\u00e1s hasta que se decidiera a hablar m\u00e1s claro. En la entrevista reconoce que se afili\u00f3 a la CNT poco antes del atentado, al coincidir en la c\u00e1rcel Modelo con uno de los acusados \u2013el mismo con el que compartir\u00eda piso al salir de la prisi\u00f3n\u2013; dice haber estado en la manifestaci\u00f3n que se desarroll\u00f3 poco antes del atentado, pero niega que preparase todo y afirma que se enter\u00f3 de lo sucedido aquella misma noche al volver a casa y reunirse con algunos de los acusados, quienes le confesaron que hab\u00edan realizado el atentado contra la Scala; rechaza la acusaci\u00f3n de ser un confidente de la polic\u00eda y achaca su extra\u00f1a puesta en libertad en noviembre de 1980 a un simple error burocr\u00e1tico sin ninguna significaci\u00f3n. Con estas declaraciones Gamb\u00edn no hac\u00eda otra cosa que ratificar la justeza de la sentencia judicial que se acaba de producir y certificar la culpabilidad de los acusados. En definitiva, algo que como acusado podr\u00eda haber hecho durante el juicio en el que deber\u00eda haber estado presente, pero en el juicio no hubiera podido evitar las indagaciones de la defensa sobre su posible relaci\u00f3n con los servicios policiales.<\/span><\/p>\n<p style=\"text-align: justify;\"><span style=\"font-family: arial, helvetica, sans-serif; font-size: 14pt;\">Sin embargo su suerte cambi\u00f3 un a\u00f1o despu\u00e9s cuando en diciembre de 1981 es detenido por la polic\u00eda en Valencia. Trasladado a Barcelona, es interrogado por el fiscal del caso Alejandro del Toro<a id=\"refart11a\"><\/a><a href=\"#refart11\">[11]<\/a> ante el que aclara \u2013ahora s\u00ed\u2013 algunos puntos claves del caso. Seg\u00fan su versi\u00f3n, la supuesta detenci\u00f3n no hab\u00eda existido nunca, sino que \u00e9l voluntariamente se hab\u00eda entregado a la polic\u00eda como \u00fanica salida, dado lo apurado de la situaci\u00f3n en que se encontraba. Al parecer el fracaso de una operaci\u00f3n contra ETA en la que hab\u00eda participado y cuyo desarrollo hab\u00eda tenido lugar mientras se produc\u00eda el juicio del caso Scala, le hab\u00eda acarreado la p\u00e9rdida la protecci\u00f3n de los Servicios Secretos de la que gozaba y en tal situaci\u00f3n no hab\u00eda visto mejor salida que la de intentar resolver su situaci\u00f3n entreg\u00e1ndose a la polic\u00eda. Junto con su persona entreg\u00f3 tambi\u00e9n varias pistolas y documentos falsos que le hab\u00edan sido proporcionados por los servicios para los que trabajaba.<\/span><\/p>\n<p style=\"text-align: justify;\"><span style=\"font-family: arial, helvetica, sans-serif; font-size: 14pt;\">Gamb\u00edn aprovecha la ocasi\u00f3n para contarle su vida al fiscal. La parte que nos ocupa empieza en 1977, estando preso con largas condenas pendientes. Es aqu\u00ed donde es reclutado por los Servicios Secretos para realizar una labor de confidente y colaborador. Su nuevo trabajo es lo que da origen a aquel primer error judicial que le permite salir amnistiado como preso pol\u00edtico. Reconoce su participaci\u00f3n en el grupo ERAT y el haberlos entregado a la polic\u00eda despu\u00e9s de realizar algunos sustanciosos atracos. En relaci\u00f3n al caso Scala reconoce que su trabajo con los acusados ten\u00eda como objeto incitarles a cometer actos de car\u00e1cter violento para luego entregarlos a la polic\u00eda. Seg\u00fan \u00e9l se trataba con ello de desactivar a potenciales elementos terroristas. Parece ser que alguien crey\u00f3 ver en los acusados a un potencial grupo terrorista y pens\u00f3 que lo mejor era incitar y guiar su desarrollo, bien para destruirlo despu\u00e9s o para que cometiese alg\u00fan acto que pudiera ser beneficioso para los intereses de la seguridad del Estado.<\/span><\/p>\n<p style=\"text-align: justify;\"><span style=\"font-family: arial, helvetica, sans-serif; font-size: 14pt;\">Gamb\u00edn neg\u00f3 haber incitado a los acusados a atentar contra la sala de fiestas, se mantuvo en su versi\u00f3n anterior seg\u00fan la cual se enter\u00f3 de lo sucedido por la noche del mismo domingo 15 de enero, y que inmediatamente se apresur\u00f3 a llamar a la polic\u00eda, a los servicios para los que trabajaba para proporcionarles los nombres de los participantes. Esas podr\u00eda ser una buena explicaci\u00f3n para la r\u00e1pida y brillante operaci\u00f3n policial que resolvi\u00f3 el caso en cuarenta y ocho horas.<\/span><\/p>\n<p style=\"text-align: justify;\"><span style=\"font-family: arial, helvetica, sans-serif; font-size: 14pt;\">Joaqu\u00edn Gamb\u00edn alias el viejo anarquista en los \u00faltimos tiempos vuelve a la c\u00e1rcel, esta vez con su antiguo alias de el Grillo. El 5 de febrero de 1982 el fiscal presenta la acusaci\u00f3n provisional contra Gamb\u00edn, que consist\u00eda en haber ense\u00f1ado a los acusados a fabricar explosivos y en haber fabricado \u00e9l mismo los seis c\u00f3cteles molotov que se utilizaron para atentar contra la sala de fiestas. El fiscal le exculpa de haber participado en el atentado. Gamb\u00edn fue procesado con una petici\u00f3n fiscal de diecis\u00e9is a\u00f1os de prisi\u00f3n, pero el juicio tardar\u00eda a\u00fan dos a\u00f1os en producirse, exactamente hasta el15 de diciembre de 1983.<\/span><\/p>\n<p style=\"text-align: justify;\"><span style=\"font-family: arial, helvetica, sans-serif; font-size: 14pt;\">Durante el juicio Gamb\u00edn no duda de manifestar su condici\u00f3n de confidente y colaborador de la polic\u00eda. De hecho meses antes, el 8 de agosto, estando en la c\u00e1rcel, envi\u00f3 una carta al presidente de la Sala Tercera para pedirle la libertad provisional en justa correspondencia por los servicios prestados a la seguridad del Estado. Su petici\u00f3n no fue considerada. A Gamb\u00edn no le servir\u00edan de nada los servicios prestados, al menos por esta vez.<\/span><\/p>\n<p style=\"text-align: justify;\"><span style=\"font-family: arial, helvetica, sans-serif; font-size: 14pt;\">El juicio dur\u00f3 apenas tres horas. El acusado fue condenado a las penas pedidas por el ministerio fiscal y nadie, empezando por el mismo Tribunal, tuvo el m\u00e1s m\u00ednimo inter\u00e9s en indagar sobre la relaci\u00f3n de procesado con los servicios secretos de la polic\u00eda. Los medios de comunicaci\u00f3n apenas se interesaron por el asunto y se limitaron a rese\u00f1ar las manifestaciones de protesta que se realizaron por parte de grupos libertarios. El caso Scala ya no era noticia.<\/span><\/p>\n<h4 style=\"text-align: justify;\"><span style=\"font-family: arial, helvetica, sans-serif; font-size: 14pt; color: #339966;\"><b>Se cierra el caso<\/b><\/span><\/h4>\n<p style=\"text-align: justify;\"><span style=\"font-family: arial, helvetica, sans-serif; font-size: 14pt;\">El caso se olvid\u00f3 por completo. Los implicados pasaron entre ocho o nueve a\u00f1os en la c\u00e1rcel. La sala de fiestas Scala nunca volvi\u00f3 a reconstruirse y los hermanos Riba due\u00f1os del negocio cobraron la correspondiente indemnizaci\u00f3n de la compa\u00f1\u00eda de seguros. Las familias de las v\u00edctimas nunca supieron el porqu\u00e9 de aquellas muertes, por las que cobraron un total de 850.000 pesetas y una pensi\u00f3n de 18.000 pesetas al mes, y la CNT continu\u00f3 un proceso de declive que le llev\u00f3 a una situaci\u00f3n de pr\u00e1ctica marginalidad.<\/span><\/p>\n<p style=\"text-align: justify;\"><span style=\"font-family: arial, helvetica, sans-serif; font-size: 14pt;\">En estos momentos, dieciocho a\u00f1os despu\u00e9s, cuando hemos conocido con tanto lujo de detalles casos como el GAL, y el CSID, y cuando contamos con tanta informaci\u00f3n sobre c\u00f3mo funcionan las cloacas del Estado, posiblemente podemos analizar los hechos ocurridos entonces con otra perspectiva. No es nuestro prop\u00f3sito aqu\u00ed establecer ninguna verdad \u2013que no conocemos\u2013, ni establecer inocencias ni culpabilidades, pero si de algo resulta dif\u00edcil dudar a estas alturas es de que el atentado contra la sala de fiestas Scala fue articulado y utilizado por servicios pertenecientes a la seguridad del Estado con el fin de desprestigiar a la CNT y poner fin a su desarrollo y crecimiento.<\/span><\/p>\n<p style=\"text-align: justify;\"><span style=\"font-family: arial, helvetica, sans-serif; font-size: 14pt;\">Ahora que el incombustible Mart\u00edn Villa ha vuelto \u2013aunque disminuido de rango\u2013 al Ministerio del Interior, es conveniente recordar este episodio de nuestra historia reciente.<\/span><\/p>\n<p><figure id=\"attachment_11386\" aria-describedby=\"caption-attachment-11386\" style=\"width: 700px\" class=\"wp-caption aligncenter\"><a href=\"https:\/\/puntocritico.com\/ausajpuntocritico\/wp-content\/uploads\/2018\/04\/pages-from-scala.jpg\" rel=\"lightbox[11382]\"><img loading=\"lazy\" decoding=\"async\" class=\"wp-image-11386\" src=\"https:\/\/puntocritico.com\/ausajpuntocritico\/wp-content\/uploads\/2018\/04\/pages-from-scala.jpg\" alt=\"\" width=\"700\" height=\"495\" srcset=\"https:\/\/puntocritico.com\/ausajpuntocritico\/wp-content\/uploads\/2018\/04\/pages-from-scala.jpg 869w, https:\/\/puntocritico.com\/ausajpuntocritico\/wp-content\/uploads\/2018\/04\/pages-from-scala-300x212.jpg 300w, https:\/\/puntocritico.com\/ausajpuntocritico\/wp-content\/uploads\/2018\/04\/pages-from-scala-768x544.jpg 768w\" sizes=\"auto, (max-width: 700px) 100vw, 700px\" \/><\/a><figcaption id=\"caption-attachment-11386\" class=\"wp-caption-text\"><span style=\"color: #008000;\">Publicado en Pol\u00e9mica, n.\u00ba 62-63 (1996)<\/span><\/figcaption><\/figure>\n<\/div>\n<h1 style=\"text-align: center;\"><span style=\"font-size: 14pt;\">\u2666<span style=\"color: #339966;\">\u2666<\/span>\u2666<span style=\"color: #339966;\">\u2666<\/span>\u2666<span style=\"color: #008000;\">\u2666<\/span>\u2666<\/span><\/h1>\n<h1 class=\"entry-title\" style=\"text-align: center;\"><a id=\"ref3\"><\/a><a href=\"#ref3a\">[3]<\/a> 1978, el Caso Scala y el anarcosindicalismo<\/h1>\n<p><span style=\"font-size: 14pt;\">Por Manuel Aisa<\/span><\/p>\n<div><span style=\"color: #339966;\">Art\u00edculo publicado el 22 de noviembre de 2013 en <\/span><\/div>\n<div><a href=\"https:\/\/revistapolemica.wordpress.com\/2013\/11\/22\/1978-el-caso-scala-y-el-anarcosindicalismo\/\" target=\"_blank\" rel=\"noopener\"><span style=\"color: #339966;\">https:\/\/revistapolemica.wordpress.com\/2013\/11\/22\/1978-el-caso-scala-y-el-anarcosindicalismo\/<\/span><\/a><\/div>\n<div>\u00a0<\/div>\n<div><span style=\"font-family: arial, helvetica, sans-serif; font-size: 12pt; color: #339966;\"><b>Publicado en <i>Pol\u00e9mica<\/i>, n.\u00ba 64, junio 1997<\/b><\/span><\/div>\n<div>\u00a0<\/div>\n<div>\n<p style=\"text-align: justify;\"><span style=\"font-family: arial, helvetica, sans-serif; font-size: 14pt;\">Me he animado a escribir estas cuartillas porque he cre\u00eddo ver algunas imprecisiones en el <a title=\"El Caso Scala. Un proceso contra el\u00a0anarcosindicalismo\" href=\"https:\/\/revistapolemica.wordpress.com\/2013\/01\/30\/el-caso-scala-un-proceso-contra-el-anarcosindicalismo\/\" target=\"_blank\" rel=\"noopener\"><b>dosier sobre el Caso Scala<\/b><\/a> aparecido en el n\u00b0 62-63 de <i>Pol\u00e9mica<\/i> y ya que invit\u00e1is a hablar del tema y puesto que de alguna manera viv\u00ed con intensidad aquellos d\u00edas de primeros de a\u00f1o de 1978, aqu\u00ed va mi peque\u00f1a aportaci\u00f3n.<\/span><\/p>\n<p class=\"mce-wp-more\" style=\"text-align: justify;\" title=\"M\u00e1s...\"><span style=\"font-family: arial, helvetica, sans-serif; font-size: 14pt;\">Por aquel tiempo ten\u00eda el cargo de Secretario de organizaci\u00f3n de la Federaci\u00f3n Local (FL) de CNT en Barcelona. En aquel entonces la Federaci\u00f3n Local eleg\u00eda a un Secretario General y las distintas secretar\u00edas corr\u00edan a cargo de diferentes sindicatos elegidos por las delegaciones de la FL y estos en asamblea de sindicato eleg\u00edan al compa\u00f1ero destinado a dicho cargo, as\u00ed pues, el sindicato de la construcci\u00f3n de la CNT, al cual pertenec\u00eda, me encomend\u00f3 la tarea de ocupar la Secretar\u00eda de Organizaci\u00f3n del que ser\u00eda el primer comit\u00e9 local de la CNT de Barcelona una vez legalizado el sindicato en 1977.<\/span><\/p>\n<figure id=\"attachment_11417\" aria-describedby=\"caption-attachment-11417\" style=\"width: 710px\" class=\"wp-caption aligncenter\"><a href=\"https:\/\/puntocritico.com\/ausajpuntocritico\/wp-content\/uploads\/2018\/04\/mitin-monjuic.jpg\" rel=\"lightbox[11382]\"><img loading=\"lazy\" decoding=\"async\" class=\"wp-image-11417\" src=\"https:\/\/puntocritico.com\/ausajpuntocritico\/wp-content\/uploads\/2018\/04\/mitin-monjuic-300x181.jpg\" alt=\"\" width=\"710\" height=\"428\" srcset=\"https:\/\/puntocritico.com\/ausajpuntocritico\/wp-content\/uploads\/2018\/04\/mitin-monjuic-300x181.jpg 300w, https:\/\/puntocritico.com\/ausajpuntocritico\/wp-content\/uploads\/2018\/04\/mitin-monjuic-768x464.jpg 768w, https:\/\/puntocritico.com\/ausajpuntocritico\/wp-content\/uploads\/2018\/04\/mitin-monjuic.jpg 1024w\" sizes=\"auto, (max-width: 710px) 100vw, 710px\" \/><\/a><figcaption id=\"caption-attachment-11417\" class=\"wp-caption-text\"><span style=\"color: #008000;\">M\u00edting de Montjuich<\/span><\/figcaption><\/figure>\n<p class=\"mce-wp-more\" style=\"text-align: justify;\" title=\"M\u00e1s...\"><span style=\"font-family: arial, helvetica, sans-serif; font-size: 14pt;\">Como la mayor\u00eda de aquellos j\u00f3venes que acudimos a la CNT, era un gran ne\u00f3fito poco hecho en asambleas, en discusiones bizantinas o de susurros de pasillo, que se encontr\u00f3 con un cargo importante en la organizaci\u00f3n, cuanto menos de gesti\u00f3n. Fue un a\u00f1o muy intenso en el que aprendimos todos aceleradamente, Jornadas Libertarias, Mitin de Montjuich, Incendio de La Modelo, Llibertat d\u2019expressi\u00f3 (Boadella), Jornadas de Osona, huelga del transporte, huelga gasolineras, Pacto Moncloa, asesinato Agust\u00edn Rueda, Caso Scala, etc. La Secretar\u00eda de Organizaci\u00f3n se nutr\u00eda de un delegado de cada sindicato que una vez por semana se reun\u00edan para llevar a t\u00e9rmino los acuerdos adoptados por el Pleno de la Federaci\u00f3n Local. Por aquel entonces la Secretar\u00eda de Organizaci\u00f3n junto al Secretario de la FL ten\u00eda a su cargo la coordinaci\u00f3n del comit\u00e9 local, as\u00ed como la puesta a punto de su sede en aquel entonces en la Plaza Real. Y de todos cuantos actos se realizaban ya fueran manifestaciones, m\u00edtines conferencias, etc., en fin, todos los detalles log\u00edsticos pasaban por la Secretar\u00eda de Organizaci\u00f3n. Naturalmente siempre con la prisa y la improvisaci\u00f3n como principal elemento de empuje, y el nada despreciable factor humano (la militancia) que en aquel momento era muy importante ya que siempre encontrabas los compa\u00f1eros que se ofrec\u00edan generosos para cualquiera de las tareas encomendadas. Esta era pues en s\u00edntesis la cara p\u00fablica de la Secretar\u00eda, pero puestos en el momento de lucha en que est\u00e1bamos, en plena transici\u00f3n, la psicosis de las infiltraciones policiales, etc., ten\u00edamos nuestro propio grupo de autodefensa que llam\u00e1bamos \u00abServicio de orden\u00bb que se dedicaba sobre todo al control de cualquier acto p\u00fablico y el \u00abServicio de organizaci\u00f3n\u00bb, cuya tarea consist\u00eda en la recogida de informaci\u00f3n sobre elementos fascistas, parapoliciales, y de posibles infiltrados y adem\u00e1s estaba alerta en los actos p\u00fablicos de una manera mucho m\u00e1s discreta que el \u00abServicio de orden\u00bb, sobre todo en los casos de manifestaciones y huelgas.<\/span><\/p>\n<p style=\"text-align: justify;\"><span style=\"font-family: arial, helvetica, sans-serif; font-size: 14pt;\">De cualquier forma y visto desde la lejan\u00eda de los a\u00f1os que han transcurrido, me doy cuenta de que suspendimos el examen con un cero rotundo, ya que nuestro car\u00e1cter y forma de ser nos imped\u00eda actuar con la rigidez necesaria para estos casos. Era una organizaci\u00f3n en la que verdaderamente exist\u00eda el recelo, puesto que la experiencia de los viejos militantes nos lo aconsejaba, pero la sangre caliente de nuestra juventud y nuestras ansias de vivir en la libertad, nos hac\u00eda tremendamente generosos y abiertos al compa\u00f1erismo. No era m\u00e1s que nuestra \u00abprimavera\u00bb y nos tocaba vivirla con intensidad.<\/span><\/p>\n<p style=\"text-align: justify;\"><span style=\"font-family: arial, helvetica, sans-serif; font-size: 14pt;\">En aquel tiempo, me imagino que los partidos pol\u00edticos (sobre todo los marxistas) contaban con una infraestructura similar a la nuestra pero mucho m\u00e1s f\u00e9rrea.<\/span><\/p>\n<figure id=\"attachment_11390\" aria-describedby=\"caption-attachment-11390\" style=\"width: 316px\" class=\"wp-caption aligncenter\"><a href=\"https:\/\/puntocritico.com\/ausajpuntocritico\/wp-content\/uploads\/2018\/04\/image.jpg\" rel=\"lightbox[11382]\"><img loading=\"lazy\" decoding=\"async\" class=\"wp-image-11390 size-full\" src=\"https:\/\/puntocritico.com\/ausajpuntocritico\/wp-content\/uploads\/2018\/04\/image.jpg\" alt=\"\" width=\"316\" height=\"597\" srcset=\"https:\/\/puntocritico.com\/ausajpuntocritico\/wp-content\/uploads\/2018\/04\/image.jpg 316w, https:\/\/puntocritico.com\/ausajpuntocritico\/wp-content\/uploads\/2018\/04\/image-159x300.jpg 159w\" sizes=\"auto, (max-width: 316px) 100vw, 316px\" \/><\/a><figcaption id=\"caption-attachment-11390\" class=\"wp-caption-text\"><span style=\"color: #008000;\">Gamb\u00edn<\/span><\/figcaption><\/figure>\n<p style=\"text-align: justify;\"><span style=\"font-family: arial, helvetica, sans-serif; font-size: 14pt;\">Conoc\u00ed a <\/span><b style=\"font-family: arial, helvetica, sans-serif; font-size: 14pt;\">Gamb\u00edn <\/b><span style=\"font-family: arial, helvetica, sans-serif; font-size: 14pt;\">un d\u00eda antes de la manifestaci\u00f3n contra el Pacto de la Moncloa, lleg\u00f3 a la FL junto a otro compa\u00f1ero del que desconozco cualquier dato, all\u00ed nos los presentaron como bravos compa\u00f1eros reci\u00e9n llegados de Murcia. La figura de Gamb\u00edn no se me vendi\u00f3 como un viejo anarquista, sino m\u00e1s bien como la de un bravo luchador de aquellos que sacan pecho y se enfrentan con fuerza a la polic\u00eda. Al menos esa fue la impresi\u00f3n de aquel momento. Como ya era mediod\u00eda aprovechamos para cerrar el local y para tomar el aperitivo en una de las terrazas de la Plaza Real. All\u00ed, entre sorbo y sorbo, coment\u00e1bamos los preparativos del d\u00eda siguiente, cuando acto seguido nos dimos cuenta de que Gamb\u00edn hab\u00eda desaparecido y\u2026<\/span><\/p>\n<p style=\"text-align: justify;\"><span style=\"font-family: arial, helvetica, sans-serif; font-size: 14pt;\">Al d\u00eda siguiente, ya en la Avenida del Paralelo, y como responsable de aquella manifestaci\u00f3n, como siempre ten\u00eda muy claro que hab\u00eda que evitar cualquier provocaci\u00f3n y por ello los compa\u00f1eros del sindicato de la construcci\u00f3n que formaban el Servicio del orden aquel d\u00eda, discretamente abr\u00edan y cerraban la manifestaci\u00f3n, siempre con la intenci\u00f3n de evitar cualquier anomal\u00eda (y los fantasmas de los fachas que por aquel entonces tambi\u00e9n exist\u00edan). As\u00ed pues, nuestra preocupaci\u00f3n era de que todo trascurriera con plena normalidad y aunque detectamos compa\u00f1eros cargados de c\u00f3cteles molotov conseguimos que respetaran el car\u00e1cter pac\u00edfico de la manifestaci\u00f3n.<\/span><\/p>\n<p style=\"text-align: justify;\"><span style=\"font-family: arial, helvetica, sans-serif; font-size: 14pt;\">Una vez terminada \u00e9sta parec\u00eda que todo hab\u00eda salido a pedir de boca, ya que la participaci\u00f3n hab\u00eda sido masiva, e incluso con la presencia de trabajadores de la f\u00e1brica Bimbo de Granollers, en aquellos momentos en lucha, y se hab\u00eda dejado de o\u00edr el grito un\u00e1nime de rechazo al Pacto de la Moncloa. Recogidos los utensilios (pancartas, etc.) un grupo de compa\u00f1eros decidimos tomar el aperitivo en el propio Paralelo, en frente hab\u00eda una pantalla de televisi\u00f3n a la que apenas prest\u00e1bamos inter\u00e9s hasta que llegaron las noticias <i>flash<\/i> de la manifestaci\u00f3n de la CNT, casi mezcladas con el incendio de la sala de fiestas Scala. All\u00ed, en la misma avenida del Paralelo, cuando apenas hab\u00eda transcurrido una hora escasa del t\u00e9rmino de la manifestaci\u00f3n, nos dimos cuenta de la gravedad del asunto. Los sucesivos telediarios y al d\u00eda siguiente la cabecera de peri\u00f3dicos como el <i>Noticiero Universal<\/i> no dejaban duda de la trama. Tal como se fueron conociendo los nombres de los detenidos no hab\u00eda duda del intento de implicaci\u00f3n de la CNT, al menos dos de los detenidos pertenec\u00edan o hab\u00edan pertenecido en alg\u00fan momento a la Secretar\u00eda de Organizaci\u00f3n de la FL.<\/span><\/p>\n<p style=\"text-align: justify;\"><span style=\"font-family: arial, helvetica, sans-serif; font-size: 14pt;\">As\u00ed pues, no fueron 48 horas como dec\u00eds en vuestro dosier, sino escasamente una hora lo que necesitamos para darnos cuenta de que aquel plan tan maquiav\u00e9lico nos iba a salpicar por alg\u00fan tiempo. Otro aspecto en el que discrepo es en las declaraciones de <b>Bond\u00eda<\/b> a la prensa de Madrid, y sobre todo en el enfoque que le dais y en el contexto en el que se produce.<\/span><\/p>\n<p style=\"text-align: justify;\"><span style=\"font-family: arial, helvetica, sans-serif; font-size: 14pt;\">Recuerdo las continuas reuniones de Bond\u00eda en el bar <i>La Fragua<\/i> de Barcelona durante su mandato como Secretario del Comit\u00e9 Nacional de la CNT, a las cuales asist\u00ed en m\u00e1s de una ocasi\u00f3n, y la propuesta que un buen d\u00eda nos trajo, maquinada en el seno de los socialistas madrile\u00f1os con el objetivo de terminar con la hegemon\u00eda sindical de CC OO, la cual nunca llegu\u00e9 a entender realmente c\u00f3mo se pod\u00eda llegar a proponer a una organizaci\u00f3n como la CNT, que adem\u00e1s en ning\u00fan momento hab\u00eda aceptado entrar en el juego pol\u00edtico, elecciones sindicales y dem\u00e1s. Eso ocurr\u00eda en el invierno del 1981 o 1982 y los militantes cenetistas quer\u00edamos recuperar terreno y sobre todo ilusi\u00f3n, pero sin duda quien hab\u00eda elaborado aquella propuesta desconoc\u00eda a la CNT y sobre todo su estructura, o bien no era m\u00e1s que una m\u00e1s de las trampas para machacar despu\u00e9s al anarcosindicalismo. Cuando recuerdo la imagen de los plenos regionales de aquellos a\u00f1os (1977-1978) celebrados en los locales, bien del Sindicato Espect\u00e1culos en el Pasaje de la Paz o en los celebrados en Artes Gr\u00e1ficas de la calle Riereta, entre otros, me doy cuenta perfectamente del manique\u00edsmo de aquellas asambleas, casi siempre radicalizadas en dos o tres posturas muy diferenciadas, que retomaban el debate de 1936 o, mejor a\u00fan, el de los primeros a\u00f1os del exilio en Francia. Sin duda la gente joven que como yo se hab\u00eda acercado al anarcosindicalismo, con un gran desconocimiento pero cargado de grandes ilusiones, se vio forzada a tomar partido por esas posturas, lo que motiv\u00f3 un desgaste interno que nunca hasta hoy ha sabido aflorar hacia el exterior.<\/span><\/p>\n<p style=\"text-align: justify;\"><span style=\"font-family: arial, helvetica, sans-serif; font-size: 14pt;\">Cuando en realidad de lo que se trataba era de crear un punto de apoyo para la continuidad del anarcosindicalismo en Espa\u00f1a. Es decir, la creaci\u00f3n de una generaci\u00f3n puente que en aquel momento no exist\u00eda y hoy mucho menos.<\/span><\/p>\n<p style=\"text-align: justify;\"><span style=\"font-family: arial, helvetica, sans-serif; font-size: 14pt;\">Es l\u00e1stima constatar que en aquel momento no se tuvo la suficiente visi\u00f3n, como para darse cuenta, que el camino ideol\u00f3gico era mucho m\u00e1s largo y que por lo tanto hab\u00eda que ser mucho m\u00e1s condescendientes los unos con los otros. Pero, sin duda, la misma din\u00e1mica de los acontecimientos impidieron la reflexi\u00f3n que con el transcurrir del tiempo podemos hacer hoy.<\/span><\/p>\n<p style=\"text-align: justify;\"><span style=\"font-family: arial, helvetica, sans-serif; font-size: 14pt;\">Creo que el anarcosindicalismo s\u00f3lo tendr\u00e1 vigencia cuando una nueva generaci\u00f3n tenga la capacidad de cuestionar el discurso \u00abdemocr\u00e1tico\u00bb de los partidos pol\u00edticos y la legislaci\u00f3n de sus leyes democr\u00e1ticas, que actualmente tienden cada vez m\u00e1s hacia el discurso derechista. Pero esa nueva generaci\u00f3n precisa de una generaci\u00f3n consciente como puente, y para ello, desde una perspectiva libertaria, creo que s\u00f3lo hay un camino, que pasa por diferenciar los campos de actuaci\u00f3n del anarquismo y del anarcosindicalismo en sus m\u00faltiples corrientes y desde luego no interferirse en absoluto.<\/span><\/p>\n<p style=\"text-align: justify;\"><span style=\"font-family: arial, helvetica, sans-serif; font-size: 14pt;\">El movimiento libertario espa\u00f1ol tiene suficiente historia como para analizarla en profundidad y recoger la ense\u00f1anza adquirida para aplicarla estrat\u00e9gicamente en cada momento.<\/span><\/p>\n<h1 style=\"text-align: center;\"><span style=\"font-size: 14pt;\">\u2666<span style=\"color: #339966;\">\u2666<\/span>\u2666<span style=\"color: #339966;\">\u2666<\/span>\u2666<span style=\"color: #008000;\">\u2666<\/span>\u2666<\/span><\/h1>\n<figure id=\"attachment_11418\" aria-describedby=\"caption-attachment-11418\" style=\"width: 540px\" class=\"wp-caption aligncenter\"><a href=\"https:\/\/puntocritico.com\/ausajpuntocritico\/wp-content\/uploads\/2018\/04\/firma-pactos-moncloa.jpg\" rel=\"lightbox[11382]\"><img loading=\"lazy\" decoding=\"async\" class=\"wp-image-11418 size-full\" src=\"https:\/\/puntocritico.com\/ausajpuntocritico\/wp-content\/uploads\/2018\/04\/firma-pactos-moncloa.jpg\" alt=\"\" width=\"540\" height=\"360\" srcset=\"https:\/\/puntocritico.com\/ausajpuntocritico\/wp-content\/uploads\/2018\/04\/firma-pactos-moncloa.jpg 540w, https:\/\/puntocritico.com\/ausajpuntocritico\/wp-content\/uploads\/2018\/04\/firma-pactos-moncloa-300x200.jpg 300w\" sizes=\"auto, (max-width: 540px) 100vw, 540px\" \/><\/a><figcaption id=\"caption-attachment-11418\" class=\"wp-caption-text\"><span style=\"color: #008000;\">Firma Pactos de la Moncloa<\/span><\/figcaption><\/figure>\n<div id=\"attachment_5590\">\n<h1 style=\"text-align: center;\"><span style=\"font-size: 14pt;\">\u2666<span style=\"color: #339966;\">\u2666<\/span>\u2666<span style=\"color: #339966;\">\u2666<\/span>\u2666<span style=\"color: #008000;\">\u2666<\/span>\u2666<\/span><\/h1>\n<h1 style=\"text-align: center;\"><a href=\"#ref4a\">[4]<\/a> Fallece Jos\u00e9 Luis Garc\u00eda R\u00faa, el primer heterodoxo de ATL\u00c1NTICA XXII<\/h1>\n<p><span style=\"color: #339966;\">Art\u00edculo publicado el 6 de enero de 2017 en:\u00a0<\/span><\/div>\n<div><a href=\"http:\/\/www.atlanticaxxii.com\/fallece-jose-luis-garcia-rua-primer-heterodoxo-atlantica-xxii\/\" target=\"_blank\" rel=\"noopener\"><span style=\"color: #339966;\">http:\/\/www.atlanticaxxii.com\/fallece-jose-luis-garcia-rua-primer-heterodoxo-atlantica-xxii\/<\/span><\/a><\/div>\n<\/div>\n<div>\u00a0<\/div>\n<div>\n<p style=\"text-align: justify;\"><span style=\"font-family: arial, helvetica, sans-serif; font-size: 14pt;\">El fallecimiento esta madrugada (6 enero 2017) en Granada, a los 93 a\u00f1os, del fil\u00f3sofo anarquista de origen gijon\u00e9s Jos\u00e9 Luis Garc\u00eda R\u00faa deja un hondo pesar y el recuerdo de quien fuera el primer entrevistado en la secci\u00f3n GALER\u00cdA DE HETERODOXOS\/AS de ATL\u00c1NTICA XXII. El director de la revista, Xuan C\u00e1ndano, ten\u00eda muy claro desde un principio que la personalidad poderosa de este catedr\u00e1tico singular merec\u00eda inaugurar esta secci\u00f3n clave del nuevo proyecto period\u00edstico, iniciando con ello una relaci\u00f3n que se transformar\u00eda en posteriores colaboraciones. En su homenaje, reproducimos a continuaci\u00f3n esta entrevista, publicada originalmente en el n\u00famero 1 de ATL\u00c1NTICA XXII, de marzo de 2009.<\/span>\u00a0<\/p>\n<\/div>\n<div>\n<div>\n<figure id=\"attachment_11391\" aria-describedby=\"caption-attachment-11391\" style=\"width: 678px\" class=\"wp-caption aligncenter\"><a href=\"https:\/\/puntocritico.com\/ausajpuntocritico\/wp-content\/uploads\/2018\/04\/Garc\u00eda-R\u00faa1-1024x756.jpg\" rel=\"lightbox[11382]\"><img loading=\"lazy\" decoding=\"async\" class=\"wp-image-11391\" src=\"https:\/\/puntocritico.com\/ausajpuntocritico\/wp-content\/uploads\/2018\/04\/Garc\u00eda-R\u00faa1-1024x756.jpg\" alt=\"\" width=\"678\" height=\"501\" srcset=\"https:\/\/puntocritico.com\/ausajpuntocritico\/wp-content\/uploads\/2018\/04\/Garc\u00eda-R\u00faa1-1024x756.jpg 1024w, https:\/\/puntocritico.com\/ausajpuntocritico\/wp-content\/uploads\/2018\/04\/Garc\u00eda-R\u00faa1-1024x756-300x221.jpg 300w, https:\/\/puntocritico.com\/ausajpuntocritico\/wp-content\/uploads\/2018\/04\/Garc\u00eda-R\u00faa1-1024x756-768x567.jpg 768w, https:\/\/puntocritico.com\/ausajpuntocritico\/wp-content\/uploads\/2018\/04\/Garc\u00eda-R\u00faa1-1024x756-80x60.jpg 80w\" sizes=\"auto, (max-width: 678px) 100vw, 678px\" \/><\/a><figcaption id=\"caption-attachment-11391\" class=\"wp-caption-text\"><span style=\"font-size: 10pt; color: #339966;\"><strong>Jos\u00e9 Luis Garc\u00eda R\u00faa recibi\u00f3 a ATL\u00c1NTICA XXII con su caracter\u00edstica intensidad. Foto \/ Juan Ferreras.<\/strong><\/span><\/figcaption><\/figure>\n<\/div>\n<h1 style=\"text-align: justify;\"><span style=\"font-family: arial, helvetica, sans-serif; font-size: 14pt; color: #339966;\">Jos\u00e9 Luis Garc\u00eda R\u00faa: \u201cEsto es franquismo con formas democr\u00e1ticas\u201d<\/span><\/h1>\n<p style=\"text-align: justify;\"><span style=\"font-family: arial, helvetica, sans-serif; font-size: 14pt;\">A su edad, y con las decepciones de la vida, \u00bfa\u00fan mantiene la fe en el ser humano y el sue\u00f1o de un mundo sin Estado?<\/span><\/p>\n<p style=\"text-align: justify;\"><span style=\"font-family: arial, helvetica, sans-serif; font-size: 14pt;\">\u00abDesde luego, sin esa fe no encontrar\u00eda sentido a la vida. No se trata de ver ese sue\u00f1o realizado, se trata de luchar en su construcci\u00f3n\u00bb.<\/span><\/p>\n<p style=\"text-align: justify;\"><span style=\"font-family: arial, helvetica, sans-serif; font-size: 14pt;\">Fil\u00f3sofo, latinista, ensayista y poeta, Jos\u00e9 Luis Garc\u00eda R\u00faa (Gij\u00f3n, 1923) mantiene el activismo y la combatividad que le han convertido en un referente para muchos ciudadanos rebeldes, que ven en este anarquista gijon\u00e9s a un santo laico y a un maestro de varias generaciones. Hijo de un obrero cenetista muerto en la Guerra Civil, Garc\u00eda R\u00faa fue obrero de la construcci\u00f3n y minero en La Camocha, antes de estudiar en la Universidad de Oviedo y pasar despu\u00e9s a la de Salamanca, donde fue adjunto del fil\u00f3logo Antonio Tovar.<\/span><\/p>\n<p style=\"text-align: justify;\"><span style=\"font-family: arial, helvetica, sans-serif; font-size: 14pt;\">Tambi\u00e9n estuvo cuatro a\u00f1os de lector en las Universidades alemanas de Munich y Maguncia en la d\u00e9cada de los cincuenta, antes de regresar a Gij\u00f3n, donde mont\u00f3 una Academia que fue una ins\u00f3lita escuela de aprendizaje cultural y pol\u00edtico para los obreros y un centro de resistencia antifranquista donde se formaron muchos dirigentes de la izquierda asturiana. Tras seis a\u00f1os de actividad, aquella Universidad popular gratuita, donde no hab\u00eda t\u00edtulos ni jerarqu\u00edas entre alumnos y profesores, fue clausurada por la Polic\u00eda en 1965.\u00a0Perseguido por las autoridades educativas franquistas y por el Opus Dei, fue expulsado de la Universidad de Oviedo en 1963 cuando daba clases en la Escuela de Comercio. Fue secretario general de CNT (1986-1990) y director del peri\u00f3dico del sindicato anarquista. Se jubil\u00f3 como catedr\u00e1tico de Filosof\u00eda en la Universidad de Granada, donde a\u00fan vive. Atendi\u00f3 a esta revista desde su domicilio en un barrio obrero granadino, mientras se recuperaba de una afecci\u00f3n pulmonar que le tuvo hospitalizado unos d\u00edas e impidi\u00f3 su presencia en Gij\u00f3n durante la semana cultural que lleva su nombre, un rito anual para los muchos seguidores que tiene en su ciudad natal.<\/span><\/p>\n<p style=\"text-align: justify;\"><em><span style=\"font-family: arial, helvetica, sans-serif; font-size: 14pt;\">Xuan C\u00e1ndano \/ Periodista<\/span><\/em><\/p>\n<p style=\"text-align: justify;\"><strong><span style=\"font-family: arial, helvetica, sans-serif; font-size: 14pt;\">Un obrero que llega a la Universidad en la posguerra y acaba de catedr\u00e1tico es ins\u00f3lito. \u00bfC\u00f3mo lo consigui\u00f3?<\/span><\/strong><\/p>\n<p style=\"text-align: justify;\"><span style=\"font-family: arial, helvetica, sans-serif; font-size: 14pt;\">Yo me hice mucho esa pregunta. En los campos de concentraci\u00f3n en Francia, siendo un cr\u00edo, no imaginaba que ser\u00eda profesor en Salamanca. Las cosas me las fue dando la vida. Cuando vuelvo del campo de concentraci\u00f3n a Gij\u00f3n, Espa\u00f1a est\u00e1 destruida y voy al mundo del trabajo. El due\u00f1o de una f\u00e1brica de baldosas en la que estuve me dijo un d\u00eda que trabajaba poco. Le dije que para lo que me pagaba trabajaba demasiado. Cobraba siete pesetas y un litro de aceite costaba cien. Me ech\u00f3. Entonces me propuse estudiar y ser independiente. Quise ser m\u00e9dico, pero no pod\u00eda porque no hab\u00eda dinero en casa. Fui haciendo la carrera de Filosof\u00eda y Letras como pude, dando clases; la gente ped\u00eda lat\u00edn y griego, por eso hice Cl\u00e1sicas, que luego me entusiasm\u00f3. Sigo pensando que hay que procurar un mundo donde las personas sean lo m\u00e1s independientes posible.<\/span><\/p>\n<p style=\"text-align: justify;\"><strong><span style=\"font-family: arial, helvetica, sans-serif; font-size: 14pt;\">\u00bfSe hizo usted rebelde y antifranquista por imposici\u00f3n biogr\u00e1fica?<\/span><\/strong><\/p>\n<p style=\"text-align: justify;\"><span style=\"font-family: arial, helvetica, sans-serif; font-size: 14pt;\">Mi padre era un militante destacado de CNT. Proven\u00eda del POUM. Yo me recuerdo pintando hoces y martillos por las paredes. El campo de concentraci\u00f3n de Barcar\u00e9s fue para m\u00ed una verdadera Universidad. Ah\u00ed empec\u00e9 a distinguir las opciones pol\u00edticas. Me influy\u00f3 mucho un joven anarquista de Gij\u00f3n que se hab\u00eda salvado tras ser fusilado, herido entre cad\u00e1veres apilados. Aquel hombre defend\u00eda sus ideas, pero tambi\u00e9n las ejerc\u00eda y las practicaba. Era el \u00fanico del campo de concentraci\u00f3n que cuando recib\u00eda el paquete con comida lo repart\u00eda con todo el mundo. Me llam\u00f3 la atenci\u00f3n su manera de razonar pero tambi\u00e9n me dio una inclinaci\u00f3n hacia la necesidad de conjugar el decir y el hacer. Luego fui antifranquista y comunista en Alemania en los cincuenta. Discut\u00eda en las tertulias y aquello me trajo problemas tremendos con las autoridades. M\u00e1s tarde tuvo \u00e9xito en Gij\u00f3n la Plataforma contra el r\u00e9gimen que montamos. Hab\u00eda anarquistas, comunistas, socialistas, cristianos. Ver lo que cada formaci\u00f3n daba de s\u00ed me llev\u00f3 a pensar en una Plataforma Independiente y en las Comunas Revolucionarias de Acci\u00f3n Socialista (CRAS). Despu\u00e9s la experiencia me llev\u00f3 a un discurso anarquista y la l\u00f3gica y el razonamiento me hicieron llegar a donde estoy. Pero, desde luego, haber nacido en una familia revolucionaria y proletaria me marc\u00f3 de por vida.<\/span><\/p>\n<p style=\"text-align: justify;\"><strong><span style=\"font-family: arial, helvetica, sans-serif; font-size: 14pt;\">En Salamanca, en la \u00e9poca m\u00e1s dura del franquismo, estaba usted en aquel grupo de escritores e intelectuales de la oposici\u00f3n de las letras, con Carmen Mart\u00edn Gaite, Ignacio Aldecoa, Rafael S\u00e1nchez Ferlosio, que era un asiduo\u2026 \u00bfAgust\u00edn Garc\u00eda Calvo y usted eran el ala radical y libertaria?<\/span><\/strong><\/p>\n<p style=\"text-align: justify;\"><span style=\"font-family: arial, helvetica, sans-serif; font-size: 14pt;\">Recuerdo que s\u00ed. Tambi\u00e9n estaba Manolo Ballesteros, del PC, que jug\u00f3 un papel muy importante en aquel despertar. En Salamanca aprend\u00ed a enlazar el discurso te\u00f3rico de manera m\u00e1s consistente. La relaci\u00f3n con Garc\u00eda Calvo me aclar\u00f3 muchas cuestiones. El paso a la acci\u00f3n fue a la vuelta de Alemania. Me convenc\u00ed de que sin acci\u00f3n pr\u00e1ctica no hay teor\u00eda que valga y en esa l\u00ednea me mantengo.<\/span><\/p>\n<p style=\"text-align: justify;\"><strong><span style=\"font-family: arial, helvetica, sans-serif; font-size: 14pt;\">En Salamanca coincidi\u00f3 con Gustavo Bueno.<\/span><\/strong><\/p>\n<p style=\"text-align: justify;\"><span style=\"font-family: arial, helvetica, sans-serif; font-size: 14pt;\">Y mantuve una relaci\u00f3n con \u00e9l hasta mucho m\u00e1s tarde. Con Bueno esa relaci\u00f3n empez\u00f3 por la v\u00eda profesional. Yo empec\u00e9 entonces a publicar en la Revista de Filosof\u00eda. Luego volv\u00ed a tropezar con \u00e9l en Asturias. Fue de los que influy\u00f3 para que me contratase la Universidad de Oviedo, hasta que me ech\u00f3 el rector Virgili. Cuando me expuls\u00f3, s\u00f3lo Bueno, Alarcos y un catedr\u00e1tico de Instituto de Oviedo, cuyo nombre no recuerdo ahora, firmaron un escrito apoy\u00e1ndome. Bueno fue muchas veces a la Academia de la calle Cura Sama y tuvimos estrecha relaci\u00f3n entonces. Luego me fui distanciado de \u00e9l, con su acercamiento al PC\u2026<\/span><\/p>\n<p style=\"text-align: justify;\"><strong><span style=\"font-family: arial, helvetica, sans-serif; font-size: 14pt;\">\u00bfQu\u00e9 le parece su viraje ideol\u00f3gico?<\/span><\/strong><\/p>\n<p style=\"text-align: justify;\"><span style=\"font-family: arial, helvetica, sans-serif; font-size: 14pt;\">Por lo que me cuentan, porque no lo sigo mucho, no me gusta nada. Es partidario de la pena de muerte\u2026<\/span><\/p>\n<p style=\"text-align: justify;\"><strong><span style=\"font-family: arial, helvetica, sans-serif; font-size: 14pt;\">La carrera y la figura p\u00fablica de dos fil\u00f3sofos de la misma generaci\u00f3n como Bueno y usted parecen divergentes\u2026<\/span><\/strong><\/p>\n<p style=\"text-align: justify;\"><span style=\"font-family: arial, helvetica, sans-serif; font-size: 14pt;\">En Salamanca era falangista. Yo no puedo juzgar ni me gusta. Pero est\u00e1 claro que su manera de pensar y razonar es distinta a la m\u00eda y no hay posibilidad de acercamiento. No s\u00e9 si ha vuelto a los or\u00edgenes o que argumentos puede tener para ese retorno en relaci\u00f3n a sus posiciones en los sesenta o los setenta.<\/span><\/p>\n<p style=\"text-align: justify;\"><strong><span style=\"font-family: arial, helvetica, sans-serif; font-size: 14pt;\">\u00bfLa filosof\u00eda se escribe en alem\u00e1n?<\/span><\/strong><\/p>\n<p style=\"text-align: justify;\"><span style=\"font-family: arial, helvetica, sans-serif; font-size: 14pt;\">Se entiende sin Alemania, porque viene de Grecia, pero Alemania hizo grandes aportaciones a la filosof\u00eda. En Alemania no me mov\u00eda en temas filos\u00f3ficos, estaba interesado en cuestiones pol\u00edticas. La democracia en Alemania Occidental era falsa, dictatorial. Respetaba las formas, pero her\u00eda a los contrarios a las ideas occidentales. Yo sufr\u00ed represi\u00f3n, me ten\u00edan por un comunista encapotao, pero me sirvi\u00f3 para conocer de cerca la falsedad de la democracia formal. Alemania fue decisiva en la ruta de mi vida, pero en sentido negativo.<\/span><\/p>\n<p style=\"text-align: justify;\"><strong><span style=\"font-family: arial, helvetica, sans-serif; font-size: 14pt;\">La Academia que mont\u00f3 en Gij\u00f3n, \u00bfsegu\u00eda la huella de la Escuela Neutra del anarquista Eleuterio Quintanilla?<\/span><\/strong><\/p>\n<p style=\"text-align: justify;\"><span style=\"font-family: arial, helvetica, sans-serif; font-size: 14pt;\">Yo asist\u00ed a la Escuela de Quintanilla desde los ocho hasta los trece a\u00f1os. De ni\u00f1o era muy rebelde, no prestaba atenci\u00f3n a los estudios, solo lo hice despu\u00e9s de la muerte de mi padre. Lo que saqu\u00e9 de Eleuterio Quintanilla fue el sentido po\u00e9tico de sus lecturas. Ten\u00eda una voz preciosa, le\u00eda p\u00e1rrafos del Quijote, poes\u00eda\u2026 Daba gran importancia a la lectura, todav\u00eda recuerdo de memoria sus poes\u00edas\u2026 para m\u00ed eso sigue siendo muy valioso. Le llam\u00e1bamos Terio, \u00edbamos con \u00e9l a la playa, la relaci\u00f3n era muy familiar. La mejor ense\u00f1anza que me leg\u00f3 Quintanilla fue un d\u00eda en plena guerra. Son\u00f3 la sirena avisando de un bombardeo y nos dijo \u00abviene la aviaci\u00f3n, hay un refugio en la calle Fern\u00e1ndez Vall\u00edn, el que quiera marchar que se marche y el que quiera quedarse que se quede\u00bb. Quedamos cuatro y \u00e9l sigui\u00f3 explicando franc\u00e9s tan tranquilo, con aquella avalancha de bombas. Para m\u00ed fue una gran ense\u00f1anza, su mejor lecci\u00f3n, aquella serenidad en las circunstancias m\u00e1s duras\u2026 Pero aquella era una escuela neutra, neutra, y la Academia lo primero que atacaba era a la ense\u00f1anza en si misma. Sobre todo ejerc\u00edamos la cr\u00edtica a la forma de ense\u00f1ar. Ense\u00f1\u00e1bamos lat\u00edn a los obreros, que les gustaba. Hab\u00eda una inclinaci\u00f3n pol\u00edtica que no ten\u00eda la Neutra. En la Academia nos propon\u00edamos ser una avanzadilla pol\u00edtica para la supresi\u00f3n del r\u00e9gimen franquista.<\/span><\/p>\n<p style=\"text-align: justify;\"><strong><span style=\"font-family: arial, helvetica, sans-serif; font-size: 14pt;\">\u00bfFue una escuela de formaci\u00f3n de cuadros de la izquierda asturiana?<\/span><\/strong><\/p>\n<p style=\"text-align: justify;\"><span style=\"font-family: arial, helvetica, sans-serif; font-size: 14pt;\">Planteaba una Plataforma pol\u00edtica para sumar fuerzas contra el enemigo com\u00fan. Los socialistas eran pocos, hab\u00eda comunistas, cat\u00f3licos, gente de UGT y CNT. Los que m\u00e1s medraron fueron los comunistas. Hasta 1965 tuve una relaci\u00f3n de camarader\u00eda con ellos. Entonces tuve un desenga\u00f1o. Hice un escrito durante las huelgas y nunca sali\u00f3 a la luz porque lo vet\u00f3 el PC. Dos o tres a\u00f1os despu\u00e9s me dijeron que fue porque se dieron cuenta de que el proletariado asturiano era demasiado avanzado, estaba por delante del partido y hab\u00eda que esperar a que el partido tuviera m\u00e1s fuerza. Aquello era lo contrario de lo que yo propon\u00eda, un movimiento espont\u00e1neo. Ellos sobre todo quer\u00edan fortalecer al partido.<\/span><\/p>\n<p style=\"text-align: justify;\"><strong><span style=\"font-family: arial, helvetica, sans-serif; font-size: 14pt;\">Uno de aquellos comunistas era Vicente \u00c1lvarez Areces.<\/span><\/strong><\/p>\n<p style=\"text-align: justify;\"><span style=\"font-family: arial, helvetica, sans-serif; font-size: 14pt;\">Cuando empez\u00f3 en la Academia no era comunista, se hizo luego. A Tini siempre le tuve por un hombre abierto al di\u00e1logo, no como los del grupo comunista cerrado al di\u00e1logo, partidarios de la dictadura del proletariado, que acaba siendo una dictadura contra el proletariado. Tambi\u00e9n tuve familiaridad con \u00e9l. Fue padrino de un sobrino m\u00edo.<\/span><\/p>\n<p style=\"text-align: justify;\"><strong><span style=\"font-family: arial, helvetica, sans-serif; font-size: 14pt;\">\u00bfQu\u00e9 le parece su evoluci\u00f3n pol\u00edtica?<\/span><\/strong><\/p>\n<p style=\"text-align: justify;\"><span style=\"font-family: arial, helvetica, sans-serif; font-size: 14pt;\">No la apruebo. Soy un cr\u00edtico radical con el r\u00e9gimen de la transici\u00f3n. Cr\u00edtico con los partidos antifranquistas que hicieron posible ese cambio que hizo pervivir el franquismo, incluso en la actualidad. Esos cambios afectaron a la p\u00e9rdida de la conciencia obrera. Se integraron en el nuevo r\u00e9gimen, son defensores del capitalismo a ultranza y en eso est\u00e1n. Los sindicatos son continuadores de la Confederaci\u00f3n Nacional Sindical franquista. No apruebo a nadie que haya ido por esa vereda.<\/span><\/p>\n<p style=\"text-align: justify;\"><strong><span style=\"font-family: arial, helvetica, sans-serif; font-size: 14pt;\">\u00bfLa Transici\u00f3n est\u00e1 entonces mal contada?<\/span><\/strong><\/p>\n<p style=\"text-align: justify;\"><span style=\"font-family: arial, helvetica, sans-serif; font-size: 14pt;\">La Transici\u00f3n fue una gran trampa pol\u00edtica. Las contradicciones se van viendo ahora. Hay una gran hipocres\u00eda, un lenguaje lleno de silencios. Solo hay que seguir hoy la trayectoria de Zapatero, de contradicci\u00f3n en contradicci\u00f3n\u2026 todo es fruto de esa falta de claridad. El art\u00edculo 8 de la Constituci\u00f3n autoriza al Ej\u00e9rcito a intervenir, prueba de que esto no es una democracia. En democracia el pueblo es soberano y est\u00e9 r\u00e9gimen sostiene eso en la Constituci\u00f3n. \u00bfEs soberano el pueblo o el Ej\u00e9rcito?<\/span><\/p>\n<p style=\"text-align: justify;\"><strong><span style=\"font-family: arial, helvetica, sans-serif; font-size: 14pt;\">\u00bfHa habido cambios?<\/span><\/strong><\/p>\n<p style=\"text-align: justify;\"><span style=\"font-family: arial, helvetica, sans-serif; font-size: 14pt;\">Eso es evidente, pero tambi\u00e9n los hubo durante el franquismo. No es lo mismo el franquismo de los cuarenta que el de los sesenta o los setenta. Ha habido cambios de forma, no de fondo.<\/span><\/p>\n<p style=\"text-align: justify;\"><strong><span style=\"font-family: arial, helvetica, sans-serif; font-size: 14pt;\">\u00bfPor qu\u00e9 no recuper\u00f3 su presencia social el anarquismo en Espa\u00f1a con la democracia, si CNT era el mayor sindicato antes de la guerra?<\/span><\/strong><\/p>\n<p style=\"text-align: justify;\"><span style=\"font-family: arial, helvetica, sans-serif; font-size: 14pt;\">Por eso precisamente. Al ser esto un franquismo con formas democr\u00e1ticas se han dedicado a perseguir a CNT. A nivel mundial el estalinismo y el nazismo vencieron antes al anarquismo, aqu\u00ed cost\u00f3 m\u00e1s trabajo. Franco mat\u00f3 en la guerra a 300.000 libertarios. Y luego con la democracia montaron el Caso Scala y hay otros m\u00e1s. Y sobre todo integraron a los sindicatos, haci\u00e9ndolos una pieza del Estado, verdaderos elementos del sistema capitalista. Han acabado con la conciencia obrera. Que el movimiento libertario siga existiendo a pesar de ello es milagroso.<\/span><\/p>\n<p style=\"text-align: justify;\"><strong><span style=\"font-family: arial, helvetica, sans-serif; font-size: 14pt;\">\u00bfExiste a\u00fan la clase obrera en Occidente?<\/span><\/strong><\/p>\n<p style=\"text-align: justify;\"><span style=\"font-family: arial, helvetica, sans-serif; font-size: 14pt;\">La clase obrera est\u00e1 destruida. Los sindicatos solo persiguen su mantenimiento y no tienen relaci\u00f3n con la clase obrera ni quieren dirigir su emancipaci\u00f3n. Zapatero teme una revuelta social y los sindicatos la frenan. Y si hay una huelga general acabar\u00e1 como siempre, con una negociaci\u00f3n.<\/span><\/p>\n<p style=\"text-align: justify;\"><strong><span style=\"font-family: arial, helvetica, sans-serif; font-size: 14pt;\">La crisis actual, \u00bf es una m\u00e1s de las c\u00edclicas del capitalismo o algo m\u00e1s complejo?<\/span><\/strong><\/p>\n<p style=\"text-align: justify;\"><span style=\"font-family: arial, helvetica, sans-serif; font-size: 14pt;\">Es una crisis del capitalismo financiero, que se ve imposibilitado para finalizar la globalizaci\u00f3n econ\u00f3mica. En Europa y Norteam\u00e9rica la econom\u00eda crece un 3% y en China el 8. El capitalismo vive del crecimiento y si no lo hay\u2026 Estamos ante la primera prueba de la crisis global del capitalismo financiero. El capitalismo financiero suma 34 billones de d\u00f3lares y el PIB de todos los pa\u00edses del mundo solo 30. El capitalismo financiero es m\u00e1s fuerte. Algunos Gobiernos tratan de llegar a una especia de capitalismo de Estado. Si triunfara traer\u00eda todos los males del capitalismo individual y vendr\u00eda acompa\u00f1ado de una dictadura, de la p\u00e9rdida de libertades. Hay que hacer un llamamiento a la clase obrera para que se internacionalice. Solo la conjunci\u00f3n proletaria universal podr\u00e1 enfrentarse a esto.<\/span><\/p>\n<h1 style=\"text-align: justify;\"><span style=\"font-family: arial, helvetica, sans-serif; font-size: 14pt; color: #339966;\">El Caso Scala<\/span><\/h1>\n<p style=\"text-align: justify;\"><span style=\"font-family: arial, helvetica, sans-serif; font-size: 14pt;\">El 15 de enero de 1978 en Barcelona, con la discoteca Scala, tambi\u00e9n se quemaron las esperanzas de resurgimiento del movimiento libertario espa\u00f1ol, que hab\u00eda vuelto a prender tras la muerte de Franco, sobre todo en Catalu\u00f1a, su feudo hist\u00f3rico hasta 1939. Jos\u00e9 Luis Garc\u00eda R\u00faa es de los que est\u00e1 convencido de que aquella operaci\u00f3n, organizada con \u00e9xito desde el Ministerio de Interior de Rodolfo Mart\u00edn Villa, logr\u00f3 frenar el ascenso de CNT, que no volvi\u00f3 a levantar cabeza. Mart\u00edn Villa hab\u00eda hecho poco antes unas declaraciones reveladoras: \u00abNo me preocupa ETA, quienes de verdad me preocupan son la CNT y el Movimiento Libertario\u00bb.<\/span><\/p>\n<p style=\"text-align: justify;\"><span style=\"font-family: arial, helvetica, sans-serif; font-size: 14pt;\">La sala \u00abScala\u00bb ardi\u00f3 tras una manifestaci\u00f3n contra los Pactos de la Moncloa en la que CNT logr\u00f3 reunir a miles de manifestantes. Unos j\u00f3venes anarquistas, instigados por un confidente policial de 49 a\u00f1os infiltrado en el sindicato libertario, llamado Joaqu\u00edn Gamb\u00edn Hern\u00e1ndez (\u00abEl Grillo\u00bb), arrojaron varios c\u00f3cteles molotov que oficialmente provocaron el incendio. Murieron cuatro trabajadores de la discoteca, dos de ellos afiliados a CNT. Hubo testimonios que indicaron que el origen del fuego fue el estallido previamente de dos bombas en el local, colocadas por cuatro individuos trajeados que nunca fueron identificados. Un testigo que los vio apareci\u00f3 muerto con dos tiros en la cabeza a los tres d\u00edas.<\/span><\/p>\n<p style=\"text-align: justify;\"><span style=\"font-family: arial, helvetica, sans-serif; font-size: 14pt;\">La operaci\u00f3n policial montada por el Ministerio del Interior afect\u00f3 a muchos militantes cenetistas. Cinco de ellos fueron encausados y condenados y su sindicato criminalizado. La afiliaci\u00f3n a CNT en Catalu\u00f1a, m\u00e1s de cien mil trabajadores, cay\u00f3 en picado a partir de entonces, al igual que su actividad sindical. Luego llegar\u00edan divisiones y escisiones.<\/span><\/p>\n<p style=\"text-align: justify;\"><span style=\"font-family: arial, helvetica, sans-serif; font-size: 14pt;\">Para Garc\u00eda R\u00faa, \u00ab<em>la operaci\u00f3n del Estado no estaba montada contra personas concretas, sino contra la CNT, en especial, y contra el Movimiento Libertario en general\u00bb. \u00abSe trataba de acabar con la CNT y el golpe ten\u00eda que ser p\u00fablico y sonado<\/em>\u00bb, recuerda treinta y un a\u00f1os despu\u00e9s quien, al frente de la secretar\u00eda general del sindicato, podr\u00eda comprobar m\u00e1s tarde la eficacia de aquella operaci\u00f3n jam\u00e1s aclarada.<\/span><\/p>\n<p style=\"text-align: justify;\"><span style=\"font-size: 12pt; color: #339966;\"><strong><span style=\"font-family: arial, helvetica, sans-serif;\">PUBLICADO EN ATL\u00c1NTICA XXII N\u00ba 1, MARZO DE 2009<\/span><\/strong><\/span><\/p>\n<h3 id=\"firstHeading\" class=\"firstHeading\" lang=\"es\"><a href=\"https:\/\/es.wikipedia.org\/wiki\/Jos%C3%A9_Luis_Garc%C3%ADa_R%C3%BAa\" target=\"_blank\" rel=\"noopener\">Jos\u00e9 Luis Garc\u00eda R\u00faa<\/a><\/h3>\n<h1 style=\"text-align: center;\"><span style=\"font-size: 14pt;\">\u2666<span style=\"color: #339966;\">\u2666<\/span>\u2666<span style=\"color: #339966;\">\u2666<\/span>\u2666<span style=\"color: #008000;\">\u2666<\/span>\u2666<\/span><\/h1>\n<h1 class=\"title style-scope ytd-video-primary-info-renderer\" style=\"text-align: center;\"><a href=\"#ref5a\">[5]<\/a> V\u00eddeo: Guerra sucia contra el movimiento libertario El Caso Scala<\/h1>\n<\/div>\n<div style=\"text-align: center;\"><iframe loading=\"lazy\" src=\"https:\/\/mega.nz\/embed\/CVVlgY7Y!YyB0S4F_8G10jVinMx05HbQ4v7bJoxBj4pNXYCB1a7M\" width=\"640\" height=\"480\" frameborder=\"0\" allowfullscreen=\"allowfullscreen\"><\/iframe><\/div>\n<div style=\"text-align: center;\">\n<h1 style=\"text-align: center;\"><span style=\"font-size: 14pt;\">\u2666<span style=\"color: #339966;\">\u2666<\/span>\u2666<span style=\"color: #339966;\">\u2666<\/span>\u2666<span style=\"color: #008000;\">\u2666<\/span>\u2666<\/span><\/h1>\n<\/div>\n<h1 style=\"text-align: center;\"><strong><a id=\"ref6\"><\/a><a href=\"#ref6a\">[6]<\/a> ESTADO Y REPRESI\u00d3N<\/strong><strong>\u00a0<\/strong><\/h1>\n<p style=\"text-align: center;\"><span style=\"font-size: 18pt; color: #008000;\"><strong>INTRODUCION AL \u00abCASO SCALA\u00bb<\/strong><\/span><\/p>\n<p><span style=\"font-size: 14pt;\">Por Jose caballero I.<\/span><\/p>\n<p>&nbsp;<\/p>\n<p><span style=\"color: #008000;\"><strong><span style=\"font-size: 14pt;\">Historia del Estado.-<\/span><\/strong><\/span><\/p>\n<p style=\"text-align: justify;\"><span style=\"font-size: 14pt; font-family: arial, helvetica, sans-serif;\">Ser\u00eda muy dif\u00edcil plasmar en unas l\u00edneas la historia sobre la formaci\u00f3n del Estado moderno, pero podemos decir que fue una consecuencia de los distintos poderes pol\u00edticos que se fueron destacando, incluso mucho antes del feudalismo. Desde que \u00e9ste comenz\u00f3 a ir en declive por la constante tiran\u00eda a la que somet\u00eda al pueblo los monarcas y nobles feudales, y por consiguiente las m\u00faltiples revueltas de aquellos campesinos y trabajadores manuales que eran obligados a entregar una parte sustancial del producto de su esfuerzo como una forma de impuestos para mantener a unos nobles parasitarios que pose\u00edan la propiedad de todas las tierras, los pueblos, e incluso los serviles, y que imped\u00eda el desarrollo econ\u00f3mico, cient\u00edfico y cultural de los mismos bajo un constante clima de terror y guerra.<\/span><\/p>\n<p><a href=\"https:\/\/puntocritico.com\/ausajpuntocritico\/wp-content\/uploads\/2018\/04\/caso-scala-7-cnt.jpg\" rel=\"lightbox[11382]\"><img loading=\"lazy\" decoding=\"async\" class=\"aligncenter wp-image-11407 size-full\" src=\"https:\/\/puntocritico.com\/ausajpuntocritico\/wp-content\/uploads\/2018\/04\/caso-scala-7-cnt.jpg\" alt=\"\" width=\"452\" height=\"312\" srcset=\"https:\/\/puntocritico.com\/ausajpuntocritico\/wp-content\/uploads\/2018\/04\/caso-scala-7-cnt.jpg 452w, https:\/\/puntocritico.com\/ausajpuntocritico\/wp-content\/uploads\/2018\/04\/caso-scala-7-cnt-300x207.jpg 300w\" sizes=\"auto, (max-width: 452px) 100vw, 452px\" \/><\/a><\/p>\n<p style=\"text-align: justify;\"><span style=\"font-size: 14pt; font-family: arial, helvetica, sans-serif;\">Cuando comenzaron a destacarse algunas inteligencias en sus investigaciones que dieron como resultado la invenci\u00f3n de la imprenta, el aprovechamiento del viento o el agua, el vapor, la energ\u00eda el\u00e9ctrica \u2013aunque en etapas posteriores y sucesivas-, as\u00ed como otros avances en el campo cient\u00edfico, comenzaron entonces a primar, aunque muy d\u00e9bilmente, los intereses econ\u00f3micos de peque\u00f1os patronos que se fueron formando en un deseo de independencia respecto al poder feudal para ascender a la propiedad y a la mejor explotaci\u00f3n de estos recursos, cuya aplicaci\u00f3n pr\u00e1ctica cambiar\u00eda sustancialmente la peque\u00f1a industria y el comercio y, c\u00f3mo no, las relaciones entre los diferentes estamentos sociales.<\/span><\/p>\n<p style=\"text-align: justify;\"><span style=\"font-size: 14pt; font-family: arial, helvetica, sans-serif;\">Este progreso tecnol\u00f3gico culminar\u00eda en lo que se ha dado a llamar la Revoluci\u00f3n Industrial, por lo que respecta en el terreno econ\u00f3mico; hecho que conlleva consigo una cierta inquietud en la burgues\u00eda, por un lado, y en las capas desfavorecidas, por el otro. Los primeros deb\u00edan desprenderse de esa protecci\u00f3n parasitaria, y estos \u00faltimos, aunque viv\u00edan en la m\u00e1s absoluta miseria y explotaci\u00f3n por su trabajo en las nuevas factor\u00edas, tambi\u00e9n deseaban salir del yugo que les hab\u00eda estado sometiendo durante varios siglos, y se acog\u00edan a cualquier cosa con tal de superar esa situaci\u00f3n de abandono en la que se encontraban.<\/span><\/p>\n<p style=\"text-align: justify;\"><span style=\"font-size: 14pt; font-family: arial, helvetica, sans-serif;\">La floreciente burgues\u00eda utiliz\u00f3 la bandera de libertad que enarbolaban los despose\u00eddos, y como ocurri\u00f3 en Francia una vez hecha la Revoluci\u00f3n, se hicieron con el poder y utilizaron nuevos mecanismos de esclavitud que se diferenciaban sustancialmente de los anteriores, pero a los que hay que a\u00f1adir, adem\u00e1s de las fundaciones guerreras, y otras instituciones judiciales, religiosas, etc\u00e9tera, el nacimiento del capitalismo y su despiadada explotaci\u00f3n de los hombres y de los recursos naturales. A partir de entonces es como si los antag\u00f3nicos intereses de los nuevos amos se separaran definitivamente de los trabajadores, acentu\u00e1ndose el desequilibrio social y, por consiguiente, la lucha entre las clases.<\/span><\/p>\n<p style=\"text-align: justify;\"><span style=\"font-size: 14pt; font-family: arial, helvetica, sans-serif;\">Hemos llegado, aunque a gigantes saltos, a la formaci\u00f3n del Estado moderno. Surgen las rep\u00fablicas, o las llamadas democracias, las cuales ya sabemos en qu\u00e9 consisten: en una aparente libertad que refrendamos con el voto cada cuatro a\u00f1os, y que ocultan diversas formas de esclavitud a los ciudadanos en general.<\/span><\/p>\n<p style=\"text-align: justify;\"><span style=\"font-size: 14pt; font-family: arial, helvetica, sans-serif;\"><span style=\"color: #339966;\"><strong>Sistema legislativo y represivo.-<\/strong><\/span><\/span><\/p>\n<p style=\"text-align: justify;\"><span style=\"font-size: 14pt; font-family: arial, helvetica, sans-serif;\">Para mejor comprender el Estado econ\u00f3mico-policial en el que nos encontramos, voy a hacer referencia a los pilares en los que se sustenta y a los mecanismos que utiliza. Porque hoy, a pesar de las apariencias, no es la voluntad soberana del pueblo quien rige los destinos de una nacion, cualquiera que sea \u00e9sta.<\/span><\/p>\n<p style=\"text-align: justify;\"><span style=\"font-size: 14pt; font-family: arial, helvetica, sans-serif;\">El Estado se fundamenta en la autoridad y el orden que el poder judicial decreta para que la fuerza armada y de seguridad imponga y haga velar de su cumplimiento a los ciudadanos, como garant\u00eda de los privilegios de las castas dominantes. Pero este despotismo ha de ser camuflado ideol\u00f3gicamente, y para ello, a los ciudadanos se nos instruye desde nuestra infancia, imponi\u00e9ndonos una moral que justifique todos sus excesos y arbitrariedades.<\/span><\/p>\n<p style=\"text-align: justify;\"><span style=\"font-size: 14pt; font-family: arial, helvetica, sans-serif;\">Ci\u00f1\u00e9ndonos al pa\u00eds donde vivimos, antes la moral dominante era una \u201cvictoria\u201d sobre el silencio de los muertos por el fascismo (el Estado propiamente fascista no es necesario que nos refiramos, puesto que ya lo hemos padecido), y al que la Iglesia propagaba y bendec\u00eda en nombre de un Dios implacable y todopoderoso. Ahora, tras la afortunada muerte del dictador, para aplacar falsas esperanzas, se apresuraron a calmarnos los \u00e1nimos con promesas de supuestas democracias, que nos traer\u00edan trabajo, bienestar, paz, cultura, libertad, justicia, y hasta se permitieron el lujo de hablar de igualdad entre todos los espa\u00f1oles. Y bajo esta coartada, nos est\u00e1n introduciendo una moral m\u00e1s refinada, o al menos eso es lo que pretenden con este nuevo poder pol\u00edtico.<\/span><\/p>\n<p><a href=\"https:\/\/puntocritico.com\/ausajpuntocritico\/wp-content\/uploads\/2018\/04\/caso-scala-1.jpg\" rel=\"lightbox[11382]\"><img loading=\"lazy\" decoding=\"async\" class=\"aligncenter wp-image-11413 size-full\" src=\"https:\/\/puntocritico.com\/ausajpuntocritico\/wp-content\/uploads\/2018\/04\/caso-scala-1.jpg\" alt=\"\" width=\"452\" height=\"353\" srcset=\"https:\/\/puntocritico.com\/ausajpuntocritico\/wp-content\/uploads\/2018\/04\/caso-scala-1.jpg 452w, https:\/\/puntocritico.com\/ausajpuntocritico\/wp-content\/uploads\/2018\/04\/caso-scala-1-300x234.jpg 300w\" sizes=\"auto, (max-width: 452px) 100vw, 452px\" \/><\/a><\/p>\n<p style=\"text-align: justify;\"><span style=\"font-size: 14pt; font-family: arial, helvetica, sans-serif;\">Pero de esta forma, con esta instrucci\u00f3n, c\u00ednica y teatral, no podr\u00e1n conseguirlo, porque seguimos igualmente explotados, violados nuestros m\u00e1s elementales derechos, y reprimidos si alzamos un solo grito de protesta porque, diferencias aparte, hay que ser lo suficientemente inteligente para hacer creer el cuento a todos de que se gobierna en una democracia y no tras un fascismo solapado como el del gobierno y las instituciones que lo representa. Y, aun introduci\u00e9ndonos en un contexto donde existiese una democracia, sustentada, claro est\u00e1, en los tradicionales pilares de dominaci\u00f3n estatal, habr\u00eda que preguntarse si alguien tiene el derecho, la capacidad para gobernar a otro hombre, porque partiendo del principio de igualdad entre los hombres, all\u00e1 donde haya gobierno, habr\u00e1 gobernados; donde exista explotaci\u00f3n, explotados; donde se propaga la pol\u00edtica o la religi\u00f3n, hay enga\u00f1o; donde ej\u00e9rcito y polic\u00eda, forzosamente hay guerra y represi\u00f3n&#8230;<\/span><\/p>\n<p style=\"text-align: justify;\"><span style=\"font-size: 14pt; font-family: arial, helvetica, sans-serif;\">Y como de analizar el montaje represivo-judicial se trata, aportamos algo m\u00e1s sobre la eficacia investigadora del Estado antes de introducirnos en el caso Scala, para mejor comprender la inquisici\u00f3n d eeste ente que todo lo puede y todo lo sabe. Es tan perfecto que hay que acatar cuanto diga y haga, porque las personas responsables de proyectar su imagen nunca se equivocan, y si se equivocaran es que son humanos. \u00bfAcaso no son humanas sus v\u00edctimas? No, los ciudadanos somos borregos a los que hay que tratar como in\u00fatiles, y quien se descarr\u00ede, a los lobos.<\/span><\/p>\n<p style=\"text-align: justify;\"><span style=\"font-size: 14pt; font-family: arial, helvetica, sans-serif;\">Si existe un delito tiene que haber un culpable, aunque para ocultar su incompetencia, hay de condenar, v\u00edctimas inocentes (aunque no existen ni inocentes ni culpables, todos somos v\u00edctimas del sistema de turno). As\u00ed est\u00e1n las cosas, cuando \u00e9l es el delincuente, como vamos a demostrar en este caso, sobran los sumarios. Porque el Estado sabe d\u00f3nde est\u00e1 el bien y d\u00f3nde est\u00e1 el mal. Y podr\u00edamos aplicarle la frase que dice <em>\u201cel bien es cuando robo la mujer de otro, el mal cuando otro me la roba a m\u00ed\u201d<\/em>. As\u00ed, cuando ejerce la violencia y la tortura contra el pueblo, es el orden; pero \u00bfc\u00f3mo se le llama cuando el pueblo la ejerce contra \u00e9l? A estos hijos del pueblo, como lo son nuestros compa\u00f1eros -y tambi\u00e9n vosotros- se les aplica esta m\u00e1xima fatal.<\/span><\/p>\n<p style=\"text-align: justify;\"><span style=\"font-size: 14pt; font-family: arial, helvetica, sans-serif;\"><span style=\"color: #339966;\"><strong>Caso Scala \u00bfPor qu\u00e9 y c\u00f3mo ocurri\u00f3? Puntos oscuros.-<\/strong><\/span><\/span><\/p>\n<p style=\"text-align: justify;\"><span style=\"font-size: 14pt; font-family: arial, helvetica, sans-serif;\">Ya vamos a ocuparnos del caso Scala y las causas que determinan este hecho criminal.<\/span><\/p>\n<p style=\"text-align: justify;\"><span style=\"font-size: 14pt; font-family: arial, helvetica, sans-serif;\">El domingo, 15 de enero de 1978, nuestra asociaci\u00f3n convoca en Barcelona una manifestaci\u00f3n contra los Pactos de la Moncloa , las elecciones sindicales y el \u201cpacto social\u201d que se fraguaba a espaldas de los trabajadores entre las fuerzas pol\u00edticas y econ\u00f3micas que dieron como resultados el encausamiento y limitaci\u00f3n de las reivindicciones obreras y ciudadanas, pues como ya se ha dicho, exist\u00eda bastante inquietud tras la muerte del dictador, y los partidos para afianzar sus conquistas pol\u00edticas, se apresuraron a frenar el proceso de luchas que se desarrollaban en el pa\u00eds, por poner en peligro su protagonismo que fue estabilizado en sucesivos consensos. A esto se opon\u00eda, y se opone, la CNT por ser una ingerncia en los asuntos de los trabajadores, y m\u00e1s gravemente por el contenido mismo de dicho \u201cpacto\u201d.<\/span><\/p>\n<p style=\"text-align: justify;\"><span style=\"font-size: 14pt; font-family: arial, helvetica, sans-serif;\">La manifestaci\u00f3n comenz\u00f3 a las once de la ma\u00f1ana, con una asistencia de doce mil personas, la cual finaliz\u00f3 sin incidentes hora y media m\u00e1s tarde. Ese mismo d\u00eda, los medios de comunicaci\u00f3n, concretamente la T.V., a las tres de la tarde informan \u201csobre un criminal atentado a la sala de fiestas Scala, donde mueren cuatro trabajadores\u201d, lo que no dice es que dos estaban afiliados a la U.G.T., y dos a la C.N.T., y ocasiona la total destrucci\u00f3n del local. Al d\u00eda siguiente, a\u00f1ade este comunicado policial:<\/span><\/p>\n<p style=\"text-align: justify; padding-left: 30px;\"><span style=\"font-size: 14pt; font-family: arial, helvetica, sans-serif;\"><em>\u201cPracticadas las primeras investigaciones por funcionarios de esta Jefatura Superior de Polic\u00eda (Barcelona), y por otros de la Direcci\u00f3n General de Seguridad con destinos en Madrid, se lleg\u00f3 a la conclusi\u00f3n de que el hecho pod\u00eda haber sido realizado por un comando integrado en la Confederaci\u00f3n Nacional de Trabajadores, militantes a su ves de la Federaci\u00f3n Anarquista Ib\u00e9rica y Juventudes Libertarias, cuya primera organizaci\u00f3n tiene como fin el desarrollo de un movimiento social y revolucionario y la pr\u00e1ctica del Comunismo Libertario como camino hacia la anarqu\u00eda integral. Participando en todas las luchas sociales y econ\u00f3micas de car\u00e1cter reivindicativo y revolucionario, llegando incluso a la revoluci\u00f3n armada. Est\u00e1 constituida por <\/em>\u2018grupos espec\u00edficos\u2019<em> e \u2018<\/em>individualidades\u2019 <em>cuyo credo es la violencia y el terrorismo sirviendo de apoyo en todos sus prop\u00f3sitos a la Confederaci\u00f3n Nacional del Trabajo a la que est\u00e1 ligada como brazo armado\u201d<\/em>.<\/span><\/p>\n<p style=\"text-align: justify;\"><span style=\"font-size: 14pt; font-family: arial, helvetica, sans-serif;\">Como vemos, el comunicado de por s\u00ed es irrisorio, sobre todo cuando, a su vez, se mostraba por las pantallas de t.v. algunas latas de gasolina muy bien ordenadas, junto con productos qu\u00edmicos y varios libros y folletos de formaci\u00f3n, y c\u00f3mo no, al fondo bien desplegada la bandera roji-negra de la C.N.T. Asombroso, ni hab\u00edan bombas, ni metralletas. El sistema teme m\u00e1s a nuestros libros que a las bombas, porque es cierto que un pueblo sin cultura es un pueblo explotado.<\/span><\/p>\n<p>&nbsp;<\/p>\n<p style=\"text-align: justify;\"><span style=\"font-size: 14pt; font-family: arial, helvetica, sans-serif;\">La C.N.T., tras un largo silencio puesto por el fascismo, y que en la guerra y posterior a \u00e9sta sufri\u00f3 la p\u00e9rdida de 300.000 afiliados y militantes, y el encarcelamiento de quince comit\u00e9s nacionales en sucesivas etapas, nuevamente vuelve a reorganizarse en base a sus principios anarco-sindicalistas. Y hay qui\u00e9n pens\u00f3 que tras la legalizaci\u00f3n iba a ser m\u00e1s domesticable, pero en cambio comienza a destacarse activamente como una fuerza obrera importante, oponi\u00e9ndose a esta nueva forma de dominaci\u00f3n pol\u00edtica y explotaci\u00f3n econ\u00f3mica a los trabajadores. Entonces hab\u00eda que desatar una campa\u00f1a de calumnia y desprestigio. Mart\u00edn Villa se lo hab\u00eda propuesto, y casi lo hab\u00eda conseguido intentando inculpar de este atentado a las C.N.T. \u201c<em>para que se llegara a la conclusi\u00f3n de s\u00f3lo quienes queman el Scala y matan a cuatro trabajadores son los \u00fanicos capaces de boicotear las elecciones sindicales, la Constituci\u00f3n y los pactos sociales<\/em>\u201d.<\/span><\/p>\n<p style=\"text-align: justify;\"><span style=\"font-size: 14pt; font-family: arial, helvetica, sans-serif;\">Aunque tal y como est\u00e1n las cosas, la conclusi\u00f3n podr\u00eda ser a la inversa.<\/span><\/p>\n<p>&nbsp;<\/p>\n<p><a href=\"https:\/\/puntocritico.com\/ausajpuntocritico\/wp-content\/uploads\/2018\/04\/caso-scala-13.jpg\" rel=\"lightbox[11382]\"><img loading=\"lazy\" decoding=\"async\" class=\"aligncenter wp-image-11424 size-large\" src=\"https:\/\/puntocritico.com\/ausajpuntocritico\/wp-content\/uploads\/2018\/04\/caso-scala-13-1024x483.jpg\" alt=\"\" width=\"1024\" height=\"483\" srcset=\"https:\/\/puntocritico.com\/ausajpuntocritico\/wp-content\/uploads\/2018\/04\/caso-scala-13.jpg 1024w, https:\/\/puntocritico.com\/ausajpuntocritico\/wp-content\/uploads\/2018\/04\/caso-scala-13-300x142.jpg 300w, https:\/\/puntocritico.com\/ausajpuntocritico\/wp-content\/uploads\/2018\/04\/caso-scala-13-768x362.jpg 768w\" sizes=\"auto, (max-width: 1024px) 100vw, 1024px\" \/><\/a><\/p>\n<p>&nbsp;<\/p>\n<p style=\"text-align: justify;\"><span style=\"color: #008000;\"><strong><span style=\"font-size: 14pt; font-family: arial, helvetica, sans-serif;\">(La manifestaci\u00f3n).-<\/span><\/strong><\/span><\/p>\n<p style=\"text-align: justify;\"><span style=\"font-size: 14pt; font-family: arial, helvetica, sans-serif;\">Entremos de lleno en los hechos y aclaraciones: <em>\u201cLa citada manifestaci\u00f3n discurr\u00eda a varios kil\u00f3metros del lugar donde estaba ubicado el Scala, aunque es cierto que varios compa\u00f1eros, aconsejados por Gamb\u00edn fueron provistos de c\u00f3cteles <\/em>\u2018por si hab\u00eda provocaciones fascistas o cargas policiales\u2019<em> . Cuatro c\u00f3cteles que se hicieron en la tarde del s\u00e1bado, bajo la direcci\u00f3n del siniestro Galb\u00edn, donde estaban presentes Cuevas, Palma y Ca\u00f1adas. Los compa\u00f1eros marcharon a la manifestaci\u00f3n en el coche de Galb\u00edn, y al inicio de la misma acordaron reunirse a las dos de la tarde en un bar, previendo que se perder\u00edan entre los asistentes. Sobre las doce y media, Galb\u00edn, que llevaba los cuatro c\u00f3cteles, propuso que se hiciera uso de ellos, a lo que se negaron los compa\u00f1eros por entender que no hab\u00eda motivo, ya que no hab\u00eda incidentes. Propusieron a Galb\u00edn vaciarlos en una alcantarilla; \u00e9ste se neg\u00f3 diciendo que \u00e9l sab\u00eda c\u00f3mo utilizarlos, y se march\u00f3 con los c\u00f3cteles en un macuto. M\u00e1s tarde, Cuevas perdi\u00f3 contacto con su compa\u00f1era, e igual le sucedi\u00f3 a Ca\u00f1adas. Entonces Cuevas, Ca\u00f1adas y Palma marcharon al bar. Las compa\u00f1eras de Cuevas y Ca\u00f1adas, volvieron al final de Las Ramblas, cuando termin\u00f3 la manifestaci\u00f3n, y vieron aparcado el coche de Galb\u00edn, que tard\u00f3 unos veinte minutos en regresar, sin explicar de d\u00f3nde ven\u00eda y sin los c\u00f3cteles. Entonces, se dirigen al bar para reunirse con los compa\u00f1eros que les esperaban desde hac\u00eda rato. M\u00e1s tarde, Ca\u00f1adas y Pilar se ir\u00edan con los padres de \u00e9sta a comer, donde llegaron sobre las tres de la tarde y se enteraron por t.v. del incendio del Scala. Palma ya se hab\u00eda marchado a comer. Y Gamb\u00edn, M\u00aa Rosa y Cuevas comen en casa. Y al poco tiempo, Gamb\u00edn, que se hospeda en casa de \u00e9ste desde hac\u00eda varios d\u00edas, recoge sus enseres personales y se marcha sin que hasta la fecha nadie haya tenido noticias suyas\u201d<\/em>.<\/span><\/p>\n<p style=\"text-align: justify;\"><span style=\"color: #339966; font-size: 14pt; font-family: arial, helvetica, sans-serif;\"><strong>(El infiltrado).-<\/strong><\/span><\/p>\n<p style=\"text-align: justify;\"><span style=\"font-size: 14pt; font-family: arial, helvetica, sans-serif;\">Veamos el fen\u00f3meno Gamb\u00edn que, como se va a demostrar, es confidente al servicio de la Polic\u00eda. \u00bfQu\u00e9 inter\u00e9s ten\u00eda en llevarse los c\u00f3cteles? \u00bfPor qu\u00e9 se march\u00f3 a toda prisa?<\/span><\/p>\n<p style=\"text-align: justify;\"><span style=\"font-size: 14pt; font-family: arial, helvetica, sans-serif;\">Joaqu\u00edn Gamb\u00edn Hern\u00e1ndez es un murciano de 51 a\u00f1os. Posee un amplio historial delictivo que comienza en 1947, conlleva 28 condenas sin que aparezcan indicios de actividad pol\u00edtica. Detenido en Murcia en el 77 con motivo de un atraco, es trasladado a la C\u00e1rcel Modelo de Barcelona donde se gana la confianza de algunos compa\u00f1eros. \u00bfEra \u00e9se el motivo de su traslado? Gamb\u00edn est\u00e1 relacionado con la detenci\u00f3n en Murcia de grupos anarquistas a primeros del 77. Es c\u00f3mplice en el incendio del Scala y responsable del desmantelamiento de un grupo armado de trabajadores de SEAT, tres meses despu\u00e9s del incendio. Y vuelve a desaparecer. Nuevamente es detenido en el 79, acusado de un desfalco, y puesto en libertad en Murcia, a pesar de que se halla en busca y captura por el Juzgado Central de Instrucci\u00f3n N\u00ba 2 de Madrid, Sumario 9\/78, correspondiente al caso Scala.<\/span><\/p>\n<p style=\"text-align: justify;\"><span style=\"font-size: 14pt; font-family: arial, helvetica, sans-serif;\">La muerte en accidente de un t\u00edo suyo, hace pensar que el confidente por fin ha encontrado la muerte, e incluso se piensa que ha podido ser \u201celiminado\u201d. Doblemente escondido al amparo de este error, es localizado en Murcia por la prensa el d\u00eda 20 de mayo de 1980. A pesar de que su presencia en la calle es p\u00fablica y notoria, Gamb\u00edn contin\u00faa sin ser detenido. Ni tan siquiera para comparecer al Juicio, pues ser\u00eda una prueba fundamental para esclarecer los hechos y demostrar la inocencia de los acusados. En la actualidad se encuentra pl\u00e1cidamente en Murcia con sus padres, los cuales ignoraban la clase de p\u00e1jaro que han parido. En Rinc\u00f3n de Seca los vecinos aseguran que ha llegado en un SEAT 124, ranchera, con matr\u00edcula de Madrid \u2013 790.223. Estos datos coinciden con la denuncia que ya hab\u00eda formukado C.N.T. Parece ser que tiene un negocio de compra.venta de coches con el Director de la Prisi\u00f3n de Murcia, y est\u00e1 a punto de abrir dos nuevos negocios para lo cual hasta ha solicitado un pr\u00e9stamo, para el que estaba bien avalado. A pesar de la evidencia la Polic\u00eda dice no tener noticias de la estancia de Gamb\u00edn en Murcia. Sin duda alguna, Joaqu\u00edn Gamb\u00edn pasar\u00e1 a la historia como el h\u00e9roe de los servicios de informaci\u00f3n policiales, y como bien se sabe, los h\u00e9roes est\u00e1n bien muertos.<\/span><\/p>\n<p><a href=\"https:\/\/puntocritico.com\/ausajpuntocritico\/wp-content\/uploads\/2018\/04\/caso-scala-8.jpg\" rel=\"lightbox[11382]\"><img loading=\"lazy\" decoding=\"async\" class=\"aligncenter wp-image-11406 size-full\" src=\"https:\/\/puntocritico.com\/ausajpuntocritico\/wp-content\/uploads\/2018\/04\/caso-scala-8.jpg\" alt=\"\" width=\"600\" height=\"310\" srcset=\"https:\/\/puntocritico.com\/ausajpuntocritico\/wp-content\/uploads\/2018\/04\/caso-scala-8.jpg 600w, https:\/\/puntocritico.com\/ausajpuntocritico\/wp-content\/uploads\/2018\/04\/caso-scala-8-300x155.jpg 300w\" sizes=\"auto, (max-width: 600px) 100vw, 600px\" \/><\/a><\/p>\n<p>&nbsp;<\/p>\n<p style=\"text-align: justify;\"><strong><span style=\"font-size: 14pt; font-family: arial, helvetica, sans-serif; color: #008000;\">(La investigacion)\u00a0\u00a0 <\/span><\/strong><\/p>\n<p style=\"text-align: justify;\"><span style=\"font-size: 14pt; font-family: arial, helvetica, sans-serif;\">\u00bfQui\u00e9nes se hayan detr\u00e1s de este montaje? \u00bfQu\u00e9 doble juego se traen los autores de estos infames asesinatos? Apuntemos algunos datos, que por si quepa alguna duda van a clarificarnos las contradicciones que s ehan dado en las investigaciones.<\/span><\/p>\n<p style=\"text-align: justify;\"><span style=\"font-size: 14pt; font-family: arial, helvetica, sans-serif;\">Si la Polic\u00eda afirma que los c\u00f3cteles se lanzaron en el vest\u00edbulo, y como sabemos un vest\u00edbulo siempre suele estar en la entrada del local, \u00bfc\u00f3mo todos los documentos gr\u00e1ficos demuestran que el incendio alcanz\u00f3 mayores proporciones en la parte trasera que fue donde murieron los trabajadores? Resulta muy extra\u00f1o ver en las fotograf\u00edas la parte delantera casi intacta. \u00bfPor qu\u00e9 el Gobierno Civil permite la demolici\u00f3n del Scala sin esperar la prueba pericial que iba a demostrar la causa del incendio? \u00bfY por qu\u00e9 el mismo Gobierno Civil deneg\u00f3 el permiso para hacer una investigaci\u00f3n con los restos del edificio? \u00bfPor qu\u00e9 tampoco el Juez de Guardia se present\u00f3 para proceder al levantamiento de los cad\u00e1veres? \u00bfQu\u00e9 ha sido de las autopsias? \u00bfSe hicieron? \u00bfDe qu\u00e9 murieron los trabajadores del Scala? En el caso de que todo ha sido investigado, \u00bfpor qu\u00e9 no se han hecho p\u00fablicas las conclusiones?<\/span><\/p>\n<p style=\"text-align: justify;\"><span style=\"font-size: 14pt; font-family: arial, helvetica, sans-serif;\">Por aquel tiempo, es de todos conocido que la T.V. emit\u00eda una serie de programas musicales a todo el pa\u00eds. Pues bien, d\u00edas antes del incendio son retiradas las c\u00e1maras de la unidad m\u00f3vil de color que filmaba el programa. \u00bfPor qu\u00e9 la retiraron? \u00bfNo estaba asegurada?<\/span><\/p>\n<p style=\"text-align: justify;\"><span style=\"font-size: 14pt; font-family: arial, helvetica, sans-serif;\">Un aficionado estaba haciendo un reportaje fotogr\u00e1fico sobre el incendio, y a los pocos d\u00edas un desconocido le compra todas las fotos y negativos que podr\u00edan haber demostrado la inocencia de los procesados.<\/span><\/p>\n<p style=\"text-align: justify;\"><span style=\"font-size: 14pt; font-family: arial, helvetica, sans-serif;\">Frente al Scala hab\u00eda un kiosko cuyo propietario fue testigo directo de los hechos. Estando los detenidos en Comisar\u00eda, \u00bfpor qu\u00e9 fue este hombre asesinado?<\/span><\/p>\n<p style=\"text-align: justify;\"><span style=\"font-size: 14pt; font-family: arial, helvetica, sans-serif;\">Si el Scala era un negocio boyante, como afirmaron los hermanos Rivas despu\u00e9s del incendio, \u00bfpor qu\u00e9 unas semanas antes hab\u00edan solicitado\u00a0 a la Delegaci\u00f3n de Trabajo un aplazamiento de las cuotas de la S.S. por valor de 7 millones de pesetas alegando descapitalizaci\u00f3n de la empresa? \u00bfC\u00f3mo a las 27 horas del incendio ya tienen redactada la rescisi\u00f3n de contrato de los trabajadores del Scala? \u00bfQu\u00e9 han hecho de las suscripciones p\u00fablicas, y de la recaudaci\u00f3n de un d\u00eda, que entregaron las empresas del espect\u00e1culo de Barcelona para reconstruir el Scala? \u00bfPor qu\u00e9, a pesar de la versi\u00f3n policial de los hechos, la Audiencia Nacional dice que no es un atentado terrorista? La p\u00f3liza no cubr\u00eda los riesgos por atentados terroristas, pero esta modificaci\u00f3n permite que los hermanos Rivas cobren del seguro 156 millones de ptas.<\/span><\/p>\n<p style=\"text-align: justify;\"><span style=\"font-size: 14pt; font-family: arial, helvetica, sans-serif;\">La conclusi\u00f3n, compa\u00f1eros, a tantas preguntas sin respuestas es clara, y creo que vosotros ya ten\u00e9is la vuestra (por nuestra parte, preferimos aplazarla hasta que el tribunal que lleva el caso dicte sentencia).<\/span><\/p>\n<p style=\"text-align: justify;\"><span style=\"font-size: 14pt; font-family: arial, helvetica, sans-serif;\">Ahora, brevemente volvamos alos compa\u00f1eros acusados y a las canalladas de las que han sido objeto.\u00a0\u00a0\u00a0<\/span><\/p>\n<p style=\"text-align: justify;\"><span style=\"font-size: 14pt; font-family: arial, helvetica, sans-serif;\">Seg\u00fan algunos testigos casuales, aseguran que los autores eran j\u00f3venes de aspecto aburguesado y con pelo corto, descripci\u00f3n que no coincide en absoluto con la fisionom\u00eda de los detenidos.<\/span><\/p>\n<p><a href=\"https:\/\/puntocritico.com\/ausajpuntocritico\/wp-content\/uploads\/2018\/04\/caso-scala-5.jpg\" rel=\"lightbox[11382]\"><img loading=\"lazy\" decoding=\"async\" class=\"aligncenter wp-image-11409\" src=\"https:\/\/puntocritico.com\/ausajpuntocritico\/wp-content\/uploads\/2018\/04\/caso-scala-5-300x212.jpg\" alt=\"\" width=\"710\" height=\"502\" srcset=\"https:\/\/puntocritico.com\/ausajpuntocritico\/wp-content\/uploads\/2018\/04\/caso-scala-5-300x212.jpg 300w, https:\/\/puntocritico.com\/ausajpuntocritico\/wp-content\/uploads\/2018\/04\/caso-scala-5-768x543.jpg 768w, https:\/\/puntocritico.com\/ausajpuntocritico\/wp-content\/uploads\/2018\/04\/caso-scala-5-1024x724.jpg 1024w, https:\/\/puntocritico.com\/ausajpuntocritico\/wp-content\/uploads\/2018\/04\/caso-scala-5.jpg 1200w\" sizes=\"auto, (max-width: 710px) 100vw, 710px\" \/><\/a><\/p>\n<p style=\"text-align: justify;\"><span style=\"font-size: 14pt; font-family: arial, helvetica, sans-serif;\">LAS DETENCIONES y el proceso del interrogatorio es de la siguiente forma:<\/span><\/p>\n<p style=\"text-align: justify;\"><span style=\"font-size: 14pt; font-family: arial, helvetica, sans-serif;\">A las 2\u201930 de la madrugada del domingo, la Polic\u00eda detiene en su domicilio a M\u00aa Pilar \u00c1lvarez y a Francisco Javier Ca\u00f1adas. A las 8 de la ma\u00f1ana del lunes, Artura Palma Segura es detenido en el domicilio de sus padres. Jose Cuevas y M\u00aa Pilar Lopez son detenidos a mediodia del lunes<\/span><\/p>\n<p style=\"text-align: justify;\"><span style=\"font-size: 14pt; font-family: arial, helvetica, sans-serif;\">en un bar, donde hab\u00edan quedado para comer con otra compa\u00f1era. Esta cita hab\u00eda\u00a0 sido concertada en presencia de Gamb\u00edn. El jueves 19 son detenidos Luis Mu\u00f1oz Garc\u00eda y M\u00aa Teresa Fabr\u00e8s Olivera. Y por \u00faltimo, detienen a Carlos Egido Chamorro, Jos\u00e9 Miguel Maluquer y Miguel Romero Zambrano. \u00bfC\u00f3mo averigu\u00f3 la Polic\u00eda en menos de doce horas la identidad de los primeros detenidos? \u00bfPor qu\u00e9 no detuvo a Gamb\u00edn, ni facilit\u00f3 datos de \u00e9ste hasta que los pidi\u00f3 el juez?<\/span><\/p>\n<p style=\"text-align: justify; padding-left: 30px;\"><span style=\"font-size: 14pt; font-family: arial, helvetica, sans-serif;\"><em>\u201cYa en los coches comenzaron las torturas, nos amenazaron y golpearon, diciendo que \u00e9ramos unos hijos de puta, y que no ten\u00edamos derecho\u00a0 la vida\u201d<\/em>, seg\u00fan relato directo de los acusados. <em>\u201cEn comisar\u00eda nos golpeaban con una manguera de butano en las piernas, cara y test\u00edculos, y a las mujeres en los pechos y piernas. Luego, con los pu\u00f1os en el est\u00f3mago, y una barra de hierro en la cabeza. Cuando condujeron a uno al hospital por herida en la cabeza, la Polic\u00eda dijo que se hab\u00eda ca\u00eddo por las escaleras, y el compa\u00f1ero, al negar las palabras de \u00e9ste, le respondi\u00f3 el m\u00e9dico que ten\u00eda que poner lo que dec\u00eda la Polic\u00eda\u201d<\/em>. <em>\u201cA veces se emborrachaban para pegarnos con m\u00e1s violencia, y nos dec\u00edan que si no firm\u00e1bamos, violar\u00edan a las compa\u00f1eras, y traer\u00edan a nuestras familias para torturarlas\u201d<\/em>.<\/span><\/p>\n<p style=\"text-align: justify;\"><span style=\"font-size: 14pt; font-family: arial, helvetica, sans-serif;\">Tras firmar las declaraciones, hechas de antemano por la propia Polic\u00eda, pasaron a disposici\u00f3n judicial, donde denunciaron las torturas. El juez prometi\u00f3 enviar un m\u00e9dico forense, el cual se present\u00f3 a los tres meses. Luego fueron distribuidos por distintas prisiones, donde Ca\u00f1adas tras estar 120 d\u00edas en celdas de castigo necesit\u00f3 tratamiento m\u00e9dico. M\u00aa Rosa y Pilar \u00c1lvarez ser\u00edan puestas en libertad provisional con una fianza de 25.000 no sin antes haber sufrido las vejaciones a las que las sometieron las monjas de las prisiones. Maite Fabr\u00e9s saldr\u00eda al cabo de dos a\u00f1os, tras reconocerse el <em>\u201cerror judicial\u201d<\/em> del que fue v\u00edctima. Esta compa\u00f1era envi\u00f3 un escrito a Su\u00e1rez, reclamando una indemnizaci\u00f3n por da\u00f1os y perjuicios, art. 121 de la Constituci\u00f3n, y donde ped\u00eda responsabilidades al juez que decret\u00f3 su ingreso en prisi\u00f3n. El Ministerio de Justicia le deneg\u00f3 la petici\u00f3n alegando que dicho art\u00edculo debe ser desarrollado en una ley. O sea, que la Constituci\u00f3n es cierto que no sirve para nada.<\/span><\/p>\n<p style=\"text-align: justify;\"><span style=\"font-size: 14pt; font-family: arial, helvetica, sans-serif;\">Ning\u00fan tribunal ha querido hacerse cargo del juicio sobre el caso Scala hasta que el Tribunal Supremo resolvi\u00f3 hace varios meses que deb\u00eda ser la Audiencia territorial de Barcelona quuien se encargase del caso. El juicio qued\u00f3 previsto para el d\u00eda 1 de diciembre de 1980. El cual como sabr\u00e9is, por las informaciones de la prensa, ha sido de esc\u00e1ndalo por las denuncias presentadas y la evidencia d ela inocencia de nuestros compa\u00f1eros en el incendio.<\/span><\/p>\n<p style=\"text-align: justify;\"><span style=\"font-size: 14pt; font-family: arial, helvetica, sans-serif;\">Hagamos referencia al desarrollo del juicio para resaltar los hechos m\u00e1s significativos:<\/span><\/p>\n<p style=\"text-align: justify;\"><span style=\"font-size: 14pt; font-family: arial, helvetica, sans-serif;\"><strong><span style=\"color: #339966;\">D\u00eda 1 de diciembre<\/span>. <\/strong><em>\u201cFuerzas antidisturbios impiden el acceso al palacio de justicia provistos de abundante material, Jeeps, personal a caballo, etc&#8230; No dejan pasar a los acusados en libertad provisional, abogados defensores, delegaciones, etc&#8230;, disolviendo a los concentrados.<\/em> A las cinco menos cuarto comienza el juicio, donde asisten represantes de Colegios de Abogados, entre ellos franceses, la comisi\u00f3n para la lucha contra la represi\u00f3n, etc, y numerosos ciudadanos y periodistas. La defensa solicita las suspensi\u00f3n del juicio. Los abogados Josep M\u00aa Loperena, Lluis Krauel y Marc Palmes hicieron referencia a las medidas restrictivas que vulneran el derecho de defensa. Una de ellas era la ausencia de Gamb\u00edn. El juez Hern\u00e1ndez lo rechaz\u00f3 alegando que Gamb\u00edn se encuentra en rebeld\u00eda, y que de acuerdo con la ley, procede continuar el juicio. Y a\u00f1adi\u00f3: <em>\u201cLa cuesti\u00f3n de si el referido Gamb\u00edn era un infiltrado en la CNT al serviciio de la policia, es ajeno al presente proceso\u00bb, lo que <\/em>caus\u00f3 extra\u00f1eza entre los presentes. El abogado dijo que faltaban pruebas en la mesa y que constaban en el sumario. Observaron detenidamente todas las pruebas. Y sonaron carcajadas cuando un abogado sac\u00f3 de una de las bolsas una pistola de juguete que ense\u00f1\u00f3 al juez. Comienza el interrogatorioi con Jos\u00e9 Cuevas que declar\u00f3, palabras textuales \u201cel d\u00eda antes del suceso, dud\u00e1bamos mi compa\u00f1era y yo sobre ir al campo, pues llov\u00eda mucho y desistimos. Vinieron a casa Javi Ca\u00f1adas y su compa\u00f1era Pilar, y Arturo Palma, Gamb\u00edn viv\u00eda en casa, pues me lo hab\u00eda pedido por hallarse sin trabajo y acababa de llegar a Barcelona. Yo lo conoc\u00eda de la c\u00e1rcel, \u00e9l fue quien propuso hacer los c\u00f3cteles y nos dijo lo que ten\u00edamos que comprar, \u00e9l trajo la gasolina. Ni Pilar, ni M\u00aa Rosa sab\u00edan nada de los c\u00f3cteles. Uno de los momentos m\u00e1s tensos se produce cuando el fiscal le dijo que hab\u00eda firmado ante la Polic\u00eda su implicaci\u00f3n en los hechos. A lo que Cuevas respondi\u00f3 <em>\u201cen Comisar\u00eda jugaron con mis sentimientos. Me tuvieron doce horas con mi compa\u00f1era M\u00aa Rosa al frente. Ella estaba embarazada, y los polic\u00edas lo sab\u00edan, nos torturaban alternativamente. Me daban golpes poco a poco con una regla y de repente me golpeaban fuertemente en la cabeza con una barra de hierro \u00a1Con lo que me estaban haciendo, hubiera firmado la muerte de Franco, de Carrero y de todos vosotros! Dec\u00edan: firmaba o a compa\u00f1era le har\u00edan parir sangre, y yo s\u00e9 que la Polic\u00eda es capaz de hacer eso y mucho m\u00e1s\u201d<\/em>. <em>\u201cNo me dio miedo decirle al juez que me hab\u00edan torturado, porque a la Polic\u00eda, lo \u00fanico que le importaba es que no negara lo del Scala\u201d<\/em>. Las declaraciones de Francisco Ca\u00f1adas coincidieron con las de Cuevas, sobre lo que hab\u00edan hecho el d\u00eda anterior al incendio y se refiri\u00f3 a los c\u00f3cteles, y al uso que de ellos pensaba hacer Gamb\u00edn. El abogado Loperena, en ese momento, le pregunt\u00f3 sobre la fabricaci\u00f3n de los c\u00f3cteles diciendo: <em>\u201cEl ministerio fiscal tiene mucho conocimiento sobre la fabricaci\u00f3n de los c\u00f3cteles, pero yo no\u201d<\/em>. Se hizo un gran murmullo en la sala, y oy\u00f3 al fiscal que dec\u00eda <em>\u201ceso es una impertinencia\u201d<\/em>. Arturo Palma manifest\u00f3 <em>\u201cque si no firmaba su participaci\u00f3n en los hechos detendr\u00edan a su familia y los torturar\u00edan en su presencia\u201d<\/em>. Luis Mu\u00f1oz denunci\u00f3 tambi\u00e9n ser objeto de torturas. Las declaraciones terminaron con M\u00aa Pilar \u00c1lvarez y M\u00aa Rosa L\u00f3pez, quienes ratificaron lo dicho anteriormente por los compa\u00f1eros. Confirmando que tambi\u00e9n hab\u00edan sido objeto de torturas. M\u00aa Rosa dijo <em>\u201cme sacaron de Comisar\u00eda y en un coche me llevaron a un precipicio, donde me dijeron: firma esta declaraci\u00f3n o te tiramos y diremos que fue un accidente\u201d<\/em>. La primera sesi\u00f3n terminar\u00eda con la declaraci\u00f3n de Maite Fabr\u00e9s, dijo no tener ninguna relaci\u00f3n con el incendio del Scala y concluy\u00f3 <em>\u201cme pegaron mucho y muchas horas. Me pusieron una pistola en la sien y despu\u00e9s en los ojos, me dieron palizas con porras, pu\u00f1etazos y patadas\u201d<\/em>. Y esta compa\u00f1era fue absuelta por error judicial, \u00bfqui\u00e9n puede recompensarla por la p\u00e9rdida de su trabajo y tanta barbarie?<\/span><\/p>\n<p style=\"text-align: justify;\"><span style=\"font-size: 14pt; font-family: arial, helvetica, sans-serif;\"><span style=\"color: #339966;\"><strong>D\u00eda 2 de Diciembre<\/strong>.<\/span> <em>\u201cLa Polic\u00eda golpea a varios acusados delante del juez, cuando Maite Fabr\u00e9s trat\u00f3 de besar a Jos\u00e9 Cuevas, un polic\u00eda nacional, agarr\u00f3 con su mano derecha los labios de Cuevas, retorci\u00e9ndoselos mientras le separaba de Maite. Luis Mu\u00f1oz, que estaba esposado a Cuevas, recibi\u00f3 una patada en los test\u00edculos de otro polic\u00eda nacional, todo ocurr\u00eda en el interior de la sala. Cuevas y Mu\u00f1oz se defendieron de la agresi\u00f3n de la Polic\u00eda, golpeando a \u00e9stos, entonces varios polic\u00edas se echaron encima de los procesados, d\u00e1ndoles patadas. La confusi\u00f3n fue terrible. Parte del p\u00fablico asistente se avalanz\u00f3 sobre la Polic\u00eda. El nerviosismo de \u00e9sta era incontrolable. Los abogados intentaron poner calma pero era imposible\u201d<\/em>. \u00bfQu\u00e9 hac\u00eda el juez?, \u00bfya no ten\u00eda autoridad? <em>\u201cLa Polic\u00eda se llev\u00f3 a los acusados y la sala fue desalojada totalmente.\u00bb Familiares de los acusados se quejaron ante los perio<\/em>distas de la grave injusticia que se acababa de cometer. A las 8\u201930 el Presidente orden\u00f3 que entraran en la sala los periodistas y el represantante del Parlamento catal\u00e1n, a lo que contest\u00f3 el agente judicial diciendo que se hab\u00eda marchado. A continuaci\u00f3n entr\u00f3 el p\u00fablico y se reanud\u00f3 la vista.<\/span><\/p>\n<p style=\"text-align: justify;\"><span style=\"font-size: 14pt; font-family: arial, helvetica, sans-serif;\"><a href=\"https:\/\/puntocritico.com\/ausajpuntocritico\/wp-content\/uploads\/2018\/04\/reunion-secretario-general.png\" rel=\"lightbox[11382]\"><img loading=\"lazy\" decoding=\"async\" class=\"alignleft wp-image-11425\" src=\"https:\/\/puntocritico.com\/ausajpuntocritico\/wp-content\/uploads\/2018\/04\/reunion-secretario-general.png\" alt=\"\" width=\"390\" height=\"255\" srcset=\"https:\/\/puntocritico.com\/ausajpuntocritico\/wp-content\/uploads\/2018\/04\/reunion-secretario-general.png 452w, https:\/\/puntocritico.com\/ausajpuntocritico\/wp-content\/uploads\/2018\/04\/reunion-secretario-general-300x196.png 300w\" sizes=\"auto, (max-width: 390px) 100vw, 390px\" \/><\/a>Muchas de las personas llevaban claveles blancos. Y la sesi\u00f3n estaba dedicada a la prueba testifical. El juez llam\u00f3 la atenci\u00f3n a Pilar y Ca\u00f1adas por sentarse juntos, y a Cuevas por saludar al p\u00fablico, conb amenazas de expulsi\u00f3n. Declara un t\u00e9cnico de la empresa encargada de la ignifugaci\u00f3n del local diciendo que al acercarse una llama a un tejido, \u00e9ste no debe prender sino convertirse en ceniza. Juan Mas\u00f2, maitre del Scala, dijo no conocer a ninguno de los procesados. Tuvo m\u00faltiples contradicciones durante el interrogatorio. \u00c9ste se encontraba en el hall cuando se produjo el lanzamiento de los c\u00f3cteles, y que no utiliz\u00f3 los extintores porque no estaban en su sitio habitual. Miguel Manzana, jefe de bodega del Scala, dijo ver a unos chicos que tiraban una bolsa al suelo, cuando \u00e9l paseaba por las inmediaciones del local <em>\u201cmi intenci\u00f3n fue recriminarles por su actitud, pero entonces me fij\u00e9 en el coche del due\u00f1o que estaba aparcado en frente y me dije qu\u00e9 har\u00eda el coche ah\u00ed. Escuch\u00e9 c\u00f3mo se romp\u00edan los vidrios y v\u00ed c\u00f3mo tiraban un \u00faltimo paquete\u201d<\/em>. A preguntas del abogado, rectific\u00f3 diciendo <em>\u201cque ver, en realidad, vi c\u00f3mo tiraban uno, lo que pasa es que la Polic\u00eda me hab\u00eda dicho que eran cinco\u201d<\/em>. Luego declararon los familiares de los compa\u00f1eros procesados, ratificando las plabras de \u00e9stos. M\u00e1s tarde, lo hizo Aurora Mu\u00f1oz, la cual aludi\u00f3 a Gamb\u00edn al decir que hab\u00eda visto a estos compa\u00f1eros con un se\u00f1or mayor al que no conoc\u00eda. Tres compa\u00f1eros, en un principio detenidos, tambi\u00e9n declararon Carlos, Miguel y Jos\u00e9 Miguel. Miguel dijo <em>\u201cque la Polic\u00eda no le acus\u00f3 de nada en principio\u201d<\/em>. <em>\u201cFui torturado y me dec\u00edan que si no me daba verg\u00fcenza, siendo anarquista, haber matado a cuatro trabajadores\u201d<\/em>. Ram\u00f3n Pujol, jefe de administraci\u00f3n del Scala, dijo que hab\u00edan cobrado unos 156 millones de ptas. Por el seguro. El representante de la compa\u00f1\u00eda de seguros dijo <em>\u201cque parec\u00eda que se trataba de un atentado pol\u00edtico y por eso la compa\u00f1\u00eda dijo que no pagaba\u201d<\/em>. M\u00e1s tarde, declararon Ram\u00f3n Rivas y Luis de Bonis que es el verdadero propietario del local, dijo que <em>\u201cel local sigue arrendado a los hermanos Rivas por un contrato trimestral y que no sab\u00eda cu\u00e1nto hab\u00edan cobrado por la indemnizaci\u00f3n\u201d.\u00a0<\/em><\/span><\/p>\n<p style=\"text-align: justify;\"><span style=\"font-size: 14pt; font-family: arial, helvetica, sans-serif;\">Hasta aqu\u00ed, para no hacer muy extenso el trabajo, la informaci\u00f3n sobre las causas, desarrollos e incidencias del caso Scala. Una cosa est\u00e1 clara, este montaje se ha vuelto contra los aut\u00e9nticos culpables, y ha demostrado a la confusa y manipulada <em>\u201copini\u00f3n p\u00fablica\u201d<\/em>\u00a0 la inocencia de nuestros compa\u00f1eros.<\/span><\/p>\n<p style=\"text-align: justify;\"><span style=\"font-size: 14pt; font-family: arial, helvetica, sans-serif;\">De todas formas, las penas se ha reducido de 600 a\u00f1os que ped\u00eda el fiscal (y Mart\u00edn Villa, hasta pena de muerte) hasta 66 a\u00f1os. Y aunque no cre\u00edamos que fuesen absueltos totalmente, pues ya han pagado con una secuela de infamias, como es el caso del compa\u00f1ero Luis Mu\u00f1oz, que ya fue puesto en libertad en diciembre, viernes d\u00eda 5. El fiscal solicit\u00f3 la pena de seis meses de arresto mayor por delitos de estragos como c\u00f3mplice, y cuatro de seis meses por delito de homicidios como c\u00f3mplices, lo que suman dos a\u00f1os y medio de c\u00e1rcel. 1) Los compa\u00f1eros ya llevan tres y en la condena no van incluidas las torturas. \u00bfA pesar de que se ha demostrado su inocencia, hay que declararlos culpables? Pues claro, porque si no son ellos qui\u00e9nes son entonces los culpables. Y habr\u00eda que hacer otra \u201ctrabajosa y minuciosa\u201d investigaci\u00f3n y no se sabe hasta d\u00f3nde se podr\u00eda llegar, si es que llegan a alg\u00fan sitio. Porque para declarar p\u00fablicamente un fiscal y un juez \u00bb que no fueron ellos quienes sentaron a la CNT <em>en el banquillo\u201d<\/em>, hay que pensar dos cosas: 1\u00ba) que si no han sido ellos, han podido ser sus m\u00e1ximos jerarcas, y 2\u00ba) que no quieren afrontar responsabilidades a la vista de la gran injusticia cometida. O sea, que todo estaba preparado de antemano y han de condenarlos de cualquier manera.<\/span><\/p>\n<p style=\"text-align: justify;\"><span style=\"font-size: 14pt; font-family: arial, helvetica, sans-serif;\">Ya hemos visto los mecanismos estatales. C\u00f3mo funciona cuando se trata de hacer justicia y c\u00f3mo pretende eliminar de la vida social a cuantos se les opone. Pero no habr\u00eda que ver esta agresi\u00f3n como \u00fanica al Movimiento Libertario. Lo que est\u00e1 ocurriendo d\u00eda a d\u00eda en este pa\u00eds es una violaci\u00f3n descarada de los derechos humanos. Un permanente atentado a las libertades p\u00fablicas. Si ahora la injusticia se ceba en los compa\u00f1eros inculpados en el caso Scala; cualquier otros seremos las v\u00edctimas, cualquiera de vosotros, aqu\u00ed presentes, nadie escapa sea cual fuere el motivo a las garras que extiende este monstruo insaciable que nos somete en la esclavitud, que controla nuestras vidas y el porvenir de nuestros hijos, que nos raciona el pan y el trabajo y nos programa el cerebro. Pero no por ello cejaremos en el combate porque <em>\u201camamos la lucha, aun odiando la guerra, y no queremos paz, sino victoria\u201d<\/em>. Una victoria total sobre los privilegios y los poderes establecidos que posibilite la libertad de los hombres y los pueblos.<\/span><\/p>\n<p style=\"text-align: justify;\"><span style=\"font-size: 14pt; font-family: arial, helvetica, sans-serif;\">Y es por ello que hay que destacar la falta de solidaridad de los autotitulados partidos u sindicatos obreros, claro ellos est\u00e1n integrados u por lo tanto no les amenaza ning\u00fan peligro. Pero al menos debieran defender, aunque s\u00f3lo fuese un poco mejor los intereses de quienes les han votado y hecho posible que hoy est\u00e9n degustando la tarta del poder. No sabemos si tienen dirigentes encarcelados pero en la actualidad, si no se han alejado lo suficiente del pueblo como para no olvidar sus problemas, debieran saber que existen mas de 60 periodistas pendientes de juicio por no interpretar la situaci\u00f3n social como quiere el gobierno y el parlamento, que los trabajadores son reprimidos por ejercer el derecho de huelga y reclamar en manifestaciones pac\u00edficas sus m\u00e1s elementales derechos, y podr\u00edamos seguir con un interminable etc. Y por lo que a nosotros respecta tenemos a m\u00e1s de 50 compa\u00f1eros encarcelados, muchos de ellos pendientes de juicio o sentencia. A \u00e9stos hay que a\u00f1adir los detenidos en las acciones de protesta en contra el caso Scala. Acciones que dicho sea de paso se pueden concretar en protestas en Sevilla con 15 detenidos; encadenamientos en C\u00e1diz y detenidos que fueron puestos en libertad, tambi\u00e9n en esta ciudad se ley\u00f3 un comunicado ante la manifestaci\u00f3n con motivo del d\u00eda de Andaluc\u00eda, a cuyos asistentes agradecemos sus muestras de solidaridad, deteni\u00e9ndose para escucharnos y coreando las consignas por la libertad de los inocentes del Scala. Tambi\u00e9n hubo encierros en el consulado de Francia en M\u00e1laga y huelga de hambre del C.R., cuya imprenta que difund\u00eda para Andaluc\u00eda, fue motivo de un incendio con p\u00e9rdidas superiores al mill\u00f3n y medio de ptas. El pasado s\u00e1bado d\u00eda 29 de noviembre. La Polic\u00eda ha reconocido que se trata de un atentado, as\u00ed como huelgas de protesta en el Hospital de la Diputaci\u00f3n y pompas f\u00fanebres de M\u00e1laga, etc.<\/span><\/p>\n<p style=\"text-align: justify;\"><span style=\"font-size: 14pt; font-family: arial, helvetica, sans-serif;\">Hay que destacar, que algo que debiera ser ins\u00f3lito, se est\u00e1 convirtiendo en algo cotidiano en las supuestas democracias. Amnist\u00eda Internacional ha denunciado la violaci\u00f3n de los derechos humanos en Espa\u00f1a, \u00bfd\u00f3nde queda, Chile o Argentina? En este momento s\u00ed es verdad que los malos est\u00e1n en el infierno, Franco debe estar dando saltos de alegr\u00eda al ver que lo dej\u00f3 <em>\u201ctodo atado, y bien atado\u201d<\/em>.<\/span><\/p>\n<p style=\"text-align: justify;\"><span style=\"font-size: 14pt; font-family: arial, helvetica, sans-serif;\">Y puesto que nos hallamos sujetos a cualquier eventualidad y el riesgo pesa sobre nuestras cabezas, tanto estando organizados como si no. Si hemos de hacer frente a tantas adversidades, ya sea en las fabricas ,campos el barrio, o all\u00e1 donde se desenvuelva nuestra vida cotidiana, hag\u00e1moslo organizadamente, unidos, porque la uni\u00f3n simboliza la fuerza, y la solidaridad que podr\u00e1 hacer frente a nuestros problemas con dignidad, para capacitarnos culturalmente y asentar con s\u00f3lidos fundamentos las bases para la total emancipaci\u00f3n social.<\/span><\/p>\n<p style=\"text-align: justify;\"><span style=\"font-size: 14pt; font-family: arial, helvetica, sans-serif;\">Es por ello que aun pareciendo radicales, intentamos buscar el equilibrio en las cosas, es decir la justicia;\u00a0 como soporte de la igualdad y el bienestar colectivo, de todos, no de unos par\u00e1sitos privilegiados. El orden natural entre los hombres, sin que se confunda orden con represi\u00f3n o sometimiento. Hoy hay muchas cosas confusas; actualmente hay quienes confunden llam\u00e1ndose moderados, para simular que son hip\u00f3critas y cobardes.<\/span><\/p>\n<p style=\"text-align: justify;\"><span style=\"font-size: 14pt; font-family: arial, helvetica, sans-serif;\"><a href=\"https:\/\/puntocritico.com\/ausajpuntocritico\/wp-content\/uploads\/2018\/04\/caso-scala-14.jpg\" rel=\"lightbox[11382]\"><img loading=\"lazy\" decoding=\"async\" class=\"alignright wp-image-11427\" src=\"https:\/\/puntocritico.com\/ausajpuntocritico\/wp-content\/uploads\/2018\/04\/caso-scala-14-300x171.jpg\" alt=\"\" width=\"440\" height=\"250\" srcset=\"https:\/\/puntocritico.com\/ausajpuntocritico\/wp-content\/uploads\/2018\/04\/caso-scala-14-300x171.jpg 300w, https:\/\/puntocritico.com\/ausajpuntocritico\/wp-content\/uploads\/2018\/04\/caso-scala-14.jpg 614w\" sizes=\"auto, (max-width: 440px) 100vw, 440px\" \/><\/a>De cuanto se ha expuesto, ni por asomo hemos intentado hacer apolog\u00eda terrorista, tan s\u00f3lo hacemos uso de nuestro derecho a la libertad de expresi\u00f3n, el cual apreciamos en toda su dimensi\u00f3n, como toda libertad inherente al hombre. No somos ni terroristas, ni mercenarios. Nuestras armas son la asociaci\u00f3n obrera y la proyecci\u00f3n cultural hacia los hombres, en aras de tan sublime ideal. Pero no por ello, cuando se nos haya arrinconado, acosando o inculpando vilmente, vamos a prescindir del derecho que todo ser tiene a su leg\u00edtima defensa para responder a tama\u00f1os abusos. Porque t\u00e9ngase muy en cuenta que el Movimiento Libertario siempre se ha destacado por esa militancia consciente y activa, honrados y entregados a la causa de los trabajadores y la libertad. Y aunque se piense, no se nos va la fuerza por la boca, simplemente ocurre que poseemos demasiada buena voluntad y paciencia&#8230; Pero todo tiene su l\u00edmite. No vamos a ser el chivo expiatorio de esta pestilente democracia&#8230; para chivos, y toros que se echen al ruedo de la justicia popular\u00a0 las corruptelas del Gobierno; el paro, despidos y cierres patronales de la CEOE; los cr\u00edmenes impunes de protegidas bandas fascistas; las manipulaciones informativas de los medios de comunicaci\u00f3n; la carencia de viviendas, escuelas y hospitales; el continuo encarecimiento de los productos de consumo; los excesos mort\u00edferos del progreso; las continuas violaciones de los derechos del hombre, etc. Y podr\u00edamos seguir con una interminable relaci\u00f3n relaci\u00f3n de actos que hundir\u00edan a estos par\u00e1sitos en su propia miseria. Y que deben ser siempre denunciados y combatidos por todos los ciudadanos, sin titubeos ni medias tintas. Y por movernos los anarco-sindicalistas en este contexto de lucha, es precisamente por lo que estorbamos al Estado, al Capital, a las instituciones represivas y a toda la fauna pol\u00edtica.<\/span><\/p>\n<p style=\"text-align: justify;\"><span style=\"font-size: 14pt; font-family: arial, helvetica, sans-serif;\">Compa\u00f1eros: salud y anarqu\u00eda!!\u00a0<\/span><\/p>\n<p style=\"text-align: center;\"><span style=\"font-size: 14pt;\"><strong>***<\/strong><\/span><\/p>\n<div style=\"text-align: justify;\"><span style=\"font-size: 12pt; font-family: arial, helvetica, sans-serif;\">Jerez, 12 de diciembre de 1980<\/span><\/div>\n<div style=\"text-align: justify;\"><span style=\"font-size: 12pt; font-family: arial, helvetica, sans-serif;\">Informaciones de prensa y consulta en:<\/span><\/div>\n<div style=\"text-align: justify;\"><span style=\"font-size: 12pt; font-family: arial, helvetica, sans-serif;\">Colectivo de apoyo compa\u00f1eros \u201ccaso Scala\u201d<\/span><\/div>\n<div style=\"text-align: justify;\"><span style=\"font-size: 12pt; font-family: arial, helvetica, sans-serif;\">Diario16<\/span><\/div>\n<div style=\"text-align: justify;\"><span style=\"font-size: 12pt; font-family: arial, helvetica, sans-serif;\">El Pa\u00eds<\/span><\/div>\n<div style=\"text-align: justify;\"><span style=\"font-size: 12pt; font-family: arial, helvetica, sans-serif;\">El Correo de Andaluc\u00eda<\/span><\/div>\n<div style=\"text-align: justify;\"><span style=\"font-size: 12pt; font-family: arial, helvetica, sans-serif;\">Cadena SER. Informativo<\/span><\/div>\n<div style=\"text-align: justify;\"><span style=\"font-size: 12pt; font-family: arial, helvetica, sans-serif;\">Intervi\u00fa<\/span><\/div>\n<div style=\"text-align: justify;\"><span style=\"font-size: 12pt; font-family: arial, helvetica, sans-serif;\">Solidaridad Obrera<\/span><\/div>\n<p style=\"text-align: left;\"><span style=\"font-size: 14pt;\"><a href=\"https:\/\/puntocritico.com\/ausajpuntocritico\/documentos\/atentados-de-bandera-falsa-caso-scala.pdf\">Descarga aqu\u00ed texto completo<\/a><\/span><\/p>\n<p style=\"text-align: center;\"><span style=\"font-size: 14pt;\"><strong>***<\/strong><\/span><\/p>\n<p><a href=\"https:\/\/es.wikipedia.org\/wiki\/Caso_Scala\" target=\"_blank\" rel=\"noopener\"><span style=\"font-size: 14pt;\">Caso Scala en wikipedia<\/span><\/a><\/p>\n<hr \/>\n<p>&nbsp;<\/p>\n<p style=\"text-align: justify;\"><span style=\"font-family: arial, helvetica, sans-serif; font-size: 14pt; color: #339966;\"><b>NOTAS <\/b>al articulo<b>\u00a0 \u00ab<\/b><span style=\"color: #008000;\">E<\/span><\/span><span style=\"font-size: 12pt; color: #008000;\">l Caso Scala. Un proceso contra el anarcosindicalismo\u00bb, de Alvaro Mill\u00e1n<\/span><\/p>\n<p style=\"text-align: justify;\"><span style=\"font-family: arial, helvetica, sans-serif; font-size: 14pt;\"><a id=\"refart1\"><\/a><a href=\"#refart1a\">[1]<\/a>. En su nota la polic\u00eda atribu\u00eda la autor\u00eda del atentado a un comando anarquista integrado en la Confederaci\u00f3n Nacional del Trabajo que sirve de apoyo en todos sus prop\u00f3sitos a la CNT a la que est\u00e1 \u00edntimamente ligado como brazo armado. Ante esta informaci\u00f3n la CNT interpuso una querella contra el Jefe Superior de Polic\u00eda Calleja Peinado que, como era de esperar, no prosper\u00f3.<\/span><\/p>\n<p style=\"text-align: justify;\"><span style=\"font-family: arial, helvetica, sans-serif; font-size: 14pt;\"><a id=\"refart2\"><\/a><a href=\"#refart2a\">[2]<\/a>. Declaraciones hechas por Gamb\u00edn al fiscal del Caso Alejandro del Toro Marzal tras su detenci\u00f3n en Valencia en diciembre de 1981.<\/span><\/p>\n<p style=\"text-align: justify;\"><span style=\"font-family: arial, helvetica, sans-serif; font-size: 14pt;\"><a id=\"refart3\"><\/a><a href=\"#refart3a\">[3]<\/a>. La CNT, a trav\u00e9s de su Comit\u00e9 Pro-presos, pag\u00f3 la cantidad de 80.000 pesetas en concepto de fianza por la libertad provisional de Gamb\u00edn.<\/span><\/p>\n<p style=\"text-align: justify;\"><span style=\"font-family: arial, helvetica, sans-serif; font-size: 14pt;\"><a id=\"refart4\"><\/a><a href=\"#refart4a\">[4]<\/a>. Declaraciones de Mart\u00edn Villa a la televisi\u00f3n en febrero de 1978.<\/span><\/p>\n<p style=\"text-align: justify;\"><span style=\"font-family: arial, helvetica, sans-serif; font-size: 14pt;\"><a id=\"refart5\"><\/a><a href=\"#refart5a\">[5]<\/a>. El propio Gamb\u00edn reconoci\u00f3 su participaci\u00f3n en el ERAT tanto en la entrevista que concedi\u00f3 a Cambio 16 en febrero de 1980, como en sus declaraciones ante el fiscal en 1981. Seg\u00fan sus declaraciones, en aquellos momentos necesitaba pasta y busc\u00f3 un grupo que le diera cobertura pol\u00edtica.<\/span><\/p>\n<p style=\"text-align: justify;\"><span style=\"font-family: arial, helvetica, sans-serif; font-size: 14pt;\"><a id=\"refart6\"><\/a><a href=\"#refart6a\">[6]<\/a>. Alejandro del Toro. Cuadernos Jur\u00eddicos.<\/span><\/p>\n<p style=\"text-align: justify;\"><span style=\"font-family: arial, helvetica, sans-serif; font-size: 14pt;\"><a id=\"refart7\"><\/a><a href=\"#refart7a\">[7]<\/a>. Algunas de estas acciones no pudieron celebrarse por prohibici\u00f3n gubernativa, como ocurri\u00f3 con el Festival de Solidaridad que deb\u00eda celebrarse en el Palacio de los Deportes de Barcelona<\/span><\/p>\n<p style=\"text-align: justify;\"><span style=\"font-family: arial, helvetica, sans-serif; font-size: 14pt;\"><a id=\"refart8\"><\/a><a href=\"#refart8a\">[8]<\/a>. Declaraciones de Jos\u00e9 Bond\u00eda realizadas a la prensa en Madrid. No s\u00f3lo Bond\u00eda hab\u00eda logrado localizar a Gamb\u00edn, tambi\u00e9n lo hab\u00eda conseguido Cambio 16 y el periodista Ferr\u00e1n Sales quien lo localiz\u00f3 en la localidad de Rinc\u00f3n de la Seca. Al parecer s\u00f3lo para la polic\u00eda era desconocido el paradero de Gamb\u00edn. El propio fiscal lleg\u00f3 calificar de esc\u00e1ndalo judicial el bochornoso espect\u00e1culo de la desaparici\u00f3n de Gamb\u00edn.<\/span><\/p>\n<p style=\"text-align: justify;\"><span style=\"font-family: arial, helvetica, sans-serif; font-size: 14pt;\"><a id=\"refart9\"><\/a><a href=\"#refart9a\">[9]<\/a>. Sobre este asunto parece que existen datos objetivos que indican un cierto plan de determinados sectores del r\u00e9gimen para impedir que el PCE a trav\u00e9s de Comisiones Obreras, lograra controlar el movimiento sindical. A este respecto es interesante la lectura del libro Anarquismo y anarquistas de Fidel Mir\u00f3 en donde se relatan ciertas conversaciones que se produjeron a instancias del entonces jerarca del Vertical Soc\u00edas Humbert \u2013luego alcalde de Barcelona nombrado por Franco y m\u00e1s tarde diputado del PSOE\u2013 a fin de intentar que la CNT participara en las \u00faltimas elecciones sindicales del verticalismo celebradas en 1974. De ah\u00ed a establecer complicidades o lanzar acusaciones hay una gran distancia marcada por las luchas internas cada vez m\u00e1s cruentas en que vivi\u00f3 la CNT desde su reconstrucci\u00f3n.<\/span><\/p>\n<p style=\"text-align: justify;\"><span style=\"font-family: arial, helvetica, sans-serif; font-size: 14pt;\"><a id=\"refart10\"><\/a><a href=\"#refart10a\">[10]<\/a>. Entrevista concedida por Javier Ca\u00f1adas a la revista <i>El Temps<\/i>, publicada el 12-2-1996.<\/span><\/p>\n<p style=\"text-align: justify;\"><span style=\"font-family: arial, helvetica, sans-serif; font-size: 14pt;\"><a id=\"refart11\"><\/a><a href=\"#refart11a\">[11]<\/a>. Art\u00edculo publicado por Alejandro del Toro en la revista Cuadernos Jur\u00eddicos.<\/span><\/p>\n<p>&nbsp;<\/p>\n<p>&nbsp;<\/p>\n<p style=\"text-align: justify;\"><span style=\"font-size: 14pt; font-family: arial, helvetica, sans-serif;\"><strong>\u00a0<\/strong><\/span><\/p>\n","protected":false},"excerpt":{"rendered":"<div class=\"mh-excerpt\"><p>En octubre-noviembre de 1977 se firman los Pactos de la Moncloa entre los principales Partidos pol\u00edticos y Sindicatos;\u00a0 la CNT se quedaba fuera y, en consecuencia, sin poder participar en la negociaci\u00f3n colectiva. CNT es <a class=\"mh-excerpt-more\" href=\"https:\/\/puntocritico.com\/ausajpuntocritico\/2018\/04\/24\/caso-scala-terrorismo-de-estado-contra-catalunya-somos-espanoles-no-castellanos\/\" title=\"\u00abCASO SCALA\u00bb: TERRORISMO DE ESTADO CONTRA CATALUNYA. \u00abSomos Espa\u00f1oles, no Castellanos\u00bb\">[&#8230;]<\/a><\/p>\n<\/div>","protected":false},"author":3,"featured_media":11423,"comment_status":"open","ping_status":"closed","sticky":false,"template":"","format":"standard","meta":{"_acf_changed":false,"_exactmetrics_skip_tracking":false,"_exactmetrics_sitenote_active":false,"_exactmetrics_sitenote_note":"","_exactmetrics_sitenote_category":0,"footnotes":""},"categories":[7],"tags":[],"class_list":{"0":"post-11382","1":"post","2":"type-post","3":"status-publish","4":"format-standard","5":"has-post-thumbnail","7":"category-politica"},"acf":[],"_links":{"self":[{"href":"https:\/\/puntocritico.com\/ausajpuntocritico\/wp-json\/wp\/v2\/posts\/11382","targetHints":{"allow":["GET"]}}],"collection":[{"href":"https:\/\/puntocritico.com\/ausajpuntocritico\/wp-json\/wp\/v2\/posts"}],"about":[{"href":"https:\/\/puntocritico.com\/ausajpuntocritico\/wp-json\/wp\/v2\/types\/post"}],"author":[{"embeddable":true,"href":"https:\/\/puntocritico.com\/ausajpuntocritico\/wp-json\/wp\/v2\/users\/3"}],"replies":[{"embeddable":true,"href":"https:\/\/puntocritico.com\/ausajpuntocritico\/wp-json\/wp\/v2\/comments?post=11382"}],"version-history":[{"count":0,"href":"https:\/\/puntocritico.com\/ausajpuntocritico\/wp-json\/wp\/v2\/posts\/11382\/revisions"}],"wp:featuredmedia":[{"embeddable":true,"href":"https:\/\/puntocritico.com\/ausajpuntocritico\/wp-json\/wp\/v2\/media\/11423"}],"wp:attachment":[{"href":"https:\/\/puntocritico.com\/ausajpuntocritico\/wp-json\/wp\/v2\/media?parent=11382"}],"wp:term":[{"taxonomy":"category","embeddable":true,"href":"https:\/\/puntocritico.com\/ausajpuntocritico\/wp-json\/wp\/v2\/categories?post=11382"},{"taxonomy":"post_tag","embeddable":true,"href":"https:\/\/puntocritico.com\/ausajpuntocritico\/wp-json\/wp\/v2\/tags?post=11382"}],"curies":[{"name":"wp","href":"https:\/\/api.w.org\/{rel}","templated":true}]}}