{"id":10860,"date":"2018-04-16T01:00:54","date_gmt":"2018-04-16T00:00:54","guid":{"rendered":"http:\/\/puntocritico.com\/?p=10860"},"modified":"2019-04-09T17:53:37","modified_gmt":"2019-04-09T16:53:37","slug":"hoja-del-lunes-espana-sin-constitucion","status":"publish","type":"post","link":"https:\/\/puntocritico.com\/ausajpuntocritico\/2018\/04\/16\/hoja-del-lunes-espana-sin-constitucion\/","title":{"rendered":"HOJA DEL LUNES: Espa\u00f1a, Sin Constituci\u00f3n"},"content":{"rendered":"<blockquote>\n<h1 class=\"pg-headline\" style=\"text-align: center;\"><a id=\"ref1\"><\/a><a href=\"#ref1a\">[1]<\/a> El juez Pablo Llarena y la Constituci\u00f3n<\/h1>\n<p><span style=\"font-size: 14pt;\">Por Javier P\u00e9rez Royo<\/span><\/p>\n<div><span style=\"color: #339966;\">Art\u00edculo publicado el 12 de abril de 2018 en<\/span><\/div>\n<div><a href=\"https:\/\/www.eldiario.es\/zonacritica\/juez-Pablo-Llarena-Constitucion_6_760184011.html\" target=\"_blank\" rel=\"noopener\"><span style=\"color: #339966;\">https:\/\/www.eldiario.es\/zonacritica\/juez-Pablo-Llarena-Constitucion_6_760184011.html<\/span><\/a><\/div>\n<div>\u00a0\u00a0<\/div>\n<figure id=\"attachment_11000\" aria-describedby=\"caption-attachment-11000\" style=\"width: 643px\" class=\"wp-caption aligncenter\"><a href=\"https:\/\/puntocritico.com\/ausajpuntocritico\/wp-content\/uploads\/2018\/04\/Turull-renuncia-investidura-Sanchez-candidato_EDIIMA20180405_0141_23.jpg\" rel=\"lightbox[10860]\"><img loading=\"lazy\" decoding=\"async\" class=\"wp-image-11000 size-full\" src=\"https:\/\/puntocritico.com\/ausajpuntocritico\/wp-content\/uploads\/2018\/04\/Turull-renuncia-investidura-Sanchez-candidato_EDIIMA20180405_0141_23.jpg\" alt=\"\" width=\"643\" height=\"362\" srcset=\"https:\/\/puntocritico.com\/ausajpuntocritico\/wp-content\/uploads\/2018\/04\/Turull-renuncia-investidura-Sanchez-candidato_EDIIMA20180405_0141_23.jpg 643w, https:\/\/puntocritico.com\/ausajpuntocritico\/wp-content\/uploads\/2018\/04\/Turull-renuncia-investidura-Sanchez-candidato_EDIIMA20180405_0141_23-300x169.jpg 300w\" sizes=\"auto, (max-width: 643px) 100vw, 643px\" \/><\/a><figcaption id=\"caption-attachment-11000\" class=\"wp-caption-text\">Imagen de Jordi S\u00e0nchez EFE<\/figcaption><\/figure>\n<p class=\"mce\" style=\"text-align: justify;\"><span style=\"font-size: 14pt; font-family: arial, helvetica, sans-serif;\">El juez Pablo Llarena no fundamenta su auto\u00a0sobre Jordi S\u00e0nchez en ninguna ley. Aunque parezca incre\u00edble, as\u00ed es<\/span><\/p>\n<p class=\"mce\" style=\"text-align: justify;\"><span style=\"font-size: 14pt; font-family: arial, helvetica, sans-serif;\">Al Poder Judicial en general y al Tribunal Supremo en particular le cost\u00f3 aceptar que la Constituci\u00f3n es norma jur\u00eddica y que la ley y las dem\u00e1s normas que integran el ordenamiento jur\u00eddico est\u00e1n subordinadas a la Constituci\u00f3n y tienen que ser interpretadas de conformidad con la Constituci\u00f3n.<\/span><\/p>\n<p class=\"mce\" style=\"text-align: justify;\"><span style=\"font-size: 14pt; font-family: arial, helvetica, sans-serif;\">Todav\u00eda en el a\u00f1o 1982, m\u00e1s de tres a\u00f1os despu\u00e9s de la entrada en vigor de la Constituci\u00f3n, el Tribunal Constitucional tuvo que anular dos sentencias, una de la Audiencia Territorial de Sevilla de 31 de enero de 1980 y otra de la Sala Primera del Tribunal Supremo de 8 de abril de 1982, porque ambas ignoraron y abiertamente negaron el valor normativo inmediato del art\u00edculo 14 de la Constituci\u00f3n<\/span><\/p>\n<p class=\"mce\" style=\"text-align: justify;\"><span style=\"font-size: 14pt; font-family: arial, helvetica, sans-serif;\">En la primera de ellas, la Audiencia Territorial afirma textualmente que \u00abel contenido de las Leyes Fundamentales del Estado integra meras enunciaciones de principio encaminados a orientar la futura labor del Poder P\u00fablico, sin eficacia para provocar el nacimiento de derechos civiles salvo que \u00e9stos se desarrollen por leyes ulteriores\u00bb. En la Sentencia del Tribunal Supremo se dice que \u00abtal mandato (el del art\u00edculo 14 CE) tiene alcance de una declaraci\u00f3n de principio\u00bb necesitada de ulterior desarrollo, y en coherencia con esta interpretaci\u00f3n, no se ha apreciado el efecto derogatorio del art. 14 respecto al art\u00edculo 137 del C\u00f3digo Civil en virtud de la disposici\u00f3n derogatoria tercera de la Constituci\u00f3n\u00bb (STC 80\/82. FJ 1\u00ba).<\/span><\/p>\n<p class=\"mce\" style=\"text-align: justify;\"><span style=\"font-size: 14pt; font-family: arial, helvetica, sans-serif;\">Es de destacar que el Fiscal General del Estado se opuso a la estimaci\u00f3n del recurso de amparo y argument\u00f3 que el Tribunal Constitucional deb\u00eda confirmar por su conformidad con la Constituci\u00f3n ambas sentencias. Significativa coincidencia de Fiscal\u00eda General, Audiencia Territorial y Tribunal Supremo.<\/span><\/p>\n<p class=\"mce\" style=\"text-align: justify;\"><span style=\"font-size: 14pt; font-family: arial, helvetica, sans-serif;\">Obviamente, el Tribunal Constitucional anular\u00eda ambas sentencias por ser sus \u00abfallos contrarios al derecho de igualdad que perpet\u00faan en el presente un trato discriminatorio nacido al amparo de la legislaci\u00f3n preconstitucional\u00bb.<\/span><\/p>\n<p class=\"mce\" style=\"text-align: justify;\"><span style=\"font-size: 14pt; font-family: arial, helvetica, sans-serif;\">Pensaba que estas resistencias a aceptar la primac\u00eda de la Constituci\u00f3n hab\u00edan desaparecido en nuestros tribunales de justicia, pero la instrucci\u00f3n del Juez Pablo Llarena en general y en particular su auto de ayer impidiendo por segunda vez que Jordi S\u00e1nchez pueda acudir como candidato a la sesi\u00f3n de investidura convocada por el president del Parlament, ha venido a sacarme de mi error. La Constituci\u00f3n y el Estatuto de Autonom\u00eda, que es materialmente una norma constitucional y que integra con la Constituci\u00f3n el llamado \u00abbloque de la constitucionalidad\u00bb, no son normas jur\u00eddicas de obligado cumplimiento. El Juez Instructor no tiene por qu\u00e9 tomarlas en consideraci\u00f3n cuando tiene que tomar una decisi\u00f3n sobre un proceso de investidura, a pesar de que dicho proceso \u00fanicamente est\u00e1 regulado en la Constituci\u00f3n y en el Estatuto.<\/span><\/p>\n<p class=\"mce\" style=\"text-align: justify;\"><span style=\"font-size: 14pt; font-family: arial, helvetica, sans-serif;\">Ahora bien, el Juez Pablo Llarena no se contenta con emular a sus colegas de la Sala Primera de los primeros a\u00f1os ochenta, sino que va mucho m\u00e1s all\u00e1. Los Magistrados de la Sala Primera fundamentaban su decisi\u00f3n en el C\u00f3digo Civil. Erraron al interpretar la Constituci\u00f3n en funci\u00f3n del C\u00f3digo Civil, en lugar de interpretar el C\u00f3digo Civil en funci\u00f3n de la Constituci\u00f3n, pero hab\u00eda por lo menos una apariencia de fundamentaci\u00f3n jur\u00eddica.<\/span><\/p>\n<p class=\"mce\" style=\"text-align: justify;\"><span style=\"font-size: 14pt; font-family: arial, helvetica, sans-serif;\">El Juez Pablo Llarena no fundamenta su auto de ayer en ninguna ley. Aunque parezca incre\u00edble, as\u00ed es. No solamente prescinde por completo de la Constituci\u00f3n y del Estatuto de Autonom\u00eda, sino que prescinde, adem\u00e1s, de la Ley de Enjuiciamiento Criminal, ya que el requisito de que sea \u00abfirme\u00bb el auto de procesamiento para limitar el derecho de sufragio pasivo, simplemente no existe. El art\u00edculo 384 bis de la LO 4\/1988 dice textualmente: \u00abFIRME UN AUTO DE PROCESAMIENTO y decretada la prisi\u00f3n provisional por delito cometido por persona integrada o relacionada con bandas armadas o individuos terroristas o rebeldes, el procesado que estuviere ostentando funci\u00f3n o cargo p\u00fablico quedar\u00e1 autom\u00e1ticamente suspendido en el ejercicio del mismo mientras dure la situaci\u00f3n de prisi\u00f3n\u00bb. Al no ser FIRME el auto de procesamiento falta el presupuesto de hecho para que pueda ser aplicado a Jordi S\u00e1nchez el art\u00edculo 384 bis. En consecuencia, aunque lo menciona, no puede fundamentar su decisi\u00f3n en \u00e9l.<\/span><\/p>\n<p class=\"mce\" style=\"text-align: justify;\"><span style=\"font-size: 14pt; font-family: arial, helvetica, sans-serif;\">El Juez Instructor ha tomado, pues, su decisi\u00f3n sin fundamentarla en ning\u00fan precepto legal. Y lo ha hecho as\u00ed, porque no hay absolutamente nada en el ordenamiento jur\u00eddico con base en lo cual se pueda tomar la decisi\u00f3n de impedir que Jordi S\u00e1nchez acuda a la sesi\u00f3n de investidura. La decisi\u00f3n carece de cualquier fundamentaci\u00f3n jur\u00eddica. Formalmente es una decisi\u00f3n judicial. Materialmente es una decisi\u00f3n privada, con la que se subvierte el ejercicio de la funci\u00f3n jurisdiccional tal como est\u00e1 definida en la Constituci\u00f3n. \u00a0\u00a0<\/span><\/p>\n<\/blockquote>\n<p style=\"text-align: center;\"><span style=\"font-size: 14pt;\">\u2666<span style=\"color: #339966;\">\u2666<\/span>\u2666<span style=\"color: #339966;\">\u2666<\/span>\u2666<span style=\"color: #339966;\">\u2666<\/span>\u2666<\/span><\/p>\n<p><span style=\"font-size: 14pt;\"><strong>Sumario (<\/strong><em>Semana del 9 al 15 de abril de 2018<\/em><strong>):<\/strong><\/span><\/p>\n<p><a id=\"ref1a\"><\/a><a href=\"#ref1\">[1] El juez Pablo Llarena y la Constituci\u00f3n, por Javier P\u00e9rez Royo <\/a><br \/>\n<a id=\"ref2a\"><\/a><a href=\"#ref2\">[2] Enrique Santiago, elegido nuevo secretario general del PCE, por\u00a0eldiario.es<\/a><br \/>\n<a id=\"ref3a\"><\/a><a href=\"#ref3\">[3] No man left behind, por Joan Tard\u00e0 i Coma<\/a><br \/>\n<a id=\"ref4a\"><\/a><a href=\"#ref4\">[4] Competencia lleva al Gobierno ante el Tribunal de Justicia de la UE por arrebatarle funciones, por\u00a0Antonio M. V\u00e9lez<\/a><br \/>\n<a id=\"ref5a\"><\/a><a href=\"#ref5\">[5] \u00bfPruebas falsas para justificar 500.000 euros en contratos &#8216;a dedo&#8217; a la trama de De Miguel?, Por\u00a0Iker Rioja Andueza<\/a><br \/>\n<a id=\"ref6a\"><\/a><a href=\"#ref6\">[6] La marihuana legal, en camino de superar en ventas a los refrescos en EEUU, Por\u00a0\u00a0El Rastreador<\/a><br \/>\n<a id=\"ref7a\"><\/a><a href=\"#ref7\">[7] Cifuentes prepara una ley de universidades que permite contratar a dedo a profesores \u00abdistinguidos\u00bb, Por\u00a0F\u00e1tima Caballer<\/a><br \/>\n<a id=\"ref8a\"><\/a><a href=\"#ref8\">[8] Otra conspiraci\u00f3n del PSOE, Por Juan Carlos Escudier<\/a><br \/>\n<a id=\"ref9a\"><\/a><a href=\"#ref9\">[9] El profesor que filtr\u00f3 el caso del m\u00e1ster niega una operaci\u00f3n pol\u00edtica: \u00abSoy un funcionario que est\u00e1 cumpliendo con su obligaci\u00f3n\u00bb, Por AGENCIAS<\/a><br \/>\n<a id=\"ref10a\"><\/a><a href=\"#ref10\">[10] Ciudadanos ya le saca casi un mill\u00f3n de votos y 9 esca\u00f1os de ventaja a un PP en ca\u00edda libre, Por\u00a0CARLOS ENRIQUE BAYO<\/a><br \/>\n<a id=\"ref11a\"><\/a><a href=\"#ref11\">[11] Cobardes de silencio c\u00f3mplice, Por David Bollero<\/a><br \/>\n<a id=\"ref12a\"><\/a><a href=\"#ref12\">[12] El Rey apoya en Barcelona a los jueces como \u00abgarant\u00eda de los derechos y el respeto a la ley\u00bb, Por\u00a0German Gonzalez\u00a0<\/a><br \/>\n<a id=\"ref13a\"><\/a><a href=\"#ref13\">[13] La hora de Gri\u00f1\u00e1n y Chaves al fin en el juicio de los ERE, Por Silvia Moreno<\/a><br \/>\n<a id=\"ref14a\"><\/a><a href=\"#ref14\">[14] Casi uno de cada cuatro indultos concedidos en 2017 fue para condenados por corrupci\u00f3n, Por\u00a0EVA BELMONTE | DAVID CABO (CIVIO)<\/a><br \/>\n<a id=\"ref15a\"><\/a><a href=\"#ref15\">[15] El Tribunal Supremo ya marc\u00f3 doctrina en un caso similar al del m\u00e1ster de Cristina Cifuentes, Por\u00a0nuevatribuna.es<\/a><br \/>\n<a id=\"ref16a\"><\/a><a href=\"#ref16\">[16] La estrecha relaci\u00f3n entre Cifuentes y el creador de la Universidad Rey Juan Carlos, Por I\u00f1igo Aduriz<\/a><br \/>\n<a id=\"ref17a\"><\/a><a href=\"#ref17\">[17] Hay m\u00e1s nombres: los VIP de la URJC, Por Ignacio Escolar<\/a><br \/>\n<a id=\"ref18a\"><\/a><a href=\"#ref18\">[18] Pablo Casado nunca fue a clase y solo curs\u00f3 cuatro de las 22 asignaturas de su m\u00e1ster gracias a las convalidaciones,Por Gonzalo Cortizo<\/a><br \/>\n<a id=\"ref19a\"><\/a><a href=\"#ref19\">[19] Cifuentes aprob\u00f3 tres asignaturas de su m\u00e1ster con unas actas con firmas de profesores falsificadas, Por Laura Galaup \/ Jos\u00e9 Precedo \/ Ra\u00fal Rej\u00f3n \/ Ignacio Escolar \/ Raquel Ejerique<\/a><br \/>\n<a id=\"ref20a\"><\/a><a href=\"#ref20\">[20] La Guardia Civil detiene a una activista de los CDR por rebeli\u00f3n y terrorismo, Por eldiario.es <\/a><br \/>\n<a id=\"ref21a\"><\/a><a href=\"#ref21\">[21] Tiempos dif\u00edciles para el humor, Por TENIENTE KAFFEE<\/a><br \/>\n<a id=\"ref22a\"><\/a><a href=\"#ref22\">[22] El Supremo tumba el sistema de tarifas de la SGAE, CEDRO y las dem\u00e1s entidades de gesti\u00f3n de derechos de autor, Por\u00a0PABLO ROMERO<\/a><br \/>\n<a id=\"ref23a\"><\/a><a href=\"#ref23\">[23] Rajoy no muerde a Rivera, ni Rivera a Rajoy, Por Fernando L\u00f3pez Agud\u00edn<\/a><br \/>\n<a id=\"ref24a\"><\/a><a href=\"#ref24\">[24] Los 8 d\u00edas de oro de la Rey Juan Carlos, Por Juan Carlos Escudier<\/a><br \/>\n<a id=\"ref25a\"><\/a><a href=\"#ref25\">[25] Bofetada de Protecci\u00f3n de Datos al Ministerio de Justicia por un grave agujero de seguridad de su sistema de notificaciones LexNet, Por P. ROMERO<\/a><br \/>\n<a id=\"ref26a\"><\/a><a href=\"#ref26\">[26] La sociedad del \u2018like\u2019, Por Luis Moreno<\/a><br \/>\n<a id=\"ref27a\"><\/a><a href=\"#ref27\">[27] Una de las profesoras asegura a la Polic\u00eda que tiene grabadas amenazas del director del m\u00e1ster de Cifuentes, por Pedro \u00c1gueda<\/a><br \/>\n<a id=\"ref28a\"><\/a><a href=\"#ref28\">[28] Pol\u00edticos del PP y cargos de confianza del Gobierno aprobaron asignaturas del m\u00e1ster de Cifuentes con actas falsificadas, Jos\u00e9 Precedo \/ Laura Galaup \/ Ra\u00fal Rej\u00f3n \/ Ignacio Escolar<\/a><br \/>\n<a id=\"ref29a\"><\/a><a href=\"#ref29\">[29] El director del Instituto del m\u00e1ster de Cifuentes tiene una empresa con la que factura por cursos y m\u00e1steres, por Antonio M. V\u00e9lez \/ Raquel Ejerique<\/a><br \/>\n<a id=\"ref30a\"><\/a><a href=\"#ref30\">[30] Nosotros, Por An\u00edbal Malvar<\/a><br \/>\n<a id=\"ref31a\"><\/a><a href=\"#ref31\">[31] Xavier Dom\u00e8nech, nuevo secretario general de Podem con el 72% de los votos, Por\u00a0Europa Press<\/a><br \/>\n<a id=\"ref32a\"><\/a><a href=\"#ref32\">[32] Jueces y fiscales piden \u00abresponsabilidad\u00bb a la Xunta para \u00abno dilatar\u00bb la huelga del personal de justicia, por Miguel Pardo<\/a><br \/>\n<a id=\"ref33a\"><\/a><a href=\"#ref33\">[33] Un cambio legislativo pactado por PP y PSOE en 2015 permite perseguir a los CDR como terrorismo sin armas, por Oriol Sol\u00e9 Altimira<\/a><br \/>\n<a id=\"ref34a\"><\/a><a href=\"#ref34\">[34] Todos somos terroristas en potencia y la Audiencia Nacional lo sabe, por I\u00f1igo S\u00e1enz de Ugarte<\/a><br \/>\n<a id=\"ref35a\"><\/a><a href=\"#ref35\">[35] \u00abLA INTIMIDACI\u00d3N DE LA OLIGARQU\u00cdA BRASILE\u00d1A SOLO SE PUEDE CONTRARESTAR CON LA R\u00c9PLICA POPULAR\u00bb, por Redacci\u00f3n <\/a><br \/>\n<a id=\"ref36a\"><\/a><a href=\"#ref36\">[36] ONCE TESIS MARXISTAS SOBRE EL FASCISMO, Por TEODORO NELSON<\/a><br \/>\n<a id=\"ref37a\"><\/a><a href=\"#ref37\">[37] NI TAN NUEVO, NI TAN LIBERAL: SOBRE LA FALLIDA CATEGOR\u00cdA DEL \u00abNEOLIBERALISMO\u00bb, Por MANUEL NAVARRETE<\/a><br \/>\n<a id=\"ref38a\"><\/a><a href=\"#ref38\">[38] La Comisi\u00f3n Europea cree que Alemania actu\u00f3 \u00abde acuerdo a las reglas\u00bb respecto a la euroorden contra Puigdemont, POR EFE<\/a><br \/>\n<a id=\"ref39a\"><\/a><a href=\"#ref39\">[39] Franco, l\u00edder del PSM, false\u00f3 su curr\u00edculum y a\u00f1adi\u00f3 una licenciatura que no ten\u00eda, Por JAVIER NEGRE<\/a><br \/>\n<a id=\"ref40a\"><\/a><a href=\"#ref40\">[40] El l\u00edder del PSOE en Madrid admite una \u00abirregularidad\u00bb en su CV \u00abunos a\u00f1os\u00bb, por EUROPA PRESS<\/a><br \/>\n<a id=\"ref41a\"><\/a><a href=\"#ref41\">[41] Una cumbre de cardenales ultracat\u00f3licos declara su desobediencia al Papa tras acusarle de \u00abhereje\u00bb, por Jes\u00fas Bastante<\/a><br \/>\n<a id=\"ref42a\"><\/a><a href=\"#ref42\">[42] La hora de los valientes, por Elisa Beni<\/a><br \/>\n<a id=\"ref43a\"><\/a><a href=\"#ref43\">[43] La separaci\u00f3n es siempre desigualdad, por Javier Per\u00e9z Royo<\/a><br \/>\n<a id=\"ref44a\"><\/a><a href=\"#ref44\">[44] Hoy declara ante el juez la detenida de los CDR por rebeli\u00f3n y terrorismo, por REDACCI\u00d3N Y EFE<\/a><br \/>\n<a id=\"ref45a\"><\/a><a href=\"#ref45\">[45] Educaci\u00f3n \u2018tumba\u2019 el chollo que ten\u00eda la Universidad Rey Juan Carlos con los polic\u00edas, por ROBERTO R. BALLESTEROS<\/a><br \/>\n<a id=\"ref46a\"><\/a><a href=\"#ref46\">[46] La misteriosa desaparici\u00f3n de los t\u00edtulos de Ana Pastor, Toni Cant\u00f3 y otros diputados tras el &#8216;mastergate&#8217;, por P\u00daBLICO<\/a><br \/>\n<a id=\"ref47a\"><\/a><a href=\"#ref47\">[47] Fiscal\u00eda investigar\u00e1 las licenciaturas expedidas por la Universidad Rey Juan Carlos a altos mandos de la Polic\u00eda Nacional, Por eldiario.es<\/a><br \/>\n<a id=\"ref48a\"><\/a><a href=\"#ref48\">[48] El juez deja libre a la supuesta coordinadora de los CDR y descarta terrorismo, Por CARLOTA GUINDAL<\/a><br \/>\n<a id=\"ref49a\"><\/a><a href=\"#ref49\">[49] La especialidad de Colau, por lavanguardia.com<\/a><br \/>\n<a id=\"ref50a\"><\/a><a href=\"#ref50\">[50] El Poder Judicial investiga el retraso en la imputaci\u00f3n del CEO de American Express, por RUTH UGALDE<\/a><br \/>\n<a id=\"ref51a\"><\/a><a href=\"#ref51\">[51] La posible rival de Errej\u00f3n en las primarias, sobre la advertencia de Iglesias: \u00abCon un padrino as\u00ed, virgencita, virgencita, que me quede como estoy\u00bb, por \u00c1LVARO CARVAJAL <\/a><br \/>\n<a id=\"ref52a\"><\/a><a href=\"#ref52\">[52] La juez ve delito en la red para financiar a PSOE y Bloc, por Juan Nieto<\/a><br \/>\n<a id=\"ref53a\"><\/a><a href=\"#ref53\">[53] Un juez libera a unos padres del aval hipotecario de su hijo, eldiarionote.es<\/a><br \/>\n<a id=\"ref54a\"><\/a><a href=\"#ref54\">[54] La Mesa del Parlament aprueba interponer una querella contra el juez Llarena por prevaricaci\u00f3n, Por Arturo Puente<\/a><br \/>\n<a id=\"ref55a\"><\/a><a href=\"#ref55\">[55] El cuento chino de la regeneraci\u00f3n pol\u00edtica, Por Carlos Hern\u00e1ndez<\/a><br \/>\n<a id=\"ref56a\"><\/a><a href=\"#ref56\">[56] Secuestro energ\u00e9tico: una perspectiva peninsular, Por DANIEL TOLEDO<\/a><br \/>\n<a id=\"ref57a\"><\/a><a href=\"#ref57\">[57] La justicia concluye que las autoridades francesas se inventaron la existencia de una c\u00e9lula terrorista anarquista, por Angelique Chrisafis &#8211; Par\u00eds<\/a><br \/>\n<a id=\"ref58a\"><\/a><a href=\"#ref58\">[58] El PSOE desautoriza una campa\u00f1a de Juventudes Socialistas a favor de la III Rep\u00fablica: \u00abEspero que est\u00e9n en otras cosas\u00bb, por eldiario.es<\/a><br \/>\n<a id=\"ref59a\"><\/a><a href=\"#ref59\">[59] La justicia sienta en el banquillo a la presidenta de Coca-Cola y al de Damm por supuesta estafa en la compra de Cacaolat, Por Laura Ol\u00edas<\/a><br \/>\n<a id=\"ref60a\"><\/a><a href=\"#ref60\">[60] Dimite el diputado de Podemos que dijo en su curr\u00edculum que era ingeniero y no lo es, por EUROPA PRESS<\/a><br \/>\n<a id=\"ref61a\"><\/a><a href=\"#ref61\">[61] Los seis detenidos tras &#8216;okupar&#8217; un edificio en Sevilla, libres tras casi 60 d\u00edas en prisi\u00f3n, Por JAIRO VARGAS<\/a><br \/>\n<a id=\"ref62a\"><\/a><a href=\"#ref62\">[62] EEUU, Reino Unido y Francia atacan Siria, por The Guardian<\/a><br \/>\n<a id=\"ref63a\"><\/a><a href=\"#ref63\">[63] Rusia asegura que el ataque de EE UU, Reino Unido y Francia contra Siria \u00abtendr\u00e1 consecuencias\u00bb, por EFE\/eldiario.es<\/a><br \/>\n<a id=\"ref164\"><\/a><a href=\"#ref64\">[64] EEUU bombardea Siria y desaf\u00eda a Rusia, por EFE<\/a><br \/>\n<a id=\"ref65a\"><\/a><a href=\"#ref65\">[65] \u00bfPor qu\u00e9 UGT-CCOO sustituyen a PSOE-Podemos?, Por Fernando L\u00f3pez Agud\u00edn<\/a><br \/>\n<a id=\"ref66a\"><\/a><a href=\"#ref66\">[66] La firma del portavoz del 15-M recibe 35.000 euros a dedo del Consistorio, por LUCA COSTANTINI<\/a><br \/>\n<a id=\"ref67a\"><\/a><a href=\"#ref67\">[67] Los sistemas antia\u00e9reos sirios interceptaron 71 de los 103 misiles lanzados, Por Octubre<\/a><br \/>\n<a id=\"ref68a\"><\/a><a href=\"#ref68\">[68] China condena el \u2018uso de la fuerza\u2019 en Siria y pide soluci\u00f3n pol\u00edtica, Por Octubre <\/a><br \/>\n<a id=\"ref69a\"><\/a><a href=\"#ref69\">[69] Los CDR de Catalu\u00f1a llaman a la unidad de los republicanos el 14 de abril, por JL F <\/a><br \/>\n<a id=\"ref70a\"><\/a><a href=\"#ref70\">[70] ENRIQUE SANTIAGO, FLAMANTE SECRETARIO GENERAL DEL PCE: \u00abCON PODEMOS VAMOS A HACER GRANDES COSAS\u00bb, por ARTURO INGLOTT<\/a><br \/>\n<a id=\"ref71a\"><\/a><a href=\"#ref71\">[71] Carmena adjudic\u00f3 a dedo 11.000 contratos por valor de 60 millones en dos a\u00f1os, por LUCA COSTANTINI<\/a><br \/>\n<a id=\"ref72a\"><\/a><a href=\"#ref72\">[72] Joan Peir\u00f3: anarquismo, federalismo y \u00e9tica de la responsabilidad, por Miguel Guill\u00e9nPolit\u00f3logo<\/a><br \/>\n<a id=\"ref73a\"><\/a><a href=\"#ref73\">[73] Pedro Gonz\u00e1lez-Trevijano: el nexo de uni\u00f3n entre la Universidad Rey Juan Carlos y el PP, por I\u00f1igo Aduriz<\/a><br \/>\n<a id=\"ref74a\"><\/a><a href=\"#ref74\">[74] El pecado de no ser impecable, por Elisa Beni <\/a><br \/>\n<a id=\"ref75a\"><\/a><a href=\"#ref75\">[75] La incalculable fortuna de Juan Carlos, rey: de la cuenta \u2018Soleado\u2019 a los negocios con Corinna, por PATRICIA L\u00d3PEZ\/ CARLOS ENRIQUE BAYO<\/a><br \/>\n<a id=\"ref76a\"><\/a><a href=\"#ref76\">[76] El secretario de Organizaci\u00f3n de Podemos Galicia se inventa que es ingeniero, por Javier Chicote<\/a><br \/>\n<a id=\"ref77a\"><\/a><a href=\"#ref77\">[77] \u00abPens\u00e1bamos que poniendo a Sastr\u00f3n en la SGAE lo ten\u00edamos arreglado, pero ha salido rana\u00bb, por Jes\u00fas Garc\u00eda Calero<\/a><\/p>\n<p style=\"text-align: center;\"><span style=\"font-size: 14pt;\">\u2666<span style=\"color: #339966;\">\u2666<\/span>\u2666<span style=\"color: #339966;\">\u2666<\/span>\u2666<span style=\"color: #339966;\">\u2666<\/span>\u2666\u00a0<\/span>\u00a0<\/p>\n<h1 class=\"pg-headline\" style=\"text-align: center;\"><a id=\"ref2\"><\/a><a href=\"#ref2a\">[2]<\/a> Enrique Santiago, elegido nuevo secretario general del PCE<\/h1>\n<p style=\"text-align: left;\"><span style=\"font-size: 14pt;\">Por\u00a0eldiario.es<\/span><\/p>\n<div class=\"subtitle bkn mce sk2\"><span style=\"color: #339966;\">Art\u00edculo publicado el 9 de abril de 2018 en<\/span><\/div>\n<div><span style=\"color: #339966;\"><a style=\"color: #339966;\" href=\"https:\/\/www.eldiario.es\/politica\/Enrique-Santiago-secretario-general-PCE_0_758724398.html\" target=\"_blank\" rel=\"noopener\">https:\/\/www.eldiario.es\/politica\/Enrique-Santiago-secretario-general-PCE_0_758724398.html<\/a><\/span><\/div>\n<div>\u00a0<\/div>\n<div>\u00a0<\/div>\n<div>\n<figure id=\"attachment_10861\" aria-describedby=\"caption-attachment-10861\" style=\"width: 643px\" class=\"wp-caption aligncenter\"><a href=\"https:\/\/puntocritico.com\/ausajpuntocritico\/wp-content\/uploads\/2018\/04\/Enrique-Santiago-Imagen-elpce_EDIIMA20180408_0280_19.jpg\" rel=\"lightbox[10860]\"><img loading=\"lazy\" decoding=\"async\" class=\"wp-image-10861 size-full\" src=\"https:\/\/puntocritico.com\/ausajpuntocritico\/wp-content\/uploads\/2018\/04\/Enrique-Santiago-Imagen-elpce_EDIIMA20180408_0280_19.jpg\" alt=\"\" width=\"643\" height=\"362\" srcset=\"https:\/\/puntocritico.com\/ausajpuntocritico\/wp-content\/uploads\/2018\/04\/Enrique-Santiago-Imagen-elpce_EDIIMA20180408_0280_19.jpg 643w, https:\/\/puntocritico.com\/ausajpuntocritico\/wp-content\/uploads\/2018\/04\/Enrique-Santiago-Imagen-elpce_EDIIMA20180408_0280_19-300x169.jpg 300w\" sizes=\"auto, (max-width: 643px) 100vw, 643px\" \/><\/a><figcaption id=\"caption-attachment-10861\" class=\"wp-caption-text\"><span style=\"font-size: 10pt; color: #339966;\"><strong>Enrique Santiago. Imagen: @elpce<\/strong><\/span><\/figcaption><\/figure>\n<\/div>\n<div>\u00a0<\/div>\n<blockquote>\n<p style=\"text-align: justify;\"><span style=\"font-family: arial, helvetica, sans-serif; font-size: 14pt;\">El abogado sustituye as\u00ed a Jos\u00e9 Luis Centella al frente del Partido Comunista de Espa\u00f1a<\/span><\/p>\n<p style=\"text-align: justify;\"><span style=\"font-family: arial, helvetica, sans-serif; font-size: 14pt;\">Santiago ha calificado al PCE como\u00a0\u00abuno de los principales partidos de este pa\u00eds, el partido que garantiz\u00f3 la llegada de la democracia tras el fin de la dictadura\u00bb<\/span><\/p>\n<\/blockquote>\n<p class=\"mce\" style=\"text-align: justify;\"><span style=\"font-family: arial, helvetica, sans-serif; font-size: 14pt;\">El Partido Comunista de Espa\u00f1a ha elegido a su nuevo secretario general, el abogado Enrique Santiago, en la reuni\u00f3n del Comit\u00e9 Central celebrada este domingo por la ma\u00f1ana. Santiago sustituye as\u00ed a Jos\u00e9 Luis Centella al frente del que ha calificado como \u00abuno de los principales partidos de este pa\u00eds, el partido que garantiz\u00f3 la llegada de la democracia tras el fin de la dictadura\u00bb.<\/span><\/p>\n<p class=\"mce\" style=\"text-align: justify;\"><span style=\"font-family: arial, helvetica, sans-serif; font-size: 14pt;\">El nuevo secretario general del PCE ha agradecido \u00abprofundamente la confianza que ha depositado\u00bb el partido en \u00e9l, y ha aceptado el cargo \u00abcon un gran honor y una gran responsabilidad\u00bb. Respecto a la situaci\u00f3n del PCE en la actualdiad, Enrique Santiago ha apuntado que el partido es \u00abtrascendental para garantizar ese bloque hist\u00f3rico y esas alianzas sociales y pol\u00edticas que permitan que nuestro pueblo disfrute de los derechos sociales, civiles y pol\u00edticos que hoy d\u00eda les niega\u00bb.<\/span><\/p>\n<p style=\"text-align: justify;\">\u00a0<\/p>\n<blockquote class=\"twitter-tweet\" data-lang=\"es\">\n<p dir=\"ltr\" lang=\"es\"><span style=\"font-family: arial, helvetica, sans-serif; font-size: 14pt;\">.<a href=\"https:\/\/twitter.com\/ensanro?ref_src=twsrc%5Etfw\" target=\"_blank\" rel=\"noopener\">@ensanro<\/a> tras ser elegido Secretario General del PCE: \u00abOrganizar el bloque hist\u00f3rico que permita que nuestro pueblo disfrute los derechos que el sistema hoy le niega. Esa es la principal tarea de <a href=\"https:\/\/twitter.com\/elpce?ref_src=twsrc%5Etfw\" target=\"_blank\" rel=\"noopener\">@elpce<\/a>\u00bb <a href=\"https:\/\/t.co\/GyT5BDNRO7\">pic.twitter.com\/GyT5BDNRO7<\/a><\/span><\/p>\n<p><span style=\"font-family: arial, helvetica, sans-serif; font-size: 14pt;\">\u2014 Mundo Obrero (@mundoobrero) <a href=\"https:\/\/twitter.com\/mundoobrero\/status\/982926147028701185?ref_src=twsrc%5Etfw\" target=\"_blank\" rel=\"noopener\">8 de abril de 2018<\/a><\/span><\/p><\/blockquote>\n<p style=\"text-align: justify;\"><span style=\"font-family: arial, helvetica, sans-serif; font-size: 14pt;\"><script async src=\"https:\/\/platform.twitter.com\/widgets.js\" charset=\"utf-8\"><\/script><\/span><\/p>\n<p class=\"mce\" style=\"text-align: justify;\"><span style=\"font-family: arial, helvetica, sans-serif; font-size: 14pt;\">Centella ha pasado as\u00ed a ser el Presidente del partido, un cargo en el que se encargar\u00e1 entre otras cosas de representar al PCE en las organizaciones y plataformas europeas en la que participa el partido,\u00a0<a class=\"mce\" href=\"http:\/\/www.mundoobrero.es\/pl.php?id=7878\" target=\"_blank\" rel=\"noopener\">seg\u00fan ha publicado Mundo Obrero<\/a>.<\/span><\/p>\n<p class=\"mce\" style=\"text-align: justify;\"><span style=\"font-family: arial, helvetica, sans-serif; font-size: 14pt;\">Enrique Santiago fue secretario general de la Uni\u00f3n de Juventudes Comunistas de Espa\u00f1a (UJCE) desde el a\u00f1o 1990 al 1992, seg\u00fan indica\u00a0<a class=\"mce\" href=\"https:\/\/www.cuartopoder.es\/espana\/2018\/04\/08\/enrique-santiago-elegido-nuevo-secretario-general-del-pce\/\" target=\"_blank\" rel=\"noopener\">Cuartopoder<\/a>.\u00a0En 2004 perdi\u00f3 frente a Gaspar Llamazares la disputa por las primarias para coordinador federal de IU, en las que fue apoyado por el PCE. A partir del 2008, con Cayo Lara como coordinador federal, estuvo al frente de la Secretar\u00eda para la Refundaci\u00f3n.<\/span><\/p>\n<p class=\"mce\" style=\"text-align: justify;\"><span style=\"font-family: arial, helvetica, sans-serif; font-size: 14pt;\">En su labor de abogado fue secretario general de la Comisi\u00f3n espa\u00f1ola de Ayuda al Refugiado (CEAR), y tambi\u00e9n form\u00f3 parte de la acusaci\u00f3n popular contra el dictador chileno Augusto Pinochet por cr\u00edmenes contra la humanidad presentada por Izquierda Unida. Adem\u00e1s, ha participado en diferentes querellas, como la del caso Jos\u00e9 Couso en 2004 o la presentada contra Luis B\u00e1rcenas como miembro de la acusaci\u00f3n popular de IU en el a\u00f1o 2013.<\/span><\/p>\n<p class=\"mce\" style=\"text-align: justify;\"><span style=\"font-family: arial, helvetica, sans-serif; font-size: 14pt;\">El coordinador federal de Izquierda Unida, partido del que forma parte el PCE, Alberto Garz\u00f3n, ha felicitado a Enrique Santiago por su nombramiento a trav\u00e9s de Twitter y le ha\u00a0deseado mucho acierto.<\/span><\/p>\n<p>&nbsp;<\/p>\n<blockquote class=\"twitter-tweet\" data-lang=\"es\">\n<p dir=\"ltr\" lang=\"es\">Elegido <a href=\"https:\/\/twitter.com\/ensanro?ref_src=twsrc%5Etfw\" target=\"_blank\" rel=\"noopener\">@ensanro<\/a> como nuevo secretario general del <a href=\"https:\/\/twitter.com\/elpce?ref_src=twsrc%5Etfw\" target=\"_blank\" rel=\"noopener\">@elpce<\/a> \u00a1Enhorabuena y mucho acierto! <a href=\"https:\/\/t.co\/HTnqXQKdqF\">pic.twitter.com\/HTnqXQKdqF<\/a><\/p>\n<p>\u2014 Alberto Garz\u00f3n (@agarzon) <a href=\"https:\/\/twitter.com\/agarzon\/status\/982912943649062912?ref_src=twsrc%5Etfw\" target=\"_blank\" rel=\"noopener\">8 de abril de 2018<\/a><\/p><\/blockquote>\n<p><script async src=\"https:\/\/platform.twitter.com\/widgets.js\" charset=\"utf-8\"><\/script><\/p>\n<p>&nbsp;<\/p>\n<p><a href=\"https:\/\/puntocritico.com\/ausajpuntocritico\/wp-content\/uploads\/2018\/03\/Mosca_Punto_Cr\u00edtico_40.png\" rel=\"lightbox[10860]\"><img loading=\"lazy\" decoding=\"async\" class=\"aligncenter size-full wp-image-9528\" src=\"https:\/\/puntocritico.com\/ausajpuntocritico\/wp-content\/uploads\/2018\/03\/Mosca_Punto_Cr\u00edtico_40.png\" alt=\"\" width=\"50\" height=\"50\" \/><\/a><\/p>\n<h1 class=\"pg-headline\" style=\"text-align: center;\"><a id=\"ref3\"><\/a><a href=\"#ref3a\">[3]<\/a> No man left behind<\/h1>\n<p><span style=\"font-size: 14pt;\">Por Joan Tard\u00e0 i Coma<\/span><\/p>\n<div><span style=\"color: #339966;\">Art\u00edculo publicado el 9 de abril de 2018 en<\/span><\/div>\n<div><span style=\"color: #339966;\"><a style=\"color: #339966;\" href=\"https:\/\/www.eldiario.es\/tribunaabierta\/man-left-behind_6_758084210.html\" target=\"_blank\" rel=\"noopener\">https:\/\/www.eldiario.es\/tribunaabierta\/man-left-behind_6_758084210.html<\/a><\/span><\/div>\n<div>\u00a0<\/div>\n<div>\n<figure id=\"attachment_10862\" aria-describedby=\"caption-attachment-10862\" style=\"width: 643px\" class=\"wp-caption aligncenter\"><a href=\"https:\/\/puntocritico.com\/ausajpuntocritico\/wp-content\/uploads\/2018\/04\/Alvaro-Perez-Bigotes-investigacion-PP_EDIIMA20180220_0131_19.jpg\" rel=\"lightbox[10860]\"><img loading=\"lazy\" decoding=\"async\" class=\"wp-image-10862 size-full\" src=\"https:\/\/puntocritico.com\/ausajpuntocritico\/wp-content\/uploads\/2018\/04\/Alvaro-Perez-Bigotes-investigacion-PP_EDIIMA20180220_0131_19.jpg\" alt=\"\" width=\"643\" height=\"362\" srcset=\"https:\/\/puntocritico.com\/ausajpuntocritico\/wp-content\/uploads\/2018\/04\/Alvaro-Perez-Bigotes-investigacion-PP_EDIIMA20180220_0131_19.jpg 643w, https:\/\/puntocritico.com\/ausajpuntocritico\/wp-content\/uploads\/2018\/04\/Alvaro-Perez-Bigotes-investigacion-PP_EDIIMA20180220_0131_19-300x169.jpg 300w\" sizes=\"auto, (max-width: 643px) 100vw, 643px\" \/><\/a><figcaption id=\"caption-attachment-10862\" class=\"wp-caption-text\"><span style=\"font-size: 10pt; color: #339966;\"><strong>\u00c1lvaro P\u00e9rez &#8216;El Bigotes&#8217; comparece en la comisi\u00f3n de investigaci\u00f3n sobre la presunta financiaci\u00f3n ilegal del PP<\/strong><\/span><\/figcaption><\/figure>\n<\/div>\n<blockquote>\n<p class=\"mce\" style=\"text-align: justify;\"><span style=\"font-size: 14pt; font-family: arial, helvetica, sans-serif;\">El PP no deja nunca nadie atr\u00e1s, sobre todo si saben que esta persona luego pueda sentirse traicionada<\/span><\/p>\n<\/blockquote>\n<p class=\"mce\" style=\"text-align: justify;\"><span style=\"font-size: 14pt; font-family: arial, helvetica, sans-serif;\">Son ya diez los meses que llevamos desde la constituci\u00f3n de la Comisi\u00f3n de Investigaci\u00f3n Parlamentaria sobre la presunta financiaci\u00f3n ilegal del Partido Popular en el Congreso y diecis\u00e9is sesiones en las que se han sucedido un total de dieciocho comparecencias y tres comparecientes que no han recibido la citaci\u00f3n o no ha podido comparecer: Beltr\u00e1n Guti\u00e9rrez, Marcos Benavent y Ricardo Costa.<\/span><\/p>\n<p class=\"mce\" style=\"text-align: justify;\"><span style=\"font-size: 14pt; font-family: arial, helvetica, sans-serif;\">El planteamiento del que ha partido el Grupo Parlamentario de Esquerra Republicana en esta comisi\u00f3n es el de establecer lo m\u00e1s parecido a una comisi\u00f3n de la verdad, dado que creemos necesario hacer una reflexi\u00f3n cat\u00e1rtica acerca del estercolero en el que se ha convertido el Estado en lo que respecta a la corrupci\u00f3n. Sobre todo, porque entendemos que la financiaci\u00f3n ilegal de un partido pol\u00edtico supone la compra de voluntades pol\u00edticas.<\/span><\/p>\n<p class=\"mce\" style=\"text-align: justify;\"><span style=\"font-size: 14pt; font-family: arial, helvetica, sans-serif;\">Actualmente, nos encontramos en el ecuador del proceso de comparecencias y, a nuestro modesto entender, podemos establecer cuatro perfiles claramente diferenciados en relaci\u00f3n a los comparecientes. Por un lado, encontramos a los llamados expertos en corrupci\u00f3n: personas que dada su larga trayectoria policial o period\u00edstica son conocedores y han informado en primicia de los distintos casos de corrupci\u00f3n que se han sucedido en el Estado durante los a\u00f1os de boom inmobiliario. En segundo lugar, est\u00e1n los facilitadores de la corrupci\u00f3n, es decir aquellas personas que actuaron de correa (nunca mejor dicho) de transmisi\u00f3n entre los dos grupos restantes para hacer efectiva la corrupci\u00f3n. En tercer lugar, encontramos los dirigentes pol\u00edticos que accedieron a la pr\u00e1ctica de conductas corruptas, es decir, los corrompidos. Y, finalmente, pero no menos importantes, los corruptores. Esos empresarios que, haciendo uso de su poder econ\u00f3mico, administraron prebendas y privilegios para que los corrompidos, en uso de su cargo p\u00fablico les favorecieran con jugosos contratos, concesiones y\/o adjudicaciones de obra p\u00fablica.<\/span><\/p>\n<p class=\"mce\" style=\"text-align: justify;\"><span style=\"font-size: 14pt; font-family: arial, helvetica, sans-serif;\">Pese a estar aprobadas sus comparecencias, este \u00faltimo grupo de comparecientes no se ha prodigado pr\u00e1cticamente nada en las diecis\u00e9is sesiones que llevamos. En cualquier caso, las sesiones celebradas hasta la fecha nos permiten ya sonsacar una principal conclusi\u00f3n y es que el Partido Popular act\u00faa como el cuerpo de Marines. Tratar\u00e9 de explicarme.<\/span><\/p>\n<p class=\"mce\" style=\"text-align: justify;\"><span style=\"font-size: 14pt; font-family: arial, helvetica, sans-serif;\">Existe una m\u00e1xima entre el cuerpo de Marines de los Estados Unidos por el que no se abandona a ning\u00fan compa\u00f1ero en el campo de batalla conocida como\u00a0<em class=\"mce\">No Man Left Behind<\/em>. Esta loable afirmaci\u00f3n es defendida por orgullo por los soldados americanos a la par que explotada cinematogr\u00e1ficamente por no pocas producciones americanas en las que un solo soldado o un grupo de ellos emprenden una misi\u00f3n casi suicida con el \u00fanico y noble objetivo de salvar la vida de su compa\u00f1ero de armas que ha ca\u00eddo malherido, emboscado o bien capturado por el enemigo de turno.<\/span><\/p>\n<p class=\"mce\" style=\"text-align: justify;\"><span style=\"font-size: 14pt; font-family: arial, helvetica, sans-serif;\">Esta misma actitud es la que est\u00e1 teniendo la bancada popular con los comparecientes con carnet popular que han tenido que comparecer para esclarecer la supuesta financiaci\u00f3n ilegal del PP. Ba\u00f1o, masaje y diatriba contra las dem\u00e1s fuerzas pol\u00edticas por haber organizado una causa general contra su formaci\u00f3n pol\u00edtica. En lugar de mirar la Luna (la corrupci\u00f3n) optan por seguir mirando el dedo.<\/span><\/p>\n<p class=\"mce\" style=\"text-align: justify;\"><span style=\"font-size: 14pt; font-family: arial, helvetica, sans-serif;\">El PP no ha dejado a nadie atr\u00e1s en estas comparecencias. Incluso sabiendo que una defensa simult\u00e1nea del Sr. Granados y la actual presidenta de la Comunidad de Madrid, Cristina Cifuentes, supone nada menos que un acto de fe. O incluso a aquellos cargos pol\u00edticos que en su momento fueron obligados a apartarse como Francisco Camps.<\/span><\/p>\n<p class=\"mce\" style=\"text-align: justify;\"><span style=\"font-size: 14pt; font-family: arial, helvetica, sans-serif;\">El PP no deja nunca nadie atr\u00e1s. Sobre todo si saben que esta persona luego pueda sentirse traicionada. \u00a1Qu\u00e9 l\u00e1stima que Ricardo Costa, traicionado por Camps, no haya podido comparecer todav\u00eda! Por ejemplo, B\u00e1rcenas tuvo una indemnizaci\u00f3n en diferido, seg\u00fan Cospedal, y mantuvo su despacho, su secretaria y ch\u00f3fer a cambio de cesar su actividad como tesorero popular. Beltr\u00e1n Guti\u00e9rrez, el gerente del PP madrile\u00f1o, controlaba los presupuestos de campa\u00f1a en Madrid al mismo tiempo que firmaba los recib\u00edes de las donaciones de empresarios a FUNDESCAM con los que luego, seg\u00fan informes policiales, se pagaba a Special Events los actos de campa\u00f1a de Esperanza Aguirre. En 2003, tuvo que dimitir. Sin embargo, fue contratado por el PP de Madrid al d\u00eda despu\u00e9s que el PP diera de baja su contrato indefinido en la Seguridad Social. Nadie se queda atr\u00e1s.<\/span><\/p>\n<p class=\"mce\" style=\"text-align: justify;\"><span style=\"font-size: 14pt; font-family: arial, helvetica, sans-serif;\">Ni el\u00a0<em class=\"mce\">big bang<\/em>\u00a0de corrupci\u00f3n que supusieron los Papeles de B\u00e1rcenas ha alternado el equilibrio de alianzas y la omert\u00e1 popular. Ni a\u00fan existiendo el precedente de la admisi\u00f3n de delitos electorales por parte de empresarios del Pa\u00eds Valenci\u00e0 que admitieron haber asumido mediante el pago de facturas falsas gastos electorales populares, parece hacer mella en la gran\u00edtica defensa del PP a sus corrompidos. Una omert\u00e1 popular que no deja de ser el reflejo de la cultura de la impunidad en la que se fraguaron las grandes tramas de corrupci\u00f3n por la que han prevalecido los intereses privados de algunos por encima de los p\u00fablicos.<\/span><\/p>\n<p class=\"mce\" style=\"text-align: justify;\"><span style=\"font-size: 14pt; font-family: arial, helvetica, sans-serif;\">Se trata de una cultura de la impunidad, ampliamente reproducida en la reciente historiograf\u00eda espa\u00f1ola. La falta de una cultura de la res p\u00fablica, heredada de la falta de criterios de transparencia y democracia pol\u00edtica del franquismo, abonaron el terreno para la existencia de una percepci\u00f3n de impunidad pol\u00edtica, judicial y social que gozaron muchas de la reconvertidas \u00e9lites pol\u00edticas y empresariales en el Estado espa\u00f1ol desde la instauraci\u00f3n del R\u00e9gimen del 78. Una impunidad que ha permitido a las \u00e9lites econ\u00f3micas tener acceso a las publicaciones oficiales por medio de aportaciones econ\u00f3micas a las cuentas del partido o el ofrecimiento de prebendas.<\/span><\/p>\n<p class=\"mce\" style=\"text-align: justify;\"><span style=\"font-size: 14pt; font-family: arial, helvetica, sans-serif;\">Solamente con la asunci\u00f3n de los actos cometidos y de los da\u00f1os sociales causados, as\u00ed como la concreci\u00f3n de actos de perd\u00f3n concretos a la ciudadan\u00eda junto con la puesta en marcha de mecanismos de mejora en el control de la financiaci\u00f3n de los partidos pol\u00edticos, se podr\u00e1 acortar una de las m\u00e1s hondas brechas que separa a la ciudadan\u00eda de la pol\u00edtica y con la cultura de la impunidad heredada del R\u00e9gimen del 78.<\/span><\/p>\n<p><a href=\"https:\/\/puntocritico.com\/ausajpuntocritico\/wp-content\/uploads\/2018\/03\/Mosca_Punto_Cr\u00edtico_40.png\" rel=\"lightbox[10860]\"><img loading=\"lazy\" decoding=\"async\" class=\"aligncenter size-full wp-image-9528\" src=\"https:\/\/puntocritico.com\/ausajpuntocritico\/wp-content\/uploads\/2018\/03\/Mosca_Punto_Cr\u00edtico_40.png\" alt=\"\" width=\"50\" height=\"50\" \/><\/a><\/p>\n<h1 class=\"pg-headline\" style=\"text-align: center;\"><a id=\"ref4\"><\/a><a href=\"#ref4a\">[4]<\/a> Competencia lleva al Gobierno ante el Tribunal de Justicia de la UE por arrebatarle funciones<\/h1>\n<p><span style=\"font-size: 14pt;\">Por\u00a0Antonio M. V\u00e9lez<\/span><\/p>\n<div><span style=\"color: #339966;\">Art\u00edculo publicado el 8 de abril de 2018 en<\/span><\/div>\n<div><span style=\"color: #339966;\"><a style=\"color: #339966;\" href=\"https:\/\/www.eldiario.es\/economia\/Competencia-Gobierno-Tribunal-Justicia-UE_0_757675061.html\" target=\"_blank\" rel=\"noopener\">https:\/\/www.eldiario.es\/economia\/Competencia-Gobierno-Tribunal-Justicia-UE_0_757675061.html<\/a><\/span><\/div>\n<p>&nbsp;<\/p>\n<figure id=\"attachment_10875\" aria-describedby=\"caption-attachment-10875\" style=\"width: 643px\" class=\"wp-caption aligncenter\"><a href=\"https:\/\/puntocritico.com\/ausajpuntocritico\/wp-content\/uploads\/2018\/04\/Andalucia-Galicia-recibiran-ayudas-ampliar_EDIIMA20180323_0065_19.jpg\" rel=\"lightbox[10860]\"><img loading=\"lazy\" decoding=\"async\" class=\"wp-image-10875 size-full\" src=\"https:\/\/puntocritico.com\/ausajpuntocritico\/wp-content\/uploads\/2018\/04\/Andalucia-Galicia-recibiran-ayudas-ampliar_EDIIMA20180323_0065_19.jpg\" alt=\"\" width=\"643\" height=\"362\" srcset=\"https:\/\/puntocritico.com\/ausajpuntocritico\/wp-content\/uploads\/2018\/04\/Andalucia-Galicia-recibiran-ayudas-ampliar_EDIIMA20180323_0065_19.jpg 643w, https:\/\/puntocritico.com\/ausajpuntocritico\/wp-content\/uploads\/2018\/04\/Andalucia-Galicia-recibiran-ayudas-ampliar_EDIIMA20180323_0065_19-300x169.jpg 300w\" sizes=\"auto, (max-width: 643px) 100vw, 643px\" \/><\/a><figcaption id=\"caption-attachment-10875\" class=\"wp-caption-text\"><span style=\"color: #339966;\"><strong><span style=\"font-size: 10pt;\">El ministro de Energ\u00eda, \u00c1lvaro Nadal. EFE<\/span><\/strong><\/span><\/figcaption><\/figure>\n<blockquote>\n<p style=\"text-align: justify;\"><span style=\"font-size: 14pt; font-family: arial, helvetica, sans-serif;\">En su demanda ante el Supremo, pide plantear cuatro cuestiones prejudiciales en el Tribunal de Luxemburgo sobre un decreto\u00a0que le ha quitado m\u00e1s atribuciones<\/span><\/p>\n<p style=\"text-align: justify;\"><span style=\"font-size: 14pt; font-family: arial, helvetica, sans-serif;\">Argumenta que esa norma, aprobada en octubre por el Consejo de Ministros, \u00ablesiona competencias que est\u00e1n atribuidas a la CNMC\u00bb, afecta a su organizaci\u00f3n y vulnera normas nacionales y comunitarias<\/span><\/p>\n<p style=\"text-align: justify;\"><span style=\"font-size: 14pt; font-family: arial, helvetica, sans-serif;\">La Comisi\u00f3n Europea ya tiene abierto un procedimiento de infracci\u00f3n a Espa\u00f1a por no respetar la independencia del organismo que puede acabar en una sanci\u00f3n por parte del comisario de\u00a0Energ\u00eda, Miguel Arias Ca\u00f1ete<\/span><\/p>\n<\/blockquote>\n<p class=\"mce\" style=\"text-align: justify;\"><span style=\"font-size: 14pt; font-family: arial, helvetica, sans-serif;\">El enfrentamiento\u00a0entre el Gobierno y la Comisi\u00f3n Nacional de los Mercados y la Competencia (CNMC) se recrudece, coincidiendo con la\u00a0<a class=\"mce\" href=\"https:\/\/www.eldiario.es\/economia\/Escolano-compromiso-trocear-superregulador-PP_0_757324925.html\" target=\"_blank\" rel=\"noopener\">\u00a0nueva amenaza de troceo del organismo<\/a>aireada hace unos d\u00edas por el nuevo ministro de Econom\u00eda, Rom\u00e1n Escolano. La CNMC ha llevado hasta la justicia europea el nuevo vaciado de sus competencias que el\u00a0Ejecutivo hizo efectivo en octubre a trav\u00e9s de un Real Decreto\u00a0que\u00a0el organismo ha recurrido ante el Tribunal Supremo.<\/span><\/p>\n<p class=\"mce\" style=\"text-align: justify;\"><span style=\"font-size: 14pt; font-family: arial, helvetica, sans-serif;\">En la demanda que ha presentado ante la Secci\u00f3n 3 de la Sala de lo Contencioso-Administrativo del Supremo para pedir la nulidad de varios preceptos de ese decreto, la CNMC tira por elevaci\u00f3n y plantea elevar el caso ante la Justicia europea. Solicita\u00a0plantear\u00a0cuatro cuestiones prejudiciales ante el Tribunal de Justicia de la UE (TJUE), con sede en Luxemburgo, para que se pronuncie sobre el encaje con la normativa europea de diversas disposiciones de la norma que aprob\u00f3 el Consejo de Ministros en octubre. Ese decreto encomend\u00f3 al Ministerio de Energ\u00eda, Turismo y Agenda Digital atribuciones hasta entonces encomendadas a Competencia, fundamentalmente en materia de energ\u00eda.<\/span><\/p>\n<p class=\"mce\" style=\"text-align: justify;\"><span style=\"font-size: 14pt; font-family: arial, helvetica, sans-serif;\">La demanda, a la que ha tenido acceso eldiario.es, recuerda que el TJUE ya conden\u00f3 en 2009 Suecia y B\u00e9lgica por casos similares, y la CNMC solicita al tribunal europeo su opini\u00f3n\u00a0sobre la legalidad de que el Gobierno le despoje, entre otras funciones, de la facultad de proponer y aprobar los peajes de la\u00a0luz y el gas;\u00a0la inspecci\u00f3n de los mercados energ\u00e9ticos; las competencias sancionadoras relativas al incumplimiento de las obligaciones establecidas en la normativa de electricidad y gas; y la realizaci\u00f3n de las proyecciones de demanda de los mercados energ\u00e9ticos y estudios sobre consumos, precios, organizaci\u00f3n y comportamiento de los mismos.<\/span><\/p>\n<p class=\"mce\" style=\"text-align: justify;\"><span style=\"font-size: 14pt; font-family: arial, helvetica, sans-serif;\">La demanda argumenta que el decreto viola numerosas normas nacionales y comunitarias, \u00ablesiona competencias que est\u00e1n atribuidas a la CNMC\u00bb y afecta al \u00e1mbito organizativo del regulador. Y critica que el Gobierno aprobase\u00a0la norma sin que \u00abse haya recabado informe de este Organismo\u00bb.<\/span><\/p>\n<p class=\"mce\" style=\"text-align: justify;\"><span style=\"font-size: 14pt; font-family: arial, helvetica, sans-serif;\">Se encomienda para ello al art\u00edculo 5.2.a) de la Ley de Creaci\u00f3n de la CNMC, que se\u00f1ala que\u00a0esta deber\u00e1 \u00abparticipar, mediante informe, en el proceso de elaboraci\u00f3n de normas que afecten a su \u00e1mbito de competencias en los sectores sometidos a su supervisi\u00f3n, a la normativa de defensa de la competencia y a su r\u00e9gimen jur\u00eddico\u00bb.<\/span><\/p>\n<p class=\"mce\" style=\"text-align: justify;\"><span style=\"font-size: 14pt; font-family: arial, helvetica, sans-serif;\">La CNMC present\u00f3 su recurso despu\u00e9s de que, el 24 de noviembre, el Consejo de Ministros desestimase un requerimiento previo al Ministerio de Hacienda y Funci\u00f3n P\u00fablica remitido el 27 de octubre. El principal beneficiario de las competencias arrebatadas a la CNMC, el Ministerio de Energ\u00eda, no comenta este asunto.<\/span><\/p>\n<p class=\"mce\" style=\"text-align: justify;\"><span style=\"font-size: 14pt; font-family: arial, helvetica, sans-serif;\">La demanda no es la \u00fanica que la CNMC tiene interpuesta ante el Supremo contra un acuerdo del Gobierno. Pero tiene un significado especial al afectar\u00a0a\u00a0una norma que afecta al funcionamiento del propio regulador y que se introdujo aprovechando una reorganizaci\u00f3n de la estructura del departamento de \u00c1lvaro Nadal.<\/span><\/p>\n<h3 style=\"text-align: justify;\"><span style=\"font-size: 14pt; font-family: arial, helvetica, sans-serif;\">Nuevo troceo<\/span><\/h3>\n<p class=\"mce\" style=\"text-align: justify;\"><span style=\"font-size: 14pt; font-family: arial, helvetica, sans-serif;\">La petici\u00f3n al Supremo es previa a que, el mi\u00e9rcoles, el nuevo ministro de Econom\u00eda\u00a0dijera en su debut en el Congreso que el Gobierno va a retomar el troceo de la CNMC que acordaron el PP y Ciudadanos y que ya anunci\u00f3 en su momento su antecesor, Luis de Guindos, en enero de 2017.\u00a0Dada la minor\u00eda parlamentaria del PP, est\u00e1 por ver\u00a0si la iniciativa prospera.<\/span><\/p>\n<p class=\"mce\" style=\"text-align: justify;\"><span style=\"font-size: 14pt; font-family: arial, helvetica, sans-serif;\">La CNMC fue implantada por el Ejecutivo de Mariano Rajoy en 2013\u00a0al fusionar los antiguos reguladores sectoriales y la autoridad de la competencia en una sola entidad, con la excusa de un discutible ahorro de costes.<\/span><\/p>\n<p class=\"mce\" style=\"text-align: justify;\"><span style=\"font-size: 14pt; font-family: arial, helvetica, sans-serif;\">Esta ofensiva de Competencia\u00a0es paralela al procedimiento de infracci\u00f3n que la Comisi\u00f3n Europea ha abierto a Espa\u00f1a por no respetar la independencia de la CNMC al arrebatarle a finales de 2014 la fijaci\u00f3n de los peajes de la luz (parte regulada del recibo), un caramelo pol\u00edtico al que el Gobierno no est\u00e1 dispuesto a renunciar.<\/span><\/p>\n<p class=\"mce\" style=\"text-align: justify;\"><span style=\"font-size: 14pt; font-family: arial, helvetica, sans-serif;\">Un\u00a0conflicto que puede derivar en una denuncia de Bruselas ante el TJUE y en la imposici\u00f3n de una sanci\u00f3n diaria a Espa\u00f1a como la famosa multa de los estibadores. La decisi\u00f3n est\u00e1 en manos del exministro del PP y comisario europeo de Energ\u00eda, Miguel Arias Ca\u00f1ete. Seg\u00fan el Ministerio de Energ\u00eda, \u00abcontin\u00faan las conversaciones\u00bb sobre esta cuesti\u00f3n y Madrid y Bruselas \u00absiguen\u00a0trabajando\u00a0e intercambiando textos\u00bb para intentar evitar la sanci\u00f3n.\u00a0<\/span><\/p>\n<p class=\"mce\" style=\"text-align: justify;\"><span style=\"font-size: 14pt; font-family: arial, helvetica, sans-serif;\">El secretario de Estado de Energ\u00eda, Daniel Navia, ha descartado \u00abriesgo de multa por esta cuesti\u00f3n\u00bb y ha apostado por un mecanismo \u00aban\u00e1logo\u00bb al de Francia, \u00abdonde hay una comunicaci\u00f3n entre el Ministerio de Energ\u00eda y la autoridad independiente en el proceso de fijaci\u00f3n de los peajes\u00bb. La discusi\u00f3n radica en qu\u00e9 criterio prevalece cuando no hay acuerdo entre las partes, seg\u00fan fuentes del ministerio.<\/span><\/p>\n<p><a href=\"https:\/\/puntocritico.com\/ausajpuntocritico\/wp-content\/uploads\/2018\/03\/Mosca_Punto_Cr\u00edtico_40.png\" rel=\"lightbox[10860]\"><img loading=\"lazy\" decoding=\"async\" class=\"aligncenter size-full wp-image-9528\" src=\"https:\/\/puntocritico.com\/ausajpuntocritico\/wp-content\/uploads\/2018\/03\/Mosca_Punto_Cr\u00edtico_40.png\" alt=\"\" width=\"50\" height=\"50\" \/><\/a><\/p>\n<h1 class=\"pg-headline\" style=\"text-align: center;\"><a id=\"ref5\"><\/a><a href=\"#ref5a\">[5]<\/a> \u00bfPruebas falsas para justificar 500.000 euros en contratos &#8216;a dedo&#8217; a la trama de De Miguel?<\/h1>\n<p><span style=\"font-size: 14pt;\">Por\u00a0Iker Rioja Andueza<\/span><\/p>\n<div><span style=\"color: #339966;\">Art\u00edculo publicado el 8 de abril de 2018 en<\/span><\/div>\n<div><span style=\"color: #339966;\"><a style=\"color: #339966;\" href=\"https:\/\/www.eldiario.es\/norte\/euskadi\/Documentos-fabricados_0_757325152.html\" target=\"_blank\" rel=\"noopener\">https:\/\/www.eldiario.es\/norte\/euskadi\/Documentos-fabricados_0_757325152.html<\/a><\/span><\/div>\n<div>\u00a0<\/div>\n<div>\n<figure id=\"attachment_10876\" aria-describedby=\"caption-attachment-10876\" style=\"width: 643px\" class=\"wp-caption aligncenter\"><a href=\"https:\/\/puntocritico.com\/ausajpuntocritico\/wp-content\/uploads\/2018\/04\/Javier-Beramendi-Xabier-Sanchez-Robles_EDIIMA20180109_0776_5.jpg\" rel=\"lightbox[10860]\"><img loading=\"lazy\" decoding=\"async\" class=\"wp-image-10876 size-full\" src=\"https:\/\/puntocritico.com\/ausajpuntocritico\/wp-content\/uploads\/2018\/04\/Javier-Beramendi-Xabier-Sanchez-Robles_EDIIMA20180109_0776_5.jpg\" alt=\"\" width=\"643\" height=\"427\" srcset=\"https:\/\/puntocritico.com\/ausajpuntocritico\/wp-content\/uploads\/2018\/04\/Javier-Beramendi-Xabier-Sanchez-Robles_EDIIMA20180109_0776_5.jpg 643w, https:\/\/puntocritico.com\/ausajpuntocritico\/wp-content\/uploads\/2018\/04\/Javier-Beramendi-Xabier-Sanchez-Robles_EDIIMA20180109_0776_5-300x199.jpg 300w\" sizes=\"auto, (max-width: 643px) 100vw, 643px\" \/><\/a><figcaption id=\"caption-attachment-10876\" class=\"wp-caption-text\"><span style=\"font-size: 10pt; color: #339966;\"><strong>El abogado Javier Beramendi con Xabier S\u00e1nchez Robles, a la entrada del juzgado NURIA GONZ\u00c1LEZ<\/strong><\/span><\/figcaption><\/figure>\n<\/div>\n<div>\u00a0<\/div>\n<blockquote>\n<p style=\"text-align: justify;\"><span style=\"font-size: 14pt; font-family: arial, helvetica, sans-serif;\">El exdirector de Juventud del Gobierno, Xabier S\u00e1nchez Robles, acusado de financiar a las empresas controladas por el ex &#8216;n\u00famero dos&#8217; del PNV alav\u00e9s con contratos menores que no consta que se realizaran, presentar\u00e1 en el juicio los supuestos informes justificativos \u00absellados\u00bb<\/span><\/p>\n<p style=\"text-align: justify;\"><span style=\"font-size: 14pt; font-family: arial, helvetica, sans-serif;\">Es la tercera versi\u00f3n de esos documentos que aparece. Incluso S\u00e1nchez Robles entreg\u00f3 otra en 2012. El Departamento de Cultura entreg\u00f3 hasta tres certificaciones de que no exist\u00edan tales informes, por lo que se sospecha que sean pruebas \u00abfabricadas\u00bb<\/span><\/p>\n<\/blockquote>\n<p class=\"mce\" style=\"text-align: justify;\"><span style=\"font-family: arial, helvetica, sans-serif; font-size: 14pt;\">Tras el par\u00f3n vacacional de Semana Santa,\u00a0la Audiencia Provincial de \u00c1lava\u00a0retoma esta semana el juicio por\u00a0<a class=\"mce\" href=\"https:\/\/www.eldiario.es\/norte\/euskadi\/Caso_de_Miguel-juicio-corrupcion-PNV-Roberto_Ramos-instruccion_0_720578040.html\" target=\"_blank\" rel=\"noopener noreferrer\">el mayor caso de corrupci\u00f3n investigado hasta la fecha en Euskadi<\/a>, el\u00a0<a class=\"mce\" href=\"https:\/\/www.eldiario.es\/temas\/caso_de_miguel\/\" target=\"_blank\" rel=\"noopener noreferrer\">&#8216;caso De Miguel&#8217;<\/a>.\u00a0Se investiga si la trama de empresas controladas por el que fuera &#8216;n\u00famero dos&#8217; del PNV de \u00c1lava,\u00a0<a class=\"mce\" href=\"https:\/\/www.eldiario.es\/norte\/euskadi\/Miguel-detenido-crei-querian-atentar_0_751025208.html\" target=\"_blank\" rel=\"noopener noreferrer\">Alfredo de Miguel<\/a>, fue empleada para recaudar comisiones tras la mediaci\u00f3n en la\u00a0<a class=\"mce\" href=\"https:\/\/www.eldiario.es\/norte\/euskadi\/Fiscalia-Alberdi-economicos-Kataia-Consulting_0_749276067.html\" target=\"_blank\" rel=\"noopener noreferrer\">adjudicaci\u00f3n de contratos p\u00fablicos en instituciones y organismos controlados por cargos de ese partido<\/a>. Pero tambi\u00e9n si tres de esas mercantiles, en concreto, Kataia Consulting, Errexal y Ortzi Muga, recibieron casi 500.000 euros en contratos p\u00fablicos\u00a0 &#8216;a dedo&#8217; que en la mayor\u00eda de los casos no consta que se ejecutaran. El grueso proced\u00eda del \u00e1rea de Juventud del Departamento de Cultura del Gobierno vasco cuando su titular era el nacionalista Xabier S\u00e1nchez Robles, amigo de De Miguel.\u00a0<\/span><\/p>\n<p class=\"mce\" style=\"text-align: justify;\"><span style=\"font-family: arial, helvetica, sans-serif; font-size: 14pt;\">Precisamente el an\u00e1lisis de estas contrataciones centrar\u00e1 las pr\u00f3ximas semanas del juicio, hasta el 25 de abril. La gran novedad es que S\u00e1nchez Robles ha aportado adjuntos a su escrito de defensa\u00a0las \u00abcar\u00e1tulas\u00bb de varios informes realizados aparentemente por Kataia Consulting, Errexal y Ortzi Muga\u00a0para el \u00e1rea de Juventud de la que \u00e9l era director entre 2003 y 2009. Esos documentos aparecen con sello de entrada en el Departamento de Cultura.<\/span><\/p>\n<p class=\"mce\" style=\"text-align: justify;\"><span style=\"font-family: arial, helvetica, sans-serif; font-size: 14pt;\">Se da la circunstancia de que el Gobierno, durante la fase de investigaci\u00f3n liderada por el juez Roberto Ramos, emiti\u00f3 tres certificaciones oficiales remarcando que no exist\u00eda ning\u00fan tipo de constancia documental en sus archivos en relaci\u00f3n a estos contratos. Se la circunstancia tambi\u00e9n de que esos documentos sellados han aparecido en 2017, ya que en su comparecencia como imputado en 2012 S\u00e1nchez Robles entreg\u00f3 esos mismos informes sin fecha ni tamp\u00f3n. En algunos casos, adem\u00e1s, el propio De Miguel hab\u00eda entregado ya en su descargo una supuesta copia escrita del trabajo realizado para Juventud. Aqu\u00e9llas no ten\u00edan ni fecha ni sello, pero su importancia radica en que, aunque son similares a los presentados en el juicio por S\u00e1nchez Robles, no son documentos id\u00e9nticos a los que ahora han aparecido sellados.<\/span><\/p>\n<div class=\"inset cf width643\" style=\"text-align: justify;\">\n<figure class=\"media-holder\">\n<div class=\"mg \">\n<figure id=\"attachment_10877\" aria-describedby=\"caption-attachment-10877\" style=\"width: 643px\" class=\"wp-caption aligncenter\"><a href=\"https:\/\/puntocritico.com\/ausajpuntocritico\/wp-content\/uploads\/2018\/04\/Certificado-Gobierno-inexistencia-Kataia-Consulting_EDIIMA20180404_0921_5.jpg\" rel=\"lightbox[10860]\"><img loading=\"lazy\" decoding=\"async\" class=\"wp-image-10877 size-full\" src=\"https:\/\/puntocritico.com\/ausajpuntocritico\/wp-content\/uploads\/2018\/04\/Certificado-Gobierno-inexistencia-Kataia-Consulting_EDIIMA20180404_0921_5.jpg\" alt=\"\" width=\"643\" height=\"400\" srcset=\"https:\/\/puntocritico.com\/ausajpuntocritico\/wp-content\/uploads\/2018\/04\/Certificado-Gobierno-inexistencia-Kataia-Consulting_EDIIMA20180404_0921_5.jpg 643w, https:\/\/puntocritico.com\/ausajpuntocritico\/wp-content\/uploads\/2018\/04\/Certificado-Gobierno-inexistencia-Kataia-Consulting_EDIIMA20180404_0921_5-300x187.jpg 300w\" sizes=\"auto, (max-width: 643px) 100vw, 643px\" \/><\/a><figcaption id=\"caption-attachment-10877\" class=\"wp-caption-text\"><span style=\"font-size: 10pt; color: #339966;\"><strong>Certificado del Gobierno vasco de la inexistencia de los informes de Kataia Consulting\u00a0ELDIARIONORTE.ES<\/strong><\/span><\/figcaption><\/figure>\n<\/div><figcaption class=\"caption-inside\">\n<p>&nbsp;<\/p>\n<\/figcaption><\/figure>\n<\/div>\n<p class=\"mce\" style=\"text-align: justify;\"><span style=\"font-family: arial, helvetica, sans-serif; font-size: 14pt;\">La aparici\u00f3n de car\u00e1tulas \u00abselladas en el Departamento de Cultura\u00bb, como se refiere a ellas el abogado de S\u00e1nchez Robles, Javier Beramendi, han causado una gran sorpresa entre las acusaciones en este juicio, la Fiscal\u00eda y el propio Gobierno vasco. Fuentes del Ejecutivo,\u00a0<a class=\"mce\" href=\"https:\/\/www.eldiario.es\/norte\/euskadi\/Caso-Miguel-Gobierno-interroga-sesiones_0_752075906.html\" target=\"_blank\" rel=\"noopener noreferrer\">representado en el procedimiento a trav\u00e9s del letrado Javier Otaola y que hasta ahora se ha mantenido en un discreto segundo plano en este procedimiento<\/a>, han manifestado a eldiarionorte.es sus sospechas de que esas pruebas puedan haber sido \u00abfabricadas\u00bb. Id\u00e9ntica conclusi\u00f3n han alcanzado otras partes personadas en la causa.<\/span><\/p>\n<h3 style=\"text-align: justify;\"><span style=\"font-family: arial, helvetica, sans-serif; font-size: 14pt;\">Tres empresas beneficiadas<\/span><\/h3>\n<p class=\"mce\" style=\"text-align: justify;\"><span style=\"font-family: arial, helvetica, sans-serif; font-size: 14pt;\">Las empresas beneficiarias de los contratos del \u00e1rea de Cultura del Gobierno vasco fueron tres, Kataia Consulting (34.075 euros en tres adjudicaciones, todas presuntamente injustificadas), Errexal (15 contratos por valor de 201.683,34 euros, 118.628,4 aparentemente injustificados) y Ortzi Muga (seis contratos, cinco de ellos injustificados por valor de 57.715,8 de un total de 73.607,8 euros). Las tres ten\u00edan como nexo estar controladas por el exdirigente del PNV a trav\u00e9s de\u00a0<a class=\"mce\" href=\"https:\/\/www.eldiario.es\/norte\/euskadi\/hermana-Miguel-pruebas-acusacion-corrupta_0_643585802.html\" target=\"_blank\" rel=\"noopener noreferrer\">su hermana, que ejerc\u00eda de contable<\/a>.\u00a0<\/span><\/p>\n<p class=\"mce\" style=\"text-align: justify;\"><span style=\"font-family: arial, helvetica, sans-serif; font-size: 14pt;\"><a class=\"mce\" href=\"https:\/\/www.eldiario.es\/norte\/euskadi\/Fiscalia-Alberdi-economicos-Kataia-Consulting_0_749276067.html\" target=\"_blank\" rel=\"noopener noreferrer\">Kataia Consulting, una asesor\u00eda sin relaci\u00f3n con el \u00e1mbito de la cultura o la juventud<\/a>, obtuvo tres contratos menores &#8216;a dedo&#8217; desde la oficina de S\u00e1nchez Robles. Suman 34.075 euros y en ninguno de los tres casos consta que se realizaran. El primero de ellos consist\u00eda en la realizaci\u00f3n de un informe de an\u00e1lisis del programa \u00abJuventud Vasca Cooperante 2004-2006\u00bb. La empresa de De Miguel ni siquiera estaba dada de alta como contratista del Gobierno vasco cuando recibi\u00f3 el encargo.<\/span><\/p>\n<p class=\"mce\" style=\"text-align: justify;\"><span style=\"font-family: arial, helvetica, sans-serif; font-size: 14pt;\">Si el &#8216;caso De Miguel&#8217; estalla el 17 de marzo de 2010 centrado precisamente en el papel de Kataia Consulting como presunta tapadera para el cobro de comisiones y la obtenci\u00f3n de financiaci\u00f3n, el 20 de abril el Departamento de Cultura ya estaba informando de que no hab\u00eda ning\u00fan tipo de documentaci\u00f3n en sus archivos m\u00e1s all\u00e1 de la factura relativa al an\u00e1lisis del programa \u00abJuventud Vasca Cooperante\u00bb. Esa factura de 11.890 euros lleva sello oficial con un n\u00famero de registro.\u00a0<\/span><\/p>\n<div class=\"inset cf width643\" style=\"text-align: justify;\">\n<figure class=\"media-holder\">\n<div class=\"mg \">\n<figure id=\"attachment_10878\" aria-describedby=\"caption-attachment-10878\" style=\"width: 643px\" class=\"wp-caption aligncenter\"><a href=\"https:\/\/puntocritico.com\/ausajpuntocritico\/wp-content\/uploads\/2018\/04\/Cultura-Bingen-Zupiria-PNV-Gorospe_EDIIMA20180405_0191_5.jpg\" rel=\"lightbox[10860]\"><img loading=\"lazy\" decoding=\"async\" class=\"wp-image-10878 size-full\" src=\"https:\/\/puntocritico.com\/ausajpuntocritico\/wp-content\/uploads\/2018\/04\/Cultura-Bingen-Zupiria-PNV-Gorospe_EDIIMA20180405_0191_5.jpg\" alt=\"\" width=\"643\" height=\"481\" srcset=\"https:\/\/puntocritico.com\/ausajpuntocritico\/wp-content\/uploads\/2018\/04\/Cultura-Bingen-Zupiria-PNV-Gorospe_EDIIMA20180405_0191_5.jpg 643w, https:\/\/puntocritico.com\/ausajpuntocritico\/wp-content\/uploads\/2018\/04\/Cultura-Bingen-Zupiria-PNV-Gorospe_EDIIMA20180405_0191_5-300x224.jpg 300w, https:\/\/puntocritico.com\/ausajpuntocritico\/wp-content\/uploads\/2018\/04\/Cultura-Bingen-Zupiria-PNV-Gorospe_EDIIMA20180405_0191_5-326x245.jpg 326w, https:\/\/puntocritico.com\/ausajpuntocritico\/wp-content\/uploads\/2018\/04\/Cultura-Bingen-Zupiria-PNV-Gorospe_EDIIMA20180405_0191_5-80x60.jpg 80w\" sizes=\"auto, (max-width: 643px) 100vw, 643px\" \/><\/a><figcaption id=\"caption-attachment-10878\" class=\"wp-caption-text\"><span style=\"font-size: 10pt; color: #339966;\"><strong>El actual consejero de Cultura, Bingen Zupiria, con la parlamentaria del PNV Miren Josune Gorospe<\/strong><\/span><\/figcaption><\/figure>\n<\/div><figcaption class=\"caption-inside\">\n<p>&nbsp;<\/p>\n<\/figcaption><\/figure>\n<\/div>\n<p class=\"mce\" style=\"text-align: justify;\"><span style=\"font-family: arial, helvetica, sans-serif; font-size: 14pt;\">En su segunda declaraci\u00f3n en la fase de instrucci\u00f3n, en octubre de 2011, De Miguel manifest\u00f3 que, adem\u00e1s de inform\u00e1tico, experto en urbanismo y pol\u00edtico, ten\u00eda experiencia en \u00abjuventud y tiempo libre\u00bb. Y a\u00f1adi\u00f3 sobre ese expediente en concreto: \u00abTodo el trabajo fue realizado por m\u00ed\u00bb. Era su explicaci\u00f3n al hecho de que el Gobierno contratara con una empresa sin personal ni experiencia para un informe alejado de su objeto social. Como prueba de que no hab\u00eda nada de raro, De Miguel mostr\u00f3 un documento. Su problema es que no hab\u00eda fechas o membretes, como tampoco sellos oficiales. S\u00ed constaba en may\u00fasculas el nombre de Kataia Consulting.<\/span><\/p>\n<div class=\"inset cf width643\" style=\"text-align: justify;\">\n<figure class=\"media-holder\">\n<div class=\"mg \">\n<figure id=\"attachment_10879\" aria-describedby=\"caption-attachment-10879\" style=\"width: 643px\" class=\"wp-caption aligncenter\"><a href=\"https:\/\/puntocritico.com\/ausajpuntocritico\/wp-content\/uploads\/2018\/04\/Contrato-Juventud-Cooperante-Alfredo-Miguel_EDIIMA20180405_0173_5.jpg\" rel=\"lightbox[10860]\"><img loading=\"lazy\" decoding=\"async\" class=\"wp-image-10879 size-mh-magazine-content\" src=\"https:\/\/puntocritico.com\/ausajpuntocritico\/wp-content\/uploads\/2018\/04\/Contrato-Juventud-Cooperante-Alfredo-Miguel_EDIIMA20180405_0173_5-643x381.jpg\" alt=\"\" width=\"643\" height=\"381\" \/><\/a><figcaption id=\"caption-attachment-10879\" class=\"wp-caption-text\"><span style=\"color: #339966; font-size: 10pt;\"><strong>Contrato Juventud Vasca Cooperante aportado por Alfredo de Miguel en 2011, con nombre de la empresa y sin sello\u00a0ELDIARIONORTE.ES<\/strong><\/span><\/figcaption><\/figure>\n<\/div><figcaption class=\"caption-inside\"><\/figcaption><\/figure>\n<\/div>\n<p class=\"mce\" style=\"text-align: justify;\"><span style=\"font-family: arial, helvetica, sans-serif; font-size: 14pt;\">En marzo de 2012 declar\u00f3 S\u00e1nchez Robles. Primero ech\u00f3 balones fuera y asegur\u00f3 que eran \u00ablos t\u00e9cnicos\u00bb los que \u00abcontactaban con las empresas\u00bb. En el juicio, seg\u00fan ha podido saber este peri\u00f3dico, se\u00f1alar\u00e1 a la funcionaria-jefe de Juventud, Oro Ochoa de Eribe, como responsable de las adjudicaciones que llevan su firma y la del viceconsejero de Cultura, Gurutz Larra\u00f1aga, que tambi\u00e9n se sienta en el banquillo de los acusados en este proceso.\u00a0<\/span><\/p>\n<h3 style=\"text-align: justify;\"><span style=\"font-family: arial, helvetica, sans-serif; font-size: 14pt;\">S\u00e1nchez Robles: \u00abEl Gobierno no envi\u00f3 todo\u00bb<\/span><\/h3>\n<p class=\"mce\" style=\"text-align: justify;\"><span style=\"font-family: arial, helvetica, sans-serif; font-size: 14pt;\">Como segundo argumento, el exalto cargo de la Administraci\u00f3n vasca a\u00f1adi\u00f3 que cuando abandon\u00f3 el Gobierno en 2009 realiz\u00f3 \u00abuna copia del disco duro del ordenador que ten\u00eda en el despacho\u00bb para llevarse \u00abtodos los trabajos que fueran interesantes\u00bb. Por ello, y como supuestamente \u00abel Gobierno vasco no hab\u00eda enviado toda la documentaci\u00f3n\u00bb que reiteradamente le hab\u00eda reclamado el juez Ramos,\u00a0estaba decidido a aportar varios documentos que justificar\u00edan que las empresas investigadas cumplieron escrupulosamente los t\u00e9rminos de los contratos.<\/span><\/p>\n<p class=\"mce\" style=\"text-align: justify;\"><span style=\"font-family: arial, helvetica, sans-serif; font-size: 14pt;\">Entre el material presentado, una segunda versi\u00f3n del informe sobre el an\u00e1lisis del programa\u00bbJuventud Vasca Cooperante 2004-2006&#8243;. Es similar al presentado por De Miguel, pero aqu\u00ed no consta el nombre de Kataia Consulting, lo que lo diferencia de la versi\u00f3n que ya estaba en el juzgado. Cinco a\u00f1os despu\u00e9s, en su escrito de defensa de cara al juicio entregado el pasado a\u00f1o, S\u00e1nchez Robles insiste en que \u00abninguna irregularidad e ilegalidad existe\u00bb en los contratos con las tres empresas del pol\u00edtico. Y, sin explicar su origen, aporta de nuevo los mismos informes de 2012 aunque ahora sellados. Es la tercera versi\u00f3n de los mismos papeles por cuya inexistencia los imputados se juegan elevadas penas de prisi\u00f3n. En el caso del contrato sobre \u00abJuventud Vasca Cooperante\u00bb, el sello del 10 de marzo de 2010 se diferencia del de la factura de Kataia Consulting en que aquel tiene tambi\u00e9n un n\u00famero manuscrito con el c\u00f3digo de entrada en el archivo del Departamento de Cultura.\u00a0<\/span><\/p>\n<div class=\"inset cf width643\" style=\"text-align: justify;\">\n<figure class=\"media-holder\">\n<div class=\"mg \">\n<figure id=\"attachment_10880\" aria-describedby=\"caption-attachment-10880\" style=\"width: 643px\" class=\"wp-caption aligncenter\"><a href=\"https:\/\/puntocritico.com\/ausajpuntocritico\/wp-content\/uploads\/2018\/04\/Contrato-Juventud-Cooperante-Xabier-Sanchez_EDIIMA20180405_0179_5.jpg\" rel=\"lightbox[10860]\"><img loading=\"lazy\" decoding=\"async\" class=\"wp-image-10880 size-mh-magazine-content\" src=\"https:\/\/puntocritico.com\/ausajpuntocritico\/wp-content\/uploads\/2018\/04\/Contrato-Juventud-Cooperante-Xabier-Sanchez_EDIIMA20180405_0179_5-643x381.jpg\" alt=\"\" width=\"643\" height=\"381\" \/><\/a><figcaption id=\"caption-attachment-10880\" class=\"wp-caption-text\"><span style=\"font-size: 10pt;\"><strong><span style=\"color: #339966;\">Contrato \u00abJuventud Vasca Cooperante\u00bb sin sello entregado en 2012 por Xabier S\u00e1nchez Robles ELDIARIONORTE.ES<\/span><\/strong><\/span><\/figcaption><\/figure>\n<\/div><figcaption class=\"caption-inside\"><\/figcaption><\/figure>\n<\/div>\n<div class=\"inset cf width643\" style=\"text-align: justify;\">\n<figure class=\"media-holder\">\n<div class=\"mg \">\n<figure id=\"attachment_10881\" aria-describedby=\"caption-attachment-10881\" style=\"width: 643px\" class=\"wp-caption aligncenter\"><a href=\"https:\/\/puntocritico.com\/ausajpuntocritico\/wp-content\/uploads\/2018\/04\/Contrato-Juventud-Cooperante-Xabier-Sanchez_EDIIMA20180405_0180_5.jpg\" rel=\"lightbox[10860]\"><img loading=\"lazy\" decoding=\"async\" class=\"wp-image-10881 size-mh-magazine-content\" src=\"https:\/\/puntocritico.com\/ausajpuntocritico\/wp-content\/uploads\/2018\/04\/Contrato-Juventud-Cooperante-Xabier-Sanchez_EDIIMA20180405_0180_5-643x381.jpg\" alt=\"\" width=\"643\" height=\"381\" \/><\/a><figcaption id=\"caption-attachment-10881\" class=\"wp-caption-text\"><span style=\"font-size: 10pt; color: #339966;\"><strong>Contrato \u00abJuventud Vasca Cooperante\u00bb con sello entregado en 2017 por Xabier S\u00e1nchez Robles ELDIARIONORTE.ES<\/strong><\/span><\/figcaption><\/figure>\n<\/div><figcaption class=\"caption-inside\">\n<p>&nbsp;<\/p>\n<\/figcaption><\/figure>\n<\/div>\n<div class=\"inset cf width643\" style=\"text-align: justify;\">\n<figure class=\"media-holder\">\n<div class=\"mg \">\n<figure id=\"attachment_10882\" aria-describedby=\"caption-attachment-10882\" style=\"width: 500px\" class=\"wp-caption aligncenter\"><a href=\"https:\/\/puntocritico.com\/ausajpuntocritico\/wp-content\/uploads\/2018\/04\/Factura-Kataia-Consulting-Juventud-Cooperante_EDIIMA20180404_0919_5.jpg\" rel=\"lightbox[10860]\"><img loading=\"lazy\" decoding=\"async\" class=\"wp-image-10882\" src=\"https:\/\/puntocritico.com\/ausajpuntocritico\/wp-content\/uploads\/2018\/04\/Factura-Kataia-Consulting-Juventud-Cooperante_EDIIMA20180404_0919_5.jpg\" alt=\"\" width=\"500\" height=\"553\" srcset=\"https:\/\/puntocritico.com\/ausajpuntocritico\/wp-content\/uploads\/2018\/04\/Factura-Kataia-Consulting-Juventud-Cooperante_EDIIMA20180404_0919_5.jpg 643w, https:\/\/puntocritico.com\/ausajpuntocritico\/wp-content\/uploads\/2018\/04\/Factura-Kataia-Consulting-Juventud-Cooperante_EDIIMA20180404_0919_5-271x300.jpg 271w\" sizes=\"auto, (max-width: 500px) 100vw, 500px\" \/><\/a><figcaption id=\"caption-attachment-10882\" class=\"wp-caption-text\"><strong><span style=\"color: #339966; font-size: 10pt;\">Factura de Kataia Consulting sellada y con registro sobre el programa \u00abJuventud Vasca Cooperante\u00bbELDIARIONORTE.ES<\/span><\/strong><\/figcaption><\/figure>\n<\/div><figcaption class=\"caption-inside\">\n<p>&nbsp;<\/p>\n<\/figcaption><\/figure>\n<\/div>\n<p class=\"mce\" style=\"text-align: justify;\"><span style=\"font-family: arial, helvetica, sans-serif; font-size: 14pt;\">Estos documentos \u00absellados en el Departamento de Cultura\u00bb suponen una enmienda de totalidad a los tres informes enviados por el Gobierno en torno a la inexistencia de gran parte de los trabajos encargados a Kataia Consulting (tres de tres), Ortzi Muga (cinco de seis) y Errexal (ocho de quince).\u00a0<a class=\"mce\" href=\"http:\/\/www.elmundo.es\/elmundo\/2010\/06\/04\/paisvasco\/1275654388.html\" target=\"_blank\" rel=\"noopener noreferrer\">Incluso la entonces consejera de Cultura, Blanca Urgell, asegur\u00f3 en el Parlamento que estas adjudicaciones no ten\u00edan ning\u00fan tipo de justificaci\u00f3n<\/a>.\u00a0<\/span><\/p>\n<p class=\"mce\" style=\"text-align: justify;\"><span style=\"font-family: arial, helvetica, sans-serif; font-size: 14pt;\">Ante la inquietud que han suscitado entre las acusaciones unos documentos con sello oficial que hasta ahora no hab\u00edan aparecido, este peri\u00f3dico contact\u00f3 con el entorno de S\u00e1nchez Robles. \u00abNo hablamos de este asunto. S\u00f3lo hablaremos delante de los jueces, que son los \u00fanicos que nos preocupan\u00bb, manifestaron estas fuentes sin querer entrar a valorar el fondo del asunto.<\/span><\/p>\n<h3 style=\"text-align: justify;\"><span style=\"font-family: arial, helvetica, sans-serif; font-size: 14pt;\">Las \u00abamistades\u00bb del padre de San Juan<\/span><\/h3>\n<p class=\"mce\" style=\"text-align: justify;\"><span style=\"font-family: arial, helvetica, sans-serif; font-size: 14pt;\">En el material inform\u00e1tico decomisado a los imputados en este causa aparecieron correos electr\u00f3nicos con referencias a estos contratos. En uno de ellos,\u00a0<a class=\"mce\" href=\"https:\/\/www.eldiario.es\/norte\/euskadi\/Miguel-trending-topic_0_727227824.html\" target=\"_blank\" rel=\"noopener noreferrer\">\u00a0I\u00f1aki San Juan<\/a>\u00a0-exconcejal en Leioa, amigo de De Miguel y administrador formal de Errexal y Ortzi Muga-\u00a0habla con Aintzane de Miguel, su contable, y alude a la delicada situaci\u00f3n financiera de su empresa y a que \u00abXabier no puede meternos un duro\u00bb. A\u00f1ade que \u00abXabier\u00bb les \u00abpropone\u00bb dos contratos sobre \u00abcampos de trabajo\u00bb -uno de los conceptos m\u00e1s repetidos en las adjudicaciones presuntamente irregulares- pero matiza que les dar\u00edan \u00abpoco margen\u00bb.<\/span><\/p>\n<p class=\"mce\" style=\"text-align: justify;\"><span style=\"font-family: arial, helvetica, sans-serif; font-size: 14pt;\">Errexal surgi\u00f3 en octubre de 2005 y la Fiscal\u00eda vincula abiertamente su constituci\u00f3n desde el entorno de De Miguel con la obtenci\u00f3n de una primera subvenci\u00f3n de 90.000 euros salida de Juventud pero que abonaban las seis cuadrillas o Gobiernos comarcales de \u00c1lava. Todas ellas, tras una reuni\u00f3n en el Gobierno, adjudicaron a la empresa de nueva creaci\u00f3n la redacci\u00f3n de informes para sus planes juveniles por un valor de 15.000 euros. Para aprovechar los fondos habilitados, todos los tr\u00e1mites se formalizaron en tiempo r\u00e9cord en la \u00faltima semana del a\u00f1o 2005.\u00a0<\/span><\/p>\n<p class=\"mce\" style=\"text-align: justify;\"><span style=\"font-family: arial, helvetica, sans-serif; font-size: 14pt;\">Esos informes s\u00ed se elaboraron, como algunos otros trabajos contratos a Errexal. Esta empresa s\u00ed ten\u00eda personal, entre ellos dos cargos del PNV como Roberto Gonz\u00e1lez Muro -exportavoz en las Juntas Generales de \u00c1lava- y Leire Orueta -exteniente de alcalde de Llodio- que<a class=\"mce\" href=\"https:\/\/www.eldiario.es\/norte\/euskadi\/hermana-Miguel-pruebas-acusacion-corrupta_0_643585802.html\" target=\"_blank\" rel=\"noopener noreferrer\">\u00a0cobraron en &#8216;B&#8217; de la compa\u00f1\u00eda<\/a>, que tambi\u00e9n realiz\u00f3 alg\u00fan acto electoral para el PNV en la campa\u00f1a de las europeas de 2009.<\/span><\/p>\n<p class=\"mce\" style=\"text-align: justify;\"><span style=\"font-family: arial, helvetica, sans-serif; font-size: 14pt;\">En su escrito de defensa, San Juan explica que en 2006 -y por lo tanto en 2005- \u00abno conoc\u00eda a S\u00e1nchez Robles\u00bb. Niega, por consiguiente, que \u00e9ste le dispensara un trato de favor y explica sus reiteradas contrataciones con Juventud porque su padre, del mismo nombre, fue \u00ab10 a\u00f1os\u00bb director de la oficina y \u00abhab\u00eda generado\u00bb una \u00abestrecha relaci\u00f3n de amistad\u00bb con el personal.\u00a0<\/span><\/p>\n<h3 style=\"text-align: justify;\"><span style=\"font-family: arial, helvetica, sans-serif; font-size: 14pt;\">La ley sube los m\u00e1ximos, los contratos tambi\u00e9n crecen<\/span><\/h3>\n<p class=\"mce\" style=\"text-align: justify;\"><span style=\"font-family: arial, helvetica, sans-serif; font-size: 14pt;\">San Juan y S\u00e1nchez Robles coinciden en que una prueba irrefutable de que no hab\u00eda trato de favor a estas empresas es que Errexal particip\u00f3 en el concurso p\u00fablico del mayor contrato de Juventud, el de la puesta en marcha de un observatorio, sin que resultase adjudicataria. El exdirector subraya tambi\u00e9n que en todo su mandato adjudic\u00f3 contratos por valor de 35 millones de euros, mientras que las sospechas de irregularidades rondar\u00edan los 0,5.\u00a0<\/span><\/p>\n<p class=\"mce\" style=\"text-align: justify;\"><span style=\"font-family: arial, helvetica, sans-serif; font-size: 14pt;\">En cuanto a Ortzi Muga,\u00a0no ten\u00eda personal ni estructura. Pese a ello, obtuvo seis contratos de Juventud. S\u00f3lo consta como realizado uno de ellos, pero los informes que obran en poder del Gobierno vienen firmados por Errexal. Tanto en su caso como en el de Errexal llama la atenci\u00f3n que las adjudicaciones crecieran en cuant\u00eda econ\u00f3mica en cuanto la ley estatal elev\u00f3 de 12.000 a 18.000 euros el m\u00e1ximo permitido para contratos &#8216;a dedo&#8217;.<\/span><\/p>\n<p class=\"mce\" style=\"text-align: justify;\"><span style=\"font-family: arial, helvetica, sans-serif; font-size: 14pt;\">El Gobierno vasco no fue la \u00fanica instituci\u00f3n que inyect\u00f3 fondos a estas sociedades mercantiles. Cuando De Miguel pas\u00f3 a ser diputado de Administraci\u00f3n Local y Equilibrio Territorial de \u00c1lava, con competencias sobre pol\u00edtica local y urbanismo, autocontrat\u00f3 con Errexal y Ortzi Muga. Fueron siete contrataciones directas que suman 69.923,2 euros. Pese a ello,\u00a0<a class=\"mce\" href=\"https:\/\/www.eldiario.es\/norte\/euskadi\/Ramiro-Gonzalez-perjuicio-Diputacion-Alava_0_723728273.html\" target=\"_blank\" rel=\"noopener noreferrer\">el diputado general actual del PNV, Ramiro Gonz\u00e1lez, afirm\u00f3 recientemente que la Fiscal\u00eda no ha detectado \u00abperjuicio econ\u00f3mico\u00bb para la instituci\u00f3n<\/a>.<\/span><\/p>\n<p>&nbsp;<\/p>\n<p><a href=\"https:\/\/puntocritico.com\/ausajpuntocritico\/wp-content\/uploads\/2018\/03\/Mosca_Punto_Cr\u00edtico_40.png\" rel=\"lightbox[10860]\"><img loading=\"lazy\" decoding=\"async\" class=\"aligncenter size-full wp-image-9528\" src=\"https:\/\/puntocritico.com\/ausajpuntocritico\/wp-content\/uploads\/2018\/03\/Mosca_Punto_Cr\u00edtico_40.png\" alt=\"\" width=\"50\" height=\"50\" \/><\/a><\/p>\n<h1 class=\"pg-headline\" style=\"text-align: center;\"><a id=\"ref6\"><\/a><a href=\"#ref6a\">[6]<\/a> La marihuana legal, en camino de superar en ventas a los refrescos en EEUU<\/h1>\n<div class=\"subtitle bkn mce sk2\"><span style=\"font-size: 14pt;\">Por\u00a0\u00a0El Rastreador<\/span><\/div>\n<div>\u00a0<\/div>\n<div class=\"subtitle bkn mce sk2\"><span style=\"color: #339966;\">Art\u00edculo publicado el 8 de abril de 2018 en<\/span><\/div>\n<div class=\"subtitle bkn mce sk2\"><a href=\"https:\/\/www.eldiario.es\/rastreador\/refrescos-topan-competencia-marihuana-EEUU_6_758084209.html\" target=\"_blank\" rel=\"noopener\"><span style=\"color: #339966;\">https:\/\/www.eldiario.es\/rastreador\/refrescos-topan-competencia-marihuana-EEUU_6_758084209.html<\/span><\/a><\/div>\n<div>\u00a0<\/div>\n<div>\u00a0<\/div>\n<figure id=\"attachment_10887\" aria-describedby=\"caption-attachment-10887\" style=\"width: 643px\" class=\"wp-caption aligncenter\"><a href=\"https:\/\/puntocritico.com\/ausajpuntocritico\/wp-content\/uploads\/2018\/04\/Mossos-incautan-plantas-marihuana-valoradas_EDIIMA20171021_0108_19.jpg\" rel=\"lightbox[10860]\"><img loading=\"lazy\" decoding=\"async\" class=\"wp-image-10887 size-full\" src=\"https:\/\/puntocritico.com\/ausajpuntocritico\/wp-content\/uploads\/2018\/04\/Mossos-incautan-plantas-marihuana-valoradas_EDIIMA20171021_0108_19.jpg\" alt=\"\" width=\"643\" height=\"362\" srcset=\"https:\/\/puntocritico.com\/ausajpuntocritico\/wp-content\/uploads\/2018\/04\/Mossos-incautan-plantas-marihuana-valoradas_EDIIMA20171021_0108_19.jpg 643w, https:\/\/puntocritico.com\/ausajpuntocritico\/wp-content\/uploads\/2018\/04\/Mossos-incautan-plantas-marihuana-valoradas_EDIIMA20171021_0108_19-300x169.jpg 300w\" sizes=\"auto, (max-width: 643px) 100vw, 643px\" \/><\/a><figcaption id=\"caption-attachment-10887\" class=\"wp-caption-text\"><span style=\"color: #339966;\"><strong><span style=\"font-size: 10pt;\">EFE<\/span><\/strong><\/span><\/figcaption><\/figure>\n<blockquote>\n<p style=\"text-align: justify;\"><span style=\"font-size: 14pt; font-family: arial, helvetica, sans-serif;\">Una investigaci\u00f3n de Cowen &amp; Co apunta a que las ventas de cannabis alcanzar\u00e1n los 75 mil millones de d\u00f3lares en 2030<\/span><\/p>\n<p style=\"text-align: justify;\"><span style=\"font-size: 14pt; font-family: arial, helvetica, sans-serif;\">Los refrescos acumulan a\u00f1os de ca\u00eddas en ventas, con 2016 como el peor de los \u00faltimos 31 a\u00f1os<\/span><\/p>\n<\/blockquote>\n<p class=\"mce\" style=\"text-align: justify;\"><span style=\"font-size: 14pt; font-family: arial, helvetica, sans-serif;\">El rechazo cada vez m\u00e1s mayoritario a los refrescos azucarados le puede venir bien a la marihuana en Estados Unidos. Las ventas de cannabis de manera legal no paran de crecer y ya hay quien estima que su consumo supere en cifras a las de bebidas como la Coca-Cola. Esta es la tesis de un estudio de Cowen &amp; Co, que se\u00f1ala que la marihuana vender\u00e1 en 2030 por valor de 75.000 millones de d\u00f3lares.<\/span><\/p>\n<p class=\"mce\" style=\"text-align: justify;\"><span style=\"font-size: 14pt; font-family: arial, helvetica, sans-serif;\">La legalizaci\u00f3n de esta sustancia en nueve estados y en Washington ha facilitado su crecimiento en los pr\u00f3ximos a\u00f1os.\u00a0<a class=\"mce\" href=\"https:\/\/www.bloomberg.com\/news\/articles\/2018-04-04\/cannabis-sales-forecast-suggests-it-may-surpass-soda-by-2030\" target=\"_blank\" rel=\"noopener noreferrer\">Como cuenta\u00a0<em class=\"mce\">Bloomberg<\/em><\/a>, esto supone que 1 de cada 5 estadounidenses puedan consumirla de la manera que quieran, ya sea fum\u00e1ndola o comi\u00e9ndola. Las grandes expectativas y que sea de curso legal han provocado que la propia consultora del estudio corrija sus propias previsiones, ya que anteriormente apunt\u00f3 a que sus ventas ser\u00edan de 50.000 millones de d\u00f3lares en 2026.<\/span><\/p>\n<p class=\"mce\" style=\"text-align: justify;\"><span style=\"font-size: 14pt; font-family: arial, helvetica, sans-serif;\">Este auge del cannabis coincide con la ca\u00edda evidente de la industria de los refrescos en los \u00faltimos a\u00f1os, que ya hasta se han visto superados por el\u00a0<a class=\"mce\" href=\"https:\/\/www.theatlas.com\/charts\/rkjH9Dzl\" target=\"_blank\" rel=\"noopener noreferrer\">consumo de agua embotellada<\/a>. 2016 marc\u00f3 el punto de inflexi\u00f3n de las empresas del sector, al ser el peor de los \u00faltimos 31 a\u00f1os con 78.300 millones en ventas. Pero 2017 fue a\u00fan peor, ya que cayeron hasta los 76.400 millones de d\u00f3lares.<\/span><\/p>\n<p class=\"mce\" style=\"text-align: justify;\"><span style=\"font-size: 14pt; font-family: arial, helvetica, sans-serif;\">Las advertencias sobre\u00a0<a class=\"mce\" href=\"https:\/\/www.eldiario.es\/tribunaabierta\/Pueden-impuestos-volvernos-bebidas-azucaradas_6_586251396.html\" target=\"_blank\" rel=\"noopener noreferrer\">\u00a0su impacto en la salud<\/a>\u00a0parecen estar detr\u00e1s de este rechazo progresivo de los consumidores. Lo que explica la reacci\u00f3n de Coca-Cola de\u00a0<a class=\"mce\" href=\"https:\/\/www.elperiodico.com\/es\/sociedad\/20171106\/coca-cola-reducira-azucar-bebidas-6405381\" target=\"_blank\" rel=\"noopener noreferrer\">anunciar que reducir\u00e1 el az\u00facar<\/a>\u00a0de sus productos un 12% antes de 2025.<\/span><\/p>\n<p class=\"mce\" style=\"text-align: justify;\"><span style=\"font-size: 14pt; font-family: arial, helvetica, sans-serif;\">El paralelismo con la situaci\u00f3n de la marihuana tambi\u00e9n puede trasladarse a las bebidas alcoh\u00f3licas. Seg\u00fan el mismo estudio, el consumo masivo de alcohol disminuy\u00f3 en los estados donde el uso recreativo del cannabis est\u00e1 autorizado. Algo que no ocurre en los que solo permiten su uso medicinal o lo proh\u00edben directamente.<\/span><\/p>\n<p><a href=\"https:\/\/puntocritico.com\/ausajpuntocritico\/wp-content\/uploads\/2018\/03\/Mosca_Punto_Cr\u00edtico_40.png\" rel=\"lightbox[10860]\"><img loading=\"lazy\" decoding=\"async\" class=\"aligncenter size-full wp-image-9528\" src=\"https:\/\/puntocritico.com\/ausajpuntocritico\/wp-content\/uploads\/2018\/03\/Mosca_Punto_Cr\u00edtico_40.png\" alt=\"\" width=\"50\" height=\"50\" \/><\/a><\/p>\n<h1 class=\"pg-headline\" style=\"text-align: center;\"><a id=\"ref7\"><\/a><a href=\"#ref7a\">[7]<\/a> Cifuentes prepara una ley de universidades que permite contratar a dedo a profesores \u00abdistinguidos\u00bb<\/h1>\n<div class=\"subtitle bkn mce sk2\"><span style=\"font-size: 14pt;\">Por\u00a0F\u00e1tima Caballer<\/span><\/div>\n<div>\u00a0<\/div>\n<div><span style=\"color: #339966;\">Art\u00edculo publicado el 8 de abril de 2018 en<\/span><\/div>\n<div><span style=\"color: #339966;\"><a style=\"color: #339966;\" href=\"https:\/\/www.eldiario.es\/madrid\/Cifuentes-universidades-permitira-profesores-distinguidos_0_758724328.html\" target=\"_blank\" rel=\"noopener\">https:\/\/www.eldiario.es\/madrid\/Cifuentes-universidades-permitira-profesores-distinguidos_0_758724328.html<\/a><\/span><\/div>\n<p>&nbsp;<\/p>\n<figure id=\"attachment_10888\" aria-describedby=\"caption-attachment-10888\" style=\"width: 643px\" class=\"wp-caption aligncenter\"><a href=\"https:\/\/puntocritico.com\/ausajpuntocritico\/wp-content\/uploads\/2018\/04\/consejeros-Gobierno-Cifuentes-Puerta-Sol_EDIIMA20150627_0037_20.jpg\" rel=\"lightbox[10860]\"><img loading=\"lazy\" decoding=\"async\" class=\"wp-image-10888 size-full\" src=\"https:\/\/puntocritico.com\/ausajpuntocritico\/wp-content\/uploads\/2018\/04\/consejeros-Gobierno-Cifuentes-Puerta-Sol_EDIIMA20150627_0037_20.jpg\" alt=\"\" width=\"643\" height=\"362\" srcset=\"https:\/\/puntocritico.com\/ausajpuntocritico\/wp-content\/uploads\/2018\/04\/consejeros-Gobierno-Cifuentes-Puerta-Sol_EDIIMA20150627_0037_20.jpg 643w, https:\/\/puntocritico.com\/ausajpuntocritico\/wp-content\/uploads\/2018\/04\/consejeros-Gobierno-Cifuentes-Puerta-Sol_EDIIMA20150627_0037_20-300x169.jpg 300w\" sizes=\"auto, (max-width: 643px) 100vw, 643px\" \/><\/a><figcaption id=\"caption-attachment-10888\" class=\"wp-caption-text\"><span style=\"font-size: 10pt; color: #339966;\"><strong>Foto de archivo<\/strong><\/span><\/figcaption><\/figure>\n<blockquote>\n<p style=\"text-align: justify;\"><span style=\"font-size: 14pt; font-family: arial, helvetica, sans-serif;\">El proyecto de ley de universidades de la Comunidad de Madrid crea la figura del \u00abprofesor visitante distinguido\u00bb cuya acreditaci\u00f3n depender\u00e1 de la fundaci\u00f3n Madrid+D dependiente de la Consejer\u00eda de Educaci\u00f3n<\/span><\/p>\n<p style=\"text-align: justify;\"><span style=\"font-size: 14pt; font-family: arial, helvetica, sans-serif;\">\u00abEn el caso del profesor visitante distinguido se busca una acreditaci\u00f3n menos burocr\u00e1tica y menos encorsetada\u00bb, recoge el proyecto de ley<\/span><\/p>\n<p style=\"text-align: justify;\"><span style=\"font-size: 14pt; font-family: arial, helvetica, sans-serif;\">El salario del profesor visitante distinguido ser\u00e1 \u00abcomo m\u00ednimo\u00bb equivalente al del profesor titular<\/span><\/p>\n<\/blockquote>\n<p class=\"mce\" style=\"text-align: justify;\"><span style=\"font-size: 14pt; font-family: arial, helvetica, sans-serif;\">La figura &#8216;profesor visitante&#8217; por la que la Universidad Rey Juan Carlos\u00a0<a class=\"mce\" href=\"https:\/\/www.eldiario.es\/sociedad\/cifuentes-universidad-rey-juan-carlos-hermana-ilegal_0_752075580.html\" target=\"_blank\" rel=\"noopener\">contrat\u00f3 a la hermana de Cristina Cifuentes de manera irregular\u00a0<\/a>tendr\u00e1 un escalaf\u00f3n m\u00e1s en la nueva ley de universidades (Lemes) que prepara el Gobierno de la Comunidad de Madrid. El proyecto de ley que se encuentra en estos momentos a la espera de debate en la Asamblea, refuerza esa figura y su arbitrariedad en la contrataci\u00f3n bajo el nombre &#8216;profesor visitante distinguido&#8217;. Una figura muy conveniente para la presidenta de la Comunidad de Madrid que prepara el doctorado y que pretende volver a la universidad cuando deje la pol\u00edtica.\u00a0<\/span><\/p>\n<p class=\"mce\" style=\"text-align: justify;\"><span style=\"font-size: 14pt; font-family: arial, helvetica, sans-serif;\">La figura de profesor visitante es actualmente la m\u00e1s discrecional a la hora de designar docentes en las universidades madrile\u00f1as. Ahora esta nueva ley refuerza esta figura y la presenta como una propuesta estrella y exclusiva de la Comunidad de Madrid. Por su \u00abexclusividad\u00bb (no existe en ninguna otra comunidad aut\u00f3noma), el Proyecto de ley determina que ser\u00e1 la fundaci\u00f3n Madri+d la encargada de acreditar a estos profesores. Es decir, que ser\u00e1 un organismo dependiente del Gobierno auton\u00f3mico quien decidir\u00e1 qu\u00e9 profesores merecen tal puesto especial.<\/span><\/p>\n<p class=\"mce\" style=\"text-align: justify;\"><span style=\"font-size: 14pt; font-family: arial, helvetica, sans-serif;\">Esta\u00a0fundaci\u00f3n depende de la Consejer\u00eda de Educaci\u00f3n de la Comunidad de Madrid y actualmente la dirige un\u00a0consejero que fue reprobado y al que Cifuentes ces\u00f3: Jes\u00fas S\u00e1nchez Martos. El exconsejero de Sanidad\u00a0<a class=\"mce\" href=\"http:\/\/www.eldiario.es\/madrid\/Cifuentes-exconsejero-Sanidad-fundacion-despues_0_690481720.html\" target=\"_blank\" rel=\"noopener\">\u00a0fue recolocado<\/a>\u00a0solo un d\u00eda despu\u00e9s de su salida del Ejecutivo auton\u00f3mico. El lugar: la\u00a0fundaci\u00f3n dependiente de la Consejer\u00eda de Educaci\u00f3n donde cobra 82.000 euros al a\u00f1o. Esta fundaci\u00f3n tambi\u00e9n se presenta como fundamental a la hora de financiar las universidades en el nuevo proyecto de Ley del Gobierno regional.<\/span><\/p>\n<p class=\"mce\" style=\"text-align: justify;\"><span style=\"font-size: 14pt; font-family: arial, helvetica, sans-serif;\">\u00abEn el caso del profesor visitante distinguido se busca una acreditaci\u00f3n menos burocr\u00e1tica y menos encorsetada, eliminando los requisitos m\u00e1s cuestionados y que dificultan la atracci\u00f3n de profesorado de gran calidad desde otros sistemas universitarios\u00bb, recoge el punto VI de la exposici\u00f3n de motivos del proyecto de ley.\u00a0<\/span><\/p>\n<p class=\"mce\" style=\"text-align: justify;\"><span style=\"font-size: 14pt; font-family: arial, helvetica, sans-serif;\">Pero adem\u00e1s, un profesor podr\u00e1 ser contratado antes incluso de tener esa acreditaci\u00f3n, pese a que se trata ya de una acreditaci\u00f3n \u00abmenos burocr\u00e1tica\u00bb y \u00abmenos \u00abencorsetada\u00bb que las del resto de docentes y asignada en exclusiva por la Fundaci\u00f3n Madridmasd. \u00abPodr\u00e1 celebrarse el contrato de profesor visitante distinguido con profesores que a\u00fan no cuenten con la mencionada acreditaci\u00f3n, cuando se justifique la urgencia de la contrataci\u00f3n para atender necesidades de la docencia o la investigaci\u00f3n. En tales supuestos, el profesor deber\u00e1 obtener la acreditaci\u00f3n en un plazo inferior a un a\u00f1o\u00bb, especifica\u00a0el proyecto de ley.<\/span><\/p>\n<p class=\"mce\" style=\"text-align: justify;\"><span style=\"font-size: 14pt; font-family: arial, helvetica, sans-serif;\">\u00abSe establecer\u00e1n reglamentariamente los requisitos acad\u00e9micos para que aquellas personas en posesi\u00f3n de la titulaci\u00f3n universitaria de doctor puedan obtener la acreditaci\u00f3n autom\u00e1tica como profesor visitante distinguido\u00bb. Es decir, si posees el doctorado casi ser\u00eda autom\u00e1tica la acreditaci\u00f3n.<\/span><\/p>\n<p class=\"mce\" style=\"text-align: justify;\"><span style=\"font-size: 14pt; font-family: arial, helvetica, sans-serif;\">Un aspecto que convendr\u00eda especialmente a la presidenta de la Comunidad de Madrid que como ha anunciado en varias ocasiones preparaba su doctorado desde hace a\u00f1os. En 2011, a\u00f1o en el que se matricula en el m\u00e1ster de Derecho auton\u00f3mico, Cifuentes necesitaba un t\u00edtulo de m\u00e1ster\u00a0para obtener el doctorado. eldiario.es ha desvelado que Cifuentes lo obtuvo de manera irregular.<\/span><\/p>\n<p class=\"mce\" style=\"text-align: justify;\"><span style=\"font-size: 14pt; font-family: arial, helvetica, sans-serif;\">La intenci\u00f3n de Cristina Cifuentes es volver a la universidad cuando termine su etapa en la pol\u00edtica, seg\u00fan ella misma ha manifestado en p\u00fablico. Con el doctorado podr\u00eda dar clases en la universidad en vez de volver a su plaza de funcionaria, que es de\u00a0personal de administraci\u00f3n y servicios (PAS). Es el mismo camino que utiliz\u00f3 la propia hermana de Cifuentes, Margarita: era funcionaria PAS; hizo el doctorado (en un tesis dirigida personalmente por el rector de los plagios) y despu\u00e9s la Rey Juan Carlos la contrat\u00f3 a dedo como profesora visitante, aunque\u00a0<a class=\"mce\" href=\"https:\/\/www.eldiario.es\/sociedad\/cifuentes-universidad-rey-juan-carlos-hermana-ilegal_0_752075580.html\" target=\"_blank\" rel=\"noopener\">de forma irregular<\/a>.<\/span><\/p>\n<h3 style=\"text-align: justify;\"><span style=\"font-size: 14pt; font-family: arial, helvetica, sans-serif;\">Profesor visitante<\/span><\/h3>\n<p class=\"mce\" style=\"text-align: justify;\"><span style=\"font-size: 14pt; font-family: arial, helvetica, sans-serif;\">Margarita Cifuentes ha sido durante toda su vida Personal de Administraci\u00f3n y Servicios (PAS), pero trabaja desde 2016 como profesora visitante en la Universidad Rey Juan Carlos de Madrid (URJC) en el \u00e1rea de Historia Contempor\u00e1nea. Su contrataci\u00f3n directa obvi\u00f3 el hecho de que no cumple ninguno de los requisitos necesarios recogidos en la ley para acogerse a tal figura.<\/span><\/p>\n<p class=\"mce\" style=\"text-align: justify;\"><span style=\"font-size: 14pt; font-family: arial, helvetica, sans-serif;\">Su contrato como profesora visitante est\u00e1 por tanto fuera de la ley, al incumplir\u00a0<a class=\"mce\" href=\"https:\/\/www.boe.es\/buscar\/doc.php?id=BOE-A-2007-7786\" target=\"_blank\" rel=\"noopener noreferrer\">la Ley Org\u00e1nica de Universidades (LOU, art\u00edculo 54)<\/a>\u00a0y el\u00a0<a class=\"mce\" href=\"https:\/\/www.ucm.es\/data\/cont\/docs\/3-2015-03-10-I%20Convenio%20Colectivo.pdf\" target=\"_blank\" rel=\"noopener noreferrer\">convenio colectivo de personal docente e investigador con vinculaci\u00f3n laboral de las universidades p\u00fablicas de la Comunidad de Madrid<\/a>\u00a0(art\u00edculo 10 punto 6). Adem\u00e1s , los propios estatutos de la URJC dice que se elegir\u00e1n entre \u00abprofesores e investigadores de reconocido prestigio\u00bb. Tambi\u00e9n hay m\u00e1s de una sentencia que especifica que para contratar a alguien como visitante tiene que provenir de otro centro, y tampoco es el caso.<\/span><\/p>\n<p class=\"mce\" style=\"text-align: justify;\"><span style=\"font-size: 14pt; font-family: arial, helvetica, sans-serif;\">El esp\u00edritu de esta figura es\u00a0claro: contratar a profesionales de prestigio para un \u00e1rea concreta que pueda estar hu\u00e9rfana de \u00e9l o se le quiera dar un impulso. Adem\u00e1s, seg\u00fan el convenio madrile\u00f1o, estos profesores o investigadores no pueden estar m\u00e1s de dos a\u00f1os en el puesto.<\/span><\/p>\n<p class=\"mce\" style=\"text-align: justify;\"><span style=\"font-size: 14pt; font-family: arial, helvetica, sans-serif;\">La acreditaci\u00f3n que otorgar\u00e1 la fundaci\u00f3n Madri+D permitir\u00e1 que los docentes puedan estar cinco a\u00f1os en el puesto con posibilidad de renovaci\u00f3n. Adem\u00e1s, seg\u00fan especifica el proyecto de ley, \u00abla retribuci\u00f3n de los profesores distinguidos se equiparar\u00e1, como m\u00ednimo, a la correspondiente al cuerpo de profesores titulares de universidad\u00bb.\u00a0Ese \u00abcomo m\u00ednimo\u00bb ya anuncia que puede ser incluso mayor.<\/span><\/p>\n<p><a href=\"https:\/\/puntocritico.com\/ausajpuntocritico\/wp-content\/uploads\/2018\/03\/Mosca_Punto_Cr\u00edtico_40.png\" rel=\"lightbox[10860]\"><img loading=\"lazy\" decoding=\"async\" class=\"aligncenter size-full wp-image-9528\" src=\"https:\/\/puntocritico.com\/ausajpuntocritico\/wp-content\/uploads\/2018\/03\/Mosca_Punto_Cr\u00edtico_40.png\" alt=\"\" width=\"50\" height=\"50\" \/><\/a><\/p>\n<p>&nbsp;<\/p>\n<h1 class=\"entry-title\" style=\"text-align: center;\"><a id=\"ref8\"><\/a><a href=\"#ref8a\">[8]<\/a> Otra conspiraci\u00f3n del PSOE<\/h1>\n<div class=\"author-content\">\n<p class=\"author\"><span style=\"font-family: georgia, palatino, serif; font-size: 14pt;\">Por Juan Carlos Escudier<\/span><\/p>\n<\/div>\n<div><span style=\"color: #339966;\">Art\u00edculo publicado el 9 de abril de 2018 en<\/span><\/div>\n<div><span style=\"color: #339966;\"><a style=\"color: #339966;\" href=\"http:\/\/blogs.publico.es\/escudier\/2018\/04\/09\/otra-conspiracion-del-psoe\/\" target=\"_blank\" rel=\"noopener\">http:\/\/blogs.publico.es\/escudier\/2018\/04\/09\/otra-conspiracion-del-psoe\/<\/a><\/span><\/div>\n<div>\u00a0<\/div>\n<p style=\"text-align: justify;\"><span style=\"font-size: 14pt; font-family: arial, helvetica, sans-serif;\">Al caso del m\u00e1ster fantasma de Cristina Cifuentes le faltaba el ingrediente sorpresa, ese toque de tabasco en el Bloody Mary con el que el c\u00f3ctel pasa de ser una mezcla de licores a un libertinaje de sabores. Finalmente, ese fin de semana hemos sabido que el asunto no se limitaba a una m\u00e1s de las indecencias que florecen al calor de la impunidad y del amiguismo sino que ha obedecido a una planificada conspiraci\u00f3n de un militante socialista, profesor de la Universidad Rey Juan Carlos, que habr\u00eda filtrado el aguinaldo acad\u00e9mico de la presidenta de cabellos dorados por puro despecho.<\/span><\/p>\n<p style=\"text-align: justify;\"><span style=\"font-size: 14pt; font-family: arial, helvetica, sans-serif;\">Extra\u00f1aba que no surgiera este elemento de la conjura que es consustancial a todos los esc\u00e1ndalos que han arribado a las playas del PP, hasta el punto de que alg\u00fan d\u00eda la historia incluir\u00e1 al partido como la v\u00edctima de un terco complot planetario ideado por los templarios un d\u00eda de libranza en su b\u00fasqueda del santo grial y transmitido en secreto de confesi\u00f3n a Pablo Iglesias en Casa Labra cuando intentaba fundar el PSOE. La\u00a0 maquinaci\u00f3n perpetua de los socialistas contra el PP vendr\u00eda a demostrar, aunque ese no fuera su objeto, una derivada del principio de Arqu\u00edmedes, seg\u00fan el cual toda organizaci\u00f3n pol\u00edtica sumergida en un fluido de inmundicia experimenta un empuje vertical y hacia arriba semejante al peso de los excrementos desalojados. O dicho de otra forma, que se puede gobernar flotando en la mierda como si tal cosa.<\/span><\/p>\n<p style=\"text-align: justify;\"><span style=\"font-size: 14pt; font-family: arial, helvetica, sans-serif;\">Los primeros contubernios de los que se tiene referencia escrita datan de los tiempos en los que el bigote de Aznar era negro za\u00edno, casi tan antiguos como los manuscritos del Mar Muerto. Acababa de llegar el embri\u00f3n de estadista a la presidencia del PP cuando se descubri\u00f3 que el partido se financiaba ilegalmente y que entre col y col algunos de sus dirigentes se zampaban las lechugas. Tal y como dar\u00eda cuenta Aznar en la primera entrega de sus memorias, el caso Naseiro fue un montaje del Gobierno socialista para frenar el avance del PP, con el juez instructor como cooperador necesario: \u201cDemostrando una inteligencia pol\u00edtica y una capacidad de reacci\u00f3n fuera de lo com\u00fan, Cascos consigui\u00f3 convertir el caso Naseiro en el caso Manglano. Es decir, consigui\u00f3 que el PP pasara de la defensa al ataque contra quienes, amparados por el poder y desde el propio poder, hab\u00edan orquestado una operaci\u00f3n para abortar la consolidaci\u00f3n de una alternativa al socialismo en Espa\u00f1a\u201d.<\/span><\/p>\n<p style=\"text-align: justify;\"><span style=\"font-size: 14pt; font-family: arial, helvetica, sans-serif;\">Aquello fue s\u00f3lo el principio. Lleg\u00f3 luego la G\u00fcrtel, otra inmensa confabulaci\u00f3n que Rajoy se encarg\u00f3 de desenmascarar: \u201cEsto no es una trama del PP como algunos pretenden. Es una trama contra el PP, que es una cosa muy distinta. Todas las contrataciones de esta casa se han hecho en el marco de legalidad\u201d. Como Cascos deb\u00eda de estar constipado, de olfatear el montaje se ocup\u00f3 entonces Federico Trillo, quien acus\u00f3 a Rubalcaba de orquestar la operaci\u00f3n, con la ayuda del fiscal general del Estado, C\u00e1ndido Conde Pumpido y, por supuesto, de Baltasar Garz\u00f3n, que entonces era juez.<\/span><\/p>\n<p style=\"text-align: justify;\"><span style=\"font-size: 14pt; font-family: arial, helvetica, sans-serif;\">Lo del PSOE con el PP era ya ensa\u00f1amiento, como \u00a0hab\u00edan demostrado con anterioridad algunos de los m\u00e1s afamados agujer\u00f3logos del 11-M para los que, en mayor o menos medida, m\u00e1s que un atentado yihadista salvaje aquello fue una conjura del socialismo y la ETA para echar al PP del Gobierno en la que pudieron participar los servicios secretos de Marruecos a cambio de la entrega pactada de Ceuta y Melilla. La revelaci\u00f3n fue patente al descubrirse que un tal Fernando Huarte, militante del PSOE y supuesto colaborador del CNI, hab\u00eda visitado en prisi\u00f3n a un dirigente del GIA, Abdelkrim Benesmail, que ten\u00eda una agenda en el que figuraban los nombres de algunos etarras a los que hab\u00eda conocido en la c\u00e1rcel y que lleg\u00f3 a comerse, dando origen a su apodo: el islamista comefolios. Se supon\u00eda que Huarte presid\u00eda la Asociaci\u00f3n Nacional de Amigos del Pueblo Palestino Al Fatah como tapadera para adentrarse en las fauces del fundamentalismo y arrancarle sus secretos, pero el PP, a diferencia de Benesmail que todo lo engull\u00eda, no se trag\u00f3 el relato.<\/span><\/p>\n<p style=\"text-align: justify;\"><span style=\"font-size: 14pt; font-family: arial, helvetica, sans-serif;\">Con la constancia de que el PSOE siempre est\u00e1 detr\u00e1s de cualquier esc\u00e1ndalo, ya sea el tamayazo \u2013en el que cedi\u00f3 la presidencia de Madrid a Esperanza Aguirre a cambio de manchar el buen nombre de los populares-, P\u00fanica o Lezo, donde han sido m\u00e1s discretos, s\u00f3lo hac\u00eda falta escarbar con la u\u00f1a para descubrir la mano de uno de sus militantes en el ama\u00f1ado m\u00e1ster de Cifuentes, otra v\u00edctima inocente de la depravaci\u00f3n de estos sujetos. El PP resiste, pero hasta las caras m\u00e1s duras de hormig\u00f3n armado se desgastan con el uso intensivo.<\/span><\/p>\n<p><a href=\"https:\/\/puntocritico.com\/ausajpuntocritico\/wp-content\/uploads\/2018\/03\/Mosca_Punto_Cr\u00edtico_40.png\" rel=\"lightbox[10860]\"><img loading=\"lazy\" decoding=\"async\" class=\"aligncenter size-full wp-image-9528\" src=\"https:\/\/puntocritico.com\/ausajpuntocritico\/wp-content\/uploads\/2018\/03\/Mosca_Punto_Cr\u00edtico_40.png\" alt=\"\" width=\"50\" height=\"50\" \/><\/a><\/p>\n<h1 style=\"text-align: center;\"><a id=\"ref9\"><\/a><a href=\"#ref9a\">[9]<\/a> El profesor que filtr\u00f3 el caso del m\u00e1ster niega una operaci\u00f3n pol\u00edtica: \u00abSoy un funcionario que est\u00e1 cumpliendo con su obligaci\u00f3n\u00bb<\/h1>\n<p><span style=\"font-size: 14pt;\">Por AGENCIAS<\/span><\/p>\n<div><span style=\"color: #339966;\">Art\u00edculo publicado el 9 de abril de 2018 en<\/span><\/div>\n<div><span style=\"color: #339966;\"><a style=\"color: #339966;\" href=\"http:\/\/www.publico.es\/politica\/master-cifuentes-profesor-filtro-caso-master-niega-operacion-politica-funcionario-cumpliendo-obligacion.html\" target=\"_blank\" rel=\"noopener\">http:\/\/www.publico.es\/politica\/master-cifuentes-profesor-filtro-caso-master-niega-operacion-politica-funcionario-cumpliendo-obligacion.html<\/a><\/span><\/div>\n<div>\u00a0<\/div>\n<div>\n<figure id=\"attachment_10889\" aria-describedby=\"caption-attachment-10889\" style=\"width: 660px\" class=\"wp-caption aligncenter\"><a href=\"https:\/\/puntocritico.com\/ausajpuntocritico\/wp-content\/uploads\/2018\/04\/5aca24273908f.r_1523287327549.236-675-2809-2000.jpg\" rel=\"lightbox[10860]\"><img loading=\"lazy\" decoding=\"async\" class=\"wp-image-10889 size-full\" src=\"https:\/\/puntocritico.com\/ausajpuntocritico\/wp-content\/uploads\/2018\/04\/5aca24273908f.r_1523287327549.236-675-2809-2000.jpg\" alt=\"\" width=\"660\" height=\"340\" srcset=\"https:\/\/puntocritico.com\/ausajpuntocritico\/wp-content\/uploads\/2018\/04\/5aca24273908f.r_1523287327549.236-675-2809-2000.jpg 660w, https:\/\/puntocritico.com\/ausajpuntocritico\/wp-content\/uploads\/2018\/04\/5aca24273908f.r_1523287327549.236-675-2809-2000-300x155.jpg 300w\" sizes=\"auto, (max-width: 660px) 100vw, 660px\" \/><\/a><figcaption id=\"caption-attachment-10889\" class=\"wp-caption-text\"><span style=\"font-size: 10pt; color: #339966;\"><strong>El rector de la Universidad Rey Juan Carlos, Javier Ramos, en rueda de prensa sobre el m\u00e1ster de la presidenta de Madrid, Cristina Cifuentes.EFE\/ Javier Liz\u00f3n <\/strong><\/span><\/figcaption><\/figure>\n<\/div>\n<div>\u00a0<\/div>\n<blockquote>\n<div style=\"text-align: justify;\"><span style=\"font-family: arial, helvetica, sans-serif; font-size: 14pt;\">Salvador Perell\u00f3 asegura que\u00a0le lleg\u00f3 a su casillero del despacho \u00abun sobre con fotocopias de varias cosas\u00bb, entre las que estaban los documentos filtrados y los pantallazos de la intranet de la universidad.<\/span><\/div>\n<\/blockquote>\n<div>\n<p id=\"m363-362-364\" style=\"text-align: justify;\"><span style=\"font-family: arial, helvetica, sans-serif; font-size: 14pt;\">Salvador Perell\u00f3, el profesor de la Universidad Rey Juan Carlos (URJC) que ha reconocido que filtr\u00f3 documentos del m\u00e1ster de la presidenta de la Comunidad de Madrid, Cristina Cifuentes, a\u00a0<a href=\"https:\/\/www.eldiario.es\/\" target=\"_blank\" rel=\"noopener noreferrer\">eldiario.es<\/a>, asegura que cumpli\u00f3 con su obligaci\u00f3n como funcionario y rechaza que tenga que ver \u00abcon una operaci\u00f3n pol\u00edtica\u00bb.<\/span><\/p>\n<p id=\"m368-1-369\" style=\"text-align: justify;\"><span style=\"font-family: arial, helvetica, sans-serif; font-size: 14pt;\">Perell\u00f3 ha explicado este lunes a la\u00a0<a href=\"http:\/\/cadenaser.com\/emisora\/2018\/04\/09\/radio_madrid\/1523254722_229128.html\" target=\"_blank\" rel=\"noopener noreferrer\">cadena SER<\/a>\u00a0que le lleg\u00f3 a su casillero del despacho \u00abun sobre con fotocopias de varias cosas\u00bb, entre las que estaban los documentos filtrados y los pantallazos de la intranet de la universidad. El profesor de la URJC ha relatado que los estudi\u00f3 y analiz\u00f3 con calma para comprobar que eran ciertos y despu\u00e9s se los dio a la prensa.<\/span><\/p>\n<p id=\"m373-2-374\" style=\"text-align: justify;\"><span style=\"font-family: arial, helvetica, sans-serif; font-size: 14pt;\">Perell\u00f3, militante del PSOE, ha asegurado que\u00a0<b>\u00abno conoce\u00bb<\/b>\u00a0ni al portavoz del PSOE en la Asamblea de Madrid,\u00a0<b>\u00c1ngel Gabilondo<\/b>, ni al secretario general socialista,\u00a0<b>Pedro S\u00e1nchez<\/b>, con los que \u00abnunca\u00bb ha hablado \u00abni en persona ni por mensaje\u00bb.<\/span><\/p>\n<div id=\"m579-3-580\" class=\"html\" style=\"text-align: justify;\"><iframe loading=\"lazy\" title=\"El profesor que destap\u00f3 las irregularidades asegura que no es ninguna operaci\u00f3n pol\u00edtica\" src=\"http:\/\/www.publico.es\/videos\/iframe\/662910\" width=\"660\" height=\"371\" longdesc=\"http:\/\/www.publico.es\/publico-tv\/video\/662910\" frameborder=\"0\" scrolling=\"no\"><span data-mce-type=\"bookmark\" style=\"display: inline-block; width: 0px; overflow: hidden; line-height: 0;\" class=\"mce_SELRES_end\">\ufeff<\/span><\/iframe><\/div>\n<p id=\"m378-3-379\" style=\"text-align: justify;\"><span style=\"font-family: arial, helvetica, sans-serif; font-size: 14pt;\">Insiste en que esto no tiene\u00a0<b>\u00abnada que ver con una operaci\u00f3n pol\u00edtica\u00bb<\/b>: \u00abSoy un funcionario que est\u00e1 cumpliendo con su obligaci\u00f3n\u00bb.<\/span><\/p>\n<h2 id=\"m383-4-384\" class=\"highlighted\" style=\"text-align: justify;\"><span style=\"font-family: arial, helvetica, sans-serif; font-size: 14pt;\">Estudia acciones legales<\/span><\/h2>\n<p id=\"m388-5-389\" style=\"text-align: justify;\"><span style=\"font-family: arial, helvetica, sans-serif; font-size: 14pt;\">El profesor ha explicado que hoy se ver\u00e1 con sus abogados para decidir si emprende acciones judiciales contra el diario\u00a0<i><a href=\"http:\/\/www.elmundo.es\/cronica\/2018\/04\/08\/5ac8ec90e5fdeab64b8b457e.html\" target=\"_blank\" rel=\"noopener noreferrer\">El Mundo<\/a><\/i>\u00a0y el periodista que firma la informaci\u00f3n publicada este domingo, titulada \u00abUn militante del PSOE resentido con el PP destap\u00f3 el &#8216;caso Cifuentes'\u00bb.<\/span><\/p>\n<p id=\"m393-6-394\" style=\"text-align: justify;\"><span style=\"font-family: arial, helvetica, sans-serif; font-size: 14pt;\">Perell\u00f3 dice que accedi\u00f3 a hablar en conversaci\u00f3n privada con el periodista, pero\u00a0<b>nunca a una entrevista<\/b>\u00a0y que sus declaraciones se han publicado sin su autorizaci\u00f3n.<\/span><\/p>\n<p id=\"m398-7-399\" style=\"text-align: justify;\"><span style=\"font-family: arial, helvetica, sans-serif; font-size: 14pt;\">Tambi\u00e9n estudia Perell\u00f3 emprender acciones contra\u00a0<a href=\"http:\/\/www.publico.es\/politica\/pp-pide-colaboracion-twitter-hacerles-llegar-pista-esclarecer-montaje-cifuentes.html\" target=\"_blank\" rel=\"noopener noreferrer\">aquellos del PP que le est\u00e1n difamando<\/a>\u00a0y no descarta, si lo citan, acudir a la posible comisi\u00f3n de investigaci\u00f3n de la Asamblea que Ciudadanos quiere poner en marcha.<\/span><\/p>\n<p id=\"m403-8-404\" style=\"text-align: justify;\"><span style=\"font-family: arial, helvetica, sans-serif; font-size: 14pt;\">Durante la convenci\u00f3n del PP en Sevilla, el portavoz del Gobierno de Madrid, \u00c1ngel Garrido, anunci\u00f3 ayer que pedir\u00e1n explicaciones al PSOE por\u00a0<b><a href=\"http:\/\/www.publico.es\/politica\/pp-pide-colaboracion-twitter-hacerles-llegar-pista-esclarecer-montaje-cifuentes.html\" target=\"_blank\" rel=\"noopener noreferrer\">la \u00abtrama delictiva\u00bb que ha \u00aburdido\u00bb<\/a><\/b>\u00a0un militante socialista contra Cifuentes con las informaciones sobre su m\u00e1ster.<\/span><\/p>\n<\/div>\n<p><a href=\"https:\/\/puntocritico.com\/ausajpuntocritico\/wp-content\/uploads\/2018\/03\/Mosca_Punto_Cr\u00edtico_40.png\" rel=\"lightbox[10860]\"><img loading=\"lazy\" decoding=\"async\" class=\"aligncenter size-full wp-image-9528\" src=\"https:\/\/puntocritico.com\/ausajpuntocritico\/wp-content\/uploads\/2018\/03\/Mosca_Punto_Cr\u00edtico_40.png\" alt=\"\" width=\"50\" height=\"50\" \/><\/a><\/p>\n<h1 style=\"text-align: center;\"><a id=\"ref10\"><\/a><a href=\"#ref10a\">[10]<\/a> Ciudadanos ya le saca casi un mill\u00f3n de votos y 9 esca\u00f1os de ventaja a un PP en ca\u00edda libre<\/h1>\n<p><span style=\"font-size: 14pt;\">Por\u00a0CARLOS ENRIQUE BAYO<\/span><\/p>\n<div><span style=\"color: #339966;\">Art\u00edculo publicado el 8 de abril de 2018 en<\/span><\/div>\n<div><span style=\"color: #339966;\"><a style=\"color: #339966;\" href=\"http:\/\/www.publico.es\/politica\/sondeos-electorales-ciudadanos-le-saca-millon-votos-9-escanos-ventaja-pp-caida-libre.html\" target=\"_blank\" rel=\"noopener\">http:\/\/www.publico.es\/politica\/sondeos-electorales-ciudadanos-le-saca-millon-votos-9-escanos-ventaja-pp-caida-libre.html<\/a><\/span><\/div>\n<div>\u00a0<\/div>\n<div>\u00a0<\/div>\n<figure id=\"attachment_10890\" aria-describedby=\"caption-attachment-10890\" style=\"width: 660px\" class=\"wp-caption aligncenter\"><a href=\"https:\/\/puntocritico.com\/ausajpuntocritico\/wp-content\/uploads\/2018\/04\/5ac7a597122c1.jpg\" rel=\"lightbox[10860]\"><img loading=\"lazy\" decoding=\"async\" class=\"wp-image-10890 size-full\" src=\"https:\/\/puntocritico.com\/ausajpuntocritico\/wp-content\/uploads\/2018\/04\/5ac7a597122c1.jpg\" alt=\"\" width=\"660\" height=\"340\" srcset=\"https:\/\/puntocritico.com\/ausajpuntocritico\/wp-content\/uploads\/2018\/04\/5ac7a597122c1.jpg 660w, https:\/\/puntocritico.com\/ausajpuntocritico\/wp-content\/uploads\/2018\/04\/5ac7a597122c1-300x155.jpg 300w\" sizes=\"auto, (max-width: 660px) 100vw, 660px\" \/><\/a><figcaption id=\"caption-attachment-10890\" class=\"wp-caption-text\"><span style=\"font-size: 10pt; color: #339966;\"><strong>Reparto de esca\u00f1os en el Congreso de los Diputados, seg\u00fan las estimaciones de JM&amp;A para abril de 2018.<\/strong><\/span><\/figcaption><\/figure>\n<blockquote>\n<p id=\"m378-377-379\" style=\"text-align: justify;\"><span style=\"font-size: 14pt; font-family: arial, helvetica, sans-serif;\">Las convulsiones pol\u00edticas y los grandes esc\u00e1ndalos relacionados con el Partido Popular \u2013de Catalunya a Cifuentes, pasando por G\u00fcrtel\u2013 tienen un impacto decisivo sobre la aritm\u00e9tica electoral, que apunta a un fen\u00f3meno in\u00e9dito en Espa\u00f1a: cuatro formaciones situadas en &#8216;fila india&#8217; entre los 60 y los 100 esca\u00f1os. Ciudadanos ya supera al PP en cuatro puntos y tambi\u00e9n lo adelanta por vez primera en n\u00famero de diputados, seg\u00fan las estimaciones de Jaime Miquel para &#8216;P\u00fablico&#8217;.<\/span><\/p>\n<\/blockquote>\n<p style=\"text-align: justify;\"><span style=\"font-size: 14pt; font-family: arial, helvetica, sans-serif;\">Ya no hay vuelta de hoja: el Partido Popular se desploma, incapaz de sobreponerse a su cascada de esc\u00e1ndalos y fracasos, entregando el liderazgo electoral de la derecha a un Ciudadanos que capitaliza las carencias del PP pese a no demostrar muchas m\u00e1s virtudes. El panorama pol\u00edtico espa\u00f1ol est\u00e1 a punto de cambiar para siempre.<\/span><\/p>\n<p id=\"m383-1-384\" style=\"text-align: justify;\"><span style=\"font-size: 14pt; font-family: arial, helvetica, sans-serif;\">Si en este momento se celebrasen unas elecciones generales, la formaci\u00f3n de Albert Rivera aventajar\u00eda a la de Mariano Rajoy en casi un mill\u00f3n de votos y\u00a0<b>\u2013pese al injusto sistema electoral impuesto tras la muerte del dictador\u2013 por vez primera batir\u00eda tambi\u00e9n en esca\u00f1os al hasta ahora partido hegem\u00f3nico de la derecha<\/b>, seg\u00fan las estimaciones del\u00a0gabinete demosc\u00f3pico de Jaime Miquel y Asociados (JM&amp;A)\u00a0\u2013basadas en el\u00a0<i>desk research<\/i>\u00a0de los m\u00e1s importantes sondeos recientes, incluido el del Centro de Investigaciones Sociol\u00f3gicas (CIS)\u2013 para el Observatorio Continuo de\u00a0<i>P\u00fablico<\/i>.<\/span><\/p>\n<p id=\"m388-2-389\" style=\"text-align: justify;\"><span style=\"font-size: 14pt; font-family: arial, helvetica, sans-serif;\">La ca\u00edda libre del PP parece no tener fondo, y ahora\u00a0<b>C&#8217;s no s\u00f3lo obtendr\u00eda nueve diputados m\u00e1s (bati\u00e9ndolo por 97 a 88 esca\u00f1os), sino que le arrebatar\u00eda dos millones de sus fieles votantes&#8230; igual que le quitar\u00eda tres cuartos de mill\u00f3n de votos al PSOE.<\/b><\/span><\/p>\n<p id=\"m393-3-394\" style=\"text-align: justify;\"><span style=\"font-size: 14pt; font-family: arial, helvetica, sans-serif;\">El fenomenal ascenso de Ciudadanos en los sondeos podr\u00eda ser un espejismo, pero\u00a0<b>la unanimidad de todos los estudios demosc\u00f3picos, durante los \u00faltimos meses, sobre el descenso en picado del partido en el poder,<\/b>\u00a0a causa de un trasvase masivo de votantes hacia su nuevo rival derechista, augura una debacle de las huestes de Rajoy en beneficio de los seguidores de Albert Rivera.<\/span><\/p>\n<h2 id=\"m398-4-399\" class=\"highlighted\" style=\"text-align: justify;\"><span style=\"font-size: 14pt; font-family: arial, helvetica, sans-serif;\">C&#8217;s ganar\u00eda hoy 65 esca\u00f1os y el PP perder\u00eda 49<\/span><\/h2>\n<p id=\"m403-5-404\" style=\"text-align: justify;\"><span style=\"font-size: 14pt; font-family: arial, helvetica, sans-serif;\">Tan espectacular es el crecimiento de C&#8217;s que JM&amp;A prev\u00e9 que obtendr\u00eda hoy un in\u00e9dito aumento de 65 esca\u00f1os \u2013hasta rozar el centenar\u2013, a costa de la dr\u00e1stica reducci\u00f3n de los diputados del PP (-49) y de otros 20 parlamentarios que ganar\u00eda al PSOE (-8) y a Unidos Podemos (-12), como se puede apreciar en la siguiente\u00a0<b>tabla completa de las estimaciones de Jaime Miquel<\/b>:<\/span><\/p>\n<div id=\"m413-7-414\" class=\"captioned-image image-article article-multimedia-info\" style=\"text-align: justify;\">\n<div class=\"description-image\"><span style=\"font-size: 14pt; font-family: arial, helvetica, sans-serif;\">\u00a0<\/span><\/div>\n<div class=\"image\">\n<div id=\"m417-416-418\" class=\"image\">\n<figure id=\"attachment_10891\" aria-describedby=\"caption-attachment-10891\" style=\"width: 660px\" class=\"wp-caption aligncenter\"><a href=\"https:\/\/puntocritico.com\/ausajpuntocritico\/wp-content\/uploads\/2018\/04\/5ac3c0155caaf.jpg\" rel=\"lightbox[10860]\"><img loading=\"lazy\" decoding=\"async\" class=\"wp-image-10891 size-full\" src=\"https:\/\/puntocritico.com\/ausajpuntocritico\/wp-content\/uploads\/2018\/04\/5ac3c0155caaf.jpg\" alt=\"\" width=\"660\" height=\"340\" srcset=\"https:\/\/puntocritico.com\/ausajpuntocritico\/wp-content\/uploads\/2018\/04\/5ac3c0155caaf.jpg 660w, https:\/\/puntocritico.com\/ausajpuntocritico\/wp-content\/uploads\/2018\/04\/5ac3c0155caaf-300x155.jpg 300w\" sizes=\"auto, (max-width: 660px) 100vw, 660px\" \/><\/a><figcaption id=\"caption-attachment-10891\" class=\"wp-caption-text\"><strong><span style=\"font-size: 10pt; color: #339966;\">Tabla completa de estimaciones de JM&amp;A para unas elecciones generales , comparadas con los resultados de 2016.<\/span><\/strong><\/figcaption><\/figure><br \/>\n<\/p>\n<div class=\"kalooga_SVG kalooga_richbutton\">\n<div class=\"kalooga_post\"><span style=\"font-size: 14pt; font-family: arial, helvetica, sans-serif;\">\u00a0<\/span><span style=\"font-family: arial, helvetica, sans-serif; font-size: 14pt;\">\u00abEstamos dando nuestras posiciones electorales actualizadas ahora que se est\u00e1 realizando el trabajo de campo del bar\u00f3metro de abril del CIS [Centro de Investigaciones Sociol\u00f3gicas del Gobierno] para as\u00ed poder comparar ambas estimaciones\u00bb cuando el CIS anuncie sus resultados, explica Jaime Miquel.<\/span><\/div>\n<\/div>\n<\/div>\n<\/div>\n<\/div>\n<p id=\"m435-9-436\" style=\"text-align: justify;\"><span style=\"font-size: 14pt; font-family: arial, helvetica, sans-serif;\">\u00abDadas las caracter\u00edsticas de la LOREG [Ley Org\u00e1nica del R\u00e9gimen Electoral General] y de la distribuci\u00f3n de los apoyos populares de los partidos,\u00a0<b>Ciudadanos necesita casi tres puntos de votos v\u00e1lidos de ventaja sobre el PP para empatar en esca\u00f1os<\/b>\u00ab, detalla Miquel. \u00abLa misma ventaja que necesitan Unidos Podemos y sus\u00a0 confluencias para empatar con el PSOE\u00bb.<\/span><\/p>\n<p id=\"m440-10-441\" style=\"text-align: justify;\"><span style=\"font-size: 14pt; font-family: arial, helvetica, sans-serif;\">As\u00ed que lo que se producir\u00eda si hoy se celebrasen elecciones generales ser\u00eda una divisi\u00f3n de los votantes entre cuatro opciones: \u00ab<b>Se trata de una aritm\u00e9tica electoral in\u00e9dita en Espa\u00f1a<\/b>, con cuatro candidaturas en fila india entre sesenta y cien esca\u00f1os\u00bb, afirma el analista electoral de\u00a0<i>P\u00fablico<\/i>.<\/span><\/p>\n<p style=\"text-align: justify;\"><span style=\"font-size: 14pt; font-family: arial, helvetica, sans-serif;\">\u00abLo que sucumbe ahora es una cultura pol\u00edtica autoritaria e irreflexiva que es postfranquista\u00bb, afirma Miquel<\/span><\/p>\n<p id=\"m450-12-451\" style=\"text-align: justify;\"><span style=\"font-size: 14pt; font-family: arial, helvetica, sans-serif;\">Por tanto, el fin del bipartidismo est\u00e1 m\u00e1s que garantizado, pero no hay que lamentarlo en demas\u00eda, seg\u00fan Miquel: \u00abLo que sucumbe es una cultura pol\u00edtica autoritaria e irreflexiva que llamamos postfranquista. Y el PSOE est\u00e1 atenazado por el mismo problema: o aterrizan ahora donde despegaron, que es en la comprensi\u00f3n plurinacional de Espa\u00f1a y en la moci\u00f3n de censura a Rajoy, al lado de Podemos para hablar con ERC y los dem\u00e1s \u2013cosa que no creo que vayan a hacer\u2013 o lo har\u00e1n en las pr\u00f3ximas generales con\u00a0<b>un hundimiento como los del PASOK griego, del PS franc\u00e9s o del Partido Democr\u00e1tico italiano de Renzi<\/b>\u00ab.<\/span><\/p>\n<p id=\"m455-13-456\" style=\"text-align: justify;\"><span style=\"font-size: 14pt; font-family: arial, helvetica, sans-serif;\">Ante este panorama, la ca\u00edda prevista de 2,3 puntos del PSOE e incluso la de 3 puntos justos de Unidos Podemos parecen una minucia, ya que la catarata de votantes derechistas que fluye a borbotones desde el PP hasta C&#8217;s hace palidecer cualquier otro flujo electoral de cara a las pr\u00f3ximas elecciones generales.<\/span><\/p>\n<p style=\"text-align: center;\"><a class=\"chart-viewer-title\" href=\"http:\/\/www.porcentual.es\/\" target=\"_blank\" rel=\"noopener noreferrer\"><span class=\"ng-binding\">Esca\u00f1os por comunidades aut\u00f3nomas (JM&amp;A &#8211; Abril 2018)<\/span><\/a><a href=\"https:\/\/puntocritico.com\/ausajpuntocritico\/wp-content\/uploads\/2018\/04\/Esca\u00f1os-por-comunidades-aut\u00f3nomas.jpg\" rel=\"lightbox[10860]\"><img loading=\"lazy\" decoding=\"async\" class=\"aligncenter size-full wp-image-10892\" src=\"https:\/\/puntocritico.com\/ausajpuntocritico\/wp-content\/uploads\/2018\/04\/Esca\u00f1os-por-comunidades-aut\u00f3nomas.jpg\" alt=\"\" width=\"446\" height=\"365\" srcset=\"https:\/\/puntocritico.com\/ausajpuntocritico\/wp-content\/uploads\/2018\/04\/Esca\u00f1os-por-comunidades-aut\u00f3nomas.jpg 446w, https:\/\/puntocritico.com\/ausajpuntocritico\/wp-content\/uploads\/2018\/04\/Esca\u00f1os-por-comunidades-aut\u00f3nomas-300x246.jpg 300w\" sizes=\"auto, (max-width: 446px) 100vw, 446px\" \/><\/a><\/p>\n<p style=\"text-align: justify;\"><span style=\"font-size: 14pt; font-family: arial, helvetica, sans-serif;\">En cuanto al factor territorial, en este gr\u00e1fico interactivo (pasando el cursor sobre las barras se visualizan los datos parciales) se aprecian claramente las comunidades que dan el vuelco electoral decisivo para el hundimiento del PP en toda Espa\u00f1a:\u00a0<b>C&#8217;s gana 11 esca\u00f1os en Andaluc\u00eda, 8 en Castilla y Le\u00f3n, 7 Castilla-La Mancha y Madrid; y 6 en Val\u00e8ncia y Catalunya<\/b>&#8230; la gran mayor\u00eda arrebat\u00e1ndoselos a los\u00a0<i>populares<\/i>.<\/span><\/p>\n<h2 id=\"m470-16-471\" class=\"highlighted\" style=\"text-align: justify;\"><span style=\"font-size: 14pt; font-family: arial, helvetica, sans-serif;\">El ascenso mete\u00f3rico de C&#8217;s no tiene precedentes<\/span><\/h2>\n<p id=\"m475-17-476\" style=\"text-align: justify;\"><span style=\"font-size: 14pt; font-family: arial, helvetica, sans-serif;\">Y ese ascenso mete\u00f3rico de Ciudadanos no tiene precedentes en la mayor parte de las comunidades: salta de 0 a 7 diputados en la comunidad manchega; de uno a 9 en Castilla la Vieja; de 7 a 18 en Andaluc\u00eda, de 6 a 13 en Madrid, de 5 a 11 en Val\u00e8ncia y de 0 a 4 en Galicia.\u00a0<b>Un despegue que roza lo inveros\u00edmil y que, de producirse, puede llegar a sentenciar la muerte del partido que hoy gobierna.<\/b><\/span><\/p>\n<p id=\"m480-18-481\" style=\"text-align: justify;\"><span style=\"font-size: 14pt; font-family: arial, helvetica, sans-serif;\">\u00abLo que se destruye son expresiones pol\u00edticas con las que convivimos que son imposibles en la Uni\u00f3n Europea del siglo XXI, como las banderas a media asta por Jes\u00fas de Nazaret o el\u00a0<i>somos novios de la muerte<\/i>\u00a0del Gobierno\u00bb, opina Jaime Miquel.<\/span><\/p>\n<p id=\"m485-19-486\" style=\"text-align: justify;\"><span style=\"font-size: 14pt; font-family: arial, helvetica, sans-serif;\"><b>El Partido Popular ha entrado en un torbellino autodestructivo, con la corrupci\u00f3n y Catalunya como ejes de su naufragio<\/b>, que se acelera con su empe\u00f1o en mantener posiciones insostenibles, como el falso m\u00e1ster de Cifuentes.<\/span><\/p>\n<p id=\"m490-20-491\" style=\"text-align: justify;\"><span style=\"font-size: 14pt; font-family: arial, helvetica, sans-serif;\">Si Rajoy logra resistir hasta el final de la legislatura, podr\u00eda ser no s\u00f3lo su \u00faltimo mandato de gobierno sino tambi\u00e9n el \u00faltimo del PP.<\/span><\/p>\n<p style=\"text-align: justify;\"><a href=\"https:\/\/puntocritico.com\/ausajpuntocritico\/wp-content\/uploads\/2018\/03\/Mosca_Punto_Cr\u00edtico_40.png\" rel=\"lightbox[10860]\"><img loading=\"lazy\" decoding=\"async\" class=\"aligncenter size-full wp-image-9528\" src=\"https:\/\/puntocritico.com\/ausajpuntocritico\/wp-content\/uploads\/2018\/03\/Mosca_Punto_Cr\u00edtico_40.png\" alt=\"\" width=\"50\" height=\"50\" \/><\/a><\/p>\n<h1 class=\"entry-title\" style=\"text-align: center;\"><a id=\"ref11\"><\/a><a href=\"#ref11a\">[11]<\/a> Cobardes de silencio c\u00f3mplice<\/h1>\n<div class=\"author-content\">\n<p class=\"author\"><span style=\"font-size: 14pt;\">Por David Bollero<\/span><\/p>\n<\/div>\n<div><span style=\"color: #339966;\">Art\u00edculo publicado el 9 de abril de 2018 en<\/span><\/div>\n<div><span style=\"color: #339966;\">\u00a0<a style=\"color: #339966;\" href=\"http:\/\/blogs.publico.es\/david-bollero\/2018\/04\/09\/cobardes-de-silencio-complice\/\" target=\"_blank\" rel=\"noopener\">http:\/\/blogs.publico.es\/david-bollero\/2018\/04\/09\/cobardes-de-silencio-complice\/<\/a><\/span><\/div>\n<div>\u00a0<\/div>\n<p style=\"text-align: justify;\"><span style=\"font-size: 14pt; font-family: arial, helvetica, sans-serif;\">Tenemos lo que nos merecemos.\u00a0<strong>Espa\u00f1a es un pa\u00eds corrupto, empobrecido porque quienes pasan por el poder nos roban compinchados con el empresariado<\/strong>. Entremedias, un lista de personas beneficiadas en menor cuant\u00eda o, simplemente,\u00a0<strong>conocedoras de los hechos que guardan silencio. Cobardes<\/strong>.<\/span><\/p>\n<p style=\"text-align: justify;\"><span style=\"font-size: 14pt; font-family: arial, helvetica, sans-serif;\">No es la primera vez que escribo en este blog acerca de la corrupci\u00f3n, llamando la atenci\u00f3n sobre el hecho de que para que \u00e9sta se produzca, al menos tienen que existir dos polos: por llamarlos de alg\u00fan modo, corruptor\/a y corrompido\/a.\u00a0 Sin embargo, en la mayor\u00eda de los casos,\u00a0<strong>la onda expansiva de la corrupci\u00f3n alcanza a m\u00e1s personas<\/strong>, bien porque se es eslab\u00f3n necesario de la cadena de acciones para culminar el delito o porque, de alg\u00fan modo, termina beneficiando a su bolsillo.<\/span><\/p>\n<p style=\"text-align: justify;\"><span style=\"font-size: 14pt; font-family: arial, helvetica, sans-serif;\"><strong>La mayor parte de las tramas de corrupci\u00f3n investigadas o ya judicializadas han salido a la luz porque alguno de estos eslabones se rompe y tira de la manta<\/strong>. Incluso en el caso del m\u00e1ster de Cifuentes, han aparecido diversos eslabones -aunque la mayor parte de ellos, despu\u00e9s de que las informaciones de\u00a0<em>eldiario.es<\/em>\u00a0evidenciaran su complicidad si no se desmarcaban.<\/span><\/p>\n<p style=\"text-align: justify;\"><span style=\"font-size: 14pt; font-family: arial, helvetica, sans-serif;\">Tambi\u00e9n en diversas ocasiones, me he referido en este espacio a\u00a0<strong>Rinc\u00f3n de la Victoria (M\u00e1laga)<\/strong>, porque\u00a0<strong>desde el punto de vista pol\u00edtico, econ\u00f3mico y social sirve para ilustrar muchos de los fen\u00f3menos que se dan en el resto de Espa\u00f1a<\/strong>: la imposici\u00f3n del nacionalcatolicismo, el fascismo latente en ciertos c\u00edrculos, la explotaci\u00f3n econom\u00eda surmegida por parte de la hosteler\u00eda, la crisis interna de Ciudadanos, el ladrillazo, los desencuentros de la izquierda\u2026 Y tambi\u00e9n, la cobard\u00eda.<\/span><\/p>\n<p style=\"text-align: justify;\"><span style=\"font-size: 14pt; font-family: arial, helvetica, sans-serif;\">Todas aquellas personas que me llaman o escriben (y no son pocas), denunciando supuestas corrupciones por parte de algunos pol\u00edticos y empresarios, lanzando la piedra y escondiendo la mano, son cobardes. Cuando se lo recrimino, me espetan\u00a0<em>\u201ces que yo vivo aqu\u00ed\u201d<\/em>. Claro\u2026 y yo.\u00a0<strong>Son tantas las personas que dicen conocer desde hace muchos a\u00f1os la corrupci\u00f3n, que sorprende que nadie haya puesto en marcha el ventilador<\/strong>\u00a0con el fin de acabar con esta situaci\u00f3n que ha llevado a las arcas municipales a una deuda que impide cumplir con los servicios p\u00fablicos que se presuponen a un Ayuntamiento.<\/span><\/p>\n<p style=\"text-align: justify;\"><span style=\"font-size: 14pt; font-family: arial, helvetica, sans-serif;\"><strong>Pueden intentar buscar excusas o pretextos para justificar ese silencio c\u00f3mplice pero, por muchas vueltas que le den, son cobardes.<\/strong>Incluso el miedo a las represalias por parte de pol\u00edticos y empresarios -que estoy convencido que las hay- no deber\u00edan poder con la verdad, con que\u00a0<strong>todas esas personas sacaran a la luz hechos conocidos que enriquecen a unos pocos y empobrecen al resto<\/strong>. No es el caso y, como sucede en Rinc\u00f3n de la Victoria, en Espa\u00f1a se replica la falta de valor, trasladando la prueba irrefutable de la cobard\u00eda y la complicidad en los resultados electorales: por m\u00e1s corrupci\u00f3n probada y condenada, miren qui\u00e9nes nos gobiernan.<\/span><\/p>\n<p><a href=\"https:\/\/puntocritico.com\/ausajpuntocritico\/wp-content\/uploads\/2018\/03\/Mosca_Punto_Cr\u00edtico_40.png\" rel=\"lightbox[10860]\"><img loading=\"lazy\" decoding=\"async\" class=\"aligncenter size-full wp-image-9528\" src=\"https:\/\/puntocritico.com\/ausajpuntocritico\/wp-content\/uploads\/2018\/03\/Mosca_Punto_Cr\u00edtico_40.png\" alt=\"\" width=\"50\" height=\"50\" \/><\/a><\/p>\n<h1 class=\"js-headline\" style=\"text-align: center;\"><a id=\"ref12\"><\/a><a href=\"#ref12a\">[12]<\/a> El Rey apoya en Barcelona a los jueces como \u00abgarant\u00eda de los derechos y el respeto a la ley\u00bb<\/h1>\n<p><span style=\"font-size: 14pt;\">Por\u00a0German Gonzalez\u00a0<\/span><\/p>\n<div><span style=\"color: #008000;\">Art\u00edculo publicado el 9 de abril de 2018 en<\/span><\/div>\n<div><a href=\"http:\/\/www.elmundo.es\/cataluna\/2018\/04\/09\/5acb44f3468aeb08168b4578.html\" target=\"_blank\" rel=\"noopener\">http:\/\/www.elmundo.es\/cataluna\/2018\/04\/09\/5acb44f3468aeb08168b4578.htm<\/a><\/div>\n<div>\u00a0<\/div>\n<figure class=\"multimedia-item video\">\n<figure id=\"attachment_10893\" aria-describedby=\"caption-attachment-10893\" style=\"width: 724px\" class=\"wp-caption aligncenter\"><a href=\"https:\/\/puntocritico.com\/ausajpuntocritico\/wp-content\/uploads\/2018\/04\/407.jpg\" rel=\"lightbox[10860]\"><img loading=\"lazy\" decoding=\"async\" class=\"wp-image-10893 size-full\" src=\"https:\/\/puntocritico.com\/ausajpuntocritico\/wp-content\/uploads\/2018\/04\/407.jpg\" alt=\"\" width=\"724\" height=\"407\" srcset=\"https:\/\/puntocritico.com\/ausajpuntocritico\/wp-content\/uploads\/2018\/04\/407.jpg 724w, https:\/\/puntocritico.com\/ausajpuntocritico\/wp-content\/uploads\/2018\/04\/407-300x169.jpg 300w, https:\/\/puntocritico.com\/ausajpuntocritico\/wp-content\/uploads\/2018\/04\/407-678x381.jpg 678w\" sizes=\"auto, (max-width: 724px) 100vw, 724px\" \/><\/a><figcaption id=\"caption-attachment-10893\" class=\"wp-caption-text\"><span style=\"font-size: 10pt; color: #339966;\"><strong>200 estudiantes tratan de boicotear el acto del Rey con los nuevos jueces en Barcelona EL MUNDO<\/strong><\/span><\/figcaption><\/figure><figcaption class=\"caption\"><\/figcaption><\/figure>\n<div class=\"subtitle-items\" style=\"text-align: justify;\">\n<blockquote>\n<p class=\"summary-lead\" style=\"text-align: justify;\"><span style=\"font-size: 14pt; font-family: arial, helvetica, sans-serif;\">Lesmes recuerda que los jueces defienden el \u00abEstado de Derecho ante cualquier pretensi\u00f3n de menoscabo\u00bb<\/span><\/p>\n<\/blockquote>\n<\/div>\n<p style=\"text-align: justify;\"><span style=\"font-size: 14pt; font-family: arial, helvetica, sans-serif;\">La tradicional entrega de despachos de la Escuela Judicial de Barcelona, presidida por el rey Felipe VI, se ha convertido en una reivindicaci\u00f3n de trabajo de jueces y magistrados. En su intervenci\u00f3n, el Rey detall\u00f3 que el juez que forma la Escuela Judicial \u00abes el que recoge expresamente la Constituci\u00f3n: independiente, inamovible, responsable, sometido \u00fanicamente al imperio de la ley\u00bb. Adem\u00e1s, indic\u00f3 que son profesionales \u00abcomprometidos con los derechos e intereses de las personas, en especial los derechos fundamentales y libertades p\u00fablicas, garante de la legalidad de la acci\u00f3n de los poderes p\u00fablicos. Un juez imbuido de los valores constitucionales que presiden nuestro ordenamiento jur\u00eddico\u00bb.<\/span><\/p>\n<figure class=\"multimedia-item\" style=\"text-align: justify;\"><a href=\"https:\/\/puntocritico.com\/ausajpuntocritico\/wp-content\/uploads\/2018\/04\/15232759759318.jpg\" rel=\"lightbox[10860]\"><img loading=\"lazy\" decoding=\"async\" class=\"aligncenter size-full wp-image-10894\" src=\"https:\/\/puntocritico.com\/ausajpuntocritico\/wp-content\/uploads\/2018\/04\/15232759759318.jpg\" alt=\"\" width=\"660\" height=\"439\" srcset=\"https:\/\/puntocritico.com\/ausajpuntocritico\/wp-content\/uploads\/2018\/04\/15232759759318.jpg 660w, https:\/\/puntocritico.com\/ausajpuntocritico\/wp-content\/uploads\/2018\/04\/15232759759318-300x200.jpg 300w\" sizes=\"auto, (max-width: 660px) 100vw, 660px\" \/><\/a><\/figure>\n<p style=\"text-align: justify;\"><span style=\"font-size: 14pt; font-family: arial, helvetica, sans-serif;\">El monarca record\u00f3 que Espa\u00f1a \u00abes un pa\u00eds moderno que se encuentra en continua evoluci\u00f3n econ\u00f3mica, social, cultural y t\u00e9cnica\u00bb por lo que se \u00abimpone cambios legislativos para ajustar la realidad a los progresos y transformaciones sociales\u00bb y pide a los nuevos jueces que actualicen sus \u00abconocimientos jur\u00eddicos\u00bb durante toda su carrera. El Rey reconoci\u00f3 las dificultades para ejercer la profesi\u00f3n: \u00ab<strong>la tarea de juzgar exige una gran preparaci\u00f3n t\u00e9cnica\u00a0<\/strong>y requiere, tambi\u00e9n, rectitud imparcialidad y un s\u00f3lido sentido de la Justicia\u00bb.<\/span><\/p>\n<p style=\"text-align: justify;\"><span style=\"font-size: 14pt; font-family: arial, helvetica, sans-serif;\">En su discurso, el presidente del Tribunal Supremo y del Consejo General del Poder Judicial,\u00a0<strong>Carlos Lesmes,<\/strong><strong>\u00a0remarc\u00f3 el \u00abcompromiso\u00bb de los nuevos jueces no s\u00f3lo con la ciudadan\u00eda, sino tambi\u00e9n con el resto de la \u00abcarrera judicial\u00bb<\/strong>\u00a0ya que \u00abvuestros compa\u00f1eros est\u00e1n respondiendo con la necesaria firmeza a los desaf\u00edos que se nos est\u00e1n presentando en unos momentos especialmente convulsos y complicados\u00bb.<\/span><\/p>\n<p style=\"text-align: justify;\"><span style=\"font-size: 14pt; font-family: arial, helvetica, sans-serif;\">Por eso, Lesmes record\u00f3 en Barcelona que \u00ablos jueces y magistrados, desde el m\u00e1s firme respeto a la legalidad, est\u00e1n defendiendo el Estado de Derecho ante cualquier pretensi\u00f3n de menoscabo\u00bb y detall\u00f3 que es \u00abnuestra misi\u00f3n y ese es el compromiso\u00bb de los nuevos profesionales de la magistratura. El presidente del Supremo tambi\u00e9n asegur\u00f3 que son<strong>\u00a0\u00abpieza fundamental para garantizar la paz social y la seguridad jur\u00eddica\u00bb.<\/strong><\/span><\/p>\n<p style=\"text-align: justify;\"><span style=\"font-size: 14pt; font-family: arial, helvetica, sans-serif;\">Tambi\u00e9n intervino en el acto la directora de la Escuela Judicial, Gema Espinosa, quien record\u00f3 que la independencia judicial es \u00abun derecho de los ciudadanos y no un privilegio personal del juez\u00bb. Adem\u00e1s, remarc\u00f3 que \u00abun juez debe ser independiente no s\u00f3lo respecto a factores externos o a otros poderes del Estado, sino incluso frente a sus propias convicciones y experiencias personales\u00bb.<\/span><\/p>\n<h3 class=\"subhead\" style=\"text-align: justify;\"><span style=\"font-size: 14pt; font-family: arial, helvetica, sans-serif;\">M\u00e1s jueces en Catalu\u00f1a<\/span><\/h3>\n<p style=\"text-align: justify;\"><span style=\"font-size: 14pt; font-family: arial, helvetica, sans-serif;\">65 jueces forman la promoci\u00f3n n\u00famero 67 de la Escuela Judicial. Andaluc\u00eda es la Comunidad Aut\u00f3noma que m\u00e1s jueces aporta (13), seguida por Castilla y Le\u00f3n (11) y Catalu\u00f1a, Galicia y Madrid (6 cada una). La media de edad al ingresar en la Escuela Judicial en 2016 era de 28 a\u00f1os, aunque los cuatro alumnos m\u00e1s j\u00f3venes ten\u00edan entonces 24 y los tres m\u00e1s veteranos pasaban de los 40, informa el CGPJ. Adem\u00e1s, detallan que el<strong>\u00a095,4 por ciento de los nuevos jueces cont\u00f3 con el apoyo econ\u00f3mico de sus padres<\/strong>\u00a0durante la preparaci\u00f3n de la oposici\u00f3n, y solo el 4,6 por ciento disfrut\u00f3 de una beca.<\/span><\/p>\n<p style=\"text-align: justify;\"><span style=\"font-size: 14pt; font-family: arial, helvetica, sans-serif;\">El 70,8 por ciento de los miembros de la nueva promoci\u00f3n no tiene en su familia a nadie que ejerza una profesi\u00f3n en el sector jur\u00eddico. En los casos en los que s\u00ed existe esa relaci\u00f3n, solo cuatro alumnos ten\u00edan como familiar a un juez. En la encuesta que cumplimentaron al ingresar en la Escuela Judicial, el \u00e1rea penal fue se\u00f1alada como la preferida para ejercer en el futuro por el 29,1 % de los miembros de la promoci\u00f3n, seguida por la civil (19,4 %) y la de familia (13,1 %).<\/span><\/p>\n<p style=\"text-align: justify;\"><span style=\"font-size: 14pt; font-family: arial, helvetica, sans-serif;\">Catalu\u00f1a es la Comunidad Aut\u00f3noma a la que ir\u00e1n destinados m\u00e1s miembros de la promoci\u00f3n, ya que contar\u00e1 con un total de 17 de nuevos jueces. Le siguen Andaluc\u00eda, con once; y Canarias y la Comunidad Valenciana, con seis cada una. De los 65 miembros de la nueva promoci\u00f3n, 37 comenzar\u00e1n a ejercer la jurisdicci\u00f3n como titulares de Juzgados de Primera Instancia e Instrucci\u00f3n. Otros dos ocupar\u00e1n plazas de juez de adscripci\u00f3n territorial, mientras que los 26 restantes quedar\u00e1n a disposici\u00f3n del presidente del Tribunal Superior de Justicia al que vayan destinados, ante la inexistencia en este momento de plazas vacantes de titulares de \u00f3rganos judiciales.<\/span><\/p>\n<h3 class=\"subhead\" style=\"text-align: justify;\"><span style=\"font-size: 14pt; font-family: arial, helvetica, sans-serif;\">Presencia de Llarena<\/span><\/h3>\n<p style=\"text-align: justify;\"><span style=\"font-size: 14pt; font-family: arial, helvetica, sans-serif;\">El magistrado del Tribunal Supremo, Pablo Llarena, fue la persona m\u00e1s saludada en los momentos previos al acto. Llarena,\u00a0<strong>esposo de la directora de la Escuela Judicial<\/strong>\u00a0y ex presidente de la Audiencia de Barcelona, estuvo conversando con otros magistrados, vocales del CGPJ y representantes de los cuerpos policiales que acudieron al acto.<\/span><\/p>\n<h3 class=\"subhead\" style=\"text-align: justify;\"><span style=\"font-size: 14pt; font-family: arial, helvetica, sans-serif;\">El Rey almuerza con empresarios catalanes<\/span><\/h3>\n<p style=\"text-align: justify;\"><span style=\"font-size: 14pt; font-family: arial, helvetica, sans-serif;\">Felipe VI ha cerrado hoy su visita a Barcelona con un almuerzo privado con directivos catalanes de grandes empresas, con los que ha intercambiado impresiones sobre la situaci\u00f3n en Catalu\u00f1a, han informado fuentes del Palacio de la Zarzuela.<\/span><\/p>\n<p style=\"text-align: justify;\"><span style=\"font-size: 14pt; font-family: arial, helvetica, sans-serif;\">El Rey ha mantenido este encuentro en el Palacete Alb\u00e9niz despu\u00e9s de participar con la c\u00fapula judicial en el acto de entrega de los despachos a los nuevos jueces en el Auditori de Barcelona.<\/span><\/p>\n<p style=\"text-align: justify;\"><span style=\"font-size: 14pt; font-family: arial, helvetica, sans-serif;\">Seg\u00fan las fuentes, en el almuerzo han participado \u00abun grupo destacado\u00bb de directivos catalanes. Entre ellos,\u00a0<strong>presidentes y responsables de grandes compa\u00f1\u00edas en Espa\u00f1a, alg\u00fan representante del empresariado catal\u00e1n y otras personalidades del \u00e1mbito econ\u00f3mico<\/strong>, todos ellos \u00abcon car\u00e1cter individual\u00bb.<\/span><\/p>\n<p style=\"text-align: justify;\"><span style=\"font-size: 14pt; font-family: arial, helvetica, sans-serif;\">Zarzuela no ha dado m\u00e1s detalles sobre los comensales, ni sobre lo tratado en el almuerzo al ser una cita privada.<\/span><\/p>\n<p style=\"text-align: justify;\"><span style=\"font-size: 14pt; font-family: arial, helvetica, sans-serif;\">La comida se ha celebrado en el Palacete Alb\u00e9niz, en la zona de Montju\u00efc, que ha sido durante las \u00faltimas d\u00e9cadas la residencia oficial de la familia real en sus estancias en Catalu\u00f1a y donde Felipe VI ha mantenido en otras ocasiones audiencias oficiales con diferentes colectivos.<\/span><\/p>\n<p><a href=\"https:\/\/puntocritico.com\/ausajpuntocritico\/wp-content\/uploads\/2018\/03\/Mosca_Punto_Cr\u00edtico_40.png\" rel=\"lightbox[10860]\"><img loading=\"lazy\" decoding=\"async\" class=\"aligncenter size-full wp-image-9528\" src=\"https:\/\/puntocritico.com\/ausajpuntocritico\/wp-content\/uploads\/2018\/03\/Mosca_Punto_Cr\u00edtico_40.png\" alt=\"\" width=\"50\" height=\"50\" \/><\/a><\/p>\n<h1 class=\"js-headline\" style=\"text-align: center;\"><a id=\"ref13\"><\/a><a href=\"#ref13a\">[13]<\/a> La hora de Gri\u00f1\u00e1n y Chaves al fin en el juicio de los ERE<\/h1>\n<p><span style=\"font-size: 14pt;\">Por Silvia Moreno<\/span><\/p>\n<div class=\"kicker\"><span style=\"color: #339966;\">Art\u00edculo publicado el 9 de abril de 2018 en<\/span><\/div>\n<div><a href=\"http:\/\/www.elmundo.es\/andalucia\/2018\/04\/02\/5ac1250ee2704e935a8b45fa.html\" target=\"_blank\" rel=\"noopener\"><span style=\"color: #339966;\">http:\/\/www.elmundo.es\/andalucia\/2018\/04\/02\/5ac1250ee2704e935a8b45fa.html<\/span><\/a><\/div>\n<div>\u00a0<\/div>\n<div>\u00a0<\/div>\n<div class=\"subtitle-items\">\n<figure id=\"attachment_10895\" aria-describedby=\"caption-attachment-10895\" style=\"width: 660px\" class=\"wp-caption aligncenter\"><a href=\"https:\/\/puntocritico.com\/ausajpuntocritico\/wp-content\/uploads\/2018\/04\/15226056259397.jpg\" rel=\"lightbox[10860]\"><img loading=\"lazy\" decoding=\"async\" class=\"wp-image-10895 size-full\" src=\"https:\/\/puntocritico.com\/ausajpuntocritico\/wp-content\/uploads\/2018\/04\/15226056259397.jpg\" alt=\"\" width=\"660\" height=\"472\" srcset=\"https:\/\/puntocritico.com\/ausajpuntocritico\/wp-content\/uploads\/2018\/04\/15226056259397.jpg 660w, https:\/\/puntocritico.com\/ausajpuntocritico\/wp-content\/uploads\/2018\/04\/15226056259397-300x215.jpg 300w\" sizes=\"auto, (max-width: 660px) 100vw, 660px\" \/><\/a><figcaption id=\"caption-attachment-10895\" class=\"wp-caption-text\"><span style=\"font-size: 10pt; color: #339966;\"><strong>Chaves y Gri\u00f1\u00e1n toman notas en el juicio y Guerrero, detr\u00e1s, con gesto preocupado. EFE \/ POOL<\/strong><\/span><\/figcaption><\/figure><\/p>\n<blockquote>\n<p class=\"summary-lead\" style=\"text-align: justify;\"><span style=\"font-family: arial, helvetica, sans-serif; font-size: 14pt;\">Tras el en\u00e9simo retraso, el juicio de los ERE alcanza su momento \u00e1lgido con la declaraci\u00f3n de los dos ex presidentes de la Junta de Andaluc\u00eda<\/span><\/p>\n<p class=\"summary-lead\" style=\"text-align: justify;\"><span style=\"font-family: arial, helvetica, sans-serif; font-size: 14pt;\"><a href=\"http:\/\/www.elmundo.es\/andalucia\/2017\/12\/14\/5a3260b622601d32468b45a4.html\" target=\"_blank\" rel=\"noopener\">Chaves y Gri\u00f1\u00e1n se desentienden del fraude de los ERE y se\u00f1alan al interventor<\/a><\/span><\/p>\n<p class=\"summary-lead\" style=\"text-align: justify;\"><span style=\"font-family: arial, helvetica, sans-serif; font-size: 14pt;\"><a href=\"http:\/\/www.elmundo.es\/andalucia\/2017\/12\/13\/5a318816268e3e36458b45c9.html\" target=\"_blank\" rel=\"noopener\">La soledad del r\u00e9gimen andaluz en el banquillo<\/a><\/span><\/p>\n<\/blockquote>\n<\/div>\n<p style=\"text-align: justify;\"><span style=\"font-family: arial, helvetica, sans-serif; font-size: 14pt;\">Despu\u00e9s de\u00a0<strong>tres meses de juicio<\/strong>, continuos retrasos y la declaraci\u00f3n de 19 de los 22 ex altos cargos, esta semana le llegar\u00e1 el turno al ex presidente\u00a0<a href=\"http:\/\/www.elmundo.es\/e\/jo\/jose-antonio-grinan.html\" target=\"_blank\" rel=\"noopener noreferrer\">Jos\u00e9 Antonio Gri\u00f1\u00e1n<\/a>\u00a0para dar explicaciones por el fraude de\u00a0<a href=\"http:\/\/www.elmundo.es\/t\/ca\/caso-ere-andalucia.html\" target=\"_blank\" rel=\"noopener noreferrer\">los ERE<\/a>\u00a0ante el tribunal de la Audiencia Provincial de Sevilla que enjuicia la llamada pieza pol\u00edtica, en la que tambi\u00e9n est\u00e1 acusado su predecesor en el cargo,\u00a0<a href=\"http:\/\/www.elmundo.es\/e\/ma\/manuel-chaves.html\" target=\"_blank\" rel=\"noopener noreferrer\">Manuel Chaves<\/a>.<\/span><\/p>\n<p style=\"text-align: justify;\"><span style=\"font-family: arial, helvetica, sans-serif; font-size: 14pt;\">Aunque en un principio la declaraci\u00f3n de ambos estaba prevista para la semana pasada, el\u00a0<strong>largu\u00edsimo interrogatorio<\/strong>\u00a0al que ha sido sometido el ex consejero de Empleo, Antonio Fern\u00e1ndez -se ha prolongado durante cinco d\u00edas y a\u00fan queda este lunes- ha provocado otro retraso, el en\u00e9simo, en un juicio que se est\u00e1 caracterizando, entre otras cosas, por incumplir el calendario y alargarse bastante m\u00e1s de lo previsto.<\/span><\/p>\n<div class=\"teads-inread\" style=\"text-align: justify;\">\n<div><span style=\"font-family: arial, helvetica, sans-serif; font-size: 14pt;\">De acuerdo con las estimaciones que manejan las partes personadas y el propio tribunal, la jornada de este lunes servir\u00e1 para que termine la declaraci\u00f3n de Antonio Fern\u00e1ndez, con lo que el siguiente en el\u00a0<\/span><strong style=\"font-family: arial, helvetica, sans-serif; font-size: 14pt;\">orden de testimonios<\/strong><span style=\"font-family: arial, helvetica, sans-serif; font-size: 14pt;\">, Jos\u00e9 Antonio Gri\u00f1\u00e1n, ocupar\u00e1 el lugar del ex consejero de Empleo ma\u00f1ana martes.<\/span><\/div>\n<\/div>\n<p style=\"text-align: justify;\"><span style=\"font-family: arial, helvetica, sans-serif; font-size: 14pt;\">La inc\u00f3gnita est\u00e1 en cu\u00e1nto durar\u00e1 en su caso el interrogatorio al ex presidente y ex consejero de Hacienda porque de ello depende que le llegue el turno a Chaves o tenga ya que esperar hasta la semana de la<strong>\u00a0Feria de Abril<\/strong>\u00a0para responder a las acusaciones que pesan sobre \u00e9l.<\/span><\/p>\n<p style=\"text-align: justify;\"><span style=\"font-family: arial, helvetica, sans-serif; font-size: 14pt;\">En principio, todo apunta -o, al menos, \u00e9sa es la intenci\u00f3n de las partes y el tribunal- a que Gri\u00f1\u00e1n declare durante toda la sesi\u00f3n del martes y la ma\u00f1ana del mi\u00e9rcoles, d\u00eda en que s\u00ed hay juicio por la tarde. De esta forma, el ex presidente Chaves podr\u00eda empezar a ser interrogado por la Fiscal\u00eda el mi\u00e9rcoles por la tarde.<\/span><\/p>\n<p style=\"text-align: justify;\"><span style=\"font-family: arial, helvetica, sans-serif; font-size: 14pt;\">Pero hay que tener en cuenta que, hasta ahora, los\u00a0<strong>calendarios<\/strong>\u00a0y los plazos marcados en el desarrollo del juicio de los ERE han sido muy poco fiables y que los giros en la vista oral han sido frecuentes.<\/span><\/p>\n<p style=\"text-align: justify;\"><span style=\"font-family: arial, helvetica, sans-serif; font-size: 14pt;\">Sobre Gri\u00f1\u00e1n pesa una petici\u00f3n de\u00a0<a href=\"http:\/\/www.elmundo.es\/andalucia\/2016\/09\/15\/57da87a846163f11668b45ca.html\" target=\"_blank\" rel=\"noopener\">seis a\u00f1os de c\u00e1rcel<\/a>\u00a0y 30 de inhabilitaci\u00f3n por prevaricaci\u00f3n y malversaci\u00f3n de caudales p\u00fablicos. M\u00e1s liviana es la acusaci\u00f3n que pende sobre Chaves, ya que la Fiscal\u00eda ha solicitado para \u00e9l\u00a0<a href=\"http:\/\/www.elmundo.es\/andalucia\/2016\/09\/15\/57da87a846163f11668b45ca.html\" target=\"_blank\" rel=\"noopener\">10 a\u00f1os de inhabilitaci\u00f3n<\/a>\u00a0por prevaricaci\u00f3n.<\/span><\/p>\n<h3 class=\"subhead\" style=\"text-align: justify;\"><span style=\"font-family: arial, helvetica, sans-serif; font-size: 14pt;\">Los indicios contra ellos<\/span><\/h3>\n<p style=\"text-align: justify;\"><span style=\"font-family: arial, helvetica, sans-serif; font-size: 14pt;\">Los dos ex presidentes\u00a0<a href=\"http:\/\/www.elmundo.es\/andalucia\/2017\/12\/14\/5a3260b622601d32468b45a4.html\" target=\"_blank\" rel=\"noopener\">se han desvinculado del fraude<\/a>, pero ni el\u00a0<a href=\"http:\/\/www.elmundo.es\/e\/tr\/tribunal-supremo.html\" target=\"_blank\" rel=\"noopener\">Tribunal Supremo<\/a>\u00a0ni el juez de instrucci\u00f3n ni la Fiscal\u00eda Anticorrupci\u00f3n les han cre\u00eddo. El magistrado del Supremo concluy\u00f3 que existen indicios de que Chaves y Gri\u00f1\u00e1n mantuvieron un \u00absistema ilegal\u00bb con el que dispon\u00edan sin apenas control de cantidades millonarias para ayudas sociolaborales. Adem\u00e1s, calific\u00f3 de\u00a0<a href=\"http:\/\/www.elmundo.es\/andalucia\/2015\/06\/26\/558c8ccee2704e38728b459a.html\" target=\"_blank\" rel=\"noopener\">\u00ababsurdas\u00bb las tesis exculpatorias<\/a>\u00a0esgrimidas por los ex presidentes de que\u00a0<strong>sus subordinados no les manten\u00edan al tanto<\/strong>\u00a0del sistema.<\/span><\/p>\n<p style=\"text-align: justify;\"><span style=\"font-family: arial, helvetica, sans-serif; font-size: 14pt;\">Esta versi\u00f3n resultar\u00eda\u00a0<strong>\u00abincoherente\u00bb, como si hubiese \u00abuna especie de cortafuegos<\/strong>que impidiera la comunicaci\u00f3n e informaci\u00f3n entre los dos primeros escalones de la pir\u00e1mide (presidente y consejeros) y el tercero y el cuarto (viceconsejeros y directores generales)\u00bb, dijo el magistrado en un demoledor escrito.<\/span><\/p>\n<p style=\"text-align: justify;\"><span style=\"font-family: arial, helvetica, sans-serif; font-size: 14pt;\">Para la Fiscal\u00eda, est\u00e1 muy claro que ni Chaves ni Gri\u00f1\u00e1n \u00abtomaron decisi\u00f3n alguna en el ejercicio de sus funciones\u00a0<strong>que pusiera freno<\/strong>\u00a0al procedimiento seguido por la Consejer\u00eda de Empleo para la gesti\u00f3n presupuestaria de las ayudas sociolaborales\u00bb. Ello a pesar de que ten\u00edan\u00a0<strong>pleno \u00abconocimiento de las irregularidades\u00bb<\/strong>, ya que la Intervenci\u00f3n les hab\u00eda alertado de que se estaban usando \u00abde forma indebida\u00bb transferencias de financiaci\u00f3n para hacer llegar el dinero p\u00fablico al &#8216;fondo de reptiles&#8217; de los\u00a0<a href=\"http:\/\/www.elmundo.es\/t\/ca\/caso-ere-andalucia.html\" target=\"_blank\" rel=\"noopener\">ERE<\/a>. Con las transferencias de financiaci\u00f3n\u00a0<strong>se evitaba la fiscalizaci\u00f3n previa de la Intervenci\u00f3n<\/strong>.<\/span><\/p>\n<p style=\"text-align: justify;\"><span style=\"font-family: arial, helvetica, sans-serif; font-size: 14pt;\">El ex interventor general de la Junta\u00a0<strong>Manuel G\u00f3mez<\/strong>, que tambi\u00e9n se sienta en el banquillo de los acusados pese a que\u00a0<strong>alert\u00f3 hasta 15 veces<\/strong>\u00a0de las irregularidades, remiti\u00f3 una dura carta al presidente del Parlamento andaluz en noviembre de 2012 con motivo de la comisi\u00f3n de investigaci\u00f3n abierta sobre este asunto. En ella, se refer\u00eda a los ERE como el \u00abcaso de corrupci\u00f3n m\u00e1s importante de la historia de Espa\u00f1a\u00bb y\u00a0<strong>culpaba a Gri\u00f1\u00e1n de \u00abcebar sin descanso<\/strong>\u00a0la corrupta partida presupuestaria\u00bb de la que salieron las ayudas sociolaborales.<\/span><\/p>\n<h3 class=\"subhead\" style=\"text-align: justify;\"><span style=\"font-family: arial, helvetica, sans-serif; font-size: 14pt;\">Compa\u00f1eros de banquillo<\/span><\/h3>\n<p style=\"text-align: justify;\"><span style=\"font-family: arial, helvetica, sans-serif; font-size: 14pt;\">Adem\u00e1s de los ex presidentes, est\u00e1n siendo juzgados\u00a0<a href=\"http:\/\/www.elmundo.es\/andalucia\/2017\/04\/27\/5901d5a2e5fdea21558b45b5.html\" target=\"_blank\" rel=\"noopener\">20 ex altos cargos<\/a>, entre ellos la ex ministra\u00a0<strong>Magdalena \u00c1lvarez<\/strong>, el ex &#8216;n\u00famero dos&#8217; de Chaves en la Junta,\u00a0<strong>Gaspar Zarr\u00edas<\/strong>, y los ex consejeros\u00a0<strong>Francisco Vallejo, Carmen Mart\u00ednez Aguayo, Antonio Fern\u00e1ndez y Jos\u00e9 Antonio Viera<\/strong>.<\/span><\/p>\n<p style=\"text-align: justify;\"><span style=\"font-family: arial, helvetica, sans-serif; font-size: 14pt;\">Les acompa\u00f1a el principal acusado en este caso de corrupci\u00f3n: el ex director general de Trabajo y Seguridad Social\u00a0<strong>Javier Guerrero<\/strong>, que fue quien bautiz\u00f3 la partida presupuestaria de la que sal\u00edan las ayudas como &#8216;fondo de reptiles&#8217;. Adem\u00e1s, concedi\u00f3 subvenciones a las empresas vinculadas a su ch\u00f3fer en la Junta que, seg\u00fan el conductor, costearon\u00a0<a href=\"http:\/\/www.elmundo.es\/elmundo\/2012\/03\/19\/andalucia\/1332181107.html\" target=\"_blank\" rel=\"noopener\">juergas con coca\u00edna<\/a>.<\/span><\/p>\n<p style=\"text-align: justify;\"><span style=\"font-family: arial, helvetica, sans-serif; font-size: 14pt;\"><strong>Guerrero<\/strong>, que fue director general durante nueve a\u00f1os con tres consejeros de Empleo distintos, implic\u00f3 a Chaves en la fase de instrucci\u00f3n, si bien en el juicio\u00a0<a href=\"http:\/\/www.elmundo.es\/andalucia\/2018\/02\/12\/5a816f0e468aebc47d8b463b.html\" target=\"_blank\" rel=\"noopener\">dio marcha atr\u00e1s<\/a>. En las declaraciones prestadas en 2011 y 2012 ante la Polic\u00eda, la Guardia Civil y la juez\u00a0<a href=\"http:\/\/www.elmundo.es\/e\/me\/mercedes-alaya.html\" target=\"_blank\" rel=\"noopener\">Mercedes Alaya<\/a>, Guerrero involucr\u00f3 al ex presidente cuando narr\u00f3 que la \u00ab\u00fanica directriz por escrito\u00bb que recibi\u00f3 para beneficiar a una u otra empresa con las ayudas de los\u00a0<a href=\"http:\/\/www.elmundo.es\/t\/ca\/caso-ere-andalucia.html\" target=\"_blank\" rel=\"noopener\">ERE<\/a>\u00a0fue de la Consejer\u00eda de Presidencia en 2004. En ella, se le \u00abordena que se arregle el\u00a0<strong>conflicto de Bilore<\/strong>\u00a0porque el presidente de la Junta [Chaves en esa fecha] iba a visitar Lucena\u00bb. Esta empresa se benefici\u00f3 de un ERE costeado por la Administraci\u00f3n andaluza.<\/span><\/p>\n<h3 class=\"subhead\" style=\"text-align: justify;\"><span style=\"font-family: arial, helvetica, sans-serif; font-size: 14pt;\">El relato de la Fiscal\u00eda<\/span><\/h3>\n<p style=\"text-align: justify;\"><span style=\"font-family: arial, helvetica, sans-serif; font-size: 14pt;\">Anticorrupci\u00f3n ve\u00a0<strong>prevaricaci\u00f3n y malversaci\u00f3n<\/strong>\u00a0en el dise\u00f1o y mantenimiento del \u00abprocedimiento espec\u00edfico\u00bb empleado por el Gobierno andaluz para repartir sin control y de forma arbitraria m\u00e1s de\u00a0<a href=\"http:\/\/www.elmundo.es\/t\/ca\/caso-ere-andalucia.html\" target=\"_blank\" rel=\"noopener\">741 millones<\/a>\u00a0de euros en ayudas durante una d\u00e9cada, entre 2000 y 2010. Se trata de una de las mayores operaciones orquestadas desde el poder para mantener una poderosa\u00a0<strong>red clientelar<\/strong>\u00a0que ha contribuido, a\u00fan hoy, a la supervivencia del r\u00e9gimen socialista andaluz en una comunidad que\u00a0<strong>desconoce la alternancia pol\u00edtica<\/strong>.<\/span><\/p>\n<h3 class=\"subhead\" style=\"text-align: justify;\"><span style=\"font-family: arial, helvetica, sans-serif; font-size: 14pt;\">Los interventores<\/span><\/h3>\n<p style=\"text-align: justify;\"><span style=\"font-family: arial, helvetica, sans-serif; font-size: 14pt;\">En el\u00a0<a href=\"http:\/\/www.elmundo.es\/t\/ca\/caso-ere-andalucia.html\" target=\"_blank\" rel=\"noopener\">&#8216;caso ERE&#8217;<\/a>\u00a0son claves los informes de la Intervenci\u00f3n de la Junta en los que se alertaba de las\u00a0<strong>irregularidades del \u00abprocedimiento espec\u00edfico\u00bb<\/strong>\u00a0instaurado por el Gobierno andaluz para repartir sin control y de forma arbitraria las ayudas.<\/span><\/p>\n<p style=\"text-align: justify;\"><span style=\"font-family: arial, helvetica, sans-serif; font-size: 14pt;\">Hay un \u00abhito cronol\u00f3gico\u00bb en 2005, seg\u00fan explica en un auto el juez instructor. El 25 de julio de ese a\u00f1o la Intervenci\u00f3n emiti\u00f3 un \u00abinforme adicional al informe definitivo de auditor\u00eda de cumplimiento del ejercicio de 2003\u00bb en el que se conclu\u00eda que el Gobierno andaluz estaba\u00a0<strong>\u00abprescindiendo de manera total y absoluta\u00bb del procedimiento<\/strong>\u00a0establecido en la Ley General de Hacienda P\u00fablica de la comunidad aut\u00f3noma para la concesi\u00f3n de subvenciones.<\/span><\/p>\n<p style=\"text-align: justify;\"><span style=\"font-family: arial, helvetica, sans-serif; font-size: 14pt;\">\u00abHasta ese momento, todos los implicados en la puesta en marcha y funcionamiento del procedimiento espec\u00edfico podr\u00edan pretender\u00a0<strong>ampararse en la ignorancia de sus nefastas consecuencias<\/strong>\u00bb, expone el juez. Sin embargo, a partir del informe de 2005 esa coartada exculpatoria de los ex altos cargos \u00abqueda descartada de modo absoluto\u00bb.<\/span><\/p>\n<p style=\"text-align: justify;\"><span style=\"font-family: arial, helvetica, sans-serif; font-size: 14pt;\">\u00abAnte tales evidencias [las alertas de la Intervenci\u00f3n] no cabe asumir ni el desconocimiento de la perversi\u00f3n del procedimiento espec\u00edfico ni su\u00a0<strong>alcance malversador<\/strong>\u00bb, zanja el juez.<\/span><\/p>\n<h3 class=\"subhead\" style=\"text-align: justify;\"><span style=\"font-family: arial, helvetica, sans-serif; font-size: 14pt;\">La versi\u00f3n de los acusados<\/span><\/h3>\n<p style=\"text-align: justify;\"><span style=\"font-family: arial, helvetica, sans-serif; font-size: 14pt;\">Cuando\u00a0<a href=\"http:\/\/www.elmundo.es\/e\/jo\/jose-antonio-grinan.html\" target=\"_blank\" rel=\"noopener\">Gri\u00f1\u00e1n<\/a>\u00a0sali\u00f3 del Tribunal Supremo el 9 de abril de 2015 admiti\u00f3 que el\u00a0<a href=\"http:\/\/www.elmundo.es\/t\/ca\/caso-ere-andalucia.html\" target=\"_blank\" rel=\"noopener\">caso de los ERE<\/a>\u00a0es\u00a0<a href=\"http:\/\/www.elmundo.es\/andalucia\/2015\/04\/09\/55260a5122601d5a178b456d.html\" target=\"_blank\" rel=\"noopener\">\u00abun gran fraude\u00bb<\/a>, si bien trat\u00f3 de desvincularse de \u00e9l porque \u00abnunca\u00bb recibi\u00f3 los informes de la Intervenci\u00f3n en los que se alertaba sobre las irregularidades del sistema, pese a que iban dirigidos a \u00e9l, durante su etapa como consejero de Hacienda.<\/span><\/p>\n<p style=\"text-align: justify;\"><span style=\"font-family: arial, helvetica, sans-serif; font-size: 14pt;\">Gri\u00f1\u00e1n defiende tambi\u00e9n que \u00abtodas las actuaciones del Consejo de Gobierno\u00bb con las ayudas sociolaborales se hicieron con los correspondientes informes favorables y las modificaciones presupuestarias para pagarlas\u00a0<strong>las aprob\u00f3 el Parlamento<\/strong>.<\/span><\/p>\n<p style=\"text-align: justify;\"><span style=\"font-family: arial, helvetica, sans-serif; font-size: 14pt;\"><a href=\"http:\/\/www.elmundo.es\/e\/ma\/manuel-chaves.html\" target=\"_blank\" rel=\"noopener\">Chaves<\/a>\u00a0ni siquiera admite que haya un fraude en los\u00a0<a href=\"http:\/\/www.elmundo.es\/t\/ca\/caso-ere-andalucia.html\" target=\"_blank\" rel=\"noopener\">ERE<\/a>. En los \u00faltimos a\u00f1os viene repitiendo que en los 19 a\u00f1os que ha sido presidente \u00abnunca se ha adoptado en un Consejo de Gobierno\u00a0<strong>ninguna decisi\u00f3n ilegal<\/strong>\u00bb. En su escrito de defensa, alega que \u00abdesconoc\u00eda los procedimientos concretos por los que se canalizaban las ayudas\u00bb, al no ser \u00e9sta su funci\u00f3n como presidente.<\/span><\/p>\n<p style=\"text-align: justify;\"><span style=\"font-family: arial, helvetica, sans-serif; font-size: 14pt;\">\u00ab<strong>Ni conoci\u00f3 ni pudo conocer<\/strong>\u00a0las irregularidades de las ayudas sociolaborales\u00bb porque el interventor \u00abno le inform\u00f3 con ning\u00fan informe de actuaci\u00f3n\u00bb, dice su escrito de defensa.<\/span><\/p>\n<p>&nbsp;<\/p>\n<p><a href=\"https:\/\/puntocritico.com\/ausajpuntocritico\/wp-content\/uploads\/2018\/03\/Mosca_Punto_Cr\u00edtico_40.png\" rel=\"lightbox[10860]\"><img loading=\"lazy\" decoding=\"async\" class=\"aligncenter size-full wp-image-9528\" src=\"https:\/\/puntocritico.com\/ausajpuntocritico\/wp-content\/uploads\/2018\/03\/Mosca_Punto_Cr\u00edtico_40.png\" alt=\"\" width=\"50\" height=\"50\" \/><\/a><\/p>\n<h1 style=\"text-align: center;\"><a id=\"ref14\"><\/a><a href=\"#ref14a\">[14]<\/a> Casi uno de cada cuatro indultos concedidos en 2017 fue para condenados por corrupci\u00f3n<\/h1>\n<p><span style=\"font-size: 14pt;\">Por\u00a0EVA BELMONTE | DAVID CABO (CIVIO)<\/span><\/p>\n<div><span style=\"color: #339966;\">Art\u00edculo publicado el 9 de abril de 2018 en<\/span><\/div>\n<div><span style=\"color: #339966;\"><a style=\"color: #339966;\" href=\"http:\/\/www.publico.es\/espana\/cuatro-indultos-concedidos-2017-condenados-corrupcion.html\" target=\"_blank\" rel=\"noopener\">http:\/\/www.publico.es\/espana\/cuatro-indultos-concedidos-2017-condenados-corrupcion.html<\/a><\/span><\/div>\n<div>\u00a0<\/div>\n<div>\u00a0<\/div>\n<div>\n<figure id=\"attachment_10896\" aria-describedby=\"caption-attachment-10896\" style=\"width: 660px\" class=\"wp-caption aligncenter\"><a href=\"https:\/\/puntocritico.com\/ausajpuntocritico\/wp-content\/uploads\/2018\/04\/5acb2c786a140.r_1523269175798.0-61-800-473.jpg\" rel=\"lightbox[10860]\"><img loading=\"lazy\" decoding=\"async\" class=\"wp-image-10896 size-full\" src=\"https:\/\/puntocritico.com\/ausajpuntocritico\/wp-content\/uploads\/2018\/04\/5acb2c786a140.r_1523269175798.0-61-800-473.jpg\" alt=\"\" width=\"660\" height=\"340\" srcset=\"https:\/\/puntocritico.com\/ausajpuntocritico\/wp-content\/uploads\/2018\/04\/5acb2c786a140.r_1523269175798.0-61-800-473.jpg 660w, https:\/\/puntocritico.com\/ausajpuntocritico\/wp-content\/uploads\/2018\/04\/5acb2c786a140.r_1523269175798.0-61-800-473-300x155.jpg 300w\" sizes=\"auto, (max-width: 660px) 100vw, 660px\" \/><\/a><figcaption id=\"caption-attachment-10896\" class=\"wp-caption-text\"><span style=\"font-size: 10pt; color: #339966;\"><strong>El ministro de Justicia, Rafael Catal\u00e1, en una imagen reciente. EFE\/Mariscal <\/strong><\/span><\/figcaption><\/figure>\n<\/div>\n<div>\u00a0<\/div>\n<blockquote>\n<p id=\"m339-338-340\" style=\"text-align: justify;\"><span style=\"font-size: 14pt; font-family: arial, helvetica, sans-serif;\">El a\u00f1o pasado, el Gobierno aprob\u00f3 26 medidas de gracia, seis de ellas a condenados por prevaricaci\u00f3n; y Catal\u00e1 sigui\u00f3 negando que este delito se pueda clasificar como corrupci\u00f3n, en contra del criterio del CGPJ.<\/span><\/p>\n<\/blockquote>\n<p style=\"text-align: justify;\"><span style=\"font-size: 14pt; font-family: arial, helvetica, sans-serif;\"><a title=\"Enlace a la noticia original del Indult\u00f3metro\" href=\"https:\/\/civio.es\/el-indultometro\/2018\/04\/09\/casi-uno-de-cada-cuatro-indultos-concedidos-en-2017-fue-para-condenados-por-corrupcion\/\" target=\"_blank\" rel=\"noopener noreferrer\">2017 se cerr\u00f3 con 26 indultos<\/a>, una cifra muy similar a la de 2016. Despu\u00e9s de a\u00f1os a la baja -pasando de m\u00e1s de un indulto y medio al d\u00eda\u00a0<a title=\"De un indulto y medio al d\u00eda a un indulto y medio a la semana\" href=\"https:\/\/civio.es\/el-indultometro\/2016\/02\/17\/actualizacion-2015\/\" target=\"_blank\" rel=\"noopener noreferrer\">a un indulto a la semana<\/a>\u00a0y, ahora,\u00a0<b>a uno cada quince d\u00edas<\/b>&#8211; el n\u00famero de perdones que el Gobierno concede cada a\u00f1o parece que\u00a0<b>ha tocado suelo<\/b>.<\/span><\/p>\n<p id=\"m344-1-345\" style=\"text-align: justify;\"><span style=\"font-size: 14pt; font-family: arial, helvetica, sans-serif;\">Seis de los 26 fueron para<b>\u00a0funcionarios y un exconcejal del Ayuntamiento de Rota, condenados por prevaricaci\u00f3n\u00a0<\/b>por el\u00a0<a title=\"Los funcionarios condenados por prevaricaci\u00f3n en el Ayuntamiento de Rota podr\u00e1n volver a sus puestos gracias a los indultos\" href=\"https:\/\/civio.es\/el-boe-nuestro-de-cada-dia\/2017\/02\/13\/los-funcionarios-condenados-por-prevaricacion-en-el-ayuntamiento-de-rota-podran-volver-a-sus-puestos-gracias-a-los-indultos\/\" target=\"_blank\" rel=\"noopener\">caso horas extra<\/a>: durante a\u00f1os se pag\u00f3 a uno de esos trabajadores p\u00fablicos, en forma de horas extra en su n\u00f3mina, trabajos que el Consistorio deb\u00eda haber adjudicado v\u00eda contrato.\u00a0<b>Gracias al indulto, pudieron volver a sus puestos<\/b>\u00a0como si nada hubiera pasado.<\/span><\/p>\n<p id=\"m349-2-350\" style=\"text-align: justify;\"><span style=\"font-size: 14pt; font-family: arial, helvetica, sans-serif;\">As\u00ed, esos seis indultos a condenados por prevaricaci\u00f3n -un delito que el Consejo General del Poder Judicial (CGPJ) considera corrupci\u00f3n-, suponen\u00a0<b>un 23% del total<\/b>o, lo que es lo mismo, casi uno de cada cuatro indultos concedidos el a\u00f1o pasado. Si el cesto es m\u00e1s peque\u00f1o, las manzanas podridas destacan m\u00e1s.<\/span><\/p>\n<p id=\"m354-3-355\" style=\"text-align: justify;\"><span style=\"font-size: 14pt; font-family: arial, helvetica, sans-serif;\">No es la primera vez que un Gobierno indulta a corruptos. Desde 1996, se han concedido\u00a0<a title=\"227 indultos a condenados por corrupci\u00f3n desde 1996\" href=\"https:\/\/civio.es\/el-indultometro\/2018\/04\/04\/indultos-por-corrupcion\/\" target=\"_blank\" rel=\"noopener noreferrer\">227 perdones<\/a>\u00a0a condenados por corrupci\u00f3n. Podemos dar esa cifra gracias a la clasificaci\u00f3n creada por el CGPJ el a\u00f1o pasado, que estableci\u00f3, para sus estad\u00edsticas, qu\u00e9 delitos consideraba corrupci\u00f3n. Una clasificaci\u00f3n que, por cierto,\u00a0<a title=\"El CGPJ excluye de sus datos sobre corrupci\u00f3n la prevaricaci\u00f3n judicial\" href=\"https:\/\/civio.es\/el-indultometro\/2017\/04\/20\/prevaricacion-judicial\/\" target=\"_blank\" rel=\"noopener noreferrer\">no incluye la prevaricaci\u00f3n judicial<\/a>. Y que el Gobierno parece no dar por buena.<\/span><\/p>\n<h2 id=\"m359-4-360\" class=\"highlighted\" style=\"text-align: justify;\"><span style=\"font-size: 14pt; font-family: arial, helvetica, sans-serif;\">Para el Gobierno, prevaricaci\u00f3n no es corrupci\u00f3n<\/span><\/h2>\n<p id=\"m364-5-365\" style=\"text-align: justify;\"><span style=\"font-size: 14pt; font-family: arial, helvetica, sans-serif;\">As\u00ed, Rafael Catal\u00e1, Ministro de Justicia, ha repetido en varias ocasiones que \u00e9l no considera que la condena por prevaricaci\u00f3n a los seis indultados de Rota sea corrupci\u00f3n, en contra del criterio del CGPJ. El pasado mes de diciembre, volvi\u00f3 a insistir. Lo hizo en la sesi\u00f3n de control al Gobierno en el Congreso, sobre una pregunta de indultos a maltratadores:<\/span><\/p>\n<p id=\"m369-6-370\" style=\"text-align: justify;\"><span style=\"font-size: 14pt; font-family: arial, helvetica, sans-serif;\">\u201cEstamos trabajando en la proposici\u00f3n de ley que present\u00f3 el Grupo Ciudadanos y, f\u00edjese, mientras se aprueba, mientras se aplica como norma legal, estamos intentando que eso sea la pr\u00e1ctica cotidiana en materia de indultos. Estamos ejerciendo la competencia que tiene el Gobierno de manera que no haya un solo indulto\u00a0<b>no ya en delitos de corrupci\u00f3n<\/b>, sino tampoco en materia de violencia de g\u00e9nero, de delincuencia fiscal o tributaria, en seguridad vial.\u201d, asegur\u00f3.\u00a0<b>Una vez m\u00e1s, esos seis indultos a prevaricadores no entraban en sus cuentas.<\/b><\/span><\/p>\n<p id=\"m374-7-375\" style=\"text-align: justify;\"><span style=\"font-size: 14pt; font-family: arial, helvetica, sans-serif;\">Catal\u00e1 se refer\u00eda tambi\u00e9n, en esa intervenci\u00f3n, a la proposici\u00f3n de ley de Ciudadanos que, entre otras medidas, propone una reforma -parcial- de la Ley del Indulto. El Congreso tambi\u00e9n tiene en el caj\u00f3n, desde agosto de 2016, otra propuesta para modificar la medida de gracia, en este caso del PSOE.\u00a0<b>Ambas formaciones proponen vetar los indultos para ciertos delitos y transparentar en parte el proceso<\/b>, aunque\u00a0<a title=\"Parches electoralistas para esquivar una reforma a fondo de la Ley del Indulto\" href=\"http:\/\/www.elnotario.es\/index.php\/opinion\/8376-parches-electoralistas-para-esquivar-una-reforma-a-fondo-de-la-ley-del-indulto\" target=\"_blank\" rel=\"noopener noreferrer\">no plantean una reforma a fondo<\/a>\u00a0de la figura.<\/span><\/p>\n<p style=\"text-align: justify;\"><span style=\"font-size: 14pt; font-family: arial, helvetica, sans-serif;\"><a href=\"https:\/\/puntocritico.com\/ausajpuntocritico\/wp-content\/uploads\/2018\/03\/Mosca_Punto_Cr\u00edtico_40.png\" rel=\"lightbox[10860]\">Tanto Catal\u00e1 como Gallard\u00f3n han negado haber indultado a corruptos, aunque perdonaron a condenados por prevaricaci\u00f3n y malversaci\u00f3n<\/a><\/span><\/p>\n<p id=\"m384-9-385\" style=\"text-align: justify;\"><span style=\"font-size: 14pt; font-family: arial, helvetica, sans-serif;\">Tanto Catal\u00e1 como Gallard\u00f3n han negado haber indultado a corruptos, aunque perdonaron a condenados por prevaricaci\u00f3n y malversaci\u00f3n.<\/span><\/p>\n<p id=\"m389-10-390\" style=\"text-align: justify;\"><span style=\"font-size: 14pt; font-family: arial, helvetica, sans-serif;\">Catal\u00e1 no es el primer Ministro de Justicia que niega la evidencia o establece clasificaciones sui generis de qu\u00e9 es corrupci\u00f3n y qu\u00e9 no. En 2014, Alberto Ruiz\u00a0<b>Gallard\u00f3n tambi\u00e9n neg\u00f3 haber indultado a corruptos. Y tambi\u00e9n minti\u00f3<\/b>, como pudimos\u00a0<a title=\"El Indult\u00f3metro demuestra que Gallard\u00f3n s\u00ed ha indultado delitos de corrupci\u00f3n. 8 entre malversaci\u00f3n y prevaricaci\u00f3n\" href=\"https:\/\/civio.es\/el-indultometro\/2014\/03\/13\/indultos-corrupcion-gallardon\/\" target=\"_blank\" rel=\"noopener noreferrer\">demostrar en El Indult\u00f3metro<\/a>.<\/span><\/p>\n<h2 id=\"m394-11-395\" class=\"highlighted\" style=\"text-align: justify;\"><span style=\"font-size: 14pt; font-family: arial, helvetica, sans-serif;\">Los otros indultados de 2017<\/span><\/h2>\n<p id=\"m399-12-400\" style=\"text-align: justify;\"><span style=\"font-size: 14pt; font-family: arial, helvetica, sans-serif;\">De los 26 indultos, adem\u00e1s de los seis por prevaricaci\u00f3n, destacan 12 por<b>\u00a0delitos contra la salud p\u00fablica<\/b>. Este es tambi\u00e9n el delito m\u00e1s indultado en t\u00e9rminos absolutos desde 1996, pero la cosa cambia si tenemos en cuenta el n\u00famero de condenas. As\u00ed,\u00a0<b>si analizamos el porcentaje de indultos sobre el total de sentencias<\/b>, los delitos que han sido m\u00e1s perdonados\u00a0<a title=\"Indultos vs. Condenados\" href=\"https:\/\/civio.es\/el-indultometro\/2018\/04\/04\/relatividad\/\" target=\"_blank\" rel=\"noopener noreferrer\">son aquellos<\/a>\u00a0cometidos por funcionarios contra la libertad individual (un 5,2% de condenados han sido perdonados), contra el medio ambiente (4,9%), prevaricaci\u00f3n (1,6%) y malversaci\u00f3n (1,4%).<\/span><\/p>\n<p id=\"m404-13-405\" style=\"text-align: justify;\"><span style=\"font-size: 14pt; font-family: arial, helvetica, sans-serif;\">El resto de los indultos de 2017 han ido a parar a condenados por\u00a0<b>estafa, lesiones, delitos contra el medio ambiente, robo y hurto<\/b>. Dos de ellos eran due\u00f1os de bares y fueron condenados por el ruido a sus vecinos, en\u00a0<a title=\"Indulto al due\u00f1o de un bar condenado por &#039;ruidos intolerables&#039; pese al precinto policial\" href=\"https:\/\/civio.es\/el-boe-nuestro-de-cada-dia\/2017\/01\/02\/indulto-al-dueno-de-un-bar-condenado-por-poner-la-musica-muy-alta-pese-al-precinto-policial\/\" target=\"_blank\" rel=\"noopener noreferrer\">Dos Hermanas, Sevilla<\/a>\u00a0y en\u00a0<a title=\"El Gobierno indulta al due\u00f1o de un bar que iba a entrar en prisi\u00f3n por ruidos a sus vecinos\" href=\"https:\/\/civio.es\/el-boe-nuestro-de-cada-dia\/2017\/10\/02\/el-gobierno-indulta-al-dueno-de-un-bar-que-iba-a-entrar-en-prision-por-ruidos-a-sus-vecinos\/\" target=\"_blank\" rel=\"noopener noreferrer\">Deifontes, Granada<\/a><\/span><\/p>\n<p id=\"m409-14-410\" style=\"text-align: justify;\"><span style=\"font-size: 14pt; font-family: arial, helvetica, sans-serif;\">En\u00a0<b>2018<\/b>, por el momento, llevamos\u00a0<b>nueve indultos<\/b>,\u00a0<a title=\"El Gobierno concede nueve nuevos indultos, cinco de ellos a cofrad\u00edas por la Semana Santa\" href=\"https:\/\/civio.es\/el-boe-nuestro-de-cada-dia\/2018\/03\/23\/el-gobierno-concede-nueve-nuevos-indultos-cinco-de-ellos-a-cofradias-por-la-semana-santa\/\" target=\"_blank\" rel=\"noopener noreferrer\">cinco de ellos<\/a>\u00a0por solicitud de las cofrad\u00edas de Semana Santa. Hab\u00edan sido condenados por delitos contra la salud p\u00fablica (cinco de ellos), tr\u00e1fico de drogas (dos), robo y falso testimonio.<\/span><\/p>\n<p style=\"text-align: center;\">***<\/p>\n<p id=\"m601-15-602\" style=\"text-align: justify;\"><span style=\"font-size: 12pt; font-family: arial, helvetica, sans-serif;\"><b><i>(Texto republicado de\u00a0<a title=\"Enlace al Indult\u00f3metro\" href=\"https:\/\/civio.es\/el-indultometro\/\" target=\"_blank\" rel=\"noopener noreferrer\">El Indult\u00f3metro<\/a>, un proyecto de\u00a0<a title=\"Enlace a Civio\" href=\"https:\/\/civio.es\/\" target=\"_blank\" rel=\"noopener noreferrer\">Civio<\/a>)<\/i><\/b><\/span><\/p>\n<p>Fuente: <a href=\"http:\/\/boe.es\" target=\"_blank\" rel=\"noopener\">Agencia Estatal Bolet\u00edn Oficial del Estado<\/a><\/p>\n<p><a href=\"https:\/\/puntocritico.com\/ausajpuntocritico\/wp-content\/uploads\/2018\/03\/Mosca_Punto_Cr\u00edtico_40.png\" rel=\"lightbox[10860]\"><br \/>\n<img loading=\"lazy\" decoding=\"async\" class=\"aligncenter size-full wp-image-9528\" src=\"https:\/\/puntocritico.com\/ausajpuntocritico\/wp-content\/uploads\/2018\/03\/Mosca_Punto_Cr\u00edtico_40.png\" alt=\"\" width=\"50\" height=\"50\" \/><\/a><\/p>\n<h1 class=\"title\" style=\"text-align: center;\"><a id=\"ref15\"><\/a><a href=\"#ref15a\">[15]<\/a> El Tribunal Supremo ya marc\u00f3 doctrina en un caso similar al del m\u00e1ster de Cristina Cifuentes<\/h1>\n<p><span style=\"font-size: 14pt;\">Por\u00a0nuevatribuna.es<\/span><\/p>\n<div><span style=\"color: #339966;\">Art\u00edculo publicado el 7 de abril de 2018 en<\/span><\/div>\n<div><span style=\"color: #339966;\"><a style=\"color: #339966;\" href=\"http:\/\/www.nuevatribuna.es\/articulo\/espana\/supremo-marco-doctrina-caso-similar-master-cifuentes\/20180407154351150580.html\" target=\"_blank\" rel=\"noopener\">http:\/\/www.nuevatribuna.es\/articulo\/espana\/supremo-marco-doctrina-caso-similar-master-cifuentes\/20180407154351150580.html<\/a><\/span><\/div>\n<div>\u00a0<\/div>\n<div>\u00a0<\/div>\n<figure id=\"attachment_10897\" aria-describedby=\"caption-attachment-10897\" style=\"width: 553px\" class=\"wp-caption aligncenter\"><a href=\"https:\/\/puntocritico.com\/ausajpuntocritico\/wp-content\/uploads\/2018\/04\/El-Tribunal-Supremo-ya-marc\u00f3-doctrina-en-un-caso-similar-al-del-m\u00e1ster-de-Cristina-Cifuentes.jpg\" rel=\"lightbox[10860]\"><img loading=\"lazy\" decoding=\"async\" class=\"wp-image-10897 size-full\" src=\"https:\/\/puntocritico.com\/ausajpuntocritico\/wp-content\/uploads\/2018\/04\/El-Tribunal-Supremo-ya-marc\u00f3-doctrina-en-un-caso-similar-al-del-m\u00e1ster-de-Cristina-Cifuentes.jpg\" alt=\"\" width=\"553\" height=\"367\" srcset=\"https:\/\/puntocritico.com\/ausajpuntocritico\/wp-content\/uploads\/2018\/04\/El-Tribunal-Supremo-ya-marc\u00f3-doctrina-en-un-caso-similar-al-del-m\u00e1ster-de-Cristina-Cifuentes.jpg 553w, https:\/\/puntocritico.com\/ausajpuntocritico\/wp-content\/uploads\/2018\/04\/El-Tribunal-Supremo-ya-marc\u00f3-doctrina-en-un-caso-similar-al-del-m\u00e1ster-de-Cristina-Cifuentes-300x199.jpg 300w\" sizes=\"auto, (max-width: 553px) 100vw, 553px\" \/><\/a><figcaption id=\"caption-attachment-10897\" class=\"wp-caption-text\"><span style=\"font-size: 10pt;\"><strong><span style=\"color: #339966;\">Cifuentes junto a los rectores en el acto de apertura de curso de las universidades p\u00fablicas madrile\u00f1as en septiembre de 2017.<\/span><\/strong><\/span><\/figcaption><\/figure>\n<p style=\"text-align: justify;\"><span style=\"font-size: 14pt; font-family: arial, helvetica, sans-serif;\">Se trata de la primera condena por prevaricaci\u00f3n a un profesor\u00a0que aprob\u00f3\u00a0a una alumna que no se present\u00f3 al examen.<\/span><\/p>\n<blockquote>\n<p style=\"text-align: justify;\"><span style=\"font-size: 14pt; font-family: arial, helvetica, sans-serif;\">\u00abHe hablado con un profe amigo m\u00edo que imparte una asignatura en primer cuatrimestre y que me ha dicho que te la va a aprobar sin que vengas ni siquiera al examen\u00bb, le dijo la funcionaria a la alumna por correo electr\u00f3nico<\/span><\/p>\n<\/blockquote>\n<p style=\"text-align: justify;\"><span style=\"font-size: 14pt; font-family: arial, helvetica, sans-serif;\">El caso Cifuentes tiene un precedente de condena en Espa\u00f1a. Fue en febrero de 2017, cuando el Tribunal Supremo ratific\u00f3 una sentencia de la Audiencia Provincial de Granada\u00a0<strong>condenando a un profesor<\/strong>\u00a0de la Universidad de Granada a siete a\u00f1os de inhabilitaci\u00f3n por un\u00a0<strong>delito de prevaricaci\u00f3n<\/strong>\u00a0al haber\u00a0<strong>aprobado a una alumna en un examen al que no se present\u00f3.<\/strong><\/span><\/p>\n<p style=\"text-align: justify;\"><span style=\"font-size: 14pt; font-family: arial, helvetica, sans-serif;\">Se trata de la\u00a0<strong>primera condena del Supremo a un docente por prevaricaci\u00f3n de este tipo<\/strong>\u00a0que podr\u00eda tambi\u00e9n repetirse tras la\u00a0<a href=\"http:\/\/www.nuevatribuna.es\/articulo\/madrid\/urjc-pone-manos-fiscalia-investigacion-master-cifuentes\/20180405183549150531.html\" target=\"_blank\" rel=\"noopener noreferrer\"><u>investigaci\u00f3n abierta por la Fiscal\u00eda<\/u><\/a>\u00a0por las\u00a0<a href=\"http:\/\/www.nuevatribuna.es\/articulo\/espana\/rector-urjc-deja-coartada-cifuentes-constancia-haya-defendido-tfm\/20180406144405150559.html\" target=\"_blank\" rel=\"noopener noreferrer\"><u>presuntas irregularidades en el m\u00e1ster de Cristina Cifuentes<\/u><\/a>\u00a0expedido por la Universidad Rey Juan Carlos a las que tambi\u00e9n se a\u00f1ade un posible delito por falsificaci\u00f3n de documento p\u00fablico.<\/span><\/p>\n<p style=\"text-align: justify;\"><span style=\"font-size: 14pt; font-family: arial, helvetica, sans-serif;\">APROB\u00d3 LA ASIGNATURA SIN ESTAR SIQUIERA MATRICULADA<\/span><\/p>\n<p style=\"text-align: justify;\"><span style=\"font-size: 14pt; font-family: arial, helvetica, sans-serif;\">Los hechos ocurrieron en 2008, cuando una alumna de Facultad de Pedagog\u00eda de la Universidad de Granada, se dirigi\u00f3 a la jefa de Secci\u00f3n y Adjunta a la Administradora de la Facultad de Ciencias de la Educaci\u00f3n de la citada Universidad, plante\u00e1ndole el problema que ten\u00eda para realizar ex\u00e1menes y asistir a clases por motivos laborales, ya que se encontraba trabajando en C\u00e1diz.\u00a0<u>La alumna necesitaba tener aprobada al menos una asignatura para acceder al derecho de compensaci\u00f3n previsto en la Normativa de la Universidad de Granada<\/u>, pues no reun\u00eda los requisitos exigidos para la obtenci\u00f3n del correspondiente t\u00edtulo, al no tener aprobadas asignaturas troncales de primer y segundo ciclo y carecer de cr\u00e9ditos suficientes.<\/span><\/p>\n<p style=\"text-align: justify;\"><span style=\"font-size: 14pt; font-family: arial, helvetica, sans-serif;\">La funcionaria accedi\u00f3 a la solicitud de la alumna y pidi\u00f3 personalmente al profesor titular del Departamento de Did\u00e1ctica y Orientaci\u00f3n Escolar, que impart\u00eda la asignatura del primer cuatrimestre \u00abOrientaci\u00f3n Escolar y Tutor\u00eda\u00bb, la resoluci\u00f3n del problema, \u201cconsintiendo \u00e9ste (seg\u00fan figura en el fallo de Supremo), en aprobar a la alumna sin qu\u00e9 esta tuviera que realizar ning\u00fan examen, aun sin conocerla y sin que hubiera podido asistir a ninguna de sus clases hasta ese momento, pues entonces ni siquiera estaba matriculada\u201d.<\/span><\/p>\n<p style=\"text-align: justify;\"><span style=\"font-size: 14pt; font-family: arial, helvetica, sans-serif;\">UN SOBRESALIENTE \u00abCARECIENDO DE CUALQUIER M\u00c9RITO\u00bb<\/span><\/p>\n<blockquote>\n<p><span style=\"font-size: 14pt; font-family: arial, helvetica, sans-serif;\">Sin haber realizado examen ni trabajo alguno y sin haber asistido a clase, la alumna obtuvo un sobresaliente<\/span><\/p>\n<\/blockquote>\n<p style=\"text-align: justify;\"><span style=\"font-size: 14pt; font-family: arial, helvetica, sans-serif;\">jefa de Secci\u00f3n se jacta de la buena relaci\u00f3n que mantiene con dicho profesor y, por correo electr\u00f3nico, el 9 de enero de 2008, inform\u00f3 a la alumna de que su problema estaba solucionado\u00a0<strong>\u00abhablando con un profe amigo m\u00edo que imparte una asignatura en primer cuatrimestre y que me ha dicho que te la va a aprobar sin que vengas ni siquiera al examen\u00bb<\/strong>. El docente le puso sobresaliente, lo que permiti\u00f3 a la joven aprobar por compensaci\u00f3n otras asignaturas y obtener en abril el t\u00edtulo de Licenciada en Pedagog\u00eda.<\/span><\/p>\n<p style=\"text-align: justify;\"><span style=\"font-size: 14pt; font-family: arial, helvetica, sans-serif;\">Las irregularidades siguieron produci\u00e9ndose ya que, aunque\u00a0la alteraci\u00f3n de matr\u00edculas (el cambio de matr\u00edcula de unas asignaturas por otras distintas) para el primer cuatrimestre ya hab\u00eda terminado el 2 de noviembre de 2.007, la jefa de Secci\u00f3n procedi\u00f3 a matricular a la joven el mismo 9 de enero,\u00a0<strong>sin que conste ninguna solicitud previa al efecto ni resoluci\u00f3n estimatoria.<\/strong><\/span><\/p>\n<p style=\"text-align: justify;\"><span style=\"font-size: 14pt; font-family: arial, helvetica, sans-serif;\">Sin haber realizado examen ni trabajo alguno y sin haber asistido a clase, la alumna obtuvo un sobresaliente que el profesor hizo constar en el acta el 7 de marzo de 2008,\u00a0<strong>\u201cen definitiva -dice el Supremo, careciendo de cualquier m\u00e9rito\u201d.<\/strong><\/span><\/p>\n<p style=\"text-align: justify;\"><span style=\"font-size: 14pt; font-family: arial, helvetica, sans-serif;\">7 A\u00d1OS DE INHABILITACI\u00d3N PARA EL PROFESOR Y LA FUNCIONARIA<\/span><\/p>\n<p style=\"text-align: justify;\"><span style=\"font-size: 14pt; font-family: arial, helvetica, sans-serif;\">Por todo ello, el Supremo ratific\u00f3 la sentencia de la Audiencia Provincial condenando por prevaricaci\u00f3n al profesor pero tambi\u00e9n a la jefa de Secci\u00f3n \u201cpor cooperaci\u00f3n\u201d a 7 a\u00f1os de inhabilitaci\u00f3n a cada uno y absolviendo a la alumna.<\/span><\/p>\n<p style=\"text-align: justify;\"><span style=\"font-size: 14pt; font-family: arial, helvetica, sans-serif;\">El fallo, del que\u00a0<strong>fue ponente el magistrado Luciano Varela<\/strong>, rechaza el recurso del profesor que aleg\u00f3 que no concurr\u00eda el elemento objetivo del delito de prevaricaci\u00f3n (dictar resoluci\u00f3n injusta) por el que ha sido condenado, afirmando que\u00a0<u>\u201cla decisi\u00f3n del personal administrativo, en general el profesor, que fija el nivel de adquisici\u00f3n de conocimientos, con destino al expediente del alumno, y que se refleja, al ser definitiva, en un acta, constituye pues de manera indudable un acto administrativo de resoluci\u00f3n definitiva de un procedimiento de tal naturaleza\u201d.<\/u><\/span><\/p>\n<p style=\"text-align: justify;\">\u00a0<\/p>\n<p><a href=\"https:\/\/puntocritico.com\/ausajpuntocritico\/wp-content\/uploads\/2018\/03\/Mosca_Punto_Cr\u00edtico_40.png\" rel=\"lightbox[10860]\"><img loading=\"lazy\" decoding=\"async\" class=\"aligncenter size-full wp-image-9528\" src=\"https:\/\/puntocritico.com\/ausajpuntocritico\/wp-content\/uploads\/2018\/03\/Mosca_Punto_Cr\u00edtico_40.png\" alt=\"\" width=\"50\" height=\"50\" \/><\/a><\/p>\n<header class=\"nav-down\">\n<h1 class=\"pg-headline\" style=\"text-align: center;\"><a id=\"ref16\"><\/a><a href=\"#ref16a\">[16]<\/a> La estrecha relaci\u00f3n entre Cifuentes y el creador de la Universidad Rey Juan Carlos<\/h1>\n<p><span style=\"font-size: 14pt;\">Por I\u00f1igo Aduriz<\/span><\/p>\n<div><span style=\"color: #339966;\">Art\u00edculo publicado el 8 de abril de 2018 en<\/span><\/div>\n<div><span style=\"color: #339966;\">https:\/\/www.eldiario.es\/politica\/Cifuentes-Universidad-Rey-Juan-Carlos_0_757675063.html<\/span><\/div>\n<div class=\"subtitle bkn mce sk2\">\u00a0\u00a0<\/div>\n<div class=\"inset cf\">\n<figure class=\"media-holder\">\n<figure id=\"attachment_10898\" aria-describedby=\"caption-attachment-10898\" style=\"width: 643px\" class=\"wp-caption aligncenter\"><a href=\"https:\/\/puntocritico.com\/ausajpuntocritico\/wp-content\/uploads\/2018\/04\/Villapalos-Educacion-Gobierno-Gallardon-EFEAlberto_EDIIMA20180405_0820_20.jpg\" rel=\"lightbox[10860]\"><img loading=\"lazy\" decoding=\"async\" class=\"wp-image-10898 size-full\" src=\"https:\/\/puntocritico.com\/ausajpuntocritico\/wp-content\/uploads\/2018\/04\/Villapalos-Educacion-Gobierno-Gallardon-EFEAlberto_EDIIMA20180405_0820_20.jpg\" alt=\"\" width=\"643\" height=\"362\" srcset=\"https:\/\/puntocritico.com\/ausajpuntocritico\/wp-content\/uploads\/2018\/04\/Villapalos-Educacion-Gobierno-Gallardon-EFEAlberto_EDIIMA20180405_0820_20.jpg 643w, https:\/\/puntocritico.com\/ausajpuntocritico\/wp-content\/uploads\/2018\/04\/Villapalos-Educacion-Gobierno-Gallardon-EFEAlberto_EDIIMA20180405_0820_20-300x169.jpg 300w\" sizes=\"auto, (max-width: 643px) 100vw, 643px\" \/><\/a><figcaption id=\"caption-attachment-10898\" class=\"wp-caption-text\"><span style=\"color: #339966;\"><strong><span style=\"font-size: 10pt;\">Gustavo Villapalos en la jura de su cargo como consejero de Educaci\u00f3n del Gobierno de Alberto Ruiz Gallard\u00f3n en 1995. EFE\/Alberto Mart\u00edn<\/span><\/strong><\/span><\/figcaption><\/figure><br \/>\n<\/figure>\n<\/div>\n<\/header>\n<div class=\"pg-body\">\n<div id=\"edi-body\" class=\"mce-body mce no-sticky-adv-socios\">\n<blockquote>\n<p style=\"text-align: justify;\"><span style=\"font-size: 14pt; font-family: arial, helvetica, sans-serif;\">Gustavo Villapalos era consejero de Educaci\u00f3n del Gobierno de la Comunidad de Madrid cuando se fund\u00f3 la universidad<\/span><\/p>\n<p style=\"text-align: justify;\"><span style=\"font-size: 14pt; font-family: arial, helvetica, sans-serif;\">Ambos se hicieron amigos cuando, como estudiante, la hoy presidenta madrile\u00f1a particip\u00f3 en grupos de apoyo para que \u00e9l se convirtiera en rector de la Universidad Complutense<\/span><\/p>\n<p style=\"text-align: justify;\"><span style=\"font-size: 14pt; font-family: arial, helvetica, sans-serif;\">Mientras \u00e9l era consejero, ella era portavoz del PP de la materia\u00a0y Villapalos lleg\u00f3 a nombrar como director general de Patrimonio al marido de la dirigente popular<\/span><\/p>\n<\/blockquote>\n<p class=\"mce\" style=\"text-align: justify;\"><span style=\"font-family: arial, helvetica, sans-serif; font-size: 14pt;\">El nacimiento oficial de la sexta universidad p\u00fablica de la Comunidad de Madrid tuvo lugar el\u00a0<a class=\"mce\" href=\"http:\/\/www.boe.es\/boe\/dias\/1996\/11\/25\/pdfs\/A35485-35487.pdf\" target=\"_blank\" rel=\"noopener noreferrer\">8 de julio de 1996<\/a>. La Rey Juan Carlos (URJC) que 15 a\u00f1os despu\u00e9s organiz\u00f3\u00a0<a class=\"mce\" href=\"https:\/\/www.eldiario.es\/escolar\/historia-completa-detalle-Cristina-Cifuentes_6_757034316.html\" target=\"_blank\" rel=\"noopener\">el pol\u00e9mico\u00a0m\u00e1ster de la presidenta de la Comunidad de Madrid<\/a>, Cristina Cifuentes, surgi\u00f3 como una iniciativa del entonces presidente regional Alberto Ruiz-Gallard\u00f3n. Pero quien\u00a0<a class=\"mce\" href=\"https:\/\/elpais.com\/diario\/1996\/02\/03\/madrid\/823350260_850215.html\" target=\"_blank\" rel=\"noopener noreferrer\">\u00a0dio forma al proyecto<\/a>\u00a0fue el entonces consejero de Educaci\u00f3n y Cultura Gustavo Villapalos.<\/span><\/p>\n<p class=\"mce\" style=\"text-align: justify;\"><span style=\"font-family: arial, helvetica, sans-serif; font-size: 14pt;\">Historiador y miembro de la Real Academia de Jurisprudencia y Legislaci\u00f3n, Villapalos tambi\u00e9n fue rector de la Universidad Complutense de Madrid entre 1987 y 1995. Un cargo al que accedi\u00f3, en parte, por la campa\u00f1a de apoyo en la que particip\u00f3 precisamente la propia Cifuentes.<\/span><\/p>\n<p class=\"mce\" style=\"text-align: justify;\"><span style=\"font-family: arial, helvetica, sans-serif; font-size: 14pt;\">Al creador de la URJC y primer presidente de su Consejo de Administraci\u00f3n y a Cifuentes les une una relaci\u00f3n que se remonta a los a\u00f1os 80 del pasado siglo. La hoy presidenta madrile\u00f1a era entonces una estudiante de Derecho de la Complutense que ya hab\u00eda entrado en pol\u00edtica \u2013se afili\u00f3 a Alianza Popular, predecesora del PP, con 16 a\u00f1os\u2013 y que tambi\u00e9n conoc\u00eda la militancia estudiantil por su participaci\u00f3n en una asociaci\u00f3n conservadora de la universidad.<\/span><\/p>\n<p class=\"mce\" style=\"text-align: justify;\"><span style=\"font-family: arial, helvetica, sans-serif; font-size: 14pt;\">Villapalos, cercano tambi\u00e9n a Alianza Popular, era entonces catedr\u00e1tico de Historia del Derecho. S<a class=\"mce\" href=\"https:\/\/www.elplural.com\/2016\/02\/22\/la-biograf%C3%ADa-no-autorizada-de-la-nueva-lideresa\" target=\"_blank\" rel=\"noopener noreferrer\">\u00a0eg\u00fan\u00a0cont\u00f3 El Plural\u00a0en 2016<\/a>, Cifuentes particip\u00f3 activamente en los grupos de apoyo para que \u00e9l se convirtiera primero en decano de la Facultad de Derecho y despu\u00e9s en rector. Precisamente en esos grupos conoci\u00f3 la presidenta madrile\u00f1a a\u00a0<a class=\"mce\" href=\"https:\/\/www.eldiario.es\/politica\/Dionisio-Ramos-Cifuentes-implicado-presidenta_0_756625025.html\" target=\"_blank\" rel=\"noopener\">otro de sus amigos,\u00a0Dionisio Ramos<\/a>, vinculado despu\u00e9s al\u00a0<em class=\"mce\">tamayazo<\/em>, que form\u00f3 parte del tribunal de la oposici\u00f3n en la que Cifuentes logr\u00f3 su actual puesto de funcionaria y que entre 2011 y 2012 tambi\u00e9n hizo el pol\u00e9mico m\u00e1ster de la dirigente madrile\u00f1a.<\/span><\/p>\n<p class=\"mce\" style=\"text-align: justify;\"><span style=\"font-family: arial, helvetica, sans-serif; font-size: 14pt;\">En cuanto a Villapalos, a finales de los a\u00f1os 80 y a principios de los 90 se convirti\u00f3 en amistad lo que hasta entonces era tan solo una relaci\u00f3n acad\u00e9mica. Como explica Alfonso Merlos en su libro\u00a0Cristina Cifuentes,\u00a0<em class=\"mce\">Sin Ataduras<\/em>\u00a0(La Esfera de los Libros, 2016) \u00e9l fue primero su maestro, y \u00abdespu\u00e9s ser\u00e1 su amigo\u00bb.<\/span><\/p>\n<p class=\"mce\" style=\"text-align: justify;\"><span style=\"font-family: arial, helvetica, sans-serif; font-size: 14pt;\">Las carreras de ambos crecieron adem\u00e1s en paralelo. En 1995 Gallard\u00f3n nombr\u00f3 al entonces rector consejero de Educaci\u00f3n y Cultura. Y ese mismo a\u00f1o Cifuentes, que ya era diputada auton\u00f3mica desde hac\u00eda cuatro, lograba acceder a la direcci\u00f3n de un colegio mayor administrado por la Complutense \u2013universidad de la que Villapalos hab\u00eda sido rector\u2013, el Miguel Antonio Caro. Como<a class=\"mce\" href=\"http:\/\/www.elmundo.es\/loc\/2015\/05\/02\/5543c4e922601dcf358b4570.html\" target=\"_blank\" rel=\"noopener noreferrer\">\u00a0\u00a0cont\u00f3 El Mundo<\/a>, el paso de la presidenta madrile\u00f1a por dicha residencia femenina fue decisivo, ya que por primera vez permiti\u00f3 que las estudiantes no tuvieran un horario de llegada, algo revolucionario en la \u00e9poca.<\/span><\/p>\n<p class=\"mce\" style=\"text-align: justify;\"><span style=\"font-family: arial, helvetica, sans-serif; font-size: 14pt;\">Adem\u00e1s de su amistad, la relaci\u00f3n entre Villapalos y Cifuentes tambi\u00e9n era profesional. Mientras el primero era consejero de Educaci\u00f3n y Cultura Cifuentes era designada como portavoz del PP en la Asamblea de Madrid del \u00e1rea de Educaci\u00f3n y Cultura. As\u00ed, era la actual presidenta madrile\u00f1a la encargada de fijar la postura de su grupo cada vez que Villapalos acud\u00eda a la c\u00e1mara auton\u00f3mica, y siempre lo hac\u00eda\u00a0<a class=\"mce\" href=\"https:\/\/elpais.com\/diario\/2005\/10\/31\/espana\/1130713208_850215.html\" target=\"_blank\" rel=\"noopener noreferrer\">\u00a0a favor de las posiciones<\/a>\u00a0del consejero.<\/span><\/p>\n<p class=\"mce\" style=\"text-align: justify;\"><span style=\"font-family: arial, helvetica, sans-serif; font-size: 14pt;\">Mientras uno era el m\u00e1ximo representante del Gobierno auton\u00f3mico en materia educativa y la otra portavoz de la materia del PP en la Asamblea, se produjo otro hecho que volver\u00eda a vincular las trayectorias vitales de ambos. En diciembre de 1998, Villapalos realizaba varios cambios dentro de su consejer\u00eda. Y uno de ellos consist\u00eda en el nombramiento de un nuevo director general de Patrimonio, puesto que,\u00a0<a class=\"mce\" href=\"https:\/\/elpais.com\/diario\/1998\/12\/11\/madrid\/913379065_850215.html\" target=\"_blank\" rel=\"noopener noreferrer\">como cont\u00f3 El Pa\u00eds<\/a>, recay\u00f3 en Francisco Javier Aguilar, arquitecto que ya hab\u00eda trabajado en numerosas obras de la Universidad Complutense y que no es otro que el marido de la propia Cifuentes.<\/span><\/p>\n<p class=\"mce\" style=\"text-align: justify;\"><span style=\"font-family: arial, helvetica, sans-serif; font-size: 14pt;\">En 2011, la actual presidenta madrile\u00f1a decid\u00eda iniciar un m\u00e1ster en la Rey Juan Carlos que hab\u00eda sido creada durante el mandato de su amigo Villapalos. Tres a\u00f1os despu\u00e9s, en 2014, \u00e9ste fue nombrado Doctor Honoris Causa de esa misma universidad.<\/span><\/p>\n<\/div>\n<\/div>\n<p><a href=\"https:\/\/puntocritico.com\/ausajpuntocritico\/wp-content\/uploads\/2016\/11\/Mosca_Punto_Cr\u00edtico_40.png\" rel=\"lightbox[10860]\"><img loading=\"lazy\" decoding=\"async\" class=\"aligncenter size-full wp-image-48\" src=\"https:\/\/puntocritico.com\/ausajpuntocritico\/wp-content\/uploads\/2016\/11\/Mosca_Punto_Cr\u00edtico_40.png\" alt=\"\" width=\"50\" height=\"50\" \/><\/a><\/p>\n<p>&nbsp;<\/p>\n<h1 class=\"pg-headline\" style=\"text-align: center;\"><a id=\"ref17\"><\/a><a href=\"#ref17a\">[17]<\/a> Hay m\u00e1s nombres: los VIP de la URJC<\/h1>\n<p><span style=\"font-size: 14pt;\">Por\u00a0Ignacio Escolar<\/span><\/p>\n<div><span style=\"color: #339966;\">Art\u00edculo publicado el 10 de abril de 2018 en<\/span><\/div>\n<div><span style=\"color: #339966;\"><a style=\"color: #339966;\" href=\"https:\/\/www.eldiario.es\/escolar\/nombres-VIP-URJC_6_759484056.html\" target=\"_blank\" rel=\"noopener\">https:\/\/www.eldiario.es\/escolar\/nombres-VIP-URJC_6_759484056.html<\/a><\/span><\/div>\n<div>\u00a0<\/div>\n<blockquote>\n<p class=\"mce\" style=\"text-align: justify;\"><span style=\"font-family: arial, helvetica, sans-serif; font-size: 14pt;\">Hab\u00eda alumnos de primera y de segunda en el m\u00e1ster de Cifuentes: estudiantes ordinarios, que aprobaban con ex\u00e1menes y clases, y tambi\u00e9n estudiantes VIP, que recibieron un trato de favor<\/span><\/p>\n<\/blockquote>\n<p class=\"mce\" style=\"text-align: justify;\"><span style=\"font-family: arial, helvetica, sans-serif; font-size: 14pt;\">Quien hace un m\u00e1ster hace cientos. El Instituto de Derecho P\u00fablico que a\u00fan hoy dirige el catedr\u00e1tico Enrique \u00c1lvarez Conde funcion\u00f3 durante a\u00f1os como un aut\u00e9ntico chiringuito donde hab\u00eda dos tipos de alumnos. Los ordinarios: pobrecitos incautos, estudiantes que all\u00ed se matriculaban pensando que era un m\u00e1ster normal, y que hoy tienen un t\u00edtulo bajo la sombra de la sospecha. Y otros alumnos extraordinarios, los VIP: pol\u00edticos, cargos de confianza nombrados por Gobiernos del PP, miembros de la comunidad acad\u00e9mica, amigos de \u00c1lvarez Conde o personas cercanas a algunas de las \u2018c\u00e1tedras\u2019 que tambi\u00e9n se impart\u00edan all\u00ed.<\/span><\/p>\n<p class=\"mce\" style=\"text-align: justify;\"><span style=\"font-family: arial, helvetica, sans-serif; font-size: 14pt;\">Lo que hasta hoy hemos destapado eldiario.es, el caso de Cristina Cifuentes, es solo la punta del iceberg. Hay m\u00e1s nombres, algunos muy conocidos y muchos otros casi an\u00f3nimos. Pero todos ellos tienen dos cosas en com\u00fan. La primera, que no recibieron el mismo trato que los alumnos del mont\u00f3n. No a todos les\u00a0<a class=\"mce\" href=\"https:\/\/www.eldiario.es\/politica\/Cifuentes-aprobo-asignaturas-falsificadas-profesores_0_759075046.html\" target=\"_blank\" rel=\"noopener\">convalidaban asignaturas con actas falsificadas, a final de curso<\/a>. La segunda, que todos aquellos VIP cuyos perfiles hemos podido reconstruir tienen nexos personales, profesionales o de amistad que explican ese trato de favor.<\/span><\/p>\n<p class=\"mce\" style=\"text-align: justify;\"><span style=\"font-family: arial, helvetica, sans-serif; font-size: 14pt;\">En las pr\u00f3ximas horas, eldiario.es va a publicar varios de estos nombres. Estamos a\u00fan intentando recabar la versi\u00f3n de todos ellos, para que se puedan explicar. No me cabe duda de que, con el tiempo, saldr\u00e1n otros nombres m\u00e1s y que todo esto terminar\u00e1 en los tribunales como un gran esc\u00e1ndalo nacional.<\/span><\/p>\n<p class=\"mce\" style=\"text-align: justify;\"><span style=\"font-family: arial, helvetica, sans-serif; font-size: 14pt;\">Cristina Cifuentes solo ten\u00eda raz\u00f3n en una cosa: no era la \u00fanica. Hab\u00eda otros alumnos con \u201cerrores administrativos\u201d, como ella defin\u00eda estas ilegalidades. Hab\u00eda m\u00e1s personas a las que dieron un trato de favor en ese chiringuito opaco dentro de la URJC, en este Instituto de Derecho P\u00fablico que cre\u00f3 Esperanza Aguirre dentro de\u00a0<a class=\"mce\" href=\"https:\/\/www.eldiario.es\/politica\/Cifuentes-Universidad-Rey-Juan-Carlos_0_757675063.html\" target=\"_blank\" rel=\"noopener\">la Universidad fundada por Alberto Ruiz-Gallard\u00f3n<\/a>.<\/span><\/p>\n<p class=\"mce\" style=\"text-align: justify;\"><span style=\"font-family: arial, helvetica, sans-serif; font-size: 14pt;\">Cristina Cifuentes, con todo, ha sido VIP entre los VIP de la URJC; al menos entre los que, por ahora, hemos podido acreditar. No todos los convalidados con firmas falsas tienen siquiera el t\u00edtulo ni lograron dos a\u00f1os despu\u00e9s de terminar el curso que una funcionaria cercana entrara en la intranet de la Universidad para modificar sus notas. Dudo tambi\u00e9n que haya muchos otros a los que, una vez descubiertos, les falsificaran otro documento m\u00e1s: esa acta del TFM que ya investiga la Fiscal\u00eda y que Cifuentes us\u00f3 para intentar desmentir a eldiario.es y amenazarnos con la c\u00e1rcel.<\/span><\/p>\n<p class=\"mce\" style=\"text-align: justify;\"><span style=\"font-family: arial, helvetica, sans-serif; font-size: 14pt;\">Tampoco creo que el resto de estos VIP vaya a recibir una larga y cerrada ovaci\u00f3n por parte del partido que gobierna en Espa\u00f1a, que\u00a0todav\u00eda intenta sujetar a Cristina Cifuentes en el sill\u00f3n.<\/span><\/p>\n<p class=\"mce\" style=\"text-align: justify;\"><span style=\"font-family: arial, helvetica, sans-serif; font-size: 14pt;\">La responsabilidad de la presidenta de Madrid en este caso sigue siendo igual de grave que cuando empez\u00f3. Es probable que Cifuentes se escude en no ser la \u00fanica para evitar la dimisi\u00f3n. No es excusa. Que haya m\u00e1s VIP solo a\u00f1ade a\u00fan m\u00e1s problemas a los directivos de este Instituto Universitario, no aligera la culpa de la presidenta de Madrid.<\/span><\/p>\n<div class=\"cutting\">\n<div class=\"cutting-wrapper\">\n<p style=\"text-align: justify;\"><span style=\"font-family: arial, helvetica, sans-serif; font-size: 14pt;\">Lo ocurrido con Cifuentes ha demostrado algo importante: por qu\u00e9 una prensa independiente es imprescindible para evitar la impunidad. Sin el apoyo de tantos lectores, no habr\u00edamos podido llegar hasta aqu\u00ed.<\/span><\/p>\n<p style=\"text-align: justify;\"><span style=\"font-family: arial, helvetica, sans-serif; font-size: 14pt;\">Si eres socio, quiero darte las gracias y, si puedes, pedirte que\u00a0<a href=\"https:\/\/www.eldiario.es\/regala\/\" target=\"_blank\" rel=\"noopener\">regales eldiario.es a tus amigos<\/a>\u00a0o que\u00a0<a href=\"https:\/\/l.eldiario.es\/socios\/aumenta-cuota\/\" target=\"_blank\" rel=\"noopener\">aumentes tu cuota<\/a>.<\/span><\/p>\n<p style=\"text-align: justify;\"><span style=\"font-family: arial, helvetica, sans-serif; font-size: 14pt;\">Si no eres socio, te pido que al menos\u00a0<a href=\"https:\/\/www.eldiario.es\/hazte_socio\/\" target=\"_blank\" rel=\"noopener\">te lo plantees<\/a>. Estamos demostrando que otra prensa es posible. Con la ayuda de m\u00e1s lectores comprometidos, podremos llegar m\u00e1s all\u00e1.<\/span><\/p>\n<\/div>\n<\/div>\n<p>&nbsp;<\/p>\n<p><a href=\"https:\/\/puntocritico.com\/ausajpuntocritico\/wp-content\/uploads\/2016\/11\/Mosca_Punto_Cr\u00edtico_40.png\" rel=\"lightbox[10860]\"><img loading=\"lazy\" decoding=\"async\" class=\"aligncenter size-full wp-image-48\" src=\"https:\/\/puntocritico.com\/ausajpuntocritico\/wp-content\/uploads\/2016\/11\/Mosca_Punto_Cr\u00edtico_40.png\" alt=\"\" width=\"50\" height=\"50\" \/><\/a><\/p>\n<h1 class=\"pg-headline\" style=\"text-align: center;\"><a id=\"ref18\"><\/a><a href=\"#ref18a\">[18]<\/a> Pablo Casado nunca fue a clase y solo curs\u00f3 cuatro de las 22 asignaturas de su m\u00e1ster gracias a las convalidaciones<\/h1>\n<div class=\"subtitle bkn mce sk2\">\u00a0<\/div>\n<div><span style=\"color: #339966;\">Art\u00edculo publicad0 el 10 de abril de 2018 en<\/span><\/div>\n<div><span style=\"color: #339966;\"><a style=\"color: #339966;\" href=\"https:\/\/www.eldiario.es\/politica\/Pablo-Casado-necesito-asignaturas-aprobar_0_759424354.html\" target=\"_blank\" rel=\"noopener\">https:\/\/www.eldiario.es\/politica\/Pablo-Casado-necesito-asignaturas-aprobar_0_759424354.html<\/a><\/span><\/div>\n<p>&nbsp;<\/p>\n<figure id=\"attachment_10946\" aria-describedby=\"caption-attachment-10946\" style=\"width: 643px\" class=\"wp-caption aligncenter\"><a href=\"https:\/\/puntocritico.com\/ausajpuntocritico\/wp-content\/uploads\/2018\/04\/Casado-muestra-documentacion-master-doctorado_EDIIMA20180410_0326_19.jpg\" rel=\"lightbox[10860]\"><img loading=\"lazy\" decoding=\"async\" class=\"wp-image-10946 size-full\" src=\"https:\/\/puntocritico.com\/ausajpuntocritico\/wp-content\/uploads\/2018\/04\/Casado-muestra-documentacion-master-doctorado_EDIIMA20180410_0326_19.jpg\" alt=\"\" width=\"643\" height=\"362\" srcset=\"https:\/\/puntocritico.com\/ausajpuntocritico\/wp-content\/uploads\/2018\/04\/Casado-muestra-documentacion-master-doctorado_EDIIMA20180410_0326_19.jpg 643w, https:\/\/puntocritico.com\/ausajpuntocritico\/wp-content\/uploads\/2018\/04\/Casado-muestra-documentacion-master-doctorado_EDIIMA20180410_0326_19-300x169.jpg 300w\" sizes=\"auto, (max-width: 643px) 100vw, 643px\" \/><\/a><figcaption id=\"caption-attachment-10946\" class=\"wp-caption-text\"><span style=\"font-size: 10pt; color: #339966;\"><strong>El vicesecretario de Comunicaci\u00f3n del PP, Pablo Casado, muestra un trabajo de su m\u00e1ster EFE<\/strong><\/span><\/figcaption><\/figure>\n<p class=\"mce\" style=\"text-align: justify;\">\u00a0<\/p>\n<blockquote>\n<p style=\"text-align: justify;\"><span style=\"font-family: arial, helvetica, sans-serif; font-size: 14pt;\">La universidad permiti\u00f3 a Casado convalidar 40 de los 60 cr\u00e9ditos de los que constaba el m\u00e1ster, seg\u00fan ha explicado \u00e9l mismo en una comparecencia en G\u00e9nova<\/span><\/p>\n<p style=\"text-align: justify;\"><span style=\"font-family: arial, helvetica, sans-serif; font-size: 14pt;\">Casado nunca asisti\u00f3 a las clases y le bast\u00f3 con redactar cuatro trabajos que en total ocuparon algo m\u00e1s de 90 folios<\/span><\/p>\n<p style=\"text-align: justify;\"><span style=\"font-family: arial, helvetica, sans-serif; font-size: 14pt;\">El dirigente del PP ha mostrado ante la prensa toda la documentaci\u00f3n relativa a sus estudios, como contrapunto a la gesti\u00f3n de Cifuentes con su esc\u00e1ndalo<\/span><\/p>\n<\/blockquote>\n<p class=\"mce\" style=\"text-align: justify;\"><span style=\"font-family: arial, helvetica, sans-serif; font-size: 14pt;\">El dirigente del Partido Popular, Pablo Casado no necesit\u00f3 ir a clase para obtener un m\u00e1ster casi id\u00e9ntico al de Cristina Cifuentes en la Universidad Rey Juan Carlos de Madrid. Casado se benefici\u00f3 del m\u00e1ximo r\u00e9gimen de convalidaciones permitido por ley, lo que le permiti\u00f3 cursar solo 20 de los 60 cr\u00e9ditos de los que constaba su t\u00edtulo, tal y como ha explicado \u00e9l mismo en una largu\u00edsima comparecencia ante los periodistas, convocada por la direcci\u00f3n del PP. En concreto, Pablo Casado curs\u00f3 solo 4 asignaturas de un total de 22 que estaban previstas en el programa. Adem\u00e1s, lo hizo sin asistir a clase con el benepl\u00e1cito de la misma persona que estaba detr\u00e1s del m\u00e1ster de Cifuentes, el catedr\u00e1tico Enrique \u00c1lvarez Conde.<\/span><\/p>\n<figure id=\"attachment_10947\" aria-describedby=\"caption-attachment-10947\" style=\"width: 643px\" class=\"wp-caption aligncenter\"><a href=\"https:\/\/puntocritico.com\/ausajpuntocritico\/wp-content\/uploads\/2018\/04\/Pablo-Casado-documentacion-presentado-PP_EDIIMA20180410_0396_19.jpg\" rel=\"lightbox[10860]\"><img loading=\"lazy\" decoding=\"async\" class=\"wp-image-10947 size-full\" src=\"https:\/\/puntocritico.com\/ausajpuntocritico\/wp-content\/uploads\/2018\/04\/Pablo-Casado-documentacion-presentado-PP_EDIIMA20180410_0396_19.jpg\" alt=\"\" width=\"643\" height=\"369\" srcset=\"https:\/\/puntocritico.com\/ausajpuntocritico\/wp-content\/uploads\/2018\/04\/Pablo-Casado-documentacion-presentado-PP_EDIIMA20180410_0396_19.jpg 643w, https:\/\/puntocritico.com\/ausajpuntocritico\/wp-content\/uploads\/2018\/04\/Pablo-Casado-documentacion-presentado-PP_EDIIMA20180410_0396_19-300x172.jpg 300w\" sizes=\"auto, (max-width: 643px) 100vw, 643px\" \/><\/a><figcaption id=\"caption-attachment-10947\" class=\"wp-caption-text\"><strong><span style=\"font-size: 10pt; color: #339966;\">Pablo Casado con la documentaci\u00f3n que ha presentado en la sede del PP<\/span><\/strong><\/figcaption><\/figure>\n<p class=\"mce\" style=\"text-align: justify;\"><span style=\"font-size: 14pt; font-family: arial, helvetica, sans-serif;\">Para aprobar el master gemelo al de Cifuentes, a Casado le bast\u00f3 con redactar 4 trabajos con un espacio conjunto de 92 folios por los que obtuvo la m\u00e1xima calificaci\u00f3n. El presidente de la comisi\u00f3n de adaptaciones y convalidaciones que permiti\u00f3 a Casado no cursar el 66% de los cr\u00e9ditos era, en el momento de los hechos (2009), Fernando Su\u00e1rez Bilbao. Este profesor acabar\u00eda siendo rector de la URJC\u00a0de cuyo cargo se vio apartado,\u00a0<a class=\"mce\" href=\"https:\/\/www.eldiario.es\/sociedad\/Rey-Juan-Carlos-presentara-elecciones_0_598440517.html\" target=\"_blank\" rel=\"noopener\">\u00a0tras desvelar eldiario.es<\/a>\u00a0la multitud de plagios en los que estaba involucrado.\u00a0<\/span><\/p>\n<p class=\"mce\" style=\"text-align: justify;\"><span style=\"font-size: 14pt; font-family: arial, helvetica, sans-serif;\">Ante las informaciones que han discutido la obtenci\u00f3n de su m\u00e1ster, Casado ha dise\u00f1ado una estrategia de comunicaci\u00f3n opuesta a la de su compa\u00f1era Cristina Cifuentes. Ha convocado a los medios a una reuni\u00f3n de hora y media, en la que ha explicado los detalles relativos a su paso por la Universidad Rey Juan Carlos, y posteriormente ha ofrecido una rueda de prensa pensada para las televisiones. Casado se ha presentado ante los periodistas con la documentaci\u00f3n sellada de su matr\u00edcula, las solicitudes selladas de convalidaci\u00f3n y Los cuatro trabajos que entreg\u00f3 a cambio del t\u00edtulo, esos 92 folios que le bastaron para obtener el pol\u00e9mico master.<\/span><\/p>\n<p class=\"mce\" style=\"text-align: justify;\"><span style=\"font-size: 14pt; font-family: arial, helvetica, sans-serif;\">El vicesecretario de comunicaci\u00f3n del PP ha procurado eludir cualquier sospecha de trato de favor: \u00abYo, en el centro, trataba a la gente de usted. Se me mand\u00f3 a hacer cola a secretar\u00eda, como debe de ser\u00bb.<\/span><\/p>\n<p class=\"mce\" style=\"text-align: justify;\"><span style=\"font-size: 14pt; font-family: arial, helvetica, sans-serif;\">Preguntado sobre qu\u00e9 persona de la URJC le permiti\u00f3 suplir sus asistencia a clase por la entrega de trabajos, Casado ha se\u00f1alado al catedr\u00e1tico Enrique \u00c1lvarez Conde, el mismo que habilit\u00f3 los aprobados de Cristina Cifuentes que investiga la justicia. El dirigente popular dice que el arreglo se pact\u00f3 cara a cara en las dependencias de la universidad madrilena.<\/span><\/p>\n<p class=\"mce\" style=\"text-align: justify;\"><span style=\"font-size: 14pt; font-family: arial, helvetica, sans-serif;\">En el cap\u00edtulo de diferencias con el caso Cifuentes, Casado ha explicado que recibi\u00f3 la calificaci\u00f3n de sobresaliente en todas y cada una de las asignaturas que curs\u00f3, un total de 4 de las 22 de las que constaba o m\u00e1ster. Tambi\u00e9n, a diferencia de la presidenta madrilena, Casado ha explicado que nunca recogi\u00f3 su t\u00edtulo, al frustrarse su intenci\u00f3n de iniciar un camino hacia el doctorado que nunca lleg\u00f3 a emprender.<\/span><\/p>\n<div style=\"text-align: center;\"><iframe loading=\"lazy\" src=\"https:\/\/www.youtube.com\/embed\/0ZTxgqh9gzA\" width=\"540\" height=\"360\" frameborder=\"0\" allowfullscreen=\"allowfullscreen\" data-mce-fragment=\"1\"><span data-mce-type=\"bookmark\" style=\"display: inline-block; width: 0px; overflow: hidden; line-height: 0;\" class=\"mce_SELRES_start\">\ufeff<\/span><\/iframe><\/div>\n<p><a href=\"https:\/\/puntocritico.com\/ausajpuntocritico\/wp-content\/uploads\/2016\/11\/Mosca_Punto_Cr\u00edtico_40.png\" rel=\"lightbox[10860]\"><img loading=\"lazy\" decoding=\"async\" class=\"aligncenter size-full wp-image-48\" src=\"https:\/\/puntocritico.com\/ausajpuntocritico\/wp-content\/uploads\/2016\/11\/Mosca_Punto_Cr\u00edtico_40.png\" alt=\"\" width=\"50\" height=\"50\" \/><\/a><\/p>\n<p>&nbsp;<\/p>\n<h1 class=\"pg-headline\" style=\"text-align: center;\"><a id=\"ref19\"><\/a><a href=\"#ref19a\">[19]<\/a> Cifuentes aprob\u00f3 tres asignaturas de su m\u00e1ster con unas actas con firmas de profesores falsificadas<\/h1>\n<p><span style=\"font-size: 14pt;\">Por\u00a0Laura Galaup \/ Jos\u00e9 Precedo \/ Ra\u00fal Rej\u00f3n \/ Ignacio Escolar \/ Raquel Ejerique<\/span><\/p>\n<div><span style=\"color: #339966;\">Art\u00edculo publicado el 10 de abril de 2018 en<\/span><\/div>\n<div><span style=\"color: #339966;\"><a style=\"color: #339966;\" href=\"https:\/\/www.eldiario.es\/politica\/Cifuentes-aprobo-asignaturas-falsificadas-profesores_0_759075046.html\" target=\"_blank\" rel=\"noopener\">https:\/\/www.eldiario.es\/politica\/Cifuentes-aprobo-asignaturas-falsificadas-profesores_0_759075046.html<\/a><\/span><\/div>\n<div>\u00a0<\/div>\n<div>\u00a0<\/div>\n<figure id=\"attachment_10950\" aria-describedby=\"caption-attachment-10950\" style=\"width: 643px\" class=\"wp-caption aligncenter\"><a href=\"https:\/\/puntocritico.com\/ausajpuntocritico\/wp-content\/uploads\/2018\/04\/firmas-falsificadas-convalidaciones-Cifuentes-eldiarioes_EDIIMA20180410_0054_19.jpg\" rel=\"lightbox[10860]\"><img loading=\"lazy\" decoding=\"async\" class=\"wp-image-10950 size-full\" src=\"https:\/\/puntocritico.com\/ausajpuntocritico\/wp-content\/uploads\/2018\/04\/firmas-falsificadas-convalidaciones-Cifuentes-eldiarioes_EDIIMA20180410_0054_19.jpg\" alt=\"\" width=\"643\" height=\"362\" srcset=\"https:\/\/puntocritico.com\/ausajpuntocritico\/wp-content\/uploads\/2018\/04\/firmas-falsificadas-convalidaciones-Cifuentes-eldiarioes_EDIIMA20180410_0054_19.jpg 643w, https:\/\/puntocritico.com\/ausajpuntocritico\/wp-content\/uploads\/2018\/04\/firmas-falsificadas-convalidaciones-Cifuentes-eldiarioes_EDIIMA20180410_0054_19-300x169.jpg 300w\" sizes=\"auto, (max-width: 643px) 100vw, 643px\" \/><\/a><figcaption id=\"caption-attachment-10950\" class=\"wp-caption-text\"><span style=\"font-size: 10pt; color: #339966;\"><strong>Detalle de una de las tres actas de convalidaci\u00f3n con 5 de las 6 firmas falsificadas <\/strong><\/span><\/figcaption><\/figure>\n<p class=\"mce\" style=\"text-align: justify;\"><span style=\"font-size: 14pt; font-family: arial, helvetica, sans-serif;\"><a class=\"mce\" href=\"https:\/\/www.eldiario.es\/sociedad\/Javier-Ramos_0_758024434.html\" target=\"_blank\" rel=\"noopener\">No hay trabajo de fin de m\u00e1ster<\/a>. No hay tribunal que lo avale.\u00a0<a class=\"mce\" href=\"https:\/\/www.eldiario.es\/politica\/Alumnos-master-Cifuentes-vimos-contacto_0_753125092.html\" target=\"_blank\" rel=\"noopener\">No hay asistencia a clase<\/a>. No hay ex\u00e1menes. No hay matr\u00edcula en los plazos legales. No hay apenas rastro oficial en el registro de la Universidad Rey Juan Carlos y\u00a0<a class=\"mce\" href=\"https:\/\/www.eldiario.es\/sociedad\/Cifuentes-obtenido-publico-falseando-asignaturas_0_752075026.html\" target=\"_blank\" rel=\"noopener\">\u00a0cada papel que se conoce sobre este t\u00edtulo universitario<\/a>\u00a0de la presidenta de Madrid\u00a0<a class=\"mce\" href=\"https:\/\/www.eldiario.es\/politica\/mentiras-verdad-Cristina-Cifuentes-pleno_0_757324768.html\" target=\"_blank\" rel=\"noopener\">demuestra una nueva ilegalidad<\/a>.<\/span><\/p>\n<p class=\"mce\" style=\"text-align: justify;\"><span style=\"font-size: 14pt; font-family: arial, helvetica, sans-serif;\">eldiario.es\u00a0ha accedido\u00a0a tres actas oficiales con sello del Instituto de Derecho P\u00fablico, que dirige Enrique \u00c1lvarez Conde,\u00a0en las que se da fe de una supuesta reuni\u00f3n de la \u00abcomisi\u00f3n de Garant\u00eda de Calidad\u00bb del m\u00e1ster, el 24 de mayo de 2012, donde se aprob\u00f3 a varios estudiantes la convalidaci\u00f3n de tres de las asignaturas, una cuarta parte del total.<\/span><\/p>\n<p class=\"mce\" style=\"text-align: justify;\"><span style=\"font-size: 14pt; font-family: arial, helvetica, sans-serif;\"><a class=\"mce\" href=\"https:\/\/www.urjc.es\/images\/Universidad\/Presentacion\/normativa\/Convalidaciones_y_Reconocimientos_MASTER.pdf\" target=\"_blank\" rel=\"noopener noreferrer\">Las convalidaciones no son, en s\u00ed mismas, un m\u00e9todo irregular<\/a>. Se puede aprobar una asignatura por esta v\u00eda en cualquier formaci\u00f3n universitaria si el alumno as\u00ed lo solicita y demuestra que tiene acreditados esos mismos conocimientos con otro t\u00edtulo oficial. Lo ilegal no es ese m\u00e9todo, habitual en la Universidad. Es que la reuni\u00f3n de la comisi\u00f3n de Garant\u00eda de Calidad donde supuestamente se aprobaron esas convalidaciones nunca existi\u00f3 y que las actas que as\u00ed lo registraron, que tambi\u00e9n cuentan con membrete y sello oficial del Instituto de Derecho P\u00fablico y de la URJC, fueron falsificadas.<\/span><\/p>\n<p class=\"mce\" style=\"text-align: justify;\"><span style=\"font-size: 14pt; font-family: arial, helvetica, sans-serif;\">De las seis firmas que aparecen al pie de estas actas, dos profesores niegan a eldiario.es haber firmado jam\u00e1s. A otra no le suena la firma. Y un informe caligr\u00e1fico, encargado por eldiario.es a Rosario Casas, perito cal\u00edgrafo judicial, confirma que cinco de las seis firmas son completamente falsas.<\/span><\/p>\n<p class=\"mce\" style=\"text-align: justify;\"><span style=\"font-size: 14pt; font-family: arial, helvetica, sans-serif;\">\u00abReunida la comisi\u00f3n de Garant\u00eda de Calidad del M\u00e1ster en Derecho P\u00fablico del Estado Auton\u00f3mico, el d\u00eda 24 de mayo a las 12h, certifica que los siguientes alumnos y alumnas han convalidado\u2026\u00bb. La redacci\u00f3n de las tres actas es casi id\u00e9ntica: solo cambia el t\u00edtulo de las distintas asignaturas. Los nombres que supuestamente firman tambi\u00e9n son siempre los mismos. El documento est\u00e1 fechado el 24 de mayo de 2012, casi al final del curso en el que Cifuentes se matricul\u00f3.<\/span><\/p>\n<p class=\"mce\" style=\"text-align: justify;\"><span style=\"font-size: 14pt; font-family: arial, helvetica, sans-serif;\">Tres de los seis nombres que aparecen en las firmas de estas actas falsificadas son ya conocidos en esta historia. Figura\u00a0<a class=\"mce\" href=\"https:\/\/www.eldiario.es\/sociedad\/catedratico-Enrique-Alvarez-Conde-Cifuentes_0_758024278.html\" target=\"_blank\" rel=\"noopener\">Enrique \u00c1lvarez Conde, el catedr\u00e1tico que dirige este instituto<\/a>\u00a0universitario de la URJC en el que Cifuentes curs\u00f3 su m\u00e1ster y que recientemente reconoc\u00eda que hab\u00eda \u00abreconstruido\u00bb otra acta falsificada. Tambi\u00e9n\u00a0<a class=\"mce\" href=\"https:\/\/www.eldiario.es\/sociedad\/director-master_0_752775653.html\" target=\"_blank\" rel=\"noopener\">Cecilia Rosado, la directora del m\u00e1ster de Cifuentes<\/a>. Y Clara Souto, otra de las \u00abdisc\u00edpulas\u00bb de \u00c1lvarez Conde, que en la primera versi\u00f3n de la URJC formaba parte del tribunal que hab\u00eda examinado el trabajo de Cifuentes y que recientemente tambi\u00e9n\u00a0<a class=\"mce\" href=\"https:\/\/www.eldiario.es\/sociedad\/segunda-examinadora-Cifuentes-admite-falsificada_0_758025159.html\" target=\"_blank\" rel=\"noopener\">ha confesado que ese tribunal nunca existi\u00f3<\/a>. Souto no ha respondido a eldiario.es<\/span><\/p>\n<p class=\"mce\" style=\"text-align: justify;\"><span style=\"font-size: 14pt; font-family: arial, helvetica, sans-serif;\">Adem\u00e1s de esos tres nombres ya conocidos, salen otros tres nuevos en esta investigaci\u00f3n. Son Laura Nu\u00f1o, subdirectora de \u00c1lvarez Conde y amiga de las otras profesoras implicadas, Alfredo Allu\u00e9 Buiza, profesor de Derecho Constitucional en la Universidad de Valladolid, y \u00c1ngela Figueruelo, catedr\u00e1tica de Derecho Constitucional de la Universidad de Salamanca y vocal de la Junta Electoral Central.<\/span><\/p>\n<p class=\"mce\" style=\"text-align: justify;\"><span style=\"font-size: 14pt; font-family: arial, helvetica, sans-serif;\">eldiario.es ha podido hablar en las \u00faltimas 48 horas con varios de estos profesores. \u00abNo recuerdo haber convalidado nada de esa materia, ni remotamente\u00bb, asegura Laura Nu\u00f1o. Cuando eldiario.es le env\u00eda una foto de su firma estampada en el documento, se\u00f1ala: \u00abNo parece mi firma\u00bb. \u00bfEs falsificada, entonces? Tampoco contesta a eso: \u00abSimplemente no parece mi firma\u00bb. La perito cal\u00edgrafo confirma que no parece su firma porque, en efecto, no lo es.<\/span><\/p>\n<div class=\"inset cf width643\" style=\"text-align: justify;\">\n<figure class=\"media-holder\">\n<div class=\"mg \">\n<figure id=\"attachment_10948\" aria-describedby=\"caption-attachment-10948\" style=\"width: 500px\" class=\"wp-caption aligncenter\"><a href=\"https:\/\/puntocritico.com\/ausajpuntocritico\/wp-content\/uploads\/2018\/04\/actas-convalidacion-cifuentes_EDIIMA20180410_0099_19.jpg\" rel=\"lightbox[10860]\"><img loading=\"lazy\" decoding=\"async\" class=\"wp-image-10948\" src=\"https:\/\/puntocritico.com\/ausajpuntocritico\/wp-content\/uploads\/2018\/04\/actas-convalidacion-cifuentes_EDIIMA20180410_0099_19.jpg\" alt=\"\" width=\"500\" height=\"701\" srcset=\"https:\/\/puntocritico.com\/ausajpuntocritico\/wp-content\/uploads\/2018\/04\/actas-convalidacion-cifuentes_EDIIMA20180410_0099_19.jpg 643w, https:\/\/puntocritico.com\/ausajpuntocritico\/wp-content\/uploads\/2018\/04\/actas-convalidacion-cifuentes_EDIIMA20180410_0099_19-214x300.jpg 214w\" sizes=\"auto, (max-width: 500px) 100vw, 500px\" \/><\/a><figcaption id=\"caption-attachment-10948\" class=\"wp-caption-text\"><span style=\"color: #339966; font-size: 10pt;\"><strong>Una de las tres actas de convalidaci\u00f3n con 5 de las 6 firmas falsificadas.<\/strong><\/span><\/figcaption><\/figure>\n<\/div><figcaption class=\"caption-inside\">\n<p>&nbsp;<\/p>\n<\/figcaption><\/figure>\n<\/div>\n<p class=\"mce\" style=\"text-align: justify;\"><span style=\"font-size: 14pt; font-family: arial, helvetica, sans-serif;\">M\u00e1s claras y tambi\u00e9n m\u00e1s contundentes son las explicaciones de los dos profesores que formaban parte de la \u00abcomisi\u00f3n de garant\u00eda\u00bb pero que no son docentes de la URJC. \u00abYo no tengo constancia de que participara [en esa comisi\u00f3n]. No me he reunido en ninguna comisi\u00f3n de garant\u00eda del m\u00e1ster\u00bb, asegura el \u00a0profesor Alfredo Allu\u00e9 Buiza, de la Universidad de Valladolid. \u00bfPertenec\u00eda a la Comisi\u00f3n de garant\u00eda de Calidad? \u00abEn absoluto. Y si eso es as\u00ed y he firmado me siento totalmente manipulado. Por mucho que hago esfuerzos por acordarme no me acuerdo en absoluto del tema. A mediod\u00eda, imposible. Yo fui en un tren. Com\u00ed. Di clase de cuatro a ocho. Me invitaron a cenar. Y al d\u00eda siguiente a las nueve me volv\u00ed a Valladolid. No estoy en ninguna comisi\u00f3n de garant\u00edas en absoluto ni he tenido constancia. Si me han apuntado, me siento profundamente manipulado\u00bb.<\/span><\/p>\n<p class=\"mce\" style=\"text-align: justify;\"><span style=\"font-size: 14pt; font-family: arial, helvetica, sans-serif;\">Cuando eldiario.es env\u00eda a Alfredo All\u00fae las firmas con su nombre que aparecen en estas tres actas, r\u00e1pido entiende el misterio. \u00abNi es mi firma, ni lo que pone debajo, lo de Alfredo Allu\u00e9, es mi letra\u00bb. As\u00ed lo confirma tambi\u00e9n el peritaje caligr\u00e1fico encargado por eldiario.es<\/span><\/p>\n<p class=\"mce\" style=\"text-align: justify;\"><span style=\"font-size: 14pt; font-family: arial, helvetica, sans-serif;\">Algo similar contesta otra de las supuestas firmantes, \u00c1ngela Figueruelo. Esta catedr\u00e1tica de Derecho Constitucional de la Universidad de Salamanca asegura a eldiario.es que las r\u00fabricas que figuran en estos documentos encima de su nombre no son suyas. \u00abEsa no es mi firma ni mi letra\u00bb, indica. Tambi\u00e9n dice desconocer qu\u00e9 es la Comisi\u00f3n de Garant\u00eda de Calidad a la que hace referencia el documento e incide en que en ning\u00fan momento le avisaron desde el Instituto de Derecho P\u00fablico de que iban a utilizar su firma. \u00abNo sospechaba ni por lo m\u00e1s remoto que en nombre de otra persona se firmaban documentos sin hac\u00e9rselos llegar a la afectada\u00bb, apunta en relaci\u00f3n a esta actuaci\u00f3n.<\/span><\/p>\n<p class=\"mce\" style=\"text-align: justify;\"><span style=\"font-size: 14pt; font-family: arial, helvetica, sans-serif;\">Figueruelo, que es vocal de la Junta Electoral Central, pertenece al Instituto de Derecho P\u00fablico de la Universidad Rey Juan Carlos, pero asegura que nunca ha impartido asignaturas en el m\u00e1ster cursado por Cristina Cifuentes. Limita las relaciones que ha mantenido con \u00c1lvarez Conde, Souto y Rosado a \u00abcolaboraciones cient\u00edficas\u00bb porque todos son abogados constitucionalistas. \u00abHe ido [a la Rey Juan Carlos] y han venido a [la Universidad de Salamanca] para dar conferencias dentro de la legalidad m\u00e1s absoluta\u00bb, rese\u00f1a.<\/span><\/p>\n<div class=\"inset cf width643\" style=\"text-align: justify;\">\n<figure class=\"media-holder\">\n<div class=\"mg \">\n<figure id=\"attachment_10949\" aria-describedby=\"caption-attachment-10949\" style=\"width: 643px\" class=\"wp-caption aligncenter\"><a href=\"https:\/\/puntocritico.com\/ausajpuntocritico\/wp-content\/uploads\/2018\/04\/Parte-caligrafico-Alvarez-Conde-falsificada_EDIIMA20180409_0872_4.jpg\" rel=\"lightbox[10860]\"><img loading=\"lazy\" decoding=\"async\" class=\"wp-image-10949 size-full\" src=\"https:\/\/puntocritico.com\/ausajpuntocritico\/wp-content\/uploads\/2018\/04\/Parte-caligrafico-Alvarez-Conde-falsificada_EDIIMA20180409_0872_4.jpg\" alt=\"\" width=\"643\" height=\"362\" srcset=\"https:\/\/puntocritico.com\/ausajpuntocritico\/wp-content\/uploads\/2018\/04\/Parte-caligrafico-Alvarez-Conde-falsificada_EDIIMA20180409_0872_4.jpg 643w, https:\/\/puntocritico.com\/ausajpuntocritico\/wp-content\/uploads\/2018\/04\/Parte-caligrafico-Alvarez-Conde-falsificada_EDIIMA20180409_0872_4-300x169.jpg 300w\" sizes=\"auto, (max-width: 643px) 100vw, 643px\" \/><\/a><figcaption id=\"caption-attachment-10949\" class=\"wp-caption-text\"><span style=\"font-size: 10pt; color: #339966;\"><strong>Parte del informe caligr\u00e1fico que revela que la firma de \u00c1lvarez Conde ha sido falsificada<\/strong><\/span><\/figcaption><\/figure>\n<\/div><figcaption class=\"caption-inside\">\n<p>&nbsp;<\/p>\n<\/figcaption><\/figure>\n<\/div>\n<p class=\"mce\" style=\"text-align: justify;\"><span style=\"font-size: 14pt; font-family: arial, helvetica, sans-serif;\">Tras conocer esta informaci\u00f3n, \u00c1ngela Figueruelo va a consultar si interpone acciones judiciales. Algo parecido ha decidido el profesor Alfredo Allu\u00e9: \u00abComo comprender\u00e1n voy ma\u00f1ana mismo a poner esto en manos de un abogado\u00bb, asegura.<\/span><\/p>\n<p class=\"mce\" style=\"text-align: justify;\"><span style=\"font-size: 14pt; font-family: arial, helvetica, sans-serif;\">A diferencia del documento falsificado que Cifuentes mostr\u00f3 para asegurar que hab\u00eda presentado su trabajo de fin de m\u00e1ster, la fecha de estas actas s\u00ed es real. Fueron fabricadas durante el curso de 2012, no en 2018.<\/span><\/p>\n<p class=\"mce\" style=\"text-align: justify;\"><span style=\"font-size: 14pt; font-family: arial, helvetica, sans-serif;\">La investigaci\u00f3n de eldiario.es tambi\u00e9n ha podido constatar que ese papel oficial y falsificado s\u00ed se us\u00f3 en ese curso para justificar la convalidaci\u00f3n. Esta redacci\u00f3n no ha podido reconstruir al completo el complejo proceso de convalidaci\u00f3n y qui\u00e9nes participaron en \u00e9l. Pero el informe caligr\u00e1fico s\u00ed prueba que la \u00fanica firma verdadera es la de Cecilia Rosado, la directora del m\u00e1ster de Cifuentes y tambi\u00e9n la principal sospechosa de falsificar, en 2018,<a class=\"mce\" href=\"https:\/\/www.eldiario.es\/politica\/presento-Cifuentes-prueba-master-falsificada_0_757324263.html\" target=\"_blank\" rel=\"noopener\">\u00a0el acta con el que Cifuentes intent\u00f3 tapar la primera noticia de eldiario.es<\/a>, seg\u00fan revel\u00f3 \u00c1lvarez Conde.<\/span><\/p>\n<p class=\"mce\" style=\"text-align: justify;\"><span style=\"font-size: 14pt; font-family: arial, helvetica, sans-serif;\">Seg\u00fan el informe pericial, es tambi\u00e9n Cecilia Rosado qui\u00e9n escribe el resto de nombres de los firmantes: \u00abPodemos determinar que los textos que aparecen en los documentos dubitados\u00a0han sido realizadas por el mismo amanuense\u00bb.\u00a0<\/span><\/p>\n<p class=\"mce\" style=\"text-align: justify;\"><span style=\"font-size: 14pt; font-family: arial, helvetica, sans-serif;\">Respecto a las r\u00fabricas, la perito confirma que se han falsificado todas ellas por la misma persona: \u00abHemos podido concluir que en las seis firmas estampadas en los mencionados documentos dubitados existe una relaci\u00f3n gr\u00e1fica entre ellas, y por tanto consideramos, que las firmas estampadas en las muestras cuestionadas son falsas, a excepci\u00f3n de la firma que aparece como de Cecilia Rosado\u00bb.<\/span><\/p>\n<p class=\"mce\" style=\"text-align: justify;\"><span style=\"font-size: 14pt; font-family: arial, helvetica, sans-serif;\">eldiario.es ha intentado, desde hace m\u00e1s de dos semanas, contactar con esta profesora para recabar una explicaci\u00f3n y confirmar si ella falsific\u00f3 tanto estas firmas como las del acta del Trabajo Fin de M\u00e1ster. No ha habido respuesta. Tampoco ha contestado Enrique \u00c1lvarez Conde a las preguntas de eldiario.es sobre estos nuevos documentos falsificados.\u00a0<\/span><\/p>\n<h3 style=\"text-align: justify;\"><span style=\"font-size: 14pt; font-family: arial, helvetica, sans-serif;\">Cursar asignaturas\u00a0ya convalidadas<\/span><\/h3>\n<p class=\"mce\" style=\"text-align: justify;\"><span style=\"font-size: 14pt; font-family: arial, helvetica, sans-serif;\">Estas \u00abactas de convalidaci\u00f3n\u00bb, con sello oficial de la universidad y membrete, le daban a Cristina Cifuentes derecho a no presentarse a estas tres asignaturas porque, supuestamente, hab\u00eda aprobado ya otras equivalentes. Lo habitual es que salieran en las notas como convalidadas pero, la entonces delegada del Gobierno sac\u00f3 nota: un notable y dos aprobados. El reglamento establece que en caso de que la asignatura cursada tenga calificaci\u00f3n, se mantendr\u00e1 en la convalidada.<\/span><\/p>\n<p class=\"mce\" style=\"text-align: justify;\"><span style=\"font-size: 14pt; font-family: arial, helvetica, sans-serif;\">Las asignaturas que Cristina Cifuentes y otros alumnos aprobaron por medio de estas actas falsificadas son tres: el notable del profesor Pablo Chico, \u2018La Financiaci\u00f3n de las Comunidades Aut\u00f3nomas y de las Entidades Locales\u2019, y los dos aprobados de la la profesora Susana Galera: \u2018Las pol\u00edticas p\u00fablicas auton\u00f3micas y locales en ordenaci\u00f3n urban\u00edstica y medio ambiente\u2019 y \u2018Estructura institucional de las comunidades aut\u00f3nomas y los entes locales\u2019.<\/span><\/p>\n<p class=\"mce\" style=\"text-align: justify;\"><span style=\"font-size: 14pt; font-family: arial, helvetica, sans-serif;\">La asignatura de Chico es, desde el arranque de esta investigaci\u00f3n, una de las grandes inc\u00f3gnitas a\u00fan por resolver. La mara\u00f1a de versiones contradictorias sobre ella es enorme porque se trata de la misma asignatura que figuraba como \u00abno presentada\u00bb en las notas de Cifuentes y que\u00a0<a class=\"mce\" href=\"https:\/\/www.eldiario.es\/sociedad\/Cifuentes-obtenido-publico-falseando-asignaturas_0_752075026.html\" target=\"_blank\" rel=\"noopener\">despu\u00e9s una funcionaria conocida por Cifuentes cambi\u00f3, en 2014, por un notable<\/a>.<\/span><\/p>\n<p class=\"mce\" style=\"text-align: justify;\"><span style=\"font-size: 14pt; font-family: arial, helvetica, sans-serif;\">El acta demuestra que los responsables del m\u00e1ster intentaron que la asignatura de Chico fuese aprobada en 2012 por medio de una convalidaci\u00f3n, aunque por alguna raz\u00f3n a\u00fan desconocida qued\u00f3 en el expediente un \u00abno presentado\u00bb que dos a\u00f1os despu\u00e9s se modific\u00f3.<\/span><\/p>\n<p class=\"mce\" style=\"text-align: justify;\"><span style=\"font-size: 14pt; font-family: arial, helvetica, sans-serif;\">Estos documentos falsificados no solo dejan en evidencia las explicaciones previas de Cristina Cifuentes. Tambi\u00e9n\u00a0<a class=\"mce\" href=\"https:\/\/www.eldiario.es\/sociedad\/profesor-Cifuentes-contradice-presidenta-examenes_0_757325311.html\" target=\"_blank\" rel=\"noopener\">\u00a0queda en entredicho el profesor Pablo Chico, que asegur\u00f3 por escrito y con su firma<\/a>\u00a0\u2013el 21 de marzo de 2018, tras la primera informaci\u00f3n de eldiario.es\u2013 que Cifuentes se hab\u00eda examinado y que \u00e9l hab\u00eda corregido \u00abpersonalmente\u00bb la prueba \u00aben junio de 2012\u00bb. Chico tambi\u00e9n a\u00f1adi\u00f3 entonces que todo se debi\u00f3 a \u00abun error administrativo\u00bb que tambi\u00e9n afect\u00f3 a otros alumnos. Pero si Chico corrigi\u00f3 ese examen, \u00bfpor qu\u00e9 Cifuentes admiti\u00f3 dos semanas despu\u00e9s, en la Asamblea de Madrid que no se examin\u00f3? \u00bfY para qu\u00e9 se querr\u00eda examinar Cifuentes de esa materia en junio si la ten\u00eda ya convalidada desde mayo?<\/span><\/p>\n<p class=\"mce\" style=\"text-align: justify;\"><span style=\"font-size: 14pt; font-family: arial, helvetica, sans-serif;\">Pablo Chico no ha contestado a las reiteradas llamadas de eldiario.es para recabar su versi\u00f3n sobre este nuevo documento. Fuentes del gabinete de la presidenta han se\u00f1alado que \u00abaunque te convaliden la\/las asignaturas, si tienes un inter\u00e9s especial por alguna asignatura puedes cursarla sin problema alguno. Es potestativo, no es obligatorio\u00bb. Seg\u00fan esta explicaci\u00f3n, aunque la presidenta tuviera esa materia convalidada, pudo ir a clase y examinarse voluntariamente.\u00a0<a class=\"mce\" href=\"https:\/\/www.eldiario.es\/sociedad\/Cristina-Cifuentes-matriculo-despues-empezaran_0_755924687.html\" target=\"_blank\" rel=\"noopener\">La asignatura hab\u00eda acabado un mes antes de que Cifuentes se matriculara<\/a>.<\/span><\/p>\n<p class=\"mce\" style=\"text-align: justify;\"><span style=\"font-size: 14pt; font-family: arial, helvetica, sans-serif;\">Las otras dos asignaturas convalidadas las impart\u00eda la profesora Susana Galera (una de ellas junto a la docente Florentina Navas, que no ha respondido). Galera pertenece al departamento de Derecho P\u00fablico de la Universidad Rey Juan Carlos\u00a0y s\u00ed ha querido responder a eldiario.es. \u00abEl d\u00eda 24 puse en conocimiento de la inspecci\u00f3n anomal\u00edas que detect\u00e9 en mis actas cuando, al socaire de estas noticias, verifiqu\u00e9 si en el curso 2011\/2012 impart\u00ed docencia en ese m\u00e1ster\u00bb.<\/span><\/p>\n<p class=\"mce\" style=\"text-align: justify;\"><span style=\"font-size: 14pt; font-family: arial, helvetica, sans-serif;\">Galera confirma que ella puso notas a una decena de alumnos, no a la veintena de matriculados, y a\u00f1ade que est\u00e1 \u00aba disposici\u00f3n de la inspecci\u00f3n para a\u00f1adir y aportar la documentaci\u00f3n\u00bb que le soliciten.<\/span><\/p>\n<p class=\"mce\" style=\"text-align: justify;\"><span style=\"font-size: 14pt; font-family: arial, helvetica, sans-serif;\"><a class=\"mce\" href=\"https:\/\/www.eldiario.es\/politica\/Universidad-Rey-Juan-Carlos-Cifuentes_0_752775364.html\" target=\"_blank\" rel=\"noopener\">La inspecci\u00f3n sobre el m\u00e1ster de Cifuentes sigue abierta<\/a>. Investiga estas y otras irregularidades \u00abmuy graves\u00bb, seg\u00fan fuentes cercanas, en una semana donde tambi\u00e9n se espera el informe de la Conferencia de Rectores.<\/span><\/p>\n<p class=\"mce\" style=\"text-align: justify;\"><span style=\"font-size: 14pt; font-family: arial, helvetica, sans-serif;\">Desde este lunes todos los partidos de la oposici\u00f3n \u2013PSOE, Podemos y Ciudadanos\u2013\u00a0<a class=\"mce\" href=\"https:\/\/www.eldiario.es\/politica\/Ciudadanos-reunirse-PP-reconsiderar-Cifuentes_0_759074986.html\" target=\"_blank\" rel=\"noopener\">exigen a Cifuentes su dimisi\u00f3n<\/a>.<\/span><\/p>\n<p><iframe loading=\"lazy\" id=\"doc_35932\" class=\"scribd_iframe_embed\" title=\"Actas convalidaci\u00f3n Cifuentes\" src=\"https:\/\/www.scribd.com\/embeds\/375982541\/content?start_page=1&amp;view_mode=scroll&amp;access_key=key-GqlQClIqRRqJ2PvM3Vkd&amp;show_recommendations=true\" width=\"100%\" height=\"600\" frameborder=\"0\" scrolling=\"no\" data-auto-height=\"false\" data-aspect-ratio=\"0.7074509803921568\" data-mce-fragment=\"1\"><\/iframe><\/p>\n<p class=\"mce\">\u00a0<\/p>\n<div class=\"cutting\">\n<div class=\"cutting-wrapper\">\n<p>&nbsp;<\/p>\n<\/div>\n<\/div>\n<p><a href=\"https:\/\/puntocritico.com\/ausajpuntocritico\/wp-content\/uploads\/2016\/11\/Mosca_Punto_Cr\u00edtico_40.png\" rel=\"lightbox[10860]\"><img loading=\"lazy\" decoding=\"async\" class=\"aligncenter size-full wp-image-48\" src=\"https:\/\/puntocritico.com\/ausajpuntocritico\/wp-content\/uploads\/2016\/11\/Mosca_Punto_Cr\u00edtico_40.png\" alt=\"\" width=\"50\" height=\"50\" \/><\/a><\/p>\n<h1 class=\"pg-headline\" style=\"text-align: center;\"><a id=\"ref20\"><\/a><a href=\"#ref20a\">[20]<\/a> La Guardia Civil detiene a una activista de los CDR por rebeli\u00f3n y terrorismo<\/h1>\n<div class=\"subtitle bkn mce sk2\"><span style=\"font-size: 14pt;\">Por\u00a0eldiario.es<\/span><\/div>\n<div>\u00a0<\/div>\n<div><span style=\"color: #339966;\">Art\u00edculo publicado el 10 de abril de 2018 en<\/span><\/div>\n<div><span style=\"color: #339966;\"><a style=\"color: #339966;\" href=\"https:\/\/www.eldiario.es\/catalunya\/politica\/Guardia-Civil-activista-CDR-terrorismo_0_759424125.html\" target=\"_blank\" rel=\"noopener\">https:\/\/www.eldiario.es\/catalunya\/politica\/Guardia-Civil-activista-CDR-terrorismo_0_759424125.html<\/a><\/span><\/div>\n<p>&nbsp;<\/p>\n<figure id=\"attachment_10951\" aria-describedby=\"caption-attachment-10951\" style=\"width: 643px\" class=\"wp-caption aligncenter\"><a href=\"https:\/\/puntocritico.com\/ausajpuntocritico\/wp-content\/uploads\/2018\/04\/Comites-Defensa-Republica-Alcarras-Lleida_EDIIMA20180326_0052_4-1.jpg\" rel=\"lightbox[10860]\"><img loading=\"lazy\" decoding=\"async\" class=\"wp-image-10951 size-full\" src=\"https:\/\/puntocritico.com\/ausajpuntocritico\/wp-content\/uploads\/2018\/04\/Comites-Defensa-Republica-Alcarras-Lleida_EDIIMA20180326_0052_4-1.jpg\" alt=\"\" width=\"643\" height=\"362\" srcset=\"https:\/\/puntocritico.com\/ausajpuntocritico\/wp-content\/uploads\/2018\/04\/Comites-Defensa-Republica-Alcarras-Lleida_EDIIMA20180326_0052_4-1.jpg 643w, https:\/\/puntocritico.com\/ausajpuntocritico\/wp-content\/uploads\/2018\/04\/Comites-Defensa-Republica-Alcarras-Lleida_EDIIMA20180326_0052_4-1-300x169.jpg 300w\" sizes=\"auto, (max-width: 643px) 100vw, 643px\" \/><\/a><figcaption id=\"caption-attachment-10951\" class=\"wp-caption-text\"><span style=\"font-size: 10pt; color: #339966;\"><strong>Corte de carretera en la A-2 en Alcarr\u00e0s (Lleida) EFE<\/strong><\/span><\/figcaption><\/figure>\n<blockquote>\n<p style=\"text-align: justify;\"><span style=\"font-size: 14pt; font-family: arial, helvetica, sans-serif;\">La operaci\u00f3n ha sido ordenada por el juzgado central de instrucci\u00f3n 6 de la Audiencia Nacional tras una denuncia de la Fiscal\u00eda<\/span><\/p>\n<p style=\"text-align: justify;\"><span style=\"font-size: 14pt; font-family: arial, helvetica, sans-serif;\">El caso investiga los cortes de carreteras y peajes de la pasada Semana Santa por los presuntos delitos de rebeli\u00f3n y terrorismo, que comportan decenas de a\u00f1os de c\u00e1rcel<\/span><\/p>\n<\/blockquote>\n<p class=\"mce\" style=\"text-align: justify;\"><span style=\"font-size: 14pt; font-family: arial, helvetica, sans-serif;\"><a class=\"mce\" href=\"https:\/\/www.eldiario.es\/politica\/Audiencia-Nacional-Comites-Defensa-Republica_0_756625066.html\" target=\"_blank\" rel=\"noopener noreferrer\">La Fiscal\u00eda lo advirti\u00f3<\/a>\u00a0y este martes se ha hecho realidad. La Guardia Civil ha detenido este martes en Viladecans (Barcelona) a una activista de los Comit\u00e9s de Defensa de la Rep\u00fablica (CDR) como presunta responsable de la coordinaci\u00f3n de las protestas en carreteras y peajes de la pasada Semana Santa. La arrestada, que est\u00e1 acusada de rebeli\u00f3n y terrorismo, ser\u00e1 trasladada al juzgado de instrucci\u00f3n central 6 de la Audiencia Nacional, que ha ordenado la operaci\u00f3n.<\/span><\/p>\n<p class=\"mce\" style=\"text-align: justify;\"><span style=\"font-size: 14pt; font-family: arial, helvetica, sans-serif;\">La Fiscal\u00eda ha informado que el operativo de este martes, denominado Cadera por los CDR, tambi\u00e9n contempla la detenci\u00f3n de otro activista, un hombre investigado pero que se encontraba ausente de su domicilio de Esplugues de Llobregat (Barcelona) este martes por la ma\u00f1ana. En las casa de los dos investigados \u2013antiguos imputados\u2013 se han practicado sendos registros y no se descartan m\u00e1s detenciones.<\/span><\/p>\n<p class=\"mce\" style=\"text-align: justify;\"><span style=\"font-size: 14pt; font-family: arial, helvetica, sans-serif;\">El ministerio p\u00fablico asegura que los dos investigados \u00abhabr\u00edan desarrollado actividades de direcci\u00f3n y coordinaci\u00f3n en los actos de sabotaje llevados a cabo durante la Semana Santa de forma coordinada por los CDR concebidos para provocar un clima de agitaci\u00f3n social\u00bb.<\/span><\/p>\n<p class=\"mce\" style=\"text-align: justify;\"><span style=\"font-size: 14pt; font-family: arial, helvetica, sans-serif;\">Se refiere la Fiscal\u00eda a las protestas de los CDR de la pasada Semana Santa, cuando decenas de activistas levantaron barreras en cuatro peajes de la red viaria catalana y cortaron carreteras para reivindicar la \u00abrep\u00fablica catalana\u00bb y pedir la liberaci\u00f3n de los presos soberanistas. En concreto, se produjeron cortes en la A-2, la N-340 o la AP-7, donde se levantaron durante dos horas las barreras del peaje de la Roca del Vall\u00e8s. Asimismo, los CDR tambi\u00e9n se manifestaron frente a la estaci\u00f3n de Sants de Barcelona, sin llegar a cortar las v\u00edas del AVE, como s\u00ed sucedi\u00f3 en la huelga del pasado mes de noviembre.<\/span><\/p>\n<p class=\"mce\" style=\"text-align: justify;\"><span style=\"font-size: 14pt; font-family: arial, helvetica, sans-serif;\">La detenida es la una mujer que difundi\u00f3 en las redes sociales un audio en el que explicaba las acciones y estrategias que iban a llevar a cabo distintos comit\u00e9s y en el que no descartaba extenderlas a los puertos y a Mercabarna. Tambi\u00e9n difundi\u00f3 en las redes un audio con consignas y planes de acci\u00f3n de los CDR, en los que no exclu\u00eda la colaboraci\u00f3n de algunos sindicatos.<\/span><\/p>\n<p class=\"mce\" style=\"text-align: justify;\"><span style=\"font-size: 14pt; font-family: arial, helvetica, sans-serif;\">La investigaci\u00f3n de la Audiencia Nacional se abri\u00f3 tras los cortes de carreteras de la pasada Semana Santa, la \u00faltima acci\u00f3n de los CDR, que fue tildada de\u00a0<a class=\"mce\" href=\"https:\/\/www.eldiario.es\/politica\/PP-CDR-Mossos-frenarlos-Alguien_0_756624392.html\" target=\"_blank\" rel=\"noopener noreferrer\">\u00abkale borroka\u00bb por el PP<\/a>.<a class=\"mce\" href=\"https:\/\/www.eldiario.es\/politica\/Audiencia-Nacional-Comites-Defensa-Republica_0_756625066.html\" target=\"_blank\" rel=\"noopener noreferrer\">\u00a0La Fiscal\u00eda se\u00f1al\u00f3<\/a>\u00a0que las protestas podr\u00edan constituir \u00abdelitos de rebeli\u00f3n, malversaci\u00f3n y otros delitos de orden p\u00fablico\u00bb. Los delitos de rebeli\u00f3n y terrorismo pueden ser castigados con m\u00e1s de 30 a\u00f1os de c\u00e1rcel.<\/span><\/p>\n<p class=\"mce\" style=\"text-align: justify;\"><span style=\"font-size: 14pt; font-family: arial, helvetica, sans-serif;\"><a class=\"mce\" href=\"https:\/\/www.eldiario.es\/catalunya\/CDR-reafirman-violencia-criticas-calientan_0_756974542.html\" target=\"_blank\" rel=\"noopener noreferrer\">De car\u00e1cter asambleario, los CDR nacieron para defender el refer\u00e9ndum del 1-O y posteriormente para reclamar la rep\u00fablica catalana<\/a>. Su horizontalidad hace que mientras muchos CDR apuestan por avanzar hacia una huelga general, otros prefieran estrategias de sensibilizaci\u00f3n social y de menos contundencia en las protestas.<\/span><\/p>\n<p class=\"mce\" style=\"text-align: justify;\"><span style=\"font-size: 14pt; font-family: arial, helvetica, sans-serif;\">Los CDR ya protagonizaron cortes de carreteras y de v\u00edas del AVE en las huelgas de los pasados 3 de octubre y 8 de noviembre. Las investigaciones de estas protestas las han asumido juzgados catalanes, que abrieron causas por des\u00f3rdenes p\u00fablicos (delito castigado de seis meses a tres a\u00f1os de prisi\u00f3n).\u00a0<a class=\"mce\" href=\"https:\/\/www.eldiario.es\/catalunya\/politica\/archivado-populares-Guardia-Civil-simultaneos_0_752424923.html\" target=\"_blank\" rel=\"noopener noreferrer\">Algunas investigaciones ya se han archivado\u00a0<\/a>porque los jueces no apreciarion violencia en el corte de carreteras y por la vaga identificaci\u00f3n que realizaron los Mossos d&#8217;Esquadra de los manifestantes.<\/span><\/p>\n<p>&nbsp;<\/p>\n<p><a href=\"https:\/\/puntocritico.com\/ausajpuntocritico\/wp-content\/uploads\/2016\/11\/Mosca_Punto_Cr\u00edtico_40.png\" rel=\"lightbox[10860]\"><img loading=\"lazy\" decoding=\"async\" class=\"aligncenter size-full wp-image-48\" src=\"https:\/\/puntocritico.com\/ausajpuntocritico\/wp-content\/uploads\/2016\/11\/Mosca_Punto_Cr\u00edtico_40.png\" alt=\"\" width=\"50\" height=\"50\" \/><\/a><\/p>\n<h1 class=\"pg-headline\" style=\"text-align: center;\"><a id=\"ref21\"><\/a><a href=\"#ref21a\">[21]<\/a> Tiempos dif\u00edciles para el humor<\/h1>\n<div class=\"subtitle bkn mce sk2\">\u00a0<\/div>\n<p>Por TENIENTE KAFFEE<\/p>\n<div><span style=\"color: #339966;\">Art\u00edculo publicado el 9 de abril de 2018 en<\/span><\/div>\n<div><span style=\"color: #339966;\"><a style=\"color: #339966;\" href=\"https:\/\/www.eldiario.es\/protesto-senoria\/Tiempos-dificiles-humor_6_759134099.html\" target=\"_blank\" rel=\"noopener\">https:\/\/www.eldiario.es\/protesto-senoria\/Tiempos-dificiles-humor_6_759134099.html<\/a><\/span><\/div>\n<div>\u00a0<\/div>\n<div>\u00a0<\/div>\n<figure id=\"attachment_10952\" aria-describedby=\"caption-attachment-10952\" style=\"width: 643px\" class=\"wp-caption aligncenter\"><a href=\"https:\/\/puntocritico.com\/ausajpuntocritico\/wp-content\/uploads\/2018\/04\/Fotograma-pelicula-contable_EDIIMA20180409_0803_19.jpg\" rel=\"lightbox[10860]\"><img loading=\"lazy\" decoding=\"async\" class=\"wp-image-10952 size-full\" src=\"https:\/\/puntocritico.com\/ausajpuntocritico\/wp-content\/uploads\/2018\/04\/Fotograma-pelicula-contable_EDIIMA20180409_0803_19.jpg\" alt=\"\" width=\"643\" height=\"362\" srcset=\"https:\/\/puntocritico.com\/ausajpuntocritico\/wp-content\/uploads\/2018\/04\/Fotograma-pelicula-contable_EDIIMA20180409_0803_19.jpg 643w, https:\/\/puntocritico.com\/ausajpuntocritico\/wp-content\/uploads\/2018\/04\/Fotograma-pelicula-contable_EDIIMA20180409_0803_19-300x169.jpg 300w\" sizes=\"auto, (max-width: 643px) 100vw, 643px\" \/><\/a><figcaption id=\"caption-attachment-10952\" class=\"wp-caption-text\"><span style=\"font-size: 10pt; color: #339966;\"><strong>Fotograma de la pel\u00edcula &#8216;El contable&#8217;<\/strong><\/span><\/figcaption><\/figure>\n<p>&nbsp;<\/p>\n<blockquote>\n<p class=\"mce\" style=\"text-align: justify;\"><span style=\"font-size: 14pt; font-family: arial, helvetica, sans-serif;\">Si un presunto humorista utiliza su altavoz medi\u00e1tico para esparcir gracietas hirientes, creo firmemente que los que nos sentimos directamente concernidos podemos pagarle con su misma moneda<\/span><\/p>\n<\/blockquote>\n<p class=\"mce\" style=\"text-align: justify;\"><span style=\"font-size: 14pt; font-family: arial, helvetica, sans-serif;\">Vivimos tiempos dif\u00edciles para el humor negro. Cualquier expresi\u00f3n jocosa que no sea estrictamente escrupulosa con los sentimientos de cualquier colectivo imaginable corre el riesgo de convertirse en fuente de acciones legales contra el que lo profiera. F\u00edjense c\u00f3mo estar\u00e1 la cosa, que la propia distinci\u00f3n entre humor negro y humor blanco podr\u00eda considerarse racista. Qu\u00e9 cosas.<\/span><\/p>\n<p class=\"mce\" style=\"text-align: justify;\"><span style=\"font-size: 14pt; font-family: arial, helvetica, sans-serif;\">Como ya saben, en cuestiones de libertad de expresi\u00f3n, me considero bastante decimon\u00f3nico, por usar la terminolog\u00eda de un ilustre fiscal especializado en los delitos de discriminaci\u00f3n y odio: o sea, que mi concepto de la misma se aproxima m\u00e1s a la 1\u00aa Enmienda de la Constituci\u00f3n estadounidense y su interpretaci\u00f3n, que a los vientos jurisprudenciales que soplan por aqu\u00ed.<\/span><\/p>\n<p class=\"mce\" style=\"text-align: justify;\"><span style=\"font-size: 14pt; font-family: arial, helvetica, sans-serif;\">De lo crudo que est\u00e1 el tema pueden dar fe humoristas como Facu D\u00edaz, que casi va m\u00e1s a menudo a la Audiencia Nacional que al cine, o simples ciudadanas an\u00f3nimas como Cassandra Vera, quien tuvo que llegar hasta el Tribunal Supremo para no ser condenada por enaltecimiento del terrorismo, a cuenta unos chistes sobre coches voladores.\u00a0<\/span><\/p>\n<p class=\"mce\" style=\"text-align: justify;\"><span style=\"font-size: 14pt; font-family: arial, helvetica, sans-serif;\">La cosa est\u00e1 especialmente peliaguda desde que se reform\u00f3 el art\u00edculo 510 del C\u00f3digo Penal, que castiga con penas de seis meses a dos a\u00f1os de prisi\u00f3n a quienes \u201clesionen la dignidad de las personas mediante acciones que entra\u00f1en humillaci\u00f3n, menosprecio o descr\u00e9dito de [\u2026] cualquier persona determinada por raz\u00f3n de su [\u2026] discapacidad\u201d<\/span><\/p>\n<p class=\"mce\" style=\"text-align: justify;\"><span style=\"font-size: 14pt; font-family: arial, helvetica, sans-serif;\">Por eso, considero valientes y osados a aquellos que transgreden con su humor, que buscan conscientemente los l\u00edmites de lo permisible, incluso a costa de las personas con discapacidad. Como Quequ\u00e9, David Broncano e Ignatius Farray, responsables del programa \u201cLa vida moderna. Oh! my LOL\u201d, quienes el pasado viernes, d\u00eda 6 de abril, hicieron mofa, befa, escarnio y cuchufleta del autismo, el S\u00edndrome de Asperger y otros trastornos neurol\u00f3gicos, a cuenta de las diferencias entre diferentes deportes de raqueta.\u00a0<\/span><\/p>\n<p class=\"mce\" style=\"text-align: justify;\"><span style=\"font-size: 14pt; font-family: arial, helvetica, sans-serif;\">Si no encuentran enlace a dicho programa en este art\u00edculo, es porque me sumo a la campa\u00f1a\u00a0<a class=\"mce\" href=\"https:\/\/rinzewind.org\/blog-es\/2015\/usted-puede-dejar-de-compartir-enlaces-de-mierda-pregunte-como.html\" target=\"_blank\" rel=\"noopener\">\u201cno enlaces mierda\u201d<\/a>, y el chistecito en cuesti\u00f3n me parece una bosta maloliente del tama\u00f1o de la mancha de basura del Pac\u00edfico.\u00a0<\/span><\/p>\n<p class=\"mce\" style=\"text-align: justify;\"><span style=\"font-size: 14pt; font-family: arial, helvetica, sans-serif;\">\u00bfSorprendidos? Es que cuando defiendo a ultranza la libertad de expresi\u00f3n, queridos lectores, es en doble sentido. Si un presunto humorista utiliza su altavoz medi\u00e1tico para esparcir gracietas hirientes, creo firmemente que los que nos sentimos directamente concernidos podemos pagarle con su misma moneda. Eso s\u00ed, respetando escrupulosamente la legalidad vigente, que no ampara el derecho al insulto. Como ven, me he limitado a calificar la baja catadura\u00a0moral del gui\u00f3n del programa, sin hacer alusi\u00f3n a sus actores. S\u00ed, actores, int\u00e9rpretes o ejecutantes de la obra de un guionista. Porque no se enga\u00f1en, estos tipos que presumen de ingenio tan afilado, lo \u00fanico que necesitan es buena vista para leer la pantalla\u00a0o los papeles donde viene todo lo que tienen que escupir.\u00a0<\/span><\/p>\n<p class=\"mce\" style=\"text-align: justify;\"><span style=\"font-size: 14pt; font-family: arial, helvetica, sans-serif;\">No obstante, el propio Quequ\u00e9 parece tener cierta fijaci\u00f3n con el Trastorno del Espectro de Autismo, ya que reincidi\u00f3 el otro d\u00eda, a ra\u00edz de las protestas en redes sociales sobre ciertos chistes relativos a los onubenses. La gente de Huelva, vamos, para que me entienda el aludido. Efectivamente, ante la constataci\u00f3n de que los medios de comunicaci\u00f3n ya no son un altavoz unidireccional, el humorista nacido como H\u00e9ctor de Miguel hizo un \u201cahora me enfado y no respiro\u201d, y cerr\u00f3 su cuenta de Facebook, no sin despedirse con \u00e9sta perla:<\/span><\/p>\n<p class=\"mce\" style=\"text-align: justify;\"><span style=\"font-size: 14pt; font-family: arial, helvetica, sans-serif;\"><a href=\"https:\/\/puntocritico.com\/ausajpuntocritico\/wp-content\/uploads\/2018\/04\/quequ\u00e9.jpg\" rel=\"lightbox[10860]\"><img loading=\"lazy\" decoding=\"async\" class=\"aligncenter size-full wp-image-10953\" src=\"https:\/\/puntocritico.com\/ausajpuntocritico\/wp-content\/uploads\/2018\/04\/quequ\u00e9.jpg\" alt=\"\" width=\"568\" height=\"495\" srcset=\"https:\/\/puntocritico.com\/ausajpuntocritico\/wp-content\/uploads\/2018\/04\/quequ\u00e9.jpg 568w, https:\/\/puntocritico.com\/ausajpuntocritico\/wp-content\/uploads\/2018\/04\/quequ\u00e9-300x261.jpg 300w\" sizes=\"auto, (max-width: 568px) 100vw, 568px\" \/><\/a><\/span><\/p>\n<p class=\"mce\" style=\"text-align: justify;\"><span style=\"font-size: 14pt; font-family: arial, helvetica, sans-serif;\">Como ven, el propio Quequ\u00e9 se plantea si \u00e9l mismo es autista, dada su nula receptividad a expresiones negativas. Para su tranquilidad, le dir\u00e9 que no. No es autista. Es, simplemente, un ignorante. Ojo, no lo digo como insulto, sino como definici\u00f3n.<\/span><\/p>\n<p class=\"mce\" style=\"text-align: justify;\"><span style=\"font-size: 14pt; font-family: arial, helvetica, sans-serif;\">El Trastorno del Espectro de Autismo se manifiesta en tres s\u00edntomas fundamentales: problemas de comunicaci\u00f3n; problemas de interacci\u00f3n social, e intereses estereotipados y repetitivos. Es decir, una persona con autismo de alta funcionalidad, con un cociente intelectual muy superior al de H\u00e9ctor de Miguel, puede tener serios problemas para captar la iron\u00eda, los dobles sentidos, o incluso el lenguaje no verbal. Pero los insultos directos los capta perfectamente. Y le duelen. Los sufre. Muchas veces, el sujeto no sabe c\u00f3mo expresar o procesar ese dolor, y sobrevienen crisis de comportamiento disruptivo, en los que puede manifestar auto o heteroagresividad. Es un espect\u00e1culo encantador. Vaya, eso era sarcasmo, se me ha escapado.<\/span><\/p>\n<p class=\"mce\" style=\"text-align: justify;\"><span style=\"font-size: 14pt; font-family: arial, helvetica, sans-serif;\">Para que se quede tranquilo, estimado Quequ\u00e9, le puedo recomendar el test de\u00a0<a class=\"mce\" href=\"http:\/\/espectroautista.info\/EQ-es.html\" target=\"_blank\" rel=\"noopener\">Baron-Cohen<\/a>, y as\u00ed podr\u00e1 paliar dicho desconocimiento. S\u00ed, se apellida como Sacha Baron-Cohen, otro humorista transgresor, como usted, s\u00f3lo que con \u00e9xito. Pero no se trata de \u00e9l, sino de un pariente cercano, Simon Baron-Cohen, una de las mayores autoridades mundiales en el estudio del autismo. De hecho, la persona que me recomend\u00f3 la campa\u00f1a a la que antes le alud\u00eda se hizo el mismo test y, para su sorpresa, obtuvo una puntuaci\u00f3n muy pr\u00f3xima al S\u00edndrome de Asperger. Imagino que le extra\u00f1ar\u00e1\u00a0si le digo que se trata de un ingeniero de telecomunicaciones, con una tesis doctoral sobre la inteligencia artificial aplicada al diagn\u00f3stico m\u00e9dico por imagen. Adem\u00e1s, es una persona con una vida social sana y un delicioso sentido del humor. As\u00ed que igual no le casa con el manido estereotipo de Dustin Hoffman en \u201cRain Man\u201d, de tipo con la mirada perdida, casi babeante, y repitiendo frases monocordes aprendidas de memoria.\u00a0<\/span><\/p>\n<p class=\"mce\" style=\"text-align: justify;\"><span style=\"font-size: 14pt; font-family: arial, helvetica, sans-serif;\">Precisamente por esa raz\u00f3n, luchar contra los t\u00f3picos y el desconocimiento, el 2 de abril, el d\u00eda siguiente del \u201cd\u00eda de los inocentes\u201d anglosaj\u00f3n, el April Fool\u2019s Day, se celebra el d\u00eda mundial de concienciaci\u00f3n sobre el autismo. Justo cuatro d\u00edas antes de que depusiera en su programa, ya es casualidad. Para evitar que siga habiendo mastuerzos que confunden estereotipos con la dolorosa, y a la vez, luminosa realidad con la que conviven muchas familias. Y es que, desde el punto de vista del marketing, hay que reconocer que su torpeza es manifiesta, Quequ\u00e9. Hace veinte a\u00f1os, cuando la prevalencia del TEA era de un caso entre cada 1.500 nacimientos, podr\u00eda ser la t\u00edpica meada fuera del tiesto de un ga\u00f1\u00e1n. Hoy, cuando las investigaciones m\u00e1s recientes hablan de un caso por cada 68 nacimientos, hacer chistes ofensivos con el tema es un comportamiento que roza lo kamikaze. Porque la posibilidad de que le haya pisado un callo a alguien que tiene un hijo, una hija, o cualquier otro tipo de familiar con autismo, o incluso que lo tenga \u00e9l mismo, se eleva exponencialmente por la ley de los seis grados de separaci\u00f3n. As\u00ed que pudiera ser que la audiencia de su programa caiga tan estrepitosamente que su empleador decida prescindir de sus servicios y mandarle a la pu\u00f1etera calle. Que es algo que no le deseo, por supuesto. Como tampoco le desear\u00eda un encuentro con Christian Wolff, el autista al que interpreta Ben Affleck en \u201cEl Contable\u201d, experto en\u00a0<a class=\"mce\" href=\"https:\/\/es.wikipedia.org\/wiki\/Pencak_Silat\" target=\"_blank\" rel=\"noopener\">pencak-silat<\/a>, uno de los artes marciales m\u00e1s mort\u00edferos que existen, para que le rompiera todos los huesos del cuerpo. Sobre todo, porque se trata de un personaje de ficci\u00f3n, as\u00ed que tal encuentro ser\u00eda imposible.<\/span><\/p>\n<p class=\"mce\" style=\"text-align: justify;\"><span style=\"font-size: 14pt; font-family: arial, helvetica, sans-serif;\">En cualquier caso, veo que termin\u00f3 usted su canto del cisne en Facebook con una gracieta sobre las reivindicaciones en euskera. As\u00ed que, ya de paso, para paliar otro tipo de ignorancia, le invito a que se pase por la costa guipuzcoana los d\u00edas 7 y 8 de julio, y ver\u00e1 un fen\u00f3meno curioso. Se trata de\u00a0<a class=\"mce\" href=\"https:\/\/www.mareaurdina.org\/inicio\" target=\"_blank\" rel=\"noopener\">\u201cMarea Urdina\u201d<\/a>, una iniciativa de visibilizaci\u00f3n del autismo que consistir\u00e1 en cruzar a nado, por etapas de una milla n\u00e1utica, todo el litoral de la provincia. Entiendo que se puedan sentir f\u00edsicamente intimidados, habida cuenta de que el reto lo van a protagonizar triatletas y nadadores de larga distancia, y que ni usted, ni David Broncano, ni mucho menos Ignatius Farray, tienen ni media hostia. Pero no se preocupen. La gente que convive con el autismo es muy pac\u00edfica. Sobre todo porque su vida es, en s\u00ed misma, una carrera de larga distancia, en la que la resiliencia es clave para no tirar la toalla. As\u00ed que espero que acuda con total tranquilidad y, por supuesto, sin verse incurso en ning\u00fan procedimiento judicial por la sarta de estupideces que profirieron el otro d\u00eda.\u00a0<\/span><\/p>\n<p class=\"mce\" style=\"text-align: justify;\"><span style=\"font-size: 14pt; font-family: arial, helvetica, sans-serif;\">P.S: Por si le queda el resquemor de que me oculto tras un alias, y no puede contestar debidamente a este art\u00edculo, estoy convencido de que los propietarios de este medio le otorgar\u00e1n el debido derecho de r\u00e9plica, como marca la legislaci\u00f3n vigente. Pero si lo quiere hablar de una forma m\u00e1s personal, le recomiendo que contacte con el autor de esa camiseta tan molona que exhibe en uno de sus v\u00eddeos, la de la jeta de Karl Marx con el eslogan \u201cOs lo dije\u201d. Seguro que gustosamente nos concertar\u00e1 un encuentro. Y ya de paso, se pedir\u00e1 un bol de palomitas, que es as\u00ed de mala persona.<\/span><\/p>\n<p><a href=\"https:\/\/puntocritico.com\/ausajpuntocritico\/wp-content\/uploads\/2016\/11\/Mosca_Punto_Cr\u00edtico_40.png\" rel=\"lightbox[10860]\"><img loading=\"lazy\" decoding=\"async\" class=\"aligncenter size-full wp-image-48\" src=\"https:\/\/puntocritico.com\/ausajpuntocritico\/wp-content\/uploads\/2016\/11\/Mosca_Punto_Cr\u00edtico_40.png\" alt=\"\" width=\"50\" height=\"50\" \/><\/a><\/p>\n<p>&nbsp;<\/p>\n<h1 style=\"text-align: center;\"><a id=\"ref22\"><\/a><a href=\"#ref22a\">[22]<\/a> El Supremo tumba el sistema de tarifas de la SGAE, CEDRO y las dem\u00e1s entidades de gesti\u00f3n de derechos de autor<\/h1>\n<p><span style=\"font-size: 14pt;\">Por\u00a0PABLO ROMERO<\/span><\/p>\n<div><span style=\"color: #339966;\">Art\u00edculo publicado el 10 de abril de 2018 en<\/span><\/div>\n<div><span style=\"color: #339966;\"><a style=\"color: #339966;\" href=\"http:\/\/www.publico.es\/culturas\/propiedad-intelectual-supremo-tumba-sistema-tarifas-sgae-cedro-entidades-gestion-derechos-autor.html\" target=\"_blank\" rel=\"noopener\">http:\/\/www.publico.es\/culturas\/propiedad-intelectual-supremo-tumba-sistema-tarifas-sgae-cedro-entidades-gestion-derechos-autor.html<\/a><\/span><\/div>\n<div>\u00a0<\/div>\n<div>\u00a0<\/div>\n<div>\n<figure id=\"attachment_10954\" aria-describedby=\"caption-attachment-10954\" style=\"width: 660px\" class=\"wp-caption aligncenter\"><a href=\"https:\/\/puntocritico.com\/ausajpuntocritico\/wp-content\/uploads\/2018\/04\/5acca70a41257.r_1523376340497.0-0-992-511.jpg\" rel=\"lightbox[10860]\"><img loading=\"lazy\" decoding=\"async\" class=\"wp-image-10954 size-full\" src=\"https:\/\/puntocritico.com\/ausajpuntocritico\/wp-content\/uploads\/2018\/04\/5acca70a41257.r_1523376340497.0-0-992-511.jpg\" alt=\"\" width=\"660\" height=\"340\" srcset=\"https:\/\/puntocritico.com\/ausajpuntocritico\/wp-content\/uploads\/2018\/04\/5acca70a41257.r_1523376340497.0-0-992-511.jpg 660w, https:\/\/puntocritico.com\/ausajpuntocritico\/wp-content\/uploads\/2018\/04\/5acca70a41257.r_1523376340497.0-0-992-511-300x155.jpg 300w\" sizes=\"auto, (max-width: 660px) 100vw, 660px\" \/><\/a><figcaption id=\"caption-attachment-10954\" class=\"wp-caption-text\"><span style=\"font-size: 10pt;\"><strong><span style=\"color: #339966;\">Sede de la SGAE en Madrid . ARCHIVO<\/span><\/strong><\/span><\/figcaption><\/figure>\n<\/div>\n<div>\u00a0<\/div>\n<div>\n<blockquote>\n<p id=\"m365-364-366\" style=\"text-align: justify;\"><span style=\"font-size: 14pt; font-family: arial, helvetica, sans-serif;\">Una sentencia del Alto Tribunal declara nula la Orden Ministerial de Cultura que regula, desde 2015, las tarifas generales por el uso del repertorio de las entidades de gesti\u00f3n de derechos de propiedad intelectual. Este varapalo judicial significa que desde ahora se aplicar\u00e1 la normativa anterior. El Ministerio de Cultura asegura que, en cualquier caso, las tarifas cobradas son legales y ya trabaja en una nueva normativa de manera \u00aburgente\u00bb.<\/span><\/p>\n<\/blockquote>\n<p style=\"text-align: justify;\"><span style=\"font-size: 14pt; font-family: arial, helvetica, sans-serif;\">Un\u00a0<b>detalle t\u00e9cnico<\/b>\u00a0ha servido al Tribunal Supremo para\u00a0<b>borrar<\/b>\u00a0la normativa que regula desde hace tres a\u00f1os las tarifas de derechos de autor, que son colectadas de forma exclusiva por ochoentidades de derechos de autor: CEDRO, SGAE, VEGAP, DAMA, AIE, AISGE, EGEDA y AGEDI. Al declarar nula la Orden Ministerial que regula esas tarifas desde hace m\u00e1s de dos a\u00f1os y medio,\u00a0<b>es como si la normativa no hubiera existido<\/b>.<\/span><\/p>\n<p id=\"m370-1-371\" style=\"text-align: justify;\"><span style=\"font-size: 14pt; font-family: arial, helvetica, sans-serif;\">En una sentencia de fecha 22 de marzo de 2018, y\u00a0<a title=\"Enlace a Derecho Internet\" href=\"http:\/\/derecho-internet.org\/2018\/04\/09\/nulidad-tarifas-entidades-de-gestion.html\" target=\"_blank\" rel=\"noopener noreferrer\">publicada por el abogado de la causa,\u00a0<b>Javier de la Cueva<\/b><\/a>, el Supremo declara la nulidad de la Orden ECD\/2574\/2015, de 2 de diciembre, que hasta ahora regulaba la forma en que las entidades de gesti\u00f3n de derechos de propiedad intelectual establec\u00edan las tarifas para el uso de su repertorio.\u00a0<b>La sentencia es firme y no cabe recurso contra ella<\/b>.<\/span><\/p>\n<p id=\"m375-2-376\" style=\"text-align: justify;\"><span style=\"font-size: 14pt; font-family: arial, helvetica, sans-serif;\">Esta decisi\u00f3n judicial sigue a un recurso presentado por la Conferencia de Rectores de Universidades Espa\u00f1olas (CRUE), dado que \u201cel inter\u00e9s de CRUEen este asunto es que, adem\u00e1s de ser las universidades grandes productoras de obras de propiedad intelectual, tambi\u00e9n\u00a0<b>se hallan afectadas por los precios marcados pr\u00e1cticamente de forma unilateral por estas entidades<\/b>\u201d, comenta De la Cueva en un completo post en el que analiza la sentencia y sus consecuencias.<\/span><\/p>\n<p id=\"m380-3-381\" style=\"text-align: justify;\"><span style=\"font-size: 14pt; font-family: arial, helvetica, sans-serif;\">En la sentencia,\u00a0<a title=\"Sentencia del Supremo en PDF\" href=\"http:\/\/derecho-internet.org\/docs\/2018-03-22_ts_3_sentencia_tarifas-entidades-de-gestion.pdf\" target=\"_blank\" rel=\"noopener noreferrer\">publicada \u00edntegra (PDF)<\/a>, el Alto Tribunal tiene en cuenta uno de los once motivos expuestos por la CRUE para solicitar la nulidad, y es t\u00e9cnico: resulta que para tramitar la Orden es obligatorio incluir una \u201cmemoria de an\u00e1lisis de impacto normativo\u201d y ella\u00a0<b>tiene que recoger \u201cel impacto de la normativa en la familia\u201d<\/b>, cosa que el Ministerio de Cultura no hizo porque, seg\u00fan \u00e9ste, \u201clas familias no son los destinatarios de la norma aprobada\u201d.<\/span><\/p>\n<p id=\"m385-4-386\" style=\"text-align: justify;\"><span style=\"font-size: 14pt; font-family: arial, helvetica, sans-serif;\">Sin embargo, el Supremo establece que<b>\u00a0las familias \u201cs\u00ed son potencial afectadas<\/b>, directamente y\/o por repercusi\u00f3n, de las tarifas generales que lleguen a determinarse seg\u00fan la metodolog\u00eda que aprueba la Orden Ministerial impugnada\u201d.<\/span><\/p>\n<h2 id=\"m390-5-391\" class=\"highlighted\" style=\"text-align: justify;\"><span style=\"font-size: 14pt; font-family: arial, helvetica, sans-serif;\">La &#8216;guerra de tarifas&#8217;<\/span><\/h2>\n<p id=\"m395-6-396\" style=\"text-align: justify;\"><span style=\"font-size: 14pt; font-family: arial, helvetica, sans-serif;\">En una conversaci\u00f3n de este diario con Javier De la Cueva, el abogado recuerda que en diciembre de 2012 se public\u00f3\u00a0<a title=\"Informe en PDF del MCU sobre las tarifas (2015)\" href=\"https:\/\/www.mecd.gob.es\/dam\/jcr:3920aeb3-805a-457c-9519-ce2fbb3f27de\/version-definitiva-para-publicacion-2016-12-20.pdf\" target=\"_blank\" rel=\"noopener noreferrer\">un estudio (PDF)<\/a>\u00a0de la Secci\u00f3n Primera de la Comisi\u00f3n de la Propiedad Intelectual del Ministerio de Cultura, en el que se comparaban las tarifas para poder hacerlas m\u00e1s \u201cequitativas y justas\u201d.<\/span><\/p>\n<p id=\"m400-7-401\" style=\"text-align: justify;\"><span style=\"font-size: 14pt; font-family: arial, helvetica, sans-serif;\">Pero en ese informe se puso de manifiesto, entre otras cuestiones, que\u00a0<b>las entidades de gesti\u00f3n proporcionaban datos que dificultaban las comparaciones<\/b>(reconoce una \u201cextrema dificultad o imposibilidad de encontrar bases comparativas suficientemente homog\u00e9neas\u201d). Y en las tarifas que se pudieron comparar, el estudio de cultura detect\u00f3\u00a0<b>alzas en sectores como la hosteler\u00eda, las radios y las televisiones<\/b>.<\/span><\/p>\n<p id=\"m405-8-406\" style=\"text-align: justify;\"><span style=\"font-size: 14pt; font-family: arial, helvetica, sans-serif;\">De la Cueva recuerda que ahora, tras esta decisi\u00f3n del Supremo,\u00a0<b>\u201cvolvemos a cuando no estaba la Orden Ministerial\u201d, es decir, a la normativa anterior<\/b>. Para este letrado, esta decisi\u00f3n tiene\u00a0<b>tres aspectos importantes<\/b>:<\/span><\/p>\n<p id=\"m410-9-411\" style=\"text-align: justify;\"><span style=\"font-size: 14pt; font-family: arial, helvetica, sans-serif;\"><b>&#8211;<\/b> <b>Qu\u00e9 es lo que han pagado quienes han usado repertorio de las\u00a0 entidades de derechos de autor<\/b>. \u201cHay que mirar si a uno le compensa meterse en una batalla legal, habr\u00e1 quien lo haga para que le devuelvan el dinero que ha pagado\u201d, opina De la Cueva.<\/span><br \/>\n<span style=\"font-size: 14pt; font-family: arial, helvetica, sans-serif;\"><b>&#8211; Qu\u00e9 tarifa se va a pagar este a\u00f1o<\/b>. Este abogado cree que la postura de quienes pagar esas tarifas ser\u00e1 pagar conforme a la legislaci\u00f3n que exist\u00eda en 2015 y de la correspondiente jurisprudencia. Para demostrar la buena fe del pagador \u00e9ste podr\u00eda depositar una cuant\u00eda ante notario el resto de la cuant\u00eda, mientras se discute en los juzgados. \u201cLa idea es pagar conforme a ley, y la que se aplica es la anterior\u201d, comenta.\u00a0<\/span><br \/>\n<span style=\"font-size: 14pt; font-family: arial, helvetica, sans-serif;\"><b>&#8211; C\u00f3mo van a ser las negociaciones de ahora en adelante.<\/b>\u00a0Las nuevas tarifas, a juicio de De la Cueva, no deber\u00edan basarse en una normativa reci\u00e9n declarada nula. \u201cHay que tener en cuenta que esas tarifas han subido entre un 30% y un 40% en los \u00faltimos a\u00f1os\u201d, recuerda el letrado.<\/span><\/p>\n<p id=\"m415-10-416\" style=\"text-align: justify;\"><span style=\"font-size: 14pt; font-family: arial, helvetica, sans-serif;\">\u201cEn definitiva, esta decisi\u00f3n del Supremo<b>\u00a0interesa sobre todo a los grandes colectivos consumidores de propiedad intelectual<\/b>, como pueden ser los hosteleros, las emisoras de radio y TV, las grandes flotas de transporte\u2026\u201d, comenta Javier de la Cueva.<\/span><\/p>\n<p id=\"m420-11-421\" style=\"text-align: justify;\"><span style=\"font-size: 14pt; font-family: arial, helvetica, sans-serif;\">Si bien los grandes usuarios de repertorios se suelen beneficiar de tarifas que no se rigen por la Orden Ministerial ahora anulada \u2013suelen gozar de convenios firmados con las entidades de gesti\u00f3n correspondientes-, al final, dicha norma ha servido de marco para negociar los correspondientes convenios.<\/span><\/p>\n<p id=\"m425-12-426\" style=\"text-align: justify;\"><span style=\"font-size: 14pt; font-family: arial, helvetica, sans-serif;\">Javier de la Cueva concluye:\u00a0<b>\u201cLos autores nos merecemos un mejor Ministerio de Cultura\u201d.<\/b><\/span><\/p>\n<h2 id=\"m674-13-675\" class=\"highlighted\" style=\"text-align: justify;\"><span style=\"font-size: 14pt; font-family: arial, helvetica, sans-serif;\">Cultura: no tendr\u00e1 efectos sobre lo pagado<\/span><\/h2>\n<p id=\"m630-13-631\" style=\"text-align: justify;\"><span style=\"font-size: 14pt; font-family: arial, helvetica, sans-serif;\">Fuentes del Ministerio de Cultura han declarado a P\u00fablico que \u00abacatan la decisi\u00f3n judicial\u00bb y trabajan ya en una nueva Orden Ministerial que subsane el problema de forma que ha fundamentado la sentencia del Supremo.<\/span><\/p>\n<p id=\"m665-14-666\" style=\"text-align: justify;\"><span style=\"font-size: 14pt; font-family: arial, helvetica, sans-serif;\">No obstante, han querido destacar que las tarifas aplicadas hasta ahora eran legales y ajustadas a normativa. Seg\u00fan estas fuentes, se aplica en este caso el art\u00edculo 72.2 de la Ley de Jurisdicci\u00f3n Contencioso Administrativa, que establece que la anulaci\u00f3n de una disposici\u00f3n general -como esta Orden Ministerial anulada-\u00a0<b>produce efectos desde la fecha de publicaci\u00f3n en el BOE<\/b>.\u00a0<\/span><\/p>\n<p id=\"m655-14-656\" style=\"text-align: justify;\"><span style=\"font-size: 14pt; font-family: arial, helvetica, sans-serif;\">\u00abComo la sentencia es muy escueta y no dice nada acerca de lo que ha sucedido en el pasado, obviamente\u00a0<b>la sentencia produce efectos pro futuro<\/b>\u00ab, comentaron, y reconocieron que el problema es que ahora no hay metodolog\u00eda para fijar las tarifas, por lo que los t\u00e9cnicos de Cultura trabajan ya para elaborar una nueva.<\/span><\/p>\n<p id=\"m684-17-685\" style=\"text-align: justify;\"><span style=\"font-size: 14pt; font-family: arial, helvetica, sans-serif;\">El Ministerio tambi\u00e9n recuerda que existe el principio de conservaci\u00f3n de los actos administrativos, consagrada en la Ley de Procedimiento Administrativo Com\u00fan de las Administraciones P\u00fablicas, por lo que se conservar\u00eda todo aquello que seguido igual de no haberse producido esa nulidad, seg\u00fan dichas fuentes, \u00abcasi todo\u00bb. Por \u00faltimo,\u00a0<b>creen que no se van a producir litigios<\/b>\u00a0dado que, en realidad, los criterios para el establecimiento de tarifas est\u00e1n establecidos en la propia Ley de Propiedad Intelectual. \u00abSon tarifas legales\u00bb, concluyen.<\/span><\/p>\n<\/div>\n<p>&nbsp;<\/p>\n<p><a href=\"https:\/\/puntocritico.com\/ausajpuntocritico\/wp-content\/uploads\/2016\/11\/Mosca_Punto_Cr\u00edtico_40.png\" rel=\"lightbox[10860]\"><img loading=\"lazy\" decoding=\"async\" class=\"aligncenter size-full wp-image-48\" src=\"https:\/\/puntocritico.com\/ausajpuntocritico\/wp-content\/uploads\/2016\/11\/Mosca_Punto_Cr\u00edtico_40.png\" alt=\"\" width=\"50\" height=\"50\" \/><\/a><\/p>\n<p>&nbsp;<\/p>\n<h1 class=\"entry-title\" style=\"text-align: center;\"><a id=\"ref23\"><\/a><a href=\"#ref23a\">[23]<\/a> Rajoy no muerde a Rivera, ni Rivera a Rajoy<\/h1>\n<p class=\"author\"><span style=\"font-size: 14pt;\">Por Fernando L\u00f3pez Agud\u00edn<\/span><\/p>\n<div><span style=\"color: #339966;\">Art\u00edculo publicado el 10 de abril de 2018 en<\/span><\/div>\n<div><span style=\"color: #339966;\"><a style=\"color: #339966;\" href=\"http:\/\/blogs.publico.es\/fernando-lopez-agudin\/2018\/04\/10\/rajoy-no-muerde-a-rivera-ni-rivera-a-rajoy\/\" target=\"_blank\" rel=\"noopener\">http:\/\/blogs.publico.es\/fernando-lopez-agudin\/2018\/04\/10\/rajoy-no-muerde-a-rivera-ni-rivera-a-rajoy\/<\/a><\/span><\/div>\n<div>\u00a0<\/div>\n<p style=\"text-align: justify;\"><span style=\"font-size: 14pt; font-family: arial, helvetica, sans-serif;\"><strong>Encerrado en el b\u00fanker de la Moncloa, de vuelta del funeral de Sevilla, Rajoy observa con preocupaci\u00f3n como Rivera intenta cercarle con un doble frente.<\/strong>\u00a0Jur\u00eddico, el estrepitoso fracaso del magistrado Pablo Llarena en el tribunal de Schleswig-Holstein sobre la posible extradici\u00f3n de Carles Puigdemont; pol\u00edtico, el regalo de un m\u00e1ster de la Universidad Rey Juan Carlos a Cristina Cifuentes. De uno en uno, son muy lesivos; pero son letales si van juntos, como en esta batalla entre Ciudadanos y el Partido Popular. Aunque, conviene se\u00f1alarlo, perro no muerde a perro que lleva el mismo collar, y ambos canes pol\u00edticos, como en aquel chiste del dentista, prefieren no hacerse demasiado da\u00f1o.<\/span><\/p>\n<p style=\"text-align: justify;\"><span style=\"font-size: 14pt; font-family: arial, helvetica, sans-serif;\"><strong>Ni por el m\u00e1ster gratis total a Cifuentes, ni por la bofetada de Schleswig-Holstein, llegar\u00e1 la sangre al r\u00edo de la derecha.<\/strong>\u00a0Ni a Rivera le interesa regalar el gobierno de Madrid a Gabilondo, ni a Rajoy criticar a quienes le han empujado, empujando el 155, a olvidar, como se\u00f1alaba el emperador Federico Guillermo de Prusia que \u201c<em>a\u00fan hay jueces en Berl\u00edn\u201d<\/em>. No es nada f\u00e1cil reconducir la cooperaci\u00f3n cainita entre el PP y Cs, pero intereses comunes, padrinos comunes y enemigos comunes ayudan a esa imprescindible cooperaci\u00f3n de las derechas espa\u00f1olas. Ni uno ni otro grupo, m\u00e1s all\u00e1 de la apariencia necesaria, van a tirar piedras contra su mismo tejado en un momento del fracaso compartido de Schleswig-Holstein.<\/span><\/p>\n<p style=\"text-align: justify;\"><span style=\"font-size: 14pt; font-family: arial, helvetica, sans-serif;\"><strong>La Brigada Aranzadi, el colectivo jur\u00eddico bajo la direcci\u00f3n de la vicepresidenta del Gobierno, ha hecho el rid\u00edculo tanto como la Brunete Medi\u00e1tica, tan ligada a Ciudadanos.<\/strong>\u00a0La marca Espa\u00f1a vuelve a alejarse de la marca Uni\u00f3n Europea como ocurr\u00eda en los \u00faltimos a\u00f1os del general Franco. El eslogan\u00a0<em>Spain is different<\/em>\u00a0recupera el fondo pol\u00edtico que tuvo con Fraga como ministro de la dictadura. Una vez m\u00e1s, en Madrid es delito lo que no es en Berl\u00edn o cualquier otra capital europea. As\u00ed quienes aceptaron encantados la soberan\u00eda limitada de nuestra pol\u00edtica socioecon\u00f3mica, la reforma del 135 de la Constituci\u00f3n, denuncian la soberan\u00eda limitada de nuestra jurisdicci\u00f3n. O sea, valen los recortes sociales neoliberales, pero nunca valen las garant\u00edas jur\u00eddicas democr\u00e1ticas.<\/span><\/p>\n<p style=\"text-align: justify;\"><span style=\"font-size: 14pt; font-family: arial, helvetica, sans-serif;\"><strong>Mientras en Alemania el Partido Socialista y\u00a0 Die Linke elogian al tribunal de Schleswig-Holstein<\/strong>, en Espa\u00f1a sus hom\u00f3logos no saben ni responden; m\u00e1s all\u00e1 de una cr\u00edtica a Cristina Cifuentes no hay una alternativa pol\u00edtica a la regresi\u00f3n en materia de derechos civiles. El PSOE, tan vinculado hist\u00f3ricamente al SPD, ni habla de la afirmaci\u00f3n proferida por la ministra de Justicia, Katarina Barley, al d\u00eda siguiente de la puesta en libertad de Carles Puigdemont : \u201c<em>ser\u00e1 libre en un pa\u00eds libre, en un pa\u00eds libre, la Rep\u00fablica Federal Alemana.\u201d<\/em>\u00a0Salvo Gonz\u00e1lez, que salva el honor socialista, Ferraz aparece hoy, en palabras de Jordi Evole, como un conjunto de<em>\u00a0\u201ccagaos\u201d.<\/em><\/span><\/p>\n<p style=\"text-align: justify;\"><span style=\"font-size: 14pt; font-family: arial, helvetica, sans-serif;\"><strong>El dilema agenda social versus territorial es falso. En Espa\u00f1a no hay m\u00e1s agenda que la democr\u00e1tica.<\/strong>\u00a0O se frena la involuci\u00f3n en marcha o terminaremos como el gobierno preconstitucional de Arias Navarro o como los actuales gobiernos autoritarios de Hungr\u00eda y Polonia. Bien est\u00e1 echar de la vida p\u00fablica a Cristina Cifuentes, pero ese objetivo regenerador sin abordar las restricciones democr\u00e1ticas es insuficiente para la total regeneraci\u00f3n de la podrida pol\u00edtica espa\u00f1ola. No va a ser cambiando al d\u00fao Rajoy\/ Rivera por el de Rivera\/ S\u00e1nchez, sea en la Moncloa o en la Puerta del Sol, el camino para liberar a la sociedad espa\u00f1ola del cors\u00e9 nacionalcat\u00f3lico que cosen tanto beatos del PP como ex-curas del PSOE o laicos de Cs.<\/span><\/p>\n<p style=\"text-align: justify;\"><span style=\"font-size: 14pt; font-family: arial, helvetica, sans-serif;\"><strong>Parad\u00f3jicamente, el R\u00e9gimen del 78 no va ser liquidado hoy por Podemos sino por el Podemos de derecha que ped\u00eda el banquero Josep Oli\u00fa.<\/strong>\u00a0No ser\u00eda enterrado desde la izquierda, si finalmente lo es, sino desde la derecha extrema ansiosa de recuperar, en palabras de Jos\u00e9 Mar\u00eda Aznar, todo aquello que se vio obligada a ceder a los nacionalistas e izquierda durante la transici\u00f3n. No es casual que sea hoy su principal protagonista, Felipe Gonz\u00e1lez, quien lo advierta\u00a0 impl\u00edcitamente, cuando habla sobre el problema catal\u00e1n, sin que su advertencia encuentre mucho eco. O las fuerzas progresistas abren un tercer frente sobre la Moncloa o esta competencia entre el PP y Ciudadanos acabar\u00e1 gestando un nuevo r\u00e9gimen autoritario.<\/span><\/p>\n<p style=\"text-align: justify;\"><a href=\"https:\/\/puntocritico.com\/ausajpuntocritico\/wp-content\/uploads\/2016\/11\/Mosca_Punto_Cr\u00edtico_40.png\" rel=\"lightbox[10860]\"><img loading=\"lazy\" decoding=\"async\" class=\"aligncenter size-full wp-image-48\" src=\"https:\/\/puntocritico.com\/ausajpuntocritico\/wp-content\/uploads\/2016\/11\/Mosca_Punto_Cr\u00edtico_40.png\" alt=\"\" width=\"50\" height=\"50\" \/><\/a><\/p>\n<p>&nbsp;<\/p>\n<h1 class=\"entry-title\" style=\"text-align: center;\"><a id=\"ref24\"><\/a><a href=\"#ref24a\">[24]<\/a> Los 8 d\u00edas de oro de la Rey Juan Carlos<\/h1>\n<div class=\"author-content\">\n<p class=\"author\"><span style=\"font-size: 14pt;\">Por Juan Carlos Escudier<\/span><\/p>\n<\/div>\n<div><span style=\"color: #339966;\">Art\u00edculo publicado el 10 de abril de 2018 en<\/span><\/div>\n<div><span style=\"color: #339966;\"><a style=\"color: #339966;\" href=\"http:\/\/blogs.publico.es\/escudier\/2018\/04\/10\/los-8-dias-de-oro-de-la-rey-juan-carlos\/\" target=\"_blank\" rel=\"noopener\">http:\/\/blogs.publico.es\/escudier\/2018\/04\/10\/los-8-dias-de-oro-de-la-rey-juan-carlos\/<\/a><\/span><\/div>\n<div>\u00a0<\/div>\n<p style=\"text-align: justify;\"><span style=\"font-size: 14pt; font-family: arial, helvetica, sans-serif;\">Al m\u00e1ster fantasma de Cifuentes no ha tardado en sucederle el m\u00e1ster flexible de Pablo Casado, un t\u00edtulo del estilo \u2018aprenda ingl\u00e9s sin esfuerzo\u2019 dise\u00f1ado para gente ocupada que no puede perder el tiempo en clases y ex\u00e1menes y ofrecido en condiciones tan favorables que hubiera sido tonto no pasar por caja. Casado no ha hecho un m\u00e1ster sino que lo ha comprado o, si se prefiere, se lo ha vendido un comercial de la Rey Juan Carlos con grandes facilidades. M\u00e1s que una universidad, el PP cre\u00f3 en su d\u00eda para los suyos una filial de El Corte Ingl\u00e9s, con sus rebajas, sus saldos y sus 8 d\u00edas de oro.<\/span><\/p>\n<p style=\"text-align: justify;\"><span style=\"font-size: 14pt; font-family: arial, helvetica, sans-serif;\">A Casado ya se le retrat\u00f3 aqu\u00ed cuando compar\u00f3 el trabajo de una camarera de hotel que deb\u00eda limpiar 400 habitaciones al mes para ganar 800 euros con la poblada consulta de su hermano m\u00e9dico que no daba abasto a ver pacientes, y se cit\u00f3 entonces su extenso curr\u00edculo: licenciado en Derecho y Econ\u00f3micas, estancias en Georgetown y en una escuela de Harvard, cursos diversos y este m\u00e1ster que ahora hemos sabido que adquiri\u00f3 en la secci\u00f3n de oportunidades.<\/span><\/p>\n<p style=\"text-align: justify;\"><span style=\"font-size: 14pt; font-family: arial, helvetica, sans-serif;\">No extra\u00f1aba semejante acumulaci\u00f3n de diplomas porque el que fuera ojito derecho de Aznar, izquierdo de Esperanza Aguirre y lengua de Rajoy en el partido ha trabajado menos que el \u00e1ngel de la guarda, y la \u00fanica referencia laboral que exhib\u00eda eran unas pr\u00e1cticas de un par de meses en una filial suiza del Banco de Santander que en alg\u00fan momento elimin\u00f3 de su historial, no fuera a ser que hubiera una foto suya con B\u00e1rcenas esquiando en los Alpes y le diera un disgusto. Era posible, en consecuencia, que, a falta de palos al agua, la promesa de los populares se hubiera centrado en los estudios cuando sus visitas al Caribe a visitar a los opositores cubanos por encargo de la lideresa se lo permit\u00edan.<\/span><\/p>\n<p style=\"text-align: justify;\"><span style=\"font-size: 14pt; font-family: arial, helvetica, sans-serif;\">\u201cHe invertido mucho dinero y mucho esfuerzo en veranos para completar mi formaci\u00f3n\u201d, ha dicho Casado en una frase que resulta esclarecedora. El saber no es una pasi\u00f3n sino un mercadillo en el que comprar referencias, un coleccionismo de t\u00edtulos, en ingl\u00e9s a ser posible, porque lo de felow de la SAIS o el CLS del Government Affair Institute visten de Armani a cualquiera. Lo de la Rey Juan Carlos y su m\u00e1ster en Derecho Auton\u00f3mico y Local era claramente una ganga, un remate por fin de existencias. Y ya se sabe que lo barato sale caro.<\/span><\/p>\n<p style=\"text-align: justify;\"><span style=\"font-size: 14pt; font-family: arial, helvetica, sans-serif;\">Regalado, seg\u00fan todos los indicios, el posgrado de Cifuentes y comprado en liquidaci\u00f3n el de Casado, sorprende el desapego con el que ambos se han referido al t\u00edtulo, \u201cinnecesario\u201d porque ni uno ni otro pensaban dedicarse a la docencia o completar el doctorado. Eran m\u00e1steres para pol\u00edticos, adornos en la vitrina, el cenicero con la leyenda \u201cestuve aqu\u00ed y me acord\u00e9 de ti\u201d que uno se trae de Torremolinos al final de las vacaciones<\/span><\/p>\n<p style=\"text-align: justify;\"><span style=\"font-size: 14pt; font-family: arial, helvetica, sans-serif;\">El trato privilegiado del que han disfrutado pone en cuesti\u00f3n uno de los pilares de la educaci\u00f3n p\u00fablica, que es la igualdad de oportunidades, lo \u00fanico que asegura que ricos y pobre, gobernantes y gobernados, nobles y plebeyos tengan las mismas probabilidades de acertar en la Primitiva porque todos juegan las mismas apuestas. Para que la equidad sea real no puede haber beneficios personales ni cartas marcadas.<\/span><\/p>\n<p style=\"text-align: justify;\"><span style=\"font-size: 14pt; font-family: arial, helvetica, sans-serif;\">Ingenuamente, nos hab\u00edamos cre\u00eddo esa milonga de la meritocracia, seg\u00fan la cual la desigualdad de cuna o de posici\u00f3n era accidental y siempre pod\u00eda corregirse con el esfuerzo personal. Aquello de que Salamanca no prestaba lo que la naturaleza no hab\u00eda concedido era un cuento chino. Lo presta, lo regala y lo vende.<\/span><\/p>\n<p><a href=\"https:\/\/puntocritico.com\/ausajpuntocritico\/wp-content\/uploads\/2016\/11\/Mosca_Punto_Cr\u00edtico_40.png\" rel=\"lightbox[10860]\"><img loading=\"lazy\" decoding=\"async\" class=\"aligncenter size-full wp-image-48\" src=\"https:\/\/puntocritico.com\/ausajpuntocritico\/wp-content\/uploads\/2016\/11\/Mosca_Punto_Cr\u00edtico_40.png\" alt=\"\" width=\"50\" height=\"50\" \/><\/a><\/p>\n<p>&nbsp;<\/p>\n<h1 style=\"text-align: center;\"><a id=\"ref25\"><\/a><a href=\"#ref25a\">[25]<\/a> Bofetada de Protecci\u00f3n de Datos al Ministerio de Justicia por un grave agujero de seguridad de su sistema de notificaciones LexNet<\/h1>\n<p><span style=\"font-size: 14pt;\">Por P. ROMERO<\/span><\/p>\n<p>&nbsp;<\/p>\n<div><span style=\"color: #339966;\">Art\u00edculo publicado el 10 de abril de 2018 en<\/span><\/div>\n<div><span style=\"color: #339966;\"><a style=\"color: #339966;\" href=\"http:\/\/www.publico.es\/espana\/privacidad-bofetada-proteccion-datos-ministerio-justicia-grave-agujero-seguridad-sistema-notificaciones-lexnet.html\" target=\"_blank\" rel=\"noopener\">http:\/\/www.publico.es\/espana\/privacidad-bofetada-proteccion-datos-ministerio-justicia-grave-agujero-seguridad-sistema-notificaciones-lexnet.html<\/a><\/span><\/div>\n<div>\u00a0<\/div>\n<p><a href=\"https:\/\/puntocritico.com\/ausajpuntocritico\/wp-content\/uploads\/2018\/04\/597a15527a823.jpg\" rel=\"lightbox[10860]\"><img loading=\"lazy\" decoding=\"async\" class=\"aligncenter size-full wp-image-10956\" src=\"https:\/\/puntocritico.com\/ausajpuntocritico\/wp-content\/uploads\/2018\/04\/597a15527a823.jpg\" alt=\"\" width=\"660\" height=\"340\" srcset=\"https:\/\/puntocritico.com\/ausajpuntocritico\/wp-content\/uploads\/2018\/04\/597a15527a823.jpg 660w, https:\/\/puntocritico.com\/ausajpuntocritico\/wp-content\/uploads\/2018\/04\/597a15527a823-300x155.jpg 300w\" sizes=\"auto, (max-width: 660px) 100vw, 660px\" \/><\/a><\/p>\n<blockquote>\n<p id=\"m361-360-362\" style=\"text-align: justify;\"><span style=\"font-size: 14pt; font-family: arial, helvetica, sans-serif;\">Este sistema de notificaci\u00f3n, dependiente del Ejecutivo, ha recibido cr\u00edticas no s\u00f3lo por su pobre operatividad sino por sus problemas de seguridad y, en \u00faltima instancia, por una cuesti\u00f3n separaci\u00f3n de poderes. En este caso, no habr\u00e1 sanci\u00f3n econ\u00f3mica ya que la entidad sancionada es la Administraci\u00f3n P\u00fablica.<\/span><\/p>\n<\/blockquote>\n<p style=\"text-align: justify;\"><span style=\"font-size: 14pt; font-family: arial, helvetica, sans-serif;\">En julio del a\u00f1o pasado,\u00a0<a title=\"LexNet, el sistema inform\u00e1tico de Justicia, sufre un &#039;fallo cr\u00edtico&#039; de seguridad y es desconectado durante horas\" href=\"http:\/\/www.publico.es\/actualidad\/lexnet-sistema-informatico-justicia-sufre-fallo-critico-seguridad-desconectado-horas.html\" target=\"_blank\" rel=\"noopener\">el abogado Jos\u00e9 Muelas detect\u00f3 un grave agujero de seguridad<\/a>\u00a0en LexNet, el sistema de notificaciones puesto en marcha por el Ministerio de Justicia en 2007 como\u00a0<b>medida estrella para digitalizar la actividad de juzgados y tribunales<\/b>. Su uso es obligatorio desde 2016.<\/span><\/p>\n<p id=\"m366-1-367\" style=\"text-align: justify;\"><span style=\"font-size: 14pt; font-family: arial, helvetica, sans-serif;\"><b>Ese agujero permit\u00eda el acceso a buzones ajenos con informaci\u00f3n muy sensible<\/b>: datos de abogados, de litigantes, resoluciones de los jueces&#8230;. Porque LexNet es, en definitiva, el sistema para intercambiar informaci\u00f3n de casos entre juzgados, abogados, procuradores, etc.<\/span><\/p>\n<p id=\"m371-2-372\" style=\"text-align: justify;\"><span style=\"font-size: 14pt; font-family: arial, helvetica, sans-serif;\">El intento de imponer la \u201cmodernizaci\u00f3n\u201d de la Administraci\u00f3n de Justicia ahora afronta ahora su\u00a0<a title=\"LexNet vuelve a caerse \" href=\"http:\/\/www.publico.es\/politica\/lexnet-vuelve-caerse.html\" target=\"_blank\" rel=\"noopener\">en\u00e9simo<\/a>\u00a0<a title=\"Lexnet vuelve a caerse y deja tirados a miles de abogados y procuradores el primer d\u00eda de vuelta al trabajo\" href=\"http:\/\/www.publico.es\/politica\/lexnet-vuelve-caerse-deja-tirados-abogados-procuradores-primer-dia-vuelta.html\" target=\"_blank\" rel=\"noopener\">problema<\/a>: la\u00a0<b>Agencia de Protecci\u00f3n de Datos<\/b>\u00a0considera que el ministerio de\u00a0<b>Rafael Catal\u00e1<\/b>\u00a0incurri\u00f3 en una\u00a0<b>falta grave<\/b>\u00a0por un agujero de seguridad que, como explic\u00f3 en su momento el abogado especializado\u00a0<a title=\"Fase Consulting\" href=\"https:\/\/www.faseconsulting.es\/tecnologia\/seguridad\/lexnet-la-seguridad-y-los-permisos-para-acceder-a-contenido\" target=\"_blank\" rel=\"noopener noreferrer\">Sergio Carrasco<\/a>, permit\u00eda a quienes ya estaban autorizados a usar LexNet el acceso a buzones de terceros en el sistema.<\/span><\/p>\n<div id=\"m376-3-377\" class=\"html\" style=\"text-align: justify;\">\n<p><span style=\"font-size: 14pt; font-family: arial, helvetica, sans-serif;\"><a title=\"View AAPP 00066 2017 Resolucion de Fecha 15-03-2018 Art II Culo 9 LOPD on Scribd\" href=\"https:\/\/www.scribd.com\/document\/375987283\/AAPP-00066-2017-Resolucion-de-Fecha-15-03-2018-Art-II-Culo-9-LOPD#from_embed\" target=\"_blank\" rel=\"noopener\">AAPP 00066 2017 Resolucion de Fecha 15-03-2018 Art II Culo 9 LOPD<\/a>\u00a0by\u00a0<a title=\"View P\u00fablico.es&#039;s profile on Scribd\" href=\"https:\/\/www.scribd.com\/user\/218995127\/Publico-es#from_embed\" target=\"_blank\" rel=\"noopener\">P\u00fablico.es<\/a>\u00a0on Scribd<\/span><\/p>\n<p><iframe loading=\"lazy\" id=\"doc_77486\" class=\"scribd_iframe_embed\" title=\"AAPP 00066 2017 Resolucion de Fecha 15-03-2018 Art II Culo 9 LOPD\" src=\"https:\/\/www.scribd.com\/embeds\/375987283\/content?start_page=1&amp;view_mode=scroll&amp;access_key=key-nvnAfagfOdf3kG06CBzD&amp;show_recommendations=true\" width=\"100%\" height=\"600\" frameborder=\"0\" scrolling=\"no\" data-auto-height=\"false\" data-aspect-ratio=\"0.7068965517241379\" data-mce-fragment=\"1\"><\/iframe><\/div>\n<p id=\"m381-4-382\" style=\"text-align: justify;\"><span style=\"font-size: 14pt; font-family: arial, helvetica, sans-serif;\">La AEPD establece en su escrito que qued\u00f3 demostrado en su momento que los usuarios de LexNet pudieron acceder, en funci\u00f3n de esta brecha de seguridad, a cuentas de colectivos de abogados, procuradores y graduados sociales, y en ellas a contenidos tales como\u00a0<b>\u201cnotificaciones practicadas, y traslado de escritos, demandas, notificaciones, partes hospitalarios<\/b>, etc\u201d, as\u00ed como a \u201c<b>notificaciones ya aceptadas y a los acuses de recibo de los escritos presentados previamente por el usuario\u201d<\/b>\u00a0y, por \u00faltimo, \u201ca\u00a0<b>las notificaciones no practicadas en caso de buzones de procuradores\u201d.<\/b><\/span><\/p>\n<p id=\"m386-5-387\" style=\"text-align: justify;\"><span style=\"font-size: 14pt; font-family: arial, helvetica, sans-serif;\">Seg\u00fan los hechos demostrados, mientras dur\u00f3 el problema (entre el 20 y el 27 de julio de 2017)\u00a0<b>\u201c284 usuarios accedieron a 692 buzones que no les pertenec\u00edan realizando 1438 visualizaciones de mensajes de forma no autorizada\u201d<\/b>. \u201cDe ellos\u201d, prosigue el escrito, \u201c74 usuarios accedieron a 79 buzones que no les pertenec\u00edan y consultaron 432 documentos de forma no autorizada\u201d.<\/span><\/p>\n<h2 id=\"m391-6-392\" class=\"highlighted\" style=\"text-align: justify;\"><span style=\"font-size: 14pt; font-family: arial, helvetica, sans-serif;\">Los problemas de LexNet<\/span><\/h2>\n<p id=\"m396-7-397\" style=\"text-align: justify;\"><span style=\"font-size: 14pt; font-family: arial, helvetica, sans-serif;\">En el Real Decreto 1065\/2015 sobre comunicaciones electr\u00f3nicas en la administraci\u00f3n de justicia se define LexNeT como \u201c<b>un medio de transmisi\u00f3n seguro de informaci\u00f3n<\/b>\u00a0que mediante el uso de t\u00e9cnicas criptogr\u00e1ficas garantiza la presentaci\u00f3n de escritos y documentos y la recepci\u00f3n de actos de comunicaci\u00f3n, sus fechas de emisi\u00f3n, puesta a disposici\u00f3n y recepci\u00f3n o acceso al contenido de los mismos\u201d. \u00bf\u201dSeguro\u201d? A juzgar por esta resoluci\u00f3n y por las\u00a0<a title=\"El Confidencial\" href=\"https:\/\/www.elconfidencial.com\/tecnologia\/2017-07-31\/lexnet-justicia-sistema-informatico_1423267\/\" target=\"_blank\" rel=\"noopener noreferrer\">sucesivas denuncias de brechas de seguridad<\/a>,\u00a0<b>parece que no tanto<\/b>.<\/span><\/p>\n<p id=\"m605-8-606\" style=\"text-align: justify;\"><span style=\"font-size: 14pt; font-family: arial, helvetica, sans-serif;\">Desde el Sindicato de Secretarios Judiciales SISEJ exigen depurar responsabilidades tras esta infracci\u00f3n grave. Asimismo, denuncian \u201cel grado de impunidad y falta de rendici\u00f3n de cuentas que pretende el gabinete dirigido por Rafael Catal\u00e1 en todos sus niveles y departamentos respecto a su gesti\u00f3n es inaudito para una sociedad democr\u00e1tica\u201d. \u201cEn el caso que nos ocupa\u201d, a\u00f1aden en un comunicado,\u00a0<b>\u201cel Ministerio de Justicia, en lugar de asumir sus propias responsabilidades, denunci\u00f3 a quien desvel\u00f3 la vulnerabilidad de LexNet\u201d<\/b>.<\/span><\/p>\n<p id=\"m401-8-402\" style=\"text-align: justify;\"><span style=\"font-size: 14pt; font-family: arial, helvetica, sans-serif;\">Pero es que adem\u00e1s, independientemente de su\u00a0<a title=\"El colapso en LexNet abre un agujero negro en la seguridad jur\u00eddica del Estado\" href=\"http:\/\/www.publico.es\/politica\/fallo-tecnologico-colapso-lexnet-abre-agujero-negro-seguridad-juridica.html\" target=\"_blank\" rel=\"noopener\">estabilidad o seguridad<\/a>\u00a0\u2013de su\u00a0<a title=\"En Confidencial\" href=\"https:\/\/www.elconfidencial.com\/tecnologia\/2017-07-28\/lexnet-justicia-informatica-ciberseguridad-rafael-catala_1421916\/\" target=\"_blank\" rel=\"noopener noreferrer\">\u2018chapucera\u2019 implementaci\u00f3n<\/a>, en definitiva-, existe una cuesti\u00f3n objeto de denuncia por parte de algunos juristas: el problema que supone que el sistema dependa del Ministerio de Justicia.<\/span><\/p>\n<p id=\"m406-9-407\" style=\"text-align: justify;\"><span style=\"font-size: 14pt; font-family: arial, helvetica, sans-serif;\">El abogado especializado en nuevas tecnolog\u00edas\u00a0<b>Javier de la Cueva<\/b>,\u00a0<a title=\"Confilegal\" href=\"https:\/\/confilegal.com\/20180204-javier-la-cueva-los-sistemas-informaticos-justicia-tenemos-serian-sueno-humedo-stalin-hitler\/\" target=\"_blank\" rel=\"noopener noreferrer\">lleva a\u00f1os denunciando<\/a>\u00a0la concepci\u00f3n inicial del sistema y\u00a0<a title=\"Denuncia LexNet\" href=\"http:\/\/denuncialexnet.es\/acciones-legales\/\" target=\"_blank\" rel=\"noopener noreferrer\">encabeza las denuncias contra el mismo<\/a>: que LexNeT est\u00e1 desarrollada como una nube privada del propio ministerio. Es decir,\u00a0<b>que todo el sistema de comunicaciones del Poder Judicial depende directamente del control del Ejecutivo<\/b>, algo que puede comprometer de forma grave la\u00a0<b>separaci\u00f3n de poderes en este pa\u00eds<\/b>.<\/span><\/p>\n<p><a href=\"https:\/\/puntocritico.com\/ausajpuntocritico\/wp-content\/uploads\/2016\/11\/Mosca_Punto_Cr\u00edtico_40.png\" rel=\"lightbox[10860]\"><img loading=\"lazy\" decoding=\"async\" class=\"aligncenter size-full wp-image-48\" src=\"https:\/\/puntocritico.com\/ausajpuntocritico\/wp-content\/uploads\/2016\/11\/Mosca_Punto_Cr\u00edtico_40.png\" alt=\"\" width=\"50\" height=\"50\" \/><\/a><\/p>\n<h1 class=\"entry-title\" style=\"text-align: center;\"><a id=\"ref26\"><\/a><a href=\"#ref26a\">[26]<\/a> La sociedad del \u2018like\u2019<\/h1>\n<div class=\"author\"><span style=\"font-size: 14pt;\">Por Luis Moreno<\/span><\/div>\n<div>Profesor de Investigaci\u00f3n en el Instituto de Pol\u00edticas y Bienes P\u00fablicos (CSIC)\u00a0<\/div>\n<div><span style=\"color: #339966;\">Art\u00edculo publicado el 9 de abril de 2018 en<\/span><\/div>\n<div><span style=\"color: #339966;\"><a style=\"color: #339966;\" href=\"http:\/\/blogs.publico.es\/dominiopublico\/25527\/la-sociedad-del-like\/\" target=\"_blank\" rel=\"noopener\">http:\/\/blogs.publico.es\/dominiopublico\/25527\/la-sociedad-del-like\/<\/a><\/span><\/div>\n<div>\u00a0<\/div>\n<p style=\"text-align: justify;\"><span style=\"font-size: 14pt; font-family: arial, helvetica, sans-serif;\">Vivimos en una sociedad que quiere gustarse a s\u00ed misma. Muchos ciudadanos sienten la necesidad de sentirse queridos y requieren que los dem\u00e1s se lo digan. Al menos, que les hagan saber que las cosas que hacen son del gusto ajeno. Es esta una sociedad del\u00a0<em>like<\/em>intermediada fundamentalmente por tel\u00e9fonos inteligentes \u00a0que nos abren la puerta a un mundo virtual en el que todos somos\u00a0<em>alguien<\/em>, y en el que todos existimos gustosamente.<\/span><\/p>\n<p style=\"text-align: justify;\"><span style=\"font-size: 14pt; font-family: arial, helvetica, sans-serif;\">El\u00a0<em>like\u00a0<\/em>debe ser expresado y hasta registrado entre los m\u00faltiples emisores y receptores en cualquier dispositivo digital. Algunos mensajes pueden poner en dificultades a traviesos narcisistas, pero el impulso a ver en la pantalla la figura de la mano con el dedo hacia arriba (casi) todo lo puede.<\/span><\/p>\n<p style=\"text-align: justify;\"><span style=\"font-size: 14pt; font-family: arial, helvetica, sans-serif;\">\u201cGusto, luego existo\u201d ser\u00eda el nuevo principio de racionalidad telem\u00e1tica. De tal suerte que si no gusta ninguno de los rastros que dejamos en la Red (correos, fotos, impressions, podcasts, posts, shares, whatsapps o, simplemente, chascarrillos rebotados por otros usuarios), entonces no existimos. Naturalmente, en ese trasiego de gustos los anuncios confeccionados a la medida de nuestros perfiles nos bombardean (m\u00e1s o menos subliminalmente) para que compremos incesantemente. Para que compremos sin parar. La mercantilizaci\u00f3n publicitaria es quiz\u00e1 m\u00e1s subrepticia, pero no por ello menos efectiva.<\/span><\/p>\n<p style=\"text-align: justify;\"><span style=\"font-size: 14pt; font-family: arial, helvetica, sans-serif;\">Los\u00a0<em>likes<\/em>\u00a0y\u00a0<em>dislikes<\/em>\u00a0sirven para establecer no s\u00f3lo tarifas publicitarias, sino tambi\u00e9n para fijar c\u00f3digos sociales de inclusi\u00f3n y exclusi\u00f3n a niveles afectivo, laboral, l\u00fadico y, relacional, pongamos por caso. Hace alg\u00fan tiempo el redactor de estas l\u00edneas se entretuvo viendo una pieza en el canal Netflix de TV dentro de la serie\u00a0<em>Black Mirror<\/em>, una antolog\u00eda brit\u00e1nica que muestra en sus episodios las turbias relaciones entre los humanos y la tecnolog\u00eda. Por cierto, cada vez cada vez se va menos a las salas de cine. Todo indica que el modelo de exhibici\u00f3n audiovisual est\u00e1 cambiando y cada cual ve las pel\u00edculas en la soledad de su pantalla individual, algo que reitera esa dicotom\u00eda comunicativa del me gusta\/no me gusta.<\/span><\/p>\n<p style=\"text-align: justify;\"><span style=\"font-size: 14pt; font-family: arial, helvetica, sans-serif;\">El filme de la antedicha serie,\u00a0<em>Nosedive<\/em>\u00a0(<em>Ca\u00edda en picado<\/em>), reflejaba una situaci\u00f3n ficticia (aunque quiz\u00e1 no tan alejada del futuro que ahora despunta) en la que los personajes se afanaban por gustar a todos aquellos con quienes interaccionaban, no s\u00f3lo por razones de satisfacci\u00f3n personal. Estaba en juego un sistema de valoraci\u00f3n de capacidades y destrezas que clasificaba a los humanos en cinco categor\u00edas de 0 a 5. Todos aquellos pr\u00f3ximos a la m\u00e1xima nota, ve\u00edan facilitadas sus posibilidades de ascenso social con mejores empleos, promociones bien remuneradas o deseables relaciones personales. Las interactuaciones conllevaban una calificaci\u00f3n de las personas implicadas, lo que posicionaba a los sujetos en un ranking favorable o desfavorable de la vida de los protagonistas. Al final sucede que la protagonista cae en una espiral de\u00a0<em>dislikes<\/em>\u00a0que bajan su puntuaci\u00f3n a niveles de exclusi\u00f3n y hasta de inadaptaci\u00f3n social.<\/span><\/p>\n<p style=\"text-align: justify;\"><span style=\"font-size: 14pt; font-family: arial, helvetica, sans-serif;\">La distop\u00eda de\u00a0<em>Ca\u00edda en picado<\/em>\u00a0puede parecer una exageraci\u00f3n para ilustrar el caso de la sociedad del\u00a0<em>like<\/em>. Pero algunas de sus requiebros argumentales validan, al menos parcialmente, las evoluciones actuales. O, al menos hacen pensar que as\u00ed pudiera ser. El asunto principal del filme en torno al cual giran entendidos, malentendidos y frustraciones es el de que los ciudadanos deben ser agradables a toda costa a ojos de quienes interaccionan con ellos porque de su juicio dependen las calificaciones que los sit\u00faan en los rangos de suspenso, aprobado, notable, sobresaliente y\u00a0<em>matr\u00edcula de honor<\/em>.<\/span><\/p>\n<p style=\"text-align: justify;\"><span style=\"font-size: 14pt; font-family: arial, helvetica, sans-serif;\">En la actualidad, ya visualizamos calificaciones y rankings expresados en el n\u00famero de visualizaciones de un comentario o un post subido en nuestras redes sociales. Tambi\u00e9n aparecen el n\u00famero de\u00a0<em>likes<\/em>\u00a0y\u00a0<em>dislikes\u00a0<\/em>que marcan tendencia a la hora de elegir alguna pieza musical o videojuego para pasar el rato. \u00bfQui\u00e9n no ha declinado reservar una mesa en un restaurante en el que aparecen comentarios poco favorables, sea por la calidad del condumio ofrecido o por la carest\u00eda de las viandas; o simplemente por la carencia de reacciones de comensales anteriores?<\/span><\/p>\n<p style=\"text-align: justify;\"><span style=\"font-size: 14pt; font-family: arial, helvetica, sans-serif;\">En los \u00faltimos tiempos, la sociedad del\u00a0<em>like<\/em>\u00a0est\u00e1 sujeta a las noticias falsas (<em>fake news<\/em>) que han arrojado m\u00e1s incertidumbre a los contactos personales, m\u00e1s all\u00e1 de sus conocidas derivaciones pol\u00edticas, como por ejemplo la sucia utilizaci\u00f3n de informaciones torticeras que coadyuvaron al\u00a0<em>pucherazo<\/em>\u00a0electoral de Donald Trump. En el nivel individual sucede que algunas personas deseosas de ser queridas\u00a0<em>falsean<\/em>\u00a0sus apariencias fotogr\u00e1ficas en sus cuentas Istagram o Facebook, por citar algunas de ellas, a fin de recibir m\u00e1s\u00a0<em>likes<\/em>. Otras distorsionan la realidad de sus logros personales para que resulten m\u00e1s atractivas e, incluso, puedan llegar a causar una impresi\u00f3n m\u00e1s favorable a sus potenciales electores, empleadores o amantes.<\/span><\/p>\n<p style=\"text-align: justify;\"><span style=\"font-size: 14pt; font-family: arial, helvetica, sans-serif;\">Como se sabe, el individualismo posesivo no s\u00f3lo proclama la liberaci\u00f3n de los individuos de sus lig\u00e1menes colectivos, sino que les emplaza a la construcci\u00f3n aut\u00f3noma de sus propias biograf\u00edas vitales. As\u00ed, los individuos pierden a menudo su sentido de la lealtad comunicacional y se convierten en consumidores an\u00f3micos y descontextualizados. Nuestras sociedades tienden a polarizarse entre\u00a0<em>ganadores y perdedores<\/em>\u00a0(<em>winners and losers<\/em>), pero la llegada del fen\u00f3meno\u00a0<em>like\u00a0<\/em>hace tabla rasa entre el \u00e9xito y el fracaso. Aparentemente, ambos quedan reducidos al m\u00ednimo tras presionar insistentemente, en un sentido u otro, las teclas de simpat\u00eda\/antipat\u00eda de nuestros iPads o\u00a0<em>smartphones<\/em>. Verdaderos y falsos, guapos y feos, listos y tontos conviven en una democracia digital que todo lo engulle y recicla.<\/span><\/p>\n<p style=\"text-align: justify;\"><span style=\"font-size: 14pt; font-family: arial, helvetica, sans-serif;\">Podr\u00e1 decirse que las pr\u00e1cticas sint\u00e9ticamente ilustradas anteriormente no son m\u00e1s que la continuaci\u00f3n por otros medios m\u00e1s tecnol\u00f3gicamente avanzados de las sempiternas pr\u00e1cticas de vanidad consustanciales a la naturaleza humana. Bien podr\u00eda suceder que, simplemente, las mejoras virtuales de nuestros deseos de autoafirmaci\u00f3n s\u00f3lo escondan una realidad de carne y hueso. Al fin y a la postre el\u00a0<em>masaje<\/em>\u00a0de los nuevos medios no hace desaparecer nuestra condici\u00f3n humana con sus fealdades y limitaciones, \u00bfo s\u00ed?<\/span><\/p>\n<h1 class=\"pg-headline\" style=\"text-align: center;\"><a href=\"https:\/\/puntocritico.com\/ausajpuntocritico\/wp-content\/uploads\/2016\/11\/Mosca_Punto_Cr\u00edtico_40.png\" rel=\"lightbox[10860]\"><img loading=\"lazy\" decoding=\"async\" class=\"aligncenter size-full wp-image-48\" src=\"https:\/\/puntocritico.com\/ausajpuntocritico\/wp-content\/uploads\/2016\/11\/Mosca_Punto_Cr\u00edtico_40.png\" alt=\"\" width=\"50\" height=\"50\" \/><\/a><a id=\"ref27\"><\/a><a href=\"#ref27a\">[27]<\/a> Una de las profesoras asegura a la Polic\u00eda que tiene grabadas amenazas del director del m\u00e1ster de Cifuentes<\/h1>\n<p><span style=\"font-size: 14pt;\">Por\u00a0Pedro \u00c1gueda<\/span><\/p>\n<div class=\"subtitle bkn mce sk2\">\u00a0<\/div>\n<div><span style=\"color: #339966;\">Art\u00edculo publicado el 10 de abril de 2018 en<\/span><\/div>\n<div><span style=\"color: #339966;\"><a style=\"color: #339966;\" href=\"https:\/\/www.eldiario.es\/politica\/profesoras-Policia-grabadas-amenazas-Cifuentes_0_759425141.html\" target=\"_blank\" rel=\"noopener\">https:\/\/www.eldiario.es\/politica\/profesoras-Policia-grabadas-amenazas-Cifuentes_0_759425141.html<\/a><\/span><\/div>\n<div>\u00a0<\/div>\n<div>\u00a0<\/div>\n<figure id=\"attachment_10811\" aria-describedby=\"caption-attachment-10811\" style=\"width: 643px\" class=\"wp-caption aligncenter\"><a href=\"https:\/\/puntocritico.com\/ausajpuntocritico\/wp-content\/uploads\/2018\/04\/Enrique-Alvarez-Conde-URJC-Calvo_EDIIMA20180404_0273_21.jpg\" rel=\"lightbox[10860]\"><img loading=\"lazy\" decoding=\"async\" class=\"wp-image-10811 size-full\" src=\"https:\/\/puntocritico.com\/ausajpuntocritico\/wp-content\/uploads\/2018\/04\/Enrique-Alvarez-Conde-URJC-Calvo_EDIIMA20180404_0273_21.jpg\" alt=\"\" width=\"643\" height=\"362\" srcset=\"https:\/\/puntocritico.com\/ausajpuntocritico\/wp-content\/uploads\/2018\/04\/Enrique-Alvarez-Conde-URJC-Calvo_EDIIMA20180404_0273_21.jpg 643w, https:\/\/puntocritico.com\/ausajpuntocritico\/wp-content\/uploads\/2018\/04\/Enrique-Alvarez-Conde-URJC-Calvo_EDIIMA20180404_0273_21-300x169.jpg 300w\" sizes=\"auto, (max-width: 643px) 100vw, 643px\" \/><\/a><figcaption id=\"caption-attachment-10811\" class=\"wp-caption-text\"><span style=\"font-size: 10pt; color: #339966;\"><strong>El catedr\u00e1tico Enrique \u00c1lvarez Conde, en los pasillos de la URJC OLMO CALVO<\/strong><\/span><\/figcaption><\/figure>\n<blockquote>\n<p style=\"text-align: justify;\"><span style=\"font-family: arial, helvetica, sans-serif; font-size: 14pt;\">Una de las docentes cuyo nombre aparece en el acta falsificada del TFM de Cifuentes asegura que Enrique \u00c1lvarez Conde la amenaz\u00f3 con frustrar su carrera en la Universidad si no acced\u00eda a participar en el enga\u00f1o\u00a0<\/span><\/p>\n<p style=\"text-align: justify;\"><span style=\"font-family: arial, helvetica, sans-serif; font-size: 14pt;\">Cecilia Rosado, Alicia L\u00f3pez de los Mozos y Clara Souto\u00a0han declarado o est\u00e1n citadas para las pr\u00f3ximas horas\u00a0ante agentes de la Unidad Adscrita a la Fiscal\u00eda\u00a0<\/span><\/p>\n<\/blockquote>\n<p class=\"mce\" style=\"text-align: justify;\"><span style=\"font-family: arial, helvetica, sans-serif; font-size: 14pt;\">Una de las tres profesoras con la que ha entrado ya en contacto la Polic\u00eda por las irregularidades en la concesi\u00f3n del m\u00e1ster a Cristina Cifuentes ha contado a los agentes que el director, Enrique \u00c1lvarez Conde, la coaccion\u00f3 para que participara en la falsificaci\u00f3n de las pruebas que present\u00f3 la presidenta de la Comunidad de Madrid y que incluso la amenaz\u00f3 con frustrar su carrera docente, han informado a eldiario.es fuentes conocedoras del encuentro entre la profesora y la Polic\u00eda.<\/span><\/p>\n<p class=\"mce\" style=\"text-align: justify;\"><span style=\"font-family: arial, helvetica, sans-serif; font-size: 14pt;\">La misma profesora ha dicho a los agentes de la Unidad de la Polic\u00eda Adscrita a la Fiscal\u00eda que tiene grabadas esas amenazas. Las mismas fuentes aseguran que la docente no ha hecho entrega de las mismas a la Polic\u00eda, al menos durante la este primer contacto.\u00a0<\/span><\/p>\n<section id=\"edi-ad-slot-intext\" class=\"md-advertisement md hspace no-adv-socios\" role=\"marquee\" data-google-query-id=\"CPf5psictdoCFYSeGwodlEQD7Q\"><\/section>\n<p class=\"mce\" style=\"text-align: justify;\"><span style=\"font-family: arial, helvetica, sans-serif; font-size: 14pt;\">Las docentes\u00a0que han prestado ya declaraci\u00f3n o est\u00e1n citadas pr\u00f3ximamente\u00a0son Alicia L\u00f3pez de los Mozos, Clara Souto y Cecilia Rosado. Las firmas falsificadas de dos de ellas \u2013todas salvo Cecilia Rosado\u2013 figuran en el acta del examen de Cifuentes,\u00a0<a class=\"mce\" href=\"https:\/\/www.eldiario.es\/politica\/responsable-master-Cifuentes-admite-falsificacion_0_758024245.html\" target=\"_blank\" rel=\"noopener\">\u00abreconstruida\u00bb por orden del director del Instituto de Derecho P\u00fablico<\/a>\u00a0(IDP) de la URJC, organizador del m\u00e1ster, Enrique \u00c1lvarez Conde.<\/span><\/p>\n<p class=\"mce\" style=\"text-align: justify;\"><span style=\"font-family: arial, helvetica, sans-serif; font-size: 14pt;\">Los polic\u00edas han comenzado la investigaci\u00f3n por orden de la Fiscal\u00eda de M\u00f3stoles, en la que el pasado 6 de abril el rector de la Universidad, Javier Ramos, entreg\u00f3 diversa documentaci\u00f3n tras detectar, la v\u00edspera,\u00a0<a class=\"mce\" href=\"https:\/\/www.eldiario.es\/politica\/Universidad-Juan-Carlos-Fiscalia-Cifuentes_0_757675102.html\" target=\"_blank\" rel=\"noopener\">\u00a0\u00abindicios de delito\u00bb en la gesti\u00f3n del m\u00e1ster de Cifuentes.<\/a>\u00a0Agentes de la Unidad Adscrita a la Fiscal\u00eda se han desplazado esta ma\u00f1ana a la Universidad Rey Juan Carlos en Vic\u00e1lvaro para tomar al menos declaraci\u00f3n a una de las profesoras.\u00a0<\/span><\/p>\n<p class=\"mce\" style=\"text-align: justify;\"><span style=\"font-family: arial, helvetica, sans-serif; font-size: 14pt;\">Dos de las tres docentes,\u00a0<a class=\"mce\" href=\"https:\/\/www.eldiario.es\/sociedad\/deensa-tfm_0_757675150.html\" target=\"_blank\" rel=\"noopener\">\u00a0Alicia L\u00f3pez de los Mozos<\/a>\u00a0y\u00a0<a class=\"mce\" href=\"https:\/\/www.eldiario.es\/sociedad\/segunda-examinadora-Cifuentes-admite-falsificada_0_758025159.html\" target=\"_blank\" rel=\"noopener\">Clara Souto<\/a>\u00a0ya alertaron hace d\u00edas de que sus firmas hab\u00edan sido falsificadas. Cecilia Rosado, seg\u00fan dijo \u00c1lvarez Conde, fue la encargada de efectuar la \u00abreconstrucci\u00f3n\u00bb del acta de Cifuentes.<\/span><\/p>\n<p class=\"mce\" style=\"text-align: justify;\"><span style=\"font-family: arial, helvetica, sans-serif; font-size: 14pt;\">En\u00a0<a class=\"mce\" href=\"http:\/\/www.ondacero.es\/programas\/mas-de-uno\/audios-podcast\/entrevistas\/el-director-del-master-de-cifuentes-el-rector-me-dijo-que-hay-que-reconstruir-un-documento-y-reconozco-mi-culpa-porque-le-hice-caso_201804065ac71bf40cf2891d91ebb8f2.html\" target=\"_blank\" rel=\"noopener noreferrer\">una entrevista en Onda Cero<\/a>, el director del m\u00e1ster\u00a0se\u00f1al\u00f3\u00a0que la reconstrucci\u00f3n del acta la llev\u00f3 a cabo una de sus \u00abdisc\u00edpulas\u00bb y que hab\u00eda \u00abuna decisi\u00f3n del rector de proceder a eso\u00bb. \u00abProced\u00ed a la reconstrucci\u00f3n porque entend\u00ed que hab\u00eda una decisi\u00f3n del rector\u00bb, se\u00a0justific\u00f3 \u00c1lvarez Conde, que remarc\u00f3 que el acta original \u00abdeber\u00eda estar en los servicios de administraci\u00f3n de la universidad\u00bb, donde se enviaban \u00abpor correo interno porque no hab\u00eda sistema inform\u00e1tico\u00bb. El director del m\u00e1ster\u00a0se\u00f1al\u00f3 que es la primera vez que recibe un \u00abrequerimiento de la autoridad universitaria para reconstruir un acta\u00bb.<\/span><\/p>\n<h1 class=\"pg-headline\" style=\"text-align: center;\"><a href=\"https:\/\/puntocritico.com\/ausajpuntocritico\/wp-content\/uploads\/2016\/11\/Mosca_Punto_Cr\u00edtico_40.png\" rel=\"lightbox[10860]\"><img loading=\"lazy\" decoding=\"async\" class=\"aligncenter size-full wp-image-48\" src=\"https:\/\/puntocritico.com\/ausajpuntocritico\/wp-content\/uploads\/2016\/11\/Mosca_Punto_Cr\u00edtico_40.png\" alt=\"\" width=\"50\" height=\"50\" \/><\/a><\/h1>\n<h1 class=\"pg-headline\" style=\"text-align: center;\"><a id=\"ref28\"><\/a><a href=\"#ref28a\">[28]<\/a> Pol\u00edticos del PP y cargos de confianza del Gobierno aprobaron asignaturas del m\u00e1ster de Cifuentes con actas falsificadas<\/h1>\n<p><span style=\"font-size: 14pt;\">Por\u00a0Jos\u00e9 Precedo \/ Laura Galaup \/ Ra\u00fal Rej\u00f3n \/ Ignacio Escolar<\/span><\/p>\n<div><span style=\"color: #339966;\">Art\u00edculo publicado el 11 de abril de 2018 en<\/span><\/div>\n<div><span style=\"color: #339966;\"><a style=\"color: #339966;\" href=\"https:\/\/www.eldiario.es\/politica\/Cifuentes-tratamiento-VIP-asignaturas-falsificadas_0_759424984.html\" target=\"_blank\" rel=\"noopener\">https:\/\/www.eldiario.es\/politica\/Cifuentes-tratamiento-VIP-asignaturas-falsificadas_0_759424984.html<\/a><\/span><\/div>\n<div>\u00a0<\/div>\n<div>\u00a0<\/div>\n<figure id=\"attachment_10981\" aria-describedby=\"caption-attachment-10981\" style=\"width: 643px\" class=\"wp-caption aligncenter\"><a href=\"https:\/\/puntocritico.com\/ausajpuntocritico\/wp-content\/uploads\/2018\/04\/Acta-convalidaciones-Cifuentes-listado-alumnos_EDIIMA20180410_1025_19.jpg\" rel=\"lightbox[10860]\"><img loading=\"lazy\" decoding=\"async\" class=\"wp-image-10981 size-full\" src=\"https:\/\/puntocritico.com\/ausajpuntocritico\/wp-content\/uploads\/2018\/04\/Acta-convalidaciones-Cifuentes-listado-alumnos_EDIIMA20180410_1025_19.jpg\" alt=\"\" width=\"643\" height=\"362\" srcset=\"https:\/\/puntocritico.com\/ausajpuntocritico\/wp-content\/uploads\/2018\/04\/Acta-convalidaciones-Cifuentes-listado-alumnos_EDIIMA20180410_1025_19.jpg 643w, https:\/\/puntocritico.com\/ausajpuntocritico\/wp-content\/uploads\/2018\/04\/Acta-convalidaciones-Cifuentes-listado-alumnos_EDIIMA20180410_1025_19-300x169.jpg 300w\" sizes=\"auto, (max-width: 643px) 100vw, 643px\" \/><\/a><figcaption id=\"caption-attachment-10981\" class=\"wp-caption-text\"><span style=\"font-size: 10pt; color: #339966;\"><strong>Una de las actas del m\u00e1ster de Cifuentes con el listado de alumnos aprobados con firmas falsificadas.<\/strong><\/span><\/figcaption><\/figure>\n<blockquote>\n<p style=\"text-align: justify;\"><span style=\"font-size: 14pt;\">Los alumnos que aprobaron tres asignaturas con actas falsificadas en el m\u00e1ster de Cifuentes son siempre los mismos y la gran mayor\u00eda de ellos tiene nexos directos con el PP o con la URJC<\/span><\/p>\n<p style=\"text-align: justify;\"><span style=\"font-size: 14pt;\">Adem\u00e1s de\u00a0<strong>Cristina Cifuentes<\/strong>, en esas actas figuran el entonces teniente de alcalde de Madrid\u00a0<strong>Pedro Calvo<\/strong>, el exgerente de la Complutense\u00a0<strong>Dionisio Ramos,<\/strong>\u00a0el entonces gerente de la Agencia EFE, una jefa de prensa contratada por el Ministerio del Interior y varias personas vinculadas al Instituto de Derecho P\u00fablico de Enrique \u00c1lvarez Conde<\/span><\/p>\n<p style=\"text-align: justify;\"><span style=\"font-size: 14pt;\">Varios de estos alumnos guardan silencio. Otros aseguran que no terminaron el curso e incluso niegan tener el t\u00edtulo: \u00abNi fui nunca al m\u00e1ster ni hice ex\u00e1menes ni conozco a ning\u00fan profesor\u00bb<\/span><\/p>\n<\/blockquote>\n<p class=\"mce\" style=\"text-align: justify;\"><span style=\"font-family: arial, helvetica, sans-serif; font-size: 14pt;\">No todos los 21 inscritos en el m\u00e1ster de Derecho P\u00fablico del Estado Auton\u00f3mico de la Universidad Rey Juan Carlos tuvieron los mismos deberes y obligaciones en la promoci\u00f3n 2011\/2012 en la que estuvo inscrita la presidenta madrile\u00f1a, Cristina Cifuentes. Hab\u00eda dos tipos de alumnos en ese m\u00e1ster. Aquellos que acud\u00edan a clase regularmente, realizaban los trabajos y se presentaban a los ex\u00e1menes y otros con un tratamiento distinto que recibieron aprobados generales en varias de las materias gracias a\u00a0<a class=\"mce\" href=\"https:\/\/www.eldiario.es\/politica\/Cifuentes-aprobo-asignaturas-falsificadas-profesores_0_759075046.html\" target=\"_blank\" rel=\"noopener\">convalidaciones realizadas a trav\u00e9s de actas falsas, con firmas falsificadas<\/a>.<\/span><\/p>\n<p class=\"mce\" style=\"text-align: justify;\"><span style=\"font-family: arial, helvetica, sans-serif; font-size: 14pt;\">En ese segundo grupo de alumnos estaba Cifuentes, en aquel tiempo delegada del Gobierno en Madrid, junto a otros nombres insignes del pasado reciente del PP regional, cargos relacionados con el partido y varias personas vinculadas al Instituto de Derecho P\u00fablico de Enrique \u00c1lvarez Conde.<\/span><\/p>\n<p class=\"mce\" style=\"text-align: justify;\"><span style=\"font-family: arial, helvetica, sans-serif; font-size: 14pt;\">Adem\u00e1s de la presidenta madrile\u00f1a, el nombre m\u00e1s conocido entre los aprobados por convalidaci\u00f3n en esas tres materias es el de Pedro Calvo, entonces teniente de alcalde de Madrid y\u00a0<em class=\"mce\">n\u00famero tres<\/em>\u00a0de Alberto Ruiz-Gallard\u00f3n.<\/span><\/p>\n<p class=\"mce\" style=\"text-align: justify;\"><span style=\"font-family: arial, helvetica, sans-serif; font-size: 14pt;\">Pedro Calvo y Cristina Cifuentes se conocen desde hace m\u00e1s de tres d\u00e9cadas. La hoy presidenta de Madrid empez\u00f3 su carrera pol\u00edtica como asesora de Gallard\u00f3n en la Asamblea de Madrid con AP \u2013unos a\u00f1os en los que\u00a0<a class=\"mce\" href=\"https:\/\/www.eldiario.es\/politica\/PP-Cifuentes-economia-sumergida-primeros_0_386712279.html\" target=\"_blank\" rel=\"noopener\">lleg\u00f3 a trabajar en la econom\u00eda sumergida sin cotizar<\/a>\u2013. En 1991, Cifuentes logr\u00f3 el esca\u00f1o, en la misma lista auton\u00f3mica liderada por Gallard\u00f3n donde tambi\u00e9n Pedro Calvo fue elegido diputado por primera vez. Antes de compartir m\u00e1ster, Cifuentes y Calvo convivieron en el grupo parlamentario durante tres legislaturas.<\/span><\/p>\n<p class=\"mce\" style=\"text-align: justify;\"><span style=\"font-family: arial, helvetica, sans-serif; font-size: 14pt;\">Pedro Calvo no ha querido hacer declaraciones a eldiario.es, que ha intentado ponerse en contacto con \u00e9l desde hace varias semanas. Fuentes cercanas al exconcejal aseguran que ya no tiene responsabilidades pol\u00edticas \u2013dimiti\u00f3 tras las muertes del Madrid Arena\u2013 y que por eso prefiere no responder. Las mismas fuentes afirman que no lleg\u00f3 a terminar el curso y que tampoco fue a clase.<\/span><\/p>\n<p class=\"mce\" style=\"text-align: justify;\"><span style=\"font-family: arial, helvetica, sans-serif; font-size: 14pt;\">Tambi\u00e9n figura en esa lista de diez nombres otra persona muy cercana a Cristina Cifuentes, Dionisio Ramos. Fue durante a\u00f1os la mano derecha de Gustavo Villapalos, el rector de la Universidad Complutense al que Gallard\u00f3n despu\u00e9s nombr\u00f3 consejero de Educaci\u00f3n. Con Villapalos como consejero, se puso en marcha la URJC, donde Cristina Cifuentes form\u00f3 parte del primer consejo de administraci\u00f3n.<\/span><\/p>\n<p class=\"mce\" style=\"text-align: justify;\"><span style=\"font-family: arial, helvetica, sans-serif; font-size: 14pt;\">Dionisio Ramos tambi\u00e9n es amigo de Cifuentes desde hace d\u00e9cadas, desde que ambos participaron en el equipo que aup\u00f3 a Villapalos primero como decano de Derecho de la Complutense, despu\u00e9s como rector y m\u00e1s tarde como consejero de Educaci\u00f3n. Cifuentes fue testigo de la boda de Ramos, en 1993. A pesar de esta cercan\u00eda entre ambos, Dionisio Ramos presidi\u00f3 en 2001\u00a0<a class=\"mce\" href=\"https:\/\/www.eldiario.es\/politica\/relacionado-Gurtel-tribunal-ascendio-Cifuentes_0_756975272.html\" target=\"_blank\" rel=\"noopener\">el tribunal de oposici\u00f3n donde Cifuentes aprob\u00f3 su actual plaza como funcionaria<\/a>.<\/span><\/p>\n<p class=\"mce\" style=\"text-align: justify;\"><span style=\"font-family: arial, helvetica, sans-serif; font-size: 14pt;\">Siempre en la sombra, jug\u00f3\u00a0<a class=\"mce\" href=\"https:\/\/www.eldiario.es\/politica\/Dionisio-Ramos-Cifuentes-implicado-presidenta_0_756625025.html\" target=\"_blank\" rel=\"noopener\">un papel relevante en el episodio del tamayazo<\/a>, la traici\u00f3n de dos diputados del PSOE, Eduardo Tamayo y Mar\u00eda Teresa S\u00e1ez, que dio la presidencia de la Comunidad a Esperanza Aguirre en 2003. Diez a\u00f1os m\u00e1s tarde, en 2013 Infolibre desvel\u00f3 un documento que revelaba la labor de intermediario entre el que fuera l\u00edder de la corriente socialista Renovadores por la Base, Jos\u00e9 Luis Balb\u00e1s, y el exsecretario general del PP Ricardo Romero de Tejada, mu\u00f1idores de la operaci\u00f3n para evitar la presidencia del candidato del PSOE, Rafael Simancas.<\/span><\/p>\n<p class=\"mce\" style=\"text-align: justify;\"><span style=\"font-family: arial, helvetica, sans-serif; font-size: 14pt;\">eldiario.es lleva semanas intentando ponerse en contacto con Dionisio Ramos para recabar su versi\u00f3n sobre este curso. No ha habido respuesta. En\u00a0<a class=\"mce\" href=\"https:\/\/www.linkedin.com\/in\/dionisio-ramos-mart%C3%ADnez-7649138b\/\" target=\"_blank\" rel=\"noopener\">\u00a0su perfil p\u00fablico de Linkedin<\/a>\u00a0s\u00ed figura este t\u00edtulo universitario, aunque aprobado en 2013, un a\u00f1o despu\u00e9s.<\/span><\/p>\n<p class=\"mce\" style=\"text-align: justify;\"><span style=\"font-family: arial, helvetica, sans-serif; font-size: 14pt;\">En las tres actas falsificadas, que permitieron a estos alumnos aprobar tres asignaturas del curso sin necesidad de asistir a clase o examinarse como los dem\u00e1s, tambi\u00e9n aparece el nombre de Jos\u00e9 Ignacio Sanz Cerezuela, exgerente entre 2012 y 2014 de la Agencia EFE, una empresa p\u00fablica donde fue nombrado tras la llegada al poder de Mariano Rajoy, y exdirectivo del peri\u00f3dico ABC. \u00c9l sostiene que no tiene constancia de esta convalidaci\u00f3n.\u201cYo no ped\u00ed ninguna convalidaci\u00f3n y solo se realizan cuando se solicitan [por el alumno]\u201d, asegura.<\/span><\/p>\n<p class=\"mce\" style=\"text-align: justify;\"><span style=\"font-family: arial, helvetica, sans-serif; font-size: 14pt;\">Sanz defiende que pag\u00f3 la matr\u00edcula, que fue a clase en el campus de Vic\u00e1lvaro y que present\u00f3 un trabajo fin de m\u00e1ster sobre las televisiones auton\u00f3micas. Defiende que curs\u00f3 todas las asignaturas y asisti\u00f3 a todos los ex\u00e1menes. Desconoce por qu\u00e9 figuran sus datos en el listado de las convalidaciones. \u00abEl que lo haya puesto, lo sabr\u00e1\u00bb, advierte.<\/span><\/p>\n<p class=\"mce\" style=\"text-align: justify;\"><span style=\"font-family: arial, helvetica, sans-serif; font-size: 14pt;\">La propia Cifuentes ha repetido desde que estall\u00f3 el esc\u00e1ndalo que su caso no era \u00fanico y lamentado que no saliesen a la luz los nombres de otras personas que se inscribieron en el mismo grado y recibieron, seg\u00fan ella, id\u00e9ntico trato. Pese a figurar en las actas de convalidaciones de tres materias, varios de los alumnos no lograron nunca el t\u00edtulo de la Rey Juan Carlos.<\/span><\/p>\n<p class=\"mce\" style=\"text-align: justify;\"><span style=\"font-family: arial, helvetica, sans-serif; font-size: 14pt;\">El mecanismo para aprobar una asignatura por medio de una convalidaci\u00f3n exime de cursar y abonar la mayor\u00eda de las tasas de esos cr\u00e9ditos. Se usa en aquellos casos en los que el estudiante ya ha aprobado una materia equivalente en otra titulaci\u00f3n y puede acreditarlo con un documento oficial. El procedimiento para dar por aprobadas esas tres asignaturas a esa decena de alumnos \u2013siempre los mismos\u2013 en la Rey Juan Carlos est\u00e1 plagado de irregularidades, como evidencian los documentos en poder de eldiario.es.<\/span><\/p>\n<p class=\"mce\" style=\"text-align: justify;\"><span style=\"font-family: arial, helvetica, sans-serif; font-size: 14pt;\">La Comisi\u00f3n de Garant\u00eda de Calidad del M\u00e1ster que deb\u00eda ratificar las convalidaciones no existi\u00f3. O al menos, no en la composici\u00f3n que figura en las actas oficiales, firmadas el 24 de mayo de 2012, en v\u00edsperas de que expirase el plazo para cursar todas las materias y empezar con el trabajo de fin de m\u00e1ster.<\/span><\/p>\n<p class=\"mce\" style=\"text-align: justify;\"><span style=\"font-family: arial, helvetica, sans-serif; font-size: 14pt;\">Al final de esas tres actas, a las que ha tenido acceso esta redacci\u00f3n, figuran cinco firmas de profesores y la del director del Instituto de Derecho P\u00fablico de la URJC, Enrique \u00c1lvarez Conde, el mismo catedr\u00e1tico que se atribuy\u00f3 la orden a \u00absus disc\u00edpulas\u00bb para \u00abreconstruir\u00bb el acta del supuesto tribunal que evalu\u00f3 el trabajo de fin de m\u00e1ster de Cifuentes. Tres de los docentes que figuran en los nuevos documentos \u2013con sello y membrete de la universidad\u2013 para convalidar esas tres asignaturas no reconocen como suyas esas r\u00fabricas. Y dos de ellos, \u00c1ngela Figueruela y Alfredo Allu\u00e9, han negado a eldiario.es que hubieran tenido ninguna participaci\u00f3n en la convalidaci\u00f3n de esas materias. La tercera, Laura Nu\u00f1o, aleg\u00f3 el lunes que no lo recordaba y\u00a0<a class=\"mce\" href=\"https:\/\/www.eldiario.es\/sociedad\/subdirectora-instituto-organizo-Cifuentes-confianza_0_759424171.html\" target=\"_blank\" rel=\"noopener\">este martes ha presentado su dimisi\u00f3n<\/a>, a ra\u00edz de las informaciones de eldiario.es<\/span><\/p>\n<p class=\"mce\" style=\"text-align: justify;\"><span style=\"font-family: arial, helvetica, sans-serif; font-size: 14pt;\">Un\u00a0<a class=\"mce\" href=\"https:\/\/www.eldiario.es\/sociedad\/Informe-grafologa_0_759424117.html\" target=\"_blank\" rel=\"noopener\">\u00a0informe realizado por la perito cal\u00edgrafo<\/a>\u00a0judicial Rosario Casas certifica que las r\u00fabricas han sido falsificadas. A diferencia de lo que sucedi\u00f3 con la supuesta acta fabricada en la Rey Juan Carlos el pasado 21 de marzo para tratar de desmentir a eldiario.es sobre el trabajo de fin de m\u00e1ster, los nuevos papeles -tambi\u00e9n con firmas falsas- que sirvieron para acreditar las convalidaciones se cumplimentaron en mayo de 2012, cuando estaba a punto de acabar el curso.<\/span><\/p>\n<p class=\"mce\" style=\"text-align: justify;\"><span style=\"font-family: arial, helvetica, sans-serif; font-size: 14pt;\">Varios de los alumnos que figuran en estas actas falsas han reconocido a esta redacci\u00f3n que ni pidieron ni presentaron documentos para que la Universidad les aprobase estas materias de cuya convalidaci\u00f3n en algunos casos ni siquiera ten\u00edan noticia. Es el caso del catedr\u00e1tico de Filolog\u00eda Inglesa de la Universidad de Alcal\u00e1 Jos\u00e9 Antonio Gurpequi Palacios. Asegura por tel\u00e9fono que \u00e9l no cumpli\u00f3 m\u00e1s tr\u00e1mite en el m\u00e1ster de Derecho P\u00fablico que matricularse y pagar su importe, \u00abunos 1.500 euros\u00bb. Que a partir de ese momento durante el oto\u00f1o de 2011 se desentendi\u00f3 y no acudi\u00f3 a una sola clase. Que no lo acab\u00f3 y tampoco se present\u00f3 a recoger el t\u00edtulo. \u00abYo no he hecho ning\u00fan tr\u00e1mite para convalidar asignaturas, no fui nunca al m\u00e1ster, no conozco a los profesores y no realic\u00e9 los ex\u00e1menes. As\u00ed que me extra\u00f1a mucho eso que me est\u00e1s contando\u00bb, asegur\u00f3 el domingo por tel\u00e9fono a un periodista de eldiario.es.<\/span><\/p>\n<p class=\"mce\" style=\"text-align: justify;\"><span style=\"font-family: arial, helvetica, sans-serif; font-size: 14pt;\">El lunes tras ponerse en contacto con la universidad Rey Juan Carlos comprob\u00f3 que ten\u00eda aprobadas \u00abvarias asignaturas\u00bb. \u00abNo lo entiendo porque de verdad que no he cursado ese m\u00e1ster, me matricul\u00e9 y luego me arrepent\u00ed y ya no hice nada. Me he sentido aliviado al saber que por lo menos no lo tengo como aprobado y son solo esas asignaturas\u00bb, explic\u00f3 el lunes a mediod\u00eda tambi\u00e9n en conversaci\u00f3n telef\u00f3nica este catedr\u00e1tico que no oculta su relaci\u00f3n de amistad con alg\u00fan miembro de la universidad.<\/span><\/p>\n<p class=\"mce\" style=\"text-align: justify;\"><span style=\"font-family: arial, helvetica, sans-serif; font-size: 14pt;\">Entre la convalidaci\u00f3n general consta tambi\u00e9n la abogada Susana \u00c1ngel que durante a\u00f1os fue la\u00a0<em class=\"mce\">n\u00famero dos<\/em>\u00a0de Pedro N\u00fa\u00f1ez Morgades \u2013un hist\u00f3rico dirigente del PP que ha sido delegado del Gobierno en Madrid bajo la presidencia de Jos\u00e9 Mar\u00eda Aznar\u2013 en la Fundaci\u00f3n Legalitas, de la que hoy est\u00e1 desvinculada. Susana \u00c1ngel no ha devuelto las llamadas a esta redacci\u00f3n.<\/span><\/p>\n<p class=\"mce\" style=\"text-align: justify;\"><span style=\"font-family: arial, helvetica, sans-serif; font-size: 14pt;\">Otra de las alumnas, Inmaculada Gonz\u00e1lez de Molina Mart\u00ednez, es responsable de prensa de Instituciones Penitenciarias, que depende del Ministerio del Interior, y fue nombrada en 2012, tras la victoria electoral de Mariano Rajoy. Esta periodista se ha mostrado asombrada de aparecer en el listado de las convalidaciones. \u00abMe apunt\u00e9 a un m\u00e1ster en la URJC pero no pude hacerlo, por lo tanto, no tengo ning\u00fan t\u00edtulo de esa universidad\u00bb. Interrogada sobre el asunto de las convalidaciones asegura: \u00abYo no ped\u00ed nada\u00bb.<\/span><\/p>\n<p class=\"mce\" style=\"text-align: justify;\"><span style=\"font-family: arial, helvetica, sans-serif; font-size: 14pt;\">Elena Gismero Mendieta, inscrita tambi\u00e9n en el m\u00e1ster, no ha querido justificar o explicar por qu\u00e9 aparece su nombre en este grupo de alumnos: \u00ab\u00bfC\u00f3mo hab\u00e9is conseguido mi n\u00famero? Lo relevante es c\u00f3mo hab\u00e9is conseguido mi n\u00famero y c\u00f3mo hab\u00e9is conseguido esos papeles\u00bb, fue toda su contestaci\u00f3n sobre el tema.<\/span><\/p>\n<p class=\"mce\" style=\"text-align: justify;\"><span style=\"font-family: arial, helvetica, sans-serif; font-size: 14pt;\">Gismero aparece ahora como trabajadora de la empresa Tragsatec, filial del grupo p\u00fablico Tragsa (perteneciente a la Sociedad Estatal de Participaciones Industriales), una empresa con fuertes v\u00ednculos con las administraciones. En su curr\u00edculo p\u00fablico no figura el m\u00e1ster oficial en Derecho Auton\u00f3mico de la Universidad Rey Juan Carlos. \u00abNo te voy a decir nada\u00bb, ha conclu\u00eddo Gismero cuando se le plante\u00f3 si hab\u00eda completado el curso.<\/span><\/p>\n<p class=\"mce\" style=\"text-align: justify;\"><span style=\"font-family: arial, helvetica, sans-serif; font-size: 14pt;\">El alumno Ricardo Enrique Medina Mailho ha descolgado el tel\u00e9fono y confirmado su identidad pero en cuanto han empezado las preguntas sobre el m\u00e1ster se ha mantenido en silencio y no ha respondido a nada. Medina Mailho est\u00e1 vinculado a la empresa Cualtis, una entidad \u00abnacida a partir de la Sociedad de Prevenci\u00f3n de Riesgos Laborales de Ibermutuamur, mutua de accidentes de trabajo y enfermedades profesionales de la Seguridad Social\u00bb, seg\u00fan explica su propia p\u00e1gina web.<\/span><\/p>\n<p class=\"mce\" style=\"text-align: justify;\"><span style=\"font-family: arial, helvetica, sans-serif; font-size: 14pt;\">El d\u00e9cimo alumno es todo un misterio. \u00c1lvaro Morente Hidalgo figura en las convalidaciones de esas tres asignaturas, como todo el resto, con firmas falsas. eldiario.es no ha podido obtener ning\u00fan dato sobre \u00e9l y en algunos de los listados del curso no figura.<\/span><\/p>\n<p class=\"mce\"><iframe loading=\"lazy\" id=\"doc_52104\" class=\"scribd_iframe_embed\" title=\"conv cf\" src=\"https:\/\/www.scribd.com\/embeds\/376027837\/content?start_page=1&amp;view_mode=scroll&amp;access_key=key-ZkE7dOnjZlT3eVHi1X2F&amp;show_recommendations=true\" width=\"100%\" height=\"600\" frameborder=\"0\" scrolling=\"no\" data-auto-height=\"false\" data-aspect-ratio=\"0.7068965517241379\" data-mce-fragment=\"1\"><\/iframe><\/p>\n<h1 class=\"pg-headline\" style=\"text-align: center;\"><a href=\"https:\/\/puntocritico.com\/ausajpuntocritico\/wp-content\/uploads\/2016\/11\/Mosca_Punto_Cr\u00edtico_40.png\" rel=\"lightbox[10860]\"><img loading=\"lazy\" decoding=\"async\" class=\"aligncenter size-full wp-image-48\" src=\"https:\/\/puntocritico.com\/ausajpuntocritico\/wp-content\/uploads\/2016\/11\/Mosca_Punto_Cr\u00edtico_40.png\" alt=\"\" width=\"50\" height=\"50\" \/><\/a><\/h1>\n<h1 class=\"pg-headline\" style=\"text-align: center;\"><a id=\"ref29\"><\/a><a href=\"#ref29a\">[29]<\/a> El director del Instituto del m\u00e1ster de Cifuentes tiene una empresa con la que factura por cursos y m\u00e1steres<\/h1>\n<div class=\"subtitle bkn mce sk2\">\u00a0<\/div>\n<p><span style=\"font-size: 14pt;\">Por Antonio M. V\u00e9lez \/ Raquel Ejerique<\/span><\/p>\n<div><span style=\"color: #339966;\">Art\u00edculo publicado el 10 de abril de 2018 en<\/span><\/div>\n<div><span style=\"color: #339966;\"><a style=\"color: #339966;\" href=\"https:\/\/www.eldiario.es\/sociedad\/director-Instituto-Cifuentes-empresa-educacion_0_759424351.html\" target=\"_blank\" rel=\"noopener\">https:\/\/www.eldiario.es\/sociedad\/director-Instituto-Cifuentes-empresa-educacion_0_759424351.html<\/a><\/span><\/div>\n<div>\u00a0<\/div>\n<div>\u00a0<\/div>\n<figure id=\"attachment_10982\" aria-describedby=\"caption-attachment-10982\" style=\"width: 643px\" class=\"wp-caption aligncenter\"><a href=\"https:\/\/puntocritico.com\/ausajpuntocritico\/wp-content\/uploads\/2018\/04\/Enrique-Alvarez-Conde-URJC-Calvo_EDIIMA20180404_0270_4.jpg\" rel=\"lightbox[10860]\"><img loading=\"lazy\" decoding=\"async\" class=\"wp-image-10982 size-full\" src=\"https:\/\/puntocritico.com\/ausajpuntocritico\/wp-content\/uploads\/2018\/04\/Enrique-Alvarez-Conde-URJC-Calvo_EDIIMA20180404_0270_4.jpg\" alt=\"\" width=\"643\" height=\"362\" srcset=\"https:\/\/puntocritico.com\/ausajpuntocritico\/wp-content\/uploads\/2018\/04\/Enrique-Alvarez-Conde-URJC-Calvo_EDIIMA20180404_0270_4.jpg 643w, https:\/\/puntocritico.com\/ausajpuntocritico\/wp-content\/uploads\/2018\/04\/Enrique-Alvarez-Conde-URJC-Calvo_EDIIMA20180404_0270_4-300x169.jpg 300w\" sizes=\"auto, (max-width: 643px) 100vw, 643px\" \/><\/a><figcaption id=\"caption-attachment-10982\" class=\"wp-caption-text\"><span style=\"font-size: 10pt; color: #339966;\"><strong>Enrique \u00c1lvarez Conde, atendiendo a la prensa este mi\u00e9rcoles en la URJC. Foto: Olmo Calvo.<\/strong><\/span><\/figcaption><\/figure>\n<p>&nbsp;<\/p>\n<blockquote>\n<p style=\"text-align: justify;\"><span style=\"font-size: 14pt; font-family: arial, helvetica, sans-serif;\">Instituto de Formaci\u00f3n y Estudios Jur\u00eddicos S. L. se dedica a la organizaci\u00f3n de seminarios, conferencias y m\u00e1ster, justo igual que el Instituto de Derecho P\u00fablico de la Rey Juan Carlos que dirige<\/span><\/p>\n<p style=\"text-align: justify;\"><span style=\"font-size: 14pt; font-family: arial, helvetica, sans-serif;\">Enrique \u00c1lvarez Conde no presenta cuentas ni en su empresa privada ni en la p\u00fablica pese a que est\u00e1 obligado por ley;\u00a0la Universidad le ha pedido todos los gastos e ingresos que ha hecho para investigar presuntas ilegalidades<\/span><\/p>\n<\/blockquote>\n<p class=\"mce\" style=\"text-align: justify;\"><span style=\"font-size: 14pt; font-family: arial, helvetica, sans-serif;\">Enrique \u00c1lvarez Conde,\u00a0<a class=\"mce\" href=\"https:\/\/www.eldiario.es\/sociedad\/Cifuentes-obtenido-publico-falseando-asignaturas_0_752075026.html\" target=\"_blank\" rel=\"noopener\">el director del m\u00e1ster de Cristina Cifuentes<\/a>, es el administrador \u00fanico de\u00a0<a class=\"mce\" href=\"https:\/\/guiaempresas.universia.es\/INSTITUTO-FORMACION-ESTUDIOS-JURIDICOS.html\" target=\"_blank\" rel=\"noopener noreferrer\">Instituto de Formaci\u00f3n y Estudios Jur\u00eddicos SL<\/a>, una empresa privada creada en 2004 que se dedica justamente\u00a0a lo mismo que el Instituto de Derecho P\u00fablico (IDP) adscrito a la Universidad Rey Juan Carlos de Madrid (URJC) y que dirige tambi\u00e9n \u00c1lvarez Conde. Ambas tienen\u00a0como objeto la impartici\u00f3n de m\u00e1steres, conferencias y seminarios de Derecho.<\/span><\/p>\n<p class=\"mce\" style=\"text-align: justify;\"><span style=\"font-size: 14pt; font-family: arial, helvetica, sans-serif;\">Tanto las cuentas de su empresa privada como las de la p\u00fablica son opacas. Tal y como inform\u00f3 eldiario.es,\u00a0<a class=\"mce\" href=\"https:\/\/www.eldiario.es\/sociedad\/Instituto-organizo-Cifuentes-chiringuito-publico_0_756624920.html\" target=\"_blank\" rel=\"noopener\">\u00a0\u00c1lvarez Conde no muestra datos\u00a0del instituto dependiente de la URJC<\/a>,\u00a0ni cu\u00e1nto ingresa\u00a0ni cu\u00e1nto gasta, ni las subvenciones p\u00fablicas (ni privadas) que recibe.<\/span><\/p>\n<section id=\"edi-ad-slot-intext\" class=\"md-advertisement md hspace no-adv-socios\" role=\"marquee\" data-google-query-id=\"COjugK-etdoCFUw-GwodGeEImA\">\n<div id=\"google_ads_iframe_\/123333327\/eldiario.es\/noticia_intext_0__container__\"><span style=\"font-family: arial, helvetica, sans-serif; font-size: 14pt; text-align: justify;\">Adem\u00e1s, sus cuentas est\u00e1n libres de fiscalizaci\u00f3n gracias a un privilegio an\u00f3malo.\u00a0En un consejo de gobierno de la Universidad, siendo rector Pedro Gonz\u00e1lez Trevijano \u2013hoy magistrado en el Tribunal Constitucional a propuesta del Gobierno\u2013,\u00a0<\/span><a class=\"mce\" style=\"font-family: arial, helvetica, sans-serif; font-size: 14pt; text-align: justify;\" href=\"https:\/\/www.eldiario.es\/content\/edit\/As%C3%AD%20lo%20constatan%20las%20memorias%20de%20actividad%20de%202006\/2007%20(p%C3%A1gina%20104)\" target=\"_blank\" rel=\"noopener noreferrer\">\u00a0se acord\u00f3 que el Instituto gestionara \u00abdirectamente sus ingresos y gastos sin fiscalizaci\u00f3n previa<\/a><span style=\"font-family: arial, helvetica, sans-serif; font-size: 14pt; text-align: justify;\">\u00ab, como recogen las memorias del IDP. Adem\u00e1s, en 2010, tambi\u00e9n bajo el mandato de Trevijano, obtiene un CIF propio, algo absolutamente inusual en un instituto universitario, lo que le permite operar por libre.<\/span><\/div>\n<\/section>\n<p class=\"mce\" style=\"text-align: justify;\"><span style=\"font-size: 14pt; font-family: arial, helvetica, sans-serif;\">eldiario.es ha confirmado que adem\u00e1s Conde\u00a0cre\u00f3\u00a0un &#8216;alter ego&#8217; del IDP en la privada: el Instituto de Formaci\u00f3n y Estudios Jur\u00eddicos SL. Se dedica exactamente a lo mismo que el instituto p\u00fablico, seg\u00fan la memoria de la propia empresa: su objeto social es la \u00abformaci\u00f3n y la investigaci\u00f3n cient\u00edfica en el \u00e1mbito de las Ciencias Jur\u00eddicas y Sociales, Econ\u00f3micas e Inform\u00e1ticas. Formaci\u00f3n que se llevar\u00e1 a cabo (&#8230;)\u00a0a trav\u00e9s de la realizaci\u00f3n de cursos, seminarios, m\u00e1steres, conferencias, mesas redondas o la impartici\u00f3n, partici\u00f3n o colaboraci\u00f3n en las mismas; publicaciones y, especialmente, investigadora\u00bb, adem\u00e1s de \u00abla prestaci\u00f3n de servicios de asesoramiento jur\u00eddico, econ\u00f3mico e informativo a particulares y empresas\u00bb.<\/span><\/p>\n<h3 style=\"text-align: justify;\"><span style=\"font-size: 14pt; font-family: arial, helvetica, sans-serif;\">Creaci\u00f3n paralela del instituto p\u00fablico y la empresa<\/span><\/h3>\n<p class=\"mce\" style=\"text-align: justify;\"><span style=\"font-size: 14pt; font-family: arial, helvetica, sans-serif;\">Enrique \u00c1lvarez Conde es su administrador \u00fanico desde enero de\u00a0<a class=\"mce\" href=\"https:\/\/www.bocm.es\/boletin\/CM_Boletin_BOCM\/2005\/05\/13\/11300.PDF\" target=\"_blank\" rel=\"noopener\">\u00a02005, el mismo a\u00f1o que Esperanza Aguirre aprueba el instituto p\u00fablico de la URJC<\/a>\u00a0que \u00e9l mismo dirige. Domiciliada desde 2005 en la primera planta de la calle Esproceda, 38 (Madrid), en sus primeros meses de existencia la empresa ten\u00eda su sede social en la calle Tren de Arganda, 8, a\u00a0quince minutos a pie del\u00a0campus de posgrado de la Universidad Rey Juan Carlos en el barrio de Vic\u00e1lvaro (Madrid).<\/span><\/p>\n<p class=\"mce\" style=\"text-align: justify;\"><span style=\"font-size: 14pt; font-family: arial, helvetica, sans-serif;\">Los funcionarios a tiempo completo, como es el caso de \u00c1lvarez Conde, deben pedir autorizaci\u00f3n,\u00a0<a class=\"mce\" href=\"https:\/\/www.boe.es\/boe\/dias\/1985\/01\/04\/pdfs\/A00165-00168.pdf\" target=\"_blank\" rel=\"noopener noreferrer\">seg\u00fan la ley de incompatibilidades de la administraci\u00f3n p\u00fablica<\/a>, para desarrollar actividades en la empresa privada. eldiario.es se ha puesto en contacto con el catedr\u00e1tico y la universidad para aclarar si se pidi\u00f3 y concedi\u00f3 este permiso sin obtener de momento respuesta.\u00a0<\/span><\/p>\n<p class=\"mce\" style=\"text-align: justify;\"><span style=\"font-size: 14pt; font-family: arial, helvetica, sans-serif;\">La gesti\u00f3n de \u00c1lvarez Conde tanto en su empresa privada como en la p\u00fablica es opaca. No\u00a0presenta\u00a0cuentas en ninguna de las dos, pese a que la ley le obliga en ambos casos.\u00a0En la p\u00fablica,\u00a0<a class=\"mce\" href=\"https:\/\/www.boe.es\/boe\/dias\/2013\/12\/10\/pdfs\/BOE-A-2013-12887.pdf\" target=\"_blank\" rel=\"noopener noreferrer\">\u00a0tal y como reza el punto 3 del pre\u00e1mbulo<\/a>\u00a0de la Ley de Transparencia, quedan sujetas \u00ablas\u00a0entidades de Derecho P\u00fablico con personalidad jur\u00eddica propia, vinculadas o dependientes de cualquiera de las Administraciones P\u00fablicas, incluidas las Universidades p\u00fablicas\u00bb. En la privada, no\u00a0aportar la informaci\u00f3n es una infracci\u00f3n mercantil.\u00a0\u00a0<\/span><\/p>\n<p class=\"mce\" style=\"text-align: justify;\"><span style=\"font-size: 14pt; font-family: arial, helvetica, sans-serif;\">La\u00a0SL de \u00c1lvarez Conde present\u00f3 sus \u00faltimas cuentas anuales en el ejercicio cerrado el 31 de diciembre de 2006. Entonces, apenas tuvo actividad. Declar\u00f3 5.032,23 euros de ingresos (frente a 43.261,52 euros en 2005), 7.392,78 euros de gastos, unas p\u00e9rdidas de 2.360,55 euros y cero empleados. Desde entonces, la empresa no ha vuelto a presentar cuentas. Seg\u00fan fuentes del Registro Mercantil, este hecho no consiste en s\u00ed ninguna irregularidad siempre que la empresa no haya tenido actividad desde entonces.\u00a0<\/span><\/p>\n<p class=\"mce\" style=\"text-align: justify;\"><span style=\"font-size: 14pt; font-family: arial, helvetica, sans-serif;\">Sin embargo, es plausible que s\u00ed haya tenido actividad ya que tiene incidencias abiertas por la Agencia Tributaria m\u00e1s recientes. En los boletines oficiales constan\u00a0varios expedientes incoados a\u00a0esta empresa\u00a0por la Administraci\u00f3n Tributaria en ejercicios posteriores a 2006. La m\u00e1s reciente se public\u00f3 en el tabl\u00f3n de anuncios de la Agencia Tributaria el 16 de enero de 2014 y consisti\u00f3 en sendas liquidaciones de deudas en fase ejecutiva. La m\u00e1s significativa es la notificaci\u00f3n de una diligencia de embargo\u00a0<a class=\"mce\" href=\"https:\/\/www.boe.es\/boe\/dias\/2007\/09\/12\/pdfs\/SUP07_219N.pdf\" target=\"_blank\" rel=\"noopener noreferrer\">publicada en el BOE en septiembre de 2007<\/a>. Seg\u00fan los expertos fiscalistas consultados, si ha tenido inspecci\u00f3n\u00a0ese a\u00f1o es muy probable que haya tenido actividad hasta el ejercicio 2012.<\/span><\/p>\n<p class=\"mce\" style=\"text-align: justify;\"><span style=\"font-size: 14pt; font-family: arial, helvetica, sans-serif;\">Entre la escasa actividad financiera que \u00c1lvarez Conde presenta del IDP hay tarifas que, a simple vista, ya se ven exorbitantes. Por ejemplo, la\u00a0\u00abImpartici\u00f3n del III Curso de Arbitraje\u00bb,\u00a0financiado con 92.000 euros de la Comunidad de Madrid.\u00a0<a class=\"mce\" href=\"https:\/\/www.yumpu.com\/es\/document\/view\/37834228\/triptico-iii-curso-arbitraje-fcjs-universidad-rey-juan-carlos\" target=\"_blank\" rel=\"noopener noreferrer\">\u00a0Al ver en qu\u00e9 constiti\u00f3 este curso<\/a>\u00a0se puede comprobar\u00a0que son 18 conferencias, la mayor\u00eda de ellas impartidas por una \u00fanica persona y sin conferenciantes extranjeros que pudieran implicar gastos de transporte o de alojamiento m\u00e1s elevados.\u00a0<a class=\"mce\" href=\"https:\/\/www.dropbox.com\/s\/q9jz08c3d91jkao\/Memoria%202006_2007.pdf?dl=0\" target=\"_blank\" rel=\"noopener noreferrer\">\u00a0Seg\u00fan el convenio (p\u00e1gina 71), el IDP financiaba la matr\u00edcula<\/a>\u00a0de los alumnos con 70.000 euros. Se tas\u00f3 en 2.800 euros por alumno el precio por asistir a estas 18 charlas de dos horas y media cada una. Los otros 22.000 euros no tienen un destino claro\u00a0en las memorias.<\/span><\/p>\n<p class=\"mce\" style=\"text-align: justify;\"><span style=\"font-size: 14pt; font-family: arial, helvetica, sans-serif;\">Fuentes de la Universidad han confirmado a eldiario.es que la URJC ha pedido al Instituto de Derecho P\u00fablico adscrito que presente todas sus cuentas ante las sospechas de irregularidades y le da un plazo de 48 horas para hacerlo. Cuando eldiario.es pregunt\u00f3 a \u00c1lvarez Conde por qu\u00e9 no hac\u00eda p\u00fablica su memoria financiera respondi\u00f3 que hab\u00eda \u00abtransparencia absoluta\u00bb, que las tiene en papel aunque no online y que las\u00a0hab\u00eda remitido tanto a la propia universidad como a la Consejer\u00eda de Educaci\u00f3n, liderada por el tambi\u00e9n profesor de la URJC Rafael Van Grieken, quien fue vicerrector tambi\u00e9n bajo el mandato de Pedro Gonz\u00e1lez Trevijano.<\/span><\/p>\n<p class=\"mce\" style=\"text-align: justify;\"><span style=\"font-size: 14pt; font-family: arial, helvetica, sans-serif;\">eldiario.es ha intentado contactar con \u00c1lvarez Conde y tambi\u00e9n con su empresa privada para conocer las cuentas y actividad de esta SL y saber si le factur\u00f3 algo al IDP o la URJC sin obtener respuesta.\u00a0<\/span><\/p>\n<h1 class=\"pg-headline\" style=\"text-align: center;\"><a href=\"https:\/\/puntocritico.com\/ausajpuntocritico\/wp-content\/uploads\/2016\/11\/Mosca_Punto_Cr\u00edtico_40.png\" rel=\"lightbox[10860]\"><img loading=\"lazy\" decoding=\"async\" class=\"aligncenter size-full wp-image-48\" src=\"https:\/\/puntocritico.com\/ausajpuntocritico\/wp-content\/uploads\/2016\/11\/Mosca_Punto_Cr\u00edtico_40.png\" alt=\"\" width=\"50\" height=\"50\" \/><\/a><\/h1>\n<h1 class=\"entry-title\" style=\"text-align: center;\"><a id=\"ref30\"><\/a><a href=\"#ref30a\">[30]<\/a> Nosotros<\/h1>\n<p class=\"author\"><span style=\"font-size: 14pt;\">Por An\u00edbal Malvar<\/span><\/p>\n<div><span style=\"color: #339966;\">Art\u00edculo publicado el 11 de abril de 2018 en<\/span><\/div>\n<div><span style=\"color: #339966;\"><a style=\"color: #339966;\" href=\"http:\/\/blogs.publico.es\/rosa-espinas\/2018\/04\/11\/19374\/\" target=\"_blank\" rel=\"noopener\">http:\/\/blogs.publico.es\/rosa-espinas\/2018\/04\/11\/19374\/<\/a><\/span><\/div>\n<p>&nbsp;<\/p>\n<p style=\"text-align: justify;\"><span style=\"font-size: 14pt; font-family: arial, helvetica, sans-serif;\">Van diciendo los lenguaraces por ah\u00ed que el esc\u00e1ndalo Cifuentes, tambi\u00e9n llamado Hazte-la Rubia-Gate, tiene muy preocupados a los alumnos de los m\u00e1steres y doctorados de la Universidad Juan Carlos I. No veo yo la raz\u00f3n de tanto desasosiego, sino todo lo contrario. Aseguran estos abstrusos estudiantes que ahora sus t\u00edtulos ser\u00e1n objeto de mofa y befa cuando los enarbolen ante tribunales acad\u00e9micos, revistas cient\u00edficas y levitantes doctores. Creen, los pobres, que tan altas instancias no valorar\u00e1n sus diplomas al saber que pudieron haber sido comprados, regalados o sorteados, como el de\u00a0<strong>Cristina Cifuentes<\/strong>. Qu\u00e9 poco sabe el sabio de la vida real. Qu\u00e9 poco sabe el mar de los piratas.<\/span><\/p>\n<p style=\"text-align: justify;\"><span style=\"font-size: 14pt; font-family: arial, helvetica, sans-serif;\">Tal y como van las cosas, creo que cualquier titulaci\u00f3n expedida por la Juan Carlos I vale, desde hace 20 d\u00edas, mucho m\u00e1s. Los lobbies y las universidades y hospitales privados se rifar\u00e1n tu diploma, colega. Porque vivimos en un mundo en el que se valora m\u00e1s al que puede comprar un clavel que a quien lo alimenta, cultiva, estudia o dibuja. Son as\u00ed de sencillas las aritm\u00e9ticas socioecon\u00f3micas de nuestra geoabsurdez.<\/span><\/p>\n<p style=\"text-align: justify;\"><span style=\"font-size: 14pt; font-family: arial, helvetica, sans-serif;\">El que se presente a partir de ahora con un m\u00e1ster en Derecho Auton\u00f3mico de la Universidad Juan Carlos I, quiz\u00e1 no ser\u00e1 recibido con mucha excitaci\u00f3n en algunas \u00e1goras acad\u00e9micas, pero las estupefacientes farmac\u00e9uticas, los orondos bancos, las ladrilleras m\u00e1s\u00a0<em>cool<\/em>\u00a0y las universidades m\u00e1s cat\u00f3licas lo recibir\u00e1n con los brazos en cruz: \u201c\u00a1Es uno de los nuestros!\u201d.<\/span><\/p>\n<p style=\"text-align: justify;\"><span style=\"font-size: 14pt; font-family: arial, helvetica, sans-serif;\">Aunque seas un puto estudiante pringao que se tuvo que prostituir para pagarse el m\u00e1ster, vali\u00f3 la pena. Eres uno de los elegidos. Has sabido codearte con los tiburones. Con las personas que saben vivir bien. Con los delegados de gobierno y presidentes de comunidades a los que vota la gente que te rodea. Que nos rodea.<\/span><\/p>\n<p style=\"text-align: justify;\"><span style=\"font-size: 14pt; font-family: arial, helvetica, sans-serif;\">De peque\u00f1o, me llam\u00f3 mucho la atenci\u00f3n una frase muy cl\u00e1sica, muy t\u00f3pica, que todos conoc\u00e9is, pero a la que yo le daba una est\u00fapida y profunda importancia:\u00a0<em>Lo que Natura no da, Salamanca no lo presta<\/em>. Pues mira qu\u00e9 disgusto, pero ya no me gusta la frase. No me la creo. Me parece antigua. Apolillada. Precibern\u00e9tica. Quiz\u00e1 latina.\u00a0<em>Lo que Natura no da, Salamanca te lo vende<\/em>, es la moda. Mola m\u00e1s.<\/span><\/p>\n<p style=\"text-align: justify;\"><span style=\"font-size: 14pt; font-family: arial, helvetica, sans-serif;\">No quisiera aqu\u00ed pontificar enumerando todas las carreras universitarias que he cursado, pues ser\u00eda interminable, ya que no he terminado ninguna. Se puede comprar a un pol\u00edtico, se puede comprar un pa\u00eds, se puede comprar una chuche, se puede comprar un bosque, se puede cobrar por el sol, se puede comprar un alma, aunque no tengamos alma. Pero de lo que s\u00ed estoy seguro es de que no se puede comprar el saber. Y, sin embargo, ellos lo est\u00e1n intentando.<\/span><\/p>\n<p style=\"text-align: justify;\"><span style=\"font-size: 14pt; font-family: arial, helvetica, sans-serif;\">Compran saber. Adquieren conocimientos que no tienen. Despu\u00e9s est\u00e1n titulados para impartirlos. Me dan como ganas, o sea, de ponerme estudiar en la Juan Carlos I cualquier materia. Judicatura. As\u00ed podr\u00e9 encausar a muchos tuiteros e instagr\u00e1micos, sin mucho conocimiento ni cargo de conciencia.<\/span><\/p>\n<p style=\"text-align: justify;\"><span style=\"font-size: 14pt; font-family: arial, helvetica, sans-serif;\">Cuando \u00e9ramos efebos de la educaci\u00f3n, nos dec\u00edan mucho los profesores aquello del cesto de manzanas con una manzana podrida que hay que apartar. Ahora, Cristina Cifuentes nos ha confirmado que no. Que lo que est\u00e1 podrido no se puede cambiar. Lo que est\u00e1 podrido es el cesto. Nosotros. O lo que es lo mismo, nuestra educaci\u00f3n. Y, como dir\u00eda\u00a0<strong>Popeye<\/strong>, no olvid\u00e9is comer las espinacas, y que la educaci\u00f3n es la \u00fanica forma de hacer libre nuestro voto.<\/span><\/p>\n<h1 class=\"pg-headline\" style=\"text-align: center;\"><a href=\"https:\/\/puntocritico.com\/ausajpuntocritico\/wp-content\/uploads\/2016\/11\/Mosca_Punto_Cr\u00edtico_40.png\" rel=\"lightbox[10860]\"><img loading=\"lazy\" decoding=\"async\" class=\"aligncenter size-full wp-image-48\" src=\"https:\/\/puntocritico.com\/ausajpuntocritico\/wp-content\/uploads\/2016\/11\/Mosca_Punto_Cr\u00edtico_40.png\" alt=\"\" width=\"50\" height=\"50\" \/><\/a><\/h1>\n<p>&nbsp;<\/p>\n<h1 class=\"pg-headline\" style=\"text-align: center;\"><a id=\"ref31\"><\/a><a href=\"#ref31a\">[31]<\/a> Xavier Dom\u00e8nech, nuevo secretario general de Podem con el 72% de los votos<\/h1>\n<div class=\"subtitle bkn mce sk2\"><span style=\"font-size: 14pt;\">\u00a0Por\u00a0Europa Press<\/span><\/div>\n<div>\u00a0<\/div>\n<div><span style=\"color: #339966;\">Art\u00edculo publicado el 10 de abril de 2018 en<\/span><\/div>\n<div><span style=\"color: #339966;\"><a style=\"color: #339966;\" href=\"https:\/\/www.eldiario.es\/politica\/Domenech-primarias-Podem-secretario-general_0_759425292.html\" target=\"_blank\" rel=\"noopener\">https:\/\/www.eldiario.es\/politica\/Domenech-primarias-Podem-secretario-general_0_759425292.html<\/a><\/span><\/div>\n<p>&nbsp;<\/p>\n<figure id=\"attachment_10983\" aria-describedby=\"caption-attachment-10983\" style=\"width: 643px\" class=\"wp-caption aligncenter\"><a href=\"https:\/\/puntocritico.com\/ausajpuntocritico\/wp-content\/uploads\/2018\/04\/Domenech-CDR-expresiones-conflicto-violento_EDIIMA20180402_0093_5.jpg\" rel=\"lightbox[10860]\"><img loading=\"lazy\" decoding=\"async\" class=\"wp-image-10983 size-full\" src=\"https:\/\/puntocritico.com\/ausajpuntocritico\/wp-content\/uploads\/2018\/04\/Domenech-CDR-expresiones-conflicto-violento_EDIIMA20180402_0093_5.jpg\" alt=\"\" width=\"643\" height=\"428\" srcset=\"https:\/\/puntocritico.com\/ausajpuntocritico\/wp-content\/uploads\/2018\/04\/Domenech-CDR-expresiones-conflicto-violento_EDIIMA20180402_0093_5.jpg 643w, https:\/\/puntocritico.com\/ausajpuntocritico\/wp-content\/uploads\/2018\/04\/Domenech-CDR-expresiones-conflicto-violento_EDIIMA20180402_0093_5-300x200.jpg 300w\" sizes=\"auto, (max-width: 643px) 100vw, 643px\" \/><\/a><figcaption id=\"caption-attachment-10983\" class=\"wp-caption-text\"><span style=\"font-size: 10pt; color: #339966;\"><strong>Xavier Dom\u00e8nech, durante un Pleno del Parlament de Catalunya. EFE<\/strong><\/span><\/figcaption><\/figure>\n<div class=\"subtitle bkn mce sk2\">\n<blockquote>\n<p style=\"text-align: justify;\"><span style=\"font-size: 14pt; font-family: arial, helvetica, sans-serif;\">El tambi\u00e9n coordinador de Catalunya en Com\u00fa arrasa en las primarias y logra 41 de 44 puestos del Consejo Ciudadano Auton\u00f3mico\u00a0<\/span><\/p>\n<\/blockquote>\n<\/div>\n<section class=\"cp-tools md cf \"><\/section>\n<p class=\"mce\" style=\"text-align: justify;\"><span style=\"font-size: 14pt; font-family: arial, helvetica, sans-serif;\">El l\u00edder de los\u00a0<em class=\"mce\">comunes<\/em>, Xavier Dom\u00e8nech, se ha impuesto en las primarias de Podem Catalunya con 4.771 votos (el 72,73%) y ser\u00e1 el nuevo secretario general de la formaci\u00f3n morada. El tambi\u00e9n coordinador de Catalunya en Com\u00fa ha arrasado en las votaciones y se ha hecho con 41 de los 44 asientos del Consejo Ciudadano Auton\u00f3mico, por lo que podr\u00e1 dirigir sin problemas a la organizaci\u00f3n que m\u00e1s quebraderos de cabeza ha dado a Podemos y a su secretario general, Pablo Iglesias.<\/span><\/p>\n<p class=\"mce\" style=\"text-align: justify;\"><span style=\"font-size: 14pt; font-family: arial, helvetica, sans-serif;\">La candidatura de la exsecretaria de Feminismos y de Coordinaci\u00f3n Interna de Podem, Noelia Bail, ha quedado en segunda posici\u00f3n con 596 votos (9,09%), y la de la senadora Celia C\u00e0novas, tercera con 389 sufragios (5,93%). Han participado 6.809 inscritos, una cifra muy similar a la de las anteriores primarias.<\/span><\/p>\n<section id=\"edi-ad-slot-intext\" class=\"md-advertisement md hspace no-adv-socios\" role=\"marquee\" data-google-query-id=\"CK-f8rGftdoCFdYg0wodc4cLqg\">\n<div id=\"google_ads_iframe_\/123333327\/eldiario.es\/noticia_intext_0__container__\"><span style=\"font-size: 14pt; font-family: arial, helvetica, sans-serif;\">Un total 57.592 inscritos en Podem, entre los que hay 25.718 activos &#8211;que han participado de una votaci\u00f3n en el \u00faltimo a\u00f1o&#8211;, estaban llamados a elegir presencial o telem\u00e1ticamente entre seis candidatos a secretario general, seis listas al Consejo Ciudadano Auton\u00f3mico (CCA) &#8211;direcci\u00f3n&#8211; y 12 aspirantes a miembros de la Comisi\u00f3n de Garant\u00edas democr\u00e1ticas.<\/span><\/div>\n<\/section>\n<p class=\"mce\" style=\"text-align: justify;\"><span style=\"font-size: 14pt; font-family: arial, helvetica, sans-serif;\">Para las candidaturas al CCA se pod\u00edan presentar listas de hasta 44 personas, que es el m\u00e1ximo que puede tener el consejo, aunque ser\u00e1 Dom\u00e8nech como nuevo secretario general quien decidir\u00e1 el n\u00famero de miembros del \u00f3rgano, que puede ir de 34 a 44.<\/span><\/p>\n<p class=\"mce\" style=\"text-align: justify;\"><span style=\"font-size: 14pt; font-family: arial, helvetica, sans-serif;\">Los inscritos han podido votar \u00aben plancha\u00bb a toda la lista que presente una candidatura o escoger persona a persona de entre las candidaturas que concurren, y tras la votaci\u00f3n se aplica el sistema de Podemos &#8216;Desborda&#8217;.<\/span><\/p>\n<p class=\"mce\" style=\"text-align: justify;\"><span style=\"font-size: 14pt; font-family: arial, helvetica, sans-serif;\">Este sistema garantiza que las minor\u00edas queden representadas en el \u00f3rgano si superan el 5% de los votos, constituyendo un consejo donde se ven representadas las candidaturas seg\u00fan el respaldo obtenido en la votaci\u00f3n.<\/span><\/p>\n<p class=\"mce\" style=\"text-align: justify;\"><span style=\"font-size: 14pt; font-family: arial, helvetica, sans-serif;\">La elecci\u00f3n de Dom\u00e8nech, que ha recibido el apoyo de Pablo Iglesias, permite respirar a la direcci\u00f3n estatal del partido que desde ahora contar\u00e1 con una persona leal al frente de la organizaci\u00f3n catalana, una de las m\u00e1s problem\u00e1ticas desde la fundaci\u00f3n de Podemos.\u00a0<\/span><\/p>\n<blockquote class=\"twitter-tweet\" data-lang=\"es\">\n<p dir=\"ltr\" lang=\"es\">Felicidades <a href=\"https:\/\/twitter.com\/XavierDomenechs?ref_src=twsrc%5Etfw\" target=\"_blank\" rel=\"noopener\">@XavierDomenechs<\/a> por haber sido elegido masivamente por l@s inscrit@s de Catalunya para estar al frente de Podem como secretario general. Ser\u00e1 un honor seguir construyendo fraternidad y solidaridad entre Espa\u00f1a y Catalunya. <a href=\"https:\/\/t.co\/uW4YpxmWq1\">pic.twitter.com\/uW4YpxmWq1<\/a><\/p>\n<p>\u2014 Pablo Iglesias (@Pablo_Iglesias_) <a href=\"https:\/\/twitter.com\/Pablo_Iglesias_\/status\/983811049437777920?ref_src=twsrc%5Etfw\" target=\"_blank\" rel=\"noopener\">10 de abril de 2018<\/a><\/p><\/blockquote>\n<p><script async=\"\" src=\"https:\/\/platform.twitter.com\/widgets.js\" charset=\"utf-8\"><\/script><\/p>\n<p class=\"mce\" style=\"text-align: justify;\"><span style=\"font-size: 14pt; font-family: arial, helvetica, sans-serif;\">El CCA de Dom\u00e8nech<\/span><\/p>\n<p class=\"mce\" style=\"text-align: justify;\"><span style=\"font-size: 14pt; font-family: arial, helvetica, sans-serif;\">La candidatura de Dom\u00e8nech present\u00f3 una lista de 44 miembros y 41 de ellos se han situado en las primeras posiciones dejando dos a la candidatura de Bail &#8211;la propia Bail, que se presentaba tambi\u00e9n al CCA y ha conseguido el puesto 37, y Mar\u00eda Mart\u00ednez (44)&#8211;; y uno m\u00e1s para Celia C\u00e1novas que tambi\u00e9n se present\u00f3 al \u00f3rgano y a conseguido el puesto 43.<\/span><\/p>\n<p class=\"mce\" style=\"text-align: justify;\"><span style=\"font-size: 14pt; font-family: arial, helvetica, sans-serif;\">As\u00ed, la miembro de Podem que ha obtenido m\u00e1s votos a la nueva direcci\u00f3n es Conchi Avellan, seguida de Rosa Canyadell, de Jaume Durall, Alba Garc\u00eda y Carlos Tavera.<\/span><\/p>\n<p class=\"mce\" style=\"text-align: justify;\"><span style=\"font-size: 14pt; font-family: arial, helvetica, sans-serif;\">Tambi\u00e9n formar\u00e1n parte de la nueva direcci\u00f3n de la formaci\u00f3n morada en Catalunya las diputadas de ECP en el Congreso, Mar Garc\u00eda y Alicia Ramos, la diputada de CatECP en el Parlament Yolanda L\u00f3pez y el senador de ECP \u00d3scar Guardingo.<\/span><\/p>\n<p class=\"mce\" style=\"text-align: justify;\"><span style=\"font-size: 14pt; font-family: arial, helvetica, sans-serif;\">Tambi\u00e9n han conseguido estar en las primeras posiciones, Ana Mar\u00eda P\u00e9rez, Lucas Silvano Ferro, Ana Carla Rosani, Laia S\u00e1nchez, Mario R\u00edos, Mar\u00eda Pozuelo, Antonio P\u00e9rez, Joaqu\u00edn Vela, Juanjo C\u00e1ceres, Sandra Daza, Cristina Morales, Irene Blanco, Miquel Ben\u00edtez y Marcos Galante.<\/span><\/p>\n<p class=\"mce\" style=\"text-align: justify;\"><span style=\"font-size: 14pt; font-family: arial, helvetica, sans-serif;\">El economista Sergi Cutillas ha conseguido el puesto 23 en las primarias al CCA seguido de Celeste Valenzuela, Carme Font, Alex Guerrero, Mireia Iniesta, Francisca Pino, Leo Lamich,David Mart\u00ednez, Pilar Flamenco, Arnau Mallol, Inma Montrei, Anver Aznar, Miguel Herrera, Andreu Escobar, Marta campoy, Sandra Ramos, Silvia llorente y Javier Lopez.<\/span><\/p>\n<h1 class=\"pg-headline\" style=\"text-align: center;\"><a href=\"https:\/\/puntocritico.com\/ausajpuntocritico\/wp-content\/uploads\/2016\/11\/Mosca_Punto_Cr\u00edtico_40.png\" rel=\"lightbox[10860]\"><img loading=\"lazy\" decoding=\"async\" class=\"aligncenter size-full wp-image-48\" src=\"https:\/\/puntocritico.com\/ausajpuntocritico\/wp-content\/uploads\/2016\/11\/Mosca_Punto_Cr\u00edtico_40.png\" alt=\"\" width=\"50\" height=\"50\" \/><\/a><\/h1>\n<h1 class=\"pg-headline\" style=\"text-align: center;\"><a id=\"ref32\"><\/a><a href=\"#ref32a\">[32]<\/a> Jueces y fiscales piden \u00abresponsabilidad\u00bb a la Xunta para \u00abno dilatar\u00bb la huelga del personal de justicia<\/h1>\n<p><span style=\"font-size: 14pt;\">Por\u00a0Miguel Pardo<\/span><\/p>\n<div class=\"subtitle bkn mce sk2\">\u00a0<\/div>\n<div><span style=\"color: #339966;\">Art\u00edculo publicado el 10 de abril de 2018 en<\/span><\/div>\n<div><span style=\"color: #339966;\"><a style=\"color: #339966;\" href=\"https:\/\/www.eldiario.es\/galicia\/politica\/Xustiza_0_759424464.html\" target=\"_blank\" rel=\"noopener\">https:\/\/www.eldiario.es\/galicia\/politica\/Xustiza_0_759424464.html<\/a><\/span><\/div>\n<div>\u00a0<\/div>\n<div>\u00a0<\/div>\n<div>\n<figure id=\"attachment_10984\" aria-describedby=\"caption-attachment-10984\" style=\"width: 643px\" class=\"wp-caption aligncenter\"><a href=\"https:\/\/puntocritico.com\/ausajpuntocritico\/wp-content\/uploads\/2018\/04\/multitudinaria-manifestacion-Santiago-vicepresidente-Xunta_EDIIMA20180407_0337_19.jpg\" rel=\"lightbox[10860]\"><img loading=\"lazy\" decoding=\"async\" class=\"wp-image-10984 size-full\" src=\"https:\/\/puntocritico.com\/ausajpuntocritico\/wp-content\/uploads\/2018\/04\/multitudinaria-manifestacion-Santiago-vicepresidente-Xunta_EDIIMA20180407_0337_19.jpg\" alt=\"\" width=\"643\" height=\"362\" srcset=\"https:\/\/puntocritico.com\/ausajpuntocritico\/wp-content\/uploads\/2018\/04\/multitudinaria-manifestacion-Santiago-vicepresidente-Xunta_EDIIMA20180407_0337_19.jpg 643w, https:\/\/puntocritico.com\/ausajpuntocritico\/wp-content\/uploads\/2018\/04\/multitudinaria-manifestacion-Santiago-vicepresidente-Xunta_EDIIMA20180407_0337_19-300x169.jpg 300w\" sizes=\"auto, (max-width: 643px) 100vw, 643px\" \/><\/a><figcaption id=\"caption-attachment-10984\" class=\"wp-caption-text\"><span style=\"font-size: 10pt; color: #339966;\"><strong>La multitudinaria manifestaci\u00f3n de funcionarios de justicia pidi\u00f3 la dimisi\u00f3n del vicepresidente de la Xunta<\/strong><\/span><\/figcaption><\/figure>\n<\/div>\n<div>\n<blockquote>\n<p style=\"text-align: justify;\"><span style=\"font-size: 14pt; font-family: arial, helvetica, sans-serif;\">Colectivos progresistas de la judicatura y la Fiscal\u00eda mantienen el apoyo al personal de la Administraci\u00f3n judicial en huelga<\/span><\/p>\n<p style=\"text-align: justify;\"><span style=\"font-size: 14pt; font-family: arial, helvetica, sans-serif;\">La Uni\u00f3n Progresista de Fiscales insta al Gobierno gallego a \u00absentarse a negociar\u00bb y no \u00abdilatar\u00bb el problema y Xu\u00edces e Xu\u00edzas para a Decmocracia advierte de peticiones \u00abjustas\u00bb<\/span><\/p>\n<\/blockquote>\n<p class=\"mce\" style=\"text-align: justify;\"><span style=\"font-family: arial, helvetica, sans-serif; font-size: 14pt;\">Superados los dos meses de huelga del personal de la Administraci\u00f3n de Justicia en Galicia, con docenas de miles de tr\u00e1mites y juicios suspendidos, con m\u00e1s de dos millones de euros en salarios perdidos por los trabajadores y una nueva exhibici\u00f3n de fuerza y unidad en la \u00faltima manifestaci\u00f3n, el conflicto permanece enquistado.<\/span><\/p>\n<p class=\"mce\" style=\"text-align: justify;\"><span style=\"font-family: arial, helvetica, sans-serif; font-size: 14pt;\">El Gobierno gallego\u00a0insiste en no\u00a0variar su actual propuesta de subida de entre 135 y 105 euros al mes para cada trabajador en funci\u00f3n de su categor\u00eda. El comit\u00e9 de huelga, que hab\u00eda comenzado reclamando una subida de 225 euros, se mantiene en el incremento de 180 euros. Pero la \u00faltima reuni\u00f3n se celebr\u00f3 hace ya dos semanas y la Xunta sigue sin convocar a otra. El tiempo pasa y el personal recibe el apoyo de jueces y fiscales, que empezaron tambi\u00e9n con sus reivindicaciones y amenazan con una huelga a partir de 22 de mayo.<\/span><\/p>\n<p class=\"mce\" style=\"text-align: justify;\"><span style=\"font-family: arial, helvetica, sans-serif; font-size: 14pt;\">Desde la Uni\u00f3n Progresista de Fiscales ( UPF), su destacado miembro &#8211;y anterior presidente&#8211; \u00c1lvaro Garc\u00eda Ortiz, responsabiliza a la Xunta de la pervivencia del conflicto e insta al Gobierno gallego a que siente de una vez. Por su parte, Sandra Pi\u00f1eiro, coordinadora de\u00a0Xu\u00edces\u00a0e Xu\u00edzas para a Democracia ( XpD) en Galicia, insiste en el apoyo que ya hab\u00eda mostrado su colectivo al paro, llama a la \u00abresponsabilidad\u00bb y advierte de una \u00abcomplicada\u00bb situaci\u00f3n que se agravar\u00e1 mucho m\u00e1s con el paso de los d\u00edas.<\/span><\/p>\n<p class=\"mce\" style=\"text-align: justify;\"><span style=\"font-family: arial, helvetica, sans-serif; font-size: 14pt;\">\u00abSobre quien recae la responsabilidad de solucionar el conflicto es la Xunta, que es quien debe sentarse a negociar; no obstante, parad\u00f3jicamente, la Administraci\u00f3n est\u00e1 dilatando los plazos para reunirse\u00bb, explica Garc\u00eda Ortiz, fiscal de Medio Ambiente en Galicia, que advierte de que, \u00abdesde\u00a0el principio de la huelga\u00bb, el Gobierno \u00abemplaza al personal con per\u00edodos de tiempo muy largos\u00bb. \u00abSe negocia un lunes y la Xunta, en lugar de volver a negociar el martes, convoca al comit\u00e9 de huelga para una semana o quince d\u00edas despu\u00e9s; adem\u00e1s, mantiene que no va a negociar, pero siempre presenta otra propuesta, por lo que s\u00ed hay materia sobre la que hablar\u00bb, explica Garc\u00eda Ortiz, que cree que el Gobierno \u00abse contradice\u00bb con sus actitudes.<\/span><\/p>\n<p class=\"mce\" style=\"text-align: justify;\"><span style=\"font-family: arial, helvetica, sans-serif; font-size: 14pt;\">\u00abCualquier usuario de la Justicia cree que se debe negociar hasta llegar a un acuerdo y es lo que pedimos, que la Xunta negocie y negocie todo y que las dos partes no se levanten de la mesa hasta que se llegue a una soluci\u00f3n o la una ruptura\u00bb, insiste quien cree que \u00ablos aplazamientos\u00bb continuos de las reuniones \u00abno tienen sentido\u00bb.<\/span><\/p>\n<p class=\"mce\" style=\"text-align: justify;\"><span style=\"font-family: arial, helvetica, sans-serif; font-size: 14pt;\">Preguntado sobre los posibles motivos de esta dilataci\u00f3n y de los aplazamientos, Garc\u00eda Ortiz lo tiene claro: \u00abPara que los trabajadores no aguanten\u00bb. \u00abSon los que menos cobran de la Administraci\u00f3n de Justicia, con sueldos bajos, y cada d\u00eda de huelga dejan de percibir mucho dinero\u00bb, insiste quien recuerda, tambi\u00e9n, que la Xunta, \u00abentre comillas, est\u00e1 ahorrando dinero con cada jornada de paro\u00bb.<\/span><\/p>\n<p class=\"mce\" style=\"text-align: justify;\"><span style=\"font-family: arial, helvetica, sans-serif; font-size: 14pt;\">\u00abNo sentarse a negociar tiene un peso muy importante porque est\u00e1s prolongando un conflicto colectivo y tu responsabilidad es finalizar con \u00e9l\u00bb, insiste. Respecto\u00a0a los efectos de la huelga, desde la UPF advierten que \u00abes muy dura y con un amplio seguimiento\u00bb, lo que provoca \u00abla casi total paralizaci\u00f3n de todos los servicios\u00bb y un atasco que ser\u00e1 \u00abtodav\u00eda peor m\u00e1s adelante\u00bb. En el fondo, seg\u00fan Garc\u00eda Ortiz, el conflicto se encuadra en un problema general: \u00abLa Justicia no es prioritaria para ninguna administraci\u00f3n\u00bb. Y recuerda que los letrados ir\u00e1n a la huelga en junio, que jueces y fiscales ya empezaron las protestas o que en el territorio Ministerio ya se prepara una huelga parecida a la gallega. \u00abEl presupuesto que se dedica en el Estado a la Justicia no llega ni al 0,7% y ese dato explica bastante bien todo\u00bb, finaliza.<\/span><\/p>\n<p class=\"mce\" style=\"text-align: justify;\"><span style=\"font-family: arial, helvetica, sans-serif; font-size: 14pt;\">De la misma opini\u00f3n es Sandra Pi\u00f1eiro, coordinadora de XpD en Galicia, que recuerda que magistrados y fiscales ya se unieron en unas reclamaciones que pueden acabar el pr\u00f3ximo 22 de mayo con una huelga indefinida. \u00abReclamamos mejoras en nuestra situaci\u00f3n, mayor independencia o m\u00e1s medios&#8230; Somos la administraci\u00f3n m\u00e1s pobre dentro de los servicios p\u00fablicos\u00bb, coincide.<\/span><\/p>\n<p class=\"mce\" style=\"text-align: justify;\"><span style=\"font-family: arial, helvetica, sans-serif; font-size: 14pt;\">As\u00ed, XpD\u00a0aclara que \u00abno modifica\u00bb la postura expresada hace ya unas semanas respecto de la huelga del personal de Justicia, a la que hab\u00eda mostrado su apoyo y \u00absolidaridad\u00bb con su lucha para que sea \u00abdignamente retribuido\u00bb. \u00abSus peticiones son justas\u00bb, insiste Pi\u00f1eiro, que hace tambi\u00e9n una \u00abllamada a la responsabilidad\u00bb a las dos partes para \u00abllegar a un acuerdo el antes posible\u00bb. \u00abCuanto m\u00e1s se alargue, m\u00e1s complicado va a ser\u00bb, advierte. As\u00ed, asegura que la situaci\u00f3n es \u00abmuy complicada\u00bb al estarse \u00abretrasando milesde juicios\u00bb, lo que incide en el \u00abatasco\u00bb de algunas jurisdicciones. \u00abCuando el conflicto finalice, la situaci\u00f3n seguir\u00e1 muy complicada porque hay que ponerse al d\u00eda y no sabemos c\u00f3mo se va a afrontar o solucionar eso\u00bb, dice quien califica de \u00abpreocupante\u00bb la cantidad de expedientes sin resolver y, sobre todo, la situaci\u00f3n en juzgados de instrucci\u00f3n como en el que ella trabaja. \u00abPuede haber situaciones en las que no se complete la instrucci\u00f3n\u00bb, cuenta.<\/span><\/p>\n<p class=\"mce\" style=\"text-align: justify;\"><span style=\"font-family: arial, helvetica, sans-serif; font-size: 14pt;\">Y mientras las advertencias y llamadas al di\u00e1logo contin\u00faan, la Xunta sigue sin convocar a los trabajadores para reuni\u00f3n alguna. Este mismo lunes, el vicepresidente del Gobierno gallego, Alfonso Rueda, volvi\u00f3 a pedir a los sindicatos que \u00abconsideren\u00bb la \u00faltima oferta y asegura que la Administraci\u00f3n sigue \u00ababierta al di\u00e1logo\u00bb. Adem\u00e1s, Vicepresidencia reduce el seguimiento del paro al 29% en este lunes, asumiendo no obstante que casi 800 personas contin\u00faan sin acudir a su puesto de trabajo, cifra a la que habr\u00eda que a\u00f1adir 174 con baja justificada y 775 que participaron en los servicios m\u00ednimos.<\/span><\/p>\n<\/div>\n<div>\u00a0<\/div>\n<h1 class=\"pg-headline\" style=\"text-align: center;\"><a href=\"https:\/\/puntocritico.com\/ausajpuntocritico\/wp-content\/uploads\/2016\/11\/Mosca_Punto_Cr\u00edtico_40.png\" rel=\"lightbox[10860]\"><img loading=\"lazy\" decoding=\"async\" class=\"aligncenter size-full wp-image-48\" src=\"https:\/\/puntocritico.com\/ausajpuntocritico\/wp-content\/uploads\/2016\/11\/Mosca_Punto_Cr\u00edtico_40.png\" alt=\"\" width=\"50\" height=\"50\" \/><\/a><\/h1>\n<h1>\u00a0<\/h1>\n<h1 class=\"pg-headline\" style=\"text-align: center;\"><a id=\"ref33\"><\/a><a href=\"#ref33a\">[33]<\/a> Un cambio legislativo pactado por PP y PSOE en 2015 permite perseguir a los CDR como terrorismo sin armas<\/h1>\n<div class=\"subtitle bkn mce sk2\">\u00a0<\/div>\n<p><span style=\"font-size: 14pt;\">Por Oriol Sol\u00e9 Altimira<\/span><\/p>\n<div><span style=\"color: #339966;\">Art\u00edculo publicado el 10 de abril de 2018 en<\/span><\/div>\n<div><span style=\"color: #339966;\"><a style=\"color: #339966;\" href=\"https:\/\/www.eldiario.es\/catalunya\/politica\/legislativo-permite-perseguir-CDR-terrorismo_0_759424951.html\" target=\"_blank\" rel=\"noopener\">https:\/\/www.eldiario.es\/catalunya\/politica\/legislativo-permite-perseguir-CDR-terrorismo_0_759424951.html<\/a><\/span><\/div>\n<div>\u00a0<\/div>\n<div>\n<figure id=\"attachment_10986\" aria-describedby=\"caption-attachment-10986\" style=\"width: 643px\" class=\"wp-caption aligncenter\"><a href=\"https:\/\/puntocritico.com\/ausajpuntocritico\/wp-content\/uploads\/2018\/04\/Fiscalia-investiga-terrorismo-responsable-CDR_EDIIMA20180410_0274_4.jpg\" rel=\"lightbox[10860]\"><img loading=\"lazy\" decoding=\"async\" class=\"wp-image-10986 size-full\" src=\"https:\/\/puntocritico.com\/ausajpuntocritico\/wp-content\/uploads\/2018\/04\/Fiscalia-investiga-terrorismo-responsable-CDR_EDIIMA20180410_0274_4.jpg\" alt=\"\" width=\"643\" height=\"362\" srcset=\"https:\/\/puntocritico.com\/ausajpuntocritico\/wp-content\/uploads\/2018\/04\/Fiscalia-investiga-terrorismo-responsable-CDR_EDIIMA20180410_0274_4.jpg 643w, https:\/\/puntocritico.com\/ausajpuntocritico\/wp-content\/uploads\/2018\/04\/Fiscalia-investiga-terrorismo-responsable-CDR_EDIIMA20180410_0274_4-300x169.jpg 300w\" sizes=\"auto, (max-width: 643px) 100vw, 643px\" \/><\/a><figcaption id=\"caption-attachment-10986\" class=\"wp-caption-text\"><span style=\"font-size: 10pt; color: #339966;\"><strong>La Fiscal\u00eda investiga por delitos de terrorismo y rebeli\u00f3n a una activista de CDR EFE<\/strong><\/span><\/figcaption><\/figure>\n<\/div>\n<div>\u00a0<\/div>\n<div>\n<blockquote>\n<p style=\"text-align: justify;\"><span style=\"font-family: arial, helvetica, sans-serif; font-size: 14pt;\">Expertos se muestran preocupados porque la Audiencia Nacional acepte investigar por terrismo y rebeli\u00f3n los cortes en las carreteras y peajes<\/span><\/p>\n<p style=\"text-align: justify;\"><span style=\"font-family: arial, helvetica, sans-serif; font-size: 14pt;\">El S\u00edndic de Greuges, el Defensor del Pueblo catal\u00e1n, llevar\u00e1 ante la ONU y la comisaria europea de Derechos Humanos la investigaci\u00f3n a los CDR<\/span><\/p>\n<\/blockquote>\n<p class=\"mce\" style=\"text-align: justify;\"><span style=\"font-family: arial, helvetica, sans-serif; font-size: 14pt;\">Terrorismo sin armas. La detenci\u00f3n por rebeli\u00f3n y terrorismo contra una activista de los Comit\u00e9s de Defensa del Refer\u00e9ndum (CDR) en una investigaci\u00f3n secreta de la Audiencia Nacional este martes ha generado alarma entre partidos soberanistas, juristas y defensores de los derechos humanos. El sustento formal de la investigaci\u00f3n se encuentra en la reforma\u00a0<a class=\"mce\" href=\"https:\/\/www.eldiario.es\/politica\/Catalogo-terroristas-reforma-PP-PSOE_0_352765796.html\" target=\"_blank\" rel=\"noopener noreferrer\">del C\u00f3digo Penal de 2015 que sigui\u00f3 al pacto antiterrorista acordado por el\u00a0 PP y PSOE.<\/a><\/span><\/p>\n<p class=\"mce\" style=\"text-align: justify;\"><span style=\"font-family: arial, helvetica, sans-serif; font-size: 14pt;\">En concreto, la reforma del art\u00edculo del C\u00f3digo Penal aument\u00f3, en su art\u00edculo 573, el cat\u00e1logo de las finalidades terroristas, incluyendo no s\u00f3lo los atentados violentos para provocar un estado de terror en la poblaci\u00f3n, sino adem\u00e1s \u00abcualquier delito grave\u00bb con el objetivo de \u00absubvertir el orden constitucional\u00bb, as\u00ed como \u00abdesestabilizar\u00bb el funcionamiento de instituciones pol\u00edticas o estructuras econ\u00f3micas o sociales del Estado u obligar a los poderes p\u00fablicos \u00aba realizar un acto o a abstenerse de hacerlo\u00bb.<\/span><\/p>\n<p class=\"mce\" style=\"text-align: justify;\"><span style=\"font-family: arial, helvetica, sans-serif; font-size: 14pt;\">Se tipific\u00f3 adem\u00e1s el delito de des\u00f3rdenes p\u00fablicos, el de sedici\u00f3n y el de rebeli\u00f3n como terrorismo en caso de cometerse por una persona \u00abamparada\u00bb por una organizaci\u00f3n terrorista. De esta forma, el terrorista podr\u00eda no ser \u00fanicamente el integrante de una banda terrorista, sino el autor de los delitos que tuvieran las finalidades del citado art\u00edculo 573.<\/span><\/p>\n<p class=\"mce\" style=\"text-align: justify;\"><span style=\"font-family: arial, helvetica, sans-serif; font-size: 14pt;\">Para el abogado de Molins&amp;Par\u00e9s Marc Molins, la definici\u00f3n de terrorismo en el C\u00f3digo Penal es excesivamente amplia. Pero no s\u00f3lo eso: \u00abLa cuesti\u00f3n no es \u00fanicamente de amplitud en la definici\u00f3n del delito, sino tambi\u00e9n de la forma de aplicaci\u00f3n\u00bb. En este sentido, el abogado recuerda que \u00abtodas las normas penales exigen una aplicaci\u00f3n restrictiva y adecuada al principio de proporcionalidad\u00bb.<\/span><\/p>\n<p class=\"mce\" style=\"text-align: justify;\"><span style=\"font-family: arial, helvetica, sans-serif; font-size: 14pt;\">\u00abEl reto del Estado de Derecho es concretar una aplicaci\u00f3n restrictiva y consecuente de la ley penal y no desbordar el sentido de las normas. Se tiene que acreditar que los actos investigados constituyen un delito grave causalmente orientado a romper el orden constitucional o alterar la paz p\u00fablica. Ninguna otra finalidad, de mera protesta o de solidaridad, encajar\u00eda con el delito de terrorismo. En el actual escenario, la hip\u00f3tesis del acto terrorista es, como m\u00ednimo, discutible\u201d asevera Molins.<\/span><\/p>\n<p class=\"mce\" style=\"text-align: justify;\"><span style=\"font-family: arial, helvetica, sans-serif; font-size: 14pt;\">Adem\u00e1s del problema legislativo en cuanto a la definici\u00f3n de terrorismo, la letrada del centro Ir\u00eddia Ana\u00efs Franquesa tambi\u00e9n pone \u00e9nfasis en su aplicaci\u00f3n por parte de los jueces, en este caso, el magistrado de refuerzo del juzgado de instrucci\u00f3n 6 de la Audiencia Nacional Diego de Egea. A criterio de Franquesa, la investigaci\u00f3n deber\u00eda basarse, en primer lugar, en un examen de los hechos y de si los cortes de carreteras y levantamiento de barreras que los CDR impulsaron durante la operaci\u00f3n retorno de Semana Santa est\u00e1n amparadas por el derecho a la manifestaci\u00f3n.<\/span><\/p>\n<p class=\"mce\" style=\"text-align: justify;\"><span style=\"font-family: arial, helvetica, sans-serif; font-size: 14pt;\">De sobrepasar este l\u00edmite, a\u00f1ade Franquesa, se podr\u00edan investigar penalmente las acciones de los CDR, pero en todo caso por des\u00f3rdenes p\u00fablicos. El derecho a la manifestaci\u00f3n, entre otros l\u00edmites, contempla la obligaci\u00f3n de comunicar el recorrido y los responsables de las marchas. \u00abEl corte de carretera no se produce porque s\u00ed, sino que entra en el derecho democr\u00e1tico de la protesta pol\u00edtica\u00bb, abunda, la letrada, que afea a la Audiencia Nacional la \u00abinstrumentalizaci\u00f3n y desnaturalizaci\u00f3n del derecho penal para criminalizar la protesta\u00bb de los CDR.<\/span><\/p>\n<p class=\"mce\" style=\"text-align: justify;\"><span style=\"font-family: arial, helvetica, sans-serif; font-size: 14pt;\">Franquesa recuerda adem\u00e1s que \u00abpor desgracia, en Barcelona, Catalunya y el resto de Espa\u00f1a guardamos en nuestra memoria m\u00e1s reciente y sabemos lo que es un acto terrorista. Y las protestas de los CDR no lo son\u00bb. \u00abY evidentemente, tampoco son rebeli\u00f3n, porque cortar una carretera no es un alzamiento p\u00fablico ni violento\u00bb, a\u00f1ade.<\/span><\/p>\n<p class=\"mce\" style=\"text-align: justify;\"><span style=\"font-family: arial, helvetica, sans-serif; font-size: 14pt;\">Por su lado, el S\u00edndic de Greuges, Rafael Rib\u00f3, ha asegurado que atribuir a los CDR delitos como terrorismo y rebeli\u00f3n es una calificaci\u00f3n \u00abmanifiestamente desproporcionada y contraria al principio de legalidad\u00bb y ha anunciado que lo pondr\u00e1 en conocimiento de la nueva comisaria europea de Derechos Humanos, Dunja Mijatovic, y los \u00f3rganos competentes en derechos humanos de las Naciones Unidas.<\/span><\/p>\n<p class=\"mce\" style=\"text-align: justify;\"><span style=\"font-family: arial, helvetica, sans-serif; font-size: 14pt;\">Uno de los indicios que, por ahora, se conoce contra la detenida es un audio que ella misma difundi\u00f3 en las redes de mensajer\u00eda en el que se\u00f1alaba presuntos objetivos estrat\u00e9gicos de las protestas, que no se han llegado a producir. \u00abSi podemos parar el puerto, ser\u00eda brutal, porque dejamos sin abastecimiento a las islas Baleares, los chinos se cabrear\u00edan, tambi\u00e9n hay muchas mercanc\u00edas; por ejemplo, la Seat, que lleva los coches en barcos, y todo lo que es entrada de mercanc\u00edas de la Pen\u00ednsula y sur de Europa\u00bb, se\u00f1al\u00f3 la detenida.<\/span><\/p>\n<p class=\"mce\" style=\"text-align: justify;\"><span style=\"font-family: arial, helvetica, sans-serif; font-size: 14pt;\">En el marco de la operaci\u00f3n, denominada Cadera (palabra que incluye las iniciales CDR), la Guardia Civil ha registrado la vivienda de la detenida en Viladecans (Barcelona), de nacionalidad espa\u00f1ola, donde han encontrado documentos sobre el acuartelamiento del instituto armado en Barcelona, adem\u00e1s de una agenda, carteler\u00eda, una memoria externa, un ordenador y tel\u00e9fonos m\u00f3viles. Ni rastro de armas letales con las que provocar p\u00e1nico y terror de la poblaci\u00f3n como en un acto terrorista al uso.<\/span><\/p>\n<\/div>\n<h1 class=\"pg-headline\" style=\"text-align: center;\"><a href=\"https:\/\/puntocritico.com\/ausajpuntocritico\/wp-content\/uploads\/2016\/11\/Mosca_Punto_Cr\u00edtico_40.png\" rel=\"lightbox[10860]\"><img loading=\"lazy\" decoding=\"async\" class=\"aligncenter size-full wp-image-48\" src=\"https:\/\/puntocritico.com\/ausajpuntocritico\/wp-content\/uploads\/2016\/11\/Mosca_Punto_Cr\u00edtico_40.png\" alt=\"\" width=\"50\" height=\"50\" \/><\/a><\/h1>\n<h1 style=\"text-align: center;\"><a id=\"ref34\"><\/a><a href=\"#ref34a\">[34]<\/a> Todos somos terroristas en potencia y la Audiencia Nacional lo sabe<\/h1>\n<p><span style=\"font-size: 14pt;\">Por I\u00f1igo S\u00e1enz de Ugarte<\/span><\/p>\n<div><span style=\"color: #339966;\">Art\u00edculo publicado el 11 de abril de 2018 en<\/span><\/div>\n<div><span style=\"color: #339966;\"><a style=\"color: #339966;\" href=\"https:\/\/www.eldiario.es\/zonacritica\/terrorismo-Audiencia-Nacional_6_759484070.html\" target=\"_blank\" rel=\"noopener\">https:\/\/www.eldiario.es\/zonacritica\/terrorismo-Audiencia-Nacional_6_759484070.html<\/a><\/span><\/div>\n<div>\u00a0<\/div>\n<div>\u00a0<\/div>\n<figure id=\"attachment_10987\" aria-describedby=\"caption-attachment-10987\" style=\"width: 643px\" class=\"wp-caption aligncenter\"><a href=\"https:\/\/puntocritico.com\/ausajpuntocritico\/wp-content\/uploads\/2018\/04\/Agentes-Guardia-Civil-domicilio-CDR_EDIIMA20180411_0004_5.jpg\" rel=\"lightbox[10860]\"><img loading=\"lazy\" decoding=\"async\" class=\"wp-image-10987 size-full\" src=\"https:\/\/puntocritico.com\/ausajpuntocritico\/wp-content\/uploads\/2018\/04\/Agentes-Guardia-Civil-domicilio-CDR_EDIIMA20180411_0004_5.jpg\" alt=\"\" width=\"643\" height=\"428\" srcset=\"https:\/\/puntocritico.com\/ausajpuntocritico\/wp-content\/uploads\/2018\/04\/Agentes-Guardia-Civil-domicilio-CDR_EDIIMA20180411_0004_5.jpg 643w, https:\/\/puntocritico.com\/ausajpuntocritico\/wp-content\/uploads\/2018\/04\/Agentes-Guardia-Civil-domicilio-CDR_EDIIMA20180411_0004_5-300x200.jpg 300w\" sizes=\"auto, (max-width: 643px) 100vw, 643px\" \/><\/a><figcaption id=\"caption-attachment-10987\" class=\"wp-caption-text\"><span style=\"font-size: 10pt; color: #339966;\"><strong>Agentes de la Guardia Civil salen del registro en el domicilio de la activista detenida de los CDR. EFE<\/strong><\/span><\/figcaption><\/figure>\n<p>&nbsp;<\/p>\n<div class=\"subtitle bkn mce sk2\">\n<blockquote>\n<p style=\"text-align: justify;\"><span style=\"font-size: 14pt; font-family: arial, helvetica, sans-serif;\">Espa\u00f1a se ha convertido en el pa\u00eds europeo con m\u00e1s ciudadanos que pueden ser acusados de cometer un acto terrorista sin matar a nadie<\/span><\/p>\n<\/blockquote>\n<\/div>\n<section class=\"cp-tools md cf \"><\/section>\n<p class=\"mce\" style=\"text-align: justify;\"><span style=\"font-family: arial, helvetica, sans-serif; font-size: 14pt;\">La Audiencia Nacional contin\u00faa en su empe\u00f1o por construir un universo paralelo en que el Estado es d\u00e9bil, el movimiento independentista catal\u00e1n tiene posibilidades de doblegarlo por la fuerza, y sus (pocos) partidarios en la calle en estas semanas son una amenaza para la convivencia.\u00a0<\/span><\/p>\n<p class=\"mce\" style=\"text-align: justify;\"><span style=\"font-family: arial, helvetica, sans-serif; font-size: 14pt;\">El\u00a0patinazo sufrido por el juez Llarena en Alemania no ha desalentado a la Audiencia Nacional, un tribunal especial acostumbrado por otro lado a ser enmendado por instancias superiores. O cosas peores, porque desde los a\u00f1os 80, un n\u00famero significativo de sus jueces han pasado por el banquillo de los acusados o por expedientes disciplinarios. Pero esa no es la\u00a0historia que toca contar hoy.<\/span><\/p>\n<p class=\"mce\" style=\"text-align: justify;\"><span style=\"font-family: arial, helvetica, sans-serif; font-size: 14pt;\">Su Juzgado de Instrucci\u00f3n n\u00famero 6\u00a0ha ordenado la detenci\u00f3n de\u00a0<span class=\"mce\">\u00a0una activista de los llamados Comit\u00e9s de Defensa de la Rep\u00fablica (CDR), favorables a la independencia de Catalu\u00f1a. Se la investiga por los delitos de\u00a0<a class=\"mce\" href=\"https:\/\/www.eldiario.es\/catalunya\/politica\/Guardia-Civil-activista-CDR-terrorismo_0_759424125.html\" target=\"_blank\" rel=\"noopener\">\u00a0rebeli\u00f3n y terrorismo<\/a>. Los CDR llevaron a cabo cortes de carreteras y levantaron las barreras en peajes de autopistas en Semana Santa. Seg\u00fan el fiscal, pretend\u00edan \u00bb\u00a0provocar un clima de agitaci\u00f3n social\u00bb.<\/span><\/span><\/p>\n<p class=\"mce\" style=\"text-align: justify;\"><span class=\"mce\" style=\"font-family: arial, helvetica, sans-serif; font-size: 14pt;\">Dejemos de lado el hecho de que la pol\u00edtica y la sociedad catalanas ya han estado bastante\u00a0<em class=\"mce\">agitadas<\/em>\u00a0en el \u00faltimo a\u00f1o. Es l\u00f3gico que tengamos en cuenta que fuerzas de seguridad y tribunales est\u00e1n en su derecho a perseguir conductas violentas,\u00a0m\u00e1s all\u00e1 de\u00a0que se cometan en favor de ideas pol\u00edticas, y no para robar la cartera a alguien. Digamos que hasta ah\u00ed\u00a0son dos hechos bastante obvios.\u00a0<\/span><\/p>\n<p class=\"mce\" style=\"text-align: justify;\"><span class=\"mce\" style=\"font-family: arial, helvetica, sans-serif; font-size: 14pt;\">Lo que tenemos ante nosotros es un discurso pol\u00edtico que ha terminado definiendo como \u00abterrorismo\u00bb manifestaciones de disidencia pol\u00edtica que en las democracias de Europa Occidental siempre han sido aceptadas como un elemento indispensable en un Estado de derecho. Muchas de esas movilizaciones afectaban de forma inevitable a algunos derechos de otras personas\u00a0y pod\u00edan tener algunas manifestaciones violentas, pero no s\u00f3lo no socavaban la convivencia y la libertad, sino que la reforzaban. Como se dec\u00eda en la Guerra Fr\u00eda, esa respuesta disidente no se permit\u00eda en la URSS o en China, y si ocurr\u00eda, se castigaba con extrema dureza.<\/span><\/p>\n<p class=\"mce\" style=\"text-align: justify;\"><span class=\"mce\" style=\"font-family: arial, helvetica, sans-serif; font-size: 14pt;\">Eso cambi\u00f3 en Espa\u00f1a en 2015 con la \u00faltima reforma del C\u00f3digo Penal \u2013y ya antes la la ley mordaza hab\u00eda comenzado a castigar por v\u00eda penal lo que antes eran faltas administrativas\u2013 en la que los dos principales partidos nos intentaron convencer de que el Estado era d\u00e9bil y la sociedad estaba en grave peligro a causa de la amenaza inminente del terrorismo yihadista. Militares con uniforme y expertos de\u00a0<em class=\"mce\">think tank<\/em>\u00a0aparecieron en las televisiones para decirnos que Espa\u00f1a estaba indefensa ante un ej\u00e9rcito de\u00a0<em class=\"mce\">lobos solitarios<\/em>\u00a0imposibles de detectar para la polic\u00eda a menos que\u00a0<em class=\"mce\">\u00a0revis\u00e1ramos<\/em>\u00a0nuestros derechos constitucionales. El hecho de que en 2004 sufri\u00e9ramos un atroz atentado y que respondi\u00e9ramos con dignidad y serenidad es un hecho que ya no conviene recordar.\u00a0<\/span><\/p>\n<p class=\"mce\" style=\"text-align: justify;\"><span style=\"font-family: arial, helvetica, sans-serif; font-size: 14pt;\"><span class=\"mce\">Para ello, se ampli\u00f3 la definici\u00f3n de terrorismo hasta extremos\u00a0inimaginables hasta entonces en una sociedad que en los 70 y 80 ya hab\u00eda sufrido ese castigo<\/span><span class=\"mce\">\u00a0. Esa nueva concepci\u00f3n\u00a0<\/span>pactada por el PP y el PSOE\u00a0<a class=\"mce\" href=\"https:\/\/www.eldiario.es\/politica\/Catalogo-terroristas-reforma-PP-PSOE_0_352765796.html\" target=\"_blank\" rel=\"noopener\">\u00a0abr\u00eda la puerta a perseguir conductas<\/a>\u00a0que nada tienen que ver con el yihadismo. La herramienta era\u00a0<a class=\"mce\" href=\"http:\/\/noticias.juridicas.com\/base_datos\/Penal\/lo10-1995.l2t22.html\" target=\"_blank\" rel=\"noopener\">\u00a0el art\u00edculo 573 del C\u00f3digo Penal<\/a>\u00a0que establece que el delito de terrorismo es pr\u00e1cticamente cualquier delito grave (incluidos los cometidos contra \u00ab<span class=\"mce\">\u00a0el patrimonio, los recursos naturales o el medio ambiente\u00bb)\u00a0<\/span>que tenga alguna de las finalidades rese\u00f1adas en \u00e9l.\u00a0<\/span><\/p>\n<p class=\"mce\" style=\"text-align: justify;\"><span style=\"font-family: arial, helvetica, sans-serif; font-size: 14pt;\">La primera intenci\u00f3n era esta: \u00abSubvertir el orden constitucional, o suprimir o desestabilizar gravemente el funcionamiento de las instituciones pol\u00edticas o de las estructuras econ\u00f3micas o sociales del Estado, u\u00a0<strong class=\"mce\">obligar a los poderes p\u00fablicos a realizar un acto o a abstenerse de hacerlo\u00bb<\/strong>\u00a0(las negritas son m\u00edas).\u00a0<\/span><\/p>\n<p class=\"mce\" style=\"text-align: justify;\"><span style=\"font-family: arial, helvetica, sans-serif; font-size: 14pt;\">No hay gran movilizaci\u00f3n de protesta que no pretenda obligar a una Administraci\u00f3n nacional, auton\u00f3mica o local\u00a0a hacer algo o\u00a0dejar de hacerlo. Es lo que ocurri\u00f3 en los a\u00f1os 80 en las manifestaciones contra la reconversi\u00f3n industrial en Sagunto y Ferrol, con las protestas de los mineros asturianos en distintas \u00e9pocas, con lo ocurrido en el barrio de Gamonal en Burgos o m\u00e1s recientemente en Murcia, y todas las concentraciones para impedir desahucios.\u00a0<\/span><\/p>\n<p class=\"mce\" style=\"text-align: justify;\"><span style=\"font-family: arial, helvetica, sans-serif; font-size: 14pt;\">En muchas de esas movilizaciones hubo hechos violentos de mayor o menor gravedad, y en algunos casos hubo personas que tuvieron que responder por sus actos en los tribunales. Nadie los consider\u00f3 terroristas.\u00a0<\/span><\/p>\n<p class=\"mce\" style=\"text-align: justify;\"><span style=\"font-family: arial, helvetica, sans-serif; font-size: 14pt;\">Durante d\u00e9cadas, la sociedad admiti\u00f3 que se pod\u00eda ser violento sin ser terrorista. No es que lo primero fuera\u00a0algo que hubiera que aplaudir, pero en cualquier caso s\u00f3lo la extrema derecha m\u00e1s desquiciada e ignorante pod\u00eda sostener que esas protestas pon\u00edan en peligro a la sociedad.\u00a0<\/span><\/p>\n<p class=\"mce\" style=\"text-align: justify;\"><span style=\"font-family: arial, helvetica, sans-serif; font-size: 14pt;\">Ese mismo art\u00edculo 573 dicta que \u00abalterar gravemente la paz p\u00fablica\u00bb\u00a0es motivo suficiente para entablar una acusaci\u00f3n por acto terrorista, un concepto tan amplio que nos coloca ante una situaci\u00f3n de clara inseguridad jur\u00eddica.<\/span><\/p>\n<p class=\"mce\" style=\"text-align: justify;\"><span style=\"font-family: arial, helvetica, sans-serif; font-size: 14pt;\">Al final, un acto terrorista en Espa\u00f1a es lo que la Audiencia Nacional quiera se\u00f1alar como acto terrorista. Ahora mismo, un corte de carretera \u2013una estampa nada ins\u00f3lita en una democracia\u2013 ha pasado a ser un instrumento terrorista, menos letal que un coche bomba, pero no menos perseguible con penas dur\u00edsimas.\u00a0<\/span><\/p>\n<p class=\"mce\" style=\"text-align: justify;\"><span style=\"font-family: arial, helvetica, sans-serif; font-size: 14pt;\">Se confirma lo que se ha estado denunciando en los \u00faltimos a\u00f1os. Cuanto menos terrorismo hay en Espa\u00f1a, m\u00e1s necesidad hay en los dos grandes partidos de promover investigaciones antiterroristas.\u00a0Hay jueces y fiscales encantados de emplear esos recursos para meter a gente en un calabozo.\u00a0Aplicaron la legislaci\u00f3n antiterrorista a un grupo de c\u00f3micos por hacer un chiste malo combinando los nombres de dos grupos terroristas. Y dec\u00edan que hab\u00edan que respetar las decisiones de los jueces.\u00a0<\/span><\/p>\n<p class=\"mce\" style=\"text-align: justify;\"><span style=\"font-family: arial, helvetica, sans-serif; font-size: 14pt;\">Todo esto se hace en nombre del Estado de derecho. Ya casi no se habla de libertad, igualdad y fraternidad (bueno, es cierto que ahora mismo en Catalu\u00f1a fraternidad, hay poca), ni de derechos de los ciudadanos ni de su capacidad para defenderlos en la calle, m\u00e1s all\u00e1 de votar una vez cada cuatro a\u00f1os (en Catalu\u00f1a, sin duda con m\u00e1s frecuencia y escasos resultados). Todo es el Estado de derecho, la disidencia es una palabra sucia y hay partidos que quieren restringir ese campo de actuaci\u00f3n hasta l\u00edmites que se hubieran considerado ins\u00f3litos en los a\u00f1os 70 y 80.\u00a0<\/span><\/p>\n<p class=\"mce\" style=\"text-align: justify;\"><span class=\"mce\" style=\"font-family: arial, helvetica, sans-serif; font-size: 14pt;\">En Hungr\u00eda, el pa\u00eds se ha hundido en una espiral\u00a0imparable hacia el autoritarismo y todo se ha hecho con las armas que concede el Estado de derecho. Nada se ha aprobado all\u00ed violando la ley, porque siempre se ha cambiado de forma escrupulosa para hacer posibles los objetivos del partido en el poder.<\/span><\/p>\n<p class=\"mce\" style=\"text-align: justify;\"><span class=\"mce\" style=\"font-family: arial, helvetica, sans-serif; font-size: 14pt;\">Se ha elegido a juristas adictos a la causa para el Tribunal Constitucional. Los medios de comunicaci\u00f3n p\u00fablicos son un altavoz propagand\u00edstico del Gobierno. Los principales medios privados est\u00e1n sometidos o controlados por aliados del l\u00edder m\u00e1ximo. Aquellos que osan cuestionar la ideolog\u00eda xen\u00f3foba y racista del partido de Viktor Orb\u00e1n son tachados de enemigos de la patria al servicio de oscuros intereses extranjeros. Se prepara una nueva ley, que ser\u00e1 aprobada con todos los requisitos que exige el Estado de derecho, para atar en corto a las ONG y grupos de la sociedad civil que se rebelan contra el pensamiento reaccionario.<\/span><\/p>\n<p class=\"mce\" style=\"text-align: justify;\"><span class=\"mce\" style=\"font-family: arial, helvetica, sans-serif; font-size: 14pt;\">Al menos no les llaman terroristas. De momento. El embajador h\u00fangaro en Madrid puede ganarse un ascenso si informa a su Gobierno de las \u00faltimas noticias de la Audiencia Nacional.\u00a0<\/span><\/p>\n<h1 class=\"pg-headline\" style=\"text-align: center;\"><a href=\"https:\/\/puntocritico.com\/ausajpuntocritico\/wp-content\/uploads\/2016\/11\/Mosca_Punto_Cr\u00edtico_40.png\" rel=\"lightbox[10860]\"><img loading=\"lazy\" decoding=\"async\" class=\"aligncenter size-full wp-image-48\" src=\"https:\/\/puntocritico.com\/ausajpuntocritico\/wp-content\/uploads\/2016\/11\/Mosca_Punto_Cr\u00edtico_40.png\" alt=\"\" width=\"50\" height=\"50\" \/><\/a><\/h1>\n<h1 style=\"text-align: center;\"><a id=\"ref35\"><\/a><a href=\"#ref35a\">[35]<\/a> \u00abLA INTIMIDACI\u00d3N DE LA OLIGARQU\u00cdA BRASILE\u00d1A SOLO SE PUEDE CONTRARESTAR CON LA R\u00c9PLICA POPULAR\u00bb<\/h1>\n<h3 style=\"text-align: center;\">El soci\u00f3logo James Petras sobre el \u00abcaso Lula\u00bb<\/h3>\n<p><span style=\"font-size: 14pt;\">Por\u00a0REDACCI\u00d3N<\/span><\/p>\n<div><span style=\"color: #339966;\">Art\u00edculo publicado el 11 de abril de 2018 en<\/span><\/div>\n<div><span style=\"color: #339966;\"><a style=\"color: #339966;\" href=\"http:\/\/canarias-semanal.org\/not\/22571\/-la-intimidacion-de-la-oligarquia-brasilena-solo-se-puede-contrarestar-con-la-replica-popular-\/\" target=\"_blank\" rel=\"noopener\">http:\/\/canarias-semanal.org\/not\/22571\/-la-intimidacion-de-la-oligarquia-brasilena-solo-se-puede-contrarestar-con-la-replica-popular-\/<\/a><\/span><\/div>\n<p><a href=\"https:\/\/puntocritico.com\/ausajpuntocritico\/wp-content\/uploads\/2018\/04\/img_53612.jpg\" rel=\"lightbox[10860]\"><img loading=\"lazy\" decoding=\"async\" class=\"aligncenter size-full wp-image-10988\" src=\"https:\/\/puntocritico.com\/ausajpuntocritico\/wp-content\/uploads\/2018\/04\/img_53612.jpg\" alt=\"\" width=\"670\" height=\"262\" srcset=\"https:\/\/puntocritico.com\/ausajpuntocritico\/wp-content\/uploads\/2018\/04\/img_53612.jpg 670w, https:\/\/puntocritico.com\/ausajpuntocritico\/wp-content\/uploads\/2018\/04\/img_53612-300x117.jpg 300w\" sizes=\"auto, (max-width: 670px) 100vw, 670px\" \/><\/a><\/p>\n<p>&nbsp;<\/p>\n<div style=\"text-align: justify;\"><span style=\"font-size: 14pt; font-family: arial, helvetica, sans-serif;\">Para el soci\u00f3logo estadounidense<strong>\u00a0James Petras\u00a0<\/strong>lo que est\u00e1 sucediendo en<strong>Brasil<\/strong>\u00a0con el encarcelamiento del expresidente Lula no le ofrece dudas:\u00a0<strong>es tan s\u00f3lo un indicio.<\/strong><\/span><\/div>\n<div id=\"TEXTO_NOTICIA\" class=\"TEXTO_PARRAFO \">\n<p style=\"text-align: justify;\"><span style=\"font-size: 14pt; font-family: arial, helvetica, sans-serif;\"><em>\u00abEn primera instancia\u00a0<\/em>&#8211; mantiene<strong>\u00a0Petras<\/strong>\u00a0en su habitual charla con la emisora uruguaya \u00ab<strong>Radio Centenario<\/strong>\u00ab-\u00a0<em>es un indicio de la fuerza que tiene la derecha en el presente contexto en\u00a0<strong>Am\u00e9rica Latina<\/strong>. Tanto en\u00a0<strong>Brasil\u00a0<\/strong>como en otras partes, el poder\u00a0 del imperialismo norteamericano se est\u00e1 extendiendo, a partir de sus clientes locales\u00bb.<\/em><\/span><\/p>\n<p style=\"text-align: justify;\"><span style=\"font-size: 14pt; font-family: arial, helvetica, sans-serif;\">El intelectual norteamericano\u00a0 cree que lo que acontece estos d\u00edas en\u00a0<strong>Brasi<\/strong>l no es simplemente una mera acci\u00f3n de la oligarqu\u00eda, aunque los banqueros norteamericanos\u00a0 tengan una influencia decisiva, junto\u00a0 a los consultores y otros especialistas de la pol\u00edtica econ\u00f3mica, en lo que sucede.<\/span><\/p>\n<p style=\"text-align: justify;\"><span style=\"font-size: 14pt; font-family: arial, helvetica, sans-serif;\"><em>\u00abM\u00e1s all\u00e1 de eso, podemos afirmar que en otras partes, como<strong>Venezuela,<\/strong>\u00a0hay una intervenci\u00f3n directa de<strong>\u00a0Estados Unidos.<\/strong>\u00a0Pero lo mismo podemos decir de<strong>\u00a0M\u00e9xico,<\/strong>\u00a0que tiene un gobierno de derechas. La fuerza del imperialismo est\u00e1 creciendo de tal manera que \u00e9stos se permiten descartar\u00a0 algunos socios\u00a0 suyos\u00a0 del pasado, para avanzar m\u00e1s y m\u00e1s deprisa\u00bb.<\/em><\/span><\/p>\n<p style=\"text-align: justify;\"><span style=\"font-size: 14pt; font-family: arial, helvetica, sans-serif;\"><em>\u00abEl encarcelamiento de\u00a0<strong>Lula<\/strong>\u00a0tiene como objetivo lograr imponer el miedo sobre cualquier izquierdista que\u00a0 tenga la posibilidad de llegar\u00a0 a un gobierno en Am\u00e9rica Latina\u00bb<\/em>, dice\u00a0<strong>Petras.<\/strong><\/span><\/p>\n<p style=\"text-align: justify;\"><span style=\"font-size: 14pt; font-family: arial, helvetica, sans-serif;\"><em>\u00abEl miedo es un instrumento importante para controlar al poder.<strong>Sembrar miedo es una forma de dominar,<\/strong>\u00a0si no tienes una econom\u00eda din\u00e1mica, si no tienes la capacidad de constituir un gobiern<strong>o sin apoyos sociales s\u00f3lidos\u00bb<\/strong>.<\/em><\/span><\/p>\n<p style=\"text-align: justify;\"><span style=\"font-size: 14pt; font-family: arial, helvetica, sans-serif;\"><em>\u00bb Algo similar est\u00e1 sucediendo en\u00a0<strong>Argentina<\/strong>\u00a0con la intimidaci\u00f3n y los despidos.\u00a0 Son\u00a0 indicios de la creciente influencia no s\u00f3lo de\u00a0<strong>Trump,<\/strong>\u00a0sino tambi\u00e9n de todos los asociados con el proyecto imperialista. Han recuperado mucha fuerza desde que se produjo la crisis de los\u00a0 2008 -2009.\u00a0 Tienen la convicci\u00f3n que si no puede\u00a0 mandar a trav\u00e9s del\u00a0<strong>\u00a0\u00abconsenso\u00bb<\/strong>, lo Har\u00e1n a trav\u00e9s de la fuerza, de la\u00a0 intimidaci\u00f3n\u00bb .<\/em><\/span><\/p>\n<p style=\"text-align: justify;\"><span style=\"font-size: 14pt; font-family: arial, helvetica, sans-serif;\"><em>\u00abPero<\/em>\u00a0&#8211; se pregunta\u00a0<strong>Petras<\/strong>\u00a0&#8211;\u00a0<em>\u00bfc\u00f3mo contrarrestar esta intimidaci\u00f3n, este esfuerzo por extender el imperio y los intereses de la oligarqu\u00eda?<\/em><\/span><\/p>\n<p style=\"text-align: justify;\"><span style=\"font-size: 14pt; font-family: arial, helvetica, sans-serif;\"><em>\u00abLa respuesta esta pregunta est\u00e1, sin duda en la movilizaci\u00f3n. Y no me refiero s\u00f3lo a marchas o a denuncias<\/em><em>, que son importantes.Pero si no hay\u00a0 una acci\u00f3n que afecte directamente los intereses econ\u00f3micos, como por ejemplo, una<strong>\u00a0huelga general<\/strong>, que paralice el pa\u00eds y la econom\u00eda, poniendo en evidencia que existen fuerzas listas y preparadas para profundizar y extender la lucha, no se va a poder hacer mucho\u00bb.<\/em><\/span><\/p>\n<p style=\"text-align: justify;\"><span style=\"font-size: 14pt; font-family: arial, helvetica, sans-serif;\"><em>\u00abPero, hasta ahora, ninguna de las fuerzas opositoras<\/em>\u00a0\u2013\u00a0<em>ya sean sindicatos, partidos\u00a0 o movimientos sociales- han sido capaces de organizar la unidad de acci\u00f3n para paralizar la Econom\u00eda. Ese es el problema, la organizaci\u00f3n de la r\u00e9plica\u00bb<\/em><\/span><\/p>\n<p style=\"text-align: justify;\"><span style=\"font-size: 14pt; font-family: arial, helvetica, sans-serif;\"><em>\u00bb A\u00a0<strong>Lula\u00a0<\/strong>lo meten en la c\u00e1rcel, pero su encarcelamiento no va acompa\u00f1ado por\u00a0 acciones\u00a0 sociales\u00a0 contundentes, por lo que ser\u00e1 f\u00e1cil encarcelar a una persona que s\u00f3lo dispone de un discurso sentimental que toca el coraz\u00f3n del pueblo. La oligarqu\u00eda s\u00f3lo entiende el lenguaje la fuerza. Y la fuerza\u00a0 y la intimidaci\u00f3n que ellos tratan de imponer s\u00f3lo podr\u00e1 hacer ser contrarrestada\u00a0 por otra fuerza. Y hasta ahora,\u00a0 la derecha ha utilizado su fuerza, su intimidaci\u00f3n, su miedo, sin que la oposici\u00f3n haya tomado medidas para contrarrestarlas\u00bb.<\/em><\/span><\/p>\n<p style=\"text-align: justify;\"><span style=\"font-size: 14pt; font-family: arial, helvetica, sans-serif;\"><em>\u00abPodr\u00edamos decir que\u00a0<strong>Lula e<\/strong>s una figura que tiene, sin duda, el apoyo popular. Pero sus seguidores no\u00a0 han sido todav\u00eda capaces de movilizarse y de actuar con<strong>\u00a0la fuerza de la r\u00e9plica\u00a0<\/strong>a la acci\u00f3n olig\u00e1rquica. Permanecen enredados con los jueces,\u00a0 los abogados,\u00a0 el proceso judicial, etc.,\u2026 Tratan de buscar a alg\u00fan juez que pueda actuar con honestidad. Pero la cuesti\u00f3n es que en\u00a0<strong>Brasil\u00a0<\/strong>no existen tales jueces. En<strong>\u00a0Brasil\u00a0<\/strong>lo que hay son matones, jueces y pol\u00edticos corruptos\u00bb. \u00a0<\/em><\/span><\/p>\n<p style=\"text-align: justify;\"><span style=\"font-size: 14pt; font-family: arial, helvetica, sans-serif;\"><em>\u00a0<\/em><em>\u00abEn este momento en\u00a0<strong>Brasil\u00a0<\/strong>se est\u00e1 produciendo\u00a0 una acumulaci\u00f3n de fuerzas cada vez m\u00e1s represivas, cada vez m\u00e1s derechistas. Y para detener ese maremoto no necesitas abogados. Necesitas sindicalistas, pobladores, organizaciones, para darle continuidad\u00a0 a\u00a0 la lucha en la calle, y en\u00a0 cualquier lugar en el que se pueda paralizar\u00a0 el funcionamiento del sistema. Hay que negociar respaldados por la fuerza de la movilizaci\u00f3n social\u00bb.<\/em><\/span><\/p>\n<\/div>\n<h1 class=\"pg-headline\" style=\"text-align: center;\"><a href=\"https:\/\/puntocritico.com\/ausajpuntocritico\/wp-content\/uploads\/2016\/11\/Mosca_Punto_Cr\u00edtico_40.png\" rel=\"lightbox[10860]\"><img loading=\"lazy\" decoding=\"async\" class=\"aligncenter size-full wp-image-48\" src=\"https:\/\/puntocritico.com\/ausajpuntocritico\/wp-content\/uploads\/2016\/11\/Mosca_Punto_Cr\u00edtico_40.png\" alt=\"\" width=\"50\" height=\"50\" \/><\/a><\/h1>\n<h1 style=\"text-align: center;\"><a id=\"ref36\"><\/a><a href=\"#ref36a\">[36]<\/a> ONCE TESIS MARXISTAS SOBRE EL FASCISMO<\/h1>\n<p><span style=\"font-size: 14pt;\">Por TEODORO NELSON<\/span><\/p>\n<div><span style=\"color: #339966;\">Art\u00edculo publicado el 9 de abril de 2018 en<\/span><\/div>\n<div><span style=\"color: #339966;\"><a style=\"color: #339966;\" href=\"http:\/\/canarias-semanal.org\/not\/22542\/once-tesis-marxistas-sobre-el-fascismo\/\" target=\"_blank\" rel=\"noopener\">http:\/\/canarias-semanal.org\/not\/22542\/once-tesis-marxistas-sobre-el-fascismo\/<\/a><\/span><\/div>\n<p>&nbsp;<\/p>\n<p><a href=\"https:\/\/puntocritico.com\/ausajpuntocritico\/wp-content\/uploads\/2018\/04\/img_53565.jpg\" rel=\"lightbox[10860]\"><img loading=\"lazy\" decoding=\"async\" class=\"aligncenter size-full wp-image-10989\" src=\"https:\/\/puntocritico.com\/ausajpuntocritico\/wp-content\/uploads\/2018\/04\/img_53565.jpg\" alt=\"\" width=\"670\" height=\"310\" srcset=\"https:\/\/puntocritico.com\/ausajpuntocritico\/wp-content\/uploads\/2018\/04\/img_53565.jpg 670w, https:\/\/puntocritico.com\/ausajpuntocritico\/wp-content\/uploads\/2018\/04\/img_53565-300x139.jpg 300w\" sizes=\"auto, (max-width: 670px) 100vw, 670px\" \/><\/a><\/p>\n<p>&nbsp;<\/p>\n<p style=\"text-align: justify;\"><span style=\"font-size: 14pt; font-family: arial, helvetica, sans-serif;\"><strong>\u00a01.<\/strong>\u00a0El fascismo es una de las fases que adopta el capitalismo llegado a un determinado punto. El Estado fascista en su forma desarrollada presupone la hegemon\u00eda del capital bancario y financiero sobre el resto de la econom\u00eda. As\u00ed, el fascismo es una de las fases que adopta el\u00a0<strong>capitalismo imperialista<\/strong>, es decir, el capitalismo monopolista de Estado<strong>\u00a0<a id=\"refart1a\"><\/a><a href=\"#refart1\">(1)<\/a>.<\/strong><\/span><\/p>\n<p style=\"text-align: justify;\"><span style=\"font-size: 14pt; font-family: arial, helvetica, sans-serif;\"><strong>2.<\/strong>\u00a0El fascismo surge cuando el capital financiero necesita recapitalizaciones a gran escala y por tanto, las\u00a0<strong>rentas del Estado.<\/strong>\u00a0Aparece as\u00ed el\u00a0<strong>corporativismo fascista<\/strong>, semejante al\u00a0<strong>corporativismo democr\u00e1tico burgu\u00e9s<\/strong>, pero m\u00e1s agresivo y r\u00e1pido.<\/span><\/p>\n<p style=\"text-align: justify;\"><span style=\"font-size: 14pt; font-family: arial, helvetica, sans-serif;\"><strong>3.<\/strong>\u00a0Por lo tanto, el fascismo<strong>\u00a0surge de las crisis econ\u00f3micas del capitalismo<\/strong>\u00a0y de la\u00a0<strong>necesidad de extender los imperios ultra nacionales y de \u201crescatar\u201d a las empresas<\/strong><strong>\u00a0<a id=\"refart2a\"><\/a><a href=\"#refart2\">(2)<\/a>.<\/strong><\/span><\/p>\n<p style=\"text-align: justify;\"><span style=\"font-size: 14pt; font-family: arial, helvetica, sans-serif;\"><strong>4.\u00a0<\/strong>El fascismo es el capitalismo que ha reconocido al comunismo en particular y al socialismo en general como herramienta ideol\u00f3gica de su enemigo de clase, los trabajadores\u00a0<a id=\"refart3a\"><\/a><strong><a href=\"#refart3\">(3)<\/a>.<\/strong><\/span><\/p>\n<p style=\"text-align: justify;\"><span style=\"font-size: 14pt; font-family: arial, helvetica, sans-serif;\"><strong>5.\u00a0<\/strong>Con el fascismo, la\u00a0<strong>clase dominante<\/strong>\u00a0eleva a un partido u organizaci\u00f3n nueva, compuesta por lumpen y\u00a0<em>\u201cclases medias\u201d,\u00a0<\/em>al control del aparato del Estado. El capital ejerce el control directo del Estado de forma indirecta, a trav\u00e9s de un partido y un l\u00edder que depende absolutamente de la clase capitalista, que le da forma. As\u00ed aparece la ideolog\u00eda fascista, que no es sino un lumpen-nacionalismo, un pastiche de cada naci\u00f3n donde germina<strong>\u00a0<a id=\"refart4a\"><\/a><a href=\"#refart4\">(4)<\/a>.<\/strong><\/span><\/p>\n<p style=\"text-align: justify;\"><span style=\"font-size: 14pt; font-family: arial, helvetica, sans-serif;\"><strong>6.<\/strong>\u00a0Estas formas pol\u00edticas se aprendieron en las<strong>\u00a0colonias<\/strong>, y se volvieron a usar en las colonias bajo el\u00a0<strong>neo-colonialismo<\/strong><strong>\u00a0<a id=\"refart5a\"><\/a><a href=\"#refart5\">(5)<\/a>.<\/strong><\/span><\/p>\n<p style=\"text-align: justify;\"><span style=\"font-size: 14pt; font-family: arial, helvetica, sans-serif;\"><strong>7.\u00a0<\/strong>No existe, en s\u00ed misma, una l\u00ednea divisoria entre las democracias capitalistas y sus Estados policiales y las dictaduras fascistas, m\u00e1s que en las formas institucionales.<\/span><\/p>\n<p style=\"text-align: justify;\"><span style=\"font-size: 14pt; font-family: arial, helvetica, sans-serif;\"><strong>8.\u00a0<\/strong>En el<strong>\u00a0bloque euro-norteamericano\u00a0<\/strong>actual se ir\u00e1 produciendo un auge progresivo del fascismo. No tender\u00e1n a convertirse en Estados fascistas, salvo guerra o insurrecci\u00f3n social fruto del espontane\u00edsmo de las masas\u00a0<a id=\"refart6a\"><\/a><a href=\"#refart6\"><strong>(6)<\/strong><\/a>. Empezar\u00e1n a aparecer\u00a0<em>\u00abformas h\u00edbridas\u00bb\u00a0<\/em>y transiciones\u00a0<em>\u00ab\u00f3rg\u00e1nicas\u00bb\u00a0<\/em>hacia el fascismo.<\/span><\/p>\n<p style=\"text-align: justify;\"><span style=\"font-size: 14pt; font-family: arial, helvetica, sans-serif;\"><strong>9.<\/strong>\u00a0El fascismo supone, b\u00e1sicamente,\u00a0<strong>encuadrar a toda la sociedad asegurando la direcci\u00f3n de la fuerza de trabajo y la eliminaci\u00f3n f\u00edsica de la oposici\u00f3n<\/strong>. Convierte a la sociedad en una gran f\u00e1brica con el Estado como empresa y consejo directivo. Los trabajadores quedan inm\u00f3viles en cuanto a su posici\u00f3n productiva, revirtiendo en parte el trabajo asalariado en trabajo forzoso y esclavo<strong>\u00a0<a id=\"refart7a\"><\/a><a href=\"#refart7\">(7)<\/a>.<\/strong><\/span><\/p>\n<p style=\"text-align: justify;\"><span style=\"font-size: 14pt; font-family: arial, helvetica, sans-serif;\"><strong>10.\u00a0<\/strong>El fascismo, aunque presentado como una ideolog\u00eda firme y dogm\u00e1tica, es una de las mayores formas de oportunismo pol\u00edtico. Para un fascista es natural cambiar radicalmente de ideas, dependiendo de sus intereses personales y, sobre todo, de los intereses de los capitalistas. Esto es fundamental para entender c\u00f3mo se pueden adaptar a las\u00a0<strong>democracias capitalistas<\/strong>, llegando incluso a abanderarlas\u00a0<a id=\"refart8a\"><\/a><strong><a href=\"#refart8\">(8)<\/a>.<\/strong><\/span><\/p>\n<p style=\"text-align: justify;\"><span style=\"font-size: 14pt; font-family: arial, helvetica, sans-serif;\"><strong>11.<\/strong>\u00a0El fascismo es una forma decadente del capitalismo\u00a0<a id=\"refart9a\"><\/a><strong><a href=\"#refart9\">(9)<\/a>.<\/strong><\/span><\/p>\n<p style=\"text-align: justify;\"><em><span style=\"font-size: 14pt; font-family: arial, helvetica, sans-serif;\">NOTAS:<\/span><\/em><\/p>\n<p style=\"text-align: justify;\"><span style=\"font-size: 14pt; font-family: arial, helvetica, sans-serif;\"><a id=\"refart1\"><\/a><a href=\"#refart1a\">(1)<\/a>\u00a0En Alemania, cinco nombres: Bloomberg, como representante del generalato prusiano; Hindenburg como representante de los terratenientes y del\u00a0aparatichk; Schacht, como representante de la mayor\u00eda de industriales y banqueros; Thyssen como miembro de los l\u00edderes empresariales y Von Papen como miembro de la vieja aristocracia (que, ir\u00f3nicamente, perder\u00eda los \u00faltimos resquicios de poder pol\u00edtico). Todos ellos, entre muchos otros, apoyaron a Hitler. Los nazis recibieron apoyo de todos los sectores de la clase capitalista alemana, incluso los capitalistas jud\u00edos (IG Farben apoy\u00f3 a Hitler a pesar de sus acusaciones de pertenecer al \u201ccapital financiero jud\u00edo\u201d).<\/span><\/p>\n<p style=\"text-align: justify;\">\n<span style=\"font-size: 14pt; font-family: arial, helvetica, sans-serif;\"><a id=\"refart2\"><\/a><a href=\"#refart2a\">(2)<\/a>\u00a0Entre muchas otras medidas, El Estado capitalista alem\u00e1n en su forma fascista rescat\u00f3 al Banco de Comercio (Commerzbank): intervino para sostenerlo adquiriendo una parte del capital y restituy\u00e9ndoselo en 1937. Al comienzo de la guerra este banco ten\u00eda aproximadamente 80 millones de\u00a0Reichsmarks\u00a0(capital por acciones); en 1941 fue ampliado a 100 millones. Tambi\u00e9n el gasto p\u00fablico fue reinvertido en partidas de rearme militar, lo cual benefici\u00f3 enormemente a los magnates del acero y sus maravillosos contratos de rearme. Asimismo, IG Farben llegar\u00eda a recibir hasta un mill\u00f3n ochocientos mil marcos de inversi\u00f3n Estatal en la producci\u00f3n de petr\u00f3leo sint\u00e9tico. Por no hablar del ascenso de las industrias Krupp. Por su parte, el Estado se fusionaba con la industria para evitar su quiebra. \u201cNo fue con objeto de \u2018controlar\u2019 la organizaci\u00f3n bancaria por lo que el Reich adquiri\u00f3 tan amplia parte del capital bancario: fue con el fin de salvar a los bancos de la quiebra\u201d (Bettelheim). Todas estas medidas son aplicadas tambi\u00e9n por los capitalistas en Estados democr\u00e1ticos en \u00e9pocas de crisis, como vemos hoy d\u00eda.<\/span><\/p>\n<p style=\"text-align: justify;\">\n<span style=\"font-size: 14pt; font-family: arial, helvetica, sans-serif;\"><a id=\"refart3\"><\/a><a href=\"#refart3a\">(3)<\/a>\u00a0En Espa\u00f1a, el golpe militar fue una respuesta al auge revolucionario que acompa\u00f1\u00f3 al Frente Popular. En Francia, los capitalistas gritaban \u201c\u00a1Mejor Hitler que Blum!\u201d. En Italia, el fascismo fue la respuesta que la oligarqu\u00eda italiana y su d\u00e9bil Estado encontraron frente al\u00a0Bienio Rojo\u00a0(1919-1920) en el que los obreros italianos ocuparon las f\u00e1bricas. Tras las negociaciones aparecieron casi de inmediato las bandas fascistas en el campo y luego en la ciudad. El fascismo consolid\u00f3 el Estado italiano. En Alemania tras las elecciones de noviembre de 1932, el partido nazi experiment\u00f3 una p\u00e9rdida de votos, mientras que los comunistas no paraban de ganar apoyo. Alemania ten\u00eda el partido comunista m\u00e1s grande de Europa (sin contar Rusia), lo cual aterrorizaba a los capitalistas. La Asociaci\u00f3n de Industriales Alemanes no tardar\u00eda en darles 3 millones de marcos al Partido Nazi para las elecciones en marzo.<\/span><\/p>\n<p style=\"text-align: justify;\">\n<span style=\"font-size: 14pt; font-family: arial, helvetica, sans-serif;\"><a id=\"refart4\"><\/a><a href=\"#refart4a\">(4)<\/a>\u00a0El propio Hitler era un lumpen, un\u00a0\u201cfrontsoldat\u201d. Mussolini era un periodista con aspiraciones pol\u00edticas venidas a menos. E incluso aquellos pa\u00edses donde las instituciones antiguoregimentales se unen con el fascismo se abri\u00f3 la puerta al bandolerismo de peque\u00f1os criminales o maleantes, contribuyendo as\u00ed al \u00abmovimiento\u00bb de masas.<\/span><\/p>\n<p style=\"text-align: justify;\">\n<span style=\"font-size: 14pt; font-family: arial, helvetica, sans-serif;\"><a id=\"refart5\"><\/a><a href=\"#refart5a\">(5)<\/a>\u00a0La t\u00e1ctica de aupar gobiernos t\u00edteres ultra reaccionarios es una t\u00e1ctica imperialista, genuinamente colonial. El fascismo reproduce esta t\u00e1ctica capitalista en el interior. El poder de la familia Saud, por ejemplo, proven\u00eda del apoyo brit\u00e1nico. De hecho, es de \u00c1frica de donde los alemanes aprenden sus t\u00e1cticas de exterminio, y \u00a0los europeos volver\u00e1n a aupar a \u00ablumpen-emperadores\u00bb como Bokassa. Las potencias imperialistas democr\u00e1ticas han financiado al fascismo en sus colonias, como el Chile de Pinochet. Los talibanes y el fascismo isl\u00e1mico en general representan distintas t\u00e1cticas de una misma estrategia estatal capitalista para el dominio de cada pa\u00eds. El nacionalsocialismo hitleriano y el fascismo europeo deben analizarse dentro de esta gran proyecci\u00f3n del capital transnacional.<\/span><\/p>\n<p style=\"text-align: justify;\">\n<span style=\"font-size: 14pt; font-family: arial, helvetica, sans-serif;\"><a id=\"refart6\"><\/a><a href=\"#refart6a\">(6)<\/a>\u00a0El fascismo estadounidense tiene dos caras: el excepcionalismo norteamericano y el supremacismo blanco. Donald Trump es, a todos los efectos, un fascista yankee cl\u00e1sico, y es fruto tanto de la debilidad norteamericana como del aumento de la violencia imperialista en todo el mundo. Un\u00a0tigre de papel. Pero gordo.<\/span><\/p>\n<p style=\"text-align: justify;\">\n<span style=\"font-size: 14pt; font-family: arial, helvetica, sans-serif;\"><a id=\"refart7\"><\/a><a href=\"#refart7a\">(7)<\/a>\u00a0\u201cEl uso del terror y la mano de obra esclava hicieron que, con frecuencia, los lugares de trabajo se pareciesen mucho a los campos de concentraci\u00f3n\u201d\u00a0(Chris Bambery). Adem\u00e1s, los patronos daban los nombres de los que faltaban al trabajo y de los \u201cagitadores\u201d, que pasaban a manos de la Gestapo.<\/span><\/p>\n<p style=\"text-align: justify;\">\n<span style=\"font-size: 14pt; font-family: arial, helvetica, sans-serif;\"><a id=\"refart8\"><\/a><a href=\"#refart8a\">(8)<\/a>\u00a0De todos los posibles ejemplos, s\u00f3lo uno: a pesar de la perreta franquista de entrar en la Segunda Guerra Mundial y de toda la ayuda prestada en la guerra y de la misma propaganda fascista, en 1944 Franco ya hablaba de \u201cDemocracia Org\u00e1nica\u201d. Por mucha admiraci\u00f3n vergonzosa que sientan los intelectuales europeos hacia el nazismo, tan s\u00f3lo es el oportunismo demag\u00f3gico capitalista llevado a sus extremos m\u00e1s beligerantes.\u00a0<\/span><\/p>\n<p style=\"text-align: justify;\">\n<span style=\"font-size: 14pt; font-family: arial, helvetica, sans-serif;\"><a id=\"refart9\"><\/a><a href=\"#refart9a\">(9)<\/a>\u00a0El fascismo demuestra que las fuerzas productivas que ha despertado el capitalismo chocan con sus propias relaciones sociales de producci\u00f3n, haciendo que los capitalistas abandonen su cl\u00e1sica y mejor forma de dominaci\u00f3n, la democracia parlamentaria, en pro del dirigismo dictatorial, franco y descarnado. Nunca hubo m\u00e1s comunistas en Europa que tras 1945. Con el fascismo es la negaci\u00f3n del arte y la ciencia burguesas, que empezaban a superar a sus creadores transform\u00e1ndose en socialista. En el\u00a0Manifiesto Comunista, Marx expon\u00eda que el capitalismo no deja \u201cning\u00fan otro v\u00ednculo que el inter\u00e9s desnudo, el insensible \u2018pago al contado\u2019\u201d. Esto es el fascismo, la explotaci\u00f3n, el exterminio y el saqueo de una minor\u00eda de hombres y pa\u00edses sobre una mayor\u00eda de explotados.<\/span><\/p>\n<p style=\"text-align: right;\"><a href=\"http:\/\/www.teodoronelson.com\/\" target=\"_blank\" rel=\"noopener\">http:\/\/www.teodoronelson.com\/<\/a><\/p>\n<h1 class=\"pg-headline\" style=\"text-align: center;\"><a href=\"https:\/\/puntocritico.com\/ausajpuntocritico\/wp-content\/uploads\/2016\/11\/Mosca_Punto_Cr\u00edtico_40.png\" rel=\"lightbox[10860]\"><img loading=\"lazy\" decoding=\"async\" class=\"aligncenter size-full wp-image-48\" src=\"https:\/\/puntocritico.com\/ausajpuntocritico\/wp-content\/uploads\/2016\/11\/Mosca_Punto_Cr\u00edtico_40.png\" alt=\"\" width=\"50\" height=\"50\" \/><\/a><\/h1>\n<h1 style=\"text-align: center;\"><a id=\"ref37\"><\/a><a href=\"#ref37a\">[37]<\/a> NI TAN NUEVO, NI TAN LIBERAL: SOBRE LA FALLIDA CATEGOR\u00cdA DEL \u00abNEOLIBERALISMO\u00bb<\/h1>\n<p><span style=\"font-size: 14pt;\">Por MANUEL NAVARRETE<\/span><\/p>\n<div><span style=\"color: #339966;\">Art\u00edculo publicado el 9 de abril de 2018 en<\/span><\/div>\n<div><span style=\"color: #339966;\"><a style=\"color: #339966;\" href=\"http:\/\/canarias-semanal.org\/not\/22540\/ni-tan-nuevo-ni-tan-liberal-sobre-la-fallida-categoria-del-neoliberalismo-\/\" target=\"_blank\" rel=\"noopener\">http:\/\/canarias-semanal.org\/not\/22540\/ni-tan-nuevo-ni-tan-liberal-sobre-la-fallida-categoria-del-neoliberalismo-\/<\/a><\/span><\/div>\n<div>\u00a0<\/div>\n<div>\u00a0<\/div>\n<div><a href=\"https:\/\/puntocritico.com\/ausajpuntocritico\/wp-content\/uploads\/2018\/04\/img_53585.jpg\" rel=\"lightbox[10860]\"><img loading=\"lazy\" decoding=\"async\" class=\"aligncenter size-full wp-image-10990\" src=\"https:\/\/puntocritico.com\/ausajpuntocritico\/wp-content\/uploads\/2018\/04\/img_53585.jpg\" alt=\"\" width=\"670\" height=\"287\" srcset=\"https:\/\/puntocritico.com\/ausajpuntocritico\/wp-content\/uploads\/2018\/04\/img_53585.jpg 670w, https:\/\/puntocritico.com\/ausajpuntocritico\/wp-content\/uploads\/2018\/04\/img_53585-300x129.jpg 300w\" sizes=\"auto, (max-width: 670px) 100vw, 670px\" \/><\/a><\/div>\n<div>\u00a0<\/div>\n<div>\n<div>\u00a0<\/div>\n<blockquote>\n<div class=\"antetitulo\" style=\"text-align: justify;\"><span style=\"font-size: 14pt; font-family: arial, helvetica, sans-serif;\">\u00abQuienes hablan de neoliberalismo lo hacen porque oponen a ese \u201cmodelo\u201d otro capitalismo \u00abm\u00e1s regulado\u00bb, Pero&#8230; \u00bfExiste? \u00bfD\u00f3nde?<\/span><\/div>\n<\/blockquote>\n<p style=\"text-align: justify;\"><span style=\"font-size: 14pt; font-family: arial, helvetica, sans-serif;\">Recientemente, ha surgido entre gentes cercanas el debate sobre la cuesti\u00f3n del\u00a0<em><strong>\u201cneoliberalismo\u201d.<\/strong><\/em>\u00a0Por nuestra parte, no asumimos dicha categor\u00eda, aunque no hacemos mayor problema de ello en el terreno de la confluencia pr\u00e1ctica con compa\u00f1eros que suelen emplearla. No es un debate terminol\u00f3gico lo que nos interesa: si afrontamos esta cuesti\u00f3n es porque detr\u00e1s de las palabras se esconden conceptos y, a partir de ellos, se derivan t\u00e1cticas pol\u00edticas m\u00e1s o menos acertadas.<\/span><\/p>\n<p style=\"text-align: justify;\"><span style=\"font-size: 14pt; font-family: arial, helvetica, sans-serif;\">Tras la ca\u00edda del\u00a0<strong>Muro<\/strong>, la izquierda (incluso marxista) parece haber entrado en una deriva en la que se averg\u00fcenza de su caudal te\u00f3rico y lo sustituye, a la ligera, por la primera ocurrencia de cada nuevo te\u00f3rico universitario que se pone de moda. As\u00ed, en los 90 y desde el a\u00f1o 2000, de la mano de\u00a0<strong>Antonio Negri, Ernesto Laclau, Slavoj Zizek o John Holloway<\/strong>\u00a0entre otros, entraron en el vocabulario de los movimientos sociales, como entra un elefante en una cacharrer\u00eda, una serie de categor\u00edas eufem\u00edsticas y\u00a0<strong><em>\u201cl\u00edquidas\u201d<\/em><\/strong>\u00a0como la mundializaci\u00f3n, la globalizaci\u00f3n, el neoliberalismo, el populismo, el ciudadanismo, la multitud, la subjetividad o la transversalidad.<\/span><\/p>\n<p style=\"text-align: justify;\"><span style=\"font-size: 14pt; font-family: arial, helvetica, sans-serif;\">Es cierto que existen autores marxistas, como<strong>\u00a0David Harvey,<\/strong>\u00a0que s\u00ed han aceptado el t\u00e9rmino\u00a0<em>neoliberalismo<\/em>. Lamentablemente, este c\u00e9lebre estudioso de<strong>El Capital<\/strong>\u00a0ha aceptado tambi\u00e9n muchas otras cosas con las que, desde luego, nos vemos obligados a marcar serias distancias, como eso tan\u00a0<em>\u201cafrancesado\u201d\u00a0<\/em>que tambi\u00e9n enfatiza\u00a0<strong>Alberto Garz\u00f3n<\/strong>\u00a0de que el marxismo debe subordinarse al<strong><em>\u201cideal Ilustrado\u201d<\/em><\/strong>\u00a0y a los llamados<em><strong>\u00a0\u201cderechos humanos\u201d.\u00a0<\/strong><\/em>Lo poetiz\u00f3 a la perfecci\u00f3n\u00a0<strong>Benedetti:<\/strong>\u00a0<em>\u201c\u00bfno ser\u00eda hora \/de que inici\u00e1ramos \/una amplia campa\u00f1a internacional\/ por los izquierdos humanos?\u201d.<\/em><\/span><\/p>\n<p style=\"text-align: justify;\"><span style=\"font-size: 14pt; font-family: arial, helvetica, sans-serif;\"> En la gran mayor\u00eda de los casos, quienes hablan de neoliberalismo lo hacen porque oponen a ese<em><strong>\u00a0\u201cmodelo\u201d\u00a0<\/strong>otro capitalismo<\/em>\u00a0m\u00e1s regulado, como si otra versi\u00f3n m\u00e1s humana y justa del sistema fuera posible. Como si todas sus concesiones en forma de\u00a0<strong>\u201cEstado del bienestar\u201d\u00a0<\/strong>no se hubieran producido sobre la base de la sobreexplotaci\u00f3n de mano de obra barata en esos pa\u00edses de la periferia del sistema que, aun formalmente descolonizados, siguieron bajo la cadena del imperialismo.<\/span><\/p>\n<p style=\"text-align: justify;\"><span style=\"font-size: 14pt; font-family: arial, helvetica, sans-serif;\">En consecuencia de esto \u00faltimo, y desde nuestro innegociable internacionalismo, nuestra primera precisi\u00f3n ser\u00e1 para enmendar la imperante versi\u00f3n acerca de cu\u00e1les son los dos campos antag\u00f3nicos: no estamos ante una lucha entre\u00a0<strong><em>\u201cneoliberalismo\u201d\u00a0<\/em><\/strong>y<strong><em>\u00a0\u201csocialdemocracia\u201d.\u00a0<\/em><\/strong>La alternativa que tenemos delante sigue siendo<strong>\u00a0entre el socialismo y la barbarie capitalista,<\/strong>aun cuando esta \u00faltima pueda oscilar, en funci\u00f3n de las circunstancias hist\u00f3ricas (y solo en ciertas zonas del mundo\u2026 y a costa de otras), entre enfoques<strong><em>\u201csocialdem\u00f3cratas\u201d\u00a0<\/em><\/strong>y enfoques<em>\u00a0\u201cneoliberales\u201d.<\/em><\/span><\/p>\n<p style=\"text-align: justify;\"><span style=\"font-size: 14pt; font-family: arial, helvetica, sans-serif;\">Por nuestra parte, pensamos que el caudal conceptual descrito anteriormente (y cuya categor\u00eda m\u00e1s se\u00f1era, la que por lo visto ha hecho m\u00e1s suerte, es precisamente la de<em>\u00a0\u201cneoliberalismo\u201d<\/em>) no aporta nada a lo ya avanzado por el marxismo, sino a lo sumo desorientaci\u00f3n. Partiremos para argumentarlo de lo escrito por Vicente Sarasa en\u00a0<strong>El d\u00eda D y su gerundio\u00a0<\/strong>(primera parte, p\u00e1g. 38):<\/span><\/p>\n<p style=\"text-align: justify;\"><span style=\"font-size: 14pt; font-family: arial, helvetica, sans-serif;\"><em>\u201cEn realidad, no ha aparecido ninguna mundializaci\u00f3n que no venga de antes, si por ella entendemos la\u00a0<strong>\u201cmercantilizaci\u00f3n\u201d\u00a0<\/strong>\u2013 o sea, la invasi\u00f3n del capitalismo- de todos los sectores de la actividad econ\u00f3mica y social en todos los pa\u00edses. Esto es una tendencia intr\u00ednseca a este modo de producci\u00f3n y comenz\u00f3 a materializarse a gran escala no hace dos d\u00e9cadas, sino hace m\u00e1s de un siglo y medio. Ni tampoco hay<strong>\u201ceconom\u00eda de mercado\u201d\u00a0<\/strong>donde los capitalistas no persigan el neoliberalismo, entendido este como el af\u00e1n de destruir todas las trabas a la obtenci\u00f3n de la m\u00e1xima rentabilidad\u201d.<\/em><\/span><\/p>\n<p style=\"text-align: center;\"><span style=\"font-size: 14pt; font-family: arial, helvetica, sans-serif;\">*<\/span><\/p>\n<p style=\"text-align: justify;\"><span style=\"font-size: 14pt; font-family: arial, helvetica, sans-serif;\">As\u00ed pues, \u00bfqu\u00e9 hay de nuevo en lo que est\u00e1 sucediendo para alguien que conozca el marxismo? Podr\u00eda considerarse que eso del\u00a0<strong>\u201cneoliberalismo\u201d<\/strong>\u00a0alude simplemente a una escuela de pensamiento econ\u00f3mico, o a una ideolog\u00eda actualmente en auge. \u00bfPero por qu\u00e9 debemos emplear para definir esas ideas una categor\u00eda creada por los economistas socialdem\u00f3cratas en su af\u00e1n por deslindar los campos antag\u00f3nicos de un modo nada coherente con el \u00fanico\u00a0<strong><em>\u201cotro mundo posible\u201d\u00a0<\/em><\/strong>que no es otro que el socialismo? En efecto,<strong>\u00a0Alexander R\u00fcstow\u00a0<\/strong>lanza el concepto de<strong><em>\u00a0\u201cneoliberalismo\u201d<\/em><\/strong>\u00a0en un coloquio de economistas celebrado en 1938.<strong>\u00a0R\u00fcstow<\/strong>\u00a0defend\u00eda\u00a0<strong><em>\u201cotro liberalismo\u201d,<\/em><\/strong>\u00a0frente al\u00a0<em>\u201claissez faire\u201d<\/em>que se consideraba fracasado tras el crack del 29. Posteriormente, en los 50, la escuela austriaca de<strong>\u00a0Hayek<\/strong>\u00a0le da al t\u00e9rmino un sentido completamente distinto, m\u00e1s parecido al actual. En los 70, este sentido es recuperado, pero ahora a modo de cr\u00edtica, por una izquierda que protestaba contra las barrabasadas de los<em><strong>Chicago Boys\u00a0<\/strong><\/em>en\u00a0<strong>Chile.<\/strong><\/span><\/p>\n<p style=\"text-align: justify;\"><span style=\"font-size: 14pt; font-family: arial, helvetica, sans-serif;\">En todo caso, ni siquiera es un concepto afortunado para describir las din\u00e1micas del capitalismo internacional en las \u00faltimas d\u00e9cadas. Prosigue Vicente, en el mismo texto citado, del siguiente modo:<\/span><\/p>\n<p style=\"text-align: justify;\"><span style=\"font-size: 14pt; font-family: arial, helvetica, sans-serif;\"><em> \u201cNo estamos, por tanto, ante nada tan nuevo que implique cambiar hasta el lenguaje porque las \u201cviejas explicaciones\u201d ya no sirvan. Efectivamente, lo que est\u00e1 pasando tiene mucho de rancio: los imperialistas, tras la desaparici\u00f3n del dique que supon\u00eda el \u201cotro sistema\u201d y el debilitamiento de la lucha por el socialismo, se lanzaron en tromba para recuperar el \u201ctiempo perdido\u201d (\u00a1y el espacio!) en su designio insaciable por buscar donde sea y como sea esa m\u00e1xima rentabilidad del capital. Y se lanzaron en tromba tambi\u00e9n all\u00ed donde se cre\u00edan seguros en la burbuja del\u00a0<strong>\u201cEstado del bienestar\u201d.\u00a0<\/strong>Y es precisamente la mistificaci\u00f3n generalizada de estos como \u201cterceras v\u00edas\u201d la que ha llevado a muchos a seguir la corriente y a contribuir a mistificar tambi\u00e9n el lenguaje\u201d.<\/em><\/span><\/p>\n<p style=\"text-align: justify;\"><span style=\"font-size: 14pt; font-family: arial, helvetica, sans-serif;\"> M\u00e1s all\u00e1 del car\u00e1cter confuso de la categor\u00eda, que no es la cuesti\u00f3n principal en juego ahora mismo, est\u00e1 como problema mayor el contenido que suele d\u00e1rsele a este concepto desde el activismo<em><strong>\u00a0\u201crealmente existente\u201d.<\/strong><\/em>\u00a0\u00bfQu\u00e9 es el neoliberalismo, seg\u00fan esa\u00a0<em>nueva izquierda\u00a0<\/em>surgida tras el movimiento antiglobalizaci\u00f3n? En pocas palabras, seg\u00fan nos cuentan sus te\u00f3ricos, en una sociedad neoliberal el Estado no intervendr\u00eda en la econom\u00eda. Pues bien, en ese caso, \u00bfc\u00f3mo llamar neoliberal a una sociedad como la actual, en la que el Estado interviene constantemente en el \u00e1mbito econ\u00f3mico, aunque lo haga siempre en defensa de los grandes capitales, como por ejemplo cuando se rescata a una banca en crisis? Ya dec\u00eda\u00a0<strong>Vicente<\/strong>\u00a0en\u00a0<strong>\u201cL\u00ednea revolucionaria y referente pol\u00edtico de masas\u201d\u00a0<\/strong>(art\u00edculo que aparecer\u00e1 en la segunda parte de El d\u00eda D y su gerundio) que<\/span><\/p>\n<p style=\"text-align: justify;\"><span style=\"font-size: 14pt; font-family: arial, helvetica, sans-serif;\">\u201c<em>una pol\u00edtica a favor de los intereses populares no puede hacerse sin la creaci\u00f3n de una banca p\u00fablica como contrapunto de la expropiaci\u00f3n de la banca privada que est\u00e1 en el origen inmediato de la crisis y a la que van cientos de miles de millones de \u201cayuda p\u00fablica\u201d negando, por cierto, ese discurso antiintervencionista del Estado en la econom\u00eda con el que nos han estado tanto tiempo machacando\u201d.<\/em><\/span><\/p>\n<p style=\"text-align: justify;\"><span style=\"font-size: 14pt; font-family: arial, helvetica, sans-serif;\">Recordemos que el\u00a0<strong>Tesoro de EE UU\u00a0<\/strong>inyect\u00f3\u00a0<strong>365.000 millones de d\u00f3lares a la banca de su pa\u00eds<\/strong>. Los brit\u00e1nicos, por su parte, pusieron\u00a0<strong>20.000 millones de libras en Lloyds<\/strong>.\u00a0<strong>Holanda, 10.000 millones de euros en ING. En Espa\u00f1a, el rescate de Bankia y otras entidades quebradas supuso para el Estado 60.000 millones de euros,<\/strong>\u00a0de los cuales (pese a las repetidas promesas del nuevo aspirante a vicepresidente del BCE, Luis de Guindos) van a perderse al menos 40.000. \u00bfQu\u00e9 hay de extra\u00f1o, entonces, en que la deuda externa de Espa\u00f1a se haya disparado hasta\u00a0<strong>el 100% del PIB o<\/strong>\u00a0en que\u00a0<strong>se haya vaciado la hucha de las pensiones<\/strong>?<\/span><\/p>\n<p style=\"text-align: justify;\"><span style=\"font-size: 14pt; font-family: arial, helvetica, sans-serif;\">Adem\u00e1s, esto de las intervenciones estatales en favor del capital no es algo nuevo, excepcional ni que se ci\u00f1a meramente a los \u00faltimos a\u00f1os. Para ilustrarlo, recurriremos nuevamente a El d\u00eda D y su gerundio, que en su p\u00e1gina 153 (en un texto de 2005 y, por tanto, previo a la crisis) afirma:<\/span><\/p>\n<p style=\"text-align: justify;\"><span style=\"font-size: 14pt; font-family: arial, helvetica, sans-serif;\"><em>\u201cDe haber dejado actuar libremente las<strong>\u00a0\u201cleyes puras del mercado\u201d,<\/strong>\u00a0hace tiempo que las deudas norteamericanas habr\u00edan alcanzado el l\u00edmite de lo imposible. (\u2026) A fin de cuentas, Estados Unidos no es tan \u201cneoliberal\u201d como se pretende. Tanto \u00e9l como los dem\u00e1s pa\u00edses dominantes ponen en pr\u00e1ctica pol\u00edticas fuertemente proteccionistas, mientras que el neoliberalismo es el sistema de recorte de \u201clas pol\u00edticas\u00a0 gubernamentales o p\u00fablicas\u201d que se impone a los pa\u00edses \u201ca colonizar\u201d econ\u00f3micamente\u201d. (\u2026) Que se haya estado un tanto obnubilado durante ese periodo de relativa estabilidad que ya pertenece al pasado, y que se descubran de pronto crudas realidades sociales \u201caqu\u00ed al lado mismo\u201d, no da derecho ahora a complicar el discurso pol\u00edtico, pretendiendo que estamos ante una situaci\u00f3n cualitativamente nueva que exige acu\u00f1ar nuevos conceptos tales como el de \u201cneoliberalismo\u201d. El neoliberalismo, en tanto que \u201ccapitalismo sin complejos\u201d, es lo que existe desde hace mucho tiempo en la mayor parte de pa\u00edses del Tercer Mundo sometidos a la f\u00e9rula de las relaciones capitalistas\u201d.<\/em><\/span><\/p>\n<p style=\"text-align: center;\"><span style=\"font-size: 14pt; font-family: arial, helvetica, sans-serif;\">*<\/span><\/p>\n<p style=\"text-align: justify;\"><span style=\"font-size: 14pt; font-family: arial, helvetica, sans-serif;\">As\u00ed pues, \u00bf<strong>de qu\u00e9 neoliberalismo estamos hablando,<\/strong>\u00a0cu\u00e1l es su novedad y hasta qu\u00e9 punto existe realmente (en la acepci\u00f3n que se le est\u00e1 dando com\u00fanmente)? Si estos compa\u00f1eros entienden, como se ha venido defendiendo, que bajo el neoliberalismo los capitales est\u00e1n transnacionalizados, que no tienen una residencia concreta, que ya no hay pa\u00edses imperialistas sino que el capital<strong><em>\u201cvuela por el aire\u201d,<\/em><\/strong>\u00a0que se ha producido una igualaci\u00f3n entre centro y periferia y que el Estado no interviene en la econom\u00eda, entonces eso del neoliberalismo ni siquiera existe.<\/span><\/p>\n<p style=\"text-align: justify;\"><span style=\"font-size: 14pt; font-family: arial, helvetica, sans-serif;\">No hay neoliberalismo en esa acepci\u00f3n, ni lo ha habido nunca, porque<strong>\u00a0el capitalismo no puede vivir sin el Estado.<\/strong>\u00a0Como explica el profesor\u00a0<strong>Xabier Arrizabalo<\/strong>\u00a0en\u00a0<em>Capitalismo y econom\u00eda mundial<\/em>\u00a0(p\u00e1g. 375),<\/span><\/p>\n<p style=\"text-align: justify;\"><span style=\"font-size: 14pt; font-family: arial, helvetica, sans-serif;\"><em> \u201ces el llamativo caso, por ejemplo, de la intervenci\u00f3n de catorce bancos y ocho financieras en Chile, entre los a\u00f1os 1982 y 1984. Esta intervenci\u00f3n estatal choca frontalmente con el planteamiento liberal, para el que si una empresa no es competitiva, debe quebrar y ya habr\u00e1 otra que ocupe su lugar. Sin embargo, el r\u00e9gimen en el que se produce la nacionalizaci\u00f3n\u00a0 de estas veintid\u00f3s empresas es la dictadura de Pinochet, una de las experiencias hist\u00f3ricas m\u00e1s expresamente identificadas con el liberalismo econ\u00f3mico. (\u2026) En realidad, nunca los sectores dominantes del capital, que tienen capacidad de imponer su orientaci\u00f3n a los gobiernos, aceptar\u00edan el cors\u00e9 de una pol\u00edtica econ\u00f3mica regida estrictamente por una pauta te\u00f3rica (que les obligar\u00eda a renunciar, por ejemplo en este caso del liberalismo, a la palanca de la intervenci\u00f3n estatal, cuando sus intereses as\u00ed lo aconsejen\u201d.<\/em><\/span><\/p>\n<p style=\"text-align: justify;\"><span style=\"font-size: 14pt; font-family: arial, helvetica, sans-serif;\"> Es pasmoso entonces que haya quien afirme que ahora el Estado<em><strong>\u00a0\u201cno interviene en la econom\u00eda\u201d\u00a0<\/strong><\/em>porque es<strong><em>\u00a0\u201cmuy liberal\u201d.\u00a0<\/em><\/strong>El<strong>\u00a0\u201cmodelo econ\u00f3mico\u201d<\/strong>\u00a0bajo el que vivimos, con los debidos desarrollos te\u00f3ricos, enriquecido y confirmado por los aprendizajes hist\u00f3ricos y por el estudio de los hechos recientes (la crisis, la UE, el euro, la deuda, la guerra en Oriente Pr\u00f3ximo), es a\u00fan el del imperialismo, el del capitalismo monopolista de Estado, en el cual ning\u00fan capital queda ni puede quedar fuera de un Estado concreto. Es un mito hablar de un<strong><em>\u00a0\u201ccapital internacional\u201d.<\/em><\/strong>\u00a0Prosigue\u00a0<strong>Vicente<\/strong>\u00a0en otro art\u00edculo tambi\u00e9n de 2005 e incluido en la primera parte de<strong>\u00a0El d\u00eda D y su gerundio<\/strong>afirmando que<\/span><\/p>\n<p style=\"text-align: justify;\"><span style=\"font-size: 14pt; font-family: arial, helvetica, sans-serif;\"><em>\u201cdebemos dejar de lado esa idea, tan extendida, entre los altermundialistas, de que asistimos a una mundializaci\u00f3n del capital \u201cpostmoderna\u201d desconectada de los Estados. Estos sirven y son necesarios para proteger y facilitar los intereses capitalistas\u201d (p\u00e1g. 113).<\/em><\/span><\/p>\n<p style=\"text-align: justify;\"><span style=\"font-size: 14pt; font-family: arial, helvetica, sans-serif;\"> De hecho, todo capital est\u00e1 amparado por un Estado, y no puede ir m\u00e1s all\u00e1 de adonde dicho Estado llega. Un capitalista norteamericano no trasladar\u00eda jam\u00e1s una empresa a un pa\u00eds en el que su Estado no estuviera en condiciones de protegerlo. Recordemos la historia, contada por Marx en<strong>\u00a0El Capital<\/strong>, del Sr.\u00a0<strong>Peel<\/strong>, que traslad\u00f3 a<strong>\u00a0Australia<\/strong>\u00a0obreros y maquinaria pero\u2026 no las condiciones capitalistas brit\u00e1nicas. Con lo cual, al no haberse producido a\u00fan la acumulaci\u00f3n primitiva y haber tierras sin ocupar en\u00a0<strong>Australia,<\/strong>\u00a0todos los obreros se esparcieron y vivieron por su cuenta. O, m\u00e1s sencillamente, recordemos al\u00a0<strong>Rey de Espa\u00f1a<\/strong>\u00a0(representante del Estado espa\u00f1ol) mandando callar a\u00a0<strong>Hugo Ch\u00e1vez,<\/strong>\u00a0porque este \u00faltimo amenazaba con nacionalizar cierta\u00a0<strong>banca<em>\u201csantanderina\u201d<\/em><\/strong>\u00a0presente en<strong>\u00a0Venezuela.<\/strong><\/span><\/p>\n<p style=\"text-align: justify;\"><span style=\"font-size: 14pt; font-family: arial, helvetica, sans-serif;\"> La gran mayor\u00eda de las guerras modernas no constituyen en realidad sino un proceso en el cual un Estado abre mercados para sus correspondientes transnacionales. Es absurdo pensar, como piensan los cr\u00edticos del \u201cneoliberalismo\u201d, que \u201clas corporaciones est\u00e1n por encima del Estado\u201d. Las corporaciones y el Estado est\u00e1n entrelazados. El propio<strong>\u00a0Manifiesto Comunista<\/strong>de\u00a0<strong>Marx<\/strong>\u00a0y\u00a0<strong>Engels<\/strong>\u00a0lo expresa muy claramente:\u00a0<strong><em>\u201cHoy, el Poder p\u00fablico viene a ser, pura y simplemente, el Consejo de administraci\u00f3n que rige los intereses colectivos de la clase burguesa\u201d.<\/em><\/strong>\u00a0<strong>Lenin<\/strong>, en El Estado y la revoluci\u00f3n, denunciaba por su parte\u00a0<em>\u201cla opresi\u00f3n monstruosa de las masas trabajadoras por el Estado, que se va fundiendo cada vez m\u00e1s estrechamente con las asociaciones omnipotentes de los capitalistas\u201d.<\/em><\/span><\/p>\n<p style=\"text-align: center;\"><span style=\"font-size: 14pt; font-family: arial, helvetica, sans-serif;\">*<\/span><\/p>\n<p style=\"text-align: justify;\"><span style=\"font-size: 14pt; font-family: arial, helvetica, sans-serif;\">De nuevo debemos preguntarnos: \u00bfqu\u00e9 hay, entonces, de nuevo en esto del<strong>\u00a0\u201cneoliberalismo\u201d<\/strong>\u00a0y del<strong>\u00a0\u201cpoder de las corporaciones\u201d\u00a0<\/strong>que justifique tal vuelco en la conceptualizaci\u00f3n? Desde luego, no son nada nuevo las privatizaciones de servicios p\u00fablicos como la sanidad, la educaci\u00f3n o las pensiones: de hecho, a fin de cuentas solo han sido servicios p\u00fablicos en una porci\u00f3n del planeta y durante algunas d\u00e9cadas. Durante el resto de la historia del capitalismo, cuando han existido, esos servicios han sido privados. El error fue pensar que el capitalismo se\u00a0<em>\u201chumanizar\u00eda\u201d<\/em>\u00a0de manera permanente, m\u00e1xime sin una<strong>\u00a0URSS<\/strong>\u00a0para ejercer presi\u00f3n competitiva en el marco de la lucha entre sistemas a nivel internacional (pues fue eso, como factor principal, lo que posibilit\u00f3 las conquistas logradas por la clase obrera en los pa\u00edses capitalistas occidentales tras la<strong>\u00a0II Guerra Mundial<\/strong>).<\/span><\/p>\n<p style=\"text-align: justify;\"><span style=\"font-size: 14pt; font-family: arial, helvetica, sans-serif;\">En todo caso, una presunta<strong>\u00a0<em>\u201cnovedad\u201d<\/em>\u00a0<\/strong>que s\u00ed se ha desarrollado en las \u00faltimas d\u00e9cadas es la aceleraci\u00f3n de la financiarizaci\u00f3n (si bien la concentraci\u00f3n bancaria fue un proceso que empez\u00f3 mucho antes y que el propio\u00a0<strong>Marx<\/strong>describi\u00f3, vaticinando que se extender\u00eda a causa de la propia din\u00e1mica interna del sistema). El peso de las finanzas por sobre la industria ha llegado al paroxismo en los \u00faltimos a\u00f1os. Algunos economistas marxistas, como el griego\u00a0<strong>Costas Lavapitsas,<\/strong>\u00a0hablan de capitalismo financiarizado. Por nuestra parte, hablaremos, sin tanta novedad, de\u00a0<strong>capitalismo monopolista<\/strong>\u00a0en su estadio imperialista y, dentro de este y en coherencia con su propia definici\u00f3n de partida, subrayaremos c\u00f3mo las finanzas han seguido creciendo y parasit\u00e1ndolo todo con dram\u00e1ticas consecuencias en forma de crisis.<\/span><\/p>\n<p style=\"text-align: justify;\"><span style=\"font-size: 14pt; font-family: arial, helvetica, sans-serif;\">Nuestra conclusi\u00f3n es, por tanto, que no necesitamos ninguna<strong>\u201crevoluci\u00f3n del lenguaje\u201d\u00a0<\/strong>para analizar la realidad y que m\u00e1s nos valdr\u00eda centrar los esfuerzos en entender correctamente el mundo que se desarrolla ante nuestros ojos y que tiene poco que ver con las fantas\u00edas<em><strong>\u00a0\u201calter-mundialistas\u201d<\/strong><\/em>que so\u00f1aron algunos. Porque dicha\u00a0<strong>\u201crenovaci\u00f3n l\u00e9xica\u201d,\u00a0<\/strong>muy al contrario, est\u00e1 por la v\u00eda de los hechos yendo de la mano de pasos atr\u00e1s en la comprensi\u00f3n de las actuales din\u00e1micas econ\u00f3micas. Y porque, adem\u00e1s, es con demasiada frecuencia la antesala de determinadas renuncias, comenzando por la de considerar que el \u201cotro mundo posible\u201d no es el socialismo sino ese selectivo<strong><em>\u201cbienestar\u201d<\/em><\/strong>\u00a0del imperialismo noreuropeo.<\/span><\/p>\n<p style=\"text-align: justify;\">\u00a0<\/p>\n<p style=\"text-align: justify;\"><span style=\"font-size: 14pt; font-family: arial, helvetica, sans-serif;\">Publicado originalmente en:<\/span><\/p>\n<p style=\"text-align: justify;\"><span style=\"font-size: 14pt; font-family: arial, helvetica, sans-serif;\"><a href=\"https:\/\/www.flamencorojo.org\/blog\/ni-tan-nuevo-ni-tan-liberal-sobre-la-fallida-categor%C3%ADa-de-neoliberalismo\" target=\"_blank\" rel=\"noopener\">https:\/\/www.flamencorojo.org\/blog\/ni-tan-nuevo-ni-tan-liberal-sobre-la-fallida-categor%C3%ADa-de-neoliberalismo<\/a><\/span><\/p>\n<\/div>\n<div>\u00a0<\/div>\n<h1 class=\"pg-headline\" style=\"text-align: center;\"><a href=\"https:\/\/puntocritico.com\/ausajpuntocritico\/wp-content\/uploads\/2016\/11\/Mosca_Punto_Cr\u00edtico_40.png\" rel=\"lightbox[10860]\"><img loading=\"lazy\" decoding=\"async\" class=\"aligncenter size-full wp-image-48\" src=\"https:\/\/puntocritico.com\/ausajpuntocritico\/wp-content\/uploads\/2016\/11\/Mosca_Punto_Cr\u00edtico_40.png\" alt=\"\" width=\"50\" height=\"50\" \/><\/a><\/h1>\n<h1 style=\"text-align: center;\"><a id=\"ref38\"><\/a><a href=\"#ref38a\">[38]<\/a> La Comisi\u00f3n Europea cree que Alemania actu\u00f3 \u00abde acuerdo a las reglas\u00bb respecto a la euroorden contra Puigdemont<\/h1>\n<p><span style=\"font-size: 14pt;\">POR EFE<\/span><\/p>\n<div><span style=\"color: #339966;\">Art\u00edculo publicado el 11 de abril de 2018 en<\/span><\/div>\n<div><span style=\"color: #339966;\"><a style=\"color: #339966;\" href=\"https:\/\/www.eldiario.es\/politica\/CE-Alemania-acuerdo-respecto-euroorden_0_759774583.html\" target=\"_blank\" rel=\"noopener\">https:\/\/www.eldiario.es\/politica\/CE-Alemania-acuerdo-respecto-euroorden_0_759774583.html<\/a><\/span><\/div>\n<p>&nbsp;<\/p>\n<figure id=\"attachment_10991\" aria-describedby=\"caption-attachment-10991\" style=\"width: 643px\" class=\"wp-caption aligncenter\"><a href=\"https:\/\/puntocritico.com\/ausajpuntocritico\/wp-content\/uploads\/2018\/04\/CE-Alemania-acuerdo-respecto-euroorden_EDIIMA20180411_0527_4.jpg\" rel=\"lightbox[10860]\"><img loading=\"lazy\" decoding=\"async\" class=\"wp-image-10991 size-full\" src=\"https:\/\/puntocritico.com\/ausajpuntocritico\/wp-content\/uploads\/2018\/04\/CE-Alemania-acuerdo-respecto-euroorden_EDIIMA20180411_0527_4.jpg\" alt=\"\" width=\"643\" height=\"362\" srcset=\"https:\/\/puntocritico.com\/ausajpuntocritico\/wp-content\/uploads\/2018\/04\/CE-Alemania-acuerdo-respecto-euroorden_EDIIMA20180411_0527_4.jpg 643w, https:\/\/puntocritico.com\/ausajpuntocritico\/wp-content\/uploads\/2018\/04\/CE-Alemania-acuerdo-respecto-euroorden_EDIIMA20180411_0527_4-300x169.jpg 300w\" sizes=\"auto, (max-width: 643px) 100vw, 643px\" \/><\/a><figcaption id=\"caption-attachment-10991\" class=\"wp-caption-text\"><span style=\"font-size: 10pt; color: #339966;\"><strong>La CE cree que Alemania actu\u00f3 \u00abde acuerdo a las reglas\u00bb respecto a la euroorden <\/strong><\/span><\/figcaption><\/figure>\n<blockquote>\n<p style=\"text-align: justify;\"><span style=\"font-size: 14pt; font-family: arial, helvetica, sans-serif;\">La comisaria europea de Justicia afirma los expertos de su equipo \u00abno le han alertado sobre ninguna aplicaci\u00f3n err\u00f3nea de la euroorden\u00bb en Alemania.<\/span><\/p>\n<\/blockquote>\n<p class=\"mce\" style=\"text-align: justify;\"><span style=\"font-size: 14pt; font-family: arial, helvetica, sans-serif;\">La comisaria europea de Justicia, Vera Jourov\u00e1, consider\u00f3\u00a0este mi\u00e9rcoles\u00a0que la Justicia alemana actu\u00f3 \u00abde acuerdo a las reglas\u00bb en relaci\u00f3n con la petici\u00f3n de extradici\u00f3n a Espa\u00f1a del expresidente catal\u00e1n Carles Puigdemont.<\/span><\/p>\n<p class=\"mce\" style=\"text-align: justify;\"><span style=\"font-size: 14pt; font-family: arial, helvetica, sans-serif;\">\u00abTendr\u00eda que mirar los detalles, pero creo que en este caso espec\u00edfico Alemania actu\u00f3 de acuerdo a las reglas\u00bb, dijo Jourov\u00e1 en una rueda de prensa, al referirse a la decisi\u00f3n de la audiencia territorial de Schleswig-Holstein de desestimar el delito de rebeli\u00f3n del que acusa a Puigdemont la Justicia espa\u00f1ola.<\/span><\/p>\n<p class=\"mce\" style=\"text-align: justify;\"><span style=\"font-size: 14pt; font-family: arial, helvetica, sans-serif;\">La Justicia alemana\u00a0<a class=\"mce\" href=\"https:\/\/www.eldiario.es\/politica\/Justicia-libertad-Puigdemont-descarta-rebelion_0_757675192.html\" target=\"_blank\" rel=\"noopener\">\u00a0descart\u00f3 el pasado 6 de abril extraditar al expresidente catal\u00e1n<\/a>\u00a0por el delito de rebeli\u00f3n al considerar que no se cumple el requisito de que hubiera violencia, entendiendo \u00e9sta tal y como ha sido fijada en la jurisprudencia del Tribunal Supremo alem\u00e1n.<\/span><\/p>\n<p class=\"mce\" style=\"text-align: justify;\"><span style=\"font-size: 14pt; font-family: arial, helvetica, sans-serif;\">La comisaria subray\u00f3 que los expertos de su equipo \u00abno le han alertado sobre ninguna aplicaci\u00f3n err\u00f3nea de la euroorden\u00bb en Alemania.<\/span><\/p>\n<h3 style=\"text-align: justify;\"><span style=\"font-size: 14pt; font-family: arial, helvetica, sans-serif;\">No se ampliar\u00e1 la lista de delitos<\/span><\/h3>\n<p class=\"mce\" style=\"text-align: justify;\"><span style=\"font-size: 14pt; font-family: arial, helvetica, sans-serif;\">Jourov\u00e1 descart\u00f3 tambi\u00e9n que la Comisi\u00f3n Europea (CE) est\u00e9 planeando ampliar la lista de delitos por los que se puede cursar una euroorden, una negativa que ya hab\u00eda expresado el pasado mes de diciembre despu\u00e9s de que Espa\u00f1a considerara que la lista hab\u00eda quedado \u00abobsoleta\u00bb.<\/span><\/p>\n<p class=\"mce\" style=\"text-align: justify;\"><span style=\"font-size: 14pt; font-family: arial, helvetica, sans-serif;\">\u00abNo tengo ning\u00fan requerimiento de este tipo de ninguno de los Estados miembros. Tuvimos algo de debate con los colegas espa\u00f1oles el a\u00f1o pasado, pero en este momento no estamos continuando este di\u00e1logo\u00bb, explic\u00f3 la comisaria checa.<\/span><\/p>\n<p class=\"mce\" style=\"text-align: justify;\"><span style=\"font-size: 14pt; font-family: arial, helvetica, sans-serif;\">Para Jourov\u00e1, la orden de arresto europea tiene \u00abotros problemas\u00bb, como las diferencias entre Estados miembros respecto a los niveles de bienestar en las prisiones, ya que en algunos pa\u00edses las c\u00e1rceles \u00abno cumplen con los est\u00e1ndares necesarios\u00bb, aunque incidi\u00f3 en que se trata de un problema que no tiene que ver con el caso de Puigdemont.<\/span><\/p>\n<h1 class=\"pg-headline\" style=\"text-align: center;\"><a href=\"https:\/\/puntocritico.com\/ausajpuntocritico\/wp-content\/uploads\/2016\/11\/Mosca_Punto_Cr\u00edtico_40.png\" rel=\"lightbox[10860]\"><img loading=\"lazy\" decoding=\"async\" class=\"aligncenter size-full wp-image-48\" src=\"https:\/\/puntocritico.com\/ausajpuntocritico\/wp-content\/uploads\/2016\/11\/Mosca_Punto_Cr\u00edtico_40.png\" alt=\"\" width=\"50\" height=\"50\" \/><\/a><\/h1>\n<p>&nbsp;<\/p>\n<h1 style=\"text-align: center;\"><a id=\"ref39\"><\/a><a href=\"#ref39a\">[39]<\/a> Franco, l\u00edder del PSM, false\u00f3 su curr\u00edculum y a\u00f1adi\u00f3 una licenciatura que no ten\u00eda<\/h1>\n<p><span style=\"font-size: 14pt;\">Por JAVIER NEGRE<\/span><\/p>\n<div><span style=\"color: #339966;\">Art\u00edculo publicado el 12 de abril de 2018 en<\/span><\/div>\n<div><span style=\"color: #339966;\"><a style=\"color: #339966;\" href=\"http:\/\/www.elmundo.es\/madrid\/2018\/04\/12\/5acefdb7ca47414e268b4613.html\" target=\"_blank\" rel=\"noopener\">http:\/\/www.elmundo.es\/madrid\/2018\/04\/12\/5acefdb7ca47414e268b4613.html<\/a><\/span><\/div>\n<div>\u00a0<\/div>\n<div>\u00a0<\/div>\n<figure id=\"attachment_11004\" aria-describedby=\"caption-attachment-11004\" style=\"width: 692px\" class=\"wp-caption aligncenter\"><a href=\"https:\/\/puntocritico.com\/ausajpuntocritico\/wp-content\/uploads\/2018\/04\/407-1.jpg\" rel=\"lightbox[10860]\"><img loading=\"lazy\" decoding=\"async\" class=\"wp-image-11004 size-full\" src=\"https:\/\/puntocritico.com\/ausajpuntocritico\/wp-content\/uploads\/2018\/04\/407-1.jpg\" alt=\"\" width=\"692\" height=\"407\" srcset=\"https:\/\/puntocritico.com\/ausajpuntocritico\/wp-content\/uploads\/2018\/04\/407-1.jpg 692w, https:\/\/puntocritico.com\/ausajpuntocritico\/wp-content\/uploads\/2018\/04\/407-1-300x176.jpg 300w\" sizes=\"auto, (max-width: 692px) 100vw, 692px\" \/><\/a><figcaption id=\"caption-attachment-11004\" class=\"wp-caption-text\"><span style=\"font-size: 10pt; color: #339966;\"><strong>Ficha de Franco donde inclu\u00eda la Licenciatura de Matem\u00e1ticas.\u00a0EL MUNDO<\/strong><\/span><\/figcaption><\/figure>\n<p style=\"text-align: justify;\">\u00a0<\/p>\n<div class=\"subtitle-items\" style=\"text-align: justify;\">\n<blockquote>\n<p class=\"summary-lead\"><span style=\"font-size: 14pt; font-family: arial, helvetica, sans-serif;\"><a href=\"http:\/\/www.elmundo.es\/madrid\/2018\/04\/11\/5ace55c7e5fdeaa7628b45f0.html\" target=\"_blank\" rel=\"noopener\">Cifuentes no present\u00f3 ni defendi\u00f3 su trabajo de fin de m\u00e1ster<\/a><\/span><\/p>\n<p class=\"summary-lead\"><span style=\"font-size: 14pt; font-family: arial, helvetica, sans-serif;\"><a href=\"http:\/\/www.elmundo.es\/madrid\/2018\/04\/11\/5acdfc58468aebe4408b45d0.html\" target=\"_blank\" rel=\"noopener\">La presidenta madrile\u00f1a deja su futuro en manos de Rajoy<\/a><\/span><\/p>\n<\/blockquote>\n<\/div>\n<p style=\"text-align: justify;\"><span style=\"font-size: 14pt; font-family: arial, helvetica, sans-serif;\">El secretario general del PSM, Jos\u00e9 Manuel Franco,\u00a0<strong>false\u00f3 su curr\u00edculum acad\u00e9mico<\/strong>y a\u00f1adi\u00f3 en su biograf\u00eda de la C\u00e1mara auton\u00f3mica una carrera en Matem\u00e1ticas que nunca ha cursado. Seg\u00fan unos documentos internos de la Asamblea a los que ha podido acceder EL MUNDO, el diputado socialista incluy\u00f3 en su hoja de presentaci\u00f3n de la Asamblea conocida como &#8216;Qui\u00e9n es qui\u00e9n&#8217; la citada licenciatura durante dos legislaturas.<\/span><\/p>\n<p style=\"text-align: justify;\"><span style=\"font-size: 14pt; font-family: arial, helvetica, sans-serif;\">Se da la circunstancia de que Franco es el socialista que\u00a0<strong>registr\u00f3 la moci\u00f3n de censura<\/strong>\u00a0contra la presidenta de la Comunidad de Madrid,\u00a0<a href=\"http:\/\/www.elmundo.es\/e\/cr\/cristina-cifuentes.html\" target=\"_blank\" rel=\"noopener\">Cristina Cifuentes<\/a>, por haber obtenido el m\u00e1ster en la Universidad Rey Juan Carlos\u00a0<a href=\"http:\/\/www.elmundo.es\/madrid\/2018\/04\/11\/5ace55c7e5fdeaa7628b45f0.html\" target=\"_blank\" rel=\"noopener\">de forma irregular,<\/a>dado que \u00c1ngel Gabilondo s\u00f3lo act\u00faa en calidad de portavoz.<\/span><\/p>\n<div class=\"teads-inread\" style=\"text-align: justify;\">\n<div>\n<div class=\"teads-ui-components-credits\">\u00a0<span style=\"font-family: arial, helvetica, sans-serif; font-size: 14pt;\">\u00a0<\/span><\/div>\n<\/div>\n<\/div>\n<aside class=\"summary-item\">\n<figure class=\"multimedia-item foto\">\n<div class=\"container-image\">\n<div class=\"seedtag-gohan seedtag-adunit\">\n<div class=\"st-container\">\n<figure id=\"attachment_11003\" aria-describedby=\"caption-attachment-11003\" style=\"width: 660px\" class=\"wp-caption aligncenter\"><a href=\"https:\/\/puntocritico.com\/ausajpuntocritico\/wp-content\/uploads\/2018\/04\/15235154663907.jpg\" rel=\"lightbox[10860]\"><img loading=\"lazy\" decoding=\"async\" class=\"wp-image-11003 size-full\" src=\"https:\/\/puntocritico.com\/ausajpuntocritico\/wp-content\/uploads\/2018\/04\/15235154663907.jpg\" alt=\"\" width=\"660\" height=\"312\" srcset=\"https:\/\/puntocritico.com\/ausajpuntocritico\/wp-content\/uploads\/2018\/04\/15235154663907.jpg 660w, https:\/\/puntocritico.com\/ausajpuntocritico\/wp-content\/uploads\/2018\/04\/15235154663907-300x142.jpg 300w\" sizes=\"auto, (max-width: 660px) 100vw, 660px\" \/><\/a><figcaption id=\"caption-attachment-11003\" class=\"wp-caption-text\"><span style=\"font-size: 10pt; font-family: georgia, palatino, serif; color: #339966;\"><strong>La nueva ficha sin la Licenciatura de Matem\u00e1ticas. <\/strong><\/span><\/figcaption><\/figure>\n<\/div>\n<\/div>\n<\/div><figcaption class=\"caption\"><\/figcaption><span style=\"font-size: 14pt; font-family: arial, helvetica, sans-serif;\">El falso t\u00edtulo de Matem\u00e1ticas atribuido a Franco, y adelantado por Okdiario, aparece del a\u00f1o 1995 a 1999 y de 1999 a 2003. Por lo tanto, tuvo que dar su visto bueno por segunda vez. Es decir, infl\u00f3 su curr\u00edculum hasta en dos ocasiones. En el a\u00f1o 2003 fue cuando decidi\u00f3\u00a0<strong>suprimir su t\u00edtulo inventado<\/strong>\u00a0de su\u00a0<a href=\"http:\/\/www.asambleamadrid.es\/ES\/QueEsLaAsamblea\/ComposiciondelaAsamblea\/Distribuciondeescanos\/Paginas\/cu33icu1um.aspx?IdDip=150\" target=\"_blank\" rel=\"noopener noreferrer\">ficha personal\u00a0<\/a>de la instituci\u00f3n madrile\u00f1a y reconocer que s\u00f3lo fue profesor de Matem\u00e1ticas desde 1982 a 1987, funcionario de la Administraci\u00f3n Central desde 1987, concejal del Ayuntamiento de Monforte de Lemos desde 1984 hasta 1986 y secretario general de la Agrupaci\u00f3n Socialista de Chamart\u00edn.<\/span><\/figure>\n<p><span style=\"font-family: arial, helvetica, sans-serif; font-size: 14pt; text-align: justify;\">Franco ha confirmado que nunca curs\u00f3 la licenciatura de Matem\u00e1ticas, pero lo ha achacado a un error ajeno. \u00abHabr\u00e1n visto que fui profesor de Matem\u00e1ticas y pensar\u00edan que era licenciado\u00bb, ha declarado. Fuentes de la Asamblea aclaran que es \u00abmuy raro\u00bb que se equivoque y tarde ocho a\u00f1os en corregirlo dado que en aquellos tiempos cada legislatura el diputado lo ten\u00eda que rellenar a mano y luego un funcionario lo mecanografiaba.<\/span><\/p>\n<\/aside>\n<p style=\"text-align: justify;\"><span style=\"font-size: 14pt; font-family: arial, helvetica, sans-serif;\">El dirigente socialista ha admitido en la Cope que\u00a0<strong>cometi\u00f3 un \u00aberror de dejadez\u00bb,<\/strong>pero que su caso no es comparable con el de Cifuentes: \u00abYo no mato al mensajero, ni lo niego, yo doy explicaciones\u00bb. Franco ha confirmado que no tuvo la precauci\u00f3n de comprobar los datos de la p\u00e1gina web de la Asamblea, donde aparec\u00eda como licenciado cuando, en realidad, era profesor.<\/span><\/p>\n<p style=\"text-align: justify;\"><span style=\"font-size: 14pt; font-family: arial, helvetica, sans-serif;\">El socialista ha insistido en que \u00e9l no era conocedor de ello y que no solicit\u00f3 que le incluyesen esa licenciatura falsa. Sin embargo, cabe recordar que el diputado del PSM estuvo ostentando la titulaci\u00f3n falsa en dos fichas distintas correspondientes a dos legislaturas diferentes. Este pol\u00edtico, de la m\u00e1xima confianza de Pedro S\u00e1nchez, ha salido en varios medios de comunicaci\u00f3n pidiendo la salida inmediata de Cifuentes\u00a0<strong>para \u00abdignificar\u00bb las instituciones<\/strong>.<\/span><\/p>\n<h1 class=\"pg-headline\" style=\"text-align: center;\"><a href=\"https:\/\/puntocritico.com\/ausajpuntocritico\/wp-content\/uploads\/2016\/11\/Mosca_Punto_Cr\u00edtico_40.png\" rel=\"lightbox[10860]\"><img loading=\"lazy\" decoding=\"async\" class=\"aligncenter size-full wp-image-48\" src=\"https:\/\/puntocritico.com\/ausajpuntocritico\/wp-content\/uploads\/2016\/11\/Mosca_Punto_Cr\u00edtico_40.png\" alt=\"\" width=\"50\" height=\"50\" \/><\/a><\/h1>\n<p>&nbsp;<\/p>\n<h1 style=\"text-align: center;\"><a id=\"ref40\"><\/a><a href=\"#ref40a\">[40]<\/a> El l\u00edder del PSOE en Madrid admite una \u00abirregularidad\u00bb en su CV \u00abunos a\u00f1os\u00bb<\/h1>\n<p><span style=\"font-size: 14pt;\">Por EUROPA PRESS<\/span><\/p>\n<div><span style=\"color: #339966;\">Art\u00edculo publicado el 12 de abril de 2018 en<\/span><\/div>\n<div><span style=\"color: #339966;\"><a style=\"color: #339966;\" href=\"http:\/\/www.publico.es\/politica\/lider-psoe-madrid-admite-irregularidad-cv-anos.html\" target=\"_blank\" rel=\"noopener\">http:\/\/www.publico.es\/politica\/lider-psoe-madrid-admite-irregularidad-cv-anos.html<\/a><\/span><\/div>\n<p>&nbsp;<\/p>\n<header class=\"article-header\">\n<div class=\"article-header-epigraph\">\n<figure id=\"attachment_11006\" aria-describedby=\"caption-attachment-11006\" style=\"width: 660px\" class=\"wp-caption aligncenter\"><a href=\"https:\/\/puntocritico.com\/ausajpuntocritico\/wp-content\/uploads\/2018\/04\/5acf2e0e55070.jpg\" rel=\"lightbox[10860]\"><img loading=\"lazy\" decoding=\"async\" class=\"wp-image-11006 size-full\" src=\"https:\/\/puntocritico.com\/ausajpuntocritico\/wp-content\/uploads\/2018\/04\/5acf2e0e55070.jpg\" alt=\"\" width=\"660\" height=\"340\" srcset=\"https:\/\/puntocritico.com\/ausajpuntocritico\/wp-content\/uploads\/2018\/04\/5acf2e0e55070.jpg 660w, https:\/\/puntocritico.com\/ausajpuntocritico\/wp-content\/uploads\/2018\/04\/5acf2e0e55070-300x155.jpg 300w\" sizes=\"auto, (max-width: 660px) 100vw, 660px\" \/><\/a><figcaption id=\"caption-attachment-11006\" class=\"wp-caption-text\"><span style=\"color: #339966;\"><strong><span style=\"font-size: 10pt;\">El l\u00edder del PSOE Pedro S\u00e1nchez junto al secretario general de los socialistas en Madrid, Jos\u00e9 Manuel Franco. \/ EFE <\/span><\/strong><\/span><\/figcaption><\/figure>\n<\/div>\n<\/header>\n<div class=\"article-content\">\n<div>\u00a0<\/div>\n<blockquote>\n<div class=\"column left-side\"><span style=\"font-family: arial, helvetica, sans-serif; font-size: 14pt; text-align: justify;\">El secretario general del PSOE-M y portavoz adjunto del Grupo Socialista en la Asamblea de Madrid, Jos\u00e9 Manuel Franco,\u00a0<\/span><b style=\"font-family: arial, helvetica, sans-serif; font-size: 14pt; text-align: justify;\">ha reconocido que durante \u00abunos a\u00f1os\u00bb hubo una \u00abirregularidad\u00bb en su curr\u00edculum<\/b><span style=\"font-family: arial, helvetica, sans-serif; font-size: 14pt; text-align: justify;\">, donde aparec\u00eda como licenciado en Matem\u00e1ticas pese a no haber obtenido el t\u00edtulo.\u00a0<\/span><\/div>\n<\/blockquote>\n<\/div>\n<p id=\"m31-2-32\" style=\"text-align: justify;\"><span style=\"font-size: 14pt; font-family: arial, helvetica, sans-serif;\">As\u00ed se ha explicado Franco a su llegada a la Asamblea de Madrid, donde ha indicado que quer\u00eda dar una explicaci\u00f3n \u00abl\u00f3gica\u00bb ante la informaci\u00f3n publicada por &#8216;Ok Diario&#8217;, que asegura que Franco falsific\u00f3 su curr\u00edculum oficial colocando que era Licenciado en Matem\u00e1ticas cuando no termin\u00f3 la carrera.<\/span><\/p>\n<p id=\"m104-3-105\" style=\"text-align: justify;\"><span style=\"font-size: 14pt; font-family: arial, helvetica, sans-serif;\">De hecho, seg\u00fan esta informaci\u00f3n, durante dos legislaturas (De 1995 a 1999 y de 1999 a 2003), en el apartado de &#8216;Qui\u00e9n es Qui\u00e9n&#8217; de la Asamblea, Franco aparec\u00eda como Licenciado en Ciencias Matem\u00e1ticas. Tambi\u00e9n se recog\u00eda que hab\u00eda sido profesor de esta materia desde 1982 hasta 1987.<\/span><\/p>\n<p id=\"m111-4-112\" style=\"text-align: justify;\"><span style=\"font-size: 14pt; font-family: arial, helvetica, sans-serif;\">En declaraciones a los medios, ha destacado, precisamente, que\u00a0<b>s\u00ed ejerci\u00f3 como profesor de apoyo en esta materia, y que el \u00aberror\u00bb fue subsanado<\/b>\u00a0en 2003. \u00abSoy Licenciado en Derecho, es lo que consta en mi curr\u00edculum actualmente y estudi\u00e9 Matem\u00e1ticas en su d\u00eda, en mi primera etapa universitaria, porque voy por la tercera ya, aunque no logr\u00e9 a obtener la licenciatura\u00bb, ha explicado.\u00a0<\/span><\/p>\n<p id=\"m118-5-119\" style=\"text-align: justify;\"><span style=\"font-size: 14pt; font-family: arial, helvetica, sans-serif;\">Franco ha destacado que s\u00ed ejerci\u00f3\u00a0<b>como \u00abprofesor de clases de apoyo\u00bb<\/b>, y que 15 a\u00f1os despu\u00e9s de subsanarse el error, entiende que \u00abcuando se pone profesor de matem\u00e1ticas se interpreta que uno es licenciado, pero no lo es\u00bb.<\/span><\/p>\n<p id=\"m125-6-126\" style=\"text-align: justify;\"><span style=\"font-size: 14pt; font-family: arial, helvetica, sans-serif;\">\u00abPol\u00edticamente se da relieve a esto para desviar otros temas m\u00e1s importantes\u00bb, ha indicado Franco, que junto con el portavoz del PSOE en la Asamblea, \u00c1ngel Gabilondo, ha promovido la moci\u00f3n de censura contra la presidenta de la Comunidad de Madrid, Cristina Cifuentes, tras la pol\u00e9mica de su m\u00e1ster en la Universidad Rey Juan Carlos (URJC).<\/span><\/p>\n<p id=\"m132-7-133\" style=\"text-align: justify;\"><span style=\"font-size: 14pt; font-family: arial, helvetica, sans-serif;\">Por \u00faltimo, ha reiterado que \u00abexist\u00eda irregularidad en unos a\u00f1os, en 2003 se corrigi\u00f3\u00bb y que \u00abante una irregularidad se debe actuar corrigi\u00e9ndola como en 2003\u00bb.<\/span><\/p>\n<h2 id=\"m561-8-562\" class=\"highlighted\" style=\"text-align: justify;\"><span style=\"font-size: 14pt; font-family: arial, helvetica, sans-serif;\">El PP pide a Franco que dimita\u00a0<\/span><\/h2>\n<p id=\"m552-8-553\" style=\"text-align: justify;\"><span style=\"font-size: 14pt; font-family: arial, helvetica, sans-serif;\">El portavoz del PP en la Asamblea de Madrid, Enrique Ossorio, ha pedido este martes al portavoz adjunto del PSOE\u00a0<b>que dimita y \u00abdeposite en la basura\u00bb la moci\u00f3n de censura<\/b>\u00a0que present\u00f3 hace unos d\u00edas contra la presidenta regional, Cristina Cifuentes.<\/span><\/p>\n<p id=\"m577-10-578\" style=\"text-align: justify;\"><span style=\"font-size: 14pt; font-family: arial, helvetica, sans-serif;\">Mientras desde Ciudadanos y Podemos han indicado que no se puede comparar este caso con el de Cifuentes.\u00a0 La portavoz de Podemos en la Asamblea, Lorena Ruiz Huerta, ha se\u00f1alado que el tambi\u00e9n secretario general del PSOE de Madrid ya\u00a0<b>ha dado \u00abprofusas\u00bb explicaciones<\/b>\u00a0sobre su no licenciatura en Matem\u00e1ticas.<\/span><\/p>\n<p id=\"m590-11-591\" style=\"text-align: justify;\"><span style=\"font-size: 14pt; font-family: arial, helvetica, sans-serif;\">Por su parte, el portavoz parlamentario de Ciudadanos, Ignacio Aguado, ha se\u00f1alado que\u00a0<b>hay \u00abintereses de ir sacando cosas de muchas personas<\/b>\u00a0y cargos p\u00fablicos\u00bb y ha pedido que Jos\u00e9 Manuel Franco de explicaciones.\u00a0<\/span><\/p>\n<h1 class=\"pg-headline\" style=\"text-align: center;\"><a href=\"https:\/\/puntocritico.com\/ausajpuntocritico\/wp-content\/uploads\/2016\/11\/Mosca_Punto_Cr\u00edtico_40.png\" rel=\"lightbox[10860]\"><img loading=\"lazy\" decoding=\"async\" class=\"aligncenter size-full wp-image-48\" src=\"https:\/\/puntocritico.com\/ausajpuntocritico\/wp-content\/uploads\/2016\/11\/Mosca_Punto_Cr\u00edtico_40.png\" alt=\"\" width=\"50\" height=\"50\" \/><\/a><\/h1>\n<h1 style=\"text-align: center;\"><a id=\"ref41\"><\/a><a href=\"#ref41a\">[41]<\/a> Una cumbre de cardenales ultracat\u00f3licos declara su desobediencia al Papa tras acusarle de \u00abhereje\u00bb<\/h1>\n<p><span style=\"font-size: 14pt;\">Por Jes\u00fas Bastante<\/span><\/p>\n<div><span style=\"color: #339966;\">Art\u00edculo publicado el 11 de abril de 2018 en<\/span><\/div>\n<div><span style=\"color: #339966;\"><a style=\"color: #339966;\" href=\"https:\/\/www.eldiario.es\/sociedad\/cardenales-ultraconservadores-desobediencia-Papa-acusarle_0_759774761.html\" target=\"_blank\" rel=\"noopener\">https:\/\/www.eldiario.es\/sociedad\/cardenales-ultraconservadores-desobediencia-Papa-acusarle_0_759774761.html<\/a><\/span><\/div>\n<p>&nbsp;<\/p>\n<p><a href=\"https:\/\/puntocritico.com\/ausajpuntocritico\/wp-content\/uploads\/2018\/04\/Francisco-veinte-millones-seguidores-Twitter_EDIIMA20150413_0456_25.jpg\" rel=\"lightbox[10860]\"><img loading=\"lazy\" decoding=\"async\" class=\"aligncenter size-full wp-image-11007\" src=\"https:\/\/puntocritico.com\/ausajpuntocritico\/wp-content\/uploads\/2018\/04\/Francisco-veinte-millones-seguidores-Twitter_EDIIMA20150413_0456_25.jpg\" alt=\"\" width=\"643\" height=\"362\" srcset=\"https:\/\/puntocritico.com\/ausajpuntocritico\/wp-content\/uploads\/2018\/04\/Francisco-veinte-millones-seguidores-Twitter_EDIIMA20150413_0456_25.jpg 643w, https:\/\/puntocritico.com\/ausajpuntocritico\/wp-content\/uploads\/2018\/04\/Francisco-veinte-millones-seguidores-Twitter_EDIIMA20150413_0456_25-300x169.jpg 300w\" sizes=\"auto, (max-width: 643px) 100vw, 643px\" \/><\/a><\/p>\n<p>&nbsp;<\/p>\n<blockquote>\n<p style=\"text-align: justify;\"><span style=\"font-family: arial, helvetica, sans-serif; font-size: 14pt;\">Un encuentro celebrado en Roma vuelve a cargar contra Francisco por abrir la puerta a que los divorciados vueltos a casar puedan comulgar<\/span><\/p>\n<p style=\"text-align: justify;\"><span style=\"font-family: arial, helvetica, sans-serif; font-size: 14pt;\">Los cardenales Burke y Brandmuller, conocidos por operar entre los sectores ultraconservadores, acusan a Bergoglio de manipular a los obispos<\/span><\/p>\n<p style=\"text-align: justify;\"><span style=\"font-family: arial, helvetica, sans-serif; font-size: 14pt;\">\u00abComo demuestra la historia, es posible que un pont\u00edfice romano, haciendo uso de su poder total, pueda caer en la herej\u00eda\u00bb, afirm\u00f3 el primero en la reuni\u00f3n<\/span><\/p>\n<\/blockquote>\n<p class=\"mce\" style=\"text-align: justify;\"><span style=\"font-family: arial, helvetica, sans-serif; font-size: 14pt;\">Los sectores ultraconservadores siguen luchando por apuntalar su poder en contra del Papa. Francisco se enfrenta a una nueva cruzada despu\u00e9s de la reuni\u00f3n celebrada el pasado fin de semana en Roma, un encuentro que congreg\u00f3\u00a0a cardenales, obispos y responsables eclesi\u00e1sticos de la ultraderecha eclesial, obsesionados con la posibilidad de que los divorciados vueltos a casar puedan comulgar, abierta por Bergoglio hace ahora dos a\u00f1os. La principal conclusi\u00f3n ha sido la de calificarle de \u00abhereje\u00bb y animar a la desobediencia.\u00a0<\/span><\/p>\n<p class=\"mce\" style=\"text-align: justify;\"><span style=\"font-family: arial, helvetica, sans-serif; font-size: 14pt;\">Una aut\u00e9ntica cumbre de cr\u00edticos\u00a0con las reformas de Francisco, capitaneada por los cardenales Raymond Burke y Walter Brandm\u00fcller, que encendieron a los congregados en un hotel romano cuando afirmaron que \u00abal Papa podemos desobedecerle, su autoridad no es m\u00e1gica, sino que deriva de su obediencia a Dios\u00bb. \u00abCualquier acto de un Papa, dado que es un ser humano, que sea her\u00e9tica o un pecado, en s\u00ed misma es nula\u00bb, se\u00f1al\u00f3 el purpurado norteamericano.<\/span><\/p>\n<p class=\"mce\" style=\"text-align: justify;\"><span style=\"font-family: arial, helvetica, sans-serif; font-size: 14pt;\">Ambos ya son de sobra conocidos por operar\u00a0entre los sectores m\u00e1s conservadores con el objetivo de frenar lo que consideran una \u00abherej\u00eda\u00bb que puede llevar a un \u00abcisma\u00bb en la Iglesia cat\u00f3lica. Pero junto a ellos tambi\u00e9n estuvieron presentes otros cardenales, como el chino Joseph Zen \u2013quien hace pocas fechas acus\u00f3 al Papa de \u00abvender\u00bb a los cat\u00f3licos chinos por negociar con Pek\u00edn un acuerdo\u2013 o el obispo Athanasius Schneider, famoso por obligar a los cat\u00f3licos de Kazajist\u00e1n a comulgar de rodillas y directamente en la boca.<\/span><\/p>\n<p class=\"mce\" style=\"text-align: justify;\"><span style=\"font-family: arial, helvetica, sans-serif; font-size: 14pt;\">La reuni\u00f3n tuvo lugar coincidiendo con el segundo aniversario de la publicaci\u00f3n de\u00a0<a class=\"mce\" href=\"http:\/\/w2.vatican.va\/content\/francesco\/es\/apost_exhortations\/documents\/papa-francesco_esortazione-ap_20160319_amoris-laetitia.html\" target=\"_blank\" rel=\"noopener\">Amoris Laetitia<\/a>, la exhortaci\u00f3n papal publicada tras el S\u00ednodo de la Familia de 2016 en la que, entre otras cosas,\u00a0abre la puerta a permitir que\u00a0los divorciados vueltos a casar por lo civil puedan recibir la comuni\u00f3n. Una realidad que afecta a pocas familias, y que en el \u00e1mbito social est\u00e1 ampliamente superada, pero que los sectores m\u00e1s aferrados a la doctrina tradicional de la Iglesia no est\u00e1n dispuestos a admitir.<\/span><\/p>\n<h3 style=\"text-align: justify;\"><span style=\"font-family: arial, helvetica, sans-serif; font-size: 14pt;\">El Papa no responde<\/span><\/h3>\n<p class=\"mce\" style=\"text-align: justify;\"><span style=\"font-family: arial, helvetica, sans-serif; font-size: 14pt;\">As\u00ed, en su Declaraci\u00f3n final, el congreso celebrado en Roma sostiene que \u00abde acuerdo con la aut\u00e9ntica confesi\u00f3n de fe, un matrimonio consumado solo puede disolverse con la muerte\u00bb, lo que supone \u00abuna norma aplicable siempre y sin excepci\u00f3n\u00bb. \u00abLos divorciados y vueltos a casar que viven juntos no pueden recibir la Comuni\u00f3n\u00bb, culmina el escrito, firmado por los dos cardenales, movimientos pro-vida italianos y la asociaci\u00f3n Amigos del cardenal Caffara\u00a0\u2013uno de los cardenales, fallecido recientemente, que firm\u00f3\u00a0<a class=\"mce\" href=\"https:\/\/www.eldiario.es\/sociedad\/Ultraconservadores-redoblan-ataque-Papa-publicamente_0_691880963.html\" target=\"_blank\" rel=\"noopener\">hace m\u00e1s de un a\u00f1o\u00a0el documento denominado Dubia<\/a>, en el que le piden al Papa que rectifique\u2013.<\/span><\/p>\n<p class=\"mce\" style=\"text-align: justify;\"><span style=\"font-family: arial, helvetica, sans-serif; font-size: 14pt;\">\u00abComo demuestra la historia, es posible que un pont\u00edfice romano, haciendo uso de su poder total, pueda caer en la herej\u00eda, o faltar a su primer deber de salvaguardar y preservar la unidad de la fe y la disciplina de la Iglesia\u00bb, subray\u00f3 Raymond Burke en una intervenci\u00f3n fuertemente aplaudida por los cr\u00edticos de Francisco.<\/span><\/p>\n<p class=\"mce\" style=\"text-align: justify;\"><span style=\"font-family: arial, helvetica, sans-serif; font-size: 14pt;\">El cardenal norteamericano, a quien Francisco relev\u00f3 por su deriva ultraortodoxa al frente de la Orden de Malta, una de las m\u00e1s antiguas del mundo y con verdadero poder en el Vaticano, defendi\u00f3 en su discurso la legitimidad de levantarse contra un Papa que cometa \u00abherej\u00edas\u00bb. \u00abPrimero, uno corrige el presunto error o dejaci\u00f3n de obligaciones directamente al pont\u00edfice. Si este no responde, entonces se procede a la correcci\u00f3n p\u00fablica\u00bb.<\/span><\/p>\n<p class=\"mce\" style=\"text-align: justify;\"><span style=\"font-family: arial, helvetica, sans-serif; font-size: 14pt;\">Antes que Burke, el cardenal Brandmuller arremeti\u00f3 contra Amoris Laetitia y los dos s\u00ednodos que aprobaron, por mayor\u00eda de dos tercios, sus tesis. \u00abLa Iglesia no es una sociedad constituida democr\u00e1ticamente\u00bb, denunci\u00f3 el purpurado, quien sugiri\u00f3 que los cuestionarios distribuidos durante el S\u00ednodo a los obispos fueron \u00abmanipulados\u00bb.<\/span><\/p>\n<p class=\"mce\" style=\"text-align: justify;\"><span style=\"font-family: arial, helvetica, sans-serif; font-size: 14pt;\">Aunque Bergoglio no ha contestado p\u00fablicamente a los ultraconservadores, s\u00ed lo ha hecho\u00a0uno de sus principales colaboradores, el cardenal Rodr\u00edguez Maradiaga. El purpurado hondure\u00f1o, coordinador del grupo de cardenales que trabaja en la reforma de la Curia, pas\u00f3 por Madrid este fin de semana. Preguntado sobre el particular, Maradiaga mostr\u00f3 su \u00abtristeza\u00bb por la postura de estos cardenales. \u00abConsiderar que es una herej\u00eda es una equivocaci\u00f3n muy grande, que no solo contradice al Papa, sino a dos s\u00ednodos\u00bb. \u00abFrancisco tiene mucha paciencia, y estos hermanos est\u00e1n perdiendo su tiempo\u00bb, recalc\u00f3.<\/span><\/p>\n<h1 class=\"pg-headline\" style=\"text-align: center;\"><a href=\"https:\/\/puntocritico.com\/ausajpuntocritico\/wp-content\/uploads\/2016\/11\/Mosca_Punto_Cr\u00edtico_40.png\" rel=\"lightbox[10860]\"><img loading=\"lazy\" decoding=\"async\" class=\"aligncenter size-full wp-image-48\" src=\"https:\/\/puntocritico.com\/ausajpuntocritico\/wp-content\/uploads\/2016\/11\/Mosca_Punto_Cr\u00edtico_40.png\" alt=\"\" width=\"50\" height=\"50\" \/><\/a><\/h1>\n<h1 style=\"text-align: center;\"><a id=\"ref42\"><\/a><a href=\"#ref42a\">[42]<\/a> La hora de los valientes<\/h1>\n<p><span style=\"font-size: 14pt;\">Por Elisa Beni<\/span><\/p>\n<div><span style=\"color: #339966;\">Art\u00edculo publicado el 11 de abril de 2018 en<\/span><\/div>\n<div><span style=\"color: #339966;\"><a style=\"color: #339966;\" href=\"https:\/\/www.eldiario.es\/zonacritica\/hora-valientes_6_759834052.html\" target=\"_blank\" rel=\"noopener\">https:\/\/www.eldiario.es\/zonacritica\/hora-valientes_6_759834052.html<\/a><\/span><\/div>\n<blockquote>\n<p class=\"mce\" style=\"text-align: justify;\"><span style=\"font-family: arial, helvetica, sans-serif; font-size: 14pt;\">Es\u00a0preciso dejar claro que la deriva que est\u00e1 tomando la respuesta judicial al problema catal\u00e1n no es ni mucho menos la que deber\u00eda adoptarse en una democracia sana<\/span><\/p>\n<\/blockquote>\n<p class=\"mce\" style=\"text-align: justify;\"><span style=\"font-family: arial, helvetica, sans-serif; font-size: 14pt;\">\u201cEl Museo del Prado es m\u00e1s importante para Espa\u00f1a que la Monarqu\u00eda y la Rep\u00fablica juntas\u201d, dijo Manuel Aza\u00f1a cuando orden\u00f3 sacar hacia Valencia las obras m\u00e1s preciadas del museo para preservarlas del da\u00f1o de los bombardeos. En la pel\u00edcula de Mercero, la hora de los valientes le llegaba a un jovenc\u00edsimo Gabino Diego que no dudaba en ponerse en riesgo, tambi\u00e9n a los suyos, para conseguir llevar a cabo esta prioridad. Hoy en d\u00eda en Espa\u00f1a hay cosas m\u00e1s preciosas que un autorretrato de Goya que van a necesitar de todos los valientes que sea posible hallar para defenderlas. Hablo del Estado de Derecho y de los principios de la democracia liberal que est\u00e1n siendo gravemente amenazados por la represi\u00f3n que se lleva a cabo del independentismo catal\u00e1n.<\/span><\/p>\n<p class=\"mce\" style=\"text-align: justify;\"><span style=\"font-family: arial, helvetica, sans-serif; font-size: 14pt;\">Rebeli\u00f3n, golpe de Estado y, ahora, terrorismo. La mutaci\u00f3n de los hechos que todos vemos y vivimos en virtud de este impulso justiciero, que no justo, ha alcanzado las m\u00e1ximas cotas de un surrealismo represivo que no es ni mucho menos casual. Durante las \u00faltimas semanas, los que habitamos dentro de los medios, hemos asistido a un incremento de las comparaciones de las protestas de los autodenominados Comit\u00e9s de Defensa de la Rep\u00fablica (CDR) con la autodenominada por el entorno de ETA,\u00a0<em class=\"mce\">kale borroka<\/em>o lucha callejera. Primero se empez\u00f3 con la met\u00e1fora. Fueron periodistas afines al gobierno los que introdujeron la cuesti\u00f3n en la opini\u00f3n p\u00fablica y lo hicieron de forma coincidente, que l\u00edbreme Dios de decir que coordinada y orquestada. Despu\u00e9s se incorporaron los portavoces m\u00e1s bocachanclas y, al poco, nos encontramos con una operaci\u00f3n coordinada desde la Audiencia Nacional que empieza a considerar a los miembros de tales comit\u00e9s terroristas, dado que los detiene como a tales. Ante el desconcierto y la perplejidad de muchos, ante la indignaci\u00f3n dir\u00eda yo, van perfil\u00e1ndose despu\u00e9s los juristas de guardia dispuestos a justificar y argumentar tal tropel\u00eda. Todo coincidencia. Lo mismo hicieron con el tema de Alsasua que no fue terrorismo ni para la fiscal\u00eda navarra ni para la jueza ni para la Audiencia ni para el TSJN, hasta que empez\u00f3 a instruirlo la Guardia Civil, que tampoco era competente para ello, y la Fiscal\u00eda se lo llev\u00f3 para la Audiencia Nacional. Este juicio, que se celebrar\u00e1 la semana que viene, ser\u00e1 presidido por la mujer de un coronel de la Guardia Civil que no se ha abstenido, as\u00ed que todo queda en casa.<\/span><\/p>\n<p class=\"mce\" style=\"text-align: justify;\"><span style=\"font-family: arial, helvetica, sans-serif; font-size: 14pt;\">En ambos casos se han utilizado mecanismos perfectamente estudiados para sustraer del conocimiento de las causas a los jueces predeterminados -los catalanes para los des\u00f3rdenes y protestas de los CDR y los navarros para el atentado contra la autoridad y las lesiones de Alsasua-transform\u00e1ndolos en sendos delitos de terrorismo. Curiosamente tambi\u00e9n en ambos casos lo hacen jueces instructores \u201cnovatos\u201d en temas de terrorismo, ambos reci\u00e9n llegados a la Audiencia Nacional cuando ETA hac\u00eda a\u00f1os que no actuaba. El que ha ordenado la detenci\u00f3n de Tamara Carrasco, el magistrado De Egea, ni siquiera es titular por escalaf\u00f3n de su plaza, sino que ha sido designado a dedo por el CGPJ como juez de apoyo.<\/span><\/p>\n<p class=\"mce\" style=\"text-align: justify;\"><span style=\"font-family: arial, helvetica, sans-serif; font-size: 14pt;\">Tal vez por esto, por su falta de contacto con el terrorismo al proceder de tribunales que no lo juzgan, no quiero ni pensar que sea por otra cosa, se han olvidado de que en la reforma ampliatoria de los delitos de terrorismo pactada por el PP y el PSOE en 2015, y ante la presi\u00f3n y la denuncia que se hizo de la posibilidad represiva que conten\u00eda el nuevo tipo, los socialistas se autoenmendaron y as\u00ed qued\u00f3 reflejado en el art\u00edculo 573.bis 4 del C\u00f3digo Penal que dice que los delitos de des\u00f3rdenes p\u00fablicos s\u00f3lo se considerar\u00e1n terroristas si se realizan al amparo de una organizaci\u00f3n terrorista. Tal y como estaba recogido antes de esta reforma.<\/span><\/p>\n<p class=\"mce\" style=\"text-align: justify;\"><span style=\"font-family: arial, helvetica, sans-serif; font-size: 14pt;\">Tambi\u00e9n parecen soslayar que el propio C\u00f3digo Penal espa\u00f1ol, con la redacci\u00f3n de los delitos de terrorismo que se alcanz\u00f3 en 2015, incumple la Directiva de 2017 de la UE que afirma que \u201caquellos actos destinados a obligar a los poderes p\u00fablicos a realizar o a abstenerse de realizar un acto, que no est\u00e9n incluidos en la lista exhaustiva de delitos graves, NO deben considerarse delitos de terrorismo conforme a la presente directiva\u201d. Les invito a que repasen la lista de delitos graves que contiene para que vean d\u00f3nde queda levantar barreras, quemar neum\u00e1ticos o grabar audios diciendo que hay que bloquear el puerto.<\/span><\/p>\n<p class=\"mce\" style=\"text-align: justify;\"><span style=\"font-family: arial, helvetica, sans-serif; font-size: 14pt;\">En resumen, que el terrorismo en este caso es un forzamiento de la ley tan fant\u00e1stico como el de la rebeli\u00f3n y que en un pa\u00eds en el que los derechos del imputado s\u00f3lo se protegen v\u00eda recurso vamos a asistir a c\u00f3mo tribunales que han sido pertinentemente habitados por personas afines a la forma de pensar del poder establecido, no rectifican tama\u00f1as barbaridades.<\/span><\/p>\n<p class=\"mce\" style=\"text-align: justify;\"><span style=\"font-family: arial, helvetica, sans-serif; font-size: 14pt;\">Esto no s\u00f3lo preocupa, sino que asusta y no s\u00f3lo asusta, sino que indigna.<\/span><\/p>\n<p class=\"mce\" style=\"text-align: justify;\"><span style=\"font-family: arial, helvetica, sans-serif; font-size: 14pt;\">Y lo hace porque el estr\u00e9s al que est\u00e1n siendo sometidos los principios que sustentan una democracia liberal corre el riesgo de llevarla a la fractura. Por eso ha llegado la hora de los valientes, porque es preciso dejar claro que la deriva que est\u00e1 tomando la respuesta judicial al problema catal\u00e1n no es ni mucho menos la que deber\u00eda adoptarse en una democracia sana. Hay que salir a dar la cara y a explicar que los delitos que se hayan podido cometer, tanto por los l\u00edderes pol\u00edticos como por la ciudadan\u00eda que les apoya, han de ser justamente investigados y juzgados pero que eso no significa que sea aceptable la manipulaci\u00f3n que del Derecho Penal se est\u00e1 haciendo para reprimir al independentismo.<\/span><\/p>\n<p class=\"mce\" style=\"text-align: justify;\"><span style=\"font-family: arial, helvetica, sans-serif; font-size: 14pt;\">Es la hora de los valientes. Es la hora de los que saben que pretender responder a la grave situaci\u00f3n de Catalunya con las togas es un artificio que s\u00f3lo se puede vehicular mediante la vulneraci\u00f3n de derechos y que los derechos fundamentales, como el cuadro de Goya, merecen una horda de valientes dispuestos a defenderlos porque sin ellos la democracia tal y como la entendemos se extingue. Cierto es que se han levantado voces de catedr\u00e1ticos, de algunos jueces y fiscales con mucha prudencia, de juristas varios. Hace falta que muchos m\u00e1s pierdan el miedo a decir lo que est\u00e1 sucediendo. Entre estos muchos m\u00e1s se encuentran los pol\u00edticos que no deben escudarse en su respeto a la separaci\u00f3n de poderes, cada vez m\u00e1s endeble, cuando toca denunciar los excesos y los riesgos que acarrean.<\/span><\/p>\n<p class=\"mce\" style=\"text-align: justify;\"><span style=\"font-family: arial, helvetica, sans-serif; font-size: 14pt;\">Necesitamos que los valientes den la cara. Espa\u00f1a necesita de esos valientes. Al menos que cuando desde Europa llegue la bofetada que deje al desnudo nuestro ya discutible sistema, quede constancia de que hubo espa\u00f1oles que supieron estar a la altura en la defensa de los principios comunes.<\/span><\/p>\n<h1 class=\"pg-headline\" style=\"text-align: justify;\"><span style=\"font-family: arial, helvetica, sans-serif; font-size: 14pt;\"><a href=\"https:\/\/puntocritico.com\/ausajpuntocritico\/wp-content\/uploads\/2016\/11\/Mosca_Punto_Cr\u00edtico_40.png\" rel=\"lightbox[10860]\"><img loading=\"lazy\" decoding=\"async\" class=\"size-full wp-image-48 aligncenter\" src=\"https:\/\/puntocritico.com\/ausajpuntocritico\/wp-content\/uploads\/2016\/11\/Mosca_Punto_Cr\u00edtico_40.png\" alt=\"\" width=\"50\" height=\"50\" \/><\/a><\/span><\/h1>\n<h1 style=\"text-align: center;\"><a id=\"ref43\"><\/a><a href=\"#ref43a\">[43]<\/a> La separaci\u00f3n es siempre desigualdad<\/h1>\n<p><span style=\"font-size: 14pt;\">Por Javier Per\u00e9z Royo<\/span><\/p>\n<div><span style=\"color: #339966;\">Art\u00edculo publicado el 11 de abril de 2018 en<\/span><\/div>\n<div><span style=\"color: #339966;\"><a style=\"color: #339966;\" href=\"https:\/\/www.eldiario.es\/zonacritica\/separacion-siempre-desigualdad_6_759834041.html\" target=\"_blank\" rel=\"noopener\">https:\/\/www.eldiario.es\/zonacritica\/separacion-siempre-desigualdad_6_759834041.html<\/a><\/span><\/div>\n<div>\u00a0<\/div>\n<div>\n<figure id=\"attachment_11008\" aria-describedby=\"caption-attachment-11008\" style=\"width: 643px\" class=\"wp-caption aligncenter\"><a href=\"https:\/\/puntocritico.com\/ausajpuntocritico\/wp-content\/uploads\/2018\/04\/modificado-concierto-aulas-Infantil_EDIIMA20170411_0643_27.jpg\" rel=\"lightbox[10860]\"><img loading=\"lazy\" decoding=\"async\" class=\"wp-image-11008 size-full\" src=\"https:\/\/puntocritico.com\/ausajpuntocritico\/wp-content\/uploads\/2018\/04\/modificado-concierto-aulas-Infantil_EDIIMA20170411_0643_27.jpg\" alt=\"\" width=\"643\" height=\"459\" srcset=\"https:\/\/puntocritico.com\/ausajpuntocritico\/wp-content\/uploads\/2018\/04\/modificado-concierto-aulas-Infantil_EDIIMA20170411_0643_27.jpg 643w, https:\/\/puntocritico.com\/ausajpuntocritico\/wp-content\/uploads\/2018\/04\/modificado-concierto-aulas-Infantil_EDIIMA20170411_0643_27-300x214.jpg 300w\" sizes=\"auto, (max-width: 643px) 100vw, 643px\" \/><\/a><figcaption id=\"caption-attachment-11008\" class=\"wp-caption-text\"><span style=\"font-size: 10pt;\"><strong><span style=\"color: #339966;\">Un aula en una escuela p\u00fablica de Zaragoza GOBIERNO DE ARAG\u00d3N<\/span> <\/strong><\/span><\/figcaption><\/figure>\n<\/div>\n<div>\u00a0<\/div>\n<blockquote>\n<p style=\"text-align: justify;\"><span style=\"font-family: arial, helvetica, sans-serif; font-size: 14pt;\">Es\u00a0anticonstitucional la LOMCE y por eso no puede ser aceptada la doctrina establecida por el Tribunal Constitucional esta misma semana<\/span><\/p>\n<p style=\"text-align: justify;\"><span style=\"font-family: arial, helvetica, sans-serif; font-size: 14pt;\">La separaci\u00f3n por raz\u00f3n de sexo en el derecho a la educaci\u00f3n es radicalmente incompatible con el principio de igualdad<\/span><\/p>\n<\/blockquote>\n<p class=\"mce\" style=\"text-align: justify;\"><span style=\"font-family: arial, helvetica, sans-serif; font-size: 14pt;\">\u201cSeparados pero iguales\u201d.\u00a0 En estos t\u00e9rminos se resume la doctrina constitucional con base en la cual se justific\u00f3 la segregaci\u00f3n racial no solamente en las escuelas, pero s\u00ed b\u00e1sicamente en las escuelas, desde el \u00faltimo tercio del siglo XIX hasta que en la d\u00e9cada de los cincuenta fue declarada anticonstitucional por el Tribunal Supremo. La doctrina hab\u00eda sido formulada en 1896 en el caso Plessy vs. Ferguson. La educaci\u00f3n segregada de alumnos blancos y negros no supon\u00eda una vulneraci\u00f3n del principio de igualdad formulado en la decimocuarta enmienda siempre que las condiciones materiales, edificios, profesores, material escolar etc. fuera igual en todas las escuelas. Con base en dicha doctrina se mantuvo la segregaci\u00f3n de manera ininterrumpida hasta mediados de la d\u00e9cada de los cincuenta.<\/span><\/p>\n<p class=\"mce\" style=\"text-align: justify;\"><span style=\"font-family: arial, helvetica, sans-serif; font-size: 14pt;\">En 1954 el Tribunal Supremo, en el caso Brown vs. Board of Education, rectific\u00f3 su doctrina en la materia, declarando que \u201cla separaci\u00f3n es siempre desigualdad\u201d, que no se puede respetar el principio de igualdad si se segrega a los estudiantes como consecuencia de la raza de cada uno de ellos. Fue el primer paso en el reconocimiento de derechos civiles para la poblaci\u00f3n afroamericana.<\/span><\/p>\n<p class=\"mce\" style=\"text-align: justify;\"><span style=\"font-family: arial, helvetica, sans-serif; font-size: 14pt;\">La separaci\u00f3n no es nunca neutra. Es siempre discriminatoria. En lo que al ejercicio del derecho a la educaci\u00f3n se refiere, m\u00e1s que en ning\u00fan otro terreno. El derecho a la educaci\u00f3n es el \u00fanico derecho fundamental que el constituyente define tambi\u00e9n como deber. Como deber en el sentido propio del t\u00e9rmino. No es lo mismo el deber de conocer el castellano que la obligatoriedad del ejercicio del derecho a la educaci\u00f3n. El primero es un deber impropio. El segundo es un aut\u00e9ntico deber, que puede conllevar incluso responsabilidad penal para quienes tienen atribuida por la Constituci\u00f3n y la Ley la responsabilidad de garantizar el cumplimiento del mismo. Padres y administraci\u00f3n educativa.<\/span><\/p>\n<p class=\"mce\" style=\"text-align: justify;\"><span style=\"font-family: arial, helvetica, sans-serif; font-size: 14pt;\">El derecho de sufragio y el derecho a la educaci\u00f3n son los derechos constitutivos de la igualdad constitucional. Ambos est\u00e1n concatenados. Somos iguales los espa\u00f1oles en Espa\u00f1a, los franceses en Francia\u2026Y lo somos porque somos titulares de manera exclusiva y excluyente del derecho de participaci\u00f3n pol\u00edtica reconocido en el art\u00edculo 23 CE. Es el \u00fanico derecho fundamental de cuyo ejercicio est\u00e1n excluidos los extranjeros. Es el derecho constitutivo de la ciudadan\u00eda. Constitutivo por tanto de la igualdad.<\/span><\/p>\n<p class=\"mce\" style=\"text-align: justify;\"><span style=\"font-family: arial, helvetica, sans-serif; font-size: 14pt;\">Ahora bien, sin el ejercicio del derecho a la educaci\u00f3n el derecho de sufragio queda extraordinariamente reducido. Tanto que pr\u00e1cticamente se convierte en una entelequia. Los ciudadanos que se integran en el cuerpo electoral cuando alcanzan la mayor\u00eda de edad tienen que ser ciudadanos que ha ejercido obligatoriamente el derecho a la educaci\u00f3n. Los padres y madres y los poderes p\u00fablicos tienen la responsabilidad de que as\u00ed sea. Tienen que garantizar que todos los ciudadanos que se van a integrar en el cuerpo electoral est\u00e9n en condiciones de ejercer el derecho de sufragio en condiciones de igualdad. Sin educaci\u00f3n no hay igualdad en el ejercicio del derecho de sufragio. No hay, por tanto, democracia digna de tal nombre.<\/span><\/p>\n<p class=\"mce\" style=\"text-align: justify;\"><span style=\"font-family: arial, helvetica, sans-serif; font-size: 14pt;\">El principio de igualdad es presupuesto y l\u00edmite para el ejercicio de todos los derechos fundamentales, pero la intensidad con la que dicho principio se proyecta en el derecho de sufragio y en el derecho a la educaci\u00f3n es muy superior a como lo hace en los dem\u00e1s derechos. La igualdad tiene que ser \u201crecognoscible\u201d en el ejercicio del derecho. La desviaci\u00f3n de la igualdad tiene que ser pr\u00e1cticamente insignificante. Cualquier desviaci\u00f3n en el ejercicio del derecho a la educaci\u00f3n es discriminaci\u00f3n, es contraria a la igualdad.\u00a0<\/span><\/p>\n<p class=\"mce\" style=\"text-align: justify;\"><span style=\"font-family: arial, helvetica, sans-serif; font-size: 14pt;\">Por eso es anticonstitucional la LOMCE y por eso no puede ser aceptada la doctrina establecida por el Tribunal Constitucional esta misma semana. La separaci\u00f3n por raz\u00f3n de sexo en el derecho a la educaci\u00f3n es radicalmente incompatible con el principio de igualdad. En mi opini\u00f3n, no es solamente incompatible en la ense\u00f1anza p\u00fablica o sostenida con fondos p\u00fablicos, ense\u00f1anza concertada, sino incluso en la ense\u00f1anza privada, que carece del apoyo de fondos p\u00fablicos. En el derecho a la educaci\u00f3n la igualdad no es solamente un l\u00edmite absoluto para los poderes p\u00fablicos, sino que es tambi\u00e9n un l\u00edmite para la autonom\u00eda de la voluntad de quienes ejercen la libertad de ense\u00f1anza y prestan el servicio de educar de manera totalmente privada. Ni en la escuela completamente privada se puede aceptar el ejercicio del derecho a la educaci\u00f3n con separaci\u00f3n por raz\u00f3n de g\u00e9nero.<\/span><\/p>\n<p class=\"mce\" style=\"text-align: justify;\"><span style=\"font-family: arial, helvetica, sans-serif; font-size: 14pt;\">El legislador de la LOMCE y el TC han sucumbido al prejuicio de g\u00e9nero, que es el prejuicio m\u00e1s invasivo y m\u00e1s resistente de todos los prejuicios culturales. Justamente por eso, es tambi\u00e9n el prejuicio m\u00e1s da\u00f1ino para la democracia como forma pol\u00edtica.<\/span><\/p>\n<h1 class=\"pg-headline\" style=\"text-align: center;\"><a href=\"https:\/\/puntocritico.com\/ausajpuntocritico\/wp-content\/uploads\/2016\/11\/Mosca_Punto_Cr\u00edtico_40.png\" rel=\"lightbox[10860]\"><img loading=\"lazy\" decoding=\"async\" class=\"aligncenter size-full wp-image-48\" src=\"https:\/\/puntocritico.com\/ausajpuntocritico\/wp-content\/uploads\/2016\/11\/Mosca_Punto_Cr\u00edtico_40.png\" alt=\"\" width=\"50\" height=\"50\" \/><\/a><\/h1>\n<h1 style=\"text-align: center;\"><a id=\"ref44\"><\/a><a href=\"#ref44a\">[44]<\/a> Hoy declara ante el juez la detenida de los CDR por rebeli\u00f3n y terrorismo<\/h1>\n<p><span style=\"font-size: 14pt;\">Por REDACCI\u00d3N Y EFE<\/span><\/p>\n<div><span style=\"color: #339966;\">Art\u00edculo publicado el 12 de abril de 2018 en<\/span><\/div>\n<div><span style=\"color: #339966;\"><a style=\"color: #339966;\" href=\"http:\/\/www.lavanguardia.com\/politica\/20180412\/442480985161\/detenida-cdr-declara-audiencia-nacional-rebelion-terrorismo.html\" target=\"_blank\" rel=\"noopener\">http:\/\/www.lavanguardia.com\/politica\/20180412\/442480985161\/detenida-cdr-declara-audiencia-nacional-rebelion-terrorismo.html<\/a><\/span><\/div>\n<p>&nbsp;<\/p>\n<figure id=\"attachment_10986\" aria-describedby=\"caption-attachment-10986\" style=\"width: 643px\" class=\"wp-caption aligncenter\"><a href=\"https:\/\/puntocritico.com\/ausajpuntocritico\/wp-content\/uploads\/2018\/04\/Fiscalia-investiga-terrorismo-responsable-CDR_EDIIMA20180410_0274_4.jpg\" rel=\"lightbox[10860]\"><img loading=\"lazy\" decoding=\"async\" class=\"wp-image-10986 size-full\" src=\"https:\/\/puntocritico.com\/ausajpuntocritico\/wp-content\/uploads\/2018\/04\/Fiscalia-investiga-terrorismo-responsable-CDR_EDIIMA20180410_0274_4.jpg\" alt=\"\" width=\"643\" height=\"362\" srcset=\"https:\/\/puntocritico.com\/ausajpuntocritico\/wp-content\/uploads\/2018\/04\/Fiscalia-investiga-terrorismo-responsable-CDR_EDIIMA20180410_0274_4.jpg 643w, https:\/\/puntocritico.com\/ausajpuntocritico\/wp-content\/uploads\/2018\/04\/Fiscalia-investiga-terrorismo-responsable-CDR_EDIIMA20180410_0274_4-300x169.jpg 300w\" sizes=\"auto, (max-width: 643px) 100vw, 643px\" \/><\/a><figcaption id=\"caption-attachment-10986\" class=\"wp-caption-text\"><span style=\"font-size: 10pt; color: #339966;\"><strong>Agentes de la Guardia Civil con la detenida este martes en Viladecans (Efe\/ Quique Garc\u00eda) <\/strong><\/span><\/figcaption><\/figure>\n<div>\n<div>\n<header>\n<blockquote>\n<p style=\"text-align: justify;\"><span style=\"font-size: 14pt; font-family: arial, helvetica, sans-serif;\">Su abogado alega que las pruebas contra Tamara son \u201cbastante flojas\u201d y niega que coordinara los actos de sabotaje<\/span><\/p>\n<\/blockquote>\n<\/header>\n<\/div>\n<\/div>\n<div class=\"row\">\n<div class=\"col-xs-12 col-sm-12 col-md-8\" style=\"text-align: justify;\"><span style=\"font-size: 14pt; font-family: arial, helvetica, sans-serif;\">\u00a0<\/span><span style=\"font-family: arial, helvetica, sans-serif; font-size: 14pt;\">El juez de la Audiencia Nacional Diego de Egea interroga esta ma\u00f1ana a la integrante de los Comit\u00e9s de Defensa de la Rep\u00fablica (<\/span><b style=\"font-family: arial, helvetica, sans-serif; font-size: 14pt;\">CDR<\/b><span style=\"font-family: arial, helvetica, sans-serif; font-size: 14pt;\">) detenida el martes en Vidalecans (Barcelona) a petici\u00f3n de la Fiscal\u00eda, que la investiga por\u00a0<\/span><b style=\"font-family: arial, helvetica, sans-serif; font-size: 14pt;\">rebeli\u00f3n\u00a0<\/b><span style=\"font-family: arial, helvetica, sans-serif; font-size: 14pt;\">y\u00a0<\/span><b style=\"font-family: arial, helvetica, sans-serif; font-size: 14pt;\">terrorismo\u00a0<\/b><span style=\"font-family: arial, helvetica, sans-serif; font-size: 14pt;\">por dirigir \u201cactos de sabotaje\u201d para crear un \u201c<\/span><b style=\"font-family: arial, helvetica, sans-serif; font-size: 14pt;\">clima de agitaci\u00f3n social<\/b><span style=\"font-family: arial, helvetica, sans-serif; font-size: 14pt;\">\u201d.<\/span><\/div>\n<\/div>\n<p style=\"text-align: justify;\"><span style=\"font-size: 14pt; font-family: arial, helvetica, sans-serif;\"><b>Tamara C.G.<\/b>\u00a0fue detenida en la operaci\u00f3n Cadera de la Guardia Civil en la que a\u00fan est\u00e1 pendiente de arrestar a otro coordinador de los\u00a0<b>CDR<\/b>, un hombre al que se trat\u00f3 de localizar el martes sin \u00e9xito en Esplugues de Llobregat (Barcelona). Tras su arresto, la joven fue conducida a dependencias de la Guardia Civil y de all\u00ed ser\u00e1 trasladada a la Audiencia Nacional para comparecer ante el juez en virtud de un atestado policial que le acusa de los delitos de rebeli\u00f3n, sedici\u00f3n y\u00a0<b>pertenencia a grupo terrorista<\/b>, han informado a\u00a0<i>Efe\u00a0<\/i>fuentes jur\u00eddicas.<\/span><\/p>\n<div class=\"story-leaf-despiece\" style=\"text-align: justify;\">\n<div class=\"story-leaf-despiece-title\">\n<p><span style=\"font-size: 14pt; font-family: arial, helvetica, sans-serif;\">Unas pruebas \u201cbastante flojas\u201d seg\u00fan el abogado de la detenida<\/span><\/p>\n<\/div>\n<\/div>\n<p style=\"text-align: justify;\"><span style=\"font-size: 14pt; font-family: arial, helvetica, sans-serif;\">Tamara C.G. se ha acogido a su derecho a no declarar ante la Guardia Civil, a la espera de hacerlo hoy en la Audiencia Nacional, y a someterse a las pruebas caligr\u00e1ficas y de ADN que los agentes pretend\u00edan practicarle, por si fuera necesario utilizarlas a lo largo del proceso judicial.<\/span><\/p>\n<p style=\"text-align: justify;\"><span style=\"font-size: 14pt; font-family: arial, helvetica, sans-serif;\">Jordi Busquets,\u00a0<b>abogado de la detenida<\/b>, ha negado que su clienta haya liderado los CDR o coordinado actos de protesta o sabotaje, m\u00e1s all\u00e1 de su papel en un evento popular para recabar fondos de apoyo a los l\u00edderes independentistas presos. Ayer Busquets explic\u00f3 en RAC1 que conf\u00eda que todo caiga por su propio peso, \u201clas pruebas existentes son bastante flojas y no tienen ning\u00fan tipo de trascendencia o consecuencias legales\u201d.<\/span><\/p>\n<div>\n<figure id=\"attachment_10987\" aria-describedby=\"caption-attachment-10987\" style=\"width: 643px\" class=\"wp-caption aligncenter\"><a href=\"https:\/\/puntocritico.com\/ausajpuntocritico\/wp-content\/uploads\/2018\/04\/Agentes-Guardia-Civil-domicilio-CDR_EDIIMA20180411_0004_5.jpg\" rel=\"lightbox[10860]\"><img loading=\"lazy\" decoding=\"async\" class=\"wp-image-10987 size-full\" src=\"https:\/\/puntocritico.com\/ausajpuntocritico\/wp-content\/uploads\/2018\/04\/Agentes-Guardia-Civil-domicilio-CDR_EDIIMA20180411_0004_5.jpg\" alt=\"\" width=\"643\" height=\"428\" srcset=\"https:\/\/puntocritico.com\/ausajpuntocritico\/wp-content\/uploads\/2018\/04\/Agentes-Guardia-Civil-domicilio-CDR_EDIIMA20180411_0004_5.jpg 643w, https:\/\/puntocritico.com\/ausajpuntocritico\/wp-content\/uploads\/2018\/04\/Agentes-Guardia-Civil-domicilio-CDR_EDIIMA20180411_0004_5-300x200.jpg 300w\" sizes=\"auto, (max-width: 643px) 100vw, 643px\" \/><\/a><figcaption id=\"caption-attachment-10987\" class=\"wp-caption-text\"><span style=\"font-size: 10pt; color: #339966;\"><strong>Agentes de la Guardia Civil, tras el registro efectuado en el domicilio de Viladecans de la activista (Quique Garc\u00eda \/ EFE) <\/strong><\/span><\/figcaption><\/figure>\n<\/div>\n<p style=\"text-align: justify;\"><span style=\"font-family: arial, helvetica, sans-serif; font-size: 14pt;\">Una de las principales pruebas que la Guardia Civil ha esgrimido contra la detenida es un archivo de\u00a0<b>audio\u00a0<\/b>difundido por las redes sociales en que explicaba acciones y estrategias que supuestamente se planteaban los CDR para Semana Santa, como cortes en los accesos a Mercabarna o al Puerto de Barcelona.<\/span><\/p>\n<p style=\"text-align: justify;\"><span style=\"font-family: arial, helvetica, sans-serif; font-size: 14pt;\">Desde los Comit\u00e8s de Defensa de la Rep\u00fablica aseguran que las\u00a0<b>pruebas\u00a0<\/b>de la Guardia Civil que tiene contra la detenida son el famoso audio,<a href=\"http:\/\/www.lavanguardia.com\/politica\/20180411\/442471538978\/cdr-pruebas-detenida-audio-google-maps.html\" data-gtm-element=\"container-child-link\" target=\"_blank\" rel=\"noopener\">\u00a0una captura de pantalla de un recorrido de Google Maps<\/a>, un permiso para hacer una actividad l\u00fadica y materiales de esta actividad como t\u00edquets de bebidas o cartelitos de organizaci\u00f3n. Fuentes judiciales a\u00f1aden que en el registro de su domicilio en Viladecans tambi\u00e9n se incautaron una agenda, diversos tel\u00e9fonos m\u00f3viles, un ordenador, una memoria externa, silbatos amarillos y caretas de los Jordis.<\/span><\/p>\n<p style=\"text-align: justify;\"><span style=\"font-family: arial, helvetica, sans-serif; font-size: 14pt;\">Los CDR se han organizado a trav\u00e9s de las redes sociales para dar apoyo a Tamara. Incluso un grupo de personas se ha\u00a0<b>desplazado a Madrid en autob\u00fas\u00a0<\/b>durante esta pasada madrugada para dar apoyo a su compa\u00f1era. Para esta tarde (19.00h) han organizado tambi\u00e9n una\u00a0<b>rueda de prensa p\u00fablica<\/b>\u00a0en Arc de Triomf bajo el lema \u201cyo tambi\u00e9n soy CDR\u201d. Tratar\u00e1n de dar respuesta a la nueva \u201coleada represiva de esta semana\u201d.<\/span><\/p>\n<div class=\"story-leaf-despiece\" style=\"text-align: justify;\">\n<div class=\"story-leaf-despiece-title\">\n<p><span style=\"font-family: arial, helvetica, sans-serif; font-size: 14pt;\">La Fiscal\u00eda la acusa de haber desarrollado \u201cactividades de direcci\u00f3n y coordinaci\u00f3n\u201d<\/span><\/p>\n<\/div>\n<\/div>\n<p style=\"text-align: justify;\"><span style=\"font-family: arial, helvetica, sans-serif; font-size: 14pt;\">El \u00fanico antecedente relacionado con las protestas independentistas que consta a la detenida, seg\u00fan el letrado, es una\u00a0<b>identificaci\u00f3n\u00a0<\/b>policial cuando formaba parte de un grupo de personas que cort\u00f3 la carretera A-2 en Soses (Lleida) en Semana Santa, en protesta por el encarcelamiento de los l\u00edderes del \u201cproc\u00e9s\u201d.<\/span><\/p>\n<p style=\"text-align: justify;\"><span style=\"font-family: arial, helvetica, sans-serif; font-size: 14pt;\">Seg\u00fan la Fiscal\u00eda, tanto la detenida como el huido \u201chabr\u00edan desarrollado actividades de direcci\u00f3n y coordinaci\u00f3n\u201d en los actos de \u201csabotaje\u201d que los\u00a0<b>CDR\u00a0<\/b>llevaron a cabo durante la pasada Semana Santa, concebidos para provocar \u201cun clima de agitaci\u00f3n social\u201d. De hecho, la Fiscal\u00eda ha considerado penalmente a los saboteadores de los CDR de forma similar a como se hizo en su d\u00eda con los llamados\u00a0<b>grupos Y de apoyo a ETA<\/b>, al calificar como terrorismo sus actos de sabotaje por estar dirigidos a \u201csubvertir el orden constitucional\u201d, indicaron a\u00a0<i>Efe\u00a0<\/i>fuentes jur\u00eddicas.<\/span><\/p>\n<figure id=\"attachment_11009\" aria-describedby=\"caption-attachment-11009\" style=\"width: 656px\" class=\"wp-caption aligncenter\"><a href=\"https:\/\/puntocritico.com\/ausajpuntocritico\/wp-content\/uploads\/2018\/04\/img_djuarez_20180410-094539_imagenes_lv_otras_fuentes_cdrrr-k67D-656x357@LaVanguardia-Web.jpg\" rel=\"lightbox[10860]\"><img loading=\"lazy\" decoding=\"async\" class=\"wp-image-11009 size-full\" src=\"https:\/\/puntocritico.com\/ausajpuntocritico\/wp-content\/uploads\/2018\/04\/img_djuarez_20180410-094539_imagenes_lv_otras_fuentes_cdrrr-k67D-656x357@LaVanguardia-Web.jpg\" alt=\"\" width=\"656\" height=\"357\" srcset=\"https:\/\/puntocritico.com\/ausajpuntocritico\/wp-content\/uploads\/2018\/04\/img_djuarez_20180410-094539_imagenes_lv_otras_fuentes_cdrrr-k67D-656x357@LaVanguardia-Web.jpg 656w, https:\/\/puntocritico.com\/ausajpuntocritico\/wp-content\/uploads\/2018\/04\/img_djuarez_20180410-094539_imagenes_lv_otras_fuentes_cdrrr-k67D-656x357@LaVanguardia-Web-300x163.jpg 300w\" sizes=\"auto, (max-width: 656px) 100vw, 656px\" \/><\/a><figcaption id=\"caption-attachment-11009\" class=\"wp-caption-text\"><span style=\"font-size: 10pt; font-family: georgia, palatino, serif; color: #339966;\"><strong>Los CDR abrieron las barreras de los peajes para exigir la liberaci\u00f3n de los pol\u00edticos presos (Twitter\/ CDR Clot-Camp de l&#8217;Arpa) <\/strong><\/span><\/figcaption><\/figure>\n<div style=\"text-align: justify;\">\u00a0<\/div>\n<p style=\"text-align: justify;\"><span style=\"font-family: arial, helvetica, sans-serif; font-size: 14pt;\">En ese sentido, el abogado de la activista mantendr\u00e1 como l\u00ednea de defensa que ninguna de las acciones que su clienta mencionaba en el archivo de audio acab\u00f3 materializ\u00e1ndose. Asegura adem\u00e1s que en el registro del domicilio de su clienta no se ha encontrado ning\u00fan elemento que pueda relacionarla con actividades de\u00a0<b>sabotaje\u00a0<\/b>o de\u00a0<b>terrorismo<\/b>.<\/span><\/p>\n<p style=\"text-align: justify;\"><span style=\"font-family: arial, helvetica, sans-serif; font-size: 14pt;\">Respecto al mapa del cuartel de la Guardia Civil de Travessera de Gr\u00e0cia tambi\u00e9n incautado en su domicilio, la defensa insiste en que se trata de una imagen de Google Maps con indicaciones para desplazarse a las dependencias del instituto armado en Barcelona, donde en los \u00faltimos meses se han convocado numerosas concentraciones de protesta.<\/span><\/p>\n<p style=\"text-align: justify;\"><span style=\"font-family: arial, helvetica, sans-serif; font-size: 14pt;\">Este viernes JxCat, ERC, y la CUP pedir\u00e1n a la Mesa del Parlament con urgencia que apruebe\u00a0<a href=\"http:\/\/www.lavanguardia.com\/politica\/20180411\/442466216974\/parlament-denunciara-operaciones-estado-contra-cdr.html\" data-gtm-element=\"container-child-link\" target=\"_blank\" rel=\"noopener\"><b>resoluci\u00f3n de denuncia<\/b>\u00a0<\/a>a la \u201ccriminalizaci\u00f3n de los CDR por parte del aparato del estado espa\u00f1ol\u201d.<\/span><\/p>\n<h1 class=\"pg-headline\" style=\"text-align: center;\"><a href=\"https:\/\/puntocritico.com\/ausajpuntocritico\/wp-content\/uploads\/2016\/11\/Mosca_Punto_Cr\u00edtico_40.png\" rel=\"lightbox[10860]\"><img loading=\"lazy\" decoding=\"async\" class=\"aligncenter size-full wp-image-48\" src=\"https:\/\/puntocritico.com\/ausajpuntocritico\/wp-content\/uploads\/2016\/11\/Mosca_Punto_Cr\u00edtico_40.png\" alt=\"\" width=\"50\" height=\"50\" \/><\/a><\/h1>\n<h1 style=\"text-align: center;\"><a id=\"ref45\"><\/a><a href=\"#ref45a\">[45]<\/a> Educaci\u00f3n \u2018tumba\u2019 el chollo que ten\u00eda la Universidad Rey Juan Carlos con los polic\u00edas<\/h1>\n<p><span style=\"font-size: 14pt;\">Por ROBERTO R. BALLESTEROS<\/span><\/p>\n<div><span style=\"color: #339966;\">Art\u00edculo publicado el 13 de mayo de 2015<\/span><\/div>\n<div><span style=\"color: #339966;\"><a style=\"color: #339966;\" href=\"https:\/\/www.elconfidencial.com\/espana\/2015-05-13\/educacion-tumba-el-chollo-que-tenia-la-universidad-rey-juan-carlos-con-los-policias_791160\/\" target=\"_blank\" rel=\"noopener\">https:\/\/www.elconfidencial.com\/espana\/2015-05-13\/educacion-tumba-el-chollo-que-tenia-la-universidad-rey-juan-carlos-con-los-policias_791160\/<\/a><\/span><\/div>\n<p>&nbsp;<\/p>\n<figure id=\"attachment_11010\" aria-describedby=\"caption-attachment-11010\" style=\"width: 678px\" class=\"wp-caption aligncenter\"><a href=\"https:\/\/puntocritico.com\/ausajpuntocritico\/wp-content\/uploads\/2018\/04\/educacion-tumba-el-chollo-que-tenia-la-universidad-rey-juan-carlos-con-los-policias.jpg\" rel=\"lightbox[10860]\"><img loading=\"lazy\" decoding=\"async\" class=\"wp-image-11010\" src=\"https:\/\/puntocritico.com\/ausajpuntocritico\/wp-content\/uploads\/2018\/04\/educacion-tumba-el-chollo-que-tenia-la-universidad-rey-juan-carlos-con-los-policias.jpg\" alt=\"\" width=\"678\" height=\"381\" srcset=\"https:\/\/puntocritico.com\/ausajpuntocritico\/wp-content\/uploads\/2018\/04\/educacion-tumba-el-chollo-que-tenia-la-universidad-rey-juan-carlos-con-los-policias.jpg 996w, https:\/\/puntocritico.com\/ausajpuntocritico\/wp-content\/uploads\/2018\/04\/educacion-tumba-el-chollo-que-tenia-la-universidad-rey-juan-carlos-con-los-policias-300x168.jpg 300w, https:\/\/puntocritico.com\/ausajpuntocritico\/wp-content\/uploads\/2018\/04\/educacion-tumba-el-chollo-que-tenia-la-universidad-rey-juan-carlos-con-los-policias-768x431.jpg 768w, https:\/\/puntocritico.com\/ausajpuntocritico\/wp-content\/uploads\/2018\/04\/educacion-tumba-el-chollo-que-tenia-la-universidad-rey-juan-carlos-con-los-policias-678x381.jpg 678w\" sizes=\"auto, (max-width: 678px) 100vw, 678px\" \/><\/a><figcaption id=\"caption-attachment-11010\" class=\"wp-caption-text\"><span style=\"font-size: 10pt; color: #339966;\"><strong>El director General de la Polic\u00eda, Ignacio Cosid\u00f3, en una imagen de archivo. (EFE)<\/strong><\/span><\/figcaption><\/figure>\n<p>&nbsp;<\/p>\n<p style=\"text-align: justify;\"><span style=\"font-size: 14pt; font-family: arial, helvetica, sans-serif;\">Ni un solo mando policial\u00a0<strong>sin t\u00edtulo universitario.\u00a0<\/strong>Es uno de los objetivos que durante estos \u00faltimos a\u00f1os se ha marcado el\u00a0<a href=\"https:\/\/www.elconfidencial.com\/tags\/organismos\/ministerio-del-interior-6090\/\" target=\"_blank\" rel=\"noopener\">Ministerio del Interior<\/a>\u00a0despu\u00e9s de que algunos de sus comisarios hayan sido\u00a0<a href=\"https:\/\/www.elconfidencial.com\/espana\/2015-04-10\/la-audiencia-nacional-ordena-restituir-al-alto-cargo-de-interior-que-ceso-en-febrero_757178\/\" target=\"_blank\" rel=\"noopener\">cesados temporalmente<\/a>\u00a0por no contar con la carrera que exige la ley para determinados puestos.<\/span><\/p>\n<p style=\"text-align: justify;\"><span style=\"font-size: 14pt; font-family: arial, helvetica, sans-serif;\">Para alcanzar este fin, entre otras iniciativas, la Direcci\u00f3n General de la\u00a0<a href=\"https:\/\/www.elconfidencial.com\/tags\/organismos\/policia-nacional-8342\/\" target=\"_blank\" rel=\"noopener\">Polic\u00eda<\/a>\u00a0lleg\u00f3 a un acuerdo con la\u00a0<a href=\"https:\/\/www.elconfidencial.com\/tags\/otros\/universidad-rey-juan-carlos-urjc-13023\/\" target=\"_blank\" rel=\"noopener\">Universidad Rey Juan Carlos<\/a>\u00a0de Madrid. El centro educativo cre\u00f3 un\u00a0<a href=\"https:\/\/www.elconfidencial.com\/espana\/2014-11-08\/el-chollo-de-la-universidad-600-000-euros-por-impartir-un-curso-online-a-comisarios_439493\/\" target=\"_blank\" rel=\"noopener\">curso\u00a0<em>online<\/em>\u00a0destinado\u00a0a comisarios<\/a>\u00a0e inspectores jefes tras el cual los que lo recib\u00edan obten\u00edan el\u00a0<strong>grado en Criminolog\u00eda<\/strong>. La universidad entend\u00eda que las asignaturas internas realizadas por los polic\u00edas durante su trayectoria profesional eran una base perfecta y que, por lo tanto, los funcionarios \u00fanicamente ten\u00edan que superar 60 cr\u00e9ditos m\u00e1s para obtener la tan ansiada titulaci\u00f3n.<\/span><\/p>\n<p style=\"text-align: justify;\"><span style=\"font-size: 14pt; font-family: arial, helvetica, sans-serif;\">La iniciativa, que este curso celebra su segunda edici\u00f3n, ha supuesto, adem\u00e1s, importantes beneficios para el centro universitario, ya que cada uno de los asistentes deb\u00eda desembolsar 3.000 euros. En estos dos a\u00f1os, 200 alumnos provenientes de las escalas superiores de la Polic\u00eda han realizado el curso, lo que sit\u00faa la cifra de ingresos de la instituci\u00f3n en\u00a0<strong>600.000 euros<\/strong>.<\/span><\/p>\n<p style=\"text-align: justify;\"><span class=\"summary block-summary\" style=\"font-size: 14pt; font-family: arial, helvetica, sans-serif;\">El centro educativo cre\u00f3 un curso online destinado a comisarios e inspectores jefes tras el cual los que lo recib\u00edan obten\u00edan el grado en Criminolog\u00eda<\/span><\/p>\n<p style=\"text-align: justify;\"><span style=\"font-size: 14pt; font-family: arial, helvetica, sans-serif;\">El fil\u00f3n encontrado por la universidad, sin embargo, acaba de ser puesto en duda por el\u00a0<a href=\"https:\/\/www.elconfidencial.com\/tags\/organismos\/ministerio-de-educacion-5672\/\" target=\"_blank\" rel=\"noopener\">Ministerio de Educaci\u00f3n<\/a>. En concreto, la Secretar\u00eda General de Universidades, en respuesta a la solicitud de uno de los alumnos que reclamaba la convalidaci\u00f3n con una licenciatura, asegura que se trata de un curso\u00a0<strong>\u201cinsuficiente a todas luces para ser considerado t\u00edtulo oficial del nivel universitario de diplomado\u201d<\/strong>.<\/span><\/p>\n<p style=\"text-align: justify;\"><span style=\"font-size: 14pt; font-family: arial, helvetica, sans-serif;\">La Secretar\u00eda General recuerda que estamos ante un t\u00edtulo realizado \u201cen un periodo corto de tiempo (pocos meses)\u201d, \u201ca distancia y con una carga lectiva total de 60 cr\u00e9ditos\u201d, lo que supone \u00fanicamente\u00a0<strong>la mitad de los cr\u00e9ditos previstos<\/strong>\u00a0para completar una diplomatura, titulaci\u00f3n exigida por la ley para otorgar la licenciatura a inspectores o superiores jer\u00e1rquicos.<\/span><\/p>\n<p style=\"text-align: justify;\"><span style=\"font-size: 14pt; font-family: arial, helvetica, sans-serif;\">\u201cEl que la universidad haya organizado un curso de 60 cr\u00e9ditos para que los inspectores de la\u00a0<strong>Polic\u00eda\u00a0<\/strong>obtengan un t\u00edtulo oficial de grado de la nueva ordenaci\u00f3n escapa a nuestro control, pero\u00a0<strong>no puede suponer en ning\u00fan caso<\/strong>que, haci\u00e9ndolo valer, se pueda obtener tambi\u00e9n el t\u00edtulo oficial de licenciado\u201d, aclara la Direcci\u00f3n General de Polic\u00eda Universitaria de la mencionada Secretar\u00eda General.<\/span><\/p>\n<p style=\"text-align: justify;\"><span style=\"font-size: 14pt; font-family: arial, helvetica, sans-serif;\">Obtener una licenciatura, recuerda el organismo gubernamental,<strong>\u00a0\u201csupone cursar estudios de ese nivel\u201d<\/strong>; es decir, \u201ccuatro o cinco a\u00f1os con un m\u00ednimo de 60 cr\u00e9ditos por a\u00f1o\u201d. Por eso, contin\u00faa, \u201cla equivalencia\u201d solo puede concederse a \u201caquellos inspectores que se encuentran en posesi\u00f3n de una diplomatura (tres a\u00f1os \/ 180 cr\u00e9ditos)\u201d.<\/span><\/p>\n<div class=\"articlephoto news-width-text\">\n<figure class=\"news-img-figure\" style=\"text-align: justify;\"><span style=\"font-size: 14pt; font-family: arial, helvetica, sans-serif;\"><a href=\"https:\/\/puntocritico.com\/ausajpuntocritico\/wp-content\/uploads\/2018\/04\/imagen-sin-titulo.jpg\" rel=\"lightbox[10860]\"><img loading=\"lazy\" decoding=\"async\" class=\"wp-image-11011 aligncenter\" src=\"https:\/\/puntocritico.com\/ausajpuntocritico\/wp-content\/uploads\/2018\/04\/imagen-sin-titulo.jpg\" alt=\"\" width=\"678\" height=\"384\" srcset=\"https:\/\/puntocritico.com\/ausajpuntocritico\/wp-content\/uploads\/2018\/04\/imagen-sin-titulo.jpg 1338w, https:\/\/puntocritico.com\/ausajpuntocritico\/wp-content\/uploads\/2018\/04\/imagen-sin-titulo-300x170.jpg 300w, https:\/\/puntocritico.com\/ausajpuntocritico\/wp-content\/uploads\/2018\/04\/imagen-sin-titulo-768x435.jpg 768w, https:\/\/puntocritico.com\/ausajpuntocritico\/wp-content\/uploads\/2018\/04\/imagen-sin-titulo-1024x579.jpg 1024w\" sizes=\"auto, (max-width: 678px) 100vw, 678px\" \/><\/a><\/span><\/figure>\n<\/div>\n<p style=\"text-align: justify;\"><span style=\"font-family: arial, helvetica, sans-serif; font-size: 14pt;\">Educaci\u00f3n argumenta tambi\u00e9n que los estudios de grado, incluso completos (240 cr\u00e9ditos), \u201cno se pueden asimilar a los de diplomado, ya que su estructura, derivada de la nueva ordenaci\u00f3n universitaria,\u00a0<strong>es realmente distinta<\/strong>\u201d. \u201cCon independencia de que en estos estudios se haya superado el m\u00ednimo de 180 cr\u00e9ditos, que es la carga lectiva m\u00ednima de las diplomaturas, no se pueden considerar equivalentes\u201d, a\u00f1ade.<\/span><\/p>\n<p style=\"text-align: justify;\"><span style=\"font-family: arial, helvetica, sans-serif; font-size: 14pt;\">Para evitar estos problemas y otros de \u00edndole judicial, el Gobierno decidi\u00f3 otorgar titulaciones universitarias a todos los polic\u00edas que tienen el nivel de subinspector o superior. En concreto, a trav\u00e9s de la orden 775 del pasado 29 de abril emitida por el Ministerio de Educaci\u00f3n, el Ejecutivo estableci\u00f3 que todo funcionario que fuera nombrado a partir de entonces subinspector de la Polic\u00eda obtendr\u00eda la\u00a0<strong>equivalencia al t\u00edtulo de grado<\/strong>, mientras los inspectores alcanzar\u00edan el\u00a0<strong>nivel acad\u00e9mico de m\u00e1ster oficial<\/strong>.<\/span><\/p>\n<p style=\"text-align: justify;\"><span style=\"font-family: arial, helvetica, sans-serif; font-size: 14pt;\">Esta orden resuelve el problema de las titulaciones, aunque en algunos sectores del cuerpo<strong>\u00a0no ha sentado bien<\/strong>, ya que equipara a los que han estudiado una carrera con los que no lo han hecho. La medida tambi\u00e9n ha sido recibida con recelo por los funcionarios\u00a0de la\u00a0<strong>Guardia\u00a0Civil<\/strong>, que demandan una equivalencia similar para los miembros del instituto armado.<\/span><\/p>\n<p style=\"text-align: justify;\"><span style=\"font-family: arial, helvetica, sans-serif; font-size: 14pt;\">Por otro lado, el director de la Polic\u00eda,\u00a0<strong>Ignacio Cosid\u00f3<\/strong>, pretende crear\u00a0<a href=\"https:\/\/www.elconfidencial.com\/espana\/2014-11-10\/aneca-estudia-aprobar-la-creacion-de-una-universidad-para-policias-nacionales_435909\/\" target=\"_blank\" rel=\"noopener\">un centro universitario propio<\/a>\u00a0del cuerpo con el fin de otorgar un mayor rango acad\u00e9mico a los cursos internos que realizan los funcionarios cuando ascienden dentro de la corporaci\u00f3n o despu\u00e9s de incorporarse a la misma.<\/span><\/p>\n<h1 class=\"pg-headline\" style=\"text-align: center;\"><a href=\"https:\/\/puntocritico.com\/ausajpuntocritico\/wp-content\/uploads\/2016\/11\/Mosca_Punto_Cr\u00edtico_40.png\" rel=\"lightbox[10860]\"><img loading=\"lazy\" decoding=\"async\" class=\"aligncenter size-full wp-image-48\" src=\"https:\/\/puntocritico.com\/ausajpuntocritico\/wp-content\/uploads\/2016\/11\/Mosca_Punto_Cr\u00edtico_40.png\" alt=\"\" width=\"50\" height=\"50\" \/><\/a><\/h1>\n<h1 style=\"text-align: center;\"><a id=\"ref46\"><\/a><a href=\"#ref46a\">[46]<\/a> La misteriosa desaparici\u00f3n de los t\u00edtulos de Ana Pastor, Toni Cant\u00f3 y otros diputados tras el &#8216;mastergate&#8217;<\/h1>\n<p><span style=\"font-size: 14pt;\">Por P\u00daBLICO<\/span><\/p>\n<div><span style=\"color: #339966;\">Art\u00edculo publicado el 14 de abril de 2018 en\u00a0<\/span><\/div>\n<div><span style=\"color: #339966;\"><a style=\"color: #339966;\" href=\"http:\/\/www.publico.es\/politica\/misteriosa-desaparicion-titulos-ana-pastor-toni-canto-y-otros-diputados-mastergate.html\" target=\"_blank\" rel=\"noopener\">http:\/\/www.publico.es\/politica\/misteriosa-desaparicion-titulos-ana-pastor-toni-canto-y-otros-diputados-mastergate.html<\/a><\/span><\/div>\n<div>\u00a0<\/div>\n<div>\u00a0<\/div>\n<figure id=\"attachment_11012\" aria-describedby=\"caption-attachment-11012\" style=\"width: 660px\" class=\"wp-caption aligncenter\"><a href=\"https:\/\/puntocritico.com\/ausajpuntocritico\/wp-content\/uploads\/2018\/04\/5acf45b28a3e0.jpg\" rel=\"lightbox[10860]\"><img loading=\"lazy\" decoding=\"async\" class=\"wp-image-11012 size-full\" src=\"https:\/\/puntocritico.com\/ausajpuntocritico\/wp-content\/uploads\/2018\/04\/5acf45b28a3e0.jpg\" alt=\"\" width=\"660\" height=\"340\" srcset=\"https:\/\/puntocritico.com\/ausajpuntocritico\/wp-content\/uploads\/2018\/04\/5acf45b28a3e0.jpg 660w, https:\/\/puntocritico.com\/ausajpuntocritico\/wp-content\/uploads\/2018\/04\/5acf45b28a3e0-300x155.jpg 300w\" sizes=\"auto, (max-width: 660px) 100vw, 660px\" \/><\/a><figcaption id=\"caption-attachment-11012\" class=\"wp-caption-text\"><span style=\"font-size: 10pt; color: #339966;\"><strong>Ana Pastor, presidenta del Congreso.- EFE \/ ARCHIVO<\/strong><\/span><span style=\"text-align: center; font-size: 16px;\">\u00a0<\/span><\/figcaption><\/figure>\n<header class=\"article-header\">\n<div class=\"article-header-epigraph\">\n<blockquote>\n<p style=\"text-align: justify;\"><span style=\"font-size: 14pt; font-family: arial, helvetica, sans-serif;\">Al menos 15 diputados del Congreso han modificado la informaci\u00f3n sobre su titulaci\u00f3n acad\u00e9mica en la actual legislatura respecto a la actual.<\/span><\/p>\n<\/blockquote>\n<\/div>\n<\/header>\n<div class=\"article-content\">\n<div class=\"column left-side\">\u00a0<span style=\"font-family: arial, helvetica, sans-serif; font-size: 14pt; text-align: justify;\">Tras el esc\u00e1ndalo del cada vez menos presuntamente m\u00e1ster falsificado de Cristina Cifuentes, la desaparici\u00f3n o modificaci\u00f3n de t\u00edtulos acad\u00e9micos expuestos en las fichas de los diputados del Congreso ha comenzado. Seg\u00fan una comparaci\u00f3n exhaustiva realizada por\u00a0<\/span><a style=\"font-family: arial, helvetica, sans-serif; font-size: 14pt; text-align: justify;\" href=\"https:\/\/www.elconfidencial.com\/tecnologia\/2018-04-12\/curriculum-vitae-web-congreso-misterios_1548226\/\" target=\"_blank\" rel=\"noopener noreferrer\"><i>El Confidencial<\/i><i>\u00a0<\/i><\/a><span style=\"font-family: arial, helvetica, sans-serif; font-size: 14pt; text-align: justify;\">\u00a0 varios diputados del Congreso han modificado la formaci\u00f3n acad\u00e9mica que muestra su ficha en la actual legislatura, sobre diputados del PP. Al menos ocho miembros de la bancada conservadora han realizado cambios.<\/span><\/div>\n<\/div>\n<p id=\"m630-2-631\" style=\"text-align: justify;\"><span style=\"font-family: arial, helvetica, sans-serif; font-size: 14pt;\">Por ejemplo,<b>\u00a0Ana Pastor<\/b>, actual presidenta del Congreso y exministra de Fomento en la anterior legislatura. En su ficha de la web del Congreso afirmaba que curs\u00f3 un MBA (M\u00e1ster en Administraci\u00f3n de Empresas). Sin embargo, en su ficha de la actual legislatura este t\u00edtulo ha desaparecido, aunque sigue figurando en la p\u00e1gina web del PP.<\/span><\/p>\n<p id=\"m635-3-636\" style=\"text-align: justify;\"><span style=\"font-family: arial, helvetica, sans-serif; font-size: 14pt;\">Tambi\u00e9n entre miembros de la oposici\u00f3n.<b>\u00a0Toni Cant\u00f3<\/b>, diputado de Ciudadanos, era \u00abpedagogo\u00bb seg\u00fan su biograf\u00eda de la anterior legislatura, aunque en la actual ha preferido borrarlo de su curr\u00edculum. Seg\u00fan explicaba en una entrevista en\u00a0<i>Jot Down<\/i>\u00a0en 2013, nunca obtuvo la carrera oficial de Magisterio de Teatro, pero ha sido profesor de teatro \u00abdesde hace mucho tiempo\u00bb.\u00a0<\/span><\/p>\n<p id=\"m640-4-641\" style=\"text-align: justify;\"><span style=\"font-family: arial, helvetica, sans-serif; font-size: 14pt;\">Son destacados nombres que se suman a otros que se descubrieron la pasada semana, como el de<b>\u00a0Javier Maroto<\/b>,\u00a0vicesecretario de Pol\u00edtica Social y Sectorial del PP. Hab\u00eda cursado un m\u00e1ster en Gesti\u00f3n y Administraci\u00f3n P\u00fablica en el IESE, seg\u00fan la biograf\u00eda oficial que aparec\u00eda en la p\u00e1gina del partido. Hasta la semana pasada, cuando el PP decidi\u00f3 modificar su curr\u00edculum. En la p\u00e1gina del Congreso figuraba que Maroto ten\u00eda un Programa de Liderazgo para la Gesti\u00f3n P\u00fablica en el IESE. \u00c9l mismo ten\u00eda que explicarse ante la periodista Pepa Bueno en la\u00a0<i>Cadena Ser:\u00a0<\/i>\u00abNo, tengo un Programa de Gesti\u00f3n de Administraci\u00f3n P\u00fablica, un t\u00edtulo menor al m\u00e1ster porque se hace en un a\u00f1o\u00bb, afirm\u00f3.<\/span><\/p>\n<p id=\"m645-5-646\" style=\"text-align: justify;\"><span style=\"font-family: arial, helvetica, sans-serif; font-size: 14pt;\">Seg\u00fan\u00a0<i>El Confidencial<\/i>, hay al menos<b>\u00a015 diputados cuya titulaci\u00f3n ha sido modificada<\/b>\u00a0desde la anterior legislatura. Entre ellos,\u00a0<b>Jorge Moragas<\/b>, el jefe de gabinete de Rajoy, actual embajador de Espa\u00f1a ante la ONU en Nueva York. En la pasada legislatura mostraba un t\u00edtulo de m\u00e1ster del Centro de Estudios Internacionales de Barcelona que hoy no aparece en su biograf\u00eda.<\/span><\/p>\n<h1 class=\"pg-headline\" style=\"text-align: center;\"><a href=\"https:\/\/puntocritico.com\/ausajpuntocritico\/wp-content\/uploads\/2016\/11\/Mosca_Punto_Cr\u00edtico_40.png\" rel=\"lightbox[10860]\"><img loading=\"lazy\" decoding=\"async\" class=\"aligncenter size-full wp-image-48\" src=\"https:\/\/puntocritico.com\/ausajpuntocritico\/wp-content\/uploads\/2016\/11\/Mosca_Punto_Cr\u00edtico_40.png\" alt=\"\" width=\"50\" height=\"50\" \/><\/a><\/h1>\n<h1 class=\"bkn headline typ-g2\" style=\"text-align: center;\"><a id=\"ref47\"><\/a><a href=\"#ref47a\">[47]<\/a> Fiscal\u00eda investigar\u00e1 las licenciaturas expedidas por la Universidad Rey Juan Carlos a altos mandos de la Polic\u00eda Nacional<\/h1>\n<p>Por eldiario.es<\/p>\n<div><span style=\"color: #339966;\">Art\u00edculo publicado el 12 de abril de 2018<\/span><\/div>\n<div><span style=\"color: #339966;\"><a style=\"color: #339966;\" href=\"https:\/\/www.eldiario.es\/sociedad\/dia-clave-master-Cifuentes_13_757454248_19646.html\" target=\"_blank\" rel=\"noopener\">https:\/\/www.eldiario.es\/sociedad\/dia-clave-master-Cifuentes_13_757454248_19646.html<\/a><\/span><\/div>\n<div>\u00a0<\/div>\n<figure id=\"attachment_11013\" aria-describedby=\"caption-attachment-11013\" style=\"width: 394px\" class=\"wp-caption aligncenter\"><a href=\"https:\/\/puntocritico.com\/ausajpuntocritico\/wp-content\/uploads\/2018\/04\/Policia_Nacional_EDIIMA20140516_0128_36.jpg\" rel=\"lightbox[10860]\"><img loading=\"lazy\" decoding=\"async\" class=\"wp-image-11013 size-full\" src=\"https:\/\/puntocritico.com\/ausajpuntocritico\/wp-content\/uploads\/2018\/04\/Policia_Nacional_EDIIMA20140516_0128_36.jpg\" alt=\"\" width=\"394\" height=\"233\" srcset=\"https:\/\/puntocritico.com\/ausajpuntocritico\/wp-content\/uploads\/2018\/04\/Policia_Nacional_EDIIMA20140516_0128_36.jpg 394w, https:\/\/puntocritico.com\/ausajpuntocritico\/wp-content\/uploads\/2018\/04\/Policia_Nacional_EDIIMA20140516_0128_36-300x177.jpg 300w\" sizes=\"auto, (max-width: 394px) 100vw, 394px\" \/><\/a><figcaption id=\"caption-attachment-11013\" class=\"wp-caption-text\"><span style=\"font-size: 10pt; color: #339966;\"><strong>Uniforme de la Polic\u00eda Nacional<\/strong><\/span><\/figcaption><\/figure>\n<p class=\"bkn headline typ-g2\" style=\"text-align: justify;\"><span style=\"font-size: 14pt; font-family: arial, helvetica, sans-serif;\">Fiscal\u00eda investigar\u00e1 las licenciaturas expedidas por la Universidad Rey Juan Carlos a altos mandos de la Polic\u00eda Nacional<\/span><\/p>\n<div class=\"mce\">\n<p class=\"mce\" style=\"text-align: justify;\"><span style=\"font-size: 14pt; font-family: arial, helvetica, sans-serif;\">El sindicato Alternativa Sindical de Polic\u00eda ha presentado ante la Fiscal\u00eda de M\u00f3stoles una denuncia sobre una presunta trama de grados universitarios para comisarios que se imparte en la Universidad Rey Juan Carlos, salpicada en las \u00faltimas semanas con el esc\u00e1ndalo sobre el m\u00e1ster de Cifuentes.\u00a0<\/span><\/p>\n<p class=\"mce\" style=\"text-align: justify;\"><span style=\"font-size: 14pt; font-family: arial, helvetica, sans-serif;\">La denuncia, que pasar\u00e1 a ser una querella, investigar\u00e1 la implicaci\u00f3n de la URJC con la expedici\u00f3n de t\u00edtulos universitarios falseados que habr\u00edan beneficiado a diversos inspectores y comisarios de la Polic\u00eda Nacional ya que, desde 2015, es necesario ser licenciado para acceder a los puestos de m\u00e1xima responsabilidad dentro de \u00e9ste cuerpo.\u00a0<\/span><\/p>\n<p class=\"mce\" style=\"text-align: justify;\"><span style=\"font-size: 14pt; font-family: arial, helvetica, sans-serif;\">Se sospecha que, previo pago y sin asistir a clase,\u00a0 algunos mandos pudieron pasar de un t\u00edtulo en bachillerato a un grado universitario en un solo a\u00f1o gracias a un curso Online que organiz\u00f3 la Direcci\u00f3n General de la Polic\u00eda y \u00e9ste centro universitario.\u00a0<\/span><\/p>\n<\/div>\n<h1 class=\"pg-headline\" style=\"text-align: center;\"><a href=\"https:\/\/puntocritico.com\/ausajpuntocritico\/wp-content\/uploads\/2016\/11\/Mosca_Punto_Cr\u00edtico_40.png\" rel=\"lightbox[10860]\"><img loading=\"lazy\" decoding=\"async\" class=\"aligncenter size-full wp-image-48\" src=\"https:\/\/puntocritico.com\/ausajpuntocritico\/wp-content\/uploads\/2016\/11\/Mosca_Punto_Cr\u00edtico_40.png\" alt=\"\" width=\"50\" height=\"50\" \/><\/a><\/h1>\n<h1 class=\"story-leaf-title\" style=\"text-align: center;\"><a id=\"ref48\"><\/a><a href=\"#ref48a\">[48]<\/a> El juez deja libre a la supuesta coordinadora de los CDR y descarta terrorismo\u00a0<\/h1>\n<aside class=\"story-leaf-aside-social social-top red\">\n<div class=\"row red\">\n<div class=\"col-xs-6 col-sm-3 col-md-3 red\">\n<div class=\"story-leaf-social-comments red\">\n<div class=\"story-leaf-comment-count red\">\u00a0<\/div>\n<\/div>\n<\/div>\n<\/div>\n<\/aside>\n<div class=\"story-leaf-body\">\n<div class=\"story-leaf-author\"><span style=\"font-size: 14pt;\">Por CARLOTA GUINDAL<\/span><\/div>\n<div>\u00a0<\/div>\n<\/div>\n<div><span style=\"color: #339966;\">Art\u00edculo publicado el 12 de abril de 2018 en<\/span><\/div>\n<div><span style=\"color: #339966;\"><a style=\"color: #339966;\" href=\"http:\/\/www.lavanguardia.com\/politica\/20180412\/442484770448\/juez-libertad-tamara-carrasco-cdr.html\" target=\"_blank\" rel=\"noopener\">http:\/\/www.lavanguardia.com\/politica\/20180412\/442484770448\/juez-libertad-tamara-carrasco-cdr.html<\/a><\/span><\/div>\n<div>\u00a0<\/div>\n<figure id=\"attachment_10986\" aria-describedby=\"caption-attachment-10986\" style=\"width: 643px\" class=\"wp-caption aligncenter\"><a href=\"https:\/\/puntocritico.com\/ausajpuntocritico\/wp-content\/uploads\/2018\/04\/Fiscalia-investiga-terrorismo-responsable-CDR_EDIIMA20180410_0274_4.jpg\" rel=\"lightbox[10860]\"><img loading=\"lazy\" decoding=\"async\" class=\"wp-image-10986 size-full\" src=\"https:\/\/puntocritico.com\/ausajpuntocritico\/wp-content\/uploads\/2018\/04\/Fiscalia-investiga-terrorismo-responsable-CDR_EDIIMA20180410_0274_4.jpg\" alt=\"\" width=\"643\" height=\"362\" srcset=\"https:\/\/puntocritico.com\/ausajpuntocritico\/wp-content\/uploads\/2018\/04\/Fiscalia-investiga-terrorismo-responsable-CDR_EDIIMA20180410_0274_4.jpg 643w, https:\/\/puntocritico.com\/ausajpuntocritico\/wp-content\/uploads\/2018\/04\/Fiscalia-investiga-terrorismo-responsable-CDR_EDIIMA20180410_0274_4-300x169.jpg 300w\" sizes=\"auto, (max-width: 643px) 100vw, 643px\" \/><\/a><figcaption id=\"caption-attachment-10986\" class=\"wp-caption-text\"><span style=\"font-size: 10pt; color: #339966;\"><strong>Agentes de la Guardia Civil con la detenida este martes en Viladecans (Efe\/ Quique Garc\u00eda) <\/strong><\/span><\/figcaption><\/figure>\n<p>&nbsp;<\/p>\n<div class=\"row\">\n<div class=\"col-xs-12 col-sm-12 col-md-12\">\n<header class=\"story-leaf-header\">\n<blockquote>\n<p style=\"text-align: justify;\"><span style=\"font-size: 14pt; font-family: arial, helvetica, sans-serif;\">De Egea atribuye a Tamara Carrasco un delito de des\u00f3rdenes p\u00fablicos y deber\u00e1 comparecer los lunes ante el juez de guardia y no podr\u00e1 salir de Viladecans<\/span><\/p>\n<\/blockquote>\n<\/header>\n<\/div>\n<\/div>\n<div class=\"row red\">\n<div class=\"col-xs-12 col-sm-12 col-md-8 red\" style=\"text-align: justify;\"><span style=\"font-size: 14pt; font-family: arial, helvetica, sans-serif;\">El juez de la\u00a0<b>Audiencia Nacional\u00a0<\/b><b>Diego de Egea\u00a0<\/b>ha ordenado la libertad provisional con medidas cautelares para<b>\u00a0Tamara Carrasco<\/b>, detenida el martes en la operaci\u00f3n contra los\u00a0<b>CDR\u00a0<\/b>como supuesta coordinadora de los\u00a0<b>Comit\u00e9s de Defensa de la Rep\u00fablica<\/b>. El magistrado, que ha actuado contra el criterio de la\u00a0<b>Fiscal\u00eda<\/b>, atribuye a la mujer de Viladecans (Barcelona) un delito de\u00a0<b>des\u00f3rdenes p\u00fablicos\u00a0<\/b>a la vez que ha descartado los delitos de\u00a0<b>terrorismo\u00a0<\/b>y\u00a0<b>rebeli\u00f3n\u00a0<\/b>que le imputaba la Guardia Civil.<\/span><\/div>\n<\/div>\n<p style=\"text-align: justify;\"><span style=\"font-size: 14pt; font-family: arial, helvetica, sans-serif;\">El juez le impone medidas cautelares como comparecencias todos los lunes en el juzgado de guardia, prohibici\u00f3n de salida del municipio de residencia, salvo para acudir al trabajo si este estuviera fuera de dicha localidad. Adem\u00e1s le impone la necesidad de autorizaci\u00f3n judicial para realizar cualquier salida del municipio, prohibici\u00f3n de salida del territorio nacional y facilitar domicilio y tel\u00e9fono donde pueda estar localizable.<\/span><\/p>\n<h2 style=\"text-align: justify;\"><span style=\"font-size: 14pt; font-family: arial, helvetica, sans-serif;\">El juez dictar\u00e1 una orden de detenci\u00f3n contra la otra persona que no ha sido localizada<\/span><\/h2>\n<p style=\"text-align: justify;\"><span style=\"font-size: 14pt; font-family: arial, helvetica, sans-serif;\">Por otro lado, el magistrado va a dictar una orden de detenci\u00f3n respecto de la otra persona que no ha sido localizada.<\/span><\/p>\n<p style=\"text-align: justify;\"><span style=\"font-size: 14pt; font-family: arial, helvetica, sans-serif;\">La Fiscal\u00eda de la Audiencia Nacional solicitaba el ingreso en prisi\u00f3n para Carrasco al apreciar riesgo de reiteraci\u00f3n delictiva y de destrucci\u00f3n de pruebas y considera a la investigada como \u201cpresunta responsable de delitos cometidos con finalidad de rebeli\u00f3n, sin perjuicio de las ulteriores calificaciones que puedan adoptarse tras el avance de la investigaci\u00f3n\u201d.<\/span><\/p>\n<p style=\"text-align: justify;\"><span style=\"font-size: 14pt; font-family: arial, helvetica, sans-serif;\">Seg\u00fan el Ministerio P\u00fablico la investigada \u201chabr\u00eda desarrollado actividades de direcci\u00f3n y coordinaci\u00f3n en actos de sabotaje, formando parte de un reducido equipo de direcci\u00f3n que determina las pautas de actuaci\u00f3n y las consignas de movilizaci\u00f3n de estos grupos, con actos de rebeld\u00eda, encaminados a normalizar la desobediencia y exteriorizar la confrontaci\u00f3n con el Estado, trasladando a la calle con actuaciones violentas el proceso soberanista catal\u00e1n\u201d que se investiga en sendos procedimientos en el Tribunal Supremo y la Audiencia Nacional, como \u201cuna clara una amenaza directa al orden constitucional establecido\u201d.<\/span><\/p>\n<h2 style=\"text-align: justify;\"><span style=\"font-size: 14pt; font-family: arial, helvetica, sans-serif;\">Los motivos de la Fiscal\u00eda<\/span><\/h2>\n<p style=\"text-align: justify;\"><span style=\"font-size: 14pt; font-family: arial, helvetica, sans-serif;\">La Fiscal\u00eda justificaba su petici\u00f3n de c\u00e1rcel en \u201cla gravedad de las penas que los hechos conlleva\u201d, en el riesgo de reiteraci\u00f3n delictiva, \u201cdadas las acciones que la detenida presuntamente pretend\u00eda coordinar\u201d, y en evitar la destrucci\u00f3n de pruebas \u201cpor la actitud ya acreditada de la misma\u201d.<\/span><\/p>\n<p style=\"text-align: justify;\"><span style=\"font-size: 14pt; font-family: arial, helvetica, sans-serif;\">Tras su detenci\u00f3n,\u00a0<b>Tamara Carrasco\u00a0<\/b>fue trasladada a las dependencias de la Guardia Civil donde fue interrogada y desde ah\u00ed enviada a la Audiencia Nacional. Tras su detenci\u00f3n, su abogado ya neg\u00f3 que su clienta haya liderado los CDR o coordinado actos de protesta o sabotaje, m\u00e1s all\u00e1 de su papel en un evento popular para recabar fondos de apoyo a los l\u00edderes independentistas presos.<\/span><\/p>\n<p style=\"text-align: justify;\"><span style=\"font-size: 14pt; font-family: arial, helvetica, sans-serif;\">El \u00fanico antecedente relacionado con las protestas independentistas que consta a la detenida, seg\u00fan el letrado, es una identificaci\u00f3n policial cuando formaba parte de un grupo de personas que cort\u00f3 la carretera A-2 en Soses (Lleida) en Semana Santa, en protesta por el encarcelamiento de los l\u00edderes del \u2018proc\u00e9s\u2019.<\/span><\/p>\n<p style=\"text-align: justify;\"><span style=\"font-size: 14pt; font-family: arial, helvetica, sans-serif;\">Una de las principales pruebas que la Guardia Civil ha esgrimido contra la detenida es un archivo de audio difundido por las redes sociales en que explicaba acciones y estrategias que supuestamente se planteaban los CDR para Semana Santa, como cortes en los accesos a Mercabarna o al Puerto de Barcelona.<\/span><a href=\"https:\/\/puntocritico.com\/ausajpuntocritico\/wp-content\/uploads\/2016\/11\/Mosca_Punto_Cr\u00edtico_40.png\" rel=\"lightbox[10860]\"><img loading=\"lazy\" decoding=\"async\" class=\"aligncenter size-full wp-image-48\" src=\"https:\/\/puntocritico.com\/ausajpuntocritico\/wp-content\/uploads\/2016\/11\/Mosca_Punto_Cr\u00edtico_40.png\" alt=\"\" width=\"50\" height=\"50\" \/><\/a><\/p>\n<h1>\u00a0<\/h1>\n<h1 style=\"text-align: center;\"><a id=\"ref49\"><\/a><a href=\"#ref49a\">[49]<\/a> La especialidad de Colau<\/h1>\n<p><span style=\"font-size: 14pt;\">Por lavanguardia.com<\/span><\/p>\n<div><span style=\"color: #339966;\">Art\u00edculo publicado el 12 de abril de 2018 en<\/span><\/div>\n<div><span style=\"color: #339966;\"><a style=\"color: #339966;\" href=\"http:\/\/www.lavanguardia.com\/opinion\/20180412\/442476568692\/la-especialidad-de-colau.html\" target=\"_blank\" rel=\"noopener\">http:\/\/www.lavanguardia.com\/opinion\/20180412\/442476568692\/la-especialidad-de-colau.html<\/a><\/span><\/div>\n<p style=\"text-align: justify;\">\u00a0<\/p>\n<p style=\"text-align: justify;\"><span style=\"font-family: arial, helvetica, sans-serif; font-size: 14pt;\">El caso de Cristina Cifuentes y su supuesto m\u00e1ster universitario ha desatado la caza de falsedades en los t\u00edtulos de los pol\u00edticos espa\u00f1oles. Ser\u00eda injusto no hacer notar que la inmensa mayor\u00eda de ellos no ha ocultado jam\u00e1s sus m\u00e9ritos acad\u00e9micos reales. Es el caso de Ada Colau, que siempre ha reconocido que, a pesar de obtener unas notas brillantes \u2013que hizo p\u00fablicas\u2013 y de gozar de un Erasmus en Mil\u00e1n \u2013habla un excelente italiano\u2013, no acab\u00f3 la carrera de Filosof\u00eda que comenz\u00f3 a cursar en la UB. No obstante, leyendo el texto de introducci\u00f3n a la conferencia que dar\u00e1 en el encuentro Di\u00e1logos Urbanosque tendr\u00e1 lugar en Montevideo el d\u00eda 16 cualquiera podr\u00eda pensar que es una reconocida jurista. Reza as\u00ed: \u201cInvestigadora y defensora de los derechos humanos, especializada en temas de derecho a la vivienda y derecho a la ciudad. Ha adquirido sus competencias profesionales y pol\u00edticas a lo largo de los \u00faltimos 20 a\u00f1os a trav\u00e9s de sus estudios acad\u00e9micos e informales, su trabajo en organizaciones civiles y su participaci\u00f3n en movimientos sociales\u201d.<\/span><\/p>\n<h1 class=\"pg-headline\" style=\"text-align: center;\"><a href=\"https:\/\/puntocritico.com\/ausajpuntocritico\/wp-content\/uploads\/2016\/11\/Mosca_Punto_Cr\u00edtico_40.png\" rel=\"lightbox[10860]\"><img loading=\"lazy\" decoding=\"async\" class=\"aligncenter size-full wp-image-48\" src=\"https:\/\/puntocritico.com\/ausajpuntocritico\/wp-content\/uploads\/2016\/11\/Mosca_Punto_Cr\u00edtico_40.png\" alt=\"\" width=\"50\" height=\"50\" \/><\/a><\/h1>\n<h1 class=\"news-header-tit\" style=\"text-align: center;\" data-title=\"El CGPJ investiga el retraso en imputar al CEO de Amex\"><a id=\"ref50\"><\/a><a href=\"#ref50a\">[50]<\/a> El Poder Judicial investiga el retraso en la imputaci\u00f3n del CEO de American Express<\/h1>\n<p><span style=\"font-size: 14pt;\">Por RUTH UGALDE<\/span><\/p>\n<div><span style=\"color: #339966;\">Art\u00edculo publicado el 19 de diciembre de 2016 en<\/span><\/div>\n<div><span style=\"color: #339966;\"><a style=\"color: #339966;\" href=\"https:\/\/www.elconfidencial.com\/empresas\/2016-12-19\/el-cgpj-investiga-irregularidades-tras-el-retraso-en-la-imputacion-del-ceo-de-american-express_1305449\/\" target=\"_blank\" rel=\"noopener\">https:\/\/www.elconfidencial.com\/empresas\/2016-12-19\/el-cgpj-investiga-irregularidades-tras-el-retraso-en-la-imputacion-del-ceo-de-american-express_1305449\/<\/a><\/span><\/div>\n<div>\u00a0<\/div>\n<div>\n<figure id=\"attachment_11052\" aria-describedby=\"caption-attachment-11052\" style=\"width: 678px\" class=\"wp-caption aligncenter\"><a href=\"https:\/\/puntocritico.com\/ausajpuntocritico\/wp-content\/uploads\/2018\/04\/el-poder-judicial-investiga-el-retraso-en-la-imputacion-del-ceo-de-american-express.jpg\" rel=\"lightbox[10860]\"><img loading=\"lazy\" decoding=\"async\" class=\"wp-image-11052\" src=\"https:\/\/puntocritico.com\/ausajpuntocritico\/wp-content\/uploads\/2018\/04\/el-poder-judicial-investiga-el-retraso-en-la-imputacion-del-ceo-de-american-express.jpg\" alt=\"\" width=\"678\" height=\"381\" srcset=\"https:\/\/puntocritico.com\/ausajpuntocritico\/wp-content\/uploads\/2018\/04\/el-poder-judicial-investiga-el-retraso-en-la-imputacion-del-ceo-de-american-express.jpg 996w, https:\/\/puntocritico.com\/ausajpuntocritico\/wp-content\/uploads\/2018\/04\/el-poder-judicial-investiga-el-retraso-en-la-imputacion-del-ceo-de-american-express-300x168.jpg 300w, https:\/\/puntocritico.com\/ausajpuntocritico\/wp-content\/uploads\/2018\/04\/el-poder-judicial-investiga-el-retraso-en-la-imputacion-del-ceo-de-american-express-768x431.jpg 768w, https:\/\/puntocritico.com\/ausajpuntocritico\/wp-content\/uploads\/2018\/04\/el-poder-judicial-investiga-el-retraso-en-la-imputacion-del-ceo-de-american-express-678x381.jpg 678w\" sizes=\"auto, (max-width: 678px) 100vw, 678px\" \/><\/a><figcaption id=\"caption-attachment-11052\" class=\"wp-caption-text\"><span style=\"font-size: 10pt; color: #339966;\"><strong>El presidente mundial de American Express, Kenneth Chenault, ha sido citado como querellado por la presunta estafa de su compa\u00f1\u00eda a una pyme espa\u00f1ola. (Reuters) <\/strong><\/span><\/figcaption><\/figure>\n<\/div>\n<div>\n<p style=\"text-align: justify;\"><span style=\"font-family: arial, helvetica, sans-serif; font-size: 14pt;\">Un intento de archivo a dos d\u00edas de terminar el a\u00f1o, un expediente traspapelado entre las monta\u00f1as del\u00a0<a href=\"https:\/\/www.elconfidencial.com\/tags\/temas\/caso-madrid-arena-6913\/\" target=\"_self\" rel=\"noopener noreferrer\">caso Madrid Arena<\/a>, un funcionario sin identificar que se dirige a un juez de otro tribunal para firmar un auto&#8230; Estas son algunas de las irregularidades que\u00a0<a href=\"https:\/\/www.elconfidencial.com\/empresas\/2016-02-23\/trappit-american-express-estafa-tribunales-propiedad-intelectual_1156803\/\" target=\"_self\" rel=\"noopener noreferrer\">Trappit, una pyme espa\u00f1ola que se ha querellado contra American Express<\/a>\u00a0por estafa, ha denunciado ante el Consejo General del Poder Judicial (<a href=\"https:\/\/www.elconfidencial.com\/tags\/organismos\/cgpj-3189\/\" target=\"_self\" rel=\"noopener noreferrer\">CGPJ<\/a>) para que lo investigue.<\/span><\/p>\n<p style=\"text-align: justify;\"><span style=\"font-family: arial, helvetica, sans-serif; font-size: 14pt;\">El \u00f3rgano de gobierno de los jueces, tras haber realizado las primeras pesquisas, ha decidido entrar a investigar y\u00a0<strong>ha incoado diligencias<\/strong>informativas, que son la fase previa a la apertura de expediente disciplinario, el cual puede derivar en sanciones menores, como una advertencia o multa, o hasta en la expulsi\u00f3n de la carrera judicial.<\/span><\/p>\n<p style=\"text-align: justify;\"><span style=\"font-family: arial, helvetica, sans-serif; font-size: 14pt;\">Ha pasado m\u00e1s de un a\u00f1o desde que el\u00a0<a href=\"https:\/\/www.elconfidencial.com\/empresas\/2016-02-22\/imputacion-american-express-trappit-estafa-pyme-espanola-kenneth-chenault_1155222\/\" target=\"_self\" rel=\"noopener noreferrer\">juzgado de instrucci\u00f3n n\u00famero 51 de Madrid dictara dos providencias<\/a>, fechadas los d\u00edas 6 y 12 de noviembre de 2015, para citar a declarar en calidad de querellado al consejero delegado mundial de American Express,\u00a0<a href=\"https:\/\/es.wikipedia.org\/wiki\/Kenneth_Chenault\" target=\"_blank\" rel=\"noopener noreferrer\">Kenneth I. Chenault<\/a>, junto a otros altos directivos del grupo en Estados Unidos y Reino Unido.<\/span><\/p>\n<p><figure id=\"attachment_11053\" aria-describedby=\"caption-attachment-11053\" style=\"width: 654px\" class=\"wp-caption aligncenter\"><a href=\"https:\/\/puntocritico.com\/ausajpuntocritico\/wp-content\/uploads\/2018\/04\/gra004-madrid-17-11-2016.jpg\" rel=\"lightbox[10860]\"><img loading=\"lazy\" decoding=\"async\" class=\"wp-image-11053 size-full\" src=\"https:\/\/puntocritico.com\/ausajpuntocritico\/wp-content\/uploads\/2018\/04\/gra004-madrid-17-11-2016.jpg\" alt=\"\" width=\"654\" height=\"436\" srcset=\"https:\/\/puntocritico.com\/ausajpuntocritico\/wp-content\/uploads\/2018\/04\/gra004-madrid-17-11-2016.jpg 654w, https:\/\/puntocritico.com\/ausajpuntocritico\/wp-content\/uploads\/2018\/04\/gra004-madrid-17-11-2016-300x200.jpg 300w\" sizes=\"auto, (max-width: 654px) 100vw, 654px\" \/><\/a><figcaption id=\"caption-attachment-11053\" class=\"wp-caption-text\"><span style=\"font-size: 10pt; color: #339966;\"><strong>El presidente del Consejo General del Poder Judicial (CGPJ), Carlos Lesmes, en la reuni\u00f3n del pleno. (EFE) <\/strong><\/span><\/figcaption><\/figure>\n<\/div>\n<p style=\"text-align: justify;\"><span style=\"font-size: 14pt; font-family: arial, helvetica, sans-serif;\">Para poder llevar a cabo esta orden, y garantizar a los querellados su derecho de defensa, el magistrado acord\u00f3 emitir las oportunas\u00a0<strong>comisiones rogatorias<\/strong>, orden que nunca se ha cumplido y que est\u00e1 en el epicentro de las irregularidades ahora investigadas por el CGPJ.<\/span><\/p>\n<div id=\"smartIntxt\" style=\"text-align: justify;\"><span style=\"font-size: 14pt; font-family: arial, helvetica, sans-serif;\">\u00a0Seg\u00fan los hechos denunciados ante el CGPJ, el 29 de diciembre de 2015, en plenas vacaciones de Navidad, y a falta de solo dos d\u00edas para terminar el a\u00f1o, se admiti\u00f3 un\u00a0<strong>recurso de reforma<\/strong>\u00a0<strong>contra las comisiones rogatorias<\/strong>\u00a0con una operativa que ha levantado la sospecha del m\u00e1ximo \u00f3rgano de los jueces.<\/span><\/div>\n<p style=\"text-align: justify;\"><span style=\"font-size: 14pt; font-family: arial, helvetica, sans-serif;\">Por aquellas fechas, el titular del juzgado de instrucci\u00f3n n\u00famero 51 de Madrid que hab\u00eda ordenado\u00a0<a href=\"https:\/\/www.elconfidencial.com\/empresas\/2016-02-22\/imputacion-american-express-trappit-estafa-pyme-espanola-kenneth-chenault_1155222\/\" target=\"_self\" rel=\"noopener noreferrer\">imputar a la c\u00fapula mundial de American Express<\/a>, Eduardo L\u00f3pez-Palop, hab\u00eda dejado de estar al frente del mismo, ante lo que se design\u00f3 temporalmente como juez titular a Alejandro del Pino Alonso, quien el 29 de diciembre de 2015 estaba disfrutando de un permiso por las vacaciones de Navidad.<\/span><\/p>\n<article class=\"article-related h-related\" data-related-analytic-event=\"\">\n<div class=\"text-related\">\u00a0<\/div>\n<\/article>\n<p style=\"text-align: justify;\"><span style=\"font-size: 14pt; font-family: arial, helvetica, sans-serif;\">\u00abSorprendentemente, sin esperar a que se incorporara nuevamente al juzgado, el funcionario del juzgado de instrucci\u00f3n que estaba a cargo de ese expediente judicial, cuyo nombre desconozco, se dirigi\u00f3 al magistrado juez\u00a0<strong>Juan Antonio S\u00e1ez Pedro Alba<\/strong>, que no era titular del juzgado de instrucci\u00f3n n\u00famero 51, que tampoco nos consta si era el juez que sustitu\u00eda al titular\u00bb, y que admiti\u00f3 a tr\u00e1mite dicho recurso, seg\u00fan reza el escrito que ha llevado a abrir la investigaci\u00f3n del CGPJ.<\/span><\/p>\n<p style=\"text-align: justify;\"><span style=\"font-size: 14pt; font-family: arial, helvetica, sans-serif;\">Pocos d\u00edas despu\u00e9s de que se produjera este hecho, el letrado legal de Trappit decidi\u00f3 personarse en la sede del juzgado para examinar\u00a0<strong>el expediente<\/strong>, el cual \u00ab<strong>no estaba f\u00edsicamente<\/strong>\u00a0a disposici\u00f3n del funcionario del juzgado que est\u00e1 al cargo del mismo\u00bb. Tras empezar a buscarlo cuatro funcionarios m\u00e1s, \u00absorprendentemente, el expediente apareci\u00f3 en una habitaci\u00f3n y estanter\u00eda que se nos dijo que estaba destinada a guardar el expediente del denominado caso Madrid Arena\u00bb, que tambi\u00e9n se ha seguido en ese juzgado.<\/span><\/p>\n<p style=\"text-align: justify;\"><span style=\"font-size: 14pt; font-family: arial, helvetica, sans-serif;\">Ante este segundo episodio, el representante legal de Trappit present\u00f3 un escrito \u00absolicitando al juzgado de instrucci\u00f3n aclaraciones sobre las irregularidades que se estaban produciendo en la tramitaci\u00f3n de la causa\u00bb, escrito del que\u00a0<strong>sigue sin recibir respuesta<\/strong>\u00a0por parte de\u00a0<strong>Carmen Rodr\u00edguez Medel-Nieto<\/strong>, actual titular del n\u00famero 51 de Plaza de Castilla.<\/span><\/p>\n<article class=\"article-related h-related\" data-related-analytic-event=\"\">\n<div class=\"text-related\">\u00a0<\/div>\n<\/article>\n<p style=\"text-align: justify;\"><span style=\"font-size: 14pt; font-family: arial, helvetica, sans-serif;\">Tras esta falta de respuesta, y el intento de archivo de la causa por un fallo de la nueva magistrada, la pyme espa\u00f1ola decidi\u00f3 recurrir ante el CGPJ para que se aclare\u00a0<strong>qui\u00e9n era el funcionario<\/strong>\u00a0que estaba al frente de este expediente y por qu\u00e9, en medio de las vacaciones de Navidad, \u00abse dirigi\u00f3 a otro juez, que ni siquiera era sustituto de ese juzgado, para que le firmara la providencia del 29 de diciembre de 2015\u00bb.<\/span><\/p>\n<p style=\"text-align: justify;\"><span style=\"font-size: 14pt; font-family: arial, helvetica, sans-serif;\">Tambi\u00e9n pide que el magistrado que admiti\u00f3 a tr\u00e1mite dicho recurso de reforma explique \u00abpor qu\u00e9 motivo acept\u00f3 firmar la citada providencia\u00bb, que el juzgado de instrucci\u00f3n n\u00famero 51 informe por qu\u00e9 \u00abha transcurrido m\u00e1s de\u00a0<strong>un a\u00f1o sin que se hayan emitido las citadas comisiones rogatorias<\/strong>\u00ab, y por qu\u00e9 el expediente no estaba a disposici\u00f3n del funcionario encargado del caso, ni en su sitio, sino en una estanter\u00eda del caso Madrid Arena.<\/span><\/p>\n<p style=\"text-align: justify;\"><span style=\"font-size: 14pt; font-family: arial, helvetica, sans-serif;\">Pocas semanas antes de abrirse esta investigaci\u00f3n, el pasado 28 de octubre, la\u00a0<a href=\"https:\/\/www.elconfidencial.com\/empresas\/2016-11-21\/audiencia-provincial-imputa-ceo-mundial-american-express-estafa-pyme-espanola_1291851\/\" target=\"_self\" rel=\"noopener noreferrer\">Audiencia Provincial refrend\u00f3 la imputaci\u00f3n<\/a>\u00a0del consejero delegado mundial de American Express, al haber confirmado las dos providencias de noviembre de 2015, en las que se acordaba citar como querellado a Kenneth Chenault y librar las correspondientes comisiones rogatorias. Una orden que sigue sin cumplirse.<\/span><a href=\"https:\/\/puntocritico.com\/ausajpuntocritico\/wp-content\/uploads\/2016\/11\/Mosca_Punto_Cr\u00edtico_40.png\" rel=\"lightbox[10860]\"><img loading=\"lazy\" decoding=\"async\" class=\"aligncenter size-full wp-image-48\" src=\"https:\/\/puntocritico.com\/ausajpuntocritico\/wp-content\/uploads\/2016\/11\/Mosca_Punto_Cr\u00edtico_40.png\" alt=\"\" width=\"50\" height=\"50\" \/><\/a><\/p>\n<h1 style=\"text-align: center;\"><a id=\"ref51\"><\/a><a href=\"#ref51a\">[51]<\/a> La posible rival de Errej\u00f3n en las primarias, sobre la advertencia de Iglesias: \u00abCon un padrino as\u00ed, virgencita, virgencita, que me quede como estoy\u00bb<\/h1>\n<p><span style=\"font-size: 14pt;\">Por \u00c1LVARO CARVAJAL<\/span><\/p>\n<div><span style=\"color: #339966;\">Art\u00edculo publicado el 13 de abril de 2018 en<\/span><\/div>\n<div><span style=\"color: #339966;\"><a style=\"color: #339966;\" href=\"http:\/\/www.elmundo.es\/madrid\/2018\/04\/13\/5ad08ded268e3eb1058b4589.html\" target=\"_blank\" rel=\"noopener\">http:\/\/www.elmundo.es\/madrid\/2018\/04\/13\/5ad08ded268e3eb1058b4589.html<\/a><\/span><\/div>\n<p>&nbsp;<\/p>\n<figure class=\"multimedia-item video\">\n<div id=\"video-5ad08ded268e3eb1058b4589\" class=\"full-video\">\n<figure id=\"attachment_11054\" aria-describedby=\"caption-attachment-11054\" style=\"width: 692px\" class=\"wp-caption aligncenter\"><a href=\"https:\/\/puntocritico.com\/ausajpuntocritico\/wp-content\/uploads\/2018\/04\/407-1-1.jpg\" rel=\"lightbox[10860]\"><img loading=\"lazy\" decoding=\"async\" class=\"wp-image-11054 size-full\" src=\"https:\/\/puntocritico.com\/ausajpuntocritico\/wp-content\/uploads\/2018\/04\/407-1-1.jpg\" alt=\"\" width=\"692\" height=\"407\" srcset=\"https:\/\/puntocritico.com\/ausajpuntocritico\/wp-content\/uploads\/2018\/04\/407-1-1.jpg 692w, https:\/\/puntocritico.com\/ausajpuntocritico\/wp-content\/uploads\/2018\/04\/407-1-1-300x176.jpg 300w\" sizes=\"auto, (max-width: 692px) 100vw, 692px\" \/><\/a><figcaption id=\"caption-attachment-11054\" class=\"wp-caption-text\"><span style=\"color: #339966;\"><strong><span style=\"font-size: 10pt;\">Lorena Ruiz-Huerta, en la Asamblea de Madrid.\u00a0FOTO: EFE \/ EL MUNDO\u00a0 <\/span><\/strong><\/span><\/figcaption><\/figure>\n<\/div><figcaption class=\"caption\"><\/figcaption><\/figure>\n<blockquote>\n<p style=\"text-align: justify;\"><span style=\"font-size: 14pt; font-family: arial, helvetica, sans-serif;\"><a href=\"http:\/\/www.elmundo.es\/madrid\/2018\/04\/12\/5acf3ff046163f0d288b45a6.html\" target=\"_blank\" rel=\"noopener\">Estalla de nuevo la guerra entre Pablo Iglesias e \u00cd\u00f1igo Errej\u00f3n: \u00abNi media tonter\u00eda, \u00cd\u00f1igo\u00bb<\/a><\/span><\/p>\n<\/blockquote>\n<p style=\"text-align: justify;\"><span style=\"font-size: 14pt; font-family: arial, helvetica, sans-serif;\">Lorena Ruiz-Huerta, portavoz de Podemos en la Asamblea de Madrid y cabeza visible del sector anticapitalista, no ha querido confirmar si disputar\u00e1 a\u00a0<a href=\"http:\/\/www.elmundo.es\/e\/in\/inigo-errejon.html\" target=\"_blank\" rel=\"noopener\">\u00cd\u00f1igo Errej\u00f3n<\/a>\u00a0la cabeza de lista del partido para la elecciones de 2019, aunque todo apunta a que as\u00ed ser\u00e1, y ha reiterado que \u00abahora no es el momento\u00bb de celebrar unas primarias, ya que \u00abno urge\u00bb y \u00ablo importante ahora es mantener el foco\u00bb en este\u00a0\u00abgrav\u00edsimo problema\u00bb que es \u00abla crisis del Gobierno\u00bb de\u00a0<a href=\"http:\/\/www.elmundo.es\/e\/cr\/cristina-cifuentes.html\" target=\"_blank\" rel=\"noopener\">Cristina Cifuentes<\/a>.<\/span><\/p>\n<p style=\"text-align: justify;\"><span style=\"font-size: 14pt; font-family: arial, helvetica, sans-serif;\">Ruiz-Huerta ha afirmado que respeta la decisi\u00f3n tomada el pasado mi\u00e9rcoles por el Consejo Ciudadano Auton\u00f3mico de celebrar las primarias en dos tiempos, primero,\u00a0<a href=\"http:\/\/www.elmundo.es\/madrid\/2018\/04\/11\/5ace5c8f468aeb79328b45fa.html\" target=\"_blank\" rel=\"noopener\">previsiblemente en mayo, eligiendo al cabeza de lista<\/a>, y m\u00e1s tarde,<strong>eligiendo la propia lista y el programa, algo que sent\u00f3 como un jarro de agua fr\u00eda en el sector errejonista,\u00a0<\/strong>.<\/span><\/p>\n<p style=\"text-align: justify;\"><span style=\"font-size: 14pt; font-family: arial, helvetica, sans-serif;\">El propio I\u00f1igo Errej\u00f3n dej\u00f3 ayer en el aire su candidatura a las auton\u00f3micas de 2019 por el intento del pablismo de tratar con esta f\u00f3rmula de arrebatarle el control de la lista electoral y del proyecto pol\u00edtico. Y, ante esa advertencia, el secretario general de Podemos, visiblemente enfadado, le respondi\u00f3 que se dejara\u00a0<strong>de<a href=\"http:\/\/www.elmundo.es\/madrid\/2018\/04\/12\/5acf3ff046163f0d288b45a6.html\" target=\"_blank\" rel=\"noopener\">\u00a0\u00abtonter\u00edas\u00bb y de \u00abmarear la perdiz\u00bb<\/a>. \u00abNi media tonter\u00eda\u00bb, le recrimin\u00f3 hasta en tres ocasiones y en un tono duro.<\/strong><\/span><\/p>\n<p style=\"text-align: justify;\"><span style=\"font-size: 14pt; font-family: arial, helvetica, sans-serif;\">Preguntada por este advertencia, Ruiz-Huerta se\u00f1al\u00f3 hoy en la Asamblea: \u00abCon un padrino as\u00ed, yo casi que &#8216;virgencita, virgencita, que me quede como estoy'\u00bb.<\/span><\/p>\n<p style=\"text-align: justify;\"><span style=\"font-size: 14pt; font-family: arial, helvetica, sans-serif;\">Ruiz-Huerta ha recordado que el acuerdo alcanzado es firme y subray\u00f3 que no entiende las cr\u00edticas de los errejonistas, ya que ellos votaron a favor: \u00abYo no estoy de acuerdo, pero el otro d\u00eda lo que se adopt\u00f3 es la decisi\u00f3n de separar la votaci\u00f3n, y no entiendo el revuelo que se est\u00e1 produciendo sobre si es lo que se vot\u00f3 o no, o que no se puede separar el proyecto del candidato, sobre todo porque los errejonistas votaron a favor del acuerdo\u00bb, ha precisado Ruiz-Huerta, que ha recordado que los anticapitalistas se abstuvieron en la votaci\u00f3n tras \u00abun intenso debate\u00bb.<\/span><\/p>\n<p style=\"text-align: justify;\"><span style=\"font-size: 14pt; font-family: arial, helvetica, sans-serif;\">La portavoz de Podemos ha reconocido que hubo \u00abun debate amplio y tenso en el que hubo muchas voces en contra de este proceso\u00bb, pero Espinar fue \u00abmuy claro\u00bb.<\/span><\/p>\n<h3 class=\"subhead\" style=\"text-align: justify;\"><span style=\"font-size: 14pt; font-family: arial, helvetica, sans-serif;\">Errej\u00f3n tuvo \u00abun mal d\u00eda\u00bb<\/span><\/h3>\n<p style=\"text-align: justify;\"><span style=\"font-size: 14pt; font-family: arial, helvetica, sans-serif;\">Por su parte, el secretario general de Podemos en la Comunidad de Madrid,\u00a0<a href=\"http:\/\/www.elmundo.es\/e\/ra\/ramon-espinar.html\" target=\"_blank\" rel=\"noopener\">Ram\u00f3n Espinar<\/a>, ha se\u00f1alado este viernes que las declaraciones formuladas ayer por Errej\u00f3n<strong>\u00a0\u00abrompieron la l\u00ednea de acuerdo en la que ven\u00edan trabajando\u00bb\u00a0<\/strong>y \u00ababrieron una l\u00ednea por la que no hay que seguir\u00bb. En declaraciones efectuadas a Cuatro, recogidas por Europa Press, Espinar ha reconocido que sus palabras le generaron \u00abdesconcierto\u00bb y terci\u00f3 en la pol\u00e9mica entre Iglesias y Errej\u00f3n se\u00f1alando que \u00cd\u00f1igo \u00abhab\u00eda tenido un mal d\u00eda\u00bb.<\/span><\/p>\n<p style=\"text-align: justify;\"><span style=\"font-size: 14pt; font-family: arial, helvetica, sans-serif;\">\u00ab<strong>Creo que Iglesias tiene raz\u00f3n<\/strong>, pienso lo mismo que \u00e9l y adem\u00e1s he recibido el toque de atenci\u00f3n de Iglesias. Le he visto que sal\u00eda a decir que no podemos poner la interna por delante. Creo que las declaraciones de ayer de \u00cd\u00f1igo abrieron una v\u00eda por la que no hay que seguir. Hay que detener esto\u00bb, ha indicado Espinar.<\/span><\/p>\n<p style=\"text-align: justify;\"><span style=\"font-size: 14pt; font-family: arial, helvetica, sans-serif;\">En otra entrevista en Antena 3, Ram\u00f3n Espinar ha afirmado que la situaci\u00f3n generada en la formaci\u00f3n por el sistema de elecci\u00f3n del candidato y lista para las pr\u00f3ximas elecciones<strong>\u00a0\u00abse ha ido de madre\u00bb<\/strong>, gener\u00f3 \u00abuna cierta pol\u00e9mica\u00bb y el de ayer fue \u00abun d\u00eda de malas declaraciones\u00bb. No obstante, ha insistido en que el mi\u00e9rcoles el Consejo Auton\u00f3mico de Podemos aprob\u00f3 sin \u00abning\u00fan voto en contra\u00bb poner en marcha \u00abcuanto antes\u00bb la candidatura.<\/span><\/p>\n<p style=\"text-align: justify;\"><span style=\"font-size: 14pt; font-family: arial, helvetica, sans-serif;\">Un acuerdo tomado por la Ejecutiva regional de Podemos que, seg\u00fan el l\u00edder regional, \u00abest\u00e1 en la misma l\u00ednea\u00bb entre \u00e9l mismo, Errej\u00f3n y el secretario general, Pablo Iglesias. Y que consta de tres elementos: candidato, proyecto y alianzas, \u00abmuy importante esto \u00faltimo\u00bb. Por todo ello, el tambi\u00e9n diputado auton\u00f3mico quiere<strong>\u00a0alejarse de nuevas pol\u00e9micas\u00a0<\/strong>y trabajar para que Errej\u00f3n \u00absea presidente en 2019 y que se encuentre c\u00f3modo para trabajar con su equipo y que el resto de los actores se sientan c\u00f3modos en estas l\u00edneas de trabajo\u00bb.<\/span><\/p>\n<p style=\"text-align: justify;\"><span style=\"font-size: 14pt; font-family: arial, helvetica, sans-serif;\">\u00abLa m\u00e1s importante\u00a0<strong>que sea la gente de Podemos quien elija al candidato<\/strong>\u00a0y quien va a acompa\u00f1ar a \u00cd\u00f1igo. Los equipos en Podemos no se hacen a dedo, no los eligen los dirigentes, los elige la gente\u00bb, ha reiterado sobre el posible enfado del diputado nacional por no poder elaborar sus listas. \u00abNo creo que \u00cd\u00f1igo quiera decir que es por una cuesti\u00f3n de listas o de esca\u00f1os y que por ello vaya a tomar la decisi\u00f3n de presentarse o no. Creo que \u00e9l tiene tomada la decisi\u00f3n de presentarse, tiene un proyecto con la Comunidad y un compromiso \u00e9tico y pol\u00edtico para la Comunidad de Madrid\u00bb, ha esgrimido.<\/span><\/p>\n<p style=\"text-align: justify;\"><span style=\"font-size: 14pt; font-family: arial, helvetica, sans-serif;\">Espinar ha destacado que los dirigentes de Podemos tienen un \u00abmandato\u00bb dado en la asamblea ciudadana estatal y madrile\u00f1a, un mandato de Pablo Iglesias \u00absobre las l\u00edneas hacia donde va Podemos\u00bb y un mandato de \u00abunidad\u00bb que se\u00f1ala que\u00a0<strong>Errej\u00f3n \u00abtiene que tener un espacio\u00bb\u00a0<\/strong>en Podemos. \u00abNos parece un magn\u00edfico candidato y vamos a construir un espacio para que sea candidato. Y yo como secretario voy a poner mi empe\u00f1o para que \u00cd\u00f1igo sea presidente\u00bb, ha insistido.<\/span><\/p>\n<p style=\"text-align: justify;\"><span style=\"font-size: 14pt; font-family: arial, helvetica, sans-serif;\">Y para ello el secretario regional de Podemos ve \u00abevidente\u00bb que Errej\u00f3n \u00abtenga margen de maniobra\u00bb, pero es algo que<strong>\u00a0\u00abdebe estar consensuado\u00bb<\/strong>. \u00abEn esa l\u00ednea de trabajo estamos todos. Ayer no lo hicimos bien, tenemos que sentarnos, hablar, reconducir una situaci\u00f3n que se escenific\u00f3 en los medios y se ha salido de madre\u00bb, ha concluido.<\/span><\/p>\n<p><a href=\"https:\/\/puntocritico.com\/ausajpuntocritico\/wp-content\/uploads\/2016\/11\/Mosca_Punto_Cr\u00edtico_40.png\" rel=\"lightbox[10860]\"><img loading=\"lazy\" decoding=\"async\" class=\"aligncenter size-full wp-image-48\" src=\"https:\/\/puntocritico.com\/ausajpuntocritico\/wp-content\/uploads\/2016\/11\/Mosca_Punto_Cr\u00edtico_40.png\" alt=\"\" width=\"50\" height=\"50\" \/><\/a><\/p>\n<h1 style=\"text-align: center;\"><a id=\"ref52\"><\/a><a href=\"#ref52a\">[52]<\/a> La juez ve delito en la red para financiar a PSOE y Bloc<\/h1>\n<p><span style=\"font-size: 14pt;\">Por Juan Nieto<\/span><\/p>\n<div><span style=\"color: #339966;\">Art\u00edculo publicado el 13 de abril de 2018 en<\/span><\/div>\n<div><span style=\"color: #339966;\"><a style=\"color: #339966;\" href=\"http:\/\/www.elmundo.es\/comunidad-valenciana\/2018\/04\/13\/5acfa7a3ca474130118b45cb.html\" target=\"_blank\" rel=\"noopener\">http:\/\/www.elmundo.es\/comunidad-valenciana\/2018\/04\/13\/5acfa7a3ca474130118b45cb.html<\/a><\/span><\/div>\n<div>\u00a0<\/div>\n<div>\n<figure id=\"attachment_11055\" aria-describedby=\"caption-attachment-11055\" style=\"width: 660px\" class=\"wp-caption aligncenter\"><a href=\"https:\/\/puntocritico.com\/ausajpuntocritico\/wp-content\/uploads\/2018\/04\/15235582129959.jpg\" rel=\"lightbox[10860]\"><img loading=\"lazy\" decoding=\"async\" class=\"wp-image-11055 size-full\" src=\"https:\/\/puntocritico.com\/ausajpuntocritico\/wp-content\/uploads\/2018\/04\/15235582129959.jpg\" alt=\"\" width=\"660\" height=\"400\" srcset=\"https:\/\/puntocritico.com\/ausajpuntocritico\/wp-content\/uploads\/2018\/04\/15235582129959.jpg 660w, https:\/\/puntocritico.com\/ausajpuntocritico\/wp-content\/uploads\/2018\/04\/15235582129959-300x182.jpg 300w\" sizes=\"auto, (max-width: 660px) 100vw, 660px\" \/><\/a><figcaption id=\"caption-attachment-11055\" class=\"wp-caption-text\"><span style=\"font-size: 10pt; color: #339966;\"><strong>El ex secretario general del PSPV y candidato a la Presidencia de la Generalitat Valenciana en 2007, Joan Ignasi Pla, se dirige a la militancia en un mitin. ALBERTO DI LOLLI<\/strong><\/span><\/figcaption><\/figure>\n<\/div>\n<div class=\"subtitle-items\">\n<blockquote>\n<p class=\"summary-lead\" style=\"text-align: justify;\"><span style=\"font-family: arial, helvetica, sans-serif; font-size: 14pt;\">Concluye que Crespo Gomar factur\u00f3 \u00abservicios a dichas formaciones durante la campa\u00f1a de 2007, de cuyo pago se habr\u00edan hecho cargo otras empresas\u00bb<\/span><\/p>\n<p class=\"summary-lead\" style=\"text-align: justify;\"><span style=\"font-family: arial, helvetica, sans-serif; font-size: 14pt;\">Sospecha que, a cambio, el Gobierno de Zapatero les adjudic\u00f3 contratos<\/span><\/p>\n<p class=\"summary-lead\" style=\"text-align: justify;\"><span style=\"font-family: arial, helvetica, sans-serif; font-size: 14pt;\">Varios juzgados alzan el secreto; los delitos electorales ya han prescrito<\/span><\/p>\n<p class=\"summary-lead\" style=\"text-align: justify;\"><span style=\"font-family: arial, helvetica, sans-serif; font-size: 14pt;\"><a href=\"http:\/\/www.elmundo.es\/comunidad-valenciana\/2018\/04\/13\/5acfab34ca474130118b45d3.html\" target=\"_blank\" rel=\"noopener\">Irregularidades en todos los contratos a Crespo Gomar<\/a><\/span><\/p>\n<\/blockquote>\n<\/div>\n<p style=\"text-align: justify;\"><span style=\"font-family: arial, helvetica, sans-serif; font-size: 14pt;\">El juzgado que en el \u00faltimo a\u00f1o y medio ha instruido la denuncia que present\u00f3 el\u00a0<a href=\"http:\/\/www.elmundo.es\/e\/pp\/pp-partido-popular.html\" target=\"_blank\" rel=\"noopener\">PP\u00a0<\/a>en una Comisar\u00eda por la\u00a0<a href=\"http:\/\/www.elmundo.es\/comunidad-valenciana\/2018\/03\/29\/5abbfb9cca474104698b45ab.html\" target=\"_blank\" rel=\"noopener\">presunta financiaci\u00f3n irregular<\/a>\u00a0de\u00a0<a href=\"http:\/\/www.elmundo.es\/e\/ps\/psoe-partido-socialista-obrero-espanol.html\" target=\"_blank\" rel=\"noopener\">PSPV-PSOE<\/a>\u00a0y Bloc Nacionalista Valenci\u00e0, el socio mayoritario de la coalici\u00f3n\u00a0<a href=\"http:\/\/www.elmundo.es\/e\/co\/compromis.html\" target=\"_blank\" rel=\"noopener\">Comprom\u00eds<\/a>, ha constatado indiciariamente la existencia de una\u00a0<strong>presunta trama de falsificaci\u00f3n de facturas<\/strong>\u00a0que permiti\u00f3 a ambas formaciones pol\u00edticas superar el presupuesto en las elecciones municipales y auton\u00f3micas de 2007.<\/span><\/p>\n<p style=\"text-align: justify;\"><span style=\"font-family: arial, helvetica, sans-serif; font-size: 14pt;\">En concreto, las diligencias apuntan a \u00abunos hechos de financiaci\u00f3n irregular de dos formaciones pol\u00edtica, PSPV y Bloc\/Comprom\u00eds\u00bb, que se habr\u00edan materializado a trav\u00e9s de una presunta red de \u00ab<strong>falsedad documental con car\u00e1cter continuado\u00bb<\/strong>.<\/span><\/p>\n<p style=\"text-align: justify;\"><span style=\"font-family: arial, helvetica, sans-serif; font-size: 14pt;\">As\u00ed consta en las diligencias judiciales, a las que ha tenido acceso EL MUNDO, que se practicaron en Valencia y que han sido derivadas a dos juzgados del partido judicial de Madrid, entre otros, para que se investigue la relaci\u00f3n entre\u00a0<a href=\"http:\/\/www.elmundo.es\/comunidad-valenciana\/2018\/04\/08\/5ac90fe3268e3e8c2e8b4576.html\" target=\"_blank\" rel=\"noopener\">Crespo Gomar<\/a>, la agencia de comunicaci\u00f3n a la que recurrieron ambos partidos en 2007, con los\u00a0<a href=\"http:\/\/www.elmundo.es\/comunidad-valenciana\/2018\/04\/12\/5ace693f46163fde0b8b4643.html\" target=\"_blank\" rel=\"noopener\">contratos que obtuvo de diversos ministerios<\/a>\u00a0en la etapa de\u00a0<a href=\"http:\/\/www.elmundo.es\/e\/jo\/jose-luis-rodriguez-zapatero.html\" target=\"_blank\" rel=\"noopener\">Jos\u00e9 Luis Rodr\u00edguez Zapatero<\/a>.<\/span><\/p>\n<p style=\"text-align: justify;\"><span style=\"font-family: arial, helvetica, sans-serif; font-size: 14pt;\">El sistema que describen las actuaciones judiciales calca el\u00a0<em>modus operandi<\/em>\u00a0al que recurri\u00f3 la\u00a0<a href=\"http:\/\/www.elmundo.es\/t\/ca\/caso-gurtel.html\" target=\"_blank\" rel=\"noopener\">G\u00fcrtel\u00a0<\/a>para\u00a0<a href=\"http:\/\/www.elmundo.es\/espana\/2018\/01\/24\/5a685a6eca474160248b461c.html\" target=\"_blank\" rel=\"noopener\">financiar campa\u00f1as del PP<\/a>\u00a0de\u00a0<a href=\"http:\/\/www.elmundo.es\/e\/fr\/francisco-camps.html\" target=\"_blank\" rel=\"noopener\">Francisco Camps<\/a>. As\u00ed, seg\u00fan concluy\u00f3 el juzgado de Valencia, para obtener financiaci\u00f3n en 2007 la \u00abmercantil Crespo Gomar facturar\u00eda unos servicios a dichas formaciones pol\u00edticas durante la campa\u00f1a electoral del a\u00f1o 2007, de cuyo pago se habr\u00edan hecho cargo otras empresas y no los destinatarios de los servicios prestados mediante la\u00a0<strong>confecci\u00f3n de facturas falsas<\/strong>, coincidentes en su cuant\u00eda con las presentadas por Crespo Gomar, siendo precisamente esta \u00faltima mercantil la que facturar\u00eda a las terceras por servicios no prestados\u00bb.<\/span><\/p>\n<p style=\"text-align: justify;\"><span style=\"font-family: arial, helvetica, sans-serif; font-size: 14pt;\">Varios de los juzgados que han asumido las diligencias ya han\u00a0<strong>levantado el secreto de sumario<\/strong>\u00a0y, pese a que indiciarimante se han constatado presuntos<strong>delitos electorales<\/strong>, todos est\u00e1n prescritos y no tendr\u00e1n recorrido judicial. No obstante, las diligencias continuar\u00e1n abiertas en los juzgados de Madrid, Gand\u00eda y Benidorm por los presuntos delitos de<strong>\u00a0malversaci\u00f3n de caudales p\u00fablicos y prevaricaci\u00f3n<\/strong>.<\/span><\/p>\n<p style=\"text-align: justify;\"><span style=\"font-family: arial, helvetica, sans-serif; font-size: 14pt;\">La apertura del sumario ha sacado a la luz que fue el presidente del PP en la provincia de Alicante, el diputado auton\u00f3mico\u00a0<strong>Jos\u00e9 C\u00edscar<\/strong>, quien interpuso la denuncia acompa\u00f1ada de \u00abfacturas y correos\u00bb entre los que aparec\u00edan las mercantiles\u00a0<a href=\"http:\/\/www.elmundo.es\/comunidad-valenciana\/2018\/04\/01\/5abfa51be2704edb5e8b461e.html\" target=\"_blank\" rel=\"noopener\">Hospimar 2000 y Quick Meals Ib\u00e9rica<\/a>, una franquiciadora vinculada a Burger King.<\/span><\/p>\n<p style=\"text-align: justify;\"><span style=\"font-family: arial, helvetica, sans-serif; font-size: 14pt;\">Seg\u00fan consta en los expedientes enviados al Decanato de Madrid, estas sociedades habr\u00edan \u00ababonado facturas emitidas por Crespo Gomar por importes de 8.700 euros y 20.880 euros, la primera y 6.960 euros la segunda\u00bb.<\/span><\/p>\n<p style=\"text-align: justify;\"><span style=\"font-family: arial, helvetica, sans-serif; font-size: 14pt;\">Entre las empresas donantes tambi\u00e9n aparece la constructora\u00a0<strong>Blauverd<\/strong>, con sede en Alzira, tal y como ha venido informando este peri\u00f3dico. Esta mercantil habr\u00eda abonado facturas por importe no inferior \u00abde 60.000 euros, 69.600 euros y 29.000 euros\u00bb.<\/span><\/p>\n<aside class=\"summary-item\">\n<figure class=\"multimedia-item foto\">\n<div class=\"container-image\">\n<figure id=\"attachment_11056\" aria-describedby=\"caption-attachment-11056\" style=\"width: 660px\" class=\"wp-caption aligncenter\"><a href=\"https:\/\/puntocritico.com\/ausajpuntocritico\/wp-content\/uploads\/2018\/04\/15235583628380.jpg\" rel=\"lightbox[10860]\"><img loading=\"lazy\" decoding=\"async\" class=\"wp-image-11056 size-full\" src=\"https:\/\/puntocritico.com\/ausajpuntocritico\/wp-content\/uploads\/2018\/04\/15235583628380.jpg\" alt=\"\" width=\"660\" height=\"400\" srcset=\"https:\/\/puntocritico.com\/ausajpuntocritico\/wp-content\/uploads\/2018\/04\/15235583628380.jpg 660w, https:\/\/puntocritico.com\/ausajpuntocritico\/wp-content\/uploads\/2018\/04\/15235583628380-300x182.jpg 300w\" sizes=\"auto, (max-width: 660px) 100vw, 660px\" \/><\/a><figcaption id=\"caption-attachment-11056\" class=\"wp-caption-text\"><strong><span style=\"color: #339966; font-size: 10pt;\">El exsecretario general del Bloc y presidente de las Cortes, Enric Morera.\u00a0BIEL ALI\u00d1OMUNDO<\/span><\/strong><\/figcaption><\/figure>\n<\/div>\n<\/figure>\n<\/aside>\n<p style=\"text-align: justify;\"><span style=\"font-family: arial, helvetica, sans-serif; font-size: 14pt;\">Blauverd tambi\u00e9n aparece en la documentaci\u00f3n que el PP denunci\u00f3 como<strong>donante del Bloc<\/strong>\u00a0-en concreto, habr\u00eda realizado una aportaci\u00f3n a los nacionalistas de 60.000 euros m\u00e1s IVA- y su ex director financiero,\u00a0<strong>Benjam\u00edn Maceda<\/strong>, es en la actualidad director general de Vaersa, empresa p\u00fablica de la Conselleria de Agricultura y Medio Ambiente.<\/span><\/p>\n<p style=\"text-align: justify;\"><span style=\"font-family: arial, helvetica, sans-serif; font-size: 14pt;\">Las diligencias judiciales tambi\u00e9n recogen la aportaci\u00f3n de\u00a0<strong>Metrovacesa\u00a0<\/strong>que aparece en la cuenta publicitaria del Bloc en Crespo Gomar. En este sentido, las pesquisas del juzgado se\u00f1alan que \u00abla mercantil\u00a0<strong>Centro Comercial y de Ocio La Vital SL<\/strong>, a trav\u00e9s de Metrovacesa, se habr\u00eda hecho cargo de pagar una factura de 46.400 euros\u00bb. Este centro comercial se encuentra en Gand\u00eda y fue impulsado mientras los socialistas ocupaban la Alcald\u00eda y el concejal del Bloc era\u00a0<strong>Josep Miquel Moya<\/strong>, actual director general de Deportes de la Generalitat.<\/span><\/p>\n<p style=\"text-align: justify;\"><span style=\"font-family: arial, helvetica, sans-serif; font-size: 14pt;\">Seg\u00fan el sumario, la documentaci\u00f3n denunciada por el PP \u00abllev\u00f3 a\u00a0<strong>recabar informaci\u00f3n a la Agencia Tributaria<\/strong>\u00a0en relaci\u00f3n con los modelos 347 (resumen general de operaciones, relaci\u00f3n de ventas declaradas y relaci\u00f3n de compras declaradas), 196 (relaci\u00f3n cuentas bancarias), 198 (emisi\u00f3n de transmisiones de valores), 200 (presidentes y apoderados) y 303 (IVA), durante el periodo 2007-2011 respecto de las empresas que aparec\u00edan en los documentos que adjuntaba el oficio policial, interes\u00e1ndose posteriormente de la Agencia Tributaria el modelo 160 (retenedores de trabajo).<\/span><\/p>\n<p style=\"text-align: justify;\"><span style=\"font-family: arial, helvetica, sans-serif; font-size: 14pt;\">Esta documentaci\u00f3n ven\u00eda a\u00a0<strong>corroborar gran parte de lo denunciado<\/strong>\u00a0y de las \u00abfotocopias aportadas por el denunciante en su comparecencia ante la Polic\u00eda\u00bb. Existen coincidencias que han sido constatadas en base a la informaci\u00f3n tributaria y en uno de los correos se dan una serie de instrucciones para que conste como cliente el Centro Comercial y de Ocio La Vital SL de Gand\u00eda.<\/span><\/p>\n<p style=\"text-align: justify;\"><span style=\"font-family: arial, helvetica, sans-serif; font-size: 14pt;\">\u00abAn\u00f3tala en la hoja del Bloc y m\u00e1ndaselo a Llu\u00eds Miquel. Ojo que los datos de env\u00edo son diferentes a los de facturaci\u00f3n\u00bb. Seg\u00fan diversas fuentes, los investigados se refer\u00edan a\u00a0<strong>Llu\u00eds Miquel Campos<\/strong>, jefe de Gabinete del presidente de las Cortes y del Bloc,\u00a0<strong>Enric Morera<\/strong>. Campos, director de la campa\u00f1a de las municipales del Bloc en 2007, ha estado dos semanas sin acudir a su puesto de trabajo en el Parlamento y ha borrado su perfil en redes sociales.<\/span><\/p>\n<p style=\"text-align: justify;\"><span style=\"font-family: arial, helvetica, sans-serif; font-size: 14pt;\">Las instrucciones para facturar a este centro comercial se habr\u00edan seguido al pie de la letra. Crespo Gomar factur\u00f3 40.000 euros a nombre del centro comercial de Metrovacesa por la \u00abrealizaci\u00f3n de manual de identidad corporativa\u00bb y el dinero qued\u00f3 reflejado en la cuenta publicitaria del Bloc en 2006.<\/span><\/p>\n<p style=\"text-align: justify;\"><span style=\"font-family: arial, helvetica, sans-serif; font-size: 14pt;\">As\u00ed pues, de las diligencias de investigaci\u00f3n iniciadas, aparecer\u00eda \u00abindiciariamente una clara vinculaci\u00f3n entre Crespo Gomar (&#8230;) y el PSOE como empresa intermediaria para facilitar la financiaci\u00f3n de dicha formaci\u00f3n pol\u00edtica (y la del Bloc\/Comprom\u00eds), como ambas, en cuanto a\u00a0<strong>empresas que perciben fondos de las Administraciones<\/strong>\u00a0gobernadas por aquella formaci\u00f3n pol\u00edtica\u00bb.<\/span><\/p>\n<p style=\"text-align: justify;\"><a href=\"https:\/\/puntocritico.com\/ausajpuntocritico\/wp-content\/uploads\/2016\/11\/Mosca_Punto_Cr\u00edtico_40.png\" rel=\"lightbox[10860]\"><img loading=\"lazy\" decoding=\"async\" class=\"aligncenter size-full wp-image-48\" src=\"https:\/\/puntocritico.com\/ausajpuntocritico\/wp-content\/uploads\/2016\/11\/Mosca_Punto_Cr\u00edtico_40.png\" alt=\"\" width=\"50\" height=\"50\" \/><\/a><\/p>\n<h1 class=\"pg-headline\" style=\"text-align: center;\"><a id=\"ref53\"><\/a><a href=\"#ref53a\">[53]<\/a> Un juez libera a unos padres del aval hipotecario de su hijo<\/h1>\n<p><span style=\"font-size: 14pt;\">Por\u00a0eldiarionorte.es<\/span><\/p>\n<div><span style=\"color: #339966;\">Art\u00edculo publicado el 12 de abril de 2018 en\u00a0<\/span><\/div>\n<div><span style=\"color: #339966;\"><a style=\"color: #339966;\" href=\"https:\/\/www.eldiario.es\/norte\/euskadi\/juez-libera-padres-aval-hipotecario_0_760124892.html\" target=\"_blank\" rel=\"noopener\">https:\/\/www.eldiario.es\/norte\/euskadi\/juez-libera-padres-aval-hipotecario_0_760124892.html<\/a><\/span><\/div>\n<div>\u00a0<\/div>\n<div>\n<figure id=\"attachment_11057\" aria-describedby=\"caption-attachment-11057\" style=\"width: 643px\" class=\"wp-caption aligncenter\"><a href=\"https:\/\/puntocritico.com\/ausajpuntocritico\/wp-content\/uploads\/2018\/04\/Congreso-avala-Gobierno-vivienda-PAH_EDIIMA20180320_0249_4.jpg\" rel=\"lightbox[10860]\"><img loading=\"lazy\" decoding=\"async\" class=\"wp-image-11057 size-full\" src=\"https:\/\/puntocritico.com\/ausajpuntocritico\/wp-content\/uploads\/2018\/04\/Congreso-avala-Gobierno-vivienda-PAH_EDIIMA20180320_0249_4.jpg\" alt=\"\" width=\"643\" height=\"362\" srcset=\"https:\/\/puntocritico.com\/ausajpuntocritico\/wp-content\/uploads\/2018\/04\/Congreso-avala-Gobierno-vivienda-PAH_EDIIMA20180320_0249_4.jpg 643w, https:\/\/puntocritico.com\/ausajpuntocritico\/wp-content\/uploads\/2018\/04\/Congreso-avala-Gobierno-vivienda-PAH_EDIIMA20180320_0249_4-300x169.jpg 300w\" sizes=\"auto, (max-width: 643px) 100vw, 643px\" \/><\/a><figcaption id=\"caption-attachment-11057\" class=\"wp-caption-text\"><span style=\"font-size: 10pt; color: #339966;\"><strong>EFE<\/strong><\/span><\/figcaption><\/figure>\n<\/div>\n<div>\n<div class=\"subtitle bkn mce sk2\">\n<blockquote>\n<p style=\"text-align: justify;\"><span style=\"font-size: 14pt; font-family: arial, helvetica, sans-serif;\">Considera que el banco fue poco transparente y decreta la \u00abnulidad radical\u00bb de la cl\u00e1usula<\/span><\/p>\n<\/blockquote>\n<\/div>\n<section class=\"cp-tools md cf \"><\/section>\n<p class=\"mce\" style=\"text-align: justify;\"><span style=\"font-size: 14pt; font-family: arial, helvetica, sans-serif;\">Rev\u00e9s para la banca. Un juez de Bilbao ha liberado a unos padres de abonar el aval hipotecario de su hijo. \u00bfPor qu\u00e9? Seg\u00fan el juez, la cl\u00e1usula es \u00abnula\u00bb porque\u00a0<a class=\"mce\" href=\"https:\/\/www.eldiario.es\/norte\/euskadi\/trampas-prestamos-hipotecarios-deben-evitar_0_374813214.html\" target=\"_blank\" rel=\"noopener noreferrer\">\u00a0el banco fue poco transparente<\/a>\u00a0al no informar correctamente a los padres de las consecuencias a las que se expon\u00edan si su hijo no pod\u00eda pagar las cuotas del pr\u00e9stamo en alg\u00fan momento. Se trata de una resoluci\u00f3n novedosa en Euskadi que abre la puerta a que otras familias que se pueden encontrar la misma situaci\u00f3n obtengan el mismo resultado.<\/span><\/p>\n<p class=\"mce\" style=\"text-align: justify;\"><span style=\"font-size: 14pt; font-family: arial, helvetica, sans-serif;\">El chico pidi\u00f3 al BBVA un cr\u00e9dito para adquirir una vivienda, pero cuando tuvo problemas para pagar las cuotas al contar con unos \u00abingresos discretos e inestables\u00bb, la entidad bancaria le reclam\u00f3 a su padre el dinero con la advertencia de que podr\u00edan embargar su piso en el caso de no pagar. Ante esta perspectiva, la familia empez\u00f3 a abonar las cuotas de la hipoteca<\/span><\/p>\n<section id=\"edi-ad-slot-intext\" class=\"md-advertisement md hspace no-adv-socios\" role=\"marquee\" data-google-query-id=\"CPv6_v-VvNoCFa0B0wodao0EPg\">\n<div id=\"google_ads_iframe_\/123333327\/eldiario.es\/noticia_intext_0__container__\"><span style=\"font-size: 14pt; font-family: arial, helvetica, sans-serif;\">Seg\u00fan ha explicado a la agencia Efe el abogado Jos\u00e9 Montero, del bufete que ha defendido a esta familia de Barakaldo, la situaci\u00f3n en que unos padres avalan a un hijo en el momento de la compra de una vivienda \u00abes algo habitual\u00bb y por ello, \u00abesta important\u00edsima victoria judicial beneficiar\u00e1 a muchas familias en circunstancias similares. El 80 % de las hipotecas entran dentro de este mismo supuesto. Si el hipotecado no paga, la entidad va a por los bienes de los progenitores\u00bb que le avalaron.<\/span><\/div>\n<\/section>\n<p class=\"mce\" style=\"text-align: justify;\"><span style=\"font-size: 14pt; font-family: arial, helvetica, sans-serif;\">Seg\u00fan el juez, el aval era abusivo y el banco \u00abno explic\u00f3 bien a los padres y hermanos\u00bb lo que \u00e9ste implicaba. La entidad no logr\u00f3 acreditar que facilitase a los avalistas informaci\u00f3n suficiente ya que el empleado de la oficina bancaria, recoge la sentencia, \u00abno atin\u00f3 a responder cuando fue preguntado por el significado de los t\u00e9rminos de la cl\u00e1usula y manifest\u00f3 su desconocimiento del mismo\u00bb. Por ello, sigue la resoluci\u00f3n, \u00abquedando constatada la falta de cumplimiento de los deberes de transparencia\u00bb, solo cabe concluir que, \u00ablos consumidores llevaron a cabo un pacto con la entidad financiera que, indudablemente no hubieran aceptado de haber sido tratados de una manera leal y equitativa, que les hubiera permitido conocer las consecuencias econ\u00f3micas y jur\u00eddicas del contrato\u00bb.<\/span><\/p>\n<p class=\"mce\" style=\"text-align: justify;\"><span style=\"font-size: 14pt; font-family: arial, helvetica, sans-serif;\">A partir de ahora, el banco s\u00f3lo podr\u00e1 reclamar al hipotecado, no a sus avalistas.<\/span><\/p>\n<\/div>\n<p style=\"text-align: justify;\">\u00a0<\/p>\n<p><a href=\"https:\/\/puntocritico.com\/ausajpuntocritico\/wp-content\/uploads\/2016\/11\/Mosca_Punto_Cr\u00edtico_40.png\" rel=\"lightbox[10860]\"><img loading=\"lazy\" decoding=\"async\" class=\"aligncenter size-full wp-image-48\" src=\"https:\/\/puntocritico.com\/ausajpuntocritico\/wp-content\/uploads\/2016\/11\/Mosca_Punto_Cr\u00edtico_40.png\" alt=\"\" width=\"50\" height=\"50\" \/><\/a><\/p>\n<h1 class=\"pg-headline\" style=\"text-align: center;\"><a id=\"ref54\"><\/a><a href=\"#ref54a\">[54]<\/a> La Mesa del Parlament aprueba interponer una querella contra el juez Llarena por prevaricaci\u00f3n<\/h1>\n<p><span style=\"font-size: 14pt;\">Por Arturo Puente<\/span><\/p>\n<div><span style=\"color: #339966;\">Art\u00edculo publicado el 13 de abril de 2018 en<\/span><\/div>\n<div><span style=\"color: #339966;\"><a style=\"color: #339966;\" href=\"https:\/\/www.eldiario.es\/catalunya\/politica\/Mesa-Parlament-interponer-Llarena-prevaricacion_0_760474049.html\" target=\"_blank\" rel=\"noopener\">https:\/\/www.eldiario.es\/catalunya\/politica\/Mesa-Parlament-interponer-Llarena-prevaricacion_0_760474049.html<\/a><\/span><\/div>\n<div>\u00a0<\/div>\n<div>\n<figure id=\"attachment_11058\" aria-describedby=\"caption-attachment-11058\" style=\"width: 643px\" class=\"wp-caption aligncenter\"><a href=\"https:\/\/puntocritico.com\/ausajpuntocritico\/wp-content\/uploads\/2018\/04\/Parlament-PP-Puigdemont-beneficios-expresidente_EDIIMA20180410_0865_19.jpg\" rel=\"lightbox[10860]\"><img loading=\"lazy\" decoding=\"async\" class=\"wp-image-11058 size-full\" src=\"https:\/\/puntocritico.com\/ausajpuntocritico\/wp-content\/uploads\/2018\/04\/Parlament-PP-Puigdemont-beneficios-expresidente_EDIIMA20180410_0865_19.jpg\" alt=\"\" width=\"643\" height=\"362\" srcset=\"https:\/\/puntocritico.com\/ausajpuntocritico\/wp-content\/uploads\/2018\/04\/Parlament-PP-Puigdemont-beneficios-expresidente_EDIIMA20180410_0865_19.jpg 643w, https:\/\/puntocritico.com\/ausajpuntocritico\/wp-content\/uploads\/2018\/04\/Parlament-PP-Puigdemont-beneficios-expresidente_EDIIMA20180410_0865_19-300x169.jpg 300w\" sizes=\"auto, (max-width: 643px) 100vw, 643px\" \/><\/a><figcaption id=\"caption-attachment-11058\" class=\"wp-caption-text\"><span style=\"color: #339966;\"><strong><span style=\"font-size: 10pt;\">La Mesa del Parlament se ha reunido este viernes tras el aplazamiento del debate de investidura EUROPA PRESS<\/span><\/strong><\/span><\/figcaption><\/figure>\n<\/div>\n<blockquote>\n<p style=\"text-align: justify;\"><span style=\"font-size: 14pt; font-family: arial, helvetica, sans-serif;\">El m\u00e1ximo \u00f3rgano de la C\u00e1mara catalana cree que el magistrado ha violado los derechos pol\u00edticos del diputado Jordi S\u00e0nchez al vetar su investidura<\/span><\/p>\n<p style=\"text-align: justify;\"><span style=\"font-size: 14pt; font-family: arial, helvetica, sans-serif;\">Los letrados del Parlament, que ser\u00e1n los encargados de redactar la querella, han expuesto ante la Mesa sus dudas por falta de conocimiento sobre derecho penal<\/span><\/p>\n<p style=\"text-align: justify;\"><span style=\"font-size: 14pt; font-family: arial, helvetica, sans-serif;\">Ciudadanos baraja una denuncia por malversaci\u00f3n ante la querella del Parlament contra el magistrado<\/span><\/p>\n<\/blockquote>\n<p class=\"mce\" style=\"text-align: justify;\"><span style=\"font-size: 14pt; font-family: arial, helvetica, sans-serif;\">El Parlament de Catalunya interpondr\u00e1 una querella por prevaricaci\u00f3n contra el juez del Tribunal Supremo Pablo Llarena, que instruye el caso por rebeli\u00f3n contra varios diputados y exmiembros del Govern. As\u00ed lo ha decidido este viernes a instancias del presidente Roger Torrent\u00a0<span class=\"mce\">\u00a0\u00a0la Mesa,<\/span>\u00a0reunida de forma extraordinaria ante\u00a0<a class=\"mce\" href=\"https:\/\/www.eldiario.es\/catalunya\/politica\/Llarena-impide-segunda-Sanchez-investidura_0_760124538.html\" target=\"_blank\" rel=\"noopener noreferrer\">el veto que el magistrado impuso este jueves a la investidura de Jordi S\u00e0nchez.<\/a><\/span><\/p>\n<p class=\"mce\" style=\"text-align: justify;\"><span style=\"font-size: 14pt; font-family: arial, helvetica, sans-serif;\">La Mesa considera que con la resoluci\u00f3n dictada el jueves el Supremo ha podido violar de forma consciente los derechos pol\u00edticos del diputado S\u00e0nchez,\u00a0<a class=\"mce\" href=\"https:\/\/www.eldiario.es\/catalunya\/politica\/Jordi-Sanchez-videoconferencia-programa-investidura_0_759424490.html\" target=\"_blank\" rel=\"noopener noreferrer\">\u00a0quien hab\u00eda planteado hasta tres f\u00f3rmulas para<\/a>\u00a0poderse presentar candidato a la investidura despu\u00e9s de haber sido propuesto como candidato. La mayor\u00eda de la C\u00e1mara entiende que esta violaci\u00f3n de sus derechos como diputado estar\u00eda agravada por el hecho de que Llarena conoc\u00eda la comunicaci\u00f3n del Comit\u00e9 de Derechos Humanos de la ONU en la que se instaba al Estado, a petici\u00f3n de la defensa de S\u00e0nchez, a garantizar los derechos del preso.<\/span><\/p>\n<p class=\"mce\" style=\"text-align: justify;\"><span style=\"font-size: 14pt; font-family: arial, helvetica, sans-serif;\">Seg\u00fan fuentes de la Mesa, los letrados del Parlament han mostrado ante el \u00f3rgano parlamentario sus dudas respecto a lo adecuado del paso, al asegurar que como letrados no tienen suficientes conocimientos de derecho penal. Este aspecto tiene relevancia ya que ser\u00e1 el cuerpo jur\u00eddico de la C\u00e1mara quien deber\u00e1 redactar la querella y llevar el procedimiento judicial como parte. Pese a las dudas mostradas, los cuatro miembros independentistas de la Mesa han votado favorablemente para interponer la querella.<\/span><\/p>\n<p class=\"mce\" style=\"text-align: justify;\"><span style=\"font-size: 14pt; font-family: arial, helvetica, sans-serif;\">La iniciativa del Parlament fue anunciada el jueves, pocas horas despu\u00e9s de que Llarena dictase la resoluci\u00f3n con la que imped\u00eda el cuarto intento de investidura.\u00a0<a class=\"mce\" href=\"https:\/\/www.eldiario.es\/catalunya\/politica\/Torrent-Jordi-Sanchez-Mesa-Llarena_0_760124900.html\" target=\"_blank\" rel=\"noopener\">Torrent opt\u00f3 entonces por \u00abaplazar\u00bb el debate de investidura<\/a>, que deb\u00eda celebrarse este viernes, pero convoc\u00f3 a cambio a la Mesa. Los grupos independentistas anunciaron en el mismo momento su apoyo a la querella por prevaricaci\u00f3n. Desde el grupo de los Comuns tampoco ven con malos ojos abrir la v\u00eda\u00a0judicial contra el instructor tras sus\u00a0recientes decisiones.<\/span><\/p>\n<p class=\"mce\" style=\"text-align: justify;\"><span style=\"font-size: 14pt; font-family: arial, helvetica, sans-serif;\">Por su parte, Ciutadans se opuso diametralmente a que sea la C\u00e1mara la que\u00a0se persone por\u00a0v\u00eda judicial. Seg\u00fan explic\u00f3 el portavoz Carlos Carrizosa, el Parlament no debe decirle al juez \u00ablo que tiene que hacer\u00bb. Por ello anunci\u00f3 medidas judiciales para evitar que la C\u00e1mara gaste \u00abun solo euro p\u00fablico\u00bb en esta querella. \u00abComo lo hagan con dinero del Parlamento se encontrar\u00e1n delante con Ciudadanos\u00bb, ha asegurado Carrizosa respecto a la querella en declaraciones a RNE.<\/span><\/p>\n<p class=\"mce\" style=\"text-align: justify;\"><span style=\"font-size: 14pt; font-family: arial, helvetica, sans-serif;\">La v\u00eda judicial abierta desde el Parlament es parte de la estrategia de defensa del equipo internacional que lidera el abogado brit\u00e1nico\u00a0Ben Emmerson, el mismo que acudi\u00f3 al Comit\u00e9 de Derechos Humano de la ONU obteniendo la pol\u00e9mica comunicaci\u00f3n. Para la oposici\u00f3n, poco m\u00e1s que un acuse de recibo. Para el juez, seg\u00fan mostr\u00f3 en su auto, una comunicaci\u00f3n sin efectos. Para el independentismo, en cambio, una puerta desde la que acceder a los tribunales internacionales.<\/span><\/p>\n<p style=\"text-align: justify;\">\u00a0<\/p>\n<p><a href=\"https:\/\/puntocritico.com\/ausajpuntocritico\/wp-content\/uploads\/2016\/11\/Mosca_Punto_Cr\u00edtico_40.png\" rel=\"lightbox[10860]\"><img loading=\"lazy\" decoding=\"async\" class=\"aligncenter size-full wp-image-48\" src=\"https:\/\/puntocritico.com\/ausajpuntocritico\/wp-content\/uploads\/2016\/11\/Mosca_Punto_Cr\u00edtico_40.png\" alt=\"\" width=\"50\" height=\"50\" \/><\/a><\/p>\n<h1 class=\"pg-headline\" style=\"text-align: center;\"><a id=\"ref55\"><\/a><a href=\"#ref55a\">[55]<\/a> El cuento chino de la regeneraci\u00f3n pol\u00edtica<\/h1>\n<p><span style=\"font-size: 14pt;\">Por Carlos Hern\u00e1ndez<\/span><\/p>\n<div><span style=\"color: #339966;\">Art\u00edculo publicado el 12 de abril de 2018 en<\/span><\/div>\n<div><span style=\"color: #339966;\"><a style=\"color: #339966;\" href=\"https:\/\/www.eldiario.es\/zonacritica\/cuento-chino-regeneracion-politica_6_760184000.html\" target=\"_blank\" rel=\"noopener\">https:\/\/www.eldiario.es\/zonacritica\/cuento-chino-regeneracion-politica_6_760184000.html<\/a><\/span><\/div>\n<div>\u00a0<\/div>\n<div><a href=\"https:\/\/puntocritico.com\/ausajpuntocritico\/wp-content\/uploads\/2018\/04\/Hernando-PP-Criminales-Gabriel-Castillo_EDIIMA20180404_0946_19.jpg\" rel=\"lightbox[10860]\"><img loading=\"lazy\" decoding=\"async\" class=\"aligncenter size-full wp-image-11060\" src=\"https:\/\/puntocritico.com\/ausajpuntocritico\/wp-content\/uploads\/2018\/04\/Hernando-PP-Criminales-Gabriel-Castillo_EDIIMA20180404_0946_19.jpg\" alt=\"\" width=\"643\" height=\"362\" srcset=\"https:\/\/puntocritico.com\/ausajpuntocritico\/wp-content\/uploads\/2018\/04\/Hernando-PP-Criminales-Gabriel-Castillo_EDIIMA20180404_0946_19.jpg 643w, https:\/\/puntocritico.com\/ausajpuntocritico\/wp-content\/uploads\/2018\/04\/Hernando-PP-Criminales-Gabriel-Castillo_EDIIMA20180404_0946_19-300x169.jpg 300w\" sizes=\"auto, (max-width: 643px) 100vw, 643px\" \/><\/a><\/div>\n<div>\n<blockquote>\n<p style=\"text-align: justify;\"><span style=\"font-size: 14pt; font-family: arial, helvetica, sans-serif;\">Son muchas las lecciones que estamos extrayendo del caso Cifuentes<\/span><\/p>\n<p style=\"text-align: justify;\"><span style=\"font-size: 14pt; font-family: arial, helvetica, sans-serif;\">Quiz\u00e1s la m\u00e1s dolorosa de todas ellas es la constataci\u00f3n de que nada ha cambiado en nuestro pa\u00eds en los \u00faltimos a\u00f1os, a pesar de la sobredosis de corrupci\u00f3n que mantiene a nuestra democracia en estado de coma<\/span><\/p>\n<\/blockquote>\n<p class=\"mce\" style=\"text-align: justify;\"><span style=\"font-size: 14pt; font-family: arial, helvetica, sans-serif;\">Son muchas las lecciones que estamos extrayendo del caso Cifuentes. Sin duda muchas m\u00e1s de las que recibi\u00f3 la protagonista durante su m\u00e1ster fantasma. Quiz\u00e1s la m\u00e1s dolorosa de todas ellas es la constataci\u00f3n de que nada ha cambiado en nuestro pa\u00eds en los \u00faltimos a\u00f1os, a pesar de la sobredosis de corrupci\u00f3n que mantiene a nuestra democracia en estado de coma. Aqu\u00ed no ha habido regeneraci\u00f3n pol\u00edtica ni se la espera. Todo es un cuento chino que intentan implantarnos en el cerebro a golpe de Telediario.<\/span><\/p>\n<p class=\"mce\" style=\"text-align: justify;\"><span style=\"font-size: 14pt; font-family: arial, helvetica, sans-serif;\">Los dirigentes del PP no han decidido acabar con el corrupto ni con el que abusa de su cargo para obtener privilegios. Su estrategia y actitud no se ha movido ni un \u00e1pice desde que Garz\u00f3n destap\u00f3 hace casi diez a\u00f1os la trama G\u00fcrtel. Entonces los populares utilizaron al diario\u00a0<em class=\"mce\">El Mundo<\/em>\u00a0para desacreditar al juez que trataba de desenmascarar a los mafiosos; sus portavoces acusaron a la izquierda y hasta a la polic\u00eda de haber orquestado una gran trama contra el PP; sus dirigentes cerraron filas y esgrimieron el caso de los ERE para jugar al \u201cy t\u00fa m\u00e1s\u201d\u2026 Todo ello con un objetivo final: defender a sus delincuentes. Casi una d\u00e9cada despu\u00e9s los populares utilizan al diario\u00a0<em class=\"mce\">El Mundo\u00a0<\/em>para algo tan sucio como es atacar a la supuesta fuente que destap\u00f3 las ilegalidades cometidas en el m\u00e1ster de Cifuentes; sus portavoces acusan a la oposici\u00f3n de montar una conspiraci\u00f3n para derribar a la presidenta madrile\u00f1a; sus dirigentes cierran filas y se agarran al curr\u00edculum inflado de un socialista para escudarse tras el \u201c\u00a1pues anda que t\u00fa!\u201d\u2026 Y todo ello con un objetivo final: proteger a sus pol\u00edticos deshonestos.<\/span><\/p>\n<p class=\"mce\" style=\"text-align: justify;\"><span style=\"font-size: 14pt; font-family: arial, helvetica, sans-serif;\">\u201cDefendamos lo nuestro y a los nuestros\u201d, dijo en un ataque de sinceridad Mar\u00eda Dolores de Cospedal durante la pasada Convenci\u00f3n Nacional del PP. No sabemos si la dirigente popular es fan de Martin Scorsese, pero apelar a la defensa de \u201cuno de los nuestros\u201d resulta de los m\u00e1s simb\u00f3lico. Pel\u00edculas aparte, esa sigue siendo la \u00fanica estrategia del PP. B\u00e1rcenas, Matas, Gonz\u00e1lez, Costa, Correa, Camps y el resto de una interminable lista fueron, p\u00fablicamente, \u201cuno de los suyos\u201d hasta que las evidencias policiales y las actuaciones judiciales les impidieron seguir sosteni\u00e9ndoles en sus cargos. A\u00fan as\u00ed, que nadie se enga\u00f1e, a d\u00eda de hoy todos ellos contin\u00faan siendo \u201cunos de los suyos\u201d. El apoyo se mantuvo y se mantiene en el presente. Aquel \u201cs\u00e9 fuerte\u201d, enviado por Rajoy a B\u00e1rcenas cuando ya se sab\u00eda que el tesorero ten\u00eda cuentas en Suiza, lo resume todo. Respaldo total en privado, apoyo legal de los abogados del partido incluido, y repudio en p\u00fablico cuando no queda otro remedio.<\/span><\/p>\n<p class=\"mce\" style=\"text-align: justify;\"><span style=\"font-size: 14pt; font-family: arial, helvetica, sans-serif;\">Este jueves a Rafael Hernando, ese valeroso azote de los miles de dem\u00f3cratas asesinados que yacen indefensos en las fosas franquistas, le ha faltado tiempo para enviar por Twitter un mensaje a Pedro S\u00e1nchez tras conocerse que el secretario general de los socialistas madrile\u00f1os exager\u00f3 su curr\u00edculum: \u201cVaya, vaya&#8230; y ahora qu\u00e9 hacemos\u00a0<a class=\"mce\" href=\"https:\/\/twitter.com\/sanchezcastejon\" target=\"_blank\" rel=\"noopener\">@sanchezcastejon<\/a>?\u201d, escrib\u00eda el portavoz popular junto a un v\u00ednculo a la informaci\u00f3n publicada por\u00a0<em class=\"mce\">El Mundo\u00a0<\/em>sobre el falseado historial acad\u00e9mico de Jos\u00e9 Manuel Franco. Traduzcamos crudamente el mensaje de Hernando para que todos seamos a\u00fan m\u00e1s conscientes de lo que quer\u00eda decir el brillante portavoz: \u201c\u00bfHab\u00e9is robado una cartera y quer\u00e9is que nosotros rindamos cuentas por asaltar el Banco de Espa\u00f1a? Vaya, vaya\u2026 y ahora qu\u00e9 hacemos @sanchezcastejon?\u201d. No s\u00e9 lo que contestar\u00e1 el l\u00edder socialista; si s\u00e9 que cualquier persona decente dar\u00eda una respuesta muy simple: se\u00f1or Hernando, a cada ladr\u00f3n su merecido y proporcional castigo.<\/span><\/p>\n<p class=\"mce\" style=\"text-align: justify;\"><span style=\"font-size: 14pt; font-family: arial, helvetica, sans-serif;\">M\u00e1s sorprendente, pero tambi\u00e9n m\u00e1s reveladora ha sido la id\u00e9ntica reacci\u00f3n que exterioriz\u00f3 el vicesecretario general del Partido Popular Javier Maroto. \u00c9l, que junto a Andrea Levy o Pablo Casado juegan en la farsa comunicacional del PP el papel de polis buenos, sensatos y modernos, se ha retratado por partida doble. Primero porque demuestra que las supuestas caras amables de la regeneraci\u00f3n no son m\u00e1s que eso: una pura fachada. Y segundo porque, personalmente, \u00e9l era el menos indicado para hablar del tema, despu\u00e9s de que la pasada semana se descubriera que su propio curr\u00edculum, publicado en la web oficial del partido, estaba inflado con un m\u00e1ster que nunca curs\u00f3. Pese a su \u201cmodernidad\u201d y a su marr\u00f3n particular, Maroto no se cort\u00f3 este jueves y esgrimi\u00f3, al igual que Rafael Hernando, el curr\u00edculum inflado del dirigente socialista madrile\u00f1o para dirigirse, en este caso, a Ciudadanos y cuestionar su decisi\u00f3n de desalojar del poder a Cifuentes: \u201c\u00bfa cual de los dos acusados de falsear el CV apoyar\u00e1 ahora C\u2019s? \u00bfA los que est\u00e1n o a los que quieren estar?\u201d, escrib\u00eda Maroto en Twitter. Ya s\u00e9 que igual es un exceso, pero perm\u00edtanme que vuelva a realizar una traducci\u00f3n\/interpretaci\u00f3n del tuit porque el asunto se las trae: \u201cSi somos todos unos jodidos mentirosos, y yo el primero, \u00bfpor qu\u00e9 tiene que dimitir uno de los nuestros?\u201d, es lo que ven\u00eda a decirnos Maroto.<\/span><\/p>\n<p class=\"mce\" style=\"text-align: justify;\"><span style=\"font-size: 14pt; font-family: arial, helvetica, sans-serif;\">Hab\u00eda que ser muy ingenuo para pensar que la regeneraci\u00f3n pol\u00edtica vendr\u00eda de la mano de un presidente que supuestamente cobr\u00f3 sobresueldos en dinero negro y que permiti\u00f3, por activa o pasiva, que su partido se financiara irregularmente durante d\u00e9cadas. Ya describ\u00ed en un art\u00edculo anterior cu\u00e1l era el Manual Mariano (MM)<a class=\"mce\" href=\"https:\/\/www.eldiario.es\/zonacritica\/Juzgar-Rajoy_6_612848746.html\" target=\"_blank\" rel=\"noopener\">\u201ccontra\u201d la corrupci\u00f3n<\/a>\u00a0. Un manual que los populares siguen cumpliendo a d\u00eda de hoy, punto por punto, ante la desesperante inacci\u00f3n de Ciudadanos y el desvar\u00edo tanto ideol\u00f3gico como estrat\u00e9gico del PSOE. Si finalmente Rajoy deja caer a la presidenta de Madrid no ser\u00e1 por convicci\u00f3n, no ser\u00e1 por principios, no ser\u00e1 por honestidad\u2026 ser\u00e1 porque seg\u00fan el MM ya no le queda otro alternativa. Pase lo que pase espero que el caso Cifuentes sirva, al menos, para que los espa\u00f1oles sean conscientes de lo evidente: la regeneraci\u00f3n democr\u00e1tica nunca nos la traer\u00e1n los art\u00edfices de la degeneraci\u00f3n democr\u00e1tica.<\/span><\/p>\n<\/div>\n<p>&nbsp;<\/p>\n<p><a href=\"https:\/\/puntocritico.com\/ausajpuntocritico\/wp-content\/uploads\/2016\/11\/Mosca_Punto_Cr\u00edtico_40.png\" rel=\"lightbox[10860]\"><img loading=\"lazy\" decoding=\"async\" class=\"aligncenter size-full wp-image-48\" src=\"https:\/\/puntocritico.com\/ausajpuntocritico\/wp-content\/uploads\/2016\/11\/Mosca_Punto_Cr\u00edtico_40.png\" alt=\"\" width=\"50\" height=\"50\" \/><\/a><\/p>\n<h1 style=\"text-align: center;\"><a id=\"ref56\"><\/a><a href=\"#ref56a\">[56]<\/a> Secuestro energ\u00e9tico: una perspectiva peninsular<\/h1>\n<div class=\"firma\"><span style=\"font-size: 14pt;\">Por DANIEL TOLEDO<\/span><\/div>\n<div>\u00a0<\/div>\n<div><span style=\"color: #339966;\">Art\u00edculo publicado el 11 de abril de 2018 en<\/span><\/div>\n<div><span style=\"color: #339966;\"><a style=\"color: #339966;\" href=\"http:\/\/ctxt.es\/es\/20180411\/Politica\/18614\/Daniel-Toledo-Lisboa-energ%C3%ADa-Portugal-Espa%C3%B1a-carb%C3%B3n-ENI-Galp-prospecciones.htm\" target=\"_blank\" rel=\"noopener\">http:\/\/ctxt.es\/es\/20180411\/Politica\/18614\/Daniel-Toledo-Lisboa-energ%C3%ADa-Portugal-Espa%C3%B1a-carb%C3%B3n-ENI-Galp-prospecciones.htm<\/a><\/span><\/div>\n<div>\u00a0<\/div>\n<div>\u00a0<\/div>\n<figure id=\"attachment_11061\" aria-describedby=\"caption-attachment-11061\" style=\"width: 678px\" class=\"wp-caption aligncenter\"><a href=\"https:\/\/puntocritico.com\/ausajpuntocritico\/wp-content\/uploads\/2018\/04\/images_cms-image-000014954.jpg\" rel=\"lightbox[10860]\"><img loading=\"lazy\" decoding=\"async\" class=\"wp-image-11061\" src=\"https:\/\/puntocritico.com\/ausajpuntocritico\/wp-content\/uploads\/2018\/04\/images_cms-image-000014954.jpg\" alt=\"\" width=\"678\" height=\"509\" srcset=\"https:\/\/puntocritico.com\/ausajpuntocritico\/wp-content\/uploads\/2018\/04\/images_cms-image-000014954.jpg 720w, https:\/\/puntocritico.com\/ausajpuntocritico\/wp-content\/uploads\/2018\/04\/images_cms-image-000014954-300x225.jpg 300w, https:\/\/puntocritico.com\/ausajpuntocritico\/wp-content\/uploads\/2018\/04\/images_cms-image-000014954-678x509.jpg 678w, https:\/\/puntocritico.com\/ausajpuntocritico\/wp-content\/uploads\/2018\/04\/images_cms-image-000014954-326x245.jpg 326w, https:\/\/puntocritico.com\/ausajpuntocritico\/wp-content\/uploads\/2018\/04\/images_cms-image-000014954-80x60.jpg 80w\" sizes=\"auto, (max-width: 678px) 100vw, 678px\" \/><\/a><figcaption id=\"caption-attachment-11061\" class=\"wp-caption-text\"><span style=\"font-size: 10pt; color: #339966;\"><strong>Cami\u00f3n cisterna de la empresa energ\u00e9tica GALP en el Algarve, Portugal. Septiembre de 2017 <\/strong><\/span><\/figcaption><\/figure>\n<p style=\"text-align: justify;\"><span style=\"font-size: 14pt; font-family: arial, helvetica, sans-serif;\">Entre 2013 y 2016, empresas norteamericanas y canadienses, asociadas en el grupo de presi\u00f3n Shale Gas Espa\u00f1a y en clara colaboraci\u00f3n con el ya exministro de Industria, Energ\u00eda y Turismo, Jos\u00e9 Manuel Soria, consiguieron sacar de la agenda pol\u00edtica a las energ\u00edas renovables y desviar los esfuerzos del Estado hacia los hidrocarburos. Con una serie de cambios legislativos a nivel nacional (ley de Hidrocarburos), el Partido Popular abri\u00f3 las puertas a la extracci\u00f3n de unos 700.000 millones de euros en forma de gas natural que, aseguraban, yacen en el subsuelo espa\u00f1ol, para lo que har\u00eda falta tirar del pol\u00e9mico m\u00e9todo del\u00a0<em>fracking\u00a0<\/em>(extracci\u00f3n de gas a grandes profundidades introduciendo agua y productos qu\u00edmicos a presi\u00f3n para fracturar la roca).<\/span><\/p>\n<p style=\"text-align: justify;\"><span style=\"font-size: 14pt; font-family: arial, helvetica, sans-serif;\">Ese a\u00f1o de 2016, sin embargo, las diferentes trabas administrativas a nivel auton\u00f3mico y el abaratamiento global de los precios del crudo y el gas acabaron forzando a las empresas interesadas en el subsuelo espa\u00f1ol a abandonar toda esperanza de extracci\u00f3n. Las prospecciones por\u00a0<em>fracking\u00a0<\/em>se paralizaron, las exploraciones de nuevos yacimientos se hicieron imposibles y, al final, como siempre, la factura de estos fracasos empresariales muchas veces la pag\u00f3 el Estado. Ah\u00ed tenemos el fiasco del almac\u00e9n de gas Castor, que ha significado unas p\u00e9rdidas para el Estado en compensaciones a la empresa ACS por valor de 2.419 millones de euros, y que repercutir\u00e1 directamente en la factura de los consumidores.<\/span><\/p>\n<p style=\"text-align: justify;\"><span style=\"font-size: 14pt; font-family: arial, helvetica, sans-serif;\">Ahora, a pesar de las promesas en sentido contrario por parte del Gobierno portugu\u00e9s, tambi\u00e9n el pa\u00eds vecino se est\u00e1 dejando seducir por el gas. El Gobierno de Ant\u00f3nio Costa acaba de extender el plazo de las concesiones que tiene el consorcio ENI\/GALP para perforar en la costa del Algarve, decisi\u00f3n que ha conseguido el admirable reto de poner de acuerdo a gobiernos regionales y locales de todo el centro-sur del pa\u00eds, independientemente del color pol\u00edtico, a empresarios, ambientalistas y hoteleros que se oponen a las exploraciones en esta tur\u00edstica zona del pa\u00eds.<\/span><\/p>\n<p style=\"text-align: justify;\"><span style=\"font-size: 14pt; font-family: arial, helvetica, sans-serif;\">Esta extensi\u00f3n de los plazos de exploraci\u00f3n no ha llegado sola. Clim\u00e1ximo, asociaci\u00f3n de activistas contra las alteraciones clim\u00e1ticas, acaba de sacar a la luz, el 17 de marzo, que la empresa responsable de las pr\u00f3ximas perforaciones en las costas portuguesas, Saipem Portugal, filial del consorcio ENI\/Galp, se ahorr\u00f3 entre 2010 y 2016 unos 200 millones de euros en impuestos. Esto se debe a que la filial, que posee el nav\u00edo perforador que buscar\u00e1 hidrocarburos a partir de septiembre, tiene su sede en la zona franca de Madeira, considerada un para\u00edso fiscal dentro de Portugal. De hecho, en los a\u00f1os 2014 y 2015 fue la empresa portuguesa que m\u00e1s ahorr\u00f3 en IRPC (Imposto sobre Rendimento de Pessoas Coletivas, o Impuesto de Sociedades).<\/span><\/p>\n<p style=\"text-align: justify;\"><span style=\"font-size: 14pt; font-family: arial, helvetica, sans-serif;\">Estas ayudas y apoyos estatales a empresas del sector se encuadran en que los datos de Portugal sobre dependencia energ\u00e9tica, a pesar de haber mejorado ligeramente en los \u00faltimos a\u00f1os, no son nada halag\u00fce\u00f1os. Seg\u00fan el \u00faltimo informe publicado por la Dire\u00e7\u00e3o Geral de Energia e Geologia (DGEG), de diciembre de 2017, las necesidades energ\u00e9ticas del pa\u00eds dependen en un 74,8% del exterior, y el consumo de combustibles f\u00f3siles subi\u00f3 un 9,3% con respecto al mismo mes del a\u00f1o anterior, con el gas natural como abanderado, con una subida del 23,3%.<\/span><\/p>\n<p style=\"text-align: justify;\"><span style=\"font-size: 14pt; font-family: arial, helvetica, sans-serif;\">No es s\u00f3lo que Portugal dependa del exterior para mantener sus necesidades energ\u00e9ticas. A esto hay que sumarle que, por ejemplo, este \u00faltimo a\u00f1o Rusia se ha alzado como el mayor proveedor de crudo para Portugal (s\u00f3lo Rusia supera las importaciones portuguesas del resto de pa\u00edses de la OPEP), con todo lo que esto implica en t\u00e9rminos de inestabilidad. Ya ven\u00edamos de una situaci\u00f3n precaria al depender de pa\u00edses por completo fuera de la esfera de influencia no s\u00f3lo de la propia Portugal, sino incluso de la Uni\u00f3n Europea, como lo era Angola, el mayor socio de Portugal en la OPEP antes de ser superado por Rusia. Ahora, la actual dependencia con Rusia, con el mundo en una espiral de violencia verbal, al borde de una guerra comercial (en palabras del ministro de Econom\u00eda alem\u00e1n, Peter Altmaier) y la obligaci\u00f3n de cada pa\u00eds de escoger bando, deja al pa\u00eds luso en un estado de inconsistencia nada apetecible ni recomendable.<\/span><\/p>\n<p style=\"text-align: justify;\"><span style=\"font-size: 14pt; font-family: arial, helvetica, sans-serif;\">Sin embargo, seg\u00fan relata a CTXT Jo\u00e3o Camargo, investigador de alteraciones clim\u00e1ticas y activista en Clim\u00e1ximo, \u201cPortugal en este momento no es muy dependiente del gas como recurso energ\u00e9tico. S\u00ed estamos apostando por el gas, pero no tanto por producir a nivel nacional, sino por importarlo a partir del puerto de Sines (a 150 kil\u00f3metros al sur de Lisboa), que intenta competir con otros puertos a nivel europeo para convertirse en uno de los receptores principales de gas proveniente, principalmente de Estados Unidos. Pero Sines tiene una desventaja obvia: los Pirineos, la falta de gaseoductos desde Sines hasta los Pirineos y m\u00e1s all\u00e1\u201d. Y Camargo vaticina: \u201cEstamos ante un futuro\u00a0<em>bail out\u00a0<\/em>(rescate financiero).<em>\u00a0<\/em>Ya rescatamos a los bancos y ahora vamos a rescatar a las petroleras\u201d.<\/span><\/p>\n<p style=\"text-align: justify;\"><span style=\"font-size: 14pt; font-family: arial, helvetica, sans-serif;\">Las exploraciones y prospecciones en Portugal deben entenderse en este contexto energ\u00e9tico, en el que la producci\u00f3n nacional es simb\u00f3lica, apoyada casi exclusivamente en la electricidad generada por las presas fluviales, y la factura que paga el ciudadano es la m\u00e1s alta de Europa en relaci\u00f3n al nivel de renta medio. En este contexto de carencia nacional y dependencia externa el gas, el petr\u00f3leo o, en menor medida, el carb\u00f3n aparecen como \u00fanica soluci\u00f3n al interminable proceso de transici\u00f3n hacia las renovables del que tanto se habla y tan poco se siente.<\/span><\/p>\n<p style=\"text-align: justify;\"><span style=\"font-size: 14pt; font-family: arial, helvetica, sans-serif;\">Ahora mismo, seg\u00fan Jo\u00e3o Camargo, en trabajos de prospecci\u00f3n en la alta mar portuguesa \u201cest\u00e1n la italiana ENI, la portuguesa Galp, que a su vez est\u00e1 participada por ENI, y Saipem, que es tambi\u00e9n una concesionaria de ENI. Y tambi\u00e9n existe una concesi\u00f3n en tierra de Australis Oil &amp; Gas\u201d. Estas empresas se encuentran en la Costa de Algarve, formando tres zonas de prospecci\u00f3n llamadas, sugerentemente, Lavagante, Santola y Gamba (Bogavante, Centolla y Gamba), concedidas al consorcio ENI\/Galp, y en los municipios de Batalha y de Pombal, a unos 120 y 170 kil\u00f3metros al norte de la capital, respectivamente.\u00a0<\/span><\/p>\n<p style=\"text-align: justify;\"><span style=\"font-size: 14pt; font-family: arial, helvetica, sans-serif;\">Son los contratos de exploraci\u00f3n del subsuelo que el Gobierno portugu\u00e9s acaba de extender por ocho a\u00f1os, prorrogables dos m\u00e1s, y que est\u00e1n teniendo una fuerte contestaci\u00f3n social. \u201cEn los contratos (firmados con el Estado), no hay nada que excluya ning\u00fan tipo de t\u00e9cnicas de prospecci\u00f3n, como la fracturaci\u00f3n hidr\u00e1ulica, o si ser\u00e1 una explotaci\u00f3n convencional o no. Aunque la definici\u00f3n de convencional o no convencional es un poco extra\u00f1a\u201d, prosigue Camargo, ya que \u201cperforaciones de 1.500 metros no pueden ser convencionales, a pesar de que la t\u00e9cnica sea com\u00fan. As\u00ed, se suman los riesgos de la fracturaci\u00f3n y la profundidad\u201d. Si todo marcha como se espera, en septiembre de 2018 la concesionaria Saipem realizar\u00e1 la primera perforaci\u00f3n en busca de petr\u00f3leo de la costa portuguesa.<\/span><\/p>\n<p style=\"text-align: justify;\"><span style=\"font-size: 14pt; font-family: arial, helvetica, sans-serif;\">La situaci\u00f3n de Espa\u00f1a y Portugal en t\u00e9rminos energ\u00e9ticos es similar, aunque la es que en Espa\u00f1a s\u00ed existen yacimientos de gas y, casi inapreciables, campos petrol\u00edferos. En concreto, el yacimiento de gas de Viura, La Rioja, liderado por Uni\u00f3n Fenosa Gas Exploraci\u00f3n y Producci\u00f3n, filial del grupo Uni\u00f3n Fenosa Gas, que detenta el 58,8% de la explotaci\u00f3n junto a Sociedad de Hicrocarburos de Euskadi y Oil Gas Skills; el del Golfo de C\u00e1diz, donde Repsol lidera el yacimiento\u00a0<em>offshore<\/em>\u00a0Poseid\u00f3n Norte; y liderados por Gas Natural (y su filial Petroleum Oil &amp; Gas), los de El Romeral, en Sevilla, y Marismas, en Do\u00f1ana.<\/span><\/p>\n<p style=\"text-align: justify;\"><span style=\"font-size: 14pt; font-family: arial, helvetica, sans-serif;\">La producci\u00f3n anual de gas natural de todos los yacimientos representa el 0,19% del consumo anual en Espa\u00f1a. El resto tuvo que ser importado, sobre todo, de Argelia (57%), Noruega (11%) y Qatar (8%), seg\u00fan datos de la Secretar\u00eda de Estado de Energ\u00eda.<\/span><\/p>\n<p style=\"text-align: justify;\"><span style=\"font-size: 14pt; font-family: arial, helvetica, sans-serif;\">En cuanto a los campos petrol\u00edferos, Espa\u00f1a cuenta con el de Ayoluengo, Burgos, al que el Gobierno deneg\u00f3 la pr\u00f3rroga de explotaci\u00f3n en 2017; los de Boquer\u00f3n, Casablanca y Rodaballo, frente a las costas de Tarragona, y el de Montanazo-Lubina, tambi\u00e9n en Viura, propiedad de Repsol. A pesar de \u00e9stos y de los yacimientos de gas, Espa\u00f1a importa el 95% de hidrocarburos del exterior, lo que supone un gasto de 100 millones de euros al d\u00eda, 36.500 millones al a\u00f1o.<\/span><\/p>\n<p style=\"text-align: justify;\"><span style=\"font-size: 14pt; font-family: arial, helvetica, sans-serif;\">Existe, por \u00faltimo, seg\u00fan se\u00f1ala la web de la Secretar\u00eda de Estado de Energ\u00eda, un proyecto abierto en el que \u201cinterviene o se plantea la t\u00e9cnica de fracturaci\u00f3n hidr\u00e1ulica (<em>fracking)\u00a0<\/em>de alto volumen en Espa\u00f1a\u201d, aunque se encuentra pendiente de \u201cpresentaci\u00f3n de Estudio de Impacto Medioambiental\u201d. Se trata del Proyecto Sestero-1, en el municipio de Valderredible, en Cantabria, y cuyos trabajos de sondeo est\u00e1n operados por Petroleum Oil &amp; Gas Espa\u00f1a, S.A., filial del grupo Gas Natural Fenosa.<\/span><\/p>\n<p style=\"text-align: justify;\"><span style=\"font-size: 14pt; font-family: arial, helvetica, sans-serif;\">Aun as\u00ed, el \u00faltimo proyecto de Estrategia de Seguridad Energ\u00e9tica Nacional en Espa\u00f1a, aprobado en el Consejo de Seguridad Nacional de 20 de julio de 2015, presidido por el rey Felipe y compuesto por Mariano Rajoy y otros ministros, entre ellos Jos\u00e9 Manuel Soria, abogaba por \u201cimpulsar la investigaci\u00f3n y explotaci\u00f3n de yacimientos de hidrocarburos y dise\u00f1o de planes de viabilidad para la extracci\u00f3n de estos recursos en el territorio en condiciones medioambientales apropiadas\u201d. Por supuesto el texto tambi\u00e9n defend\u00eda el uso de las renovables para otorgar m\u00e1s autonom\u00eda energ\u00e9tica a Espa\u00f1a, pero tan s\u00f3lo tres meses despu\u00e9s el Gobierno aprobaba el ya conocido como \u201cimpuesto al sol\u201d.<\/span><\/p>\n<p style=\"text-align: justify;\"><span style=\"font-size: 14pt; font-family: arial, helvetica, sans-serif;\">Tanto en Espa\u00f1a como en Portugal, nada hace prever un cambio en los paradigmas energ\u00e9ticos a corto plazo: cualquier cambio de din\u00e1micas tendr\u00e1 que pasar por la conveniencia de las empresas privadas del sector. Seg\u00fan Jo\u00e3o Camargo, en los contratos (entre el Gobierno portugu\u00e9s y las empresas energ\u00e9ticas) lo que aparece siempre es que el 100% de lo encontrado pertenece a la concesionaria, los\u00a0<em>royalties<\/em>\u00a0(pago al Estado de un porcentaje de la producci\u00f3n por el derecho de explotaci\u00f3n en su territorio) son muy bajos (entre un 2% y un 10%, seg\u00fan datos cruzados entre varias fuentes dentro del sector), y el arrendamiento pagado por el \u00e1rea usada para la explotaci\u00f3n tambi\u00e9n es muy bajo\u201d.<\/span><\/p>\n<p style=\"text-align: justify;\"><span style=\"font-size: 14pt; font-family: arial, helvetica, sans-serif;\">Tanto Galp como ENI fueron contactadas repetidas veces para este art\u00edculo, sin respuesta hasta la fecha de publicaci\u00f3n.\u00a0<\/span><\/p>\n<p><a href=\"https:\/\/puntocritico.com\/ausajpuntocritico\/wp-content\/uploads\/2016\/11\/Mosca_Punto_Cr\u00edtico_40.png\" rel=\"lightbox[10860]\"><img loading=\"lazy\" decoding=\"async\" class=\"aligncenter size-full wp-image-48\" src=\"https:\/\/puntocritico.com\/ausajpuntocritico\/wp-content\/uploads\/2016\/11\/Mosca_Punto_Cr\u00edtico_40.png\" alt=\"\" width=\"50\" height=\"50\" \/><\/a><\/p>\n<h1 style=\"text-align: center;\"><a id=\"ref57\"><\/a><a href=\"#ref57a\">[57]<\/a> La justicia concluye que las autoridades francesas se inventaron la existencia de una c\u00e9lula terrorista anarquista<\/h1>\n<p><span style=\"font-size: 14pt;\">Por Angelique Chrisafis &#8211; Par\u00eds<\/span><\/p>\n<div><span style=\"color: #339966;\">Art\u00edculo publicado el 13 de abril de 2018 en<\/span><\/div>\n<div><span style=\"color: #339966;\"><a style=\"color: #339966;\" href=\"https:\/\/www.eldiario.es\/theguardian\/Francia-inventaron-terrorista-anarquista_0_760474268.html\" target=\"_blank\" rel=\"noopener\">https:\/\/www.eldiario.es\/theguardian\/Francia-inventaron-terrorista-anarquista_0_760474268.html<\/a><\/span><\/div>\n<div>\u00a0<\/div>\n<div>\n<figure id=\"attachment_11062\" aria-describedby=\"caption-attachment-11062\" style=\"width: 643px\" class=\"wp-caption aligncenter\"><a href=\"https:\/\/puntocritico.com\/ausajpuntocritico\/wp-content\/uploads\/2018\/04\/Tarnac-Julien-Coupat-tribunal-Paris_EDIIMA20180413_0441_20.jpg\" rel=\"lightbox[10860]\"><img loading=\"lazy\" decoding=\"async\" class=\"wp-image-11062 size-full\" src=\"https:\/\/puntocritico.com\/ausajpuntocritico\/wp-content\/uploads\/2018\/04\/Tarnac-Julien-Coupat-tribunal-Paris_EDIIMA20180413_0441_20.jpg\" alt=\"\" width=\"643\" height=\"362\" srcset=\"https:\/\/puntocritico.com\/ausajpuntocritico\/wp-content\/uploads\/2018\/04\/Tarnac-Julien-Coupat-tribunal-Paris_EDIIMA20180413_0441_20.jpg 643w, https:\/\/puntocritico.com\/ausajpuntocritico\/wp-content\/uploads\/2018\/04\/Tarnac-Julien-Coupat-tribunal-Paris_EDIIMA20180413_0441_20-300x169.jpg 300w\" sizes=\"auto, (max-width: 643px) 100vw, 643px\" \/><\/a><figcaption id=\"caption-attachment-11062\" class=\"wp-caption-text\"><span style=\"font-size: 10pt;\"><strong><span style=\"color: #339966;\">El l\u00edder del grupo de Tarnac, Julien Coupat, a su llegada al tribunal de Par\u00eds el pasado 13 de marzo. YOAN VALAT \/ EFE <\/span><\/strong><\/span><\/figcaption><\/figure>\n<\/div>\n<div>\u00a0<\/div>\n<div>\n<blockquote>\n<p style=\"text-align: justify;\"><span style=\"font-size: 14pt; font-family: arial, helvetica, sans-serif;\">El grupo conocido como Los Nueve de Tarnac ha sido absuelto de sabotaje y el juez ha calificado su existencia de una mera \u201cfantas\u00eda\u201d<\/span><\/p>\n<p style=\"text-align: justify;\"><span style=\"font-size: 14pt; font-family: arial, helvetica, sans-serif;\">El Gobierno aleg\u00f3 que\u00a0los detenidos formaban una peligrosa c\u00e9lula subversiva que pretend\u00eda llevar a cabo una insurrecci\u00f3n armada anarquista para derrocar al Estado<\/span><\/p>\n<\/blockquote>\n<p class=\"mce\" style=\"text-align: justify;\"><span style=\"font-size: 14pt; font-family: arial, helvetica, sans-serif;\">Jueces franceses han absuelto a ocho personas\u00a0<a class=\"mce\" href=\"https:\/\/www.theguardian.com\/world\/2018\/mar\/13\/french-anarchist-cell-goes-on-trial-for-alleged-tgv-rail-sabotage-tarnac\" target=\"_blank\" rel=\"noopener noreferrer\">\u00a0acusadas de formar parte de un grupo anarquista<\/a>\u00a0que intent\u00f3 sabotear parte de la red de ferrocarril de alta velocidad en Francia hace una d\u00e9cada,\u00a0y decretado que\u00a0la existencia del grupo\u00a0era una \u201cfantas\u00eda\u201d.<\/span><\/p>\n<p class=\"mce\" style=\"text-align: justify;\"><span style=\"font-size: 14pt; font-family: arial, helvetica, sans-serif;\">Los abogados de la defensa hab\u00edan acusado al Gobierno y a las autoridades bajo la presidencia del conservador Nicolas Sarkozy de afirmar\u00a0falsamente que hab\u00eda un caldo de cultivo de terroristas anarquistas de izquierdas en una tranquila poblaci\u00f3n en el centro de Francia y de manipular el caso para intentar agrandarlo.<\/span><\/p>\n<p class=\"mce\" style=\"text-align: justify;\"><span style=\"font-size: 14pt; font-family: arial, helvetica, sans-serif;\">El famoso caso, conocido como el asunto Tarnac, empez\u00f3 en noviembre de 2008, cuando m\u00e1s de un centenar de agentes franceses llev\u00f3 a cabo una\u00a0<a class=\"mce\" href=\"https:\/\/www.theguardian.com\/world\/2009\/jan\/03\/france-terrorism-tarnac-anarchists\" target=\"_blank\" rel=\"noopener noreferrer\">redada en el peque\u00f1o pueblo de Tarnac<\/a>, arrestando a un grupo de anticapitalistas que viv\u00eda en una granja comunal y que gestionaba una tienda en el pueblo. En una inmensa operaci\u00f3n medi\u00e1tica, el entonces gobierno conservador y las autoridades francesas alegaron que el grupo de detenidos, apodado Los Nueve de Tarnac, formaba una peligrosa c\u00e9lula subversiva que pretend\u00eda llevar a cabo una insurrecci\u00f3n armada anarquista para derrocar al Estado.<\/span><\/p>\n<p class=\"mce\" style=\"text-align: justify;\"><span style=\"font-size: 14pt; font-family: arial, helvetica, sans-serif;\">En aquel momento, la gente del pueblo y los acusados negaron los cargos, los grupos de derechos humanos afirmaron que la apertura del caso era un mal uso de las leyes antiterroristas y los abogados afirmaron que el caso estaba siendo manipulado de forma deliberada para hacer parecer duro al Gobierno contra un supuesto \u201cenemigo interior\u201d.<\/span><\/p>\n<p class=\"mce\" style=\"text-align: justify;\"><span style=\"font-size: 14pt; font-family: arial, helvetica, sans-serif;\">Tras 10 a\u00f1os de investigaci\u00f3n \u2013en los que se retiraron los cargos de terrorismo\u2013 y un juicio de tres semanas, los dos principales acusados \u2013Julien Coupat, graduado en Empresa y Sociolog\u00eda, y su novia Yildune L\u00e9vy, arque\u00f3loga\u2013 han sido absueltos de los cargos de sabotaje o pertenencia a un grupo.<\/span><\/p>\n<p class=\"mce\" style=\"text-align: justify;\"><span style=\"font-size: 14pt; font-family: arial, helvetica, sans-serif;\">\u201cLa\u00a0vista ha permitido demostrar que el grupo Tarnac era una fantas\u00eda\u201d, ha afirmado el principal juez del caso.<\/span><\/p>\n<p class=\"mce\" style=\"text-align: justify;\"><span style=\"font-size: 14pt; font-family: arial, helvetica, sans-serif;\">Sin embargo, Coupat y L\u00e9vy han sido declarados culpables de negarse a consentir un examen de ADN, pero no han recibido sentencia. De ocho acusados \u2013cinco hombres y tres mujeres de entre 31 y 43 a\u00f1os\u2013 el resto tambi\u00e9n fueron absueltos de pertenecer a un grupo subversivo. Sin embargo, uno de ellos fue acusado de tener objetos robados y de intentar falsificar documentos administrativos.<\/span><\/p>\n<p class=\"mce\" style=\"text-align: justify;\"><span style=\"font-size: 14pt; font-family: arial, helvetica, sans-serif;\">\u201cEsto es una humillaci\u00f3n para los servicios de antiterrorismo del momento, para el magistrado que instruy\u00f3 el caso y para el fiscal antiterrorista\u201d, ha se\u00f1alado el abogado J\u00e9r\u00e9mie Assous, defensor de varios de los absueltos.<\/span><\/p>\n<p class=\"mce\" style=\"text-align: justify;\"><span style=\"font-size: 14pt; font-family: arial, helvetica, sans-serif;\">Durante la investigaci\u00f3n sali\u00f3 a la luz que un antiguo polic\u00eda esp\u00eda brit\u00e1nico se hab\u00eda infiltrado en el grupo y hab\u00eda lanzado acusaciones en su contra. Las autoridades francesas no han acusado a esos elementos y Coupat ha descrito al esp\u00eda como \u201cinsignificante\u201d.<\/span><\/p>\n<p class=\"mce\" style=\"text-align: justify;\"><span style=\"font-size: 14pt; font-family: arial, helvetica, sans-serif;\">Traducido por Javier Biosca Azcoiti<\/span><\/p>\n<\/div>\n<p><a href=\"https:\/\/puntocritico.com\/ausajpuntocritico\/wp-content\/uploads\/2016\/11\/Mosca_Punto_Cr\u00edtico_40.png\" rel=\"lightbox[10860]\"><img loading=\"lazy\" decoding=\"async\" class=\"aligncenter size-full wp-image-48\" src=\"https:\/\/puntocritico.com\/ausajpuntocritico\/wp-content\/uploads\/2016\/11\/Mosca_Punto_Cr\u00edtico_40.png\" alt=\"\" width=\"50\" height=\"50\" \/><\/a><\/p>\n<h1 class=\"pg-headline\" style=\"text-align: center;\"><a id=\"ref58\"><\/a><a href=\"#ref50a\">[58]<\/a> El PSOE desautoriza una campa\u00f1a de Juventudes Socialistas a favor de la III Rep\u00fablica: \u00abEspero que est\u00e9n en otras cosas\u00bb<\/h1>\n<p><span style=\"font-size: 14pt;\">Por eldiario.es<\/span><\/p>\n<div><span style=\"color: #339966;\">Art\u00edculo publicado el 13 de abril de 2018 en\u00a0<\/span><\/div>\n<div><span style=\"color: #339966;\"><a style=\"color: #339966;\" href=\"https:\/\/www.eldiario.es\/politica\/PSOE-Juventudes-Socialistas-III-Republica_0_760474783.html\" target=\"_blank\" rel=\"noopener\">https:\/\/www.eldiario.es\/politica\/PSOE-Juventudes-Socialistas-III-Republica_0_760474783.html<\/a><\/span><\/div>\n<div>\u00a0<\/div>\n<div>\n<figure id=\"attachment_11063\" aria-describedby=\"caption-attachment-11063\" style=\"width: 643px\" class=\"wp-caption aligncenter\"><a href=\"https:\/\/puntocritico.com\/ausajpuntocritico\/wp-content\/uploads\/2018\/04\/Imagen-campana-Juventudes-Socialistas_EDIIMA20180413_1047_19.jpg\" rel=\"lightbox[10860]\"><img loading=\"lazy\" decoding=\"async\" class=\"wp-image-11063 size-full\" src=\"https:\/\/puntocritico.com\/ausajpuntocritico\/wp-content\/uploads\/2018\/04\/Imagen-campana-Juventudes-Socialistas_EDIIMA20180413_1047_19.jpg\" alt=\"\" width=\"643\" height=\"362\" srcset=\"https:\/\/puntocritico.com\/ausajpuntocritico\/wp-content\/uploads\/2018\/04\/Imagen-campana-Juventudes-Socialistas_EDIIMA20180413_1047_19.jpg 643w, https:\/\/puntocritico.com\/ausajpuntocritico\/wp-content\/uploads\/2018\/04\/Imagen-campana-Juventudes-Socialistas_EDIIMA20180413_1047_19-300x169.jpg 300w\" sizes=\"auto, (max-width: 643px) 100vw, 643px\" \/><\/a><figcaption id=\"caption-attachment-11063\" class=\"wp-caption-text\"><span style=\"font-size: 10pt; color: #339966;\"><strong>Imagen de la campa\u00f1a de Juventudes Socialistas<\/strong><\/span><\/figcaption><\/figure>\n<\/div>\n<div>\u00a0\u00a0<\/div>\n<div>\n<blockquote>\n<p style=\"text-align: justify;\"><span style=\"font-size: 14pt; font-family: arial, helvetica, sans-serif;\">El secretario de Organizaci\u00f3n socialista ha afirmado que Espa\u00f1a tiene actualmente \u00abproblemas m\u00e1s importantes\u00bb<\/span><\/p>\n<p style=\"text-align: justify;\"><span style=\"font-size: 14pt; font-family: arial, helvetica, sans-serif;\">Tambi\u00e9n les ha pedido \u00abaprender\u00bb a ser responsables, porque \u00abla responsabilidad es muy importante\u00bb<\/span><\/p>\n<p style=\"text-align: justify;\"><span style=\"font-size: 14pt; font-family: arial, helvetica, sans-serif;\"><a href=\"https:\/\/www.eldiario.es\/politica\/PSOE-republica_0_655834411.html\" target=\"_blank\" rel=\"noopener\">No es la primera vez que el proyecto republicano enfrenta al PSOE y a\u00a0las Juventudes Socialistas<\/a><\/span><\/p>\n<\/blockquote>\n<p class=\"mce\" style=\"text-align: justify;\"><span style=\"font-size: 14pt; font-family: arial, helvetica, sans-serif;\">La direcci\u00f3n del PSOE ha expresado este viernes su rechazo a la\u00a0<a class=\"mce\" href=\"https:\/\/www.jse.org\/juventudes-socialistas-reivindica-avanzar-hacia-la-tercera-republica-con-motivo-del-14-de-abril\/\" target=\"_blank\" rel=\"noopener\">\u00a0campa\u00f1a lanzada por Juventudes Socialistas<\/a>para reivindicar la necesidad de avanzar hacia la III Rep\u00fablica, aprovechando las celebraciones en torno al 14 de abril, fecha de proclamaci\u00f3n de la II Rep\u00fablica en 1931.<\/span><\/p>\n<p class=\"mce\" style=\"text-align: justify;\"><span style=\"font-size: 14pt; font-family: arial, helvetica, sans-serif;\">\u00abNo la secundamos, obviamente. Espero que (Juventudes Socialistas) est\u00e9n en otras cosas\u00bb, ha se\u00f1alado en rueda de prensa desde la sede de Ferraz el secretario de Organizaci\u00f3n del PSOE, Jos\u00e9 Luis \u00c1balos, que ha advertido de que Espa\u00f1a tiene en la actualidad \u00abproblemas m\u00e1s importantes\u00bb que su modelo de jefatura de Estado.<\/span><\/p>\n<\/div>\n<blockquote class=\"twitter-tweet\" data-lang=\"es\">\n<p dir=\"ltr\" lang=\"es\"><span style=\"font-size: 14pt; font-family: arial, helvetica, sans-serif;\">-\u00abLas Juventudes Socialistas (JSE) han sacado un comunicado donde os piden la implantaci\u00f3n de la <a href=\"https:\/\/twitter.com\/hashtag\/IIIRep%C3%BAblica?src=hash&amp;ref_src=twsrc%5Etfw\" target=\"_blank\" rel=\"noopener\">#IIIRep\u00fablica<\/a>. \u00bfEl PSOE lo secunda? &#8211; Jos\u00e9 Luis \u00c1balos, secretario de Organizaci\u00f3n: (Risas) \u00abNo. Obviamente. Espero que est\u00e9n en otras cosas. La responsabilidad es muy importante\u00bb. <a href=\"https:\/\/t.co\/LLrXjgTbya\">pic.twitter.com\/LLrXjgTbya<\/a><\/span><\/p>\n<p><span style=\"font-size: 14pt; font-family: arial, helvetica, sans-serif;\">\u2014 Kasper Juul? (@KasperJuul_0) <a href=\"https:\/\/twitter.com\/KasperJuul_0\/status\/984809929058979841?ref_src=twsrc%5Etfw\" target=\"_blank\" rel=\"noopener\">13 de abril de 2018<\/a><\/span><\/p><\/blockquote>\n<p style=\"text-align: justify;\"><span style=\"font-size: 14pt; font-family: arial, helvetica, sans-serif;\"><script async=\"\" src=\"https:\/\/platform.twitter.com\/widgets.js\" charset=\"utf-8\"><\/script><\/span><\/p>\n<p class=\"mce\" style=\"text-align: justify;\"><span style=\"font-size: 14pt; font-family: arial, helvetica, sans-serif;\">Por otro lado, \u00c1balos ha se\u00f1alado que lo que \u00abtienen que hacer\u00bb las juventudes es \u00abatender a lo que el Congreso estableci\u00f3\u00bb, en referencia a\u00a0<a class=\"mce\" href=\"https:\/\/www.eldiario.es\/politica\/PSOE-republica_0_655834411.html\" target=\"_blank\" rel=\"noopener\">la disputa que ya gener\u00f3 este tema en el \u00faltimo Congreso del PSOE<\/a>, celebrado en junio del a\u00f1o pasado, cuando Pedro S\u00e1nchez fren\u00f3 una iniciativa similar de las juventudes, que ped\u00edan que se celebrara una votaci\u00f3n sobre una enmienda a favor de la III Rep\u00fablica.<\/span><\/p>\n<p class=\"mce\" style=\"text-align: justify;\"><span style=\"font-size: 14pt; font-family: arial, helvetica, sans-serif;\"><span class=\"mce\">Ah\u00ed se aprob\u00f3, en cambio, una redacci\u00f3n que recordaba que el \u00abPSOE tiene su propia concepci\u00f3n sobre el modelo de Estado\u00bb y que precisaba que la forma de Gobierno hacia la que pretende avanzar busca fortalecer los \u00abvalores republicanos\u00bb y aspira a promover un \u00abmodelo federal\u00bb.<\/span>\u00a0\u00a0<\/span><\/p>\n<p class=\"mce\" style=\"text-align: justify;\"><span style=\"font-size: 14pt; font-family: arial, helvetica, sans-serif;\"><span class=\"mce\">Asimismo, e<\/span>l &#8216;n\u00famero tres&#8217; de la formaci\u00f3n tambi\u00e9n ha apelado a Juventudes Socialistas a \u00abaprender\u00bb a ser responsables porque \u00abla responsabilidad es muy importante\u00bb.<\/span><\/p>\n<p class=\"mce\" style=\"text-align: justify;\"><span style=\"font-size: 14pt; font-family: arial, helvetica, sans-serif;\">Las Juventudes Socialistas de Madrid han convocado una manifestaci\u00f3n para este s\u00e1bado 14 que har\u00e1 el recorrido de Cibeles a Sol reivindicando la Rep\u00fablica.\u00a0<\/span><\/p>\n<p style=\"text-align: justify;\"><span style=\"font-size: 14pt; font-family: arial, helvetica, sans-serif;\">DIRECTORA GRAL DE COCACOLA IMPUTADA POR ESTAFA &#8211;\u00a0<\/span><\/p>\n<blockquote class=\"twitter-tweet\" data-lang=\"es\">\n<p dir=\"ltr\" lang=\"es\"><span style=\"font-size: 14pt; font-family: arial, helvetica, sans-serif;\">-\u00abLas Juventudes Socialistas (JSE) han sacado un comunicado donde os piden la implantaci\u00f3n de la <a href=\"https:\/\/twitter.com\/hashtag\/IIIRep%C3%BAblica?src=hash&amp;ref_src=twsrc%5Etfw\" target=\"_blank\" rel=\"noopener\">#IIIRep\u00fablica<\/a>. \u00bfEl PSOE lo secunda? &#8211; Jos\u00e9 Luis \u00c1balos, secretario de Organizaci\u00f3n: (Risas) \u00abNo. Obviamente. Espero que est\u00e9n en otras cosas. La responsabilidad es muy importante\u00bb. <a href=\"https:\/\/t.co\/LLrXjgTbya\">pic.twitter.com\/LLrXjgTbya<\/a><\/span><\/p>\n<p><span style=\"font-size: 14pt; font-family: arial, helvetica, sans-serif;\">\u2014 Kasper Juul? (@KasperJuul_0) <a href=\"https:\/\/twitter.com\/KasperJuul_0\/status\/984809929058979841?ref_src=twsrc%5Etfw\" target=\"_blank\" rel=\"noopener\">13 de abril de 2018<\/a><\/span><\/p><\/blockquote>\n<p style=\"text-align: justify;\"><span style=\"font-size: 14pt; font-family: arial, helvetica, sans-serif;\"><script async=\"\" src=\"https:\/\/platform.twitter.com\/widgets.js\" charset=\"utf-8\"><\/script><\/span><\/p>\n<p style=\"text-align: justify;\"><span style=\"font-size: 14pt; font-family: arial, helvetica, sans-serif;\">No es la primera vez que las Juventudes Socialistas reclaman un cambio en el modelo de la jefatura del Estado. Hace ahora cuatro a\u00f1os ya\u00a0<a class=\"mce\" href=\"https:\/\/www.jse.org\/jse-la-ciudadani%C2%ADa-debe-ser-libre-de-elegir-su-modelo-de-estado-democraticamente\/\" target=\"_blank\" rel=\"noopener\">lanzaron una campa\u00f1a\u00a0<\/a>donde afirmaban que\u00a0\u00abla ciudadan\u00ed\u00ada debe ser libre de elegir su modelo de Estado democr\u00e1ticamente\u00bb. Tambi\u00e9n lo hicieron en 2017 con\u00a0<a class=\"mce\" href=\"https:\/\/www.jse.org\/jse-conmemora-el-dia-de-la-republica-con-la-campana-santa-republica\/\" target=\"_blank\" rel=\"noopener\">\u00a0un comunicado que ten\u00eda como lema \u00abSanta Rep\u00fablica\u00bb<\/a>.<\/span><\/p>\n<p><a href=\"https:\/\/puntocritico.com\/ausajpuntocritico\/wp-content\/uploads\/2016\/11\/Mosca_Punto_Cr\u00edtico_40.png\" rel=\"lightbox[10860]\"><img loading=\"lazy\" decoding=\"async\" class=\"aligncenter size-full wp-image-48\" src=\"https:\/\/puntocritico.com\/ausajpuntocritico\/wp-content\/uploads\/2016\/11\/Mosca_Punto_Cr\u00edtico_40.png\" alt=\"\" width=\"50\" height=\"50\" \/><\/a><\/p>\n<h1 style=\"text-align: center;\"><a id=\"ref59\"><\/a><a href=\"#ref59a\">[59]<\/a> La justicia sienta en el banquillo a la presidenta de Coca-Cola y al de Damm por supuesta estafa en la compra de Cacaolat<\/h1>\n<p><span style=\"font-size: 14pt;\">Por Laura Ol\u00edas<\/span><\/p>\n<div><span style=\"color: #339966;\">Art\u00edculo publicado el 13 de abril de 2018 en\u00a0<\/span><\/div>\n<div><span style=\"color: #339966;\"><a style=\"color: #339966;\" href=\"https:\/\/www.eldiario.es\/economia\/banquillo-presidenta-Coca-Cola-Damm-Cacaolat_0_760474487.html\" target=\"_blank\" rel=\"noopener\">https:\/\/www.eldiario.es\/economia\/banquillo-presidenta-Coca-Cola-Damm-Cacaolat_0_760474487.html<\/a><\/span><\/div>\n<div>\u00a0<\/div>\n<div>\n<figure id=\"attachment_11064\" aria-describedby=\"caption-attachment-11064\" style=\"width: 643px\" class=\"wp-caption aligncenter\"><a href=\"https:\/\/puntocritico.com\/ausajpuntocritico\/wp-content\/uploads\/2018\/04\/Daurella-Coca-Cola-European-Partners_EDIIMA20180315_0668_19.jpg\" rel=\"lightbox[10860]\"><img loading=\"lazy\" decoding=\"async\" class=\"wp-image-11064 size-full\" src=\"https:\/\/puntocritico.com\/ausajpuntocritico\/wp-content\/uploads\/2018\/04\/Daurella-Coca-Cola-European-Partners_EDIIMA20180315_0668_19.jpg\" alt=\"\" width=\"643\" height=\"362\" srcset=\"https:\/\/puntocritico.com\/ausajpuntocritico\/wp-content\/uploads\/2018\/04\/Daurella-Coca-Cola-European-Partners_EDIIMA20180315_0668_19.jpg 643w, https:\/\/puntocritico.com\/ausajpuntocritico\/wp-content\/uploads\/2018\/04\/Daurella-Coca-Cola-European-Partners_EDIIMA20180315_0668_19-300x169.jpg 300w\" sizes=\"auto, (max-width: 643px) 100vw, 643px\" \/><\/a><figcaption id=\"caption-attachment-11064\" class=\"wp-caption-text\"><span style=\"font-size: 10pt; color: #339966;\"><strong>Sol Daurella, presidenta de Coca Cola European Partners. COCA COLA <\/strong><\/span><\/figcaption><\/figure>\n<\/div>\n<div>\n<blockquote>\n<p style=\"text-align: justify;\"><span style=\"font-size: 14pt; font-family: arial, helvetica, sans-serif;\">La Audiencia Provincial de Zaragoza ordena la apertura de juicio oral, tras el archivo de la querella de varios extrabajadores de Cacaolat contra los responsables de Cobega, Damm y la consultora Victory Corporate Turnaround<\/span><\/p>\n<p style=\"text-align: justify;\"><span style=\"font-size: 14pt; font-family: arial, helvetica, sans-serif;\">\u00abLos hechos pueden ser susceptibles de constituir un delito de estafa procesal agravada, un delito societario\/administraci\u00f3n desleal y un delito contra los derechos de los trabajadores\u00bb, sostiene el Tribunal<\/span><\/p>\n<p style=\"text-align: justify;\"><span style=\"font-size: 14pt; font-family: arial, helvetica, sans-serif;\">Entre los querellados figuran Sol Daurella, presidenta de Cobega y de Coca-Cola European Partners, y Demetrio Carceller Arce, presidente de Damm<\/span><\/p>\n<\/blockquote>\n<p class=\"mce\" style=\"text-align: justify;\"><span style=\"font-family: arial, helvetica, sans-serif; font-size: 14pt;\">La presidenta de Coca-Cola European Partners y de Cobega (antigua embotelladora de Coca-Cola), Sol Daurella, y el presidente de Damm, Demetrio Carceller Arce, se sentar\u00e1n en el banquillo junto a otros cuatro directivos\u00a0por el caso de la adquisici\u00f3n de la empresa Cacaolat que investiga un tribunal. La Audiencia Provincial de Zaragoza considera que los hechos constituyen posibles delitos de estafa procesal agravada, administraci\u00f3n desleal y delito contra los derechos de los trabajadores. La Audiencia ordena la apertura de juicio oral despu\u00e9s de que el juzgado de Instrucci\u00f3n n\u00famero 8 de Zaragoza hubiera archivado la querella que presentaron 56 extrabajadores de la antigua Cacaolat-Sali.\u00a0<\/span><\/p>\n<p class=\"mce\" style=\"text-align: justify;\"><span style=\"font-family: arial, helvetica, sans-serif; font-size: 14pt;\">La decisi\u00f3n del tribunal ha sido celebrada por UGT, que asesora a los extrabajadores en su denuncia sobre la dejaci\u00f3n de la responsabilidad de gesti\u00f3n por parte de los directivos en el centro de trabajo de Utebo. El caso se remonta a la compra de Cacaolat S.A. en 2011 por parte del grupo de empresas constituido por Cobega, Grupo Damm y la consultora Victory Corporate Turnaround. Cacaolat (cuya propietaria anterior era Nueva Rumasa) estaba compuesta por los centros de trabajo de Utebo y Barcelona y entr\u00f3 en concurso voluntario de acreedores en marzo de 2011. A su proceso de venta concurrieron cuatro empresas y, finalmente, fue el grupo de las tres compa\u00f1\u00edas querelladas el que consigui\u00f3 la adjudicaci\u00f3n.<\/span><\/p>\n<h3 style=\"text-align: justify;\"><span style=\"font-family: arial, helvetica, sans-serif; font-size: 14pt;\">Adjudicaci\u00f3n con un plan que nunca se cumpli\u00f3<\/span><\/h3>\n<p class=\"mce\" style=\"text-align: justify;\"><span style=\"font-family: arial, helvetica, sans-serif; font-size: 14pt;\">Para la adquisici\u00f3n, la alianza de\u00a0Cobega, Grupo Damm y la consultora Victory Corporate Turnaround present\u00f3 una oferta en la que, entre otras cuestiones, recog\u00eda un plan industrial y una inversi\u00f3n en el centro de Utebo que nunca se lleg\u00f3 a ejecutar. En esa oferta se planteaba incluso el aumento de actividad de la planta productiva de Utebo (Zaragoza), lo que permitir\u00eda reincorporar a trabajadores afectados por un ERE anterior, algo que no sucedi\u00f3. El centro de trabajo acab\u00f3 sufriendo dos expedientes de regulaci\u00f3n de empleo y en 2013 se produjo su cierre.<\/span><\/p>\n<p class=\"mce\" style=\"text-align: justify;\"><span style=\"font-family: arial, helvetica, sans-serif; font-size: 14pt;\">Entre los hechos que investigan los magistrados destaca si se produjo o no un enga\u00f1o al Juzgado de lo Mercantil por parte del grupo de empresas para lograr esa adjudicaci\u00f3n. \u00abIndiciariamente, puede pensarse que lo que realmente interesaba era la adquisici\u00f3n de la planta de Barcelona. No la de Utebo, como lo demuestra lo sucedido\u00bb, expone el auto de la Audiencia Provincial, al que ha tenido acceso eldiario.es. Tambi\u00e9n recoge que \u00ablo que resulta indiciario es que se elabor\u00f3 una oferta de adquisici\u00f3n, meridianamente clara, que no se cumpli\u00f3, porque ya en su momento se sab\u00eda que ello era imposible\u00bb.<\/span><\/p>\n<h3 style=\"text-align: justify;\"><span style=\"font-family: arial, helvetica, sans-serif; font-size: 14pt;\">Los directivos querellados<\/span><\/h3>\n<p class=\"mce\" style=\"text-align: justify;\"><span style=\"font-family: arial, helvetica, sans-serif; font-size: 14pt;\">Los querellados como responsables de los hechos investigados en la causa m\u00e1s conocidos son Sol Daurella, presidenta Coca-Cola European Partners, presidenta de Cobega y copresidenta del Grupo Cacaolat (entre otros cargos), as\u00ed como Demetrio Carceller Arce, presidente de la cervecera Damm y copresidente del Grupo Cacaolat.\u00a0<a class=\"mce\" href=\"https:\/\/www.eldiario.es\/economia\/Anticorrupcion-Carceller-Ebro-participada-Hacienda_0_558544566.html\" target=\"_blank\" rel=\"noopener\">Carceller Arce<\/a>, nieto del que fuera ministro de Industria en la dictadura franquista (Demetrio Carceller Segura), ha sido condenado a penas de 13 meses y quince d\u00edas de prisi\u00f3n como \u00abcooperador necesario\u00bb de cuatro delitos contra la Hacienda P\u00fablica, aunque las penas de c\u00e1rcel fueron sustituidas m\u00e1s tarde por multas tras pactar con la Fiscal\u00eda y la Abogac\u00eda del Estado.<\/span><\/p>\n<p class=\"mce\" style=\"text-align: justify;\"><span style=\"font-family: arial, helvetica, sans-serif; font-size: 14pt;\">Adem\u00e1s, figura como querellado otro importante cargo de Coca-Cola: Victor Rufat Garc\u00eda, director general de Coca-Cola Iberian Partners (CCIP) y director general de Cobega en el momento de la adjudicaci\u00f3n. Le acompa\u00f1an Francesc Lluch Castellvi, director general del Grupo Cacaolat dede febrero de 2012 y antes director del negocio de aguas del Grupo Damm; Luis Victory de Sintas, consejero delegado y administrador de Victory Corporate Turnaround S.L., empresa especializada en consultor\u00eda para reestructuraci\u00f3n de empresas y que dirigi\u00f3 el proceso de compra; y, por \u00faltimo, Jorge Villavecchia Barnach Galbo, director general de la Sociedad An\u00f3nima Damm.<\/span><\/p>\n<p class=\"mce\" style=\"text-align: justify;\"><span style=\"font-family: arial, helvetica, sans-serif; font-size: 14pt;\">Los directivos denunciados tendr\u00e1n que justificar ante la justicia c\u00f3mo se lleg\u00f3 al cierre de la f\u00e1brica de Utebo para desmentir una de las valoraciones de la Audiencia, que considera de manera indiciaria que en la oferta del grupo de empresas \u00abse aparent\u00f3 que se reflotar\u00eda la plata lechera de Utebo, cuando en realidad la intenci\u00f3n era la de cerrarla y mantener la producci\u00f3n en Barcelona\u00bb.<\/span>\u00a0<\/p>\n<\/div>\n<p><a href=\"https:\/\/puntocritico.com\/ausajpuntocritico\/wp-content\/uploads\/2016\/11\/Mosca_Punto_Cr\u00edtico_40.png\" rel=\"lightbox[10860]\"><img loading=\"lazy\" decoding=\"async\" class=\"aligncenter size-full wp-image-48\" src=\"https:\/\/puntocritico.com\/ausajpuntocritico\/wp-content\/uploads\/2016\/11\/Mosca_Punto_Cr\u00edtico_40.png\" alt=\"\" width=\"50\" height=\"50\" \/><\/a><\/p>\n<h1 style=\"text-align: center;\"><a id=\"ref60\"><\/a><a href=\"#ref60a\">[60]<\/a> Dimite el diputado de Podemos que dijo en su curr\u00edculum que era ingeniero y no lo es<\/h1>\n<p><span style=\"font-size: 14pt;\">Por EUROPA PRESS<\/span><\/p>\n<div><span style=\"color: #339966;\">Art\u00edculo publicado el 13 de abril de 2018 en<\/span><\/div>\n<div><span style=\"color: #339966;\"><a style=\"color: #339966;\" href=\"http:\/\/www.publico.es\/politica\/dimite-diputado-dijo-curriculum-ingeniero-y-no.html\" target=\"_blank\" rel=\"noopener\">http:\/\/www.publico.es\/politica\/dimite-diputado-dijo-curriculum-ingeniero-y-no.html<\/a><\/span><\/div>\n<div>\u00a0<\/div>\n<div>\n<figure id=\"attachment_11065\" aria-describedby=\"caption-attachment-11065\" style=\"width: 660px\" class=\"wp-caption aligncenter\"><a href=\"https:\/\/puntocritico.com\/ausajpuntocritico\/wp-content\/uploads\/2018\/04\/5ad0a2ee39c42.jpg\" rel=\"lightbox[10860]\"><img loading=\"lazy\" decoding=\"async\" class=\"wp-image-11065 size-full\" src=\"https:\/\/puntocritico.com\/ausajpuntocritico\/wp-content\/uploads\/2018\/04\/5ad0a2ee39c42.jpg\" alt=\"\" width=\"660\" height=\"340\" srcset=\"https:\/\/puntocritico.com\/ausajpuntocritico\/wp-content\/uploads\/2018\/04\/5ad0a2ee39c42.jpg 660w, https:\/\/puntocritico.com\/ausajpuntocritico\/wp-content\/uploads\/2018\/04\/5ad0a2ee39c42-300x155.jpg 300w\" sizes=\"auto, (max-width: 660px) 100vw, 660px\" \/><\/a><figcaption id=\"caption-attachment-11065\" class=\"wp-caption-text\"><span style=\"font-size: 10pt; color: #339966;\"><strong>El diputado de En Marea y Secretario de Organizaci\u00f3n de Podemos Galicia, Juan Merlo. EFE <\/strong><\/span><\/figcaption><\/figure>\n<\/div>\n<header class=\"article-header\">\n<div class=\"article-header-epigraph\">\n<blockquote>\n<p style=\"text-align: justify;\"><span style=\"font-family: arial, helvetica, sans-serif; font-size: 14pt;\">Juan Merlo ha presentado su dimisi\u00f3n al acta de diputado. Tambi\u00e9n deja las responsabilidades en la organizaci\u00f3n morada como n\u00famero dos de su secretaria general, Carmen Santo.<\/span><\/p>\n<\/blockquote>\n<\/div>\n<\/header>\n<p id=\"m21-20-22\" style=\"text-align: justify;\"><span style=\"font-size: 14pt; font-family: arial, helvetica, sans-serif;\">El diputado de En Marea y secretario de Organizaci\u00f3n de Podemos Galicia, Juan Merlo, renuncia a su acta parlamentaria despu\u00e9s de que se desvelase que en su curr\u00edculum figuraba que era ingeniero cuando \u00fanicamente tiene formaci\u00f3n.<\/span><\/p>\n<p id=\"m91-1-92\" style=\"text-align: justify;\"><span style=\"font-size: 14pt; font-family: arial, helvetica, sans-serif;\">\u00c9l mismo anunci\u00f3 que presentaba su dimisi\u00f3n al acta de diputado y que deja las responsabilidades en la organizaci\u00f3n morada como n\u00famero dos de su secretaria general, Carmen Santos, que precisamente este viernes est\u00e1 en una reuni\u00f3n con la direcci\u00f3n de Podemos en Madrid.<\/span><\/p>\n<p style=\"text-align: justify;\"><span style=\"font-size: 14pt; font-family: arial, helvetica, sans-serif;\">Tras conocerse la informaci\u00f3n que public\u00f3\u00a0<i>ABC<\/i>\u00a0\u00e9l mismo sali\u00f3 a comparecer ante los medios de comunicaci\u00f3n para reconocer el \u00aberror\u00bb con su \u00abconnivencia\u00bb y admitir el \u00abbochorno\u00bb por lo ocurrido, pero hab\u00eda dicho que no entend\u00eda que fuese motivo de dimisi\u00f3n y lo diferenci\u00f3 del caso de la presidenta de la Comunidad de Madrid, Cristina Cifuentes.<\/span><\/p>\n<p><a href=\"https:\/\/puntocritico.com\/ausajpuntocritico\/wp-content\/uploads\/2016\/11\/Mosca_Punto_Cr\u00edtico_40.png\" rel=\"lightbox[10860]\"><img loading=\"lazy\" decoding=\"async\" class=\"aligncenter size-full wp-image-48\" src=\"https:\/\/puntocritico.com\/ausajpuntocritico\/wp-content\/uploads\/2016\/11\/Mosca_Punto_Cr\u00edtico_40.png\" alt=\"\" width=\"50\" height=\"50\" \/><\/a><\/p>\n<div class=\"article-header-title\">\n<h1 style=\"text-align: center;\"><a id=\"ref61\"><\/a><a href=\"#ref61a\">[61]<\/a> Los seis detenidos tras &#8216;okupar&#8217; un edificio en Sevilla, libres tras casi 60 d\u00edas en prisi\u00f3n<\/h1>\n<\/div>\n<p><span style=\"font-size: 14pt;\">Por JAIRO VARGAS<\/span><\/p>\n<div><span style=\"color: #339966;\">Art\u00edculo publicado el 13 de abril de 2018 en<\/span><\/div>\n<div><span style=\"color: #339966;\"><a style=\"color: #339966;\" href=\"http:\/\/www.publico.es\/sociedad\/seis-detenidos-okupar-edificio-sevilla-libres-60-dias-prision.html\" target=\"_blank\" rel=\"noopener\">http:\/\/www.publico.es\/sociedad\/seis-detenidos-okupar-edificio-sevilla-libres-60-dias-prision.html<\/a><\/span><\/div>\n<div>\u00a0<\/div>\n<div>\u00a0<\/div>\n<figure id=\"attachment_11066\" aria-describedby=\"caption-attachment-11066\" style=\"width: 660px\" class=\"wp-caption aligncenter\"><a href=\"https:\/\/puntocritico.com\/ausajpuntocritico\/wp-content\/uploads\/2018\/04\/5ac519fbeedef.jpg\" rel=\"lightbox[10860]\"><img loading=\"lazy\" decoding=\"async\" class=\"wp-image-11066 size-full\" src=\"https:\/\/puntocritico.com\/ausajpuntocritico\/wp-content\/uploads\/2018\/04\/5ac519fbeedef.jpg\" alt=\"\" width=\"660\" height=\"340\" srcset=\"https:\/\/puntocritico.com\/ausajpuntocritico\/wp-content\/uploads\/2018\/04\/5ac519fbeedef.jpg 660w, https:\/\/puntocritico.com\/ausajpuntocritico\/wp-content\/uploads\/2018\/04\/5ac519fbeedef-300x155.jpg 300w\" sizes=\"auto, (max-width: 660px) 100vw, 660px\" \/><\/a><figcaption id=\"caption-attachment-11066\" class=\"wp-caption-text\"><span style=\"font-size: 10pt; color: #339966;\"><strong>Varias personas protestan contra el encarcelamiento de los seis de la Macarena, frente al juzgado de Sevilla-. APDHA <\/strong><\/span><\/figcaption><\/figure>\n<footer>\n<div class=\"article-info\">\n<p id=\"m95-94-96\" class=\"signature\">\u00a0<\/p>\n<\/div>\n<\/footer>\n<div class=\"article-text\">\n<blockquote>\n<p id=\"m474-473-475\" style=\"text-align: justify;\"><span style=\"font-family: arial, helvetica, sans-serif; font-size: 14pt;\">El juez les ha dejado en libertad tras dejar consignados en sede judicial 500 euros cada uno para cubrir los da\u00f1os de los que se les acusa si resultaran condenados. Ni la Fiscal\u00eda ni los abogados de la acusaci\u00f3n se han opuesto a la petici\u00f3n de libertad de su defensa.<\/span><\/p>\n<\/blockquote>\n<p style=\"text-align: justify;\"><span style=\"font-family: arial, helvetica, sans-serif; font-size: 14pt;\">Los dos estudiantes universitarios y las cuatro personas sin hogar de Sevilla que permanec\u00edan en\u00a0<b>prisi\u00f3n preventiva desde el pasado 17 de febrero\u00a0<\/b>han salido en libertad con cargos la ma\u00f1ana de este viernes. As\u00ed lo han confirmado a<i>\u00a0P\u00fablico<\/i>\u00a0fuentes de la defensa, que a\u00f1aden que ha sido una\u00a0<b>decisi\u00f3n \u00abtotalmente inesperada\u00bb.<\/b><\/span><\/p>\n<p id=\"m479-1-480\" style=\"text-align: justify;\"><span style=\"font-family: arial, helvetica, sans-serif; font-size: 14pt;\">Los conocidos como \u00ab<b>los seis de la Macarena<\/b>\u00bb han pasado casi dos meses en prisi\u00f3n provisional sin fianza tras se detenidos durante el\u00a0<b>desalojo policial de un bloque de viviendas<\/b>\u00a0vac\u00edas que hab\u00edan ocupado, situado en la calle Magdalena de la capital andaluza, en el mismo edificio que, a\u00f1os atr\u00e1s, hab\u00eda albergado el Centro Social Okupado Casas Viejas, s\u00edmbolo del movimiento\u00a0<i>okupa\u00a0<\/i>y por el derecho a la vivienda de Andaluc\u00eda durante la pasada d\u00e9cada.<\/span><\/p>\n<p id=\"m484-2-485\" style=\"text-align: justify;\"><span style=\"font-family: arial, helvetica, sans-serif; font-size: 14pt;\">Este viernes, el juez ha aceptado la petici\u00f3n de sus abogados y les ha dejado en libertad despu\u00e9s de que dejaran consignados en el juzgado 500 euros cada uno. En total son 3.000 euros que los acusados han entregado, aunque\u00a0<b>no se trata de una fianza<\/b>, sino de una se\u00f1al de buena voluntad para hacer frente a una posible condena por da\u00f1os, han explicado fuentes de la defensa.<\/span><\/p>\n<p id=\"m683-3-684\" style=\"text-align: justify;\"><span style=\"font-family: arial, helvetica, sans-serif; font-size: 14pt;\">A los acusados, miembros de la llamada Corrala Dignidad, se les imputan los\u00a0delitos de<b>\u00a0usurpaci\u00f3n, atentado a la autoridad, des\u00f3rdenes p\u00fablicos, coacciones, seis delitos de lesiones y da\u00f1os en una de las viviendas<\/b>\u00a0que okuparon, aunque no todos tienen imputados los mismos delitos. Sin embargo, a\u00fan no hay fecha para el juicio. Este viernes estaba prevista su declaraci\u00f3n en sede judicial, pero no ha sido necesaria finalmente.<\/span><\/p>\n<p id=\"m489-3-490\" style=\"text-align: justify;\"><span style=\"font-family: arial, helvetica, sans-serif; font-size: 14pt;\">La decisi\u00f3n de dejan consignados en el juzgado 3.000 euros ha sido una medida de la defensa para generar circunstancias novedosas con las que poder solicitar nuevamente su libertad con cargos. Tras su detenci\u00f3n,\u00a0el juez \u00c1lvaro Mart\u00edn, magistrado del Juzgado de Instrucci\u00f3n N\u00famero 4 de Sevilla, decret\u00f3 prisi\u00f3n provisional sin fianza. Una medida que su defensa y diversas organizaciones y partidos pol\u00edticos consideraron\u00a0<b>\u00abtotalmente desproporcionada\u00bb<\/b>\u00a0teniendo en cuenta que los acusados ten\u00edan arraigo \u2014dos de ellos son estudiantes universitarios y los otros cuatro personas sin hogar con familia e hijos a cargo\u2014 y no exist\u00eda riesgo de fuga.<\/span><\/p>\n<p id=\"m494-4-495\" style=\"text-align: justify;\"><span style=\"font-family: arial, helvetica, sans-serif; font-size: 14pt;\">Pese a los recursos de sus abogados, el juez mantuvo la medida cautelar, dejando a estas personas privadas de libertad \u00absin estar acusados de ning\u00fan delito grave\u00bb, critican los abogados. Sin embargo, ante el dep\u00f3sito de 3.000 euros, ni la Fiscal\u00eda ni los abogados de la acusaci\u00f3n se han opuesto a la petici\u00f3n de libertad de los detenidos, por el que el juez les ha dejado salir casi dos meses en prisi\u00f3n.<\/span><\/p>\n<p><a href=\"https:\/\/puntocritico.com\/ausajpuntocritico\/wp-content\/uploads\/2016\/11\/Mosca_Punto_Cr\u00edtico_40.png\" rel=\"lightbox[10860]\"><img loading=\"lazy\" decoding=\"async\" class=\"aligncenter size-full wp-image-48\" src=\"https:\/\/puntocritico.com\/ausajpuntocritico\/wp-content\/uploads\/2016\/11\/Mosca_Punto_Cr\u00edtico_40.png\" alt=\"\" width=\"50\" height=\"50\" \/><\/a><\/p>\n<h1 class=\"pg-headline\" style=\"text-align: center;\"><a id=\"ref62\"><\/a><a href=\"#ref62a\">[62]<\/a> EEUU, Reino Unido y Francia atacan Siria<\/h1>\n<div class=\"subtitle bkn mce sk2\"><span style=\"font-size: 14pt;\">Por The Guardian<\/span><\/div>\n<div>\u00a0<\/div>\n<div><span style=\"color: #339966;\">Art\u00edculo publicado el 14 de abril de 2018 en<\/span><\/div>\n<div><span style=\"color: #339966;\"><a style=\"color: #339966;\" href=\"https:\/\/www.eldiario.es\/internacional\/EEUU-Reino-Unido-Francia-Siria_0_760823971.html\" target=\"_blank\" rel=\"noopener\">https:\/\/www.eldiario.es\/internacional\/EEUU-Reino-Unido-Francia-Siria_0_760823971.html<\/a><\/span><\/div>\n<div>\u00a0<\/div>\n<div>\u00a0<\/div>\n<figure id=\"attachment_11069\" aria-describedby=\"caption-attachment-11069\" style=\"width: 643px\" class=\"wp-caption aligncenter\"><a href=\"https:\/\/puntocritico.com\/ausajpuntocritico\/wp-content\/uploads\/2018\/04\/EEUU-Damasco-AP-PhotoHassan-Ammar_EDIIMA20180414_0407_19.jpg\" rel=\"lightbox[10860]\"><img loading=\"lazy\" decoding=\"async\" class=\"wp-image-11069 size-full\" src=\"https:\/\/puntocritico.com\/ausajpuntocritico\/wp-content\/uploads\/2018\/04\/EEUU-Damasco-AP-PhotoHassan-Ammar_EDIIMA20180414_0407_19.jpg\" alt=\"\" width=\"643\" height=\"362\" srcset=\"https:\/\/puntocritico.com\/ausajpuntocritico\/wp-content\/uploads\/2018\/04\/EEUU-Damasco-AP-PhotoHassan-Ammar_EDIIMA20180414_0407_19.jpg 643w, https:\/\/puntocritico.com\/ausajpuntocritico\/wp-content\/uploads\/2018\/04\/EEUU-Damasco-AP-PhotoHassan-Ammar_EDIIMA20180414_0407_19-300x169.jpg 300w\" sizes=\"auto, (max-width: 643px) 100vw, 643px\" \/><\/a><figcaption id=\"caption-attachment-11069\" class=\"wp-caption-text\"><span style=\"font-size: 10pt; color: #339966;\"><strong>Un soldado sirio graba las ruinas de uno de los centros destruidos por el ataque de EEUU en Damasco. AP Photo\/Hassan Ammar <\/strong><\/span><\/figcaption><\/figure>\n<blockquote>\n<p style=\"text-align: justify;\"><span style=\"font-size: 14pt; font-family: arial, helvetica, sans-serif;\">EEUU\u00a0y sus aliados europeos lanzan 100 misiles en tres ataques contra lo que identifican como instalaciones de armas qu\u00edmicas en dos ciudades sirias<\/span><\/p>\n<p style=\"text-align: justify;\"><span style=\"font-size: 14pt; font-family: arial, helvetica, sans-serif;\">Trump se\u00f1ala a Rusia en su discurso para justificar el atque y Putin asegura que el ataque es \u00abun insulto\u00bb que \u00abtendr\u00e1 consecuencias\u00bb<\/span><\/p>\n<\/blockquote>\n<p class=\"mce\" style=\"text-align: justify;\"><span style=\"font-family: arial, helvetica, sans-serif; font-size: 14pt;\">Estados Unidos, Reino Unido y Francia\u00a0han lanzado un ataque con alrededor de 100 misiles\u00a0en\u00a0una ofensiva conjunta contra posiciones de Bachar al Asad como represalia por un presunto ataque qu\u00edmico del que culpan al Gobierno sirio.\u00a0<\/span><\/p>\n<div class=\"cutting\" style=\"text-align: justify;\">\n<div class=\"cutting-wrapper\">\n<h3 class=\"cutting-title\"><span style=\"font-family: arial, helvetica, sans-serif; font-size: 14pt;\">Lo que sabemos por ahora del ataque a Siria<\/span><\/h3>\n<ul>\n<li><span style=\"font-family: arial, helvetica, sans-serif; font-size: 14pt;\">Donald Trump ha lanzado ataques a\u00e9reos junto a Reino Unido y Francia. Los tres pa\u00edses han declarado que\u00a0el objetivo\u00a0es\u00a0reducir el arsenal de armas qu\u00edmicas de Al Asad tras el ataque con gas del pasado fin de semana en un barrio de Damasco.<\/span><\/li>\n<\/ul>\n<ul>\n<li><span style=\"font-family: arial, helvetica, sans-serif; font-size: 14pt;\">Unos minutos despu\u00e9s de que el presidente anunciara la operaci\u00f3n militar, se registraron las primeras explosiones en Damasco. Un informe del Pent\u00e1gono asegura que tres objetivos fueron alcanzados: dos en esa capital y otro en Homs. Los ataques fueron respondidos por las defensas antia\u00e9reas sirias. A\u00fan no hay balance de v\u00edctimas.<\/span><\/li>\n<\/ul>\n<ul>\n<li><span style=\"font-family: arial, helvetica, sans-serif; font-size: 14pt;\">Rusia ha respondido. El Gobierno de Putin asegura que \u201cestas acciones no quedar\u00e1n sin respuesta\u201d y las considera un ataque a Mosc\u00fa: \u201cEste insulto al presidente de Rusia es inaceptable e inadmisible\u201d. El Kremlin tambi\u00e9n afirma que el ataque a Siria es un ataque contra la soberan\u00eda de un pa\u00eds soberano.<\/span><\/li>\n<\/ul>\n<ul>\n<li><span style=\"font-family: arial, helvetica, sans-serif; font-size: 14pt;\">La primera ministra brit\u00e1nica, Teresa May, asegura que Reino Unido ha autorizado tambi\u00e9n ataques para \u201cdeteriorar la capacidad de las armas qu\u00edmicas del r\u00e9gimen sirio\u201d. Volviendo la mirada sobre Rusia, ha a\u00f1adido: \u201cNo podemos permitir el uso de armas qu\u00edmicas se conviertan en algo habitual, ya sea en Siria, en las calles de Reino Unido o en cualquier parte del mundo\u201d.<\/span><\/li>\n<\/ul>\n<ul>\n<li><span style=\"font-family: arial, helvetica, sans-serif; font-size: 14pt;\">El presidente franc\u00e9s Emmanuel Macron, que tambi\u00e9n ha activado su ej\u00e9rcito para el ataque, asegura que \u201cel uso de armas qu\u00edmicas supone un peligro inmediato para el pueblo sirio y para nuestra seguridad colectiva\u00bb.<\/span><\/li>\n<\/ul>\n<\/div>\n<\/div>\n<p class=\"mce\" style=\"text-align: justify;\"><span style=\"font-family: arial, helvetica, sans-serif; font-size: 14pt;\">\u00abHace un momento, he ordenado a las Fuerzas Armadas de Estados Unidos lanzar ataques de precisi\u00f3n contra objetivos asociados a las capacidades de armamento qu\u00edmico del dictador sirio, Bachar al Asad\u00bb,\u00a0ha dicho\u00a0esta noche el presidente estadounidense, Donald Trump, en una comparecencia desde la Casa Blanca.<\/span><\/p>\n<p class=\"mce\" style=\"text-align: justify;\"><span style=\"font-family: arial, helvetica, sans-serif; font-size: 14pt;\">\u00abUna operaci\u00f3n conjunta con las fuerzas armadas de Francia y el Reino Unido est\u00e1 en marcha en estos momentos\u00bb, dijo minutos despu\u00e9s de las 21.00 hora local (01.00 del s\u00e1bado GMT). Washington y sus aliados europeos lanzaron tres ataques en los que destruyeron instalaciones asociadas al programa de armamento qu\u00edmico de Damasco a trav\u00e9s de bombardeos a\u00e9reos y de misiles proyectados desde buques en el Mediterr\u00e1neo de los tres pa\u00edses. Fue un ataque, seg\u00fan el Pent\u00e1gono, para disuadir a Al Asad de utilizar armas qu\u00edmicas en el futuro.<\/span><\/p>\n<p class=\"mce\" style=\"text-align: justify;\"><span style=\"font-family: arial, helvetica, sans-serif; font-size: 14pt;\">El primer ataque tuvo como objetivo un centro de investigaci\u00f3n cient\u00edfica ubicado cerca de Damasco y utilizado, seg\u00fan Washington, para \u00abla investigaci\u00f3n, desarrollo, producci\u00f3n y pruebas de armas qu\u00edmicas y biol\u00f3gicas\u00bb.<\/span><\/p>\n<p class=\"mce\" style=\"text-align: justify;\"><span style=\"font-family: arial, helvetica, sans-serif; font-size: 14pt;\">En un segundo ataque de Estados Unidos y sus aliados qued\u00f3 destruido un deposito\u00a0situado al oeste de Homs donde en el pasado el Gobierno sirio almacen\u00f3 sus reservas de gas sar\u00edn, una de las sustancias utilizadas en los presuntos ataques qu\u00edmicos.<\/span><\/p>\n<p class=\"mce\" style=\"text-align: justify;\"><span style=\"font-family: arial, helvetica, sans-serif; font-size: 14pt;\">Finalmente, el tercer objetivo de las potencias occidentales fue otro almac\u00e9n con armas qu\u00edmicas y un importante centro de comandancia ubicados cerca del segundo objetivo, al oeste de Homs. El jefe del Pent\u00e1gono, James Mattis, asegur\u00f3 que no hay \u00abm\u00e1s ataques previstos\u00bb contra Al Asad. Sin embargo, tanto Mattis como Trump alertaron a Al Asad que Estados Unidos est\u00e1 preparado para seguir atacando si persiste en su presunto uso de armas qu\u00edmicas.<\/span><\/p>\n<h3 style=\"text-align: justify;\"><span style=\"font-family: arial, helvetica, sans-serif; font-size: 14pt;\">La reacci\u00f3n rusa<\/span><\/h3>\n<p class=\"mce\" style=\"text-align: justify;\"><span class=\"mce\" style=\"font-family: arial, helvetica, sans-serif; font-size: 14pt;\">\u00abLos peores presagios se han cumplido. No han escuchado nuestras advertencias. Nos vuelven a amenazar. Hab\u00edamos advertido de que estas acciones no se quedar\u00e1n sin consecuencias. Toda la responsabilidad recae en Washington, Londres y Par\u00eds\u00bb, dijo el embajador ruso en EEUU, Anatoli Ant\u00f3nov en una declaraci\u00f3n oficial difundida por la Embajada.\u00a0\u00a0\u00abEsto\u00a0no\u00a0quedar\u00e1 sin consecuencias\u00bb, advirti\u00f3.<\/span><\/p>\n<p class=\"mce\" style=\"text-align: justify;\"><span style=\"font-family: arial, helvetica, sans-serif; font-size: 14pt;\">Las autoridades sirias condenaron hoy \u00aben los t\u00e9rminos m\u00e1s fuertes\u00bb la \u00abagresi\u00f3n b\u00e1rbara y brutal\u00bb de EEUU, Francia y Reino\u00a0Unido. La agencia oficial de noticias SANA cita a una fuente an\u00f3nima del Ministerio de Exteriores que afirm\u00f3 que \u00abla agresi\u00f3n de los reg\u00edmenes arrogantes y de la hegemon\u00eda occidental fue el resultado de la frustraci\u00f3n despu\u00e9s de que el proyecto conspiratorio en Siria no tuviese resultado\u00bb.<\/span><\/p>\n<p class=\"mce\" style=\"text-align: justify;\"><span style=\"font-family: arial, helvetica, sans-serif; font-size: 14pt;\">Estados Unidos ya hab\u00eda atacado una vez a Al Asad por el presunto uso de armas qu\u00edmicas, fue el 7 de abril de 2017, actu\u00f3 en solitario y asegur\u00f3 haber destruido el 20% de la flota militar a\u00e9rea de Siria.<\/span><\/p>\n<p class=\"mce\" style=\"text-align: justify;\"><span style=\"font-family: arial, helvetica, sans-serif; font-size: 14pt;\">En esa ocasi\u00f3n, Washington notific\u00f3 con antelaci\u00f3n del ataque a Rusia, que tiene tropas que combaten junto a las fuerzas gubernamentales sirias. Esta vez, sin embargo, Estados Unidos no tuvo comunicaci\u00f3n con Mosc\u00fa y Trump, de hecho, culp\u00f3 a Rusia, en parte, de la ofensiva aliada de hoy y le inst\u00f3 a que abandone su apoyo a Al Asad, un mensaje que tambi\u00e9n traslad\u00f3 a Teher\u00e1n.<\/span><\/p>\n<p class=\"mce\" style=\"text-align: justify;\"><span style=\"font-family: arial, helvetica, sans-serif; font-size: 14pt;\">\u00abEn 2013, el presidente (Vladimir) Putin y su Gobierno prometieron al mundo eliminar las armas qu\u00edmicas de Siria. El reciente ataque de Al Asad -y la respuesta de hoy- son resultado directo del fracaso de Rusia en mantener su promesa\u00bb, dijo Trump. \u00abRusia -a\u00f1adi\u00f3 Trump- debe decidir si seguir\u00e1 por este oscuro camino o si se unir\u00e1 a las naciones civilizadas como una fuerza de paz y estabilidad\u00bb.<\/span><\/p>\n<p style=\"text-align: justify;\"><a href=\"https:\/\/puntocritico.com\/ausajpuntocritico\/wp-content\/uploads\/2016\/11\/Mosca_Punto_Cr\u00edtico_40.png\" rel=\"lightbox[10860]\"><img loading=\"lazy\" decoding=\"async\" class=\"aligncenter size-full wp-image-48\" src=\"https:\/\/puntocritico.com\/ausajpuntocritico\/wp-content\/uploads\/2016\/11\/Mosca_Punto_Cr\u00edtico_40.png\" alt=\"\" width=\"50\" height=\"50\" \/><\/a><\/p>\n<h1 class=\"pg-headline\" style=\"text-align: center;\"><a id=\"ref63\"><\/a><a href=\"#ref63a\">[63]<\/a> Rusia asegura que el ataque de EE UU, Reino Unido y Francia contra Siria \u00abtendr\u00e1 consecuencias\u00bb<\/h1>\n<p><span style=\"font-size: 14pt;\">Por\u00a0EFE\/eldiario.es<\/span><\/p>\n<div><span style=\"color: #339966;\">Art\u00edculo publicado el 14 de abril de 2018 en<\/span><\/div>\n<div><span style=\"color: #339966;\"><a style=\"color: #339966;\" href=\"https:\/\/www.eldiario.es\/internacional\/Rusia-dice-ataque-Siria-consecuencias_0_760823973.html\" target=\"_blank\" rel=\"noopener\">https:\/\/www.eldiario.es\/internacional\/Rusia-dice-ataque-Siria-consecuencias_0_760823973.html<\/a><\/span><\/div>\n<div>\u00a0<\/div>\n<div>\n<figure id=\"attachment_11070\" aria-describedby=\"caption-attachment-11070\" style=\"width: 643px\" class=\"wp-caption aligncenter\"><a href=\"https:\/\/puntocritico.com\/ausajpuntocritico\/wp-content\/uploads\/2018\/04\/Putin-desaprueba-restitucion-monarquia-Rusia_EDIIMA20170315_0298_19.jpg\" rel=\"lightbox[10860]\"><img loading=\"lazy\" decoding=\"async\" class=\"wp-image-11070 size-full\" src=\"https:\/\/puntocritico.com\/ausajpuntocritico\/wp-content\/uploads\/2018\/04\/Putin-desaprueba-restitucion-monarquia-Rusia_EDIIMA20170315_0298_19.jpg\" alt=\"\" width=\"643\" height=\"362\" srcset=\"https:\/\/puntocritico.com\/ausajpuntocritico\/wp-content\/uploads\/2018\/04\/Putin-desaprueba-restitucion-monarquia-Rusia_EDIIMA20170315_0298_19.jpg 643w, https:\/\/puntocritico.com\/ausajpuntocritico\/wp-content\/uploads\/2018\/04\/Putin-desaprueba-restitucion-monarquia-Rusia_EDIIMA20170315_0298_19-300x169.jpg 300w\" sizes=\"auto, (max-width: 643px) 100vw, 643px\" \/><\/a><figcaption id=\"caption-attachment-11070\" class=\"wp-caption-text\"><span style=\"color: #339966;\"><strong><span style=\"font-size: 10pt;\">EFE<\/span><\/strong><\/span><\/figcaption><\/figure>\n<\/div>\n<blockquote>\n<p><span style=\"font-size: 14pt; font-family: arial, helvetica, sans-serif;\">\u00abLos peores presagios se han cumplido. No han escuchado nuestras advertencias. Nos vuelven a amenazar\u00bb,\u00a0ha dicho el embajador ruso en EE UU. Putin ha a\u00f1adido m\u00e1s tarde que es una \u00abagresi\u00f3n contra un Estado soberano\u00bb<\/span><\/p>\n<p><span style=\"font-size: 14pt; font-family: arial, helvetica, sans-serif;\">May ha defendido que \u00abno hay alternativa practicable al uso de la fuerza\u00bb tras el ataque qu\u00edmico del 7 de abril. Macron ha confirmado la participaci\u00f3n francesa<\/span><\/p>\n<p><span style=\"font-size: 14pt; font-family: arial, helvetica, sans-serif;\">El Gobierno espa\u00f1ol: \u00abEs una respuesta leg\u00edmita y proporcionada\u00bb<\/span><\/p>\n<p><span style=\"font-size: 14pt; font-family: arial, helvetica, sans-serif;\"><strong>M\u00c1S INFORMACI\u00d3N |\u00a0<a href=\"https:\/\/www.eldiario.es\/internacional\/EEUU-Reino-Unido-Francia-Siria_0_760823971.html\" target=\"_blank\" rel=\"noopener\">EE UU, Reino Unido y Francia atacan Siria<\/a><\/strong><\/span><\/p>\n<\/blockquote>\n<p class=\"mce\" style=\"text-align: justify;\"><span style=\"font-size: 14pt; font-family: arial, helvetica, sans-serif;\"><a class=\"mce\" href=\"https:\/\/www.eldiario.es\/internacional\/EEUU-Reino-Unido-Francia-Siria_0_760823971.html\" target=\"_blank\" rel=\"noopener\">El ataque lanzado hoy contra Siria por las Fuerzas Armadas de Estados Unidos, Reino Unido y Francia<\/a>\u00a0\u00abno se quedar\u00e1 sin consecuencias\u00bb, advirti\u00f3 el embajador de Rusia en Washington, Anatoli Ant\u00f3nov.<\/span><\/p>\n<p class=\"mce\" style=\"text-align: justify;\"><span style=\"font-size: 14pt; font-family: arial, helvetica, sans-serif;\">\u00abLos peores presagios se han cumplido. No han escuchado nuestras advertencias. Nos vuelven a amenazar. Hab\u00edamos advertido de que estas acciones no se quedar\u00e1n sin consecuencias. Toda la responsabilidad recae en Washington, Londres y Par\u00eds\u00bb, dijo Ant\u00f3nov en una declaraci\u00f3n oficial difundida por la Embajada.<\/span><\/p>\n<p class=\"mce\" style=\"text-align: justify;\"><span style=\"font-size: 14pt; font-family: arial, helvetica, sans-serif;\">M\u00e1s tarde, el propio Putin ha emitido un comunicado difundido por el Kremlin en el que califica el bombardeo de \u00abagresi\u00f3n contra un Estado soberano\u00bb. Ha acusado a EE UU de colaborar con los terroristas del pa\u00eds: \u00abCon sus acciones, EEUU empeoran a\u00fan m\u00e1s la cat\u00e1strofe humanitaria en Siria, llevan el sufrimiento a la poblaci\u00f3n civil, y de hecho, toleran a los terroristas que torturan desde hace siete a\u00f1os al pueblo sirio\u00bb.<\/span><\/p>\n<p class=\"mce\" style=\"text-align: justify;\"><span style=\"font-size: 14pt; font-family: arial, helvetica, sans-serif;\">\u00abEn 2013, el presidente Putin y su Gobierno prometieron al mundo eliminar las armas qu\u00edmicas de Siria. El reciente ataque de Al Asad -y la respuesta de hoy- son resultado directo del fracaso de Rusia en mantener su promesa\u00bb,\u00a0hab\u00eda dicho Trump en la Casa Blanca al anunciar que se hab\u00eda efectuado la ofensiva. \u00abRusia debe decidir si seguir\u00e1 por este oscuro camino o si se unir\u00e1 a las naciones civilizadas como una fuerza de paz y estabilidad\u00bb, a\u00f1adi\u00f3.<\/span><\/p>\n<p class=\"mce\" style=\"text-align: justify;\"><span style=\"font-size: 14pt; font-family: arial, helvetica, sans-serif;\">M\u00e1s tarde, el presidente estadounidense se ha pronunciado en Twitter. \u00abUn ataque perfectamente ejecutado\u00bb, ha dicho. Dando las gracias a Francia y Reino Unido y expresando su orgullo por el trabajo de las Fuerzas Armadas, ha a\u00f1adido que \u00abno ha podido haber un mejor resultado. Misi\u00f3n cumplida\u00bb.<\/span><\/p>\n<blockquote class=\"twitter-tweet\" data-lang=\"es\">\n<p dir=\"ltr\" lang=\"en\"><span style=\"font-size: 14pt; font-family: arial, helvetica, sans-serif;\">A perfectly executed strike last night. Thank you to France and the United Kingdom for their wisdom and the power of their fine Military. Could not have had a better result. Mission Accomplished!<\/span><\/p>\n<p><span style=\"font-size: 14pt; font-family: arial, helvetica, sans-serif;\">\u2014 Donald J. Trump (@realDonaldTrump) <a href=\"https:\/\/twitter.com\/realDonaldTrump\/status\/985130802668294144?ref_src=twsrc%5Etfw\" target=\"_blank\" rel=\"noopener\">14 de abril de 2018<\/a><\/span><\/p><\/blockquote>\n<p style=\"text-align: justify;\"><span style=\"font-size: 14pt; font-family: arial, helvetica, sans-serif;\"><script async=\"\" src=\"https:\/\/platform.twitter.com\/widgets.js\" charset=\"utf-8\"><\/script><\/span><\/p>\n<blockquote class=\"twitter-tweet\" data-lang=\"es\">\n<p dir=\"ltr\" lang=\"en\"><span style=\"font-size: 14pt; font-family: arial, helvetica, sans-serif;\">So proud of our great Military which will soon be, after the spending of billions of fully approved dollars, the finest that our Country has ever had. There won\u2019t be anything, or anyone, even close!<\/span><\/p>\n<p><span style=\"font-size: 14pt; font-family: arial, helvetica, sans-serif;\">\u2014 Donald J. Trump (@realDonaldTrump) <a href=\"https:\/\/twitter.com\/realDonaldTrump\/status\/985133017256660995?ref_src=twsrc%5Etfw\" target=\"_blank\" rel=\"noopener\">14 de abril de 2018<\/a><\/span><\/p><\/blockquote>\n<p style=\"text-align: justify;\"><span style=\"font-size: 14pt; font-family: arial, helvetica, sans-serif;\"><script async=\"\" src=\"https:\/\/platform.twitter.com\/widgets.js\" charset=\"utf-8\"><\/script><\/span><\/p>\n<p class=\"mce\" style=\"text-align: justify;\"><span style=\"font-size: 14pt; font-family: arial, helvetica, sans-serif;\">Por su parte, las autoridades sirias condenaron hoy \u00aben los t\u00e9rminos m\u00e1s fuertes\u00bb la \u00abagresi\u00f3n b\u00e1rbara y brutal\u00bb de EEUU, Francia y Reino\u00a0Unido. La agencia oficial de noticias SANA cita a una fuente an\u00f3nima del Ministerio de Exteriores que afirm\u00f3 que \u00abla agresi\u00f3n de los reg\u00edmenes arrogantes y de la hegemon\u00eda occidental fue el resultado de la frustraci\u00f3n despu\u00e9s de que el proyecto conspiratorio en Siria no tuviese resultado\u00bb.<\/span><\/p>\n<h3 style=\"text-align: justify;\"><span style=\"font-size: 14pt; font-family: arial, helvetica, sans-serif;\">\u00abNo hay alternativa practicable\u00bb<\/span><\/h3>\n<p class=\"mce\" style=\"text-align: justify;\"><span style=\"font-size: 14pt; font-family: arial, helvetica, sans-serif;\">La primera ministra brit\u00e1nica, Theresa May, dijo que \u00abno hay alternativa practicable al uso de la fuerza\u00bb en Siria, al confirmar la implicaci\u00f3n militar de su pa\u00eds en la ofensiva conjunta adoptada contra el r\u00e9gimen de Bachar Al Asad en Siria.<\/span><\/p>\n<p class=\"mce\" style=\"text-align: justify;\"><span style=\"font-size: 14pt; font-family: arial, helvetica, sans-serif;\">La l\u00edder conservadora indic\u00f3 que se han agotado \u00abtodos los canales diplom\u00e1ticos posibles\u00bb antes de acordar la acci\u00f3n coordinada en respuesta al ataque perpetrado por Asad con armamento qu\u00edmico el pasado s\u00e1bado en la ciudad de Duma.<\/span><\/p>\n<p class=\"mce\" style=\"text-align: justify;\"><span style=\"font-size: 14pt; font-family: arial, helvetica, sans-serif;\">\u00abEste modelo persistente de comportamiento debe frenarse, no solo a fin de proteger a inocentes en Siria de muertes y bajas espantosas ocasionadas por armas qu\u00edmicas, sino tambi\u00e9n porque no podemos permitir la erosi\u00f3n de la norma internacional que evita el empleo de esas armas qu\u00edmicas\u00bb, afirm\u00f3 May en un comunicado.<\/span><\/p>\n<p class=\"mce\" style=\"text-align: justify;\"><span style=\"font-size: 14pt; font-family: arial, helvetica, sans-serif;\">La jefa del Ejecutivo de Londres justific\u00f3 la implicaci\u00f3n de las fuerzas armadas de su pa\u00eds en la acci\u00f3n militar coordinada con sus aliados norteamericanos y franceses \u00aba fin de degradar y disuadir el uso de armas qu\u00edmicas por parte del r\u00e9gimen sirio\u00bb.<\/span><\/p>\n<p class=\"mce\" style=\"text-align: justify;\"><span style=\"font-size: 14pt; font-family: arial, helvetica, sans-serif;\">El presidente franc\u00e9s, Emmanuel Macron, confirm\u00f3 hoy tambi\u00e9n su participaci\u00f3n\u00a0justific\u00e1ndola en que\u00a0\u00abno podemos tolerar la banalizaci\u00f3n del uso de armas qu\u00edmicas\u00bb. En un comunicado, Macron subray\u00f3 que el ataque \u00abest\u00e1 circunscrito a las capacidades del r\u00e9gimen sirio que permiten la producci\u00f3n y el empleo de armas qu\u00edmicas\u00bb y explic\u00f3 que el Parlamento franc\u00e9s ser\u00e1 informado de la ofensiva y se abrir\u00e1 un debate parlamentario, como estipula la Constituci\u00f3n.<\/span><\/p>\n<p class=\"mce\" style=\"text-align: justify;\"><span style=\"font-size: 14pt; font-family: arial, helvetica, sans-serif;\">Para Macron, \u00ablos hechos y la responsabilidad del r\u00e9gimen sirio\u00bb en el ataque qu\u00edmico que mat\u00f3 a decenas de personas el 7 de abril en Duma, cerca de Damasco, \u00abno ofrecen ninguna duda\u00bb. Por ello, consider\u00f3 que \u00abse ha traspasado la l\u00ednea roja establecida por Francia en mayo de 2017\u00bb.<\/span><\/p>\n<p class=\"mce\" style=\"text-align: justify;\"><span style=\"font-size: 14pt; font-family: arial, helvetica, sans-serif;\">El uso de armas qu\u00edmicas en Siria \u00abes un peligro inmediato para el pueblo sirio y para nuestra seguridad colectiva\u00bb, agreg\u00f3 Macron, que avanz\u00f3 que su pa\u00eds y sus aliados retomar\u00e1n \u00abdesde hoy\u00bb los esfuerzos en el seno de Naciones Unidas para que se ponga en marcha un mecanismo internacional de establecimiento de responsabilidades. Macron cit\u00f3 las prioridades de Francia en Siria: terminar la lucha contra Estado Isl\u00e1mico, permitir el acceso de ayuda humanitaria a la poblaci\u00f3n civil y lanzar una din\u00e1mica para alcanzar una soluci\u00f3n pol\u00edtica.<\/span><\/p>\n<h3 style=\"text-align: justify;\"><span style=\"font-size: 14pt; font-family: arial, helvetica, sans-serif;\">Gobierno espa\u00f1ol: \u00abEs un ataque proporcionado\u00bb<\/span><\/h3>\n<p class=\"mce\" style=\"text-align: justify;\"><span style=\"font-size: 14pt; font-family: arial, helvetica, sans-serif;\">En Espa\u00f1a,\u00a0el gobierno ha calificado el ataque qu\u00edmico del domingo de<span class=\"mce\">\u00a0\u00a0\u00abcrimen contra la humanidad\u00bb cuyos responsables \u00abde este y otros\u00bb previos deben ser \u00absometidos a la justicia\u00bb.<a class=\"mce\" href=\"http:\/\/www.lamoncloa.gob.es\/serviciosdeprensa\/notasprensa\/maec\/Paginas\/2018\/140418siria.aspx\" target=\"_blank\" rel=\"noopener\">\u00a0En un comunicado remitido por Moncloa<\/a>, han se\u00f1alado que\u00a0prefieren siempre\u00a0\u00a0\u00abla acci\u00f3n concertada internacional a las acciones unilaterales\u00bb. \u00abCuando estas suceden, deben ser proporcionadas, como ha sido el caso en esta ocasi\u00f3n\u00bb, a\u00f1aden respecto al bombardeo de EE UU, Reino Unido y Francia.<\/span><\/span><\/p>\n<p class=\"mce\" style=\"text-align: justify;\"><span style=\"font-size: 14pt; font-family: arial, helvetica, sans-serif;\">\u00abAquellos que apoyan al r\u00e9gimen sirio tienen que ejercer toda la presi\u00f3n necesaria para evitar los ataques contra la poblaci\u00f3n civil. No son aceptables las continuas violaciones del alto el fuego. Pero usar armas qu\u00edmicas es una cuesti\u00f3n cualitativamente diferente y de una gravedad extrema. Lamentablemente no es la primera vez, deseamos que sea la \u00faltima\u00bb, dicen, adem\u00e1s de lamentar \u00ab<span class=\"mce\">\u00a0la paralizaci\u00f3n del Consejo de Seguridad en esta cuesti\u00f3n\u00bb.<\/span><\/span><\/p>\n<p class=\"mce\" style=\"text-align: justify;\"><span class=\"mce\" style=\"font-size: 14pt; font-family: arial, helvetica, sans-serif;\">\u00abSolo un proceso pol\u00edtico de transici\u00f3n, como se ha recogido en las resoluciones del Consejo de Seguridad, puede traer la paz definitiva a Siria. Es un proceso que debe estar encabezado por Naciones Unidas. Espa\u00f1a apoya completamente ese proceso como \u00fanica forma de acabar con im\u00e1genes como las que hemos visto estos d\u00edas de ni\u00f1os muriendo entre sufrimientos atroces. Nada justifica algo as\u00ed\u00bb, concluye la nota.<\/span><\/p>\n<p class=\"mce\" style=\"text-align: justify;\"><span style=\"font-size: 14pt; font-family: arial, helvetica, sans-serif;\">En un acto en Zamora, Rajoy ha insistido en\u00a0este posicionamiento del Ejecutivo, seg\u00fan recoge El Pa\u00eds: \u00ab<span class=\"mce\">\u00a0El Gobierno considera que es una respuesta leg\u00edmita y proporcionada a los brutales ataques perpetradas contra la poblaci\u00f3n civil\u00bb.\u00a0\u00a0\u00abEl objetivo es reducir la capacidad del r\u00e9gimen para perpetrar nuevos ataques contra la poblaci\u00f3n\u00bb, ha reiterado.<\/span><\/span><\/p>\n<p><a href=\"https:\/\/puntocritico.com\/ausajpuntocritico\/wp-content\/uploads\/2016\/11\/Mosca_Punto_Cr\u00edtico_40.png\" rel=\"lightbox[10860]\"><img loading=\"lazy\" decoding=\"async\" class=\"aligncenter size-full wp-image-48\" src=\"https:\/\/puntocritico.com\/ausajpuntocritico\/wp-content\/uploads\/2016\/11\/Mosca_Punto_Cr\u00edtico_40.png\" alt=\"\" width=\"50\" height=\"50\" \/><\/a><\/p>\n<h1 style=\"text-align: center;\"><a id=\"ref64\"><\/a><a href=\"#ref64a\">[64]<\/a> EEUU bombardea Siria y desaf\u00eda a Rusia<\/h1>\n<p><span style=\"font-size: 14pt;\">Por EFE<\/span><\/p>\n<div><span style=\"color: #339966;\">Art\u00edculo publicado el 14 de abril de 2018 en<\/span><\/div>\n<div><span style=\"color: #339966;\"><a style=\"color: #339966;\" href=\"http:\/\/www.publico.es\/internacional\/eeuu-bombardea-siria-y-desafia-rusia.html\" target=\"_blank\" rel=\"noopener\">http:\/\/www.publico.es\/internacional\/eeuu-bombardea-siria-y-desafia-rusia.html<\/a><\/span><\/div>\n<div>\u00a0<\/div>\n<div>\u00a0<\/div>\n<figure id=\"attachment_11071\" aria-describedby=\"caption-attachment-11071\" style=\"width: 660px\" class=\"wp-caption aligncenter\"><a href=\"https:\/\/puntocritico.com\/ausajpuntocritico\/wp-content\/uploads\/2018\/04\/5ad19d28a6e6a.r_1523694046549.0-121-800-533.jpg\" rel=\"lightbox[10860]\"><img loading=\"lazy\" decoding=\"async\" class=\"wp-image-11071 size-full\" src=\"https:\/\/puntocritico.com\/ausajpuntocritico\/wp-content\/uploads\/2018\/04\/5ad19d28a6e6a.r_1523694046549.0-121-800-533.jpg\" alt=\"\" width=\"660\" height=\"340\" srcset=\"https:\/\/puntocritico.com\/ausajpuntocritico\/wp-content\/uploads\/2018\/04\/5ad19d28a6e6a.r_1523694046549.0-121-800-533.jpg 660w, https:\/\/puntocritico.com\/ausajpuntocritico\/wp-content\/uploads\/2018\/04\/5ad19d28a6e6a.r_1523694046549.0-121-800-533-300x155.jpg 300w\" sizes=\"auto, (max-width: 660px) 100vw, 660px\" \/><\/a><figcaption id=\"caption-attachment-11071\" class=\"wp-caption-text\"><span style=\"font-size: 10pt; color: #339966;\"><strong>Donald Trump anuncia el ataque a Siria. \/ EFE <\/strong><\/span><\/figcaption><\/figure>\n<header class=\"article-header\">\n<div class=\"article-header-epigraph\">\n<blockquote>\n<p style=\"text-align: justify;\"><span style=\"font-size: 14pt; font-family: arial, helvetica, sans-serif;\">Trump, apoyado por Reino Unido y Francia, lanza una ofensiva conjunta contra posiciones de Bachar al Asad como represalia por un presunto ataque qu\u00edmico.\u00a0\u00abRusia debe decidir si se unir\u00e1 a las naciones civilizadas como una fuerza de paz\u00bb<\/span><\/p>\n<\/blockquote>\n<\/div>\n<\/header>\n<div class=\"article-content\">\n<div class=\"column left-side\">\n<p id=\"m156-155-157\" class=\"hovered\" style=\"text-align: justify;\"><span style=\"font-family: arial, helvetica, sans-serif; font-size: 14pt;\">Estados Unidos, Reino Unido y Francia lanzaron hoy una ofensiva conjunta contra posiciones de\u00a0<b>Bachar al Asad<\/b>\u00a0como represalia por un presunto ataque qu\u00edmico del que culpan al Gobierno sirio (<a href=\"http:\/\/www.publico.es\/fotogalerias\/fotos-del-ataque-eeuu-siria.html\" target=\"_blank\" rel=\"noopener noreferrer\">fotogaler\u00eda<\/a>).<\/span><\/p>\n<p class=\"hovered\" style=\"text-align: justify;\"><span style=\"font-family: arial, helvetica, sans-serif; font-size: 14pt;\">\u00abHace un momento, he ordenado a las Fuerzas Armadas de Estados Unidos lanzar ataques de precisi\u00f3n contra objetivos asociados a las capacidades de armamento qu\u00edmico del dictador sirio, Bachar al Asad\u00bb, dijo el presidente estadounidense,\u00a0<b>Donald Trump<\/b>, en una comparecencia desde la Casa Blanca.<\/span><\/p>\n<p class=\"hovered\" style=\"text-align: justify;\"><span style=\"font-family: arial, helvetica, sans-serif; font-size: 14pt;\">\u00abUna operaci\u00f3n conjunta con las fuerzas armadas de Francia y el Reino Unido est\u00e1 en marcha en estos momentos\u00bb, dijo minutos despu\u00e9s de las nueve de la noche (las tres de la madrugada en Espa\u00f1a). Posteriormente, el embajador de\u00a0<b>Rusia<\/b>\u00a0en Washington, Anatoli Ant\u00f3nov, advirti\u00f3 de que\u00a0<a href=\"http:\/\/www.publico.es\/internacional\/rusia-advierte-ataque-eeuu-siria-tendra-consecuencias.html\" target=\"_blank\" rel=\"noopener noreferrer\">el ataque\u00a0tendr\u00e1 consecuencias<\/a>.<\/span><\/p>\n<h2 id=\"m340-3-341\" class=\"highlighted\" style=\"text-align: justify;\"><span style=\"font-family: arial, helvetica, sans-serif; font-size: 14pt;\">\u00abUn ataque \u00fanico\u00bb<\/span><\/h2>\n<p id=\"m264-3-265\" style=\"text-align: justify;\">\n<span style=\"font-family: arial, helvetica, sans-serif; font-size: 14pt;\">Washington y sus aliados europeos lanzaron tres ataques en los que destruyeron instalaciones asociadas al programa de armamento qu\u00edmico de Damasco a trav\u00e9s de bombardeos a\u00e9reos y de misiles proyectados desde buques en el Mediterr\u00e1neo de los tres pa\u00edses.\u00a0<b>Fue un ataque \u00ab\u00fanico\u00bb para disuadir a Al Asad de usar armas qu\u00edmicas en el futuro<\/b>,\u00a0seg\u00fan el Pent\u00e1gono.<\/span><\/p>\n<p id=\"m171-3-172\" style=\"text-align: justify;\">\n<span style=\"font-family: arial, helvetica, sans-serif; font-size: 14pt;\">El primer ataque tuvo como objetivo un centro de investigaci\u00f3n cient\u00edfica ubicado cerca de Damasco y utilizado, seg\u00fan Washington, para \u00abla investigaci\u00f3n, desarrollo, producci\u00f3n y pruebas de armas qu\u00edmicas y biol\u00f3gicas\u00bb.<\/span><\/p>\n<p id=\"m294-5-295\" style=\"text-align: justify;\">\n<span style=\"font-family: arial, helvetica, sans-serif; font-size: 14pt;\">En un segundo ataque de Estados Unidos y sus aliados qued\u00f3 destruido un\u00a0<b>dep\u00f3sito de armas qu\u00edmicas situado al oeste de Homs<\/b>\u00a0en el que el Gobierno de Al Asad almacenaba sus principales reservas de gas sar\u00edn, una de las sustancias utilizadas en los presuntos ataques qu\u00edmicos.<\/span><\/p>\n<p id=\"m286-5-287\" style=\"text-align: justify;\">\n<span style=\"font-family: arial, helvetica, sans-serif; font-size: 14pt;\">Finalmente, el tercer objetivo de las potencias occidentales fue otro almac\u00e9n con armas qu\u00edmicas y un importante centro de comandancia ubicados cerca del segundo objetivo, al oeste de Homs.<\/span><\/p>\n<div id=\"m354-8-355\" class=\"captioned-image image-article article-multimedia-info\" style=\"text-align: justify;\">\n<div class=\"description-image\"><span style=\"font-family: arial, helvetica, sans-serif; font-size: 14pt;\">\u00a0<\/span><\/div>\n<div class=\"image\">\n<div id=\"m358-357-359\" class=\"image\">\n<figure id=\"attachment_11073\" aria-describedby=\"caption-attachment-11073\" style=\"width: 660px\" class=\"wp-caption aligncenter\"><a href=\"https:\/\/puntocritico.com\/ausajpuntocritico\/wp-content\/uploads\/2018\/04\/5ad1a257cb300.r_1523694427298.0-400-3000-1945.jpg\" rel=\"lightbox[10860]\"><img loading=\"lazy\" decoding=\"async\" class=\"wp-image-11073 size-full\" src=\"https:\/\/puntocritico.com\/ausajpuntocritico\/wp-content\/uploads\/2018\/04\/5ad1a257cb300.r_1523694427298.0-400-3000-1945.jpg\" alt=\"\" width=\"660\" height=\"340\" srcset=\"https:\/\/puntocritico.com\/ausajpuntocritico\/wp-content\/uploads\/2018\/04\/5ad1a257cb300.r_1523694427298.0-400-3000-1945.jpg 660w, https:\/\/puntocritico.com\/ausajpuntocritico\/wp-content\/uploads\/2018\/04\/5ad1a257cb300.r_1523694427298.0-400-3000-1945-300x155.jpg 300w\" sizes=\"auto, (max-width: 660px) 100vw, 660px\" \/><\/a><figcaption id=\"caption-attachment-11073\" class=\"wp-caption-text\"><span style=\"font-size: 10pt; color: #339966;\"><strong>Un misil sobre Damasco, durante el ataque de Estados Unidos. \/ REUTERS <\/strong><\/span><\/figcaption><\/figure><\/p>\n<div class=\"kalooga_SVG kalooga_richbutton\">\n<div>\u00a0<\/div>\n<div class=\"kalooga_post\"><span style=\"font-family: arial, helvetica, sans-serif; font-size: 14pt;\">Los detalles de la ofensiva los ofreci\u00f3 el jefe del Estado Mayor Conjunto de Estados Unidos, general\u00a0<\/span><b style=\"font-family: arial, helvetica, sans-serif; font-size: 14pt;\">Joseph Dunford<\/b><span style=\"font-family: arial, helvetica, sans-serif; font-size: 14pt;\">, quien dijo que los objetivos fueron seleccionados, adem\u00e1s de por su relaci\u00f3n con el\u00a0<\/span><a style=\"font-family: arial, helvetica, sans-serif; font-size: 14pt;\" href=\"http:\/\/www.publico.es\/internacional\/francia-senala-objetivo-impedir-armas.html\" target=\"_blank\" rel=\"noopener noreferrer\">programa de armas qu\u00edmicas<\/a><span style=\"font-family: arial, helvetica, sans-serif; font-size: 14pt;\">, para \u00abminimizar el riego para civiles inocentes\u00bb. Por su parte,<\/span><b style=\"font-family: arial, helvetica, sans-serif; font-size: 14pt;\">\u00a0el jefe del Pent\u00e1gono, James Mattis, asegur\u00f3 que no hay \u00abm\u00e1s ataques previstos\u00bb<\/b><span style=\"font-family: arial, helvetica, sans-serif; font-size: 14pt;\">\u00a0contra Al Asad.<\/span><\/div>\n<\/div>\n<\/div>\n<\/div>\n<\/div>\n<p id=\"m279-6-280\" style=\"text-align: justify;\">\n<span style=\"font-family: arial, helvetica, sans-serif; font-size: 14pt;\">Sin embargo, tanto Mattis como Trump alertaron a Al Asad que Estados Unidos est\u00e1 preparado para seguir atacando si persiste en su presunto uso de armas qu\u00edmicas.<\/span><\/p>\n<p id=\"m425-11-426\" style=\"text-align: justify;\"><span style=\"font-family: arial, helvetica, sans-serif; font-size: 14pt;\">Siria, que ha calificado\u00a0<a href=\"http:\/\/www.publico.es\/internacional\/siria-condena-ataque-barbaro-y.html\" target=\"_blank\" rel=\"noopener noreferrer\">el ataque\u00a0de los \u00abreg\u00edmenes arrogantes\u00bb como \u00abbrutal\u00bb<\/a>, sostiene en cambio que el bombardeo busca \u00abimpedir el trabajo de la misi\u00f3n\u00bb de la Organizaci\u00f3n para la Prohibici\u00f3n de las Armas Qu\u00edmicas (OPAQ), que comienza hoy su investigaci\u00f3n en el presunto lugar del ataque qu\u00edmico\u00a0lanzado el s\u00e1bado en Duma.<\/span><\/p>\n<div id=\"m616-12-617\" class=\"captioned-image image-article article-multimedia-info\" style=\"text-align: justify;\">\n<div class=\"description-image\"><span style=\"font-family: arial, helvetica, sans-serif; font-size: 14pt;\">\u00a0<\/span><\/div>\n<div class=\"image\">\n<div id=\"m620-619-621\" class=\"image hovered\">\n<figure id=\"attachment_11072\" aria-describedby=\"caption-attachment-11072\" style=\"width: 660px\" class=\"wp-caption aligncenter\"><a href=\"https:\/\/puntocritico.com\/ausajpuntocritico\/wp-content\/uploads\/2018\/04\/5ad1a48eea275.r_1523694980779.0-302-2849-1770.jpg\" rel=\"lightbox[10860]\"><img loading=\"lazy\" decoding=\"async\" class=\"wp-image-11072 size-full\" src=\"https:\/\/puntocritico.com\/ausajpuntocritico\/wp-content\/uploads\/2018\/04\/5ad1a48eea275.r_1523694980779.0-302-2849-1770.jpg\" alt=\"\" width=\"660\" height=\"340\" srcset=\"https:\/\/puntocritico.com\/ausajpuntocritico\/wp-content\/uploads\/2018\/04\/5ad1a48eea275.r_1523694980779.0-302-2849-1770.jpg 660w, https:\/\/puntocritico.com\/ausajpuntocritico\/wp-content\/uploads\/2018\/04\/5ad1a48eea275.r_1523694980779.0-302-2849-1770-300x155.jpg 300w\" sizes=\"auto, (max-width: 660px) 100vw, 660px\" \/><\/a><figcaption id=\"caption-attachment-11072\" class=\"wp-caption-text\"><span style=\"font-size: 10pt; color: #339966;\"><strong>Sirios ondean las banderas de Ir\u00e1n, Rusia y Siria en protesta por los ataques en Damasco. \/ REUTERS<\/strong><\/span><\/figcaption><\/figure><\/p>\n<div class=\"kalooga_SVG kalooga_richbutton\">\n<div>\u00a0<\/div>\n<h2 class=\"kalooga_post\"><span style=\"font-family: arial, helvetica, sans-serif; font-size: 14pt;\">Trump culpa a Rusia del ataque<\/span><\/h2>\n<\/div>\n<\/div>\n<\/div>\n<\/div>\n<p id=\"m181-5-182\" style=\"text-align: justify;\">\n<span style=\"font-family: arial, helvetica, sans-serif; font-size: 14pt;\">Estados Unidos ya hab\u00eda atacado una vez a Al Asad por el presunto uso de armas qu\u00edmicas, fue el 7 de abril de 2017, actu\u00f3 en solitario y asegur\u00f3 haber destruido el 20 % de la flota militar a\u00e9rea de Siria.\u00a0En esa ocasi\u00f3n, Washington notific\u00f3 con antelaci\u00f3n del ataque a Rusia, que tiene tropas que combaten junto a las fuerzas gubernamentales sirias.<\/span><\/p>\n<p id=\"m318-12-319\" style=\"text-align: justify;\">\n<span style=\"font-family: arial, helvetica, sans-serif; font-size: 14pt;\">Esta vez, sin embargo, Estados Unidos no tuvo comunicaci\u00f3n con Mosc\u00fa y Trump, de hecho, culp\u00f3 a Rusia, en parte, de la ofensiva aliada de hoy y le inst\u00f3 a que abandone su apoyo a Al Asad, un mensaje que tambi\u00e9n traslad\u00f3 a Teher\u00e1n.<\/span><\/p>\n<p id=\"m186-6-187\" style=\"text-align: justify;\">\n<span style=\"font-family: arial, helvetica, sans-serif; font-size: 14pt;\">\u00abEn 2013, el presidente\u00a0<b>Putin<\/b>\u00a0y su Gobierno prometieron al mundo eliminar las armas qu\u00edmicas de Siria. El reciente ataque de Al Asad -y la respuesta de hoy- son resultado directo del fracaso de Rusia en mantener su promesa\u00bb, dijo Trump.<\/span><\/p>\n<p id=\"m328-14-329\" style=\"text-align: justify;\">\n<span style=\"font-family: arial, helvetica, sans-serif; font-size: 14pt;\">\u00abRusia -a\u00f1adi\u00f3 Trump- debe decidir si seguir\u00e1 por este oscuro camino o si se unir\u00e1 a las naciones civilizadas como una fuerza de paz y estabilidad\u00bb. La\u00a0<b>ONU<\/b>, por su parte, ha pedido moderaci\u00f3n y respeto al derecho internacional, aunque su secretario general,\u00a0<b>Ant\u00f3nio Guterres<\/b>, alerta de que\u00a0<a href=\"http:\/\/www.publico.es\/internacional\/secretario-general-onu-ataque-eeuu-siria-guerra-fria-vuelto.html\" target=\"_blank\" rel=\"noopener noreferrer\">\u00abla Guerra Fr\u00eda ha vuelto\u00bb.<\/a><\/span><\/p>\n<\/div>\n<\/div>\n<p>\n<a href=\"https:\/\/puntocritico.com\/ausajpuntocritico\/wp-content\/uploads\/2016\/11\/Mosca_Punto_Cr\u00edtico_40.png\" rel=\"lightbox[10860]\"><img loading=\"lazy\" decoding=\"async\" class=\"aligncenter size-full wp-image-48\" src=\"https:\/\/puntocritico.com\/ausajpuntocritico\/wp-content\/uploads\/2016\/11\/Mosca_Punto_Cr\u00edtico_40.png\" alt=\"\" width=\"50\" height=\"50\" \/><\/a><\/p>\n<h1 style=\"text-align: center;\"><a id=\"ref65\"><\/a><a href=\"#ref65a\">[65]<\/a> \u00bfPor qu\u00e9 UGT-CCOO sustituyen a PSOE-Podemos?<\/h1>\n<p><span style=\"font-size: 14pt;\">Por Fernando L\u00f3pez Agud\u00edn<\/span><\/p>\n<div><span style=\"color: #339966;\">Art\u00edculo publicado el 14 de abril de 2018 en<\/span><\/div>\n<div><span style=\"color: #339966;\"><a style=\"color: #339966;\" href=\"http:\/\/blogs.publico.es\/fernando-lopez-agudin\/2018\/04\/14\/por-que-ugt-ccoo-sustituyen-a-psoe-podemos\/\" target=\"_blank\" rel=\"noopener\">http:\/\/blogs.publico.es\/fernando-lopez-agudin\/2018\/04\/14\/por-que-ugt-ccoo-sustituyen-a-psoe-podemos\/<\/a><\/span><\/div>\n<div>\u00a0<\/div>\n<p style=\"text-align: justify;\"><span style=\"font-size: 14pt; font-family: arial, helvetica, sans-serif;\"><strong>Mucho m\u00e1s importante que la\u00a0 reciente querella por prevaricaci\u00f3n, presentada contra el magistrado Pablo Llarena<\/strong>\u00a0por la Mesa del Parlament, es la participaci\u00f3n de las organizaciones catalanas de UGT y CCOO en la manifestaci\u00f3n contra la represi\u00f3n, convocada para este domingo en la capital catalana. En un clarificador e interesante comunicado conjunto, los dos sindicatos hegem\u00f3nicos critican tanto la tipificaci\u00f3n desproporcionada de algunos delitos como el abuso de la prisi\u00f3n preventiva de los jueces en los \u00faltimos tiempos. Respuesta sindical, afirman, como reacci\u00f3n a una actuaci\u00f3n judicial \u201climitativa de las libertades democr\u00e1ticas\u201d, que no debe confundirse con ning\u00fan tipo de apoyo a los objetivos pol\u00edticos ni tampoco a la estrategia de las fuerzas soberanistas, que no comparten.<\/span><\/p>\n<p style=\"text-align: justify;\"><span style=\"font-size: 14pt; font-family: arial, helvetica, sans-serif;\"><strong>La coincidencia del grito de UGT-CCOO junto al silencio de PSOE-Podemos es significativo<\/strong>. Cuando estos dos sindicatos asumen funciones pol\u00edticas, la denuncia de la arbitrariedad jur\u00eddica, y los dos partidos pol\u00edticos, roles sociales, olvid\u00e1ndose de la primordial agenda democr\u00e1tica, algo no marcha bien en la izquierda espa\u00f1ola. Que en 2018 las centrales sindicales empiecen a recuperar las caracter\u00edsticas de un movimiento sociopol\u00edtico, como el que protagoniz\u00f3 Comisiones Obreras bajo el franquismo, cuando los partidos eran ilegales, parece indicar que la sociedad espa\u00f1ola, bajo la direcci\u00f3n del d\u00fao Rajoy- Rivera, avanza r\u00e1pidamente hacia el autoritarismo preconstitucional de los a\u00f1os inmediatamente posteriores a la muerte de Franco.<\/span><\/p>\n<p style=\"text-align: justify;\"><span style=\"font-size: 14pt; font-family: arial, helvetica, sans-serif;\"><strong>Muy probablemente, los dos sindicatos no estar\u00edan ma\u00f1ana en la manifestaci\u00f3n de Barcelona<\/strong>\u00a0si Podemos no hubiese optado, tras comprobar su ca\u00edda en los sondeos electorales, por hacer mutis por el foro ante\u00a0 los muy graves problemas democr\u00e1ticos que se derivan del desaf\u00edo de la Generalitat; adem\u00e1s, al sumarse luego a la insoportable levedad del ser del PSOE, han creado un vac\u00edo pol\u00edtico que hoy lo rellenan estas dos siglas sindicales. No corresponde a UGT ni a CCOO reclamar un di\u00e1logo, que exige tanto\u00a0 la renuncia del inmovilismo de la Moncloa como el cese del unilateralismo de los soberanistas. A pesar de que esta exigencia es m\u00e1s que justa, ya que las conquistas de la transici\u00f3n corren el serio riesgo de verse recortadas por la involuci\u00f3n democr\u00e1tica que est\u00e1 en marcha.<\/span><\/p>\n<p style=\"text-align: justify;\"><span style=\"font-size: 14pt; font-family: arial, helvetica, sans-serif;\"><strong>La\u00a0 contrarreforma del art\u00edculo 573 del C\u00f3digo Penal vigente- su inconcreci\u00f3n autoriza calificar como actos terroristas meros delitos de alteraci\u00f3n de orden p\u00fablico-<\/strong>\u00a0pone los pelos de punta a cualquier sindicalista. Cuando fue votada esta modificaci\u00f3n penal, en febrero de 2015, gracias al pacto de Rajoy con Pedro S\u00e1nchez, el diputado Joan Coscubiela, antiguo dirigente sindical de CCOO de Catalunya, advirti\u00f3 as\u00ed sobre esta\u00a0 desaforada definici\u00f3n de terrorismo: \u201c\u00a1Ojo con eso! Igualan des\u00f3rdenes p\u00fablicos a terrorismo\u201d. El reciente intento de la Fiscal\u00eda de aplicar este delito a una activista soberanista ha encendido la alarma sindical. \u00a0\u00bfQui\u00e9n garantiza que ma\u00f1ana no pueda aplicarse a un activista sindical, en un piquete informativo, o en una acci\u00f3n de protesta social?<\/span><\/p>\n<p style=\"text-align: justify;\"><span style=\"font-size: 14pt; font-family: arial, helvetica, sans-serif;\"><strong>Derogar esta reforma es vital para UGT y CCOO,<\/strong>\u00a0tanto como la derogaci\u00f3n del 135 que subordina todo el gasto social al pago de la impagable deuda alemana. Pero, en cambio, la del 573 del C\u00f3digo Penal, al contrario que la del 135,\u00a0 es viable, ya que el PSOE y Podemos pueden demandar que se retome el texto original de la ley 10\/ 1995,\u00a0 que requer\u00eda la pertenencia a una banda armada o grupo terrorista para\u00a0 poder calificar la comisi\u00f3n de este delito de terrorismo. La potencial criminalizaci\u00f3n de las m\u00e1s simples actividades sindicales est\u00e1 al arbitrio de una Fiscal\u00eda General siempre dependiente del Gobierno. Hasta el momento, este peculiar terrorismo subjetivo, no definido objetivamente, era una espada enfundada pero, desde esta semana, hay que tener muy presente que se ha intentado utilizar.<\/span><\/p>\n<p style=\"text-align: justify;\"><span style=\"font-size: 14pt; font-family: arial, helvetica, sans-serif;\"><strong>La desvergonzada rivalidad entre Rajoy y Rivera es una \u00fatil cortina de humo que utiliza la derecha espa\u00f1ola para tapar la\u00a0 creciente desigualdad social<\/strong>. La preocupaci\u00f3n de los sindicatos ante la grave situaci\u00f3n de Catalu\u00f1a es f\u00e1cil de entender, porque el Gobierno no afronta este conflicto pol\u00edticamente y contin\u00faa adem\u00e1s ocultando \u201cproblemas como los salarios, las pensiones o la precariedad laboral\u201d. Nada puede ser m\u00e1s rentable a Rajoy y a Rivera que convertir en estructural el conflicto nacional de Catalu\u00f1a y , adem\u00e1s, extenderlo a Euskadi, con la astuta finalidad\u00a0 de que los trabajadores traguen con la nueva escalada de recortes que prepara la Merkel tras el cierre de las pr\u00f3ximas urnas legislativas.<\/span><\/p>\n<p>\n<a href=\"https:\/\/puntocritico.com\/ausajpuntocritico\/wp-content\/uploads\/2016\/11\/Mosca_Punto_Cr\u00edtico_40.png\" rel=\"lightbox[10860]\"><img loading=\"lazy\" decoding=\"async\" class=\"aligncenter size-full wp-image-48\" src=\"https:\/\/puntocritico.com\/ausajpuntocritico\/wp-content\/uploads\/2016\/11\/Mosca_Punto_Cr\u00edtico_40.png\" alt=\"\" width=\"50\" height=\"50\" \/><\/a><\/p>\n<h1 style=\"text-align: center;\"><a id=\"ref66\"><\/a><a href=\"#ref66a\">[66]<\/a> La firma del portavoz del 15-M recibe 35.000 euros a dedo del Consistorio<\/h1>\n<p><span style=\"font-size: 14pt;\">Por LUCA COSTANTINI<\/span><\/p>\n<div><span style=\"color: #339966;\">Art\u00edculo publicado el 11 de abril de 2018 en<\/span><\/div>\n<div><span style=\"color: #339966;\"><a style=\"color: #339966;\" href=\"https:\/\/elpais.com\/ccaa\/2018\/04\/10\/madrid\/1523377998_354741.html\" target=\"_blank\" rel=\"noopener\">https:\/\/elpais.com\/ccaa\/2018\/04\/10\/madrid\/1523377998_354741.html<\/a><\/span><\/div>\n<div>\u00a0<\/div>\n<div>\n<figure id=\"attachment_11074\" aria-describedby=\"caption-attachment-11074\" style=\"width: 678px\" class=\"wp-caption aligncenter\"><a href=\"https:\/\/puntocritico.com\/ausajpuntocritico\/wp-content\/uploads\/2018\/04\/1523377998_354741_1523378494_noticia_normal_recorte1.jpg\" rel=\"lightbox[10860]\"><img loading=\"lazy\" decoding=\"async\" class=\"wp-image-11074\" src=\"https:\/\/puntocritico.com\/ausajpuntocritico\/wp-content\/uploads\/2018\/04\/1523377998_354741_1523378494_noticia_normal_recorte1.jpg\" alt=\"\" width=\"678\" height=\"447\" srcset=\"https:\/\/puntocritico.com\/ausajpuntocritico\/wp-content\/uploads\/2018\/04\/1523377998_354741_1523378494_noticia_normal_recorte1.jpg 1960w, https:\/\/puntocritico.com\/ausajpuntocritico\/wp-content\/uploads\/2018\/04\/1523377998_354741_1523378494_noticia_normal_recorte1-300x198.jpg 300w, https:\/\/puntocritico.com\/ausajpuntocritico\/wp-content\/uploads\/2018\/04\/1523377998_354741_1523378494_noticia_normal_recorte1-768x506.jpg 768w, https:\/\/puntocritico.com\/ausajpuntocritico\/wp-content\/uploads\/2018\/04\/1523377998_354741_1523378494_noticia_normal_recorte1-1024x675.jpg 1024w\" sizes=\"auto, (max-width: 678px) 100vw, 678px\" \/><\/a><figcaption id=\"caption-attachment-11074\" class=\"wp-caption-text\"><span style=\"font-size: 10pt; color: #339966;\"><strong>Jon Aguirre Such, portavoz de Democracia Real Ya en la Gran V\u00eda de Madrid. GORKA LEJARCEGI <\/strong><\/span><\/figcaption><\/figure>\n<\/div>\n<div id=\"articulo-titulares\" class=\"articulo-titulares\">\n<div class=\"articulo-subtitulos\">\n<blockquote>\n<p class=\"articulo-subtitulo\" style=\"text-align: justify;\"><span style=\"font-size: 14pt; font-family: arial, helvetica, sans-serif;\">Se encarg\u00f3 de dise\u00f1os urban\u00edsticos a trav\u00e9s de la participaci\u00f3n vecinal y un plan que fomenta los recorridos a pie frente a los realizados en coche<\/span><\/p>\n<\/blockquote>\n<\/div>\n<\/div>\n<p style=\"text-align: justify;\"><span style=\"font-family: arial, helvetica, sans-serif; font-size: 14pt;\">Una empresa de la que es socio el exportavoz del movimiento del 15-M,\u00a0<a href=\"https:\/\/politica.elpais.com\/politica\/2011\/11\/03\/actualidad\/1320357442_845340.html\" target=\"_blank\" rel=\"noopener\">Jon Aguirre Such<\/a>, recibi\u00f3 35.000 euros en\u00a0<a href=\"https:\/\/elpais.com\/tag\/adjudicacion_contratos\/a\" target=\"_blank\" rel=\"noopener\">contratos municipales<\/a>\u00a0a dedo para redactar dise\u00f1os urban\u00edsticos. Elabor\u00f3 un \u00abmapeo integral\u00bb en Arganzuela a trav\u00e9s de un \u00abpaseo ciudadano\u00bb en el que recogi\u00f3 las opiniones de los vecinos, e hizo un plan de renovaci\u00f3n de una plaza de Vallecas. Ambas adjudicaciones se pagaron con contratos menores; es decir, licitaciones a las que el Consistorio invita a tres firmas y contrata discrecionalmente una de ellas. La empresa se\u00f1ala que todo fue legal y que se trata de poco dinero respecto a otros convenios p\u00fablicos.<\/span><\/p>\n<p style=\"text-align: justify;\"><span style=\"font-family: arial, helvetica, sans-serif; font-size: 14pt;\">Aguirre fue la cara visible del movimiento de los indignados de la Puerta de Sol, y la sociedad de la que es socio,\u00a0<a href=\"https:\/\/elpais.com\/elpais\/2015\/06\/10\/seres_urbanos\/1433917800_143391.html\" target=\"_blank\" rel=\"noopener\">Paisaje Transversal<\/a>, pretende \u00abimpulsar, dise\u00f1ar y asesorar procesos innovadores de transformaci\u00f3n y an\u00e1lisis urbano desde la participaci\u00f3n, la ecolog\u00eda y la creatividad\u00bb, seg\u00fan su web. Su trabajo se enfoca a impulsar la participaci\u00f3n vecinal en los procesos urban\u00edsticos, lo cual coincide con uno de los ejes pol\u00edticos de la coalici\u00f3n Ahora Madrid, liderada por la alcaldesa, Manuela Carmena.<\/span><\/p>\n<p style=\"text-align: justify;\"><span style=\"font-size: 14pt; font-family: arial, helvetica, sans-serif;\">En estos dos a\u00f1os de gobierno, la sociedad de Aguirre trabaj\u00f3 al menos dos veces para el ejecutivo de la capital. Abord\u00f3 la reforma del entorno del bulevar de Pe\u00f1a Gorbea y la plaza Vieja, en el casco antiguo de Vallecas, por lo que recibi\u00f3 14.520 euros (IVA incluido). Y obtuvo de la junta de Arganzuela un segundo contrato, tambi\u00e9n sin concurso p\u00fablico, por 19.665 euros, para redactar un \u00abdiagn\u00f3stico participativo\u00bb en el distrito.<\/span><\/p>\n<p style=\"text-align: justify;\"><span style=\"font-size: 14pt; font-family: arial, helvetica, sans-serif;\">En este segundo caso su trabajo consisti\u00f3 en realizar un \u00ab#paseociudadano por los barrios de Arganzuela\u00bb, para recoger \u00ablas opiniones y propuestas de los vecinos y vecinas, las entidades y las asociaciones del distrito\u00bb y proponer mejoras. En el primero, en cambio, elabor\u00f3 una propuesta de \u00abregeneraci\u00f3n urbana\u00bb, siempre escuchando las opiniones de los vecinos, que desemboc\u00f3 en un protocolo para la mejora del casco antiguo de Vallecas, presentado en enero de 2017.<\/span><\/p>\n<p style=\"text-align: justify;\"><span style=\"font-size: 14pt; font-family: arial, helvetica, sans-serif;\">A estas dos contrataciones se suma un tercer encargo, esta vez a trav\u00e9s de un contrato abierto, del que result\u00f3 ganadora una sociedad inglesa. Con esa licitaci\u00f3n el Ayuntamiento lanz\u00f3 el \u00ab<a href=\"https:\/\/elpais.com\/ccaa\/2016\/12\/07\/madrid\/1481135148_408723.html\" target=\"_blank\" rel=\"noopener\">Wayfinding<\/a>\u00bb (\u00abLeer Madrid\u00bb, lo traduce el Ayuntamiento); es decir, un sistema que pretende mejorar la se\u00f1alizaci\u00f3n peatonal y fomentar los recorridos a pie frente a los realizados en coche. Quiere \u00abpermitir la orientaci\u00f3n y la autonom\u00eda de madrile\u00f1os y visitantes, incluidos los grupos de necesidades especiales\u00bb, con un presupuesto de 99.000 euros.<\/span><\/p>\n<p style=\"text-align: justify;\"><span style=\"font-size: 14pt; font-family: arial, helvetica, sans-serif;\">Este proyecto est\u00e1 siendo coordinado por el \u00c1rea de Urbanismo, liderada por el concejal, y arquitecto, Jos\u00e9 Manuel Calvo. Este martes, el Consistorio no concret\u00f3 si Paisaje Transversal cobrar\u00e1 algo de este \u00faltimo plan, ni contest\u00f3 sobre c\u00f3mo contrat\u00f3 el gasto. S\u00ed lo hizo un portavoz de la empresa de Aguirre, quien mantuvo que son \u00absocios locales\u00bb de la firma inglesa, junto a otras cuatro empresas madrile\u00f1as, para ayudar y orientar a la sociedad for\u00e1nea.<\/span><\/p>\n<p style=\"text-align: justify;\"><span style=\"font-size: 14pt; font-family: arial, helvetica, sans-serif;\">Los convenios en los que result\u00f3 ganador Paisaje Transversal se financiaron con contratos menores, porque \u00aberan muy peque\u00f1os en cantidad y puntuales\u00bb, a\u00f1ade ese portavoz. E incide en que Paisaje Transversal siempre concursa para contratos abiertos: \u00abSiempre preferimos que sean proyectos mayores\u00bb, afirma, y subraya que \u00abel 70% de las ganancias [de la empresa] se deben a contratos p\u00fablicos de licitaci\u00f3n abierta\u00bb.<\/span><\/p>\n<h3 style=\"text-align: justify;\"><span style=\"font-size: 14pt; font-family: arial, helvetica, sans-serif;\">Independencia profesional<\/span><\/h3>\n<p style=\"text-align: justify;\"><span style=\"font-size: 14pt; font-family: arial, helvetica, sans-serif;\">En estos \u00faltimos meses, esta firma ha comenzado una \u00abalianza empresarial\u00bb con otras dos sociedades, una de ellas, H\u00e9cate, con la que comparte domicilio y que\u00a0<a href=\"https:\/\/elpais.com\/ccaa\/2017\/06\/26\/madrid\/1498506845_436492.html\" target=\"_blank\" rel=\"noopener\">tambi\u00e9n obtuvo dinero p\u00fablico a trav\u00e9s de contratos menores.<\/a>\u00a0Esa firma se dio a conocer porque sus fundadores colaboraron en la redacci\u00f3n del programa electoral de Ahora Madrid. Los miembros de Paisaje Transversal subrayan su independencia profesional y rechazan vinculaciones con la coalici\u00f3n de gobierno local que se cre\u00f3 a ra\u00edz del 15-M y de la cr\u00edtica a la \u00abcasta\u00bb de los pol\u00edticos.<\/span><\/p>\n<p style=\"text-align: justify;\"><span style=\"font-size: 14pt; font-family: arial, helvetica, sans-serif;\">El anterior portavoz del movimiento no aparece vinculado a esta coalici\u00f3n, pero s\u00ed est\u00e1 entre los promotores de la creaci\u00f3n de otra plataforma, Ahora en Com\u00fan, que junto a exponentes de Podemos, IU y Equo propon\u00eda crear una \u00abconfluencia\u00bb al estilo de Ahora Madrid pocas semanas despu\u00e9s de la victoria de Carmena. Este martes este peri\u00f3dico no pudo ponerse en contacto con \u00e9l, ya que se halla en el extranjero y su socio explic\u00f3 que tiene el m\u00f3vil roto.<\/span><\/p>\n<p style=\"text-align: justify;\"><span style=\"font-size: 14pt; font-family: arial, helvetica, sans-serif;\">Los contratos que el Ayuntamiento entreg\u00f3 para todos esos proyectos de regeneraci\u00f3n urbana se califican como menores. Se trata de procedimientos legales con un tope de gasto de 21.000 euros, pensados para emergencias y peque\u00f1os servicios, pero cuyo uso por parte de la Administraci\u00f3n debe ser limitado, ya que sortean el concurso p\u00fablico y de libre concurrencia.<\/span><\/p>\n<p style=\"text-align: justify;\"><span style=\"font-size: 14pt; font-family: arial, helvetica, sans-serif;\">El Consistorio tipifica esos contratos para casos como \u00abcomprar bombillas para un centro deportivo, contratar los servicios de un fontanero para una biblioteca, costear un viaje de trabajo o una actividad puntual&#8230;\u00bb. En los \u00faltimos dos a\u00f1os, el gobierno local\u00a0<a href=\"https:\/\/elpais.com\/ccaa\/2018\/04\/09\/madrid\/1523294921_044926.html\" target=\"_blank\" rel=\"noopener\">ha usado 11.000 veces estos procedimientos<\/a>, hasta un gasto total de 30 millones en 2015 y 2016, niveles desconocidos desde la \u00e9poca de Alberto Ruiz-Gallard\u00f3n.<\/span><\/p>\n<section id=\"sumario_2|despiece\" class=\"sumario_despiece centro\">\n<div class=\"sumario__interior\">\n<header class=\"sumario-encabezado\">\n<h4 class=\"sumario-titulo\"><span class=\"sin_enlace\" style=\"font-size: 14pt; font-family: arial, helvetica, sans-serif;\">ALIANZA CON LA SOCIEDAD QUE DISE\u00d1\u00d3 EL PROYECTO DE GALILEO<\/span><\/h4>\n<\/header>\n<div class=\"sumario-texto\">\n<p><span style=\"font-size: 14pt; font-family: arial, helvetica, sans-serif;\">Alianza con la sociedad que dise\u00f1\u00f3 el proyecto de Galileo<\/span><\/p>\n<p><span style=\"font-size: 14pt; font-family: arial, helvetica, sans-serif;\">En los \u00faltimos meses, Paisaje Transversal ha comenzado una \u00abalianza empresarial\u00bb con Creando Redes (oficina de ecolog\u00eda y restauraci\u00f3n de ecosistemas) y H\u00e9cate Ingenier\u00eda (oficina de ingenier\u00eda, movilidad y transporte). Con ellas comparte domicilio y un plan de \u00abproyectos integrales en el territorio y en la ciudad\u00bb. Sus miembros son \u00abamigos\u00bb, aunque cada firma mantiene su independencia, se\u00f1alan desde Paisaje Transversal.<\/span><\/p>\n<p><span style=\"font-size: 14pt; font-family: arial, helvetica, sans-serif;\">H\u00e9cate es conocida por haber impulsado el proceso participativo (moviliz\u00f3 a 35 personas) para el \u00abexperimento\u00bb de la calle de Galileo, en Chamber\u00ed. Esta firma, fundada por ingenieros que redactaron el programa de Ahora Madrid, cobr\u00f3 18.000 euros por dise\u00f1ar el cierre de la calle y la ocupaci\u00f3n de la calzada con mobiliario urbano. Sin embargo, esa actuaci\u00f3n gener\u00f3 duras cr\u00edticas de los residentes. Los vecinos recogieron 2.000 firmas y lograron el apoyo de la oposici\u00f3n en el pleno. El pasado lunes pidieron otra vez la reversi\u00f3n del proyecto en Chamber\u00ed. Hasta ahora, no obstante, solo han logrado que el gobierno municipal proceda a una reversi\u00f3n parcial.<\/span><\/p>\n<\/div>\n<\/div>\n<\/section>\n<p style=\"text-align: justify;\"><a href=\"https:\/\/puntocritico.com\/ausajpuntocritico\/wp-content\/uploads\/2016\/11\/Mosca_Punto_Cr\u00edtico_40.png\" rel=\"lightbox[10860]\"><img loading=\"lazy\" decoding=\"async\" class=\"aligncenter size-full wp-image-48\" src=\"https:\/\/puntocritico.com\/ausajpuntocritico\/wp-content\/uploads\/2016\/11\/Mosca_Punto_Cr\u00edtico_40.png\" alt=\"\" width=\"50\" height=\"50\" \/><\/a><\/p>\n<h1 style=\"text-align: center;\"><a id=\"ref67\"><\/a><a href=\"#ref67a\">[67]<\/a> Los sistemas antia\u00e9reos sirios interceptaron 71 de los 103 misiles lanzados<\/h1>\n<p><span style=\"font-size: 14pt;\">Por Octubre<\/span><\/p>\n<div><span style=\"color: #339966;\">Art\u00edculo publicado el 14 de abril de 2018 en<\/span><\/div>\n<div><span style=\"color: #339966;\"><a style=\"color: #339966;\" href=\"https:\/\/diario-octubre.com\/2018\/04\/14\/los-sistemas-antiaereos-sirios-interceptaron-71-de-los-103-misiles-lanzados\/\" target=\"_blank\" rel=\"noopener\">https:\/\/diario-octubre.com\/2018\/04\/14\/los-sistemas-antiaereos-sirios-interceptaron-71-de-los-103-misiles-lanzados\/<\/a><\/span><\/div>\n<div>\u00a0<\/div>\n<p><a href=\"https:\/\/puntocritico.com\/ausajpuntocritico\/wp-content\/uploads\/2018\/04\/imagen-activa.jpg\" rel=\"lightbox[10860]\"><img loading=\"lazy\" decoding=\"async\" class=\"aligncenter size-full wp-image-11075\" src=\"https:\/\/puntocritico.com\/ausajpuntocritico\/wp-content\/uploads\/2018\/04\/imagen-activa.jpg\" alt=\"\" width=\"1021\" height=\"580\" srcset=\"https:\/\/puntocritico.com\/ausajpuntocritico\/wp-content\/uploads\/2018\/04\/imagen-activa.jpg 1021w, https:\/\/puntocritico.com\/ausajpuntocritico\/wp-content\/uploads\/2018\/04\/imagen-activa-300x170.jpg 300w, https:\/\/puntocritico.com\/ausajpuntocritico\/wp-content\/uploads\/2018\/04\/imagen-activa-768x436.jpg 768w\" sizes=\"auto, (max-width: 1021px) 100vw, 1021px\" \/><\/a><\/p>\n<p>&nbsp;<\/p>\n<blockquote>\n<p class=\"td-post-sub-title\" style=\"text-align: justify;\"><span style=\"font-family: arial, helvetica, sans-serif; font-size: 14pt;\">El Estado Mayor de Rusia ha ofrecido una rueda de prensa tras el ataque a Siria de EE.UU. y sus aliados.<\/span><\/p>\n<\/blockquote>\n<p style=\"text-align: justify;\"><span style=\"font-family: arial, helvetica, sans-serif; font-size: 14pt;\">El Estado Mayor de Rusia ha provisto detalles respecto al ataque contra Siria efectuado por\u00a0EE.UU., Francia y Reino Unido este 14 de abril. Los militares han precisado que\u00a0<strong>103 misiles<\/strong>\u00a0fueron lanzados hacia el pa\u00eds \u00e1rabe, entre ellos varios proyectiles\u00a0<a href=\"https:\/\/actualidad.rt.com\/actualidad\/235350-misiles-tomahawk-utilizar-eeuu-atacar-siria\" target=\"_blank\" rel=\"noopener noreferrer\">Tomahawk<\/a>.<\/span><\/p>\n<p style=\"text-align: justify;\"><span style=\"font-family: arial, helvetica, sans-serif; font-size: 14pt;\"><strong>\u201cFueron interceptados 71 misiles de crucero\u201d<\/strong>,\u00a0afirm\u00f3\u00a0el jefe de la gesti\u00f3n operativa de las Fuerzas Armadas del Estado Mayor de Rusia, Sergu\u00e9i Rudsk\u00f3i,\u00a0precisando\u00a0que\u00a0sus objetivos incluyeron bases a\u00e9reas de las fuerzas gubernamentales sirias.<\/span><\/p>\n<p style=\"text-align: justify;\"><span style=\"font-family: arial, helvetica, sans-serif; font-size: 14pt;\">\u201cNing\u00fan misil de crucero entr\u00f3 en la zona de responsabilidad de Rusia\u201d, indic\u00f3 el\u00a0teniente general en rueda de prensa. \u201cNuestros sistemas antia\u00e9reos no fueron utilizados\u201d, agreg\u00f3.<\/span><\/p>\n<blockquote class=\"td_quote_box td_box_center\">\n<p><span style=\"font-family: arial, helvetica, sans-serif; font-size: 14pt;\"><a href=\"https:\/\/puntocritico.com\/ausajpuntocritico\/wp-content\/uploads\/2018\/04\/5ad1c14508f3d9ae038b4567.png\" rel=\"lightbox[10860]\"><img loading=\"lazy\" decoding=\"async\" class=\"size-full wp-image-11076 alignleft\" src=\"https:\/\/puntocritico.com\/ausajpuntocritico\/wp-content\/uploads\/2018\/04\/5ad1c14508f3d9ae038b4567.png\" alt=\"\" width=\"90\" height=\"90\" \/><\/a>No hay instalaciones de producci\u00f3n de armas qu\u00edmicas en Siria, hecho que fue constatado por la Organizaci\u00f3n para la Prohibici\u00f3n de las Armas Qu\u00edmicas (OPAQ)<cite><\/cite><\/span><\/p>\n<p><span style=\"font-family: arial, helvetica, sans-serif; font-size: 14pt;\"><cite>\u2014 Sergu\u00e9i Rudsk\u00f3i, jefe de la gesti\u00f3n operativa de las Fuerzas Armadas del Estado Mayor de Rusia<\/cite><\/span><\/p>\n<\/blockquote>\n<p style=\"text-align: justify;\"><span style=\"font-family: arial, helvetica, sans-serif; font-size: 14pt;\">Inform\u00f3 adem\u00e1s que\u00a0Washington y sus aliados dirigieron parte del ataque a posibles almacenes de lo que ellos denominan como el\u00a0\u201cprograma qu\u00edmico militar\u201d de Damasco, y algunos de esos puntos\u00a0resultaron\u00a0parcialmente destruidos por los misiles. \u201cNo se utilizan desde hace mucho tiempo,\u00a0<strong>no hab\u00eda personas ni equipo en ellos<\/strong>\u201c, asever\u00f3, negando que contuviesen sustancias de esa naturaleza.<\/span><\/p>\n<p style=\"text-align: justify;\"><span style=\"font-family: arial, helvetica, sans-serif; font-size: 14pt;\">\u201cNo hay instalaciones de producci\u00f3n de armas qu\u00edmicas en Siria, hecho que fue constatado por la Organizaci\u00f3n para la Prohibici\u00f3n de las Armas Qu\u00edmicas (OPAQ)\u201d, acot\u00f3 Rudsk\u00f3i.<\/span><\/p>\n<p style=\"text-align: center;\"><iframe loading=\"lazy\" src=\"https:\/\/www.youtube.com\/embed\/x2ATcJQPNUU?feature=oembed\" width=\"540\" height=\"360\" frameborder=\"0\" allowfullscreen=\"allowfullscreen\" data-mce-fragment=\"1\">&lt;span data-mce-type=\u00bbbookmark\u00bb style=\u00bbdisplay: inline-block; width: 0px; overflow: hidden; line-height: 0;\u00bb class=\u00bbmce_SELRES_start\u00bb&gt;\ufeff&lt;\/span&gt;<\/iframe><\/p>\n<h3 style=\"text-align: justify;\"><span style=\"font-family: arial, helvetica, sans-serif; font-size: 14pt;\">Un ataque sin pruebas<\/span><\/h3>\n<p style=\"text-align: justify;\"><span style=\"font-family: arial, helvetica, sans-serif; font-size: 14pt;\">La semana pasada, Occidente acus\u00f3 al gobierno del presidente sirio\u00a0<a href=\"https:\/\/actualidad.rt.com\/actualidad\/169246-bashar-assad-presidente-siria\" target=\"_blank\" rel=\"noopener noreferrer\">Bashar al Assad<\/a>\u00a0de haber perpetrado el 7 de abril un ataque qu\u00edmico en la ciudad de Duma (Guta Oriental), tras aparecer reportes no confirmados sobre esa supuesta acci\u00f3n.<\/span><\/p>\n<p style=\"text-align: justify;\"><span style=\"font-family: arial, helvetica, sans-serif; font-size: 14pt;\">El Consejo Ejecutivo de la OPAQ anunci\u00f3 que emprender\u00eda una investigaci\u00f3n independiente el 14 de abril, pero este bombardeo\u00a0contra Siria fue realizado antes de que la misi\u00f3n\u00a0<a href=\"https:\/\/actualidad.rt.com\/actualidad\/268251-especialistas-opaq-iniciar-labores-siria\" target=\"_blank\" rel=\"noopener noreferrer\">llegara<\/a>\u00a0al terreno. El presidente estadounidense\u00a0<a href=\"https:\/\/actualidad.rt.com\/actualidad\/167392-sepa-mas-donald-trump\" target=\"_blank\" rel=\"noopener\">Donald Trump<\/a>\u00a0orden\u00f3 el ataque sin autorizaci\u00f3n del Congreso de su pa\u00eds ni la aprobaci\u00f3n del Consejo de Seguridad de la ONU.<\/span><\/p>\n<p style=\"text-align: justify;\"><span style=\"font-family: arial, helvetica, sans-serif; font-size: 14pt;\">Hasta ahora no ha sido presentada ninguna prueba que confirme el supuesto ataque qu\u00edmico. El embajador ruso en Naciones Unidas, Vasili Nebenzia,\u00a0<a href=\"https:\/\/actualidad.rt.com\/actualidad\/267974-consejo-seguridad-onu-ataque-quimico-siria\" target=\"_blank\" rel=\"noopener noreferrer\">destac\u00f3<\/a>\u00a0ante el Consejo de Seguridad de ese organismo internacional que en los hospitales de Duma no hay pacientes con s\u00edntomas de intoxicaci\u00f3n ni hay pruebas de suelo que delaten el uso de sar\u00edn o cloro.<\/span><\/p>\n<p style=\"text-align: center;\"><iframe loading=\"lazy\" src=\"https:\/\/www.youtube.com\/embed\/xIP6p8FemOw?feature=oembed\" width=\"540\" height=\"360\" frameborder=\"0\" allowfullscreen=\"allowfullscreen\" data-mce-fragment=\"1\"><\/iframe><\/p>\n<p style=\"text-align: justify;\"><span style=\"font-family: arial, helvetica, sans-serif; font-size: 14pt;\">Adem\u00e1s, los servicios rusos de seguridad qu\u00edmica y radiol\u00f3gica viajaron al supuesto lugar del incidente, pero \u201cno se encontraron personas tratadas por intoxicaci\u00f3n qu\u00edmica\u201d,\u00a0<a href=\"https:\/\/actualidad.rt.com\/actualidad\/268330-rusia-no-encontrar-personas-tratadas-intoxicacion\" target=\"_blank\" rel=\"noopener noreferrer\">inform\u00f3<\/a>\u00a0la embajada de Mosc\u00fa en Londres a trav\u00e9s de un comunicado.<\/span><\/p>\n<p style=\"text-align: justify;\"><span style=\"font-family: arial, helvetica, sans-serif; font-size: 14pt;\">El 13 de abril, el ministro de Exteriores de Rusia,\u00a0<a href=\"https:\/\/actualidad.rt.com\/actualidad\/164633-lavrov-politica-rusia\" target=\"_blank\" rel=\"noopener noreferrer\">Sergu\u00e9i Lavrov<\/a>,\u00a0<a href=\"https:\/\/actualidad.rt.com\/actualidad\/268321-incidente-duma-montaje-pais-rusofobo\" target=\"_blank\" rel=\"noopener\">afirm\u00f3<\/a>\u00a0que su Gobierno tiene \u201cdatos irrefutables\u201d de que el presunto ataque qu\u00edmico es \u201cuna nueva puesta en escena y en ella participaron los servicios secretos de uno de los Estados que se desvive por estar en la vanguardia de la campa\u00f1a rus\u00f3foba\u201d.<\/span><\/p>\n<p><a href=\"https:\/\/puntocritico.com\/ausajpuntocritico\/wp-content\/uploads\/2016\/11\/Mosca_Punto_Cr\u00edtico_40.png\" rel=\"lightbox[10860]\"><img loading=\"lazy\" decoding=\"async\" class=\"aligncenter size-full wp-image-48\" src=\"https:\/\/puntocritico.com\/ausajpuntocritico\/wp-content\/uploads\/2016\/11\/Mosca_Punto_Cr\u00edtico_40.png\" alt=\"\" width=\"50\" height=\"50\" \/><\/a><\/p>\n<h1 class=\"entry-title\"><a id=\"ref68\"><\/a><a href=\"#ref68a\">[68]<\/a> China condena el \u2018uso de la fuerza\u2019 en Siria y pide soluci\u00f3n pol\u00edtica<\/h1>\n<p><span style=\"font-size: 14pt;\">Por Octubre<\/span><\/p>\n<div><span style=\"color: #339966;\">Art\u00edculo publicado el 14 de abril de 2018 en<\/span><\/div>\n<div><span style=\"color: #339966;\"><a style=\"color: #339966;\" href=\"https:\/\/diario-octubre.com\/2018\/04\/14\/china-condena-el-uso-de-la-fuerza-en-siria-y-pide-solucion-politica\/\" target=\"_blank\" rel=\"noopener\">https:\/\/diario-octubre.com\/2018\/04\/14\/china-condena-el-uso-de-la-fuerza-en-siria-y-pide-solucion-politica\/<\/a><\/span><\/div>\n<p><a href=\"https:\/\/puntocritico.com\/ausajpuntocritico\/wp-content\/uploads\/2018\/04\/ultima-hora.jpg\" rel=\"lightbox[10860]\"><img loading=\"lazy\" decoding=\"async\" class=\"aligncenter size-full wp-image-11077\" src=\"https:\/\/puntocritico.com\/ausajpuntocritico\/wp-content\/uploads\/2018\/04\/ultima-hora.jpg\" alt=\"\" width=\"800\" height=\"450\" srcset=\"https:\/\/puntocritico.com\/ausajpuntocritico\/wp-content\/uploads\/2018\/04\/ultima-hora.jpg 800w, https:\/\/puntocritico.com\/ausajpuntocritico\/wp-content\/uploads\/2018\/04\/ultima-hora-300x169.jpg 300w, https:\/\/puntocritico.com\/ausajpuntocritico\/wp-content\/uploads\/2018\/04\/ultima-hora-768x432.jpg 768w, https:\/\/puntocritico.com\/ausajpuntocritico\/wp-content\/uploads\/2018\/04\/ultima-hora-678x381.jpg 678w\" sizes=\"auto, (max-width: 800px) 100vw, 800px\" \/><\/a><\/p>\n<p class=\"introtext\" style=\"text-align: justify;\"><span style=\"font-family: arial, helvetica, sans-serif; font-size: 14pt;\">El Gobierno de China ha condenado este s\u00e1bado el uso de la fuerza en las relaciones internacionales tras los ataques de Estados Unidos y sus aliados contra Siria y aboga por\u00a0reconducir la situaci\u00f3n del pa\u00eds \u00e1rabe hacia una soluci\u00f3n pol\u00edtica y\u00a0derecho internacional.<\/span><\/p>\n<p style=\"text-align: justify;\"><span style=\"font-family: arial, helvetica, sans-serif; font-size: 14pt;\">\u201cNos oponemos de forma consecuente al uso de la fuerza en las relaciones internacionales y abogamos por el respeto a la soberan\u00eda, la independencia y la integridad territorial de todos los pa\u00edses\u201d, ha indicado Hua Chunying, portavoz de la Diplomacia china en un comunicado.<\/span><\/p>\n<p style=\"text-align: justify;\"><span style=\"font-family: arial, helvetica, sans-serif; font-size: 14pt;\">Este s\u00e1bado, de madrugada,\u00a0Siria ha sido\u00a0objeto de una serie de\u00a0<a href=\"https:\/\/www.hispantv.com\/noticias\/siria\/374076\/eeuu-atacar-siria-trump-duma\" target=\"_blank\" rel=\"noopener noreferrer\">ataques lanzados por las fuerzas estadounidenses, brit\u00e1nicas y francesas<\/a>,\u00a0despu\u00e9s de que el presidente de Estados Unidos, Donald Trump, ordenara una agresi\u00f3n militar contra el pa\u00eds \u00e1rabe.<\/span><\/p>\n<p style=\"text-align: justify;\"><span style=\"font-family: arial, helvetica, sans-serif; font-size: 14pt;\">Washington, Londres y Par\u00eds justifican el\u00a0bombardeo como una respuesta al presunto\u00a0ataque qu\u00edmico del Gobierno sirio\u00a0en la ciudad de Duma.\u00a0Sin embargo, el Gobierno de Bashar al-Asad ha\u00a0<a href=\"http:\/\/www.hispantv.com\/noticias\/siria\/373665\/eeuu-aliados-mentiras-atacar-armas-quimicas-agresion-israel\" target=\"_blank\" rel=\"noopener noreferrer\">rechazado tales acusaciones<\/a>.<\/span><\/p>\n<p style=\"text-align: justify;\"><a href=\"https:\/\/puntocritico.com\/ausajpuntocritico\/wp-content\/uploads\/2016\/11\/Mosca_Punto_Cr\u00edtico_40.png\" rel=\"lightbox[10860]\"><img loading=\"lazy\" decoding=\"async\" class=\"aligncenter size-full wp-image-48\" src=\"https:\/\/puntocritico.com\/ausajpuntocritico\/wp-content\/uploads\/2016\/11\/Mosca_Punto_Cr\u00edtico_40.png\" alt=\"\" width=\"50\" height=\"50\" \/><\/a><\/p>\n<h1 class=\"post-title entry-title\" style=\"text-align: center;\"><a id=\"ref69\"><\/a><a href=\"#ref69a\">[69]<\/a> Los CDR de Catalu\u00f1a llaman a la unidad de los republicanos el 14 de abril\u00a0<\/h1>\n<p><span style=\"font-size: 14pt;\">Por\u00a0<span class=\"fn\">JL F\u00a0<\/span><\/span><\/p>\n<div><span style=\"color: #339966;\">Art\u00edculo publicado el 14 de abril de 2018 en<\/span><\/div>\n<div><span style=\"color: #339966;\"><a style=\"color: #339966;\" href=\"https:\/\/cuestionatelotodo.blogspot.com.es\/2018\/04\/los-cdr-de-catalunan-llaman-la-unidad.html\" target=\"_blank\" rel=\"noopener\">https:\/\/cuestionatelotodo.blogspot.com.es\/2018\/04\/los-cdr-de-catalunan-llaman-la-unidad.html<\/a><\/span><\/div>\n<div>\u00a0<\/div>\n<div style=\"text-align: justify;\"><span style=\"font-size: 14pt; font-family: arial, helvetica, sans-serif;\">Los CDR de Catalunya se han dirigido a las republicanas y republicanos de todos los pueblos del estado espa\u00f1ol ante la celebraci\u00f3n del 14 de abril, d\u00eda en el que se numerosas manifestaciones por la III Rep\u00fablica tendr\u00e1n lugar en todo el estado, se\u00f1alando que la represi\u00f3n que se abate sobre su movimiento es la misma que recae sobre otras personas en el resto del Estado y llamando a luchar en com\u00fan contra el R\u00e9gimen del 78.<\/span><\/p>\n<p><span style=\"font-size: 14pt; font-family: arial, helvetica, sans-serif;\">Un llamado, en definitiva, a la creaci\u00f3n de Comit\u00e9s de Defensa de la Rep\u00fablica por todo el estado espa\u00f1ol, con el fin de acabar con la perpetuaci\u00f3n, sin soluci\u00f3n de continuidad, del r\u00e9gimen instaurado por el fascismo en 1939, y que reprodujo a s\u00ed mismo tras la muerte del dictador en la actual farsa democr\u00e1tica, igual de opresora de los trabajadores y de los pueblos que aquel.<\/span><\/p>\n<p><span style=\"font-size: 14pt; font-family: arial, helvetica, sans-serif;\">!Por la III Rep\u00fablica! !Por el Socialismo!<\/span><\/div>\n<div style=\"text-align: center;\"><span style=\"font-size: 14pt; font-family: arial, helvetica, sans-serif;\">________________<\/span><\/div>\n<div style=\"text-align: justify;\"><span style=\"font-size: 14pt; font-family: arial, helvetica, sans-serif;\">\u00abQueridos y queridas republicanas del Estado Espa\u00f1ol, Hoy es 14 de abril, el d\u00eda de la Rep\u00fablica. Cuando hablamos de Rep\u00fablica, esta siempre viene acompa\u00f1ada de firmes ideales sociales y solidarios. Nadie quiere la Rep\u00fablica para seguir igual\u2026 la queremos para avanzar: para quitarnos la Realeza de encima y hacer tambalear este r\u00e9gimen que nos oprime, el r\u00e9gimen del 78 y del \u201catado y bien atado\u201d.<\/span><\/div>\n<div class=\"content_full\" style=\"text-align: justify;\"><span style=\"font-size: 14pt; font-family: arial, helvetica, sans-serif;\">As\u00ed es tambi\u00e9n en Catalunya. Desde los CDR no compartimos la Rep\u00fablica Catalana desde un nacionalismo excluyente. Creemos en la Rep\u00fablica por los mismos valores que vosotras: para avanzar en los derechos sociales y tejer una solidaridad, de igual a igual, entre los pueblos del Estado Espa\u00f1ol. Y nuestra propuesta no es sencilla: i acabar con el r\u00e9gimen del 78, <a href=\"https:\/\/puntocritico.com\/ausajpuntocritico\/wp-content\/uploads\/2018\/04\/republica-y-catalu\u00f1a.jpg\" rel=\"lightbox[10860]\"><img loading=\"lazy\" decoding=\"async\" class=\"size-full wp-image-11078 alignright\" src=\"https:\/\/puntocritico.com\/ausajpuntocritico\/wp-content\/uploads\/2018\/04\/republica-y-catalu\u00f1a.jpg\" alt=\"\" width=\"266\" height=\"400\" srcset=\"https:\/\/puntocritico.com\/ausajpuntocritico\/wp-content\/uploads\/2018\/04\/republica-y-catalu\u00f1a.jpg 266w, https:\/\/puntocritico.com\/ausajpuntocritico\/wp-content\/uploads\/2018\/04\/republica-y-catalu\u00f1a-200x300.jpg 200w\" sizes=\"auto, (max-width: 266px) 100vw, 266px\" \/><\/a>opresor de TODOS los pueblos del Estado Espa\u00f1ol y de TODA la clase trabajadora.<\/span><\/p>\n<p><span style=\"font-size: 14pt; font-family: arial, helvetica, sans-serif;\">Es por eso que os queremos transmitir que, si en la Guerra Civil defender Madrid era defender Catalu\u00f1a, hoy, defender Catalu\u00f1a es defender Andaluc\u00eda, Canarias, Galiza y todos, todos los pueblos del Estado Espa\u00f1ol. La represi\u00f3n que estamos sufriendo en Catalu\u00f1a no quedar\u00e1 en sus fronteras. Tarde o temprano, ser\u00e1 aplicada a todos los movimientos sociales y soberanistas del Estado. No es nuestra lucha, es la lucha de todos y todas por la democr\u00e1cia, la rep\u00fablica y contra la represi\u00f3n.<\/span><\/p>\n<div><span style=\"font-size: 14pt; font-family: arial, helvetica, sans-serif;\">!Libertad presas y presos pol\u00edticos!<\/span><\/div>\n<div><span style=\"font-size: 14pt; font-family: arial, helvetica, sans-serif;\">!Por el derecho a la autodeterminaci\u00f3n, Vivan las Rep\u00fablicas y la hermandad entre los pueblos!<\/span><\/div>\n<\/div>\n<div class=\"content_full\">\n<div style=\"text-align: justify;\"><span style=\"font-size: 14pt; font-family: arial, helvetica, sans-serif;\">Comit\u00e9s de Defensa de la Rep\u00fablica<\/span><\/div>\n<div style=\"text-align: justify;\"><span style=\"font-size: 14pt; font-family: arial, helvetica, sans-serif;\">!No pasar\u00e1n!\u00bb<\/span><\/div>\n<div>\u00a0<\/div>\n<\/div>\n<div class=\"separator\"><a href=\"https:\/\/puntocritico.com\/ausajpuntocritico\/wp-content\/uploads\/2018\/04\/unnamed.jpg\" rel=\"lightbox[10860]\"><img loading=\"lazy\" decoding=\"async\" class=\"aligncenter wp-image-11079\" src=\"https:\/\/puntocritico.com\/ausajpuntocritico\/wp-content\/uploads\/2018\/04\/unnamed.jpg\" alt=\"\" width=\"400\" height=\"566\" srcset=\"https:\/\/puntocritico.com\/ausajpuntocritico\/wp-content\/uploads\/2018\/04\/unnamed.jpg 724w, https:\/\/puntocritico.com\/ausajpuntocritico\/wp-content\/uploads\/2018\/04\/unnamed-212x300.jpg 212w\" sizes=\"auto, (max-width: 400px) 100vw, 400px\" \/><\/a><\/div>\n<p><a href=\"https:\/\/puntocritico.com\/ausajpuntocritico\/wp-content\/uploads\/2016\/11\/Mosca_Punto_Cr\u00edtico_40.png\" rel=\"lightbox[10860]\"><img loading=\"lazy\" decoding=\"async\" class=\"aligncenter size-full wp-image-48\" src=\"https:\/\/puntocritico.com\/ausajpuntocritico\/wp-content\/uploads\/2016\/11\/Mosca_Punto_Cr\u00edtico_40.png\" alt=\"\" width=\"50\" height=\"50\" \/><\/a><\/p>\n<h1 style=\"text-align: center;\"><a id=\"ref70\"><\/a><a href=\"#ref70a\">[70]<\/a> ENRIQUE SANTIAGO, FLAMANTE SECRETARIO GENERAL DEL PCE: \u00abCON PODEMOS VAMOS A HACER GRANDES COSAS\u00bb<\/h1>\n<p><span style=\"font-size: 14pt;\">Por ARTURO INGLOTT<\/span><\/p>\n<div><span style=\"color: #339966;\">Art\u00edculo publicado el 11 de abril de 2018 en<\/span><\/div>\n<div><span style=\"color: #339966;\"><a style=\"color: #339966;\" href=\"http:\/\/canarias-semanal.org\/not\/22572\/enrique-santiago-flamante-secretario-general-del-pce-con-podemos-vamos-a-hacer-grandes-cosas-\/\" target=\"_blank\" rel=\"noopener\">http:\/\/canarias-semanal.org\/not\/22572\/enrique-santiago-flamante-secretario-general-del-pce-con-podemos-vamos-a-hacer-grandes-cosas-\/<\/a><\/span><\/div>\n<p><a href=\"https:\/\/puntocritico.com\/ausajpuntocritico\/wp-content\/uploads\/2018\/04\/img_53613-1.jpg\" rel=\"lightbox[10860]\"><img loading=\"lazy\" decoding=\"async\" class=\"aligncenter size-full wp-image-11082\" src=\"https:\/\/puntocritico.com\/ausajpuntocritico\/wp-content\/uploads\/2018\/04\/img_53613-1.jpg\" alt=\"\" width=\"670\" height=\"244\" srcset=\"https:\/\/puntocritico.com\/ausajpuntocritico\/wp-content\/uploads\/2018\/04\/img_53613-1.jpg 670w, https:\/\/puntocritico.com\/ausajpuntocritico\/wp-content\/uploads\/2018\/04\/img_53613-1-300x109.jpg 300w\" sizes=\"auto, (max-width: 670px) 100vw, 670px\" \/><\/a><\/p>\n<blockquote>\n<div class=\"antetitulo\" style=\"text-align: justify;\"><span style=\"font-size: 14pt; font-family: arial, helvetica, sans-serif;\">El secretario general \u00ableninista\u00bb destapa su esencia socialdem\u00f3crata<\/span><\/div>\n<\/blockquote>\n<p style=\"text-align: justify;\"><span style=\"font-size: 14pt; font-family: arial, helvetica, sans-serif;\">De un solo plumazo, y con la velocidad a la que hoy se despachan los asuntos en lasredes sociales,\u00a0<strong>Enrique Santiago<\/strong>,\u00a0<strong>nuevo Secretario general del Partido Comunista de Espa\u00f1a,<\/strong>\u00a0acaba de despejar cualquier\u00a0 duda acerca de la orientaci\u00f3n ideol\u00f3gica que este partido seguir\u00e1 teniendo bajo su direcci\u00f3n.<\/span><\/p>\n<p style=\"text-align: justify;\"><span style=\"font-size: 14pt; font-family: arial, helvetica, sans-serif;\"><strong><em>\u00abSi algo hemos hecho en nuestra historia es construir unidad. Y lo vamos a seguir haciendo. Nuestro pa\u00eds es mejor con Podemos que cuando no exist\u00eda. Juntos vamos a hacer grandes cosas\u00bb-<\/em><\/strong>\u00a0escrib\u00eda<strong>\u00a0Santiago<\/strong>\u00a0este martes en su cuenta de Twitter, dejando muy claro por d\u00f3nde seguir\u00e1n yendo sus tiros.<\/span><\/p>\n<p style=\"text-align: justify;\"><span style=\"font-size: 14pt; font-family: arial, helvetica, sans-serif;\"><strong>UNA\u00a0 \u00abRECONVERSI\u00d3N AL LENINISMO\u00bb PARA INCAUTOS Y OPORTUNISTAS<\/strong><\/span><\/p>\n<p style=\"text-align: justify;\"><span style=\"font-size: 14pt; font-family: arial, helvetica, sans-serif;\"><a href=\"https:\/\/puntocritico.com\/ausajpuntocritico\/wp-content\/uploads\/2018\/04\/img_53605.jpg\" rel=\"lightbox[10860]\"><img loading=\"lazy\" decoding=\"async\" class=\"size-full wp-image-11080 alignright\" src=\"https:\/\/puntocritico.com\/ausajpuntocritico\/wp-content\/uploads\/2018\/04\/img_53605.jpg\" alt=\"\" width=\"601\" height=\"600\" srcset=\"https:\/\/puntocritico.com\/ausajpuntocritico\/wp-content\/uploads\/2018\/04\/img_53605.jpg 601w, https:\/\/puntocritico.com\/ausajpuntocritico\/wp-content\/uploads\/2018\/04\/img_53605-150x150.jpg 150w, https:\/\/puntocritico.com\/ausajpuntocritico\/wp-content\/uploads\/2018\/04\/img_53605-300x300.jpg 300w\" sizes=\"auto, (max-width: 601px) 100vw, 601px\" \/><\/a> Cierto es que el<strong>\u00a0anuncio sobre la\u00a0<\/strong>s<strong>upuesta reconversi\u00f3n al\u00a0\u00a0<em>\u00ableninismo\u00bb<\/em><\/strong>\u00a0del\u00a0<strong>PCE,<\/strong>realizado durante\u00a0<strong>su reciente XX Congreso,\u00a0<\/strong>se present\u00f3 siempre para los observadores cr\u00edticos m\u00e1s como una declaraci\u00f3n destinada a reenganchar a sus muchos simpatizantes decepcionados, que como una genuina autocr\u00edtica y renuncia a la esencia eurocomunista de esta organizaci\u00f3n.<\/span><\/p>\n<p style=\"text-align: justify;\"><span style=\"font-size: 14pt; font-family: arial, helvetica, sans-serif;\">Y es que, por m\u00e1s que \u00a0uno se esforzara por aquellas fechas en indagar acerca de\u00a0<strong>supuestos cambios sustantivos en la teor\u00eda y la praxis del PCE<\/strong>, asociados a\u00a0<strong>su tambi\u00e9n supuesto nuevo<em>\u00ableninismo\u00bb,<\/em><\/strong>\u00a0las decisiones y declaraciones al respecto se refer\u00edan a<em><strong>aspectos tan superficiales como la inclusi\u00f3n de \u00abuna estrella internacionalista de cinco puntas en el logo del partido\u00bb<\/strong><\/em>\u00a0o a gen\u00e9ricos llamamientos a\u00a0<strong><em>\u00abdar la batalla en la calle contra el neoliberalismo\u00a0 y las pol\u00edticas del PP\u00bb.<\/em><\/strong>\u00a0Significativamente, no a dar\u00a0 la batalla contra el capitalismo y las pol\u00edticas de PP y PSOE.<\/span><\/p>\n<p><span style=\"font-size: 14pt; font-family: arial, helvetica, sans-serif;\">Pero&#8230; \u00bf<strong>Ha vuelto a asumir de forma coherente el PCE que<\/strong>\u00a0<strong>el Estado es, esencialmente, el instrumento mediante el cual una clase dominante ejerce su opresi\u00f3n sobre las clases subalternas, extrayendo de esta concepci\u00f3n leninista &#8211; y\u00a0 tambi\u00e9n marxiana &#8211; las consecuencias l\u00f3gicas para una pol\u00edtica revolucionaria<\/strong>? \u00a0\u00bfO contin\u00faa, por el contrario, defendiendo que en la\u00a0<em>\u00abcivilizada\u00bb\u00a0<\/em>Europa disfrutamos de<em><strong>\u00abEstados de derecho\u00bb<\/strong><\/em>, que permitir\u00edan llegar al socialismo mediante la\u00a0 v\u00eda pac\u00edfica y gradual de las urnas?<\/span><\/p>\n<p style=\"text-align: justify;\"><span style=\"font-size: 14pt; font-family: arial, helvetica, sans-serif;\">\u00bfAdmite el<strong>\u00a0<\/strong><strong>PCE\u00a0<\/strong>que nos encontramos en la fase imperialista del capitalismo y<strong>\u00a0plantea que la Uni\u00f3n Europea<\/strong>, como \u00a0polo \u00a0fundamental de este sistema,\u00a0<strong>es un proyecto de las burgues\u00edas del continente que se debe combatir frontalmente<\/strong>?\u00bfO sigue defendiendo \u00a0<em><strong>la quimera de \u201creformar\u201d la \u00a0UE\u00a0<\/strong><\/em>\u00a0para transformarla en\u00a0 la\u00a0<em><strong>\u00a0\u00abEuropa de los pueblos\u00bb<\/strong>?<\/em><\/span><\/p>\n<p><span style=\"font-size: 14pt; font-family: arial, helvetica, sans-serif;\">La mera ausencia de estos temas en las manifestaciones p\u00fablicas sobre el pasado\u00a0<strong>XX Congreso<\/strong>\u00a0deber\u00eda haber bastado a cualquiera con un conocimiento superficial sobre el leninismo -y sobre la historia y presente del\u00a0<strong>PCE<\/strong>&#8211; para inferir que \u00ab<em>el anuncio\u00bb\u00a0<\/em>realizado por sus dirigentes era poco m\u00e1s que un ejercicio de<em>\u00a0trilerismo<\/em>\u00a0pol\u00edtico oportunista.<\/span><\/p>\n<p style=\"text-align: justify;\"><span style=\"font-size: 14pt; font-family: arial, helvetica, sans-serif;\"><strong>LOS NUEVOS\u00a0<em>\u00abLENINISTAS\u00bb<\/em>\u00a0Y SUS SOCIOS PRO OT\u00c1NICOS\u00a0\u00a0\u00a0<\/strong><\/span><br \/>\n<span style=\"font-size: 14pt; font-family: arial, helvetica, sans-serif;\">\u00a0<\/span><br \/>\n<span style=\"font-size: 14pt; font-family: arial, helvetica, sans-serif;\">Si estos asuntos, fundamentales para cualquier leninista, brillaron por su ausencia en la informaci\u00f3n que se quiso ofrecer sobre el<strong>\u00a0XX Congreso<\/strong>, lo que ha seguido estando muy presente en el\u00a0<strong>discurso del nuevo secretario general del PCE\u00a0<\/strong>ha sido<strong>\u00a0el recurrente tema de la\u00a0<em>\u00abconfluencia con la socialdemocracia\u00bb,<\/em><\/strong>\u00a0que denominan\u00a0<em><strong>\u00abUnidad Popular\u00bb.<\/strong><\/em><\/span><\/p>\n<p><span style=\"font-size: 14pt; font-family: arial, helvetica, sans-serif;\">No deber\u00edan extra\u00f1ar, por tanto, las declaraciones efectuadas por\u00a0<strong>Santiago<\/strong>\u00a0en<em>\u00a0Twitter<\/em>que, sin embargo, provocaban casi de inmediato la indignaci\u00f3n de algunos internautas.<\/span><br \/>\n<span style=\"font-size: 14pt; font-family: arial, helvetica, sans-serif;\">\u00a0<\/span><\/p>\n<p style=\"text-align: justify;\"><span style=\"font-size: 14pt; font-family: arial, helvetica, sans-serif;\">El\u00a0<strong>conocido actor y activista Willy Toledo,\u00a0<\/strong>por ejemplo, reproduc\u00eda las palabras de<strong>Enrique Santiago\u00a0<\/strong>en su muro de\u00a0<strong>Facebook,\u00a0<\/strong>comentando al respecto:<\/span><\/p>\n<p><span style=\"font-size: 14pt; font-family: arial, helvetica, sans-serif;\"><em><strong>\u00abParece que se va cumpliendo, pasito a pasito, la hoja de ruta dise\u00f1ada por Iglesias, Garz\u00f3n y C\u00eda: ya entregaron IU a Podemos y ahora con el PCE. Repugnante socialdemocracia\u00bb.<\/strong><\/em><\/span><\/p>\n<p><span style=\"font-size: 14pt; font-family: arial, helvetica, sans-serif;\"><em>\u00abEn una reciente entrevista a\u00a0<strong>Errej\u00f3n<\/strong><\/em>\u00a0&#8211; a\u00f1ad\u00eda otra internauta llamada Natasha<strong>\u00a0<\/strong>&#8211;\u00a0<em><strong>Evole<\/strong>le pregunta \u00bferes anticapitalista? \u00c9l responde que no.<strong>\u00a0Qu\u00e9 hace el PCE con esa gente. No se entiende. Excepto tomar el pelo a la ciudadan\u00eda<\/strong>\u00ab.<\/em><\/span><\/p>\n<p><span style=\"font-size: 14pt; font-family: arial, helvetica, sans-serif;\">La reacci\u00f3n airada al pronunciamiento\u00a0 del nuevo\u00a0<strong>Secretario General del PCE\u00a0<\/strong>resulta m\u00e1s que comprensible, si se tiene en cuenta que la organizaci\u00f3n con la que\u00a0<strong>Santiago<em>\u00abespera hacer grandes cosas\u00bb<\/em><\/strong>\u00a0no es solo<em><strong>\u00a0abiertamente socialdem\u00f3crata,\u00a0<\/strong><\/em>sino que tambi\u00e9n ha materializado su\u00a0<strong>compromiso con el brazo armado del imperialismo occidental, la OTAN,\u00a0<\/strong>\u00a0llegando a promover como uno de sus dirigentes a\u00a0<strong>un ex general de esta coalici\u00f3n b\u00e9lica corresponsable de cr\u00edmenes de guerra.<\/strong><\/span><\/p>\n<p style=\"text-align: justify;\"><span style=\"font-size: 14pt; font-family: arial, helvetica, sans-serif;\"><strong>ENRIQUE SANTIAGO, LA TRAYECTORIA NADA RECOMENDABLE DE UN SOCIALDEM\u00d3CRATA VERGONZANTE<\/strong><\/span><\/p>\n<p><span style=\"font-size: 14pt; font-family: arial, helvetica, sans-serif;\">Sea como fuere, la clara definici\u00f3n pol\u00edtica que\u00a0 realizaba este martes<strong>\u00a0Enrique Santiago<\/strong>tampoco deber\u00eda sorprender a quienes conozcan algo acerca de su trayectoria.<\/span><\/p>\n<p style=\"text-align: justify;\"><span style=\"font-size: 14pt; font-family: arial, helvetica, sans-serif;\"><strong>Enrique Santiago Romero<\/strong>, nacido en\u00a0<strong>Madrid<\/strong>\u00a0en\u00a0<strong>1964<\/strong>, inici\u00f3 su andadura pol\u00edtica en los\u00a0<strong>\u00a0CJC del Partido Comunista de los Pueblos de Espa\u00f1a (PCPE)<\/strong>. No obstante, bien sea porque aquella organizaci\u00f3n juvenil le result\u00f3 demasiado\u00a0<em><strong>\u201cradical\u201d,<\/strong>\u00a0<\/em>bien porque estim\u00f3 que pod\u00eda tener m\u00e1s futuro fuera de ella, no tard\u00f3 demasiado en emigrar al seno de la\u00a0<strong>Uni\u00f3n de Juventudes Comunistas de Espa\u00f1a (UJCE)\u00a0<\/strong>&#8211; del ya\u00a0<strong>eurocomunista PCE<\/strong>\u00a0&#8211; de la que llegar\u00eda a ser\u00a0<strong>secretario general.<\/strong><\/span><\/p>\n<p><span style=\"font-size: 14pt; font-family: arial, helvetica, sans-serif;\">En\u00a0<strong>2004,<\/strong>\u00a0<strong>Santiago<\/strong>\u00a0le<strong>\u00a0disput\u00f3 el puesto de Coordinador general de IU al\u00a0<em>\u00abprogre\u00bb<\/em>Gaspar Llamazares<\/strong>, a cuya direcci\u00f3n dirigi\u00f3 dur\u00edsimas cr\u00edticas. Pese a ello, despu\u00e9s de perder frente al asturiano no tuvo reparos en abandonar en la cuneta a los \u00a0miembros de su plancha electoral, para\u00a0<strong>sumarse al equipo liderado por el hoy correligionario del ex juez represor Baltasar Garz\u00f3n.<\/strong>\u00a0\u00a0 En el<strong>\u00a0Consejo Pol\u00edtico Federal del 26 de junio de 2006, Santiago,\u00a0<\/strong>junto a otros miembros de su candidatura,\u00a0<strong>aceptaron integrarse en la Comisi\u00f3n Permanente de IU, en contra de la opini\u00f3n mayoritaria del PCE.<\/strong><\/span><\/p>\n<p><span style=\"font-size: 14pt; font-family: arial, helvetica, sans-serif;\">Desde\u00a0<strong>2008, Santiago<\/strong>\u00a0\u00a0entr\u00f3 en el\u00a0<strong>Comit\u00e9 Ejecutivo del Partido Comunista de Espa\u00f1a.<\/strong><\/span><\/p>\n<p style=\"text-align: justify;\"><span style=\"font-size: 14pt; font-family: arial, helvetica, sans-serif;\">Dos a\u00f1os despu\u00e9s,<strong>\u00a0en 2010<\/strong>, el\u00a0<strong>madrile\u00f1o aterriz\u00f3 cual paracaidista en Las Palmas de Gran Canaria<\/strong>, junto al hoy\u00a0<strong>enfangado Miguel Reneses<\/strong>, para participar en una suerte de\u00a0<strong><em>coup\u00a0d&#8217;\u00e9tat<\/em>\u00a0\u00a0 urdido\u00a0 para acabar con la direccion\u00a0 de Izquierda Unida Canaria,<\/strong>\u00a0encabezada\u00a0 en aquellas fechas por lo que\u00a0\u00a0<strong>Santiago<\/strong>\u00a0 denominaba<strong>\u00a0<em>\u00abel dueto\u00bb.<\/em><\/strong>\u00a0Es decir,\u00a0<strong>Mar\u00eda Puig<\/strong>\u00a0y\u00a0\u00a0<strong>Segundo Mart\u00ednez.<\/strong>\u00a0En realidad, el litigio no fue la expresi\u00f3n de ninguna confrontaci\u00f3n ideol\u00f3gica. Tanto el\u00a0<em>\u00abdueto\u00bb<\/em>\u00a0como sus\u00a0<em>\u00abgolpistas\u00bb\u00a0<\/em>compart\u00edan la misma mesa y mantel\u00a0 pol\u00edtico reformista que, desgraciadamente, ha caracterizado\u00a0 a todas las direcciones del\u00a0<strong>PCE\u00a0<\/strong>a lo largo de los \u00faltimos cuarenta a\u00f1os.<\/span><\/p>\n<p style=\"text-align: justify;\"><span style=\"font-size: 14pt; font-family: arial, helvetica, sans-serif;\">En un\u00a0<strong>acto organizado por los\u00a0<em>\u00abgolpistas\u00bb<\/em><\/strong>\u00a0para tal fin en\u00a0<strong>el barrio grancanario de Jin\u00e1mar, Santiago<\/strong>\u00a0se pronunci\u00f3, ya entonces, de manera di\u00e1fana, sobre la necesidad de que\u00a0<em><strong>\u00abIzquierda Unida ocupase el espacio electoral del PSOE\u00bb,<\/strong><\/em>\u00a0aprovechando su debacle electoral, con el t\u00e1cito horizonte de\u00a0<strong>articular luego con la organizaci\u00f3n socioliberal pactos de gobierno.\u00a0<\/strong><\/span><\/p>\n<p><span style=\"font-size: 14pt; font-family: arial, helvetica, sans-serif;\">Demostrando la solidez de este posicionamiento socialdem\u00f3crata, en\u00a0<strong>2103 Enrique Santiago<\/strong>\u00a0volv\u00eda a defender en una entrevista\u00a0 la conformaci\u00f3n de\u00a0<em>\u00abfrentes de izquierda\u00bb,\u00a0<\/em>en la l\u00ednea de lo que representaba la entonces<strong>\u00a0esperanza blanca del reformismo europeo Alexis Tsipras<\/strong>, actualmente dedicado a\u00a0<strong>vender\u00a0 Grecia a precio de saldo.<\/strong><\/span><\/p>\n<p style=\"text-align: justify;\"><span style=\"font-size: 14pt; font-family: arial, helvetica, sans-serif;\">En esa misma entrevista,\u00a0<strong>Santiago\u00a0<\/strong>tambi\u00e9n reafirmaba\u00a0<strong>su compromiso con el proyecto del Euro.<\/strong><\/span><br \/>\n<span style=\"font-size: 14pt; font-family: arial, helvetica, sans-serif;\">\u00a0<\/span><\/p>\n<p style=\"text-align: justify;\"><span style=\"font-size: 14pt; font-family: arial, helvetica, sans-serif;\"><img decoding=\"async\" id=\"IMAGEN_INSERTADA_53616\" class=\"RichTextAlignLeft alignleft\" title=\"\" src=\"http:\/\/canarias-semanal.org\/upload\/img\/periodico\/img_53616.jpg\" alt=\"[Img #53616]\" \/><\/span><\/p>\n<p style=\"text-align: justify;\"><span style=\"font-size: 14pt; font-family: arial, helvetica, sans-serif;\"><em>\u00abPensamos<\/em>\u00a0\u2013 afirmaba entonces el\u00a0<strong>actual secretario general del PCE\u00a0<em>\u00ableninista\u00bb-<\/em><\/strong><em>que es posible tener\u00a0<strong>un euro al servicio de los ciudadanos<\/strong>\u00a0si se cambia radicalmente y se democratiza la<strong>configuraci\u00f3n del Banco Central Europeo.\u00a0<\/strong>Nuestra pol\u00edtica\u00a0 es hacer que el euro se convierta en ese instrumento de cohesi\u00f3n de los pueblos\u00bb .\u00a0<\/em>As\u00ed de f\u00e1cil. Como si la naturaleza y los objetivos de la<strong>UE<\/strong>, un proyecto nacido con la exclusiva\u00a0 finalidad de consolidar la unidad empresarial de la burgues\u00eda del viejo continente, pudiera\u00a0 ser reconvertida m\u00e1gicamente\u00a0 en una alternativa popular y al servicio de los asalariados.<\/span><\/p>\n<p style=\"text-align: justify;\"><span style=\"font-size: 14pt; font-family: arial, helvetica, sans-serif;\">Estos son, en definitiva, los viejos y viciados mimbres con los que algunos<strong>\u00a0\u2013 dentro y fuera del PCE &#8211;\u00a0<\/strong>\u00a0pretenden hoy construir lo que, contra toda evidencia, insisten en vender a su militancia como la\u00a0<em><strong>\u201cunidad de los comunistas\u201d.<\/strong><\/em><\/span><\/p>\n<p style=\"text-align: justify;\"><span style=\"font-size: 14pt; font-family: arial, helvetica, sans-serif;\">Un\u00a0<em>viaje\u00a0<\/em>con un alto peaje<em>\u00a0<strong>\u00a0del carrillismo al podemismo<\/strong><\/em>\u00a0para el que, a todas luces, no har\u00edan falta alforjas y que nada bueno podr\u00eda ofrecer a los trabajadores de los pueblos del Estado espa\u00f1ol. Si a estas alturas nos fallara la memoria sobre otras piruetas circenses precedentes bastar\u00eda con recordar los no lejanos\u00a0 efluvios con los que se acogi\u00f3 al<em><strong>\u00abexperimento Syriza\u00bb,\u00a0\u00a0<\/strong><\/em>al que, por cierto, ya no se atreven ni a mentar sus antiguos ex\u00e9getas. Y es que aunque a la mona la vistan de seda, mona se queda.<\/span><a href=\"https:\/\/puntocritico.com\/ausajpuntocritico\/wp-content\/uploads\/2016\/11\/Mosca_Punto_Cr\u00edtico_40.png\" rel=\"lightbox[10860]\"><img loading=\"lazy\" decoding=\"async\" class=\"aligncenter size-full wp-image-48\" src=\"https:\/\/puntocritico.com\/ausajpuntocritico\/wp-content\/uploads\/2016\/11\/Mosca_Punto_Cr\u00edtico_40.png\" alt=\"\" width=\"50\" height=\"50\" \/><\/a><\/p>\n<h1 style=\"text-align: center;\"><a id=\"ref71\"><\/a><a href=\"#ref71a\">[71]<\/a> Carmena adjudic\u00f3 a dedo 11.000 contratos por valor de 60 millones en dos a\u00f1os<\/h1>\n<p><span style=\"font-size: 14pt;\">Por LUCA COSTANTINI<\/span><\/p>\n<div><span style=\"color: #339966;\">Art\u00edculo publicado el 10 de abril de 2018 en<\/span><\/div>\n<div><span style=\"color: #339966;\"><a style=\"color: #339966;\" href=\"https:\/\/elpais.com\/ccaa\/2018\/04\/09\/madrid\/1523294921_044926.html\" target=\"_blank\" rel=\"noopener\">https:\/\/elpais.com\/ccaa\/2018\/04\/09\/madrid\/1523294921_044926.html<\/a><\/span><\/div>\n<div>\u00a0<\/div>\n<div>\u00a0<\/div>\n<figure id=\"attachment_11084\" aria-describedby=\"caption-attachment-11084\" style=\"width: 678px\" class=\"wp-caption aligncenter\"><a href=\"https:\/\/puntocritico.com\/ausajpuntocritico\/wp-content\/uploads\/2018\/04\/1523294921_044926_1523297385_noticia_normal_recorte1.jpg\" rel=\"lightbox[10860]\"><img loading=\"lazy\" decoding=\"async\" class=\"wp-image-11084\" src=\"https:\/\/puntocritico.com\/ausajpuntocritico\/wp-content\/uploads\/2018\/04\/1523294921_044926_1523297385_noticia_normal_recorte1.jpg\" alt=\"\" width=\"678\" height=\"419\" srcset=\"https:\/\/puntocritico.com\/ausajpuntocritico\/wp-content\/uploads\/2018\/04\/1523294921_044926_1523297385_noticia_normal_recorte1.jpg 1960w, https:\/\/puntocritico.com\/ausajpuntocritico\/wp-content\/uploads\/2018\/04\/1523294921_044926_1523297385_noticia_normal_recorte1-300x185.jpg 300w, https:\/\/puntocritico.com\/ausajpuntocritico\/wp-content\/uploads\/2018\/04\/1523294921_044926_1523297385_noticia_normal_recorte1-768x475.jpg 768w, https:\/\/puntocritico.com\/ausajpuntocritico\/wp-content\/uploads\/2018\/04\/1523294921_044926_1523297385_noticia_normal_recorte1-1024x633.jpg 1024w\" sizes=\"auto, (max-width: 678px) 100vw, 678px\" \/><\/a><figcaption id=\"caption-attachment-11084\" class=\"wp-caption-text\"><span style=\"font-size: 10pt; color: #339966;\"><strong>Rueda de prensa de la alcaldesa Manuela Carmena junto a la teniente de alcalde Marta Higueras y el concejal de Hacienda Jorge Garcia Castano. CARLOS ROSILLO <\/strong><\/span><\/figcaption><\/figure>\n<div id=\"articulo-titulares\" class=\"articulo-titulares\">\n<div class=\"articulo-subtitulos\">\n<blockquote>\n<p class=\"articulo-subtitulo\" style=\"text-align: justify;\"><span style=\"font-size: 14pt; font-family: arial, helvetica, sans-serif;\">Se trata de un nivel de desembolso desconocido desde 2011, cuando gobernaba Alberto Ruiz-Gallard\u00f3n<\/span><\/p>\n<\/blockquote>\n<\/div>\n<\/div>\n<p style=\"text-align: justify;\"><span style=\"font-size: 14pt; font-family: arial, helvetica, sans-serif;\">A lo largo de 2016 y 2017, el Ayuntamiento de Madrid, dirigido por Manuela Carmena,\u00a0<a href=\"https:\/\/elpais.com\/tag\/adjudicacion_contratos\/a\" target=\"_blank\" rel=\"noopener\">adjudic\u00f3 \u201ccontratos menores\u201d<\/a>\u00a0\u2014para actuaciones de emergencia y que no necesitan concurso p\u00fablico\u2014 por valor de casi 60 millones de euros. Se trata de un nivel de desembolso desconocido desde 2011, cuando gobernaba Alberto Ruiz-Gallard\u00f3n (PP). En algunos de los 11.000 contratos firmados por el equipo de Carmena, la oposici\u00f3n ha denunciado que las firmas beneficiadas pertenecen a la \u00f3rbita de la coalici\u00f3n liderada por Podemos. El Ayuntamiento argumenta que esas cifras solo representan el 0,5% de los presupuestos.<\/span><\/p>\n<div id=\"elpais_gpt-INTEXT\" style=\"text-align: justify;\" data-google-query-id=\"CJbZ1oa7vNoCFa-nUQodZUYG2g\">\n<div id=\"google_ads_iframe_\/7811748\/elpais_web\/ccaa\/intext_0__container__\">\u00a0<\/div>\n<\/div>\n<p style=\"text-align: justify;\"><span style=\"font-size: 14pt; font-family: arial, helvetica, sans-serif;\">Los contratos menores son adjudicaciones de cuant\u00eda limitada (hasta 21.000 euros, o 41.000, dependiendo de su tipolog\u00eda), pensados para acelerar la acci\u00f3n del gobierno en situaciones de urgencia. \u201cSe refieren a servicios y suministros de peque\u00f1a cuant\u00eda, delimitados en el tiempo, pero necesarios para garantizar el servicio que el Ayuntamiento presta a la ciudadan\u00eda\u201d, explica el propio Consistorio en su p\u00e1gina web. Y da alg\u00fan ejemplo: \u201cComprar bombillas para un centro deportivo, contratar los servicios de un fontanero para una biblioteca, costear un viaje de trabajo o una actividad puntual\u2026\u201d.<\/span><\/p>\n<p style=\"text-align: justify;\"><span style=\"font-size: 14pt; font-family: arial, helvetica, sans-serif;\">La peculiaridad de los contratos menores es que permiten sortear la contrataci\u00f3n p\u00fablica de los concursos abiertos. La Administraci\u00f3n se limita a pedir tres ofertas, y contrata la que considera mejor, aunque a partir de ahora un decreto municipal eliminar\u00e1 la petici\u00f3n de tres ofertas para hacerlos todav\u00eda m\u00e1s \u00e1giles. No obstante, su filosof\u00eda contempla un uso limitado.<\/span><\/p>\n<p style=\"text-align: justify;\"><span style=\"font-size: 14pt; font-family: arial, helvetica, sans-serif;\">Sin embargo, en los \u00faltimos dos ejercicios el equipo de Carmena ha hecho un amplio uso de ese instrumento. As\u00ed ha sido, por ejemplo, para contratar el \u201cproyecto de remodelaci\u00f3n de la Gran V\u00eda\u201d (21.175 euros), la elaboraci\u00f3n de dise\u00f1os gr\u00e1ficos, campa\u00f1as de publicidad y actividades de \u201cdinamizaci\u00f3n\u201d.<\/span><\/p>\n<p style=\"text-align: justify;\"><span style=\"font-size: 14pt; font-family: arial, helvetica, sans-serif;\">El Ayuntamiento usa los\u00a0<a href=\"https:\/\/elpais.com\/ccaa\/2018\/01\/29\/madrid\/1517258982_687866.html\" target=\"_blank\" rel=\"noopener\">contratos de \u201cdinamizaci\u00f3n\u201d para impulsar los llamados procesos participativos<\/a>. Se trata de una categor\u00eda in\u00e9dita, que se apoya en perfiles profesionales novedosos e h\u00edbridos (van desde el \u00e1mbito social, el cultural y o el de ocio), que a menudo coinciden con el proyecto pol\u00edtico de la coalici\u00f3n liderada por Podemos.<\/span><\/p>\n<section id=\"sumario_3|despiece\" class=\"sumario_despiece izquierda\">\n<div class=\"sumario__interior\">\n<header class=\"sumario-encabezado\">\n<h4 class=\"sumario-titulo\"><span class=\"sin_enlace\" style=\"font-size: 14pt; font-family: arial, helvetica, sans-serif;\">SEGURIDAD Y CULTURA OPTAN POR LA V\u00cdA R\u00c1PIDA<\/span><\/h4>\n<\/header>\n<div class=\"sumario-texto\">\n<p><span style=\"font-size: 14pt; font-family: arial, helvetica, sans-serif;\"><strong>5.000 contratos al a\u00f1o.<\/strong>\u00a0El Ayuntamiento de Madrid firm\u00f3 a trav\u00e9s del procedimiento \u201cmenor\u201d \u2014sin concurso p\u00fablico\u2014 m\u00e1s de 10.000 contratos entre 2016 y 2017. Adjudic\u00f3 cada a\u00f1o m\u00e1s de 5.000 contratos, por un total de 60 millones de euros.<\/span><\/p>\n<p><span style=\"font-size: 14pt; font-family: arial, helvetica, sans-serif;\"><strong>Seguridad y Cultura.<\/strong>\u00a0Las \u00e1reas de gobierno que emplearon m\u00e1s esos contratos a dedo fueron la de Seguridad y Emergencia, liderada por el concejal Javier Barbero; la de Cultura, en manos de la alcaldesa, y Medio Ambiente, de la delegada In\u00e9s Saban\u00e9s.<\/span><\/p>\n<p><span style=\"font-size: 14pt; font-family: arial, helvetica, sans-serif;\"><strong>Convalidaciones de gasto.<\/strong>\u00a0El ejecutivo tambi\u00e9n puede adjudicar obras y servicios de manera discrecional a trav\u00e9s de las convalidaciones de gasto. Se trata de acuerdos tomados en la junta de gobierno y sin concurso p\u00fablico. En este cap\u00edtulo, el Consistorio desembols\u00f3 el a\u00f1o pasado 65 millones: un 115% m\u00e1s que el anterior.<\/span><\/p>\n<\/div>\n<\/div>\n<\/section>\n<p style=\"text-align: justify;\"><span style=\"font-size: 14pt; font-family: arial, helvetica, sans-serif;\">Por ejemplo, en septiembre de 2017, el Ayuntamiento desembols\u00f3 20.000 euros para la \u201cdinamizaci\u00f3n social en programas de igualdad\u201d en Usera y Retiro\u201d. Otros 34.000 euros se fueron para la \u201cdinamizaci\u00f3n comercial\u201d en La Elipa y San Pascual, todos proyectos considerados actividades de ocio y cultura. Y en marzo, el gobierno pag\u00f3 20.600 euros para un \u201ccontrato de dinamizaci\u00f3n de mesas de auditor\u00eda ciudadana\u201d.<\/span><\/p>\n<p style=\"text-align: justify;\"><span style=\"font-size: 14pt; font-family: arial, helvetica, sans-serif;\">La auditor\u00eda ciudadana es un instrumento creado por el gobierno de Carmena para fiscalizar a posteriori pol\u00edticas y contratos de los gobiernos del PP. Hasta ahora, el Ayuntamiento ha reservado medio mill\u00f3n de euros para ellas, con la posibilidad de activar denuncias \u2014que nunca se han sustanciado\u2014 y engrasar la maquinaria de la propaganda del ejecutivo. Cuando est\u00e1n redactadas, las filtran a determinados medios de comunicaci\u00f3n.<\/span><\/p>\n<p style=\"text-align: justify;\"><span style=\"font-size: 14pt; font-family: arial, helvetica, sans-serif;\">En total, en 2016 el Consistorio licit\u00f3 5.600 contratos menores, con un desembolso de 30,2 millones de euros. El a\u00f1o siguiente, el gasto baj\u00f3 ligeramente, hasta los 29,9 millones de euros (5.500 contratos), seg\u00fan cifras publicadas en el portal de datos abiertos del Ayuntamiento. De esta manera, en los dos primeros a\u00f1os naturales del gobierno de Carmena, el gasto en contratos a dedo ya superaba el de la \u00e9poca de Ruiz-Gallard\u00f3n.<\/span><\/p>\n<p style=\"text-align: justify;\"><span style=\"font-size: 14pt; font-family: arial, helvetica, sans-serif;\">En 2011, el alcalde del PP encarg\u00f3 contratos menores por 31 millones. Se trata de cifras que duplican las de 2012 y 2013, de 18,5 y 17,5 millones, respectivamente. Y que tambi\u00e9n superan los ejercicios de 2014 y 2015, cuando el Consistorio pag\u00f3 25 y 24 millones en contratos a dedo. En 2015 se alternaron en el gobierno los equipos de Ana Botella y Carmena.<\/span><\/p>\n<p style=\"text-align: justify;\"><span style=\"font-size: 14pt; font-family: arial, helvetica, sans-serif;\">El Ayuntamiento argumenta que el gasto en contratos menores ha aumentado en l\u00ednea con el desembolso creciente del Consistorio. Y que solo representa un 0,5% del total de los presupuestos (5.200 millones). \u201cLa suma es pr\u00e1cticamente id\u00e9ntica que las de 2015 y 2016, as\u00ed que no vemos mucha historia\u201d, afirma un portavoz del \u00c1rea de Econom\u00eda. Su c\u00e1lculo tiene en cuenta todas las partidas presupuestarias, como el pago a funcionarios, que copa el grueso del desembolso p\u00fablico, y las inversiones, que fueron el a\u00f1o pasado de 225 millones.<\/span><\/p>\n<p style=\"text-align: justify;\"><span style=\"font-size: 14pt; font-family: arial, helvetica, sans-serif;\">Sin embargo, la oposici\u00f3n ha denunciado el repunte de contratos menores. Sospecha que los ediles del gobierno est\u00e1n financiando a empresas y cooperativas de su l\u00ednea pol\u00edtica. Entre los contratos m\u00e1s cuestionados est\u00e1n\u00a0<a href=\"https:\/\/elpais.com\/ccaa\/2017\/06\/26\/madrid\/1498506845_436492.html\" target=\"_blank\" rel=\"noopener\">los 100.000 euros a Gea21<\/a>, una firma de la que fue socia una asesora municipal.<\/span><\/p>\n<p style=\"text-align: justify;\"><span style=\"font-size: 14pt; font-family: arial, helvetica, sans-serif;\">En 2017 la oposici\u00f3n logr\u00f3 que el gobierno incluyera los contratos menores en una comisi\u00f3n municipal. Sin embargo, la magnitud de las adjudicaciones complica el an\u00e1lisis pormenorizado de los expedientes. De hecho, con respecto a los datos de 2018, el Consistorio a\u00fan no ha publicado todos los contratos adjudicados. El ejecutivo achaca este retraso a la situaci\u00f3n de pr\u00f3rroga presupuestaria.<\/span><\/p>\n<section id=\"sumario_2|despiece\" class=\"sumario_despiece centro\">\n<div class=\"sumario__interior\">\n<header class=\"sumario-encabezado\">\n<h4 class=\"sumario-titulo\"><span class=\"sin_enlace\" style=\"font-size: 14pt; font-family: arial, helvetica, sans-serif;\">UN DECRETO MUNICIPAL EVITA PEDIR TRES OFERTAS OBLIGATORIAS<\/span><\/h4>\n<\/header>\n<div class=\"sumario-texto\">\n<p style=\"text-align: justify;\"><span style=\"font-size: 14pt; font-family: arial, helvetica, sans-serif;\">El equipo de gobierno de Manuela Carmena ha dejado sin efecto una instrucci\u00f3n de 2012, del PP, que obligaba a solicitar tres ofertas distintas antes de adjudicar un contrato menor. El decreto, aprobado por el \u00e1rea de Econom\u00eda, liderada por Jorge Garc\u00eda Casta\u00f1o, alega que la nueva Ley de Contratos del Sector P\u00fablico establece ya controles eficientes.<\/span><\/p>\n<p style=\"text-align: justify;\"><span style=\"font-size: 14pt; font-family: arial, helvetica, sans-serif;\">El anterior marco de contratos establec\u00eda que tanto el Ayuntamiento como sus organismos aut\u00f3nomos estaban obligados a pedir tres presupuestos. El Consistorio se\u00f1ala que la adaptaci\u00f3n a la nueva ley estatal no permite adjudicar contratos menores a un contratista que ya haya resultado adjudicatario de anteriores contratos menores. De esta manera, los legisladores pretenden evitar que se puedan fraccionar actuaciones a trav\u00e9s de contratos menores, lo que permite evitar el concurso p\u00fablico, como adelant\u00f3 El Mundo. Y agrega, en declaraciones a la agencia Efe, que la Ordenanza de Transparencia de la Ciudad de Madrid de 2016 ya exige un \u201cmayor nivel de transparencia en la contrataci\u00f3n municipal\u201d.<\/span><\/p>\n<p style=\"text-align: justify;\"><span style=\"font-size: 14pt; font-family: arial, helvetica, sans-serif;\">El pleno municipal aprob\u00f3 el pasado mes de septiembre, con los votos de todas las formaciones pol\u00edticas, ampliar el \u00e1mbito de actuaci\u00f3n de la comisi\u00f3n de vigilancia de la contrataci\u00f3n. Esta comisi\u00f3n municipal ordinaria puede analizar todos los contratos p\u00fablicos, incluyendo los menores. \u201cLos grupos de la oposici\u00f3n podr\u00e1n acceder en una comisi\u00f3n informativa a convenios, subvenciones y contratos menores. Esto no pasaba con el PP y esto pasar\u00e1, a instancias de la oposici\u00f3n, con el apoyo de Ahora Madrid\u201d, destac\u00f3 la portavoz del ejecutivo, Rita Maestre.<\/span><\/p>\n<\/div>\n<\/div>\n<\/section>\n<p><a href=\"https:\/\/puntocritico.com\/ausajpuntocritico\/wp-content\/uploads\/2016\/11\/Mosca_Punto_Cr\u00edtico_40.png\" rel=\"lightbox[10860]\"><img loading=\"lazy\" decoding=\"async\" class=\"aligncenter size-full wp-image-48\" src=\"https:\/\/puntocritico.com\/ausajpuntocritico\/wp-content\/uploads\/2016\/11\/Mosca_Punto_Cr\u00edtico_40.png\" alt=\"\" width=\"50\" height=\"50\" \/><\/a><\/p>\n<h1 style=\"text-align: center;\"><a id=\"ref72\"><\/a><a href=\"#ref72a\">[72]<\/a> Joan Peir\u00f3: anarquismo, federalismo y \u00e9tica de la responsabilidad<\/h1>\n<p><span style=\"font-size: 14pt;\">Por Miguel Guill\u00e9nPolit\u00f3logo<\/span><\/p>\n<div><span style=\"color: #339966;\">Art\u00edculo publicado el 14 de abril de 2018 en<\/span><\/div>\n<div><span style=\"color: #339966;\">http:\/\/blogs.publico.es\/dominiopublico\/25559\/joan-peiro-anarquismo-federalismo-y-etica-de-la-responsabilidad\/<\/span><\/div>\n<p style=\"text-align: justify;\"><span style=\"font-family: arial, helvetica, sans-serif; font-size: 14pt;\">Estos d\u00edas se conmemora el 87 aniversario de la proclamaci\u00f3n de la Segunda Rep\u00fablica Espa\u00f1ola. Quiero aprovechar la efem\u00e9ride para recordar un hecho important\u00edsimo pero desconocido para alguna gente, y es que en aquella Rep\u00fablica, ya en tiempos de guerra, participaron durante unos meses como ministros del gobierno de Largo Caballero cuatro anarquistas, miembros de la Confederaci\u00f3n Nacional de Trabajo (CNT): Federica Montseny, Joan Garcia Oliver, Juan L\u00f3pez y Joan Peir\u00f3. Se trata de un hecho extraordinario, qu\u00e9 duda cabe, que cuatro personas profundamente comprometidas con los ideales del anarquismo participaran en una instituci\u00f3n del estado tan importante como es su gobierno. Algo que represent\u00f3 un hecho inaudito a nivel mundial. La excepcionalidad de la situaci\u00f3n (hac\u00eda pocos meses del golpe de estado del 18 de julio) y la necesidad de unir esfuerzos para luchar contra el fascismo hicieron que la CNT aceptara participar en aquel gobierno. Me quiero centrar en la figura de Joan Peir\u00f3. En primer lugar, porque el a\u00f1o pasado se cumpli\u00f3 el 75 aniversario de su ignominioso fusilamiento por el r\u00e9gimen franquista, y m\u00e1s all\u00e1 de los merecidos y participados homenajes que recibi\u00f3 en Sants, Badalona y Matar\u00f3 (lugares donde desarroll\u00f3 su vida y actividad pol\u00edtica, sindical y cooperativista), tengo la sensaci\u00f3n de que, m\u00e1s all\u00e1 de estas localidades, no recibi\u00f3 el homenaje que se merece una personalidad de la talla de Peir\u00f3. No en vano, adem\u00e1s de ministro fue secretario general de la CNT, adem\u00e1s de una persona comprometida con la clase obrera, de una honestidad extraordinaria y muy poco amiga de las actitudes sectarias. En segundo lugar, quiero remarcar el hecho de que este fin de semana se estrena en Madrid (ya se proyect\u00f3 en diferentes lugares de Catalu\u00f1a meses atr\u00e1s) el documental Peir\u00f342, dedicado a su figura. Un trabajo que tambi\u00e9n se podr\u00e1 visualizar en P\u00fablico.tv gracias a\u00a0 la gentileza de la productora Clack, que ha sido la encargada de llevar a cabo este proyecto.<\/span><\/p>\n<p style=\"text-align: justify;\"><span style=\"font-family: arial, helvetica, sans-serif; font-size: 14pt;\">No es dif\u00edcil intuir que aquella decisi\u00f3n de entrar a formar parte del gobierno de la naci\u00f3n no fue en absoluto sencilla para la CNT, puesto que una parte importante de la organizaci\u00f3n consideraba una traici\u00f3n a sus ideales colaborar con las instituciones del estado. Podr\u00edamos decir que la responsabilidad se impuso a la doctrina. La \u00e9tica de la responsabilidad, que dec\u00eda Max Weber, gan\u00f3 a la \u00e9tica de la convicci\u00f3n. Joan Peir\u00f3 lleg\u00f3 a escribir que \u201csi la Historia no se pone de acuerdo con el anarquismo, que sea el anarquismo el que se ponga de acuerdo con la Historia\u201d. Peir\u00f3 pag\u00f3 primero con la c\u00e1rcel su compromiso con el anarcosindicalismo durante la dictadura de Primo de Rivera, en diversas ocasiones. A\u00f1os despu\u00e9s, y tras su exilio y captura por las autoridades de la Francia ocupada, fue fusilado despu\u00e9s de no aceptar un cargo en el sindicato vertical, y a pesar de los diferentes testimonios a favor suya. Corr\u00eda 1942. Esta decisi\u00f3n de no traicionar sus ideales a\u00fan a sabiendas de que ser\u00eda asesinado es un gesto que muy probablemente hoy en d\u00eda muy pocas personas estar\u00edan dispuestas a protagonizar.<\/span><\/p>\n<p style=\"text-align: justify;\"><span style=\"font-family: arial, helvetica, sans-serif; font-size: 14pt;\">Peir\u00f3, persona autodidacta, fue tambi\u00e9n un te\u00f3rico fundamental del anarcosindicalismo. Me gustar\u00eda prestar especial atenci\u00f3n a sus escritos sobre el nacionalismo y en particular al hecho nacional catal\u00e1n, porque en tiempos de furia como los actuales las reflexiones de alguien que vivi\u00f3 hace ya unas cuantas d\u00e9cadas nos pueden aportar una luz que a menudo nos falta. La velocidad de los acontecimientos nos ciega, indudablemente. Nunca podremos saber qu\u00e9 pensar\u00eda Peir\u00f3 de la situaci\u00f3n actual en su querida Catalu\u00f1a, porque por desgracia ya no se encuentra entre nosotros. No me parece justo ni honesto decir hoy qu\u00e9 hubiera dicho o pensado tal o cual persona respecto de los acontecimientos pol\u00edticos actuales. No podemos saberlo, no le demos m\u00e1s vueltas.<\/span><\/p>\n<p style=\"text-align: justify;\"><span style=\"font-family: arial, helvetica, sans-serif; font-size: 14pt;\">S\u00ed que podemos saber qu\u00e9 pensaba y escrib\u00eda Joan Peir\u00f3 all\u00e1 por los a\u00f1os treinta del siglo pasado. Especialmente interesantes son algunos art\u00edculos de opini\u00f3n y editoriales del diario que lleg\u00f3 a dirigir, Solidaridad Obrera, que est\u00e1 digitalizado y disponible en internet en la web del CEDALL. Quiero compartir algunos fragmentos muy interesantes que son una buena muestra de c\u00f3mo abordaba Peir\u00f3 el hecho nacional catal\u00e1n. En un art\u00edculo titulado \u201cEl nacionalismo y la libertad de los pueblos\u201d, publicado por Solidaridad Obrera el 5 de mayo de 1931, dec\u00eda que \u201cla moci\u00f3n del Pleno de la C.N.T., muy lejos de aceptar el m\u00e1s leve contacto con ninguno de los absolutismos, tiene por objeto evitar el peligro del absolutismo que consecuentemente deriva de todos los separatismos, puesto que jam\u00e1s ning\u00fan ideario nacionalista ha dejado de conjugar con el sentido reaccionario e inhumano de la pol\u00edtica de los pueblos\u201d. Continuaba Peir\u00f3 explicando que \u201cla l\u00ednea divisoria que separa el nacionalismo del federalismo y de la libertad basada en la solidaridad universal entre los pueblos, es el fundamento de la posici\u00f3n de la C.N.T. frente al balbuciente separatismo catal\u00e1n, que, si en apariencia puede significar la libertad nacional de Catalu\u00f1a, por la experiencia hist\u00f3rica de los nacionalismos no representa la m\u00e1s peque\u00f1a garant\u00eda para las permanentes libertades pol\u00edticas, econ\u00f3micas y sociales de los catalanes (\u2026). Como bien expl\u00edcitamente consigna la moci\u00f3n del Pleno de Madrid, la C.N.T. est\u00e1 dispuesta a levantarse y a oponerse por todos los medios lo mismo contra el imperialismo de Espa\u00f1a que contra el separatismo de Catalu\u00f1a\u201d. Unas palabras muy contundentes que no precisan de ning\u00fan comentario adicional. Sabemos que Peir\u00f3 era un firme defensor del federalismo, y que beb\u00eda concretamente de las ideas de Pi i Margall, a qui\u00e9n ley\u00f3 con atenci\u00f3n. Hoy, en determinados c\u00edrculos, sobre todo cercanos a cierto independentismo, hablar de federalismo equivale a mentar a la bicha. El mantra de que \u201cEspa\u00f1a es irreformable\u201d se ha ido expandiendo de tal manera que incluso gentes de izquierdas lo han ido asumiendo con pasmosa facilidad. Una idea, bajo mi punto de vista, de matriz puramente reaccionaria. En el mismo art\u00edculo, Peir\u00f3 escrib\u00eda que \u201cla C.N.T. se apresta a defender, como punto de partida hacia un mundo mejor que el presente, la m\u00e1xima libertad para todos los pueblos hispanos dentro de la solidaria federaci\u00f3n de los mismos. Y al mentar la m\u00e1xima libertad que para todos los pueblos queremos, hemos aceptado el principio de las nacionalidades ib\u00e9ricas, pero sin fronteras, de forma que un castellano, que un gallego, que cualquier individuo de m\u00e1s all\u00e1 del Ebro no sea jam\u00e1s un extranjero en Catalu\u00f1a\u2026\u201d. Nuevamente, las palabras del dirigente anarcosindicalista son muy claras. En otro p\u00e1rrafo, Peir\u00f3 afirmaba lo siguiente: \u201cla diferencia que nos separa de los separatistas que se manifiestan con la divisa de \u201cNosaltres sols\u201d est\u00e1 en que \u00e9stos reclaman la libertad de Catalu\u00f1a en tanto que la C.N.T. la reclama, tal vez m\u00e1s amplia, para todos los pueblos de Espa\u00f1a. Y hay la otra diferencia: mientras aqu\u00e9llos, ego\u00edstas y so\u00f1ando con una fuerza y con una representaci\u00f3n que no tienen, tratan de levantar fronteras, la C.N.T., m\u00e1s generosa y movida de un sentimiento de universalidad, se pronuncia contra las fronteras, que, qui\u00e9rase que no son la negaci\u00f3n de los principios internacionalistas que tanto interesan al proletariado de Catalu\u00f1a y de todo el mundo\u201d. Para concluir, Peir\u00f3 utilizaba esta frase lapidaria: \u201cveo la t\u00e9trica sombra del nacionalismo, que jam\u00e1s ha dejado de conjugar con el sentido reaccionario de la vida pol\u00edtica de los pueblos, y veo a grandes legiones de burgueses que giran alrededor del separatismo y semejan enormes bandadas de buitres en espera de hincar el pico en el proletariado catal\u00e1n. As\u00ed acaban todos los nacionalismos\u201d. En un editorial del mismo diario, publicado el 19 de abril de 1931, se proclamaba lo que sigue: \u201cvuestra Rep\u00fablica federal debe abrazar a los ciudadanos de todas las regiones, y no consentir que los excesos nacionalistas se impongan para declarar como enemigos nuestros a los que viven en la otra orilla del Ebro\u201d. \u00bfLes suena?<\/span><\/p>\n<p style=\"text-align: justify;\"><span style=\"font-family: arial, helvetica, sans-serif; font-size: 14pt;\">Sin duda alguna, puede sorprendernos la falta de complejo de Joan Peir\u00f3 ante el nacionalismo en contraste con las actitudes de determinados sectores de las izquierdas actuales. Sobra decir que nacionalismo y anarquismo son, o deber\u00edan ser, como el agua y el aceite, pero la situaci\u00f3n actual ha llevado a amplios sectores de las izquierdas a abdicar de la imperante necesidad de presentar un proyecto de naci\u00f3n que incluya el federalismo como doctrina fundamental en la organizaci\u00f3n del estado. Peir\u00f3 y los anarquistas de los a\u00f1os treinta lo ten\u00edan meridianamente claro. La pregunta es: \u00bfpor qu\u00e9 cuesta tanto a algunos sectores de las izquierdas hablar claro y trabajar por un proyecto plurinacional solidario, federal y fundamentado en valores tan b\u00e1sicos como la libertad, la igualdad, la fraternidad o el trabajo? Ahora que conmemoramos, un a\u00f1o m\u00e1s, el 14 de abril, convendr\u00eda hacer un repaso a la Constituci\u00f3n Espa\u00f1ola de 1931. Es f\u00e1cil encontrarla googleando. Porque, perm\u00edtanme, seguramente la sopa de ajo ya se invent\u00f3 hace tiempo, y a muchos puede sorprender lo que se recog\u00eda en aquel texto de hace nada m\u00e1s y nada menos que 87 a\u00f1os.<\/span><\/p>\n<p style=\"text-align: justify;\"><span style=\"font-family: arial, helvetica, sans-serif; font-size: 14pt;\">Hace 90 a\u00f1os hab\u00eda en Espa\u00f1a y en Catalu\u00f1a personas que verdaderamente podr\u00edamos considerar \u201cde estado\u201d, dirigentes de altura pol\u00edtica, comprometidos con un proyecto de naci\u00f3n inclusivo, solidario e ilusionante, donde no sobraba nadie. Con toda seguridad hoy los sigue habiendo, a ambos lados del Ebro. Sigue habiendo mujeres y hombres dispuestos a encontrar soluciones y no a provocar problemas, mujeres y hombres con voluntad de acordar en pos de la convivencia. \u00bfPor qu\u00e9 hoy algunos malvados irresponsables se empe\u00f1an en judicializar la pol\u00edtica y dejar que los problemas se pudran? \u00bfPor qu\u00e9 se opta por la represi\u00f3n desmedida e injusta y no por el di\u00e1logo? \u00bfPor qu\u00e9 se banalizan t\u00e9rminos tan duros como rebeli\u00f3n o terrorismo? \u00bfEs ya demasiado tarde para sentarse a hablar? Demasiadas preguntas, muy pocas respuestas.<\/span><\/p>\n<p>\n<a href=\"https:\/\/puntocritico.com\/ausajpuntocritico\/wp-content\/uploads\/2016\/11\/Mosca_Punto_Cr\u00edtico_40.png\" rel=\"lightbox[10860]\"><img loading=\"lazy\" decoding=\"async\" class=\"aligncenter size-full wp-image-48\" src=\"https:\/\/puntocritico.com\/ausajpuntocritico\/wp-content\/uploads\/2016\/11\/Mosca_Punto_Cr\u00edtico_40.png\" alt=\"\" width=\"50\" height=\"50\" \/><\/a><\/p>\n<p>&nbsp;<\/p>\n<h1 style=\"text-align: center;\"><a id=\"ref73\"><\/a><a href=\"#ref73a\">[73]<\/a> Pedro Gonz\u00e1lez-Trevijano: el nexo de uni\u00f3n entre la Universidad Rey Juan Carlos y el PP<\/h1>\n<p><span style=\"font-size: 14pt;\">Por I\u00f1igo Aduriz<\/span><\/p>\n<div><span style=\"color: #339966;\">Art\u00edculo publicado el 14 de abril de 2018 en<\/span><\/div>\n<div><span style=\"color: #339966;\"><a style=\"color: #339966;\" href=\"https:\/\/www.eldiario.es\/sociedad\/Pedro-Gonzalez-Trevijano-Universidad-Carlos-PP_0_760824297.html\" target=\"_blank\" rel=\"noopener\">https:\/\/www.eldiario.es\/sociedad\/Pedro-Gonzalez-Trevijano-Universidad-Carlos-PP_0_760824297.html<\/a><\/span><\/div>\n<p>&nbsp;<\/p>\n<figure id=\"attachment_11085\" aria-describedby=\"caption-attachment-11085\" style=\"width: 643px\" class=\"wp-caption aligncenter\"><a href=\"https:\/\/puntocritico.com\/ausajpuntocritico\/wp-content\/uploads\/2018\/04\/Trevijano-TC-Junta-Electoral-Central_EDIIMA20130607_0541_23.jpg\" rel=\"lightbox[10860]\"><img loading=\"lazy\" decoding=\"async\" class=\"wp-image-11085 size-full\" src=\"https:\/\/puntocritico.com\/ausajpuntocritico\/wp-content\/uploads\/2018\/04\/Trevijano-TC-Junta-Electoral-Central_EDIIMA20130607_0541_23.jpg\" alt=\"\" width=\"643\" height=\"362\" srcset=\"https:\/\/puntocritico.com\/ausajpuntocritico\/wp-content\/uploads\/2018\/04\/Trevijano-TC-Junta-Electoral-Central_EDIIMA20130607_0541_23.jpg 643w, https:\/\/puntocritico.com\/ausajpuntocritico\/wp-content\/uploads\/2018\/04\/Trevijano-TC-Junta-Electoral-Central_EDIIMA20130607_0541_23-300x169.jpg 300w\" sizes=\"auto, (max-width: 643px) 100vw, 643px\" \/><\/a><figcaption id=\"caption-attachment-11085\" class=\"wp-caption-text\"><span style=\"font-size: 10pt; color: #339966;\"><strong>Pedro Gonz\u00e1lez Trevijano <\/strong><\/span><\/figcaption><\/figure>\n<blockquote>\n<p style=\"text-align: justify;\"><span style=\"font-size: 14pt; font-family: arial, helvetica, sans-serif;\">Durante su mandato, el rector Trevijano estuvo envuelto en distintas pol\u00e9micas relacionadas con su renovaci\u00f3n en el cargo o con supuestos gastos irregulares, enfrent\u00e1ndose al catedr\u00e1tico David R\u00edos<\/span><\/p>\n<p style=\"text-align: justify;\"><span style=\"font-size: 14pt; font-family: arial, helvetica, sans-serif;\">Otro de sus rivales internos era Enrique \u00c1lvarez Conde, con quien pact\u00f3 la creaci\u00f3n del pol\u00e9mico instituto en el que Cifuentes hizo su m\u00e1ster<\/span><\/p>\n<p style=\"text-align: justify;\"><span style=\"font-size: 14pt; font-family: arial, helvetica, sans-serif;\">Contactado por eldiario.es, el ahora magistrado del Constitucional no quiere hacer declaraciones aunque fuentes cercanas a \u00e9l aseguran que cuando era rector no tuvo conocimiento de que la presidenta madrile\u00f1a se matriculara en la universidad<\/span><\/p>\n<\/blockquote>\n<p class=\"mce\" style=\"text-align: justify;\"><span style=\"font-family: arial, helvetica, sans-serif; font-size: 14pt;\">Ha quedado fuera de foco en la crisis abierta en la Universidad Rey Juan Carlos (URJC) a ra\u00edz de que salieran a la luz las irregularidades del m\u00e1ster de la presidenta madrile\u00f1a, Cristina Cifuentes. Pero fue durante su mandato como rector cuando pas\u00f3 todo. El actual magistrado del Tribunal Constitucional Pedro Gonz\u00e1lez-Trevijano estuvo al frente de la universidad 11 a\u00f1os, de 2002 a 2013, un periodo en el que la universidad creci\u00f3 \u2013hab\u00eda nacido en 1996\u2013 y consolid\u00f3 su oferta acad\u00e9mica creando adem\u00e1s una extensa red de colaboradores y profesores muy vinculados a la pol\u00edtica y, en concreto, al PP.<\/span><\/p>\n<p class=\"mce\" style=\"text-align: justify;\"><span style=\"font-family: arial, helvetica, sans-serif; font-size: 14pt;\">Licenciado y doctor en Derecho por la Universidad Complutense de Madrid, la vinculaci\u00f3n de Gonz\u00e1lez-Trevijano con los populares se remonta a sus a\u00f1os de estudiante, cuando coincidi\u00f3 con\u00a0<a class=\"mce\" href=\"https:\/\/www.eldiario.es\/politica\/Cifuentes-Universidad-Rey-Juan-Carlos_0_757675063.html\" target=\"_blank\" rel=\"noopener\">Gustavo Villapalos<\/a>, que entonces comenzaba su etapa como joven profesor, que luego se convertir\u00eda en decano y rector de la Complutense y que, finalmente, fue elegido como consejero de Educaci\u00f3n y Cultura por Alberto Ruiz-Gallard\u00f3n. Villapalos, amigo a su vez de la propia Cifuentes, fue el creador de la URJC que, en sus inicios, vivi\u00f3 periodos convulsos \u2013tuvo cuatro rectores en cuatro a\u00f1os\u2013 pero que consigui\u00f3 cierta estabilidad precisamente al llegar Trevijano al poder. No obstante, la pol\u00e9mica le acompa\u00f1\u00f3 durante su mandato.<\/span><\/p>\n<p class=\"mce\" style=\"text-align: justify;\"><span style=\"font-family: arial, helvetica, sans-serif; font-size: 14pt;\">El tambi\u00e9n catedr\u00e1tico de Derecho Constitucional lleg\u00f3 al cargo de rector en mayo de 2002 y lo renov\u00f3 en las elecciones de diciembre de 2005. Los estatutos de la URJC, aprobados en 2003, limitaban a dos el n\u00famero de mandatos. Sin embargo, Trevijano volvi\u00f3 a presentarse a los comicios a rector en 2009. Fue entonces cuando su eterno rival, el catedr\u00e1tico de Estad\u00edstica e Investigaci\u00f3n Operativa David R\u00edos Ins\u00faa, con quien mantendr\u00eda numerosos conflictos,\u00a0<a class=\"mce\" href=\"http:\/\/www.europapress.es\/sociedad\/educacion-00468\/noticia-madrid-candidatos-rector-urjc-impugna-candidatura-gonzalez-trevijano-vulnerar-estatutos-20091113133247.html\" target=\"_blank\" rel=\"noopener\">impugn\u00f3 su candidatura<\/a>. Pero Trevijano argument\u00f3 que el reglamento se hab\u00eda aprobado cuando \u00e9l ya era rector, por lo que no se pod\u00eda aplicar de forma retroactiva, un aspecto que fue avalado por la\u00a0<a class=\"mce\" href=\"https:\/\/www.lainformacion.com\/politica\/candidatos-politicos\/trevijano-podra-continuar-con-su-candidatura-a-rector-de-la-urjc-porque-se-desestima-una-impugnacion-contra-el_MAwseo7wyD4NJ3UsMGPJz1\/\" target=\"_blank\" rel=\"noopener\">Junta Electoral Central<\/a>, que le permiti\u00f3 seguir adelante con su candidatura.<\/span><\/p>\n<p class=\"mce\" style=\"text-align: justify;\"><span style=\"font-family: arial, helvetica, sans-serif; font-size: 14pt;\">El actual rector, Javier Ramos, de la m\u00e1xima confianza de Trevijano, fue precisamente el emisario que el entonces m\u00e1ximo dirigente de la URJC envi\u00f3 a R\u00edos para que retirase esa demanda que hab\u00eda presentado contra \u00e9l. \u00abT\u00fa me quitas el contencioso porque me he presentado a la tercera reelecci\u00f3n como rector y yo a cambio, \u00bfqu\u00e9 quieres?, dinero, profesores, departamentos, espacios&#8230;\u00bb, le transmiti\u00f3 Ramos a R\u00edos. La comprometida conversaci\u00f3n fue grabada y\u00a0<a class=\"mce\" href=\"https:\/\/www.eldiario.es\/politica\/Grabaciones-implican-magistrado-Tribunal-Constitucional_0_607189711.html\" target=\"_blank\" rel=\"noopener\">este es el audio, que desvel\u00f3 eldiario.es<\/a>.<\/span><\/p>\n<p class=\"mce\" style=\"text-align: justify;\"><span style=\"font-family: arial, helvetica, sans-serif; font-size: 14pt;\">Posteriormente Trevijano\u00a0<a class=\"mce\" href=\"https:\/\/www.eldiario.es\/politica\/Trevijano_0_142436396.html\" target=\"_blank\" rel=\"noopener\">se querell\u00f3 por injurias contra R\u00edos<\/a>, a ra\u00edz de unos comentarios an\u00f3nimos vertidos en su p\u00e1gina web, en los que se aseguraba que el actual magistrado y miembros de su equipo directivo se quedaban con comisiones de contratas de la universidad. A ra\u00edz de esa querella, un juez abri\u00f3 diligencias previas en las que solicit\u00f3 a la instituci\u00f3n educativa un \u00ablistado desglosado de datos y sus correspondientes justificaciones\u00bb de una serie de partidas de \u00abgastos diversos\u00bb que ascendieron a m\u00e1s de 400.000 euros para poder determinar si el comentario hab\u00eda incurrido efectivamente en un delito de injurias. La universidad public\u00f3 entonces una\u00a0<a class=\"mce\" href=\"https:\/\/www.urjc.es\/todas-las-noticias-de-actualidad\/535-nota-aclaratoria-de-la-universidad-rey-juan-carlos\" target=\"_blank\" rel=\"noopener\">nota aclaratoria desglosando esos gastos<\/a>.<\/span><\/p>\n<p class=\"mce\" style=\"text-align: justify;\"><span style=\"font-family: arial, helvetica, sans-serif; font-size: 14pt;\">Fernando Su\u00e1rez, catedr\u00e1tico de Historia del Derecho y de las Instituciones que fue vicerrector y mano derecha de Trevijano, y que le suceder\u00eda en el cargo en 2013, tambi\u00e9n tuvo un papel central en esa guerra entre Trevijano y R\u00edos. El director del departamento de Estad\u00edstica, Antonio Alonso, denunci\u00f3 a Su\u00e1rez por haberle amenazado en 2009 con quitarle carga docente y despedir a profesores si su departamento no retiraba el apoyo a David R\u00edos y se situaba a favor de la candidatura de Trevijano. Posteriormente, en 2016, Su\u00e1rez se vio envuelto en un pol\u00e9mico\u00a0<a class=\"mce\" href=\"https:\/\/www.eldiario.es\/sociedad\/Universidad-Rey-Juan-Carlos-Barcelona_0_580592677.html\" target=\"_blank\" rel=\"noopener\">\u00a0caso de plagio<\/a>que le oblig\u00f3 a adelantar las elecciones a rector que gan\u00f3 el actual dirigente y persona de su confianza Javier Ramos.<\/span><\/p>\n<p class=\"mce\" style=\"text-align: justify;\"><span style=\"font-family: arial, helvetica, sans-serif; font-size: 14pt;\">Asimismo,\u00a0<a class=\"mce\" href=\"https:\/\/www.eldiario.es\/politica\/director-master-Cifuentes-catedratico-politicos_0_758025063.html\" target=\"_blank\" rel=\"noopener\">Enrique \u00c1lvarez Conde<\/a>, el gran responsable acad\u00e9mico del esc\u00e1ndalo del m\u00e1ster, era uno de los rivales internos de Trevijano dentro de la URJC. Con este catedr\u00e1tico, al igual que con otros, el entonces rector pact\u00f3 un acuerdo de paz muy similar al que Ramos verbaliz\u00f3 en la antes citada grabaci\u00f3n: paz a cambio de profesores, presupuesto, recursos&#8230; Una de las consecuencias de esa paz entre ambos acad\u00e9micos y sus respectivos partidarios fue la puesta en marcha del Instituto de Derecho P\u00fablico donde Cifuentes curs\u00f3 su m\u00e1ster. \u201cLe dej\u00f3 hacer y deshacer\u201d, explica un profesor consultado por este diario sobre el papel de \u00c1lvarez Conde en el pol\u00e9mico instituto. Esta pol\u00edtica clientelar de Gonz\u00e1lez Trevijano dentro de la universidad explica tambi\u00e9n la abundancia de contratos ilegales de profesores visitantes o la enorme cantidad de familiares de otros docentes en la URJC.<\/span><\/p>\n<p class=\"mce\" style=\"text-align: justify;\"><span style=\"font-family: arial, helvetica, sans-serif; font-size: 14pt;\">En la etapa de Trevijano entraron en la universidad\u00a0<a class=\"mce\" href=\"https:\/\/www.eldiario.es\/politica\/director-master-Cifuentes-catedratico-politicos_0_758025063.html\" target=\"_blank\" rel=\"noopener\">contactos pol\u00edticos<\/a>\u00a0e incluso a familiares de cargos del PP. Entre ellos se encuentran Isabel Ruiz-Gallard\u00f3n Garc\u00eda de la Rasilla, prima del exministro y presidente de la Comunidad de Madrid cuando se cre\u00f3 la universidad; Margarita Cifuentes Cuencas, hermana de la actual presidenta regional; Isabel Mayor Bastida, sobrina del exministro Jaime Mayor Oreja; o Mar\u00eda del Mar Alarc\u00f3n, cu\u00f1ada del exn\u00famero dos de Esperanza Aguirre, Francisco Granados.<\/span><\/p>\n<p class=\"mce\" style=\"text-align: justify;\"><span style=\"font-family: arial, helvetica, sans-serif; font-size: 14pt;\">Varias fuentes aseguran, adem\u00e1s, que fue Trevijano quien recomend\u00f3 ante Cristina Cifuentes a Rafael van Grieken como consejero de Educaci\u00f3n. Van Grieken tambi\u00e9n es catedr\u00e1tico de la URJC y es alguien de la confianza de Trevijano desde sus a\u00f1os como rector. Bajo su mandato, Van Grieken fue vicerrector de Investigaci\u00f3n de la URJC. Desde ah\u00ed, Trevijano lo promocion\u00f3 con la llegada del PP a un puesto relevante: la direcci\u00f3n de la ANECA, el organismo que valida los t\u00edtulos oficiales del Ministerio de Educaci\u00f3n, como el que obtuvo Cristina Cifuentes. M\u00e1s tarde, con la llegada de Cifuentes a la presidencia de Madrid, Rafael van Grieken se convirti\u00f3 en el consejero de Educaci\u00f3n de la Comunidad de Madrid.<\/span><\/p>\n<p class=\"mce\" style=\"text-align: justify;\"><span style=\"font-family: arial, helvetica, sans-serif; font-size: 14pt;\">La mujer de Trevijano, Mar\u00eda Teresa Mart\u00edn del Peso, tambi\u00e9n trabaja en la URJC como personal administrativo. Es amiga de Cristina Cifuentes y de Mayte Feito, la persona que la presidenta de Madrid envi\u00f3 al rectorado el d\u00eda en que eldiario.es public\u00f3 su primera exclusiva, el d\u00eda en que se fabric\u00f3 el acta falsa que Cifuentes us\u00f3 para defenderse y, posteriormente, pedir c\u00e1rcel contra dos periodistas de eldiario.es. Del Peso tambi\u00e9n tiene relaci\u00f3n con Amalia Calonge, la funcionaria que cambi\u00f3 las notas de Cifuentes. Adem\u00e1s de la mujer de Trevijano,\u00a0<a class=\"mce\" href=\"http:\/\/cadenaser.com\/ser\/2018\/04\/09\/sociedad\/1523232085_794281.html\" target=\"_blank\" rel=\"noopener\">como desvel\u00f3 la Cadena Ser<\/a>, tambi\u00e9n trabaja en la universidad Mar\u00eda Teresa Martialay, esposa del exrector Fernando Su\u00e1rez. Y dos hijos de otro rector, de Rogelio P\u00e9rez Bustamante. Asimismo, est\u00e1 contratado Mariano S\u00e1nchez Magdaleno, el hermano de Mar\u00eda Teresa S\u00e1nchez Magdaleno, la todopoderosa gerente general de la universidad hasta su cese, en febrero.<\/span><\/p>\n<p class=\"mce\" style=\"text-align: justify;\"><span style=\"font-family: arial, helvetica, sans-serif; font-size: 14pt;\">Docentes de la URJC consultados por este diario mencionan el trato \u201cexquisito\u201d que mantuvieron con Trevijano durante su mandato. Es el caso de la catedr\u00e1tica de comunicaci\u00f3n audiovisual y expresidenta de RTVE Carmen Caffarel, o el de Manuel Villoria, catedr\u00e1tico de Ciencia Pol\u00edtica, que explica que \u201csiempre se port\u00f3 muy bien\u201d con \u00e9l y que tuvieron una relaci\u00f3n \u201ccordial\u201d.<\/span><\/p>\n<p class=\"mce\" style=\"text-align: justify;\"><span style=\"font-family: arial, helvetica, sans-serif; font-size: 14pt;\">Otros profesores que prefieren mantener su anonimato explican que Trevijano \u201cblind\u00f3\u201d la universidad \u201cllevando a gente influyente de distintos \u00e1mbitos\u201d y vinculada a partidos pol\u00edticos o sindicatos \u201ctanto de izquierda como derecha\u201d, de forma que \u201ctodos estuvieran contentos\u201d y \u00e9l pudiera ejercer el rectorado libremente y garantiz\u00e1ndose que siempre se har\u00eda lo que \u00e9l quisiera. Esto explicar\u00eda que, ante la pol\u00e9mica que ha generado el m\u00e1ster de Cristina Cifuentes, ning\u00fan gran sindicato de la universidad se haya a\u00fan pronunciado para denunciar las irregularidades, con la excepci\u00f3n de\u00a0<a class=\"mce\" href=\"http:\/\/somosindicalistasurjc.blogspot.com.es\/?m=1\" target=\"_blank\" rel=\"noopener\">Somos Sindicalistas URJC<\/a>.<\/span><\/p>\n<p class=\"mce\" style=\"text-align: justify;\"><span style=\"font-family: arial, helvetica, sans-serif; font-size: 14pt;\">Su relaci\u00f3n con el poder no se circunscribe, por tanto, \u00fanicamente al PP, que en 2013 le hizo magistrado del Tribunal Constitucional. \u201cEs muy ambicioso y mientras era rector siempre quiso que le nombraran o bien ministro o magistrado del Constitucional, lo que finalmente consigui\u00f3. Pero a pesar de su cercan\u00eda al PP supo mantener ciertos espacios de colaboraci\u00f3n con personas de otros partidos\u201d, se\u00f1ala otro profesor. Trevijano no es un magistrado m\u00e1s dentro del Alto Tribunal. Su nombre ha sonado en numerosas ocasiones como futuro presidente del TC. Fuentes del PP lo consideran una persona clave para el partido en este tribunal. Y es uno de los magistrados con m\u00e1s capacidad para llegar a acuerdos amplios con el resto de los magistrados conservadores y tambi\u00e9n con los progresistas. De hecho, form\u00f3 parte de la Comisi\u00f3n de Expertos creada por el Gobierno de Jos\u00e9 Luis Rodr\u00edguez Zapatero para el futuro del Valle de los Ca\u00eddos, siendo, no obstante, contrario al traslado de los restos de Franco que s\u00ed respaldaron los expertos progresistas.<\/span><\/p>\n<p class=\"mce\" style=\"text-align: justify;\"><span style=\"font-family: arial, helvetica, sans-serif; font-size: 14pt;\">Sus contactos llegan incluso a las m\u00e1s altas esferas del Estado por su participaci\u00f3n como subdirector del Centro de Estudios Pol\u00edticos y Constitucionales en la etapa de Carmen Iglesias como directora. Como explican trabajadores de la URJC que han conocido de cerca a Trevijano, \u00e9ste manten\u00eda una relaci\u00f3n de amistad con Iglesias, con quien hab\u00eda coincidido en la Complutense. Y fue ella quien le puso en contacto tanto con el rey em\u00e9rito, Juan Carlos de Borb\u00f3n, como con el actual Felipe VI, de quien fue profesora de Historia. Seg\u00fan explican, esa relaci\u00f3n con el monarca est\u00e1 en el origen del \u201cpoder\u201d de Trevijano tanto en su etapa en la universidad como ahora en el Tribunal Constitucional. Un docente explica que el exrector \u201cse sirvi\u00f3 para su objetivo de llegar al TC de varios art\u00edculos en el ABC, en los que se dedicaba a halagar al Rey Juan Carlos\u201d.<\/span><\/p>\n<p class=\"mce\" style=\"text-align: justify;\"><span style=\"font-family: arial, helvetica, sans-serif; font-size: 14pt;\">Distintas fuentes explican que, durante el mandato de Trevijano, Fernando Su\u00e1rez era el \u201cejecutor\u201d de sus \u00f3rdenes. \u201cEra quien dirig\u00eda la universidad por detr\u00e1s mientras Trevijano se dedicaba m\u00e1s a las relaciones p\u00fablicas y a la pol\u00edtica\u201d, apunta un docente. Trabajadores de la URJC explican que \u201cmientras que Gonz\u00e1lez-Trevijano se codeaba tranquilamente con los reyes o con la alta pol\u00edtica, Su\u00e1rez es un hombre m\u00e1s gris, m\u00e1s de despacho\u201d. Se\u00f1alan, a su vez, que el actual rector, Javier Ramos, era alguien de su m\u00e1xima confianza.<\/span><\/p>\n<p class=\"mce\" style=\"text-align: justify;\"><span style=\"font-family: arial, helvetica, sans-serif; font-size: 14pt;\">Este diario se ha puesto en contacto con Trevijano para conocer su opini\u00f3n sobre el caso del m\u00e1ster de Cifuentes, contrastar todas las afirmaciones realizadas por sus excolaboradores contenidas en este art\u00edculo y preguntarle sobre los cargos y contrataciones aqu\u00ed mencionadas. Pero el actual magistrado ha rechazado realizar cualquier tipo de declaraci\u00f3n. Fuentes cercanas al exrector de la URJC han apuntado, en todo caso, que \u201csin prejuzgar el fondo del asunto\u201d relacionado con la presidenta madrile\u00f1a, \u00e9l, como rector, \u201cno ten\u00eda conocimiento\u201d de que se hubiera matriculado en ese m\u00e1ster ni Cifuentes ni ninguna otra persona.<\/span><a href=\"https:\/\/puntocritico.com\/ausajpuntocritico\/wp-content\/uploads\/2016\/11\/Mosca_Punto_Cr\u00edtico_40.png\" rel=\"lightbox[10860]\"><img loading=\"lazy\" decoding=\"async\" class=\"aligncenter size-full wp-image-48\" src=\"https:\/\/puntocritico.com\/ausajpuntocritico\/wp-content\/uploads\/2016\/11\/Mosca_Punto_Cr\u00edtico_40.png\" alt=\"\" width=\"50\" height=\"50\" \/><\/a><\/p>\n<h1 style=\"text-align: center;\"><a id=\"ref74\"><\/a><a href=\"#ref74a\">[74]<\/a> El pecado de no ser impecable<\/h1>\n<p><span style=\"font-size: 14pt;\">Por Elisa Beni<\/span><\/p>\n<div><span style=\"color: #339966;\">Art\u00edculo publicado el 14 de abril de 2018 en<\/span><\/div>\n<div><span style=\"color: #339966;\"><a style=\"color: #339966;\" href=\"https:\/\/www.eldiario.es\/zonacritica\/pecado-impecable_6_760883919.html\" target=\"_blank\" rel=\"noopener\">https:\/\/www.eldiario.es\/zonacritica\/pecado-impecable_6_760883919.html<\/a><\/span><\/div>\n<div>\u00a0<\/div>\n<div>\n<figure id=\"attachment_11086\" aria-describedby=\"caption-attachment-11086\" style=\"width: 643px\" class=\"wp-caption aligncenter\"><a href=\"https:\/\/puntocritico.com\/ausajpuntocritico\/wp-content\/uploads\/2018\/04\/Tribunal-Supremo-Pablo-Llarena-Oviedo_EDIIMA20180324_0124_26.jpg\" rel=\"lightbox[10860]\"><img loading=\"lazy\" decoding=\"async\" class=\"wp-image-11086 size-full\" src=\"https:\/\/puntocritico.com\/ausajpuntocritico\/wp-content\/uploads\/2018\/04\/Tribunal-Supremo-Pablo-Llarena-Oviedo_EDIIMA20180324_0124_26.jpg\" alt=\"\" width=\"643\" height=\"362\" srcset=\"https:\/\/puntocritico.com\/ausajpuntocritico\/wp-content\/uploads\/2018\/04\/Tribunal-Supremo-Pablo-Llarena-Oviedo_EDIIMA20180324_0124_26.jpg 643w, https:\/\/puntocritico.com\/ausajpuntocritico\/wp-content\/uploads\/2018\/04\/Tribunal-Supremo-Pablo-Llarena-Oviedo_EDIIMA20180324_0124_26-300x169.jpg 300w\" sizes=\"auto, (max-width: 643px) 100vw, 643px\" \/><\/a><figcaption id=\"caption-attachment-11086\" class=\"wp-caption-text\"><span style=\"font-size: 10pt; color: #339966;\"><strong>El juez del Tribunal Supremo Pablo Llarena JOS\u00c9 LUIS CEREIJIDO \/ EFE <\/strong><\/span><\/figcaption><\/figure>\n<\/div>\n<div>\u00a0<\/div>\n<blockquote>\n<p style=\"text-align: justify;\"><span style=\"font-size: 14pt; font-family: arial, helvetica, sans-serif;\">Muchos preguntar\u00e1n: \u00bfes posible que un magistrado del Tribunal Supremo sea, al menos en apariencia, tan poco aseado instruyendo?<\/span><\/p>\n<p style=\"text-align: justify;\"><span style=\"font-size: 14pt; font-family: arial, helvetica, sans-serif;\">Posible es, porque est\u00e1 pasando, pero ninguna instancia en este pa\u00eds va a atender las quejas por este atropello<\/span><\/p>\n<\/blockquote>\n<p class=\"mce\" style=\"text-align: justify;\"><span style=\"font-size: 14pt; font-family: arial, helvetica, sans-serif;\">Anuncia el Parlament una querella por prevaricaci\u00f3n contra el instructor Llarena por no permitir a Jordi S\u00e1nchez ejercer unos derechos que no tiene limitados, entre ellos el de ser candidato a una investidura. No es una buena idea. No digo que no haya motivos para interponerla, esos y otros, sino simplemente que como estrategia pol\u00edtica no me parece inteligente. Tal querella no tiene ning\u00fan recorrido. Si alguien piensa a estas alturas que Llarena es efectivamente el llanero solitario es que no entiende nada de nada. Ning\u00fan juez en sus cabales dar\u00eda los volatines que est\u00e1 dando el instructor sin saber que dispone de red. Llarena tiene red y esa red la tejen los mismos hilos que estar\u00edan llamados a aceptar una querella contra \u00e9l. La querella ser\u00e1 rechazada y el Parlament habr\u00e1 logrado dar munici\u00f3n a los que quieren acribillarle.<\/span><\/p>\n<p class=\"mce\" style=\"text-align: justify;\"><span style=\"font-size: 14pt; font-family: arial, helvetica, sans-serif;\">No es el momento de interponer querellas, aunque hierva la sangre. Tampoco las que se preparan desde la sociedad civil o algunas organizaciones. No son querellas son entelequias. Nada que hacer dentro de nuestro sistema y eso es lo grave y eso es lo que precisa denuncia.<\/span><\/p>\n<p class=\"mce\" style=\"text-align: justify;\"><span style=\"font-size: 14pt; font-family: arial, helvetica, sans-serif;\">Tienen que entender que todo est\u00e1 viciado de origen. Quiz\u00e1 sea hora de recapitular para nota, ahora que est\u00e1n de moda las evaluaciones. Todo el procedimiento que se est\u00e1 siguiendo en la represi\u00f3n judicial de los independentistas catalanes es muy an\u00f3malo desde el principio. Ver\u00e1n, no son \u201cformas\u201d ni cosas menores. El derecho procesal es la aplicaci\u00f3n pr\u00e1ctica del derecho constitucional. Cada f\u00f3rmula, cada requisito, cada paso est\u00e1 en realidad protegiendo un derecho o creando una salvaguarda. Salt\u00e1rselos, invent\u00e1rselos, crear un proceso nuevo es violentar tales derechos y eso es exactamente lo que est\u00e1 sucediendo.<\/span><\/p>\n<p class=\"mce\" style=\"text-align: justify;\"><span style=\"font-size: 14pt; font-family: arial, helvetica, sans-serif;\">Les dec\u00eda que lo que empieza mal no puede acabar bien. Si recuerdan, el difunto fiscal general Maza estuvo anunciando que se querellar\u00eda contra los miembros del entonces Govern desde al menos una semana antes, que ya es curioso que te avisen de que van a por ti y c\u00f3mo. No obstante, la querella no se present\u00f3 hasta el lunes siguiente a la aplicaci\u00f3n del art\u00edculo 155 de la Constituci\u00f3n y el anuncio de las elecciones. El motivo evidente era que, ya que se iba a soslayar la intervenci\u00f3n de los jueces predeterminados, los catalanes, era m\u00e1s f\u00e1cil que colara una vez perdido el aforamiento de los querellados ante el Tribunal Superior de Justicia de Catalu\u00f1a. As\u00ed que se presenta la querella precisamente donde se quiere: en la Audiencia Nacional -que se hab\u00eda declarado con anterioridad no competente para tales delitos- y en el Tribunal Supremo. El motivo no es otro que acercar la investigaci\u00f3n de estos hechos a los \u00f3rganos que siempre hemos denunciado que est\u00e1n m\u00e1s expuestos a las presiones del poder y a la sensibilidad de la Raz\u00f3n de Estado y muchos de cuyos miembros han sido designados directamente por \u00e9l. Miren qu\u00e9 curioso, a los magistrados del Tribunal Supremo los designan los vocales politizados del CGPJ, a los fiscales de la Audiencia Nacional los nombra el Gobierno en BOE, a los presidentes de Sala de tal tribunal tambi\u00e9n. Las cosas de comer no se le dejan nunca a la jurisdicci\u00f3n ordinaria en la que reside la verdadera independencia del Poder Judicial de este pa\u00eds. Al menos, siempre se intenta.<\/span><\/p>\n<p class=\"mce\" style=\"text-align: justify;\"><span style=\"font-size: 14pt; font-family: arial, helvetica, sans-serif;\">Nos invitan muchos juristas de bien a callar y a aceptar de forma acr\u00edtica los pasos del instructor porque, dicen, no conocemos lo que hay en el procedimiento. S\u00ed conocemos los an\u00f3malos y extra\u00f1os pasos procesales que se est\u00e1n siguiendo y que afectan a los derechos de los procesados. Esto en un caso que deber\u00eda aparecer impecable, impoluto, resistente a cualquier an\u00e1lisis. Y ya no se trata s\u00f3lo de la creaci\u00f3n de secciones ampliadas para revisar los recursos de prisi\u00f3n y neutralizar a los que abogaban por la libertad. Todo es susceptible de empeorar.<\/span><\/p>\n<p class=\"mce\" style=\"text-align: justify;\"><span style=\"font-size: 14pt; font-family: arial, helvetica, sans-serif;\">El magistrado rompe la apariencia de imparcialidad cuando en el auto de procesamiento se convierte en parte de los agraviados. \u201cY aqu\u00ed termina el relato de la estrategia que VENIMOS SUFRIENDO\u201d, p\u00e1gina 54 del auto que fue traducida al alem\u00e1n salt\u00e1ndose ese peque\u00f1o detalle. El avance de la instrucci\u00f3n nos desvela un procedimiento que podr\u00eda contener vulneraciones del derecho al juez imparcial, a un procedimiento con las debidas garant\u00edas, vulneraciones del derecho a la defensa y a la tutela judicial efectiva. Ah\u00ed es nada.<\/span><\/p>\n<p class=\"mce\" style=\"text-align: justify;\"><span style=\"font-size: 14pt; font-family: arial, helvetica, sans-serif;\">Unos ejemplos: Llarena ha pedido ahora a los expatriados que se personen en la causa. Ahora, despu\u00e9s de hab\u00e9rselo negado durante todo este tiempo. No es casual. Lo hace porque si no est\u00e1n personados no pueden recurrir el auto de procesamiento y sin eso \u00e9ste no devendr\u00eda firme. Lo hace porque es preciso que sea firme y que est\u00e9n en prisi\u00f3n para poder suspenderles de sus derechos pol\u00edticos. Por contra se ha prohibido durante meses a los abogados de los investigados asistir a las declaraciones, el acceso a las actuaciones o plantear cuestiones al tribunal, pero no se les ha declarado rebeldes. As\u00ed que no se les considera presentes pero tampoco rebeldes y no hay otras situaciones legales posibles excepto el limbo en el que han estado hasta que ha interesado pretender que se personen.\u00a0<\/span><\/p>\n<p class=\"mce\" style=\"text-align: justify;\"><span style=\"font-size: 14pt; font-family: arial, helvetica, sans-serif;\">No debe ser tan normal cuando la Audiencia Nacional minti\u00f3 al responder a las preguntas de los belgas a la OEDE y contest\u00f3: \u201cLos reclamados de entrega y sus abogados tienen acceso directo al expediente y adem\u00e1s intervienen directamente en la pr\u00e1ctica de todas las diligencias de investigaci\u00f3n\u201d. No es cierto. Tan poco cierto como que la malversaci\u00f3n sea corrupci\u00f3n, a pesar de que se haya marcado por dos veces tal casilla.\u00a0 Esas OEDE\u00b4s con freno y marcha atr\u00e1s, como de Jardiel Poncela.<\/span><\/p>\n<p class=\"mce\" style=\"text-align: justify;\"><span style=\"font-size: 14pt; font-family: arial, helvetica, sans-serif;\">Y as\u00ed todo. Se ha tramitado el procedimiento como unas diligencias previas -por las notificaciones sin procurador, por la forma de los recursos- pero llegado a t\u00e9rmino no se inco\u00f3 un sumario mediante auto y se pas\u00f3 directamente al procesamiento. Son s\u00f3lo ejemplos, insisto, porque hay mucho m\u00e1s.<\/span><\/p>\n<p class=\"mce\" style=\"text-align: justify;\"><span style=\"font-size: 14pt; font-family: arial, helvetica, sans-serif;\">Muchos preguntar\u00e1n: \u00bfes posible que un magistrado del Tribunal Supremo sea, al menos en apariencia, tan poco aseado instruyendo? Posible es, porque est\u00e1 pasando, pero ninguna instancia en este pa\u00eds va a atender las quejas por este atropello.<\/span><\/p>\n<p class=\"mce\" style=\"text-align: justify;\"><span style=\"font-size: 14pt; font-family: arial, helvetica, sans-serif;\">Por eso las querellas no son una buena idea como no suele serlo darse cabezazos contra las piedras. Luego te saltan los sesos y los de enfrente te llaman descerebrado.<\/span><\/p>\n<p class=\"mce\" style=\"text-align: justify;\"><span style=\"font-size: 14pt; font-family: arial, helvetica, sans-serif;\">Pero el pecado existe y abril, recuerden, siempre ha sido el mes m\u00e1s cruel.<\/span><\/p>\n<p><a href=\"https:\/\/puntocritico.com\/ausajpuntocritico\/wp-content\/uploads\/2016\/11\/Mosca_Punto_Cr\u00edtico_40.png\" rel=\"lightbox[10860]\"><br \/>\n<img loading=\"lazy\" decoding=\"async\" class=\"aligncenter size-full wp-image-48\" src=\"https:\/\/puntocritico.com\/ausajpuntocritico\/wp-content\/uploads\/2016\/11\/Mosca_Punto_Cr\u00edtico_40.png\" alt=\"\" width=\"50\" height=\"50\" \/><\/a><\/p>\n<h1 style=\"text-align: center;\"><a id=\"ref75\"><\/a><a href=\"#ref75a\">[74]<\/a> La incalculable fortuna de Juan Carlos, rey: de la cuenta \u2018Soleado\u2019 a los negocios con Corinna<\/h1>\n<p><span style=\"font-size: 14pt;\">Por PATRICIA L\u00d3PEZ\/ CARLOS ENRIQUE BAYO<\/span><\/p>\n<div><span style=\"color: #339966;\">Art\u00edculo publicado el 13 de abril de 2018 en<\/span><\/div>\n<div><span style=\"color: #339966;\"><a style=\"color: #339966;\" href=\"http:\/\/temas.publico.es\/14-abril-republica\/2018\/04\/13\/el-desconocido-patrimonio-de-los-borbones-la-cuenta-soleado\/\" target=\"_blank\" rel=\"noopener\">http:\/\/temas.publico.es\/14-abril-republica\/2018\/04\/13\/el-desconocido-patrimonio-de-los-borbones-la-cuenta-soleado\/<\/a><\/span><\/div>\n<div>\u00a0<\/div>\n<div><a href=\"https:\/\/puntocritico.com\/ausajpuntocritico\/wp-content\/uploads\/2018\/04\/reyes-1-1140x400.jpg\" rel=\"lightbox[10860]\"><img loading=\"lazy\" decoding=\"async\" class=\"aligncenter wp-image-11087\" src=\"https:\/\/puntocritico.com\/ausajpuntocritico\/wp-content\/uploads\/2018\/04\/reyes-1-1140x400.jpg\" alt=\"\" width=\"678\" height=\"238\" srcset=\"https:\/\/puntocritico.com\/ausajpuntocritico\/wp-content\/uploads\/2018\/04\/reyes-1-1140x400.jpg 1140w, https:\/\/puntocritico.com\/ausajpuntocritico\/wp-content\/uploads\/2018\/04\/reyes-1-1140x400-300x105.jpg 300w, https:\/\/puntocritico.com\/ausajpuntocritico\/wp-content\/uploads\/2018\/04\/reyes-1-1140x400-768x269.jpg 768w, https:\/\/puntocritico.com\/ausajpuntocritico\/wp-content\/uploads\/2018\/04\/reyes-1-1140x400-1024x359.jpg 1024w\" sizes=\"auto, (max-width: 678px) 100vw, 678px\" \/><\/a><\/div>\n<blockquote>\n<p style=\"text-align: justify;\"><span style=\"font-size: 14pt; font-family: arial, helvetica, sans-serif;\">Cuando todav\u00eda era pr\u00edncipe, con Franco como \u2018caudillo\u2019 del Estado, se firm\u00f3 el acuerdo por el que cobrar\u00eda de cada barril de petr\u00f3leo que Espa\u00f1a comprara a Arabia Saud\u00ed. Al menos as\u00ed lo han denunciado varios economistas. Su nombre tambi\u00e9n ha aparecido en operaciones policiales vinculadas a negocios con la trama G\u00fcrtel; por la cuenta Soleado; con el caso Malaya; con urbanizaciones en Rep\u00fablica Dominicana; y con las comisiones millonarias que comparti\u00f3 con Corinna Zu Sayn-Wittgenstein.<\/span><\/p>\n<\/blockquote>\n<p style=\"text-align: justify;\"><span style=\"font-size: 14pt; font-family: arial, helvetica, sans-serif;\">Es un secreto a voces pero la magnitud es\u00a0<strong>inestimable<\/strong>. Los negocios internacionales del rey Juan Carlos I le han permitido acumular una gran fortuna desde sus primeros pasos como pr\u00edncipe. Sin embargo, este patrimonio no se refleja en ninguna de las cuentas oficiales del Estado y es pr\u00e1cticamente imposible conocer, a ciencia cierta, cu\u00e1nto dinero acumulan los Borbones y, en concreto, el rey em\u00e9rito. La \u00faltima cantidad atribuida a Juan Carlos I se aproxim\u00f3 a\u00a0<strong>2.000 millones<\/strong>, seg\u00fan la revista\u00a0<em>Forbes<\/em>.<\/span><\/p>\n<p style=\"text-align: justify;\"><span style=\"font-size: 14pt; font-family: arial, helvetica, sans-serif;\">A pesar de este desconocimiento, s\u00ed que se han ido conociendo con el paso de los a\u00f1os algunos de los negocios privados del monarca em\u00e9rito. As\u00ed, en 1977, el rey Juan Carlos I recibi\u00f3 del todav\u00eda pr\u00edncipe saud\u00ed\u00a0<strong>Fahd bin Abdulaziz<\/strong>\u00a0el montante de 100 millones de d\u00f3lares a inter\u00e9s cero con el supuesto objetivo de \u201cfortalecer la democracia\u201d en Espa\u00f1a. No obstante, hay quien asegura, como los periodistas Gregorio Mor\u00e1n y Jos\u00e9 Garc\u00eda Abad, que de esa multimillonario cifra solo llegaron unos centavos a la Moncloa de Adolfo Su\u00e1rez. Adem\u00e1s, es todav\u00eda una inc\u00f3gnita si la Monarqu\u00eda espa\u00f1ola devolvi\u00f3 ese pr\u00e9stamo.<\/span><\/p>\n<p style=\"text-align: justify;\"><span style=\"font-size: 14pt; font-family: arial, helvetica, sans-serif;\">La clave de los negocios del primer Borb\u00f3n que rein\u00f3 en Espa\u00f1a tras la II Rep\u00fablica es el<strong>\u00a0petr\u00f3leo<\/strong>. El economista neoliberal\u00a0<strong>Roberto Centeno<\/strong>, exconsejero delegado de Campsa, asegura que, una vez asentada la democracia, las comisiones especiales ingresadas por la compra de cada barril de petr\u00f3leo que adquir\u00eda Espa\u00f1a iba destinada a llenar las arcas personales del monarca Juan Carlos I, que en pocos a\u00f1os entr\u00f3 en las listas de potentados de la revista Forbes. Sin embargo, su nombre sali\u00f3 de la lista de los m\u00e1s ricos, seguramente a ra\u00edz de gestiones\u00a0<em>diplom\u00e1ticas<\/em>.<\/span><\/p>\n<h2 style=\"text-align: justify;\"><span style=\"font-size: 14pt; font-family: arial, helvetica, sans-serif;\">\u201cEntre 1 y 2 d\u00f3lares por cada barril de petr\u00f3leo\u201d<\/span><\/h2>\n<p style=\"text-align: justify;\"><span style=\"font-size: 14pt; font-family: arial, helvetica, sans-serif;\">Para entonces, Juan Carlos I ya ten\u00eda por valido a\u00a0<strong>Manuel Prado y Col\u00f3n de Carvajal<\/strong>, con el que cobraba entre\u00a0<strong>\u201cuno o dos d\u00f3lares\u201d<\/strong>\u00a0por barril de petr\u00f3leo que compraba el erario p\u00fablico de Espa\u00f1a en los pa\u00edses \u00e1rabes. Centeno intent\u00f3 hacer c\u00e1lculos sobre cu\u00e1nto se llevaban el rey y su testaferro en un programa de radio hace unos a\u00f1os:<\/span><\/p>\n<p style=\"text-align: justify;\"><span style=\"font-size: 14pt; font-family: arial, helvetica, sans-serif;\">\u201cLa cifra no la recuerdo exactamente, pero hab\u00eda un\u00a0<strong>sobrecoste<\/strong>. Es decir, entre comprarlo directamente, que est\u00e1bamos hablando de treinta y tantos d\u00f3lares [por barril] de aquellos a\u00f1os (si le ponemos la inflaci\u00f3n ahora no s\u00e9 cu\u00e1nto saldr\u00eda, desde luego el doble o el triple)\u2026 Pero, en fin, hab\u00eda comisiones que pod\u00edan oscilar entre\u00a0<strong>1 y 2 d\u00f3lares por barril<\/strong>\u00a0y eso es una barbaridad por la cantidad de barriles de petr\u00f3leo que caben en un superpetrolero: un petrolero de 200.000 toneladas lleva entre 1.400.000 y 1.600.000 barriles. Entonces, estamos hablando de que un petrolero le puede producir en aquel momento un beneficio de 2 millones de d\u00f3lares del a\u00f1o 1979. Eso son palabras mayores\u201d.<\/span><\/p>\n<p style=\"text-align: justify;\"><span style=\"font-size: 14pt; font-family: arial, helvetica, sans-serif;\">Durante esos primeros a\u00f1os de la monarqu\u00eda parlamentaria, se sumaron a la corte del rey otros empresarios que tambi\u00e9n hicieron grandes fortunas en la \u00e9poca del pelotazo, como los Albertos o\u00a0<strong>Javier de la Rosa<\/strong>. Y todos \u2013tambi\u00e9n los Pujol o dirigentes del Partido Popular\u2013 acabaron poniendo su dinero en la misma saca, la del suizo\u00a0<strong>Arturo Fasana<\/strong>, tambi\u00e9n conocida como la cuenta\u00a0<em>Soleado<\/em>, que se encuentra en la banca de Suiza.<\/span><\/p>\n<h2 style=\"text-align: justify;\"><span style=\"font-size: 14pt; font-family: arial, helvetica, sans-serif;\">La cuenta \u2018Soleado\u2019 y las urbanizaciones en Rep\u00fablica Dominicana<\/span><\/h2>\n<p style=\"text-align: justify;\"><span style=\"font-size: 14pt; font-family: arial, helvetica, sans-serif;\">La cuenta\u00a0<em>Soleado<\/em>, donde presuntamente est\u00e1 el rey, sali\u00f3 a la luz con la detenci\u00f3n del br\u00f3ker suizo Fasana en el marco de la Operaci\u00f3n G\u00fcrtel. Pero el monarca no est\u00e1 solo. De hecho, nadie sabe cu\u00e1ntos millonarios espa\u00f1oles hay en la famosa cuenta\u00a0<em>Soleado<\/em>\u00a0ni cu\u00e1nto dinero guarda en total, pero por lo que han contado algunos de sus clientes \u2013como el banquero y expresidiario<strong>\u00a0Javier de la Rosa<\/strong>\u2013 puede tener all\u00ed guardados alrededor de 200 millones.<\/span><\/p>\n<p style=\"text-align: justify;\"><span style=\"font-size: 14pt; font-family: arial, helvetica, sans-serif;\">S\u00ed que se conoce que all\u00ed guarda tambi\u00e9n su dinero la red de\u00a0<strong>Francisco Correa<\/strong>, l\u00edder de la trama de corrupci\u00f3n conocida como Caso G\u00fcrtel, y algunos diputados del PP imputados por corrupci\u00f3n. La captura de Fasana se produjo en el aeropuerto de Barajas, despu\u00e9s de que el comisario\u00a0<strong>Jos\u00e9 Manuel Villarejo<\/strong>\u00a0\u2013hoy en prisi\u00f3n por cohecho, blanqueo de capitales y organizaci\u00f3n criminal\u2013 le citara all\u00ed, en el marco de una operaci\u00f3n policial en la que \u00e9l no firma las diligencias y que estaba organizada por la UDEF que entonces dirig\u00eda el comisario Jos\u00e9 Luis Olivera\u2026 el que dice no saber qui\u00e9n es \u201cM. Rajoy\u201d. Sin duda, algo huele mal en la cuenta Soleado.<\/span><\/p>\n<p style=\"text-align: justify;\"><span style=\"font-size: 14pt; font-family: arial, helvetica, sans-serif;\">El juez tom\u00f3 declaraci\u00f3n a Fasana y le puso en libertad con cargos. Pero casi una d\u00e9cada despu\u00e9s la informaci\u00f3n relacionada con la cuenta que gestiona sigue bajo secreto de sumario, al igual que los supuestos ahorros del rey em\u00e9rito que all\u00ed se atesoran.<\/span><\/p>\n<p style=\"text-align: justify;\"><span style=\"font-size: 14pt; font-family: arial, helvetica, sans-serif;\">En relaci\u00f3n con estos comisarios tambi\u00e9n se destap\u00f3 otro de los presuntos negocios del monarca designado por Franco, que al parecer aflor\u00f3 gracias a las investigaciones desarrolladas para la operaci\u00f3n Malaya, aunque tampoco esta vez las pesquisas llegaron a buen t\u00e9rmino. Supuestamente, el em\u00e9rito hab\u00eda hecho inversiones inmobiliarias en Rep\u00fablica Dominicana con empresarios relacionados con Juan Antonio Roca. Concretamente, se se\u00f1alaba una promoci\u00f3n de superlujo que \u00a0llevaba por nombre\u00a0<strong>Urbanizaci\u00f3n Rey Juan Carlos I<\/strong>.<\/span><\/p>\n<h2 style=\"text-align: justify;\"><span style=\"font-size: 14pt; font-family: arial, helvetica, sans-serif;\">Corinna y las cuentas perdidas<\/span><\/h2>\n<p style=\"text-align: justify;\"><span style=\"font-size: 14pt; font-family: arial, helvetica, sans-serif;\">Lo \u00fanico que se sabe con certeza es que los negocios ocultos del rey em\u00e9rito son el punto d\u00e9bil de la monarqu\u00eda espa\u00f1ola y fue f\u00e1cil comprobarlo cuando su \u00edntima relaci\u00f3n con la arist\u00f3crata alemana de origen dan\u00e9s\u00a0<strong>Corinna Zu Sayn-Wittgenstein<\/strong>casi hizo saltar por los aires la instituci\u00f3n, hasta el punto de hacerle abdicar.<\/span><\/p>\n<p style=\"text-align: justify;\"><span style=\"font-size: 14pt; font-family: arial, helvetica, sans-serif;\">La fortuna labrada por la pareja en sus a\u00f1os de romance gracias a los negocios, entre otros, con la petrolera Lukoil se estima en torno a los 30 millones de euros en efectivo. Este dinero estar\u00eda repartido en diferentes cuentas fuera de Espa\u00f1a, por ejemplo en Turqu\u00eda, seg\u00fan afirmaron el comisario Villarejo y sus periodistas\u00a0<strong>Eduardo Inda y Manuel Cerd\u00e1n<\/strong>, como parte del chantaje que el pasado a\u00f1o quisieron hacer a la Casa Real y al CNI para librarse de los problemas judiciales que los acuciaban y que fue denunciado por P\u00fablico.<\/span><\/p>\n<h2 style=\"text-align: justify;\"><span style=\"font-size: 14pt; font-family: arial, helvetica, sans-serif;\">Mantenidos a base de dinero p\u00fablico<\/span><\/h2>\n<p style=\"text-align: justify;\"><span style=\"font-size: 14pt; font-family: arial, helvetica, sans-serif;\">A los ingresos de la Familia Real hay que sumar los casi 8 millones de dinero p\u00fablico que reciben cada a\u00f1o de los Presupuestos Generales del Estado. En 2017 las cuentas p\u00fablicas destinaron\u00a0<strong>7.818.890,00<\/strong>\u00a0euros al mantenimiento de la Casa Real, un dinero con el que, seg\u00fan la propia instituci\u00f3n, se hace frente a sus obligaciones econ\u00f3micas: retribuciones, cuotas y prestaciones sociales del personal de alta direcci\u00f3n, direcci\u00f3n y laboral a cargo de la Casa; gastos de funcionamiento, como material de oficina; determinados suministros; gastos de protocolo y de representaci\u00f3n -almuerzos, cenas, recepciones-; viajes; adquisiciones de material diverso para el funcionamiento de los servicios, etc.<\/span><\/p>\n<p style=\"text-align: justify;\"><span style=\"font-size: 14pt; font-family: arial, helvetica, sans-serif;\">Este dinero tambi\u00e9n incluye los salarios tanto de los reyes como de los monarcas em\u00e9ritos. Concretamente, en 2017, \u00a0<strong>el rey Felipe recibi\u00f3 por cumplir su papel institucional un salario de 236.544 euros<\/strong>, un 1% m\u00e1s que el a\u00f1o anterior, mientras que Juan Carlos I dispuso de 189.228 euros, el 80% de lo que cobra su hijo y heredero. Por su parte, la reina Letizia tuvo asignado un sueldo de 130.092 euros y su suegra, do\u00f1a Sof\u00eda, 106.452. Los salarios de los cuatro, no obstante, suponen el 8,5% del presupuesto de Zarzuela.<\/span><\/p>\n<p><a href=\"https:\/\/puntocritico.com\/ausajpuntocritico\/wp-content\/uploads\/2016\/11\/Mosca_Punto_Cr\u00edtico_40.png\" rel=\"lightbox[10860]\"><img loading=\"lazy\" decoding=\"async\" class=\"aligncenter size-full wp-image-48\" src=\"https:\/\/puntocritico.com\/ausajpuntocritico\/wp-content\/uploads\/2016\/11\/Mosca_Punto_Cr\u00edtico_40.png\" alt=\"\" width=\"50\" height=\"50\" \/><\/a><\/p>\n<h1 style=\"text-align: center;\"><span class=\"titular\"><a id=\"ref76\"><\/a><a href=\"#ref76a\">[76]<\/a> El secretario de Organizaci\u00f3n de Podemos Galicia se inventa que es ingeniero<\/span><\/h1>\n<p><span style=\"font-size: 14pt;\">Por\u00a0Javier Chicote<\/span><\/p>\n<div><span style=\"color: #339966;\">Art\u00edculo publicado el 13 de abril de 2018 en<\/span><\/div>\n<div><span style=\"color: #339966;\">http:\/\/www.abc.es\/espana\/abci-secretario-organizacion-podemos-galicia-inventa-ingeniero-201804122313_noticia.html<\/span><\/div>\n<div>\u00a0<\/div>\n<div><a href=\"https:\/\/puntocritico.com\/ausajpuntocritico\/wp-content\/uploads\/2018\/04\/ingeniero-ks6B-1240x698@abc.jpg\" rel=\"lightbox[10860]\"><img loading=\"lazy\" decoding=\"async\" class=\"aligncenter wp-image-11093\" src=\"https:\/\/puntocritico.com\/ausajpuntocritico\/wp-content\/uploads\/2018\/04\/ingeniero-ks6B-1240x698@abc.jpg\" alt=\"\" width=\"678\" height=\"382\" srcset=\"https:\/\/puntocritico.com\/ausajpuntocritico\/wp-content\/uploads\/2018\/04\/ingeniero-ks6B-1240x698@abc.jpg 1240w, https:\/\/puntocritico.com\/ausajpuntocritico\/wp-content\/uploads\/2018\/04\/ingeniero-ks6B-1240x698@abc-300x169.jpg 300w, https:\/\/puntocritico.com\/ausajpuntocritico\/wp-content\/uploads\/2018\/04\/ingeniero-ks6B-1240x698@abc-768x432.jpg 768w, https:\/\/puntocritico.com\/ausajpuntocritico\/wp-content\/uploads\/2018\/04\/ingeniero-ks6B-1240x698@abc-1024x576.jpg 1024w, https:\/\/puntocritico.com\/ausajpuntocritico\/wp-content\/uploads\/2018\/04\/ingeniero-ks6B-1240x698@abc-678x381.jpg 678w\" sizes=\"auto, (max-width: 678px) 100vw, 678px\" \/><\/a><\/div>\n<blockquote>\n<p class=\"subtitulo\" style=\"text-align: justify;\"><span style=\"font-size: 14pt; font-family: arial, helvetica, sans-serif;\">Juan Jos\u00e9 Merlo, diputado de En Marea, miente en su ficha oficial del parlamento Gallego y en la del partido. Reconoce a ABC que no termin\u00f3 la carrera y asegura que \u00abmatizar\u00e9 el error\u00bb<\/span><\/p>\n<\/blockquote>\n<p style=\"text-align: justify;\"><span style=\"font-size: 14pt; font-family: arial, helvetica, sans-serif;\">Suma y sigue la lista de\u00a0<a href=\"http:\/\/www.abc.es\/espana\/madrid\/abci-portavoz-adjunto-psoe-reconoce-curriculum-incluyo-dato-falso-8-anos-201804121103_noticia.html\" target=\"_blank\" rel=\"noopener\">pol\u00edticos que inflan sus curr\u00edculum<\/a>. Juan Jos\u00e9 Merlo, secretario de Organizaci\u00f3n de Podemos en Galicia y diputado del grupo En Marea en el Parlamento gallego aparece como\u00a0<strong>ingeniero industrial en su curr\u00edculum oficial<\/strong>, pese a que nunca acab\u00f3 los estudios. Su<a href=\"http:\/\/www.es.parlamentodegalicia.es\/Composicion\/Deputados\/415\/juan-jose-merlo-lorenzo\" target=\"_blank\" rel=\"noopener\">\u00a0ficha oficial en la p\u00e1gina web del Parlamento de Galicia<\/a>\u00a0dice: \u00abIngeniero. Se form\u00f3 como ingeniero industrial y desarroll\u00f3 su actividad laboral primero en el cuerpo de mandos de una conocida cadena de grandes almacenes y posteriormente al frente de una empresa de ingenier\u00eda y energ\u00edas renovables. Particip\u00f3 activamente en diferentes plataformas del 15-M\u00bb.<\/span><\/p>\n<p style=\"text-align: justify;\"><span style=\"font-size: 14pt; font-family: arial, helvetica, sans-serif;\">ABC se puso este jueves en contacto con el n\u00famero dos de Podemos en Galicia, quien reconoci\u00f3 que\u00a0<strong>\u00abestuve estudiando Ingenier\u00eda, pero no me gradu\u00e9\u00bb<\/strong>. Preguntado por qu\u00e9 entonces se presenta como titulado en la informaci\u00f3n oficial remitida al Parlamento de Galicia, Juan Jos\u00e9 Merlo sostuvo que \u00absolo tendr\u00eda que figurar lo que yo traslad\u00e9, que me form\u00e9 como ingeniero pero no acab\u00e9 los estudios\u00bb. A\u00f1adi\u00f3 que \u00absi es err\u00f3neo,\u00a0<strong>lo matizaremos, sin ninguna duda, porque ingeniero no soy\u00bb<\/strong>.<\/span><\/p>\n<p style=\"text-align: justify;\"><span style=\"font-size: 14pt; font-family: arial, helvetica, sans-serif;\">Parece poco probable que sea un error del Parlamento de Galicia -instituci\u00f3n que se limita a publicar en la web la informaci\u00f3n que facilitan los grupos-, ya que en\u00a0<a href=\"https:\/\/transparencia.podemos.info\/cargos-publicos\/galicia\/juan-jose-merlo-lorenzo\" target=\"_blank\" rel=\"noopener\">la p\u00e1gina de Podemos Galicia\u00a0<\/a>tambi\u00e9n aparece claramente el t\u00edtulo que no posee: \u00abJuan J. Merlo Lorenzo (Vigo, 27 de enero de 1972).\u00a0<strong>Ingeniero Industrial en Autom\u00e1tica y Electr\u00f3nica<\/strong>. Especializado en gesti\u00f3n de mercanc\u00edas y gesti\u00f3n de equipos de trabajo. Comenc\u00e9 mi carrera como gerente y gerente de \u00e1rea en grandes almacenes. Durante los \u00faltimos a\u00f1os he desarrollado mi actividad como gerente y dise\u00f1ador en empresas de ingenier\u00eda y energ\u00eda renovable\u00bb (ambas consultas y pantallazos son de este jueves por la noche).<\/span><\/p>\n<figure class=\"foto-intercalada\" style=\"text-align: justify;\"><span style=\"font-size: 14pt; font-family: arial, helvetica, sans-serif;\"><a href=\"https:\/\/puntocritico.com\/ausajpuntocritico\/wp-content\/uploads\/2018\/04\/jjmerlopodemosgalicia-ks6B-510x349@abc.jpg\" rel=\"lightbox[10860]\"><img loading=\"lazy\" decoding=\"async\" class=\"aligncenter size-full wp-image-11094\" src=\"https:\/\/puntocritico.com\/ausajpuntocritico\/wp-content\/uploads\/2018\/04\/jjmerlopodemosgalicia-ks6B-510x349@abc.jpg\" alt=\"\" width=\"510\" height=\"349\" srcset=\"https:\/\/puntocritico.com\/ausajpuntocritico\/wp-content\/uploads\/2018\/04\/jjmerlopodemosgalicia-ks6B-510x349@abc.jpg 510w, https:\/\/puntocritico.com\/ausajpuntocritico\/wp-content\/uploads\/2018\/04\/jjmerlopodemosgalicia-ks6B-510x349@abc-300x205.jpg 300w\" sizes=\"auto, (max-width: 510px) 100vw, 510px\" \/><\/a><\/span><\/figure>\n<figure id=\"attachment_11095\" aria-describedby=\"caption-attachment-11095\" style=\"width: 510px\" class=\"wp-caption aligncenter\"><a href=\"https:\/\/puntocritico.com\/ausajpuntocritico\/wp-content\/uploads\/2018\/04\/jjmerlopodemosgalicia-ks6B-U30342947036mTF-510x110@abc.jpg\" rel=\"lightbox[10860]\"><img loading=\"lazy\" decoding=\"async\" class=\"wp-image-11095 size-full\" src=\"https:\/\/puntocritico.com\/ausajpuntocritico\/wp-content\/uploads\/2018\/04\/jjmerlopodemosgalicia-ks6B-U30342947036mTF-510x110@abc.jpg\" alt=\"\" width=\"510\" height=\"110\" srcset=\"https:\/\/puntocritico.com\/ausajpuntocritico\/wp-content\/uploads\/2018\/04\/jjmerlopodemosgalicia-ks6B-U30342947036mTF-510x110@abc.jpg 510w, https:\/\/puntocritico.com\/ausajpuntocritico\/wp-content\/uploads\/2018\/04\/jjmerlopodemosgalicia-ks6B-U30342947036mTF-510x110@abc-300x65.jpg 300w\" sizes=\"auto, (max-width: 510px) 100vw, 510px\" \/><\/a><figcaption id=\"caption-attachment-11095\" class=\"wp-caption-text\"><span style=\"font-size: 14pt; color: #339966; font-family: arial, helvetica, sans-serif;\"><strong>Ampliaci\u00f3n donde dice \u00abingeniero industrial en Autom\u00e1tica y Electr\u00f3nica\u00bb-ABC <\/strong><\/span><\/figcaption><\/figure>\n<p style=\"text-align: justify;\"><span style=\"font-size: 14pt; font-family: arial, helvetica, sans-serif;\">Precisamente, fuentes consultadas por ABC sostienen que un ingeniero gallego ha pedido al colegio profesional que investigue si el alto cargo de Podemos realiz\u00f3 trabajos como ingeniero sin serlo, mientras estuvo al frente de su empresa, Mersol Montaje de Energ\u00edas Renovables S.L.. Juan Jos\u00e9 Merlo asegur\u00f3 ayer a ABC que \u00e9l dirig\u00eda la empresa pero \u00abnunca\u00bb firm\u00f3 ning\u00fan proyecto como ingeniero. Un antiguo compa\u00f1ero de estudios relata a este diario que \u00abno aprob\u00f3 ni un parcial\u00bb. \u00abAl primero que se present\u00f3<strong>\u00a0sac\u00f3 nota negativa<\/strong>, porque era un examen tipo test en el que las respuestas equivocadas restaban\u00bb, a\u00f1ade.<\/span><\/p>\n<p style=\"text-align: justify;\"><span style=\"font-size: 14pt; font-family: arial, helvetica, sans-serif;\">El pol\u00edtico de Podemos sostiene que tuvo que dejar los estudios \u00abporque tuve un hijo pronto y<strong>\u00a0me puse a trabajar\u00a0<\/strong>en unos grandes almacenes\u00bb. Juan Jos\u00e9 Merlo es, adem\u00e1s de hombre fuerte de Podemos en Galicia, secretario de la Comisi\u00f3n de Pesca, Marisqueo y puertos del Parlamento regional y vocal de la Comisi\u00f3n de Industria, Energ\u00eda, Comercio y Turismo.<\/span><\/p>\n<p style=\"text-align: justify;\"><span style=\"font-size: 14pt; font-family: arial, helvetica, sans-serif;\">En 2016 gener\u00f3 cierta pol\u00edtica cuando se public\u00f3 que en un chat de Podemos\u00a0<a href=\"http:\/\/www.lavozdegalicia.es\/noticia\/galicia\/2016\/10\/12\/diputado-marea-califica-coalicion-patera-asquerosa\/0003_201610G12P7991.htm\" target=\"_blank\" rel=\"noopener\">hab\u00eda calificado la confluencia de En Marea como una \u00abpatera asquerosa\u00bb<\/a>.<\/span><\/p>\n<p><a href=\"https:\/\/puntocritico.com\/ausajpuntocritico\/wp-content\/uploads\/2016\/11\/Mosca_Punto_Cr\u00edtico_40.png\" rel=\"lightbox[10860]\"><img loading=\"lazy\" decoding=\"async\" class=\"aligncenter size-full wp-image-48\" src=\"https:\/\/puntocritico.com\/ausajpuntocritico\/wp-content\/uploads\/2016\/11\/Mosca_Punto_Cr\u00edtico_40.png\" alt=\"\" width=\"50\" height=\"50\" \/><\/a>\u00a0<\/p>\n<h1 style=\"text-align: center;\"><span class=\"titular\"><a id=\"ref77\"><\/a><a href=\"#ref77a\">[77]<\/a> \u00abPens\u00e1bamos que poniendo a Sastr\u00f3n en la SGAE lo ten\u00edamos arreglado, pero ha salido rana\u00bb<\/span><\/h1>\n<p><span style=\"font-size: 14pt;\">Por\u00a0Jes\u00fas Garc\u00eda Calero<\/span><\/p>\n<div><span style=\"color: #339966;\">Art\u00edculo publicado el 15 de abril de 2018 en<\/span><\/div>\n<div><a href=\"http:\/\/www.abc.es\/cultura\/abci-pensabamos-poniendo-sastron-sgae-teniamos-arreglado-pero-salido-rana-201804150128_noticia.html\" target=\"_blank\" rel=\"noopener\"><span style=\"color: #339966;\">http:\/\/www.abc.es\/cultura\/abci-pensabamos-poniendo-sastron-sgae-teniamos-arreglado-pero-salido-rana-201804150128_noticia.html<\/span><\/a><\/div>\n<div>\u00a0<\/div>\n<div>\n<figure id=\"attachment_11096\" aria-describedby=\"caption-attachment-11096\" style=\"width: 620px\" class=\"wp-caption aligncenter\"><a href=\"https:\/\/puntocritico.com\/ausajpuntocritico\/wp-content\/uploads\/2018\/04\/Imagen-Quay-123750617-kuYC-620x349@abc.jpg\" rel=\"lightbox[10860]\"><img loading=\"lazy\" decoding=\"async\" class=\"wp-image-11096 size-full\" src=\"https:\/\/puntocritico.com\/ausajpuntocritico\/wp-content\/uploads\/2018\/04\/Imagen-Quay-123750617-kuYC-620x349@abc.jpg\" alt=\"\" width=\"620\" height=\"349\" srcset=\"https:\/\/puntocritico.com\/ausajpuntocritico\/wp-content\/uploads\/2018\/04\/Imagen-Quay-123750617-kuYC-620x349@abc.jpg 620w, https:\/\/puntocritico.com\/ausajpuntocritico\/wp-content\/uploads\/2018\/04\/Imagen-Quay-123750617-kuYC-620x349@abc-300x169.jpg 300w\" sizes=\"auto, (max-width: 620px) 100vw, 620px\" \/><\/a><figcaption id=\"caption-attachment-11096\" class=\"wp-caption-text\"><span style=\"font-size: 10pt; color: #339966;\"><strong>Nuria Rodr\u00edguez <\/strong><\/span><\/figcaption><\/figure>\n<\/div>\n<div>\n<blockquote>\n<p class=\"subtitulo\" style=\"text-align: justify;\"><span style=\"font-size: 14pt; font-family: arial, helvetica, sans-serif;\">As\u00ed dirigi\u00f3 Nuria Rodr\u00edguez, una editora de Atresmedia, el asalto al poder de \u00abla rueda\u00bb en la SGAE, seg\u00fan el sumario judicial<\/span><\/p>\n<\/blockquote>\n<p style=\"text-align: justify;\"><span style=\"font-size: 14pt; font-family: arial, helvetica, sans-serif;\">El 17 de mayo de 2017, la Polic\u00eda Nacional graba una conversaci\u00f3n de\u00a0<strong>Nuria Rodr\u00edguez, responsable del grupo Atresmedia para la edici\u00f3n musical.<\/strong>\u00a0La Unidad de Delincuencia Especializada y Violenta (UDEV) sigue la pista de destacados miembros de la Sociedad General de Autores y Editores (SGAE) por un presunto fraude con el reparto a los m\u00e1s de cien mil socios de la entidad. At\u00f3nitos, escuchan a Nuria Rodriguez:\u00a0<strong>\u00abPens\u00e1bamos que pon\u00edamos a Sastr\u00f3n y lo ten\u00edamos arreglado [Jos\u00e9 Miguel Fern\u00e1ndez Sastr\u00f3n, presidente de SGAE] y, mira por d\u00f3nde, nos ha salido rana\u00bb<\/strong>. La conversaci\u00f3n forma parte del sumario de la operaci\u00f3n contra el fraude de \u00abla rueda de las televisiones\u00bb por el que las cadenas y determinados autores se compinchaban para lucrarse, al que ha tenido acceso ABC.<\/span><\/p>\n<aside class=\"despiece\">\n<h3 class=\"ladillo\"><span style=\"font-size: 14pt; font-family: arial, helvetica, sans-serif;\">As\u00ed enriquece el fraude de \u00abla rueda\u00bb<\/span><\/h3>\n<p><span style=\"font-size: 14pt; font-family: arial, helvetica, sans-serif;\"><strong><i>Editoras emisoras.<\/i><\/strong>Las cadenas de TV pagan por usar la m\u00fasica de los m\u00e1s de cien mil socios de la SGAE. Al crear editoras propias reciben la mitad de los derechos, un retorno que extrema su beneficio.<\/span><\/p>\n<p><span style=\"font-size: 14pt; font-family: arial, helvetica, sans-serif;\"><strong>Autores desconocidos.<\/strong>\u00a0Para lucrarse, hay autores (y sus familiares) que hacen leves arreglos de piezas conocidas, cambiando unas notas. Las TV los programan solo a ellos si ceden el 50% de sus derechos.<\/span><\/p>\n<p><span style=\"font-size: 14pt; font-family: arial, helvetica, sans-serif;\"><strong>Votos y al poder.<\/strong>\u00a0En la SGAE los votos de representac\u00edon se logran por recaudaci\u00f3n. Los enriquecidos m\u00fasicos de \u00abla rueda\u00bb han copado los puestos de la Junta Directiva en los \u00faltimos a\u00f1os.<\/span><\/p>\n<p><span style=\"font-size: 14pt; font-family: arial, helvetica, sans-serif;\"><strong>Presunto fraude.<\/strong>\u00a0La toma de poder en la SGAE permite a \u00abla rueda\u00bb controlar la entidad. Los editores tradicionales han sido expulsados por Sastr\u00f3n y los m\u00fasicos m\u00e1s conocidos ven reducida su recaudaci\u00f3n.<\/span><\/p>\n<\/aside>\n<p style=\"text-align: justify;\"><span style=\"font-size: 14pt; font-family: arial, helvetica, sans-serif;\">Al d\u00eda siguiente, 18 de mayo, vuelven a grabarla en conversaci\u00f3n con\u00a0<strong>un miembro de la Junta Directiva de la SGAE, el bajista Fernando Ill\u00e1n,<\/strong>\u00a0que le cuenta con pelos y se\u00f1ales una reuni\u00f3n, qui\u00e9n vot\u00f3, qui\u00e9n dijo. Los agentes anotan: \u00abEn un momento dado de la conversaci\u00f3n,<strong>\u00a0Nuria dice (literal): \u201cYo me le quiero cargar a este t\u00edo [Sastr\u00f3n], unidos o como sea\u201d<\/strong>\u00bb. Ese mismo d\u00eda, habla tambi\u00e9n con Ana Mar\u00eda Rubio Blanco, confidente y la esposa de otro miembro de la Directiva, Jes\u00fas Gl\u00fcck, para saber m\u00e1s, y dice que hay que movilizar a otros miembros. Asegura que hay que \u00abjorobar\u00bb a Sastr\u00f3n con una\u00a0<strong>\u00abcampa\u00f1a para echar mierda a este t\u00edo\u00bb.<\/strong>\u00a0Cree que \u00ablo que pretende Sastr\u00f3n es volver a los tiempos de Teddy\u00bb.<\/span><\/p>\n<p style=\"text-align: justify;\"><span style=\"font-size: 14pt; font-family: arial, helvetica, sans-serif;\">Otros aliados suyos, seg\u00fan la Polic\u00eda, son los hermanos Valderrama, componentes de Materia Prima. En conversaci\u00f3n con Juan Fern\u00e1ndez Valderrama, revela que<strong>\u00a0el vicepresidente Javier Losada tiene obras a su nombre en \u00abla rueda\u00bb<\/strong>. Juan espeta que \u00abSastr\u00f3n ya no compone como antes ni hace nada de lo que hac\u00eda, con lo que<strong>\u00a0la SGAE para \u00e9l es una tabla de salvaci\u00f3n\u00bb.<\/strong><\/span><\/p>\n<aside class=\"roba-intercalado sin-fondo layer_inpage\"><span id=\"layer_inpage-id\" class=\"creatividad cmv_intext\" style=\"font-size: 14pt; font-family: arial, helvetica, sans-serif;\" data-voc-vam=\"\" data-voc-vam-position=\"layer_inpage\" data-voc-vam-outofpage=\"true\" data-google-query-id=\"CPm4jab6vNoCFYiHUQodEIkCCg\"><\/span><\/aside>\n<h3 class=\"ladillo\" style=\"text-align: justify;\"><span style=\"font-size: 14pt; font-family: arial, helvetica, sans-serif;\">Campa\u00f1a por el arbitraje<\/span><\/h3>\n<p style=\"text-align: justify;\"><span style=\"font-size: 14pt; font-family: arial, helvetica, sans-serif;\">Hablan de crear una\u00a0<strong>web de \u00abSGAE leaks\u00bb para filtrar informaci\u00f3n sensible<\/strong>, y Nuria afirma: \u00abNecesito un guionista para elaborar un discurso para realizar campa\u00f1a en contra de la pol\u00edtica que se est\u00e1 practicando\u00bb. Valderrama dice que a\u00fan conserva una\u00a0<strong>carta de Sastr\u00f3n \u00aben la que desaconsejaba absolutamente tanto a Reixa como a Acosta [expresidentes] acabar con este entorno<\/strong>\u00bb. La conclusi\u00f3n es que \u00abvan a ir a tumbarle en la Asamblea de junio\u00bb.<\/span><\/p>\n<p style=\"text-align: justify;\"><span style=\"font-size: 14pt; font-family: arial, helvetica, sans-serif;\">En 2017,\u00a0<strong>Sastr\u00f3n se hab\u00eda visto obligado a aceptar un arbitraje internacional para examinar el reparto de la SGAE<\/strong>, puesto que \u00abla rueda\u00bb hab\u00eda reducido los ingresos del cat\u00e1logo internacional y de los m\u00fasicos de mayor \u00e9xito en Espa\u00f1a, en favor de los asociados a la trama. Ese arbitraje sembr\u00f3 la desconfianza en los miembros de la trama, que dec\u00edan que Sastr\u00f3n lo manejaba e iba a acabar con la situaci\u00f3n ventajosa que ten\u00edan. Por eso, supuso\u00a0<strong>la l\u00ednea roja que moviliz\u00f3 a los miembros de la trama para \u00abtumbarle\u00bb<\/strong>. Todo estaba dispuesto&#8230;<\/span><\/p>\n<p style=\"text-align: justify;\"><span style=\"font-size: 14pt; font-family: arial, helvetica, sans-serif;\">Pero la\u00a0<strong>Pol\u00edc\u00eda Nacional lanz\u00f3 la operaci\u00f3n solo dos d\u00edas antes\u00a0<\/strong>de la Asamblea general de socios que la SGAE celebraba el 23 de junio de 2017. Queda constatado en el sumario que la operaci\u00f3n\u00a0<strong>revent\u00f3 la conjura para \u00abtumbar a Sastr\u00f3n\u00bb en aquella Asamblea<\/strong>. Las escuchas telef\u00f3nicas de la UDEV muestran que, bajo la<strong>\u00a0direcci\u00f3n de Nuria Rodr\u00edguez, la editora de Atresmedia\u00a0<\/strong>que programa m\u00fasica en las cadenas del grupo, miembros de la Junta Directiva pusieron en pie incluso una oficina de reparto de votos.<\/span><\/p>\n<h3 class=\"ladillo\" style=\"text-align: justify;\"><span style=\"font-size: 14pt; font-family: arial, helvetica, sans-serif;\">Oficina de votos y firmas falsificadas<\/span><\/h3>\n<p style=\"text-align: justify;\"><span style=\"font-size: 14pt; font-family: arial, helvetica, sans-serif;\">\u00bfY c\u00f3mo iban a tumbarle? Por la delegaci\u00f3n masiva de votos manipulada para sus fines en la Asamblea. El 31 de mayo, Nuria Rodr\u00edguez explica en una conversaci\u00f3n que<strong>\u00a0por cada persona que vaya f\u00edsicamente a la Asamblea pueden hacerse tres delegaciones\u00a0<\/strong>de voto. Con todas las delegaciones que le llegan \u00abella asigna a qui\u00e9n se delega, por eso es importante\u00a0<strong>que no se ponga en el sobre a qui\u00e9n se delega, solo la firma\u00bb.<\/strong><\/span><\/p>\n<p style=\"text-align: justify;\"><span style=\"font-size: 14pt; font-family: arial, helvetica, sans-serif;\">Moviliza miles de votos de este modo, habla con delegados de fuera de Madrid que le prometen todos sus votos, seg\u00fan se ve en el sumario. Una de sus interlocutoras se pone \u00aba muerte con ello\u00bb y otra dice que \u00ables va a decir que solo firmen<strong>\u00a0y lo manden a Antena 3 a la atenci\u00f3n de Nuria\u00bb<\/strong>. Llama la atenci\u00f3n a los investigadores que sea desde la cadena desde la que se interfiere as\u00ed en la vida de una entidad tan importante como la SGAE.<\/span><\/p>\n<p style=\"text-align: justify;\"><span style=\"font-size: 14pt; font-family: arial, helvetica, sans-serif;\">Entran en escena\u00a0<strong>Hevia, el gaiteiro, y su hermana Mar\u00eda Jos\u00e9<\/strong>. \u00c9sta le pregunta por la oficina que han abierto para delegar el voto. Muy c\u00e9ntrica.\u00a0<strong>\u00abNuria le dice que s\u00ed, en Zurbar\u00e1n 7\u00bb<\/strong>. Mar\u00eda Jos\u00e9 Hevia va a delegar el suyo y el de las editoriales afines \u00abaunque el de Jos\u00e9 [su hermano, el gaitero]\u00a0<strong>necesitar\u00eda tener la firma\u00bb. Y Nuria \u00abresponde que le haga un garabato y ya est\u00e1, cosas peores han hecho\u00bb.<\/strong><\/span><\/p>\n<h3 class=\"ladillo\" style=\"text-align: justify;\"><span style=\"font-size: 14pt; font-family: arial, helvetica, sans-serif;\">\u00abSoy como un fantasma all\u00ed\u00bb<\/span><\/h3>\n<p style=\"text-align: justify;\"><span style=\"font-size: 14pt; font-family: arial, helvetica, sans-serif;\">Las irregularidades no tienen fondo. Logran tantos votos que\u00a0<strong>\u00abNuria dice que no est\u00e1 f\u00edsicamente en la Asamblea, pero que es como si estuviera porque es como un fantasma all\u00ed\u00bb<\/strong>. Seg\u00fan los investigadores, lo es mucho antes: \u00abNuria es capaz de manipular a su antojo a los miembros de la SGAE y por consiguiente cada decisi\u00f3n que se toma\u00bb en la entidad. Tambi\u00e9n dicen que \u00ablas directrices de las cadenas de televisi\u00f3n manejadas por Nuria son claras, en el sentido de incrementar al m\u00e1ximo las emisiones de aquellas composiciones de las que son titulares de derechos, con la\u00a0<strong>finalidad de obtener un mayor rendimiento\u00bb<\/strong>. En otra llamada del 2 de marzo, Nuria detecta que ha programado en Antena 3 y en La Sexta m\u00fasica de otro cat\u00e1logo y exclama:<strong>\u00a0\u00abPor favor, por favor, no me digas que le estoy dando pasta a otro\u00bb. A\u00f1ade: \u00abQue quiten ese cat\u00e1logo de donde est\u00e9 y arreglado\u00bb.<\/strong><\/span><\/p>\n<p style=\"text-align: justify;\"><span style=\"font-size: 14pt; font-family: arial, helvetica, sans-serif;\">La intervenci\u00f3n policial de hace un a\u00f1o rompi\u00f3 la conjura de \u00abla rueda\u00bb y Sastr\u00f3n no cay\u00f3 en la Asamblea. Los protagonistas, algunos\u00a0<strong>detenidos y puestos ante la Justicia, se retrajeron<\/strong>. Pero en septiembre fueron\u00a0<strong>expulsados los editores multinacionales de la Junta, que son los archienemigos de las cadenas de TV y de Nuria Rodr\u00edguez en esta pugna por el poder en la SGAE.<\/strong>Ahora, ni el Ministerio ni la organizaci\u00f3n internacional de entidades de gesti\u00f3n respaldan a Sastr\u00f3n. Su nimia mayor\u00eda en la Junta actual se debe a los votos de \u00abla rueda\u00bb.<\/span><\/p>\n<aside class=\"despiece\">\n<figure class=\"foto-intercalada\" style=\"text-align: justify;\">\n<figure id=\"attachment_11097\" aria-describedby=\"caption-attachment-11097\" style=\"width: 538px\" class=\"wp-caption aligncenter\"><a href=\"https:\/\/puntocritico.com\/ausajpuntocritico\/wp-content\/uploads\/2018\/04\/1406066186-kuYC-540x285@abc.jpg\" rel=\"lightbox[10860]\"><img loading=\"lazy\" decoding=\"async\" class=\"wp-image-11097 size-full\" src=\"https:\/\/puntocritico.com\/ausajpuntocritico\/wp-content\/uploads\/2018\/04\/1406066186-kuYC-540x285@abc.jpg\" alt=\"\" width=\"538\" height=\"285\" srcset=\"https:\/\/puntocritico.com\/ausajpuntocritico\/wp-content\/uploads\/2018\/04\/1406066186-kuYC-540x285@abc.jpg 538w, https:\/\/puntocritico.com\/ausajpuntocritico\/wp-content\/uploads\/2018\/04\/1406066186-kuYC-540x285@abc-300x159.jpg 300w\" sizes=\"auto, (max-width: 538px) 100vw, 538px\" \/><\/a><figcaption id=\"caption-attachment-11097\" class=\"wp-caption-text\"><span style=\"font-size: 10pt; color: #339966;\"><strong>Jos\u00e9 Miguel Fern\u00e1ndez Sastr\u00f3n\u00a0&#8211; EFE<\/strong><\/span><\/figcaption><\/figure><figcaption class=\"pie-foto\"><\/figcaption><\/figure>\n<h3 class=\"ladillo\" style=\"text-align: justify;\"><span style=\"font-size: 14pt; font-family: arial, helvetica, sans-serif;\">El Gobierno teme que Sastr\u00f3n quiera ahora \u00abun Madurazo\u00bb para eternizarse en el poder<\/span><\/h3>\n<p style=\"text-align: justify;\"><span style=\"font-size: 14pt; font-family: arial, helvetica, sans-serif;\">Seg\u00fan ha podido saber ABC de fuentes bien informadas, el borrador de los\u00a0<strong>nuevos estatutos de la SGAE no ha llegado al Ministerio de Cultura hasta hace poco m\u00e1s de una semana<\/strong>, a pesar de los m\u00faltiples requerimientos y de que en el sumario se observa que hace un a\u00f1o trabajaban ya en el texto. Al parecer, en febrero fueron enviadas las partes menos importantes del articulado para la vida de la entidad. Pero en la \u00faltima entrega, los especialistas del Ministerio se llevaron una gran sorpresa. \u00abSastr\u00f3n quiere perpetuarse en el poder. Como ya no puede seguir en la Junta Directiva de la que son elegidos los presidentes -comentan las citadas fuentes- en el articulado nuevo se dice que el\u00a0<strong>presidente podr\u00e1 ser elegido entre cualquier miembro de la Asamblea\u00bb<\/strong>. Afortunadamente, el Ministerio debe aprobar antes el texto de los estatutos y ese detalle, entre otros, no va a pasar el filtro. \u00abEs un\u00a0<strong>Madurazo. No ha gustado nada la expulsi\u00f3n de los editores de las multinacionales<\/strong>\u00a0y a pesar de que la Justicia le ha quitado la raz\u00f3n en ese punto no quiere hacer nada, es un cumplimiento voluntario de una sentencia a la que tambi\u00e9n apelan, es de locos. Pero lo de la Asamblea se quitar\u00e1 seguro\u00bb. La explicaci\u00f3n del comportamiento de Sastr\u00f3n est\u00e1 en los n\u00fameros.\u00a0<strong>\u00abTiene una exigua mayor\u00eda en la Junta gracias a \u201cla rueda\u201d<\/strong>\u00a0y la vuelta de los editores expulsados traer\u00eda un voto de censura inmediato\u00bb, comentan.<\/span><\/p>\n<p style=\"text-align: justify;\"><span style=\"font-size: 14pt; font-family: arial, helvetica, sans-serif;\">Con el nuevo Decreto Ley aprobado el viernes por el Consejo de Ministros, que tanto ha cabreado al presidente, tienen que negociar con el Ministerio de Cultura los detalles de la reforma, y solo tienen tres meses.\u00a0<strong>\u00abSe acab\u00f3 marear la perdiz. Los estatutos tienen que crear un sistema de reparto que acabe con \u201cla rueda\u201d<\/strong>, porque han tomado el poder con los votos que les daba la recaudaci\u00f3n y con la salida de los editores\u00bb, dicen. Ahora, si no se cumple el plazo, el Ministerio puede intervenir.<strong>\u00a0Sastr\u00f3n ha pedido una cita con el secretario de Estado<\/strong>\u00a0de Cultura, Fernando Benzo, pero hasta ahora no ha sido recibido.<\/span><\/p>\n<\/aside>\n<aside class=\"modulo temas\">\n<h4 class=\"titulo\"><a href=\"https:\/\/puntocritico.com\/author\/punto-critico\/\"><img loading=\"lazy\" decoding=\"async\" class=\"aligncenter wp-image-9528\" src=\"https:\/\/puntocritico.com\/ausajpuntocritico\/wp-content\/uploads\/2018\/03\/Mosca_Punto_Cr\u00edtico_40.png\" alt=\"\" width=\"60\" height=\"60\" \/><\/a>\u00a0<\/h4>\n<p>&nbsp;<\/p>\n<\/aside>\n<\/div>\n<\/div>\n","protected":false},"excerpt":{"rendered":"<div class=\"mh-excerpt\"><p>[1] El juez Pablo Llarena y la Constituci\u00f3n Por Javier P\u00e9rez Royo Art\u00edculo publicado el 12 de abril de 2018 en https:\/\/www.eldiario.es\/zonacritica\/juez-Pablo-Llarena-Constitucion_6_760184011.html \u00a0\u00a0 El juez Pablo Llarena no fundamenta su auto\u00a0sobre Jordi S\u00e0nchez en ninguna <a class=\"mh-excerpt-more\" href=\"https:\/\/puntocritico.com\/ausajpuntocritico\/2018\/04\/16\/hoja-del-lunes-espana-sin-constitucion\/\" title=\"HOJA DEL LUNES: Espa\u00f1a, Sin Constituci\u00f3n\">[&#8230;]<\/a><\/p>\n<\/div>","protected":false},"author":3,"featured_media":11103,"comment_status":"open","ping_status":"closed","sticky":false,"template":"","format":"standard","meta":{"_acf_changed":false,"_exactmetrics_skip_tracking":false,"_exactmetrics_sitenote_active":false,"_exactmetrics_sitenote_note":"","_exactmetrics_sitenote_category":0,"footnotes":""},"categories":[28],"tags":[],"class_list":{"0":"post-10860","1":"post","2":"type-post","3":"status-publish","4":"format-standard","5":"has-post-thumbnail","7":"category-noticias-de-ayer"},"acf":[],"_links":{"self":[{"href":"https:\/\/puntocritico.com\/ausajpuntocritico\/wp-json\/wp\/v2\/posts\/10860","targetHints":{"allow":["GET"]}}],"collection":[{"href":"https:\/\/puntocritico.com\/ausajpuntocritico\/wp-json\/wp\/v2\/posts"}],"about":[{"href":"https:\/\/puntocritico.com\/ausajpuntocritico\/wp-json\/wp\/v2\/types\/post"}],"author":[{"embeddable":true,"href":"https:\/\/puntocritico.com\/ausajpuntocritico\/wp-json\/wp\/v2\/users\/3"}],"replies":[{"embeddable":true,"href":"https:\/\/puntocritico.com\/ausajpuntocritico\/wp-json\/wp\/v2\/comments?post=10860"}],"version-history":[{"count":0,"href":"https:\/\/puntocritico.com\/ausajpuntocritico\/wp-json\/wp\/v2\/posts\/10860\/revisions"}],"wp:featuredmedia":[{"embeddable":true,"href":"https:\/\/puntocritico.com\/ausajpuntocritico\/wp-json\/wp\/v2\/media\/11103"}],"wp:attachment":[{"href":"https:\/\/puntocritico.com\/ausajpuntocritico\/wp-json\/wp\/v2\/media?parent=10860"}],"wp:term":[{"taxonomy":"category","embeddable":true,"href":"https:\/\/puntocritico.com\/ausajpuntocritico\/wp-json\/wp\/v2\/categories?post=10860"},{"taxonomy":"post_tag","embeddable":true,"href":"https:\/\/puntocritico.com\/ausajpuntocritico\/wp-json\/wp\/v2\/tags?post=10860"}],"curies":[{"name":"wp","href":"https:\/\/api.w.org\/{rel}","templated":true}]}}