{"id":10694,"date":"2018-04-09T01:00:03","date_gmt":"2018-04-09T00:00:03","guid":{"rendered":"http:\/\/puntocritico.com\/?p=10694"},"modified":"2019-04-09T17:53:00","modified_gmt":"2019-04-09T16:53:00","slug":"hoja-del-lunes-lawfare-asi-se-llama-la-corrupcion-judicial-en-el-siglo-xxi-parte-ii","status":"publish","type":"post","link":"https:\/\/puntocritico.com\/ausajpuntocritico\/2018\/04\/09\/hoja-del-lunes-lawfare-asi-se-llama-la-corrupcion-judicial-en-el-siglo-xxi-parte-ii\/","title":{"rendered":"HOJA DEL LUNES: LAWFARE, as\u00ed se llama la Corrupci\u00f3n Judicial en el Siglo XXI (Parte II)"},"content":{"rendered":"<blockquote>\n<h1 class=\"pg-headline\"><a id=\"ref42a\"><\/a><a href=\"#ref42\">[42]<\/a> La maldici\u00f3n<\/h1>\n<p><span style=\"font-size: 14pt;\">Por\u00a0Teniente Kaffee<\/span><\/p>\n<div><span style=\"color: #339966;\">Art\u00edculo publicado el 7 de abril de 2018 en<\/span><\/div>\n<div><a href=\"https:\/\/www.eldiario.es\/protesto-senoria\/maldicion_6_758084211.html\" target=\"_blank\" rel=\"noopener\"><span style=\"color: #339966;\">https:\/\/www.eldiario.es\/protesto-senoria\/maldicion_6_758084211.html<\/span><\/a><\/div>\n<div>\u00a0<\/div>\n<p style=\"text-align: justify;\"><span style=\"font-size: 14pt; font-family: arial, helvetica, sans-serif;\">La importancia del Consejo Fiscal es que vendr\u00eda a ser el reflejo del Consejo General del Poder Judicial, salvo por dos diferencias fundamentales, una positiva y otra negativa<\/span><\/p>\n<p style=\"text-align: justify;\"><span style=\"font-size: 14pt; font-family: arial, helvetica, sans-serif;\">La primera, es que es democr\u00e1tico. Lo que oyen. La segunda, una de cal y otra de arena, es que sus funciones son meramente consultivas<\/span><\/p>\n<p class=\"mce\" style=\"text-align: justify;\"><span style=\"font-family: arial, helvetica, sans-serif; font-size: 14pt;\">Dice una antigua\u00a0<a class=\"mce\" href=\"https:\/\/astrosyestrellas.wordpress.com\/2009\/02\/11\/las-3-maldiciones-chinas\/\" target=\"_blank\" rel=\"noopener\">maldici\u00f3n china<\/a>: \u201cTe condeno a que vivas en tiempos interesantes\u201d.<\/span><\/p>\n<p class=\"mce\" style=\"text-align: justify;\"><span style=\"font-size: 14pt; font-family: arial, helvetica, sans-serif;\">Aunque, quiz\u00e1s, no tenga tal origen, porque la primera vez que la o\u00ed (en realidad, la le\u00ed), fue en un c\u00f3mic de Conan el B\u00e1rbaro. En tal caso, ser\u00eda m\u00e1s apropiado decir que se trata de una leyenda de Khita<\/span><\/p>\n<p class=\"mce\" style=\"text-align: justify;\"><span style=\"font-size: 14pt; font-family: arial, helvetica, sans-serif;\">De cualquier manera, lo que viene a decirnos la sabidur\u00eda ancestral, real o \u201cinvent\u201d, es que, cuando la cosa est\u00e1 movidita, es mejor no estar en el radio de acci\u00f3n del hurac\u00e1n, por si salpica. Bueno, debe de ser que me va la marcha, porque no soporto el tedio, y a m\u00ed nunca me ha parecido tal maldici\u00f3n.<\/span><\/p>\n<p class=\"mce\" style=\"text-align: justify;\"><span style=\"font-size: 14pt; font-family: arial, helvetica, sans-serif;\">La cuesti\u00f3n es que, hace ya cuatro largos a\u00f1os, dediqu\u00e9 un art\u00edculo a explicarles algo de lo que muy poca gente habla, incluso trat\u00e1ndose de juristas, pues ignoran su existencia o funcionamiento. Se trata del\u00a0<a class=\"mce\" href=\"https:\/\/www.eldiario.es\/protesto-senoria\/Elecciones_6_224737534.html\" target=\"_blank\" rel=\"noopener\">Consejo Fiscal<\/a>, el m\u00e1ximo \u00f3rgano asesor del Fiscal General del Estado en materia de nombramientos, r\u00e9gimen disciplinario y otras materias. Para cuestiones de \u00edndole te\u00f3rica y doctrinal hay otro \u00f3rgano, una especie de \u201cconsejo de sabios\u201d, que es la Junta de Fiscales de Sala, y un\u00a0<em class=\"mce\">think tank<\/em>, que es la Secretar\u00eda T\u00e9cnica.<\/span><\/p>\n<p class=\"mce\" style=\"text-align: justify;\"><span style=\"font-size: 14pt; font-family: arial, helvetica, sans-serif;\">Pero la importancia del Consejo Fiscal es que vendr\u00eda a ser el reflejo del Consejo General del Poder Judicial, salvo por dos fundamentales diferencias, una positiva y otra negativa.<\/span><\/p>\n<p class=\"mce\" style=\"text-align: justify;\"><span style=\"font-size: 14pt; font-family: arial, helvetica, sans-serif;\">La primera, es que es democr\u00e1tico. Lo que oyen. Ning\u00fan partido pol\u00edtico, mayor\u00eda, minor\u00eda o grupo de presi\u00f3n pinta nada en la elecci\u00f3n de tres cuartas partes de su composici\u00f3n, sino que son todos los fiscales, los cerca de 2.800 de la carrera, los que son llamados a las urnas cada cinco a\u00f1os.<\/span><\/p>\n<p class=\"mce\" style=\"text-align: justify;\"><span style=\"font-size: 14pt; font-family: arial, helvetica, sans-serif;\">La segunda, una de cal y otra de arena, es que sus funciones son meramente consultivas. La \u00faltima palabra la tiene siempre el Fiscal General. En mi humilde opini\u00f3n, una Fiscal\u00eda verdaderamente aut\u00f3noma y libre de injerencias del Ejecutivo pasar\u00eda por un Fiscal General sometido al voto vinculante del Consejo. Sin embargo, aun sin ser de obligado cumplimiento, sus dict\u00e1menes tienen gran importancia, ya que resulta poco presentable que el FGE desoiga el clamor mayoritario de la carrera. Aunque ha pasado, por supuesto, con gobiernos de uno y otro signo. En tiempos de Jes\u00fas Cardenal, fue nombrado Fiscal Jefe de la Audiencia Nacional Eduardo Fungairi\u00f1o, con el voto en contra un\u00e1nime del Consejo.\u00a0<a class=\"mce\" href=\"https:\/\/elpais.com\/diario\/1997\/04\/26\/espana\/862005606_850215.html\" target=\"_blank\" rel=\"noopener\">Nadie le vot\u00f3<\/a>. Y al rev\u00e9s, el nombramiento de Luis Navajas como Fiscal de Sala recibi\u00f3 el voto\u00a0<a class=\"mce\" href=\"http:\/\/www.libertaddigital.com\/nacional\/22-07-03-el-consejo-fiscal-aprueba-la-sustitucion-de-jimenez-villarejo-en-anticorrupcion-1275767017\/\" target=\"_blank\" rel=\"noopener\">un\u00e1nime a favor<\/a>, y aun as\u00ed, estuvo a un pelo de frustrarse. El ministro de la cosa en aquel entonces era Jose M\u00aa Michavila, ya saben, ese fervoroso cat\u00f3lico\u00a0de misa diaria, que luego no ha tenido ning\u00fan reparo en\u00a0<a class=\"mce\" href=\"http:\/\/www.elmundo.es\/loc\/2017\/02\/16\/58a604da468aeba1278b4649.html\" target=\"_blank\" rel=\"noopener\">vivir en pecado con una mujer divorciada<\/a>, all\u00e1 cada cual con sus creencias, o en compatibilizar su acta de diputado con la llevanza de los\u00a0<a class=\"mce\" href=\"https:\/\/elpais.com\/diario\/2007\/01\/10\/ultima\/1168383601_850215.html\" target=\"_blank\" rel=\"noopener\">asuntos legales de Alejandro Sanz y Shakira<\/a>, y eso s\u00ed que es de juzgado de guardia, con perd\u00f3n.\u00a0<\/span><\/p>\n<p class=\"mce\" style=\"text-align: justify;\"><span style=\"font-size: 14pt; font-family: arial, helvetica, sans-serif;\">El caso es que Mister Coherencia 2003 consideraba que Navajas era \u201cdemasiado independiente\u201d, ya que no se le conoc\u00eda adscripci\u00f3n a ninguna asociaci\u00f3n profesional, y su actitud como jefe de la Fiscal\u00eda de Guip\u00fazcoa no auguraba precisamente seguidismo partidista. Recordemos que el candidato puso patas arriba el cuartel de Intxaurrondo, al ser el primero que investig\u00f3 las andanzas del infame general Galindo, en una actuaci\u00f3n que ha terminado por ser el Santo Grial de la historia de la Justicia en Espa\u00f1a: el famoso, nunca visto y oficialmente extraviado \u201cinforme Navajas\u201d.<\/span><\/p>\n<p class=\"mce\" style=\"text-align: justify;\"><span style=\"font-size: 14pt; font-family: arial, helvetica, sans-serif;\">Pero volvamos a su elecci\u00f3n: finalmente, el Consejo presion\u00f3, y aunque Michavila trat\u00f3 de escudarse en la coartada de elegir a una mujer para el cargo, Pilar Jim\u00e9nez Valcarce, Navajas fue tambi\u00e9n nombrado Fiscal de Sala del Tribunal Supremo. \u00bfC\u00f3mo? Pues creando dos puestos donde s\u00f3lo hab\u00eda previsto uno.<\/span><\/p>\n<p class=\"mce\" style=\"text-align: justify;\"><span style=\"font-size: 14pt; font-family: arial, helvetica, sans-serif;\">Lo cual me lleva a una cuesti\u00f3n que les he dejado en el aire, la de las tres cuartas partes electas del Consejo y la cuarta no electa. Su composici\u00f3n es de doce personas, pero tres de ellas son \u201cnativas\u201d. Eso significa que forman parte del mismo porque as\u00ed lo ordena la ley, en este caso, el Estatuto Org\u00e1nico del Ministerio Fiscal. Se trata del propio Fiscal General, como es obvio; del Fiscal Jefe de la Inspecci\u00f3n, lo que tambi\u00e9n tiene su l\u00f3gica (trat\u00e1ndose de un \u00f3rgano que depura las responsabilidades disciplinarias que investiga dicha Inspecci\u00f3n), y del Teniente Fiscal del Tribunal Supremo, el n\u00famero uno del escalaf\u00f3n de la carrera. Efectivamente, si el Fiscal General es un nombramiento pol\u00edtico, que no tiene por qu\u00e9 ser fiscal (el actual, S\u00e1nchez Melgar, proviene de la Sala 2\u00aa del Tribunal Supremo, o sea, es juez de carrera), la m\u00e1xima posici\u00f3n a la que se puede llegar en la carrera fiscal por simples m\u00e9ritos profesionales es la de Teniente del Supremo.<\/span><\/p>\n<p class=\"mce\" style=\"text-align: justify;\"><span style=\"font-size: 14pt; font-family: arial, helvetica, sans-serif;\">Bien, el caso es que, por cuestiones de aritm\u00e9tica electoral y de composici\u00f3n sociol\u00f3gica, tradicionalmente las elecciones al Consejo han tenido un resultado inamovible: seis consejeros para la Asociaci\u00f3n de Fiscales (la denominada \u201cconservadora\u201d) y tres para la UPF, la Uni\u00f3n Progresista de Fiscales, al menos, desde que \u00e9sta existe. La APIF, Asociaci\u00f3n Profesional e Independiente de Fiscales, tercera en discordia, queda como eterna aspirante. Por ello, en tiempos de C\u00e1ndido Conde-Pumpido como Fiscal General, claramente alineado con la UPF, como uno de los fundadores de Jueces para la Democracia (el equivalente en la carrera judicial), hubo tambi\u00e9n nombramientos y decisiones a la contra de la mayor\u00eda del Consejo, que siempre ha sido de la AF. Ya les he dicho que esto ha funcionado siempre en las dos direcciones.<\/span><\/p>\n<p class=\"mce\" style=\"text-align: justify;\"><span style=\"font-size: 14pt; font-family: arial, helvetica, sans-serif;\">En esta \u00faltima \u201cfiesta de la democracia\u201d fiscal, inicialmente, se hab\u00eda repetido el patr\u00f3n de 6 a 3, pero con una diferencia cualitativa. No, el foro de fiscales creado en Internet no ha tenido nada que ver, o s\u00ed, o yo que s\u00e9. Pero el caso es que dos de los tres consejeros de la UPF han quedado entre los tres m\u00e1s votados globalmente, y la cuarta candidata de dicha asociaci\u00f3n se qued\u00f3 a las puertas de conseguir silla. De hecho, el resultado global apenas separaba a ambas asociaciones por unas decenas de votos, lo que vaticinaba un \u201csorpasso\u201d generacional a medio plazo, quiz\u00e1s para la pr\u00f3xima convocatoria electoral.<\/span><\/p>\n<p class=\"mce\" style=\"text-align: justify;\"><span style=\"font-size: 14pt; font-family: arial, helvetica, sans-serif;\">Pero no ha hecho falta esperar. Resulta que el recuento estaba mal hecho, y una vez revisado, uno de los seis vocales de la AF ha perdido su asiento en el Consejo en favor de la cuarta candidata de la UPF. Es decir, la correlaci\u00f3n de fuerzas entre los nueve electos queda 5 a 4. \u00bfY que pasa con los nativos? Pues poco les puedo decir del FGE, ni del Fiscal Inspector, aunque el primero ya se ha mostrado rebelde en alg\u00fan nombramiento, y del segundo se habla en los t\u00e9rminos m\u00e1s elogiosos\u00a0<a class=\"mce\" href=\"http:\/\/justiciaimparcial.blogspot.com.es\/2015\/02\/fausto-cartagena.html\" target=\"_blank\" rel=\"noopener\">por compa\u00f1eros<\/a>\u00a0que son cualquier cosa menos tibios en sus cr\u00edticas al poder establecido. Pero el Teniente Fiscal del Supremo, el n\u00ba 1 del escalaf\u00f3n de la carrera y que puede romper muchos empates, es Luis Navajas Ramos. El \u00abdemasiado independiente\u00bb.<\/span><\/p>\n<p class=\"mce\" style=\"text-align: justify;\"><span style=\"font-size: 14pt; font-family: arial, helvetica, sans-serif;\">Se acab\u00f3 el rodillo visto en votaciones como las que llevaron a\u00a0<a class=\"mce\" href=\"https:\/\/www.eldiario.es\/politica\/Manuel-Moix_0_615239190.html\" target=\"_blank\" rel=\"noopener\">Manuel Moix<\/a>\u00a0a la jefatura de la Fiscal\u00eda Anticorrupci\u00f3n y a Jes\u00fas Alonso a la Fiscal\u00eda de la Audiencia Nacional.\u00a0 Como les dec\u00eda, se avecinan tiempos interesantes.<\/span><\/p>\n<\/blockquote>\n<p style=\"text-align: center;\"><span style=\"font-size: 14pt;\">\u2666<\/span><span style=\"color: #339966; font-size: 14pt;\">\u2666<\/span><span style=\"font-size: 14pt;\">\u2666<\/span><span style=\"color: #339966; font-size: 14pt;\">\u2666<\/span><span style=\"font-size: 14pt;\">\u2666<\/span><span style=\"color: #339966; font-size: 14pt;\">\u2666<\/span><span style=\"font-size: 14pt;\">\u2666<\/span><\/p>\n<p>&nbsp;<\/p>\n<p><strong>SUMARIO PARTE II\u00a0<\/strong>(\u00a0Del lunes 2-4-18 al domingo 8-4-18):<\/p>\n<h4><a href=\"https:\/\/puntocritico.com\/2018\/04\/09\/hoja-del-lunes-lawfare-asi-se-llama-la-corrupcion-judicial-en-el-siglo-xxi-parte-i\/\">HOJA DEL LUNES: LAWFARE, as\u00ed se llama la Corrupci\u00f3n Judicial en el Siglo XXI (Parte I)<\/a><\/h4>\n<p><a id=\"ref42\"><\/a><a href=\"#ref42a\">[42] La maldici\u00f3n, por Teniente Kaffee<\/a><br \/>\n<a id=\"ref43a\"><\/a><a href=\"#ref43\">[43] Restricciones mentales, por Elisa Beni<\/a><br \/>\n<a id=\"ref44a\"><\/a><a href=\"#ref44\">[44] Preg\u00fantenle a la Universidad. por Javier P\u00e9rez Royo<\/a><br \/>\n<a id=\"ref45a\"><\/a><a href=\"#ref45\">[45] Una localidad de Sevilla \u00ablincha\u00bb a la mu\u00f1eca de Ana Julia, la asesina confesa del ni\u00f1o Gabriel, por\u00a0 eldiarioand<\/a><br \/>\n<a id=\"ref46a\"><\/a><a href=\"#ref46\">[46] El juez que firm\u00f3 el fallo contra Valtonyc pidi\u00f3 c\u00e1rcel para un tuitero obviando la reciente sentencia del TEDH, por ALEJANDRO TORR\u00daS<\/a><br \/>\n<a id=\"ref47a\"><\/a><a href=\"#ref47\">[47] La hepatitis C: un problema mundial de salud, por Germ\u00e1n Vel\u00e1squez<\/a><br \/>\n<a id=\"ref48a\"><\/a><a href=\"#ref48\">[48] \u00c9tica y Universidad, por Carlos Berzosa<\/a><br \/>\n<a id=\"ref49a\"><\/a><a href=\"#ref49a\">[49] LEY DE CONCURSO DE ACREEDORES: EL AMPARO JUDICIAL PARA ROBAR A LOS TRABAJADORES,por TOM\u00c1S F. RUIZ<\/a><br \/>\n<a id=\"ref50a\"><\/a><a href=\"#ref50\">[50] Dos fondos de EE UU abren una causa contra el Santander en Nueva York para pedir informaci\u00f3n sobre Popular, por Europa Press<\/a><br \/>\n<a id=\"ref51a\"><\/a><a href=\"#ref51\">[51] La Audiencia Nacional deja en libertad a Falciani pero le somete a una estricta vigilancia, por Pedro \u00c1gueda<\/a><br \/>\n<a id=\"ref52a\"><\/a><a href=\"#ref52\">[52] Narbona y otros tres exministros, citados para dar explicaciones sobre la financiaci\u00f3n del PSPV, por ABC<\/a><br \/>\n<a id=\"ref53a\"><\/a><a href=\"#ref53\">[53] Hablemos de la universidad, por\u00a0JOS\u00c9 ANTONIO P\u00c9REZ TAPIAS\u00a0<\/a><br \/>\n<a id=\"ref54a\"><\/a><a href=\"#ref54\">[54] Manual para hacer el rid\u00edculo, por Juan Carlos Escudier<\/a><br \/>\n<a id=\"ref55a\"><\/a><a href=\"#ref55\">[55] El Tribunal Supremo se queda solo frente a la rebeli\u00f3n, CARLOTA GUINDAL<\/a><br \/>\n<a id=\"ref56a\"><\/a><a href=\"#ref56\">[56] La Fiscal\u00eda belga investiga el uso de dispositivos de geolocalizaci\u00f3n para rastrear el coche de Puigdemont, por Europa Press<\/a><br \/>\n<a id=\"ref57a\"><\/a><a href=\"#ref57\">[57] Suiza dice que Falciani \u201cno ser\u00e1 moneda de cambio\u201d por Rovira y Gabriel, por lavanguardia.com<\/a><br \/>\n<a id=\"ref58a\"><\/a><a href=\"#ref58\">[58] La libertad de Puigdemont, en la prensa internacional, por MIRIAM ELIES<\/a><br \/>\n<a id=\"ref59a\"><\/a><a href=\"#ref59\">[59] Un tribunal alem\u00e1n hace tambalear la causa del Tribunal Supremo contra el proc\u00e9s, por Pedro \u00c1gueda <\/a><br \/>\n<a id=\"ref60a\"><\/a><a href=\"#ref60\">[60] Com\u00edn, Serret y Puig, en libertad sin fianza y con medidas cautelares mientras se resuelve la euroorden, por EUROPA PRESS<\/a><br \/>\n<a id=\"ref61a\"><\/a><a href=\"#ref61\">[61] As\u00ed fluct\u00faa el precio de tus datos personales en la bolsa de Facebook, por Carlos del Castillo<\/a><br \/>\n<a id=\"ref62a\"><\/a><a href=\"#ref62\">[62] El responsable del m\u00e1ster de Cifuentes admite la falsificaci\u00f3n del acta y acusa al rector, por eldiario.es<\/a><br \/>\n<a id=\"ref63a\"><\/a><a href=\"#ref63\">[63] El gozo de la verdad, por Elisa Beni<\/a><br \/>\n<a id=\"ref64a\"><\/a><a href=\"#ref64\">[64] Los jueces alemanes entran en el proc\u00e9s, por Joaqu\u00edn Urias<\/a><br \/>\n<a id=\"ref65a\"><\/a><a href=\"#ref65\">[65] No es (solo) por Jos\u00e9 Couso, por Carlos Hern\u00e1ndez<\/a><br \/>\n<a id=\"ref66a\"><\/a><a href=\"#ref66\">[66] Una instrucci\u00f3n plagada de vulneraciones de los derechos fundamentales, por Javier P\u00e9rez Royo<\/a><br \/>\n<a id=\"ref67a\"><\/a><a href=\"#ref67\">[67] La Convenci\u00f3n del M\u00e1ster Presidente Rajoy, por Fernando L\u00f3pez Agud\u00edn<\/a><br \/>\n<a id=\"ref68a\"><\/a><a href=\"#ref68\">[68] Entrevista a Ian Gibson: la derecha espa\u00f1ola lleva el franquismo en sus genes, por Luis Garc\u00eda Casas<\/a><br \/>\n<a id=\"ref69a\"><\/a><a href=\"#ref69\">[69] PODEMOS SE UNE A LA CAMPA\u00d1A DE CRIMIALIZACI\u00d3N DE LOS \u00abCOMIT\u00c9S DE DEFENSA DE LA REP\u00daBLICA\u00bb, Por ARTURO INGLOTT<\/a><br \/>\n<a id=\"ref70a\"><\/a><a href=\"#ref70\">[70] EL SECRETARIO DE ORGANIZACI\u00d3N DEL PSOE DICE QUE LOS CDR CATALANES FUERON INVENTADOS POR CUBA Y NICARAGUA, por\u00a0ADAY QUESADA<\/a><br \/>\n<a id=\"ref71a\"><\/a><a href=\"#ref71\">[71] CORONEL MART\u00cdNEZ INGL\u00c9S: EL DEMONIO DEL FRANQUISMO ESTABA ESCONDIDO EN EL 155, por\u00a0CORONEL AMADEO MART\u00cdNEZ INGL\u00c9S<\/a><br \/>\n<a id=\"ref72a\"><\/a><a href=\"#ref72\">[72] \u00a1Malditos alemanes!, por An\u00edbal Malvar<\/a><br \/>\n<a id=\"ref73a\"><\/a><a href=\"#ref73\">[73]Podemos, \u00fanico partido que sube en la encuesta de Metroscopia, que da como ganador a Ciudadanos, por EFE<\/a><br \/>\n<a id=\"ref74a\"><\/a><a href=\"#ref74\">[74] \u00abNo voy a permitir que Barcelona se parta en dos, voy a luchar por una ciudad orgullosa de su pluralidad\u201d, por Andr\u00e9s Gil \/ Neus Tom\u00e0s<\/a><br \/>\n<a id=\"ref75a\"><\/a><a href=\"#ref75\">[75] \u00bfError Puigdemont o error Junqueras?, por Javier P\u00e9rez Royo<\/a><br \/>\n<a id=\"ref76a\"><\/a><a href=\"#ref76\">[76] Llarena como Einstei, por ELISA BEN<\/a><br \/>\n<a id=\"ref77a\"><\/a><a href=\"#ref77\">[77] Un ex secretario local de Organizaci\u00f3n dice que en la campa\u00f1a socialista de 2007 en Alicante ocurr\u00eda \u00abcomo en la G\u00fcrtel\u00bb, por eldiariocv <\/a><br \/>\n<a id=\"ref78a\"><\/a><a href=\"#ref78\">[78] FAUSTO CARTAGENA, por Salvador Viada<\/a><\/p>\n<h4><a href=\"https:\/\/puntocritico.com\/2018\/04\/09\/hoja-del-lunes-lawfare-asi-se-llama-la-corrupcion-judicial-en-el-siglo-xxi-parte-i\/\">HOJA DEL LUNES: LAWFARE, as\u00ed se llama la Corrupci\u00f3n Judicial en el Siglo XXI (Parte I)<\/a><\/h4>\n<p style=\"text-align: center;\"><span style=\"font-size: 14pt;\">\u2666<\/span><span style=\"color: #339966; font-size: 14pt;\">\u2666<\/span><span style=\"font-size: 14pt;\">\u2666<\/span><span style=\"color: #339966; font-size: 14pt;\">\u2666<\/span><span style=\"font-size: 14pt;\">\u2666<\/span><span style=\"color: #339966; font-size: 14pt;\">\u2666<\/span><span style=\"font-size: 14pt;\">\u2666<\/span><\/p>\n<p>&nbsp;<\/p>\n<header class=\"nav-up\">\n<h1 class=\"pg-headline\" style=\"text-align: center;\"><a id=\"ref43\"><\/a><a href=\"#ref43a\">[43]<\/a> Restricciones mentales<\/h1>\n<\/header>\n<p><span style=\"font-size: 14pt;\">Por Elisa Beni<\/span><\/p>\n<div><span style=\"color: #339966;\">Art\u00edculo publicado el 4 de abril de 2018 en<\/span><\/div>\n<div><span style=\"color: #339966;\"><a style=\"color: #339966;\" href=\"https:\/\/www.eldiario.es\/zonacritica\/Restricciones-mentales_6_757384282.html\" target=\"_blank\" rel=\"noopener\">https:\/\/www.eldiario.es\/zonacritica\/Restricciones-mentales_6_757384282.html<\/a><\/span><\/div>\n<div>\u00a0<\/div>\n<header class=\"nav-up\">\n<div class=\"inset cf\">\n<figure class=\"media-holder\"><img loading=\"lazy\" decoding=\"async\" class=\"aligncenter\" src=\"https:\/\/www.eldiario.es\/politica\/Cifuentes-cordura-politica-cumplimiento-Constitucion_EDIIMA20171010_0206_19.jpg\" alt=\"Cifuentes llama a la &quot;cordura pol\u00edtica&quot; y al cumplimiento de la Constituci\u00f3n\" width=\"643\" height=\"362\" \/><\/figure>\n<\/div>\n<\/header>\n<div class=\"pg-body\">\n<div class=\"mce-body mce\">\n<p>&nbsp;<\/p>\n<blockquote>\n<p class=\"mce\"><span style=\"color: #008000;\"><strong><span style=\"font-size: 14pt; font-family: arial, helvetica, sans-serif;\">Yo no o\u00ed ninguna muestra de indignaci\u00f3n por la puesta en duda de su trabajo. No o\u00ed decir: yo estudi\u00e9, yo saqu\u00e9 horas de d\u00f3nde no ten\u00eda para poder preparar las asignaturas, yo me esforc\u00e9 por no faltar a los ex\u00e1menes y por conciliar mi trabajo, mis estudios y mi familia<\/span><\/strong><\/span><\/p>\n<\/blockquote>\n<p>&nbsp;<\/p>\n<p class=\"mce\" style=\"text-align: justify;\"><span style=\"font-size: 14pt; font-family: arial, helvetica, sans-serif;\">No es \u00fanico el pecado contra la verdad. Contra la verdad no s\u00f3lo falta la mentira sino tambi\u00e9n la falsedad, la simulaci\u00f3n, la hipocres\u00eda, la anfibolog\u00eda y la restricci\u00f3n mental. De todo hubo en el pleno de la Asamblea. Cifuentes, ante la duda de si ha cursado un m\u00e1ster en la Universidad Rey Juan Carlos, nos prob\u00f3 tener uno, pero en jesuitismo. No en vano fueron los jesuitas los que llevaron al extremo la perversi\u00f3n de la doctrina de la restricci\u00f3n mental.<\/span><\/p>\n<p class=\"mce\" style=\"text-align: justify;\"><span style=\"font-size: 14pt; font-family: arial, helvetica, sans-serif;\">Cuentan los que saben que San Francisco de As\u00eds estaba en un camino cuando pas\u00f3 corriendo la fuerza del orden buscando a un fugitivo al que persegu\u00edan sin motivo. Pregunt\u00e1ronle al santo: \u00bfha pasado por aqu\u00ed un hombre corriendo? y Francisco, meti\u00e9ndose las manos en las amplias mangas del h\u00e1bito contest\u00f3: \u201cpor aqu\u00ed no ha pasado\u201d. Eso es un ejemplo cl\u00e1sico de restricci\u00f3n mental. No, por sus mangas no hab\u00eda pasado nadie. La presidenta de la Comunidad ayer, m\u00e1s contempor\u00e1nea, bord\u00f3 los ejemplos a su manera: \u201cHe demostrado que todas las asignaturas fueron calificadas y aprobadas\u201d, dijo, pero obvi\u00f3 comentar si fueron estudiadas y si se someti\u00f3 a los ex\u00e1menes. Quiz\u00e1 estaba cruzando los dedos tras el amb\u00f3n. \u201cLo dicho lo han desmentido los docentes y lo ha confirmado la Universidad\u201d, claro, pero con la restricci\u00f3n previa de obviar si \u00e9stos mintieron o falsearon para poder apoyarla.<\/span><\/p>\n<p class=\"mce\" style=\"text-align: justify;\"><span style=\"font-size: 14pt; font-family: arial, helvetica, sans-serif;\">No se si un estudiante hubiera hablado nunca en esos t\u00e9rminos de sus esfuerzos intelectuales. Yo no o\u00ed ninguna muestra de indignaci\u00f3n por la puesta en duda de su trabajo. No o\u00ed decir: yo estudi\u00e9, yo saqu\u00e9 horas de d\u00f3nde no ten\u00eda para poder preparar las asignaturas, yo me esforc\u00e9 por no faltar a los ex\u00e1menes y por conciliar mi trabajo, mis estudios y mi familia. No o\u00ed: aqu\u00ed est\u00e1 el fruto acad\u00e9mico de mi mente.<\/span><\/p>\n<p class=\"mce\" style=\"text-align: justify;\"><span style=\"font-size: 14pt; font-family: arial, helvetica, sans-serif;\">La \u00fanica situaci\u00f3n real es que este diario ha puesto sobre la mesa una serie de hechos adverados por documentaci\u00f3n que nadie ha desmentido. Esos hechos remiten en pura l\u00f3gica a la existencia de irregularidades en la obtenci\u00f3n de la titulaci\u00f3n acad\u00e9mica que Cifuentes no pod\u00eda desconocer. A la presidenta s\u00f3lo le cab\u00eda o demostrar que tales hechos eran falsos o dotarles de una explicaci\u00f3n que permitiera integrarlos en un relato f\u00e1ctico, coherente, l\u00f3gico y totalmente legal. Ninguna estas cosas se hizo ayer. Me temo que nadie va a pedirnos perd\u00f3n por el insulto a la inteligencia que sufrimos los ciudadanos en el transcurso del pleno.<\/span><\/p>\n<p class=\"mce\" style=\"text-align: justify;\"><span style=\"font-size: 14pt; font-family: arial, helvetica, sans-serif;\">Esto ha sido una digresi\u00f3n porque yo no quer\u00eda hablarles de Cifuentes. Yo quer\u00eda hablarles de los dem\u00e1s, de los que tienen obligaciones que no cumplen pero tambi\u00e9n de los que mediante la hipocres\u00eda y la simulaci\u00f3n obvian sus compromisos para obtener r\u00e9ditos.<\/span><\/p>\n<p class=\"mce\" style=\"text-align: justify;\"><span style=\"font-size: 14pt; font-family: arial, helvetica, sans-serif;\">Yo quer\u00eda hablar de la Fiscal\u00eda de Madrid, que permanece extra\u00f1amente inactiva tras tener\u00a0<em class=\"mce\">notitia criminis<\/em>\u00a0de la posible comisi\u00f3n de delitos de falsedad documental y prevaricaci\u00f3n en una entidad p\u00fablica que ponen en cuesti\u00f3n valores tan fundamentales para la sociedad como la credibilidad de su educaci\u00f3n superior y de los t\u00edtulos habilitantes surgidos de la misma. Miles de ciudadanos ven cuestionado as\u00ed su m\u00e9rito. La Fiscal\u00eda de Madrid no ha abierto diligencias ni tras la denuncia realizada por las asociaciones de estudiantes ni tras el conocimiento directo a trav\u00e9s de los documentos publicados por los medios de comunicaci\u00f3n. Curioso, porque sus colegas de la Audiencia Nacional han corrido a abrir unas diligencias de hechos sucedidos en un territorio que tiene sus propios \u00f3rganos jurisdiccionales sin haber sido excitado su celo por denuncia alguna. Cosas de la lucha por la integridad de la patria.<\/span><\/p>\n<p class=\"mce\" style=\"text-align: justify;\"><span style=\"font-size: 14pt; font-family: arial, helvetica, sans-serif;\">Mala cosa. La Fiscal\u00eda de Madrid estuvo muy infiltrada en las \u00e9pocas de Esperanza Aguirre, cuando era comandada por el inefable Moix sin que supi\u00e9ramos a\u00fan de sus secretos en para\u00edsos fiscales. Lo estuvo y qued\u00f3 demostrado en m\u00faltiples procedimientos. Ser\u00eda el momento de mostrar que las cosas han cambiado y que ni las diligencias ni las querellas se ponen al dictado del poder de la Comunidad ni se mira para otro lado cuando hechos graves de \u00edndole penal pueden perjudicar a este.<\/span><\/p>\n<p class=\"mce\" style=\"text-align: justify;\"><span style=\"font-size: 14pt; font-family: arial, helvetica, sans-serif;\">La Fiscal\u00eda ni est\u00e1 ni se le espera, mientras existen indicios claros de la posible comisi\u00f3n de varios delitos por miembros de la comunidad acad\u00e9mica y en el colmo del desprop\u00f3sito es la propia Cifuentes la que dice haber acabado judicializando la acci\u00f3n informativa de este medio. La querella no tiene ning\u00fan viso de prosperar pero le habr\u00e1 servido para poner cuestionar los hechos adverados y para mandar el aviso a los periodistas y medios que quieran seguir por esa senda. El miedo guarda la vi\u00f1a. Tendr\u00e1 que suceder pues que personas individuales o asociaciones utilicen de nuevo la figura de la acusaci\u00f3n popular para llevar ante un juez imparcial la investigaci\u00f3n de lo que sucedi\u00f3 en el interior de la Universidad Rey Juan Carlos porque a estas alturas ni siquiera el expediente interno va a servir de nada. Ya se ha publicado que se han llevado a cabo reuniones en despachos de abogados para nutrir de versiones exculpatorias y coincidentes a las personas que tendr\u00e1n que declarar en el mismo. S\u00f3lo la fuerza disuasoria del castigo penal conseguir\u00e1 que mane la verdad que se intenta amordazar.<\/span><\/p>\n<p class=\"mce\" style=\"text-align: justify;\"><span style=\"font-size: 14pt; font-family: arial, helvetica, sans-serif;\">Yo quer\u00eda hablarles tambi\u00e9n de ese partido llamado Ciudadanos que se ha revestido con el adorno de la regeneraci\u00f3n y que, hasta ahora, ha vacilado cada vez que ha tenido la oportunidad de hacer cumplir sus pactos de limpieza si estos conllevaban la ca\u00edda de un gobierno del Partido Popular. La explicaci\u00f3n, la daba de nuevo Cifuentes con una jesu\u00edtica interpretaci\u00f3n del pacto: el punto 3 dice que se dimitir\u00e1 si se falsea un curr\u00edculum y ella no lo ha falseado puesto que el t\u00edtulo ha sido emitido, sin importar en que circunstancias. Como le escribi\u00f3 Luis XI a su hijo: \u201cNo sabe gobernar quien no sabe simular\u201d\u00a0 y parece que en eso los pol\u00edticos espa\u00f1oles s\u00ed han hecho un m\u00e1ster.<\/span><\/p>\n<\/div>\n<\/div>\n<p><a href=\"https:\/\/puntocritico.com\/ausajpuntocritico\/wp-content\/uploads\/2018\/03\/Mosca_Punto_Cr\u00edtico_40.png\" rel=\"lightbox[10694]\"><img loading=\"lazy\" decoding=\"async\" class=\"aligncenter wp-image-9528\" src=\"https:\/\/puntocritico.com\/ausajpuntocritico\/wp-content\/uploads\/2018\/03\/Mosca_Punto_Cr\u00edtico_40.png\" alt=\"\" width=\"40\" height=\"40\" \/><\/a><\/p>\n<h1 class=\"pg-headline\" style=\"text-align: center;\"><a id=\"ref44\"><\/a><a href=\"#ref44a\">[44]<\/a> Preg\u00fantenle a la Universidad<\/h1>\n<p>Por JAVIER P\u00c9REZ ROYO<\/p>\n<div><span style=\"color: #339966;\">Art\u00edculo publicado el 4 de abril de 2018 en<\/span><\/div>\n<div><span style=\"color: #339966;\"><a style=\"color: #339966;\" href=\"https:\/\/www.eldiario.es\/zonacritica\/Preguntenle-Universidad_6_757384284.html\" target=\"_blank\" rel=\"noopener\">https:\/\/www.eldiario.es\/zonacritica\/Preguntenle-Universidad_6_757384284.html<\/a><\/span><\/div>\n<div>\u00a0<\/div>\n<p><a href=\"https:\/\/puntocritico.com\/ausajpuntocritico\/wp-content\/uploads\/2018\/04\/cristina-cifuentes.jpg\" rel=\"lightbox[10694]\"><img loading=\"lazy\" decoding=\"async\" class=\"aligncenter wp-image-10854 size-mh-magazine-content\" src=\"https:\/\/puntocritico.com\/ausajpuntocritico\/wp-content\/uploads\/2018\/04\/cristina-cifuentes-678x381.jpg\" alt=\"\" width=\"678\" height=\"381\" srcset=\"https:\/\/puntocritico.com\/ausajpuntocritico\/wp-content\/uploads\/2018\/04\/cristina-cifuentes-678x381.jpg 678w, https:\/\/puntocritico.com\/ausajpuntocritico\/wp-content\/uploads\/2018\/04\/cristina-cifuentes-300x169.jpg 300w, https:\/\/puntocritico.com\/ausajpuntocritico\/wp-content\/uploads\/2018\/04\/cristina-cifuentes-768x433.jpg 768w, https:\/\/puntocritico.com\/ausajpuntocritico\/wp-content\/uploads\/2018\/04\/cristina-cifuentes.jpg 990w\" sizes=\"auto, (max-width: 678px) 100vw, 678px\" \/><\/a><\/p>\n<div>\u00a0<\/div>\n<div>\u00a0<\/div>\n<blockquote>\n<div style=\"text-align: justify;\"><strong><span style=\"font-family: arial, helvetica, sans-serif; font-size: 14pt; color: #008000;\">Cristina Cifuentes sabe que el PP ha decidido que no tiene otra alternativa, que el PP ha ligado su futuro al suyo. Sabe, por tanto, que \u201csu verdad\u201d va a ser la \u201cverdad\u201d del PP<\/span><\/strong><\/div>\n<\/blockquote>\n<div>\n<p class=\"mce\" style=\"text-align: justify;\"><span style=\"font-family: arial, helvetica, sans-serif; font-size: 14pt;\">Ayer tuvimos ocasi\u00f3n de comprobar que Madrid es Madrid. O lo que es lo mismo, que Madrid no es Murcia. Me imagino que Ciudadanos se habr\u00e1 dado cuenta. \u00a0El Presidente de la Comunidad Aut\u00f3noma de Murcia fue sostenido por la direcci\u00f3n nacional del PP frente a la presi\u00f3n de Ciudadanos durante bastante tiempo, pero al final lo forz\u00f3 a dimitir. La Presidenta de la Comunidad Aut\u00f3noma de Madrid no solamente ha sido sostenida, sino que, en el momento decisivo, el PP ha cerrado filas en torno a ella. El Presidente del Gobierno la telefone\u00f3 por la ma\u00f1ana para darle su apoyo y los parlamentarios del PP en la Comunidad de Madrid acudieron al Pleno por la tarde instruidos no simplemente para apoyarla, sino para jalearla, como hacen los aficionados de un equipo cuando acuden a un partido decisivo.<\/span><\/p>\n<p class=\"mce\" style=\"text-align: justify;\"><span style=\"font-family: arial, helvetica, sans-serif; font-size: 14pt;\">El PP ha ligado su suerte a la de la Presidenta de Madrid. Ha llegado, sin duda, a la conclusi\u00f3n de que as\u00ed como una crisis en la Presidencia de la Comunidad de Murcia no supon\u00eda ninguna amenaza para el PP a ning\u00fan nivel y, por supuesto, a nivel nacional, en Madrid no es as\u00ed. No era solamente la supervivencia del PP como un partido competitivo en la comunidad de Madrid lo que estaba en juego, sino que era la propia supervivencia en tal condici\u00f3n del Partido en toda Espa\u00f1a lo que estaba en la balanza. En Murcia se puede ceder. En Madrid, no.\u00a0<\/span><\/p>\n<p class=\"mce\" style=\"text-align: justify;\"><span style=\"font-family: arial, helvetica, sans-serif; font-size: 14pt;\">Cuando Cristina Cifuentes interviene en el Pleno lo sabe. Sabe que va a ser respaldada por todo el PP sin la menor fisura en la versi\u00f3n que proporcione acerca de la forma en que se matricul\u00f3 y curs\u00f3 el m\u00e1ster, as\u00ed como acerca de la forma en que obtuvo las calificaciones en las diversas asignaturas, incluido el Trabajo de Fin de M\u00e1ster. Cristina Cifuentes sabe que el PP ha decidido que no tiene otra alternativa, que el PP ha ligado su futuro al suyo. Sabe, por tanto, que \u201csu verdad\u201d va\u00a0 a ser la \u201cverdad\u201d del PP.<\/span><\/p>\n<p class=\"mce\" style=\"text-align: justify;\"><span style=\"font-family: arial, helvetica, sans-serif; font-size: 14pt;\">Ese apoyo sin fisuras de todo el PP exige una intervenci\u00f3n sin fisuras por parte de la Presidenta. Y as\u00ed lo hizo. \u00a0Hay una matr\u00edcula, unas actas con unas calificaciones, un t\u00edtulo oficial emitido por la Universidad y nada m\u00e1s. No ha habido ninguna irregularidad. Todo es verdad. \u00a0Si el Trabajo de Fin de M\u00e1ster no aparece, no es un problema suyo, sino de la Universidad, a la que ella ha autorizado para que lo haga p\u00fablico. Preg\u00fantenle a la Universidad por qu\u00e9 no aparece. Si el acta de celebraci\u00f3n de la defensa p\u00fablica del Trabajo de Fin de M\u00e1ster no es del d\u00eda en que tuvo lugar dicha defensa p\u00fablica en 2012, sino de hace quince d\u00edas y si las firmas de dos de la tres profesoras que figuran en dicha acta han sido falsificadas, tampoco es problema suyo, sino de la Universidad. Preg\u00fantenle a la Universidad. Y as\u00ed sucesivamente. No es mi credibilidad personal, sino la credibilidad de la Universidad lo que est\u00e1 en juego. Mi palabra tiene la credibilidad que le dan las actas y el t\u00edtulo emitido por la Universidad. Si ha habido fraude, lo habr\u00e1 cometido la Universidad. Yo no.<\/span><\/p>\n<p class=\"mce\" style=\"text-align: justify;\"><span style=\"font-family: arial, helvetica, sans-serif; font-size: 14pt;\">Para Cristina Cifuentes y el PP nada de lo que se ha publicado por eldiario.es es informaci\u00f3n \u201cveraz\u201d. No es veraz con respecto a su conducta. Si hay algo de veracidad, ser\u00e1 respecto de la conducta de la Universidad. Respecto de ella, no ha habido ejercicio del derecho reconocido y protegido por el art\u00edculo 20.1.d) de la Constituci\u00f3n, sino que se ha producido una intromisi\u00f3n ileg\u00edtima a su honor, raz\u00f3n por la cual se va a querellar contra los dos periodistas \u00a0que han destapado la informaci\u00f3n.<\/span><\/p>\n<p class=\"mce\" style=\"text-align: justify;\"><span style=\"font-family: arial, helvetica, sans-serif; font-size: 14pt;\">En estos t\u00e9rminos ha decidido, no solamente Cristina Cifuentes, sino el PP en su totalidad, plantear el debate ante la opini\u00f3n p\u00fablica. Todo o nada. Palabra de Cristina Cifuentes, que es palabra del PP, contra la informaci\u00f3n publicada tras una investigaci\u00f3n acreditada en eldiario.es y El Confidencial, de la que se han hecho eco los dem\u00e1s medios de comunicaci\u00f3n de todo el Estado.<\/span><\/p>\n<p class=\"mce\" style=\"text-align: justify;\"><span style=\"font-family: arial, helvetica, sans-serif; font-size: 14pt;\">Previsiblemente, en la Convenci\u00f3n del PP que se va a celebrar en Sevilla este fin de semana se escenificar\u00e1 la continuidad de la sesi\u00f3n parlamentaria de ayer con \u00a0un cierre de filas en torno a la Presidenta de la Comunidad de Madrid. El Presidente del Gobierno se encargar\u00e1 de reiterarnos que las explicaciones ya han sido dadas y hay que pasar la p\u00e1gina de una pol\u00e9mica est\u00e9ril.<\/span><\/p>\n<p class=\"mce\" style=\"text-align: justify;\"><span style=\"font-family: arial, helvetica, sans-serif; font-size: 14pt;\">Pero los hechos son testarudos y, por lo tanto, ayer no se puso punto final a nada. Entre otras cosas, porque lo que se puso en cuesti\u00f3n con la intervenci\u00f3n de la Presidenta de la Comunidad de Madrid, avalada por el Presidente del Gobierno, fue la credibilidad de la Universidad P\u00fablica espa\u00f1ola, (no solamente la de la Universidad Rey Juan Carlos), que no puede permitir que las cosas se queden como Cristina Cifuentes y Mariano Rajoy las han planteado.<\/span><\/p>\n<p class=\"mce\" style=\"text-align: justify;\"><span style=\"font-family: arial, helvetica, sans-serif; font-size: 14pt;\">La sociedad tiene que tener confianza en los t\u00edtulos universitarios y con la estrategia que pusieron en pr\u00e1ctica en el d\u00eda de ayer Cristina Cifuentes y el PP no es posible que la tenga. El coste va a ser terrible. Pero no solamente para quien ha obtenido un t\u00edtulo de manera fraudulenta, sino para todos.\u00a0<\/span><\/p>\n<\/div>\n<div>\u00a0<\/div>\n<p><a href=\"https:\/\/puntocritico.com\/ausajpuntocritico\/wp-content\/uploads\/2018\/03\/Mosca_Punto_Cr\u00edtico_40.png\" rel=\"lightbox[10694]\"><img loading=\"lazy\" decoding=\"async\" class=\"aligncenter wp-image-9528\" src=\"https:\/\/puntocritico.com\/ausajpuntocritico\/wp-content\/uploads\/2018\/03\/Mosca_Punto_Cr\u00edtico_40.png\" alt=\"\" width=\"40\" height=\"40\" \/><\/a><\/p>\n<h1 class=\"pg-headline\" style=\"text-align: center;\"><a id=\"ref45\"><\/a><a href=\"#ref45a\">[45]<\/a> Una localidad de Sevilla \u00ablincha\u00bb a la mu\u00f1eca de Ana Julia, la asesina confesa del ni\u00f1o Gabriel<\/h1>\n<p><span style=\"font-size: 14pt;\">Por\u00a0 eldiarioand<\/span><\/p>\n<div><span style=\"color: #339966;\">Art\u00edculo publicado el 4 de abril de 2018 en<\/span><\/div>\n<div><span style=\"color: #339966;\"><a style=\"color: #339966;\" href=\"https:\/\/www.eldiario.es\/andalucia\/sevilla\/localidad-Sevilla-Ana-Julia-Gabriel_0_757325133.html\" target=\"_blank\" rel=\"noopener\">https:\/\/www.eldiario.es\/andalucia\/sevilla\/localidad-Sevilla-Ana-Julia-Gabriel_0_757325133.html<\/a><\/span><\/div>\n<div>\u00a0<\/div>\n<div>\u00a0<\/div>\n<figure id=\"attachment_10792\" aria-describedby=\"caption-attachment-10792\" style=\"width: 643px\" class=\"wp-caption aligncenter\"><a href=\"https:\/\/puntocritico.com\/ausajpuntocritico\/wp-content\/uploads\/2018\/04\/Imagen-Coripe-Ana-Julia-Gabriel_EDIIMA20180404_0829_5.jpg\" rel=\"lightbox[10694]\"><img loading=\"lazy\" decoding=\"async\" class=\"wp-image-10792 size-full\" src=\"https:\/\/puntocritico.com\/ausajpuntocritico\/wp-content\/uploads\/2018\/04\/Imagen-Coripe-Ana-Julia-Gabriel_EDIIMA20180404_0829_5.jpg\" alt=\"\" width=\"643\" height=\"459\" srcset=\"https:\/\/puntocritico.com\/ausajpuntocritico\/wp-content\/uploads\/2018\/04\/Imagen-Coripe-Ana-Julia-Gabriel_EDIIMA20180404_0829_5.jpg 643w, https:\/\/puntocritico.com\/ausajpuntocritico\/wp-content\/uploads\/2018\/04\/Imagen-Coripe-Ana-Julia-Gabriel_EDIIMA20180404_0829_5-300x214.jpg 300w\" sizes=\"auto, (max-width: 643px) 100vw, 643px\" \/><\/a><figcaption id=\"caption-attachment-10792\" class=\"wp-caption-text\"><span style=\"font-size: 10pt; color: #339966;\"><strong>Imagen del linchamiento en Coripe a la mu\u00f1eca de Ana Julia, la asesina confesa del ni\u00f1o Gabriel<\/strong><\/span><\/figcaption><\/figure>\n<blockquote>\n<p style=\"text-align: justify;\"><span style=\"font-size: 14pt; font-family: arial, helvetica, sans-serif;\">Movimiento contra la Intolerancia ha denunciado los hechos que han tenido lugar en Coripe a la Fiscal\u00eda de Delitos de Odio de Sevilla<\/span><\/p>\n<p style=\"text-align: justify;\"><span style=\"font-size: 14pt; font-family: arial, helvetica, sans-serif;\">Aseguran que \u00abse escucharon expresiones vejatorias y humillantes que hac\u00edan referencia a su condici\u00f3n de mujer negra, jaleando el linchamiento y la violencia\u00bb y en presencia de menores<\/span><\/p>\n<p style=\"text-align: justify;\"><span style=\"font-size: 14pt; font-family: arial, helvetica, sans-serif;\">Otros a\u00f1os, las figuras \u00ablinchadas\u00bb han sido B\u00e1rbara Rey, Eva Sannum o I\u00f1aqui Urdangar\u00edn<\/span><\/p>\n<\/blockquote>\n<div class=\"mce\">\n<div class=\"mce\" style=\"text-align: justify;\"><span style=\"font-size: 14pt; font-family: arial, helvetica, sans-serif;\">El pasado domingo de Pascua, en la localidad de Coripe, se llev\u00f3 a cabo la tradicional Quema de Judas en la Plaza principal del pueblo. Fue en este acto donde tuvo lugar el linchamiento de una mu\u00f1eca, hecha de tela y de paja, que representaba a una mujer negra, con peluca rizada, que representaba a Ana Julia, la asesina confesa del ni\u00f1o Gabriel en Almer\u00eda. La acci\u00f3n tuvo lugar \u00aben un acto popular y delante de menores, donde se profirieron vejaciones racistas y violentas\u00bb, incluidos disparos.<\/span><\/div>\n<div class=\"mce\" style=\"text-align: justify;\"><span style=\"font-size: 14pt; font-family: arial, helvetica, sans-serif;\">\u00a0<\/span><\/div>\n<div class=\"mce\" style=\"text-align: justify;\"><span style=\"font-size: 14pt; font-family: arial, helvetica, sans-serif;\">As\u00ed describe lo hechos, grabados en v\u00eddeo y reproducidos en redes sociales y alg\u00fan medio, Movimiento contra la Intolerancia, que los ha denunciado ante la Fiscal\u00eda de Delitos de Odio de Sevilla. No es la primera vez que se \u00ablincha\u00bb a una persona de manera ficticia, ya que la quema del judas es una tradici\u00f3n de la localidad calificada de inter\u00e9s tur\u00edstico. De hecho, el a\u00f1o pasado se quem\u00f3 a Barbara Rey, y en otras ocasiones a Eva Sannum, I\u00f1aqui Undargar\u00edn o el asesino de Marta del Castillo.\u00a0 La persona que se representa en la quema es elegida por el AMPA del colegio de Coripe.<\/span><\/div>\n<div class=\"mce\" style=\"text-align: justify;\"><span style=\"font-size: 14pt; font-family: arial, helvetica, sans-serif;\">\u00a0<\/span><\/div>\n<h3 style=\"text-align: justify;\"><span style=\"font-size: 14pt; font-family: arial, helvetica, sans-serif;\">Expresiones \u00abvejatorias y humillantes\u00bb<\/span><\/h3>\n<div class=\"mce\" style=\"text-align: justify;\"><span style=\"font-size: 14pt; font-family: arial, helvetica, sans-serif;\">\u00abLa citada mu\u00f1eca representativa de Ana Julia\u00a0 fue llevada\u00a0 a la plaza escoltada por unos hombres vestidos de escopeteros que antes de colgarla le atizaron varios golpes para despu\u00e9s ser\u00a0<strong class=\"mce\">tiroteada con munici\u00f3n de salva<\/strong>, hasta que empez\u00f3 a arder quem\u00e1ndose en su totalidad\u00bb, explica el comunicado de la organizaci\u00f3n. Afirman que durante los hechos \u00bb se escucharon expresiones vejatorias y humillantes que hac\u00edan referencia a su condici\u00f3n de mujer negra, jaleando el linchamiento y la violencia\u00bb. Consideran agravante que todo este suceso\u00a0 tuviera lugar en un \u00abcontexto popular\u00bb y con menores como testigos.<\/span><\/div>\n<div>\u00a0<\/div>\n<div class=\"mce\" style=\"text-align: justify;\"><span style=\"font-family: arial, helvetica, sans-serif; font-size: 14pt;\">Por todo ello, Movimiento contra la Intolerancia ha solicitado a la Fiscal\u00eda \u00abla apertura de diligencias de investigaci\u00f3n que clarifiquen responsabilidades ante estos hechos\u00bb apelando a un posible delito contra las libertades y derechos fundamentales del art\u00edculo 510 del C\u00f3digo Penal. La ONG considera que estos hechos \u00abson contrarios a los m\u00e1s elementales principios del derecho reparador y que obvian el necesario inter\u00e9s del menor que ha de ser protegido en todo momento\u00bb ya que \u00abp\u00fablicamente se fomenta el odio y la violencia hacia la mu\u00f1eca representativa de la confesa criminal del ni\u00f1o Gabriel y donde podr\u00edan desarrollarse estereotipos y prejuicios de naturaleza racista, mis\u00f3gina y xen\u00f3foba\u00bb.<\/span><\/div>\n<\/div>\n<p><a href=\"https:\/\/puntocritico.com\/ausajpuntocritico\/wp-content\/uploads\/2018\/03\/Mosca_Punto_Cr\u00edtico_40.png\" rel=\"lightbox[10694]\"><img loading=\"lazy\" decoding=\"async\" class=\"aligncenter wp-image-9528\" src=\"https:\/\/puntocritico.com\/ausajpuntocritico\/wp-content\/uploads\/2018\/03\/Mosca_Punto_Cr\u00edtico_40.png\" alt=\"\" width=\"40\" height=\"40\" \/><\/a><\/p>\n<h1>\u00a0<\/h1>\n<h1 style=\"text-align: center;\"><a id=\"ref46\"><\/a><a href=\"#ref46a\">[46]<\/a> El juez que firm\u00f3 el fallo contra Valtonyc pidi\u00f3 c\u00e1rcel para un tuitero obviando la reciente sentencia del TEDH<\/h1>\n<p><span style=\"font-size: 14pt;\">Por\u00a0ALEJANDRO TORR\u00daS<\/span><\/p>\n<div><span style=\"color: #339966;\">Art\u00edculo publicado el 4 de abril de 2018 en<\/span><\/div>\n<div><span style=\"color: #339966;\"><a style=\"color: #339966;\" href=\"http:\/\/www.publico.es\/sociedad\/libertad-expresion-argumentos-juez-firmo-sentencia-valtonyc-pedir-carcel-tuitero.html\" target=\"_blank\" rel=\"noopener\">http:\/\/www.publico.es\/sociedad\/libertad-expresion-argumentos-juez-firmo-sentencia-valtonyc-pedir-carcel-tuitero.html<\/a><\/span><\/div>\n<div>\u00a0<\/div>\n<div>\u00a0<\/div>\n<div>\n<figure id=\"attachment_10793\" aria-describedby=\"caption-attachment-10793\" style=\"width: 660px\" class=\"wp-caption aligncenter\"><a href=\"https:\/\/puntocritico.com\/ausajpuntocritico\/wp-content\/uploads\/2018\/04\/5a6f2b30a6fd4.jpg\" rel=\"lightbox[10694]\"><img loading=\"lazy\" decoding=\"async\" class=\"wp-image-10793 size-full\" src=\"https:\/\/puntocritico.com\/ausajpuntocritico\/wp-content\/uploads\/2018\/04\/5a6f2b30a6fd4.jpg\" alt=\"\" width=\"660\" height=\"340\" srcset=\"https:\/\/puntocritico.com\/ausajpuntocritico\/wp-content\/uploads\/2018\/04\/5a6f2b30a6fd4.jpg 660w, https:\/\/puntocritico.com\/ausajpuntocritico\/wp-content\/uploads\/2018\/04\/5a6f2b30a6fd4-300x155.jpg 300w\" sizes=\"auto, (max-width: 660px) 100vw, 660px\" \/><\/a><figcaption id=\"caption-attachment-10793\" class=\"wp-caption-text\"><span style=\"font-size: 10pt; color: #339966;\"><strong>El magistrado Juan Pablo Gonz\u00e1lez. EFE<\/strong><\/span><\/figcaption><\/figure>\n<\/div>\n<div>\n<blockquote>\n<p id=\"m351-350-352\" style=\"text-align: justify;\"><span style=\"font-size: 14pt; font-family: arial, helvetica, sans-serif;\">Dos d\u00edas despu\u00e9s de que el Tribunal Europeo de Derechos Humanos recordara a Espa\u00f1a que solo los colectivos vulnerables pueden ser sujetos de delitos de odio, el magistrado Juan Pablo Gonz\u00e1lez y Gonz\u00e1lez solicit\u00f3 condenar a un tuitero -finalmente absuelto- por entender que sus tuits promov\u00edan el odio contra pol\u00edticos y banqueros.\u00a0<\/span><\/p>\n<\/blockquote>\n<p style=\"text-align: justify;\"><span style=\"font-size: 14pt; font-family: arial, helvetica, sans-serif;\">La Audiencia Nacional absolvi\u00f3 el pasado 15 de marzo a un tuitero de las Islas Canarias del delito de enaltecimiento del terrorismo y de un delito de odio, tal y como fue acusado por el Ministerio Fiscal. Los magistrados\u00a0<b>Jos\u00e9 Ricardo de Prada<\/b>y\u00a0<b>Julio de Diego L\u00f3pez<\/b>\u00a0sentenciaron que los cerca de 30 tuits que el acusado, con 250 seguidores en Twitter, public\u00f3 a lo largo de cuatro a\u00f1os no constitu\u00edan ning\u00fan delito. \u00abNo resulta acreditada otra finalidad distinta que la de<b>\u00a0dar rienda suelta de forma airada y exagerada a su protesta<\/b>\u00a0y disconformidad con la sociedad en la que vive sin que las expresiones impliquen un discurso de incitaci\u00f3n al odio, a la violencia o al terrorismo\u00bb, sentencian los dos magistrados.\u00a0<\/span><\/p>\n<p id=\"m356-1-357\" style=\"text-align: justify;\"><span style=\"font-size: 14pt; font-family: arial, helvetica, sans-serif;\">Los mensajes en cuesti\u00f3n, repartidos a lo largo de cuatro a\u00f1os, eran como los siguientes:\u00a0<b>\u00abPolic\u00eda bueno, polic\u00eda muerto\u00bb<\/b>; \u00abEntro en tu mansi\u00f3n y los billetes no te salvan, pol\u00edtico hip\u00f3crita te disparo por la espalda\u00bb;\u00a0<b>\u00abdiscurso racista me pone de los nervios, un tiro en la cabeza a todos esos cerdos\u00bb<\/b>. La sentencia recoge que estas expresiones \u00abdif\u00edcilmente pueden considerarse como socialmente admisibles ni tolerables\u00bb, pero que tampoco pueden ser calificadas como \u00abun\u00a0<b>discurso que propague la violencia<\/b>\u00a0ni promueva el odio y menos en relaci\u00f3n con determinados colectivos perseguidos o vulnerables ni tampoco el terrorismo\u00bb.\u00a0\u00a0<\/span><\/p>\n<div class=\"teads-inread\" style=\"text-align: justify;\">\n<div id=\"moatPxCont189915\">\u00a0<a style=\"font-family: arial, helvetica, sans-serif; font-size: 14pt;\" title=\"View Voto particular de Juan Pablo Gonz\u00e1lez y Gonz\u00e1ez on Scribd\" href=\"https:\/\/www.scribd.com\/document\/375603226\/Voto-particular-de-Juan-Pablo-Gonzalez-y-Gonzaez#from_embed\" target=\"_blank\" rel=\"noopener\">Voto particular de Juan Pablo Gonz\u00e1lez y Gonz\u00e1ez<\/a><span style=\"font-family: arial, helvetica, sans-serif; font-size: 14pt;\">\u00a0by\u00a0<\/span><a style=\"font-family: arial, helvetica, sans-serif; font-size: 14pt;\" title=\"View P\u00fablico.es&#039;s profile on Scribd\" href=\"https:\/\/www.scribd.com\/user\/218995127\/Publico-es#from_embed\" target=\"_blank\" rel=\"noopener\">P\u00fablico.es<\/a><span style=\"font-family: arial, helvetica, sans-serif; font-size: 14pt;\">\u00a0on Scribd<\/span><\/div>\n<\/div>\n<div id=\"m614-2-615\" class=\"html hovered\" style=\"text-align: justify;\"><iframe loading=\"lazy\" id=\"doc_69724\" class=\"scribd_iframe_embed\" title=\"Voto particular de Juan Pablo Gonz\u00e1lez y Gonz\u00e1ez\" src=\"https:\/\/www.scribd.com\/embeds\/375603226\/content?start_page=1&amp;view_mode=scroll&amp;access_key=key-6XmYtpbBV1tIaaJt7QWQ&amp;show_recommendations=true\" width=\"100%\" height=\"600\" frameborder=\"0\" scrolling=\"no\" data-auto-height=\"false\" data-aspect-ratio=\"0.7080062794348508\"><\/iframe><\/div>\n<p id=\"m361-2-362\" style=\"text-align: justify;\"><span style=\"font-size: 14pt; font-family: arial, helvetica, sans-serif;\">Hasta ah\u00ed todo normal. Sin embargo, el magistrado\u00a0<b>Juan Pablo Gonz\u00e1lez y Gonz\u00e1lez\u00a0<\/b>realiza un voto particular en el que pide condenar al tuitero de las Islas Canarias por el delito de enaltecimiento del terrorismo o, alternativamente, un delito de odio. Los argumentos utilizados por este magistrado,\u00a0<a href=\"http:\/\/www.publico.es\/sociedad\/valtonyc-son-frases-versos-valtonyc-ira-prision-tres-anos-medio.html\" target=\"_blank\" rel=\"noopener noreferrer\">que firm\u00f3 la sentencia condenatoria contra el rapero Valtonyc en la Audiencia Nacional<\/a>, han sido los habituales en muchas de las sentencias por enaltecimiento del terrorismo que ha emitido la Audiencia Nacional en los \u00faltimos a\u00f1os y que han gozado de apoyo mayoritario entre magistrados.<\/span><\/p>\n<p><span style=\"font-size: 14pt; font-family: arial, helvetica, sans-serif;\">El voto particular del magistrado Gonz\u00e1lez y Gonz\u00e1lez contradice la reciente sentencia del TEDH sobre libertad de expresi\u00f3n<\/span><\/p>\n<p id=\"m371-4-372\" style=\"text-align: justify;\"><span style=\"font-size: 14pt; font-family: arial, helvetica, sans-serif;\">Sin embargo, los argumentos que esgrime en el mencionado voto particular llaman especialmente la atenci\u00f3n. Por un lado, porque\u00a0<b>contradice la reciente sentencia del Tribunal Europeo de Derechos Humanos (TEDH)<\/b>\u00a0sobre los delitos de odio, ya que considera que \u00abpolic\u00edas o banqueros\u00bb pueden ser incluidos como colectivos perseguidos; y, por otro, porque describe un escenario de violencia en Espa\u00f1a contra la Polic\u00eda que dif\u00edcilmente supera una comparaci\u00f3n con la realidad.\u00a0<\/span><\/p>\n<p id=\"m376-5-377\" style=\"text-align: justify;\"><span style=\"font-size: 14pt; font-family: arial, helvetica, sans-serif;\">As\u00ed, Gonz\u00e1lez y Gonz\u00e1lez se\u00f1ala que el tuitero debe ser condenado porque sus tuits suponen \u00abuna palmaria manifestaci\u00f3n de odio de ra\u00edz ideol\u00f3gico hacia determinados colectivos, en especial polic\u00edas y banqueros\u00bb, y justifica que \u00e9stos suponen un delito de odio a\u00f1adiendo que \u00absi los colectivos afectados hubieran sido las mujeres, homosexuales o inmigrantes nadie hubiera cuestionado que eran manifestaci\u00f3n de un discurso de odio\u00bb.<\/span><\/p>\n<p id=\"m381-6-382\" style=\"text-align: justify;\"><span style=\"font-size: 14pt; font-family: arial, helvetica, sans-serif;\">Asimismo, el magistrado detalla que existe un\u00a0<b>\u00abriesgo abstracto\u00bb\u00a0<\/b>de nuevos atentados si se tiene en cuenta el contexto en el que se producen los tuits. Ese contexto, clave en su petici\u00f3n de prisi\u00f3n, incluye el se\u00f1alamiento de \u00ab<b>atentados en entidades bancarias<\/b>, que fueron atribuidos a grupos terroristas de ideolog\u00eda anarquista\u00bb;\u00a0\u00abnumerosos actos violentos contra miembros de los Cuerpos y Fuerzas de Seguridad del Estado\u00bb; \u00abel grave atentado cometido en Madrid el 11M\u00bb y\u00a0la \u00abdeclaraci\u00f3n de cese permanente de la actividad armada\u00bb por parte de ETA. Toda esta situaci\u00f3n habr\u00eda llevado al Parlamento a \u00abla reforma de la LO 5\/2015 de la Ley de Seguridad Ciudadana\u00bb.\u00a0<\/span><\/p>\n<p id=\"m386-7-387\" style=\"text-align: justify;\"><span style=\"font-size: 14pt; font-family: arial, helvetica, sans-serif;\">No nombra el magistrado, por ejemplo, que la propia Audiencia Nacional archiv\u00f3 la causa contra la presunta organizaci\u00f3n terrorista anarquista, ya que no exist\u00eda, y tampoco detalla los numerosos \u00abactos violentos\u00bb contra la Polic\u00eda. El jurista\u00a0<b>Daniel Amelang<\/b>, de la Red Jur\u00eddica, realiza el siguiente an\u00e1lisis sobre el contexto dibujado por el magistrado Gonz\u00e1lez y Gonz\u00e1lez:<\/span><\/p>\n<p><span style=\"font-size: 14pt; font-family: arial, helvetica, sans-serif;\">\u00abEs preocupante que el magistrado haga referencia al movimiento antidesahucios para referirse a un clima de violencia terrorista\u00bb, denuncia el jurista Amelang<\/span><\/p>\n<p id=\"m396-9-397\" style=\"text-align: justify;\"><span style=\"font-size: 14pt; font-family: arial, helvetica, sans-serif;\">\u00abEs preocupante que el magistrado haga referencia al movimiento antidesahucios para referirse a un clima de\u00a0<b>violencia terrorista<\/b>. Es cierto que determinados colectivos de vivienda han logrado paralizar con \u00e9xito desahucios en los \u00faltimos a\u00f1os, pero las ocasiones en las que se ha usado la violencia han sido m\u00ednimas, y las ocasiones en las que esa violencia ha sido lo suficientemente grave como para considerarse &#8216;terrorista&#8217;,\u00a0<b>inexistentes<\/b>\u00ab, denuncia Amelang, que tambi\u00e9n recuerda que la Audiencia Nacional archiv\u00f3 la causa<b>\u00a0\u00abcontra grupos terroristas de ideolog\u00eda anarquista\u00bb.<\/b>\u00abEquiparar cualquier agresi\u00f3n al terrorismo vac\u00eda de contenido el t\u00e9rmino y termina por banalizarlo\u00bb, se\u00f1ala el jurista.\u00a0<\/span><\/p>\n<p id=\"m406-11-407\" style=\"text-align: justify;\"><span style=\"font-size: 14pt; font-family: arial, helvetica, sans-serif;\">Sin embargo, a juicio de los tres juristas contactados por este medio, lo m\u00e1s grave de este voto particular no es el contexto de un pa\u00eds violento lleno de agresiones contra polic\u00edas, sino que el magistrado Gonz\u00e1lez y Gonz\u00e1lez ignore<b>\u00a0la reciente sentencia del TEDH<\/b>, del 13 de marzo, que condena a Espa\u00f1a por vulnerar la libertad de expresi\u00f3n de dos ciudadanos catalanes. As\u00ed lo expresa el exletrado del Tribunal Constitucional\u00a0<b>Joaqu\u00edn Ur\u00edas<\/b>:<\/span><\/p>\n<p id=\"m411-12-412\" style=\"text-align: justify;\"><span style=\"font-size: 14pt; font-family: arial, helvetica, sans-serif;\">\u00abLo peor de ese voto particular es que demuestra rebeld\u00eda al TEDH. El voto particular niega que sea necesario que la incitaci\u00f3n pueda tener efectos reales para perseguirla. El juez cree que la mera adhesi\u00f3n o incluso la simpat\u00eda indulgente con cualquier acto cercano al terrorismo deben ser perseguidas, aunque no supongan riesgo alguno para la sociedad.\u00a0<b>Es una visi\u00f3n muy restrictiva de la libertad de expresi\u00f3n, contraria a los est\u00e1ndares internacionales\u00bb<\/b>.<\/span><\/p>\n<p><span style=\"font-size: 14pt; font-family: arial, helvetica, sans-serif;\">\u00abEs una visi\u00f3n muy restrictiva de la libertad de expresi\u00f3n, contraria a los est\u00e1ndares internacionales\u00bb, denuncia Ur\u00edas<\/span><\/p>\n<p id=\"m421-14-422\" style=\"text-align: justify;\"><span style=\"font-size: 14pt; font-family: arial, helvetica, sans-serif;\">La jurista penalista\u00a0<b>Isabel Elbal<\/b>, especializada en analizar la doctrina del Tribunal Europeo de Derechos Humanos, sostiene que el magistrado\u00a0<b>\u00abse equivoca enormemente\u00bb<\/b>\u00a0en su voto particular ya que la mencionada sentencia del TEDH del 13 de marzo, solo dos d\u00edas antes de la emisi\u00f3n de este voto particular, \u00abse\u00f1ala claramente que el delito de odio se refiere a cuando el colectivo atacado es vulnerable o tradicionalmente discriminado y no es extrapolable a las instituciones.\u00a0<b>\u00abParece que para el magistrado Gonz\u00e1lez y Gonz\u00e1lez el TEDH no existe\u00bb<\/b>, se\u00f1ala Elbal.\u00a0<\/span><\/p>\n<p id=\"m426-15-427\" style=\"text-align: justify;\"><span style=\"font-size: 14pt; font-family: arial, helvetica, sans-serif;\">\u00abQue un magistrado que trabaja en la Audiencia Nacional ignore las sentencias del TEDH en su parte principal y cite solo partes que le interesan, por un lado, y, por otro, que invoque unos hechos que ya est\u00e1n archivados, como el presunto terrorismo anarquista, y los trate como presentes nos da una idea de lo alejado que este magistrado est\u00e1 de lo que debe ser la justicia y el respeto a los Derechos Humanos. No parece un representante de la justicia que emana del pueblo. Representa un pensamiento muy alejado de lo que ha de ser la justicia\u00bb, se\u00f1ala la jurista\u00a0<b>Isabel Elbal<\/b>.\u00a0<\/span><\/p>\n<h2 id=\"m431-16-432\" class=\"highlighted\" style=\"text-align: justify;\"><span style=\"font-size: 14pt; font-family: arial, helvetica, sans-serif;\">La quiebra del Estado de Derecho<\/span><\/h2>\n<p id=\"m436-17-437\" style=\"text-align: justify;\"><span style=\"font-size: 14pt; font-family: arial, helvetica, sans-serif;\">Los tres juristas consultados por\u00a0<i>P\u00fablico<\/i>\u00a0tambi\u00e9n destacan la \u00abenorme diferencia\u00bb entre los criterios de los dos magistrados que han absuelto al acusado de los de la sentencia particular. \u00abLo grave de este asunto es que Gonz\u00e1lez y Gonz\u00e1lez no dice nada diferente de lo que han dicho otros jueces para condenar a tuiteros\u00bb, explica Joaqu\u00edn Ur\u00edas, que se\u00f1ala que este caso es un claro ejemplo de\u00a0<b>\u00abinseguridad jur\u00eddica o, dicho de otro modo, de quiebra del Estado de Derecho\u00bb.<\/b>\u00a0<\/span><\/p>\n<p id=\"m441-18-442\" style=\"text-align: justify;\"><span style=\"font-size: 14pt; font-family: arial, helvetica, sans-serif;\">Es decir, que por los mismos hechos e incluso por los mismos tuits, se puede ser condenado o absuelto dependiendo de qui\u00e9n sea el juez.\u00a0\u00abLo que no puede ser es que los mismos hechos sean juzgados e interpretados de diferentes maneras por jueces de un mismo tribunal. No puede ser que el hecho de que la condena sea absolutoria o condenatoria dependa de la suerte que tenga el acusado con la formaci\u00f3n del tribunal\u00bb, sentencia Ur\u00edas.<\/span><\/p>\n<\/div>\n<p><a href=\"https:\/\/puntocritico.com\/ausajpuntocritico\/wp-content\/uploads\/2018\/03\/Mosca_Punto_Cr\u00edtico_40.png\" rel=\"lightbox[10694]\"><img loading=\"lazy\" decoding=\"async\" class=\"aligncenter wp-image-9528\" src=\"https:\/\/puntocritico.com\/ausajpuntocritico\/wp-content\/uploads\/2018\/03\/Mosca_Punto_Cr\u00edtico_40.png\" alt=\"\" width=\"40\" height=\"40\" \/><\/a><\/p>\n<h1 class=\"entry-title\" style=\"text-align: center;\"><a id=\"ref47\"><\/a><a href=\"#ref47a\">[47]<\/a> La hepatitis C: un problema mundial de salud<\/h1>\n<div class=\"author\"><span style=\"font-size: 14pt;\">Por Germ\u00e1n Vel\u00e1squez<\/span><\/div>\n<div>Doctor Honoris Causa de la Facultad de Medicina de la Universidad Complutense de Madrid. Asesor especial para Salud y Desarrollo del Centro Sur, Ginebra.<\/div>\n<div>\u00a0<\/div>\n<div><span style=\"color: #339966;\">Art\u00edculo publicado el 5 de abril de 2018 en<\/span><\/div>\n<div><span style=\"color: #339966;\"><a style=\"color: #339966;\" href=\"http:\/\/blogs.publico.es\/dominiopublico\/25451\/la-hepatitis-c-un-problema-mundial-de-salud\/\" target=\"_blank\" rel=\"noopener\">http:\/\/blogs.publico.es\/dominiopublico\/25451\/la-hepatitis-c-un-problema-mundial-de-salud\/<\/a><\/span><\/div>\n<div>\u00a0<\/div>\n<p style=\"text-align: justify;\"><span style=\"font-size: 14pt; font-family: arial, helvetica, sans-serif;\">El problema del acceso a medicamentos hasta hace poco tiempo se concentraba en los pa\u00edses en desarrollo, donde un tercio de la poblaci\u00f3n mundial no ten\u00eda acceso regular a medicamentos. Los pa\u00edses industrializados, gracias a los seguros de salud del Estado (Europa) y privados (EE.UU.), consegu\u00edan pagar la factura farmac\u00e9utica. Actualmente, la situaci\u00f3n en los pa\u00edses en desarrollo sigue siendo la misma pero la gran novedad, sin precedentes, se encuentra en los pa\u00edses industrializados, donde empiezan a tener dificultades para asegurar el abastecimiento de ciertos medicamentos a sus ciudadanos.<\/span><\/p>\n<p style=\"text-align: justify;\"><span style=\"font-size: 14pt; font-family: arial, helvetica, sans-serif;\">Por primera vez en la historia hay medicamentos que los pa\u00edses industrializados no consiguen pagarse: los nuevos medicamentos contra la hepatitis C, el sofosbuvir (y otros antivirales de acci\u00f3n directa conocidos como DAAs, por sus siglas en ingl\u00e9s) y la mayor\u00eda de los nuevos medicamentos contra el c\u00e1ncer.<\/span><\/p>\n<p style=\"text-align: justify;\"><span style=\"font-size: 14pt; font-family: arial, helvetica, sans-serif;\"><em><strong>Cambio de paradigma en el debate del acceso a medicamentos: 2014-2018<\/strong><\/em><\/span><\/p>\n<p style=\"text-align: justify;\"><span style=\"font-size: 14pt; font-family: arial, helvetica, sans-serif;\">Tres elementos marcan un cambio de paradigma en el debate sobre el acceso a medicamentos. Primero: un medicamento que cura\u2026 el sofosbuvir, contrariamente a la gran mayor\u00eda de los medicamentos puestos en el mercado en los \u00faltimos 20 a\u00f1os. Segundo: se comercializa a un precio que es inaccesible tanto para los pa\u00edses del Norte como para los del Sur, un problema mundial. Tercero: la industria farmac\u00e9utica desvincula el coste del precio y argumenta que el precio debe estar en relaci\u00f3n con la capacidad de pago del pa\u00eds (1) o con el \u201cvalor\u201d del medicamento comparado con un posible coste de un trasplante de h\u00edgado, como ha sido el caso del sofosbuvir, medicamento comercializado por la firma americana Gilead Sciences.<\/span><\/p>\n<p style=\"text-align: justify;\"><span style=\"font-size: 14pt; font-family: arial, helvetica, sans-serif;\">El modelo de negocio de la industria farmac\u00e9utica ha cambiado. En el pasado se argumentaban (a veces artificialmente) altos costes de la Investigaci\u00f3n y el Desarrollo (I+D) para fijar altos precios y aumentar las ganancias. Actualmente, la industria farmac\u00e9utica, y este es el caso exacto de la firma Gilead, es, antes que todo, una industria financiera cuyo primer objetivo es remunerar al m\u00e1ximo sus accionistas, antes que cualquier preocupaci\u00f3n por la salud p\u00fablica. El precio se calcula por el \u201cvalor\u201d estimado y argumentado por el productor o por el poder adquisitivo del comprador. La firma Gilead fij\u00f3 en EE.UU. un precio de 84.000 d\u00f3lares por un tratamiento de 12 semanas, argumentando que un trasplante de h\u00edgado cuesta alrededor de 100.000 d\u00f3lares.<\/span><\/p>\n<p style=\"text-align: justify;\"><span style=\"font-size: 14pt; font-family: arial, helvetica, sans-serif;\"><em><strong>Las nuevos tratamientos (DAAs) para la hepatitis C<\/strong><\/em><\/span><\/p>\n<p style=\"text-align: justify;\"><span style=\"font-size: 14pt; font-family: arial, helvetica, sans-serif;\">Hasta finales del 2013, el tratamiento est\u00e1ndar para la hepatitis C consist\u00eda en inyecciones de interfer\u00f3n pegilado durante 24 a 48 semanas, acompa\u00f1ado de tabletas de rivabirin 2 veces al d\u00eda. Este tratamiento era costoso, t\u00f3xico, mal tolerado, complicado de administrar y con \u00edndices de curaci\u00f3n de menos del 50% (2).<\/span><\/p>\n<p style=\"text-align: justify;\"><span style=\"font-size: 14pt; font-family: arial, helvetica, sans-serif;\">Los nuevos tratamientos DAAs fueron introducidos por las firmas Gilead Sciences y Bristol Meyer Squibb (BMS) a partir del 2014. Gilead ha patentado o solicitado patentes para el sofosbuvir, ledipasvir y el velpatasvir (3). BMS ha patentado o solicitado patentes para daclatasvir (4). Como el tratamiento en muchos casos debe incluir el sofosbuvir y el daclatasvir, esto quiere decir que hay una doble barrera, ya que son dos o m\u00e1s patentes pertenecientes a firmas distintas. Otras firmas transnacionales como Abbvie y Janssen han puesto en el mercado otros DAAs y otros productos se encuentran en el \u201cpipeline\u201d de estas y de otras firmas. Recordemos que las patentes otorgan una exclusividad de comercializaci\u00f3n (monopolio) por un periodo de 20 a\u00f1os.<\/span><\/p>\n<p style=\"text-align: justify;\"><span style=\"font-size: 14pt; font-family: arial, helvetica, sans-serif;\">Los primeros tratamientos puestos en el mercado por la firma estadounidense Gilead Sciences al precio exorbitante de 84.000 d\u00f3lares pusieron en evidencia que la firma buscaba ante todo \u201cmaximizar sus beneficios sin tener en cuenta las consecuencias humanas\u201d (5). Muy pocos son los individuos o seguros nacionales de salud 014ue podr\u00e1n pagar un tratamiento cuyo coste es de decenas de miles de euros, pero la l\u00f3gica de los fabricantes de medicamentos consiste en\u00a0 priorizar el lucro antes que la vida.<\/span><\/p>\n<p style=\"text-align: justify;\"><span style=\"font-size: 14pt; font-family: arial, helvetica, sans-serif;\">Seg\u00fan datos de la Organizaci\u00f3n Mundial de la Salud (OMS) (6) de octubre del 2017, de los 70 millones de personas afectadas con VHC que se estima en el mundo, solo un 13% recibieron el nuevo tratamiento de DAAs.<\/span><\/p>\n<p style=\"text-align: justify;\"><span style=\"font-size: 14pt; font-family: arial, helvetica, sans-serif;\">Como afirma el profesor Philippe Even, raros son los medicamentos lanzados por la industria farmac\u00e9utica en los \u00faltimos 20 a\u00f1os que curan (7). Los nuevos DAAs de administraci\u00f3n oral son efectivos y hasta ahora parecen ser bien tolerados. La tasa de curaci\u00f3n despu\u00e9s de 12 semanas de tratamiento es de m\u00e1s del 90% (8).<\/span><\/p>\n<p style=\"text-align: justify;\"><span style=\"font-size: 14pt; font-family: arial, helvetica, sans-serif;\"><em><strong>El sofosbuvir: entre el montaje financiero y la salud p\u00fablica<\/strong><\/em><\/span><\/p>\n<p style=\"text-align: justify;\"><span style=\"font-size: 14pt; font-family: arial, helvetica, sans-serif;\">La firma Gilead no desarroll\u00f3 el sofosbuvir. Este producto fue desarrollado por una peque\u00f1a empresa estadounidense, Pharmasset, que Gilead Sciences, viendo el potencial del sofosbuvir, (todav\u00eda en la fase de ensayos cl\u00ednicos), compr\u00f3 en el 2011 con todo el portafolio de productos de esta empresa, por un valor de 11.000\u00a0 millones de d\u00f3lares (9). En 2013, la Food and Drug Administration (FDA) aprob\u00f3 el sofosbuvir (con el nombre de marca de \u201csovaldi\u201d) y en 2015 las ventas eran ya de mas de 5 billones de d\u00f3lares (10).<\/span><\/p>\n<p style=\"text-align: justify;\"><span style=\"font-size: 14pt; font-family: arial, helvetica, sans-serif;\">En 2016, la firma Gilead Sciences (11) report\u00f3 ventas del sofosbuvir y otros medicamentos contra la hepatitis C de 14.800 millones de d\u00f3lares que representaron m\u00e1s de 10.000 millones de d\u00f3lares de beneficios en un solo (12).<\/span><\/p>\n<p style=\"text-align: justify;\"><span style=\"font-size: 14pt; font-family: arial, helvetica, sans-serif;\">La firma Gilead Sciences, en sus primeros dos a\u00f1os de comercializaci\u00f3n del sofosbuvir, recuper\u00f3 ampliamente su inversi\u00f3n, lo que lleva a preguntarse sobre el porqu\u00e9 de los veinte a\u00f1os de exclusividad del sistema de patentes exigido por el acuerdo sobre la propiedad intelectual (ADPIC) de la Organizaci\u00f3n Mundial del Comercio (OMC).<\/span><\/p>\n<p style=\"text-align: justify;\"><span style=\"font-size: 14pt; font-family: arial, helvetica, sans-serif;\">Acad\u00e9micos ingleses calcularon que el coste de producci\u00f3n del sofosbuvir para el tratamiento de doce semanas es de 62 d\u00f3lares (incluyendo ya un margen de beneficio del 50%) (13). De los 84.000 d\u00f3lares por tratamiento fijados inicialmente por la firma Gilead, algunos Gobiernos han conseguido negociar los precios con grandes diferencias de un pa\u00eds a otro: 50.426 euros en Alemania; 28.700 euros en Francia (14); 13.000 euros en Espa\u00f1a; y 3.465 en Australia, por el tratamiento de 12 semanas (15).<\/span><\/p>\n<p style=\"text-align: justify;\"><span style=\"font-size: 14pt; font-family: arial, helvetica, sans-serif;\">\u00bfPor qu\u00e9 28.700 euros en Francia y 13.000 en Espa\u00f1a? Todo parece depender de la capacidad de negociaci\u00f3n de cada pa\u00eds, y la filosof\u00eda de Gilead en su nuevo modelo de negocios es la maximizaci\u00f3n de los beneficios sin ninguna relaci\u00f3n con los costos de la I+D. La b\u00fasqueda del precio m\u00e1s alto que los Gobiernos acepten pagar (as\u00ed al final caigan en la cuenta de que el acceso universal no ser\u00e1 posible a los precios que fueron negociados, como es el caso de Francia o Espa\u00f1a y otros pa\u00edses).<\/span><\/p>\n<p style=\"text-align: justify;\"><span style=\"font-size: 14pt; font-family: arial, helvetica, sans-serif;\">Un informe de una investigaci\u00f3n de 18 meses de la comisi\u00f3n de finanzas del Senado de Estados Unidos concluye que la estrategia de Gilead es la de \u201cmaximizar sus ganancias con poca preocupaci\u00f3n por el acceso o la asequibilidad\u201d (16).<\/span><\/p>\n<p style=\"text-align: justify;\"><span style=\"font-size: 14pt; font-family: arial, helvetica, sans-serif;\">Para completar este escenario casi c\u00ednico sobre c\u00f3mo una firma privada parece estar jugando con la sociedad y los Gobiernos, el 13 de julio de 2016, el peri\u00f3dico Washington Post publicaba la noticia de que Gilead estaba evadiendo el pago de impuestos en EE.UU., usando a Irlanda como para\u00edso fiscal, por una cantidad de 10.000 millones de d\u00f3lares (17).<\/span><\/p>\n<p style=\"text-align: justify;\"><span style=\"font-size: 14pt; font-family: arial, helvetica, sans-serif;\">Es importante recordar que la firma Gilead fue la que lanz\u00f3 el Tamiflu para la pandemia H1N1, y le dio la explotaci\u00f3n en exclusividad a la firma suiza Roche. Muchos pa\u00edses, con la complicidad de la OMS, despilfarraron grandes sumas en un medicamento que al final los cient\u00edficos calificaron de ineficaz. Nunca en la historia de la medicina moderna se hab\u00edan constituido \u201cstocks de seguridad\u201d de tales dimensiones de un medicamento cuya eficacia no estaba comprobada.<\/span><\/p>\n<p style=\"text-align: justify;\"><span style=\"font-size: 14pt; font-family: arial, helvetica, sans-serif;\"><em><strong>Las licencias voluntarias concedidas por Gilead<\/strong><\/em><\/span><\/p>\n<p style=\"text-align: justify;\"><span style=\"font-size: 14pt; font-family: arial, helvetica, sans-serif;\">\u201cEn noviembre de 2013 y febrero de 2014 varios grupos de inter\u00e9s p\u00fablico y algunas compa\u00f1\u00edas de la India, presentaron una oposici\u00f3n a la aplicaci\u00f3n de la patente presentada por Gilead. Frente al riesgo de que la India negara la patente del sofosbuvir, la firma Gilead firm\u00f3 acuerdos de licencias voluntarias con once compa\u00f1\u00edas de gen\u00e9ricos (18) de la India\u201d (19), con la \u00adposibilidad de comercializar en una lista restrictiva de 101 pa\u00edses (20). Desde septiembre de 2016, el sofosbuvir \u201cbajo licencia Gilead\u201d se consigue en la India por 750 d\u00f3lares por tratamiento, y los otros dos Harvoni y Epclusa a 900 d\u00f3lares (21), en lugar de por los 84.000 d\u00f3lares que cuesta en EE.UU. Esta reducci\u00f3n importante del precio no permite, sin embargo, el acceso a todas las personas que lo necesitan en los 101 pa\u00edses de la lista restrictiva. En los 94 pa\u00edses restantes, excluidos de la lista de Gilead, el tratamiento est\u00e1 lejos de poder ser accesible, incluidos los pa\u00edses de la Uni\u00f3n Europea, EE.UU e Inglaterra.<\/span><\/p>\n<p style=\"text-align: justify;\"><span style=\"font-size: 14pt; font-family: arial, helvetica, sans-serif;\">Los acuerdos de concesi\u00f3n de licencias voluntarias, a discreci\u00f3n del titular de la patente, se conciertan en general por razones estrat\u00e9gicas comerciales m\u00e1s que como un mecanismo para asegurar el acceso al mayor n\u00famero de personas (22).<\/span><\/p>\n<p style=\"text-align: justify;\"><span style=\"font-size: 14pt; font-family: arial, helvetica, sans-serif;\">MSF critic\u00f3 las licencias voluntarias otorgadas por Gilead en la India, se\u00f1alando que las obligaciones y restricciones de estas licencias pueden socavar el acceso y excluir a millones de pacientes con VHC. En concreto, existen aproximadamente 49 millones de personas con VHC en los pa\u00edses en desarrollo excluidos (23). Estas licencias voluntarias otorgadas excluyen tambi\u00e9n, adem\u00e1s de todos los pa\u00edses desarrollados, a 41 pa\u00edses de ingreso medio.<\/span><\/p>\n<p style=\"text-align: justify;\"><span style=\"font-size: 14pt; font-family: arial, helvetica, sans-serif;\">Todos los pa\u00edses excluidos de la licencia voluntaria de Gilead y otras firmas que lleguen a acuerdos similares, tienen opciones legales a las que pueden recurrir para poder asegurar el abastecimiento de DAAs u otro medicamento esencial que se encuentre bajo protecci\u00f3n de patente a precios inaccesibles. Existen diferentes estrategias y medidas, perfectamente compatibles con las normas y obligaciones del comercio internacional exigidas por la OMC, que los pa\u00edses pueden adoptar para asegurar el acceso universal a los tratamientos de DAAs.<\/span><\/p>\n<p style=\"text-align: justify;\"><span style=\"font-size: 14pt; font-family: arial, helvetica, sans-serif;\"><em><strong>La adopci\u00f3n de criterios de patentabilidad desde una perspectiva de salud p\u00fablica<\/strong>\u00a0(24)<\/em><\/span><\/p>\n<p style=\"text-align: justify;\"><span style=\"font-size: 14pt; font-family: arial, helvetica, sans-serif;\">Es importante recordar que la patente es un derecho territorial y que, por lo tanto, puede concederse una patente de una invenci\u00f3n en un pa\u00eds, pero esta puede ser legalmente rechazada en otro. Al mismo tiempo, una patente que ha sido emitida en un pa\u00eds puede ser revocada si se demuestra que la oficina de patentes no la tendr\u00eda que haber otorgado.<\/span><\/p>\n<p style=\"text-align: justify;\"><span style=\"font-size: 14pt; font-family: arial, helvetica, sans-serif;\">La patente para el sofosbuvir ha sido rechazada en Egipto, China y Ucrania. Oposiciones de patentes se han presentado en Argentina, Brasil, Rusia, Tailandia y la UE. Malasia otorg\u00f3 una licencia obligatoria a finales de 2017 y Colombia y Chile han iniciado el proceso que podr\u00eda conducirles a una licencia obligatoria.<\/span><\/p>\n<p style=\"text-align: justify;\"><span style=\"font-size: 14pt; font-family: arial, helvetica, sans-serif;\">Es importante tambi\u00e9n se\u00f1alar que, en el campo farmac\u00e9utico, la situaci\u00f3n no es un producto, una patente. Una invenci\u00f3n puede estar protegida por varias patentes, y el proceso de producci\u00f3n del producto puede a su vez estar protegido por una o varias patentes. Seg\u00fan un estudio de la OMS (25), el sofosbuvir es objeto de 21 tipos distintos de patentes.<\/span><\/p>\n<p style=\"text-align: justify;\"><span style=\"font-size: 14pt; font-family: arial, helvetica, sans-serif;\">En principio, el sistema de patentes fue concebido para asegurar que el p\u00fablico se beneficiase de las invenciones. Actualmente, un gran n\u00famero de personas que viven en los pa\u00edses en desarrollo no solo no se benefician sino que, en muchos de ellos, las patentes representan una barrera para el acceso a medicamentos que pueden salvarles la vida. Simplemente porque la l\u00f3gica comercial prevalece al derecho del acceso a la salud.<\/span><\/p>\n<p style=\"text-align: justify;\"><span style=\"font-size: 14pt; font-family: arial, helvetica, sans-serif;\">En virtud del Acuerdo sobre los ADPIC, los criterios de patentabilidad utilizados por las oficinas nacionales de propiedad intelectual exigen que un producto o proceso de fabricaci\u00f3n re\u00fana las condiciones necesarias para recibir protecci\u00f3n mediante patente, a saber: novedad, actividad inventiva y aplicaci\u00f3n industrial (utilidad). Estos tres elementos, sin embargo, no est\u00e1n definidos en el acuerdo sobre los ADPIC y los pa\u00edses miembros de la OMC poseen libertad para definirlos de una manera coherente con los objetivos de salud p\u00fablica marcados por cada pa\u00eds.<\/span><\/p>\n<p style=\"text-align: justify;\"><span style=\"font-size: 14pt; font-family: arial, helvetica, sans-serif;\">Seg\u00fan el informe del Alto Comisionado de Naciones Unidas para la Salud \u201clos requisitos del Acuerdo sobre los ADPIC para otorgar patentes \u2013novedad, actividad inventiva y aplicaci\u00f3n industrial\u2013 est\u00e1n abiertos a la interpretaci\u00f3n en la legislaci\u00f3n nacional y cada pa\u00eds puede decidir de acuerdo a sus condiciones locales. En consecuencia, el Alto Comisionado recomienda que se interpreten estos requisitos de manera que no se pierda de vista el inter\u00e9s p\u00fablico y la amplia diseminaci\u00f3n del conocimiento\u2026\u201d (26).<\/span><\/p>\n<p style=\"text-align: justify;\"><span style=\"font-size: 14pt; font-family: arial, helvetica, sans-serif;\"><em><strong>Licencias obligatorias<\/strong><\/em><\/span><\/p>\n<p style=\"text-align: justify;\"><span style=\"font-size: 14pt; font-family: arial, helvetica, sans-serif;\">El art\u00edculo 31 del Acuerdo sobre los ADPIC de la OMC permite expresamente la concesi\u00f3n de licencias obligatorias. El Acuerdo no limita en modo alguno las condiciones de concesi\u00f3n de esas licencias. El derecho de los miembros a determinar esos t\u00e9rminos qued\u00f3 confirmado por la Declaraci\u00f3n de Doha relativa al Acuerdo sobre los ADPIC y la salud p\u00fablica (noviembre de 2001).<\/span><\/p>\n<p style=\"text-align: justify;\"><span style=\"font-size: 14pt; font-family: arial, helvetica, sans-serif;\">La mayor\u00eda de los nuevos medicamentos para el VHC tienen costes de producci\u00f3n bajos, las compa\u00f1\u00edas farmac\u00e9uticas podr\u00edan generar altos beneficios si se decidieran a vender grandes cantidades a precios razonables.<\/span><\/p>\n<p style=\"text-align: justify;\"><span style=\"font-size: 14pt; font-family: arial, helvetica, sans-serif;\">Raras veces en la historia reciente de la medicina nos encontramos con la posibilidad de eliminar una enfermedad mortal. Este es el caso del VHC, pero el modelo de negocio de la industria farmac\u00e9utica hace pasar por encima sus intereses de lucro antes que la vida de las personas. Al permitir este atropello, los Gobiernos son c\u00f3mplices y estar\u00edan protegiendo los beneficios financieros de empresas privadas antes que la vida de sus ciudadanos.<\/span><\/p>\n<p style=\"text-align: justify;\"><span style=\"font-size: 14pt; font-family: arial, helvetica, sans-serif;\">\u00bfA qu\u00e9 esperan los Gobiernos para aplicar los mecanismos acordados y adoptados por ellos mismos en el foro multilateral de la OMC, como son las licencias obligatorias que en este caso podr\u00edan salvar millones de vidas?<\/span><\/p>\n<p style=\"text-align: justify;\"><span style=\"font-size: 14pt; font-family: arial, helvetica, sans-serif;\"><em>\u00a9 LMD EN ESPA\u00d1OL<\/em><\/span><\/p>\n<hr \/>\n<p style=\"text-align: justify;\"><span style=\"font-size: 14pt; font-family: arial, helvetica, sans-serif;\"><em><strong>NOTAS<\/strong><\/em>:<\/span><br \/>\n<span style=\"font-size: 14pt; font-family: arial, helvetica, sans-serif;\">(1) Cfr. Pratap Chatterjee,\u00a0<em>Gilead Sciences Under Investigation for Over Charging for Hepatitis C Pil<\/em>, http:\/\/www.corpwatch.org\/article.php?id=15964.<\/span><br \/>\n<span style=\"font-size: 14pt; font-family: arial, helvetica, sans-serif;\">(2) Manns MP, Wedemeyer H, Cornberg M. Treating viral hepatitis C: efficacy, side effects, and complications, Gut 2006;55(9):1350-9.<\/span><br \/>\n<span style=\"font-size: 14pt; font-family: arial, helvetica, sans-serif;\">(3) Gilead Sciences, 2016 http:\/\/investors.gilead. com\/phoenix.zhtml?c=69964&amp;p=irol-irhome.<\/span><br \/>\n<span style=\"font-size: 14pt; font-family: arial, helvetica, sans-serif;\">(4) MSF briefing, https:\/\/www.msfaccess.org\/sites\/ default\/files\/MSF_assets\/HepC\/Docs\/HepC_brief_ OvercomingbarriersToAccess_ENG_2015.pdf.<\/span><br \/>\n<span style=\"font-size: 14pt; font-family: arial, helvetica, sans-serif;\">(5) Alonso-Zald\u00edvar, R,\u00a0<em>Maker of $ 1.000 hepatitis C pill was focused on profits, not patients, report finds<\/em>\u00a0PBS, Washington DC, https:\/\/www.pbs.org\/newshour\/ health\/maker-of-1000-hepatitis-c-pill-was-focused-on-profits-not-patients-report-finds<\/span><br \/>\n<span style=\"font-size: 14pt; font-family: arial, helvetica, sans-serif;\">(6) WHOFact Sheet, 2016 http:\/\/www.who.int\/mediacentre\/factsheets\/fs164\/es\/\u00e7<\/span><br \/>\n<span style=\"font-size: 14pt; font-family: arial, helvetica, sans-serif;\">(7) Even Philippe,\u00a0<em>Le guide de m\u00e9dicaments utiles, inutiles ou dangereux<\/em>, Le Nouvel Observateur, Par\u00eds, septiembre de 2012, p. 81.<\/span><br \/>\n<span style=\"font-size: 14pt; font-family: arial, helvetica, sans-serif;\">(8) Pawlotsky JM, New hepatitis C therapies: the toolbox, strategies, and challenges: Gastroenterology, 2014:146(5):1176-92.<\/span><br \/>\n<span style=\"font-size: 14pt; font-family: arial, helvetica, sans-serif;\">(9) Foster City, Calif. y Princeton, N.J.,\u00a0<em>Gilead Sciences to Acquire Pharmas, set, Inc. for $11 Billion<\/em>, Releasee3b7500d-8c37-4b5c-9bf7-3531fea4714d_ 1632335.pdf.<\/span><br \/>\n<span style=\"font-size: 14pt; font-family: arial, helvetica, sans-serif;\">(10) Jea Yu, \u201cGilead\u2019s 3 Most Profitable Lines of Business (GILD)\u201d, Investopedia, 2016, https:\/\/www.investopedia.com\/articles\/active-trading\/030616\/gileads-3-most-profitable-lines-business-gild.asp.<\/span><br \/>\n<span style=\"font-size: 14pt; font-family: arial, helvetica, sans-serif;\">(11) Gilead Press Releases, febrero de 2017, http:\/\/www.gilead.com\/news\/press-releases\/2017\/2\/gilead-sciences-announces-fourth-quarter-and-full-year-2016-financial-results.<\/span><br \/>\n<span style=\"font-size: 14pt; font-family: arial, helvetica, sans-serif;\">(12) El precio de venta es 1400 veces mayor que el coste de desarrollo y producci\u00f3n.<\/span><br \/>\n<span style=\"font-size: 14pt; font-family: arial, helvetica, sans-serif;\">(13) Gotham D, Barber M, Fortunak J, Pozniak A, Hill A., Abstract number A-792-0516-01639, presentado en AIDS2016, Durban.<\/span><br \/>\n<span style=\"font-size: 14pt; font-family: arial, helvetica, sans-serif;\">(14) El 17 de marzo de 2017, el Gobierno franc\u00e9s anunci\u00f3 una nueva reducci\u00f3n a 28.700 euros por el tratamiento de 12 semanas, precio que sigue siendo m\u00e1s del doble de lo que paga Espa\u00f1a.\u00a0<em>Soins: le prix des m\u00e9dicaments contre l\u2019h\u00e9patite C va baisser<\/em>. http:\/\/www.leparisien.fr\/laparisienne\/sante\/soins-le-prix-des-medicaments-contre-l-hepatite-c-va-baisser-31-03-2017-6812619.php<\/span><br \/>\n<span style=\"font-size: 14pt; font-family: arial, helvetica, sans-serif;\">(15) Precio del tratamiento de 12 semanas.<\/span><br \/>\n<span style=\"font-size: 14pt; font-family: arial, helvetica, sans-serif;\">(16) Committee on Finance United States Senate,\u00a0<em>The price of sovaldi and its impact on the U.S. care system<\/em>, diciembre de 2015. https:\/\/www.finance. senate.gov\/imo\/media\/doc\/1%20The%20Price%20of%20Sovaldi%20and%20Its%20Impact%20on%20the%20U.S.%20Health%20Care%20System%20(Full%20Report).pdf<\/span><br \/>\n<span style=\"font-size: 14pt; font-family: arial, helvetica, sans-serif;\">(17) Richard Smallteacher,\u00a0<em>Gilead Avoided $10 Billion In Taxes On Over Priced Hepatitis C Drugs<\/em>, http:\/\/www.corpwatch.org\/article.php\/article.php?id=16083<\/span><br \/>\n<span style=\"font-size: 14pt; font-family: arial, helvetica, sans-serif;\">(18) Las once compa\u00f1\u00edas son: Aurobindo Pharma Ltd., Biocon Limited, Natco Pharma Ltd., Cadila Healthcare Ltd., Ranbaxy Laboratories Ltd., Sequent Scientific Ltd., Strides Arcolab Ltd., Cipla Ltd., Hetero Labs Ltd., Laurus Labs Pvt. Ltd, Mylan Laboratories Ltd.<\/span><br \/>\n<span style=\"font-size: 14pt; font-family: arial, helvetica, sans-serif;\">(19) MSF Access Campaign,\u00a0<em>Access to Sofosbuvir, Ledipasvir and Velpatasvir analysis &amp; key recommendations on Gilead voluntary licence<\/em>, marzo de 2015.<\/span><br \/>\n<span style=\"font-size: 14pt; font-family: arial, helvetica, sans-serif;\">(20) MSF briefing, https:\/\/www.msfaccess.org\/sites\/default\/files\/MSF_assets\/HepC\/Docs\/HepC_brief_OvercomingbarriersToAccess_ENG_2015.pdf<\/span><br \/>\n<span style=\"font-size: 14pt; font-family: arial, helvetica, sans-serif;\">(21) http:\/\/www.gilead.com\/~\/media\/files\/pdfs\/ other\/chronic%20hepatitis%20c%20medicines%20pricing%20-%20september%202016.pdf<\/span><br \/>\n<span style=\"font-size: 14pt; font-family: arial, helvetica, sans-serif;\">(22) Velasquez, G., Correa C., Weisman R.,\u00a0<em>Mecanismos de contenci\u00f3n de costo de medicamentos esenciales, incluidos antiretrovirales, en la R.P. de China<\/em>, Serie Econom\u00eda de la Salud y Medicamentos, n.\u00ba 13, WHO\/EDM\/PAR\/2003.6.<\/span><br \/>\n<span style=\"font-size: 14pt; font-family: arial, helvetica, sans-serif;\">(23) \u00cddem.<\/span><br \/>\n<span style=\"font-size: 14pt; font-family: arial, helvetica, sans-serif;\">(24) Cfr. Velasquez, G.,\u00a0<em>Pautas de patentabilidad y el acceso a medicamentos<\/em>, Documento de Investigaci\u00f3n del Centro Sur, n.\u00ba 61, marzo de 2015.<\/span><br \/>\n<span style=\"font-size: 14pt; font-family: arial, helvetica, sans-serif;\">(25) WHO, Patent situation of key products for treatment of hepatitis C: Sofosbuvir, Ginebra, marzo de 2015.<\/span><br \/>\n<span style=\"font-size: 14pt; font-family: arial, helvetica, sans-serif;\">(26) The impact of the Agreement on Trade-Related Aspects of Intellectual Property Rights on human rights: Report of the High Commissioner, E\/CN.4\/Sub.2\/2001\/13, 27 de junio de 2001, p. 62.<\/span><\/p>\n<p><a href=\"https:\/\/puntocritico.com\/ausajpuntocritico\/wp-content\/uploads\/2018\/03\/Mosca_Punto_Cr\u00edtico_40.png\" rel=\"lightbox[10694]\"><img loading=\"lazy\" decoding=\"async\" class=\"aligncenter wp-image-9528\" src=\"https:\/\/puntocritico.com\/ausajpuntocritico\/wp-content\/uploads\/2018\/03\/Mosca_Punto_Cr\u00edtico_40.png\" alt=\"\" width=\"40\" height=\"40\" \/><\/a><\/p>\n<h1 style=\"text-align: center;\"><a id=\"ref48\"><\/a><a href=\"#ref48a\">[48]<\/a> \u00c9tica y Universidad<\/h1>\n<p><span style=\"font-size: 14pt;\">Por Carlos Berzosa<\/span><\/p>\n<div><span style=\"color: #339966;\">Art\u00edculo publicado el 4 de abril de 2018 en<\/span><\/div>\n<div><span style=\"color: #339966;\"><a style=\"color: #339966;\" href=\"http:\/\/www.nuevatribuna.es\/opinion\/carlos-berzosa\/etica-y-universidad\/20180404115709150455.html\" target=\"_blank\" rel=\"noopener\">http:\/\/www.nuevatribuna.es\/opinion\/carlos-berzosa\/etica-y-universidad\/20180404115709150455.html<\/a><\/span><\/div>\n<div>\u00a0<\/div>\n<p><a href=\"https:\/\/puntocritico.com\/ausajpuntocritico\/wp-content\/uploads\/2018\/04\/2018040412070698006.jpg\" rel=\"lightbox[10694]\"><img loading=\"lazy\" decoding=\"async\" class=\"aligncenter size-full wp-image-10794\" src=\"https:\/\/puntocritico.com\/ausajpuntocritico\/wp-content\/uploads\/2018\/04\/2018040412070698006.jpg\" alt=\"\" width=\"550\" height=\"293\" srcset=\"https:\/\/puntocritico.com\/ausajpuntocritico\/wp-content\/uploads\/2018\/04\/2018040412070698006.jpg 550w, https:\/\/puntocritico.com\/ausajpuntocritico\/wp-content\/uploads\/2018\/04\/2018040412070698006-300x160.jpg 300w\" sizes=\"auto, (max-width: 550px) 100vw, 550px\" \/><\/a><\/p>\n<p>&nbsp;<\/p>\n<p style=\"text-align: justify;\"><span style=\"font-family: arial, helvetica, sans-serif; font-size: 14pt;\">En un periodo corto de tiempo la Universidad Rey Juan Carlos (URJC) se ha visto envuelta en dos esc\u00e1ndalos de suma gravedad: el plagio del Rector y\u00a0<a href=\"http:\/\/www.nuevatribuna.es\/articulo\/madrid\/claves-ponen-entredicho-version-urjc-master-falsificado-cifuentes\/20180321173311150018.html\" target=\"_blank\" rel=\"noopener noreferrer\">el m\u00e1ster fantasma de Cristina Cifuentes<\/a>. Ante este segundo caso espero, ya que no lo hicieron en el primero, que los \u00f3rganos rectores de la universidad, as\u00ed como el profesorado, personal de administraci\u00f3n y servicios y estudiantes, reaccionen para salvar el nombre de esta universidad. En el primer caso, la reacci\u00f3n fue muy d\u00e9bil, salvo la de los estudiantes. Me llam\u00f3 la atenci\u00f3n el silencio, salvo honrosas excepciones, de la mayor parte de los profesores. El silencio te hace c\u00f3mplice de unos hechos irregulares y posiblemente delictivos. En el segundo caso, la reacci\u00f3n de parte de los profesores y estudiantes ha sido mayor, pero aun as\u00ed me parece insuficiente.<\/span><\/p>\n<p style=\"text-align: justify;\"><span style=\"font-family: arial, helvetica, sans-serif; font-size: 14pt;\">Como universitario he sentido una gran indignaci\u00f3n con estos dos esc\u00e1ndalos y tambi\u00e9n con las explicaciones que se han dado en ambos casos y la escasa reacci\u00f3n del mundo universitario. Llevo en la Universidad m\u00e1s de cuarenta a\u00f1os con dedicaci\u00f3n a tiempo completo. He sido ayudante, encargado de curso, adjunto interino, adjunto (posteriormente profesor titular con el cambio de denominaci\u00f3n que introdujo la ley de reforma universitaria del primer gobierno socialista), y finalmente catedr\u00e1tico. He desempe\u00f1ado los cargos de secretario de departamento, director, vicedecano, decano (1984-1998) de la facultad de ciencias econ\u00f3micas y empresariales de la Universidad Complutense, y Rector de esta universidad (2003-2011). Ahora ya jubilado sigo como catedr\u00e1tico em\u00e9rito. He dedicado como se ve toda una vida a la universidad y me encuentro muy satisfecho con esta gran experiencia.<\/span><\/p>\n<p style=\"text-align: justify;\"><span style=\"font-family: arial, helvetica, sans-serif; font-size: 14pt;\">Tras esta larga trayectoria se comprender\u00e1 la raz\u00f3n de mi gran indignaci\u00f3n. Manchar de esta forma a la universidad me parece grave. Pero lo que me ha resultado a su vez irritante han sido las\u00a0<a href=\"http:\/\/www.nuevatribuna.es\/articulo\/madrid\/explicaciones-rector-urjc-coinciden-dicho-cifuentes-eldiario-es\/20180321141553150014.html\" target=\"_blank\" rel=\"noopener noreferrer\">explicaciones dadas por el rector de la URJC en su primera comparecencia p\u00fablica<\/a>. Una rueda de prensa y unas palabras impropias de un rector. Cuando las escuch\u00e9 no daba cr\u00e9dito. Un rector que se atrev\u00eda a afirmar que no hab\u00eda habido irregularidades y que todo se deb\u00eda a un error en la transcripci\u00f3n inform\u00e1tica. Antes se echaba culpa a la secretaria de los errores y ahora a la inform\u00e1tica. A su vez se contradec\u00eda con la versi\u00f3n dada por la portavoz de la presidenta de la Comunidad de Madrid. Ha tenido que rectificar encargando una investigaci\u00f3n. No se sabe muy bien por qu\u00e9 se precipit\u00f3 en la primera rueda de prensa y qu\u00e9 es lo que le ha conducido a rectificar. En raz\u00f3n de la transparencia no estar\u00eda de m\u00e1s que lo aclarase.<\/span><\/p>\n<p style=\"text-align: justify;\"><span style=\"font-family: arial, helvetica, sans-serif; font-size: 14pt;\">Ahora bien, si\u00a0estas declaraciones fueron absolutamente inadecuadas, las que ha\u00a0<a href=\"http:\/\/cadenaser.com\/emisora\/2018\/04\/03\/radio_madrid\/1522773772_744414.html\" target=\"_blank\" rel=\"noopener noreferrer\">hecho en la SER<\/a>\u00a0el Consejero de Educaci\u00f3n de la Comunidad de Madrid y profesor de la URJC han sido delirantes. \u00bfA qui\u00e9n quiere enga\u00f1ar? No se da cuenta de que muchos de los que le hemos escuchado somos profesores de universidad y que no podemos dar cr\u00e9dito a su palabras. Las cosas no funcionan ni como dijo el rector ni como ha declarado en una entrevista el Consejero. Por si fuera poco el presidente de gobierno va y dice\u201d que esto es una pol\u00e9mica est\u00e9ril. O sea, \u00bfQu\u00e9 se conceda un t\u00edtulo de m\u00e1ster posiblemente falsificado a la presidenta de la Comunidad de Madrid no tiene importancia? Esto es un<strong>insulto a los universitarios<\/strong>\u00a0y muestra el escaso valor que le concede a esta instituci\u00f3n.<\/span><\/p>\n<p style=\"text-align: justify;\"><span style=\"font-family: arial, helvetica, sans-serif; font-size: 14pt;\">Se\u00f1or presidente del gobierno, los cursos de posgrado son caros y suponen un gran esfuerzo econ\u00f3mico para las familias o a los propios estudiantes. Requiere tiempo, trabajo y esfuerzo. Soy profesor de un m\u00e1ster y se lo puedo asegurar. No se regalan las calificaciones. Los trabajos fin de m\u00e1ster son rigurosos y ha requerido muchas horas su elaboraci\u00f3n. No puede usted minimizar el problema ni desvalorizar de esta manera las titulaciones universitarias.<\/span><\/p>\n<p style=\"text-align: justify;\"><span style=\"font-family: arial, helvetica, sans-serif; font-size: 14pt;\">Tal como se han desarrollado las informaciones, lo que queda claro es que\u00a0<strong>la Presidenta de la Comunidad de Madrid, Cristina Cifuentes, no tiene ninguna salida<\/strong>. No se me ocurre qu\u00e9 puede justificar en la comparecencia de la Asamblea de la Comunidad de Madrid. Son demasiadas las irregularidades puestas de manifiesto. Desde el primer momento, habida cuenta de las reacciones que se produjeron, me di cuenta de que la informaci\u00f3n era cierta y as\u00ed se lo manifest\u00e9 a alg\u00fan periodista que me pregunt\u00f3. Luego ya las siguientes han sido totalmente contundentes. Hay que felicitar a la periodista y al diario.es por esta informaci\u00f3n tan completa y sustentada en datos dif\u00edcilmente rebatibles.<\/span><\/p>\n<p style=\"text-align: justify;\"><span style=\"font-family: arial, helvetica, sans-serif; font-size: 14pt;\">Esto es grave para la Presidenta y para la URJC. Lo que resulta de todo ello es la falta de \u00e9tica de los profesores implicados, autoridades acad\u00e9micas y pol\u00edticas que tratan de justificar lo injustificable. La pol\u00edtica sin \u00e9tica no es pol\u00edtica, dec\u00eda mi compa\u00f1ero y amigo Fern\u00e1ndez Buey. A\u00f1ado, la universidad sin \u00e9tica no es universidad.<\/span><\/p>\n<p><a href=\"https:\/\/puntocritico.com\/ausajpuntocritico\/wp-content\/uploads\/2018\/03\/Mosca_Punto_Cr\u00edtico_40.png\" rel=\"lightbox[10694]\"><img loading=\"lazy\" decoding=\"async\" class=\"aligncenter wp-image-9528\" src=\"https:\/\/puntocritico.com\/ausajpuntocritico\/wp-content\/uploads\/2018\/03\/Mosca_Punto_Cr\u00edtico_40.png\" alt=\"\" width=\"40\" height=\"40\" \/><\/a><\/p>\n<h1 style=\"text-align: center;\"><a id=\"ref49\"><\/a><a href=\"#ref49a\">[49]<\/a> LEY DE CONCURSO DE ACREEDORES: EL AMPARO JUDICIAL PARA ROBAR A LOS TRABAJADORES<\/h1>\n<div class=\"floatbreaker\"><span style=\"font-size: 14pt;\">Por TOM\u00c1S F. RUIZ\u00a0<\/span><\/div>\n<div>\u00a0<\/div>\n<div class=\"floatbreaker\"><span style=\"color: #339966;\">Art\u00edculo publicado el 3 de abril de 2018 en<\/span><\/div>\n<div><span style=\"color: #339966;\"><a style=\"color: #339966;\" href=\"http:\/\/canarias-semanal.org\/not\/22491\/ley-de-concurso-de-acreedores-el-amparo-judicial-para-robar-a-los-trabajadores\/\" target=\"_blank\" rel=\"noopener\">http:\/\/canarias-semanal.org\/not\/22491\/ley-de-concurso-de-acreedores-el-amparo-judicial-para-robar-a-los-trabajadores\/<\/a><\/span><\/div>\n<div>\u00a0<\/div>\n<div>\u00a0<\/div>\n<div><a href=\"https:\/\/puntocritico.com\/ausajpuntocritico\/wp-content\/uploads\/2018\/04\/img_53476.jpg\" rel=\"lightbox[10694]\"><img loading=\"lazy\" decoding=\"async\" class=\"aligncenter size-full wp-image-10795\" src=\"https:\/\/puntocritico.com\/ausajpuntocritico\/wp-content\/uploads\/2018\/04\/img_53476.jpg\" alt=\"\" width=\"670\" height=\"366\" srcset=\"https:\/\/puntocritico.com\/ausajpuntocritico\/wp-content\/uploads\/2018\/04\/img_53476.jpg 670w, https:\/\/puntocritico.com\/ausajpuntocritico\/wp-content\/uploads\/2018\/04\/img_53476-300x164.jpg 300w\" sizes=\"auto, (max-width: 670px) 100vw, 670px\" \/><\/a><\/div>\n<div id=\"TEXTO_NOTICIA\" class=\"TEXTO_PARRAFO \">\n<blockquote>\n<p class=\"entradilla\" style=\"text-align: justify;\"><span style=\"font-size: 14pt; font-family: arial, helvetica, sans-serif; color: #008000;\">\u00abConstituye una de las mayores violaciones en materia de derecho laboral\u00bb<\/span><\/p>\n<\/blockquote>\n<\/div>\n<div id=\"TEXTO_NOTICIA\" class=\"TEXTO_PARRAFO \">\n<p><strong>\u00a0<\/strong><span style=\"font-size: 14pt; font-family: arial, helvetica, sans-serif;\">La actual\u00a0<strong>ley de concurso de acreedores,<\/strong>\u00a0reformada el pasado a\u00f1o 2015, es una de las mayores violaciones en materia de derecho laboral que este gobierno ha cometido contra los trabajadores. Aunque en su texto justificativo la ley dice literalmente\u00a0<em>\u201cla continuidad de las empresas econ\u00f3micamente viables es beneficiosa no s\u00f3lo para las propias empresas, sino para la econom\u00eda en general y, muy en especial, para el mantenimiento del empleo\u201d,<\/em>\u00a0en los tres a\u00f1os que la ley lleva funcionando no ha servido para otra cosa que para que empresarios desalmados y administradores corruptos dejen de cumplir con sus obligaciones laborales y se queden con el dinero de de los salarios que corresponde a sus trabajadores.<\/span><\/p>\n<p style=\"text-align: justify;\"><span style=\"font-size: 14pt; font-family: arial, helvetica, sans-serif;\"><strong>Cientos de empresas se han acogido a esta pervertida ley para dejar de pagar los sueldos de sus trabajadores<\/strong>, seguir funcionando como entidad empresarial y acumular beneficios il\u00edcitos que, en su mayor parte, se convierten en dinero negro o van a parar a para\u00edsos fiscales y cuentas bancarias opacas en el extranjero. El concurso de acreedores es en realidad un concurso de empresarios corruptos a los que la ley les ha garantizado perpetuar el injustificable impago de salarios a sus trabajadores. Todas aquellas empresas que hasta la fecha se han acogido a esta obscena ley, gozan ahora de impunidad judicial para seguir cometiendo todos sus incalificables delitos.<\/span><\/p>\n<p style=\"text-align: justify;\"><span style=\"font-size: 14pt; font-family: arial, helvetica, sans-serif;\"><strong>Una ley que ampara a los estafadores<\/strong><\/span><\/p>\n<p style=\"text-align: justify;\"><span style=\"font-size: 14pt; font-family: arial, helvetica, sans-serif;\">Desde el punto de vista econ\u00f3mico, resulta literalmente aberrante que el Estado ampare a una empresa que, mientras sigue desarrollando su actividad y acumulando ganancias, interrumpa el pago de salarios a sus trabajadores. A esto se le llama impago en el c\u00f3digo penal y es lo que abiertamente ampara la ley de concurso de acreedores.<\/span><\/p>\n<p style=\"text-align: justify;\"><span style=\"font-size: 14pt; font-family: arial, helvetica, sans-serif;\">La empresa que,\u00a0<strong>declarada en quiebra,\u00a0<\/strong>se acoge a esta ley,\u00a0<strong>sigue generando beneficios econ\u00f3micos<\/strong>, beneficios que nunca se utilizan para pagar los salarios debidos a los trabajadores, sino que se quedan en manos de la empresa declarada en quiebra y de sus supuestos acreedores. Sujeto a una suspensi\u00f3n de pagos y sin cobrar su sueldo, al trabajador asalariado s\u00f3lo le queda recurrir a la v\u00eda judicial para reclamar lo que la empresa le est\u00e1 debiendo.<\/span><\/p>\n<p style=\"text-align: justify;\"><span style=\"font-size: 14pt; font-family: arial, helvetica, sans-serif;\"><strong>Complicidad de los jueces<\/strong><\/span><\/p>\n<p style=\"text-align: justify;\"><span style=\"font-size: 14pt; font-family: arial, helvetica, sans-serif;\">Los\u00a0<strong>magistrados\u00a0<\/strong>aqu\u00ed cumplen fielmente con su funci\u00f3n: un eslab\u00f3n primordial en la cadena de la estafa que se comete contra el trabajador. Cuando la empresa es llevada a juicio, sus representantes ni siquiera niegan el impago (la deuda que mantiene con sus trabajadores); sus despreciables abogados se limitan a exhibir la ley de concurso de acreedores a que est\u00e1 sujeta la empresa ante el juez y a salir por donde han venido, con la despreciable sonrisa de complicidad del<strong>estafador de<\/strong>\u00a0<strong><em>\u201cguante blanco\u201d,\u00a0<\/em><\/strong>amparado protegido\u00a0 por sus sistema judicial aberrante como es el nuestro. La sumisi\u00f3n de los jueces a esta inmunda ley es tal, que, a veces, ni tan siquiera llegan a celebrar el juicio: emiten sentencia dictaminando que condenan a la empresa al pago de la cantidad debida y dan por cumplida su parte en el fraudulento trato mantenido con este tipo de depravados empresarios.<\/span><\/p>\n<p style=\"text-align: justify;\"><span style=\"font-size: 14pt; font-family: arial, helvetica, sans-serif;\">Cuando el trabajador pide le ejecuci\u00f3n de esta sentencia, el juez de turno se limita a repetirle en un edicto el argumento de que la empresa se encuentra descapitalizada y acogida a la ley de concurso de acreedores. En realidad, la empresa sigue funcionando y generando beneficios, s\u00f3lo que en virtud de esta degenerada ley, los beneficios van a parar \u00edntegramente al bolsillo del empresario. A\u00fan as\u00ed, emitiendo una no menos pervertida y vergonzosa orden judicial (otras veces la llaman\u00a0<em>edicto<\/em>\u00a0y otras\u00a0<em>mandato<\/em>) el juez miente expl\u00edcitamente, declarando que el empresario no tiene ning\u00fan capital ni bienes a los que recurrir para hacer cumplir la sentencia; lo que es falso, pero con esta infame maniobra judicial, los jueces amparan la estafa contra el desamparado trabajador, confirman la complicidad de la justicia con los canallas empresarios y dejan al asalariado sin cobrar los sueldos que se le adeudan.<\/span><\/p>\n<p style=\"text-align: justify;\"><span style=\"font-size: 14pt; font-family: arial, helvetica, sans-serif;\">De esta forma, actuando con absoluta impunidad y liberados de la carga de pagar ni tan siquiera los sueldos de sus trabajadores, los empresarios se ven en una situaci\u00f3n absolutamente privilegiada, ya que no tienen no tienen ning\u00fan gasto y todo son beneficios. Su negocio ha sido tocado por la mano divina de un Estado nauseabundo que ampara sus delitos y le garantiza impunidad para no cumplir ninguno de los compromisos econ\u00f3micos que mantiene con sus trabajadores.<\/span><\/p>\n<p style=\"text-align: justify;\"><span style=\"font-size: 14pt; font-family: arial, helvetica, sans-serif;\">La ley de concurso de acreedores es una ley que, como ninguna otra antes, legaliza una estafa criminal e inadmisible en cualquier sistema econ\u00f3mico: negar el derecho b\u00e1sico que todo trabajador a cobrar su salario.<\/span><\/p>\n<p style=\"text-align: justify;\"><span style=\"font-size: 14pt; font-family: arial, helvetica, sans-serif;\"><strong>MC Ediciones, la impunidad de una editora<\/strong><\/span><\/p>\n<p style=\"text-align: justify;\"><span style=\"font-size: 14pt; font-family: arial, helvetica, sans-serif;\">Veamos un ejemplo descriptivo de c\u00f3mo una empresa espa\u00f1ola se ha acogido a esta ley para no pagar los salarios a sus trabajadores. La\u00a0<em>empresa MC Ediciones<\/em>edita en la actualidad -y mantiene en el mercado- cerca de\u00a0<strong>setenta publicaciones de todo tipo,\u00a0<\/strong>desde temas de m\u00fasica y misterio a gastronom\u00eda y salud (entre ellas\u00a0<em><strong>Penthouse, Integral, Alta Fidelidad, Heavy Rock, DT, Cocina vegetariana, FHM, Stuff, Casa Viva, Casa y jardin, Vivir en el campo, Proyecto contract, Postres thermomix, Todo perros, Meta hammer, Clio, Horoscopos, M\u00e1s All\u00e1, Qu\u00e9 leer<\/strong><\/em>&#8230;).<\/span><\/p>\n<p style=\"text-align: justify;\"><span style=\"font-size: 14pt; font-family: arial, helvetica, sans-serif;\">A pesar de que sus mismos propietarios aseguran que la viabilidad del negocio est\u00e1 garantizada, la empresa MC Ediciones lleva, avalada por su inserci\u00f3n en la ley de concurso de acreedores, m\u00e1s de cinco a\u00f1os debiendo sus salarios a los trabajadores. Entre otras empresas extranjeras que se benefician de la declaraci\u00f3n de concurso de acreedores, est\u00e1 la editorial suiza Edipresse Group, filial y colaboradora de MC Ediciones. De momento, no se plantean la posibilidad de cerrar cabeceras. Su intenci\u00f3n es\u00a0 continuar estafando a una plantilla de trabajadores que ronda las 150 personas.<\/span><\/p>\n<p style=\"text-align: justify;\"><span style=\"font-size: 14pt; font-family: arial, helvetica, sans-serif;\">A ra\u00edz de acogerse a la ley de concurso de acreedores,<strong>\u00a0MC Ediciones,<\/strong>\u00a0con sede en Barcelona, qued\u00f3 en manos de un administrador concursal que analiza las condiciones econ\u00f3micas y la viabilidad del negocio hasta que se implementen las medidas necesarias para solucionar los problemas financieros. Una de las secciones m\u00e1s perjudicadas por el concurso de acreedores han sido las redacciones de las revistas que publica, abastecidas en su mayor parte por<strong>colaboradores (freelance)<\/strong>\u00a0y que llevan desde hace m\u00e1s de tres a\u00f1os sin cobrar ninguna de sus colaboraciones. Obligada por ley a hacer p\u00fablicas y sacar a la luz todas sus fraudulentas maniobras econ\u00f3micas, MC Ediciones se parapeta tras una p\u00e1gina web opaca que tiene el acceso restringido.<\/span><\/p>\n<p style=\"text-align: justify;\"><span style=\"font-size: 14pt; font-family: arial, helvetica, sans-serif;\"><strong>Isidre Tutusaus, el \u201cmaster mind\u201d de MC EDICIONES<\/strong><\/span><\/p>\n<div style=\"text-align: justify;\">\n<p><span style=\"font-size: 14pt; font-family: arial, helvetica, sans-serif;\">Como toda estafa colectiva, detr\u00e1s de los directivos de la empresa MC Ediciones se encuentra una mente brillante que ha sabido dise\u00f1ar el fraude, d\u00e1ndole forma legal y manteniendo intocable la pervertida direcci\u00f3n administrativa que dej\u00f3 a sus trabajadores sin salarios, sin puesto de trabajo y, en la mayor parte de los casos, con deudas inadmisibles. Se trata del administrador de la empresa\u00a0<strong>Isidre Tutusaus<\/strong>, el hombre de paja de MC Ediciones que, aun representando a los socios propietarios de la compa\u00f1\u00eda, se ha negado a responder a las preguntas que se le formularon sobre el estado econ\u00f3mico de la empresa.<\/span><\/p>\n<p><span style=\"font-size: 14pt; font-family: arial, helvetica, sans-serif;\">Este administrador se neg\u00f3 igualmente a tasar el monto total de las deudas que MC Ediciones mantiene con sus trabajadores, as\u00ed como a confirmar cuantos son los trabajadores afectados, ni qu\u00e9 cantidad se les adeuda, ni qu\u00e9 hace la empresa con las ganancias que consigue de las nada despreciables ventas de\u00a0 todos sus ejemplares (de periodicidad mensual) y con los no menos despreciables ingresos que le llueven de la copiosa publicidad que incluye en sus p\u00e1ginas. Despreciando igualmente las peticiones de informaci\u00f3n econ\u00f3mica, financiera y laboral que se le hicieron,<strong>\u00a0Isidre Tutusaus<\/strong>\u00a0se ha negado tambi\u00e9n a reconocer que los ingresos actuales de MC Ediciones superan con creces el mill\u00f3n de euros al mes.<\/span><\/p>\n<\/div>\n<\/div>\n<p><a href=\"https:\/\/puntocritico.com\/ausajpuntocritico\/wp-content\/uploads\/2018\/03\/Mosca_Punto_Cr\u00edtico_40.png\" rel=\"lightbox[10694]\"><img loading=\"lazy\" decoding=\"async\" class=\"aligncenter wp-image-9528\" src=\"https:\/\/puntocritico.com\/ausajpuntocritico\/wp-content\/uploads\/2018\/03\/Mosca_Punto_Cr\u00edtico_40.png\" alt=\"\" width=\"40\" height=\"40\" \/><\/a><\/p>\n<div>\n<h1>\u00a0<\/h1>\n<h1 class=\"pg-headline\" style=\"text-align: center;\"><a id=\"ref50\"><\/a><a href=\"#ref50a\">[50]<\/a> Dos fondos de EE UU abren una causa contra el Santander en Nueva York para pedir informaci\u00f3n sobre Popular<\/h1>\n<div class=\"subtitle bkn mce sk2\"><span style=\"font-size: 14pt;\">\u00a0Por Europa Press<\/span><\/div>\n<\/div>\n<div>\u00a0<\/div>\n<div><span style=\"color: #339966;\">Art\u00edculo publicado el 4 de abril de 2018 en<\/span><\/div>\n<div><a href=\"https:\/\/www.eldiario.es\/economia\/EE-UU-Santander-Nueva-Popular_0_757324516.html\" target=\"_blank\" rel=\"noopener\"><span style=\"color: #339966;\">https:\/\/www.eldiario.es\/economia\/EE-UU-Santander-Nueva-Popular_0_757324516.html<\/span><\/a><\/div>\n<div>\u00a0<\/div>\n<div>\u00a0<\/div>\n<figure id=\"attachment_10797\" aria-describedby=\"caption-attachment-10797\" style=\"width: 643px\" class=\"wp-caption aligncenter\"><a href=\"https:\/\/puntocritico.com\/ausajpuntocritico\/wp-content\/uploads\/2018\/04\/Pimco-Anchorage-EEUU-Santander-Popular_EDIIMA20180404_0173_4.jpg\" rel=\"lightbox[10694]\"><img loading=\"lazy\" decoding=\"async\" class=\"wp-image-10797 size-full\" src=\"https:\/\/puntocritico.com\/ausajpuntocritico\/wp-content\/uploads\/2018\/04\/Pimco-Anchorage-EEUU-Santander-Popular_EDIIMA20180404_0173_4.jpg\" alt=\"\" width=\"643\" height=\"362\" srcset=\"https:\/\/puntocritico.com\/ausajpuntocritico\/wp-content\/uploads\/2018\/04\/Pimco-Anchorage-EEUU-Santander-Popular_EDIIMA20180404_0173_4.jpg 643w, https:\/\/puntocritico.com\/ausajpuntocritico\/wp-content\/uploads\/2018\/04\/Pimco-Anchorage-EEUU-Santander-Popular_EDIIMA20180404_0173_4-300x169.jpg 300w\" sizes=\"auto, (max-width: 643px) 100vw, 643px\" \/><\/a><figcaption id=\"caption-attachment-10797\" class=\"wp-caption-text\"><span style=\"font-size: 10pt; color: #339966;\"><strong>Pimco y Anchorage piden en EEUU informaci\u00f3n sobre el Santander y el Popular EFE<\/strong><\/span><\/figcaption><\/figure>\n<blockquote>\n<p style=\"text-align: justify;\"><span style=\"font-family: arial, helvetica, sans-serif; font-size: 14pt;\">Pimco y Anchorage perdieron 600 millones de euros en la adjudicaci\u00f3n de Popular a Santander por un euro<\/span><\/p>\n<p style=\"text-align: justify;\"><span style=\"font-family: arial, helvetica, sans-serif; font-size: 14pt;\">Estas dos entidades, junto con otros inversores, ya interpusieron una demanda contencioso administrativa contra el FROB en la Audiencia Nacional<\/span><\/p>\n<\/blockquote>\n<p class=\"mce\" style=\"text-align: justify;\"><span style=\"font-size: 14pt; font-family: arial, helvetica, sans-serif;\">Los fondos de inversi\u00f3n Pimco y Anchorage Capital han comenzado un proceso legal en Estados Unidos para obtener documentaci\u00f3n clave sobre la resoluci\u00f3n de Banco Popular y su posterior compra por Banco Santander al precio simb\u00f3lico de un euro.<\/span><\/p>\n<p class=\"mce\" style=\"text-align: justify;\"><span style=\"font-size: 14pt; font-family: arial, helvetica, sans-serif;\">Este procedimiento, presentado ante el Tribunal Federal del Distrito Sur de Nueva York el pasado martes y al que ha tenido acceso Europa Press, se conoce como &#8216;Discovery&#8217; y permite a los demandantes solicitar pruebas sobre una causa legal abierta en el extranjero siempre que el demandado tenga presencia en Estados Unidos y se considere que ostenta documentaci\u00f3n relevante.<\/span><\/p>\n<p class=\"mce\" style=\"text-align: justify;\"><span style=\"font-size: 14pt; font-family: arial, helvetica, sans-serif;\">Los fondos, representados por el despacho Quinn Emanuel, buscan obtener mediante este proceso documentaci\u00f3n relevante sobre la resoluci\u00f3n de Banco Popular que permita sustentar las causas que mantienen abiertas ante la Justicia de la Uni\u00f3n Europea y de Espa\u00f1a.<\/span><\/p>\n<p class=\"mce\" style=\"text-align: justify;\"><span style=\"font-size: 14pt; font-family: arial, helvetica, sans-serif;\">De hecho, Pimco y Anchorage, que perdieron m\u00e1s de 600 millones de euros con la resoluci\u00f3n de Banco Popular, realizan 26 solicitudes de informac\u00f3n sobre diversos aspectos de la resoluci\u00f3n entre las que se incluyen las valoraciones de Popular realizadas por Santander, la documentaci\u00f3n relacionada con las peticiones de la Asistencia de Liquidez de Emergencia (ELA) y las comunicaciones entre los presidentes de ambas entidades relativas al proceso de negociaci\u00f3n, as\u00ed como el tercer informe de Deloitte &#8211;que determinar\u00e1 si los accionistas y bonistas hubieran sufrido un menor perjuicio bajo un procedimiento habitual de insolvencia&#8211;.<\/span><\/p>\n<p class=\"mce\" style=\"text-align: justify;\"><span style=\"font-size: 14pt; font-family: arial, helvetica, sans-serif;\">\u00abSantander posee informaci\u00f3n material sobre la venta forzosa de Banco Popular que es de importancia cr\u00edtica para los procedimientos legales en Europa\u00bb, aseguran en su escrito ante la Justicia norteamericana Pimco y Anchorage.<\/span><\/p>\n<p class=\"mce\" style=\"text-align: justify;\"><span style=\"font-size: 14pt; font-family: arial, helvetica, sans-serif;\">En concreto, Pimco dispon\u00eda de bonos de Popular con un valor aproximado de 489,2 millones de euros, mientras que Anchorage ostentaba unos 154,7 millones de euros en bonos.<\/span><\/p>\n<p class=\"mce\" style=\"text-align: justify;\"><span style=\"font-size: 14pt; font-family: arial, helvetica, sans-serif;\">Estas dos firmas, junto con Algebris, Ronit Capital y Cairn Capital, bonistas de Popular, interpusieron el pasado mes de septiembre un recurso contencioso-administrativo ante la Audiencia Nacional contra el Fondo de Reestructuraci\u00f3n Ordenada Bancaria (FROB) por su papel en la resoluci\u00f3n de la entidad.<\/span><\/p>\n<p class=\"mce\" style=\"text-align: justify;\"><span style=\"font-size: 14pt; font-family: arial, helvetica, sans-serif;\">\u00abSantander es el principal beneficiario de la resoluci\u00f3n del Banco Popular, y por ello es l\u00f3gico que se les exija divulgar los documentos clave sobre su participaci\u00f3n en la compra del Popular, la cual a su vez provoc\u00f3 la p\u00e9rdida de las inversiones de nuestros clientes\u00bb, explica el socio director del bufete legal Quinn Emanuel, Richard East, quien considera \u00abfundamental\u00bb el acceso a esta informaci\u00f3n para que los procesos legales en marcha, que no est\u00e1n dirigidos contra Santander, sean \u00abjustos, equitativos y transparentes\u00bb.<\/span><\/p>\n<p class=\"mce\" style=\"text-align: justify;\"><span style=\"font-size: 14pt; font-family: arial, helvetica, sans-serif;\">El grupo de inversores mexicanos de Banco Popular que lidera Antonio del Valle, que registr\u00f3 p\u00e9rdidas de 470 millones de euros con la resoluci\u00f3n de la entidad, comenz\u00f3 este mismo procedimiento el pasado 6 de marzo, tambi\u00e9n ante el tribunal federal del Distrito Sur de Nueva York.<\/span><\/p>\n<p><a href=\"https:\/\/puntocritico.com\/ausajpuntocritico\/wp-content\/uploads\/2018\/03\/Mosca_Punto_Cr\u00edtico_40.png\" rel=\"lightbox[10694]\"><img loading=\"lazy\" decoding=\"async\" class=\"aligncenter wp-image-9528\" src=\"https:\/\/puntocritico.com\/ausajpuntocritico\/wp-content\/uploads\/2018\/03\/Mosca_Punto_Cr\u00edtico_40.png\" alt=\"\" width=\"40\" height=\"40\" \/><\/a><\/p>\n<h1>\u00a0<\/h1>\n<h1 class=\"pg-headline\" style=\"text-align: center;\"><a id=\"ref51\"><\/a><a href=\"#ref51a\">[51]<\/a> La Audiencia Nacional deja en libertad a Falciani pero le somete a una estricta vigilancia<\/h1>\n<p><span style=\"font-size: 14pt;\">Por\u00a0<\/span><span style=\"font-size: 14pt;\">Pedro \u00c1gueda<\/span><\/p>\n<div><span style=\"color: #339966;\">Art\u00edculo publicado el 5 de abril de 2018 en<\/span><\/div>\n<div class=\"mce\"><a href=\"https:\/\/www.eldiario.es\/politica\/Falciani_0_757674424.html\" target=\"_blank\" rel=\"noopener\"><span style=\"color: #339966;\">\u00a0https:\/\/www.eldiario.es\/politica\/Falciani_0_757674424.html<\/span><\/a><\/div>\n<div>\u00a0<\/div>\n<div class=\"subtitle bkn mce sk2\"><span style=\"color: #339966;\">\u00a0<\/span><\/div>\n<figure id=\"attachment_10798\" aria-describedby=\"caption-attachment-10798\" style=\"width: 643px\" class=\"wp-caption aligncenter\"><a href=\"https:\/\/puntocritico.com\/ausajpuntocritico\/wp-content\/uploads\/2018\/04\/Herve-Falciani-disposicion-Espana-detencion_EDIIMA20180405_0175_4.jpg\" rel=\"lightbox[10694]\"><img loading=\"lazy\" decoding=\"async\" class=\"wp-image-10798 size-full\" src=\"https:\/\/puntocritico.com\/ausajpuntocritico\/wp-content\/uploads\/2018\/04\/Herve-Falciani-disposicion-Espana-detencion_EDIIMA20180405_0175_4.jpg\" alt=\"\" width=\"643\" height=\"362\" srcset=\"https:\/\/puntocritico.com\/ausajpuntocritico\/wp-content\/uploads\/2018\/04\/Herve-Falciani-disposicion-Espana-detencion_EDIIMA20180405_0175_4.jpg 643w, https:\/\/puntocritico.com\/ausajpuntocritico\/wp-content\/uploads\/2018\/04\/Herve-Falciani-disposicion-Espana-detencion_EDIIMA20180405_0175_4-300x169.jpg 300w\" sizes=\"auto, (max-width: 643px) 100vw, 643px\" \/><\/a><figcaption id=\"caption-attachment-10798\" class=\"wp-caption-text\"><span style=\"font-size: 10pt; color: #339966;\"><strong>El ingeniero inform\u00e1tico Herve Falciani EFE<\/strong><\/span><\/figcaption><\/figure>\n<blockquote>\n<p style=\"text-align: justify;\"><span style=\"font-family: arial, helvetica, sans-serif; font-size: 14pt;\">El ingeniero inform\u00e1tico no podr\u00e1 salir de la localidad espa\u00f1ola en la que reside sin comunic\u00e1rselo a un juez y la polic\u00eda municipal vigilar\u00e1 su domicilio<\/span><\/p>\n<p style=\"text-align: justify;\"><span style=\"font-family: arial, helvetica, sans-serif; font-size: 14pt;\">La Fiscal\u00eda hab\u00eda pedido que ingresara en prisi\u00f3n\u00a0mientras se estudia el expediente y se resuelve la petici\u00f3n de extradici\u00f3n de Suiza\u00a0<\/span><\/p>\n<p style=\"text-align: justify;\"><span style=\"font-family: arial, helvetica, sans-serif; font-size: 14pt;\">El Ministerio P\u00fablico\u00a0se opuso en 2013 a entregar a Falciani por unos hechos que son los mismos por los que ahora le vuelve a reclamar el pa\u00eds helv\u00e9tico<\/span><\/p>\n<\/blockquote>\n<p class=\"mce\" style=\"text-align: justify;\"><span style=\"font-family: arial, helvetica, sans-serif; font-size: 14pt;\">El juez de la Audiencia Nacional Diego de Egea ha dejado en libertad a Herve Falciani con estrictas medidas cautelares: retirada del pasaporte, prohibici\u00f3n de salir de Espa\u00f1a, comparecencias\u00a0semanales en el juzgado y que comunique cualquier desplazamiento de la localidad espa\u00f1ola en la que reside, aunque sea un desplazamiento nacional, para que un juez lo autorice.<\/span><\/p>\n<p class=\"mce\" style=\"text-align: justify;\"><span style=\"font-family: arial, helvetica, sans-serif; font-size: 14pt;\">El\u00a0magistrado\u00a0oficia tambi\u00e9n al alcalde de su lugar de residencia para que la Polic\u00eda Municipal realice \u00abuna vigilancia diaria\u00bb de su domicilio. De Egea remacha con una orden para que los embajadores de Francia e Italia en Espa\u00f1a para que \u00abno remuevan ni faciliten ning\u00fan documento que permita la salida de Espa\u00f1a del reclamado\u00bb. Falciani tiene doble nacionalidad franco-italiana.<\/span><\/p>\n<p class=\"mce\" style=\"text-align: justify;\"><span style=\"font-family: arial, helvetica, sans-serif; font-size: 14pt;\">El teniente fiscal de la Audiencia Nacional, Miguel \u00c1ngel Carballo, hab\u00eda solicitado prisi\u00f3n incondicional para Herv\u00e9 Falciani mientras se resuelve la petici\u00f3n de extradici\u00f3n de Suiza. En el caso de no ser acordada, el fiscal hab\u00eda pedido que se acordaran medidas cautelares, seg\u00fan asegura la nota de la Fiscal\u00eda. Sin embargo, el auto del juez solo recoge una \u00fanica petici\u00f3n de la Fiscal\u00eda, la prisi\u00f3n incondicional.\u00a0<\/span><\/p>\n<p class=\"mce\" style=\"text-align: justify;\"><span style=\"font-family: arial, helvetica, sans-serif; font-size: 14pt;\">En su auto, el juez De Ega -que hace labores de apoyo en el Juzgado Central de Instrucci\u00f3n n\u00famero 6- recuerda que un auto del 8 de mayo de 2013 de la Sala de lo Penal de la Audiencia Nacional ya rechaz\u00f3 la extradici\u00f3n a Suiza de Falciani. Por esta circunstancia, sumada a que el el ingeniero inform\u00e1tico tiene domicilio en Espa\u00f1a, \u00abprocede por lo tanto la libertad provisional con las medidas de car\u00e1cter cautelar\u00bb que se mencionan, dice en su resoluci\u00f3n razonada.<\/span><\/p>\n<p class=\"mce\" style=\"text-align: justify;\"><span style=\"font-family: arial, helvetica, sans-serif; font-size: 14pt;\">El fiscal Carballo hab\u00eda alegado ante Falciani, su defensa y el juez Diego de Egea que existe riesgo de fuga del ingeniero inform\u00e1tico y la necesidad de estudiar el expediente. Falciani\u00a0tiene comunicado un\u00a0domicilio en Espa\u00f1a, seg\u00fan su defensa. En caso de que el juez no dictara prisi\u00f3n, el fiscal ha propuesto otras medidas cautelares, que pueden ser comparecencias en el juzgado o retirada de pasaporte.<\/span><\/p>\n<p class=\"mce\" style=\"text-align: justify;\"><span style=\"font-family: arial, helvetica, sans-serif; font-size: 14pt;\">El letrado Manuel Oll\u00e9, que ha asistido a Falciani, ha recordado al juez que su defendido ha colaborado intensamente con las \u00abadministraciones\u00bb. Entre estas, y seg\u00fan trascendi\u00f3 en su momento, est\u00e1 la propia Fiscal\u00eda Anticorrupci\u00f3n.<\/span><\/p>\n<p class=\"mce\" style=\"text-align: justify;\"><span style=\"font-family: arial, helvetica, sans-serif; font-size: 14pt;\">La Fiscal\u00eda de la Audiencia Nacional traslad\u00f3 a los medios en la tarde del mi\u00e9rcoles que, sin entrar al fondo del asunto, parec\u00eda que los hechos por los que Suiza reclama a Falciani son \u00abcosa juzgada\u00bb, esto es, que coinciden con los mismos que fueron analizados en 2013. La Audiencia Nacional, de acuerdo con la Fiscal\u00eda de la que ahora Carballo es su n\u00famero dos, apoy\u00f3 entonces que no fuera entregado.<\/span><\/p>\n<p class=\"mce\" style=\"text-align: justify;\"><span style=\"font-family: arial, helvetica, sans-serif; font-size: 14pt;\">En un comunicado hecho p\u00fablico esta ma\u00f1ana, la Fiscal\u00eda dice que hay \u00abuna novedad\u00bb respecto a 2013 y es que \u00abla reciente OID suiza genera un riesgo de fuga hasta ahora inexistente en persona con acreditada capacidad de eludir la acci\u00f3n de la Justicia y de nacionalidad no espa\u00f1ola\u00bb.<\/span><\/p>\n<p class=\"mce\" style=\"text-align: justify;\"><span style=\"font-family: arial, helvetica, sans-serif; font-size: 14pt;\">\u00abDada la complejidad del asunto, (es necesario) estudiar en profundidad la documentaci\u00f3n extradicional una vez que se cuente con ella, la cual, es la que determina aut\u00e9nticamente el objeto de la reclamaci\u00f3n. Otra decisi\u00f3n puede resultar precipitada dado que las autoridades suizas solicitan colaboraci\u00f3n para ejecutar una pena de entidad\u00bb, a\u00f1ade la nota.<\/span><\/p>\n<p class=\"mce\" style=\"text-align: justify;\"><span style=\"font-family: arial, helvetica, sans-serif; font-size: 14pt;\">La orden de detenci\u00f3n emitida por la Confederaci\u00f3n Helv\u00e9tica est\u00e1 motivada porque desde el 2 de mayo de 2016 hay una sentencia firme contra Falciani, que tuvo que ser juzgado y condenado en rebeld\u00eda a cinco a\u00f1os de c\u00e1rcel por espionaje industrial. El experto inform\u00e1tico\u00a0<a class=\"mce\" href=\"https:\/\/www.eldiario.es\/politica\/Policia-Herve-Falciani-extradicion-Suiza_0_757325196.html\" target=\"_blank\" rel=\"noopener\">\u00a0fue detenido en la tarde del mi\u00e9rcoles en Madrid<\/a>\u00a0cuando se dispon\u00eda a participar en un acto en la Universidad de Comillas.<\/span><\/p>\n<p class=\"mce\" style=\"text-align: justify;\"><span style=\"font-family: arial, helvetica, sans-serif; font-size: 14pt;\">Suiza dict\u00f3 una orden de detenci\u00f3n casi un a\u00f1o despu\u00e9s, el 24 de febrero, y su oficina policial la curs\u00f3 a todos los pa\u00edses del espacio Schengen el 3 de mayo de 2017 a las 15 horas, 46 minutos y 52 segundos, seg\u00fan consta en un documento de la oficina de cooperaci\u00f3n internacional de la Polic\u00eda espa\u00f1ola, Sirene, al que ha tenido acceso eldiario.es. En ese mismo documento figura a pie de p\u00e1gina: \u201cFecha de emisi\u00f3n: 19\/03\/2018\u201d.<\/span><\/p>\n<p class=\"mce\" style=\"text-align: justify;\"><span style=\"font-family: arial, helvetica, sans-serif; font-size: 14pt;\">Un portavoz del Ministerio del Interior asegura que esa es la fecha en la que se recibi\u00f3 en Espa\u00f1a la orden internacional de detenci\u00f3n. El Departamento Federal de Justicia de Suiza ha confirmado este jueves a Efe que la fecha difusi\u00f3n de la orden internacional es del 3 de mayo de 2017.<\/span><\/p>\n<p class=\"mce\" style=\"text-align: justify;\"><span style=\"font-family: arial, helvetica, sans-serif; font-size: 14pt;\">La fecha en la que Espa\u00f1a recibe la orden de detenci\u00f3n y decide ejecutarla cobra m\u00e1s relevancia si se atiende a las especulaciones que la detenci\u00f3n de Falciani, un aliado de la justicia espa\u00f1ola y de Hacienda, tuviera que ver con el deseo de las autoridades espa\u00f1olas de que Anna Gabriel y Marta Rovira sean extraditadas desde Suiza. La informaci\u00f3n facilitada por Falciani sobre las cuentas del HSBC, el banco en el que trabajaba en Suiza, han permitido a Espa\u00f1a recuperar 300 millones de euros defraudados al fisco y peseguir a 659 personas.\u00a0<\/span><\/p>\n<p><a href=\"https:\/\/puntocritico.com\/ausajpuntocritico\/wp-content\/uploads\/2018\/03\/Mosca_Punto_Cr\u00edtico_40.png\" rel=\"lightbox[10694]\"><img loading=\"lazy\" decoding=\"async\" class=\"aligncenter wp-image-9528\" src=\"https:\/\/puntocritico.com\/ausajpuntocritico\/wp-content\/uploads\/2018\/03\/Mosca_Punto_Cr\u00edtico_40.png\" alt=\"\" width=\"40\" height=\"40\" \/><\/a><\/p>\n<h1>\u00a0<\/h1>\n<h1 style=\"text-align: center;\"><span class=\"titular\"><a id=\"ref52\"><\/a><a href=\"#ref52a\">[52]<\/a>\u00a0 Narbona y otros tres exministros, citados para dar explicaciones sobre la financiaci\u00f3n del PSPV<\/span><\/h1>\n<p><span style=\"font-size: 14pt;\">Por ABC<\/span><\/p>\n<div><span style=\"color: #339966;\">Art\u00edculo publicado el 6 de abril de 2018 en<\/span><\/div>\n<div><span style=\"color: #339966;\"><a style=\"color: #339966;\" href=\"http:\/\/www.abc.es\/espana\/comunidad-valenciana\/abci-narbona-y-otros-tres-exministros-citados-para-explicaciones-sobre-financiacion-pspv-201804061326_noticia.html\" target=\"_blank\" rel=\"noopener\">http:\/\/www.abc.es\/espana\/comunidad-valenciana\/abci-narbona-y-otros-tres-exministros-citados-para-explicaciones-sobre-financiacion-pspv-201804061326_noticia.html<\/a><\/span><\/div>\n<div>\u00a0<\/div>\n<div>\u00a0<\/div>\n<figure id=\"attachment_10799\" aria-describedby=\"caption-attachment-10799\" style=\"width: 540px\" class=\"wp-caption aligncenter\"><a href=\"https:\/\/puntocritico.com\/ausajpuntocritico\/wp-content\/uploads\/2018\/04\/NARBONA-PLA-kJ8H-1240x698@abc.jpg\" rel=\"lightbox[10694]\"><img loading=\"lazy\" decoding=\"async\" class=\"wp-image-10799\" src=\"https:\/\/puntocritico.com\/ausajpuntocritico\/wp-content\/uploads\/2018\/04\/NARBONA-PLA-kJ8H-1240x698@abc.jpg\" alt=\"\" width=\"540\" height=\"304\" srcset=\"https:\/\/puntocritico.com\/ausajpuntocritico\/wp-content\/uploads\/2018\/04\/NARBONA-PLA-kJ8H-1240x698@abc.jpg 1240w, https:\/\/puntocritico.com\/ausajpuntocritico\/wp-content\/uploads\/2018\/04\/NARBONA-PLA-kJ8H-1240x698@abc-300x169.jpg 300w, https:\/\/puntocritico.com\/ausajpuntocritico\/wp-content\/uploads\/2018\/04\/NARBONA-PLA-kJ8H-1240x698@abc-768x432.jpg 768w, https:\/\/puntocritico.com\/ausajpuntocritico\/wp-content\/uploads\/2018\/04\/NARBONA-PLA-kJ8H-1240x698@abc-1024x576.jpg 1024w, https:\/\/puntocritico.com\/ausajpuntocritico\/wp-content\/uploads\/2018\/04\/NARBONA-PLA-kJ8H-1240x698@abc-678x381.jpg 678w\" sizes=\"auto, (max-width: 540px) 100vw, 540px\" \/><\/a><figcaption id=\"caption-attachment-10799\" class=\"wp-caption-text\"><span style=\"font-size: 10pt;\"><strong><span style=\"color: #339966;\">Imagen de Narbona y Pla tomada en junio de 2007 &#8211; ROBER SOLSONA <\/span><\/strong><\/span><\/figcaption><\/figure>\n<blockquote>\n<p class=\"subtitulo\" style=\"text-align: justify;\"><span style=\"color: #008000;\"><strong><span style=\"font-size: 14pt; font-family: arial, helvetica, sans-serif;\">El PP llama tambi\u00e9n al Senado al l\u00edder de los socialistas valencianos en la etapa que investigan cuatro juzgados<\/span><\/strong><\/span><\/p>\n<\/blockquote>\n<footer class=\"autores\"><\/footer>\n<p style=\"text-align: justify;\"><span style=\"font-size: 14pt; font-family: arial, helvetica, sans-serif;\">El PP interrogar\u00e1 en el Senado a la actual presidenta del PSOE y exministra de Medio Ambiente, Cristina Narbona, y a otros tres exministros, dos de ellos bajo el mandado de\u00a0<strong>Jos\u00e9 Luis Rodr\u00edguez Zapatero<\/strong><strong>-Beatriz Corredor y Bernat Soria<\/strong>-, as\u00ed como de\u00a0<strong>Carmen Alborch<\/strong>, para indagar sobre la supuesta financiaci\u00f3n ilegal del PSPV entre 2007 y 2011, que conforme ha venido informando ABC\u00a0<a href=\"http:\/\/www.abc.es\/espana\/comunidad-valenciana\/abci-investigan-adjudicaciones-gobierno-zapatero-empresa-vinculada-pspv-201803282223_noticia.html\" target=\"_blank\" rel=\"noopener noreferrer\">se investiga en cuatro juzgados de Madrid, Benidorm y Gand\u00eda.<\/a><\/span><\/p>\n<p style=\"text-align: justify;\"><span style=\"font-size: 14pt; font-family: arial, helvetica, sans-serif;\">Carmen Alborch, exministra de Cultura a las \u00f3rdenes de\u00a0<strong>Felipe Gonz\u00e1lez<\/strong>, concurri\u00f3 a las elecciones municipales como cabeza de lista del PSPV en las elecciones de 2007.<\/span><\/p>\n<p style=\"text-align: justify;\"><span style=\"font-size: 14pt; font-family: arial, helvetica, sans-serif;\">El resto de exministros firmaron contratos con\u00a0<strong>Crespo Gomar<\/strong>, la empresa de comunicaci\u00f3n y marketing af\u00edn a los socialistas valencianos considerada como el epicentro de la trama de acuerdo con los investigadores, por un monto global cercano a los tres millones de euros<\/span><\/p>\n<p style=\"text-align: justify;\"><span style=\"font-size: 14pt; font-family: arial, helvetica, sans-serif;\">Adem\u00e1s, el grupo popular convocar\u00e1 a la Comisi\u00f3n de Investigaci\u00f3n de la<strong>\u00a0Financiaci\u00f3n de los Partidos Pol\u00edticos de la C\u00e1mara Alta\u00a0<\/strong>al que fue secretario general del PSPV-PSOE hasta 2007,<strong>\u00a0Joan Ignasi Pla,<\/strong>\u00a0y a varios cargos del actual Ejecutivo socialista presidido por Ximo Puig, como su asesor\u00a0<strong>Jos\u00e9 Manuel Orengo<\/strong>, exalcalde de Gand\u00eda, o el secretario auton\u00f3mico de Educaci\u00f3n, Miquel Soler.<\/span><\/p>\n<p style=\"text-align: justify;\"><span style=\"font-size: 14pt; font-family: arial, helvetica, sans-serif;\">Estos dirigentes y exdirigentes socialistas\u00a0<a href=\"http:\/\/www.abc.es\/espana\/comunidad-valenciana\/abci-pp-cita-senado-dirigentes-pspv-y-compromis-caso-financiacion-ilegal-201804041729_noticia.html#ns_campaign=mod-sugeridos&amp;ns_mchannel=relacionados&amp;ns_source=el-pp-cita-en-el-senado-a-dirigentes-del-pspv-y-compromis-por-el-caso-de-la-financiacion-ilegal&amp;ns_linkname=noticia.foto.local&amp;ns_fee=pos-1\" target=\"_blank\" rel=\"noopener noreferrer\">figuran en una lista de veinte nuevas comparecencias<\/a>\u00a0que el PP ha registrado este viernes en el Senado y en la que tambi\u00e9n figuran cargos de Comprom\u00eds, como el administrador de la coalici\u00f3n,\u00a0<strong>Miquel Aleixit<\/strong>, o el miembro de su Ejecutiva,\u00a0<strong>Miquel Real<\/strong>, ya que las investigaciones se refieren a la presunta financiaci\u00f3n ilegal del Bloc y el PSPV de 2007 a 2011.<\/span><\/p>\n<p style=\"text-align: justify;\"><span style=\"font-size: 14pt; font-family: arial, helvetica, sans-serif;\">El portavoz del PP en la comisi\u00f3n de investigaci\u00f3n,\u00a0<strong>Luis Aznar<\/strong>, ya hab\u00eda anunciado la intenci\u00f3n de su grupo, que maneja en solitario este \u00f3rgano parlamentario, de estudiar \u00aben profundidad\u00bb\u00a0<a href=\"http:\/\/www.abc.es\/espana\/comunidad-valenciana\/abci-gobierno-zapatero-contrato-empresa-trama-pspv-frente-mejores-ofertas-economicas-201804042004_noticia.html\" target=\"_blank\" rel=\"noopener noreferrer\">este asunto que en las \u00faltimas semanas ha cobrado protagonismo judicial<\/a>\u00a0y sobre el que los populares estaban \u00abtras la pista\u00bb hace tiempo.<\/span><\/p>\n<p style=\"text-align: justify;\"><span style=\"font-size: 14pt; font-family: arial, helvetica, sans-serif;\"><a href=\"http:\/\/www.abc.es\/espana\/comunidad-valenciana\/abci-gobierno-zapatero-contrato-empresa-trama-pspv-frente-mejores-ofertas-economicas-201804042004_noticia.html\" target=\"_blank\" rel=\"noopener noreferrer\">Conforme public\u00f3 este peri\u00f3dico el jueves<\/a>, el Gobierno de Jos\u00e9 Luis Rodr\u00edguez Zapatero adjudic\u00f3 un contrato de 200.000 euros a\u00a0<strong>Crespo Gomar<\/strong>, la empresa investigada como el epicentro de la presunta financiaci\u00f3n ilegal del PSPV-PSOE y el Bloc entre los a\u00f1os 2007 y 2011, primando la valoraci\u00f3n de las propuestas \u00abcreativas\u00bb a pesar de que su propuesta econ\u00f3mica no se encontraba entre las nueve mejores de las diecisiete firmas que optaron a la licitaci\u00f3n, de acuerdo con la resoluci\u00f3n del concurso a la que ha tenido acceso ABC.<\/span><\/p>\n<p style=\"text-align: justify;\"><span style=\"font-size: 14pt; font-family: arial, helvetica, sans-serif;\">Los contratos que recibi\u00f3 la sociedad durante la etapa de Jos\u00e9 Luis Rodr\u00edguez Zapatero\u00a0<strong>se investigan en dos juzgados de Madrid<\/strong>. En total, se trata de siete adjudicaciones por cerca de tres millones de euros. El de mayor cuant\u00eda fue tramitada por el Ministerio de Sanidad a trav\u00e9s de la direcci\u00f3n general de Consumo, dirigida por Etelvina Andreu, y super\u00f3 los dos millones de euros. El ministro era entonces Bernat Soria.<\/span><\/p>\n<p style=\"text-align: justify;\"><span style=\"font-size: 14pt; font-family: arial, helvetica, sans-serif;\">Entre ellos tambi\u00e9n se encuentran dos del Ministerio de Medio Ambiente que dirig\u00eda\u00a0<strong>Cristina Narbona:<\/strong>\u00a0uno de AquaMed para la campa\u00f1a de la desalinizadora de Torrevieja por 600.000 euros y otro de Aguas del J\u00facar por 234.700 euros para un plan de comunicaci\u00f3n sobre infraestructuras hidr\u00e1ulicas en 2005.<\/span><\/p>\n<p style=\"text-align: justify;\"><span style=\"font-size: 14pt; font-family: arial, helvetica, sans-serif;\">A ellos se a\u00f1aden un contrato del Ministerio de Vivienda en 2008 bajo el mandato de Beatriz Corredor para la difusi\u00f3n de los contenidos del Plan de Vivienda por 126.208 euros y el citado del departamento de Sanidad en el mismo a\u00f1o por 200.000 euros para promover el consumo responsable entre la poblaci\u00f3n.<\/span><\/p>\n<p><a href=\"https:\/\/puntocritico.com\/ausajpuntocritico\/wp-content\/uploads\/2018\/03\/Mosca_Punto_Cr\u00edtico_40.png\" rel=\"lightbox[10694]\"><img loading=\"lazy\" decoding=\"async\" class=\"aligncenter wp-image-9528\" src=\"https:\/\/puntocritico.com\/ausajpuntocritico\/wp-content\/uploads\/2018\/03\/Mosca_Punto_Cr\u00edtico_40.png\" alt=\"\" width=\"40\" height=\"40\" \/><\/a><\/p>\n<h1>\u00a0<\/h1>\n<h1 style=\"text-align: center;\"><a id=\"ref53\"><\/a><a href=\"#ref53a\">[53]<\/a> Hablemos de la universidad<\/h1>\n<p><span style=\"font-size: 14pt;\">Por\u00a0JOS\u00c9 ANTONIO P\u00c9REZ TAPIAS\u00a0<\/span><\/p>\n<div><span style=\"color: #339966;\">Art\u00edculo publicado el 6 de abril de 2018 en<\/span><\/div>\n<div><a href=\"http:\/\/ctxt.es\/es\/20180404\/Firmas\/18845\/universidad-master-cifuentes-perez-tapias.htm\" target=\"_blank\" rel=\"noopener\"><span style=\"color: #339966;\">http:\/\/ctxt.es\/es\/20180404\/Firmas\/18845\/universidad-master-cifuentes-perez-tapias.htm<\/span><\/a><\/div>\n<div>\u00a0<\/div>\n<div>\u00a0<\/div>\n<div>\n<figure id=\"attachment_10800\" aria-describedby=\"caption-attachment-10800\" style=\"width: 720px\" class=\"wp-caption aligncenter\"><a href=\"https:\/\/puntocritico.com\/ausajpuntocritico\/wp-content\/uploads\/2018\/04\/images_cms-image-000015067.jpg\" rel=\"lightbox[10694]\"><img loading=\"lazy\" decoding=\"async\" class=\"wp-image-10800 size-full\" src=\"https:\/\/puntocritico.com\/ausajpuntocritico\/wp-content\/uploads\/2018\/04\/images_cms-image-000015067.jpg\" alt=\"\" width=\"720\" height=\"540\" srcset=\"https:\/\/puntocritico.com\/ausajpuntocritico\/wp-content\/uploads\/2018\/04\/images_cms-image-000015067.jpg 720w, https:\/\/puntocritico.com\/ausajpuntocritico\/wp-content\/uploads\/2018\/04\/images_cms-image-000015067-300x225.jpg 300w, https:\/\/puntocritico.com\/ausajpuntocritico\/wp-content\/uploads\/2018\/04\/images_cms-image-000015067-678x509.jpg 678w, https:\/\/puntocritico.com\/ausajpuntocritico\/wp-content\/uploads\/2018\/04\/images_cms-image-000015067-326x245.jpg 326w, https:\/\/puntocritico.com\/ausajpuntocritico\/wp-content\/uploads\/2018\/04\/images_cms-image-000015067-80x60.jpg 80w\" sizes=\"auto, (max-width: 720px) 100vw, 720px\" \/><\/a><figcaption id=\"caption-attachment-10800\" class=\"wp-caption-text\"><span style=\"font-size: 10pt; color: #339966;\"><strong>Entrada de la Universidad Rey Juan Carlos \u00c1NGEL SERRANO S\u00c1NCHEZ DE LE\u00d3N (CC)<\/strong><\/span><\/figcaption><\/figure>\n<\/div>\n<div>\u00a0<\/div>\n<blockquote>\n<div class=\"subtitulo\" style=\"text-align: justify;\"><span style=\"color: #808080;\"><strong><span style=\"font-size: 14pt; font-family: arial, helvetica, sans-serif;\">No podemos dejar que nuestras universidades vengan a ser supermercados de t\u00edtulos, productoras de resultados transferibles a un mundo empresarial que utiliza lo p\u00fablico para engrosar sus cuentas privadas<\/span><\/strong><\/span><\/div>\n<\/blockquote>\n<div class=\"firma\">\n<p style=\"font-weight: 400; text-align: justify;\"><span style=\"font-size: 14pt; font-family: arial, helvetica, sans-serif;\">Quiero hablar de la universidad y lo voy a hacer conversando con quienes le\u00e1is estas l\u00edneas. No quiero hablar de la persona que pretende enga\u00f1ar a todo un pa\u00eds sobre el t\u00edtulo acad\u00e9mico que consigui\u00f3 de la forma m\u00e1s artera, cometiendo irregularidades, provocando complicidades incluso presuntamente delictivas, consiguiendo un injusto trato de favor por parte de profesores y personal administrativo, falseando documentos p\u00fablicos, ri\u00e9ndose en la cara de quienes ten\u00edan que cursar con todo su esfuerzo esos mismos estudios; abusando de su poder convirtiendo su relevante puesto pol\u00edtico en posici\u00f3n de dominio, consiguiendo el amparo del partido pol\u00edtico al que pertenece y que, en medio de la putrefacci\u00f3n de un caso de descarada \u00a0corrupci\u00f3n, le jalea y aplaude\u2026 No quiero hablar de esa persona, ni siquiera mencionando su nombre. Su comportamiento es tan indigno que est\u00e1 condenada a no ser (pol\u00edticamente) nadie, por mucho que trate de esquivar las cr\u00edticas en la prensa, las preguntas parlamentarias, las comisiones de investigaci\u00f3n, las mociones de censura\u2026 Y la universidad como instituci\u00f3n, para m\u00e1s se\u00f1as la universidad p\u00fablica, que por ella se ve maltratada, denostada, acusada y reducida a ser el basurero de su miseria \u2013y estercolero del partido que groseramente instrumentaliza la instituci\u00f3n universitaria-, aun con todo, sobrevivir\u00e1, resistir\u00e1, seguir\u00e1 adelante con su vocaci\u00f3n milenaria. Por eso merece la pena que hablemos de la universidad.<\/span><\/p>\n<p style=\"font-weight: 400; text-align: justify;\"><span style=\"font-size: 14pt; font-family: arial, helvetica, sans-serif;\">Pero no quiero hablar de quien no tiene reparos a la hora de desprestigiar a la universidad con tal de salvar su puesto. Y eso que la universidad que hoy conocemos no es ning\u00fan id\u00edlico lugar donde florezcan a diario, sin mezcla de malas hierbas, las semillas del saber. Sabemos bien que es un territorio complejo donde se dan conflictos de poder, desigualdades injustificables y situaciones de clamorosa precariedad, ofensiva jerarquizaci\u00f3n de saberes y acceso discriminatorio a recursos, corruptelas e irregularidades varias\u2026, como en tantas instituciones p\u00fablicas donde entran, salen, viven y act\u00faan cientos de miles de personas, como es el caso del sistema universitario espa\u00f1ol. Pero las universidades en que nos movemos muchos de nosotros son, a la vez, el espacio en que ense\u00f1amos y aprendemos, investigamos y publicamos, convivimos y trabajamos. No es un \u00e1mbito cerrado, aunque algo tiene de microcosmos. Por el contrario, es espacio poroso, abierto a la sociedad a la que se debe y empapado de la cultura que desde ese mismo espacio se recrea. En sus recorridos, como en todos los de las historias humanas, la universidad se muestra ambigua en tanto ella no se libra de que el terreno acad\u00e9mico sea tambi\u00e9n terreno donde crecen juntos el trigo y la ciza\u00f1a. S\u00ed es verdad que la instituci\u00f3n universitaria cuenta con medios para ir potenciando el crecimiento de lo que ha de suponer una buena cosecha, mientras que mantiene a raya las malas hierbas, a veces incluso plantas venenosas, que pueden agostar su territorio.<\/span><\/p>\n<blockquote>\n<p style=\"text-align: justify;\"><span style=\"color: #008000;\"><strong><span style=\"font-size: 14pt; font-family: arial, helvetica, sans-serif;\">LA UNIVERSIDAD SE MUESTRA AMBIGUA EN TANTO ELLA NO SE LIBRA DE QUE EL TERRENO ACAD\u00c9MICO SEA TAMBI\u00c9N TERRENO DONDE CRECEN JUNTOS EL TRIGO Y LA CIZA\u00d1A<\/span><\/strong><\/span><\/p>\n<\/blockquote>\n<p style=\"font-weight: 400; text-align: justify;\"><span style=\"font-size: 14pt; font-family: arial, helvetica, sans-serif;\">Me resisto a hablar de quien a la vista de todos quiere humillar a la universidad, al profesorado y a sus estudiantes, a todo su personal de administraci\u00f3n y servicios. Y s\u00e9 que las universidades, las que de hecho existen \u2013hablamos de las que lo son de verdad, es decir, seriamente, en ning\u00fan modo asimilables a los negocietes que tanto proliferan para mercadear con ciertas ense\u00f1anzas\u2013, han de mantenerse ciertamente vigilantes si quieren ser resistentes. Es m\u00e1s, tienen que organizar las resistencias, pues a la vista est\u00e1 que el enemigo se les puede colar dentro y activar din\u00e1micas muy destructivas. Las universidades, como organismos vivos, tienen que vacunarse contra el dogmatismo y las tentaciones fundamentalistas que proliferan en tiempos convulsos, como de igual manera han de recurrir constantemente a ant\u00eddotos para contrarrestar las derivas autoritarias, elitistas, economicistas, antidemocr\u00e1ticas o de resabios patriarcalistas que puede inducir el clima imperante en el entorno social. Sin tales vacunas y ant\u00eddotos, la universidad como tal puede fallar en la condici\u00f3n sine qua non para ejercer su misi\u00f3n \u2013algo que implica m\u00e1s que una funci\u00f3n (social)\u2013: el esp\u00edritu cr\u00edtico, sin el cual se bloquea la producci\u00f3n de saber y se ve viciada la transmisi\u00f3n del mismo.<\/span><\/p>\n<p style=\"font-weight: 400; text-align: justify;\"><span style=\"font-size: 14pt; font-family: arial, helvetica, sans-serif;\">No merece la pena hablar de quien pretende que la universidad calle, que transija con sus desmanes, que doble la cerviz ante su c\u00ednica insolencia. Y no quiero porque el esp\u00edritu cr\u00edtico, que para la universidad es su ox\u00edgeno, es incompatible con las mordazas. La universidad es espacio de libre pensamiento y de libre expresi\u00f3n, de libertad de palabra y de di\u00e1logo abierto. La universidad no puede ser lugar de silencios impuestos, de sumisiones y servidumbres. Y sin embargo\u2026 S\u00ed, hay que luchar sin descanso contra las apetencias de quienes mandan por controlar, someter, dome\u00f1ar a las universidades, sea desde la pol\u00edtica, sea desde la econom\u00eda, sea desde poderes econ\u00f3micos que a su vez tienen subyugados al poder pol\u00edtico.<\/span><\/p>\n<blockquote>\n<p style=\"text-align: justify;\"><span style=\"color: #008000;\"><strong><span style=\"font-size: 14pt; font-family: arial, helvetica, sans-serif;\">LAS UNIVERSIDADES, COMO ORGANISMOS VIVOS, TIENEN QUE VACUNARSE CONTRA EL DOGMATISMO Y LAS TENTACIONES FUNDAMENTALISTAS QUE PROLIFERAN EN TIEMPOS CONVULSOS<\/span><\/strong><\/span><\/p>\n<\/blockquote>\n<p style=\"font-weight: 400; text-align: justify;\"><span style=\"font-size: 14pt; font-family: arial, helvetica, sans-serif;\">No quiero dedicar palabras a quien vende su honestidad por las lentejas de un t\u00edtulo acad\u00e9mico como objeto de compraventa a guisa de llave multiuso para futuras puertas giratorias. Y no se me escapa que las universidades nuestras han entrado por las horcas caudinas de una mercantilizaci\u00f3n de su quehacer que pone en peligro su misma producci\u00f3n y transmisi\u00f3n de saberes, toda vez, adem\u00e1s, que desde un mercado en el que todo valor se reduce a precio, no cabe esa sabidur\u00eda de la dignidad humana que hace de la universidad ese espacio donde es posible a\u00fan hablar de verdad con sentido. No podemos dejar que nuestras universidades vengan a ser supermercados de t\u00edtulos, meras troqueladoras de supuestas competencias, deshumanizadas canchas de competitividad desaforada o s\u00f3lo productoras de resultados transferibles a un mundo empresarial que utiliza lo p\u00fablico para engrosar sus cuentas privadas.<\/span><\/p>\n<p style=\"font-weight: 400; text-align: justify;\"><span style=\"font-size: 14pt; font-family: arial, helvetica, sans-serif;\">Hay mucha indignaci\u00f3n provocada por quien crey\u00f3 que una universidad al alcance de su mangoneo era, como ya hizo con otras, una empresa \u2013p\u00fablica, es decir, pagada por todos- para sacarle rendimiento en beneficio propio. No quer\u00eda hablar de esa persona, pero me ha sido imposible, por m\u00e1s que no haya dicho su nombre \u2013lo cual, ciertamente, no hac\u00eda falta\u2013. Pido mis disculpas. De verdad que quer\u00eda que habl\u00e1semos de la universidad. \u00a0<\/span><\/p>\n<\/div>\n<p>&nbsp;<\/p>\n<p>&nbsp;<\/p>\n<p><a href=\"https:\/\/puntocritico.com\/ausajpuntocritico\/wp-content\/uploads\/2018\/03\/Mosca_Punto_Cr\u00edtico_40.png\" rel=\"lightbox[10694]\"><img loading=\"lazy\" decoding=\"async\" class=\"aligncenter wp-image-9528\" src=\"https:\/\/puntocritico.com\/ausajpuntocritico\/wp-content\/uploads\/2018\/03\/Mosca_Punto_Cr\u00edtico_40.png\" alt=\"\" width=\"40\" height=\"40\" \/><\/a><\/p>\n<h1 class=\"entry-title\" style=\"text-align: center;\"><a id=\"ref54\"><\/a><a href=\"#ref54a\">[54]<\/a> Manual para hacer el rid\u00edculo<\/h1>\n<p class=\"author\"><span style=\"font-size: 14pt;\">Por Juan Carlos Escudier<\/span><\/p>\n<div><span style=\"color: #339966;\">Art\u00edculo publicado el 6 de abril de 2018 en<\/span><\/div>\n<div><span style=\"color: #339966;\"><a style=\"color: #339966;\" href=\"http:\/\/blogs.publico.es\/escudier\/2018\/04\/06\/manual-para-hacer-el-ridiculo\/\" target=\"_blank\" rel=\"noopener\">http:\/\/blogs.publico.es\/escudier\/2018\/04\/06\/manual-para-hacer-el-ridiculo\/<\/a><\/span><\/div>\n<div>\u00a0<\/div>\n<div>\n<p style=\"text-align: justify;\"><span style=\"font-family: arial, helvetica, sans-serif; font-size: 14pt;\">Han tenido que venir tres jueces alemanes a mostrarnos aquello de que la ley ha de ser el cauce sobre el que discurren los hechos, y que modificarlos a capricho arruina cualquier expectativa de justicia. Lo que ha dictaminado la Audiencia Territorial de Schleswig-Holstein al declarar inadmisible el delito de rebeli\u00f3n por el que el Tribunal Supremo ped\u00eda la extradici\u00f3n de Puigdemont es la aplicaci\u00f3n pr\u00e1ctica de aquella memorable frase de Rajoy seg\u00fan la cual un plato es un plato y un vaso es un vaso. As\u00ed, la violencia es violencia, pero s\u00f3lo cuando se produce y no cuando se supone, cuando es una realidad y no una conjetura, cuando puede constatarse y no solo imaginarse en una larga noche de insomnio.<\/span><\/p>\n<p style=\"text-align: justify;\"><span style=\"font-family: arial, helvetica, sans-serif; font-size: 14pt;\">Durante meses se han aplaudido decisiones incomprensibles que han pasado por encima del C\u00f3digo Penal y del sentido com\u00fan, y que han dise\u00f1ado una Justicia a la carta incompatible con la esencia misma de la democracia. Como se ha dicho aqu\u00ed en alguna ocasi\u00f3n no s\u00f3lo se ha destripado a Montesquieu, que el pobre ya estaba habituado al ensa\u00f1amiento, sino que adem\u00e1s se ha resucitado a Kafka.<\/span><\/p>\n<p style=\"text-align: justify;\"><span style=\"font-family: arial, helvetica, sans-serif; font-size: 14pt;\">Fruto de este delirio, se han llegado a impugnar actos que no se hab\u00edan producido, como la eventual investidura de Puigdemont, obligando al Tribunal Constitucional a un malabarismo circense para que ninguna pelotita cayera al suelo. Y se ha permitido que un magistrado del Tribunal Supremo se arrogara poderes excepcionales que han dejado en sus manos no s\u00f3lo prolongar la prisi\u00f3n preventiva de unos encausados con criterios hartamente discutibles sino tambi\u00e9n la supuesta defensa del orden legal que rige la actividad de un Parlamento legalmente constituido. Resolver qui\u00e9n puede o no delegar el voto, forzar \u2013o intentarlo hasta conseguirlo- la renuncia al esca\u00f1o de exconsellers y diputados, y decidir por la v\u00eda de los hechos qui\u00e9n deb\u00eda o no ocupar la presidencia de la Generalitat sugieren extralimitaciones palmarias de su mera funci\u00f3n jurisdiccional.<\/span><\/p>\n<p style=\"text-align: justify;\"><span style=\"font-family: arial, helvetica, sans-serif; font-size: 14pt;\">De la Justicia, reconvertida en Derecho preventivo, se ha pasado a la estratagema, a Maquiavelo. Ello determin\u00f3 primero la retirada de la orden europea de detenci\u00f3n contra Puigdemont cuando se refugi\u00f3 en Bruselas, ante la certeza de que la Justicia belga no aceptar\u00eda su entrega por los delitos que se le acusa en Espa\u00f1a; luego la renuncia a plantearla en Dinamarca con el argumento surrealista de que pretend\u00eda ser detenido y lo inteligente era que no se saliera con la suya. Finalmente, se forz\u00f3 su salida apresurada de Finlandia para poder apresarle en Alemania, en la confianza de que all\u00ed s\u00ed se comprender\u00edan las razones de Estado y los jueces germanos aceptar\u00edan pulpo como animal de compa\u00f1\u00eda.<\/span><\/p>\n<p style=\"text-align: justify;\"><span style=\"font-family: arial, helvetica, sans-serif; font-size: 14pt;\">Todo ello porque la acusaci\u00f3n de sedici\u00f3n parec\u00eda poca cosa y ya puestos en harina y metidos en gastos se hac\u00eda necesario un castigo ejemplar, una respuesta patri\u00f3tica a la afrenta que era lo que proporcionaba el delito de rebeli\u00f3n, aunque para ello fuera necesario dejar volar la imaginaci\u00f3n y construir un alzamiento violento donde s\u00f3lo hubo una manifestaci\u00f3n, una alteraci\u00f3n del orden p\u00fablico y da\u00f1os a dos veh\u00edculos policiales.<\/span><\/p>\n<p style=\"text-align: justify;\"><span style=\"font-family: arial, helvetica, sans-serif; font-size: 14pt;\">Lo que ha puesto de manifiesto la decisi\u00f3n de los magistrados alemanes y de sus colegas belgas es que el pretendido armaz\u00f3n jur\u00eddico que sustentaba la causa contra el\u00a0<em>proc\u00e9s<\/em>\u00a0era poco menos que una excentricidad que no resiste la prueba del algod\u00f3n de la Justicia europea, que no tiene parang\u00f3n en ning\u00fan ordenamiento jur\u00eddico serio y que provocar\u00e1 m\u00e1s de un sonrojo cuando el asunto llegue al Tribunal Europeo de Derechos Humanos y sentencie que se han vulnerado derechos pol\u00edticos y presunciones de inocencia de quienes a\u00fan no han sido condenados y a los que preventivamente se ha inhabilitado.<\/span><\/p>\n<p style=\"text-align: justify;\"><span style=\"font-family: arial, helvetica, sans-serif; font-size: 14pt;\">Se llega as\u00ed a la paradoja de que el supuesto cabecilla del \u201cgolpe de Estado\u201d s\u00f3lo podr\u00e1 \u2013y est\u00e1 por ver- ser juzgado por malversaci\u00f3n y los presuntos cooperadores, necesarios o no, tendr\u00e1n que enfrentarse a cargos muchos m\u00e1s graves. De ah\u00ed que esas l\u00facidas y togadas mentes del Supremo estudien ya c\u00f3mo convertir la malversaci\u00f3n en malversaci\u00f3n agravada para elevar as\u00ed la pena o, en su defecto, volver a retirar la euroorden de detenci\u00f3n para que el rid\u00edculo sea ya planetario.<\/span><\/p>\n<\/div>\n<div>\u00a0<\/div>\n<p><a href=\"https:\/\/puntocritico.com\/ausajpuntocritico\/wp-content\/uploads\/2018\/03\/Mosca_Punto_Cr\u00edtico_40.png\" rel=\"lightbox[10694]\"><img loading=\"lazy\" decoding=\"async\" class=\"aligncenter wp-image-9528\" src=\"https:\/\/puntocritico.com\/ausajpuntocritico\/wp-content\/uploads\/2018\/03\/Mosca_Punto_Cr\u00edtico_40.png\" alt=\"\" width=\"40\" height=\"40\" \/><\/a><\/p>\n<h1 class=\"story-leaf-title\" style=\"text-align: center;\"><a id=\"ref55\"><\/a><a href=\"#ref55a\">[55]<\/a> El Tribunal Supremo se queda solo frente a la rebeli\u00f3n<\/h1>\n<p><span style=\"font-size: 14pt;\">Por CARLOTA GUINDAL<\/span><\/p>\n<div><span style=\"color: #339966;\">Art\u00edculo publicado el 6 de abril de 2018 en<\/span><\/div>\n<div><span style=\"color: #339966;\"><a style=\"color: #339966;\" href=\"http:\/\/www.lavanguardia.com\/politica\/20180406\/442220863896\/tribunal-supremo-pablo-llarena-delito-rebelion-1o-alemania-puigdemont.html\" target=\"_blank\" rel=\"noopener\">http:\/\/www.lavanguardia.com\/politica\/20180406\/442220863896\/tribunal-supremo-pablo-llarena-delito-rebelion-1o-alemania-puigdemont.html<\/a><\/span><\/div>\n<div>\u00a0<\/div>\n<div>\u00a0<\/div>\n<div>\n<figure id=\"attachment_10801\" aria-describedby=\"caption-attachment-10801\" style=\"width: 540px\" class=\"wp-caption aligncenter\"><a href=\"https:\/\/puntocritico.com\/ausajpuntocritico\/wp-content\/uploads\/2018\/04\/20180404-636584450824298208_20180404132831-kqWE-U442220863896E7H-992x558@LaVanguardia-Web.jpg\" rel=\"lightbox[10694]\"><img loading=\"lazy\" decoding=\"async\" class=\"wp-image-10801\" src=\"https:\/\/puntocritico.com\/ausajpuntocritico\/wp-content\/uploads\/2018\/04\/20180404-636584450824298208_20180404132831-kqWE-U442220863896E7H-992x558@LaVanguardia-Web.jpg\" alt=\"\" width=\"540\" height=\"305\" srcset=\"https:\/\/puntocritico.com\/ausajpuntocritico\/wp-content\/uploads\/2018\/04\/20180404-636584450824298208_20180404132831-kqWE-U442220863896E7H-992x558@LaVanguardia-Web.jpg 989w, https:\/\/puntocritico.com\/ausajpuntocritico\/wp-content\/uploads\/2018\/04\/20180404-636584450824298208_20180404132831-kqWE-U442220863896E7H-992x558@LaVanguardia-Web-300x169.jpg 300w, https:\/\/puntocritico.com\/ausajpuntocritico\/wp-content\/uploads\/2018\/04\/20180404-636584450824298208_20180404132831-kqWE-U442220863896E7H-992x558@LaVanguardia-Web-768x433.jpg 768w\" sizes=\"auto, (max-width: 540px) 100vw, 540px\" \/><\/a><figcaption id=\"caption-attachment-10801\" class=\"wp-caption-text\"><span style=\"font-size: 10pt; color: #339966;\"><strong>El magistrado del Tribunal Supremo, Pablo Llarena (Ballesteros \/ EFE)<\/strong><\/span><\/figcaption><\/figure>\n<\/div>\n<p style=\"text-align: justify;\"><span style=\"font-family: arial, helvetica, sans-serif; font-size: 14pt;\">El\u00a0<b>Tribunal Supremo<\/b>\u00a0se ha quedado solo en la calificaci\u00f3n de\u00a0<b>rebeli\u00f3n<\/b>por los hechos ocurridos el\u00a0<b>1 de octubre\u00a0<\/b>durante el\u00a0<b>refer\u00e9ndum\u00a0<\/b>por los que se encuentra procesado el ex Govern de la Generalitat. Este mismo jueves, dos tribunales distintos han defendido posturas dispares a las fijadas por el magistrado\u00a0<b>Pablo Llarena\u00a0<\/b>y avaladas por la Sala de lo Penal del alto tribunal.<\/span><\/p>\n<p style=\"text-align: justify;\"><span style=\"font-family: arial, helvetica, sans-serif; font-size: 14pt;\">Por un lado, tanto el Gobierno como la Justicia espa\u00f1ola han recibido un duro varapalo tras conocer que\u00a0<a title=\"www.lavanguardia.com\" href=\"http:\/\/www.lavanguardia.com\/politica\/20180405\/442207871883\/puigdemont-libre-descarta-rebelion.html\" data-gtm-element=\"container-child-link\" target=\"_blank\" rel=\"noopener\">la Audiencia Territorial de Schleswig-Holstein (norte de Alemania) acordaba la libertad del expresidente de la Generalitat,<b>\u00a0Carles Puigdemont<\/b>\u00a0<\/a>, y descartaba el delito de rebeli\u00f3n por el que se le reclama en la petici\u00f3n de extradici\u00f3n.<\/span><\/p>\n<p style=\"text-align: justify;\"><span style=\"font-family: arial, helvetica, sans-serif; font-size: 14pt;\">Seg\u00fan explicaba el tribunal en un comunicado, la sala primera de lo penal considera que la imputaci\u00f3n del delito de rebeli\u00f3n es \u201cinadmisible\u201d. Sin embargo, cree que s\u00ed puede ser aceptado el de corrupci\u00f3n, como malversaci\u00f3n de fondos p\u00fablicos, por lo que el proceso de extradici\u00f3n sigue su curso. Si finalmente, Alemania rechaza que sea entregado por rebeli\u00f3n y s\u00ed por malversaci\u00f3n, la Justicia espa\u00f1ola no podr\u00eda juzgarle por el primero de los delitos.<\/span><\/p>\n<div class=\"story-leaf-despiece\" style=\"text-align: justify;\">\n<div class=\"story-leaf-despiece-title\">\n<p><span style=\"font-family: arial, helvetica, sans-serif; font-size: 14pt;\">No hay el elemento de violencia<\/span><\/p>\n<\/div>\n<\/div>\n<p style=\"text-align: justify;\"><span style=\"font-family: arial, helvetica, sans-serif; font-size: 14pt;\">Por otro lado, la juez de la Audiencia Nacional Carmen Lamela este mismo jueves procesaba a la c\u00fapula de los Mossos d\u2019Esquadra de delitos de sedici\u00f3n y organizaci\u00f3n criminal, pero rechazaba incluir en el de rebeli\u00f3n. En su auto, la instructora recoge que los hechos investigados deben ser calificados como sedici\u00f3n porque \u201csin concurrir el elemento de violencia (que exige la rebeli\u00f3n)la finalidad de los part\u00edcipes en el alzamiento sea no s\u00f3lo impedir la aplicaci\u00f3n de las leyes (&#8230;) sino adem\u00e1s declarar ilegalmente la independencia de una parte del territorio nacional\u201d.<\/span><\/p>\n<p style=\"text-align: justify;\"><span style=\"font-family: arial, helvetica, sans-serif; font-size: 14pt;\">Y a\u00f1ade: \u201cla concurrencia de esta doble finalidad, sin emplear la violencia como sucede en el presente caso, no sit\u00faa ante una acci\u00f3n de sedici\u00f3n mucho m\u00e1s grave desde la perspectiva de la antijuricidad\u201d.<\/span><\/p>\n<p style=\"text-align: justify;\"><span style=\"font-family: arial, helvetica, sans-serif; font-size: 14pt;\">En la resoluci\u00f3n, explica que en el 1 de octubre se congregaron grupos multitudinarios que impidieron a los agentes acudir a los centros de votaci\u00f3n para cumplir con la orden de cerrar los colegios. \u201cSe utiliz\u00f3 aquella masa de personas, aprovechando la innegable fuerza intimidatoria y coactiva que produce la presencia f\u00edsica de un grupo compacto de multitud de personas dispuestas a oponer resistencia a los agentes policiales, incurriendo, en definitiva, en una conducta claramente subsumible en el delito de sedici\u00f3n\u201d, sostiene.<\/span><\/p>\n<div class=\"story-leaf-despiece\" style=\"text-align: justify;\">\n<div class=\"story-leaf-despiece-title\">\n<p><span style=\"font-family: arial, helvetica, sans-serif; font-size: 14pt;\">Agravio para los encarcelados<\/span><\/p>\n<\/div>\n<\/div>\n<p style=\"text-align: justify;\"><span style=\"font-family: arial, helvetica, sans-serif; font-size: 14pt;\">Es evidente que tanto la Justicia alemana como la Audiencia Nacional consideran que el 1 de octubre, durante la celebraci\u00f3n del refer\u00e9ndum ilegal y prohibido por el Tribunal Superior de Justicia de Catalunya, no se produjo un levantamiento violento que pudiera hacer conculcar al Estado ante las exigencias del Gobierno catal\u00e1n.<\/span><\/p>\n<p style=\"text-align: justify;\"><span style=\"font-family: arial, helvetica, sans-serif; font-size: 14pt;\">Sin embargo, el Tribunal Supremo tiene la firme convicci\u00f3n de que los principales responsables de haber impulsado el proc\u00e9s idearon un plan para lograr la independencia de Catalunya fuera de las v\u00edas legales y eran conscientes de que se pod\u00edan dar actos de violencia el 1-O y a\u00fan as\u00ed movieron a los catalanes para que salieran a la calle y fueran a votar.<\/span><\/p>\n<p style=\"text-align: justify;\"><span style=\"font-family: arial, helvetica, sans-serif; font-size: 14pt;\">En el auto de procesamiento contra Puigdemont, el exvicepresidente, Oriol Junqueras, y el resto de ex consellers, el magistrado Llarena argumentaba que movilizar a la gente a votar el 1 de octubre a sabiendas de que las Fuerzas y Cuerpos de Seguridad del Estado ten\u00edan la orden judicial de impedir la votaci\u00f3n del 1-O \u201csupone, no ya aceptar el riesgo de una violencia claramente representable, sino directamente impulsar a una masa ciudadana a que desborde por la fuerza cualquier intenci\u00f3n de contenci\u00f3n que pueda provenir del Estado, tal y como finalmente aconteci\u00f3 el d\u00eda de la votaci\u00f3n\u201d.<\/span><\/p>\n<p style=\"text-align: justify;\"><span style=\"font-family: arial, helvetica, sans-serif; font-size: 14pt;\">Llarena considera que los procesados por rebeli\u00f3n han estado durante a\u00f1os impulsando el deseo colectivo por la independencia entre amplios sectores de la poblaci\u00f3n; han ensayado movilizaciones masivas conformadas por cientos de miles de adeptos; y han convencido a los seguidores \u201cde que ostentaban una legitimidad para una independencia que sab\u00edan constitucionalmente imposible\u201d.<\/span><\/p>\n<p style=\"text-align: justify;\"><span style=\"font-family: arial, helvetica, sans-serif; font-size: 14pt;\">El grave problema de la decisi\u00f3n de Alemania es que si Puigdemont no puede ser finalmente juzgado por un delito de rebeli\u00f3n, el juicio se celebrar\u00e1 en desigualdad de condiciones al no poder acusar al considerado m\u00e1ximo responsable de los hechos delictivos por el delito m\u00e1s grave fijado, y por el que podr\u00eda enfrentarse a hasta 30 a\u00f1os de prisi\u00f3n.<\/span><\/p>\n<p><a href=\"https:\/\/puntocritico.com\/ausajpuntocritico\/wp-content\/uploads\/2018\/03\/Mosca_Punto_Cr\u00edtico_40.png\" rel=\"lightbox[10694]\"><img loading=\"lazy\" decoding=\"async\" class=\"aligncenter wp-image-9528\" src=\"https:\/\/puntocritico.com\/ausajpuntocritico\/wp-content\/uploads\/2018\/03\/Mosca_Punto_Cr\u00edtico_40.png\" alt=\"\" width=\"40\" height=\"40\" \/><\/a><\/p>\n<h1>\u00a0<\/h1>\n<h1 class=\"story-leaf-title\" style=\"text-align: center;\"><a id=\"ref56\"><\/a><a href=\"#ref56a\">[56]<\/a> La Fiscal\u00eda belga investiga el uso de dispositivos de geolocalizaci\u00f3n para rastrear el coche de Puigdemont<\/h1>\n<p><span style=\"font-size: 14pt;\">Por Europa Press<\/span><\/p>\n<div><span style=\"color: #339966;\">Art\u00edculo publicado el 6 de abril de 2018 en<\/span><\/div>\n<div><span style=\"color: #339966;\"><a style=\"color: #339966;\" href=\"http:\/\/www.lavanguardia.com\/politica\/20180406\/442219837323\/fiscalia-belgica-investiga-geolocalizacion-rastreo-coche-puigdemont-policia.html\" target=\"_blank\" rel=\"noopener\">http:\/\/www.lavanguardia.com\/politica\/20180406\/442219837323\/fiscalia-belgica-investiga-geolocalizacion-rastreo-coche-puigdemont-policia.html<\/a><\/span><\/div>\n<div>\u00a0<\/div>\n<div>\u00a0<\/div>\n<div>\n<figure id=\"attachment_10802\" aria-describedby=\"caption-attachment-10802\" style=\"width: 540px\" class=\"wp-caption aligncenter\"><a href=\"https:\/\/puntocritico.com\/ausajpuntocritico\/wp-content\/uploads\/2018\/04\/img_ipardo_20180325-131249_imagenes_lv_otras_fuentes_mnapa_bueno-kceB-U442219837323TLE-992x558@LaVanguardia-Web.png\" rel=\"lightbox[10694]\"><img loading=\"lazy\" decoding=\"async\" class=\"wp-image-10802\" src=\"https:\/\/puntocritico.com\/ausajpuntocritico\/wp-content\/uploads\/2018\/04\/img_ipardo_20180325-131249_imagenes_lv_otras_fuentes_mnapa_bueno-kceB-U442219837323TLE-992x558@LaVanguardia-Web.png\" alt=\"\" width=\"540\" height=\"304\" srcset=\"https:\/\/puntocritico.com\/ausajpuntocritico\/wp-content\/uploads\/2018\/04\/img_ipardo_20180325-131249_imagenes_lv_otras_fuentes_mnapa_bueno-kceB-U442219837323TLE-992x558@LaVanguardia-Web.png 992w, https:\/\/puntocritico.com\/ausajpuntocritico\/wp-content\/uploads\/2018\/04\/img_ipardo_20180325-131249_imagenes_lv_otras_fuentes_mnapa_bueno-kceB-U442219837323TLE-992x558@LaVanguardia-Web-300x169.png 300w, https:\/\/puntocritico.com\/ausajpuntocritico\/wp-content\/uploads\/2018\/04\/img_ipardo_20180325-131249_imagenes_lv_otras_fuentes_mnapa_bueno-kceB-U442219837323TLE-992x558@LaVanguardia-Web-768x432.png 768w, https:\/\/puntocritico.com\/ausajpuntocritico\/wp-content\/uploads\/2018\/04\/img_ipardo_20180325-131249_imagenes_lv_otras_fuentes_mnapa_bueno-kceB-U442219837323TLE-992x558@LaVanguardia-Web-678x381.png 678w\" sizes=\"auto, (max-width: 540px) 100vw, 540px\" \/><\/a><figcaption id=\"caption-attachment-10802\" class=\"wp-caption-text\"><span style=\"font-size: 10pt; color: #339966;\"><strong>La ruta de Puigdemont de Helsinki a Waterloo, en Google Maps (Google Maps)<\/strong><\/span><\/figcaption><\/figure>\n<\/div>\n<div>\n<p style=\"text-align: justify;\"><span style=\"font-family: arial, helvetica, sans-serif; font-size: 14pt;\">La\u00a0<b>Fiscal\u00eda\u00a0<\/b><b>belga\u00a0<\/b>ha abierto una\u00a0<b>investigaci\u00f3n\u00a0<\/b>sobre el uso de un\u00a0<b>dispositivo de geolocalizaci\u00f3n\u00a0<\/b>que la Polic\u00eda espa\u00f1ola habr\u00eda colocado en el\u00a0<b>coche\u00a0<\/b>con el que el expresidente de la Generalitat\u00a0<b>Carles Puigdemont\u00a0<\/b>se desplazaba durante su estancia en\u00a0<b>B\u00e9lgica<\/b>. Se trata del mismo veh\u00edculo en el que el expresident fue interceptado en Alemania cuando regresaba a Bruselas desde Helsinki.<\/span><\/p>\n<p style=\"text-align: justify;\"><span style=\"font-family: arial, helvetica, sans-serif; font-size: 14pt;\">As\u00ed lo ha confirmado este jueves en una rueda de prensa la portavoz de la Fiscal\u00eda de Bruselas, Ine Van Wymersch, quien sin embargo no ha dado ning\u00fan detalle m\u00e1s sobre la investigaci\u00f3n porque no pertenece a su departamento, sino a las autoridades del Brabante Val\u00f3n, regi\u00f3n a la que pertenece el municipio de Waterloo, donde resid\u00eda Puigdemont.<\/span><\/p>\n<p style=\"text-align: justify;\"><span style=\"font-family: arial, helvetica, sans-serif; font-size: 14pt;\">\u201cHay una investigaci\u00f3n en curso pero no est\u00e1 aqu\u00ed, est\u00e1 en la oficina de la Fiscal\u00eda del Brabante Val\u00f3n\u201d, ha expresado Van Wymersch en la misma comparecencia en la que ha informado sobre la puesta en libertad con medidas cautelares de los tres exconsellers que siguen en B\u00e9lgica (Toni Com\u00edn, Meritxell Serret y Llu\u00eds Puig).<\/span><\/p>\n<\/div>\n<p><a href=\"https:\/\/puntocritico.com\/ausajpuntocritico\/wp-content\/uploads\/2018\/03\/Mosca_Punto_Cr\u00edtico_40.png\" rel=\"lightbox[10694]\"><img loading=\"lazy\" decoding=\"async\" class=\"aligncenter wp-image-9528\" src=\"https:\/\/puntocritico.com\/ausajpuntocritico\/wp-content\/uploads\/2018\/03\/Mosca_Punto_Cr\u00edtico_40.png\" alt=\"\" width=\"40\" height=\"40\" \/><\/a><\/p>\n<h1>\u00a0<\/h1>\n<h1 class=\"story-leaf-title\" style=\"text-align: center;\"><a id=\"ref57\"><\/a><a href=\"#ref57a\">[57]<\/a> Suiza dice que Falciani \u201cno ser\u00e1 moneda de cambio\u201d por Rovira y Gabriel<\/h1>\n<p><span style=\"font-size: 14pt;\">Por lavanguardia.com<\/span><\/p>\n<div><span style=\"color: #339966;\">Art\u00edculo publicado el 5 de abril de 2018 en<\/span><\/div>\n<div><span style=\"color: #339966;\"><a style=\"color: #339966;\" href=\"http:\/\/www.lavanguardia.com\/politica\/20180405\/442217531489\/herve-falciani-extradicion-suiza-marta-rovira-anna-gabriel.html\" target=\"_blank\" rel=\"noopener\">http:\/\/www.lavanguardia.com\/politica\/20180405\/442217531489\/herve-falciani-extradicion-suiza-marta-rovira-anna-gabriel.html<\/a><\/span><\/div>\n<div>\u00a0<\/div>\n<div>\u00a0<\/div>\n<figure id=\"attachment_10803\" aria-describedby=\"caption-attachment-10803\" style=\"width: 540px\" class=\"wp-caption aligncenter\"><a href=\"https:\/\/puntocritico.com\/ausajpuntocritico\/wp-content\/uploads\/2018\/04\/AFP_13P3B0_20180404191838-kbxD-U442217531489PtC-992x558@LaVanguardia-Web.jpg\" rel=\"lightbox[10694]\"><img loading=\"lazy\" decoding=\"async\" class=\"wp-image-10803\" src=\"https:\/\/puntocritico.com\/ausajpuntocritico\/wp-content\/uploads\/2018\/04\/AFP_13P3B0_20180404191838-kbxD-U442217531489PtC-992x558@LaVanguardia-Web.jpg\" alt=\"\" width=\"540\" height=\"304\" srcset=\"https:\/\/puntocritico.com\/ausajpuntocritico\/wp-content\/uploads\/2018\/04\/AFP_13P3B0_20180404191838-kbxD-U442217531489PtC-992x558@LaVanguardia-Web.jpg 992w, https:\/\/puntocritico.com\/ausajpuntocritico\/wp-content\/uploads\/2018\/04\/AFP_13P3B0_20180404191838-kbxD-U442217531489PtC-992x558@LaVanguardia-Web-300x169.jpg 300w, https:\/\/puntocritico.com\/ausajpuntocritico\/wp-content\/uploads\/2018\/04\/AFP_13P3B0_20180404191838-kbxD-U442217531489PtC-992x558@LaVanguardia-Web-768x432.jpg 768w, https:\/\/puntocritico.com\/ausajpuntocritico\/wp-content\/uploads\/2018\/04\/AFP_13P3B0_20180404191838-kbxD-U442217531489PtC-992x558@LaVanguardia-Web-678x381.jpg 678w\" sizes=\"auto, (max-width: 540px) 100vw, 540px\" \/><\/a><figcaption id=\"caption-attachment-10803\" class=\"wp-caption-text\"><span style=\"color: #339966;\"><strong><span style=\"font-size: 10pt;\">Herv\u00e9 Falciani fue arrestado el pasado mi\u00e9rcoles en Madrid (Jean-philippe Ksiazek \/ AFP) <\/span><\/strong><\/span><\/figcaption><\/figure>\n<blockquote>\n<p><strong><span style=\"font-size: 14pt; font-family: arial, helvetica, sans-serif; color: #808080;\">El portavoz del Ministerio de Justicia suizo, Folco Galli, asegura que el gobierno helv\u00e9tico no sabe por qu\u00e9 la polic\u00eda arrest\u00f3 ayer el exbanquero y activista cuando se le buscaba \u201cdesde el 2009\u201d<\/span><\/strong><\/p>\n<\/blockquote>\n<p><span style=\"font-size: 14pt; font-family: arial, helvetica, sans-serif;\">El portavoz del Ministerio de Justicia suizo, Folco Galli, ha confirmado este jueves en declaraciones a RTS que\u00a0<b>Herv\u00e9 Falciani\u00a0<\/b>no servir\u00e1 de \u201c<b>moneda de cambio<\/b>\u201d contra los separatistas catalanes exiliados en\u00a0<b>Suiza<\/b>.<\/span><\/p>\n<p><span style=\"font-size: 14pt; font-family: arial, helvetica, sans-serif;\">Galli ha reiterado que el gobierno suizo no sabe por qu\u00e9 arrest\u00f3 ayer el exbanquero y activista cuando se le buscaba \u201cdesde el 2009\u201d, y ha a\u00f1adido que, en todo caso, la cooperaci\u00f3n judicial \u201cest\u00e1 regida s\u00f3lo por los tratados y la ley\u201d.<\/span><\/p>\n<p><span style=\"font-size: 14pt; font-family: arial, helvetica, sans-serif;\">El portavoz ha afirmado que \u201cno hay ning\u00fan margen de valoraci\u00f3n por no importa qu\u00e9 intercambio\u201d y ha subrayado que si se re\u00fanen las condiciones por una extradici\u00f3n, \u201clos estados tienen que extraditar\u201d y que si no, \u201cla extradici\u00f3n no es posible\u201d.<\/span><\/p>\n<p><a href=\"https:\/\/puntocritico.com\/ausajpuntocritico\/wp-content\/uploads\/2018\/03\/Mosca_Punto_Cr\u00edtico_40.png\" rel=\"lightbox[10694]\"><img loading=\"lazy\" decoding=\"async\" class=\"aligncenter wp-image-9528\" src=\"https:\/\/puntocritico.com\/ausajpuntocritico\/wp-content\/uploads\/2018\/03\/Mosca_Punto_Cr\u00edtico_40.png\" alt=\"\" width=\"40\" height=\"40\" \/><\/a><\/p>\n<h1>\u00a0<\/h1>\n<h1 style=\"text-align: center;\"><a id=\"ref58\"><\/a><a href=\"#ref58a\">[58]<\/a> La libertad de Puigdemont, en la prensa internacional<\/h1>\n<p><span style=\"font-size: 14pt;\">Por MIRIAM ELIES<\/span><\/p>\n<div><span style=\"color: #339966;\">Art\u00edculo publicado el 5 de abril de 2018 en<\/span><\/div>\n<div><span style=\"color: #339966;\"><a style=\"color: #339966;\" href=\"http:\/\/www.lavanguardia.com\/politica\/20180405\/442209525394\/puigdemont-libertad-prensa-internacional.html?utm_campaign=botones_sociales&amp;utm_source=twitter&amp;utm_medium=social\" target=\"_blank\" rel=\"noopener\">http:\/\/www.lavanguardia.com\/politica\/20180405\/442209525394\/puigdemont-libertad-prensa-internacional.html?utm_campaign=botones_sociales&amp;utm_source=twitter&amp;utm_medium=social<\/a><\/span><\/div>\n<div>\u00a0<\/div>\n<div>\u00a0<\/div>\n<div>\n<figure id=\"attachment_10804\" aria-describedby=\"caption-attachment-10804\" style=\"width: 540px\" class=\"wp-caption aligncenter\"><a href=\"https:\/\/puntocritico.com\/ausajpuntocritico\/wp-content\/uploads\/2018\/04\/img_melies_20180405-201106_imagenes_lv_terceros_comborevistadeprensa-kBkC-U442209525394fsC-992x558@LaVanguardia-Web.jpg\" rel=\"lightbox[10694]\"><img loading=\"lazy\" decoding=\"async\" class=\"wp-image-10804\" src=\"https:\/\/puntocritico.com\/ausajpuntocritico\/wp-content\/uploads\/2018\/04\/img_melies_20180405-201106_imagenes_lv_terceros_comborevistadeprensa-kBkC-U442209525394fsC-992x558@LaVanguardia-Web.jpg\" alt=\"\" width=\"540\" height=\"304\" srcset=\"https:\/\/puntocritico.com\/ausajpuntocritico\/wp-content\/uploads\/2018\/04\/img_melies_20180405-201106_imagenes_lv_terceros_comborevistadeprensa-kBkC-U442209525394fsC-992x558@LaVanguardia-Web.jpg 992w, https:\/\/puntocritico.com\/ausajpuntocritico\/wp-content\/uploads\/2018\/04\/img_melies_20180405-201106_imagenes_lv_terceros_comborevistadeprensa-kBkC-U442209525394fsC-992x558@LaVanguardia-Web-300x169.jpg 300w, https:\/\/puntocritico.com\/ausajpuntocritico\/wp-content\/uploads\/2018\/04\/img_melies_20180405-201106_imagenes_lv_terceros_comborevistadeprensa-kBkC-U442209525394fsC-992x558@LaVanguardia-Web-768x432.jpg 768w, https:\/\/puntocritico.com\/ausajpuntocritico\/wp-content\/uploads\/2018\/04\/img_melies_20180405-201106_imagenes_lv_terceros_comborevistadeprensa-kBkC-U442209525394fsC-992x558@LaVanguardia-Web-678x381.jpg 678w\" sizes=\"auto, (max-width: 540px) 100vw, 540px\" \/><\/a><figcaption id=\"caption-attachment-10804\" class=\"wp-caption-text\"><span style=\"font-size: 10pt;\"><strong><span style=\"color: #339966;\">Las cabeceras europeas se hacen eco de la liberaci\u00f3n de Puigdemont en Alemania (LVD) <\/span><\/strong><\/span><\/figcaption><\/figure>\n<\/div>\n<div>\n<blockquote>\n<p style=\"text-align: justify;\"><span style=\"font-size: 14pt; font-family: arial, helvetica, sans-serif;\">Las principales cabeceras europeas destacan que la Justicia alemana descarta extraditar al expresident por rebeli\u00f3n<\/span><\/p>\n<p style=\"text-align: justify;\"><span style=\"font-size: 14pt; font-family: arial, helvetica, sans-serif;\"><a title=\"www.lavanguardia.com\" href=\"http:\/\/www.lavanguardia.com\/politica\/20180405\/442207570719\/puigdemont-libertad-cataluna-en-directo.html\" data-gtm-element=\"container-child-link\" target=\"_blank\" rel=\"noopener\">Puigdemont en libertad y las \u00faltimas noticias de Catalunya, en directo<\/a><\/span><\/p>\n<p style=\"text-align: justify;\"><span style=\"font-size: 14pt; font-family: arial, helvetica, sans-serif;\"><a title=\"www.lavanguardia.com\" href=\"http:\/\/www.lavanguardia.com\/politica\/20180405\/442207871883\/puigdemont-libre-descarta-rebelion.html\" data-gtm-element=\"container-child-link\" target=\"_blank\" rel=\"noopener\">La Justicia alemana deja en libertad a Puigdemont y descarta el delito de rebeli\u00f3n<\/a><\/span><\/p>\n<\/blockquote>\n<p style=\"text-align: justify;\"><span style=\"font-family: arial, helvetica, sans-serif; font-size: 14pt;\">La\u00a0<b>prensa internacional\u00a0<\/b>se ha hecho eco de la decisi\u00f3n este jueves de la Audiencia Territorial de Schleswig-Holstein, al norte de\u00a0<b>Alemania<\/b>, de dejar en libertad bajo fianza de 75.000 euros al<a href=\"http:\/\/www.lavanguardia.com\/politica\/20180405\/442207871883\/puigdemont-libre-descarta-rebelion.html\" data-gtm-element=\"container-child-link\" target=\"_blank\" rel=\"noopener\">\u00a0expresident de la Generalitat de Catalunya\u00a0<b>Carles Puigdemont<\/b>\u00a0<\/a>mientras estudia la entrega.<\/span><\/p>\n<p style=\"text-align: justify;\"><span style=\"font-family: arial, helvetica, sans-serif; font-size: 14pt;\">El rotativo alem\u00e1n\u00a0<i>Spiegel\u00a0<\/i>abre su edici\u00f3n digital con el titular \u201cPuigdemont es puesto en libertad sujeto a condiciones\u201d, y destaca que el pol\u00edtico catal\u00e1n podr\u00eda ser extraditado por malversaci\u00f3n de fondos p\u00fablicos, pero en ning\u00fan caso por rebeli\u00f3n, un delito que el tribunal considera \u201cinadmisible\u201d. El peri\u00f3dico alem\u00e1n\u00a0<i>Zeit Online<\/i>\u00a0publica: \u201cLibertad bajo fianza para Carles Puigdemont\u201d. Tambi\u00e9n en Alemania, el portal\u00a0<i>Welt<\/i>\u00a0abre su portada con la noticia \u201cEl expresident de Catalunya Puigdemont es liberado con medidas cautelares\u201d.<\/span><\/p>\n<div class=\"story-leaf-despiece\" style=\"text-align: justify;\">\n<div class=\"story-leaf-despiece-title\">\n<p><span style=\"font-family: arial, helvetica, sans-serif; font-size: 14pt;\">Las cabeceras internacionales destacan que la Justicia alemana descarta extraditar a Puigdemont por el delito de rebeli\u00f3n<\/span><\/p>\n<\/div>\n<\/div>\n<p style=\"text-align: justify;\"><span style=\"font-family: arial, helvetica, sans-serif; font-size: 14pt;\">En Italia, el diario\u00a0<i>Reppublica<\/i>\u00a0destaca la noticia en portada en un segundo plano bajo el t\u00edtulo: \u201cLa Justicia alemana: \u2018S\u00ed a Puigdemont en libertad bajo fianza hasta el juicio de su extradici\u00f3n\u201d. Tambi\u00e9n\u00a0<i>La Stampa<\/i>\u00a0muestra la decisi\u00f3n judicial alemana en su portada y recalca que el expresident sale en libertad y no podr\u00e1 ser extraditado por rebeli\u00f3n.<\/span><\/p>\n<p style=\"text-align: justify;\"><span style=\"font-family: arial, helvetica, sans-serif; font-size: 14pt;\">El medio especializado en pol\u00edtica europea,\u00a0<i>politico.eu<\/i>, informa asimismo de la liberaci\u00f3n de Puigdemont y subraya una vez m\u00e1s que la Justicia alemana no extraditar\u00e1 al expresident por el delito de rebeli\u00f3n, tal y como se hab\u00eda solicitado desde Tribunal Supremo.<\/span><\/p>\n<p style=\"text-align: justify;\"><span style=\"font-family: arial, helvetica, sans-serif; font-size: 14pt;\">El franc\u00e9s\u00a0<i>Liberati\u00f3n\u00a0<\/i>se centra asimismo en la decisi\u00f3n de la Audiencia Territorial de Schleswig-Holstein de descartar el delito de rebeli\u00f3n que le imputa el juez del Tribunal Supremo Pablo Llarena.<\/span><\/p>\n<div class=\"story-leaf-despiece\" style=\"text-align: justify;\">\n<div class=\"story-leaf-despiece-title\">\n<p><span style=\"font-family: arial, helvetica, sans-serif; font-size: 14pt;\">La decisi\u00f3n de la Justicia alemana ha copado las principales cabeceras de Europa<\/span><\/p>\n<\/div>\n<\/div>\n<p style=\"text-align: justify;\"><span style=\"font-family: arial, helvetica, sans-serif; font-size: 14pt;\">\u201cCarles Puigdemont liberado bajo fianza por un tribunal alem\u00e1n\u201d, publica la BBC, tambi\u00e9n en portada, junto a una imagen del expresident; mientras el brit\u00e1nico\u00a0<i>The Independent<\/i>\u00a0resalta la noticia en su p\u00e1gina principal con el titular \u201cAlemania no extraditar\u00e1 al catal\u00e1n Puigdemont por cargos de rebeli\u00f3n\u201d.<\/span><\/p>\n<p style=\"text-align: justify;\"><span style=\"font-family: arial, helvetica, sans-serif; font-size: 14pt;\">En B\u00e9lgica, el caso de Puigdemont tambi\u00e9n se sigue de cerca y una de las principales cabeceras del pa\u00eds,<i>\u00a0Le Soir<\/i>, abre su edici\u00f3n digital con el titular \u201cLa justicia alemana se niega a extraditar a Puigdemont y lo libera bajo supervisi\u00f3n judicial\u201d. El tambi\u00e9n belga\u00a0<i>L\u2019Echo<\/i>\u00a0informa de la liberaci\u00f3n de Puigdemont \u201cpor los tribunales alemanes\u201d.<\/span><\/p>\n<\/div>\n<p><a href=\"https:\/\/puntocritico.com\/ausajpuntocritico\/wp-content\/uploads\/2018\/03\/Mosca_Punto_Cr\u00edtico_40.png\" rel=\"lightbox[10694]\"><img loading=\"lazy\" decoding=\"async\" class=\"aligncenter wp-image-9528\" src=\"https:\/\/puntocritico.com\/ausajpuntocritico\/wp-content\/uploads\/2018\/03\/Mosca_Punto_Cr\u00edtico_40.png\" alt=\"\" width=\"40\" height=\"40\" \/><\/a><\/p>\n<h1>\u00a0<\/h1>\n<h1 class=\"pg-headline\" style=\"text-align: center;\"><a id=\"ref59\"><\/a><a href=\"#ref59a\">[59]<\/a> Un tribunal alem\u00e1n hace tambalear la causa del Tribunal Supremo contra el proc\u00e9s<\/h1>\n<div class=\"subtitle bkn mce sk2\"><span style=\"font-size: 14pt;\">Por Pedro \u00c1gueda<\/span><\/p>\n<div class=\"mce\">\u00a0<\/div>\n<div><span style=\"color: #339966;\">Art\u00edculo publicado el 5 de abril de 2018 en<\/span><\/div>\n<div><span style=\"color: #339966;\"><a style=\"color: #339966;\" href=\"https:\/\/www.eldiario.es\/politica\/tribunal-aleman-dinamita-Tribunal-Supremo_0_757675325.html\" target=\"_blank\" rel=\"noopener\">https:\/\/www.eldiario.es\/politica\/tribunal-aleman-dinamita-Tribunal-Supremo_0_757675325.html<\/a><\/span><\/div>\n<div>\u00a0<\/div>\n<\/div>\n<div>\u00a0<\/div>\n<div>\n<figure id=\"attachment_10806\" aria-describedby=\"caption-attachment-10806\" style=\"width: 643px\" class=\"wp-caption aligncenter\"><a href=\"https:\/\/puntocritico.com\/ausajpuntocritico\/wp-content\/uploads\/2018\/04\/Puigdemont-denuncia-irresponsabilidad-destructores-CUP_EDIIMA20160603_0521_27.jpg\" rel=\"lightbox[10694]\"><img loading=\"lazy\" decoding=\"async\" class=\"wp-image-10806 size-full\" src=\"https:\/\/puntocritico.com\/ausajpuntocritico\/wp-content\/uploads\/2018\/04\/Puigdemont-denuncia-irresponsabilidad-destructores-CUP_EDIIMA20160603_0521_27.jpg\" alt=\"\" width=\"643\" height=\"362\" srcset=\"https:\/\/puntocritico.com\/ausajpuntocritico\/wp-content\/uploads\/2018\/04\/Puigdemont-denuncia-irresponsabilidad-destructores-CUP_EDIIMA20160603_0521_27.jpg 643w, https:\/\/puntocritico.com\/ausajpuntocritico\/wp-content\/uploads\/2018\/04\/Puigdemont-denuncia-irresponsabilidad-destructores-CUP_EDIIMA20160603_0521_27-300x169.jpg 300w\" sizes=\"auto, (max-width: 643px) 100vw, 643px\" \/><\/a><figcaption id=\"caption-attachment-10806\" class=\"wp-caption-text\"><span style=\"font-size: 10pt; color: #339966;\"><strong>Carles Puigdemont y Oriol Junqueras. EFE <\/strong><\/span><\/figcaption><\/figure>\n<\/div>\n<div>\n<blockquote>\n<p style=\"text-align: justify;\"><span style=\"font-family: arial, helvetica, sans-serif; font-size: 14pt;\">Rechaza la extradici\u00f3n de Puigdemont porque no aprecia la violencia en la que el alto tribunal espa\u00f1ol fundamenta su acusaci\u00f3n m\u00e1s grave\u00a0<\/span><\/p>\n<p style=\"text-align: justify;\"><span style=\"font-family: arial, helvetica, sans-serif; font-size: 14pt;\">El fallo aleja la posibilidad de juzgar al expresident por rebeli\u00f3n, un delito por el que est\u00e1n procesados sus subordinados y\u00a0nueve personas siguen en prisi\u00f3n<\/span><\/p>\n<p style=\"text-align: justify;\"><span style=\"font-family: arial, helvetica, sans-serif; font-size: 14pt;\">El Tribunal Supremo se enfrenta a mantener una acusaci\u00f3n que no podr\u00e1 sostener contra el jefe del Gobierno que organiz\u00f3 el refer\u00e9ndum del 1-O<\/span><\/p>\n<\/blockquote>\n<p class=\"mce\" style=\"text-align: justify;\"><span style=\"font-family: arial, helvetica, sans-serif; font-size: 14pt;\">El fallo de un tribunal regional alem\u00e1n contra la entrega a Espa\u00f1a de Carles Puigdemont pone en riesgo toda la causa que la Fiscal\u00eda y el Tribunal Supremo abrieron para castigar el plan soberanista en Catalunya. La pol\u00e9mica jur\u00eddica sobre si la organizaci\u00f3n del refer\u00e9ndum y los hechos que lo rodearon pod\u00eda constituir un delito de rebeli\u00f3n, castigado con hasta 25 a\u00f1os de c\u00e1rcel, ha sido resuelta al final por tres magistrados alemanes, que consideran que el proceso soberanista no se ha desarrollado con violencia.<\/span><\/p>\n<p class=\"mce\" style=\"text-align: justify;\"><span style=\"font-family: arial, helvetica, sans-serif; font-size: 14pt;\">La justicia alemana entra as\u00ed al fondo de la cuesti\u00f3n. Lo hace porque el juez Pablo Llarena solicit\u00f3 la extradici\u00f3n de Puigdemont por los delitos de rebeli\u00f3n y malversaci\u00f3n. El tribunal ha rechazado la extradici\u00f3n por el primero de esos delitos alegando que su legislaci\u00f3n no lo contempla. No se da, por tanto, el principio de doble incriminaci\u00f3n que requiere cualquier extradici\u00f3n.<\/span><\/p>\n<p class=\"mce\" style=\"text-align: justify;\"><span style=\"font-family: arial, helvetica, sans-serif; font-size: 14pt;\">Y van m\u00e1s all\u00e1 al pronunciarse sobre la posibilidad de identificar la rebeli\u00f3n &#8216;espa\u00f1ola&#8217; con el delito de alta traici\u00f3n del c\u00f3digo penal alem\u00e1n. Para que \u00e9ste se d\u00e9, razonan los jueces alemanes, es necesario que se haya actuado con una violencia que no se ha dado en la actuaci\u00f3n del expresident. El fallo del tribunal de Schleswig-Holstein, aun desconocido en su textualidad, descarta la apelaci\u00f3n a la existencia de una violencia que hizo la Fiscal\u00eda en su querella inicial, que mantuvo la Audiencia Nacional despu\u00e9s y a la que recurre el juez del Tribunal Supremo Pablo Llarena en su auto de procesamiento.<\/span><\/p>\n<p class=\"mce\" style=\"text-align: justify;\"><span style=\"font-family: arial, helvetica, sans-serif; font-size: 14pt;\">En el caso de que finalmente el tribunal alem\u00e1n acceda a entregar a Puigdemont por el delito de malversaci\u00f3n solo podr\u00eda ser juzgado en Espa\u00f1a por \u00e9ste. Se dar\u00eda la circunstancia de que el Tribunal Supremo sentar\u00eda en el banquillo a los subordinados del expresident por un delito castigado con hasta 25 a\u00f1os de c\u00e1rcel y a Puigdemont por otro que no pasa de los ocho a\u00f1os.<\/span><\/p>\n<p class=\"mce\" style=\"text-align: justify;\"><span style=\"font-family: arial, helvetica, sans-serif; font-size: 14pt;\">Pero no solo eso. Fuentes jur\u00eddicas consultadas por eldiario.es ponen en duda que la Fiscal\u00eda pueda sostener una acusaci\u00f3n de rebeli\u00f3n contra un grupo de procesados cuando est\u00e1 incapacitada para hacerlo contra quien los lideraba. El propio Llarena afirm\u00f3 en uno de sus autos que el delito de rebeli\u00f3n \u00abes de naturaleza plurisubjetiva\u00bb. \u00abLa depuraci\u00f3n de las distintas responsabilidades penales debe ser llevada de manera unificada, pues de otro modo podr\u00eda romperse la continencia de la causa y conducir el proceso a respuestas contradictorias y divergentes para los distintos part\u00edcipes\u00bb, escrib\u00eda Llarena en el auto por el que decid\u00eda las \u00f3rdenes internacionales contra Puigdemont y el resto de huidos en B\u00e9lgica.<\/span><\/p>\n<p class=\"mce\" style=\"text-align: justify;\"><span style=\"font-family: arial, helvetica, sans-serif; font-size: 14pt;\">Otras fuentes del Tribunal Supremo remit\u00edan esta tarde a un an\u00e1lisis del fallo alem\u00e1n antes de que el juez Llarena adopte decisiones, pero incid\u00edan en que una valoraci\u00f3n de un tribunal local alem\u00e1n no puede influir en la convicci\u00f3n del instructor del Alto Tribunal espa\u00f1ol sobre los indicios recabados de presunta rebeli\u00f3n.<\/span><\/p>\n<p class=\"mce\" style=\"text-align: justify;\"><span style=\"font-family: arial, helvetica, sans-serif; font-size: 14pt;\">Seg\u00fan explic\u00f3 el tribunal alem\u00e1n en un comunicado, la sala primera de lo penal considera en principio que la imputaci\u00f3n del delito de rebeli\u00f3n es \u00abinadmisible\u00bb, pero cree que s\u00ed puede ser aceptado el de corrupci\u00f3n, como malversaci\u00f3n de fondos p\u00fablicos, por lo que el proceso de extradici\u00f3n sigue adelante. La Audiencia no cree que Puigdemont corra riesgo de persecuci\u00f3n pol\u00edtica en Espa\u00f1a, lo que anular\u00eda completamente la orden de extradici\u00f3n.<\/span><\/p>\n<p class=\"mce\" style=\"text-align: justify;\"><span style=\"font-family: arial, helvetica, sans-serif; font-size: 14pt;\">Aunque afirma que contin\u00faa el riesgo de fuga, el tribunal considera que al ser \u00abinadmisible\u00bb el delito de rebeli\u00f3n \u00e9ste se reduce de forma considerable, por lo que deja en libertad al pol\u00edtico independentista con una fianza de 75.000 euros. \u00abCon la malversaci\u00f3n de fondos p\u00fablicos, al perseguido se le acusa de un acto concreto castigado tambi\u00e9n por la legislaci\u00f3n alemana, no por sus ideas pol\u00edticas\u201d, responde a su defensa.<\/span><\/p>\n<h3 style=\"text-align: justify;\"><span style=\"font-family: arial, helvetica, sans-serif; font-size: 14pt;\">Euroorden \u00abadulterada\u00bb<\/span><\/h3>\n<p class=\"mce\" style=\"text-align: justify;\"><span style=\"font-family: arial, helvetica, sans-serif; font-size: 14pt;\">Las fuentes consultadas del Tribunal Supremo consideran que\u00a0los jueces alemanes\u00a0han \u00abadulterado\u00bb el concepto de la euroorden al entrar a valorar unos hechos que no le corresponden. Se trata de un exhorto, alegan, y no cabe que se paren a examinar los hechos por los que se acusa a Puigdemont, algo que deber\u00e1 hacer en su momento el tribunal que le juzgue.<\/span><\/p>\n<p class=\"mce\" style=\"text-align: justify;\"><span style=\"font-family: arial, helvetica, sans-serif; font-size: 14pt;\">El tribunal tendr\u00e1 ahora que decidir si procede la extradici\u00f3n por malversaci\u00f3n de fondos, a lo que se va a oponer la defensa de Puigdemont. La \u00faltima palabra\u00a0sobre la extradici\u00f3n la tendr\u00e1 la Fiscal\u00eda de\u00a0Schleswig-Holstein, que ya ha considerado la decisi\u00f3n de los jueces alemanes como un rev\u00e9s y ha anunciado que estudiar\u00e1n si se puede recurrir.<\/span><\/p>\n<p class=\"mce\" style=\"text-align: justify;\"><span style=\"font-family: arial, helvetica, sans-serif; font-size: 14pt;\">Las fuentes consultadas a\u00f1aden que la decisi\u00f3n del tribunal alem\u00e1n puede condicionar las decisiones pendientes de otras justicias europeas. En B\u00e9lgica siguen Llu\u00eds Puig, Toni Comin y Meritxell Serret. A Escocia se traslad\u00f3 Clara Ponsat\u00ed y a Suiza huy\u00f3 Marta Rovira. El Tribunal Supremo reclama por rebeli\u00f3n a Comin, Ponsat\u00ed y Rovira.<\/span><\/p>\n<p class=\"mce\" style=\"text-align: justify;\"><span style=\"font-family: arial, helvetica, sans-serif; font-size: 14pt;\">Adem\u00e1s, por una acusaci\u00f3n de rebeli\u00f3n y el riesgo de fuga que ello implica est\u00e1n en la c\u00e1rcel Oriol Junqueras, Jordi S\u00e1nchez, Jordi Cuixart y Joaquim Forn. Tambi\u00e9n est\u00e1n en prisi\u00f3n Jordi Turull, Carme Forcadell, Ra\u00fcl Romeva,\u00a0Dolors Bassa\u00a0y Josep Rull, acusados todos\u00a0rebeli\u00f3n -a Rull, Turull, Bassa y Romeva, el Supremo les a\u00f1ade el delito de malversaci\u00f3n.\u00a0El Supremo deber\u00e1 resolver las previsibles peticiones de excarcelaci\u00f3n que sus defensas planteen una vez han conocido que la acusaci\u00f3n por rebeli\u00f3n contra Puigdemont corre serio riesgo de desaparecer.<\/span><\/p>\n<\/div>\n<p><a href=\"https:\/\/puntocritico.com\/ausajpuntocritico\/wp-content\/uploads\/2018\/03\/Mosca_Punto_Cr\u00edtico_40.png\" rel=\"lightbox[10694]\"><img loading=\"lazy\" decoding=\"async\" class=\"aligncenter wp-image-9528\" src=\"https:\/\/puntocritico.com\/ausajpuntocritico\/wp-content\/uploads\/2018\/03\/Mosca_Punto_Cr\u00edtico_40.png\" alt=\"\" width=\"40\" height=\"40\" \/><\/a><\/p>\n<p>&nbsp;<\/p>\n<h1 style=\"text-align: center;\"><a id=\"ref60\"><\/a><a href=\"#ref60a\">[60]<\/a> Com\u00edn, Serret y Puig, en libertad sin fianza y con medidas cautelares mientras se resuelve la euroorden<\/h1>\n<p><span style=\"font-size: 14pt;\">Por EUROPA PRESS<\/span><\/p>\n<div><span style=\"color: #339966;\">Art\u00edculo publicado el 5 de abril de 2018<\/span><\/div>\n<div><span style=\"color: #339966;\"><a style=\"color: #339966;\" href=\"http:\/\/www.publico.es\/politica\/comin-serret-puig-libertad-fianza-medidas-cautelares-resuelve-euroorden.html\" target=\"_blank\" rel=\"noopener\">http:\/\/www.publico.es\/politica\/comin-serret-puig-libertad-fianza-medidas-cautelares-resuelve-euroorden.html<\/a><\/span><\/div>\n<div>\u00a0<\/div>\n<div>\u00a0<br \/>\n<figure id=\"attachment_10807\" aria-describedby=\"caption-attachment-10807\" style=\"width: 660px\" class=\"wp-caption aligncenter\"><a href=\"https:\/\/puntocritico.com\/ausajpuntocritico\/wp-content\/uploads\/2018\/04\/5ac68d6a537ba.r_1523003075941.0-95-768-491.jpg\" rel=\"lightbox[10694]\"><img loading=\"lazy\" decoding=\"async\" class=\"wp-image-10807 size-full\" src=\"https:\/\/puntocritico.com\/ausajpuntocritico\/wp-content\/uploads\/2018\/04\/5ac68d6a537ba.r_1523003075941.0-95-768-491.jpg\" alt=\"\" width=\"660\" height=\"340\" srcset=\"https:\/\/puntocritico.com\/ausajpuntocritico\/wp-content\/uploads\/2018\/04\/5ac68d6a537ba.r_1523003075941.0-95-768-491.jpg 660w, https:\/\/puntocritico.com\/ausajpuntocritico\/wp-content\/uploads\/2018\/04\/5ac68d6a537ba.r_1523003075941.0-95-768-491-300x155.jpg 300w\" sizes=\"auto, (max-width: 660px) 100vw, 660px\" \/><\/a><figcaption id=\"caption-attachment-10807\" class=\"wp-caption-text\"><span style=\"font-size: 10pt; color: #339966;\">El ex conseller de la Generalitat de Catalu\u00f1a, Toni Com\u00edn, habla ante la prensa en B\u00e9lgica. AFP <\/span><\/figcaption><\/figure>\n<\/div>\n<div>\u00a0<\/div>\n<div>\n<p id=\"m333-332-334\" style=\"text-align: justify;\"><span style=\"font-family: arial, helvetica, sans-serif; font-size: 14pt;\">Los exconsellers Toni Com\u00edn, Meritxell Serret y Llu\u00eds Puig han sido puestos en libertad sin fianza pero con medidas cautelares mientras se resuelven las \u00f3rdenes europeas de detenci\u00f3n y entrega dictadas por el magistrado del Tribunal Supremo Pablo Llarena.<\/span><\/p>\n<p id=\"m338-1-339\" style=\"text-align: justify;\"><span style=\"font-family: arial, helvetica, sans-serif; font-size: 14pt;\">En concreto, los tres pol\u00edticos catalanes tendr\u00e1n que\u00a0<b>permanecer en B\u00e9lgica, comunicar un domicilio fijo<\/b>\u00a0y ponerse a disposici\u00f3n de las autoridades belgas cuando lo requieran, seg\u00fan han explicado la defensa de los pol\u00edticos catalanes.<\/span><\/p>\n<div class=\"teads-inread\" style=\"text-align: justify;\">\n<div class=\"teads-ui-components-credits\"><span style=\"font-family: arial, helvetica, sans-serif; font-size: 14pt;\">Se trata de la segunda vez que el juez belga de instrucci\u00f3n dicta libertad sin fianza pero bajo condiciones para los tres exconsellers que permanecen en B\u00e9lgica, puesto que en noviembre tom\u00f3 la misma decisi\u00f3n. Sin embargo, en aquella ocasi\u00f3n tambi\u00e9n estaban obligados a comunicar sus movimientos cotidianos.<\/span><\/div>\n<\/div>\n<p id=\"m348-3-349\" style=\"text-align: justify;\"><span style=\"font-family: arial, helvetica, sans-serif; font-size: 14pt;\">En declaraciones a los medios a las puertas de la Fiscal\u00eda,\u00a0<b>Com\u00edn ha expresado su \u00abinmensa satisfacci\u00f3n\u00bb\u00a0<\/b>por este hecho y por la decisi\u00f3n de la Justicia alemana de dictar libertad bajo fianza para Carles Puigdemont, y ha pedido que los pol\u00edticos catalanes presos en Espa\u00f1a tambi\u00e9n salgan de prisi\u00f3n.<\/span><\/p>\n<div id=\"m546-4-547\" class=\"html\" style=\"text-align: justify;\"><iframe loading=\"lazy\" title=\"Com\u00edn \" src=\"http:\/\/www.publico.es\/videos\/iframe\/662577\" width=\"660\" height=\"371\" longdesc=\"http:\/\/www.publico.es\/publico-tv\/video\/662577\" frameborder=\"0\" scrolling=\"no\"><\/iframe><\/div>\n<p id=\"m353-4-354\" style=\"text-align: justify;\"><span style=\"font-family: arial, helvetica, sans-serif; font-size: 14pt;\">\u00abLo primero que tenemos que decir es nuestra satisfacci\u00f3n inmensa por las decisiones que hemos conocido hoy, nuestra libertad sin fianza y la libertad de Puigdemont. Adem\u00e1s queremos expresar nuestra satisfacci\u00f3n muy grande de ver que ya hay una primera decisi\u00f3n de la Justicia europea que dice claramente que el delito de rebeli\u00f3n no se ha producido\u00bb, ha dicho Com\u00edn.<\/span><\/p>\n<p id=\"m358-5-359\" style=\"text-align: justify;\"><span style=\"font-family: arial, helvetica, sans-serif; font-size: 14pt;\">\u00abPor tanto, lo primero que hacemos es\u00a0<b>exigir la inmediata libertad de los compa\u00f1eros que hoy est\u00e1n en prisi\u00f3n preventiva en Espa\u00f1a<\/b>. Porque ya hay una primera decisi\u00f3n europea que explica que el motivo por el cual se les mantiene en prisi\u00f3n preventiva es espurio\u00bb, ha argumentado el exconseller de ERC.<\/span><\/p>\n<p id=\"m363-6-364\" style=\"text-align: justify;\"><span style=\"font-family: arial, helvetica, sans-serif; font-size: 14pt;\">Com\u00edn tambi\u00e9n ha subrayado que afronta el resto del proceso \u00abcon toda la tranquilidad del mundo\u00bb porque tiene la \u00abplena convicci\u00f3n\u00bb de que ser\u00e1n \u00abcapaces de demostrar a los jueces que sobran los motivos para no ejecutar la extradici\u00f3n\u00bb.<\/span><\/p>\n<p id=\"m368-7-369\" style=\"text-align: justify;\"><span style=\"font-family: arial, helvetica, sans-serif; font-size: 14pt;\">En la misma l\u00ednea, Puig ha asegurado que es\u00a0<b>\u00abincomprensible\u00bb que haya pol\u00edticos catalanes en prisi\u00f3n en Espa\u00f1a<\/b>\u00a0y ha mostrado su confianza en que tras los \u00abacontecimientos\u00bb en Alemania tengan \u00abuna repercusi\u00f3n fuerte\u00bb en Espa\u00f1a. \u00abLa Justicia espa\u00f1ola no puede seguir indiferente\u00bb, ha expresado.<\/span><\/p>\n<h2 id=\"m373-8-374\" class=\"highlighted\" style=\"text-align: justify;\"><span style=\"font-family: arial, helvetica, sans-serif; font-size: 14pt;\">Declaraci\u00f3n ante el tribunal en las pr\u00f3ximas semanas<\/span><\/h2>\n<p id=\"m378-9-379\" style=\"text-align: justify;\"><span style=\"font-family: arial, helvetica, sans-serif; font-size: 14pt;\">En una rueda de prensa, la Fiscal\u00eda de Bruselas ha explicado que los tres exconsellers se han entregado a la Polic\u00eda belga y han sido privados de libertad para ser trasladados a la sede del Ministerio P\u00fablico de la capital del pa\u00eds, donde han prestado declaraci\u00f3n ante el juez de instrucci\u00f3n.<\/span><\/p>\n<p id=\"m383-10-384\" style=\"text-align: justify;\"><span style=\"font-family: arial, helvetica, sans-serif; font-size: 14pt;\">La portavoz de la Fiscal\u00eda, Ine Van Wymersch, ha explicado que\u00a0<b>no est\u00e1 fijada una fecha fija para la comparecencia ante la C\u00e1mara del Consejo<\/b>\u00a0(tribunal de primera instancia), pero que lo previsto es que tenga lugar en las pr\u00f3ximas semanas.<\/span><\/p>\n<p id=\"m388-11-389\" style=\"text-align: justify;\"><span style=\"font-family: arial, helvetica, sans-serif; font-size: 14pt;\">El juez de este tribunal debe decidir sobre el fondo del asunto, es decir, si decreta la entrega o no de los tres exconsellers a la Justicia espa\u00f1ola. Su decisi\u00f3n puede ser recurrida por las partes hasta en dos ocasiones, primero ante el Tribunal de Apelaci\u00f3n y posteriormente ante el Tribunal de Casaci\u00f3n.<\/span><\/p>\n<p id=\"m393-12-394\" style=\"text-align: justify;\"><span style=\"font-family: arial, helvetica, sans-serif; font-size: 14pt;\">En principio, ambas salas tienen 24 horas para decidir si admite a tr\u00e1mite el recurso y otros 15 d\u00edas par tomar una decisi\u00f3n y concluir si la orden de extradici\u00f3n puede ser ejecutada o no, pero estos plazos son orientativos cuando no se encuentran en prisi\u00f3n preventiva.<\/span><\/p>\n<\/div>\n<p><a href=\"https:\/\/puntocritico.com\/ausajpuntocritico\/wp-content\/uploads\/2018\/03\/Mosca_Punto_Cr\u00edtico_40.png\" rel=\"lightbox[10694]\"><img loading=\"lazy\" decoding=\"async\" class=\"aligncenter wp-image-9528\" src=\"https:\/\/puntocritico.com\/ausajpuntocritico\/wp-content\/uploads\/2018\/03\/Mosca_Punto_Cr\u00edtico_40.png\" alt=\"\" width=\"40\" height=\"40\" \/><\/a><\/p>\n<h1>\u00a0<\/h1>\n<h1 style=\"text-align: center;\"><a id=\"ref61\"><\/a><a href=\"#ref61a\">[61]<\/a> As\u00ed fluct\u00faa el precio de tus datos personales en la bolsa de Facebook<\/h1>\n<p><span style=\"font-size: 14pt;\">Por Carlos del Castillo<\/span><\/p>\n<div><span style=\"color: #339966;\">Art\u00edculo publicado el 5 de abril de 2018<\/span><\/div>\n<div><span style=\"color: #339966;\"><a style=\"color: #339966;\" href=\"https:\/\/www.eldiario.es\/tecnologia\/cotizan-mercado-Facebook-precio-fluctua_0_757675161.html\" target=\"_blank\" rel=\"noopener\">https:\/\/www.eldiario.es\/tecnologia\/cotizan-mercado-Facebook-precio-fluctua_0_757675161.html<\/a><\/span><\/div>\n<div>\u00a0<\/div>\n<div>\u00a0<\/div>\n<figure id=\"attachment_10808\" aria-describedby=\"caption-attachment-10808\" style=\"width: 643px\" class=\"wp-caption aligncenter\"><a href=\"https:\/\/puntocritico.com\/ausajpuntocritico\/wp-content\/uploads\/2018\/04\/Fluctuacion-Facebook-usuarios-comparacion-FDVT_EDIIMA20180405_0990_19.jpg\" rel=\"lightbox[10694]\"><img loading=\"lazy\" decoding=\"async\" class=\"wp-image-10808 size-full\" src=\"https:\/\/puntocritico.com\/ausajpuntocritico\/wp-content\/uploads\/2018\/04\/Fluctuacion-Facebook-usuarios-comparacion-FDVT_EDIIMA20180405_0990_19.jpg\" alt=\"\" width=\"643\" height=\"362\" srcset=\"https:\/\/puntocritico.com\/ausajpuntocritico\/wp-content\/uploads\/2018\/04\/Fluctuacion-Facebook-usuarios-comparacion-FDVT_EDIIMA20180405_0990_19.jpg 643w, https:\/\/puntocritico.com\/ausajpuntocritico\/wp-content\/uploads\/2018\/04\/Fluctuacion-Facebook-usuarios-comparacion-FDVT_EDIIMA20180405_0990_19-300x169.jpg 300w\" sizes=\"auto, (max-width: 643px) 100vw, 643px\" \/><\/a><figcaption id=\"caption-attachment-10808\" class=\"wp-caption-text\"><span style=\"color: #339966;\"><strong><span style=\"font-size: 10pt;\">Fluctuaci\u00f3n del valor de un click en una publicidad en Facebook de los usuarios espa\u00f1oles hombres interesados en pol\u00edtica (verde y azul) en comparaci\u00f3n con el mismo perfil de usuarios americanos (rojo y negro). FDVT<\/span><\/strong><\/span><\/figcaption><\/figure>\n<blockquote>\n<p style=\"text-align: justify;\"><span style=\"font-size: 14pt; font-family: arial, helvetica, sans-serif;\">El valor de los datos de un usuario no responde a valores fijos, sino que se rige por la ley de la oferta y la demanda<\/span><\/p>\n<p style=\"text-align: justify;\"><span style=\"font-size: 14pt; font-family: arial, helvetica, sans-serif;\">Los anunciantes pujan por llegar a su\u00a0p\u00fablico objetivo: lo que est\u00e1n dispuestos a pagar puede variar seg\u00fan se acerca el\u00a0<em>Black friday<\/em>&#8230; o unas elecciones<\/span><\/p>\n<\/blockquote>\n<p class=\"mce\" style=\"text-align: justify;\"><span style=\"font-size: 14pt; font-family: arial, helvetica, sans-serif;\">Equiparar las bases de datos con la informaci\u00f3n personal de los ciudadanos con\u00a0<em class=\"mce\">el oro l\u00edquido<\/em>\u00a0de la sociedad de la informaci\u00f3n ya es un s\u00edmil com\u00fan. Tras el esc\u00e1ndalo de Facebook y Cambridge Analytica, tambi\u00e9n lo es el recordatorio de que para las grandes empresas digitales los usuarios no\u00a0son el cliente, sino la materia prima. La Comisi\u00f3n Europea cifra el valor de ese mercado en m\u00e1s de 300.000 millones de euros en el Viejo Continente y vaticina que la cifra ascender\u00e1 a los\u00a0<a class=\"mce\" href=\"https:\/\/ec.europa.eu\/digital-single-market\/en\/news\/final-results-european-data-market-study-measuring-size-and-trends-eu-data-economy\" target=\"_blank\" rel=\"noopener noreferrer\">736.000 millones para 2020<\/a>.\u00a0<\/span><\/p>\n<p class=\"mce\" style=\"text-align: justify;\"><span style=\"font-size: 14pt; font-family: arial, helvetica, sans-serif;\">Facebook tambi\u00e9n publica el\u00a0ingreso medio que le supone un usuario en cada parte del mundo. La compa\u00f1\u00eda\u00a0<a class=\"mce\" href=\"https:\/\/s21.q4cdn.com\/399680738\/files\/doc_financials\/2017\/Q4\/Q4-2017-Earnings-Presentation.pdf\" target=\"_blank\" rel=\"noopener noreferrer\">\u00a0valoraba\u00a0<\/a>cada perfil de ciudadano europeo en 8,76 d\u00f3lares en \u00faltimo trimestre de 2017, unos dos d\u00f3lares m\u00e1s que la media mundial, pero cuatro veces menos que lo que ingresaba por\u00a0un usuario de EEUU o Canad\u00e1,\u00a0a los que tasaba en\u00a026,86 d\u00f3lares.<\/span><\/p>\n<div id=\"SMIntext_reference\" style=\"text-align: justify;\">\u00a0<\/div>\n<div class=\"inset cf width643\" style=\"text-align: justify;\">\n<figure class=\"media-holder\">\n<div class=\"mg \">\n<figure id=\"attachment_10809\" aria-describedby=\"caption-attachment-10809\" style=\"width: 643px\" class=\"wp-caption aligncenter\"><a href=\"https:\/\/puntocritico.com\/ausajpuntocritico\/wp-content\/uploads\/2018\/04\/Ganancia-Facebook-usuario-funcion-geografica_EDIIMA20180405_0993_19.jpg\" rel=\"lightbox[10694]\"><img loading=\"lazy\" decoding=\"async\" class=\"wp-image-10809 size-full\" src=\"https:\/\/puntocritico.com\/ausajpuntocritico\/wp-content\/uploads\/2018\/04\/Ganancia-Facebook-usuario-funcion-geografica_EDIIMA20180405_0993_19.jpg\" alt=\"\" width=\"643\" height=\"409\" srcset=\"https:\/\/puntocritico.com\/ausajpuntocritico\/wp-content\/uploads\/2018\/04\/Ganancia-Facebook-usuario-funcion-geografica_EDIIMA20180405_0993_19.jpg 643w, https:\/\/puntocritico.com\/ausajpuntocritico\/wp-content\/uploads\/2018\/04\/Ganancia-Facebook-usuario-funcion-geografica_EDIIMA20180405_0993_19-300x191.jpg 300w\" sizes=\"auto, (max-width: 643px) 100vw, 643px\" \/><\/a><figcaption id=\"caption-attachment-10809\" class=\"wp-caption-text\"><strong><span style=\"color: #339966; font-size: 10pt; font-family: georgia, palatino, serif;\">Ganancia media de Facebook por cada usuario, en funci\u00f3n de su zona geogr\u00e1fica. <\/span><\/strong><\/figcaption><\/figure>\n<\/div><figcaption class=\"caption-inside\"><\/figcaption><\/figure>\n<\/div>\n<p class=\"mce\" style=\"text-align: justify;\"><span style=\"font-size: 14pt; font-family: arial, helvetica, sans-serif;\">No obstante, la cotizaci\u00f3n de los datos personales en Facebook es mucho m\u00e1s compleja y no responde a cifras cerradas. \u00abEso es para los macron\u00fameros, pero de cara al usuario no es correcto\u00bb, explica \u00c1ngel Cuevas, investigador de la Universidad Carlos III de Madrid:\u00a0\u00abLos datos se comercian en tiempo real. El perfil de una persona determinada puede generarle muy poco a Facebook en un determinada \u00e9poca del a\u00f1o y much\u00edsimo en otra\u00bb.<\/span><\/p>\n<p class=\"mce\" style=\"text-align: justify;\"><span style=\"font-size: 14pt; font-family: arial, helvetica, sans-serif;\">El funcionamiento no es como el de un comercio de compra-venta, con unos precios definidos. Se parece mucho m\u00e1s a una bolsa de valores en la anunciarse en los perfiles de los usuarios se rige por la oferta y la demanda. \u00abEsto es como el mercado de las acciones: lo que hacen los anunciantes es pujar por llegar a un perfil concreto de usuarios. Por mostrar sus anuncios a su p\u00fablico objetivo\u00bb, contin\u00faa Cuevas.<\/span><\/p>\n<p class=\"mce\" style=\"text-align: justify;\"><span style=\"font-size: 14pt; font-family: arial, helvetica, sans-serif;\">Gracias a los datos que los usuarios ceden a Facebook en sus perfiles y los que se generan con sus interacciones con la plataforma, la compa\u00f1\u00eda de Mark Zuckerberg es capaz de\u00a0<a class=\"mce\" href=\"https:\/\/www.eldiario.es\/tecnologia\/secreto-escandalo-Facebook-influencia-elecciones_0_752075814.html\" target=\"_blank\" rel=\"noopener\">segmentar a sus usuarios como nunca antes se hab\u00eda visto<\/a>. Esa divisi\u00f3n tan concreta de usuarios por intereses hace que los anuncios\u00a0puedan estar absolutamente\u00a0dirigidos. Pero no todas las audiencias valen lo mismo: los hombres suizos interesados en \u00abbanca online\u00bb se cotizan al doble que los espa\u00f1oles, por ejemplo.<\/span><\/p>\n<div class=\"inset cf width643\" style=\"text-align: justify;\">\n<figure class=\"media-holder\">\n<div class=\"mg \"><a href=\"https:\/\/puntocritico.com\/ausajpuntocritico\/wp-content\/uploads\/2018\/04\/Fluctuacion-Facebook-usuarios-interesados-FDVT_EDIIMA20180405_1001_19.jpg\" rel=\"lightbox[10694]\"><img loading=\"lazy\" decoding=\"async\" class=\"aligncenter size-full wp-image-10810\" src=\"https:\/\/puntocritico.com\/ausajpuntocritico\/wp-content\/uploads\/2018\/04\/Fluctuacion-Facebook-usuarios-interesados-FDVT_EDIIMA20180405_1001_19.jpg\" alt=\"\" width=\"643\" height=\"317\" srcset=\"https:\/\/puntocritico.com\/ausajpuntocritico\/wp-content\/uploads\/2018\/04\/Fluctuacion-Facebook-usuarios-interesados-FDVT_EDIIMA20180405_1001_19.jpg 643w, https:\/\/puntocritico.com\/ausajpuntocritico\/wp-content\/uploads\/2018\/04\/Fluctuacion-Facebook-usuarios-interesados-FDVT_EDIIMA20180405_1001_19-300x148.jpg 300w\" sizes=\"auto, (max-width: 643px) 100vw, 643px\" \/><\/a><\/div><figcaption class=\"caption-inside\">\n<p><span style=\"font-size: 14pt; font-family: arial, helvetica, sans-serif;\">Fluctuaci\u00f3n del valor de un click en una publicidad en Facebook de los usuarios suizos hombres interesados en banca online (verde y azul) en comparaci\u00f3n con el mismo perfil de usuarios espa\u00f1oles (rojo y negro). FDVT<\/span><\/p>\n<\/figcaption><\/figure>\n<\/div>\n<p class=\"mce\" style=\"text-align: justify;\"><span style=\"font-size: 14pt; font-family: arial, helvetica, sans-serif;\">\u00bfCu\u00e1nto valen tus datos? Todo depende de lo que los anunciantes est\u00e9n dispuestos a pagar por publicitarse a un usuario como t\u00fa. Los\u00a0perfiles no se ofertan individualmente, sino en grandes paquetes de usuarios que comparten intereses.\u00a0<\/span><\/p>\n<p class=\"mce\" style=\"text-align: justify;\"><span style=\"font-size: 14pt; font-family: arial, helvetica, sans-serif;\">El precio final que un anunciante paga por llegar a un usuario no es p\u00fablico. Pero s\u00ed lo son las cifras orientativas que Facebook les ofrece para que conozcan la demanda de la audiencia a la que aspiran. \u00abEs una puja. Adem\u00e1s, var\u00eda mucho a lo largo del tiempo. Por ejemplo cuando llega el<em class=\"mce\">Black Friday<\/em>, el precio que los anunciantes est\u00e1n dispuestos a pagar para mostrar sus anuncios a los usuarios crece mucho. Tambi\u00e9n hay diferencia entre el fin de semana y el resto de la semana\u00bb, revela el investigador<\/span><\/p>\n<p class=\"mce\" style=\"text-align: justify;\"><span style=\"font-size: 14pt; font-family: arial, helvetica, sans-serif;\">Cuevas forma parte de un equipo espa\u00f1ol que ha desarrollado una herramienta para acercar a los ciudadanos c\u00f3mo las grandes empresas digitales extraen dinero de su navegaci\u00f3n. Su trabajo se ha centrado en Facebook, pero tambi\u00e9n funciona con Google, YouTube o Instagram.<\/span><\/p>\n<p class=\"mce\" style=\"text-align: justify;\"><span style=\"font-size: 14pt; font-family: arial, helvetica, sans-serif;\">\u00abTe pedimos un peque\u00f1o perfil: el lugar donde resides, tu estado civil y si eres hombre o mujer\u00bb, expone el investigador, que aclara que el \u00fanico dato indispensable es la localizaci\u00f3n, ya que es lo que acaba determinando el valor de los datos personales en Facebook. \u00abCon esa informaci\u00f3n hemos dise\u00f1ado una manera de preguntar a Facebook por dos conceptos: cu\u00e1nto pagan los anunciantes en este momento por mostrar anuncios a un perfil con esos datos que se nos ha dado, y cu\u00e1nto pagan por obtener un click de ese mismo usuario\u00bb.<\/span><\/p>\n<p class=\"mce\" style=\"text-align: justify;\"><span style=\"font-size: 14pt; font-family: arial, helvetica, sans-serif;\">La\u00a0<a class=\"mce\" href=\"https:\/\/fdvt.org\/\" target=\"_blank\" rel=\"noopener noreferrer\">\u00a0Facebook Data Valuation Tool<\/a>\u00a0(FDVT) se puede descargar como una aplicaci\u00f3n para el navegador, para que mida en tiempo real cu\u00e1nto valen los datos que est\u00e1 generando ese usuario. Tambi\u00e9n se puede trastear con la herramienta para analizar las cotizaciones de determinadas audiencias a lo largo del tiempo desde\u00a0<a class=\"mce\" href=\"http:\/\/testdeprivacidad.org\/?page=iframe\" target=\"_blank\" rel=\"noopener noreferrer\">esta web<\/a>, desarrollada por la Asociaci\u00f3n de Internautas.\u00a0<\/span><\/p>\n<p class=\"mce\" style=\"text-align: justify;\"><span style=\"font-size: 14pt; font-family: arial, helvetica, sans-serif;\">\u00abMonitorea los anuncios que se te muestran y si haces click o no sobre ellos. Como tenemos una estimaci\u00f3n de lo que pagan los anunciantes por mostrarte un anuncio podemos hacer un peque\u00f1o c\u00e1lculo de cu\u00e1nto dinero est\u00e1s generando para Facebook en tiempo real\u00bb, revela Cuevas.<\/span><\/p>\n<h3 style=\"text-align: justify;\"><span style=\"font-size: 14pt; font-family: arial, helvetica, sans-serif;\">Y claro, Trump<\/span><\/h3>\n<p class=\"mce\" style=\"text-align: justify;\"><span style=\"font-size: 14pt; font-family: arial, helvetica, sans-serif;\">Periodos especiales como el\u00a0<em class=\"mce\">Black Friday<\/em>\u00a0o las navidades aumentan el inter\u00e9s de los anunciantes en mostrar sus anuncios a los usuarios de Facebook, pero los investigadores de la Carlos III han descubierto que adem\u00e1s de las \u00e9pocas t\u00edpicas de consumo, la demanda por llegar a determinados p\u00fablicos tambi\u00e9n aument\u00f3 con motivo de las elecciones norteamericanas.<\/span><\/p>\n<p class=\"mce\" style=\"text-align: justify;\"><span style=\"font-size: 14pt; font-family: arial, helvetica, sans-serif;\">\u00ab<span class=\"mce\">\u00a0Las elecciones no aumentan\u00a0los precios por defecto, pero s\u00ed observamos que en ciertos estados, para ciertas audiencias, sufr\u00edan cambios significativos.\u00a0<\/span>Intentamos ver si con la variaci\u00f3n de precios entre distintos perfiles de usuarios y de distintos estados, pod\u00eda existir una puja entre Trump y Clinton\u00bb, confirma Cuevas.<\/span><\/p>\n<p class=\"mce\" style=\"text-align: justify;\"><span style=\"font-size: 14pt; font-family: arial, helvetica, sans-serif;\">El equipo est\u00e1 trabajando en esa l\u00ednea de investigaci\u00f3n, pero a\u00fan no cuenta con resultados definitivos. Lo que demuestra es c\u00f3mo las empresas (o los pol\u00edticos) pueden controlar lo que se muestra a los usuarios. \u00abTienen que poner m\u00e1s dinero que los dem\u00e1s para llegar a esa gente y as\u00ed es c\u00f3mo funciona en realidad ese mercado\u00bb, concluye el investigador.<\/span><\/p>\n<p>&nbsp;<\/p>\n<p><a href=\"https:\/\/puntocritico.com\/ausajpuntocritico\/wp-content\/uploads\/2018\/03\/Mosca_Punto_Cr\u00edtico_40.png\" rel=\"lightbox[10694]\"><img loading=\"lazy\" decoding=\"async\" class=\"aligncenter wp-image-9528\" src=\"https:\/\/puntocritico.com\/ausajpuntocritico\/wp-content\/uploads\/2018\/03\/Mosca_Punto_Cr\u00edtico_40.png\" alt=\"\" width=\"40\" height=\"40\" \/><\/a><\/p>\n<h1 class=\"pg-headline\" style=\"text-align: center;\"><a id=\"ref62\"><\/a><a href=\"#ref62a\">[62]<\/a> El responsable del m\u00e1ster de Cifuentes admite la falsificaci\u00f3n del acta y acusa al rector<\/h1>\n<p><span style=\"font-size: 14pt;\">Por eldiario.es<\/span><\/p>\n<div><span style=\"color: #339966;\">Art\u00edculo publicado el 6 de abril de 2018 en<\/span><\/div>\n<div><span style=\"color: #339966;\"><a style=\"color: #339966;\" href=\"https:\/\/www.eldiario.es\/politica\/responsable-master-Cifuentes-admite-falsificacion_0_758024245.html\" target=\"_blank\" rel=\"noopener\">https:\/\/www.eldiario.es\/politica\/responsable-master-Cifuentes-admite-falsificacion_0_758024245.html<\/a><\/span><\/div>\n<div>\u00a0<\/div>\n<div>\u00a0<br \/>\n<figure id=\"attachment_10811\" aria-describedby=\"caption-attachment-10811\" style=\"width: 643px\" class=\"wp-caption aligncenter\"><a href=\"https:\/\/puntocritico.com\/ausajpuntocritico\/wp-content\/uploads\/2018\/04\/Enrique-Alvarez-Conde-URJC-Calvo_EDIIMA20180404_0273_21.jpg\" rel=\"lightbox[10694]\"><img loading=\"lazy\" decoding=\"async\" class=\"wp-image-10811 size-full\" src=\"https:\/\/puntocritico.com\/ausajpuntocritico\/wp-content\/uploads\/2018\/04\/Enrique-Alvarez-Conde-URJC-Calvo_EDIIMA20180404_0273_21.jpg\" alt=\"\" width=\"643\" height=\"362\" srcset=\"https:\/\/puntocritico.com\/ausajpuntocritico\/wp-content\/uploads\/2018\/04\/Enrique-Alvarez-Conde-URJC-Calvo_EDIIMA20180404_0273_21.jpg 643w, https:\/\/puntocritico.com\/ausajpuntocritico\/wp-content\/uploads\/2018\/04\/Enrique-Alvarez-Conde-URJC-Calvo_EDIIMA20180404_0273_21-300x169.jpg 300w\" sizes=\"auto, (max-width: 643px) 100vw, 643px\" \/><\/a><figcaption id=\"caption-attachment-10811\" class=\"wp-caption-text\"><span style=\"font-size: 10pt;\"><strong><span style=\"color: #339966;\">El catedr\u00e1tico Enrique \u00c1lvarez Conde, en los pasillos de la URJC. OLMO CALVO<\/span><\/strong><\/span><\/figcaption><\/figure>\n<\/div>\n<div>\n<div id=\"edi-body\" class=\"mce-body mce no-sticky-adv-socios\">\n<blockquote>\n<p style=\"text-align: justify;\"><span style=\"font-size: 14pt; font-family: arial, helvetica, sans-serif;\">Enrique \u00c1lvarez Conde ha reconocido que el acta presentada por Cristina Cifuentes es \u00abuna reconstrucci\u00f3n\u00bb solicitada por el rector de la\u00a0universidad<\/span><\/p>\n<p style=\"text-align: justify;\"><span style=\"font-size: 14pt; font-family: arial, helvetica, sans-serif;\">El director del m\u00e1ster ha se\u00f1alado que es la primera vez que recibe un \u00abrequerimiento de la autoridad universitaria para reconstruir un acta\u00bb<\/span><\/p>\n<p style=\"text-align: justify;\"><span style=\"font-size: 14pt; font-family: arial, helvetica, sans-serif;\">\u00c1lvarez Conde ha asegurado que solo se reuni\u00f3 \u00abuna vez\u00bb con Cifuentes para fijar el tema de su TFM y que\u00a0corrigi\u00f3 su trabajo\u00a0por un medio que no recuerda<\/span><\/p>\n<\/blockquote>\n<p class=\"mce\" style=\"text-align: justify;\"><span style=\"font-size: 14pt; font-family: arial, helvetica, sans-serif;\">Enrique \u00c1lvarez Conde, el\u00a0director del m\u00e1ster\u00a0de\u00a0Cristina Cifuentes\u00a0en la Universidad Rey Juan Carlos (URJC), ha asegurado este viernes que el acta presentada por la presidenta de la Comunidad de Madrid es una \u00abreconstrucci\u00f3n\u00bb del acta original que \u00abdeber\u00eda estar en los servicios de administraci\u00f3n de la universidad\u00bb.<\/span><\/p>\n<p class=\"mce\" style=\"text-align: justify;\"><span style=\"font-size: 14pt; font-family: arial, helvetica, sans-serif;\">El rector de la Universidad Rey Juan Carlos, Javier Ramos,\u00a0pidi\u00f3 a\u00a0\u00c1lvarez Conde un acta que\u00a0avalase el m\u00e1ster de Cristina Cifuentes,\u00a0<a class=\"mce\" href=\"https:\/\/www.elconfidencial.com\/espana\/2018-04-06\/cristina-cifuentes-master-rector-universidad-acta_1545398\/\" target=\"_blank\" rel=\"noopener noreferrer\">seg\u00fan ha informado\u00a0<em class=\"mce\">El Confidencial<\/em><\/a>\u00a0y ha reconocido el propio \u00c1lvarez Conde. Lo hizo el\u00a021 de marzo, el mismo d\u00eda en que eldiario.es desvel\u00f3\u00a0\u00a0las notas falsificadas en el\u00a0m\u00e1ster de la presidenta. Esa misma ma\u00f1ana,\u00a0Ramos dio una rueda de prensa en la que\u00a0\u00a0atribuy\u00f3 a una \u00abmala transcripci\u00f3n de las notas\u00bb\u00a0la modificaci\u00f3n del expediente.<\/span><\/p>\n<p class=\"mce\" style=\"text-align: justify;\"><iframe loading=\"lazy\" src=\"https:\/\/www.youtube.com\/embed\/EH6Qfe7y0ag\" width=\"643\" height=\"362\" frameborder=\"0\" allowfullscreen=\"allowfullscreen\"><\/iframe><\/p>\n<p class=\"mce\" style=\"text-align: justify;\"><span style=\"font-size: 14pt; font-family: arial, helvetica, sans-serif;\">En\u00a0<a class=\"mce\" href=\"http:\/\/www.ondacero.es\/programas\/mas-de-uno\/audios-podcast\/entrevistas\/el-director-del-master-de-cifuentes-el-rector-me-dijo-que-hay-que-reconstruir-un-documento-y-reconozco-mi-culpa-porque-le-hice-caso_201804065ac71bf40cf2891d91ebb8f2.html\" target=\"_blank\" rel=\"noopener noreferrer\">una entrevista en Onda Cero<\/a>, el director del m\u00e1ster ha se\u00f1alado que la reconstrucci\u00f3n del acta la llev\u00f3 a cabo una de sus \u00abdisc\u00edpulas\u00bb y que hab\u00eda \u00abuna decisi\u00f3n del rector de proceder a eso\u00bb. \u00abProced\u00ed a la reconstrucci\u00f3n porque entend\u00ed que hab\u00eda una decisi\u00f3n del rector\u00bb, se ha justificado \u00c1lvarez Conde, que ha remarcado que el acta original \u00abdeber\u00eda estar en los servicios de administraci\u00f3n de la universidad\u00bb, donde se enviaban \u00abpor correo interno porque no hab\u00eda sistema inform\u00e1tico\u00bb. El director del m\u00e1ster ha se\u00f1alado que es la primera vez que recibe un \u00abrequerimiento de la autoridad universitaria para reconstruir un acta\u00bb.<\/span><\/p>\n<h3 style=\"text-align: justify;\"><span style=\"font-size: 14pt; font-family: arial, helvetica, sans-serif;\">La \u00abreconstrucci\u00f3n\u00bb del acta del examen<\/span><\/h3>\n<p class=\"mce\" style=\"text-align: justify;\"><span style=\"font-size: 14pt; font-family: arial, helvetica, sans-serif;\">Adem\u00e1s de se\u00f1alar al rector de la URJC, el responsable del m\u00e1ster ha querido dejar claro que todo el proceso de \u00abreconstrucci\u00f3n\u00bb del acta cont\u00f3 con el conocimiento y apoyo de las docentes que figuran en el acta.<\/span><\/p>\n<p class=\"mce\" style=\"text-align: justify;\"><span style=\"font-size: 14pt; font-family: arial, helvetica, sans-serif;\">\u00abMe puse en contacto con las tres personas que formaron parte del tribunal. Con la primera que hablo es con L\u00f3pez de los Mozos. La reconstrucci\u00f3n fue hecha por otra de mis disc\u00edpulas, la secretaria, con la autorizaci\u00f3n de las otras profesoras. Es ella quien se encarga de rellenar el formulario, y le deb\u00e9is de preguntar a mi disc\u00edpula, que tiene constancia de la autorizaci\u00f3n de las otras profesoras\u00bb.<\/span><\/p>\n<p class=\"mce\" style=\"text-align: justify;\"><iframe loading=\"lazy\" src=\"https:\/\/www.youtube.com\/embed\/vA29g0J3EPY\" width=\"643\" height=\"362\" frameborder=\"0\" allowfullscreen=\"allowfullscreen\"><\/iframe><\/p>\n<p class=\"mce\" style=\"text-align: justify;\"><span style=\"font-size: 14pt; font-family: arial, helvetica, sans-serif;\">Enrique \u00c1lvarez Conde s\u00ed responde por la designaci\u00f3n de ese supuesto tribunal calificador del Trabajo Final de M\u00e1ster. \u00abEl tribunal lo propuse yo como director del m\u00e1ster\u00bb, y reconoce que las tres profesoras que supuestamente evaluaron a Cifuentes son sus \u00abdisc\u00edpulas\u00bb. Sin embargo, una de esas disc\u00edpulas, Alicia L\u00f3pez de los Mozos, asegur\u00f3 este jueves ante la inspecci\u00f3n de la universidad que ella no evalu\u00f3 a la ahora presidenta de la Comunidad de Madrid y que su firma en el acta es falsa.<\/span><\/p>\n<p class=\"mce\" style=\"text-align: justify;\"><span style=\"font-size: 14pt; font-family: arial, helvetica, sans-serif;\">\u00abComo personas adultas, mis disc\u00edpulas son libres de adoptar las decisiones que estimen convenientes, y yo lo respeto\u00bb, ha zanjado \u00c1lvarez Conde.<\/span><\/p>\n<p class=\"mce\" style=\"text-align: justify;\"><iframe loading=\"lazy\" src=\"https:\/\/www.youtube.com\/embed\/WZapDM9Ox94\" width=\"643\" height=\"362\" frameborder=\"0\" allowfullscreen=\"allowfullscreen\"><\/iframe><\/p>\n<h3 style=\"text-align: justify;\"><span style=\"font-size: 14pt; font-family: arial, helvetica, sans-serif;\">\u00abTodo se destruy\u00f3\u00bb<\/span><\/h3>\n<p class=\"mce\" style=\"text-align: justify;\"><span style=\"font-size: 14pt; font-family: arial, helvetica, sans-serif;\">Enrique \u00c1lvarez Conde ha asegurado que el trabajo de fin de m\u00e1ster de Cristina Cifuentes se \u00abdestruy\u00f3\u00bb igual que se destruyen los trabajos de todos los alumnos de la universidad pasados dos a\u00f1os desde la presentaci\u00f3n del mismo.\u00a0\u00abTodo se destruy\u00f3, lo de la alumna afectada y lo del resto de alumnos, tuvieran o no relevancia pol\u00edtica\u00bb.<\/span><\/p>\n<p class=\"mce\" style=\"text-align: justify;\"><span style=\"font-size: 14pt; font-family: arial, helvetica, sans-serif;\">El director del m\u00e1ster ha se\u00f1alado que \u00e9l mismo corrigi\u00f3 las diferentes versiones del trabajo de la presidenta de la Comunidad de Madrid. Un trabajo de \u00abunos cincuenta o sesenta folios\u00bb del que no lleg\u00f3 a ver la versi\u00f3n definitiva y para el que ser reuni\u00f3n \u00absolo una vez\u00bb con Cristina Cifuentes. En esa reuni\u00f3n, seg\u00fan \u00c1lvarez Conde, se estableci\u00f3 el tema sobre el que versar\u00eda y, a partir de ese momento, la presidenta le ir\u00eda enviando diferentes versiones del mismo -por un medio que \u00abahora mismo\u00bb el director no recuerda- para que fuera corregido.<\/span><\/p>\n<p class=\"mce\" style=\"text-align: justify;\"><iframe loading=\"lazy\" src=\"https:\/\/www.youtube.com\/embed\/N02caYrpL40\" width=\"643\" height=\"362\" frameborder=\"0\" allowfullscreen=\"allowfullscreen\"><\/iframe><\/p>\n<p class=\"mce\" style=\"text-align: justify;\"><span style=\"font-size: 14pt; font-family: arial, helvetica, sans-serif;\">\u00c1lvarez Conde ha asegurado que el tribunal s\u00ed que existi\u00f3 y que la fecha -2 de julio de 2012- hab\u00eda sido fijada \u00abcon mucha anticipaci\u00f3n\u00bb. A pesar de ello, el director del m\u00e1ster ha reconocido que no sabe si \u00abla alumna Cifuentes\u00bb se present\u00f3 ante el tribunal que ten\u00eda que valorar su trabajo porque \u00e9l no estaba \u00abf\u00edsicamente presente\u00bb. \u00abLa presidenta de la Comunidad ha dicho que lo ten\u00eda en su agenda por lo que es ella la que tiene que acreditarlo\u00bb.<\/span><\/p>\n<p class=\"mce\" style=\"text-align: justify;\"><iframe loading=\"lazy\" src=\"https:\/\/www.youtube.com\/embed\/Q2yGW-CVm5A\" width=\"643\" height=\"362\" frameborder=\"0\" allowfullscreen=\"allowfullscreen\"><span data-mce-type=\"bookmark\" style=\"display: inline-block; width: 0px; overflow: hidden; line-height: 0;\" class=\"mce_SELRES_start\">\ufeff<\/span><\/iframe><\/p>\n<\/div>\n<\/div>\n<p><a href=\"https:\/\/puntocritico.com\/ausajpuntocritico\/wp-content\/uploads\/2018\/03\/Mosca_Punto_Cr\u00edtico_40.png\" rel=\"lightbox[10694]\"><img loading=\"lazy\" decoding=\"async\" class=\"aligncenter wp-image-9528\" src=\"https:\/\/puntocritico.com\/ausajpuntocritico\/wp-content\/uploads\/2018\/03\/Mosca_Punto_Cr\u00edtico_40.png\" alt=\"\" width=\"40\" height=\"40\" \/><\/a><\/p>\n<h1>\u00a0<\/h1>\n<h1 class=\"pg-headline\" style=\"text-align: center;\"><a id=\"ref63\"><\/a><a href=\"#ref63a\">[63]<\/a> El gozo de la verdad<\/h1>\n<p><span style=\"font-size: 14pt;\">Por Elisa Beni<\/span><\/p>\n<div class=\"subtitle bkn mce sk2\"><span style=\"color: #339966;\">Art\u00edculo publicado el 5\u00a0 de abril de 2018 en<\/span><\/div>\n<div><span style=\"color: #339966;\"><a href=\"https:\/\/www.eldiario.es\/zonacritica\/gozo-verdad_6_757734255.html\" target=\"_blank\" rel=\"noopener\">https:\/\/www.eldiario.es\/zonacritica\/gozo-verdad_6_757734255.html<\/a><\/span><\/div>\n<div>\u00a0<\/div>\n<div>\u00a0<\/div>\n<div><a href=\"https:\/\/puntocritico.com\/ausajpuntocritico\/wp-content\/uploads\/2018\/04\/Puigdemont-atienda-ONU-investir-Sanchez_EDIIMA20180405_0108_20.jpg\" rel=\"lightbox[10694]\"><img loading=\"lazy\" decoding=\"async\" class=\"aligncenter size-full wp-image-10812\" src=\"https:\/\/puntocritico.com\/ausajpuntocritico\/wp-content\/uploads\/2018\/04\/Puigdemont-atienda-ONU-investir-Sanchez_EDIIMA20180405_0108_20.jpg\" alt=\"\" width=\"643\" height=\"362\" srcset=\"https:\/\/puntocritico.com\/ausajpuntocritico\/wp-content\/uploads\/2018\/04\/Puigdemont-atienda-ONU-investir-Sanchez_EDIIMA20180405_0108_20.jpg 643w, https:\/\/puntocritico.com\/ausajpuntocritico\/wp-content\/uploads\/2018\/04\/Puigdemont-atienda-ONU-investir-Sanchez_EDIIMA20180405_0108_20-300x169.jpg 300w\" sizes=\"auto, (max-width: 643px) 100vw, 643px\" \/><\/a><\/div>\n<div class=\"subtitle bkn mce sk2\">\n<div class=\"pg-body\">\n<div class=\"mce-body mce\">\n<blockquote>\n<p class=\"mce\" style=\"text-align: justify;\"><span style=\"color: #808080;\"><strong><span style=\"font-size: 14pt; font-family: arial, helvetica, sans-serif;\">Ayer tarde, unos lejanos jueces alemanes demostraron que el viejo dicho de \u201cA\u00fan quedan jueces en Berl\u00edn\u201d sigue siendo aplicable, lo que honra y eleva al estado centroeuropeo<\/span><\/strong><\/span><\/p>\n<\/blockquote>\n<p class=\"mce\" style=\"text-align: justify;\"><span style=\"font-size: 14pt; font-family: arial, helvetica, sans-serif;\">La tarde de ayer fue una tarde de gozo. Lo fue al menos para m\u00ed. Enti\u00e9ndame bien, fue una tarde de gozo para los amantes de la Justicia y de la verdad, para todos aquellos que herv\u00edan de indignaci\u00f3n al ver como el \u00f3rgano supremo de la jurisdicci\u00f3n espa\u00f1ola constru\u00eda un relato para hacer encajar en un tipo delictivo a personas cuya actuaci\u00f3n no lo constitut\u00eda. M\u00e1s all\u00e1 de cual sea el delito y qui\u00e9nes sean esas personas, nadie que conozca los pilares sobre los que se asienta nuestra civilizaci\u00f3n y nuestra democracia pod\u00eda descansar bien pensando en c\u00f3mo la raz\u00f3n de Estado atropellaba a la raz\u00f3n a secas y c\u00f3mo personas llamadas a ser justas conclu\u00edan que el fin siempre justificar\u00eda cualquier medio.<\/span><\/p>\n<p class=\"mce\" style=\"text-align: justify;\"><span style=\"font-size: 14pt; font-family: arial, helvetica, sans-serif;\">Ayer tarde, unos lejanos jueces alemanes demostraron que el viejo dicho de \u201cA\u00fan quedan jueces en Berl\u00edn\u201d sigue siendo aplicable, lo que honra y eleva al estado centroeuropeo. Unos jueces imparciales, que no tienen que salvar nada ni a nadie, que no tienen nada que ganar ni que perder, fallaron que no ha existido violencia alguna en el proceso independentista ilegal y que, por tanto, no entregar\u00e1n a Puigdemont por tal delito. Eso significa que Espa\u00f1a no podr\u00e1 juzgarle por \u00e9l. Me produce alipori imaginar a los alemanes, los dioses del Derecho Penal conceptual, leyendo la incre\u00edble obra de ficci\u00f3n escrita por Llarena en papel timbrado. Eso ellos lo guardar\u00e1n para su coleto pero la bofetada que le han infligido a\u00fan resuena desde el Rin al Manzanares.<\/span><\/p>\n<p class=\"mce\" style=\"text-align: justify;\"><span style=\"font-size: 14pt; font-family: arial, helvetica, sans-serif;\">El siguiente paso llegar\u00e1 del plat pays, dado que podemos asegurar con grandes probabilidades de acertar que B\u00e9lgica tampoco entregar\u00e1 a los consellers que all\u00ed siguen por el inexistente delito de rebeli\u00f3n. \u00bfPorque son malos? No, porque son justos. Ese delito no se ha producido como ya lo han dicho a gritos la inmensa mayor\u00eda de los catedr\u00e1ticos de Derecho Penal de este pa\u00eds. No hace falta ser un lince para verlo y les dejo a ustedes que rellenen la l\u00ednea de puntos respecto a qu\u00e9 hay que ser para estar tan seguro de que las ilegalidades se convirtieron en crimen nada m\u00e1s aplicar el 155.<\/span><\/p>\n<p class=\"mce\" style=\"text-align: justify;\"><span style=\"font-size: 14pt; font-family: arial, helvetica, sans-serif;\">Todo esto tiene una parte tambi\u00e9n terriblemente triste porque afecta directamente a la credibilidad del sistema judicial espa\u00f1ol y, desgraciadamente, lo har\u00e1 en su totalidad tanto a los \u00f3rganos que se prestan a esta represi\u00f3n como a los que no han participado en ella. A lo mejor tenemos suerte y la cosa ha tocado fondo. Tal vez tras quedar noqueados por los pu\u00f1etazos que van a recibir desde cuatro pa\u00edses europeos, nos planteemos que no podemos seguir eligiendo a los jueces del Tribunal Supremo de forma politizada y por un sistema de cuotas, que necesitamos un Supremo con los mejores juristas de Espa\u00f1a sin ataduras y sin deudas.<\/span><\/p>\n<p class=\"mce\" style=\"text-align: justify;\"><span style=\"font-size: 14pt; font-family: arial, helvetica, sans-serif;\">La papeleta que les viene encima no es manca. Ni siquiera es seguro que Puigdemont, el l\u00edder de \u201csu\u201d trama criminal no lo olvidemos, sea entregado por malversaci\u00f3n. Los abogados han mandado traducir las actas del Congreso en las que el propio presidente del Gobierno y el ministro de Hacienda manifestaban taxativamente que ni un euro de dinero de los fondos p\u00fablicos se us\u00f3 para financiar el refer\u00e9ndum. Espa\u00f1a deber\u00e1 adem\u00e1s acreditar con documentaci\u00f3n oficial,y no con informes de la Guardia Civil, de d\u00f3nde se malvers\u00f3 dinero y cu\u00e1nto. Tampoco es seguro que sea entregado pues por malversaci\u00f3n y, adem\u00e1s, este es un delito menor que no justifica ni la prisi\u00f3n preventiva ni la privaci\u00f3n de derechos pol\u00edticos. Cuando la misma respuesta, que la violencia es una mixtificaci\u00f3n, llegue de B\u00e9lgica, de Escocia y hasta puede que de Suiza \u00bfen qu\u00e9 papel van a quedar los acusadores y los jueces espa\u00f1oles? Somos un espacio com\u00fan de Justicia y Espa\u00f1a no va a poder seguir con tal planteamiento sin despertar los recelos sobre el funcionamiento de su Justicia en la Uni\u00f3n Europea. Ya lo he advertido otras veces, el art\u00edculo 7 se activa para los incumplidores de los principios fundamentales de la Uni\u00f3n, uno de los cuales es un Estado de Derecho digno de tal nombre.<\/span><\/p>\n<p class=\"mce\" style=\"text-align: justify;\"><span style=\"font-size: 14pt; font-family: arial, helvetica, sans-serif;\">As\u00ed no se hacen las cosas por mucho que te las aplaudan las masas acr\u00edticas y los m\u00e1s preocupados por castigar y reprimir y mantener el statu quo que por los principios y las verdades fundamentales. Si quieren que lo que han hecho los independentistas catalanes sea delito que lo legislen as\u00ed y lo tipifiquen en el C\u00f3digo Penal y si existe una pr\u00f3xima vez, se lo aplican, pero lo que est\u00e1n haciendo es impropio de una democracia occidental.<\/span><\/p>\n<p class=\"mce\" style=\"text-align: justify;\"><span style=\"font-size: 14pt; font-family: arial, helvetica, sans-serif;\">Por \u00faltimo quiero felicitar a los defensores del Derecho y de los derechos humanos y la Justicia que tuvieron la previsi\u00f3n de ver que no ser\u00eda posible obtener un juicio imparcial en Espa\u00f1a y que habr\u00eda que buscarlo en instancias europeas. Ellos han hecho m\u00e1s por la Justicia y la verdad que los que se las dan de justicieros en suelo patrio. Mi reconocimiento y mi apoyo porque su lucha es la m\u00eda y la de millones de espa\u00f1oles de bien que no queremos ver pervertida nuestra democracia para conseguir una vendetta.<\/span><\/p>\n<\/div>\n<\/div>\n<\/div>\n<p><a href=\"https:\/\/puntocritico.com\/ausajpuntocritico\/wp-content\/uploads\/2018\/03\/Mosca_Punto_Cr\u00edtico_40.png\" rel=\"lightbox[10694]\"><img loading=\"lazy\" decoding=\"async\" class=\"aligncenter wp-image-9528\" src=\"https:\/\/puntocritico.com\/ausajpuntocritico\/wp-content\/uploads\/2018\/03\/Mosca_Punto_Cr\u00edtico_40.png\" alt=\"\" width=\"40\" height=\"40\" \/><\/a><\/p>\n<h1>\u00a0<\/h1>\n<h1 class=\"entry-title\" style=\"text-align: center;\"><a id=\"ref64\"><\/a><a href=\"#ref64a\">[64]<\/a> Los jueces alemanes entran en el proc\u00e9s<\/h1>\n<p class=\"author\"><span style=\"font-size: 14pt;\">Por Joaqu\u00edn Urias<\/span><\/p>\n<div><span style=\"color: #339966;\">Art\u00edculo publicado el 5 de abril de 2018 en<\/span><\/div>\n<div><span style=\"color: #339966;\"><a style=\"color: #339966;\" href=\"http:\/\/blogs.publico.es\/dominiopublico\/25478\/los-jueces-alemanes-entran-en-el-proces\/\" target=\"_blank\" rel=\"noopener\">http:\/\/blogs.publico.es\/dominiopublico\/25478\/los-jueces-alemanes-entran-en-el-proces\/<\/a><\/span><\/div>\n<div>\u00a0<\/div>\n<p style=\"text-align: justify;\"><span style=\"font-size: 14pt; font-family: arial, helvetica, sans-serif;\">La decisi\u00f3n del Tribunal Superior de Schlewig-Holstein de inadmitir el delito de rebeli\u00f3n en el marco de la petici\u00f3n de extradici\u00f3n a Espa\u00f1a de Carles Puigdemont supone, sin duda, un grave rev\u00e9s para el Gobierno espa\u00f1ol; el primero de car\u00e1cter judicial en su cruzada contra el desaf\u00edo independentista catal\u00e1n. El hecho de que hasta ahora el Gobierno jugara en casa, con unos jueces que le son evidentemente cercanos amplifica los efectos adversos de la decisi\u00f3n: la primera vez que un \u00f3rgano judicial sin relaci\u00f3n con el Gobierno espa\u00f1ol ve el tema, desmonta de un plumazo todo el entramado, de dudos\u00edsima legalidad, montado por el Tribunal Supremo contra la c\u00fapula independentista.<\/span><\/p>\n<p style=\"text-align: justify;\"><span style=\"font-size: 14pt; font-family: arial, helvetica, sans-serif;\">La primera damnificada es la justicia espa\u00f1ola, cuya neutralidad pol\u00edtica en el asunto catal\u00e1n queda en entredicho. Desde un principio, el Gobierno de Mariano Rajoy se ha parapetado tras los jueces al afrontar el conflicto catal\u00e1n. En vez de dar una respuesta pol\u00edtica, lanz\u00f3 a Tribunales a ello, creando artificialmente la premisa de que el soberanismo no es una opci\u00f3n pol\u00edtica posible sino un ataque al sistema democr\u00e1tico vigente. Primero utiliz\u00f3 al Tribunal Constitucional, que empez\u00f3 anulando actos simb\u00f3licos sin valor jur\u00eddico, sigui\u00f3 prohibiendo incluso que se discutiera sobre la independencia en el Parlamento y acab\u00f3 invent\u00e1ndose que un diputado en pleno ejercicio de sus derechos no puede ser candidato a President de la Generalitat sin permiso del juez. Tras este may\u00fasculo disparate, que ha dejado al alto tribunal sumido en el descr\u00e9dito m\u00e1s absoluto, le toc\u00f3 el turno a la justicia ordinaria; ahora personificada en un juez del Supremo, antiguo presidente de la asociaci\u00f3n conservadora de jueces.<\/span><\/p>\n<p style=\"text-align: justify;\"><span style=\"font-size: 14pt; font-family: arial, helvetica, sans-serif;\">Ah\u00ed, sobre la mesa de este juez, se ha dise\u00f1ado una estrategia de aniquilaci\u00f3n pol\u00edtica de la c\u00fapula independentista que podr\u00eda resultar eficaz si no tuviera el peque\u00f1o inconveniente de que es ilegal. La clave de b\u00f3veda de toda la estrategia pasa por acusarlos a todos del delito de rebeli\u00f3n. Ante la opini\u00f3n p\u00fablica eso permite un ejercicio maniqueo muy rentable para el Partido Popular: vender desde el poder judicial la idea de que son todos unos rebeldes, consiguiendo la correspondiente adhesi\u00f3n de amplias capas de la poblaci\u00f3n a sus posiciones nacionalistas espa\u00f1olas. M\u00e1s banderas espa\u00f1olas en los balcones. Judicialmente, la rebeli\u00f3n permite otras dos cosas: imponerles unas penas realmente severas, de no menos de quince a\u00f1os, e inhabilitarlos inmediatamente para que no puedan aspirar a repetir en sus cargos; incluso en caso de repetici\u00f3n electoral no podr\u00edan volver a encabezar el movimiento ni recibir legitimaci\u00f3n popular.<\/span><\/p>\n<p style=\"text-align: justify;\"><span style=\"font-size: 14pt; font-family: arial, helvetica, sans-serif;\">La ilegalidad radica en que el delito de rebeli\u00f3n exige que quien se alce p\u00fablicamente para declarar la independencia de una parte del Estado o subvertir el orden constitucional lo haga con violencia. Y resulta que a todas luces el movimiento soberanista no ha actuado con violencia. Si ha habido algunos enfrentamientos o incidentes, han tenido escasa entidad. De hecho, lo m\u00e1s violento en todo el proceso ha sido la innecesaria violencia de las fuerzas de seguridad con motivo de la celebraci\u00f3n del refer\u00e9ndum ilegal del 1 de octubre. Innumerables juristas espa\u00f1oles han se\u00f1alado esta imposibilidad de imputar o condenar a los pol\u00edticos independentistas por rebeli\u00f3n. Pero era clave para la estrategia jur\u00eddica y pol\u00edtica del Tribunal Supremo, inspirada por el Gobierno a trav\u00e9s -al menos- de la fiscal\u00eda. Por ello, se intent\u00f3 justificar la rebeli\u00f3n con argumentos chapuceros que s\u00f3lo est\u00e1n a la altura de los que justifican la inconstitucional prisi\u00f3n provisional de algunos encausados. Decisiones todas que, aunque pueden tener sentido pol\u00edtico en el enfrentamiento frente al soberanismo, nunca deber\u00edan haber sido tomadas por un juez.<\/span><\/p>\n<p style=\"text-align: justify;\"><span style=\"font-size: 14pt; font-family: arial, helvetica, sans-serif;\">El Tribunal Superior de Schlewig-Holstein lo ha visto claro. Incluso aunque se le atribuyeran a Puigdemont los escasos incidentes que han estallado al hilo del proceso soberanista, es evidente que no tienen la entidad necesaria para apoyar a una aut\u00e9ntica rebeli\u00f3n. Con su decisi\u00f3n pone en evidencia la politizaci\u00f3n de algunos jueces espa\u00f1oles. No se trata tanto de que prevariquen, pues eso implica conciencia de cometer una irregularidad. Simplemente, su deseo de parar como sea el proc\u00e8s es tan grande que les obceca y les impide aplicar neutralmente las leyes vigentes. Esa falta de la necesaria neutralidad pone en jaque a toda la c\u00fapula de nuestro sistema judicial, en la que parece que cuando surge la raz\u00f3n de Estado desaparecen todos los mecanismos de control destinados a evitar que los jueces adopten decisiones guiados por sus convicciones pol\u00edticas y no por la ley.<\/span><\/p>\n<p style=\"text-align: justify;\"><span style=\"font-size: 14pt; font-family: arial, helvetica, sans-serif;\">El otro efecto inmediato es que, en principio, Carles Puigdemont no podr\u00e1 ser juzgado en Espa\u00f1a por rebeli\u00f3n, una vez que se proceda a su extradici\u00f3n parcial. Eso ser\u00e1 as\u00ed siempre y cuando antes de ello no haya un tribunal alem\u00e1n de mayor rango que, en un recurso, corrija al Tribunal Superior. La defensa del que fuera President de la Generalitat debe valorar si le conviene aceptar la decisi\u00f3n en sus t\u00e9rminos y permitir su entrega a Espa\u00f1a. Si lo consigue, se dar\u00e1 la paradoja de que el expresidente del gobierno auton\u00f3mico no podr\u00e1 ser juzgado por los cargos que se le imputan a sus consejeros. Ser\u00e1 el \u00fanico que no podr\u00e1 ser suspendido provisionalmente de sus derechos como diputado auton\u00f3mico. En t\u00e9rminos pol\u00edticos ello plantea un problema de primera magnitud que amenaza con cargarse la estrategia del Gobierno espa\u00f1ol.<\/span><\/p>\n<p style=\"text-align: justify;\"><span style=\"font-size: 14pt; font-family: arial, helvetica, sans-serif;\">En un mundo ideal, la decisi\u00f3n alemana podr\u00eda abrir la puerta a una salida negociada. Cualquier soluci\u00f3n de este tipo debe ser pol\u00edtica y seguramente tiene que pasar por la libertad de los cargos pol\u00edticos imputados, as\u00ed como por una hoja de ruta en la que se asuman compromisos que respeten la legalidad, permitiendo al mismo tiempo reformas constitucionales relevantes. No parece que ninguna de las partes vaya a aprovechar el momento para esto. Desde el lado independentista han conseguido una baza importante para denunciar los excesos de un pode p\u00fablico espa\u00f1ol que defiende la Constituci\u00f3n incumpli\u00e9ndola y salt\u00e1ndose la ley. Y la van a usar. Desde el otro lado, es dif\u00edcil que el Presidente del Gobierno se decida de una vez a dejar de esconderse detr\u00e1s de los jueces y asuma su papel pol\u00edtico. As\u00ed que por ah\u00ed se barrunta m\u00e1s dureza judicial. Seguramente el nuevo argumento para ello sea que al fin y al cabo la decisi\u00f3n alemana es una decisi\u00f3n judicial, tan leg\u00edtima como las de los jueces espa\u00f1oles.<\/span><\/p>\n<p style=\"text-align: justify;\"><span style=\"font-size: 14pt; font-family: arial, helvetica, sans-serif;\">Como si, visto lo visto, en este asunto fueran iguales los jueces espa\u00f1oles que los alemanes.<\/span><\/p>\n<p><a href=\"https:\/\/puntocritico.com\/ausajpuntocritico\/wp-content\/uploads\/2018\/03\/Mosca_Punto_Cr\u00edtico_40.png\" rel=\"lightbox[10694]\"><img loading=\"lazy\" decoding=\"async\" class=\"aligncenter wp-image-9528\" src=\"https:\/\/puntocritico.com\/ausajpuntocritico\/wp-content\/uploads\/2018\/03\/Mosca_Punto_Cr\u00edtico_40.png\" alt=\"\" width=\"40\" height=\"40\" \/><\/a><\/p>\n<h1>\u00a0<\/h1>\n<h1 class=\"pg-headline\" style=\"text-align: center;\"><a id=\"ref65\"><\/a><a href=\"#ref65a\">[65]<\/a> No es (solo) por Jos\u00e9 Couso<\/h1>\n<p>Por CARLOS HERN\u00c1NDEZ<\/p>\n<div><span style=\"color: #339966;\">Art\u00edculo publicado el 5 de abril de 2018 en<\/span><\/div>\n<div><span style=\"color: #339966;\"><a style=\"color: #339966;\" href=\"https:\/\/www.eldiario.es\/zonacritica\/solo-Jose-Couso_6_757734252.html\" target=\"_blank\" rel=\"noopener\">https:\/\/www.eldiario.es\/zonacritica\/solo-Jose-Couso_6_757734252.html<\/a><\/span><\/div>\n<div>\u00a0<\/div>\n<div>\u00a0<\/div>\n<figure id=\"attachment_10813\" aria-describedby=\"caption-attachment-10813\" style=\"width: 643px\" class=\"wp-caption aligncenter\"><a href=\"https:\/\/puntocritico.com\/ausajpuntocritico\/wp-content\/uploads\/2018\/04\/familia-Couso-posible-PP-impunidad_EDIIMA20180315_0398_19.jpg\" rel=\"lightbox[10694]\"><img loading=\"lazy\" decoding=\"async\" class=\"wp-image-10813 size-full\" src=\"https:\/\/puntocritico.com\/ausajpuntocritico\/wp-content\/uploads\/2018\/04\/familia-Couso-posible-PP-impunidad_EDIIMA20180315_0398_19.jpg\" alt=\"\" width=\"643\" height=\"427\" srcset=\"https:\/\/puntocritico.com\/ausajpuntocritico\/wp-content\/uploads\/2018\/04\/familia-Couso-posible-PP-impunidad_EDIIMA20180315_0398_19.jpg 643w, https:\/\/puntocritico.com\/ausajpuntocritico\/wp-content\/uploads\/2018\/04\/familia-Couso-posible-PP-impunidad_EDIIMA20180315_0398_19-300x199.jpg 300w\" sizes=\"auto, (max-width: 643px) 100vw, 643px\" \/><\/a><figcaption id=\"caption-attachment-10813\" class=\"wp-caption-text\"><span style=\"font-size: 10pt; color: #339966;\"><strong>La familia de Couso ve posible reabrir su causa y lamenta PP busque la impunidad EFE <\/strong><\/span><\/figcaption><\/figure>\n<blockquote>\n<p style=\"text-align: justify;\"><span style=\"font-size: 14pt; font-family: arial, helvetica, sans-serif;\">El reportero de Telecinco no fue v\u00edctima del fragor del combate, del enfrentamiento b\u00e9lico entre los dos bandos, de un ob\u00fas perdido ni de una equivocaci\u00f3n<\/span><\/p>\n<\/blockquote>\n<p class=\"mce\" style=\"text-align: justify;\"><span style=\"font-size: 14pt; font-family: arial, helvetica, sans-serif;\">Todos somos iguales ante la ley. La Constituci\u00f3n es inviolable. Hay que defender el Estado de Derecho de cualquier ataque. La independencia del Poder Judicial es incuestionable. Las fuerzas del orden protegen por igual a todos los ciudadanos. No hay nadie por encima de la ley\u2026 Cuentos, cuentos y m\u00e1s cuentos.\u00a0<\/span><\/p>\n<p class=\"mce\" style=\"text-align: justify;\"><span style=\"font-size: 14pt; font-family: arial, helvetica, sans-serif;\">Evitar\u00e9 hacer cualquier comparaci\u00f3n con otras v\u00edctimas, otras violaciones de la legalidad, otras \u00f3rdenes de b\u00fasqueda y captura internacional, otras actuaciones pol\u00edticas, fiscales, policiales y judiciales&#8230; No faltan hechos y argumentos, todos los d\u00edas, para que cada lector pueda hacer su propio paralelismo. Yo me limitar\u00e9 a recordar una historia que comenz\u00f3 hace exactamente tres lustros y que demuestra el concepto de \u201ccumplir la ley\u201d que tienen nuestros gobernantes.<\/span><\/p>\n<p class=\"mce\" style=\"text-align: justify;\"><span style=\"font-size: 14pt; font-family: arial, helvetica, sans-serif;\">Hace quince a\u00f1os asesinaron a un padre, un marido, un hijo, un hermano, un amigo, un periodista.<\/span><\/p>\n<p class=\"mce\" style=\"text-align: justify;\"><span style=\"font-size: 14pt; font-family: arial, helvetica, sans-serif;\">Desde hace quince a\u00f1os sabemos que no le mataron porque se llamara Jos\u00e9 Couso, sino por ser un reportero dedicado, en cuerpo y alma, a que los espa\u00f1oles supieran lo que estaba ocurriendo durante la invasi\u00f3n estadounidense de Iraq.<\/span><\/p>\n<p class=\"mce\" style=\"text-align: justify;\"><span style=\"font-size: 14pt; font-family: arial, helvetica, sans-serif;\">Ya hace quince a\u00f1os que conocemos las identidades de quienes le asesinaron y las razones que les empujaron a perpetrarlo.<\/span><\/p>\n<p class=\"mce\" style=\"text-align: justify;\"><span style=\"font-size: 14pt; font-family: arial, helvetica, sans-serif;\">A lo largo de quince a\u00f1os los diferentes gobiernos espa\u00f1oles, populares y socialistas, no solo no han ayudado a perseguir a los culpables sino que han dado por buena la versi\u00f3n de los asesinos y se han dedicado a torpedear la investigaci\u00f3n judicial, a insultar al magistrado encargado del caso, a utilizar a la Fiscal\u00eda para que ejerciera como defensora de los criminales y a evitar que la polic\u00eda o el CNI realizaran cualquier tipo de pesquisa sobre el asunto.<\/span><\/p>\n<p class=\"mce\" style=\"text-align: justify;\"><span style=\"font-size: 14pt; font-family: arial, helvetica, sans-serif;\">Durante estos quince a\u00f1os la Audiencia Nacional ha ido venciendo todos esos obst\u00e1culos y presiones, hasta acabar dictaminando que se trat\u00f3 de un crimen de guerra y que, por ello, iniciaba el procesamiento de tres de los asesinos contra los que dict\u00f3 una orden internacional de b\u00fasqueda y captura.\u00a0<\/span><\/p>\n<p class=\"mce\" style=\"text-align: justify;\"><span style=\"font-size: 14pt; font-family: arial, helvetica, sans-serif;\">Cuando parec\u00eda que la Justicia se abrir\u00eda camino entre tanta mierda, lleg\u00f3 la \u00faltima respuesta del Gobierno que ya presid\u00eda Mariano Rajoy. Impotente ante la rectitud de un magistrado insobornable como es Santiago Pedraz, el Ejecutivo toler\u00f3, o mejor dicho propici\u00f3, que la polic\u00eda no cursara esa orden internacional dictada por el juez. \u00a0A continuaci\u00f3n los hombres y mujeres de Rajoy hicieron un razonamiento muy simple: Si la Audiencia Nacional mantiene que, con la ley en la mano, los asesinos son\u2026 asesinos, lo que hay que hacer era cambiar esa ley. Dicho y hecho. En unas pocas semanas se acab\u00f3 con los a\u00f1os de avances contra la impunidad que hab\u00eda garantizado la llamada Justicia Universal. Gracias a la reforma legislativa, aprobada chapucera y urgentemente por el PP, los criminales ya no pod\u00edan ser perseguidos por nuestros tribunales. El propio juez Pedraz,\u00a0<a class=\"mce\" href=\"http:\/\/estaticos.elmundo.es\/documentos\/2015\/06\/09\/conclusion_caso_couso.pdf\" target=\"_blank\" rel=\"noopener noreferrer\">en el auto en el que tuvo que cerrar el caso<\/a>, dej\u00f3 constancia de que la nueva legislaci\u00f3n impedir\u00eda investigar, y por tanto castigar, el asesinato de cualquier compatriota en un contexto de conflicto b\u00e9lico. En otras palabras, la figura del crimen de guerra, que tanto cost\u00f3 consagrar en la Convenci\u00f3n de Ginebra, hab\u00eda dejado de ser aplicable,\u00a0<em class=\"mce\">de facto<\/em>, si la v\u00edctima ten\u00eda nacionalidad espa\u00f1ola.\u00a0<\/span><\/p>\n<p class=\"mce\" style=\"text-align: justify;\"><span style=\"font-size: 14pt; font-family: arial, helvetica, sans-serif;\">Esta vergonzosa sucesi\u00f3n de hechos solo es posible en un lugar de tan baja calidad democr\u00e1tica como es Espa\u00f1a. No tengo la menor duda de que m\u00e1s tarde o m\u00e1s temprano, ya sea el Tribunal Constitucional o, m\u00e1s bien, el Tribunal Europeo de Derechos Humanos de Estrasburgo (TEDH) tumbar\u00e1 esa reforma legal por su manifiesta ilegalidad. Me he comprometido a no hacer comparaciones, as\u00ed que me limitar\u00e9 a sugerir a los responsables del TEDH que habiliten una sala espec\u00edfica para tratar las violaciones de Derechos Humanos cometidas en nuestro pa\u00eds\u2026<\/span><span style=\"font-size: 14pt; font-family: arial, helvetica, sans-serif;\">porque se van a hartar de trabajar.<\/span><\/p>\n<p class=\"mce\" style=\"text-align: justify;\"><span style=\"font-size: 14pt; font-family: arial, helvetica, sans-serif;\">Aunque a quienes justifican a los asesinos les gustar\u00eda, no voy a terminar sin recordar el \u00fanico hecho del que no he hablado: el primero de todos y fundamental. Lo hago porque, en voz baja, estos encubridores mantienen que la muerte de Jos\u00e9 Couso fue un gaje m\u00e1s del peligroso oficio de corresponsal de guerra. Por eso hay que reiterar, una y otra vez, que Jos\u00e9 Couso no muri\u00f3 \u201cporque la guerra es un lugar peligroso\u201d, como dijo el entonces presidente Bush mientras Aznar le daba las palmas. El reportero de Telecinco no fue v\u00edctima del fragor del combate, del enfrentamiento b\u00e9lico entre los dos bandos, de un ob\u00fas perdido ni de una equivocaci\u00f3n.<\/span><\/p>\n<p class=\"mce\" style=\"text-align: justify;\"><span style=\"font-size: 14pt; font-family: arial, helvetica, sans-serif;\">1.- Aquel 8 de abril de 2003 el tanque estadounidense que dispar\u00f3 sobre el Hotel Palestina llevaba horas inm\u00f3vil, en un puente sobre el r\u00edo Tigris. Horas durante las cuales varios centenares de periodistas le grab\u00e1bamos, sin escondernos, a pecho descubierto, desde decenas de balcones del hotel. Horas durante las cuales, obviamente, nos estuvo observando y pudo confirmar que, tal y como sab\u00edan hasta en el \u00faltimo puesto de mando norteamericano, el Palestina era el centro de la prensa internacional.<\/span><\/p>\n<p class=\"mce\" style=\"text-align: justify;\"><span style=\"font-size: 14pt; font-family: arial, helvetica, sans-serif;\">2.- El ataque contra el Palestina fue el TERCERO contra la prensa internacional que se produc\u00eda esa misma ma\u00f1ana. Los blindados estadounidenses ya hab\u00edan disparado antes contra las sedes de Al Jazeera y Abu Dhabi TV asesinando a otro periodista e hiriendo a otros tres.<\/span><\/p>\n<p class=\"mce\" style=\"text-align: justify;\"><span style=\"font-size: 14pt; font-family: arial, helvetica, sans-serif;\">3.- El Ej\u00e9rcito de Estados Unidos cambi\u00f3 dos veces de versi\u00f3n seg\u00fan se iban desmintiendo las anteriores. Primero dijo que hab\u00eda recibido \u201cfuego hostil\u201d desde la base del hotel. Al hacerles ver que eso dif\u00edcilmente justificaba su ataque contra la planta 15 del edificio, corrigieron el relato afirmando que les estaban disparando desde la azotea del hotel. Cuando los centenares de periodistas alojados en el Palestina, estadounidenses y brit\u00e1nicos incluidos, aseguramos que no se hab\u00eda producido disparo alguno desde el Palestina, el Ej\u00e9rcito de EEUU volvi\u00f3 a cambiar de versi\u00f3n y afirm\u00f3 que en un balc\u00f3n hab\u00eda un \u201coteador\u201d; un hombre con prism\u00e1ticos que estaba \u201cdelatando\u201d la posici\u00f3n de los tanques. Un argumento no solo falso sino que roza el rid\u00edculo ya que, sin necesidad de unas simples gafas, era posible divisar a esos blindados desde media ciudad, puesto que se encontraban desde hac\u00eda horas en medio de un enorme puente visible desde centenares de edificios.<\/span><\/p>\n<p class=\"mce\" style=\"text-align: justify;\"><span style=\"font-size: 14pt; font-family: arial, helvetica, sans-serif;\">4.- El militar que mandaba el blindado que dispar\u00f3 contra el Palestina asegur\u00f3 que no hab\u00eda visto en ning\u00fan momento a periodistas en los balcones. Hay horas y horas de grabaciones, miles de fotograf\u00edas y cientos de testimonios que demuestran la falsedad de tal afirmaci\u00f3n.<\/span><\/p>\n<p class=\"mce\" style=\"text-align: justify;\"><span style=\"font-size: 14pt; font-family: arial, helvetica, sans-serif;\">Todos estos hechos los relatamos as\u00ed, desde el primer d\u00eda, los testigos de aquel asesinato, pero lo que es m\u00e1s importante es que fueron confirmados durante la investigaci\u00f3n. No somos solo los compa\u00f1eros de Jos\u00e9 Couso ni su valiente familia los que afirmamos que su muerte fue un crimen de guerra. Lo dice, nada menos, que la Audiencia Nacional. As\u00ed que por muchas leyes que se cambien torticeramente, dentro de 5, de 10 o de 15 a\u00f1os m\u00e1s si fuera necesario, seguiremos aqu\u00ed. Lo haremos por Jos\u00e9, pero no solo por Jos\u00e9, ni principalmente por Jos\u00e9. Lo haremos para defender el derecho a informar, para impedir que se mande un mensaje de impunidad a los criminales de guerra\u2026 Lo haremos porque la ley est\u00e1 para cumplirla. \u00bfLes suena el argumento?<\/span><\/p>\n<p><a href=\"https:\/\/puntocritico.com\/ausajpuntocritico\/wp-content\/uploads\/2018\/03\/Mosca_Punto_Cr\u00edtico_40.png\" rel=\"lightbox[10694]\"><img loading=\"lazy\" decoding=\"async\" class=\"aligncenter wp-image-9528\" src=\"https:\/\/puntocritico.com\/ausajpuntocritico\/wp-content\/uploads\/2018\/03\/Mosca_Punto_Cr\u00edtico_40.png\" alt=\"\" width=\"40\" height=\"40\" \/><\/a><\/p>\n<h1>\u00a0<\/h1>\n<h1 style=\"text-align: center;\"><a id=\"ref66\"><\/a><a href=\"#ref66a\">[66]<\/a> Una instrucci\u00f3n plagada de vulneraciones de los derechos fundamentales<\/h1>\n<p><span style=\"font-size: 14pt;\">Por Javier P\u00e9rez Royo<\/span><\/p>\n<div><span style=\"color: #339966;\">Art\u00edculo publicado el 6 de abril de 3018 en<\/span><\/div>\n<div><span style=\"color: #339966;\"><a style=\"color: #339966;\" href=\"https:\/\/www.eldiario.es\/zonacritica\/instruccion-plagada-vulneraciones-derechos-fundamentales_6_758084207.html\" target=\"_blank\" rel=\"noopener\">https:\/\/www.eldiario.es\/zonacritica\/instruccion-plagada-vulneraciones-derechos-fundamentales_6_758084207.html<\/a><\/span><\/div>\n<div>\u00a0<\/div>\n<div>\u00a0<\/div>\n<figure id=\"attachment_10814\" aria-describedby=\"caption-attachment-10814\" style=\"width: 643px\" class=\"wp-caption aligncenter\"><a href=\"https:\/\/puntocritico.com\/ausajpuntocritico\/wp-content\/uploads\/2018\/04\/Puigdemont-reclama-Gobierno-negociar-politico_EDIIMA20180406_0684_19.jpg\" rel=\"lightbox[10694]\"><img loading=\"lazy\" decoding=\"async\" class=\"wp-image-10814 size-full\" src=\"https:\/\/puntocritico.com\/ausajpuntocritico\/wp-content\/uploads\/2018\/04\/Puigdemont-reclama-Gobierno-negociar-politico_EDIIMA20180406_0684_19.jpg\" alt=\"\" width=\"643\" height=\"362\" srcset=\"https:\/\/puntocritico.com\/ausajpuntocritico\/wp-content\/uploads\/2018\/04\/Puigdemont-reclama-Gobierno-negociar-politico_EDIIMA20180406_0684_19.jpg 643w, https:\/\/puntocritico.com\/ausajpuntocritico\/wp-content\/uploads\/2018\/04\/Puigdemont-reclama-Gobierno-negociar-politico_EDIIMA20180406_0684_19-300x169.jpg 300w\" sizes=\"auto, (max-width: 643px) 100vw, 643px\" \/><\/a><figcaption id=\"caption-attachment-10814\" class=\"wp-caption-text\"><span style=\"font-size: 10pt; color: #339966;\"><strong>Puigdemont reclama al Gobierno que se siente a negociar: \u00abEs un caso pol\u00edtico\u00bb<\/strong><\/span><\/figcaption><\/figure>\n<div class=\"subtitle bkn mce sk2\">\n<blockquote>\n<p style=\"text-align: justify;\"><span style=\"font-size: 14pt; font-family: arial, helvetica, sans-serif;\">El delito de rebeli\u00f3n de los autos y de la euroorden del Juez Pablo Llarena es un delito imaginario, es decir, un delito que solo existe en la imaginaci\u00f3n del Juez<\/span><\/p>\n<\/blockquote>\n<p class=\"mce\" style=\"text-align: justify;\"><span style=\"font-size: 14pt; font-family: arial, helvetica, sans-serif;\">De la misma manera que la publicaci\u00f3n por\u00a0eldiario.es de la noticia de que se hab\u00eda producido la correcci\u00f3n fraudulenta de la calificaci\u00f3n de dos asignaturas en el expediente acad\u00e9mico del M\u00e1ster de Cristina Cifuentes ha sido el detonante que ha permitido descubrir un n\u00famero adicional de irregularidades, algunas de ellas potencialmente constitutivas de delito, en la impartici\u00f3n de dicho M\u00e1ster, la decisi\u00f3n del Tribunal de Schleswig-Holstein de rechazar el delito de rebeli\u00f3n en la solicitud espa\u00f1ola de extradici\u00f3n del expresidente de la Generalitat, puede ser, o mejor dicho, va a ser el detonante que va a permitir descubrir las numerosas violaciones de derechos fundamentales que se han producido en la instrucci\u00f3n del Juez Pablo Llarena.<\/span><\/p>\n<p class=\"mce\" style=\"text-align: justify;\"><span style=\"font-size: 14pt; font-family: arial, helvetica, sans-serif;\">Lo que la justicia alemana dijo ayer es lo que van a decir en los pr\u00f3ximos d\u00edas o semanas la justicia belga, la escocesa y la suiza. Y es lo que hubiera dicho la justicia danesa o la finlandesa, si no se hubiera retirado la euroorden dictada en su d\u00eda por la Jueza Carmen Lamela o si el CNI hubiera puesto en conocimiento de la polic\u00eda de Finlandia el lugar donde se encontraba Carles Puigdemont, en lugar de optar por ponerlo en conocimiento de la polic\u00eda alemana. Espa\u00f1a opt\u00f3 por Alemania, pensando, no acabo de entender por qu\u00e9, que iba a encontrar m\u00e1s comprensi\u00f3n en la justicia de este pa\u00eds que en la de cualquier otro pa\u00eds europeo.<\/span><\/p>\n<p class=\"mce\" style=\"text-align: justify;\"><span style=\"font-size: 14pt; font-family: arial, helvetica, sans-serif;\">Es posible que la justicia de Polonia o la de Hungr\u00eda aceptaran la euroorden emitida por el Juez Pablo Llarena, pero en ninguna de las democracias europeas occidentales puede ser aceptada, porque el delito de rebeli\u00f3n no puede ser en ninguna democracia digna de tal nombre lo que el Juez Instructor espa\u00f1ol dice que es. En ninguna.<\/span><\/p>\n<p class=\"mce\" style=\"text-align: justify;\"><span style=\"font-size: 14pt; font-family: arial, helvetica, sans-serif;\">El delito de rebeli\u00f3n que el Juez Instructor ve en la conducta de los exmiembros del Govern o de la Mesa del Parlament o en la de los presidentes de la ANC y de Omnium, no lo ve ning\u00fan juez europeo. Y no lo ve, porque no existe, como ya dijeron m\u00e1s de cien profesores de Derecho Penal de las Universidades espa\u00f1olas. El delito de rebeli\u00f3n de los autos y de la euroorden del Juez Pablo Llarena es un delito imaginario, es decir, un delito que solo existe en la imaginaci\u00f3n del Juez.<\/span><\/p>\n<p class=\"mce\" style=\"text-align: justify;\"><span style=\"font-size: 14pt; font-family: arial, helvetica, sans-serif;\">Esto es lo que vicia de ra\u00edz la instrucci\u00f3n. El Juez Instructor est\u00e1 imputando a los querellados un delito inexistente, porque la conducta de estos no encaja en el tipo penal de la rebeli\u00f3n. Con ello se est\u00e1 produciendo una vulneraci\u00f3n manifiesta del art\u00edculo 25 de la Constituci\u00f3n. Los autos y la euroorden del Juez Pablo Llarena no pasan el test de la \u201crecognoscibilidad\u201d, es decir, la prueba de que el tipo penal sea \u201crecognoscible\u201d en las conductas de los querellados por dicho tipo penal. Desde la STC 11\/1981 la \u201crecognoscibilidad\u201d es el criterio identificador del \u201cn\u00facleo esencial\u201d de los derechos fundamentales. Esta falta de \u201crecognoscibilidad\u201d, que es una doctrina de origen alem\u00e1n, dicho sea de paso, es lo que el Tribunal de Schleswig-Holstein constat\u00f3 con su decisi\u00f3n de ayer.<\/span><\/p>\n<p class=\"mce\" style=\"text-align: justify;\"><span style=\"font-size: 14pt; font-family: arial, helvetica, sans-serif;\">La vulneraci\u00f3n del art\u00edculo 25 conlleva, inevitablemente, la del art\u00edculo 24 de la Constituci\u00f3n, es decir, el derecho a la tutela judicial efectiva, comprometiendo, adem\u00e1s, la imparcialidad del Juez Instructor, ya que es imposible que ning\u00fan juez m\u00ednimamente imparcial hubiera podido ver delito donde ning\u00fan juez europeo lo ve. Solamente desde el prejuicio m\u00e1s extremo se puede ver delito de rebeli\u00f3n en la conducta de los pol\u00edticos nacionalistas catalanes. Esta falta de imparcialidad vicia la instrucci\u00f3n en su integridad.\u00a0<\/span><\/p>\n<p class=\"mce\" style=\"text-align: justify;\"><span style=\"font-size: 14pt; font-family: arial, helvetica, sans-serif;\">De la vulneraci\u00f3n de los art\u00edculos 24 y 25 se deduce la vulneraci\u00f3n del art\u00edculo 17 de la Constituci\u00f3n. Ninguno de los exmiembros del Govern o de la Mesa del Parlament ni ninguno de los presidentes de la ANC y de OMNIUM deber\u00edan haber pasado ni un solo minuto en prisi\u00f3n. Ni un solo minuto. Sin delito de rebeli\u00f3n no deber\u00eda haberse dictado nunca la medida cautelar de la prisi\u00f3n provisional. Todos est\u00e1n presos anticonstitucionalmente, porque lo est\u00e1n, adem\u00e1s, ilegalmente.<\/span><\/p>\n<p class=\"mce\" style=\"text-align: justify;\"><span style=\"font-size: 14pt; font-family: arial, helvetica, sans-serif;\">Como consecuencia de que la instrucci\u00f3n se est\u00e1 conduciendo de esta manera, se ha vulnerado, adem\u00e1s, el art\u00edculo 23 de la Constituci\u00f3n, al no haber permitido la presencia de Jordi S\u00e1nchez en la sesi\u00f3n de investidura convocada de conformidad con la Constituci\u00f3n y el Estatuto de Autonom\u00eda por el President del Parlament. Se ha vulnerado el derecho de sufragio \u201cpasivo\u201d de Jordi S\u00e1nchez y, con ello. El derecho de sufragio \u201cactivo\u201d de todos los ciudadanos de Catalunya, adem\u00e1s de la autonom\u00eda del Parlament.<\/span><\/p>\n<p class=\"mce\" style=\"text-align: justify;\"><span style=\"font-size: 14pt; font-family: arial, helvetica, sans-serif;\">La instrucci\u00f3n del Juez Pablo Llarena es constitucionalmente disparatada. Resulta realmente inconcebible que, cuando se van a cumplir cuarenta a\u00f1os de la entrada en vigor de la Constituci\u00f3n, pueda haber un Magistrado del Tribunal Supremo que exhiba un desconocimiento tan extraordinario de los principios b\u00e1sicos del Derecho Constitucional espa\u00f1ol.<\/span><\/p>\n<\/div>\n<p><a href=\"https:\/\/puntocritico.com\/ausajpuntocritico\/wp-content\/uploads\/2018\/03\/Mosca_Punto_Cr\u00edtico_40.png\" rel=\"lightbox[10694]\"><img loading=\"lazy\" decoding=\"async\" class=\"aligncenter wp-image-9528\" src=\"https:\/\/puntocritico.com\/ausajpuntocritico\/wp-content\/uploads\/2018\/03\/Mosca_Punto_Cr\u00edtico_40.png\" alt=\"\" width=\"40\" height=\"40\" \/><\/a><\/p>\n<h1>\u00a0<\/h1>\n<h1 class=\"entry-title\" style=\"text-align: center;\"><a id=\"ref67\"><\/a><a href=\"#ref67a\">[67]<\/a> La Convenci\u00f3n del M\u00e1ster Presidente Rajoy<\/h1>\n<div class=\"author-content\">\n<p class=\"author\"><span style=\"font-size: 14pt;\">Por Fernando L\u00f3pez Agud\u00edn<\/span><\/p>\n<\/div>\n<div><span style=\"color: #339966;\">Art\u00edculo publicado el 6 de abril de 2018 en<\/span><\/div>\n<div><span style=\"color: #339966;\"><a style=\"color: #339966;\" href=\"http:\/\/blogs.publico.es\/fernando-lopez-agudin\/2018\/04\/06\/la-convencion-del-master-presidente-rajoy\/\" target=\"_blank\" rel=\"noopener\">http:\/\/blogs.publico.es\/fernando-lopez-agudin\/2018\/04\/06\/la-convencion-del-master-presidente-rajoy\/<\/a><\/span><\/div>\n<div>\u00a0<\/div>\n<div>\n<p style=\"text-align: justify;\"><span style=\"font-size: 14pt; font-family: arial, helvetica, sans-serif;\"><strong>Cristina Cifuentes, cogida in fraganti con un m\u00e1ster falsificado, y<\/strong>\u00a0Javier Maroto, que acaba hoy de enterarse de que en la web del PP aparece con un m\u00e1ster que confiesa no haber realizado, son las dos cari\u00e1tides que configuran\u00a0 la Convenci\u00f3n Nacional del Partido Popular, que se celebra este pr\u00f3ximo largo fin de semana en Sevilla. Las universidades cooptadas por los partidos desembocan en todo un mercadeo donde se intercambian favores pol\u00edticos, acad\u00e9micos y profesionales. Hasta el punto delictivo de que la propia presidenta del tribunal del master de Cifuentes neg\u00f3 ayer haber firmado las actas. Hoy el esc\u00e1ndalo se cierne sobre la Universidad Rey Juan Carlos, lo de la presidenta de la Comunidad de Madrid es de aurora boreal; pero ma\u00f1ana, podr\u00eda ser sobre la Camilo Jos\u00e9 Cela, seg\u00fan los cualificados rumores que circulan sotto voce acerca de otros pol\u00edticos.<\/span><\/p>\n<p style=\"text-align: justify;\"><span style=\"font-size: 14pt; font-family: arial, helvetica, sans-serif;\"><strong>As\u00ed las cosas, Rajoy abrir\u00e1 este s\u00e1bado la Convenci\u00f3n del PP en calidad de Rector<\/strong>\u00a0m\u00e1s que como presidente de Gobierno. Le toca, pues, respaldar el m\u00e1ster que la se\u00f1ora Cifuentes apa\u00f1\u00f3 con los comisarios profesores de la universidad del Partido Popular, que es como se conoce a la Juan Carlos Rey. Nada m\u00e1s id\u00f3neo, por lo tanto, que presentarla como v\u00edctima de la calumnia de la izquierda para conseguir que toda la derecha reconozca la validez de la inexistente tesis de fin de M\u00e1ster de la presidenta de la Comunidad de Madrid. En esa estrategia le viene como un anillo al dedo la inevitable moci\u00f3n de censura anunciada por el PSOE. De este modo, el claro dilema entre decencia indecencia es sustituido por la dial\u00e9ctica derecha e izquierda.<\/span><\/p>\n<p style=\"text-align: justify;\"><span style=\"font-size: 14pt; font-family: arial, helvetica, sans-serif;\"><strong>Como siempre que hay que echar una mano al PP, Rivera acude al quite<\/strong>\u00a0con una comisi\u00f3n de investigaci\u00f3n que revalida el claro apoyo al gobierno de Cifuentes. Ciudadanos es coherente. Si busca apoderarse el voto del PP, no va a ser sum\u00e1ndose hoy a una moci\u00f3n de censura socialista sino, precisamente, todo lo contrario. No se trata de reeditar en Madrid el gobierno Rivera-S\u00e1nchez,\u00a0 a ser posible con I\u00f1igo Errej\u00f3n que ya lo apoy\u00f3, sino de entrar a saco en el electorado del Partido Popular. En esa combinaci\u00f3n objetiva, unos cerc\u00e1ndola desde fuera, otros erosion\u00e1ndola desde dentro, la se\u00f1ora Cifuentes puede ser bien cocida a fuego lento hasta que llegue la hora de las urnas de mayo de 2019.<\/span><\/p>\n<p style=\"text-align: justify;\"><span style=\"font-size: 14pt; font-family: arial, helvetica, sans-serif;\"><strong>Al mismo tiempo, para que no decaiga el ambiente patriotero, la magistrada Lamela procesa<\/strong>\u00a0al mayor de los Mossos Josep Lluis Trapero por dos delitos de sedici\u00f3n y uno nuevo de organizaci\u00f3n criminal. Le pone la m\u00fasica, oportunamente, un Jos\u00e9 Mar\u00eda Aznar con su pronunciamiento contra las fuerzas nacionalistas que junto con la izquierda contribuyeron a crear el llamado R\u00e9gimen del 78. En este escenario judicial y pol\u00edtico, se desprende la figura pat\u00e9tica de Cristina Cifuentes revestida de Agustina de Arag\u00f3n. Cuando est\u00e1 en juego el destino de la patria, como una unidad de destino en lo universal, perder el tiempo con unos m\u00e1steres falsificados es casi delito de lesa traici\u00f3n. Sobre todo, cuando ayer mismo Alemania ha dejado en libertad provisional a Puigdemont y descartado el delito de rebel\u00edon.<\/span><\/p>\n<p style=\"text-align: justify;\"><span style=\"font-size: 14pt; font-family: arial, helvetica, sans-serif;\"><strong>Nada ayuda m\u00e1s a Rajoy y a Rivera que el mundo universitario emulando a los tres monos, y tap\u00e1ndose ojos, o\u00eddos y boca<\/strong>\u00a0para no ver, ni o\u00edr, ni hablar nada del negocio de los m\u00e1steres. El mutismo de los profesores y el silencio de la mayor\u00eda de los alumnos es atronador. Resulta dif\u00edcil comprender la ausencia de manifiestos, o por lo menos de alguna declaraci\u00f3n\u00a0 de unos y otros. Cuando todav\u00eda resuena el eco de las protestas de las mujeres y de los pensionistas en la defensa de sus derechos, causa extraordinario estupor la inexistencia de alguna protesta o convocatoria contra esta banda de desalmados pol\u00edticos que se llevan por delante el prestigio de las Universidades.<\/span><\/p>\n<p style=\"text-align: justify;\"><span style=\"font-size: 14pt; font-family: arial, helvetica, sans-serif;\"><strong>La llamada oposici\u00f3n responsable del PSOE y de Ciudadanos es hoy, m\u00e1s que nunca, responsable de los m\u00e1steres de la Convenci\u00f3n del PP<\/strong>. El primero, por no ratificar la moci\u00f3n de censura en Madrid con otra\u00a0 en el Congreso de los Diputados, y el segundo, por sostener firmemente al PP en la Moncloa. Ni Rivera ni S\u00e1nchez buscan una alternativa; sino un mero recambio gubernamental. Presentar la moci\u00f3n de censura en la Comunidad de Madrid, donde es imposible una mayor\u00eda, es un gesto de cara a la galer\u00eda; un gesto tan\u00a0 vac\u00edo como la\u00a0 propuesta de ilegalizaci\u00f3n de la Fundaci\u00f3n Francisco Franco, efectuada en un Senado con una mayor\u00eda absoluta del PP, en lugar de haberla promovido en el Congreso de los Diputados. As\u00ed est\u00e1n las cosas.<\/span><\/p>\n<\/div>\n<p><a href=\"https:\/\/puntocritico.com\/ausajpuntocritico\/wp-content\/uploads\/2018\/03\/Mosca_Punto_Cr\u00edtico_40.png\" rel=\"lightbox[10694]\"><img loading=\"lazy\" decoding=\"async\" class=\"aligncenter wp-image-9528\" src=\"https:\/\/puntocritico.com\/ausajpuntocritico\/wp-content\/uploads\/2018\/03\/Mosca_Punto_Cr\u00edtico_40.png\" alt=\"\" width=\"40\" height=\"40\" \/><\/a><\/p>\n<h1>\u00a0<\/h1>\n<h1 class=\"post-title entry-title\" style=\"text-align: center;\"><a id=\"ref68\"><\/a><a href=\"#ref68a\">[68]<\/a> Entrevista a Ian Gibson: \u00abla derecha espa\u00f1ola lleva el franquismo en sus genes\u00bb<\/h1>\n<p><span style=\"font-size: 14pt;\">Por\u00a0Luis Garc\u00eda Casas<\/span><\/p>\n<div><span style=\"color: #339966;\">Art\u00edculo publicado el 6 de abril de 2018 en<\/span><\/div>\n<div><span style=\"color: #339966;\"><a style=\"color: #339966;\" href=\"http:\/\/cuestionatelotodo.blogspot.com.es\/2018\/04\/entrevista-ian-gibson-la-derecha.html\" target=\"_blank\" rel=\"noopener\">http:\/\/cuestionatelotodo.blogspot.com.es\/2018\/04\/entrevista-ian-gibson-la-derecha.html<\/a><\/span><\/div>\n<div>\u00a0<\/div>\n<h3 class=\"post-title entry-title\"><span style=\"color: #008000;\"><strong>Entrevista a Ian Gibson: la derecha espa\u00f1ola lleva el franquismo en sus genes<\/strong><\/span><\/h3>\n<div id=\"post-body-1735921862824100133\" class=\"post-body entry-content\">\n<div><span style=\"color: #008000;\"><strong><span style=\"font-size: 14pt;\">El hispanista Ian Gibson afirma en una reciente entrevista que \u00abla derecha espa\u00f1ola lleva el franquismo en el ADN\u00bb, pero tambi\u00e9n que considera como \u00abprincipales culpables de la situaci\u00f3n actual son los socialistas\u00bb, por su complicidad con los que han querido correr una cortina opaca sobre los cr\u00edmenes del fascismo en Espa\u00f1a.<\/span><\/p>\n<p><span style=\"font-size: 14pt;\"> Gibson, nacionalizado espa\u00f1ol, dice sin pelos en la lengua que la situaci\u00f3n le produce \u00abaut\u00e9ntica verguenza\u00bb.<\/span><\/p>\n<p><span style=\"font-size: 14pt;\"> La entrevista fue realizada por\u00a0<a style=\"color: #008000;\" href=\"http:\/\/www.dw.com\/es\/la-derecha-espa%C3%B1ola-tiene-el-franquismo-en-el-adn\/a-43119362\" target=\"_blank\" rel=\"noopener\">Deutsche Welle (DW)<\/a>\u00a0:<\/span><\/strong><\/span><\/div>\n<\/div>\n<div>\n<blockquote>\n<h1><span style=\"color: #808080; font-size: 14pt;\">\u00abLa derecha espa\u00f1ola tiene el franquismo en el ADN\u00bb<\/span><\/h1>\n<\/blockquote>\n<\/div>\n<blockquote>\n<div style=\"text-align: justify;\"><strong style=\"color: #808080; text-align: justify;\"><span style=\"font-size: 14pt; font-family: arial, helvetica, sans-serif;\">El hispanista Ian Gibson dice que en la dictadura eran \u00abimprescindibles historiadores brit\u00e1nicos, franceses y norteamericanos\u00bb y afirma sentirse \u00abimplicado en la lucha por los derechos de las v\u00edctimas del franquismo\u00bb.<\/span><\/strong><\/div>\n<\/blockquote>\n<div>\n<div>\u00a0<\/div>\n<div class=\"picBox full\" style=\"text-align: justify;\">\n<figure id=\"attachment_10817\" aria-describedby=\"caption-attachment-10817\" style=\"width: 700px\" class=\"wp-caption aligncenter\"><a href=\"https:\/\/puntocritico.com\/ausajpuntocritico\/wp-content\/uploads\/2018\/04\/43119519_303.jpg\" rel=\"lightbox[10694]\"><img loading=\"lazy\" decoding=\"async\" class=\"wp-image-10817 size-full\" src=\"https:\/\/puntocritico.com\/ausajpuntocritico\/wp-content\/uploads\/2018\/04\/43119519_303.jpg\" alt=\"\" width=\"700\" height=\"394\" srcset=\"https:\/\/puntocritico.com\/ausajpuntocritico\/wp-content\/uploads\/2018\/04\/43119519_303.jpg 700w, https:\/\/puntocritico.com\/ausajpuntocritico\/wp-content\/uploads\/2018\/04\/43119519_303-300x169.jpg 300w, https:\/\/puntocritico.com\/ausajpuntocritico\/wp-content\/uploads\/2018\/04\/43119519_303-678x381.jpg 678w\" sizes=\"auto, (max-width: 700px) 100vw, 700px\" \/><\/a><figcaption id=\"caption-attachment-10817\" class=\"wp-caption-text\"><span style=\"font-size: 10pt;\"><strong><span style=\"color: #339966;\">El escritor Ian Gibson, durante la presentaci\u00f3n de &#8216;La berlina de Prim&#8217; (Premio Fernando Lara de Novela 2012) en el cementerio ingl\u00e9s de M\u00e1laga (19.09.2012)<\/span><\/strong><\/span><\/figcaption><\/figure><br \/>\n<\/p>\n<div><em style=\"font-family: arial, helvetica, sans-serif; font-size: 14pt;\"><strong>El autor de origen irland\u00e9s nacionalizado espa\u00f1ol\u00a0Ian Gibson escribi\u00f3 una biograf\u00eda sobre Jos\u00e9 Antonio Primo de Rivera, fundador de Falange, el partido fascista que luego incorpor\u00f3 Franco a su sistema pol\u00edtico. Tambi\u00e9n ha escrito sobre Queipo de Llano, el general sublevado que tom\u00f3 Sevilla y cuyos discursos de radio buscaban atemorizar al enemigo, o sobre los fusilamientos en Paracuellos. Sin embargo, lo que le ha consagrado son sus trabajos sobre el poeta Federico Garc\u00eda Lorca.<\/strong><\/em><\/div>\n<div>\u00a0<\/div>\n<\/div>\n<div class=\"group\" style=\"text-align: justify;\">\n<div class=\"longText\">\n<div><span style=\"font-size: 14pt; font-family: arial, helvetica, sans-serif;\">Deustche Welle: <strong>Aunque ha escrito mucho sobre la Guerra Civil espa\u00f1ola y sus protagonistas, sus obras m\u00e1s conocidas son las dedicadas a Lorca, el m\u00e1s famoso de los fusilados en la contienda. \u00bfPor qu\u00e9 es un tema controvertido todav\u00eda el de las fosas comunes en Espa\u00f1a y el de las exhumaciones?<\/strong><\/span><\/div>\n<div>\u00a0<\/div>\n<div><span style=\"font-size: 14pt; font-family: arial, helvetica, sans-serif;\"><em>Ian Gibson:<\/em>\u00a0Yo, realmente, no he escrito tanto sobre la Guerra Civil espa\u00f1ola y sus protagonistas,\u00a0 pero algo s\u00ed. A veces hasta me confunden con Paul Preston o Hugh Thomas, y es un error.\u00a0 No soy historiador, sino fil\u00f3logo y, sobre todo, bi\u00f3grafo: Lorca, Bu\u00f1uel, Dal\u00ed, Antonio Machado. Ahora bien, me siento muy implicado en la lucha por los derechos de las v\u00edctimas del franquismo. Lorca sigue siendo un desaparecido, creo que el desaparecido m\u00e1s famoso y m\u00e1s llorado del mundo. Es tremendo. La derecha espa\u00f1ola dice que no es franquista pero tiene el franquismo en los genes, en el ADN.\u00a0 Escud\u00e1ndose en la Ley de Amnist\u00eda anterior a la Constituci\u00f3n de 1978, se opone a que el Estado se ocupe de las reivindicaciones de las v\u00edctimas del franquismo, principalmente en lo que toca a la exhumaci\u00f3n de los fusilados, que suman m\u00e1s de 115.000.\u00a0 Es una situaci\u00f3n a mi juicio vergonzosa. El franquismo busc\u00f3 a las v\u00edctimas de \u00ablos rojos\u00bb y les dio decente\u00a0entierro. \u00bfY qu\u00e9 pasa? La derecha actual sigue negando que los del bando vencido tengan los mismos derechos, diciendo que ser\u00eda \u00abreabrir heridas\u00bb.\u00a0<\/span><\/div>\n<div>\u00a0<\/div>\n<div><strong><span style=\"font-size: 14pt; font-family: arial, helvetica, sans-serif;\">Como investigador, \u00bfqu\u00e9 dificultades ha encontrado para estudiar la Guerra Civil y el franquismo posterior?\u00a0<\/span><\/strong><\/div>\n<div>\u00a0<\/div>\n<div><span style=\"font-size: 14pt; font-family: arial, helvetica, sans-serif;\">Bajo el franquismo, tuve todas las dificultades imaginables para investigar la muerte de Lorca, como se puede imaginar. No pod\u00eda ser de otra manera. Era imposible acceder a los archivos, muy dif\u00edcil conseguir un \u00abdato\u00bb. Todo era historia oral, hablar y hablar, mentir y mentir, tergiversar y tergiversar. Adem\u00e1s era necesario obrar con mucha cautela para que mis informantes no tuviesen problemas con la polic\u00eda. Mis amigos historiadores, tales como el mencionado Paul Preston, me aseguran que hay archivos oficiales todav\u00eda cerrados a la investigaci\u00f3n. Es bochornoso casi medio siglo despu\u00e9s de la muerte de Franco.<\/span><\/div>\n<div>\u00a0<\/div>\n<div><strong><span style=\"font-size: 14pt; font-family: arial, helvetica, sans-serif;\">\u00bfPor qu\u00e9 se blindan algunos archivos con la excusa de la seguridad nacional? \u00bfQu\u00e9 pueden tener miedo de que se descubra?\u00a0<\/span><\/strong><\/p>\n<p><span style=\"font-size: 14pt; font-family: arial, helvetica, sans-serif;\">La derecha espa\u00f1ola, consciente de la enormidad de la represi\u00f3n franquista, no quiere en absoluto facilitar la investigaci\u00f3n de la misma. Esto no fue Alemania, aqu\u00ed imperaron a lo largo de cuarenta a\u00f1os la impunidad, el silencio y la destrucci\u00f3n de documentos comprometedores. La derecha espa\u00f1ola se niega a aceptar que aqu\u00ed hubiera un holocausto, un crimen de lesa humanidad. Es una situaci\u00f3n muy dif\u00edcil. Para m\u00ed, los principales culpables de la situaci\u00f3n actual son los socialistas. Cuando tuvieron, a partir de 1982, una mayor\u00eda absoluta astron\u00f3mica decidieron \u00abno mover el asunto\u00bb, pensando que era mejor esperar. Estuvieron catorce a\u00f1os en el poder y no hicieron nada. \u00a1Y hoy, en 2018, Franco est\u00e1 todav\u00eda en el Valle de los Ca\u00eddos, con flores frescas cada ma\u00f1ana pagadas por los espa\u00f1oles! Como hispanista y espa\u00f1ol nacionalizado me produce aut\u00e9ntica verg\u00fcenza.<\/span><\/div>\n<div>\u00a0<\/div>\n<div class=\"picBox medium\n\n\n\"><br \/>\n<figure id=\"attachment_10815\" aria-describedby=\"caption-attachment-10815\" style=\"width: 340px\" class=\"wp-caption alignleft\"><a href=\"https:\/\/puntocritico.com\/ausajpuntocritico\/wp-content\/uploads\/2018\/04\/43098542_404.jpg\" rel=\"lightbox[10694]\"><img loading=\"lazy\" decoding=\"async\" class=\"wp-image-10815 size-full\" src=\"https:\/\/puntocritico.com\/ausajpuntocritico\/wp-content\/uploads\/2018\/04\/43098542_404.jpg\" alt=\"\" width=\"340\" height=\"191\" srcset=\"https:\/\/puntocritico.com\/ausajpuntocritico\/wp-content\/uploads\/2018\/04\/43098542_404.jpg 340w, https:\/\/puntocritico.com\/ausajpuntocritico\/wp-content\/uploads\/2018\/04\/43098542_404-300x169.jpg 300w\" sizes=\"auto, (max-width: 340px) 100vw, 340px\" \/><\/a><figcaption id=\"caption-attachment-10815\" class=\"wp-caption-text\"><span style=\"font-size: 10pt; color: #339966;\"><strong>Una iniciativa de Gibson salv\u00f3 del derribo un edificio inmortalizado en Madrid por el fot\u00f3grafo Robert Capa en 1936. (28.10.2017)<\/strong><\/span><\/figcaption><\/figure><\/p>\n<div><strong><span style=\"font-family: arial, helvetica, sans-serif; font-size: 14pt;\">La derecha espa\u00f1ola actual ni se considera heredera del franquismo ni tampoco lo condena rotundamente. \u00bfPor qu\u00e9 esta ambivalencia?<\/span><\/strong><\/div>\n<\/div>\n<div><span style=\"font-size: 14pt; font-family: arial, helvetica, sans-serif;\">Es m\u00e1s bien hipocres\u00eda. Ellos saben de d\u00f3nde vienen y qui\u00e9nes son. \u00bfO no? Sus tics antidemocr\u00e1ticos son patentes. Pero, claro, nunca van a decir que a\u00f1oran el franquismo, aunque, de vez en cuando, se les escapa una barbaridad en este sentido, como cierto ministro del Partido Popular, cuyo nombre prefiero olvidar, que gustaba de recordar la \u00abplacidez\u00bb con la cual vivi\u00f3 la dictadura.\u00a0<\/span><\/div>\n<div><span style=\"font-size: 14pt; font-family: arial, helvetica, sans-serif;\"> \u00a0<\/span><\/div>\n<div><strong><span style=\"font-size: 14pt; font-family: arial, helvetica, sans-serif;\">En su opini\u00f3n, \u00bfsigue vigente la divisi\u00f3n de las \u00abdos Espa\u00f1as\u00bb enfrentadas?<\/span><\/strong><\/div>\n<div>\u00a0<\/div>\n<div><span style=\"font-size: 14pt; font-family: arial, helvetica, sans-serif;\">Algo de las \u00abdos Espa\u00f1as\u00bb sigue existiendo, sin duda alguna. No es solo la dificultad que experimenta la derecha de afrontar la verdad de la Guerra Civil y de la dictadura sino su incapacidad para asumir la historia espa\u00f1ola de antes de 1492 y la Toma de Granada. De asumir el hecho innegable de las distintas sangres que bullen en las venas espa\u00f1olas. En la obra de Lope de Vega<em>, Perib\u00e1\u00f1ez y el comendador de Oca\u00f1a<\/em>,\u00a0 el protagonista, que es Perib\u00e1\u00f1ez, proclama con orgullo: \u00abYo soy un hombre, aunque de villana casta, \/ limpia de sangre y jam\u00e1s de hebrea o mora manchada\u00bb.\u00a0 Lo dice todo: el cristiano viejo sin una gota de sangre moruna o jud\u00eda. No hay nadie en Espa\u00f1a que no tenga \u00absangre manchada\u00bb. Pero aqu\u00ed no se ense\u00f1a ni una palabra de \u00e1rabe y menos de hebreo. La gente no sabe que Madrid es \u00e1rabe, tambi\u00e9n La Mancha (significa \u00abllanura alta\u00bb en aquel idioma). Un desastre. Los espa\u00f1oles tienen un serio problema de identidad, no saben de d\u00f3nde vienen y no saben qui\u00e9nes son. Los franceses s\u00ed saben de d\u00f3nde vienen y qui\u00e9nes son. Tambi\u00e9n los ingleses. Obviamente exagero un poco, pero no demasiado.<\/span><\/div>\n<div>\u00a0<\/div>\n<div class=\"picBox \nrechts\n\"><br \/>\n<figure style=\"width: 220px\" class=\"wp-caption alignright\"><a class=\"overlayLink init\" href=\"http:\/\/www.dw.com\/es\/la-derecha-espa%C3%B1ola-tiene-el-franquismo-en-el-adn\/a-43119362#\" rel=\"nofollow noopener\" target=\"_blank\"><img loading=\"lazy\" decoding=\"async\" title=\"El primer libro de Gibson estaba ya dedicado a Lorca.\" src=\"http:\/\/www.dw.com\/image\/43095295_404.jpg\" alt=\"Buchcover La muerte de Federico Garcia Lorca (Ruedo Iberico)\" width=\"220\" height=\"293\" \/><\/a><figcaption class=\"wp-caption-text\"><span style=\"font-size: 10pt; font-family: georgia, palatino, serif; color: #339966;\"><strong>El primer libro de Gibson estaba ya dedicado a Lorca. <\/strong><\/span><\/figcaption><\/figure>\n<\/div>\n<div><strong><span style=\"font-size: 14pt; font-family: arial, helvetica, sans-serif;\">\u00bfSiguen siendo los principales especialistas en la historia de Espa\u00f1a historiadores extranjeros? \u00bfTienen m\u00e1s facilidad o m\u00e1s perspectiva para estudiar, en concreto, esta \u00e9poca de la Guerra Civil y el franquismo?<\/span><\/strong><\/div>\n<div>\u00a0<\/div>\n<div><span style=\"font-size: 14pt; font-family: arial, helvetica, sans-serif;\">Hay en Espa\u00f1a una nueva promoci\u00f3n de historiadores j\u00f3venes, muchos de ellos de primera fila, entre ellos Juli\u00e1n Casanovas y Alberto Reig Tapia. Y algunos, ya no tan j\u00f3venes, magn\u00edficos, como Jos\u00e9 \u00c1lvarez Junco. Pese a todo, la democracia posfranquista ha permitido en este sentido una mejora notable. \u00a1Ya no van a ser tan imprescindibles los historiadores brit\u00e1nicos, franceses y norteamericanos!\u00a0Eran muy necesarios durante la dictadura \u2013pienso sobre todo en Brenan, Southworth, Thomas y Jackson\u2013\u00a0 y aportaron mucho, mucho a nuestro conocimiento de la Espa\u00f1a contempor\u00e1nea. Pero ya estamos en otra \u00e9poca y tengo que creer en la posibilidad de que Espa\u00f1a, integrada en Europa, vaya poco a poco convirti\u00e9ndose en el gran pa\u00eds culto con el cual uno siempre ha so\u00f1ado. \u00a1Tiene tanto a su favor si solo se diera cuenta!<\/span><\/div>\n<\/div>\n<\/div>\n<\/div>\n<p style=\"text-align: justify;\"><a href=\"https:\/\/puntocritico.com\/ausajpuntocritico\/wp-content\/uploads\/2018\/03\/Mosca_Punto_Cr\u00edtico_40.png\" rel=\"lightbox[10694]\"><img loading=\"lazy\" decoding=\"async\" class=\"aligncenter wp-image-9528\" src=\"https:\/\/puntocritico.com\/ausajpuntocritico\/wp-content\/uploads\/2018\/03\/Mosca_Punto_Cr\u00edtico_40.png\" alt=\"\" width=\"40\" height=\"40\" \/><\/a><\/p>\n<h1>\u00a0<\/h1>\n<h1 style=\"text-align: center;\"><a id=\"ref69\"><\/a><a href=\"#ref69a\">[69]<\/a> PODEMOS SE UNE A LA CAMPA\u00d1A DE CRIMINALIZACI\u00d3N DE LOS \u00abCOMIT\u00c9S DE DEFENSA DE LA REP\u00daBLICA\u00bb<\/h1>\n<p>Por ARTURO INGLOTT<\/p>\n<div><span style=\"color: #339966;\">Art\u00edculo publicado el 5 de abril de 2018 en<\/span><\/div>\n<div><span style=\"color: #339966;\"><a style=\"color: #339966;\" href=\"http:\/\/canarias-semanal.org\/not\/22522\/podemos-se-une-a-la-campana-de-criminalizacion-de-los-comites-de-defensa-de-la-republica-\/\" target=\"_blank\" rel=\"noopener\">http:\/\/canarias-semanal.org\/not\/22522\/podemos-se-une-a-la-campana-de-criminalizacion-de-los-comites-de-defensa-de-la-republica-\/<\/a><\/span><\/div>\n<div>\u00a0<\/div>\n<div>\u00a0<\/div>\n<div><a href=\"https:\/\/puntocritico.com\/ausajpuntocritico\/wp-content\/uploads\/2018\/04\/img_53538.jpg\" rel=\"lightbox[10694]\"><img loading=\"lazy\" decoding=\"async\" class=\"aligncenter size-full wp-image-10818\" src=\"https:\/\/puntocritico.com\/ausajpuntocritico\/wp-content\/uploads\/2018\/04\/img_53538.jpg\" alt=\"\" width=\"670\" height=\"328\" srcset=\"https:\/\/puntocritico.com\/ausajpuntocritico\/wp-content\/uploads\/2018\/04\/img_53538.jpg 670w, https:\/\/puntocritico.com\/ausajpuntocritico\/wp-content\/uploads\/2018\/04\/img_53538-300x147.jpg 300w\" sizes=\"auto, (max-width: 670px) 100vw, 670px\" \/><\/a><\/div>\n<div>\u00a0<\/div>\n<div>\n<blockquote>\n<p style=\"text-align: justify;\"><span style=\"font-size: 14pt; font-family: arial, helvetica, sans-serif; color: #008000;\"><strong>El l\u00edder de la secci\u00f3n catalana de Podemos coincide con PSOE, Ciudadanos y Partido Popular<\/strong><\/span><\/p>\n<\/blockquote>\n<p style=\"text-align: justify;\"><span style=\"font-size: 14pt; font-family: arial, helvetica, sans-serif;\"><strong>Autoorganizaci\u00f3n popular\u00a0<\/strong>y disposici\u00f3n a llevar la lucha social m\u00e1s all\u00e1 de los\u00a0<strong>parlamentos de la pseudodemocracia capitalista<\/strong>. Estas caracter\u00edsticas de los\u00a0<strong>Comit\u00e9s de Defensa de la Rep\u00fablica de Catalu\u00f1a<\/strong>\u00a0-seguramente el germen m\u00e1s esperanzador de un<em>Proc\u00e9s\u00a0<\/em>lastrado desde el inicio por la direcci\u00f3n de la peque\u00f1a burgues\u00eda catalana- han hecho saltar todas las alarmas del\u00a0<em>establishment.<\/em><\/span><\/p>\n<p style=\"text-align: justify;\"><span style=\"font-size: 14pt; font-family: arial, helvetica, sans-serif;\">Los\u00a0<strong>Comit\u00e9s de Defensa de la Rep\u00fablica<\/strong>\u00a0son colectivos ciudadanos surgidos en<strong>Catalu\u00f1a en 2017<\/strong>, que tuvieron como primera funci\u00f3n\u00a0 la puesta en marcha de actividades sociales y pol\u00edticas para facilitar la realizaci\u00f3n del refer\u00e9ndum de independencia del\u00a0<strong>1 de Octubre<\/strong>. Tras el refer\u00e9ndum, los\u00a0<strong>CDR\u00a0<\/strong>adoptaron el\u00a0 compromiso de continuar luchando por el cumplimiento de lo decidido por la mayor\u00eda los catalanes, es decir, la proclamaci\u00f3n de la Rep\u00fablica catalana.<\/span><\/p>\n<p style=\"text-align: justify;\"><span style=\"font-size: 14pt; font-family: arial, helvetica, sans-serif;\">Los\u00a0<strong>CDR<\/strong>\u00a0tienen una estructura horizontal, constituida por\u00a0 asambleas de\u00a0 ciudadanos, miembros de entidades, partidos pol\u00edticos, sectores de la econom\u00eda, la cultura o el deporte catal\u00e1n. De acuerdo con los datos difundidos por esas mismas organizaciones de masas, a finales del a\u00f1o 2017 exist\u00edan en toda<strong>\u00a0Catalu\u00f1a unos 280\u00a0<\/strong>comit\u00e9s, que agrupaban a varios miles de ciudadanos. Parecen sr pol\u00edticamente independientes de cualquier partido y tiene como base de su organizaci\u00f3n y decisi\u00f3n las asambleas\u00a0 de base.<\/span><\/p>\n<p style=\"text-align: justify;\"><span style=\"font-size: 14pt; font-family: arial, helvetica, sans-serif;\">Adem\u00e1s, mientras la mayor\u00eda de los dirigentes de los partidos independentistas\u00a0 han reaccionando ante la represi\u00f3n del Estado espa\u00f1ol retract\u00e1ndose de sus planteamientos y principios ante los tribunales,\u00a0 calificando de\u00a0<strong>meramente \u00absimb\u00f3lica\u00bb la declaraci\u00f3n de la Rep\u00fablica catalana o abandonando el pa\u00eds,<\/strong>\u00a0los\u00a0<strong>CDR<\/strong>\u00a0se han negado a\u00a0<em>\u00abpasar por el aro\u00bb<\/em>\u00a0y contin\u00faan manteniendo en las calles el pulso contra el R\u00e9gimen.\u00a0<\/span><\/p>\n<p style=\"text-align: justify;\"><span style=\"font-size: 14pt; font-family: arial, helvetica, sans-serif;\"><strong>CRIMINALIZACI\u00d3N Y REPRESI\u00d3N CONTRA LAS ORGANIZACIONES POPULARES<\/strong><\/span><\/p>\n<p style=\"text-align: justify;\"><span style=\"font-size: 14pt; font-family: arial, helvetica, sans-serif;\">En definitiva, los\u00a0<strong>Comit\u00e9s de Defensa de la Rep\u00fablica<\/strong>\u00a0son -con independencia de la capacidad que puedan desarrollar para avanzar en sus prop\u00f3sitos-\u00a0<strong>objetivamente peligrosos para el sistema<\/strong>, que reacciona\u00a0<em>\u00absabiamente\u00bb\u00a0<\/em>contra cualquier forma de agrupaci\u00f3n aut\u00f3noma de\u00a0<em>\u00ablos de abajo\u00bb<\/em>.<\/span><\/p>\n<p style=\"text-align: justify;\"><span style=\"font-size: 14pt; font-family: arial, helvetica, sans-serif;\">Es por ello que un mirada atenta\u00a0<strong>a la campa\u00f1a de criminalizaci\u00f3n de los CDR\u00a0<\/strong>que<strong>\u00a0ya se ha puesto en marcha a trav\u00e9s de los medios de comunicaci\u00f3n\u00a0<\/strong>y, sobre todo, a<strong>\u00a0los posicionamientos en relaci\u00f3n con estos Comit\u00e9s de los representantes pol\u00edticos de los partidos del arco parlamentario,<\/strong>\u00a0puede contribuir a esclarecer el panorama real del conflicto que se est\u00e1 produciendo en Catalu\u00f1a.<\/span><\/p>\n<p style=\"text-align: justify;\"><span style=\"font-size: 14pt; font-family: arial, helvetica, sans-serif;\">Huelga decir que para los\u00a0<strong>falangistas renovados que lidera Albert Rivera,<\/strong>\u00a0los\u00a0<strong>CDR<\/strong>\u00a0son poco menos que unos peligrosos \u00abterroristas\u00bb contra los que el Gobierno debe actuar\u00a0<em>\u00abcon mano dura\u00bb.<\/em>\u00a0\u00a0 El propio\u00a0<strong>Partido Popular,<\/strong>\u00a0por su parte, ya ha mostrado indicios de que, en breve, comenzar\u00e1 a satisfacer dicha petici\u00f3n.<\/span><\/p>\n<p style=\"text-align: justify;\"><span style=\"font-size: 14pt; font-family: arial, helvetica, sans-serif;\"><strong>\u00bfQU\u00c9 DICEN LOS \u00abPROGRES\u00bb Y LA DERECHA CATALANA SOBRE LOS CDR?<\/strong><\/span><\/p>\n<p style=\"text-align: justify;\"><span style=\"font-size: 14pt; font-family: arial, helvetica, sans-serif;\">Pero, \u00bfes muy diferente la opini\u00f3n acerca de los<strong>\u00a0Comit\u00e9s de Defensa de la Rep\u00fablica<\/strong>\u00a0de los partidos considerados como\u00a0<em>\u00abprogresistas\u00bb<\/em>? \u00bfY que piensan sobre ellos, por ejemplo, en el partido de\u00a0<strong>Carles Puigdemont<\/strong>?<\/span><\/p>\n<p style=\"text-align: justify;\"><span style=\"font-size: 14pt; font-family: arial, helvetica, sans-serif;\">En las p\u00e1ginas de esta misma publicaci\u00f3n digital, nuestro compa\u00f1ero\u00a0<strong>Aday Quesada<\/strong>denunciaba hace escasos d\u00edas las manifestaciones del\u00a0 secretario de Organizaci\u00f3n del<strong>PSOE Jos\u00e9 Luis\u00a0 \u00c1balos,<\/strong>\u00a0quien\u00a0 declar\u00f3 a la agencia<em><strong>\u00a0Europa Press\u00a0<\/strong><\/em>\u00a0que los\u00a0<em><strong>\u00abComit\u00e9s de Defensa de la Rep\u00fablica\u00bb (CDR)\u00a0<\/strong>\u00a0constituyen en Catalu\u00f1a el mism\u00edsimo\u00a0<strong>\u201cgermen de la kale borroka\u201d. \u00a0<\/strong><\/em><\/span><\/p>\n<p style=\"text-align: justify;\"><span style=\"font-size: 14pt; font-family: arial, helvetica, sans-serif;\">Seg\u00fan\u00a0<strong>\u00c1balos<\/strong>\u00a0 -recordaba\u00a0<strong>Quesada<\/strong>\u00a0&#8211;\u00a0 habr\u00eda que actuar con respecto a los<strong>\u00a0CDR<\/strong>\u00a0teniendo en cuenta que &#8211; en su opini\u00f3n-\u00a0\u00a0<em>\u00a0\u00abfueron inventados\u00a0 en\u00a0\u00a0<strong>Cuba, Venezuela o Nicaragua\u00bb<\/strong><\/em>. Tres ejemplos\u00a0<em>\u00abterribles\u00bb<\/em>\u00a0para el dirigente del partido socioliberal.<\/span><\/p>\n<p style=\"text-align: justify;\"><span style=\"font-size: 14pt; font-family: arial, helvetica, sans-serif;\">Mucho m\u00e1s desapercibidas han pasado, en cambio, las\u00a0<strong>declaraciones efectuadas a<\/strong><strong>TVE<\/strong>\u00a0por el\u00a0<strong>portavoz del el PDeCAT<\/strong>\u00a0en el\u00a0<strong>Congreso de los diputados Carles Campuzado<\/strong>quien, interrogado tambi\u00e9n acerca de los\u00a0<strong>CDR<\/strong>, afirm\u00f3 que \u00ab<em><strong>lo menos que necesitamos ahora en Catalu\u00f1a es llevar la lucha a la calle\u00bb.<\/strong><\/em>\u00a0Respuesta l\u00f3gica para un representante de la burgues\u00eda catalana que, sin embargo, manifiesta tambi\u00e9n el callej\u00f3n sin salida al que se aboca el\u00a0<em>Proc\u00e9s,<\/em>\u00a0 mientras se mantenga en el marco de las instituciones y la legalidad del<strong>R\u00e9gimen del 78.<\/strong><\/span><\/p>\n<p style=\"text-align: justify;\"><span style=\"font-size: 14pt; font-family: arial, helvetica, sans-serif;\"><strong>EN\u00a0<em>COM\u00daN PODEM\u00a0<\/em>CONTRA EL DERECHO A LA RESISTENCIA Y AUTODEFENSA DE LOS PUEBLOS<\/strong><\/span><\/p>\n<p style=\"text-align: justify;\"><span style=\"font-size: 14pt; font-family: arial, helvetica, sans-serif;\">Pero el \u00faltimo en<em>\u00a0\u00abretratar\u00bb<\/em>\u00a0el\u00a0 compromiso con esta institucionalidad de su formaci\u00f3n pol\u00edtica ha sido, hasta el momento, el l\u00edder de\u00a0<em><strong>En Com\u00fan Podem,<\/strong><\/em>\u00a0<strong>Xavier Dom\u00e9nech<\/strong>. En una entrevista concedida el pasado lunes a\u00a0<em><strong>La Vanguardia, Dom\u00e9nech<\/strong><\/em>\u00a0respond\u00eda de forma tan escueta como contundente a la pregunta de rigor sobre\u00a0 si\u00a0<em>\u00abapoya las acciones de los\u00a0 autodenominados\u00a0<strong>Comit\u00e9s de Defensa de la Rep\u00fablica\u00bb.<\/strong><\/em><\/span><\/p>\n<p style=\"text-align: justify;\"><span style=\"font-size: 14pt; font-family: arial, helvetica, sans-serif;\"><em> \u00abEl camino que puede llevar a expresiones de conflicto violento no creo que nos ayude. Por tanto, no\u00bb<\/em>&#8211; zanj\u00f3 el diputado de\u00a0<strong>Podemos<\/strong>, por su rama catalana, en el Congreso de los diputados.<\/span><\/p>\n<p style=\"text-align: justify;\"><span style=\"font-size: 14pt; font-family: arial, helvetica, sans-serif;\">Aunque es probable que las palabras de\u00a0<strong>Dom\u00e9nech\u00a0<\/strong>\u00a0tengan un escaso recorrido medi\u00e1tico, lo cierto es que con ellas el l\u00edder de\u00a0<em><strong>En Com\u00fan Podem<\/strong>\u00a0<\/em>\u00a0no ha contribuido solamente, y de manera cobarde, a la<strong>\u00a0criminalizaci\u00f3n de las organizaciones populares catalanas,\u00a0<\/strong>que\u00a0<strong>siempre precede a las actuaciones represivas<\/strong>. Contribuye tambi\u00e9n, poniendo de manifiesto que\u00a0<strong>el suyo es un partido de \u00ab<em>este orden\u00bb<\/em>,<\/strong>\u00a0a la\u00a0<strong>criminalizaci\u00f3n general de cualquier forma de resistencia y autodefensa\u00a0 de los pueblos\u00a0<\/strong>frente a la<strong>aplastante violencia del Estado,<\/strong>\u00a0afianzado la idea, fundamental para el dominio capitalista, de que s\u00f3lo \u00e9ste se encuentra legitimado para ejercerla, en r\u00e9gimen de monopolio.\u00a0<\/span><\/p>\n<\/div>\n<p><a href=\"https:\/\/puntocritico.com\/ausajpuntocritico\/wp-content\/uploads\/2018\/03\/Mosca_Punto_Cr\u00edtico_40.png\" rel=\"lightbox[10694]\"><img loading=\"lazy\" decoding=\"async\" class=\"aligncenter wp-image-9528\" src=\"https:\/\/puntocritico.com\/ausajpuntocritico\/wp-content\/uploads\/2018\/03\/Mosca_Punto_Cr\u00edtico_40.png\" alt=\"\" width=\"40\" height=\"40\" \/><\/a><\/p>\n<h1>\u00a0<\/h1>\n<h1 style=\"text-align: center;\"><a id=\"ref70\"><\/a><a href=\"#ref70a\">[70]<\/a> EL SECRETARIO DE ORGANIZACI\u00d3N DEL PSOE DICE QUE LOS CDR CATALANES FUERON INVENTADOS POR CUBA Y NICARAGUA<\/h1>\n<p><span style=\"font-size: 14pt;\">Por\u00a0ADAY QUESADA<\/span><\/p>\n<div><span style=\"color: #339966;\">Art\u00edculo publicado el 2 de abril de 2018 en<\/span><\/div>\n<div><span style=\"color: #339966;\"><a style=\"color: #339966;\" href=\"http:\/\/canarias-semanal.org\/not\/22498\/el-secretario-de-organizacion-del-psoe-dice-que-los-cdr-catalanes-fueron-inventados-por-cuba-y-nicaragua-\/\" target=\"_blank\" rel=\"noopener\">http:\/\/canarias-semanal.org\/not\/22498\/el-secretario-de-organizacion-del-psoe-dice-que-los-cdr-catalanes-fueron-inventados-por-cuba-y-nicaragua-\/<\/a><\/span><\/div>\n<div>\u00a0<\/div>\n<div>\u00a0<\/div>\n<div><a href=\"https:\/\/puntocritico.com\/ausajpuntocritico\/wp-content\/uploads\/2018\/04\/img_53493.jpg\" rel=\"lightbox[10694]\"><img loading=\"lazy\" decoding=\"async\" class=\"aligncenter size-full wp-image-10819\" src=\"https:\/\/puntocritico.com\/ausajpuntocritico\/wp-content\/uploads\/2018\/04\/img_53493.jpg\" alt=\"\" width=\"670\" height=\"272\" srcset=\"https:\/\/puntocritico.com\/ausajpuntocritico\/wp-content\/uploads\/2018\/04\/img_53493.jpg 670w, https:\/\/puntocritico.com\/ausajpuntocritico\/wp-content\/uploads\/2018\/04\/img_53493-300x122.jpg 300w\" sizes=\"auto, (max-width: 670px) 100vw, 670px\" \/><\/a><\/div>\n<div>\u00a0<\/div>\n<div>\n<blockquote>\n<div class=\"antetitulo\" style=\"text-align: justify;\"><span style=\"font-size: 14pt; font-family: arial, helvetica, sans-serif;\">El PSOE renueva su compromiso con el 155 de Rajoy<\/span><\/div>\n<\/blockquote>\n<p style=\"text-align: justify;\"><span style=\"font-size: 14pt; font-family: arial, helvetica, sans-serif;\"><strong>Jos\u00e9 Luis \u00c1balos<\/strong>, &#8211; nada menos que secretario de\u00a0<strong>Organizaci\u00f3n del PSOE<\/strong>\u00a0-,\u00a0 declar\u00f3 a\u00a0 principios de esta semana a la agencia<strong>\u00a0Europa Press<\/strong>\u00a0 que los\u00a0<strong>\u00abComit\u00e9s de Defensa de la Rep\u00fablica\u00bb\u00a0<\/strong>(CDR)\u00a0 constituyen en Catalu\u00f1a el mism\u00edsimo\u00a0<em><strong>\u201cgermen de la kale borroka\u201d.<\/strong><\/em>\u00a0 Por si fuera poco, el dirigente socialdem\u00f3crata record\u00f3 que\u00a0<em>\u00abeste tipo de\u00a0\u00a0<strong>comit\u00e9s\u00a0<\/strong>\u00a0 fueron inventados\u00a0 en\u00a0\u00a0<strong>Cuba, Venezuela o Nicaragua\u00bb.<\/strong><\/em><\/span><\/p>\n<p style=\"text-align: justify;\"><span style=\"font-size: 14pt; font-family: arial, helvetica, sans-serif;\"><strong>PERO&#8230; \u00bfQU\u00c9 SON REALMENTE LOS \u00abCOMIT\u00c9S DE DEFENSA DE LA REPUBLICA\u00bb?<\/strong><\/span><\/p>\n<p style=\"text-align: justify;\"><span style=\"font-size: 14pt; font-family: arial, helvetica, sans-serif;\">\u00bfSon realmente, como asegura el secretario de organizaci\u00f3n del\u00a0<strong>PSOE,<\/strong>\u00a0los<strong>CDR<\/strong>\u00a0un\u00a0<strong><em>invento cuban<\/em><\/strong>o importado por los independentistas catalanes?\u00a0 Los<strong>Comit\u00e9s de Defensa de la Rep\u00fablica<\/strong>\u00a0son colectivos ciudadanos\u00a0 surgidos en<strong>Catalu\u00f1a<\/strong>\u00a0en 2017, que tuvieron\u00a0 como fundamento en aquel momento la puesta en marcha\u00a0 de todo tipo de actividades sociales y pol\u00edticas\u00a0 que condujeran a facilitar la realizaci\u00f3n del refer\u00e9ndum de independencia del\u00a0<strong>1 de octubre.\u00a0<\/strong>Tras el refer\u00e9ndum, los\u00a0<strong>CDR<\/strong>\u00a0adoptaron el nuevo compromiso de continuar luchando por el cumplimiento de lo decidido por la mayor\u00eda los catalanes, es decir, la proclamaci\u00f3n de la\u00a0<strong>Rep\u00fablica catalana.<\/strong><\/span><\/p>\n<p style=\"text-align: justify;\"><span style=\"font-size: 14pt; font-family: arial, helvetica, sans-serif;\">Los\u00a0<strong>CDR\u00a0<\/strong>tienen una estructura horizontal, constituida por\u00a0 asambleas\u00a0 aglutinan a los ciudadanos que desean integrarse en ellas o a miembros de entidades, partidos pol\u00edticos, sectores de la econom\u00eda o del deporte catal\u00e1n .\u00a0 De acuerdo con los datos\u00a0 difundidos por esas mismas organizaciones de masas, a finales del a\u00f1o 2017 exist\u00edan en toda\u00a0<strong>Catalu\u00f1a<\/strong>\u00a0unos\u00a0<strong>280 comit\u00e9s<\/strong>, que agrupaban a varios miles de ciudadanos. Los\u00a0<strong>CDR<\/strong>\u00a0son pol\u00edticamente independientes de cualquier partido y tiene como base de su organizaci\u00f3n y decisi\u00f3n en las asambleas\u00a0 de base.\u00a0<\/span><\/p>\n<p style=\"text-align: justify;\"><span style=\"font-size: 14pt; font-family: arial, helvetica, sans-serif;\"><strong>\u00bfQU\u00c9 EST\u00c1\u00a0 INSINUANDO<\/strong><strong>\u00a0 ABALOS CON SU RENOVADO<em>\u00a0\u00ab\u00a1A POR ELLOS!\u00bb?<\/em><\/strong><\/span><\/p>\n<p style=\"text-align: justify;\"><span style=\"font-size: 14pt; font-family: arial, helvetica, sans-serif;\">Pero\u00a0<strong>\u00c1balos,\u00a0<\/strong>en plena<em>\u00a0<\/em><strong><em>histeria del 155<\/em>,\u00a0<\/strong>fue m\u00e1s all\u00e1 con sus declaraciones. En su opini\u00f3n,\u00a0<em>\u00abhay que que combatir a los CDR con el \u00ab<strong>Estado de Derecho\u00bb\u00a0<\/strong>porque no solo<strong>agitan\u00a0 la calle,\u00a0<\/strong>tambi\u00e9n\u00a0<strong>se\u00f1alan a personas, negocios o sedes de los partidos pol\u00edticos\u00bb\u00a0<\/strong>.<\/em><\/span><\/p>\n<p style=\"text-align: justify;\"><span style=\"font-size: 14pt; font-family: arial, helvetica, sans-serif;\"><strong>\u00c1balos<\/strong>\u00a0cree, adem\u00e1s, que la funci\u00f3n de los\u00a0<strong>CDR<\/strong>\u00a0 consiste en<strong><em>\u00a0\u201ccontrolar a la poblaci\u00f3n&#8230;\u00a0<\/em><\/strong><em>Y que para ello basta con recordar cu\u00e1l fue el papel que estas siglas jugaron en las revoluciones de<strong>\u00a0Cuba, Nicaragua y Venezuela\u00bb .<\/strong><\/em><\/span><\/p>\n<p style=\"text-align: justify;\"><span style=\"font-size: 14pt; font-family: arial, helvetica, sans-serif;\">En realidad,\u00a0<strong>Jos\u00e9 Luis \u00c1balos<\/strong>\u00a0sabe perfectamente que lo que est\u00e1 diciendo no se corresponde con verdad. Lo que ocurre es que los\u00a0<strong>CDR<\/strong>, es decir, una parte de la ciudadan\u00eda organizada, a trav\u00e9s de sus acciones en la calle est\u00e1 protagonizando la lucha popular en\u00a0<strong>Catalunya,<\/strong>\u00a0al margen de una institucionalidad que ha encerrado el proceso pol\u00edtico catal\u00e1n tras las paredes de su parlamento. Como sucediera en los primeros a\u00f1os del postfranquismo, al<strong>PSOE<\/strong>\u00a0le afloja los esf\u00ednteres que sea la gente, el pueblo, el centro del acontecer pol\u00edtico. Es plenamente conciente que\u00a0 en ese terreno las tiene todas perdidas. De ah\u00ed su temor.<\/span><\/p>\n<p style=\"text-align: justify;\"><span style=\"font-size: 14pt; font-family: arial, helvetica, sans-serif;\">Con su truculenta comparaci\u00f3n con los procesos revolucionarios latinoamericanos,\u00a0 el secretario\u00a0 de organizaci\u00f3n del<strong>\u00a0PSOE<\/strong>\u00a0est\u00e1 pretendiendo amedrentar a aquellos que desconocen el sentido que han tenido y tienen esas organizaciones populares en Cuba Nicaragua o Venezuela con comparaciones\u00a0 que pretenden justificar la ola represiva que a todas luces se avecina en Catalunya. Esa es la intencionalidad que\u00a0 tienen frases como<em><strong>\u00a0\u201clos comandos estos son los que vigilan\u00a0 la cuadra, ha qui\u00e9n entra, ha qui\u00e9n sale, y\u00a0 a qui\u00e9n habla\u201d,\u00a0<\/strong><\/em>pues se trata de\u00a0 \u201c<strong><em>elementos de informaci\u00f3n, pero tambi\u00e9n de agitaci\u00f3n. Son un mal germen\u201d,\u00a0<\/em><\/strong>asegur\u00f3 sin el m\u00e1s m\u00ednimo rubor.<\/span><span style=\"font-size: 14pt; font-family: arial, helvetica, sans-serif;\">\u00a0<\/span><\/p>\n<p style=\"text-align: justify;\"><span style=\"font-size: 14pt; font-family: arial, helvetica, sans-serif;\">Esa es la raz\u00f3n por la que<strong>\u00a0\u00c1balos<\/strong>\u00a0dijo en sus declaraciones\u00a0<strong>Europa Press<\/strong>\u00a0que hab\u00eda llegado el momento de\u00a0<strong><em>\u201cactuar\u00a0 contra estos grupos\u00bb<\/em><\/strong>. Por un momento a mas de uno nos temblaron las entretelas, pues ignor\u00e1bamos si por una traici\u00f3n del subconsciente el secretario de organizaci\u00f3n del<strong>\u00a0PSOE\u00a0<\/strong>estaba pensando en los famosos\u00a0<strong>GAL\u00a0<\/strong>que el gobierno de su partido<strong>\u00a0.<\/strong>\u00a0 Pero\u00a0<strong>\u00c1balos,\u00a0<\/strong>apercibi\u00e9ndose del lapsus cometido\u00a0 procedi\u00f3 a una rapida\u00a0 correcci\u00f3n de nuestros envenenados pensamientos, asegurando que tal\u00a0<em><strong>\u00abactuaci\u00f3n<\/strong><\/em>\u00bb no deber\u00eda de tener\u00a0<em><strong>\u201ccar\u00e1cter excepcional\u201d<\/strong><\/em>, sino que deber\u00eda apoyarse en los\u00a0<em><strong>\u201crecursos\u00a0 del Estado de Derecho\u201d<\/strong>. Pero, a<\/em>\u00a0decir verdad, a estas alturas de la historia de las ultimas cuatro d\u00e9cadas,\u00a0 hablar de esos\u00a0<em>\u00abrecursos\u00bb<\/em>\u00a0 nos suena como a mentar la soga en casa del ahorcado. \u00a0<\/span><\/p>\n<\/div>\n<div><a href=\"https:\/\/puntocritico.com\/ausajpuntocritico\/wp-content\/uploads\/2018\/03\/Mosca_Punto_Cr\u00edtico_40.png\" rel=\"lightbox[10694]\"><img loading=\"lazy\" decoding=\"async\" class=\"aligncenter wp-image-9528\" src=\"https:\/\/puntocritico.com\/ausajpuntocritico\/wp-content\/uploads\/2018\/03\/Mosca_Punto_Cr\u00edtico_40.png\" alt=\"\" width=\"40\" height=\"40\" \/><\/a><\/div>\n<h1>\u00a0<\/h1>\n<h1 style=\"text-align: center;\"><a id=\"ref71\"><\/a><a href=\"#ref71a\">[71]<\/a> CORONEL MART\u00cdNEZ INGL\u00c9S: EL DEMONIO DEL FRANQUISMO ESTABA ESCONDIDO EN EL 155<\/h1>\n<p><span style=\"font-size: 14pt;\">Por\u00a0<span style=\"font-family: arial, helvetica, sans-serif;\">CORONEL AMADEO MART\u00cdNEZ INGL\u00c9S<\/span><\/span><\/p>\n<div class=\"floatbreaker\">\u00a0<span style=\"color: #339966;\">Art\u00edculo publicado el 4 de abril de 2018en<\/span><\/div>\n<div><span style=\"color: #339966;\"><a style=\"color: #339966;\" href=\"http:\/\/canarias-semanal.org\/not\/22503\/coronel-martinez-ingles-el-demonio-del-franquismo-estaba-escondido-en-el-155\/\" target=\"_blank\" rel=\"noopener\">http:\/\/canarias-semanal.org\/not\/22503\/coronel-martinez-ingles-el-demonio-del-franquismo-estaba-escondido-en-el-155\/<\/a><\/span><\/div>\n<div>\u00a0<\/div>\n<p><a href=\"https:\/\/puntocritico.com\/ausajpuntocritico\/wp-content\/uploads\/2018\/04\/img_53510.jpg\" rel=\"lightbox[10694]\"><img loading=\"lazy\" decoding=\"async\" class=\"aligncenter size-full wp-image-10821\" src=\"https:\/\/puntocritico.com\/ausajpuntocritico\/wp-content\/uploads\/2018\/04\/img_53510.jpg\" alt=\"\" width=\"670\" height=\"255\" srcset=\"https:\/\/puntocritico.com\/ausajpuntocritico\/wp-content\/uploads\/2018\/04\/img_53510.jpg 670w, https:\/\/puntocritico.com\/ausajpuntocritico\/wp-content\/uploads\/2018\/04\/img_53510-300x114.jpg 300w\" sizes=\"auto, (max-width: 670px) 100vw, 670px\" \/><\/a><\/p>\n<div id=\"TEXTO_NOTICIA\" class=\"TEXTO_PARRAFO \">\n<blockquote>\n<p class=\"entradilla\" style=\"text-align: justify;\"><span style=\"font-size: 14pt; font-family: arial, helvetica, sans-serif;\">La estafa de la Transici\u00f3n al descubierto<\/span><\/p>\n<\/blockquote>\n<\/div>\n<div id=\"TEXTO_NOTICIA\" class=\"TEXTO_PARRAFO \">\n<p style=\"text-align: justify;\"><span style=\"font-size: 14pt; font-family: arial, helvetica, sans-serif;\"><em>\u201cS\u00ed, s\u00ed, si en Espa\u00f1a, nadie lo duda, hubo una transici\u00f3n pol\u00edtica a mediados de los a\u00f1os setenta del pasado siglo. Pero, aunque de \u201cmod\u00e9lica\u201d no tuvo nada y s\u00ed, y mucho, de perversa, enga\u00f1osa y falaz, no por ello dej\u00f3 de ser una transici\u00f3n:\u00a0<strong>De una dictadura militar se pas\u00f3 a otra civil\u201d.<\/strong><\/em><\/span><\/p>\n<p style=\"text-align: justify;\"><span style=\"font-size: 14pt; font-family: arial, helvetica, sans-serif;\">El\u00a0<strong>18 de julio de 1936\u00a0<\/strong>una ola de dolor, represi\u00f3n, odio, desesperaci\u00f3n y muerte se abati\u00f3 por sorpresa sobre los indefensos campos, pueblos y ciudades de una Espa\u00f1a dividida y pobre.<strong>\u00a0Numerosos mandos del Ej\u00e9rcito espa\u00f1ol\u00a0<\/strong>(aproximadamente un 80% del total), la mayor\u00eda de ellos destinados en las Unidades destacadas en el norte de \u00c1frica, crey\u00e9ndose legitimados para enderezar el ca\u00f3tico rumbo de un pa\u00eds que luchaba para sobrevivir en un mundo sometido a los vaivenes de ideolog\u00edas pol\u00edticas enfrentadas, dieron el tr\u00e1gico paso al frente de la rebeli\u00f3n pura y dura, la traici\u00f3n y el genocidio de todo un pueblo.<\/span><\/p>\n<p style=\"text-align: justify;\"><span style=\"font-size: 14pt; font-family: arial, helvetica, sans-serif;\">Tama\u00f1a locura, con la derivada sangrienta de una feroz guerra civil en el marco de una Europa que se acercaba peligrosamente a la mayor confrontaci\u00f3n b\u00e9lica de la historia de la humanidad, nos traer\u00eda a los espa\u00f1oles cuarenta a\u00f1os de terror, de odio entre hermanos y una falta absoluta de derechos y libertades. Par\u00e1metros todos ellos propios de una sanguinaria dictadura militar que, desgraciadamente, a d\u00eda de hoy, en el inicio de la primavera de 2018, tras otros cuarenta a\u00f1os de r\u00e9gimen borb\u00f3nico todav\u00eda no ha sido erradicada de este pa\u00eds sino que al hilo de los acontecimientos vividos en Espa\u00f1a a lo largo de los \u00faltimos a\u00f1os, y especialmente en los \u00faltimos meses, sigue ejerciendo su omn\u00edmodo poder contra un pueblo empobrecido por la crisis econ\u00f3mica y vapuleado y deprimido por una permanente degradaci\u00f3n pol\u00edtica y social, enmascarada en una aparente democracia que contin\u00faa enga\u00f1ando a propios y extra\u00f1os utilizando sin pudor alguno, no los tanques, los ca\u00f1ones y los fusiles del antiguo Ej\u00e9rcito franquista, sino sus nuevos y fraudulentos instrumentos de dominaci\u00f3n: la\u00a0<strong>Fiscal\u00eda General del Estado, la Audiencia Nacional, el Tribunal Constitucional, el Tribunal Supremo, los fiscales y jueces en general,\u00a0<\/strong>la<strong>polic\u00eda antidisturbios<\/strong>, la\u00a0<strong>guardia civil,<\/strong>\u00a0el<strong>\u00a0ministerio de Hacienda<\/strong>\u00a0y \u00a1como no! los<strong>car\u00edsimos e incompetentes servicios de Inteligencia del Estado (CNI).\u00a0<\/strong><\/span><\/p>\n<p style=\"text-align: justify;\"><span style=\"font-size: 14pt; font-family: arial, helvetica, sans-serif;\"> La llamada<em><strong>\u00a0\u00abmod\u00e9lica transici\u00f3n a la democracia\u00bb,\u00a0<\/strong><\/em>aireada, promocionada y publicitada hasta la n\u00e1usea por el<strong>\u00a0propio sistema franquista<\/strong>\u00a0para seguir en el poder absoluto tras la muerte de Franco, planificada, coordinada, preparada y ejecutada con nocturnidad y alevos\u00eda por sus propios prebostes civiles y militares ayudados por Estados Unidos, Alemania y sus organizaciones pol\u00edticas y servicios de Inteligencia, solo fue una a\u00f1agaza, un fraude, una falacia de dimensiones hist\u00f3ricas, un enga\u00f1o torticero, un timo pol\u00edtico y social, un teatrillo organizado, consentido y autorizado por el antes pr\u00edncipe y luego rey de Espa\u00f1a, Juan Carlos de Borb\u00f3n. Estafa despreciable donde las haya aprovechada despu\u00e9s por sus sucesores, por un bipartidismo salvaje, corrupto y servil con una monarqu\u00eda despreciable como la instaurada de nuevo en Espa\u00f1a por v\u00eda testicular del aut\u00f3crata gallego que, tras una falsa apariencia de democracia, modernidad y libertad, se adue\u00f1\u00f3 sin recato alguno de las vidas y haciendas de todos los espa\u00f1oles a partir del 20 de noviembre de 1975.<\/span><\/p>\n<p style=\"text-align: justify;\"><span style=\"font-size: 14pt; font-family: arial, helvetica, sans-serif;\">Los espa\u00f1oles hemos sufrido en estos \u00faltimos ochenta a\u00f1os en primer lugar lo que sin ninguna duda fue una\u00a0<strong>f\u00e9rrea dictadura de corte fascista (1939-1953);<\/strong>\u00a0despu\u00e9s,<strong>ligeramente amortiguada tras el pacto con los americanos de 1953<\/strong>\u00a0que supuso la<strong>consolidaci\u00f3n definitiva del R\u00e9gimen<\/strong>\u00a0y su aceptaci\u00f3n en los foros internacionales (1953-1970); m\u00e1s tarde, un per\u00edodo de \u201csenilidad autoritaria\u201d o \u00abdictablanda\u00bb seg\u00fan el chascarrillo popular (1970-1975) hasta la muerte del dictador el 20 de noviembre de ese \u00faltimo a\u00f1o. Con un Franco enfermo que, eso s\u00ed, y esto lo desconoce pr\u00e1cticamente todo el mundo en este pa\u00eds excepto los poqu\u00edsimos historiadores militares que hemos tenido acceso a la ampl\u00edsima informaci\u00f3n que sobre el tema duerme el sue\u00f1o de los justos en los servicios de Inteligencia de las FAS, dejar\u00eda atada y bien atada, de acuerdo con la potencia norteamericana, la hoja de ruta que tendr\u00eda que seguir el pa\u00eds tras su deceso. Y que la propia CIA estadounidense asegurar\u00eda abruptamente acabando, con cargo a ETA, con la vida del osado pol\u00edtico espa\u00f1ol que desafiando al dictador aspiraba a torcerla: Carrero Blanco. Y por \u00faltimo, tras la desaparici\u00f3n de su l\u00edder, el franquismo tendr\u00eda la habilidad de mimetizarse bajo la parafernalia vac\u00eda y enga\u00f1osa de una pseudo democracia (monarqu\u00eda parlamentaria tuvieron la osad\u00eda de llamarla) que esconder\u00eda durante a\u00f1os y a\u00f1os bajo el ficticio y angelical manto del respeto por las leyes y el derecho, la cara oscura y triste de un post franquismo coronado si cabe m\u00e1s despreciable que el de las etapas anteriores porque se basaba en el enga\u00f1o de todo un pueblo y en una verdadera estafa a las democracias europeas que, no obstante, aceptar\u00edan la simulaci\u00f3n pol\u00edtica y social en la que se hab\u00eda asentado el nuevo R\u00e9gimen mon\u00e1rquico en Espa\u00f1a por intereses econ\u00f3micos, financieros y comerciales, prioritariamente.\u00a0\u00a0\u00a0\u00a0\u00a0\u00a0\u00a0\u00a0\u00a0\u00a0\u00a0\u00a0\u00a0\u00a0<\/span><\/p>\n<p style=\"text-align: justify;\"><span style=\"font-size: 14pt; font-family: arial, helvetica, sans-serif;\">l\u00a0<strong>enga\u00f1o al pueblo espa\u00f1ol que supuso el invento y puesta en pr\u00e1ctica en este pa\u00eds de una falsa transici\u00f3n<\/strong>\u00a0iniciada a bombo y platillo en 1975, vendiendo al mundo el hecho de que Espa\u00f1a hab\u00eda logrado la cuadratura del c\u00edrculo pol\u00edtico al conseguir que una dictadura feroz y asentada en un pa\u00eds durante cuarenta a\u00f1os se auto transformara, sin ninguna presi\u00f3n exterior, en una verdadera democracia\u2026 no tiene parang\u00f3n con ninguna otra situaci\u00f3n hist\u00f3rica del pasado en este pa\u00eds. Y, sin embargo, ser\u00eda asumido y hasta jaleado por un pueblo como el espa\u00f1ol de los a\u00f1os setenta del pasado siglo que, sin despojarse todav\u00eda del siniestro manto de p\u00e1nico existencial que los tres a\u00f1os de guerra civil hab\u00eda dejado pegado a sus mentes, no estaba dispuesto por nada del mundo a revivir algo parecido.<\/span><\/p>\n<p style=\"text-align: justify;\"><span style=\"font-size: 14pt; font-family: arial, helvetica, sans-serif;\">La promocionada, interior y exteriormente, transici\u00f3n del franquismo a la democracia, la cantinela, el mantra pol\u00edtico que generaciones y generaciones de espa\u00f1oles no han tenido m\u00e1s remedio que o\u00edr y aceptar durante d\u00e9cadas, nunca existi\u00f3 (repito y no me cansar\u00e9 de repetirlo) de verdad en este pa\u00eds. Todo lo relacionado con ese virtual \u00e9xito de la clase pol\u00edtica espa\u00f1ola de finales del siglo pasado ha sido un descomunal enga\u00f1o al pueblo, una pantomima interesada, un teatrillo puesto en escena por los propios dirigentes franquistas enquistados tanto en el Ej\u00e9rcito como en la c\u00faspide del sistema y de la sociedad civil.<\/span><\/p>\n<p style=\"text-align: justify;\"><span style=\"font-size: 14pt; font-family: arial, helvetica, sans-serif;\">Pues bien, toda esta parafernalia de la falsa democracia espa\u00f1ola con alma, genes, autoritarismo enfermizo y el poder absoluto propio de la dictadura franquista que nunca abandon\u00f3, ha saltado por los aires tras el tremendo revulsivo pol\u00edtico y social que ha supuesto a nivel nacional e internacional el desaf\u00edo independentista catal\u00e1n. Y el r\u00e9gimen pol\u00edtico del 78 (basado no conviene olvidarlo en una Constituci\u00f3n autorizada, vigilada, corregida, incluso redactada en algunos de sus art\u00edculo por el poder f\u00e1ctico castrense de la \u00e9poca, el\u00a0<strong>Consejo Superior del Ej\u00e9rcito<\/strong>), la\u00a0<em><strong>\u201cmod\u00e9lica transici\u00f3n\u201d<\/strong><\/em>\u00a0que asombr\u00f3 al mundo en los a\u00f1os ochenta y noventa del pasado siglo, la democracia avanzada a la europea que seg\u00fan los interesados prebostes del poder de turno vino despu\u00e9s, el envidiable estado de derecho made in Spain\u00a0 auspiciado por un rey divino y campechano venido del cielo para traer la felicidad a sus amados s\u00fabditos\u2026est\u00e1 en estos momentos con el culo al aire. Naciones europeas de nuestro entorno, pol\u00edticos europeos y mundiales de alto nivel, prestigiosos juristas, abogados de reconocido curr\u00edculum, gobiernos de regiones o naciones sin Estado, organismos internacionales de primer nivel ONU incluida, partidos pol\u00edticos nacionales y regionales, medios de comunicaci\u00f3n internacionles, parlamentos y asociaciones pol\u00edticas y sociales\u2026etc, etc, en todo el mundo se han echado, y lo siguen haciendo a d\u00eda de hoy, las manos a la cabeza tras las alocadas decisiones del Gobierno espa\u00f1ol en estos \u00faltimos meses para afrontar y tratar de solucionar el contencioso catal\u00e1n.<\/span><\/p>\n<p style=\"text-align: justify;\"><span style=\"font-size: 14pt; font-family: arial, helvetica, sans-serif;\">Y es que este hombre, el todav\u00eda presidente del Gobierno espa\u00f1ol, el a todas luces clon pol\u00edtico del siniestro personaje barcenario M. Rajoy, el l\u00edder del partido pol\u00edtico m\u00e1s corrupto que haya sufrido nunca el parlamentarismo espa\u00f1ol, el cacique o dictador de medio pelo que gestionaba desde la sombra los \u00faltimos poderes dictatoriales de ese franquismo bunkerizado que por fin acaba de salir a la superficie en todo el mundo civilizado\u2026 o est\u00e1 loco o se lo hace la mar de bien. Pero lo verdaderamente malo no es que tengamos al frente del pa\u00eds a un loco real o virtual. Lo tr\u00e1gico de esa psicosis obsesiva del sobrecogedor M. Rajoy, de esa locura s\u00e1dica y homicida que le lleva a considerar rebelde, malversador, sedicioso, traidor, golpista y dem\u00e1s a todo lo que se mueve en Catalu\u00f1a es que este desdichado va a conseguir lo contrario de lo que persegu\u00eda con sus fiscales, sus jueces, sus polic\u00edas, sus guardias civiles, su 155 y su masa de portaestandartes en la que se ha convertido una gran parte de la ciudadan\u00eda de derechas hisp\u00e1nica:\u00a0<strong>Perder Catalu\u00f1a.\u00a0<\/strong>De hecho, \u00e9l ya la ha perdido. Y estamos en trance de perderla muchos millones de espa\u00f1oles que no quer\u00edamos de ninguna manera que esto ocurriera. Desde la democracia, el respeto, la libertad, el verdadero estado de derecho, la amistad, la confraternidad y el deseo de seguir viviendo juntos.\u00a0<strong>Pero, desde luego, no con este loco en el poder. Ni con el franquismo en nuestras vidas.<\/strong><\/span><\/p>\n<p style=\"text-align: right;\"><span style=\"font-size: 14pt; font-family: arial, helvetica, sans-serif;\">\u00a0 \u00a0 \u00a0 \u00a0 \u00a0 \u00a0 \u00a0 \u00a0 \u00a0 \u00a0 \u00a0 \u00a0 \u00a0 \u00a0 \u00a0<span style=\"font-size: 12pt;\">Fdo: Amadeo Mart\u00ednez Ingl\u00e9s<\/span><\/span><\/p>\n<p style=\"text-align: right;\"><span style=\"font-size: 12pt; font-family: arial, helvetica, sans-serif;\">\u00a0\u00a0\u00a0\u00a0\u00a0\u00a0\u00a0\u00a0\u00a0\u00a0\u00a0\u00a0\u00a0\u00a0\u00a0\u00a0\u00a0\u00a0\u00a0\u00a0\u00a0\u00a0\u00a0\u00a0\u00a0\u00a0\u00a0\u00a0\u00a0 Coronel. Escritor. Historiador<\/span><\/p>\n<\/div>\n<p><a href=\"https:\/\/puntocritico.com\/ausajpuntocritico\/wp-content\/uploads\/2018\/03\/Mosca_Punto_Cr\u00edtico_40.png\" rel=\"lightbox[10694]\"><img loading=\"lazy\" decoding=\"async\" class=\"aligncenter wp-image-9528\" src=\"https:\/\/puntocritico.com\/ausajpuntocritico\/wp-content\/uploads\/2018\/03\/Mosca_Punto_Cr\u00edtico_40.png\" alt=\"\" width=\"40\" height=\"40\" \/><\/a><\/p>\n<h1>\u00a0<\/h1>\n<h1 class=\"entry-title\" style=\"text-align: center;\"><a id=\"ref72\"><\/a><a href=\"#ref72a\">[72]<\/a> \u00a1Malditos alemanes!<\/h1>\n<div class=\"author-content\">\n<p class=\"author\"><span style=\"font-size: 14pt;\">Por An\u00edbal Malvar<\/span><\/p>\n<\/div>\n<div><span style=\"color: #339966;\">Art\u00edculo publicado el 7 de abril de 2018 en<\/span><\/div>\n<div><a href=\"http:\/\/blogs.publico.es\/repartidor\/2018\/04\/07\/malditos-alemanes\/\" target=\"_blank\" rel=\"noopener\"><span style=\"color: #339966;\">http:\/\/blogs.publico.es\/repartidor\/2018\/04\/07\/malditos-alemanes\/<\/span><\/a><\/div>\n<div>\u00a0<\/div>\n<p style=\"text-align: justify;\"><a href=\"https:\/\/puntocritico.com\/ausajpuntocritico\/wp-content\/uploads\/2018\/04\/larazon.200.jpg\" rel=\"lightbox[10694]\"><img loading=\"lazy\" decoding=\"async\" class=\"size-full wp-image-10823 alignright\" src=\"https:\/\/puntocritico.com\/ausajpuntocritico\/wp-content\/uploads\/2018\/04\/larazon.200.jpg\" alt=\"\" width=\"200\" height=\"251\" \/><\/a><span style=\"font-size: 14pt; font-family: arial, helvetica, sans-serif;\">Veo en la portada de\u00a0<em>La Raz\u00f3n<\/em>\u00a0una graciosa foto de\u00a0<strong>Cristina Cifuentes<\/strong>\u00a0con una graciosa frase destacada: \u201cHay que ser nosotros mismos y dejar de hablar de Cs\u201d. La frase puede resultarle algo anodina y simple al lector poco atento, pero uno debe de analizarla m\u00e1s a fondo cuando se tiene en cuenta el curr\u00edculum de esta se\u00f1ora tan rubia y academizada. Una persona con tantas titulaciones nunca dice tonter\u00edas, al contrario que el ignaro lector o el est\u00f3lido escribiente que perge\u00f1a estos versos.<\/span><\/p>\n<p style=\"text-align: justify;\"><span style=\"font-size: 14pt; font-family: arial, helvetica, sans-serif;\">Otra de las claves sobre la convenci\u00f3n del PP en Sevilla que destaca\u00a0<em>La Raz\u00f3n<\/em>\u00a0\u2013no hay que olvidar que su director\u00a0<strong>Paco Marhuenda<\/strong>trabaj\u00f3 para\u00a0<strong>Mariano Rajoy<\/strong>\u00a0durante cinco a\u00f1os cuando el\u00a0<em>presi<\/em>\u00a0era ministro\u2013 son las palabras de\u00a0<strong>Mar\u00eda Dolores de Cospedal\u00a0<\/strong>sobre el\u00a0<em>Hazte-la-<\/em><em>Rubia-gate<\/em>: \u201cHay que defender lo nuestro y a los nuestros\u201d.<\/span><\/p>\n<p style=\"text-align: justify;\"><span style=\"font-size: 14pt; font-family: arial, helvetica, sans-serif;\">\u201cSer nosotros mismos\u201d y \u201cdefender a los nuestros\u201d, frases que parecen sacadas de una antolog\u00eda de idioteces de\u00a0<strong>Paulo Coelho<\/strong>, cobran un sentido mucho m\u00e1s profundo cuando salen de entre los labios de dirigentes del Partido Popular.\u00a0<em>Ser<\/em>\u00a0y\u00a0<em>defender<\/em>,\u00a0<em>nosotros<\/em>\u00a0y\u00a0<em>los nuestros<\/em>. Qu\u00e9 tufillo a 1936. Hay que agradecer a\u00a0<em>La Raz\u00f3n<\/em>\u00a0su ojo cl\u00ednico a la hora de destacar la verdadera esencia del PP,\u00a0<em>ellos, lo suyo y los suyos<\/em>. Que viva Espa\u00f1a.<\/span><\/p>\n<p style=\"text-align: justify;\"><span style=\"font-size: 14pt; font-family: arial, helvetica, sans-serif;\"><strong>Puigdemont<\/strong><\/span><\/p>\n<p style=\"text-align: justify;\"><span style=\"font-size: 14pt; font-family: arial, helvetica, sans-serif;\">Se ha enfadado much\u00edsimo en\u00a0<em>ABC<\/em><strong>Salvador Sostres<\/strong>\u00a0con la justicia alemana y su empe\u00f1o antidemocr\u00e1tico de no guillotinar en plaza p\u00fablica a\u00a0<strong>Carles Puigdemont<\/strong>\u00a0por rebeli\u00f3n. \u201cLas legislaciones europeas son una cueva para golpistas y delincuentes\u201d, escribe.\u00a0<em>\u00cdtem\u00a0<\/em>m\u00e1s: \u201cLa precariedad intelectual que nos ha tra\u00eddo la correcci\u00f3n pol\u00edtica, medioambientalista y feminizante, nos distrae de las categor\u00edas fuertes sobre las que cualquier idea de orden necesita sustentarse\u201d. Y sigo: \u201cPretenden hacernos creer que la rendici\u00f3n es una forma de tranquilidad [\u2026]. La dictadura de los d\u00e9biles se nos llevar\u00e1 por delante hasta arrasarnos [\u2026]. Vale m\u00e1s despertarnos como israel\u00edes que no nos acabe quedando m\u00e1s remedio que quejarnos como palestinos. Somos lo que defendemos\u201d.<\/span><\/p>\n<p style=\"text-align: justify;\"><span style=\"font-size: 14pt; font-family: arial, helvetica, sans-serif;\">Cada vez que leo a este se\u00f1or, me lo imagino escribiendo vestido de uniforme y con la Luger reposando al lado del tintero. Y no es el \u00fanico plumilla del torcuatiano diario que arremete contra la justicia alemana poniendo en cuesti\u00f3n la Uni\u00f3n Europea: \u201cEl engendro europe\u00edsta fue creado par<a href=\"https:\/\/puntocritico.com\/ausajpuntocritico\/wp-content\/uploads\/2018\/04\/abc.200.jpg\" rel=\"lightbox[10694]\"><img loading=\"lazy\" decoding=\"async\" class=\"size-full wp-image-10824 alignright\" src=\"https:\/\/puntocritico.com\/ausajpuntocritico\/wp-content\/uploads\/2018\/04\/abc.200.jpg\" alt=\"\" width=\"200\" height=\"278\" \/><\/a>a que los pueblos invadidos de nieblas germ\u00e1nicas pudiesen someter a los pueblos bendecidos por la claridad latina. Y este engendro ha desnacionalizado por completo Espa\u00f1a, ha aminorado el patriotismo\u201d, escribe\u00a0<strong>Juan Manuel de Prada<\/strong>\u00a0con una mano sobre el teclado y otra agitando el hisopo.<\/span><\/p>\n<p style=\"text-align: justify;\"><span style=\"font-size: 14pt; font-family: arial, helvetica, sans-serif;\">Es curioso c\u00f3mo el\u00a0<em>affaire\u00a0<\/em>Puigdemont est\u00e1 despabilando la conciencia antieurope\u00edsta de nuestra ultraderecha disimulada. Nada se dijo de las \u201cnieblas germ\u00e1nicas\u201d cuando estas s\u00ed sometieron la soberan\u00eda espa\u00f1ola imponi\u00e9ndonos la econom\u00eda desigualitaria de la austeridad. Volvemos a lo mismo: ser y defender lo nuestro y a los nuestros, con la Luger y el hisopo, y con el mismo hedor a viejos calendarios.<\/span><\/p>\n<p style=\"text-align: justify;\"><span style=\"font-size: 14pt; font-family: arial, helvetica, sans-serif;\"><em><a href=\"https:\/\/puntocritico.com\/ausajpuntocritico\/wp-content\/uploads\/2018\/04\/elpais.200.jpg\" rel=\"lightbox[10694]\"><img loading=\"lazy\" decoding=\"async\" class=\"size-full wp-image-10825 alignright\" src=\"https:\/\/puntocritico.com\/ausajpuntocritico\/wp-content\/uploads\/2018\/04\/elpais.200.jpg\" alt=\"\" width=\"200\" height=\"297\" \/><\/a>El Pa\u00eds<\/em>\u00a0tampoco est\u00e1 nada contento con los togados germanos de Schleswig-Holstein. En su editorial de hoy, hace una relectura de la decisi\u00f3n de no entregar al\u00a0<em>ex president<\/em>por delitos de rebeli\u00f3n, d\u00e1ndole unas vueltas muy funambulistas al argumentario alem\u00e1n, para concluir que \u201cindependientemente de su calificaci\u00f3n judicial, el\u00a0<em>proc\u00e9s<\/em>\u00a0tuvo un car\u00e1cter violento [\u2026]. Ni el tribunal alem\u00e1n ni la propaganda independentista pueden cambiar esos hechos\u201d. Parece ser que los alemanes, de repente, han dejado de ser mod\u00e9licamente democr\u00e1ticos incluso para el diario social-conservador de Prisa. C\u00f3mo se exalta el patriotismo cuando se nos ense\u00f1a nuestra propia sinraz\u00f3n desde el extranjero. Hasta ahora, todos los medios viejos se hab\u00edan re\u00eddo mucho del fracaso de los nacionalistas catalanes en su af\u00e1n de internacionalizar el conflicto. Ahora que lo han internacionalizado, toca denigrar lo internacional. Muy espa\u00f1ol y mucho espa\u00f1ol, todo esto.\u00a0<em>Der Spiegel<\/em>, la publicaci\u00f3n m\u00e1s influyente de Alemania, escrib\u00eda ayer que \u201clos argumentos del juez\u00a0<strong>Llarena<\/strong>\u00a0fueron destrozados por los jueces alemanes\u201d.<\/span><\/p>\n<p style=\"text-align: justify;\"><span style=\"font-size: 14pt; font-family: arial, helvetica, sans-serif;\"><a href=\"https:\/\/puntocritico.com\/ausajpuntocritico\/wp-content\/uploads\/2018\/04\/elmundo.200.jpg\" rel=\"lightbox[10694]\"><img loading=\"lazy\" decoding=\"async\" class=\"size-full wp-image-10822 alignright\" src=\"https:\/\/puntocritico.com\/ausajpuntocritico\/wp-content\/uploads\/2018\/04\/elmundo.200.jpg\" alt=\"\" width=\"200\" height=\"275\" \/><\/a>En\u00a0<em>El Mundo<\/em>,\u00a0<strong>Francisco Sosa Wagner<\/strong>tambi\u00e9n dispara sin trinchera contra la decisi\u00f3n judicial germana: \u201c\u00bfPiensan los jueces alemanes que violencia es solo tripular un tanque?\u201d. Es curiosa la reincidencia en el lenguaje militar de los ofendidos por la victoria europea de Puigdemont. Defender lo nuestro y a los nuestros, con el hisopo y la Luger, la pluma y el tanque. No reconocer que la justicia alemana quiz\u00e1 sea menos arbitraria que la nuestra. Huelga de jueces y fiscales para, entre otras causas, defender la separaci\u00f3n de poderes.\u00a0<strong>Federico Jim\u00e9nez Losantos<\/strong>\u00a0pidiendo en su radio que secuestremos a los 200.000 jubilados alemanes de nuestras islas y atentemos contra las cervecer\u00edas de Baviera. Qu\u00e9 sepia, qu\u00e9 sucio, qu\u00e9 absurdo, qu\u00e9 irracional, qu\u00e9 polvoriento (de p\u00f3lvora), qu\u00e9 rancio suena todo. Nunca entender\u00e9 por qu\u00e9 los calendarios del siglo XXI me hieden a tan viejo.<\/span><\/p>\n<p style=\"text-align: center;\"><a href=\"https:\/\/puntocritico.com\/ausajpuntocritico\/wp-content\/uploads\/2018\/03\/Mosca_Punto_Cr\u00edtico_40.png\" rel=\"lightbox[10694]\"><img loading=\"lazy\" decoding=\"async\" class=\"wp-image-9528 aligncenter\" src=\"https:\/\/puntocritico.com\/ausajpuntocritico\/wp-content\/uploads\/2018\/03\/Mosca_Punto_Cr\u00edtico_40.png\" alt=\"\" width=\"40\" height=\"40\" \/><\/a><\/p>\n<p style=\"text-align: justify;\">\u00a0<\/p>\n<h1 style=\"text-align: center;\"><a id=\"ref73\"><\/a><a href=\"#ref73a\">[73]<\/a> Podemos, \u00fanico partido que sube en la encuesta de Metroscopia, que da como ganador a Ciudadanos\u00a0<\/h1>\n<p><span style=\"font-size: 14pt;\">Por EFE<\/span><\/p>\n<div><span style=\"color: #339966;\">Art\u00edculo publicado el 7 de abril de 2018 en<\/span><\/div>\n<div><a href=\"http:\/\/www.publico.es\/politica\/unico-partido-sube-encuesta-metroscopia-da-ganador-ciudadanos.html\" target=\"_blank\" rel=\"noopener\"><span style=\"color: #339966;\">http:\/\/www.publico.es\/politica\/unico-partido-sube-encuesta-metroscopia-da-ganador-ciudadanos.html<\/span><\/a><\/div>\n<div>\u00a0<\/div>\n<div>\u00a0<\/div>\n<div>\n<figure id=\"attachment_10831\" aria-describedby=\"caption-attachment-10831\" style=\"width: 660px\" class=\"wp-caption aligncenter\"><a href=\"https:\/\/puntocritico.com\/ausajpuntocritico\/wp-content\/uploads\/2018\/04\/5a73bd004768f.jpg\" rel=\"lightbox[10694]\"><img loading=\"lazy\" decoding=\"async\" class=\"wp-image-10831 size-full\" src=\"https:\/\/puntocritico.com\/ausajpuntocritico\/wp-content\/uploads\/2018\/04\/5a73bd004768f.jpg\" alt=\"\" width=\"660\" height=\"340\" srcset=\"https:\/\/puntocritico.com\/ausajpuntocritico\/wp-content\/uploads\/2018\/04\/5a73bd004768f.jpg 660w, https:\/\/puntocritico.com\/ausajpuntocritico\/wp-content\/uploads\/2018\/04\/5a73bd004768f-300x155.jpg 300w\" sizes=\"auto, (max-width: 660px) 100vw, 660px\" \/><\/a><figcaption id=\"caption-attachment-10831\" class=\"wp-caption-text\"><span style=\"font-size: 10pt; color: #339966;\"><strong>Albert Rivera y Pablo Iglesias, durante el debate electoral en la Universidad Carlos III de Madrid (2015). EFE <\/strong><\/span><\/figcaption><\/figure>\n<\/div>\n<div>\n<blockquote>\n<p id=\"m21-20-22\" style=\"text-align: justify;\"><span style=\"font-family: arial, helvetica, sans-serif; font-size: 14pt;\">Ciudadanos, con el 28,7 % de los votos, ganar\u00eda hoy las elecciones generales y se situar\u00eda 8,3 puntos por delante del PP, seg\u00fan un sondeo que publica El Pa\u00eds, mientras que Podemos ser\u00eda el \u00fanico partido que subir\u00eda en estimaci\u00f3n de voto y, con el 18,3 % de los apoyos, estar\u00eda ocho d\u00e9cimas detr\u00e1s del PSOE.<\/span><\/p>\n<\/blockquote>\n<p style=\"text-align: justify;\"><span style=\"font-family: arial, helvetica, sans-serif; font-size: 14pt;\">Ciudadanos, con el 28,7 % de los votos, ganar\u00eda hoy las elecciones generales y se situar\u00eda 8,3 puntos por delante del PP, seg\u00fan un sondeo que publica<i>\u00a0El Pa\u00eds<\/i>, mientras que Podemos ser\u00eda el \u00fanico partido que\u00a0<b>subir\u00eda en estimaci\u00f3n de voto<\/b>\u00a0y, con el 18,3 % de los apoyos, estar\u00eda ocho d\u00e9cimas detr\u00e1s del PSOE.<\/span><\/p>\n<p id=\"m95-1-96\" style=\"text-align: justify;\"><span style=\"font-family: arial, helvetica, sans-serif; font-size: 14pt;\">La encuesta, realizada por Metroscopia los d\u00edas 4 y 5 de abril -en medio de la pol\u00e9mica por el caso del m\u00e1ster de la presidenta de la Comunidad de Madrid, Cristina Cifuentes- da\u00a0<b>ganador<\/b>\u00a0de las elecciones generales a\u00a0<b>Ciudadanos<\/b>, seguido del PP, con un 20,4 % de los votos; el PSOE, con el 19,1 %; Podemos, el 18,3 %, mientras que otros partidos y el voto en blanco obtendr\u00edan el 13,5 % de los sufragios.<\/span><\/p>\n<p id=\"m101-2-102\" style=\"text-align: justify;\"><span style=\"font-family: arial, helvetica, sans-serif; font-size: 14pt;\">El partido que lidera\u00a0<b>Pablo Iglesias\u00a0<\/b>se colocar\u00eda de este modo a menos de un punto de diferencia del PSOE, pero se queda por debajo del 21,1 % de los votos que consigui\u00f3 en las \u00faltimas elecciones generales de 2016, en tanto que el PP cae 1,1 puntos y se coloca en la cifra menor de intenci\u00f3n de voto de los \u00faltimos tres a\u00f1os.<\/span><\/p>\n<p id=\"m107-3-108\" style=\"text-align: justify;\"><span style=\"font-family: arial, helvetica, sans-serif; font-size: 14pt;\">La encuesta revela adem\u00e1s que por primera vez la suma de los votos de los dos nuevos partidos (Ciudadanos y Podemos) alcanza el 47% del electorado, mientas que el PP y el PSOE juntos suman el 39,5 %. Si hoy se celebrasen elecciones, la abstenci\u00f3n alcanzar\u00eda el 35 %, el mayor dato de los \u00faltimos a\u00f1os teniendo en cuenta que en 2016 fue del 30,2 %.<\/span><\/p>\n<p id=\"m113-4-114\" style=\"text-align: justify;\"><span style=\"font-family: arial, helvetica, sans-serif; font-size: 14pt;\">Adem\u00e1s, el sondeo de Metroscopia pone de manifiesto que\u00a0<b>el 84 % de los entrevistados creen que el tiempo de Mariano Rajoy ya ha pasado<\/b>, opini\u00f3n que comparten el 63 % de los votantes del PP, y s\u00f3lo una cuarta parte de los encuestados aprueba la actuaci\u00f3n pol\u00edtica del presidente del Gobierno de los \u00faltimos meses (el 68 % si se trata de sus simpatizantes).<\/span><\/p>\n<p id=\"m119-5-120\" style=\"text-align: justify;\"><span style=\"font-family: arial, helvetica, sans-serif; font-size: 14pt;\">Por el contrario, el 79 % de los votantes del PP aprueban la gesti\u00f3n pol\u00edtica del l\u00edder de Ciudadanos, Albert Rivera, que es adem\u00e1s el m\u00e1s valorado entre los encuestados.\u00a0<b>Ciudadanos tambi\u00e9n es el partido m\u00e1s valorado en esta encuesta<\/b>, que le da un 51 % de aprobaci\u00f3n a la formaci\u00f3n naranja, y el que m\u00e1s ilusi\u00f3n genera, un 38 %, frente al PP, que es el que m\u00e1s desilusiona pues s\u00f3lo un 8 % de los encuestados siente esperanza al grupo pol\u00edtico que encabeza Rajoy.<\/span><\/p>\n<p id=\"m125-6-126\" style=\"text-align: justify;\"><span style=\"font-family: arial, helvetica, sans-serif; font-size: 14pt;\">El sondeo de Metroscopia indica asimismo que el 78 % de los espa\u00f1oles ve \u00abmuy dif\u00edcil\u00bb encontrar trabajo en nuestro pa\u00eds en el momento actual, y que el 90 % opina que los empleos que se ofrecen tienen salarios insuficientes para poder vivir. Adem\u00e1s, un 84 % piensan que la situaci\u00f3n pol\u00edtica en Espa\u00f1a es mala, siendo los m\u00e1s pesimistas los votantes el PSOE y de Ciudadanos.<\/span><\/p>\n<p><a href=\"https:\/\/puntocritico.com\/ausajpuntocritico\/wp-content\/uploads\/2018\/03\/Mosca_Punto_Cr\u00edtico_40.png\" rel=\"lightbox[10694]\"><img loading=\"lazy\" decoding=\"async\" class=\"aligncenter wp-image-9528\" src=\"https:\/\/puntocritico.com\/ausajpuntocritico\/wp-content\/uploads\/2018\/03\/Mosca_Punto_Cr\u00edtico_40.png\" alt=\"\" width=\"40\" height=\"40\" \/><\/a><\/p>\n<\/div>\n<h1>\u00a0<\/h1>\n<h1 style=\"text-align: center;\"><a id=\"ref74\"><\/a><a href=\"#ref74a\">[74]<\/a> \u00abNo voy a permitir que Barcelona se parta en dos, voy a luchar por una ciudad orgullosa de su pluralidad\u201d<\/h1>\n<p style=\"text-align: justify;\"><span style=\"font-size: 14pt;\">Por Andr\u00e9s Gil \/ Neus Tom\u00e0s<\/span><\/p>\n<div><span style=\"color: #339966;\">Art\u00edculo publicado el 7 de abril de 2018 en<\/span><\/div>\n<div><a href=\"https:\/\/www.eldiario.es\/catalunya\/politica\/no-voy-permitir-Barcelona-parta-voy-luchar-ciudad-orgullosa-pluralidad_0_756975145.html\" target=\"_blank\" rel=\"noopener\"><span style=\"color: #339966;\">https:\/\/www.eldiario.es\/catalunya\/politica\/no-voy-permitir-Barcelona-parta-voy-luchar-ciudad-orgullosa-pluralidad_0_756975145.html<\/span><\/a><\/div>\n<div>\u00a0<\/div>\n<div>\n<header class=\"nav-down\">\n<section class=\"cp-tools md cf \">\n<div class=\"md-social md cl\">\n<blockquote>\n<p style=\"text-align: justify;\"><span style=\"color: #008000;\"><strong><span style=\"font-size: 14pt; font-family: arial, helvetica, sans-serif;\">\u00abEs incre\u00edble la baja intensidad de la democracia espa\u00f1ola y lo poco madura que es\u00bb, afirma Ada Colau<\/span><\/strong><\/span><\/p>\n<p style=\"text-align: justify;\"><span style=\"color: #008000;\"><strong><span style=\"font-size: 14pt; font-family: arial, helvetica, sans-serif;\">\u00abDesde el municipalismo se puede transformar el miedo en esperanza, creando comunidad con los otros y no contra los otros\u00bb, defiende la alcaldesa de Barcelona<\/span><\/strong><\/span><\/p>\n<p style=\"text-align: justify;\"><span style=\"color: #008000;\"><strong><span style=\"font-size: 14pt; font-family: arial, helvetica, sans-serif;\">\u00abInterpelo a los independentistas porque necesitamos un gobierno efectivo para dar la mejor respuesta posible a los muchos temas pendientes.\u00a0Pero tambi\u00e9n necesitamos a un PSOE al lado de la ciudadan\u00eda buscando soluciones democr\u00e1ticas\u00bb<\/span><\/strong><\/span><\/p>\n<p style=\"text-align: justify;\"><span style=\"color: #008000;\"><strong><span style=\"font-size: 14pt; font-family: arial, helvetica, sans-serif;\">\u00abLa monarqu\u00eda nunca se ha significado por defender a la ciudadan\u00eda y sus derechos, pero ha intervenido para actuar de forma autoritaria y al lado de las tesis m\u00e1s duras del PP\u00bb<\/span><\/strong><\/span><\/p>\n<\/blockquote>\n<p>&nbsp;<\/p>\n<\/div>\n<\/section>\n<\/header>\n<div class=\"pg-body\">\n<div id=\"edi-body\" class=\"mce-body mce no-sticky-adv-socios\">\n<p class=\"mce\" style=\"text-align: justify;\"><iframe loading=\"lazy\" src=\"https:\/\/www.youtube.com\/embed\/EwcUgKR3tso\" width=\"643\" height=\"362\" frameborder=\"0\" allowfullscreen=\"allowfullscreen\" data-mce-fragment=\"1\"><\/iframe><\/p>\n<p class=\"mce\" style=\"text-align: justify;\"><span style=\"font-family: arial, helvetica, sans-serif; font-size: 14pt;\">Ada Colau (Barcelona, 1974) llega a la redacci\u00f3n de eldiario.es despu\u00e9s de presentar con la alcaldesa de Madrid, Manuela Carmena, una exposici\u00f3n sobre los 16 d\u00edas del No Pasar\u00e1n del Madrid de 1936.\u00a0<a class=\"mce\" href=\"https:\/\/www.eldiario.es\/madrid\/Carmena-Colau-recuerdan-Madrid-antifascista_0_756974740.html\" target=\"_blank\" rel=\"noopener\">Colau ha recordado en el acto las palabras de Llu\u00eds Companys en marzo de 1937<\/a>, hace 81 a\u00f1os, que se hicieron c\u00e9lebres: \u00abMadrile\u00f1os, Catalunya os ama; Catalunya os ama\u00bb.<\/span><\/p>\n<p class=\"mce\" style=\"text-align: justify;\"><span style=\"font-family: arial, helvetica, sans-serif; font-size: 14pt;\">Esas palabras de cari\u00f1o parecen irreales\u00a0a d\u00eda de hoy, en un momento en el que el choque institucional entre el anterior Govern de la Generalitat y el Estado a ra\u00edz del 1-O y la DUI ha terminado con la intervenci\u00f3n de la autonom\u00eda catalana a trav\u00e9s del art\u00edculo 155 de la Constituci\u00f3n apoyado por el PP, PSOE y Ciudadanos; as\u00ed como con el procesamiento, encarcelamiento y fuga de los l\u00edderes independentistas.<\/span><\/p>\n<p class=\"mce\" style=\"text-align: justify;\"><span style=\"font-family: arial, helvetica, sans-serif; font-size: 14pt;\">Y de eso habla Colau, de c\u00f3mo superar el bloqueo; de los l\u00edmites de la instituci\u00f3n; de c\u00f3mo convertir la reflexi\u00f3n te\u00f3rica en intervenci\u00f3n pol\u00edtica; y de la gesti\u00f3n de una de las ciudades m\u00e1s importantes de Europa. Y para todo ello reclama \u00abmucha, mucha, mucha pol\u00edtica\u00bb.<\/span><\/p>\n<p class=\"mce\" style=\"text-align: justify;\"><span style=\"font-family: arial, helvetica, sans-serif; font-size: 14pt;\"><strong class=\"mce\">\u00bfPor qu\u00e9 esas palabras de Companys que evidencian la fraternidad de los diferentes pueblos hoy parecen tan excepcionales?<\/strong><\/span><\/p>\n<p class=\"mce\" style=\"text-align: justify;\"><span style=\"font-family: arial, helvetica, sans-serif; font-size: 14pt;\">En la memoria popular y en la de nuestras ciudades no suena extra\u00f1o; lo triste es que se tenga que reivindicar desde la instituci\u00f3n como algo excepcional. Es incre\u00edble la baja intensidad de la democracia espa\u00f1ola y lo poco madura que es. Y se ve en asuntos cruciales como estos. En Par\u00eds y en Berl\u00edn celebran la resistencia antifascista como un referente de la conquista democr\u00e1tica. Durante 40 a\u00f1os de dictadura se ha reprimido esa memoria antifascista democr\u00e1tica, pero a\u00fan es m\u00e1s triste que en 40 a\u00f1os de democracia ha sido tab\u00fa hablar del tema. Y quien se ha encargado de hacer la memoria han sido asociaciones y entidades de memoria y derechos humanos. Rar\u00edsimamente ha habido ese reconocimiento institucional.<\/span><\/p>\n<p class=\"mce\" style=\"text-align: justify;\"><span style=\"font-family: arial, helvetica, sans-serif; font-size: 14pt;\">Hay una debilidad democr\u00e1tica profunda que con el contexto entre Catalunya y el Gobierno del Estado todav\u00eda se recrudece m\u00e1s. No s\u00f3lo por una cuesti\u00f3n catalana, sino tambi\u00e9n por el recorte de libertades con raperos en prisi\u00f3n y\u00a0<a class=\"mce\" href=\"https:\/\/www.eldiario.es\/madrid\/Carmena-inauguracion-ARCO-Santiago-Sierra_0_742975921.html\" target=\"_blank\" rel=\"noopener\">retirada de obras en una exposici\u00f3n en Madrid<\/a>. En un Estado democr\u00e1tico fuerte y seguro de s\u00ed mismo estas respuestas desmesuradas y autoritarias no se dar\u00edan, y tiene una relaci\u00f3n directa con el hecho de que no se haya educado con la memoria hist\u00f3rica y en c\u00f3mo se ha conquistado la democracia con la lucha y el sacrificio de miles de personas que dieron su vida por defender la democracia frente al fascismo.<\/span><\/p>\n<p class=\"mce\" style=\"text-align: justify;\"><span style=\"font-family: arial, helvetica, sans-serif; font-size: 14pt;\">La batalla de Madrid para m\u00ed es un s\u00edmbolo muy fuerte de que no es verdad que la lucha fue entre dos Espa\u00f1as. Era la lucha entre quienes defend\u00edan la democracia, la rep\u00fablica, la libertad, la fraternidad y la igualdad frente al fascismo y el autoritarismo.\u00a0<\/span><\/p>\n<p class=\"mce\" style=\"text-align: justify;\"><span style=\"font-family: arial, helvetica, sans-serif; font-size: 14pt;\"><strong class=\"mce\">Dice que se est\u00e1n estrechando los m\u00e1rgenes de la libertad y la expresi\u00f3n. \u00bfLo interpreta como una respuesta reaccionaria a la crisis de r\u00e9gimen?<\/strong><\/span><\/p>\n<p class=\"mce\" style=\"text-align: justify;\"><span style=\"font-family: arial, helvetica, sans-serif; font-size: 14pt;\">Con la globalizaci\u00f3n se generan muchas incertidumbres y miedos leg\u00edtimos: a que las pr\u00f3ximas generaciones no tienen su futuro asegurado; a la continuidad del planeta; a la p\u00e9rdida del trabajo y tu casa&#8230; El sistema neoliberal aumenta el individualismo y la sensaci\u00f3n de soledad de quienes est\u00e1n solos frente al mundo. Y la extrema derecha, como ha pasado en otros momentos de la historia, lo ha sabido leer: el neofascismo est\u00e1 surgiendo en Europa y EE UU.<\/span><\/p>\n<p class=\"mce\" style=\"text-align: justify;\"><span style=\"font-family: arial, helvetica, sans-serif; font-size: 14pt;\">Adem\u00e1s, tenemos nuestro patrimonio local especialmente fecundo, con una Transici\u00f3n que seguro que se hizo bien en muchas cosas y en un momento dif\u00edcil para dejar atr\u00e1s la dictadura y empezar la democracia, pero algunas otras quedaron pendientes, y una es la memoria democr\u00e1tica antifascista y republicana. Ahora se pagan las consecuencias de no haber hecho ese trabajo de memoria, con un gobierno de derechas del PP que no ha acabado de romper con su pasado fascista. Y lo estamos viendo con la pol\u00e9mica que han generado con esta exposici\u00f3n de memoria de la lucha antifascista en Madrid. Cuando eso es un referente democr\u00e1tico en toda Europa, aqu\u00ed al PP le averg\u00fcenza esa memoria y permite que exista la Fundaci\u00f3n Franco, que reciba ayudas y reivindique la figura del dictador.<\/span><\/p>\n<p class=\"mce\" style=\"text-align: justify;\"><span style=\"font-family: arial, helvetica, sans-serif; font-size: 14pt;\"><strong class=\"mce\">Hablaba de democracia de baja intensidad, en pleno contexto del conflicto catal\u00e1n. Pero hay mucha gente que se pregunta d\u00f3nde est\u00e1 la izquierda de este pa\u00eds. \u00bfTiene la percepci\u00f3n de que est\u00e1 dormida?<\/strong><\/span><\/p>\n<p class=\"mce\" style=\"text-align: justify;\"><span style=\"font-family: arial, helvetica, sans-serif; font-size: 14pt;\">S\u00ed, en general hay un problema de miedos que atraviesan nuestra sociedad. Las reformas liberales, las reformas laborales, han generado situaciones de lucha por la supervivencia que no favorecen que haya movilizaciones a la altura de las circunstancias. Y se echa especialmente de menos a la izquierda en un momento de crisis en el que m\u00e1s se necesitan voces constructivas y propositivas que permitan un horizonte distinto con m\u00e1s derechos, libertad y democracia.<\/span><\/p>\n<p class=\"mce\" style=\"text-align: justify;\"><span style=\"font-family: arial, helvetica, sans-serif; font-size: 14pt;\">Pero s\u00ed hay voces, y con el conflicto en Catalunya agradezco much\u00edsimo como barcelonesa y catalana la posici\u00f3n de Unidos Podemos, que no se ha dejado intimidar por el c\u00e1lculo de ganar o perder votos en las pr\u00f3ximas elecciones como hacen el resto de partidos, y ha hecho una apuesta valiente por el di\u00e1logo por la que tambi\u00e9n ha recibido duras cr\u00edticas del independentismo. Una apuesta por la pol\u00edtica; por el reconocimiento a dos millones de personas que se movilizan desde hace a\u00f1os y en contra de la judicializaci\u00f3n de la pol\u00edtica. S\u00ed que reconozco esa valent\u00eda y esa izquierda que intenta renovarse para buscar soluciones en positivo; y en cambio el PSOE es el gran ausente en esta crisis.<\/span><\/p>\n<p class=\"mce\" style=\"text-align: justify;\"><span style=\"font-family: arial, helvetica, sans-serif; font-size: 14pt;\">A nadie nos sorprende que los partidos de derechas como el PP y Ciudadanos alimenten el conflicto con el que ganan votos; no tienen incentivos para encontrar una soluci\u00f3n democr\u00e1tica y constructiva, pero el PSOE es un partido tiene que buscar respuestas democr\u00e1ticas y constructivas diferentes a las de la derecha. Y hemos visto al PSOE de Pedro S\u00e1nchez muy alienado con las posiciones de PP y Ciudadanos. Para ser duros y autoritarios ya tenemos a la derecha aut\u00e9ntica, no hace falta que el PSOE se ponga a su lado. Necesitamos un PSOE a la altura de sus siglas y que se ponga al lado de la ciudadan\u00eda buscando soluciones democr\u00e1ticas.<\/span><\/p>\n<p class=\"mce\" style=\"text-align: justify;\"><span style=\"font-family: arial, helvetica, sans-serif; font-size: 14pt;\"><strong class=\"mce\">Pero parece que al PSOE, seg\u00fan las encuestas, le da m\u00e1s r\u00e9ditos en Espa\u00f1a esa posici\u00f3n que a Unidos Podemos.<\/strong><\/span><\/p>\n<p class=\"mce\" style=\"text-align: justify;\"><span style=\"font-family: arial, helvetica, sans-serif; font-size: 14pt;\">Tampoco le da tan bien, \u00bfno?<\/span><\/p>\n<p class=\"mce\" style=\"text-align: justify;\"><span style=\"font-family: arial, helvetica, sans-serif; font-size: 14pt;\"><strong class=\"mce\">Resiste, no baja.<\/strong><\/span><\/p>\n<p class=\"mce\" style=\"text-align: justify;\"><span style=\"font-family: arial, helvetica, sans-serif; font-size: 14pt;\">Pero no gana. La ciudadan\u00eda en general est\u00e1 muy cansada de que los mensajes sean negativos, de bloqueo, de consolidar y reproducir ese discurso de que hay dos Espa\u00f1as o Catalunya y Espa\u00f1a, esos discursos que dividen a la ciudadan\u00eda. Una propuesta general, un discurso institucional, y especialmente si es progresista y de izquierdas tiene que ser inclusivo, abierto, que reconozca la pluralidad, que busca puentes entre las diferencias para ver lo que tenemos en com\u00fan&#8230;<\/span><\/p>\n<p class=\"mce\" style=\"text-align: justify;\"><span style=\"font-family: arial, helvetica, sans-serif; font-size: 14pt;\">Se ha echado mucho de menos al PSOE, incluso en el PSC veo m\u00e1s voces que entienden eso y que en alg\u00fan momento lo intentan. Hace poco Miquel Iceta propon\u00eda un gobierno de concentraci\u00f3n, transversal; Xavi Dom\u00e8nech tambi\u00e9n ha hecho una propuesta de gobiernos de independientes si los independentistas no son capaces de formar gobierno. Pero Pedro S\u00e1nchez y el PSOE salieron a desautorizar a Iceta, y yo le pedir\u00eda a Pedro S\u00e1nchez que conf\u00ede en los socialistas catalanes y que les deje trabajar por una soluci\u00f3n en positivo, constructiva y que permita hacer una propuesta para un horizonte de salida de los bloques.<\/span><\/p>\n<p class=\"mce\" style=\"text-align: justify;\"><span style=\"font-family: arial, helvetica, sans-serif; font-size: 14pt;\"><strong class=\"mce\">Las propuestas de Iceta y Dom\u00e8nech han sido descartadas por el resto de partidos. Los comuns han dejado claro que no facilitar\u00e1n la investidura de un candidato de JxCat. \u00bfPero si el candidato fuese de ERC qu\u00e9 har\u00edan?<\/strong><\/span><\/p>\n<p class=\"mce\" style=\"text-align: justify;\"><span style=\"font-family: arial, helvetica, sans-serif; font-size: 14pt;\">Fuimos muy claros en campa\u00f1a no haciendo c\u00e1lculos electorales: no vamos a alimentar que gane un bloque sobre otro bloque. Lo m\u00e1s tr\u00e1gico es dividir el pa\u00eds en dos mitades, y no vamos a alimentar esa idea nunca. Estamos radicalmente en contra de dividir la poblaci\u00f3n en bloques, en dos mitades que parecen irreconciliables.<\/span><\/p>\n<p class=\"mce\" style=\"text-align: justify;\"><span style=\"font-family: arial, helvetica, sans-serif; font-size: 14pt;\">Vamos a apostar siempre por soluciones transversales que reconozcan la pluralidad de Catalunya y que busquen los puntos en com\u00fan. Por eso la propuesta de Xavi Dom\u00e8nech sigue viva: buscamos una f\u00f3rmula transversal, limitada en el tiempo y que permita formar un gobierno efectivo. Hay que recuperar la Generalitat; acabar con el 155 y empezar a deshacer ese camino de judicializaci\u00f3n que ha sido un desastre desde todos lo puntos de vista.<\/span><\/p>\n<p class=\"mce\" style=\"text-align: justify;\"><span style=\"font-family: arial, helvetica, sans-serif; font-size: 14pt;\">Para hacer eso, hace falta un gobierno que puede ser de independientes, de concentraci\u00f3n como dec\u00eda Iceta. Lo que hace falta es pol\u00edtica, mucha pol\u00edtica, y que la gente se siente a hablar. Eso no es tan f\u00e1cil a trav\u00e9s de los medios de comunicaci\u00f3n, pero hace falta que todos los responsables de los partidos pol\u00edticos hablen, especialmente de las fuerzas catalanistas en el sentido m\u00e1s amplio y por eso decimos que tiene que estar el PSC para que no sea un bloque que deje a otro al margen\u00a0y reproducir la situaci\u00f3n de bloqueo que nos ha llevado al desastre.<\/span><\/p>\n<p class=\"mce\" style=\"text-align: justify;\"><span style=\"font-family: arial, helvetica, sans-serif; font-size: 14pt;\">Con un planteamiento amplio y transversal se tiene que hablar, hablar y hablar y encontrar alg\u00fan tipo de candidato o candidata que pueda dar un consenso posible.<\/span><\/p>\n<p class=\"mce\" style=\"text-align: justify;\"><span style=\"font-family: arial, helvetica, sans-serif; font-size: 14pt;\"><strong class=\"mce\">Tiene que ser diputado o diputada.<\/strong><\/span><\/p>\n<p class=\"mce\" style=\"text-align: justify;\"><span style=\"font-family: arial, helvetica, sans-serif; font-size: 14pt;\">S\u00ed, s\u00ed, que entre todos los nombres se busque a alguien y seguro que se puede encontrar. Sobre todo si, como ha planteado Dom\u00e8nech,\u00a0es por un tiempo limitado durante dos a\u00f1os, y que quien se presente lo haga con el compromiso de no repetir para que no haya suspicacias. Se puede armar de muchas maneras, con consensos sociales y no s\u00f3lo parlamentarios.<\/span><\/p>\n<p class=\"mce\" style=\"text-align: justify;\"><span style=\"font-family: arial, helvetica, sans-serif; font-size: 14pt;\"><strong class=\"mce\">Los partidos independentistas lo han descartado p\u00fablicamente. \u00bfY en privado?<\/strong><\/span><\/p>\n<p class=\"mce\" style=\"text-align: justify;\"><span style=\"font-family: arial, helvetica, sans-serif; font-size: 14pt;\">No me consta que exista una negociaci\u00f3n, pero la pedimos, porque en privado todos los partidos, excepto la CUP, que dice siempre lo mismo en privado que en p\u00fablico, te reconocen que hay que hacer un gobierno efectivo.\u00a0<\/span><\/p>\n<p class=\"mce\" style=\"text-align: justify;\"><span style=\"font-family: arial, helvetica, sans-serif; font-size: 14pt;\">Incluso desde su estricto punto de vista independentista, para recuperar la Generalitat para defender a las personas que est\u00e1n en prisi\u00f3n e intentar hacer que salgan, va a ser m\u00e1s sencillo tener un gobierno de la Generalitat como interlocutor para negociar con el Estado que no teniendo.<\/span><\/p>\n<p class=\"mce\" style=\"text-align: justify;\"><span style=\"font-family: arial, helvetica, sans-serif; font-size: 14pt;\">Desde el punto de vista de Catalunya como pa\u00eds; el primer paso es un gobierno efectivo que haga funcionar la Generalitat al m\u00e1ximo rendimiento y no al m\u00ednimo rendimiento que es como lo tenemos ahora.<\/span><\/p>\n<p class=\"mce\" style=\"text-align: justify;\"><span style=\"font-family: arial, helvetica, sans-serif; font-size: 14pt;\"><strong class=\"mce\">\u00bfC\u00f3mo ha vivido este proceso como la alcaldesa de la capital catalana? \u00bfSiente que le han estirado de un lado y de otro?<\/strong><\/span><\/p>\n<p class=\"mce\" style=\"text-align: justify;\"><span style=\"font-family: arial, helvetica, sans-serif; font-size: 14pt;\">Desde los partidos pol\u00edticos, evidentemente, me han intentado estirar y tensionar much\u00edsimo. Pero no voy a permitir que se parta Barcelona en dos y voy a luchar por una sola Barcelona, plural, orgullosa de su diversidad y pluralidad social y pol\u00edtica. Que es innovadora, cosmopolita, abierta al mundo, tolerante, solidaria y esta es la identidad y el ADN de nuestra ciudad. Voy a luchar por esa Barcelona que amo y quiero, y ofreci\u00e9ndola tambi\u00e9n como un escenario de seducci\u00f3n.<\/span><\/p>\n<p class=\"mce\" style=\"text-align: justify;\"><span style=\"font-family: arial, helvetica, sans-serif; font-size: 14pt;\">Y mientras existe esta situaci\u00f3n de bloqueo institucional, la vida sigue, en la educaci\u00f3n, las escuelas infantiles, la vivienda, la econom\u00eda, y llevamos meses sin una Generalitat con la que reunirnos, financiando servicios que no nos tocan en educaci\u00f3n y vivienda, y necesitamos ese interlocutor.<\/span><\/p>\n<p class=\"mce\" style=\"text-align: justify;\"><span style=\"font-family: arial, helvetica, sans-serif; font-size: 14pt;\">Mientras no se hace, nuestra responsabilidad es hacer que Barcelona est\u00e9 a pleno rendimiento y no se pare ni se quede atascada, sino que demuestre que somos una ciudad de convivencia y que seguimos trabajando juntos para mejorar la realidad cotidiana.<\/span><\/p>\n<p class=\"mce\" style=\"text-align: justify;\"><iframe loading=\"lazy\" src=\"https:\/\/www.youtube.com\/embed\/LjFy55Hlm98\" width=\"643\" height=\"362\" frameborder=\"0\" allowfullscreen=\"allowfullscreen\" data-mce-fragment=\"1\"><\/iframe><\/p>\n<p class=\"mce\" style=\"text-align: justify;\"><span style=\"font-family: arial, helvetica, sans-serif; font-size: 14pt;\"><strong class=\"mce\">Hace unos a\u00f1os, en enero de 2015,<a class=\"mce\" href=\"https:\/\/www.eldiario.es\/politica\/Grecia-primer-revolucion-democratica-Europa_0_349265166.html\" target=\"_blank\" rel=\"noopener\">\u00a0hicimos una entrevista<\/a>\u00a0en la coment\u00f3 que \u00abs\u00f3lo ganando las elecciones no se gana; s\u00f3lo ganando no vamos a recuperar la democracia\u00bb. Ahora queda menos para las siguientes. \u00bfHa sido as\u00ed? Adem\u00e1s, se ha\u00a0cruzado el\u00a0debate nacional que no estaba previsto.<\/strong><\/span><\/p>\n<p class=\"mce\" style=\"text-align: justify;\"><span style=\"font-family: arial, helvetica, sans-serif; font-size: 14pt;\">Efectivamente, no estaba previsto para nosotros, que hicimos el paso por primera vez a la pol\u00edtica institucional y asumimos sin pasar por la oposici\u00f3n el gobierno de una ciudad como Barcelona.\u00a0 Y lo hicimos con 11 concejales de 41. A eso hay que a\u00f1adir que nos haya tocado uno de los periodos m\u00e1s complicados de la historia de la democracia en los \u00faltimos 40 a\u00f1os. No ha sido sencillo. Claro que nos ha alterado la agenda y se han generado situaciones de frustraci\u00f3n porque nos siguen interpelando: la administraci\u00f3n local es lo m\u00e1s cercano a la ciudadan\u00eda, a la que no le importa de qui\u00e9n dependen los presupuestos, por ejemplo. Quiere soluciones, y te lo piden con m\u00e1s insistencia.<\/span><\/p>\n<p class=\"mce\" style=\"text-align: justify;\"><span style=\"font-family: arial, helvetica, sans-serif; font-size: 14pt;\">Que la agenda pol\u00edtica y medi\u00e1tica haya estado tan centrada en el bloqueo de las relaciones entre Catalunya y el Estado nos ha perjudicado much\u00edsimo a la hora de poner las prioridades sociales en la agenda.<\/span><\/p>\n<p class=\"mce\" style=\"text-align: justify;\"><span style=\"font-family: arial, helvetica, sans-serif; font-size: 14pt;\">Nosotros hemos seguido trabajando porque la realidad nos interpela cada d\u00eda y tenemos que dar respuesta. Barcelona ahora es l\u00edder en inversi\u00f3n social en el Estado; es l\u00edder en transparencia; nos han reconocido en Europa como una de las experiencias pioneras en lucha contra la pobreza energ\u00e9tica; hemos hecho la oferta p\u00fablica mayor para reforzar los servicios p\u00fablicos de la ciudad de Barcelona de toda la historia de la democracia. Mantenemos nuestras prioridades porque son una demanda de la ciudadan\u00eda.<\/span><\/p>\n<p class=\"mce\" style=\"text-align: justify;\"><span style=\"font-family: arial, helvetica, sans-serif; font-size: 14pt;\"><strong class=\"mce\">Vamos a esas pol\u00edticas concretas que cita. \u00bfSi en un mes no consigue los apoyos para ampliar el tranv\u00eda por la Diagonal dar\u00e1 ya por descartado el proyecto?<\/strong><\/span><\/p>\n<p class=\"mce\" style=\"text-align: justify;\"><span class=\"mce\" style=\"font-family: arial, helvetica, sans-serif; font-size: 14pt;\">Tenemos el pleno el pr\u00f3ximo 10 de abril, o sea que tenemos una semana. El trabajo t\u00e9cnico esta hecho, esta todo a punto para hacer la conexi\u00f3n entre los dos grandes tramos. Y ese peque\u00f1o tramo que falta significa multiplicar por much\u00edsimo las capacidades de movilidad y de reducci\u00f3n de coches.<\/span><\/p>\n<p class=\"mce\" style=\"text-align: justify;\"><span style=\"font-family: arial, helvetica, sans-serif; font-size: 14pt;\"><strong class=\"mce\">\u00bfEn esta semana cree que podr\u00e1 convencer a alg\u00fan grupo de la oposici\u00f3n?\u00a0<\/strong><\/span><\/p>\n<p class=\"mce\" style=\"text-align: justify;\"><span class=\"mce\" style=\"font-family: arial, helvetica, sans-serif; font-size: 14pt;\">Nosotros hemos construido el consenso social, el vecinal, el institucional puesto que la Generalitat est\u00e1 de acuerdo, tambi\u00e9n con todos los municipios del \u00e1rea metropolitana, y el \u00fanico que falta es el de los grupos municipales. Aqu\u00ed hay algunos grupos y en concreto ERC que tiene que decidir si cumple con su propio programa o por partidismo prefiere desgastar al gobierno y no aprobar un proyecto con el que se comprometi\u00f3 ante su militancia y sus votantes.<\/span><\/p>\n<p class=\"mce\" style=\"text-align: justify;\"><span class=\"mce\" style=\"font-family: arial, helvetica, sans-serif; font-size: 14pt;\">Lo \u00fanico que queda no es la discrepancia de ERC sino la discrepancia de Alfred Bosch. \u00c9l ha manifestado su voluntad de volverse a presentar como candidato a la alcald\u00eda y la pregunta es si prioriza los intereses a corto plazo o el inter\u00e9s de la ciudad de Barcelona, las demandas de los ciudadanos y el consenso de su propio partido.<\/span><\/p>\n<p class=\"mce\" style=\"text-align: justify;\"><span class=\"mce\" style=\"font-family: arial, helvetica, sans-serif; font-size: 14pt;\"><iframe loading=\"lazy\" src=\"https:\/\/www.youtube.com\/embed\/STDDgZDNfeg\" width=\"643\" height=\"362\" frameborder=\"0\" allowfullscreen=\"allowfullscreen\" data-mce-fragment=\"1\"><\/iframe><\/span><\/p>\n<p class=\"mce\" style=\"text-align: justify;\"><span style=\"font-family: arial, helvetica, sans-serif; font-size: 14pt;\"><strong class=\"mce\">El a\u00f1o pasado hubo 2.591 desahucios en Barcelona. \u00bfEs imposible reducir esta cifra?\u00a0<\/strong><\/span><\/p>\n<p class=\"mce\" style=\"text-align: justify;\"><span class=\"mce\" style=\"font-family: arial, helvetica, sans-serif; font-size: 14pt;\">Con nosotros los desahucios se han reducido un 19%. Todav\u00eda es insuficiente y no puedo ser autocomplaciente porque conozco bien el sufrimiento que supone cada situaci\u00f3n de desahucio. No nos resignamos a que haya desahucios de familias vulnerables pero gracias a las pol\u00edticas proactivas que hemos hecho se ha creado una unidad de mediaci\u00f3n que no exist\u00eda, se han paralizado m\u00e1s de 2.000 desahucios en dos a\u00f1os, y se han ofrecido soluciones alternativas ya sea negociando con la propiedad para que se puedan quedar o buscando otra. Pero evidentemente todo esto depende de una ley estatal porque los desahucios los regula una ley estatal. Por eso no dejamos de interpelar al Gobierno del PP para que se cambie la legislaci\u00f3n.<\/span><\/p>\n<p class=\"mce\" style=\"text-align: justify;\"><span style=\"font-family: arial, helvetica, sans-serif; font-size: 14pt;\"><strong class=\"mce\">\u00bfEstando en el despacho de la alcald\u00eda se ha dado cuenta que a lo mejor era m\u00e1s dif\u00edcil de lo que parec\u00eda cuando usted estaba en la PAH?\u00a0<\/strong><\/span><\/p>\n<p class=\"mce\" style=\"text-align: justify;\"><span class=\"mce\" style=\"font-family: arial, helvetica, sans-serif; font-size: 14pt;\">Yo he comprobado que se pod\u00eda hacer mucho m\u00e1s de lo que se estaba haciendo. Hemos puesto recursos e insisto se han parado m\u00e1s de 2.000. Pero hay que ir a la legislaci\u00f3n. Hay una propuesta de la PAH en el Congreso de los Diputados y el PP y Ciudadanos han impedido que se debatiese. Unidos Podemos entrar\u00e1 nuevas propuestas y es ah\u00ed donde hay que discutirlo. La clave es si se trata la vivienda como un derecho o como negocio. Primero tuvimos la burbuja de las hipotecas y ahora tenemos la de los alquileres.<\/span><\/p>\n<p class=\"mce\" style=\"text-align: justify;\"><span style=\"font-family: arial, helvetica, sans-serif; font-size: 14pt;\"><strong class=\"mce\">Sectores econ\u00f3micos de la ciudad, por ejemplo el Gremio de Hoteleros, lamentan que el Ayuntamiento no destaque el activo que representa el turismo para Barcelona. \u00bfSigue este pulso que mantienen desde el primer d\u00eda?<\/strong><\/span><\/p>\n<p class=\"mce\" style=\"text-align: justify;\"><span class=\"mce\" style=\"font-family: arial, helvetica, sans-serif; font-size: 14pt;\">Cuando he hablado con los hoteleros me han reconocido que ten\u00edan sus miedos respecto a nosotros y se puede entender porque no nos conoc\u00edamos y entramos diciendo que hab\u00eda que poner orden. Entiendo que de entrada se asustar\u00e1n pero ahora viendo los resultados creo que se ha construido un consenso en el que todo el mundo est\u00e1 de acuerdo en que hab\u00eda que poner orden. Por el propio bien del sector y no solo por el de los vecinos afectados por la masificaci\u00f3n tur\u00edstica.<\/span><\/p>\n<p class=\"mce\" style=\"text-align: justify;\"><span class=\"mce\" style=\"font-family: arial, helvetica, sans-serif; font-size: 14pt;\">Los hoteleros nos reconocen que Barcelona es pionera en la lucha contra los pisos tur\u00edsticos ilegales, una de las pr\u00e1cticas que m\u00e1s les perjudica a ellos. En realidad nos reconocen el liderazgo contra el intrusismo y las malas praxis. Adem\u00e1s, creo que han entendido que poner orden en la planificaci\u00f3n hotelera tambi\u00e9n les conviene.\u00a0<\/span><\/p>\n<p class=\"mce\" style=\"text-align: justify;\"><span class=\"mce\" style=\"font-family: arial, helvetica, sans-serif; font-size: 14pt;\">Es una obviedad que en el centro no se puede construir m\u00e1s porque necesitamos vecinos y no que se convierta en un parque tem\u00e1tico. S\u00ed se puede crecer en unas determinadas zonas con unas determinadas condiciones. En 2017, a pesar del contexto pol\u00edtico del \u00faltimo trimestre, cerr\u00f3 con crecimiento.\u00a0<\/span><\/p>\n<p class=\"mce\" style=\"text-align: justify;\"><span style=\"font-family: arial, helvetica, sans-serif; font-size: 14pt;\"><strong class=\"mce\">En Madrid, como en Barcelona y otras grandes ciudades, existe ese problema de ciudadanos expulsados de los centros de las ciudades por la subida de los alquileres y por las operaciones de fondos de inversi\u00f3n que convierten edificios en apartamentos tur\u00edsticos. \u00bfQu\u00e9 se puede hacer?<\/strong><\/span><\/p>\n<p class=\"mce\" style=\"text-align: justify;\"><span style=\"font-family: arial, helvetica, sans-serif; font-size: 14pt;\">No hay que asumir que la especulaci\u00f3n es un hecho inevitable y menos con un bien de primera necesidad como es la vivienda. Hay lugares donde est\u00e1 m\u00e1s regulado, como el parque de vivienda p\u00fablica que hay en Viena. Aparte de generar un parque p\u00fablico robusto y significativo, hay que limitar la especulaci\u00f3n, y se puede hacer con las leyes sin limitar que haya un negocio inmobiliario. El PP ha dado barra libre a los especuladores: las \u00faltimas reformas fiscales son de esc\u00e1ndalo, porque pone autopistas a fondos buitre para que vengan a nuestras ciudades a especular y que los ayuntamientos no podamos hacer nada.<\/span><\/p>\n<p class=\"mce\" style=\"text-align: justify;\"><span style=\"font-family: arial, helvetica, sans-serif; font-size: 14pt;\">La reforma fiscales que se hizo para los fondos buitre (Socimis) que compran grandes paquetes de vivienda para el alquiler les permite pagar cero impuestos mientras los ciudadanos pagamos los nuestros. Si pagan cero impuestos al menos que sea a cambio de que ese alquiler sea asequible para los ciudadanos. Pero el PP les ha dicho: las ciudades son vuestras, pod\u00e9is venir, comprar, os subvencionamos porque no os cobramos la fiscalidad y encima no os ponemos ninguna condici\u00f3n. La otra barbaridad del PP es subvencionar que venga gente muy rica y compre viviendas por encima de 500.000 y a cambio les da los papeles que a los trabajadores pobres les niega a trav\u00e9s de la ley de extranjer\u00eda.<\/span><\/p>\n<p class=\"mce\" style=\"text-align: justify;\"><span style=\"font-family: arial, helvetica, sans-serif; font-size: 14pt;\">Eso es una aberraci\u00f3n democr\u00e1tica, porque condiciona la ciudadan\u00eda a ser rico y que\u00a0 compres una casa de lujo. Son leyes muy concretas que es f\u00e1cil modificar para empezar a revertir la situaci\u00f3n. Se pueden hacer much\u00edsimas cosas, adem\u00e1s de destinar un presupuesto que est\u00e9 a la altura de las circunstancias, porque el Estado ha recortado un 70% en vivienda.<\/span><\/p>\n<p class=\"mce\" style=\"text-align: justify;\"><span style=\"font-family: arial, helvetica, sans-serif; font-size: 14pt;\"><strong class=\"mce\">Tanto Madrid como Barcelona han tenido conflictos con el Gobierno y su ministro de Hacienda, Crist\u00f3bal Montoro, por el techo de gasto y la incapacidad para invertir en ciudades con super\u00e1vit. \u00bfHasta qu\u00e9 punto hay margen en la instituci\u00f3n para hacer cosas?<\/strong><\/span><\/p>\n<p class=\"mce\" style=\"text-align: justify;\"><span style=\"font-family: arial, helvetica, sans-serif; font-size: 14pt;\">Hay muchos m\u00e1s l\u00edmites de los que quisi\u00e9ramos&#8230;<\/span><\/p>\n<p class=\"mce\" style=\"text-align: justify;\"><span style=\"font-family: arial, helvetica, sans-serif; font-size: 14pt;\"><strong class=\"mce\">&#8230; y la velocidad de la burocracia.<\/strong><\/span><\/p>\n<p class=\"mce\" style=\"text-align: justify;\"><span style=\"font-family: arial, helvetica, sans-serif; font-size: 14pt;\">S\u00ed, s\u00ed. Entras y las cosas son m\u00e1s lentas de lo que te gustar\u00eda porque hay que hacer muchos tr\u00e1mites y movilizar grandes estructuras. Y es verdad que hay un gobierno del Estado que es antimunicipalista. Eso es as\u00ed. Empezando porque la financiaci\u00f3n de los ayuntamientos en Espa\u00f1a en comparaci\u00f3n con otros pa\u00edses europeos es \u00ednfima, cuando en realidad somos la administraci\u00f3n que est\u00e1 en el d\u00eda a d\u00eda y afronta las necesidades b\u00e1sicas de la poblaci\u00f3n, y cada vez m\u00e1s porque la poblaci\u00f3n se concentra en las ciudades.<\/span><\/p>\n<p class=\"mce\" style=\"text-align: justify;\"><span style=\"font-family: arial, helvetica, sans-serif; font-size: 14pt;\">Habr\u00eda que revisar todo el sistema de financiaci\u00f3n, no s\u00f3lo en beneficio de los ayuntamientos. El Estado tiene que entender que es una estructura muy antigua, decimon\u00f3nica y lenta que no puede dar la respuesta \u00e1gil que la ciudadan\u00eda necesita. Los ayuntamientos son aliados claves para dar respuesta a las necesidades b\u00e1sicas.<\/span><\/p>\n<p class=\"mce\" style=\"text-align: justify;\"><span style=\"font-family: arial, helvetica, sans-serif; font-size: 14pt;\">Montoro dice que quiere reducir la deuda, pero ataca a los ayuntamientos, que son las instituciones menos endeudadas y que han hecho los deberes, y acaba promoviendo una privatizaci\u00f3n porque no puedes hacer oferta p\u00fablica y contratar trabajadores: se ha ido subcontratando para cubrir necesidades b\u00e1sicas.<\/span><\/p>\n<p class=\"mce\" style=\"text-align: justify;\"><span style=\"font-family: arial, helvetica, sans-serif; font-size: 14pt;\">CiU hab\u00eda empezado a privatizar escuelas infantiles, que hemos revertido, y ahora estamos pensando hacer una funeraria p\u00fablica para que morirse no sea tan caro en Barcelona.<\/span><\/p>\n<p class=\"mce\" style=\"text-align: justify;\"><span style=\"font-family: arial, helvetica, sans-serif; font-size: 14pt;\"><strong class=\"mce\">\u00bfCree que tendr\u00e1 apoyo para impulsarla?<\/strong><\/span><\/p>\n<p class=\"mce\" style=\"text-align: justify;\"><span style=\"font-family: arial, helvetica, sans-serif; font-size: 14pt;\">Una vez m\u00e1s, los partidos progresistas y de izquierdas nos dicen en privado que est\u00e1n a favor, pero \u00bfde verdad van a votar en contra para erosionar a Barcelona en Com\u00fa en lugar de apoyar algo que quieren la mayor\u00eda de los ciudadanos? Es un consenso social, una demanda ciudadana y para un partido que se supone tiene que priorizar a las personas m\u00e1s vulnerables que puedan acceder a servicios tan b\u00e1sicos como un entierro digno, no concibo que no se vaya a votar a favor.<\/span><\/p>\n<p class=\"mce\" style=\"text-align: justify;\"><span style=\"font-family: arial, helvetica, sans-serif; font-size: 14pt;\"><strong class=\"mce\">Tras la ruptura del pacto con el PSC se ha demostrado lo complicado que es gobernar con solo 11 concejales.<\/strong><\/span><\/p>\n<p class=\"mce\" style=\"text-align: justify;\"><span style=\"font-family: arial, helvetica, sans-serif; font-size: 14pt;\">Pero eso ya pasaba con el PSC. Ellos tienen cuatro concejales, y con ellos no consegu\u00edamos ninguna mayor\u00eda. Al contrario, hab\u00eda partidos que eran m\u00e1s reacios a negociar con nosotros por nuestro pacto con el PSC.<\/span><\/p>\n<p class=\"mce\" style=\"text-align: justify;\"><span style=\"font-family: arial, helvetica, sans-serif; font-size: 14pt;\"><strong class=\"mce\">Visto en perspectiva, \u00bffue un error romper con el PSC?<\/strong><\/span><\/p>\n<p class=\"mce\" style=\"text-align: justify;\"><span style=\"font-family: arial, helvetica, sans-serif; font-size: 14pt;\">Para m\u00ed el gran error y la gran decepci\u00f3n fue que el PSC apoyara el 155 y la respuesta represiva a lo que estaba pasando en Catalunya. Pero no pas\u00f3 solo en Barcelona, es un problema que tuvo el PSC en otros ayuntamientos: dimitieron alcaldes; N\u00faria Parlon dej\u00f3 la ejecutiva del partido.<\/span><\/p>\n<p class=\"mce\" style=\"text-align: justify;\"><span style=\"font-family: arial, helvetica, sans-serif; font-size: 14pt;\">Es una tragedia que el PSC, que ha construido las instituciones democr\u00e1ticas en Caralunya, se haya aliado con la extrema derecha del PP y Ciudadanos. Y ojal\u00e1 que eso se revierta r\u00e1pido y el PSC vuelva a tesis m\u00e1s catalanistas y progresistas. Yo siempre voy a aspirar a contar con las fuerzas progresistas y de izquierdas para priorizar Barcelona y las pol\u00edticas de izquierdas que tenemos en com\u00fan con el PSC y ERC.<\/span><\/p>\n<p class=\"mce\" style=\"text-align: justify;\"><span style=\"font-family: arial, helvetica, sans-serif; font-size: 14pt;\">El PSC en este momento se ha alineado con las tesis del PP y Ciudadanos, y ojal\u00e1 que podamos rehacer alianzas de izquierdas que ser\u00edan buenas para Barcelona y Catalunya.<\/span><\/p>\n<p class=\"mce\" style=\"text-align: justify;\"><span style=\"font-family: arial, helvetica, sans-serif; font-size: 14pt;\"><strong class=\"mce\">\u00bfHa le\u00eddo el libro de Joan Coscubiela?<\/strong><\/span><\/p>\n<p class=\"mce\" style=\"text-align: justify;\"><span style=\"font-family: arial, helvetica, sans-serif; font-size: 14pt;\">No he tenido tiempo, pero lo leer\u00e9 seguro.<\/span><\/p>\n<p class=\"mce\" style=\"text-align: justify;\"><span style=\"font-family: arial, helvetica, sans-serif; font-size: 14pt;\"><strong class=\"mce\">Una de las cosas que dice sobre los comunes es que la indefinici\u00f3n es m\u00e1s que la equidistancia. Y les reprocha que el 1-O se dejasen llevar por el tacticismo. A usted le afea que no se implicase en Catalunya S\u00ed Que Es Pot. \u00bfPuede tener raz\u00f3n en algo?<\/strong><\/span><\/p>\n<p class=\"mce\" style=\"text-align: justify;\"><span style=\"font-family: arial, helvetica, sans-serif; font-size: 14pt;\">Seguro que todos, Coscubiela, yo y todo el mundo, hemos cometido alg\u00fan error o no hemos comunicado todo lo bien que pod\u00edamos haber comunicado. Es un buen momento para que todos hagamos autocr\u00edtica y estoy predispuesta a hacerla en un sentido constructivo. Ahora bien, no me reconozco cuando me dicen que no me he definido: me he definido clar\u00edsimamente, y tambi\u00e9n el espacio de los comunes.<\/span><\/p>\n<p class=\"mce\" style=\"text-align: justify;\"><span style=\"font-family: arial, helvetica, sans-serif; font-size: 14pt;\">Hemos dicho que no \u00edbamos a participar de la pol\u00edtica de bloques, y es verdad que en una situaci\u00f3n muy tensionada y muy polarizada eso nos ha penalizado, pero no considero que eso no sea definirse. Me defino como dem\u00f3crata; como soberanista porque creo que la f\u00f3rmula auton\u00f3mica est\u00e1 agotada y hay que avanzar. Yo estoy\u00a0 por propuestas federales o confederales y he trabajado activamente para visibilizar las alianzas en todo el Estado a favor de esa soluci\u00f3n democr\u00e1tica para Catalunya.<\/span><\/p>\n<p class=\"mce\" style=\"text-align: justify;\"><span style=\"font-family: arial, helvetica, sans-serif; font-size: 14pt;\">El 1-O yo critiqu\u00e9 la manera en la que lo hizo el Gobierno catal\u00e1n. Pero la movilizaci\u00f3n de dos millones de personas que no se ha inventado un gobierno y que lo que ped\u00edan era poder votar en una urna en las escuelas fue respondido duramente con miles de polic\u00edas enviados por el Gobierno del Estado a retener a gente pac\u00edfica. Tengo clar\u00edsimo que como alcaldesa de Barcelona ten\u00eda que estar en la calle y en las escuelas defendiendo el derecho al voto el 1-O de gente que no piensa como yo.<\/span><\/p>\n<p class=\"mce\" style=\"text-align: justify;\"><span style=\"font-family: arial, helvetica, sans-serif; font-size: 14pt;\">Otra cosa es que para m\u00ed era una movilizaci\u00f3n que no ten\u00eda las garant\u00edas de un refer\u00e9ndum y no lo considero vinculante.\u00a0<\/span><\/p>\n<p class=\"mce\" style=\"text-align: justify;\"><iframe loading=\"lazy\" src=\"https:\/\/www.youtube.com\/embed\/_phBoJBSjwk\" width=\"643\" height=\"362\" frameborder=\"0\" allowfullscreen=\"allowfullscreen\" data-mce-fragment=\"1\"><\/iframe><\/p>\n<p class=\"mce\" style=\"text-align: justify;\"><span style=\"font-family: arial, helvetica, sans-serif; font-size: 14pt;\"><strong class=\"mce\">Se les acusa de equidistancia o indefinici\u00f3n cuando\u00a0su propuesta era un refer\u00e9ndum pactado a la escocesa o canadiense. \u00bfQuiz\u00e1 se les critica porque llega muy pronto o por lo polarizadas que est\u00e1n las posiciones?<\/strong><\/span><\/p>\n<p class=\"mce\" style=\"text-align: justify;\"><span style=\"font-family: arial, helvetica, sans-serif; font-size: 14pt;\">Estamos seguros que es una propuesta de futuro, y en el transcurso de este tiempo ya nos ha pasado que quienes declararon la independencia unilateral han vuelto a la idea del refer\u00e9ndum por el cual nos hab\u00edan criticado much\u00edsimo.<\/span><\/p>\n<p class=\"mce\" style=\"text-align: justify;\"><span style=\"font-family: arial, helvetica, sans-serif; font-size: 14pt;\">Como dem\u00f3cratas estamos convencidos. Nuestro espacio no prioriza el eje nacional, pero s\u00ed que dice que el autogobierno hay que mejorarlo con di\u00e1logo y escuchando a todas las voces. Hay que dar una soluci\u00f3n democr\u00e1tica a las cosas, la judicializaci\u00f3n es un desastre y como dem\u00f3cratas hemos estado radicalmente de la intervenci\u00f3n del 155 y de lo que ha venido despu\u00e9s con la gente en prisi\u00f3n.<\/span><\/p>\n<p class=\"mce\" style=\"text-align: justify;\"><span style=\"font-family: arial, helvetica, sans-serif; font-size: 14pt;\">Nuestra posici\u00f3n es muy clara, somos una formaci\u00f3n plural y estamos orgullosos de que entre nosotros haya independentistas, federalistas, porque todos tenemos un proyecto en com\u00fan de una Catalunya plural, diversa y que quiere avanzar en derechos y libertades porque entiende que el modelo est\u00e1 agotado. Lo indefendible es dividir a la poblaci\u00f3n en dos mitades.<\/span><\/p>\n<p class=\"mce\" style=\"text-align: justify;\"><span style=\"font-family: arial, helvetica, sans-serif; font-size: 14pt;\"><strong class=\"mce\">\u00bfCree que existe el riesgo de violencia, ahora que se habla tanto de los Comit\u00e9s de Defensa de la Rep\u00fablica?<\/strong><\/span><\/p>\n<p class=\"mce\" style=\"text-align: justify;\"><span style=\"font-family: arial, helvetica, sans-serif; font-size: 14pt;\">Ya hemos sufrido violencia el 1 de octubre: hemos tenido a miles de polic\u00edas enviados por el Gobierno contra poblaci\u00f3n indefensa y lo que hay que buscar es una situaci\u00f3n pol\u00edtica a un conflicto pol\u00edtico. Mientras se judicializa, se enquista, se tiene la Generalitat intervenida se produce una situaci\u00f3n de anormalidad democr\u00e1tica que genera protestas, hasta ahora pac\u00edfica. En Barcelona no hay violencia en las calles y pedir\u00eda a todo el mundo responsabilidad y que se genere alarmismo, alimentar el conflicto para ganar votos, en lo que son especialistas PP y Ciudadanos. Necesitamos rebajar tensi\u00f3n, escucharnos, que todo el mundo ceda un poco en sus posiciones y buscar soluciones dialogadas. Y ah\u00ed interpelo\u00a0a los independentistas: necesitamos un gobierno efectivo, recuperar la instituci\u00f3n catalana para dar la mejor respuesta posible a los muchos temas pendientes que est\u00e1n sobre la mesa.<\/span><\/p>\n<p class=\"mce\" style=\"text-align: justify;\"><span style=\"font-family: arial, helvetica, sans-serif; font-size: 14pt;\"><strong class=\"mce\">\u00bfDescarta elecciones?<\/strong><\/span><\/p>\n<p class=\"mce\" style=\"text-align: justify;\"><span style=\"font-family: arial, helvetica, sans-serif; font-size: 14pt;\">No descarto nada, ni est\u00e1 en mis manos. Los partidos independentistas son los que tienen mayor\u00eda para formar un gobierno efectivo cuanto antes. Xavi Dom\u00e8nech les ha dicho que si no son capaces, que lo digan abiertamente para buscar un gobierno m\u00e1s transversal con el PSC y los comunes. Si no, siempre queda la opci\u00f3n de las elecciones, pero lo mejor ser\u00eda que hubiera un gobierno para empezar a hablar de soluci\u00f3n para todas las situaciones que tenemos: las anomal\u00edas democr\u00e1ticas, de retrocesos de derechos y libertades, pero tambi\u00e9n muchos temas sociales que hace demasiado tiempo estamos dando respuesta solos los ayuntamientos.<\/span><\/p>\n<p class=\"mce\" style=\"text-align: justify;\"><span style=\"font-family: arial, helvetica, sans-serif; font-size: 14pt;\"><strong class=\"mce\">El discurso del rey el 3 de octubre abriendo la puerta al 155 ha tenido mucho rechazo cuando visit\u00f3 Barcelona en enero. \u00bfEse desgaste de la instituci\u00f3n es recuperable en Catalunya?<\/strong><\/span><\/p>\n<p class=\"mce\" style=\"text-align: justify;\"><span style=\"font-family: arial, helvetica, sans-serif; font-size: 14pt;\">En Catalunya ha habido desafecci\u00f3n respecto a la monarqu\u00eda despu\u00e9s de la respuesta al conflicto, y no s\u00f3lo desde las filas independentistas. Yo he sido republicana toda mi vida y preferir\u00eda que en una democracia haya un jefe del Estado que la gente vote y no sea por herencia sangu\u00ednea. Pero m\u00e1s all\u00e1 de eso, siempre he tenido clar\u00edsima la responsabilidad institucional desde el primer d\u00eda: me re\u00fano con todo el mundo, con el rey, con el Gobierno del Estado, la Generalitat, m\u00e1s all\u00e1 de que tenga grandes discrepancias.<\/span><\/p>\n<p class=\"mce\" style=\"text-align: justify;\"><span style=\"font-family: arial, helvetica, sans-serif; font-size: 14pt;\">Un jefe de Estado tiene que estar para las grandes cuestiones de Estado y respaldar a la ciudadan\u00eda en situaciones de crisis y defender la democracia. Aqu\u00ed hemos tenido muchas crisis democr\u00e1ticas graves en temas de derechos sociales, violencia machista, que suponen un sufrimiento enorme de la poblaci\u00f3n, y la monarqu\u00eda nunca se ha significado por defender a la ciudadan\u00eda y a sus derechos. En cambio, ha intervenido para actuar de forma autoritaria y al lado de las tesis m\u00e1s duras del PP, en lugar de llamar a la reconciliaci\u00f3n y mostrar empat\u00eda con las consecuencias de unas cargas policiales que nadie entendi\u00f3 ni en Europa ni el mundo.<\/span><\/p>\n<p class=\"mce\" style=\"text-align: justify;\"><span style=\"font-family: arial, helvetica, sans-serif; font-size: 14pt;\">El rey desgraciadamente no estuvo por encima de esa situaci\u00f3n y se aline\u00f3 con las tesis m\u00e1s duras. Eso no es defender la Constituci\u00f3n, sino una versi\u00f3n de la Constituci\u00f3n que no es la m\u00e1s amplia ni la m\u00e1s plural posible.<\/span><\/p>\n<p class=\"mce\" style=\"text-align: justify;\"><span style=\"font-family: arial, helvetica, sans-serif; font-size: 14pt;\"><strong class=\"mce\">\u00bfEn las pr\u00f3ximas elecciones se podr\u00e1 incluir el eje municipal o seguir\u00e1 el eje nacional marcando el debate?<\/strong><\/span><\/p>\n<p class=\"mce\" style=\"text-align: justify;\"><span style=\"font-family: arial, helvetica, sans-serif; font-size: 14pt;\">Nosotros vamos a trabajar para que el eje sea el municipal, porque nos jugamos much\u00edsimo como ciudad. Los ciudadanos en general han separado los diferentes \u00e1mbitos electorales y los barceloneses quieren que se hable de Barcelona y c\u00f3mo despliega todo su enorme potencial en un contexto como el actual.<\/span><\/p>\n<p class=\"mce\" style=\"text-align: justify;\"><span style=\"font-family: arial, helvetica, sans-serif; font-size: 14pt;\">En la crisis democr\u00e1tica, no s\u00f3lo catalana y espa\u00f1ola, sino global que estamos afrontando, el muncipalismo es clave para reconstruir desde abajo para hacer que la ciudadan\u00eda no se fragmente y no se deje llevar por los miedos y las tentaciones de las extremas derechas. Hay que conseguir que no nos dividan entre nosotros y los otros; que no cunda el miedo a los extranjeros y culparlos de todos nuestros males.<\/span><\/p>\n<p class=\"mce\" style=\"text-align: justify;\"><span style=\"font-family: arial, helvetica, sans-serif; font-size: 14pt;\">La clave\u00a0para que la semilla del racismo y la extrema derecha no pueda proliferar est\u00e1 en el municipalismo. Desde la comunidad y la proximidad dando respuesta a situaciones concretas se puede transformar el miedo en esperanza, creando comunidad con los otros y no contra los otros. El\u00a0 municipalismo es clave para la mejora democr\u00e1tica en toda Europa.<\/span><\/p>\n<\/div>\n<\/div>\n<\/div>\n<p style=\"text-align: center;\"><a href=\"https:\/\/puntocritico.com\/ausajpuntocritico\/wp-content\/uploads\/2018\/03\/Mosca_Punto_Cr\u00edtico_40.png\" rel=\"lightbox[10694]\"><img loading=\"lazy\" decoding=\"async\" class=\"wp-image-9528 aligncenter\" src=\"https:\/\/puntocritico.com\/ausajpuntocritico\/wp-content\/uploads\/2018\/03\/Mosca_Punto_Cr\u00edtico_40.png\" alt=\"\" width=\"40\" height=\"40\" \/><\/a><\/p>\n<h1>\u00a0<\/h1>\n<h1 style=\"text-align: center;\"><a id=\"ref75\"><\/a><a href=\"#ref75a\">[75]<\/a> \u00bfError Puigdemont o error Junqueras?<\/h1>\n<p><span style=\"font-size: 14pt;\">Javier P\u00e9rez Royo:<\/span><\/p>\n<div><span style=\"color: #339966;\">Art\u00edculo publicado el 7 de abril de 2018 en<\/span><\/div>\n<div><span style=\"color: #339966;\"><a style=\"color: #339966;\" href=\"https:\/\/www.eldiario.es\/zonacritica\/Error-Puigdemont-error-Junqueras_6_758434159.html\" target=\"_blank\" rel=\"noopener\">https:\/\/www.eldiario.es\/zonacritica\/Error-Puigdemont-error-Junqueras_6_758434159.html<\/a><\/span><\/div>\n<div>\u00a0<\/div>\n<div>\u00a0<\/div>\n<figure id=\"attachment_10832\" aria-describedby=\"caption-attachment-10832\" style=\"width: 643px\" class=\"wp-caption aligncenter\"><a href=\"https:\/\/puntocritico.com\/ausajpuntocritico\/wp-content\/uploads\/2018\/04\/Puigdemont-Junqueras-encargo-referendum-septiembre_EDIIMA20170712_0243_31.jpg\" rel=\"lightbox[10694]\"><img loading=\"lazy\" decoding=\"async\" class=\"wp-image-10832 size-full\" src=\"https:\/\/puntocritico.com\/ausajpuntocritico\/wp-content\/uploads\/2018\/04\/Puigdemont-Junqueras-encargo-referendum-septiembre_EDIIMA20170712_0243_31.jpg\" alt=\"\" width=\"643\" height=\"362\" srcset=\"https:\/\/puntocritico.com\/ausajpuntocritico\/wp-content\/uploads\/2018\/04\/Puigdemont-Junqueras-encargo-referendum-septiembre_EDIIMA20170712_0243_31.jpg 643w, https:\/\/puntocritico.com\/ausajpuntocritico\/wp-content\/uploads\/2018\/04\/Puigdemont-Junqueras-encargo-referendum-septiembre_EDIIMA20170712_0243_31-300x169.jpg 300w\" sizes=\"auto, (max-width: 643px) 100vw, 643px\" \/><\/a><figcaption id=\"caption-attachment-10832\" class=\"wp-caption-text\"><strong><span style=\"color: #339966; font-size: 10pt;\">Carles Puigdemont y Oriol Junqueras EFE<\/span><\/strong><\/figcaption><\/figure>\n<blockquote>\n<p><span style=\"font-size: 14pt; font-family: arial, helvetica, sans-serif;\">La estrategia de Oriol Junqueras ha sido completamente est\u00e9ril; esta maniatado y sometido a la humillaci\u00f3n de un Juez que est\u00e1 vulnerando sus derechos fundamentales<\/span><\/p>\n<p><span style=\"font-size: 14pt; font-family: arial, helvetica, sans-serif;\">La estrategia de Puigdemont, por el contrario, ha servido para poner en evidencia al Gobierno y a los Tribunales espa\u00f1oles<\/span><\/p>\n<\/blockquote>\n<p class=\"mce\" style=\"text-align: justify;\"><span style=\"font-size: 14pt; font-family: arial, helvetica, sans-serif;\">Oriol Junqueras decidi\u00f3 no huir de la justicia y someterse a la jurisdicci\u00f3n del Tribunal Supremo. Lleva m\u00e1s de cinco meses en la c\u00e1rcel por un delito que no ha cometido, que solo existe en la imaginaci\u00f3n del Juez Pablo Llarena.<\/span><\/p>\n<p class=\"mce\" style=\"text-align: justify;\"><span style=\"font-size: 14pt; font-family: arial, helvetica, sans-serif;\">Carles Puigdemont decidi\u00f3 exiliarse y no someterse a la justicia espa\u00f1ola. Ello le ha permitido defenderse primero ante la justicia belga y despu\u00e9s ante la justicia alemana y ante ambas con \u00e9xito. Al juez belga no se le dio la oportunidad de que se pronunciara acerca de la euroorden emitida por la Jueza Carmen Lamela, porque el Juez Pablo Llarena decidi\u00f3 retirarla, pero el juez alem\u00e1n s\u00ed ha tenido la oportunidad de pronunciarse sobre la euroorden dictada por el Juez Instructor del Tribunal Supremo con el resultado que los lectores ya conocen.<\/span><\/p>\n<p class=\"mce\" style=\"text-align: justify;\"><span style=\"font-size: 14pt; font-family: arial, helvetica, sans-serif;\">La estrategia de Oriol Junqueras ha sido completamente est\u00e9ril. Esta maniatado y sometido a la humillaci\u00f3n de un Juez que est\u00e1 vulnerando sus derechos fundamentales con la seguridad que tiene de que sus compa\u00f1eros del Tribunal Supremo van a cerrar filas con \u00e9l y de que el Tribunal Constitucional, cuando le llegue un recurso, mirar\u00e1 para otro lado.<\/span><\/p>\n<p class=\"mce\" style=\"text-align: justify;\"><span style=\"font-size: 14pt; font-family: arial, helvetica, sans-serif;\">La estrategia de Puigdemont, por el contrario, ha servido para poner en evidencia al Gobierno y a los Tribunales espa\u00f1oles. La decisi\u00f3n del Presidente del Gobierno de no abordar pol\u00edticamente el problema de la integraci\u00f3n de Catalunya en el Estado y delegar en los Tribunales la respuesta al mismo, se ha traducido en que la Justicia europea vea a los Tribunales espa\u00f1oles no como \u00f3rganos de administraci\u00f3n de justicia, sino como instrumentos de la acci\u00f3n pol\u00edtica del Gobierno, que hace uso de los mismos para la persecuci\u00f3n penal de los adversarios pol\u00edticos.<\/span><\/p>\n<p class=\"mce\" style=\"text-align: justify;\"><span style=\"font-size: 14pt; font-family: arial, helvetica, sans-serif;\">Y la justicia europea, la belga primero, la alemana despu\u00e9s y despu\u00e9s vendr\u00e1 la escocesa y la suiza, est\u00e1n considerando que los Tribunales espa\u00f1oles est\u00e1n haciendo pol\u00edtica y no administrando justicia, porque exactamente eso es lo que est\u00e1 ocurriendo. La Audiencia Nacional se est\u00e1 comportando, en lo que a la represi\u00f3n del nacionalismo catal\u00e1n se refiere, como si fuera el Tribunal de Orden P\u00fablico del R\u00e9gimen del General Franco. Y el Tribunal Supremo, exactamente igual. El Tribunal Constitucional entonces no exist\u00eda. Ahora, como si no existiese.<\/span><\/p>\n<p class=\"mce\" style=\"text-align: justify;\"><span style=\"font-size: 14pt; font-family: arial, helvetica, sans-serif;\">El Gobierno de Mariano Rajoy se ha retratado con la utilizaci\u00f3n de la Fiscal\u00eda General del Estado para perseguir penalmente por delito de rebeli\u00f3n a los exmiembros del Govern y de la Mesa del Parlament y a los expresidentes de dos entidades c\u00edvicas con una largu\u00edsima trayectoria de activismo pac\u00edfico, como son ANC y \u00d3MNIUM. La Audiencia Nacional primero y el Tribunal Supremo despu\u00e9s tambi\u00e9n lo han hecho al hacer suya la calificaci\u00f3n jur\u00eddica de la conducta de los pol\u00edticos nacionalistas catalanes por parte del Fiscal General.<\/span><\/p>\n<p class=\"mce\" style=\"text-align: justify;\"><span style=\"font-size: 14pt; font-family: arial, helvetica, sans-serif;\">La sincronizaci\u00f3n de la acci\u00f3n del Gobierno activando el 155 CE, del Fiscal General del Estado activando al d\u00eda siguiente la querella por rebeli\u00f3n ante la Audiencia Nacional contra los ex miembros del Govern y ante el Tribunal Supremo contra los exmiembos de la Mesa del Parlament y la admisi\u00f3n a tr\u00e1mite de dicha querella con la adopci\u00f3n de las m\u00e1s graves medidas cautelares contra los querellados tiene toda la apariencia de una operaci\u00f3n pol\u00edtica disfrazada como operaci\u00f3n judicial. Y la justicia no solo tiene que hacerse, sino tambi\u00e9n que parecer que se hace. La apariencia de administraci\u00f3n de justicia es constitutiva del derecho a la tutela judicial efectiva.<\/span><\/p>\n<p class=\"mce\" style=\"text-align: justify;\"><span style=\"font-size: 14pt; font-family: arial, helvetica, sans-serif;\">La Fiscal\u00eda General del Estado, la Audiencia Nacional y el Tribunal Supremo han aceptado actuar como instrumentos del Gobierno para perseguir penalmente una opci\u00f3n pol\u00edtica. Esto es lo que significa la querella por el delito de rebeli\u00f3n, que carece de explicaci\u00f3n jur\u00eddica en cualquier democracia europea a estas alturas del siglo XXI. Por eso ha sido rechazada la euroorden.<\/span><\/p>\n<p class=\"mce\" style=\"text-align: justify;\"><span style=\"font-size: 14pt; font-family: arial, helvetica, sans-serif;\">La Fiscal\u00eda General del Estado, la Audiencia Nacional y el Tribunal Supremo se est\u00e1n comportando no como los \u00f3rganos de Administraci\u00f3n de Justicia de un Estado social y democr\u00e1tico de Derecho, sino como lo que eran en el R\u00e9gimen de las Leyes Fundamentales. Entonces no hab\u00eda derechos fundamentales. Ahora parece que tampoco los hay.<\/span><\/p>\n<p class=\"mce\" style=\"text-align: justify;\"><span style=\"font-size: 14pt; font-family: arial, helvetica, sans-serif;\">\u00bfCon qu\u00e9 interpretaci\u00f3n de los art\u00edculos 25, 24, 17 y 23 de la Constituci\u00f3n se puede justificar la instrucci\u00f3n de la conducta de los nacionalistas catalanes como constitutiva del delito de rebeli\u00f3n, se los puede mantener en prisi\u00f3n y se puede impedir la celebraci\u00f3n de la sesi\u00f3n de investidura?<\/span><\/p>\n<p class=\"mce\" style=\"text-align: justify;\"><span style=\"font-size: 14pt; font-family: arial, helvetica, sans-serif;\">Contra toda esta cadena de vulneraci\u00f3n de derechos fundamentales Puigdemont est\u00e1 pudiendo defenderse, mientras que Oriol Junqueras no. Es Carles Puigdemont con su conducta \u201crebelde\u201d frente a la \u201cJusticia Pol\u00edtica\u201d espa\u00f1ola el que est\u00e1 haciendo un servicio a la democracia. En Catalunya y en Espa\u00f1a.<\/span><\/p>\n<p class=\"mce\" style=\"text-align: justify;\"><span style=\"font-size: 14pt; font-family: arial, helvetica, sans-serif;\">Que huir de la justicia sea la mejor estrategia para defender la democracia. A este nivel de degradaci\u00f3n nos ha llevado la negativa de Mariano Rajoy a enfrentarse con sus responsabilidades pol\u00edticas para dar respuesta a la integraci\u00f3n de Catalunya en el Estado.<\/span><\/p>\n<p style=\"text-align: center;\"><a href=\"https:\/\/puntocritico.com\/ausajpuntocritico\/wp-content\/uploads\/2018\/03\/Mosca_Punto_Cr\u00edtico_40.png\" rel=\"lightbox[10694]\"><img loading=\"lazy\" decoding=\"async\" class=\"wp-image-9528 aligncenter\" src=\"https:\/\/puntocritico.com\/ausajpuntocritico\/wp-content\/uploads\/2018\/03\/Mosca_Punto_Cr\u00edtico_40.png\" alt=\"\" width=\"40\" height=\"40\" \/><\/a><\/p>\n<h1>\u00a0<\/h1>\n<h1 class=\"pg-headline\" style=\"text-align: center;\"><a id=\"ref76\"><\/a><a href=\"#ref76a\">[76]<\/a> Llarena como Einstein<\/h1>\n<p><span style=\"font-size: 14pt;\">Por ELISA BENI<\/span><\/p>\n<div><span style=\"color: #339966;\">Art\u00edculo publicado el 7 de abril de 2018 en<\/span><\/div>\n<div><span style=\"color: #339966;\"><a style=\"color: #339966;\" href=\"https:\/\/www.eldiario.es\/zonacritica\/Llarena-Einstein_6_758434164.html\" target=\"_blank\" rel=\"noopener\">https:\/\/www.eldiario.es\/zonacritica\/Llarena-Einstein_6_758434164.html<\/a><\/span><\/div>\n<div>\u00a0<\/div>\n<div>\u00a0<\/div>\n<div>\n<figure id=\"attachment_10801\" aria-describedby=\"caption-attachment-10801\" style=\"width: 540px\" class=\"wp-caption aligncenter\"><a href=\"https:\/\/puntocritico.com\/ausajpuntocritico\/wp-content\/uploads\/2018\/04\/20180404-636584450824298208_20180404132831-kqWE-U442220863896E7H-992x558@LaVanguardia-Web.jpg\" rel=\"lightbox[10694]\"><img loading=\"lazy\" decoding=\"async\" class=\"wp-image-10801\" src=\"https:\/\/puntocritico.com\/ausajpuntocritico\/wp-content\/uploads\/2018\/04\/20180404-636584450824298208_20180404132831-kqWE-U442220863896E7H-992x558@LaVanguardia-Web.jpg\" alt=\"\" width=\"540\" height=\"305\" srcset=\"https:\/\/puntocritico.com\/ausajpuntocritico\/wp-content\/uploads\/2018\/04\/20180404-636584450824298208_20180404132831-kqWE-U442220863896E7H-992x558@LaVanguardia-Web.jpg 989w, https:\/\/puntocritico.com\/ausajpuntocritico\/wp-content\/uploads\/2018\/04\/20180404-636584450824298208_20180404132831-kqWE-U442220863896E7H-992x558@LaVanguardia-Web-300x169.jpg 300w, https:\/\/puntocritico.com\/ausajpuntocritico\/wp-content\/uploads\/2018\/04\/20180404-636584450824298208_20180404132831-kqWE-U442220863896E7H-992x558@LaVanguardia-Web-768x433.jpg 768w\" sizes=\"auto, (max-width: 540px) 100vw, 540px\" \/><\/a><figcaption id=\"caption-attachment-10801\" class=\"wp-caption-text\"><span style=\"font-size: 10pt; color: #339966;\"><strong>El magistrado del Tribunal del Supremo Pablo Llarena EFE<\/strong><\/span><\/figcaption><\/figure><\/p>\n<p class=\"mce\" style=\"text-align: justify;\"><span style=\"font-size: 14pt; font-family: arial, helvetica, sans-serif;\">Aqu\u00ed tenemos a la Justicia espa\u00f1ola bicicleteando o, lo que es lo mismo, pedaleando alocada como si se le hubiera roto la cadena y todo esfuerzo fuera vano excepto el de intentar mantener el equilibrio. Llarena bicicletea, es decir, nos entretiene con evasivas, excusas y pretextos para alargar la soluci\u00f3n de un asunto y, en este caso, para reconocer que su instrucci\u00f3n ha recibido tal rev\u00e9s que deber\u00eda reconsiderar todo el proceso y como primera medida poner en libertad a los encausados.<\/span><\/p>\n<p class=\"mce\" style=\"text-align: justify;\"><span style=\"font-size: 14pt; font-family: arial, helvetica, sans-serif;\">Si los hechos relatados en su auto no contienen la violencia necesaria o la intensidad de violencia o el tipo de violencia, o des\u00edgnenlo como prefieran, para condenar a nadie en Alemania, tampoco lo tienen para condenar a nadie y menos a 30 a\u00f1azos de prisi\u00f3n en Espa\u00f1a. Es lo que tiene ser europeo, que los par\u00e1metros de respuesta democr\u00e1tica han de ser homologables. La OEDE era \u201cun papel sospechoso que ha provocado dolor de est\u00f3mago a los jueces alemanes\u201d, seg\u00fan Heribert Prantl, reputado jurista y redactor jefe de S\u00fcddeutsche Zeitung y uno de los editorialistas m\u00e1s respetados y citados de Alemania. Vendr\u00e1n los mismos retortijones para los belgas y los brit\u00e1nicos. Tales gastritis est\u00e1n tan extendidas que tambi\u00e9n las sufren el 85% de los c\u00e1tedros y profesores de Derecho Penal espa\u00f1oles y, me van a perdonar, muchos magistrados sensatos que se callan y sufren en el silencio de los mensajes privados.<\/span><\/p>\n<p class=\"mce\" style=\"text-align: justify;\"><span style=\"font-size: 14pt; font-family: arial, helvetica, sans-serif;\">Deber\u00eda Llarena, y los que le inspiran, reflexionar sobre ese \u00f3rdago que ha sido una torpeza jur\u00eddica y que les ha situado en una situaci\u00f3n insostenible. Claro que Llarena, y los finos juristas que le inspiran, y que piensan que lo son tanto que pueden vestir bien cualquier propuesta dado que su t\u00e9cnica alcanza para hacerlo, se aproximan en su actitud a las posiciones de Einstein. Ya saben, el padre de la teor\u00eda de la relatividad dej\u00f3 dicho que la vida es como una bicicleta en la que hay que pedalear siempre hacia adelante para no perder el equilibrio. Quede claro que la semejanza tiene que ver con la hu\u00edda hacia adelante y no con la relatividad, porque alg\u00fan malvado querr\u00e1 ver el gui\u00f1o.<\/span><\/p>\n<p class=\"mce\" style=\"text-align: justify;\"><span style=\"font-size: 14pt; font-family: arial, helvetica, sans-serif;\">Bicicleteando han llegado al desprop\u00f3sito de anunciar la presentaci\u00f3n de una cuesti\u00f3n prejudicial frente al Tribunal Europeo de Justicia. Les va a ser f\u00e1cil comprender por qu\u00e9 es un delirio y m\u00e1s dif\u00edcil entender c\u00f3mo unos juristas hechos y derechos se han metido de hoz y coz en esta v\u00eda imposible, aunque tambi\u00e9n intentar\u00e9 aclar\u00e1rselo. Ver\u00e1n que lo que Llarena -que seg\u00fan los que le vieron estaba como poco tensito y como mucho hist\u00e9rico el viernes- anuncia a trav\u00e9s de los medios es una cuesti\u00f3n POSTjudicial y no PREjudicial dado que la resoluci\u00f3n alemana ya est\u00e1 tomada.<\/span><\/p>\n<p class=\"mce\" style=\"text-align: justify;\"><span style=\"font-size: 14pt; font-family: arial, helvetica, sans-serif;\">Por otra parte, tal cuesti\u00f3n est\u00e1 prevista para que un juez pida aclaraci\u00f3n sobre la forma de aplicar las normas de la Uni\u00f3n a SU asunto que todav\u00eda NO ha fallado. H\u00e9teme aqu\u00ed que, bicicleteando, Llarena quiere pedir al TJUE que se pronuncie a posteriori sobre un procedimiento que no es suyo sino de unos jueces alemanes. Es delirante. Tan extravagante resulta que en su nota de semiapoyo, la Fiscal\u00eda General del Estado nos dec\u00eda el viernes que \u201cestudiar\u00e1 la eventual posibilidad\u201d de apoyar tal cosa. \u00bfHan visto m\u00e1s palabras de incertidumbre en el mismo sintagma? Estudiar no es hacer. Eventual es no seguro. Posibilidad, es una disposici\u00f3n para hacer o no algo. Vamos, que lo tienen super claro como ver\u00e1n. Tampoco la Fiscal\u00eda tiene mucho margen de acci\u00f3n. Recuerden que ya intent\u00f3 reconducir las cosas pidiendo la libertad con fianza de Forn o alegando que no se pod\u00eda reclamar o no reclamar a voluntad y recibi\u00f3 un desprecio por respuesta.<\/span><\/p>\n<p class=\"mce\" style=\"text-align: justify;\"><span style=\"font-size: 14pt; font-family: arial, helvetica, sans-serif;\">Tras el noqueo producido por la respuesta jur\u00eddica alemana que, Dios sabe por qu\u00e9, no hab\u00edan previsto, el viernes todo era un revuelo. Las reuniones de Marchena, las reuniones de los fiscales del caso, las llamadas de aqu\u00ed y de all\u00e1. Un terremoto. \u00bfY a qu\u00e9 tanta prisa para estudiar la situaci\u00f3n jur\u00eddica creada? Para replantear sus actuaciones en verdad ten\u00edan tiempo. Lo que no daba tanta tregua era la situaci\u00f3n pol\u00edtica y de opini\u00f3n p\u00fablica. Las huestes estaban aplanadas, el Gobierno en shock, y los m\u00e1s no entend\u00edan nada. Es lo que tiene falsear las expectativas. Creo que lo que se buscaba a toda costa el viernes era un relato. Algo que ofrecer. Una esperanza que dar para que no decaiga. Bicicletear, en suma. As\u00ed que supongo que en alguna tormenta de ideas, ante el callej\u00f3n sin salida, en lugar de proponerse reconsiderar en t\u00e9rminos jur\u00eddicos lo que est\u00e1n haciendo, eso ni se plantea, alguien sugiri\u00f3: \u201cpues usemos la cuesti\u00f3n prejudicial como una especie de recurso y as\u00ed ganamos tiempo\u201d. Entiendo que, a falta de nada m\u00e1s, recogieron el guante, pero hay que estar muy desesperado para plantear algo as\u00ed. Si se presenta, que yo lo dudo, les van a mandar a paseo como poco y el berenjenal fangoso en el que van a dejar el procedimiento y el bochorno internacional no va a tener parang\u00f3n en los anales de la historia penal espa\u00f1ola.Eso s\u00ed, oiga, han conseguido un relato para mantener entretenida la fiesta de todo aquel que no sabe m\u00ednimamente de qu\u00e9 va esto o del que est\u00e1 deseando creer lo que le den. Sucede que esa no es su misi\u00f3n. Es lo que tiene.<\/span><\/p>\n<p class=\"mce\" style=\"text-align: justify;\"><span style=\"font-size: 14pt; font-family: arial, helvetica, sans-serif;\">Lo que est\u00e1 haciendo el instructor no es homologable por los viejos estados democr\u00e1ticos porque supone adobar unos hechos para encajarlos en un tipo penal sin que sea \u00e9ste adecuado para recibirlos. Los jueces alemanes le han aceptado el relato de hechos, es decir no juzgan siquiera si se han producido o no y los dan por buenos, en eso estriba la confianza entre estados, y a\u00fan d\u00e1ndolos por digamos probados tienen meridianamente claro que no son delictivos. Lo mismito que opinan todos los juristas que no dejan que les posea un elemento emocional o mesi\u00e1nico. Y eso lo han determinado los alemanes hasta con una traducci\u00f3n bastante curiosa enviada por Espa\u00f1a de la que han desaparecido frases como esa de la p\u00e1gina 56 del auto de procesamiento en la que el juez se mete como parte: \u00abY termina el relato de la estrategia que SUFRIMOS\u00bb que se ha mudado en alem\u00e1n a \u201cfinalizando el relato\u201d. Los defensores, que hablan alem\u00e1n y no tragan, han encargado una nueva traducci\u00f3n jurada.<\/span><\/p>\n<p class=\"mce\" style=\"text-align: justify;\"><span style=\"font-size: 14pt; font-family: arial, helvetica, sans-serif;\">Todo esto tendr\u00e1 consecuencias m\u00e1s all\u00e1 del enturbiamiento procesal y de derechos a que est\u00e1n sometiendo al procedimiento. Cuesta contemplar la diluci\u00f3n esc\u00e9nica de partidos como el socialista que, consciente de su deber de apoyar el 155, no deber\u00eda sin embargo tener complejos para hacer visible el descr\u00e9dito al que se est\u00e1 conduciendo al sistema judicial espa\u00f1ol a ojos de toda Europa. Tambi\u00e9n se corre el riesgo, ya puesto en marcha por algunos medios secuaces, de alentar un sentimiento antieuropeo que puede resultar algo m\u00e1s que peligroso s\u00f3lo para salvar los trastos y colocar un relato en las escaletas.<\/span><\/p>\n<p class=\"mce\" style=\"text-align: justify;\"><span style=\"font-size: 14pt; font-family: arial, helvetica, sans-serif;\">No s\u00e9 avanzarles hasta d\u00f3nde puede llegar el destrozo, pero parece claro que la esperanza para enmendar este desprop\u00f3sito reside en Europa y que de all\u00ed llegaran muchas novedades muy pronto.<\/span><\/p>\n<\/div>\n<p><a href=\"https:\/\/puntocritico.com\/ausajpuntocritico\/wp-content\/uploads\/2018\/03\/Mosca_Punto_Cr\u00edtico_40.png\" rel=\"lightbox[10694]\"><img loading=\"lazy\" decoding=\"async\" class=\"wp-image-9528 aligncenter\" src=\"https:\/\/puntocritico.com\/ausajpuntocritico\/wp-content\/uploads\/2018\/03\/Mosca_Punto_Cr\u00edtico_40.png\" alt=\"\" width=\"40\" height=\"40\" \/><\/a><\/p>\n<h1>\u00a0<\/h1>\n<h1 style=\"text-align: center;\"><a id=\"ref77\"><\/a><a href=\"#ref77a\">[77]<\/a> Un ex secretario local de Organizaci\u00f3n dice que en la campa\u00f1a socialista de 2007 en Alicante ocurr\u00eda \u00abcomo en la G\u00fcrtel\u00bb<\/h1>\n<p><span style=\"font-size: 14pt;\">Por eldiariocv <\/span><\/p>\n<div><span style=\"color: #339966;\">Art\u00edculo publicado el 7 de abril de 2018 en<\/span><\/div>\n<div><span style=\"color: #339966;\"><a style=\"color: #339966;\" href=\"https:\/\/www.eldiario.es\/cv\/PSPV-Alicante-corrupcion-campana_2007_0_758374374.html\" target=\"_blank\" rel=\"noopener\">https:\/\/www.eldiario.es\/cv\/PSPV-Alicante-corrupcion-campana_2007_0_758374374.html<\/a><\/span><\/div>\n<div>\u00a0<\/div>\n<div>\u00a0<\/div>\n<div>\n<figure id=\"attachment_10833\" aria-describedby=\"caption-attachment-10833\" style=\"width: 643px\" class=\"wp-caption aligncenter\"><a href=\"https:\/\/puntocritico.com\/ausajpuntocritico\/wp-content\/uploads\/2018\/04\/Zapatero-Etelvina_Andreu-2007-Alicante_EDIIMA20180407_0240_4.jpg\" rel=\"lightbox[10694]\"><img loading=\"lazy\" decoding=\"async\" class=\"wp-image-10833 size-full\" src=\"https:\/\/puntocritico.com\/ausajpuntocritico\/wp-content\/uploads\/2018\/04\/Zapatero-Etelvina_Andreu-2007-Alicante_EDIIMA20180407_0240_4.jpg\" alt=\"\" width=\"643\" height=\"362\" srcset=\"https:\/\/puntocritico.com\/ausajpuntocritico\/wp-content\/uploads\/2018\/04\/Zapatero-Etelvina_Andreu-2007-Alicante_EDIIMA20180407_0240_4.jpg 643w, https:\/\/puntocritico.com\/ausajpuntocritico\/wp-content\/uploads\/2018\/04\/Zapatero-Etelvina_Andreu-2007-Alicante_EDIIMA20180407_0240_4-300x169.jpg 300w\" sizes=\"auto, (max-width: 643px) 100vw, 643px\" \/><\/a><figcaption id=\"caption-attachment-10833\" class=\"wp-caption-text\"><strong><span style=\"font-size: 10pt;\">Etelvina Andreu con Rodr\u00edguez Zapatero durante un mitin en 2007. EFE<\/span><\/strong><\/figcaption><\/figure>\n<\/div>\n<div>\u00a0<\/div>\n<div>\n<blockquote>\n<p class=\"mce\" style=\"text-align: justify;\"><span style=\"font-size: 14pt; font-family: arial, helvetica, sans-serif;\">Gabriel Moreno fue jefe de campa\u00f1a de Elena Mart\u00edn en 2011, y cuenta que rechaz\u00f3 ayuda del sector de \u00c1ngel Franco y de alguna empresa porque \u00abtodos en el PSOE\u00bb eran conscientes de lo ocurrido en la campa\u00f1a anterior de Etelvina Andreu a la alcald\u00eda<\/span><\/p>\n<\/blockquote>\n<p class=\"mce\" style=\"text-align: justify;\"><span style=\"font-size: 14pt; font-family: arial, helvetica, sans-serif;\">\u00abTodos en el partido \u00e9ramos conscientes de lo que pasaba en la campa\u00f1a de Etelvina Andreu\u00bb, asegura Gabriel Moreno en declaraciones al diario\u00a0<a class=\"mce\" href=\"http:\/\/www.diarioinformacion.com\/alicante\/2018\/04\/07\/psoe-alicante-hemos-visto-sacar\/2006579.html\" target=\"_blank\" rel=\"noopener\">Informaci\u00f3n<\/a>. \u00abCuando salt\u00f3 el tema de la G\u00fcrtel del Partido Popular, vi que era lo mismo que pasaba en el PSOE. Aqu\u00ed hemos visto a gente del partido sacar fajos de billetes y pagar en la campa\u00f1a, y sab\u00edamos que alg\u00fan d\u00eda saldr\u00eda todo\u00bb.<\/span><\/p>\n<p class=\"mce\" style=\"text-align: justify;\"><span style=\"font-size: 14pt; font-family: arial, helvetica, sans-serif;\">Moreno fue secretario local de Organizaci\u00f3n del PSPV-PSOE en Alicante y jefe de la campa\u00f1a de Elena Mart\u00edn a la alcald\u00eda en 2011. Una campa\u00f1a en la que asegura que se desmarcaron del funcionamiento de la de 2007, en la que hab\u00eda sido candidata Etelvina Andreu.<\/span><\/p>\n<p class=\"mce\" style=\"text-align: justify;\"><span style=\"font-size: 14pt; font-family: arial, helvetica, sans-serif;\">\u00abEl entorno de \u00c1ngel Franco se ofreci\u00f3 a ayudarnos, nos dijeron que no pod\u00edamos ser tan puros\u00bb, cuenta Moreno en referencia al exsenador que act\u00faa como hombre fuerte del partido en Alicante desde hace muchos a\u00f1os. Tambi\u00e9n explica que el equipo de Elena Mart\u00edn rechaz\u00f3 ayudas de \u00abpotentes constructoras\u00bb. Y a\u00f1ade: \u00abMe llam\u00f3 una empresa diciendo que quer\u00edan colaborar. Les dije que ten\u00edan un n\u00famero de cuenta oficial y un tope m\u00e1ximo. Nunca m\u00e1s supe de ellos\u00bb.<\/span><\/p>\n<p class=\"mce\" style=\"text-align: justify;\"><span style=\"font-size: 14pt; font-family: arial, helvetica, sans-serif;\">Las declaraciones de Gabriel Morneo a\u00f1aden le\u00f1a al fuego de la sospecha de una financiaci\u00f3n ilegal de la campa\u00f1a de los socialistas valencianos en 2007 que un juzgado de Valencia archiv\u00f3 por estar prescritos los posibles delitos, aunque ha enviado a dos juzgados de Madrid, uno de Benidorm y uno de Gandia la documentaci\u00f3n recogida por si pueden llevarse a cabo investigaciones sobre otros posible delitos.<\/span><\/p>\n<p class=\"mce\" style=\"text-align: justify;\"><span style=\"font-size: 14pt; font-family: arial, helvetica, sans-serif;\">Una de las investigaciones se refiere a que la agencia Crespo Gomar, con sede en Gandia, supuestamente sirvi\u00f3 para camuflar pagos de empresas a la campa\u00f1a del PSPV-PSOE. La agencia recibi\u00f3 contratos del Gobierno de Jos\u00e9 Luis Rodr\u00edguez Zapatero cuando la excandidata a la alcald\u00eda de Alicante Etelvina Andreu fue directora general de Consumo del Ministerio de Sanidad.<\/span><\/p>\n<\/div>\n<p style=\"text-align: center;\"><a href=\"https:\/\/puntocritico.com\/ausajpuntocritico\/wp-content\/uploads\/2018\/03\/Mosca_Punto_Cr\u00edtico_40.png\" rel=\"lightbox[10694]\"><img loading=\"lazy\" decoding=\"async\" class=\"wp-image-9528 aligncenter\" src=\"https:\/\/puntocritico.com\/ausajpuntocritico\/wp-content\/uploads\/2018\/03\/Mosca_Punto_Cr\u00edtico_40.png\" alt=\"\" width=\"40\" height=\"40\" \/><\/a><\/p>\n<h1>\u00a0<\/h1>\n<h1 class=\"post-title entry-title\" style=\"text-align: center;\"><a id=\"ref78\"><\/a><a href=\"#ref78a\">[78]<\/a> FAUSTO CARTAGENA<\/h1>\n<p><span style=\"font-size: 14pt;\">Por\u00a0Salvador Viada<\/span><\/p>\n<div><span style=\"color: #339966;\">Art\u00edculo publicado el 25 de febrero de 2015 en<\/span><\/div>\n<div><a href=\"http:\/\/justiciaimparcial.blogspot.com.es\/2015\/02\/fausto-cartagena.html\" target=\"_blank\" rel=\"noopener\"><span style=\"color: #339966;\">http:\/\/justiciaimparcial.blogspot.com.es\/2015\/02\/fausto-cartagena.html<\/span><\/a><\/div>\n<div><span style=\"color: #339966;\">\u00a0<\/span><\/div>\n<p style=\"text-align: justify;\"><span style=\"font-size: 14pt; font-family: arial, helvetica, sans-serif;\">El d\u00eda ha sido largo pero muy importante para la Fiscal\u00eda. \u00a0Fidel Cadena, para mi el m\u00e1s preparado de los Fiscales de penal del TS, ha sido elegido Fiscal de Sala Jefe de la Sala Segunda. \u00a0 Grand\u00edsima noticia que supone dos cosas: la primera que el m\u00e9rito tiene recompensa y que se est\u00e1 notando ya la llegada de una nueva Fiscal General. \u00a0 \u00a0Otra gran noticia: Javier Huete, el gran creador e impulsor del Prontuario de Jurisprudencia Penal y adem\u00e1s \u00absocio\u00bb m\u00edo en Wikipenal, ha sido elegido con todo merecimiento, Fiscal de Sala Jefe de Menores. No me olvido de otros aspirantes a la plaza, fant\u00e1sticos compa\u00f1eros y grandes fiscales. \u00a0 Pero el nombramiento me llena de alegr\u00eda: se trata de un fiscal de esos que a pesar de sus m\u00e9ritos, con el duopolio AF-UPF y Fiscales Generales de la cuerda, ten\u00edan muchas puertas cerradas. \u00a0Hoy se abren, y se abren de qu\u00e9 manera.\u00a0<\/span><\/p>\n<p><span style=\"font-size: 14pt; font-family: arial, helvetica, sans-serif;\">Porque el nombramiento clave hoy era a mi juicio el del Fiscal Jefe de la Inspecci\u00f3n. \u00a0Y ha salido el \u00fanico -de entre todos los aspirantes- que a mi juicio pod\u00eda realmente cambiar las cosas. \u00a0 No quiero hablar muy bien de Fausto Cartagena, aunque se lo merezca, porque puede parecer que exagero. \u00a0Pero tengo todas las ilusiones puestas en \u00e9l porque se que a partir de ahora no se va a dejar a\u00f1os sin contestar una queja de los fiscales; no se va a expulsar a nadie sin razones sobradas para ello; se van a abordar con seriedad los m\u00e9ritos de todos y cada uno de los fiscales para que el CF est\u00e9 informado correctamente, y se va a informar desde la independencia profesional y de la independencia asociativa; se que se va a trabajar con la mayor competencia y que se va a cuidar al compa\u00f1ero como desde los tiempos de Eliseo Garc\u00eda, no se hac\u00eda. \u00a0 \u00a0<\/span><\/p>\n<p><span style=\"font-size: 14pt; font-family: arial, helvetica, sans-serif;\">Desde hace unos pocos meses la c\u00fapula de la jerarqu\u00eda de la Carrera ha cambiado y ha cambiado para bien. \u00a0 Hacen falta muchas m\u00e1s cosas, pero el principio est\u00e1 ah\u00ed. \u00a0 Desde la APIF le vamos a dar a la FGE en el Congreso de Sevilla -ha confirmado su presencia- una recepci\u00f3n llena de esperanza en el futuro de la Fiscal\u00eda.<\/span><\/p>\n<p><a href=\"https:\/\/puntocritico.com\/2018\/04\/09\/hoja-del-lunes-lawfare-asi-se-llama-la-corrupcion-judicial-en-el-siglo-xxi-parte-i\/\"><img loading=\"lazy\" decoding=\"async\" class=\"aligncenter wp-image-48 size-full\" src=\"https:\/\/puntocritico.com\/ausajpuntocritico\/wp-content\/uploads\/2016\/11\/Mosca_Punto_Cr\u00edtico_40.png\" alt=\"\" width=\"50\" height=\"50\" \/><\/a><\/p>\n<p>&nbsp;<\/p>\n<p>&nbsp;<\/p>\n<p>&nbsp;<\/p>\n","protected":false},"excerpt":{"rendered":"<div class=\"mh-excerpt\"><p>[42] La maldici\u00f3n Por\u00a0Teniente Kaffee Art\u00edculo publicado el 7 de abril de 2018 en https:\/\/www.eldiario.es\/protesto-senoria\/maldicion_6_758084211.html \u00a0 La importancia del Consejo Fiscal es que vendr\u00eda a ser el reflejo del Consejo General del Poder Judicial, salvo <a class=\"mh-excerpt-more\" href=\"https:\/\/puntocritico.com\/ausajpuntocritico\/2018\/04\/09\/hoja-del-lunes-lawfare-asi-se-llama-la-corrupcion-judicial-en-el-siglo-xxi-parte-ii\/\" title=\"HOJA DEL LUNES: LAWFARE, as\u00ed se llama la Corrupci\u00f3n Judicial en el Siglo XXI (Parte II)\">[&#8230;]<\/a><\/p>\n<\/div>","protected":false},"author":3,"featured_media":10840,"comment_status":"open","ping_status":"closed","sticky":false,"template":"","format":"standard","meta":{"_acf_changed":false,"_exactmetrics_skip_tracking":false,"_exactmetrics_sitenote_active":false,"_exactmetrics_sitenote_note":"","_exactmetrics_sitenote_category":0,"footnotes":""},"categories":[28],"tags":[],"class_list":{"0":"post-10694","1":"post","2":"type-post","3":"status-publish","4":"format-standard","5":"has-post-thumbnail","7":"category-noticias-de-ayer"},"acf":[],"_links":{"self":[{"href":"https:\/\/puntocritico.com\/ausajpuntocritico\/wp-json\/wp\/v2\/posts\/10694","targetHints":{"allow":["GET"]}}],"collection":[{"href":"https:\/\/puntocritico.com\/ausajpuntocritico\/wp-json\/wp\/v2\/posts"}],"about":[{"href":"https:\/\/puntocritico.com\/ausajpuntocritico\/wp-json\/wp\/v2\/types\/post"}],"author":[{"embeddable":true,"href":"https:\/\/puntocritico.com\/ausajpuntocritico\/wp-json\/wp\/v2\/users\/3"}],"replies":[{"embeddable":true,"href":"https:\/\/puntocritico.com\/ausajpuntocritico\/wp-json\/wp\/v2\/comments?post=10694"}],"version-history":[{"count":0,"href":"https:\/\/puntocritico.com\/ausajpuntocritico\/wp-json\/wp\/v2\/posts\/10694\/revisions"}],"wp:featuredmedia":[{"embeddable":true,"href":"https:\/\/puntocritico.com\/ausajpuntocritico\/wp-json\/wp\/v2\/media\/10840"}],"wp:attachment":[{"href":"https:\/\/puntocritico.com\/ausajpuntocritico\/wp-json\/wp\/v2\/media?parent=10694"}],"wp:term":[{"taxonomy":"category","embeddable":true,"href":"https:\/\/puntocritico.com\/ausajpuntocritico\/wp-json\/wp\/v2\/categories?post=10694"},{"taxonomy":"post_tag","embeddable":true,"href":"https:\/\/puntocritico.com\/ausajpuntocritico\/wp-json\/wp\/v2\/tags?post=10694"}],"curies":[{"name":"wp","href":"https:\/\/api.w.org\/{rel}","templated":true}]}}