{"id":10544,"date":"2018-04-09T01:00:01","date_gmt":"2018-04-09T00:00:01","guid":{"rendered":"http:\/\/puntocritico.com\/?p=10544"},"modified":"2019-04-09T17:52:23","modified_gmt":"2019-04-09T16:52:23","slug":"hoja-del-lunes-lawfare-asi-se-llama-la-corrupcion-judicial-en-el-siglo-xxi-parte-i","status":"publish","type":"post","link":"https:\/\/puntocritico.com\/ausajpuntocritico\/2018\/04\/09\/hoja-del-lunes-lawfare-asi-se-llama-la-corrupcion-judicial-en-el-siglo-xxi-parte-i\/","title":{"rendered":"HOJA DEL LUNES: LAWFARE, as\u00ed se llama la Corrupci\u00f3n Judicial en el Siglo XXI (Parte I)"},"content":{"rendered":"<blockquote>\n<h1 class=\"story-leaf-title\"><a href=\"#ref58a\">[1]<\/a> Condena a Lula: \u00bfEstado de derecho o \u2018lawfare\u2019?<\/h1>\n<aside class=\"story-leaf-aside-social social-top\">\n<div class=\"row\">\n<div class=\"col-xs-6 col-sm-3 col-md-3\">\n<div class=\"story-leaf-social-comments\">\n<div class=\"story-leaf-comment-count\"><span style=\"font-size: 14pt;\">Por ANDY ROBINSON<\/span><\/div>\n<\/div>\n<\/div>\n<\/div>\n<\/aside>\n<div><span style=\"font-size: 12pt; color: #339966;\">Art\u00edculo publicado el 5 de abril de 2018 en<\/span><\/div>\n<div><a href=\"http:\/\/www.lavanguardia.com\/internacional\/20180405\/442206466841\/condena-lula-estado-derecho.html\" target=\"_blank\" rel=\"noopener\"><span style=\"font-family: arial, helvetica, sans-serif; font-size: 12pt; text-align: justify; color: #339966;\">http:\/\/www.lavanguardia.com\/internacional\/20180405\/442206466841\/condena-lula-estado-derecho.html<\/span><\/a><\/div>\n<div>\u00a0<\/div>\n<div style=\"text-align: justify;\"><span style=\"color: #008000;\"><strong><span style=\"font-family: arial, helvetica, sans-serif; font-size: 14pt; text-align: justify;\">Para lograr el rechazo del habeas corpus a Lula, medios de comunicaci\u00f3n, poderosos ministros del gobierno, movilizaciones en la calle y el ej\u00e9rcito presionaron al Tribunal Supremo en una defensa contradictoria del Estado de derecho y la independencia judicial<\/span><\/strong><\/span><\/div>\n<div>\u00a0\u00a0<\/div>\n<div>\n<figure id=\"attachment_10805\" aria-describedby=\"caption-attachment-10805\" style=\"width: 540px\" class=\"wp-caption aligncenter\"><a href=\"https:\/\/puntocritico.com\/ausajpuntocritico\/wp-content\/uploads\/2018\/04\/AFP_13P653_20180405041337-k0Y-U442206466841SlG-992x558@LaVanguardia-Web.jpg\" rel=\"lightbox[10544]\"><img loading=\"lazy\" decoding=\"async\" class=\"wp-image-10805\" src=\"https:\/\/puntocritico.com\/ausajpuntocritico\/wp-content\/uploads\/2018\/04\/AFP_13P653_20180405041337-k0Y-U442206466841SlG-992x558@LaVanguardia-Web.jpg\" alt=\"\" width=\"540\" height=\"302\" srcset=\"https:\/\/puntocritico.com\/ausajpuntocritico\/wp-content\/uploads\/2018\/04\/AFP_13P653_20180405041337-k0Y-U442206466841SlG-992x558@LaVanguardia-Web.jpg 992w, https:\/\/puntocritico.com\/ausajpuntocritico\/wp-content\/uploads\/2018\/04\/AFP_13P653_20180405041337-k0Y-U442206466841SlG-992x558@LaVanguardia-Web-300x168.jpg 300w, https:\/\/puntocritico.com\/ausajpuntocritico\/wp-content\/uploads\/2018\/04\/AFP_13P653_20180405041337-k0Y-U442206466841SlG-992x558@LaVanguardia-Web-768x430.jpg 768w, https:\/\/puntocritico.com\/ausajpuntocritico\/wp-content\/uploads\/2018\/04\/AFP_13P653_20180405041337-k0Y-U442206466841SlG-992x558@LaVanguardia-Web-678x381.jpg 678w\" sizes=\"auto, (max-width: 540px) 100vw, 540px\" \/><\/a><figcaption id=\"caption-attachment-10805\" class=\"wp-caption-text\"><span style=\"color: #339966;\"><strong>El expresidente de Brasil Luis In\u00e1cio Lula da Silva en una imagen de enero de 2018 (AFP) <\/strong><\/span><\/figcaption><\/figure>\n<\/div>\n<div style=\"text-align: justify;\"><span style=\"font-family: arial, helvetica, sans-serif; font-size: 14pt; text-align: justify;\">Una de las cosas que llamaron la atenci\u00f3n durante una visita al\u00a0<\/span><i style=\"font-family: arial, helvetica, sans-serif; font-size: 14pt; text-align: justify;\">resort\u00a0<\/i><span style=\"font-family: arial, helvetica, sans-serif; font-size: 14pt; text-align: justify;\">playero de Guaruj\u00e1 donde se encuentra el apartamento triplex que ha tumbado al ex presidente de\u00a0<\/span><b style=\"font-family: arial, helvetica, sans-serif; font-size: 14pt; text-align: justify;\">Brasil<\/b><span style=\"font-family: arial, helvetica, sans-serif; font-size: 14pt; text-align: justify;\">,\u00a0<\/span><b style=\"font-family: arial, helvetica, sans-serif; font-size: 14pt; text-align: justify;\">Luis In\u00e1cio Lula da Silva<\/b><span style=\"font-family: arial, helvetica, sans-serif; font-size: 14pt; text-align: justify;\">, era la convicci\u00f3n inquebrantable de todos los vecinos del inmueble de que Lula era culpable de recibir el inmueble como soborno. \u201cEl apartamento es suyo.\u00a1Seguro! Ellos ven\u00edan por aqu\u00ed\u201d, dijo el marido de una pareja de vecinos que sal\u00edan del bloque de pisos en el que Lula supuestamente se hab\u00eda beneficiado de una obra realizada por la\u00a0<\/span><b style=\"font-family: arial, helvetica, sans-serif; font-size: 14pt; text-align: justify;\">constructora OAS\u00a0<\/b><span style=\"font-family: arial, helvetica, sans-serif; font-size: 14pt; text-align: justify;\">a cambio de contratos de obras p\u00fablicas. Por \u201cellos\u201d el vecino se refer\u00eda al expresidente y su ya difunta mujer Marisa. \u201c\u00bfC\u00f3mo saben?, \u00bfLos hab\u00e9is visto?\u201d, preguntamos. \u201cNo. Pero la Rede Globo da muchas pruebas en televisi\u00f3n\u201d, respondieron en referencia al poderos\u00edsimo grupo medi\u00e1tico que ha sido un portavoz leal de los jueces de la<\/span><b style=\"font-family: arial, helvetica, sans-serif; font-size: 14pt; text-align: justify;\">\u00a0investigaci\u00f3n Lava Jato<\/b><span style=\"font-family: arial, helvetica, sans-serif; font-size: 14pt; text-align: justify;\">(lava coches) en su investigaci\u00f3n anticorrupci\u00f3n.<\/span><\/div>\n<\/blockquote>\n<div>\n<blockquote>\n<p style=\"text-align: justify;\"><span style=\"font-size: 14pt; font-family: arial, helvetica, sans-serif;\">Lo cierto es que es casi imposible saber si Lula era el verdadero propietario del triplex. Los jueces han fallado que s\u00ed lo era en dos juicios distintos. Los once jueces del\u00a0<b>Tribunal Supremo\u00a0<\/b>Federal de\u00a0<b>Brasil\u00a0<\/b>defendieron esa decisi\u00f3n el mi\u00e9rcoles al\u00a0<a href=\"http:\/\/www.lavanguardia.com\/internacional\/20180405\/442193382158\/supremo-brasil-lula-carcel.html\" data-gtm-element=\"container-child-link\" target=\"_blank\" rel=\"noopener\">negar por una diferencia de solo un voto el habeas corpus a Lula<\/a>. Pero los abogados de Lula responden : \u201c\u00a1Ens\u00e9\u00f1enos las pruebas!\u201d. Sostienen que los intr\u00e9pidos jueces de la investigaci\u00f3n Lava Jato (Lava coches) encabezados por Sergio Moro -el Elliot Ness brasile\u00f1o (al menos seg\u00fan los medios conservadores)-, en realidad son guerreros de una campa\u00f1a de\u00a0<i>lawfare<\/i>. Es el t\u00e9rmino en ingles que ya se usa cada vez m\u00e1s para denominar una supuesta\u00a0<b>politizaci\u00f3n del poder judicial<\/b>, bien sea en\u00a0<b>Espa\u00f1a<\/b>, en relaci\u00f3n con la inculpaci\u00f3n de los lideres independentistas en Catalunya, bien sea en Brasil, en relaci\u00f3n con los ex gobernantes de la izquierda y los lideres del Partido del Trabajo.<\/span><\/p>\n<div id=\"hybs-slot-198b81f2-4\" style=\"text-align: justify;\"><span style=\"color: #008000;\"><em><strong><span style=\"font-size: 14pt; font-family: arial, helvetica, sans-serif;\">\u00abEs muy discutible afirmar que Brasil, en estos momentos, sea un estado de derecho funcional\u00bb<\/span><\/strong><\/em><\/span><\/div>\n<div>\u00a0<\/div>\n<p style=\"text-align: justify;\"><span style=\"font-size: 14pt; font-family: arial, helvetica, sans-serif;\">En un Estado de derecho que funcionase habr\u00eda que apoyar la decisi\u00f3n de los jueces. Ellos son los encargados de investigar asuntos opacos como la verdadera propiedad del triplex de Guaruja que nadie m\u00e1s est\u00e1 en condiciones de saber. Pero es muy discutible afirmar que Brasil, en estos momentos, sea un estado de derecho funcional. El\u00a0<b>golpe parlamentario contra Dilma Rousseff\u00a0<\/b>fue claramente dise\u00f1ado para quitar el poder a un Gobierno heterodoxo en tiempos de crisis econ\u00f3mica que requer\u00eda, seg\u00fan los poderes empresariales y bancarios y los inversores globales, medidas ortodoxas. La acusaci\u00f3n de que Rousseff, uno de los pocos pol\u00edticos que no se ha visto involucrado en la investigaci\u00f3n Lava Jato, hab\u00eda ocultado un d\u00e9ficit fiscal, era claramente un pretexto. \u201cFue un golpe; as\u00ed de simple; Dilma es una de las personas mas honestas que he conocido\u201d, dijo Luiz Carles Bresser, el ex ministro del gobierno de Fernando Henrique Cardoso\u00a0<a href=\"http:\/\/www.lavanguardia.com\/economia\/20180331\/442076573958\/brasil-esta-atrapado-en-una-divisa-sobrevalorada.html\" data-gtm-element=\"container-child-link\" target=\"_blank\" rel=\"noopener\">en una entrevista a\u00a0<\/a><i><a href=\"http:\/\/www.lavanguardia.com\/economia\/20180331\/442076573958\/brasil-esta-atrapado-en-una-divisa-sobrevalorada.html\" data-gtm-element=\"container-child-link\" target=\"_blank\" rel=\"noopener\">La Vanguardia<\/a>\u00a0<\/i>en Sao Paulo.<\/span><\/p>\n<p style=\"text-align: justify;\"><span style=\"font-size: 14pt; font-family: arial, helvetica, sans-serif;\">Asimismo, aunque la investigaci\u00f3n de Moro y los otros jueces de Lava Jato hayan implicado a otros peces gordos de la pol\u00edtica brasile\u00f1a concretamente Michel Temer, el Congreso en Brasilia ha hecho lo necesario para evitar que sean inculpados.<\/span><\/p>\n<div class=\"story-leaf-despiece\" style=\"text-align: justify;\">\n<div class=\"story-leaf-despiece-title\">\n<p><span style=\"font-size: 14pt; font-family: arial, helvetica, sans-serif; color: #008000;\">\u00ab<strong><em>La defensa del Estado de derecho es muy selectiva en Brasil<\/em><\/strong>\u00bb<\/span><\/p>\n<p><span style=\"font-family: arial, helvetica, sans-serif; font-size: 14pt;\">Es dif\u00edcil no llegar a la conclusi\u00f3n, tras cuatro a\u00f1os de juicios , encarcelamientos y destituciones, que la defensa del Estado de derecho es muy selectiva en Brasil. Las grandes manifestaciones en favor del encarcelamiento de Lula en Brasilia el martes fueron un buen ejemplo. Los manifestantes, cuya composici\u00f3n sociol\u00f3gico (blancos de clase media) era muy parecida a la de las protestas que hab\u00eda llenado la avenida paulista en el 2014 y el 2015 para pedir la cabeza de Rousseff, reivindicaban apasionadamente que a los jueces del Tribunal Supremo no les temblara la mano ante el encarcelamiento del presidente m\u00e1s popular de la historia de Brasil y que lidera en estos momentos los sondeos para las presidenciales de octubre. Hac\u00eda falta demostrar que nadie, ni el expresidente, es impune ante la ley, repet\u00edan los entrevistados y los columnistas. Diversos ministros y poderosos pol\u00edticos como el ex fiscal general Rodrigo Janot anunciaron p\u00fablicamente que apoyaban las movilizaciones de defensa del Estado de derecho.<\/span><\/p>\n<\/div>\n<\/div>\n<p style=\"text-align: justify;\"><span style=\"font-size: 14pt; font-family: arial, helvetica, sans-serif;\">Pero, obviamente, el simple hecho de presionar desde la calle para intimidar a los jueces fue un atentado contra este mismo Estado de derecho. Pasaba lo mismo con los grandes medios de comunicaci\u00f3n, que se emplearon a fondo para apoyar las concentraciones en favor de una decisi\u00f3n contra Lula en el Tribunal. Gilmar Mendes Franco, uno de los jueces que defendi\u00f3 el habeas corpus de Lula denunci\u00f3 que se hab\u00eda sentido \u201cchantajeado\u201d. \u201cSi tenemos que decidir causas como estas porque los medios quieren ese o aquel resultado es mejor despedirnos e ir a casa\u201d, dijo. El habeas corpus, a fin de cuentas, ha sido concedida en el pasado en circunstancias similares sentando precedentes que era l\u00f3gico tener en cuenta.<\/span><\/p>\n<div class=\"story-leaf-despiece story-leaf-despiece-quotes\" style=\"text-align: justify;\">\n<div class=\"story-leaf-despiece-title\">\n<p><span style=\"color: #008000;\"><strong><span style=\"font-size: 14pt; font-family: arial, helvetica, sans-serif;\">\u00abSi tenemos que decidir causas como estas porque los medios quieren ese o aquel resultado es mejor despedirnos e ir a casa\u00bb<\/span><\/strong><\/span><\/p>\n<\/div>\n<div class=\"story-leaf-despiece-author\">\n<div class=\"story-leaf-despiece-author-bottom\"><span class=\"story-leaf-despiece-author-link\" style=\"font-size: 14pt; font-family: arial, helvetica, sans-serif;\">GILMAR MENDES FRANCO<\/span><\/p>\n<p class=\"author-city\"><em><span style=\"font-size: 14pt; font-family: arial, helvetica, sans-serif;\">Uno de los jueces del Supremo que defendi\u00f3 el habeas corpus de Lula<\/span><\/em><\/p>\n<\/div>\n<\/div>\n<\/div>\n<p style=\"text-align: justify;\"><span style=\"font-size: 14pt; font-family: arial, helvetica, sans-serif;\">Pero quiz\u00e1s el mejor ejemplo del esperpento que se esconde en las manifestaciones contra Lula y las defensas exaltadas de la democracia, el Estado de derecho y la independencia judicial en Brasil ocurri\u00f3 cuando el ej\u00e9rcito decidi\u00f3 intervenir. El general Eduardo Villas Boas, m\u00e1ximo responsable del ej\u00e9rcito federal ya desplegado en las favelas de R\u00edo tras la decisi\u00f3n de Michel Temer de ocupar militarmente la ciudad, anunci\u00f3 en la v\u00edspera de la decisi\u00f3n del Tribunal: \u201cEl ej\u00e9rcito brasile\u00f1o comparte el ansia del todos los buenos ciudadanos de repudiar la impunidad\u201d. El mensaje, en un pa\u00eds en el cual uno de cada tres ciudadanos dice ser favorable a un golpe militar, estaba claro: \u201cSi los jueces no defienden la democracia contra el ex presidente de izquierdas, el ej\u00e9rcito s\u00ed lo har\u00e1\u2026\u201d<\/span><\/p>\n<\/blockquote>\n<div class=\"story-leaf-despiece\">\n<div class=\"story-leaf-despiece-title\">\n<blockquote>\n<p style=\"text-align: justify;\"><span style=\"font-size: 14pt; font-family: arial, helvetica, sans-serif;\"><span style=\"color: #008000;\"><em><strong>\u201cSi los jueces no defienden la democracia contra el ex presidente de izquierdas, el ej\u00e9rcito s\u00ed lo har\u00e1\u2026<\/strong><\/em><strong>\u201d<\/strong><\/span><\/span><\/p>\n<\/blockquote>\n<p style=\"text-align: center;\"><span style=\"color: #339966; text-align: center; font-size: 14pt;\">\u2666<\/span><span style=\"text-align: center; font-size: 14pt;\">\u2666<\/span><span style=\"color: #339966; text-align: center; font-size: 14pt;\">\u2666<\/span><span style=\"text-align: center; font-size: 14pt;\">\u2666<\/span><span style=\"color: #339966; text-align: center; font-size: 14pt;\">\u2666<\/span><span style=\"text-align: center; font-size: 14pt;\">\u2666<\/span><span style=\"color: #339966; text-align: center; font-size: 14pt;\">\u2666<\/span><\/p>\n<p>&nbsp;<\/p>\n<\/div>\n<\/div>\n<\/div>\n<p><span style=\"font-size: 14pt;\"><strong>SUMARIO<\/strong>\u00a0 <strong>Parte I<\/strong> (Del les 2-4-18 al domingo 8-4-18):<\/span><\/p>\n<h4 class=\"entry-title\"><a href=\"https:\/\/puntocritico.com\/2018\/04\/09\/hoja-del-lunes-lawfare-asi-se-llama-la-corrupcion-judicial-en-el-siglo-xxi-parte-ii\/\">HOJA DEL LUNES: LAWFARE, as\u00ed se llama la Corrupci\u00f3n Judicial en el Siglo XXI (Parte II)<\/a><\/h4>\n<p><a id=\"ref58a\"><\/a><a href=\"#ref58\">[1]Condena a Lula: \u00bfEstado de derecho o \u2018lawfare\u2019?, por\u00a0ANDY ROBINSON<\/a><br \/>\n<a id=\"ref1a\"><\/a><a href=\"#ref1\">[2] El exilio forzado del &#8216;Llarena solitario&#8217; y su familia acosada, por\u00a0 Leyre Iglesias<\/a><br \/>\n<a id=\"ref2a\"><\/a><a href=\"#ref2\">[3] Justicia intenta salvar el nombramiento a dedo que anul\u00f3 la Audiencia Nacional, por Marcos Pinheiro<\/a><br \/>\n<a id=\"ref3a\"><\/a><a href=\"#ref3\">[4] Fomento eleva a 443 millones el importe de los contratos que adjudic\u00f3 con una cl\u00e1usula que favorec\u00eda los \u2018dedazos\u2019, por Antonio M. V\u00e9lez<\/a><br \/>\n<a id=\"ref4a\"><\/a><a href=\"#ref4\">[5] La antigua c\u00fapula de Defex estaf\u00f3 20 millones de euros en comisiones ilegales, por Agust\u00edn Mill\u00e1n<\/a><br \/>\n<a id=\"ref5a\"><\/a><a href=\"#ref5\">[6] La Xunta opera su salvamento mar\u00edtimo con dos helic\u00f3pteros alquilados que vendi\u00f3 en 2012 por \u201cobsoletos\u201d, por David Reinero<\/a><br \/>\n<a id=\"ref6a\"><\/a><a href=\"#ref6\">[7] Facebook recibe una denuncia por discriminaci\u00f3n en anuncios de viviendas, por Julia Carrie Wong<\/a><br \/>\n<a id=\"ref7a\"><\/a><a href=\"#ref7\">[8] La cabra al monte tira, por Javier P\u00e9rez Royo<\/a><br \/>\n<a id=\"ref8a\"><\/a><a href=\"#ref8\">[9] Rosana Posada, cuatro a\u00f1os con morfina y 15 meses esperando un tratamiento en la sanidad p\u00fablica gallega, por JUAN OLIVER<\/a><br \/>\n<a id=\"ref9a\"><\/a><a href=\"#ref9\">[10] La c\u00fapula de DEFEX obtuvo m\u00e1s de 20 millones en mordidas por la venta de armas, por MIGUEL \u00c1NGEL CAMPOS<\/a><br \/>\n<a id=\"ref10a\"><\/a><a href=\"#ref10\">[11] \u201cEL ESTADO ESPA\u00d1OL ACT\u00daA COMO UNA ORGANIZACI\u00d3N MAFIOSA\u201d, por EUGENIO FERN\u00c1NDEZ<\/a><br \/>\n<a id=\"ref11a\"><\/a><a href=\"#ref11\">[12] TREINTA Y TRES TESIS SOBRE EL FASCISMO, por I\u00d1AKI GIL DE SAN VICENTE<\/a><br \/>\n<a id=\"ref12a\"><\/a><a href=\"#ref12\">[13] EDITORIAL: CATALU\u00d1A, UN FIN DE SEMANA HIST\u00d3RICO Y DE CONSECUENCIAS IRREVERSIBLES, por EDITORIAL<\/a><br \/>\n<a id=\"ref13a\"><\/a><a href=\"#ref13\">[14] El informe de la Fiscal\u00eda descarta la teor\u00eda de las tramas y del terrorismo incendiario que alent\u00f3 la Xunta, por Miguel Pardo <\/a><br \/>\n<a id=\"ref14a\"><\/a><a href=\"#ref14\">[15] El Gobierno sacar\u00e1 este a\u00f1o otros 3.826 millones de euros de la \u2018hucha\u2019 de las pensiones, por \u00abEldiario.es\u00bb<\/a><br \/>\n<a id=\"ref15a\"><\/a><a href=\"#ref15\">[16] La mayor subida en gastos de personal para polic\u00eda y guardia civil: 310 millones de euros, por\u00a0Jos\u00e9 Precedo\u00a0<\/a><br \/>\n<a id=\"ref16a\"><\/a><a href=\"#ref16\">[17] Esto es lo que puede pasarte si denuncias a corruptos y ellos se enteran, por\u00a0Carlos del Castillo<\/a><br \/>\n<a id=\"ref17a\"><\/a><a href=\"#ref17\">[18] La Fiscal\u00eda alemana pide la extradici\u00f3n de Puigdemont por rebeli\u00f3n y malversaci\u00f3n, por \u00abEldiario.es\u00bb<\/a><br \/>\n<a id=\"ref18a\"><\/a><a href=\"#ref18\">[19] Interior esconde el primer aumento de la criminalidad en una d\u00e9cada, por\u00a0Pedro \u00c1gueda\u00a0<\/a><br \/>\n<a id=\"ref19a\"><\/a><a href=\"#ref19\">[20] La Audiencia Nacional investiga los \u00abvand\u00e1licos actos\u00bb de los Comit\u00e9s en Defensa de la Rep\u00fablica, por eldiario.es<\/a><br \/>\n<a id=\"ref20a\"><\/a><a href=\"#ref20\">[21] De la dictadura franquista a la dictadura de los jueces, por Javier Segura<\/a><br \/>\n<a id=\"ref21a\"><\/a><a href=\"#ref21\">[22] Espa\u00f1oles, el nacionalcatolicismo ha resucitado, por ALEJANDRO TORR\u00daS<\/a><br \/>\n<a id=\"ref22a\"><\/a><a href=\"#ref22\">[23] Ciudadanos compara la Fundaci\u00f3n Francisco Franco con las entidades independentistas catalanas, por David Bollero<\/a><br \/>\n<a id=\"ref23a\"><\/a><a href=\"#ref23\">[24] Los Presupuestos del 155, por Fernando L\u00f3pez Agud\u00edn<\/a><br \/>\n<a id=\"ref24a\"><\/a><a href=\"#ref24\">[25] Los CDR se reafirman en la no violencia ante las acusaciones de \u00abkale borroka\u00bb y defienden paralizar la econom\u00eda<\/a><br \/>\n<a id=\"ref25a\"><\/a><a href=\"#ref25\">[26] El instituto que organiz\u00f3 el m\u00e1ster de Cifuentes y que dirige su tutor opera como empresa opaca con dinero p\u00fablico, por Raquel Ejerique<\/a><br \/>\n<a id=\"ref26a\"><\/a><a href=\"#ref26\">[27] Adif Alta Velocidad ya supera en deuda al Fondo de Rescate de los bancos: 17.900 millones, por Diego Larrouy<\/a><br \/>\n<a id=\"ref27a\"><\/a><a href=\"#ref27\">[28] Los trapos sucios se lavan en palacio, por Juan Carlos Escudier<\/a><br \/>\n<a id=\"ref28a\"><\/a><a href=\"#ref28\">[29] La moci\u00f3n de censura de Podemos en Parla fracasa por el rechazo de uno de los concejales de su partido, por BEATRIZ ASUAR GALLEGO<\/a><br \/>\n<a id=\"ref29a\"><\/a><a href=\"#ref29\">[30] Yo mat\u00e9 al comisario Camarasa, por An\u00edbal Malvar<\/a><br \/>\n<a id=\"ref30a\"><\/a><a href=\"#ref30\">[31] La ONU critica la escasa protecci\u00f3n del derecho a la vivienda y a la salud en Espa\u00f1a, por P\u00fablico<\/a><br \/>\n<a id=\"ref31a\"><\/a><a href=\"#ref31\">[32] El juez cita a declarar este jueves al excomisario Salamanca por cohecho, por Europa Press<\/a><br \/>\n<a id=\"ref32a\"><\/a><a href=\"#ref32\">[33] Contra el filtrado de contenido en Internet y el impuesto a la cita: paremos la #CensorshipMachine, por Joe McNamee (adaptado por Xnet)<\/a><a href=\"#ref31\"><br \/>\n<\/a><a id=\"ref33a\"><\/a><a href=\"#ref33\">[34] Un asesor del PSOE, socio y administrador en la trama de las facturas falsas, por Juan Nieto<\/a><a href=\"#ref31\"><br \/>\n<\/a><a id=\"ref34a\"><\/a><a href=\"#ref34\">[35] Carmena deja de pedir tres ofertas para adjudicar contratos menores, por Roberto B\u00e9cares<\/a><a href=\"#ref31\"><br \/>\n<\/a><a id=\"ref35a\"><\/a><a href=\"#ref35\">[36] La falsedad documental en el C\u00f3digo Penal: \u00abSimular un documento de manera que induzca a error sobre su autenticidad\u00bb, por Jos\u00e9 Precedo<\/a><a href=\"#ref31\"><br \/>\n<\/a><a id=\"ref36a\"><\/a><a href=\"#ref36\">[37] Victoria Rosell pide 13 a\u00f1os y medio de c\u00e1rcel para el juez Salvador Alba, por\u00a0Iv\u00e1n Su\u00e1rez<\/a><a href=\"#ref31\"><br \/>\n<\/a><a id=\"ref37a\"><\/a><a href=\"#ref37\">[38] Por Espa\u00f1a, los Presupuestos del PP y lo que haga falta,<\/a><a href=\"#ref31\"><br \/>\n<\/a><a id=\"ref38a\"><\/a><a href=\"#ref38\">[39] Cifuentes aprob\u00f3 la oposici\u00f3n de su actual plaza de funcionaria en un tribunal con dos amigos personales, por I\u00f1igo Aduriz<\/a><a href=\"#ref31\"><br \/>\n<\/a><a id=\"ref39a\"><\/a><a href=\"#ref39\">[40] La decisi\u00f3n de Interior de detener a Falciani causa desconcierto en la Audiencia Nacional, por Pedro \u00c1gueda \/ Marcos Pinheiro<\/a><a href=\"#ref31\"><br \/>\n<\/a><a id=\"ref40a\"><\/a><a href=\"#ref40\">[41] La Polic\u00eda detiene a Herv\u00e9 Falciani por una orden de busca y captura de Suiza, Pedro \u00c1gueda \/ Marcos Pinheiro<\/a><a href=\"#ref31\"><br \/>\n<\/a><\/p>\n<h4 class=\"entry-title\"><a href=\"https:\/\/puntocritico.com\/2018\/04\/09\/hoja-del-lunes-lawfare-asi-se-llama-la-corrupcion-judicial-en-el-siglo-xxi-parte-ii\/\">HOJA DEL LUNES: LAWFARE, as\u00ed se llama la Corrupci\u00f3n Judicial en el Siglo XXI (Parte II)<\/a><\/h4>\n<p style=\"text-align: center;\"><span style=\"color: #339966; text-align: center; font-size: 14pt;\">\u2666<\/span><span style=\"text-align: center; font-size: 14pt;\">\u2666<\/span><span style=\"color: #339966; text-align: center; font-size: 14pt;\">\u2666<\/span><span style=\"text-align: center; font-size: 14pt;\">\u2666<\/span><span style=\"color: #339966; text-align: center; font-size: 14pt;\">\u2666<\/span><span style=\"text-align: center; font-size: 14pt;\">\u2666<\/span><span style=\"color: #339966; text-align: center; font-size: 14pt;\">\u2666<\/span><\/p>\n<h1 class=\"js-headline\" style=\"text-align: center;\"><a id=\"ref1\"><\/a><a href=\"#ref1a\">[2]<\/a> El exilio forzado del &#8216;Llarena solitario&#8217; y su familia acosada<\/h1>\n<p><span style=\"font-size: 14pt;\">Por\u00a0 Leyre Iglesias<\/span><\/p>\n<div><span style=\"color: #339966;\">Art\u00edculo publicado el 2 de abril de 2018 en<\/span><\/div>\n<div><a href=\"http:\/\/www.elmundo.es\/cronica\/2018\/04\/01\/5abfd085e2704e19568b4577.html\" target=\"_blank\" rel=\"noopener\"><span style=\"color: #339966;\">http:\/\/www.elmundo.es\/cronica\/2018\/04\/01\/5abfd085e2704e19568b4577.html<\/span><\/a><\/div>\n<div>\u00a0<\/div>\n<div>\u00a0<\/div>\n<div>\n<figure id=\"attachment_10545\" aria-describedby=\"caption-attachment-10545\" style=\"width: 660px\" class=\"wp-caption aligncenter\"><a href=\"https:\/\/puntocritico.com\/ausajpuntocritico\/wp-content\/uploads\/2018\/04\/15225975605686.jpg\" rel=\"lightbox[10544]\"><img loading=\"lazy\" decoding=\"async\" class=\"wp-image-10545 size-full\" src=\"https:\/\/puntocritico.com\/ausajpuntocritico\/wp-content\/uploads\/2018\/04\/15225975605686.jpg\" alt=\"\" width=\"660\" height=\"478\" srcset=\"https:\/\/puntocritico.com\/ausajpuntocritico\/wp-content\/uploads\/2018\/04\/15225975605686.jpg 660w, https:\/\/puntocritico.com\/ausajpuntocritico\/wp-content\/uploads\/2018\/04\/15225975605686-300x217.jpg 300w\" sizes=\"auto, (max-width: 660px) 100vw, 660px\" \/><\/a><figcaption id=\"caption-attachment-10545\" class=\"wp-caption-text\"><span style=\"color: #339966;\">Una joven quema una foto del juez Llarena, este lunes, frente a la Delegaci\u00f3n del Gobierno en Valencia. M. BRUQUE<\/span><\/figcaption><\/figure>\n<\/div>\n<div class=\"subtitle-items\">\n<p>&nbsp;<\/p>\n<blockquote>\n<p class=\"summary-lead\" style=\"text-align: justify;\"><span style=\"color: #008000;\"><strong><span style=\"font-size: 14pt; font-family: arial, helvetica, sans-serif;\">Es el juez del &#8216;proc\u00e9s&#8217; y por eso los independentistas lo persiguen. A \u00e9l y a su mujer, tambi\u00e9n magistrada. Hasta a sus hijos<\/span><\/strong><\/span><\/p>\n<p class=\"summary-lead\" style=\"text-align: justify;\"><span style=\"color: #008000;\"><strong><span style=\"font-size: 14pt; font-family: arial, helvetica, sans-serif;\">Desde que mand\u00f3 arrestar a Puigdemont, vive escoltado y se ha visto obligado a trasladar su residencia de Barcelona a Madrid<\/span><\/strong><\/span><\/p>\n<p class=\"summary-lead\" style=\"text-align: justify;\"><span style=\"color: #008000;\"><strong><span style=\"font-size: 14pt; font-family: arial, helvetica, sans-serif;\">Hijo de jueces, y n\u00famero uno de su promoci\u00f3n, \u00e9l se evade a lomos de una Harley Davidson<\/span><\/strong><\/span><\/p>\n<p class=\"summary-lead\" style=\"text-align: justify;\"><span style=\"color: #008000;\"><strong><span style=\"font-size: 14pt; font-family: arial, helvetica, sans-serif;\"><a style=\"color: #008000;\" href=\"http:\/\/www.elmundo.es\/espana\/2018\/03\/30\/5abe1f55e2704ef26a8b45c9.html\" target=\"_blank\" rel=\"noopener\">El juez Llarena recalca en la orden de detenci\u00f3n que Puigdemont ignor\u00f3 los avisos de escalada de violencia<\/a><\/span><\/strong><\/span><\/p>\n<\/blockquote>\n<p>&nbsp;<\/p>\n<\/div>\n<p style=\"text-align: justify;\"><span style=\"font-size: 14pt; font-family: arial, helvetica, sans-serif;\">\u00abCatalu\u00f1a es su tierra. Llevan all\u00ed desde principios de los 90, casi treinta a\u00f1os. Sus hijos han nacido all\u00ed. Lo est\u00e1n pasando mal\u00bb. Las escuetas palabras de este juez, que pide no ser identificado, resumen bien la \u00faltima semana de la familia del magistrado que lleva las riendas de la instrucci\u00f3n contra los dirigentes del\u00a0<em>proc\u00e9s\u00a0<\/em>secesionista.\u00a0<strong>Las<a href=\"http:\/\/www.elmundo.es\/cataluna\/2018\/03\/29\/5abcdfb3ca4741d8668b462b.html\" target=\"_blank\" rel=\"noopener\">\u00a0amenazas p\u00fablicas y no tan p\u00fablicas<\/a>\u00a0a Pablo Llarena y a su mujer<\/strong>, la tambi\u00e9n jueza Gema Espinosa, y el acoso incluso al menor de sus dos hijos, estudiante en una universidad catalana, han forzado a la familia a trasladar su residencia habitual a Madrid, seg\u00fan confirman a\u00a0<em>Cr\u00f3nica\u00a0<\/em>dos fuentes de su entorno. Y a vivir con escolta.<\/span><\/p>\n<p style=\"text-align: justify;\"><span style=\"font-size: 14pt; font-family: arial, helvetica, sans-serif;\">Como casi todo en la Catalu\u00f1a reciente, su pesadilla tiene como fecha clave el 1 de octubre de 2017, d\u00eda del refer\u00e9ndum de independencia ilegal convocado por el Govern de Carles Puigdemont y Oriol Junqueras. Al principio, Llarena no disgust\u00f3 al nacionalismo. Hab\u00eda gozado de<strong>\u00a0buena fama como presidente de la Audiencia Provincial de Barcelona<\/strong>, y pareci\u00f3 marcar la diferencia cuando el 9 de noviembre recibi\u00f3 a los miembros de la Mesa del Parlament investigados por rebeli\u00f3n, sedici\u00f3n y malversaci\u00f3n con la frase: \u00abTranquilos, esto no es la Audiencia Nacional\u00bb.<\/span><\/p>\n<p style=\"text-align: justify;\"><span style=\"font-size: 14pt; font-family: arial, helvetica, sans-serif;\">El discurrir de los acontecimientos, sin embargo, ha frustrado aquella sensaci\u00f3n. Con el auto que el viernes 23 de marzo marc\u00f3 el fin de la instrucci\u00f3n de la causa,\u00a0<strong>Llarena envi\u00f3 a la c\u00e1rcel de forma preventiva a los l\u00edderes de la \u00abrebeli\u00f3n\u00bb\u00a0<\/strong>que a\u00fan segu\u00edan en libertad y reactiv\u00f3 la orden internacional contra Puigdemont. A ra\u00edz de su arresto dos d\u00edas despu\u00e9s en una gasolinera alemana, los episodios de violencia han aumentado en Catalu\u00f1a, y el propio juez se ha convertido en diana. No s\u00f3lo \u00e9l; tambi\u00e9n su familia. La cascada de amenazas desde entonces es preocupante.<\/span><\/p>\n<p style=\"text-align: justify;\"><span style=\"font-size: 14pt; font-family: arial, helvetica, sans-serif;\">Ese domingo, un mensaje de una usuaria de Twitter llamada Cori (<a href=\"http:\/\/www.elmundo.es\/cataluna\/2018\/03\/29\/5abcdfb3ca4741d8668b462b.html\" target=\"_blank\" rel=\"noopener\">vecina de Reus y \u00absediciosa y tumultuaria\u00bb<\/a>, seg\u00fan su propia definici\u00f3n) se\u00f1al\u00f3 a la esposa del juez dando detalles de su trabajo y su domicilio: \u00abLa mujer del hijo de puta de Llarena es Gema Espinosa, directora de la Escuela Judicial en Vallvidrera. Vive en Sant Cugat (adonde viene el\u00a0<em>hdp\u00a0<\/em>los fines de semana). Es necesario difundirlo porque han de saber que no podr\u00e1n ir por la calle a partir de ahora!!!!\u00bb, dec\u00eda en catal\u00e1n.\u00a0<strong>La Fiscal\u00eda catalana lo investiga<\/strong>.<\/span><\/p>\n<p style=\"text-align: justify;\"><span style=\"font-size: 14pt; font-family: arial, helvetica, sans-serif;\">El mismo d\u00eda, otra persona que se identifica en Facebook como Mar\u00eda Isabel, residente en Sabadell,\u00a0<strong>public\u00f3 el mismo mensaje acompa\u00f1ado de la direcci\u00f3n del domicilio<\/strong>\u00a0y una fotograf\u00eda de la fachada.<\/span><\/p>\n<p style=\"text-align: justify;\"><span style=\"font-size: 14pt; font-family: arial, helvetica, sans-serif;\">Arran, grupo juvenil radical vinculado a las CUP, fue m\u00e1s all\u00e1 al reivindicar una serie de pintadas de gran dimensi\u00f3n en una calle de Das (Gerona) en la que, seg\u00fan pensaban, se ubica la segunda residencia del juez. Los lemas: \u00ab\u00a1Llarena fascista! Ni en Das ni en ning\u00fan sitio\u00bb, \u00abLos Pa\u00efsos Catalans ser\u00e1n vuestro infierno\u00bb y \u00abLibertad presos pol\u00edticos\u00bb. (Arran se equivoc\u00f3: no era esa casa, sino otra cercana. El verdadero due\u00f1o se ha apresurado a colocar<strong>\u00a0bien visible una\u00a0<em>estelada\u00a0<\/em><\/strong>para aclarar que \u00e9l es independentista).<\/span><\/p>\n<p style=\"text-align: justify;\"><span style=\"font-size: 14pt; font-family: arial, helvetica, sans-serif;\">Y ya el lunes, en una protesta frente a la Delegaci\u00f3n del Gobierno en Valencia a favor de los denominados \u00abpresos pol\u00edticos\u00bb,\u00a0<strong><a href=\"http:\/\/www.elmundo.es\/cataluna\/2018\/03\/29\/5abcdfb3ca4741d8668b462b.html\" target=\"_blank\" rel=\"noopener\">un grupo de personas quem\u00f3 fotos de Llarena<\/a>\u00a0junto a otras del Rey y de Rajoy<\/strong>.<\/span><\/p>\n<h3 class=\"subhead\" style=\"text-align: justify;\"><span style=\"font-size: 14pt; font-family: arial, helvetica, sans-serif;\">Madre pionera en Burgos<\/span><\/h3>\n<p style=\"text-align: justify;\"><span style=\"font-size: 14pt; font-family: arial, helvetica, sans-serif;\">Pablo Llarena Conde naci\u00f3 el 26 de enero de 1963 en Burgos y, como sus padres,\u00a0<strong>estudi\u00f3 Derecho y ejerci\u00f3 de abogado antes que de juez<\/strong>. Su padre ten\u00eda un conocido bufete en la ciudad donde, por ejemplo, hizo sus primeras pr\u00e1cticas el actual presidente del Tribunal Superior de Justicia del Pa\u00eds Vasco, Juan Luis Ibarra. Su madre fue la primera mujer en entrar, en 1956, en el Colegio de Abogados de Burgos. Ambos terminaron en el Tribunal Superior de Justicia de Burgos -ella, en la Sala de lo Social y \u00e9l, en lo Civil y Penal-. Entonces no pod\u00edan saberlo, pero a su hijo Pablo le esperaba una carrera fulgurante.<\/span><\/p>\n<p style=\"text-align: justify;\"><span style=\"font-size: 14pt; font-family: arial, helvetica, sans-serif;\">Tras estudiar en los jesuitas de Burgos, Pablo Llarena se licenci\u00f3 en 1986 en la Universidad de Valladolid, trabaj\u00f3 tres a\u00f1os como letrado y en 1989 se incorpor\u00f3 a la carrera judicial.\u00a0<strong>Fue n\u00famero uno de su promoci\u00f3n<\/strong>. Un a\u00f1o despu\u00e9s ascendi\u00f3 a magistrado, primero en un juzgado de primera instancia en Torrelavega (Cantabria) y luego en Burgos.<\/span><\/p>\n<p style=\"text-align: justify;\"><span style=\"font-size: 14pt; font-family: arial, helvetica, sans-serif;\">Mientras tanto,\u00a0<strong><a href=\"http:\/\/www.elmundo.es\/cataluna\/2018\/03\/26\/5ab8eeace2704e90588b45d3.html\" target=\"_blank\" rel=\"noopener\">su actual mujer<\/a>\u00a0y compa\u00f1era de exilio forzoso, Gema Espinosa<\/strong>, hija de profesores y tambi\u00e9n burgalesa, iniciaba su propia carrera. Licenciada en Derecho en Valladolid en la misma promoci\u00f3n que Llarena, en 1990 tom\u00f3 posesi\u00f3n como fiscal en la Fiscal\u00eda Superior del Pa\u00eds Vasco, en Bilbao, aunque enseguida solicit\u00f3 la excedencia y se convirti\u00f3 en juez. Primero en Reinosa (Cantabria), luego en Lerma (Burgos) y despu\u00e9s, de nuevo, en el duro Pa\u00eds Vasco, tierra de jueces amenazados -entonces era de all\u00ed de donde se marchaban- que nadie quer\u00eda como destino a causa del terrorismo. Entre enero y diciembre de 1992 -a\u00f1o en el que ETA mat\u00f3 a 26 personas-, Espinosa estuvo al mando del juzgado de instrucci\u00f3n n\u00famero 3 de Barakaldo.<\/span><\/p>\n<p style=\"text-align: justify;\"><span style=\"font-size: 14pt; font-family: arial, helvetica, sans-serif;\">La pareja coincidi\u00f3 finalmente en Barcelona en 1993, un a\u00f1o despu\u00e9s de los Juegos Ol\u00edmpicos. Catalu\u00f1a era otro destino poco querido en aquellos a\u00f1os, seg\u00fan explican un juez y una fiscal consultados por este suplemento. La cantidad de trabajo de sus juzgados disuad\u00eda a muchos aspirantes y, al mismo tiempo, dejaba el camino libre para quienes quisieran progresar a base de esfuerzo. Ellos lo hicieron. Y\u00a0<strong>aquel se convirti\u00f3 en su mundo, donde enseguida tuvieron y criaron a sus dos hijos<\/strong>\u00a0(el mayor, hoy ingeniero aeron\u00e1utico, y el menor, estudiante).<\/span><\/p>\n<p style=\"text-align: justify;\"><span style=\"font-size: 14pt; font-family: arial, helvetica, sans-serif;\">Ambos han forjado as\u00ed en Catalu\u00f1a el grueso de sus carreras. Pablo Llarena, que en enero cumpli\u00f3 55 a\u00f1os, salt\u00f3 del juzgado n\u00famero 31 de Barcelona (1992-1998) a la Audiencia Provincial (que presidi\u00f3 desde 2011), hasta que en 2016 entr\u00f3 en la Sala Segunda del Tribunal Supremo, por lo que en estos\u00a0<strong>dos \u00faltimos a\u00f1os ha vivido a caballo entre Madrid y Sant Cugat del Vall\u00e8s<\/strong>.<\/span><\/p>\n<p style=\"text-align: justify;\"><span style=\"font-size: 14pt; font-family: arial, helvetica, sans-serif;\">Por su parte, Gema Espinosa aterriz\u00f3 en un juzgado de Santa Coloma de Gramanet y cuatro a\u00f1os despu\u00e9s pas\u00f3 al n\u00famero 15 de Barcelona. En 2008 ascendi\u00f3 a magistrada de la Audiencia Provincial en el orden civil, cargo que compatibiliz\u00f3 con la docencia en la Universidad de Barcelona, la Pompeu Fabra y el Centro de Estudios Jur\u00eddicos de la Generalitat. En 2006 recal\u00f3 tambi\u00e9n en\u00a0<strong>la Escuela Judicial, donde se forman los futuros jueces de Espa\u00f1a<\/strong>, y siete a\u00f1os despu\u00e9s se convirti\u00f3 en su directora, por lo que ya no ejerce como juez de familia.<\/span><\/p>\n<p style=\"text-align: justify;\"><span style=\"font-size: 14pt; font-family: arial, helvetica, sans-serif;\">\u00c9l, con fama de muy inteligente, riguroso y fr\u00edo, cordial en la distancia corta, y aficionado a las motos -tiene desde hace a\u00f1os una Harley Davidson,\u00a0<em>hobby\u00a0<\/em>que comparte con un grupo de amigos catalanes-,\u00a0<strong>est\u00e1 acostumbrado a estar en el ojo p\u00fablico<\/strong>. Fue adem\u00e1s presidente de la Asociaci\u00f3n Profesional de la Magistratura, agrupaci\u00f3n de jueces del espectro conservador (en 2013 venci\u00f3 al magistrado de la Audiencia Nacional Eloy Velasco con 104 votos frente a 69). Aun as\u00ed, no le gusta aparecer en la prensa m\u00e1s que por sus decisiones judiciales.<\/span><\/p>\n<p style=\"text-align: justify;\"><span style=\"font-size: 14pt; font-family: arial, helvetica, sans-serif;\">Tampoco es plato de gusto para<strong>\u00a0Espinosa, que apenas ha concedido entrevistas<\/strong>. \u00abEs una juez de perfil muy neutro y pol\u00edticamente no significada\u00bb, afirma Pascual Ortu\u00f1o, magistrado de la Audiencia de Barcelona, quien trabaj\u00f3 codo con codo con ella cuando \u00e9l era director de la Escuela Judicial y Espinosa, subdirectora. Este mi\u00e9rcoles, la magistrada declin\u00f3 amablemente una conversaci\u00f3n con\u00a0<em>Cr\u00f3nica<\/em>. Seg\u00fan ha sabido este suplemento, la consigna del Consejo General del Poder Judicial (CGPJ) es discreci\u00f3n absoluta. Sus amigos m\u00e1s \u00edntimos la obedecen.<\/span><\/p>\n<p style=\"text-align: justify;\"><span style=\"font-size: 14pt; font-family: arial, helvetica, sans-serif;\">\u00ab<a href=\"http:\/\/www.elmundo.es\/cataluna\/2018\/03\/26\/5ab8eeace2704e90588b45d3.html\" target=\"_blank\" rel=\"noopener\">Es una mujer con mucho temperamento, muy competente, prudente<\/a>. Una buena juez. De esas mujeres ante las que te quitas el sombrero porque ha llevado adelante su casa, a sus hijos y su trabajo\u00bb, cuenta un magistrado de la asociaci\u00f3n\u00a0<em>rival<\/em>, la progresista Juezas y Jueces para la Democracia. Para Llarena tambi\u00e9n tiene elogios: \u00abNo es ning\u00fan novato: se ha curtido en Barcelona y lo est\u00e1 demostrando.<strong>Te pueden gustar m\u00e1s o menos sus decisiones, pero as\u00ed se hace una instrucci\u00f3n<\/strong>: con celeridad y tomando medidas cautelares pronto para dejarle en suerte el juicio cuanto antes al tribunal. Si algo tiene Pablo es que sabe lo que hace\u00bb.<\/span><\/p>\n<p style=\"text-align: justify;\"><span style=\"font-size: 14pt; font-family: arial, helvetica, sans-serif;\">La situaci\u00f3n de los jueces y fiscales en Catalu\u00f1a ha generado una honda preocupaci\u00f3n y tiene al magistrado del\u00a0<em>proc\u00e9s\u00a0<\/em>como m\u00e1ximo exponente. La Fiscal\u00eda ha reclamado protecci\u00f3n para \u00e9l, al igual que el CGPJ, que ha denunciado que las pintadas son \u00abuna manifiesta coacci\u00f3n sobre Llarena y su familia\u00bb que atenta contra su labor y que, adem\u00e1s, no es una an\u00e9cdota. Seg\u00fan el Consejo, \u00abactuaciones similares\u00bb est\u00e1n d\u00e1ndose en varios juzgados y tribunales de Catalu\u00f1a, y\u00a0<strong>por ello ha pedido proteger al resto de jueces que ejercen en la comunidad<\/strong>.<\/span><\/p>\n<p style=\"text-align: justify;\"><span style=\"font-size: 14pt; font-family: arial, helvetica, sans-serif;\">Tambi\u00e9n han salido a defenderle el ministro del Interior, Juan Ignacio Zoido,\u00a0<strong>de quien depende la seguridad de los cargos p\u00fablicos<\/strong>, y la Uni\u00f3n Internacional de Magistrados, formada por 89 asociaciones de todo el mundo, que ha expresado \u00absu solidaridad a los jueces espa\u00f1oles\u00bb, especialmente a los que \u00abtrabajan en Catalu\u00f1a\u00bb.<\/span><\/p>\n<p style=\"text-align: justify;\"><span style=\"font-size: 14pt; font-family: arial, helvetica, sans-serif;\">Los partidos independentistas, en cambio, llevan tiempo avivando las llamas. Puigdemont afirm\u00f3 antes de su arresto que Llarena quiere hacer pol\u00edtica cuando no lo ha votado nadie. Roger Torrent ha llegado a proclamar sin sonrojo que \u00abning\u00fan juez puede perseguir\u00bb a un (ex) presidente. Y la pesadilla contin\u00faa. Tras conocerse que la familia ha tenido que dejar Catalu\u00f1a,\u00a0<strong>en las redes sociales se leen mensajes como \u00abEl \u00faltimo fascista que apague la luz\u00bb\u00a0<\/strong>o \u00abQue no vuelva m\u00e1s\u00bb. Mientras, en\u00a0<em>change.org<\/em>\u00a0se recogen firmas para que el Ayuntamiento de Das le declare\u00a0<em>persona non grata<\/em>\u00a0y un grupo de abogados independentistas anuncia una \u00abquerella colectiva\u00bb contra \u00e9l.<\/span><\/p>\n<p style=\"text-align: justify;\"><span style=\"font-size: 14pt; font-family: arial, helvetica, sans-serif;\">Este ocho de marzo se cumplieron dos a\u00f1os desde que Pablo Llarena, el juez solitario, tom\u00f3 posesi\u00f3n de su cargo y<strong>\u00a0jur\u00f3 \u00abguardar y hacer guardar fielmente y en todo tiempo la Constituci\u00f3n\u00bb<\/strong>. Ahora paga un alto precio.<\/span><\/p>\n<p><a href=\"https:\/\/puntocritico.com\/ausajpuntocritico\/wp-content\/uploads\/2018\/03\/Mosca_Punto_Cr\u00edtico_40.png\" rel=\"lightbox[10544]\"><img loading=\"lazy\" decoding=\"async\" class=\"wp-image-9528 aligncenter\" src=\"https:\/\/puntocritico.com\/ausajpuntocritico\/wp-content\/uploads\/2018\/03\/Mosca_Punto_Cr\u00edtico_40.png\" alt=\"\" width=\"40\" height=\"40\" \/><\/a><\/p>\n<h1 class=\"pg-headline\" style=\"text-align: center;\"><a id=\"ref2\"><\/a><a href=\"#ref2a\">[3]<\/a> Justicia intenta salvar el nombramiento a dedo que anul\u00f3 la Audiencia Nacional<\/h1>\n<p><span style=\"font-size: 14pt;\">Por Marcos Pinheiro<\/span><\/p>\n<p><span style=\"color: #008000;\">Articulo publicado el 1 de abril de 2018 en:\u00a0<\/span><\/p>\n<p><a href=\"https:\/\/www.eldiario.es\/politica\/Justicia-intenta-nombramiento-Audiencia-Nacional_0_754525301.html\" target=\"_blank\" rel=\"noopener\">https:\/\/www.eldiario.es\/politica\/Justicia-intenta-nombramiento-Audiencia-Nacional_0_754525301.html<\/a><\/p>\n<div>\u00a0<\/div>\n<div>\u00a0<\/div>\n<div>\n<figure id=\"attachment_10546\" aria-describedby=\"caption-attachment-10546\" style=\"width: 643px\" class=\"wp-caption aligncenter\"><a href=\"https:\/\/puntocritico.com\/ausajpuntocritico\/wp-content\/uploads\/2018\/04\/TSJC-Secretaria-Gobierno-Hernandez-Burgos_EDIIMA20180103_0050_23.jpg\" rel=\"lightbox[10544]\"><img loading=\"lazy\" decoding=\"async\" class=\"wp-image-10546 size-full\" src=\"https:\/\/puntocritico.com\/ausajpuntocritico\/wp-content\/uploads\/2018\/04\/TSJC-Secretaria-Gobierno-Hernandez-Burgos_EDIIMA20180103_0050_23.jpg\" alt=\"\" width=\"643\" height=\"362\" srcset=\"https:\/\/puntocritico.com\/ausajpuntocritico\/wp-content\/uploads\/2018\/04\/TSJC-Secretaria-Gobierno-Hernandez-Burgos_EDIIMA20180103_0050_23.jpg 643w, https:\/\/puntocritico.com\/ausajpuntocritico\/wp-content\/uploads\/2018\/04\/TSJC-Secretaria-Gobierno-Hernandez-Burgos_EDIIMA20180103_0050_23-300x169.jpg 300w\" sizes=\"auto, (max-width: 643px) 100vw, 643px\" \/><\/a><figcaption id=\"caption-attachment-10546\" class=\"wp-caption-text\"><span style=\"color: #339966; font-size: 10pt;\">Toma de posesi\u00f3n en el TSJC de Eva Mar\u00eda Hern\u00e1ndez Burgos como secretaria del gobierno. ALEJANDRO RAMOS<\/span><\/figcaption><\/figure>\n<\/div>\n<blockquote>\n<p style=\"text-align: justify;\"><strong><span style=\"font-size: 14pt; font-family: arial, helvetica, sans-serif; color: #008000;\">El Ministerio ha presentado un recurso contra la sentencia que dejaba sin efecto el nombramiento de un puesto de libre designaci\u00f3n en el TSJ de Canarias<\/span><\/strong><\/p>\n<p style=\"text-align: justify;\"><strong><span style=\"font-size: 14pt; font-family: arial, helvetica, sans-serif; color: #008000;\">En paralelo, el PP ha presentado una enmienda en el Congreso para reducir la experiencia en ese puesto y hacer viable el nombramiento<\/span><\/strong><\/p>\n<p style=\"text-align: justify;\"><strong><span style=\"font-size: 14pt; font-family: arial, helvetica, sans-serif; color: #008000;\">Justicia argumenta que solo trata de paliar la \u00abdisparidad de criterio\u00bb que hay entre ellos y la Audiencia Nacional<\/span><\/strong><\/p>\n<\/blockquote>\n<p class=\"mce\" style=\"text-align: justify;\"><span style=\"font-size: 14pt; font-family: arial, helvetica, sans-serif;\">La Audiencia Nacional anul\u00f3 el pasado mes de diciembre el nombramiento a dedo del Ministerio de Justicia para el puesto de secretaria de gobierno del Tribunal Superior de Justicia de Canarias. Sin embargo, el Gobierno ha optado por intentar salvar esa designaci\u00f3n por dos v\u00edas, la judicial y la parlamentaria. La Abogac\u00eda del Estado ha recurrido la decisi\u00f3n\u00a0en los tribunales mientras el PP trata de cambiar en el Congreso los requisitos que dieron al traste con ese ascenso.<\/span><\/p>\n<p class=\"mce\" style=\"text-align: justify;\"><span style=\"font-size: 14pt; font-family: arial, helvetica, sans-serif;\">En una sentencia\u00a0<a class=\"mce\" href=\"https:\/\/www.eldiario.es\/politica\/Audiencia-Nacional-Ministerio-Justicia-nombramiento_0_725127944.html\" target=\"_blank\" rel=\"noopener noreferrer\">dictada el pasado 26 de diciembre<\/a>, la titular del Juzgado Central de lo Contencioso Administrativo N\u00famero 5 de la Audiencia Nacional, Emilia Peraile, dejaba sin efecto el nombramiento de la nueva secretaria de gobierno del Tribunal Superior de Justicia de Canarias, Mar\u00eda Hern\u00e1ndez Burgos. La jueza entendi\u00f3 que el proceso para\u00a0elegir\u00a0el puesto de libre designaci\u00f3n se hab\u00eda saltado las normas de la propia convocatoria para nombra a Burgos por encima de otros candidatos.<\/span><\/p>\n<p class=\"mce\" style=\"text-align: justify;\"><span style=\"font-size: 14pt; font-family: arial, helvetica, sans-serif;\">En concreto, la sentencia anula el nombramiento porque la candidata elegida a dedo no cumpl\u00eda los requisitos de experiencia que exig\u00edan las bases de la\u00a0convocatoria que hab\u00eda elaborado el Ministerio, como s\u00ed hac\u00edan otros cuatro candidatos. La magistrada entendi\u00f3 que las normas que se aplican en este caso, y en especial la Ley Org\u00e1nica del Poder Judicial (LOPJ), \u00abno dejan lugar a dudas\u00bb, por lo que no cabe una interpretaci\u00f3n distinta, como hizo el Ministerio.<\/span><\/p>\n<p class=\"mce\" style=\"text-align: justify;\"><span style=\"font-size: 14pt; font-family: arial, helvetica, sans-serif;\">El fallo recordaba a Justicia que la convocatoria que elaboraron para el puesto hac\u00eda referencia a la necesidad de tener 10 a\u00f1os de experiencia en la categor\u00eda segunda ya consolidada. \u00abNo cabe duda que la resoluci\u00f3n cuestionada ha vulnerado la normativa de aplicaci\u00f3n y la propia convocatoria\u00bb, se\u00f1ala. Para consolidar una categor\u00eda se exige el desempe\u00f1o de puestos de trabajo en ella durante al menos durante cinco a\u00f1os continuados o siete con interrupci\u00f3n. Hern\u00e1ndez Burgos no lo cumpl\u00eda.<\/span><\/p>\n<p class=\"mce\" style=\"text-align: justify;\"><span style=\"font-size: 14pt; font-family: arial, helvetica, sans-serif;\">El Ministerio no se da por satisfecho y ha presentado un recurso contra la Sala de Contencioso Administrativo de la Audiencia Nacional. La abogac\u00eda del Estado, que act\u00faa en representaci\u00f3n de los intereses del Gobierno, ha presentado un escrito que sostiene b\u00e1sicamente los mismos argumentos que esgrimi\u00f3 durante el proceso: la antig\u00fcedad solo operaba \u00abcomo garant\u00eda de la percepci\u00f3n del sueldo\u00bb y nada m\u00e1s. A\u00f1adi\u00f3 en su defensa que se trata de una plaza de libre designaci\u00f3n, por tanto \u00abde discrecionalidad t\u00e9cnica\u201d.<\/span><\/p>\n<h3 style=\"text-align: justify;\"><span style=\"font-size: 14pt; font-family: arial, helvetica, sans-serif;\">Una enmienda a la reforma de la ley del Poder Judicial<\/span><\/h3>\n<p class=\"mce\" style=\"text-align: justify;\"><span style=\"font-size: 14pt; font-family: arial, helvetica, sans-serif;\">A la v\u00eda judicial para salvar el nombramiento, el Gobierno ha incorporado la v\u00eda parlamentar\u00eda. Actualmente se tramita en el Congreso una reforma de la LOPJ para modificar el r\u00e9gimen de licencias y permisos del personal de la Administraci\u00f3n de Justicia. Cuando esa propuesta ha entrado en la fase de enmiendas, el PP ha aprovechado para presentar 50 modificaciones que nada tienen que ver con el objeto de la\u00a0propuesta\u00a0que ellos mismos presentaron.<\/span><\/p>\n<p class=\"mce\" style=\"text-align: justify;\"><span style=\"font-size: 14pt; font-family: arial, helvetica, sans-serif;\">Entre cambios sobre la limitaci\u00f3n de tiempo para cargos de la Audiencia Nacional o modificaciones en las funciones de los letrados de la Administraci\u00f3n de Justicia, el PP ha metido una que afecta al nombramiento que tumb\u00f3 la Audiencia Nacional. La \u00fanica justificaci\u00f3n que la acompa\u00f1a es la \u00abmejora t\u00e9cnica\u00bb.<\/span><\/p>\n<p class=\"mce\" style=\"text-align: justify;\"><span style=\"font-size: 14pt; font-family: arial, helvetica, sans-serif;\">Es\u00a0enmienda se\u00f1ala que para acceder a la Secretar\u00eda de Gobierno de un Tribunal Superior de Justicia solo ser\u00e1n necesarios \u00abdiez a\u00f1os en puestos de segunda categor\u00eda\u00bb. Es decir, no har\u00e1 falta que esos a\u00f1os empiecen a contar cuando se consolide la categor\u00eda, lo que allana el camino a Hern\u00e1ndez Burgos.<\/span><\/p>\n<p class=\"mce\" style=\"text-align: justify;\"><span style=\"font-size: 14pt; font-family: arial, helvetica, sans-serif;\">Fuentes del Ministerio explican que esta enmienda busca paliar \u201cesa disparidad de criterio\u201d que se ha dado en este contencioso judicial \u201cmediante una mayor claridad en la redacci\u00f3n del articulado de la LOPJ\u201d. Justicia reconoce que si la enmienda pasa el tr\u00e1mite parlamentario, Hern\u00e1ndez Burgos podr\u00e1 volver a presentarse a la plaza si el recurso no prospera.<\/span><\/p>\n<p class=\"mce\" style=\"text-align: justify;\"><span style=\"font-size: 14pt; font-family: arial, helvetica, sans-serif;\">Esa previsi\u00f3n garantiza que el nombramiento anulado por la Audiencia Nacional terminar\u00e1 por imponerse s\u00ed o s\u00ed: ya sea mediante el visto bueno por la v\u00eda judicial, o si se anula, convocando de nuevo la plaza con los nuevos requisitos. Un eventual veto de otros partidos a esa enmienda es lo \u00fanico que puede echar al traste esta estrategia.<\/span><\/p>\n<p class=\"mce\" style=\"text-align: justify;\"><span style=\"font-size: 14pt; font-family: arial, helvetica, sans-serif;\">Sin embargo, la aspirante que inici\u00f3 el proceso judicial contra ese nombramiento no opina lo mismo que el Ministerio. Maite Brincas cumpl\u00eda los requisitos de antig\u00fcedad para el puesto -como otros cuatro aspirantes, a\u00f1ade-, pero vio como Hern\u00e1ndez Burgos\u00a0se alzaba con ese puesto\u00a0por designaci\u00f3n de Justicia. Denunci\u00f3 el\u00a0proceso\u00a0ante la Audiencia Nacional y ahora espera que esta se pronuncie de nuevo a su favor tras el recurso del Ministerio.<\/span><\/p>\n<p class=\"mce\" style=\"text-align: justify;\"><span style=\"font-size: 14pt; font-family: arial, helvetica, sans-serif;\">Brincas aclara que no ha recurrido por no salir elegida, pues tiene claro que optaba a un puesto de libre designaci\u00f3n, sino que acudi\u00f3 a la v\u00eda judicial por \u00abdignidad profesional\u00bb, para evitar que estas cosas pasen en los nombramientos de secretarios judiciales.<\/span><\/p>\n<p class=\"mce\" style=\"text-align: justify;\"><span style=\"font-size: 14pt; font-family: arial, helvetica, sans-serif;\">Explica que, si los jueces le dan la raz\u00f3n -contra esa decisi\u00f3n ya no cabe recurso- el Ministerio debe volver a evaluar los m\u00e9ritos de los candidatos que se presentaron a la convocatoria, excluyendo a Hern\u00e1ndez Burgos: \u00abSer\u00eda lo l\u00f3gico y lo justo\u00bb. En ning\u00fan caso, sostiene, Justicia puede volver a convocar la plaza de nuevo porque la sentencia anula la designaci\u00f3n, no el proceso. Sobre la enmienda, se limita a expresar su sorpresa y desconcierto, y expresa su confianza en que el tribunal se pronuncie lo antes posible.<\/span><\/p>\n<p><a href=\"https:\/\/puntocritico.com\/ausajpuntocritico\/wp-content\/uploads\/2018\/03\/Mosca_Punto_Cr\u00edtico_40.png\" rel=\"lightbox[10544]\"><img loading=\"lazy\" decoding=\"async\" class=\"aligncenter wp-image-9528\" src=\"https:\/\/puntocritico.com\/ausajpuntocritico\/wp-content\/uploads\/2018\/03\/Mosca_Punto_Cr\u00edtico_40.png\" alt=\"\" width=\"40\" height=\"40\" \/><\/a><\/p>\n<h1 class=\"pg-headline\" style=\"text-align: center;\"><a id=\"ref3\"><\/a><a href=\"#ref3a\">[4]<\/a> Fomento eleva a 443 millones el importe de los contratos que adjudic\u00f3 con una cl\u00e1usula que favorec\u00eda los \u2018dedazos\u2019<\/h1>\n<p>Por\u00a0Antonio M. V\u00e9lez<\/p>\n<div><span style=\"color: #339966;\">Art\u00edculo publicado el 1 de abril de 2018 en<\/span><\/div>\n<div><a href=\"https:\/\/www.eldiario.es\/economia\/Fomento-millones-contratos-adjudico-favorecia_0_754525314.html\" target=\"_blank\" rel=\"noopener\"><span style=\"color: #339966;\">https:\/\/www.eldiario.es\/economia\/Fomento-millones-contratos-adjudico-favorecia_0_754525314.html<\/span><\/a><\/div>\n<div>\u00a0<\/div>\n<div>\u00a0<\/div>\n<figure id=\"attachment_10547\" aria-describedby=\"caption-attachment-10547\" style=\"width: 643px\" class=\"wp-caption aligncenter\"><a href=\"https:\/\/puntocritico.com\/ausajpuntocritico\/wp-content\/uploads\/2018\/04\/OHL-PP-PSOE-Ciudadanos-Podemos_EDIIMA20160225_0836_44.jpg\" rel=\"lightbox[10544]\"><img loading=\"lazy\" decoding=\"async\" class=\"wp-image-10547 size-full\" src=\"https:\/\/puntocritico.com\/ausajpuntocritico\/wp-content\/uploads\/2018\/04\/OHL-PP-PSOE-Ciudadanos-Podemos_EDIIMA20160225_0836_44.jpg\" alt=\"\" width=\"643\" height=\"362\" srcset=\"https:\/\/puntocritico.com\/ausajpuntocritico\/wp-content\/uploads\/2018\/04\/OHL-PP-PSOE-Ciudadanos-Podemos_EDIIMA20160225_0836_44.jpg 643w, https:\/\/puntocritico.com\/ausajpuntocritico\/wp-content\/uploads\/2018\/04\/OHL-PP-PSOE-Ciudadanos-Podemos_EDIIMA20160225_0836_44-300x169.jpg 300w\" sizes=\"auto, (max-width: 643px) 100vw, 643px\" \/><\/a><figcaption id=\"caption-attachment-10547\" class=\"wp-caption-text\"><span style=\"color: #339966;\">El expresidente de OHL Juan Miguel Villar Mir.<\/span><\/figcaption><\/figure>\n<p>&nbsp;<\/p>\n<blockquote>\n<p style=\"text-align: justify;\"><span style=\"color: #008000;\"><strong><span style=\"font-size: 14pt; font-family: arial, helvetica, sans-serif;\">El Ministerio facilita el listado de adjudicaciones de la Direcci\u00f3n General de Carreteras que conten\u00edan una cl\u00e1usula declarada ilegal en enero de 2016<\/span><\/strong><\/span><\/p>\n<p style=\"text-align: justify;\"><span style=\"color: #008000;\"><strong><span style=\"font-size: 14pt; font-family: arial, helvetica, sans-serif;\">Son\u00a058 contratos con un presupuesto de 594 millones adjudicados entre abril de 2014 y octubre de 2015 a 42 grupos empresariales<\/span><\/strong><\/span><\/p>\n<p style=\"text-align: justify;\"><span style=\"color: #008000;\"><strong><span style=\"font-size: 14pt; font-family: arial, helvetica, sans-serif;\">Se confirma que OHL fue la empresa que m\u00e1s ingres\u00f3: cuatro licitaciones que se adjudic\u00f3 en solitario por 67 millones<\/span><\/strong><\/span><\/p>\n<\/blockquote>\n<p>&nbsp;<\/p>\n<p class=\"mce\" style=\"text-align: justify;\"><span style=\"font-size: 14pt; font-family: arial, helvetica, sans-serif;\">El Ministerio de Fomento cifra en 58 los contratos de mantenimiento de carreteras que adjudic\u00f3 durante la etapa de Ana Pastor, entre abril de 2014 y octubre de 2015, con una cl\u00e1usula luego declarada ilegal que favorec\u00eda el \u2018dedazo\u2019 a las constructoras. Esos contratos fueron adjudicados a un total de 42 grupos empresariales por un importe total (sin contar el IVA) de 443,7 millones de euros, un 25,5% por debajo del presupuesto inicial de licitaci\u00f3n, que\u00a0fue de m\u00e1s de 594 millones.<\/span><\/p>\n<p class=\"mce\" style=\"text-align: justify;\"><span style=\"font-size: 14pt; font-family: arial, helvetica, sans-serif;\">La relaci\u00f3n de contratos facilitados a eldiario.es por el departamento de \u00cd\u00f1igo de la Serna incluye\u00a0<a class=\"mce\" href=\"https:\/\/www.eldiario.es\/economia\/Gobierno-adjudico-millones-favorecia-constructoras_0_751725697.html\" target=\"_blank\" rel=\"noopener\">\u00a0las 40 adjudicaciones cuya existencia avanz\u00f3 este medio<\/a>\u00a0el pasado 19 de marzo\u00a0(por un importe\u00a0de unos 306 millones), m\u00e1s otros 18 contratos presupuestados en 187 millones y adjudicados por 136,8 millones entre junio de 2014 y agosto de 2015.<\/span><\/p>\n<p class=\"mce\" style=\"text-align: justify;\"><span style=\"font-size: 14pt; font-family: arial, helvetica, sans-serif;\">Los datos de Fomento confirman que OHL fue la compa\u00f1\u00eda que m\u00e1s dinero ingres\u00f3 con contratos adjudicados con esta cl\u00e1usula. Su filial Elsan contabiliza cuatro expedientes por un total de 67 millones en\u00a0<a class=\"mce\" href=\"https:\/\/contrataciondelestado.es\/wps\/wcm\/connect\/3d6b1f14-9c36-4812-9e63-1d6b4f5fe4d5\/DOC_CAN_ADJ2014-688782.pdf?MOD=AJPERES\" target=\"_blank\" rel=\"noopener\">Madrid<\/a>,\u00a0<a class=\"mce\" href=\"https:\/\/contrataciondelestado.es\/wps\/wcm\/connect\/c837b2d0-42f6-463e-b635-f0d682440b7c\/DOC_CAN_ADJ2014-619711.pdf?MOD=AJPERES\" target=\"_blank\" rel=\"noopener\">Granada<\/a>,\u00a0<a class=\"mce\" href=\"https:\/\/contrataciondelestado.es\/wps\/wcm\/connect\/a258e957-57d0-4e04-a2a3-ff6dcc6e8845\/DOC_CAN_ADJ2015-102264.pdf?MOD=AJPERES\" target=\"_blank\" rel=\"noopener\">\u00a0Le\u00f3n<\/a>\u00a0y\u00a0<a class=\"mce\" href=\"https:\/\/contrataciondelestado.es\/wps\/wcm\/connect\/dc4a9f59-8efd-4f87-b5a3-569e9435164f\/DOC_CAN_ADJ2014-601662.pdf?MOD=AJPERES\" target=\"_blank\" rel=\"noopener\">Huesca<\/a>. Todos los contratos se los adjudic\u00f3 OHL, sin recurrir a alianzas con terceros a trav\u00e9s de una uni\u00f3n temporal de empresas (UTEs).<\/span><\/p>\n<p class=\"mce\" style=\"text-align: justify;\"><span style=\"font-size: 14pt; font-family: arial, helvetica, sans-serif;\">El listado facilitado por Fomento tambi\u00e9n sit\u00faa a FCC, a trav\u00e9s de su filial Mantenimiento de Infraestructuras, como otra de las empresas que m\u00e1s contratos y facturaci\u00f3n logr\u00f3 con esa cl\u00e1usula: un total de seis (cinco de ellos en solitario) con un presupuesto superior a los 57 millones; a continuaci\u00f3n figuran dos filiales del grupo ACS, con cinco contratos (tres de ellos en UTE) con un presupuesto de m\u00e1s de 65 millones.<\/span><\/p>\n<p class=\"mce\" style=\"text-align: justify;\"><span style=\"font-size: 14pt; font-family: arial, helvetica, sans-serif;\">De las 42 empresas adjudicatarias, aproximadamente un tercio est\u00e1n\u00a0<a class=\"mce\" href=\"https:\/\/www.eldiario.es\/economia\/constructoras-adjudicaron-millones-contratos-favorecia_0_752075831.html\" target=\"_blank\" rel=\"noopener\">\u00a0vinculadas a la presunta financiaci\u00f3n irregular del PP<\/a>\u00a0y a esc\u00e1ndalos de corrupci\u00f3n\u00a0de este partido. A las ya conocidas (OHL, ACS, Sacyr Acciona, FCC, Pavasal, Ortiz Construcciones y Proyectos, Copasa, CHM, Jos\u00e9 Antonio Romero Polo, Sorigu\u00e9, Assignia, Elecnor) se suman, seg\u00fan el listado facilitado por Fomento, los nombres de\u00a0<a class=\"mce\" href=\"https:\/\/contrataciondelestado.es\/wps\/wcm\/connect\/71f7a70d-07e5-4e63-bc78-a280994a845f\/DOC_CAN_ADJ2014-673425.pdf?MOD=AJPERES\" target=\"_blank\" rel=\"noopener\">\u00a0Becsa<\/a>\u00a0(de\u00a0<a class=\"mce\" href=\"https:\/\/www.eldiario.es\/cv\/financiadores-PP-Alicante-Castellon-dependientes_0_732476932.html\" target=\"_blank\" rel=\"noopener\">Gabriel Batalla, financiador del PP valenciano<\/a>\u00a0a trav\u00e9s de Lubasa);\u00a0<a class=\"mce\" href=\"https:\/\/contrataciondelestado.es\/wps\/wcm\/connect\/9d1a4f8c-653b-421b-8fbd-1ad85f89008e\/DOC_CAN_ADJ2015-145301.pdf?MOD=AJPERES\" target=\"_blank\" rel=\"noopener\">\u00a0Azvi<\/a>\u00a0(<a class=\"mce\" href=\"https:\/\/www.eldiario.es\/politica\/presidente-Azvi-PP-financiado-politicos_0_137187029.html\" target=\"_blank\" rel=\"noopener\">\u00a0papeles de B\u00e1rcenas<\/a>) y\u00a0<a class=\"mce\" href=\"https:\/\/contrataciondelestado.es\/wps\/wcm\/connect\/8b5e79bc-e6eb-4fef-8d67-89f6e582c6d5\/DOC_CAN_ADJ2014-619007.pdf?MOD=AJPERES\" target=\"_blank\" rel=\"noopener\">\u00a0Collosa<\/a>\u00a0(la constructora de\u00a0<a class=\"mce\" href=\"https:\/\/www.eldiario.es\/economia\/eolica-destapa-constructora-Trillo-Pujalte_0_380062991.html\" target=\"_blank\" rel=\"noopener\">\u00a0los pagos a Federico Trillo<\/a>\u00a0y Vicente Mart\u00ednez Pujalte).<\/span><\/p>\n<p class=\"mce\" style=\"text-align: justify;\"><span style=\"font-size: 14pt; font-family: arial, helvetica, sans-serif;\">La cl\u00e1usula, una compleja f\u00f3rmula matem\u00e1tica para puntuar las ofertas econ\u00f3micas, estuvo vigente hasta que en enero de 2016 el Tribunal Administrativo Central de Recursos Contractuales, dependiente del Ministerio de Hacienda,\u00a0determin\u00f3\u00a0que deb\u00eda anularse \u00abpor no ser conforme a Derecho\u00bb, porque conced\u00eda excesivo peso en la valoraci\u00f3n de las propuestas\u00a0a<strong class=\"mce\">\u00a0\u00a0<\/strong>criterios arbitrarios, en detrimento de aquellos m\u00e1s objetivos, b\u00e1sicamente el precio.<\/span><\/p>\n<p class=\"mce\" style=\"text-align: justify;\"><span style=\"font-size: 14pt; font-family: arial, helvetica, sans-serif;\">En virtud de esa cl\u00e1usula, incluida bajo el\u00a0ep\u00edgrafe \u00abEnumeraci\u00f3n y puntuaci\u00f3n de los criterios evaluables mediante f\u00f3rmulas\u00bb, el valor de la puntuaci\u00f3n econ\u00f3mica de la ofertas de los licitadores se dilu\u00eda en favor de la t\u00e9cnica (sin f\u00f3rmulas autom\u00e1ticas de evaluaci\u00f3n) y, en definitiva, se dejaba \u00abal arbitrio del \u00f3rgano de contrataci\u00f3n la adjudicaci\u00f3n de la licitaci\u00f3n\u00bb, seg\u00fan la sentencia.<\/span><\/p>\n<p class=\"mce\" style=\"text-align: justify;\"><span style=\"font-size: 14pt; font-family: arial, helvetica, sans-serif;\">La anulaci\u00f3n solo afect\u00f3 a cuatro licitaciones en curso y a las que Fomento ten\u00eda previsto llevar a cabo antes de dictarse esa resoluci\u00f3n, pero no a las 58 que Fomento ya hab\u00eda adjudicado con anterioridad. Los pliegos de contrataci\u00f3n llevaban la firma del entonces secretario de Estado de Infraestructuras y hoy ministro de Justicia, Rafael Catal\u00e1.\u00a0El director general de Carreteras, entonces y ahora, era (y es) Jorge Urrecho Corrales, antiguo colaborador en Fomento del exministro Francisco \u00c1lvarez-Cascos\u00a0que fue\u00a0ingeniero jefe en el municipio madrile\u00f1o de Pozuelo de Alarc\u00f3n, epicentro de la red G\u00fcrtel.<\/span><\/p>\n<p><a href=\"https:\/\/puntocritico.com\/ausajpuntocritico\/wp-content\/uploads\/2018\/03\/Mosca_Punto_Cr\u00edtico_40.png\" rel=\"lightbox[10544]\"><img loading=\"lazy\" decoding=\"async\" class=\"aligncenter wp-image-9528\" src=\"https:\/\/puntocritico.com\/ausajpuntocritico\/wp-content\/uploads\/2018\/03\/Mosca_Punto_Cr\u00edtico_40.png\" alt=\"\" width=\"40\" height=\"40\" \/><\/a><\/p>\n<h1 class=\"entry-title\" style=\"text-align: center;\"><a id=\"ref4\"><\/a><a href=\"#ref4a\">[5]<\/a> La antigua c\u00fapula de Defex estaf\u00f3 20 millones de euros en comisiones ilegales<\/h1>\n<p><span style=\"font-size: 14pt;\">Por\u00a0Agust\u00edn Mill\u00e1n<\/span><\/p>\n<div><span style=\"color: #339966;\">Art\u00edculo publicado el 2 de abril de 2018 en<\/span><\/div>\n<div><a href=\"http:\/\/diario16.com\/la-antigua-cupula-defex-estafo-20-millones-euros-comisiones-ilegales\/\" target=\"_blank\" rel=\"noopener\"><span style=\"color: #339966;\">http:\/\/diario16.com\/la-antigua-cupula-defex-estafo-20-millones-euros-comisiones-ilegales\/<\/span><\/a><\/div>\n<div>\u00a0<\/div>\n<div>\u00a0<\/div>\n<div><a href=\"https:\/\/puntocritico.com\/ausajpuntocritico\/wp-content\/uploads\/2018\/04\/DEFEX-696x416.png\" rel=\"lightbox[10544]\"><img loading=\"lazy\" decoding=\"async\" class=\"aligncenter size-full wp-image-10548\" src=\"https:\/\/puntocritico.com\/ausajpuntocritico\/wp-content\/uploads\/2018\/04\/DEFEX-696x416.png\" alt=\"\" width=\"696\" height=\"416\" srcset=\"https:\/\/puntocritico.com\/ausajpuntocritico\/wp-content\/uploads\/2018\/04\/DEFEX-696x416.png 696w, https:\/\/puntocritico.com\/ausajpuntocritico\/wp-content\/uploads\/2018\/04\/DEFEX-696x416-300x179.png 300w\" sizes=\"auto, (max-width: 696px) 100vw, 696px\" \/><\/a><\/div>\n<div>\u00a0<\/div>\n<blockquote>\n<div style=\"text-align: justify;\"><span style=\"color: #008000;\"><strong><span style=\"font-size: 14pt; font-family: arial, helvetica, sans-serif;\">La empresa semip\u00fablica de armamento, que se encuentra en liquidaci\u00f3n, ha pedido ser acusaci\u00f3n particular contra tres de sus antiguos directivos<\/span><\/strong><\/span><\/div>\n<\/blockquote>\n<div>\n<p style=\"text-align: justify;\"><span style=\"font-family: arial, helvetica, sans-serif; font-size: 14pt;\">La antigua c\u00fapula de\u00a0<strong>Defex<\/strong>\u00a0(empresa semip\u00fablica de armamento), obtuvo m\u00e1s de 20 millones en comisiones ilegales por la venta de armas en\u00a0<strong>Camer\u00fan<\/strong>,\u00a0<strong>Arabia<\/strong><strong>Saud\u00ed<\/strong>,\u00a0<strong>Egipto<\/strong>\u00a0y\u00a0<strong>Brasil,<\/strong>\u00a0seg\u00fan ha informado la\u00a0<a href=\"http:\/\/cadenaser.com\/ser\/2018\/04\/01\/tribunales\/1522610308_060604.html\" target=\"_blank\" rel=\"noopener\"><strong>Cadena SER<\/strong><\/a>.\u00a0 La compa\u00f1\u00eda ha pedido al juez ser acusaci\u00f3n particular contra los ex directivos por el \u201ccuantioso quebranto econ\u00f3mico\u201d que la ha dejado\u00a0<strong>en periodo de liquidaci\u00f3n.<\/strong><\/span><\/p>\n<p style=\"text-align: justify;\"><span style=\"font-family: arial, helvetica, sans-serif; font-size: 14pt;\">Los principales investigados en el caso\u00a0<strong>Defex<\/strong>, el expresidente\u00a0<strong>Jos\u00e9 Ignacio Encinas Charro<\/strong>, que estuvo m\u00e1s de veinte a\u00f1os en el cargo,\u00a0 y el directivo y coronel de infanter\u00eda de marina retirado,\u00a0<strong>\u00c1ngel Mar\u00eda Larumbe<\/strong>,\u00a0<strong>habr\u00edan conseguido m\u00e1s de 10 millones de euros cada uno en comisiones irregulares entre 2002 y 2012<\/strong>,\u00a0 gracias a la trama de empresas ficticias, dise\u00f1adas desde Luxemburgo.<\/span><\/p>\n<p style=\"text-align: justify;\"><span style=\"font-family: arial, helvetica, sans-serif; font-size: 14pt;\">Defex es propiedad en un 51% de la\u00a0<strong>Sociedad Espa\u00f1ola de Participaciones Industriales (SEPI), Explosiones Alavesas, Maxam e Instalaza<\/strong>\u00a0 con un 10,8% cada uno.\u00a0<strong>SAPA Placencia y Alfa Lan<\/strong>, posee, el 8,1% cada uno.<\/span><\/p>\n<p style=\"text-align: justify;\"><span style=\"font-family: arial, helvetica, sans-serif; font-size: 14pt;\">El esc\u00e1ndalo estall\u00f3 en 2014, con la detenci\u00f3n de diez personas entre ex directivos y la sobrina del esp\u00eda espa\u00f1ol\u00a0<strong>Francisco<\/strong>\u00a0<strong>Paesa<\/strong>, (<strong>Beatriz<\/strong>\u00a0<strong>Garc\u00eda<\/strong>\u00a0<strong>Paesa<\/strong>), que seg\u00fan la investigaci\u00f3n fue la persona que dise\u00f1o la trama de desv\u00edo y blanqueo mediante una estructura financiera, desde su despacho en Luxemburgo.<\/span><\/p>\n<p style=\"text-align: justify;\"><span style=\"font-family: arial, helvetica, sans-serif; font-size: 14pt;\">La Guardia Civil puso en marcha la\u00a0<strong>operaci\u00f3n Agora<\/strong>\u00a0en el a\u00f1o 2012, cuando desde Luxemburgo se\u00a0 avis\u00f3 a la Fiscal\u00eda Anticorrupci\u00f3n espa\u00f1ola de una transferencia sospechosa de un empresa espa\u00f1ola.<\/span><\/p>\n<p style=\"text-align: justify;\"><span style=\"font-family: arial, helvetica, sans-serif; font-size: 14pt;\">Seg\u00fan el informe de la\u00a0<strong>UCO<\/strong>, se investig\u00f3 un contrato de venta de material policial a Angola, valorado en 152,9 millones y suscrito en 2008,\u00a0<strong>y del que solo una tercera parte se emple\u00f3 para comprar el material y formar a la polic\u00eda angole\u00f1a<\/strong>. El resto, unos 100 millones, se desvi\u00f3 en pago de sobornos y comisiones.<\/span><\/p>\n<p style=\"text-align: justify;\"><span style=\"font-family: arial, helvetica, sans-serif; font-size: 14pt;\">Las fuentes de la investigaci\u00f3n, que ha sido dirigida por la UCO de la Guardia Civil en colaboraci\u00f3n con la Polic\u00eda Nacional, escriben en el informe que\u00a0<strong>esta empresa p\u00fablica funcionaba \u201cen el \u00e1mbito de la comisi\u00f3n y sobredimensionaba el coste de los equipamientos a exportar entre un 200 y un 300 por ciento,\u00a0<\/strong>para repartirse mordidas millonarias en colaboraci\u00f3n con funcionarios corruptos de los pa\u00edses a los que vend\u00eda armas\u201d.<\/span><\/p>\n<p style=\"text-align: justify;\"><span style=\"font-family: arial, helvetica, sans-serif; font-size: 14pt;\">La UCO ha llegado a afirmar en su informe que \u201c<strong>Defex<\/strong>\u00a0act\u00faa como una organizaci\u00f3n criminal\u201d. Llegaron a\u00a0 averiguar una compleja estructura\u00a0<em>offshore<\/em>que hac\u00eda que el dinero viajara por todo el mundo hasta llegar a manos de los funcionarios p\u00fablicos angole\u00f1os y de los ex directivos de Defex.\u00a0 Gracias a las comisiones rogatorias de la justicia espa\u00f1ola a varios pa\u00edses y\u00a0 sumados los registros en despachos de Luxemburgo y Ginebra, los agentes de la UCO pudieron encontrar a empresas que facturaban trabajos ficticios a Defex, otras intermediarias opacas que canalizaban los fondos y compa\u00f1\u00edas sin actividad creadas en para\u00edsos fiscales con las que se cerraba el c\u00edrculo.<\/span><\/p>\n<p style=\"text-align: justify;\"><span style=\"font-family: arial, helvetica, sans-serif; font-size: 14pt;\"><strong>Mordidas por la venta de armamento y distinto equipo de seguridad en m\u00e1s de 70 contratos bajo sospecha<\/strong>\u00a0suscritos con pa\u00edses como Angola, Arabia Saud\u00ed, Brasil, Camer\u00fan o Egipto entre otros, que acababan en cuentas opacas a nombre de empresas en para\u00edsos fiscales.<\/span><\/p>\n<p style=\"text-align: justify;\"><span style=\"font-family: arial, helvetica, sans-serif; font-size: 14pt;\"><strong>Encinas Charro\u00a0<\/strong>y<strong>\u00a0Larumbe<\/strong>, a trav\u00e9s de uno de sus supuestos testaferros, Vicente Ferro,\u00a0<strong>han afirmado al juzgado que las comisiones eran l\u00edcitas y las autorizaba la propia DEFEX<\/strong>. Para ello, han presentado un escrito en un folio sin membrete y con el porcentaje del beneficio escrito a bol\u00edgrafo: un 0,5% de cada contrato de la empresa p\u00fablica.<\/span><\/p>\n<p style=\"text-align: justify;\"><span style=\"font-family: arial, helvetica, sans-serif; font-size: 14pt;\">Desde el SEPI se afirma que se \u201cest\u00e1 ofreciendo la m\u00e1xima colaboraci\u00f3n\u00a0 a la justicia para que esta llegue hasta el final\u201d.<\/span><\/p>\n<\/div>\n<div><a href=\"https:\/\/puntocritico.com\/ausajpuntocritico\/wp-content\/uploads\/2018\/03\/Mosca_Punto_Cr\u00edtico_40.png\" rel=\"lightbox[10544]\"><img loading=\"lazy\" decoding=\"async\" class=\"aligncenter wp-image-9528\" src=\"https:\/\/puntocritico.com\/ausajpuntocritico\/wp-content\/uploads\/2018\/03\/Mosca_Punto_Cr\u00edtico_40.png\" alt=\"\" width=\"40\" height=\"40\" \/><\/a><\/div>\n<h1 class=\"pg-headline\" style=\"text-align: center;\"><a id=\"ref5\"><\/a><a href=\"#ref5a\">[6]<\/a> La Xunta opera su salvamento mar\u00edtimo con dos helic\u00f3pteros alquilados que vendi\u00f3 en 2012 por \u201cobsoletos\u201d<\/h1>\n<p><span style=\"font-size: 14pt;\">Por\u00a0David Reinero<\/span><\/p>\n<div style=\"text-align: justify;\"><span style=\"color: #339966;\">Art\u00edculo publicado el 1 de abril de 2018 en<\/span><\/div>\n<div style=\"text-align: justify;\"><a href=\"https:\/\/www.eldiario.es\/galicia\/politica\/Xunta-salvamento-helicopteros-alquilados-obsoletos_0_754175157.html\" target=\"_blank\" rel=\"noopener\"><span style=\"color: #339966;\">https:\/\/www.eldiario.es\/galicia\/politica\/Xunta-salvamento-helicopteros-alquilados-obsoletos_0_754175157.html<\/span><\/a><\/div>\n<div>\u00a0<\/div>\n<div>\u00a0<\/div>\n<div>\n<figure id=\"attachment_10549\" aria-describedby=\"caption-attachment-10549\" style=\"width: 643px\" class=\"wp-caption aligncenter\"><a href=\"https:\/\/puntocritico.com\/ausajpuntocritico\/wp-content\/uploads\/2018\/04\/Helicoptero-salvamento-Xunta-matricula-resaltada_EDIIMA20180326_0543_19.jpg\" rel=\"lightbox[10544]\"><img loading=\"lazy\" decoding=\"async\" class=\"wp-image-10549 size-full\" src=\"https:\/\/puntocritico.com\/ausajpuntocritico\/wp-content\/uploads\/2018\/04\/Helicoptero-salvamento-Xunta-matricula-resaltada_EDIIMA20180326_0543_19.jpg\" alt=\"\" width=\"643\" height=\"362\" srcset=\"https:\/\/puntocritico.com\/ausajpuntocritico\/wp-content\/uploads\/2018\/04\/Helicoptero-salvamento-Xunta-matricula-resaltada_EDIIMA20180326_0543_19.jpg 643w, https:\/\/puntocritico.com\/ausajpuntocritico\/wp-content\/uploads\/2018\/04\/Helicoptero-salvamento-Xunta-matricula-resaltada_EDIIMA20180326_0543_19-300x169.jpg 300w\" sizes=\"auto, (max-width: 643px) 100vw, 643px\" \/><\/a><figcaption id=\"caption-attachment-10549\" class=\"wp-caption-text\"><span style=\"font-size: 10pt; color: #339966;\">Helic\u00f3ptero de salvamento de la Xunta con la matr\u00edcula resaltada PRAZA P\u00daBLICA <\/span><\/figcaption><\/figure>\n<\/div>\n<div>\u00a0<\/div>\n<blockquote>\n<div style=\"text-align: justify;\"><span style=\"color: #008000;\"><strong><span style=\"font-size: 14pt; font-family: arial, helvetica, sans-serif;\">La firma a la que el Gobierno gallego ha renovado el servicio pone para hacerlo los dos mismos aparatos que Fraga compr\u00f3 en 2005 y de los que Feij\u00f3o se deshizo siete a\u00f1os m\u00e1s tarde con el argumento de que as\u00ed podr\u00eda contratar otros \u201cm\u00e1s modernos\u201d<\/span><\/strong><\/span><\/div>\n<\/blockquote>\n<div>\u00a0<\/div>\n<div>\n<p class=\"mce\" style=\"text-align: justify;\"><span style=\"font-size: 14pt; font-family: arial, helvetica, sans-serif;\"><span class=\"mce\">\u201c<\/span><span class=\"mce\">Cada cinco a\u00f1os la Xunta tendr\u00e1 la opci\u00f3n de licitar otra vez este concurso y poder ofertar las empresas helic\u00f3pteros m\u00e1s modernos y helic\u00f3pteros con m\u00e1s prestaciones\u201d. As\u00ed justific\u00f3 el 24 de mayo de 2012 Alberto N\u00fa\u00f1ez Feij\u00f3o que el Gobierno gallego vendiese por 13 millones de euros los dos helic\u00f3pteros que la Xunta de Manuel Fraga hab\u00eda comprado por 27 millones apenas siete a\u00f1os antes, en 2005, para el servicio auton\u00f3mico de salvamento mar\u00edtimo. \u201cLo contrario ser\u00eda anquilosarse, tender al monopolio y a unas condiciones obsoletas con el paso del tiempo\u201d, argument\u00f3 tambi\u00e9n la Conseller\u00eda do Mar. Sin embargo, aquellos mismos dos helic\u00f3pteros, dos aparatos Sikorsky\u00a0S-76 C+ con matr\u00edculas EC-JES\u00a0y EC-JET, siguen siendo los que prestan hoy el servicio, ahora alquilados a la empresa que los compr\u00f3 y con seis a\u00f1os m\u00e1s de antig\u00fcedad en sus aspas.<\/span><\/span><\/p>\n<p class=\"mce\" style=\"text-align: justify;\"><span class=\"mce\" style=\"font-size: 14pt; font-family: arial, helvetica, sans-serif;\">La vertiente econ\u00f3mica de la operaci\u00f3n por la que la Xunta vendi\u00f3 esos dos helic\u00f3pteros de salvamento que ten\u00eda en propiedad para ahora tener que alquilarlos a trav\u00e9s de licitaciones peri\u00f3dicas fue\u00a0<a class=\"mce\" href=\"http:\/\/www.consellodecontas.es\/sites\/consello_de_contas\/files\/contents\/documents\/2011\/161_D_Contratacion_2010_2011_G.pdf\" target=\"_blank\" rel=\"noopener\">criticada en su momento por el Consello de Contas<\/a>, \u00f3rgano fiscalizador equivalente al Tribunal de Cuentas estatal, que censur\u00f3 que no se hiciese \u201cning\u00fan estudio sobre la repercusi\u00f3n de la venta\u00a0de los helic\u00f3pteros\u201d en las contrataciones futuras del servicio.\u00a0<a class=\"mce\" href=\"https:\/\/www.eldiario.es\/galicia\/politica\/Xunta-gastara-contratar-helicopteros-salvamento_0_664584432.html\" target=\"_blank\" rel=\"noopener\">Si antes de 2012 el coste de mantenimiento anual del servicio era de 7,5 millones de euros, hace cinco meses la Xunta lo adjudic\u00f3 para el pr\u00f3ximo lustro por 8,5 millones al a\u00f1o<\/a>. El Gobierno gallego argumenta que el incremento se debe a que ahora se exigen nuevas condiciones a la empresa que presta el servicio.<\/span><\/p>\n<p class=\"mce\" style=\"text-align: justify;\"><span class=\"mce\" style=\"font-size: 14pt; font-family: arial, helvetica, sans-serif;\">Pero no fue el argumento econ\u00f3mico sino el t\u00e9cnico lo que prim\u00f3 el Gobierno gallego para justificar hace seis a\u00f1os la venta de los dos Sikorsky. Cuando anunci\u00f3 la operaci\u00f3n,\u00a0<a class=\"mce\" href=\"http:\/\/mediateca.parlamentodegalicia.gal\/library\/items\/actos-institucionales-8-lexislatura-comision-8-pesca-e-marisqueo-2011-06-22?part=447a9169-ddaa-4ca4-8317-8cf4f81fa1d5&amp;start=6362\" target=\"_blank\" rel=\"noopener\">el entonces secretario general de la Conseller\u00eda de Medio Rural e Mar, Francisco Jos\u00e9 Vidal-Pardo, dijo en el Parlamento de Galicia, en una comparecencia el 22 de junio de 2011<\/a>, que \u201clo contrario ser\u00eda anquilosarse, tender al monopolio y tender a unas condiciones obsoletas con el paso del tiempo, y nosotros no queremos eso para el salvamento mar\u00edtimo, queremos poder ir con el discurrir de los tiempos, que todas las mejoras tecnol\u00f3gicas en materia de salvamento mar\u00edtimo podamos\u00a0acogerlas en la Xunta de Galicia\u201d.\u00a0<a class=\"mce\" href=\"https:\/\/www.xunta.gal\/hemeroteca\/-\/nova\/013015\/vidal-pardo-ratifica-que-reformulacion-contrato-dos-helicopteros-gardacostas\" target=\"_blank\" rel=\"noopener\">En la nota de prensa emitida por la propia Xunta\u00a0<\/a>sobre esa comparecencia tambi\u00e9n se destacaba que el nuevo sistema permit\u00eda \u201coptar a aeronaves m\u00e1s avanzadas tecnol\u00f3gicamente\u00a0\u201d\u00a0porque \u201cla Xunta no quiere ofrecer un servicio de condiciones obsoletas\u201d.<\/span><\/p>\n<div class=\"inset cf width643\">\n<figure class=\"media-holder\">\n<div class=\"mg \">\n<figure id=\"attachment_10550\" aria-describedby=\"caption-attachment-10550\" style=\"width: 643px\" class=\"wp-caption aligncenter\"><a href=\"https:\/\/puntocritico.com\/ausajpuntocritico\/wp-content\/uploads\/2018\/04\/Notas-prensa-Xunta-justificaba-helicopteros_EDIIMA20180326_0545_19.jpg\" rel=\"lightbox[10544]\"><img loading=\"lazy\" decoding=\"async\" class=\"wp-image-10550 size-full\" src=\"https:\/\/puntocritico.com\/ausajpuntocritico\/wp-content\/uploads\/2018\/04\/Notas-prensa-Xunta-justificaba-helicopteros_EDIIMA20180326_0545_19.jpg\" alt=\"\" width=\"643\" height=\"308\" srcset=\"https:\/\/puntocritico.com\/ausajpuntocritico\/wp-content\/uploads\/2018\/04\/Notas-prensa-Xunta-justificaba-helicopteros_EDIIMA20180326_0545_19.jpg 643w, https:\/\/puntocritico.com\/ausajpuntocritico\/wp-content\/uploads\/2018\/04\/Notas-prensa-Xunta-justificaba-helicopteros_EDIIMA20180326_0545_19-300x144.jpg 300w\" sizes=\"auto, (max-width: 643px) 100vw, 643px\" \/><\/a><figcaption id=\"caption-attachment-10550\" class=\"wp-caption-text\"><span style=\"font-size: 10pt; color: #339966;\">Notas de prensa de la Xunta de 2011 y 2012 en las que justificaba la venta de los helic\u00f3pteros\u00a0PRAZA P\u00daBLICA<\/span><\/figcaption><\/figure>\n<\/div>\n<\/figure>\n<\/div>\n<p class=\"mce\" style=\"text-align: justify;\"><span style=\"font-size: 14pt; font-family: arial, helvetica, sans-serif;\"><span class=\"mce\">La operaci\u00f3n de venta tard\u00f3 un a\u00f1o en concretarse por las dudas que mostr\u00f3 la propia Intervenci\u00f3n de la Xunta. El Gobierno gallego finalmente la autoriz\u00f3 en su reuni\u00f3n del\u00a0<\/span><a href=\"https:\/\/www.xunta.gal\/opencms\/system\/modules\/es.xunta.portal.contidos\/elements\/visorVideo.jsp?rutaexterna=%2Fc%2Fdocument_library%2Fget_file%3FfolderId%3D460686%26name%3DDLFE-14823.mp3\" target=\"_blank\" rel=\"noopener\">24 de mayo de 2012, tras la que el presidente Feij\u00f3o destac\u00f3 verbalmente\u00a0<\/a>q<span class=\"mce\">ue con la venta de los helic\u00f3pteros \u201ccada cinco a\u00f1os la Xunta tendr\u00e1 la opci\u00f3n de licitar otra vez este concurso y poder ofertar las empresas helic\u00f3pteros m\u00e1s modernos y helic\u00f3pteros con m\u00e1s prestaciones\u201d. Tambi\u00e9n por escrito, en la\u00a0<a class=\"mce\" href=\"https:\/\/www.xunta.gal\/c\/document_library\/get_file?folderId=460686&amp;name=DLFE-14822.pdf\" target=\"_blank\" rel=\"noopener\">nota de prensa de esa intervenci\u00f3n<\/a>, el Gobierno gallego consign\u00f3 que \u201ceste sistema permitir\u00e1 que, transcurridos los 5 a\u00f1os, la Xunta pueda exigir en el nuevo contrato el empleo de unas aeronaves m\u00e1s modernas y avanzadas\u201d.<\/span><\/span><\/p>\n<p class=\"mce\" style=\"text-align: justify;\"><span class=\"mce\" style=\"font-size: 14pt; font-family: arial, helvetica, sans-serif;\">Seis a\u00f1os despu\u00e9s, nada de eso ha pasado y los helic\u00f3pteros que siguen prestando el servicio de salvamento, ahora alquilados a la empresa a la que se los vendi\u00f3 la Xunta, siguen siendo los dos mismos Sikorsky\u00a0S-76 C+ con matr\u00edculas EC-JES\u00a0y EC-JET, como el propio Gobierno gallego ha mostrado a trav\u00e9s de varias fotograf\u00edas divulgadas sobre una operaci\u00f3n de salvamento realizada hace unas semanas.<\/span><\/p>\n<p class=\"mce\" style=\"text-align: justify;\"><span style=\"font-size: 14pt; font-family: arial, helvetica, sans-serif;\"><span class=\"mce\">A esta situaci\u00f3n se ha llegado despu\u00e9s de que la \u00fanica empresa que se present\u00f3 en 2012 para comprar los dos helic\u00f3pteros fuese la misma que ya los ven\u00eda operando para el Gobierno gallego,\u00a0<a class=\"mce\" href=\"https:\/\/www.eldiario.es\/galicia\/politica\/empresa-contratos-helicopteros-Xunta-problema_0_707629829.html\" target=\"_blank\" rel=\"noopener\">Inaer, ahora integrada en la multinacional Babcock<\/a>\u00a0<a class=\"mce\" href=\"https:\/\/www.eldiario.es\/galicia\/politica\/empresa-contratos-helicopteros-Xunta-problema_0_707629829.html\" target=\"_blank\" rel=\"noopener\">y que opera la inmensa mayor\u00eda del resto de servicios a\u00e9reos de la Xunta<\/a>\u00a0a trav\u00e9s de concesiones en los que\u00a0<a class=\"mce\" href=\"https:\/\/elpais.com\/ccaa\/2015\/02\/24\/galicia\/1424812633_599427.html\" target=\"_blank\" rel=\"noopener\">\u00a0el Consello de Contas<\/a>\u00a0tambi\u00e9n ha encontrado\u00a0<\/span><span class=\"mce\">nu<\/span><span class=\"mce\">merosas irregularidades<\/span><span class=\"mce\">\u00a0. De hecho, Vidal-Pardo lleg\u00f3 a estar imputado por prevaricaci\u00f3n por la\u00a0<a class=\"mce\" href=\"https:\/\/www.eldiario.es\/galicia\/politica\/Xunta-contrato-helicopteros-incendios-concurso_0_706579703.html\" target=\"_blank\" rel=\"noopener\">adjudicaci\u00f3n<\/a><a class=\"mce\" href=\"https:\/\/www.eldiario.es\/galicia\/politica\/Xunta-contrato-helicopteros-incendios-concurso_0_706579703.html\" target=\"_blank\" rel=\"noopener\">\u00a0a dedo a Inaer<\/a>\u00a0<a class=\"mce\" href=\"https:\/\/www.eldiario.es\/galicia\/politica\/Xunta-contrato-helicopteros-incendios-concurso_0_706579703.html\" target=\"_blank\" rel=\"noopener\">sin ning\u00fan tipo de contrato<\/a>\u00a0de por medio del servicio de extinci\u00f3n a\u00e9rea de incendios en 2012,\u00a0<a class=\"mce\" href=\"https:\/\/www.eldiario.es\/galicia\/politica\/gestion-helicopteros-incendios-Xunta-capricho_0_729677767.html\" target=\"_blank\" rel=\"noopener\">procedimiento que el juez consider\u00f3 ilegal pero cuya investigaci\u00f3n archiv\u00f3<\/a>\u00a0por entender que no hab\u00eda sido una decisi\u00f3n tomada por \u00abcapricho\u00bb y que el ex-secretario general se hab\u00eda limitado a trabajar a las \u00f3rdenes del director general de Ordenaci\u00f3n Forestal. A pesar de ese archivo, Inaer\u00a0sigue en el foco del denominado\u00a0<a class=\"mce\" href=\"https:\/\/www.eldiario.es\/temas\/cartel_del_fuego\/\" target=\"_blank\" rel=\"noopener\"><em class=\"mce\">c\u00e1rtel del fuego<\/em><\/a>\u00a0que investiga el presunto reparto de contratos de extinci\u00f3n de incendios entre empresas del sector en toda Espa\u00f1a.<\/span><\/span><\/p>\n<p class=\"mce\" style=\"text-align: justify;\"><span class=\"mce\" style=\"font-size: 14pt; font-family: arial, helvetica, sans-serif;\">Finalizado hace unos meses el contrato anterior de salvamento mar\u00edtimo, el Gobierno gallego licit\u00f3 uno nuevo por otros cinco a\u00f1os, pero pese a su intenci\u00f3n declarada de que ahora el servicio se prestase con helic\u00f3pteros m\u00e1s modernos, el resultado final fue que la empresa ganadora,\u00a0<a class=\"mce\" href=\"https:\/\/www.eldiario.es\/galicia\/politica\/Xunta-helicopteros-salvamento-candidata-servicio_0_685931532.html\" target=\"_blank\" rel=\"noopener\">sin rebajar ni un euro sobre el precio de partida<\/a>, volvi\u00f3 a ser Inaer\u00a0y que los aparatos que \u00e9sta le alquila ahora a la Xunta son aquellos dos mismos helic\u00f3pteros \u00abobsoletos\u00bb porque as\u00ed lo permiti\u00f3 el pliego de condiciones sin que la firma tampoco lo mejorase por su cuenta.<\/span><\/p>\n<p class=\"mce\" style=\"text-align: justify;\"><span class=\"mce\" style=\"font-size: 14pt; font-family: arial, helvetica, sans-serif;\">Este diario pregunt\u00f3 a la Conseller\u00eda do Mar por esta situaci\u00f3n y en particular por los argumentos esgrimidos en 2011 y 2012 para vender los helic\u00f3pteros diciendo que as\u00ed en el contrato actual podr\u00eda optar a aparatos m\u00e1s \u201cmodernos\u201d. Su respuesta es que \u201clos helic\u00f3pteros que actualmente se destinan a la prestaci\u00f3n del servicio de salvamento mar\u00edtimo cubren\u00a0absolutamente las necesidades que al respecto se fijan en el contrato actual\u201d.<\/span><\/p>\n<p class=\"mce\" style=\"text-align: justify;\"><span class=\"mce\" style=\"font-size: 14pt; font-family: arial, helvetica, sans-serif;\">La Xunta nada dice sobre las declaraciones realizadas por sus propios altos cargos hace seis a\u00f1os y se centra en defender la venta en aquel momento de los helic\u00f3pteros con el argumento de que era entonces cuando \u201cpod\u00eda obtenerse un mejor precio\u201d, tasado por expertos independientes, en funci\u00f3n de la \u201cvida \u00fatil potencial de las aeronaves antes de tener que incurrir en tareas de mantenimiento de elevado coste\u201d. \u201cLa conseller\u00eda qued\u00f3 libre para que la prestaci\u00f3n del servicio de salvamento pudiera llevarse a cabo por las aeronaves que en cada momento cumplan mejor con dicho fin y al mejor precio posible\u201d, destaca Mar. Sin embargo, esa libertad no se ha traducido en nuevos aparatos sino que las aeronaves son hoy las mismas que hace seis a\u00f1os fueron vendidas con el argumento de que as\u00ed la Xunta podr\u00eda optar a otras \u00abm\u00e1s avanzadas\u00bb.<\/span><\/p>\n<div class=\"yonkis-wrapper-1\">\n<p><a href=\"https:\/\/puntocritico.com\/ausajpuntocritico\/wp-content\/uploads\/2018\/03\/Mosca_Punto_Cr\u00edtico_40.png\" rel=\"lightbox[10544]\"><img loading=\"lazy\" decoding=\"async\" class=\"aligncenter wp-image-9528\" src=\"https:\/\/puntocritico.com\/ausajpuntocritico\/wp-content\/uploads\/2018\/03\/Mosca_Punto_Cr\u00edtico_40.png\" alt=\"\" width=\"40\" height=\"40\" \/><\/a><\/p>\n<\/div>\n<\/div>\n<h1 class=\"pg-headline\" style=\"text-align: center;\"><a id=\"ref6\"><\/a><a href=\"#ref6a\">[7]<\/a> Facebook recibe una denuncia por discriminaci\u00f3n en anuncios de viviendas<\/h1>\n<p><span style=\"font-size: 14pt;\">Por\u00a0Julia Carrie Wong<\/span><\/p>\n<div><span style=\"color: #339966;\">Art\u00edculo publicado el 1 de abril de 2014 en<\/span><\/div>\n<div><a href=\"https:\/\/www.eldiario.es\/theguardian\/Facebook-denuncia-discriminacion-anuncios-viviendas_0_755224693.html\" target=\"_blank\" rel=\"noopener\"><span style=\"color: #339966;\">https:\/\/www.eldiario.es\/theguardian\/Facebook-denuncia-discriminacion-anuncios-viviendas_0_755224693.html<\/span><\/a><\/div>\n<div>\u00a0<\/div>\n<div>\u00a0<\/div>\n<div>\n<figure id=\"attachment_10551\" aria-describedby=\"caption-attachment-10551\" style=\"width: 643px\" class=\"wp-caption aligncenter\"><a href=\"https:\/\/puntocritico.com\/ausajpuntocritico\/wp-content\/uploads\/2018\/04\/movimiento-Borra-Facebook-seguidores-sociales_EDIIMA20180321_1052_28.jpg\" rel=\"lightbox[10544]\"><img loading=\"lazy\" decoding=\"async\" class=\"wp-image-10551 size-full\" src=\"https:\/\/puntocritico.com\/ausajpuntocritico\/wp-content\/uploads\/2018\/04\/movimiento-Borra-Facebook-seguidores-sociales_EDIIMA20180321_1052_28.jpg\" alt=\"\" width=\"643\" height=\"362\" srcset=\"https:\/\/puntocritico.com\/ausajpuntocritico\/wp-content\/uploads\/2018\/04\/movimiento-Borra-Facebook-seguidores-sociales_EDIIMA20180321_1052_28.jpg 643w, https:\/\/puntocritico.com\/ausajpuntocritico\/wp-content\/uploads\/2018\/04\/movimiento-Borra-Facebook-seguidores-sociales_EDIIMA20180321_1052_28-300x169.jpg 300w\" sizes=\"auto, (max-width: 643px) 100vw, 643px\" \/><\/a><figcaption id=\"caption-attachment-10551\" class=\"wp-caption-text\"><span style=\"font-size: 10pt; color: #339966;\">Facebook actualiz\u00f3 sus pol\u00edticas publicitarias en febrero de 2017 para impedir la discriminaci\u00f3n ilegal en anuncios de viviendas, empleo y cr\u00e9dito. EFE<\/span><\/figcaption><\/figure>\n<\/div>\n<blockquote>\n<p style=\"text-align: justify;\"><span style=\"color: #008000;\"><strong><span style=\"font-size: 14pt; font-family: arial, helvetica, sans-serif;\">Organizaciones a favor del acceso justo a la vivienda han presentado una demanda contra la red social en EEUU por permitir a sus anunciantes discriminar seg\u00fan \u00abafinidad \u00e9tnica\u00bb, edad y sexo<\/span><\/strong><\/span><\/p>\n<p style=\"text-align: justify;\"><span style=\"color: #008000;\"><strong><span style=\"font-size: 14pt; font-family: arial, helvetica, sans-serif;\">Las leyes de derechos\u00a0civiles\u00a0proh\u00edben la discriminaci\u00f3n por factores personales en anuncios de viviendas, empleo y cr\u00e9dito<\/span><\/strong><\/span><\/p>\n<\/blockquote>\n<p class=\"mce\" style=\"text-align: justify;\"><span style=\"font-size: 14pt; font-family: arial, helvetica, sans-serif;\">Facebook sigue permitiendo la discriminaci\u00f3n ilegal en anuncios inmobiliarios en EEUU, seg\u00fan una denuncia federal presentada por un grupo de organizaciones a favor del acceso justo a la vivienda.<\/span><\/p>\n<p class=\"mce\" style=\"text-align: justify;\"><span style=\"font-size: 14pt; font-family: arial, helvetica, sans-serif;\">La denuncia, presentada el martes 27 de marzo, alega que,\u00a0<a class=\"mce\" href=\"https:\/\/www.theguardian.com\/technology\/2017\/feb\/09\/facebook-stops-advertisers-illegal-discriminating-race\" target=\"_blank\" rel=\"noopener noreferrer\">a pesar de que la empresa asegura lo contrario<\/a>, en Facebook se permiten anuncios de viviendas que discriminan de forma \u201cescandalosa e indignante\u201d a familias con hijos, mujeres y personas con discapacidad, violando as\u00ed la Ley de Acceso Justo a la Vivienda, legislaci\u00f3n fundamental de los derechos civiles. Facebook ha afirmado que actuar\u00e1 contra la denuncia que, seg\u00fan la compa\u00f1\u00eda, no tiene fundamento.<\/span><\/p>\n<p class=\"mce\" style=\"text-align: justify;\"><span style=\"font-size: 14pt; font-family: arial, helvetica, sans-serif;\">El gigante tecnol\u00f3gico ha logrado una facturaci\u00f3n de anuncios\u00a0gigantesca de casi 360.000 millones de euros gracias, en parte, a la facilidad con la que permite que los anunciantes elijan audiencias espec\u00edficas. La empresa transforma cada &#8216;me gusta&#8217;, actualizaci\u00f3n de estado y click del rat\u00f3n en un detallado perfil de consumidor y luego vende a los anunciantes el poder de atraer la atenci\u00f3n de los usuarios.<\/span><\/p>\n<p class=\"mce\" style=\"text-align: justify;\"><span style=\"font-size: 14pt; font-family: arial, helvetica, sans-serif;\">El incre\u00edble detallismo con que se puede elegir una audiencia espec\u00edfica al poner un anuncio en Facebook \u2013que incluye informaci\u00f3n sensible como la edad y la\u00a0<a class=\"mce\" href=\"https:\/\/www.theguardian.com\/technology\/2016\/mar\/22\/facebooks-ethnic-affinity-advertising-concerns-racial-profiling\" target=\"_blank\" rel=\"noopener noreferrer\">\u201cafinidad \u00e9tnica\u201d<\/a>\u2013 es atractiva para los anunciantes que no quieren gastar dinero presentando sus productos a personas que no encajan en el perfil demogr\u00e1fico que buscan. Sin embargo, las leyes de derechos civiles proh\u00edben en EEUU la discriminaci\u00f3n por factores personales en anuncios de viviendas, empleo y cr\u00e9dito.<\/span><\/p>\n<p class=\"mce\" style=\"text-align: justify;\"><span style=\"font-size: 14pt; font-family: arial, helvetica, sans-serif;\">\u201cLa plataforma de Facebook es el equivalente virtual a publicar un anuncio que diga &#8216;no se aceptan familias con hijos peque\u00f1os&#8217; o &#8216;no se aceptan mujeres'\u00bb, explica Fred Freiberg, director ejecutivo del Fair Housing Justice Center, una de las organizaciones denunciantes. \u201cPero lo hace de una forma insidiosa y disimulada, as\u00ed que la gente no sabe que se la est\u00e1 excluyendo por su\u00a0situaci\u00f3n familiar o su g\u00e9nero\u201d.<\/span><\/p>\n<p class=\"mce\" style=\"text-align: justify;\"><span style=\"font-size: 14pt; font-family: arial, helvetica, sans-serif;\">ProPublica fue el primero en manifestar preocupaci\u00f3n por el potencial discriminatorio de las herramientas de Facebook. La plataforma public\u00f3 un art\u00edculo en octubre de 2016 que\u00a0<a class=\"mce\" href=\"https:\/\/www.propublica.org\/article\/facebook-lets-advertisers-exclude-users-by-race\" target=\"_blank\" rel=\"noopener noreferrer\">\u00a0demostraba c\u00f3mo los anunciantes pueden excluir a personas con cierta \u201cafinidad \u00e9tnica\u201d<\/a>\u00a0de la audiencia que ver\u00e1 sus anuncios inmobiliarios.<\/span><\/p>\n<p class=\"mce\" style=\"text-align: justify;\"><span style=\"font-size: 14pt; font-family: arial, helvetica, sans-serif;\">Facebook\u00a0<a class=\"mce\" href=\"https:\/\/www.theguardian.com\/technology\/2017\/feb\/09\/facebook-stops-advertisers-illegal-discriminating-race\" target=\"_blank\" rel=\"noopener noreferrer\">\u00a0actualiz\u00f3 sus pol\u00edticas publicitarias en febrero de 2017<\/a>\u00a0para impedir la discriminaci\u00f3n ilegal en anuncios de viviendas, empleo y cr\u00e9dito. En ese momento, la empresa dijo que utilizar\u00eda sus herramientas inform\u00e1ticas para aplicar las normativas, pero que tambi\u00e9n confiaba en que los anunciantes se \u201cautorregularan\u201d.<\/span><\/p>\n<p class=\"mce\" style=\"text-align: justify;\"><span style=\"font-size: 14pt; font-family: arial, helvetica, sans-serif;\">En noviembre de 2017, ProPublica inform\u00f3 que Facebook todav\u00eda\u00a0<a class=\"mce\" href=\"https:\/\/www.propublica.org\/article\/facebook-advertising-discrimination-housing-race-sex-national-origin\" target=\"_blank\" rel=\"noopener noreferrer\">permit\u00eda anuncios inmobiliarios que discriminaban a la poblaci\u00f3n afroamericana, jud\u00eda, latina y otras minor\u00edas<\/a>. Una investigaci\u00f3n conjunta entre ProPublica y\u00a0<em class=\"mce\">The New York Times<\/em>\u00a0tambi\u00e9n concluy\u00f3 que los anuncios de Facebook se\u00a0<a class=\"mce\" href=\"https:\/\/www.propublica.org\/article\/facebook-ads-age-discrimination-targeting\" target=\"_blank\" rel=\"noopener noreferrer\">\u00a0utilizaban para excluir a los trabajadores m<\/a><a class=\"mce\" href=\"https:\/\/www.propublica.org\/article\/facebook-ads-age-discrimination-targeting\" target=\"_blank\" rel=\"noopener noreferrer\">\u00a0\u00e1s mayores<\/a>\u00a0de la audiencia de los anuncios de empleo.<\/span><\/p>\n<p class=\"mce\" style=\"text-align: justify;\"><span style=\"font-size: 14pt; font-family: arial, helvetica, sans-serif;\">Para esta denuncia, las organizaciones han presentado decenas de anuncios inmobiliarios de Facebook aprobados entre diciembre de 2017 y febrero de 2018. Los grupos utilizaron listas ya elaboradas sugeridas por la plataforma publicitaria de Facebook para acotar la audiencia de los anuncios. As\u00ed demostraron que era posible excluir a personas con hijos, mujeres y personas que hayan demostrado inter\u00e9s en cuestiones que sugieren que son parte de un grupo protegido, como \u201cdiscapacidad\u201d.<\/span><\/p>\n<p class=\"mce\" style=\"text-align: justify;\"><span style=\"font-size: 14pt; font-family: arial, helvetica, sans-serif;\">Todos los anuncios fueron aprobados en menos de una hora, asegura la denuncia. \u201cEn Facebook no hay sitio para la discriminaci\u00f3n\u201d, declara un portavoz de Facebook en un comunicado. \u201cCreemos que esta es una denuncia sin fundamento y nos defenderemos en\u00e9rgicamente\u201d, a\u00f1ade.<\/span><\/p>\n<p class=\"mce\" style=\"text-align: justify;\"><span style=\"font-size: 14pt; font-family: arial, helvetica, sans-serif;\">La denuncia llega en un momento muy controvertido para Facebook.\u00a0<em class=\"mce\">The Observer<\/em>\u00a0inform\u00f3 que una consultora pol\u00edtica\u00a0<a class=\"mce\" href=\"http:\/\/www.guerraeterna.com\/facebook-y-cambridge-analytica-nos-ofrecen-la-ultima-evolucion-de-la-democracia\/\" target=\"_blank\" rel=\"noopener noreferrer\">\u00a0obtuvo informaci\u00f3n personal de m\u00e1s de 50 millones de perfiles<\/a>\u00a0de usuarios estadounidenses y ello ha generado protestas generalizadas y peticiones para que la empresa regule sus pr\u00e1cticas de privacidad y recolecci\u00f3n de datos.<\/span><\/p>\n<p class=\"mce\" style=\"text-align: justify;\"><span style=\"font-size: 14pt; font-family: arial, helvetica, sans-serif;\">\u201cHace a\u00f1os que Facebook sabe que su plataforma publicitaria viola las leyes de derechos civiles, pero se niega a cambiar sus pol\u00edticas de forma voluntaria\u201d, se\u00f1ala Diane Houk, una de las abogadas de los denunciantes. \u201cFacebook no est\u00e1 por encima de la ley y tendr\u00e1 que responder en los tribunales a estas denuncias de derechos civiles\u201d.<\/span><\/p>\n<p class=\"mce\" style=\"text-align: right;\"><em><span style=\"font-size: 14pt; font-family: arial, helvetica, sans-serif;\">Traducido por Luc\u00eda Balducci<\/span><\/em><\/p>\n<p><a href=\"https:\/\/puntocritico.com\/ausajpuntocritico\/wp-content\/uploads\/2018\/03\/Mosca_Punto_Cr\u00edtico_40.png\" rel=\"lightbox[10544]\"><img loading=\"lazy\" decoding=\"async\" class=\"aligncenter wp-image-9528\" src=\"https:\/\/puntocritico.com\/ausajpuntocritico\/wp-content\/uploads\/2018\/03\/Mosca_Punto_Cr\u00edtico_40.png\" alt=\"\" width=\"40\" height=\"40\" \/><\/a><\/p>\n<h1 class=\"pg-headline\" style=\"text-align: center;\"><a id=\"ref7\"><\/a><a href=\"https:\/\/puntocritico.com\/2018\/04\/08\/the-examiner-no-xiv-por-jonathan-swift\/\">[8]<\/a> La cabra al monte tira<\/h1>\n<p><span style=\"font-size: 14pt;\">Por Javier P\u00e9rez Royo<\/span><\/p>\n<div><span style=\"color: #339966;\">Art\u00edculo publicado el 1 de abril de 2018 en<\/span><\/div>\n<div><a href=\"https:\/\/www.eldiario.es\/zonacritica\/cabra-monte-tira_6_756334373.html\" target=\"_blank\" rel=\"noopener\"><span style=\"color: #339966;\">https:\/\/www.eldiario.es\/zonacritica\/cabra-monte-tira_6_756334373.html<\/span><\/a><\/div>\n<div>\u00a0<\/div>\n<div>\u00a0<\/div>\n<div>\n<figure id=\"attachment_10552\" aria-describedby=\"caption-attachment-10552\" style=\"width: 643px\" class=\"wp-caption aligncenter\"><a href=\"https:\/\/puntocritico.com\/ausajpuntocritico\/wp-content\/uploads\/2018\/04\/Rafael-Catala-Ignacio-Mendez-Santisimo_EDIIMA20180331_0334_4.jpg\" rel=\"lightbox[10544]\"><img loading=\"lazy\" decoding=\"async\" class=\"wp-image-10552 size-full\" src=\"https:\/\/puntocritico.com\/ausajpuntocritico\/wp-content\/uploads\/2018\/04\/Rafael-Catala-Ignacio-Mendez-Santisimo_EDIIMA20180331_0334_4.jpg\" alt=\"\" width=\"643\" height=\"362\" srcset=\"https:\/\/puntocritico.com\/ausajpuntocritico\/wp-content\/uploads\/2018\/04\/Rafael-Catala-Ignacio-Mendez-Santisimo_EDIIMA20180331_0334_4.jpg 643w, https:\/\/puntocritico.com\/ausajpuntocritico\/wp-content\/uploads\/2018\/04\/Rafael-Catala-Ignacio-Mendez-Santisimo_EDIIMA20180331_0334_4-300x169.jpg 300w\" sizes=\"auto, (max-width: 643px) 100vw, 643px\" \/><\/a><figcaption id=\"caption-attachment-10552\" class=\"wp-caption-text\"><span style=\"color: #339966; font-size: 10pt;\">Rafael Catal\u00e1, Jos\u00e9 Ignacio Zoido e I\u00f1igo M\u00e9ndez de Vigo en el traslado del Sant\u00edsimo Cristo de la Buena Muerte y \u00c1nimas EFE\/CARLOS D\u00cdAZ<\/span><\/figcaption><\/figure>\n<\/div>\n<div>\u00a0<\/div>\n<div>\n<blockquote>\n<p style=\"text-align: justify;\"><span style=\"color: #008000;\"><strong><span style=\"font-size: 14pt; font-family: arial, helvetica, sans-serif;\">La imagen de los cuatro ministros con el delegado del Gobierno cantando el himno de la Legi\u00f3n delante del Cristo de la Buena Muerte lo dice todo. Es una expresi\u00f3n de la inmensa desorientaci\u00f3n en la que se encuentra el PP<\/span><\/strong><\/span><\/p>\n<p style=\"text-align: justify;\"><span style=\"color: #008000;\"><strong><span style=\"font-size: 14pt; font-family: arial, helvetica, sans-serif;\">Si alguien piensa que con banderas a media asta el Viernes Santo y con Ministros \u201crezaores\u201d en las procesiones va a salir del c\u00edrculo vicioso en el que \u00e9l mismo se ha encerrado, no va a necesitar mucho tiempo para salir del error<\/span><\/strong><\/span><\/p>\n<\/blockquote>\n<p>&nbsp;<\/p>\n<\/div>\n<p class=\"mce\" style=\"text-align: justify;\"><span style=\"font-family: arial, helvetica, sans-serif; font-size: 14pt;\">\u201cEn la casa del\u00a0<em class=\"mce\">rezaor<\/em>\u00a0no pongas tu trigo al sol\u201d, dice un refr\u00e1n bastante com\u00fan en \u00a0los pueblos andaluces. Y es que en Andaluc\u00eda conocemos bien a los \u201crezaores\u201d. No por casualidad tenemos la mejor definici\u00f3n que se ha hecho jam\u00e1s del \u201crezaor\u201d en el Don Guido de Antonio Machado. Don Guido es el arquetipo del \u201crezaor\u201d. \u00danicamente en Andaluc\u00eda se pod\u00eda haber creado esa figura.<\/span><\/p>\n<p class=\"mce\" style=\"text-align: justify;\"><span style=\"font-family: arial, helvetica, sans-serif; font-size: 14pt;\">No es f\u00e1cil encontrar un tipo humano tan despreciable como el del \u201crezaor\u201d. Tan farisaico, tan taimado, tan falso, tan da\u00f1ino. El \u201crezaor\u201d es la s\u00edntesis de lo que en Andaluc\u00eda calificamos como una \u201cmala persona\u201d, de la que nadie se puede fiar. \u201cEn casa del rezaor\u2026\u201d<\/span><\/p>\n<section id=\"edi-ad-slot-intext\" class=\"md-advertisement md hspace no-adv-socios\" role=\"marquee\" data-google-query-id=\"CNPO65iSnNoCFcaLUQod__YFyw\">\n<div id=\"google_ads_iframe_\/123333327\/eldiario.es\/noticia_intext_0__container__\"><span style=\"font-family: arial, helvetica, sans-serif; font-size: 14pt;\">Es m\u00e1s que probable, por no decir que seguro, que un ministro \u00a0como \u00cd\u00f1igo M\u00e9ndez de Vigo no estuviera al tanto de lo que se piensa en Andaluc\u00eda de los \u201crezaores\u201d antes de desplazarse a M\u00e1laga en Semana Santa, para asistir junto a tres de sus compa\u00f1eros de gobierno y el Delegado del Gobierno en Andaluc\u00eda a la procesi\u00f3n del Cristo de la Buena Muerte. (\u00bfSe entiende por qu\u00e9 un delegado de Gobierno no puede hacer un m\u00e1ster?). Es tambi\u00e9n m\u00e1s que probable que tampoco estuvieran al tanto Mar\u00eda Dolores de Cospedal y Rafael Catal\u00e1. Pero lo que resulta inexplicable, es que no lo estuviera Juan Ignacio Zoido.<\/span><\/div>\n<\/section>\n<p class=\"mce\" style=\"text-align: justify;\"><span style=\"font-family: arial, helvetica, sans-serif; font-size: 14pt;\">Es verdad que Juan Antonio Zoido no es andaluz, sino extreme\u00f1o, pero no lo es menos que ha hecho pr\u00e1cticamente toda su vida en Andaluc\u00eda, aparte de que no creo que en los pueblos extreme\u00f1os se tenga una opini\u00f3n sobre los \u201crezaores\u201d distinta de la que se tiene en los pueblos andaluces. No deber\u00eda hab\u00e9rsele escapado, en consecuencia, que estaban cometiendo un error pol\u00edtico may\u00fasculo al presidir la procesi\u00f3n entonando, adem\u00e1s, sin disimulo \u201cEl novio de la muerte\u201d, legendario himno legionario.<\/span><\/p>\n<p class=\"mce\" style=\"text-align: justify;\"><span style=\"font-family: arial, helvetica, sans-serif; font-size: 14pt;\">\u00bfC\u00f3mo es posible que no se le ocurriera al ministro de Interior y al delegado del Gobierno, que s\u00ed es andaluz, que no es posible en Andaluc\u00eda caer por debajo del \u201crezaor\u201d? No hay un list\u00f3n que est\u00e9 m\u00e1s bajo en la escala de valoraci\u00f3n de los andaluces, porque el pueblo andaluz conoce muy bien a ese tipo humano desde hace siglos \u00a0y lo reconoce en cuanto lo ve.<\/span><\/p>\n<p class=\"mce\" style=\"text-align: justify;\"><span style=\"font-family: arial, helvetica, sans-serif; font-size: 14pt;\">No se a quien se le habr\u00e1 ocurrido en el PP que la imagen \u00a0de una cuadrilla de \u201crezaores\u201d entonando el himno de la Legi\u00f3n, emulando a Mill\u00e1n Astray en su enfrentamiento con D. Miguel de Unamuno, puede resultar atractiva en la Espa\u00f1a del siglo XXI. \u00bfDe verdad hay alguien en el PP que piensa que con la imagen de unos ministros \u201crezaores\u201d y belicistas se puede recuperar la sinton\u00eda con el pueblo espa\u00f1ol, que, de acuerdo con lo que dicen las \u00faltimas encuestas, parece haber perdido?<\/span><\/p>\n<p class=\"mce\" style=\"text-align: justify;\"><span style=\"font-family: arial, helvetica, sans-serif; font-size: 14pt;\">La imagen de los cuatro ministros con el Delegado del Gobierno cantando el himno de la Legi\u00f3n delante del Cristo de la Buena Muerte lo dice todo. Es una expresi\u00f3n de la inmensa desorientaci\u00f3n en la que se encuentra el PP. Si alguien piensa que con banderas a media asta el Viernes Santo y con Ministros \u201crezaores\u201d en las procesiones va a salir del c\u00edrculo vicioso en el que \u00e9l mismo se ha encerrado, no va a necesitar mucho tiempo para salir del error.<\/span><\/p>\n<p class=\"mce\" style=\"text-align: justify;\"><span style=\"font-family: arial, helvetica, sans-serif; font-size: 14pt;\">Como despu\u00e9s de la Semana Santa viene El Roc\u00edo, todav\u00eda tendremos una nueva expresi\u00f3n patri\u00f3tico-religiosa o religioso-patri\u00f3tica, que aqu\u00ed el orden de los factores tampoco altera el producto, con un nuevo desembarco de una cuadrilla de ministros. Es posible que la ministra de Trabajo, confesada devota de esa Virgen, en cuya capacidad de hacer milagros cree firmemente, acabe convenciendo al mismo presidente del Gobierno para que acuda a la Romer\u00eda. Obviamente, sin himno de la Legi\u00f3n. O ya veremos, que con Mariano Rajoy no se puede estar nunca seguro de nada.<\/span><\/p>\n<p class=\"mce\" style=\"text-align: justify;\"><span style=\"font-family: arial, helvetica, sans-serif; font-size: 14pt;\">El diccionario de la RAE define desorientaci\u00f3n tanto de manera transitiva como intransitiva. Como \u201cacci\u00f3n y efecto de desorientar y desorientarse\u201d. En ambos sentidos parece que es aplicable a la acci\u00f3n del PP. Preocupado por el ascenso de Ciudadanos, como muy bien explicaba Enric Juliana, en La Vanguardia ayer domingo, \u00abEl PP, en el Barranco del Lobo\u00bb, el PP ha decidido desorientar a la formaci\u00f3n naranja con un repliegue hacia el nacional catolicismo en plena Semana Santa, sin darse cuenta de que es \u00e9l mismo el que est\u00e1 profundizando en su desorientaci\u00f3n.<\/span><\/p>\n<p class=\"mce\" style=\"text-align: justify;\"><span style=\"font-family: arial, helvetica, sans-serif; font-size: 14pt;\">Y ya se sabe que, cuando se desorienta y no sabe que hacer, la cabra al monte tira.<\/span><\/p>\n<p><a href=\"https:\/\/puntocritico.com\/ausajpuntocritico\/wp-content\/uploads\/2018\/03\/Mosca_Punto_Cr\u00edtico_40.png\" rel=\"lightbox[10544]\"><img loading=\"lazy\" decoding=\"async\" class=\"aligncenter wp-image-9528\" src=\"https:\/\/puntocritico.com\/ausajpuntocritico\/wp-content\/uploads\/2018\/03\/Mosca_Punto_Cr\u00edtico_40.png\" alt=\"\" width=\"40\" height=\"40\" \/><\/a><\/p>\n<p>&nbsp;<\/p>\n<header class=\"article-header\">\n<h1 style=\"text-align: center;\"><a id=\"ref8\"><\/a><a href=\"#ref8a\">[9]<\/a> Rosana Posada, cuatro a\u00f1os con morfina y 15 meses esperando un tratamiento en la sanidad p\u00fablica gallega<\/h1>\n<p>Por\u00a0JUAN OLIVER<\/p>\n<div><span style=\"color: #339966;\">Art\u00edculo publicado el 1 de abril de 2018 en\u00a0<\/span><\/div>\n<div><a href=\"http:\/\/www.publico.es\/sociedad\/rosana-posada-cuatro-anos-morfina-y-15-meses-esperando-tratamiento-sanidad-publica-gallega.html\" target=\"_blank\" rel=\"noopener\"><span style=\"color: #339966;\">http:\/\/www.publico.es\/sociedad\/rosana-posada-cuatro-anos-morfina-y-15-meses-esperando-tratamiento-sanidad-publica-gallega.html<\/span><\/a><\/div>\n<\/header>\n<div>\u00a0<\/div>\n<div>\n<figure id=\"attachment_10625\" aria-describedby=\"caption-attachment-10625\" style=\"width: 660px\" class=\"wp-caption aligncenter\"><a href=\"https:\/\/puntocritico.com\/ausajpuntocritico\/wp-content\/uploads\/2018\/04\/5ac0a89f79c78.r_1522576199982.0-320-1200-938.jpg\" rel=\"lightbox[10544]\"><img loading=\"lazy\" decoding=\"async\" class=\"wp-image-10625 size-full\" src=\"https:\/\/puntocritico.com\/ausajpuntocritico\/wp-content\/uploads\/2018\/04\/5ac0a89f79c78.r_1522576199982.0-320-1200-938.jpg\" alt=\"\" width=\"660\" height=\"340\" srcset=\"https:\/\/puntocritico.com\/ausajpuntocritico\/wp-content\/uploads\/2018\/04\/5ac0a89f79c78.r_1522576199982.0-320-1200-938.jpg 660w, https:\/\/puntocritico.com\/ausajpuntocritico\/wp-content\/uploads\/2018\/04\/5ac0a89f79c78.r_1522576199982.0-320-1200-938-300x155.jpg 300w\" sizes=\"auto, (max-width: 660px) 100vw, 660px\" \/><\/a><figcaption id=\"caption-attachment-10625\" class=\"wp-caption-text\"><span style=\"font-size: 10pt; color: #339966;\"><strong>Rosana Posada.<\/strong><\/span><\/figcaption><\/figure>\n<\/div>\n<header class=\"article-header\">\n<div class=\"article-header-epigraph\">\n<blockquote>\n<p style=\"text-align: justify;\"><span style=\"color: #008000;\"><strong><span style=\"font-size: 14pt; font-family: arial, helvetica, sans-serif;\">Una mujer de Lugo lleva m\u00e1s de un a\u00f1o esperando a que la citen para las sesiones de rehabilitaci\u00f3n que deber\u00edan aliviar los dolores que le causa una hernia discal<\/span><\/strong><\/span><\/p>\n<\/blockquote>\n<p style=\"text-align: justify;\"><span style=\"font-family: arial, helvetica, sans-serif; font-size: 14pt; text-align: justify;\">Rosana empez\u00f3 con dolores hace siete a\u00f1os. Desde hace cuatro son casi insoportables, as\u00ed que desde entonces tiene que tomar morfina para calmarlos. Pero ni siquiera el fentanilo que le recetaron, un derivado sint\u00e9tico del opio muy potente y que se emplea s\u00f3lo en casos muy graves, consigue aliviarlos del todo.\u00a0<\/span><b style=\"font-family: arial, helvetica, sans-serif; font-size: 14pt; text-align: justify;\">Rosana Posada<\/b><span style=\"font-family: arial, helvetica, sans-serif; font-size: 14pt; text-align: justify;\">\u00a0tiene 45 a\u00f1os y era reponedora en un supermercado de Burela, en A Mari\u00f1a, en Lugo. Su lesi\u00f3n en la espalda, la que la paraliza con agudas lumbalgias y dolores en la pierna izquierda, la mantuvo tanto tiempo de baja que la Seguridad Social acab\u00f3 d\u00e1ndole la incapacidad permanente total.<\/span><\/p>\n<\/div>\n<\/header>\n<div class=\"article-content\">\n<div class=\"column left-side\">\n<div class=\"article-body\">\n<div class=\"article-text\">\n<p id=\"m53-1-54\" style=\"text-align: justify;\"><span style=\"font-size: 14pt; font-family: arial, helvetica, sans-serif;\">El 3 de enero del a\u00f1o pasado, el especialista osteomuscular del Hospital da Costa, en Burela, le diagnostic\u00f3 una hernia discal con protusi\u00f3n y afectaci\u00f3n de las ra\u00edces nerviosas, y orden\u00f3 un tratamiento de 30 sesiones de rehabilitaci\u00f3n que deber\u00eda probar si \u00e9sta mitigaba los dolores y si la lesi\u00f3n remit\u00eda, para que el traumat\u00f3logo pudiera decidir despu\u00e9s un tratamiento definitivo. Pero el<b>\u00a0Servicio Galego de Sa\u00fade<\/b>\u00a0(Sergas) a\u00fan no se han puesto en contacto con ella para darle cita para la primera sesi\u00f3n. Desde entonces han pasado quince meses.<\/span><\/p>\n<div class=\"teads-inread\" style=\"text-align: justify;\">\n<div>\n<div class=\"teads-ui-components-credits\"><span style=\"font-size: 14pt; font-family: arial, helvetica, sans-serif;\">\u201cEstoy desesperada\u201d, dice Rosana. \u201cNo es normal esperar m\u00e1s de un a\u00f1o por la rehabilitaci\u00f3n, tengo miedo de que la lesi\u00f3n pueda ir a m\u00e1s y dejarme incapacitada\u201d, explica. En este a\u00f1o los dolores han ido a m\u00e1s y empiezan a extenderse a su pierna derecha. El fentanilo, que aunque se administra bajo un estricto control farmac\u00e9utico tambi\u00e9n causa una severa dependencia, hace cada vez menos efecto.<\/span><\/div>\n<\/div>\n<\/div>\n<p id=\"m58-2-59\" style=\"text-align: justify;\"><span style=\"font-size: 14pt; font-family: arial, helvetica, sans-serif;\">El pasado mes de enero, cuando ya hab\u00eda transcurrido m\u00e1s de un a\u00f1o desde que el m\u00e9dico orden\u00f3 las sesiones de rehabilitaci\u00f3n, Rosana contact\u00f3 con la\u00a0<b>Plataforma pola Defensa da Sanidade P\u00fablica de A Mari\u00f1a<\/b>, que la ayud\u00f3 a redactar una reclamaci\u00f3n que registr\u00f3 en el Sergas el 30 de ese mes. Ni la gerencia del hospital del Sergas respondieron a su demanda, as\u00ed que el pasado 13 de marzo interpuso una nueva queja en la que solicita tratamiento inmediato en la sanidad p\u00fablica, y en la que advierte de que har\u00e1 responsable a la gerencia del hospital de las posibles lesiones que se deriven de la demora en someterla a \u00e9l. Tambi\u00e9n avisa de que acudir\u00e1 a la justicia si no le dan un soluci\u00f3n y puede empezar la rehabilitaci\u00f3n cuanto antes.<\/span><\/p>\n<p><span style=\"font-size: 14pt; font-family: arial, helvetica, sans-serif;\">El propio hospital que orden\u00f3 someterla a las 30 sesiones de rehabilitaci\u00f3n explicit\u00f3 en el volante que \u00e9stas deber\u00edan realizarse en un centro privado<\/span><\/p>\n<p id=\"m68-4-69\" style=\"text-align: justify;\"><span style=\"font-size: 14pt; font-family: arial, helvetica, sans-serif;\">De momento no ha obtenido respuesta. Ni del hospital ni del Sergas. Tampoco\u00a0<i>P\u00fablico<\/i>, que se dirigi\u00f3 hace d\u00edas por escrito y por tel\u00e9fono al servicio de Comunicaci\u00f3n y a la gerencia del Sergas para obtener su versi\u00f3n de la denuncia, y para que la administraci\u00f3n sanitaria gallega explicara por qu\u00e9 Rosana a\u00fan no ha sido llamada si la Xunta presume de que en el\u00a0<b>Hospital da Costa<\/b>\u00a0se atiende a los pacientes graves en pocos d\u00edas y las listas de espera quir\u00fargicas y para pruebas diagn\u00f3sticas apenas llegan a un par de meses.<\/span><\/p>\n<p id=\"m73-5-74\" style=\"text-align: justify;\"><span style=\"font-size: 14pt; font-family: arial, helvetica, sans-serif;\">Rosana repite que est\u00e1 desesperada.\u00a0<b>Su lesi\u00f3n la impide trabajar<\/b>, as\u00ed que su familia tiene que mantenerse con el sueldo de su pareja y con el peque\u00f1o subsidio que le ha quedado a ella por su incapacidad. A eso se une el dolor casi constante y el tener que vivir dependiendo de la morfina. Y lo que es peor, con la angustia de saber que el tiempo pasa, que su lesi\u00f3n empeora y que ni siquiera tiene a\u00fan una valoraci\u00f3n del traumat\u00f3logo sobre la efectividad de la rehabilitaci\u00f3n, porque \u00e9sta ni siquiera ha empezado.<\/span><\/p>\n<p id=\"m78-6-79\" style=\"text-align: justify;\"><span style=\"font-size: 14pt; font-family: arial, helvetica, sans-serif;\">La Plataforma de A Mari\u00f1a asegura que el caso de Rosana, como otros que han denunciado en los \u00faltimos meses, demuestra que las cifras oficiales de espera del Sergas son mentira. Y que someter a los pacientes a esas demoras inhumanas forma parte de una estrategia \u201cperfectamente orquestada por el Gobierno\u201d de\u00a0<b>Alberto N\u00fa\u00f1ez Feij\u00f3o<\/b>\u00a0para deteriorar la sanidad p\u00fablica y lograr que a los enfermos no les quede m\u00e1s remedio que acudir a una cl\u00ednica privada, o suscribir un seguro m\u00e9dico que sufrague los gastos de su tratamiento.<\/span><\/p>\n<p id=\"m83-7-84\" style=\"text-align: justify;\"><span style=\"font-size: 14pt; font-family: arial, helvetica, sans-serif;\">Rosana deja claro que quiere que la traten en la sanidad p\u00fablica. Que ha cotizado casi un cuarto de siglo a la Seguridad Social y que no reclama nada que no sea su derecho. Pero su caso, curiosamente, muestra un paso m\u00e1s en esa estrategia privatizadora de la Xunta. El propio hospital que orden\u00f3 someterla a las 30 sesiones de rehabilitaci\u00f3n explicit\u00f3 en el volante que \u00e9stas deber\u00edan realizarse en un centro privado. \u201cNo es que la hayan llamado de un centro concertado porque hab\u00eda demoras en la sanidad p\u00fablica, sino que directamente<b>\u00a0le indican una cl\u00ednica privada<\/b>. Y tienen la cara tan dura de decir que las derivaciones son casos puntuales\u201d, aseguran los portavoces de la plataforma.<\/span><\/p>\n<\/div>\n<\/div>\n<\/div>\n<\/div>\n<p><a href=\"https:\/\/puntocritico.com\/ausajpuntocritico\/wp-content\/uploads\/2018\/03\/Mosca_Punto_Cr\u00edtico_40.png\" rel=\"lightbox[10544]\"><img loading=\"lazy\" decoding=\"async\" class=\"aligncenter wp-image-9528\" src=\"https:\/\/puntocritico.com\/ausajpuntocritico\/wp-content\/uploads\/2018\/03\/Mosca_Punto_Cr\u00edtico_40.png\" alt=\"\" width=\"40\" height=\"40\" \/><\/a><\/p>\n<header>\n<h1 style=\"text-align: center;\"><a id=\"ref9\"><\/a><a href=\"#ref9a\">[10]<\/a> La c\u00fapula de DEFEX obtuvo m\u00e1s de 20 millones en mordidas por la venta de armas<\/h1>\n<p><span style=\"font-size: 14pt;\">Por\u00a0MIGUEL \u00c1NGEL CAMPOS<\/span><\/p>\n<div><span style=\"color: #339966;\">Art\u00edculo publicado el 2 de abril de 2018 en<\/span><\/div>\n<div><a href=\"http:\/\/cadenaser.com\/ser\/2018\/04\/01\/tribunales\/1522610308_060604.html\" target=\"_blank\" rel=\"noopener\"><span style=\"color: #339966;\">http:\/\/cadenaser.com\/ser\/2018\/04\/01\/tribunales\/1522610308_060604.html<\/span><\/a><\/div>\n<div>\u00a0<\/div>\n<\/header>\n<div>\u00a0<\/div>\n<div>\n<figure id=\"attachment_10626\" aria-describedby=\"caption-attachment-10626\" style=\"width: 770px\" class=\"wp-caption aligncenter\"><a href=\"https:\/\/puntocritico.com\/ausajpuntocritico\/wp-content\/uploads\/2018\/04\/1522610308_060604_1522610411_noticia_normal.jpg\" rel=\"lightbox[10544]\"><img loading=\"lazy\" decoding=\"async\" class=\"wp-image-10626 size-full\" src=\"https:\/\/puntocritico.com\/ausajpuntocritico\/wp-content\/uploads\/2018\/04\/1522610308_060604_1522610411_noticia_normal.jpg\" alt=\"\" width=\"770\" height=\"456\" srcset=\"https:\/\/puntocritico.com\/ausajpuntocritico\/wp-content\/uploads\/2018\/04\/1522610308_060604_1522610411_noticia_normal.jpg 770w, https:\/\/puntocritico.com\/ausajpuntocritico\/wp-content\/uploads\/2018\/04\/1522610308_060604_1522610411_noticia_normal-300x178.jpg 300w, https:\/\/puntocritico.com\/ausajpuntocritico\/wp-content\/uploads\/2018\/04\/1522610308_060604_1522610411_noticia_normal-768x455.jpg 768w\" sizes=\"auto, (max-width: 770px) 100vw, 770px\" \/><\/a><figcaption id=\"caption-attachment-10626\" class=\"wp-caption-text\"><span style=\"font-size: 10pt;\"><strong><span style=\"color: #339966;\">Militares espa\u00f1oles en Afganist\u00e1n cargan material en dos aviones H\u00e9rcules del Ej\u00e9rcito del Aire \/ EFE Archivo<\/span><\/strong><\/span><\/figcaption><\/figure>\n<\/div>\n<header>\n<p>&nbsp;<\/p>\n<blockquote>\n<p style=\"text-align: justify;\"><span style=\"color: #008000;\"><strong><span style=\"font-size: 14pt; font-family: arial, helvetica, sans-serif;\">El expresidente de la empresa p\u00fablica comercializadora de armas, Jos\u00e9 Ignacio Encinas Charro, y el coronel retirado \u00c1ngel Mar\u00eda Larumbe, se han repartido desde 2002 m\u00e1s de 10 millones cada uno en comisiones supuestamente fraudulentas, en m\u00e1s de 70 contratos para la venta internacional de equipamiento de seguridad<\/span><\/strong><\/span><\/p>\n<p style=\"text-align: justify;\"><span style=\"color: #008000;\"><strong><span style=\"font-size: 14pt; font-family: arial, helvetica, sans-serif;\">La propia DEFEX desmonta la coartada de los principales encausados<\/span><\/strong><\/span><\/p>\n<\/blockquote>\n<\/header>\n<div>\u00a0<\/div>\n<div class=\"cnt-multimedia estirar\" style=\"text-align: justify;\"><span style=\"font-family: arial, helvetica, sans-serif; font-size: 14pt; text-align: justify;\">Los principales investigados en el caso de supuesta corrupci\u00f3n internacional con la venta de armas desde la empresa p\u00fablica\u00a0<\/span><a style=\"font-family: arial, helvetica, sans-serif; font-size: 14pt; text-align: justify;\" title=\"Defex\" href=\"http:\/\/cadenaser.com\/tag\/defex\/a\/\" target=\"_blank\" rel=\"noopener\">DEFEX<\/a><span style=\"font-family: arial, helvetica, sans-serif; font-size: 14pt; text-align: justify;\">, el expresidente J<\/span><a style=\"font-family: arial, helvetica, sans-serif; font-size: 14pt; text-align: justify;\" title=\"Jos\u00e9 Ignacio Encinas Charro\" href=\"http:\/\/cadenaser.com\/tag\/jose_ignacio_encinas_charro\/a\/\" target=\"_blank\" rel=\"noopener\">os\u00e9 Ignacio Encinas Charro<\/a><span style=\"font-family: arial, helvetica, sans-serif; font-size: 14pt; text-align: justify;\">\u00a0y el directivo y coronel de infanter\u00eda de marina retirado,\u00a0<\/span><a style=\"font-family: arial, helvetica, sans-serif; font-size: 14pt; text-align: justify;\" title=\"\u00c1ngel Mar\u00eda Larumbe\" href=\"http:\/\/cadenaser.com\/tag\/angel_maria_larumbe_burgui\/a\/\" target=\"_blank\" rel=\"noopener\">\u00c1ngel Mar\u00eda Larumbe<\/a><span style=\"font-family: arial, helvetica, sans-serif; font-size: 14pt; text-align: justify;\">,\u00a0<\/span><strong style=\"font-family: arial, helvetica, sans-serif; font-size: 14pt; text-align: justify;\">han conseguido m\u00e1s de 10 millones de euros cada uno en comisiones irregulares entre 2002 y 2012<\/strong><span style=\"font-family: arial, helvetica, sans-serif; font-size: 14pt; text-align: justify;\">, seg\u00fan fuentes del caso que se instruye en el juzgado n\u00famero 5 de la\u00a0<\/span><a style=\"font-family: arial, helvetica, sans-serif; font-size: 14pt; text-align: justify;\" title=\"Audiencia Nacional\" href=\"http:\/\/cadenaser.com\/tag\/audiencia_nacional\/a\/\" target=\"_blank\" rel=\"noopener\">Audiencia Nacional.<\/a><\/div>\n<div class=\"cnt-izq\">\n<div class=\"cnt-body\">\n<div id=\"cuerpo_noticia_r\" class=\"cuerpo\">\n<p style=\"text-align: justify;\"><span style=\"font-size: 14pt; font-family: arial, helvetica, sans-serif;\"><strong>Mordidas por la venta de armamento y distinto equipo de seguridad en m\u00e1s de 70 contratos bajo sospecha<\/strong>\u00a0suscritos con pa\u00edses como\u00a0<a title=\"Angola\" href=\"http:\/\/cadenaser.com\/tag\/angola\/a\/\" target=\"_blank\" rel=\"noopener\">Angola<\/a>,\u00a0<a title=\"Arabia Saud\u00ed\" href=\"http:\/\/cadenaser.com\/tag\/arabia_saudi\/a\/\" target=\"_blank\" rel=\"noopener\">Arabia Saud\u00ed<\/a>,\u00a0<a title=\"Brasil\" href=\"http:\/\/cadenaser.com\/tag\/brasil\/a\/\" target=\"_blank\" rel=\"noopener\">Brasil<\/a>,\u00a0<a title=\"Camer\u00fan\" href=\"http:\/\/cadenaser.com\/tag\/camerun\/a\/\" target=\"_blank\" rel=\"noopener\">Camer\u00fan<\/a>\u00a0o\u00a0<a title=\"Egipto\" href=\"http:\/\/cadenaser.com\/tag\/egipto\/a\/\" target=\"_blank\" rel=\"noopener\">Egipto<\/a>\u00a0entre otros, que acababan en cuentas opacas a nombre de empresas en para\u00edsos fiscales.<\/span><\/p>\n<div class=\"teads-inread sm-screen\" style=\"text-align: justify;\">\n<div><span style=\"font-family: arial, helvetica, sans-serif; font-size: 14pt;\">Encinas Charro y Larumbe, a trav\u00e9s de uno de sus supuestos testaferros, Vicente Ferro,\u00a0<\/span><strong style=\"font-family: arial, helvetica, sans-serif; font-size: 14pt;\">han afirmado al juzgado que las comisiones eran l\u00edcitas y las autorizaba la propia DEFEX<\/strong><span style=\"font-family: arial, helvetica, sans-serif; font-size: 14pt;\">. Para ello, han presentado un escrito en un folio sin membrete y con el porcentaje del beneficio escrito a bol\u00edgrafo: un 0,5% de cada contrato de la empresa p\u00fablica.<\/span><\/div>\n<\/div>\n<p style=\"text-align: justify;\"><span style=\"font-size: 14pt; font-family: arial, helvetica, sans-serif;\">Pero\u00a0<strong>ha sido DEFEX la que ha desmontado la coartada<\/strong>\u00a0de los supuestos cabecillas de la trama, al contestar en un documento al juzgado que \u00abbajo ning\u00fan concepto\u00bb autorizaron jam\u00e1s las comisiones.<\/span><\/p>\n<p style=\"text-align: justify;\"><span style=\"font-size: 14pt; font-family: arial, helvetica, sans-serif;\"><a title=\"Caso Defex\" href=\"http:\/\/cadenaser.com\/tag\/caso_defex\/a\/\" target=\"_blank\" rel=\"noopener\">El caso de supuesta corrupci\u00f3n<\/a>\u00a0en la ya disuelta empresa p\u00fablica DEFEX, dependiente de la Sociedad Espa\u00f1ola de Participaciones Industriales (<a title=\"SEPI\" href=\"http:\/\/cadenaser.com\/tag\/sepi_sociedad_estatal_participaciones_industriales\/a\/\" target=\"_blank\" rel=\"noopener\">SEPI<\/a>),\u00a0<strong>estall\u00f3 en 2014<\/strong>\u00a0cuando el entonces titular del juzgado n\u00famero 5 de la Audiencia Nacional,\u00a0<a title=\"Pablo Ruz\" href=\"http:\/\/cadenaser.com\/tag\/pablo_ruz\/a\/\" target=\"_blank\" rel=\"noopener\">Pablo Ruz<\/a>, y el fiscal Anticorrupci\u00f3n Conrado Saiz, desvelaron el\u00a0<strong>fraude cometido en un contrato de equipamiento policial a Angola en 2008 por un total de 152,9 millones de euros.<\/strong><\/span><\/p>\n<p style=\"text-align: justify;\"><span style=\"font-size: 14pt; font-family: arial, helvetica, sans-serif;\">La p\u00fablica DEFEX, en colaboraci\u00f3n con Comercial Cueto, aprob\u00f3 la venta por ese importe, pero\u00a0<strong>al pa\u00eds africano solo le llegaron armas por valor de poco m\u00e1s de 50 millones.<\/strong>\u00a0Los m\u00e1s de 100 restantes se repartieron, supuestamente, entre funcionarios angole\u00f1os y los jefes de la trama en Espa\u00f1a. Para ello utilizaron una compleja ingenier\u00eda societaria opaca en para\u00edsos fiscales que fue dise\u00f1ada por Beatriz Garc\u00eda Paesa, la sobrina del esp\u00eda Francisco Paesa.<\/span><\/p>\n<p style=\"text-align: justify;\"><span style=\"font-size: 14pt; font-family: arial, helvetica, sans-serif;\">Las fuentes de la investigaci\u00f3n, que ha sido dirigida por la\u00a0<a title=\"UCO\" href=\"http:\/\/cadenaser.com\/tag\/uco_unidad_central_operativa\/a\/\" target=\"_blank\" rel=\"noopener\">UCO<\/a>\u00a0de la\u00a0<a title=\"Guardia Civil\" href=\"http:\/\/cadenaser.com\/tag\/guardia_civil\/a\/\" target=\"_blank\" rel=\"noopener\">Guardia Civil<\/a>en colaboraci\u00f3n con la\u00a0<a title=\"Polic\u00eda Nacional\" href=\"http:\/\/cadenaser.com\/tag\/policia_nacional\/a\/\" target=\"_blank\" rel=\"noopener\">Polic\u00eda Nacional<\/a>, sostienen que\u00a0<strong>esta empresa p\u00fablica funcionaba \u201cen el \u00e1mbito de la comisi\u00f3n\u201d y \u201csobredimensionaba el coste de los equipamientos a exportar entre un 200 y un 300 por ciento\u201d<\/strong>\u00a0para repartirse mordidas millonarias en colaboraci\u00f3n con funcionarios corruptos de los pa\u00edses a los que vend\u00eda armas.<\/span><\/p>\n<h3 style=\"text-align: justify;\"><span style=\"font-size: 14pt; font-family: arial, helvetica, sans-serif;\">Ni rastro del \u00abKin<em>\u00ab<\/em>\u00a0de la trama<\/span><\/h3>\n<p style=\"text-align: justify;\"><span style=\"font-size: 14pt; font-family: arial, helvetica, sans-serif;\">La pieza separada que investiga el contrato con Angola est\u00e1 pr\u00e1cticamente cerrada y preparada para el juicio oral.\u00a0<strong>Casi todos sus responsables han sido identificados excepto el \u00abkin\u00bb (sic) o \u00abrey\u00bb de la trama (king):<\/strong>\u00a0el mayor comisionista que solo por este contrato cobr\u00f3 una mordida de 3 millones de euros.<\/span><\/p>\n<p style=\"text-align: justify;\"><span style=\"font-size: 14pt; font-family: arial, helvetica, sans-serif;\">Al menos Garc\u00eda Paesa y Juan Carlos Cueto, as\u00ed como Jos\u00e9 Ignacio Encinas Charro,\u00a0<strong>conocen la identidad del particular \u00abm\u00edster X\u00bb de la organizaci\u00f3n criminal,<\/strong>\u00a0seg\u00fan fuentes de la investigaci\u00f3n,\u00a0<strong>pero hasta el momento se han negado a desvelarla.<\/strong>Encinas Charro se limit\u00f3 a asegurar cuando fue preguntado al respecto por el juez que eso eran \u00abpalabras mayores\u00bb.<\/span><\/p>\n<\/div>\n<\/div>\n<\/div>\n<p><a href=\"https:\/\/puntocritico.com\/ausajpuntocritico\/wp-content\/uploads\/2018\/03\/Mosca_Punto_Cr\u00edtico_40.png\" rel=\"lightbox[10544]\"><img loading=\"lazy\" decoding=\"async\" class=\"aligncenter wp-image-9528\" src=\"https:\/\/puntocritico.com\/ausajpuntocritico\/wp-content\/uploads\/2018\/03\/Mosca_Punto_Cr\u00edtico_40.png\" alt=\"\" width=\"40\" height=\"40\" \/><\/a><\/p>\n<h1>\u00a0<\/h1>\n<h1 style=\"text-align: center;\"><a id=\"ref10\"><\/a><a href=\"#ref10a\">[11]<\/a> \u00abEL ESTADO ESPA\u00d1OL ACT\u00daA COMO UNA ORGANIZACI\u00d3N MAFIOSA\u00bb<\/h1>\n<p><span style=\"font-size: 14pt;\">Por\u00a0EUGENIO FERN\u00c1NDEZ<\/span><\/p>\n<div><span style=\"color: #339966;\">Art\u00edculo publicado el 2 de abril de 2018 en<\/span><\/div>\n<div><span style=\"color: #339966;\"><a style=\"color: #339966;\" href=\"http:\/\/canarias-semanal.org\/not\/22475\/-el-estado-espanol-actua-como-una-organizacion-mafiosa-\/\" target=\"_blank\" rel=\"noopener\">http:\/\/canarias-semanal.org\/not\/22475\/-el-estado-espanol-actua-como-una-organizacion-mafiosa-\/<\/a><\/span><\/div>\n<div>\u00a0<\/div>\n<p><a href=\"https:\/\/puntocritico.com\/ausajpuntocritico\/wp-content\/uploads\/2018\/04\/img_53453.jpg\" rel=\"lightbox[10544]\"><img loading=\"lazy\" decoding=\"async\" class=\"aligncenter size-full wp-image-10627\" src=\"https:\/\/puntocritico.com\/ausajpuntocritico\/wp-content\/uploads\/2018\/04\/img_53453.jpg\" alt=\"\" width=\"670\" height=\"352\" srcset=\"https:\/\/puntocritico.com\/ausajpuntocritico\/wp-content\/uploads\/2018\/04\/img_53453.jpg 670w, https:\/\/puntocritico.com\/ausajpuntocritico\/wp-content\/uploads\/2018\/04\/img_53453-300x158.jpg 300w\" sizes=\"auto, (max-width: 670px) 100vw, 670px\" \/><\/a><\/p>\n<p>&nbsp;<\/p>\n<blockquote>\n<h3 class=\"antetitulo\" style=\"text-align: left;\">El Frente Antiimperialista Internacionalista ante los \u00faltimos acontecimientos en Catalu\u00f1a:<\/h3>\n<\/blockquote>\n<p style=\"text-align: justify;\"><span style=\"font-size: 14pt; font-family: arial, helvetica, sans-serif;\">A trav\u00e9s de un comunicado remitido a la redacci\u00f3n de\u00a0<em>Canarias-semanal,<\/em>\u00a0el<strong>Frente Antiimperialista Internacionalista (FAI)\u00a0<\/strong>se ha pronunciado acerca de los \u00faltimos acontecimientos pol\u00edticos vividos en Catalu\u00f1a, as\u00ed como sobre ladetenci\u00f3n en Alemania de\u00a0<strong>Carles Puigdemont.<\/strong><\/span><\/p>\n<p style=\"text-align: justify;\"><span style=\"font-size: 14pt; font-family: arial, helvetica, sans-serif;\"><em>\u00abLas\u00a0<strong>\u00faltimas detenciones de pol\u00edticos catalanes,<\/strong>\u00a0la\u00a0<strong>violencia con la que se reprime al pueblo catal\u00e1n en las calles,\u00a0<\/strong>la\u00a0<strong>arbitrariedad y parcialidad con la que act\u00faan los tribunales y la impunidad del gobierno<\/strong>, vuelven a poner en evidencia\u00a0\u00a0<\/em>-afirman desde la FAI &#8211;\u00a0<em>\u00a0la naturaleza autoritaria del Estado espa\u00f1ol\u00bb.<\/em><\/span><\/p>\n<p style=\"text-align: justify;\"><span style=\"font-size: 14pt; font-family: arial, helvetica, sans-serif;\">En este sentido, el\u00a0<strong>Frente Antiimperialista<\/strong>\u00a0estima que quienes<em>\u00a0\u00aben alg\u00fan momento pudieran haber albergado esperanza de que al rebufo de la modernizaci\u00f3n econ\u00f3mica se producir\u00eda una democratizaci\u00f3n del Estado y sus instituciones pueden dar por zanjada definitivamente dicha ilusi\u00f3n\u00bb.<\/em><\/span><\/p>\n<p style=\"text-align: justify;\"><span style=\"font-size: 14pt; font-family: arial, helvetica, sans-serif;\"><em>\u00abLo que ocurre en Catalu\u00f1a\u00a0<\/em>&#8211; dicen &#8211;\u00a0<em>es la expresi\u00f3n m\u00e1s n\u00edtida de los l\u00edmites de un Estado espa\u00f1ol que se organiza y act\u00faa en clave de organizaci\u00f3n mafiosa: \u00e9lites pol\u00edticas que detraen recursos p\u00fablicos hacia sus fines privados, aplicaci\u00f3n de las leyes de forma arbitraria, impunidad y utilizaci\u00f3n selectiva de la represi\u00f3n\u00bb.<\/em><\/span><\/p>\n<p style=\"text-align: justify;\"><span style=\"font-size: 14pt; font-family: arial, helvetica, sans-serif;\"><em>\u00abLa usurpaci\u00f3n de la voluntad popular de los catalanes expresada en las urnas y el encarcelamiento de sus representantes leg\u00edtimos, tienen que ser entendidos en la misma l\u00f3gica que la criminalizaci\u00f3n de j\u00f3venes raperos, periodistas disidentes, artistas, pol\u00edticos independentistas, movimientos sociales y luchas obreras. Este es el resultado de la confluencia hist\u00f3rica de los intereses de una parte de la \u00e9lite econ\u00f3mica y el poder pol\u00edtico-ideol\u00f3gico del franquismo que nunca ha dejado de ser hegem\u00f3nico en la mayor parte del territorio del Estado espa\u00f1ol\u00bb.<\/em><\/span><\/p>\n<p style=\"text-align: justify;\"><span style=\"font-size: 14pt; font-family: arial, helvetica, sans-serif;\"><em>\u00abEsta confluencia se ha ido acrecentando con la crisis econ\u00f3mica y ha potenciado las caracter\u00edsticas autoritarias del Estado espa\u00f1ol. La situaci\u00f3n actual refleja una doble subordinaci\u00f3n de la clase pol\u00edtica, del Estado y sus instituciones, por un lado, a las pol\u00edticas occidentales de expansi\u00f3n imperialista y desposesi\u00f3n de las clases trabajadoras, por otro, a los intereses e ideolog\u00eda de las clases herederas del franquismo. Nada que ofrezca resistencia a estas dos l\u00f3gicas puede ser tolerado\u00bb.<\/em><\/span><\/p>\n<p style=\"text-align: justify;\"><span style=\"font-size: 14pt; font-family: arial, helvetica, sans-serif;\"><em>\u00abEl Estado espa\u00f1ol post-franquista\u00a0<\/em>&#8211; a\u00f1aden &#8211;\u00a0<em>se ha configurado para servir a los intereses de la clase pol\u00edtica y el mundo empresarial. Empresas, Estado y clase pol\u00edtica funcionan cooperativamente. De ah\u00ed que la corrupci\u00f3n sea el principal sostenedor de un Estado que se parece m\u00e1s a un Estado mafioso que a un Estado de Derecho europeo y que recurre constantemente a la represi\u00f3n y a la aplicaci\u00f3n arbitraria de la ley para sostenerse La sobreexplotaci\u00f3n y el disciplinamiento social no admite ning\u00fan cuestionamiento\u00bb.<\/em><\/span><\/p>\n<p style=\"text-align: justify;\"><span style=\"font-size: 14pt; font-family: arial, helvetica, sans-serif;\"><em> \u00abEn estas circunstancias no cabe ninguna negociaci\u00f3n con las \u00e9lites locales o auton\u00f3micas, no existe margen de negociaci\u00f3n para una Estado que se sabe impune y respaldado en lo esencial por las instituciones europeas\u00bb.<\/em><\/span><\/p>\n<p style=\"text-align: justify;\"><span style=\"font-size: 14pt; font-family: arial, helvetica, sans-serif;\"><em>\u00abNo es casual\u00a0<\/em>-apuntan a este respecto &#8211;\u00a0<em>que haya sido\u00a0<strong>Alemania,\u00a0<\/strong>que\u00a0<strong>marca el paso de la pol\u00edtica econ\u00f3mica de Europa<\/strong>, quien haya permitido la detenci\u00f3n del diputado electo<strong>\u00a0Sr. Puigdemont.<\/strong>\u00a0Los v\u00ednculos pol\u00edticos e ideol\u00f3gicos de ambos estados son evidentes. La Alemania que apoya al gobierno espa\u00f1ol afirmando su car\u00e1cter democr\u00e1tico y su respeto a la Constituci\u00f3n es la misma Alemania que oblig\u00f3 a reformar el art\u00edculo 135 de la Constituci\u00f3n espa\u00f1ola para subordinar las pol\u00edticas sociales al pago de la deuda. El Estado espa\u00f1ol se ha convertido en un modelo a seguir para Europa en sus pol\u00edticas represivas frente a la inmigraci\u00f3n (Ley de Extranjer\u00eda, asesinatos en Tarajal, CIES, devoluciones en caliente\u2026.), en su aporte a la expansi\u00f3n imperialista (aumento del presupuesto militar, reforzamiento de la OTAN\u2026), en su pol\u00edtica beligerante e injerencista contra gobiernos soberanos como el gobierno bolivariano de Venezuela\u00bb.<\/em><\/span><\/p>\n<p style=\"text-align: justify;\"><span style=\"font-size: 14pt; font-family: arial, helvetica, sans-serif;\"><em>\u00abLos medios de comunicaci\u00f3n de masas, tanto p\u00fablicos como privados, act\u00faan como \u00f3rganos de propaganda de este gobierno autoritario y represor. Desv\u00edan la atenci\u00f3n de la corrupci\u00f3n y la impunidad de la clase pol\u00edtica, de la creciente desigualdad y precarizaci\u00f3n y la dirigen hacia la criminalizaci\u00f3n de Catalu\u00f1a y sus representantes\u00bb.<\/em><\/span><\/p>\n<p style=\"text-align: justify;\"><span style=\"font-size: 14pt; font-family: arial, helvetica, sans-serif;\"><em>\u00abNuevamente afirmamos que s\u00f3lo la m\u00e1s amplia unidad frente al Estado autoritario espa\u00f1ol puede conducir a un verdadero Estado de Derecho\u00bb.<\/em>\u00a0<\/span><\/p>\n<p style=\"text-align: justify;\"><span style=\"font-size: 14pt; font-family: arial, helvetica, sans-serif;\">Desde el\u00a0<strong>Frente Antiimperialista e Internacionalista denuncian y condenan:<\/strong><\/span><\/p>\n<p style=\"text-align: justify;\"><span style=\"font-size: 14pt; font-family: arial, helvetica, sans-serif;\"><em>-La u<strong>tilizaci\u00f3n masiva y violenta de las Fuerzas de seguridad del Estado espa\u00f1ol y su gobierno\u00a0<\/strong>para evitar que el pueblo catal\u00e1n expresara su voluntad eligiendo su gobierno y su forma de Estado mediante un refer\u00e9ndum.<\/em><\/span><\/p>\n<p style=\"text-align: justify;\"><span style=\"font-size: 14pt; font-family: arial, helvetica, sans-serif;\"><em>&#8211; Denunciamos que al perder unas elecciones impuestas y controladas desde el Estado espa\u00f1ol se haya optado por la<strong>\u00a0ilegalizaci\u00f3n de los representantes elegidos por el pueblo en estas elecciones.<\/strong><\/em><\/span><\/p>\n<p style=\"text-align: justify;\"><span style=\"font-size: 14pt; font-family: arial, helvetica, sans-serif;\"><em>\u00a0<\/em><em>&#8211; Condenamos la<strong>\u00a0criminalizaci\u00f3n del independentismo como opci\u00f3n pol\u00edtica<\/strong>\u00a0por parte del Estado espa\u00f1ol, el gobierno y los medios de comunicaci\u00f3n.<\/em><\/span><\/p>\n<p style=\"text-align: justify;\"><span style=\"font-size: 14pt; font-family: arial, helvetica, sans-serif;\"><em>&#8211; Condenamos la\u00a0<strong>exaltaci\u00f3n fascista del espa\u00f1olismo<\/strong>\u00a0sobre la soberan\u00eda e independencia del pueblo catal\u00e1n.<\/em><\/span><\/p>\n<p style=\"text-align: justify;\"><span style=\"font-size: 14pt; font-family: arial, helvetica, sans-serif;\"><em> \u00abExpresamos asimismo<\/em>\u00a0-concluyen &#8211;<em>\u00a0la voluntad firme del\u00a0<strong>FAI<\/strong>\u00a0para luchar por la libertad de los independentistas catalanes encarcelados y por todos aquellos que se encuentran en procesos judiciales o en prisi\u00f3n por defender sus ideas independentistas y oponerse a un Estado represor y autoritario\u00bb.<\/em><\/span><\/p>\n<p style=\"text-align: justify;\"><a href=\"https:\/\/puntocritico.com\/ausajpuntocritico\/wp-content\/uploads\/2018\/03\/Mosca_Punto_Cr\u00edtico_40.png\" rel=\"lightbox[10544]\"><img loading=\"lazy\" decoding=\"async\" class=\"aligncenter wp-image-9528\" src=\"https:\/\/puntocritico.com\/ausajpuntocritico\/wp-content\/uploads\/2018\/03\/Mosca_Punto_Cr\u00edtico_40.png\" alt=\"\" width=\"40\" height=\"40\" \/><\/a><\/p>\n<h1 style=\"text-align: center;\"><a id=\"ref11\"><\/a><a href=\"#ref11a\">[12]<\/a> TREINTA Y TRES TESIS SOBRE EL FASCISMO<\/h1>\n<p><span style=\"font-size: 14pt;\">Por\u00a0I\u00d1AKI GIL DE SAN VICENTE<\/span><\/p>\n<div><span style=\"color: #339966;\">Art\u00edculo publicado el 2 de abril de 2018 en<\/span><\/div>\n<div><span style=\"color: #339966;\"><a style=\"color: #339966;\" href=\"http:\/\/canarias-semanal.org\/not\/22473\/treinta-y-tres-tesis-sobre-el-fascismo\/\" target=\"_blank\" rel=\"noopener\">http:\/\/canarias-semanal.org\/not\/22473\/treinta-y-tres-tesis-sobre-el-fascismo\/<\/a><\/span><\/div>\n<div>\u00a0<\/div>\n<div>\u00a0<\/div>\n<div><a href=\"https:\/\/puntocritico.com\/ausajpuntocritico\/wp-content\/uploads\/2018\/04\/img_53469-1.jpg\" rel=\"lightbox[10544]\"><img loading=\"lazy\" decoding=\"async\" class=\"aligncenter size-full wp-image-10628\" src=\"https:\/\/puntocritico.com\/ausajpuntocritico\/wp-content\/uploads\/2018\/04\/img_53469-1.jpg\" alt=\"\" width=\"670\" height=\"255\" srcset=\"https:\/\/puntocritico.com\/ausajpuntocritico\/wp-content\/uploads\/2018\/04\/img_53469-1.jpg 670w, https:\/\/puntocritico.com\/ausajpuntocritico\/wp-content\/uploads\/2018\/04\/img_53469-1-300x114.jpg 300w\" sizes=\"auto, (max-width: 670px) 100vw, 670px\" \/><\/a><\/div>\n<blockquote>\n<h3><span style=\"color: #008000;\">\u00abLas expresiones particulares del fascismo vienen determinadas por la lucha de clases\u00bb<\/span><\/h3>\n<\/blockquote>\n<p style=\"text-align: justify;\"><span style=\"font-size: 14pt; font-family: arial, helvetica, sans-serif;\"><strong>1.\u00a0<\/strong>Los 14 a\u00f1os transcurridos desde\u00a0<em><strong>Contra el Neofascismo<\/strong><\/em>\u00a0est\u00e1n marcados por cuatro din\u00e1micas que agudizan las fuerzas impulsoras de lo que gen\u00e9ricamente llamamos\u00a0<em>\u00abfascismo\u00bb:<\/em>\u00a0Una, la por ahora imparable\u00a0<em><strong>\u00abdecadencia de Occidente\u00bb<\/strong><\/em>, amenazado por las y los parias de la tierra, una de las justificaciones m\u00e1s poderosas de los fascismos. Dos, la\u00a0<strong>tercera Gran Depresi\u00f3n iniciada en 2007<\/strong>: recordemos que la primera<strong>\u00a0Gran Depresi\u00f3n de 1873<\/strong>impuls\u00f3 como salida la\u00a0<strong>militarizaci\u00f3n industrial e imperialista<\/strong>, y la\u00a0<strong>guerra mundial de 1914-1918<\/strong>; y que la segunda\u00a0<strong>Gran Depresi\u00f3n iniciada en 1929<\/strong>impuls\u00f3 el\u00a0<strong>nazismo, el franquismo, la guerra mundial de 1940-1945.<\/strong>\u00a0Tres, la\u00a0<strong>crisis socioecol\u00f3gica y de recursos vitales\u00a0<\/strong>con sus\u00a0<strong>efectos en las pugnas interimperialistas y en las agresiones a la humanidad.<\/strong>\u00a0Y cuatro, la extrema polarizaci\u00f3n antag\u00f3nica entre la inconmensurable riqueza de una \u00ednfima gran burgues\u00eda y la sobreexplotaci\u00f3n de una gigantesca fuerza social de trabajo empobrecida hasta lo inhumano, y en medio de esta tenaza las mal llamadas clases medias y peque\u00f1as burgues\u00edas casi tan desconcertadas e iracundas como en los cataclismo anteriores.<\/span><\/p>\n<p style=\"text-align: justify;\"><span style=\"font-size: 14pt; font-family: arial, helvetica, sans-serif;\"><strong> 2.<\/strong>\u00a0Estos y otros cambios capitalistas como la rentabilidad creciente de la\u00a0 industria del turismo y del deporte alienador de masas, la necesidad de mover ingentes sumas de capital corrupto que exige ser blanqueado a cualquier precio, la presencia en tiempo real de la industria pol\u00edtico-medi\u00e1tica y cultural burguesa, la multiplicaci\u00f3n exponencial de las fuerzas irracionales inherentes al fetichismo de la mercanc\u00eda en un capitalismo que busca generalizar \u00a0nuevos consumos para reactivar la tasa media de beneficio, etc\u00e9tera, explican la facilidad con la que grupos fascistas rusos recorrieron \u00a0distancias imposibles de cubrir en 1940-45 para provocar violentamente al pueblo bilba\u00edno con la excusa de un partido de futbol. Porque para el fascismo, la industria del futbol es s\u00f3lo un medio de engorde y de difusi\u00f3n mundial de sus objetivos.<\/span><\/p>\n<p style=\"text-align: justify;\"><span style=\"font-size: 14pt; font-family: arial, helvetica, sans-serif;\"><strong>3.\u00a0<\/strong>\u00a0As\u00ed comprendemos que sectores conscientes del pueblo ejercitaran el<strong>sagrado derecho de autodefensa\u00a0<\/strong>el pasado 22 de febrero en Bilbo. La<strong>violencia fascista\u00a0<\/strong>provoc\u00f3 momentos de tensi\u00f3n extrema a ra\u00edz de los cuales muri\u00f3\u00a0 de un ataque al coraz\u00f3n<strong>\u00a0Inocencio Alonso\u00a0<\/strong>Garc\u00eda, polic\u00eda auton\u00f3mico espa\u00f1ol. Las reacciones de las fuerzas pol\u00edticas oficiales y de las reformistas responsabilizando casi por igual a los atacantes y a quienes practican el derecho de autodefensa demuestra cuando menos una ignorancia supina de lo que es el fascismo, o lo que es peor su asunci\u00f3n de la nefasta creencia de que la \u00fanica forma de combatirlo es la parlamentaria, sin ninguna movilizaci\u00f3n popular. \u00a0<\/span><\/p>\n<p style=\"text-align: justify;\"><span style=\"font-size: 14pt; font-family: arial, helvetica, sans-serif;\"><strong>4.<\/strong>\u00a0\u00bfHa vuelto el fascismo, entonces? Lo que entendemos generalmente por fascismo nunca se ha ido del todo. Siempre ha estado y est\u00e1 m\u00e1s o menos presente de alg\u00fan modo, por lo que no necesita \u00abvolver\u00bb sino en todo caso hacerse notoriamente presente, salir abiertamente a la luz como fuerza pol\u00edtica con mayor o menor apoyo social. Incluso en los momentos de m\u00e1s aparente \u00abpaz social\u00bb y supuesta \u00abnormalidad democr\u00e1tica\u00bb, incluso entonces el fascismo en su acepci\u00f3n m\u00e1s amplia, zumba como una avispa para recordarnos que es la reserva de fuerza contrarrevolucionaria de masas. En contextos de crisis social larga y profunda, cuando el poder del capital puede estar en peligro, fracciones de la burgues\u00eda y sectores de su Estado reactivan o impulsan al fascismo, contando con la pasividad del reformismo que se niega a movilizar a la clase obrera y al pueblo trabajador. En la mayor\u00eda inmensa de los casos el triunfo del fascismo se ha producido despu\u00e9s de derrotas del movimiento obrero y popular, aprovechando su desmoralizaci\u00f3n, sus dudas y divisiones internas.<\/span><\/p>\n<p style=\"text-align: justify;\"><span style=\"font-size: 14pt; font-family: arial, helvetica, sans-serif;\"><strong>5.<\/strong>\u00a0El fascismo es una fuerza contrarrevolucionaria que en determinadas condiciones \u00a0puede llegar a ser de masas y puede conquistar el poder estatal, pero que ha cambiado mucho en sus formas y algo en sus contenidos desde 1923. Aqu\u00ed, como en todos los problemas a los que se enfrenta la praxis humana, es imprescindible recurrir a la categor\u00eda de lo universal, lo particular y lo singular en la poli\u00e9drica corriente fascista, sobre todo cuando las vaguedades reformistas del populismo laclausiano y podemita, enturbian el debate y anulan la radicalidad cr\u00edtica.<\/span><\/p>\n<p style=\"text-align: justify;\"><span style=\"font-size: 14pt; font-family: arial, helvetica, sans-serif;\"><strong>6.\u00a0<\/strong>Lo b\u00e1sico, lo universal del fascismo aparece al desnudo en la materializaci\u00f3n de\u00a0 sus constantes:\u00a0<strong>destrucci\u00f3n de las organizaciones revolucionarias y sindicales; destrucci\u00f3n de los derechos concretos y de las libertades cr\u00edticas,<\/strong>\u00a0no asimilables por la burgues\u00eda; control estricto o incluso anulaci\u00f3n de los derechos y libertades formales; libertad de explotaci\u00f3n salarial, patriarcal y racista; Estado, partido y sindicato \u00fanicos, ramificados verticalmente en la vida social; omnipotencia y omnipresencia polic\u00edaco-militar; cultura y lengua \u00fanica como eje del nacionalismo imperialista; base de masas obedientes; enfervorecimiento de la peque\u00f1a burgues\u00eda\u2026\u00a0<\/span><\/p>\n<p style=\"text-align: justify;\"><span style=\"font-size: 14pt; font-family: arial, helvetica, sans-serif;\"><strong>7.<\/strong>\u00a0Lo universal del fascismo surgi\u00f3 con la\u00a0<strong>fase industrial del capitalismo<\/strong>, cuando\u00a0<strong>la peque\u00f1a burgues\u00eda y el campesinado entraron en una irreversible \u00e9poca hist\u00f3rica de mayor incertidumbre\u00a0<\/strong>que la que ten\u00edan en la fase artesanal y manufacturera precedente. La masiva producci\u00f3n industrial destrozaba a la peque\u00f1a burgues\u00eda y al campesinado, a su mundo de tranquila quietud, y reforzaba a la clase obrera y a la alta burgues\u00eda. Desde 1830 y 1848 estos sectores empezaron a mostrar tendencias irracionalistas, cobardes, obedientes a un jefe bonapartista que abr\u00eda el camino al cesarismo y se concretar\u00eda al poco tiempo en el duce, el f\u00fchrer, el caudillo.<\/span><\/p>\n<p style=\"text-align: justify;\"><span style=\"font-size: 14pt; font-family: arial, helvetica, sans-serif;\"><strong>8.\u00a0<\/strong>La\u00a0<strong>industrializaci\u00f3n imperialista,<\/strong>\u00a0su violencia extrema, aceler\u00f3 esta crisis de identidad peque\u00f1o burguesa en los Estados europeos que no hab\u00edan realizado la primera oleada de revoluciones burguesas. El fascismo, el nazismo, el salazarismo, el franquismo\u2026 surgieron all\u00ed donde la burgues\u00eda no hab\u00eda culminado su revoluci\u00f3n antifeudal y no hab\u00eda creado un sistema parlamentario capaz, con sus problemas, de alienar a sectores importantes de la clase trabajadora, tras haberlos derrotado previamente. Adem\u00e1s, esas peque\u00f1as burgues\u00edas, sectores campesinos medios, capas de funcionarios, etc., padec\u00edan unas formas concretas de fetichizaci\u00f3n mercantil de su existencia y de crisis de su estructura ps\u00edquica colectiva cotidiana, familiar, sexual y nacional que no ten\u00edan ya nada que ver con las formas de la peque\u00f1a producci\u00f3n artesanal.<\/span><\/p>\n<p style=\"text-align: justify;\"><span style=\"font-size: 14pt; font-family: arial, helvetica, sans-serif;\"><strong>9.\u00a0<\/strong>Sus valores de orden y autoridad se hundieron bajo los golpes de crisis m\u00faltiples. La intelectualidad peque\u00f1o burguesa no ten\u00eda la capacidad de su hermana mayor para crear una\u00a0<em><strong>\u00abcultura fascista\u00bb<\/strong><\/em>\u00a0superior a la burguesa, sino s\u00f3lo en su culto a la violencia, a la represi\u00f3n salvaje e inmediata del comunismo, al racismo zafio y brutal, al nacionalismo reaccionario, al l\u00edder o \u00abmacho alfa\u00bb, \u00a0y a las fantas\u00edas \u00a0de un \u00abnuevo orden de mil a\u00f1os\u00bb. Pero esta debilidad real fue una baza a su favor porque la bruta simplicidad irracional de su propaganda llegaba directamente a lo m\u00e1s profundo del inconsciente del pueblo trabajador contaminado con la ideolog\u00eda peque\u00f1o burguesa.<\/span><\/p>\n<p style=\"text-align: justify;\"><span style=\"font-size: 14pt; font-family: arial, helvetica, sans-serif;\"><strong>10.\u00a0<\/strong>El primer\u00a0 momento cr\u00edtico de la formaci\u00f3n del fascismo fue\u00a0<strong>1917-1923 durante el cual fracas\u00f3 la revoluci\u00f3n burguesa rusa de febrero de 1917,<\/strong>triunf\u00f3 la bolchevique en octubre, se hundi\u00f3 la ofensiva alemana en 1918 y estall\u00f3 la revoluci\u00f3n en Alemania que s\u00f3lo ser\u00eda derrotada en 1923; y adem\u00e1s, en 1922 Mussolini lleg\u00f3 a Roma, la URSS venci\u00f3 definitivamente al imperialismo en 1923. El segundo momento cr\u00edtico de la formaci\u00f3n del nazifascismo fue entre 1929 con el inicio de la Segunda Depresi\u00f3n del capitalismo mundial y 1933 con la victoria de Hitler. La formaci\u00f3n del nazifascismo es por tanto incomprensible sin la existencia de la URSS.<\/span><\/p>\n<p style=\"text-align: justify;\"><span style=\"font-size: 14pt; font-family: arial, helvetica, sans-serif;\"><strong>11.\u00a0<\/strong>Las expresiones particulares del fascismo vienen determinadas por la lucha de clases como s\u00edntesis de m\u00faltiples contradicciones. Los Camisas Negras italianas, la NSPD alemana, la<strong>\u00a0Guardia de Hierro rumana, la Cruz Flechada h\u00fangara, la Acci\u00f3n Francesa, el Rexismo belga,<\/strong>\u00a0la<strong>\u00a0Uni\u00f3n Brit\u00e1nica de Fascistas, la Uni\u00f3n Nacional noruega, el Estado Nuevo portugu\u00e9s, las FET y las JONS espa\u00f1olas,<\/strong>\u00a0etc\u00e9tera, muestran las abundantes formas particulares del fascismo hasta 1945. Con la mal llamada \u00abguerra fr\u00eda\u00bb el grueso del fascismo entendido en su generalidad debe ser estudiado sobre todo teniendo en cuenta la estrategia de la OTAN y de los servicios secretos occidentales, sobre todo en Estados decisivos para los EEUU como Italia, la pen\u00ednsula ib\u00e9rica, Alemania Federal, Turqu\u00eda, Grecia, etc\u00e9tera.<\/span><\/p>\n<p style=\"text-align: justify;\"><span style=\"font-size: 14pt; font-family: arial, helvetica, sans-serif;\">12.\u00a0 Con la devastaci\u00f3n social del neoliberalismo desde\u00a0<strong>mediados de los \u201980, la implosi\u00f3n de la URSS\u00a0<\/strong>y la\u00a0<strong>expansi\u00f3n al Este de la OTAN\u00a0<\/strong>desde los \u201990, la aceleraci\u00f3n del autoritarismo en la UE, la crisis de 2007 y el<strong>\u00a0Tratado de Lisboa<\/strong>de 2010 con las nuevas tareas encomendadas a la OTAN, el debate sobre el fascismo ha entrado en otra dimensi\u00f3n. La derechizaci\u00f3n inquietante de la \u00abliberal Holanda\u00bb a comienzos de 2017, a fascistizaci\u00f3n de Ucrania desde 2014, o los 60.000 neonazis desfilando en Varsovia en noviembre de 2017 con la complacencia del PiS oficialmente en el gobierno polaco, el arraigo del FP\u00d6 austriaco, la fuerza de Amanecer Dorado en Grecia y de la Derecha Alternativa o \u00abalt-right\u00bb en Suecia, el \u00abfascismo renovado\u00bb de CasaPound en Italia\u2026, estas y otras realidades nos exigen profundizar y extender el concepto de fascismo ante la innegable peligrosidad que este movimiento est\u00e1 adquiriendo.<\/span><\/p>\n<p style=\"text-align: justify;\"><span style=\"font-size: 14pt; font-family: arial, helvetica, sans-serif;\">13. Pero no s\u00f3lo para Europa: el ascenso programado del fascismo en Nuestra Am\u00e9rica, por ejemplo, tambi\u00e9n nos lo exige. Las transformaciones habidas en el capitalismo occidental desde 1945 aconsejaban que el nazifascismo s\u00f3lo actuase a pelo descubierto en otros continentes como en Nuestra Am\u00e9rica mediante el Plan C\u00f3ndor y otras dictaduras, en donde se invent\u00f3 en t\u00e9rmino de \u00abfascismo criollo\u00bb para aclarar las particularidades del nazifascismo en aqu\u00e9l continente. Ahora, se propone avanzar del t\u00e9rmino \u00absub-fascismo\u00bb para definir los golpes blandos, los muy duros y el terrorismo de las guarimbas, al de \u00abfascismo amistoso\/hostil\u00bb para comprender su recurso a diversos m\u00e9todos seg\u00fan los casos.<\/span><\/p>\n<p style=\"text-align: justify;\"><span style=\"font-size: 14pt; font-family: arial, helvetica, sans-serif;\">14. En los EEUU los grupos neonazis han crecido un 22%, seg\u00fan estad\u00edsticas oficiales, s\u00f3lo durante el primer a\u00f1o de Trump. Y no olvidemos el duro giro a la derecha que imprimi\u00f3 Harper a Canad\u00e1 y que Trudeau no ha reorientado del todo. \u00bfQu\u00e9 decir de los movimientos ultraderechistas y militaristas en India, Jap\u00f3n y otros pa\u00edses claves en la decisiva Asia? \u00bfQu\u00e9 decir de la vigilancia masiva y la represi\u00f3n en el militarizado Egipto? \u00bfEn qu\u00e9 medida son \u00abfascistas\u00bb al estilo europeo estos reg\u00edmenes? Cada uno de ellos debe ser analizado en su concreci\u00f3n singular para descubrir su inserci\u00f3n particular en la universalidad fascista, o tal vez decir que esa universalidad debe ser definida como \u00abfascismo tard\u00edo\u00bb surgido de las respuestas a las contradicciones y luchas de clases del \u00abcapitalismo tard\u00edo\u00bb.<\/span><\/p>\n<p style=\"text-align: justify;\"><span style=\"font-size: 14pt; font-family: arial, helvetica, sans-serif;\">15. El estudio de su concreci\u00f3n singular debe tener muy en cuenta seg\u00fan los casos la baja o alta autonom\u00eda relativa de la subjetividad hist\u00f3rica con sus contradicciones internas, de la cultura y de la lengua, de la tradici\u00f3n, de los valores\u2026, es decir de eso que se denomina \u00abfactor subjetivo\u00bb que se convierte en fuerza material sociopol\u00edtica, que incide objetivamente en la lucha de clases. Muchas de las fricciones y hasta choques entre los diversos fascismos responden adem\u00e1s de a los diferentes intereses socioecon\u00f3micos de sus burgues\u00edas tambi\u00e9n a las divergencias existentes en sus identidades culturales y subjetividades hist\u00f3ricas, que pudieron ser muy duras en el pasado y que siempre dejan marcas en el presente.<\/span><\/p>\n<p style=\"text-align: justify;\"><span style=\"font-size: 14pt; font-family: arial, helvetica, sans-serif;\">16. El anticomunismo, el control estricto o la persecuci\u00f3n del sindicalismo combativo, del feminismo socialista, del internacionalismo obrero y popular, etc., est\u00e1n m\u00e1s o menos activos\u00a0 en el Jap\u00f3n sinto\u00edsta, la India hind\u00fa, el Egipto musulm\u00e1n, la cat\u00f3lica Espa\u00f1a: por un lado, sus enormes diferencias religiosas, culturales y econ\u00f3micas no anulan que, en lo b\u00e1sico del poder del capital, \u00abcoincidan\u00bb con parte de la identidad fascista; pero por otro lado, sus respectivas subjetividades hist\u00f3ricas explican las diferencias en el desarrollo de esas restricciones o represiones. Estos y otros pa\u00edses no son ahora mismo dictaduras nazifascistas, desde luego, pero en su interior existen pr\u00e1cticas represivas t\u00edpicas de ese r\u00e9gimen. Los nazis no tuvieron problemas ideol\u00f3gicos en integrar en su m\u00e1quina de terror a sectores jud\u00edos, hind\u00faes, musulmanes, budistas, sinto\u00edstas, ortodoxos\u2026 que no ten\u00edan nada que ver con la \u00abraza aria\u00bb pero s\u00ed quer\u00edan arrasar la URSS y todo lo que significaba.<\/span><\/p>\n<p style=\"text-align: justify;\"><span style=\"font-size: 14pt; font-family: arial, helvetica, sans-serif;\">17. La URSS ya no existe y por ahora la burgues\u00eda mantiene su poder en las sociedades imperialistas sin recurrir al nazifascismo salvaje porque, entre otras cosas, a\u00fan no aparece por la esquina izquierda del futuro inmediato una oleada prerrevolucionaria. Es cierto que, como hemos dicho en el punto 1\u00ba hay al menos cuatro din\u00e1micas que enturbian cada vez m\u00e1s el ma\u00f1ana incluso comparado 2018 con 2004, pero aun as\u00ed la burgues\u00eda se siente s\u00f3lida en su poder, precisamente porque el auge del neofascismo y del populismo orienta el malestar irracional de sus votantes por la senda del parlamentarismo, del electoralismo.\u00a0 Hitler, Mussolini, Franco\u2026 aniquilaron el electoralismo parlamentarista.<\/span><\/p>\n<p style=\"text-align: justify;\"><span style=\"font-size: 14pt; font-family: arial, helvetica, sans-serif;\">18. Muchas derechas extremas actuales incluso se distancian formal y propagand\u00edsticamente del neofascismo para ganar m\u00e1s votos: saben que la burgues\u00eda controla los medios de alienaci\u00f3n de masas imprescindibles para ganar elecciones decisivas en situaciones no prerrevolucionarias, como la presente, y necesita dar buena imagen. Se habla de \u00abposfascismo\u00bb para referirse a los extremismos derechistas que, a falta de la URSS,\u00a0 vuelcan sus odios contra el Islam, la emigraci\u00f3n, la nueva pobreza y el mestizaje, pero se olvida que este \u00abposfascismo\u00bb es enemigo mortal de la izquierda revolucionaria, del sindicalismo combativo, del feminismo socialista, de la cultura cr\u00edtica y que no combate al capital sino a la izquierda nueva y joven que est\u00e1 form\u00e1ndose.<\/span><\/p>\n<p style=\"text-align: justify;\"><span style=\"font-size: 14pt; font-family: arial, helvetica, sans-serif;\">19. Por ejemplo,\u00a0<strong>Alternativa para Alemania\u00a0<\/strong>tiene ya 297 personas cobrando del Parlamento alem\u00e1n. Una investigaci\u00f3n del \u2018Die Zeit\u2019 ha demostrado la fuerte presencia de nazis en su interior y su arraigo en sectores del ej\u00e9rcito. Pero el partido evita en lo posible dar una imagen que recuerde al nazismo mientras que las cifras de ultraderechistas son las mayores de su historia reciente. Es claro que la dilucidaci\u00f3n de lo que es este partido no se puede hacer aplic\u00e1ndole mec\u00e1nicamente todas las caracter\u00edsticas \u00a0hitlerianas, pero s\u00ed debemos tener en cuenta algunas de ellas en sus formas actuales: el racismo extremo, el anticomunismo, la dictadura irracional del l\u00edder y de la \u00abfigura del Amo\u00bb, los valores reaccionarios de la peque\u00f1a burgues\u00eda, la misoginia y la exaltaci\u00f3n de la \u00abmadre\u00bb, la cultura del cuerpo como autodisciplina obediente, la a\u00f1oranza de un pasado mejor que debe volver\u2026 todo ello buscando la aniquilaci\u00f3n del comunismo porque su fantasma empieza a ulular.<\/span><\/p>\n<p style=\"text-align: justify;\"><span style=\"font-size: 14pt; font-family: arial, helvetica, sans-serif;\">20. La\u00a0<strong>impunidad de la que gozan los franquistas\u00a0<\/strong>con alrededor de 4000 ataques anuales no s\u00f3lo es explicable por el \u00abfranquismo sociol\u00f3gico\u00bb, que tiende a aumentar, sino sobre todo por el arraigo material de las ideas fascistas organizadas dentro del \u00abEstado profundo\u00bb y en muchas instituciones socioecon\u00f3micas y pol\u00edticas, como la Iglesia. El PP maneja perfectamente a estos grupos como un padre al hijo d\u00edscolo. La ayuda de Ciudadanos y la pasividad del PSOE y Podemos, asegura el resto. La \u00abnueva piel\u00bb de algunos grupos les lleva a limitar el uso de emblemas nazis pero les permite reactivar t\u00e1cticas como la \u00abayuda nacional\u00bb negada a los emigrantes que realiza Hogar Social, y otras. Lo mismo ocurre con el Estado franc\u00e9s pero a otra escala por las decisivas lecciones hist\u00f3ricas dejadas por la revoluci\u00f3n burguesa, por la ocupaci\u00f3n nazi y por la victoria del populismo de Macr\u00f3n, que le han obligado al Frente Nacional a denominarse Reagrupaci\u00f3n Nacional, casi id\u00e9ntico al del partido Reagrupaci\u00f3n Nacional Popular colaboracionista con los nazis.<\/span><\/p>\n<p style=\"text-align: justify;\"><span style=\"font-size: 14pt; font-family: arial, helvetica, sans-serif;\">21. El<strong>\u00a0fascismo en Euskal Herria\u00a0<\/strong>responde a la singularidad del marco aut\u00f3nomo vasco de lucha de clases. Hemos recorrido lo universal del fascismo y lo particular de los fascismos, hasta llegar ahora a la singularidad vasca. La lucha de clases es mundial, las liberaciones de los pueblos son singulares, y lo que les conecta mediante la dial\u00e9ctica del conocimiento es el estudio de lo particular. En Euskal Herria lo particular es la base material nazifascista que subsiste en lo profundo del imperialismo franco-espa\u00f1ol, aunque con diferente fuerza en cada uno de sus dos componentes por obvias razones hist\u00f3ricas. El fascismo tuvo cierta implantaci\u00f3n en Euskal Herria entre 1933 y 1945, y luego supo camuflarse h\u00e1bilmente dejando posos que son \u00abreservas de irracionalidad\u00bb movilizables cuando el poder franco-espa\u00f1ol lo estime conveniente.<\/span><\/p>\n<p style=\"text-align: justify;\"><span style=\"font-size: 14pt; font-family: arial, helvetica, sans-serif;\"> 22. Sin entrar en la extrema derecha francesa en Euskal Herria por falta de espacio: recordemos el porcentaje de media\u00a0 de votos lepenistas en Iparralde, en Hegoalde existe un significativo conglomerado imperialista espa\u00f1ol en el que los componentes fascistas \u2013notorios en la derecha en Nafarroa y nunca combatidos por el PSOE de este herrialde- son reactivados por el Estado seg\u00fan sus necesidades como, por ejemplo, la oleada de irracionalidad represiva lanzada por el PP de Aznar entre 1996 y 2004. Pero la socialdemocracia no est\u00e1 libre de culpa en la pervivencia del conglomerado fascista y neofascista. Nunca ha movilizado a sus bases contra \u00e9l, siempre ha ocultado sus cr\u00edmenes, jam\u00e1s ha exigido depuraciones ni castigos por las atrocidades fascistas, durante decenios ha torpedeado y obstruido la verdad hist\u00f3rica y ha dejado que varios miles de asesinados se pudran en las cunetas y campos vascos, por no hablar de su directa responsabilidad en la \u00abguerra sucia\u00bb, en las torturas, etc.,\u00a0<strong>pr\u00e1cticas t\u00edpicas del nazifascismo.<\/strong>\u00a0Peor a\u00fan, se ali\u00f3 con las fuerzas m\u00e1s reaccionarias y neofascistas camufladas en el PP para controlar el gobiernillo vascongado entre 2009 y 2011.<\/span><\/p>\n<p style=\"text-align: justify;\"><span style=\"font-size: 14pt; font-family: arial, helvetica, sans-serif;\">23. La experiencia de la nada sorpresiva reaparici\u00f3n del fascismo activo, que no latente o dormido, en Catalunya desde que esta naci\u00f3n intensific\u00f3 la lucha por su independencia y por otros derechos elementales, confirma lo que estamos analizando. Por ahora, sus ataques son una advertencia de lo que ser\u00e1 capaz de hacer el imperialismo espa\u00f1ol fuera de su misma legalidad, la que ella dicta e impone, si Catalunya insiste en ponerse en pie. Lo que Espa\u00f1a es capaz de hacer en base a su misma legalidad, se est\u00e1 viendo d\u00eda a d\u00eda y desborda los poderes de control del art\u00edculo 155 para avanzar en el ataque a la identidad nacional catalana. Los ataques fascistas advierten de lo que har\u00e1 Espa\u00f1a salt\u00e1ndose su misma legalidad, o sea, recurriendo en caso necesario a la \u00abdial\u00e9ctica de los pu\u00f1os y las pistolas\u00bb como dec\u00eda el fundador de la Falange.<\/span><\/p>\n<p style=\"text-align: justify;\"><span style=\"font-size: 14pt; font-family: arial, helvetica, sans-serif;\">24. Es aqu\u00ed cuando llegamos al problema de las respuestas del reformismo frente a los ataques fascistas. Tras el ejercicio del derecho de autodefensa popular en Bilbo el pasado 22 de marzo, al que nos hemos referido en el punto 3\u00ba. Tanto en 1922 frente al fascismo, como en 1933 frente al nazismo, los socialistas y socialdem\u00f3cratas renunciaron a la lucha popular decidida basada en la amplia movilizaci\u00f3n de la clase obrera y del pueblo trabajador que, sin supeditarse a la peque\u00f1a burgues\u00eda, s\u00ed buscaba integrarla como aliada pero siempre bajo la direcci\u00f3n estrat\u00e9gica del proletariado revolucionario. Una lecci\u00f3n entonces aprendida a golpe y con sangre, y que se reiterar\u00eda despu\u00e9s infinidad de veces, es que la clase trabajadora termina desmoraliz\u00e1ndose cuando sus direcciones le imponen el pacifismo pasivo, manso y gandhiano frente a las agresiones nazifascistas.<\/span><\/p>\n<p style=\"text-align: justify;\"><span style=\"font-size: 14pt; font-family: arial, helvetica, sans-serif;\">25. Grandes manifestaciones de miles de obreros y obreras eran r\u00e1pidamente disueltas a golpes por peque\u00f1os grupos nazifascistas formados militarmente, que generalmente actuaban de acuerdo con la polic\u00eda estatal. Locales, centros sociales, peri\u00f3dicos, bares populares, teatros\u2026 eran asaltados por esas bandas protegidas por el Estado. La fe cr\u00e9dula en el parlamentarismo y en el electoralismo pon\u00eda a la defensiva al pueblo, daba tiempo a la burgues\u00eda y envalentonaba al nazifascismo. Ahora el reformismo dice que 2018 es muy diferente a 1933 y que ya no es necesaria la autodefensa ni la autoorganizaci\u00f3n del pueblo obrero para aplastar los brotes fascistas; pero el reformismo ignora o quiere ocultar que en el capitalismo actual ha exacerbado los medios de alienaci\u00f3n frente a los cuales s\u00f3lo cabe la praxis, y dentro de ella la movilizaci\u00f3n contra todo ataque a las libertades sigue teniendo tanta o m\u00e1s importancia que entonces.<\/span><\/p>\n<p style=\"text-align: justify;\"><span style=\"font-size: 14pt; font-family: arial, helvetica, sans-serif;\">26. El reformismo olvida u oculta las lecciones positivas de la historia: por ejemplo, las izquierdas del Estado espa\u00f1ol aprendieron que la impunidad nazifascista de 1922-1933 hab\u00eda desmoralizado a las clases y naciones oprimidas, facilitando la victoria del capital, por lo que reforzaron su sana costumbre de resistirse al fascismo all\u00ed donde asomara el hocico, lo que les prepar\u00f3 para derrotarlo en su primera arremetida. La experiencia mundial confirma esta lecci\u00f3n positiva, mientras que el reformismo se queda con las negativas: la pasividad del Frente Popular chileno allan\u00f3 la v\u00eda al terror de Pinochet en 1973; el PCE espa\u00f1ol paraliz\u00f3 toda movilizaci\u00f3n \u00a0hacia el socialismo en plena crisis de la dictadura para asegurar la \u00abtransici\u00f3n pac\u00edfica\u00bb a la monarqu\u00eda impuesta por el dictador. Especial impacto desmovilizador tuvo la orden de no respuesta a la matanza de abogados en Atocha en enero de 1977.<\/span><\/p>\n<p style=\"text-align: justify;\"><span style=\"font-size: 14pt; font-family: arial, helvetica, sans-serif;\">27. Pero en el capitalismo actual el problema en realidad es m\u00e1s grave aunque parezca que la \u00absolidez democr\u00e1tica\u00bb conjura el peligro fascista visto s\u00f3lo en su forma m\u00e1s brutal. Otras veces son grupitos con mensajes \u00absuaves\u00bb pero muy reaccionarios como las denominadas \u00abconstelaciones familiares\u00bb, etc. Lo que sucede es que las formas de explotaci\u00f3n contempor\u00e1neas exigen de la virulencia cotidiana de los microfascismos invisibilizados consustanciales a los micropoderes capilares que flexibilizan las redes de dominaci\u00f3n, opresi\u00f3n y explotaci\u00f3n extendi\u00e9ndolas a la totalidad de la vida social. No hace falta decir que el Estado es el centralizador estrat\u00e9gico de estos micropoderes y microfascismos, teledirigi\u00e9ndolos seg\u00fan los intereses del capital pero manteniendo su autonom\u00eda relativa en lo cotidiano e \u00edntimo, en lo falsamente \u00abprivado\u00bb, porque esa relativa autonom\u00eda multiplica su efectividad.<\/span><\/p>\n<p style=\"text-align: justify;\"><span style=\"font-size: 14pt; font-family: arial, helvetica, sans-serif;\">28. Estas disciplinas y microviolencias \u2013algunas de las cuales llegan al asesinato de mujeres, a las violaciones, a las palizas a migrantes, etc.- est\u00e1n m\u00e1s desarrolladas ahora que en 1922-1933 porque ahora son mucho mayores las trabas que obturan la rapidez del proceso entero de realizaci\u00f3n del beneficio capitalista. Es por esto que los microfascismos tienden a coordinarse sin\u00e9rgicamente con creciente facilidad irrumpiendo con brutal violencia en\u00a0 determinados momentos. El futbol es una industria alienadora especialmente efectiva en la canalizaci\u00f3n de las frustraciones y tensiones diarias. Hay otras muchas facetas de la vida social en las que, como sus matices, se activan comportamientos semejantes como la imparable drogadicci\u00f3n legalizada o tolerada, el auge del irracionalismo en una sociedad en la que la ciencia oficial es una simple fuerza productiva asalariada subsumida en el capital constante, y as\u00ed una inacabable lista.<\/span><\/p>\n<p style=\"text-align: justify;\"><span style=\"font-size: 14pt; font-family: arial, helvetica, sans-serif;\">29. La entera estructura psicof\u00edsica del actual sistema parlamentario est\u00e1 ideada para integrar funcionalmente estas tensiones, y para condenar las iniciativas populares cuando \u00e9stas ejercen el derecho de autodefensa. Esto segundo es lo que ha sucedido tras los acontecimientos del 22 de febrero en Bilbo. El reformismo se ha enfrentado de nuevo a \u00a0toda la evidencia que muestra que la movilizaci\u00f3n obrera y popular es el m\u00e9todo decisivo de lucha contra el fascismo y contra los microfascismos, siendo el parlamentarismo de izquierda \u2013cuando se practica- solo un medio de ayuda t\u00e1ctica supeditada a la estrategia de movilizaci\u00f3n de masas, y nunca a la inversa. Las violencias de los micropoderes patriarcales, racistas, empresariales, de poder adulto, etc., y su f\u00e1cil salto casi imperceptible a pr\u00e1cticas microfascistas s\u00f3lo se combaten en su radicalidad mediante las correspondientes movilizaciones de autodefensa colectiva, que es la mejor pedagog\u00eda posible.<\/span><\/p>\n<p style=\"text-align: justify;\"><span style=\"font-size: 14pt; font-family: arial, helvetica, sans-serif;\">30.\u00a0<strong>Uno de los errores del reformismo, y de sus l\u00edmites,\u00a0<\/strong>es que rechaza absolutamente la filosof\u00eda de la praxis, la dial\u00e9ctica entre la teor\u00eda y la pr\u00e1ctica. Tal cerraz\u00f3n le imposibilita enfrentarse a las contradicciones y le precipita en el abismo sin fondo de la legalidad burguesa, haci\u00e9ndole retroceder a los mitos del socialismo ut\u00f3pico seg\u00fan los cuales s\u00f3lo la metaf\u00edsica culturalista \u2013las \u00abneuronas\u00bb- puede emancipar a la humanidad, mientras que la acci\u00f3n entendida machista y biol\u00f3gicamente \u2013la \u00abtestosterona\u00bb (\u00a1sic!)- es inservible. Nos estamos refiriendo a la estricta frase<em><strong>\u00a0\u00abContra el fascismo m\u00e1s neuronas y menos testosterona\u00bb<\/strong><\/em>\u00a0de\u00a0<strong>Iker Casanova<\/strong>, criticada por alguien que firma con el pseud\u00f3nimo de<strong>\u00a0Fermin Borisovna\u00a0<\/strong>\u2013v\u00e9ase:<em>\u00a0Sobre antifascismo, neuronas y testosterona<\/em>\u00a0del 2 de marzo de 2018, disponible en la Red-.<\/span><\/p>\n<p style=\"text-align: justify;\"><span style=\"font-size: 14pt; font-family: arial, helvetica, sans-serif;\"> 31. Quien firma con el pseud\u00f3nimo de F. Borisovna tiene raz\u00f3n en su cr\u00edtica, pero no la lleva a la totalidad de la lucha contra el peligro fascista. Se centra en la lucha contra el fascismo en su forma m\u00e1s descarada pero no se extiende, seguramente por espacio, en la muy necesaria autodefensa p\u00fablica y abierta contra los microfascismos. En realidad no son dos luchas cualitativamente diferentes, sino momentos interrelacionados de una estrategia \u00fanica de autodefensa en la que los niveles m\u00e1s \u00abbajos\u00bb y hasta nimios seg\u00fan la miop\u00eda reformista se entrelazan y coordinan en una sinergia que puede avanzar hacia praxis m\u00e1s amplias y profundas. Desde esta visi\u00f3n procesual, es imposible rechazar las formas m\u00e1s coherentes de autodefensa frente a la violencia fascista sin rechazar a la vez, o al menos sin cuestionar seriamente, otras formas \u00abmenores\u00bb de autodefensa: concentraciones y escraches frente a locales empresariales, escarnio de machistas y racistas, parodias contra obispos reaccionarios, pintadas en bancos que desahucian, etc.<\/span><\/p>\n<p style=\"text-align: justify;\"><span style=\"font-size: 14pt; font-family: arial, helvetica, sans-serif;\">32. En los \u00faltimos d\u00edas hemos gozado en Euskal Herria de confluencias varias \u2013feminismo, pensiones, universidad, marxismo, sindicatos, amnist\u00eda y derechos humanos, euskara\u2026- que al margen ahora de otras consideraciones, se entienden desde la tendencia a la coordinaci\u00f3n de las luchas y desde la visi\u00f3n te\u00f3rico-pol\u00edtica del papel central que tiene el movimiento obrero y popular en el ejercicio de su derecho a la autodefensa. S\u00f3lo cinco fechas: En 1936-1937 el nazifascismo bombarde\u00f3 poblaciones vascas; en 1975 el fascismo fusil\u00f3 a militantes vascos y espa\u00f1oles; en 1981 el fascismo asesin\u00f3 por tortura en Madrid un militante vasco, en 2014 el FMI se pase\u00f3 por Bilbo, y lo mismo hicieron los fascistas rusos en 2018. En los tres casos, el pueblo se defendi\u00f3 como pudo. De la misma forma en que la categor\u00eda de lo universal, lo particular y lo singular nos sirve para comprender el fascismo, los neofascismos y otras formas de su brutalidad \u00a0destinadas a liquidar el movimiento revolucionario, tambi\u00e9n nos explica qu\u00e9 une la autodefensa vasca ante esas cinco agresiones, y ante todas.<\/span><\/p>\n<p style=\"text-align: justify;\"><span style=\"font-size: 14pt; font-family: arial, helvetica, sans-serif;\">33. En las\u00a0<strong>naciones oprimidas<\/strong>\u00a0la presencia del fascismo es m\u00e1s polifac\u00e9tica y m\u00faltiple en sus diversas formas e intensidades que la que sufren los pueblos no oprimidos nacionalmente por la simple raz\u00f3n de que la resistencia de los primeros obliga al Estado a intervenir m\u00e1s descaradamente, y obliga tambi\u00e9n a la burgues\u00eda colaboracionista a ayudar al Estado. As\u00ed, en las naciones oprimidas suele ser m\u00e1s d\u00e9bil la ficci\u00f3n democr\u00e1tica y m\u00e1s visibles las formas de dominaci\u00f3n. En este contexto, esos fascismos varios pero centralizados por el Estado se ocultan y hasta \u00abdesaparecen\u00bb bajo los debate bizantinos sobre el populismo, la democracia, la acci\u00f3n pac\u00edfica, etc. Se crea una densa niebla ideol\u00f3gica que impide ver las contradicciones, orientando la ceguera reformista hacia nebulosas como ciudadan\u00eda, parlamento, transversalidad, consenso de la sociedad civil,\u00a0 agentes pol\u00edticos y sociales, el 1% frente al 99%&#8230; Pero el Estado nunca duerme.<\/span><\/p>\n<p style=\"text-align: right;\"><span style=\"font-size: 14pt; font-family: 'times new roman', times, serif;\">I\u00d1AKI\u00a0\u00a0 GIL DE SAN VICENTE<\/span><\/p>\n<p style=\"text-align: right;\"><span style=\"font-size: 14pt; font-family: arial, helvetica, sans-serif;\"><span style=\"font-family: 'times new roman', times, serif;\">EUSKAL HERRIA 1 de abril de 201<\/span>8<\/span><\/p>\n<p style=\"text-align: center;\">***<\/p>\n<p style=\"text-align: justify;\"><span style=\"font-size: 12pt;\"><em><span style=\"font-family: arial, helvetica, sans-serif;\"><strong>Nota:<\/strong>\u00a0texto base para el debate sobre fascismo a celebrar en Errekaleor el pr\u00f3ximo 6 de abril de 2018. Esta ponencia actualiza entre otras la realizada el 4 de abril de 2004 con el t\u00edtulo de Contra el Neofascismo y tambi\u00e9n el peque\u00f1o texto del 27 de noviembre de 2014 Introducci\u00f3n a la &#8216;Psicolog\u00eda de masas del fascismo&#8217; de W. Reich. Ambos est\u00e1n a libre disposici\u00f3n en la Red. Recomiendo su lectura cr\u00edtica para profundizar en el debate de esta ponencia.<\/span><\/em><\/span><\/p>\n<p><a href=\"https:\/\/puntocritico.com\/ausajpuntocritico\/wp-content\/uploads\/2018\/03\/Mosca_Punto_Cr\u00edtico_40.png\" rel=\"lightbox[10544]\"><img loading=\"lazy\" decoding=\"async\" class=\"aligncenter wp-image-9528\" src=\"https:\/\/puntocritico.com\/ausajpuntocritico\/wp-content\/uploads\/2018\/03\/Mosca_Punto_Cr\u00edtico_40.png\" alt=\"\" width=\"40\" height=\"40\" \/><\/a><\/p>\n<h1>\u00a0<\/h1>\n<h1 style=\"text-align: center;\"><a id=\"ref12\"><\/a><a href=\"#ref12a\">[13]<\/a> EDITORIAL: CATALU\u00d1A, UN FIN DE SEMANA HIST\u00d3RICO Y DE CONSECUENCIAS IRREVERSIBLES<\/h1>\n<p><span style=\"font-size: 14pt;\">Por EDITORIAL<\/span><\/p>\n<div><span style=\"color: #339966;\">Art\u00edculo publicado el 25 de marzo de 2018 en<\/span><\/div>\n<div><span style=\"color: #339966;\"><a style=\"color: #339966;\" href=\"http:\/\/canarias-semanal.org\/not\/22438\/editorial-cataluna-un-fin-de-semana-historico-y-de-consecuencias-irreversibles\/\" target=\"_blank\" rel=\"noopener\">http:\/\/canarias-semanal.org\/not\/22438\/editorial-cataluna-un-fin-de-semana-historico-y-de-consecuencias-irreversibles\/<\/a><\/span><\/div>\n<div>\u00a0<\/div>\n<p><a href=\"https:\/\/puntocritico.com\/ausajpuntocritico\/wp-content\/uploads\/2018\/04\/img_53387.jpg\" rel=\"lightbox[10544]\"><img loading=\"lazy\" decoding=\"async\" class=\"aligncenter size-full wp-image-10671\" src=\"https:\/\/puntocritico.com\/ausajpuntocritico\/wp-content\/uploads\/2018\/04\/img_53387.jpg\" alt=\"\" width=\"670\" height=\"253\" srcset=\"https:\/\/puntocritico.com\/ausajpuntocritico\/wp-content\/uploads\/2018\/04\/img_53387.jpg 670w, https:\/\/puntocritico.com\/ausajpuntocritico\/wp-content\/uploads\/2018\/04\/img_53387-300x113.jpg 300w\" sizes=\"auto, (max-width: 670px) 100vw, 670px\" \/><\/a><\/p>\n<blockquote>\n<h3 style=\"text-align: justify;\"><span style=\"font-family: arial, helvetica, sans-serif; color: #008000;\">Madrid se ha comportado como lo ha hecho a lo largo de siglos: utilizando la \u00abejemplarizaci\u00f3n\u00bb de la venganza y la c\u00e1rcel contra los rebeldes.<\/span><\/h3>\n<\/blockquote>\n<p style=\"text-align: justify;\"><span style=\"font-size: 14pt; font-family: arial, helvetica, sans-serif;\">En el curso de los \u00faltimos d\u00edas<strong>\u00a0Catalu\u00f1a<\/strong>\u00a0ha estado viviendo, posiblemente, sus horas m\u00e1s duras desde el final de la pasada guerra civil.<\/span><\/p>\n<p style=\"text-align: justify;\"><span style=\"font-size: 14pt; font-family: arial, helvetica, sans-serif;\">El ingreso en prisi\u00f3n de los consellers cesados por la aplicaci\u00f3n del art\u00edculo<strong>155<\/strong>,<strong>\u00a0Forcadell, Turull, Bassa, Romeva y Rull\u00a0<\/strong>el pasado fin de semana, as\u00ed como la implacable detenci\u00f3n en Alemania de\u00a0<strong>Carles Puigdemont<\/strong>, pone de relieve que el ejecutivo ultraconservador espa\u00f1ol, encabezado por\u00a0<strong>Mariano Rajoy<\/strong>, tiene el prop\u00f3sito de castigar duramente\u00a0 a aquellos que han osado cuestionar<strong>\u00a0la\u00a0<em>sagrada unidad\u00a0<\/em>del Estado.<\/strong><\/span><\/p>\n<p style=\"text-align: justify;\"><span style=\"font-size: 14pt; font-family: arial, helvetica, sans-serif;\">Bastar\u00eda con conocer algunas secuencias de la historia de<strong>\u00a0Catalunya\u00a0<\/strong>a lo largo de los dos o tres \u00faltimos siglos para apercibirse de lo implacable que puede ser el\u00a0<strong>centralismo espa\u00f1olista<\/strong>\u00a0en relaci\u00f3n con cualquier tentativa cism\u00e1tica.<\/span><\/p>\n<p style=\"text-align: justify;\"><span style=\"font-size: 14pt; font-family: arial, helvetica, sans-serif;\">El poder central &#8211; arrogante, pero tambi\u00e9n inmensamente torpe &#8211; ha estado batallando encarnizadamente durante dos largos siglos en m\u00faltiples frentes continentales\u00a0 en contra de un<em>\u00a0tsunami<\/em>\u00a0segregador que termin\u00f3\u00a0 cuarteando un imperio cuyas estructuras correspond\u00edan m\u00e1s al medievo que a los siglos XIX\u00a0 y XX. Mientras las grandes potencias\u00a0 capitalistas europeas trataban de encontrar f\u00f3rmulas de asociaci\u00f3n novedosas que les permitieran\u00a0 seguir\u00a0 explotando a sus antiguas\u00a0 colonias,\u00a0<strong>Madrid<\/strong>\u00a0se empe\u00f1aba, empecinado, en continuar defendiendo su\u00a0<em>destino en lo universal<\/em>\u00a0desafiando a los ritmos\u00a0 de la Historia. Tanto ayer como hoy ese prop\u00f3sito\u00a0<em><strong>\u00abejemplarizador\u00bb\u00a0<\/strong><\/em>ha continuado siendo una constante en nuestro omn\u00edmodo poder\u00a0 central. Se trata de un fen\u00f3meno que se da tanto en el Estado como aparato, como en los hombres que lo han encarnado:<strong>\u00a0la ausencia de inteligencia encuentra en la represi\u00f3n su m\u00e1s seguro aliado<\/strong>. Lamentablemente, los espa\u00f1oles han tenido la desgracia de heredar tanto a uno como a los otros.<\/span><\/p>\n<p style=\"text-align: justify;\"><span style=\"font-size: 14pt; font-family: arial, helvetica, sans-serif;\">Pero, posiblemente, el prop\u00f3sito\u00a0<strong><em>ejemplarizante<\/em><\/strong>\u00a0no est\u00e9 exclusivamente dirigido contra la\u00a0<strong>rebeld\u00eda catalana<\/strong>. Todo indica que lo que se pretende hoy es que la\u00a0<strong><em>\u201clecci\u00f3n\u201d\u00a0<\/em><\/strong>sea aprendida por todos aquellos sectores sociales que, de unos a\u00f1os a esta parte, han comenzado a dejar patente su rechazo a las inaguantables presiones econ\u00f3micas que desde el Estado se ejercen contra\u00a0 la mayor parte de los\u00a0 asalariados, los pensionistas,\u00a0 las mujeres y\u00a0 los j\u00f3venes; y\u00a0 tambi\u00e9n por las nuevas generaciones que, una vez descubierto el escandaloso\u00a0 fraude de la llamada\u00a0<strong><em>\u201ctransici\u00f3n\u201d,<\/em><\/strong>\u00a0han empezado a cuestionar la forma\u00a0 mon\u00e1rquica del Estado espa\u00f1ol, impuesta\u00a0<strong>por la fuerza\u00a0<\/strong>por la dictadura precedente.<\/span><\/p>\n<p style=\"text-align: justify;\"><span style=\"font-size: 14pt; font-family: arial, helvetica, sans-serif;\">Es cierto que la\u00a0 ofensiva emprendida por el gobierno de\u00a0<strong>Rajoy<\/strong>, con el aval del\u00a0 monarca, ha sido posible gracias al grave retroceso experimentado en las movilizaciones sociales que se hab\u00edan venido produciendo en el\u00a0<strong>\u00a0\u00faltimo quinquenio.<\/strong>\u00a0La seguridad\u00a0 que exhibe el gobierno de\u00a0<strong>Madrid frente a Catalu\u00f1a\u00a0<\/strong>\u00a0se produce porque\u00a0 una vez\u00a0 que las clases sociales, los partidos y los sindicatos art\u00edfices del\u00a0<strong>R\u00e9gimen del 78\u00a0<\/strong>se recuperaron del\u00a0 desconcierto inicial por la catarsis que estas movilizaciones les hab\u00edan provocado,\u00a0 han procedido a\u00a0 su reagrupamiento\u00a0 con la intenci\u00f3n de\u00a0<strong>reafirmar &#8211;\u00a0<\/strong>previos retoques<strong>\u00a0&#8211;\u00a0 la continuidad del r\u00e9gimen mon\u00e1rquico<\/strong>\u00a0que\u00a0 ellos mismos contribuyeron a instalar.<\/span><\/p>\n<p style=\"text-align: justify;\"><span style=\"font-size: 14pt; font-family: arial, helvetica, sans-serif;\">Hay que decir que tampoco es ajena a la recuperaci\u00f3n de la iniciativa por parte\u00a0 del poder central,\u00a0 la frustraci\u00f3n sentida por amplios sectores sociales que hab\u00edan cifrado sus\u00a0 esperanzas en el acceso a las instituciones\u00a0 de organizaciones que se presentaban\u00a0 a s\u00ed mismas como\u00a0\u00a0<strong><em>\u00a0\u00abrenovadoras\u201d<\/em>\u00a0<\/strong>y<strong><em>\u00a0\u201crupturistas\u201d<\/em><\/strong>, cuando comprobaron que \u00e9stas fueron progresivamente entrando en<strong><em>\u00a0\u00abdique seco\u00bb<\/em><\/strong>\u00a0y reproduciendo los mismos vicios, tics y conductas de los viejos partidos, sin que ello\u00a0 sirviera para modificar los males sociales que denunciaban.<\/span><\/p>\n<p style=\"text-align: justify;\"><span style=\"font-size: 14pt; font-family: arial, helvetica, sans-serif;\">Es en el marco de esa<strong><em>\u00a0\u00abdebacle\u00bb<\/em><\/strong>\u00a0 de la movilizaci\u00f3n social\u00a0 donde la ofensiva espa\u00f1olista encuentra su fuerza y sus herramientas ideol\u00f3gicas. Como ha sucedido otras veces en el pasado, a esa\u00a0 ofensiva se unieron los sectores pol\u00edticamente m\u00e1s atrasados de la sociedad espa\u00f1ola que, despu\u00e9s de 40 a\u00f1os de apoliticismo electoralista, son muchos, variados y con diversa\u00a0 composicion\u00a0 de clase. El hist\u00f3rico\u00a0<strong><em>\u00ab\u00a1vivan las caenas!\u00bb<\/em><\/strong>, clamado por sectores populares al retorno de\u00a0<strong>Fernando VII<\/strong>, rebrot\u00f3 por instantes durante los momentos m\u00e1s tensos del proceso pol\u00edtico catal\u00e1n.<\/span><\/p>\n<p style=\"text-align: justify;\"><span style=\"font-size: 14pt; font-family: arial, helvetica, sans-serif;\">Podemos\u00a0 tener la enga\u00f1osa sensaci\u00f3n de que esas circunstancias han variado ligeramente a d\u00eda de hoy. Las grandes movilizaciones que se han producido en las \u00faltimas semanas podr\u00edan\u00a0 inducirnos a pensar que son un enlace con aquellas otras que tuvieron lugar\u00a0 en el \u00faltimo quinquenio. Pero sea o no as\u00ed, a \u00e9stas, como a aquellas,\u00a0 les sigue faltando un componente esencial:\u00a0<strong>la organizaci\u00f3n social y pol\u00edtica.<\/strong>\u00a0\u00a0 De ellas contin\u00faa estando\u00a0 igualmente ausente la conciencia\u00a0 de que el objetivo\u00a0 de dicha organizaci\u00f3n no puede consistir en utilizarlas para ganar unas pr\u00f3ximas elecciones. Tener ese prop\u00f3sito no va a\u00a0 servir para cambiar la correlaci\u00f3n de clases en este pa\u00eds. Todo lo contrario. En las condiciones actuales, ese vac\u00edo\u00a0 juega en contra de cualquier tipo de cambio real. Aunque\u00a0 hoy resulte duro hacerlo comprender, el objetivo fundamental\u00a0 debe consistir en\u00a0<strong>\u00a0organizar\u00a0<\/strong>a la sociedad, o a una parte de ella, con el horizonte de un proyecto pol\u00edtico para su transformaci\u00f3n radical.\u00a0 Y es que la historia ha demostrado, reiteradamente, que mientras\u00a0 no se den esos requisitos, a medio o a corto plazo, la batalla estar\u00e1 inexorablemente perdida. Por una simple raz\u00f3n: porque<strong>\u00a0el enemigo<\/strong>\u00a0&#8211; subrayamos,<strong>\u00a0el enemigo\u00a0<\/strong>&#8211; s\u00ed est\u00e1 organizado, bien organizado.\u00a0 Y lo sucedido en el\u00a0<strong>proceso pol\u00edtico catal\u00e1n<\/strong>\u00a0es una\u00a0 avasalladora evidencia.<\/span><\/p>\n<p style=\"text-align: justify;\"><span style=\"font-size: 14pt; font-family: arial, helvetica, sans-serif;\">En cualquier caso,\u00a0 lo acaecido este fin de semana en\u00a0<strong>Catalunya<\/strong>\u00a0convierte la complejidad de\u00a0 la situaci\u00f3n\u00a0 pol\u00edtica en ese territorio en un hecho irreversible. Suceda lo que suceda,\u00a0<em>\u00abgane\u00bb<\/em>\u00a0quien gane, o<em>\u00a0\u00abpierda\u00bb<\/em>\u00a0quien pierda, hay que empezar a entender que ya nada podr\u00e1 ser igual que antes. Cuando los pueblos son sometidos de forma tan inicua y arrogante, la memoria en ellos persiste por encima del transcurso del tiempo. Para el\u00a0<strong>Poder Central<\/strong>\u00a0eso deberia ser una obviedad. La Historia de Espa\u00f1a\u00a0 esta jalonada de\u00a0<em>\u00abvictorias\u00bb<\/em>\u00a0sobre la voluntad de los pueblos que luego terminar\u00edan convirti\u00e9ndose en sonoras derrotas.\u00a0 Esa es una de las razones por las que ya no habr\u00e1 sosiego. Ni aqu\u00ed, ni all\u00ed.\u00a0<\/span><\/p>\n<p style=\"text-align: justify;\"><a href=\"https:\/\/puntocritico.com\/ausajpuntocritico\/wp-content\/uploads\/2018\/03\/Mosca_Punto_Cr\u00edtico_40.png\" rel=\"lightbox[10544]\"><img loading=\"lazy\" decoding=\"async\" class=\"aligncenter wp-image-9528\" src=\"https:\/\/puntocritico.com\/ausajpuntocritico\/wp-content\/uploads\/2018\/03\/Mosca_Punto_Cr\u00edtico_40.png\" alt=\"\" width=\"40\" height=\"40\" \/><\/a><\/p>\n<h1 class=\"pg-headline\" style=\"text-align: center;\"><a id=\"ref13\"><\/a><a href=\"#ref13a\">[14]<\/a> El informe de la Fiscal\u00eda descarta la teor\u00eda de las tramas y del terrorismo incendiario que alent\u00f3 la Xunta<\/h1>\n<p><span style=\"font-size: 14pt;\">Por\u00a0Miguel Pardo\u00a0<\/span><\/p>\n<div><span style=\"color: #339966;\">Art\u00edculo publicado el 2 de abril de 2018 en\u00a0<\/span><\/div>\n<div><a href=\"https:\/\/www.eldiario.es\/galicia\/politica\/Fiscalia-descarta-terrorismo-incendiario-Xunta_0_756624997.html\" target=\"_blank\" rel=\"noopener\"><span style=\"color: #339966;\">https:\/\/www.eldiario.es\/galicia\/politica\/Fiscalia-descarta-terrorismo-incendiario-Xunta_0_756624997.html<\/span><\/a><\/div>\n<p>&nbsp;<\/p>\n<figure id=\"attachment_10672\" aria-describedby=\"caption-attachment-10672\" style=\"width: 643px\" class=\"wp-caption aligncenter\"><a href=\"https:\/\/puntocritico.com\/ausajpuntocritico\/wp-content\/uploads\/2018\/04\/incendios-declarados-Xures-arrasan-hectareas_EDIIMA20171011_0669_19.jpg\" rel=\"lightbox[10544]\"><img loading=\"lazy\" decoding=\"async\" class=\"wp-image-10672 size-full\" src=\"https:\/\/puntocritico.com\/ausajpuntocritico\/wp-content\/uploads\/2018\/04\/incendios-declarados-Xures-arrasan-hectareas_EDIIMA20171011_0669_19.jpg\" alt=\"\" width=\"643\" height=\"362\" srcset=\"https:\/\/puntocritico.com\/ausajpuntocritico\/wp-content\/uploads\/2018\/04\/incendios-declarados-Xures-arrasan-hectareas_EDIIMA20171011_0669_19.jpg 643w, https:\/\/puntocritico.com\/ausajpuntocritico\/wp-content\/uploads\/2018\/04\/incendios-declarados-Xures-arrasan-hectareas_EDIIMA20171011_0669_19-300x169.jpg 300w\" sizes=\"auto, (max-width: 643px) 100vw, 643px\" \/><\/a><figcaption id=\"caption-attachment-10672\" class=\"wp-caption-text\"><strong><span style=\"font-size: 10pt; color: #339966;\">Incendio en el parque do Xur\u00e9s EFE<\/span><\/strong><\/figcaption><\/figure>\n<blockquote>\n<p class=\"mce\" style=\"text-align: justify;\"><span style=\"color: #008000;\"><strong><span style=\"font-size: 14pt; font-family: arial, helvetica, sans-serif;\">\u00abLas diligencias de investigaci\u00f3n concluyen que no se puede acreditar una planificaci\u00f3n criminal organizada\u00bb, advierte el documento presentado por el fiscal superior de Galicia<\/span><\/strong><\/span><\/p>\n<\/blockquote>\n<p class=\"mce\" style=\"text-align: justify;\"><span style=\"font-size: 14pt; font-family: arial, helvetica, sans-serif;\">Ni trama incendiaria, ni grupo terrorista, ni organizaci\u00f3n delictiva alguna. La intensa ola de incendios que en pocos d\u00edas quem\u00f3 en Galicia 50.000 hect\u00e1reas y acab\u00f3 con la vida de cuatro personas el pasado octubre no fue provocada por \u00abtramas organizadas\u00bb, como advirti\u00f3 Rajoy como \u00abposible explicaci\u00f3n\u00bb, ni por una \u00abactividad delitiva incendiaria para alterar la paz social\u00bb, como asegur\u00f3 el presidente de la Xunta, Alberto N\u00fa\u00f1ez Feij\u00f3o. As\u00ed lo\u00a0ha reiterado este lunes el fiscal superior de Galicia, Fernando Suanzes, que ha presentado el informe que la Fiscal\u00eda realiz\u00f3 sobre aquel tr\u00e1gico fin de semana de oto\u00f1o y que incide en descartar cualquier ataque organizado a los montes del pa\u00eds. A pesar de que el informe fue elaborado fundamentalmente por el fiscal de Medio Ambiente, \u00c1lvaro Garc\u00eda Ortiz, fue finalmente el m\u00e1ximo dirigente del Ministerio Fiscal en la comunidad\u00a0el encargado de presentarlo.<\/span><\/p>\n<p class=\"mce\" style=\"text-align: justify;\"><span style=\"font-size: 14pt; font-family: arial, helvetica, sans-serif;\">El lunes siguiente a la tragedia, Feij\u00f3o ley\u00f3 ante la prensa una declaraci\u00f3n institucional centrada en condenar el \u00abataque\u00bb del \u00abterrorismo incendiario\u00bb, la misma que se insertar\u00eda despu\u00e9s como publicidad en una docena de peri\u00f3dicos impresos -ocho editados en Galicia y cuatro, en Madrid-\u00a0despu\u00e9s del pago de 77.000 euros p\u00fablicos, tal y como adelant\u00f3 Praza.gal. Lleg\u00f3 a decir que \u00abse quemaron parques naturales concertadamente que se encontraban a 300 kil\u00f3metros de distancia\u00bb. Pero no hubo nada concertado, ni grupo organizado\u00a0alguno.<\/span><\/p>\n<p class=\"mce\" style=\"text-align: justify;\"><span style=\"font-size: 14pt; font-family: arial, helvetica, sans-serif;\">Tan s\u00f3lo dos horas antes de la intervenci\u00f3n de Suanzes en la comisi\u00f3n parlamentaria para el estudio y an\u00e1lisis de la pol\u00edtica forestal y de los incendios, los grupos pol\u00edticos recibieron el decreto de\u00a0archivo de las diligencias de investigaci\u00f3n penitenciaria de la Fiscal\u00eda, as\u00ed como un resumen del informe. El texto es claro: \u00abLas diligencias de investigaci\u00f3n concluyen que no se puede acreditar una planificaci\u00f3n criminal organizada\u00bb.<\/span><\/p>\n<p class=\"mce\" style=\"text-align: justify;\"><span style=\"font-size: 14pt; font-family: arial, helvetica, sans-serif;\">\u00abNo se pudo determinar que los numerosos incendios ocurridos en la semana del 8 al 15 de octubre de 2017 obedezcan a una iniciativa criminal compleja de grupos de personas u organizaciones que act\u00faen de forma coordinada o planificada y que persigan objetivos supraindividuales\u00bb,\u00a0ha resumido\u00a0Suanzes al abordar las conclusiones del informe sobre esos 352 incendios que en pocos d\u00edas quemaron casi 50.000 hect\u00e1reas.<\/span><\/p>\n<p class=\"mce\" style=\"text-align: justify;\"><span style=\"font-size: 14pt; font-family: arial, helvetica, sans-serif;\">Incluso ha ido\u00a0m\u00e1s all\u00e1, al aclarar,\u00a0tras ser preguntado por el uso del\u00a0t\u00e9rmino \u00abterrorismo\u00bb por parte del Gobierno gallego o espa\u00f1ol para atribuir las causas de los incendios, que entiende que \u00abcuando un ciudadano o pol\u00edtico lo usa lo hace desde un punto de vista vulgar\u00bb. \u00abDesde un punto de vista estrictamente jur\u00eddico, obviamente esto no es terrorismo porque eso requiere determinadas finalidades: subvertir el orden constitucional, alterar gravemente la paz p\u00fablica o provocar estado de terror en la poblaci\u00f3n; y eso no fue as\u00ed\u00bb, ha explicado.<\/span><\/p>\n<p class=\"mce\" style=\"text-align: justify;\"><span style=\"font-size: 14pt; font-family: arial, helvetica, sans-serif;\">Seg\u00fan aclara Suanzes, \u00abno se constataron nuevas tipolog\u00edas, en cuanto a los artefactos incendiarios\u00bb. De igual manera, se verific\u00f3 una vez m\u00e1s que \u00ablos tres elementos que pueblan el imaginario de la causa de los incendios: la madera, el urbanismo, y la econom\u00eda del fuego, no fueron detectados, y quedan descartados como ya destacaba el informe de 2007 y actualizaciones posteriores\u00bb.<\/span><\/p>\n<h3 style=\"text-align: justify;\"><span style=\"font-size: 14pt; font-family: arial, helvetica, sans-serif;\">\u00abInformaciones no contrastadas, rumores\u00a0y alarma\u00bb<\/span><\/h3>\n<p class=\"mce\" style=\"text-align: justify;\"><span style=\"font-size: 14pt; font-family: arial, helvetica, sans-serif;\">Por tanto, insiste, como en la investigaci\u00f3n llevada a cabo hace m\u00e1s de una d\u00e9cada, que no hay evidencia, ni prueba alguna de que haya ning\u00fan tipo de trama organizada para prenderle fuego a Galicia, tal y como ya hab\u00edan advertido los atestados policiales o numerosos expertos. Adem\u00e1s,\u00a0ha recordado que \u00abse generaron informaciones no contrastadas, rumores y malentendidos\u00bb propagados \u00abcon la ayuda de las redes\u00bb y que provocaron \u00abalarma\u00a0e incluso p\u00e1nico\u00bb cuando, en realidad, la extensi\u00f3n del fuego en entornos como\u00a0el de Vigo se deb\u00eda \u00abal viento que\u00a0expand\u00eda part\u00edculas incendiarias\u00bb. De hecho, el informe detalla que los datos hacen prever que los fuegos que afectaron el \u00e1rea viguesa tienen su origen en dos \u00fanicos focos: el iniciado en la parroquia de Morgad\u00e1ns, en Gondomar, y otro en la parroquia de Parada, en Nigr\u00e1n.<\/span><\/p>\n<p class=\"mce\" style=\"text-align: justify;\"><span style=\"font-size: 14pt; font-family: arial, helvetica, sans-serif;\">Suanzes incluso advierte de que de todas las llamadas y entrevistas posteriores a personas que informaban de la posibilidad de gente provocando incendios, en ninguna\u00a0\u00ablos informantes vieron persona alguna prendiendo fuego\u00bb.<\/span><\/p>\n<p class=\"mce\" style=\"text-align: justify;\"><span style=\"font-size: 14pt; font-family: arial, helvetica, sans-serif;\">Lo\u00a0que s\u00ed acredita la Fiscal\u00eda es \u00abel alt\u00edsimo porcentaje de intencionalidad de los incendios investigados\u00bb,\u00a0aunque \u00abno es posible llegar a una cifra indubitada y conforme a todos los operadores involucrados, habida cuenta la diversidad de metodolog\u00eda y conclusiones\u00bb. El an\u00e1lisis de los incendios con mayor afectaci\u00f3n, superior a 500 hect\u00e1reas, revela que su intencionalidad es dominante en\u00a0m\u00e1s de un 61%. Entre ellos est\u00e1n los siniestros en los que se produjo la p\u00e9rdida de vidas humanas, que est\u00e1n siendo objeto de una especial y minuciosa investigaci\u00f3n. El informe realizado por la Polic\u00eda Auton\u00f3mica, que refiere a an\u00e1lisis pormenorizado de un total de 97 incendios en la demarcaci\u00f3n asignada, determina una intencionalidad pr\u00f3xima al 70%. Por su parte la Guardia Civil informa de 280 fuegos catalogados de intencionales sobre el total de 352, es decir un 79,5%. Por \u00faltimo, la Conseller\u00eda de Medio Rural eleva la intencionalidad hasta el 87,7%.<\/span><\/p>\n<p class=\"mce\" style=\"text-align: justify;\"><span style=\"font-size: 14pt; font-family: arial, helvetica, sans-serif;\">Adem\u00e1s, Suanzes advierte de que las causas de esa intencionalidad eran, mayoritariamente, por la quema de matorral para usos agr\u00edcolas o comportamientos\u00a0pr\u00f3ximos a la piroman\u00eda, adem\u00e1s de por conflictos vecinales o relacionados con la caza. Al mismo tiempo, insiste en que las \u00abcondiciones clim\u00e1ticas extraordinarias\u00bb ayudaron a propagar y avivar los incendios, cada vez m\u00e1s graves por las \u00abnuevas condiciones climatol\u00f3gicas\u00bb.<\/span><\/p>\n<p class=\"mce\" style=\"text-align: justify;\"><span style=\"font-size: 14pt; font-family: arial, helvetica, sans-serif;\">En el informe se destaca que de los 18 incendios especialmente estudiados, por su extensi\u00f3n, once fueron \u00abmuy probablemente\u00bb intencionados, mientras que los siete restantes fueron \u00abreproducciones o extensi\u00f3n de otros incendios\u00bb debidas al traslado de chispas y peque\u00f1as llamas e incluso a la \u00abpropagaci\u00f3n de los focos acontecidos en Portugal\u00bb, como en el caso de los de\u00a0As Neves o Salvaterra.<\/span><\/p>\n<p><a href=\"https:\/\/puntocritico.com\/ausajpuntocritico\/wp-content\/uploads\/2018\/03\/Mosca_Punto_Cr\u00edtico_40.png\" rel=\"lightbox[10544]\"><img loading=\"lazy\" decoding=\"async\" class=\"aligncenter wp-image-9528\" src=\"https:\/\/puntocritico.com\/ausajpuntocritico\/wp-content\/uploads\/2018\/03\/Mosca_Punto_Cr\u00edtico_40.png\" alt=\"\" width=\"40\" height=\"40\" \/><\/a><\/p>\n<h1 class=\"pg-headline\" style=\"text-align: center;\"><a id=\"ref14\"><\/a><a href=\"#ref14a\">[15]<\/a> El Gobierno sacar\u00e1 este a\u00f1o otros 3.826 millones de euros de la &#8216;hucha&#8217; de las pensiones<\/h1>\n<p><span style=\"font-size: 14pt;\">Por \u00abEldiario.es\u00bb<\/span><\/p>\n<div><span style=\"color: #339966;\">Art\u00edculo publicado el 2 de abril en de 2018 en<\/span><\/div>\n<div><span style=\"color: #339966;\"><a style=\"color: #339966;\" href=\"https:\/\/www.eldiario.es\/economia\/Gobierno-sacara-millones-euros-pensiones_0_756974608.html\" target=\"_blank\" rel=\"noopener\">https:\/\/www.eldiario.es\/economia\/Gobierno-sacara-millones-euros-pensiones_0_756974608.html<\/a><\/span><\/div>\n<div>\u00a0<\/div>\n<div>\u00a0<\/div>\n<figure id=\"attachment_10673\" aria-describedby=\"caption-attachment-10673\" style=\"width: 643px\" class=\"wp-caption aligncenter\"><a href=\"https:\/\/puntocritico.com\/ausajpuntocritico\/wp-content\/uploads\/2018\/04\/Banez-pensiones-actuales-Rajoy-colectivo_EDIIMA20180321_0483_19.jpg\" rel=\"lightbox[10544]\"><img loading=\"lazy\" decoding=\"async\" class=\"wp-image-10673 size-full\" src=\"https:\/\/puntocritico.com\/ausajpuntocritico\/wp-content\/uploads\/2018\/04\/Banez-pensiones-actuales-Rajoy-colectivo_EDIIMA20180321_0483_19.jpg\" alt=\"\" width=\"643\" height=\"373\" srcset=\"https:\/\/puntocritico.com\/ausajpuntocritico\/wp-content\/uploads\/2018\/04\/Banez-pensiones-actuales-Rajoy-colectivo_EDIIMA20180321_0483_19.jpg 643w, https:\/\/puntocritico.com\/ausajpuntocritico\/wp-content\/uploads\/2018\/04\/Banez-pensiones-actuales-Rajoy-colectivo_EDIIMA20180321_0483_19-300x174.jpg 300w\" sizes=\"auto, (max-width: 643px) 100vw, 643px\" \/><\/a><figcaption id=\"caption-attachment-10673\" class=\"wp-caption-text\"><span style=\"font-size: 10pt; color: #339966;\"><strong>La ministra de Empleo, F\u00e1tima B\u00e1\u00f1ez.<\/strong><\/span><\/figcaption><\/figure>\n<blockquote>\n<p style=\"text-align: justify;\"><strong><span style=\"font-size: 14pt; font-family: arial, helvetica, sans-serif; color: #008000;\">Los Presupuestos para 2018 contemplan que la Seguridad Social acudir\u00e1 de nuevo al Fondo de Reserva, con 8.095 millones de euros en la actualidad<\/span><\/strong><\/p>\n<p style=\"text-align: justify;\"><strong><span style=\"font-size: 14pt; font-family: arial, helvetica, sans-serif; color: #008000;\">Adem\u00e1s, el Estado prestar\u00e1 este a\u00f1o a la Seguridad Social 15.164 millones para el pago de pensiones<\/span><\/strong><\/p>\n<p style=\"text-align: justify;\"><strong><span style=\"font-size: 14pt; font-family: arial, helvetica, sans-serif; color: #008000;\"><a style=\"color: #008000;\" href=\"https:\/\/www.eldiario.es\/economia\/pensiones_0_713928942.html\" target=\"_blank\" rel=\"noopener\">HEMEROTECA | Rajoy ha vaciado el 90% de la hucha de las pensiones<\/a><\/span><\/strong><\/p>\n<\/blockquote>\n<p class=\"mce\" style=\"text-align: justify;\"><span style=\"font-size: 14pt; font-family: arial, helvetica, sans-serif;\">El Gobierno volver\u00e1 a hacer uso de la llamada \u00abhucha de las pensiones\u00bb este 2018, seg\u00fan se desprende de los Presupuestos Generales del Estado presentados por el Ejecutivo. El texto incluye que la Seguridad Social sacar\u00e1 del Fondo de Reserva un importe de 3.826 millones de euros, \u00abpara atender, exclusivamente, las insuficiencias de financiaci\u00f3n de las pensiones de car\u00e1cter contributivo y dem\u00e1s gastos necesarios para su gesti\u00f3n\u00bb.\u00a0<a class=\"mce\" href=\"https:\/\/www.eldiario.es\/economia\/pensiones_0_713928942.html\" target=\"_blank\" rel=\"noopener\">Rajoy ha vaciado el 90% de la hucha<\/a>, que cay\u00f3 a los 8.095 millones este diciembre de 2017, desde los m\u00e1ximos de cierre de 2011 (66.815 millones).<\/span><\/p>\n<p class=\"mce\" style=\"text-align: justify;\"><span style=\"font-size: 14pt; font-family: arial, helvetica, sans-serif;\">En el Presupuesto de la Seguridad Social, los presupuestos de 2018 detallan esta partida concreta de uso de la hucha, al contrario que el a\u00f1o pasado, cuando tan solo hac\u00eda menci\u00f3n al \u00abr\u00e9gimen excepcional de disposici\u00f3n de activos del Fondo de Reserva de la Seguridad Social\u00bb.<\/span><\/p>\n<p class=\"mce\" style=\"text-align: justify;\"><span style=\"font-size: 14pt; font-family: arial, helvetica, sans-serif;\">Esta previsi\u00f3n del gasto se encuentra una hucha de las pensiones en m\u00ednimos. Tras la salida de 3.586 millones de euros para la paga extra de navidad el pasado diciembre, el Fondo de Reserva conten\u00eda 8.095 millones de euros a 1 de diciembre, el 0,73% del PIB. Es la cifra m\u00e1s baja desde 2002.<\/span><\/p>\n<h4 style=\"text-align: justify;\"><span style=\"font-size: 14pt; font-family: arial, helvetica, sans-serif;\">Evoluci\u00f3n del Fondo de Reserva de la Seguridad Social<\/span><\/h4>\n<p style=\"text-align: justify;\"><iframe loading=\"lazy\" class=\"tableau-responsive\" src=\"https:\/\/public.tableau.com\/views\/fondo-pensiones_12_17\/Dashboard1?:showVizHome=no&amp;:embed=true\" width=\"100%\" height=\"400px\" scrolling=\"no\" data-mce-fragment=\"1\"><\/iframe><\/p>\n<div style=\"text-align: justify;\"><span style=\"font-size: 14pt; font-family: arial, helvetica, sans-serif;\">Fuente: Ministerio de Empleo y Seguridad Social<a href=\"http:\/\/eldiario.es\/\" target=\"_blank\" rel=\"noopener\"><img decoding=\"async\" src=\"http:\/\/www.eldiario.es\/multimedia\/images\/logo%20blanco.png\" width=\"100px\" \/><\/a><\/span><\/div>\n<p class=\"mce\" style=\"text-align: justify;\"><span style=\"font-size: 14pt; font-family: arial, helvetica, sans-serif;\">Cuando Mariano Rajoy lleg\u00f3 al Gobierno en diciembre de 2011, el fondo de reserva estaba en su tope m\u00e1ximo, 66.815 millones. Esto quiere decir que este instrumento creado en el 2000 con el objetivo de constituir reservas que permitieran atenuar los efectos de los ciclos econ\u00f3micos bajos ha menguado desde la llegada del PP al poder un 87,88%.<\/span><\/p>\n<h4 style=\"text-align: justify;\"><span style=\"font-size: 14pt; font-family: arial, helvetica, sans-serif;\">Retiradas del Fondo de Reserva de la Seguridad Social<\/span><\/h4>\n<p style=\"text-align: justify;\"><iframe loading=\"lazy\" class=\"tableau-responsive\" src=\"https:\/\/public.tableau.com\/views\/fondo-pensiones_12_17\/Dashboard2?:showVizHome=no&amp;:embed=true\" width=\"100%\" height=\"400px\" scrolling=\"no\" data-mce-fragment=\"1\"><\/iframe><\/p>\n<div style=\"text-align: justify;\"><span style=\"font-size: 14pt; font-family: arial, helvetica, sans-serif;\">Fuente: Ministerio de Empleo y Seguridad Social<\/span><\/div>\n<p class=\"mce\" style=\"text-align: justify;\"><span style=\"font-size: 14pt; font-family: arial, helvetica, sans-serif;\">Seg\u00fan el proyecto de Presupuestos, la Seguridad Social contar\u00e1 este a\u00f1o con un presupuesto de 149.967 millones de euros, cifra un 3,5% superior a la de 2017 y equivalente al 12,4% del PIB.<\/span><\/p>\n<h3 style=\"text-align: justify;\"><span style=\"font-size: 14pt; font-family: arial, helvetica, sans-serif;\">Pr\u00e9stamo de 15.164 millones del Estado<\/span><\/h3>\n<p class=\"mce\" style=\"text-align: justify;\"><span style=\"font-size: 14pt; font-family: arial, helvetica, sans-serif;\">El Presupuesto de la Seguridad Social incluye, a la vista de su situaci\u00f3n financiera, un pr\u00e9stamo del Estado por importe de 15.164 millones de euros para garantizar que el sistema pueda cumplir con el pago de prestaciones. En 2017, el pr\u00e9stamo del Estado a la Seguridad Social fue de 10.192 millones de euros.<\/span><\/p>\n<p class=\"mce\" style=\"text-align: justify;\"><span style=\"font-size: 14pt; font-family: arial, helvetica, sans-serif;\">Los ingresos por cotizaciones sociales alcanzar\u00e1n este a\u00f1o los 114.916 millones de euros, un 3,9% m\u00e1s que lo presupuestado inicialmente en 2017. Este montante permitir\u00e1 a la Seguridad Social financiar el 76,6% de su presupuesto total, seg\u00fan asegura el Gobierno.<\/span><\/p>\n<p class=\"mce\" style=\"text-align: justify;\"><span style=\"font-size: 14pt; font-family: arial, helvetica, sans-serif;\">El Ejecutivo calcula que en 2018 la Seguridad Social ingresar\u00e1 108.175,2 millones de euros en cotizaciones de empresas y trabajadores, un 4,2% m\u00e1s que en el presupuesto de 2017.<\/span><\/p>\n<p class=\"mce\" style=\"text-align: justify;\"><span style=\"font-size: 14pt; font-family: arial, helvetica, sans-serif;\">Asimismo, el sistema percibir\u00e1 133,2 millones por cuotas correspondientes a la prestaci\u00f3n de cese de actividad de los aut\u00f3nomos, un 0,4% m\u00e1s sobre el presupuesto de 2017, mientras que por cotizaciones de desempleados recaudar\u00e1n 6.607,3 millones de euros, un 0,2% m\u00e1s que en 2017.<\/span><\/p>\n<p class=\"mce\" style=\"text-align: justify;\"><span style=\"font-size: 14pt; font-family: arial, helvetica, sans-serif;\">Tras las cotizaciones sociales, las aportaciones del Estado son las que m\u00e1s contribuyen a la financiaci\u00f3n de la Seguridad Social. Este a\u00f1o, la Seguridad Social contar\u00e1 con aportaciones del Estado por un importe global de 13.558 millones de euros, un 3,6% m\u00e1s que en 2017, de los que 7.329 millones de euros ir\u00e1n destinados a cubrir los complementos a m\u00ednimos, un 2,1% m\u00e1s que en 2017.<\/span><\/p>\n<p class=\"mce\" style=\"text-align: justify;\"><span style=\"font-size: 14pt; font-family: arial, helvetica, sans-serif;\">Las aportaciones del Estado para financiar las pensiones no contributivas y las prestaciones no contributivas de protecci\u00f3n a la familia alcanzar\u00e1n los 4.151,5 millones de euros (+2,7%) y el importe destinado a la atenci\u00f3n a la dependencia ser\u00e1 de 1.401 millones de euros, de los que 1.308 millones corresponden a la financiaci\u00f3n del m\u00ednimo garantizado por el Estado.<\/span><\/p>\n<p><a href=\"https:\/\/puntocritico.com\/ausajpuntocritico\/wp-content\/uploads\/2018\/03\/Mosca_Punto_Cr\u00edtico_40.png\" rel=\"lightbox[10544]\"><img loading=\"lazy\" decoding=\"async\" class=\"aligncenter wp-image-9528\" src=\"https:\/\/puntocritico.com\/ausajpuntocritico\/wp-content\/uploads\/2018\/03\/Mosca_Punto_Cr\u00edtico_40.png\" alt=\"\" width=\"40\" height=\"40\" \/><\/a><\/p>\n<h1>\u00a0<\/h1>\n<h1 class=\"pg-headline\" style=\"text-align: center;\"><a id=\"ref15\"><\/a><a href=\"#ref15a\">[16]<\/a> La mayor subida en gastos de personal para polic\u00eda y guardia civil: 310 millones de euros<\/h1>\n<p><span style=\"font-size: 14pt;\">Por\u00a0Jos\u00e9 Precedo\u00a0<\/span><\/p>\n<div><span style=\"color: #339966;\">Art\u00edculo publicado el 3 de abril de 2018 en<\/span><\/div>\n<div><span style=\"color: #339966;\"><a style=\"color: #339966;\" href=\"https:\/\/www.eldiario.es\/politica\/subida-personal-policia-guardia-millones_0_756974547.html\" target=\"_blank\" rel=\"noopener\">https:\/\/www.eldiario.es\/politica\/subida-personal-policia-guardia-millones_0_756974547.html<\/a><\/span><\/div>\n<div>\u00a0<\/div>\n<div>\u00a0<\/div>\n<figure id=\"attachment_10675\" aria-describedby=\"caption-attachment-10675\" style=\"width: 643px\" class=\"wp-caption aligncenter\"><a href=\"https:\/\/puntocritico.com\/ausajpuntocritico\/wp-content\/uploads\/2018\/04\/Miles-policias-guardias-Oviedo-equiparacion_EDIIMA20180210_0251_4.jpg\" rel=\"lightbox[10544]\"><img loading=\"lazy\" decoding=\"async\" class=\"wp-image-10675 size-full\" src=\"https:\/\/puntocritico.com\/ausajpuntocritico\/wp-content\/uploads\/2018\/04\/Miles-policias-guardias-Oviedo-equiparacion_EDIIMA20180210_0251_4.jpg\" alt=\"\" width=\"643\" height=\"362\" srcset=\"https:\/\/puntocritico.com\/ausajpuntocritico\/wp-content\/uploads\/2018\/04\/Miles-policias-guardias-Oviedo-equiparacion_EDIIMA20180210_0251_4.jpg 643w, https:\/\/puntocritico.com\/ausajpuntocritico\/wp-content\/uploads\/2018\/04\/Miles-policias-guardias-Oviedo-equiparacion_EDIIMA20180210_0251_4-300x169.jpg 300w\" sizes=\"auto, (max-width: 643px) 100vw, 643px\" \/><\/a><figcaption id=\"caption-attachment-10675\" class=\"wp-caption-text\"><strong><span style=\"font-size: 10pt; color: #339966;\">Miles de polic\u00edas y guardias civiles reclaman en Oviedo equiparaci\u00f3n salarial EFE<\/span><\/strong><\/figcaption><\/figure>\n<blockquote>\n<p style=\"text-align: justify;\"><strong><span style=\"font-size: 14pt; font-family: arial, helvetica, sans-serif; color: #008000;\">El Gobierno presupuesta la primera partida para equiparar a sus fuerzas de seguridad con las polic\u00edas auton\u00f3micas\u00a0<\/span><\/strong><\/p>\n<p style=\"text-align: justify;\"><strong><span style=\"font-size: 14pt; font-family: arial, helvetica, sans-serif; color: #008000;\">Las cuentas pactadas entre Partido Popular y Ciudadanos contemplan un incremento del 1,9% en gastos de personal, fundamentalmente por la subida para las polic\u00edas<\/span><\/strong><\/p>\n<\/blockquote>\n<p class=\"mce\" style=\"text-align: justify;\"><span style=\"font-size: 14pt; font-family: arial, helvetica, sans-serif;\">El proyecto de presupuestos pactado por el Partido Popular y por Ciudadanos contempla una subida en los gastos de personal del 1,9% que tiene su explicaci\u00f3n fundamental en el notable incremento que se destinar\u00e1 a sueldos de polic\u00edas y guardias civiles para equiparar sus salarios a los de los cuerpos auton\u00f3micos.\u00a0<\/span><\/p>\n<p class=\"mce\" style=\"text-align: justify;\"><span style=\"font-size: 14pt; font-family: arial, helvetica, sans-serif;\">Seg\u00fan el documento remitido por el Gobierno, en las cuentas de 2018, que todav\u00eda no tienen apoyos suficientes para ser aprobadas en el Congreso, se destinar\u00edan 310 millones de euros para incrementos salariales en los cuerpos de seguridad del Estado. Este es el primer ejercicio en el que se presupuestan partidas para este objetivo, producto del acuerdo al que lleg\u00f3 el Ministerio del Interior con los sindicatos de la polic\u00eda y la Guardia Civil. Adem\u00e1s se consignan 100 millones para el personal de segunda actividad.\u00a0<\/span><\/p>\n<p class=\"mce\" style=\"text-align: justify;\"><span style=\"font-size: 14pt; font-family: arial, helvetica, sans-serif;\">El pacto se sell\u00f3 a principios de marzo despu\u00e9s de meses de reivindicaciones de polic\u00edas y guardias civiles en la calle que se intensificaron coincidiendo con la crisis de Catalu\u00f1a y el proceso soberanista. Ciudadanos lleg\u00f3 a condicionar su apoyo a las cuentas a que se produjese ya en 2018 la primera de las subidas econ\u00f3micas a los cuerpos de seguridad del Estado.\u00a0<\/span><\/p>\n<p class=\"mce\" style=\"text-align: justify;\"><span style=\"font-size: 14pt; font-family: arial, helvetica, sans-serif;\">En total, de salir adelante estas cuentas que el Gobierno todav\u00eda deber\u00e1 negociar con otras formaciones pol\u00edticas, el Estado se gastar\u00eda en sueldos de trabajadores p\u00fablicos 16,687 millones de euros, un 6% del total de las cuentas p\u00fablicas.<\/span><\/p>\n<p class=\"mce\" style=\"text-align: justify;\"><span style=\"font-size: 14pt; font-family: arial, helvetica, sans-serif;\">El cap\u00edtulo de personal dentro de los prespuestos de seguridad ciudadana e instituciones penitenciarias del Ministerio del Interior computa 6.665 millones de euros, frente a los 6.235 de 2017, un 6,9% m\u00e1s.<\/span><\/p>\n<p><a href=\"https:\/\/puntocritico.com\/ausajpuntocritico\/wp-content\/uploads\/2018\/03\/Mosca_Punto_Cr\u00edtico_40.png\" rel=\"lightbox[10544]\"><img loading=\"lazy\" decoding=\"async\" class=\"aligncenter wp-image-9528\" src=\"https:\/\/puntocritico.com\/ausajpuntocritico\/wp-content\/uploads\/2018\/03\/Mosca_Punto_Cr\u00edtico_40.png\" alt=\"\" width=\"40\" height=\"40\" \/><\/a><\/p>\n<h1 class=\"pg-headline\" style=\"text-align: center;\"><a id=\"ref16\"><\/a><a href=\"#ref16a\">[17]<\/a> Esto es lo que puede pasarte si denuncias a corruptos y ellos se enteran<\/h1>\n<p><span style=\"font-size: 14pt;\">Por\u00a0Carlos del Castillo<\/span><\/p>\n<p><a href=\"https:\/\/www.eldiario.es\/politica\/puede-pasarte-denuncias-corruptos-enteran_0_756624527.html\" target=\"_blank\" rel=\"noopener\">https:\/\/www.eldiario.es\/politica\/puede-pasarte-denuncias-corruptos-enteran_0_756624527.html<\/a><\/p>\n<p>&nbsp;<\/p>\n<figure id=\"attachment_10695\" aria-describedby=\"caption-attachment-10695\" style=\"width: 643px\" class=\"wp-caption aligncenter\"><a href=\"https:\/\/puntocritico.com\/ausajpuntocritico\/wp-content\/uploads\/2018\/04\/Comparecencia-graficos-Teodoro-Montes_EDIIMA20160422_0734_18.jpg\" rel=\"lightbox[10544]\"><img loading=\"lazy\" decoding=\"async\" class=\"wp-image-10695 size-full\" src=\"https:\/\/puntocritico.com\/ausajpuntocritico\/wp-content\/uploads\/2018\/04\/Comparecencia-graficos-Teodoro-Montes_EDIIMA20160422_0734_18.jpg\" alt=\"\" width=\"643\" height=\"362\" srcset=\"https:\/\/puntocritico.com\/ausajpuntocritico\/wp-content\/uploads\/2018\/04\/Comparecencia-graficos-Teodoro-Montes_EDIIMA20160422_0734_18.jpg 643w, https:\/\/puntocritico.com\/ausajpuntocritico\/wp-content\/uploads\/2018\/04\/Comparecencia-graficos-Teodoro-Montes_EDIIMA20160422_0734_18-300x169.jpg 300w\" sizes=\"auto, (max-width: 643px) 100vw, 643px\" \/><\/a><figcaption id=\"caption-attachment-10695\" class=\"wp-caption-text\"><span style=\"font-size: 10pt; color: #339966;\"><strong>Comparecencia de un testigo protegido, en una imagen de archivo.<\/strong><\/span><\/figcaption><\/figure>\n<blockquote>\n<p style=\"text-align: justify;\"><span style=\"font-size: 14pt; font-family: arial, helvetica, sans-serif;\">Amenazas f\u00edsicas, acoso laboral, despidos improcedentes o denuncias\u00a0cruzadas son el pan de cada d\u00eda de los\u00a0<em>whistleblowers<\/em>\u00a0espa\u00f1oles<\/span><\/p>\n<p style=\"text-align: justify;\"><span style=\"font-size: 14pt; font-family: arial, helvetica, sans-serif;\">Espa\u00f1a es el \u00fanico pa\u00eds de la OCDE que no protege a los denunciantes de corrupci\u00f3n a nivel estatal<\/span><\/p>\n<p style=\"text-align: justify;\"><span style=\"font-size: 14pt; font-family: arial, helvetica, sans-serif;\">La negociaci\u00f3n de la ley que aspira a hacerlo se reactivar\u00e1 en abril tras pasarse a\u00f1o y medio estancada en el Congreso<\/span><\/p>\n<\/blockquote>\n<p class=\"mce\" style=\"text-align: justify;\"><span style=\"font-size: 14pt; font-family: arial, helvetica, sans-serif;\">En Espa\u00f1a se\u00f1alar a los corruptos sale caro. Recibir presiones de la direcci\u00f3n de tu empresa para cometer actos il\u00edcitos y ser despedida por negarte a ello es una represalia com\u00fan. Es lo que le ocurri\u00f3 a Azahara Peralta, jefa de Obra de\u00a0<a class=\"mce\" href=\"https:\/\/www.eldiario.es\/sociedad\/nvestigan-partida-millones-desaladoras-Mediterraneo_0_474903260.html\" target=\"_blank\" rel=\"noopener\">Acuamed<\/a>. El siguiente\u00a0pelda\u00f1o es sufrir acoso laboral, ser despedida, y que la c\u00fapula pol\u00edtica a la que denuncias ejerza su poder para que no puedas encontrar trabajo de nuevo. As\u00ed lo atestigua el caso de\u00a0<a class=\"mce\" href=\"https:\/\/www.eldiario.es\/temas\/ana_garrido\/\" target=\"_blank\" rel=\"noopener\">Ana Garrido, testigo de la G\u00fcrtel<\/a>.\u00a0<\/span><\/p>\n<p class=\"mce\" style=\"text-align: justify;\"><span style=\"font-size: 14pt; font-family: arial, helvetica, sans-serif;\">Ser denunciado a consecuencia de destapar la corrupci\u00f3n es el pen\u00faltimo escal\u00f3n. Es lo que le pas\u00f3 a\u00a0Roberto Mac\u00edas, para el que UGT pide cuatro a\u00f1os de c\u00e1rcel por \u00abrevelaci\u00f3n de secretos\u00bb tras hacer p\u00fablicas las facturas falsas que el sindicato presuntamente usaba para lucrarse. Su caso es similar al de\u00a0Cristobal Cantos, que lleva cinco a\u00f1os en los tribunales por las denuncias cruzadas de\u00a0aquellos a los que \u00e9l acus\u00f3 de corrupci\u00f3n y\u00a0<a class=\"mce\" href=\"https:\/\/www.eldiario.es\/andalucia\/Anticorrupcion-carcel-expresidente-Invercaria-Perez-Sauquillo_0_622938544.html\" target=\"_blank\" rel=\"noopener\">para los que la Fiscal\u00eda pide c\u00e1rcel<\/a>.\u00a0<\/span><\/p>\n<p class=\"mce\" style=\"text-align: justify;\"><span style=\"font-size: 14pt; font-family: arial, helvetica, sans-serif;\">Al final est\u00e1 la agresi\u00f3n f\u00edsica. Al exteniente del Ej\u00e9rcito Luis Gonzalo Segura, que solo ha conseguido ser expulsado de las Fuerzas Armadas tras sacar a la luz pr\u00e1cticas fraudulentas del alto mando, le aconsejan\u00a0<a class=\"mce\" href=\"https:\/\/www.eldiario.es\/andalucia\/exteniente-Segura-amenazante-Gomez-Salazar_0_627138221.html\" target=\"_blank\" rel=\"noopener\">\u00a0cambiar de acera<\/a>si se cruza con uniformes militares. Cuando\u00a0<a class=\"mce\" href=\"https:\/\/www.elperiodico.com\/es\/dominical\/20140219\/itziar-gonzalez-3117332\" target=\"_blank\" rel=\"noopener noreferrer\">\u00a0Itziar Gonz\u00e1lez<\/a>carg\u00f3 contra la especulaci\u00f3n inmobiliaria y los pisos tur\u00edsticos del centro\u00a0de Barcelona,\u00a0empez\u00f3 a recibir amenazas de muerte y alguien allan\u00f3 su casa. Aunque\u00a0a\u00f1os despu\u00e9s\u00a0los juzgados les dan la raz\u00f3n, los casos de los\u00a0<em class=\"mce\">whistleblowers<\/em>\u00a0espa\u00f1oles\u00a0sirven de ejemplo de la soledad del denunciante de corrupci\u00f3n en Espa\u00f1a.<\/span><\/p>\n<p class=\"mce\" style=\"text-align: justify;\"><span style=\"font-size: 14pt; font-family: arial, helvetica, sans-serif;\">\u00abEn general, los testimonios de las personas que han denunciado corrupci\u00f3n coinciden en resaltar la falta de amparo al que se ven expuestas tras comunicar la comisi\u00f3n de actos il\u00edcitos o irregulares\u00bb, explica el abogado de Transparencia Internacional, Daniel Moedo. Esa falta de protecci\u00f3n, contin\u00faa el letrado,\u00a0\u00abdesincentiva de manera acuciante la formulaci\u00f3n de denuncias. El tortuoso camino que han tenido que transitar los denunciantes para seguir adelante con sus vidas despu\u00e9s de denunciar, resulta totalmente desalentador\u00bb.<\/span><\/p>\n<p class=\"mce\" style=\"text-align: justify;\"><span style=\"font-size: 14pt; font-family: arial, helvetica, sans-serif;\">Espa\u00f1a es el \u00fanico de los 35 miembros de la OCDE que no ha regulado la protecci\u00f3n a los\u00a0<em class=\"mce\">\u00a0whistleblowers<\/em>\u00a0a nivel estatal, ni con una ley espec\u00edfica ni mediante el articulado de otras leyes, seg\u00fan\u00a0<a class=\"mce\" href=\"https:\/\/www.oecd-ilibrary.org\/docserver\/gov_glance-2017-en.pdf?expires=1522678207&amp;id=id&amp;accname=guest&amp;checksum=020164E72A411D6EACA31B2320FD20A5\" target=\"_blank\" rel=\"noopener\">el \u00faltimo informe de la organizaci\u00f3n<\/a>. Un examen reciente de los mecanismos de apoyo a denunciantes de corrupci\u00f3n\u00a0a nivel europeo puntu\u00f3 a Espa\u00f1a con 0 puntos -de un m\u00e1ximo de 756-\u00a0<a class=\"mce\" href=\"file:\/\/\/C:\/Users\/ccastillo\/Downloads\/BLUEPRINT_Gaps_in_the_System_Whistleblowers%20(1).pdf\">en base a nueve est\u00e1ndares comunitarios e internacionales<\/a>.<\/span><\/p>\n<p class=\"mce\" style=\"text-align: justify;\"><span style=\"font-size: 14pt; font-family: arial, helvetica, sans-serif;\">A finales de 2016 los grupos de la oposici\u00f3n enarbolaron la bandera de la lucha contra la corrupci\u00f3n y, como parte de la estrategia del \u00abgobierno desde el Congreso\u00bb, quisieron llevar la protecci\u00f3n de los denunciantes al foco medi\u00e1tico. Entonces<span class=\"mce\">\u00a0, hasta\u00a0<a class=\"mce\" href=\"https:\/\/www.nytimes.com\/2016\/05\/15\/world\/europe\/spanish-activists-push-for-laws-to-protect-whistle-blowers.html?_r=2\" target=\"_blank\" rel=\"noopener\"><em class=\"mce\">The New York Times<\/em>\u00a0utiliz\u00f3 el caso de Ana Garrido<\/a>, que ha ganado varios procesos judiciales al Ayuntamiento de Boadilla del Monte (Madrid) y hoy sobrevive con la venta online de bisuter\u00eda artesanal, para destapar la paradoja espa\u00f1ola: es un pa\u00eds asolado por los casos de corrupci\u00f3n, denunciarla se puede convertir en \u00abun calvario\u00bb.<\/span><\/span><\/p>\n<p><a href=\"https:\/\/puntocritico.com\/ausajpuntocritico\/wp-content\/uploads\/2018\/03\/Mosca_Punto_Cr\u00edtico_40.png\" rel=\"lightbox[10544]\"><img loading=\"lazy\" decoding=\"async\" class=\"aligncenter wp-image-9528\" src=\"https:\/\/puntocritico.com\/ausajpuntocritico\/wp-content\/uploads\/2018\/03\/Mosca_Punto_Cr\u00edtico_40.png\" alt=\"\" width=\"40\" height=\"40\" \/><\/a><\/p>\n<h1 class=\"pg-headline\" style=\"text-align: center;\"><a id=\"ref17\"><\/a><a href=\"#ref17a\">[18]<\/a> La Fiscal\u00eda alemana pide la extradici\u00f3n de Puigdemont por rebeli\u00f3n y malversaci\u00f3n<\/h1>\n<p><span style=\"font-size: 14pt;\">Por\u00a0eldiario.es<\/span><\/p>\n<div><span style=\"color: #339966;\">Art\u00edculo publicado el 3 de abril de 2018 en<\/span><\/div>\n<div><a href=\"https:\/\/www.eldiario.es\/catalunya\/Fiscalia-extradicion-Puigdemont-rebelion-malversacion_0_756974425.html\" target=\"_blank\" rel=\"noopener\"><span style=\"color: #339966;\">https:\/\/www.eldiario.es\/catalunya\/Fiscalia-extradicion-Puigdemont-rebelion-malversacion_0_756974425.html<\/span><\/a><\/div>\n<div>\u00a0<\/div>\n<div>\u00a0<\/div>\n<div class=\"subtitle bkn mce sk2\">\n<figure id=\"attachment_10696\" aria-describedby=\"caption-attachment-10696\" style=\"width: 643px\" class=\"wp-caption aligncenter\"><a href=\"https:\/\/puntocritico.com\/ausajpuntocritico\/wp-content\/uploads\/2018\/04\/Puigdemont-dispuesto-referendum-descarta-reeleccion_EDIIMA20161020_0079_27.jpg\" rel=\"lightbox[10544]\"><img loading=\"lazy\" decoding=\"async\" class=\"wp-image-10696 size-full\" src=\"https:\/\/puntocritico.com\/ausajpuntocritico\/wp-content\/uploads\/2018\/04\/Puigdemont-dispuesto-referendum-descarta-reeleccion_EDIIMA20161020_0079_27.jpg\" alt=\"\" width=\"643\" height=\"362\" srcset=\"https:\/\/puntocritico.com\/ausajpuntocritico\/wp-content\/uploads\/2018\/04\/Puigdemont-dispuesto-referendum-descarta-reeleccion_EDIIMA20161020_0079_27.jpg 643w, https:\/\/puntocritico.com\/ausajpuntocritico\/wp-content\/uploads\/2018\/04\/Puigdemont-dispuesto-referendum-descarta-reeleccion_EDIIMA20161020_0079_27-300x169.jpg 300w\" sizes=\"auto, (max-width: 643px) 100vw, 643px\" \/><\/a><figcaption id=\"caption-attachment-10696\" class=\"wp-caption-text\"><span style=\"font-size: 10pt; color: #339966;\"><strong>El expresident de la Generalitat, Carles Puigdemont, en una imagen de archivo. EFE<\/strong><\/span><\/figcaption><\/figure><\/p>\n<p>&nbsp;<\/p>\n<blockquote>\n<p style=\"text-align: justify;\"><strong><span style=\"font-size: 14pt; font-family: arial, helvetica, sans-serif; color: #008000;\">Considera que el delito de rebeli\u00f3n puede ser equivalente al de alta traici\u00f3n que recoge el C\u00f3digo Penal alem\u00e1n<\/span><\/strong><\/p>\n<p style=\"text-align: justify;\"><strong><span style=\"font-size: 14pt; font-family: arial, helvetica, sans-serif; color: #008000;\">La Fiscal\u00eda ha pedido que elexpresident catal\u00e1n siga en prisi\u00f3n preventiva por riesgo de fuga<\/span><\/strong><\/p>\n<p style=\"text-align: justify;\"><strong><span style=\"font-size: 14pt; font-family: arial, helvetica, sans-serif; color: #008000;\">\u00abLa posibilidad de que no se admitiera a tr\u00e1mite -la euroorden- era francamente excepcional\u00bb, sostiene su defensa<\/span><\/strong><\/p>\n<\/blockquote>\n<\/div>\n<p>&nbsp;<\/p>\n<p class=\"mce\" style=\"text-align: justify;\"><span style=\"font-size: 14pt; font-family: arial, helvetica, sans-serif;\">La Fiscal\u00eda alemana\u00a0ha pedido este martes a la Audiencia Territorial de Schleswig-Holstein la tramitaci\u00f3n de la extradici\u00f3n a Espa\u00f1a del expresident de la Generalitat de Catalunya Carles Puigdemont por los delitos de rebeli\u00f3n y malversaci\u00f3n de fondos p\u00fablicos. Adem\u00e1s, ha reclamado que\u00a0<a class=\"mce\" href=\"https:\/\/www.eldiario.es\/catalunya\/Puigdemont-seguira-detenido-Alemania-extradicion_0_754175450.html\" target=\"_blank\" rel=\"noopener noreferrer\">\u00a0permanezca en prisi\u00f3n<\/a>\u00a0al considerar que existe \u00abriesgo de fuga\u00bb.<\/span><\/p>\n<p class=\"mce\" style=\"text-align: justify;\"><span style=\"font-size: 14pt; font-family: arial, helvetica, sans-serif;\">\u00abLa acusaci\u00f3n de rebeli\u00f3n contempla, esencialmente, la celebraci\u00f3n de un refer\u00e9ndum inconstitucional a pesar de que eran de esperar enfrentamientos violentos\u00bb, destaca en un comunicado la Fiscal\u00eda, que considera que el delito que imputa la Justicia espa\u00f1ola a Puigdemont puede ser equivalente al de alta traici\u00f3n que recoge el C\u00f3digo Penal alem\u00e1n. \u00abNo es exigible legalmente una coincidencia literal de los preceptos alemanes y espa\u00f1oles\u00bb, subraya.<\/span><\/p>\n<p class=\"mce\" style=\"text-align: justify;\"><span style=\"font-size: 14pt; font-family: arial, helvetica, sans-serif;\">Las acusaciones de malversaci\u00f3n de fondos p\u00fablicos y de corrupci\u00f3n para llevar a cabo el refer\u00e9ndum ilegal secesionista del 1 de octubre de 2017, contin\u00faa la Fiscal\u00eda, se corresponden con el delito de malversaci\u00f3n tambi\u00e9n recogido en el C\u00f3digo Penal alem\u00e1n.<\/span><\/p>\n<h3 style=\"text-align: justify;\"><span style=\"font-size: 14pt; font-family: arial, helvetica, sans-serif;\">Mantuvo el refer\u00e9ndum pese a la advertencias<\/span><\/h3>\n<p class=\"mce\" style=\"text-align: justify;\"><span style=\"font-size: 14pt; font-family: arial, helvetica, sans-serif;\">La Fiscal\u00eda destaca que las fuerzas policiales indicaron que, tras los enfrentamientos violentos del 20 de septiembre de 2017 entre ciudadanos catalanes y la Guardia Civil, era de esperar una escalada de la violencia el d\u00eda del refer\u00e9ndum. Puigdemont, explica la Fiscal\u00eda, opt\u00f3 sin embargo por mantener la consulta pese a esas advertencias y comprometi\u00f3 a la polic\u00eda auton\u00f3mica a garantizar que los partidarios de la independencia pudieran participar en el refer\u00e9ndum.<\/span><\/p>\n<p class=\"mce\" style=\"text-align: justify;\"><span style=\"font-size: 14pt; font-family: arial, helvetica, sans-serif;\">\u00abContin\u00faan la razones para su detenci\u00f3n por riesgo de fuga\u00bb, subraya la Fiscal\u00eda, quien considera que medidas menores a la prisi\u00f3n no garantizan su permanencia en Alemania mientras la Audiencia Territorial de Schleswig decide sobre su extradici\u00f3n.<\/span><\/p>\n<p class=\"mce\" style=\"text-align: justify;\"><span style=\"font-size: 14pt; font-family: arial, helvetica, sans-serif;\">Puigdemont fue detenido el domingo 25 de marzo en el norte de Alemania, poco despu\u00e9s de cruzar la frontera con Dinamarca, en cumplimiento de la euroorden dictada por el juez del Tribunal Supremo Pablo Llarena.<\/span><\/p>\n<p class=\"mce\" style=\"text-align: justify;\"><span style=\"font-size: 14pt; font-family: arial, helvetica, sans-serif;\">El expresident catal\u00e1n trataba de regresar a Bruselas, donde resid\u00eda desde que huy\u00f3 de la Justicia espa\u00f1ola hace cinco meses, luego de una visita de dos d\u00edas a Finlandia, donde hab\u00eda ofrecido una conferencia y se hab\u00eda reunido con parlamentarios finlandeses.<\/span><\/p>\n<p class=\"mce\" style=\"text-align: justify;\"><span style=\"font-size: 14pt; font-family: arial, helvetica, sans-serif;\">Un d\u00eda despu\u00e9s de su arresto, un juzgado de primera instancia alem\u00e1n decret\u00f3 que permaneciese en prisi\u00f3n de forma provisional mientras la fiscal\u00eda estudiaba la petici\u00f3n de extradici\u00f3n espa\u00f1ola porque consideraba que hab\u00eda riesgo de fuga.<\/span><\/p>\n<p class=\"mce\" style=\"text-align: justify;\"><span style=\"font-size: 14pt; font-family: arial, helvetica, sans-serif;\">Durante su estancia en la c\u00e1rcel, el l\u00edder separatista ha recibido la visita de sus abogados, el espa\u00f1ol Jaume Alonso-Cuevillas y el alem\u00e1n Wolfgang Schonburg, as\u00ed como de varios pol\u00edticos alemanes, como el eurodiputado euroesc\u00e9ptico Bernd Lucke y el diputado de La Izquierda Dieter Dehm.<\/span><\/p>\n<h3 style=\"text-align: justify;\"><span style=\"font-size: 14pt; font-family: arial, helvetica, sans-serif;\">Su defensa alega que esperaban esta decisi\u00f3n<\/span><\/h3>\n<p class=\"mce\" style=\"text-align: justify;\"><span style=\"font-size: 14pt; font-family: arial, helvetica, sans-serif;\">Alonso-Cuevillas ha afirmado que la petici\u00f3n de la Fiscal\u00eda alemana de que se tramite la extradici\u00f3n del expresident de la Generalitat entraba dentro de sus previsiones. \u201cEra lo que esper\u00e1bamos\u201d, ha afirmado el abogado, que ha asegurado que la \u201cl\u00f3gica\u201d es que la petici\u00f3n de extradici\u00f3n se admita a tr\u00e1mite. \u201cLa posibilidad de que no se admitiera a tr\u00e1mite era francamente excepcional\u201d, ha insistido en una entrevista en Rac1.<\/span><\/p>\n<p class=\"mce\" style=\"text-align: justify;\"><span style=\"font-size: 14pt; font-family: arial, helvetica, sans-serif;\">A la hora de valorar la petici\u00f3n de la Fiscal\u00eda, Alonso-Cuevillas ha recordado que es la Audiencia Territorial de Scheswig-Holstein la que deber\u00e1 decidir en \u00faltima instancia si se debe extraditar Puigdemont a Espa\u00f1a, algo que conf\u00eda que no suceder\u00e1, puesto que defiende que no se produjo delito de rebeli\u00f3n en los hechos de octubre en Catalunya.\u00a0\u00a0<\/span><\/p>\n<p><a href=\"https:\/\/puntocritico.com\/ausajpuntocritico\/wp-content\/uploads\/2018\/03\/Mosca_Punto_Cr\u00edtico_40.png\" rel=\"lightbox[10544]\"><img loading=\"lazy\" decoding=\"async\" class=\"aligncenter wp-image-9528\" src=\"https:\/\/puntocritico.com\/ausajpuntocritico\/wp-content\/uploads\/2018\/03\/Mosca_Punto_Cr\u00edtico_40.png\" alt=\"\" width=\"40\" height=\"40\" \/><\/a><\/p>\n<p>&nbsp;<\/p>\n<h1 class=\"pg-headline\" style=\"text-align: center;\"><a id=\"ref18\"><\/a><a href=\"#ref18a\">[19]<\/a> Interior esconde el primer aumento de la criminalidad en una d\u00e9cada<\/h1>\n<p><span style=\"font-size: 14pt;\">Por\u00a0Pedro \u00c1gueda\u00a0<\/span><\/p>\n<div><span style=\"color: #339966;\">Art\u00edculo publicado el 2 de abril de 2018 en<\/span><\/div>\n<div><a href=\"https:\/\/www.eldiario.es\/politica\/Interior-esconde-primer-aumento-criminalidad_0_756624902.html\" target=\"_blank\" rel=\"noopener\"><span style=\"color: #339966;\">https:\/\/www.eldiario.es\/politica\/Interior-esconde-primer-aumento-criminalidad_0_756624902.html<\/span><\/a><\/div>\n<div>\u00a0<\/div>\n<div>\u00a0<\/div>\n<div>\n<figure id=\"attachment_10697\" aria-describedby=\"caption-attachment-10697\" style=\"width: 643px\" class=\"wp-caption aligncenter\"><a href=\"https:\/\/puntocritico.com\/ausajpuntocritico\/wp-content\/uploads\/2018\/04\/Interior-Juan-Ignacio-Zoido-Valencia_EDIIMA20171213_0369_4.jpg\" rel=\"lightbox[10544]\"><img loading=\"lazy\" decoding=\"async\" class=\"wp-image-10697 size-full\" src=\"https:\/\/puntocritico.com\/ausajpuntocritico\/wp-content\/uploads\/2018\/04\/Interior-Juan-Ignacio-Zoido-Valencia_EDIIMA20171213_0369_4.jpg\" alt=\"\" width=\"643\" height=\"362\" srcset=\"https:\/\/puntocritico.com\/ausajpuntocritico\/wp-content\/uploads\/2018\/04\/Interior-Juan-Ignacio-Zoido-Valencia_EDIIMA20171213_0369_4.jpg 643w, https:\/\/puntocritico.com\/ausajpuntocritico\/wp-content\/uploads\/2018\/04\/Interior-Juan-Ignacio-Zoido-Valencia_EDIIMA20171213_0369_4-300x169.jpg 300w\" sizes=\"auto, (max-width: 643px) 100vw, 643px\" \/><\/a><figcaption id=\"caption-attachment-10697\" class=\"wp-caption-text\"><span style=\"font-size: 10pt;\"><strong><span style=\"color: #339966;\">Zoido inspecciona unos paquetes de coca\u00edna incautados en Valencia<\/span><\/strong><\/span><\/figcaption><\/figure>\n<\/div>\n<p>&nbsp;<\/p>\n<blockquote>\n<p style=\"text-align: justify;\"><span style=\"color: #008000;\"><strong><span style=\"font-size: 14pt; font-family: arial, helvetica, sans-serif;\">La cifra de delitos por cada mil habitantes creci\u00f3 7 d\u00e9cimas en 2017; la \u00faltima subida se registr\u00f3 en 2008 y fue id\u00e9ntica a \u00e9sta\u00a0<\/span><\/strong><\/span><\/p>\n<\/blockquote>\n<div class=\"subtitle bkn mce sk2\" style=\"text-align: justify;\">\n<blockquote>\n<p><span style=\"color: #008000;\"><strong><span style=\"font-size: 14pt; font-family: arial, helvetica, sans-serif;\">El Ministerio ha dejado de facilitar la tasa de criminalidad estatal coincidiendo con el cambio de tendencia y solo ofrece datos desglosados<\/span><\/strong><\/span><\/p>\n<p><span style=\"color: #008000;\"><strong><span style=\"font-size: 14pt; font-family: arial, helvetica, sans-serif;\">Una reducci\u00f3n de 5 d\u00e9cimas en 2016 respecto al a\u00f1o anterior fue publicitada por Zoido como \u201cotro hito\u201d en la lucha contra el delito<\/span><\/strong><\/span><\/p>\n<\/blockquote>\n<\/div>\n<p>&nbsp;<\/p>\n<p class=\"mce\" style=\"text-align: justify;\"><span style=\"font-size: 14pt; font-family: arial, helvetica, sans-serif;\">El n\u00famero de delitos conocidos en Espa\u00f1a por cada mil habitantes creci\u00f3 en 2017 respecto al a\u00f1o anterior por primera vez en una d\u00e9cada. Coincidiendo con este cambio de tendencia, la tasa de criminalidad, como se conoce a este indicador, ha desaparecido de los balances del Ministerio del Interior, que ha dejado de organizar comparecencias de su titular para informar de la misma y de enviar notas de prensa.<\/span><\/p>\n<p class=\"mce\" style=\"text-align: justify;\"><span style=\"font-size: 14pt; font-family: arial, helvetica, sans-serif;\">A partir de las 2.045.785 infracciones penales registradas en Espa\u00f1a en 2017, la tasa de criminalidad se sit\u00faa en 43,9 puntos, lo que supone un crecimiento de 7 d\u00e9cimas respecto a 2016, seg\u00fan los datos de Interior y los c\u00e1lculos realizados a partir de ellos por eldiario.es, con los criterios utilizados en el pasado por este Ministerio. Cuando Interior publicaba la tasa de criminalidad, un descenso de 0,5 puntos como el registrado durante 2016 supon\u00eda \u201cotro hito\u201d en la lucha contra el delito. Esa fue la\u00a0<a class=\"mce\" href=\"http:\/\/www.europapress.es\/nacional\/noticia-espana-2016-primera-vez-300-asesinatos-descenso-anual-33-20170214132124.html\" target=\"_blank\" rel=\"noopener noreferrer\">\u00a0expresi\u00f3n utilizada por Juan Ignacio Zoido<\/a>\u00a0durante la comparecencia organizada a tal efecto.<\/span><\/p>\n<p class=\"mce\" style=\"text-align: justify;\"><span style=\"font-size: 14pt; font-family: arial, helvetica, sans-serif;\">El aumento del n\u00famero de delitos y de la tasa de criminalidad en 2017 est\u00e1 vinculado a los resultados muy negativos de algunas comunidades aut\u00f3nomas. La peor de ellas es Islas Baleares, con un incremento de un 5,9% en el n\u00famero de delitos. Le sigue Catalunya, con un 4,5% de crecimiento y que cuenta con los Mossos d\u2019Esquadra como polic\u00eda integral. Canarias (2,9%), Murcia (2,7%), Cantabria (2,6%) y Madrid (2,1%) completan, en este orden, la lista de comunidades aut\u00f3nomas donde los delitos crecieron en 2017.<\/span><\/p>\n<h4 style=\"text-align: justify;\"><span style=\"font-size: 14pt; font-family: arial, helvetica, sans-serif;\">Evoluci\u00f3n de la tasa de criminalidad en Espa\u00f1a<\/span><\/h4>\n<p style=\"text-align: justify;\"><iframe loading=\"lazy\" class=\"tableau-responsive\" src=\"https:\/\/public.tableau.com\/views\/evoluciontasa\/evoluciontasacriminalidad?:showVizHome=no&amp;:embed=true\" width=\"100%\" height=\"270px\" scrolling=\"no\" data-mce-fragment=\"1\"><\/iframe><\/p>\n<p class=\"mce\" style=\"text-align: justify;\"><span style=\"font-size: 14pt; font-family: arial, helvetica, sans-serif;\">Para explicar la desaparici\u00f3n del indicador de la tasa de criminalidad, el departamento de Zoido alude a la creaci\u00f3n de una nueva p\u00e1gina web donde cualquier ciudadano puede consultar los datos detallados y desglosados por comunidades aut\u00f3nomas, por ciudades de m\u00e1s de 30.000 habitantes o por tipolog\u00edas delictivas, entre otros par\u00e1metros. En esas tablas, sin embargo, no aparece la tasa de criminalidad que lleva ocupando titulares desde la d\u00e9cada de los 2000.<\/span><\/p>\n<p class=\"mce\" style=\"text-align: justify;\"><span style=\"font-size: 14pt; font-family: arial, helvetica, sans-serif;\">La nueva herramienta no tiene siquiera acceso directo desde la web de Interior y hay que descender al final de la p\u00e1gina para encontrar un icono de \u201cAnuarios y Estad\u00edsticas\u201d que alberga en su interior el \u201cPortal Estad\u00edstico de Criminalidad\u201d. La otra opci\u00f3n es teclear\u00a0<a class=\"mce\" href=\"https:\/\/estadisticasdecriminalidad.ses.mir.es\/\" target=\"_blank\" rel=\"noopener noreferrer\">www.estadisticasdecriminalidad.ses.mir.es<\/a><\/span><\/p>\n<p class=\"mce\" style=\"text-align: justify;\"><span style=\"font-size: 14pt; font-family: arial, helvetica, sans-serif;\">Esta herramienta s\u00ed permite comprobar un desajuste entre las cifras del propio Ministerio que aun har\u00eda m\u00e1s grande el crecimiento de delitos. Cuando Interior public\u00f3 los datos de 2016, el n\u00famero de infracciones penales era de 2.011.586. Al volcar los datos de 2017, las cifras del a\u00f1o anterior han descendido hasta los 2.009.690, con lo que el aumento de un 1,8% en el n\u00famero de delitos y de 0,7 en la tasa de criminalidad, respectivamente, ser\u00eda todav\u00eda mayor.<\/span><\/p>\n<p class=\"mce\" style=\"text-align: justify;\"><span style=\"font-size: 14pt; font-family: arial, helvetica, sans-serif;\">Un portavoz de Interior asegura que las Fuerzas y Cuerpos de Seguridad ofrecen\u00a0todos los a\u00f1os datos provisionales que luego \u00abconsolidan\u00bb. El c\u00e1lculo de eldiario.es ha sido realizado con la \u00faltima cifra, m\u00e1s favorable para el Ministerio del Interior.\u00a0<\/span><\/p>\n<p class=\"mce\" style=\"text-align: justify;\"><span style=\"font-size: 14pt; font-family: arial, helvetica, sans-serif;\">La \u00faltima vez que el Ministerio del Interior compar\u00f3 a Espa\u00f1a con el resto de pa\u00edses de la Uni\u00f3n Europea fue en 2015. Entonces, aseguraba que se trata del tercer pa\u00eds m\u00e1s seguro de la UE, solo por detr\u00e1s de Grecia y Portugal, si se atend\u00eda a la citada tasa de criminalidad. Seg\u00fan esos datos, el pa\u00eds m\u00e1s inseguro de la UE es Suecia, con una tasa de 147,9 delitos por cada mil habitantes. Le segu\u00edan B\u00e9lgica, Dinamarca, Finlandia y Alemania.\u00a0<\/span><\/p>\n<div class=\"SandboxRoot is-touch env-bp-350\" style=\"text-align: justify;\" data-twitter-event-id=\"0\">\n<div id=\"twitter-widget-1\" class=\"EmbeddedTweet EmbeddedTweet--edge EmbeddedTweet--mediaForward media-forward js-clickToOpenTarget js-tweetIdInfo tweet-InformationCircle-widgetParent\" lang=\"es\" data-click-to-open-target=\"https:\/\/twitter.com\/interiorgob\/status\/645517524017250304\" data-iframe-title=\"Tweet de Twitter\" data-dt-full=\"%{hours24}:%{minutes} - %{day} %{month} %{year}\" data-dt-explicit-timestamp=\"10:39 - 20 sept. 2015\" data-dt-months=\"ene|feb|mar|abr|Mayo|jun|jul|ago|sep|oct|nov|dic\" data-dt-am=\"AM\" data-dt-pm=\"PM\" data-dt-now=\"ahora\" data-dt-s=\"s\" data-dt-m=\"m\" data-dt-h=\"h\" data-dt-second=\"segundo\" data-dt-seconds=\"segundos\" data-dt-minute=\"minuto\" data-dt-minutes=\"minutos\" data-dt-hour=\"hora\" data-dt-hours=\"horas\" data-dt-abbr=\"%{number}%{symbol}\" data-dt-short=\"%{day} %{month}\" data-dt-long=\"%{day} %{month} %{year}\" data-scribe=\"page:tweet\" data-tweet-id=\"645517524017250304\" data-twitter-event-id=\"1\">\n<article class=\"MediaCard\n           MediaCard--mediaForward\n           \n           customisable-border\" dir=\"ltr\" data-scribe=\"component:card\"><\/p>\n<blockquote class=\"twitter-tweet\" data-lang=\"es\">\n<p dir=\"ltr\" lang=\"es\">El esfuerzo diario de las Fuerzas de Seguridad y vuestra esencial colaboraci\u00f3n lo hacen posible GRACIAS <a href=\"https:\/\/twitter.com\/hashtag\/VivirSeguro?src=hash&amp;ref_src=twsrc%5Etfw\" target=\"_blank\" rel=\"noopener\">#VivirSeguro<\/a> <a href=\"http:\/\/t.co\/jOgLNiMaAP\">pic.twitter.com\/jOgLNiMaAP<\/a><\/p>\n<p>\u2014 Ministerio Interior (@interiorgob) <a href=\"https:\/\/twitter.com\/interiorgob\/status\/645517524017250304?ref_src=twsrc%5Etfw\" target=\"_blank\" rel=\"noopener\">20 de septiembre de 2015<\/a><\/p><\/blockquote>\n<p><script async=\"\" src=\"https:\/\/platform.twitter.com\/widgets.js\" charset=\"utf-8\"><\/script><\/p>\n<div class=\"u-hiddenVisually js-inViewportScribingTarget\"><span style=\"font-size: 14pt; font-family: arial, helvetica, sans-serif;\">\u00a0<\/span><\/div>\n<p class=\"Tweet-text e-entry-title\" dir=\"ltr\" lang=\"es\"><span style=\"font-size: 14pt; font-family: arial, helvetica, sans-serif;\">El esfuerzo diario de las Fuerzas de Seguridad y vuestra esencial colaboraci\u00f3n lo hacen posible GRACIAS <a class=\"PrettyLink hashtag customisable\" dir=\"ltr\" href=\"https:\/\/twitter.com\/hashtag\/VivirSeguro?src=hash\" rel=\"tag noopener\" data-query-source=\"hashtag_click\" data-scribe=\"element:hashtag\" target=\"_blank\"><span class=\"PrettyLink-prefix\">#<\/span><span class=\"PrettyLink-value Tweet-prettyLink\">VivirSeguro<\/span><\/a><\/span><\/p>\n<\/article>\n<\/div>\n<\/div>\n<div class=\"resize-sensor\">\n<div class=\"resize-sensor-shrink\">\n<div>\u00a0<\/div>\n<\/div>\n<\/div>\n<h3 style=\"text-align: justify;\"><span style=\"font-size: 14pt; font-family: arial, helvetica, sans-serif;\">Un 7,8% de\u00a0incremento en abusos sexuales\u00a0<\/span><\/h3>\n<p class=\"mce\" style=\"text-align: justify;\"><span style=\"font-size: 14pt; font-family: arial, helvetica, sans-serif;\">Por tipolog\u00edas crecen los delitos contra la vida, la integridad y la libertad de las personas, en especial los delitos sexuales, un 7,8%. Ese porcentaje es la media entre el crecimiento de las agresiones sexuales con penetraci\u00f3n, un 10,6% m\u00e1s -de 1.249 a 1.382- y el resto de abusos sexuales, que aumentan un 7,5%, de 9.595 a 10.310. Tambi\u00e9n experimentan un destacado aumento las lesiones, ya sean graves o \u201cmenos graves\u201d y las ri\u00f1as tumultuarias, con un 4,4% de subida.<\/span><\/p>\n<p class=\"mce\" style=\"text-align: justify;\"><span style=\"font-size: 14pt; font-family: arial, helvetica, sans-serif;\">Un crecimiento similar experimentan los homicidios dolosos y asesinatos consumados, situ\u00e1ndose en 308 durante 2017, un 4,8% m\u00e1s. En la presentaci\u00f3n del balance de 2016, Zoido celebr\u00f3 que este delito hubiera bajado de la \u201cbarrera psicol\u00f3gica\u201d de las 300 v\u00edctimas mortales, situ\u00e1ndose ese a\u00f1o en 294.<\/span><\/p>\n<p class=\"mce\" style=\"text-align: justify;\"><span style=\"font-size: 14pt; font-family: arial, helvetica, sans-serif;\">En esa misma comparecencia, celebrada el 14 de febrero de 2017, Zoido a\u00f1adi\u00f3: \u201cEn el a\u00f1o 2016, la tasa de criminalidad se coloca 7,4 puntos por debajo de la tasa correspondiente en el a\u00f1o 2005. El fen\u00f3meno criminal que actu\u00e1 dentro de nuestras fronteras ve cada vez m\u00e1s limitada su capacidad de movimiento, afianz\u00e1ndose Espa\u00f1a como uno de los pa\u00edses m\u00e1s seguros de Europa Occidental. Si mantenemos esta tendencia, el a\u00f1o pr\u00f3ximo podr\u00edamos bajar de la barrera de los 2 millones de delitos en un a\u00f1o, y volver\u00edamos a conseguir otro hito importante en cuanto a la seguridad en Espa\u00f1a\u201d. Sin embargo, el total de infracciones penales ha superado en m\u00e1s de 45.000 esa \u201cbarrera psicol\u00f3gica\u201d.<\/span><\/p>\n<h4 style=\"text-align: justify;\"><span style=\"font-size: 14pt; font-family: arial, helvetica, sans-serif;\">Tasa de criminalidad por CCAA<\/span><\/h4>\n<p style=\"text-align: justify;\"><iframe loading=\"lazy\" class=\"tableau-responsive\" src=\"https:\/\/public.tableau.com\/views\/Tasadecriminalidad2017\/tasadecriminalidad2017?:showVizHome=no&amp;:embed=true\" width=\"100%\" height=\"460px\" scrolling=\"no\" data-mce-fragment=\"1\"><\/iframe><\/p>\n<p class=\"mce\" style=\"text-align: justify;\"><span style=\"font-size: 14pt; font-family: arial, helvetica, sans-serif;\">El tr\u00e1fico de drogas tambi\u00e9n ha crecido en el \u00faltimo ejercicio un 4,1%, seg\u00fan los datos extra\u00eddos del Portal Estad\u00edstico de Criminalidad. Sin embargo, el 9 de enero de 2018, el Ministerio del Interior opt\u00f3 por informar de que el ejercicio interior hab\u00eda registrado la \u201ccifra r\u00e9cord\u201d de 477 toneladas de droga destruidas. Era parte de una extensa nota de prensa que mezclaba n\u00famero de terroristas yihadistas detenidos, rescates de inmigrantes en alta mar y algunos anuncios de pol\u00edticas para 2018. El\u00a0<a class=\"mce\" href=\"https:\/\/www.eldiario.es\/politica\/Zoido-propaganda-Interior-esconder-carreteras_0_727578027.html\" target=\"_blank\" rel=\"noopener\">\u00a0anuncio llegaba en plena crisis<\/a>\u00a0por la gesti\u00f3n que el director general de Tr\u00e1fico y el propio ministro hab\u00edan hecho de los atascos en las carreteras a la vuelta de las vacaciones navide\u00f1as y que hab\u00edan dejado a centenares de familias atrapadas en el temporal.<\/span><\/p>\n<p class=\"mce\" style=\"text-align: justify;\"><span style=\"font-size: 14pt; font-family: arial, helvetica, sans-serif;\">En el cap\u00edtulo de delitos que bajan en 2017 figuran los robos con fuerza en domicilios, un 7,2% menos que se queda en un 7% si se incluyen establecimientos y otras instalaciones; los secuestros, que descienden de 92 a 69; y el n\u00famero de coches robados (43.335 en 2016 por 42.519 en 2017).<\/span><\/p>\n<h3 style=\"text-align: justify;\"><span style=\"font-size: 14pt; font-family: arial, helvetica, sans-serif;\">Fin\u00a0de las comparecencias trimestrales<\/span><\/h3>\n<p class=\"mce\" style=\"text-align: justify;\"><span style=\"font-size: 14pt; font-family: arial, helvetica, sans-serif;\">Muy cr\u00edtico con la \u201ccocina\u201d que a su juicio realizaba el PSOE de los datos de criminalidad en la \u00e9poca de Zapatero, el Gobierno del PP prometi\u00f3 informaci\u00f3n trimestral y detallada. La medida fue ejecutada en tiempos de Jorge Fern\u00e1ndez D\u00edaz y heredada en la \u00e9poca de Zoido. Sin embargo, la tradicional presentaci\u00f3n de los datos cada trimestre acab\u00f3 el pasado verano.\u00a0<\/span><\/p>\n<p class=\"mce\" style=\"text-align: justify;\"><span style=\"font-size: 14pt; font-family: arial, helvetica, sans-serif;\">La \u00faltima comunicaci\u00f3n a los medios en este sentido corresponde al balance del primer semestre de 2016, hecho p\u00fablico el 2 de agosto. Se trataba de la segunda cifra negativa para Interior, despu\u00e9s de que el primer trimestre arrojara un crecimiento del 1,7% por ciento de los delitos. Coincidiendo con los datos del primer trimestre se hab\u00eda inaugurado el portal con los datos de ciminalidad, pero a pesar de ello hubo convocatoria ese segundo d\u00eda de agosto.<\/span><\/p>\n<p class=\"mce\" style=\"text-align: justify;\"><span style=\"font-size: 14pt; font-family: arial, helvetica, sans-serif;\">Consultado por el motivo de la desaparici\u00f3n de ruedas y notas de prensa, el departamento de Zoido explic\u00f3 el pasado mes de enero que el portal es mucho m\u00e1s completo que cualquier nota de prensa y que \u00e9stas se volver\u00e1n a difundir en funci\u00f3n de la \u00abdemanda\u00bb que haya.<\/span><\/p>\n<p>&nbsp;<\/p>\n<p><a href=\"https:\/\/puntocritico.com\/ausajpuntocritico\/wp-content\/uploads\/2018\/03\/Mosca_Punto_Cr\u00edtico_40.png\" rel=\"lightbox[10544]\"><img loading=\"lazy\" decoding=\"async\" class=\"aligncenter wp-image-9528\" src=\"https:\/\/puntocritico.com\/ausajpuntocritico\/wp-content\/uploads\/2018\/03\/Mosca_Punto_Cr\u00edtico_40.png\" alt=\"\" width=\"40\" height=\"40\" \/><\/a><\/p>\n<div>\n<h1 class=\"pg-headline\" style=\"text-align: center;\"><a id=\"ref19\"><\/a><a href=\"#ref19a\">[20]<\/a> La Audiencia Nacional investiga los \u00abvand\u00e1licos actos\u00bb de los Comit\u00e9s en Defensa de la Rep\u00fablica<\/h1>\n<p><span style=\"font-size: 14pt;\">Por \u00abEldiario.es\u00bb<\/span><\/p>\n<\/div>\n<div><span style=\"color: #339966;\">Art\u00edculo publicado el 2 de abril de 2018 en<\/span><\/div>\n<div><span style=\"color: #339966;\"><a style=\"color: #339966;\" href=\"https:\/\/www.eldiario.es\/politica\/Audiencia-Nacional-Comites-Defensa-Republica_0_756625066.html\" target=\"_blank\" rel=\"noopener\">https:\/\/www.eldiario.es\/politica\/Audiencia-Nacional-Comites-Defensa-Republica_0_756625066.html<\/a><\/span><\/div>\n<div>\u00a0<\/div>\n<div>\u00a0<\/div>\n<figure id=\"attachment_10701\" aria-describedby=\"caption-attachment-10701\" style=\"width: 643px\" class=\"wp-caption aligncenter\"><a href=\"https:\/\/puntocritico.com\/ausajpuntocritico\/wp-content\/uploads\/2018\/04\/Comites-Defensa-Republica-Alcarras-Lleida_EDIIMA20180326_0052_4.jpg\" rel=\"lightbox[10544]\"><img loading=\"lazy\" decoding=\"async\" class=\"wp-image-10701 size-full\" src=\"https:\/\/puntocritico.com\/ausajpuntocritico\/wp-content\/uploads\/2018\/04\/Comites-Defensa-Republica-Alcarras-Lleida_EDIIMA20180326_0052_4.jpg\" alt=\"\" width=\"643\" height=\"362\" srcset=\"https:\/\/puntocritico.com\/ausajpuntocritico\/wp-content\/uploads\/2018\/04\/Comites-Defensa-Republica-Alcarras-Lleida_EDIIMA20180326_0052_4.jpg 643w, https:\/\/puntocritico.com\/ausajpuntocritico\/wp-content\/uploads\/2018\/04\/Comites-Defensa-Republica-Alcarras-Lleida_EDIIMA20180326_0052_4-300x169.jpg 300w\" sizes=\"auto, (max-width: 643px) 100vw, 643px\" \/><\/a><figcaption id=\"caption-attachment-10701\" class=\"wp-caption-text\"><span style=\"font-size: 10pt;\"><strong><span style=\"color: #339966;\">Los Comit\u00e9s de Defensa de la Rep\u00fablica cortan la A-2 en Alcarr\u00e0s (Lleida) EFE <\/span><\/strong><\/span><\/figcaption><\/figure>\n<blockquote>\n<p style=\"text-align: justify;\"><span style=\"font-size: 14pt; font-family: arial, helvetica, sans-serif;\">Esas acciones pueden constituir \u00abdelitos de rebeli\u00f3n, malversaci\u00f3n y otros delitos de orden p\u00fablico\u00bb, se\u00f1ala la Fiscal\u00eda en un comunicado<\/span><\/p>\n<p style=\"text-align: justify;\"><span style=\"font-size: 14pt; font-family: arial, helvetica, sans-serif;\">El Ministerio P\u00fablico no aclara cu\u00e1ndo han comenzado esas investigaciones al asegurar que las \u00abha impulsado y lo seguir\u00e1 haciendo\u00bb<\/span><\/p>\n<\/blockquote>\n<p class=\"mce\" style=\"text-align: justify;\"><span style=\"font-size: 14pt; font-family: arial, helvetica, sans-serif;\">La Audiencia Nacional investiga las acciones de los Comit\u00e9s en Defensa de la Rep\u00fablica (CDR), que en los \u00faltimos d\u00edas han alentado protestas en las calles de varias ciudades de Catalunya y cortes en carreteras. La Fiscal\u00eda ha advertido\u00a0de que \u00ab<span class=\"mce\">\u00a0a la vista de los \u00faltimos acontecimientos\u00bb, esas acciones podr\u00edan constituir \u00abdelitos de rebeli\u00f3n, malversaci\u00f3n y otros delitos contra el orden p\u00fablico.<\/span><\/span><\/p>\n<p class=\"mce\" style=\"text-align: justify;\"><span style=\"font-size: 14pt; font-family: arial, helvetica, sans-serif;\"><span class=\"mce\">En un comunicado, la Fiscal\u00eda de la Audiencia Nacional ha tachado esas acciones como \u00abintolerables\u00bb e informa de que, con apoyo de la Fiscal\u00eda General del Estado, \u00ab<\/span>ha impulsado y lo seguir\u00e1 haciendo, investigaciones penales de todo tipo para llevar ante la justicia a los autores y promotores de esto vand\u00e1licos actos\u00bb. El comunicado a\u00f1ade que esos actos \u00abponen en peligro no solo la paz p\u00fablica y el orden constitucional, sino la misma esencia del sistema democr\u00e1tico que los Fiscales estamos obligados a defender.<\/span><\/p>\n<p class=\"mce\" style=\"text-align: justify;\"><span style=\"font-size: 14pt; font-family: arial, helvetica, sans-serif;\">\u00abEn uni\u00f3n de los Cuerpos y Fuerzas de Seguridad del Estado y bajo la direcci\u00f3n de la Audiencia Nacional, se mantienen activas investigaciones en persecuci\u00f3n de estas conductas, m\u00e1s all\u00e1 de las meras y concretas acciones individuales\u00bb, asegura la Fiscal\u00eda en su nota.<\/span><\/p>\n<p class=\"mce\" style=\"text-align: justify;\"><span style=\"font-size: 14pt; font-family: arial, helvetica, sans-serif;\">Seg\u00fan el Ministerio P\u00fablico, \u00abno puede obviarse el hecho de que con su actuar (en referencia a los CDR) lo que se pretende es la subversi\u00f3n del orden constitucional, amparando y ensalzando con violencia a personas judicialmente investigadas por los m\u00e1s graves delitos que pueden darse en un Estado Social y Democr\u00e1tico de Derecho como es la rebeli\u00f3n\u00bb.<\/span><\/p>\n<p class=\"mce\" style=\"text-align: justify;\"><span style=\"font-size: 14pt; font-family: arial, helvetica, sans-serif;\">\u00abDichas conductas -a\u00f1ade-, que a la vista de los \u00faltimos acontecimientos pudieran constituir delitos de rebeli\u00f3n, malversaci\u00f3n y otros delitos contra el orden p\u00fablico, no ser\u00e1n permitidos y la Fiscal\u00eda, como garante del orden constitucional, actuar\u00e1 con contundencia contra los mismos para llevar a sus autores ante la Justicia\u00bb.<\/span><\/p>\n<p>&nbsp;<\/p>\n<p><a href=\"https:\/\/puntocritico.com\/ausajpuntocritico\/wp-content\/uploads\/2018\/03\/Mosca_Punto_Cr\u00edtico_40.png\" rel=\"lightbox[10544]\"><img loading=\"lazy\" decoding=\"async\" class=\"aligncenter wp-image-9528\" src=\"https:\/\/puntocritico.com\/ausajpuntocritico\/wp-content\/uploads\/2018\/03\/Mosca_Punto_Cr\u00edtico_40.png\" alt=\"\" width=\"40\" height=\"40\" \/><\/a><\/p>\n<h1 class=\"entry-title\" style=\"text-align: center;\"><a id=\"ref20\"><\/a><a href=\"#ref20a\">[21]<\/a> De la dictadura franquista a la dictadura de los jueces<\/h1>\n<div class=\"author\"><span style=\"font-size: 14pt;\">Por Javier Segura<\/span><\/div>\n<div class=\"description\">Profesor de Historia. Alicante (www.javisegura.es)<\/div>\n<div>\u00a0<\/div>\n<div><span style=\"color: #339966;\">Art\u00edculo publicado el 3 de abril de 2018 en<\/span><\/div>\n<div><span style=\"color: #339966;\"><a style=\"color: #339966;\" href=\"http:\/\/blogs.publico.es\/otrasmiradas\/13127\/de-la-dictadura-franquista-a-la-dictadura-de-los-jueces\/\" target=\"_blank\" rel=\"noopener\">http:\/\/blogs.publico.es\/otrasmiradas\/13127\/de-la-dictadura-franquista-a-la-dictadura-de-los-jueces\/<\/a><\/span><\/div>\n<p>&nbsp;<\/p>\n<p style=\"text-align: justify;\"><span style=\"font-size: 14pt; font-family: arial, helvetica, sans-serif;\">En las postrimer\u00edas del fascismo nacionalista, cat\u00f3lico y militar en Espa\u00f1a y de la vida de quien lo encarn\u00f3 durante 40 a\u00f1os, el militar africanista Francisco Franco, que se mantuvo en el poder hasta el final \u201ca Dios rogando y con las armas fusilando\u201d, el\u00a0<strong>grito por la amnist\u00eda y la libertad<\/strong>\u00a0de todos los presos pol\u00edticos, encarcelados por su com\u00fan oposici\u00f3n al fascismo, reson\u00f3 como un clamor coral de la ciudadan\u00eda\u00a0social de todo el pa\u00eds, consciente de que deb\u00eda suponer la \u201cprimera piedra\u201d en la reconquista de las libertades democr\u00e1ticas. Cuarenta a\u00f1os despu\u00e9s, durante los cuales las viejas estructuras de poder de la Dictadura perviven en el R\u00e9gimen del 78 <a id=\"refart1a\"><\/a><a href=\"#refart1\">[1]<\/a>, la\u00a0<strong>ofensiva represiva y antidemocr\u00e1tica impulsada por el Gobierno de M. Rajoy contra el proc\u00e8s soberanista<\/strong>\u00a0catal\u00e1n en respuesta al refer\u00e9ndum del 1 de Octubre y a la posterior declaraci\u00f3n del Parlament en favor de la Republica catalana, ha supuesto la implantaci\u00f3n de un aut\u00e9ntico marco pol\u00edtico de excepci\u00f3n en Catalunya, dise\u00f1ado a conciencia, desde el principio, para desmantelar la capacidad de autogobierno de la Generalitat y, de paso, excluir al nacionalismo c\u00edvico catal\u00e1n como opci\u00f3n pol\u00edtica real.<\/span><\/p>\n<p style=\"text-align: justify;\"><span style=\"font-size: 14pt; font-family: arial, helvetica, sans-serif;\">En este proceso, las pasadas\u00a0<strong>elecciones del 21 de Diciembre<\/strong>, pensadas para que ganara el \u201cbloque del 155\u201d (Ciudadanos, PSOE y PP) y a las que los partidos pol\u00edticos soberanistas concurrieron con el veto previo del \u201ctripartito\u201d al cumplimiento de sus programas\u00a0 en caso de obtener el respaldo mayoritario de la ciudadan\u00eda, han constituido una verdadera afrenta democr\u00e1tica. El Gobierno del PP, con M. Rajoy al frente, pretend\u00eda guardar las apariencias de una democracia liberal y dej\u00f3 en evidencia su falta de cultura democr\u00e1tica.\u00a0<strong>\u00bfDesde cu\u00e1ndo en democracia son v\u00e1lidas unas elecciones s\u00f3lo si el resultado es favorable a quien las convoca?<\/strong><\/span><\/p>\n<p style=\"text-align: justify;\"><span style=\"font-size: 14pt; font-family: arial, helvetica, sans-serif;\">Hasta el momento, el soberanismo catal\u00e1n ha pagado con la prisi\u00f3n y el exilio de sus l\u00edderes m\u00e1s visibles la negligencia del Gobierno de M. Rajoy de no entender otro lenguaje que el del enga\u00f1o y la mano dura, un arma de doble filo, y convertir un problema, que s\u00f3lo puede resolverse de forma creativa en el \u00e1mbito de la pol\u00edtica entre iguales, en un asunto judicial para, de esta forma, esconder sus responsabilidades tras el manto de la invocaci\u00f3n eufem\u00edstica a la independencia de los jueces en un\u00a0 Estado de Derecho. \u00a1Pura hipocres\u00eda!. Sin duda, la vicepresidenta del Gobierno, Soraya Saez de Santamar\u00eda, debi\u00f3 ver cumplido\u00a0<span lang=\"es-ES\">su sue\u00f1o\u00a0<\/span><span lang=\"es-ES\">de\u00a0<\/span><span lang=\"es-ES\"><b>descabezar el \u201cindependentismo catal\u00e1n:\u00a0<\/b><\/span><span lang=\"es-ES\">primero<\/span><span lang=\"es-ES\"><b>,\u00a0<\/b><\/span><span lang=\"es-ES\">con<\/span><span lang=\"es-ES\">\u00a0la destituci\u00f3n del Govern\u00a0<\/span><span lang=\"es-ES\">y\u00a0<\/span><span lang=\"es-ES\">la disoluci\u00f3n del\u00a0<\/span><span lang=\"es-ES\">Parlament; luego,\u00a0<\/span><span lang=\"es-ES\">con las detenciones\u00a0<\/span><span lang=\"es-ES\">a\u00f1adidas\u00a0<\/span><span lang=\"es-ES\">del\u00a0<\/span><span lang=\"es-ES\">pasado 24 de Marzo<\/span><span lang=\"es-ES\">\u00a0de\u00a0<\/span><span lang=\"es-ES\">Jordi Turull,<\/span><span lang=\"es-ES\">ex-<\/span><span lang=\"es-ES\">candidato a la presidencia de\u00a0<\/span><span lang=\"es-ES\">la Generalitat<\/span><span lang=\"es-ES\">,\u00a0<\/span><span lang=\"es-ES\">Carmen Forcadell,\u00a0<\/span><span lang=\"es-ES\">expresidenta del Parlament,\u00a0<\/span><span lang=\"es-ES\">y\u00a0<\/span><span lang=\"es-ES\">los\u00a0<\/span><span lang=\"es-ES\">ex<\/span><span lang=\"es-ES\">consellers Ra\u00fcl Romeva, Josep Rull y Dolors Bassa,\u00a0<\/span><span lang=\"es-ES\">fruto de los autos delirantes del juez\u00a0<\/span><span lang=\"es-ES\">Pablo Llarena; y, sobre todo,\u00a0<\/span><span lang=\"es-ES\">con\u00a0<\/span><span lang=\"es-ES\">el\u00a0<\/span><span lang=\"es-ES\">ingreso\u00a0<\/span><span lang=\"es-ES\">al d\u00eda siguiente\u00a0<\/span><span lang=\"es-ES\">en un<\/span><span lang=\"es-ES\">a<\/span><span lang=\"es-ES\">\u00a0prisi\u00f3n alemana\u00a0<\/span><span lang=\"es-ES\">de\u00a0<\/span><span lang=\"es-ES\">Carles Puigdemont<\/span>, presidente leg\u00edtimo de la Generalitat, detenido por el CNI, organismo dependiente de Vicepresidencia del Gobierno. \u00a1Caza de brujas!<\/span><\/p>\n<p style=\"text-align: justify;\"><span style=\"font-size: 14pt; font-family: arial, helvetica, sans-serif;\">Adem\u00e1s, parece que los tiempos que se avecinan son de \u201csuma y sigue\u201d. En el momento de escribir estas l\u00edneas, a\u00fan est\u00e1 por ver, entre las numerosas causas judiciales a\u00fan abiertas, qu\u00e9 ocurre con el mayor de los Mossos d\u2019Escuadra, Josep Lluis Trapero, o con los 712 alcaldes que fueron interrogados antes del 1 de octubre por su predisposici\u00f3n a ceder espacios municipales para el desarrollo del refer\u00e9ndum soberanista.<\/span><\/p>\n<p style=\"text-align: justify;\"><span style=\"font-size: 14pt; font-family: arial, helvetica, sans-serif;\">No, no es un asunto de orden p\u00fablico o delincuencia com\u00fan, como pretenden hacer creer los \u201ccarceleros\u201d. Lo que ocurre es que el Gobierno de M. Rajoy no est\u00e1 dispuesto a pagar el coste que le supondr\u00eda reconocer la existencia, bajo su jurisdicci\u00f3n, de persecuci\u00f3n pol\u00edtica y, por tanto, de presos pol\u00edticos, algo que contraviene los pactos y tratados internacionales sobre derechos humanos, y prefiere \u201cquitarse el muerto de encima\u201d delegando su responsabilidad pol\u00edtica en los jueces, para que sean \u00e9stos los que se saquen de la chistera delitos, como el de sedici\u00f3n y rebeli\u00f3n,entre otros,\u00a0 que permitan tratar a los encausados como presos comunes o\u00a0<span lang=\"es-ES\">como \u201cpol\u00edticos presos\u201d.\u00a0<\/span><span lang=\"es-ES\">Es la\u00a0<\/span><span lang=\"es-ES\">f\u00f3rmula\u00a0<\/span><span lang=\"es-ES\">para\u00a0<\/span><span lang=\"es-ES\">legitimar la escalada\u00a0<\/span><span lang=\"es-ES\">represiva\u00a0<\/span><span lang=\"es-ES\">con la que se pretende\u00a0<\/span><span lang=\"es-ES\">la capitulaci\u00f3n del soberanismo catal\u00e1n<\/span>\u00a0y eliminar los puentes del di\u00e1logo pol\u00edtico. Es evidente que en esta situaci\u00f3n de\u00a0<strong>total asimetr\u00eda entre quienes defienden el derecho a decidir sobre la autodeterminaci\u00f3n de Catalunya y quienes los persiguen en los tribunales<\/strong>, todo llamamiento al di\u00e1logo como sustituto de la fuerza, como se plantea desde gran parte del progresismo, sin duda con buenas intenciones, supone, en la pr\u00e1ctica, la concesi\u00f3n del privilegio de veto al Estado espa\u00f1ol. Quien usa la fuerza no tiene el m\u00e1s m\u00ednimo inter\u00e9s en dialogar, sino en mantener los privilegios articulados en torno al Estado unitario <a id=\"refart2a\"><\/a>[<a href=\"#refart2\">[2]<\/a> Es evidente que frente a este prohibicionismo, la declaraci\u00f3n unilateral de independencia era la v\u00eda m\u00e1s adecuada para equilibrar la correlaci\u00f3n de fuerzas. Ahora, el protagonismo adquirido por los CDR (Comit\u00e9s de Defensa de la Rep\u00fablica) han situado el proc\u00e8s en una\u00a0<strong>nueva fase de resistencia popular.<\/strong><\/span><\/p>\n<p style=\"text-align: justify;\"><span style=\"font-size: 14pt; font-family: arial, helvetica, sans-serif;\">Todo ello obedece a un proceso hist\u00f3rico en el que el tr\u00e1nsito del legalismo franquista al reformismo democr\u00e1tico, cristalizado en el R\u00e9gimen del 78, ha supuesto la conservaci\u00f3n de pr\u00e1cticas totalitarias propias de la Dictadura en el sistema judicial que, bajo el mandato del PP, deriva hacia un aut\u00e9ntico\u00a0<strong>\u201cgobierno de los jueces\u201d\u00a0<\/strong>en la sombra <a id=\"refart3a\"><\/a>\u00a0<a href=\"#refart3\">[3]<\/a>. Y es, precisamente, este modelo de poder, en el que el ensa\u00f1amiento pol\u00edtico ocupa el lugar de la independencia judicial, el que deja las puertas abiertas a toda suerte de interpretaciones sesgadas, arbitrariedades y prevaricaciones para imponer la ley del m\u00e1s fuerte, bajo la falsa neutralidad del imperio de la ley. \u00bfPor qu\u00e9 hay que atribuir a los jueces el don de la infalibilidad cuando el acceso a la judicatura se obtiene, como en el resto de las profesiones, por concurso-oposici\u00f3n?<\/span><\/p>\n<p style=\"text-align: justify;\"><span style=\"font-size: 14pt; font-family: arial, helvetica, sans-serif;\">En este contexto, constituye un aut\u00e9ntico atropello a la democracia y a los derechos humanos que dirigentes pol\u00edticos y sociales del soberanismo catal\u00e1n se encuentren en prisi\u00f3n preventiva sin juicio por delitos que no cometieron. S\u00f3lo desde un contorsionismo jur\u00eddico que roza el esperpento puede equipararse la\u00a0<strong>movilizaci\u00f3n popular pac\u00edfica\u00a0<\/strong>en defensa del derecho a decidir en refer\u00e9ndum y la\u00a0<strong>declaraci\u00f3n de independencia\u00a0<\/strong>aprobada por el Parlament, un acto de reafirmaci\u00f3n pol\u00edtica del veredicto de las urnas, una vez cerrada toda v\u00eda de di\u00e1logo por el Gobierno de M. Rajoy, con un\u00a0<strong>\u201calzamiento tumultuoso\u201d (sedici\u00f3n) o un \u201calzamiento violento\u201d (rebeli\u00f3n) <a id=\"refart4a\"><\/a>\u00a0<a href=\"#refart4\">[4]<\/a><\/strong>, equipar\u00e1ndolo con un golpe de Estado contra la soberan\u00eda popular. Algo tan absurdo como como asociar la petici\u00f3n de divorcio de una mujer a un golpe de mano para imponer la soledad al c\u00f3nyuge. Enfin, el victimismo del verdugo.<\/span><\/p>\n<p style=\"text-align: justify;\"><span style=\"font-size: 14pt; font-family: arial, helvetica, sans-serif;\">M\u00e1s all\u00e1 del Gobierno de M. Rajoy, este cerco pol\u00edtico-judicial al proc\u00e8s soberanista catal\u00e1n est\u00e1 firmemente amparado en el\u00a0<strong>cierre de filas\u00a0<\/strong>de los aparatos del Estado, las c\u00fapulas de los partidos autodefinidos como constitucionalistas, PP, PSOE y Ciudadanos, las \u00e9lites empresariales del IBEX35 y las grandes plataformas medi\u00e1ticas, donde campan a sus anchas los charlatanes de \u201cla Caverna\u201d,\u00a0 en torno a un mensaje \u00fanico. Seg\u00fan este discurso unidireccional, la\u00a0<strong>\u201cunidad de Espa\u00f1a\u201d<\/strong>, eufemismo con el que se pretende confundir la unidad pol\u00edtica y territorial del Estado con la uni\u00f3n entre espa\u00f1oles, es lo que prima por encima de las voces disidentes y cr\u00edticas a este\u00a0<strong>paradigma heredado de la Dictadura franquista <a id=\"refart5a\"><\/a><\/strong><a href=\"#refart5\">[5]<\/a>. Un aut\u00e9ntico complot, sin el m\u00e1s m\u00ednimo escr\u00fapulo para articular un\u00a0<strong>relato\u00a0 difamatorio\u00a0<\/strong>en el que la ausencia de ideas se suple con acusaciones disparatadas, como las que asocian el derecho a la autodeterminaci\u00f3n a un delito, las que sacan a relucir comparaciones delirantes de Carles Puigdemont con Hitler y del soberanismo en su conjunto con el nazismo, cuando no con ETA, las que atribuyen a los colegios catalanes e institutos una maniobra preconcebida para inculcar el odio a Espa\u00f1a o las que vinculan la posibilidad de una Catalunya independiente al caos. Una afrenta al derecho de la ciudadan\u00eda a disponer de informaciones veraces.<\/span><\/p>\n<p style=\"text-align: justify;\"><span style=\"font-size: 14pt; font-family: arial, helvetica, sans-serif;\">Pero quiz\u00e1s, la acusaci\u00f3n m\u00e1s recurrente contra el soberanismo catal\u00e1n es aquella que lo asocia con el deseo de\u00a0<strong>\u201cromper Espa\u00f1a\u201d\u00a0<\/strong>sirvi\u00e9ndose para ello de un concepto vac\u00edo, de profundas resonancias franquistas:: el separatismo. Es falso. \u00bfDesde cu\u00e1ndo la construcci\u00f3n de un Estado independiente, apoyado en la leg\u00edtima aspiraci\u00f3n de una comunidad que, mayoritariamente, se siente naci\u00f3n, a tener sus propias instituciones, su agencia tributaria o su selecci\u00f3n de futbol, es un obst\u00e1culo para el entendimiento pol\u00edtico y las relaciones fraternales entre los pueblos? \u00bfPor qu\u00e9 no lo explican sin recurrir a la vieja m\u00edstica de la ley como algo que se mantiene inquebrantable por encima de la voluntad social? En realidad, el nacionalismo de estado espa\u00f1ol no tiene respuesta. La raz\u00f3n es que el rechazo al soberanismo c\u00edvico catal\u00e1n no se basa en que \u00e9ste pueda \u201cromper Espa\u00f1a\u201d. M\u00e1s bien, lo que ocurre es que,\u00a0<strong>sin el discurso del peligro de que Espa\u00f1a se rompa, las \u00e9lites del nacionalismo espa\u00f1ol perder\u00edan su legitimidad\u00a0<\/strong>y sus acciones coercitivas se ver\u00edan como un latrocinio. \u00a1Pura manipulaci\u00f3n!<\/span><\/p>\n<p style=\"text-align: justify;\"><span style=\"font-size: 14pt; font-family: arial, helvetica, sans-serif;\">Todo este conjunto de tergiversaciones, difamaciones y sanciones penales van m\u00e1s all\u00e1 de la cuesti\u00f3n catalana y pone en cuesti\u00f3n los l\u00edmites de una\u00a0<strong>democracia en ca\u00edda libre<\/strong>, desde hace una d\u00e9cada, hacia un r\u00e9gimen olig\u00e1rquico que se congratula, por boca de sus mandarines, de no perseguir a nadie \u201cpor sus ideas\u201d, \u00a1estar\u00eda bueno!, pero que no permite que tales ideas, articuladas en proyectos pol\u00edticos, se puedan implementar de manera efectiva en la realidad si chocan abiertamente con los intereses de las \u00e9lites privilegiadas en el statu quo. Es algo sobre lo que deber\u00edan reflexionar las fuerzas progresistas que pretendan desarrollar pol\u00edticas sociales o econ\u00f3micas en favor de los derechos de ciudadan\u00eda que, de verdad, transgredan los l\u00edmites de lo que las \u00e9lites consideran como sus intereses intocables. Estas \u00e9lites no toleran \u201cexcesos democr\u00e1ticos\u201d, ni en el terreno de los derechos sociales ni en el de los derechos nacionales, ambos totalmente conectados. En el cambio hacia un mundo mejor, la\u00a0<strong>solidaridad<\/strong>\u00a0se impone.<\/span><\/p>\n<p style=\"text-align: justify;\"><span style=\"font-size: 14pt; font-family: arial, helvetica, sans-serif;\">En este r\u00e9gimen, en el que las grandes corporaciones empresariales y financieras gobiernan la econom\u00eda, el \u201cgobierno de los jueces\u201d se manifiesta de manera evidente en la\u00a0<strong>evoluci\u00f3n restrictiva de los derechos y libertades,<\/strong>\u00a0con m\u00e1s vigilancia, m\u00e1s medidas sancionadoras, m\u00e1s intervenciones policiales abusivas y menos garant\u00edas judiciales, con el fin de controlar la discrepancia y castigar la disidencia de personas y colectivos progresistas. Y, mientras, la\u00a0<strong>Dictadura franquista sigue impune<\/strong>, por obra y gracia de un Gobierno de ineptos e hip\u00f3critas.<\/span><\/p>\n<p style=\"text-align: justify;\"><span style=\"font-size: 14pt; font-family: arial, helvetica, sans-serif;\">Volviendo a la cuesti\u00f3n catalana: La raz\u00f3n ha de imponerse sobre el tufo a naftalina pol\u00edtica. Y es la raz\u00f3n, asentada en la libertad de pensamiento y el an\u00e1lisis objetivo o, al menos, objetivable de la realidad, la que permite concluir que los dirigentes soberanistas catalanes que abandonaron Catalunya son\u00a0<strong>exiliados pol\u00edticos<\/strong>, que los dirigentes catalanes presos, a quienes se ha expoliado sus derechos pol\u00edticos al estar en prisi\u00f3n preventiva sin juicio por delitos que no han cometido, son\u00a0<strong>presos pol\u00edticos.\u00a0<\/strong>En un pa\u00eds con un pasado dictatorial de 40 a\u00f1os, donde los derechos humanos, entre ellos los derechos nacionales, fueron sistem\u00e1ticamente mancillados, deber\u00eda haber una reacci\u00f3n contundente, en particular de las fuerzas progresistas, reclamando\u00a0<strong>la libertad de los presos pol\u00edticos, la vuelta de las personas exiliadas y la anulaci\u00f3n de todos los procedimientos judiciales en marcha contra el soberanismo catal\u00e1n dentro de un proyecto solidario de recuperaci\u00f3n de la salud democr\u00e1tica en todo el pa\u00eds. \u00a1Sin miedo!<\/strong><\/span><\/p>\n<p style=\"text-align: justify;\"><span style=\"font-size: 14pt; font-family: arial, helvetica, sans-serif;\">Desde alicante, un abrazo fraternal a\u00a0 la ciudadan\u00eda catalana que ha abierto tantos puentes a la democracia en Espa\u00f1a. Tambi\u00e9n, por extensi\u00f3n, a todos\/as los que han sufrido este intolerable gobierno judicial.<\/span><\/p>\n<hr \/>\n<p style=\"text-align: justify;\"><span style=\"font-size: 14pt; font-family: 'times new roman', times, serif;\"><em><strong>NOTAS<\/strong><\/em><\/span><\/p>\n<p style=\"text-align: justify;\"><span style=\"font-size: 14pt; font-family: 'times new roman', times, serif;\"><a id=\"refart1\"><\/a><a href=\"#refart1a\">[1]<\/a>\u00a0V\u00e9ase mi art\u00edculo: \u201cNacionalismo espa\u00f1ol y adoctrinamiento ideol\u00f3gico\u201d en P\u00fablico: 5-3-18<\/span><\/p>\n<p style=\"text-align: justify;\"><span style=\"font-size: 14pt; font-family: 'times new roman', times, serif;\"><a id=\"refart2\"><\/a><a href=\"#reafart2a\">(2]<\/a> V\u00e9ase m[ art\u00edculo: \u201cEstado unitario y neoliberal espa\u00f1ol contra la soberan\u00eda democr\u00e1tica\u201d en P\u00fablico: 29-12-17<\/span><\/p>\n<p style=\"text-align: justify;\"><span style=\"font-size: 14pt; font-family: 'times new roman', times, serif;\"><a id=\"refart3\"><\/a><a href=\"#refart3a\">[3]<\/a> Algunos datos sobre la politizaci\u00f3n del Poder Judicial:<\/span><\/p>\n<ul style=\"text-align: justify;\">\n<li><span style=\"font-size: 14pt; font-family: 'times new roman', times, serif;\">La clave del proc\u00e8s soberanista catal\u00e1n est\u00e1 en la impugnaci\u00f3n en 2010 por el Tribunal Constitucional, a instancias del\u00a0 Partido Popular, del Estatuto de Catalunya de 2006, aprobado por los parlamentos catal\u00e1n y espa\u00f1ol y refrendado por el 74% de los votantes de Catalunya.<\/span><\/li>\n<li><span style=\"font-size: 14pt; font-family: 'times new roman', times, serif;\">Aprovechando la mayor\u00eda absoluta en las Cortes, el Gobierno de M. Rajoy reform\u00f3 la ley para otorgar al Tribunal Constitucional competencias sancionadoras propias del poder ejecutivo, como la suspensi\u00f3n en sus funciones de los cargos que rehusaran cumplir sus sentencias. El objetivo real:\u00a0 dinamitar el proc\u00e8s soberanista.<\/span><\/li>\n<li><span style=\"font-size: 14pt; font-family: 'times new roman', times, serif;\">El \u00f3rgano de gobierno de todos los jueces es el Consejo General del Poder Judicial. Tiene 21 miembros. Pero ninguno de ellos lo eligen los jueces. Todos sin excepci\u00f3n, son nombrados por el Congreso y el Senado, en la pr\u00e1ctica, por los dos grandes partidos, PP y el PSOE. El control del Consejo permite controlar tambi\u00e9n los nombramientos, entre otros, de los magistrados del Tribunal Supremo o los presidentes de los tribunales superiores de Justicia.<\/span><\/li>\n<\/ul>\n<p style=\"text-align: justify;\"><span style=\"font-size: 14pt; font-family: 'times new roman', times, serif;\"><a id=\"refart4\"><\/a><a href=\"#refart4a\">[4]<\/a>\u00a0Recordar, en este sentido, que en relaci\u00f3n con los dem\u00e1s delitos que se imputan, los de desobediencia y prevaricaci\u00f3n no conllevan penas de c\u00e1rcel y el de malversaci\u00f3n excluye la prisi\u00f3n preventiva por riesgo de fuga. Salta a la vista que mantener en prisi\u00f3n preventiva a los l\u00edderes catalanes es prevaricaci\u00f3n.<\/span><\/p>\n<p style=\"text-align: justify;\"><span style=\"font-size: 14pt; font-family: 'times new roman', times, serif;\"><a id=\"refart5\"><\/a><a href=\"#refart5a\">[5]<\/a> Nada como las propias palabras del ex-rey Juan Carlos en una entrevista a una televisi\u00f3n francesa en la que desvel\u00f3 el encargo que Franco le hiciera, \u201ccogi\u00e9ndole la mano\u201d en el lecho de muerte: \u201cAlteza, lo \u00fanico que le pido es que preserve la unidad de Espa\u00f1a\u201d.<\/span><\/p>\n<p style=\"text-align: justify;\"><span style=\"font-size: 14pt; font-family: 'times new roman', times, serif;\">Nota adicional: Parece mentira. Quienes han desatado esta \u201ccruzada\u201d no tienen el m\u00e1s m\u00ednimo rubor en utilizar la figura del \u201cpreso pol\u00edtico\u201d en otro pa\u00eds, l\u00e9ase Venezuela, como arma arrojadiza para desacreditar a los adversarios pol\u00edticos. Y, en 2006, el Gobierno de M. Rajoy recogi\u00f3 firmas por todo el Estado en favor de un refer\u00e9ndum contrario a la ley constitucional. \u00bfSe puede ser m\u00e1s cutre?<\/span><\/p>\n<p><a href=\"https:\/\/puntocritico.com\/ausajpuntocritico\/wp-content\/uploads\/2018\/03\/Mosca_Punto_Cr\u00edtico_40.png\" rel=\"lightbox[10544]\"><img loading=\"lazy\" decoding=\"async\" class=\"aligncenter wp-image-9528\" src=\"https:\/\/puntocritico.com\/ausajpuntocritico\/wp-content\/uploads\/2018\/03\/Mosca_Punto_Cr\u00edtico_40.png\" alt=\"\" width=\"40\" height=\"40\" \/><\/a><\/p>\n<div class=\"article-header-title\">\n<h1>\u00a0<\/h1>\n<h1 style=\"text-align: center;\"><a id=\"ref21\"><\/a><a href=\"#ref21a\">[22]<\/a> Espa\u00f1oles, el nacionalcatolicismo ha resucitado<\/h1>\n<p><span style=\"font-size: 14pt;\">Por\u00a0ALEJANDRO TORR\u00daS<\/span><\/p>\n<\/div>\n<div><span style=\"color: #339966;\">Articulo publicado el 2 de abril de 2018 en<\/span><\/div>\n<div><span style=\"color: #339966;\"><a style=\"color: #339966;\" href=\"http:\/\/www.publico.es\/sociedad\/espanoles-nacionalcatolicismo-resucitado.html\" target=\"_blank\" rel=\"noopener\">http:\/\/www.publico.es\/sociedad\/espanoles-nacionalcatolicismo-resucitado.html<\/a><\/span><\/div>\n<div>\u00a0<\/div>\n<div>\u00a0<\/div>\n<div>\n<figure id=\"attachment_10704\" aria-describedby=\"caption-attachment-10704\" style=\"width: 660px\" class=\"wp-caption aligncenter\"><a href=\"https:\/\/puntocritico.com\/ausajpuntocritico\/wp-content\/uploads\/2018\/04\/5ac27b9fe60f8.r_1522775747062.0-0-600-309.jpg\" rel=\"lightbox[10544]\"><img loading=\"lazy\" decoding=\"async\" class=\"wp-image-10704 size-full\" src=\"https:\/\/puntocritico.com\/ausajpuntocritico\/wp-content\/uploads\/2018\/04\/5ac27b9fe60f8.r_1522775747062.0-0-600-309.jpg\" alt=\"\" width=\"660\" height=\"340\" srcset=\"https:\/\/puntocritico.com\/ausajpuntocritico\/wp-content\/uploads\/2018\/04\/5ac27b9fe60f8.r_1522775747062.0-0-600-309.jpg 660w, https:\/\/puntocritico.com\/ausajpuntocritico\/wp-content\/uploads\/2018\/04\/5ac27b9fe60f8.r_1522775747062.0-0-600-309-300x155.jpg 300w\" sizes=\"auto, (max-width: 660px) 100vw, 660px\" \/><\/a><figcaption id=\"caption-attachment-10704\" class=\"wp-caption-text\"><span style=\"font-size: 10pt; color: #339966;\"><strong>Legionarios desfilan con el Cristo de la Buena Muerte en M\u00e1laga.- EFE<\/strong><\/span><\/figcaption><\/figure>\n<\/div>\n<div>\u00a0<\/div>\n<blockquote>\n<div style=\"text-align: justify;\"><strong><span style=\"font-size: 14pt; font-family: arial, helvetica, sans-serif; color: #008000;\">El giro reaccionario que el PP emprendi\u00f3 nada m\u00e1s llegar al poder a finales de 2011 se ha culminado en estos \u00faltimos meses con un Gobierno que ha decidido levantar la bandera de la Tradici\u00f3n haciendo saltar las alarmas de los defensores del Estado acofensional.<\/span><\/strong><\/div>\n<\/blockquote>\n<div style=\"text-align: justify;\"><span style=\"font-size: 14pt; font-family: arial, helvetica, sans-serif;\">\u00a0<\/span><\/div>\n<div style=\"text-align: justify;\">\n<p id=\"m602-601-603\"><span style=\"font-size: 14pt; font-family: arial, helvetica, sans-serif;\">\u00abDurante el r\u00e9gimen franquista, situaci\u00f3n caracterizada por la estrecha relaci\u00f3n entre el Estado y la Iglesia cat\u00f3lica\u00bb. As\u00ed define la RAE el significado de la palabra\u00a0<b>nacionalcatolicismo<\/b>. Lo hace acotando el concepto a los cerca de 40 a\u00f1os de dictadura franquista en Espa\u00f1a. Sin embargo, diferentes voces han sostenido que esa \u00abestrecha relaci\u00f3n\u00bb entre \u00abel Estado y la Iglesia cat\u00f3lica\u00bb no desapareci\u00f3 tras la Transici\u00f3n a la democracia. El te\u00f3logo\u00a0<b>Juan Jos\u00e9 Tamayo<\/b>, por ejemplo,\u00a0<a href=\"https:\/\/www.elperiodico.com\/es\/opinion\/20161219\/el-nacional-catolicismo-no-acaba-de-morir-5676790\" target=\"_blank\" rel=\"noopener noreferrer\">ha defendido ampliamente<\/a>\u00a0que en la democracia espa\u00f1ola el nacionalcatolismo\u00a0<b>\u00abno acaba de morir y el laicismo no acaba de nacer\u00bb.\u00a0<\/b><\/span><\/p>\n<p id=\"m607-1-608\"><span style=\"font-size: 14pt; font-family: arial, helvetica, sans-serif;\">La situaci\u00f3n se ha vuelto m\u00e1s grave, no obstante, en los \u00faltimos meses. El giro reaccionario que el PP emprendi\u00f3 nada m\u00e1s llegar al poder a finales de 2011 ha sido culminado estos \u00faltimos meses con un Gobierno que ha decidido\u00a0<b>levantar la bandera de la Tradici\u00f3n<\/b>\u00a0haciendo saltar las alarmas de los defensores del Estado aconfesional, tal y como define la Constituci\u00f3n al Estado.<\/span><\/p>\n<p id=\"m612-2-613\"><span style=\"font-size: 14pt; font-family: arial, helvetica, sans-serif;\">Entre los cr\u00edticos con este giro se encuentran, por ejemplo, los juristas\u00a0<b>Joaquim Bosch<\/b>, magistrado y exportavoz de Jueces y Juezas por la Democracia; y<b>\u00a0Joaqu\u00edn Ur\u00edas<\/b>, exletrado del Constitucional:\u00a0\u00abVeo mucho nacionalcatolicismo y poco constitucionalismo a la hora de aplicar la\u00a0<b>aconfesionalidad<\/b>\u00a0estatal\u00bb, denunciaba en Twitter recientemente Bosch, mientras que Ur\u00edas denunciaba que el PP ha dado \u00abel cambiazo\u00bb a la aconfesionalidad del Estado recordando que durante la Transici\u00f3n hab\u00eda grupos ultrarreligiosos que ped\u00edan votar \u00abno\u00bb a la Constituci\u00f3n\u00a0<b>apelando a Jesucristo.\u00a0<\/b><\/span><\/p>\n<p id=\"m622-4-623\"><span style=\"font-size: 14pt; font-family: arial, helvetica, sans-serif;\">El intento del Partido Popular por alzar la bandera de los valores tradicionales,<a href=\"http:\/\/www.lavanguardia.com\/politica\/20180401\/442091808673\/situacion-politica-espana.html\" target=\"_blank\" rel=\"noopener noreferrer\">\u00a0tal y como lo describe Enric Juliana<\/a>, se ha manifestado con claridad en esta Semana Santa, pero no \u00fanicamente. A continuaci\u00f3n reproducimos\u00a0<b>diez peque\u00f1as p\u00edldoras<\/b>que reflejan un retroceso en el camino hacia un Estado aconfesional.<\/span><\/p>\n<h2 id=\"m627-5-628\" class=\"highlighted\"><span style=\"font-size: 14pt; font-family: arial, helvetica, sans-serif;\">1. Cuatro ministros entonan &#8216;El novio de la muerte&#8217;<\/span><\/h2>\n<p id=\"m632-6-633\"><span style=\"font-size: 14pt; font-family: arial, helvetica, sans-serif;\">Ha sido, probablemente, la imagen m\u00e1s sonada de esta Semana Santa. Cuatro ministros (Cospedal, Zoido, M\u00e9ndez de Vigo y Catal\u00e1) presidieron el desembarco y traslado del<b>\u00a0Cristo de la Buena Muerte<\/b>\u00a0\u2013conocido como el Cristo de Mena\u2013\u00a0en M\u00e1laga e incluso se atrevieron a entonar\u00a0<i>El novio de la muerte<\/i>, el hist\u00f3rico himno legionario.<\/span><\/p>\n<p id=\"m637-7-638\"><span style=\"font-size: 14pt; font-family: arial, helvetica, sans-serif;\">La imagen, adem\u00e1s, se difundi\u00f3 en directo a trav\u00e9s de TVE, por lo que nada pareci\u00f3 casual. Era una imagen, solo una, pero con un enorme valor simb\u00f3lico para el electorado m\u00e1s conservador. Los populares, tras las cr\u00edticas cosechadas entre los partidarios de la laicidad del Estado, han defendido la presencia de sus ministros en el acto. \u00ab<a href=\"http:\/\/www.publico.es\/politica\/pp-defiende-ministros-entonasen-himno-legion-parte-tradiciones-culturales.html\" target=\"_blank\" rel=\"noopener noreferrer\">Forma parte de nuestras tradiciones<\/a>. Es un himno muy respetable\u00bb, ha se\u00f1alado el portavoz,\u00a0<b>Rafael Hernando.\u00a0<\/b><\/span><\/p>\n<div id=\"m642-8-643\" class=\"html\">\n<div class=\"SandboxRoot is-touch env-bp-350\" data-twitter-event-id=\"0\">\n<div id=\"twitter-widget-0\" class=\"EmbeddedTweet EmbeddedTweet--edge EmbeddedTweet--mediaForward media-forward js-clickToOpenTarget js-tweetIdInfo tweet-InformationCircle-widgetParent\" lang=\"en\" data-click-to-open-target=\"https:\/\/twitter.com\/zoidoJI\/status\/979289550097911808\" data-iframe-title=\"Twitter Tweet\" data-dt-full=\"%{hours12}:%{minutes} %{amPm} - %{day} %{month} %{year}\" data-dt-explicit-timestamp=\"11:29 AM - Mar 29, 2018\" data-dt-months=\"Jan|Feb|Mar|Apr|May|Jun|Jul|Aug|Sep|Oct|Nov|Dec\" data-dt-am=\"AM\" data-dt-pm=\"PM\" data-dt-now=\"now\" data-dt-s=\"s\" data-dt-m=\"m\" data-dt-h=\"h\" data-dt-second=\"second\" data-dt-seconds=\"seconds\" data-dt-minute=\"minute\" data-dt-minutes=\"minutes\" data-dt-hour=\"hour\" data-dt-hours=\"hours\" data-dt-abbr=\"%{number}%{symbol}\" data-dt-short=\"%{day} %{month}\" data-dt-long=\"%{day} %{month} %{year}\" data-scribe=\"page:tweet\" data-tweet-id=\"979289550097911808\" data-twitter-event-id=\"2\">\n<blockquote class=\"twitter-tweet\" data-lang=\"es\">\n<p dir=\"ltr\" lang=\"es\"><span style=\"font-size: 14pt; font-family: arial, helvetica, sans-serif;\">Espectacular el tradicional desembarco de <a href=\"https:\/\/twitter.com\/Lalegion_es?ref_src=twsrc%5Etfw\" target=\"_blank\" rel=\"noopener\">@Lalegion_es<\/a> en el Puerto de M\u00e1laga para participar en el traslado del Cristo de la Buena Muerte de la <a href=\"https:\/\/twitter.com\/cofradiamena?ref_src=twsrc%5Etfw\" target=\"_blank\" rel=\"noopener\">@cofradiamena<\/a>. <a href=\"https:\/\/t.co\/aRq4Fj8klw\">pic.twitter.com\/aRq4Fj8klw<\/a><\/span><\/p>\n<p><span style=\"font-size: 14pt; font-family: arial, helvetica, sans-serif;\">\u2014 Juan Ignacio Zoido (@zoidoJI) <a href=\"https:\/\/twitter.com\/zoidoJI\/status\/979289550097911808?ref_src=twsrc%5Etfw\" target=\"_blank\" rel=\"noopener\">29 de marzo de 2018<\/a><\/span><\/p><\/blockquote>\n<p><span style=\"font-size: 14pt; font-family: arial, helvetica, sans-serif;\"><script async=\"\" src=\"https:\/\/platform.twitter.com\/widgets.js\" charset=\"utf-8\"><\/script><\/span><span style=\"font-family: arial, helvetica, sans-serif; font-size: 14pt;\">\u00a0<\/span><\/div>\n<\/div>\n<\/div>\n<\/div>\n<h2 id=\"m647-9-648\" class=\"highlighted\" style=\"text-align: justify;\"><span style=\"font-size: 14pt; font-family: arial, helvetica, sans-serif;\">2. Defensa ordena izar la bandera a media asta<\/span><\/h2>\n<p id=\"m652-10-653\" style=\"text-align: justify;\"><span style=\"font-size: 14pt; font-family: arial, helvetica, sans-serif;\">El ministerio de Defensa, que dirige\u00a0<b>Mar\u00eda Dolores de Cospedal<\/b>, orden\u00f3 esta Semana Santa por segundo a\u00f1o consecutivo izar la bandera a media asta como s\u00edmbolo de duelo por el fallecimiento de Jes\u00fas de Nazaret. Defensa alega que se trata de una\u00a0<b>\u00abtradici\u00f3n\u00bb<\/b>\u00a0y que tambi\u00e9n con el PSOE se ordenaba. Sin embargo, el exministro socialista Jos\u00e9 Bono desminti\u00f3 a Cospedal y asegur\u00f3 que durante su mandato jam\u00e1s se orden\u00f3 izar la bandera a media asta en Semana Santa.\u00a0<\/span><\/p>\n<p id=\"m657-11-658\" style=\"text-align: justify;\"><span style=\"font-size: 14pt; font-family: arial, helvetica, sans-serif;\">El Defensor del Pueblo, en declaraciones a<i>\u00a0eldiario.es<\/i>, tambi\u00e9n ha cuestionado que la medida sea adecuada por su posible colusi\u00f3n con la\u00a0<b>aconfesionalidad<\/b>\u00a0del Estado.<\/span><\/p>\n<div id=\"m662-12-663\" class=\"captioned-image image-article article-multimedia-info\" style=\"text-align: justify;\">\n<div class=\"description-image\"><span style=\"font-size: 14pt; font-family: arial, helvetica, sans-serif;\">\u00a0<\/span><\/div>\n<div class=\"image\">\n<div id=\"m666-665-667\" class=\"image\">\n<figure id=\"attachment_10733\" aria-describedby=\"caption-attachment-10733\" style=\"width: 660px\" class=\"wp-caption aligncenter\"><a href=\"https:\/\/puntocritico.com\/ausajpuntocritico\/wp-content\/uploads\/2018\/04\/593672f14d7ae.jpg\" rel=\"lightbox[10544]\"><img loading=\"lazy\" decoding=\"async\" class=\"wp-image-10733 size-full\" src=\"https:\/\/puntocritico.com\/ausajpuntocritico\/wp-content\/uploads\/2018\/04\/593672f14d7ae.jpg\" alt=\"\" width=\"660\" height=\"340\" srcset=\"https:\/\/puntocritico.com\/ausajpuntocritico\/wp-content\/uploads\/2018\/04\/593672f14d7ae.jpg 660w, https:\/\/puntocritico.com\/ausajpuntocritico\/wp-content\/uploads\/2018\/04\/593672f14d7ae-300x155.jpg 300w\" sizes=\"auto, (max-width: 660px) 100vw, 660px\" \/><\/a><figcaption id=\"caption-attachment-10733\" class=\"wp-caption-text\"><span style=\"font-size: 10pt; color: #339966; font-family: georgia, palatino, serif;\"><strong>La bandera ondea a media asta en el cuartel de artiller\u00eda de Fuencarral.- ATLAS<\/strong><\/span><\/figcaption><\/figure><\/p>\n<div class=\"kalooga_SVG kalooga_richbutton\">\n<div class=\"kalooga_post\">\u00a0<\/div>\n<\/div>\n<\/div>\n<\/div>\n<\/div>\n<h2 id=\"m679-13-680\" class=\"highlighted\" style=\"text-align: justify;\"><span style=\"font-size: 14pt; font-family: arial, helvetica, sans-serif;\">3. El No-Do regresa a TVE para exaltar la fe cat\u00f3lica\u00a0<\/span><\/h2>\n<p id=\"m684-14-685\" style=\"text-align: justify;\"><span style=\"font-size: 14pt; font-family: arial, helvetica, sans-serif;\"><b>\u00abEsto no es la calle Larios, esto es Jerusal\u00e9n\u00bb<\/b>, dec\u00eda extasiado el locutor de La 2 durante la noche del Jueves Santo en directo desde M\u00e1laga para acto seguido hacer un repaso de lo que hab\u00eda dado de s\u00ed la jornada de actos religiosos en toda Espa\u00f1a. Mientras tanto, el Telediario de La 1\u00a0relata c\u00f3mo hasta cuatro miembros del Gobierno han acudido a la procesi\u00f3n legionaria de M\u00e1laga.\u00a0<\/span><\/p>\n<p style=\"text-align: justify;\"><span style=\"font-size: 14pt; font-family: arial, helvetica, sans-serif;\">\u00abPorque en el resumen de La 2 quienes hablan lo hacen desde un catolicismo militante y si alguno de los dos comentaristas no es cura, desde luego que tiene voz de cura\u00bb<\/span><\/p>\n<p id=\"m694-16-695\" style=\"text-align: justify;\"><span style=\"font-size: 14pt; font-family: arial, helvetica, sans-serif;\">Tal y como destaca el portal especializado en televisi\u00f3n\u00a0<i><a href=\"http:\/\/www.zeleb.es\/tv\/el-nacionalcatolicismo-vuelve-a-tve-por-semana-santa\" target=\"_blank\" rel=\"noopener noreferrer\">Zeleb.es<\/a><\/i>, el problema en este caso no es ya el despliegue de medios de la televisi\u00f3n p\u00fablica para cubrir la festividad religiosa, que podr\u00eda ser tambi\u00e9n, sino el tono empleado y el modo de contarlo a los espectadores.\u00a0<\/span><\/p>\n<p id=\"m699-17-700\" style=\"text-align: justify;\"><span style=\"font-size: 14pt; font-family: arial, helvetica, sans-serif;\">\u00abPorque en el resumen de La 2 quienes hablan lo hacen desde un\u00a0<b>catolicismo militante<\/b>\u00a0y si alguno de los dos comentaristas no es cura, desde luego que tiene voz de cura y expresiones de sacerdote de los de antes. (&#8230;)\u00a0Todo es\u00a0<b>apolog\u00eda de la fe cristiana<\/b>. Lo cual resulta admisible en otros \u00e1mbitos pero no debiera serlo en una televisi\u00f3n que pertenece a todas y todos y que, adem\u00e1s, se inscribe en lo que la Constituci\u00f3n define como Estado aconfesional\u00bb,\u00a0<a href=\"http:\/\/www.zeleb.es\/tv\/el-nacionalcatolicismo-vuelve-a-tve-por-semana-santa\" target=\"_blank\" rel=\"noopener noreferrer\">denunciaba el portal<\/a>.\u00a0<\/span><\/p>\n<h2 id=\"m704-18-705\" class=\"highlighted\" style=\"text-align: justify;\"><span style=\"font-size: 14pt; font-family: arial, helvetica, sans-serif;\">4.\u00a0Obispos, como Munilla, fuera de sus casillas<\/span><\/h2>\n<div id=\"m709-19-710\" class=\"image-vertical\" style=\"text-align: justify;\">\n<div class=\"image-vertical-content\">\n<div id=\"m713-712-714\" class=\"image\">\n<figure id=\"attachment_10736\" aria-describedby=\"caption-attachment-10736\" style=\"width: 240px\" class=\"wp-caption alignleft\"><a href=\"https:\/\/puntocritico.com\/ausajpuntocritico\/wp-content\/uploads\/2018\/04\/5a9e9c27d1fbf.r_1522775747009.62-0-337-347.jpg\" rel=\"lightbox[10544]\"><img loading=\"lazy\" decoding=\"async\" class=\"wp-image-10736 size-full\" src=\"https:\/\/puntocritico.com\/ausajpuntocritico\/wp-content\/uploads\/2018\/04\/5a9e9c27d1fbf.r_1522775747009.62-0-337-347.jpg\" alt=\"\" width=\"240\" height=\"300\" \/><\/a><figcaption id=\"caption-attachment-10736\" class=\"wp-caption-text\"><span style=\"color: #339966; font-size: 10pt; font-family: georgia, palatino, serif;\"><strong>El Obispo de San Sebastian, Jos\u00e9 Ignacio Munilla. \/EFE<\/strong><\/span><\/figcaption><\/figure><\/p>\n<div class=\"kalooga_SVG kalooga_richbutton\">\n<div class=\"kalooga_post\"><span style=\"font-size: 14pt; font-family: arial, helvetica, sans-serif;\">El obispo de San Sebasti\u00e1n,\u00a0<b>Jos\u00e9 Ignacio Munilla<\/b>, est\u00e1 desatado en los \u00faltimos tiempos. Suyas fueron las palabras que se\u00f1alaban que el demonio\u00a0<a href=\"http:\/\/www.publico.es\/sociedad\/obispo-san-sebastian-acusa-feministas-llevar-demonio.html\" target=\"_blank\" rel=\"noopener noreferrer\">le hab\u00eda metido un gol\u00a0<\/a>al feminismo, entre otras cosas. No es el \u00fanico. Obispos y sacerdotes han ocupado titulares por sus pol\u00e9micas declaraciones sobre feminismo o derechos del colectivo LGTBi. El obispo de Alcal\u00e1 de Henares, por ejemplo, en la misa de Viernes Santo de 2012\u00a0<a href=\"https:\/\/elpais.com\/sociedad\/2012\/04\/07\/actualidad\/1333805578_322427.html\" target=\"_blank\" rel=\"noopener noreferrer\">asoci\u00f3 homosexualidad y prostituci\u00f3n en su homil\u00eda retransmitida por TVE.<\/a><\/span><\/div>\n<\/div>\n<\/div>\n<\/div>\n<\/div>\n<p id=\"m731-21-732\" style=\"text-align: justify;\"><span style=\"font-size: 14pt; font-family: arial, helvetica, sans-serif;\">En este recopilatorio de\u00a0<a href=\"http:\/\/www.publico.es\/tremending\/2017\/03\/14\/iglesia-hay-menores-que-desean-el-abuso-y-te-provocan-las-atrocidades-impunes-de-la-jerarquia-catolica\/\" target=\"_blank\" rel=\"noopener noreferrer\"><i>Tremending se\u00a0<\/i>recogen algunas de las frases\u00a0<\/a>m\u00e1s pol\u00e9micas que han pronunciado en los \u00faltimos a\u00f1os cargos de la Iglesia cat\u00f3lica. Entre ellas no est\u00e1n, sin embargo, frases como la del obispo Munilla tras el terremoto de Hait\u00ed,\u00a0 que dej\u00f3 222.000 muertos. El religioso se\u00f1al\u00f3 que<a href=\"http:\/\/www.elmundo.es\/pais-vasco\/2018\/03\/30\/5abe0008ca4741916d8b465c.html\" target=\"_blank\" rel=\"noopener noreferrer\">\u00a0\u00abexisten males mayores\u00bb<\/a>\u00a0y que \u00abdeber\u00edamos llorar por\u00a0<b>nuestra pobre situaci\u00f3n espiritual<\/b>\u00a0y nuestra concepci\u00f3n materialista de la vida\u00bb.\u00a0<\/span><\/p>\n<h2 id=\"m736-22-737\" class=\"highlighted\" style=\"text-align: justify;\"><span style=\"font-size: 14pt; font-family: arial, helvetica, sans-serif;\">5. La Fundaci\u00f3n Franco presume de golpe de Estado<\/span><\/h2>\n<p id=\"m741-23-742\" style=\"text-align: justify;\"><span style=\"font-size: 14pt; font-family: arial, helvetica, sans-serif;\">Esta Semana Santa y, concretamente, el Domingo de Resurrecci\u00f3n tambi\u00e9n vimos a la Fundaci\u00f3n Francisco Franco, dedicada a ensalzar la vida y obra del dictador, celebrar en la red social Twitter el aniversario de la victoria de los golpistas que se alzaron en armas el 18 de julio de 1936 contra la democracia republicana y que provocaron la Guerra Civil. \u00ab<b>Hoy celebramos una Victoria tan justa como merecida<\/b>\u00ab, escribieron en Twitter ante la estupefacci\u00f3n de los ciudadanos.\u00a0<\/span><\/p>\n<blockquote class=\"twitter-tweet\" data-lang=\"es\">\n<p dir=\"ltr\" lang=\"es\"><span style=\"font-size: 14pt; font-family: arial, helvetica, sans-serif;\">Hoy celebramos una Victoria tan justa como merecida <a href=\"https:\/\/t.co\/T5nsRw0d7p\">pic.twitter.com\/T5nsRw0d7p<\/a><\/span><\/p>\n<p><span style=\"font-size: 14pt; font-family: arial, helvetica, sans-serif;\">\u2014 Fundaci\u00f3n F. Franco (@FNFFranco) <a href=\"https:\/\/twitter.com\/FNFFranco\/status\/980411685277224960?ref_src=twsrc%5Etfw\" target=\"_blank\" rel=\"noopener\">1 de abril de 2018<\/a><\/span><\/p><\/blockquote>\n<p style=\"text-align: justify;\"><span style=\"font-size: 14pt; font-family: arial, helvetica, sans-serif;\"><script async=\"\" src=\"https:\/\/platform.twitter.com\/widgets.js\" charset=\"utf-8\"><\/script><\/span><\/p>\n<div class=\"resize-sensor\" style=\"text-align: justify;\">\n<div class=\"resize-sensor-expand\">\n<div><span style=\"font-family: arial, helvetica, sans-serif; font-size: 14pt;\">Resulta curioso, no obstante, que<\/span><a style=\"font-family: arial, helvetica, sans-serif; font-size: 14pt;\" href=\"http:\/\/www.publico.es\/tremending\/2018\/03\/27\/alemania-mantiene-bloqueada-en-twitter-a-la-fundacion-franco-por-incitar-al-odio\/\" target=\"_blank\" rel=\"noopener noreferrer\">\u00a0desde Alemania no sea accesible el perfil\u00a0<\/a><span style=\"font-family: arial, helvetica, sans-serif; font-size: 14pt;\">de la Fundaci\u00f3n del dictador en la mencionada red social por<\/span><b style=\"font-family: arial, helvetica, sans-serif; font-size: 14pt;\">\u00a0incitar al odio y a la violencia<\/b><span style=\"font-family: arial, helvetica, sans-serif; font-size: 14pt;\">\u00a0y en Espa\u00f1a, donde se sufri\u00f3 ese odio y esa violencia, esta Fundaci\u00f3n haya recibido subvenciones y\u00a0<\/span><a style=\"font-family: arial, helvetica, sans-serif; font-size: 14pt;\" href=\"http:\/\/www.publico.es\/politica\/gobierno-continua-permitiendo-fundacion-franco-posea-secretos-oficiales.html\" target=\"_blank\" rel=\"noopener noreferrer\">tenga en su poder documentos que est\u00e1n considerados como secretos de Estado ante la pasividad del Gobierno<\/a><span style=\"font-family: arial, helvetica, sans-serif; font-size: 14pt;\">.\u00a0<\/span><\/div>\n<\/div>\n<\/div>\n<h2 id=\"m756-26-757\" class=\"highlighted\" style=\"text-align: justify;\"><span style=\"font-size: 14pt; font-family: arial, helvetica, sans-serif;\">6. La justicia no llega para v\u00edctimas de la dictadura<\/span><\/h2>\n<p id=\"m761-27-762\" style=\"text-align: justify;\"><span style=\"font-size: 14pt; font-family: arial, helvetica, sans-serif;\">Mientras la Fundaci\u00f3n Francisco celebra la\u00a0<b>\u00abvictoria\u00bb<\/b>\u00a0del 1 de abril de 1939, las v\u00edctimas de la dictadura siguen sin obtener justicia y cientos de miles de republicanos que lucharon para defender la\u00a0<b>joven democracia republicana<\/b>\u00a0est\u00e1n en cunetas abandonados por el Estado.\u00a0<\/span><\/p>\n<p style=\"text-align: justify;\"><span style=\"font-size: 14pt; font-family: arial, helvetica, sans-serif;\">Mientras la Fundaci\u00f3n Francisco celebra la \u00abvictoria\u00bb del 1 de abril de 1939 las v\u00edctimas de la dictadura siguen sin obtener justicia<\/span><\/p>\n<p id=\"m771-29-772\" style=\"text-align: justify;\"><span style=\"font-size: 14pt; font-family: arial, helvetica, sans-serif;\">El pasado 20 de marzo, hace apenas dos semanas,\u00a0<b>PP, PSOE y Ciudadanos<\/b>\u00a0votaron juntos en el Congreso para oponerse a la modificaci\u00f3n de la\u00a0<a href=\"http:\/\/www.publico.es\/politica\/seis-razones-ley-amnistia-no-sirve-y-franquistas-deben-juzgados.html\" target=\"_blank\" rel=\"noopener noreferrer\">Ley de Amnist\u00eda de 1977<\/a>que abr\u00eda la puerta a la posibilidad de juzgar a los mandos franquistas que queden con vida, como el torturador\u00a0<i>Billy el Ni\u00f1o\u00a0<\/i>o varios ministros, y que dar\u00eda cumplimiento a las\u00a0<a href=\"http:\/\/www.publico.es\/politica\/onu-claro-espana-juzgar-o-extraditar-franquistas.html\" target=\"_blank\" rel=\"noopener noreferrer\">recomendaciones<\/a>\u00a0que organismos internacionales especializados en\u00a0<b>Derechos Humanos<\/b>\u00a0han dado al Estado espa\u00f1ol.\u00a0<\/span><\/p>\n<p id=\"m776-30-777\" style=\"text-align: justify;\"><span style=\"font-size: 14pt; font-family: arial, helvetica, sans-serif;\">Mientras tanto, ministros durante la dictadura, como Fernando Su\u00e1rez, conceden entrevistas a\u00a0<a href=\"http:\/\/www.elmundo.es\/opinion\/2018\/02\/24\/5a8dbf29268e3ec2518b45c2.html\" target=\"_blank\" rel=\"noopener noreferrer\">diarios de tirada nacional como\u00a0<i>El Mundo<\/i><\/a>\u00a0en las que no se le piden cuentas por su participaci\u00f3n en una dictadura que ejerci\u00f3 violencia sistem\u00e1tica contra la poblaci\u00f3n o por haber firmado penas de muerte contra ciudadanos en los \u00faltimos coletazos del franquismo.\u00a0<\/span><\/p>\n<h2 id=\"m781-31-782\" class=\"highlighted\" style=\"text-align: justify;\"><span style=\"font-size: 14pt; font-family: arial, helvetica, sans-serif;\">7. La religi\u00f3n, dentro de las aulas<\/span><\/h2>\n<p id=\"m786-32-787\" style=\"text-align: justify;\"><span style=\"font-size: 14pt; font-family: arial, helvetica, sans-serif;\">A pesar de la llegada del Estado acofensional, la asignatura de Religi\u00f3n nunca sali\u00f3 de las aulas, pero es que con la LOMCE, la pol\u00e9mica Ley de Educaci\u00f3n del Partido Popular, cuenta adem\u00e1s para la nota. De hecho, el actual ministro de Educaci\u00f3n,\u00a0<b>M\u00e9ndez de Vigo<\/b>,\u00a0<a href=\"https:\/\/www.eldiario.es\/sociedad\/Mendez-Vigo-aumenten-Religion-referencias_0_436056584.html\" target=\"_blank\" rel=\"noopener noreferrer\">se jactaba recientemente<\/a>\u00a0de que la nueva ley haya aumentado el n\u00famero de alumnos de Religi\u00f3n.\u00a0\u00abEs importante que el sistema educativo tenga referencias a valores, en algunos\u00a0<b>casos religiosos<\/b>\u00a0y en otros \u00e9ticos\u00bb, dec\u00eda el ministro.\u00a0<\/span><\/p>\n<p id=\"m791-33-792\" style=\"text-align: justify;\"><span style=\"font-size: 14pt; font-family: arial, helvetica, sans-serif;\">En los \u00faltimos a\u00f1os tambi\u00e9n ha renacido un debate que parec\u00eda muerto: el de si las escuelas concertadas que segregan por sexo pueden recibir\u00a0<b>financiaci\u00f3n p\u00fablica<\/b>.\u00a0 El Supremo dio la raz\u00f3n a varios centros concertados que segregan por sexo en su pulso con la Junta de Andaluc\u00eda, que buscaba poner fin a estas subvenciones ya que\u00a0infring\u00eda el art\u00edculo 14 de la Constituci\u00f3n Espa\u00f1ola, que dice que todos los espa\u00f1oles somos iguales ante la ley.\u00a0<\/span><\/p>\n<h2 id=\"m796-34-797\" class=\"highlighted\" style=\"text-align: justify;\"><span style=\"font-size: 14pt; font-family: arial, helvetica, sans-serif;\">8. \u00bfHacia una democracia militante?<\/span><\/h2>\n<p id=\"m801-35-802\" style=\"text-align: justify;\"><span style=\"font-size: 14pt; font-family: arial, helvetica, sans-serif;\">Desde la llegada del Partido Popular al\u00a0<b>Gobierno en 2011<\/b>\u00a0tambi\u00e9n se han reactivado una serie de\u00a0<b>delitos de opini\u00f3n<\/b>\u00a0que dada la manera en la que se est\u00e1n aplicando parecen buscar la conversi\u00f3n de Espa\u00f1a en una\u00a0<a href=\"http:\/\/www.publico.es\/sociedad\/joaquin-urias-delitos-enaltecimiento-del.html\" target=\"_blank\" rel=\"noopener noreferrer\">democracia militante<\/a>, es decir, una democracia que penaliza a los ciudadanos que tienen ideas contrarias a la misma.\u00a0<\/span><\/p>\n<div id=\"m806-36-807\" class=\"captioned-image image-article article-multimedia-info\" style=\"text-align: justify;\">\n<div class=\"description-image\"><span style=\"font-size: 14pt; font-family: arial, helvetica, sans-serif;\">\u00a0<\/span><\/div>\n<div class=\"image\">\n<div id=\"m810-809-811\" class=\"image\">\n<figure id=\"attachment_10735\" aria-describedby=\"caption-attachment-10735\" style=\"width: 660px\" class=\"wp-caption aligncenter\"><a href=\"https:\/\/puntocritico.com\/ausajpuntocritico\/wp-content\/uploads\/2018\/04\/5aa66c7ba488b.jpg\" rel=\"lightbox[10544]\"><img loading=\"lazy\" decoding=\"async\" class=\"wp-image-10735 size-full\" src=\"https:\/\/puntocritico.com\/ausajpuntocritico\/wp-content\/uploads\/2018\/04\/5aa66c7ba488b.jpg\" alt=\"\" width=\"660\" height=\"340\" srcset=\"https:\/\/puntocritico.com\/ausajpuntocritico\/wp-content\/uploads\/2018\/04\/5aa66c7ba488b.jpg 660w, https:\/\/puntocritico.com\/ausajpuntocritico\/wp-content\/uploads\/2018\/04\/5aa66c7ba488b-300x155.jpg 300w\" sizes=\"auto, (max-width: 660px) 100vw, 660px\" \/><\/a><figcaption id=\"caption-attachment-10735\" class=\"wp-caption-text\"><span style=\"font-size: 10pt; color: #339966;\"><strong>El concejal de la CUP en el Ayuntamiento de Barcelona Josep Gargant\u00e9 quema una foto del Rey.\/ EFE <\/strong><\/span><\/figcaption><\/figure><br \/>\n<\/p>\n<div class=\"kalooga_SVG kalooga_richbutton\">\n<div class=\"kalooga_post\"><span style=\"font-size: 14pt; font-family: arial, helvetica, sans-serif;\">\u00a0<\/span><span style=\"font-family: arial, helvetica, sans-serif; font-size: 14pt;\">As\u00ed, en los \u00faltimos a\u00f1os, se ha vivido un\u00a0<\/span><a style=\"font-family: arial, helvetica, sans-serif; font-size: 14pt;\" href=\"http:\/\/www.publico.es\/sociedad\/felipe-vi-rey-protegido-europa.html\" target=\"_blank\" rel=\"noopener noreferrer\">incremento de los juicios por injurias a la Corona<\/a><span style=\"font-family: arial, helvetica, sans-serif; font-size: 14pt;\">, pero tambi\u00e9n se han visto condenas por\u00a0<\/span><a style=\"font-family: arial, helvetica, sans-serif; font-size: 14pt;\" href=\"https:\/\/www.diaridetarragona.com\/tarragona\/Primera-sentencia-en-Tarragona-por-ultraje-a-Espana-y-a-su-bandera-20161208-0003.html\" target=\"_blank\" rel=\"noopener noreferrer\">\u00abultraje a Espa\u00f1a\u00bb<\/a><span style=\"font-family: arial, helvetica, sans-serif; font-size: 14pt;\">\u00a0o por\u00a0<\/span><a style=\"font-family: arial, helvetica, sans-serif; font-size: 14pt;\" href=\"http:\/\/www.publico.es\/sociedad\/resolvieron-jueces-10-casos-emblematicos-ofensas-religion.html\" target=\"_blank\" rel=\"noopener noreferrer\">delitos contra los sentimientos religiosos<\/a><span style=\"font-family: arial, helvetica, sans-serif; font-size: 14pt;\">. Menci\u00f3n aparte merece la manera en la que Interior est\u00e1 intentando\u00a0<\/span><a style=\"font-family: arial, helvetica, sans-serif; font-size: 14pt;\" href=\"http:\/\/www.publico.es\/politica\/jaque-libertad-expresion-delitos-odio-elixir-nueva-inquisicion.html\" target=\"_blank\" rel=\"noopener noreferrer\">aplicar los delitos de odio<\/a><span style=\"font-family: arial, helvetica, sans-serif; font-size: 14pt;\">\u00a0o\u00a0<\/span><a style=\"font-family: arial, helvetica, sans-serif; font-size: 14pt;\" href=\"http:\/\/www.publico.es\/politica\/audiencia-multiplica-cinco-numero-sentencias.html\" target=\"_blank\" rel=\"noopener noreferrer\">el crecimiento exponencial de las condenas por enaltecimiento del terrorismo<\/a><span style=\"font-family: arial, helvetica, sans-serif; font-size: 14pt;\">, castigos que muchas veces han reca\u00eddo sobre personas que se mostraban radicalmente en contra del orden social existente y que exaltaban directamente la acci\u00f3n de una banda terrorista determinada.\u00a0<\/span><\/div>\n<\/div>\n<\/div>\n<\/div>\n<\/div>\n<h2 id=\"m828-38-829\" class=\"highlighted\" style=\"text-align: justify;\"><span style=\"font-size: 14pt; font-family: arial, helvetica, sans-serif;\">9. M\u00e1s nacionalismo rancio y excluyente<\/span><\/h2>\n<p id=\"m833-39-834\" style=\"text-align: justify;\"><span style=\"font-size: 14pt; font-family: arial, helvetica, sans-serif;\">El conflicto en Catalunya y su lucha por el derecho de autodeterminaci\u00f3n ha puesto de manifiesto tambi\u00e9n el conflicto latente entre dos maneras de entender la naci\u00f3n espa\u00f1ola: una Espa\u00f1a plurinacional o una Espa\u00f1a de una \u00fanica naci\u00f3n. As\u00ed, tambi\u00e9n ha dado oportunidad de que personas de reconocida ideolog\u00eda de extrema derecha hayan sido presentadas en medios de comunicaci\u00f3n generalistas como\u00a0<b>\u00abpatriotas\u00bb.\u00a0<\/b><\/span><\/p>\n<p id=\"m838-40-839\" style=\"text-align: justify;\"><span style=\"font-size: 14pt; font-family: arial, helvetica, sans-serif;\">Este diario public\u00f3 el reportaje\u00a0<a href=\"http:\/\/www.publico.es\/politica\/extrema-derecha-ocupa-centro-salten-alarmas.html\" target=\"_blank\" rel=\"noopener noreferrer\">Cuando la extrema derecha ocupa el centro sin que salten las alarmas<\/a><i>\u00a0<\/i>en el que denunciaba que la ultraderecha ha encontrado hueco, gracias al conflicto catal\u00e1n, para colar su discurso identitario respaldada por determinados medios generalistas y partidos pol\u00edticos. Asimismo, la idea de un\u00a0nacionalismo espa\u00f1ol reaccionario y excluyente se ha fortalecido frente a los que entienden Espa\u00f1a como una naci\u00f3n de naciones que tiende al federalismo.<\/span><\/p>\n<div id=\"m844-41-845\" class=\"captioned-image image-article article-multimedia-info\" style=\"text-align: justify;\">\n<div class=\"description-image\"><span style=\"font-size: 14pt; font-family: arial, helvetica, sans-serif;\">\u00a0<\/span><\/div>\n<div class=\"image\">\n<div id=\"m848-847-849\" class=\"image\">\n<figure id=\"attachment_10734\" aria-describedby=\"caption-attachment-10734\" style=\"width: 660px\" class=\"wp-caption aligncenter\"><a href=\"https:\/\/puntocritico.com\/ausajpuntocritico\/wp-content\/uploads\/2018\/04\/59c79a1922fba.jpg\" rel=\"lightbox[10544]\"><img loading=\"lazy\" decoding=\"async\" class=\"wp-image-10734 size-full\" src=\"https:\/\/puntocritico.com\/ausajpuntocritico\/wp-content\/uploads\/2018\/04\/59c79a1922fba.jpg\" alt=\"\" width=\"660\" height=\"340\" srcset=\"https:\/\/puntocritico.com\/ausajpuntocritico\/wp-content\/uploads\/2018\/04\/59c79a1922fba.jpg 660w, https:\/\/puntocritico.com\/ausajpuntocritico\/wp-content\/uploads\/2018\/04\/59c79a1922fba-300x155.jpg 300w\" sizes=\"auto, (max-width: 660px) 100vw, 660px\" \/><\/a><figcaption id=\"caption-attachment-10734\" class=\"wp-caption-text\"><span style=\"font-size: 10pt; color: #339966;\"><strong>Un grupo de ultras, con banderas de Espa\u00f1a, increpan a los miembros de Unidos Podemos a las puertas de su asamblea en Zaragoza. \/EFE <\/strong><\/span><\/figcaption><\/figure><br \/>\n<\/p>\n<div class=\"kalooga_SVG kalooga_richbutton\">\n<div class=\"kalooga_post\"><strong><span style=\"font-family: arial, helvetica, sans-serif; font-size: 14pt;\">10. Defensa se quiere colar en los colegios privados<\/span><\/strong><\/div>\n<\/div>\n<\/div>\n<\/div>\n<\/div>\n<p id=\"m866-43-867\" style=\"text-align: justify;\"><span style=\"font-size: 14pt; font-family: arial, helvetica, sans-serif;\">El Gobierno quiere que los alumnos de Primaria tengan formaci\u00f3n sobre la\u00a0<b>importancia del himno<\/b>\u00a0y de otras canciones militares, as\u00ed como utilizar las aulas para promover la asistencia\u00a0al desfile de las Fuerzas Armadas\u00a0o incluso dar informaci\u00f3n sobre c\u00f3mo y cu\u00e1ndo se pueden alistar los j\u00f3venes a las Fuerzas Armadas. La informaci\u00f3n fue adelantada por\u00a0<i><a href=\"https:\/\/www.larazon.es\/espana\/el-gobierno-quiere-que-los-alumnos-de-primaria-canten-el-pasodoble-la-banderita-IN17836097\" target=\"_blank\" rel=\"noopener noreferrer\">La Raz\u00f3n\u00a0<\/a>\u00a0<\/i>y forma parte de una\u00a0gu\u00eda que han elaborado conjuntamente el Ministerio de Defensa y el de Educaci\u00f3n, aunque, tal y como informa\u00a0<a href=\"https:\/\/www.eldiario.es\/sociedad\/Defensa-La_Banderita-Cospedal_0_747526054.html%20\" target=\"_blank\" rel=\"noopener noreferrer\">eldiario.es<\/a>, de momento la unidad did\u00e1ctica que se hab\u00eda adelantado ha sido retirada de su web tras el revuelo medi\u00e1tico surgido cuando se dio a conocer.\u00a0\u00a0<\/span><\/p>\n<div><a href=\"https:\/\/puntocritico.com\/ausajpuntocritico\/wp-content\/uploads\/2018\/03\/Mosca_Punto_Cr\u00edtico_40.png\" rel=\"lightbox[10544]\"><img loading=\"lazy\" decoding=\"async\" class=\"aligncenter wp-image-9528\" src=\"https:\/\/puntocritico.com\/ausajpuntocritico\/wp-content\/uploads\/2018\/03\/Mosca_Punto_Cr\u00edtico_40.png\" alt=\"\" width=\"40\" height=\"40\" \/><\/a><\/div>\n<p>&nbsp;<\/p>\n<h1 class=\"entry-title\" style=\"text-align: center;\"><a id=\"ref22\"><\/a><a href=\"#ref22a\">[23]<\/a> Ciudadanos compara la Fundaci\u00f3n Francisco Franco con las entidades independentistas catalanas<\/h1>\n<p class=\"author\"><span style=\"font-size: 14pt;\">Por David Bollero<\/span><\/p>\n<div><span style=\"color: #339966;\">Art\u00edculo publicado el 3 de abril de 2018 en<\/span><\/div>\n<div><span style=\"color: #339966;\"><a style=\"color: #339966;\" href=\"http:\/\/blogs.publico.es\/david-bollero\/2018\/04\/03\/ciudadanos-compara-la-fundacion-francisco-franco-con-las-entidades-independentistas-catalanas\/\" target=\"_blank\" rel=\"noopener\">http:\/\/blogs.publico.es\/david-bollero\/2018\/04\/03\/ciudadanos-compara-la-fundacion-francisco-franco-con-las-entidades-independentistas-catalanas\/<\/a><\/span><\/div>\n<p>&nbsp;<\/p>\n<p style=\"text-align: justify;\"><span style=\"font-size: 14pt; font-family: arial, helvetica, sans-serif;\">Esta ma\u00f1ana pensaba escribir sobre la\u00a0<strong>deleznable Fundaci\u00f3n Francisco Franco<\/strong>\u00a0y c\u00f3mo tuvo la desfachatez hace dos d\u00edas de celebrar una\u00a0\u201cvictoria tan justa como deseada\u201d\u00a0de la Guerra Civil por parte de un golpista ruin.\u00a0<strong>El tema da para escribir con las entra\u00f1as o desde una \u00f3ptica m\u00e1s cerebral, llegando a un punto de convergencia que provoca la n\u00e1usea<\/strong>. Algo que no parece sucederle a<span class=\"st\">l secretario general de<\/span>\u00a0<strong>Ciudadanos, Jos\u00e9 Manuel Villegas<\/strong>, que al ser preguntado sobre la ilegalizaci\u00f3n de esta fundaci\u00f3n se ha escudado en la\u00a0<strong>libertad de expresi\u00f3n y la ha comparado con otras organizaciones separatistas catalanas que, a sus ojos, son anticonstitucionales.<\/strong><\/span><\/p>\n<p style=\"text-align: justify;\"><span style=\"font-size: 14pt; font-family: arial, helvetica, sans-serif;\">Lo m\u00e1s triste no es esta desafortunada comparaci\u00f3n, lo peor es que no sorprende. Ciudadanos nos tiene m\u00e1s que acostumbrados a su ambig\u00fcedad en todo lo concerniente a Franco, la Guerra Civil y las cuatro d\u00e9cadas de dictadura asesina. Recuerdo, por citar un ejemplo cercano, las palabras de\u00a0<strong>una concejala del partido naranja del pueblo en el que vivo -Rinc\u00f3n de la Victoria, M\u00e1laga- cuando asegur\u00f3 que<\/strong>\u00a0<strong>\u201cen la Guerra Civil no hubo ni buenos ni malos\u201d<\/strong>. As\u00ed son ellos, alumn@s aventajad@s del Partido Popular, que ha logrado aglutinar a los herederos del franquismo.<\/span><\/p>\n<p style=\"text-align: justify;\"><span style=\"font-size: 14pt; font-family: arial, helvetica, sans-serif;\">M\u00e1s all\u00e1 de que Villegas confunda la velocidad con el tocino, resulta lamentable la imagen exterior que Espa\u00f1a est\u00e1 dando al mundo:\u00a0<strong>Represi\u00f3n,\u00a0<a href=\"http:\/\/www.publico.es\/sociedad\/espanoles-nacionalcatolicismo-resucitado.html\" target=\"_blank\" rel=\"noopener\">resurgimiento impuesto del nacionalcatolicismo<\/a>\u00a0y libre apolog\u00eda del fascismo con\u00a0<a href=\"http:\/\/www.publico.es\/politica\/francisco-franco-fundacion-franco-jacta-disfrutar-ventajas-fiscales-caracter-docente.html\" target=\"_blank\" rel=\"noopener\">el benepl\u00e1cito y las ventajas fiscales del Gobierno<\/a><\/strong>. Un aut\u00e9ntico desprop\u00f3sito que pretene arrinconarnos a quienes deseamos y defendemos una verdadera democracia, a los que nos sacudimos las banderas y, desde luego, a los que consideramos que\u00a0<strong>toda persona que apoye a organizaciones como la Fundaci\u00f3n Francisco Franco, sencillamente, es mezquina<\/strong>.<\/span><\/p>\n<p style=\"text-align: justify;\"><span style=\"font-size: 14pt; font-family: arial, helvetica, sans-serif;\">La derecha, tanto extrema como moderada, y l@s fascistas siempre han jugado con que la izquierda, por aquello de tener un sentido de la democracia mucho m\u00e1s limpio, no baja al barro y encaja estoicamente sus tropel\u00edas. En el momento en que la izquierda ha dicho basta,\u00a0<strong>ha regresado la represi\u00f3n en forma de Ley Mordaza, critica por la ONU, Amnist\u00eda Internacional, Human Rights Now, Reporteros Sin Fronteras<\/strong>\u00a0y un largo etc\u00e9tera. Y, con todo, no nos callan.<\/span><\/p>\n<p style=\"text-align: justify;\"><span style=\"font-size: 14pt; font-family: arial, helvetica, sans-serif;\">Hoy m\u00e1s que nunca nos tiene que importar un bledo que estas huestes fascistas y de derecha recalcitrante tengan la piel tan fina, se sientan tan ofendidas cuando se critica a su Iglesia, a sus dictadores o a sus l\u00edderes corruptos y ruines. Hay que decirlo alto y claro:<strong>\u00a0la Fundaci\u00f3n Francisco Franco deber\u00eda ser ilegal, porque representa la bajeza humana<\/strong>, porque recuerda y ensalza a un asesino, porque en un pa\u00eds verdaderamente democr\u00e1tico, hacer apolog\u00eda de la \u00e9poca m\u00e1s oscura de nuestra historia reciente deber\u00eda estar penado. Lamentablemente,<strong>\u00a0los cimientos de esta nuestra democracia se asientan entre fosas comunes y cr\u00edmenes que alianzas como la del PP y PSOE entorno a la Ley de Amnist\u00eda del 77 impiden derribar<\/strong>.<\/span><\/p>\n<p><a href=\"https:\/\/puntocritico.com\/ausajpuntocritico\/wp-content\/uploads\/2018\/03\/Mosca_Punto_Cr\u00edtico_40.png\" rel=\"lightbox[10544]\"><img loading=\"lazy\" decoding=\"async\" class=\"aligncenter wp-image-9528\" src=\"https:\/\/puntocritico.com\/ausajpuntocritico\/wp-content\/uploads\/2018\/03\/Mosca_Punto_Cr\u00edtico_40.png\" alt=\"\" width=\"40\" height=\"40\" \/><\/a><\/p>\n<p>&nbsp;<\/p>\n<h1 class=\"entry-title\" style=\"text-align: center;\"><a id=\"ref23\"><\/a><a href=\"#ref23a\">[24]<\/a> Los Presupuestos del 155<\/h1>\n<p class=\"author\"><span style=\"font-size: 14pt;\">Por Fernando L\u00f3pez Agud\u00edn<\/span><\/p>\n<div><span style=\"color: #339966;\">Art\u00edculo publicado el 3 de abril de 2018 en<\/span><\/div>\n<div><span style=\"color: #339966;\"><a style=\"color: #339966;\" href=\"http:\/\/blogs.publico.es\/fernando-lopez-agudin\/2018\/04\/03\/los-presupuestos-del-155\/\" target=\"_blank\" rel=\"noopener\">http:\/\/blogs.publico.es\/fernando-lopez-agudin\/2018\/04\/03\/los-presupuestos-del-155\/<\/a><\/span><\/div>\n<div>\u00a0<\/div>\n<p style=\"text-align: justify;\"><span style=\"font-size: 14pt; font-family: arial, helvetica, sans-serif;\"><strong>Nada m\u00e1s terminar la Semana Santa, asistimos a la multiplicaci\u00f3n de los panes y peces electorales de Albert Rivera<\/strong>\u00a0. Varias encuestas, comentarios, declaraciones, se suceden sobre el progresivo avance de Ciudadanos en intenci\u00f3n de voto como si ya el Partido Popular hubiese hoy casi perdido la hegemon\u00eda de toda la derecha espa\u00f1ola seducida por los anaranjados. Sorprende bastante por cuanto dichas encuestas, por el momento en que se han publicadas, no han podido ni siquiera evaluar la probable repercusi\u00f3n de la detenci\u00f3n de Carles Puigdemont, ordenada por la Moncloa y bien ejecutada por el CNI dependiente de Soraya Sa\u00e9nz de Santamar\u00eda, en todo el electorado espa\u00f1ol. Como suele ocurrir en todos los milagros, sobre un hecho cierto( el rotundo sorpasso del PSOE por Ciudadanos) la imaginaci\u00f3n se dispara.<\/span><\/p>\n<p style=\"text-align: justify;\"><span style=\"font-size: 14pt; font-family: arial, helvetica, sans-serif;\"><strong>La loca de la casa, la imaginaci\u00f3n seg\u00fan Teresa de Jes\u00fas, no para de gritar \u00a1 Que viene el lobo Rivera !<\/strong>\u00a0Desde\u00a0 los dos partidos de derecha, espa\u00f1ola ( PP ) catalana ( PdCat), y , sobre todo, desde el Gobierno central, hoy se compite por dar la mayor voz de alarma, la alarma naranja, sobre el espantapajaro electoral de Ciudadanos. As\u00ed se eleva a la en\u00e9sima potencia el incuestionable ascenso de Albert Rivera, describi\u00e9ndolo como irresistible, con la clara intenci\u00f3n de presionar a otras fuerzas para que hagan la\u00a0 misma pol\u00edtica que tanto dichas siglas partidistas como la Moncloa preconizan. En esa intencionada imagen distorsionada, tanto el nacionalismo vasco como el catal\u00e1n aparecen como las Caperucitas Rojas a punto de ser devoradas por el lobo Rivera.<\/span><\/p>\n<p style=\"text-align: justify;\"><span style=\"font-size: 14pt; font-family: arial, helvetica, sans-serif;\"><strong>No debe ser casual que esta eclosi\u00f3n del cuento de los tres\u00a0 cerditos nacionalistas y el lobo feroz<\/strong>\u00a0estalle en la v\u00edspera del Aberri Eguna del PNV que debe decidir si avalar el 155, votando los Presupuestos, o vetarlo con el voto contrario a Montoro. Como en los buenos tiempos del franquismo, el poli bueno, Rajoy, advierte sobre el peligro del poli malo, Rivera, a Urkullu y Ort\u00fazar. Vosotros ver\u00e9is, aconseja el Partido Popular, si quer\u00e9is el Cupo basado en el Concierto ten\u00e9is que cortar el paso de Ciudadanos a la Moncloa. Chantaje combinado con el que, al mismo tiempo, sufre el PSOE: si no prest\u00e1is los\u201d cinco votos al azar\u201d que pide Maroto el de la moto, ser\u00e9is c\u00f3mplices del nacionalismo.<\/span><\/p>\n<p style=\"text-align: justify;\"><span style=\"font-size: 14pt; font-family: arial, helvetica, sans-serif;\"><strong>Los patriotas de bolsillo del PdCat, muy ansiosos de sumarse al 155 para terminar formalmente con el 155,<\/strong>\u00a0repiten estos d\u00edas los mismos argumentos. Necesitan que el PNV vote ya a los Presupuestos,\u00a0 es lo mismo que avalar el 155, para intentar que el resto de los soberanistas catalanes se avenga ahora a la investidura de un presidente aceptable por la Moncloa. Inflar el globo bien inflado de Ciudadanos por todos los sondeos, viene como anillo al dedo vaticano de los mu\u00f1idores que lo orientan. De cara a animar a los potenciales vizca\u00ednos tentados de echar una mano a la Moncloa, de cara a desanimar a los barceloneses que defienden todav\u00eda una Generalitat\u00a0<em>pro domo sua<\/em>. Si no pueden arrastrar al PNV, carecen de capacidad de arrastre en Barcelona.<\/span><\/p>\n<p style=\"text-align: justify;\"><span style=\"font-size: 14pt; font-family: arial, helvetica, sans-serif;\"><strong>Nada preocupa m\u00e1s a la Moncloa que la especial relaci\u00f3n hist\u00f3rica de Alemania con Euskadi y, por ende, del PNV con la democracia cristiana alemana.<\/strong>\u00a0Rajoy necesita que el PNV avale el 155, votando los Presupuestos, para presionar a su vez a Merkel sobre la extradici\u00f3n de Puigdemont. Las alarmas resuenan en el Gobierno tras la apuesta del presidente del Bundestag, Wolfgang Sch\u00e4uble, en favor de una soluci\u00f3n pol\u00edtica catalana:\u00a0\u00a0<em>A los espa\u00f1oles les convendr\u00eda resolver el problema de tal manera que los catalanes no se sientan perdidos<\/em>. Esto lo afirma quien ha sido largos a\u00f1os el pu\u00f1o de hierro del capitalismo europeo. Doblegar hoy el pulso del PNV es vital para Rajoy.<\/span><\/p>\n<p style=\"text-align: justify;\"><span style=\"font-size: 14pt; font-family: arial, helvetica, sans-serif;\"><strong>Ese es el tel\u00f3n de fondo de la aparici\u00f3n de la Virgen de F\u00e1tima a Rivera.<\/strong>\u00a0In\u00fatil por cuanto si a\u00fan fuera cierto, bien sabe el Euskadi Buru Batzar que no lo es, no cabe pensar que el PNV act\u00fae contra sus propios intereses y los de Euskadi. Rajoy choca con Urkullu por las mismas razones que con Puigdemont, pese a que ambos l\u00edderes se encuentran en las ant\u00edpodas. La cuesti\u00f3n nacional vasca es casi id\u00e9ntica hoy a la cuesti\u00f3n nacional catalana.\u00a0 Es lo que explica que mientras en el resto de Espa\u00f1a todos los partidos apoyen el 155, por activa o por pasiva, el PNV contin\u00fae hoy quebrando\u00a0 la solidaridad entusiasta o vergonzante de los partidos estatales pese al bloqueo pol\u00edtico que crea la aplicaci\u00f3n del 155.<\/span><\/p>\n<p><a href=\"https:\/\/puntocritico.com\/ausajpuntocritico\/wp-content\/uploads\/2018\/03\/Mosca_Punto_Cr\u00edtico_40.png\" rel=\"lightbox[10544]\"><img loading=\"lazy\" decoding=\"async\" class=\"aligncenter wp-image-9528\" src=\"https:\/\/puntocritico.com\/ausajpuntocritico\/wp-content\/uploads\/2018\/03\/Mosca_Punto_Cr\u00edtico_40.png\" alt=\"\" width=\"40\" height=\"40\" \/><\/a><\/p>\n<h1>\u00a0<\/h1>\n<h1 class=\"pg-headline\" style=\"text-align: center;\"><a id=\"ref24\"><\/a><a href=\"#ref24a\">[25]<\/a> Los CDR se reafirman en la no violencia ante las acusaciones de \u00abkale borroka\u00bb y defienden paralizar la econom\u00eda<\/h1>\n<p><span style=\"font-size: 14pt;\">Por\u00a0Pau Rodr\u00edguez<\/span><\/p>\n<div><span style=\"color: #339966;\">Art\u00edculo publicado el 3 de abril de 2018 en<\/span><\/div>\n<div><span style=\"color: #339966;\"><a style=\"color: #339966;\" href=\"https:\/\/www.eldiario.es\/catalunya\/CDR-reafirman-violencia-criticas-calientan_0_756974542.html\" target=\"_blank\" rel=\"noopener\">https:\/\/www.eldiario.es\/catalunya\/CDR-reafirman-violencia-criticas-calientan_0_756974542.html<\/a><\/span><\/div>\n<div>\u00a0<\/div>\n<div>\u00a0<\/div>\n<figure id=\"attachment_10738\" aria-describedby=\"caption-attachment-10738\" style=\"width: 643px\" class=\"wp-caption aligncenter\"><a href=\"https:\/\/puntocritico.com\/ausajpuntocritico\/wp-content\/uploads\/2018\/04\/Mossos-empiezan-desalojar-independentistas-AP-7_EDIIMA20180327_0229_19.jpg\" rel=\"lightbox[10544]\"><img loading=\"lazy\" decoding=\"async\" class=\"wp-image-10738 size-full\" src=\"https:\/\/puntocritico.com\/ausajpuntocritico\/wp-content\/uploads\/2018\/04\/Mossos-empiezan-desalojar-independentistas-AP-7_EDIIMA20180327_0229_19.jpg\" alt=\"\" width=\"643\" height=\"362\" srcset=\"https:\/\/puntocritico.com\/ausajpuntocritico\/wp-content\/uploads\/2018\/04\/Mossos-empiezan-desalojar-independentistas-AP-7_EDIIMA20180327_0229_19.jpg 643w, https:\/\/puntocritico.com\/ausajpuntocritico\/wp-content\/uploads\/2018\/04\/Mossos-empiezan-desalojar-independentistas-AP-7_EDIIMA20180327_0229_19-300x169.jpg 300w\" sizes=\"auto, (max-width: 643px) 100vw, 643px\" \/><\/a><figcaption id=\"caption-attachment-10738\" class=\"wp-caption-text\"><span style=\"font-size: 10pt;\"><strong><span style=\"color: #339966;\">Corte de la autopista AP7 cerca de la frontera con Francia EFE<\/span><\/strong><\/span><\/figcaption><\/figure>\n<p>&nbsp;<\/p>\n<blockquote>\n<p style=\"text-align: justify;\"><span style=\"color: #008000;\"><strong><span style=\"font-size: 14pt; font-family: arial, helvetica, sans-serif;\">Los Comit\u00e9s de Defensa de la Rep\u00fablica atribuyen las acusaciones recibidas a un intento de criminalizar un activismo que consideran pac\u00edfico<\/span><\/strong><\/span><\/p>\n<p style=\"text-align: justify;\"><span style=\"color: #008000;\"><strong><span style=\"font-size: 14pt; font-family: arial, helvetica, sans-serif;\">\u00abSi vemos alguna actitud violenta, la apartamos\u00bb, asegura la miembro de uno de los CDR que levant\u00f3 las barreras del peaje en la AP-7 el pasado domingo<\/span><\/strong><\/span><\/p>\n<p style=\"text-align: justify;\"><span style=\"color: #008000;\"><strong><span style=\"font-size: 14pt; font-family: arial, helvetica, sans-serif;\">Su asamblearismo hace que mientras muchos CDR apuestan por avanzar hacia una huelga general, otros prefieran estrategias de sensibilizaci\u00f3n social<\/span><\/strong><\/span><\/p>\n<\/blockquote>\n<p>&nbsp;<\/p>\n<p class=\"mce\" style=\"text-align: justify;\"><span style=\"font-size: 14pt; font-family: arial, helvetica, sans-serif;\">Los Comit\u00e9s de Defensa de la Rep\u00fablica (CDR) se saben en el punto de mira de la acci\u00f3n judicial y de algunos partidos pol\u00edticos. Acusados de protagonizar actos violentos, aseguran que seguir\u00e1n realizando protestas que, como los cortes de carretera o el levantamiento de barreras en los peajes, enmarcan dentro de la desobediencia y el pacifismo. Tambi\u00e9n dentro de la paralizaci\u00f3n de la econom\u00eda, que seg\u00fan defienden muchos de ellos (no todos, puesto que cada colectivo depende de su asamblea) es una de las principales v\u00edas para denunciar el conflicto catal\u00e1n.<\/span><\/p>\n<p class=\"mce\" style=\"text-align: justify;\"><span style=\"font-size: 14pt; font-family: arial, helvetica, sans-serif;\">\u00abSomos un movimiento pac\u00edfico y no vamos a cambiar nada en nuestra forma de trabajar\u00bb, sostiene un miembro de uno de los CDR que particip\u00f3 en\u00a0<a class=\"mce\" href=\"https:\/\/www.eldiario.es\/politica\/Activistas-CDR-AP-7-Valles-Barcelona_0_756274682.html\" target=\"_blank\" rel=\"noopener\">la apertura\u00a0del peaje de la Roca del Vall\u00e8s, en la AP-7<\/a>, el pasado domingo. En su c\u00edrculo han valorado la puesta en marcha de la investigaci\u00f3n de la Audiencia Nacional, que\u00a0<a class=\"mce\" href=\"https:\/\/www.eldiario.es\/politica\/Audiencia-Nacional-Comites-Defensa-Republica_0_756625066.html\" target=\"_blank\" rel=\"noopener\">acusa a todos los CDR de amparar con violencia delitos como el de rebeli\u00f3n<\/a>, y han conclu\u00eddo que seguir\u00e1n convocando el mismo tipo de protestas, aunque \u00abquiz\u00e1s evitando que se vean caras y nombres por precauci\u00f3n\u00bb, sostiene.<\/span><\/p>\n<p class=\"mce\" style=\"text-align: justify;\"><span style=\"font-size: 14pt; font-family: arial, helvetica, sans-serif;\">Su \u00faltima acci\u00f3n, el levantamiento de barreras en peajes este domingo y lunes, ha sido precisamente el detonante de una alud de acusaciones a los CDR por parte de partidos como PP, Ciudadanos o el PSC.\u00a0<a class=\"mce\" href=\"https:\/\/www.eldiario.es\/politica\/PP-CDR-Mossos-frenarlos-Alguien_0_756624392.html\" target=\"_blank\" rel=\"noopener\">Los primeros los compararon con la \u201ckale borroka\u201d<\/a>, a lo que el presidente\u00a0<a class=\"mce\" href=\"https:\/\/www.eldiario.es\/politica\/Rajoy-determinado-combatir-CDR-actuacion_0_756975041.html\" target=\"_blank\" rel=\"noopener\">Mariano Rajoy ha a\u00f1adido este martes que su actitud es \u201cviolenta e intimidatoria\u201d<\/a>. Los socialistas, por boca de su secretario de Organizaci\u00f3n Salvador Illa,\u00a0<a class=\"mce\" href=\"https:\/\/www.eldiario.es\/politica\/PSC-Mossos-insurreccionales-CDR-levantar_0_756624594.html\" target=\"_blank\" rel=\"noopener\">calificaron la acci\u00f3n en los peajes de \u201cinsurreccional\u201d<\/a>.<\/span><\/p>\n<p class=\"mce\" style=\"text-align: justify;\"><span style=\"font-size: 14pt; font-family: arial, helvetica, sans-serif;\">Incluso los \u2018comuns\u2019 manifestaron que las actuaciones de los CDR pod\u00edan \u00abllevar a expresiones de conflicto violento\u00bb. As\u00ed lo manifest\u00f3 Xavier Dom\u00e8nech, aunque luego asegur\u00f3 haberse expresado mal. En este sentido, la alcaldesa de Barcelona Ada Colau\u00a0<a class=\"mce\" href=\"https:\/\/www.eldiario.es\/politica\/Colau-violencia-CDR-Cataluna-judicializacion_0_756974383.html\" target=\"_blank\" rel=\"noopener\">manifestaba este lunes que las protestas han sido pac\u00edficas excepto alg\u00fan caso aislado<\/a>.<\/span><\/p>\n<p class=\"mce\" style=\"text-align: justify;\"><span style=\"font-size: 14pt; font-family: arial, helvetica, sans-serif;\">\u00abConstantemente repetimos que somos un movimiento pac\u00edfico y si vemos que alguien puede causar conflictos, lo apartamos\u00bb, asegura el miembro de este CDR del \u00e1rea del Vall\u00e8s. \u00abNos hemos encontrado alguna vez con gente con actitudes conflictivas\u00bb, reconoce, \u00abpero r\u00e1pidamente los echamos\u00bb. Que las asambleas sean abiertas, expone, impide un control sobre quienes asisten, pero a la vez insiste: \u00abEl relato que crean sobre supuesta violencia es falso y solo falta ver las im\u00e1genes\u00bb.<\/span><\/p>\n<p class=\"mce\" style=\"text-align: justify;\"><span style=\"font-size: 14pt; font-family: arial, helvetica, sans-serif;\">Desde que encarcelaron a cinco pol\u00edticos m\u00e1s el pasado 23 de marzo, los CDR han vivido unas de sus semanas m\u00e1s activas. Primero, con las protestas frente a la Delegaci\u00f3n del Gobierno ese mismo d\u00eda, que acabaron con altercados, cargas policiales y\u00a0<a class=\"mce\" href=\"https:\/\/www.eldiario.es\/politica\/heridos-movilizacion-Delegacion-Gobierno-Barcelona_0_753474692.html\" target=\"_blank\" rel=\"noopener\">35 heridos leves<\/a>. Luego, con\u00a0<a class=\"mce\" href=\"https:\/\/www.eldiario.es\/catalunya\/politica\/Protestas-Barcelona-detencion-Puigdemont_0_753824851.html\" target=\"_blank\" rel=\"noopener\">\u00a0m\u00e1s movilizaciones y\u00a0cortes de tr\u00e1fico en varios puntos neur\u00e1lgicos de Catalunya por la detenci\u00f3n en Alemania de Carles Puigdemont<\/a>. Y, por \u00faltimo, con la acci\u00f3n de levantar barreras en los peajes para denunciar la situaci\u00f3n en plena operaci\u00f3n de vuelta de Semana Santa.<\/span><\/p>\n<h3 style=\"text-align: justify;\"><span style=\"font-size: 14pt; font-family: arial, helvetica, sans-serif;\">\u00bfC\u00f3mo se defiende la Rep\u00fablica en la calle?<\/span><\/h3>\n<p class=\"mce\" style=\"text-align: justify;\"><span style=\"font-size: 14pt; font-family: arial, helvetica, sans-serif;\">Tras un per\u00edodo en el que las entidades ANC y \u00d2mnium Cultural hab\u00edan canalizado las protestas soberanistas, el surgimiento de los CDR ha abierto una nueva v\u00eda de movilizaciones, m\u00e1s vinculada a la acci\u00f3n directa y con una organizaci\u00f3n horizontal que los aleja de los partidos y las instituciones. Tras nacer con un objetivo bien claro, hacer posible el 1-O, su debate actual consiste en decidir c\u00f3mo se defiende ahora la Rep\u00fablica catalana, asumiendo que no se materializ\u00f3 y que por lo tanto hay que seguir presionando para conseguirla.<\/span><\/p>\n<p class=\"mce\" style=\"text-align: justify;\"><span style=\"font-size: 14pt; font-family: arial, helvetica, sans-serif;\">Aunque no es por ahora el posicionamiento oficial de la coordinadora catalana de CDR, muchos de ellos apuestan por avanzar hacia una huelga general, seg\u00fan difunden estos d\u00edas en sus canales de comunicaci\u00f3n habituales, como son Telegram o Twitter. \u00abEn el CDR Girona siempre hemos defendido la huelga como v\u00eda efectiva y necesaria para implementar la Rep\u00fablica\u00bb, aseguran sus integrantes, que recuerdan que en todas las acciones que han llevado a cabo ha habido c\u00e1nticos a favor de la huelga.\u00a0<\/span><\/p>\n<p class=\"mce\" style=\"text-align: justify;\"><span style=\"font-size: 14pt; font-family: arial, helvetica, sans-serif;\">Aun as\u00ed, estos colectivos son conscientes de que una huelga requiere de mucha organizaci\u00f3n y apoyos previos, m\u00e1s a\u00fan cuando no se cuenta con el benepl\u00e1cito de los sindicatos mayoritarios. El \u00faltimo paro general, del 8 de noviembre, convocado por el minoritario Intersindical CSC, se not\u00f3 mucho menos en los centros de trabajo que el del 3 de octubre, en el que estaban los principales sindicatos y entidades, aunque ellos no llamaran a la huelga sino a un \u201cparo de pa\u00eds\u201d.<\/span><\/p>\n<p class=\"mce\" style=\"text-align: justify;\"><span style=\"font-size: 14pt; font-family: arial, helvetica, sans-serif;\">Con todo, la paralizaci\u00f3n de la econom\u00eda es para los CDR una forma de hacer patente la situaci\u00f3n de bloqueo que vive Catalunya y llamar la atenci\u00f3n fuera de Espa\u00f1a, puesto que los extranjeros se encuentran con las carreteras cortadas a la entrada por Francia.<\/span><\/p>\n<p class=\"mce\" style=\"text-align: justify;\"><span style=\"font-size: 14pt; font-family: arial, helvetica, sans-serif;\">Pero no todos los CDR piensan igual. Su naturaleza asamblearia y descentralizada hace que tomen sus decisiones en funci\u00f3n de la composici\u00f3n de sus integrantes. Sirve como ejemplo el caso del comit\u00e9 del barrio de la Verneda, de tradici\u00f3n obrera y castellanoparlante en Barcelona, que ha optado mayoritariamente por campa\u00f1as de sensibilizaci\u00f3n de los vecinos, mayoritariamente no independentistas.<\/span><\/p>\n<p class=\"mce\" style=\"text-align: justify;\"><span style=\"font-size: 14pt; font-family: arial, helvetica, sans-serif;\">\u201cSomos un poco menos combativos que otros CDR, creemos que los cortes de carretera no ayudan a convencer\u201d, sostiene uno de sus integrantes, que asegura que ven m\u00e1s efectivo pensar formas para \u201censanchar la base\u201d del independentismo. Asimismo, se han implicado en movilizaciones sociales como la campa\u00f1a a favor de la municipalizaci\u00f3n del agua o la marea pensionista.<\/span><\/p>\n<h3 style=\"text-align: justify;\"><span style=\"font-size: 14pt; font-family: arial, helvetica, sans-serif;\">Otros frentes\u00a0abiertos contra los CDR<\/span><\/h3>\n<p class=\"mce\" style=\"text-align: justify;\"><span style=\"font-size: 14pt; font-family: arial, helvetica, sans-serif;\">No es exagerado afirmar que la investigaci\u00f3n de la Audiencia Nacional por posible delito de rebeli\u00f3n ha encendido las alarmas en muchos activistas de los CDR, m\u00e1s precavidos ahora que antes a la hora de dar la cara, pero tampoco es este el primer frente judicial que se les abre. El juez del Tribunal Supremo, Pablo Llarena, que instruye la causa contra los dirigentes independentistas, ya pidi\u00f3 a la Guardia Civil\u00a0<a class=\"mce\" href=\"https:\/\/www.eldiario.es\/catalunya\/politica\/archivado-populares-Guardia-Civil-simultaneos_0_752424923.html\" target=\"_blank\" rel=\"noopener\">un informe sobre la actividad de estos comit\u00e9s<\/a>.\u00a0<\/span><\/p>\n<p class=\"mce\" style=\"text-align: justify;\"><span style=\"font-size: 14pt; font-family: arial, helvetica, sans-serif;\">El Instituto Armado les achac\u00f3 \u00abpromover sabotajes simult\u00e1neos\u00bb, \u00abprovocar graves alteraciones en los servicios p\u00fablicos\u00bb o \u00abdesarrollar acciones de resistencia activa y pasiva\u00bb, pero lo cierto es que los juzgados han ido archivando la mayor\u00eda causas abiertas contra miembros de CDR que participaron en los numerosos cortes de carretera del 3 de octubre y 8 de noviembre.\u00a0<\/span><\/p>\n<p class=\"mce\" style=\"text-align: justify;\"><span style=\"font-size: 14pt; font-family: arial, helvetica, sans-serif;\"><a class=\"mce\" href=\"https:\/\/www.eldiario.es\/catalunya\/politica\/personas-cortaron-carreteras-identificacion-Mossos_0_747875804.html\" target=\"_blank\" rel=\"noopener\">Un juez de Igualdada opt\u00f3 por archivar la causa contra 51 personas que cortaron carreteras el 8-N por\u00a0la imposibilidad de los Mossos d&#8217;Esquadra<\/a>\u00a0de\u00a0atribuirles los hechos, ya que la mayor\u00eda de ellos se identificaron por las matr\u00edculas de sus coches. Los mismo sucedi\u00f3 con los diez j\u00f3venes que cortaron la v\u00eda del AVE en la estaci\u00f3n de Sants el 8-N. Con todo, quedan algunas causas abiertas, como la de 16 personas en La Floresta (Barcelona) por cortar carreteras el mismo 8-N.<\/span><\/p>\n<p style=\"text-align: justify;\"><a href=\"https:\/\/puntocritico.com\/ausajpuntocritico\/wp-content\/uploads\/2018\/03\/Mosca_Punto_Cr\u00edtico_40.png\" rel=\"lightbox[10544]\"><img loading=\"lazy\" decoding=\"async\" class=\"aligncenter wp-image-9528\" src=\"https:\/\/puntocritico.com\/ausajpuntocritico\/wp-content\/uploads\/2018\/03\/Mosca_Punto_Cr\u00edtico_40.png\" alt=\"\" width=\"40\" height=\"40\" \/><\/a><\/p>\n<h1>\u00a0<\/h1>\n<h1 class=\"pg-headline\" style=\"text-align: center;\"><a id=\"ref25\"><\/a><a href=\"#ref25a\">[26]<\/a> El instituto que organiz\u00f3 el m\u00e1ster de Cifuentes y que dirige su tutor opera como empresa opaca con dinero p\u00fablico<\/h1>\n<p><span style=\"font-size: 14pt;\">Por Raquel Enrique<\/span><\/p>\n<div><span style=\"color: #339966;\">Art\u00edculo publicado el 3 de abril de 2018 en<\/span><\/div>\n<div><span style=\"color: #339966;\"><a style=\"color: #339966;\" href=\"https:\/\/www.eldiario.es\/sociedad\/Instituto-organizo-Cifuentes-chiringuito-publico_0_756624920.html\" target=\"_blank\" rel=\"noopener\">https:\/\/www.eldiario.es\/sociedad\/Instituto-organizo-Cifuentes-chiringuito-publico_0_756624920.html<\/a><\/span><\/div>\n<div>\u00a0<\/div>\n<div>\u00a0<\/div>\n<div>\n<figure id=\"attachment_10740\" aria-describedby=\"caption-attachment-10740\" style=\"width: 643px\" class=\"wp-caption aligncenter\"><a href=\"https:\/\/puntocritico.com\/ausajpuntocritico\/wp-content\/uploads\/2018\/04\/Comparecencia-URJC_EDIIMA20180321_0808_4.jpg\" rel=\"lightbox[10544]\"><img loading=\"lazy\" decoding=\"async\" class=\"wp-image-10740 size-full\" src=\"https:\/\/puntocritico.com\/ausajpuntocritico\/wp-content\/uploads\/2018\/04\/Comparecencia-URJC_EDIIMA20180321_0808_4.jpg\" alt=\"\" width=\"643\" height=\"362\" srcset=\"https:\/\/puntocritico.com\/ausajpuntocritico\/wp-content\/uploads\/2018\/04\/Comparecencia-URJC_EDIIMA20180321_0808_4.jpg 643w, https:\/\/puntocritico.com\/ausajpuntocritico\/wp-content\/uploads\/2018\/04\/Comparecencia-URJC_EDIIMA20180321_0808_4-300x169.jpg 300w\" sizes=\"auto, (max-width: 643px) 100vw, 643px\" \/><\/a><figcaption id=\"caption-attachment-10740\" class=\"wp-caption-text\"><span style=\"font-size: 10pt; color: #339966;\"><strong>Enrique \u00c1lvarez Conde (izda) en su comparecencia tras el esc\u00e1ndalo del m\u00e1ster de Cifuentes<\/strong><\/span><\/figcaption><\/figure>\n<\/div>\n<div>\u00a0<\/div>\n<div>\n<blockquote>\n<p style=\"text-align: justify;\"><span style=\"color: #008000;\"><strong><span style=\"font-family: arial, helvetica, sans-serif; font-size: 14pt;\">El Instituto de Derecho P\u00fablico, perteneciente a la Universidad Rey Juan Carlos y dirigido por Enrique \u00c1lvarez Conde, tiene CIF propio y autonom\u00eda de gasto, pero no cuelga sus cuentas p\u00fablicamente<\/span><\/strong><\/span><\/p>\n<p style=\"text-align: justify;\"><span style=\"color: #008000;\"><strong><span style=\"font-family: arial, helvetica, sans-serif; font-size: 14pt;\">El rector Trevijano, hoy en el Constitucional, le permiti\u00f3 gestionar \u00abdirectamente sus ingresos y gastos sin fiscalizaci\u00f3n previa\u00bb con un acuerdo espec\u00edfico<\/span><\/strong><\/span><\/p>\n<p style=\"text-align: justify;\"><span style=\"color: #008000;\"><strong><span style=\"font-family: arial, helvetica, sans-serif; font-size: 14pt;\">\u00c1lvarez Conde mont\u00f3 el m\u00e1ster de Cifuentes, adem\u00e1s de otros como m\u00e1ster en Sexolog\u00eda o Terapia de Pareja, y eligi\u00f3 a los profesores a dedo al margen de la universidad, un procedimiento legal pero que favorece la arbitrariedad<\/span><\/strong><\/span><\/p>\n<\/blockquote>\n<p class=\"mce\" style=\"text-align: justify;\"><span style=\"font-size: 14pt; font-family: arial, helvetica, sans-serif;\">El\u00a0<a class=\"mce\" href=\"https:\/\/www.eldiario.es\/sociedad\/Cifuentes-obtenido-publico-falseando-asignaturas_0_752075026.html\" target=\"_blank\" rel=\"noopener\">m\u00e1ster en el que se matricul\u00f3 la presidenta de la Comunidad de Madrid<\/a>, Cristina Cifuentes, no estaba organizado directamente por la Universidad Rey Juan Carlos (URJC), sino por una empresa sat\u00e9lite con autonom\u00eda de ingresos y gastos: el Instituto Universitario de Derecho P\u00fablico (IDP). Este instituto lo dirige Enrique \u00c1lvarez Conde, el mismo catedr\u00e1tico que es tutor del supuesto Trabajo de Fin de M\u00e1ster. Tambi\u00e9n es quien fue presentado como director del m\u00e1ster,\u00a0<a class=\"mce\" href=\"https:\/\/www.eldiario.es\/sociedad\/director-master_0_752775653.html\" target=\"_blank\" rel=\"noopener\">\u00a0aunque como public\u00f3 eldiario.es<\/a>\u00a0figuraba oficialmente como directora entonces Cecilia Rosado.<\/span><\/p>\n<p class=\"mce\" style=\"text-align: justify;\"><span style=\"font-size: 14pt; font-family: arial, helvetica, sans-serif;\">El Instituto se cre\u00f3 en 2001 y fue aprobado en 2005\u00a0por el gobierno de Esperanza Aguirre,\u00a0<a class=\"mce\" href=\"https:\/\/www.bocm.es\/boletin\/CM_Boletin_BOCM\/2005\/05\/13\/11300.PDF\" target=\"_blank\" rel=\"noopener noreferrer\">seg\u00fan consta en el Bolet\u00edn Oficial de la Comunidad de Madrid<\/a>, requisito indispensable para ponerlo en marcha. Al frente, desde su creaci\u00f3n, est\u00e1 \u00c1lvarez Conde, que adem\u00e1s cont\u00f3 entre sus labores de gesti\u00f3n con un privilegio universitario poco usual en la universidad: tiene autonom\u00eda de gastos e ingresos sin tener que rendir demasiadas cuentas a la universidad.<\/span><\/p>\n<p class=\"mce\" style=\"text-align: justify;\"><span style=\"font-size: 14pt; font-family: arial, helvetica, sans-serif;\"><a class=\"mce\" href=\"https:\/\/www.dropbox.com\/s\/q9jz08c3d91jkao\/Memoria%202006_2007.pdf?dl=0\" target=\"_blank\" rel=\"noopener noreferrer\">As\u00ed lo constatan las memorias de actividad de 2006\/2007<\/a>\u00a0(p\u00e1gina 104): en un consejo de gobierno de la URJC, siendo rector Pedro Gonz\u00e1lez Trevijano \u2013hoy magistrado en en Tribunal Constitucional a propuesta del Gobierno\u2013 se acord\u00f3 que el Instituto gestionara \u00abdirectamente sus ingresos y gastos sin fiscalizaci\u00f3n previa. Trimestralmente se vienen presentando a la universidad la relaci\u00f3n de la partida de ingresos, as\u00ed como los gastos\u00bb. Adem\u00e1s, en 2010, bajo el mandato de Trevijano, obtiene un CIF propio, algo absolutamente inusual en un instituto universitario.<\/span><\/p>\n<h3 style=\"text-align: justify;\"><span style=\"font-size: 14pt; font-family: arial, helvetica, sans-serif;\">Educaci\u00f3n, competente en la vigilancia acad\u00e9mica<\/span><\/h3>\n<p class=\"mce\" style=\"text-align: justify;\"><span style=\"font-size: 14pt; font-family: arial, helvetica, sans-serif;\">El control acad\u00e9mico\u00a0corre a cuenta de la Consejer\u00eda de Educaci\u00f3n, que debe recibir informes anuales para hacer un seguimiento de la actividad investigadora que justifica que esto sea un instituto aparte de la Universidad Rey Juan Carlos en lugar de un departamento de la misma. El consejero de Educaci\u00f3n actual, Rafael Van Grieken, es el responsable de ese control, adem\u00e1s de profesor de esa misma universidad, donde tambi\u00e9n fue vicerrector de Investigaci\u00f3n durante 10 a\u00f1os con\u00a0Gonz\u00e1lez Trevijano, responsabilidad que ocupaba mientras Cristina Cifuentes obtuvo su m\u00e1ster.\u00a0\u00a0<\/span><\/p>\n<p class=\"mce\" style=\"text-align: justify;\"><span style=\"font-size: 14pt; font-family: arial, helvetica, sans-serif;\">Desde el inicio del IDP, \u00c1lvarez Conde est\u00e1 reclamando autonom\u00eda financiera. Por ejemplo, en 2002 pide\u00a0a la universidad en su informe anual \u00abla existencia de un CIF propio que permita ejecutar los ingresos y pagos correspondientes\u00bb y una \u00abaut\u00e9ntica cuenta corriente de ingresos y gastos, que no haga necesaria la siempre lenta, engorrosa y burocr\u00e1tica generaci\u00f3n de cr\u00e9dito\u00bb. Lo consigue en 2010,\u00a0que\u00a0<a class=\"mce\" href=\"https:\/\/www.axesor.es\/Informes-Empresas\/n\/7302410\/INSTITUTO_UNIVERSITARIO_DE_DERECHO_PUBLICO_IDP.html\" target=\"_blank\" rel=\"noopener noreferrer\">\u00a0es cuando se activa la empresa<\/a>\u00a0Instituto de Derecho P\u00fablico, a\u00fan bajo el rectorado de Trevijano.<\/span><\/p>\n<h3 style=\"text-align: justify;\"><span style=\"font-size: 14pt; font-family: arial, helvetica, sans-serif;\">Los ingresos del IDP<\/span><\/h3>\n<p class=\"mce\" style=\"text-align: justify;\"><span style=\"font-size: 14pt; font-family: arial, helvetica, sans-serif;\">El Instituto se dedica a organizar charlas, conferencias, seminarios o m\u00e1steres, como el M\u00e1ster en Derecho P\u00fablico del Estado Auton\u00f3mico al que se apunt\u00f3, entre otros, Cristina Cifuentes. Tambi\u00e9n t\u00edtulos tan alejados del Derecho P\u00fablico como M\u00e1ster en Sexolog\u00eda o M\u00e1ster en Terapia Sexual y de Pareja.<\/span><\/p>\n<p class=\"mce\" style=\"text-align: justify;\"><span style=\"font-size: 14pt; font-family: arial, helvetica, sans-serif;\">La matriculaci\u00f3n y las gestiones van a cargo de la Universidad y su personal, pero es el centro que dirige \u00c1lvarez Conde el que organiza las asignaturas, la carga lectiva y es quien elige a los profesores sin tener que seguir ning\u00fan requisito espec\u00edfico.\u00a0<\/span><\/p>\n<p class=\"mce\" style=\"text-align: justify;\"><span style=\"font-size: 14pt; font-family: arial, helvetica, sans-serif;\"><a class=\"mce\" href=\"http:\/\/www.idp-urjc.com\/\" target=\"_blank\" rel=\"noopener noreferrer\">Entre el consejo y los cargos del Instituto<\/a>\u00a0est\u00e1n\u00a0<a class=\"mce\" href=\"https:\/\/www.eldiario.es\/sociedad\/reglamento-Universidad-obligaba-justificar-asignaturas_0_752426002.html\" target=\"_blank\" rel=\"noopener\">\u00a0las tres firmantes del acta del supuesto trabajo de Cifuentes<\/a>\u00a0(una de ellas, Alicia P\u00e9rez de los Mozos, es la secretaria del IDP), el propio Trevijano (aunque ya no est\u00e1 en la URJC),\u00a0<a class=\"mce\" href=\"https:\/\/www.eldiario.es\/cv\/estrecha-Master-Cifuentes-secretaria-Camps_0_752775595.html\" target=\"_blank\" rel=\"noopener\">\u00a0Rosario Tur (cercana colaboradora de \u00c1lvarez Conde<\/a>\u00a0y\u00a0secretaria de la tesis de Francisco Camps), o el mismo Fernando Su\u00e1rez (<a class=\"mce\" href=\"https:\/\/www.eldiario.es\/sociedad\/Rey-Juan-Carlos-presentara-elecciones_0_598440517.html\" target=\"_blank\" rel=\"noopener\">el conocido rector de los plagios<\/a>). Tambi\u00e9n estos mismo nombres se repiten\u00a0<a class=\"mce\" href=\"http:\/\/www.idp-urjc.com\/\" target=\"_blank\" rel=\"noopener\">\u00a0en numerosas ocasiones en los grupos de investigaci\u00f3n<\/a>\u00a0que ha formado el Instituto (foto abajo), y en charlas, seminarios o publicaciones que se llevan a cabo.\u00a0<\/span><\/p>\n<div class=\"inset cf width643\" style=\"text-align: justify;\">\n<figure class=\"media-holder\">\n<div class=\"mg \"><span style=\"font-size: 14pt; font-family: arial, helvetica, sans-serif;\"><img loading=\"lazy\" decoding=\"async\" src=\"https:\/\/www.eldiario.es\/fotos\/Organigrama-Alvarez-Conde-profesoras-colaboradora_EDIIMA20180403_0729_5.jpg\" alt=\"Grupo de investigaci\u00f3n formado por \u00c1lvarez Conde, las tres profesoras del acta y la colaboradora de Conde\" width=\"643\" height=\"521\" \/><\/span><\/div><figcaption class=\"caption-inside\">\n<p><span style=\"font-size: 14pt; font-family: arial, helvetica, sans-serif;\">Grupo de investigaci\u00f3n formado por \u00c1lvarez Conde, las tres profesoras del acta y la colaboradora de Conde<\/span><\/p>\n<\/figcaption><\/figure>\n<\/div>\n<p class=\"mce\" style=\"text-align: justify;\"><span style=\"font-size: 14pt; font-family: arial, helvetica, sans-serif;\">Habitualmente\u00a0los m\u00e1ster los organizan las universidades y forman parte del Plan de Ordenaci\u00f3n Docente, es decir, se reparten las clases entre los profesores de la propia universidad. En este caso, el Instituto es el que organiza y el que llama a los profesores que quiere, a dedo, sin poner requisitos p\u00fablicos, un sistema que, aunque es legal, favorece la parcialidad y la arbitrariedad y otorga un mayor poder al director, \u00c1lvarez Conde. Cada docente llamado para dar clase puede cobrar entre 60 y 90 euros por hora en un posgrado como el de Cifuentes. Preguntado por este sistema de elecci\u00f3n, \u00c1lvarez Conde asegura a eldiario.es que \u00ablos profesores se nombran con arreglo al principio de m\u00e9rito y capacidad\u00bb, sin embargo, no consta que haya mediado ni convocatoria ni concurso p\u00fablico de m\u00e9ritos ni tribunal para la valoraci\u00f3n objetiva de esas capacidades.\u00a0<\/span><\/p>\n<h3 style=\"text-align: justify;\"><span style=\"font-size: 14pt; font-family: arial, helvetica, sans-serif;\">Cobra por organizar m\u00e1ster<\/span><\/h3>\n<p class=\"mce\" style=\"text-align: justify;\"><span style=\"font-size: 14pt; font-family: arial, helvetica, sans-serif;\">Adem\u00e1s, \u00c1lvarez Conde no organiza estos cursos solo por amor al arte, sino que estos institutos universitarios, cuando organizan t\u00edtulos o m\u00e1ster, \u00abpercibir\u00e1n, en su caso, la parte que les corresponda por la gesti\u00f3n\u00bb,\u00a0<a class=\"mce\" href=\"https:\/\/www.urjc.es\/images\/Universidad\/Presentacion\/normativa\/estatutos_urjc.pdf\" target=\"_blank\" rel=\"noopener noreferrer\">seg\u00fan los estatutos de la URJC<\/a>\u00a0(cap\u00edtulo III), es decir, que el IDP factura a la universidad por organizar posgrados como el de Cifuentes. El director, sin embargo, ha contradicho los estatutos y asegura que su instituto \u00abno puede hacer ense\u00f1anzas regladas: ni m\u00e1ster ni grados, solo puede hacer cursos no reglados\u00bb. Algo absolutamente falso como se puede leer en la normativa de la URJC. Precisamente nacen para favorecer la investigaci\u00f3n y la organizaci\u00f3n de t\u00edtulos de posgrado y especializaci\u00f3n.\u00a0\u00a0<\/span><\/p>\n<p class=\"mce\" style=\"text-align: justify;\"><span style=\"font-size: 14pt; font-family: arial, helvetica, sans-serif;\">Su fuente de financiaci\u00f3n, adem\u00e1s de la propia Universidad Rey Juan Carlos, son subvenciones p\u00fablicas, privadas o cualquier ingreso por organizaci\u00f3n de seminarios, cursos o conferencias o matr\u00edculas de alumnos. Cu\u00e1nto ha recibido y gastado cada a\u00f1o el Instituto es un misterio, al menos para el ciudadano. Las memorias de actividades que van de 2007\u00a0a 2012\u00a0<a class=\"mce\" href=\"https:\/\/dl.dropboxusercontent.com\/u\/103323893\/WEB%20IDP\/MEMORIAS\/memoria_2010_2011.pdf\" target=\"_blank\" rel=\"noopener noreferrer\">ya no se pueden consultar en su web<\/a>. Las que no dan error, hacen un somero repaso de algunas subvenciones para cursos pero nada parecido a un balance de gastos e ingresos serio.<\/span><\/p>\n<p class=\"mce\" style=\"text-align: justify;\"><span style=\"font-size: 14pt; font-family: arial, helvetica, sans-serif;\">\u00c1lvarez Conde asegura, sin embargo, que opera con \u00abtransparencia absoluta\u00bb. Preguntado por d\u00f3nde est\u00e1n las cuentas, responde que est\u00e1n en papel y que las ha entregado a la Comunidad de Madrid y la URJC, los organismos fiscalizadores. Sin embargo, la Ley de transparencia obliga a que est\u00e9n publicadas.\u00a0<a class=\"mce\" href=\"https:\/\/www.boe.es\/boe\/dias\/2013\/12\/10\/pdfs\/BOE-A-2013-12887.pdf\" target=\"_blank\" rel=\"noopener noreferrer\">Tal y como reza el punto 3 del pre\u00e1mbulo<\/a>\u00a0de esta norma, quedan sujetas a la transparencia \u00ablas\u00a0entidades de Derecho P\u00fablico con personalidad jur\u00eddica propia, vinculadas o dependientes de cualquiera de las Administraciones P\u00fablicas, incluidas las Universidades p\u00fablicas\u00bb.<\/span><\/p>\n<p class=\"mce\" style=\"text-align: justify;\"><span style=\"font-size: 14pt; font-family: arial, helvetica, sans-serif;\">La universidad no tiene colgadas las cuentas en su portal de transparencia y no ha contestado a la pregunta de eldiario.es de d\u00f3nde encontrarlas o por qu\u00e9 el IDP va por libre, como tampoco ha respondido la Consejer\u00eda de Educaci\u00f3n de Madrid, competente\u00a0en la fiscalizaci\u00f3n acad\u00e9mica y receptor de las memorias anuales, seg\u00fan\u00a0el acuerdo de creaci\u00f3n del Instituto.<\/span><\/p>\n<h3 style=\"text-align: justify;\"><span style=\"font-size: 14pt; font-family: arial, helvetica, sans-serif;\">S\u00ed recibe subvenciones<\/span><\/h3>\n<p class=\"mce\" style=\"text-align: justify;\"><span style=\"font-size: 14pt; font-family: arial, helvetica, sans-serif;\">Tambi\u00e9n asegura \u00c1lvarez Conde que no recibe dinero p\u00fablico hace 4 a\u00f1os para justificar la falta de rendici\u00f3n de cuentas. Preguntado por uno de muchos ejemplos, los 15.730 euros que recibi\u00f3 del Ministerio de Industria para gastar entre 2014 y 2017, responde:\u00a0\u00abAh, ese es un proyecto de investigaci\u00f3n.\u00a0Lo dirig\u00eda yo, como Enrique \u00c1lvarez Conde, no como Instituto\u00bb.\u00a0<a class=\"mce\" href=\"http:\/\/www.idi.mineco.gob.es\/stfls\/eSede\/Ficheros\/2014\/Anexo_I_Ayudas_Concedidas_Proyectos_ID_Excelencia_2013.pdf\" target=\"_blank\" rel=\"noopener noreferrer\">El documento de ayudas p\u00fablicas dice que se dio el dinero p\u00fablico al Instituto<\/a>.\u00a0<\/span><\/p>\n<p class=\"mce\" style=\"text-align: justify;\"><span style=\"font-size: 14pt; font-family: arial, helvetica, sans-serif;\">Entre la escasa informaci\u00f3n aportada en las memorias se puede saber, por ejemplo, que en 2006 la URJC\u00a0invirti\u00f3\u00a044.000 euros y la Comunidad de Madrid m\u00e1s de 100.000. De ellos, 92.000 euros de dinero p\u00fablico fueron destinados a la \u00abImpartici\u00f3n del III Curso de Arbitraje\u00bb, que<a class=\"mce\" href=\"https:\/\/www.yumpu.com\/es\/document\/view\/37834228\/triptico-iii-curso-arbitraje-fcjs-universidad-rey-juan-carlos\" target=\"_blank\" rel=\"noopener\">consist\u00eda simplemente en 18 charlas entre enero y mayo<\/a>. Tambi\u00e9n en esas memorias se pueden ver los numerosos convenios firmados. Por ejemplo, en 2007, uno con la Federaci\u00f3n de F\u00fatbol o con\u00a0<a class=\"mce\" href=\"http:\/\/www.idp-urjc.com\/pdf\/memoria_2007_2008.pdf\" target=\"_blank\" rel=\"noopener\">\u00a0FAES, entonces think tank del PP<\/a>\u00a0y presidido por Jos\u00e9 Mar\u00eda Aznar.\u00a0<\/span><\/p>\n<p class=\"mce\" style=\"text-align: justify;\"><span style=\"font-size: 14pt; font-family: arial, helvetica, sans-serif;\">Casualmente, este mi\u00e9rcoles se vota a Enrique \u00c1lvarez Conde como \u00fanico candidato a dirigir este Instituto, el mismo d\u00eda que\u00a0<a class=\"mce\" href=\"https:\/\/www.eldiario.es\/politica\/Universidad-Rey-Juan-Carlos-Cifuentes_0_752775364.html\" target=\"_blank\" rel=\"noopener\">declara ante la comisi\u00f3n de investigaci\u00f3n que ha abierto la universidad por el caso Cifuentes<\/a>. Si sale elegido con los suficientes votos, tendr\u00e1 que ser refrendado por el rector, Javier Ramos.<\/span><\/p>\n<p><figure id=\"attachment_10741\" aria-describedby=\"caption-attachment-10741\" style=\"width: 643px\" class=\"wp-caption aligncenter\"><a href=\"https:\/\/puntocritico.com\/ausajpuntocritico\/wp-content\/uploads\/2018\/04\/universidad-elecciones-Instituto-Derecho-Publico_EDIIMA20180403_0946_19.jpg\" rel=\"lightbox[10544]\"><img loading=\"lazy\" decoding=\"async\" class=\"wp-image-10741 size-full\" src=\"https:\/\/puntocritico.com\/ausajpuntocritico\/wp-content\/uploads\/2018\/04\/universidad-elecciones-Instituto-Derecho-Publico_EDIIMA20180403_0946_19.jpg\" alt=\"\" width=\"643\" height=\"381\" srcset=\"https:\/\/puntocritico.com\/ausajpuntocritico\/wp-content\/uploads\/2018\/04\/universidad-elecciones-Instituto-Derecho-Publico_EDIIMA20180403_0946_19.jpg 643w, https:\/\/puntocritico.com\/ausajpuntocritico\/wp-content\/uploads\/2018\/04\/universidad-elecciones-Instituto-Derecho-Publico_EDIIMA20180403_0946_19-300x178.jpg 300w\" sizes=\"auto, (max-width: 643px) 100vw, 643px\" \/><\/a><figcaption id=\"caption-attachment-10741\" class=\"wp-caption-text\"><span style=\"font-size: 10pt; color: #339966;\"><strong>El cartel de la universidad que anuncia elecciones en el Instituto de Derecho P\u00fablico<\/strong><\/span><\/figcaption><\/figure>\n<\/div>\n<p style=\"text-align: justify;\"><a href=\"https:\/\/puntocritico.com\/ausajpuntocritico\/wp-content\/uploads\/2018\/03\/Mosca_Punto_Cr\u00edtico_40.png\" rel=\"lightbox[10544]\"><img loading=\"lazy\" decoding=\"async\" class=\"aligncenter wp-image-9528\" src=\"https:\/\/puntocritico.com\/ausajpuntocritico\/wp-content\/uploads\/2018\/03\/Mosca_Punto_Cr\u00edtico_40.png\" alt=\"\" width=\"40\" height=\"40\" \/><\/a><\/p>\n<h1>\u00a0<\/h1>\n<h1 class=\"pg-headline\" style=\"text-align: center;\"><a id=\"ref26\"><\/a><a href=\"#ref26a\">[27]<\/a> Adif Alta Velocidad ya supera en deuda al Fondo de Rescate de los bancos: 17.900 millones<\/h1>\n<p><span style=\"font-size: 14pt;\">Por\u00a0Diego Larrouy<\/span><\/p>\n<div><span style=\"color: #339966;\">Art\u00edculo publicado el 3 de abril de 2018 en<\/span><\/div>\n<div><span style=\"color: #339966;\"><a style=\"color: #339966;\" href=\"https:\/\/www.eldiario.es\/economia\/Adif-Alta-Velocidad-Frob-millones_0_756975091.html\" target=\"_blank\" rel=\"noopener\">https:\/\/www.eldiario.es\/economia\/Adif-Alta-Velocidad-Frob-millones_0_756975091.html<\/a><\/span><\/div>\n<div>\u00a0<\/div>\n<div>\u00a0<\/div>\n<div>\n<figure id=\"attachment_10742\" aria-describedby=\"caption-attachment-10742\" style=\"width: 643px\" class=\"wp-caption aligncenter\"><a href=\"https:\/\/puntocritico.com\/ausajpuntocritico\/wp-content\/uploads\/2018\/04\/Adif-comunicaciones-AVE-Granada-simulacion_EDIIMA20180401_0079_4.jpg\" rel=\"lightbox[10544]\"><img loading=\"lazy\" decoding=\"async\" class=\"wp-image-10742 size-full\" src=\"https:\/\/puntocritico.com\/ausajpuntocritico\/wp-content\/uploads\/2018\/04\/Adif-comunicaciones-AVE-Granada-simulacion_EDIIMA20180401_0079_4.jpg\" alt=\"\" width=\"643\" height=\"362\" srcset=\"https:\/\/puntocritico.com\/ausajpuntocritico\/wp-content\/uploads\/2018\/04\/Adif-comunicaciones-AVE-Granada-simulacion_EDIIMA20180401_0079_4.jpg 643w, https:\/\/puntocritico.com\/ausajpuntocritico\/wp-content\/uploads\/2018\/04\/Adif-comunicaciones-AVE-Granada-simulacion_EDIIMA20180401_0079_4-300x169.jpg 300w\" sizes=\"auto, (max-width: 643px) 100vw, 643px\" \/><\/a><figcaption id=\"caption-attachment-10742\" class=\"wp-caption-text\"><strong><span style=\"color: #339966; font-size: 10pt;\">Tren AVE del servicio entre Madrid y Granada. EUROPA PRESS<\/span><\/strong><\/figcaption><\/figure>\n<\/div>\n<div>\n<blockquote>\n<p><span style=\"font-size: 14pt; font-family: arial, helvetica, sans-serif;\">Las empresas p\u00fablicas prev\u00e9n cerrar el a\u00f1o con 63.170 millones de deuda, un 3,6% menos que los datos de 2017<\/span><\/p>\n<p><span style=\"font-size: 14pt; font-family: arial, helvetica, sans-serif;\">La sociedad ferroviaria acumula en los presupuestos de los \u00faltimos cuatro a\u00f1os 1.200 millones en p\u00e9rdidas<\/span><\/p>\n<\/blockquote>\n<p class=\"mce\" style=\"text-align: justify;\"><span style=\"font-size: 14pt; font-family: arial, helvetica, sans-serif;\">El Gobierno prev\u00e9 que el a\u00f1o termine con una deuda de 63.170 millones de euros en el conjunto de los grupos empresariales p\u00fablicos, un 3,6% menos que lo previsto para el cierre de 2017, seg\u00fan figura en el proyecto de ley de\u00a0<a class=\"mce\" href=\"https:\/\/www.eldiario.es\/temas\/pge2018\/\" target=\"_blank\" rel=\"noopener\">\u00a0Presupuestos Generales del Estado<\/a>\u00a0presentado el martes en el Congreso de los Diputados.<\/span><\/p>\n<p class=\"mce\" style=\"text-align: justify;\"><span style=\"font-size: 14pt; font-family: arial, helvetica, sans-serif;\">La lista de empresas m\u00e1s endeudadas la encabeza por primera vez desde su creaci\u00f3n Adif Alta Velocidad. La sociedad encargada de la construcci\u00f3n y gesti\u00f3n de las l\u00edneas ferroviarias de alta velocidad en Espa\u00f1a\u00a0prev\u00e9 cerrar el a\u00f1o con una deuda de 17.924 millones de euros. Supone elevar todav\u00eda m\u00e1s la deuda prevista para 2017, que era de 17.660 millones.<\/span><\/p>\n<p class=\"mce\" style=\"text-align: justify;\"><span style=\"font-size: 14pt; font-family: arial, helvetica, sans-serif;\">De este modo, la sociedad supera por vez primera al Fondo de Reestructuraci\u00f3n Ordenada Bancaria (FROB), sociedad utilizada por el Gobierno para el rescate financiero, que cerrar\u00e1 el a\u00f1o, seg\u00fan las previsiones del Ejecutivo, con una deuda de 15.439 millones de euros, un 16% menos de lo presupuestado en 2017. Las siguientes empresas m\u00e1s endeudadas son Enaire -primer accionista de Aena- con casi 8.000 millones, y la SEPI, con 7.520 millones.<\/span><\/p>\n<p class=\"mce\" style=\"text-align: justify;\"><span style=\"font-size: 14pt; font-family: arial, helvetica, sans-serif;\">Adif-Alta Velocidad fue creada en 2013, separ\u00e1ndose de Adif, cuya actividad estar\u00eda centrada en las l\u00edneas convencionales. De este modo, la primera se hac\u00eda cargo de toda la deuda de acumulada de la expansi\u00f3n de la red de transporte AVE durante los a\u00f1os previos, abri\u00e9ndola a lanzar emisiones para captar nuevas v\u00edas de financiaci\u00f3n.<\/span><\/p>\n<p class=\"mce\" style=\"text-align: justify;\"><span style=\"font-size: 14pt; font-family: arial, helvetica, sans-serif;\">Adif Alta Velocidad es tambi\u00e9n la que tiene el peor resultado previsto para este ejercicio. El Gobierno estima que la sociedad cierre el a\u00f1o con 229 millones de euros de p\u00e9rdidas. Con ello, la empresa acumular\u00eda 1.198 millones de euros en p\u00e9rdidas presupuestadas los \u00faltimos cuatro a\u00f1os, aunque las reducir\u00eda frente a los 353 millones de resultado negativo previsto para 2017.<\/span><\/p>\n<p class=\"mce\" style=\"text-align: justify;\"><span style=\"font-size: 14pt; font-family: arial, helvetica, sans-serif;\">Respecto al resto de empresas p\u00fablicas, Loter\u00edas del Estado se mantiene como la empresa con mayores ingresos previstos, con 9.220 millones de euros, y tambi\u00e9n en beneficios, con m\u00e1s de 1.800 millones. Le sigue la Sepi, con m\u00e1s de 5.000 millones de cifra de negocios, cifra casi id\u00e9ntica a Enaire. Renfe Operadora y Adif son la cuarta y quinta empresas en cuanto a previsi\u00f3n de negocio para este a\u00f1o, con 2.700 y 1.200 millones respectivamente.<\/span><\/p>\n<p class=\"mce\" style=\"text-align: justify;\"><span style=\"font-size: 14pt; font-family: arial, helvetica, sans-serif;\">La sociedad Adif-Alta Velocidad es, a su vez, la empresa p\u00fablica que tiene una mayor inversi\u00f3n prevista para este ejercicio. En concreto, el Gobierno prev\u00e9 que invierta 2.700 millones, el 39% de los m\u00e1s de 7.000 millones que las compa\u00f1\u00edas estatales prev\u00e9n invertir en el presente a\u00f1o. Seg\u00fan figura en los Presupuestos, los trabajos en ferrocarriles de alta velocidad se centrar\u00e1n este a\u00f1o en el corredor norte-noroeste, en el del Mediterr\u00e1neo, en la l\u00ednea Madrid-Murcia, en Extremadura y en el eje Mediterr\u00e1neo-Cant\u00e1brico.<\/span><\/p>\n<p><a href=\"https:\/\/puntocritico.com\/ausajpuntocritico\/wp-content\/uploads\/2018\/03\/Mosca_Punto_Cr\u00edtico_40.png\" rel=\"lightbox[10544]\"><img loading=\"lazy\" decoding=\"async\" class=\"aligncenter wp-image-9528\" src=\"https:\/\/puntocritico.com\/ausajpuntocritico\/wp-content\/uploads\/2018\/03\/Mosca_Punto_Cr\u00edtico_40.png\" alt=\"\" width=\"40\" height=\"40\" \/><\/a><\/div>\n<p>&nbsp;<\/p>\n<h1 class=\"entry-title\" style=\"text-align: center;\"><a id=\"ref27\"><\/a><a href=\"#ref27a\">[28]<\/a> Los trapos sucios se lavan en palacio<\/h1>\n<div class=\"author-content\">\n<p class=\"author\"><span style=\"font-size: 14pt;\">Por Juan Carlos Escudier<\/span><\/p>\n<\/div>\n<div><span style=\"color: #339966;\">Art\u00edculo publicado el 4 de abril de 2018 en<\/span><\/div>\n<div><span style=\"color: #339966;\"><a style=\"color: #339966;\" href=\"http:\/\/blogs.publico.es\/escudier\/2018\/04\/04\/los-trapos-sucios-se-lavan-en-palacio\/\" target=\"_blank\" rel=\"noopener\">http:\/\/blogs.publico.es\/escudier\/2018\/04\/04\/los-trapos-sucios-se-lavan-en-palacio\/<\/a><\/span><\/div>\n<div>\u00a0<\/div>\n<div>\n<p style=\"text-align: justify;\"><span style=\"font-size: 14pt; font-family: arial, helvetica, sans-serif;\">En dura competencia con las madrastras, las suegras han tenido hist\u00f3ricamente muy mala prensa y los desencuentros con sus nueras han alcanzado dimensiones \u00e9picas, eternas batallas de andar por casa del bien contra el mal de los que han dado cuenta romances, refranes y coplas. El mism\u00edsimo diablo sufri\u00f3 la dictadura de una suegra, tal y como se encarg\u00f3 de narrar Fern\u00e1n Caballero \u2013Cecilia B\u00f6hl de Faber y Ruiz de Larrea para la familia-, y, tras diez a\u00f1os de tiran\u00eda, el sojuzgado demonio pens\u00f3 en abolir el matrimonio para acabar de una vez por todas con la especie. M\u00e1s o menos por la misma \u00e9poca, el ingl\u00e9s George Robert Sims pretendi\u00f3 un desagravio con sus\u00a0<em>Memorias de una suegra<\/em>, en la que su personaje Jane Tressider, ejemplar madre de nueve reto\u00f1os, se propuso \u201cdefender la causa de la m\u00e1s maligna de las razas sobre la faz de la tierra\u201d. El intento tuvo escaso \u00e9xito pero es muy gracioso y recomendable.<\/span><\/p>\n<p style=\"text-align: justify;\"><span style=\"font-size: 14pt; font-family: arial, helvetica, sans-serif;\">Aquello de antes echar\u00e1 uva la higuera que buena amistad la suegra con la nuera ha sido norma en cuchitriles y palacios, incluido claro est\u00e1 el de los Borbones. Dicen que Victoria Eugenia de Battenberg, esposa de Alfonso XIII, vivi\u00f3 un calvario con su enlutada suegra, Mar\u00eda Cristina de Habsburgo, aunque nada comparable con el tormento que debi\u00f3 de pasar Mar\u00eda Antonia de N\u00e1poles con su madre pol\u00edtica, la reina Mar\u00eda Luisa, por si no era poco el de haberse casado con Fernando VII y su descomunal instrumento. El \u201canimalito sin sangre\u201d o la \u201crana a medio morir\u201d, que era como se refer\u00eda a ella su suegra, falleci\u00f3 prematuramente, supuestamente de tisis, aunque hubo quien acus\u00f3 de su muerte a la esposa de Carlos IV, a Godoy y a un alacr\u00e1n que ambos habr\u00edan introducido en el lecho de la infortunada dama.<\/span><\/p>\n<p style=\"text-align: justify;\"><span style=\"font-size: 14pt; font-family: arial, helvetica, sans-serif;\">Reviviendo este pasado, la em\u00e9rita Sof\u00eda y la reina Letizia han protagonizado un sonoro esc\u00e1ndalo a la salida este pasado domingo de una misa en Palma, al impedir \u00e9sta \u00faltima una foto de la abuela con sus nietas entre manotazos de la heredera Leonor, la perplejidad del rey, que no sab\u00eda donde meterse, y el escaqueo del otro em\u00e9rito Juan Carlos, que debi\u00f3 de pensar que lo mejor hubiera sido quedarse en Sanxenxo d\u00e1ndole a la vela o en el Caribe d\u00e1ndole a otra cosa.<\/span><\/p>\n<p style=\"text-align: justify;\"><span style=\"font-size: 14pt; font-family: arial, helvetica, sans-serif;\">Particularmente, a los espa\u00f1oles nos importa un pimiento que las dos reinas se quieran mal y que Letizia no deje a Sof\u00eda ver a las nietas, ya sea porque les da caramelos y no sopa de verduras, o porque prefiera que sea su madre, la \u201crepublicana\u201d Rocasolano \u2013un ep\u00edteto cl\u00e1sico en las revistas del coraz\u00f3n- la que le haga de canguro. Nos importa un carajo, si es que es verdad, que Letizia y sus cu\u00f1adas se desprecien, que la esposa de Felipe no trague a Urdangarin, no ya por Noos sino por los chistes de mal gusto que le enviaba por correo a Cristina, especialmente aquel que preguntaba en qu\u00e9 se parec\u00edan el rey y el Real Madrid, o que nuestra soberana periodista se muestre esquiva ante la prole griega y a ese ramalazo egipcio suyo adquirido durante d\u00e9cadas de estar siempre con una mano delante y la otra detr\u00e1s.<\/span><\/p>\n<p style=\"text-align: justify;\"><span style=\"font-size: 14pt; font-family: arial, helvetica, sans-serif;\">Lo que realmente nos importa es que la familia a la que este a\u00f1o le caer\u00e1n del cielo otros ocho millones de euros haya o no Presupuestos cumpla con la \u00fanica funci\u00f3n que tiene asignada, que es guardar las formas y el protocolo -un invento para no hacer el rid\u00edculo ni el campechano-, y, sobre todo, sonre\u00edr ante las c\u00e1maras mientras los cronistas de la cosa determinan lo elegante que son sus vestidos, si sus escotes son tipo barco o palabra de honor, y si llevan los pendientes que luci\u00f3 alguna bisabuela en una coronaci\u00f3n o alguna baratija de bisuter\u00eda para empatizar con el pueblo llano que compra en los mercadillos.<\/span><\/p>\n<p style=\"text-align: justify;\"><span style=\"font-size: 14pt; font-family: arial, helvetica, sans-serif;\">Se les paga, en definitiva, para que no monten numeritos, para que no den que hablar m\u00e1s all\u00e1 de su porte, su lozan\u00eda y sus operaciones de est\u00e9tica -aunque esto sea mucho pedir tras los \u00faltimos episodios de corruptelas, corinnas, y elefantes-, y para que representen a un pa\u00eds con una conducta ejemplar ya que, se quiera o no, cargamos con una forma de Estado de ra\u00edces medievales sobre la que en alg\u00fan momento deber\u00edan volver a preguntarnos. Los trapos sucios los lava en casa el servicio dom\u00e9stico, que para eso lo pagamos con otro escote, el de todos.<\/span><\/p>\n<\/div>\n<p style=\"text-align: justify;\"><a href=\"https:\/\/puntocritico.com\/ausajpuntocritico\/wp-content\/uploads\/2018\/03\/Mosca_Punto_Cr\u00edtico_40.png\" rel=\"lightbox[10544]\"><img loading=\"lazy\" decoding=\"async\" class=\"aligncenter wp-image-9528\" src=\"https:\/\/puntocritico.com\/ausajpuntocritico\/wp-content\/uploads\/2018\/03\/Mosca_Punto_Cr\u00edtico_40.png\" alt=\"\" width=\"40\" height=\"40\" \/><\/a><\/p>\n<h1 style=\"text-align: center;\"><a id=\"ref28\"><\/a><a href=\"#ref28a\">\u00a0[29]<\/a> La moci\u00f3n de censura de Podemos en Parla fracasa por el rechazo de uno de los concejales de su partido<\/h1>\n<p><span style=\"font-size: 14pt;\">Por\u00a0BEATRIZ ASUAR GALLEGO<\/span><\/p>\n<div><span style=\"color: #339966;\">Art\u00edculo publicado el 3 de abril de 2018 en<\/span><\/div>\n<div><span style=\"color: #339966;\"><a style=\"color: #339966;\" href=\"http:\/\/www.publico.es\/politica\/mocion-censura-parla-fracasa-voto-concejales-partido.html\" target=\"_blank\" rel=\"noopener\">http:\/\/www.publico.es\/politica\/mocion-censura-parla-fracasa-voto-concejales-partido.html<\/a><\/span><\/div>\n<div>\u00a0<\/div>\n<div>\u00a0<\/div>\n<div>\n<figure id=\"attachment_10743\" aria-describedby=\"caption-attachment-10743\" style=\"width: 660px\" class=\"wp-caption aligncenter\"><a href=\"https:\/\/puntocritico.com\/ausajpuntocritico\/wp-content\/uploads\/2018\/04\/5aa80721b65e1.jpg\" rel=\"lightbox[10544]\"><img loading=\"lazy\" decoding=\"async\" class=\"wp-image-10743 size-full\" src=\"https:\/\/puntocritico.com\/ausajpuntocritico\/wp-content\/uploads\/2018\/04\/5aa80721b65e1.jpg\" alt=\"\" width=\"660\" height=\"340\" srcset=\"https:\/\/puntocritico.com\/ausajpuntocritico\/wp-content\/uploads\/2018\/04\/5aa80721b65e1.jpg 660w, https:\/\/puntocritico.com\/ausajpuntocritico\/wp-content\/uploads\/2018\/04\/5aa80721b65e1-300x155.jpg 300w\" sizes=\"auto, (max-width: 660px) 100vw, 660px\" \/><\/a><figcaption id=\"caption-attachment-10743\" class=\"wp-caption-text\"><strong><span style=\"color: #339966; font-size: 10pt;\">El alcalde del Ayuntamiento de Parla, Luis Mart\u00ednez Herv\u00e1s, con el bast\u00f3n de mando tras haber sido investido. (EFE) <\/span><\/strong><\/figcaption><\/figure>\n<\/div>\n<div>\n<blockquote>\n<p id=\"m318-317-319\"><span style=\"font-size: 14pt; font-family: arial, helvetica, sans-serif;\">Fuentes de Podemos Madrid explican que est\u00e1n \u00abmuy sorprendidos\u00bb por la decisi\u00f3n tomada por el edil, que aseguran es una persona cercana a I\u00f1igo Errejon. Es la primera vez que una decisi\u00f3n de la militancia de Podemos no se lleva a cabo por el voto en contra de uno de sus dirigentes.\u00a0<\/span><\/p>\n<\/blockquote>\n<p style=\"text-align: justify;\"><span style=\"font-size: 14pt; font-family: arial, helvetica, sans-serif;\">Podemos estaba impulsando una\u00a0<a title=\"La moci\u00f3n de censura de Podemos en Parla fracasa por el voto en contra de uno de los concejales de su partido\" href=\"http:\/\/www.publico.es\/politica\/mocion-censura-parla-fracasa-voto-concejales-partido.html\" target=\"_blank\" rel=\"noopener noreferrer\">moci\u00f3n de censura que\u00a0pod\u00eda echar al PP del Ayuntamiento de Parla<\/a>. La formaci\u00f3n morada llev\u00f3 a cabo una consulta a las bases para que fuera la militancia del municipio la que decidiera sobre esta iniciativa. Casi un 90% de las bases la apoyaron y este martes se iba a registrar la moci\u00f3n. Para ello necesitaban 14 firmas, pero el registro no ha sido posible\u00a0porque\u00a0<b>uno de los ediles de Podemos se ha negado a firmar la moci\u00f3n de censura.<\/b>\u00a0\u00a0<\/span><\/p>\n<p id=\"m323-1-324\" style=\"text-align: justify;\"><span style=\"font-size: 14pt; font-family: arial, helvetica, sans-serif;\">La iniciativa se llevaba a cabo a trav\u00e9s de la\u00a0<b>formaci\u00f3n municipalista Cambiemos Parla<\/b>, de la que forma parte Podemos y el edil que la ha rechazado, Alberto Olayo.\u00a0Fuentes de Podemos Madrid han asegurado a\u00a0<i>Publico<\/i>\u00a0que est\u00e1n \u00abmuy sorprendidos\u00bb por la decisi\u00f3n tomada por el concejal, que aseguran es una persona cercana a<b>\u00a0I\u00f1igo Errejon,<\/b>\u00a0porque \u00abadem\u00e1s de desbaratar la posibilidad real de desalojar al PP del Gobierno, no tiene precedentes en Podemos; nunca nadie ha desobedecido una decisi\u00f3n de los inscritos, que son quienes tienen la verdadera soberan\u00eda en este partido\u00bb.<\/span><\/p>\n<p id=\"m328-2-329\" style=\"text-align: justify;\"><span style=\"font-size: 14pt; font-family: arial, helvetica, sans-serif;\">Las mismas fuentes han apuntado que, aunque no esperaban este desenlace y la negativa de Alberto Olayo a firmar la moci\u00f3n, el sector que lidera Errej\u00f3n\u00a0<b>\u00abno quer\u00eda presentar esta iniciativa desde el principio\u00bb<\/b>.<b>\u00a0<\/b>Este rechazo se ha mantenido a pesar del\u00a0\u00abrespaldo contundente\u00bb que obtuvo la iniciativa por parte de las\u00a0<a title=\"Las bases de Podemos apoyan las coaliciones y que su marca aparezca en las papeletas electorales de 2019 \" href=\"http:\/\/www.publico.es\/politica\/elecciones-2019-bases-apoyan-coaliciones-marca-aparezca-papeletas-electorales-2019.html\" target=\"_blank\" rel=\"noopener noreferrer\">bases de Podemos en Parla en la consulta que se celebr\u00f3 la semana pasada<\/a>.\u00a0<\/span><\/p>\n<p id=\"m333-3-334\" style=\"text-align: justify;\"><span style=\"font-size: 14pt; font-family: arial, helvetica, sans-serif;\">La moci\u00f3n de censura estaba prevista que se registrara este mismo martes y que a las 13.00 horas el secretario general de Podemos en la Comunidad de Madrid,\u00a0<b>Ram\u00f3n Espinar<\/b>, diera una rueda de prensa conjunta con Cambiemos Parla e IU-CM La Izquierda para explicar al acuerdo al que hab\u00edan llegado y con el que conseguir\u00edan desalojar a los conservadores del Ayuntamiento. Pero ni la rueda ha llegado a darse ni la moci\u00f3n a formalizarse.\u00a0<\/span><\/p>\n<p id=\"m338-4-339\" style=\"text-align: justify;\"><span style=\"font-size: 14pt; font-family: arial, helvetica, sans-serif;\">Fuentes de Podemos explican que ha sido una sorpresa porque\u00a0<b>todo apuntaba que la iniciativa saldr\u00eda adelante<\/b>. Los principales problemas se presentaban con el PSOE porque la iniciativa, a priori, estaba apoyada por los ediles de Mover Parla, Cambiemos Parla e IU-CM. A\u00fan as\u00ed necesitaban un voto de las filas socialistas que a\u00fan no estaba confirmado. Sin embargo, con el voto en contra de las propias filas de la formaci\u00f3n morada, la moci\u00f3n se ha tornado imposible de llevar a cabo.<\/span><\/p>\n<p id=\"m343-5-344\" style=\"text-align: justify;\"><span style=\"font-size: 14pt; font-family: arial, helvetica, sans-serif;\">Tras esto, y a pesar de que en el Ayuntamiento de Parla son mayor\u00eda los concejales de formaciones progresistas, parece que el PP se mantiene hasta finales de legislatura gobernando.<\/span><\/p>\n<\/div>\n<p><a href=\"https:\/\/puntocritico.com\/ausajpuntocritico\/wp-content\/uploads\/2018\/03\/Mosca_Punto_Cr\u00edtico_40.png\" rel=\"lightbox[10544]\"><img loading=\"lazy\" decoding=\"async\" class=\"aligncenter wp-image-9528\" src=\"https:\/\/puntocritico.com\/ausajpuntocritico\/wp-content\/uploads\/2018\/03\/Mosca_Punto_Cr\u00edtico_40.png\" alt=\"\" width=\"40\" height=\"40\" \/><\/a><\/p>\n<h1>\u00a0<\/h1>\n<h1 class=\"entry-title\" style=\"text-align: center;\"><a id=\"ref29\"><\/a><a href=\"#ref29a\">[30]<\/a> Yo mat\u00e9 al comisario Camarasa<\/h1>\n<div class=\"author-content\">\n<p class=\"author\"><span style=\"font-size: 14pt;\">Por An\u00edbal Malvar<\/span><\/p>\n<\/div>\n<div><span style=\"color: #339966;\">Art\u00edculo publicado el 4 de abril de 2018 en<\/span><\/div>\n<div><span style=\"color: #339966;\"><a style=\"color: #339966;\" href=\"http:\/\/blogs.publico.es\/rosa-espinas\/2018\/04\/04\/yo-mate-a-paco-camarasa\/\" target=\"_blank\" rel=\"noopener\">http:\/\/blogs.publico.es\/rosa-espinas\/2018\/04\/04\/yo-mate-a-paco-camarasa\/<\/a><\/span><\/div>\n<div>\u00a0<\/div>\n<p style=\"text-align: justify;\"><span style=\"font-family: arial, helvetica, sans-serif; font-size: 14pt;\"><a href=\"https:\/\/puntocritico.com\/ausajpuntocritico\/wp-content\/uploads\/2018\/04\/paco-300x155.jpg\" rel=\"lightbox[10544]\"><img loading=\"lazy\" decoding=\"async\" class=\"size-full wp-image-10744 alignright\" src=\"https:\/\/puntocritico.com\/ausajpuntocritico\/wp-content\/uploads\/2018\/04\/paco-300x155.jpg\" alt=\"\" width=\"300\" height=\"155\" \/><\/a>Hab\u00eda conseguido convertirse en uno de los creadores m\u00e1s influyentes de la novela negra espa\u00f1ola sin haber escrito nunca una novela negra espa\u00f1ola, ni perif\u00e9rica, ni de ninguna otra nacionalidad. El t\u00edo era un farsante, en resumen. O eso quer\u00eda ella que creyera yo. Nunca me he fiado de las musas, de ninguna musa, y menos de la Musa. Aun con m\u00e1s raz\u00f3n, si la Musa en ese momento te est\u00e1 contratando para que te cargues a un farsante no muy alto, enjuto y de gafas, que hab\u00eda regentado una librer\u00eda en la Barceloneta y cuyo crimen era totalmente indiferente a todo el mundo, salvo a esa exc\u00e9ntrica e irrelevante minor\u00eda social que lee libros. Los psic\u00f3logos soberanistas los llaman\u00a0<em>lletraferits<\/em>. Pero son ya pocos (los\u00a0<i>lletraferits<\/i>).\u00a0Su voto nunca cambiar\u00e1 el rumbo del desastre.<\/span><\/p>\n<p style=\"text-align: justify;\"><span style=\"font-family: arial, helvetica, sans-serif; font-size: 14pt;\">La Musa descruz\u00f3 las piernas, se levant\u00f3, se dirigi\u00f3 hacia la puerta de mi despacho sin decir nada, y estaba a punto de salir cuando yo acept\u00e9 el trabajo.<\/span><\/p>\n<p style=\"text-align: justify;\"><span style=\"font-family: arial, helvetica, sans-serif; font-size: 14pt;\">\u2013\u00bfC\u00f3mo se llama el muerto? \u2013cog\u00ed papel y bol\u00edgrafo.<\/span><\/p>\n<p style=\"text-align: justify;\"><span style=\"font-family: arial, helvetica, sans-serif; font-size: 14pt;\">\u2013Paco Camarasa \u2013cerr\u00f3 la puerta y se fue.<\/span><\/p>\n<p style=\"text-align: justify;\"><span style=\"font-family: arial, helvetica, sans-serif; font-size: 14pt;\">Compa\u00f1eros de literatura negra y criminal, psic\u00f3patas que ore\u00e1is ganas de sangre ajena encima de un teclado, cobardes navajeros de la palabra esquinera, lit\u00fargicos escanciadores de v\u00edsceras, escritores todos: \u00bfc\u00f3mo hemos dejado morirse as\u00ed a Paco Camarasa, cuando Paco Camarasa hubiera disfrutado much\u00edsimo m\u00e1s muriendo asesinado? Lo vimos venir y no se nos ocurri\u00f3 nada. Por supuesto que tendr\u00edamos que haber descartado el veneno, demasiado clasista y victoriano, excesivamente pre-Dupin. Pero, entre todos, seguro que hubi\u00e9ramos encontrado infinidad de soluciones, de gozosas maneras de matarlo.<\/span><\/p>\n<p style=\"text-align: justify;\"><span style=\"font-family: arial, helvetica, sans-serif; font-size: 14pt;\">La gente nunca ser\u00e1 consciente de la cantidad de criminales que nos conocimos gracias a Paco Camarasa, a su librer\u00eda Negra y Criminal y a su Barcelona Negra. Somos much\u00edsimos. Con muchas y buenas ideas sobre c\u00f3mo matar a alguien, y sobre todo a \u00e9l, nuestro De Quincey de la Barceloneta, siempre propenso a valorar el asesinato como una de las bellas artes. Podr\u00edamos haber perpetrado su asesinato entre todos con la certeza de que no nos pillar\u00edan jam\u00e1s. Y \u00e9l hubiera muerto con su sonrisa gafotas de chino epicure\u00edsta que sabe que ha llegado su hora. Pero nos falt\u00f3 organizaci\u00f3n, como siempre nos pasa a los poetas.<\/span><\/p>\n<p style=\"text-align: justify;\"><span style=\"font-family: arial, helvetica, sans-serif; font-size: 14pt;\">Por si alg\u00fan lector no est\u00e1 versado en el dulce arte del asesinato, decir que Paco Camarasa, la v\u00edctima de este relato, es un se\u00f1or casi an\u00f3nimo que un d\u00eda del a\u00f1o 2002 abri\u00f3 una librer\u00eda enana y solo de novela negra en la calle de la Sal, en la Barceloneta, el viejo barrio portuario al que Manuel V\u00e1zquez Montalb\u00e1n iba a comer arroz con bogavante a precio \u201cde hace diez a\u00f1os\u201d en Can Sol\u00e9.<\/span><\/p>\n<p style=\"text-align: justify;\"><span style=\"font-family: arial, helvetica, sans-serif; font-size: 14pt;\">Un t\u00edo que antes de escribir su \u00fanico libro \u201cle\u00eda la wikipedia para saber lo que no ten\u00eda que poner\u201d.<\/span><\/p>\n<p style=\"text-align: justify;\"><span style=\"font-family: arial, helvetica, sans-serif; font-size: 14pt;\">El creador de la BCNegra, Barcelona Negra, un encuentro entre escritores de g\u00e9nero y lectores agen\u00e9ricos que naci\u00f3 como raterillo novelero en 2005 y hoy es\u00a0<em>capo di tutti capi<\/em>\u00a0entre los mejores festivales literarios de Europa.<\/span><\/p>\n<p style=\"text-align: justify;\"><span style=\"font-family: arial, helvetica, sans-serif; font-size: 14pt;\">Cree la gente de bien, y con raz\u00f3n, que los festivales literarios son una kermese de escritores y escritoras borrachos que acaban poniendo perdidas las esquinas de v\u00f3mito triste, solitario y final. Eso era as\u00ed hasta que gente como Paco Camarasa nos acerc\u00f3 a ese ser insondable y casi siempre noct\u00edvago llamado lector. V\u00edctima propiciatoria. Carne de alfab\u00e9tico forense.<\/span><\/p>\n<p style=\"text-align: justify;\"><span style=\"font-family: arial, helvetica, sans-serif; font-size: 14pt;\">Las necrol\u00f3gicas hablan de Paco Camarasa como un \u201cagitador cultural\u201d. Yo creo que ser\u00eda m\u00e1s adecuado definirlo como un caballero aficionado a presentar educadamente a gente muy capaz de asesinarse: el buen lector y el buen escritor. Paco Camarasa era muy\u00a0<em>gentlemen<\/em>\u00a0a la hora de mimar cada detalle del escenario de un crimen, y jam\u00e1s se manchaba la camisa comiendo mejillones tras degollar a una marquesa. Y despu\u00e9s nos obligaba a hablar de pol\u00edtica, no de ep\u00edtetos y adverbios, porque la literatura negra es pol\u00edtica, es revoluci\u00f3n, no \u201cpoes\u00eda concebida como un lujo cultural por los neutrales\u201d, ni literatura de evasi\u00f3n, sino un cuartucho de palabras en el que est\u00e1s encerrado sin saber si eres el criminal, el crimin\u00f3logo o la v\u00edctima. Que es la eterna duda de los oprimidos. No s\u00e9 si os sent\u00eds identificados.<\/span><\/p>\n<p style=\"text-align: justify;\"><span style=\"font-family: arial, helvetica, sans-serif; font-size: 14pt;\">Y va y se muere, de manera casi natural, Paco Camarasa.<\/span><\/p>\n<p style=\"text-align: justify;\"><span style=\"font-family: arial, helvetica, sans-serif; font-size: 14pt;\">Joder, Montse, qu\u00e9 pena me ha quedado de no haberlo asesinado yo. Solo o con los amigos. Pod\u00edas haberme mandado el soplo por La Muda, que tanto lo enamoraba, y nos acerc\u00e1bamos Carlos, V\u00edctor, Aro, S\u00e1lem, Rafa, Diego, Benjam\u00edn, Alexis, yo y todos los otros a apiolarlo en un momento. Se lo merec\u00eda. Vaya si se lo merec\u00eda. Comisario Camarasa.<\/span><\/p>\n<p style=\"text-align: justify;\"><span style=\"font-family: arial, helvetica, sans-serif; font-size: 14pt;\"><em>PS: Nada mit\u00f3mano, he escrito esto enfundado en mi camiseta de Negra y Criminal, oscura como la tumba donde yace mi amigo.<\/em><\/span><\/p>\n<p><a href=\"https:\/\/puntocritico.com\/ausajpuntocritico\/wp-content\/uploads\/2018\/03\/Mosca_Punto_Cr\u00edtico_40.png\" rel=\"lightbox[10544]\"><img loading=\"lazy\" decoding=\"async\" class=\"aligncenter wp-image-9528\" src=\"https:\/\/puntocritico.com\/ausajpuntocritico\/wp-content\/uploads\/2018\/03\/Mosca_Punto_Cr\u00edtico_40.png\" alt=\"\" width=\"40\" height=\"40\" \/><\/a><\/p>\n<div class=\"article-header-title\">\n<h1>\u00a0<\/h1>\n<h1 style=\"text-align: center;\"><a id=\"ref30\"><\/a><a href=\"#ref30a\">[31]<\/a> La ONU critica la escasa protecci\u00f3n del derecho a la vivienda y a la salud en Espa\u00f1a<\/h1>\n<p><span style=\"font-size: 14pt;\">Por P\u00fablico<\/span><\/p>\n<\/div>\n<div><span style=\"color: #339966;\">Art\u00edculo publicado el 3 de abril de 2018 en<\/span><\/div>\n<div><span style=\"color: #339966;\"><a style=\"color: #339966;\" href=\"http:\/\/www.publico.es\/sociedad\/onu-critica-escasa-proteccion-del-derecho-vivienda-y-salud-espana.html\" target=\"_blank\" rel=\"noopener\">http:\/\/www.publico.es\/sociedad\/onu-critica-escasa-proteccion-del-derecho-vivienda-y-salud-espana.html<\/a><\/span><\/div>\n<div>\u00a0<\/div>\n<div>\u00a0<\/div>\n<div>\n<figure id=\"attachment_10745\" aria-describedby=\"caption-attachment-10745\" style=\"width: 660px\" class=\"wp-caption aligncenter\"><a href=\"https:\/\/puntocritico.com\/ausajpuntocritico\/wp-content\/uploads\/2018\/04\/565722b5592c4.r_1522776167435.0-209-2761-1632.jpg\" rel=\"lightbox[10544]\"><img loading=\"lazy\" decoding=\"async\" class=\"wp-image-10745 size-full\" src=\"https:\/\/puntocritico.com\/ausajpuntocritico\/wp-content\/uploads\/2018\/04\/565722b5592c4.r_1522776167435.0-209-2761-1632.jpg\" alt=\"\" width=\"660\" height=\"340\" srcset=\"https:\/\/puntocritico.com\/ausajpuntocritico\/wp-content\/uploads\/2018\/04\/565722b5592c4.r_1522776167435.0-209-2761-1632.jpg 660w, https:\/\/puntocritico.com\/ausajpuntocritico\/wp-content\/uploads\/2018\/04\/565722b5592c4.r_1522776167435.0-209-2761-1632-300x155.jpg 300w\" sizes=\"auto, (max-width: 660px) 100vw, 660px\" \/><\/a><figcaption id=\"caption-attachment-10745\" class=\"wp-caption-text\"><span style=\"font-size: 10pt; color: #339966;\"><strong>Un manifestante sujeta una pancarta donde se lee \u00abTECHO PARA TODOS\u00bb en la protesta convocada por la plataforma \u00abNadie sin Hogar\u00bb por el derecho a la vivienda, en el centro de Madrid, Espa\u00f1a, 26 de noviembre de econom\u00eda 2015. REUTERS \/ Paul Hanna<\/strong><\/span><\/figcaption><\/figure>\n<\/div>\n<div class=\"article-header-epigraph\">\n<blockquote>\n<p style=\"text-align: justify;\"><strong><span style=\"font-size: 14pt; font-family: arial, helvetica, sans-serif; color: #808080;\">El\u00a0Comit\u00e9 de Derechos Econ\u00f3micos, Sociales y Culturales de Naciones Unidas vuelve a expresar su preocupaci\u00f3n por el impacto que las medidas de austeridad han tenido en derechos b\u00e1sicos que Espa\u00f1a se ha comprometido a garantizar a ratificar los pactos internacionales.<\/span><\/strong><\/p>\n<\/blockquote>\n<p id=\"m21-20-22\" style=\"text-align: justify;\"><span style=\"font-size: 14pt; font-family: arial, helvetica, sans-serif;\">El Comit\u00e9 de Derechos Econ\u00f3micos, Sociales y Culturales de Naciones Unidas (Comit\u00e9 DESC) ha hecho p\u00fablicas sus recomendaciones a Espa\u00f1a en cuanto al cumplimiento del Pacto Internacional de Derechos Econ\u00f3micos, Sociales y Culturales, un instrumento internacional ratificado por Espa\u00f1a hace 41 a\u00f1os.<\/span><\/p>\n<p id=\"m31-2-32\" style=\"text-align: justify;\"><span style=\"font-size: 14pt; font-family: arial, helvetica, sans-serif;\">En su informe, el Comit\u00e9 valora positivamente que la recesi\u00f3n econ\u00f3mica haya sido superada y que el Gobierno haya adoptado medidas y pol\u00edticas que \u00abmuestran su compromiso con los derechos econ\u00f3micos, sociales y culturales\u00bb. Sin embargo, tambi\u00e9n muestra su\u00a0<b>preocupaci\u00f3n\u00a0<\/b>ante el impacto que han tenido las\u00a0<b>medidas de austeridad\u00a0<\/b>adoptadas por el Gobierno durante los a\u00f1os de la crisis econ\u00f3mica en\u00a0<b>derechos b\u00e1sicos<\/b>\u00a0como el de la vivienda o la salud, entre otros muchos.<\/span><\/p>\n<p id=\"m119-3-120\" style=\"text-align: justify;\"><span style=\"font-size: 14pt; font-family: arial, helvetica, sans-serif;\">En concreto, el comit\u00e9 afea que esas medidas hayan \u00ab<b>perjudicado el disfrute del derecho a una vivienda adecuada<\/b>\u00ab, particularmente de personas y grupos m\u00e1s desfavorecidos y marginados. Critica \u00abel<b>\u00a0n\u00famero insuficiente de vivienda social<\/b>\u00ab, y el\u00a0<b>elevado precio\u00a0<\/b>de la vivienda, adem\u00e1s del \u00abn\u00famero significativo de hogares que no cuenta con vivienda en condiciones adecuadas y el alto n\u00famero de personas sin hogar\u00bb.<\/span><\/p>\n<p id=\"m131-4-132\" style=\"text-align: justify;\"><span style=\"font-size: 14pt; font-family: arial, helvetica, sans-serif;\">Por ello, recomienda al Gobierno que destine recursos suficientes para ampliar el parque p\u00fablico de vivienda, que regule el mercado privado para evitar los precios desorbitados y que revise su legislaci\u00f3n sobre alquileres para proteger a los inquilinos, entre otras medidas.<\/span><\/p>\n<p id=\"m125-4-126\" style=\"text-align: justify;\"><span style=\"font-size: 14pt; font-family: arial, helvetica, sans-serif;\">En cuanto a los\u00a0<b>desahucios<\/b>, el Comit\u00e9 critica la \u00abausencia de\u00a0un marco legislativo adecuado\u00bb que determine las garant\u00edas legales y procesales de las personas afectadas. Se trata de una carencia que ya se\u00f1al\u00f3 en su \u00faltima bater\u00eda de recomendaciones y que, al parecer, Espa\u00f1a no ha desarrollado. Por ello pide al Gobierno que establezca por ley los requisitos y procedimientos adecuados para ejecutar desahucios o desalojos forzados, siempre basado en los principios de razonabilidad y proporcionalidad. Exige que las personas afectadas \u00abtengan acceso a una compensaci\u00f3n o la opci\u00f3n de una vivienda alternativa adecuada\u00bb y que adopte un protocolo de actuaci\u00f3n en casos de desahucios que asegure una \u00abcoordinaci\u00f3n adecuada entre los tribunales y los servicios sociales locales\u00bb.<\/span><\/p>\n<p id=\"m147-6-148\" style=\"text-align: justify;\"><span style=\"font-size: 14pt; font-family: arial, helvetica, sans-serif;\">\u00abDesde Amnist\u00eda Internacional hemos se\u00f1alado en numerosas ocasiones la ausencia de ese marco legislativo adecuado, en un contexto en el que entre 2013 y 2017\u00a0<b>se han producido en Espa\u00f1a 312.361 desalojos<\/b>. Seguir como hasta ahora, sin legislaci\u00f3n ni cauces procesales que protejan el derecho a la vivienda, es una clara vulneraci\u00f3n de derechos humanos\u201d, lamenta\u00a0Marta Mendiola, responsable del trabajo sobre estos derechos en Amnist\u00eda Internacional, que estuvo recientemente en Ginebra durante el per\u00edodo de examen sobre Espa\u00f1a de este comit\u00e9 de la Naciones Unidas.<\/span><\/p>\n<h2 id=\"m162-7-163\" class=\"highlighted\" style=\"text-align: justify;\"><span style=\"font-size: 14pt; font-family: arial, helvetica, sans-serif;\">Cr\u00edticas a la exclusi\u00f3n sanitaria de personas migrantes<\/span><\/h2>\n<p id=\"m155-7-156\" style=\"text-align: justify;\"><span style=\"font-size: 14pt; font-family: arial, helvetica, sans-serif;\">En cuanto al derecho a la salud, el Comit\u00e9 se\u00f1ala el \u00abefecto regresivo\u00bb e que ha tenido el Real Decreto-ley 16\/2012 de 20 de abril de 2012,\u00a0que \u00ablimita el acceso a servicios de salud a los migrantes en situaci\u00f3n irregular\u00bb. Seg\u00fan las conclusiones del comit\u00e9, se ha producido \u00abuna degradaci\u00f3n en la calidad de los servicios de salud e incrementado las disparidades entre las Comunidades Aut\u00f3nomas\u00bb, al tiempo que lamenta que no se ha llevado a cabo una evaluaci\u00f3n exhaustiva sobre el impacto de la medida.<\/span><\/p>\n<p id=\"m173-9-174\" style=\"text-align: justify;\"><span style=\"font-size: 14pt; font-family: arial, helvetica, sans-serif;\">\u00abNaciones Unidas exige la universalidad del derecho a la salud, que se ha visto menoscabado en Espa\u00f1a en los \u00faltimos seis a\u00f1os de vigencia de este Real Decreto\u00bb, afirma Mendiola<\/span><\/p>\n<p style=\"text-align: justify;\"><a href=\"https:\/\/puntocritico.com\/ausajpuntocritico\/wp-content\/uploads\/2018\/03\/Mosca_Punto_Cr\u00edtico_40.png\" rel=\"lightbox[10544]\"><img loading=\"lazy\" decoding=\"async\" class=\"aligncenter wp-image-9528\" src=\"https:\/\/puntocritico.com\/ausajpuntocritico\/wp-content\/uploads\/2018\/03\/Mosca_Punto_Cr\u00edtico_40.png\" alt=\"\" width=\"40\" height=\"40\" \/><\/a><\/p>\n<div class=\"article-header-title\">\n<h1>\u00a0<\/h1>\n<h1 style=\"text-align: center;\"><a id=\"ref31\"><\/a><a href=\"#ref31a\">[32]<\/a> El juez cita a declarar este jueves al excomisario Salamanca por cohecho<\/h1>\n<\/div>\n<p style=\"text-align: justify;\"><span style=\"font-size: 14pt;\">Por Europa Press<\/span><\/p>\n<div><span style=\"color: #339966;\">Art\u00edculo publicado el 3 de abril de 2018 en<\/span><\/div>\n<div><span style=\"color: #339966;\"><a style=\"color: #339966;\" href=\"http:\/\/www.publico.es\/politica\/operacion-tandem-juez-cita-declarar-jueves-ex-comisario-jefe-barajas-carlos-salamanca-cohecho.html\" target=\"_blank\" rel=\"noopener\">http:\/\/www.publico.es\/politica\/operacion-tandem-juez-cita-declarar-jueves-ex-comisario-jefe-barajas-carlos-salamanca-cohecho.html<\/a><\/span><\/div>\n<\/div>\n<div>\u00a0<\/div>\n<blockquote>\n<div style=\"text-align: justify;\"><span style=\"color: #008000;\"><strong><span style=\"font-family: arial, helvetica, sans-serif; font-size: 14pt;\">Se encuentra investigado junto a Villarejo por lucrarse presuntamente con servicios especializados de inteligencia y facilitar la entrada ilegal de ciudadanos no comunitarios en territorio espa\u00f1ol<\/span><\/strong><\/span><\/div>\n<\/blockquote>\n<div class=\"article-header-epigraph\">\n<p>&nbsp;<\/p>\n<figure id=\"attachment_10751\" aria-describedby=\"caption-attachment-10751\" style=\"width: 660px\" class=\"wp-caption aligncenter\"><a href=\"https:\/\/puntocritico.com\/ausajpuntocritico\/wp-content\/uploads\/2018\/04\/5a43c2b815bc0.jpg\" rel=\"lightbox[10544]\"><img loading=\"lazy\" decoding=\"async\" class=\"wp-image-10751 size-full\" src=\"https:\/\/puntocritico.com\/ausajpuntocritico\/wp-content\/uploads\/2018\/04\/5a43c2b815bc0.jpg\" alt=\"\" width=\"660\" height=\"340\" srcset=\"https:\/\/puntocritico.com\/ausajpuntocritico\/wp-content\/uploads\/2018\/04\/5a43c2b815bc0.jpg 660w, https:\/\/puntocritico.com\/ausajpuntocritico\/wp-content\/uploads\/2018\/04\/5a43c2b815bc0-300x155.jpg 300w\" sizes=\"auto, (max-width: 660px) 100vw, 660px\" \/><\/a><figcaption id=\"caption-attachment-10751\" class=\"wp-caption-text\"><span style=\"font-size: 10pt; color: #339966;\"><strong>Los comisarios Villarejo y Salamanca, con sus respectivas esposas, en 2012<\/strong><\/span><\/figcaption><\/figure>\n<p id=\"m100-1-101\" style=\"text-align: justify;\">\u00a0<\/p>\n<p id=\"m21-20-22\" style=\"text-align: justify;\"><span style=\"font-family: arial, helvetica, sans-serif; font-size: 14pt;\">El juez de la Audiencia Nacional Diego de Egea ha citado a declarar este jueves, d\u00eda 5 de abril, a las 10.00 horas, al ex comisario jefe de Barajas\u00a0Carlos Salamanca\u00a0en el marco de la pieza separada que se form\u00f3 en el caso en el que se investiga al comisario jubilado\u00a0Jos\u00e9 Manuel Villarejo, relacionada con el delito de cohecho, han informado fuentes jur\u00eddicas.<\/span><\/p>\n<p style=\"text-align: justify;\"><span style=\"font-family: arial, helvetica, sans-serif; font-size: 14pt;\">El magistrado de refuerzo del Juzgado Central de Instrucci\u00f3n n\u00famero 6 ha acordado tomarle declaraci\u00f3n a este investigado en la\u00a0<b>Operaci\u00f3n T\u00e1ndem<\/b>\u00a0despu\u00e9s de que la Fiscal\u00eda Anticorrupci\u00f3n solicitase que se crease una pieza separada para la instrucci\u00f3n y posterior enjuiciamiento de los hechos relacionados con el delito de cohecho ante la existencia de \u00abactividades il\u00edcitas\u00bb. Asimismo, el Ministerio P\u00fablico solicit\u00f3 que se levante el secreto de sumario al tratarse de una pieza cuyas diligencias est\u00e1n pr\u00e1cticamente concluidas.<\/span><\/p>\n<p id=\"m107-2-108\" style=\"text-align: justify;\"><span style=\"font-family: arial, helvetica, sans-serif; font-size: 14pt;\">Salamanca, en libertad desde el pasado 6 de marzo, se encuentra investigado junto a Villarejo por los delitos de\u00a0<b>cohecho<\/b>, blanqueo de capitales y contra los derechos de los ciudadanos extranjeros por lucrarse presuntamente con servicios especializados de inteligencia y facilitar la entrada ilegal de ciudadanos no comunitarios en territorio espa\u00f1ol.<\/span><\/p>\n<p id=\"m114-3-115\" style=\"text-align: justify;\"><span style=\"font-family: arial, helvetica, sans-serif; font-size: 14pt;\">La operaci\u00f3n bautizada como T\u00e1ndem, coordinada con Anticorrupci\u00f3n, culmin\u00f3 el pasado 5 de noviembre con la detenci\u00f3n del jefe de la Comisar\u00eda del entonces\u00a0<b>Aeropuerto de Madrid-Barajas<\/b>\u00a0entre los a\u00f1os 2012 y 2015; del comisario jubilado; la esposa de este \u00faltimo, Gema Alcal\u00e1, y el abogado Rafael Redondo, entre otros. Villarejo y Redondo contin\u00faan en prisi\u00f3n; mientras que Alcal\u00e1 y otras cuatro personas quedaron en libertad despu\u00e9s de que les tomara declaraci\u00f3n la magistrada Carmen Lamela, en funciones de guardia cuando se desarroll\u00f3 el operativo.<\/span><\/p>\n<p id=\"m121-4-122\" style=\"text-align: justify;\"><span style=\"font-family: arial, helvetica, sans-serif; font-size: 14pt;\">La Operaci\u00f3n T\u00e1ndem fue iniciada por la unidad de Asuntos Internos de la Polic\u00eda Nacional y tiene como objetivo el desmantelamiento de una organizaci\u00f3n criminal que pretend\u00eda la \u00abreintroducci\u00f3n en Espa\u00f1a y otros pa\u00edses de la Uni\u00f3n Europea de fondos procedentes de actividades il\u00edcitas vinculadas a la corrupci\u00f3n internacional en los negocios\u00bb.<\/span><\/p>\n<p id=\"m128-5-129\" style=\"text-align: justify;\"><span style=\"font-family: arial, helvetica, sans-serif; font-size: 14pt;\">Seg\u00fan Anticorrupci\u00f3n, los detenidos se prevalec\u00edan de las funciones propias de sus respectivos cargos policiales, \u00abespecialmente sensibles para la seguridad nacional\u00bb, con la intenci\u00f3n de recibir \u00abelevadas sumas de dinero as\u00ed como regalos suntuarios diversos, a cambio de la prestaci\u00f3n de servicios especializados de inteligencia y de facilitar la entrada ilegal de ciudadanos no comunitarios en territorio nacional.<\/span><\/p>\n<p><a href=\"https:\/\/puntocritico.com\/ausajpuntocritico\/wp-content\/uploads\/2018\/03\/Mosca_Punto_Cr\u00edtico_40.png\" rel=\"lightbox[10544]\"><img loading=\"lazy\" decoding=\"async\" class=\"aligncenter wp-image-9528\" src=\"https:\/\/puntocritico.com\/ausajpuntocritico\/wp-content\/uploads\/2018\/03\/Mosca_Punto_Cr\u00edtico_40.png\" alt=\"\" width=\"40\" height=\"40\" \/><\/a><\/p>\n<h1>\u00a0<\/h1>\n<h1 class=\"entry-title\" style=\"text-align: center;\"><a id=\"ref32\"><\/a><a href=\"#ref32a\">[33]<\/a> Contra el filtrado de contenido en Internet y el impuesto a la cita: paremos la #CensorshipMachine<\/h1>\n<div class=\"author\"><span style=\"font-size: 14pt;\">Por Joe McNamee (adaptado por Xnet)<\/span><\/div>\n<div class=\"description\"><span style=\"font-size: 14pt;\">Director Ejecutivo de EDRi (European Digital Rights)<\/span><\/div>\n<div>\u00a0<\/div>\n<div><span style=\"color: #339966;\">Art\u00edculo publicado el 3 de abril de 2018 en<\/span><\/div>\n<div><span style=\"color: #339966;\"><a style=\"color: #339966;\" href=\"http:\/\/blogs.publico.es\/dominiopublico\/25430\/contra-el-filtrado-de-contenido-en-internet-y-el-impuesto-a-la-cita-paremos-la-censorshipmachine\/\" target=\"_blank\" rel=\"noopener\">http:\/\/blogs.publico.es\/dominiopublico\/25430\/contra-el-filtrado-de-contenido-en-internet-y-el-impuesto-a-la-cita-paremos-la-censorshipmachine\/<\/a><\/span><\/div>\n<div>\u00a0<\/div>\n<p style=\"text-align: justify;\"><span style=\"font-size: 14pt; font-family: arial, helvetica, sans-serif;\">No todos saben que las propuestas de la Directiva del Copyright, en discusi\u00f3n en este momento en la Comisi\u00f3n JURI del Parlamento Europeo, son mucho m\u00e1s que propuestas sobre derechos de autor. Incluyen vigilancia, procesamiento autom\u00e1tico de datos, gobierno por algoritmos, retenci\u00f3n de los datos personales, etc.<\/span><\/p>\n<p style=\"text-align: justify;\"><span style=\"font-size: 14pt; font-family: arial, helvetica, sans-serif;\">\u00bfPor qu\u00e9 en esta propuesta de la Comisi\u00f3n Europea esta exige un filtrado previo del material que se publica en Internet para detectar contenido sujeto a estar protegido por copyright, pero ha pedido lo mismo en otro contexto para, por ejemplo, contenido terrorista?<\/span><\/p>\n<p style=\"text-align: justify;\"><span style=\"font-size: 14pt; font-family: arial, helvetica, sans-serif;\">La Comisi\u00f3n se opone a la creaci\u00f3n de un \u201cministerio de la verdad\u201d, pero luego apoya un \u201calgoritmo de verdad\u201d para filtrar el material protegido por derechos de autor. \u00bfPor qu\u00e9? El copyright desde siempre se usa como punta de lanza de pol\u00edticas muy invasivas.<\/span><\/p>\n<p style=\"text-align: justify;\"><span style=\"font-size: 14pt; font-family: arial, helvetica, sans-serif;\">Debemos impedir los graves recortes a la libertad de expresi\u00f3n y de acceso a la informaci\u00f3n que se quieren imponer con la Directiva de Copyright en Europa.<\/span><\/p>\n<p style=\"text-align: justify;\"><span style=\"font-size: 14pt; font-family: arial, helvetica, sans-serif;\">Por la informaci\u00f3n que tenemos hasta ahora, la nueva directiva y sus consecuencias tienen mucha m\u00e1s importancia de la que se le ha dado hasta ahora. ??Pr\u00e1cticamente todos los principios por los que hemos estado luchado est\u00e1n bajo amenaza con la Directiva de Copyright. Las ramificaciones van mucho m\u00e1s all\u00e1 del copyright o los derechos de autor por lo que, desafortunadamente, decir que \u201cla tem\u00e1tica de los derechos de autor ni me incumbe ni me interesa\u201d no es una postura sostenible.<\/span><\/p>\n<p style=\"text-align: justify;\"><span style=\"font-size: 14pt; font-family: arial, helvetica, sans-serif;\">Desgraciadamente nos incumbe a todos. Veamos por qu\u00e9:<\/span><\/p>\n<ol style=\"text-align: justify;\">\n<li><span style=\"font-size: 14pt; font-family: arial, helvetica, sans-serif;\">Responsabilidad directa para las empresas de alojamiento en Internet<\/span><\/li>\n<\/ol>\n<p style=\"text-align: justify;\"><span style=\"font-size: 14pt; font-family: arial, helvetica, sans-serif;\">Cualquier repositorio o forma de organizaci\u00f3n del contenido acaba consider\u00e1ndose un delito.?? Esto convierte el servicio de alojamiento en el infractor directo, lo que crear\u00e1\u00a0 una gran inseguridad jur\u00eddica para los mismos. Esto tiene como resultado el de crear grandes incentivos para que eliminen cualquier contenido \u201csospechoso\u201d, por lo que se acabar\u00edan eliminando grandes cantidades de contenido \u201clegal\u201d. O sea, se socavar\u00eda enormemente la libertad expresi\u00f3n y de acceso a la informaci\u00f3n en la era digital.<\/span><\/p>\n<ol style=\"text-align: justify;\" start=\"2\">\n<li><span style=\"font-size: 14pt; font-family: arial, helvetica, sans-serif;\">Eliminaci\u00f3n de responsabilidad secundaria<\/span><\/li>\n<\/ol>\n<p style=\"text-align: justify;\"><span style=\"font-size: 14pt; font-family: arial, helvetica, sans-serif;\">En una extra\u00f1a redacci\u00f3n jur\u00eddica, las notas explicativas intentan redefinir la Directiva de comercio electr\u00f3nico de una manera que no cubrir\u00eda a nadie.<\/span><\/p>\n<p style=\"text-align: justify;\"><span style=\"font-size: 14pt; font-family: arial, helvetica, sans-serif;\">Esto eliminar\u00eda las eximentes de responsabilidad para los proveedores de servicios por infracciones cometidas por sus usuarios, cosa que aumentar\u00eda en gran medida los incentivos para eliminar una vez m\u00e1s todo tipo de contenido. Otro paso atr\u00e1s para la libertad de expresi\u00f3n y de acceso a la informaci\u00f3n.<\/span><\/p>\n<p style=\"text-align: justify;\"><span style=\"font-size: 14pt; font-family: arial, helvetica, sans-serif;\">De este modo, el agravio para las empresas de alojamiento es terrible y les deja solo dos opciones:<\/span><\/p>\n<p style=\"text-align: justify;\"><span style=\"font-size: 14pt; font-family: arial, helvetica, sans-serif;\">a) Adquirir todas las licencias nacionales e internacionales, encareciendo tanto su actividad que s\u00f3lo contadas multinacionales podr\u00edan permit\u00edrsela. Se llegar\u00eda a una situaci\u00f3n monopol\u00edstica\u00a0<em>de facto<\/em>que limitar\u00eda enormemente cualquier emprendimiento en el \u00e1mbito digital, \u00e1mbito que pasar\u00eda anacr\u00f3nicamente a ser \u201cde riesgo\u201d.<\/span><\/p>\n<p style=\"text-align: justify;\"><span style=\"font-size: 14pt; font-family: arial, helvetica, sans-serif;\">b) O bien implementar filtros de subida para textos, im\u00e1genes (incluidas im\u00e1genes de texto), v\u00eddeos y material audiovisual en general. Esta tecnolog\u00eda, muy cara, tambi\u00e9n limitar\u00eda el emprendimiento de calidad y que dejar\u00eda fuera un enorme volumen de informaci\u00f3n. Algo, creemos, anacr\u00f3nico tambi\u00e9n en la era de la informaci\u00f3n.<\/span><\/p>\n<ol style=\"text-align: justify;\" start=\"3\">\n<li><span style=\"font-size: 14pt; font-family: arial, helvetica, sans-serif;\">Grandes ventajas competitivas para Google o Facebook.<\/span><\/li>\n<\/ol>\n<p style=\"text-align: justify;\"><span style=\"font-size: 14pt; font-family: arial, helvetica, sans-serif;\">Como Google o Facebook ya tienen sus filtros en marcha -porque no quieren estar sujetos a licencias-, s\u00f3lo ellos tendr\u00e1n el poder financiero para lidiar con el desarrollo en constante cambio del filtrado, algo que ser\u00e1 exigido por los tribunales.<\/span><\/p>\n<ol style=\"text-align: justify;\" start=\"4\">\n<li><span style=\"font-size: 14pt; font-family: arial, helvetica, sans-serif;\">Elusi\u00f3n deliberada de la jurisprudencia del Tribunal de Justicia de la Uni\u00f3n Europea.<\/span><\/li>\n<\/ol>\n<p style=\"text-align: justify;\"><span style=\"font-size: 14pt; font-family: arial, helvetica, sans-serif;\">El filtrado es sugerido y pr\u00e1cticamente impuesto por la propuesta. De esta forma, la Comisi\u00f3n (y la industria de la m\u00fasica que redact\u00f3 la Directiva) espera rodear dos sentencias que determinan que el filtrado obligatorio e indiscriminado es contrario a la Carta de los Derechos Fundamentales. Dado que las empresas eligen (porque no tienen otra opci\u00f3n), no es \u201cimpuesto por la ley\u201d y por lo tanto muy, muy dif\u00edcil de impugnar ante los tribunales. En realidad, la maniobra es a prueba de ley porque requerir\u00eda que un proveedor se opusiera, acudiera a los tribunales, que perdiera, llevarlo al TJUE y luego ganase (de conformidad con la jurisprudencia). Sin embargo, en esa etapa, todos habr\u00e1n invertido ya en filtros de todos modos, por lo que ser\u00eda demasiado tarde.<\/span><\/p>\n<ol style=\"text-align: justify;\" start=\"5\">\n<li><span style=\"font-size: 14pt; font-family: arial, helvetica, sans-serif;\">Y luego, el asunto de los derechos de autor complementarios.<\/span><\/li>\n<\/ol>\n<p style=\"text-align: justify;\"><span style=\"font-size: 14pt; font-family: arial, helvetica, sans-serif;\">El art\u00edculo 11 de la Directiva propuesta otorga un nuevo derecho de autor complementario a los editores, algo parecido al #canonAEDE en Espa\u00f1a, un canon que ya hizo verter l\u00e1grimas de cocodrilo a la propia industria editorial al darse cuenta de que disminu\u00eda el alcance de sus negocios. El impuesto propuesto en la Directiva consiste en dar a los editores derechos exclusivos sobre todos los fragmentos de datos que vayan m\u00e1s all\u00e1 de una cita breve\u2026 \u00a1durante 20 a\u00f1os! Tendremos que verificar cada fragmento de prensa que publiquemos para \u201cevitar\u201d que se incumpla este derecho\u2026 o pagar una licencia.<\/span><\/p>\n<p style=\"text-align: justify;\"><span style=\"font-size: 14pt; font-family: arial, helvetica, sans-serif;\"><em>[Nota de Xnet: A mitad de abril, la comisi\u00f3n el JURI del parlamento europeo votar\u00e1 sobre\u00a0<\/em><strong><em>el filtrado de contenido en Internet y el impuesto a la cita<\/em><\/strong><em>. Lo que ah\u00ed se decida puede destruir el Internet tal y como lo conocemos. Por esto es muy importante que difundas esta informaci\u00f3n y que los eurodiputados conozcan nuestra disconformidad].<\/em><\/span><\/p>\n<p style=\"text-align: justify;\"><span style=\"font-size: 14pt; font-family: arial, helvetica, sans-serif;\">Joe McNamee es\u00a0<strong>Director Ejecutivo de EDRi (Europeean Digital Rights)<\/strong><\/span><\/p>\n<hr \/>\n<h3 style=\"text-align: justify;\"><span style=\"font-size: 14pt; font-family: arial, helvetica, sans-serif;\"><strong>Art\u00edculo 13: Cuestiones clave<\/strong><\/span><\/h3>\n<p style=\"text-align: justify;\"><span style=\"font-size: 14pt; font-family: arial, helvetica, sans-serif;\"><em>Por EDRi, adaptado por Xnet<\/em><\/span><\/p>\n<p style=\"text-align: justify;\"><span style=\"font-size: 14pt; font-family: arial, helvetica, sans-serif;\">La Directiva propuesta tiene por objeto armonizar a\u00fan m\u00e1s la legislaci\u00f3n sobre derechos de autor en el mercado \u00fanico digital de la UE. No est\u00e1 destinado a abordar la responsabilidad de las empresas de Internet por infracciones, que est\u00e1 cubierta por la Directiva sobre comercio electr\u00f3nico. Sin embargo, la \u201cexposici\u00f3n de motivos\u201d de la propuesta explica que la Directiva se refiere a \u201cmejorar la posici\u00f3n de los titulares de derechos para negociar\u201d, incluso reinterpretando, pero no modificando, las normas de responsabilidad para una gama mal definida \u2013pero muy amplia \u2013 de empresas de Internet, lo que ha provocado profundas contradicciones que perjudican la seguridad jur\u00eddica, la libertad de expresi\u00f3n y el acceso a la cultura.<\/span><\/p>\n<p style=\"text-align: justify;\"><span style=\"font-size: 14pt; font-family: arial, helvetica, sans-serif;\">El art\u00edculo 13 y los considerandos correspondientes (especialmente el considerando 38) regulan varias cuestiones diferentes al mismo tiempo, de forma muy confusa. Las medidas abarcar\u00edan a casi todos los proveedores de Internet que almacenan contenido para sus usuarios, desde peque\u00f1os servicios de alojamiento web hasta plataformas globales.<\/span><\/p>\n<p style=\"text-align: justify;\"><span style=\"font-size: 14pt; font-family: arial, helvetica, sans-serif;\"><strong>\u00bfQu\u00e9 intenta arreglar el art\u00edculo 13?\u00a0<\/strong>Los titulares de los derechos se quejan de que existe una supuesta \u201cbrecha de valor\u201d en virtud de la cual las plataformas m\u00e1s grandes son capaces de generar un \u201cvalor\u201d desproporcionado a partir de los contenidos protegidos por derechos de autor. Al crear inseguridad jur\u00eddica, por ejemplo, la redefinici\u00f3n de conceptos jur\u00eddicos clave como \u201cponer a disposici\u00f3n\u201d y \u201chosting activo\u201d, as\u00ed como el uso de terminolog\u00eda vaga como \u201cgran cantidad\u201d y \u201ctomar medidas\u201d,\u00a0 se pretende cambiar el equilibrio negociador entre los titulares de derechos y las plataformas, para dar m\u00e1s fuerza a los titulares de derechos. As\u00ed lo confirma reiteradamente la exposici\u00f3n de motivos de la Directiva.<\/span><\/p>\n<p style=\"text-align: justify;\"><span style=\"font-size: 14pt; font-family: arial, helvetica, sans-serif;\"><strong>\u00bfQu\u00e9 se propone?<\/strong><\/span><\/p>\n<ol style=\"text-align: justify;\">\n<li><span style=\"font-size: 14pt; font-family: arial, helvetica, sans-serif;\">Cambiar el marco de lo que significa \u201cponer a disposici\u00f3n\u201d: Se considerar\u00eda que casi cualquier proveedor de plataformas en l\u00ednea est\u00e1 \u201cponiendo a disposici\u00f3n\u201d el contenido cargado por sus usuarios y, por lo tanto, se hace directamente responsable de cualquier infracci\u00f3n de los derechos de autor (\u201cresponsabilidad primaria\u201d). Esto crear\u00eda una enorme inseguridad jur\u00eddica, incentivando la supresi\u00f3n de los contenidos jur\u00eddicos, perjudicando a los proveedores m\u00e1s peque\u00f1os (que sufrir\u00edan de manera desproporcionada la inseguridad jur\u00eddica y el coste de las medidas t\u00e9cnicas, como el filtrado) y la libertad de expresi\u00f3n.<\/span><\/li>\n<li><span style=\"font-size: 14pt; font-family: arial, helvetica, sans-serif;\">Ampliar el concepto de \u201chosting activo\u201d: el considerando 38 pretende redefinir y ampliar seriamente el concepto de proveedor de \u201chosting activo\u201d, es decir, un proveedor cuyas actividades le dar\u00edan un conocimiento constructivo de cualquier contenido ilegal o no autorizado. Esto limitar\u00eda dr\u00e1sticamente las protecciones de responsabilidad duraderas y necesarias y cubrir\u00eda una amplia gama de plataformas (por ejemplo, Dropbox, SoundCloud, IMDb, eBay o WordPress). Esto los har\u00eda responsables por no actuar para detener las infracciones de otros (\u201cresponsabilidad secundaria\u201d).<\/span><\/li>\n<li><span style=\"font-size: 14pt; font-family: arial, helvetica, sans-serif;\">Aplicaci\u00f3n de medidas defensivas (\u201cfiltros de carga\u201d): La propuesta explica que la acci\u00f3n preventiva puede utilizarse como forma de \u201ccooperaci\u00f3n\u201d con los titulares de derechos. Estas acciones se basan en las pr\u00e1cticas existentes de Google y Facebook,\u201d como el reconocimiento de contenidos\u201d, que es la monitorizaci\u00f3n y el filtrado de las subidas. En otras palabras, al instalar filtros de carga \u2013 a la subida de contenido -, los proveedores pueden protegerse de la inseguridad jur\u00eddica que crea la Directiva. La propuesta pretende eludir la Carta de los Derechos Fundamentales de la UE \u201csugiriendo\u201d en lugar de obligar, expl\u00edcitamente, el filtrado de la carga.<\/span><\/li>\n<\/ol>\n<p style=\"text-align: justify;\"><span style=\"font-size: 14pt; font-family: arial, helvetica, sans-serif;\">Tales filtros pueden tener un impacto terrible en la libertad de expresi\u00f3n e informaci\u00f3n, como ya se puede ver. Estos filtros no funcionan bien y a menudo eliminan contenidos cuyo uso es absolutamente leg\u00edtimo y no eliminan el contenido no autorizado. Tambi\u00e9n tienen diferentes niveles de eficacia para distintos tipos de contenido (texto, m\u00fasica, v\u00eddeo, audio, etc.) lo que significa que nunca quedar\u00e1 claro para los proveedores, aunque est\u00e9n haciendo lo mejor que puedan, si un tribunal nacional pudiera considerar que est\u00e1n haciendo lo suficiente en relaci\u00f3n con cualquier tipo espec\u00edfico de contenido.<\/span><\/p>\n<p style=\"text-align: justify;\"><span style=\"font-size: 14pt; font-family: arial, helvetica, sans-serif;\"><strong>Costes y beneficios<\/strong><\/span><\/p>\n<ul style=\"text-align: justify;\">\n<li><span style=\"font-size: 14pt; font-family: arial, helvetica, sans-serif;\">Beneficios:<\/span><\/li>\n<\/ul>\n<ol style=\"text-align: justify;\">\n<li><span style=\"font-size: 14pt; font-family: arial, helvetica, sans-serif;\">Incuestionablemente, la propuesta cambiar\u00eda, en un grado imprevisible, el equilibrio negociador entre todos los servicios de alojamiento en l\u00ednea y los titulares de derechos. Es la intenci\u00f3n, pero los beneficios est\u00e1n completamente escorados hacia un lado.<\/span><\/li>\n<\/ol>\n<ul style=\"text-align: justify;\">\n<li><span style=\"font-size: 14pt; font-family: arial, helvetica, sans-serif;\">Costes:<\/span><\/li>\n<\/ul>\n<ol style=\"text-align: justify;\">\n<li><span style=\"font-size: 14pt; font-family: arial, helvetica, sans-serif;\">La propuesta reinterpreta principios clave y acertados de la legislaci\u00f3n de la UE en relaci\u00f3n con la responsabilidad del prestador de servicios y socava el mercado \u00fanico digital.<\/span><\/li>\n<li><span style=\"font-size: 14pt; font-family: arial, helvetica, sans-serif;\">La soluci\u00f3n ofrecida (monitorizaci\u00f3n indiscriminada del filtrado de carga) es costosa y legalmente muy cuestionable; el Tribunal de Justicia de la Uni\u00f3n Europea ya ha dictaminado que no puede ser impuesta por mandato judicial.<\/span><\/li>\n<li><span style=\"font-size: 14pt; font-family: arial, helvetica, sans-serif;\">La propuesta es mucho m\u00e1s amplia de lo que parece. La expresi\u00f3n \u201cobras u otros temas\u201d requerir\u00eda filtros de texto (incluso para \u201cnoticias\u201d en virtud del art\u00edculo 11), filtros de imagen (incluso para las im\u00e1genes de \u201cnoticias\u201d protegidas por el art\u00edculo 11), filtros de audio, filtros audiovisuales, v\u00eddeos de movimientos de danza protegidos, etc\u00e9tera.<\/span><\/li>\n<li><span style=\"font-size: 14pt; font-family: arial, helvetica, sans-serif;\">Las grandes plataformas ya han invertido mucho en el filtrado de cargas. Las empresas europeas m\u00e1s peque\u00f1as de Internet se ver\u00e1n enfrentadas a la compra de m\u00faltiples servicios de filtrado o, desde una posici\u00f3n de negociaci\u00f3n d\u00e9bil, acordar\u00e1n varios derechos de licencia con m\u00faltiples titulares de derechos de propiedad intelectual.<\/span><\/li>\n<li><span style=\"font-size: 14pt; font-family: arial, helvetica, sans-serif;\">El objetivo de la propuesta es cambiar las posiciones negociadoras de todos los titulares de derechos de autor y de todas las empresas pertinentes de Internet. El impacto de este enfoque de talla \u00fanica para los diversos proveedores de servicios y titulares de derechos es totalmente impredecible.<\/span><\/li>\n<\/ol>\n<p style=\"text-align: justify;\"><a href=\"https:\/\/puntocritico.com\/ausajpuntocritico\/wp-content\/uploads\/2018\/03\/Mosca_Punto_Cr\u00edtico_40.png\" rel=\"lightbox[10544]\"><img loading=\"lazy\" decoding=\"async\" class=\"aligncenter wp-image-9528\" src=\"https:\/\/puntocritico.com\/ausajpuntocritico\/wp-content\/uploads\/2018\/03\/Mosca_Punto_Cr\u00edtico_40.png\" alt=\"\" width=\"40\" height=\"40\" \/><\/a><\/p>\n<h1>\u00a0<\/h1>\n<h1 class=\"js-headline\" style=\"text-align: center;\"><a id=\"ref33\"><\/a><a href=\"#ref33a\">[34]<\/a> Un asesor del PSOE, socio y administrador en la trama de las facturas falsas<\/h1>\n<div class=\"kicker\"><span style=\"font-size: 14pt;\">Por Juan Nieto<\/span><\/div>\n<div><span style=\"color: #339966;\">Art\u00edculo publicado el 4 de abril de 2018 en<\/span><\/div>\n<div><span style=\"color: #339966;\"><a style=\"color: #339966;\" href=\"http:\/\/www.elmundo.es\/comunidad-valenciana\/2018\/04\/04\/5ac3a8d746163f0e5f8b459f.html\" target=\"_blank\" rel=\"noopener\">http:\/\/www.elmundo.es\/comunidad-valenciana\/2018\/04\/04\/5ac3a8d746163f0e5f8b459f.html<\/a><\/span><\/div>\n<\/div>\n<div>\u00a0<\/div>\n<div>\u00a0<\/div>\n<div class=\"article-header-epigraph\">\n<div>\n<figure id=\"attachment_10752\" aria-describedby=\"caption-attachment-10752\" style=\"width: 660px\" class=\"wp-caption aligncenter\"><a href=\"https:\/\/puntocritico.com\/ausajpuntocritico\/wp-content\/uploads\/2018\/04\/15227724198300.jpg\" rel=\"lightbox[10544]\"><img loading=\"lazy\" decoding=\"async\" class=\"wp-image-10752 size-full\" src=\"https:\/\/puntocritico.com\/ausajpuntocritico\/wp-content\/uploads\/2018\/04\/15227724198300.jpg\" alt=\"\" width=\"660\" height=\"400\" srcset=\"https:\/\/puntocritico.com\/ausajpuntocritico\/wp-content\/uploads\/2018\/04\/15227724198300.jpg 660w, https:\/\/puntocritico.com\/ausajpuntocritico\/wp-content\/uploads\/2018\/04\/15227724198300-300x182.jpg 300w\" sizes=\"auto, (max-width: 660px) 100vw, 660px\" \/><\/a><figcaption id=\"caption-attachment-10752\" class=\"wp-caption-text\"><span style=\"color: #339966;\"><strong><span style=\"font-size: 10pt;\">Jos\u00e9 Ram\u00f3n T\u00edller, cuando fue el primer gerente de la empresa p\u00fablica Imelsa, en la actualidad Divalterra, dependiente de la Diputaci\u00f3n. JOS\u00c9 CU\u00c9LLAR<\/span><\/strong><\/span><\/figcaption><\/figure>\n<\/div>\n<div>\n<div class=\"subtitle-items\">\n<blockquote>\n<p class=\"summary-lead\" style=\"text-align: justify;\"><span style=\"font-size: 14pt; font-family: arial, helvetica, sans-serif;\">T\u00edller, responsable de expansi\u00f3n en Egevasa, fue administrador \u00fanico, solidario y liquidador de Opinomedia, de la \u00f3rbita de Crespo Gomar<\/span><\/p>\n<p class=\"summary-lead\" style=\"text-align: justify;\"><span style=\"font-size: 14pt; font-family: arial, helvetica, sans-serif;\">Su empresa factur\u00f3 280.000 euros con el Plan E por la instalaci\u00f3n de opin\u00f3metros<\/span><\/p>\n<p class=\"summary-lead\" style=\"text-align: justify;\"><span style=\"font-size: 14pt; font-family: arial, helvetica, sans-serif;\"><a href=\"http:\/\/www.elmundo.es\/comunidad-valenciana\/castellon\/2018\/04\/03\/5ac360a2468aebf22b8b4646.html\" target=\"_blank\" rel=\"noopener\">Puig ordenar\u00e1 un \u00abstriptease\u00bb del PSOE tras desligar al Consell de la supuesta trama de financiaci\u00f3n ilegal<\/a><\/span><\/p>\n<\/blockquote>\n<\/div>\n<p style=\"text-align: justify;\"><span style=\"font-size: 14pt; font-family: arial, helvetica, sans-serif;\">Las diligencias judiciales abiertas a ra\u00edz de la documentaci\u00f3n que representantes del Partido Popular (PP) entregaron en una comisar\u00eda de Valencia, en 2016, apunta a que la\u00a0<a href=\"http:\/\/www.elmundo.es\/comunidad-valenciana\/2018\/04\/02\/5ac121d0468aebc9138b4630.html\" target=\"_blank\" rel=\"noopener\">presunta trama de falsificaci\u00f3n de facturas vinculada a la financiaci\u00f3n del PSPV-PSOE y Bloc<\/a>\u00a0Nacionalista Valenci\u00e0 (BNV), el partido mayoritario de la coalici\u00f3n Comprom\u00eds, escond\u00eda tras\u00a0<a href=\"http:\/\/www.elmundo.es\/album\/comunidad-valenciana\/2018\/04\/01\/5abfb86ee2704ef8328b4661.html\" target=\"_blank\" rel=\"noopener\">Crespo Gomar<\/a>, la agencia de comunicaci\u00f3n que factur\u00f3 por las campa\u00f1as de ambas formaciones en las elecciones de 2007,\u00a0<a href=\"http:\/\/www.elmundo.es\/comunidad-valenciana\/2018\/03\/29\/5abbfb9cca474104698b45ab.html\" target=\"_blank\" rel=\"noopener\">una compleja estructura societaria<\/a>\u00a0vinculada a la familia de\u00a0<strong>Antoni Gomar<\/strong>, ex teniente de alcalde socialista en Gand\u00eda<\/span><\/p>\n<p style=\"text-align: justify;\"><span style=\"font-size: 14pt; font-family: arial, helvetica, sans-serif;\">Seg\u00fan confirmaron ayer fuentes conocedoras del procedimiento, la investigaci\u00f3n habr\u00eda acreditado documentalmente que esta estructura\u00a0<strong>permiti\u00f3 a los empresarios investigados obtener contratos p\u00fablicos pese a que sus ofertas no eran las m\u00e1s ventajosas<\/strong>\u00a0o no cumpl\u00edan con los requisitos de los pliegos de condiciones.<\/span><\/p>\n<p style=\"text-align: justify;\"><span style=\"font-size: 14pt; font-family: arial, helvetica, sans-serif;\">En el momento en el que se produjeron los hechos, en el accionariado de una de las sociedades vinculada a este grupo,\u00a0<strong>Opinomedia<\/strong>, figuraba\u00a0<strong>Jos\u00e9 Ram\u00f3n T\u00edller<\/strong>, hist\u00f3rico asesor del ex presidente de la Generalitat\u00a0<strong>Joan Lerma<\/strong>\u00a0y responsable de diversas campa\u00f1as socialistas.<\/span><\/p>\n<p style=\"text-align: justify;\"><span style=\"font-size: 14pt; font-family: arial, helvetica, sans-serif;\">T\u00edller es en la actualidad\u00a0<strong>responsable de expansi\u00f3n de Egevasa<\/strong>, una empresa participada por la\u00a0<strong>Diputaci\u00f3n de Valencia\u00a0<\/strong>que aparece como\u00a0<a href=\"http:\/\/www.elmundo.es\/comunidad-valenciana\/2018\/03\/29\/5abc017aca4741d8668b45cc.html\" target=\"_blank\" rel=\"noopener\">donante del Bloc<\/a>, y la sociedad que administr\u00f3\u00a0<strong>cobr\u00f3 cerca de 300.000 euros del Plan E por instalar 19 opin\u00f3metros en Benidorm<\/strong>.<\/span><\/p>\n<aside class=\"summary-item\">\n<figure class=\"multimedia-item foto\">\n<div class=\"container-image\">\n<figure id=\"attachment_10753\" aria-describedby=\"caption-attachment-10753\" style=\"width: 660px\" class=\"wp-caption aligncenter\"><a href=\"https:\/\/puntocritico.com\/ausajpuntocritico\/wp-content\/uploads\/2018\/04\/15227725747504.jpg\" rel=\"lightbox[10544]\"><img loading=\"lazy\" decoding=\"async\" class=\"wp-image-10753 size-full\" src=\"https:\/\/puntocritico.com\/ausajpuntocritico\/wp-content\/uploads\/2018\/04\/15227725747504.jpg\" alt=\"\" width=\"660\" height=\"717\" srcset=\"https:\/\/puntocritico.com\/ausajpuntocritico\/wp-content\/uploads\/2018\/04\/15227725747504.jpg 660w, https:\/\/puntocritico.com\/ausajpuntocritico\/wp-content\/uploads\/2018\/04\/15227725747504-276x300.jpg 276w\" sizes=\"auto, (max-width: 660px) 100vw, 660px\" \/><\/a><figcaption id=\"caption-attachment-10753\" class=\"wp-caption-text\"><span style=\"font-size: 10pt; color: #339966;\"><strong>Documento que recoge el gasto en fotograf\u00edas de candidatos socialistas en 2007. EL MUNDO<\/strong><\/span><\/figcaption><\/figure>\n<\/div>\n<\/figure>\n<\/aside>\n<p style=\"text-align: justify;\"><span style=\"font-size: 14pt; font-family: arial, helvetica, sans-serif;\">Tal y como ha venido informando este peri\u00f3dico, una parte del procedimiento\u00a0<a href=\"http:\/\/www.elmundo.es\/comunidad-valenciana\/2018\/03\/28\/5abb6bf3ca474162458b4637.html\" target=\"_blank\" rel=\"noopener\">ha sido derivado a los juzgados de Benidorm\u00a0<\/a>para que se investigue la relaci\u00f3n de la candidatura de\u00a0<strong>Agust\u00edn Navarro<\/strong>, ex alcalde y actual diputado provincial socialista en Alicante, y el contrato que obtuvo esta empresa de la \u00f3rbita de Crespo Gomar.<\/span><\/p>\n<p style=\"text-align: justify;\"><span style=\"font-size: 14pt; font-family: arial, helvetica, sans-serif;\">El PSPV-PSOE autoriz\u00f3 la contrataci\u00f3n tras la moci\u00f3n de censura que le llev\u00f3 a la Alcald\u00eda de Benidorm, con el apoyo de un tr\u00e1nsfuga del PP, y la investigaci\u00f3n judicial lo relaciona con la presunta financiaci\u00f3n ilegal de la campa\u00f1a en 2007, tanto en Benidorm como en la candidatura a la Presidencia de la Generalitat.<\/span><\/p>\n<p style=\"text-align: justify;\"><span style=\"font-size: 14pt; font-family: arial, helvetica, sans-serif;\">Opinomedia se constituy\u00f3 el 10 de junio de 2009 y, seg\u00fan datos del Registro Mercantil, en la sociedad figur\u00f3 como administrador \u00fanico T\u00edller, quien tambi\u00e9n fue jefe de gabinete de dos\u00a0<strong>ex alcaldes socialistas de Gand\u00eda, Pepa Frau y Jos\u00e9 Manuel Orengo<\/strong>.<\/span><\/p>\n<p style=\"text-align: justify;\"><span style=\"font-size: 14pt; font-family: arial, helvetica, sans-serif;\">Los datos societarios de esta empresa recogen que T\u00edller tambi\u00e9n ejerci\u00f3 de administrador solidario y liquidador hasta que la empresa quebr\u00f3 en 2013. Se constituy\u00f3 con un capital social de 22.400 euros, su domicilio social se encontraba en la avenida del Grau de Gand\u00eda y se dedicaba a la elaboraci\u00f3n de estudios de mercado y realizaci\u00f3n de encuestas de opini\u00f3n p\u00fablica.<\/span><\/p>\n<p style=\"text-align: justify;\"><span style=\"font-size: 14pt; font-family: arial, helvetica, sans-serif;\">Ayer, en declaraciones a este peri\u00f3dico, Tiller matiz\u00f3 que fue socio desde que se constituy\u00f3 la sociedad, pero administrador en la fase final. Reiter\u00f3 que \u00e9l es \u00ab<strong>un militante m\u00e1s<\/strong>\u00bb del PSPV y que la adjudicaci\u00f3n fue \u00ab<strong>correcta y legal<\/strong>\u00bb.<\/span><\/p>\n<h3 class=\"subhead\" style=\"text-align: justify;\"><span style=\"font-size: 14pt; font-family: arial, helvetica, sans-serif;\">El plan Zapatero<\/span><\/h3>\n<p style=\"text-align: justify;\"><span style=\"font-size: 14pt; font-family: arial, helvetica, sans-serif;\">En concreto, el coste de los opin\u00f3metros instalados en Benidorm ascendi\u00f3 a\u00a0<strong>280.000 euros<\/strong>\u00a0y se compraron con el dinero que obtuvo el Ayuntamiento con el denominado Plan E, un conjunto de medidas puestas en marcha por el Gobierno de\u00a0<a href=\"http:\/\/www.elmundo.es\/e\/jo\/jose-luis-rodriguez-zapatero.html\" target=\"_blank\" rel=\"noopener\">Jos\u00e9 Luis Rodr\u00edguez Zapatero<\/a>\u00a0para favorecer la econom\u00eda local.<\/span><\/p>\n<p style=\"text-align: justify;\"><span style=\"font-size: 14pt; font-family: arial, helvetica, sans-serif;\">El proyecto consist\u00eda en la instalaci\u00f3n de 19 dispositivos fijos y m\u00f3viles para encuestar a los benidormenses sobre diversos asuntos. Un a\u00f1o despu\u00e9s de su instalaci\u00f3n, la prensa local recogi\u00f3 que todos estaban fuera de servicio.<\/span><\/p>\n<p style=\"text-align: justify;\"><span style=\"font-size: 14pt; font-family: arial, helvetica, sans-serif;\"><strong>El Ayuntamiento de M\u00e1laga tambi\u00e9n contrat\u00f3 con la empresa administrada por el asesor del PSPV<\/strong>\u00a0los opin\u00f3metros. Crespo Gomar instal\u00f3 all\u00ed\u00a0<strong>25 dispositivos<\/strong>, seis m\u00e1s que en Benidorm, por\u00a0<strong>200.000 euros<\/strong>, 80.000 euros menos.<\/span><\/p>\n<p style=\"text-align: justify;\"><span style=\"font-size: 14pt; font-family: arial, helvetica, sans-serif;\">Gand\u00eda tambi\u00e9n contrat\u00f3 estos dispositivos pero como real adjudicatario figura\u00a0<strong>Infonova<\/strong>, una empresa con sede en Valencia. Al parecer, seg\u00fan la informaci\u00f3n de la que dispone este peri\u00f3dico, en el caso de Gand\u00eda\u00a0<strong>los investigadores han detectado irregularidades en adjudicaciones relacionadas con los opin\u00f3metros<\/strong>, pero no en la adjudicaci\u00f3n directa del servicio, pues en principio la empresa que se impuso en este concurso p\u00fablico no guardar\u00eda relaci\u00f3n directa con la agencia electoral del Bloc y PSPV. El coste de la instalaci\u00f3n en Gand\u00eda ascendi\u00f3 a 164.000 euros, casi la mitad de lo que pag\u00f3 Benidorm.<\/span><\/p>\n<p style=\"text-align: justify;\"><span style=\"font-size: 14pt; font-family: arial, helvetica, sans-serif;\">Tiller sigue con su puesto en Egevasa y fue el primer gerente de la nueva \u00e9poca de la empresa p\u00fablica Imelsa, que buscaba alejarse de un pasado oscuro en manos del &#8216;yonki&#8217; del dinero,\u00a0<a href=\"http:\/\/www.elmundo.es\/comunidad-valenciana\/2016\/09\/22\/57e2dd23e2704ecf458b4641.html\" target=\"_blank\" rel=\"noopener\">Marcos Benavent<\/a>. Fue promovido para ocupar estos cargos por Jos\u00e9 Manuel Orengo.<\/span><\/p>\n<\/div>\n<p style=\"text-align: justify;\"><a href=\"https:\/\/puntocritico.com\/ausajpuntocritico\/wp-content\/uploads\/2018\/03\/Mosca_Punto_Cr\u00edtico_40.png\" rel=\"lightbox[10544]\"><img loading=\"lazy\" decoding=\"async\" class=\"aligncenter wp-image-9528\" src=\"https:\/\/puntocritico.com\/ausajpuntocritico\/wp-content\/uploads\/2018\/03\/Mosca_Punto_Cr\u00edtico_40.png\" alt=\"\" width=\"40\" height=\"40\" \/><\/a><\/p>\n<h1 class=\"js-headline\" style=\"text-align: center;\"><a id=\"ref34\"><\/a><a href=\"#ref34a\">[35]<\/a> Carmena deja de pedir tres ofertas para adjudicar contratos menores<\/h1>\n<div class=\"kicker\"><span style=\"font-size: 14pt;\">Por ROBERTO B\u00c9CARES<\/span><\/div>\n<div class=\"kicker\">A<span style=\"color: #339966;\">rt\u00edculo publicado el 4 de abril de 2018<\/span><br \/>\n<span style=\"color: #339966;\"><a style=\"color: #339966;\" href=\"http:\/\/www.elmundo.es\/madrid\/2018\/04\/04\/5ac3c1f1468aebc8028b463f.html\" target=\"_blank\" rel=\"noopener\">http:\/\/www.elmundo.es\/madrid\/2018\/04\/04\/5ac3c1f1468aebc8028b463f.html<\/a><\/span><\/div>\n<\/div>\n<div>\u00a0<\/div>\n<div>\u00a0<\/div>\n<div class=\"article-header-epigraph\">\n<figure id=\"attachment_10754\" aria-describedby=\"caption-attachment-10754\" style=\"width: 660px\" class=\"wp-caption aligncenter\"><a href=\"https:\/\/puntocritico.com\/ausajpuntocritico\/wp-content\/uploads\/2018\/04\/15227785478796.jpg\" rel=\"lightbox[10544]\"><img loading=\"lazy\" decoding=\"async\" class=\"wp-image-10754 size-full\" src=\"https:\/\/puntocritico.com\/ausajpuntocritico\/wp-content\/uploads\/2018\/04\/15227785478796.jpg\" alt=\"\" width=\"660\" height=\"432\" srcset=\"https:\/\/puntocritico.com\/ausajpuntocritico\/wp-content\/uploads\/2018\/04\/15227785478796.jpg 660w, https:\/\/puntocritico.com\/ausajpuntocritico\/wp-content\/uploads\/2018\/04\/15227785478796-300x196.jpg 300w\" sizes=\"auto, (max-width: 660px) 100vw, 660px\" \/><\/a><figcaption id=\"caption-attachment-10754\" class=\"wp-caption-text\"><span style=\"font-size: 10pt; color: #339966;\"><strong>La alcaldesa de Madrid, Manuela Carmena, junto al edil de Econom\u00eda y Hacienda, Jorge Garc\u00eda Casta\u00f1o. EFE <\/strong><\/span><\/figcaption><\/figure><\/p>\n<div class=\"subtitle-items\">\n<blockquote>\n<p class=\"summary-lead\" style=\"text-align: justify;\"><span style=\"font-size: 14pt; font-family: arial, helvetica, sans-serif;\">El Ayuntamiento de Madrid deja sin efecto una instrucci\u00f3n de 2012 que le obligaba a solicitar tres ofertas a empresas distintas antes de adjudicar un contrato menor<\/span><\/p>\n<p class=\"summary-lead\" style=\"text-align: justify;\"><span style=\"font-size: 14pt; font-family: arial, helvetica, sans-serif;\">El PP denuncia que el decreto facilitar\u00e1 que se \u00abden contratos a dedo\u00bb<\/span><\/p>\n<\/blockquote>\n<\/div>\n<p style=\"text-align: justify;\"><span style=\"font-size: 14pt; font-family: arial, helvetica, sans-serif;\">El concejal de Econom\u00eda y Hacienda, Jorge Garc\u00eda Casta\u00f1o, ha dejado sin efecto a trav\u00e9s de un decreto de su \u00c1rea la obligatoriedad que ten\u00eda el Ayuntamiento de Madrid de tener que solicitar tres ofertas distintas a sendas empresas antes de adjudicar un contrato menor<strong>. El decreto fue publicado en el Bolet\u00edn Oficial del Ayuntamiento el pasado 27 de marzo, en plena Semana Santa.<\/strong><\/span><\/p>\n<p style=\"text-align: justify;\"><span style=\"font-size: 14pt; font-family: arial, helvetica, sans-serif;\">Los contratos menores, regulados por Ley, se utilizan de forma recurrente por las administraciones para saltarse la burocracia de los concursos cuando el importe no es excesivo, ya que se agilizan los plazos. Por ejemplo, s\u00f3lo en el \u00faltimo cuatrimestre de 2017,<strong>\u00a0el Ayuntamiento de la capital adjudic\u00f3 m\u00e1s de 2.000 contratos menores.<\/strong><\/span><\/p>\n<p style=\"text-align: justify;\"><span style=\"font-size: 14pt; font-family: arial, helvetica, sans-serif;\">Se consideran contratos menores los que tengan valor estimado inferior a 40.000 euros, cuando se trate de contratos de obras, o a 15.000 euros, cuando se trate de contratos de suministro o de servicios, tal y como recoge la nueva Ley de Contratos del Sector P\u00fablico<strong>, que entr\u00f3 en vigor el pasado 9 de marzo y que reduce el umbral m\u00e1ximo de los contratos que pueden considerarse menores<\/strong>(anteriormente era 50.000 euros para obras y 18.000 para el resto de asuntos).<\/span><\/p>\n<p style=\"text-align: justify;\"><span style=\"font-size: 14pt; font-family: arial, helvetica, sans-serif;\">Ni la Ley estatal anterior ni la actual especifican que haya que pedir tres presupuestos a tres empresas distintas antes de elegir una, pero el 26 de abril de 2012, la entonces concejala de Economia y Hacienda del Ayuntamiento de la capital, Concepci\u00f3n<strong>\u00a0Dancausa (PP), introdujo un decreto que pretend\u00eda \u00abfavorecer la concurrencia entre empresas\u00bb y que s\u00ed incluy\u00f3 esta obligatoriedad, como hicieron otro muchos ayuntamientos.<\/strong><\/span><\/p>\n<p style=\"text-align: justify;\"><span style=\"font-size: 14pt; font-family: arial, helvetica, sans-serif;\">Entre las medidas recogidas en el citado decreto, concretamente en el punto 2.6, se establec\u00eda que deber\u00e1 incorporarse al expediente del contrato menor \u00abun m\u00ednimo de tres presupuestos que permitan verificar que los trabajos se han contratado\u00a0<strong>con el empresario que ofrezca el mejor precio garantizando una adecuada prestaci\u00f3n del servicio\u00bb.<\/strong><\/span><\/p>\n<p style=\"text-align: justify;\"><span style=\"font-size: 14pt; font-family: arial, helvetica, sans-serif;\">Ahora, el nuevo decreto del Consistorio deja sin efecto el anterior. \u00abLa presente Instrucci\u00f3n deja sin efecto el apartado 2.6 de la citada Instrucci\u00f3n 3\/2012, que regula el contrato menor, as\u00ed como al Decreto de 5 de junio de 2012 de la Delegada del \u00c1rea de Gobierno de Hacienda y Administraci\u00f3n P\u00fablica, por el que se desarrollan determinadas medidas de la Instrucci\u00f3n 3\/2012 que\u00a0<strong>establece las medidas a adoptar en relaci\u00f3n con la contenci\u00f3n del gasto en el \u00e1mbito de la contrataci\u00f3n municipal\u00bb, precisa el documento.<\/strong><\/span><\/p>\n<p style=\"text-align: justify;\"><span style=\"font-size: 14pt; font-family: arial, helvetica, sans-serif;\">Para el PP, el Gobierno municipal ha eliminado una garant\u00eda que va claramente contra los principios \u00aben materia de contrataci\u00f3n, como la libertad de acceso de los licitadores, y la igualdad de trato entre ellos\u00bb. \u00abNo es lo mismo que invites a una serie de empresas que no invites a ninguna. Eso es darlo a dedo. Han eliminado garant\u00edas, y si esa garant\u00eda no les hubiera molestado la hubiera dejado ah\u00ed\u00bb, precisa la concejal del PP Ana Rom\u00e1n, que subraya que la nueva ley no se contrapone con la instrucci\u00f3n de 2012,\u00a0<strong>por lo que no hay justificaci\u00f3n para el cambio de criterio.<\/strong><\/span><\/p>\n<p style=\"text-align: justify;\"><span style=\"font-size: 14pt; font-family: arial, helvetica, sans-serif;\">\u00abUn Gobierno que se autodenomina de la transparencia tiene que predicar con el ejemplo, y esto demuestra lo que ellos pretenden de verdad\u00bb, ilustra la edil popular.<\/span><\/p>\n<h3 class=\"subhead\" style=\"text-align: justify;\"><span style=\"font-size: 14pt; font-family: arial, helvetica, sans-serif;\">Cumplir estrictamente la Ley<\/span><\/h3>\n<p style=\"text-align: justify;\"><span style=\"font-size: 14pt; font-family: arial, helvetica, sans-serif;\">Desde el Consistorio, sin embargo, defienden que la nueva Ley ya \u00abestablece un control sobre los contratos menores que antes no exist\u00eda y, l\u00f3gicamente,<strong>\u00a0el Ayuntamiento de Madrid va a cumplir rigurosamente dicha ley\u00bb.<\/strong><\/span><\/p>\n<p style=\"text-align: justify;\"><span style=\"font-size: 14pt; font-family: arial, helvetica, sans-serif;\">\u00abSe deroga una instrucci\u00f3n de 2012 porque, adem\u00e1s de ser una demanda de los \u00f3rganos gestores del Ayuntamiento de Madrid, que consideraban que incrementaba la burocracia y quitaba transparencia, la nueva Ley de Contratos establece un control muy restrictivo que antes no exist\u00eda\u00bb, se\u00f1alan fuentes municipales.<\/span><\/p>\n<p style=\"text-align: justify;\"><span style=\"font-size: 14pt; font-family: arial, helvetica, sans-serif;\">\u00abEstamos intentando simplificar todas\u00a0<strong>las instrucciones y adaptarlas a la nueva Ley\u00bb, a\u00f1ade el edil Garc\u00eda Casta\u00f1o, que detalla que la nueva ley contempla medidas\u00a0<\/strong>que ayudan ya al control, como la reducci\u00f3n del umbral m\u00e1ximo o que el mismo contratista no pueda suscribir al a\u00f1o m\u00e1s contratos menores que individual o conjuntamente superen el umbral establecido.\u00a0<strong>Es decir, una misma empresa nunca podr\u00e1 ser adjudicataria por m\u00e1s de 40.000 euros en total al a\u00f1o.<\/strong><\/span><\/p>\n<p style=\"text-align: justify;\"><span style=\"font-size: 14pt; font-family: arial, helvetica, sans-serif;\">Adem\u00e1s, precisa el concejal, el proceso es aun m\u00e1s garantista al tenerse que cumplir la ordenanza de Transparencia instaurada por Ahora Madrid y la posibilidad de que haya una fiscalizaci\u00f3n de los contratos menores en los propios \u00f3rganos del Consistorio.<\/span><\/p>\n<p><a href=\"https:\/\/puntocritico.com\/ausajpuntocritico\/wp-content\/uploads\/2018\/03\/Mosca_Punto_Cr\u00edtico_40.png\" rel=\"lightbox[10544]\"><img loading=\"lazy\" decoding=\"async\" class=\"aligncenter wp-image-9528\" src=\"https:\/\/puntocritico.com\/ausajpuntocritico\/wp-content\/uploads\/2018\/03\/Mosca_Punto_Cr\u00edtico_40.png\" alt=\"\" width=\"40\" height=\"40\" \/><\/a><\/p>\n<h1 class=\"pg-headline\" style=\"text-align: center;\"><a id=\"ref35\"><\/a><a href=\"#ref35a\">[36]<\/a> La falsedad documental en el C\u00f3digo Penal: \u00abSimular un documento de manera que induzca a error sobre su autenticidad\u00bb<\/h1>\n<p><span style=\"font-size: 14pt;\">Por Jos\u00e9 Precedo<\/span><\/p>\n<div class=\"subtitle bkn mce sk2\"><span style=\"color: #339966;\">Art\u00edculo publicado el 4 e abril de 2018 en<\/span><\/div>\n<div class=\"subtitle bkn mce sk2\"><span style=\"color: #339966;\"><a style=\"color: #339966;\" href=\"https:\/\/www.eldiario.es\/politica\/documental-Codigo-Penal-Simular-autenticidad_0_757324339.html\" target=\"_blank\" rel=\"noopener\">https:\/\/www.eldiario.es\/politica\/documental-Codigo-Penal-Simular-autenticidad_0_757324339.html<\/a><\/span><\/div>\n<\/div>\n<div>\u00a0<\/div>\n<div>\u00a0<\/div>\n<div class=\"article-header-epigraph\">\n<div>\n<figure id=\"attachment_10755\" aria-describedby=\"caption-attachment-10755\" style=\"width: 643px\" class=\"wp-caption aligncenter\"><a href=\"https:\/\/puntocritico.com\/ausajpuntocritico\/wp-content\/uploads\/2018\/04\/firmas-reales-falsificadas_EDIIMA20180404_0048_20.jpg\" rel=\"lightbox[10544]\"><img loading=\"lazy\" decoding=\"async\" class=\"wp-image-10755 size-full\" src=\"https:\/\/puntocritico.com\/ausajpuntocritico\/wp-content\/uploads\/2018\/04\/firmas-reales-falsificadas_EDIIMA20180404_0048_20.jpg\" alt=\"\" width=\"643\" height=\"362\" srcset=\"https:\/\/puntocritico.com\/ausajpuntocritico\/wp-content\/uploads\/2018\/04\/firmas-reales-falsificadas_EDIIMA20180404_0048_20.jpg 643w, https:\/\/puntocritico.com\/ausajpuntocritico\/wp-content\/uploads\/2018\/04\/firmas-reales-falsificadas_EDIIMA20180404_0048_20-300x169.jpg 300w\" sizes=\"auto, (max-width: 643px) 100vw, 643px\" \/><\/a><figcaption id=\"caption-attachment-10755\" class=\"wp-caption-text\"><span style=\"font-size: 10pt; color: #339966;\"><strong>Las firmas reales y falsificadas. EL CONFIDENCIAL.<\/strong><\/span><\/figcaption><\/figure>\n<\/div>\n<div>\n<p>&nbsp;<\/p>\n<blockquote>\n<p style=\"text-align: justify;\"><span style=\"color: #808080;\"><strong><span style=\"font-size: 14pt; font-family: arial, helvetica, sans-serif;\">El art\u00edculo 390 del C\u00f3digo Penal castiga con entre tres y seis a\u00f1os de c\u00e1rcel e inhabilitaci\u00f3n de dos a seis a\u00f1os a los funcionarios que cometan falsedad<\/span><\/strong><\/span><\/p>\n<p style=\"text-align: justify;\"><span style=\"color: #808080;\"><strong><span style=\"font-size: 14pt; font-family: arial, helvetica, sans-serif;\">Fuentes jur\u00eddicas sostienen que el tipo delictivo encaja si alguien ha falsificado las firmas del expediente que present\u00f3 la Universidad para exculpar a Cifuentes<\/span><\/strong><\/span><\/p>\n<p style=\"text-align: justify;\"><span style=\"color: #808080;\"><strong><span style=\"font-size: 14pt; font-family: arial, helvetica, sans-serif;\">El papel no tiene sello oficial ni est\u00e1 claro que formase parte del expediente acad\u00e9mico pero fue\u00a0citado por directivos de la universidad en una rueda de prensa<\/span><\/strong><\/span><\/p>\n<\/blockquote>\n<p>&nbsp;<\/p>\n<p class=\"mce\" style=\"text-align: justify;\"><span style=\"font-size: 14pt; font-family: arial, helvetica, sans-serif;\"><a class=\"mce\" href=\"https:\/\/www.eldiario.es\/escolar\/historia-completa-detalle-Cristina-Cifuentes_6_757034316.html\" target=\"_blank\" rel=\"noopener\">La sucesi\u00f3n de irregularidades destapadas por eldiario.es en el\u00a0 m\u00e1ster que Cristina Cifuentes\u00a0<\/a>obtuvo en la Universidad Rey Juan Carlos est\u00e1n ya en manos de la Fiscal\u00eda a trav\u00e9s de una denuncia presentada por asociaciones de alumnos. Todas las fuentes jur\u00eddicas consultadas por esta redacci\u00f3n aseguran que falsificar un t\u00edtulo acad\u00e9mico y los expedientes para justificarlo entra dentro del tipo de falsedad documental que el C\u00f3digo Penal castiga con entre tres y seis a\u00f1os de c\u00e1rcel, inhabilitaci\u00f3n de dos a seis a\u00f1os para los funcionarios responsables de la falsificaci\u00f3n y multas de seis a 24 meses. Se trata de un delito grave que el C\u00f3digo Penal regula en su segundo cap\u00edtulo dentro del art\u00edculo 390.<\/span><\/p>\n<p class=\"mce\" style=\"text-align: justify;\"><span style=\"font-size: 14pt; font-family: arial, helvetica, sans-serif;\">Adem\u00e1s de todas las anomal\u00edas que ha revelado la investigaci\u00f3n de eldiario.es -fue una funcionaria amiga de Cifuentes la que cambi\u00f3 dos notas en el expediente salt\u00e1ndose el procedimiento, los alumnos nunca vieron en clase ni en los ex\u00e1menes a la entonces delegada del Gobierno en Madrid y el director del m\u00e1ster no era quien dec\u00eda serlo-\u00a0<a class=\"mce\" href=\"https:\/\/www.elconfidencial.com\/espana\/2018-04-04\/master-cristina-cifuentes-firmas-falsificadas-acta-tfm_1544524\/\" target=\"_blank\" rel=\"noopener\">\u00a0elconfidencial.com a\u00f1ade este mi\u00e9rcoles<\/a>\u00a0que el supuesto acta que los responsables de la Rey Juan Carlos exhibieron para exculpar a la presidenta madrile\u00f1a tiene dos firmas falsificadas con los nombres de tres miembros del hipot\u00e9tico tribunal que evalu\u00f3 su trabajo de fin de m\u00e1ster.<\/span><\/p>\n<p class=\"mce\" style=\"text-align: justify;\"><span style=\"font-size: 14pt; font-family: arial, helvetica, sans-serif;\">Ese papel que no ten\u00eda sello ni membrete alguno de la universidad fue el que\u00a0citaron\u00a0las autoridades de la Universidad Rey Juan Carlos en una rueda de prensa en la que estaba presente el rector Javier Ramos, junto al director del m\u00e1ster Enrique \u00c1lvarez Conde y uno de los profesores, Pablo Chico de la C\u00e1mara.\u00a0<a class=\"mce\" href=\"https:\/\/www.eldiario.es\/sociedad\/Rector-Rey-Juan-Carlos-Cifuentes_0_752425085.html\" target=\"_blank\" rel=\"noopener\">\u00a0En esa comparecencia p\u00fablica<\/a>\u00a0se habl\u00f3 del documento ante los medios de comunicaci\u00f3n para tratar de desmentir\u00a0<a class=\"mce\" href=\"https:\/\/www.eldiario.es\/sociedad\/Cifuentes-obtenido-publico-falseando-asignaturas_0_752075026.html\" target=\"_blank\" rel=\"noopener\">las primeras informaciones de eldiario.es<\/a>. Y a eso se aferr\u00f3 tambi\u00e9n la presidenta de Madrid para exculparse en un v\u00eddeo difundido a trav\u00e9s de sus redes sociales y en sendas entrevistas en Onda Cero y Trece, en este caso s\u00ed, lo ense\u00f1\u00f3.\u00a0<\/span><\/p>\n<p class=\"mce\" style=\"text-align: justify;\"><span style=\"font-size: 14pt; font-family: arial, helvetica, sans-serif;\">Juristas consultados por eldiario.es sostienen que si se prueba que las firmas de ese escrito est\u00e1n falsificadas, tal y como sostiene elconfidencial.com, se tratar\u00eda de un caso de falsedad documental. En su art\u00edculo 390 el C\u00f3digo Penal establece los siguientes requisitos para ver delito:<\/span><\/p>\n<ul class=\"mce\" style=\"text-align: justify;\">\n<li class=\"mce\"><span style=\"font-size: 14pt; font-family: arial, helvetica, sans-serif;\">Alterar un documento en alguno de sus elementos o requisitos de car\u00e1cter esencial.\u00a0<\/span><\/li>\n<li class=\"mce\"><span style=\"font-size: 14pt; font-family: arial, helvetica, sans-serif;\">Simular un documento en todo o en parte, de manera que induzca a error sobre su autenticidad.<\/span><\/li>\n<li class=\"mce\"><span style=\"font-size: 14pt; font-family: arial, helvetica, sans-serif;\">Suponer en un acto la intervenci\u00f3n de personas que no la han tenido, o atribuyendo a las que han intervenido en \u00e9l declaraciones o manifestaciones diferentes de las que hubieran hecho.<\/span><\/li>\n<li class=\"mce\"><span style=\"font-size: 14pt; font-family: arial, helvetica, sans-serif;\">Faltar a la verdad en la narraci\u00f3n de los hechos.\u00a0<\/span><\/li>\n<\/ul>\n<p class=\"mce\" style=\"text-align: justify;\"><span style=\"font-size: 14pt; font-family: arial, helvetica, sans-serif;\">Seg\u00fan la mayor\u00eda de fuentes consultadas por esta redacci\u00f3n, jueces y fiscales, si las firmas del tribunal han sido falsificadas, los hechos encajar\u00edan en tres de los cuatro supuestos previstos por el C\u00f3digo Penal. Sobre todo en el segundo: se habr\u00eda tratado de simular un documento que induzca a error sobre su autenticidad. El papel lleva encabezamiento de la universidad y se cit\u00f3 como un acta de un examen.\u00a0\u00a0<\/span><\/p>\n<p class=\"mce\" style=\"text-align: justify;\"><span style=\"font-size: 14pt; font-family: arial, helvetica, sans-serif;\">Otro jurista sin embargo explica que debe tenerse en cuenta si el papel en cuesti\u00f3n forma parte del expediente acad\u00e9mico que sirvi\u00f3 para conceder el t\u00edtulo a Cifuentes, porque en su opini\u00f3n no podr\u00eda hablarse de falsedad documental si no se trata de un acta oficial, aunque haya tratado de simularse que lo es.<\/span><\/p>\n<\/div>\n<p><a href=\"https:\/\/puntocritico.com\/ausajpuntocritico\/wp-content\/uploads\/2018\/03\/Mosca_Punto_Cr\u00edtico_40.png\" rel=\"lightbox[10544]\"><img loading=\"lazy\" decoding=\"async\" class=\"aligncenter wp-image-9528\" src=\"https:\/\/puntocritico.com\/ausajpuntocritico\/wp-content\/uploads\/2018\/03\/Mosca_Punto_Cr\u00edtico_40.png\" alt=\"\" width=\"40\" height=\"40\" \/><\/a><\/p>\n<h1>\u00a0<\/h1>\n<h1 class=\"pg-headline\" style=\"text-align: center;\"><a id=\"ref36\"><\/a><a href=\"#ref36a\">[37]<\/a> Victoria Rosell pide 13 a\u00f1os y medio de c\u00e1rcel para el juez Salvador Alba<\/h1>\n<p><span style=\"font-size: 14pt;\">Por\u00a0<\/span><span style=\"font-size: 14pt;\">Iv\u00e1n Su\u00e1rez<\/span><\/p>\n<div class=\"mce\"><a href=\"https:\/\/www.eldiario.es\/canariasahora\/tribunales\/Victoria_Rosell-carcel-inhabilitacion-Salvador_Alba-acusacion_0_756975007.html\" target=\"_blank\" rel=\"noopener\">https:\/\/www.eldiario.es\/canariasahora\/tribunales\/Victoria_Rosell-carcel-inhabilitacion-Salvador_Alba-acusacion_0_756975007.html<\/a><\/div>\n<\/div>\n<div>\u00a0<\/div>\n<div>\u00a0<\/div>\n<div class=\"article-header-epigraph\">\n<div>\n<figure id=\"attachment_10756\" aria-describedby=\"caption-attachment-10756\" style=\"width: 643px\" class=\"wp-caption aligncenter\"><a href=\"https:\/\/puntocritico.com\/ausajpuntocritico\/wp-content\/uploads\/2018\/04\/Salvador-Alba-Union-ALEJANDRO-RAMOS_EDIIMA20170202_0883_19.jpg\" rel=\"lightbox[10544]\"><img loading=\"lazy\" decoding=\"async\" class=\"wp-image-10756 size-full\" src=\"https:\/\/puntocritico.com\/ausajpuntocritico\/wp-content\/uploads\/2018\/04\/Salvador-Alba-Union-ALEJANDRO-RAMOS_EDIIMA20170202_0883_19.jpg\" alt=\"\" width=\"643\" height=\"362\" srcset=\"https:\/\/puntocritico.com\/ausajpuntocritico\/wp-content\/uploads\/2018\/04\/Salvador-Alba-Union-ALEJANDRO-RAMOS_EDIIMA20170202_0883_19.jpg 643w, https:\/\/puntocritico.com\/ausajpuntocritico\/wp-content\/uploads\/2018\/04\/Salvador-Alba-Union-ALEJANDRO-RAMOS_EDIIMA20170202_0883_19-300x169.jpg 300w\" sizes=\"auto, (max-width: 643px) 100vw, 643px\" \/><\/a><figcaption id=\"caption-attachment-10756\" class=\"wp-caption-text\"><span style=\"font-size: 10pt; color: #339966;\"><strong>El juez Salvador Alba. (ALEJANDRO RAMOS)<\/strong><\/span><\/figcaption><\/figure>\n<\/div>\n<div>\n<p>&nbsp;<\/p>\n<blockquote>\n<p style=\"text-align: justify;\"><span style=\"color: #008000;\"><strong><span style=\"font-size: 14pt; font-family: arial, helvetica, sans-serif;\">La magistrada, que ejerce como acusaci\u00f3n particular en calidad de v\u00edctima, tambi\u00e9n reclama 41 a\u00f1os de inhabilitaci\u00f3n, 118.000 euros de multa y 80.000 de indemnizaci\u00f3n<\/span><\/strong><\/span><\/p>\n<p style=\"text-align: justify;\"><span style=\"color: #008000;\"><strong><span style=\"font-size: 14pt; font-family: arial, helvetica, sans-serif;\">Podemos, personado como acci\u00f3n popular, atribuye al magistrado seis delitos, al a\u00f1adir a los cuatro recogidos en el auto de procesamiento (prevaricaci\u00f3n, cohecho, falsedad y revelaci\u00f3n de secretos) el delito electoral y el de negociaciones prohibidas a funcionarios p\u00fablicos<\/span><\/strong><\/span><\/p>\n<p class=\"Standard\" style=\"text-align: justify;\"><span style=\"color: #008000;\"><strong><span style=\"font-size: 14pt; font-family: arial, helvetica, sans-serif;\">Tambi\u00e9n hay una petici\u00f3n de que declare como testigo el exministro Jos\u00e9 Manuel Soria, a quien las acusaciones sit\u00faan como pieza clave de la conspiraci\u00f3n<\/span><\/strong><\/span><\/p>\n<\/blockquote>\n<p>&nbsp;<\/p>\n<p class=\"mce\" style=\"text-align: justify;\"><span style=\"font-size: 14pt; font-family: arial, helvetica, sans-serif;\">La acusaci\u00f3n particular en la causa contra Salvador Alba, ejercida por la magistrada Victoria Rosell en calidad de v\u00edctima, pide para el juez una pena de 13 a\u00f1os y medio de c\u00e1rcel y 41 a\u00f1os de inhabilitaci\u00f3n para empleo o cargo p\u00fablico, adem\u00e1s de 118.800 euros de multa y una indemnizaci\u00f3n de 80.000 euros por los da\u00f1os y perjuicios morales ocasionados a la exdiputada de Podemos como consecuencia de la operaci\u00f3n urdida para perjudicar su carrera profesional y pol\u00edtica.<\/span><\/p>\n<p class=\"mce\" style=\"text-align: justify;\"><span style=\"font-size: 14pt; font-family: arial, helvetica, sans-serif;\">En el escrito de acusaci\u00f3n provisional remitido el pasado mi\u00e9rcoles 28 de marzo a la Sala de lo Penal del Tribunal Superior de Justicia de Canarias (TSJC), el abogado de Rosell, Antonio Marrero, considera a Alba autor de los cuatro delitos que le imput\u00f3 la magistrada instructora, Margarita Varona, en\u00a0<a class=\"mce\" href=\"https:\/\/www.eldiario.es\/canariasahora\/tribunales\/procedimiento_abreviado-juez-Salvador_Alba-juicio-caso_Faycan_0_742976340.html\" target=\"_blank\" rel=\"noopener noreferrer\">el auto de apertura de procedimiento abreviado<\/a>, la antesala del juicio oral: prevaricaci\u00f3n judicial, falsedad en documento oficial, cohecho y revelaci\u00f3n de secretos. El letrado de la jueza introduce una calificaci\u00f3n alternativa para el supuesto de que el tribunal no aprecie el delito de prevaricaci\u00f3n judicial, ya que considera que la actuaci\u00f3n de Alba tambi\u00e9n puede encuadrarse en el tipo penal de negociaciones y actividades prohibidas a funcionarios p\u00fablicos y abusos en el ejercicio de su funci\u00f3n, lo que reducir\u00eda la pena de inhabilitaci\u00f3n propuesta hasta los 26 a\u00f1os y la multa,\u00a0 hasta los 97.200 euros.<\/span><\/p>\n<p class=\"mce\" style=\"text-align: justify;\"><span style=\"font-size: 14pt; font-family: arial, helvetica, sans-serif;\">En este procedimiento tambi\u00e9n intervienen como acci\u00f3n popular Podemos y Carlos Sosa, director de\u00a0<strong class=\"mce\">Canarias Ahora<\/strong>y pareja de Rosell. El partido pol\u00edtico acusa al magistrado\u00a0 de seis delitos, al a\u00f1adir a los cuatro recogidos en el auto de procesamiento el delito electoral y el de negociaciones prohibidas a funcionarios p\u00fablicos. La abogada de la formaci\u00f3n morada, Sandra Rodr\u00edguez, solicita para Alba una condena de 13 a\u00f1os y tres meses de c\u00e1rcel, 39 a\u00f1os y medio de inhabilitaci\u00f3n y una multa de 135.000 euros.\u00a0 Luis Val, letrado del periodista, imputa al juez en su escrito de calificaci\u00f3n provisional la comisi\u00f3n de cinco delitos (no incluye el electoral) y reclama la misma pena de inhabilitaci\u00f3n que Podemos, 12 a\u00f1os de prisi\u00f3n y 103.000 euros de sanci\u00f3n.<\/span><\/p>\n<p class=\"mce\" style=\"text-align: justify;\"><span style=\"font-size: 14pt; font-family: arial, helvetica, sans-serif;\">Los delitos que acarrean las penas de c\u00e1rcel son la falsedad documental (entre 4 a\u00f1os y medio y 6), el cohecho (4 a\u00f1os y 6 meses) y la revelaci\u00f3n de secretos (tres). La prevaricaci\u00f3n, las negociaciones prohibidas a funcionarios p\u00fablicos y el delito electoral llevan aparejadas condenas de inhabilitaci\u00f3n (hasta 20 a\u00f1os por el primero) y multas de entre 12 y 24 meses con una cuota diaria de 60 euros.\u00a0<\/span><\/p>\n<p class=\"mce\" style=\"text-align: justify;\"><span style=\"font-size: 14pt; font-family: arial, helvetica, sans-serif;\">El abogado de Rosell pide en su escrito que declaren en la vista oral, adem\u00e1s de Alba como acusado y la jueza como v\u00edctima, un total de 21 testigos, entre los que se encuentran la fiscal Evangelina R\u00edos, el empresario Miguel \u00c1ngel Ram\u00edrez, el abogado Sergio Armario, el juez Carlos Vielba, la diputada de Podemos Meri Pita o el periodista Carlos Sosa,\u00a0 adem\u00e1s de funcionarios del Juzgado de Instrucci\u00f3n 8 de Las Palmas de Gran Canaria, \u00f3rgano desde el cual el magistrado maquin\u00f3 la operaci\u00f3n, los letrados de las partes personadas en el procedimiento que se tramita en el mencionado juzgado contra el presidente de Seguridad Integral Canaria, y el periodista de\u00a0<em class=\"mce\">La Provincia<\/em>\u00a0que public\u00f3 la transcripci\u00f3n completa de la declaraci\u00f3n pactada que Ram\u00edrez prest\u00f3 ante Alba el 23 de marzo de 2016, una semana despu\u00e9s de la reuni\u00f3n clandestina que da origen a las actuaciones.<\/span><\/p>\n<p class=\"mce\" style=\"text-align: justify;\"><span style=\"font-size: 14pt; font-family: arial, helvetica, sans-serif;\">La representaci\u00f3n letrada de Carlos Sosa a\u00f1ade a esta lista a Jos\u00e9 Manuel Soria, exministro de Industria, Energ\u00eda y Turismo del Gobierno de Espa\u00f1a, expresidente del Partido Popular (PP) de Canarias y rival pol\u00edtico de Rosell en las elecciones generales de diciembre de 2015.\u00a0<\/span><\/p>\n<p class=\"mce\" style=\"text-align: justify;\"><span style=\"font-size: 14pt; font-family: arial, helvetica, sans-serif;\"><strong class=\"mce\">Conexi\u00f3n Alba-Soria<\/strong><\/span><\/p>\n<p class=\"mce\" style=\"text-align: justify;\"><span style=\"font-size: 14pt; font-family: arial, helvetica, sans-serif;\">Tanto la acusaci\u00f3n particular como las acciones populares sit\u00faan a Soria como pieza fundamental en la conspiraci\u00f3n. Rosell manifiesta en su escrito que el juez Alba tuvo una participaci\u00f3n \u201cesencial\u201d en las sucesivas ampliaciones de querella que contra ella present\u00f3 el exministro, \u201cllegando a elaborar y firmar documentos falsos\u201d dirigidos al Consejo General del Poder Judicial (CGPJ) y al Tribunal Supremo, a dictar \u201cresoluciones injustas\u201d con la finalidad de \u201cmanipular la declaraci\u00f3n de un investigado (el empresario Miguel \u00c1ngel Ram\u00edrez)\u201d y obtener documentaci\u00f3n contractual ajena al procedimiento que instru\u00eda para tratar de acreditar \u201csupuestos negocios inexistentes\u201d entre el imputado y la pareja de la jueza y atribuyendo a esta \u201cfalsos retrasos injustificados y otras supuestas irregularidades\u201d durante la tramitaci\u00f3n de aquella causa.<\/span><\/p>\n<p class=\"mce\" style=\"text-align: justify;\"><span style=\"font-size: 14pt; font-family: arial, helvetica, sans-serif;\">Con todo ello, Alba no solo pretend\u00eda causarle \u201cevidentes da\u00f1os y perjuicios\u201d, ya que le profesaba una enemistad \u201cp\u00fablica y conocida en el foro\u201d, sino adem\u00e1s \u201cfavorecer al querellante Soria\u201d, a quien hab\u00eda solicitado apoyo en varias ocasiones para ostentar cargos judiciales. En concreto, la presidencia del Tribunal Superior de Justicia de Canarias (en 2014) y una vocal\u00eda en el CGPJ (en 2008 y en 2014).\u00a0<\/span><\/p>\n<p class=\"mce\" style=\"text-align: justify;\"><span style=\"font-size: 14pt; font-family: arial, helvetica, sans-serif;\">En un documento de 51 p\u00e1ginas, el abogado de Rosell relata de manera pormenorizada los avatares del caso, desde el momento en que Alba solicit\u00f3 cubrir la vacante de la jueza en Instrucci\u00f3n 8, el 23 de octubre de 2015, tan solo un d\u00eda despu\u00e9s de que a esta le concedieran la excedencia para presentarse a las elecciones, hasta que se descubri\u00f3,\u00a0<a class=\"mce\" href=\"https:\/\/www.eldiario.es\/politica\/sustituto-Rosell-declaracion-exdiputada-Podemos_0_514799568.html\" target=\"_blank\" rel=\"noopener noreferrer\">a trav\u00e9s de una grabaci\u00f3n realizada por el empresario investigado Miguel \u00c1ngel Ram\u00edrez<\/a>, que hab\u00eda preparado un plan para acabar con la carrera pol\u00edtica y profesional de la magistrada.<\/span><\/p>\n<p class=\"mce\" style=\"text-align: justify;\"><span style=\"font-size: 14pt; font-family: arial, helvetica, sans-serif;\">Rosell recuerda que el mismo d\u00eda de su toma de posesi\u00f3n en ese juzgado, Alba cit\u00f3 a declarar al empresario, lo que, a su juicio, demuestra que ten\u00eda \u201cun conocimiento extraprocesal\u201d del procedimiento, una aseveraci\u00f3n que vendr\u00eda a corroborar el contenido de la mencionada grabaci\u00f3n.<\/span><\/p>\n<p class=\"mce\" style=\"text-align: justify;\"><span style=\"font-size: 14pt; font-family: arial, helvetica, sans-serif;\">En ese audio, registrado el 16 de marzo de 2016 en el despacho de Alba en la Secci\u00f3n Sexta de la Audiencia Provincial, se escucha c\u00f3mo el juez ofrece a Ram\u00edrez \u201cfundirse\u201d y \u201ccargarse\u201d la causa que instru\u00eda contra el segundo por un presunto delito fiscal. En ese encuentro, ambos preparan una declaraci\u00f3n formal del empresario en sede judicial que se celebrar\u00eda una semana despu\u00e9s, el 23 de marzo, y que versar\u00eda exclusivamente sobre los supuestos negocios del investigado con la pareja de Rosell, a pesar de que se trataba de hechos completamente ajenos al procedimiento.<\/span><\/p>\n<p class=\"mce\" style=\"text-align: justify;\"><span style=\"font-size: 14pt; font-family: arial, helvetica, sans-serif;\">La jueza sostiene que el ahora procesado utiliz\u00f3 ese procedimiento con fines \u201cespurios\u201d, para tratar de conseguir pruebas contra ella que demostrasen que incumpli\u00f3 su deber de abstenci\u00f3n. A cambio, \u201cse pactaba el archivo del procedimiento penal (contra Ram\u00edrez) mediante la nulidad de actuaciones\u201d.\u00a0<\/span><\/p>\n<p class=\"mce\" style=\"text-align: justify;\"><span style=\"font-size: 14pt; font-family: arial, helvetica, sans-serif;\"><strong class=\"mce\">Informes cruciales<\/strong><\/span><\/p>\n<p class=\"mce\" style=\"text-align: justify;\"><span style=\"font-size: 14pt; font-family: arial, helvetica, sans-serif;\">Rosell expone que los informes realizados por Alba fueron \u201ccruciales\u201d para la denuncia presentada por la fiscal Evangelina R\u00edos por una supuesta falta disciplinaria (finalmente archivada) y para la ampliaci\u00f3n y admisi\u00f3n a tr\u00e1mite de la querella de Soria (tambi\u00e9n sobrese\u00edda), hasta el punto de que el abogado del exministro, Eligio Hern\u00e1ndez, copi\u00f3 en ella p\u00e1rrafos enteros de un documento reservado elaborado por el juez, incluidas faltas de concordancia gramatical y de ortograf\u00eda, el mal uso del subjuntivo y la referencia \u201ceste magistrado\u201d al hablar en primera persona.\u00a0<\/span><\/p>\n<p class=\"mce\" style=\"text-align: justify;\"><span style=\"font-size: 14pt; font-family: arial, helvetica, sans-serif;\">El escrito de Rosell destripa \u201clas falsedades\u201d contenidas en esos informes remitidos a distintos \u00f3rganos. Entre otras cuestiones, recuerda que Alba ocult\u00f3 la existencia de una providencia que ordenaba dar traslado a las partes de un<em class=\"mce\">pen drive<\/em>\u00a0con informaci\u00f3n relativa a la causa contra Ram\u00edrez para tratar de hacer ver que hab\u00eda retenido durante 22 meses esa documentaci\u00f3n y, con ello, hab\u00eda ocasionado un retraso en el procedimiento que beneficiaba los intereses del empresario. Tambi\u00e9n plasm\u00f3 en uno de esos informes que las relaciones comerciales entre el investigado y la empresa period\u00edstica de la pareja de Rosell hab\u00edan sido continuadas en el tiempo y continuaban en vigor, pese a que de la documentaci\u00f3n aportada se desprende que esas relaciones databan \u201cde 2003 a 2009\u201d, cinco a\u00f1os antes de que se incoasen las diligencias y antes incluso de que fuera pareja de Carlos Sosa.<\/span><\/p>\n<p class=\"mce\" style=\"text-align: justify;\"><span style=\"font-size: 14pt; font-family: arial, helvetica, sans-serif;\">La jueza acusa adem\u00e1s a Alba de filtrar a la prensa, concretamente a los periodistas Fernando L\u00e1zaro, de\u00a0<em class=\"mce\">El Mundo<\/em>, y Manuel Reyes, de\u00a0<em class=\"mce\">La Provincia<\/em>, tanto el DVD con la declaraci\u00f3n del 23 de marzo de Miguel \u00c1ngel Ram\u00edrez como los sucesivos informes remitidos al Poder Judicial y al Supremo. Esta \u201crevelaci\u00f3n de secretos\u201d estaba dirigida, en opini\u00f3n de Rosell, a \u201ccrear una falsa apariencia delictiva\u201d que lesion\u00f3 su \u201chonor y buena fama\u201d y le hizo presentarse al electorado \u201csin poder combatir tales falacias\u201d. Es precisamente por este motivo (<a class=\"mce\" href=\"https:\/\/www.eldiario.es\/canariasahora\/politica\/Victoria_Rosell-elecciones-codigo_etico-Podemos_0_518298475.html\" target=\"_blank\" rel=\"noopener noreferrer\">\u00a0la jueza renunci\u00f3 a su candidatura en aplicaci\u00f3n del c\u00f3digo \u00e9tico del partido despu\u00e9s de la admisi\u00f3n a tr\u00e1mite de la querella de Soria<\/a>) por el que Podemos atribuye al magistrado investigado un delito electoral en su escrito de calificaci\u00f3n provisional.\u00a0\u00a0<\/span><\/p>\n<\/div>\n<p><a href=\"https:\/\/puntocritico.com\/ausajpuntocritico\/wp-content\/uploads\/2018\/03\/Mosca_Punto_Cr\u00edtico_40.png\" rel=\"lightbox[10544]\"><img loading=\"lazy\" decoding=\"async\" class=\"aligncenter wp-image-9528\" src=\"https:\/\/puntocritico.com\/ausajpuntocritico\/wp-content\/uploads\/2018\/03\/Mosca_Punto_Cr\u00edtico_40.png\" alt=\"\" width=\"40\" height=\"40\" \/><\/a><\/p>\n<h1>\u00a0<\/h1>\n<h1 class=\"pg-headline\" style=\"text-align: center;\"><a id=\"ref37\"><\/a><a href=\"#ref37a\">[38]<\/a> Por Espa\u00f1a, los Presupuestos del PP y lo que haga falta<\/h1>\n<p><span style=\"font-size: 14pt;\">Por\u00a0<\/span><span style=\"font-size: 14pt;\">Rosa Mar\u00eda Artal<\/span><\/p>\n<div><span style=\"color: #339966;\">Art\u00edculo publicado el 3 de abril de 2018 en<\/span><\/div>\n<div><span style=\"color: #339966;\"><a style=\"color: #339966;\" href=\"https:\/\/www.eldiario.es\/zonacritica\/Espana-Presupuestos-PP-haga-falta_6_757034297.html\" target=\"_blank\" rel=\"noopener\">https:\/\/www.eldiario.es\/zonacritica\/Espana-Presupuestos-PP-haga-falta_6_757034297.html<\/a><\/span><\/div>\n<\/div>\n<div>\u00a0<\/div>\n<div>\u00a0<\/div>\n<div class=\"article-header-epigraph\">\n<figure id=\"attachment_10757\" aria-describedby=\"caption-attachment-10757\" style=\"width: 643px\" class=\"wp-caption aligncenter\"><a href=\"https:\/\/puntocritico.com\/ausajpuntocritico\/wp-content\/uploads\/2018\/04\/Mariano-Albert-Rivera-Congreso-EFE_EDIIMA20180403_0642_4.jpg\" rel=\"lightbox[10544]\"><img loading=\"lazy\" decoding=\"async\" class=\"wp-image-10757 size-full\" src=\"https:\/\/puntocritico.com\/ausajpuntocritico\/wp-content\/uploads\/2018\/04\/Mariano-Albert-Rivera-Congreso-EFE_EDIIMA20180403_0642_4.jpg\" alt=\"\" width=\"643\" height=\"362\" srcset=\"https:\/\/puntocritico.com\/ausajpuntocritico\/wp-content\/uploads\/2018\/04\/Mariano-Albert-Rivera-Congreso-EFE_EDIIMA20180403_0642_4.jpg 643w, https:\/\/puntocritico.com\/ausajpuntocritico\/wp-content\/uploads\/2018\/04\/Mariano-Albert-Rivera-Congreso-EFE_EDIIMA20180403_0642_4-300x169.jpg 300w\" sizes=\"auto, (max-width: 643px) 100vw, 643px\" \/><\/a><figcaption id=\"caption-attachment-10757\" class=\"wp-caption-text\"><span style=\"font-size: 10pt;\"><strong><span style=\"color: #339966;\">Mariano Rajoy y Albert Rivera en el Congreso. EFE<\/span><\/strong><\/span><\/figcaption><\/figure><\/p>\n<p>&nbsp;<\/p>\n<blockquote>\n<p style=\"text-align: justify;\"><span style=\"color: #808080;\"><strong><span style=\"font-size: 14pt; font-family: arial, helvetica, sans-serif;\">Si no se aprueban los presupuestos, podr\u00eda irse al traste la legislatura. Si salen adelante, potencian esa Espa\u00f1a volcada en los privilegios de unos y el desprecio de otros<\/span><\/strong><\/span><\/p>\n<p style=\"text-align: justify;\"><span style=\"color: #808080;\"><strong><span style=\"font-size: 14pt; font-family: arial, helvetica, sans-serif;\">Con un refuerzo tal del militarismo y las Fuerzas de Seguridad que cabe preguntarse, visto lo visto, ad\u00f3nde nos encaminan<\/span><\/strong><\/span><\/p>\n<\/blockquote>\n<p>&nbsp;<\/p>\n<p class=\"mce\" style=\"text-align: justify;\"><span style=\"font-size: 14pt; font-family: arial, helvetica, sans-serif;\">El PP pide al PSOE que le preste\u00a0cinco diputados para evitar lo que considera \u201cun chantaje del PNV\u201d que quiere retirar el art\u00edculo 155 antes de votar s\u00ed a los presupuestos del Gobierno. Albert Rivera reprocha a los socialistas que se conviertan en \u00abc\u00f3mplices de los separatistas\u00bb. As\u00ed, sin anestesia, lo dijeron este lunes en el TD1 de TVE. Despu\u00e9s, sali\u00f3 Rivera para opinar que ese apoyo hay que darlo \u201cPor Espa\u00f1a\u201d. Y ya. Frase de PSOE diciendo que no. Ni p\u00edo de Unidos Podemos, ni siquiera del PNV que era el aludido. Es un cl\u00e1sico. En aumento. \u00a0<\/span><\/p>\n<p class=\"mce\" style=\"text-align: justify;\"><span style=\"font-size: 14pt; font-family: arial, helvetica, sans-serif;\">El presidente de Ciudadanos se ha aplicado desde muy temprano en la labor, a insistir a S\u00e1nchez, en los Desayunos de TVE. Le ha dicho que \u00abno tenga miedo\u00bb en abstenerse para\u00a0 no poner en jaque \u201clas medidas que alivian el bolsillo de los espa\u00f1oles\u00bb.\u00a0 Desde el diario El Pa\u00eds avisaban al PNV que\u00a0<a class=\"mce\" href=\"https:\/\/politica.elpais.com\/politica\/2018\/04\/02\/actualidad\/1522697875_962065.html\" target=\"_blank\" rel=\"noopener noreferrer\">las inversiones millonarias para Euskadi est\u00e1n en el aire\u00a0<\/a>y que hasta el tren r\u00e1pido se puede retrasar si no hay acuerdo.\u00a0\u00a0<\/span><\/p>\n<p class=\"mce\" style=\"text-align: justify;\"><span style=\"font-size: 14pt; font-family: arial, helvetica, sans-serif;\">Un duro trabajo en equipo para conseguir que el PP siga en La Moncloa. Por Espa\u00f1a. Por su idea compartida de Espa\u00f1a. De aprobarse, el gobierno subir\u00e1 algo las pensiones m\u00ednimas, bastante m\u00e1s el sueldo de los funcionarios. La mayor partida en personal se la llevan polic\u00eda y Guardia Civil.\u00a0 Hay\u00a0\u00a0<a class=\"mce\" href=\"https:\/\/www.eldiario.es\/politica\/presupuesto-Casa-Real-encadena-incremento_0_756974390.html\" target=\"_blank\" rel=\"noopener noreferrer\">\u00a069.060 euros m\u00e1s para la Casa Real\u00a0<\/a>que se a\u00f1aden a los 7.887.150 de los que dispon\u00eda. El gobierno se sube un 1.5%. A Rajoy le suponen 1.200 euros. A los magistrados del Tribunal Constitucional se les aplica el mayor aumento:\u00a0<a class=\"mce\" href=\"http:\/\/www.lavanguardia.com\/politica\/20180403\/442158933166\/subida-de-mas-del-12--convierte-a-los-miembros-del-tc-en-los-mejor-pagados.html\" target=\"_blank\" rel=\"noopener noreferrer\">un 12%<\/a>.\u00a0<\/span><\/p>\n<p class=\"mce\" style=\"text-align: justify;\"><span style=\"font-size: 14pt; font-family: arial, helvetica, sans-serif;\">En la misma l\u00ednea de bolsillos tenidos en cuenta por los presupuestos, el de Defensa sube por primera vez a m\u00e1s de 8.000 millones de euros tras un fuerte incremento de casi el 7%. El Ministerio en su conjunto ve ampliados sus fondos en\u00a0<a class=\"mce\" href=\"https:\/\/www.eldiario.es\/politica\/Gobierno-incremento-inversion-Defensa-millones_0_756974396.html\" target=\"_blank\" rel=\"noopener noreferrer\">\u00a0m\u00e1s de 3.000 millones.<\/a>\u00a0 \u00a0Aportes\u00a0en\u00a0Sanidad y Educaci\u00f3n del 3,9 % y el 3 % que no enjugan ni de lejos los dur\u00edsimos recortes aplicados por el PP desde sus primeras tijeretazos en 2012 y, por ejemplo, baja el IVA de los cines del 21% al 10%.\u00a0<\/span><\/p>\n<p class=\"mce\" style=\"text-align: justify;\"><span style=\"font-size: 14pt; font-family: arial, helvetica, sans-serif;\">El PP destina solo 46 millones a la ayuda a la dependencia. Los bolsillos de estos espa\u00f1oles cuentan mucho menos que los de otros. Comparen cifras y prioridades. Casualmente era uno de los temas del acuerdo de investidura entre PP y Ciudadanos. En<a class=\"mce\" href=\"http:\/\/cadenaser.com\/ser\/2018\/03\/30\/politica\/1522416416_706264.html\" target=\"_blank\" rel=\"noopener noreferrer\">\u00a0<em class=\"mce\">un ba\u00f1o de realidad<\/em>, Rivera acept\u00f3, recientemente, rebajar sus pretensiones iniciales\u00a0<\/a>de 440 millones de euros a 130. Montoro los ha dejado en 46, que fue lo que eludi\u00f3 gastar el a\u00f1o pasado de los 100 presupuestados. Rajoy vuelve a destinar cero euros a la Memoria Hist\u00f3rica y\u00a0 V\u00edctimas del Franquismo. Como un empecinamiento en la inquina hacia los perdedores de la guerra. Pero \u00abpor Espa\u00f1a\u00bb hay que apoyar todo esto. Por esta Espa\u00f1a.\u00a0<\/span><\/p>\n<p class=\"mce\" style=\"text-align: justify;\"><span style=\"font-size: 14pt; font-family: arial, helvetica, sans-serif;\">El partido de Albert Rivera, con \u00e9l en cabeza, se multiplica en los medios. M\u00e1s que nunca desde que \u201casciende en las encuestas\u201d, que es el nuevo valor de referencia noticiable.\u00a0 Ahora, para echar el resto en que salgan adelante estos presupuestos.<\/span><\/p>\n<p class=\"mce\" style=\"text-align: justify;\"><span style=\"font-size: 14pt; font-family: arial, helvetica, sans-serif;\">\u00a0En la pr\u00e1ctica, Ciudadanos es el m\u00e1s s\u00f3lido armaz\u00f3n para el PP.\u00a0 Para cuanto el PP implica hoy. Por Espa\u00f1a. De momento, Ciudadanos no ha retirado su apoyo a Cifuentes, aunque estudia operaciones en diferido, seg\u00fan se apunta.\u00a0 PP y Ciudadanos han vetado juntos m\u00e1s de 50 iniciativas en el Congreso. Entre ellas, volver a vincular la subida de las pensiones al IPC.\u00a0 Resulta casi enternecedor ver otro estudio \u2013aunque cada vez los miro con mayor cautela-\u00a0 detectando que<a class=\"mce\" href=\"http:\/\/www.publico.es\/politica\/sondeos-electorales-pp-pierde-600000-votos-pensionistas-no-mayoria-absoluta-jubilados.html\" target=\"_blank\" rel=\"noopener noreferrer\">\u00a0700.000 votantes mayores de 65 a\u00f1os, hartos del PP se han pasado a Ciudadanos<\/a>.<\/span><\/p>\n<p class=\"mce\" style=\"text-align: justify;\"><span style=\"font-size: 14pt; font-family: arial, helvetica, sans-serif;\">PP y Ciudadanos se han puesto de acuerdo, adem\u00e1s, para no suprimir las tasas judiciales o para no asumir las exhumaciones de la guerra civil y la dictadura. Todo \u201cPor Espa\u00f1a\u201d, que esto de Espa\u00f1a le ha dado una inyecci\u00f3n de ox\u00edgeno impagable a Ciudadanos. A su idea de una Espa\u00f1a ultraconservadora, de s\u00edmbolos m\u00e1s que de contenidos y mano dura o inflexibilidad\u00a0 harto selectiva. Y una pol\u00edtica econ\u00f3mica neoliberal, opuesta por tanto al \u201cciudadanos libres e iguales\u201d que\u00a0<a class=\"mce\" href=\"https:\/\/twitter.com\/Albert_Rivera\/status\/979652750802898944\" target=\"_blank\" rel=\"noopener noreferrer\">\u00a0proclama Rivera cuando se refiere al nacionalismo de otros.<\/a>\u00a0<\/span><\/p>\n<p class=\"mce\" style=\"text-align: justify;\"><span style=\"font-size: 14pt; font-family: arial, helvetica, sans-serif;\">Dif\u00edcilmente se puede encontrar un partido m\u00e1s insostenible que el PP actual. El Partido Popular se ha hundido en sus miserias. A\u00fan con la lavander\u00eda presta a dejar su imagen impoluta. Y la propaganda, disfrazada de periodismo, como apoyo incondicional. Pero, cuidado, que el horizonte no est\u00e1 precisamente claro. La hiperactividad de Albert Rivera para que Rajoy siga en el gobierno hasta que se considere oportuno, no parece que sea por Espa\u00f1a, ni por los bolsillos de todos los espa\u00f1oles. Y menos cuando se advierte que existe cierto apremio.<\/span><\/p>\n<p class=\"mce\" style=\"text-align: justify;\"><span style=\"font-size: 14pt; font-family: arial, helvetica, sans-serif;\">Todo esto pasa ante nuestros ojos como en un tiovivo. Adormecedor. Si no se aprueban los presupuestos, podr\u00eda irse al traste la legislatura. Si salen adelante, potencian esa Espa\u00f1a volcada en los privilegios de unos y el desprecio de otros. Con un refuerzo tal del militarismo y las Fuerzas de Seguridad que cabe preguntarse, visto lo visto, ad\u00f3nde nos encaminan. El PSOE ha dicho que no los apoyar\u00e1. Hasta ahora, su abstenci\u00f3n ha sido esencial para que Rajoy sea presidente del gobierno. Ahora avanza que, si Rajoy fracasa, habr\u00e1 de enfrentarse a una moci\u00f3n de confianza o a elecciones.\u00a0<\/span><\/p>\n<p class=\"mce\" style=\"text-align: justify;\"><span style=\"font-size: 14pt; font-family: arial, helvetica, sans-serif;\">El tiovivo sigue girando.<\/span><\/p>\n<p><a href=\"https:\/\/puntocritico.com\/ausajpuntocritico\/wp-content\/uploads\/2018\/03\/Mosca_Punto_Cr\u00edtico_40.png\" rel=\"lightbox[10544]\"><img loading=\"lazy\" decoding=\"async\" class=\"aligncenter wp-image-9528\" src=\"https:\/\/puntocritico.com\/ausajpuntocritico\/wp-content\/uploads\/2018\/03\/Mosca_Punto_Cr\u00edtico_40.png\" alt=\"\" width=\"40\" height=\"40\" \/><\/a><\/p>\n<h1>\u00a0<\/h1>\n<h1 class=\"pg-headline\" style=\"text-align: center;\"><a id=\"ref38\"><\/a><a href=\"#ref38a\">[39]<\/a> Cifuentes aprob\u00f3 la oposici\u00f3n de su actual plaza de funcionaria en un tribunal con dos amigos personales<\/h1>\n<p class=\"pg-headline\"><span style=\"font-size: 14pt;\">Por I\u00f1igo Aduriz<\/span><\/p>\n<div class=\"pg-headline\"><span style=\"color: #339966;\">Art\u00edculo publicado el 4 de abril de 2018 en\u00a0<\/span><\/div>\n<div><span style=\"color: #339966;\"><a style=\"color: #339966;\" href=\"https:\/\/www.eldiario.es\/politica\/relacionado-Gurtel-tribunal-ascendio-Cifuentes_0_756975272.html\" target=\"_blank\" rel=\"noopener\">https:\/\/www.eldiario.es\/politica\/relacionado-Gurtel-tribunal-ascendio-Cifuentes_0_756975272.html<\/a><\/span><\/div>\n<\/div>\n<div>\u00a0<\/div>\n<div>\u00a0<\/div>\n<div class=\"article-header-epigraph\">\n<div><a href=\"https:\/\/puntocritico.com\/ausajpuntocritico\/wp-content\/uploads\/2018\/04\/comparecencia-Cifuentes-master-empezara-horas_EDIIMA20180402_0165_19.jpg\" rel=\"lightbox[10544]\"><img loading=\"lazy\" decoding=\"async\" class=\"aligncenter size-full wp-image-10759\" src=\"https:\/\/puntocritico.com\/ausajpuntocritico\/wp-content\/uploads\/2018\/04\/comparecencia-Cifuentes-master-empezara-horas_EDIIMA20180402_0165_19.jpg\" alt=\"\" width=\"643\" height=\"362\" srcset=\"https:\/\/puntocritico.com\/ausajpuntocritico\/wp-content\/uploads\/2018\/04\/comparecencia-Cifuentes-master-empezara-horas_EDIIMA20180402_0165_19.jpg 643w, https:\/\/puntocritico.com\/ausajpuntocritico\/wp-content\/uploads\/2018\/04\/comparecencia-Cifuentes-master-empezara-horas_EDIIMA20180402_0165_19-300x169.jpg 300w\" sizes=\"auto, (max-width: 643px) 100vw, 643px\" \/><\/a><\/div>\n<div>\n<blockquote>\n<p style=\"text-align: justify;\"><span style=\"font-size: 14pt; font-family: arial, helvetica, sans-serif;\">Dos de los miembros del tribunal de oposiciones que le dio su actual plaza de funcionaria a Cristina Cifuentes ten\u00edan lazos de amistad con la hoy presidenta de Madrid<\/span><\/p>\n<p style=\"text-align: justify;\"><span style=\"font-size: 14pt; font-family: arial, helvetica, sans-serif;\">Uno de ellos es Dionisio Ramos, alumno tambi\u00e9n del pol\u00e9mico m\u00e1ster de Cifuentes, implicado en el Tamayazo; Cifuentes fue testigo de su boda<\/span><\/p>\n<p style=\"text-align: justify;\"><span style=\"font-size: 14pt; font-family: arial, helvetica, sans-serif;\">El otro es Jos\u00e9 Francisco Otero, otro amigo al que Cifuentes nombr\u00f3 en 2015 gerente del Bolet\u00edn Oficial de la Comunidad de Madrid<\/span><\/p>\n<\/blockquote>\n<p class=\"mce\" style=\"text-align: justify;\"><span style=\"font-family: arial, helvetica, sans-serif; font-size: 14pt;\">La hoy presidenta de la Comunidad de Madrid, Cristina Cifuentes, es funcionaria de la Universidad Complutense desde 1990. Pero su actual categor\u00eda como parte del Cuerpo de T\u00e9cnicos Superiores de la instituci\u00f3n la logr\u00f3 en 2001, tras presentarse a unas oposiciones de promoci\u00f3n interna para incorporarse a la Escala de T\u00e9cnicos de Gesti\u00f3n de la universidad. Cifuentes aprob\u00f3, seg\u00fan consta en el\u00a0<a class=\"mce\" href=\"http:\/\/www.boe.es\/boe\/dias\/2001\/11\/05\/pdfs\/A40100-40101.pdf\" target=\"_blank\" rel=\"noopener\">Bolet\u00edn Oficial del Estado del 5 de noviembre<\/a>\u00a0de ese mismo a\u00f1o, y ese aprobado se lo dio un tribunal en el que estaban al menos dos amigos, entre ellos un futuro cargo pol\u00edtico de la Comunidad de Madrid, y hasta un implicado en el caso G\u00fcrtel.<\/span><\/p>\n<p class=\"mce\" style=\"text-align: justify;\"><span style=\"font-family: arial, helvetica, sans-serif; font-size: 14pt;\">Uno de esos dos amigos era Dionisio Ramos Mart\u00ednez que, seg\u00fan consta en la\u00a0<a class=\"mce\" href=\"http:\/\/www.boe.es\/boe\/dias\/2001\/04\/07\/pdfs\/A13158-13167.pdf\" target=\"_blank\" rel=\"noopener\">convocatoria de las oposiciones publicada en el BOE del 7 de abril de 2001<\/a>, figuraba como presidente suplente del tribunal pero que, como\u00a0<a class=\"mce\" href=\"https:\/\/www.elplural.com\/2015\/06\/02\/dionisio-ramos-el-presidente-del-tribunal-que-ascendio-a-cristina-cifuentes-debio-abstenerse-segun-la-ley-por-ser-amigos\" target=\"_blank\" rel=\"noopener\">cont\u00f3\u00a0<\/a><a class=\"mce\" href=\"https:\/\/www.elplural.com\/2015\/06\/02\/dionisio-ramos-el-presidente-del-tribunal-que-ascendio-a-cristina-cifuentes-debio-abstenerse-segun-la-ley-por-ser-amigos\" target=\"_blank\" rel=\"noopener\">El Plural en 2015<\/a>, ejerci\u00f3 como presidente de facto en sustituci\u00f3n del entonces rector de la Universidad Complutense, Rafael Puyol. La amistad entre Cifuentes y Ramos se remonta a finales de los a\u00f1os 80 y prueba de la misma es que la presidenta madrile\u00f1a fue testigo de la boda del propio Ramos, en 1993, tal y como qued\u00f3 reflejado en una\u00a0<a class=\"mce\" href=\"http:\/\/hemeroteca.abc.es\/nav\/Navigate.exe\/hemeroteca\/madrid\/abc\/1993\/05\/29\/066.html\" target=\"_blank\" rel=\"noopener\">nota de sociedad que public\u00f3 entonces el diario ABC<\/a>.<\/span><\/p>\n<p class=\"mce\" style=\"text-align: justify;\"><span style=\"font-family: arial, helvetica, sans-serif; font-size: 14pt;\">Asimismo, Dionisio Ramos, implicado en el episodio de transfuguismo conocido como el tamayazo,\u00a0<a class=\"mce\" href=\"https:\/\/www.eldiario.es\/politica\/Dionisio-Ramos-Cifuentes-implicado-presidenta_0_756625025.html\" target=\"_blank\" rel=\"noopener\">tambi\u00e9n hizo el m\u00e1ster<\/a>\u00a0en Derecho Auton\u00f3mico de la Universidad Rey Juan Carlos (URJC) durante el curso 2011-2012 que, tal y\u00a0<a class=\"mce\" href=\"https:\/\/www.eldiario.es\/sociedad\/Cifuentes-obtenido-publico-falseando-asignaturas_0_752075026.html\" target=\"_blank\" rel=\"noopener\">como destap\u00f3 eldiario.es<\/a>, la dirigente madrile\u00f1a aprob\u00f3 con notas falsificadas.<\/span><\/p>\n<p class=\"mce\" style=\"text-align: justify;\"><span style=\"font-family: arial, helvetica, sans-serif; font-size: 14pt;\">\u00c9l no era el \u00fanico integrante del tribunal que era m\u00e1s que conocido para la presidenta madrile\u00f1a. Tambi\u00e9n estaba Jos\u00e9 Francisco Otero, otro de los testigos \u2013tambi\u00e9n por parte del novio\u2013 de la boda de Ramos y que tambi\u00e9n compart\u00eda amistad con Cifuentes desde hac\u00eda a\u00f1os. Adem\u00e1s, se da la circunstancia de que Otero fue nombrado alto cargo del Gobierno de la Comunidad de Madrid apenas un mes despu\u00e9s de que ella accediera a la Presidencia.<\/span><\/p>\n<p class=\"mce\" style=\"text-align: justify;\"><span style=\"font-family: arial, helvetica, sans-serif; font-size: 14pt;\">Un decreto del 22 de julio de 2015 de la Consejer\u00eda de Presidencia, Justicia y Portavoc\u00eda del Gobierno aprobado por el Consejo de Gobierno que ya presid\u00eda Cifuentes nombraba \u201cgerente del Organismo Aut\u00f3nomo Bolet\u00edn Oficial de la Comunidad de Madrid a don Jos\u00e9 Francisco Otero Ferrero\u201d. As\u00ed consta en la\u00a0<a class=\"mce\" href=\"http:\/\/www.madrid.org\/cs\/Satellite?c=Page&amp;cid=1191579825753&amp;language=es&amp;pagename=ComunidadMadrid%2FEstructura&amp;pid=1109265463020&amp;sc=0\" target=\"_blank\" rel=\"noopener\">nota hecha p\u00fablica por la administraci\u00f3n regional<\/a>\u00a0ese mismo d\u00eda. Y se trata de un cargo que sigue manteniendo en la actualidad, tal y como se especifica\u00a0<a class=\"mce\" href=\"http:\/\/www.madrid.org\/es\/transparencia\/persona\/jose-francisco-otero-ferrero\" target=\"_blank\" rel=\"noopener\">en el Portal de Transparencia<\/a>\u00a0de la Comunidad que recoge, adem\u00e1s, las \u201cdiversas jefaturas de servicio\u201d que ostent\u00f3 Otero en la Universidad Complutense.<\/span><\/p>\n<p class=\"mce\" style=\"text-align: justify;\"><span style=\"font-family: arial, helvetica, sans-serif; font-size: 14pt;\">En la n\u00f3mina de nombres que compusieron el tribunal de las pruebas selectivas que permitieron el ascenso de Cifuentes tambi\u00e9n est\u00e1 el de Reinolfo Ortiz G\u00f3mez. Se trata de un empresario al que se ha relacionado con el caso G\u00fcrtel por su vinculaci\u00f3n con el cabecilla de la trama, Francisco Correa. Seg\u00fan\u00a0<a class=\"mce\" href=\"http:\/\/www.tiempodehoy.com\/espana\/el-urbanista-de-guertel-recalifico-suelo-y-oculto-su-adquisicion\" target=\"_blank\" rel=\"noopener\">public\u00f3 la revista Tiempo en 2014<\/a>, Ortiz estaba ligado a empresas de Correa como, por ejemplo, Nuevos Proyectos Inmobiliarios Salobre\u00f1a. Ortiz ten\u00eda, asimismo, seg\u00fan la informaci\u00f3n de Tiempo, un despacho de asesores que habr\u00eda realizado gestiones sobre una de las empresas m\u00e1s importantes del caso G\u00fcrtel, Inversiones Kintamani, en la que Correa invirti\u00f3 buena parte de su fortuna personal.<\/span><\/p>\n<p class=\"mce\" style=\"text-align: justify;\"><span style=\"font-family: arial, helvetica, sans-serif; font-size: 14pt;\">En un correo electr\u00f3nico enviado a la redacci\u00f3n este jueves por la tarde, Ortiz, sin embargo, replica algunos de los aspectos publicados por la revista Tiempo y aqu\u00ed reproducidos: \u00abEn la informaci\u00f3n se me alude como miembro de ese tribunal de\u00a0oposiciones para la Escala de T\u00e9cnicos de Gesti\u00f3n de la Universidad Complutense.\u00a0Lo cual es cierto. No lo es, sin embargo, la vinculaci\u00f3n que me atribuyen ni con el caso G\u00fcrtel, ni con Francisco Correa,\u00a0ni con Inversiones Kintamani. Nunca jam\u00e1s he estado con esa persona ni trabajado para esa empresa u otras vinculadas con el citado proceso\u00bb.<\/span><\/p>\n<p class=\"mce\" style=\"text-align: justify;\"><span style=\"font-family: arial, helvetica, sans-serif; font-size: 14pt;\">Adem\u00e1s de por los citados, el tribunal que evalu\u00f3 a Cifuentes estuvo compuesto por Francisco del Campo Guti\u00e9rrez y Mar\u00eda del Carmen Caballero Fern\u00e1ndez, como titulares, y por Ignacio Torres P\u00e9rez, Manuel Ruiz de Elvira Serra, Juan Jos\u00e9 Docampo Darriba y Mar\u00eda Teresa Galino Mateos, como suplentes.<\/span><\/p>\n<\/div>\n<p><a href=\"https:\/\/puntocritico.com\/ausajpuntocritico\/wp-content\/uploads\/2018\/03\/Mosca_Punto_Cr\u00edtico_40.png\" rel=\"lightbox[10544]\"><img loading=\"lazy\" decoding=\"async\" class=\"aligncenter wp-image-9528\" src=\"https:\/\/puntocritico.com\/ausajpuntocritico\/wp-content\/uploads\/2018\/03\/Mosca_Punto_Cr\u00edtico_40.png\" alt=\"\" width=\"40\" height=\"40\" \/><\/a><\/p>\n<h1>\u00a0<\/h1>\n<h1 class=\"pg-headline\" style=\"text-align: center;\"><a id=\"ref39\"><\/a><a href=\"#ref39a\">[40]<\/a> La decisi\u00f3n de Interior de detener a Falciani causa desconcierto en la Audiencia Nacional<\/h1>\n<div class=\"subtitle bkn mce sk2\"><span style=\"font-size: 14pt;\">Por Pedro \u00c1gueda \/ Marcos Pinheiro<\/span><\/div>\n<div><span style=\"color: #339966;\">Art\u00edculo publicado el 4 de abril de 2018 en<\/span><\/div>\n<div><span style=\"color: #339966;\"><a style=\"color: #339966;\" href=\"https:\/\/www.eldiario.es\/politica\/Interior-Falciani-desconcierto-Audiencia-Nacional_0_757325367.html\" target=\"_blank\" rel=\"noopener\">https:\/\/www.eldiario.es\/politica\/Interior-Falciani-desconcierto-Audiencia-Nacional_0_757325367.html<\/a><\/span><\/div>\n<\/div>\n<div>\u00a0<\/div>\n<div>\u00a0<\/div>\n<div class=\"article-header-epigraph\">\n<div>\n<figure id=\"attachment_10760\" aria-describedby=\"caption-attachment-10760\" style=\"width: 643px\" class=\"wp-caption aligncenter\"><a href=\"https:\/\/puntocritico.com\/ausajpuntocritico\/wp-content\/uploads\/2018\/04\/informatico-Herve-Falciani-concurrira-Partido_EDIIMA20140318_0658_5.jpg\" rel=\"lightbox[10544]\"><img loading=\"lazy\" decoding=\"async\" class=\"wp-image-10760 size-full\" src=\"https:\/\/puntocritico.com\/ausajpuntocritico\/wp-content\/uploads\/2018\/04\/informatico-Herve-Falciani-concurrira-Partido_EDIIMA20140318_0658_5.jpg\" alt=\"\" width=\"643\" height=\"428\" srcset=\"https:\/\/puntocritico.com\/ausajpuntocritico\/wp-content\/uploads\/2018\/04\/informatico-Herve-Falciani-concurrira-Partido_EDIIMA20140318_0658_5.jpg 643w, https:\/\/puntocritico.com\/ausajpuntocritico\/wp-content\/uploads\/2018\/04\/informatico-Herve-Falciani-concurrira-Partido_EDIIMA20140318_0658_5-300x200.jpg 300w\" sizes=\"auto, (max-width: 643px) 100vw, 643px\" \/><\/a><figcaption id=\"caption-attachment-10760\" class=\"wp-caption-text\"><span style=\"font-size: 10pt; color: #339966;\"><strong>El exempleado del HSBC Herv\u00e9 Falciani EFE<\/strong><\/span><\/figcaption><\/figure>\n<\/div>\n<div>\n<blockquote>\n<p style=\"text-align: justify;\"><span style=\"font-size: 14pt; font-family: arial, helvetica, sans-serif;\">La Polic\u00eda arresta al experto inform\u00e1tico pese a que la justicia fall\u00f3 en 2013 que no pod\u00eda ser extraditado a Suiza<\/span><\/p>\n<p style=\"text-align: justify;\"><span style=\"font-size: 14pt; font-family: arial, helvetica, sans-serif;\">La justicia helv\u00e9tica dict\u00f3 la detenci\u00f3n internacional en febrero de 2017 y el departamento de Zoido asegura que recibi\u00f3 la orden este 19 de marzo<\/span><\/p>\n<p style=\"text-align: justify;\"><span style=\"font-size: 14pt; font-family: arial, helvetica, sans-serif;\">La misma Polic\u00eda que escondi\u00f3 y protegi\u00f3 a Falciani llevar\u00eda dos semanas busc\u00e1ndolo sin conocimiento del juez ni la Fiscal\u00eda<\/span><\/p>\n<\/blockquote>\n<p class=\"mce\" style=\"text-align: justify;\"><span style=\"font-size: 14pt; font-family: arial, helvetica, sans-serif;\">El caso Falciani era caso cerrado hasta este mi\u00e9rcoles. As\u00ed estaba asentado en la Audiencia Nacional desde que el 8 de mayo de 2013, fecha en que su Sala de lo Penal\u00a0<a class=\"mce\" href=\"https:\/\/www.eldiario.es\/economia\/Audiencia-Nacional-extraditar-Falciani-Suiza_0_130187277.html\" target=\"_blank\" rel=\"noopener\">\u00a0dict\u00f3 un auto en el que rechazaba<\/a>\u00a0la solicitud de extradici\u00f3n de Suiza con el argumento de que los delitos por los que le reclamaba no existen en Espa\u00f1a. Para sorpresa de la Fiscal\u00eda, que se opuso a aquella entrega, y del tribunal que lo rechaz\u00f3, la Polic\u00eda detuvo\u00a0este mi\u00e9rcioles\u00a0a Falciani en la Universidad de Comillas cuando se dispon\u00eda a participar en un acto p\u00fablico.<\/span><\/p>\n<p class=\"mce\" style=\"text-align: justify;\"><span style=\"font-size: 14pt; font-family: arial, helvetica, sans-serif;\">El argumento del Ministerio del Interior es que la Polic\u00eda recibi\u00f3 una orden internacional de detenci\u00f3n el pasado 19 de marzo y que llevaba buscando desde entonces al inform\u00e1tico. Fueron agentes de la Comisar\u00eda General de Polic\u00eda Judicial quienes ejecutaron el arresto. Esa misma estructura policial fue una de las encargadas de ocultar y proteger a Falciani mientras se resolv\u00eda la petici\u00f3n de extradici\u00f3n a Suiza y tiempo despu\u00e9s.<\/span><\/p>\n<p class=\"mce\" style=\"text-align: justify;\"><span style=\"font-size: 14pt; font-family: arial, helvetica, sans-serif;\">Falciani ser\u00e1 puesto a disposici\u00f3n judicial este jueves. Comparecer\u00e1\u00a0ante\u00a0el titular del Juzgado Central de Instrucci\u00f3n n\u00famero 6, Manuel Garc\u00eda-Castell\u00f3n, ya que su antecesor, Eloy Velasco, atendi\u00f3 la solicitud de extradici\u00f3n de Suiza que al final fue rechazada. Fuentes de la Sala de lo Penal mostraron ayer su sorpresa y extra\u00f1eza por que la Polic\u00eda haya ejecutado una orden de detenci\u00f3n, una medida que afecta a un derecho fundamental, pese a saber que la posible extradici\u00f3n es \u201ccosa juzgada\u201d.<\/span><\/p>\n<p class=\"mce\" style=\"text-align: justify;\"><span style=\"font-size: 14pt; font-family: arial, helvetica, sans-serif;\">La orden de detenci\u00f3n emitida por la Confederaci\u00f3n Helv\u00e9tica est\u00e1 motivada porque desde el 2 de mayo de 2016 hay una sentencia firme contra Falciani, que tuvo que ser juzgado y condenado en rebeld\u00eda a cinco a\u00f1os de c\u00e1rcel por espionaje industrial.<\/span><\/p>\n<p class=\"mce\" style=\"text-align: justify;\"><span style=\"font-size: 14pt; font-family: arial, helvetica, sans-serif;\">Suiza dict\u00f3 una orden de detenci\u00f3n casi un a\u00f1o despu\u00e9s, el 24 de febrero, y su oficina policial la curs\u00f3 a todos los pa\u00edses del espacio Schengen el 3 de mayo de 2017 a las 15 horas, 46 minutos y 52 segundos, seg\u00fan consta en un documento de la oficina de cooperaci\u00f3n internacional de la Polic\u00eda espa\u00f1ola, Sirene, al que ha tenido acceso eldiario.es. En ese mismo documento figura a pie de p\u00e1gina: \u201cFecha de emisi\u00f3n: 19\/03\/2018\u201d. Un portavoz del Ministerio del Interior asegura que esa es la fecha en la que se recibi\u00f3 en Espa\u00f1a la orden internacional de detenci\u00f3n.<\/span><\/p>\n<p class=\"mce\" style=\"text-align: justify;\"><span style=\"font-size: 14pt; font-family: arial, helvetica, sans-serif;\">La Fiscal\u00eda de la Audiencia Nacional conoci\u00f3 la detenci\u00f3n de Falciani este mi\u00e9rcoles por los medios de comunicaci\u00f3n. Fuentes de la misma advertieron de que si la orden se hab\u00eda cursado por los mismos hechos que la de 2013, que ya fue rechazada, la Fiscal\u00eda se opondr\u00e1 a que Falciani sea entregado a las autoridades suizas. Alegan que ya hay una decisi\u00f3n de la Audiencia Nacional sobre este caso, que sostiene que los hechos no son delito en Espa\u00f1a, por lo que no cabe tomar una decisi\u00f3n distinta sobre una \u00abcosa juzgada\u00bb.<\/span><\/p>\n<h3 style=\"text-align: justify;\"><span style=\"font-size: 14pt; font-family: arial, helvetica, sans-serif;\">Podemos vincula la detenci\u00f3n con \u00abun favor\u00bb a Suiza\u00a0<\/span><\/h3>\n<p class=\"mce\" style=\"text-align: justify;\"><span style=\"font-size: 14pt; font-family: arial, helvetica, sans-serif;\">El Juzgado Central de Instrucci\u00f3n n\u00famero 1, de guardia, tampoco conoci\u00f3 el arresto hasta despu\u00e9s de haberse producido. La explicaci\u00f3n de Interior es que la Polic\u00eda se limit\u00f3 a cumplir con la orden de detenci\u00f3n internacional. El eurodiputado de Podemos Miguel Urban se pregunt\u00f3 en su cuenta\u00a0de Twitter\u00a0<span class=\"mce\">\u00a0si la detenci\u00f3n del ingeniero inform\u00e1tico Herv\u00e9 Falciani es \u00abun favor de Espa\u00f1a para pedir la extradici\u00f3n de Anna Gabriel y otras personas exiliadas pol\u00edticas\u00bb que se encuentran en ese pa\u00eds.<\/span><\/span><\/p>\n<p class=\"mce\" style=\"text-align: justify;\"><span style=\"font-size: 14pt; font-family: arial, helvetica, sans-serif;\">La orden de detenci\u00f3n, emitida por la Fiscal\u00eda del Cant\u00f3n de Ginebra, se\u00f1ala que Falciani fue condenado a cinco a\u00f1os de c\u00e1rcel el 27 de noviembre de 2015, una sentencia los tribunales suizos declararon firme el 2 de mayo de 2016. El documento recuerda que el inform\u00e1tico se llev\u00f3 del HSBC datos bancarios de 20.000 empresas y 107.181 particulares. Con esa informaci\u00f3n y bajo una identidad falsa -Rub\u00e9n Alchidiack, jefe de ventas de la empresa ficticia Parlova, con sede en Hong Kong-, se traslad\u00f3 a L\u00edbano en 2008 para tratar de vend\u00e9rsela a varios bancos.<\/span><\/p>\n<p class=\"mce\" style=\"text-align: justify;\"><span style=\"font-size: 14pt; font-family: arial, helvetica, sans-serif;\">Lo que vend\u00eda Falciani era \u201cun buen producto con informaci\u00f3n de clientes con alto potencial financiero\u201d. Es decir, ofreci\u00f3 a bancos como Byblos Bank, Societ\u00e8 Gen\u00e9rale o BNP detalles como la fortuna o el perfil inversor de potenciales clientes para esas entidades. Las autoridades suizas inciden en que, adem\u00e1s de ofrecer informaci\u00f3n a empresas privadas, contact\u00f3 con organismos estatales para ofrecerles el acceso a esos datos confidenciales. La orden de detenci\u00f3n califica esos hechos como un delito de espionaje industrial.<\/span><\/p>\n<h3 style=\"text-align: justify;\"><span style=\"font-size: 14pt; font-family: arial, helvetica, sans-serif;\">La negativa de la Audiencia Nacional<\/span><\/h3>\n<p class=\"mce\" style=\"text-align: justify;\"><span style=\"font-size: 14pt; font-family: arial, helvetica, sans-serif;\">La Audiencia Nacional, sin embargo, desestim\u00f3 esos argumentos en 2013. En el auto, que firman Julio de Diego, \u00c1ngel Hurtado y Jos\u00e9 Ricardo de Prada -\u00e9ste \u00faltimo como ponente-, los magistrados reprueban la \u00abpermisividad o complacencia de facto\u00bb del banco \u00abcon actividades delictivas de defraudaci\u00f3n tributaria, blanqueo de capitales e incluso de financiaci\u00f3n de terrorismo\u00bb.<\/span><\/p>\n<p class=\"mce\" style=\"text-align: justify;\"><span style=\"font-size: 14pt; font-family: arial, helvetica, sans-serif;\">Para rechazar la extradici\u00f3n, el auto destaca que la informaci\u00f3n desvelada por Falciani \u00abse refiere a actividades sospechosas de ilegalidad, incluso constitutivas de infracciones penales, que de ninguna manera es susceptible de leg\u00edtima protecci\u00f3n\u00bb. Gracias a la informaci\u00f3n de Falciani, que lleg\u00f3 a la Agencia Tributaria en mayo de 2010 y que sac\u00f3 a la luz la identidad de 659 defraudadores fiscales espa\u00f1oles, se consiguieron regularizar en Espa\u00f1a 300 millones de euros.<\/span><\/p>\n<p class=\"mce\" style=\"text-align: justify;\"><span style=\"font-size: 14pt; font-family: arial, helvetica, sans-serif;\">La sala hizo suyos los argumentos que expuso la fiscal Dolores Delgado para argumentar que no concurre el requisito de la doble incriminaci\u00f3n (que los delitos por los que se pide la entrega tengan su equivalencia en el ordenamiento jur\u00eddico espa\u00f1ol). En ese sentido detalla los cuatro delitos que le imputa la justicia suiza (espionaje financiero, secreto bancario, secreto comercial y apropiaci\u00f3n de datos relativos a clientes) para concluir que \u00aben nuestro derecho no existe una protecci\u00f3n penal espec\u00edfica del secreto bancario como tal, y menos tratando su quebrantamiento como un mero delito formal\u00bb.<\/span><\/p>\n<\/div>\n<p style=\"text-align: justify;\"><a href=\"https:\/\/puntocritico.com\/ausajpuntocritico\/wp-content\/uploads\/2018\/03\/Mosca_Punto_Cr\u00edtico_40.png\" rel=\"lightbox[10544]\"><img loading=\"lazy\" decoding=\"async\" class=\"aligncenter wp-image-9528\" src=\"https:\/\/puntocritico.com\/ausajpuntocritico\/wp-content\/uploads\/2018\/03\/Mosca_Punto_Cr\u00edtico_40.png\" alt=\"\" width=\"40\" height=\"40\" \/><\/a><\/p>\n<h1>\u00a0<\/h1>\n<h1 class=\"pg-headline\" style=\"text-align: center;\"><a id=\"ref40\"><\/a><a href=\"#ref40a\">[41]<\/a> La Polic\u00eda detiene a Herv\u00e9 Falciani por una orden de busca y captura de Suiza<\/h1>\n<div class=\"subtitle bkn mce sk2\">\n<div class=\"subtitle bkn mce sk2\"><span style=\"font-size: 14pt;\">Por Pedro \u00c1gueda \/ Marcos Pinheiro<\/span><\/div>\n<\/div>\n<div><span style=\"color: #339966;\">Art\u00edculo publicado el 4 de abril de 2018 en<\/span><\/div>\n<div><span style=\"color: #339966;\"><a style=\"color: #339966;\" href=\"https:\/\/www.eldiario.es\/politica\/Policia-Herve-Falciani-extradicion-Suiza_0_757325196.html\" target=\"_blank\" rel=\"noopener\">https:\/\/www.eldiario.es\/politica\/Policia-Herve-Falciani-extradicion-Suiza_0_757325196.html<\/a><\/span><\/div>\n<\/div>\n<div>\u00a0<\/div>\n<div>\u00a0<\/div>\n<div class=\"article-header-epigraph\">\n<div>\n<figure id=\"attachment_10761\" aria-describedby=\"caption-attachment-10761\" style=\"width: 643px\" class=\"wp-caption aligncenter\"><a href=\"https:\/\/puntocritico.com\/ausajpuntocritico\/wp-content\/uploads\/2018\/04\/HSBC-Herve-Falciani-Cristina-Candel_EDIIMA20150209_0095_31.jpg\" rel=\"lightbox[10544]\"><img loading=\"lazy\" decoding=\"async\" class=\"wp-image-10761 size-full\" src=\"https:\/\/puntocritico.com\/ausajpuntocritico\/wp-content\/uploads\/2018\/04\/HSBC-Herve-Falciani-Cristina-Candel_EDIIMA20150209_0095_31.jpg\" alt=\"\" width=\"643\" height=\"362\" srcset=\"https:\/\/puntocritico.com\/ausajpuntocritico\/wp-content\/uploads\/2018\/04\/HSBC-Herve-Falciani-Cristina-Candel_EDIIMA20150209_0095_31.jpg 643w, https:\/\/puntocritico.com\/ausajpuntocritico\/wp-content\/uploads\/2018\/04\/HSBC-Herve-Falciani-Cristina-Candel_EDIIMA20150209_0095_31-300x169.jpg 300w\" sizes=\"auto, (max-width: 643px) 100vw, 643px\" \/><\/a><figcaption id=\"caption-attachment-10761\" class=\"wp-caption-text\"><span style=\"font-size: 10pt; color: #339966;\"><strong>El exempleado del HSBC Herv\u00e9 Falciani. \/ Cristina Candel<\/strong><\/span><\/figcaption><\/figure>\n<\/div>\n<div>\n<blockquote>\n<p style=\"text-align: justify;\"><span style=\"font-size: 14pt; font-family: arial, helvetica, sans-serif;\">Las autoridades suizas reclaman al experto inform\u00e1tico para que cumpla una condena firme de cinco a\u00f1os de c\u00e1rcel<\/span><\/p>\n<p style=\"text-align: justify;\"><span style=\"font-size: 14pt; font-family: arial, helvetica, sans-serif;\">La Audiencia Nacional rechaz\u00f3 la extradici\u00f3n en 2013 y Falciani fue juzgado y condenado en rebeld\u00eda en el pa\u00eds helv\u00e9tico<\/span><\/p>\n<p style=\"text-align: justify;\"><span style=\"font-size: 14pt; font-family: arial, helvetica, sans-serif;\">Baltasar Garz\u00f3n le asiste como abogado en dependencias policiales , aunque no es definitivo que vaya a hacerse cargo de su defensa<\/span><\/p>\n<\/blockquote>\n<\/div>\n<p id=\"primero\" class=\"txt\" style=\"text-align: justify;\"><span style=\"font-size: 14pt; font-family: arial, helvetica, sans-serif;\">La Polic\u00eda Nacional ha detenido en Madrid este mi\u00e9rcoles para su extradici\u00f3n a Suiza a Herv\u00e9 Falciani, el experto en sistemas de informaci\u00f3n y exempleado de banca al que se le atribuye la difusi\u00f3n de la \u00ablista Falciani\u00bb con nombres de clientes del banco suizo HSBC. Los agentes espa\u00f1oles ejecutan as\u00ed una orden de busca y captura dictada por Suiza en relaci\u00f3n con una condena en firme a cinco a\u00f1os de c\u00e1rcel contra el inform\u00e1tico, han informado a eldiario.es fuentes policiales.\u00a0<\/span><\/p>\n<p class=\"txt\" style=\"text-align: justify;\"><span style=\"font-size: 14pt; font-family: arial, helvetica, sans-serif;\">Han sido agentes de la Comisar\u00eda General de Polic\u00eda Judicial quienes han procedido a su arresto en virtud de la orden de detenci\u00f3n y entrega para su extradici\u00f3n a las autoridades suizas. Esa orden lleg\u00f3 a las autoridades el pasado 19 de marzo, seg\u00fan fuentes del Ministerio del Interior. Desde entonces, los agentes buscaban a Falciani hasta que hoy le han localizado en la Universidad de Comillas.<\/span><\/p>\n<p class=\"txt\" style=\"text-align: justify;\"><span style=\"font-size: 14pt; font-family: arial, helvetica, sans-serif;\">Falciani, que pasar\u00e1 a disposici\u00f3n judicial en la Audiencia Nacional este jueves, ha designado al exjuez Baltasar Garz\u00f3n como abogado, que le est\u00e1 asistiendo en sede judicial. No es definitivo que sea Garz\u00f3n el letrado que vaya a hacerse cargo de su defensa durante el proceso que ahora se abre.<\/span><\/p>\n<p class=\"txt\" style=\"text-align: justify;\"><span style=\"font-size: 14pt; font-family: arial, helvetica, sans-serif;\">Fuentes de la Fiscal\u00eda de la Audiencia Nacional han dicho desconocer el proceso iniciado por Suiza. Advierten de que si la orden se ha cursado por los mismos hechos que la de 2013, que ya fue rechazada, la Fiscal\u00eda se opondr\u00e1 a que Falciani sea entregado a las autoridades suizas. Alegan que ya hay una decisi\u00f3n de la Audiencia Nacional sobre este caso, que sostiene que los hechos no son delito en Espa\u00f1a, por lo que no cabe tomar una decisi\u00f3n distinta sobre una \u00abcosa juzgada\u00bb.<\/span><\/p>\n<p class=\"txt\" style=\"text-align: justify;\"><span style=\"font-size: 14pt; font-family: arial, helvetica, sans-serif;\">El exempleado del HSBC ha sido detenido cuando iba a participar en un acto titulado &#8216;Cuando decir la verdad es un acto heroico&#8217; en la Universidad Pont\u00edfica de Comillas, en el que participaban varios periodistas que participaron en la investigaci\u00f3n de Los Papeles de Panam\u00e1 y representantes de organizaciones sociales .<\/span><\/p>\n<p class=\"mce\" style=\"text-align: justify;\"><span style=\"font-size: 14pt; font-family: arial, helvetica, sans-serif;\">La detenci\u00f3n de Falciani no cuenta, por ahora, con supervisi\u00f3n judicial espa\u00f1ola. La Audiencia Nacional desconoc\u00edan el arresto cuando se ha producido, han informado fuentes del tribunal especial. Fuentes policiales explican que una Orden Internacional de Detenci\u00f3n (OID) puede ser trasladada a trav\u00e9s de Interpol\u00a0desde el pa\u00eds que reclama al resto y que la Polic\u00eda que\u00a0arresta lo comunique a las autoridades judiciales locales una vez realizada la detenci\u00f3n.<\/span><\/p>\n<p class=\"mce\" style=\"text-align: justify;\"><span style=\"font-size: 14pt; font-family: arial, helvetica, sans-serif;\">La Audiencia Nacional ya rechaz\u00f3 en 2013 extraditar a Falciani por los hechos por los que se le han condenado. La informaci\u00f3n facilitada por el experto inform\u00e1tico sirvi\u00f3 para que Hacienda persiguiera a 659 evasores fiscales. Al menos 300 millones de euros fueron regularizados gracias a la informaci\u00f3n facilitada por Falciani.\u00a0<\/span><\/p>\n<p class=\"mce\" style=\"text-align: justify;\"><span style=\"font-size: 14pt; font-family: arial, helvetica, sans-serif;\">Herv\u00e9 Falciani fue arrestado en julio de 2012 en Barcelona, acusado del robo de datos bancarios de\u00a0130.000 cuentas de clientes del banco suizo HSBC. Entreg\u00f3 la lista a las autoridades francesas y a la entonces ministra de Hacienda, Christine Lagarde. A partir de esos datos se elabor\u00f3 la conocida como lista Lagarde de presuntos defraudadores a la que han tenido acceso varios gobiernos europeos.\u00a0<\/span><\/p>\n<p class=\"mce\" style=\"text-align: justify;\"><span style=\"font-size: 14pt; font-family: arial, helvetica, sans-serif;\">Tras detenerle, la Audiencia Nacional le dej\u00f3 en libertad mientras tramitaba su extradici\u00f3n porque Falciani estaba colaborando con las autoridades judiciales de varios estados europeos. En 2013, ese tribunal rechaz\u00f3 la extradici\u00f3n de Falciani a Suiza alegando que no se daba el principio de doble incriminaci\u00f3n, es decir, que los delitos de los que le acusaba Suiza no ten\u00edan reflejo en el C\u00f3digo Penal espa\u00f1ol.<\/span><\/p>\n<p class=\"mce\" style=\"text-align: justify;\"><span style=\"font-size: 14pt; font-family: arial, helvetica, sans-serif;\">Adem\u00e1s, los jueces de la Audiencia Nacional se\u00f1alaron que la informaci\u00f3n que hab\u00eda desvelado el inform\u00e1tico\u00a0\u00abse refiere a actividades sospechosas de ilegalidad, incluso constitutivas de infracciones penales, que de ninguna manera es susceptible de leg\u00edtima protecci\u00f3n\u00bb.<\/span><\/p>\n<p class=\"mce\" style=\"text-align: justify;\"><span style=\"font-size: 14pt; font-family: arial, helvetica, sans-serif;\">En concreto, Suiza acusaba\u00a0a Falciani espionaje financiero, violaci\u00f3n del secreto bancario, violaci\u00f3n del secreto comercial y apropiaci\u00f3n de datos relativos a clientes. La Fiscal\u00eda suiza\u00a0pidi\u00f3\u00a0para \u00e9l un total de seis a\u00f1os de c\u00e1rcel y un tribunal de ese pa\u00eds le acab\u00f3 condenando en 2015 a cinco a\u00f1os de c\u00e1rcel.<\/span><\/p>\n<\/div>\n<p><a href=\"https:\/\/puntocritico.com\/2018\/04\/09\/hoja-del-lunes-lawfare-asi-se-llama-la-corrupcion-judicial-en-el-siglo-xxi-parte-ii\/\"><img loading=\"lazy\" decoding=\"async\" class=\"aligncenter wp-image-9528 size-full\" src=\"https:\/\/puntocritico.com\/ausajpuntocritico\/wp-content\/uploads\/2018\/03\/Mosca_Punto_Cr\u00edtico_40.png\" alt=\"\" width=\"50\" height=\"50\" \/><\/a><\/p>\n<p>&nbsp;<\/p>\n<p>&nbsp;<\/p>\n","protected":false},"excerpt":{"rendered":"<div class=\"mh-excerpt\"><p>[1] Condena a Lula: \u00bfEstado de derecho o \u2018lawfare\u2019? Por ANDY ROBINSON Art\u00edculo publicado el 5 de abril de 2018 en http:\/\/www.lavanguardia.com\/internacional\/20180405\/442206466841\/condena-lula-estado-derecho.html \u00a0 Para lograr el rechazo del habeas corpus a Lula, medios de comunicaci\u00f3n, <a class=\"mh-excerpt-more\" href=\"https:\/\/puntocritico.com\/ausajpuntocritico\/2018\/04\/09\/hoja-del-lunes-lawfare-asi-se-llama-la-corrupcion-judicial-en-el-siglo-xxi-parte-i\/\" title=\"HOJA DEL LUNES: LAWFARE, as\u00ed se llama la Corrupci\u00f3n Judicial en el Siglo XXI (Parte I)\">[&#8230;]<\/a><\/p>\n<\/div>","protected":false},"author":3,"featured_media":10841,"comment_status":"closed","ping_status":"closed","sticky":false,"template":"","format":"standard","meta":{"_acf_changed":false,"_exactmetrics_skip_tracking":false,"_exactmetrics_sitenote_active":false,"_exactmetrics_sitenote_note":"","_exactmetrics_sitenote_category":0,"footnotes":""},"categories":[28],"tags":[],"class_list":{"0":"post-10544","1":"post","2":"type-post","3":"status-publish","4":"format-standard","5":"has-post-thumbnail","7":"category-noticias-de-ayer"},"acf":[],"_links":{"self":[{"href":"https:\/\/puntocritico.com\/ausajpuntocritico\/wp-json\/wp\/v2\/posts\/10544","targetHints":{"allow":["GET"]}}],"collection":[{"href":"https:\/\/puntocritico.com\/ausajpuntocritico\/wp-json\/wp\/v2\/posts"}],"about":[{"href":"https:\/\/puntocritico.com\/ausajpuntocritico\/wp-json\/wp\/v2\/types\/post"}],"author":[{"embeddable":true,"href":"https:\/\/puntocritico.com\/ausajpuntocritico\/wp-json\/wp\/v2\/users\/3"}],"replies":[{"embeddable":true,"href":"https:\/\/puntocritico.com\/ausajpuntocritico\/wp-json\/wp\/v2\/comments?post=10544"}],"version-history":[{"count":0,"href":"https:\/\/puntocritico.com\/ausajpuntocritico\/wp-json\/wp\/v2\/posts\/10544\/revisions"}],"wp:featuredmedia":[{"embeddable":true,"href":"https:\/\/puntocritico.com\/ausajpuntocritico\/wp-json\/wp\/v2\/media\/10841"}],"wp:attachment":[{"href":"https:\/\/puntocritico.com\/ausajpuntocritico\/wp-json\/wp\/v2\/media?parent=10544"}],"wp:term":[{"taxonomy":"category","embeddable":true,"href":"https:\/\/puntocritico.com\/ausajpuntocritico\/wp-json\/wp\/v2\/categories?post=10544"},{"taxonomy":"post_tag","embeddable":true,"href":"https:\/\/puntocritico.com\/ausajpuntocritico\/wp-json\/wp\/v2\/tags?post=10544"}],"curies":[{"name":"wp","href":"https:\/\/api.w.org\/{rel}","templated":true}]}}