{"id":10105,"date":"2018-03-24T00:05:38","date_gmt":"2018-03-23T23:05:38","guid":{"rendered":"http:\/\/puntocritico.com\/?p=10105"},"modified":"2024-09-17T20:08:34","modified_gmt":"2024-09-17T18:08:34","slug":"pasame-con-roger-stone-documental-2017","status":"publish","type":"post","link":"https:\/\/puntocritico.com\/ausajpuntocritico\/2018\/03\/24\/pasame-con-roger-stone-documental-2017\/","title":{"rendered":"\u00abP\u00e1same con Roger Stone\u00bb (documental 2017); el producto se llama Democracia"},"content":{"rendered":"<blockquote>\n<h1 style=\"text-align: left;\"><span style=\"font-size: 18pt;\"><a id=\"referencealc6\"><\/a><a href=\"#referencealc6A\">[1]<\/a>\u00a0Roger Stone<\/span><\/h1>\n<p><span style=\"font-size: 12pt;\">Por Andr\u00e9s L.C.<\/span><\/p>\n<p style=\"font-weight: 400; text-align: justify;\"><span style=\"font-size: 14pt;\">Repase su forma de pensar. Analice su ideolog\u00eda, lo que admira y lo que le indigna. No deje ni un solo rinc\u00f3n sin explorar. H\u00e1galo sin miedo, revise sus afinidades pol\u00edticas, su religi\u00f3n, incluso su deporte y equipos favoritos.<\/span><\/p>\n<p style=\"font-weight: 400; text-align: justify;\"><span style=\"font-size: 14pt;\">Si lo hace en profundidad, ver\u00e1 en todo lo que se supone que hace que usted sea lo que es, un macabro sentido maniqueo de la existencia.<\/span><\/p>\n<p style=\"font-weight: 400; text-align: justify;\"><span style=\"font-size: 14pt;\">Si alguien le preguntara ahora \u00bfC\u00f3mo se definir\u00eda usted? Seguramente empezar\u00eda diciendo su sexo, su edad y su profesi\u00f3n, luego su estado civil, y sus relaciones interpersonales y en \u00faltimo lugar sus aficiones.<\/span><\/p>\n<p style=\"font-weight: 400; text-align: justify;\"><span style=\"font-size: 14pt;\">\u00bfCree usted que es realmente eso lo que le define?<\/span><\/p>\n<p style=\"font-weight: 400; text-align: justify;\"><span style=\"font-size: 14pt;\">Si es as\u00ed, analice c\u00f3mo ha llegado a ser lo que es. \u00bfC\u00f3mo elige usted su forma de pensar? \u00bfLa elige usted?<\/span><\/p>\n<p style=\"font-weight: 400; text-align: justify;\"><span style=\"font-size: 14pt;\">Nuestras vidas transcurren entre actos de fe. Creemos una noticia, admiramos a quien no conocemos, adoramos a quien no sabemos con certeza si existe y, en general, preferimos regir nuestras vidas por lo mucho que podemos creer, en lugar de hacerlo por lo poco que podemos saber.<\/span><\/p>\n<p style=\"font-weight: 400; text-align: justify;\"><span style=\"font-size: 14pt;\">Roger Stone es de esos seres que no se preguntan por qu\u00e9 el viento sopla del Sur, simplemente abren sus velas y ponen la popa al ostro. Nada importa excepto ellos. Utilizan a la gente a su antojo, manipulan, presionan, chantajean y por encima de todo mienten y si una mentira no les sirve, inventan otra aunque contradiga a la anterior.<\/span><\/p>\n<p style=\"font-weight: 400; text-align: justify;\"><span style=\"font-size: 14pt;\">Pero Roger Stone no ser\u00eda nadie si no hubiera detr\u00e1s millones de ciudadanos apoy\u00e1ndole, millones de peones en el tablero en el que Stone juega con blancas y negras a la vez.<\/span><\/p>\n<p style=\"font-weight: 400; text-align: justify;\"><span style=\"font-size: 14pt;\">Si este documental le escandaliza piense a qui\u00e9n conf\u00eda usted la direcci\u00f3n de su pa\u00eds, de su trabajo, de su vida, de su destino.<\/span><\/p>\n<p style=\"font-weight: 400; text-align: justify;\"><span style=\"font-size: 14pt;\">Convendr\u00e1 conmigo en que no hay canalla m\u00e1s canalla que quien se jacta de ser un canalla pero si bien es cierto que el poder dif\u00edcilmente interesa a personas honestas, humildes y honradas, tambi\u00e9n cierto es que, como dec\u00eda Edmund Burke, \u201cLo \u00fanico que necesita el\u00a0mal para\u00a0triunfar es que los\u00a0hombres\u00a0buenos no\u00a0hagan nada\u201d.<\/span><\/p>\n<p style=\"font-weight: 400; text-align: justify;\"><span style=\"font-size: 14pt;\">Ahora vea el documental y preg\u00fantese si el mal est\u00e1 o no triunfando y qu\u00e9 lugar ocupa usted en su triunfo<\/span>.<\/p>\n<\/blockquote>\n<h1 style=\"text-align: center;\">\u00a0<span style=\"color: #008000; font-size: 18pt;\"><strong>***<\/strong><\/span><\/h1>\n<h1 style=\"text-align: center;\"><a id=\"reference1\"><\/a><a href=\"#reference1A\">[2]<\/a>\u00a0\u00abP\u00e1same Con Roger Stone\u00bb (2017)<\/h1>\n<p style=\"text-align: center;\"><span style=\"font-size: 18pt; color: #008000;\">Get Me Roger Stone<\/span><\/p>\n<p style=\"text-align: center;\"><strong><span style=\"color: #008000; font-size: 14pt;\">Documental dirigido por\u00a0Dylan Bank,\u00a0Daniel Dimauro y\u00a0Morgan Pehme<\/span><\/strong><\/p>\n<div class=\"film-description-header\">\n<div class=\"film-button\" title=\"\" data-toggle=\"tooltip\" data-placement=\"bottom\" data-original-title=\"Gusta si disfrutas de esta pel\u00edcula!\">\u00a0<\/div>\n<\/div>\n<div class=\"film-title-en-out\">\u00a0<\/p>\n<div style=\"text-align: center;\"><iframe loading=\"lazy\" src=\"https:\/\/mega.nz\/embed\/CEMjRRqB#k1CygKUGD_LC4INOwts2Cqg1nK4OVz4dbz2NZI6stKI\" width=\"640\" height=\"360\" frameborder=\"0\" allowfullscreen=\"allowfullscreen\"><\/iframe><\/div>\n<\/div>\n<div>\u00a0<\/div>\n<div>\u00a0<\/div>\n<h1><span style=\"font-size: 12pt;\">SUMARIO:<\/span><\/h1>\n<p><a id=\"referencealc6A\"><\/a><a href=\"#referencealc6\">[1] Roger Stone, por Andr\u00e9s L. C.\u00a0<\/a><\/p>\n<p><a id=\"reference1A\"><\/a><a href=\"#reference1\">[2] P\u00e1same con Roger Stone (documental)<\/a><\/p>\n<p><a id=\"reference2A\"><\/a><a href=\"#reference2\">[3] Facebook y Cambridge Analytica nos ofrecen la \u00faltima evoluci\u00f3n de la democracia, por I\u00f1igo S\u00e1enz de Ugarte<\/a><\/p>\n<p><a id=\"reference3A\"><\/a><a href=\"#reference3\">[4]\u00a0Facebook investiga la filtraci\u00f3n masiva de datos de 50 millones de usuarios, por Agencia EFE<\/a><\/p>\n<p><a id=\"reference4A\"><\/a><a href=\"#reference4\">[5]\u00a0Un exdirectivo de Facebook confirma que la apropiaci\u00f3n de datos de los usuarios era algo cotidiano, por Pawl Lewis<\/a><\/p>\n<p><a id=\"reference5A\"><\/a><a href=\"#reference5\">[6]\u00a0 Obama tambi\u00e9n accedi\u00f3 a datos de millones de usuarios en Facebook, por Manuel Erice Oronoz<\/a><\/p>\n<p>&nbsp;<\/p>\n<p style=\"text-align: center;\"><strong><span style=\"font-size: 18pt;\">***<\/span><\/strong><\/p>\n<p>&nbsp;<\/p>\n<p><a href=\"https:\/\/puntocritico.com\/ausajpuntocritico\/wp-content\/uploads\/2018\/03\/roger-stone.jpg\" rel=\"lightbox[10105]\"><img loading=\"lazy\" decoding=\"async\" class=\"aligncenter wp-image-10113 size-mh-magazine-content\" src=\"https:\/\/puntocritico.com\/ausajpuntocritico\/wp-content\/uploads\/2018\/03\/roger-stone-678x381.jpg\" alt=\"\" width=\"678\" height=\"381\" srcset=\"https:\/\/puntocritico.com\/ausajpuntocritico\/wp-content\/uploads\/2018\/03\/roger-stone-678x381.jpg 678w, https:\/\/puntocritico.com\/ausajpuntocritico\/wp-content\/uploads\/2018\/03\/roger-stone-300x169.jpg 300w, https:\/\/puntocritico.com\/ausajpuntocritico\/wp-content\/uploads\/2018\/03\/roger-stone-768x432.jpg 768w, https:\/\/puntocritico.com\/ausajpuntocritico\/wp-content\/uploads\/2018\/03\/roger-stone-1024x576.jpg 1024w, https:\/\/puntocritico.com\/ausajpuntocritico\/wp-content\/uploads\/2018\/03\/roger-stone.jpg 1280w\" sizes=\"auto, (max-width: 678px) 100vw, 678px\" \/><\/a><\/p>\n<h1>\u00a0<\/h1>\n<h1 style=\"text-align: center;\"><a href=\"https:\/\/puntocritico.com\/ausajpuntocritico\/wp-content\/uploads\/2018\/03\/Mosca_Punto_Cr\u00edtico_40.png\" rel=\"lightbox[10105]\"><img loading=\"lazy\" decoding=\"async\" class=\"aligncenter wp-image-9528 size-full\" src=\"https:\/\/puntocritico.com\/ausajpuntocritico\/wp-content\/uploads\/2018\/03\/Mosca_Punto_Cr\u00edtico_40.png\" alt=\"\" width=\"50\" height=\"50\" \/><\/a><\/h1>\n<h1 class=\"entry-title\" style=\"text-align: center;\"><span style=\"color: #008000;\"><a id=\"reference2\"><\/a><a href=\"#reference2A\">[3]<\/a> Facebook y Cambridge Analytica nos ofrecen la \u00faltima evoluci\u00f3n de la democracia<\/span><\/h1>\n<p><span style=\"font-size: 14pt;\">Por I\u00f1igo S\u00e1enz de Ugarte<\/span><\/p>\n<p><span style=\"color: #008000;\">Articulo publicado el 19 de marzo de 2018 en<\/span> <span style=\"text-decoration: underline;\"><a href=\"http:\/\/www.guerraeterna.com\/facebook-y-cambridge-analytica-nos-ofrecen-la-ultima-evolucion-de-la-democracia\/\" target=\"_blank\" rel=\"noopener\">guerraeterna.com\u00a0<\/a><\/span><\/p>\n<p>&nbsp;<\/p>\n<p><a href=\"https:\/\/puntocritico.com\/ausajpuntocritico\/wp-content\/uploads\/2018\/03\/cambridge-e1521417956522.jpg\" rel=\"lightbox[10105]\"><img loading=\"lazy\" decoding=\"async\" class=\"aligncenter wp-image-10086 size-full\" src=\"https:\/\/puntocritico.com\/ausajpuntocritico\/wp-content\/uploads\/2018\/03\/cambridge-e1521417956522.jpg\" alt=\"\" width=\"630\" height=\"382\" srcset=\"https:\/\/puntocritico.com\/ausajpuntocritico\/wp-content\/uploads\/2018\/03\/cambridge-e1521417956522.jpg 630w, https:\/\/puntocritico.com\/ausajpuntocritico\/wp-content\/uploads\/2018\/03\/cambridge-e1521417956522-300x182.jpg 300w\" sizes=\"auto, (max-width: 630px) 100vw, 630px\" \/><\/a><\/p>\n<p style=\"text-align: justify;\"><span style=\"font-size: 14pt;\">\u201cLas empresas que ganan dinero recogiendo y vendiendo registros detallados de la vida privada de las personas eran descritas antes sin m\u00e1s como \u2018empresas de vigilancia\u2019. Su conversi\u00f3n a la definici\u00f3n de \u2018medios sociales\u2019 es el enga\u00f1o m\u00e1s efectivo desde que los ministerios de la Guerra pasaron a llamarse ministerios de Defensa\u201d.<\/span><\/p>\n<p style=\"text-align: justify;\"><span style=\"font-size: 14pt;\">Edward Snowden no pod\u00eda tener m\u00e1s raz\u00f3n\u00a0<a href=\"https:\/\/twitter.com\/Snowden\/status\/975147858096742405\" target=\"_blank\" rel=\"noopener\">al comentar con estas palabras<\/a>\u00a0el esc\u00e1ndalo\u00a0<a href=\"https:\/\/www.eldiario.es\/internacional\/EEUU-Trump-Cambridge-Analytica-Facebook_0_751025307.html\" target=\"_blank\" rel=\"noopener\">conocido este fin de semana<\/a>\u00a0en relaci\u00f3n al uso de los datos personales de decenas de millones de usuarios de Facebook por la empresa Cambridge Analytica, que tuvo un papel clave en la estrategia digital de la campa\u00f1a electoral de Donald Trump. Las redes sociales, y en especial Facebook, se han convertido en un agujero en el que millones de personas vuelcan sus gustos personales (sus \u2018likes\u2019), sus ideas pol\u00edticas y su vida, y toda esa informaci\u00f3n es una materia prima de un inmenso valor para las campa\u00f1as pol\u00edticas, las grandes corporaciones y los servicios de inteligencia.<\/span><\/p>\n<p style=\"text-align: justify;\"><span style=\"font-size: 14pt;\">Como dice Snowden, y han recordado antes muchas otras personas, esa informaci\u00f3n que ofrecemos sirve para vigilarnos. En una dictadura con acceso a los mejores medios tecnol\u00f3gicos, ser\u00eda \u00fatil para encarcelar a los cr\u00edticos con el sistema, y ya hay algunas que compran tecnolog\u00eda a empresas occidentales, o la desarrollan ellos mismo como es el caso de China. En EEUU y Europa, empresas y partidos pol\u00edticos pueden tener acceso a ella si pagan lo suficiente para emplearla en las campa\u00f1as electorales.<\/span><\/p>\n<p style=\"text-align: justify;\"><span style=\"font-size: 14pt;\">Ahora tenemos m\u00e1s claro que lleva muchos a\u00f1os utiliz\u00e1ndose en campa\u00f1as de todo el mundo, pero es\u00a0en estos momentos, gracias al caudal inmenso de informaci\u00f3n que entra y sale de Facebook, cuando sus consecuencias pueden ser m\u00e1s graves.<\/span><\/p>\n<p style=\"text-align: justify;\"><span style=\"font-size: 14pt;\">Lo que en otras circunstancias quiz\u00e1 podr\u00edamos denominar como el uso inteligente y moderno de las nuevas tecnolog\u00edas en las campa\u00f1as pol\u00edticas cobra un aire m\u00e1s siniestro cuando las empresas ni siquiera respetan las leyes. Ese no es el \u00fanico problema, porque en estos casos se suele hablar tambi\u00e9n de las \u201czonas grises\u201d, una forma de describir normas que no sirven en el mundo real para proteger la privacidad de los ciudadanos y que son f\u00e1cilmente superadas por las empresas, los partidos y organismos gubernamentales interesados en lo que dec\u00eda Snowden: vigilar a las personas. Y aun m\u00e1s: cambiar su conducta (en las urnas, en sus decisiones como consumidor) en favor del cliente que paga.<\/span><\/p>\n<p style=\"text-align: justify;\"><span style=\"font-size: 14pt;\">No sabr\u00edamos nada de lo que ocurri\u00f3 con Cambridge Analytica, s\u00f3lo sospechas o indicios s\u00f3lidos, pero no lo suficientes para alertar a todos, si no fuera por la decisi\u00f3n de otro \u2018whistleblower\u2019, otro joven que trabaj\u00f3 dentro de esa maquinaria hasta que decidi\u00f3 contarlo todo. Otro Snowden, otro Manning. Christopher Wylie comparte con el primero un cerebro privilegiado y con el segundo, un pasado personal dif\u00edcil en el que le cost\u00f3 encajar con el resto de la sociedad.<\/span><\/p>\n<p style=\"text-align: justify;\"><span style=\"font-size: 14pt;\">Muchas empresas le habr\u00edan ofrecido cantidades ingentes de dinero para trabajar con ellos. Prefiri\u00f3 renunciar a ese futuro en el que no le iba a faltar dinero y contar lo que sabe, lo que quiere decir que se ha colocado en una situaci\u00f3n que le puede acarrear serios problemas legales.<\/span><\/p>\n<div id=\"twitter-widget-1\" class=\"twitter-video twitter-video-rendered\" style=\"text-align: justify;\" data-tweet-id=\"975083832268460032\">\n<div><span style=\"font-size: 14pt;\"><a href=\"https:\/\/www.nytimes.com\/2018\/03\/17\/us\/politics\/cambridge-analytica-trump-campaign.html\" target=\"_blank\" rel=\"noopener\">Cambridge Analytica se hizo con la informaci\u00f3n<\/a>\u00a0de 50 millones de perfiles de Facebook violando las normas de la compa\u00f1\u00eda y\u00a0<a href=\"https:\/\/www.theguardian.com\/news\/2018\/mar\/17\/cambridge-analytica-facebook-influence-us-election\" target=\"_blank\" rel=\"noopener\">aprovech\u00e1ndose de la pasividad de la empresa<\/a>\u00a0a la hora de proteger los datos de sus usuarios. Su historia\u00a0empieza antes, cuando su principal responsable ejecutivo, Alexander Nix, comenz\u00f3 su actividad de prospecci\u00f3n de datos personales con fines pol\u00edticos en otra empresa, SCL Group, para lo que contrat\u00f3 a Wylie.<\/span><\/div>\n<\/div>\n<p style=\"text-align: justify;\"><span style=\"font-size: 14pt;\">Nix dirig\u00eda la divisi\u00f3n de SCL Elections dedicada a la intervenci\u00f3n en procesos electorales desde hace muchos a\u00f1os, desde los a\u00f1os 90. Entre los clientes de la corporaci\u00f3n estaban el Ministerio brit\u00e1nico de Defensa y el Pent\u00e1gono. Su especialidad eran y son las comunicaciones estrat\u00e9gicas, una forma elegante de describir la capacidad de intervenir en procesos electorales de todo el mundo o en mejorar la implantaci\u00f3n y resultados de una empresa en esos pa\u00edses.<\/span><\/p>\n<p style=\"text-align: justify;\"><span style=\"font-size: 14pt;\"><a href=\"https:\/\/sclgroup.cc\/worldwide\/spain\" target=\"_blank\" rel=\"noopener\">En su web en espa\u00f1ol<\/a>, la empresa describe sus m\u00e9ritos: \u201cNo presuponemos ni dejamos nada al azar, analizamos y dejamos que nuestros an\u00e1lisis de datos nos gu\u00eden para elaborar nuestras estrategias e impulsar el cambio conductual. Dise\u00f1aremos una estrategia robusta y clara para implicar a su p\u00fablico en el lugar correcto y de la manera correcta\u201d.<\/span><\/p>\n<p style=\"text-align: justify;\"><span style=\"font-size: 14pt;\">En su web en ingl\u00e9s,\u00a0<a href=\"https:\/\/sclgroup.cc\/home\" target=\"_blank\" rel=\"noopener\">son algo m\u00e1s precisos:<\/a>\u00a0\u201cDesde hace m\u00e1s de 25 a\u00f1os, hemos realizado programas de cambio de conducta en m\u00e1s de 60 pa\u00edses y hemos sido reconocidos por nuestro trabajo en el cambio en asuntos sociales y de defensa\u201d. Presumen de que gracias a su tecnolog\u00eda que combina miner\u00eda de datos, estad\u00edstica e inteligencia artificial pueden \u201cprever c\u00f3mo se comportar\u00e1 la gente\u201d e \u201cinfluir en los grupos elegidos\u201d.<\/span><\/p>\n<p style=\"text-align: justify;\"><span style=\"font-size: 14pt;\">Su ocupaci\u00f3n tambi\u00e9n podr\u00eda describirse como \u201coperaciones psicol\u00f3gicas\u201d o \u201cguerras psicol\u00f3gicas\u201d en el caso de producirse en un conflicto pol\u00edtico o militar.<\/span><\/p>\n<p style=\"text-align: justify;\"><span style=\"font-size: 14pt;\"><a href=\"https:\/\/www.theguardian.com\/news\/2018\/mar\/17\/data-war-whistleblower-christopher-wylie-faceook-nix-bannon-trump\" target=\"_blank\" rel=\"noopener\">Wylie cuenta a The Guardian<\/a>\u00a0c\u00f3mo cree que Steve Bannon supo de la existencia de SCL. Todo se origin\u00f3 en una conversaci\u00f3n entre un consultor republicano y un experto en ciberguerra de la Fuerza A\u00e9rea de EEUU. Este \u00faltimo le dijo: \u201cOh, deber\u00edas conocer SCL. Hacen ciberguerra para las elecciones\u201d.<\/span><\/p>\n<p style=\"text-align: justify;\"><span style=\"font-size: 14pt;\">Nix y Wylie conocieron en el oto\u00f1o de 2013 a Steve Bannon, y gracias a \u00e9l al multimillonario Robert Mercer, a los que convenci\u00f3 del potencial pol\u00edtico de estas estrategias en una campa\u00f1a electoral. El apoyo de Bannon, entonces el jefe de la web ultraconservadora Breitbart News y despu\u00e9s jefe de la campa\u00f1a de Trump y su principal consejero estrat\u00e9gico en la Casa Blanca hasta su dimisi\u00f3n fue decisivo para que se formara una nueva compa\u00f1\u00eda en EEUU a la que se llam\u00f3 Cambridge Analytica para que pudiera participar en las campa\u00f1as electorales de ese pa\u00eds.<\/span><\/p>\n<p style=\"text-align: justify;\"><span style=\"font-size: 14pt;\">Ten\u00edan ahora todo el dinero que necesitaban, pero se enfrentaban a un problema. La obtenci\u00f3n de datos personales sin violar la ley, a trav\u00e9s de incentivos para que la gente se preste a instalar una aplicaci\u00f3n que registre sus preferencias en las redes sociales, es una actividad muy cara.<\/span><\/p>\n<p style=\"text-align: justify;\"><span style=\"font-size: 14pt;\">Ah\u00ed es donde aparece el motivo por el que la empresa llevaba el nombre de Cambridge. Se aprovech\u00f3 de los trabajos en esa direcci\u00f3n que se estaban realizando en un centro de la Universidad de Cambridge, que hab\u00eda tenido un gran \u00e9xito gracias al trabajo de dos psic\u00f3logos, Michal Kosinski y David Stillwell, dedicados al estudio de la personalidad a trav\u00e9s de apps para Facebook. Una de esas aplicaciones tuvo mucho \u00e9xito y a partir de un test de personalidad recibi\u00f3 el permiso de muchos usuarios para acceder a sus perfiles de Facebook. El objetivo: establecer correlaciones entre las caracter\u00edsticas de esos usuarios y toda una gama de sus preferencias personales.<\/span><\/p>\n<p style=\"text-align: justify;\"><span style=\"font-size: 14pt;\">Ser\u00eda un error pensar que este objetivo parece algo trivial m\u00e1s all\u00e1 del estudio acad\u00e9mico de la psicolog\u00eda. Como cuenta The Guardian, los trabajos de Kosinski y Stillwell recibieron el apoyo de empresas y servicios de inteligencia. Las posibles aplicaciones en el campo de la vigilancia resultaban obvias.<\/span><\/p>\n<p style=\"text-align: justify;\"><span style=\"font-size: 14pt;\">Un profesor de la universidad de Cambridge, Alexander Kogan, fue la pieza que necesitaba Cambridge Analytica para desarrollar todo su potencial al no poder contar con la colaboraci\u00f3n de Kosinski y Stillwell al no fructificar las negociaciones econ\u00f3micas. Desarroll\u00f3 su propia app y comenz\u00f3 a recibir datos que puso en manos de sus nuevos jefes. La justificaci\u00f3n que se dio a Facebook es que se hac\u00eda con fines acad\u00e9micos. Eso es tambi\u00e9n lo que se dijo a los usuarios de la red social que aceptaron instalarse la app thisisyourdigitallife a cambio de una compensaci\u00f3n econ\u00f3mica. Eran centenares de miles de personas, pero la app se dise\u00f1\u00f3 \u2013y ah\u00ed es donde dio el gran salto\u2013 para que recogiera tambi\u00e9n los datos y actividad de sus amigos en Facebook.<\/span><\/p>\n<p style=\"text-align: justify;\"><span style=\"font-size: 14pt;\">Unas 270.000 personas hab\u00edan aceptado formar parte del supuesto experimento acad\u00e9mico. Gracias a las caracter\u00edsticas de esa app, y a la incapacidad de Facebook de proteger la privacidad de sus usuarios, su alcance fue exponencialmente mayor.<\/span><\/p>\n<p style=\"text-align: justify;\"><span style=\"font-size: 14pt;\">Cambridge Analytica recibi\u00f3 informaci\u00f3n sobre 50 millones de perfiles de Facebook. De ellos, 30 millones inclu\u00edan datos personales suficientes como para poder elaborar un completo perfil psicol\u00f3gico de sus usuarios y de sus temas de inter\u00e9s.<\/span><\/p>\n<p style=\"text-align: justify;\"><span style=\"font-size: 14pt;\">\u201cFacebook ten\u00eda que ver lo que estaba ocurriendo\u201d, cuenta Wylie. \u201cSus protocolos de seguridad se activaron porque las apps de Kogan estaban sacando una cantidad enorme de datos, pero aparentemente les dijo que era para uso acad\u00e9mico. Y ellos (Facebook) dijeron, vale\u201d.<\/span><\/p>\n<p style=\"text-align: justify;\"><span style=\"font-size: 14pt;\">A finales de 2015, Facebook fue\u00a0<a href=\"https:\/\/www.theguardian.com\/us-news\/2015\/dec\/11\/senator-ted-cruz-president-campaign-facebook-user-data\" target=\"_blank\" rel=\"noopener\">alertada por una informaci\u00f3n<\/a>\u00a0de The Guardian que contaba que Cambridge Analytica estaba utilizando todo ese material en favor de la campa\u00f1a del republicano Ted Cruz (tras el fin de las primarias, la empresa pas\u00f3 a trabajar para Trump). Se estaban violando las normas sobre privacidad que la compa\u00f1\u00eda dice defender con todo el celo del mundo. \u00bfQu\u00e9 hizo Facebook? Siete meses despu\u00e9s de ese art\u00edculo (y dos a\u00f1os despu\u00e9s de que se empezara a reunir todos esos datos), envi\u00f3 una carta para ordenar que se borrara todo ese material y, seg\u00fan el testimonio de Wylie, nada m\u00e1s.<\/span><\/p>\n<p style=\"text-align: justify;\"><span style=\"font-size: 14pt;\">Su siguiente reacci\u00f3n se produjo el pasado viernes cuando ya sab\u00eda desde hace varios d\u00edas que The Guardian y The New York Times iban a publicar sendos art\u00edculos sobre el esc\u00e1ndalo. Borr\u00f3 la cuenta de Facebook de Cambridge Analytica y las cuentas personales de Wylie y Kogan. 27 meses despu\u00e9s de la primera carta que envi\u00f3. En ese espacio de tiempo,\u00a0la empresa prest\u00f3 una ayuda fundamental a la campa\u00f1a de Trump y la campa\u00f1a del Brexit, y trabaj\u00f3 para numerosas empresas privadas.<\/span><\/p>\n<p style=\"text-align: justify;\"><span style=\"font-size: 14pt;\">Cambridge Analytica trabajaba para todo tipo de clientes. Eran b\u00e1sicamente \u201cmercenarios\u201d, en expresi\u00f3n de Wylie. Se sabe que llegaron a hacer una presentaci\u00f3n para vender sus servicios a la empresa petrolera rusa Lukoil y que llegara a su consejero delegado, Vagit Alekperov, exministro ruso de Petr\u00f3leo y, teniendo en cuenta su cargo en una empresa privada tan importante, persona muy cercana a Putin. Entre el contenido que se mostr\u00f3 a la empresa rusa, est\u00e1 el ejemplo de una campa\u00f1a de rumores que se extendi\u00f3 en las elecciones de Nigeria de 2007 sobre un probable fraude electoral.<\/span><\/p>\n<p style=\"text-align: justify;\"><span style=\"font-size: 14pt;\">No hay pruebas de que llegaran a conseguir un contrato con Lukoil, pero lo que est\u00e1 claro es que Cambridge Analytica ofrec\u00eda esos servicios.<\/span><\/p>\n<p style=\"text-align: justify;\"><span style=\"font-size: 14pt;\">En la pr\u00e1ctica, Facebook se ha convertido en un monopolio cuya materia prima servir\u00e1 para construir todo tipo de operaciones de desinformaci\u00f3n en el mundo, operaciones que s\u00f3lo tienen garant\u00edas de \u00e9xito cuando sus responsables cuentan con un conocimiento muy alto de la sociedad en la que est\u00e1n funcionando. Ser\u00eda de otra manera si Facebook pudiera convencernos de que est\u00e1 en condiciones de proteger la seguridad de los datos que les entregan sus usuarios. Lo ocurrido con Cambridge Analytica lo desmiente.<\/span><\/p>\n<p style=\"text-align: justify;\"><span style=\"font-size: 14pt;\">Hubo un tiempo en que era suficiente con sobornar a un grupo de militares para que montaran un golpe de Estado. En otros casos, tambi\u00e9n tuvieron que pagar una huelga de camioneros o grupos de alborotadores para crear una sensaci\u00f3n de caos en las calles.<\/span><\/p>\n<p style=\"text-align: justify;\"><span style=\"font-size: 14pt;\">Ahora quiz\u00e1 ya no sea necesario llegar a esos niveles de violencia.\u00a0El an\u00e1lisis\u00a0de los datos personales en tiempo real\u00a0es uno de los mecanismos que pueden ofrecer los mismos o similares resultados pol\u00edticos o empresariales bajo la pantalla mucho m\u00e1s pac\u00edfica y en apariencia irreprochable de unas elecciones o una campa\u00f1a pol\u00edtica en favor de determinada idea.<\/span><\/p>\n<p style=\"text-align: justify;\"><span style=\"font-size: 14pt;\">Es la \u00faltima evoluci\u00f3n de la democracia que comienza cuando das a Like en tu p\u00e1gina personal de Facebook. Una empresa como Cambridge Analytica se ocupar\u00e1 del resto. No ser\u00e1 la \u00fanica.<\/span><\/p>\n<p>&nbsp;<\/p>\n<div class=\"article-multimedia-content\" style=\"text-align: center;\"><a href=\"https:\/\/puntocritico.com\/ausajpuntocritico\/wp-content\/uploads\/2018\/03\/Mosca_Punto_Cr\u00edtico_40.png\" rel=\"lightbox[10105]\"><img loading=\"lazy\" decoding=\"async\" class=\"size-full wp-image-9528 aligncenter\" src=\"https:\/\/puntocritico.com\/ausajpuntocritico\/wp-content\/uploads\/2018\/03\/Mosca_Punto_Cr\u00edtico_40.png\" alt=\"\" width=\"50\" height=\"50\" \/><\/a><\/div>\n<div class=\"article-body\">\n<div class=\"relacionadas\">\n<div id=\"m330-329-331\" class=\"related-module box-wborder\">\n<div class=\"modules\">\u00a0<\/div>\n<div>\u00a0<\/div>\n<\/div>\n<\/div>\n<footer>\n<div class=\"article-published-info\">\n<div style=\"text-align: center;\"><span style=\"font-size: 24pt;\"><strong><a id=\"reference3\"><\/a><a href=\"#reference3A\">[4]<\/a> Facebook investiga la filtraci\u00f3n masiva de datos de 50 millones de usuarios<\/strong><\/span><\/p>\n<div class=\"article-header-epigraph\">\n<p style=\"text-align: left;\">AGENCIA EFE<\/p>\n<\/div>\n<\/div>\n<\/div>\n<div class=\"article-published-info\">\n<div><span style=\"color: #008000;\">Articulo publicado el 19 de marzo de 2018 en:<\/span><\/div>\n<\/div>\n<div class=\"article-published-info\">\n<div><a href=\"http:\/\/www.publico.es\/internacional\/eeuu-facebook-investiga-filtracion-masiva-datos-50-millones-usuarios.html\" target=\"_blank\" rel=\"noopener\">http:\/\/www.publico.es\/internacional\/eeuu-facebook-investiga-filtracion-masiva-datos-50-millones-usuarios.html<\/a><\/div>\n<div>\u00a0<\/div>\n<\/div>\n<blockquote>\n<div class=\"article-published-info\"><span style=\"font-size: 14pt;\"><strong><span style=\"color: #008000;\">La filtraci\u00f3n fue provocada por una empresa brit\u00e1nica que trabaj\u00f3 para la campa\u00f1a de Trump en 2016 y la us\u00f3 para construir un programa inform\u00e1tico destinado a predecir las decisiones de los votantes e influir en ellas.<\/span><\/strong><\/span><\/div>\n<\/blockquote>\n<div>\u00a0<\/div>\n<div class=\"article-info\">\n<p id=\"m95-94-96\" class=\"signature\"><a href=\"https:\/\/puntocritico.com\/ausajpuntocritico\/wp-content\/uploads\/2018\/03\/facebook-bandera-eeuu.jpg\" rel=\"lightbox[10105]\"><img loading=\"lazy\" decoding=\"async\" class=\"aligncenter wp-image-10111 size-full\" src=\"https:\/\/puntocritico.com\/ausajpuntocritico\/wp-content\/uploads\/2018\/03\/facebook-bandera-eeuu.jpg\" alt=\"\" width=\"660\" height=\"340\" srcset=\"https:\/\/puntocritico.com\/ausajpuntocritico\/wp-content\/uploads\/2018\/03\/facebook-bandera-eeuu.jpg 660w, https:\/\/puntocritico.com\/ausajpuntocritico\/wp-content\/uploads\/2018\/03\/facebook-bandera-eeuu-300x155.jpg 300w\" sizes=\"auto, (max-width: 660px) 100vw, 660px\" \/><\/a><\/p>\n<\/div>\n<\/footer>\n<div class=\"article-text\">\n<p>&nbsp;<\/p>\n<p id=\"m394-393-395\" style=\"text-align: justify;\"><span style=\"font-size: 14pt;\">Facebook asegur\u00f3 este domingo que est\u00e1 investigando la filtraci\u00f3n de datos provocada por una empresa brit\u00e1nica que trabaj\u00f3<b>\u00a0para la campa\u00f1a de 2016 del presidente estadounidense, Donald Trump<\/b>, y que manipul\u00f3 la informaci\u00f3n de m\u00e1s de 50 millones de usuarios de la red social en Estados Unidos.<\/span><\/p>\n<p id=\"m399-1-400\" style=\"text-align: justify;\"><span style=\"font-size: 14pt;\">La consultora Cambridge Analytica obtuvo en 2014 la informaci\u00f3n de m\u00e1s de 50 millones de usuarios de Facebook en Estados Unidos, y la us\u00f3 para construir un programa inform\u00e1tico\u00a0<b>destinado a predecir las decisiones de los votantes<\/b>\u00a0e influir en ellas, seg\u00fan revelaron este s\u00e1bado los diarios\u00a0<i>The London Observer<\/i>\u00a0y\u00a0<i>The New York Times<\/i>.<\/span><\/p>\n<p id=\"m404-2-405\" style=\"text-align: justify;\"><span style=\"font-size: 14pt;\">\u00abEstamos dirigiendo una revisi\u00f3n integral, interna y externa, para determinar si son ciertas las informaciones de que los datos en cuesti\u00f3n (robados) de Facebook a\u00fan existen\u00bb, dijo en un comunicado Paul Grewal, vicepresidente y miembro del equipo legal de Facebook.<\/span><\/p>\n<p id=\"m409-3-410\" style=\"text-align: justify;\"><span style=\"font-size: 14pt;\">\u00c9sta es\u00a0<b>una de las mayores filtraciones de datos en la historia de Facebook<\/b>, y llev\u00f3 este fin de semana a legisladores brit\u00e1nicos y estadounidenses a pedir explicaciones a Facebook, y a la apertura de una investigaci\u00f3n por parte de la fiscal general del estado de Massachusetts (noreste de EE.UU.), Maura Healey.<\/span><\/p>\n<p id=\"m414-4-415\" style=\"text-align: justify;\"><span style=\"font-size: 14pt;\">Facebook suspendi\u00f3 este viernes de la red social a Cambridge Analitica y su matriz, Strategic Communication Laboratories (SCL), e inform\u00f3 de la filtraci\u00f3n de datos, que descubri\u00f3 por primera vez en 2015. La red social dijo que estaba realizando una\u00a0\u00abrevisi\u00f3n interna y externa exhaustiva\u00bb.\u00a0<\/span><\/p>\n<p id=\"m419-5-420\" style=\"text-align: justify;\"><span style=\"font-size: 14pt;\">Seg\u00fan la red social, Aleksandr Kogan, un profesor de psicolog\u00eda ruso-estadounidense de la Universidad de Cambridge, accedi\u00f3 a los perfiles de millones de usuarios que se descargaron una aplicaci\u00f3n para Facebook, llamada \u00ab<b>thisisyourdigitallife<\/b>\u00bb y que ofrec\u00eda un servicio de predicci\u00f3n de la personalidad.<\/span><\/p>\n<p id=\"m424-6-425\" style=\"text-align: justify;\"><span style=\"font-size: 14pt;\">Despu\u00e9s proporcion\u00f3 m\u00e1s de 50 millones de perfiles a Cambridge Analytica, entre los que 30 millones ten\u00edan suficiente informaci\u00f3n como para explotarlos con fines pol\u00edticos, a pesar de que solo unos 270.000 usuarios hab\u00edan dado su consentimiento para que la aplicaci\u00f3n accediera a su informaci\u00f3n personal, seg\u00fan el\u00a0<i>Times<\/i>.<\/span><\/p>\n<p id=\"m429-7-430\" style=\"text-align: justify;\"><span style=\"font-size: 14pt;\">Al compartir esos datos con la compa\u00f1\u00eda y con uno de sus fundadores, Christopher Wylie, Kogan\u00a0<b>viol\u00f3 las reglas de Facebook<\/b>, por lo que esa red social elimin\u00f3 en 2015 la aplicaci\u00f3n y exigi\u00f3 a todos los implicados que destruyeran los datos recabados.<\/span><\/p>\n<p id=\"m434-8-435\" style=\"text-align: justify;\"><span style=\"font-size: 14pt;\">\u00abHace varios d\u00edas, recibimos informes de que no todos los datos fueron borrados\u00bb, indic\u00f3 Facebook el viernes, y advirti\u00f3 de que estaba dispuesto a ir a los tribunales para resolver el tema.<\/span><\/p>\n<p id=\"m439-9-440\" style=\"text-align: justify;\"><span style=\"font-size: 14pt;\">Mientras, la compa\u00f1\u00eda suspendi\u00f3 de la red social a la firma brit\u00e1nica, a Kogan y a Wylie, quien fue la fuente de los diarios que este s\u00e1bado informaron de la filtraci\u00f3n masiva de\u00a0la filtraci\u00f3n masiva de datos. \u00abMe han suspendido de Facebook. Por avisar a los medios. De algo que ellos ya sab\u00edan en privado desde hace dos a\u00f1os\u00bb, escribi\u00f3 hoy Wylie en su cuenta de Twitter.<\/span><\/p>\n<p id=\"m444-10-445\" style=\"text-align: justify;\"><span style=\"font-size: 14pt;\">Entre los inversores en Cambridge Analytica est\u00e1n el ex estratega jefe de Trump y exjefe de su campa\u00f1a electoral en 2016, Steve Bannon, y un destacado donante republicano, Robert Mercer.<\/span><\/p>\n<p id=\"m449-11-450\" style=\"text-align: justify;\"><span style=\"font-size: 14pt;\">La campa\u00f1a electoral de Trump contrat\u00f3 a Cambridge Analytica en junio de 2016 y pag\u00f3\u00a0<b>m\u00e1s de 6 millones de d\u00f3lares<\/b>, seg\u00fan registros oficiales.<\/span><\/p>\n<p id=\"m454-12-455\" style=\"text-align: justify;\"><span style=\"font-size: 14pt;\">Adem\u00e1s del escrutinio en el Congreso estadounidense y el Parlamento brit\u00e1nico, el caso podr\u00eda generar una multa multimillonaria para Facebook, por su posible violaci\u00f3n de una regulaci\u00f3n de la Comisi\u00f3n Federal de Comercio de EE.UU. (FTC) para proteger la privacidad de los usuarios de redes sociales.<\/span><\/p>\n<p id=\"m459-13-460\" style=\"text-align: justify;\"><span style=\"font-size: 14pt;\">\u00abCreo que la FTC querr\u00e1 investigar esto\u00bb, dijo un exfuncionario de esa agencia federal, David Vladeck, al Washington Post.<\/span><\/p>\n<\/div>\n<\/div>\n<p style=\"text-align: justify;\">\u00a0<\/p>\n<p style=\"text-align: center;\"><a href=\"https:\/\/puntocritico.com\/ausajpuntocritico\/wp-content\/uploads\/2018\/03\/Mosca_Punto_Cr\u00edtico_40.png\" rel=\"lightbox[10105]\"><img loading=\"lazy\" decoding=\"async\" class=\"size-full wp-image-9528 aligncenter\" src=\"https:\/\/puntocritico.com\/ausajpuntocritico\/wp-content\/uploads\/2018\/03\/Mosca_Punto_Cr\u00edtico_40.png\" alt=\"\" width=\"50\" height=\"50\" \/><\/a><\/p>\n<div id=\"breadcrumbs\" class=\"md-breadcrumbs md\">\n<p>&nbsp;<\/p>\n<\/div>\n<h1 class=\"pg-headline\" style=\"text-align: center;\"><a id=\"reference4\"><\/a><a href=\"#reference4A\">[5]<\/a> Un exdirectivo de Facebook confirma que la apropiaci\u00f3n de datos de los usuarios era algo cotidiano<\/h1>\n<div class=\"subtitle bkn mce sk2\">\n<p><span style=\"font-size: 14pt;\">Por Pawl Lewis-San Francisco<\/span><\/p>\n<p>The Guardian<\/p>\n<p><span style=\"color: #008000;\">Articulo publicado el 20 de marzo de 2018 en:\u00a0<\/span><\/p>\n<\/div>\n<section class=\"cp-tools md cf \">\n<div class=\"md-social md cl\"><span style=\"color: #008000;\"><a style=\"color: #008000;\" href=\"https:\/\/www.eldiario.es\/theguardian\/extrabajador-Facebook-apropiacion-privacidad_0_752075627.html\" target=\"_blank\" rel=\"noopener\">https:\/\/www.eldiario.es\/theguardian\/extrabajador-Facebook-apropiacion-privacidad_0_752075627.html<\/a><\/span><\/div>\n<div>\u00a0<\/div>\n<div>Traducido por Luc\u00eda Balducci<\/div>\n<div>\u00a0<\/div>\n<\/section>\n<blockquote>\n<p style=\"text-align: justify;\"><span style=\"font-size: 14pt; color: #008000;\"><strong>Sandy Parakilas asegura que muchas empresas utilizaban estas t\u00e9cnicas, que afectaron probablemente a millones de usuarios, y que Facebook hac\u00eda la vista gorda<\/strong><\/span><\/p>\n<p style=\"text-align: justify;\"><span style=\"font-size: 14pt; color: #008000;\"><strong>Afirma\u00a0que siempre pens\u00f3 que \u00abdeb\u00eda existir alg\u00fan tipo de mercado negro\u00bb de los datos de Facebook que hab\u00edan llegado a los desarrolladores externos<\/strong><\/span><\/p>\n<\/blockquote>\n<p>&nbsp;<\/p>\n<figure id=\"attachment_10110\" aria-describedby=\"caption-attachment-10110\" style=\"width: 643px\" class=\"wp-caption aligncenter\"><a href=\"https:\/\/puntocritico.com\/ausajpuntocritico\/wp-content\/uploads\/2018\/03\/Sandy-Parakilas-Facebook-NBC-Youtube_EDIIMA20180320_0751_19.jpg\" rel=\"lightbox[10105]\"><img loading=\"lazy\" decoding=\"async\" class=\"wp-image-10110 size-full\" src=\"https:\/\/puntocritico.com\/ausajpuntocritico\/wp-content\/uploads\/2018\/03\/Sandy-Parakilas-Facebook-NBC-Youtube_EDIIMA20180320_0751_19.jpg\" alt=\"\" width=\"643\" height=\"362\" srcset=\"https:\/\/puntocritico.com\/ausajpuntocritico\/wp-content\/uploads\/2018\/03\/Sandy-Parakilas-Facebook-NBC-Youtube_EDIIMA20180320_0751_19.jpg 643w, https:\/\/puntocritico.com\/ausajpuntocritico\/wp-content\/uploads\/2018\/03\/Sandy-Parakilas-Facebook-NBC-Youtube_EDIIMA20180320_0751_19-300x169.jpg 300w\" sizes=\"auto, (max-width: 643px) 100vw, 643px\" \/><\/a><figcaption id=\"caption-attachment-10110\" class=\"wp-caption-text\"><span style=\"color: #008000;\">Sandy Parakilas, extrabajador de Facebook durante una entrevista en la NBC \/ Youtube<\/span><\/figcaption><\/figure>\n<p>&nbsp;<\/p>\n<p class=\"mce\" style=\"text-align: justify;\"><span style=\"font-size: 14pt;\">Es probable que la informaci\u00f3n privada de cientos de millones de usuarios de Facebook haya sido recogida por empresas que se aprovecharon igual que la empresa que le pas\u00f3 los datos a Cambridge Analytica, seg\u00fan un nuevo informante.<\/span><\/p>\n<p class=\"mce\" style=\"text-align: justify;\"><span style=\"font-size: 14pt;\">Sandy Parakilas, director de operaciones de plataforma en Facebook\u00a0en 2011 y 2012, era responsable de supervisar que ning\u00fan software de un tercero se apropiara de datos internos. Parakilas dijo a the Guardian que \u00e9l le advirti\u00f3 a los ejecutivos de alto rango de la empresa que los datos estaban muy poco protegidos y que se expon\u00edan a una filtraci\u00f3n enorme.<\/span><\/p>\n<p class=\"mce\" style=\"text-align: justify;\"><span style=\"font-size: 14pt;\">\u00abMe preocupaba que todos los datos que abandonaban los servidores de Facebook para ir a los desarrolladores no se pod\u00edan vigilar, as\u00ed que no ten\u00edamos idea de lo que estaban haciendo los desarrolladores con esos datos\u00bb, afirma.<\/span><\/p>\n<p class=\"mce\" style=\"text-align: justify;\"><span style=\"font-size: 14pt;\">Parakilas se\u00f1al\u00f3 que Facebook ten\u00eda t\u00e9rminos de uso y configuraciones que \u00abla gente no lee o no entiende\u00bb y que la empresa no usaba mecanismos de refuerzo, como auditor\u00edas a los desarrolladores externos, para asegurarse de que los datos no estaban siendo utilizados de forma inapropiada.<\/span><\/p>\n<p class=\"mce\" style=\"text-align: justify;\"><span style=\"font-size: 14pt;\">Su trabajo era investigar filtraciones de datos similares a la que luego se sospech\u00f3 que Global Science Research realiz\u00f3 y que se apropi\u00f3 de decenas de millones de perfiles de Facebook\u00a0cuyos datos entreg\u00f3 a Cambridge Analytica.\u00a0<span class=\"mce\">Parakilas\u00a0<\/span>afirm\u00f3 que las recientes\u00a0revelaciones le hicieron sentirse decepcionado de que sus superiores no\u00a0hubieran prestado atenci\u00f3n a sus advertencias.<\/span><\/p>\n<p class=\"mce\" style=\"text-align: justify;\"><span style=\"font-size: 14pt;\">\u00abHa sido doloroso el ver lo que suced\u00eda\u00bb, dijo. \u00abPorque s\u00e9 que lo podr\u00edan haber evitado\u00bb.<\/span><\/p>\n<p class=\"mce\" style=\"text-align: justify;\"><span style=\"font-size: 14pt;\">Ante la pregunta de qu\u00e9 tipo de control ten\u00eda Facebook sobre los datos que le entregaban a los desarrolladores externos, Parakilas respondi\u00f3: \u00abNinguno. Ninguno en absoluto. Una vez que los datos abandonaban los servidores de Facebook, ya no ten\u00edamos ning\u00fan control y no sab\u00edamos qu\u00e9 pod\u00eda estar sucediendo\u00bb.<\/span><\/p>\n<p class=\"mce\" style=\"text-align: justify;\"><span style=\"font-size: 14pt;\">Parakilas dijo que \u00absiempre pens\u00e9 que deb\u00eda existir alg\u00fan tipo de mercado negro\u00bb de los datos de Facebook que hab\u00edan llegado a los desarrolladores externos. Sin embargo, afirma que cuando dijo a otros ejecutivos que la empresa deber\u00eda \u00absupervisar directamente a los desarrolladores para ver qu\u00e9 est\u00e1n haciendo con los datos\u00bb, lo disuadieron de seguir con esa iniciativa.<\/span><\/p>\n<p class=\"mce\" style=\"text-align: justify;\"><span style=\"font-size: 14pt;\">Parakilas remarca que un ejecutivo de Facebook le aconsej\u00f3 que no investigara mucho qu\u00e9 se estaba haciendo con los datos, y le advirti\u00f3: \u00ab\u00bfRealmente quieres saber lo que puedes encontrar?\u00bb. Parakilas dijo que interpret\u00f3 el comentario como que \u00abFacebook estaba en una posici\u00f3n legal mucho m\u00e1s poderosa si no sab\u00eda que se estaban cometiendo abusos con los datos\u00bb. Y a\u00f1adi\u00f3: \u00abEllos sent\u00edan que era mejor no saber. A m\u00ed eso me pareci\u00f3 totalmente espantoso y escandaloso\u00bb.<\/span><\/p>\n<p class=\"mce\" style=\"text-align: justify;\"><span style=\"font-size: 14pt;\">Parakilas hizo p\u00fablicas sus preocupaciones sobre la privacidad de los datos de Facebook hace cuatro a\u00f1os, pero su experiencia directa supervisando datos que Facebook entrega a terceros ayuda a comprender c\u00f3mo Cambridge Analytica obtuvo los datos que luego utilizaron inapropiadamente.<\/span><\/p>\n<p class=\"mce\" style=\"text-align: justify;\"><span style=\"font-size: 14pt;\">Facebook no respondi\u00f3 las preguntas sobre la informaci\u00f3n que suministr\u00f3 Parakilas, sino que dirigi\u00f3 a the Guardian a un art\u00edculo de blog de noviembre de 2017 en el que la empresa defendi\u00f3 sus pr\u00e1cticas de protecci\u00f3n de datos, que \u00abhab\u00eda mejorado significativamente\u00bb en los \u00faltimos cinco a\u00f1os.<\/span><\/p>\n<p class=\"mce\" style=\"text-align: justify;\"><span style=\"font-size: 14pt;\">\u00abSi bien es justo criticar nuestras pr\u00e1cticas con desarrolladores de hace m\u00e1s de cinco a\u00f1os, no es sensato sugerir que no nos importaba o que no proteg\u00edamos la privacidad de nuestros datos\u00bb, dec\u00eda el comunicado. \u00abLos hechos cuentan una historia muy distinta\u00bb.<\/span><\/p>\n<h3 style=\"text-align: justify;\"><span style=\"font-size: 14pt;\">\u00abLa mayor\u00eda de los usuarios de Facebook\u00bb<\/span><\/h3>\n<p class=\"mce\" style=\"text-align: justify;\"><span style=\"font-size: 14pt;\">Parakilas, de 38 a\u00f1os, que ahora trabaja como jefe de producto en Uber, es especialmente cr\u00edtico con la pol\u00edtica anterior de Facebook que permit\u00eda a los desarrolladores acceder a los datos personales de amigos de personas que utilizaban aplicaciones en la plataforma, sin que esos amigos lo supieran o hubieran dado su consentimiento expreso.<\/span><\/p>\n<p class=\"mce\" style=\"text-align: justify;\"><span style=\"font-size: 14pt;\">Esa herramienta, llamada\u00a0<em class=\"mce\">permiso de los amigos,<\/em>\u00a0era\u00a0muy beneficiosa para desarrolladores de software externos que, desde 2007, ten\u00edan permiso de Facebook para dise\u00f1ar juegos y concursos \u2013como el popular FarmVille\u2013 que se ofrec\u00edan en la plataforma.<\/span><\/p>\n<p class=\"mce\" style=\"text-align: justify;\"><span style=\"font-size: 14pt;\">Este tipo de aplicaciones proliferaron en Facebook en los a\u00f1os previos a la salida a Bolsa\u00a0de la empresa en 2012, una \u00e9poca en que la mayor\u00eda de los usuarios todav\u00eda acced\u00edan a la plataforma desde ordenadores personales en lugar de sus tel\u00e9fonos m\u00f3viles.<\/span><\/p>\n<p class=\"mce\" style=\"text-align: justify;\"><span style=\"font-size: 14pt;\">Facebook se llevaba el 30% de los pagos que recib\u00edan las aplicaciones, pero a su vez daba acceso a los creadores de las aplicaciones a datos de los usuarios de Facebook.<\/span><\/p>\n<p class=\"mce\" style=\"text-align: justify;\"><span style=\"font-size: 14pt;\">Parakilas no sabe cu\u00e1ntas empresas utilizaron los datos de<em class=\"mce\">permiso de los amigos<\/em>\u00a0antes de que se pusiera fin a este tipo de acceso, alrededor de mediados de 2014. Sin embargo, dijo que cree que decenas o cientos de miles de desarrolladores pueden haberlo hecho.<\/span><\/p>\n<p class=\"mce\" style=\"text-align: justify;\"><span style=\"font-size: 14pt;\">Parakilas calcula que los datos de \u00abla mayor\u00eda de los usuarios de Facebook\u00bb pueden haber sido apropiados por desarrolladores de aplicaciones sin que lo supieran. La empresa ahora tiene protocolos m\u00e1s estrictos respecto del acceso de terceros a datos personales.<\/span><\/p>\n<h3 style=\"text-align: justify;\"><span style=\"font-size: 14pt;\">Ninguna auditor\u00eda a los desarrolladores externos<\/span><\/h3>\n<p class=\"mce\" style=\"text-align: justify;\"><span style=\"font-size: 14pt;\">Parakilas afirm\u00f3 que cuando \u00e9l trabajaba en Facebook, la empresa no aprovechaba todos los mecanismos de protecci\u00f3n de datos, como por ejemplo una cl\u00e1usula que permite a la red social realizar auditor\u00edas a los desarrolladores externos que utilicen los datos de forma inapropiada.<\/span><\/p>\n<p class=\"mce\" style=\"text-align: justify;\"><span style=\"font-size: 14pt;\">Dijo que era \u00abmuy raro\u00bb que se iniciaran acciones legales contra desarrolladores deshonestos o que se los echara de Facebook, y a\u00f1adi\u00f3: \u00abMientras yo estaba all\u00ed, no vi que llevaran a cabo ni una auditor\u00eda de los sistemas de los desarrolladores\u00bb.<\/span><\/p>\n<p class=\"mce\" style=\"text-align: justify;\"><span style=\"font-size: 14pt;\">El pasado lunes, Facebook anunci\u00f3 que hab\u00eda contratado a una empresa forense digital para realizar una auditor\u00eda de Cambridge Analytica. La decisi\u00f3n llega m\u00e1s de dos a\u00f1os despu\u00e9s de que Facebook tomara conocimiento de la filtraci\u00f3n de datos.<\/span><\/p>\n<p class=\"mce\" style=\"text-align: justify;\"><span style=\"font-size: 14pt;\">Durante el tiempo en que trabaj\u00f3 en Facebook, Parakilas dijo que la empresa alentaba a m\u00e1s desarrolladores a dise\u00f1ar aplicaciones para la plataforma y \u00abuna de las cosas que m\u00e1s atra\u00eda a los desarrolladores era que les ofrec\u00edan acceso a estos datos.\u00bb<\/span><\/p>\n<p class=\"mce\" style=\"text-align: justify;\"><span style=\"font-size: 14pt;\">Al poco de llegar a las oficinas de la empresa en Silicon Valley, le dijeron que cualquier decisi\u00f3n de prohibir una aplicaci\u00f3n deb\u00eda ser previamente aprobada por el\u00a0consejero delegado\u00a0de la empresa, Mark Zuckerberg, aunque luego esa pol\u00edtica se relaj\u00f3 y se volvi\u00f3 m\u00e1s f\u00e1cil lidiar con los desarrolladores deshonestos.<\/span><\/p>\n<p class=\"mce\" style=\"text-align: justify;\"><span style=\"font-size: 14pt;\">Si bien la pol\u00edtica previa de permitirles a los desarrolladores acceso a los datos de los \u00abamigos\u00bb de los usuarios de Facebook estaba autorizada por la letra peque\u00f1a de los t\u00e9rminos y condiciones de Facebook, y los usuarios pod\u00edan dejar de compartir estos datos si lo eleg\u00edan en su configuraci\u00f3n personal, Parakilas dijo que cree que la pol\u00edtica era problem\u00e1tica.<\/span><\/p>\n<p class=\"mce\" style=\"text-align: justify;\"><span style=\"font-size: 14pt;\">\u00abLa empresa comprend\u00eda bien que esto representaba un riesgo\u00bb, se\u00f1al\u00f3. \u00abFacebook estaba dando datos de gente que no hab\u00edan dado acceso a las aplicaciones y confiaba en t\u00e9rminos de servicio y configuraciones que la gente no lee o no comprende\u00bb.<\/span><\/p>\n<p class=\"mce\" style=\"text-align: justify;\"><span style=\"font-size: 14pt;\">\u00c9sta fue la herramienta de la que se aprovech\u00f3 Global Science Research al suministrar los datos a Cambridge Analytica en 2014. GSR estaba dirigida por el psic\u00f3logo de la Universidad de Cambridge Aleksandr Kogan, que dise\u00f1\u00f3 una aplicaci\u00f3n que era una prueba de personalidad para usuarios de Facebook.<\/span><\/p>\n<h3 style=\"text-align: justify;\"><span style=\"font-size: 14pt;\">Un app de personalidad que robaba datos<\/span><\/h3>\n<p class=\"mce\" style=\"text-align: justify;\"><span style=\"font-size: 14pt;\">La prueba autom\u00e1ticamente se bajaba los datos de los amigos de las personas que aceptaban hacerse la prueba, supuestamente para fines acad\u00e9micos. Cambridge Analytica asegura que no sab\u00eda que los datos se hab\u00edan obtenido de forma inapropiada y Kogan insiste en que no hizo nada ilegal y que ten\u00eda una \u00abrelaci\u00f3n cercana de trabajo\u00bb con Facebook.<\/span><\/p>\n<p class=\"mce\" style=\"text-align: justify;\"><span style=\"font-size: 14pt;\">Si bien la aplicaci\u00f3n de Kogan solo atrajo a 270.000 usuarios (de los cuales la mayor\u00eda pag\u00f3 para hacerse la prueba), la empresa pudo aprovecharse de la herramienta\u00a0<em class=\"mce\">permiso de los amigos<\/em>\u00a0para obtener los datos personales de m\u00e1s de 50 millones de usuarios de Facebook.<\/span><\/p>\n<p class=\"mce\" style=\"text-align: justify;\"><span style=\"font-size: 14pt;\">\u00abLa aplicaci\u00f3n de Kogan fue una de las \u00faltimas en tener acceso al\u00a0<em class=\"mce\">permiso de los amigos\u00bb,<\/em>\u00a0aclara Parakilas, a\u00f1adiendo que muchas otras aplicaciones similares obtuvieron cantidades similares de datos durante a\u00f1os y con fines comerciales. Un estudio acad\u00e9mico de 2010, basado en el an\u00e1lisis de 1.800 aplicaciones de Facebook, concluy\u00f3 que alrededor del 11% de los desarrolladores externos se apropiaban de datos de los amigos de los usuarios.<\/span><\/p>\n<p class=\"mce\" style=\"text-align: justify;\"><span style=\"font-size: 14pt;\">Si se extrapolan esas cifras, significa que decenas de miles de aplicaciones \u2013si no m\u00e1s\u2013 pueden haber tenido acceso sistem\u00e1tico a \u00abdatos privados y personalmente identificables\u00bb de cientos de millones de usuarios, dijo Parakilas.<\/span><\/p>\n<p class=\"mce\" style=\"text-align: justify;\"><span style=\"font-size: 14pt;\">Tambi\u00e9n a\u00f1adi\u00f3 que era especialmente preocupante la facilidad con que cualquiera con un conocimiento relativamente b\u00e1sico de programaci\u00f3n como para crear aplicaciones pod\u00eda obtener datos con un objetivo particular.<\/span><\/p>\n<p class=\"mce\" style=\"text-align: justify;\"><span style=\"font-size: 14pt;\">Parakilas dijo que no estaba seguro de por qu\u00e9 Facebook dej\u00f3 de dar acceso a los desarrolladores a los datos de amigos alrededor de mediados de 2014, unos dos a\u00f1os despu\u00e9s de que \u00e9l dej\u00f3 la empresa. Sin embargo, dijo que cree que una raz\u00f3n puede haber sido que los ejecutivos de Facebook se\u00a0dieron cuenta de que las aplicaciones m\u00e1s grandes se estaban llevando un tesoro enorme de datos muy valiosos.<\/span><\/p>\n<p class=\"mce\" style=\"text-align: justify;\"><span style=\"font-size: 14pt;\">Record\u00f3 conversaciones con ejecutivos que estaban nerviosos por el valor comercial de los datos que se entregaban a otras empresas.<\/span><\/p>\n<p class=\"mce\" style=\"text-align: justify;\"><span style=\"font-size: 14pt;\">\u00abEstaban preocupados al ver que los grandes desarrolladores de aplicaciones estaban construyendo sus propios gr\u00e1ficos sociales, o sea que pod\u00edan establecer las conexiones entre las personas\u00bb, dijo. \u00abLes preocupaba que fueran a dise\u00f1ar sus propias redes sociales\u00bb.<\/span><\/p>\n<h3 style=\"text-align: justify;\"><span style=\"font-size: 14pt;\">\u00abLo trataron como un ejercicio de relaciones p\u00fablicas\u00bb<\/span><\/h3>\n<p class=\"mce\" style=\"text-align: justify;\"><span style=\"font-size: 14pt;\">Parakilas dijo que hizo presi\u00f3n dentro de la empresa para que Facebook \u00abfuera m\u00e1s riguroso\u00bb y reforzara la protecci\u00f3n de datos, pero que no tuvo mucho apoyo. Sus advertencias incluyeron una presentaci\u00f3n en PowerPoint a mediados de 2012 en la que les mostr\u00f3 a los ejecutivos de alto rango \u00abun mapa de la vulnerabilidad de los datos dentro de la plataforma de Facebook.\u00bb<\/span><\/p>\n<p class=\"mce\" style=\"text-align: justify;\"><span style=\"font-size: 14pt;\">\u00abInclu\u00ed medidas de protecci\u00f3n que quer\u00edamos poner en pr\u00e1ctica, los sitios que estaban m\u00e1s expuestos y los tipos de actores deshonestos que pod\u00edan hacer un uso malicioso de los datos\u00bb, explic\u00f3. \u00abEn la lista de actores deshonestos inclu\u00ed a pa\u00edses extranjeros y comerciantes de datos\u00bb.<\/span><\/p>\n<p class=\"mce\" style=\"text-align: justify;\"><span style=\"font-size: 14pt;\">Frustrado por la falta de acci\u00f3n, Parakilas se fue de Facebook a fines de 2012. \u00abSent\u00ed que a la empresa no le importaban mis preocupaciones. Durante a\u00f1os cerr\u00e9 la boca por cuidar mis intereses, para ser franco\u00bb.<\/span><\/p>\n<p class=\"mce\" style=\"text-align: justify;\"><span style=\"font-size: 14pt;\">Parakilas dice que eso cambi\u00f3 cuando escuch\u00f3 el testimonio que dieron los abogados de Facebook a los investigadores del Senado y la C\u00e1mara Baja, a fines de 2017, sobre los intentos de Rusia de interferir en las elecciones generales. \u00abLo trataron como un ejercicio de\u00a0relaciones p\u00fablicas\u00bb, dijo. \u00abParec\u00eda que lo \u00fanico que les importaba era\u00a0limitar\u00a0cualquier responsabilidad y no exponer a la empresa, en lugar de ayudar a su pa\u00eds a resolver una cuesti\u00f3n de seguridad nacional\u00bb.<\/span><\/p>\n<p class=\"mce\" style=\"text-align: justify;\"><span style=\"font-size: 14pt;\">Fue en ese momento que Parakilas decidi\u00f3 hablar p\u00fablicamente de sus preocupaciones y escribi\u00f3 un art\u00edculo para el\u00a0<em class=\"mce\">New York Times<\/em>\u00a0en el que dec\u00eda que no se pod\u00eda confiar en que Facebook se regulase a s\u00ed misma. Desde entonces, Parakilas se ha convertido en asesor del Centro para una Tecnolog\u00eda Humanitaria, una organizaci\u00f3n liderada por Tristan Harris, un exempleado de Google que se convirti\u00f3 en filtrador de datos de la industria.<\/span><\/p>\n<p style=\"text-align: center;\"><a href=\"https:\/\/puntocritico.com\/ausajpuntocritico\/wp-content\/uploads\/2018\/03\/Mosca_Punto_Cr\u00edtico_40.png\" rel=\"lightbox[10105]\"><img loading=\"lazy\" decoding=\"async\" class=\"size-full wp-image-9528 aligncenter\" src=\"https:\/\/puntocritico.com\/ausajpuntocritico\/wp-content\/uploads\/2018\/03\/Mosca_Punto_Cr\u00edtico_40.png\" alt=\"\" width=\"50\" height=\"50\" \/><\/a><\/p>\n<p>&nbsp;<\/p>\n<p style=\"text-align: center;\"><strong><span style=\"font-family: 'times new roman', times, serif; font-size: 24pt;\"><a id=\"reference5\"><\/a><a href=\"#reference5A\">[6]<\/a> <span style=\"font-family: georgia, palatino, serif;\">Obama tambi\u00e9n accedi\u00f3 a datos de millones de usuarios en Facebook<\/span><\/span><\/strong><\/p>\n<p>&nbsp;<\/p>\n<p style=\"text-align: left;\"><span style=\"font-family: 'times new roman', times, serif; font-size: 14pt;\">Por Manuel Erice Oronoz<\/span><\/p>\n<p>Corresponsal en Washington de ABC<\/p>\n<p><span style=\"color: #008000;\">Articulo publicado el d\u00eda 23 de marzo de 2018 en:<\/span>\u00a0<\/p>\n<p style=\"text-align: justify;\"><a href=\"http:\/\/www.abc.es\/internacional\/abci-obama-tambien-accedio-datos-millones-usuarios-facebook-201803230249_noticia.html\" target=\"_blank\" rel=\"noopener\"><span style=\"color: #008000;\">http:\/\/www.abc.es\/internacional\/abci-obama-tambien-accedio-datos-millones-usuarios-facebook-201803230249_noticia.html<\/span><\/a><\/p>\n<p>&nbsp;<\/p>\n<blockquote>\n<h2 class=\"subtitulo\"><span style=\"font-size: 14pt; color: #008000;\">Su equipo us\u00f3 la t\u00e9cnica de Cambridge Analytica, que entonces la compa\u00f1\u00eda permiti\u00f3<\/span><\/h2>\n<\/blockquote>\n<p>&nbsp;<\/p>\n<figure id=\"attachment_10140\" aria-describedby=\"caption-attachment-10140\" style=\"width: 678px\" class=\"wp-caption aligncenter\"><a href=\"https:\/\/puntocritico.com\/ausajpuntocritico\/wp-content\/uploads\/2018\/03\/obama-2018-k8hG-1240x698@abc.jpg\" rel=\"lightbox[10105]\"><img loading=\"lazy\" decoding=\"async\" class=\"wp-image-10140 size-mh-magazine-content\" src=\"https:\/\/puntocritico.com\/ausajpuntocritico\/wp-content\/uploads\/2018\/03\/obama-2018-k8hG-1240x698@abc-678x381.jpg\" alt=\"\" width=\"678\" height=\"381\" \/><\/a><figcaption id=\"caption-attachment-10140\" class=\"wp-caption-text\"><span style=\"color: #008000;\">Barack Obama se encuentra esta semana de viaje en Nueva Zelanda &#8211; AFP<\/span><\/figcaption><\/figure>\n<p>&nbsp;<\/p>\n<p style=\"text-align: justify;\"><span style=\"font-size: 14pt;\">El eco del esc\u00e1ndalo de la\u00a0<a href=\"http:\/\/www.abc.es\/tecnologia\/redes\/abci-dudas-zuckerberg-no-aclaro-sobre-caso-cambridge-analytica-201803221852_noticia.html\" target=\"_blank\" rel=\"noopener\">fuga de datos en Facebook\u00a0<\/a>ha dado paso a dos realidades que no reducen, pero s\u00ed atemperan su impacto: que\u00a0<a href=\"http:\/\/www.abc.es\/internacional\/abci-conexion-populista-desemboco-cambridge-analytica-201803220231_noticia.html\" target=\"_blank\" rel=\"noopener\">Cambridge Analytica<\/a>\u00a0no invent\u00f3 la t\u00e9cnica que le permiti\u00f3 acceder a datos personales de cincuenta millones de usuarios de la red social y que fue el equipo de campa\u00f1a del anterior presidente, Barack Obama, el pionero en trasladar una operaci\u00f3n de semejante calado al terreno electoral. La misma\u00a0<strong>habilidad tecnol\u00f3gica que en 2012 fue recibida con admiraci\u00f3n<\/strong>\u00a0como una innovadora forma de conquistar a los votantes, en 2018, con Trump como beneficiario, ha provocado una reacci\u00f3n transatl\u00e1ntica de petici\u00f3n de cuentas a la gigante propiedad de\u00a0<a href=\"http:\/\/www.abc.es\/tecnologia\/redes\/abci-zuckerberg-esta-dispuesto-comparecer-ante-congreso-eeuu-filtracion-datos-201803221331_noticia.html\" target=\"_blank\" rel=\"noopener\">Mark Zuckerberg<\/a>, llamado a dar explicaciones en Londres y en Washington. La Administraci\u00f3n y el Congreso, que han abierto investigaciones para determinar el alcance de la fuga de datos, escuchar\u00e1n tambi\u00e9n a los integrantes de Cambridge Analytica.<\/span><\/p>\n<p style=\"text-align: justify;\"><span style=\"font-size: 14pt;\">Claro que la firma tecnol\u00f3gica que ahora est\u00e1 bajo sospecha, cuyos datos de la red social termin\u00f3 utilizando el equipo de Trump, llev\u00f3 a cabo el trabajo, aparentemente, salt\u00e1ndose las normas. Mediante la contrataci\u00f3n del\u00a0<strong>profesor Aleksander Kogan<\/strong>, nacido en Rusia pero nacionalizado estadounidense, Cambridge Analytica hab\u00eda llegado a un acuerdo con Facebook para integrar una app con un test psicol\u00f3gico. Los usuarios podr\u00edan registrarse desde la red social. El compromiso de GSR, la empresa de Kogan, era que todos los datos se utilizar\u00edan \u00abpara fines acad\u00e9micos\u00bb. En agosto de 2016, precisamente el mes en que<strong>Steve Bannon<\/strong>, cofundador y vicepresidente de la controvertida firma, es contratado por Trump para dirigir su campa\u00f1a presidencial, se produjo el primer contacto de<strong>\u00a0Facebook para pedir explicaciones a Cambridge Analytica\u00a0<\/strong>por haberse hecho, inapropiadamente, con datos de cincuenta millones de usuarios. La compa\u00f1\u00eda tecnol\u00f3gica ha asegurado que la consultora se comprometi\u00f3 a destruir todo el c\u00famulo de datos generado y que creyeron su versi\u00f3n. El pasado viernes, d\u00eda en que estall\u00f3 el esc\u00e1ndalo, ante la constataci\u00f3n de que segu\u00eda sin ser destruido, Facebook anunci\u00f3 que romp\u00eda su relaci\u00f3n contractual con la empresa. El propio Zuckerberg ha anunciado una\u00a0<strong>auditor\u00eda<\/strong>\u00a0para confirmar con exactitud en qu\u00e9 medida la sociedad contratada incumpli\u00f3 sus obligaciones.<\/span><\/p>\n<h3 class=\"ladillo\" style=\"text-align: justify;\"><span style=\"font-size: 14pt;\">Autorregulaci\u00f3n m\u00e1s laxa<\/span><\/h3>\n<p style=\"text-align: justify;\"><span style=\"font-size: 14pt;\">A diferencia de la irregular operaci\u00f3n llevada a cabo por Cambridge Analytica para ayudar a la victoria de Trump, el equipo de\u00a0<strong>Obama accedi\u00f3 en la campa\u00f1a de 2012 a los datos de millones de usuarios<\/strong>\u00a0sin acuerdo previo con Facebook. Entonces, la red social manten\u00eda una autorregulaci\u00f3n mucho m\u00e1s laxa, que endurecer\u00eda en 2015, despu\u00e9s de que las diferentes campa\u00f1as electorales hubieran convertido el acceso de las empresas de servicios digitales y de los propios equipos de candidatos en una suerte de barra libre. Una forma de levantar una valla frente a la invasi\u00f3n permanente de los desarrolladores inform\u00e1ticos.<\/span><\/p>\n<aside class=\"roba-intercalado sin-fondo layer_inpage\">\n<div id=\"google_ads_iframe_\/4900\/vocento.abc\/internacional_5__container__\" style=\"text-align: justify;\"><span style=\"font-size: 14pt;\">Los expertos asesores de Obama, que utilizaron la misma t\u00e9cnica para el acceso a datos en la red social y la conformaci\u00f3n de un mapa de potenciales votantes, mediante los llamados\u00a0<strong>programas API que utilizan los expertos tecnol\u00f3gicos<\/strong>, tambi\u00e9n accedieron a millones de usuarios estadounidenses y sus amigos. Asimimo, profundizaron en la comprensi\u00f3n de las relaciones de la gente y sus preferencias. Un m\u00e9todo de b\u00fasqueda de votantes que obtuvo \u00abla mayor y m\u00e1s poderosa recolecci\u00f3n de datos que se haya producido en la historia de los procesos electorales\u00bb, seg\u00fan lo defini\u00f3 el diario \u00abThe Guardian\u00bb, el 17 de febrero de 2012. Aunque los asesores de Obama no incumplieron ning\u00fan acuerdo con Facebook, s\u00ed s<strong>e aprovecharon de las normas de la red social.<\/strong>\u00a0En un reconocimiento de que pisaban terreno vedado cuando pusieron en marcha la operaci\u00f3n digital, Carol Davidsen, quien fuera entonces miembro del equipo electoral de Obama, reconoci\u00f3 en Twitter el domingo: \u00abFacebook estaba sorprendida de que fu\u00e9ramos capaces de extraer un completo gr\u00e1fico social, pero no hicieron nada para detenernos cuando se dieron cuando de lo que hac\u00edamos\u00bb. Una\u00a0<strong>permisividad\u00a0<\/strong>que tiene que ver mucho con la cercan\u00eda ideol\u00f3gica de Zuckerberg al mundo liberal (dem\u00f3crata), que el fundador de Facebook se plantea consolidar como\u00a0<strong>aspirante a la presidencia en 2020.<\/strong><\/span><\/div>\n<\/aside>\n<div>\u00a0<\/div>\n<div style=\"text-align: center;\"><a href=\"https:\/\/puntocritico.com\/ausajpuntocritico\/wp-content\/uploads\/2018\/03\/Mosca_Punto_Cr\u00edtico_40.png\" rel=\"lightbox[10105]\"><img loading=\"lazy\" decoding=\"async\" class=\"size-full wp-image-9528 aligncenter\" src=\"https:\/\/puntocritico.com\/ausajpuntocritico\/wp-content\/uploads\/2018\/03\/Mosca_Punto_Cr\u00edtico_40.png\" alt=\"\" width=\"50\" height=\"50\" \/><\/a><\/div>\n<p>&nbsp;<\/p>\n<p class=\"mce\" style=\"text-align: justify;\"><a href=\"https:\/\/puntocritico.com\/ausajpuntocritico\/wp-content\/uploads\/2018\/03\/stone-lema.jpg\" rel=\"lightbox[10105]\"><img loading=\"lazy\" decoding=\"async\" class=\"aligncenter wp-image-10116 size-mh-magazine-content\" src=\"https:\/\/puntocritico.com\/ausajpuntocritico\/wp-content\/uploads\/2018\/03\/stone-lema-678x381.jpg\" alt=\"\" width=\"678\" height=\"381\" srcset=\"https:\/\/puntocritico.com\/ausajpuntocritico\/wp-content\/uploads\/2018\/03\/stone-lema-678x381.jpg 678w, https:\/\/puntocritico.com\/ausajpuntocritico\/wp-content\/uploads\/2018\/03\/stone-lema-300x169.jpg 300w, https:\/\/puntocritico.com\/ausajpuntocritico\/wp-content\/uploads\/2018\/03\/stone-lema-768x432.jpg 768w, https:\/\/puntocritico.com\/ausajpuntocritico\/wp-content\/uploads\/2018\/03\/stone-lema-1024x576.jpg 1024w, https:\/\/puntocritico.com\/ausajpuntocritico\/wp-content\/uploads\/2018\/03\/stone-lema.jpg 1280w\" sizes=\"auto, (max-width: 678px) 100vw, 678px\" \/><\/a><\/p>\n<p>&nbsp;<\/p>\n<p>&nbsp;<\/p>\n<p>&nbsp;<\/p>\n","protected":false},"excerpt":{"rendered":"<div class=\"mh-excerpt\"><p>[1]\u00a0Roger Stone Por Andr\u00e9s L.C. Repase su forma de pensar. Analice su ideolog\u00eda, lo que admira y lo que le indigna. No deje ni un solo rinc\u00f3n sin explorar. H\u00e1galo sin miedo, revise sus afinidades <a class=\"mh-excerpt-more\" href=\"https:\/\/puntocritico.com\/ausajpuntocritico\/2018\/03\/24\/pasame-con-roger-stone-documental-2017\/\" title=\"\u00abP\u00e1same con Roger Stone\u00bb (documental 2017); el producto se llama Democracia\">[&#8230;]<\/a><\/p>\n<\/div>","protected":false},"author":3,"featured_media":10112,"comment_status":"open","ping_status":"closed","sticky":false,"template":"","format":"standard","meta":{"_acf_changed":false,"_exactmetrics_skip_tracking":false,"_exactmetrics_sitenote_active":false,"_exactmetrics_sitenote_note":"","_exactmetrics_sitenote_category":0,"footnotes":""},"categories":[10],"tags":[],"class_list":{"0":"post-10105","1":"post","2":"type-post","3":"status-publish","4":"format-standard","5":"has-post-thumbnail","7":"category-miscelanea"},"acf":[],"_links":{"self":[{"href":"https:\/\/puntocritico.com\/ausajpuntocritico\/wp-json\/wp\/v2\/posts\/10105","targetHints":{"allow":["GET"]}}],"collection":[{"href":"https:\/\/puntocritico.com\/ausajpuntocritico\/wp-json\/wp\/v2\/posts"}],"about":[{"href":"https:\/\/puntocritico.com\/ausajpuntocritico\/wp-json\/wp\/v2\/types\/post"}],"author":[{"embeddable":true,"href":"https:\/\/puntocritico.com\/ausajpuntocritico\/wp-json\/wp\/v2\/users\/3"}],"replies":[{"embeddable":true,"href":"https:\/\/puntocritico.com\/ausajpuntocritico\/wp-json\/wp\/v2\/comments?post=10105"}],"version-history":[{"count":0,"href":"https:\/\/puntocritico.com\/ausajpuntocritico\/wp-json\/wp\/v2\/posts\/10105\/revisions"}],"wp:featuredmedia":[{"embeddable":true,"href":"https:\/\/puntocritico.com\/ausajpuntocritico\/wp-json\/wp\/v2\/media\/10112"}],"wp:attachment":[{"href":"https:\/\/puntocritico.com\/ausajpuntocritico\/wp-json\/wp\/v2\/media?parent=10105"}],"wp:term":[{"taxonomy":"category","embeddable":true,"href":"https:\/\/puntocritico.com\/ausajpuntocritico\/wp-json\/wp\/v2\/categories?post=10105"},{"taxonomy":"post_tag","embeddable":true,"href":"https:\/\/puntocritico.com\/ausajpuntocritico\/wp-json\/wp\/v2\/tags?post=10105"}],"curies":[{"name":"wp","href":"https:\/\/api.w.org\/{rel}","templated":true}]}}