{"id":10083,"date":"2018-03-26T01:00:32","date_gmt":"2018-03-26T00:00:32","guid":{"rendered":"http:\/\/puntocritico.com\/?p=10083"},"modified":"2024-11-28T14:04:14","modified_gmt":"2024-11-28T13:04:14","slug":"hoja-del-lunes-el-estado-de-derecho-a-prision","status":"publish","type":"post","link":"https:\/\/puntocritico.com\/ausajpuntocritico\/2018\/03\/26\/hoja-del-lunes-el-estado-de-derecho-a-prision\/","title":{"rendered":"HOJA DEL LUNES: el Estado de Derecho a prisi\u00f3n"},"content":{"rendered":"<blockquote>\n<p style=\"text-align: left;\"><span style=\"color: #008000;\"><strong><span style=\"font-size: 18pt; text-align: left;\"><a id=\"ref1\"><\/a><a href=\"#ref1a\">[1]<\/a> Un estado de excepci\u00f3n a la vieja usanza<\/span><\/strong><\/span><\/p>\n<p><span style=\"font-size: 14pt;\">Por Javier P\u00e9rez Royo<\/span><\/p>\n<p><span style=\"color: #008000;\">Articulo publicado el 24 de marzo de 2018 en:\u00a0<\/span><\/p>\n<p><a href=\"https:\/\/www.eldiario.es\/zonacritica\/excepcion-vieja-usanza_6_753534644.html\" target=\"_blank\" rel=\"noopener\">https:\/\/www.eldiario.es\/zonacritica\/excepcion-vieja-usanza_6_753534644.html<\/a><\/p>\n<p style=\"text-align: justify;\"><span style=\"font-size: 14pt; color: #008000;\"><strong>El 155 no est\u00e1 en la Constituci\u00f3n para perseguir penalmente a los adversarios pol\u00edticos ni para\u00a0convertir el \u201cestado de excepci\u00f3n auton\u00f3mico\u201d en un \u201cestado de excepci\u00f3n\u201d; sin embargo,\u00a0exactamente para eso es para lo que ha servido<\/strong><\/span><\/p>\n<p>&nbsp;<\/p>\n<figure id=\"attachment_10193\" aria-describedby=\"caption-attachment-10193\" style=\"width: 643px\" class=\"wp-caption aligncenter\"><a href=\"https:\/\/puntocritico.com\/ausajpuntocritico\/wp-content\/uploads\/2018\/03\/Gobierno-Mariano-Rajoy-Congreso-EFE_EDIIMA20141231_0260_43.jpg\" rel=\"lightbox[10083]\"><img loading=\"lazy\" decoding=\"async\" class=\"wp-image-10193 size-full\" src=\"https:\/\/puntocritico.com\/ausajpuntocritico\/wp-content\/uploads\/2018\/03\/Gobierno-Mariano-Rajoy-Congreso-EFE_EDIIMA20141231_0260_43.jpg\" alt=\"\" width=\"643\" height=\"362\" srcset=\"https:\/\/puntocritico.com\/ausajpuntocritico\/wp-content\/uploads\/2018\/03\/Gobierno-Mariano-Rajoy-Congreso-EFE_EDIIMA20141231_0260_43.jpg 643w, https:\/\/puntocritico.com\/ausajpuntocritico\/wp-content\/uploads\/2018\/03\/Gobierno-Mariano-Rajoy-Congreso-EFE_EDIIMA20141231_0260_43-300x169.jpg 300w\" sizes=\"auto, (max-width: 643px) 100vw, 643px\" \/><\/a><figcaption id=\"caption-attachment-10193\" class=\"wp-caption-text\"><span style=\"color: #008000;\">El presidente del Gobierno, Mariano Rajoy, en su esca\u00f1o del Congreso. \/ EFE<\/span><\/figcaption><\/figure>\n<p class=\"mce\" style=\"text-align: justify;\"><span style=\"font-size: 14pt;\">El 155 CE estaba previsto para reaccionar pol\u00edticamente ante un incumplimiento por parte de una Comunidad Aut\u00f3noma de las obligaciones que le imponen la Constituci\u00f3n o las leyes o ante una actuaci\u00f3n de la misma que atente gravemente contra el inter\u00e9s de Espa\u00f1a. Se trataba de corregir un ejercicio desviado del poder, imponi\u00e9ndole a las autoridades de la comunidad aut\u00f3noma el comportamiento constitucionalmente exigible. El 155 tiene un componente de \u201cestado de excepci\u00f3n\u201d, pero limitado al ejercicio del derecho a la autonom\u00eda y con la finalidad de restaurar el ejercicio de tal derecho de conformidad con la Constituci\u00f3n. No est\u00e1 en la Constituci\u00f3n para perseguir penalmente a los adversarios pol\u00edticos. Es decir, no est\u00e1 en la Constituci\u00f3n para convertir el \u201cestado de excepci\u00f3n auton\u00f3mico\u201d en un \u201cestado de excepci\u00f3n\u201d en el sentido tradicional del t\u00e9rmino, del que en Espa\u00f1a, por desgracia, sabemos mucho.<\/span><\/p>\n<p class=\"mce\" style=\"text-align: justify;\"><span style=\"font-size: 14pt;\">Y, sin embargo, exactamente para eso es para lo que ha servido. Al d\u00eda siguiente de que el Consejo de Ministros decidiera activar las medidas autorizadas por el Senado, el Fiscal General aprovech\u00f3 la ocasi\u00f3n para activar querellas ante la Audiencia Nacional y el Tribunal Supremo contra los miembros del Govern y de la Mesa del Parlament. La sincronizaci\u00f3n entre la acci\u00f3n del Gobierno, de la Fiscal\u00eda, de la Audiencia Nacional y del Tribunal Supremo no pudo ser m\u00e1s perfecta. Y para activarlas mediante la \u201cfabricaci\u00f3n\u201d de una acusaci\u00f3n por un delito inexistente, el delito de rebeli\u00f3n, que m\u00e1s de cien profesores de derecho penal de las Universidades espa\u00f1olas consideran que no ha sido cometido por las personas contra las que la querella se ha dirigido. En el d\u00eda de ayer, 23 de marzo, el juez instructor acaba de dictar un auto de procesamiento, acompa\u00f1ado de la medida cautelar m\u00e1s extrema que puede adoptarse.<\/span><\/p>\n<section id=\"edi-ad-slot-intext\" class=\"md-advertisement md hspace no-adv-socios\" role=\"marquee\" data-google-query-id=\"CJfWkrGUh9oCFRdEGwodNjkIFQ\">\n<div id=\"google_ads_iframe_\/123333327\/eldiario.es\/noticia_intext_0__container__\" style=\"text-align: justify;\"><span style=\"font-size: 14pt; text-align: justify;\">Estamos volviendo a algo que hemos conocido en el pasado: la declaraci\u00f3n del \u201cestado de excepci\u00f3n\u201d para, a continuaci\u00f3n, actuar contra los adversarios, transformados de esta manera en \u201cenemigos\u201d, a los que hay que destruir. La l\u00f3gica que se est\u00e1 siguiendo contra el nacionalismo catal\u00e1n no es una l\u00f3gica propia de la democracia, sino de \u00e9pocas predemocr\u00e1ticas. Los que ya tenemos una edad conocimos esta forma de actuar por parte del Estado. La utilizaci\u00f3n del aparato jur\u00eddico del Estado a trav\u00e9s de la declaraci\u00f3n de un estado de excepci\u00f3n para reprimir penalmente al adversario, convertido de esta manera en enemigo, pol\u00edtico. Esa es la l\u00f3gica del estado de excepci\u00f3n. Al adeversario pol\u00edtco no se le combate pol\u00edticamente, sino que se le persigue penalmente. Es lo que se est\u00e1 haciendo con el nacionalismo catal\u00e1n. No hay que hacer pol\u00edtica. \u00danicamente cabe la represi\u00f3n penal. El 155 pol\u00edtico no fue m\u00e1s que la coartada para el 155 penal. Para el nacionalismo catal\u00e1n s\u00f3lo vale la Constituci\u00f3n Negativa, que es, justamente, en lo que consiste el C\u00f3digo Penal.<\/span><\/div>\n<div>\u00a0<\/div>\n<\/section>\n<p class=\"mce\" style=\"text-align: justify;\"><span style=\"font-size: 14pt;\">\u00bfA qu\u00e9 \u201cnormalidad\u201d se puede volver tras el auto dictado en el d\u00eda de ayer por el juez Pablo Llarena? La vuelta a la normalidad era el objetivo declarado de la aplicaci\u00f3n del art\u00edculo 155 CE. As\u00ed se present\u00f3 p\u00fablicamente la activaci\u00f3n de la coacci\u00f3n federal y en tales t\u00e9rminos fue aceptada por el PSOE. \u00bfQu\u00e9 queda de ese objetivo tras un auto que es el anticipo de una condena? \u00bfO es que la normalidad a la que se pretende volver es la anterior a la entrada en vigor de la Constituci\u00f3n de 1978?<\/span><\/p>\n<p class=\"mce\" style=\"text-align: justify;\"><span style=\"font-size: 14pt;\">De Mariano Rajoy y de su partido, que no est\u00e1 disuelto porque la Fiscal\u00eda General del Estado, que tan diligente es en otros asuntos, no se considera vinculada por la Constituci\u00f3n, que dice textualmente que \u201clas asociaciones que persigan fines o utilicen medios constitutivos de delitos SON ILEGALES\u201d (art. 22.2), no cabe esperar nada. Pero del PSOE s\u00ed cabr\u00eda esperar alg\u00fan tipo de reacci\u00f3n.<\/span><\/p>\n<p class=\"mce\" style=\"text-align: justify;\"><span style=\"font-size: 14pt;\">\u00bfC\u00f3mo piensa Pedro S\u00e1nchez que se puede proceder en este momento a la investidura del President de la Generalitat? \u00bfCu\u00e1ntos parlamentarios van a quedar suspendidos, que no inhabilitados, en los pr\u00f3ximos d\u00edas una vez que sea firme el auto de procesamiento? \u00bfPuede reflejar, tras esas suspensiones la composici\u00f3n del Parlament la voluntad del cuerpo electoral expresada el 21D? \u00bfPuede el nacionalismo tomar alg\u00fan tipo de iniciativa pol\u00edtica con sus m\u00e1ximos dirigentes en prisi\u00f3n y amenazados los dem\u00e1s con esa misma situaci\u00f3n en cuanto se expresen de conformidad con la ideolog\u00eda con la que se presentaron ante los electores? \u00bfSe puede dirigir Catalunya democr\u00e1ticamente sin que los nacionalistas puedan participar en su condici\u00f3n de nacionalistas en la vida pol\u00edtica?<\/span><\/p>\n<p class=\"mce\" style=\"text-align: justify;\"><span style=\"font-size: 14pt;\">Estamos volviendo a una etapa negra de la historia de Espa\u00f1a que pens\u00e1bamos que hab\u00edamos dejado definitivamente atr\u00e1s. A trav\u00e9s de la activaci\u00f3n del art\u00edculo 155 CE el Gobierno de Mariano Rajoy, con el concurso explicable aunque lamentable de Ciudadanos, e inexplicable del PSOE, ha lanzado a la Fiscal\u00eda General, y a trav\u00e9s de ella a la Audiencia Nacional y al Tribunal Supremo a la persecuci\u00f3n penal del nacionalismo, como si fuera un enemigo al que hay que aniquilar.<\/span><\/p>\n<p class=\"mce\" style=\"text-align: justify;\"><span style=\"font-size: 14pt;\">\u00bfEs este el Estado social y democr\u00e1tico de Derecho definido en la Constituci\u00f3n, uno de cuyos objetivos, de acuerdo con el PRE\u00c1MBULO era \u201cproteger a todos los espa\u00f1oles y PUEBLOS de Espa\u00f1a en el ejercicio de los derechos humanos, sus culturas y tradiciones, lenguas e instituciones\u201d?<\/span><\/p>\n<\/blockquote>\n<p style=\"text-align: center;\"><strong><span style=\"font-size: 18pt;\">***<\/span><\/strong><\/p>\n<table>\n<tbody>\n<tr>\n<td style=\"border-color: #000000; background-color: #f7f2f2;\">\n<p class=\"pullquote-cite\"><span style=\"color: #008000; font-size: 18pt;\"><strong><a id=\"ref2\"><\/a><a href=\"#ref2a\">[2]<\/a> Carta de Marta Rovira a la militancia de ERC<\/strong><\/span><\/p>\n<p style=\"text-align: justify;\"><em><span style=\"font-size: 14pt;\">Hoy emprendo un camino duro, un camino que, desgraciadamente, tantos otros que nos preceden han tenido que emprender. El camino del exilio.<\/span><\/em><\/p>\n<p style=\"text-align: justify;\"><em><span style=\"font-size: 14pt;\">No puedo ocultar la profunda tristeza que siento al alejarme de tanta gente que quiero, y que quiero mucho. De tantas luchas compartidas durante tantos a\u00f1os con personas movidas por un \u00fanico objetivo: cambiar la sociedad en la que viven. Hacerla m\u00e1s justa. Personas dignas. Dejar de ver los paisajes que me rodean desde la infancia, de pasear por las ciudades donde he vivido&#8230;<\/span><\/em><\/p>\n<p style=\"text-align: justify;\"><em><span style=\"font-size: 14pt;\">Siento tristeza, pero mucho m\u00e1s triste habr\u00eda sido vivir silenciada interiormente. Sentir mi libertad de expresi\u00f3n censurada por unos tribunales que intimidan y que aplican \u2013descaradamente\u2013 criterios pol\u00edticos. Cada d\u00eda, cada hora sent\u00eda mi libertad limitada por amenazas judiciales arbitrarias. No me sent\u00eda libre. No me reconoc\u00eda. Estas \u00faltimas semanas he vivido dentro de una prisi\u00f3n interna.<\/span><\/em><\/p>\n<p style=\"text-align: justify;\"><em><span style=\"font-size: 14pt;\">El exilio ser\u00e1 un camino duro, pero es la \u00fanica forma que tengo de recuperar mi voz pol\u00edtica. Es la \u00fanica forma que tengo de levantarme en contra del Gobierno del PP, que persigue todo el que est\u00e1 a favor de votar, y que castiga a cualquiera que intenta cambiar lo preestablecido y lo establecido. Un Gobierno que est\u00e1 dispuesto a saltarse el Estado de Derecho y las libertades civiles para conseguir sus fines pol\u00edticos.<\/span><\/em><\/p>\n<p style=\"text-align: justify;\"><em><span style=\"font-size: 14pt;\">Tengo una hija, Agn\u00e8s. Las madres sab\u00e9is c\u00f3mo la quiero. Y c\u00f3mo de fuerte es el sentimiento de darle todo lo que le pueda dar. El exilio me permitir\u00e1 hacerle de madre, y se lo merece. Mucho.<\/span><\/em><\/p>\n<p style=\"text-align: justify;\"><em><span style=\"font-size: 14pt;\">Os quiero decir una \u00faltima cosa. No dej\u00e9is que el rencor se apodere de vosotros. El an\u00e1lisis de una realidad antidemocr\u00e1tica y profundamente injusta no debe dar paso al resentimiento. Contra nadie. Contra nada. S\u00f3lo desde el respeto y del amor hacia todos los ciudadanos y todas las opiniones conseguiremos cambios radicales y profundos. S\u00f3lo desde el trabajo conjunto lograremos una Rep\u00fablica para todos.<\/span><\/em><\/p>\n<p style=\"text-align: justify;\"><em><span style=\"font-size: 14pt;\">Como dice Oriol, \u00aben estos d\u00edas que vendr\u00e1n, manteneros fuertes y unidos. Transformad la indignaci\u00f3n en coraje y perseverancia. La rabia, en amor. Pensad siempre en los dem\u00e1s. En lo que tenemos que rehacer. Persistid porque yo persistir\u00e9. Gracias por todo vuestro apoyo. Os quiero\u00bb. Y eso es lo que haremos, Oriol.<\/span><\/em><\/p>\n<p style=\"text-align: justify;\"><em><span style=\"font-size: 14pt;\">Os escribo, ahora s\u00ed, con sinceridad y libertad. Y es tal como lo podr\u00e9 hacer desde ahora como secretaria general de ERC, un partido que quiero, que ha dado tanto al pa\u00eds y que todav\u00eda tiene que dar mucho m\u00e1s.<\/span><\/em><\/p>\n<p style=\"text-align: justify;\"><em><span style=\"font-size: 14pt;\">Viva la libertad, la justicia, la igualdad y la fraternidad. \u00a1Viva una rep\u00fablica catalana para todos!<\/span><\/em><\/p>\n<\/td>\n<\/tr>\n<\/tbody>\n<\/table>\n<p>&nbsp;<\/p>\n<p style=\"text-align: center;\"><span style=\"font-size: 14pt;\">\u2666<span style=\"color: #008000;\">\u2666<\/span>\u2666\u2666\u2666<span style=\"color: #008000;\">\u2666<\/span>\u2666<\/span><\/p>\n<p>&nbsp;<\/p>\n<p><span style=\"font-size: 14pt;\"><strong>Sumario (S<em>emana del 19 al 25 de marzo de 2018<\/em>):<\/strong><\/span><\/p>\n<p><a id=\"ref1a\"><\/a><a href=\"#ref1\">[1] Un estado de excepci\u00f3n a la vieja usanza, por Javier P\u00e9rez Royo<\/a><\/p>\n<p><a id=\"ref2a\"><\/a><a href=\"#ref2\">[2] Carta de Marta Rovira a la militancia de ERC<\/a><\/p>\n<p class=\"entry-title\"><a id=\"ref3a\"><\/a><a href=\"#ref3\">[3] El imparable avance del nacionalcatolicismo, por Fernando L\u00f3pez Agud\u00edn<\/a><\/p>\n<p class=\"pg-headline\"><a id=\"ref4a\"><\/a><a href=\"#ref4\">[4] El candidato del PP en C\u00f3rdoba advierte que volver\u00e1 a reponer los nombres franquistas de calles, por\u00a0Carmen Reina<\/a><\/p>\n<p class=\"pg-headline\" style=\"text-align: left;\"><a id=\"ref5a\"><\/a><a href=\"#ref5\">[5] Willy Toledo asegura que no comparecer\u00e1 ante el juez por insultar a dios, por\u00a0<small class=\"byline iblk\">EFE<\/small>\u00a0<\/a><\/p>\n<p class=\"pg-headline\"><a id=\"ref6a\"><\/a><a href=\"#ref6\">[6] Manifiesto p\u00fablico en defensa del Instituto Espa\u00f1ol de Oceanograf\u00eda, por eldiario.es<\/a><\/p>\n<p class=\"pg-headline\" style=\"text-align: left;\"><a id=\"ref7a\"><\/a><a href=\"#ref7\">[7] La Xunta prev\u00e9 que el personal m\u00e9dico del centro de menores que privatiza en Ourense pueda trabajar como aut\u00f3nomo, por\u00a0David Lombao<\/a><\/p>\n<p><a id=\"ref8a\"><\/a><a href=\"#ref8\">[8] El PSOE votar\u00e1 en contra de la reforma de la Ley de Amnist\u00eda para no generar \u00abinseguridad jur\u00eddica\u00bb, por P\u00fablico<\/a><\/p>\n<p><a id=\"ref9a\"><\/a><a href=\"#ref9\">[9] El Supremo confirma el desamparo de la \u00faltima v\u00edctima de la Guerra Civil, por Eduardo Bayona<\/a><\/p>\n<p><a id=\"ref10a\"><\/a><a href=\"#ref10\">[10] El Constitucional avalar\u00e1 la financiaci\u00f3n p\u00fablica de los colegios que segregan por sexo, por P\u00fablico<\/a><\/p>\n<p><a id=\"ref11a\"><\/a><a href=\"#ref11\">[11] Franco estar\u00eda orgulloso del Tribunal Constitucional, por David Bollero, por \u201cEldiariocantabria\u201d.<\/a><\/p>\n<p><a id=\"ref12a\"><\/a><a href=\"#ref12\">[12] El portavoz de Ciudadanos en el Parlamento de Cantabria tambi\u00e9n false\u00f3 su curr\u00edculum<\/a><\/p>\n<p><a id=\"ref13a\"><\/a><a href=\"#ref13\">[13] Facebook investiga la filtraci\u00f3n masiva de datos de 50 millones de usuarios, por\u00a0Agencia EFE<\/a><\/p>\n<p><a id=\"ref14a\"><\/a><a href=\"#ref14\">[14] La Fiscal\u00eda insiste en la prisi\u00f3n para S\u00e1nchez pero pide libertad con fianza para Forn por orden del fiscal general, por\u00a0Marcos Pinheiro\u00a0<\/a><\/p>\n<p><a id=\"ref15a\"><\/a><a href=\"#ref15\">[15] El expresidente franc\u00e9s Nicolas Sarkozy, detenido por la supuesta financiaci\u00f3n ilegal de su campa\u00f1a electoral de 2007, por \u00abEldiario.es\u00bb<\/a><\/p>\n<p><a id=\"ref16a\"><\/a><a href=\"#ref16\">[16] El Gobierno adjudic\u00f3 contratos por m\u00e1s de 300 millones con una f\u00f3rmula ilegal que favorec\u00eda el &#8216;dedazo&#8217; a las constructoras, por Antonio M. V\u00e9lez<\/a><\/p>\n<p><a id=\"ref17a\"><\/a><a href=\"#ref17\">[17] El oscuro arte de la publicidad pol\u00edtica en internet ya funciona tan bien que hay motivos para alarmarse,\u00a0 por Julia Carrie Wong<\/a><\/p>\n<p><a id=\"ref18a\"><\/a><a href=\"#ref18\">[18] La marcha a La Haya del juez progresista de G\u00fcrtel deja en el aire su participaci\u00f3n en el juicio de la caja B, por Europa Press<\/a><\/p>\n<p><a id=\"ref19a\"><\/a><a href=\"#ref19\">[19]\u00a0Leonino acuerdo de CCOO y UGT con el gobierno sobre los salarios de los funcionarios<span style=\"font-family: georgia, palatino, serif;\">, por Aday Quesada<\/span><\/a><\/p>\n<p><a id=\"ref20a\"><\/a><a href=\"#ref20\">[20] \u00a1Grandes defraudadores, barra libre! Gobierna el PP, por David Bollero<\/a><\/p>\n<p><a id=\"ref21a\"><\/a><a href=\"#ref21\">[21] El hip\u00f3dromo de la Moncloa, por Juan Carlos Escudier<\/a><\/p>\n<p><a id=\"ref22a\"><\/a><a href=\"#ref22\">[22] Los funcionarios de Justicia convocan movilizaciones y piden equiparaci\u00f3n salarial, por EFE<\/a><\/p>\n<p><a id=\"ref23a\"><\/a><a href=\"#ref23\">[23] El registro de secretar\u00eda confirma que Cifuentes no aprob\u00f3 el m\u00e1ster en 2012, por Raquel Ejerique<\/a><\/p>\n<p><a id=\"ref24a\"><\/a><a href=\"#ref24\">[24] La universidad espa\u00f1ola no funciona as\u00ed, por Anton Losada<\/a><\/p>\n<p><a id=\"ref25a\"><\/a><a href=\"#ref25\">[25]Las mentiras de Cristina Cifuentes sobre su m\u00e1ster en la Universidad Rey Juan Carlos, por Ignacio Escolar<\/a><\/p>\n<p><a id=\"ref26a\"><\/a><a href=\"#ref26\">[26] \u00a1Comparece, Cristina!, por Elisa Beni<\/a><\/p>\n<p><a id=\"ref27a\"><\/a><a href=\"#ref27\">[27] Asociaciones universitarias denuncian ante la Fiscal\u00eda la falsificaci\u00f3n del m\u00e1ster de Cifuentes, por\u00a0Marcos Pinheiro<\/a><\/p>\n<p><a id=\"ref28a\"><\/a><a href=\"#ref28\">[28] El tribunal que supuestamente evalu\u00f3 el trabajo de fin de m\u00e1ster de Cifuentes es ilegal, por Ra\u00fal Rej\u00f3n<\/a><\/p>\n<p><a id=\"ref29a\"><\/a><a href=\"#ref29\">[29] La misma universidad que regal\u00f3 un m\u00e1ster a Cifuentes contrat\u00f3 como profesora a su hermana de manera ilegal, por Daniel S\u00e1nchez Caballero<\/a><\/p>\n<p><a id=\"ref30a\"><\/a><a href=\"#ref30\">[30]\u00a0Antes var\u00f3n negro que mujer blanca, por Javier P\u00e9rez Royo<\/a><\/p>\n<p><a id=\"ref31a\"><\/a><a href=\"#ref31\">[31] Los negros de Llanera, por Elisa Beni<\/a><\/p>\n<p><a id=\"ref32a\"><\/a><a href=\"#ref32\">[32] Los j\u00f3venes \u00abson cada vez m\u00e1s machistas\u00bb y \u00abvivimos un retroceso\u00bb: una alarma social sin evidencias, por Marta Borraz<\/a><\/p>\n<p><a id=\"ref33a\"><\/a><a href=\"#ref33\">[33] \u00bfUsas bitcoin? La NSA comenz\u00f3 a espiarte en 2013,\u00a0 por David Sarabia<\/a><\/p>\n<p><a id=\"ref34a\"><\/a><a href=\"#ref34\">[34] Sarkozy, imputado por financiar con dinero libio su campa\u00f1a de 2007, por \u00abEldiario.es\u00bb<\/a><\/p>\n<p><a id=\"ref35a\"><\/a><a href=\"#ref35\">[35] La firma de hipotecas sobre viviendas sube un 9,2% interanual en enero y se dispara un 44% en el mes, por \u00abEldiario.es\u00bb<\/a><\/p>\n<p><a id=\"ref36a\"><\/a><a href=\"#ref36\">[36] Marjaliza admite en el Congreso que financi\u00f3 campa\u00f1as del PP, PSOE e Izquierda Unida, por Marta Barandela<\/a><\/p>\n<p><a id=\"ref37a\"><\/a><a href=\"#ref37\">[37] \u00bfSe podr\u00e1 cerrar el par\u00e9ntesis?, por Javier P\u00e9rez Royo<\/a><\/p>\n<p><a id=\"ref38a\"><\/a><a href=\"#ref38\">[38]Luces y sombras en la Ley de Contratos del Sector P\u00fablico, por G\u00e1spar Llamazares<\/a><\/p>\n<p><a id=\"ref39a\"><\/a><a href=\"#ref39\">[39] PP, PSOE y Ciudadanos tumban la reforma de la Ley de Amnist\u00eda que pretend\u00eda juzgar los cr\u00edmenes franquistas, por I\u00f1igo Aduriz<\/a><\/p>\n<p><a id=\"ref40a\"><\/a><a href=\"#ref40\">[40] La jefa actual del Imserso llev\u00f3 al notario el saqueo del PP de Madrid, por Esteban Urreiztieta<\/a><\/p>\n<p><a id=\"ref41a\"><\/a><a href=\"#ref41\">[41] Estas son las constructoras que ingresaron 300 millones en contratos con una cl\u00e1usula ilegal que favorec\u00eda el \u2018dedazo\u2019, por Antonio M. V\u00e9lez<\/a><\/p>\n<p><a id=\"ref42a\"><\/a><a href=\"#ref42\">[42] El \u2018big data\u2019 del PSOE, por\u00a0 Juan Carlos Escudier<\/a><\/p>\n<p><a id=\"ref43a\"><\/a><a href=\"#ref43\">[43] Un mal d\u00eda para corruptos con cargo, por David Bollero<\/a><\/p>\n<p><a id=\"ref44a\"><\/a><a href=\"#ref44\">[44] Maltrato: Cuando tu vida depende de tecnolog\u00eda de hace una d\u00e9cada, por David Bollero<\/a><\/p>\n<p><span style=\"font-family: georgia, palatino, serif;\"><a id=\"ref45a\"><\/a><a href=\"#ref45\">[45] M\u00e1ster de Cifuentes, dilema de Rivera, por Fernando L\u00f3pez Agud\u00edn<\/a><\/span><\/p>\n<p><a id=\"ref46a\"><\/a><a href=\"#ref46\">[46] Un tribunal echa de su propia casa a una madre minusv\u00e1lida, sin trabajo y con una hija de 15 a\u00f1os, por Eduardo Bayona<\/a><\/p>\n<p><a id=\"ref47a\"><\/a><a href=\"#ref47\">[47] Un d\u00eda cualquiera en TVE, por Carlos Hern\u00e1ndez<\/a><\/p>\n<p><a id=\"ref48a\"><\/a><a href=\"#ref48\">[48] B\u00e1rcenas manipul\u00f3 sus papeles para suprimir dos pagos en B a Rajoy y Cospedal, por P\u00fablico<\/a><\/p>\n<p><a id=\"ref49a\"><\/a><a href=\"#ref49\">[49] El Gobierno recurre al Constitucional la ley catalana de atenci\u00f3n sanitaria universal, por\u00a0Pau Rodr\u00edguez<\/a><\/p>\n<p><a id=\"ref50a\"><\/a><a href=\"#ref50\">[50] Bilbao denuncia la \u00abinjusticia\u00bb del caso Altsasu a menos de un mes de que empiece el juicio, Por Danilo Albin<\/a><\/p>\n<p><a id=\"ref51a\"><\/a><a href=\"#ref51\">[51]El acoso ultra a 400 diputados, alcaldes y concejales en Zaragoza queda impune, Por Eduardo Bayona<\/a><\/p>\n<p><a id=\"ref52a\"><\/a><a href=\"#ref52\">[52] Procesiones para menores en la Educaci\u00f3n P\u00fablica, por David Bollero<\/a><\/p>\n<p><a id=\"ref53a\"><\/a><a href=\"#ref53\">[53]\u00bfQu\u00e9 plan toca ahora?, por Juan Carlos Escudier<\/a><\/p>\n<p><a id=\"ref54a\"><\/a><a href=\"#ref54\">[54] El juez sienta en el banquillo por rebeli\u00f3n a 13 l\u00edderes del proc\u00e9s, incluidos Puigdemont y Turull, por P\u00fablico\/EFE<\/a><\/p>\n<p><a id=\"ref55a\"><\/a><a href=\"#ref55\">[55] La justicia espa\u00f1ola arrasa con el proc\u00e9s y clava una advertencia: fuga o c\u00e1rcel para los l\u00edderes del soberanismo, por Pedro \u00c1gueda\u00a0\/\u00a0Oriol Sol\u00e9 Altimira<\/a><\/p>\n<p><a id=\"ref56a\"><\/a><a href=\"#ref56\">[56]El juez env\u00eda a prisi\u00f3n al candidato a president, Jordi Turull, y a Forcadell, Romeva, Bassa y Rull, por\u00a0Marcos Pinheiro\u00a0\/\u00a0Pedro \u00c1gueda\u00a0\/\u00a0Oriol Sol\u00e9 Altimira<\/a><\/p>\n<p><a id=\"ref57a\"><\/a>[<a href=\"#ref57\">57]El independentismo se moviliza en la calle tras la decisi\u00f3n de Llarena de enviar a prisi\u00f3n a Turull, Forcadell y los exconsellers, por \u00abEldiario.es\u00bb<\/a><\/p>\n<p><a id=\"ref58a\"><\/a><a href=\"#ref58\">[58]La venganza del juez Llarena, por I\u00f1igo S\u00e1enz de Ugarte<\/a><\/p>\n<p><a id=\"ref59a\"><\/a><a href=\"#ref59\">[59]Las cartas del magistrado Llarena, por Fernando L\u00f3pez Agud\u00edn<\/a><\/p>\n<p><a id=\"ref60a\"><\/a><a href=\"#ref60\">[60] Hay que quitarse de encima este poder judicial, por Mari\u00e0 de Del\u00e0s<\/a><\/p>\n<p><a id=\"ref61a\"><\/a><a href=\"#ref61\">[61] El l\u00edder del SAT provoca una queja del Gobierno a la ONU, por N. Acedo<\/a><\/p>\n<p><span style=\"font-family: georgia, palatino, serif;\"><a id=\"ref62a\"><\/a><a href=\"#ref62\">[62] Alemania traslada a Puigdemont a la prisi\u00f3n de Neumuenster, seg\u00fan medios alemanes, por Mar\u00eda-Paz L\u00f3pez<\/a><\/span><\/p>\n<p>&nbsp;<\/p>\n<p style=\"text-align: center;\"><span style=\"font-size: 14pt;\">\u2666<span style=\"color: #008000;\">\u2666<\/span>\u2666\u2666\u2666<span style=\"color: #008000;\">\u2666<\/span>\u2666<\/span><\/p>\n<p>&nbsp;<\/p>\n<figure id=\"attachment_10188\" aria-describedby=\"caption-attachment-10188\" style=\"width: 643px\" class=\"wp-caption aligncenter\"><a href=\"https:\/\/puntocritico.com\/ausajpuntocritico\/wp-content\/uploads\/2018\/03\/Rovira-JxCat-candidato-investidura-efectiva_EDIIMA20180313_0579_4.jpg\" rel=\"lightbox[10083]\"><img loading=\"lazy\" decoding=\"async\" class=\"wp-image-10188 size-full\" src=\"https:\/\/puntocritico.com\/ausajpuntocritico\/wp-content\/uploads\/2018\/03\/Rovira-JxCat-candidato-investidura-efectiva_EDIIMA20180313_0579_4.jpg\" alt=\"\" width=\"643\" height=\"362\" srcset=\"https:\/\/puntocritico.com\/ausajpuntocritico\/wp-content\/uploads\/2018\/03\/Rovira-JxCat-candidato-investidura-efectiva_EDIIMA20180313_0579_4.jpg 643w, https:\/\/puntocritico.com\/ausajpuntocritico\/wp-content\/uploads\/2018\/03\/Rovira-JxCat-candidato-investidura-efectiva_EDIIMA20180313_0579_4-300x169.jpg 300w\" sizes=\"auto, (max-width: 643px) 100vw, 643px\" \/><\/a><figcaption id=\"caption-attachment-10188\" class=\"wp-caption-text\"><span style=\"color: #008000;\">Marta Rovira dej\u00f3 su esca\u00f1o el jueves-EFE<\/span><\/figcaption><\/figure>\n<p>&nbsp;<\/p>\n<p style=\"text-align: justify;\"><a href=\"https:\/\/puntocritico.com\/ausajpuntocritico\/wp-content\/uploads\/2018\/03\/Mosca_Punto_Cr\u00edtico_40.png\" rel=\"lightbox[10083]\"><img loading=\"lazy\" decoding=\"async\" class=\"aligncenter wp-image-9528\" src=\"https:\/\/puntocritico.com\/ausajpuntocritico\/wp-content\/uploads\/2018\/03\/Mosca_Punto_Cr\u00edtico_40.png\" alt=\"\" width=\"40\" height=\"40\" \/><\/a><\/p>\n<h1 class=\"entry-title\" style=\"text-align: center;\"><a id=\"ref3\"><\/a><a href=\"#ref3a\">[3]<\/a> El imparable avance del nacionalcatolicismo<\/h1>\n<div class=\"author-content\">\n<p class=\"author\"><span style=\"font-size: 14pt;\">Por Fernando L\u00f3pez Agud\u00edn<\/span><\/p>\n<\/div>\n<p><span style=\"color: #339966;\">Art\u00edculo publicado el 20 de marzo de 2018 en:<\/span><br \/>\n<span style=\"color: #339966;\"><a style=\"color: #339966;\" href=\"http:\/\/blogs.publico.es\/fernando-lopez-agudin\/2018\/03\/20\/el-imparable-avance-del-nacionalcatolicismo\/\" target=\"_blank\" rel=\"noopener\">http:\/\/blogs.publico.es\/fernando-lopez-agudin\/2018\/03\/20\/el-imparable-avance-del-nacionalcatolicismo\/<\/a><\/span><\/p>\n<p style=\"text-align: justify;\"><span style=\"font-size: 14pt; font-family: arial, helvetica, sans-serif;\"><strong>El anunciado rechazo del recurso presentado por el PSOE contra la LOMCE<\/strong>, m\u00e1s conocida como ley Wert por el ministro del PP que la promulg\u00f3, por el Tribunal Constitucional, que se har\u00e1 p\u00fablico hoy martes, confirma la actual involuci\u00f3n pol\u00edtica dirigida por la derecha espa\u00f1ola. Un puntapi\u00e9 jur\u00eddico contra el consenso social en el espacio educativo. El claro mensaje que Rajoy y Rivera env\u00edan a la oposici\u00f3n, a trav\u00e9s de los magistrados constitucionales, es claro: que pierdan toda esperanza en cualquier pacto educativo. Puestos a tener que pactar, los estrategas del Partido Popular y de Ciudadanos prefieren hacerlo con la Iglesia Cat\u00f3lica, que puede contribuir muy mucho a que hoy se vote, en expresi\u00f3n jesu\u00edtica del cura Camilo de la novela de Giovanni Guareschi, a los \u201cpartidos dem\u00f3cratas y cristianos\u201d;\u00a0 o sea, al\u00a0 PP y a Cs.<\/span><\/p>\n<p style=\"text-align: justify;\"><span style=\"font-size: 14pt; font-family: arial, helvetica, sans-serif;\"><strong>Del art\u00edculo 14 de la Constituci\u00f3n, que se\u00f1ala que los espa\u00f1oles son iguales ante la ley sin discriminaci\u00f3n por raz\u00f3n de religi\u00f3n o de sexo,<\/strong>no quedan ni siquiera las raspas en la ley Wert, ahora ratificada por el Tribunal Constitucional. Los criterios de la Iglesia Cat\u00f3lica, en materia de ense\u00f1anza de religi\u00f3n o de segregaci\u00f3n de sexos, se imponen sobre las restantes orientaciones de los ciudadanos espa\u00f1oles, que quedan relegados en funci\u00f3n de los beneficios de la ense\u00f1anza privada. Toda una pu\u00f1alada certera sobre la ense\u00f1anza p\u00fablica bien envuelta en oportuna ret\u00f3rica democr\u00e1tica. Conviene no equivocarse. No se puede hablar de una vuelta al franquismo. Por el contrario, ahora asistimos, bajo una democracia parlamentaria, a que se vuelve a oficializar un estatus privilegiado a la Iglesia Cat\u00f3lica.<\/span><\/p>\n<p style=\"text-align: justify;\"><span style=\"font-size: 14pt; font-family: arial, helvetica, sans-serif;\"><strong>De aquel lodo del 78, el estado aconfesional, estos lodos de 2018, el nacionalcatolicismo<\/strong>. Al no reconocerse entonces al Estado espa\u00f1ol como laico, el franc\u00e9s lo es desde 1905, se avanzaba de hecho hacia una confesionalidad solapada como la que ahora mismo se consagra constitucionalmente. Con un texto constitucional que obligaba a los poderes p\u00fablicos a tener muy en cuenta\u201dlas creencias religiosas de la sociedad espa\u00f1ola y mantendr\u00e1n las consiguientes relaciones de cooperaci\u00f3n con la Iglesia Cat\u00f3lica y dem\u00e1s confesiones\u201d, que ni siquiera se enumeraban, s\u00f3lo hac\u00eda falta que llegaran a la Moncloa,\u00a0en el momento adecuado, estos pol\u00edticos eclesi\u00e1sticos para darle la vuelta a la Constituci\u00f3n.<\/span><\/p>\n<p style=\"text-align: justify;\"><span style=\"font-size: 14pt; font-family: arial, helvetica, sans-serif;\"><strong>Una vez m\u00e1s el Tribunal Constitucional sirve como Tercera C\u00e1mara de los intereses de la derecha,<\/strong>\u00a0cuando todos los magistrados del PP y PSOE, nombrados por ambos partidos, reflejan todos los postulados opuestos de los partidos que los eligieron. As\u00ed, la actual mayor\u00eda absoluta del PP en el Senado y\u00a0 su mayor\u00eda relativa en el Congreso de los Diputados, se ven reforzadas con el absoluto control del Tribunal Constitucional. Tanto si est\u00e1n de acuerdo, como en lo referente a la cuesti\u00f3n nacional catalana, como si no lo est\u00e1n, sobre la controvertida interpretaci\u00f3n de la libertad de ense\u00f1anza recogida por el art\u00edculo 17 de la Constituci\u00f3n del 78. Basta comprobarlo en\u00a0 las hemerotecas. De hecho, fue uno de los preceptos m\u00e1s pol\u00e9micos, si no el m\u00e1s, durante el proceso constituyente.<\/span><\/p>\n<p style=\"text-align: justify;\"><span style=\"font-size: 14pt; font-family: arial, helvetica, sans-serif;\"><strong>Es la consagraci\u00f3n del nacionalcatolicismo de la derecha espa\u00f1ola<\/strong>. Ayer, sancionado en las sentencias sobre Catalu\u00f1a; hoy, ensalzado con el privilegio educativo de la ense\u00f1anza cat\u00f3lica. Esa concepci\u00f3n reaccionaria, basada tanto en el centralismo madrile\u00f1o como en el clericalismo religioso, cabalga ahora con el viento a favor por los cuatro rincones de nuestra geograf\u00eda y se configura como el principal eje ideol\u00f3gico de la mayor\u00eda de la sociedad. La s\u00f3lida alianza entre\u00a0 la rojigualda y el hisopo no es una novedad en nuestra historia, pero s\u00ed lo es que su actual hegemon\u00eda no vaya enmarcada hoy en un cuadro dictatorial. Desde la legalidad constitucional vigente, es impecable tanto el protagonismo democr\u00e1tico de un Rajoy revestido de Santiago Ap\u00f3stol como el de Rivera encarnado en don Pelayo.<\/span><\/p>\n<p style=\"text-align: justify;\"><span style=\"font-size: 14pt; font-family: arial, helvetica, sans-serif;\"><strong>Previsiblemente, no veremos a Rajoy ni al monaguillo Rivera bajo palio<\/strong>, pero s\u00ed a la Iglesia Cat\u00f3lica d\u00e1ndole al C\u00e9sar lo que es del C\u00e9sar, despu\u00e9s de que desde la Moncloa se haya dado a Dios lo que, seg\u00fan el episcopado, es de Dios. Este imparable avance del nacionalcatolicismo conduce, m\u00e1s bien pronto que tarde, a que Espa\u00f1a sea la Polonia bis de la Uni\u00f3n Europea. Pese a que Berl\u00edn denuncia abiertamente esa involuci\u00f3n de la derecha polaca, elogia la involuci\u00f3n de la derecha espa\u00f1ola. Esa combinaci\u00f3n del m\u00e1s p\u00e9treo nacionalismo hispano con el beater\u00edo religioso, que es un pecado mortal en Varsovia, no llega ni a ser venial en Madrid. Nada le satisface m\u00e1s a la Merkel que el Trono vaya de la mano del Altar, en una Espa\u00f1a azotada por los vendavales de las revueltas sociales.<\/span><\/p>\n<div class=\"shareinpost\">\u00a0 <a href=\"https:\/\/puntocritico.com\/ausajpuntocritico\/wp-content\/uploads\/2018\/03\/Mosca_Punto_Cr\u00edtico_40.png\" rel=\"lightbox[10083]\"><img loading=\"lazy\" decoding=\"async\" class=\"aligncenter wp-image-9528\" src=\"https:\/\/puntocritico.com\/ausajpuntocritico\/wp-content\/uploads\/2018\/03\/Mosca_Punto_Cr\u00edtico_40.png\" alt=\"\" width=\"40\" height=\"40\" \/><\/a><\/p>\n<h1 class=\"pg-headline\" style=\"text-align: center;\"><a id=\"ref4\"><\/a><a href=\"#ref4a\">[4]<\/a> El candidato del PP en C\u00f3rdoba advierte que volver\u00e1 a reponer los nombres franquistas de calles<\/h1>\n<p><span style=\"font-size: 14pt;\">Por\u00a0Carmen Reina<\/span><\/div>\n<div class=\"shareinpost\">\n<span style=\"color: #339966;\">Art\u00edculo publicado el 19 de marzo de 2018 en:<\/span><br \/>\n<span style=\"color: #339966;\"> <a style=\"color: #339966;\" href=\"https:\/\/www.eldiario.es\/andalucia\/cordoba\/PP-advierte-volvera-franquistas-eliminar_0_750675187.html\" target=\"_blank\" rel=\"noopener\">https:\/\/www.eldiario.es\/andalucia\/cordoba\/PP-advierte- volvera-franquistas-<\/a><\/span><br \/>\n<span style=\"color: #339966;\"><a style=\"color: #339966;\" href=\"https:\/\/www.eldiario.es\/andalucia\/cordoba\/PP-advierte-volvera-franquistas-eliminar_0_750675187.html\" target=\"_blank\" rel=\"noopener\"> eliminar_0_750675187.html<\/a><\/span><\/div>\n<div>\u00a0<\/div>\n<div>\n<blockquote>\n<p style=\"text-align: justify;\"><span style=\"color: #008000;\"><strong><span style=\"font-size: 14pt; font-family: arial, helvetica, sans-serif;\">El candidato del PP a la alcald\u00eda, Jos\u00e9 Mar\u00eda Bellido, dice que \u201cen junio de 2019 habr\u00e1 que cambiar los nombres de las calles otra vez\u201d<\/span><\/strong><\/span><\/p>\n<p style=\"text-align: justify;\"><span style=\"color: #008000;\"><strong><span style=\"font-size: 14pt; font-family: arial, helvetica, sans-serif;\">El Ayuntamiento de C\u00f3rdoba ha aprobado recientemente eliminar del callejero el nombre de quince v\u00edas por su relaci\u00f3n con el franquismo<\/span><\/strong><\/span><\/p>\n<p style=\"text-align: justify;\"><span style=\"color: #008000;\"><strong><span style=\"font-size: 14pt; font-family: arial, helvetica, sans-serif;\">\u201cRetirando estos nombres se falta al honor de estas personas y de sus familias\u201d, defiende el popular, en concreto, sobre cinco v\u00edas p\u00fablicas de la capital<\/span><\/strong><\/span><\/p>\n<\/blockquote>\n<\/div>\n<div>\u00a0<\/div>\n<div>\n<figure id=\"attachment_10087\" aria-describedby=\"caption-attachment-10087\" style=\"width: 643px\" class=\"wp-caption aligncenter\"><a href=\"https:\/\/puntocritico.com\/ausajpuntocritico\/wp-content\/uploads\/2018\/03\/Bellido-apasionante-PP-Alcaldia-Cordoba_EDIIMA20180315_0139_5.jpg\" rel=\"lightbox[10083]\"><img loading=\"lazy\" decoding=\"async\" class=\"wp-image-10087 size-full\" src=\"https:\/\/puntocritico.com\/ausajpuntocritico\/wp-content\/uploads\/2018\/03\/Bellido-apasionante-PP-Alcaldia-Cordoba_EDIIMA20180315_0139_5.jpg\" alt=\"\" width=\"643\" height=\"411\" srcset=\"https:\/\/puntocritico.com\/ausajpuntocritico\/wp-content\/uploads\/2018\/03\/Bellido-apasionante-PP-Alcaldia-Cordoba_EDIIMA20180315_0139_5.jpg 643w, https:\/\/puntocritico.com\/ausajpuntocritico\/wp-content\/uploads\/2018\/03\/Bellido-apasionante-PP-Alcaldia-Cordoba_EDIIMA20180315_0139_5-300x192.jpg 300w\" sizes=\"auto, (max-width: 643px) 100vw, 643px\" \/><\/a><figcaption id=\"caption-attachment-10087\" class=\"wp-caption-text\"><strong><span style=\"font-size: 10pt; color: #339966;\">El candidato del PP en C\u00f3rdoba, Jos\u00e9 Mar\u00eda Bellido, a la izquierda, junto al presidente del PP cordob\u00e9s, Adolfo Molina.<\/span><\/strong><\/figcaption><\/figure>\n<\/div>\n<div class=\"shareinpost\">\n<p>&nbsp;<\/p>\n<p class=\"mce\" style=\"text-align: justify;\"><span style=\"font-size: 14pt; font-family: arial, helvetica, sans-serif;\">El Partido Popular de C\u00f3rdoba mantiene su oposici\u00f3n al cambio de nombre de calles con relaci\u00f3n con el franquismo que el Ayuntamiento va a llevar a cabo y ha anunciado que, si los populares gobiernan tras las pr\u00f3ximas elecciones municipales de 2019, volver\u00e1n a reponer esos nombres.<\/span><\/p>\n<p class=\"mce\" style=\"text-align: justify;\"><span style=\"font-size: 14pt; font-family: arial, helvetica, sans-serif;\">El portavoz del grupo municipal del PP en el Ayuntamiento de C\u00f3rdoba y ya candidato de su partido a la Alcald\u00eda para las elecciones locales de 2019, Jos\u00e9 Mar\u00eda Bellido, avanzaba esa idea esta semana, cuestionando el dictamen municipal que ha sido aprobado para eliminar del callejero los nombres de v\u00edas como la avenida Conde de Vallellano, la calle Jos\u00e9 Cruz Conde o la Plaza de Ca\u00f1ero. \u201cEn junio del 2019, las cosas volver\u00e1n a cambiar\u201d ha dicho, porque en su opini\u00f3n \u201cse ha incumplido la ley y habr\u00e1 que cambiar los nombres de las calles otra vez\u00bb.<\/span><\/p>\n<p class=\"mce\" style=\"text-align: justify;\"><span style=\"font-size: 14pt; font-family: arial, helvetica, sans-serif;\">Cabe recordar que el Ayuntamiento de C\u00f3rdoba aprob\u00f3 hace un mes eliminar del callejero municipal una quincena de calles con nombres relacionados con el franquismo, tras una dictamen elaborado durante seis meses por la comisi\u00f3n municipal de Memoria Hist\u00f3rica y en aplicaci\u00f3n de la Ley de Memoria Democr\u00e1tica de Andaluc\u00eda. Ese dictamen, aprobado en Pleno, argumentaba cada uno de los nombres que se van a eliminar con hechos hist\u00f3ricos de cada una de esas personas relacionadas con el franquismo.<\/span><\/p>\n<p class=\"mce\" style=\"text-align: justify;\"><span style=\"font-size: 14pt; font-family: arial, helvetica, sans-serif;\">Del Conde de Vallelano, por ejemplo, relatan\u00a0<span class=\"mce\">\u00a0su trayectoria pol\u00edtica y profesional , explicando que, en 1936, este diputado en las cortes republicanas por Renovaci\u00f3n Espa\u00f1ola se puso al servicio del General Mola, que lo envi\u00f3 a Portugal. Posteriormente, Franco lo nombr\u00f3 presidente de la Cruz Roja espa\u00f1ola, que atend\u00eda al bando sublevado.<\/span><\/span><\/p>\n<p class=\"mce\" style=\"text-align: justify;\"><span style=\"font-size: 14pt; font-family: arial, helvetica, sans-serif;\"><span class=\"mce\">De Jos\u00e9 Cruz Conde, por otro lado, se considera que\u00a0<\/span>colabor\u00f3 activamente en el golpe de estado de Primo de Rivera en 1923. Pas\u00f3 a convertirse en uno de los hombres fuertes del l\u00edder de uno de los sectores m\u00e1s reaccionarios y autoritarios de la derecha espa\u00f1ola, Jos\u00e9 Calvo Sotelo\u201d. Y tuvo un papel protagonista en la dimensi\u00f3n civil de la conspiraci\u00f3n que conduce a la Guerra Civil espa\u00f1ola.<\/span><\/p>\n<p class=\"mce\" style=\"text-align: justify;\"><span style=\"font-size: 14pt; font-family: arial, helvetica, sans-serif;\">Sin embargo, desde el PP se opusieron desde el principio al cambio de nombre, en concreto, de cinco de esas calles, argumentando el \u201carraigo popular\u201d de la denominaci\u00f3n entre la sociedad cordobesa. Entre esos nombres figuran Conde de Vallellano, Cruz Conde, Jos\u00e9 Mar\u00eda Pem\u00e1n o Ca\u00f1ero.<\/span><\/p>\n<p class=\"mce\" style=\"text-align: justify;\"><span style=\"font-size: 14pt; font-family: arial, helvetica, sans-serif;\">Para Bellido, \u201cretirando estos nombres se falta al honor de estas personas y de sus familias\u00bb y ha rechazado que se les \u201ccalifique de franquistas como se han hartado de repetir hasta la saciedad desde el gobierno del Ayuntamiento\u201d. El candidato del PP considera que \u00abno hay justificaci\u00f3n para el deshonor ni para calificarlos como franquistas cuando eso no fue as\u00ed\u00bb, rechaza.<\/span><\/p>\n<p class=\"mce\" style=\"text-align: justify;\"><span style=\"font-size: 14pt; font-family: arial, helvetica, sans-serif;\">De hecho, antes de que el Ayuntamiento aprobara en febrero la eliminaci\u00f3n de los nombres franquistas de estas calles, el PP emprendi\u00f3 una campa\u00f1a de recogida de firmas entre los vecinos de cada una de las zonas de la capital cordobesa donde se ubican las v\u00edas p\u00fablicas con estos nombres. Lleg\u00f3 a recoger alrededor de 7.000 apoyos que llev\u00f3 al Pleno municipal el d\u00eda en que se debati\u00f3 y aprob\u00f3 finalmente la eliminaci\u00f3n del nombre de esas calles del viario p\u00fablico.<\/span><\/p>\n<p>\n<a href=\"https:\/\/puntocritico.com\/ausajpuntocritico\/wp-content\/uploads\/2018\/03\/Mosca_Punto_Cr\u00edtico_40.png\" rel=\"lightbox[10083]\"><img loading=\"lazy\" decoding=\"async\" class=\"aligncenter wp-image-9528\" src=\"https:\/\/puntocritico.com\/ausajpuntocritico\/wp-content\/uploads\/2018\/03\/Mosca_Punto_Cr\u00edtico_40.png\" alt=\"\" width=\"40\" height=\"40\" \/><\/a><\/p>\n<h1 class=\"pg-headline\" style=\"text-align: center;\"><a id=\"ref5\"><\/a><a href=\"#ref5a\">[5]<\/a> Willy Toledo asegura que no comparecer\u00e1 ante el juez por insultar a dios<\/h1>\n<p>Por EFE<\/p><\/div>\n<div><span style=\"color: #339966;\">Art\u00edculo publicado el 19 de marzo de 2018 en:<\/span><br \/>\n<a href=\"https:\/\/www.eldiario.es\/sociedad\/Guillermo-Toledo-comparecera-insultar-Dios_0_751374894.html\" target=\"_blank\" rel=\"noopener\">https:\/\/www.eldiario.es\/sociedad\/Guillermo-Toledo-comparecera-insultar-Dios_0_751374894.html<\/a><\/div>\n<div>\u00a0<\/div>\n<blockquote>\n<div style=\"text-align: justify;\"><span style=\"color: #008000;\"><strong><span style=\"font-size: 14pt; font-family: arial, helvetica, sans-serif;\">A trav\u00e9s de un post en Facebook, el actor ha afirmado que no tiene \u00abla m\u00e1s m\u00ednima intenci\u00f3n\u00bb de presentarse \u00abante sus ilustr\u00edsimas\u00bb el pr\u00f3ximo 18 de abril<\/span><\/strong><\/span><\/div>\n<\/blockquote>\n<div>\u00a0<\/div>\n<div>\n<figure id=\"attachment_10088\" aria-describedby=\"caption-attachment-10088\" style=\"width: 643px\" class=\"wp-caption aligncenter\"><a href=\"https:\/\/puntocritico.com\/ausajpuntocritico\/wp-content\/uploads\/2018\/03\/Guillermo-Toledo-comparecera-insultar-Dios_EDIIMA20180318_0046_4.jpg\" rel=\"lightbox[10083]\"><img loading=\"lazy\" decoding=\"async\" class=\"wp-image-10088 size-full\" src=\"https:\/\/puntocritico.com\/ausajpuntocritico\/wp-content\/uploads\/2018\/03\/Guillermo-Toledo-comparecera-insultar-Dios_EDIIMA20180318_0046_4.jpg\" alt=\"\" width=\"643\" height=\"362\" srcset=\"https:\/\/puntocritico.com\/ausajpuntocritico\/wp-content\/uploads\/2018\/03\/Guillermo-Toledo-comparecera-insultar-Dios_EDIIMA20180318_0046_4.jpg 643w, https:\/\/puntocritico.com\/ausajpuntocritico\/wp-content\/uploads\/2018\/03\/Guillermo-Toledo-comparecera-insultar-Dios_EDIIMA20180318_0046_4-300x169.jpg 300w\" sizes=\"auto, (max-width: 643px) 100vw, 643px\" \/><\/a><figcaption id=\"caption-attachment-10088\" class=\"wp-caption-text\"><span style=\"font-size: 10pt; color: #339966;\"><strong>Guillermo Toledo asegura que no comparecer\u00e1 ante el juez por insultar a Dios<\/strong><\/span><\/figcaption><\/figure>\n<\/div>\n<div>\u00a0<\/div>\n<div class=\"shareinpost\">\n<p class=\"mce\" style=\"text-align: justify;\"><span style=\"font-family: arial, helvetica, sans-serif; font-size: 14pt;\">El actor Guillermo Toledo ha manifestado\u00a0a trav\u00e9s de su muro de Facebook su intenci\u00f3n de no comparecer ante el juez en la vista fijada para el pr\u00f3ximo 18 de abril\u00a0<\/span><a class=\"mce\" style=\"font-family: arial, helvetica, sans-serif; font-size: 14pt;\" href=\"https:\/\/www.eldiario.es\/politica\/Willy-Toledo-Dios-Virgen-Maria_0_750675257.html\" target=\"_blank\" rel=\"noopener\">\u00a0por haber insultado a dios y a la Virgen Mar\u00eda<\/a><span style=\"font-family: arial, helvetica, sans-serif; font-size: 14pt;\">\u00a0en unos comentarios escritos en esa misma red social en julio pasado.<\/span><\/p>\n<p class=\"mce\" style=\"text-align: justify;\"><span style=\"font-size: 14pt; font-family: arial, helvetica, sans-serif;\">\u00abDesde aqu\u00ed, comunicar a los sicarios del r\u00e9gimen borb\u00f3nico franquista espa\u00f1ol que no tengo la m\u00e1s m\u00ednima intenci\u00f3n de perder un s\u00f3lo segundo de mi vida en presentarme ante sus ilustr\u00edsimas\u00bb, se\u00f1ala el actor en su mensaje.<\/span><\/p>\n<section id=\"edi-ad-slot-intext\" class=\"md-advertisement md hspace no-adv-socios\" role=\"marquee\" data-google-query-id=\"CPi9i5DRgNoCFceiUQodXhsD0Q\"><\/section>\n<p class=\"mce\"><iframe loading=\"lazy\" src=\"https:\/\/www.facebook.com\/plugins\/post.php?href=https%3A%2F%2Fwww.facebook.com%2Fguillermo.toledo.5%2Fposts%2F1802269679830631&amp;width=500\" width=\"500\" height=\"288\" frameborder=\"0\" scrolling=\"no\"><\/iframe><\/p>\n<p class=\"mce\" style=\"text-align: justify;\"><span style=\"font-size: 14pt; font-family: arial, helvetica, sans-serif;\">\u00abComunicar tambi\u00e9n que, en el caso de que, ante mi no comparecencia, decidan ustedes cursar una orden de b\u00fasqueda y captura contra mi persona, yo les ahorro la \u00abbusca\u00bb: estar\u00e9 los d\u00edas 19, 20, 21 y 22 de abril en el Teatre Lliure de Gr\u00e0cia, en Barcelona, entre las 19:00 y las 22:30&#8243;, a\u00f1ade.<\/span><\/p>\n<p class=\"mce\" style=\"text-align: justify;\"><span style=\"font-size: 14pt; font-family: arial, helvetica, sans-serif;\">\u00abA partir de esa fecha, me encontrar\u00e1n ustedes en mi domicilio habitual de Madrid, que ustedes conocen de sobra pues es el mismo lugar al que enviaron a sus chiquitos a detenerme la \u00faltima vez\u00bb, prosigue el mensaje.<\/span><\/p>\n<p class=\"mce\" style=\"text-align: justify;\"><span style=\"font-size: 14pt; font-family: arial, helvetica, sans-serif;\">El Juzgado de Instrucci\u00f3n n\u00famero 11 de Madrid ha abierto diligencias previas contra Toledo en un procedimiento que se inici\u00f3 a partir de una denuncia formulada en julio por la Asociaci\u00f3n de Abogados Cristianos, por unos comentarios en los que el actor criticaba la apertura de juicio oral contra tres mujeres por la procesi\u00f3n de una gran vagina en Sevilla.<\/span><\/p>\n<p class=\"mce\" style=\"text-align: justify;\"><span style=\"font-size: 14pt; font-family: arial, helvetica, sans-serif;\">En aquel mensaje Toledo llamaba \u00abenerg\u00famena\u00bb a la titular del Juzgado de Instrucci\u00f3n n\u00famero 10 de Sevilla por abrir juicio oral contra esas tres mujeres acusadas de un presunto delito contra los sentimientos religiosos, por llevar a cabo lo que llamaron \u00abla procesi\u00f3n del co\u00f1o insumiso\u00bb.<\/span><\/p>\n<p class=\"mce\" style=\"text-align: justify;\"><span style=\"font-size: 14pt; font-family: arial, helvetica, sans-serif;\">\u00abYo me cago en dios y me sobra mierda para cagarme en el dogma de la santidad y virginidad de la Virgen Mar\u00eda. Este pa\u00eds es una verg\u00fcenza insoportable. Me puede el asco. Iros a la mierda. Viva el co\u00f1o insumiso\u00bb, dijo el actor\u00a0<a class=\"mce\" href=\"https:\/\/www.facebook.com\/guillermo.toledo.5\/posts\/1795754843815448?pnref=story\" target=\"_blank\" rel=\"noopener\">en su perfil de Facebook<\/a>.<\/span><\/p>\n<p class=\"mce\" style=\"text-align: justify;\"><span style=\"font-size: 14pt; font-family: arial, helvetica, sans-serif;\">Adem\u00e1s, tild\u00f3 de \u00abrepresi\u00f3n\u00bb la fianza de 3.600 euros acordada por la juez para hacer frente a la multa solicitada por la Asociaci\u00f3n de Abogados Cristianos, de doce meses con una cuota diaria de 10 euros, y un euro en concepto de responsabilidad civil.<\/span><\/p>\n<p class=\"mce\" style=\"text-align: justify;\"><span style=\"font-size: 14pt; font-family: arial, helvetica, sans-serif;\">La procesi\u00f3n, convocada bajo el nombre de \u00abla hermandad del sagrado co\u00f1o insumiso\u00bb, recorri\u00f3 varias calles el 1 de mayo de 2014. En junio del a\u00f1o pasado, la juez Pilar Ord\u00f3\u00f1ez archiv\u00f3 provisionalmente el caso, que reabri\u00f3 la Audiencia de Sevilla tras un recurso presentado por la Asociaci\u00f3n de Abogados Cristianos.<\/span><\/p>\n<p>\n<a href=\"https:\/\/puntocritico.com\/ausajpuntocritico\/wp-content\/uploads\/2018\/03\/Mosca_Punto_Cr\u00edtico_40.png\" rel=\"lightbox[10083]\"><img loading=\"lazy\" decoding=\"async\" class=\"aligncenter wp-image-9528\" src=\"https:\/\/puntocritico.com\/ausajpuntocritico\/wp-content\/uploads\/2018\/03\/Mosca_Punto_Cr\u00edtico_40.png\" alt=\"\" width=\"40\" height=\"40\" \/><\/a><\/p>\n<h1 class=\"pg-headline\" style=\"text-align: center;\"><a id=\"ref6\"><\/a><a href=\"#ref6a\">[6]<\/a> Manifiesto p\u00fablico en defensa del Instituto Espa\u00f1ol de Oceanograf\u00eda<\/h1>\n<p><span style=\"font-size: 14pt;\">Por \u00abEldiario.es\u00bb<\/span><\/div>\n<div>\u00a0<\/div>\n<div><span style=\"color: #339966;\">Art\u00edculo publicado el 19 de marzo de 2018 en:<\/span><\/div>\n<div><span style=\"color: #339966;\"><a style=\"color: #339966;\" href=\"https:\/\/www.eldiario.es\/tribunaabierta\/Manifiesto-publico-Instituto-Espanol-Oceanografia_6_751434859.html\" target=\"_blank\" rel=\"noopener\">https:\/\/www.eldiario.es\/tribunaabierta\/Manifiesto-publico-Instituto-Espanol-Oceanografia_6_751434859.html<\/a><\/span><\/div>\n<div>\u00a0<\/div>\n<header class=\"nav-down\">\n<div class=\"inset cf\">\n<figure class=\"media-holder\"><figcaption class=\"caption-inside\">\n<figure id=\"attachment_10089\" aria-describedby=\"caption-attachment-10089\" style=\"width: 643px\" class=\"wp-caption aligncenter\"><a href=\"https:\/\/puntocritico.com\/ausajpuntocritico\/wp-content\/uploads\/2018\/03\/Centro-trabajo-Instituto-Espanol-Oceanografia_EDIIMA20160826_0478_23.jpg\" rel=\"lightbox[10083]\"><img loading=\"lazy\" decoding=\"async\" class=\"wp-image-10089 size-full\" src=\"https:\/\/puntocritico.com\/ausajpuntocritico\/wp-content\/uploads\/2018\/03\/Centro-trabajo-Instituto-Espanol-Oceanografia_EDIIMA20160826_0478_23.jpg\" alt=\"\" width=\"643\" height=\"362\" srcset=\"https:\/\/puntocritico.com\/ausajpuntocritico\/wp-content\/uploads\/2018\/03\/Centro-trabajo-Instituto-Espanol-Oceanografia_EDIIMA20160826_0478_23.jpg 643w, https:\/\/puntocritico.com\/ausajpuntocritico\/wp-content\/uploads\/2018\/03\/Centro-trabajo-Instituto-Espanol-Oceanografia_EDIIMA20160826_0478_23-300x169.jpg 300w\" sizes=\"auto, (max-width: 643px) 100vw, 643px\" \/><\/a><figcaption id=\"caption-attachment-10089\" class=\"wp-caption-text\"><span style=\"font-size: 10pt; color: #339966;\"><strong>Centro de trabajo del Instituto Espa\u00f1ol de Oceanograf\u00eda<\/strong><\/span><\/figcaption><\/figure><br \/>\n<\/figcaption><\/figure>\n<\/div>\n<\/header>\n<div class=\"pg-body\">\n<div class=\"mce-body mce\">\n<blockquote>\n<p class=\"mce\" style=\"text-align: justify;\"><span style=\"font-size: 14pt; font-family: arial, helvetica, sans-serif;\"><a href=\"https:\/\/www.eldiario.es\/tribunaabierta\/Manifiesto-publico-Instituto-Espanol-Oceanografia_6_751434859.html#documento\" target=\"_blank\" rel=\"noopener\">Texto firmado por\u00a0322 trabajadores del Instituto Espa\u00f1ol de Oceanograf\u00eda<\/a><\/span><\/p>\n<\/blockquote>\n<p class=\"mce\" style=\"text-align: justify;\"><span style=\"font-size: 14pt; font-family: arial, helvetica, sans-serif;\">Desde hace m\u00e1s de 100 a\u00f1os, el Instituto Espa\u00f1ol de Oceanograf\u00eda (IEO) tiene como\u00a0<\/span><span style=\"font-size: 14pt; font-family: arial, helvetica, sans-serif;\">misi\u00f3n la investigaci\u00f3n y el desarrollo tecnol\u00f3gico, incluida la transferencia de\u00a0<\/span><span style=\"font-size: 14pt; font-family: arial, helvetica, sans-serif;\">conocimientos sobre el mar y sus recursos, y es un Organismo P\u00fablico de\u00a0<\/span><span style=\"font-size: 14pt; font-family: arial, helvetica, sans-serif;\">Investigaci\u00f3n (OPI) dependiente de la Secretar\u00eda de Estado de Investigaci\u00f3n, desarrollo\u00a0e Innovaci\u00f3n.<\/span><\/p>\n<p class=\"mce\" style=\"text-align: justify;\"><span style=\"font-size: 14pt; font-family: arial, helvetica, sans-serif;\">Para llevar a cabo su misi\u00f3n, el IEO tiene un presupuesto propio, incrementado con<\/span><br class=\"mce\" \/><br \/>\n<span style=\"font-size: 14pt; font-family: arial, helvetica, sans-serif;\">financiaci\u00f3n externa obtenida en proyectos nacionales e internacionales y encomiendas\u00a0de gesti\u00f3n. Dispone de nueve Centros Oceanogr\u00e1ficos repartidos a lo largo del litoral\u00a0espa\u00f1ol, en A Coru\u00f1a, C\u00e1diz, Gij\u00f3n, M\u00e1laga, Murcia, Santa Cruz de Tenerife, Santander,\u00a0Palma de Mallorca, Vigo y los servicios centrales en Madrid; 5 buques de investigaci\u00f3n\u00a0oceanogr\u00e1fica, 4 plantas de cultivos marinos, laboratorios de referencia\u00a0internacional en contaminaci\u00f3n marina, medio marino y gen\u00e9tica, bases de datos y\u00a0colecciones biol\u00f3gicas \u00fanicas a nivel mundial y mantiene numerosos programas de\u00a0observaci\u00f3n del ecosistema marino. Su plantilla, de trabajadores altamente\u00a0especializados, le permite abordar proyectos multidisciplinares, independientemente\u00a0de su localizaci\u00f3n geogr\u00e1fica. El IEO representa a Espa\u00f1a en numerosos foros cient\u00edficos\u00a0y t\u00e9cnicos, nacionales e internacionales, siendo el organismo asesor en materia de pesca\u00a0y medio ambiente marino del Gobierno de Espa\u00f1a, y es el organismo encargado de la\u00a0evaluaci\u00f3n del estado ambiental de los ecosistemas marinos y de las pesquer\u00edas.<\/span><\/p>\n<p class=\"mce\" style=\"text-align: justify;\"><span style=\"font-size: 14pt; font-family: arial, helvetica, sans-serif;\">Asimismo, los profesionales del IEO representan a la UE en numerosas organizaciones\u00a0gubernamentales o se integran en grupos de asesoramiento como expertos\u00a0independientes.<\/span><\/p>\n<p class=\"mce\" style=\"text-align: justify;\"><span style=\"font-size: 14pt; font-family: arial, helvetica, sans-serif;\">El crecimiento en n\u00famero de proyectos de investigaci\u00f3n en los \u00faltimos quince a\u00f1os no\u00a0ha ido acompa\u00f1ado de la necesaria modernizaci\u00f3n en el sistema de gesti\u00f3n y en la<\/span><br class=\"mce\" \/><br \/>\n<span style=\"font-size: 14pt; font-family: arial, helvetica, sans-serif;\">estructura del Organismo. Los problemas organizativos del IEO se acentuaron en 2010\u00a0cuando fue degradado, junto con otros OPIs, al rango de Subdirecci\u00f3n General, con las\u00a0consecuencias administrativas que conlleva. La situaci\u00f3n se agrav\u00f3 a partir de 2014,\u00a0tras el cambio en el r\u00e9gimen de control econ\u00f3mico-financiero que en el IEO se realiz\u00f3\u00a0sin la dotaci\u00f3n de recursos humanos necesarios para llevar a cabo dicho cambio. En\u00a0consecuencia, en los \u00faltimos a\u00f1os se aprecia una disminuci\u00f3n dr\u00e1stica en la ejecuci\u00f3n\u00a0presupuestaria (del 90% en 2013 al 50% en 2017). Esta disminuci\u00f3n no se justifica\u00a0\u00fanica y exclusivamente por el contexto general de crisis, ya que esta tendencia tan\u00a0acusada en el IEO no se aprecia en otros OPIs. Esto \u00faltimo refleja la existencia de un\u00a0problema estructural.<\/span><\/p>\n<p class=\"mce\" style=\"text-align: justify;\"><span style=\"font-size: 14pt; font-family: arial, helvetica, sans-serif;\">Si los datos de ejecuci\u00f3n presupuestaria 2013-2017 son ya de por s\u00ed suficientemente\u00a0<\/span><span style=\"font-size: 14pt; font-family: arial, helvetica, sans-serif;\">alarmantes, la incapacidad del IEO para ejecutar el gasto comprometido en 2017 ha\u00a0<\/span><span style=\"font-size: 14pt; font-family: arial, helvetica, sans-serif;\">llevado a un ajuste adicional en gasto corriente en bienes y servicios, que s\u00f3lo permite\u00a0disponer para 2018 de un 30% de lo presupuestado en el a\u00f1o 2017. Los problemas en\u00a0la estructura organizativa ocasionan retrasos en la tramitaci\u00f3n de expedientes y, en consecuencia, bloquean la ejecuci\u00f3n de proyectos y la creaci\u00f3n de empleo cualificado y\u00a0de calidad, con grave perjuicio para el prestigio del IEO y con repercusi\u00f3n directa en el\u00a0tejido social y econ\u00f3mico del pa\u00eds.<\/span><\/p>\n<p class=\"mce\" style=\"text-align: justify;\"><span style=\"font-size: 14pt; font-family: arial, helvetica, sans-serif;\">Esta situaci\u00f3n de par\u00e1lisis estructural se resume en incapacidad de gesti\u00f3n de los\u00a0<\/span><span style=\"font-size: 14pt; font-family: arial, helvetica, sans-serif;\">recursos financieros disponibles, muchos captados de fuentes externas; incumplimiento\u00a0de los compromisos adquiridos; retrasos en los pagos; devoluci\u00f3n de subvenciones no\u00a0ejecutadas; desincentivaci\u00f3n en el liderazgo de proyectos. En definitiva, p\u00e9rdida de\u00a0prestigio de la instituci\u00f3n y de los profesionales del IEO, y p\u00e9rdida de capacidad en la\u00a0consecuci\u00f3n de sus funciones.\u00a0<\/span><\/p>\n<p class=\"mce\" style=\"text-align: justify;\"><span style=\"font-size: 14pt; font-family: arial, helvetica, sans-serif;\">El actual equipo directivo del IEO es consciente de esta situaci\u00f3n, que ha sido\u00a0<\/span><span style=\"font-size: 14pt; font-family: arial, helvetica, sans-serif;\">denunciada en numerosas ocasiones, si bien no ha conseguido remediarla, ni la ha\u00a0<\/span><span style=\"font-size: 14pt; font-family: arial, helvetica, sans-serif;\">denunciado p\u00fablicamente. Por todo ello, los trabajadores del IEO que suscriben este manifiesto, pertenecientes a\u00a0las escalas de investigaci\u00f3n, t\u00e9cnicas y administrativas, enormemente preocupados de\u00a0ver como el IEO est\u00e1 colapsado y observando con asombro el nivel de conformismo del\u00a0equipo directivo del IEO, se ven en la obligaci\u00f3n de denunciar esta dram\u00e1tica situaci\u00f3n.<\/span><\/p>\n<\/div>\n<\/div>\n<p>\n<a href=\"https:\/\/puntocritico.com\/ausajpuntocritico\/wp-content\/uploads\/2018\/03\/Mosca_Punto_Cr\u00edtico_40.png\" rel=\"lightbox[10083]\"><img loading=\"lazy\" decoding=\"async\" class=\"aligncenter wp-image-9528\" src=\"https:\/\/puntocritico.com\/ausajpuntocritico\/wp-content\/uploads\/2018\/03\/Mosca_Punto_Cr\u00edtico_40.png\" alt=\"\" width=\"40\" height=\"40\" \/><\/a><\/p>\n<h1 class=\"pg-headline\" style=\"text-align: center;\"><a id=\"ref7\"><\/a><a href=\"#ref7a\">[7]<\/a> La Xunta prev\u00e9 que el personal m\u00e9dico del centro de menores que privatiza en Ourense pueda trabajar como aut\u00f3nomo<\/h1>\n<p><span style=\"font-size: 14pt;\">Por\u00a0David Lombao<\/span><\/p>\n<p><span style=\"color: #339966;\">Art\u00edculo publicado el 19 de marzo de 2018 en:<\/span><br \/>\n<span style=\"color: #339966;\"> <a style=\"color: #339966;\" href=\"https:\/\/www.eldiario.es\/galicia\/Xunta-contempla-personal-privatiza-Ourense_0_751375211.html\" target=\"_blank\" rel=\"noopener\">https:\/\/www.eldiario.es\/galicia\/Xunta-contempla- personal-privatiza- Ourense_0_751375211.html<\/a><\/span><\/p>\n<p>&nbsp;<\/p>\n<blockquote>\n<p style=\"text-align: justify;\"><span style=\"color: #008000;\"><strong><span style=\"font-size: 14pt; font-family: arial, helvetica, sans-serif;\">Profesionales de medicina, psiquiatr\u00eda y enfermer\u00eda del centro de Montealegre podr\u00e1n ser aut\u00f3nomos y los servicios de mantenimiento, limpieza, cocina y lavander\u00eda, subcontratados a empresas externas<\/span><\/strong><\/span><\/p>\n<p style=\"text-align: justify;\"><span style=\"color: #008000;\"><strong><span style=\"font-size: 14pt; font-family: arial, helvetica, sans-serif;\">El PP tumba una iniciativa parlamentaria que reclamaba mantener el complejo como p\u00fablico tras haber estado cerrado seis a\u00f1os y haber recibido una inversi\u00f3n de 2 millones de euros p\u00fablicos en\u00a0obras<\/span><\/strong><\/span><\/p>\n<\/blockquote>\n<p>&nbsp;<\/p>\n<figure id=\"attachment_10090\" aria-describedby=\"caption-attachment-10090\" style=\"width: 643px\" class=\"wp-caption aligncenter\"><a href=\"https:\/\/puntocritico.com\/ausajpuntocritico\/wp-content\/uploads\/2018\/03\/Interior-cuarto-Montealegre-ultimas-reformas_EDIIMA20180318_0388_19.jpg\" rel=\"lightbox[10083]\"><img loading=\"lazy\" decoding=\"async\" class=\"wp-image-10090 size-full\" src=\"https:\/\/puntocritico.com\/ausajpuntocritico\/wp-content\/uploads\/2018\/03\/Interior-cuarto-Montealegre-ultimas-reformas_EDIIMA20180318_0388_19.jpg\" alt=\"\" width=\"643\" height=\"362\" srcset=\"https:\/\/puntocritico.com\/ausajpuntocritico\/wp-content\/uploads\/2018\/03\/Interior-cuarto-Montealegre-ultimas-reformas_EDIIMA20180318_0388_19.jpg 643w, https:\/\/puntocritico.com\/ausajpuntocritico\/wp-content\/uploads\/2018\/03\/Interior-cuarto-Montealegre-ultimas-reformas_EDIIMA20180318_0388_19-300x169.jpg 300w\" sizes=\"auto, (max-width: 643px) 100vw, 643px\" \/><\/a><figcaption id=\"caption-attachment-10090\" class=\"wp-caption-text\"><span style=\"color: #339966;\"><strong><span style=\"font-size: 10pt;\">Interior de un cuarto en el centro de Montealegre antes de las \u00faltimas reformas IMAGEN FACILITADA A LOS CONTRATISTAS<\/span><\/strong><\/span><\/figcaption><\/figure>\n<p class=\"mce\" style=\"text-align: justify;\"><span style=\"font-size: 14pt; font-family: arial, helvetica, sans-serif;\">Seis a\u00f1os despu\u00e9s de lo que hab\u00eda sido presentado como un cierre de unos ocho meses del centro de menores de Montealegre, en Ourense, para realizar \u00abobras de remodelaci\u00f3n y acondicionamiento\u00bb, la Conseller\u00eda de Pol\u00edtica Social de la Xunta se dispone a reabrirlo. Lo va a hacer,\u00a0<a class=\"mce\" href=\"http:\/\/praza.gal\/politica\/16249\/a-xunta-privatiza-un-centro-de-menores-en-ourense-tras-telo-pechado-seis-anos-e-gastar-2-millons-en-reformalo\/\" target=\"_blank\" rel=\"noopener\">como\u00a0ha venido informando Praza.gal<\/a>, mediante una f\u00f3rmula de gesti\u00f3n\u00a0privada hasta el a\u00f1o 2020 financiada con hasta 3,2 millones de euros que llega despu\u00e9s de que\u00a0hayan salido de las arcas p\u00fablicas unos 2 millones en reformas del complejo. Tras dejar el centro sin personal p\u00fablico -mediante despidos y traslados- la empresa o entidad que obtenga el contrato\u00a0aportar\u00e1 tambi\u00e9n una nuevo plantilla. En ela se incluye personal m\u00e9dico para\u00a0el\u00a0cual la Xunta admite una f\u00f3rmula dif\u00edcilmente\u00a0encajable si Montealegre continuara bajo gesti\u00f3n p\u00fablica: que trabaje como aut\u00f3nomo.<\/span><\/p>\n<p class=\"mce\" style=\"text-align: justify;\"><span style=\"font-size: 14pt; font-family: arial, helvetica, sans-serif;\">El pliego de condiciones de la privatizaci\u00f3n, en marcha desde finales de febrero, se\u00f1ala que este centro, especializado en menores de 12 a 17 con \u00abgraves problemas de conducta\u00bb bajo \u00abguardia o tutela de la Xunta\u00bb por orden judicial, tendr\u00e1 que contar con un\u00a0cuadro m\u00ednimo formado por casi una cuarentena de profesionales. En esa plantilla figuran los puestos de direcci\u00f3n y subdirecci\u00f3n, 17 de educaci\u00f3n de los que tres pueden ser tambi\u00e9n de \u00abcoordinaci\u00f3n del equipo educativo\u00bb o dos puestos de psicolog\u00eda cl\u00ednica especializada.<\/span><\/p>\n<section id=\"edi-ad-slot-intext\" class=\"md-advertisement md hspace no-adv-socios\" role=\"marquee\" data-google-query-id=\"CITi1ITVgNoCFcuPGwodC1kHEQ\">\n<div id=\"google_ads_iframe_\/123333327\/eldiario.es\/noticia_intext_0__container__\" style=\"text-align: justify;\"><span style=\"font-size: 14pt; font-family: arial, helvetica, sans-serif;\">Junto a ellos\u00a0se incluyen otros puestos con menos estabilidad. Entre ellos el pliego de condiciones incluye \u00abun m\u00e9dico, a media jornada, o profesional aut\u00f3nomo que preste el servicio\u00bb y agrega otro puesto de psiquiatr\u00eda y\u00a0uno m\u00e1s\u00a0de enfermer\u00eda en id\u00e9nticas condiciones. El pliego no fija un n\u00famero de horas de disponibilidad en caso de que la empresa adjudicataria opte por personal aut\u00f3nomo y tampoco aporta\u00a0detalles sobre su remuneraci\u00f3n. Los \u00abprofesionales aut\u00f3nomos\u00bb son tambi\u00e9n una opci\u00f3n que Pol\u00edtica Social en las \u00e1reas de mantenimiento, limpieza, cocina y lavander\u00eda, campos en los que\u00a0adem\u00e1s permite que la adjudicataria subcontrate el servicio a \u00abempresas externas\u00bb.<\/span><\/div>\n<\/section>\n<p class=\"mce\" style=\"text-align: justify;\"><span style=\"font-size: 14pt; font-family: arial, helvetica, sans-serif;\">Esta f\u00f3rmula de gesti\u00f3n ya\u00a0ha sido recahazada\u00a0por parte del personal de Pol\u00edtica Social en la provincia de Ourense -representado por los sindicatos CCOO, CIG, CSIF, UGT y SUMA- y tambi\u00e9n desde el Colegio de Educadoras y Educadores Sociales de Galicia. En el caso de este colectivo profesional la alerta se centra en las diecisiete plazas de personal educativo.<\/span><\/p>\n<p class=\"mce\" style=\"text-align: justify;\"><span style=\"font-size: 14pt; font-family: arial, helvetica, sans-serif;\">El propio pliego, destaca el CEESG, solo pide que la entidad adjudicataria se dote de personal \u00aben posesi\u00f3n de una titulaci\u00f3n universitaria media, superior o de grado en materias propias o relacionadas con la intervenci\u00f3n educativa o social\u00bb. Esta \u00abdescripci\u00f3n\u00bb, se\u00f1ala el colegio, deja claro que \u00abla titulaci\u00f3n necesaria y adecuada\u00bb es la de Educaci\u00f3n Social, creada en los a\u00f1os 90 en Galicia precisamente para atender estas labores. No exigirla pone \u00aben juego los intereses laborales\u00bb del sector, pero tambi\u00e9n la \u00abcalidad del servicio socioeducativo\u00bb que reciben los menores, por lo que est\u00e1n \u00abestudiando\u00bb la posibilidad de \u00abemprender acciones legales\u00bb contra la contrataci\u00f3n.<\/span><\/p>\n<div class=\"inset cf width643\" style=\"text-align: justify;\">\n<figure class=\"media-holder\">\n<div class=\"mg \">\n<figure id=\"attachment_10091\" aria-describedby=\"caption-attachment-10091\" style=\"width: 643px\" class=\"wp-caption aligncenter\"><a href=\"https:\/\/puntocritico.com\/ausajpuntocritico\/wp-content\/uploads\/2018\/03\/Noela-Blanco-PSdeG-Rodriguez-PP_EDIIMA20180318_0390_19.jpg\" rel=\"lightbox[10083]\"><img loading=\"lazy\" decoding=\"async\" class=\"wp-image-10091 size-full\" src=\"https:\/\/puntocritico.com\/ausajpuntocritico\/wp-content\/uploads\/2018\/03\/Noela-Blanco-PSdeG-Rodriguez-PP_EDIIMA20180318_0390_19.jpg\" alt=\"\" width=\"643\" height=\"309\" srcset=\"https:\/\/puntocritico.com\/ausajpuntocritico\/wp-content\/uploads\/2018\/03\/Noela-Blanco-PSdeG-Rodriguez-PP_EDIIMA20180318_0390_19.jpg 643w, https:\/\/puntocritico.com\/ausajpuntocritico\/wp-content\/uploads\/2018\/03\/Noela-Blanco-PSdeG-Rodriguez-PP_EDIIMA20180318_0390_19-300x144.jpg 300w\" sizes=\"auto, (max-width: 643px) 100vw, 643px\" \/><\/a><figcaption id=\"caption-attachment-10091\" class=\"wp-caption-text\"><span style=\"font-size: 10pt;\"><strong><span style=\"color: #339966;\">Noela Blanco (PSdeG) y Marta Rodr\u00edguez (PP)\u00a0PARLAMENTO DE GALICIA<\/span><\/strong><\/span><\/figcaption><\/figure>\n<\/div>\n<\/figure>\n<\/div>\n<h4 style=\"text-align: justify;\"><span style=\"font-size: 14pt; font-family: arial, helvetica, sans-serif;\">El PP rechaza en el Parlamento mantener la gesti\u00f3n p\u00fablica<\/span><\/h4>\n<p class=\"mce\" style=\"text-align: justify;\"><span style=\"font-size: 14pt; font-family: arial, helvetica, sans-serif;\">El inicio del proceso para privatizar la gesti\u00f3n de Montealegre cuadr\u00f3 con el debate, la pasada semana, de una iniciativa del PSdeG en el Parlamento\u00a0para\u00a0reclamar que el complejo permanezca como \u00abcentro de gesti\u00f3n p\u00fablica con personal p\u00fablico\u00bb, resumi\u00f3 la diputada Noela Blanco. La privatizaci\u00f3n, afirma, traer\u00e1 consigo \u00abun incremento de coste\u00bb para la Administraci\u00f3n, y al tiempo, \u00abmenor control\u00bb de la Xunta sobre \u00abuno de los los\u00a0eslabones m\u00e1s d\u00e9biles de la ciudadan\u00eda\u00bb, como son los menores con problemas de conducta. Por si fuera poco, critica, \u00abdejan fuera la Educaci\u00f3n Social\u00bb de las exigencias del personal.<\/span><\/p>\n<p class=\"mce\" style=\"text-align: justify;\"><span style=\"font-size: 14pt; font-family: arial, helvetica, sans-serif;\">La iniciativa del PSdeG recibi\u00f3 el apoyo del BNG, que a trav\u00e9s de Montse Prado subray\u00f3 que Montealegre \u00abtiene que ser de gesti\u00f3n p\u00fablica\u00bb, y tambi\u00e9n de En Marea, cuya diputada Paula V\u00e1zquez\u00a0Verao califica este proceso de \u00abinfamia y enga\u00f1o\u00bb. Los recursos p\u00fablicos, se\u00f1ala, no pueden dedicarse a \u00abhacer negocio en un campo tan sensible\u00bb y menos a\u00fan tras m\u00e1s de media d\u00e9cada de cierre del centro.<\/span><\/p>\n<p class=\"mce\" style=\"text-align: justify;\"><span style=\"font-size: 14pt; font-family: arial, helvetica, sans-serif;\">Las intervenciones de la izquierda fueron\u00a0replicadas desde el PP por la diputada Marta Rodr\u00edguez Arias, que las reduce\u00a0a meras \u00abfrivolidades\u00bb sin \u00abun m\u00ednimo de seriedad\u00bb. Montealegre no se privatiza, mantiene, porque \u00ablo que existe es una contrataci\u00f3n p\u00fablica por parte de una entidad del tercer sector\u00bb a la que se le encomendar\u00e1 reabrir el complejo como \u00abun nuevo centro\u00bb que \u00abd\u00e9 respuesta a menores con trastornos de conducta y necesidades terap\u00e9uticas\u00bb.<\/span><\/p>\n<p class=\"mce\" style=\"text-align: justify;\"><span style=\"font-size: 14pt; font-family: arial, helvetica, sans-serif;\">All\u00ed, asegura la popular, se atender\u00e1n \u00absituaciones derivadas de patolog\u00edas de salud mental\u00bb. No obstante, en el pliego de condiciones se indica expl\u00edcitamente que \u00abno podr\u00e1n ser ingresados\u00bb los \u00abmenores que presenten enfermedades o transtornos mentales que requieran tratamientos espec\u00edficos en servicios de salud mental\u00bb, as\u00ed como tampoco menores con \u00abdiscapacidad grave o profunda\u00bb.<\/span><\/p>\n<p class=\"mce\" style=\"text-align: justify;\"><span style=\"font-size: 14pt; font-family: arial, helvetica, sans-serif;\">Para Rodr\u00edguez Arias las acusaciones de la oposici\u00f3n se enmarcan en una \u00abcantinela absurda\u00bb sobre privatizaciones que \u00abno hay quien se la crea\u00bb. \u00abPor desgracia, ten\u00edamos raz\u00f3n\u00bb,\u00a0replic\u00f3 Noela Blanco, quien adem\u00e1s advierte de que portales de\u00a0b\u00fasqueda\u00a0de empleo en internet ya est\u00e1n ofertando, incluso antes de que el servicio est\u00e9 adjudicado, puestos de trabajo en este centro de menores para puestos como la cocina o el servicio educativo.<\/span><\/p>\n<p>&nbsp;<\/p>\n<p><img loading=\"lazy\" decoding=\"async\" class=\"aligncenter wp-image-9528\" src=\"https:\/\/puntocritico.com\/ausajpuntocritico\/wp-content\/uploads\/2018\/03\/Mosca_Punto_Cr\u00edtico_40.png\" alt=\"\" width=\"40\" height=\"40\" \/><\/p>\n<header class=\"article-header\">\n<div class=\"article-header-title\">\n<h1 style=\"text-align: center;\"><a id=\"ref8\"><\/a><a href=\"#ref8a\">[8]<\/a> El PSOE votar\u00e1 en contra de la reforma de la Ley de Amnist\u00eda para no generar \u00abinseguridad jur\u00eddica\u00bb<\/h1>\n<\/div>\n<p>Por P\u00fablico<\/p>\n<div><span style=\"color: #339966;\">Art\u00edculo publicado el 19 de marzo de 2018 en:<\/span><\/div>\n<div><a href=\"http:\/\/www.publico.es\/politica\/psoe-votara-reforma-ley-amnistia-generar-inseguridad-juridica.html\" target=\"_blank\" rel=\"noopener\">http:\/\/www.publico.es\/politica\/psoe-votara-reforma-ley-amnistia-generar-inseguridad-juridica.html<\/a><\/div>\n<\/header>\n<div>\u00a0<\/div>\n<blockquote>\n<div style=\"text-align: justify;\"><strong><span style=\"font-family: arial, helvetica, sans-serif; font-size: 14pt; color: #008000;\">El Congreso debate una reforma de la Ley de Amnist\u00eda, propuesta por\u00a0Podemos, sus confluencias, ERC, PNV, PdeCAT, Comprom\u00eds Bildu y Nueva Canarias, para poder juzgar los cr\u00edmenes franquista<\/span><\/strong><\/div>\n<\/blockquote>\n<div>\u00a0<\/div>\n<div>\u00a0<\/div>\n<div>\n<figure id=\"attachment_10126\" aria-describedby=\"caption-attachment-10126\" style=\"width: 660px\" class=\"wp-caption aligncenter\"><a href=\"https:\/\/puntocritico.com\/ausajpuntocritico\/wp-content\/uploads\/2018\/03\/585859386e9dd.jpg\" rel=\"lightbox[10083]\"><img loading=\"lazy\" decoding=\"async\" class=\"wp-image-10126 size-full\" src=\"https:\/\/puntocritico.com\/ausajpuntocritico\/wp-content\/uploads\/2018\/03\/585859386e9dd.jpg\" alt=\"\" width=\"660\" height=\"340\" srcset=\"https:\/\/puntocritico.com\/ausajpuntocritico\/wp-content\/uploads\/2018\/03\/585859386e9dd.jpg 660w, https:\/\/puntocritico.com\/ausajpuntocritico\/wp-content\/uploads\/2018\/03\/585859386e9dd-300x155.jpg 300w\" sizes=\"auto, (max-width: 660px) 100vw, 660px\" \/><\/a><figcaption id=\"caption-attachment-10126\" class=\"wp-caption-text\"><strong><span style=\"font-size: 10pt; color: #339966;\">Momento en que se apueba la Ley de Amnist\u00eda del 77.- EFE<\/span><\/strong><\/figcaption><\/figure>\n<\/div>\n<header class=\"article-header\">\n<p>&nbsp;<\/p>\n<p style=\"text-align: justify;\"><span style=\"font-family: arial, helvetica, sans-serif; font-size: 14pt;\">El Pleno del Congreso debate este martes\u00a0<\/span><b style=\"font-family: arial, helvetica, sans-serif; font-size: 14pt;\">si admite a tr\u00e1mite una propuesta de reforma de la Ley de Amnist\u00eda<\/b><span style=\"font-family: arial, helvetica, sans-serif; font-size: 14pt;\">\u00a0de 1977 para que se puedan juzgar en Espa\u00f1a los cr\u00edmenes cometidos por la dictadura franquista.<\/span><\/p>\n<\/header>\n<div class=\"article-content\">\n<div class=\"column left-side\">\n<div class=\"article-body\">\n<div class=\"article-text\">\n<p id=\"m123-7-124\" style=\"text-align: justify;\"><span style=\"font-family: arial, helvetica, sans-serif; font-size: 14pt;\">La vicesecretaria general del PSOE, Adriana Lastra, adelant\u00f3 este lunes que el Grupo Socialista no va a apoyar la propuesta de reforma de la Ley de Amnist\u00eda que apoyan otros grupos del Congreso.<\/span><\/p>\n<div class=\"teads-inread\" style=\"text-align: justify;\">\n<div>\n<div id=\"teads0\" class=\"teads-player\"><span style=\"font-family: arial, helvetica, sans-serif; font-size: 14pt;\">La \u201cnumero dos\u201d del PSOE indic\u00f3 que hay muchas medidas de la propuesta que comparte, pero indic\u00f3 que\u00a0<b>tal y como est\u00e1 formulada genera \u201cmucha inseguridad jur\u00eddica<\/b>\u201d, seg\u00fan los expertos a los que ha consultado el partido. Por ello, el PSOE votar\u00e1 en contra y este martes explicar\u00e1 las lagunas legales que ve para que pudiera prosperar esta iniciativa.<\/span><\/div>\n<\/div>\n<\/div>\n<p id=\"m31-1-32\" style=\"text-align: justify;\"><span style=\"font-family: arial, helvetica, sans-serif; font-size: 14pt;\">La iniciativa fue registrada el pasado 25 de octubre, coincidiendo con\u00a0<b>el 40 aniversario de la aprobaci\u00f3n<\/b>\u00a0de aquella norma con las firmas de Podemos, sus confluencias, ERC, PNV, PdeCAT, Comprom\u00eds Bildu y Nueva Canarias.<\/span><\/p>\n<p id=\"m36-2-37\" style=\"text-align: justify;\"><span style=\"font-family: arial, helvetica, sans-serif; font-size: 14pt;\">Izquierda Unida, socio electoral de Podemos, registr\u00f3 el mismo d\u00eda en solitario su propia iniciativa para lograr el mismo fin, pero por otros medios. En lugar de reformar la norma, los de\u00a0<b>Alberto Garz\u00f3n<\/b>\u00a0apuestan por anularla y por\u00a0<b>obligar al Gobierno a apoyar las reclamaciones que formulen ciudadanos<\/b>, entidades o instituciones por los delitos cometidos durante la dictadura.<\/span><\/p>\n<p id=\"m41-3-42\" style=\"text-align: justify;\"><span style=\"font-family: arial, helvetica, sans-serif; font-size: 14pt;\">En concreto, la modificaci\u00f3n de la Ley de Amnist\u00eda cuya toma en consideraci\u00f3n se votar\u00e1 el martes consiste en la introducci\u00f3n de\u00a0<b>un nuevo p\u00e1rrafo en el art\u00edculo 9<\/b>para dejar claro que las disposiciones contenidas en la norma \u00abno impedir\u00e1n que los juzgados y tribunales investiguen, enjuicien e impongan las\u00a0<b>penas correspondientes a las personas responsables de haber cometido delito de genocidio, lesa humanidad, delitos de guerra y otras graves violaciones de Derechos Humanos<\/b>\u00ab.<\/span><\/p>\n<p id=\"m46-4-47\" style=\"text-align: justify;\"><span style=\"font-family: arial, helvetica, sans-serif; font-size: 14pt;\">Los mismos grupos registraron en paralelo una propuesta de reforma del C\u00f3digo Penal que a\u00fan sigue pendiente de debate en el Congreso. En esa proposici\u00f3n de ley, complementaria de la que se votar\u00e1 el martes, abogan por a\u00f1adir\u00a0<b>un nuevo art\u00edculo en el C\u00f3digo Penal<\/b>, para afianzar la figura de la imprescriptibilidad de los cr\u00edmenes contra la humanidad, conforme al Derecho Internacional y a los distintos tratados suscritos por Espa\u00f1a.<\/span><\/p>\n<p id=\"m51-5-52\" style=\"text-align: justify;\"><span style=\"font-family: arial, helvetica, sans-serif; font-size: 14pt;\">La diputada de Podemos destac\u00f3 cuando se presentaron ambas iniciativas que con estas reformas se da cumplimiento a las recomendaciones de organismos internacionales que, como Naciones Unidas, han pedido que se modifique la Ley de Amnist\u00eda. \u00abVemos con dolor que partidos que tambi\u00e9n participaron en la lucha antifranquista, como el PSOE, hoy no est\u00e9 aqu\u00ed. <b>Se equivocan al pensar que el olvido puede amortiguar el dolor<\/b>\u00ab, coment\u00f3 en su d\u00eda el portavoz de ERC, Joan Tard\u00e0.<\/span><\/p>\n<p id=\"m56-6-57\" style=\"text-align: justify;\"><span style=\"font-family: arial, helvetica, sans-serif; font-size: 14pt;\">Desde En Marea,\u00a0<b>Yolanda D\u00edaz<\/b>, mostr\u00f3 su deseo de que finalmente los tribunales espa\u00f1oles \u00abse normalicen y se acomoden a lo que dicen las normas internacionales que son las sociedades civilizadas\u00bb y en lo mismo incidi\u00f3\u00a0<b>Enric Bataller<\/b>, de Comprom\u00eds, quien record\u00f3 que el art\u00edculo 10 de la Constituci\u00f3n obliga a Espa\u00f1a a atender las normas de Derecho Internacional que decretan la imprescriptibilidad de los cr\u00edmenes de guerra y lesa humanidad.<\/span><\/p>\n<\/div>\n<\/div>\n<\/div>\n<\/div>\n<p>\n<a href=\"https:\/\/puntocritico.com\/ausajpuntocritico\/wp-content\/uploads\/2018\/03\/Mosca_Punto_Cr\u00edtico_40.png\" rel=\"lightbox[10083]\"><img loading=\"lazy\" decoding=\"async\" class=\"aligncenter wp-image-9528\" src=\"https:\/\/puntocritico.com\/ausajpuntocritico\/wp-content\/uploads\/2018\/03\/Mosca_Punto_Cr\u00edtico_40.png\" alt=\"\" width=\"40\" height=\"40\" \/><\/a><\/p>\n<header class=\"article-header\">\n<div class=\"article-header-title\">\n<h1 style=\"text-align: center;\"><a id=\"ref9\"><\/a><a href=\"#ref9a\">[9]<\/a> El Supremo confirma el desamparo de la \u00faltima v\u00edctima de la Guerra Civil<\/h1>\n<\/div>\n<div class=\"article-header-epigraph\">\n<p><span style=\"font-size: 12pt;\">Por\u00a0EDUARDO BAYONA<\/span><\/p>\n<div class=\"place-container\"><span id=\"m168-167-169\" class=\"place\" style=\"color: #339966;\">Art\u00edculo publicado el 15 de marzo de 2018 en:<\/span><\/div>\n<div class=\"place-container\"><a href=\"http:\/\/www.publico.es\/espana\/supremo-confirma-desamparo-ultima-victima-guerra-civil.html\" target=\"_blank\" rel=\"noopener\"><span id=\"m168-167-169\" class=\"place\" style=\"color: #339966;\">http:\/\/www.publico.es\/espana\/supremo-confirma-desamparo-ultima-victima-guerra-civil.html<\/span><\/a><\/div>\n<\/div>\n<\/header>\n<div>\u00a0<\/div>\n<blockquote>\n<div style=\"text-align: justify;\"><span style=\"color: #008000;\"><strong>El tribunal entierra por una cuesti\u00f3n formal el pleito en el que una anciana, trastornada desde que vio morir tiroteada a su madre a manos de los regulares rife\u00f1os hace 80 a\u00f1os, reclama su reconocimiento como mutilada de guerra<\/strong><\/span><\/div>\n<\/blockquote>\n<div>\u00a0<\/div>\n<header class=\"article-header\">\n<div class=\"article-header-epigraph\">\n<figure id=\"attachment_10127\" aria-describedby=\"caption-attachment-10127\" style=\"width: 660px\" class=\"wp-caption aligncenter\"><a href=\"https:\/\/puntocritico.com\/ausajpuntocritico\/wp-content\/uploads\/2018\/03\/59035ecd30535.jpg\" rel=\"lightbox[10083]\"><img loading=\"lazy\" decoding=\"async\" class=\"wp-image-10127 size-full\" src=\"https:\/\/puntocritico.com\/ausajpuntocritico\/wp-content\/uploads\/2018\/03\/59035ecd30535.jpg\" alt=\"\" width=\"660\" height=\"340\" srcset=\"https:\/\/puntocritico.com\/ausajpuntocritico\/wp-content\/uploads\/2018\/03\/59035ecd30535.jpg 660w, https:\/\/puntocritico.com\/ausajpuntocritico\/wp-content\/uploads\/2018\/03\/59035ecd30535-300x155.jpg 300w\" sizes=\"auto, (max-width: 660px) 100vw, 660px\" \/><\/a><figcaption id=\"caption-attachment-10127\" class=\"wp-caption-text\"><span style=\"font-size: 10pt; color: #339966;\"><strong>Los regulares rife\u00f1os entraron a sangre y fuego en el peque\u00f1o pueblo turolense de La Zoma el 13 de marzo de 1938, diez d\u00edas despu\u00e9s de que la aviaci\u00f3n legionaria italiana bombardeara Alca\u00f1iz.<\/strong><\/span><\/figcaption><\/figure><\/p>\n<p>&nbsp;<\/p>\n<p style=\"text-align: justify;\"><span style=\"font-family: arial, helvetica, sans-serif; font-size: 14pt;\">Una cuesti\u00f3n de formas ha cortocircuitado en la Audiencia Nacional el recorrido judicial de un asunto de fondo: el reconocimiento como mutilada de guerra Miguela Gasc\u00f3n Mill\u00e1n, una anciana nonagenaria que ha vivido trastornada desde que hace 80 a\u00f1os, cuando ella ten\u00eda once, contempl\u00f3 paralizada la ag\u00f3nica muerte de su madre: falleci\u00f3 desangrada tras tirotearla en su propia casa el mismo grupo de regulares rife\u00f1os que minutos antes, al asaltar su pueblo en plena guerra civil, hab\u00edan violado a una prima suya de veinte a\u00f1os y decapitado a un primo de catorce.<\/span><\/p>\n<\/div>\n<\/header>\n<div class=\"article-content\">\n<div class=\"column left-side\">\n<div class=\"article-body\">\n<div class=\"article-text\">\n<p id=\"m59-1-60\" style=\"text-align: justify;\"><span style=\"font-size: 14pt; font-family: arial, helvetica, sans-serif;\">La Audiencia Nacional dictamin\u00f3 el a\u00f1o pasado, sin que ning\u00fan forense la hubiera examinado, que el cuadro de anergia (trastorno del sistema inmunitario) y distimia (similar a la depresi\u00f3n) que presenta, con alteraciones del sue\u00f1o, baja autoestima, dificultades para concentrarse y sentimientos de desesperanza, responde a una patolog\u00eda m\u00faltiple provocada por \u201c<b>enfermedades comunes, derivadas casi de la edad<\/b>\u201d, y no, como sostiene el servicio de Psiquiatr\u00eda del hospital barcelon\u00e9s Dos de Maig, a una \u201ccausalidad exclusiva\u201d vinculada con los estremecedores hechos que presenci\u00f3 el 13 de marzo de 1938 en La Zoma (Teruel),una peque\u00f1a localidad que llevaba dos meses atrapada entre las l\u00edneas del ej\u00e9rcito republicano y el sublevado.<\/span><\/p>\n<div class=\"teads-inread\" style=\"text-align: justify;\">\n<div class=\"teads-ui-components-credits\"><a href=\"https:\/\/puntocritico.com\/ausajpuntocritico\/wp-content\/uploads\/2018\/03\/5aac24e18fcbb.r_1521382026066.0-119-1007-1379.jpg\" rel=\"lightbox[10083]\"><img loading=\"lazy\" decoding=\"async\" class=\"wp-image-10128 size-full alignleft\" src=\"https:\/\/puntocritico.com\/ausajpuntocritico\/wp-content\/uploads\/2018\/03\/5aac24e18fcbb.r_1521382026066.0-119-1007-1379.jpg\" alt=\"\" width=\"240\" height=\"300\" \/><\/a><\/div>\n<\/div>\n<div id=\"m64-2-65\" class=\"image-vertical\" style=\"text-align: justify;\">\n<div class=\"image-vertical-content\">\n<div id=\"m68-67-69\" class=\"image\">\n<div class=\"kalooga_SVG kalooga_richbutton\">\n<div class=\"kalooga_post\"><span style=\"font-family: arial, helvetica, sans-serif; font-size: 14pt;\">Tras la sentencia de la Audiencia Nacional, que ratificaba la decisi\u00f3n que unos meses antes hab\u00edan tomado la Seguridad Social y el Tribunal Econ\u00f3mico Administrativo Central, este por silencio administrativo, a Miguela le fue reconocido el derecho a la asistencia jur\u00eddica gratuita, lo que le permiti\u00f3 plantear un recurso de casaci\u00f3n ante el Supremo.<\/span><\/div>\n<\/div>\n<\/div>\n<\/div>\n<\/div>\n<p id=\"m86-4-87\" style=\"text-align: justify;\"><span style=\"font-size: 14pt; font-family: arial, helvetica, sans-serif;\">Este, sin embargo, nunca lleg\u00f3 a alto tribunal. La secci\u00f3n s\u00e9ptima de la Sala de lo Contencioso de la Audiencia Nacional vet\u00f3 el recurso de su abogado de oficio alegando que este no hab\u00eda se\u00f1alado \u201cel fundamento que determina la infracci\u00f3n del inter\u00e9s casacional objetivo\u201d. Seg\u00fan el tribunal, se limitaba a indicar que la sentencia vulneraba el derecho a la tutela judicial efectiva de Miguela al no pronunciarse sobre algunas cuestiones planteadas en la causa, pero sin especificarlas.<\/span><\/p>\n<h2 id=\"m91-5-92\" class=\"highlighted\" style=\"text-align: justify;\"><span style=\"font-size: 14pt; font-family: arial, helvetica, sans-serif;\">\u201cEs nuestra pen\u00faltima esperanza\u201d<\/span><\/h2>\n<p id=\"m96-6-97\" style=\"text-align: justify;\"><span style=\"font-size: 14pt; font-family: arial, helvetica, sans-serif;\">\u201cS\u00ed se ha determinado la causa determinante del inter\u00e9s objetivo y las normas infringidas\u201d, se quej\u00f3 el letrado ante el Supremo, cuya Sala Tercera, por el contrario, ratific\u00f3 que el escrito inicial del recurso \u201cincumple los requisitos\u201d al carecer de \u201cninguna argumentaci\u00f3n para sostener la existencia de ese inter\u00e9s casacional\u201d concreto.<\/span><\/p>\n<p id=\"m101-7-102\" style=\"text-align: justify;\"><span style=\"font-size: 14pt; font-family: arial, helvetica, sans-serif;\">El tribunal admite que el abogado \u201cdedica un apartado de su exposici\u00f3n a razonar las infracciones jur\u00eddicas que denuncia\u201d, aunque no \u201ccon la indispensable precisi\u00f3n acerca del trascendental requisito\u201d.<\/span><\/p>\n<p id=\"m106-8-107\" style=\"text-align: justify;\"><span style=\"font-size: 14pt; font-family: arial, helvetica, sans-serif;\">\u201cVamos a llevar el asunto al Constitucional, que es nuestra pen\u00faltima esperanza antes del Tribunal Europeo de Derechos Humanos\u201d, explica Albert Gabarr\u00f3, hijo de Miguela, que se encarga de su cuidado en Barcelona tras haber enviudado hace nueve a\u00f1os.<\/span><\/p>\n<p id=\"m111-9-112\" style=\"text-align: justify;\"><span style=\"font-size: 14pt; font-family: arial, helvetica, sans-serif;\">La anciana, afectada por un parkinson que limita su moviidad, apenas sale a la calle, m\u00e1s all\u00e1 de algunos traslados para visitas m\u00e9dicas o sesiones de fisioterapia. \u201cEst\u00e1 al tanto de todo\u201d, explica Albert, que recuerda c\u00f3mo \u201csolt\u00f3 un buen taco\u201d cuando supo que la Audiencia Nacional hab\u00eda concluido que sufr\u00eda una acumulaci\u00f3n de enfermedades comunes. \u201cLo que le hizo m\u00e1s da\u00f1o fue la desestimaci\u00f3n\u201d en la Audiencia, anota.<\/span><\/p>\n<h2 id=\"m116-10-117\" class=\"highlighted\" style=\"text-align: justify;\"><span style=\"font-size: 14pt; font-family: arial, helvetica, sans-serif;\">Sin examen psiqui\u00e1trico<\/span><\/h2>\n<p id=\"m121-11-122\" style=\"text-align: justify;\"><span style=\"font-size: 14pt; font-family: arial, helvetica, sans-serif;\">La pelea judicial de Miguela y Albert no responde a un inter\u00e9s econ\u00f3mico, puesto que la pensi\u00f3n que le corresponde a un mutilado de guerra es de apenas mil euros anuales. Hace siete a\u00f1os, tras enviudar, obtuvo una de 156 mensuales por orfandad con minisval\u00eda que a\u00f1os antes le hab\u00eda sido denegada al vetar la legislaci\u00f3n franquista que pudiera acceder a ella una mujer casada.<\/span><\/p>\n<p id=\"m126-12-127\" style=\"text-align: justify;\"><span style=\"font-size: 14pt; font-family: arial, helvetica, sans-serif;\">El informe en el que la Audiencia Nacional bas\u00f3 su decisi\u00f3n hab\u00eda sido elaborado por la Unitat de Valoraci\u00f3 M\u00e8dica d\u2019Incapacitats del Institut Catal\u00e0 de la Salut (ICS) a partir, precisamente, de la documentaci\u00f3n presentada por Miguela para acceder a la minusval\u00eda. Los m\u00e9dicos se\u00f1alan en \u00e9l que la mujer padece una \u201cpatolog\u00eda m\u00faltiple producida por enfermedad com\u00fan\u201d, aunque llegan a esa conclusi\u00f3n sin que ning\u00fan psiquiatra llegara a examinarla.<\/span><\/p>\n<p id=\"m131-13-132\" style=\"text-align: justify;\"><span style=\"font-size: 14pt; font-family: arial, helvetica, sans-serif;\">La ley reconoce la condici\u00f3n de mutilado de guerra a todo civil o militar que sufra una \u201cdisminuci\u00f3n notoria de sus facultades f\u00edsicas o ps\u00edquicas\u201d como \u201cconsecuencia directa o indirecta de acciones b\u00e9licas\u201d o por haber resultado herido en la guerra civil.<\/span><\/p>\n<p id=\"m136-14-137\" style=\"text-align: justify;\"><span style=\"font-size: 14pt; font-family: arial, helvetica, sans-serif;\">En cualquier caso, la propia Audiencia Nacional no llega a descartar de manera tajante que a Miguela le corresponda ese reconocimiento. \u201cHay m\u00faltiples alteraciones y padecimientos en la recurrente \u2013se\u00f1ala la sentencia- y por tanto no hay un prueba indudable que nos permita afirmar que esos padecimientos son producto de los hechos b\u00e9licos presenciados\u201d. Sin embargo, ni la Audiencia ni el Supremo han avalado su reclamaci\u00f3n<\/span>.<\/p>\n<\/div>\n<\/div>\n<\/div>\n<\/div>\n<p><a href=\"https:\/\/puntocritico.com\/ausajpuntocritico\/wp-content\/uploads\/2018\/03\/Mosca_Punto_Cr\u00edtico_40.png\" rel=\"lightbox[10083]\"><img loading=\"lazy\" decoding=\"async\" class=\"aligncenter wp-image-9528\" src=\"https:\/\/puntocritico.com\/ausajpuntocritico\/wp-content\/uploads\/2018\/03\/Mosca_Punto_Cr\u00edtico_40.png\" alt=\"\" width=\"40\" height=\"40\" \/><\/a><\/p>\n<header class=\"article-header\">\n<div class=\"article-header-title\">\n<h1 style=\"text-align: center;\"><a id=\"ref10\"><\/a><a href=\"#ref10a\">[10]<\/a> El Constitucional avalar\u00e1 la financiaci\u00f3n p\u00fablica de los colegios que segregan por sexo<\/h1>\n<\/div>\n<p><span style=\"font-size: 14pt;\">Por P\u00fablico<\/span><\/p>\n<div><span style=\"color: #339966;\">Art\u00edculo publicado el 19 de marzo de 2018 en<\/span><\/div>\n<div><span style=\"color: #339966;\"><a style=\"color: #339966;\" href=\"http:\/\/www.publico.es\/politica\/ley-wert-constitucional-avalara-financiacion-publica-colegios-segregan-sexo.html\" target=\"_blank\" rel=\"noopener\">http:\/\/www.publico.es\/politica\/ley-wert-constitucional-avalara-financiacion-publica-colegios-segregan-sexo.html<\/a><\/span><\/div>\n<\/header>\n<div>\u00a0<\/div>\n<blockquote>\n<div style=\"text-align: justify;\"><span style=\"color: #008000;\"><strong><span style=\"font-size: 14pt; font-family: arial, helvetica, sans-serif;\">La ponencia, que comenzar\u00e1 a estudiarse esta semana, defender\u00e1 la constitucionalidad de la Ley Wert al considerar que las ayudas p\u00fablicas a este tipo de centros entran dentro del \u00e1mbito de libertad de ense\u00f1anza, seg\u00fan informa la Ser.<\/span><\/strong><\/span><\/div>\n<\/blockquote>\n<header class=\"article-header\">\n<div>\u00a0<\/div>\n<figure id=\"attachment_10129\" aria-describedby=\"caption-attachment-10129\" style=\"width: 660px\" class=\"wp-caption aligncenter\"><a href=\"https:\/\/puntocritico.com\/ausajpuntocritico\/wp-content\/uploads\/2018\/03\/591c80e067e2e.jpg\" rel=\"lightbox[10083]\"><img loading=\"lazy\" decoding=\"async\" class=\"wp-image-10129 size-full\" src=\"https:\/\/puntocritico.com\/ausajpuntocritico\/wp-content\/uploads\/2018\/03\/591c80e067e2e.jpg\" alt=\"\" width=\"660\" height=\"340\" srcset=\"https:\/\/puntocritico.com\/ausajpuntocritico\/wp-content\/uploads\/2018\/03\/591c80e067e2e.jpg 660w, https:\/\/puntocritico.com\/ausajpuntocritico\/wp-content\/uploads\/2018\/03\/591c80e067e2e-300x155.jpg 300w\" sizes=\"auto, (max-width: 660px) 100vw, 660px\" \/><\/a><figcaption id=\"caption-attachment-10129\" class=\"wp-caption-text\"><strong><span style=\"color: #339966; font-size: 10pt;\">Alumnos en el aula durante una clase<\/span><\/strong><\/figcaption><\/figure>\n<p style=\"text-align: justify;\"><span style=\"font-family: arial, helvetica, sans-serif; font-size: 14pt;\">El Tribunal Constitucional avalar\u00e1 la\u00a0<\/span><b style=\"font-family: arial, helvetica, sans-serif; font-size: 14pt;\">financiaci\u00f3n p\u00fablica de los colegios que segregan a sus alumnos por sexo<\/b><span style=\"font-family: arial, helvetica, sans-serif; font-size: 14pt;\">, seg\u00fan ha avanzado este lunes la\u00a0<\/span><a style=\"font-family: arial, helvetica, sans-serif; font-size: 14pt;\" href=\"http:\/\/cadenaser.com\/ser\/2018\/03\/16\/tribunales\/1521216697_021580.html\" target=\"_blank\" rel=\"noopener noreferrer\">Ser<\/a><span style=\"font-family: arial, helvetica, sans-serif; font-size: 14pt;\">. El pleno del TC, de mayor\u00eda conservadora, rechazar\u00e1 as\u00ed el recurso presentado por el PSOE en 2014 contra\u00a0la Ley Wert.\u00a0<\/span><\/p>\n<\/header>\n<div class=\"article-content\" style=\"text-align: justify;\">\n<div class=\"column left-side\">\n<div class=\"article-body\">\n<div class=\"article-text\">\n<p id=\"m31-2-32\" style=\"text-align: justify;\"><span style=\"font-size: 14pt; font-family: arial, helvetica, sans-serif;\">La ponencia, que comenzar\u00e1 a estudiarse esta semana, defender\u00e1 la constitucionalidad de la\u00a0Ley de Mejora de Calidad Educativa\u00a0(Lomce) al considerar que las ayudas p\u00fablicas a los centros que segregan por sexo entran dentro del \u00e1mbito de libertad de ense\u00f1anza, seg\u00fan informa la cadena.<\/span><\/p>\n<div class=\"teads-inread\" style=\"text-align: justify;\">\n<div>\n<div class=\"teads-ui-components-credits\"><span style=\"font-size: 14pt; font-family: arial, helvetica, sans-serif;\">El texto, que ser\u00e1 redactado por el conservador\u00a0Alfredo Montoya, acordar\u00e1 que los colegios puedan \u00abseleccionar\u00bb a sus estudiantes y avalar\u00e1 la separaci\u00f3n de los alumnos en \u00abitinerarios acad\u00e9micos\u00bb.\u00a0<\/span><\/div>\n<\/div>\n<\/div>\n<p id=\"m126-4-127\" style=\"text-align: justify;\"><span style=\"font-size: 14pt; font-family: arial, helvetica, sans-serif;\">El recurso presentado por el PSOE considera que la financiaci\u00f3n p\u00fablica de los colegios que segregan por sexo vulnera el art\u00edculo 14 de la Constituci\u00f3n sobre la igualdad ante la ley y supone una discriminaci\u00f3n por raz\u00f3n de g\u00e9nero.<\/span><\/p>\n<\/div>\n<\/div>\n<\/div>\n<\/div>\n<p style=\"text-align: justify;\">\n<a href=\"https:\/\/puntocritico.com\/ausajpuntocritico\/wp-content\/uploads\/2018\/03\/Mosca_Punto_Cr\u00edtico_40.png\" rel=\"lightbox[10083]\"><img loading=\"lazy\" decoding=\"async\" class=\"aligncenter wp-image-9528\" src=\"https:\/\/puntocritico.com\/ausajpuntocritico\/wp-content\/uploads\/2018\/03\/Mosca_Punto_Cr\u00edtico_40.png\" alt=\"\" width=\"40\" height=\"40\" \/><\/a><\/p>\n<h1 class=\"entry-title\" style=\"text-align: center;\"><a id=\"ref11\"><\/a><a href=\"#ref11a\">[11]<\/a> Franco estar\u00eda orgulloso del Tribunal Constitucional<\/h1>\n<div class=\"author-content\">\n<p class=\"author\"><span style=\"font-size: 14pt;\">Por David Bollero<\/span><\/p>\n<\/div>\n<div><span class=\"posted-on\" style=\"color: #339966;\"><time class=\"entry-date published updated\" datetime=\"2018-03-19T11:36:56+00:00\">Art\u00edculo publicado el 19 de marzo de 2018 en<\/time><\/span><\/div>\n<div><a href=\"http:\/\/blogs.publico.es\/david-bollero\/2018\/03\/19\/franco-tribunal-constitucional\/\" target=\"_blank\" rel=\"noopener\"><span class=\"posted-on\" style=\"color: #339966;\"><time class=\"entry-date published updated\" datetime=\"2018-03-19T11:36:56+00:00\">http:\/\/blogs.publico.es\/david-bollero\/2018\/03\/19\/franco-tribunal-constitucional\/<\/time><\/span><\/a><\/div>\n<p style=\"text-align: justify;\"><span style=\"font-size: 14pt; font-family: arial, helvetica, sans-serif;\">Hoy hemos conocido por la Cadena SER que, salvo sorpresas, ma\u00f1ana se confirmar\u00e1 que\u00a0<strong>el Estado espa\u00f1ol contin\u00faa dando pasos firmes para estar m\u00e1s cerca del r\u00e9gimen franquista<\/strong>\u00a0que de una verdadera democracia. Para quienes vivieron los a\u00f1os de la dictadura, esta afirmaci\u00f3n les puede parecer una aberraci\u00f3n, pero es preciso apuntar que indico que avanzamos hacia ella, no que ya lo estemos\u2026 a\u00fan.<\/span><\/p>\n<p style=\"text-align: justify;\"><span style=\"font-size: 14pt; font-family: arial, helvetica, sans-serif;\">Sin embargo, el modo en que se est\u00e1n recortando las libertades civiles,\u00a0<strong>c\u00f3mo se pisotean derechos constitucionales como el derecho a una vivienda digna (para favorecer a la banca) o la libertad de expresi\u00f3n (para favorecer a una \u00e9lite, como la Corona)<\/strong>, deber\u00eda ponernos en guardia. Ma\u00f1ana, seguramente ese mal llamado\u00a0<strong>Tribunal Constitucional (TC)<\/strong>\u00a0-como si de veras impartiera Justicia cuando, en realidad, impone ideolog\u00eda-\u00a0<strong>avalar\u00e1 que el Estado espa\u00f1ol pague con dinero p\u00fablico la segregaci\u00f3n en las escuelas.<\/strong><\/span><\/p>\n<p style=\"text-align: justify;\"><span style=\"font-size: 14pt; font-family: arial, helvetica, sans-serif;\">\u00bfQu\u00e9 sentido tiene educar por separado a ni\u00f1os y ni\u00f1as? Se lo dir\u00e9 yo: ninguno, m\u00e1s que perpetuar un sistema patriarcal que, como hemos visto con los actos del 8M, tanto apoyan PP y Ciudadanos. Privar a nuestr@s jovenes del contacto con la realidad, porque eso es lo que sucede con la segregaci\u00f3n, es educar mal y, gracias a la<strong>\u00a0Ley Org\u00e1nica para la Mejora de la Calidad Educativa (LOMCE)<\/strong>, la ley Wert, a partir de ma\u00f1ana no s\u00f3lo suceder\u00e1 en Espa\u00f1a, sino que lo pagaremos con nuestros impuestos gracias al TC.<\/span><\/p>\n<p style=\"text-align: justify;\"><span style=\"font-size: 14pt; font-family: arial, helvetica, sans-serif;\">No s\u00f3lo eso, sino que\u00a0<strong>la religi\u00f3n continuar\u00e1 siendo una asignatura que punt\u00fae para el expediente escolar<\/strong>, a pesar de que ya en su d\u00eda\u00a0<a href=\"http:\/\/www.publico.es\/actualidad\/iglesia-dice-no-ley-wert.html\" target=\"_blank\" rel=\"noopener\"><strong>numerosos colectivos religiosos se opusieron a ello -com otambi\u00e9n a la segregaci\u00f3n-<\/strong><\/a>. Es una aut\u00e9ntica verg\u00fcenza y un desprop\u00f3sito para nuestra democracia, para la Constituci\u00f3n, que\u00a0<strong>se pisotee cada dos por tres la aconfesionalidad del Estado<\/strong>.<\/span><\/p>\n<p style=\"text-align: justify;\"><span style=\"font-size: 14pt; font-family: arial, helvetica, sans-serif;\">Por si esto no fuera poco, el TC tambi\u00e9n avalar\u00e1\u00a0<strong>la segregaci\u00f3n a los estudiantes en\u00a0<em>\u201citinerarios acad\u00e9micos\u201d<\/em><\/strong>, lo que discriminar\u00e1 a alumnos por contar con peor expediente acad\u00e9mico, obviando aspectos tan importantes como la capacidad o el esfuerzo, entre muchos otros.<\/span><\/p>\n<p style=\"text-align: justify;\"><span style=\"font-size: 14pt; font-family: arial, helvetica, sans-serif;\"><strong>Franco estar\u00eda orgulloso de este Gobierno y del TC<\/strong>, de c\u00f3mo se tiene la desfachatez de, incluso,\u00a0<strong>incorporar al temario de Primaria el pasodoble\u00a0<\/strong><em><strong>\u2018La banderita<\/strong>\u2019<\/em>, ese cuya letra reza\u00a0<em>\u201cel d\u00eda que yo me muera si estoy lejos de mi patria, solo quiero que me cubran con la bandera de Espa\u00f1a\u201d<\/em>.\u00a0<strong>Esa bandera tan devaluada, precisamente por quienes m\u00e1s la defienden, que a m\u00ed, personalmente, no me sirve ni para limpiarme el trasero.<\/strong><\/span><\/p>\n<p style=\"text-align: justify;\"><span style=\"font-size: 14pt; font-family: arial, helvetica, sans-serif;\"><strong>El hartazgo ante tanto facher\u00edo casposo es ya insoportable<\/strong>. Lo vemos en todos los \u00e1mbitos del Estado, gracias a que desde el \u00e1mbito judicial y el Gobierno se impulsan pol\u00edticas que Franco aplaudir\u00eda al grito de\u00a0<em>\u201c\u00a1Arriba Espa\u00f1a!\u201d<\/em>. Va siendo hora de levantarse, de\u00a0<strong>alzarse contra un Gobierno represor, una Corona ileg\u00edtima desde cualquier \u00f3ptica democr\u00e1tica, contra una Iglesia Cat\u00f3lica ventajista y mezquina<\/strong>.<\/span><\/p>\n<p style=\"text-align: justify;\"><span style=\"font-size: 14pt; font-family: arial, helvetica, sans-serif;\">Movimientos como el que veremos ma\u00f1ana por parte del TC, que incluso recorta derechos de las AMPAs, no hace m\u00e1s que radicalizar nuestras acciones, que no las posturas.\u00a0<strong>Las posturas no se radicalizan, porque la defensa de la libertad y la democracia no tiene grados: o se defiende o no se defiende<\/strong>. S\u00ed se radicalizan, en cambio, las acciones y por muchas condenas,\u00a0<a href=\"http:\/\/www.publico.es\/culturas\/ley-mordaza-podia-protestar-cantando-nueve-canciones-pasado-hoy-pasarian-audiencia-nacional.html\" target=\"_blank\" rel=\"noopener\">por m\u00e1s represi\u00f3n que ejerza este Estado<\/a>, por la que los organismos internacionales ya han sentido verg\u00fcenza ajena, por m\u00e1s\u00a0<strong>presos pol\u00edticos<\/strong>\u00a0que haya -porque eso implica, por ejemplo,\u00a0<a href=\"http:\/\/www.publico.es\/politica\/pablo-hasel-recurre-supremo-condena-enaltecimiento-del-terrorismo.html\" target=\"_blank\" rel=\"noopener\"><strong>la sentencia a Pablo Hasel<\/strong><\/a>\u2013 el miedo no cambiar\u00e1 de bando. Y\u00a0<strong>el miedo, ahora, est\u00e1 en el lado de los represores, por eso se revuelven<\/strong>. Hagamos que el terror que sue\u00f1an generarnos vaya en su contra y a<strong>cabemos de una vez por todas con quienes tanto a\u00f1oran un r\u00e9gimen que no estamos dispuestos siquiera a ver de lejos.<\/strong><\/span><\/p>\n<p>\n<a href=\"https:\/\/puntocritico.com\/ausajpuntocritico\/wp-content\/uploads\/2018\/03\/Mosca_Punto_Cr\u00edtico_40.png\" rel=\"lightbox[10083]\"><img loading=\"lazy\" decoding=\"async\" class=\"aligncenter wp-image-9528\" src=\"https:\/\/puntocritico.com\/ausajpuntocritico\/wp-content\/uploads\/2018\/03\/Mosca_Punto_Cr\u00edtico_40.png\" alt=\"\" width=\"40\" height=\"40\" \/><\/a><\/p>\n<h1 class=\"title\" style=\"text-align: center;\"><a id=\"ref12\"><\/a><a href=\"#ref12a\">[12]<\/a> El portavoz de Ciudadanos en el Parlamento de Cantabria tambi\u00e9n false\u00f3 su curr\u00edculum<\/h1>\n<div class=\"summary\">\n<p><span style=\"font-size: 14pt;\">Por \u00abEldiariocantabria\u00bb<\/span><\/p>\n<\/div>\n<div><span style=\"color: #339966;\">Art\u00edculo publicado el 19 de marzo de 2018 en<\/span><\/div>\n<div><a href=\"http:\/\/www.eldiariocantabria.es\/articulo\/cantabria\/portavoz-cs-parlamento-cantabria-tambien-falseo-curriculum\/20180319130506042416.html\" target=\"_blank\" rel=\"noopener\"><span style=\"color: #339966;\">http:\/\/www.eldiariocantabria.es\/articulo\/cantabria\/portavoz-cs-parlamento-cantabria-tambien-falseo-curriculum\/20180319130506042416.html<\/span><\/a><\/div>\n<div class=\"summary\">\u00a0<\/div>\n<div class=\"content-info\">\n<div>\u00a0<\/div>\n<\/div>\n<div class=\"content-data row\">\n<div class=\"content-body inner-article-data col-md-9 col-sm-12 col-ms-8 col-xs-12\">\n<div class=\"article-media\">\n<figure>\n<figure id=\"attachment_10130\" aria-describedby=\"caption-attachment-10130\" style=\"width: 740px\" class=\"wp-caption aligncenter\"><a href=\"https:\/\/puntocritico.com\/ausajpuntocritico\/wp-content\/uploads\/2018\/03\/2018031913092364534.jpg\" rel=\"lightbox[10083]\"><img loading=\"lazy\" decoding=\"async\" class=\"wp-image-10130 size-full\" src=\"https:\/\/puntocritico.com\/ausajpuntocritico\/wp-content\/uploads\/2018\/03\/2018031913092364534.jpg\" alt=\"\" width=\"740\" height=\"420\" srcset=\"https:\/\/puntocritico.com\/ausajpuntocritico\/wp-content\/uploads\/2018\/03\/2018031913092364534.jpg 740w, https:\/\/puntocritico.com\/ausajpuntocritico\/wp-content\/uploads\/2018\/03\/2018031913092364534-300x170.jpg 300w\" sizes=\"auto, (max-width: 740px) 100vw, 740px\" \/><\/a><figcaption id=\"caption-attachment-10130\" class=\"wp-caption-text\"><span style=\"font-size: 10pt; color: #339966;\"><strong>Rub\u00e9n G\u00f3mez, portavoz de Ciudadanos en el Parlamento de Cantabria<\/strong><\/span><\/figcaption><\/figure><br \/>\n<\/figure>\n<\/div>\n<div class=\"body cantabria\">\n<p style=\"text-align: justify;\"><span style=\"font-size: 14pt; font-family: arial, helvetica, sans-serif;\">El portavoz de Ciudadanos en el Parlamento de Cantabria, Rub\u00e9n G\u00f3mez, false\u00f3 su curr\u00edculum, pues en realidad no tiene la licenciatura en F\u00edsicas que dec\u00eda tener en 2015 y que\u00a0<strong>sigue diciendo tener en su perfil de LinkedIn<\/strong>.<\/span><\/p>\n<p style=\"text-align: justify;\"><span style=\"font-size: 14pt; font-family: arial, helvetica, sans-serif;\">\u201cYo gan\u00e9 todas las primarias, pero se consider\u00f3 que era mejor que el cabeza de lista fuera alguien con titulaci\u00f3n superior y\u00a0<strong>por eso se opt\u00f3 por \u00e9l<\/strong>, aunque luego se demostr\u00f3 que no ten\u00eda\u201d. As\u00ed se expres\u00f3 el pasado mi\u00e9rcoles su excompa\u00f1ero Juan Ram\u00f3n Carrancio, actual diputado no adscrito en el Parlamento auton\u00f3mico, en una entrevista con el Club de Prensa Pick Santander.<\/span><\/p>\n<p style=\"text-align: justify;\"><span style=\"font-size: 14pt; font-family: arial, helvetica, sans-serif;\">Efectivamente, G\u00f3mez encabez\u00f3 la candidatura de Cs al Parlamento de Cantabria en las auton\u00f3micas de mayo de 2015, despu\u00e9s de que Carrancio \u2013entonces coordinador de Ciudadanos Cantabria\u2013 renunciara un mes antes a ocupar el primer puesto la lista, cedi\u00e9ndoselo a G\u00f3mez, que\u00a0<strong>iba a ocupar el segundo puesto<\/strong>.<\/span><\/p>\n<blockquote>\n<p><span style=\"font-size: 14pt; font-family: arial, helvetica, sans-serif;\"><em>Cs exigi\u00f3 en 2015 apartar a \u201ctodo representante que haya falsificado o enga\u00f1ado en relaci\u00f3n a su curr\u00edculum\u201d<\/em><\/span><\/p>\n<\/blockquote>\n<p style=\"text-align: justify;\"><span style=\"font-size: 14pt; font-family: arial, helvetica, sans-serif;\">Precisamente en mayo de 2015, la Direcci\u00f3n estatal de Cs present\u00f3 un compromiso de regeneraci\u00f3n democr\u00e1tica de nueve puntos que exig\u00eda aceptar y firmar a cualquier formaci\u00f3n antes de entablar conversaciones para llegar a acuerdos de gobierno tras las auton\u00f3micas y municipales, y que en su tercer punto recog\u00eda:\u00a0<strong>\u201cApartar de cualquier cargo p\u00fablico o de partido a todo representante que haya falsificado o enga\u00f1ado en relaci\u00f3n a su curr\u00edculum o su cualificaci\u00f3n profesional o acad\u00e9mica\u201d<\/strong>.<\/span><\/p>\n<p style=\"text-align: justify;\"><span style=\"font-size: 14pt; font-family: arial, helvetica, sans-serif;\">\u201cHa habido casos de pol\u00edticos que han falsificado la informaci\u00f3n sobre un m\u00e1ster o una licenciatura.\u00a0<strong>Si un cargo miente ya en eso, puedes esperar que te enga\u00f1e en todo<\/strong>. No es una persona transparente, su carta de presentaci\u00f3n es una dudosa reputaci\u00f3n\u201d, explic\u00f3 entonces el secretario de Organizaci\u00f3n de Ciudadanos, Fran Herv\u00edas, al diario\u00a0<em>elmundo<\/em>.<\/span><\/p>\n<p style=\"text-align: justify;\"><span style=\"font-size: 14pt; font-family: arial, helvetica, sans-serif;\">En noviembre de 2015, Cs arrebat\u00f3\u00a0<strong>a Sadat Mara\u00f1a y a Ignacio Garc\u00eda Sotos<\/strong>el n\u00famero uno de las candidaturas de la formaci\u00f3n naranja al Congreso en las generales de diciembre de 2015 por las circunscripciones de Albacete y Le\u00f3n, respectivamente. Lo hizo por haber falseado sus curr\u00edculums.<\/span><\/p>\n<p style=\"text-align: justify;\"><span style=\"font-size: 14pt; font-family: arial, helvetica, sans-serif;\">Rub\u00e9n G\u00f3mez,\u00a0<em>mano derecha<\/em>\u00a0del actual\u00a0<em>n\u00famero uno<\/em>\u00a0de Ciudadanos Cantabria \u2013F\u00e9lix \u00c1lvarez\u00a0<em>Felisuco<\/em>, elegido a dedo para sustituir a Juan Ram\u00f3n Carrancio por el presidente de la formaci\u00f3n naranja, Albert Rivera\u2013, se hab\u00eda presentado en p\u00fablico y en privado como \u201clicenciado en F\u00edsica\u201d y como tal aspir\u00f3 al esca\u00f1o que sigue ocupando en el Parlamento de Cantabria. En su biograf\u00eda de la web del Legislativo auton\u00f3mico figura ahora que est\u00e1\u00a0<strong>\u201ca falta del proyecto de fin de grado para concluir los estudios del grado en f\u00edsica en la UC\u201d<\/strong>, pero ha olvidado corregir tambi\u00e9n su perfil de LinkedIn, donde en marzo de 2018 sigue figurando como \u201clicenciatura en F\u00edsica\u201d.<\/span><\/p>\n<p><a href=\"https:\/\/puntocritico.com\/ausajpuntocritico\/wp-content\/uploads\/2018\/03\/2018031913095738709.jpg\" rel=\"lightbox[10083]\"><img loading=\"lazy\" decoding=\"async\" class=\"aligncenter size-full wp-image-10131\" src=\"https:\/\/puntocritico.com\/ausajpuntocritico\/wp-content\/uploads\/2018\/03\/2018031913095738709.jpg\" alt=\"\" width=\"550\" height=\"804\" srcset=\"https:\/\/puntocritico.com\/ausajpuntocritico\/wp-content\/uploads\/2018\/03\/2018031913095738709.jpg 550w, https:\/\/puntocritico.com\/ausajpuntocritico\/wp-content\/uploads\/2018\/03\/2018031913095738709-205x300.jpg 205w\" sizes=\"auto, (max-width: 550px) 100vw, 550px\" \/><\/a><\/p>\n<\/div>\n<\/div>\n<\/div>\n<p>\n<a href=\"https:\/\/puntocritico.com\/ausajpuntocritico\/wp-content\/uploads\/2018\/03\/Mosca_Punto_Cr\u00edtico_40.png\" rel=\"lightbox[10083]\"><img loading=\"lazy\" decoding=\"async\" class=\"aligncenter wp-image-9528\" src=\"https:\/\/puntocritico.com\/ausajpuntocritico\/wp-content\/uploads\/2018\/03\/Mosca_Punto_Cr\u00edtico_40.png\" alt=\"\" width=\"40\" height=\"40\" \/><\/a><\/p>\n<header class=\"article-header\">\n<h1 style=\"text-align: center;\"><a id=\"ref13\"><\/a><a href=\"#ref13a\">[13]<\/a> Facebook investiga la filtraci\u00f3n masiva de datos de 50 millones de usuarios<\/h1>\n<p><span style=\"font-size: 12pt;\">Por\u00a0AGENCIA EFE<\/span><\/p>\n<div><span style=\"color: #339966;\">Art\u00edculo publicado el 19 de marzo de 2018 en<\/span><\/div>\n<div><span style=\"color: #339966;\"><a style=\"color: #339966;\" href=\"http:\/\/www.publico.es\/internacional\/eeuu-facebook-investiga-filtracion-masiva-datos-50-millones-usuarios.html\" target=\"_blank\" rel=\"noopener\">http:\/\/www.publico.es\/internacional\/eeuu-facebook-investiga-filtracion-masiva-datos-50-millones-usuarios.html<\/a><\/span><\/div>\n<\/header>\n<div>\u00a0<\/div>\n<blockquote>\n<div style=\"text-align: justify;\"><span style=\"color: #008000;\"><strong><span style=\"font-size: 14pt; font-family: arial, helvetica, sans-serif;\">La filtraci\u00f3n fue provocada por una empresa brit\u00e1nica que trabaj\u00f3 para la campa\u00f1a de Trump en 2016 y la us\u00f3 para construir un programa inform\u00e1tico destinado a predecir las decisiones de los votantes e influir en ellas.<\/span><\/strong><\/span><\/div>\n<\/blockquote>\n<div>\u00a0<\/div>\n<div>\n<figure id=\"attachment_10111\" aria-describedby=\"caption-attachment-10111\" style=\"width: 660px\" class=\"wp-caption aligncenter\"><a href=\"https:\/\/puntocritico.com\/ausajpuntocritico\/wp-content\/uploads\/2018\/03\/facebook-bandera-eeuu.jpg\" rel=\"lightbox[10083]\"><img loading=\"lazy\" decoding=\"async\" class=\"wp-image-10111 size-full\" src=\"https:\/\/puntocritico.com\/ausajpuntocritico\/wp-content\/uploads\/2018\/03\/facebook-bandera-eeuu.jpg\" alt=\"\" width=\"660\" height=\"340\" srcset=\"https:\/\/puntocritico.com\/ausajpuntocritico\/wp-content\/uploads\/2018\/03\/facebook-bandera-eeuu.jpg 660w, https:\/\/puntocritico.com\/ausajpuntocritico\/wp-content\/uploads\/2018\/03\/facebook-bandera-eeuu-300x155.jpg 300w\" sizes=\"auto, (max-width: 660px) 100vw, 660px\" \/><\/a><figcaption id=\"caption-attachment-10111\" class=\"wp-caption-text\"><span style=\"color: #339966;\"><strong><span style=\"font-size: 10pt;\">En esta ilustraci\u00f3n, se muestra un logotipo de Facebook impreso frente a una bandera de EEUU. \/ Reuters<\/span><\/strong><\/span><\/figcaption><\/figure>\n<\/div>\n<header class=\"article-header\">\n<div class=\"article-header-epigraph\">\n<p style=\"text-align: justify;\"><span style=\"font-family: arial, helvetica, sans-serif; font-size: 14pt;\">Facebook asegur\u00f3 este domingo que est\u00e1 investigando la filtraci\u00f3n de datos provocada por una empresa brit\u00e1nica que trabaj\u00f3<\/span><b style=\"font-family: arial, helvetica, sans-serif; font-size: 14pt;\">\u00a0para la campa\u00f1a de 2016 del presidente estadounidense, Donald Trump<\/b><span style=\"font-family: arial, helvetica, sans-serif; font-size: 14pt;\">, y que manipul\u00f3 la informaci\u00f3n de m\u00e1s de 50 millones de usuarios de la red social en Estados Unidos.<\/span><\/p>\n<\/div>\n<\/header>\n<div class=\"article-content\">\n<div class=\"column left-side\">\n<div class=\"article-body\">\n<div class=\"article-text\">\n<p id=\"m399-1-400\" style=\"text-align: justify;\"><span style=\"font-size: 14pt; font-family: arial, helvetica, sans-serif;\">La consultora Cambridge Analytica obtuvo en 2014 la informaci\u00f3n de m\u00e1s de 50 millones de usuarios de Facebook en Estados Unidos, y la us\u00f3 para construir un programa inform\u00e1tico\u00a0<b>destinado a predecir las decisiones de los votantes<\/b>\u00a0e influir en ellas, seg\u00fan revelaron este s\u00e1bado los diarios\u00a0<i>The London Observer<\/i>\u00a0y\u00a0<i>The New York Times<\/i>.<\/span><\/p>\n<div class=\"teads-inread\" style=\"text-align: justify;\">\n<div>\n<div class=\"teads-ui-components-credits\"><span style=\"font-size: 14pt; font-family: arial, helvetica, sans-serif;\">\u00abEstamos dirigiendo una revisi\u00f3n integral, interna y externa, para determinar si son ciertas las informaciones de que los datos en cuesti\u00f3n (robados) de Facebook a\u00fan existen\u00bb, dijo en un comunicado Paul Grewal, vicepresidente y miembro del equipo legal de Facebook.<\/span><\/div>\n<\/div>\n<\/div>\n<p id=\"m409-3-410\" style=\"text-align: justify;\"><span style=\"font-size: 14pt; font-family: arial, helvetica, sans-serif;\">\u00c9sta es\u00a0<b>una de las mayores filtraciones de datos en la historia de Facebook<\/b>, y llev\u00f3 este fin de semana a legisladores brit\u00e1nicos y estadounidenses a pedir explicaciones a Facebook, y a la apertura de una investigaci\u00f3n por parte de la fiscal general del estado de Massachusetts (noreste de EE.UU.), Maura Healey.<\/span><\/p>\n<p id=\"m414-4-415\" style=\"text-align: justify;\"><span style=\"font-size: 14pt; font-family: arial, helvetica, sans-serif;\">Facebook suspendi\u00f3 este viernes de la red social a Cambridge Analitica y su matriz, Strategic Communication Laboratories (SCL), e inform\u00f3 de la filtraci\u00f3n de datos, que descubri\u00f3 por primera vez en 2015. La red social dijo que estaba realizando una\u00a0\u00abrevisi\u00f3n interna y externa exhaustiva\u00bb.\u00a0<\/span><\/p>\n<p id=\"m419-5-420\" style=\"text-align: justify;\"><span style=\"font-size: 14pt; font-family: arial, helvetica, sans-serif;\">Seg\u00fan la red social, Aleksandr Kogan, un profesor de psicolog\u00eda ruso-estadounidense de la Universidad de Cambridge, accedi\u00f3 a los perfiles de millones de usuarios que se descargaron una aplicaci\u00f3n para Facebook, llamada \u00ab<b>thisisyourdigitallife<\/b>\u00bb y que ofrec\u00eda un servicio de predicci\u00f3n de la personalidad.<\/span><\/p>\n<p id=\"m424-6-425\" style=\"text-align: justify;\"><span style=\"font-size: 14pt; font-family: arial, helvetica, sans-serif;\">Despu\u00e9s proporcion\u00f3 m\u00e1s de 50 millones de perfiles a Cambridge Analytica, entre los que 30 millones ten\u00edan suficiente informaci\u00f3n como para explotarlos con fines pol\u00edticos, a pesar de que solo unos 270.000 usuarios hab\u00edan dado su consentimiento para que la aplicaci\u00f3n accediera a su informaci\u00f3n personal, seg\u00fan el\u00a0<i>Times<\/i>.<\/span><\/p>\n<p id=\"m429-7-430\" style=\"text-align: justify;\"><span style=\"font-size: 14pt; font-family: arial, helvetica, sans-serif;\">Al compartir esos datos con la compa\u00f1\u00eda y con uno de sus fundadores, Christopher Wylie, Kogan\u00a0<b>viol\u00f3 las reglas de Facebook<\/b>, por lo que esa red social elimin\u00f3 en 2015 la aplicaci\u00f3n y exigi\u00f3 a todos los implicados que destruyeran los datos recabados.<\/span><\/p>\n<p id=\"m434-8-435\" style=\"text-align: justify;\"><span style=\"font-size: 14pt; font-family: arial, helvetica, sans-serif;\">\u00abHace varios d\u00edas, recibimos informes de que no todos los datos fueron borrados\u00bb, indic\u00f3 Facebook el viernes, y advirti\u00f3 de que estaba dispuesto a ir a los tribunales para resolver el tema.<\/span><\/p>\n<p id=\"m439-9-440\" style=\"text-align: justify;\"><span style=\"font-size: 14pt; font-family: arial, helvetica, sans-serif;\">Mientras, la compa\u00f1\u00eda suspendi\u00f3 de la red social a la firma brit\u00e1nica, a Kogan y a Wylie, quien fue la fuente de los diarios que este s\u00e1bado informaron de la filtraci\u00f3n masiva de\u00a0la filtraci\u00f3n masiva de datos. \u00abMe han suspendido de Facebook. Por avisar a los medios. De algo que ellos ya sab\u00edan en privado desde hace dos a\u00f1os\u00bb, escribi\u00f3 hoy Wylie en su cuenta de Twitter.<\/span><\/p>\n<p id=\"m444-10-445\" style=\"text-align: justify;\"><span style=\"font-size: 14pt; font-family: arial, helvetica, sans-serif;\">Entre los inversores en Cambridge Analytica est\u00e1n el ex estratega jefe de Trump y exjefe de su campa\u00f1a electoral en 2016, Steve Bannon, y un destacado donante republicano, Robert Mercer.<\/span><\/p>\n<p id=\"m449-11-450\" style=\"text-align: justify;\"><span style=\"font-size: 14pt; font-family: arial, helvetica, sans-serif;\">La campa\u00f1a electoral de Trump contrat\u00f3 a Cambridge Analytica en junio de 2016 y pag\u00f3\u00a0<b>m\u00e1s de 6 millones de d\u00f3lares<\/b>, seg\u00fan registros oficiales.<\/span><\/p>\n<p id=\"m454-12-455\" style=\"text-align: justify;\"><span style=\"font-size: 14pt; font-family: arial, helvetica, sans-serif;\">Adem\u00e1s del escrutinio en el Congreso estadounidense y el Parlamento brit\u00e1nico, el caso podr\u00eda generar una multa multimillonaria para Facebook, por su posible violaci\u00f3n de una regulaci\u00f3n de la Comisi\u00f3n Federal de Comercio de EE.UU. (FTC) para proteger la privacidad de los usuarios de redes sociales.<\/span><\/p>\n<p id=\"m459-13-460\" style=\"text-align: justify;\"><span style=\"font-size: 14pt; font-family: arial, helvetica, sans-serif;\">\u00abCreo que la FTC querr\u00e1 investigar esto\u00bb, dijo un exfuncionario de esa agencia federal, David Vladeck, al Washington Post.<\/span><\/p>\n<\/div>\n<\/div>\n<\/div>\n<\/div>\n<p><a href=\"https:\/\/puntocritico.com\/ausajpuntocritico\/wp-content\/uploads\/2018\/03\/Mosca_Punto_Cr\u00edtico_40.png\" rel=\"lightbox[10083]\"><img loading=\"lazy\" decoding=\"async\" class=\"aligncenter wp-image-9528\" src=\"https:\/\/puntocritico.com\/ausajpuntocritico\/wp-content\/uploads\/2018\/03\/Mosca_Punto_Cr\u00edtico_40.png\" alt=\"\" width=\"40\" height=\"40\" \/><\/a><\/p>\n<header class=\"nav-up\">\n<h1 class=\"pg-headline\" style=\"text-align: center;\"><a id=\"ref14\"><\/a><a href=\"#ref14a\">[14]<\/a> La Fiscal\u00eda insiste en la prisi\u00f3n para S\u00e1nchez pero pide libertad con fianza para Forn por orden del fiscal general<\/h1>\n<\/header>\n<p><span style=\"font-size: 14pt;\">Por Marcos Pinheiro<\/span><\/p>\n<div><span style=\"color: #339966;\">Art\u00edculo publicado el 20 de marzo de 2018 en<\/span><\/div>\n<div><span style=\"color: #339966;\"><a style=\"color: #339966;\" href=\"https:\/\/www.eldiario.es\/politica\/Forn-Sanchez-Supremo_0_751725632.html\" target=\"_blank\" rel=\"noopener\">https:\/\/www.eldiario.es\/politica\/Forn-Sanchez-Supremo_0_751725632.html<\/a><\/span><\/div>\n<div>\u00a0<\/div>\n<div>\n<blockquote>\n<p style=\"text-align: justify;\"><span style=\"color: #008000;\"><strong><span style=\"font-size: 14pt; font-family: arial, helvetica, sans-serif;\">S\u00e1nchez ha anunciado en el Supremo\u00a0que dejar\u00e1\u00a0el acta de diputado en el Parlament para intentar salir de prisi\u00f3n<\/span><\/strong><\/span><\/p>\n<p style=\"text-align: justify;\"><span style=\"color: #008000;\"><strong><span style=\"font-size: 14pt; font-family: arial, helvetica, sans-serif;\">La Fiscal\u00eda basa su cambio de opini\u00f3n sobre Forn en la orden de S\u00e1nchez Melgar, que\u00a0alude a su tuberculosis para pedir la libertad<\/span><\/strong><\/span><\/p>\n<p style=\"text-align: justify;\"><span style=\"color: #008000;\"><strong><span style=\"font-size: 14pt; font-family: arial, helvetica, sans-serif;\">El juez tendr\u00e1 que decidir ahora si acuerda imponer a Forn una fianza de 100.000 euros para que salga de prisi\u00f3n<\/span><\/strong><\/span><\/p>\n<\/blockquote>\n<\/div>\n<div>\u00a0<\/div>\n<div>\n<figure id=\"attachment_10132\" aria-describedby=\"caption-attachment-10132\" style=\"width: 643px\" class=\"wp-caption aligncenter\"><a href=\"https:\/\/puntocritico.com\/ausajpuntocritico\/wp-content\/uploads\/2018\/03\/Forn-ingreso-Sanchez-Cuixart-modificar_EDIIMA20171017_0185_34.jpg\" rel=\"lightbox[10083]\"><img loading=\"lazy\" decoding=\"async\" class=\"wp-image-10132 size-full\" src=\"https:\/\/puntocritico.com\/ausajpuntocritico\/wp-content\/uploads\/2018\/03\/Forn-ingreso-Sanchez-Cuixart-modificar_EDIIMA20171017_0185_34.jpg\" alt=\"\" width=\"643\" height=\"362\" srcset=\"https:\/\/puntocritico.com\/ausajpuntocritico\/wp-content\/uploads\/2018\/03\/Forn-ingreso-Sanchez-Cuixart-modificar_EDIIMA20171017_0185_34.jpg 643w, https:\/\/puntocritico.com\/ausajpuntocritico\/wp-content\/uploads\/2018\/03\/Forn-ingreso-Sanchez-Cuixart-modificar_EDIIMA20171017_0185_34-300x169.jpg 300w\" sizes=\"auto, (max-width: 643px) 100vw, 643px\" \/><\/a><figcaption id=\"caption-attachment-10132\" class=\"wp-caption-text\"><span style=\"color: #339966; font-size: 10pt;\"><strong>El exconseller de Interior Joaquin Forn. EFE<\/strong><\/span><\/figcaption><\/figure>\n<\/div>\n<header class=\"nav-up\">\n<div class=\"subtitle bkn mce sk2\">\n<p style=\"text-align: justify;\"><span style=\"font-family: arial, helvetica, sans-serif; font-size: 14pt;\">La Fiscal\u00eda del Tribunal Supremo ha pedido que el exconseller Joaqu\u00edn Forn salga en libertad con una fianza de 100.000 euros, seg\u00fan informan fuentes presentes en el interrogatorio. Sin embargo, han insistido en que el expresidente de la ANC Jordi S\u00e1nchez siga en prisi\u00f3n sin fianza a pesar de que este ha anunciado que\u00a0<\/span><a class=\"mce\" style=\"font-family: arial, helvetica, sans-serif; font-size: 14pt;\" href=\"https:\/\/www.eldiario.es\/catalunya\/politica\/Jordi-Sanchez-JxCat-Turull-investidura_0_752075141.html\" target=\"_blank\" rel=\"noopener noreferrer\">\u00a0renuncia a la investidura<\/a><span style=\"font-family: arial, helvetica, sans-serif; font-size: 14pt;\">\u00a0y dejar\u00e1 su acta de diputado.<\/span><\/p>\n<\/div>\n<\/header>\n<div class=\"pg-body\">\n<div id=\"edi-body\" class=\"mce-body mce no-sticky-adv-socios\">\n<p class=\"mce\" style=\"text-align: justify;\"><span style=\"font-size: 14pt; font-family: arial, helvetica, sans-serif;\">El fiscal del Supremo Fidel Cadena, presente durante la vista, no han argumentado su cambio de parecer en el caso de Forn, ya que hasta ahora los fiscales de la causa por el 1-O hab\u00edan sostenido que Forn deb\u00eda continuar encarcelado. Cadena s\u00ed que ha dicho que la petici\u00f3n respond\u00eda al art\u00edculo 25 del Estatuto Org\u00e1nico del Ministerio Fiscal, que habilita al fiscal general del Estado, Juli\u00e1n S\u00e1nchez Melgar, a imponer a sus subordinados \u00ab\u00f3rdenes e instrucciones\u00bb durante los procesos judiciales.<\/span><\/p>\n<p class=\"mce\" style=\"text-align: justify;\"><span style=\"font-size: 14pt; font-family: arial, helvetica, sans-serif;\">\u00abEl Fiscal que reciba una orden o instrucci\u00f3n concerniente al servicio y al ejercicio de sus funciones, referida a asuntos espec\u00edficos, deber\u00e1 atenerse a las mismas en sus dict\u00e1menes\u00bb, a\u00f1ade ese art\u00edculo que rige el funcionamiento de la Fiscal\u00eda. Cadena ha afirmado\u00a0formulaba esa petici\u00f3n de libertad con fianza \u00abpor imperativo legal\u00bb.<\/span><\/p>\n<p class=\"mce\" style=\"text-align: justify;\"><span style=\"font-size: 14pt; font-family: arial, helvetica, sans-serif;\">En un escrito remitido tras la vista la Fiscal\u00eda cita \u00abrazones humanitarias\u00bb para el cambio de criterio y alude a la tuberculosis que sufre Forn. Sin embargo, Interior neg\u00f3 que el exconseller padeciese esa enfermedad porque hab\u00eda dado negativo en el test para detectarla. Apuntaron a que quiz\u00e1 tuvo contacto en su ni\u00f1ez con el bacilo de la tuberculosis, pero eso no implicaba que sufriese ahora la enfermedad.<\/span><\/p>\n<p class=\"mce\" style=\"text-align: justify;\"><span style=\"font-size: 14pt; font-family: arial, helvetica, sans-serif;\">La Fiscal\u00eda tambi\u00e9n valora que Forn dejase su acta de diputado \u00abcomo muestra de su intenci\u00f3n manifiesta de cese su actividad pol\u00edtica y, con ello, nulo impacto del riesgo de reiteraci\u00f3n delictiva\u00bb. Sin embargo, los fiscales del caso ya se hab\u00eda opuesto a la libertad del exconseller en anteriores ocasiones despu\u00e9s de que este dejase el acta.<\/span><\/p>\n<h3 style=\"text-align: justify;\"><span style=\"font-size: 14pt; font-family: arial, helvetica, sans-serif;\">S\u00e1nchez\u00a0renuncia a la investidura<\/span><\/h3>\n<p class=\"mce\" style=\"text-align: justify;\"><span style=\"font-size: 14pt; font-family: arial, helvetica, sans-serif;\">Las defensas de los\u00a0expresidente de la ANC Jordi S\u00e1nchez y el exconseller de Interior Joaqu\u00edn Forn\u00a0estaban citadas este martes en el Tribunal Supremo para exponer sus argumentos para que ambos salgan en libertad. Tras el turno de S\u00e1nchez, la Fiscal\u00eda ha insistido en que contin\u00fae en prisi\u00f3n por que persiste el riesgo de reiteraci\u00f3n delictiva.<\/span><\/p>\n<p class=\"mce\" style=\"text-align: justify;\"><span style=\"font-size: 14pt; font-family: arial, helvetica, sans-serif;\">Entre\u00a0los argumentos de la defensa de S\u00e1nchez para oponerse a ese riesgo de que cometa nuevos delitos est\u00e1 que el expresidente de ANC\u00a0est\u00e1 dispuesto a dejar\u00a0su acta de diputado y\u00a0a abandonar\u00a0la pol\u00edtica para regresar a su actividad como docente.<\/span><\/p>\n<p class=\"mce\" style=\"text-align: justify;\"><span style=\"font-size: 14pt; font-family: arial, helvetica, sans-serif;\">Seg\u00fan fuentes presentes en el interrogatorio, el abogado de S\u00e1nchez ha dicho que la trayectoria de su cliente ha estado siempre fuera de la pol\u00edtica, y que\u00a0renunciar\u00e1 a ella si con ello consigue salir en libertad, su prioridad en estos momentos. As\u00ed lo han confirmado fuentes de Junts per Cat tras la vista en el Supremo.<\/span><\/p>\n<p class=\"mce\" style=\"text-align: justify;\"><span style=\"font-size: 14pt; font-family: arial, helvetica, sans-serif;\">Durante su turno de palabra, S\u00e1nchez ha insistido en presentarse como un hombre de paz y\u00a0ha recordado sus llamamientos \u00aba la concordia\u00bb. Ha recordado a los magistrados que no era diputado cuando se aprobaron las leyes de desconexi\u00f3n, as\u00ed que no tiene responsabilidad en los \u00abactos legislativos que se investigan en esta causa penal\u00bb. Adem\u00e1s, ha rechazado el \u00abliderazgo\u00bb que le atribuye la Fiscal\u00eda en los diferentes escritos.<\/span><\/p>\n<p class=\"mce\" style=\"text-align: justify;\"><span style=\"font-size: 14pt; font-family: arial, helvetica, sans-serif;\">En su escrito, la Fiscal\u00eda se\u00f1ala que S\u00e1nchez presenta a\u00fan un \u00abextraordinario\u00bb riesgo de\u00a0reiteraci\u00f3n delictiva. \u00abSe han acopiado nuevas e importantes evidencias sobre la concurrencia de violencia y de otros elementos del tipo penal, directamente imputables al solicitante\u00bb, a\u00f1ade.<\/span><\/p>\n<p class=\"mce\" style=\"text-align: justify;\"><span style=\"font-size: 14pt; font-family: arial, helvetica, sans-serif;\">S\u00e1nchez y Forn han sido trasladado a primera hora a los calabozos de la Audiencia Nacional, aunque el exconseller hab\u00eda renunciado a ejercer su turno de palabra en la vista, por lo que finalmente no ha comparecido en el Tribunal Supremo. S\u00ed que lo ha hecho S\u00e1nchez, que ha defendido sus razones para salir de prisi\u00f3n frente a los magistrados\u00a0Miguel Colmenero, Alberto Jorge Barreiro y Francisco Monterde<\/span><\/p>\n<p class=\"mce\" style=\"text-align: justify;\"><span style=\"font-size: 14pt; font-family: arial, helvetica, sans-serif;\">Los recursos que\u00a0han defendido este martes S\u00e1nchez y Forn son contra dos autos de febrero. En el caso del antiguo l\u00edder de ANC, no es contra el que le proh\u00edbe acudir a la investidura, sino contra uno anterior &#8211;<a class=\"mce\" href=\"https:\/\/www.eldiario.es\/politica\/Supremo-preventiva-Jordi-Sanchez-JxCat_0_737376809.html\" target=\"_blank\" rel=\"noopener noreferrer\">\u00a0del 6 de febrero<\/a>&#8211; que denegaba su libertad por mantener su ideario independentista, lo que imposibilita, escribi\u00f3 Llarena, \u201cel convencimiento de imposible reiteraci\u00f3n delictiva que se tendr\u00eda respecto de quien profese la ideolog\u00eda contraria\u201d.<\/span><\/p>\n<p class=\"mce\" style=\"text-align: justify;\"><span style=\"font-size: 14pt; font-family: arial, helvetica, sans-serif;\">En el caso de Forn, se\u00a0ha opuesto a\u00a0<a class=\"mce\" href=\"https:\/\/www.eldiario.es\/politica\/Supremo-peticion-libertad-exconseller-Forn_0_735976840.html\" target=\"_blank\" rel=\"noopener noreferrer\">\u00a0un auto del juez del 2 de febrero<\/a>\u00a0en el que, a pesar de haber renunciado a su esca\u00f1o como signo de abandono de la v\u00eda unilateral, el juez argument\u00f3 que no estaba claro que su formaci\u00f3n pol\u00edtica apostase por \u201crespetar el orden legal para lograr la aspiraci\u00f3n de independencia\u201d, una aspiraci\u00f3n compartida por el exconseller, dijo Llarena.<\/span><\/p>\n<\/div>\n<\/div>\n<p>\n<a href=\"https:\/\/puntocritico.com\/ausajpuntocritico\/wp-content\/uploads\/2018\/03\/Mosca_Punto_Cr\u00edtico_40.png\" rel=\"lightbox[10083]\"><img loading=\"lazy\" decoding=\"async\" class=\"aligncenter wp-image-9528\" src=\"https:\/\/puntocritico.com\/ausajpuntocritico\/wp-content\/uploads\/2018\/03\/Mosca_Punto_Cr\u00edtico_40.png\" alt=\"\" width=\"40\" height=\"40\" \/><\/a><\/p>\n<header class=\"nav-up\">\n<h1 class=\"pg-headline\" style=\"text-align: center;\"><a id=\"ref15\"><\/a><a href=\"#ref15a\">[15]<\/a> El expresidente franc\u00e9s Nicolas Sarkozy, detenido por la supuesta financiaci\u00f3n ilegal de su campa\u00f1a electoral de 2007<\/h1>\n<p><span style=\"font-size: 14pt;\">Por \u00abEldiario.es\u00bb<\/span><\/p>\n<div><span style=\"color: #339966;\">Art\u00edculo publicado el 20 de marzo de 2018 en<\/span><\/div>\n<div><a href=\"https:\/\/www.eldiario.es\/internacional\/expresidente-Nicolas-Sazkozy-financiacion-electoral_0_752074841.html\" target=\"_blank\" rel=\"noopener\"><span style=\"color: #339966;\">https:\/\/www.eldiario.es\/internacional\/expresidente-Nicolas-Sazkozy-financiacion-electoral_0_752074841.html<\/span><\/a><\/div>\n<\/header>\n<div>\u00a0<\/div>\n<div>\n<blockquote>\n<p style=\"text-align: justify;\"><span style=\"color: #008000;\"><strong><span style=\"font-size: 14pt; font-family: arial, helvetica, sans-serif;\">Es la primera vez que el expresidente franc\u00e9s tiene que responder a las acusaciones de la supuesta financiaci\u00f3n de Libia a su campa\u00f1a electoral<\/span><\/strong><\/span><\/p>\n<p style=\"text-align: justify;\"><span style=\"color: #008000;\"><strong><span style=\"font-size: 14pt; font-family: arial, helvetica, sans-serif;\">La comparecencia de Sarkozy podr\u00eda prolongarse hasta 48 antes de comparecer ante un juez que decida su posible inculpaci\u00f3n<\/span><\/strong><\/span><\/p>\n<\/blockquote>\n<\/div>\n<header class=\"nav-up\">\n<div>\u00a0<\/div>\n<div>\n<figure id=\"attachment_10133\" aria-describedby=\"caption-attachment-10133\" style=\"width: 643px\" class=\"wp-caption aligncenter\"><a href=\"https:\/\/puntocritico.com\/ausajpuntocritico\/wp-content\/uploads\/2018\/03\/Sarkozy-preocupacion-eleccion-Trump-Hollande_EDIIMA20161110_0225_24.jpg\" rel=\"lightbox[10083]\"><img loading=\"lazy\" decoding=\"async\" class=\"wp-image-10133 size-full\" src=\"https:\/\/puntocritico.com\/ausajpuntocritico\/wp-content\/uploads\/2018\/03\/Sarkozy-preocupacion-eleccion-Trump-Hollande_EDIIMA20161110_0225_24.jpg\" alt=\"\" width=\"643\" height=\"362\" srcset=\"https:\/\/puntocritico.com\/ausajpuntocritico\/wp-content\/uploads\/2018\/03\/Sarkozy-preocupacion-eleccion-Trump-Hollande_EDIIMA20161110_0225_24.jpg 643w, https:\/\/puntocritico.com\/ausajpuntocritico\/wp-content\/uploads\/2018\/03\/Sarkozy-preocupacion-eleccion-Trump-Hollande_EDIIMA20161110_0225_24-300x169.jpg 300w\" sizes=\"auto, (max-width: 643px) 100vw, 643px\" \/><\/a><figcaption id=\"caption-attachment-10133\" class=\"wp-caption-text\"><strong><span style=\"color: #339966;\">Nicolas Sarkozy en una imagen de archivo.\u00a0EFE<\/span><\/strong><\/figcaption><\/figure>\n<\/div>\n<section class=\"cp-tools md cf \">\n<div>\u00a0<\/div>\n<div class=\"md-social md cl\" style=\"text-align: justify;\"><span style=\"font-family: arial, helvetica, sans-serif; font-size: 14pt; text-align: justify;\">El expresidente de la Rep\u00fablica francesa Nicolas Sarkozy est\u00e1 en custodia policial desde este martes por su supuesta relaci\u00f3n con la financiaci\u00f3n libia de su campa\u00f1a electoral del a\u00f1o 2007, seg\u00fan informan la agencia\u00a0<\/span><em class=\"mce\" style=\"font-family: arial, helvetica, sans-serif; font-size: 14pt; text-align: justify;\">Reuters<\/em><span style=\"font-family: arial, helvetica, sans-serif; font-size: 14pt; text-align: justify;\">\u00a0y medios franceses.<\/span><\/div>\n<\/section>\n<\/header>\n<div class=\"pg-body\">\n<div id=\"edi-body\" class=\"mce-body mce no-sticky-adv-socios\">\n<p class=\"mce\" style=\"text-align: justify;\"><span style=\"font-size: 14pt; font-family: arial, helvetica, sans-serif;\">Seg\u00fan asegura\u00a0<a class=\"mce\" href=\"http:\/\/www.lemonde.fr\/police-justice\/article\/2018\/03\/20\/financement-libyen-de-la-campagne-de-2007-nicolas-sarkozy-en-garde-a-vue_5273446_1653578.html\" target=\"_blank\" rel=\"noopener\">el diario\u00a0<em class=\"mce\">Le Monde<\/em><\/a>, el expresidente ha sido puesto bajo custodia en las instalaciones de la policial judicial en el distrito de Nanterre, a las afueras de Par\u00eds. Sarkozy fue citado en las instalaciones de la polic\u00eda judicial para explicar los supuestos fondos que habr\u00eda recibido del Gobierno libio -dirigido entonces por Muamar el Gadafi- para su campa\u00f1a electoral del a\u00f1o 2007.<\/span><\/p>\n<p class=\"mce\" style=\"text-align: justify;\"><span style=\"font-size: 14pt; font-family: arial, helvetica, sans-serif;\">Esta declaraci\u00f3n bajo arresto del expresidente franc\u00e9s podr\u00eda significar, tal y como apunta el diario\u00a0<em class=\"mce\">Le Monde<\/em>, que los magistrados tendr\u00edan pruebas suficientes para inculparle tras las declaraciones y las supuestas pruebas aportadas por diferentes altos cargos del r\u00e9gimen de Gadafi.<\/span><\/p>\n<p class=\"mce\" style=\"text-align: justify;\"><span style=\"font-size: 14pt; font-family: arial, helvetica, sans-serif;\">En abril de 2012,\u00a0el diario digital\u00a0<em class=\"mce\">M\u00e9diapart<\/em>\u00a0public\u00f3\u00a0<a class=\"mce\" href=\"https:\/\/www.mediapart.fr\/journal\/international\/280412\/sarkozy-kadhafi-la-preuve-du-financement\" target=\"_blank\" rel=\"noopener\">un documento de los servicios secretos libios<\/a>, fechado en el a\u00f1o 2010, que apuntaba que Gadafi habr\u00eda aportado 50 millones de euros a la campa\u00f1a presidencial de Sarkozy. El expresidente galo neg\u00f3 las acusaciones y asegur\u00f3 que la informaci\u00f3n publicada\u00a0por\u00a0<em class=\"mce\">M\u00e9diapart<\/em>\u00a0era \u00abgrotescas\u00bb, por lo que denunci\u00f3 al diario por publicar \u00abnoticias falsas\u00bb.<\/span><\/p>\n<p class=\"mce\" style=\"text-align: justify;\"><span style=\"font-size: 14pt; font-family: arial, helvetica, sans-serif;\">Bas\u00e1ndose en la informaci\u00f3n de\u00a0<em class=\"mce\">M\u00e9diapart<\/em>, en el a\u00f1o 2013, la Fiscal\u00eda de Par\u00eds decidi\u00f3 abrir una investigaci\u00f3n para tratar de aclarar si Sarkozy hab\u00eda recibido ayudas por parte del dictador libio a lo largo de\u00a0la campa\u00f1a electoral que llev\u00f3 al conservador hasta el Palacio del El\u00edseo.\u00a0\u00a0<\/span><\/p>\n<p class=\"mce\" style=\"text-align: justify;\"><span style=\"font-size: 14pt; font-family: arial, helvetica, sans-serif;\">En noviembre de 2016, el empresario e intermediario Ziad Takieddine afirm\u00f3 haber llevado cinco millones de euros en efectivo entre finales de 2006 y comienzos de 2007 de Tr\u00edpoli a Par\u00eds que entreg\u00f3 a Claude G\u00e9ant y a Nicolas Sarkozy, que era entonces ministro de Interior.<\/span><\/p>\n<p class=\"mce\" style=\"text-align: justify;\"><span style=\"font-size: 14pt; font-family: arial, helvetica, sans-serif;\">Estas acusaciones se sumaban a las del responsable de servicios de informaci\u00f3n militar del r\u00e9gimen libio, Abdallah Senoussi, que en septiembre de 2012 se\u00f1al\u00f3 ante un fiscal que esos pagos se hab\u00edan efectuado.<\/span><\/p>\n<p class=\"mce\" style=\"text-align: justify;\"><span style=\"font-size: 14pt; font-family: arial, helvetica, sans-serif;\">Seg\u00fan destaca\u00a0<em class=\"mce\">Le Monde<\/em>, en una agenda del que fuera ministro del Petr\u00f3leo de Libia, Choukri Ghanem, que la justicia francesa recuper\u00f3 tras su muerte en 2012 en circunstancias a\u00fan por aclarar, aparec\u00edan diferentes pagos realizados a Nicolas Sarkozy.\u00a0<\/span><\/p>\n<p class=\"mce\" style=\"text-align: justify;\"><span style=\"font-size: 14pt; font-family: arial, helvetica, sans-serif;\">La comparecencia este martes de Sarkozy, que responde por primera vez por estas acusaciones desde que se abri\u00f3 la investigaci\u00f3n en el a\u00f1o 2013, podr\u00eda prolongarse hasta 48 horas antes de ser presentado ante el juez para un posible inculpaci\u00f3n.<\/span><\/p>\n<p class=\"mce\" style=\"text-align: justify;\"><span style=\"font-size: 14pt; font-family: arial, helvetica, sans-serif;\">La agencia EFE asegura que uno de los jueces que ha dirigido esta investigaci\u00f3n es el mismo que lo inculp\u00f3 en otro sumario, en ese caso por los fondos para la campa\u00f1a de 2012 en la que no fue elegido.<\/span><\/p>\n<\/div>\n<\/div>\n<p>\n<a href=\"https:\/\/puntocritico.com\/ausajpuntocritico\/wp-content\/uploads\/2018\/03\/Mosca_Punto_Cr\u00edtico_40.png\" rel=\"lightbox[10083]\"><img loading=\"lazy\" decoding=\"async\" class=\"aligncenter wp-image-9528\" src=\"https:\/\/puntocritico.com\/ausajpuntocritico\/wp-content\/uploads\/2018\/03\/Mosca_Punto_Cr\u00edtico_40.png\" alt=\"\" width=\"40\" height=\"40\" \/><\/a><\/p>\n<header class=\"nav-up\">\n<h1 class=\"pg-headline\" style=\"text-align: center;\"><a id=\"ref16\"><\/a><a href=\"#ref16a\">[16]<\/a> El Gobierno adjudic\u00f3 contratos por m\u00e1s de 300 millones con una f\u00f3rmula ilegal que favorec\u00eda el &#8216;dedazo&#8217; a las constructoras<\/h1>\n<\/header>\n<p><span style=\"font-size: 14pt;\">Por Antonio M. V\u00e9lez<\/span><\/p>\n<div><span style=\"color: #339966;\">Art\u00edculo publicado el 19 de marzo de 2018 en<\/span><\/div>\n<div><a href=\"https:\/\/www.eldiario.es\/internacional\/expresidente-Nicolas-Sazkozy-financiacion-electoral_0_752074841.html\" target=\"_blank\" rel=\"noopener\"><span style=\"color: #339966;\">https:\/\/www.eldiario.es\/internacional\/expresidente-Nicolas-Sazkozy-financiacion-electoral_0_752074841.html<\/span><\/a><\/div>\n<div>\u00a0<\/p>\n<div class=\"subtitle bkn mce sk2\">\n<blockquote>\n<p style=\"text-align: justify;\"><span style=\"color: #008000;\"><strong><span style=\"font-size: 14pt; font-family: arial, helvetica, sans-serif;\">Entre abril de 2014 y octubre de 2015, Fomento adjudic\u00f3 al menos cuarenta contratos de mantenimiento de carreteras a treinta empresas con una\u00a0f\u00f3rmula\u00a0luego declarada ilegal<\/span><\/strong><\/span><\/p>\n<p style=\"text-align: justify;\"><span style=\"color: #008000;\"><strong><span style=\"font-size: 14pt; font-family: arial, helvetica, sans-serif;\">La cl\u00e1usula fue anulada en enero de 2016 por el Tribunal de Recursos Contractuales\u00a0\u00abpor no ser conforme a Derecho\u00bb<\/span><\/strong><\/span><\/p>\n<p style=\"text-align: justify;\"><span style=\"color: #008000;\"><strong><span style=\"font-size: 14pt; font-family: arial, helvetica, sans-serif;\">Los pliegos con la cl\u00e1usula ilegal llevaban la firma del entonces secretario de Estado de Infraestructuras y hoy ministro de Justicia, Rafael Catal\u00e1<\/span><\/strong><\/span><\/p>\n<\/blockquote>\n<\/div>\n<section class=\"cp-tools md cf \">\n<p class=\"cmt-info fr\">\u00a0<\/p>\n<\/section>\n<\/div>\n<div>\n<figure id=\"attachment_10134\" aria-describedby=\"caption-attachment-10134\" style=\"width: 643px\" class=\"wp-caption aligncenter\"><a href=\"https:\/\/puntocritico.com\/ausajpuntocritico\/wp-content\/uploads\/2018\/03\/Serna-politica-siempre-paralelo-Rajoy_EDIIMA20161104_0450_24.jpg\" rel=\"lightbox[10083]\"><img loading=\"lazy\" decoding=\"async\" class=\"wp-image-10134 size-full\" src=\"https:\/\/puntocritico.com\/ausajpuntocritico\/wp-content\/uploads\/2018\/03\/Serna-politica-siempre-paralelo-Rajoy_EDIIMA20161104_0450_24.jpg\" alt=\"\" width=\"643\" height=\"362\" srcset=\"https:\/\/puntocritico.com\/ausajpuntocritico\/wp-content\/uploads\/2018\/03\/Serna-politica-siempre-paralelo-Rajoy_EDIIMA20161104_0450_24.jpg 643w, https:\/\/puntocritico.com\/ausajpuntocritico\/wp-content\/uploads\/2018\/03\/Serna-politica-siempre-paralelo-Rajoy_EDIIMA20161104_0450_24-300x169.jpg 300w\" sizes=\"auto, (max-width: 643px) 100vw, 643px\" \/><\/a><figcaption id=\"caption-attachment-10134\" class=\"wp-caption-text\"><span style=\"font-size: 10pt; color: #339966;\"><strong>Rafael Catal\u00e1 y Ana Pastor entregan la cartera de Fomento a \u00cd\u00f1igo de la Serna.\u00a0EFE<\/strong><\/span><\/figcaption><\/figure>\n<\/div>\n<div class=\"pg-body\">\n<div id=\"edi-body\" class=\"mce-body mce no-sticky-adv-socios\">\n<p>&nbsp;<\/p>\n<p class=\"mce\" style=\"text-align: justify;\"><span style=\"font-size: 14pt; font-family: arial, helvetica, sans-serif;\">El Ministerio de Fomento adjudic\u00f3\u00a0en la etapa de la actual presidenta del Congreso de los Diputados, Ana Pastor, m\u00e1s de 300 millones de euros en contratos con una f\u00f3rmula ilegal que favorec\u00eda el &#8216;dedazo&#8217; a las empresas constructoras.<\/span><\/p>\n<p class=\"mce\" style=\"text-align: justify;\"><span style=\"font-size: 14pt; font-family: arial, helvetica, sans-serif;\">Los\u00a0contratos fueron adjudicados entre abril de 2014 y octubre de 2015 a una treintena de compa\u00f1\u00edas del sector de la construcci\u00f3n a las que (en solitario o a trav\u00e9s de uniones temporales de empresas) se encarg\u00f3 la conservaci\u00f3n de carreteras en doce comunidades aut\u00f3nomas por un periodo de hasta cinco a\u00f1os. Son al menos cuarenta contratos que en su inmensa mayor\u00eda est\u00e1n todav\u00eda vigentes y que expiran este mismo a\u00f1o, aunque en teor\u00eda Fomento\u00a0podr\u00eda prorrogarlos, seg\u00fan los pliegos de condiciones, que llevaban la firma del entonces secretario de Estado de Infraestructuras y hoy ministro de Justicia, Rafael Catal\u00e1.\u00a0<\/span><\/p>\n<p class=\"mce\" style=\"text-align: justify;\"><span style=\"font-size: 14pt; font-family: arial, helvetica, sans-serif;\">En enero de 2016, el Tribunal Administrativo Central de Recursos Contractuales, dependiente del Ministerio de Hacienda,\u00a0<a class=\"mce\" href=\"http:\/\/www.minhafp.gob.es\/TACRC\/Resoluciones\/A%C3%B1o%202016\/Recurso%201193-2015%20(Res%204)%2012-01-15.pdf\" target=\"_blank\" rel=\"noopener\">\u00a0determin\u00f3<\/a>\u00a0que Fomento hab\u00eda incluido una cl\u00e1usula ilegal en cuatro licitaciones de carreteras en las provincias de C\u00e1ceres, C\u00e1diz, Guadalajara y Valencia y dio la raz\u00f3n a un recurso presentado en noviembre de 2015 por la Asociaci\u00f3n C\u00edrculo de Empresas Andaluzas de la Construcci\u00f3n, Consultor\u00eda y Obra P\u00fablica (Ceacop).<\/span><\/p>\n<p class=\"mce\" style=\"text-align: justify;\"><span style=\"font-size: 14pt; font-family: arial, helvetica, sans-serif;\">Como cont\u00f3 entonces\u00a0<a class=\"mce\" href=\"https:\/\/www.vozpopuli.com\/economia-y-finanzas\/empresas\/Ministerio_de_Hacienda_y_Administraciones_Publicas-Ministerio_de_Fomento-Ceacop-Licitacion_publica-Ministerio_de_Hacienda_0_892110813.html\" target=\"_blank\" rel=\"noopener\">Vozp\u00f3puli<\/a>, el tribunal determin\u00f3 que la cl\u00e1usula, una compleja f\u00f3rmula matem\u00e1tica para puntuar las ofertas, deb\u00eda anularse \u00abpor no ser conforme a Derecho\u00bb, porque conced\u00eda excesivo peso en la valoraci\u00f3n de las propuestas\u00a0a<strong class=\"mce\">\u00a0\u00a0<\/strong>criterios arbitrarios, en detrimento de aquellos m\u00e1s objetivos, b\u00e1sicamente el precio.<\/span><\/p>\n<p class=\"mce\" style=\"text-align: justify;\"><span style=\"font-size: 14pt; font-family: arial, helvetica, sans-serif;\">En virtud de esa cl\u00e1usula, incluida bajo el\u00a0ep\u00edgrafe \u00abEnumeraci\u00f3n y puntuaci\u00f3n de los criterios evaluables mediante f\u00f3rmulas\u00bb, el valor de la puntuaci\u00f3n econ\u00f3mica de la ofertas de los licitadores se dilu\u00eda en favor de la t\u00e9cnica (sin f\u00f3rmulas autom\u00e1ticas de evaluaci\u00f3n) y, en definitiva, se dejaba \u00abal arbitrio del \u00f3rgano de contrataci\u00f3n la adjudicaci\u00f3n de la licitaci\u00f3n\u00bb, seg\u00fan la sentencia.<\/span><\/p>\n<p class=\"mce\" style=\"text-align: justify;\"><span style=\"font-size: 14pt; font-family: arial, helvetica, sans-serif;\">En el momento de anularse esa cl\u00e1usula, hab\u00edan pasado apenas 22 d\u00edas desde las elecciones de diciembre de 2015. Sin Gobierno a la vista, Fomento, que en ese momento estaba en funciones como el resto del Ejecutivo, no recurri\u00f3 esa resoluci\u00f3n de Hacienda, que oblig\u00f3 al Ministerio a\u00a0<a class=\"mce\" href=\"https:\/\/www.vozpopuli.com\/economia-y-finanzas\/empresas\/Ministerio_de_Fomento-Ministerio_de_Hacienda_y_Administraciones_Publicas-Ana_Pastor-Licitacion_publica-Ministerio_de_Hacienda_0_898410191.html\" target=\"_blank\" rel=\"noopener\">rectificar licitaciones<\/a>\u00a0que ten\u00eda en curso por importe de m\u00e1s de 400 millones.<\/span><\/p>\n<p class=\"mce\" style=\"text-align: justify;\"><span style=\"font-size: 14pt; font-family: arial, helvetica, sans-serif;\">El problema es que, tal y como ha podido comprobar eldiario.es, el Ministerio ya llevaba a\u00f1o y medio aplicando esa cl\u00e1usula ilegal en\u00a0decenas de contratos de mantenimiento de carreteras. Aunque Fomento no responde a la pregunta de a cu\u00e1ntos contratos ya adjudicados afect\u00f3, este\u00a0diario ha confirmado la existencia de un total de 40 adjudicaciones\u00a0cuyos pliegos\u00a0inclu\u00edan esa f\u00f3rmula contraria a Derecho.<\/span><\/p>\n<p class=\"mce\" style=\"text-align: justify;\"><span style=\"font-size: 14pt; font-family: arial, helvetica, sans-serif;\">Esos contratos ten\u00edan un presupuesto inicial de 407 millones de euros y fueron adjudicados por un importe global de 306,9 millones. Fuentes conocedoras de la operativa aseguran que hay m\u00e1s: cifran los contratos ilegales en m\u00e1s de cincuenta, con un presupuesto de m\u00e1s de 450 millones.<\/span><\/p>\n<p class=\"mce\" style=\"text-align: justify;\"><span style=\"font-size: 14pt; font-family: arial, helvetica, sans-serif;\">Las licitaciones fueron puestas en marcha por la Direcci\u00f3n General de Carreteras, cuyo responsable es desde 2012 Jorge Urrecho, antiguo colaborador del exministro Francisco \u00c1lvarez-Cascos. Los pliegos ten\u00edan\u00a0el visto bueno de Catal\u00e1, responsable de firmar las resoluciones que los autorizaron entre diciembre de 2013 y junio de 2014,\u00a0y la bendici\u00f3n previa de la Abogac\u00eda del Estado.<\/span><\/p>\n<p class=\"mce\" style=\"text-align: justify;\"><span style=\"font-size: 14pt; font-family: arial, helvetica, sans-serif;\">Las licitaciones comprenden contratos de conservaci\u00f3n de carreteras en las comunidades de Castilla y Le\u00f3n (diez contratos), Castilla-La Mancha, Comunidad Valenciana y Extremadura (cuatro contratos), Andaluc\u00eda, Arag\u00f3n, Catalunya, Galicia y Murcia (tres) y Asturias, Cantabria y Madrid (uno). El presupuesto de cada uno de ellos oscila entre los 54 millones\u00a0de euros (sin contar posibles pr\u00f3rrogas ni modificaciones) del\u00a0<a class=\"mce\" href=\"https:\/\/contrataciondelestado.es\/wps\/wcm\/connect\/5e88c63f-d4d6-4617-94fe-2795a2bd886c\/DOC2014090313182651-M-0106_PCAP.pdf?MOD=AJPERES\" target=\"_blank\" rel=\"noopener\">contrato de\u00a0la Comunidad de Madrid<\/a>\u00a0y los 5,5 millones de uno de los adjudicados\u00a0<a class=\"mce\" href=\"https:\/\/contrataciondelestado.es\/wps\/wcm\/connect\/be04f8eb-fbfc-4942-ab77-4ef85d16529d\/DOC_CAN_ADJ2014-677183.pdf?MOD=AJPERES\" target=\"_blank\" rel=\"noopener\">en Extremadura<\/a>.<\/span><\/p>\n<p class=\"mce\" style=\"text-align: justify;\"><span style=\"font-size: 14pt; font-family: arial, helvetica, sans-serif;\">Aunque las valoraciones de\u00a0las ofertas no son p\u00fablicas, fuentes conocedoras de esta operativa aseguran que Carreteras utilizaba esa cl\u00e1usula ilegal \u00abde forma absolutamente arbitraria para adjudicar los contratos a las empresas previamente elegidas, simplemente puntuando t\u00e9cnicamente 3 puntos m\u00e1s que al siguiente licitador, como lo demuestra que durante ese periodo de tiempo m\u00e1s del 90% de las adjudicaciones reca\u00edan en las empresas mejor valoradas t\u00e9cnicamente, sin importar la oferta econ\u00f3mica que se hiciera\u00bb.<\/span><\/p>\n<h3 style=\"text-align: justify;\"><span style=\"font-size: 14pt; font-family: arial, helvetica, sans-serif;\">Bajas temerarias<\/span><\/h3>\n<p class=\"mce\" style=\"text-align: justify;\"><span style=\"font-size: 14pt; font-family: arial, helvetica, sans-serif;\">La cl\u00e1usula que luego anul\u00f3 el Tribunal de Recursos Contractuales en teor\u00eda estaba pensada para evitar las bajas temerarias en las ofertas econ\u00f3micas. Pero el \u00f3rgano dependiente de Hacienda la\u00a0tumb\u00f3\u00a0por entender que propiciaba \u00abque sean los criterios de valoraci\u00f3n no autom\u00e1tica los determinantes de la adjudicaci\u00f3n\u00bb. Aunque las bajas eran \u00abnominal y formalmente posibles m\u00e1s all\u00e1 del l\u00edmite de referencia fijado\u00bb, la f\u00f3rmula anulada las privaba \u00abde relevancia pr\u00e1ctica\u00bb, seg\u00fan el \u00f3rgano dependiente de Hacienda.<\/span><\/p>\n<p class=\"mce\" style=\"text-align: justify;\"><span style=\"font-size: 14pt; font-family: arial, helvetica, sans-serif;\">En otras palabras, y siempre seg\u00fan la resoluci\u00f3n, \u00abse est\u00e1 penalizando a las ofertas m\u00e1s baratas de tal modo que, por debajo de ese determinado l\u00edmite o umbral, aunque bajen el precio ofertado a la Administraci\u00f3n, no obtienen una puntuaci\u00f3n relevante, de modo que se disuade una posible mayor baja o econom\u00eda en el contrato, al tiempo que no se permite la formulaci\u00f3n de alegaci\u00f3n alguna por parte de los contratistas en justificaci\u00f3n de su oferta de modo que la baja obtenga una puntuaci\u00f3n relevante\u00bb.<\/span><\/p>\n<p class=\"mce\" style=\"text-align: justify;\"><span style=\"font-size: 14pt; font-family: arial, helvetica, sans-serif;\">La patronal del sector de las adjudicatarias de estos contratos es la Asociaci\u00f3n de Empresas de Conservaci\u00f3n y Explotaci\u00f3n de Infraestructuras (Acex), que reconoce que la resoluci\u00f3n del tribunal que supuso la derogaci\u00f3n de la f\u00f3rmula de valoraci\u00f3n econ\u00f3mica de los concursos fue una decisi\u00f3n \u00absin precedentes\u00bb. Acex subraya que, independientemente de la ilegalidad de esa cl\u00e1usula, el cambio peri\u00f3dico de las f\u00f3rmulas de valoraci\u00f3n es una medida \u00absana\u00bb porque \u00abcuando se mantienen determinadas l\u00edneas, se produce cierta retroalimentaci\u00f3n y se genera calentamiento en las ofertas\u00bb.<\/span><\/p>\n<p class=\"mce\" style=\"text-align: justify;\"><span style=\"font-size: 14pt; font-family: arial, helvetica, sans-serif;\">Por su parte, el Ministerio de Fomento no ha contestado a las preguntas de eldiario.es sobre este asunto. El lunes a \u00faltima hora de la tarde, fuentes del departamento de \u00cd\u00f1igo de la Serna se limitaron a se\u00f1alar en un correo electr\u00f3nico que \u00abse anularon las licitaciones que llevaban esta cl\u00e1usula y posteriormente se volvieron a licitar con los pliegos corregidos\u00bb. Pero obvian esos contratos valorados en m\u00e1s de 300 millones adjudicados con anterioridad a la decisi\u00f3n de Hacienda.<\/span><\/p>\n<\/div>\n<\/div>\n<p style=\"text-align: justify;\">\n<a href=\"https:\/\/puntocritico.com\/ausajpuntocritico\/wp-content\/uploads\/2018\/03\/Mosca_Punto_Cr\u00edtico_40.png\" rel=\"lightbox[10083]\"><img loading=\"lazy\" decoding=\"async\" class=\"aligncenter wp-image-9528\" src=\"https:\/\/puntocritico.com\/ausajpuntocritico\/wp-content\/uploads\/2018\/03\/Mosca_Punto_Cr\u00edtico_40.png\" alt=\"\" width=\"40\" height=\"40\" \/><\/a><\/p>\n<header class=\"nav-down\">\n<h1 class=\"pg-headline\" style=\"text-align: center;\"><a id=\"ref17\"><\/a><a href=\"#ref17a\">[17]<\/a> El oscuro arte de la publicidad pol\u00edtica en internet ya funciona tan bien que hay motivos para alarmarse<\/h1>\n<p><span style=\"font-size: 14pt; font-family: arial, helvetica, sans-serif;\">Por Julia Carrie Wong<\/span><\/p>\n<div><span style=\"color: #339966;\">Art\u00edculo publicado el 19 de marzo de 2018 en<\/span><\/div>\n<div><a href=\"https:\/\/www.eldiario.es\/theguardian\/publicidad-politica-Facebook_0_751725601.html\" target=\"_blank\" rel=\"noopener\"><span style=\"color: #339966;\">https:\/\/www.eldiario.es\/theguardian\/publicidad-politica-Facebook_0_751725601.html<\/span><\/a><\/div>\n<\/header>\n<div>\u00a0<\/div>\n<blockquote>\n<div style=\"text-align: justify;\"><span style=\"color: #008000;\"><strong><span style=\"font-size: 14pt; font-family: arial, helvetica, sans-serif;\">Las campa\u00f1as digitales han evolucionado desde los banners de hace 20 a\u00f1os a que Cambridge Analytica recolecte nuestros datos de Facebook. \u00bfSe ha convertido el microtargeting en una amenaza para la democracia?\u00a0<\/span><\/strong><\/span><\/div>\n<\/blockquote>\n<header class=\"nav-down\">\n<div>\u00a0<\/div>\n<\/header>\n<div>\u00a0<\/div>\n<div>\n<figure id=\"attachment_10135\" aria-describedby=\"caption-attachment-10135\" style=\"width: 643px\" class=\"wp-caption aligncenter\"><a href=\"https:\/\/puntocritico.com\/ausajpuntocritico\/wp-content\/uploads\/2018\/03\/Facebook-Congreso-descartar-Trump-Rusia_EDIIMA20180126_0072_19.jpg\" rel=\"lightbox[10083]\"><img loading=\"lazy\" decoding=\"async\" class=\"wp-image-10135 size-full\" src=\"https:\/\/puntocritico.com\/ausajpuntocritico\/wp-content\/uploads\/2018\/03\/Facebook-Congreso-descartar-Trump-Rusia_EDIIMA20180126_0072_19.jpg\" alt=\"\" width=\"643\" height=\"362\" srcset=\"https:\/\/puntocritico.com\/ausajpuntocritico\/wp-content\/uploads\/2018\/03\/Facebook-Congreso-descartar-Trump-Rusia_EDIIMA20180126_0072_19.jpg 643w, https:\/\/puntocritico.com\/ausajpuntocritico\/wp-content\/uploads\/2018\/03\/Facebook-Congreso-descartar-Trump-Rusia_EDIIMA20180126_0072_19-300x169.jpg 300w\" sizes=\"auto, (max-width: 643px) 100vw, 643px\" \/><\/a><figcaption id=\"caption-attachment-10135\" class=\"wp-caption-text\"><span style=\"font-size: 10pt;\"><strong><span style=\"color: #339966;\">El vicepresidente y consejero general de Facebook, Colin Stretch (izda); el consejero general de Twitter, Sean Edgett (c), y el vicepresidente y asesor legal general de Google, Kent Walker, intervienen en una audiencia del Comit\u00e9 de Inteligencia del Senado de EEUU, en Washington, en noviembre del 2017.\u00a0EFE<\/span><\/strong><\/span><\/figcaption><\/figure>\n<\/div>\n<header class=\"nav-down\">\n<div class=\"subtitle bkn mce sk2\">\n<p style=\"text-align: justify;\"><span style=\"font-family: arial, helvetica, sans-serif; font-size: 14pt;\">Alan Gould se estaba dando contra una pared. Era fines de los 90 y este operario de publicidad pol\u00edtica tuvo la idea de utilizar una herramienta relativamente moderna \u2013los banners publicitarios en p\u00e1ginas web\u2013 para promocionar candidatos pol\u00edticos. \u201cEn ese momento me pareci\u00f3 clar\u00edsimo que la forma de dirigir y adaptar el mensaje era perfecta para las campa\u00f1as pol\u00edticas\u201d, recordaba Gould recientemente. \u201cHice una presentaci\u00f3n sobre internet y su poder para conectar, rastrear, reunir fondos y captar al p\u00fablico\u201d.<\/span><\/p>\n<\/div>\n<\/header>\n<div class=\"pg-body\">\n<div id=\"edi-body\" class=\"mce-body mce no-sticky-adv-socios\">\n<p class=\"mce\" style=\"text-align: justify;\"><span style=\"font-size: 14pt; font-family: arial, helvetica, sans-serif;\">Pero cuando Gould acab\u00f3 su discurso, s\u00f3lo se encontr\u00f3 con rostros inexpresivos. \u201cMe sent\u00ed como un flautista de Hamel\u00edn solitario\u201d, relata.<\/span><\/p>\n<p class=\"mce\" style=\"text-align: justify;\"><span style=\"font-size: 14pt; font-family: arial, helvetica, sans-serif;\">Finalmente, en 1998, Gould encontr\u00f3 un candidato que estaba tan mal en los sondeos y tan falto de dinero que decidi\u00f3 arriesgarse y gastar 80.000 euros en un banner en la p\u00e1gina\u00a0web de\u00a0<em class=\"mce\">the New York Times<\/em>. Peter Vallone, entonces concejal de la ciudad de Nueva York, se enfrentaba a George Pataki\u00a0en las elecciones a gobernador\u00a0y dio a Gould luz verde para comprar un espacio publicitario que ha entrado en los libros de historia como la primera vez que se utiliz\u00f3 la publicidad en internet en una campa\u00f1a pol\u00edtica.<\/span><\/p>\n<p class=\"mce\" style=\"text-align: justify;\"><span style=\"font-size: 14pt; font-family: arial, helvetica, sans-serif;\">Los propios anuncios se pierden en la historia de internet \u2013Gould cree que igual tiene alguna copia en alg\u00fan disquete antiguo\u2013. Pero no es dif\u00edcil trazar una l\u00ednea desde ese momento hasta la<a class=\"mce\" href=\"https:\/\/www.theguardian.com\/us-news\/2018\/feb\/16\/robert-mueller-russians-charged-election\" target=\"_blank\" rel=\"noopener noreferrer\">\u00a0acusaci\u00f3n del 16 de febrero del fiscal Robert Mueller<\/a>\u00a0contra la empresa rusa\u00a0<span class=\"mce\">\u00a0Internet Research Agency<\/span>. Mueller alega que agentes rusos llevaron a cabo una conspiraci\u00f3n para interferir en las elecciones presidenciales de Estados Unidos principalmente comprando espacio publicitario personalizado en Facebook dise\u00f1ado para \u201cdisuadir a las minor\u00edas estadounidenses de ir a votar\u201d.<\/span><\/p>\n<p class=\"mce\" style=\"text-align: justify;\"><span style=\"font-size: 14pt; font-family: arial, helvetica, sans-serif;\">Esa l\u00ednea\u00a0tambi\u00e9n llega hasta la noticia revelada hace unos d\u00edas por<em class=\"mce\">\u00a0the Observer<\/em>\u00a0que se\u00f1ala que<a class=\"mce\" href=\"http:\/\/www.guerraeterna.com\/facebook-y-cambridge-analytica-nos-ofrecen-la-ultima-evolucion-de-la-democracia\/\" target=\"_blank\" rel=\"noopener noreferrer\">\u00a0la empresa de datos Cambridge Analytica obtuvo y us\u00f3 ilegalmente la informaci\u00f3n de 50 millones de perfiles de Facebook<\/a>\u00a0para identificar votantes durante las elecciones presidenciales de 2016.<\/span><\/p>\n<p class=\"mce\" style=\"text-align: justify;\"><span style=\"font-size: 14pt; font-family: arial, helvetica, sans-serif;\">El anuncio de Vallone conten\u00eda versiones rudimentarias de muchos de los atributos que hoy hacen que la publicidad digital sea una fuerza tan poderosa (y aterradora): la capacidad de enfocarse en audiencias espec\u00edficas con mensajes hechos a medida y luego rastrear su reacci\u00f3n.<\/span><\/p>\n<p class=\"mce\" style=\"text-align: justify;\"><span style=\"font-size: 14pt; font-family: arial, helvetica, sans-serif;\">\u201cDe cara a las elecciones de noviembre del 2000, espero que la pregunta ya no sea si la publicidad pol\u00edtica en internet funciona, sino si funciona demasiado bien\u201d, escribi\u00f3 Cyrus Krohn, entonces\u00a0director\u00a0de publicidad pol\u00edtica en Microsoft Network,\u00a0<a class=\"mce\" href=\"http:\/\/www.slate.com\/articles\/news_and_politics\/net_election\/1999\/09\/online_political_advertising_our_salesman_reports.html\" target=\"_blank\" rel=\"noopener\">\u00a0en un prof\u00e9tico art\u00edculo de 1999<\/a>\u00a0para la revista<em class=\"mce\">Slate<\/em>.<\/span><\/p>\n<p class=\"mce\" style=\"text-align: justify;\"><span style=\"font-size: 14pt; font-family: arial, helvetica, sans-serif;\">Casi 20 a\u00f1os despu\u00e9s, el mundo ha\u00a0ido m\u00e1s all\u00e1 que\u00a0las preocupaciones de Krohn, e incluso algunos analistas han planteado el argumento no completamente hiperb\u00f3lico de que la &#8216;publicidad oscura&#8217; a trav\u00e9s del\u00a0<em class=\"mce\">microtargeting<\/em>\u00a0en Facebook es una amenaza fundamental contra la democracia. \u00bfEs demasiado tarde para arreglar la democracia?<\/span><\/p>\n<p>&nbsp;<\/p>\n<div class=\"inset cf width643\" style=\"text-align: justify;\">\n<figure class=\"media-holder\">\n<div class=\"mg \">\n<figure id=\"attachment_10136\" aria-describedby=\"caption-attachment-10136\" style=\"width: 643px\" class=\"wp-caption aligncenter\"><a href=\"https:\/\/puntocritico.com\/ausajpuntocritico\/wp-content\/uploads\/2018\/03\/Trump-nombra-campana-buscar-reeleccion_EDIIMA20180227_0955_19.jpg\" rel=\"lightbox[10083]\"><img loading=\"lazy\" decoding=\"async\" class=\"wp-image-10136 size-full\" src=\"https:\/\/puntocritico.com\/ausajpuntocritico\/wp-content\/uploads\/2018\/03\/Trump-nombra-campana-buscar-reeleccion_EDIIMA20180227_0955_19.jpg\" alt=\"\" width=\"643\" height=\"317\" srcset=\"https:\/\/puntocritico.com\/ausajpuntocritico\/wp-content\/uploads\/2018\/03\/Trump-nombra-campana-buscar-reeleccion_EDIIMA20180227_0955_19.jpg 643w, https:\/\/puntocritico.com\/ausajpuntocritico\/wp-content\/uploads\/2018\/03\/Trump-nombra-campana-buscar-reeleccion_EDIIMA20180227_0955_19-300x148.jpg 300w\" sizes=\"auto, (max-width: 643px) 100vw, 643px\" \/><\/a><figcaption id=\"caption-attachment-10136\" class=\"wp-caption-text\"><span style=\"font-size: 10pt; color: #339966;\"><strong>Brad Parscale, director de las operaciones digitales de la campa\u00f1a del presidente estadounidense Donald J. Trump, en las Web Summit de Lisboa, Portugal.\u00a0EFE\u00a0\u00a0<\/strong><\/span><\/figcaption><\/figure>\n<\/div>\n<\/figure>\n<\/div>\n<p>&nbsp;<\/p>\n<p class=\"mce\" style=\"text-align: justify;\"><strong><span style=\"font-size: 14pt; font-family: arial, helvetica, sans-serif;\">Un cambio en las reglas del juego<\/span><\/strong><\/p>\n<p class=\"mce\" style=\"text-align: justify;\"><span style=\"font-size: 14pt; font-family: arial, helvetica, sans-serif;\">En febrero, Donald Trump nombr\u00f3 a Brad Parscale su\u00a0director de campa\u00f1a para la reelecci\u00f3n de 2020. La decisi\u00f3n\u00a0concede\u00a0credibilidad\u00a0a lo que Parscale ha estado diciendo durante el \u00faltimo a\u00f1o: que\u00a0<a class=\"mce\" href=\"https:\/\/www.theguardian.com\/technology\/2017\/oct\/08\/trump-digital-director-brad-parscale-facebook-advertising\" target=\"_blank\" rel=\"noopener noreferrer\">su campa\u00f1a de publicidad en Facebook\u00a0hizo que Trump ganara las elecciones<\/a>.<\/span><\/p>\n<p class=\"mce\" style=\"text-align: justify;\"><span style=\"font-size: 14pt; font-family: arial, helvetica, sans-serif;\"><a class=\"mce\" href=\"https:\/\/www.buzzfeed.com\/henrygomez\/donald-trumps-michael-bay?utm_term=.cum7XEnyVv#.ijOZ7lorDv\" target=\"_blank\" rel=\"noopener noreferrer\">Parscale era un ejecutivo de marketing digital poco conocido<\/a>\u00a0que trabajaba en Texas\u00a0cuando le contrataron en 2015 para dise\u00f1ar la web de la campa\u00f1a de Trump. Hasta entonces, la publicidad digital era s\u00f3lo una forma de redondear los presupuestos de las campa\u00f1as. En 2008, el a\u00f1o en que Barack Obama se convirti\u00f3 en el primer candidato con redes sociales, los candidatos invirtieron s\u00f3lo 22,2 millones de d\u00f3lares en anuncios pol\u00edticos en internet, seg\u00fan un an\u00e1lisis de Borrell Associates.<\/span><\/p>\n<p class=\"mce\" style=\"text-align: justify;\"><span style=\"font-size: 14pt; font-family: arial, helvetica, sans-serif;\">Esa cifra creci\u00f3 significativamente en 2012, pero la verdadera explosi\u00f3n lleg\u00f3 en 2016, cuando los candidatos invirtieron 1.400 millones de d\u00f3lares en anuncios digitales.<\/span><\/p>\n<p class=\"mce\" style=\"text-align: justify;\"><span style=\"font-size: 14pt; font-family: arial, helvetica, sans-serif;\">Las campa\u00f1as de los candidatos presidenciales de Estados Unidos a menudo son recordadas \u2013y comprendidas\u2013 a trav\u00e9s de sus anuncios.\u00a0<\/span>\u00a0<\/p>\n<p class=\"mce\" style=\"text-align: justify;\"><span style=\"font-size: 14pt; font-family: arial, helvetica, sans-serif;\">El anuncio &#8216;Daisy&#8217; de Lyndon Johnson\u00a0dej\u00f3 claro de forma poderosa y pol\u00e9mica lo que estaba en juego en un mundo nuclear. El anuncio &#8216;Willie Horton&#8217; de George HW Bush todav\u00eda es s\u00edmbolo de la pol\u00edtica racista\u00a0en la \u00e9poca de mano dura contra el crimen. Tanto el mensaje como el mensajero son claves a la hora de debatir qui\u00e9n est\u00e1 mejor preparado para dirigir el pa\u00eds.<\/span><\/p>\n<div style=\"text-align: center;\"><iframe loading=\"lazy\" src=\"https:\/\/www.youtube.com\/embed\/Io9KMSSEZ0Y?rel=0&amp;controls=0\" width=\"560\" height=\"315\" frameborder=\"0\" allowfullscreen=\"allowfullscreen\"><\/iframe><\/div>\n<p class=\"mce\" style=\"text-align: justify;\"><span style=\"font-size: 14pt; font-family: arial, helvetica, sans-serif;\">Pero este debate p\u00fablico no se dio en relaci\u00f3n a la campa\u00f1a pol\u00edtica digital de Trump, que cambi\u00f3 las reglas del juego. Esto se debe, en parte, a un vac\u00edo legal en la ley de financiaci\u00f3n de campa\u00f1as pol\u00edticas redactada en 2002. La ley no incluye los anuncios en internet como parte de las \u201ccomunicaciones para la campa\u00f1a electoral\u201d que regula. Pero quiz\u00e1 m\u00e1s importante a\u00fan es la naturaleza misma de la publicidad en internet, que es autom\u00e1tica (con solo poner los datos de la tarjeta de cr\u00e9dito, ya est\u00e1) y muy repetitiva.<\/span><\/p>\n<p class=\"mce\" style=\"text-align: justify;\"><span style=\"font-size: 14pt; font-family: arial, helvetica, sans-serif;\"><a class=\"mce\" href=\"https:\/\/www.theguardian.com\/technology\/2017\/oct\/08\/trump-digital-director-brad-parscale-facebook-advertising\" target=\"_blank\" rel=\"noopener noreferrer\">Parscale dice que en promedio lanz\u00f3 cada d\u00eda<\/a>\u00a0entre 50.000 y 60.000 variaciones de anuncios de Facebook\u00a0durante la campa\u00f1a de Trump, todos dirigidos a distintos segmentos del electorado. Para comprender el significado de cada uno de esos anuncios habr\u00eda que saber qu\u00e9 pon\u00eda, a qui\u00e9n estaba dirigido y c\u00f3mo respondi\u00f3 la audiencia.<\/span><\/p>\n<p class=\"mce\" style=\"text-align: justify;\"><span style=\"font-size: 14pt; font-family: arial, helvetica, sans-serif;\">Si eso lo multiplicas por 100 ya te da dolor de cabeza, pero si lo multiplicas por 50.000 cada d\u00eda, comenzar\u00e1s a dudar de tu capacidad para comprender la realidad. Luego piensa que fueron 50.000 anuncios por d\u00eda durante una campa\u00f1a que dur\u00f3 m\u00e1s de un a\u00f1o.<\/span><\/p>\n<p class=\"mce\" style=\"text-align: justify;\"><span style=\"font-size: 14pt; font-family: arial, helvetica, sans-serif;\">\u201cLa raz\u00f3n por la que dije que quiz\u00e1 funcione demasiado bien\u201d, explic\u00f3 recientemente Krohn en una entrevista con<em class=\"mce\">the Guardian<\/em>, \u201ces que se dej\u00f3 de lado el marketing en masa y se puso en pr\u00e1ctica el\u00a0<em class=\"mce\">microtargeting<\/em>\u00a0o\u00a0<em class=\"mce\">nanotargeting<\/em>\u201d.<\/span><\/p>\n<p class=\"mce\" style=\"text-align: justify;\"><span style=\"font-size: 14pt; font-family: arial, helvetica, sans-serif;\">Cualquier candidato que utilice Facebook puede poner un mensaje prometiendo una cosa a un grupo de votantes y al mismo tiempo poner un anuncio con un mensaje completamente opuesto para otro grupo de votantes. Los anuncios no se ponen en ning\u00fan sitio donde los pueda ver el p\u00fablico en general (por eso se le llama &#8216;publicidad oscura&#8217;), y existen grandes probabilidades de que nadie se d\u00e9 cuenta.<\/span><\/p>\n<p class=\"mce\" style=\"text-align: justify;\"><span style=\"font-size: 14pt; font-family: arial, helvetica, sans-serif;\">Esto socava la idea de un \u201cmercado de ideas\u201d, dice Ann Ravel, exmiembro de la Comisi\u00f3n Federal Electoral, que hace tiempo que pide que se endurezcan las normas para las campa\u00f1as digitales. \u201cLa \u00fanica forma de tener una democracia fuerte es que la gente oiga todas estas ideas y tome sus propias decisiones y se debata\u201d, afirma Ravel. \u201cCon el\u00a0<em class=\"mce\">microtargeting<\/em>, eso no sucede.\u201d<\/span><\/p>\n<p class=\"mce\" style=\"text-align: justify;\"><span style=\"font-size: 14pt; font-family: arial, helvetica, sans-serif;\">Parscale y su equipo dijeron a los periodistas de Bloomberg que\u00a0<a class=\"mce\" href=\"https:\/\/www.bloomberg.com\/news\/articles\/2016-10-27\/inside-the-trump-bunker-with-12-days-to-go\" target=\"_blank\" rel=\"noopener noreferrer\">\u00a0utilizaron anuncios de Facebook dirigidos a los votantes de Hillary Clinton<\/a>\u00a0para\u00a0disuadirles\u00a0de ir a votar, incluyendo los mensajes\u00a0peligrosamente ambiguos que la candidata\u00a0hizo en los a\u00f1os 90, con los que\u00a0la\u00a0campa\u00f1a de Trump esperaba\u00a0disuadir a\u00a0los afroamericanos\u00a0para que ano acudieran a las urnas.<\/span><\/p>\n<p class=\"mce\" style=\"text-align: justify;\"><span style=\"font-size: 14pt; font-family: arial, helvetica, sans-serif;\">Este nivel de manipulaci\u00f3n pol\u00edtica puede resultar desagradable pero es, a su vez, relativamente antiguo. Un trabajador especializado en campa\u00f1as digitales (no conectado con la campa\u00f1a de Trump) lo compar\u00f3 con la Estrategia Sure\u00f1a de Richard Nixon, s\u00f3lo que \u201ccon una gran experiencia en tecnolog\u00eda\u201d.<\/span><\/p>\n<div class=\"inset cf width643\" style=\"text-align: justify;\">\n<figure class=\"media-holder\">\n<div class=\"mg \">\n<figure id=\"attachment_10137\" aria-describedby=\"caption-attachment-10137\" style=\"width: 643px\" class=\"wp-caption aligncenter\"><a href=\"https:\/\/puntocritico.com\/ausajpuntocritico\/wp-content\/uploads\/2018\/03\/Mark-Zuckerberg-fundador-consejero-Facebook_EDIIMA20180112_0175_29.jpg\" rel=\"lightbox[10083]\"><img loading=\"lazy\" decoding=\"async\" class=\"wp-image-10137 size-full\" src=\"https:\/\/puntocritico.com\/ausajpuntocritico\/wp-content\/uploads\/2018\/03\/Mark-Zuckerberg-fundador-consejero-Facebook_EDIIMA20180112_0175_29.jpg\" alt=\"\" width=\"643\" height=\"350\" srcset=\"https:\/\/puntocritico.com\/ausajpuntocritico\/wp-content\/uploads\/2018\/03\/Mark-Zuckerberg-fundador-consejero-Facebook_EDIIMA20180112_0175_29.jpg 643w, https:\/\/puntocritico.com\/ausajpuntocritico\/wp-content\/uploads\/2018\/03\/Mark-Zuckerberg-fundador-consejero-Facebook_EDIIMA20180112_0175_29-300x163.jpg 300w\" sizes=\"auto, (max-width: 643px) 100vw, 643px\" \/><\/a><figcaption id=\"caption-attachment-10137\" class=\"wp-caption-text\"><span style=\"font-size: 10pt;\"><strong><span style=\"color: #339966;\">Mark Zuckerberg, fundador y consejero delegado de Facebook.<\/span><\/strong><\/span><\/figcaption><\/figure>\n<\/div>\n<\/figure>\n<\/div>\n<p class=\"mce\" style=\"text-align: justify;\"><span style=\"font-size: 14pt; font-family: arial, helvetica, sans-serif;\">El \u00faltimo art\u00edculo de\u00a0<em class=\"mce\">The Observer<\/em>\u00a0ha revelado que el equipo de an\u00e1lisis de datos que trabaj\u00f3 para Trump, Cambridge Analytica, fue un poco m\u00e1s lejos que la campa\u00f1a de Nixon en lo que a trucos sucios de refiere. La empresa obtuvo datos de Facebook aludiendo que estaban realizando un estudio acad\u00e9mico, seg\u00fan ha revelado\u00a0<em class=\"mce\">the Observer<\/em>, pero luego utiliz\u00f3 esos datos para dise\u00f1ar anuncios dirigidos a millones de votantes estadounidenses bas\u00e1ndose en sus debilidades psicol\u00f3gicas.<\/span><\/p>\n<p class=\"mce\" style=\"text-align: justify;\"><span style=\"font-size: 14pt; font-family: arial, helvetica, sans-serif;\">\u201cNos aprovechamos de Facebook para\u00a0cosechar los perfiles de millones de personas\u201d, confes\u00f3<a class=\"mce\" href=\"https:\/\/www.eldiario.es\/internacional\/Christopher-Wylie-herramienta-psicologica-Bannon_0_751725562.html\" target=\"_blank\" rel=\"noopener noreferrer\">\u00a0Christopher Wylie<\/a>\u00a0a\u00a0<em class=\"mce\">The Observer<\/em>\u00a0sobre el robo de informaci\u00f3n. \u201cY dise\u00f1amos modelos para aprovechar esa informaci\u00f3n y mostrarles anuncios que estaban dirigidos a sus prejuicios\u00a0personales\u201d.<\/span><\/p>\n<h3 style=\"text-align: justify;\"><span style=\"font-size: 14pt; font-family: arial, helvetica, sans-serif;\">Elecciones europeas<\/span><\/h3>\n<p class=\"mce\" style=\"text-align: justify;\"><span style=\"font-size: 14pt; font-family: arial, helvetica, sans-serif;\">La publicidad pol\u00edtica digital en Estados Unidos es el lejano oeste comparada con otras democracias occidentales, que suelen tener campa\u00f1as m\u00e1s cortas y normativas m\u00e1s estrictas en relaci\u00f3n a la cantidad de dinero que se puede gastar. Este tipo de normativas puede impactar en la publicidad digital, que es mucho m\u00e1s barata que la televisiva y casi no est\u00e1 regulada.<\/span><\/p>\n<p class=\"mce\" style=\"text-align: justify;\"><span style=\"font-size: 14pt; font-family: arial, helvetica, sans-serif;\">Reino Unido ha visto un r\u00e1pido cambio hacia las campa\u00f1as digitales, despu\u00e9s de que el Partido Conservador se lanzara a Facebook durante las elecciones generales de 2015.\u00a0<a class=\"mce\" href=\"http:\/\/www.digitalstrategyconsulting.com\/intelligence\/2016\/01\/politics_case_study_how_smart_social_targeting_helped_conservatives_win_the_uk_election.php\" target=\"_blank\" rel=\"noopener noreferrer\">\u00a0Los tories\u00a0gastaron\u00a0diez veces m\u00e1s en anuncios en Facebook que los laboristas,<\/a>\u00a0una decisi\u00f3n que muchos analistas pol\u00edticos\u00a0consideraron\u00a0fundamental.<\/span><\/p>\n<p class=\"mce\" style=\"text-align: justify;\"><span style=\"font-size: 14pt; font-family: arial, helvetica, sans-serif;\">En un pa\u00eds en el que los anuncios pol\u00edticos est\u00e1n prohibidos en televisi\u00f3n, Facebook permiti\u00f3 a los conservadores llegar al 80,6% de los usuarios en distritos elegidos por ellos con publicaciones y v\u00eddeos publicitarios,\u00a0<a class=\"mce\" href=\"https:\/\/www.facebook.com\/business\/success\/conservative-party#u_0_1\" target=\"_blank\" rel=\"noopener\">\u00a0seg\u00fan el material de marketing<\/a>\u00a0creado por Facebook. (En un momento del a\u00f1o pasado, la red social\u00a0<a class=\"mce\" href=\"https:\/\/theintercept.com\/2018\/03\/14\/facebook-election-meddling\/\" target=\"_blank\" rel=\"noopener\">\u00a0comenz\u00f3 a\u00a0ocultar<\/a>\u00a0las \u201chistorias de \u00e9xito\u201d que hab\u00edan producido sobre su habilidad para cambiar el rumbo de las tendencias electorales).<\/span><\/p>\n<p class=\"mce\" style=\"text-align: justify;\"><span style=\"font-size: 14pt; font-family: arial, helvetica, sans-serif;\">La campa\u00f1a a favor del Brexit para el refer\u00e9ndum de 2016 invirti\u00f3 casi todo su presupuesto en anuncios de Facebook, algo que se tradujo en unos mil millones de anuncios digitales dirigidos a audiencias espec\u00edficas de votantes, durante una campa\u00f1a de 10 semanas.<\/span><\/p>\n<p class=\"mce\" style=\"text-align: justify;\"><span style=\"font-size: 14pt; font-family: arial, helvetica, sans-serif;\">Aunque es imposible evaluar el impacto exacto de los anuncios de Facebook en medio de todos los otros factores que\u00a0definen un resultado electoral (incluido el contenido org\u00e1nico de Facebook), cada vez m\u00e1s se menciona a la plataforma como un factor fundamental del crecimiento electoral de los grupos de extrema derecha en Europa.<\/span><\/p>\n<p class=\"mce\" style=\"text-align: justify;\"><span style=\"font-size: 14pt; font-family: arial, helvetica, sans-serif;\">El partido de extrema derecha Alternativa por Alemania (AfD, por sus siglas en alem\u00e1n) supuestamente contrat\u00f3 a una empresa consultora de Estados Unidos y al propio Facebook para llegar a votantes alemanes que pudieran reaccionar ante su mensaje contra la inmigraci\u00f3n durante la campa\u00f1a de 2017 en la que el\u00a0<a class=\"mce\" href=\"https:\/\/www.eldiario.es\/theguardian\/derecha-alemana-cambio-elecciones-Twitter_0_691181660.html\" target=\"_blank\" rel=\"noopener noreferrer\">AfD aument\u00f3 su popularidad hasta convertirse en la tercera fuerza en el Parlamento alem\u00e1n<\/a>.<\/span><\/p>\n<p class=\"mce\" style=\"text-align: justify;\"><span style=\"font-size: 14pt; font-family: arial, helvetica, sans-serif;\">La campa\u00f1a en las \u00faltimas elecciones italianas, en las que ganaron terreno partidos contra el establishment como el Movimiento Cinco Estrellas y la Liga, de extrema derecha, se llev\u00f3 a cabo principalmente en las redes sociales. Los anuncios de Facebook y la informaci\u00f3n dirigida a audiencias espec\u00edficas reunida por el grupo de transparencia italiano\u00a0<a class=\"mce\" href=\"https:\/\/www.openpolis.it\/a-caccia-di-voti-con-le-sponsorizzazioni-social\/\" target=\"_blank\" rel=\"noopener noreferrer\">Openpolis<\/a>\u00a0concluy\u00f3 que el partido neofascista Hermanos de Italia lanz\u00f3 una campa\u00f1a de anuncios de Facebook dirigida a adultos j\u00f3venes interesados en la fuerza policial de los carabinieri.<\/span><\/p>\n<p class=\"mce\" style=\"text-align: justify;\"><span style=\"font-size: 14pt; font-family: arial, helvetica, sans-serif;\">Cuando se cerraron los\u00a0colegios electorales en Italia,\u00a0<a class=\"mce\" href=\"https:\/\/www.eldiario.es\/theguardian\/Italia-Salvini-Liga_0_746826102.html\" target=\"_blank\" rel=\"noopener noreferrer\">Matteo Salvini, de La Liga, comparti\u00f3 palabras de gratitud con la prensa<\/a>: \u201cGracias a Dios por internet. Gracias a Dios por las redes sociales. Gracias a Dios por Facebook.\u201d<\/span><\/p>\n<h3 style=\"text-align: justify;\"><span style=\"font-size: 14pt; font-family: arial, helvetica, sans-serif;\">Hacia las elecciones de mitad de legislatura<\/span><\/h3>\n<p class=\"mce\" style=\"text-align: justify;\"><span style=\"font-size: 14pt; font-family: arial, helvetica, sans-serif;\">Mientras contin\u00faan las investigaciones sobre las elecciones estadounidenses de 2016 y el refer\u00e9ndum del Brexit, cabe recordar que se avecinan m\u00e1s comicios. En 2018, los pa\u00edses que tendr\u00e1n elecciones generales son Suecia, Irlanda, Egipto, M\u00e9xico y Brasil, entre otros.<\/span><\/p>\n<p class=\"mce\" style=\"text-align: justify;\"><span style=\"font-size: 14pt; font-family: arial, helvetica, sans-serif;\">En Estados Unidos, los candidatos para los 435 esca\u00f1os de la C\u00e1mara Baja y los 35 esca\u00f1os del Senado que se disputar\u00e1n en noviembre ya est\u00e1n lanzando sus campa\u00f1as en Facebook, y nunca sabremos qu\u00e9 est\u00e1n poniendo en sus anuncios.<\/span><\/p>\n<div class=\"inset cf width643\" style=\"text-align: justify;\">\n<figure class=\"media-holder\">\n<div class=\"mg \"><a href=\"https:\/\/puntocritico.com\/ausajpuntocritico\/wp-content\/uploads\/2018\/03\/Facebook-investiga-filtracion-millones-usuarios_EDIIMA20180318_0465_19.jpg\" rel=\"lightbox[10083]\"><img loading=\"lazy\" decoding=\"async\" class=\"aligncenter size-full wp-image-10138\" src=\"https:\/\/puntocritico.com\/ausajpuntocritico\/wp-content\/uploads\/2018\/03\/Facebook-investiga-filtracion-millones-usuarios_EDIIMA20180318_0465_19.jpg\" alt=\"\" width=\"643\" height=\"317\" srcset=\"https:\/\/puntocritico.com\/ausajpuntocritico\/wp-content\/uploads\/2018\/03\/Facebook-investiga-filtracion-millones-usuarios_EDIIMA20180318_0465_19.jpg 643w, https:\/\/puntocritico.com\/ausajpuntocritico\/wp-content\/uploads\/2018\/03\/Facebook-investiga-filtracion-millones-usuarios_EDIIMA20180318_0465_19-300x148.jpg 300w\" sizes=\"auto, (max-width: 643px) 100vw, 643px\" \/><\/a><\/div>\n<\/figure>\n<\/div>\n<p class=\"mce\" style=\"text-align: justify;\"><span style=\"font-size: 14pt; font-family: arial, helvetica, sans-serif;\">Un ejemplo es Paul Nehlen, candidato de Wisconsin enfrentado en las primarias republicanas al\u00a0presidente de la C\u00e1mara de Representantes, Paul Ryan. Nehlen es conocido principalmente como un vehemente antisemita que alguna vez tuvo el apoyo de Steve Bannon y el ala Breitbart de la derecha, pero fue excomulgado tras\u00a0<a class=\"mce\" href=\"https:\/\/www.theguardian.com\/world\/2017\/dec\/27\/steve-bannon-paul-nehlen-paul-ryan\" target=\"_blank\" rel=\"noopener noreferrer\">aparecer en un podcast de un supremacista blanco<\/a>.<\/span><\/p>\n<p class=\"mce\" style=\"text-align: justify;\"><span style=\"font-size: 14pt; font-family: arial, helvetica, sans-serif;\">Seg\u00fan su informe a la Comisi\u00f3n Federal Electoral, Nehlen gast\u00f3 2.791,72 euros en anuncios de Facebook en el \u00faltimo semestre del 2017. \u00bfQu\u00e9 compr\u00f3 con ese dinero? En primera instancia, todo lo que ofrece un anuncio de Facebook: acceso a una de las bases de datos m\u00e1s poderosas que han existido sobre informaci\u00f3n personal, con conocimiento sobre las relaciones \u00edntimas, creencias pol\u00edticas, h\u00e1bitos de consumo y uso de internet de cada persona.<\/span><\/p>\n<p class=\"mce\" style=\"text-align: justify;\"><span style=\"font-size: 14pt; font-family: arial, helvetica, sans-serif;\">M\u00e1s all\u00e1 de eso, no lo sabemos. Nehlen podr\u00eda estar utilizando Facebook para llegar a posible votantes de su distrito con un mensaje sobre infraestructuras. O podr\u00eda haber hecho listas de sus propios seguidores (tiene m\u00e1s de 40.000 en Facebook) y utilizado la herramienta \u201caudiencia similar\u201d de Facebook para encontrar otras personas que puedan simpatizar con sus ideas pol\u00edticas y luego enviarles anuncios para convencer a m\u00e1s gente de unirse a \u00e9l y odiar a los jud\u00edos.<\/span><\/p>\n<p class=\"mce\" style=\"text-align: justify;\"><span style=\"font-size: 14pt; font-family: arial, helvetica, sans-serif;\">El pasado oto\u00f1o, despu\u00e9s de que Facebook se viera obligado a admitir que, a pesar de haberlo negado al principio, su plataforma fue utilizada por agentes extranjeros para influenciar ilegalmente en las elecciones, la empresa anunci\u00f3 una serie de reformas dise\u00f1adas para aplacar a sus cr\u00edticos y evitar una regulaci\u00f3n real y efectiva.<\/span><\/p>\n<p class=\"mce\" style=\"text-align: justify;\"><span style=\"font-size: 14pt; font-family: arial, helvetica, sans-serif;\">Este verano, la red social ha prometido que cada anuncio pol\u00edtico estar\u00e1 vinculado a la p\u00e1gina que pag\u00f3 por \u00e9l. Las p\u00e1ginas deber\u00e1n mostrar cada anuncio que est\u00e1n publicitando, as\u00ed como la informaci\u00f3n demogr\u00e1fica sobre la audiencia que han elegido, una medida que, seg\u00fan Mark Zuckerberg, \u201celevar\u00e1 el nivel de transparencia de Facebook\u201d por encima de lo que la ley exige a la televisi\u00f3n y otros medios de comunicaci\u00f3n.<\/span><\/p>\n<p class=\"mce\" style=\"text-align: justify;\"><span style=\"font-size: 14pt; font-family: arial, helvetica, sans-serif;\">En Canad\u00e1 ya se ha puesto en marcha una versi\u00f3n de estas reformas, ya que los usuarios pueden ver todos los anuncios que publica un candidato pol\u00edtico en una pesta\u00f1a de su p\u00e1gina.<\/span><\/p>\n<p class=\"mce\" style=\"text-align: justify;\"><span style=\"font-size: 14pt; font-family: arial, helvetica, sans-serif;\">Aun as\u00ed, sigue habiendo motivos para ser esc\u00e9pticos. Desde 2014, Facebook tiene una herramienta de transparencia para todos los anuncios que se publican en la plataforma. Si haces click en la esquina superior derecha de un anuncio de Facebook se abre una opci\u00f3n que pone \u201c\u00bfPor qu\u00e9 veo este anuncio?\u201d. Si haces click all\u00ed, obtendr\u00e1s una explicaci\u00f3n\u00a0sobre lo que te hace deseable para ese anunciante.<\/span><\/p>\n<p class=\"mce\" style=\"text-align: justify;\"><span style=\"font-size: 14pt; font-family: arial, helvetica, sans-serif;\">Hasta all\u00ed, todo correcto. Pero\u00a0<a class=\"mce\" href=\"http:\/\/www.eurecom.fr\/en\/publication\/5414\/detail\/investigating-ad-transparency-mechanisms-in-social-media-a-case-study-of-facebook-s-explanations\" target=\"_blank\" rel=\"noopener\">\u00a0un nuevo estudio cient\u00edfico<\/a>concluy\u00f3 que las explicaciones de Facebook eran \u201ca menudo incompletas y a veces confusas\u201d, de una forma que \u201cpod\u00eda posibilitarles a los anunciantes maliciosos esconder las explicaciones de los anuncios que son discriminatorios o que est\u00e1n dirigidos a atributos\u00a0sensibles en cuestiones de privacidad\u201d.<\/span><\/p>\n<p class=\"mce\" style=\"text-align: justify;\"><span style=\"font-size: 14pt; font-family: arial, helvetica, sans-serif;\">Alan Mislove, profesor de inform\u00e1tica de la\u00a0<span class=\"mce\">\u00a0Northeastern University<\/span>\u00a0y coautor del estudio, se\u00f1ala que le parece bien que Facebook tenga esa herramienta, remarcando que es uno de los pocos ejemplos de una empresa que explica c\u00f3mo funciona uno de sus algoritmos. Pero a\u00f1ade que la conclusi\u00f3n no\u00a0dice nada bueno\u00a0de la capacidad de Facebook para autorregularse.<\/span><\/p>\n<p class=\"mce\" style=\"text-align: justify;\"><span style=\"font-size: 14pt; font-family: arial, helvetica, sans-serif;\">\u201cHan construido esta plataforma incre\u00edblemente poderosa que permite dirigir anuncios a audiencias muy espec\u00edficas, una herramienta muy potente que cualquiera con acceso a internet puede utilizar, y eso me asusta,\u201d afirma Mislove. \u201cY hasta hace muy poco, no ten\u00edan que rendir cuentas a nadie. Si eres alguien con intenciones\u00a0siniestras en Facebook, no tienes ni que esconder lo que haces porque el \u00fanico que sabe lo que haces es Facebook.\u201d<\/span><\/p>\n<h3 style=\"text-align: justify;\"><span style=\"font-size: 14pt; font-family: arial, helvetica, sans-serif;\">Ley de Anuncios Honestos<\/span><\/h3>\n<p class=\"mce\" style=\"text-align: justify;\"><span style=\"font-size: 14pt; font-family: arial, helvetica, sans-serif;\">La mayor esperanza a la hora de poner un poco de orden en el mundo de los anuncios pol\u00edticos en internet es la actualizaci\u00f3n de las leyes estadounidenses a la era de Facebook.<\/span><\/p>\n<p class=\"mce\" style=\"text-align: justify;\"><span style=\"font-size: 14pt; font-family: arial, helvetica, sans-serif;\">Existe una propuesta\u00a0de ambos partidos para hacer justamente eso. En octubre, los senadores Amy Klobuchar, Mark Warner y John McCain presentaron el proyecto de Ley de Anuncios Honestos, que cubrir\u00eda el vac\u00edo legal que permite a los anuncios en internet evadir los controles y tambi\u00e9n exigir\u00eda a plataformas como Facebook y Google que mantengan un archivo p\u00fablico de todos los anuncios pol\u00edticos que publican y qui\u00e9n los ha pagado.<\/span><\/p>\n<p class=\"mce\" style=\"text-align: justify;\"><span style=\"font-size: 14pt; font-family: arial, helvetica, sans-serif;\">Pero as\u00ed como necesitamos transparencia en relaci\u00f3n a los anuncios pol\u00edticos para mantener la democracia, tambi\u00e9n necesitamos una democracia que funcione para mantener esa transparencia. Y no queda claro si no es ya demasiado tarde para eso.<\/span><\/p>\n<p class=\"mce\" style=\"text-align: justify;\"><span style=\"font-size: 14pt; font-family: arial, helvetica, sans-serif;\">\u201cEn un mundo ideal, con un Congreso haciendo su trabajo, habr\u00eda\u00a0comisiones de investigaci\u00f3n relacionadas con el proyecto de Ley de Anuncios Honestos, y tanto Facebook, Google y Twitter como los expertos tendr\u00edan que testificar para que la naturaleza de los anuncios pol\u00edticos salga a la luz\u201d, afirma Brendan Fischer, director de la reforma de la Comisi\u00f3n Federal Electoral del Centro Legal de Campa\u00f1as. \u201cY no estamos ni cerca de llegar a eso\u201d, a\u00f1ade.<\/span><\/p>\n<p class=\"mce\" style=\"text-align: justify;\"><span style=\"font-size: 14pt; font-family: arial, helvetica, sans-serif;\">En ausencia de un Congreso que haga su trabajo, \u00bfqu\u00e9 se puede hacer? \u00bfDebemos sentarnos a esperar que Facebook simplemente deje de vender publicidad pol\u00edtica?<\/span><\/p>\n<p class=\"mce\" style=\"text-align: justify;\"><span style=\"font-size: 14pt; font-family: arial, helvetica, sans-serif;\">Antonio Garcia Martinez, antiguo\u00a0jefe de producto de Facebook que ayud\u00f3 a dise\u00f1ar la herramienta de publicidad, dice que se ha dado cuenta de que los anuncios pol\u00edticos son diferentes a los anuncios comerciales, y que por eso Facebook deber\u00eda tratarlos de forma distinta.<\/span><\/p>\n<p class=\"mce\" style=\"text-align: justify;\"><span style=\"font-size: 14pt; font-family: arial, helvetica, sans-serif;\">\u201cVender zapatos tiene que ser distinto a vender pol\u00edticos, aunque el aspecto mec\u00e1nico sea id\u00e9ntico\u201d, afirma. \u201cEs diferente a nivel \u00e9tico\u201d, a\u00f1ade.<\/span><\/p>\n<p class=\"mce\" style=\"text-align: justify;\"><span style=\"font-size: 14pt; font-family: arial, helvetica, sans-serif;\">\u00bfO deber\u00edamos presionar a Facebook para que impida que candidatos con visiones extremistas o de odio utilicen sus herramientas?<\/span><\/p>\n<p class=\"mce\" style=\"text-align: justify;\"><span style=\"font-size: 14pt; font-family: arial, helvetica, sans-serif;\">\u201cSi permitimos que una empresa privada cargue con estas responsabilidades democr\u00e1ticas, hoy podr\u00edan regular contra el antisemitismo, pero ma\u00f1ana podr\u00edan regular lo que la gente dice de la Ley de Anuncios Honestos\u201d, se\u00f1ala Fischer.<\/span><\/p>\n<p class=\"mce\" style=\"text-align: justify;\"><span style=\"font-size: 14pt; font-family: arial, helvetica, sans-serif;\">De hecho, Facebook ya podr\u00eda estar suprimiendo voces pol\u00edticas cr\u00edticas contra sus pr\u00e1cticas empresariales, y no tenemos forma de saberlo. Es posible que ni siquiera el propio Facebook lo sepa. En respuesta a una pregunta sobre la revisi\u00f3n incoherente de anuncios de ropa, una portavoz de Facebook dijo hace poco a<em class=\"mce\">\u00a0the New York Times<\/em>\u00a0que \u201cla empresa no le puede preguntar a un sistema autom\u00e1tico sobre sus decisiones\u201d. El monstruo de Frankenstein est\u00e1 fuera de cualquier control humano.<\/span><\/p>\n<p class=\"mce\" style=\"text-align: justify;\"><span style=\"font-size: 14pt; font-family: arial, helvetica, sans-serif;\">Si todo esto parece positivamente dist\u00f3pico, una persona que es sorprendentemente optimista es Alan Gould. Gould abandon\u00f3 la pol\u00edtica poco despu\u00e9s de la campa\u00f1a de Vallone, fund\u00f3 una empresa de an\u00e1lisis publicitario, la vendi\u00f3 y ahora es inversor en tecnolog\u00eda. Si bien le preocupa la alfabetizaci\u00f3n inform\u00e1tica y la tendencia de Facebook a encerrar a las personas en sus burbujas, advierte: \u201cSi la gente elige quedarse dentro de su burbuja y no salir de ella, eso habla m\u00e1s de qui\u00e9nes son como personas que de la tecnolog\u00eda\u201d.<\/span><\/p>\n<p class=\"mce\" style=\"text-align: justify;\"><span style=\"font-size: 14pt; font-family: arial, helvetica, sans-serif;\">\u201cSi quieres tener una democracia representativa, tienes que tener una forma de comunicarte con los votantes y vas a utilizar lo que tengas disponible, ya sea peri\u00f3dicos, el correo, el correo electr\u00f3nico o Snapchat\u201d, afirma. \u201cYo no me arrepiento en absoluto\u201d, a\u00f1ade.<\/span><\/p>\n<p class=\"mce\" style=\"text-align: justify;\"><span style=\"font-size: 14pt; font-family: arial, helvetica, sans-serif;\">Traducido por\u00a0Luc\u00eda Balducci<\/span><\/p>\n<\/div>\n<\/div>\n<p>\n<a href=\"https:\/\/puntocritico.com\/ausajpuntocritico\/wp-content\/uploads\/2018\/03\/Mosca_Punto_Cr\u00edtico_40.png\" rel=\"lightbox[10083]\"><img loading=\"lazy\" decoding=\"async\" class=\"aligncenter wp-image-9528\" src=\"https:\/\/puntocritico.com\/ausajpuntocritico\/wp-content\/uploads\/2018\/03\/Mosca_Punto_Cr\u00edtico_40.png\" alt=\"\" width=\"40\" height=\"40\" \/><\/a><\/p>\n<header class=\"nav-up\">\n<h1 class=\"pg-headline\" style=\"text-align: center;\"><a id=\"ref18\"><\/a><a href=\"#ref18a\">[18]<\/a> La marcha a La Haya del juez progresista de G\u00fcrtel deja en el aire su participaci\u00f3n en el juicio de la caja B<\/h1>\n<p><span style=\"font-size: 14pt;\">Por Europa Press<\/span><\/p>\n<div><span style=\"color: #339966;\">Art\u00edculo publicado el 19 de marzo de 108 en<\/span><\/div>\n<div><a href=\"https:\/\/www.eldiario.es\/politica\/progresista-Gurtel-incorpora-temporalmente-tribunal_0_751725733.html\" target=\"_blank\" rel=\"noopener\"><span style=\"color: #339966;\">https:\/\/www.eldiario.es\/politica\/progresista-Gurtel-incorpora-temporalmente-tribunal_0_751725733.html<\/span><\/a><\/div>\n<\/header>\n<div>\u00a0<\/div>\n<div>\n<blockquote>\n<p style=\"text-align: justify;\"><span style=\"color: #008000;\"><strong><span style=\"font-size: 14pt; font-family: arial, helvetica, sans-serif;\">Formar\u00e1 parte temporalmente del Tribunal Internacional que revisar\u00e1 la sentencia contra el criminal de guerra serbobosnio Radovan Karadzic<\/span><\/strong><\/span><\/p>\n<p style=\"text-align: justify;\"><span style=\"color: #008000;\"><strong><span style=\"font-size: 14pt; font-family: arial, helvetica, sans-serif;\">Jos\u00e9 Ricardo de Prada forma parte del tribunal\u00a0que juzgar\u00e1 la\u00a0caja B y su presencia en \u00e9l depender\u00e1 del tiempo que pase en La Haya<\/span><\/strong><\/span><\/p>\n<p style=\"text-align: justify;\"><span style=\"color: #008000;\"><strong><span style=\"font-size: 14pt; font-family: arial, helvetica, sans-serif;\">Prestar\u00e1 servicio en ese tribunal\u00a0durante\u00a0\u00abel tiempo que dure la sustanciaci\u00f3n y resoluci\u00f3n\u00bb del recurso de apelaci\u00f3n de Karadzic<\/span><\/strong><\/span><\/p>\n<\/blockquote>\n<\/div>\n<header class=\"nav-up\">\n<div>\u00a0<\/div>\n<div class=\"subtitle bkn mce sk2\">\n<figure id=\"attachment_10139\" aria-describedby=\"caption-attachment-10139\" style=\"width: 643px\" class=\"wp-caption aligncenter\"><a href=\"https:\/\/puntocritico.com\/ausajpuntocritico\/wp-content\/uploads\/2018\/03\/comparecencia-Rajoy-Audiencia-Nacional-Gurtel_EDIIMA20170726_0689_29.jpg\" rel=\"lightbox[10083]\"><img loading=\"lazy\" decoding=\"async\" class=\"wp-image-10139 size-full\" src=\"https:\/\/puntocritico.com\/ausajpuntocritico\/wp-content\/uploads\/2018\/03\/comparecencia-Rajoy-Audiencia-Nacional-Gurtel_EDIIMA20170726_0689_29.jpg\" alt=\"\" width=\"643\" height=\"362\" srcset=\"https:\/\/puntocritico.com\/ausajpuntocritico\/wp-content\/uploads\/2018\/03\/comparecencia-Rajoy-Audiencia-Nacional-Gurtel_EDIIMA20170726_0689_29.jpg 643w, https:\/\/puntocritico.com\/ausajpuntocritico\/wp-content\/uploads\/2018\/03\/comparecencia-Rajoy-Audiencia-Nacional-Gurtel_EDIIMA20170726_0689_29-300x169.jpg 300w\" sizes=\"auto, (max-width: 643px) 100vw, 643px\" \/><\/a><figcaption id=\"caption-attachment-10139\" class=\"wp-caption-text\"><span style=\"font-size: 10pt; color: #339966;\"><strong>Comparecencia de Rajoy en la Audiencia Nacional por la G\u00fcrtel<\/strong><\/span><\/figcaption><\/figure>\n<\/div>\n<\/header>\n<div class=\"pg-body\">\n<div id=\"edi-body\" class=\"mce-body mce no-sticky-adv-socios\">\n<p class=\"mce\" style=\"text-align: justify;\"><span style=\"font-family: arial, helvetica, sans-serif; font-size: 14pt;\">El magistrado de la Audiencia Nacional Jos\u00e9 Ricardo de Prada, integrante del tribunal que juzg\u00f3 la primera \u00e9poca de la trama G\u00fcrtel, formar\u00e1 parte del tribunal internacional que revisar\u00e1 la sentencia contra el criminal de guerra serbobosnio Radovan Karadzic, seg\u00fan han informado a Europa Press fuentes jur\u00eddicas.<\/span><\/p>\n<p class=\"mce\" style=\"text-align: justify;\"><span style=\"font-family: arial, helvetica, sans-serif; font-size: 14pt;\">De Prada ya hab\u00eda sido designado para el tribunal de la caja B, que juzga la presunta financiaci\u00f3n ilegal del PP recogida en los papeles de B\u00e1rcenas. Su presencia en ese tribunal depender\u00e1 de cuando se juzgue esa pieza y de si para entonces ya ha terminado su estancia en La Haya.<\/span><\/p>\n<p class=\"mce\" style=\"text-align: justify;\"><span style=\"font-family: arial, helvetica, sans-serif; font-size: 14pt;\">La Comisi\u00f3n Permanente del Consejo General del Poder Judicial (CGPJ) acord\u00f3 en su reuni\u00f3n del pasado 8 de marzo otorgar a De Prada la situaci\u00f3n administrativa de servicios especiales, a partir del pr\u00f3ximo 23 de abril para desempe\u00f1ar el cargo de \u00abmagistrado del mecanismo residual ante los Tribunales Internacionales de Naciones Unidas\u00bb en La Haya.<\/span><\/p>\n<p class=\"mce\" style=\"text-align: justify;\"><span style=\"font-family: arial, helvetica, sans-serif; font-size: 14pt;\">Karadzic fue condenado en marzo de 2016 por el Tribunal Internacional para la antigua Yugoslavia (TPIY) a 40 a\u00f1os de prisi\u00f3n por el genocidio de Srebrenica y el asedio de Sarajevo. Despu\u00e9s de dos d\u00e9cadas de trabajo, y tras haber juzgado a decenas de responsables del genocidio y los cr\u00edmenes de guerra en los Balcanes, el TPIY fue disuelto y ahora queda una Sala para estudiar los recursos que se han presentado.<\/span><\/p>\n<p class=\"mce\" style=\"text-align: justify;\"><span style=\"font-family: arial, helvetica, sans-serif; font-size: 14pt;\">El magistrado De Prada hab\u00eda solicitado incorporarse \u00abde forma activa a la fase resolutoria del recurso de apelaci\u00f3n\u00bb interpuesto tanto por el fiscal como por el propio Karadzic contra la sentencia dictada contra el exl\u00edder serbobosnio.<\/span><\/p>\n<h3 style=\"text-align: justify;\"><span style=\"font-family: arial, helvetica, sans-serif; font-size: 14pt;\">Por tiempo indefinido<\/span><\/h3>\n<p class=\"mce\" style=\"text-align: justify;\"><span style=\"font-family: arial, helvetica, sans-serif; font-size: 14pt;\">Los servicios del juez de la Audiencia Nacional en La Haya comenzar\u00e1n con la vista p\u00fablica prevista para el pr\u00f3ximo 23 de abril y durar\u00e1n \u00abel tiempo que dure la sustanciaci\u00f3n y resoluci\u00f3n\u00bb del recurso de apelaci\u00f3n.<\/span><\/p>\n<p class=\"mce\" style=\"text-align: justify;\"><span style=\"font-family: arial, helvetica, sans-serif; font-size: 14pt;\">Junto con \u00c1ngel Hurtado y Julio de Diego, el magistrado form\u00f3 parte del tribunal que juzg\u00f3, entre octubre de 2016 y noviembre de 2017, la primera \u00e9poca de la trama corrupta G\u00fcrtel (1999-2005). Los tres jueces a\u00fan tienen que dictar la sentencia y el hecho de que De Prada se marche a La Haya no es impedimento para que, cuando est\u00e9 lista, vuelva a Madrid a firmar la resoluci\u00f3n.<\/span><\/p>\n<p class=\"mce\" style=\"text-align: justify;\"><span style=\"font-family: arial, helvetica, sans-serif; font-size: 14pt;\">Lo que no se sabe es si De Prada habr\u00e1 vuelto para juzgar\u00a0<a class=\"mce\" href=\"https:\/\/www.eldiario.es\/politica\/Audiencia-Nacional-tribunal-PP-Rajoy_0_712879542.html\" target=\"_blank\" rel=\"noopener noreferrer\">la presunta caja B del PP<\/a>, caso cuya instrucci\u00f3n todav\u00eda no ha terminado, si bien el magistrado ya hab\u00eda sido designado por la Sala de lo Penal para formar parte de este tribunal y de otras dos piezas de la trama G\u00fcrtel.<\/span><\/p>\n<\/div>\n<\/div>\n<p>\n<a href=\"https:\/\/puntocritico.com\/ausajpuntocritico\/wp-content\/uploads\/2018\/03\/Mosca_Punto_Cr\u00edtico_40.png\" rel=\"lightbox[10083]\"><img loading=\"lazy\" decoding=\"async\" class=\"aligncenter wp-image-9528\" src=\"https:\/\/puntocritico.com\/ausajpuntocritico\/wp-content\/uploads\/2018\/03\/Mosca_Punto_Cr\u00edtico_40.png\" alt=\"\" width=\"40\" height=\"40\" \/><\/a><\/p>\n<p>&nbsp;<\/p>\n<h3 class=\"fecha\" style=\"text-align: center;\">\u00a0\u00a0<em><span style=\"color: #339966;\">Firmados sin la m\u00e1s m\u00ednima consulta a los sectores laborales afectados<\/span><\/em><\/h3>\n<h1 style=\"text-align: center;\"><a id=\"ref19\"><\/a><a href=\"#ref19a\">[19]<\/a> LEONINO ACUERDO DE CCOO Y UGT CON EL GOBIERNO SOBRE LOS SALARIOS DE LOS FUNCIONARIOS<\/h1>\n<div class=\"floatbreaker\"><span style=\"font-size: 14pt;\">Por Aday Quesada<\/span><\/div>\n<div class=\"ICONOS_1\">\u00a0<\/div>\n<div><span style=\"color: #339966;\">Art\u00edculo publicado el 12 de marzo de 2018 en<\/span><\/div>\n<div><a href=\"http:\/\/canarias-semanal.org\/not\/22304\/leonino-acuerdo-de-ccoo-y-ugt-con-el-gobierno-sobre-los-salarios-de-los-funcionarios\/\" target=\"_blank\" rel=\"noopener\"><span style=\"color: #339966;\">http:\/\/canarias-semanal.org\/not\/22304\/leonino-acuerdo-de-ccoo-y-ugt-con-el-gobierno-sobre-los-salarios-de-los-funcionarios\/<\/span><\/a><\/div>\n<div>\u00a0<\/div>\n<blockquote>\n<div style=\"text-align: justify;\"><span style=\"color: #008000;\"><strong><span style=\"font-size: 14pt; font-family: arial, helvetica, sans-serif;\">Los acuerdos suscritos hace unos d\u00edas por CCOO y UGT y el gobierno de Rajoy en relaci\u00f3n con la recuperaci\u00f3n del poder salarial perdido durante estos a\u00f1os por los funcionarios, no hacen sino confirmar una vez m\u00e1s la sospecha generalizada de que estos sindicatos no son fiables.<\/span><\/strong><\/span><\/div>\n<\/blockquote>\n<div>\u00a0<\/div>\n<div id=\"TEXTO_NOTICIA\" class=\"TEXTO_PARRAFO \">\n<p class=\"entradilla\"><a href=\"https:\/\/puntocritico.com\/ausajpuntocritico\/wp-content\/uploads\/2018\/03\/img_53199.jpg\" rel=\"lightbox[10083]\"><img loading=\"lazy\" decoding=\"async\" class=\"aligncenter size-full wp-image-10144\" src=\"https:\/\/puntocritico.com\/ausajpuntocritico\/wp-content\/uploads\/2018\/03\/img_53199.jpg\" alt=\"\" width=\"670\" height=\"275\" srcset=\"https:\/\/puntocritico.com\/ausajpuntocritico\/wp-content\/uploads\/2018\/03\/img_53199.jpg 670w, https:\/\/puntocritico.com\/ausajpuntocritico\/wp-content\/uploads\/2018\/03\/img_53199-300x123.jpg 300w\" sizes=\"auto, (max-width: 670px) 100vw, 670px\" \/><\/a><\/p>\n<p class=\"entradilla\" style=\"text-align: justify;\">\u00a0<\/p>\n<\/div>\n<div id=\"TEXTO_NOTICIA\" class=\"TEXTO_PARRAFO \">\n<p style=\"text-align: justify;\"><span style=\"font-size: 14pt; font-family: arial, helvetica, sans-serif;\">Dec\u00eda mi recordado y difunto abuelo que\u00a0<strong><em>\u00abal barrig\u00f3n no hay quien lo faje\u00bb<\/em><\/strong>. Con\u00a0esa contundente afirmaci\u00f3n, quer\u00eda expresar que aquel que te la hab\u00eda hecho, te la volver\u00eda a hacer.<\/span><\/p>\n<p style=\"text-align: justify;\"><span style=\"font-size: 14pt; font-family: arial, helvetica, sans-serif;\">La vida, es cierto, no me ha demostrado que el aserto de mi abuelo sea invariablemente cierto. Hay quienes fallan en sus compromisos porque las circunstancias lo han empujado a ello contra su voluntad.\u00a0 Han sido d\u00e9biles &#8211; y las debilidades se cobran un precio- pero no han tenido la voluntad intr\u00ednseca de traicionar. No parece que sea este \u00faltimo el caso de los sindicatos<strong>\u00a0CCOO\u00a0 y UGT,<\/strong>que\u00a0 han terminado convirti\u00e9ndose\u00a0 en meros y d\u00f3ciles ap\u00e9ndices del poder establecido.<\/span><\/p>\n<p style=\"text-align: justify;\"><span style=\"font-size: 14pt; font-family: arial, helvetica, sans-serif;\">Los acuerdos suscritos hace unos d\u00edas por<strong>\u00a0CCOO y UGT<\/strong>\u00a0 y el gobierno de<strong>Rajoy<\/strong>\u00a0 en relaci\u00f3n con la recuperaci\u00f3n del poder salarial perdido durante estos a\u00f1os por los funcionarios, no hacen sino confirmar una vez m\u00e1s la sospecha generalizada de que estos sindicatos no son fiables.<\/span><\/p>\n<p style=\"text-align: justify;\"><span style=\"font-size: 14pt; font-family: arial, helvetica, sans-serif;\">En el acuerdo se contempla que los aumentos para recuperar el poder adquisitivo perdido\u00a0 por los funcionarios ser\u00e1 de un<strong>\u00a08.1%<\/strong>\u00a0en los pr\u00f3ximos tres a\u00f1os.\u00a0 Pero la cuesti\u00f3n es que\u00a0 la realidad y los datos que proporcionan las mismas centrales sindicales nos indican que el conjunto del funcionariado ha perdido la friolera del<strong>\u00a013.3%<\/strong>\u00a0 en los \u00faltimos a\u00f1os . Dicho de otra manera,<strong>\u00a0CCOO y UGT\u00a0<\/strong>\u00a0al rubricar su acuerdo con el gobierno ultraconservador, han dejado abandonados en el camino nada m\u00e1s y nada menos que un\u00a0 5% de los salarios perdidos por los funcionarios en el curso de los \u00faltimos a\u00f1os. Y ello, adem\u00e1s sin a\u00f1adir los<strong>\u00a0incrementos del IPC<\/strong>\u00a0que se producir\u00e1n en los pr\u00f3ximos tres a\u00f1os.<\/span><\/p>\n<p style=\"text-align: justify;\"><span style=\"font-size: 14pt; font-family: arial, helvetica, sans-serif;\">Pero, ojo. Hay m\u00e1s. El acuerdo\u00a0 precisa que los aumentos salariales estar\u00e1n indisolublemente vinculados a un hipot\u00e9tico\u00a0<em><strong>\u00abcrecimiento econ\u00f3mico\u00bb\u00a0<\/strong><\/em>y a la reducci\u00f3n del\u00a0<em><strong>\u00abd\u00e9ficit p\u00fablico\u00bb<\/strong><\/em>, y no a su revalorizaci\u00f3n autom\u00e1tica en relaci\u00f3n con el poder adquisitivo perdido.<\/span><\/p>\n<p style=\"text-align: justify;\"><span style=\"font-size: 14pt; font-family: arial, helvetica, sans-serif;\">Conviene recordar, adem\u00e1s, que el acuerdo se ha firmado<strong>\u00a0sin que\u00a0 siquiera se abriera una consulta\u00a0<\/strong>con\u00a0 los sectores afectados. \u00bfQu\u00e9 representatividad tienen estos se\u00f1ores para tomar por nosotros decisiones de tal calibre? Los<strong>bur\u00f3cratas sindicales<\/strong>\u00a0alegan que se trata de un<strong>\u00a0<em>\u00abbuen acuerdo\u00bb.<\/em><\/strong><em>\u00a0<\/em>Pero al conocer su contenido uno se ve obligado inevitablemente a preguntarse: \u00bfPara qui\u00e9n? \u00bfPara los funcionarios o para\u00a0 la multiplicaci\u00f3n de las prebendas que los bur\u00f3cratas recibir\u00e1n a cambio de sus\u00a0<strong><em>\u00abgestiones\u00bb<\/em><\/strong>?<\/span><\/p>\n<p style=\"text-align: justify;\">\u00a0<\/p>\n<\/div>\n<p><a href=\"https:\/\/puntocritico.com\/ausajpuntocritico\/wp-content\/uploads\/2018\/03\/Mosca_Punto_Cr\u00edtico_40.png\" rel=\"lightbox[10083]\"><img loading=\"lazy\" decoding=\"async\" class=\"aligncenter wp-image-9528\" src=\"https:\/\/puntocritico.com\/ausajpuntocritico\/wp-content\/uploads\/2018\/03\/Mosca_Punto_Cr\u00edtico_40.png\" alt=\"\" width=\"40\" height=\"40\" \/><\/a><\/p>\n<h1 class=\"entry-title\" style=\"text-align: center;\"><a id=\"ref20\"><\/a><a href=\"#ref20a\">[20]<\/a> \u00a1Grandes defraudadores, barra libre! Gobierna el PP<\/h1>\n<div class=\"author-content\">\n<p class=\"author\"><span style=\"font-size: 14pt;\">Por David Bollero<\/span><\/p>\n<\/div>\n<div><span class=\"posted-on\" style=\"color: #339966;\"><time class=\"entry-date published updated\" datetime=\"2018-03-20T08:56:19+00:00\">Art\u00edculo publicado el 20 de marzo de 2018<\/time><\/span><\/div>\n<div><a href=\"http:\/\/blogs.publico.es\/david-bollero\/2018\/03\/20\/fraude-fiscal\/\" target=\"_blank\" rel=\"noopener\"><span style=\"color: #339966;\">http:\/\/blogs.publico.es\/david-bollero\/2018\/03\/20\/fraude-fiscal\/<\/span><\/a><\/div>\n<div>\u00a0<\/div>\n<p style=\"text-align: justify;\"><span style=\"font-family: arial, helvetica, sans-serif; font-size: 14pt;\">Pese al compromiso del\u00a0<strong>Partido Popular (PP)<\/strong>,\u00a0<strong>2017\u00a0 supuso la tercera\u00a0 vez en cinco a\u00f1os que la recaudaci\u00f3n de la lucha contra el fraude fiscal se desploma<\/strong>: se recaudaron unos 14.800 euros, que son cerca de\u00a0<strong>100 millones de euros menos que el a\u00f1o anterior<\/strong>. Otra promesa incumplida, sencillamente, por falta de voluntad pol\u00edtica.<\/span><\/p>\n<p style=\"text-align: justify;\"><span style=\"font-family: arial, helvetica, sans-serif; font-size: 14pt;\">Mientras se facilitan estas cifras demoledoras,\u00a0<strong>Rajoy miente en el Congreso de las Diputadas y los Diputados<\/strong>; a finales del a\u00f1o pasado tuvo la desfachatez de presumir de\u00a0<em>\u201clos mejores datos de la historia\u201d<\/em>\u00a0al destacar los 65.232 millones recaudados de 2012 a 2016\u2026 con una amnist\u00eda fiscal que dio carta blanca a la corrupci\u00f3n, tr\u00e1fico de seres humanos, de drogas, armas\u2026<\/span><\/p>\n<div>\n<p style=\"text-align: justify;\"><span style=\"font-family: arial, helvetica, sans-serif; font-size: 14pt;\"><strong>L@s T\u00e9cnic@s del Ministerio de Hacienda (Gestha), que de esto saben un poquito, hablan directamente de\u00a0<em>\u201cfracaso\u201d<\/em>\u00a0y opacidad<\/strong>\u00a0que no busca m\u00e1s que esconder el desplome en el n\u00famero de delitos fiscales descubiertos. La AEAT contin\u00faa sin informar de\u00a0 los delitos fiscales denunciados (cuando el fraude supera los 120.000 euros), de los ingresos en ejecutiva y de los ingresos de liquidaciones y actos de gesti\u00f3n recaudatoria.<\/span><\/p>\n<p style=\"text-align: justify;\"><span style=\"font-family: arial, helvetica, sans-serif; font-size: 14pt;\">En un pa\u00eds en donde el fraude fiscal campa a sus anchas -y no me refiero al peque\u00f1o defraudador, sino al grande- vemos para nuestro asombro c\u00f3mo\u00a0<strong>las denuncias tramitadas caen en picado<\/strong>. \u00bfC\u00f3mo es posible que suceda esto en un momento en el que m\u00e1s falta hace el dinero -lo vemos con las pensiones indignas- y en el que\u00a0<strong>los medios de comunicaci\u00f3n estamos sacando a luz los mayores esc\u00e1ndalos como los Papeles de Panam\u00e1, el de Football Leaks o el de los Papeles del Para\u00edso<\/strong>?<\/span><\/p>\n<p style=\"text-align: justify;\"><span style=\"font-family: arial, helvetica, sans-serif; font-size: 14pt;\">Espa\u00f1a tienen en la actualidad<strong>\u00a0la mitad de inspectores de Hacienda que la media europea<\/strong>\u00a0y de esos escasos recursos,\u00a0<strong>el 80% se dedica al control de particulares, aut\u00f3nomos, microempresas y pymes, y al 20% restante la investigaci\u00f3n de las multinacionales, grupos empresariales y grandes fortunas<\/strong>. No s\u00f3lo eso, sino que gracias al Gobierno, los inspectores ya no concluyen los expedientes de delitos que detectan, tal y como advierte Gestha.<\/span><\/p>\n<p style=\"text-align: justify;\"><span style=\"font-family: arial, helvetica, sans-serif; font-size: 14pt;\">Las denuncias que realizan l@s t\u00e9cnic@s de Hacienda son alarmantes, no s\u00f3lo porque tengan que ser ell@s quienes saquen estos datos a la luz, sino por la repercusi\u00f3n de los mismos:\u00a0<strong>por cada euro que ingresa la AEAT en su lucha contra el fraude quedan casi cinco pendientes de cobro<\/strong>. Si se dispusiera de mayor eficiencia, indican, ser\u00eda posible recaudar a medio plazo unos 40.000 millones de euros.<\/span><\/p>\n<p style=\"text-align: justify;\"><span style=\"font-family: arial, helvetica, sans-serif; font-size: 14pt;\">\u00bfQui\u00e9n est\u00e1 dejando de pagar esos cinco euros que no llegan a las arcas del Estado? \u00bfQu\u00e9 grandes defraudadores se salen con la suya gracias a las condiciones de impunidad que han creado Rajoy y los suyos? \u00bfPor qu\u00e9 no se invierte la proporci\u00f3n y el 80% de inspectores controla a las grandes fortunas y el 20% a los particulares y aut\u00f3nomos? Todas las respuestas conducen a una misma conclusi\u00f3n: porque\u00a0<strong>un pu\u00f1ado de indeseables vive a nuestra costa rob\u00e1ndonos a manos llenas mientras con un Gobierno compinche.<\/strong><\/span><\/p>\n<p style=\"text-align: justify;\">\u00a0<\/p>\n<\/div>\n<p><a href=\"https:\/\/puntocritico.com\/ausajpuntocritico\/wp-content\/uploads\/2018\/03\/Mosca_Punto_Cr\u00edtico_40.png\" rel=\"lightbox[10083]\"><img loading=\"lazy\" decoding=\"async\" class=\"aligncenter wp-image-9528\" src=\"https:\/\/puntocritico.com\/ausajpuntocritico\/wp-content\/uploads\/2018\/03\/Mosca_Punto_Cr\u00edtico_40.png\" alt=\"\" width=\"40\" height=\"40\" \/><\/a><\/p>\n<h1 class=\"entry-title\" style=\"text-align: center;\"><a id=\"ref21\"><\/a><a href=\"#ref21a\">[21]<\/a> El hip\u00f3dromo de la Moncloa<\/h1>\n<div class=\"author-content\">\n<p class=\"author\"><span style=\"font-size: 14pt;\">Por Juan Carlos Escudier<\/span><\/p>\n<\/div>\n<div><span class=\"posted-on\" style=\"color: #339966;\"><time class=\"entry-date published\" datetime=\"2018-03-20T08:39:29+00:00\">Art\u00edculo publicado 20 de marzo de 2018<\/time><\/span><\/div>\n<div><a href=\"http:\/\/blogs.publico.es\/escudier\/2018\/03\/20\/el-hipodromo-de-la-moncloa\/\" target=\"_blank\" rel=\"noopener\"><span style=\"color: #339966;\">http:\/\/blogs.publico.es\/escudier\/2018\/03\/20\/el-hipodromo-de-la-moncloa\/<\/span><\/a><\/div>\n<div>\u00a0<\/div>\n<p style=\"text-align: justify;\"><span style=\"font-size: 14pt; font-family: arial, helvetica, sans-serif;\">Debe de pintar un panorama un tanto negro para el PP porque la sucesi\u00f3n de Rajoy ha empezado a plantearse abiertamente, y hasta alguno de los llamados a esa cena, que en su d\u00eda fue un hip\u00f3dromo con Aznar manejando de la foto finish, ya se atreven incluso a postularse como jinetes. Es el caso de N\u00fa\u00f1ez Feijoo que, preguntado sobre su disposici\u00f3n a dejar Galicia para ce\u00f1ir la corona de la derecha, pidi\u00f3 que le dejaran contestar dentro de un a\u00f1o, \u201ccuando el presidente nos dir\u00e1 lo que decida hacer\u201d, tal es la fara\u00f3nica costumbre de la casa. Hagan sus apuestas porque, a lo tonto, la carrera puede haber comenzado ya.<\/span><\/p>\n<p style=\"text-align: justify;\"><span style=\"font-size: 14pt; font-family: arial, helvetica, sans-serif;\">Pendientes de introducirse en los cajones o de colocarse la servilleta est\u00e1n, por tanto, Feij\u00f3o, un pura sangre que odia las fotos, sobre todo aquellas que le inmortalizan con narcotraficantes como Sito Mi\u00f1anco; S\u00e1enz de Santamar\u00eda, que avanza mucho en las rectas pero sufre cuando vienen curvas como las de Catalunya; Cospedal, a la que habr\u00e1 que avisar que la competici\u00f3n es en directo y no en diferido; Cifuentes, al frente de una cuadra financieramente poco recomendable; y hasta I\u00f1igo de la Serna, del que no se sabe si galopa o no pero que tiene una planta estupenda y da gloria verle cuando corretea.<\/span><\/p>\n<p style=\"text-align: justify;\"><span style=\"font-size: 14pt; font-family: arial, helvetica, sans-serif;\">En los \u00faltimos d\u00edas varios medios han dado cuenta de la presencia en la pista de un nuevo corcel del que se apuntan cualidades extraordinarias: prudencia, inteligencia, lealtad, seriedad, rigor y, sobre todo, higiene, que es una virtud ins\u00f3lita en un partido acostumbrado a chapotear en inmundicias. Se trata de Ana Pastor, de la que no se conoce m\u00e1s defecto que el de parecerse mucho a Rajoy. Aunque s\u00f3lo fuera por el sacrificio de su marido, habitual acompa\u00f1ante del presidente en sus trotes cochineros por Ribadumia, la presidenta del Congreso tendr\u00eda la carrera ganada.<\/span><\/p>\n<p style=\"text-align: justify;\"><span style=\"font-size: 14pt; font-family: arial, helvetica, sans-serif;\">Pastor ser\u00eda, en efecto, una buena candidata si el relevo estuviera en marcha. Pertenece al c\u00edrculo \u00edntimo, a esa cuadrilla de Pontevedra que hizo del Blanco y Negro el cuartel general de sus verm\u00fas, y que en vacaciones prolongaba su endogamia en Sanxenxo. Nunca sali\u00f3 de su boca una cr\u00edtica al hijo del juez ni puede exhibir un solo enemigo en el PP. Es amable, emp\u00e1tica y dialogante. Inteligente tambi\u00e9n, o eso dice Pablo Iglesias, que hasta ve en ella una cintura pol\u00edtica de bailarina. Bastar\u00eda con una designaci\u00f3n digital para que la democracia interna del PP hiciera el resto.<\/span><\/p>\n<p style=\"text-align: justify;\"><span style=\"font-size: 14pt; font-family: arial, helvetica, sans-serif;\">La carrera, como se dec\u00eda, puede haber empezado sin que el propio Rajoy se haya enterado, pese a que los relinchos y el ruido de los cascos son audibles a gran distancia. O se ha enterado y se resiste a dar la salida mientras intenta por todos los medios aprobar los Presupuestos de 2018, que es la clave de b\u00f3veda de su permanencia, de su victoria en ese extenuante Grand National donde muchos jinetes besaron el suelo antes siquiera de llegar al hip\u00f3dromo.<\/span><\/p>\n<p style=\"text-align: justify;\"><span style=\"font-size: 14pt; font-family: arial, helvetica, sans-serif;\">Es dif\u00edcil imaginar a la secuoya que es Rajoy aceptando convertirse en un mueble auxiliar, y la prueba es la imagen elegida por el PP para celebrar su convenci\u00f3n nacional a finales de mes: un \u00e1rbol de poderoso tronco que, en palabras del palmero Mart\u00ednez Ma\u00edllo, aguanta lo que le echen, ya sea viento, fr\u00edo, hielo o nieve, un vegetal muy vegetal y mucho vegetal, la imagen con barba del \u2018no nos mover\u00e1n\u2019.<\/span><\/p>\n<p style=\"text-align: justify;\"><span style=\"font-size: 14pt; font-family: arial, helvetica, sans-serif;\">De ah\u00ed que sea improbable que por propia voluntad promueva su relevo como hizo Aznar o que las presiones de su partido fuercen su retirada a la manera de Zapatero. Rajoy quiere galopar hasta 2019 y a partir de ah\u00ed mantenerse en la montura hasta que el cuerpo aguante. No se le puede pedir a un centauro que descabalgue. Hay que derribarle.<\/span><\/p>\n<p style=\"text-align: justify;\">\n<a href=\"https:\/\/puntocritico.com\/ausajpuntocritico\/wp-content\/uploads\/2018\/03\/Mosca_Punto_Cr\u00edtico_40.png\" rel=\"lightbox[10083]\"><img loading=\"lazy\" decoding=\"async\" class=\"aligncenter wp-image-9528\" src=\"https:\/\/puntocritico.com\/ausajpuntocritico\/wp-content\/uploads\/2018\/03\/Mosca_Punto_Cr\u00edtico_40.png\" alt=\"\" width=\"40\" height=\"40\" \/><\/a><\/p>\n<header class=\"article-header\">\n<h1 style=\"text-align: center;\"><a id=\"ref22\"><\/a><a href=\"#ref22a\">[22]<\/a> Los funcionarios de Justicia convocan movilizaciones y piden equiparaci\u00f3n salarial<\/h1>\n<p><span style=\"font-size: 12pt;\">Por EFE<\/span><\/p>\n<div><span style=\"color: #339966;\">Art\u00edculo publicado 20 de marzo de 2018 en<\/span><\/div>\n<div><span style=\"color: #339966;\"><a style=\"color: #339966;\" href=\"http:\/\/www.publico.es\/politica\/tribunales\/funcionarios-justicia-convocan-movilizaciones-piden-equiparacion-salarial.html\" target=\"_blank\" rel=\"noopener\">http:\/\/www.publico.es\/politica\/tribunales\/funcionarios-justicia-convocan-movilizaciones-piden-equiparacion-salarial.html<\/a><\/span><\/div>\n<\/header>\n<div>\u00a0<\/div>\n<div>\n<header class=\"article-header\">\n<div class=\"article-header-epigraph\">\n<blockquote>\n<p style=\"text-align: justify;\"><span style=\"color: #008000;\"><strong><span style=\"font-size: 14pt; font-family: arial, helvetica, sans-serif;\">Los responsables de justicia de los cuatro sindicatos representativos\u00a0han recordado que los trabajadores de este sector dependientes del Ministerio llevan m\u00e1s de diez a\u00f1os sin ver actualizadas sus retribuciones a pesar de que han aumentado las cargas de trabajo en los \u00f3rganos judiciales.<\/span><\/strong><\/span><\/p>\n<\/blockquote>\n<\/div>\n<\/header>\n<div class=\"article-content\">\n<div class=\"column left-side\">\n<div class=\"article-body\">\n<footer>\n<div class=\"article-info\">\n<p id=\"m95-94-96\" class=\"signature\">\u00a0<\/p>\n<\/div>\n<\/footer>\n<\/div>\n<\/div>\n<\/div>\n<\/div>\n<figure id=\"attachment_10150\" aria-describedby=\"caption-attachment-10150\" style=\"width: 660px\" class=\"wp-caption aligncenter\"><a href=\"https:\/\/puntocritico.com\/ausajpuntocritico\/wp-content\/uploads\/2018\/03\/5ab0e9677f286.jpg\" rel=\"lightbox[10083]\"><img loading=\"lazy\" decoding=\"async\" class=\"wp-image-10150 size-full\" src=\"https:\/\/puntocritico.com\/ausajpuntocritico\/wp-content\/uploads\/2018\/03\/5ab0e9677f286.jpg\" alt=\"\" width=\"660\" height=\"340\" srcset=\"https:\/\/puntocritico.com\/ausajpuntocritico\/wp-content\/uploads\/2018\/03\/5ab0e9677f286.jpg 660w, https:\/\/puntocritico.com\/ausajpuntocritico\/wp-content\/uploads\/2018\/03\/5ab0e9677f286-300x155.jpg 300w\" sizes=\"auto, (max-width: 660px) 100vw, 660px\" \/><\/a><figcaption id=\"caption-attachment-10150\" class=\"wp-caption-text\"><span style=\"font-size: 10pt;\"><strong><span style=\"color: #339966;\">Sindicatos de la Justicia.- EUROPA PRESS<\/span><\/strong><\/span><\/figcaption><\/figure>\n<header class=\"article-header\">\n<div class=\"article-header-epigraph\">\u00a0<\/div>\n<\/header>\n<div class=\"article-content\">\n<div class=\"column left-side\">\n<div class=\"article-body\">\n<footer>\n<div class=\"article-info\">\n<p id=\"m95-94-96\" class=\"signature\" style=\"text-align: justify;\"><span style=\"font-family: arial, helvetica, sans-serif; font-size: 14pt; text-align: justify;\">Los sindicatos\u00a0<\/span><b style=\"font-family: arial, helvetica, sans-serif; font-size: 14pt; text-align: justify;\">CSIF, STAJ, CCOO y UGT<\/b><span style=\"font-family: arial, helvetica, sans-serif; font-size: 14pt; text-align: justify;\">\u00a0han convocado movilizaciones que podr\u00edan desembocar en una huelga en la administraci\u00f3n de justicia si el Ministerio no negocia unas\u00a0<\/span><b style=\"font-family: arial, helvetica, sans-serif; font-size: 14pt; text-align: justify;\">\u00abretribuciones y condiciones dignas\u00bb<\/b><span style=\"font-family: arial, helvetica, sans-serif; font-size: 14pt; text-align: justify;\">\u00a0que pasan por la equiparaci\u00f3n salarial con las comunidades con las competencias transferidas.<\/span><\/p>\n<\/div>\n<\/footer>\n<div class=\"article-text\">\n<p id=\"m105-1-106\" style=\"text-align: justify;\"><span style=\"font-family: arial, helvetica, sans-serif; font-size: 14pt;\">As\u00ed lo han anunciado este martes en rueda de prensa los responsables de justicia de los cuatro sindicatos representativos en la mesa sectorial en el \u00e1mbito nacional, que han recordado que los funcionarios de este sector dependientes del Ministerio\u00a0<b>llevan m\u00e1s de diez a\u00f1os sin ver actualizadas sus retribuciones\u00a0<\/b>a pesar de que han aumentado las cargas de trabajo en los \u00f3rganos judiciales.<\/span><\/p>\n<p id=\"m111-2-112\" style=\"text-align: justify;\"><span style=\"font-family: arial, helvetica, sans-serif; font-size: 14pt;\">Estos sindicatos han convocado un calendario de concentraciones que comenzar\u00e1 este mi\u00e9rcoles a las 12.00 horas\u00a0<b>ante la sede central de la Audiencia Nacional\u00a0<\/b>en Madrid y en las capitales de provincia de las comunidades aut\u00f3nomas que no tienen transferidas las competencias en este \u00e1rea, es decir Extremadura, Baleares, Castilla y Le\u00f3n, Castilla-La Mancha, Murcia, Ceuta y Melilla.<\/span><\/p>\n<p id=\"m117-3-118\" style=\"text-align: justify;\"><span style=\"font-family: arial, helvetica, sans-serif; font-size: 14pt;\">El calendario de movilizaciones continuar\u00e1 el mi\u00e9rcoles 4 de abril con\u00a0<b>una concentraci\u00f3n ante la sede del Ministerio de Justicia en Madrid<\/b>\u00a0y terminar\u00e1 del 5 al 13 del mismo mes con otras alternativas en las capitales de provincia de las comunidades del \u00e1mbito ministerial.<\/span><\/p>\n<p id=\"m123-4-124\" style=\"text-align: justify;\"><span style=\"font-family: arial, helvetica, sans-serif; font-size: 14pt;\">Los sindicatos han anunciado que si el Ministerio que dirige\u00a0<b>Rafael Catal\u00e1<\/b>\u00a0no abre una negociaci\u00f3n, convocar\u00e1n una huelga general en justicia. Sus representantes han explicado que los funcionarios de justicia de dichas comunidades, as\u00ed como el personal de la Audiencia Nacional, el Tribunal Supremo, la Fiscal\u00eda General del Estado y el Instituto Nacional de Toxicolog\u00eda, dependientes del Ministerio,<b>\u00a0cobran alrededor de 500 euros brutos menos al mes<\/b>\u00a0respecto a los de las comunidades con estas competencias transferidas.<\/span><\/p>\n<p id=\"m129-5-130\" style=\"text-align: justify;\"><span style=\"font-family: arial, helvetica, sans-serif; font-size: 14pt;\">Los sindicatos tambi\u00e9n se movilizan en contra de la modificaci\u00f3n de la Ley Org\u00e1nica del Poder Judicial\u00a0<b>\u00abpor los perjuicios que supondr\u00e1 en las condiciones laborales del personal de la justicia\u00bb<\/b>, pues advierten de que \u00abla reforma pretende, entre otros aspectos, suprimir los actuales centros de destino, lo que supondr\u00e1 la movilidad forzosa\u00bb.<\/span><\/p>\n<p id=\"m135-6-136\" style=\"text-align: justify;\"><span style=\"font-family: arial, helvetica, sans-serif; font-size: 14pt;\">En un comunicado conjunto recuerdan que han pasado m\u00e1s de diez d\u00edas desde que se entregaron cerca de\u00a0<b>diez mil firmas al Ministerio solicitando la apertura de la mesa de negociaci\u00f3n\u00a0<\/b>y m\u00e1s de tres meses desde que los cuatro sindicatos presentaron a este departamento un escrito con la tabla reivindicativa pormenorizada que afecta a todos los cuerpos de justicia.<\/span><\/p>\n<p id=\"m141-7-142\" style=\"text-align: justify;\"><span style=\"font-family: arial, helvetica, sans-serif; font-size: 14pt;\">\u00abMientras tanto,\u00a0<b>el Ministerio sigue dando la callada por respuesta<\/b>, no cumple los acuerdos de 2015 y machaca a los juzgados creando \u00f3rganos sin medios, imponiendo un modelo de oficina judicial y fiscal r\u00edgido, y derrochando el dinero en una tecnolog\u00eda que no sirve para ayudar sino para ahogar a\u00fan m\u00e1s a los \u00f3rganos judiciales y fiscales\u00bb, denuncian.<\/span><\/p>\n<p id=\"m147-8-148\" style=\"text-align: justify;\"><span style=\"font-family: arial, helvetica, sans-serif; font-size: 14pt;\">Los sindicatos tambi\u00e9n<b>\u00a0reivindican recuperar el complemento de los funcionarios<\/b>destinados en juzgados de violencia sobre la mujer y su establecimiento en otros \u00f3rganos especializados, revisar la normativa de guardias con un incremento de las retribuciones por este concepto as\u00ed como las de la insularidad.<\/span><\/p>\n<p id=\"m153-9-154\" style=\"text-align: justify;\"><span style=\"font-family: arial, helvetica, sans-serif; font-size: 14pt;\">Denuncian que el Ministerio vulnera el derecho a la negociaci\u00f3n colectiva al no convocar la mesa de negociaci\u00f3n para atender las reivindicaciones de los funcionarios y \u00abse burla de ella modificando unilateralmente la Ley Org\u00e1nica del Poder Judicial\u00bb<\/span><\/p>\n<\/div>\n<p><a href=\"https:\/\/puntocritico.com\/ausajpuntocritico\/wp-content\/uploads\/2018\/03\/Mosca_Punto_Cr\u00edtico_40.png\" rel=\"lightbox[10083]\"><img loading=\"lazy\" decoding=\"async\" class=\"aligncenter wp-image-9528\" src=\"https:\/\/puntocritico.com\/ausajpuntocritico\/wp-content\/uploads\/2018\/03\/Mosca_Punto_Cr\u00edtico_40.png\" alt=\"\" width=\"40\" height=\"40\" \/><\/a><\/p>\n<p><span style=\"background-color: #ffff99;\"><strong>EXCLUSIVA \u00abELDIARIO.ES\u00bb<\/strong><\/span><\/p>\n<h1 class=\"pg-headline\" style=\"text-align: center;\"><a id=\"ref23\"><\/a><a href=\"#ref23a\">[23]<\/a> El registro de secretar\u00eda confirma que Cifuentes no aprob\u00f3 el m\u00e1ster en 2012<\/h1>\n<p><span style=\"font-size: 14pt;\">Por Raquel Ejerique<\/span><\/p>\n<p><span style=\"color: #008000;\">Articulo publicado el 21 de marzo de 2018 en:\u00a0<\/span><\/p>\n<p><a href=\"https:\/\/www.eldiario.es\/sociedad\/Universidad-Rey-Juan-Carlos-Cifuentes_0_752424848.html\" target=\"_blank\" rel=\"noopener\">https:\/\/www.eldiario.es\/sociedad\/Universidad-Rey-Juan-Carlos-Cifuentes_0_752424848.html<\/a><\/p>\n<p>&nbsp;<\/p>\n<\/div>\n<\/div>\n<\/div>\n<blockquote>\n<p style=\"text-align: justify;\"><span style=\"color: #008000; font-size: 14pt;\"><strong>Tanto el\u00a0 rector de la universidad p\u00fablica madrile\u00f1a Rey Juan Carlos como Cristina Cifuentes aseguran que aprob\u00f3 el trabajo de fin de m\u00e1ster el 2 de julio de 2012<\/strong><\/span><\/p>\n<p style=\"text-align: justify;\"><span style=\"color: #008000; font-size: 14pt;\"><strong>Sin embargo, el registro de secretar\u00eda revela que la presidenta de la Comunidad pag\u00f3 unos gastos para poder matricularse por segunda vez en ese trabajo cuatro meses despu\u00e9s, el\u00a020 de noviembre de 2012<\/strong><\/span><\/p>\n<p style=\"text-align: justify;\"><span style=\"color: #008000; font-size: 14pt;\"><strong>Los documentos que hoy publica eldiario.es contradicen la segunda versi\u00f3n de los hechos que presenta la presidenta de Madrid: se volvi\u00f3 a matricular para presentar el trabajo de fin de m\u00e1ster despu\u00e9s de supuestamente haberlo aprobado ya<\/strong><\/span><\/p>\n<\/blockquote>\n<p>&nbsp;<\/p>\n<p><a href=\"https:\/\/puntocritico.com\/ausajpuntocritico\/wp-content\/uploads\/2018\/03\/Pantallazo-muestra-noviembre-Cifuentes-presentarse_EDIIMA20180321_0962_5.jpg\" rel=\"lightbox[10083]\"><img loading=\"lazy\" decoding=\"async\" class=\"aligncenter wp-image-10190 size-full\" src=\"https:\/\/puntocritico.com\/ausajpuntocritico\/wp-content\/uploads\/2018\/03\/Pantallazo-muestra-noviembre-Cifuentes-presentarse_EDIIMA20180321_0962_5.jpg\" alt=\"\" width=\"643\" height=\"418\" srcset=\"https:\/\/puntocritico.com\/ausajpuntocritico\/wp-content\/uploads\/2018\/03\/Pantallazo-muestra-noviembre-Cifuentes-presentarse_EDIIMA20180321_0962_5.jpg 643w, https:\/\/puntocritico.com\/ausajpuntocritico\/wp-content\/uploads\/2018\/03\/Pantallazo-muestra-noviembre-Cifuentes-presentarse_EDIIMA20180321_0962_5-300x195.jpg 300w\" sizes=\"auto, (max-width: 643px) 100vw, 643px\" \/><\/a><\/p>\n<div class=\"article-content\">\n<div class=\"column left-side\">\n<p>&nbsp;<\/p>\n<p class=\"mce\" style=\"text-align: justify;\"><span style=\"font-size: 14pt; font-family: arial, helvetica, sans-serif;\">Seg\u00fan los registros inform\u00e1ticos de la Universidad Rey Juan Carlos,\u00a0<a class=\"mce\" href=\"https:\/\/www.eldiario.es\/sociedad\/Cifuentes-obtenido-publico-falseando-asignaturas_0_752075026.html\" target=\"_blank\" rel=\"noopener\">\u00a0Cristina Cifuentes no se present\u00f3 a dos asignaturas de su m\u00e1ster<\/a>\u00a0y una funcionaria le cambi\u00f3 las notas a \u00abNotable\u00bb en 2014, dos a\u00f1os despu\u00e9s. Seg\u00fan la versi\u00f3n de la universidad p\u00fablica, aprob\u00f3 todo en el curso en que se matricul\u00f3 (2011-2012) y si apareci\u00f3 como \u00abNo presentado\u00bb\u00a0<a class=\"mce\" href=\"https:\/\/www.eldiario.es\/sociedad\/Rector-Rey-Juan-Carlos-Cifuentes_0_752425085.html\" target=\"_blank\" rel=\"noopener\">fue por una\u00a0<span class=\"mce\">\u00a0\u00abmala transcripci\u00f3n en la introducci\u00f3n de las notas\u00bb,\u00a0<\/span><\/a>\u00a0un error inform\u00e1tico que en 2014 simplemente se subsan\u00f3. Cristina Cifuentes, en un comunicado posterior, se ha sumado a esa versi\u00f3n, la segunda que traslada a eldiario.es, tras asegurar el martes un portavoz de la presidenta auton\u00f3mica que se hab\u00eda dejado dos asignaturas para despu\u00e9s.<\/span><\/p>\n<p class=\"mce\" style=\"text-align: justify;\"><span style=\"font-size: 14pt; font-family: arial, helvetica, sans-serif;\">Sin embargo, los pagos de la propia Cristina Cifuentes a la Universidad Rey Juan Carlos, un documento al que ha tenido acceso eldiario.es, desmienten tanto a la presidenta auton\u00f3mica como a la propia Universidad. Cifuentes\u00a0pag\u00f3 el importe necesario\u00a0para presentar el trabajo de fin de m\u00e1ster cuatro meses despu\u00e9s de, seg\u00fan su versi\u00f3n, haberlo aprobado.<\/span><\/p>\n<div id=\"SMIntext_reference\" style=\"text-align: justify;\">\n<div id=\"SMWhiteSpace_replay\"><span style=\"font-size: 14pt; font-family: arial, helvetica, sans-serif;\">En la ficha de Cifuentes que hoy publica eldiario.es aparecen tres pagos en distintas fechas. El primero, el 4 de enero de 2012: 1.586,39 euros por el pago del m\u00e1ster. El segundo, el 20 de noviembre de 2012: un gasto administrativo de 6,11 euros. El concepto: \u00abTrabajo fin de M\u00e1ster Derecho Auton\u00f3mico\u00bb. Y un tercer pago, el 6 de noviembre de 2014 de 176,27 euros, como tasas para sacar el t\u00edtulo.<\/span><\/div>\n<\/div>\n<p class=\"mce\" style=\"text-align: justify;\"><span style=\"font-size: 14pt; font-family: arial, helvetica, sans-serif;\">Tal y como demuestra el documento de cuatro pantallazos que hoy publica eldiario.es, cuatro meses despu\u00e9s de \u00abaprobarlo todo\u00bb, en noviembre de 2012, Cristina Cifuentes paga 6,11 euros para poder presentar y defender el Trabajo Fin de M\u00e1ster (TFM) que te\u00f3ricamente ya ten\u00eda con un notable, seg\u00fan la \u00faltima versi\u00f3n de la presidenta auton\u00f3mica y la propia universidad.\u00a0<\/span><\/p>\n<p class=\"mce\" style=\"text-align: justify;\"><span style=\"font-size: 14pt; font-family: arial, helvetica, sans-serif;\"><a class=\"mce\" href=\"https:\/\/www.urjc.es\/images\/Universidad\/Presentacion\/normativa\/Normativa_Trabajo_Fin_de_Master.pdf\" target=\"_blank\" rel=\"noopener\">Como dice el reglamento de la propia Universidad Rey Juan Carlos<\/a>\u00a0en su art\u00edculo 7<span class=\"mce\">\u00a0, el TFM no tiene asociadas unas tasas como las asignaturas en segunda convocatoria, sino que son unos gastos mucho menores: \u00abEn el supuesto en que el alumno no se presente a la asignatura de Trabajo Fin de M\u00e1ster en el curso en el que la matricula por primera vez, para los siguientes cursos acad\u00e9micos, deber\u00e1 matricularse nuevamente de dicha asignatura. El segundo curso que realice la matr\u00edcula de la asignatura de Trabajo Fin de\u00a0M\u00e1ster s\u00f3lo deber\u00e1 abonar las tasas administrativas correspondientes\u00bb.\u00a0<\/span><a class=\"mce\" href=\"http:\/\/www.urjc.es\/images\/Estudios\/Masters\/Precios_publicos_masteres.pdf\" target=\"_blank\" rel=\"noopener\">\u00a0Tambi\u00e9n seg\u00fan las tarifas de la URJC los \u00abgastos de secretar\u00eda\u00bb<\/a><span class=\"mce\">\u00a0\u00a0son precisamente 6,11 euros, justamente lo que paga Cifuentes. \u00bfPor qu\u00e9 es un precio tan bajo?\u00a0<\/span><a class=\"mce\" href=\"https:\/\/www.urjc.es\/images\/Universidad\/Presentacion\/normativa\/Normativa_Trabajo_Fin_de_Master.pdf\" target=\"_blank\" rel=\"noopener\">Como se especifica en el art\u00edculo 7 del reglamento de los m\u00e1ster de la URJC<\/a><span class=\"mce\">\u00a0, \u00abla matr\u00edcula del Trabajo Fin de M\u00e1ster se realiza en el momento de la matr\u00edcula ordinaria. La convocatoria de esta asignatura ser\u00e1 indefinida\u00bb. Pero si el trabajo se presenta en el siguiente curso acad\u00e9mico, el alumno debe pagar. \u00abEl segundo curso que realice la matr\u00edcula de la asignatura de Trabajo Fin de M\u00e1ster s\u00f3lo deber\u00e1 abonar las tasas administrativas correspondientes\u00bb, dice el art\u00edculo 7.2. Esas tasas administrativas son, precisamente, esos seis euros con once c\u00e9ntimos.<br class=\"mce\" \/><br \/>\n<\/span><\/span><\/p>\n<p class=\"mce\" style=\"text-align: justify;\"><span style=\"font-size: 14pt; font-family: arial, helvetica, sans-serif;\">A menos que Cifuentes quisiera volver a aprobar una asignatura ya aprobada (la que m\u00e1s valor tiene, 24\u00a0cr\u00e9ditos de 60), la coartada de que fue un error inform\u00e1tico se cae, ya que la alumna sabe en noviembre de 2012 que, al menos, le falta una asignatura, as\u00ed que el \u00abno presentado\u00bb no es un error. Curiosamente, entre los documentos de pago aportados por Cifuentes\u00a0<a class=\"mce\" href=\"https:\/\/www.eldiario.es\/madrid\/Cifuentes-justifica_0_752425912.html\" target=\"_blank\" rel=\"noopener\">\u00a0junto a su comunicado,<\/a>\u00a0est\u00e1n los de la matr\u00edcula principal y el de las tasas del t\u00edtulo, pero se obvia el pago de la pr\u00f3rroga de presentaci\u00f3n del trabajo de fin de m\u00e1ster.<\/span><\/p>\n<p class=\"mce\" style=\"text-align: justify;\"><span style=\"font-size: 14pt; font-family: arial, helvetica, sans-serif;\">La URJC a\u00fan no ha sabido explicar este nuevo pago, que contradice la versi\u00f3n que ha ofrecido el rector. Ha asegurado a eldiario.es que tiene que revisar la documentaci\u00f3n y emplaza la respuesta sobre este punto a este jueves.\u00a0<\/span><\/p>\n<p class=\"mce\" style=\"text-align: justify;\"><span style=\"font-size: 14pt; font-family: arial, helvetica, sans-serif;\">Por su parte, fuentes cercanas a Cristina Cifuentes explican ese nuevo pago en que \u00abla fecha de presentaci\u00f3n del trabajo\u00a0finalizaba en junio de 2012, como lo present\u00f3\u00a0el 2 de julio, a las 15:45, pag\u00f3 una tasa por haberse pasado de la fecha\u00bb. Como sabe cualquier alumno o profesor, el curso escolar empieza el 1 de septiembre, ni en julio ni en junio ni en agosto. En cualquier caso, y tal como muestra el calendario de m\u00e1ster de la URJC del a\u00f1o 2011-2012 (abajo), en julio de 2012 Cifuentes estaba dentro del curso escolar que hab\u00eda pagado, con lo que esas tasas de 6 euros de penalizaci\u00f3n no tienen sentido.<\/span><\/p>\n<p style=\"text-align: justify;\"><span style=\"font-size: 14pt; font-family: arial, helvetica, sans-serif;\"><a href=\"https:\/\/puntocritico.com\/ausajpuntocritico\/wp-content\/uploads\/2018\/03\/Calendario-academico-URJC-ano_EDIIMA20180321_1033_5.jpg\" rel=\"lightbox[10083]\"><img loading=\"lazy\" decoding=\"async\" class=\"aligncenter wp-image-10191 size-full\" src=\"https:\/\/puntocritico.com\/ausajpuntocritico\/wp-content\/uploads\/2018\/03\/Calendario-academico-URJC-ano_EDIIMA20180321_1033_5.jpg\" alt=\"\" width=\"643\" height=\"381\" srcset=\"https:\/\/puntocritico.com\/ausajpuntocritico\/wp-content\/uploads\/2018\/03\/Calendario-academico-URJC-ano_EDIIMA20180321_1033_5.jpg 643w, https:\/\/puntocritico.com\/ausajpuntocritico\/wp-content\/uploads\/2018\/03\/Calendario-academico-URJC-ano_EDIIMA20180321_1033_5-300x178.jpg 300w\" sizes=\"auto, (max-width: 643px) 100vw, 643px\" \/><\/a><\/span><\/p>\n<p>&nbsp;<\/p>\n<p class=\"mce\" style=\"text-align: justify;\"><span style=\"font-size: 14pt; font-family: arial, helvetica, sans-serif;\">As\u00ed que\u00a0el registro de pagos de Cristina Cifuentes en la URJC desmiente\u00a0<a class=\"mce\" href=\"https:\/\/www.youtube.com\/watch?v=OX2igTvkXS4&amp;feature=youtu.be\" target=\"_blank\" rel=\"noopener\">todo lo dicho por el rector, Javier Ramos, el profesor de la asignatura, Pablo Chico, y el director del m\u00e1ster<\/a>, Enrique \u00c1lvarez Conde. Este \u00faltimo, que el martes por la tarde no era capaz de decir al vicerrector\u00a0de la URJC qui\u00e9n hab\u00eda sido el tutor del Trabajo Fin de M\u00e1ster (TFM), se ha\u00a0presentado a s\u00ed mismo al d\u00eda siguiente en la rueda de prensa como el tutor del trabajo de Cifuentes, a la que \u00e9l llama\u00a0<span class=\"mce\">\u00a0\u00abla alumna de referencia\u00bb en su intervenci\u00f3n<\/span>. eldiario.es ha intentado contactar con \u00e9l por tel\u00e9fono sin \u00e9xito para saber c\u00f3mo es posible que ella se diera por no presentada y pagara tasas si \u00e9l, como tutor, ha dicho que se present\u00f3 y sac\u00f3 un notable.\u00a0<\/span><\/p>\n<p class=\"mce\" style=\"text-align: justify;\"><span style=\"font-size: 14pt; font-family: arial, helvetica, sans-serif;\">Otro misterio es qu\u00e9 pas\u00f3 con la asignatura &#8216;La financiaci\u00f3n de las comunidades aut\u00f3nomas&#8217;, porque es imprescindible haberla aprobado para matricularse del TFM. La norma es as\u00ed, excepto para Cristina Cifuentes, que s\u00ed pudo matricularse del TFM teniendo una asignatura en ese momento, por error o no, como \u00abNo presentada\u00bb.\u00a0<\/span><\/p>\n<p class=\"mce\" style=\"text-align: justify;\"><span style=\"font-size: 14pt; font-family: arial, helvetica, sans-serif;\">Despu\u00e9s de este pago para intentar sacarse el TFM, algo que seg\u00fan el sistema de la Universidad Rey Juan Carlos no consigui\u00f3 hasta 2014 cuando la funcionaria le cambia la nota, el siguiente pago de secretar\u00eda de Cifuentes en secretar\u00eda es el desembolso de las tasas de retirada de t\u00edtulo, 176,27 euros. Ah\u00ed acaba su relaci\u00f3n acad\u00e9mica y econ\u00f3mica de su m\u00e1ster.\u00a0<\/span><\/p>\n<\/div>\n<\/div>\n<p>&nbsp;<\/p>\n<div class=\"article-content\">\n<div class=\"column left-side\">\n<p><a href=\"https:\/\/puntocritico.com\/ausajpuntocritico\/wp-content\/uploads\/2018\/03\/Mosca_Punto_Cr\u00edtico_40.png\" rel=\"lightbox[10083]\"><img loading=\"lazy\" decoding=\"async\" class=\"aligncenter wp-image-9528\" src=\"https:\/\/puntocritico.com\/ausajpuntocritico\/wp-content\/uploads\/2018\/03\/Mosca_Punto_Cr\u00edtico_40.png\" alt=\"\" width=\"40\" height=\"40\" \/><\/a><\/p>\n<\/div>\n<\/div>\n<h1 class=\"pg-headline\" style=\"text-align: center;\"><a id=\"ref24\"><\/a><a href=\"#ref24a\">[24]<\/a> La universidad espa\u00f1ola no funciona as\u00ed<\/h1>\n<p><span style=\"font-size: 14pt;\">Por Anton Losada<\/span><\/p>\n<p><span style=\"color: #008000;\">Articulo publicado el 21 de marzo de 2018 en:\u00a0<\/span><\/p>\n<p><a href=\"https:\/\/www.eldiario.es\/zonacritica\/universidad-espanola-funciona_6_752484787.html\" target=\"_blank\" rel=\"noopener\">https:\/\/www.eldiario.es\/zonacritica\/universidad-espanola-funciona_6_752484787.html<\/a><\/p>\n<div class=\"subtitle bkn mce sk2\">\n<blockquote>\n<p style=\"text-align: justify;\"><span style=\"color: #008000; font-size: 14pt;\"><strong>Si en una universidad espa\u00f1ola se produce un error en un expediente acad\u00e9mico, la correcci\u00f3n debe hacerse mediante una diligencia formal, donde debe constar de manera expresa la causa de la correcci\u00f3n y qui\u00e9n se hace responsable<\/strong><\/span><\/p>\n<p>&nbsp;<\/p>\n<\/blockquote>\n<\/div>\n<figure id=\"attachment_10204\" aria-describedby=\"caption-attachment-10204\" style=\"width: 643px\" class=\"wp-caption aligncenter\"><a href=\"https:\/\/puntocritico.com\/ausajpuntocritico\/wp-content\/uploads\/2018\/03\/Captura-revela-cambiaron-notas-Cifuentes_EDIIMA20180320_1063_26.jpg\" rel=\"lightbox[10083]\"><img loading=\"lazy\" decoding=\"async\" class=\"wp-image-10204 size-full\" src=\"https:\/\/puntocritico.com\/ausajpuntocritico\/wp-content\/uploads\/2018\/03\/Captura-revela-cambiaron-notas-Cifuentes_EDIIMA20180320_1063_26.jpg\" alt=\"\" width=\"643\" height=\"362\" srcset=\"https:\/\/puntocritico.com\/ausajpuntocritico\/wp-content\/uploads\/2018\/03\/Captura-revela-cambiaron-notas-Cifuentes_EDIIMA20180320_1063_26.jpg 643w, https:\/\/puntocritico.com\/ausajpuntocritico\/wp-content\/uploads\/2018\/03\/Captura-revela-cambiaron-notas-Cifuentes_EDIIMA20180320_1063_26-300x169.jpg 300w\" sizes=\"auto, (max-width: 643px) 100vw, 643px\" \/><\/a><figcaption id=\"caption-attachment-10204\" class=\"wp-caption-text\"><span style=\"color: #008000;\">Captura que revela que se cambiaron las notas de Cifuentes<\/span><\/figcaption><\/figure>\n<p>&nbsp;<\/p>\n<p class=\"mce\" style=\"text-align: justify;\"><span style=\"font-size: 14pt; font-family: arial, helvetica, sans-serif;\">En todas las universidades europeas se producen errores administrativos, mec\u00e1nicos y humanos, en las universidades espa\u00f1olas tambi\u00e9n. En todas las universidades europeas existen procedimientos reglados para corregir tales, en las universidades espa\u00f1olas tambi\u00e9n. Procedimientos reglados para proteger los intereses de los alumnos, que requieren el control de un tercer \u00f3rgano y que obligan al profesor a justificar expresamente su cambio de criterio. Si en una universidad espa\u00f1ola se produce un error en un expediente acad\u00e9mico, la correcci\u00f3n debe hacerse mediante una diligencia formal, donde debe constar de manera expresa la causa de la correcci\u00f3n y qui\u00e9n se hace responsable.<\/span><\/p>\n<p class=\"mce\" style=\"text-align: justify;\"><span style=\"font-size: 14pt; font-family: arial, helvetica, sans-serif;\">En la universidad espa\u00f1ola las actas cerradas y depositadas ya bajo custodia de la secretar\u00eda no se corrigen de palabra, tampoco por tel\u00e9fono. Igualmente la correcci\u00f3n debe hacerla el funcionario habilitado por la secretar\u00eda a tal efecto, no cualquier funcionario. Si las\u00a0<a class=\"mce\" href=\"https:\/\/www.eldiario.es\/sociedad\/Cifuentes-obtenido-publico-falseando-asignaturas_0_752075026.html\" target=\"_blank\" rel=\"noopener noreferrer\">\u00a0dos notas cambiadas a Cristina Cifuentes<\/a>\u00a0son fruto de una correcci\u00f3n de errores, la universidad debe tener las correspondientes diligencias explicando y habilitando tal correcci\u00f3n; basta con que las acredite para zanjar el asunto sin rozar siquiera la famosa ley de protecci\u00f3n de datos.<\/span><\/p>\n<section id=\"edi-ad-slot-intext\" class=\"md-advertisement md hspace no-adv-socios\" role=\"marquee\" data-google-query-id=\"CKb9xKOph9oCFYKGUQodHmYGJA\">\n<div id=\"google_ads_iframe_\/123333327\/eldiario.es\/noticia_intext_0__container__\" style=\"text-align: justify;\"><span style=\"font-family: arial, helvetica, sans-serif; font-size: 14pt; text-align: justify;\">En la universidad espa\u00f1ola el acta de los ex\u00e1menes de cada asignatura, como es el caso de \u201cfinanciaci\u00f3n de las comunidades aut\u00f3nomas\u201d, se formaliza en un documento colectivo, donde se graban en un \u00fanico documento las notas de todos los alumnos presentados y matriculados y, a veces, se producen efectivamente errores; especialmente en asignaturas con cientos de alumnos. Sin embargo, el acta del trabajo de fin de m\u00e1ster es un acta individual, un documento espec\u00edfico para cada alumno que han de firmar todos los profesores que eval\u00faan el trabajo; no hay otros alumnos con quien confundirse y el documento, con un \u00fanico alumno y una \u00fanica nota, pasa por el control de al menos tres profesores y un funcionario, la posibilidad de error resulta pr\u00e1cticamente nula, por no decir imposible.<\/span><\/div>\n<\/section>\n<p class=\"mce\" style=\"text-align: justify;\"><span style=\"font-size: 14pt; font-family: arial, helvetica, sans-serif;\">En ning\u00fan m\u00e1ster de ninguna universidad europea los trabajos de fin de m\u00e1ster resultan voluntarios, ni se presentan o defienden de manera informal, en la universidad espa\u00f1ola tampoco. Han de presentarse en la secretaria del departamento responsable del t\u00edtulo, con entrada de registro y con un n\u00famero m\u00ednimo de copias. La Universidad Rey Juan Carlos solo tiene que presentar el libro de registro del departamento responsable del m\u00e1ster, que adem\u00e1s es p\u00fablico, y all\u00ed constar\u00e1 d\u00eda, hora y n\u00famero de copias depositadas por la alumna Cristina Cifuentes. As\u00ed de sencillo, de nuevo ni se roza siquiera la Ley de protecci\u00f3n de datos, invocada en este caso como si las notas de unos ex\u00e1menes fueran un secreto de Estado que hubiera que proteger. De hecho, en la mayor\u00eda de las universidades el trabajo de fin de m\u00e1ster se defiende en un acto abierto al p\u00fablico. Invocar la ley de protecci\u00f3n de datos resulta tan extempor\u00e1neo como clamar por las tablas de Mois\u00e9s.<\/span><\/p>\n<p class=\"mce\" style=\"text-align: justify;\"><span style=\"font-size: 14pt; font-family: arial, helvetica, sans-serif;\">Una vez que la propia presidenta se haya aclarado consigo misma y sepamos si aprob\u00f3 e hizo su TFM en 2014 y a la segunda, como dijo ella, o en 2012 y a la primera, como dice ahora la universidad, nadie como la misma Cristina Cifuentes tiene en su mano poner a disposici\u00f3n del p\u00fablico ese trabajo sobre el reparto auton\u00f3mico de las competencias de seguridad, que le vali\u00f3 nada menos que un 7.5; aunque solo sea en aras de la transparencia que todos defendemos.<\/span><\/p>\n<p class=\"mce\" style=\"text-align: justify;\"><span style=\"font-size: 14pt; font-family: arial, helvetica, sans-serif;\">Este mi\u00e9rcoles\u00a0seguramente fue un gran d\u00eda para Esperanza Aguirre, que debi\u00f3 disfrutar como nadie viendo a su n\u00e9mesis cocerse en la salsa de los papeles raros y maniobras extra\u00f1as. Tambi\u00e9n debi\u00f3 ser un buen d\u00eda para Mariano Rajoy, harto de que todos le den lecciones de \u00e9tica y viendo c\u00f3mo otra aspirante se eliminaba sola, a lo N\u00fa\u00f1ez Feij\u00f3o y sus fotos con narcos. Pero definitivamente fue un mal d\u00eda para la universidad espa\u00f1ola, que ni funciona as\u00ed, ni tiene por qu\u00e9 soportar que se crea que funcionar as\u00ed es lo normal. Si est\u00e1 todo tan claro y todo se puede explicar, tiene que haber papeles de sobra para acreditarlo; as\u00ed es en todas las universidades europeas y especialmente en la universidad espa\u00f1ola que conozco y donde trabajo.<\/span><\/p>\n<p><a href=\"https:\/\/puntocritico.com\/ausajpuntocritico\/wp-content\/uploads\/2018\/03\/Mosca_Punto_Cr\u00edtico_40.png\" rel=\"lightbox[10083]\"><img loading=\"lazy\" decoding=\"async\" class=\"aligncenter wp-image-9528\" src=\"https:\/\/puntocritico.com\/ausajpuntocritico\/wp-content\/uploads\/2018\/03\/Mosca_Punto_Cr\u00edtico_40.png\" alt=\"\" width=\"40\" height=\"40\" \/><\/a><\/p>\n<h1 class=\"pg-headline\" style=\"text-align: center;\"><a id=\"ref25\"><\/a><a href=\"#ref25a\">[25]<\/a> Las mentiras de Cristina Cifuentes sobre su m\u00e1ster en la Universidad Rey Juan Carlos<\/h1>\n<p><span style=\"font-size: 14pt;\">Por Ignacio Escolar<\/span><\/p>\n<p><span style=\"color: #008000;\">Articulo publicado el 22 de marzo de 2018 en:\u00a0<\/span><\/p>\n<p><a href=\"https:\/\/www.eldiario.es\/escolar\/Cristina-Cifuentes-Universidad-Juan-Carlos_6_752834710.html\" target=\"_blank\" rel=\"noopener\">https:\/\/www.eldiario.es\/escolar\/Cristina-Cifuentes-Universidad-Juan-Carlos_6_752834710.html<\/a><\/p>\n<p>&nbsp;<\/p>\n<div class=\"subtitle bkn mce sk2\">\n<blockquote>\n<p style=\"text-align: justify;\"><span style=\"font-size: 14pt; color: #008000;\"><strong>Cristina Cifuentes a\u00fan tiene mucho que explicar. \u00bfDe d\u00f3nde sac\u00f3 el tiempo para terminar un m\u00e1ster de 600 horas lectivas en ocho meses, unas 15 horas semanales? \u00bfA cu\u00e1ntas clases asisti\u00f3?<\/strong><\/span><\/p>\n<\/blockquote>\n<\/div>\n<p>&nbsp;<\/p>\n<p class=\"mce\" style=\"text-align: justify;\"><span style=\"font-size: 14pt; font-family: arial, helvetica, sans-serif;\"><strong class=\"mce\">Cristina Cifuentes: \u00abNo hay ninguna irregularidad relacionada con este m\u00e1ster\u00bb<\/strong><\/span><\/p>\n<p class=\"mce\" style=\"text-align: justify;\"><span style=\"font-size: 14pt; font-family: arial, helvetica, sans-serif;\">Falso. Por mucho que la Universidad Rey Juan Carlos quiera vestir lo ocurrido de normalidad,\u00a0<a class=\"mce\" href=\"https:\/\/www.eldiario.es\/sociedad\/urjc_0_752425422.html\" target=\"_blank\" rel=\"noopener\">cayendo en varias contradicciones<\/a>, no es en ning\u00fan caso habitual que una funcionaria de otro campus distinto modifique dos notas de una alumna dos a\u00f1os despu\u00e9s de que se cierre el curso. Como bien sabe cualquier profesor universitario \u2013<a class=\"mce\" href=\"https:\/\/www.eldiario.es\/zonacritica\/universidad-espanola-funciona_6_752484787.html\" target=\"_blank\" rel=\"noopener\">\u00a0Ant\u00f3n Losada hoy lo explica muy claro<\/a>\u2013 los protocolos para modificar una nota no se parecen en lo m\u00e1s m\u00ednimo a lo que ha explicado Cifuentes o la Universidad. No es esta siquiera la \u00fanica irregularidad.<\/span><\/p>\n<section id=\"edi-ad-slot-intext\" class=\"md-advertisement md hspace no-adv-socios\" role=\"marquee\" data-google-query-id=\"CP7Mj4Srh9oCFQkC0wodI14NIA\">\n<div id=\"google_ads_iframe_\/123333327\/eldiario.es\/noticia_intext_0__container__\" style=\"text-align: justify;\"><strong class=\"mce\" style=\"font-family: arial, helvetica, sans-serif; font-size: 14pt; text-align: justify;\">Cifuentes: \u00abComo ha explicado la propia Universidad, hubo un error de transcripci\u00f3n de las calificaciones en el sistema inform\u00e1tico\u00bb.<\/strong><\/div>\n<\/section>\n<p class=\"mce\" style=\"text-align: justify;\"><span style=\"font-size: 14pt; font-family: arial, helvetica, sans-serif;\">Falso. No hubo un error de transcripci\u00f3n. Seg\u00fan la versi\u00f3n explicada ayer por la Universidad hubo dos errores, de dos profesores distintos y ambos se equivocaron al introducir las notas en el sistema inform\u00e1tico cada uno por separado \u2013que es como se registran las notas\u2013. Ya es mala suerte, ya es casualidad.<\/span><\/p>\n<p class=\"mce\" style=\"text-align: justify;\"><span style=\"font-size: 14pt; font-family: arial, helvetica, sans-serif;\"><strong class=\"mce\">Cifuentes: \u00abFue un m\u00e1ster que hice no por el t\u00edtulo sino porque me interesaba mucho la materia. (\u2026) Yo no necesitaba engordar mi curr\u00edculum para nada porque soy funcionaria en la universidad. A m\u00ed tener el t\u00edtulo o no tenerlo me daba lo mismo\u00bb.<\/strong><\/span><\/p>\n<p class=\"mce\" style=\"text-align: justify;\"><span style=\"font-size: 14pt; font-family: arial, helvetica, sans-serif;\">Falso. Cristina Cifuentes se matricul\u00f3 en ese m\u00e1ster porque es imprescindible para poder cursar despu\u00e9s un doctorado, como era su intenci\u00f3n. As\u00ed lo admit\u00eda ella misma en 2012 en su propia web, como recoge\u00a0<a class=\"mce\" href=\"http:\/\/www.europapress.es\/nacional\/noticia-pp-madrid-confirma-nombramiento-cristina-cifuentes-delegada-gobierno-comunidad-20120113082448.html\" target=\"_blank\" rel=\"noopener\">\u00a0esta vieja noticia de Europa Press<\/a>: \u00abActualmente curso el Doctorado en la Universidad Rey Juan Carlos\u00bb. \u00bfY para qu\u00e9 quer\u00eda el doctorado? Muy sencillo. Porque con \u00e9l podr\u00eda dar clase en la universidad, cuando dejase la pol\u00edtica, en vez de volver a su plaza de funcionario, que es como personal de administraci\u00f3n y servicios (PAS). Es el mismo camino que utiliz\u00f3 la propia hermana de Cifuentes, Margarita: era funcionaria PAS; hizo el doctorado (en un tesis dirigida personalmente por el rector de los plagios) y despu\u00e9s la Rey Juan Carlos la contrat\u00f3 a dedo como profesora visitante,\u00a0<a class=\"mce\" href=\"https:\/\/www.eldiario.es\/sociedad\/cifuentes-universidad-rey-juan-carlos-hermana-ilegal_0_752075580.html\" target=\"_blank\" rel=\"noopener\">de forma claramente irregular<\/a>.<\/span><\/p>\n<p class=\"mce\" style=\"text-align: justify;\"><span style=\"font-size: 14pt; font-family: arial, helvetica, sans-serif;\"><strong class=\"mce\">Cifuentes: \u00abSupongo que el trabajo de fin de m\u00e1ster estar\u00e1 en la universidad\u00bb<\/strong><\/span><\/p>\n<p class=\"mce\" style=\"text-align: justify;\"><span style=\"font-size: 14pt; font-family: arial, helvetica, sans-serif;\">Es sorprendente que un trabajo de fin de m\u00e1ster sea\u00a0<a class=\"mce\" href=\"https:\/\/www.eldiario.es\/sociedad\/Nadie-encuentra-trabajo-Cristina-Cifuentes_0_752425882.html\" target=\"_blank\" rel=\"noopener\">\u00a0tan dif\u00edcil de localizar<\/a>\u00a0porque se supone que fue escrito con un ordenador conectado a Internet en 2012, no con una m\u00e1quina de escribir el siglo pasado. Fuentes cercanas a Cifuentes aseguran que no lo encuentra entre las cajas de varias mudanzas y en la Universidad tambi\u00e9n sigue sin aparecer. Cifuentes ha mostrado un acta del trabajo de fin de m\u00e1ster bastante irregular \u2013<a class=\"mce\" href=\"https:\/\/www.eldiario.es\/sociedad\/reglamento-Universidad-obligaba-justificar-asignaturas_0_752426002.html\" target=\"_blank\" rel=\"noopener\">\u00a0el tribunal que supuestamente evalu\u00f3 a Cifuentes es ilegal<\/a>\u2013 pero a\u00fan no aparece el \u00fanico documento que puede demostrar fehacientemente que lo present\u00f3 y en qu\u00e9 fecha exacta lo hizo. No es tampoco el trabajo de fin m\u00e1ster, que en alg\u00fan momento, milagrosamente, tal vez aparecer\u00e1. Es el registro inform\u00e1tico de entrada de ese trabajo en la Universidad. No se sabe nada de este documento, que la Universidad deber\u00eda aportar.<\/span><\/p>\n<p class=\"mce\" style=\"text-align: justify;\"><span style=\"font-size: 14pt; font-family: arial, helvetica, sans-serif;\">\u00bfTiene sello de registro de entrada la Universidad Rey Juan Carlos? Sabemos que s\u00ed. Lo acabamos de confirmar con la investigaci\u00f3n oficial que ha anunciado el rector, el\u00a0<a class=\"mce\" href=\"https:\/\/www.eldiario.es\/politica\/Universidad-Rey-Juan-Carlos-Cifuentes_0_752775364.html\" target=\"_blank\" rel=\"noopener\">primer documento de esta historia que aparece con un sello oficial<\/a>.<\/span><\/p>\n<p class=\"mce\" style=\"text-align: justify;\"><span style=\"font-size: 14pt; font-family: arial, helvetica, sans-serif;\"><strong class=\"mce\">Cifuentes: \u00abEse medio (eldiario.es) se puso en contacto con mi gabinete a \u00faltima hora de ayer\u00bb<\/strong><\/span><\/p>\n<p class=\"mce\" style=\"text-align: justify;\"><span style=\"font-size: 14pt; font-family: arial, helvetica, sans-serif;\">Falso. La primera llamada de nuestra compa\u00f1era\u00a0<a class=\"mce\" href=\"https:\/\/www.eldiario.es\/autores\/raquel_ejerique\/\" target=\"_blank\" rel=\"noopener\">\u00a0Raquel Ejerique<\/a>\u00a0al gabinete de Cristina Cifuentes para recabar su versi\u00f3n de los hechos fue el martes 20 de marzo a las 13:08. Hubo otras tres llamadas ese mismo d\u00eda: a las 15:10, a las 17:21 y a las 19:47. Cifuentes tuvo tiempo m\u00e1s que suficiente para contestar a nuestras preguntas sobre la manipulaci\u00f3n de sus notas por una funcionaria y en aquel momento sus portavoces nos dieron una versi\u00f3n radicalmente distinta a la que ha dado el mi\u00e9rcoles: que se hab\u00eda dejado dos asignaturas para otra convocatoria posterior. \u00bfC\u00f3mo es posible que Cifuentes no recordase un episodio tan llamativo como el que la Universidad explic\u00f3 despu\u00e9s? \u00bfAlguien que va a recoger un t\u00edtulo de m\u00e1ster y no puede porque faltan dos notas por errores inform\u00e1ticos lo olvida tan f\u00e1cilmente?<\/span><\/p>\n<p class=\"mce\" style=\"text-align: justify;\"><span style=\"font-size: 14pt; font-family: arial, helvetica, sans-serif;\"><strong class=\"mce\">Cifuentes: \u00abEsta persona (la funcionaria que cambi\u00f3 la nota) no es amiga m\u00eda, pero la conozco, como conozco a muchas otras personas en la universidad. Fue la que me acompa\u00f1\u00f3 amablemente a recoger finalmente mi t\u00edtulo\u00bb.<\/strong><\/span><\/p>\n<p class=\"mce\" style=\"text-align: justify;\"><span style=\"font-size: 14pt; font-family: arial, helvetica, sans-serif;\">No fue eso lo que nos cont\u00f3 el gabinete de comunicaci\u00f3n de Cristina Cifuentes el martes. \u00abNo la conoce de nada\u00bb, nos aseguraron, y as\u00ed lo reflejamos\u00a0<a class=\"mce\" href=\"https:\/\/www.eldiario.es\/sociedad\/Cifuentes-obtenido-publico-falseando-asignaturas_0_752075026.html\" target=\"_blank\" rel=\"noopener\">en nuestra primera informaci\u00f3n<\/a>. Para no conocerla de nada, no se entiende tampoco la casualidad de que sea justo ella quien modifica las notas, en 2014, y tambi\u00e9n justo ella quien acompa\u00f1a a Cifuentes a recoger el t\u00edtulo, en 2017.<\/span><\/p>\n<p class=\"mce\" style=\"text-align: justify;\"><span style=\"font-size: 14pt; font-family: arial, helvetica, sans-serif;\"><strong class=\"mce\">Cifuentes: \u00ab\u00a1Seis euros! \u00bfC\u00f3mo va a costar una matr\u00edcula seis euros? Esto en qu\u00e9 cabeza cabe. Esto fue una penalizaci\u00f3n que la Universidad puso precisamente por haber presentado y haber le\u00eddo el trabajo m\u00e1s all\u00e1 de la fecha establecida.\u00bb<\/strong><\/span><\/p>\n<p class=\"mce\" style=\"text-align: justify;\"><span style=\"font-size: 14pt; font-family: arial, helvetica, sans-serif;\">Falso. No existe en el reglamento de la Universidad esa tarifa de penalizaci\u00f3n por presentar tarde el trabajo de fin de m\u00e1ster de la que habla Cifuentes. Lo que\u00a0<a class=\"mce\" href=\"https:\/\/www.urjc.es\/images\/Universidad\/Presentacion\/normativa\/Normativa_Trabajo_Fin_de_Master.pdf\" target=\"_blank\" rel=\"noopener\">\u00a0s\u00ed especifica el reglamento<\/a>\u00a0\u2013art\u00edculo 7.2\u2013 es que si no presentas el trabajo de fin de m\u00e1ster en el curso correspondiente, puedes repetir la matr\u00edcula el curso siguiente sin tener que pagar todo el precio otra vez. \u00abEl segundo curso que realice la matr\u00edcula de la asignatura de Trabajo Fin de M\u00e1ster s\u00f3lo deber\u00e1 abonar las tasas administrativas correspondientes\u00bb, dice el reglamento de la URJC. \u00bfY cu\u00e1nto es esa tasa administrativa? Las\u00a0<a class=\"mce\" href=\"http:\/\/www.urjc.es\/images\/Estudios\/Masters\/Precios_publicos_masteres.pdf\" target=\"_blank\" rel=\"noopener\">\u00a0tarifas oficiales de la Universidad<\/a>\u00a0lo confirman: 6 euros con once c\u00e9ntimos es el precio de los gastos de secretar\u00eda. Tambi\u00e9n queda confirmado con\u00a0<a class=\"mce\" href=\"https:\/\/www.eldiario.es\/sociedad\/Universidad-Rey-Juan-Carlos-Cifuentes_0_752424848.html\" target=\"_blank\" rel=\"noopener\">\u00a0los nuevos documentos<\/a>\u00a0que desvelamos hoy, donde se ve claramente que esos 6,11 euros corresponden al \u00abtrabajo de fin de master\u00bb del curso acad\u00e9mico 2012-2013, y por eso se pag\u00f3 en noviembre de 2012. \u00bfPara que se volvi\u00f3 a matricular Cifuentes si hab\u00eda aprobado ya el curso anterior?<\/span><\/p>\n<p class=\"mce\" style=\"text-align: justify;\"><span style=\"font-size: 14pt; font-family: arial, helvetica, sans-serif;\">Tampoco se entiende algo. Si en noviembre de 2012 Cristina Cifuentes fue a la Universidad a pagar unas tasas, \u00bfpor qu\u00e9 no aprovech\u00f3 para pagar el t\u00edtulo del m\u00e1ster que, seg\u00fan ella, ya estaba terminado?<\/span><\/p>\n<p class=\"mce\" style=\"text-align: justify;\"><span style=\"font-size: 14pt; font-family: arial, helvetica, sans-serif;\">Ni Cifuentes ni tampoco la Universidad aclaran igualmente otro de los incumplimientos flagrantes del reglamento. \u00bfC\u00f3mo pudo presentar el trabajo de fin de m\u00e1ster en julio de 2012 si en su expediente, hasta octubre de 2014, aparec\u00eda otra asignatura pendiente?<\/span><\/p>\n<p class=\"mce\" style=\"text-align: justify;\"><span style=\"font-size: 14pt; font-family: arial, helvetica, sans-serif;\"><strong class=\"mce\">Cifuentes: \u00abLas explicaciones las tendr\u00e1 que dar en todo caso la Universidad, que es quien comete este error administrativo\u00bb<\/strong><\/span><\/p>\n<p class=\"mce\" style=\"text-align: justify;\"><span style=\"font-size: 14pt; font-family: arial, helvetica, sans-serif;\">Falso. Cristina Cifuentes a\u00fan tiene mucho que explicar, y no solo cu\u00e1ntos d\u00edas m\u00e1s necesita para encontrar su trabajo de fin de m\u00e1ster o por qu\u00e9 se volvi\u00f3 a matricular en noviembre, cuatro meses despu\u00e9s de \u2013seg\u00fan su segunda versi\u00f3n\u2013 aprobar. Sigue sin estar claro en qu\u00e9 huecos de su apretada agenda encontr\u00f3 tiempo la delegada del Gobierno en Madrid para realizar un m\u00e1ster presencial de 60 cr\u00e9ditos: 600 horas lectivas en ocho meses, unas 15 horas semanales. \u00bfA cu\u00e1ntas clases asisti\u00f3?<\/span><\/p>\n<p class=\"mce\" style=\"text-align: justify;\"><span style=\"font-size: 14pt; font-family: arial, helvetica, sans-serif;\"><strong class=\"mce\">Cifuentes: \u00abHe sufrido un ataque sin calificativos y sin fundamento que est\u00e1 construido sobre una pura falsedad\u00bb<\/strong><\/span><\/p>\n<p class=\"mce\" style=\"text-align: justify;\"><span style=\"font-size: 14pt; font-family: arial, helvetica, sans-serif;\">Falso. Todas las informaciones que ha publicado\u00a0<a class=\"mce\" href=\"http:\/\/eldiario.es\/\" target=\"_blank\" rel=\"noopener\">eldiario.es<\/a>\u00a0est\u00e1n sostenidas por documentaci\u00f3n interna de la propia Universidad, por las distintas versiones que ha dado el gabinete de la presidenta de Madrid, por fuentes en la Universidad Rey Juan Carlos y por un trabajo period\u00edstico contrastado y veraz. El propio rector de la Universidad, en sus contradictorias excusas, admite que son ellos quienes han cometido errores, no eldiario.es.<\/span><\/p>\n<p class=\"mce\" style=\"text-align: justify;\"><span style=\"font-size: 14pt; font-family: arial, helvetica, sans-serif;\"><strong class=\"mce\">Cifuentes: \u00abNunca me he escondido, no me voy a esconder jam\u00e1s, no me voy a ocultar\u00bb<\/strong><\/span><\/p>\n<p class=\"mce\" style=\"text-align: justify;\"><span style=\"font-size: 14pt; font-family: arial, helvetica, sans-serif;\">Falso. Durante la mayor parte del d\u00eda, ni Cristina Cifuentes ni su gabinete de comunicaci\u00f3n dio explicaci\u00f3n alguna ni tampoco rectific\u00f3 la primera versi\u00f3n que aportaron a eldiario.es\u00a0el martes. Durante gran parte de la tarde de ayer, aseguraron a los medios que Cifuentes dar\u00eda una rueda de prensa, que nunca lleg\u00f3.<\/span><\/p>\n<p class=\"mce\" style=\"text-align: justify;\"><span style=\"font-size: 14pt; font-family: arial, helvetica, sans-serif;\"><strong class=\"mce\">Cifuentes: \u00abLos \u00faltimos tiempos vengo sufriendo ataques permanentes. A quien est\u00e9 detr\u00e1s, que sepa que me hace m\u00e1s fuerte\u00bb.<\/strong><\/span><\/p>\n<p class=\"mce\" style=\"text-align: justify;\"><span style=\"font-size: 14pt; font-family: arial, helvetica, sans-serif;\">Cifuentes insinu\u00f3 que hay una mano negra pol\u00edtica detr\u00e1s de nuestra informaci\u00f3n. Se equivoca de pleno. Detr\u00e1s de exclusivas como esta investigaci\u00f3n period\u00edstica sobre su peculiar m\u00e1ster, que a\u00fan no hemos terminado de publicar, solo est\u00e1 el apoyo de m\u00e1s de 24.000 socios. M\u00e1s de 24.000 lectores comprometidos que nos permiten trabajar con independencia y libertad.<\/span><\/p>\n<p class=\"mce\" style=\"text-align: justify;\"><span style=\"font-size: 14pt; font-family: arial, helvetica, sans-serif;\">Moleste a quien moleste, con la ayuda de nuestros socios, vamos a continuar.<\/span><\/p>\n<p><a href=\"https:\/\/puntocritico.com\/ausajpuntocritico\/wp-content\/uploads\/2018\/03\/Mosca_Punto_Cr\u00edtico_40.png\" rel=\"lightbox[10083]\"><img loading=\"lazy\" decoding=\"async\" class=\"wp-image-9528 aligncenter\" src=\"https:\/\/puntocritico.com\/ausajpuntocritico\/wp-content\/uploads\/2018\/03\/Mosca_Punto_Cr\u00edtico_40.png\" alt=\"\" width=\"40\" height=\"40\" \/><\/a><\/p>\n<h1 class=\"pg-headline\" style=\"text-align: center;\"><a id=\"ref26\"><\/a><a href=\"#ref26a\">[26]<\/a> \u00a1Comparece, Cristina!<\/h1>\n<p><span style=\"font-size: 14pt;\">Por Elisa Beni<\/span><\/p>\n<p><span style=\"color: #008000;\">Articulo publicado el 21 de marzo de 2018 en:\u00a0<\/span><\/p>\n<p><a href=\"https:\/\/www.eldiario.es\/zonacritica\/Comparece-Cristina_6_752484776.html\" target=\"_blank\" rel=\"noopener\">https:\/\/www.eldiario.es\/zonacritica\/Comparece-Cristina_6_752484776.html<\/a><\/p>\n<p>&nbsp;<\/p>\n<div class=\"subtitle bkn mce sk2\">\n<blockquote>\n<p style=\"text-align: justify;\"><span style=\"font-size: 14pt; color: #008000;\"><strong>Cifuentes debe una explicaci\u00f3n y una explicaci\u00f3n que responda a tal nombre, es decir, que haga comprensible a la raz\u00f3n los hechos incuestionables dados a conocer por este diario y que desenvuelva o despliegue una versi\u00f3n acreditada sobre lo que sucedi\u00f3 con su t\u00edtulo de m\u00e1ster<\/strong><\/span><\/p>\n<p style=\"text-align: justify;\"><span style=\"font-size: 14pt; color: #008000;\"><strong>A mi me parece absurdo e inexplicable que una mujer con una licenciatura y un m\u00e1ster en su curr\u00edculum sintiera la necesidad de hacer trampa para obtener un t\u00edtulo m\u00e1s<\/strong><\/span><\/p>\n<\/blockquote>\n<p>&nbsp;<\/p>\n<p><figure id=\"attachment_10205\" aria-describedby=\"caption-attachment-10205\" style=\"width: 643px\" class=\"wp-caption aligncenter\"><a href=\"https:\/\/puntocritico.com\/ausajpuntocritico\/wp-content\/uploads\/2018\/03\/Cifuentes-informacion-expediente-academico-URJC_EDIIMA20180321_0131_19.jpg\" rel=\"lightbox[10083]\"><img loading=\"lazy\" decoding=\"async\" class=\"wp-image-10205 size-full\" src=\"https:\/\/puntocritico.com\/ausajpuntocritico\/wp-content\/uploads\/2018\/03\/Cifuentes-informacion-expediente-academico-URJC_EDIIMA20180321_0131_19.jpg\" alt=\"\" width=\"643\" height=\"362\" srcset=\"https:\/\/puntocritico.com\/ausajpuntocritico\/wp-content\/uploads\/2018\/03\/Cifuentes-informacion-expediente-academico-URJC_EDIIMA20180321_0131_19.jpg 643w, https:\/\/puntocritico.com\/ausajpuntocritico\/wp-content\/uploads\/2018\/03\/Cifuentes-informacion-expediente-academico-URJC_EDIIMA20180321_0131_19-300x169.jpg 300w\" sizes=\"auto, (max-width: 643px) 100vw, 643px\" \/><\/a><figcaption id=\"caption-attachment-10205\" class=\"wp-caption-text\"><span style=\"color: #008000;\">Cifuentes solicita toda la informaci\u00f3n sobre su expediente acad\u00e9mico a la URJC para aclarar que cuenta con dos m\u00e1ster<\/span><\/figcaption><\/figure>\n<\/div>\n<p class=\"mce\" style=\"text-align: justify;\"><span style=\"font-size: 14pt; font-family: arial, helvetica, sans-serif;\">S\u00f3lo encuentro un motivo para la ausencia ante las c\u00e1maras de Cristina Cifuentes: que est\u00e9 recopilando las pruebas y los datos para poder demostrar que su \u00faltima titulaci\u00f3n acad\u00e9mica de posgrado fue obtenida de forma limpia y transparente. Cifuentes debe una explicaci\u00f3n y una explicaci\u00f3n que responda a tal nombre, es decir, que haga comprensible a la raz\u00f3n los hechos incuestionables dados a conocer por este diario y que desenvuelva o despliegue -tal es el significado etimol\u00f3gico del t\u00e9rmino- una versi\u00f3n acreditada sobre lo que sucedi\u00f3 con su t\u00edtulo de m\u00e1ster. Una explicaci\u00f3n fehaciente, con pruebas, transparente, y que aclare de forma definitiva su honra acad\u00e9mica y pol\u00edtica. Algo muy distante de la bochornosa intervenci\u00f3n que ha tenido lugar por parte de acad\u00e9micos de una universidad p\u00fablica y que no ha conseguido sino enturbiar y complicar la ya dif\u00edcil situaci\u00f3n de la presidenta de la Comunidad de Madrid, al contradecir incluso los datos que desde su entorno se hab\u00edan dado ya a los periodistas. Los datos remitidos a \u00faltima hora de la noche en un comunicado tampoco terminan de iluminar este oscuro proceso.<\/span><\/p>\n<p class=\"mce\" style=\"text-align: justify;\"><span style=\"font-size: 14pt; font-family: arial, helvetica, sans-serif;\">A m\u00ed me parece absurdo e inexplicable que una mujer con una licenciatura y un m\u00e1ster en su curr\u00edculum sintiera la necesidad de hacer trampa para obtener un t\u00edtulo m\u00e1s. Me lo parece a\u00fan m\u00e1s si esa mujer, con demostrada capacidad intelectual, ostenta ya en ese momento un cargo de tanta relevancia como el de delegada del Gobierno en Madrid y piensa, adem\u00e1s, ser candidata a la presidencia de la CAM. Todo pol\u00edtico debe saber que cualquier esqueleto, tibia o peque\u00f1o huesecillo de falange que tenga guardado en el armario va a ser rastreado y utilizado cuando m\u00e1s da\u00f1o pueda hacer por los adversarios o por los enemigos que normalmente habitan el las propias filas. As\u00ed que, no veo necesidad y por eso espero que Cifuentes autorice a la Universidad para hacer p\u00fablicas las actas, muestre su trabajo fin de m\u00e1ster y enumere los profesores que tuvo, las convocatorias a las que acudi\u00f3 y exhiba toda la trazabilidad de su trayectoria acad\u00e9mica en la Universidad Rey Juan Carlos hasta borrar la sombra de toda duda.\u00a0<\/span><\/p>\n<section id=\"edi-ad-slot-intext\" class=\"md-advertisement md hspace no-adv-socios\" role=\"marquee\" data-google-query-id=\"CPqn95Wsh9oCFU3jGwodB6APNg\">\n<div id=\"google_ads_iframe_\/123333327\/eldiario.es\/noticia_intext_0__container__\" style=\"text-align: justify;\"><span style=\"font-family: arial, helvetica, sans-serif; font-size: 14pt; text-align: justify;\">Es inexorable que lo haga, o que act\u00fae en consecuencia y dimita, puesto que la consecuencia de una mentira innecesaria -dado que tal m\u00e1ster no le era preciso para su actividad- es ineludiblemente que la capacidad de mentir en lo necesario o en lo que produzca beneficio se da por descontada. Ese es el motivo por el que se han visto obligados a dimitir de sus cargos tantos pol\u00edticos europeos que mintieron o plagiaron. La decencia respecto a los m\u00e9ritos intelectuales y acad\u00e9micos propios es la esencia de cualquier honestidad posterior.\u00a0<\/span><\/div>\n<\/section>\n<p class=\"mce\" style=\"text-align: justify;\"><span style=\"font-size: 14pt; font-family: arial, helvetica, sans-serif;\">La investigaci\u00f3n de este diario no s\u00f3lo pone en apuros pol\u00edticos a la presidenta de la Comunidad, aunque pueda ser su resultado m\u00e1s vistoso, sino que cuestiona otras muchas cuestiones que deber\u00e1n ser aclaradas por distintas v\u00edas. En primer lugar, las alegaciones realizadas por el rector de la Universidad no han dejado palmariamente claro que no se haya cometido un delito de falsedad en documento p\u00fablico por parte de las personas que alteraron las notas en el sistema inform\u00e1tico y\/o en las actas que no hemos llegado a ver. Tales hechos deben ser investigados por la Fiscal\u00eda para aclarar las responsabilidades penales a que hubiera lugar tanto de autores como de encubridores o colaboradores.\u00a0<\/span><\/p>\n<p class=\"mce\" style=\"text-align: justify;\"><span style=\"font-size: 14pt; font-family: arial, helvetica, sans-serif;\">Adem\u00e1s el caso cuestiona la propia calidad de la Universidad y su control sobre los datos acad\u00e9micos y sobre las firmas que dan fe p\u00fablica en sus t\u00edtulos de la obtenci\u00f3n regulada de los mismos. No quedar\u00e1 otro remedio que realizar una inspecci\u00f3n regulada por parte del Ministerio y una auditor\u00eda independiente para asegurar la limpieza del funcionamiento interno de la Rey Juan Carlos. Son muchos los estudiantes y los posgraduados que merecen que se limpie de sospecha el sistema y se purguen responsabilidad. Sobre todo porque la conocida en Madrid como \u201cuniversidad del PP\u201d, lo cual ya es tremendo de por s\u00ed, ha sido elegida por otros conocidos cargos de la organizaci\u00f3n para cursar posgrados cuando ya estaban en pol\u00edtica. La sombra de la duda puede cernirse sobre todos.\u00a0<\/span><\/p>\n<p class=\"mce\" style=\"text-align: justify;\"><span style=\"font-size: 14pt; font-family: arial, helvetica, sans-serif;\">El mal tambi\u00e9n alcanza de alguna manera a la credibilidad del sistema p\u00fablico universitario espa\u00f1ol. Por ese motivo, la depuraci\u00f3n de responsabilidades dentro del marco acad\u00e9mico no puede ser soslayada. La mera sospecha de que el amiguismo y las corruptelas hayan podido servir para expedir t\u00edtulos acad\u00e9micos es tan atroz que debe ser barrida por la luz y los taqu\u00edgrafos.\u00a0<\/span><\/p>\n<p class=\"mce\" style=\"text-align: justify;\"><span style=\"font-size: 14pt; font-family: arial, helvetica, sans-serif;\">Por \u00faltimo, el esc\u00e1ndalo deja colgados de la brocha a los impolutos representantes de Ciudadanos. Los autollamados a liderar la limpieza y la regeneraci\u00f3n democr\u00e1tica a trav\u00e9s de acuerdos de gobierno y de c\u00f3digos de conducta que, miren por d\u00f3nde, a veces toca cumplir.\u00a0<\/span><\/p>\n<p class=\"mce\" style=\"text-align: justify;\"><span style=\"font-size: 14pt; font-family: arial, helvetica, sans-serif;\">Todo est\u00e1 pues pendiente de esa comparecencia p\u00fablica en la que Cifuentes ponga sobre la mesa todas las pruebas que sin duda tiene sobre su vida acad\u00e9mica en la Rey Juan Carlos. Lo que es como debe ser siempre puede ser explicado. El castigo para lo contrario en todo pa\u00eds civilizado es el abandono del cargo pol\u00edtico y el ostracismo en la vida p\u00fablica.\u00a0<\/span><\/p>\n<p class=\"mce\" style=\"text-align: justify;\"><span style=\"font-size: 14pt; font-family: arial, helvetica, sans-serif;\">Claro que este pa\u00eds es Espa\u00f1a y Juan Manuel Moreno, Elena Valenciano, Joana Ortega, Eva Almunia, Estela Goikoetxea y hasta Luis Rold\u00e1n ya le precedieron en estos esc\u00e1ndalos. Algunos de ellos siguen en sus cargos como si tal cosa.\u00a0<\/span><\/p>\n<p class=\"mce\" style=\"text-align: justify;\"><span style=\"font-size: 14pt; font-family: arial, helvetica, sans-serif;\">Pobre pa\u00eds con tan pobres pol\u00edticos, pobre.<\/span><\/p>\n<p><a href=\"https:\/\/puntocritico.com\/ausajpuntocritico\/wp-content\/uploads\/2018\/03\/Mosca_Punto_Cr\u00edtico_40.png\" rel=\"lightbox[10083]\"><img loading=\"lazy\" decoding=\"async\" class=\"aligncenter wp-image-9528\" src=\"https:\/\/puntocritico.com\/ausajpuntocritico\/wp-content\/uploads\/2018\/03\/Mosca_Punto_Cr\u00edtico_40.png\" alt=\"\" width=\"40\" height=\"40\" \/><\/a><\/p>\n<p style=\"text-align: center;\">\u00a0<\/p>\n<h1 class=\"pg-headline\" style=\"text-align: center;\"><a id=\"ref27\"><\/a><a href=\"#ref27a\">[27]<\/a> Asociaciones universitarias denuncian ante la Fiscal\u00eda la falsificaci\u00f3n del m\u00e1ster de Cifuentes<\/h1>\n<p><span style=\"font-size: 14pt;\">Por\u00a0 Marcos Pinheiro<\/span><\/p>\n<p><span style=\"color: #008000;\">Articulo publicado el 22 de marzo de 2018 en:\u00a0<\/span><\/p>\n<p><a href=\"https:\/\/www.eldiario.es\/politica\/Asociaciones-universitarias-Fiscalia-falsificacion-Cifuentes_0_752774953.html\" target=\"_blank\" rel=\"noopener\">https:\/\/www.eldiario.es\/politica\/Asociaciones-universitarias-Fiscalia-falsificacion-Cifuentes_0_752774953.html<\/a><\/p>\n<p>&nbsp;<\/p>\n<blockquote>\n<p><strong><span style=\"font-size: 14pt; color: #008000;\">Apuntan que Cifuentes pudo cometer un delito de cohecho al beneficiarse del cambio de notas cuando ya ostentaba un cargo p\u00fablico<\/span><\/strong><\/p>\n<\/blockquote>\n<div class=\"subtitle bkn mce sk2\">\n<blockquote>\n<p><strong><span style=\"font-size: 14pt; color: #008000;\">Piden que se llame a declarar como investigada a la presidenta regional y como testigo a la funcionaria\u00a0que modific\u00f3 su expediente<\/span><\/strong><\/p>\n<p><strong><span style=\"font-size: 14pt; color: #008000;\">Reclaman toda la documentaci\u00f3n de la Universidad y el libro de visitas de la Delegaci\u00f3n de Gobierno durante las fechas del m\u00e1ster<\/span><\/strong><\/p>\n<\/blockquote>\n<p>&nbsp;<\/p>\n<\/div>\n<section class=\"cp-tools md cf \">\n<address class=\"bkn dateline fl\">\n<figure id=\"attachment_10217\" aria-describedby=\"caption-attachment-10217\" style=\"width: 643px\" class=\"wp-caption aligncenter\"><a href=\"https:\/\/puntocritico.com\/ausajpuntocritico\/wp-content\/uploads\/2018\/03\/Genova-Cifuentes-espera-pronuncie-polemica_EDIIMA20180321_0915_21.jpg\" rel=\"lightbox[10083]\"><img loading=\"lazy\" decoding=\"async\" class=\"wp-image-10217 size-full\" src=\"https:\/\/puntocritico.com\/ausajpuntocritico\/wp-content\/uploads\/2018\/03\/Genova-Cifuentes-espera-pronuncie-polemica_EDIIMA20180321_0915_21.jpg\" alt=\"\" width=\"643\" height=\"362\" srcset=\"https:\/\/puntocritico.com\/ausajpuntocritico\/wp-content\/uploads\/2018\/03\/Genova-Cifuentes-espera-pronuncie-polemica_EDIIMA20180321_0915_21.jpg 643w, https:\/\/puntocritico.com\/ausajpuntocritico\/wp-content\/uploads\/2018\/03\/Genova-Cifuentes-espera-pronuncie-polemica_EDIIMA20180321_0915_21-300x169.jpg 300w\" sizes=\"auto, (max-width: 643px) 100vw, 643px\" \/><\/a><figcaption id=\"caption-attachment-10217\" class=\"wp-caption-text\"><span style=\"color: #008000;\">Cristina Cifuentes, durante su comparecencia en el Congreso<\/span><\/figcaption><\/figure><br \/>\n<\/address>\n<\/section>\n<p class=\"mce\" style=\"text-align: justify;\"><span style=\"font-size: 14pt; font-family: arial, helvetica, sans-serif;\">La Fiscal\u00eda tiene ya en sus manos una denuncia por\u00a0<a class=\"mce\" href=\"https:\/\/www.eldiario.es\/sociedad\/Cifuentes-obtenido-publico-falseando-asignaturas_0_752075026.html\" target=\"_blank\" rel=\"noopener noreferrer\">el\u00a0caso del m\u00e1ster de Cristina Cifuentes<\/a>, que aprob\u00f3 gracias a que una funcionaria cambi\u00f3 dos a\u00f1os despu\u00e9s las notas en la red interna de la Universidad Rey Juan Carlos de Madrid (URJC). El escrito, presentado por diversas asociaciones de\u00a0universidades p\u00fablicas de Madrid y al que ha tenido acceso eldiario.es,\u00a0pide\u00a0a la Fiscal\u00eda que tome declaraci\u00f3n a la presidenta regional y a la funcionaria que cambi\u00f3 sus notas, que reclame a la Universidad toda la documentaci\u00f3n y apunta a la comisi\u00f3n de posibles delitos de falsedad en documento p\u00fablico y cohecho.<\/span><\/p>\n<p class=\"mce\" style=\"text-align: justify;\"><span style=\"font-size: 14pt; font-family: arial, helvetica, sans-serif;\">La denuncia, presentada en la Fiscal\u00eda Provincial de Madrid, recorre todos los hechos acaecidos tras la noticia de eldiario.es, y reclama a la Fiscal\u00eda que abra diligencias para investigar los hechos. Piden que Cifuentes sea citada en calidad de investigada para que aporte las pruebas que dice tener sobre la obtenci\u00f3n del m\u00e1ster. Se\u00f1alan que obtuvo un \u00abbeneficio directo\u00bb cuando ten\u00eda una posici\u00f3n de poder que le permit\u00eda ofrecer recompensas a quienes acometiesen esos cambios en su expediente. Algunos de ellos, recuerdan,\u00a0<a class=\"mce\" href=\"https:\/\/www.eldiario.es\/politica\/falsificado-Cifuentes-PP-Ayuntamiento-Pozuelo_0_752424979.html\" target=\"_blank\" rel=\"noopener noreferrer\">vinculados con el PP<\/a>.<\/span><\/p>\n<p class=\"mce\" style=\"text-align: justify;\"><span style=\"font-size: 14pt; font-family: arial, helvetica, sans-serif;\">Adem\u00e1s, solicitan la declaraci\u00f3n como testigos de Amalia Calonge, la funcionaria que cambi\u00f3 las notas de Cifuentes desde otro Campus, y dos a\u00f1os despu\u00e9s de que cursase el m\u00e1ster. Tambi\u00e9n piden que declare el director del m\u00e1ster, el tutor de la presidenta regional \u00abas\u00ed como de la persona designada por el servicio inform\u00e1tico de a Universidad Rey Juan Carlos a los efectos de aclarar el procedimiento de volcado de la documentaci\u00f3n y actas de evaluaci\u00f3n\u00bb.<\/span><\/p>\n<h3 style=\"text-align: justify;\"><span style=\"font-size: 14pt; font-family: arial, helvetica, sans-serif;\">Emails y el libro de visitas<\/span><\/h3>\n<p class=\"mce\" style=\"text-align: justify;\"><span style=\"font-size: 14pt; font-family: arial, helvetica, sans-serif;\">La Fiscal\u00eda, reclaman los denunciantes, tambi\u00e9n deber\u00eda interrogar al personal del Instituto de Derecho P\u00fablico de la URJC para que aporten toda la documentaci\u00f3n respecto al nombramiento del tribunal del m\u00e1ster. Adem\u00e1s reclaman una copia de la agenda y el libro de visitas de la Delegaci\u00f3n del Gobierno en Madrid, correspondiente a las fechas en las que Cifuentes realiz\u00f3 el m\u00e1ster. Tambi\u00e9n reclaman una copia del mail del director del m\u00e1ster que la presidenta regional solo ha ense\u00f1ado en un pantallazo y los resguardos de los distintos pagos a la Universidad.<\/span><\/p>\n<p class=\"mce\" style=\"text-align: justify;\"><span style=\"font-size: 14pt; font-family: arial, helvetica, sans-serif;\">La denuncia recoge las informaciones publicadas por eldiario.es y las declaraciones p\u00fablicas de los responsables de la URJC, que admiten la veracidad de los pantallazos publicados, aunque achacan el esc\u00e1ndalo a un error de transcripci\u00f3n. Recalca el documento que la funcionaria que modific\u00f3 las notas ha reconocido la manipulaci\u00f3n y que, seg\u00fan la legislaci\u00f3n vigente en ese momento, Cifuentes no cumpl\u00eda los requisitos para defender el Trabajo de Fin de M\u00e1ster.<\/span><\/p>\n<h3 style=\"text-align: justify;\"><span style=\"font-size: 14pt; font-family: arial, helvetica, sans-serif;\">Falsedad documental y cohecho<\/span><\/h3>\n<p class=\"mce\" style=\"text-align: justify;\"><span style=\"font-size: 14pt; font-family: arial, helvetica, sans-serif;\">\u00abNo curs\u00f3 ni culmin\u00f3 las citadas asignaturas en tiempo y forma, as\u00ed como no procedi\u00f3 a volver a matricularse, solicitar una modificaci\u00f3n formal del acta de la comisi\u00f3n evaluadora o de la propia acta de calificaciones y asistencia del citado m\u00e1ster\u00bb, se\u00f1ala la denuncia. Es por esto que los denunciantes creen que podr\u00eda haberse cometido un delito de falsedad documental, penado con hasta seis a\u00f1os de c\u00e1rcel, que podr\u00eda extenderse a otras autoridades de la Universidad.<\/span><\/p>\n<p class=\"mce\" style=\"text-align: justify;\"><span style=\"font-size: 14pt; font-family: arial, helvetica, sans-serif;\">En el caso de Cifuentes, los denunciantes se\u00f1alan que pudo cometer un delito de cohecho porque en el momento de los hechos ostentaba un cargo p\u00fablico, el de delegada del Gobierno en Madrid. La modificaci\u00f3n de las notas le reporta \u00abun beneficio directo\u00bb y quienes acometen ese cambio pueden pretender la obtenci\u00f3n de otro beneficio. El escrito se\u00f1ala que el delito de cohecho lo comete quien procede a la acci\u00f3n material y quien se beneficia de esta.<\/span><\/p>\n<p class=\"mce\" style=\"text-align: justify;\"><span style=\"font-size: 14pt; font-family: arial, helvetica, sans-serif;\">\u00abEn \u00faltima instancia, la propia beneficiaria de esta operaci\u00f3n es la propia Cristina Cifuentes, siendo esta la \u00fanica conclusi\u00f3n del relato l\u00f3gico expuesto\u00bb, a\u00f1aden. Las asociaciones, entre las que hay de la Universidad Complutense, la Polit\u00e9cnica o la propia Rey Juan Carlos, manifiestan su voluntad de personarse como acusaci\u00f3n si finalmente se abre una causa.<\/span><\/p>\n<p class=\"mce\" style=\"text-align: justify;\"><span style=\"font-size: 14pt; font-family: arial, helvetica, sans-serif;\">Entre las asociaciones universitarias que han presentado la denuncia est\u00e1n La Caverna, La Chispa, Ecoaldea, Asociaci\u00f3n Yuri Gagarin, Conciencia Minera o Res P\u00fablica, entre otras. Los firmantes aseguran que se est\u00e1 uniendo a la iniciativa nuevas asociaciones.<\/span><\/p>\n<p class=\"mce\" style=\"text-align: justify;\"><span style=\"font-size: 14pt; font-family: arial, helvetica, sans-serif;\">La nota de dos asignaturas del m\u00e1ster de Cifuentes<span class=\"mce\">\u00a0aparecieron durante muchos meses en los registros inform\u00e1ticos de la universidad p\u00fablica como\u00a0<\/span><a class=\"mce\" href=\"https:\/\/www.eldiario.es\/sociedad\/Cifuentes-obtenido-publico-falseando-asignaturas_0_752075026.html\" target=\"_blank\" rel=\"noopener\">\u00a0<span class=\"mce\">\u00a0<\/span>\u00abno presentado\u00bb hasta que fue modificada<\/a><span class=\"mce\">\u00a0\u00a0por una funcionaria, Amalia Calonge, que trabajaba en otro campus, y sustituida por un notable. La misma operaci\u00f3n la realiz\u00f3 la misma empleada p\u00fablica en otra materia, Financiaci\u00f3n de\u00a0 las Comunidades Aut\u00f3nomas y las Entidades Locales, en la que Cifuentes ten\u00eda un no presentado y se sustituy\u00f3 por un 7,5.<\/span><\/span><\/p>\n<h3 style=\"text-align: justify;\"><span class=\"mce\" style=\"font-size: 14pt; font-family: arial, helvetica, sans-serif;\">Dos versiones distintas<\/span><\/h3>\n<p class=\"mce\" style=\"text-align: justify;\"><span style=\"font-size: 14pt; font-family: arial, helvetica, sans-serif;\">La presidenta madrile\u00f1a atribuy\u00f3 esos cambios en sus notas a un \u00aberror de transcripci\u00f3n\u00bb encom\u00e9ndandose a la versi\u00f3n ofrecida la ma\u00f1ana del mi\u00e9rcoles por el rector de la universidad, Javier Ramos, que contradice lo que el equipo de comunicaci\u00f3n de Cifuentes cont\u00f3 la tarde del martes a eldiario.es. Entonces el gabinete de la presidenta afirm\u00f3 que Cifuentes hab\u00eda dejado dos asignaturas en el curso 2011\/2012 que acab\u00f3 sacando muchos meses m\u00e1s tarde.\u00a0<\/span><\/p>\n<p class=\"mce\" style=\"text-align: justify;\"><span style=\"font-size: 14pt; font-family: arial, helvetica, sans-serif;\">La explicaci\u00f3n ahora es que la entonces delegada del Gobierno complet\u00f3 los ex\u00e1menes de todas las materias durante aquel mismo a\u00f1o y que dos profesores distintos se equivocaron al introducir las notas en el sistema inform\u00e1tico: en lugar de calificarlas con notable ambos apuntaron \u00abno presentada\u00bb.<\/span><\/p>\n<p style=\"text-align: center;\"><strong><span style=\"font-size: 18pt;\">***<\/span><\/strong>\u00a0<\/p>\n<div id=\"DV-viewer-4418100-Cifudenuncia\" class=\"DC-embed DC-embed-document DV-container\">\n<div class=\"DV-docViewer DV-clearfix DV-autoZoom  DV-searchable DV-hideSidebar DV-mini DV-viewDocument\">\n<div class=\"DV-docViewerWrapper\">\n<div class=\"DV-header\">\n<div class=\"DV-controls\">\n<div class=\"DV-views\">\n<div class=\"DV-documentView DV-first\">\n<table>\n<tbody>\n<tr>\n<td style=\"border-color: #000000; background-color: #fffafa;\">\n<h3 class=\"cutting-title\"><span style=\"font-size: 18pt; color: #008000;\">Comunicado de las asociaciones universitarias sobre la denuncia<\/span><\/h3>\n<p style=\"text-align: justify;\"><span style=\"font-size: 14pt;\"><em>Las asociaciones universitarias que han presentado la denuncia contra Cifuentes han emitido un\u00a0comunicado\u00a0en el que explican las razones que les han llevado a llevar estos hechos a la Fiscal\u00eda, y que acompa\u00f1an de un v\u00eddeo en el que\u00a0<a href=\"https:\/\/m.facebook.com\/story.php?story_fbid=1713931328645772&amp;id=109554125750175\" target=\"_blank\" rel=\"noopener noreferrer\">desarrollan esos argumentos<\/a>. Este es el contenido del comunicado:<\/em><\/span><\/p>\n<p style=\"text-align: justify;\"><span style=\"font-size: 14pt;\"><em>Representantes de diversas asociaciones universitarias de la Comunidad Aut\u00f3noma de Madrid hemos denunciado los hechos que ayer se conocieron a trav\u00e9s del peri\u00f3dico digital el diario.es relacionados con la falsificaci\u00f3n de las calificaciones y acreditaciones que permitieron a la actual presidenta de la comunidad de Madrid, Cristina Cifuentes, obtener el t\u00edtulo de M\u00e1ster en Derecho Auton\u00f3mico.<\/em><\/span><\/p>\n<p style=\"text-align: justify;\"><span style=\"font-size: 14pt;\"><em>La denuncia se realiza porque entendemos que puedan existir delitos de falsificaci\u00f3n documental y cohecho por parte del funcionariado de la Universidad rey Juan Carlos, en tanto que el citado m\u00e1ster se impart\u00eda en un centro adscrito a esta universidad, y adem\u00e1s por parte de Cristina Cifuentes. Delitos para los que el c\u00f3digo penal tipifica, seg\u00fan los art\u00edculos 390 (relacionado con la falsedad de documentos p\u00fablicos) y 419 (cohecho), sanciones de hasta seis a\u00f1os de c\u00e1rcel y seis a\u00f1os de inhabilitaci\u00f3n para el ejercicio de cargos p\u00fablicos.<\/em><\/span><\/p>\n<p style=\"text-align: justify;\"><span style=\"font-size: 14pt;\"><em>Como estudiantes sent\u00edamos que ten\u00edamos que tomar parte en esta cuesti\u00f3n. Hemos decidido llevar a cabo la denuncia ya que nos parece que los hechos publicados son pruebas m\u00e1s que suficientes para llevarla a cabo. No podemos dejar de relacionar estos hechos con que la propia cristina Cristina Cifuentes es la misma que, como cabeza del Partido Popular en la asamblea de Madrid, est\u00e1 tratando de sacar adelante una ley (LEMES) que, pese a haber ca\u00eddo por votaci\u00f3n en asamblea, se est\u00e1n reanudado los tr\u00e1mites para tratar de aprobarla de nuevo.<\/em><\/span><\/p>\n<p style=\"text-align: justify;\"><span style=\"font-size: 14pt;\"><em>La Universidad Rey Juan Carlos en la que suceden estos hechos es ya conocida por el medi\u00e1tico plagio que realiz\u00f3 su antiguo rector, tanto en su tesis doctoral como en posteriores publicaciones, llev\u00e1ndole a la dimisi\u00f3n, como la colocaci\u00f3n de Margarita Cifuentes (hermana de la presidenta madrile\u00f1a) utilizando la figura de \u201cprofesor visitante\u201d sin cumplir los requisitos y tratando de evitar concursos y controles. En este sentido, exigimos que tanto la URJC, como, en general, todas las universidades p\u00fablicas madrile\u00f1as, dejen de funcionar como el cortijo del Partido Popular y del gobierno de la Comunidad de Madrid.<\/em><\/span><\/p>\n<p style=\"text-align: justify;\"><span style=\"font-size: 14pt;\"><em>La obtenci\u00f3n de este m\u00e1ster ha supuesto remuneraciones concretas a Cristina Cifuentes. Por un lado prestigio y reconocimiento social como personaje p\u00fablico y presidenta de la comunidad de Madrid. Y, por otro lado, reconocimiento econ\u00f3mico como funcionaria de la Universidad Complutense de Madrid, en la cual los ascensos que suponen aumentos econ\u00f3micos cuantificables, se hacen en base a m\u00e9ritos acad\u00e9micos como son los m\u00e1sters.<\/em><\/span><\/p>\n<p style=\"text-align: justify;\"><span style=\"font-size: 14pt;\"><em>Estamos indignadas ante el hecho de que las universidades p\u00fablicas sean feudos del Partido Popular, y de que se utilicen administraciones p\u00fablicas para beneficios privados. Mientras estas pol\u00edticas y personas mercantilizan la universidad, privatiz\u00e1ndola y elitiz\u00e1ndola, y se saltan los procedimientos acad\u00e9micos habituales, nosotras padecemos cada uno de ellos y sufrimos el proceso de precarizaci\u00f3n de nuestra universidad, en la calidad de ense\u00f1anza, en los servicios educativos, en el aumento de tasas y la disminuci\u00f3n de becas o la incertidumbre de no tener un trabajo asegurado al salir de la universidad.<\/em><\/span><\/p>\n<\/td>\n<\/tr>\n<\/tbody>\n<\/table>\n<\/div>\n<\/div>\n<\/div>\n<\/div>\n<\/div>\n<\/div>\n<\/div>\n<p>&nbsp;<\/p>\n<p><a href=\"https:\/\/puntocritico.com\/ausajpuntocritico\/wp-content\/uploads\/2018\/03\/Mosca_Punto_Cr\u00edtico_40.png\" rel=\"lightbox[10083]\"><img loading=\"lazy\" decoding=\"async\" class=\"wp-image-9528 aligncenter\" src=\"https:\/\/puntocritico.com\/ausajpuntocritico\/wp-content\/uploads\/2018\/03\/Mosca_Punto_Cr\u00edtico_40.png\" alt=\"\" width=\"40\" height=\"40\" \/><\/a><\/p>\n<p>&nbsp;<\/p>\n<h1 class=\"pg-headline\" style=\"text-align: center;\"><a id=\"ref28\"><\/a><a href=\"#ref28a\">[28]<\/a> El tribunal que supuestamente evalu\u00f3 el trabajo de fin de m\u00e1ster de Cifuentes es ilegal<\/h1>\n<p><span style=\"font-size: 14pt;\">Por Ra\u00fal Rej\u00f3n\u00a0<\/span><\/p>\n<p><span style=\"color: #008000;\">Articulo publicado el 22 de marzo de 2018 en:\u00a0<\/span><\/p>\n<p><a href=\"https:\/\/www.eldiario.es\/sociedad\/reglamento-Universidad-obligaba-justificar-asignaturas_0_752426002.html\" target=\"_blank\" rel=\"noopener\">https:\/\/www.eldiario.es\/sociedad\/reglamento-Universidad-obligaba-justificar-asignaturas_0_752426002.html<\/a><\/p>\n<p>&nbsp;<\/p>\n<div class=\"subtitle bkn mce sk2\">\n<blockquote>\n<p style=\"text-align: justify;\"><span style=\"font-size: 14pt; color: #008000;\"><strong>El reglamento de la Universidad Rey Juan Carlos, que desarrolla el decreto de Educaci\u00f3n, exige que un miembro del tribunal sea \u00abprofesor de otra universidad\u00bb o un \u00abexperto\u00bb para garantizar\u00a0la imparcialidad<\/strong><\/span><\/p>\n<p style=\"text-align: justify;\"><span style=\"font-size: 14pt; color: #008000;\"><strong>Las tres doctoras que figuran en el acta que present\u00f3 como prueba la presidenta tienen vinculaci\u00f3n con la URJC desde hace a\u00f1os, pero ninguna de ellas era en aquel momento titular,\u00a0otro requisito indispensable<\/strong><\/span><\/p>\n<p style=\"text-align: justify;\"><span style=\"font-size: 14pt; color: #008000;\"><strong>En\u00a02011 se exig\u00eda para realizar\u00a0la defensa del trabajo \u00abhaber superado el resto de asignaturas del m\u00e1ster\u00bb, pero el rector dijo que fue en 2014 cuando se percat\u00f3 de que hab\u00eda un error que mostraba una materia como &#8216;No presentada&#8217;<\/strong><\/span><\/p>\n<p>&nbsp;<\/p>\n<\/blockquote>\n<\/div>\n<figure id=\"attachment_10218\" aria-describedby=\"caption-attachment-10218\" style=\"width: 643px\" class=\"wp-caption aligncenter\"><a href=\"https:\/\/puntocritico.com\/ausajpuntocritico\/wp-content\/uploads\/2018\/03\/Captura-trabajo-master-aportada-Cifuentes_EDIIMA20180322_0218_4.jpg\" rel=\"lightbox[10083]\"><img loading=\"lazy\" decoding=\"async\" class=\"wp-image-10218 size-full\" src=\"https:\/\/puntocritico.com\/ausajpuntocritico\/wp-content\/uploads\/2018\/03\/Captura-trabajo-master-aportada-Cifuentes_EDIIMA20180322_0218_4.jpg\" alt=\"\" width=\"643\" height=\"362\" srcset=\"https:\/\/puntocritico.com\/ausajpuntocritico\/wp-content\/uploads\/2018\/03\/Captura-trabajo-master-aportada-Cifuentes_EDIIMA20180322_0218_4.jpg 643w, https:\/\/puntocritico.com\/ausajpuntocritico\/wp-content\/uploads\/2018\/03\/Captura-trabajo-master-aportada-Cifuentes_EDIIMA20180322_0218_4-300x169.jpg 300w\" sizes=\"auto, (max-width: 643px) 100vw, 643px\" \/><\/a><figcaption id=\"caption-attachment-10218\" class=\"wp-caption-text\"><span style=\"color: #008000;\">Captura del acta del trabajo de fin de m\u00e1ster aportada por Cifuentes<\/span><\/figcaption><\/figure>\n<p class=\"mce\" style=\"text-align: justify;\"><span style=\"font-family: arial, helvetica, sans-serif; font-size: 14pt;\">El tribunal que, seg\u00fan la versi\u00f3n de la Universidad Rey Juan Carlos a la que se ha adherido la presidenta de la Comunidad de Madrid Cristina Cifuentes, evalu\u00f3 el trabajo fin de m\u00e1ster de la pol\u00edtica incumple de forma flagrante el reglamento de 2011 que regulaba estos trabajos.<\/span><\/p>\n<p class=\"mce\" style=\"text-align: justify;\"><span style=\"font-family: arial, helvetica, sans-serif; font-size: 14pt;\">Ese reglamento, al que ha accedido eldiario.es, especifica que la \u00abcomisi\u00f3n de evaluaci\u00f3n de trabajo fin de m\u00e1ster estar\u00e1 constituida por tres profesores y tres suplentes, todos ellos doctores. Uno de ellos ser\u00e1 profesor de otra Universidad\u00bb.\u00a0 El Rector Javier Ramos dio el mi\u00e9rcoles los nombres de las componentes del tribunal:\u00a0<a class=\"mce\" href=\"https:\/\/gestion2.urjc.es\/curriculum\/pdicv?id=cecilia.rosado\" target=\"_blank\" rel=\"noopener noreferrer\">\u00a0Cecilia Rosado<\/a>\u00a0Villaverde,<a class=\"mce\" href=\"https:\/\/gestion2.urjc.es\/curriculum\/pdicv?id=alicia.lopezdelosmozos\" target=\"_blank\" rel=\"noopener noreferrer\">\u00a0\u00a0Alicia Esperanza L\u00f3pez de los Mozos<\/a>\u00a0y Clara\u00a0<a class=\"mce\" href=\"https:\/\/gestion2.urjc.es\/curriculum\/pdicv?id=clara.souto\" target=\"_blank\" rel=\"noopener noreferrer\">\u00a0Souto<\/a>. Las tres estaban vinculadas en 2012 a la Universidad Rey Juan Carlos en el momento en que Cifuentes estaba matriculada, seg\u00fan figura en las fichas p\u00fablicas de las tres en la web de la URJC.<\/span><\/p>\n<section id=\"edi-ad-slot-intext\" class=\"md-advertisement md hspace no-adv-socios\" role=\"marquee\" data-google-query-id=\"CN2x78a9h9oCFXMe0wodarANmw\">\n<div id=\"google_ads_iframe_\/123333327\/eldiario.es\/noticia_intext_0__container__\"><span style=\"font-family: arial, helvetica, sans-serif; font-size: 14pt;\">El reglamento tambi\u00e9n establece que los profesores que sean de la universidad sean funcionarios, y en su art\u00edculo 9.3 relata que \u00abel secretario ser\u00e1 designado entre los profesores numerarios\u00bb. Profesores numerarios son aquellos que son funcionarios: es decir, o profesores titulares o catedr\u00e1ticos. Ninguna de las tres firmantes lo era en ese momento, tampoco quien firma como secretaria, Cecilia Rosado.<\/span><\/div>\n<\/section>\n<p class=\"mce\" style=\"text-align: justify;\"><span class=\"mce\" style=\"font-family: arial, helvetica, sans-serif; font-size: 14pt;\">La Universidad todav\u00eda no ha respondido c\u00f3mo es posible que se formara esta comisi\u00f3n.\u00a0<\/span><\/p>\n<div class=\"inset cf width643\" style=\"text-align: justify;\">\n<figure class=\"media-holder\">\n<div class=\"mg \">\u00a0<\/div><figcaption class=\"caption-inside\">\n<figure id=\"attachment_10219\" aria-describedby=\"caption-attachment-10219\" style=\"width: 643px\" class=\"wp-caption aligncenter\"><a href=\"https:\/\/puntocritico.com\/ausajpuntocritico\/wp-content\/uploads\/2018\/03\/Articulo-Reglamente-Trabajos-Master-Universidad_EDIIMA20180322_0251_5.jpg\" rel=\"lightbox[10083]\"><img loading=\"lazy\" decoding=\"async\" class=\"wp-image-10219 size-full\" src=\"https:\/\/puntocritico.com\/ausajpuntocritico\/wp-content\/uploads\/2018\/03\/Articulo-Reglamente-Trabajos-Master-Universidad_EDIIMA20180322_0251_5.jpg\" alt=\"\" width=\"643\" height=\"331\" srcset=\"https:\/\/puntocritico.com\/ausajpuntocritico\/wp-content\/uploads\/2018\/03\/Articulo-Reglamente-Trabajos-Master-Universidad_EDIIMA20180322_0251_5.jpg 643w, https:\/\/puntocritico.com\/ausajpuntocritico\/wp-content\/uploads\/2018\/03\/Articulo-Reglamente-Trabajos-Master-Universidad_EDIIMA20180322_0251_5-300x154.jpg 300w\" sizes=\"auto, (max-width: 643px) 100vw, 643px\" \/><\/a><figcaption id=\"caption-attachment-10219\" class=\"wp-caption-text\"><span style=\"font-family: arial, helvetica, sans-serif; font-size: 10pt; color: #008000;\">Art\u00edculo 9 del Reglamento sobre los Trabajos Fin de M\u00e1ster de la Universidad Rey Juan Carlos<\/span><\/figcaption><\/figure><br \/>\n<\/figcaption><\/figure>\n<\/div>\n<p class=\"mce\" style=\"text-align: justify;\"><span style=\"font-family: arial, helvetica, sans-serif; font-size: 14pt;\">Las docentes a las que hizo referencia Javier Ramos est\u00e1n descritas por sus fichas como\u00a0doctoras\u00a0con un sexenio reconocido y aparecen como investigadoras en proyectos de la URJC, al menos, desde el a\u00f1o 2010, seg\u00fan recoge la p\u00e1gina web de la Universidad.<\/span><\/p>\n<p class=\"mce\" style=\"text-align: justify;\"><span style=\"font-family: arial, helvetica, sans-serif; font-size: 14pt;\"><span class=\"mce\">La idea de que haya, al menos, un doctor en el tribunal desvinculado de la Universidad donde se eval\u00faa el trabajo es dotar de mayor imparcialidad al proceso de calificaci\u00f3n. Ramos ha declarado que hab\u00eda \u00abhablado esta misma ma\u00f1ana con los miembros de ese Tribunal y confirman la defensa del trabajo y la calificaci\u00f3n de 7\u20195 puntos\u00bb.\u00a0<\/span>M\u00e1s tarde, Cristina Cifuentes remiti\u00f3 a los medios de comunicaci\u00f3n un documento encabezado como acta de trabajo de fin de m\u00e1ster en el que aparecen los nombres de estas tres profesoras (manuscritos) como las componentes del tribunal que puso esa nota. Esa composici\u00f3n contradice el art\u00edculo del reglamento que pide un profesor doctor de otra universidad.<\/span><\/p>\n<p class=\"mce\" style=\"text-align: justify;\"><span style=\"font-family: arial, helvetica, sans-serif; font-size: 14pt;\">A pesar de que el reglamento obliga a designar tres suplentes, en el acta los nombres de estos suplentes no aparecen. El documento que ayer present\u00f3 Cifuentes tampoco cuenta con un sello oficial, ni fecha de entrada en el registro de la Universidad.<\/span><\/p>\n<p class=\"mce\" style=\"text-align: justify;\"><span style=\"font-family: arial, helvetica, sans-serif; font-size: 14pt;\">Las tres profesoras que firman el acta han hecho una gran parte de su carrera y de sus trabajos acad\u00e9micos junto al catedr\u00e1tico Enrique \u00c1lvarez Conde, que ayer compareci\u00f3 como director del curso y que defendi\u00f3 p\u00fablicamente que a Cristina Cifuentes se le hab\u00eda tratado \u00abcomo a una alumna m\u00e1s\u00bb.<\/span><\/p>\n<div class=\"inset cf width643\" style=\"text-align: justify;\">\n<figure class=\"media-holder\">\n<div class=\"mg \">\u00a0<\/div><figcaption class=\"caption-inside\">\n<figure id=\"attachment_10220\" aria-describedby=\"caption-attachment-10220\" style=\"width: 643px\" class=\"wp-caption aligncenter\"><a href=\"https:\/\/puntocritico.com\/ausajpuntocritico\/wp-content\/uploads\/2018\/03\/Documento-Cifuentes_EDIIMA20180322_0194_5.jpg\" rel=\"lightbox[10083]\"><img loading=\"lazy\" decoding=\"async\" class=\"wp-image-10220 size-full\" src=\"https:\/\/puntocritico.com\/ausajpuntocritico\/wp-content\/uploads\/2018\/03\/Documento-Cifuentes_EDIIMA20180322_0194_5.jpg\" alt=\"\" width=\"643\" height=\"908\" srcset=\"https:\/\/puntocritico.com\/ausajpuntocritico\/wp-content\/uploads\/2018\/03\/Documento-Cifuentes_EDIIMA20180322_0194_5.jpg 643w, https:\/\/puntocritico.com\/ausajpuntocritico\/wp-content\/uploads\/2018\/03\/Documento-Cifuentes_EDIIMA20180322_0194_5-212x300.jpg 212w\" sizes=\"auto, (max-width: 643px) 100vw, 643px\" \/><\/a><figcaption id=\"caption-attachment-10220\" class=\"wp-caption-text\"><span style=\"color: #008000; font-family: arial, helvetica, sans-serif; font-size: 10pt;\">Acta del trabajo de fin de m\u00e1ster aportada por Cifuentes<\/span><\/figcaption><\/figure><br \/>\n<\/figcaption><\/figure>\n<\/div>\n<p class=\"mce\" style=\"text-align: justify;\"><span style=\"font-family: arial, helvetica, sans-serif; font-size: 14pt;\"><span class=\"mce\">El 2 de julio de 2012, la fecha en la que supuestamente se constituy\u00f3 este tribunal, ninguno de las tres ten\u00eda plaza en la Universidad como titular, algo que es igualmente inusual. La \u00faltima actu<\/span>alizaci\u00f3n de sus fichas les atribuye el estatus de \u00abcontratadas\u00bb, no funcionarias con plaza en propiedad aunque un tuit del Instituto de Derecho P\u00fablico de la Universidad relata que Alicia Esperanza L\u00f3pez de los Mozos se hab\u00eda convertido en titular en diciembre de 2017.<\/span><\/p>\n<div class=\"SandboxRoot is-touch env-bp-350\" style=\"text-align: justify;\" data-twitter-event-id=\"0\">\n<div id=\"twitter-widget-1\" class=\"EmbeddedTweet EmbeddedTweet--edge EmbeddedTweet--mediaForward media-forward js-clickToOpenTarget js-tweetIdInfo tweet-InformationCircle-widgetParent\" lang=\"es\" data-click-to-open-target=\"https:\/\/twitter.com\/idp_urjc\/status\/943730516775329793\" data-iframe-title=\"Tweet de Twitter\" data-dt-full=\"%{hours24}:%{minutes} - %{day} %{month} %{year}\" data-dt-explicit-timestamp=\"8:31 - 21 dic. 2017\" data-dt-months=\"ene|feb|mar|abr|Mayo|jun|jul|ago|sep|oct|nov|dic\" data-dt-am=\"AM\" data-dt-pm=\"PM\" data-dt-now=\"ahora\" data-dt-s=\"s\" data-dt-m=\"m\" data-dt-h=\"h\" data-dt-second=\"segundo\" data-dt-seconds=\"segundos\" data-dt-minute=\"minuto\" data-dt-minutes=\"minutos\" data-dt-hour=\"hora\" data-dt-hours=\"horas\" data-dt-abbr=\"%{number}%{symbol}\" data-dt-short=\"%{day} %{month}\" data-dt-long=\"%{day} %{month} %{year}\" data-scribe=\"page:tweet\" data-tweet-id=\"943730516775329793\" data-twitter-event-id=\"1\">\n<article class=\"MediaCard\n           MediaCard--mediaForward\n           \n           customisable-border\" dir=\"ltr\" data-scribe=\"component:card\"><\/p>\n<div class=\"MediaCard-mediaContainer js-cspForcedStyle\" data-style=\"padding-bottom: 50%\"><span style=\"font-family: arial, helvetica, sans-serif; font-size: 14pt;\">\u00a0<a href=\"https:\/\/puntocritico.com\/ausajpuntocritico\/wp-content\/uploads\/2018\/03\/Captura-tweeter-idp.jpg\" rel=\"lightbox[10083]\"><img loading=\"lazy\" decoding=\"async\" class=\"aligncenter wp-image-10221\" src=\"https:\/\/puntocritico.com\/ausajpuntocritico\/wp-content\/uploads\/2018\/03\/Captura-tweeter-idp-300x244.jpg\" alt=\"\" width=\"720\" height=\"585\" srcset=\"https:\/\/puntocritico.com\/ausajpuntocritico\/wp-content\/uploads\/2018\/03\/Captura-tweeter-idp-300x244.jpg 300w, https:\/\/puntocritico.com\/ausajpuntocritico\/wp-content\/uploads\/2018\/03\/Captura-tweeter-idp-768x624.jpg 768w, https:\/\/puntocritico.com\/ausajpuntocritico\/wp-content\/uploads\/2018\/03\/Captura-tweeter-idp.jpg 953w\" sizes=\"auto, (max-width: 720px) 100vw, 720px\" \/><\/a><\/span><\/div>\n<\/article>\n<\/div>\n<\/div>\n<p class=\"mce\" style=\"text-align: justify;\"><span style=\"font-family: arial, helvetica, sans-serif; font-size: 14pt;\">Fuentes universitarias consultadas por eldiario.es aseguran que el incumplimiento del reglamento interno deja a a este tribunal sin capacidad legal para juzgar. Es decir, que el acta no sirve para validar el supuesto trabajo de fin de m\u00e1ster de Cristina Cifuentes.<\/span><\/p>\n<p class=\"mce\" style=\"text-align: justify;\"><span style=\"font-family: arial, helvetica, sans-serif; font-size: 14pt;\">El acta en cuesti\u00f3n que present\u00f3 ayer Cristina Cifuentes es, igualmente, un documento interno y sin sello de la Universidad que la presidenta de Madrid no deber\u00eda tener, salvo que se lo haya proporcionado la propia URJC. El protocolo habitual, explican estas mismas fuentes, es que el tribunal firme este papel y que despu\u00e9s se informatice el resultado en la base de datos de la Universidad, como parte del expediente del alumno. Las mismas fuentes no entienden por qu\u00e9 la URJC ha difundido ese acta interna en vez del documento informatizado, que s\u00ed es trazable y se puede demostrar fehacientemente en qu\u00e9 momento se registr\u00f3.<\/span><\/p>\n<h3 style=\"text-align: justify;\"><span style=\"font-family: arial, helvetica, sans-serif; font-size: 14pt;\">Obligaci\u00f3n de haber aprobado todo antes<\/span><\/h3>\n<p class=\"mce\" style=\"text-align: justify;\"><span style=\"font-family: arial, helvetica, sans-serif; font-size: 14pt;\">Adem\u00e1s, ese documento reglamentario ya obligaba a tener aprobadas todas las asignaturas y entregar \u00abla justificaci\u00f3n correspondiente\u00bb. Sin embargo,\u00a0<a class=\"mce\" href=\"https:\/\/www.eldiario.es\/sociedad\/urjc_0_752425422.html\" target=\"_blank\" rel=\"noopener noreferrer\">seg\u00fan la versi\u00f3n de la Universidad<\/a>, fue en 2014 cuando se descubri\u00f3 que hab\u00eda un \u00aberror administrativo\u00bb que marcaba materias como no presentadas a Cifuentes.<\/span><\/p>\n<p class=\"mce\" style=\"text-align: justify;\"><span style=\"font-family: arial, helvetica, sans-serif; font-size: 14pt;\">As\u00ed, la explicaci\u00f3n ofrecida por la Universidad a la que se ha adherido la presidenta de Madrid, para justificar el\u00a0<a class=\"mce\" href=\"https:\/\/www.eldiario.es\/sociedad\/Cifuentes-obtenido-publico-falseando-asignaturas_0_752075026.html\" target=\"_blank\" rel=\"noopener noreferrer\">cambio de calificaciones<\/a>\u00a0en su m\u00e1ster, implica que present\u00f3 el trabajo fin de carrera sin esa justificaci\u00f3n reglamentaria. El punto 8.2 del documento que lleg\u00f3 en mayo de 2011 al Consejo de Gobierno, seg\u00fan ha visto eldiario.es, especifica: \u00abPara poder realizar la defensa del Trabajo Fin de M\u00e1ster el alumno tendr\u00e1 que haber superado el resto de asignatura del m\u00e1ster para lo que deber\u00e1 entregar la justificaci\u00f3n correspondiente\u00bb.\u00a0\u00a0<\/span><\/p>\n<p class=\"mce\" style=\"text-align: justify;\"><span style=\"font-family: arial, helvetica, sans-serif; font-size: 14pt;\">Un a\u00f1o despu\u00e9s, en junio de 2012, el Consejo de Gobierno universitario se reuni\u00f3 para modificar ese reglamento, pero esos cambios no hac\u00edan referencia a este requerimiento que sigue id\u00e9ntico. Y esa misma exigencia se recoge en\u00a0la \u00faltima versi\u00f3n, \u00fanica de acceso p\u00fablico\u00a0<a class=\"mce\" href=\"https:\/\/www.urjc.es\/images\/Universidad\/Presentacion\/normativa\/Normativa_Trabajo_Fin_de_Master.pdf\" target=\"_blank\" rel=\"noopener\">en la web de la URJC<\/a>, que entr\u00f3 en vigor para el curso 2016\/2017.<\/span><\/p>\n<p class=\"mce\" style=\"text-align: justify;\"><span style=\"font-family: arial, helvetica, sans-serif; font-size: 14pt;\">Por lo que si la defensa del trabajo, como ha argumentado Cristina Cifuentes, se hizo el 2 de julio de 2012, para cumplir el reglamento deb\u00eda tener una justificaci\u00f3n de haber aprobado el resto de asignaturas. Pero, al menos administrativamente \u2013seg\u00fan las explicaciones p\u00fablicas ofrecidas por la Universidad Rey Juan Carlos\u2013, Cristina Cifuentes ten\u00eda una asignatura como no presentada (de ah\u00ed que tuviera que subsanarse ese \u00abfallo\u00bb en 2014).\u00a0<\/span><\/p>\n<p class=\"mce\" style=\"text-align: justify;\"><span style=\"font-family: arial, helvetica, sans-serif; font-size: 14pt;\">El reglamento tambi\u00e9n pide que se adjunte en la presentaci\u00f3n oficial del trabajo \u00abla autorizaci\u00f3n del director para la lectura y defensa\u00bb del trabajo. Incluso pide que se le remita esa autorizaci\u00f3n \u00abal director del m\u00e1ster\u00bb. El profesor Enrique \u00c1lvarez ha asegurado este mi\u00e9rcoles que cuando recibi\u00f3 el expediente \u00abcumpl\u00eda la legalidad vigente\u00bb.<\/span><\/p>\n<div class=\"yonkis-wrapper-1\">\u00a0<a href=\"https:\/\/puntocritico.com\/ausajpuntocritico\/wp-content\/uploads\/2018\/03\/Mosca_Punto_Cr\u00edtico_40.png\" rel=\"lightbox[10083]\"><img loading=\"lazy\" decoding=\"async\" class=\"aligncenter wp-image-9528\" src=\"https:\/\/puntocritico.com\/ausajpuntocritico\/wp-content\/uploads\/2018\/03\/Mosca_Punto_Cr\u00edtico_40.png\" alt=\"\" width=\"40\" height=\"40\" \/><\/a><\/div>\n<div>\n<h1 class=\"pg-headline\" style=\"text-align: center;\"><a id=\"ref29\"><\/a><a href=\"#ref29a\">[29]<\/a> La misma universidad que regal\u00f3 un m\u00e1ster a Cifuentes contrat\u00f3 como profesora a su hermana de manera ilegal<\/h1>\n<p><span style=\"font-size: 14pt;\">Por Daniel S\u00e1nchez Caballero<\/span><\/p>\n<p><span style=\"color: #008000;\">Articulo publicado el 21 de marzo de 2018 en:\u00a0<\/span><\/p>\n<\/div>\n<div><a href=\"https:\/\/www.eldiario.es\/sociedad\/cifuentes-universidad-rey-juan-carlos-hermana-ilegal_0_752075580.html\" target=\"_blank\" rel=\"noopener\">https:\/\/www.eldiario.es\/sociedad\/cifuentes-universidad-rey-juan-carlos-hermana-ilegal_0_752075580.html<\/a><\/div>\n<div>\u00a0<\/div>\n<div>\n<blockquote>\n<p style=\"text-align: justify;\"><span style=\"font-size: 14pt; color: #008000;\"><strong>La hermana de la presidenta de Madrid, Margarita Cifuentes, fue personal de administraci\u00f3n hasta que el exrector Fernando Su\u00e1rez\u00a0le hizo un contrato reservado a profesores de reconocido prestigio<\/strong><\/span><\/p>\n<p style=\"text-align: justify;\"><span style=\"font-size: 14pt; color: #008000;\"><strong>Margarita Cifuentes es desde\u00a02016 profesora visitante en la universidad p\u00fablica pese a que no cumple ninguno de los requisitos de la LOU, el convenio y los estatutos de la URJC<\/strong><\/span><\/p>\n<p style=\"text-align: justify;\"><span style=\"font-size: 14pt; color: #008000;\"><strong>El exrector dirigi\u00f3 personalmente la tesis de la hermana de Cifuentes y despu\u00e9s la contrat\u00f3 como profesora haciendo uso de esa figura discrecional, que evita los concursos y controles<\/strong><\/span><\/p>\n<p style=\"text-align: justify;\"><span style=\"font-size: 14pt; color: #008000;\"><strong><a style=\"color: #008000;\" href=\"https:\/\/www.eldiario.es\/sociedad\/Cifuentes-obtenido-publico-falseando-asignaturas_0_752075026.html\" target=\"_blank\" rel=\"noopener\">EXCLUSIVA |\u00a0Cristina Cifuentes obtuvo su t\u00edtulo de m\u00e1ster en una universidad p\u00fablica con notas falsificadas<\/a><\/strong><\/span><\/p>\n<\/blockquote>\n<p>&nbsp;<\/p>\n<\/div>\n<div>\n<figure id=\"attachment_10231\" aria-describedby=\"caption-attachment-10231\" style=\"width: 643px\" class=\"wp-caption aligncenter\"><a href=\"https:\/\/puntocritico.com\/ausajpuntocritico\/wp-content\/uploads\/2018\/03\/izquierda-presidenta-Comunidad-Madrid-organismo_EDIIMA20161121_0592_23.jpg\" rel=\"lightbox[10083]\"><img loading=\"lazy\" decoding=\"async\" class=\"wp-image-10231 size-full\" src=\"https:\/\/puntocritico.com\/ausajpuntocritico\/wp-content\/uploads\/2018\/03\/izquierda-presidenta-Comunidad-Madrid-organismo_EDIIMA20161121_0592_23.jpg\" alt=\"\" width=\"643\" height=\"362\" srcset=\"https:\/\/puntocritico.com\/ausajpuntocritico\/wp-content\/uploads\/2018\/03\/izquierda-presidenta-Comunidad-Madrid-organismo_EDIIMA20161121_0592_23.jpg 643w, https:\/\/puntocritico.com\/ausajpuntocritico\/wp-content\/uploads\/2018\/03\/izquierda-presidenta-Comunidad-Madrid-organismo_EDIIMA20161121_0592_23-300x169.jpg 300w\" sizes=\"auto, (max-width: 643px) 100vw, 643px\" \/><\/a><figcaption id=\"caption-attachment-10231\" class=\"wp-caption-text\"><span style=\"color: #008000;\">El rector Su\u00e1rez (tercero por la izquierda) junto a Cristina Cifuentes<\/span><\/figcaption><\/figure>\n<\/div>\n<aside class=\"slidebar\">\n<section class=\"md-masInfo md md-sk1\">\n<div class=\"bd\">\n<p>&nbsp;<\/p>\n<\/div>\n<\/section>\n<\/aside>\n<div id=\"edi-body\" class=\"mce-body mce no-sticky-adv-socios\">\n<p class=\"mce\" style=\"text-align: justify;\"><span style=\"font-size: 14pt; font-family: arial, helvetica, sans-serif;\">La universidad p\u00fablica Rey Juan Carlos de Madrid\u2013\u00a0en la que Cristina Cifuentes ha obtenido un m\u00e1ster sin presentarse a dos asignaturas, que aparecen con notable misteriosamente dos a\u00f1os despu\u00e9s\u2013 es la misma donde trabaja su hermana Margarita Cifuentes. Antes como administrativa, ahora como docente.\u00a0<\/span><\/p>\n<p class=\"mce\" style=\"text-align: justify;\"><span style=\"font-size: 14pt; font-family: arial, helvetica, sans-serif;\">Margarita Cifuentes\u00a0<span class=\"mce\">\u00a0ha sido durante toda su vida Personal de Administraci\u00f3n y Servicios (PAS), pero\u00a0<\/span>trabaja desde 2016 como profesora visitante en la Universidad Rey Juan Carlos de Madrid (URJC) en el \u00e1rea de Historia Contempor\u00e1nea. Su contrataci\u00f3n directa obvi\u00f3 el hecho de que no cumple ninguno de los requisitos necesarios recogidos en la ley para acogerse a tal figura.<\/span><\/p>\n<div id=\"SMIntext_reference\" style=\"text-align: justify;\">\n<div id=\"SMIntext_Skip_restart\"><span style=\"font-size: 14pt; font-family: arial, helvetica, sans-serif;\">Su contrato como profesora visitante est\u00e1 por tanto fuera de la ley, al incumplir\u00a0<a class=\"mce\" href=\"https:\/\/www.boe.es\/buscar\/doc.php?id=BOE-A-2007-7786\" target=\"_blank\" rel=\"noopener noreferrer\">la Ley Org\u00e1nica de Universidades (LOU, art\u00edculo 54)<\/a>\u00a0y el\u00a0<a class=\"mce\" href=\"https:\/\/www.ucm.es\/data\/cont\/docs\/3-2015-03-10-I%20Convenio%20Colectivo.pdf\" target=\"_blank\" rel=\"noopener noreferrer\">convenio colectivo de personal docente e investigador con vinculaci\u00f3n laboral de las universidades p\u00fablicas de la Comunidad de Madrid<\/a>\u00a0(art\u00edculo 10 punto 6). Adem\u00e1s<span class=\"mce\">\u00a0, los propios estatutos de la URJC dice que se elegir\u00e1n entre \u00abprofesores e investigadores de reconocido prestigio\u00bb.\u00a0<\/span>Tambi\u00e9n hay m\u00e1s de una sentencia que especifica que para contratar a alguien como visitante tiene que provenir de otro centro,\u00a0y tampoco es el caso.\u00a0<\/span><\/div>\n<\/div>\n<p class=\"mce\" style=\"text-align: justify;\"><span style=\"font-size: 14pt; font-family: arial, helvetica, sans-serif;\">Ambos textos legales establecen con claridad los m\u00e9ritos exigibles a un candidato a profesor visitante. Dice la LOU que \u00ab[este tipo de contrato] se podr\u00e1 celebrar con profesores o investigadores de reconocido prestigio de otras universidades y centros de investigaci\u00f3n, tanto espa\u00f1oles como extranjeros\u00bb (Cifuentes no lo es).<\/span><\/p>\n<p class=\"mce\" style=\"text-align: justify;\"><span style=\"font-size: 14pt; font-family: arial, helvetica, sans-serif;\">El punto b) a\u00f1ade: \u00abLa finalidad del contrato ser\u00e1 la de desarrollar tareas docentes o investigadoras a trav\u00e9s de las que se aporten los conocimientos y la experiencia docente e investigadora de los indicados profesores a la universidad\u00bb (no tiene experiencia docente alguna, al menos en la universidad).<\/span><\/p>\n<p class=\"mce\" style=\"text-align: justify;\"><span style=\"font-size: 14pt; font-family: arial, helvetica, sans-serif;\">El esp\u00edritu de esta figura es\u00a0claro: contratar a profesionales de prestigio para un \u00e1rea concreta que pueda estar hu\u00e9rfana de \u00e9l o se le quiera dar un impulso. Adem\u00e1s, seg\u00fan el convenio madrile\u00f1o, estos profesores o investigadores no pueden estar m\u00e1s de dos a\u00f1os en el puesto.<\/span><\/p>\n<p class=\"mce\" style=\"text-align: justify;\"><span style=\"font-size: 14pt; font-family: arial, helvetica, sans-serif;\">La contrataci\u00f3n de profesores visitantes depende exclusivamente del rector del centro (en aquel momento Fernando Su\u00e1rez), que puede utilizarla de manera discrecional, sin convocar concursos p\u00fablicos ni tener siquiera que publicar su nombramiento en parte alguna.\u00a0<\/span><\/p>\n<p class=\"mce\" style=\"text-align: justify;\"><span style=\"font-size: 14pt; font-family: arial, helvetica, sans-serif;\">Mientras en otras universidades los visitantes rondan el 1% (acorde al esp\u00edritu excepcional de su figura) en la URJC son uno de cada cinco profesores (20%).\u00a0<a class=\"mce\" href=\"http:\/\/www.eldiario.es\/sociedad\/Universidad-Rey-Juan-Carlos-visitante_0_524248341.html\" target=\"_blank\" rel=\"noopener noreferrer\">A alguno de ellos incluso le pagaban menos de lo que establece el convenio<\/a>.<\/span><\/p>\n<p class=\"mce\" style=\"text-align: justify;\"><span style=\"font-size: 14pt; font-family: arial, helvetica, sans-serif;\">Esta contrataci\u00f3n de Margarita Cifuentes se produce despu\u00e9s de enero de 2016, una vez le\u00edda la tesis, es decir, con Cristina Cifuentes siendo ya presidenta de la Comunidad de Madrid, de la que depende esta universidad p\u00fablica, que maneja un presupuesto de 123 millones de euros al a\u00f1o que salen de las arcas p\u00fablicas madrile\u00f1as. Cuando eldiario.es public\u00f3 por primera vez esta informaci\u00f3n, en 2016, tanto la universidad como la presidenta de la Comunidad declinaron hacer declaraciones a eldiario.es.<\/span><\/p>\n<h3 style=\"text-align: justify;\"><span style=\"font-size: 14pt; font-family: arial, helvetica, sans-serif;\">Ni un requisito<\/span><\/h3>\n<p class=\"mce\" style=\"text-align: justify;\"><span style=\"font-size: 14pt; font-family: arial, helvetica, sans-serif;\">Margarita Cifuentes no cumple los requisitos. En primer lugar ya trabajaba en la universidad que ahora \u00abvisita\u00bb. Varias sentencias recogen que \u00abeste tipo de contrato est\u00e1 pensado para profesores e investigadores de otras universidades\u00bb y esos mismos fallos judiciales sostienen que aplic\u00e1rselo a alguien que ya est\u00e1 en el centro \u00abse podr\u00eda entender que es fraude de ley\u00bb literalmente.<\/span><\/p>\n<p class=\"mce\" style=\"text-align: justify;\"><span style=\"font-size: 14pt; font-family: arial, helvetica, sans-serif;\">Adem\u00e1s, la hermana de la presidenta regional no\u00a0fue docente hasta el propio 2016. Ha sido PAS toda su vida, desde que\u00a0<a class=\"mce\" href=\"http:\/\/boe.es\/boe\/dias\/1992\/12\/02\/pdfs\/A40781-40782.pdf\" target=\"_blank\" rel=\"noopener\">sac\u00f3 una plaza en la Escala Administrativa de la Universidad Complutense de Madrid en 1992<\/a>, seg\u00fan recoge el BOE. De nuevo el Bolet\u00edn refleja que en 2002 mejor\u00f3 su posici\u00f3n, todav\u00eda dentro del mismo centro y todav\u00eda como PAS,\u00a0<a class=\"mce\" href=\"https:\/\/www.boe.es\/diario_boe\/txt.php?id=BOE-A-2002-19819\" target=\"_blank\" rel=\"noopener noreferrer\">y accedi\u00f3 al a Escala de Gesti\u00f3n Universitaria\u00a0<\/a>(el mismo \u00e1mbito profesional del que proviene su hermana).<\/span><\/p>\n<p class=\"mce\" style=\"text-align: justify;\"><span style=\"font-size: 14pt; font-family: arial, helvetica, sans-serif;\">La profesora\u00a0remiti\u00f3\u00a0un correo a eldiario.es cuando se public\u00f3 por primera esta informaci\u00f3n en el que reivindicaba su\u00a0experiencia investigadora: \u00abEn el a\u00f1o 2009 obtuve una beca de la Fundaci\u00f3n Napole\u00f3n de Par\u00eds (&#8230;). Soy la primera espa\u00f1ola que obten\u00eda una beca de la prestigiosa Fundaci\u00f3n parisina (&#8230;).\u00a0Adem\u00e1s he sido becaria del Archivo Hist\u00f3rico Militar (Segovia) durante 3 a\u00f1os, en donde inici\u00e9 mi investigaci\u00f3n\u00bb.<\/span><\/p>\n<p class=\"mce\" style=\"text-align: justify;\"><span style=\"font-size: 14pt; font-family: arial, helvetica, sans-serif;\">En mayo de 2005,\u00a0<a class=\"mce\" href=\"https:\/\/www.linkedin.com\/in\/margarita-cifuentes-margarita-cifuentes-b1501160\" target=\"_blank\" rel=\"noopener noreferrer\">seg\u00fan su linkedin, pasa a la Universidad Rey Juan Carlos, mediante traslado y a\u00fan como PAS<\/a>. All\u00ed ejerce como responsable de los convenios de colaboraci\u00f3n educativa de la URJC y pasa tambi\u00e9n por la biblioteca del campus de Vic\u00e1lvaro,\u00a0seg\u00fan algunas fuentes de la universidad.<\/span><\/p>\n<p class=\"mce\" style=\"text-align: justify;\"><span style=\"font-size: 14pt; font-family: arial, helvetica, sans-serif;\">Licenciada en Geograf\u00eda e Historia por la Complutense y con un M\u00e1ster en Ciencias Historiogr\u00e1ficas, seg\u00fan su propio curr\u00edculum, en alg\u00fan momento decide doctorarse. Y tiene premio gordo:\u00a0<a class=\"mce\" href=\"http:\/\/centauro.urjc.es\/uhtbin\/cgisirsi\/x\/SIRSI\/0\/5?searchdata1=459747{CKEY}\" target=\"_blank\" rel=\"noopener noreferrer\">el propio rector de la universidad, entonces Fernando Su\u00e1rez, dirige su tesis (es poco habitual que el m\u00e1ximo dirigente de una universidad se dedique a esto), llamada \u00abEl Imperial Alejandro\u00bb y declarada \u00abapta\u00bb este mismo a\u00f1o 2016<\/a>. La autora puntualiza que fue \u00absobresaliente cum laude\u00bb.<\/span><\/p>\n<p class=\"mce\" style=\"text-align: justify;\"><span style=\"font-size: 14pt; font-family: arial, helvetica, sans-serif;\">Con la tesis bajo el brazo, Margarita Cifuentes est\u00e1 preparada para dar el salto a la docencia. En alg\u00fan momento entre su lectura de tesis y antes de que comience el curso universitario, el rector Su\u00e1rez le firma un contrato de profesor visitante. Para que aporte sus \u00abconocimientos y la experiencia docente e investigadora\u00bb.\u00a0<a class=\"mce\" href=\"https:\/\/gestion2.urjc.es\/curriculum\/pdicv?id=margarita.cifuentes&amp;layout=false\" target=\"_blank\" rel=\"noopener noreferrer\">As\u00ed figura en su web personal de la universidad<\/a>. Lo que no figura en esta p\u00e1gina son sus proyectos de investigaci\u00f3n o sus publicaciones: ambos apartados est\u00e1n en blanco.<\/span><\/p>\n<p class=\"mce\" style=\"text-align: justify;\"><span style=\"font-size: 14pt; font-family: arial, helvetica, sans-serif;\">Margarita Cifuentes est\u00e1 encuadrada en el Departamento de Ciencias de la Educaci\u00f3n, Lenguaje, Cultura y Artes, Ciencias Hist\u00f3rico-Jur\u00eddicas y Human\u00edsticas y Lenguas Modernas del \u00e1rea de Historia Contempor\u00e1nea.<\/span><\/p>\n<div class=\"no-adv-socios\" style=\"text-align: justify;\">\u00a0<a href=\"https:\/\/puntocritico.com\/ausajpuntocritico\/wp-content\/uploads\/2018\/03\/Mosca_Punto_Cr\u00edtico_40.png\" rel=\"lightbox[10083]\"><img loading=\"lazy\" decoding=\"async\" class=\"wp-image-9528 aligncenter\" src=\"https:\/\/puntocritico.com\/ausajpuntocritico\/wp-content\/uploads\/2018\/03\/Mosca_Punto_Cr\u00edtico_40.png\" alt=\"\" width=\"40\" height=\"40\" \/><\/a><\/div>\n<\/div>\n<p style=\"text-align: center;\"><strong><span style=\"font-size: 24pt;\"><a id=\"ref30\"><\/a><a href=\"#ref30a\">[30]\u00a0<\/a>Antes var\u00f3n negro que mujer blanca<\/span><\/strong><\/p>\n<div class=\"subtitle bkn mce sk2\">\n<p><span style=\"font-size: 14pt;\">Por Javier P\u00e9rez Royo<\/span><\/p>\n<p><span style=\"color: #008000;\">Articulo publicado el 19 de marzo de 2018 en:<\/span><\/p>\n<p><a href=\"https:\/\/www.eldiario.es\/zonacritica\/varon-negro-mujer-blanca_6_751784837.html\" target=\"_blank\" rel=\"noopener\">https:\/\/www.eldiario.es\/zonacritica\/varon-negro-mujer-blanca_6_751784837.html<\/a><\/p>\n<p>&nbsp;<\/p>\n<blockquote>\n<p style=\"text-align: justify;\"><span style=\"font-size: 14pt;\"><strong><span style=\"color: #008000;\">En 2016, entre una mujer excepcionalmente bien preparada y un var\u00f3n que todo el mundo considera que carece de cualquier calificaci\u00f3n para ser presidente de los Estados Unidos, el Colegio Electoral ha acabado optando por el var\u00f3n<\/span><\/strong><\/span><\/p>\n<\/blockquote>\n<p>&nbsp;<\/p>\n<\/div>\n<figure id=\"attachment_10084\" aria-describedby=\"caption-attachment-10084\" style=\"width: 643px\" class=\"wp-caption aligncenter\"><a href=\"https:\/\/puntocritico.com\/ausajpuntocritico\/wp-content\/uploads\/2018\/03\/Hillary-Clinton-convencida-futuro-femenino_EDIIMA20170207_0843_19.jpg\" rel=\"lightbox[10083]\"><img loading=\"lazy\" decoding=\"async\" class=\"wp-image-10084 size-full\" src=\"https:\/\/puntocritico.com\/ausajpuntocritico\/wp-content\/uploads\/2018\/03\/Hillary-Clinton-convencida-futuro-femenino_EDIIMA20170207_0843_19.jpg\" alt=\"\" width=\"643\" height=\"415\" srcset=\"https:\/\/puntocritico.com\/ausajpuntocritico\/wp-content\/uploads\/2018\/03\/Hillary-Clinton-convencida-futuro-femenino_EDIIMA20170207_0843_19.jpg 643w, https:\/\/puntocritico.com\/ausajpuntocritico\/wp-content\/uploads\/2018\/03\/Hillary-Clinton-convencida-futuro-femenino_EDIIMA20170207_0843_19-300x194.jpg 300w\" sizes=\"auto, (max-width: 643px) 100vw, 643px\" \/><\/a><figcaption id=\"caption-attachment-10084\" class=\"wp-caption-text\"><span style=\"color: #008000;\">Hillary Clinton en una imagen de archivo EFE<\/span><\/figcaption><\/figure>\n<p>&nbsp;<\/p>\n<p class=\"mce\" style=\"text-align: justify;\"><span style=\"font-size: 14pt; font-family: arial, helvetica, sans-serif;\">\u201cLos prejuicios culturales pueden tener mucha m\u00e1s fuerza y capacidad de resistencia que las normas jur\u00eddicas\u201d, escribe Annette Gordon-Reed, Professor of American Legal History at Harvard Law School,\u00a0<a class=\"mce\" href=\"http:\/\/www.nybooks.com\/articles\/2018\/02\/08\/hillary-clinton-female-trouble\/\" target=\"_blank\" rel=\"noopener noreferrer\">en un ensayo publicado en la\u00a0<em class=\"mce\">New York Review of Books<\/em>\u00a0(febrero 8-21, 2018)<\/a>, sobre el libro de Hillary Rodham Clinton,\u00a0<em class=\"mce\">What Happened,\u00a0<\/em>que lleva por t\u00edtulo\u00a0<em class=\"mce\">Female Trouble.<\/em><\/span><\/p>\n<p class=\"mce\" style=\"text-align: justify;\"><span style=\"font-size: 14pt; font-family: arial, helvetica, sans-serif;\">Ilustra esta afirmaci\u00f3n con dos ejemplos extra\u00eddos del momento fundacional de los Estados Unidos, que todav\u00eda siguen gravitando sobre el sistema pol\u00edtico y el ordenamiento constitucional del pa\u00eds. Dos prejuicios culturales relativos a la definici\u00f3n de los requisitos para poder ser presidente de los Estados Unidos.<\/span><\/p>\n<section id=\"edi-ad-slot-intext\" class=\"md-advertisement md hspace no-adv-socios\" role=\"marquee\" data-google-query-id=\"COb7zuqgh9oCFQRnGwodmewO7g\">\n<div id=\"google_ads_iframe_\/123333327\/eldiario.es\/noticia_intext_0__container__\" style=\"text-align: justify;\"><span style=\"font-family: arial, helvetica, sans-serif; font-size: 14pt; text-align: justify;\">Los requisitos establecidos en la Constituci\u00f3n son tres: haber nacido como ciudadano de los Estados Unidos, tener al menos 35 a\u00f1os y haber residido en los Estados Unidos durante catorce a\u00f1os.<\/span><\/div>\n<\/section>\n<p class=\"mce\" style=\"text-align: justify;\"><span style=\"font-size: 14pt; font-family: arial, helvetica, sans-serif;\">A los padres fundadores, dice la profesora Gordon-Reed, no se les pas\u00f3 por la cabeza incluir en la Constituci\u00f3n dos requisitos, que, sin embargo, eran mucho m\u00e1s importantes que los que incluyeron. El presidente ten\u00eda que ser var\u00f3n<em class=\"mce\">\u00a0y blanco.<\/em><\/span><\/p>\n<p class=\"mce\" style=\"text-align: justify;\"><span style=\"font-size: 14pt; font-family: arial, helvetica, sans-serif;\">\u201cNunca se le pas\u00f3 por la cabeza a los hombres que escribieron la Constituci\u00f3n que ten\u00edan que especificar que la persona a la cabeza del gobierno de los Estados Unidos \u2013y el s\u00edmbolo de la naci\u00f3n<span class=\"mce\">\u00a0\u2013<\/span>\u00a0ten\u00eda que ser blanco\u2026 Tampoco se les ocurri\u00f3 que ten\u00edan que declarar expl\u00edcitamente que el presidente ten\u00eda que ser un hombre\u201d. Que el presidente de los Estados Unidos pudiera ser un hombre negro o una mujer era, sencillamente, impensable. La doble condici\u00f3n, de g\u00e9nero y de raza, del presidente ten\u00eda la fuerza que tienen los prejuicios culturales.<\/span><\/p>\n<p class=\"mce\" style=\"text-align: justify;\"><span style=\"font-size: 14pt; font-family: arial, helvetica, sans-serif;\">Ese doble prejuicio se ha mantenido intacto hasta fecha muy reciente. Han tenido que pasar m\u00e1s de dos siglos para que empezara a pensarse que pod\u00eda ser puesto en cuesti\u00f3n. Y lo llamativo, a\u00f1ade la profesora Gordon-Reed, es que el prejuicio respecto al g\u00e9nero ha sido m\u00e1s poderoso que el prejuicio respecto a la raza. En 2008, en las primarias del Partido Dem\u00f3crata, entre dos candidatos excepcionalmente bien preparados, pero en el que la trayectoria de la mujer blanca era muy superior a la del var\u00f3n negro, los ciudadanos prefirieron al var\u00f3n. En 2016, entre una mujer excepcionalmente bien preparada y un var\u00f3n que todo el mundo considera que carece de cualquier calificaci\u00f3n para ser presidente de los Estados Unidos, el Colegio Electoral ha acabado optando por el var\u00f3n.<\/span><\/p>\n<p class=\"mce\" style=\"text-align: justify;\"><span style=\"font-size: 14pt; font-family: arial, helvetica, sans-serif;\">Le\u00ed el ensayo de la profesora Gordon-Reed el 5 de marzo, tres d\u00edas antes de asistir en Sevilla a la misma manifestaci\u00f3n que se multiplic\u00f3 por toda Espa\u00f1a. Lo tuve presente durante las casi tres horas que necesitamos para recorrer algo menos de un kil\u00f3metro y lo he tenido todav\u00eda m\u00e1s presente despu\u00e9s. Por eso, entre otras razones, me he decidido a compartirlo con los lectores de eldiario.es.<\/span><\/p>\n<p class=\"mce\" style=\"text-align: justify;\"><span style=\"font-size: 14pt; font-family: arial, helvetica, sans-serif;\">El prejuicio de g\u00e9nero es el m\u00e1s poderoso de todos los prejuicios. Y lo es, porque es el m\u00e1s insidioso, el que llama menos la atenci\u00f3n y es m\u00e1s dif\u00edcil de detectar. Y porque es adem\u00e1s el prejuicio m\u00e1s nocivo, el que provoca la discriminaci\u00f3n m\u00e1s universal y m\u00e1s peligrosa.<\/span><\/p>\n<p class=\"mce\" style=\"text-align: justify;\"><span style=\"font-size: 14pt; font-family: arial, helvetica, sans-serif;\">El prejuicio de g\u00e9nero vac\u00eda de contenido, no totalmente, pero s\u00ed de manera muy significativa el principio de igualdad y, como consecuencia de ello, tambi\u00e9n el de libertad personal y el de seguridad.<\/span><\/p>\n<p class=\"mce\" style=\"text-align: justify;\"><span style=\"font-size: 14pt; font-family: arial, helvetica, sans-serif;\">Montesquieu defini\u00f3 la libertad como \u201cla sensaci\u00f3n que cada uno tiene de su propia seguridad\u201d. Cada palabra de la definici\u00f3n vale su peso en oro. Para ser libre hace falta m\u00e1s que seguridad. Hay que tener sensaci\u00f3n de seguridad, hay que sentirse seguros. Si alguien no se siente seguro, no es libre.<\/span><\/p>\n<p class=\"mce\" style=\"text-align: justify;\"><span style=\"font-size: 14pt; font-family: arial, helvetica, sans-serif;\">No hay en el mundo un agente de producci\u00f3n de inseguridad, de sensaci\u00f3n de inseguridad, mayor que el prejuicio de g\u00e9nero. Doy por supuesto que el lector de eldiario.es no necesita argumentaci\u00f3n adicional sobre este extremo. La sensaci\u00f3n de inseguridad condiciona casi hasta anular la libertad personal y reduce de manera muy significativa el alcance del principio de igualdad.<\/span><\/p>\n<p class=\"mce\" style=\"text-align: justify;\"><span style=\"font-size: 14pt; font-family: arial, helvetica, sans-serif;\">El 8 de marzo ha sido muy importante. Por eso Mariano Rajoy y Albert Rivera han tenido que reaccionar de la forma en que lo han hecho. Pero nadie debe llamarse a enga\u00f1o. El prejuicio es algo menos poderoso, pero lo sigue siendo mucho. Es m\u00e1s, el camino que queda por recorrer, del que se ha recorrid<\/span>o.<\/p>\n<p>&nbsp;<\/p>\n<div class=\"article-content\">\n<div class=\"column left-side\">\n<div class=\"article-body\">\n<p><a href=\"https:\/\/puntocritico.com\/ausajpuntocritico\/wp-content\/uploads\/2018\/03\/Mosca_Punto_Cr\u00edtico_40.png\" rel=\"lightbox[10083]\"><img loading=\"lazy\" decoding=\"async\" class=\"wp-image-9528 aligncenter\" src=\"https:\/\/puntocritico.com\/ausajpuntocritico\/wp-content\/uploads\/2018\/03\/Mosca_Punto_Cr\u00edtico_40.png\" alt=\"\" width=\"40\" height=\"40\" \/><\/a><\/p>\n<\/div>\n<\/div>\n<\/div>\n<p style=\"text-align: center;\"><span style=\"font-size: 24pt;\"><strong><a id=\"ref31\"><\/a><a href=\"#ref31a\">[31]<\/a> Los negros de Llanera<\/strong><\/span><\/p>\n<p><span style=\"font-size: 14pt;\">Por Elisa Beni<\/span><\/p>\n<p><span style=\"color: #008000;\">Articulo publicado el 24 de marzo de 2018 en:\u00a0<\/span><\/p>\n<p><a href=\"https:\/\/www.eldiario.es\/zonacritica\/negros-Llarena_6_753534650.html\" target=\"_blank\" rel=\"noopener\"><span style=\"color: #008000;\">https:\/\/www.eldiario.es\/zonacritica\/negros-Llarena_6_753534650.html<\/span><\/a><\/p>\n<p>&nbsp;<\/p>\n<blockquote>\n<p style=\"text-align: justify;\"><span style=\"color: #008000;\"><strong><span style=\"font-size: 14pt;\">Todo escritor de ficci\u00f3n sabe que para conseguir la adhesi\u00f3n del lector debe ser capaz de conseguir que la audiencia deje de lado el sentido cr\u00edtico y, por tanto, ignore las incoherencias o fantas\u00edas que contiene la obra de ficci\u00f3n<\/span><\/strong><\/span><\/p>\n<p style=\"text-align: justify;\"><span style=\"color: #008000; font-size: 14pt;\"><strong>All\u00ed, en el Tribunal Supremo, saben que cuentan con un p\u00fablico mayoritariamente entregado y creo que por eso no han cuidado demasiado estos extremos<\/strong><\/span><\/p>\n<p>&nbsp;<\/p>\n<\/blockquote>\n<figure id=\"attachment_10199\" aria-describedby=\"caption-attachment-10199\" style=\"width: 643px\" class=\"wp-caption aligncenter\"><a href=\"https:\/\/puntocritico.com\/ausajpuntocritico\/wp-content\/uploads\/2018\/03\/Tribunal-Supremo-Pablo-Llarena-Oviedo_EDIIMA20180324_0124_20.jpg\" rel=\"lightbox[10083]\"><img loading=\"lazy\" decoding=\"async\" class=\"wp-image-10199 size-full\" src=\"https:\/\/puntocritico.com\/ausajpuntocritico\/wp-content\/uploads\/2018\/03\/Tribunal-Supremo-Pablo-Llarena-Oviedo_EDIIMA20180324_0124_20.jpg\" alt=\"\" width=\"643\" height=\"362\" srcset=\"https:\/\/puntocritico.com\/ausajpuntocritico\/wp-content\/uploads\/2018\/03\/Tribunal-Supremo-Pablo-Llarena-Oviedo_EDIIMA20180324_0124_20.jpg 643w, https:\/\/puntocritico.com\/ausajpuntocritico\/wp-content\/uploads\/2018\/03\/Tribunal-Supremo-Pablo-Llarena-Oviedo_EDIIMA20180324_0124_20-300x169.jpg 300w\" sizes=\"auto, (max-width: 643px) 100vw, 643px\" \/><\/a><figcaption id=\"caption-attachment-10199\" class=\"wp-caption-text\"><span style=\"color: #008000;\">El juez del Tribunal Supremo Pablo Llarena. JOS\u00c9 LUIS CEREIJIDO \/ EFE<\/span><\/figcaption><\/figure>\n<p>&nbsp;<\/p>\n<p class=\"mce\" style=\"text-align: justify;\"><span style=\"font-family: arial, helvetica, sans-serif; font-size: 14pt;\">Ser magistrado del Tribunal Supremo es una categor\u00eda. Quiero decir que no es s\u00f3lo un destino, m\u00e1s o menos alto, sino que es de facto una de las tres categor\u00edas a las que han quedado reducidas las anteriormente existentes para el ascenso en la carrera judicial. Y eso marca muchas diferencias. Una de ellas es que cuando eres promovido a magistrado del Supremo puedes disfrutar de una legi\u00f3n de \u201cnegros\u201d que te ayudan en tu trabajo. Son otros jueces de categor\u00edas inferiores, muy bien pagados para lo que se estila en la judicatura, que ayudan a los llamados al Olimpo de los togados a estudiar los asuntos, buscar jurisprudencia o redactar y preparar las resoluciones. Los dem\u00e1s jueces se lo cuecen todo a pelo, pero los del Supremo, no. Los del Supremo tienen una pl\u00e9yade de negros que se llaman letrados.<\/span><\/p>\n<p class=\"mce\" style=\"text-align: justify;\"><span style=\"font-family: arial, helvetica, sans-serif; font-size: 14pt;\">Lo que es una novedad es que al cuerpo de letrados del Tribunal Supremo se hayan incorporado en los \u00faltimos tiempos otro tipo de \u201cnegros\u201d, pero es que la ficci\u00f3n tiene unas normas muy distintas a las del texto forense y no es de extra\u00f1ar que las huestes que trabajan en la salvaci\u00f3n de la patria hayan buscado refuerzos. Soy muy cr\u00edtica con el \u00faltimo auto dictado por el juez Llarena pero ya les avanzo que tengo claro que para criticar los textos, uno debe hacerlo interpretando las normas de cada g\u00e9nero. Algunos habr\u00e1 que pongan en tela de juicio mi capacidad para realizar una cr\u00edtica jur\u00eddica del auto de procesamiento dictado, pero hoy voy a rebatirles no alegando mi larga trayectoria en la informaci\u00f3n jur\u00eddica sino mis conocimientos ciertos en materia literaria y de ficci\u00f3n. No puedo leer en otra clave ese auto. Mi raz\u00f3n se rebela. Y ojo con eso porque en materia de rebeliones se est\u00e1 poniendo amplia y extensa la senda.<\/span><\/p>\n<section id=\"edi-ad-slot-intext\" class=\"md-advertisement md hspace no-adv-socios\" role=\"marquee\" data-google-query-id=\"COS9pIOih9oCFc-NGwodMSMLoQ\">\n<div id=\"google_ads_iframe_\/123333327\/eldiario.es\/noticia_intext_0__container__\" style=\"text-align: justify;\"><span style=\"font-family: arial, helvetica, sans-serif; font-size: 14pt;\">Los nuevos negros de Llarena han olvidado un concepto muy importante que ya defini\u00f3 en 1817 el poeta Coleridge y que se denomina \u201csuspensi\u00f3n de la incredulidad\u201d. Todo escritor de ficci\u00f3n sabe que para conseguir la adhesi\u00f3n del lector a su texto debe ser capaz de conseguir que la audiencia deje de lado el sentido cr\u00edtico, lo suspenda, y por tanto ignore las incoherencias, incompatibilidades, saltos en el vac\u00edo o directamente fantas\u00edas que contiene la obra de ficci\u00f3n. Sin cumplir ese requisito, la obra est\u00e1 perdida. All\u00ed, en el Tribunal Supremo, saben que cuentan con un p\u00fablico mayoritariamente entregado y creo que por eso no han cuidado demasiado estos extremos. Por eso han pegado saltos de tal magnitud que les llevan a afirmar que una manifestaci\u00f3n en un pa\u00eds democr\u00e1tico, de las caracter\u00edsticas que sea, es equiparable a unos militares entrando a tiros en un Parlamento. Lo han hecho y encima han resonado los aplausos. Si hubieran conseguido esa suspensi\u00f3n de la incredulidad de todos, no tendr\u00edamos que recordarles la enorme incoherencia que supone afirmar que durante el mes de octubre asistimos a unos hechos similares a los de mi adolescencia y que ni el Gobierno de la Naci\u00f3n ni nadie hiciera nada por impedirlos. Es decir, pretenden que aceptemos que durante todo ese tiempo tanto los ciudadanos como el Gobierno de Espa\u00f1a asistieron en directo a una revoluci\u00f3n violenta y que, por toda respuesta, se limitaron a enviar papelitos con resoluciones de un \u00f3rgano constitucional. Entiendo que alguna responsabilidad por dejaci\u00f3n de funciones deber\u00edan tener \u00bfno? No, no teman. La ciudadan\u00eda que est\u00e1 al otro lado de la cuarta pared se ha convencido ya de que todo esto fue un golpe de estado desde el momento uno y de que el relato que se ha armado para construir un delito en el que los hechos no encajan de manera alguna es incuestionable. P\u00fablico entregado. Emoci\u00f3n patri\u00f3tica o como quieran llamarla pero no resiste el m\u00e1s m\u00ednimo embate de la raz\u00f3n.<\/span><\/div>\n<\/section>\n<p class=\"mce\" style=\"text-align: justify;\"><span style=\"font-family: arial, helvetica, sans-serif; font-size: 14pt;\">Sucede que los buenos guionistas saben que los p\u00fablicos son diversos, las audiencias variopintas y que si sus obras van a ser exportadas y traducidas, es posible que algunos elementos demasiado locales se pierdan y hagan perder la suspensi\u00f3n de la incredulidad. Y mucho me temo que a los guionistas del Tribunal Supremo los defectos de su relato a la hora de lograr la \u201cwilling suspension of disbelief\u201d \u00a0le van a estallar en toda la cara. No s\u00f3lo a ellos, nos va a estallar a todos como naci\u00f3n y como sistema democr\u00e1tico.<\/span><\/p>\n<p class=\"mce\" style=\"text-align: justify;\"><span style=\"font-family: arial, helvetica, sans-serif; font-size: 14pt;\">\u00a0Insisto, como he hecho semana tras semana en este espacio, que esto es lo \u00fanico que a mi me importa. No estoy volcando aqu\u00ed mi opini\u00f3n sobre pat\u00e9ticas investiduras, enga\u00f1os colectivos o intentos de realizar secesiones unilaterales que siempre me parecieron imposibles. Estoy aqu\u00ed constatando, como tambi\u00e9n les he contado, que nuestro pa\u00eds corre un riesgo serio de tener problemas con el incumplimiento del art\u00edculo 7 de la Convenci\u00f3n Europea, como le ha sucedido a Polonia por el deterioro imparable de su Estado de Derecho.<\/span><\/p>\n<p class=\"mce\" style=\"text-align: justify;\"><span style=\"font-family: arial, helvetica, sans-serif; font-size: 14pt;\">La admisi\u00f3n a tr\u00e1mite de la denuncia de Jordi S\u00e1nchez por el Comit\u00e9 de Derechos Humanos de la ONU con sede en Ginebra, despu\u00e9s de que se le impidiera acudir a ser investido, ha sido recibida al parecer por esa opini\u00f3n p\u00fablica en suspenso de raz\u00f3n, como una especie de resoluci\u00f3n folcl\u00f3rica. Lo cierto es que el alto organismo ha decidido ordenar unas medidas cautelares por las cuales se insta al estado miembro, Espa\u00f1a, \u201ca que adopte todas las medidas necesarias para garantizar que S\u00e1nchez pueda ejercer sus derechos pol\u00edticos\u201d. Es la primera en toda la cara de los guionistas del Supremo. La incredulidad de la ONU no ha sido suspendida y Espa\u00f1a tiene obligaci\u00f3n de cumplir sus resoluciones si no quiere acabar fuera del tratado. Tras este fallo de \u201csuspension of disbelief\u201d vendr\u00e1n otros. La emocionalidad que precisa aceptar el relato de esa rebeli\u00f3n diferida y en fasc\u00edculos con su violencia de cart\u00f3n piedra va a ser muy dif\u00edcilmente aceptada por B\u00e9lgica, Gran Breta\u00f1a y Suiza. Cuando tales defecciones del arte novelesco del Tribunal Supremo comiencen a llegar en cascada, las voces que en Bruselas mascan la situaci\u00f3n inaceptable del Estado de Derecho en Espa\u00f1a, en lo relativo a la crisis catalana, van a plasmarse m\u00e1s all\u00e1 de las columnas de algunos periodistas. Y cuando el Tribunal Europeo de Derechos Humanos se pronuncie, que eso llegar\u00e1, sobre los incumplimientos del Convenio, no va a ser tan f\u00e1cil ech\u00e1rselo al coleto y seguir.<\/span><\/p>\n<p class=\"mce\" style=\"text-align: justify;\"><span style=\"font-family: arial, helvetica, sans-serif; font-size: 14pt;\">\u00a0A m\u00ed, lo de que el fin no justifica los medios me lo grabaron a fuego en mi educaci\u00f3n cristiana. Lo digo porque quiz\u00e1 el jefe de los negros tenga motivos para guardar algo de ese principio en el fondo de su ambici\u00f3n.\u00a0\u00a0<\/span><\/p>\n<p><a href=\"https:\/\/puntocritico.com\/ausajpuntocritico\/wp-content\/uploads\/2018\/03\/Mosca_Punto_Cr\u00edtico_40.png\" rel=\"lightbox[10083]\"><img loading=\"lazy\" decoding=\"async\" class=\"aligncenter wp-image-9528\" src=\"https:\/\/puntocritico.com\/ausajpuntocritico\/wp-content\/uploads\/2018\/03\/Mosca_Punto_Cr\u00edtico_40.png\" alt=\"\" width=\"40\" height=\"40\" \/><\/a><\/p>\n<p>&nbsp;<\/p>\n<h1 class=\"pg-headline\" style=\"text-align: center;\"><a id=\"ref32\"><\/a><a href=\"#ref32a\">[32]<\/a> Los j\u00f3venes \u00abson cada vez m\u00e1s machistas\u00bb y \u00abvivimos un retroceso\u00bb: una alarma social sin evidencias<\/h1>\n<p><span style=\"font-size: 14pt;\">Por Marta Borraz<\/span><\/p>\n<p><span style=\"color: #008000;\">Articulo publicado el 24 de marzo de 2018 en:\u00a0<\/span><\/p>\n<p><a href=\"https:\/\/www.eldiario.es\/sociedad\/adolescentes-machistas-maltratan-alarma-realidad_0_744726384.html\" target=\"_blank\" rel=\"noopener\">https:\/\/www.eldiario.es\/sociedad\/adolescentes-machistas-maltratan-alarma-realidad_0_744726384.html<\/a><\/p>\n<p>&nbsp;<\/p>\n<blockquote>\n<p style=\"text-align: justify;\"><span style=\"font-size: 14pt; color: #008000;\"><strong>Las\u00a0denuncias por violencia de g\u00e9nero en menores han aumentado, pero las expertas huyen del fatalismo que relaciona las cifras con un incremento del maltrato en la adolescencia respecto a generaciones anteriores<\/strong><\/span><\/p>\n<div class=\"subtitle bkn mce sk2\" style=\"text-align: justify;\">\n<p><span style=\"font-size: 14pt; color: #008000;\"><strong>\u00abSolo desde una visi\u00f3n idealizada del pasado se puede asegurar\u00a0esto\u00bb, explica la experta Mar\u00eda Antonia Caro<\/strong><\/span><\/p>\n<p><span style=\"font-size: 14pt; color: #008000;\"><strong>Alertan de\u00a0la pervivencia\u00a0de comportamientos machistas y sexistas en la juventud, pero tambi\u00e9n aseguran que los valores de igualdad est\u00e1n calando<\/strong><\/span><\/p>\n<\/div>\n<p style=\"text-align: justify;\">\u00a0<\/p>\n<\/blockquote>\n<figure id=\"attachment_10200\" aria-describedby=\"caption-attachment-10200\" style=\"width: 643px\" class=\"wp-caption aligncenter\"><a href=\"https:\/\/puntocritico.com\/ausajpuntocritico\/wp-content\/uploads\/2018\/03\/juicio-menores-marroquies-Facebook-aplazado_EDIIMA20131011_0120_35.jpg\" rel=\"lightbox[10083]\"><img loading=\"lazy\" decoding=\"async\" class=\"wp-image-10200 size-full\" src=\"https:\/\/puntocritico.com\/ausajpuntocritico\/wp-content\/uploads\/2018\/03\/juicio-menores-marroquies-Facebook-aplazado_EDIIMA20131011_0120_35.jpg\" alt=\"\" width=\"643\" height=\"409\" srcset=\"https:\/\/puntocritico.com\/ausajpuntocritico\/wp-content\/uploads\/2018\/03\/juicio-menores-marroquies-Facebook-aplazado_EDIIMA20131011_0120_35.jpg 643w, https:\/\/puntocritico.com\/ausajpuntocritico\/wp-content\/uploads\/2018\/03\/juicio-menores-marroquies-Facebook-aplazado_EDIIMA20131011_0120_35-300x191.jpg 300w\" sizes=\"auto, (max-width: 643px) 100vw, 643px\" \/><\/a><figcaption id=\"caption-attachment-10200\" class=\"wp-caption-text\"><span style=\"color: #008000;\">Las redes sociales amplifican el control que se da en las relaciones de pareja en la adolescencia EFE<\/span><\/figcaption><\/figure>\n<p class=\"mce\" style=\"text-align: justify;\"><span style=\"font-size: 14pt;\">Las cifras salpican los titulares cada cierto tiempo.\u00a0Hablan de un aumento de las denuncias y un incremento de los\u00a0detenidos desde hace unos a\u00f1os.\u00a0<a class=\"mce\" href=\"https:\/\/www.eldiario.es\/sociedad\/menores-investigados-violencia-triplica-ultimos_0_744375954.html\" target=\"_blank\" rel=\"noopener\">El n\u00famero de chicos de entre 14 y 17 a\u00f1os\u00a0investigados por violencia de g\u00e9nero<\/a>\u00a0se ha triplicado en los \u00faltimos nueve a\u00f1os y los jueces\u00a0han destacado\u00a0el incremento de los menores enjuiciados. En medio de los datos no son poco frecuentes las referencias a un supuesto \u00abretroceso\u00bb que tiene como protagonistas a adolescentes de los que se afirma ser m\u00e1s agresivos o violentos con sus parejas mujeres. Pero, \u00bfcu\u00e1nto hay de alarma y cu\u00e1nto de realidad? \u00bfSon los j\u00f3venes cada vez m\u00e1s machistas? \u00bfEjercen m\u00e1s violencia?<\/span><\/p>\n<p class=\"mce\" style=\"text-align: justify;\"><span style=\"font-size: 14pt;\">\u00abSolo desde una visi\u00f3n idealizada del pasado se puede asegurar\u00a0esto. Los datos que tenemos disponibles no lo avalan. Hay violencia en la juventud y perviven los comportamientos machistas y sexistas, por supuesto, pero no podemos dejarnos llevar por alarmas sociales si queremos afinar en el diagn\u00f3stico. De otra manera, solo contribuiremos a naturalizar el problema o creer que\u00a0es posible afrontarlo con pol\u00edticas punitivas, cuando en realidad es\u00a0algo social\u00bb, explica Mar\u00eda Antonia Caro, educadora social y coordinadora del programa Por los Buenos Tratos, de la ONG\u00a0Acci\u00f3n En Red.<\/span><\/p>\n<p class=\"mce\" style=\"text-align: justify;\"><span style=\"font-size: 14pt;\">De hecho, no existen estudios que\u00a0demuestre que los j\u00f3venes ejercen m\u00e1s violencia de g\u00e9nero que antes o que el resto de la poblaci\u00f3n. Por otro lado, las investigaciones referidas a la adolescencia y el machismo son relativamente recientes. De lo que s\u00ed hay constancia es del aumento de los menores enjuiciados. Seg\u00fan<a class=\"mce\" href=\"https:\/\/www.eldiario.es\/sociedad\/denuncias-victimas-violencia-machista-historico_0_749275182.html\" target=\"_blank\" rel=\"noopener\">\u00a0\u00a0el Consejo General del Poder Judicial, el n\u00famero pas\u00f3 de 179 en 2016 a 266 en 2017.<\/a>\u00a0De acuerdo con los\u00a0datos aportados por el Gobierno,\u00a0la cifra de menores investigados en los diez primeros meses del a\u00f1o pasado fue la m\u00e1s alta de los \u00faltimos nueve.<\/span><\/p>\n<p class=\"mce\" style=\"text-align: justify;\"><span style=\"font-size: 14pt;\">Para las expertas consultadas, esto se debe a varios factores, entre ellos, el incremento de las denuncias. \u00bfSignifica esto que las j\u00f3venes sufren m\u00e1s violencia de g\u00e9nero que a\u00f1os atr\u00e1s? \u00abLo que est\u00e1 claro es que cada vez hay mayor conciencia y se est\u00e1 detectando m\u00e1s porque hay una mayor sensibilizaci\u00f3n. \u00bfHay m\u00e1s violencia que antes? No lo sabemos\u00bb, argumenta Carmen Ruiz Repullo, soci\u00f3loga y autora del informe\u00a0<a class=\"mce\" href=\"http:\/\/www.observatoriodelainfancia.es\/oia\/esp\/descargar.aspx?id=4879&amp;tipo=documento\" target=\"_blank\" rel=\"noopener\">\u00a0Voces tras los datos. Una mirada cualitativa de la violencia de g\u00e9nero en adolescentes.<\/a><\/span><\/p>\n<h3 style=\"text-align: justify;\"><span style=\"font-size: 14pt;\">\u00abMirada uniformadora\u00bb<\/span><\/h3>\n<p class=\"mce\" style=\"text-align: justify;\"><span style=\"font-size: 14pt;\">El estudio incide en que \u00abno debe practicarse una relaci\u00f3n directa entre aumento de denuncias y aumento de la violencia de g\u00e9nero\u00bb porque detr\u00e1s de las cifras podr\u00eda estar \u00abuna mayor conciencia sobre esta problem\u00e1tica, as\u00ed como un mayor nivel de recursos p\u00fablicos destinados a proteger a las mujeres\u00bb. Eso sin pasar por alto que \u00ablas transformaciones en las relaciones de g\u00e9nero, en la medida en que la igualdad avanza, los hombres ven cuestionado su papel y utilizan la violencia para conservarlo\u00bb.<\/span><\/p>\n<p class=\"mce\" style=\"text-align: justify;\"><span style=\"font-size: 14pt;\">Las expertas arrojan tambi\u00e9n otras variables que pueden explicar el incremento de los datos, adem\u00e1s de una mayor sensibilizaci\u00f3n.\u00a0Una de ellas \u00abes que la edad de inicio de las relaciones se ha adelantado con respecto a hace 15 a\u00f1os, as\u00ed que hay m\u00e1s volumen de parejas que antes\u00bb, explica Olga Barroso, que ha trabajado en\u00a0el recurso especializado en violencia de g\u00e9nero y adolescencia de la Comunidad de Madrid.\u00a0Adem\u00e1s, la Ley de Violencia de G\u00e9nero de 2004 ampli\u00f3 el concepto de violencia machista, \u00ablo que puede contribuir a que m\u00e1s j\u00f3venes lleguen a juicio\u00bb, dice Caro, autora junto a Bel\u00e9n Gonz\u00e1lez Paredes del estudio\u00a0<a class=\"mce\" href=\"http:\/\/www.accionenredmadrid.org\/jovenes-y-violencia-sexista-alarmas-profecias-y-realidades\/\" target=\"_blank\" rel=\"noopener\">\u00a0J\u00f3venes y violencia sexista: Alarmas, profec\u00edas y realidades.<\/a><\/span><\/p>\n<p class=\"mce\" style=\"text-align: justify;\"><span style=\"font-size: 14pt;\">El informe alerta sobre \u00abuna mirada uniformadora\u00bb que se esconde tras las afirmaciones que llevan a pensar que la juventud es m\u00e1s machista o violenta que generaciones anteriores. \u00abNo hay datos para el fatalismo. Adem\u00e1s no debemos escurrir el bulto de esa manera. Si los adultos no estamos reconociendo que la sociedad es machista ni actuando en consecuencia, no podemos poner esa carga en los que vienen detr\u00e1s\u00bb, cuenta Barroso, que, no obstante, piensa que s\u00ed vivimos un momento de recrudecimiento de los mensajes culturales machistas.<\/span><\/p>\n<h3 style=\"text-align: justify;\"><span style=\"font-size: 14pt;\">El control y los celos<\/span><\/h3>\n<p class=\"mce\" style=\"text-align: justify;\"><span class=\"mce\" style=\"font-size: 14pt;\">Otra de las certezas que tienen\u00a0las expertas es que los valores en igualdad est\u00e1n calando en la sociedad: \u00abLos valores que tiene esta generaci\u00f3n no los tuvo la m\u00eda. En mi \u00e9poca eran que la mujer deb\u00eda ser esposa, quedarse en casa y acatar lo que dec\u00eda el var\u00f3n. Ahora no. Esto no quiere decir que no haya comportamientos que contradigan los valores en igualdad, pero no hay que menospreciarlo\u00bb, opina Caro. Eso s\u00ed, insiste, sin pasar por alto que actualmente \u00abperviven rasgos sexistas y se legitiman comportamientos abusivos y violentos inadmisibles entre los j\u00f3venes\u00bb.<\/span><\/p>\n<p class=\"mce\" style=\"text-align: justify;\"><span style=\"font-size: 14pt;\"><span class=\"mce\">De hecho, un estudio elaborado por el CIS en el a\u00f1o 2015 conclu\u00eda que el 33% de los j\u00f3venes espa\u00f1oles consideran aceptable que su pareja le controle.\u00a0<\/span><span class=\"mce\">\u00a0A<\/span><span class=\"mce\">\u00a0unque el porcentaje de adolescentes que consideran la violencia machista un problema grave va en aumento, los celos, el control y una concepci\u00f3n t\u00f3xica de las relaciones de pareja siguen presentes en su imaginario. As\u00ed lo corroboran la mayor\u00eda de informes, que identifican\u00a0<a class=\"mce\" href=\"https:\/\/www.eldiario.es\/cv\/Machismo-adolescentes-celos-amor-violencia_0_748226085.html\" target=\"_blank\" rel=\"noopener\">\u00a0el control en el noviazgo<\/a>\u00a0como uno de los problemas fundamentales, que incluso es legitimado en mayor grado que el resto de la poblaci\u00f3n.\u00a0<\/span>Un control, que explica Caro, est\u00e1 favorecido \u00abpor el extendido uso de Internet y las redes sociales\u00bb.\u00a0<\/span><\/p>\n<p class=\"mce\" style=\"text-align: justify;\"><span style=\"font-size: 14pt;\">Todas las expertas apuestan por hacer un diagn\u00f3stico de la violencia en la adolescencia que no caiga en lugares comunes, teniendo en cuenta la especificidad del maltrato que se da entre j\u00f3venes sin perder de vista el grado de comportamientos machistas que se siguen dando. Para ello,\u00a0argumenta Caro, \u00abes imprescindible una evaluaci\u00f3n de pol\u00edticas p\u00fablicas para adaptarlas a la juventud huyendo de las alarmas sociales porque no ayudan en nada a la reflexi\u00f3n y a la investigaci\u00f3n\u00bb.<\/span><\/p>\n<p style=\"text-align: justify;\"><a href=\"https:\/\/puntocritico.com\/ausajpuntocritico\/wp-content\/uploads\/2018\/03\/Mosca_Punto_Cr\u00edtico_40.png\" rel=\"lightbox[10083]\"><img loading=\"lazy\" decoding=\"async\" class=\"wp-image-9528 aligncenter\" src=\"https:\/\/puntocritico.com\/ausajpuntocritico\/wp-content\/uploads\/2018\/03\/Mosca_Punto_Cr\u00edtico_40.png\" alt=\"\" width=\"40\" height=\"40\" \/><\/a><\/p>\n<div class=\"article-content\">\n<div class=\"column left-side\">\n<div class=\"article-body\">\n<p>&nbsp;<\/p>\n<h1 class=\"pg-headline\" style=\"text-align: center;\"><a id=\"ref33\"><\/a><a href=\"#ref33a\">[33]<\/a> \u00bfUsas bitcoin? La NSA comenz\u00f3 a espiarte en 2013<\/h1>\n<p><span style=\"font-size: 14pt;\">Por David Sarabia<\/span><\/p>\n<p><span style=\"color: #008000;\">Articulo publicado el 23 de marzo en:\u00a0<\/span><\/p>\n<p><a href=\"https:\/\/www.eldiario.es\/tecnologia\/Usas-bitcoin-NSA-comenzo-espiarte_0_753125357.html\" target=\"_blank\" rel=\"noopener\">https:\/\/www.eldiario.es\/tecnologia\/Usas-bitcoin-NSA-comenzo-espiarte_0_753125357.html<\/a><\/p>\n<p>&nbsp;<\/p>\n<div class=\"subtitle bkn mce sk2\">\n<blockquote>\n<p style=\"text-align: justify;\"><span style=\"font-size: 14pt;\"><strong><span style=\"color: #008000;\">Varios documentos filtrados a The Intercept por Edward Snowden revelan que la agencia de inteligencia estadounidense, con el pretexto del terrorismo, rastre\u00f3 a todos los usuarios de bitcoin del mundo<\/span><\/strong><\/span><\/p>\n<p>&nbsp;<\/p>\n<\/blockquote>\n<\/div>\n<figure id=\"attachment_10201\" aria-describedby=\"caption-attachment-10201\" style=\"width: 643px\" class=\"wp-caption aligncenter\"><a href=\"https:\/\/puntocritico.com\/ausajpuntocritico\/wp-content\/uploads\/2018\/03\/Usuarios-plataforma-japonesa-intentan-aprovechando_EDIIMA20180221_0488_19.jpg\" rel=\"lightbox[10083]\"><img loading=\"lazy\" decoding=\"async\" class=\"wp-image-10201 size-full\" src=\"https:\/\/puntocritico.com\/ausajpuntocritico\/wp-content\/uploads\/2018\/03\/Usuarios-plataforma-japonesa-intentan-aprovechando_EDIIMA20180221_0488_19.jpg\" alt=\"\" width=\"643\" height=\"357\" srcset=\"https:\/\/puntocritico.com\/ausajpuntocritico\/wp-content\/uploads\/2018\/03\/Usuarios-plataforma-japonesa-intentan-aprovechando_EDIIMA20180221_0488_19.jpg 643w, https:\/\/puntocritico.com\/ausajpuntocritico\/wp-content\/uploads\/2018\/03\/Usuarios-plataforma-japonesa-intentan-aprovechando_EDIIMA20180221_0488_19-300x167.jpg 300w\" sizes=\"auto, (max-width: 643px) 100vw, 643px\" \/><\/a><figcaption id=\"caption-attachment-10201\" class=\"wp-caption-text\"><span style=\"color: #008000;\">Bitcoin<\/span><\/figcaption><\/figure>\n<p class=\"mce\" style=\"text-align: justify;\"><span style=\"font-size: 14pt; font-family: arial, helvetica, sans-serif;\">Todo el que use bitcoin ya es un viejo conocido de la NSA: la Agencia de Seguridad Nacional de los EEUU lleva rastreando a los usuarios que operan con la criptodivisa en el mundo desde el a\u00f1o 2013. Es algo que no hemos sabido hasta hace pocos d\u00edas, gracias a los documentos clasificados que Edward Snowden, exagente de la agencia de inteligencia estadounidense,\u00a0<a class=\"mce\" href=\"https:\/\/theintercept.com\/2018\/03\/20\/the-nsa-worked-to-track-down-bitcoin-users-snowden-documents-reveal\/\" target=\"_blank\" rel=\"noopener\">ha filtrado a The Intercept<\/a>.<\/span><\/p>\n<p class=\"mce\" style=\"text-align: justify;\"><span style=\"font-size: 14pt; font-family: arial, helvetica, sans-serif;\">Snowden puso el mundo patas arriba cuando precisamente ese mismo a\u00f1o, 2013, filtr\u00f3 a\u00a0<a class=\"mce\" href=\"https:\/\/www.theguardian.com\/world\/2013\/jun\/06\/us-tech-giants-nsa-data\" target=\"_blank\" rel=\"noopener\">\u00a0The Guardian<\/a>\u00a0y al\u00a0<a class=\"mce\" href=\"http:\/\/www.washingtonpost.com\/wp-srv\/special\/politics\/prism-collection-documents\/\" target=\"_blank\" rel=\"noopener\">Washington Post<\/a>\u00a0uno de los mayores esc\u00e1ndalos de espionaje de un gobierno a su poblaci\u00f3n de los \u00faltimos tiempos. Mediante el\u00a0<a class=\"mce\" href=\"https:\/\/es.wikipedia.org\/wiki\/PRISM\" target=\"_blank\" rel=\"noopener\">proyecto PRISM<\/a>, varias grandes compa\u00f1\u00edas de los EEUU como Facebook, Google, Yahoo, AOL o Microsoft, entre otras, espiaron las comunicaciones de millones de ciudadanos en ese pa\u00eds.<\/span><\/p>\n<section id=\"edi-ad-slot-intext\" class=\"md-advertisement md hspace no-adv-socios\" role=\"marquee\" data-google-query-id=\"CPH4uYymh9oCFUmlUQodTHoE7A\">\n<div id=\"google_ads_iframe_\/123333327\/eldiario.es\/noticia_intext_0__container__\" style=\"text-align: justify;\"><span style=\"font-size: 14pt; font-family: arial, helvetica, sans-serif;\">Los documentos que el\u00a0<em class=\"mce\">whistleblower<\/em>\u00a0(filtrador) ha mandado ahora a The Intercept tienen el t\u00edpico aspecto de los papeles en los que\u00a0<a class=\"mce\" href=\"https:\/\/theintercept.com\/document\/2018\/03\/20\/pages-from-oakstar-weekly-2013-03-08\/\" target=\"_blank\" rel=\"noopener\">nunca querr\u00edas que estuviera tu nombre<\/a>. Son cuatro p\u00e1ginas\u00a0con tachones que corresponden a varios boletines semanales internos de la NSA para las semanas que van del 8 de marzo al 5 de\u00a0abril de 2013. All\u00ed se\u00a0repiten\u00a0dos nombres, MONKEYROCKET y OAKSTAR; y entre uno y otro, un p\u00e1rrafo\u00a0<a class=\"mce\" href=\"https:\/\/theintercept.com\/document\/2018\/03\/20\/pages-from-oakstar-weekly-2013-03-08\/\" target=\"_blank\" rel=\"noopener\">\u00a0en el primer bolet\u00edn<\/a>\u00a0que dice lo siguiente: \u00ablos analistas han descubierto\u00a0que un valor en MONKEYROCKET puede ayudar a rastrear a los emisores y receptores de bitcoin\u00bb.<\/span><\/div>\n<div><span style=\"font-size: 14pt; font-family: arial, helvetica, sans-serif;\">\u00a0<\/span><\/div>\n<\/section>\n<\/div>\n<div style=\"text-align: justify;\"><span style=\"font-size: 14pt; font-family: arial, helvetica, sans-serif;\">\u00a0<\/span><\/div>\n<div class=\"article-body\">\n<figure id=\"attachment_10202\" aria-describedby=\"caption-attachment-10202\" style=\"width: 643px\" class=\"wp-caption aligncenter\"><a href=\"https:\/\/puntocritico.com\/ausajpuntocritico\/wp-content\/uploads\/2018\/03\/Documentos-NSA-OAKSTAR-MONKEYROCKET_EDIIMA20180323_0972_19.jpg\" rel=\"lightbox[10083]\"><img loading=\"lazy\" decoding=\"async\" class=\"wp-image-10202 size-full\" src=\"https:\/\/puntocritico.com\/ausajpuntocritico\/wp-content\/uploads\/2018\/03\/Documentos-NSA-OAKSTAR-MONKEYROCKET_EDIIMA20180323_0972_19.jpg\" alt=\"\" width=\"643\" height=\"317\" srcset=\"https:\/\/puntocritico.com\/ausajpuntocritico\/wp-content\/uploads\/2018\/03\/Documentos-NSA-OAKSTAR-MONKEYROCKET_EDIIMA20180323_0972_19.jpg 643w, https:\/\/puntocritico.com\/ausajpuntocritico\/wp-content\/uploads\/2018\/03\/Documentos-NSA-OAKSTAR-MONKEYROCKET_EDIIMA20180323_0972_19-300x148.jpg 300w\" sizes=\"auto, (max-width: 643px) 100vw, 643px\" \/><\/a><figcaption id=\"caption-attachment-10202\" class=\"wp-caption-text\"><span style=\"color: #008000; font-size: 14pt; font-family: arial, helvetica, sans-serif;\">Documentos de la NSA sobre OAKSTAR y MONKEYROCKET<\/span><\/figcaption><\/figure><\/p>\n<p style=\"text-align: justify;\">\u00a0<\/p>\n<h3 style=\"text-align: justify;\"><span style=\"font-size: 14pt; font-family: arial, helvetica, sans-serif;\">Objetivo: el terrorismo (y de paso todo el que use bitcoin)<\/span><\/h3>\n<p class=\"mce\" style=\"text-align: justify;\"><span style=\"font-size: 14pt; font-family: arial, helvetica, sans-serif;\">Como PRISM, la NSA lanz\u00f3 el programa OAKSTAR en 2013, basado en cientos de alianzas encubiertas con grandes empresas que les permit\u00edan \u00abmirar\u00bb entre los paquetes de datos de Internet.\u00a0<a class=\"mce\" href=\"https:\/\/theintercept.com\/document\/2018\/03\/20\/pages-from-second-look-sso20mar2012-wstormbrewmap\/\" target=\"_blank\" rel=\"noopener\">Seg\u00fan los documentos de la agencia<\/a>, MONKEYROCKET surgi\u00f3 a partir de este y fue usado sobre todo en Europa, Oriente Medio, Sudam\u00e9rica y Asia. En la primavera de ese a\u00f1o, MONKEYROCKET ser\u00e1 \u00abla \u00fanica fuente de SIGDEV para los objetivos bitcoin\u00bb y la NSA atribuir\u00e1 a los datos obtenidos a trav\u00e9s del software el calificativo de \u00abvigilancia completa\u00bb. Ese t\u00e9rmino lo utiliza la agencia estadounidense\u00a0<a class=\"mce\" href=\"https:\/\/theintercept.com\/document\/2018\/03\/20\/entry-from-ssodictionary-v1-0\/\" target=\"_blank\" rel=\"noopener\">\u00a0para indicar que toda la informaci\u00f3n recopilada<\/a>\u00a0ha sido vista y examinada por sus agentes. Las siglas SIGDEV, seg\u00fan The Intercept, es la abreviatura que usan para referirse a la inteligencia de desarrollo de se\u00f1ales (SIGnals intelligence DEVelopment).<\/span><\/p>\n<p class=\"mce\" style=\"text-align: justify;\"><span style=\"font-size: 14pt; font-family: arial, helvetica, sans-serif;\">Adem\u00e1s, la NSA sugiere en sus documentos internos combinar el uso de ambos programas con XKeyScore, el software principal con el que la agencia recababa informaci\u00f3n sobre sus ciudadanos. Seg\u00fan Glen Greenwald, uno de los periodistas de The Guardian que desvel\u00f3\u00a0el gran caso de espionaje en 2013, \u00abXKeyscore les permite escuchar las llamadas o leer los correos electr\u00f3nicos de todo lo que la NSA ha almacenado, mirar los historiales de navegaci\u00f3n o t\u00e9rminos de b\u00fasqueda de Google introducidos, y tambi\u00e9n les avisa de cualquier actividad futura de la persona conectada a ese correo electr\u00f3nico o direcci\u00f3n IP\u00bb.<\/span><\/p>\n<p class=\"mce\" style=\"text-align: justify;\"><span style=\"font-size: 14pt; font-family: arial, helvetica, sans-serif;\">La agencia de inteligencia estadounidense introdujo MONKEYROCKET de forma camuflada en pa\u00edses como Ir\u00e1n y China desde el verano de 2012. Una \u00abestrategia a largo plazo\u00bb, seg\u00fan la NSA, cuyo fin era atraer objetivos \u00abrelacionados con el terrorismo, incluyendo a Al-Qaeda\u00bb. El software se promocionaba con otros nombres como una herramienta para obtener anonimato en l\u00ednea, pero no era m\u00e1s que una trampa.<\/span><\/p>\n<figure id=\"attachment_10203\" aria-describedby=\"caption-attachment-10203\" style=\"width: 643px\" class=\"wp-caption aligncenter\"><a href=\"https:\/\/puntocritico.com\/ausajpuntocritico\/wp-content\/uploads\/2018\/03\/Datos-MONKEYROCKET_EDIIMA20180323_0968_19.jpg\" rel=\"lightbox[10083]\"><img loading=\"lazy\" decoding=\"async\" class=\"wp-image-10203 size-full\" src=\"https:\/\/puntocritico.com\/ausajpuntocritico\/wp-content\/uploads\/2018\/03\/Datos-MONKEYROCKET_EDIIMA20180323_0968_19.jpg\" alt=\"\" width=\"643\" height=\"317\" srcset=\"https:\/\/puntocritico.com\/ausajpuntocritico\/wp-content\/uploads\/2018\/03\/Datos-MONKEYROCKET_EDIIMA20180323_0968_19.jpg 643w, https:\/\/puntocritico.com\/ausajpuntocritico\/wp-content\/uploads\/2018\/03\/Datos-MONKEYROCKET_EDIIMA20180323_0968_19-300x148.jpg 300w\" sizes=\"auto, (max-width: 643px) 100vw, 643px\" \/><\/a><figcaption id=\"caption-attachment-10203\" class=\"wp-caption-text\"><span style=\"color: #008000; font-size: 14pt; font-family: arial, helvetica, sans-serif;\">Datos de MONKEYROCKET<\/span><\/figcaption><\/figure>\n<h3 style=\"text-align: justify;\"><span style=\"font-size: 14pt; font-family: arial, helvetica, sans-serif;\">Bitcoin, prioridad\u00a0n\u00famero uno<\/span><\/h3>\n<p class=\"mce\" style=\"text-align: justify;\"><span style=\"font-size: 14pt; font-family: arial, helvetica, sans-serif;\">\u00abBitcoin es la prioridad #1\u00bb, contin\u00faa la NSA. Se dice que la criptodivisa est\u00e1 descentralizada porque no hay ning\u00fan estado que la regule; y es pseudoan\u00f3nima porque, si bien se puede llegar a rastrear el origen y el destino de las transferencias, es dif\u00edcil hacerlo. Para conseguir bitcoin, el usuario tiene que \u00abminarlo\u00bb extray\u00e9ndolo de la\u00a0<em class=\"mce\">blockchain<\/em>(cadena de bloques) y utilizando la potencia de c\u00f3mputo de un ordenador. Mientras se escriben estas l\u00edneas, un bitcoin equivale a 8.627 d\u00f3lares, muy lejos del\u00a0m\u00e1ximo hist\u00f3rico (19.499 d\u00f3lares) que alcanz\u00f3 el pasado diciembre.<\/span><\/p>\n<p class=\"mce\" style=\"text-align: justify;\"><span style=\"font-size: 14pt; font-family: arial, helvetica, sans-serif;\">Todas las transferencias de bitcoin pueden consultarse en la<em class=\"mce\">blockchain<\/em>, pero la NSA fue mucho m\u00e1s all\u00e1: recopilaron contrase\u00f1as, actividad en Internet y direcciones MAC (un identificador \u00fanico que cada ordenador utiliza en Internet y que, a diferencia de la direcci\u00f3n IP, constituye una matr\u00edcula permanente del dispositivo con el que se navega por la Red).<\/span><\/p>\n<p class=\"mce\" style=\"text-align: justify;\"><span style=\"font-size: 14pt; font-family: arial, helvetica, sans-serif;\"><a class=\"mce\" href=\"https:\/\/theintercept.com\/document\/2018\/03\/20\/pages-from-oakstar-weekly-2013-03-29\/\" target=\"_blank\" rel=\"noopener\">En otro documento<\/a>\u00a0del 29 de marzo del mismo a\u00f1o, los analistas de la NSA se preguntan si deber\u00edan rastrear tambi\u00e9n informaci\u00f3n sobre las direcciones de Internet que visitan los usuarios de bitcoin, los puertos de sus ordenadores o las marcas de tiempo.<\/span><\/p>\n<h3 style=\"text-align: justify;\"><span style=\"font-size: 14pt; font-family: arial, helvetica, sans-serif;\">\u00abNo podemos permitirlo\u00bb<\/span><\/h3>\n<p class=\"mce\" style=\"text-align: justify;\"><span style=\"font-size: 14pt; font-family: arial, helvetica, sans-serif;\">\u00abLas agencias estadounidenses no tienen l\u00edmites a la hora de vulnerar los derechos de ciudadanos de otros pa\u00edses que usan bitcoin\u00bb, explica a eldiario.es Alberto G\u00f3mez Toribio, cofundador de NevTrace y CEO de Coinffeine, una casa de cambio de bitcoin. El inform\u00e1tico se muestra contundente y asegura que \u00abse est\u00e1n vulnerando los derechos de los usuarios de bitcoin en Europa y este caso deber\u00eda preocuparnos tanto como el espionaje a nuestros l\u00edderes pol\u00edticos\u00bb.<\/span><\/p>\n<p class=\"mce\" style=\"text-align: justify;\"><span style=\"font-size: 14pt; font-family: arial, helvetica, sans-serif;\">Seg\u00fan puede leerse en los documentos oficiales de la NSA, algunos analistas pretend\u00edan que la agencia guardase toda la informaci\u00f3n relativa a los usuarios de bitcoin en un archivo, \u00abProvider user full.csv\u00bb. Los archivos .csv suelen ser tablas para estructurar la informaci\u00f3n, de forma parecida a un documento .xls (Excel). Aunque The Intercept se ha puesto en contacto con la NSA, la agencia guarda silencio sobre la revelaci\u00f3n.<\/span><\/p>\n<p class=\"mce\" style=\"text-align: justify;\"><span style=\"font-size: 14pt; font-family: arial, helvetica, sans-serif;\">\u00abComo director de compa\u00f1\u00edas que operan con bitcoin, la noticia me preocupa mucho. Significa que nuestros clientes tienen menos derechos o son discriminados por usar una tecnolog\u00eda, y no podemos permitirlo\u00bb, concluye el especialista en bitcoin. En ning\u00fan lado, los documentos de la NSA filtrados por Snowden especifican si el programa de vigilancia ha terminado o sigue activo.<\/span><\/p>\n<\/div>\n<\/div>\n<\/div>\n<p>&nbsp;<\/p>\n<p><a href=\"https:\/\/puntocritico.com\/ausajpuntocritico\/wp-content\/uploads\/2018\/03\/Mosca_Punto_Cr\u00edtico_40.png\" rel=\"lightbox[10083]\"><img loading=\"lazy\" decoding=\"async\" class=\"aligncenter wp-image-9528\" src=\"https:\/\/puntocritico.com\/ausajpuntocritico\/wp-content\/uploads\/2018\/03\/Mosca_Punto_Cr\u00edtico_40.png\" alt=\"\" width=\"40\" height=\"40\" \/><\/a><\/p>\n<div class=\"article-content\">\n<div class=\"column left-side\">\n<div class=\"article-body\">\n<h1 class=\"pg-headline\" style=\"text-align: center;\"><a id=\"ref34\"><\/a><a href=\"#ref34a\">[34]<\/a> Sarkozy, imputado por financiar con dinero libio su campa\u00f1a de 2007<\/h1>\n<p><span style=\"font-size: 14pt;\">Por \u00abEldiario.es\u00bb<\/span><\/p>\n<p><span style=\"color: #008000;\">Articulo publicado el 21 de marzo de 2018 en:\u00a0<\/span><\/p>\n<p><a href=\"https:\/\/www.eldiario.es\/internacional\/Sarkozy-imputado-financiar-dinero-campana_0_752425949.html\" target=\"_blank\" rel=\"noopener\">https:\/\/www.eldiario.es\/internacional\/Sarkozy-imputado-financiar-dinero-campana_0_752425949.html<\/a><\/p>\n<p>&nbsp;<\/p>\n<div class=\"subtitle bkn mce sk2\">\n<blockquote>\n<p style=\"text-align: justify;\"><strong><span style=\"font-size: 14pt; color: #008000;\">Le acusan de\u00a0delitos de corrupci\u00f3n pasiva, financiaci\u00f3n ilegal de campa\u00f1a electoral y receptaci\u00f3n de dinero libio, seg\u00fan apuntan medios locales<\/span><\/strong><\/p>\n<\/blockquote>\n<\/div>\n<\/div>\n<div class=\"article-body\">\n<p>&nbsp;<\/p>\n<figure id=\"attachment_10206\" aria-describedby=\"caption-attachment-10206\" style=\"width: 643px\" class=\"wp-caption aligncenter\"><a href=\"https:\/\/puntocritico.com\/ausajpuntocritico\/wp-content\/uploads\/2018\/03\/Sarkozy-exministro-declaran-financiacion-campana_EDIIMA20180320_0196_19.jpg\" rel=\"lightbox[10083]\"><img loading=\"lazy\" decoding=\"async\" class=\"wp-image-10206 size-full\" src=\"https:\/\/puntocritico.com\/ausajpuntocritico\/wp-content\/uploads\/2018\/03\/Sarkozy-exministro-declaran-financiacion-campana_EDIIMA20180320_0196_19.jpg\" alt=\"\" width=\"643\" height=\"362\" srcset=\"https:\/\/puntocritico.com\/ausajpuntocritico\/wp-content\/uploads\/2018\/03\/Sarkozy-exministro-declaran-financiacion-campana_EDIIMA20180320_0196_19.jpg 643w, https:\/\/puntocritico.com\/ausajpuntocritico\/wp-content\/uploads\/2018\/03\/Sarkozy-exministro-declaran-financiacion-campana_EDIIMA20180320_0196_19-300x169.jpg 300w\" sizes=\"auto, (max-width: 643px) 100vw, 643px\" \/><\/a><figcaption id=\"caption-attachment-10206\" class=\"wp-caption-text\"><span style=\"color: #008000;\">Sarkozy en una imagen de archivo EFE<\/span><\/figcaption><\/figure>\n<p class=\"mce\" style=\"text-align: justify;\"><span style=\"font-size: 14pt; font-family: arial, helvetica, sans-serif;\">El expresidente de Francia Nicolas Sarkozy fue imputado hoy por haber financiado ilegalmente con dinero libio la campa\u00f1a electoral que en 2007 le llev\u00f3 al El\u00edseo y fue dejado en libertad bajo control judicial.<\/span><\/p>\n<p class=\"mce\" style=\"text-align: justify;\"><span style=\"font-size: 14pt; font-family: arial, helvetica, sans-serif;\">Tras unas 25 horas de interrogatorio bajo arresto, los jueces que instruyen la presunta financiaci\u00f3n il\u00edcita de su campa\u00f1a victoriosa le imputaron delitos de corrupci\u00f3n pasiva, financiaci\u00f3n ilegal de campa\u00f1a electoral y receptaci\u00f3n de dinero libio, seg\u00fan apuntan medios locales.<\/span><\/p>\n<section id=\"edi-ad-slot-intext\" class=\"md-advertisement md hspace no-adv-socios\" role=\"marquee\" data-google-query-id=\"CJr9-PGth9oCFY8N0wodfJAEUA\">\n<div id=\"google_ads_iframe_\/123333327\/eldiario.es\/noticia_intext_0__container__\" style=\"text-align: justify;\"><span style=\"font-family: arial, helvetica, sans-serif; font-size: 14pt; text-align: justify;\">Se trata de la segunda imputaci\u00f3n de Sarkozy por la justicia francesa, que ya le inculp\u00f3 en un caso de corrupci\u00f3n.<\/span><\/div>\n<\/section>\n<p class=\"mce\" style=\"text-align: justify;\"><span style=\"font-size: 14pt; font-family: arial, helvetica, sans-serif;\">El interrogatorio hab\u00eda comenzado este martes, y salvo un receso de 9 horas durante la noche, se prolong\u00f3 hasta las 19.00 horas de hoy (18.00 GMT), momento en el que fue presentado a los jueces.<\/span><\/p>\n<p class=\"mce\" style=\"text-align: justify;\"><span style=\"font-size: 14pt; font-family: arial, helvetica, sans-serif;\">Los agentes de la divisi\u00f3n anticorrupci\u00f3n (OCLCIFF) le interrogaron en la sede de la Polic\u00eda Judicial de Nanterre, en el extrarradio de Par\u00eds.<\/span><\/p>\n<p class=\"mce\" style=\"text-align: justify;\"><span style=\"font-size: 14pt; font-family: arial, helvetica, sans-serif;\">A falta de informaciones sobre el contenido de sus declaraciones, el abogado del exministro de Interior y brazo derecho de Sarkozy durante muchos a\u00f1os, Brice Hortefeux, -que la v\u00edspera pas\u00f3 quince horas ante los mismos polic\u00edas de la OCLCIFF- ofreci\u00f3 hoy alguna pista.<\/span><\/p>\n<p class=\"mce\" style=\"text-align: justify;\"><span style=\"font-size: 14pt; font-family: arial, helvetica, sans-serif;\">El letrado Jean-Yves Dupeux cont\u00f3 al canal \u00abBFMTV\u00bb que los agentes hab\u00edan bombardeado con al menos 200 preguntas a su cliente, que neg\u00f3 rotundamente que Sarkozy se hubiera beneficiado de una financiaci\u00f3n libia.<\/span><\/p>\n<p class=\"mce\" style=\"text-align: justify;\"><span style=\"font-size: 14pt; font-family: arial, helvetica, sans-serif;\">Hortefeux se\u00f1al\u00f3 en su cuenta de Twitter que \u00ablas precisiones aportadas deben permitir poner fin a una sucesi\u00f3n de errores y de mentiras\u00bb.<\/span><\/p>\n<p class=\"mce\" style=\"text-align: justify;\"><span style=\"font-size: 14pt; font-family: arial, helvetica, sans-serif;\">Esa posici\u00f3n, que incluye una queja de instrumentalizaci\u00f3n de la justicia, es la que ha mantenido cuando se le ha preguntado por este asunto al propio Sarkozy, que se ha esforzado por descalificar al que aparece como uno de los principales testimonios en su contra, el del marchante de armas e intermediario Ziad Takieddine.<\/span><\/p>\n<p class=\"mce\" style=\"text-align: justify;\"><span style=\"font-size: 14pt; font-family: arial, helvetica, sans-serif;\">Este turbio personaje, francoliban\u00e9s, es uno de los tres inculpados por ahora en este sumario abierto en enero de 2013 por cargos de corrupci\u00f3n, tr\u00e1fico de influencia y malversaci\u00f3n.<\/span><\/p>\n<p class=\"mce\" style=\"text-align: justify;\"><span style=\"font-size: 14pt; font-family: arial, helvetica, sans-serif;\">Como pruebas existe por ahora el documento publicado en abril de 2012 por el sitio de informaci\u00f3n \u00abM\u00e9diapart\u00bb: una nota de diciembre de 2006 de Musa Kusa, el que era jefe de los servicios secretos de Gadafi, sobre la concesi\u00f3n de una partida de 50 millones de euros para la campa\u00f1a de Sarkozy.<\/span><\/p>\n<p class=\"mce\" style=\"text-align: justify;\"><span style=\"font-size: 14pt; font-family: arial, helvetica, sans-serif;\">A falta de identificar formalmente giros bancarios directos desde Libia a las cuentas del candidato Sarkozy, los investigadores han constatado que los responsables de los preparativos electorales manejaban mucho dinero en efectivo.<\/span><\/p>\n<p class=\"mce\" style=\"text-align: justify;\"><span style=\"font-size: 14pt; font-family: arial, helvetica, sans-serif;\">Su explicaci\u00f3n es que hab\u00edan recibido fondos de donantes an\u00f3nimos. Pero enfrente est\u00e1 el relato de Takieddine, quien, despu\u00e9s de haber dado diferentes versiones, en diciembre de 2016 acab\u00f3 confesando que \u00e9l mismo se encarg\u00f3, entre finales de 2006 y comienzos de 2007, del transporte entre Tr\u00edpoli y Par\u00eds de cinco millones de euros que entreg\u00f3 en mano al exministro Claude Gu\u00e9ant y al propio Sarkozy.\u00a0<\/span><\/p>\n<p class=\"mce\" style=\"text-align: justify;\"><span style=\"font-size: 14pt; font-family: arial, helvetica, sans-serif;\">Gu\u00e9ant, que fue el director de campa\u00f1a en 2007 y que durante la presidencia que comenz\u00f3 en mayo de ese a\u00f1o se encarg\u00f3 de muchas de las misiones francesas ante el r\u00e9gimen de Gadafi, es otro de los imputados en este sumario.<\/span><\/p>\n<p class=\"mce\" style=\"text-align: justify;\"><span style=\"font-size: 14pt; font-family: arial, helvetica, sans-serif;\">El tercero es el magnate saud\u00ed Khalid Bushan, al que se atribuye un giro en favor de Gu\u00e9ant de un mill\u00f3n de euros.<\/span><\/p>\n<\/div>\n<p><a href=\"https:\/\/puntocritico.com\/ausajpuntocritico\/wp-content\/uploads\/2018\/03\/Mosca_Punto_Cr\u00edtico_40.png\" rel=\"lightbox[10083]\"><img loading=\"lazy\" decoding=\"async\" class=\"aligncenter wp-image-9528\" src=\"https:\/\/puntocritico.com\/ausajpuntocritico\/wp-content\/uploads\/2018\/03\/Mosca_Punto_Cr\u00edtico_40.png\" alt=\"\" width=\"40\" height=\"40\" \/><\/a><\/p>\n<div class=\"article-body\">\n<h1 class=\"pg-headline\" style=\"text-align: center;\"><a id=\"ref35\"><\/a><a href=\"#ref35a\">[35]<\/a> La firma de hipotecas sobre viviendas sube un 9,2% interanual en enero y se dispara un 44% en el mes<\/h1>\n<p><span style=\"font-size: 14pt;\">Por \u00abEldiario.es\u00bb<\/span><\/p>\n<p><span style=\"color: #008000;\">Articulo publicado el 21 de marzo de 2018 en:<\/span><\/p>\n<p><a href=\"https:\/\/www.eldiario.es\/economia\/AMP-hipotecas-viviendas-interanual-dispara_0_752774812.html\" target=\"_blank\" rel=\"noopener\">https:\/\/www.eldiario.es\/economia\/AMP-hipotecas-viviendas-interanual-dispara_0_752774812.html<\/a><\/p>\n<p>&nbsp;<\/p>\n<blockquote>\n<p style=\"text-align: justify;\"><strong><span style=\"font-size: 14pt; color: #008000;\">El importe medio de las hipotecas sobre viviendas creci\u00f3 un 7,9% respecto a enero de 2017, hasta los 121.954 euros, mientras que el capital prestado subi\u00f3 un 17,8% en tasa interanual, hasta situarse en 3.631,5 millones de euros<\/span><\/strong><\/p>\n<\/blockquote>\n<p>&nbsp;<\/p>\n<p><figure id=\"attachment_10207\" aria-describedby=\"caption-attachment-10207\" style=\"width: 643px\" class=\"wp-caption aligncenter\"><a href=\"https:\/\/puntocritico.com\/ausajpuntocritico\/wp-content\/uploads\/2018\/03\/hipotecas-aumenta-Castilla-La-Mancha-noviembre_EDIIMA20170127_0085_22.jpg\" rel=\"lightbox[10083]\"><img loading=\"lazy\" decoding=\"async\" class=\"wp-image-10207 size-full\" src=\"https:\/\/puntocritico.com\/ausajpuntocritico\/wp-content\/uploads\/2018\/03\/hipotecas-aumenta-Castilla-La-Mancha-noviembre_EDIIMA20170127_0085_22.jpg\" alt=\"\" width=\"643\" height=\"362\" srcset=\"https:\/\/puntocritico.com\/ausajpuntocritico\/wp-content\/uploads\/2018\/03\/hipotecas-aumenta-Castilla-La-Mancha-noviembre_EDIIMA20170127_0085_22.jpg 643w, https:\/\/puntocritico.com\/ausajpuntocritico\/wp-content\/uploads\/2018\/03\/hipotecas-aumenta-Castilla-La-Mancha-noviembre_EDIIMA20170127_0085_22-300x169.jpg 300w\" sizes=\"auto, (max-width: 643px) 100vw, 643px\" \/><\/a><figcaption id=\"caption-attachment-10207\" class=\"wp-caption-text\"><span style=\"color: #008000;\">La firma de hipotecas sobre viviendas sube un 9,2% interanual en enero y se dispara un 44% en el mes<\/span><\/figcaption><\/figure>\n<\/div>\n<p>&nbsp;<\/p>\n<p class=\"mce\" style=\"text-align: justify;\"><span style=\"font-size: 14pt; font-family: arial, helvetica, sans-serif;\">El n\u00famero de hipotecas constituidas sobre viviendas inscritas en los registros de la propiedad se situ\u00f3 en 29.778 el pasado mes de enero, cifra un 9,2% superior a la del mismo mes de 2017, seg\u00fan ha informado este jueves el Instituto Nacional de Estad\u00edstica (INE), seg\u00fan informa Europa Press.<\/span><\/p>\n<p class=\"mce\" style=\"text-align: justify;\"><span style=\"font-size: 14pt; font-family: arial, helvetica, sans-serif;\">Con este repunte interanual, la firma de hipotecas sobre viviendas vuelve a subir despu\u00e9s del estancamiento registrado en diciembre de 2017 y de la ca\u00edda del 3,7% experimentada en noviembre del a\u00f1o pasado.<\/span><\/p>\n<section id=\"edi-ad-slot-intext\" class=\"md-advertisement md hspace no-adv-socios\" role=\"marquee\" data-google-query-id=\"CJm0jYGvh9oCFQmpUQod_4MAJA\">\n<div id=\"google_ads_iframe_\/123333327\/eldiario.es\/noticia_intext_0__container__\" style=\"text-align: justify;\"><span style=\"font-family: arial, helvetica, sans-serif; font-size: 14pt; text-align: justify;\">El importe medio de las hipotecas sobre viviendas creci\u00f3 un 7,9% respecto a enero de 2017, hasta los 121.954 euros, mientras que el capital prestado subi\u00f3 un 17,8% en tasa interanual, hasta situarse en 3.631,5 millones de euros.<\/span><\/div>\n<\/section>\n<p class=\"mce\" style=\"text-align: justify;\"><span style=\"font-size: 14pt; font-family: arial, helvetica, sans-serif;\">En tasa mensual (enero de 2018 sobre diciembre de 2017), las hipotecas sobre viviendas se dispararon un 44% y el capital prestado, un 51,9%. En ambos casos estos repuntes mensuales son los m\u00e1s elevados de los \u00faltimos cinco a\u00f1os.<\/span><\/p>\n<p class=\"mce\" style=\"text-align: justify;\"><span style=\"font-size: 14pt; font-family: arial, helvetica, sans-serif;\">Todas las regiones, salvo Canarias (-18,5%), presentaron en enero incrementos mensuales en el n\u00famero de hipotecas sobre viviendas, destacando los repuntes de Catalu\u00f1a (+63,4%), Murcia (+61,9%), Castilla y Le\u00f3n (+59,8%) y La Rioja (+59,7%).<\/span><\/p>\n<p class=\"mce\" style=\"text-align: justify;\"><span style=\"font-size: 14pt; font-family: arial, helvetica, sans-serif;\">El tipo de inter\u00e9s medio para los pr\u00e9stamos hipotecarios sobre viviendas alcanz\u00f3 el pasado mes de enero el 2,68%, frente al 3,12% del mismo mes de 2017, con un plazo medio de 24 a\u00f1os.<\/span><\/p>\n<p class=\"mce\" style=\"text-align: justify;\"><span style=\"font-size: 14pt; font-family: arial, helvetica, sans-serif;\">El 62,8% de las hipotecas sobre viviendas se constituy\u00f3 a tipo variable, en contraste con el 37,2% que se firm\u00f3 a tipo fijo. El tipo de inter\u00e9s medio al inicio para las hipotecas sobre viviendas a tipo variable se situ\u00f3 en el 2,52%, frente al 3,03% de las de tipo fijo.<\/span><\/p>\n<h3 style=\"text-align: justify;\"><span style=\"font-size: 14pt; font-family: arial, helvetica, sans-serif;\">Andaluc\u00eda y Madrid, a la cabeza<\/span><\/h3>\n<p class=\"mce\" style=\"text-align: justify;\"><span style=\"font-size: 14pt; font-family: arial, helvetica, sans-serif;\">Por comunidades aut\u00f3nomas, las que registraron el pasado mes de enero un mayor n\u00famero de hipotecas constituidas sobre viviendas fueron Andaluc\u00eda (5.775), Madrid (5.115) y Catalu\u00f1a (4.865).<\/span><\/p>\n<p class=\"mce\" style=\"text-align: justify;\"><span style=\"font-size: 14pt; font-family: arial, helvetica, sans-serif;\">En el primer mes del a\u00f1o, las comunidades que presentaron los mayores avances interanuales en el n\u00famero de hipotecas sobre viviendas fueron Castilla-La Mancha (+25,2%), La Rioja (+22,7%) y Galicia (+16,6%). Los \u00fanicos descensos correspondieron a Arag\u00f3n (-1,2%) y Extremadura (-0,8%).<\/span><\/p>\n<p class=\"mce\" style=\"text-align: justify;\"><span style=\"font-size: 14pt; font-family: arial, helvetica, sans-serif;\">Por su parte, las comunidades en las que se prest\u00f3 m\u00e1s capital para la constituci\u00f3n de hipotecas sobre viviendas fueron Madrid (917,4 millones), Catalu\u00f1a (698 millones) y Andaluc\u00eda (597,5 millones).<\/span><\/p>\n<p class=\"mce\" style=\"text-align: justify;\"><span style=\"font-size: 14pt; font-family: arial, helvetica, sans-serif;\">De acuerdo con los datos del organismo estad\u00edstico, durante el primer mes del a\u00f1o se constituyeron 41.831 hipotecas sobre fincas r\u00fasticas y urbanas (dentro de estas \u00faltimas se incluyen las viviendas), cifra que supone un aumento del 10,3% respecto a enero de 2017.<\/span><\/p>\n<p class=\"mce\" style=\"text-align: justify;\"><span style=\"font-size: 14pt; font-family: arial, helvetica, sans-serif;\">El capital de los cr\u00e9ditos hipotecarios concedidos repunt\u00f3 un 18,5% respecto al mismo mes de 2017, hasta los 6.069,8 millones de euros, en tanto que el importe medio de las hipotecas constituidas sobre el total de fincas ascendi\u00f3 a 145.103 euros, un 7,5% m\u00e1s.<\/span><\/p>\n<p class=\"mce\" style=\"text-align: justify;\"><span style=\"font-size: 14pt; font-family: arial, helvetica, sans-serif;\">El tipo de inter\u00e9s medio para el total de fincas se situ\u00f3 en el 2,65%, un 20% inferior al de enero de 2017, con un plazo medio de 22 a\u00f1os. Para las hipotecas a tipo variable, que representan el 65,7% del total, el tipo de inter\u00e9s medio fue del 2,36% al inicio, mientras que se situ\u00f3 en el 3,36% para las de tipo fijo.<\/span><\/p>\n<h3 style=\"text-align: justify;\"><span style=\"font-size: 14pt; font-family: arial, helvetica, sans-serif;\">Cambios registrales<\/span><\/h3>\n<p class=\"mce\" style=\"text-align: justify;\"><span style=\"font-size: 14pt; font-family: arial, helvetica, sans-serif;\">En cuanto a las hipotecas con cambios registrales, sumaron 7.129 en enero, un 30,4% menos que en el mismo mes de 2017. En viviendas, el n\u00famero de hipotecas que modifican sus condiciones disminuy\u00f3 un 16%.<\/span><\/p>\n<p class=\"mce\" style=\"text-align: justify;\"><span style=\"font-size: 14pt; font-family: arial, helvetica, sans-serif;\">Atendiendo a la clase de cambios en las condiciones, en enero se produjeron 5.741 novaciones (o modificaciones producidas con la misma finalidad financiera), con un descenso interanual del 33,4%.<\/span><\/p>\n<p class=\"mce\" style=\"text-align: justify;\"><span style=\"font-size: 14pt; font-family: arial, helvetica, sans-serif;\">El n\u00famero de operaciones que cambiaron de entidad (subrogaciones al acreedor) baj\u00f3 un 21,5%, mientras que el n\u00famero de hipotecas en las que cambi\u00f3 el titular del bien hipotecado (subrogaciones al deudor) subi\u00f3 un 5,6%.<\/span><\/p>\n<p class=\"mce\" style=\"text-align: justify;\"><span style=\"font-size: 14pt; font-family: arial, helvetica, sans-serif;\">De las 7.129 hipotecas que cambiaron sus condiciones el pasado mes de enero, el 41,4% se debieron a modificaciones en los tipos de inter\u00e9s.<\/span><\/p>\n<p class=\"mce\" style=\"text-align: justify;\"><span style=\"font-size: 14pt; font-family: arial, helvetica, sans-serif;\">Despu\u00e9s del cambio de condiciones, el porcentaje de hipotecas a inter\u00e9s fijo aument\u00f3 del 12% al 17,2% y el de hipotecas a inter\u00e9s variable cay\u00f3 del 87,2% al 81,7%.<\/span><\/p>\n<p class=\"mce\" style=\"text-align: justify;\"><span style=\"font-size: 14pt; font-family: arial, helvetica, sans-serif;\">El eur\u00edbor es el tipo al que se referencian la mayor\u00eda de las hipotecas a tipo variable tanto antes del cambio (74,5%) como despu\u00e9s (75,5%).<\/span><\/p>\n<p class=\"mce\" style=\"text-align: justify;\"><span style=\"font-size: 14pt; font-family: arial, helvetica, sans-serif;\">Tras la modificaci\u00f3n de condiciones, el inter\u00e9s medio de los pr\u00e9stamos en las hipotecas a tipo fijo retrocedi\u00f3 1,1 puntos, lo mismo que baj\u00f3 el de las hipotecas a tipo variable.<\/span><\/p>\n<p><a href=\"https:\/\/puntocritico.com\/ausajpuntocritico\/wp-content\/uploads\/2018\/03\/Mosca_Punto_Cr\u00edtico_40.png\" rel=\"lightbox[10083]\"><img loading=\"lazy\" decoding=\"async\" class=\"aligncenter wp-image-9528\" src=\"https:\/\/puntocritico.com\/ausajpuntocritico\/wp-content\/uploads\/2018\/03\/Mosca_Punto_Cr\u00edtico_40.png\" alt=\"\" width=\"40\" height=\"40\" \/><\/a><\/p>\n<div class=\"article-body\">\n<h1 class=\"pg-headline\" style=\"text-align: center;\"><a id=\"ref36\"><\/a><a href=\"#ref36a\">[36]<\/a> Marjaliza admite en el Congreso que financi\u00f3 campa\u00f1as del PP, PSOE e Izquierda Unida<\/h1>\n<p><span style=\"font-size: 14pt;\">Por Marta Barandela<\/span><\/p>\n<p><span style=\"color: #008000;\">Articulo publicado el 21 de marzo de 2018 en:\u00a0<\/span><\/p>\n<p><a href=\"https:\/\/www.eldiario.es\/politica\/Marjaliza-Congreso_0_752425393.html\" target=\"_blank\" rel=\"noopener\">https:\/\/www.eldiario.es\/politica\/Marjaliza-Congreso_0_752425393.html<\/a><\/p>\n<p>&nbsp;<\/p>\n<blockquote>\n<p style=\"text-align: justify;\"><span style=\"color: #008000;\"><strong><span style=\"font-size: 14pt;\">El exsocio de Francisco Granados explica que no puede contestar todav\u00eda a qu\u00e9 cargos p\u00fablicos financi\u00f3 y ratifica lo dicho en sede judicial<\/span><\/strong><\/span><\/p>\n<p style=\"text-align: justify;\"><span style=\"color: #008000;\"><strong><span style=\"font-size: 14pt;\">Seg\u00fan su relato, los empresarios que quisieran optar a contratos de urbanismo con el PP sab\u00edan que ten\u00edan que pagar comisiones para ser adjudicatarios<\/span><\/strong><\/span><\/p>\n<p style=\"text-align: justify;\"><span style=\"color: #008000;\"><strong><span style=\"font-size: 14pt;\">Marjaliza, que colabora desde 2015 con la investigaci\u00f3n, ha expresado su intenci\u00f3n de seguir haci\u00e9ndolo: \u00abVoy a llegar hasta el final, m\u00e1s all\u00e1 de que me peguen un tiro\u00bb<\/span><\/strong><\/span><\/p>\n<\/blockquote>\n<p>&nbsp;<\/p>\n<\/div>\n<figure id=\"attachment_10208\" aria-describedby=\"caption-attachment-10208\" style=\"width: 643px\" class=\"wp-caption aligncenter\"><a href=\"https:\/\/puntocritico.com\/ausajpuntocritico\/wp-content\/uploads\/2018\/03\/Marjaliza-electorales-PP-PSOE-IU_EDIIMA20180321_0864_4.jpg\" rel=\"lightbox[10083]\"><img loading=\"lazy\" decoding=\"async\" class=\"wp-image-10208 size-full\" src=\"https:\/\/puntocritico.com\/ausajpuntocritico\/wp-content\/uploads\/2018\/03\/Marjaliza-electorales-PP-PSOE-IU_EDIIMA20180321_0864_4.jpg\" alt=\"\" width=\"643\" height=\"362\" srcset=\"https:\/\/puntocritico.com\/ausajpuntocritico\/wp-content\/uploads\/2018\/03\/Marjaliza-electorales-PP-PSOE-IU_EDIIMA20180321_0864_4.jpg 643w, https:\/\/puntocritico.com\/ausajpuntocritico\/wp-content\/uploads\/2018\/03\/Marjaliza-electorales-PP-PSOE-IU_EDIIMA20180321_0864_4-300x169.jpg 300w\" sizes=\"auto, (max-width: 643px) 100vw, 643px\" \/><\/a><figcaption id=\"caption-attachment-10208\" class=\"wp-caption-text\"><span style=\"color: #008000;\">EFE<\/span><\/figcaption><\/figure>\n<p>&nbsp;<\/p>\n<p class=\"mce\" style=\"text-align: justify;\"><span style=\"font-size: 14pt; font-family: arial, helvetica, sans-serif;\">David Marjaliza, exsocio de Francisco Granados y\u00a0uno de los cabecillas\u00a0de la trama P\u00fanica, ha\u00a0admitido este mi\u00e9rcoles ante la comisi\u00f3n del Congreso que investiga la presunta financiaci\u00f3n ilegal del PP que\u00a0pag\u00f3 campa\u00f1as electorales\u00a0de PP, PSOE e Izquierda Unida. El empresario ha dicho sentirse arrepentido y\u00a0ha relatado por qu\u00e9 no confes\u00f3 antes del estallido de P\u00fanica: \u00abIba en un AVE a 300 kil\u00f3metros por hora y era complicado bajarse\u00bb.<\/span><\/p>\n<p class=\"mce\" style=\"text-align: justify;\"><span style=\"font-size: 14pt; font-family: arial, helvetica, sans-serif;\">Marjaliza se ha expresado as\u00ed en respuesta a las cuestiones del diputado del PP Francisco Molinero, que pon\u00edan fin a la comparecencia: \u00abDice usted que de alguna manera ha pagado cantidades al PP para financiarse campa\u00f1as. \u00bfHa pagado campa\u00f1as electorales al PSOE? \u00bfHa pagado campa\u00f1as a Izquierda Unida?\u00bb. La respuesta ha sido afirmativa en ambos casos. Antes hab\u00eda insistido en varias ocasiones a los parlamentarios que no se centrasen en sus preguntas en la financiaci\u00f3n del PP, porque, seg\u00fan su testimonio,\u00a0pag\u00f3 actos de\u00a0\u00abtodo el arco parlamentario, cada uno en su proporci\u00f3n\u00bb, si bien ha\u00a0rechazado aclarar los nombres concretos de los cargos.<\/span><\/p>\n<p class=\"mce\" style=\"text-align: justify;\"><span style=\"font-size: 14pt; font-family: arial, helvetica, sans-serif;\">El\u00a0empresario, que tendr\u00eda que haber comparecido el pasado martes en la misma sesi\u00f3n que Granados\u00a0<a class=\"mce\" href=\"https:\/\/www.eldiario.es\/politica\/Marjaliza-comision-investiga-financiacion-PP_0_749625126.html\" target=\"_blank\" rel=\"noopener\">pero aleg\u00f3 estar enfermo<\/a>, ha eludido la mayor\u00eda de las preguntas sobre la trama P\u00fanica que han realizado las diputadas Soraya Rodr\u00edguez (PSOE) y Carolina Bescansa (Unidos Podemos) porque la causa todav\u00eda se est\u00e1 instruyendo. S\u00ed se ha ratificado en su declaraci\u00f3n ante la Audiencia Nacional\u00a0y ha confirmado lo que dijo el pasado enero:\u00a0que junto a Francisco Granados y Javier L\u00f3pez Madrid\u00a0<a class=\"mce\" href=\"https:\/\/www.eldiario.es\/politica\/Marjaliza-confiesa-repartio-Granados-Metro_0_730377672.html\" target=\"_blank\" rel=\"noopener\">\u00a0se repartieron 3,6 millones de euros por las obras de ampliaci\u00f3n de Metro de Madrid.<\/a>\u00a0Adem\u00e1s, ha explicado que empez\u00f3 a licitar con la Comunidad de Madrid antes de que Granados fuera nombrado consejero de Transportes del Ejecutivo regional por Esperanza Aguirre.<\/span><\/p>\n<p class=\"mce\" style=\"text-align: justify;\"><span style=\"font-size: 14pt; font-family: arial, helvetica, sans-serif;\">Seg\u00fan su relato, todos los empresarios que quisieran optar a alg\u00fan contrato de urbanismo con el PP sab\u00edan que ten\u00edan que pagar comisiones para ser adjudicatarios. Preguntado por el momento en el que se dio cuenta de que para construir \u00abten\u00eda que pasar por caja\u00bb\u00a0<span class=\"mce\">\u2013<\/span>en palabras del portavoz de ERC en el Congreso, Joan Tard\u00e0<span class=\"mce\">\u00a0\u2013<\/span>\u00a0ha contestado que \u00abeso lo sab\u00eda la sociedad entera\u00bb. Con respecto a c\u00f3mo financiaba esas campa\u00f1as electorales, Marjaliza ha relatado que lo hac\u00eda a trav\u00e9s de facturas reales y ha admitido regalar jamones y tres televisores como obsequios a altos cargos pol\u00edticos por contratos.<\/span><\/p>\n<p class=\"mce\" style=\"text-align: justify;\"><span style=\"font-size: 14pt; font-family: arial, helvetica, sans-serif;\">Los comisionados le han preguntado por su relaci\u00f3n con\u00a0Esperanza Aguirre, Francisco Granados y\u00a0<a class=\"mce\" href=\"https:\/\/www.eldiario.es\/politica\/Beltran-Gutierrez-comparece-Congreso-requerimiento_0_752074881.html\" target=\"_blank\" rel=\"noopener\">el extesorero del PP de Madrid Beltr\u00e1n Guti\u00e9rrez<\/a>, que precisamente\u00a0se salt\u00f3 ayer su comparecencia en el Congreso.\u00a0Sobre Granados, ha asegurado que \u00abantes\u00bb era \u00abbuena\u00bb, \u00abdurante\u00bb no tuvieron ninguna relaci\u00f3n y \u00abdespu\u00e9s\u00bb no han vuelto a hablar. Con respecto a la expresidenta madrile\u00f1a, ha dicho que no la conoce m\u00e1s que \u00abde alguna inauguraci\u00f3n\u00bb y de \u00abhablar dos minutos con ella\u00bb. Ha concretado, a ra\u00edz de una pregunta del diputado de Ciudadanos Toni Cant\u00f3, que hablaron \u00absobre las calles, si deb\u00edan tener un sentido o dos\u00bb.\u00a0\u00a0Mientras, sobre Beltr\u00e1n Guti\u00e9rrez ha se\u00f1alado conocerle aunque no tener ninguna relaci\u00f3n.<\/span><\/p>\n<h3 style=\"text-align: justify;\"><span style=\"font-size: 14pt; font-family: arial, helvetica, sans-serif;\">\u00abIr\u00e9 hasta el final, m\u00e1s all\u00e1 de que me peguen un tiro\u00bb<\/span><\/h3>\n<p class=\"mce\" style=\"text-align: justify;\"><span style=\"font-size: 14pt; font-family: arial, helvetica, sans-serif;\">A preguntas del portavoz de ERC, Marjaliza\u00a0<span class=\"mce\">\u2013<\/span>que lleva a\u00f1os colaborando con la Fiscal\u00eda<span class=\"mce\">\u00a0\u2013<\/span>\u00a0ha asegurado no estar preocupado porque su colaboraci\u00f3n sea percibida como \u00absincera\u00bb: \u00abYo estoy diciendo la verdad y lo estoy demostrando con papeles, con fechas, con d\u00edas y con todo lo que puedo. No me preocupa\u00bb. \u00abNo soy un buen parlamentario ese sentido, no tengo dial\u00e9ctica porque no tengo estudios. Yo, lo que digo, lo digo de coraz\u00f3n, de lo que he vivido. Cuando una persona dice algo de lo que ha vivido y lo ha hecho, es muy complicado tirar eso atr\u00e1s. Yo lo he hecho, yo lo he dado, yo lo he hablado y estaba en esa negociaci\u00f3n. Nadie me puede decir lo contrario\u00bb, ha expresado.<\/span><\/p>\n<p class=\"mce\" style=\"text-align: justify;\"><span style=\"font-size: 14pt; font-family: arial, helvetica, sans-serif;\">\u00abYo voy a seguir. He decidido colaborar con la Justicia y desde que tom\u00e9 la decisi\u00f3n, que tard\u00e9 unos meses en decidirlo, voy a llegar hasta el final. M\u00e1s all\u00e1 de que me peguen un tiro\u00bb, ha insistido Marjaliza. Ha se\u00f1alado, adem\u00e1s, que su motivaci\u00f3n\u00a0para cooperar no fue la \u00abverg\u00fcenza\u00bb sino \u00abla pena\u00bb por su hijo, que entonces ten\u00eda 6 a\u00f1os. \u00ab\u00bfDeduzco que usted siente un arrepentimiento sincero?\u00bb, ha cuestionado Tard\u00e0. \u00abS\u00ed\u00bb, ha sido la contestaci\u00f3n:\u00a0\u00abMuchas noches me qued\u00e9 sin dormir antes de que me cogiera la Guardia Civil. Iba en un AVE a 300 kil\u00f3metros por hora y era complicado bajarse. Ten\u00eda muchos trabajadores a mi cargo y si no hab\u00eda obra los ten\u00eda que despedir\u00bb.<\/span><\/p>\n<p style=\"text-align: justify;\"><a href=\"https:\/\/puntocritico.com\/ausajpuntocritico\/wp-content\/uploads\/2018\/03\/Mosca_Punto_Cr\u00edtico_40.png\" rel=\"lightbox[10083]\"><img loading=\"lazy\" decoding=\"async\" class=\"aligncenter wp-image-9528\" src=\"https:\/\/puntocritico.com\/ausajpuntocritico\/wp-content\/uploads\/2018\/03\/Mosca_Punto_Cr\u00edtico_40.png\" alt=\"\" width=\"40\" height=\"40\" \/><\/a><\/p>\n<div class=\"article-body\">\n<h1 class=\"pg-headline\" style=\"text-align: center;\"><a id=\"ref37\"><\/a><a href=\"#ref37a\">[37]<\/a> \u00bfSe podr\u00e1 cerrar el par\u00e9ntesis?<\/h1>\n<p><span style=\"font-size: 14pt;\">Por Javier P\u00e9rez Royo<\/span><\/p>\n<p><span style=\"color: #008000;\">Articulo publicado el 21 de marzo de 2018 en:<\/span><\/p>\n<p><a href=\"https:\/\/www.eldiario.es\/zonacritica\/podra-cerrar-parentesis_6_752484798.html\" target=\"_blank\" rel=\"noopener\">https:\/\/www.eldiario.es\/zonacritica\/podra-cerrar-parentesis_6_752484798.html<\/a><\/p>\n<p>&nbsp;<\/p>\n<blockquote>\n<p style=\"text-align: justify;\"><span style=\"font-size: 14pt; color: #008000;\"><strong>La perspectiva de levantar el 155 CE se va alejando cada vez m\u00e1s. Hasta hace unos d\u00edas, se contemplaba el escenario de poner fin a la aplicaci\u00f3n del 155 CE en cuanto se hubiera producido la investidura del President<\/strong><\/span><\/p>\n<p style=\"text-align: justify;\"><span style=\"font-size: 14pt; color: #008000;\"><strong>A estas horas de la tarde del mi\u00e9rcoles 21, no parece que se pueda dar por seguro que con dicho escenario se ponga fin al 155 CE<\/strong><\/span><\/p>\n<\/blockquote>\n<\/div>\n<p>&nbsp;<\/p>\n<figure id=\"attachment_10209\" aria-describedby=\"caption-attachment-10209\" style=\"width: 643px\" class=\"wp-caption aligncenter\"><a href=\"https:\/\/puntocritico.com\/ausajpuntocritico\/wp-content\/uploads\/2018\/03\/CUP-Fernandez-Barcelona-Policia-Nacional_EDIIMA20170920_0499_32.jpg\" rel=\"lightbox[10083]\"><img loading=\"lazy\" decoding=\"async\" class=\"wp-image-10209 size-full\" src=\"https:\/\/puntocritico.com\/ausajpuntocritico\/wp-content\/uploads\/2018\/03\/CUP-Fernandez-Barcelona-Policia-Nacional_EDIIMA20170920_0499_32.jpg\" alt=\"\" width=\"643\" height=\"463\" srcset=\"https:\/\/puntocritico.com\/ausajpuntocritico\/wp-content\/uploads\/2018\/03\/CUP-Fernandez-Barcelona-Policia-Nacional_EDIIMA20170920_0499_32.jpg 643w, https:\/\/puntocritico.com\/ausajpuntocritico\/wp-content\/uploads\/2018\/03\/CUP-Fernandez-Barcelona-Policia-Nacional_EDIIMA20170920_0499_32-300x216.jpg 300w\" sizes=\"auto, (max-width: 643px) 100vw, 643px\" \/><\/a><figcaption id=\"caption-attachment-10209\" class=\"wp-caption-text\"><span style=\"color: #008000;\">Agentes de Polic\u00eda Nacional ante miembros de la CUP en una imagen de archivo A. P.<\/span><\/figcaption><\/figure>\n<p class=\"mce\" style=\"text-align: justify;\"><span style=\"font-size: 14pt; font-family: arial, helvetica, sans-serif;\">Aunque el Diccionario de la RAE no incluye ninguna acepci\u00f3n\u00a0 de naturaleza pol\u00edtica en su definici\u00f3n de par\u00e9ntesis, ser\u00eda bueno que la incluyera. Porque en Pol\u00edtica los par\u00e9ntesis existen. Y no solo existen, sino que est\u00e1n constitucionalizados y tienen una importancia extraordinaria. El art\u00edculo 116 de la Constituci\u00f3n, en el que se definen los estados de alarma, excepci\u00f3n y sitio, y el art\u00edculo 155 CE en el que se contempla la \u201ccoacci\u00f3n federal\u201d, no hacen otra cosa que prever par\u00e9ntesis. Par\u00e9ntesis en el ejercicio de determinados derechos por parte de los ciudadanos y en el funcionamiento regular de los poderes legislativo y ejecutivo en el primero, y en el ejercicio del derecho a la autonom\u00eda en el segundo.<\/span><\/p>\n<p class=\"mce\" style=\"text-align: justify;\"><span style=\"font-size: 14pt; font-family: arial, helvetica, sans-serif;\">Cuando irrumpe una emergencia, el sistema pol\u00edtico reacciona abriendo un par\u00e9ntesis en el ordenamiento constitucional para hacer frente a la misma e intentar volver a la normalidad lo m\u00e1s r\u00e1pidamente posible. La perspectiva\u00a0 de la normalidad constitucional no se pierde de vista, pero se produce una suerte de \u201csuspensi\u00f3n o interrupci\u00f3n\u201d de la misma, que es la definici\u00f3n del t\u00e9rmino par\u00e9ntesis en sentido figurado que da el Diccionario de la RAE.<\/span><\/p>\n<section id=\"edi-ad-slot-intext\" class=\"md-advertisement md hspace no-adv-socios\" role=\"marquee\" data-google-query-id=\"CM2XxZyyh9oCFcviGwodtAcHoA\">\n<div id=\"google_ads_iframe_\/123333327\/eldiario.es\/noticia_intext_0__container__\" style=\"text-align: justify;\"><span style=\"font-family: arial, helvetica, sans-serif; font-size: 14pt; text-align: justify;\">El par\u00e9ntesis en Pol\u00edtica, como en una obra literaria, deber\u00eda ser un elemento incidental, que interrumpe, pero no altera el sentido del relato en el que se incluye. Es decir, deber\u00eda ser relativamente inocuo. Cerrar el par\u00e9ntesis que se ha abierto no suele ser un problema en cualquier tipo de relato.<\/span><\/div>\n<\/section>\n<p class=\"mce\" style=\"text-align: justify;\"><span style=\"font-size: 14pt; font-family: arial, helvetica, sans-serif;\">En Pol\u00edtica es diferente. Hay veces en que la operaci\u00f3n es relativamente sencilla. Pero no es infrecuente que ocurra lo contrario y que la apertura del par\u00e9ntesis altere el sentido del relato en el que se incluye.<\/span><\/p>\n<p class=\"mce\" style=\"text-align: justify;\"><span style=\"font-size: 14pt; font-family: arial, helvetica, sans-serif;\">Cuando el par\u00e9ntesis afecta a la Constituci\u00f3n territorial es muy probable que ocurra esto \u00faltimo. Sobre todo si el par\u00e9ntesis se mantiene mucho tiempo abierto. Cuando se pretende cerrarlo, es posible que ya no haya \u201cnormalidad constitucional territorial\u201d a la que volver.<\/span><\/p>\n<p class=\"mce\" style=\"text-align: justify;\"><span style=\"font-size: 14pt; font-family: arial, helvetica, sans-serif;\">Me temo que esto es lo que puede acabar pasando en Espa\u00f1a con la aplicaci\u00f3n del art\u00edculo 155 CE en Catalunya. La perspectiva de levantar el 155 CE se va alejando cada vez m\u00e1s. Hasta hace unos d\u00edas, se contemplaba el escenario de poner fin a la aplicaci\u00f3n del 155 CE en cuanto se hubiera producido la investidura del President. A estas horas de la tarde del mi\u00e9rcoles 21, no parece que se pueda dar por seguro que con dicho escenario se ponga fin al 155 CE. M\u00e1s bien dir\u00eda lo contrario. Tanto la noticia que llega de la citaci\u00f3n por el juez Pablo Llanera a diversos diputados electos nacionalistas, entre ellos el posible candidato a la investidura, como la relativa a la reacci\u00f3n que se est\u00e1 preparando a dicha citaci\u00f3n por los partidos del bloque independentista, parece indicar que el proceso de investidura va a quedar paralizado. O en sede parlamentaria. O en sede judicial.<\/span><\/p>\n<p class=\"mce\" style=\"text-align: justify;\"><span style=\"font-size: 14pt; font-family: arial, helvetica, sans-serif;\">La madeja de la investidura se est\u00e1 enmara\u00f1ando cada d\u00eda un poco m\u00e1s. Y con la intervenci\u00f3n judicial, no va a ser posible que pueda abrirse un di\u00e1logo entre quienes tendr\u00edan que desenmara\u00f1arla. Pol\u00edticamente el sistema pol\u00edtico catal\u00e1n no solamente est\u00e1 paralizado, sino que da toda la impresi\u00f3n que va a seguir as\u00ed de manera indefinida. Cu\u00e1nto tiempo puede operar de esa manera es una inc\u00f3gnita no f\u00e1cil de despejar. Pero el paso del tiempo \u00a0sin tomar decisiones conduce a que una situaci\u00f3n se pudra y a que \u00a0las instituciones se descompongan.<\/span><\/p>\n<p class=\"mce\" style=\"text-align: justify;\"><span style=\"font-size: 14pt; font-family: arial, helvetica, sans-serif;\">A la complicaci\u00f3n que supone la intervenci\u00f3n judicial, hay que a\u00f1adir la falta de autoridad del Presidente del Gobierno. \u00a0A pesar de la presi\u00f3n a la que est\u00e1 sometido para conseguir aprobar los Presupuestos Generales, no creo que el Presidente del Gobierno tenga autoridad en la derecha espa\u00f1ola, y menos tras la irrupci\u00f3n de Ciudadanos, para adoptar la decisi\u00f3n de levantar el 155 CE hasta que el terreno no est\u00e9 claramente despejado.<\/span><\/p>\n<p class=\"mce\" style=\"text-align: justify;\"><span style=\"font-size: 14pt; font-family: arial, helvetica, sans-serif;\">El par\u00e9ntesis del 155 CE se ha abierto, pero no se sabe como cerrarlo. El ejercicio del derecho a la autonom\u00eda en Catalunya cada vez resulta m\u00e1s dif\u00edcilmente recuperable. Y sin la autonom\u00eda de Catalunya, el Estado de las Autonom\u00edas estar\u00e1 mutilado de tal manera que ser\u00e1 pr\u00e1cticamente irreconocible.<\/span><\/p>\n<p><a href=\"https:\/\/puntocritico.com\/ausajpuntocritico\/wp-content\/uploads\/2018\/03\/Mosca_Punto_Cr\u00edtico_40.png\" rel=\"lightbox[10083]\"><img loading=\"lazy\" decoding=\"async\" class=\"aligncenter wp-image-9528\" src=\"https:\/\/puntocritico.com\/ausajpuntocritico\/wp-content\/uploads\/2018\/03\/Mosca_Punto_Cr\u00edtico_40.png\" alt=\"\" width=\"40\" height=\"40\" \/><\/a><\/p>\n<div class=\"article-body\">\n<h1 class=\"pg-headline\" style=\"text-align: center;\"><a id=\"ref38\"><\/a><a href=\"#ref38a\">[38]<\/a>Luces y sombras en la Ley de Contratos del Sector P\u00fablico<\/h1>\n<p><span style=\"font-size: 14pt;\">Por GAspar Llamazares<\/span><\/p>\n<p><span style=\"color: #008000;\">Articulo publicado el 20 de marzo de 2018 en:\u00a0<\/span><\/p>\n<p><a href=\"https:\/\/www.eldiario.es\/tribunaabierta\/Luces-Ley-Contratos-Sector-Publico_6_752134801.html\" target=\"_blank\" rel=\"noopener\">https:\/\/www.eldiario.es\/tribunaabierta\/Luces-Ley-Contratos-Sector-Publico_6_752134801.html<\/a><\/p>\n<p>&nbsp;<\/p>\n<blockquote>\n<p style=\"text-align: justify;\"><span style=\"font-size: 14pt; color: #008000;\"><strong>En un an\u00e1lisis m\u00e1s calmado del texto, se comprueba que se ha dejado m\u00e1s por hacer de lo que se ha incorporado en materias sensibles como la precariedad laboral o la igualdad de g\u00e9nero<\/strong><\/span><\/p>\n<\/blockquote>\n<p><a href=\"https:\/\/puntocritico.com\/ausajpuntocritico\/wp-content\/uploads\/2018\/03\/acabo-firmar-contratos-inteligentes-ceros_EDIIMA20160930_0544_25.jpg\" rel=\"lightbox[10083]\"><img loading=\"lazy\" decoding=\"async\" class=\"aligncenter wp-image-10210 size-full\" src=\"https:\/\/puntocritico.com\/ausajpuntocritico\/wp-content\/uploads\/2018\/03\/acabo-firmar-contratos-inteligentes-ceros_EDIIMA20160930_0544_25.jpg\" alt=\"\" width=\"643\" height=\"362\" srcset=\"https:\/\/puntocritico.com\/ausajpuntocritico\/wp-content\/uploads\/2018\/03\/acabo-firmar-contratos-inteligentes-ceros_EDIIMA20160930_0544_25.jpg 643w, https:\/\/puntocritico.com\/ausajpuntocritico\/wp-content\/uploads\/2018\/03\/acabo-firmar-contratos-inteligentes-ceros_EDIIMA20160930_0544_25-300x169.jpg 300w\" sizes=\"auto, (max-width: 643px) 100vw, 643px\" \/><\/a><\/p>\n<\/div>\n<p>&nbsp;<\/p>\n<p class=\"mce\" style=\"text-align: justify;\"><span style=\"font-size: 14pt; font-family: arial, helvetica, sans-serif;\">Este mes ha entrado en vigor la Ley de Contratos del Sector P\u00fablico aprobada el pasado noviembre. De un primer vistazo, al primar la calidad en la contrataci\u00f3n, la transparencia y las cl\u00e1usulas sociales en la ejecuci\u00f3n de los contratos, parece un acertado intento en la direcci\u00f3n correcta. Sin embargo, es un texto largo y farragoso que incluye determinaciones que, en contra de la agilidad que persiguen preservar, podr\u00edan promover el mantenimiento de inercias negativas de la Administraci\u00f3n, como la imposici\u00f3n de bajas por anteponer el precio o los procedimientos poco abiertos a la concurrencia.<\/span><\/p>\n<p class=\"mce\" style=\"text-align: justify;\"><span style=\"font-size: 14pt; font-family: arial, helvetica, sans-serif;\">En un an\u00e1lisis m\u00e1s calmado del texto, se comprueba que se ha dejado m\u00e1s por hacer de lo que se ha incorporado en materias sensibles como el fraude del encadenamiento de subcontrataciones, la precariedad laboral, la igualdad de g\u00e9nero o la contrataci\u00f3n de empresas con intereses en para\u00edsos fiscales.<\/span><\/p>\n<section id=\"edi-ad-slot-intext\" class=\"md-advertisement md hspace no-adv-socios\" role=\"marquee\" data-google-query-id=\"COLSwJmzh9oCFe2kUQodIk8C9Q\">\n<div id=\"google_ads_iframe_\/123333327\/eldiario.es\/noticia_intext_0__container__\" style=\"text-align: justify;\"><span style=\"font-family: arial, helvetica, sans-serif; font-size: 14pt; text-align: justify;\">El Gobierno, con sus aliados tanto en el independentismo conservador como en el nacionalismo espa\u00f1ol, tampoco se ha cortado a la hora de interferir en cuestiones sensibles como la reversi\u00f3n de las privatizaciones. Dificulta la recuperaci\u00f3n para la gesti\u00f3n p\u00fablica de modelos privados en sanidad (modelo Alzira) exigiendo un informe previo que no s\u00f3lo demuestre que la administraci\u00f3n puede hacerse cargo, sino que su gesti\u00f3n ser\u00e1 m\u00e1s eficiente que la privada. No es otra cosa que consolidar el veto ya establecido en la \u00faltima Ley de Presupuestos. Por otro lado, la excusa de la compra centralizada tampoco evita la posibilidad de plantear, mediante real decreto, problemas a la subasta de medicamentos de Andaluc\u00eda, por ejemplo, en una clara invasi\u00f3n de la competencia en productos farmac\u00e9uticos y al margen de reiteradas sentencias del TC.<\/span><\/div>\n<\/section>\n<p class=\"mce\" style=\"text-align: justify;\"><span style=\"font-size: 14pt; font-family: arial, helvetica, sans-serif;\">No obstante, importante y positiva s\u00ed es la previsi\u00f3n respecto a las especialidades de contrataci\u00f3n p\u00fablica en los servicios educativos, sociales y sanitarios excepcionados de las de concurrencia del mercado por car\u00e1cter estrat\u00e9gico. Se prev\u00e9 que pueda darse un r\u00e9gimen no contractual y un r\u00e9gimen singular de contrataci\u00f3n, anteponiendo aspectos t\u00e9cnicos, de calidad y principios de inter\u00e9s general como la universalidad, solidaridad y eficiencia.<\/span><\/p>\n<p class=\"mce\" style=\"text-align: justify;\"><span style=\"font-size: 14pt; font-family: arial, helvetica, sans-serif;\">La acci\u00f3n concertada es una opci\u00f3n no contractual que exige previsi\u00f3n legal expresa y determina la modalidad de servicio, de las prestaciones y del sistema retributivo. Por ello ser\u00e1 de agradecer una respuesta \u00e1gil de las administraciones y servicios p\u00fablicos en su adaptaci\u00f3n a la norma. En materia de servicios sociales, todo ello permitir\u00eda a las comunidades aut\u00f3nomas restablecer convenios con el tercer sector que estaban sufriendo la creciente penetraci\u00f3n de fondos privados en detrimento del servicio p\u00fablico.<\/span><\/p>\n<p class=\"mce\" style=\"text-align: justify;\"><span style=\"font-size: 14pt; font-family: arial, helvetica, sans-serif;\">Las administraciones p\u00fablicas tienen por delante una labor importante para elaborar nuevos pliegos comunes de cl\u00e1usulas administrativas y revisiones para cumplir las previsiones normativas, que en su pre\u00e1mbulo recogen como objetivos fundamentales m\u00e1s transparencia y la consecuci\u00f3n de una mejor relaci\u00f3n calidad-precio en la contrataci\u00f3n p\u00fablica, introduciendo la obligaci\u00f3n de que los criterios de adjudicaci\u00f3n permitan obtener obras, suministros y servicios de gran calidad mediante la inclusi\u00f3n de aspectos cualitativos, medioambientales, sociales e innovadores vinculados al objeto del contrato.<\/span><\/p>\n<p class=\"mce\" style=\"text-align: justify;\"><span style=\"font-size: 14pt; font-family: arial, helvetica, sans-serif;\">La Ley mantiene tres niveles de aplicabilidad respecto de las entidades del sector p\u00fablico que configuran su \u00e1mbito, y la configuraci\u00f3n negativa o de exclusi\u00f3n de los contratos y negocios (como los servicios p\u00fablicos) no regulados en la misma. Este \u00e1mbito subjetivo de aplicaci\u00f3n se ha extendido con la idea de aplicar las normas a entidades no sujetas, siempre que se cumplan criterios como que su financiaci\u00f3n sea mayoritariamente p\u00fablica, y siempre respecto de los contratos sometidos a regulaci\u00f3n armonizada.<\/span><\/p>\n<p class=\"mce\" style=\"text-align: justify;\"><span style=\"font-size: 14pt; font-family: arial, helvetica, sans-serif;\">En cuanto a la delimitaci\u00f3n de los tipos de contratos, las principales novedades se han introducido en la regulaci\u00f3n del contrato de concesi\u00f3n, en el contrato mixto y en la supresi\u00f3n del contrato de colaboraci\u00f3n p\u00fablico-privada por su escasa utilidad pr\u00e1ctica. Habr\u00e1 que ver sus repercusiones, en particular en el \u00e1mbito sanitario. S\u00ed merece especial referencia, en cuanto a la ejecuci\u00f3n de los contratos, el novedoso r\u00e9gimen de su modificaci\u00f3n, en l\u00ednea con lo establecido en las directivas comunitarias. Por primera vez regulan la subcontrataci\u00f3n y las medidas de racionalizaci\u00f3n t\u00e9cnica de la contrataci\u00f3n, estructuradas en dos elementos: los acuerdos marco y los sistemas din\u00e1micos de adquisici\u00f3n, destacando el nuevo r\u00e9gimen que se establece en la Ley respecto de la contrataci\u00f3n centralizada, donde el principio de la innovaci\u00f3n en el \u00e1mbito farmac\u00e9utico ha contado con el aplauso del sector multinacional.<\/span><\/p>\n<p class=\"mce\" style=\"text-align: justify;\"><span style=\"font-size: 14pt; font-family: arial, helvetica, sans-serif;\">El texto legal realiza tambi\u00e9n una apuesta en favor de la contrataci\u00f3n electr\u00f3nica, obligatoria desde su entrada en vigor, anticip\u00e1ndose a los plazos previstos a nivel comunitario.<\/span><\/p>\n<p class=\"mce\" style=\"text-align: justify;\"><span style=\"font-size: 14pt; font-family: arial, helvetica, sans-serif;\">Se alude a los requisitos y criterios para la adjudicaci\u00f3n de contratos p\u00fablicos en el art\u00edculo 145 de la norma: caracter\u00edsticas est\u00e9ticas y funcionales, de accesibilidad, el dise\u00f1o universal, las caracter\u00edsticas sociales; medioambientales e innovadoras, la reducci\u00f3n del nivel de emisi\u00f3n de gases de efecto invernadero, el empleo de medidas de ahorro y eficiencia energ\u00e9tica y la utilizaci\u00f3n de renovables durante la ejecuci\u00f3n del contrato; el mantenimiento o mejora de los recursos naturales; el fomento de la integraci\u00f3n social de personas con discapacidad, desfavorecidas o miembros de grupos vulnerables; la inserci\u00f3n sociolaboral, los planes de entre mujeres y hombres, el fomento de la contrataci\u00f3n femenina, la conciliaci\u00f3n de la vida laboral, personal y familiar; la mejora de las condiciones laborales y salariales y la estabilidad en el empleo.<\/span><\/p>\n<p class=\"mce\" style=\"text-align: justify;\"><span style=\"font-size: 14pt; font-family: arial, helvetica, sans-serif;\">Adem\u00e1s, el nuevo texto legal acu\u00f1a el concepto \u00abmejor relaci\u00f3n calidad-precio\u00bb en sustituci\u00f3n del de \u00aboferta econ\u00f3mica m\u00e1s ventajosa\u00bb. Esto propicia la evaluaci\u00f3n atendiendo a criterios econ\u00f3micos y cualitativos, pudiendo incluir aspectos sociales o medioambientales vinculados al objeto del contrato.<\/span><\/p>\n<p class=\"mce\" style=\"text-align: justify;\"><span style=\"font-size: 14pt; font-family: arial, helvetica, sans-serif;\">Pros y contras de un asunto complejo que ahora habr\u00e1 de responder al desaf\u00edo de la pr\u00e1ctica.<\/span><\/p>\n<p><a href=\"https:\/\/puntocritico.com\/ausajpuntocritico\/wp-content\/uploads\/2018\/03\/Mosca_Punto_Cr\u00edtico_40.png\" rel=\"lightbox[10083]\"><img loading=\"lazy\" decoding=\"async\" class=\"aligncenter wp-image-9528\" src=\"https:\/\/puntocritico.com\/ausajpuntocritico\/wp-content\/uploads\/2018\/03\/Mosca_Punto_Cr\u00edtico_40.png\" alt=\"\" width=\"40\" height=\"40\" \/><\/a><\/p>\n<div class=\"article-body\">\n<h1 class=\"pg-headline\" style=\"text-align: center;\"><a id=\"ref39\"><\/a><a href=\"#ref39a\">[39]<\/a> PP, PSOE y Ciudadanos tumban la reforma de la Ley de Amnist\u00eda que pretend\u00eda juzgar los cr\u00edmenes franquistas<\/h1>\n<p><span style=\"font-size: 14pt;\">Por I\u00f1igo Aduriz<\/span><\/p>\n<p><span style=\"color: #008000;\">Articulo publicado el 20 de marzo de 2018 en:<\/span><\/p>\n<p><a href=\"https:\/\/www.eldiario.es\/sociedad\/division-izquierda-Ley-Amnistia-franquistas_0_752075794.html\" target=\"_blank\" rel=\"noopener\">https:\/\/www.eldiario.es\/sociedad\/division-izquierda-Ley-Amnistia-franquistas_0_752075794.html<\/a><\/p>\n<p>&nbsp;<\/p>\n<div class=\"subtitle bkn mce sk2\">\n<blockquote>\n<p style=\"text-align: justify;\"><span style=\"color: #008000;\"><strong><span style=\"font-size: 14pt;\">El PSOE no apoya la tramitaci\u00f3n planteada por Unidos Podemos, PNV, ERC y EH Bildu, que le acusan de perpetuar la \u00abimpunidad\u00bb de la dictadura<\/span><\/strong><\/span><\/p>\n<p style=\"text-align: justify;\"><span style=\"color: #008000;\"><strong><span style=\"font-size: 14pt;\">Los socialistas han defendido que la moci\u00f3n dejar\u00eda\u00a0\u00abpor completo desarticulada una ley que fue uno de los pilares del pacto de la Transici\u00f3n\u00bb<\/span><\/strong><\/span><\/p>\n<p style=\"text-align: justify;\"><span style=\"color: #008000;\"><strong><span style=\"font-size: 14pt;\">El Partido Popular ha sostenido que los cr\u00edmenes \u00abestar\u00edan prescritos\u00bb y considera imposible perseguir a\u00a0quienes los hubieran cometido<\/span><\/strong><\/span><\/p>\n<\/blockquote>\n<p>&nbsp;<\/p>\n<\/div>\n<p style=\"text-align: justify;\"><a href=\"https:\/\/puntocritico.com\/ausajpuntocritico\/wp-content\/uploads\/2018\/03\/Memoria-Congreso-Ley-Amnistia-franquistas_EDIIMA20180314_0241_4.jpg\" rel=\"lightbox[10083]\"><img loading=\"lazy\" decoding=\"async\" class=\"aligncenter wp-image-10211 size-full\" src=\"https:\/\/puntocritico.com\/ausajpuntocritico\/wp-content\/uploads\/2018\/03\/Memoria-Congreso-Ley-Amnistia-franquistas_EDIIMA20180314_0241_4.jpg\" alt=\"\" width=\"643\" height=\"362\" srcset=\"https:\/\/puntocritico.com\/ausajpuntocritico\/wp-content\/uploads\/2018\/03\/Memoria-Congreso-Ley-Amnistia-franquistas_EDIIMA20180314_0241_4.jpg 643w, https:\/\/puntocritico.com\/ausajpuntocritico\/wp-content\/uploads\/2018\/03\/Memoria-Congreso-Ley-Amnistia-franquistas_EDIIMA20180314_0241_4-300x169.jpg 300w\" sizes=\"auto, (max-width: 643px) 100vw, 643px\" \/><\/a><\/p>\n<p>&nbsp;<\/p>\n<p class=\"mce\" style=\"text-align: justify;\"><span style=\"font-size: 14pt; font-family: arial, helvetica, sans-serif;\">Los grupos pol\u00edticos de la izquierda no han encontrado un terreno com\u00fan para abrir la puerta a la investigaci\u00f3n de cr\u00edmenes franquistas. As\u00ed lo ha reflejado el debate en el Congreso de los Diputados sobre la toma en consideraci\u00f3n de la proposici\u00f3n de ley planteada por Unidos Podemos y sus confluencias\u00a0 \u2013junto al PNV, ERC y EH Bildu\u2013 para modificar la Ley de Amnist\u00eda y poder investigar as\u00ed\u00a0delitos graves cometidos por la dictadura franquista. La izquierda ha vuelto a mostrar su divisi\u00f3n en un tenso debate celebrado este martes en la C\u00e1mara Baja, impidiendo as\u00ed la reforma de la norma tal y como lo exigen las organizaciones que luchan a favor de la memoria hist\u00f3rica.\u00a0<\/span><\/p>\n<p class=\"mce\" style=\"text-align: justify;\"><span style=\"font-size: 14pt; font-family: arial, helvetica, sans-serif;\">La propuesta planteada consist\u00eda en a\u00f1adir un nuevo p\u00e1rrafo al art\u00edculo 9 de la Ley 46\/1977, de 15 de octubre, de Amnist\u00eda, con el siguiente redactado: \u00abLas disposiciones contenidas en esta Ley no impedir\u00e1n que los Juzgados y Tribunales investiguen, enjuicien e impongan las penas correspondientes a las personas responsables de haber cometido delito de genocidio, lesa humanidad, delitos de guerra y otras graves violaciones de derechos humanos\u00bb.\u00a0<\/span><\/p>\n<section id=\"edi-ad-slot-intext\" class=\"md-advertisement md hspace no-adv-socios\" role=\"marquee\">\n<div id=\"google_ads_iframe_\/123333327\/eldiario.es\/noticia_intext_0__container__\" style=\"text-align: justify;\"><span style=\"font-family: arial, helvetica, sans-serif; font-size: 14pt; text-align: justify;\">Pero el PSOE ha alegado la \u00abinseguridad jur\u00eddica\u00bb del texto presentado para rechazar su toma en consideraci\u00f3n, lo que ha provocado permanentes cr\u00edticas y alusiones del resto de grupos de izquierda, que han acusado a los socialistas de querer mantener la impunidad de los cr\u00edmenes del franquismo. La portavoz de EH Bildu Marian Betialarrangoitia, ha llegado a asegurar que la argumentaci\u00f3n del partido liderado por Pedro S\u00e1nchez para no respaldar la admisi\u00f3n a tr\u00e1mite de la proposici\u00f3n de ley \u00abes echar m\u00e1s tierra sobre las fosas\u00bb de las v\u00edctimas de la dictadura.\u00a0<\/span><\/div>\n<\/section>\n<h3 style=\"text-align: justify;\"><span style=\"font-size: 14pt; font-family: arial, helvetica, sans-serif;\">Art\u00edculo 10 de la Constituci\u00f3n<\/span><\/h3>\n<p class=\"mce\" style=\"text-align: justify;\"><span style=\"font-size: 14pt; font-family: arial, helvetica, sans-serif;\">Una de las m\u00e1s en\u00e9rgicas en su discurso a favor de la propuesta ha sido la diputada del grupo de Unidos Podemos-En Com\u00fa Podem-En Marea Yolanda D\u00edaz, que ha recordado el art\u00edculo 10 de la Constituci\u00f3n que dice que las leyes se deben interpretar en funci\u00f3n de los tratados internacionales, para argumentar que tambi\u00e9n la Ley de Amnist\u00eda se deber\u00eda adaptar a la investigaci\u00f3n de los delitos de lesa humanidad contra los que Espa\u00f1a ha suscrito diversos tratados.\u00a0<\/span><\/p>\n<p class=\"mce\" style=\"text-align: justify;\"><span style=\"font-size: 14pt; font-family: arial, helvetica, sans-serif;\">A los partidos que se han mostrado en contra de la iniciativa \u2013PP, PSOE y Ciudadanos\u2013 les ha dicho que, al hablar de los cr\u00edmenes franquistas se hace menci\u00f3n a \u00abvulneraci\u00f3n de derechos humanos\u00bb. \u00abNos han hablado de dos bandos que hab\u00edan cometido cr\u00edmenes terribles y que era mejor olvidarse. Nosotros creemos que no\u00bb, ha asegurado. Adem\u00e1s, ha lamentado que la Ley de Amnist\u00eda \u00abiguala a asesinos y a sus v\u00edctimas, nos dice que es igual el torturador que el torturado, la violencia y la cultura o el fascismo y la democracia. Y no es lo mismo. Los negacionistas nos dicen que los verdugos son lo mismo que las v\u00edctimas. Y no son lo mismo\u00bb, ha enfatizado.\u00a0<\/span><\/p>\n<p class=\"mce\" style=\"text-align: justify;\"><span style=\"font-size: 14pt; font-family: arial, helvetica, sans-serif;\">D\u00edaz ha recordado que si bien \u00abel fascismo sacudi\u00f3 a toda Europa\u00bb, la \u00abexcepci\u00f3n espa\u00f1ola\u00bb respecto al final de otros reg\u00edmenes autoritarios fue la impunidad. \u00abEl resto de los pa\u00edses lo impidieron por la v\u00eda democr\u00e1tica, en sus parlamentos. Esta anomal\u00eda que tenemos en Espa\u00f1a no es posible en Europa. Ser\u00eda impensable en otros pa\u00edses una fundaci\u00f3n como la Fundaci\u00f3n Francisco Franco, que hiciera apolog\u00eda del franquismo\u00bb.<\/span><\/p>\n<p class=\"mce\" style=\"text-align: justify;\"><span style=\"font-size: 14pt; font-family: arial, helvetica, sans-serif;\">Por eso ha reivindicado \u00abun nuevo tiempo de la verdad\u00bb en \u00abun pa\u00eds sin miedo que reescriba la historia de verdad\u00bb. A su juicio, es necesario avanzar en la investigaci\u00f3n de los cr\u00edmenes del franquismo para no olvidar y porque \u00ablas v\u00edctimas del franquismo no han podido pasar el duelo y descansar. Nunca m\u00e1s una ley de amnist\u00eda que promulgue la amnesia\u00bb, ha zanjado.\u00a0<\/span><\/p>\n<p class=\"mce\" style=\"text-align: justify;\"><span style=\"font-size: 14pt; font-family: arial, helvetica, sans-serif;\">Tambi\u00e9n vehemente, el diputado de ERC Joan Tard\u00e0 se ha confesado \u00abindignado y triste\u00bb por la posici\u00f3n de los socialistas \u00abante miles de familiares de v\u00edctimas y ante todas entidades memorialistas que desde a\u00f1os trabajan contra la impunidad\u00bb.\u00a0<\/span><\/p>\n<p class=\"mce\" style=\"text-align: justify;\"><span style=\"font-size: 14pt; font-family: arial, helvetica, sans-serif;\">El rechazo del PSOE a la toma en consideraci\u00f3n de la proposici\u00f3n de ley para reformar la Ley de Amnist\u00eda es, en su opini\u00f3n \u00abuna gran oportunidad perdida\u00bb ante el \u00abmuro de la verg\u00fcenza\u00bb que supone el hecho de que a\u00fan no se hayan juzgado los cr\u00edmenes del franquismo. Es una oportunidad perdida, ha insistido, ante el riesgo de que en las pr\u00f3ximas legislaturas PP y Ciudadanos puedan sumar una mayor\u00eda absoluta. Entonces \u00abno habr\u00e1 ni un resquicio para que podamos asumir este debate\u00bb.<\/span><\/p>\n<p class=\"mce\" style=\"text-align: justify;\"><span style=\"font-size: 14pt; font-family: arial, helvetica, sans-serif;\">Desde el PNV, su diputado Joseba Agirretxea ha querido tambi\u00e9n dejar claro que lo que pretende la proposici\u00f3n de ley suscrita por su grupo es denunciar \u00abla incompatibilidad de la Ley de Amnist\u00eda con los compromisos adquiridos por el Gobierno espa\u00f1ol\u00bb. Y ha se\u00f1alado que de haberse aprobado la toma en consideraci\u00f3n de la reforma, \u00abla justicia no podr\u00eda hacer caso omiso de las querellas que se presenten en torno a todos los cr\u00edmenes cometidos con total impunidad\u00bb. Tambi\u00e9n ha querido descartar cualquier \u00e1nimo vengativo en la propuesta: \u00abNo entendemos esto como una venganza o un ajuste de cuentas. La reparaci\u00f3n no es venganza y la justicia no es abrir heridas\u00bb, ha dicho.\u00a0<\/span><\/p>\n<h3 style=\"text-align: justify;\"><span style=\"font-size: 14pt; font-family: arial, helvetica, sans-serif;\">Cita a Marcos Ana<\/span><\/h3>\n<p class=\"mce\" style=\"text-align: justify;\"><span style=\"font-size: 14pt; font-family: arial, helvetica, sans-serif;\">El diputado socialista Gregorio C\u00e1mara ha hecho menci\u00f3n a unas palabras del poeta Marcos Ana a favor de la reconciliaci\u00f3n nacional. Y ha querido dejar claro que la de amnist\u00eda \u00abno fue una ley de punto final, como quieren hacernos creer quienes quieren tergiversar la historia\u00bb, sino \u00abel fruto perseguido por unas cortes democr\u00e1ticas\u00bb.<\/span><\/p>\n<p class=\"mce\" style=\"text-align: justify;\"><span style=\"font-size: 14pt; font-family: arial, helvetica, sans-serif;\">A su juicio, la iniciativa presentada por el resto de grupos de izquierda har\u00eda que quedara \u00abpor completo desarticulada una ley que fue uno de los pilares del pacto de la Transici\u00f3n\u00bb. Tambi\u00e9n se ha preguntado a qui\u00e9n se podr\u00eda juzgar con la modificaci\u00f3n de la normativa, y ha asegurado que \u00e9sta no ser\u00eda leg\u00edtima \u00abporque implicar\u00eda la aplicaci\u00f3n retroactiva de leyes penales\u00bb, algo imposible en el marco jur\u00eddico actual. \u00abSe ver\u00eda afectada la seguridad jur\u00eddica\u00bb, conclu\u00eda para justificar su rechazo.<\/span><\/p>\n<p class=\"mce\" style=\"text-align: justify;\"><span style=\"font-size: 14pt; font-family: arial, helvetica, sans-serif;\">En la misma l\u00ednea se han manifestado los otros grupos que han votado contra la toma en consideraci\u00f3n de la reforma. Ignacio Prendes, de Ciudadanos, ha acusado a los proponentes de \u00abdemoler una de las bases sobre las que se construy\u00f3 nuestra seguridad jur\u00eddica\u00bb, de realizar un \u00abejercicio de reescritura de la historia\u00bb y de tener un \u00absentimiento de revancha\u00bb. A su juicio, la \u00abnueva izquierda quiere deshacer lo que hicimos bien\u00bb.<\/span><\/p>\n<p class=\"mce\" style=\"text-align: justify;\"><span style=\"font-size: 14pt; font-family: arial, helvetica, sans-serif;\">El diputado del PP Miguel Lorenzo se ha limitado a se\u00f1alar que los delitos cometidos en el franquismo \u00abestar\u00edan prescritos\u00bb, adem\u00e1s de acusar a los grupos de izquierda de \u00abmentir\u00bb a las v\u00edctimas por decirles que los autores pueden ser perseguidos.<\/span><\/p>\n<\/div>\n<p><a href=\"https:\/\/puntocritico.com\/ausajpuntocritico\/wp-content\/uploads\/2018\/03\/Mosca_Punto_Cr\u00edtico_40.png\" rel=\"lightbox[10083]\"><img loading=\"lazy\" decoding=\"async\" class=\"aligncenter wp-image-9528\" src=\"https:\/\/puntocritico.com\/ausajpuntocritico\/wp-content\/uploads\/2018\/03\/Mosca_Punto_Cr\u00edtico_40.png\" alt=\"\" width=\"40\" height=\"40\" \/><\/a><\/p>\n<div class=\"article-body\">\n<h1 class=\"js-headline\" style=\"text-align: center;\"><a id=\"ref40\"><\/a><a href=\"#ref40a\">[40]<\/a> La jefa actual del Imserso llev\u00f3 al notario el saqueo del PP de Madrid<\/h1>\n<p><span style=\"font-size: 14pt;\">Por Esteban Urreiztieta<\/span><\/p>\n<p><span style=\"color: #008000;\">Articulo publicado el 21 de marzo de 2018 en:<\/span><\/p>\n<p><a href=\"http:\/\/www.elmundo.es\/espana\/2018\/03\/21\/5ab17ba6e5fdea7d1a8b4575.html\" target=\"_blank\" rel=\"noopener\">http:\/\/www.elmundo.es\/espana\/2018\/03\/21\/5ab17ba6e5fdea7d1a8b4575.html<\/a><\/p>\n<p>&nbsp;<\/p>\n<figure id=\"attachment_10212\" aria-describedby=\"caption-attachment-10212\" style=\"width: 660px\" class=\"wp-caption aligncenter\"><a href=\"https:\/\/puntocritico.com\/ausajpuntocritico\/wp-content\/uploads\/2018\/03\/foto-escritura-notarial.jpg\" rel=\"lightbox[10083]\"><img loading=\"lazy\" decoding=\"async\" class=\"wp-image-10212 size-full\" src=\"https:\/\/puntocritico.com\/ausajpuntocritico\/wp-content\/uploads\/2018\/03\/foto-escritura-notarial.jpg\" alt=\"\" width=\"660\" height=\"660\" srcset=\"https:\/\/puntocritico.com\/ausajpuntocritico\/wp-content\/uploads\/2018\/03\/foto-escritura-notarial.jpg 660w, https:\/\/puntocritico.com\/ausajpuntocritico\/wp-content\/uploads\/2018\/03\/foto-escritura-notarial-150x150.jpg 150w, https:\/\/puntocritico.com\/ausajpuntocritico\/wp-content\/uploads\/2018\/03\/foto-escritura-notarial-300x300.jpg 300w\" sizes=\"auto, (max-width: 660px) 100vw, 660px\" \/><\/a><figcaption id=\"caption-attachment-10212\" class=\"wp-caption-text\"><span style=\"color: #008000;\">Fragmento del acta notarial en el que se relata el desv\u00edo de fondos p\u00fablicos E.M.<\/span><\/figcaption><\/figure>\n<p style=\"text-align: justify;\"><span style=\"font-size: 14pt; font-family: arial, helvetica, sans-serif;\">La actual directora general del\u00a0<strong>Imserso<\/strong>\u00a0relat\u00f3 ante notario c\u00f3mo se desviaron fondos p\u00fablicos destinados a la reinserci\u00f3n de menores en beneficio de los l\u00edderes del\u00a0<a href=\"http:\/\/www.elmundo.es\/e\/pp\/pp-partido-popular.html\" target=\"_blank\" rel=\"noopener\">PP<\/a>\u00a0madrile\u00f1o.\u00a0<strong>Carmen Balfag\u00f3n<\/strong>, ex responsable de la\u00a0<strong>Agencia de la Comunidad de Madrid para la Reeducaci\u00f3n y Reinserci\u00f3n del Menor Infractor<\/strong>, que depend\u00eda de la Consejer\u00eda de Justicia, dej\u00f3 constancia ante notario el 19 de enero de 2012 de que el ex consejero\u00a0<strong>Alfredo Prada<\/strong>\u00a0le hab\u00eda obligado seis a\u00f1os antes a pagar por trabajos inexistentes a empresas pr\u00f3ximas al partido.<\/span><\/p>\n<p style=\"text-align: justify;\"><span style=\"font-size: 14pt; font-family: arial, helvetica, sans-serif;\">El ex consejero de Presidencia de la\u00a0<strong>Comunidad de Madrid<\/strong>,\u00a0<a href=\"http:\/\/www.elmundo.es\/e\/fr\/francisco-granados.html\" target=\"_blank\" rel=\"noopener\">Francisco Granados<\/a>, puso como ejemplo de financiaci\u00f3n irregular del PP madrile\u00f1o estos pagos hace unos d\u00edas ante la\u00a0<a href=\"http:\/\/www.elmundo.es\/e\/au\/audiencia-nacional.html\" target=\"_blank\" rel=\"noopener\">Audiencia Nacional<\/a>\u00a0y est\u00e1n siendo investigados en el marco de la\u00a0<a href=\"http:\/\/www.elmundo.es\/t\/op\/operacion-punica.html\" target=\"_blank\" rel=\"noopener\"><em>operaci\u00f3n P\u00fanica<\/em><\/a>. Balfag\u00f3n no llega en su relato a acreditar que el destino fueran\u00a0<a href=\"http:\/\/www.elmundo.es\/espana\/2018\/03\/17\/5aac1934e2704ea9668b4637.html\" target=\"_blank\" rel=\"noopener\">las campa\u00f1as electorales del partido<\/a>, pero s\u00ed deja constancia del saqueo de fondos p\u00fablicos y sostiene que Granados tuvo conocimiento de estos hechos y no quiso denunciarlos.<\/span><\/p>\n<p style=\"text-align: justify;\"><span style=\"font-size: 14pt; font-family: arial, helvetica, sans-serif;\">Seg\u00fan el pormenorizado relato de la funcionaria ante el fedatario p\u00fablico, al que ha tenido acceso\u00a0<a href=\"http:\/\/www.elmundo.es\/\" target=\"_blank\" rel=\"noopener\">EL MUNDO<\/a>, en diciembre de 2006 Prada le \u00absolicit\u00f3\u00bb que se entrevistara con el ex diputado regional\u00a0<strong>\u00c1lvaro Renedo<\/strong>. Le explic\u00f3 que \u00abpertenec\u00eda a un grupo de comunicaci\u00f3n que estaba dispuesto a realizar una serie de actuaciones encaminadas a poner en valor el trabajo de la Agencia del Menor, as\u00ed como del conjunto de actuaciones que se ven\u00edan realizando en la Consejer\u00eda de Justicia en determinados medios de comunicaci\u00f3n social\u00bb.<\/span><span style=\"font-size: 14pt; font-family: arial, helvetica, sans-serif;\">\u00a0<\/span><\/p>\n<figure id=\"attachment_10213\" aria-describedby=\"caption-attachment-10213\" style=\"width: 660px\" class=\"wp-caption aligncenter\"><a href=\"https:\/\/puntocritico.com\/ausajpuntocritico\/wp-content\/uploads\/2018\/03\/ii-foto-escritura-notarial.jpg\" rel=\"lightbox[10083]\"><img loading=\"lazy\" decoding=\"async\" class=\"wp-image-10213 size-full\" src=\"https:\/\/puntocritico.com\/ausajpuntocritico\/wp-content\/uploads\/2018\/03\/ii-foto-escritura-notarial.jpg\" alt=\"\" width=\"660\" height=\"439\" srcset=\"https:\/\/puntocritico.com\/ausajpuntocritico\/wp-content\/uploads\/2018\/03\/ii-foto-escritura-notarial.jpg 660w, https:\/\/puntocritico.com\/ausajpuntocritico\/wp-content\/uploads\/2018\/03\/ii-foto-escritura-notarial-300x200.jpg 300w\" sizes=\"auto, (max-width: 660px) 100vw, 660px\" \/><\/a><figcaption id=\"caption-attachment-10213\" class=\"wp-caption-text\"><span style=\"color: #008000; font-size: 14pt; font-family: arial, helvetica, sans-serif;\">Fragmento escritura notarial<\/span><\/figcaption><\/figure>\n<p style=\"text-align: justify;\"><span style=\"font-size: 14pt; font-family: arial, helvetica, sans-serif;\">Le precis\u00f3 adem\u00e1s que ten\u00eda que ponerse en contacto con la\u00a0<strong>Asociaci\u00f3n para la Gesti\u00f3n de la Integraci\u00f3n Social<\/strong>\u00a0(<strong>Ginso<\/strong>), que \u00abpor aquel entonces ya colaboraba con la Comunidad de Madrid en la gesti\u00f3n de un centro para el cumplimiento de medidas judiciales en\u00a0<strong>Brea del Tajo<\/strong>\u00ab.<\/span><\/p>\n<p style=\"text-align: justify;\"><span style=\"font-size: 14pt; font-family: arial, helvetica, sans-serif;\">La funcionaria sigui\u00f3 las instrucciones de Prada y se reuni\u00f3 con Renedo, que se comprometi\u00f3 a \u00abrealizar una serie de estudios\u00bb. Al escuchar su propuesta, la responsable de la Comunidad de Madrid traslad\u00f3 a Prada que \u00abno ve\u00eda la necesidad de dichos estudios ni la necesidad de hacer publicidad de la Agencia del Menor, que no hab\u00eda originado ning\u00fan tipo de problema\u00bb. \u00abSin embargo\u00bb, detalla la funcionaria en el acta, \u00absin atender a mis consideraciones, me insisti\u00f3 en la necesidad de que Ginso firmara el acuerdo de colaboraci\u00f3n con Renedo de manera urgente\u00bb.<\/span><\/p>\n<p style=\"text-align: justify;\"><span style=\"font-size: 14pt; font-family: arial, helvetica, sans-serif;\">Ese mismo mes se \u00abconsolid\u00f3 el acuerdo\u00bb, a pesar de que traslad\u00f3 al entonces consejero de\u00a0<a href=\"http:\/\/www.elmundo.es\/e\/es\/esperanza-aguirre.html\" target=\"_blank\" rel=\"noopener\">Esperanza Aguirre<\/a>\u00a0sus quejas por el tono de \u00abexigencia\u00bb que hab\u00eda utilizado el ex diputado popular, que tampoco sent\u00f3 bien en Ginso. \u00abLa respuesta fue contundente en el sentido de que no importaban las formas\u00bb, se\u00f1ala en su confesi\u00f3n.<\/span><span style=\"font-size: 14pt; font-family: arial, helvetica, sans-serif;\">\u00a0<\/span><\/p>\n<figure id=\"attachment_10214\" aria-describedby=\"caption-attachment-10214\" style=\"width: 660px\" class=\"wp-caption aligncenter\"><a href=\"https:\/\/puntocritico.com\/ausajpuntocritico\/wp-content\/uploads\/2018\/03\/iii-foto-escritura-notarial.jpg\" rel=\"lightbox[10083]\"><img loading=\"lazy\" decoding=\"async\" class=\"wp-image-10214 size-full\" src=\"https:\/\/puntocritico.com\/ausajpuntocritico\/wp-content\/uploads\/2018\/03\/iii-foto-escritura-notarial.jpg\" alt=\"\" width=\"660\" height=\"280\" srcset=\"https:\/\/puntocritico.com\/ausajpuntocritico\/wp-content\/uploads\/2018\/03\/iii-foto-escritura-notarial.jpg 660w, https:\/\/puntocritico.com\/ausajpuntocritico\/wp-content\/uploads\/2018\/03\/iii-foto-escritura-notarial-300x127.jpg 300w\" sizes=\"auto, (max-width: 660px) 100vw, 660px\" \/><\/a><figcaption id=\"caption-attachment-10214\" class=\"wp-caption-text\"><span style=\"color: #008000; font-size: 14pt; font-family: arial, helvetica, sans-serif;\">Fragmento escritura notarial<\/span><\/figcaption><\/figure>\n<p style=\"text-align: justify;\"><span style=\"font-size: 14pt; font-family: arial, helvetica, sans-serif;\">A partir de ah\u00ed se firmaron una serie de acuerdos entre esta entidad, que manten\u00eda un convenio con la Comunidad de Madrid de 15 a\u00f1os de duraci\u00f3n para el referido centro de Brea del Tajo, que contemplaban la entrega de estudios vinculados a la reinserci\u00f3n de menores que nunca aparecieron.<\/span><\/p>\n<p style=\"text-align: justify;\"><span style=\"font-size: 14pt; font-family: arial, helvetica, sans-serif;\">A pesar de que el consejero madrile\u00f1o fue informado de ello, Prada orden\u00f3 la firma de nuevos acuerdos. \u00abMe dijo que no era consciente de la importancia que ten\u00eda para la Comunidad de Madrid y para \u00e9l mismo\u00bb, apunta la funcionaria que le dijo el consejero.<\/span><\/p>\n<p style=\"text-align: justify;\"><span style=\"font-size: 14pt; font-family: arial, helvetica, sans-serif;\">Los contratos se ampliaban y los estudios comprometidos segu\u00edan sin aparecer. \u00abContact\u00e9 con el consejero Prada para comunicarle esta circunstancia, a lo que me respondi\u00f3 que no me preocupara, que les deb\u00edan pagar\u00bb y que \u00ab\u00e9l sab\u00eda lo que hac\u00eda\u00bb, prosigue el relato ante notario. En total fueron abonados 173.800 euros mediante esta operativa.<\/span><\/p>\n<figure id=\"attachment_10215\" aria-describedby=\"caption-attachment-10215\" style=\"width: 660px\" class=\"wp-caption aligncenter\"><a href=\"https:\/\/puntocritico.com\/ausajpuntocritico\/wp-content\/uploads\/2018\/03\/iv-foto-escritura-notarial.jpg\" rel=\"lightbox[10083]\"><img loading=\"lazy\" decoding=\"async\" class=\"wp-image-10215 size-full\" src=\"https:\/\/puntocritico.com\/ausajpuntocritico\/wp-content\/uploads\/2018\/03\/iv-foto-escritura-notarial.jpg\" alt=\"\" width=\"660\" height=\"280\" srcset=\"https:\/\/puntocritico.com\/ausajpuntocritico\/wp-content\/uploads\/2018\/03\/iv-foto-escritura-notarial.jpg 660w, https:\/\/puntocritico.com\/ausajpuntocritico\/wp-content\/uploads\/2018\/03\/iv-foto-escritura-notarial-300x127.jpg 300w\" sizes=\"auto, (max-width: 660px) 100vw, 660px\" \/><\/a><figcaption id=\"caption-attachment-10215\" class=\"wp-caption-text\"><span style=\"color: #008000; font-size: 14pt; font-family: arial, helvetica, sans-serif;\">Fragmento acta notrial<\/span><\/figcaption><\/figure>\n<p style=\"text-align: justify;\"><span style=\"font-size: 14pt; font-family: arial, helvetica, sans-serif;\">Este episodio fue comunicado inmediatamente por esta alta funcionaria al sustituto de Prada al frente de la Consejer\u00eda de Justicia, Francisco Granados. \u00abFui yo la que se lo coment\u00f3 y nadie m\u00e1s, ya que por primera vez en mis 39 a\u00f1os de servicios me sent\u00eda utilizada y enga\u00f1ada por un superior jer\u00e1rquico. Una vez que se lo coment\u00e9 al consejero Granados se puso en contacto conmigo el viceconsejero\u00a0<strong>Salvador Victoria<\/strong>, a quien le expliqu\u00e9 mi preocupaci\u00f3n y le aport\u00e9 copia de todos los documentos que obraban en mi poder\u00bb, precis\u00f3. \u00abEl consejero Granados, pasados unos d\u00edas, me dijo que me olvidara del asunto, que lo dejara estar. Pero no era esa mi intenci\u00f3n, ya que no me parec\u00eda \u00e9tico lo que se hab\u00eda hecho\u00bb.<\/span><\/p>\n<p style=\"text-align: justify;\"><span style=\"font-size: 14pt; font-family: arial, helvetica, sans-serif;\">Balfag\u00f3n apostilla en el acta notarial que ratificar\u00e1 su testimonio \u00abdonde corresponda\u00bb.<\/span><\/p>\n<p><a href=\"https:\/\/puntocritico.com\/ausajpuntocritico\/wp-content\/uploads\/2018\/03\/Mosca_Punto_Cr\u00edtico_40.png\" rel=\"lightbox[10083]\"><img loading=\"lazy\" decoding=\"async\" class=\"aligncenter wp-image-9528\" src=\"https:\/\/puntocritico.com\/ausajpuntocritico\/wp-content\/uploads\/2018\/03\/Mosca_Punto_Cr\u00edtico_40.png\" alt=\"\" width=\"40\" height=\"40\" \/><\/a><\/p>\n<h1 class=\"pg-headline\" style=\"text-align: center;\"><a id=\"ref41\"><\/a><a href=\"#ref41a\">[41]<\/a> Estas son las constructoras que ingresaron 300 millones en contratos con una cl\u00e1usula ilegal que favorec\u00eda el \u2018dedazo\u2019<\/h1>\n<p><span style=\"font-size: 14pt;\">Por Antonio M. V\u00e9lez<\/span><\/p>\n<p><span style=\"color: #008000;\">Articulo publicado el 21 de marzo de 2018 en:\u00a0<\/span><\/p>\n<p><a href=\"https:\/\/www.eldiario.es\/economia\/constructoras-adjudicaron-millones-contratos-favorecia_0_752075831.html\" target=\"_blank\" rel=\"noopener\">https:\/\/www.eldiario.es\/economia\/constructoras-adjudicaron-millones-contratos-favorecia_0_752075831.html<\/a><\/p>\n<p>&nbsp;<\/p>\n<\/div>\n<\/div>\n<blockquote>\n<p style=\"text-align: justify;\"><span style=\"font-size: 14pt; color: #008000;\"><strong>OHL fue la que recibi\u00f3 el mayor importe: 58,2 millones en tres contratos de mantenimiento de carreteras en Madrid, Le\u00f3n y Granada<\/strong><\/span><\/p>\n<p style=\"text-align: justify;\"><span style=\"font-size: 14pt; color: #008000;\"><strong>Tambi\u00e9n recibieron contratos Acciona, Sacyr, FCC y\u00a0otras empresas vinculadas a la presunta financiaci\u00f3n irregular del PP y a los Papeles de B\u00e1rcenas<\/strong><\/span><\/p>\n<p style=\"text-align: justify;\"><span style=\"font-size: 14pt; color: #008000;\"><strong>Podemos pide la comparecencia\u00a0de los ministros de Fomento y Justicia y el PSOE reclama que no se prorroguen los contratos, muchos de los cuales todav\u00eda est\u00e1n en vigor<\/strong><\/span><\/p>\n<\/blockquote>\n<p>&nbsp;<\/p>\n<figure id=\"attachment_10216\" aria-describedby=\"caption-attachment-10216\" style=\"width: 643px\" class=\"wp-caption aligncenter\"><a href=\"https:\/\/puntocritico.com\/ausajpuntocritico\/wp-content\/uploads\/2018\/03\/OHL-PP-PSOE-Ciudadanos-Podemos_EDIIMA20160225_0836_42.jpg\" rel=\"lightbox[10083]\"><img loading=\"lazy\" decoding=\"async\" class=\"wp-image-10216 size-full\" src=\"https:\/\/puntocritico.com\/ausajpuntocritico\/wp-content\/uploads\/2018\/03\/OHL-PP-PSOE-Ciudadanos-Podemos_EDIIMA20160225_0836_42.jpg\" alt=\"\" width=\"643\" height=\"362\" srcset=\"https:\/\/puntocritico.com\/ausajpuntocritico\/wp-content\/uploads\/2018\/03\/OHL-PP-PSOE-Ciudadanos-Podemos_EDIIMA20160225_0836_42.jpg 643w, https:\/\/puntocritico.com\/ausajpuntocritico\/wp-content\/uploads\/2018\/03\/OHL-PP-PSOE-Ciudadanos-Podemos_EDIIMA20160225_0836_42-300x169.jpg 300w\" sizes=\"auto, (max-width: 643px) 100vw, 643px\" \/><\/a><figcaption id=\"caption-attachment-10216\" class=\"wp-caption-text\"><span style=\"color: #008000;\">El expresidente de OHL, Juan Miguel Villar Mir<\/span><\/figcaption><\/figure>\n<div class=\"column left-side\">\n<div class=\"article-body\" style=\"text-align: center;\">\n<p class=\"mce\" style=\"text-align: justify;\"><span style=\"font-size: 14pt; font-family: arial, helvetica, sans-serif;\">OHL, Acciona, Sacyr, FCC y otras empresas vinculadas a la presunta financiaci\u00f3n irregular del PP figuran entre las m\u00e1s de treinta adjudicatarias de los al menos 40 contratos de mantenimiento de carreteras que el Ministerio de Fomento adjudic\u00f3 entre abril de 2014 y octubre de 2015 con una cl\u00e1usula que favorec\u00eda el \u2018dedazo\u2019 entre las empresas constructoras y que fue declarada ilegal con posterioridad.<\/span><\/p>\n<p class=\"mce\" style=\"text-align: justify;\"><span style=\"font-size: 14pt; font-family: arial, helvetica, sans-serif;\"><a class=\"mce\" href=\"https:\/\/www.eldiario.es\/economia\/Gobierno-adjudico-millones-favorecia-constructoras_0_751725697.html\" target=\"_blank\" rel=\"noopener\">Como avanz\u00f3 eldiario.es<\/a>, en el portal de Contrataci\u00f3n del Estado constan al menos 40 adjudicaciones cuyos pliegos\u00a0inclu\u00edan esa f\u00f3rmula, declarada ilegal en enero de 2016 por el Tribunal Administrativo Central de Recursos Contractuales. Esos 40 contratos suman un importe global superior a los 300 millones de euros. Al haberse adjudicado quince de\u00a0ellos\u00a0a uniones temporales de empresas (UTEs), en muchos casos el desglose del importe\u00a0que corresponde a cada compa\u00f1\u00eda no est\u00e1 disponible.<\/span><\/p>\n<section id=\"edi-ad-slot-intext\" class=\"md-advertisement md hspace no-adv-socios\" role=\"marquee\" data-google-query-id=\"CNC4zqK4h9oCFasw0wodCaoPpg\">\n<div id=\"google_ads_iframe_\/123333327\/eldiario.es\/noticia_intext_0__container__\"><span style=\"font-size: 14pt; font-family: arial, helvetica, sans-serif;\">La empresa que recibi\u00f3 el mayor importe, 58,2 millones, fue la constructora OHL, cuyo m\u00e1ximo accionista, el exministro Juan Miguel Villar Mir, est\u00e1 triplemente imputado por los Papeles de B\u00e1rcenas y las tramas Lezo y P\u00fanica.<\/span><\/div>\n<\/section>\n<p class=\"mce\" style=\"text-align: justify;\"><span style=\"font-size: 14pt; font-family: arial, helvetica, sans-serif;\">OHL se adjudic\u00f3 en solitario tres contratos en la\u00a0<a class=\"mce\" href=\"https:\/\/contrataciondelestado.es\/wps\/wcm\/connect\/3d6b1f14-9c36-4812-9e63-1d6b4f5fe4d5\/DOC_CAN_ADJ2014-688782.pdf?MOD=AJPERES\" target=\"_blank\" rel=\"noopener\">Comunidad de Madrid<\/a>\u00a0y en las provincias de\u00a0<a class=\"mce\" href=\"https:\/\/contrataciondelestado.es\/wps\/wcm\/connect\/a258e957-57d0-4e04-a2a3-ff6dcc6e8845\/DOC_CAN_ADJ2015-102264.pdf?MOD=AJPERES\" target=\"_blank\" rel=\"noopener\">\u00a0Le\u00f3n<\/a>\u00a0y\u00a0<a class=\"mce\" href=\"https:\/\/contrataciondelestado.es\/wps\/wcm\/connect\/c837b2d0-42f6-463e-b635-f0d682440b7c\/DOC_CAN_ADJ2014-619711.pdf?MOD=AJPERES\" target=\"_blank\" rel=\"noopener\">Granada<\/a>. Entre ellos sobresale\u00a0el mayor de todos, el del mantenimiento de las carreteras madrile\u00f1as. Fue adjudicado por 40,7 millones a una uni\u00f3n temporal de empresas (UTE)\u00a0de su filial Elsan\u00a0y de la propia OHL en diciembre de 2014.<\/span><\/p>\n<h4 style=\"text-align: justify;\"><span style=\"font-size: 14pt; font-family: arial, helvetica, sans-serif;\">Evoluci\u00f3n de las adjudicaciones por grupos empresariales<\/span><\/h4>\n<p style=\"text-align: justify;\"><span style=\"font-size: 14pt; font-family: arial, helvetica, sans-serif;\">Se ha dividido el importe de las UTEs al 50% entre las empresas adjudicatarias<\/span><\/p>\n<p><iframe loading=\"lazy\" class=\"tableau-responsive\" style=\"border: 0px;\" src=\"https:\/\/public.tableau.com\/views\/adjudicaciones\/evolucion?:showVizHome=no&amp;:embed=true\" width=\"600px\" height=\"550px\" scrolling=\"no\"><\/iframe><\/p>\n<p>&nbsp;<\/p>\n<p class=\"mce\" style=\"text-align: justify;\"><span style=\"font-size: 14pt; font-family: arial, helvetica, sans-serif;\">En el listado de adjudicatarias destaca tambi\u00e9n Acciona. La constructora de la familia Entrecanales, se\u00f1alada por el exgerente del PP en Madrid Beltr\u00e1n Guti\u00e9rrez como\u00a0<a class=\"mce\" href=\"https:\/\/www.eldiario.es\/politica\/exgerente-PP-Madrid-Barcenas-pulsera_0_627488423.html\" target=\"_blank\" rel=\"noopener\">donante en B de este partido<\/a>, se adjudic\u00f3 en solitario cuatro contratos por 24,1 millones en\u00a0<a class=\"mce\" href=\"https:\/\/contrataciondelestado.es\/wps\/wcm\/connect\/4db6177c-3e7f-46e6-8b21-c814ec293f68\/DOC_CAN_ADJ2014-614403.pdf?MOD=AJPERES\" target=\"_blank\" rel=\"noopener\">Galicia<\/a>,\u00a0<a class=\"mce\" href=\"https:\/\/contrataciondelestado.es\/wps\/wcm\/connect\/8652a296-edfb-45b3-a1c5-e95a9326af3b\/DOC_CAN_ADJ2014-683454.pdf?MOD=AJPERES\" target=\"_blank\" rel=\"noopener\">\u00a0Castilla y Le\u00f3n<\/a>,\u00a0<a class=\"mce\" href=\"https:\/\/contrataciondelestado.es\/wps\/wcm\/connect\/8b4a98ff-54f9-4b2a-beac-2675217051cf\/DOC_CAN_ADJ2015-039587.pdf?MOD=AJPERES\" target=\"_blank\" rel=\"noopener\">Andaluc\u00eda<\/a>\u00a0y\u00a0<a class=\"mce\" href=\"https:\/\/contrataciondelestado.es\/wps\/wcm\/connect\/5bfb4318-e10b-4c5c-a230-62d470c3be1b\/DOC_CAN_ADJ2015-105102.pdf?MOD=AJPERES\" target=\"_blank\" rel=\"noopener\">Murcia<\/a>. Otra grande del sector, Sacyr, implicada en la\u00a0<a class=\"mce\" href=\"https:\/\/www.eldiario.es\/politica\/acusacion-presidente-Sacyr-presunta-PP_0_518998905.html\" target=\"_blank\" rel=\"noopener\">presunta financiaci\u00f3n ilegal del PP en Castilla-La Mancha<\/a>, se adjudic\u00f3 a trav\u00e9s de su filial Valoriza tres contratos con esta f\u00f3rmula en\u00a0<a class=\"mce\" href=\"https:\/\/contrataciondelestado.es\/wps\/wcm\/connect\/19ba3886-04ce-4ca6-9b1e-bffb886fa67d\/DOC_CAN_ADJ2015-039629.pdf?MOD=AJPERES\" target=\"_blank\" rel=\"noopener\">Toledo<\/a>,\u00a0<a class=\"mce\" href=\"https:\/\/contrataciondelestado.es\/wps\/wcm\/connect\/0523d56b-fcd6-4a23-90bb-63e467172f2b\/DOC_CAN_ADJ2015-112167.pdf?MOD=AJPERES\" target=\"_blank\" rel=\"noopener\">\u00a0Huelva<\/a>\u00a0y\u00a0<a class=\"mce\" href=\"https:\/\/contrataciondelestado.es\/wps\/wcm\/connect\/5fbc9d15-6610-4711-b822-ba5d257a6187\/DOC_CAN_ADJ2015-170562.pdf?MOD=AJPERES\" target=\"_blank\" rel=\"noopener\">Zamora<\/a>. El importe adjudicado suma 17,6 millones.<\/span><\/p>\n<h4 style=\"text-align: justify;\"><span style=\"font-size: 14pt; font-family: arial, helvetica, sans-serif;\">Importe total de las adjudicaciones por grupos empresariales<\/span><\/h4>\n<p style=\"text-align: justify;\"><span style=\"font-size: 14pt; font-family: arial, helvetica, sans-serif;\">Se ha dividido el importe de las UTEs al 50% entre las empresas adjudicatarias<\/span><\/p>\n<p style=\"text-align: center;\"><iframe loading=\"lazy\" class=\"tableau-responsive\" style=\"border: 0px;\" src=\"https:\/\/public.tableau.com\/views\/adjudicaciones\/grupos?:showVizHome=no&amp;:embed=true\" width=\"600\" height=\"750px\" scrolling=\"no\"><\/iframe><\/p>\n<p class=\"mce\" style=\"text-align: justify;\"><span style=\"font-size: 14pt; font-family: arial, helvetica, sans-serif;\">FCC, la constructora del\u00a0<a class=\"mce\" href=\"https:\/\/www.eldiario.es\/economia\/presidentes-FCC-construcciones-Barcenas-Acuamed_0_475252817.html\" target=\"_blank\" rel=\"noopener\">esc\u00e1ndalo Acuamed<\/a>, vinculada tambi\u00e9n a los papeles de B\u00e1rcenas, aparece como adjudicataria de tres contratos con esa cl\u00e1usula ilegal por importe de algo m\u00e1s de 17 millones. Se los adjudic\u00f3 su filial Mantenimiento de Infraestructuras SA y comprenden el mantenimiento de carreteras en las provincias de\u00a0<a class=\"mce\" href=\"https:\/\/contrataciondelestado.es\/wps\/wcm\/connect\/78fd7fd2-7dd8-49fe-b6c1-c03943904193\/DOC_CAN_ADJ2015-039630.pdf?MOD=AJPERES\" target=\"_blank\" rel=\"noopener\">C\u00e1ceres<\/a>,\u00a0<a class=\"mce\" href=\"https:\/\/contrataciondelestado.es\/wps\/wcm\/connect\/a0c34fcb-e07d-496a-a613-7335b4b678a9\/DOC_CAN_ADJ2015-098873.pdf?MOD=AJPERES\" target=\"_blank\" rel=\"noopener\">Burgos<\/a>\u00a0y\u00a0<a class=\"mce\" href=\"https:\/\/contrataciondelestado.es\/wps\/wcm\/connect\/217dd034-56d3-4629-98fe-995ff283055a\/DOC_CAN_ADJ2015-184188.pdf?MOD=AJPERES\" target=\"_blank\" rel=\"noopener\">\u00c1vila<\/a>.\u00a0\u00a0<\/span><\/p>\n<p class=\"mce\" style=\"text-align: justify;\"><span style=\"font-size: 14pt; font-family: arial, helvetica, sans-serif;\">Pavasal, se\u00f1alada por la Guardia Civil como\u00a0<a class=\"mce\" href=\"https:\/\/www.eldiario.es\/cv\/financiadores-PP-empresas-organismos-Barbera_0_685932233.html\" target=\"_blank\" rel=\"noopener\">\u00a0donante del PP de Valencia<\/a>, recibi\u00f3 dos contratos. Uno en\u00a0<a class=\"mce\" href=\"https:\/\/contrataciondelestado.es\/wps\/wcm\/connect\/d0072339-5e80-43e5-8dc4-f98232ade47c\/DOC_CAN_ADJ2014-684451.pdf?MOD=AJPERES\" target=\"_blank\" rel=\"noopener\">\u00a0solitario<\/a>\u00a0en Valencia (4,9 millones) y otro en\u00a0<a class=\"mce\" href=\"https:\/\/contrataciondelestado.es\/wps\/wcm\/connect\/f9bab6e4-d7b3-4f1e-942a-12a594fa7d26\/DOC_CAN_ADJ2014-619713.pdf?MOD=AJPERES\" target=\"_blank\" rel=\"noopener\">\u00a0UTE con Aceinsa<\/a>Movilidad. Tambi\u00e9n obtuvo dos contratos, ambos en UTE, Ortiz, Construcciones y Proyectos (trama P\u00fanica), en las\u00a0provincias de\u00a0<a class=\"mce\" href=\"https:\/\/contrataciondelestado.es\/wps\/wcm\/connect\/f3b9564b-8b05-4bfe-bc77-fcf09bc8cf7f\/DOC_CAN_ADJ2014-689643.pdf?MOD=AJPERES\" target=\"_blank\" rel=\"noopener\">\u00a0Cuenca<\/a>\u00a0y\u00a0<a class=\"mce\" href=\"https:\/\/contrataciondelestado.es\/wps\/wcm\/connect\/aa18d546-4d6b-42ec-95e5-407f241442f6\/DOC_CAN_ADJ2015-039623.pdf?MOD=AJPERES\" target=\"_blank\" rel=\"noopener\">Badajoz<\/a>.\u00a0<\/span><\/p>\n<p class=\"mce\" style=\"text-align: justify;\"><span style=\"font-size: 14pt; font-family: arial, helvetica, sans-serif;\">Con un contrato figuran la gallega Copasa (<a class=\"mce\" href=\"https:\/\/contrataciondelestado.es\/wps\/wcm\/connect\/a42b0f3d-f1a7-4f80-9fc0-33789d078398\/DOC_CAN_ADJ2014-677182.pdf?MOD=AJPERES\" target=\"_blank\" rel=\"noopener\">\u00a09,6 millones<\/a>), donante del PP hist\u00f3ricamente vinculada a este partido e imputada en los\u00a0<a class=\"mce\" href=\"https:\/\/www.eldiario.es\/politica\/empresarios-declaran-supuestas-donaciones-PP_0_218728164.html\" target=\"_blank\" rel=\"noopener\">Papeles de B\u00e1rcenas<\/a>;\u00a0<a class=\"mce\" href=\"https:\/\/contrataciondelestado.es\/wps\/wcm\/connect\/0476d02c-733e-4f59-90b8-9ff8017d3712\/DOC_CAN_ADJ2015-103343.pdf?MOD=AJPERES\" target=\"_blank\" rel=\"noopener\">\u00a0CHM Obras<\/a>, implicada en la\u00a0<a class=\"mce\" href=\"https:\/\/www.eldiario.es\/cv\/corrupcion\/Gurtel-presunta-financiacion-PP-valenciano_0_729327172.html\" target=\"_blank\" rel=\"noopener\">\u00a0G\u00fcrtel valenciana<\/a>; y dos empresas de los Papeles de B\u00e1rcenas: Jos\u00e9 Antonio\u00a0<a class=\"mce\" href=\"https:\/\/contrataciondelestado.es\/wps\/wcm\/connect\/df99bbbe-fea7-4fcb-97f2-de88bbd8d40f\/DOC_CAN_ADJ2014-643890.pdf?MOD=AJPERES\" target=\"_blank\" rel=\"noopener\">Romero Polo<\/a>, SAU y\u00a0<a class=\"mce\" href=\"https:\/\/contrataciondelestado.es\/wps\/wcm\/connect\/dcd63868-6109-4ffe-a617-e8628d40e4c1\/DOC_CAN_ADJ2014-675820.pdf?MOD=AJPERES\" target=\"_blank\" rel=\"noopener\">Sorigu\u00e9<\/a>, en este caso en UTE con API Movilidad, filial de ACS, que se adjudic\u00f3 dos contratos con esta cl\u00e1usula en alianza con terceros.<\/span><\/p>\n<p class=\"mce\" style=\"text-align: justify;\"><span style=\"font-size: 14pt; font-family: arial, helvetica, sans-serif;\">En el listado tambi\u00e9n figuran dos empresas vinculadas a la trama de corrupci\u00f3n del ex embajador Gustavo de Ar\u00edstegui y el ex diputado popular Pedro G\u00f3mez de la Serna: Assignia (antigua Constructora Hisp\u00e1nica, actualmente en liquidaci\u00f3n), con\u00a0<a class=\"mce\" href=\"https:\/\/contrataciondelestado.es\/wps\/wcm\/connect\/21cd3259-dbea-4fb3-8c55-f71a9b04aabb\/DOC_CAN_ADJ2015-098878.pdf?MOD=AJPERES\" target=\"_blank\" rel=\"noopener\">\u00a0un contrato en UTE<\/a>\u00a0en Castell\u00f3n; y Audeca (del grupo Elecnor), con un contrato en\u00a0<a class=\"mce\" href=\"https:\/\/contrataciondelestado.es\/wps\/wcm\/connect\/37d78fb1-cc13-4d7b-9b87-70581fdfc8e9\/DOC_CAN_ADJ2014-668324.pdf?MOD=AJPERES\" target=\"_blank\" rel=\"noopener\">Murcia<\/a>\u00a0y otro en\u00a0<a class=\"mce\" href=\"https:\/\/contrataciondelestado.es\/wps\/wcm\/connect\/f13d240a-db43-4df6-9b23-afb60f8fb689\/DOC_CAN_ADJ2015-120851.pdf?MOD=AJPERES\" target=\"_blank\" rel=\"noopener\">UTE en Le\u00f3n<\/a>.\u00a0<\/span><\/p>\n<p class=\"mce\" style=\"text-align: justify;\"><span style=\"font-size: 14pt; font-family: arial, helvetica, sans-serif;\">Todos estos contratos fueron adjudicados durante la etapa en Fomento de la actual presidenta del Congreso, Ana Pastor. Los pliegos de contrataci\u00f3n llevaban la firma del entonces secretario de Estado de Infraestructuras y hoy ministro de Justicia, Rafael Catal\u00e1.\u00a0El director general de Carreteras, entonces y ahora, era (y es) Jorge Urrecho Corrales, antiguo colaborador en Fomento del exministro Francisco \u00c1lvarez-Cascos\u00a0que fue\u00a0ingeniero jefe en el municipio madrile\u00f1o de Pozuelo de Alarc\u00f3n (Madrid), epicentro de la red G\u00fcrtel.<\/span><\/p>\n<h3 style=\"text-align: justify;\"><span style=\"font-size: 14pt; font-family: arial, helvetica, sans-serif;\">Explicaciones<\/span><\/h3>\n<p class=\"mce\" style=\"text-align: justify;\"><span style=\"font-size: 14pt; font-family: arial, helvetica, sans-serif;\">Este mi\u00e9rcoles, el Grupo parlamentario de Unidos Podemos pidi\u00f3 la comparecencia del ministro de Fomento, \u00cd\u00f1igo de la Serna, y de Catal\u00e1 para que den explicaciones en la Comisi\u00f3n de Fomento sobre este asunto.<\/span><\/p>\n<p class=\"mce\" style=\"text-align: justify;\"><span style=\"font-size: 14pt; font-family: arial, helvetica, sans-serif;\">El diputado del PSOE C\u00e9sar Ramos, que en octubre pasado pregunt\u00f3 por escrito al Gobierno por estas adjudicaciones, advierte del riesgo de que Fomento decida prorrogar estos contratos, la inmensa mayor\u00eda de los cuales est\u00e1n vigentes y expiran este mismo a\u00f1o. \u00abEst\u00e1n beneficiando a gente a la que se le adjudic\u00f3 un contrato con una formula que no es conforme a derecho\u00bb, subraya.<\/span><\/p>\n<p class=\"mce\" style=\"text-align: justify;\"><span style=\"font-size: 14pt; font-family: arial, helvetica, sans-serif;\">En su respuesta al diputado socialista, fechada en enero pasado,\u00a0el Ejecutivo indic\u00f3 que el pliego tipo usado para estos contratos \u00abfue informado por la Abogac\u00eda del Estado con fecha 19 de diciembre de 2013, y por lo tanto conforme a Derecho en tanto en cuanto los Tribunales de Justicia declaren que no se ajusta a la Ley\u00bb. A\u00f1ad\u00eda esa respuesta que \u00abninguna empresa recurri\u00f3 las adjudicaciones con el anterior Pliego al recurrido\u00bb.<\/span><\/p>\n<p class=\"mce\" style=\"text-align: justify;\"><span style=\"font-size: 14pt; font-family: arial, helvetica, sans-serif;\">El ministerio de De la Serna no ha contestado a las preguntas de eldiario.es sobre este asunto.<\/span><\/p>\n<p style=\"text-align: justify;\"><a href=\"https:\/\/puntocritico.com\/ausajpuntocritico\/wp-content\/uploads\/2018\/03\/Mosca_Punto_Cr\u00edtico_40.png\" rel=\"lightbox[10083]\"><img loading=\"lazy\" decoding=\"async\" class=\"aligncenter wp-image-9528\" src=\"https:\/\/puntocritico.com\/ausajpuntocritico\/wp-content\/uploads\/2018\/03\/Mosca_Punto_Cr\u00edtico_40.png\" alt=\"\" width=\"40\" height=\"40\" \/><\/a><\/p>\n<h1 class=\"entry-title\" style=\"text-align: center;\"><a id=\"ref42\"><\/a><a href=\"#ref42a\">[42]<\/a> El \u2018big data\u2019 del PSOE<\/h1>\n<div class=\"author-content\">\n<p class=\"author\" style=\"text-align: left;\"><span style=\"font-size: 14pt;\">Por\u00a0 Juan Carlos Escudier<\/span><\/p>\n<\/div>\n<p style=\"text-align: left;\"><span style=\"color: #008000;\">Articulo publicado el 21 de marzo de 2018 en<\/span>:\u00a0<\/p>\n<p style=\"text-align: left;\"><a href=\"http:\/\/blogs.publico.es\/escudier\/2018\/03\/21\/el-big-data-del-psoe\/\" target=\"_blank\" rel=\"noopener\">http:\/\/blogs.publico.es\/escudier\/2018\/03\/21\/el-big-data-del-psoe\/<\/a><\/p>\n<p>&nbsp;<\/p>\n<p style=\"text-align: justify;\"><span style=\"font-size: 14pt; font-family: arial, helvetica, sans-serif;\">El esc\u00e1ndalo de la fuga de los datos de 50 millones de usuarios de Facebook, su procesamiento y su pretendida influencia en la victoria electoral de Trump y del Brexit no ha hecho sino poner sobre la mesa algo que ya sab\u00edamos: que nuestra intimidad est\u00e1 en almoneda y que los grandes gigantes tecnol\u00f3gicos juegan con ella sin control alguno. La supuesta democratizaci\u00f3n del acceso a la informaci\u00f3n que prometen constituye en realidad una refinada tiran\u00eda, un gran hermano vigilante que satisface deseos o los crea, que gestiona emociones o las desata.<\/span><\/p>\n<p style=\"text-align: justify;\"><span style=\"font-size: 14pt; font-family: arial, helvetica, sans-serif;\">Electoralmente, es extraordinariamente \u00fatil contar con perfiles emocionales de los votantes porque los mensajes que se les dirige multiplican su impacto. Los algoritmos son list\u00edsimos y pueden descubrir, por ejemplo, que uno es un potencial admirador de Albert Rivera porque en un plazo de dos semanas ha dado primero un like a la derogaci\u00f3n de la prisi\u00f3n permanente revisable y luego otro a su endurecimiento. Una vez catalogados, los ciudadanos son altamente influenciables. Es posible reforzar sus creencias o modificarlas. Si se tiene el dato de que un elevado porcentaje de supuestos simpatizantes de Podemos, activ\u00edsimos todos ellos en las redes sociales, profesan un amor desenfrenado a los animales, bastar\u00eda con sugerir que Pablo Iglesias abandon\u00f3 a su perro en una gasolinera antes de irse de vacaciones para que se replantearan su apoyo. Ni siquiera es necesario que la informaci\u00f3n sea cierta; basta con que encuentre el receptor adecuado.<\/span><\/p>\n<p style=\"text-align: justify;\"><span style=\"font-size: 14pt; font-family: arial, helvetica, sans-serif;\">Tanto para manipular maquiav\u00e9licamente las conciencias como para dar un uso ben\u00e9volo a la informaci\u00f3n de la que se dispone -prevenir los atascos en una gran ciudad, por poner un caso- es imprescindible hacer una lectura correcta del caudal de datos, contar con una inteligencia artificial o humana que los interprete y act\u00fae en consecuencia. Y aqu\u00ed es donde algunos fallan estrepitosamente, ya sea por analfabetismo funcional, por mal asesoramiento o por pura desidia.<\/span><\/p>\n<p style=\"text-align: justify;\"><span style=\"font-size: 14pt; font-family: arial, helvetica, sans-serif;\">Un caso paradigm\u00e1tico vendr\u00eda a ser el del PSOE y el de su resucitado l\u00edder Pedro S\u00e1nchez. Su inapelable triunfo en las primarias debi\u00f3 aportarle revelaciones cuasi cient\u00edficas acerca del sentir de los militantes socialistas. Sin necesidad de programas inform\u00e1ticos de \u00faltima generaci\u00f3n, era posible saber que una amplia mayor\u00eda compart\u00eda una acentuada orientaci\u00f3n a la izquierda, ya que esa era la oferta que se les present\u00f3, fuera por convencimiento del candidato o por simple estrategia. Tambi\u00e9n, que los viejos dinosaurios del partido hab\u00edan dejado de ejercer en ellos toda atracci\u00f3n jur\u00e1sica y que, sin renunciar a la hegemon\u00eda, cualquier entendimiento futuro deb\u00eda darse con otras fuerzas de izquierdas y no servir de b\u00e1culo a los adversarios pol\u00edticos con la excusa de esa raz\u00f3n de Estado que hab\u00eda permitido a Rajoy seguir durmiendo en Moncloa con la abstenci\u00f3n en los Presupuestos.<\/span><\/p>\n<p style=\"text-align: justify;\"><span style=\"font-size: 14pt; font-family: arial, helvetica, sans-serif;\">Para plantar picas en el centro, seguir venerando a los jarrones chinos y pasarles a diario el plumero o hacer seguidismo acr\u00edtico del PP en Catalunya ya estaba la sultana andaluza y su prole de barones, a los que la militancia dio abiertamente la espalda. Eso, en principio, era la conclusi\u00f3n m\u00e1s l\u00f3gica.<\/span><\/p>\n<p style=\"text-align: justify;\"><span style=\"font-size: 14pt; font-family: arial, helvetica, sans-serif;\">Pues bien, pese a contar con ese\u00a0<em>big data<\/em>\u00a0a su disposici\u00f3n, los nuevos responsables del PSOE parecen empe\u00f1ados en demostrar que su ignorancia es colosal o que, a la manera de Facebook y Cambrigde Analytica, intentan manipular a sus bases y convertirlas en susanistas, lo que ser\u00eda una proeza mayor que la victoria de Trump y el Brexit juntos.<\/span><\/p>\n<p style=\"text-align: justify;\"><span style=\"font-size: 14pt; font-family: arial, helvetica, sans-serif;\">El partido navega en una peligrosa indefinici\u00f3n o, simplemente, bucea en el disparate. Encumbrado como rebelde, S\u00e1nchez quiere ser un estadista que no s\u00f3lo no le niega el pan y la sal a Rajoy sino que le lleva el vino y el postre. De la proclamada coordinaci\u00f3n con Podemos se ha pasado a la indiferencia o a la gresca. La construcci\u00f3n de un nuevo partido m\u00e1s enraizado con sus afiliados y votantes se ha supeditado al visado de obra de sus antiguos arquitectos, y a muchos de ellos se les sigue esperando en ese acto de unidad y confraternizaci\u00f3n llamado Escuela de Buen Gobierno de la que hicieron mangas y capirotes. Un d\u00eda se vota en contra de acabar con la impunidad que supuso la ley de Amnist\u00eda porque crear\u00eda inseguridad jur\u00eddica, y al siguiente a favor de que se anulen las sentencias del franquismo. Para los grandes desaf\u00edos actuales \u2013educaci\u00f3n, pensiones, sanidad o modelo territorial- no hay ideas sino parches. El vac\u00edo del socialismo rociero ha sido rellenado con una supuesta materia gris, que tiene mucho de gris y muy poco de sustancia.<\/span><\/p>\n<p style=\"text-align: justify;\"><span style=\"font-size: 14pt; font-family: arial, helvetica, sans-serif;\">El uso de los datos para fines perversos es, en efecto, un peligro para la sociedad que fundamenta sus convicciones en la \u00faltima entrada de Facebook que llega a su muro. Despreciar la informaci\u00f3n de la que se dispone y hacer justamente lo contrario de lo que dicta el sentido com\u00fan es otro riesgo. Hasta para hacer el tonto hay que establecer l\u00edmites horarios.<\/span><\/p>\n<p><a href=\"https:\/\/puntocritico.com\/ausajpuntocritico\/wp-content\/uploads\/2018\/03\/Mosca_Punto_Cr\u00edtico_40.png\" rel=\"lightbox[10083]\"><img loading=\"lazy\" decoding=\"async\" class=\"aligncenter wp-image-9528\" src=\"https:\/\/puntocritico.com\/ausajpuntocritico\/wp-content\/uploads\/2018\/03\/Mosca_Punto_Cr\u00edtico_40.png\" alt=\"\" width=\"40\" height=\"40\" \/><\/a><\/p>\n<h1 class=\"entry-title\" style=\"text-align: center;\"><a id=\"ref43\"><\/a><a href=\"#ref43a\">[43] <\/a>Un mal d\u00eda para corruptos con cargo<\/h1>\n<div class=\"author-content\">\n<p class=\"author\" style=\"text-align: left;\"><span style=\"font-size: 14pt;\">Por David Bollero<\/span><\/p>\n<p style=\"text-align: left;\"><span style=\"color: #008000;\">Articulo publicado el 21 de marzo de 2018 en:\u00a0<\/span><\/p>\n<\/div>\n<p style=\"text-align: left;\"><a href=\"http:\/\/blogs.publico.es\/david-bollero\/2018\/03\/21\/contratacion-publica\/\" target=\"_blank\" rel=\"noopener\">http:\/\/blogs.publico.es\/david-bollero\/2018\/03\/21\/contratacion-publica\/<\/a><\/p>\n<\/div>\n<p>&nbsp;<\/p>\n<p style=\"text-align: justify;\"><span style=\"font-size: 14pt; font-family: arial, helvetica, sans-serif;\">Espa\u00f1a es un para\u00edso para la corrupci\u00f3n, incluso, la oficializada.\u00a0<strong>Desde las Administraciones P\u00fablicas\u00a0 se han venido utilizando los concursos p\u00fablicos para practicar una suerte de corruptelas<\/strong>, adjudicar millones de euros a empresas amigas. A partir de ahora, lo tendr\u00e1n dif\u00edcil, con la entrada en vigor de\u00a0<strong>la nueva Ley de Contratos del Sector P\u00fablico<\/strong>. \u00bfSaben cu\u00e1l es la mejor prueba de esas corruptelas? Seg\u00fan denuncia\u00a0<a href=\"http:\/\/www.uso.es\/\" target=\"_blank\" rel=\"noopener noreferrer\">la Uni\u00f3n Sindical Obrera (USO),<\/a>\u00a0<strong>un d\u00eda antes de la entrada en vigor de la nueva ley<\/strong>, el n\u00famero de concursos p\u00fablicos en la web de Contrataciones del Estado rond\u00f3 los 2.500\u2026\u00a0<strong>diez veces m\u00e1s que la media de cualquier otro d\u00eda.<\/strong><\/span><\/p>\n<p style=\"text-align: justify;\"><span style=\"font-size: 14pt; font-family: arial, helvetica, sans-serif;\"><strong>Ya est\u00e1 bien de esquilmar nuestros impuestos y que \u00e9stos vayan a parar a la misma \u00e9lite empresarial que despu\u00e9s nos explota.<\/strong>\u00a0Basta ya de que el precio sea el factor que m\u00e1s influye en una adjudicaci\u00f3n y que se queden por el camino las peque\u00f1as y medianas empresas, honestas, que respetan a sus trabajador@s. Y es que las grandes empresas de limpieza o seguridad, por ejemplo, suelen hacerse con jugosos concursos p\u00fablicos porque, a cambio, pr\u00e1cticamente regalan sus servicios en otros inmuebles. \u00bfQui\u00e9n paga esa diferencia para que la empresa siga incrementando sus beneficios? L@s trabajador@s con empleos precarios.<\/span><\/p>\n<p style=\"text-align: justify;\"><span style=\"font-size: 14pt; font-family: arial, helvetica, sans-serif;\">La nueva Ley de Contratos del Sector P\u00fablico pondr\u00e1 eso m\u00e1s complicado, aunque no haya sido gracias ni al PP ni a Ciudadanos. Han sido\u00a0<strong>Unidos Podemos, PSOE,<\/strong>\u00a0<strong>PNV, ERCy PDeCAT\u00a0<\/strong>quienes han impedido que primen los convenios de empresa sobre los sectoriales.\u00a0<strong>A los secuaces de Rajoy no les gustan los convenios sectoriales porque, por lo general, mejoran las condiciones laborales y son mucho m\u00e1s garantistas<\/strong>.<\/span><\/p>\n<p style=\"text-align: justify;\"><span style=\"font-size: 14pt; font-family: arial, helvetica, sans-serif;\">A partir de ahora, -parece mentira que se haya tardado tanto-,\u00a0<strong>los concursos p\u00fablicos deber\u00e1n tener cl\u00e1usulas sociales y medioambientales<\/strong>, de modo que el criterio del precio pierde peso en la valoraci\u00f3n final. La medida llega tarde y, de nuevo, a rebufo de la ciudadan\u00eda, que\u00a0<strong>en los municipios donde existen Presupuestos Participativos, ya hay en vigor autorreglamentos con criterios de este tipo<\/strong>.<\/span><\/p>\n<p style=\"text-align: justify;\"><span style=\"font-size: 14pt; font-family: arial, helvetica, sans-serif;\">As\u00ed las cosas, deberemos estar m\u00e1s vigilantes que nunca, porque las corruptelas tienden a buscar los resquicios legales para continuar con sus malas pr\u00e1cticas\u2026 y a veces, ni eso, les basta su voluntad de que sus fechor\u00edas pasen inadvertidas confundidas en un maremagnum burocr\u00e1tico. Por eso,\u00a0<strong>quiz\u00e1s, ustedes no han o\u00eddo hablar demasiado de esta nueva ley. Ahora la conocen, hablen de ella, vayan cambiando los temas de fondo de sus charlas de caf\u00e9 y bar<\/strong>\u00a0y, como ya hemos conseguido que se hable de feminismo y del 8M, pongan su foco en el hecho de que las corruptelas, pese a PP y Ciudadanos, lo tienen ahora m\u00e1s complicado.<\/span><\/p>\n<p><a href=\"https:\/\/puntocritico.com\/ausajpuntocritico\/wp-content\/uploads\/2018\/03\/Mosca_Punto_Cr\u00edtico_40.png\" rel=\"lightbox[10083]\"><img loading=\"lazy\" decoding=\"async\" class=\"aligncenter wp-image-9528\" src=\"https:\/\/puntocritico.com\/ausajpuntocritico\/wp-content\/uploads\/2018\/03\/Mosca_Punto_Cr\u00edtico_40.png\" alt=\"\" width=\"40\" height=\"40\" \/><\/a><\/p>\n<div class=\"article-body\">\n<h1 class=\"entry-title\" style=\"text-align: center;\"><a id=\"ref44\"><\/a><a href=\"#ref44a\">[44]<\/a> Maltrato: Cuando tu vida depende de tecnolog\u00eda de hace una d\u00e9cada<\/h1>\n<div class=\"author-content\">\n<p class=\"author\"><span style=\"font-size: 14pt;\">Por David Bollero<\/span><\/p>\n<p><span style=\"color: #008000;\">Articulo publicado el 22 de marzo de 2018 en:\u00a0<\/span><\/p>\n<\/div>\n<p><a href=\"http:\/\/blogs.publico.es\/kaostica\/2018\/03\/22\/maltrato-cuando-tu-vida-depende-de-tecnologia-de-hace-una-decada\/\" target=\"_blank\" rel=\"noopener\">http:\/\/blogs.publico.es\/kaostica\/2018\/03\/22\/maltrato-cuando-tu-vida-depende-de-tecnologia-de-hace-una-decada\/<\/a><\/p>\n<p>&nbsp;<\/p>\n<p><a href=\"https:\/\/puntocritico.com\/ausajpuntocritico\/wp-content\/uploads\/2018\/03\/PososAnarquia_Brazaletes_3-1200x665.jpg\" rel=\"lightbox[10083]\"><img loading=\"lazy\" decoding=\"async\" class=\"aligncenter wp-image-10222 size-mh-magazine-content\" src=\"https:\/\/puntocritico.com\/ausajpuntocritico\/wp-content\/uploads\/2018\/03\/PososAnarquia_Brazaletes_3-1200x665-678x381.jpg\" alt=\"\" width=\"678\" height=\"381\" \/><\/a><\/p>\n<\/div>\n<p>&nbsp;<\/p>\n<p style=\"text-align: justify;\"><span style=\"font-size: 14pt; font-family: arial, helvetica, sans-serif;\">El concurso para el sistema de seguimiento por medios telem\u00e1ticos de las medidas y penas de alejamiento en materia de violencia de g\u00e9nero, esto es,\u00a0<strong>las pulseras para mejorar el control de las medidas de alejamiento de los maltratadores, ha quedado desierto<\/strong>. No se present\u00f3 ninguna empresa debido a la baja dotaci\u00f3n econ\u00f3mica (unos 27.500 euros), dado que es precisa la renovaci\u00f3n de los equipos y su posterior mantenimiento y gesti\u00f3n.<\/span><\/p>\n<p style=\"text-align: justify;\"><span style=\"font-size: 14pt; font-family: arial, helvetica, sans-serif;\">El contrato anterior, a manos de la UTE Telef\u00f3nica y Securitas Direct,<strong>venci\u00f3 el 7 de diciembre del a\u00f1o pasado y se ha optado por prorrogar sus servicios hasta el pr\u00f3ximo mes de junio<\/strong>. Sin embargo, m\u00e1s que fijarnos en el funcionamiento de este sistema, articulado por el Centro de Control de Medidas Telem\u00e1ticas de Alejamiento (COMETA), merece la pena echar un vistazo a los dispositivos en s\u00ed.<\/span><\/p>\n<p style=\"text-align: justify;\"><span style=\"font-size: 14pt; font-family: arial, helvetica, sans-serif;\"><strong>Los brazaletes que actualmente portan los agresores<\/strong>, con sus respectivos emisores GPS, as\u00ed como los dispositivos de aviso que tienen las v\u00edctimas\u00a0<strong>fueron adquiridos en 2009 (3.000 en total) a la empresa 3M-EM<\/strong>\u00a0y, tal y como admite el propio ministerio de Igualdad,\u00a0<strong>ya ni siquiera est\u00e1n en garant\u00eda<\/strong>. De hecho, las estad\u00edsticas de dispositivos robados, perdidos o irreparables de disparan.<\/span><\/p>\n<p style=\"text-align: justify;\"><span style=\"font-size: 14pt; font-family: arial, helvetica, sans-serif;\">As\u00ed las cosas,\u00a0<strong>las vidas de las v\u00edctimas depende de dispositivos cuya tecnolog\u00eda data de hace una d\u00e9cada<\/strong>. El propio ministerio de Igualdad indica que\u00a0<em>\u201c<strong>se requiere la incorporaci\u00f3n de una tecnolog\u00eda complementaria a la anterior<\/strong>\u00a0(radiofrecuencia u otra) que permita detectar la proximidad del maltratador y la comunicaci\u00f3n de la proximidad al centro de control\u201d<\/em>, al tiempo que reconoce que\u00a0<em>\u201cdebido a la evoluci\u00f3n de los cambios tecnol\u00f3gicos de los sistema de la tecnolog\u00eda de la comunicaci\u00f3n ha habido retrasos en la elaboraci\u00f3n del Pliego de Prescripciones T\u00e9cnicas\u201d<\/em>.<\/span><\/p>\n<p style=\"text-align: justify;\"><span style=\"font-size: 14pt; font-family: arial, helvetica, sans-serif;\"><strong>La tecnolog\u00eda de posicionamiento y radiofrecuencia ha evolucionado mucho desde 2009, por no hablar de la propia telefon\u00eda<\/strong>. En 2009, habl\u00e1bamos de 3G, que hab\u00eda comenzado a activarse cinco a\u00f1os atr\u00e1s. 4G no llegar\u00eda hasta 2012, por lo que<strong>\u00a0las pulseras se quedaron obsoletas en materia de telefon\u00eda hace ya seis a\u00f1os<\/strong>. Aunque es cierto que\u00a0 el 3G supuso grandes mejoras en cuanto a la velocidad de transmisi\u00f3n de datos -hasta 2 mbps (megabits por segundo)-, con mayor seguridad y estabilidad para el usuario que la 2G, est\u00e1 lejos de la tecnolog\u00eda actual.<\/span><\/p>\n<p style=\"text-align: justify;\"><span style=\"font-size: 14pt; font-family: arial, helvetica, sans-serif;\">Ya ha comenzado su andadura el 5G, pero nos fijaremos en el 4G. A diferencia del 3G, las nuevas redes permiten servicios de cualquier clase, en cualquier momento, lugar y con un m\u00ednimo coste y altas seguridad y calidad. Para que se hagan una idea, es\u00a0<strong>entre 5 y 10 veces m\u00e1s r\u00e1pida que la tecnolog\u00eda 3G<\/strong>.<\/span><\/p>\n<p style=\"text-align: justify;\"><span style=\"font-size: 14pt; font-family: arial, helvetica, sans-serif;\">Como consecuencia de esta obsolescencia, desde las instancias judiciales han venido denunciando hist\u00f3ricamente\u00a0<strong>m\u00faltiples incidencias t\u00e9cnicas: p\u00e9rdida de cobertura, escasa autonom\u00eda de las bater\u00edas<\/strong>\u00a0\u2013cuya tecnolog\u00eda tambi\u00e9n ha avanzado mucho en diez a\u00f1os.<\/span><\/p>\n<p style=\"text-align: justify;\"><span style=\"font-size: 14pt; font-family: arial, helvetica, sans-serif;\">Sin embargo, la peor de las incidencias \u2013incluso que la utilizaci\u00f3n de un inhibidor por parte del agresor- son las falsas alarmas.<strong>\u00a0Las alarmas, sencillamente, se disparan sin motivo, hasta el punto de que el 70% de los avisos es porque fallan estas pulseras, no porque adviertan de la presencia de un maltratador.<\/strong><\/span><\/p>\n<p style=\"text-align: justify;\"><span style=\"font-size: 14pt; font-family: arial, helvetica, sans-serif;\">A finales del a\u00f1o pasado, la Fiscal Superior del Pa\u00eds Vasco, Carmen Ad\u00e1n, apuntaba que \u201cseguiremos reclamando estas mejoras t\u00e9cnicas, ya que se producen numerosas incidencias por la p\u00e9rdida de cobertura de estos dispositivos y por un uso inadecuado que dificulta el correcto funcionamiento e impide una adecuada protecci\u00f3n a la v\u00edctima\u201d.<\/span><\/p>\n<p><a href=\"https:\/\/puntocritico.com\/ausajpuntocritico\/wp-content\/uploads\/2018\/03\/PososAnarquia_Brazaletes_2.jpg\" rel=\"lightbox[10083]\"><img loading=\"lazy\" decoding=\"async\" class=\"aligncenter wp-image-10223 size-full\" src=\"https:\/\/puntocritico.com\/ausajpuntocritico\/wp-content\/uploads\/2018\/03\/PososAnarquia_Brazaletes_2.jpg\" alt=\"\" width=\"631\" height=\"541\" srcset=\"https:\/\/puntocritico.com\/ausajpuntocritico\/wp-content\/uploads\/2018\/03\/PososAnarquia_Brazaletes_2.jpg 631w, https:\/\/puntocritico.com\/ausajpuntocritico\/wp-content\/uploads\/2018\/03\/PososAnarquia_Brazaletes_2-300x257.jpg 300w\" sizes=\"auto, (max-width: 631px) 100vw, 631px\" \/><\/a><\/p>\n<p>&nbsp;<\/p>\n<p style=\"text-align: justify;\"><span style=\"font-size: 14pt; font-family: arial, helvetica, sans-serif;\">Delegaci\u00f3n del Gobierno para la Violencia de G\u00e9nero, as\u00ed como el propio COMETA, guardan opacidad sobre las estad\u00edsticas de estos falsos positivos, pero\u00a0<strong>es innegable lo estresante que puede llegar a ser para las v\u00edctimas que, al final, dejan de sentirse seguras con estos dispositivos<\/strong>. Una alarma puede llegar a saltar, sencillamente,\u00a0<strong>porque el GPS no tiene cobertura o la bater\u00eda est\u00e1 baja<\/strong>. A pesar de esta opacidad, se han documentado\u00a0<strong>casos de v\u00edctimas con cerca de un centenar de incidencias de este tipo<\/strong>.<\/span><\/p>\n<p style=\"text-align: justify;\"><span style=\"font-size: 14pt; font-family: arial, helvetica, sans-serif;\">As\u00ed las cosas, no sorprende la baja utilizaci\u00f3n de estos dispositivos. La realidad es que de aquellos 3.000 equipos, de media, m\u00e1s del 70% no ha estado activo a lo largo de esta \u00faltima d\u00e9cada (gr\u00e1fico superior). Y eso que, cuando este nuevo sistema arranc\u00f3 e<strong>n 2009, esos 3.000 brazaletes disponibles s\u00f3lo cubr\u00edan el 10% de los casos con \u00f3rdenes de alejamiento que exist\u00edan en ese momento.<\/strong><\/span><\/p>\n<p><a href=\"https:\/\/puntocritico.com\/ausajpuntocritico\/wp-content\/uploads\/2018\/03\/Mosca_Punto_Cr\u00edtico_40.png\" rel=\"lightbox[10083]\"><img loading=\"lazy\" decoding=\"async\" class=\"aligncenter wp-image-9528\" src=\"https:\/\/puntocritico.com\/ausajpuntocritico\/wp-content\/uploads\/2018\/03\/Mosca_Punto_Cr\u00edtico_40.png\" alt=\"\" width=\"40\" height=\"40\" \/><\/a><\/p>\n<div class=\"article-body\">\n<h1 class=\"entry-title\" style=\"text-align: center;\"><a id=\"ref45\"><\/a><a href=\"#ref45a\">[45]<\/a> M\u00e1ster de Cifuentes, dilema de Rivera<\/h1>\n<div class=\"author-content\">\n<p class=\"author\"><span style=\"font-size: 14pt;\">Por Fernando L\u00f3pez Agud\u00edn<\/span><\/p>\n<\/div>\n<p><span style=\"color: #008000;\">Articulo publicado el 22 de marzo de 2018 en:<\/span><\/p>\n<p><a href=\"http:\/\/blogs.publico.es\/fernando-lopez-agudin\/2018\/03\/22\/master-de-cifuentes-dilema-de-rivera\/\" target=\"_blank\" rel=\"noopener\">http:\/\/blogs.publico.es\/fernando-lopez-agudin\/2018\/03\/22\/master-de-cifuentes-dilema-de-rivera\/<\/a><\/p>\n<p>&nbsp;<\/p>\n<\/div>\n<p style=\"text-align: justify;\"><span style=\"font-size: 14pt; font-family: arial, helvetica, sans-serif;\"><strong>No sabemos a\u00fan si la se\u00f1ora Cristina Cifuentes es honesta<\/strong>, aunque si fuese mujer del C\u00e9sar ser\u00eda condenada por no parecerlo; ni tampoco sabemos, todav\u00eda, si Albert Rivera se atendr\u00e1 al punto tres del pacto PP\/ Cs que especifica claramente:\u00a0 \u201cla separaci\u00f3n de cualquier cargo p\u00fablico que haya falsificado o enga\u00f1ado en relaci\u00f3n a su curr\u00edculum o a su calificaci\u00f3n profesional o acad\u00e9mica\u201d. Es, por lo tanto, un doble test moral y pol\u00edtico al que se enfrentan hoy mismo el Partido Popular y Ciudadanos. Porque la ins\u00f3lita aclaraci\u00f3n dada por el Rector de la Universidad Rey Juan Carlos\u00a0 carece de la m\u00e1s m\u00ednima credibilidad. No en vano en su corta vida\u00a0 esta Universidad ha estado jalonada por una sucesi\u00f3n de esc\u00e1ndalos.<\/span><\/p>\n<p style=\"text-align: justify;\"><span style=\"font-size: 14pt; font-family: arial, helvetica, sans-serif;\"><strong>Llueve sobre mojado. Cuando la P\u00fanica a\u00fan gotea sobre Cifuentes, le cae la tormenta del m\u00e1ster regalado<\/strong>. No lo va a tener nada f\u00e1cil, los callos que pis\u00f3 sobre la G\u00fcrtel intentar\u00e1n darle hoy el puntapi\u00e9 definitivo para impedir que contin\u00fae present\u00e1ndose como la anti Esperanza Aguirre; algo as\u00ed como la \u00fanica pol\u00edtica honesta en ese oc\u00e9ano de corrupci\u00f3n que es el Partido Popular en la Comunidad de Madrid. Al final, como sucedi\u00f3 con Al Capone, la a\u00fan presidenta de Madrid\u00a0 podr\u00eda caer por una falsificaci\u00f3n de un expediente acad\u00e9mico, como le sucedi\u00f3 al capo de Chicago, en los a\u00f1os treinta, cuando resbal\u00f3 con el delito fiscal. Su pasi\u00f3n pol\u00edtica ha comenzado justo antes del Domingo de Ramos;\u00a0 le esperan por tanto, los latigazos, la corona de espinas y los besos de Judas,\u00a0 sin que ning\u00fan Cirineo del Partido Popular le limpie el sudor de la frente.<\/span><\/p>\n<p style=\"text-align: justify;\"><span style=\"font-size: 14pt; font-family: arial, helvetica, sans-serif;\"><strong>Pese a que Rajoy le crecen los enanos, en el circo de la corrupci\u00f3n del PP<\/strong>,<strong>\u00a0no parece apenas preocupado.\u00a0<\/strong>Al fin y al cabo, supone un esc\u00e1ndalo m\u00e1s pero tambi\u00e9n una aspirante menos hacia la Moncloa. Tras\u00a0 lo vivido con B\u00e1rcenas , Rato, Aguirre, Camps, Mata y dem\u00e1s ilustres personalidades de la derecha, los dos notables ,presuntamente regalados a Cifuentes, no suponen ning\u00fan suspenso para la Moncloa . Tampoco espera Rajoy que el relato sui generis de la Universidad Rey Juan Carlos\u00a0 vaya a ir mucho m\u00e1s all\u00e1. En realidad, no es el \u00fanico recinto universitario donde los pol\u00edticos son tratados a cuerpo de rey, ni donde\u00a0 sus familiares encuentran un buen empleo. Todo lo m\u00e1s, una nueva incomodidad con Ciudadanos y para los de Ciudadanos. A ver c\u00f3mo responden esta vez.<\/span><\/p>\n<p style=\"text-align: justify;\"><span style=\"font-size: 14pt; font-family: arial, helvetica, sans-serif;\"><strong>El problema Cifuentes es el problema Rivera.<\/strong>\u00a0La dudosa moralidad de la primera, es la dudosa pol\u00edtica del segundo. El citado punto tres del acuerdo PP\/ Cs no admite interpretaciones. Su literalidad indica que debe exigir la dimisi\u00f3n de su socia, la presidenta de Madrid. Si se atiene a lo dicho por el Rector Javier Ramos, mal; si exige la dimisi\u00f3n, peor. En la primera hip\u00f3tesis, sufrir\u00eda mucho la marca incorrupta de Ciudadanos; en el segundo, sufrir\u00eda mucho la marca ideol\u00f3gica de Ciudadanos. El dilema es\u00a0 bien patente: continuar con la basura que envuelve al PP o denunciarla en detrimento de la unidad de la derecha, con el serio riesgo de allanar el camino a una opci\u00f3n progresista.<\/span><\/p>\n<p style=\"text-align: justify;\"><span style=\"font-size: 14pt; font-family: arial, helvetica, sans-serif;\"><strong>El reciente veto del PSOE al PSOE\u00a0<\/strong>\u2013S\u00e1nchez ha vetado la presencia de Guerra, Bono e Ibarra\u00a0 en la comisi\u00f3n constitucional del Congreso\u2013 le ofrece a esta formaci\u00f3n pol\u00edtica una oportunidad para salir de este dilema. Si apuesta por denunciar a Cifuentes, puede atraerse una buena parte del electorado socialista que, seg\u00fan todas las encuestas, se han visto seducidos por Ciudadanos\u00a0 al igual que\u00a0 los tres vetados l\u00edderes socialistas. Ser\u00eda una buena jugada hacia la captura de un voto de centro izquierda, que todav\u00eda vacila en pasarse junto a los cientos de miles que han cambiado el rosa por el naranja. La fragilidad de los candidatos\u00a0 madrile\u00f1os del PSOE, partido que carece de banquillo, puede ser un aliciente m\u00e1s en esta posible respuesta de Rivera.<\/span><\/p>\n<p style=\"text-align: justify;\"><span style=\"font-size: 14pt; font-family: arial, helvetica, sans-serif;\"><strong>De cualquier forma, se ha abierto la veda sobre la se\u00f1ora Cifuentes<\/strong>. En la cacer\u00eda permanente que es el PP madrile\u00f1o, es ahora la pieza a cobrar. Unos por un af\u00e1n de vendetta, otros por ambici\u00f3n de sustituirla y los terceros por una muy insana socializaci\u00f3n\u00a0 del dolor penal. De la derecha madrile\u00f1a brota un olor muy desagradable, tanto\u00a0 que hace muy dif\u00edcil hoy la recomposici\u00f3n del Partido Popular.\u00a0 En ning\u00fan otro territorio de\u00a0 Espa\u00f1a, como en la capital del Estado,\u00a0 Ciudadanos aparece nitidamente como el \u00fanico salvavidas neoliberal que puede borrar la mancha de la delincuencia sobre el neoliberalismo. Cifuentes tiene pues todas las papeletas para acabar siendo chivo expiatorio.<\/span><\/p>\n<p><a href=\"https:\/\/puntocritico.com\/ausajpuntocritico\/wp-content\/uploads\/2018\/03\/Mosca_Punto_Cr\u00edtico_40.png\" rel=\"lightbox[10083]\"><img loading=\"lazy\" decoding=\"async\" class=\"aligncenter wp-image-9528\" src=\"https:\/\/puntocritico.com\/ausajpuntocritico\/wp-content\/uploads\/2018\/03\/Mosca_Punto_Cr\u00edtico_40.png\" alt=\"\" width=\"40\" height=\"40\" \/><\/a><\/p>\n<div class=\"article-body\">\n<div class=\"article-header-title\">\n<h1 style=\"text-align: center;\">\u00a0<a id=\"ref46\"><\/a><a href=\"#ref46a\">[46]<\/a> Un tribunal echa de su propia casa a una madre minusv\u00e1lida, sin trabajo y con una hija de 15 a\u00f1os<\/h1>\n<\/div>\n<div class=\"article-header-epigraph\">\n<p><span style=\"font-size: 14pt;\">Por Eduardo Bayona<\/span><\/p>\n<p><span style=\"color: #008000;\">Articulo publciado el 21 de marzo de 2018 en:\u00a0<\/span><\/p>\n<\/div>\n<p><a href=\"http:\/\/www.publico.es\/sociedad\/tribunal-echa-propia-casa-madre-minusvalida-hija-15-anos.html\" target=\"_blank\" rel=\"noopener\">http:\/\/www.publico.es\/sociedad\/tribunal-echa-propia-casa-madre-minusvalida-hija-15-anos.html<\/a><\/p>\n<blockquote>\n<h1 style=\"text-align: justify;\"><span style=\"color: #008000;\"><strong><span style=\"font-size: 14pt;\">El caso de Sole B. B., a la que un juzgado ech\u00f3 del piso familiar, que ahora nadie ocupa, pone sobre la mesa el desamparo de las divorciadas sin recursos que no sufren violencia machista ni desahucios econ\u00f3micos<\/span><\/strong><\/span><\/h1>\n<p>&nbsp;<\/p>\n<\/blockquote>\n<\/div>\n<figure id=\"attachment_10224\" aria-describedby=\"caption-attachment-10224\" style=\"width: 476px\" class=\"wp-caption aligncenter\"><a href=\"https:\/\/puntocritico.com\/ausajpuntocritico\/wp-content\/uploads\/2018\/03\/soledaddesahuciada.jpg\" rel=\"lightbox[10083]\"><img loading=\"lazy\" decoding=\"async\" class=\"wp-image-10224 size-full\" src=\"https:\/\/puntocritico.com\/ausajpuntocritico\/wp-content\/uploads\/2018\/03\/soledaddesahuciada.jpg\" alt=\"\" width=\"476\" height=\"395\" srcset=\"https:\/\/puntocritico.com\/ausajpuntocritico\/wp-content\/uploads\/2018\/03\/soledaddesahuciada.jpg 476w, https:\/\/puntocritico.com\/ausajpuntocritico\/wp-content\/uploads\/2018\/03\/soledaddesahuciada-300x249.jpg 300w\" sizes=\"auto, (max-width: 476px) 100vw, 476px\" \/><\/a><figcaption id=\"caption-attachment-10224\" class=\"wp-caption-text\"><span style=\"color: #008000;\">Sole B. B. lleva dos semanas viviendo en un albergue cuya habitaci\u00f3n le cuesta m\u00e1s de lo que ingresa cada mes gracias a un salario asistencial<\/span><\/figcaption><\/figure>\n<div class=\"article-body\">\n<div class=\"article-text\">\n<p>&nbsp;<\/p>\n<p id=\"m61-60-62\" style=\"text-align: justify;\"><span style=\"font-size: 14pt; font-family: arial, helvetica, sans-serif;\">La ley es la ley, aunque eso no impide que su aplicaci\u00f3n provoque<b>\u00a0situaciones de desamparo que resulten dif\u00edciles de compartir incluso para los jueces<\/b>encargados de aplicarla, como ha ocurrido con el caso de Sole B. B., una madre zaragozana de 33 a\u00f1os a la que los tribunales han dejado en la calle a pesar de sufrir una minusval\u00eda, de recibir como \u00fanico ingreso un salario social de 430 euros, de tener la custodia de su hija de 15 a\u00f1os compartida con su exmarido y, tambi\u00e9n, a pesar de que el piso del que ha sido desalojada, y del que es copropietaria, ha quedado vac\u00edo, deshabitado, sin que nadie lo ocupe.<\/span><\/p>\n<p id=\"m269-1-270\" style=\"text-align: justify;\"><span style=\"font-size: 14pt; font-family: arial, helvetica, sans-serif;\">\u201cTengo de todo, menos dinero\u201d, ironiza Sole, que esta semana se trasladar\u00e1 con su hija a un\u00a0<b>alojamiento que ha podido conseguirles la trabajadora social\u00a0<\/b>de una parroquia zaragozana tras salir de \u00e9l un matrimonio, y en el que podr\u00e1n permanecer hasta tres meses.<\/span><\/p>\n<div class=\"teads-inread\" style=\"text-align: justify;\">\n<div>\n<div class=\"teads-ui-components-credits\"><span style=\"font-family: arial, helvetica, sans-serif; font-size: 14pt;\">Su caso no entra en las situaciones de emergencia que los juzgados atienden en coordinaci\u00f3n con la comunidad aut\u00f3noma, ya que no se trata de un desahucio por impago de rentas o ejecuci\u00f3n hipotecaria, ni tampoco encaja en el dispositivo municipal para situaciones de violencia machista.\u00a0<\/span><b style=\"font-family: arial, helvetica, sans-serif; font-size: 14pt;\">Se encuentra en la calle desde que el 9 de marzo un juzgado de Zaragoza ejecut\u00f3 el lanzamiento que pidi\u00f3 su exmarido<\/b><span style=\"font-family: arial, helvetica, sans-serif; font-size: 14pt;\">\u00a0tras vencer el plazo que le asignaba el antiguo hogar familiar. Llevan dos semanas en un albergue en el que la habitaci\u00f3n les cuesta m\u00e1s de lo que cobra al mes.<\/span><\/div>\n<\/div>\n<\/div>\n<p id=\"m294-3-295\" style=\"text-align: justify;\"><span style=\"font-size: 14pt; font-family: arial, helvetica, sans-serif;\">Sole y su exmarido est\u00e1n formalmente divorciados desde principios de 2015, tras catorce a\u00f1os de matrimonio y seis anteriores de convivencia. El juzgado, que entonces le otorg\u00f3 la guarda y custodia de la hija menor de la pareja, de doce a\u00f1os en aquellas fechas, le asign\u00f3 el uso de la que hab\u00eda sido\u00a0<b>la casa familiar\u00a0<\/b>hasta el 31 de diciembre de 2016.<\/span><\/p>\n<h2 id=\"m207-1-208\" class=\"highlighted\" style=\"text-align: justify;\"><span style=\"font-size: 14pt; font-family: arial, helvetica, sans-serif;\">La Audiencia destaca los \u201caspectos dudosos\u201d del caso<\/span><\/h2>\n<p id=\"m73-2-74\" style=\"text-align: justify;\"><span style=\"font-size: 14pt; font-family: arial, helvetica, sans-serif;\">Sin embargo, su exesposo, que antes hab\u00eda logrado que la custodia de la menor pasara a ser compartida ya que es la figura preferente en Arag\u00f3n, acab\u00f3 solicitando el lanzamiento de la mujer tras la pr\u00f3rroga de un a\u00f1o en el uso de la casa que hab\u00eda marcado el Juzgado de Primera Instancia n\u00famero 5 de Zaragoza. \u201cMi situaci\u00f3n hab\u00eda empeorado en lugar de ir a mejor\u201d, explica Sole, que finalmente\u00a0<b>tuvo que dejar la vivienda al avalar la solicitud del exmarido la Secci\u00f3n Segunda de la Audiencia de Zaragoza<\/b>.<\/span><\/p>\n<p id=\"m303-6-304\" style=\"text-align: justify;\"><span style=\"font-size: 14pt; font-family: arial, helvetica, sans-serif;\">Este tribunal, no obstante, reflej\u00f3 en su resoluci\u00f3n los \u201caspectos dudosos\u201d del caso, entre los que destaca que en el derecho civil \u201cno hay propiamente un derecho de lanzamiento o desalojo del bien com\u00fan\u201d, como ser\u00eda en este caso la vivienda familiar, ya que \u201cello llevar\u00eda al\u00a0<b>sinsentido\u00a0<\/b>de que ninguno de los comuneros pudiera utilizar la cosa com\u00fan conforme al destino que le es propio\u201d.<\/span><\/p>\n<p id=\"m311-7-312\" style=\"text-align: justify;\"><span style=\"font-size: 14pt; font-family: arial, helvetica, sans-serif;\">En realidad, se\u00f1ala la Audiencia de Zaragoza, lo normal es que primero el juzgado de Familia que lleva el divorcio determine por cu\u00e1nto tiempo puede usarlo uno de los exc\u00f3nyuges y, vencido ese plazo, que otro de Primera Instancia establezca como debe usarse ese bien com\u00fan \u201cde modo que no impida el uso del otro copropietario\u201d.<\/span><\/p>\n<h2 id=\"m218-3-219\" class=\"highlighted\" style=\"text-align: justify;\"><span style=\"font-size: 14pt; font-family: arial, helvetica, sans-serif;\">\u201cSituaci\u00f3n de supremac\u00eda de la denunciante\u201d<\/span><\/h2>\n<p id=\"m179-2-180\" style=\"text-align: justify;\"><span style=\"font-size: 14pt; font-family: arial, helvetica, sans-serif;\">Sin embargo, en Arag\u00f3n las cosas no son del todo as\u00ed cuando se refieren a la figura del \u201cdesalojo de condue\u00f1o\u201d con una ruptura familiar de por medio. De hecho, la doctrina que la Audiencia ven\u00eda aplicando hist\u00f3ricamente, seg\u00fan la cual\u00a0<b>no se puede echar de su propia casa al propietario<\/b>, ha sido revocada por una instancia judicial superior.<\/span><\/p>\n<p id=\"m320-10-321\" style=\"text-align: justify;\"><span style=\"font-size: 14pt; font-family: arial, helvetica, sans-serif;\">Por un lado, el el Tribunal Superior de Justicia (TSJA) interpreta que el\u00a0<b>C\u00f3digo de Derecho Foral<\/b>\u00a0limita el uso de la vivienda familiar para uno de los exc\u00f3nyuges porque \u201cno en todos los casos existen razones atendibles para un uso de larga duraci\u00f3n y menos para acordar un uso ilimitado\u201d, ya que mantener esos v\u00ednculos entre los miembros de la antigua pareja \u201cconstituye de ordinario fuente de conflictos\u201d y \u201cpuede lesionar el inter\u00e9s del otro si es propietario o copropietario de la vivienda\u201d.<\/span><\/p>\n<p id=\"m328-11-329\" style=\"text-align: justify;\"><span style=\"font-size: 14pt; font-family: arial, helvetica, sans-serif;\">Y, en ese sentido, el TSJA ha determinado que superar el plazo que marca el juez de Familia despojar\u00eda a su sentencia de \u201cla precisi\u00f3n y eficacia que la norma impone\u201d porque<b>\u00a0\u201cen lugar de quedar libre la vivienda y a disposici\u00f3n de ambos (\u2026) se mantiene una situaci\u00f3n de supremac\u00eda de la denunciante\u201d.<\/b><\/span><\/p>\n<p id=\"m336-12-337\" style=\"text-align: justify;\"><span style=\"font-size: 14pt; font-family: arial, helvetica, sans-serif;\">Es decir, que\u00a0<b>la primera decisi\u00f3n judicial sobre el uso de la vivienda pasa a ser incuestionable<\/b>, ni siquiera para prorrogarla si, como en este caso, la situaci\u00f3n econ\u00f3mica o de salud del exc\u00f3nyuge que la ocupa ha empeorado.<\/span><\/p>\n<h2 id=\"m230-5-231\" class=\"highlighted\" style=\"text-align: justify;\"><span style=\"font-size: 14pt; font-family: arial, helvetica, sans-serif;\">\u201cMe fui con cuatro cosas\u201d<\/span><\/h2>\n<p id=\"m239-6-240\" style=\"text-align: justify;\"><span style=\"font-size: 14pt; font-family: arial, helvetica, sans-serif;\">\u201cLa casa est\u00e1 vac\u00eda\u201d, lamenta Sole, cuya situaci\u00f3n econ\u00f3mica le ha llevado, pese a haber trabajado la mayor parte del tiempo desde que cumpli\u00f3 18 a\u00f1os, a tener pendiente de pago m\u00e1s de 800 euros de la luz desde octubre de 2016.\u00a0<b>Tiene reconocida una minusval\u00eda del 37% por esclerosis m\u00faltiple<\/b>, a lo que se a\u00f1ade la lesi\u00f3n en el hombro con rotura de varios tendones que sufri\u00f3 hace a\u00f1o y medio y un tratamiento psicol\u00f3gico, lo que dificulta su colocaci\u00f3n.<\/span><\/p>\n<p id=\"m346-15-347\" style=\"text-align: justify;\"><span style=\"font-size: 14pt; font-family: arial, helvetica, sans-serif;\">El juzgado hab\u00eda autorizado la venta del piso por 130.000 euros y su puesta en alquiler. Sin embargo, anota, \u201cno hay forma de venderlo, y al no tener llaves tampoco puedo ense\u00f1arlo para alquilarlo\u201d. Ella, por otro lado,<b>\u00a0ha dejado de pagar su parte de la hipoteca \u201cporque no me llega\u201d<\/b>, dice.<\/span><\/p>\n<p id=\"m354-16-355\" style=\"text-align: justify;\"><span style=\"font-size: 14pt; font-family: arial, helvetica, sans-serif;\">En su caso, el desalojo hizo que se quedara sin llaves de la casa pese a seguir siendo oficialmente una de sus dos propietarios. \u201c<b>Me fui con lo justo<\/b>, solo me llev\u00e9 cuatro cosas m\u00e1s algunas que me guardan un hermano y dos vecinos \u00a1Estoy usando unos zapatos de mi hija\u201d, a\u00f1ade.<\/span><\/p>\n<h2 id=\"m248-7-249\" class=\"highlighted\" style=\"text-align: justify;\"><span style=\"font-size: 14pt; font-family: arial, helvetica, sans-serif;\">\u201cHay m\u00e1s mujeres en esa situaci\u00f3n\u201d<\/span><\/h2>\n<p id=\"m257-8-258\" style=\"text-align: justify;\"><span style=\"font-size: 14pt; font-family: arial, helvetica, sans-serif;\">El caso de Sole, que se encuentra en\u00a0<b>un limbo ajeno al circuito asistencial por no tratarse de un desahucio por motivos econ\u00f3micos ni de una v\u00edctima de violencia machista<\/b>, no es \u00fanico, ni mucho menos.<\/span><\/p>\n<p id=\"m363-19-364\" style=\"text-align: justify;\"><span style=\"font-size: 14pt; font-family: arial, helvetica, sans-serif;\">\u201cHay m\u00e1s mujeres en esa situaci\u00f3n, muchas m\u00e1s\u201d, se\u00f1ala Ariadna Marco, presidenta de la\u00a0<b>asociaci\u00f3n de mujeres maltratadas Somos M\u00e1s<\/b>, que destaca c\u00f3mo en ocasiones caen en ella v\u00edctimas de violencia machista que rechazan denunciar su caso en los juzgados, lo que dificulta su acceso a los programas de garant\u00eda social.<\/span><\/p>\n<p id=\"m371-20-372\" style=\"text-align: justify;\"><span style=\"font-size: 14pt; font-family: arial, helvetica, sans-serif;\">\u201cCada una tiene su historia, pero es cierto que\u00a0<b>existe un vac\u00edo legal<\/b>\u201d, explican fuentes de la Asociaci\u00f3n de Mujeres Separadas y Divorciadas Carmen Garc\u00eda Castell\u00f3n, que ha asesorado a algunas de ellas.<\/span><\/p>\n<p id=\"m380-21-381\" style=\"text-align: justify;\"><span style=\"font-size: 14pt; font-family: arial, helvetica, sans-serif;\">Su abogada, Ana Mar\u00eda Garc\u00eda Fern\u00e1ndez, destaca que\u00a0<b>\u201cel uso de la vivienda suele ser uno de los principales focos de conflicto tras las rupturas\u201d.<\/b>\u00a0No obstante, la extensi\u00f3n de la custodia compartida de los hijos est\u00e1 abriendo una v\u00eda para resolverlos mediante la asignaci\u00f3n del uso por turnos a cada uno de los exc\u00f3nyuges, frecuentemente por periodos de un a\u00f1o hasta que logran venderla o deciden alquilarla. Ese reparto act\u00faa en ocasiones como un medio de presi\u00f3n para que ambos se decidan a liquidar los bienes gananciales, o el consorcio conyugal en Arag\u00f3n.<\/span><\/p>\n<\/div>\n<\/div>\n<p><a href=\"https:\/\/puntocritico.com\/ausajpuntocritico\/wp-content\/uploads\/2018\/03\/Mosca_Punto_Cr\u00edtico_40.png\" rel=\"lightbox[10083]\"><img loading=\"lazy\" decoding=\"async\" class=\"aligncenter wp-image-9528\" src=\"https:\/\/puntocritico.com\/ausajpuntocritico\/wp-content\/uploads\/2018\/03\/Mosca_Punto_Cr\u00edtico_40.png\" alt=\"\" width=\"40\" height=\"40\" \/><\/a><\/p>\n<div class=\"article-body\">\n<h1 class=\"pg-headline\" style=\"text-align: center;\"><a id=\"ref47\"><\/a><a href=\"#ref47a\">[47]<\/a> Un d\u00eda cualquiera en TVE<\/h1>\n<p><span style=\"font-size: 14pt;\">Por Carlos Hern\u00e1ndez<\/span><\/p>\n<p><span style=\"color: #008000;\">Articulo publicado el 22 de marzo de 2018 en:\u00a0<\/span><\/p>\n<p><a href=\"https:\/\/www.eldiario.es\/zonacritica\/dia-TVE_6_752834736.html\" target=\"_blank\" rel=\"noopener\">https:\/\/www.eldiario.es\/zonacritica\/dia-TVE_6_752834736.html<\/a><\/p>\n<p>&nbsp;<\/p>\n<div class=\"subtitle bkn mce sk2\">\n<blockquote>\n<p style=\"text-align: justify;\"><span style=\"font-size: 14pt; color: #008000;\"><strong>Nuestra audiencia, al fin y al cabo, es est\u00fapida. Lleva a\u00f1os trag\u00e1ndose la sobredosis de manipulaci\u00f3n que le suministramos y, a\u00fan as\u00ed, cada d\u00eda nos sigue sintonizando<\/strong><\/span><\/p>\n<p style=\"text-align: justify;\"><span style=\"font-size: 14pt; color: #008000;\"><strong>Nuestro lema viene de un verdadero maestro de la comunicaci\u00f3n y no puede ser m\u00e1s sencillo: una mentira mil veces repetida acaba convirti\u00e9ndose en verdad<\/strong><\/span><\/p>\n<\/blockquote>\n<p>&nbsp;<\/p>\n<p><figure id=\"attachment_10228\" aria-describedby=\"caption-attachment-10228\" style=\"width: 643px\" class=\"wp-caption aligncenter\"><a href=\"https:\/\/puntocritico.com\/ausajpuntocritico\/wp-content\/uploads\/2018\/03\/Gobierno-destina-millones-financiar-RTVE_EDIIMA20140930_0632_32.jpg\" rel=\"lightbox[10083]\"><img loading=\"lazy\" decoding=\"async\" class=\"wp-image-10228 size-full\" src=\"https:\/\/puntocritico.com\/ausajpuntocritico\/wp-content\/uploads\/2018\/03\/Gobierno-destina-millones-financiar-RTVE_EDIIMA20140930_0632_32.jpg\" alt=\"\" width=\"643\" height=\"362\" srcset=\"https:\/\/puntocritico.com\/ausajpuntocritico\/wp-content\/uploads\/2018\/03\/Gobierno-destina-millones-financiar-RTVE_EDIIMA20140930_0632_32.jpg 643w, https:\/\/puntocritico.com\/ausajpuntocritico\/wp-content\/uploads\/2018\/03\/Gobierno-destina-millones-financiar-RTVE_EDIIMA20140930_0632_32-300x169.jpg 300w\" sizes=\"auto, (max-width: 643px) 100vw, 643px\" \/><\/a><figcaption id=\"caption-attachment-10228\" class=\"wp-caption-text\"><span style=\"color: #008000;\">La sede de Torrespa\u00f1a EFE<\/span><\/figcaption><\/figure>\n<\/div>\n<\/div>\n<\/div>\n<\/div>\n<p class=\"mce\" style=\"text-align: justify;\"><span style=\"font-size: 14pt; font-family: arial, helvetica, sans-serif;\">Es mi\u00e9rcoles, 21 de marzo de 2018. Tenemos que buscar la mejor forma de esconder y minimizar la que, sin duda, es la noticia del d\u00eda. Lo ideal ser\u00eda no informar sobre ella, pero ser\u00eda demasiado descarado no hacerlo puesto que toda la oposici\u00f3n ha pedido explicaciones y el tema ya ocupa las portadas de numerosos medios de comunicaci\u00f3n. Total, tampoco es la primera vez que hay que hacer algo as\u00ed; casi cada jornada nos toca desarrollar el mismo trabajo sucio: tergiversar las novedades sobre el caso G\u00fcrtel, minimizar las acusaciones de corrupci\u00f3n contra el Gobierno que vierten los arrepentidos, restar peso a las manifestaciones de los pensionistas o de las mujeres, exagerar la buena marcha de la econom\u00eda nacional\u2026<\/span><\/p>\n<section id=\"edi-ad-slot-intext\" class=\"md-advertisement md hspace no-adv-socios\" role=\"marquee\" data-google-query-id=\"CI6UoN3Jh9oCFQRnGwodmewO7g\">\n<div id=\"google_ads_iframe_\/123333327\/eldiario.es\/noticia_intext_0__container__\"><span style=\"font-size: 14pt; font-family: arial, helvetica, sans-serif;\">La agenda de temas que le interesa a Moncloa, por suerte, nos sigue dando juego: Catalunya (\u00a1mucha Catalunya) y todos los sucesos posibles, cuanto m\u00e1s escabrosos mejor, para azuzar el debate sobre la prisi\u00f3n permanente revisable. Nuestra audiencia, al fin y al cabo, es est\u00fapida. Lleva a\u00f1os trag\u00e1ndose la sobredosis de manipulaci\u00f3n que le suministramos y, a\u00fan as\u00ed, cada d\u00eda nos sigue sintonizando. No habr\u00e1 que hacer un esfuerzo especial para que el esc\u00e1ndalo surgido a ra\u00edz del m\u00e1ster fantasma de Cristina Cifuentes pase casi desapercibido.<\/span><\/div>\n<\/section>\n<p class=\"mce\" style=\"text-align: justify;\"><span style=\"font-size: 14pt; font-family: arial, helvetica, sans-serif;\">Lo primero es mandar el asunto al minuto quince del Telediario. Por delante v\u00eddeos y m\u00e1s v\u00eddeos sobre Catalunya (\u00a1mucha Catalunya!) y un par de piezas debidamente manipuladas de la sesi\u00f3n de control en el Congreso en las que Rajoy y Soraya S\u00e1enz de Santamar\u00eda le dan su merecido a la oposici\u00f3n. Despu\u00e9s montamos un\u00a0<em class=\"mce\">totum revolutum<\/em>\u00a0de esc\u00e1ndalos pol\u00edticos. Empezamos con lo de Cifuentes, pero a nuestra manera: no contamos la noticia, no decimos de qu\u00e9 se le acusa;<a class=\"mce\" href=\"http:\/\/vertele.eldiario.es\/noticias\/Cifuentes-Telediario_0_1996000403.html\" target=\"_blank\" rel=\"noopener noreferrer\">\u00a0arrancamos por el desmentido a una informaci\u00f3n que no hemos dado.<\/a>\u00a0Todo muy r\u00e1pido y muy confuso. Nuestros espectadores se quedar\u00e1n con que la presidenta madrile\u00f1a no ha hecho\u2026 no se sabe muy bien el qu\u00e9. \u00bfNo somos geniales?<\/span><\/p>\n<p class=\"mce\" style=\"text-align: justify;\"><span style=\"font-size: 14pt; font-family: arial, helvetica, sans-serif;\">Tras el tema presentamos otras dos informaciones, de tercer nivel, pero a las que vamos a dar m\u00e1s tiempo y m\u00e1s relevancia que a lo de Cifuentes. Tenemos un periodista en directo en Alicante para hablar de la segunda imputaci\u00f3n del alcalde del PSOE. Despu\u00e9s metemos algo de los ERE y nos vamos hasta Galicia porque una diputada regional gallega de En Marea tuvo una discusi\u00f3n con unos polic\u00edas municipales. En estos dos casos s\u00ed cargamos la culpa sobre los pol\u00edticos que para eso son socialistas o podemitas y restamos importancia a sus explicaciones. El men\u00fa, a base de gaviota limpia de polvo y paja, est\u00e1 listo para ser servido.<\/span><\/p>\n<p class=\"mce\" style=\"text-align: justify;\"><span style=\"font-size: 14pt; font-family: arial, helvetica, sans-serif;\">Nuestro lema viene de un verdadero maestro de la comunicaci\u00f3n y no puede ser m\u00e1s sencillo: una mentira mil veces repetida acaba convirti\u00e9ndose en verdad. As\u00ed hemos logrado que los telediarios sean tan eficaces como el NODO y hemos puesto a nuestro servicio hasta aquel programa de leyenda llamado\u00a0<em class=\"mce\">Informe Semanal<\/em>. Nos lo creemos tanto que hasta nuestro presidente, Jos\u00e9 Antonio S\u00e1nchez, puso nuestra estrategia en pr\u00e1ctica esta semana en el Parlamento. Los diputados le reprocharon que TVE presentara en sus informativos a Albert Boadella como presidente de Tabarnia. S\u00e1nchez en lugar de dar explicaciones se limit\u00f3 a decir que eso no era verdad. \u00a1Con dos cojones! Todo el mundo lo hab\u00eda visto; solo hab\u00eda que buscar en Google para ver la imagen del c\u00f3mico con el logotipo de nuestra cadena y un r\u00f3tulo en el que escribimos: \u201cEl presidente de Tabarnia analiza la situaci\u00f3n pol\u00edtica y social en Catalunya\u201d\u2026 \u00bfQu\u00e9 m\u00e1s da? Si mentimos cada d\u00eda a millones de espa\u00f1oles, \u00bfno vamos a poder re\u00edrnos del Parlamento?<\/span><\/p>\n<table>\n<tbody>\n<tr>\n<td style=\"border-color: #000000; background-color: #fcf7f7;\"><strong><span style=\"font-size: 14pt; font-family: 'times new roman', times, serif; color: #008000;\"><em>(Ficci\u00f3n muy real dedicada al Consejo de Informativos de TVE y a los grand\u00edsimos profesionales que trabajan en esa cadena, que son la inmens\u00edsima mayor\u00eda)<\/em><\/span><\/strong><\/td>\n<\/tr>\n<\/tbody>\n<\/table>\n<p style=\"text-align: center;\"><a href=\"https:\/\/puntocritico.com\/ausajpuntocritico\/wp-content\/uploads\/2018\/03\/Mosca_Punto_Cr\u00edtico_40.png\" rel=\"lightbox[10083]\"><img loading=\"lazy\" decoding=\"async\" class=\"wp-image-9528 aligncenter\" src=\"https:\/\/puntocritico.com\/ausajpuntocritico\/wp-content\/uploads\/2018\/03\/Mosca_Punto_Cr\u00edtico_40.png\" alt=\"\" width=\"40\" height=\"40\" \/><\/a><\/p>\n<h1 class=\"titular\" style=\"text-align: center;\"><a id=\"ref48\"><\/a><a href=\"#ref48a\">[48]<\/a> B\u00e1rcenas manipul\u00f3 sus papeles para suprimir dos pagos en B a Rajoy y Cospedal<\/h1>\n<p><span style=\"font-size: 14pt;\">Por P\u00fablico\u00a0<\/span><\/p>\n<p><span style=\"color: #008000;\">Articulo publicado el 22 de marzo de 2018 en:\u00a0<\/span><\/p>\n<p><a href=\"http:\/\/www.publico.es\/politica\/barcenas-manipulo-papeles-suprimir-pagos.html\" target=\"_blank\" rel=\"noopener\">http:\/\/www.publico.es\/politica\/barcenas-manipulo-papeles-suprimir-pagos.html<\/a><\/p>\n<p>&nbsp;<\/p>\n<div class=\"article-header-epigraph\">\n<blockquote>\n<p style=\"text-align: justify;\"><span style=\"font-size: 14pt; color: #008000;\"><strong>Aparec\u00eda un pago de 12.600 euros al actual presidente del Gobierno y dos pagos de 7.500 euros a la actual ministra de Defensa<\/strong><\/span><\/p>\n<\/blockquote>\n<p>&nbsp;<\/p>\n<\/div>\n<figure id=\"attachment_10229\" aria-describedby=\"caption-attachment-10229\" style=\"width: 660px\" class=\"wp-caption aligncenter\"><a href=\"https:\/\/puntocritico.com\/ausajpuntocritico\/wp-content\/uploads\/2018\/03\/barcenas-efe.jpg\" rel=\"lightbox[10083]\"><img loading=\"lazy\" decoding=\"async\" class=\"wp-image-10229 size-full\" src=\"https:\/\/puntocritico.com\/ausajpuntocritico\/wp-content\/uploads\/2018\/03\/barcenas-efe.jpg\" alt=\"\" width=\"660\" height=\"340\" srcset=\"https:\/\/puntocritico.com\/ausajpuntocritico\/wp-content\/uploads\/2018\/03\/barcenas-efe.jpg 660w, https:\/\/puntocritico.com\/ausajpuntocritico\/wp-content\/uploads\/2018\/03\/barcenas-efe-300x155.jpg 300w\" sizes=\"auto, (max-width: 660px) 100vw, 660px\" \/><\/a><figcaption id=\"caption-attachment-10229\" class=\"wp-caption-text\"><span style=\"color: #008000;\">El extesorero del PP, Luis B\u00e1rcenas, durante su comparecencia en el Congreso &#8211; EFE<\/span><\/figcaption><\/figure>\n<p id=\"m59-58-60\" style=\"text-align: justify;\"><span style=\"font-size: 14pt; font-family: arial, helvetica, sans-serif;\">Luis B\u00e1rcenas modific\u00f3 uno de los 14 folios de sus conocidos papeles sobre la contabilidad paralela del Partido Popular. Seg\u00fan publica\u00a0<i><a title=\"B\u00e1rcenas manipul\u00f3 sus papeles y suprimi\u00f3 un pago de 12.600 euros en \u2018b\u2019 a Rajoy (EL PAIS)\" href=\"https:\/\/politica.elpais.com\/politica\/2018\/03\/21\/actualidad\/1521648643_334605.html\" target=\"_blank\" rel=\"noopener noreferrer\">El Pa\u00eds<\/a><\/i>, el extesorero de la formaci\u00f3n conservadora suprimi\u00f3 la primera casilla del encabezamiento del folio n\u00famero 14, en la que\u00a0<b>aparec\u00eda un pago de 12.600 euros al actual presidente del Gobierno, Mariano Rajoy<\/b>.<\/span><\/p>\n<p id=\"m225-1-226\" style=\"text-align: justify;\"><span style=\"font-size: 14pt; font-family: arial, helvetica, sans-serif;\">Seg\u00fan este diario, ese folio concreto corresponde al del ejercicio fiscal de 2008, el \u00fanico del cuaderno de la caja B del PP que\u00a0<b>a\u00fan no ha prescrito a efectos fiscales y penales<\/b>\u00a0de sus papeles.<\/span><\/p>\n<div class=\"teads-inread\" style=\"text-align: justify;\">\n<div id=\"teads0\" class=\"teads-player\"><span style=\"font-size: 14pt; font-family: arial, helvetica, sans-serif;\">Adem\u00e1s de esta anotaci\u00f3n, Luis &#8216;el cabr\u00f3n&#8217;, sobrenombre tras el cual la Fiscal\u00eda confirm\u00f3 que se encontraba B\u00e1rcenas,\u00a0<b>vari\u00f3 tambi\u00e9n el nombre de la actual ministra de Defensa, Dolores de Cospedal<\/b>, como beneficiaria de dos pagos en dinero negro de 7.500 euros. Tambi\u00e9n,\u00a0<b>modific\u00f3 las fechas de dos anotaciones<\/b>\u00a0por valor de 435.000 euros, abonados al arquitecto Gonzalo Urquijo, encargado de la reforma de la sede del PP en la calle de G\u00e9nova.<\/span><\/div>\n<\/div>\n<p id=\"m69-2-70\" style=\"text-align: justify;\"><span style=\"font-size: 14pt; font-family: arial, helvetica, sans-serif;\">Seg\u00fan el diario, la investigaci\u00f3n judicial asegura que la \u00faltima p\u00e1gina de las anotaciones del extesorero difiere sensiblemente de la que entreg\u00f3 el propio B\u00e1rcenas al sumario.\u00a0Los investigadores se preguntan ahora cu\u00e1l de las anotaciones es la correcta en relaci\u00f3n con este caso que afecta directamente a la c\u00fapula del partido del Gobierno.<\/span><\/p>\n<p style=\"text-align: justify;\"><a href=\"https:\/\/puntocritico.com\/ausajpuntocritico\/wp-content\/uploads\/2018\/03\/Mosca_Punto_Cr\u00edtico_40.png\" rel=\"lightbox[10083]\"><img loading=\"lazy\" decoding=\"async\" class=\"aligncenter wp-image-9528\" src=\"https:\/\/puntocritico.com\/ausajpuntocritico\/wp-content\/uploads\/2018\/03\/Mosca_Punto_Cr\u00edtico_40.png\" alt=\"\" width=\"40\" height=\"40\" \/><\/a><\/p>\n<h1 class=\"pg-headline\" style=\"text-align: center;\"><a id=\"ref49\"><\/a><a href=\"#ref49a\">[49]<\/a> El Gobierno recurre al Constitucional la ley catalana de atenci\u00f3n sanitaria universal<\/h1>\n<p><span style=\"font-size: 14pt;\">Por Pau Rodriguez<\/span><\/p>\n<p><span style=\"color: #008000;\">Articulo publicado el 23 de marzo de 2018 en:\u00a0<\/span><\/p>\n<p><a href=\"https:\/\/www.eldiario.es\/catalunya\/Gobierno-Constitucional-catalana-sanitaria-universal_0_753125641.html\" target=\"_blank\" rel=\"noopener\">https:\/\/www.eldiario.es\/catalunya\/Gobierno-Constitucional-catalana-sanitaria-universal_0_753125641.html<\/a><\/p>\n<p>&nbsp;<\/p>\n<div class=\"subtitle bkn mce sk2\">\n<blockquote>\n<p style=\"text-align: justify;\"><span style=\"color: #008000;\"><strong><span style=\"font-size: 14pt;\">El Consejo de Ministros aprueba llevar al Alto Tribunal la ley que aprob\u00f3 en verano Toni Com\u00edn para dar cobertura a los inmigrantes sin papeles<\/span><\/strong><\/span><\/p>\n<p style=\"text-align: justify;\"><span style=\"color: #008000;\"><strong><span style=\"font-size: 14pt;\">El Constitucional ha tumbado en los \u00faltimos meses normas similares en la Comunidad Valenciana, el Pa\u00eds Vasco, Navarra o Extremadura<\/span><\/strong><\/span><\/p>\n<p>&nbsp;<\/p>\n<\/blockquote>\n<\/div>\n<section class=\"cp-tools md cf \">\n<address class=\"bkn dateline fl\"><a href=\"https:\/\/puntocritico.com\/ausajpuntocritico\/wp-content\/uploads\/2018\/03\/Atencion-Primaria-Poblenou-SANDRA-LAZARO_EDIIMA20170217_0682_21.jpg\" rel=\"lightbox[10083]\"><img loading=\"lazy\" decoding=\"async\" class=\"aligncenter wp-image-10235 size-full\" src=\"https:\/\/puntocritico.com\/ausajpuntocritico\/wp-content\/uploads\/2018\/03\/Atencion-Primaria-Poblenou-SANDRA-LAZARO_EDIIMA20170217_0682_21.jpg\" alt=\"\" width=\"643\" height=\"362\" srcset=\"https:\/\/puntocritico.com\/ausajpuntocritico\/wp-content\/uploads\/2018\/03\/Atencion-Primaria-Poblenou-SANDRA-LAZARO_EDIIMA20170217_0682_21.jpg 643w, https:\/\/puntocritico.com\/ausajpuntocritico\/wp-content\/uploads\/2018\/03\/Atencion-Primaria-Poblenou-SANDRA-LAZARO_EDIIMA20170217_0682_21-300x169.jpg 300w\" sizes=\"auto, (max-width: 643px) 100vw, 643px\" \/><\/a><\/address>\n<\/section>\n<p class=\"mce\">\u00a0<\/p>\n<div class=\"yonkis-wrapper-1\">\n<p class=\"mce\" style=\"text-align: justify;\"><span style=\"font-size: 14pt; font-family: arial, helvetica, sans-serif;\">El Gobierno recurrir\u00e1 al Tribunal Constitucional la ley catalana de asistencia sanitaria universal, aprobada en julio de 2017 por el conseller Toni Com\u00edn para garantizar la cobertura m\u00e9dica de los inmigrantes sin papeles. El Consejo de Ministros ha acordado llevar al Alto Tribunal el grueso de la norma al interpretar que invade competencias del Gobierno.<\/span><\/p>\n<p class=\"mce\" style=\"text-align: justify;\"><span style=\"font-size: 14pt; font-family: arial, helvetica, sans-serif;\">El ley de universalizaci\u00f3n de la asistencia sanitaria con cargo a fondos p\u00fablicos mediante el Servicio Catal\u00e1n de la Salud, dise\u00f1ada por el \u00faltimo Ejecutivo de la Generalitat, fue la respuesta que este dio al decreto del PP de 2012 que restring\u00eda el acceso a la salud a determinados colectivos, entre ellos a los extranjeros en situaci\u00f3n irregular.<\/span><\/p>\n<section id=\"edi-ad-slot-intext\" class=\"md-advertisement md hspace no-adv-socios\" role=\"marquee\" data-google-query-id=\"CJK7mYzXh9oCFQa0UQodn74FJA\">\n<div id=\"google_ads_iframe_\/123333327\/eldiario.es\/noticia_intext_0__container__\" style=\"text-align: justify;\"><span style=\"font-size: 14pt; font-family: arial, helvetica, sans-serif;\">Adem\u00e1s de Catalunya, muchas otras comunidades aut\u00f3nomas han aprobado leyes y decretos similares en los \u00faltimos a\u00f1os, la mayor\u00eda de los cuales han sido recurridos tambi\u00e9n por el Gobierno de Mariano Rajoy al Constitucional. De hecho, en los \u00faltimos meses el Alto Tribunal ha tumbado las leyes\u00a0<a class=\"mce\" href=\"https:\/\/www.eldiario.es\/cv\/politica\/Constitucional-anula-sanidad-universal-valenciana_0_720228176.html\" target=\"_blank\" rel=\"noopener\">de la Comunidad Valenciana<\/a>, el Pa\u00eds Vasco, Extremadura y Navarra.\u00a0<\/span><\/div>\n<\/section>\n<p class=\"mce\" style=\"text-align: justify;\"><span style=\"font-size: 14pt; font-family: arial, helvetica, sans-serif;\">En Catalunya la ley fue aprobada en el Parlament con los votos favorables de todos los grupos a excepci\u00f3n del PP, que vot\u00f3 en contra, y Ciudadanos, que se abstuvo.<\/span><\/p>\n<p class=\"mce\" style=\"text-align: justify;\"><span style=\"font-size: 14pt; font-family: arial, helvetica, sans-serif;\">La nueva legislaci\u00f3n catalana permite que cualquier persona empadronada en un municipio catal\u00e1n pueda acudir a un Centro de Atenci\u00f3n Primaria, permanecer hospitalizada o hacerse cualquier prueba o tratamiento. Prev\u00e9 adem\u00e1s que extranjeros sin papeles con dificultades para acceder al padr\u00f3n puedan \u00abestablecer otros criterios de arraigo que les permitan acreditar la condici\u00f3n de residentes\u00bb.<\/span><\/p>\n<div class=\"yonkis-wrapper-1\">\u00a0<a href=\"https:\/\/puntocritico.com\/ausajpuntocritico\/wp-content\/uploads\/2018\/03\/Mosca_Punto_Cr\u00edtico_40.png\" rel=\"lightbox[10083]\"><img loading=\"lazy\" decoding=\"async\" class=\"aligncenter wp-image-9528\" src=\"https:\/\/puntocritico.com\/ausajpuntocritico\/wp-content\/uploads\/2018\/03\/Mosca_Punto_Cr\u00edtico_40.png\" alt=\"\" width=\"40\" height=\"40\" \/><\/a><\/div>\n<p>\u00a0<\/p>\n<div class=\"article-header-title\">\n<h1 style=\"text-align: center;\"><a id=\"ref50\"><\/a><a href=\"#ref50a\">[50]<\/a> Bilbao denuncia la \u00abinjusticia\u00bb del caso Altsasu a menos de un mes de que empiece el juicio<\/h1>\n<p>Por Danilo Albin\u00a0<a href=\"https:\/\/twitter.com\/danialri\" target=\"_blank\" rel=\"noopener\">https:\/\/twitter.com\/danialri<\/a><\/p>\n<p><span style=\"color: #008000;\">Articulo publicado el 21 de marzo en:<\/span>\u00a0<\/p>\n<p><a href=\"http:\/\/www.publico.es\/politica\/bilbao-denuncia-injusticia-del-caso-altsasu-menos-mes-empiece-juicio.html\" target=\"_blank\" rel=\"noopener\">http:\/\/www.publico.es\/politica\/bilbao-denuncia-injusticia-del-caso-altsasu-menos-mes-empiece-juicio.html<\/a><\/p>\n<p>&nbsp;<\/p>\n<\/div>\n<div class=\"article-header-epigraph\">\n<blockquote>\n<p style=\"text-align: justify;\"><span style=\"font-size: 14pt; color: #008000;\"><strong>La capital vizca\u00edna acoge una manifestaci\u00f3n en solidaridad con los ocho j\u00f3venes acusados de terrorismo por una pelea de bar. \u00abEstas movilizaciones nos dan fuerzas para seguir adelante\u00bb, afirman sus padres. La Audiencia Nacional juzgar\u00e1 a sus hijos a partir del 16 de abril<\/strong><\/span><\/p>\n<p>&nbsp;<\/p>\n<\/blockquote>\n<\/div>\n<\/div>\n<figure id=\"attachment_10236\" aria-describedby=\"caption-attachment-10236\" style=\"width: 660px\" class=\"wp-caption aligncenter\"><a href=\"https:\/\/puntocritico.com\/ausajpuntocritico\/wp-content\/uploads\/2018\/03\/altsasu.jpg\" rel=\"lightbox[10083]\"><img loading=\"lazy\" decoding=\"async\" class=\"wp-image-10236 size-full\" src=\"https:\/\/puntocritico.com\/ausajpuntocritico\/wp-content\/uploads\/2018\/03\/altsasu.jpg\" alt=\"\" width=\"660\" height=\"340\" srcset=\"https:\/\/puntocritico.com\/ausajpuntocritico\/wp-content\/uploads\/2018\/03\/altsasu.jpg 660w, https:\/\/puntocritico.com\/ausajpuntocritico\/wp-content\/uploads\/2018\/03\/altsasu-300x155.jpg 300w\" sizes=\"auto, (max-width: 660px) 100vw, 660px\" \/><\/a><figcaption id=\"caption-attachment-10236\" class=\"wp-caption-text\"><span style=\"color: #008000;\">Manifestaci\u00f3n en Bilbao en solidaridad con los ocho j\u00f3venes acusados de terrorismo. \/ DANILO ALBIN<\/span><\/figcaption><\/figure>\n<p id=\"m21-20-22\" style=\"text-align: justify;\"><span style=\"font-size: 14pt; font-family: arial, helvetica, sans-serif;\">No son d\u00edas f\u00e1ciles en casa de los Arnanz. Cada vez que miran el calendario contienen la respiraci\u00f3n.\u00a0<b>Koldo<\/b>\u00a0resume lo que siente en apenas tres palabras. \u201cMenos bueno, todo\u201d, afirma este hombre hasta ayer an\u00f3nimo. Hoy es uno de los denominados \u201cpadres de Altsasu\u201d, esos mismos que se han visto envueltos en una pesadilla que parece no tener fin. Su hijo se llama<b>\u00a0Oihan<\/b>, est\u00e1 acusado de terrorismo por una pelea de bar y un fiscal de la Audiencia Nacional quiere condenarle a 62 a\u00f1os de c\u00e1rcel. Ya lleva 16 meses encerrado, esperando un juicio que arrancar\u00e1 el 16 de abril. Tambi\u00e9n est\u00e1n presos \u2013en c\u00e1rceles separadas- Adur Mart\u00ednez de Alda y\u00a0<b>Jokin Unamuno<\/b>. La Fiscal\u00eda pide 50 a\u00f1os para cada uno de ellos.<\/span><\/p>\n<p id=\"m108-1-109\" style=\"text-align: justify;\"><span style=\"font-size: 14pt; font-family: arial, helvetica, sans-serif;\">Este viernes, las calles del centro de Bilbao fueron escenario de una nueva demostraci\u00f3n de solidaridad con Oihan, Adur, Jokin y los otros cinco imputados por la reyerta nocturna del 15 de octubre de 2016 en un bar de\u00a0<b>Altsasu<\/b>. En la trifulca se vieron involucrados dos guardias civiles sin uniforme que se encontraban junto a sus parejas. De ah\u00ed las acusaciones de terrorismo contra los ocho j\u00f3venes, quienes en total enfrentan unas peticiones de condena que alcanzan los 375 a\u00f1os de c\u00e1rcel.<\/span><\/p>\n<div class=\"teads-inread\">\n<div class=\"teads-ui-components-credits\" style=\"text-align: justify;\"><span style=\"font-size: 14pt; font-family: arial, helvetica, sans-serif;\">\u201cSe trata de una absoluta injusticia\u201d, afirm\u00f3 a\u00a0<i>P\u00fablico<\/i>\u00a0el abogado vasco\u00a0<b>Ibon Altuna<\/b>\u2013quien adem\u00e1s es vocalista del grupo Itziarren Semeak-, uno de los convocantes de la manifestaci\u00f3n que ha partido a las 20.00 desde la Plaza El\u00edptica de la capital vizca\u00edna. La movilizaci\u00f3n ha contado con el respaldo de distintos rostros del mundo de la cultura, la abogac\u00eda o el activismo social. \u201cNos pusimos en contacto diferentes personas, y casi de forma natural se plante\u00f3 apoyar a los familiares\u201d, explic\u00f3 Altuna. As\u00ed naci\u00f3 esta manifestaci\u00f3n por el centro de Bilbao, en la que han participado cientos de personas.<\/span><\/div>\n<\/div>\n<div id=\"m430-3-431\" class=\"captioned-image image-article article-multimedia-info\">\n<div class=\"description-image\">\u00a0<\/div>\n<div class=\"image\">\u00a0<br \/>\n<figure id=\"attachment_10237\" aria-describedby=\"caption-attachment-10237\" style=\"width: 660px\" class=\"wp-caption aligncenter\"><a href=\"https:\/\/puntocritico.com\/ausajpuntocritico\/wp-content\/uploads\/2018\/03\/altsasu-3.jpg\" rel=\"lightbox[10083]\"><img loading=\"lazy\" decoding=\"async\" class=\"wp-image-10237 size-full\" src=\"https:\/\/puntocritico.com\/ausajpuntocritico\/wp-content\/uploads\/2018\/03\/altsasu-3.jpg\" alt=\"\" width=\"660\" height=\"340\" srcset=\"https:\/\/puntocritico.com\/ausajpuntocritico\/wp-content\/uploads\/2018\/03\/altsasu-3.jpg 660w, https:\/\/puntocritico.com\/ausajpuntocritico\/wp-content\/uploads\/2018\/03\/altsasu-3-300x155.jpg 300w\" sizes=\"auto, (max-width: 660px) 100vw, 660px\" \/><\/a><figcaption id=\"caption-attachment-10237\" class=\"wp-caption-text\"><span style=\"color: #008000;\">Manifestaci\u00f3n en Bilbao en solidaridad con los ocho j\u00f3venes acusados de terrorismo. \/ DANILO ALBIN<\/span><\/figcaption><\/figure>\n<\/div>\n<\/div>\n<p id=\"m120-3-121\" style=\"text-align: justify;\"><span style=\"font-size: 14pt; font-family: arial, helvetica, sans-serif;\">Entre los manifestantes que portaban la pancarta se encontraba Antxon Mart\u00ednez de Alda, el padre de Adur. \u201cHay una receptividad muy grande hacia nuestro caso, y la gente lo est\u00e1 interiorizando: cada vez son m\u00e1s las personas que ven todo esto como si fueran sus hijos o hijas\u201d, coment\u00f3 a este peri\u00f3dico. Junto a Antxon estaban los padres de\u00a0<b>Aratz Urrizola<\/b>, uno de los acusados que se encuentra en libertad provisional. El representante del Ministerio P\u00fablico tambi\u00e9n pide medio siglo de c\u00e1rcel para \u00e9l.<\/span><\/p>\n<p id=\"m126-4-127\" style=\"text-align: justify;\"><span style=\"font-size: 14pt; font-family: arial, helvetica, sans-serif;\">Por delante de la pancarta iban varios\u00a0<i>momotxorroak<\/i>, unos personajes m\u00edticos de los Carnavales de Altsasu. Junto a ellos, tres j\u00f3venes portaban carteles con los rostros dibujados de Adur, Jokin y Oihan, los tres que contin\u00faan encarcelados.<\/span><\/p>\n<h2 id=\"m138-5-139\" class=\"highlighted\" style=\"text-align: justify;\"><span style=\"font-size: 14pt; font-family: arial, helvetica, sans-serif;\">\u201cEsto nos da fuerzas\u201d<\/span><\/h2>\n<p id=\"m132-5-133\" style=\"text-align: justify;\"><span style=\"font-size: 14pt; font-family: arial, helvetica, sans-serif;\">Los ecos de la movilizaci\u00f3n bilba\u00edna se sintieron en la mism\u00edsima Altsasu. \u201cS\u00f3lo tenemos palabras de agradecimiento para quienes nos est\u00e1n apoyando. Todo esto nos da fuerzas para seguir hacia delante\u201d, afirm\u00f3 desde la localidad navarra Koldo Arnanz, quien hace algunos d\u00edas estuvo en\u00a0<b>Bilbao<\/b>\u00a0para participar en la presentaci\u00f3n de esta movilizaci\u00f3n, la primera de gran calado que se realiza en la capital vizca\u00edna por este pol\u00e9mico caso. La primera, pero quiz\u00e1s no la \u00faltima.<\/span><\/p>\n<p id=\"m145-7-146\" style=\"text-align: justify;\"><span style=\"font-size: 14pt; font-family: arial, helvetica, sans-serif;\"><b>\u201cAqu\u00ed se sabe cu\u00e1ndo vas a la Audiencia Nacional, pero no qu\u00e9 d\u00eda vuelves\u201d<\/b>, dijo Altuna, quien no ocult\u00f3 su escepticismo ante el juicio que empezar\u00e1 dentro de menos de un mes en el tribunal madrile\u00f1o. \u201cHistorias como estas hay miles en todos los pueblos, pero aqu\u00ed se pone como delito de terrorismo y se piden unas penas desorbitadas\u201d, remarc\u00f3.<\/span><\/p>\n<p id=\"m151-8-152\" style=\"text-align: justify;\"><span style=\"font-size: 14pt; font-family: arial, helvetica, sans-serif;\">En ese contexto, las madres y padres de los j\u00f3venes acusados ya est\u00e1n organizando la manifestaci\u00f3n del pr\u00f3ximo 14 de abril en Pamplona. Justo dos d\u00edas antes de que empiece el juicio, volver\u00e1n a salir a la calle para pedir justicia. \u201cA pesar del cansancio, a\u00fan tenemos ilusi\u00f3n y fuerza de sobra\u201d, afirm\u00f3\u00a0<b>Antxon Mart\u00ednez\u00a0<\/b>de Alda. Un rato despu\u00e9s se subi\u00f3 al coche y regres\u00f3 a Altsasu. Al llegar a casa, volvi\u00f3 a encontrarse la cama de su hijo vac\u00eda. Tan vac\u00eda como los \u00faltimos y largos 16 meses.<\/span><\/p>\n<h1><a href=\"https:\/\/puntocritico.com\/ausajpuntocritico\/wp-content\/uploads\/2018\/03\/Mosca_Punto_Cr\u00edtico_40.png\" rel=\"lightbox[10083]\"><img loading=\"lazy\" decoding=\"async\" class=\"aligncenter wp-image-9528\" src=\"https:\/\/puntocritico.com\/ausajpuntocritico\/wp-content\/uploads\/2018\/03\/Mosca_Punto_Cr\u00edtico_40.png\" alt=\"\" width=\"40\" height=\"40\" \/><\/a><\/h1>\n<div class=\"article-header-title\">\n<h1 style=\"text-align: center;\"><a id=\"ref51\"><\/a><a href=\"#ref51a\">[51]<\/a>El acoso ultra a 400 diputados, alcaldes y concejales en Zaragoza queda impune<\/h1>\n<p>Por Eduardo Bayona\u00a0\u00a0<a id=\"m472-1-473\" class=\"twitter undefined\" title=\"\" href=\"https:\/\/twitter.com\/e_bayona?lang=es\" target=\"_blank\" rel=\"noopener noreferrer\">@e_bayona<\/a><\/p>\n<p><span style=\"color: #008000;\">Articulo publicado el 23 de marzo de 2018 en:\u00a0<\/span><\/p>\n<p><a href=\"http:\/\/www.publico.es\/sociedad\/catalunya-acoso-ultra-400-diputados-alcaldes-concejales-zaragoza-queda-impune.html\" target=\"_blank\" rel=\"noopener\">http:\/\/www.publico.es\/sociedad\/catalunya-acoso-ultra-400-diputados-alcaldes-concejales-zaragoza-queda-impune.html<\/a><\/p>\n<p>&nbsp;<\/p>\n<\/div>\n<div class=\"article-header-epigraph\">\n<blockquote>\n<p style=\"text-align: justify;\"><span style=\"font-size: 14pt; color: #008000;\"><strong>Las eventuales sanciones de la \u2018ley mordaza\u2019 a los quince identificados por participar en una concentraci\u00f3n ilegal contra una asamblea de cargos electos en v\u00edsperas del 1-O prescriben al no abrir expedientes la Subdelegaci\u00f3n del Gobierno, que asegura no haber recibido el informe que la Polic\u00eda dice haberle remitido<\/strong><\/span><\/p>\n<p>&nbsp;<\/p>\n<\/blockquote>\n<\/div>\n<figure id=\"attachment_10238\" aria-describedby=\"caption-attachment-10238\" style=\"width: 660px\" class=\"wp-caption aligncenter\"><a href=\"https:\/\/puntocritico.com\/ausajpuntocritico\/wp-content\/uploads\/2018\/03\/maniestacion.jpg\" rel=\"lightbox[10083]\"><img loading=\"lazy\" decoding=\"async\" class=\"wp-image-10238 size-full\" src=\"https:\/\/puntocritico.com\/ausajpuntocritico\/wp-content\/uploads\/2018\/03\/maniestacion.jpg\" alt=\"\" width=\"660\" height=\"340\" srcset=\"https:\/\/puntocritico.com\/ausajpuntocritico\/wp-content\/uploads\/2018\/03\/maniestacion.jpg 660w, https:\/\/puntocritico.com\/ausajpuntocritico\/wp-content\/uploads\/2018\/03\/maniestacion-300x155.jpg 300w\" sizes=\"auto, (max-width: 660px) 100vw, 660px\" \/><\/a><figcaption id=\"caption-attachment-10238\" class=\"wp-caption-text\"><span style=\"color: #008000;\">M\u00e1s de medio millar de personas participaron en la concentraci\u00f3n ilegal frente a la asamblea de parlamentarios celebrada el 24 de septiembre en Zaragoza. EFE<\/span><\/figcaption><\/figure>\n<p id=\"m350-349-351\" style=\"text-align: justify;\"><span style=\"font-size: 14pt; font-family: arial, helvetica, sans-serif;\">El acoso de m\u00e1s de medio millar de ultras a la asamblea que el 24 de septiembre reuni\u00f3 en Zaragoza a 400 cargos p\u00fablicos para tratar de buscar una salida pol\u00edtica al proceso soberanista catal\u00e1n ha quedado impune: las eventuales infracciones de la ley de Seguridad Ciudadana cometidas por quienes participaron en la concentraci\u00f3n no autorizada prescriben este s\u00e1bado, y las pesquisas para identificar al autor del botellazo que sufri\u00f3 la presidenta de las Cortes de Arag\u00f3n, Violeta Barba, est\u00e1n archivadas \u201cpor falta de autor conocido\u201d.<\/span><\/p>\n<p id=\"m355-1-356\" style=\"text-align: justify;\"><span style=\"font-size: 14pt; font-family: arial, helvetica, sans-serif;\">La Subdelegaci\u00f3n del Gobierno en Zaragoza<b>\u00a0no ha abierto ning\u00fan expediente de \u2018ley mordaza\u2019<\/b>\u00a0a ninguno de los quince participantes en la concentraci\u00f3n ilegal que llegaron a ser identificados por la Polic\u00eda (uno de cada 40), seg\u00fan confirmaron fuentes de la instituci\u00f3n. \u201cNo abrimos nada porque no nos ha llegado nada, ni de la Polic\u00eda ni de ning\u00fan juzgado\u201d, se\u00f1alaron.<\/span><\/p>\n<div class=\"teads-inread\" style=\"text-align: justify;\">\n<div class=\"teads-ui-components-credits\"><span style=\"font-size: 14pt; font-family: arial, helvetica, sans-serif;\">Sin embargo, un portavoz de la Jefatura Superior de Polic\u00eda asegur\u00f3 que las identidades de los quince participantes en la concentraci\u00f3n clandestina s\u00ed hab\u00edan sido comunicadas, de la misma manera que tanto el archivo de la investigaci\u00f3n sobre el autor del botellazo como las diligencias por la agresi\u00f3n que ese d\u00eda sufri\u00f3 un agente hab\u00edan sido trasladada a los juzgados. \u201cInformamos al juzgado y a la Delegaci\u00f3n de todos los incidentes de ese d\u00eda\u201d, indic\u00f3.<\/span><\/div>\n<\/div>\n<p id=\"m365-3-366\" style=\"text-align: justify;\"><span style=\"font-size: 14pt; font-family: arial, helvetica, sans-serif;\">En cualquier caso, la Subdelegaci\u00f3n no ha abierto ning\u00fan expediente sancionador, y eso hace que las presuntas infracciones vinculadas con la\u00a0<a href=\"http:\/\/www.publico.es\/politica\/grupo-ultras-obliga-bloquear-puertas-asamblea-unidos.html\" target=\"_blank\" rel=\"noopener noreferrer\">concentraci\u00f3n ultra<\/a>, que oblig\u00f3 a permanecer recluidos en el pabell\u00f3n Siglo XXI tanto a los cargos p\u00fablicos como a los periodistas que cubr\u00edan el acto, prescriban este s\u00e1bado, 24 de marzo, al haber pasado seis meses desde que fueron cometidas.\u00a0<b>Sus autores no podr\u00e1n ser sancionados.<\/b><\/span><\/p>\n<h2 id=\"m370-4-371\" class=\"highlighted\" style=\"text-align: justify;\"><span style=\"font-size: 14pt; font-family: arial, helvetica, sans-serif;\">Ultras, pol\u00edticos, polic\u00edas y un botellazo a la presidenta<\/span><\/h2>\n<p id=\"m375-5-376\" style=\"text-align: justify;\"><span style=\"font-size: 14pt; font-family: arial, helvetica, sans-serif;\">La concentraci\u00f3n hab\u00eda sido convocada a trav\u00e9s de las redes sociales, entre otros por organizaciones de ultraderecha como el MSR, pero carec\u00eda de permisos para llevarla a cabo.<\/span><\/p>\n<blockquote>\n<h1><span style=\"font-size: 14pt; color: #008000; font-family: arial, helvetica, sans-serif;\">Se supo que la asamblea iba a tener lugar en Zaragoza cuando faltaban cuatro d\u00edas<\/span><\/h1>\n<\/blockquote>\n<p id=\"m385-7-386\" style=\"text-align: justify;\"><span style=\"font-size: 14pt; font-family: arial, helvetica, sans-serif;\">Se supo que la asamblea, que reuni\u00f3 a diputados estatales y auton\u00f3micos, senadores, concejales y alcaldes de doce partidos y confluencias, iba a tener lugar en Zaragoza cuando faltaban cuatro d\u00edas y el local, el pabell\u00f3n siglo XXI, no se conoci\u00f3 hasta la antev\u00edspera, mientras que la normativa exige que los permisos para manifestarse se soliciten con al menos\u00a0<a href=\"http:\/\/noticias.juridicas.com\/base_datos\/Admin\/lo9-1983.html#I28%20\" target=\"_blank\" rel=\"noopener noreferrer\">una semana de antelaci\u00f3n<\/a>.<\/span><\/p>\n<p id=\"m390-8-391\" style=\"text-align: justify;\"><span style=\"font-size: 14pt; font-family: arial, helvetica, sans-serif;\">Factores como la pol\u00e9mica por la supuesta retirada de una serie de banderas que estaban en el pabell\u00f3n cuando este abri\u00f3 sus puertas calentaron los \u00e1nimos hasta provocar la\u00a0<b>movilizaci\u00f3n de m\u00e1s de medio millar de radicales, algunos de ellos con banderas franquistas<\/b>, que durante m\u00e1s de tres horas profirieron durante horas gritos y consignas contra los participantes en la asamblea, unos 400 cargos p\u00fablicos de una docena de partidos y confluencias convocados por Unidos Podemos.<\/span><\/p>\n<p id=\"m395-9-396\" style=\"text-align: justify;\"><span style=\"font-size: 14pt; font-family: arial, helvetica, sans-serif;\">Varios de ellos llegaron a aporrear las puertas, lo que oblig\u00f3 a los responsables de seguridad del acto a cerrar los accesos tras comunicarles los mandos del despliegue policial que no pod\u00eda garantizar la seguridad de quien saliera a la calle, y uno de ellos lleg\u00f3 a agredir con un\u00a0<a href=\"http:\/\/www.publico.es\/politica\/violeta-barba-denunciara-policia-botellazo-ultras-zaragoza.html\" target=\"_blank\" rel=\"noopener noreferrer\">botellazo a la presidenta de las Cortes de Arag\u00f3n<\/a>.<\/span><\/p>\n<p id=\"m400-10-401\" style=\"text-align: justify;\"><span style=\"font-size: 14pt; font-family: arial, helvetica, sans-serif;\">En la manifestaci\u00f3n ilegal no solo participaron ciudadanos an\u00f3nimos. Tambi\u00e9n\u00a0<b>estuvo all\u00ed, entre otros del \u00e1mbito pol\u00edtico, el\u00a0<a href=\"http:\/\/www.publico.es\/politica\/dirigente-pp-zaragoza-participo-protesta-ilegal-ultras-unidos.html\" target=\"_blank\" rel=\"noopener noreferrer\">secretario de Organizaci\u00f3n del PP de Zaragoza<\/a><\/b>\u00a0ciudad, Jos\u00e9 Luis Ben\u00edtez, que difundi\u00f3 su presencia en sus redes sociales. Y tampoco el MSR fue el \u00fanico convocante. Agentes del Cuerpo Nacional de Polic\u00eda que tomaron parte hicieron llamamientos a sus compa\u00f1eros a trav\u00e9s de un grupo de \u2018wahts app\u2019 para que se sumaran, seg\u00fan inform\u00f3\u00a0<a href=\"https:\/\/www.eldiario.es\/politica\/Grupos-policias-citaron-concentracion-Zaragoza_0_690481764.html%20\" target=\"_blank\" rel=\"noopener noreferrer\"><i>Eldiario.es<\/i><\/a>.<\/span><\/p>\n<h2 id=\"m405-11-406\" class=\"highlighted\" style=\"text-align: justify;\"><span style=\"font-size: 14pt; font-family: arial, helvetica, sans-serif;\">La ley y las normas<\/span><\/h2>\n<p id=\"m410-12-411\" style=\"text-align: justify;\"><span style=\"font-size: 14pt; font-family: arial, helvetica, sans-serif;\">La\u00a0<a href=\"http:\/\/noticias.juridicas.com\/base_datos\/Penal\/549725-lo-4-2015-de-30-mar-proteccion-de-la-seguridad-ciudadana.html#a38\" target=\"_blank\" rel=\"noopener noreferrer\">ley de Seguridad Ciudadana<\/a>\u00a0sanciona con multas de cien a 600 euros a quien participa en una concentraci\u00f3n o manifestaci\u00f3n no autorizada, una infracci\u00f3n tipificada como leve que prescribe a los seis meses de haberse cometido si no se ha abierto antes el expediente, como ha ocurrido en este caso.<\/span><\/p>\n<p id=\"m415-13-416\" style=\"text-align: justify;\"><span style=\"font-size: 14pt; font-family: arial, helvetica, sans-serif;\">\u201cLa perturbaci\u00f3n del desarrollo de una reuni\u00f3n o manifestaci\u00f3n l\u00edcita, cuando no constituya infracci\u00f3n penal\u201d, ser\u00eda una<b>\u00a0infracci\u00f3n grave, castigada con multas de 601 a 30.000 euros y que tarda un a\u00f1o en prescribir,<\/b>\u00a0si bien el acoso ultra del 24 de septiembre no encajar\u00eda en ese art\u00edculo porque requiere acceder al recinto en el que se celebra, algo que en este caso no ocurri\u00f3.<\/span><\/p>\n<p id=\"m420-14-421\" style=\"text-align: justify;\"><span style=\"font-size: 14pt; font-family: arial, helvetica, sans-serif;\">En el caso del botellazo a la presidenta de las Cortes auton\u00f3micas, las pesquisas quedaron archivadas en la misma Jefatura Superior de Polic\u00eda de Arag\u00f3n tras ser sobrese\u00eddas al\u00a0<a href=\"http:\/\/www.publico.es\/sociedad\/limbo-legal-deja-impune-acoso-ultra-400-cargos-publicos-zaragoza.html\" target=\"_blank\" rel=\"noopener noreferrer\">no haber sido identificado el autor<\/a>.<\/span><\/p>\n<p id=\"m425-15-426\" style=\"text-align: justify;\"><span style=\"font-size: 14pt; font-family: arial, helvetica, sans-serif;\">Esas diligencias, que contienen las rese\u00f1as de los quince participantes en la protesta ilegal identificados por la Polic\u00eda, no llegaron a ser remitidas al juzgado: ning\u00fan juez ni fiscal las reclamaron, y la Polic\u00eda solo ha de enviar los asuntos sin autor identificado cuando se trata de homicidios, asesinatos, delitos sexuales, corrupci\u00f3n o ataques a la integridad f\u00edsica, y el atentado a la autoridad se considera un delito contra el orden p\u00fablico.<\/span><\/p>\n<h1><a href=\"https:\/\/puntocritico.com\/ausajpuntocritico\/wp-content\/uploads\/2018\/03\/Mosca_Punto_Cr\u00edtico_40.png\" rel=\"lightbox[10083]\"><img loading=\"lazy\" decoding=\"async\" class=\"aligncenter wp-image-9528\" src=\"https:\/\/puntocritico.com\/ausajpuntocritico\/wp-content\/uploads\/2018\/03\/Mosca_Punto_Cr\u00edtico_40.png\" alt=\"\" width=\"40\" height=\"40\" \/><\/a><\/h1>\n<h1>\u00a0<\/h1>\n<h1 class=\"entry-title\" style=\"text-align: center;\"><a id=\"ref52\"><\/a><a href=\"#ref52a\">[52]<\/a> Procesiones para menores en la Educaci\u00f3n P\u00fablica<\/h1>\n<div class=\"author-content\">\n<p class=\"author\"><span style=\"font-size: 14pt;\">Por David Bollero<\/span><\/p>\n<p><span style=\"color: #008000;\">Articulo publicado el 24 de marzo de 2018 en:\u00a0<\/span><\/p>\n<p><a href=\"http:\/\/blogs.publico.es\/david-bollero\/2018\/03\/24\/procesiones-para-menores-en-la-educacion-publica\/\" target=\"_blank\" rel=\"noopener\"><span style=\"color: #008000;\">http:\/\/blogs.publico.es\/david-bollero\/2018\/03\/24\/procesiones-para-menores-en-la-educacion-publica\/<\/span><\/a><\/p>\n<p>&nbsp;<\/p>\n<p style=\"text-align: justify;\"><span style=\"font-size: 14pt; font-family: arial, helvetica, sans-serif;\">Llega la Semana Santa y, con ella, las sobreactuaciones, los gestos de exaltaci\u00f3n que se olvidan durante todo el a\u00f1o. Hace justo un a\u00f1o,\u00a0<a href=\"http:\/\/blogs.publico.es\/david-bollero\/2017\/04\/10\/semana-santa-religion\/\" target=\"_blank\" rel=\"noopener\">ya me refer\u00eda a esta cuesti\u00f3n<\/a>\u00a0cuando\u00a0<strong>una de las 46 procesiones que se celebraron en 2017 en la Semana Santa malague\u00f1a oblig\u00f3 a desviar las urgencias de un hospital<\/strong>. Este a\u00f1o retomo el asunto, por parecerme una barbaridad que\u00a0<strong>ni\u00f1@s de Educaci\u00f3n Primaria de un colegio p\u00fablico organicen su propia procesi\u00f3n en horario escolar<\/strong>\u00a0y salgan del recinto del centro a procesionar por las calles del municipio.<\/span><\/p>\n<p style=\"text-align: justify;\"><span style=\"font-size: 14pt; font-family: arial, helvetica, sans-serif;\"><em>\u201c\u00bf<\/em><span class=\" UFICommentActorAndBody\"><span class=\"UFICommentBody\"><em>Barbaridad ? \u00bfNo estamos en democracia? Si hay quien sigue tradici\u00f3n de Semana Santa, se respeta, y el que no quiera, no la siga.\u00a0<strong>Eso es libertad de expresi\u00f3n y clero<\/strong>\u201c<\/em>. Esta es una de las respuestas que una vecina de Rinc\u00f3n de la Victoria, el pueblo malague\u00f1o en el que hay procesiones escolares, escribi\u00f3 a uno de mis comentarios.<\/span><\/span><\/span><\/p>\n<p style=\"text-align: justify;\"><span style=\"font-size: 14pt; font-family: arial, helvetica, sans-serif;\">El v\u00eddeo publicado por un medio de comunicaci\u00f3n comarcal habla por s\u00ed solo. Desde mi punto de vista, es\u00a0<strong>un aut\u00e9ntico desprop\u00f3sito que en un colegio p\u00fablico se organicen este tipo de actos, m\u00e1s aun considerando que Espa\u00f1a es un Estado aconfesional<\/strong>.<\/span><\/p>\n<p style=\"text-align: justify;\"><span style=\"font-size: 14pt; font-family: arial, helvetica, sans-serif;\"><em>\u201c\u00bf<\/em><span class=\" UFICommentActorAndBody\"><span class=\"UFICommentBody\"><em>Qu\u00e9 da\u00f1o hace que unos ni\u00f1os saquen un trono?,\u00a0<strong>\u00bfo es que tambi\u00e9n criticamos la ilusi\u00f3n de unos menores y de personas que no piensan como usted?<\/strong>\u201c<\/em>, es otra de los reproches que se me hacen en redes sociales. Lo cierto es que ese d\u00eda, son muchos los padres y madres que optan porque\u00a0<strong>sus hij@s inicien las vacaciones de Semana Santa un d\u00eda antes, porque no quieren procesionar<\/strong>.<\/span><\/span><\/span><\/p>\n<p style=\"text-align: justify;\"><span style=\"font-size: 14pt; font-family: arial, helvetica, sans-serif;\">Lo cierto es que si algo pone f\u00e1cil M\u00e1laga es procesionar. Casi medio centenar de procesiones se celebraron el a\u00f1o pasado y, aunque cada a\u00f1o cuesta m\u00e1s encontrar a quien levante los tronos, en Rinc\u00f3n de la Victoria tambi\u00e9n hay dos cortejos. Quienes defienden las procesiones escolares lo hacen recurriendo, por ejemplo, a la\u00a0<em>\u201cilusi\u00f3n de unos menores\u201d<\/em>. Eso me lleva, inevitablemente, a la conversaci\u00f3n que ya hace un a\u00f1o mantuve con el cura, precisamente, de este pueblo malague\u00f1o. Entonces,\u00a0<strong>el sacerdote apuntaba que\u00a0<em>\u201csacar un trono en Semana Santa es un signo muy bonito, pero ah\u00ed hay m\u00e1s sentimiento que fe\u201d<\/em><\/strong>. Queda todo dicho.<\/span><\/p>\n<p style=\"text-align: justify;\"><span style=\"font-size: 14pt; font-family: arial, helvetica, sans-serif;\">No son pocas las personas cristianas que hablan de persecuci\u00f3n, de delitos contra el sentimiento religioso sin percartarse que en ocasiones, como sucede con las procesiones escolares,\u00a0<strong>son ellas quienes cometen, cuando menos, una anomal\u00eda en un Estado aconfesional, m\u00e1s a\u00fan cuando tienen barra libre procesional con medio centenar de cortejos que colapsan la ciudad entera.<\/strong><\/span><\/p>\n<p style=\"text-align: justify;\"><span style=\"font-size: 14pt; font-family: arial, helvetica, sans-serif;\">Con esta columna muchas personas volver\u00e1n a sentirse ofendidas. Las mismas que defienden libertad de expresi\u00f3n para que alumnado de un centro p\u00fablico salga de \u00e9ste en horario escolar a procesionar, mantillas incluidas. Pues bien, agradeciendo esa defensa de la libertad de expresi\u00f3n, r<strong>eproduzco la plegaria de mi querid\u00edsima cofrad\u00eda del Sant\u00edsimo Co\u00f1o Insumiso, que\u00a0<a href=\"http:\/\/www.publico.es\/actualidad\/cono-insumiso-juez-juicio-oral-mujeres.html\" target=\"_blank\" rel=\"noopener\">siguen imputadas tanto en Sevilla como en M\u00e1laga<\/a><\/strong>:<\/span><\/p>\n<p style=\"text-align: justify;\"><span style=\"font-size: 14pt; font-family: arial, helvetica, sans-serif;\"><em>\u201cDiosa te salve vagina, llena eres de gracia, el co\u00f1o es contigo, bendita t\u00fa eres entre todas nuestras partes y bendito es el fruto de tu sexo, el cl\u00edtoris. Santa vagina, madre de todos, ruega por nosotras liberadas, ahora y en la hora de nuestro orgasmo. Himen. Ni en el nombre del padre, ni del hijo, sino de nuestro sant\u00edsimo co\u00f1o\u201d<\/em>.<\/span><\/p>\n<p style=\"text-align: center;\"><iframe loading=\"lazy\" src=\"https:\/\/mega.nz\/embed\/XdkQnBiT!FA-NfCIBX1wk2lyy_mmXXfHLwRdUGi5-OSSPlLI_BII?title=0&amp;byline=0&amp;portrait=0\" width=\"640\" height=\"360\" frameborder=\"0\" allowfullscreen=\"allowfullscreen\"><\/iframe><\/p>\n<div class=\"subscription-claim\">\n<div class=\"title\"><a href=\"https:\/\/puntocritico.com\/ausajpuntocritico\/wp-content\/uploads\/2018\/03\/Mosca_Punto_Cr\u00edtico_40.png\" rel=\"lightbox[10083]\"><img loading=\"lazy\" decoding=\"async\" class=\"aligncenter wp-image-9528\" src=\"https:\/\/puntocritico.com\/ausajpuntocritico\/wp-content\/uploads\/2018\/03\/Mosca_Punto_Cr\u00edtico_40.png\" alt=\"\" width=\"40\" height=\"40\" \/><\/a>\u00a0<\/div>\n<\/div>\n<\/div>\n<h1 class=\"entry-title\" style=\"text-align: center;\"><a id=\"ref53\"><\/a><a href=\"#ref53a\">[53]<\/a>\u00bfQu\u00e9 plan toca ahora?<\/h1>\n<div class=\"author-content\">\n<p class=\"author\"><span style=\"font-size: 14pt;\">Por Juan Carlos Escudier<\/span><\/p>\n<p><span style=\"color: #008000;\">Articulo publicado el 21 de marzo de 2018 en:\u00a0<\/span><\/p>\n<p><a href=\"http:\/\/blogs.publico.es\/escudier\/2018\/03\/23\/que-plan-toca-ahora\/\" target=\"_blank\" rel=\"noopener\">http:\/\/blogs.publico.es\/escudier\/2018\/03\/23\/que-plan-toca-ahora\/<\/a><\/p>\n<\/div>\n<p>&nbsp;<\/p>\n<p style=\"text-align: justify;\"><span style=\"font-family: arial, helvetica, sans-serif; font-size: 14pt;\">A\u00a0nadie se le escapa ya que la instrucci\u00f3n del\u00a0<em>proc\u00e9s<\/em>\u00a0del magistrado Llarena es m\u00e1s pol\u00edtica que jur\u00eddica y que la estrategia de buena parte del soberanismo es m\u00e1s simb\u00f3lica que pol\u00edtica. En este duelo de excesos se desarrolla la contienda, una estramb\u00f3tica partida de ajedrez en la que los contendientes pretenden consumar el imposible de un mate simult\u00e1neo, un concepto que invent\u00f3 Woody Allen en uno de sus cuentos y que termin\u00f3 con sus protagonistas jugando al scrabble. Si no fuera porque hay personas en prisi\u00f3n pendientes del tablero, la situaci\u00f3n ser\u00eda m\u00e1s hilarante que dram\u00e1tica. Las disputas tan largas alejan mucho el final.<\/span><\/p>\n<p style=\"text-align: justify;\"><span style=\"font-family: arial, helvetica, sans-serif; font-size: 14pt;\">Seg\u00fan se viene observando, lo que debieran ser caminos paralelos son senderos serpenteantes trufados de encrucijadas. No hay movimientos aut\u00f3nomos sino interacciones, efectos de una causa, reacciones. Si Puigdemont se establece en B\u00e9lgica, se retira la extradici\u00f3n para no desnudar la endeblez de un delito, el de rebeli\u00f3n, que parece no tener homologaci\u00f3n en buena parte de Europa. Si viaja a Dinamarca o a Suiza no se pide su detenci\u00f3n, anticipando que ese es su deseo. Y si conviene exhibir las carencias democr\u00e1ticas del Estado se plantea la investidura de un pr\u00f3fugo primero y la de un preso no juzgado despu\u00e9s para mostrar la supuesta represi\u00f3n a la que se somete al independentismo.<\/span><\/p>\n<p style=\"text-align: justify;\"><span style=\"font-family: arial, helvetica, sans-serif; font-size: 14pt;\">As\u00ed, se han sucedido los planes del soberanismo, que cualquiera podr\u00eda imaginar esbozados previamente en una pizarra. Tocaba el C, encarnado en Jordi Turull, con el objetivo no de salir del laberinto sino de intrincarlo m\u00e1s a\u00fan. Pendiente de ser procesado, Turull era la baza que demostrar\u00eda la persecuci\u00f3n pol\u00edtica, la imagen de un president de la Generalitat inhabilitado o preso, cuando no ambas cosas a la vez. Para evitarlo, el Supremo movi\u00f3 ficha y le cit\u00f3 este viernes, posiblemente con la intenci\u00f3n de devolverle a la c\u00e1rcel antes de que el Palau tuviera un nuevo y provisional inquilino.<\/span><\/p>\n<p style=\"text-align: justify;\"><span style=\"font-family: arial, helvetica, sans-serif; font-size: 14pt;\">El jaque determin\u00f3 el enroque. Se precipit\u00f3 un pleno de investidura para que el superviviente del pujolismo m\u00e1s rancio acudiera a la citaci\u00f3n como president, una estratagema desbaratada por los cuatro representantes de la CUP, hartos del juego y del postureo, cuya posici\u00f3n abiertamente favorable a la construcci\u00f3n de una rep\u00fablica puede no compartirse pero es pr\u00edstina y honesta. Ni iban a consentir que el Estado condicionara la pol\u00edtica a trav\u00e9s de un juez campeador ni iban a hacer pol\u00edtica a golpe de citaciones. Con la baraja rota, Turull subi\u00f3 ayer a la tribunal del Parlament como alma en pena, como el oficiante de su propio funeral.<\/span><\/p>\n<p style=\"text-align: justify;\"><span style=\"font-family: arial, helvetica, sans-serif; font-size: 14pt;\">Es verdad que la partida es desigual porque no es lo mismo arriesgarse al descr\u00e9dito internacional que a la c\u00e1rcel, y que una de las partes juega con cartas marcadas. Le basta con justificar un hipot\u00e9tico riesgo de reiteraci\u00f3n delictiva para poblar las prisiones de independentistas, y de ah\u00ed las sucesivas renuncias al esca\u00f1o o la fuga como la que ha protagonizado hoy mismo Marta Rovira, que dice emprender el camino del exilio para liberarse de su prisi\u00f3n interna. El miedo guarda la vi\u00f1a, es un compa\u00f1ero fiel e inseparable y hasta puede convertirse en un arma para la protesta.<\/span><\/p>\n<p style=\"text-align: justify;\"><span style=\"font-family: arial, helvetica, sans-serif; font-size: 14pt;\">Se abre un nuevo periodo en el que se suceder\u00e1n movimientos tasados esta vez por el reloj, toda vez que el tiempo ya corre hacia unas nuevas elecciones si antes nadie encuentra una salida a este callej\u00f3n oscuro y ciego. Posiblemente ya est\u00e9 en marcha un plan D y otro E, que a buen seguro encontrar\u00e1n respuesta en una Justicia que blande el C\u00f3digo Penal como lo har\u00eda un maestro de esgrima: unos d\u00edas es florete, otros sable y los m\u00e1s una espada de Damocles preparada para caer sobre determinadas cabezas.<\/span><\/p>\n<p style=\"text-align: justify;\"><span style=\"font-family: arial, helvetica, sans-serif; font-size: 14pt;\">Toda guerra es esencialmente una derrota. Para unos ser\u00e1 la de un independentismo que no ha sabido calibrar sus fuerzas y que se ha abrazado al victimismo y al martirologio; para otros la de un Estado que en su despliegue de artiller\u00eda ha herido de muerte al propio coraz\u00f3n de la democracia. Hay que ser pesimistas por la misma raz\u00f3n que apuntaba Saramago: los \u00fanicos interesados en cambiar el mundo son los pesimistas porque los optimistas est\u00e1n encantados con lo que hay. Y algo hay que cambiar, eso es evidente.<\/span><\/p>\n<p><a href=\"https:\/\/puntocritico.com\/ausajpuntocritico\/wp-content\/uploads\/2018\/03\/Mosca_Punto_Cr\u00edtico_40.png\" rel=\"lightbox[10083]\"><img loading=\"lazy\" decoding=\"async\" class=\"aligncenter wp-image-9528\" src=\"https:\/\/puntocritico.com\/ausajpuntocritico\/wp-content\/uploads\/2018\/03\/Mosca_Punto_Cr\u00edtico_40.png\" alt=\"\" width=\"40\" height=\"40\" \/><\/a><\/p>\n<div class=\"article-header-title\">\n<h1 style=\"text-align: center;\"><a id=\"ref54\"><\/a><a href=\"#ref54a\">[54]<\/a> El juez sienta en el banquillo por rebeli\u00f3n a 13 l\u00edderes del proc\u00e9s, incluidos Puigdemont y Turull<\/h1>\n<\/div>\n<div class=\"article-header-epigraph\">\n<p><span style=\"font-size: 14pt;\">Por P\u00fablico\/EFE<\/span><\/p>\n<p><span style=\"color: #008000;\">Articulo publicado el 23 de marzo de 2018 en:\u00a0<\/span><\/p>\n<p><a href=\"http:\/\/www.publico.es\/politica\/juez-procesa-cupula-del-proces-rebelion-incluidos-puigdemont-y-turull.html\" target=\"_blank\" rel=\"noopener\">http:\/\/www.publico.es\/politica\/juez-procesa-cupula-del-proces-rebelion-incluidos-puigdemont-y-turull.html<\/a><\/p>\n<p>&nbsp;<\/p>\n<blockquote>\n<p style=\"text-align: justify;\"><span style=\"font-size: 14pt; color: #008000;\"><strong>En esa lista tambi\u00e9n est\u00e1n, entre otros, Oriol Junqueras, Jordi S\u00e0nchez, Jordi Cuixart y Marta Rovira, que esta misma ma\u00f1ana ha anunciado que abandona Espa\u00f1a. Hay otras doce personas procesadas por otros delitos, principalmente por desobediencia<\/strong><\/span><\/p>\n<\/blockquote>\n<p>&nbsp;<\/p>\n<figure id=\"attachment_10233\" aria-describedby=\"caption-attachment-10233\" style=\"width: 660px\" class=\"wp-caption aligncenter\"><a href=\"https:\/\/puntocritico.com\/ausajpuntocritico\/wp-content\/uploads\/2018\/03\/procesados.jpg\" rel=\"lightbox[10083]\"><img loading=\"lazy\" decoding=\"async\" class=\"wp-image-10233 size-full\" src=\"https:\/\/puntocritico.com\/ausajpuntocritico\/wp-content\/uploads\/2018\/03\/procesados.jpg\" alt=\"\" width=\"660\" height=\"340\" srcset=\"https:\/\/puntocritico.com\/ausajpuntocritico\/wp-content\/uploads\/2018\/03\/procesados.jpg 660w, https:\/\/puntocritico.com\/ausajpuntocritico\/wp-content\/uploads\/2018\/03\/procesados-300x155.jpg 300w\" sizes=\"auto, (max-width: 660px) 100vw, 660px\" \/><\/a><figcaption id=\"caption-attachment-10233\" class=\"wp-caption-text\"><span style=\"color: #008000;\">El candidato de Junts per Catalunya (JxCat) a la presidencia de la Generalitat, Jordi Turull (derecha), y el diputado de JxCat Josep Rull (izquierda) a su llegada al Tribunal Supremo. | ZIPI (EFE)<\/span><\/figcaption><\/figure>\n<p>&nbsp;<\/p>\n<p id=\"m372-371-373\" style=\"text-align: justify;\"><span style=\"font-size: 14pt; font-family: arial, helvetica, sans-serif;\">El juez del Tribunal Supremo Pablo Llarena ha notificado este viernes a<b>\u00a013 l\u00edderes del proc\u00e9s en Catalunya que tendr\u00e1n que sentarse en el banquillo acusados de un delito de rebeli\u00f3n, delito que comporta entre 15 y 30 a\u00f1os de prisi\u00f3n.\u00a0<\/b><\/span><\/p>\n<p id=\"m377-1-378\" style=\"text-align: justify;\"><span style=\"font-size: 14pt; font-family: arial, helvetica, sans-serif;\">El juez Llarena ha procesado en total a 25 personas, a nueve de ellos por los delitos de rebeli\u00f3n y malversaci\u00f3n, otros cuatro m\u00e1s por rebeli\u00f3n, cinco por malversaci\u00f3n y desobediencia, y siete \u00fanicamente por el delito de desobediencia.<\/span><\/p>\n<div class=\"teads-inread\" style=\"text-align: justify;\">\n<div class=\"teads-ui-components-credits\"><span style=\"font-family: arial, helvetica, sans-serif; font-size: 14pt;\">Entre los acusados por rebeli\u00f3n est\u00e1n\u00a0Carles Puigdemont, Oriol Junqueras, Jordi Turull y\u00a0<\/span><a style=\"font-family: arial, helvetica, sans-serif; font-size: 14pt;\" title=\"Marta Rovira no comparece ante el Tribunal Supremo y abandona Espa\u00f1a\" href=\"http:\/\/www.publico.es\/politica\/marta-rovira-no-comparece-tribunal-supremo-y-abandona-espana.html\" target=\"_blank\" rel=\"noopener\">Marta Rovira, que esta misma ma\u00f1ana ha anunciado que abandona Espa\u00f1a<\/a><span style=\"font-family: arial, helvetica, sans-serif; font-size: 14pt;\">.<\/span><\/div>\n<\/div>\n<p id=\"m392-4-393\" style=\"text-align: justify;\"><span style=\"font-size: 14pt; font-family: arial, helvetica, sans-serif;\">Adem\u00e1s de ellos, los otros procesados por rebeli\u00f3n son los exconsellers Joaquim Forn, Ra\u00fal Romeva, Clara Ponsat\u00ed, Josep Rull, Antonio Com\u00edn y Dolors Bassa.<\/span><\/p>\n<p id=\"m397-5-398\" style=\"text-align: justify;\"><span style=\"font-size: 14pt; font-family: arial, helvetica, sans-serif;\">El juez Llarena tambi\u00e9n sienta en el banquillo por rebeli\u00f3n a la ex presidenta del Parlament Carme Forcadell, al ex presiente de la ANC, Jordi S\u00e0nchez y al presidente de \u00d2mnium Cultural, Jordi Cuixart.<\/span><\/p>\n<p id=\"m402-6-403\" style=\"text-align: justify;\"><span style=\"font-size: 14pt; font-family: arial, helvetica, sans-serif;\">Puigdemont, Junqueras, Turull, y los seis exconsellers acusados de rebeli\u00f3n y malversaci\u00f3n se pueden enfrentar a penas que oscilan entre los 17 y los 33 a\u00f1os de prisi\u00f3n.\u00a0Seg\u00fan recoge el C\u00f3digo Penal, el delito de rebeli\u00f3n (art\u00edculo 472 y 473 del C\u00f3digo Penal) se considera un delito contra la Constituci\u00f3n y por tanto ser\u00e1 castigado con la pena de prisi\u00f3n de 15 a 25 a\u00f1os e inhabilitaci\u00f3n absoluta por el mismo tiempo.<\/span><\/p>\n<p id=\"m412-8-413\" style=\"text-align: justify;\"><span style=\"font-size: 14pt; font-family: arial, helvetica, sans-serif;\">Los autos de procesamiento incluyen adem\u00e1s<b>\u00a0otros delitos que afectan a otros doce inculpados.\u00a0<\/b>El juez procesa, adem\u00e1s, a cinco ex miembros del Govern por malversaci\u00f3n y desobediencia: Meritxell Borr\u00e0s, Lluis Puig, Carles Mund\u00f3, Santi Vila y Meritxell Serret. En ese sentido, tambi\u00e9n resultan procesados por malversaci\u00f3n el ex president Puigdemont, el que fuera vicepresident Junqueras y los siete exconsellers acusados de rebeli\u00f3n.<\/span><\/p>\n<p id=\"m417-9-418\" style=\"text-align: justify;\"><span style=\"font-size: 14pt; font-family: arial, helvetica, sans-serif;\">As\u00ed mismo\u00a0<b>el juez lleva a juicio por desobediencia a cinco exmiembros de la Mesa del Parlament<\/b>: Lluis Mar\u00eda Corominas, Lluis Guin\u00f3, Anna Sim\u00f3, Ramona Barruffet y Joan Josep Nuet,\u00a0<b>as\u00ed como a Mireia Boya (expresidenta del Grupo de la CUP) y a Anna Gabriel, exportavoz de la CUP<\/b>. El delito de desobediencia no acarrea penas de prisi\u00f3n.<\/span><\/p>\n<p id=\"m422-10-423\" style=\"text-align: justify;\"><span style=\"font-size: 14pt; font-family: arial, helvetica, sans-serif;\">En total son 25 personas las que se sentar\u00e1n en el banquillo en una fecha a\u00fan por determinar. El magistrado fija\u00a0<b>una fianza de responsabilidad civil de 2,1 millones de euros<\/b>\u00a0que deber\u00e1 ser prestada solidariamente por los catorce exmiembros del Govern procesados.<\/span><\/p>\n<p id=\"m427-11-428\" style=\"text-align: justify;\"><span style=\"font-size: 14pt; font-family: arial, helvetica, sans-serif;\">En el auto, el juez Llarena se expresa en\u00a0<b>t\u00e9rminos muy duros<\/b>. Acusa a los implicados de provocar un<b>\u00a0\u00abestallido social\u00bb<\/b>, de\u00a0<b>\u00abfanatismo violento\u00bb<\/b>, de utilizar\u00a0<b>\u00abel poder\u00edo de la masa\u00bb<\/b>\u00a0y de\u00a0<b>\u00abdise\u00f1o criminal\u00bb<\/b>.<\/span><\/p>\n<p id=\"m432-12-433\" style=\"text-align: justify;\"><span style=\"font-size: 14pt; font-family: arial, helvetica, sans-serif;\">En opini\u00f3n del magistrado, el proc\u00e9s \u00abfue un ataque al Estado Constitucional de una gravedad y persistencia inusitada y sin parang\u00f3n en ninguna democracia de nuestro entorno\u00bb. El juez considera que el proces fue un concierto entre partidos y entidades soberanistas para ejecutar un plan predeterminado y declarar la independencia de Catalunya y sit\u00faa su origen\u00a0el origen el 19 de diciembre de 2012, en la firma del l\u00edder de CIU Artur Mas y Oriol Junqueras\u00a0 del Acuerdo para la Transici\u00f3n Nacional y para Garantizar la Estabilidad del Govern de Catalunya que llevo a Mas a la presidencia de la Generalitat aquel a\u00f1o.<\/span><\/p>\n<p id=\"m437-13-438\" style=\"text-align: justify;\"><span style=\"font-size: 14pt; font-family: arial, helvetica, sans-serif;\">Llarena cree, adem\u00e1s, que\u00a0Carles Puigdemont, Oriol Junqueras y el exconsejero de Interior Joaquim Forn sab\u00edan \u00absobradamente\u00bb que en la jornada del refer\u00e9ndum del 1-O habr\u00eda una \u00abescalada de violencia\u00bb, ya que hab\u00edan sido advertidos de ello por los Mossos en una reuni\u00f3n.<\/span><\/p>\n<p id=\"m442-14-443\" style=\"text-align: justify;\"><span style=\"font-size: 14pt; font-family: arial, helvetica, sans-serif;\">Tras la notificaci\u00f3n del procesamiento, comenzar\u00e1n los actos procesales previstos en el art\u00edculo 505 de la Ley de Enjuiciamiento Criminal, o lo que es lo mismo,\u00a0<b>las &#8216;vistillas&#8217;<\/b>\u00a0en las que las partes expondr\u00e1n sus peticiones al juez sobre la situaci\u00f3n de Turull, Rovira, Forcadell, Rull, Romeva y Bassa.<\/span><\/p>\n<p id=\"m665-15-666\" style=\"text-align: justify;\"><span style=\"font-size: 14pt; font-family: arial, helvetica, sans-serif;\">De momento,\u00a0<b>la Fiscal\u00eda ha pedido prisi\u00f3n provisional<\/b>\u00a0para el candidato a la Presidencia de la Generalitat,\u00a0<b>Jordi Turull<\/b>, la expresidenta del Parlamento catal\u00e1n\u00a0<b>Carme Forcadell<\/b>\u00a0y los exconsejeros\u00a0<b>Ra\u00fcl Romeva<\/b>,\u00a0<b>Josep Rull\u00a0<\/b>y\u00a0<b>Dolors Bassa<\/b>\u00a0ante el riesgo de fuga y de reiteraci\u00f3n delictiva.<\/span><\/p>\n<p id=\"m447-15-448\" style=\"text-align: justify;\"><span style=\"font-size: 14pt; font-family: arial, helvetica, sans-serif;\">A su llegada al Supremo,\u00a0<b>los investigados fueron recibidos con aplausos y v\u00edtores<\/b>por parte de diputados y otros compa\u00f1eros de partido de los investigados, entre ellos el portavoz adjunto de JuntsxCat en el Parlament, Eduard Pujol, y el portavoz de ERC en el Congreso, Joan Tard\u00e0.<\/span><\/p>\n<p id=\"m452-16-453\" style=\"text-align: justify;\"><span style=\"font-size: 14pt; font-family: arial, helvetica, sans-serif;\">Jordi Turull, que anoche no consigui\u00f3 los votos suficientes en el Parlament para ser investido presidente de la Generalitat, y su antiguo compa\u00f1ero en el Govern Josep Rull llegaron diez minutos pasadas las diez de la ma\u00f1ana. Sin embargo, a la hora se\u00f1alada por el juez\u00a0<a title=\"Marta Rovira no comparece ante el Tribunal Supremo y abandona Espa\u00f1a\" href=\"http:\/\/www.publico.es\/politica\/marta-rovira-no-comparece-tribunal-supremo-y-abandona-espana.html\" target=\"_blank\" rel=\"noopener\">Marta Rovira no se present\u00f3<\/a>.<\/span><\/p>\n<div id=\"m457-17-458\" class=\"html\">\n<p style=\"text-align: justify;\"><span style=\"font-size: 14pt; font-family: arial, helvetica, sans-serif;\"><a title=\"View Lista y Nota Procesamiento Proces on Scribd\" href=\"https:\/\/www.scribd.com\/document\/374671954\/Lista-y-Nota-Procesamiento-Proces#from_embed\" target=\"_blank\" rel=\"noopener\">Lista y Nota Procesamiento Proces<\/a>\u00a0by\u00a0<a title=\"View P\u00fablico.es&#039;s profile on Scribd\" href=\"https:\/\/www.scribd.com\/user\/218995127\/Publico-es#from_embed\" target=\"_blank\" rel=\"noopener\">P\u00fablico.es<\/a>\u00a0on Scribd<\/span><\/p>\n<\/div>\n<\/div>\n<p><a href=\"https:\/\/puntocritico.com\/ausajpuntocritico\/wp-content\/uploads\/2018\/03\/Mosca_Punto_Cr\u00edtico_40.png\" rel=\"lightbox[10083]\"><img loading=\"lazy\" decoding=\"async\" class=\"aligncenter wp-image-9528\" src=\"https:\/\/puntocritico.com\/ausajpuntocritico\/wp-content\/uploads\/2018\/03\/Mosca_Punto_Cr\u00edtico_40.png\" alt=\"\" width=\"40\" height=\"40\" \/><\/a><\/p>\n<p>&nbsp;<\/p>\n<h1 class=\"pg-headline\" style=\"text-align: center;\"><a id=\"ref55\"><\/a><a href=\"#ref55a\">[55]<\/a> La justicia espa\u00f1ola arrasa con el proc\u00e9s y clava una advertencia: fuga o c\u00e1rcel para los l\u00edderes del soberanismo<\/h1>\n<p><span style=\"font-size: 14pt;\">Por Pedro \u00c1gueda\u00a0\/\u00a0Oriol Sol\u00e9 Altimira<\/span><\/p>\n<p><span style=\"color: #008000;\">Articulo publicado el 21 de marzo de 2018 en:\u00a0<\/span><\/p>\n<p><a href=\"https:\/\/www.eldiario.es\/politica\/justicia-espanola-advertencia-lideres-soberanismo_0_753125679.html\" target=\"_blank\" rel=\"noopener\">https:\/\/www.eldiario.es\/politica\/justicia-espanola-advertencia-lideres-soberanismo_0_753125679.html<\/a><\/p>\n<p>&nbsp;<\/p>\n<div class=\"subtitle bkn mce sk2\">\n<blockquote>\n<p style=\"text-align: justify;\"><span style=\"font-size: 14pt; color: #008000;\"><strong>Once de los 14 miembros del Govern que organiz\u00f3 el 1-O ya est\u00e1n en la c\u00e1rcel o huidos, acompa\u00f1ados de los l\u00edderes de una parte de la sociedad civil<\/strong><\/span><\/p>\n<p style=\"text-align: justify;\"><span style=\"font-size: 14pt; color: #008000;\"><strong>Llarena\u00a0se permite una alusi\u00f3n al 23-F al asegurar que han utilizado la violencia sin da\u00f1ar a nadie, como en una \u00abtoma de rehenes con disparos al aire\u00bb<\/strong><\/span><\/p>\n<p style=\"text-align: justify;\"><span style=\"font-size: 14pt; color: #008000;\"><strong>El juez se adentra en la \u00abesfera psicol\u00f3gica interna\u00bb de los encarcelados para concluir que nada garantiza que \u00abvayan a respetar\u00bb sus decisiones en el futuro<\/strong><\/span><\/p>\n<\/blockquote>\n<p>&nbsp;<\/p>\n<\/div>\n<section class=\"cp-tools md cf \">\n<address class=\"bkn dateline fl\">\n<figure id=\"attachment_10234\" aria-describedby=\"caption-attachment-10234\" style=\"width: 643px\" class=\"wp-caption aligncenter\"><a href=\"https:\/\/puntocritico.com\/ausajpuntocritico\/wp-content\/uploads\/2018\/03\/candidato-Generalitat-Jordi-Turull-ingresaria_EDIIMA20180323_1043_5.jpg\" rel=\"lightbox[10083]\"><img loading=\"lazy\" decoding=\"async\" class=\"wp-image-10234 size-full\" src=\"https:\/\/puntocritico.com\/ausajpuntocritico\/wp-content\/uploads\/2018\/03\/candidato-Generalitat-Jordi-Turull-ingresaria_EDIIMA20180323_1043_5.jpg\" alt=\"\" width=\"643\" height=\"426\" srcset=\"https:\/\/puntocritico.com\/ausajpuntocritico\/wp-content\/uploads\/2018\/03\/candidato-Generalitat-Jordi-Turull-ingresaria_EDIIMA20180323_1043_5.jpg 643w, https:\/\/puntocritico.com\/ausajpuntocritico\/wp-content\/uploads\/2018\/03\/candidato-Generalitat-Jordi-Turull-ingresaria_EDIIMA20180323_1043_5-300x199.jpg 300w\" sizes=\"auto, (max-width: 643px) 100vw, 643px\" \/><\/a><figcaption id=\"caption-attachment-10234\" class=\"wp-caption-text\"><span style=\"color: #008000;\">El \u00faltimo candidato a president de la Generalitat, Jordi Turull, minutos antes de conocer que ingresar\u00eda en prisi\u00f3n<\/span><\/figcaption><\/figure><br \/>\n<\/address>\n<\/section>\n<p class=\"mce\" style=\"text-align: justify;\"><span style=\"font-size: 14pt; font-family: arial, helvetica, sans-serif;\">Once de los 14 miembros que ten\u00eda el Govern que organiz\u00f3 el refer\u00e9ndum soberanista del 1 de octubre est\u00e1n en prisi\u00f3n o han huido cuando a\u00fan restan meses para que se celebre el juicio. Con la decisi\u00f3n de encarcelar o poner en busca y captura a los \u00faltimos seis investigados, el Tribunal Supremo, la m\u00e1s alta instancia penal espa\u00f1ola, asesta el\u00a0pen\u00faltimo golpe al primer desaf\u00edo separatista en la historia de la democracia espa\u00f1ola que no lidera una banda armada.<\/span><\/p>\n<p class=\"mce\" style=\"text-align: justify;\"><span style=\"font-size: 14pt; font-family: arial, helvetica, sans-serif;\">La acusaci\u00f3n m\u00e1s grave contra los encarcelados o huidos es la de rebeli\u00f3n, un delito que lleva aparejado una condena de hasta 30 a\u00f1os de c\u00e1rcel. Los sospechosos de haberlo cometido no podr\u00e1n aguardar el juicio en libertad. El viernes, los \u00faltimos cinco en ingresar en prisi\u00f3n se abrazaron a sus familias a las puertas del Tribunal Supremo. La Sala de lo Penal que los juzgar\u00e1 ha respaldado hasta ahora sin fisuras al magistrado instructor, Pablo Llarena. Si los condena por ese u otros delitos, ese abrazo ser\u00e1 el \u00faltimo que han dado en libertad a sus familias en a\u00f1os.\u00a0<\/span><\/p>\n<section id=\"edi-ad-slot-intext\" class=\"md-advertisement md hspace no-adv-socios\" role=\"marquee\" data-google-query-id=\"CM6GmanVh9oCFYQB0wodmGwD7w\">\n<div id=\"google_ads_iframe_\/123333327\/eldiario.es\/noticia_intext_0__container__\" style=\"text-align: justify;\"><span style=\"font-family: arial, helvetica, sans-serif; font-size: 14pt; text-align: justify;\">El encarcelamiento de cuatro exconsellers se suma al del exvicepresident Oriol Junqueras y el que fuera conseller de Interior Joaquim Forn. La de este viernes no fue una decisi\u00f3n m\u00e1s del Tribunal Supremo, tal y como se pod\u00eda constatar a \u00faltima hora de la tarde en las calles de Barcelona y<\/span><a class=\"mce\" style=\"font-family: arial, helvetica, sans-serif; font-size: 14pt; text-align: justify;\" href=\"https:\/\/www.eldiario.es\/catalunya\/MINUTO-Arranca-legislatura-Catalunya_13_730156978_19104.html\" target=\"_blank\" rel=\"noopener noreferrer\">\u00a0\u00a0otras poblaciones catalanas<\/a><span style=\"font-family: arial, helvetica, sans-serif; font-size: 14pt; text-align: justify;\">, donde los Mossos han hecho uso de las porras contra algunos manifestantes. Mientras, el \u00faltimo candidato a presidir la Generalitat, Jordi Turull, llegaba en un furg\u00f3n a la c\u00e1rcel de Estremera.\u00a0<\/span><\/div>\n<\/section>\n<p class=\"mce\" style=\"text-align: justify;\"><span style=\"font-size: 14pt; font-family: arial, helvetica, sans-serif;\">Al recuento de exconsellers encarcelados o huidos hay que sumar los l\u00edderes de las asociaciones civiles. Tampoco ha habido clemencia con ellos. Jordi S\u00e0nchez y Jordi Cuixart\u00a0cumplen cinco meses en prisi\u00f3n. Carme Forcadell, encarcelada por su actividad al frente de la ANC, primero, y como presidenta del Parlament, despu\u00e9s, ha entrado en la c\u00e1rcel esta tarde. Y luego est\u00e1n los pol\u00edticos sin responsabilidad ejecutiva: la republicana Marta Rovira y la responsable de la CUP Anna Gabriel han huido a Suiza.<\/span><\/p>\n<p class=\"mce\" style=\"text-align: justify;\"><span style=\"font-size: 14pt; font-family: arial, helvetica, sans-serif;\">Entre Bruselas y Escocia se reparten los cuatro exconsellers que huyeron junto a Carles Puigdemont. La actuaci\u00f3n de la justicia lo ha relegado a un puesto simb\u00f3lico en lo pol\u00edtico y de futuro incierto en lo judicial. Llarena reactiv\u00f3 las euro\u00f3rdenes contra ellos a \u00faltima hora de la tarde. Se reanuda un proceso jur\u00eddico con los pa\u00edses que los acogen que solo puede acabar de dos formas: c\u00e1rcel o destierro permanente.\u00a0<\/span><\/p>\n<h3 style=\"text-align: justify;\"><span style=\"font-size: 14pt; font-family: arial, helvetica, sans-serif;\">El concepto de violencia del juez Llarena<\/span><\/h3>\n<p class=\"mce\" style=\"text-align: justify;\"><span style=\"font-size: 14pt; font-family: arial, helvetica, sans-serif;\">El juez Llarena ha ido estrechando las posibilidades de escapar de la c\u00e1rcel provisional -la que se sufre antes del juicio- hasta llegar a los autos de procesamiento y de prisi\u00f3n de este viernes. Para el instructor, todos estos l\u00edderes del proc\u00e9s jugaron con la violencia, o al menos, con la posibilidad de utilizarla. Pero no como cualquiera interpretar\u00eda un acto violento.<\/span><\/p>\n<p class=\"mce\" style=\"text-align: justify;\"><span style=\"font-size: 14pt; font-family: arial, helvetica, sans-serif;\">Lo que viene a decir Llarena es que la violencia era una posibilidad, utilizada a modo de coacci\u00f3n al Estado, contra el que se arrojaba a \u00ablas masas\u00bb. El juez ve \u00abevidente\u00bb que los l\u00edderes independentistas \u00absiempre hubieron de representarse que el proceso terminar\u00eda recurriendo a la utilizaci\u00f3n instrumental de la fuerza\u00bb.<\/span><\/p>\n<p class=\"mce\" style=\"text-align: justify;\"><span style=\"font-size: 14pt; font-family: arial, helvetica, sans-serif;\">El juez sit\u00faa el punto de inflexi\u00f3n en la protesta del 20 de septiembre frente a la conselleria de Econom\u00eda. \u00abEn modo alguno puede entenderse que el cerco tuviera un contenido exclusivamente intimidatorio. Los hechos determinaron el efecto inherente a la violencia, esto es, una real restricci\u00f3n de la capacidad de actuaci\u00f3n como consecuencia del uso de la fuerza, tal y como ocurrir\u00eda en un supuesto de toma de rehenes mediante disparos al aire\u00bb, dice Llarena en una claro gui\u00f1o al golpe de Estado del 23-F, la \u00fanica condena por rebeli\u00f3n en la historia de Espa\u00f1a.<\/span><\/p>\n<p class=\"mce\" style=\"text-align: justify;\"><span style=\"font-size: 14pt; font-family: arial, helvetica, sans-serif;\">Llarena se explaya en su argumentaci\u00f3n de que hubo la violencia que requiere el delito de rebeli\u00f3n. \u00abAunque no fuera el reflejo de una violencia que estuviera ideada desde el principio como un instrumento para la consecuci\u00f3n de la independencia, desde luego permiti\u00f3 que todos los involucrados en el proceso se representaran el riesgo de que futuras movilizaciones pudieran estallar con episodios de fuerte lesividad y da\u00f1o en el grupo social\u201d, a\u00f1ade.<\/span><\/p>\n<h3 class=\"mce\" style=\"text-align: justify;\"><span style=\"font-size: 14pt; font-family: arial, helvetica, sans-serif;\">\u00abVer crecer a mis hijos\u00bb<\/span><\/h3>\n<p class=\"mce\" style=\"text-align: justify;\"><span style=\"font-size: 14pt; font-family: arial, helvetica, sans-serif;\">Los alegatos de los exconsellers en la vistilla no han servido para variar el criterio del juez. Ha habido posicionamientos pol\u00edticos, de defensa del di\u00e1logo, sin renunciar al objetivo independentista pero siempre por cauces pac\u00edficos. Los m\u00e1s contundentes, seg\u00fan fuentes jur\u00eddicas, los han pronunciado Rull, Turull y Romeva, que han afeado al magistrado la \u00abcriminalizaci\u00f3n\u00bb que, a su juicio, sufre el independentismo, cuyo mayor exponente ven en la causa de Llarena.<\/span><\/p>\n<p class=\"mce\" style=\"text-align: justify;\"><span style=\"font-size: 14pt; font-family: arial, helvetica, sans-serif;\">Pero tambi\u00e9n se han pronunciado alegatos personales. \u00abPor dignidad\u00bb, dicen fuentes jur\u00eddicas presentes en el Supremo. El exconseller Rull, por ejemplo, ha dicho al juez que ten\u00eda \u00abel poder de decidir si ve\u00eda crecer\u00bb a sus dos hijos, Roger y Bernat, de 3 y 8 a\u00f1os. Horas despu\u00e9s Llarena le ha enviado a la c\u00e1rcel por rebeli\u00f3n.<\/span><\/p>\n<p class=\"mce\" style=\"text-align: justify;\"><span style=\"font-size: 14pt; font-family: arial, helvetica, sans-serif;\">Nada ha dado resultado. El motivo, en el auto de prisi\u00f3n que conocieron horas despu\u00e9s, tambi\u00e9n hu\u00e9sped de expresiones de Llarena para la posteridad.\u00a0\u201cPuede concluirse que no se aprecia en su esfera psicol\u00f3gica interna un elemento potente que permita apreciar que el respeto a las decisiones de este instructor vaya a ser permanente\u201d, escribe el magistrado<\/span><\/p>\n<p class=\"mce\" style=\"text-align: justify;\"><span style=\"font-size: 14pt; font-family: arial, helvetica, sans-serif;\">Llarena insiste en que la actitud de los encarcelados en los \u00faltimos tiempos no hac\u00eda sino preveer que iban a \u00abretomar la actuaci\u00f3n\u00bb por la que est\u00e1n siendo investigados. Y pese a tratarse de un auto sobre la situaci\u00f3n personal de Turull y los dem\u00e1s dirigentes que han reingresado en prisi\u00f3n este viernes, Llarena considera que \u00abes de imposible percepci\u00f3n la voluntad interna de los procesados\u00bb por lo que el juez recurre a \u00abelementos externos\u00bb para pronosticar su actuaci\u00f3n.<\/span><\/p>\n<p class=\"mce\" style=\"text-align: justify;\"><span style=\"font-size: 14pt; font-family: arial, helvetica, sans-serif;\">Entre los elementos externos que el juez expone para enviar a prisi\u00f3n a los exconsellers y a Forcadell destaca que su objetivo independentista es compartido \u00abpor un amplio colectivo que se solidariza con su causa\u00bb. Se refiere el juez a la red asociativa independentista, que cuenta con \u00abestructuras organizadas, asesoramiento legal especializado, recursos econ\u00f3micos mediante las aportaciones de sus asociados [\u00d2mnium y la ANC pagaron las anteriores fianzas mediante donaciones] y un armaz\u00f3n internacional desarrollado en los \u00faltimos a\u00f1os para la defensa de sus planteamientos\u00bb.<\/span><\/p>\n<p class=\"mce\" style=\"text-align: justify;\"><span style=\"font-size: 14pt; font-family: arial, helvetica, sans-serif;\">La comparaci\u00f3n entre el proc\u00e9s y el 23-F no es el \u00fanico cap\u00edtulo del auto de procesamiento que deja para la pol\u00e9mica el magistrado instructor. Para procesar por rebeli\u00f3n y encarcelar, con la consecuencia inmediata de la inhabilitaci\u00f3n, el juez necesitaba argumentar que hubo un \u00abalzamiento\u00bb. Y es ah\u00ed donde\u00a0identifica \u00abun actuar violento\u00bb en la protesta del 20 de septiembre frente a la conselleria de Econom\u00eda, que termin\u00f3 disuelta por sus propios convocantes, \u00d2mnium y la ANC.\u00a0<\/span><\/p>\n<p class=\"mce\" style=\"text-align: justify;\"><span style=\"font-size: 14pt; font-family: arial, helvetica, sans-serif;\">El \u00abactuar violento\u00bb promovido por \u00d2mnium y ANC continu\u00f3 tras el 20-S. El d\u00eda del refer\u00e9ndum \u00abse decidi\u00f3 utilizar el poder\u00edo de la masa para hacer frente a la actuaci\u00f3n policial orientada a imposibilitar el refer\u00e9ndum\u00bb. El objetivo no era otro que \u00abel Estado de Derecho se rindiera a la determinaci\u00f3n violenta de una parte de la poblaci\u00f3n que amenazaba con expandirse\u00bb. El juez dedica una l\u00ednea entre las 69 p\u00e1ginas de su resoluci\u00f3n a los ciudadanos heridos del 1-O, por cuatro p\u00e1ginas a los agentes lesionados.<\/span><\/p>\n<h3 style=\"text-align: justify;\"><span style=\"font-size: 14pt; font-family: arial, helvetica, sans-serif;\">Aparca\u00a0Enfocats; irrumpe el Libro Blanco<\/span><\/h3>\n<p class=\"mce\" style=\"text-align: justify;\"><span style=\"font-size: 14pt; font-family: arial, helvetica, sans-serif;\">En su auto, adem\u00e1s, Llarena prescinde de lo que hasta ahora hab\u00edan sido las bases de las acusaciones: el\u00a0<a class=\"mce\" href=\"https:\/\/www.eldiario.es\/catalunya\/politica\/Comite-Estrategico-independentista-investiga-Supremo_0_717428589.html\" target=\"_blank\" rel=\"noopener noreferrer\">\u00a0power-point sin sello oficial &#8216;Enfocats&#8217;<\/a>\u00a0incautado en casa del exn\u00famero 2 de Junqueras, Josep Maria Jov\u00e9, y su\u00a0<a class=\"mce\" href=\"https:\/\/www.eldiario.es\/catalunya\/politica\/CDC-controle-Junqueras-division-JxSi_0_717778735.html\" target=\"_blank\" rel=\"noopener noreferrer\">c\u00e9lebre libreta &#8216;Moleskine&#8217;<\/a>. Pasan a ser claves las responsabilidades de los dirigentes independentistas que, \u00abconociendo el ineludible estallido social\u00bb previo al 1-O, \u00ablo incorporaron a su actuaci\u00f3n criminal\u00bb. Esta tesis, que afecta directamente al expresident Puigdemont, al exvicepresident Junqueras, al exconseller Forn y a los &#8216;Jordis&#8217;, est\u00e1 sustentada por las declaraciones testificales de mandos de los Mossos d&#8217;Esquadra y del coronel de la Guardia Civil Diego P\u00e9rez de los Cobos.<\/span><\/p>\n<p class=\"mce\" style=\"text-align: justify;\"><span style=\"font-size: 14pt; font-family: arial, helvetica, sans-serif;\">El juez pone especial \u00e9nfasis en una reuni\u00f3n del 28 de septiembre entre Puigdemont, Junqueras, Forn y los mandos de la polic\u00eda catalana, en la que estos advirtieron a los pol\u00edticos del \u00abgrave riesgo de incidentes\u00bb que se preve\u00edan el d\u00eda del refer\u00e9ndum. Para el juez, los tres pol\u00edticos no s\u00f3lo desoyeron el aviso policial, sino que impulsaron el dise\u00f1o de un operativo \u00abcomprometido con que las movilizaciones partidarias de la votaci\u00f3n ilegal pudieran enfrentarse con \u00e9xito a la fuerza policial del Estado\u00bb. Lo hicieron, a\u00f1ade Llarena, concertados con S\u00e0nchez y Cuixart, que promovieron el \u00abdesborde por la fuerza de cualquier intenci\u00f3n de contenci\u00f3n\u00bb del 1-O por parte del Estado.<\/span><\/p>\n<div class=\"yonkis-wrapper-1\">\u00a0<a href=\"https:\/\/puntocritico.com\/ausajpuntocritico\/wp-content\/uploads\/2018\/03\/Mosca_Punto_Cr\u00edtico_40.png\" rel=\"lightbox[10083]\"><img loading=\"lazy\" decoding=\"async\" class=\"aligncenter wp-image-9528\" src=\"https:\/\/puntocritico.com\/ausajpuntocritico\/wp-content\/uploads\/2018\/03\/Mosca_Punto_Cr\u00edtico_40.png\" alt=\"\" width=\"40\" height=\"40\" \/><\/a><\/div>\n<h1 class=\"pg-headline\" style=\"text-align: center;\"><a id=\"ref56\"><\/a><a href=\"#ref56a\">[56]<\/a>El juez env\u00eda a prisi\u00f3n al candidato a president, Jordi Turull, y a Forcadell, Romeva, Bassa y Rull<\/h1>\n<p><span style=\"font-size: 14pt;\">Por\u00a0Marcos Pinheiro\u00a0\/\u00a0Pedro \u00c1gueda\u00a0\/\u00a0Oriol Sol\u00e9 Altimira<\/span><\/p>\n<p><span style=\"color: #008000;\">Articulo publicado el 23 de marzo de 2018 en:\u00a0<\/span><\/p>\n<p><a href=\"https:\/\/www.eldiario.es\/politica\/Fiscalia-Supremo-incondicional-Turull-procesados_0_753124999.html\" target=\"_blank\" rel=\"noopener\">https:\/\/www.eldiario.es\/politica\/Fiscalia-Supremo-incondicional-Turull-procesados_0_753124999.html<\/a><\/p>\n<p>&nbsp;<\/p>\n<blockquote>\n<p style=\"text-align: justify;\"><span style=\"color: #008000;\"><strong><span style=\"font-size: 14pt;\">Llarena atiende al petici\u00f3n de la Fiscal\u00eda y de la acusaci\u00f3n popular, Vox, y dicta prisi\u00f3n provisional contra los cinco investigados<\/span><\/strong><\/span><\/p>\n<p style=\"text-align: justify;\"><span style=\"color: #008000;\"><strong><span style=\"font-size: 14pt;\">Argumenta la \u00abgravedad\u00bb de los hechos y que sus \u00abexpresiones\u00bb en los \u00faltimos tiempos denotan que est\u00e1n \u00aben previsi\u00f3n de retomarlas\u00bb<\/span><\/strong><\/span><\/p>\n<p style=\"text-align: justify;\"><span style=\"color: #008000;\"><strong><span style=\"font-size: 14pt;\">El instructor rechaza que puedan acudir a la sesi\u00f3n de investidura porque esa \u00abfacultad\u00bb que tienen no puede poner en riesgo otras \u00abde mayor relevancia\u00bb<\/span><\/strong><\/span><\/p>\n<p style=\"text-align: justify;\"><span style=\"color: #008000;\"><strong><span style=\"font-size: 14pt;\">Interior enviar\u00e1 a los hombres a la c\u00e1rcel de Estremera y las mujeres ser\u00e1n encarceladas en Alcal\u00e1 Meco<\/span><\/strong><\/span><\/p>\n<\/blockquote>\n<p>&nbsp;<\/p>\n<figure id=\"attachment_10239\" aria-describedby=\"caption-attachment-10239\" style=\"width: 643px\" class=\"wp-caption aligncenter\"><a href=\"https:\/\/puntocritico.com\/ausajpuntocritico\/wp-content\/uploads\/2018\/03\/Turull-Generalitat-Tribunal-Supremo-Llarena_EDIIMA20180323_0873_4.jpg\" rel=\"lightbox[10083]\"><img loading=\"lazy\" decoding=\"async\" class=\"wp-image-10239 size-full\" src=\"https:\/\/puntocritico.com\/ausajpuntocritico\/wp-content\/uploads\/2018\/03\/Turull-Generalitat-Tribunal-Supremo-Llarena_EDIIMA20180323_0873_4.jpg\" alt=\"\" width=\"643\" height=\"362\" srcset=\"https:\/\/puntocritico.com\/ausajpuntocritico\/wp-content\/uploads\/2018\/03\/Turull-Generalitat-Tribunal-Supremo-Llarena_EDIIMA20180323_0873_4.jpg 643w, https:\/\/puntocritico.com\/ausajpuntocritico\/wp-content\/uploads\/2018\/03\/Turull-Generalitat-Tribunal-Supremo-Llarena_EDIIMA20180323_0873_4-300x169.jpg 300w\" sizes=\"auto, (max-width: 643px) 100vw, 643px\" \/><\/a><figcaption id=\"caption-attachment-10239\" class=\"wp-caption-text\"><span style=\"color: #008000;\">El exconseller Jordi Turull, minutos antes de conocer que ingresa en prisi\u00f3n EFE \/ ALVARADO<\/span><\/figcaption><\/figure>\n<p>&nbsp;<\/p>\n<p class=\"mce\" style=\"text-align: justify;\"><span style=\"font-size: 14pt; font-family: arial, helvetica, sans-serif;\">El juez Pablo Llarena ha dictado esta tarde prisi\u00f3n provisional contra el candidato a president de la Generalitat, Jordi Turull, as\u00ed como contra Carme Forcadell, Ra\u00fcl Romeva, Dolors Bassa y Josep Rull. El magistrado del 1-O atiende as\u00ed la petici\u00f3n de la Fiscal\u00eda y de la acusaci\u00f3n popular, que ejerce el partido de ultraderecha Vox.\u00a0<\/span><\/p>\n<p class=\"mce\" style=\"text-align: justify;\"><span style=\"font-size: 14pt; font-family: arial, helvetica, sans-serif;\">Todos ellos est\u00e1n procesados por rebeli\u00f3n, seg\u00fan el auto que les ha\u00a0notificado este viernes el juez Llarena. A\u00a0cuatro de ellos -Rull, Turull, Bassa y Romeva, que formaban parte del Govern- les a\u00f1ade adem\u00e1s el delito de malversaci\u00f3n por haber desviado dinero p\u00fablico para la celebraci\u00f3n del refer\u00e9ndum.<\/span><\/p>\n<section id=\"edi-ad-slot-intext\" class=\"md-advertisement md hspace no-adv-socios\" role=\"marquee\" data-google-query-id=\"CPLQ7Z7Zh9oCFS0j0wodgggBgQ\">\n<div id=\"google_ads_iframe_\/123333327\/eldiario.es\/noticia_intext_0__container__\"><span style=\"font-size: 14pt; font-family: arial, helvetica, sans-serif;\">Sendos furgones de la Guardia Civil conducir\u00e1n a los tres hombres procesados a la c\u00e1rcel de Estremera en los pr\u00f3ximos minutos. Las mujeres, Forcadell y Bassa, ser\u00e1n conducidas a Alcal\u00e1 Meco, informan fuentes penitenciarias.<\/span><\/div>\n<\/section>\n<p class=\"mce\" style=\"text-align: justify;\"><span style=\"font-size: 14pt; font-family: arial, helvetica, sans-serif;\">Los argumentos de Llarena para dictar prisi\u00f3n aparecen al final del auto de prisi\u00f3n. El juez argumenta la \u00abgravedad\u00bb de las actuaciones que atribuye a los cinco procesados y \u00ablas expresiones generales del largo tiempo que ha precedido a la investidura\u00bb y que arrojan \u00abla previsi\u00f3n de retomar la actuaci\u00f3n que contiene el Libro Blanco\u00bb.<\/span><\/p>\n<p class=\"p1\" style=\"text-align: justify;\"><span class=\"s1\" style=\"font-size: 14pt; font-family: arial, helvetica, sans-serif;\">Llarena justifica tambi\u00e9n justifica el env\u00edo a prisi\u00f3n de los cinco procesados\u00a0en que<span class=\"mce\">\u00a0\u00a0<\/span>no ve signos de que vayan a despertar, ahora y en el futuro, sus decisiones judiciales. \u201cPuede concluirse que no se aprecia en su esfera psicol\u00f3gica interna un elemento potente que permita apreciar que el respeto a las decisiones de este instructor vaya a ser permanente\u201d, escribe el magistrado en el auto de prisi\u00f3n.<\/span><\/p>\n<p class=\"p1\" style=\"text-align: justify;\"><span class=\"s1\" style=\"font-size: 14pt; font-family: arial, helvetica, sans-serif;\">El instructor de la causa llega a esta conclusi\u00f3n por \u201csu consideraci\u00f3n general al papel de la justicia\u201d y porque no aceptan \u201cla presunta ilegalidad de la conducta que determina la restricci\u00f3n de sus derechos\u201d.<\/span><\/p>\n<p class=\"mce\" style=\"text-align: justify;\"><span style=\"font-size: 14pt; font-family: arial, helvetica, sans-serif;\">En cuanto a la posibilidad de que se les permitiera acudir ma\u00f1ana s\u00e1bado a la sesi\u00f3n de investidura, el juez afirma en el auto: \u00abAunque cualquier ciudadano tiene el reconocimiento de optar a una investidura democr\u00e1tica y representativa, la facultad no desactiva la obligaci\u00f3n judicial de velar porque el ejercicio del derecho por aquel a qui\u00e9n se atribuye una grave actuaci\u00f3n delictiva, no ponga en riesgo facultades de mayor relevancia y m\u00e1s necesitadas de protecci\u00f3n\u00bb.<\/span><\/p>\n<p class=\"mce\" style=\"text-align: justify;\"><span style=\"font-size: 14pt; font-family: arial, helvetica, sans-serif;\">A la vistilla no se ha presentado Marta Rovira, que ha anunciado por carta que huye de Espa\u00f1a: \u00ab<span class=\"mce\">\u00a0El exilio ser\u00e1 un camino duro pero es la \u00fanica forma que tengo de recuperar mi voz pol\u00edtica\u00bb. El auto la acusa de rebeli\u00f3n por su \u00abparticipaci\u00f3n esencial\u00bb en los mecanismos dise\u00f1ados para alcanzar la independencia de Catalunya.<\/span><\/span><\/p>\n<p class=\"mce\" style=\"text-align: justify;\"><span style=\"font-size: 14pt; font-family: arial, helvetica, sans-serif;\"><span class=\"mce\">Seg\u00fan fuentes jur\u00eddicas, la Fiscal\u00eda ha argumentado que se ha visto\u00a0\u00abagravado\u00bb el riesgo de fuga por la huida de Rovira. Los fiscales Fidel Cadena y Jaime Moreno tambi\u00e9n han argumentado que existe<\/span>\u00a0riesgo de reiteraci\u00f3n delictiva, que no disminuye con la dimisi\u00f3n como diputados. Recuerdan que as\u00ed lo ha puesto por escrito el Supremo en el auto por el que mantiene en prisi\u00f3n al exconseller de Interior Joaquin Forn.<\/span><\/p>\n<p class=\"mce\" style=\"text-align: justify;\"><span style=\"font-size: 14pt; font-family: arial, helvetica, sans-serif;\">Cabe recordar que Turull tiene previsto comparecer este s\u00e1bado ante el Parlament para someterse a la segunda votaci\u00f3n de su debate de investidura, y que Rull y Romeva mantienen el acta de diputado, a diferencia de Bassa y Forcadell, que junto a Rovira renunciaron este jueves.<\/span><\/p>\n<p class=\"mce\" style=\"text-align: justify;\"><span style=\"font-size: 14pt; font-family: arial, helvetica, sans-serif;\">Fuentes presentes en la declaraci\u00f3n han indicado que la defensa de los exconsellers ha replicado a las acusaciones aduciendo la llamada al di\u00e1logo al Gobierno como l\u00ednea de actuaci\u00f3n pol\u00edtica y su alejamiento de la v\u00eda unilateral, en l\u00ednea de lo expresado por el exconseller Turull en su discurso de investidura de este jueves. Rull, adem\u00e1s, ha reprochado al juez Llarena que tiene conocimiento de sus resoluciones a trav\u00e9s de la prensa en vez de por su abogado.<\/span><\/p>\n<p class=\"mce\" style=\"text-align: justify;\"><span style=\"font-size: 14pt; font-family: arial, helvetica, sans-serif;\">Durante la vistilla, la Fiscal\u00eda del Supremo ha argumentado que debe \u00abactuarse conjuntamente\u00bb contra todos los procesados, se hayan presentado a las citaciones o hayan huido. En su opini\u00f3n, no hay raz\u00f3n alguna que justifique un trato diferencial en este momento del proceso, algo que no descartan en un futuro.<\/span><\/p>\n<p class=\"mce\" style=\"text-align: justify;\"><span style=\"font-size: 14pt; font-family: arial, helvetica, sans-serif;\">Llarena cit\u00f3 el pasado mi\u00e9rcoles a todas las partes para entregarles este viernes el auto de procesamiento, donde se concretan las acusaciones contra los casi 30 investigados en esta causa. Ahora las defensas tienen tres d\u00edas para recurrir ese escrito, que acerca el final de la causa.<\/span><\/p>\n<p class=\"p1\" style=\"text-align: justify;\"><span class=\"s1\" style=\"font-size: 14pt; font-family: arial, helvetica, sans-serif;\">La providencia que dict\u00f3 Llarena\u00a0convocaba\u00a0a los letrados de todos los abogados, pero mencionaba expresamente a seis investigados: Carme Forcadell, Ra\u00fcl Romeva, Dolors Bassa, Marta Rovira, Josep Rull y Jordi Turull. Con los indicios presentes en la causa hasta ahora, Llarena\u00a0ha preguntado\u00a0a la Fiscal\u00eda y a la acusaci\u00f3n popular -que ejerce Vox y que ha anunciado que pide prisi\u00f3n para todos-, si deben modificarse las medidas cautelares, esto es, si consideran que se dan los supuestos para que ingresen en prisi\u00f3n o, en su defecto, rebajarles o\u00a0aumentarles\u00a0la fianza e igual con las comparecencias en el juzgado.<\/span><\/p>\n<p class=\"p1\" style=\"text-align: justify;\"><span class=\"s1\" style=\"font-size: 14pt; font-family: arial, helvetica, sans-serif;\">Rovira ya ha anunciado que huye de Espa\u00f1a y que no se presentar\u00e1 a la citaci\u00f3n. La Ley de Enjuiciamiento Criminal establece que el riesgo de fuga es motivo para dictar la prisi\u00f3n provisional y \u00e9sta, a su vez, se asocia a la posibilidad de ser condenado a muchos a\u00f1os de c\u00e1rcel. Los abogados de la defensa temen que sus representados sean procesados por rebeli\u00f3n y, a partir de ah\u00ed, se desate la citada asociaci\u00f3n de riesgos.<\/span><\/p>\n<p><a href=\"https:\/\/puntocritico.com\/ausajpuntocritico\/wp-content\/uploads\/2018\/03\/Mosca_Punto_Cr\u00edtico_40.png\" rel=\"lightbox[10083]\"><img loading=\"lazy\" decoding=\"async\" class=\"aligncenter wp-image-9528\" src=\"https:\/\/puntocritico.com\/ausajpuntocritico\/wp-content\/uploads\/2018\/03\/Mosca_Punto_Cr\u00edtico_40.png\" alt=\"\" width=\"40\" height=\"40\" \/><\/a><\/p>\n<h1 class=\"pg-headline\" style=\"text-align: center;\"><a id=\"ref57\"><\/a><a href=\"#ref57a\">[57]<\/a>El independentismo se moviliza en la calle tras la decisi\u00f3n de Llarena de enviar a prisi\u00f3n a Turull, Forcadell y los exconsellers<\/h1>\n<p><span style=\"font-size: 14pt;\">Por \u00abEldiario.es\u00bb<\/span><\/p>\n<p><span style=\"color: #008000;\">Articulo pubicado el 23 de marzo de 2018 en:\u00a0<\/span><\/p>\n<p><a href=\"https:\/\/www.eldiario.es\/catalunya\/Turull-Rull-Romeva-Bassa-Forcadell_0_753125818.html\" target=\"_blank\" rel=\"noopener\">https:\/\/www.eldiario.es\/catalunya\/Turull-Rull-Romeva-Bassa-Forcadell_0_753125818.html<\/a><\/p>\n<p>&nbsp;<\/p>\n<div class=\"subtitle bkn mce sk2\">\n<blockquote>\n<p style=\"text-align: justify;\"><span style=\"font-size: 14pt; color: #008000;\"><strong>Las asociaciones soberanistas y los CDR han convocado concentraciones de protesta delante de las Delegaciones del Gobierno,\u00a0los ayuntamientos y en Plaza Catalunya<\/strong><\/span><\/p>\n<p style=\"text-align: justify;\"><span style=\"font-size: 14pt; color: #008000;\"><strong>Los Mossos d&#8217;Esquadra han cargado contra manifestantes cerca de la Delegaci\u00f3n del Gobierno en Barcelona y han provocado 24 heridos leves<\/strong><\/span><\/p>\n<p style=\"text-align: justify;\"><span style=\"font-size: 14pt; color: #008000;\"><strong>Alrededor de 10.000 personas se han concentrado en Plaza Catalunya, seg\u00fan la Guardia Urbana<\/strong><\/span><\/p>\n<\/blockquote>\n<p>&nbsp;<\/p>\n<\/div>\n<figure id=\"attachment_10240\" aria-describedby=\"caption-attachment-10240\" style=\"width: 643px\" class=\"wp-caption aligncenter\"><a href=\"https:\/\/puntocritico.com\/ausajpuntocritico\/wp-content\/uploads\/2018\/03\/Miembros-Mossos-Delegacion-Gobierno-Barcelona_EDIIMA20180323_1027_20.jpg\" rel=\"lightbox[10083]\"><img loading=\"lazy\" decoding=\"async\" class=\"wp-image-10240 size-full\" src=\"https:\/\/puntocritico.com\/ausajpuntocritico\/wp-content\/uploads\/2018\/03\/Miembros-Mossos-Delegacion-Gobierno-Barcelona_EDIIMA20180323_1027_20.jpg\" alt=\"\" width=\"643\" height=\"362\" srcset=\"https:\/\/puntocritico.com\/ausajpuntocritico\/wp-content\/uploads\/2018\/03\/Miembros-Mossos-Delegacion-Gobierno-Barcelona_EDIIMA20180323_1027_20.jpg 643w, https:\/\/puntocritico.com\/ausajpuntocritico\/wp-content\/uploads\/2018\/03\/Miembros-Mossos-Delegacion-Gobierno-Barcelona_EDIIMA20180323_1027_20-300x169.jpg 300w\" sizes=\"auto, (max-width: 643px) 100vw, 643px\" \/><\/a><figcaption id=\"caption-attachment-10240\" class=\"wp-caption-text\"><span style=\"color: #008000;\">Agentes de los Mossos d\u00b4Esquadra impiden el paso de manifestantes en las inmediaciones de la Delegaci\u00f3n del Gobierno en Barcelona ENRIC FONTCUBERTA \/ EFE<\/span><\/figcaption><\/figure>\n<p class=\"mce\" style=\"text-align: justify;\"><span style=\"font-size: 14pt; font-family: arial, helvetica, sans-serif;\">Las primeras movilizaciones para protestar por la\u00a0<a class=\"mce\" href=\"https:\/\/www.eldiario.es\/politica\/Fiscalia-Supremo-incondicional-Turull-procesados_0_753124999.html\" target=\"_blank\" rel=\"noopener\">decisi\u00f3n del Tribunal Supremo de encarcelar a los dirigentes independentistas Turull, Forcadell, Romeva, Bassa y Rull<\/a>\u00a0se han producido alrededor de las siete de la tarde, cuando decenas de personas han cortado el paseo de Gracia-Diagonal.<\/span><\/p>\n<p class=\"mce\" style=\"text-align: justify;\"><span style=\"font-size: 14pt; font-family: arial, helvetica, sans-serif;\">Los hechos han sucedido a una hora de que empezaran las concentraciones convocadas por las asociaciones soberanistas, \u00d2mnium Cultural y Assemblea Nacional Catalana, en la Plaza Catalunya, que han arrancado a las 20.00 horas. Los manifestantes han lanzado gritos de \u201clibertad presos pol\u00edticos\u201d e \u201cindependencia\u00bb.<\/span><\/p>\n<p style=\"text-align: center;\"><iframe loading=\"lazy\" src=\"https:\/\/player.vimeo.com\/video\/261680140?title=0&amp;byline=0&amp;portrait=0\" width=\"640\" height=\"350\" frameborder=\"0\" allowfullscreen=\"allowfullscreen\"><span data-mce-type=\"bookmark\" style=\"display: inline-block; width: 0px; overflow: hidden; line-height: 0;\" class=\"mce_SELRES_start\">\ufeff<\/span><\/iframe><\/p>\n<p class=\"mce\" style=\"text-align: justify;\"><span style=\"font-size: 14pt; font-family: arial, helvetica, sans-serif;\">En Barcelona, los Mossos d&#8217;Esquadra han impedido a los manifestantes, convocados en otra protesta paralela por los Comit\u00e9s de Defensa de la Rep\u00fablica (CDR), acceder a la Delegaci\u00f3n del Gobierno, lo que ha provocado cargas, pitos y gritos contra las fuerzas de seguridad catalanas.\u00a0\u00abNo us mereixeu la senyera que porteu\u00bb (no merec\u00e9is la senyera que llev\u00e1is)\u00bb, han gritado los manifestantes a los Mossos.<\/span><\/p>\n<p class=\"mce\" style=\"text-align: justify;\"><span style=\"font-size: 14pt; font-family: arial, helvetica, sans-serif;\"><span class=\"mce\">Las cargas han provocado 24 heridos leves, la mayor\u00eda de ellos por contusiones, que han sido atendidos por el\u00a0<\/span>Sistema d&#8217;Emerg\u00e8ncies M\u00e8diques\u00a0(SEM).\u00a0<\/span><\/p>\n<p><figure id=\"attachment_10241\" aria-describedby=\"caption-attachment-10241\" style=\"width: 643px\" class=\"wp-caption aligncenter\"><a href=\"https:\/\/puntocritico.com\/ausajpuntocritico\/wp-content\/uploads\/2018\/03\/Heridos-encarcelamientos-Foto-Neus-Tomas_EDIIMA20180323_1033_20.jpg\" rel=\"lightbox[10083]\"><img loading=\"lazy\" decoding=\"async\" class=\"wp-image-10241 size-full\" src=\"https:\/\/puntocritico.com\/ausajpuntocritico\/wp-content\/uploads\/2018\/03\/Heridos-encarcelamientos-Foto-Neus-Tomas_EDIIMA20180323_1033_20.jpg\" alt=\"\" width=\"643\" height=\"317\" srcset=\"https:\/\/puntocritico.com\/ausajpuntocritico\/wp-content\/uploads\/2018\/03\/Heridos-encarcelamientos-Foto-Neus-Tomas_EDIIMA20180323_1033_20.jpg 643w, https:\/\/puntocritico.com\/ausajpuntocritico\/wp-content\/uploads\/2018\/03\/Heridos-encarcelamientos-Foto-Neus-Tomas_EDIIMA20180323_1033_20-300x148.jpg 300w\" sizes=\"auto, (max-width: 643px) 100vw, 643px\" \/><\/a><figcaption id=\"caption-attachment-10241\" class=\"wp-caption-text\"><span style=\"color: #008000;\">Herido tras las manifestaciones por los encarcelamientos. Foto: Neus Tom\u00e1s<\/span><\/figcaption><\/figure> <figure id=\"attachment_10242\" aria-describedby=\"caption-attachment-10242\" style=\"width: 643px\" class=\"wp-caption aligncenter\"><a href=\"https:\/\/puntocritico.com\/ausajpuntocritico\/wp-content\/uploads\/2018\/03\/Heridos2-encarcelamientos-Foto-Neus-Tomas_EDIIMA20180323_1035_20.jpg\" rel=\"lightbox[10083]\"><img loading=\"lazy\" decoding=\"async\" class=\"wp-image-10242 size-full\" src=\"https:\/\/puntocritico.com\/ausajpuntocritico\/wp-content\/uploads\/2018\/03\/Heridos2-encarcelamientos-Foto-Neus-Tomas_EDIIMA20180323_1035_20.jpg\" alt=\"\" width=\"643\" height=\"317\" srcset=\"https:\/\/puntocritico.com\/ausajpuntocritico\/wp-content\/uploads\/2018\/03\/Heridos2-encarcelamientos-Foto-Neus-Tomas_EDIIMA20180323_1035_20.jpg 643w, https:\/\/puntocritico.com\/ausajpuntocritico\/wp-content\/uploads\/2018\/03\/Heridos2-encarcelamientos-Foto-Neus-Tomas_EDIIMA20180323_1035_20-300x148.jpg 300w\" sizes=\"auto, (max-width: 643px) 100vw, 643px\" \/><\/a><figcaption id=\"caption-attachment-10242\" class=\"wp-caption-text\">Foto: Neus Tom\u00e1s<\/figcaption><\/figure><\/p>\n<p style=\"text-align: justify;\"><span style=\"font-size: 14pt; font-family: arial, helvetica, sans-serif;\">Entre las proclamas se han escuchado tambi\u00e9n gritos de \u00abvaga general (huelga general)\u00bb, como forma de protesta por las decisiones que ha tomado este viernes el magistrado del Tribunal Supremo Pablo Llarena.<\/span><\/p>\n<p style=\"text-align: center;\"><iframe loading=\"lazy\" src=\"https:\/\/mega.nz\/embed\/KFFQkDza!iQLDeUASYvy7Uc6qJQt55Swxs0A1zSlysFn4rp6ADPg?title=0&amp;byline=0&amp;portrait=0\" width=\"640\" height=\"360\" frameborder=\"0\" allowfullscreen=\"allowfullscreen\"><\/iframe><\/p>\n<p style=\"text-align: justify;\"><span style=\"font-size: 14pt; font-family: arial, helvetica, sans-serif;\">Seg\u00fan la Guardia Urbana, alrededor de 10.000 personas convocadas por \u00d2mnium y la ANC se han concentrado en Plaza Catalunya y alrededores, en Barcelona, colapsando el centro de la ciudad.<\/span><\/p>\n<p>&nbsp;<\/p>\n<blockquote class=\"twitter-tweet\" data-conversation=\"none\" data-lang=\"es\">\n<p dir=\"ltr\" lang=\"ca\">?<a href=\"https:\/\/twitter.com\/AgustiAlcoberro?ref_src=twsrc%5Etfw\" target=\"_blank\" rel=\"noopener\">@AgustiAlcoberro<\/a>: \u201cTot Catalunya avui \u00e9s una immensa pres\u00f3. I aquesta situaci\u00f3 no l\u2019hem de normalitzar. Perqu\u00e8 la llibertat dels presos i el retorn dels exiliats ser\u00e0 tamb\u00e9 la nostra llibertat\u201d <a href=\"https:\/\/t.co\/lPj4iJThbd\">pic.twitter.com\/lPj4iJThbd<\/a><\/p>\n<p>\u2014 \u00d2mnium Cultural (@omnium) <a href=\"https:\/\/twitter.com\/omnium\/status\/977267524172730369?ref_src=twsrc%5Etfw\" target=\"_blank\" rel=\"noopener\">23 de marzo de 2018<\/a><\/p><\/blockquote>\n<p><script async src=\"https:\/\/platform.twitter.com\/widgets.js\" charset=\"utf-8\"><\/script><\/p>\n<p style=\"text-align: justify;\"><span style=\"font-size: 14pt; font-family: arial, helvetica, sans-serif;\">En Vic, lugar de nacimiento de Marta Rovira, que hoy\u00a0<a class=\"mce\" href=\"https:\/\/www.eldiario.es\/catalunya\/politica\/Marta-Rovira-presenta-Supremo-Espana_0_753124794.html\" target=\"_blank\" rel=\"noopener\">ha decidido no presentarse ante el Tribunal Supremo y marcharse a Suiza<\/a>\u00a0para evitar una posible sentencia de prisi\u00f3n provisional, la protesta ha reunido tambi\u00e9n a miles de personas.<\/span><\/p>\n<p>&nbsp;<\/p>\n<blockquote class=\"twitter-tweet\" data-lang=\"es\">\n<p dir=\"ltr\" lang=\"ca\">La pla\u00e7a Major de <a href=\"https:\/\/twitter.com\/hashtag\/Vic?src=hash&amp;ref_src=twsrc%5Etfw\" target=\"_blank\" rel=\"noopener\">#Vic<\/a> gaireb\u00e9 plena amb crits d&#8217;independ\u00e8ncia i visca la terra <a href=\"https:\/\/t.co\/aFjU3Lbmkn\">pic.twitter.com\/aFjU3Lbmkn<\/a><\/p>\n<p>\u2014 Nati Adell (@Natiadell) <a href=\"https:\/\/twitter.com\/Natiadell\/status\/977269688819437568?ref_src=twsrc%5Etfw\" target=\"_blank\" rel=\"noopener\">23 de marzo de 2018<\/a><\/p><\/blockquote>\n<p><script async src=\"https:\/\/platform.twitter.com\/widgets.js\" charset=\"utf-8\"><\/script><\/p>\n<p><a href=\"https:\/\/puntocritico.com\/ausajpuntocritico\/wp-content\/uploads\/2018\/03\/Mosca_Punto_Cr\u00edtico_40.png\" rel=\"lightbox[10083]\"><img loading=\"lazy\" decoding=\"async\" class=\"aligncenter wp-image-9528\" src=\"https:\/\/puntocritico.com\/ausajpuntocritico\/wp-content\/uploads\/2018\/03\/Mosca_Punto_Cr\u00edtico_40.png\" alt=\"\" width=\"40\" height=\"40\" \/><\/a><\/p>\n<h1 class=\"pg-headline\" style=\"text-align: center;\"><a id=\"ref58\"><\/a><a href=\"#ref58a\">[58]<\/a>La venganza del juez Llarena<\/h1>\n<p><span style=\"font-size: 14pt;\">Por I\u00f1igo S\u00e1enz de Ugarte\u00a0 \u00a0<a href=\"https:\/\/twitter.com\/intent\/follow?original_referer=https%3A%2F%2Fwww.eldiario.es%2Fzonacritica%2Fvenganza-juez-Llarena_6_753184707.html&amp;ref_src=twsrc%5Etfw&amp;region=follow_link&amp;screen_name=guerraeterna&amp;tw_p=followbutton\" target=\"_blank\" rel=\"noopener\">@guerraeterna<\/a><\/span><\/p>\n<p><span style=\"color: #008000;\">Articulo publicado el d\u00eda 23 de marzo de 2018 en:\u00a0<\/span><\/p>\n<p><a href=\"https:\/\/www.eldiario.es\/zonacritica\/venganza-juez-Llarena_6_753184707.html\" target=\"_blank\" rel=\"noopener\">https:\/\/www.eldiario.es\/zonacritica\/venganza-juez-Llarena_6_753184707.html<\/a><\/p>\n<p>&nbsp;<\/p>\n<div class=\"subtitle bkn mce sk2\">\n<blockquote>\n<p style=\"text-align: justify;\"><span style=\"font-size: 14pt; color: #008000;\"><strong>En sus autos judiciales,\u00a0el juez del Tribunal Supremo distorsiona la realidad de lo ocurrido en Catalu\u00f1a hasta extremos dif\u00edciles de creer<\/strong><\/span><\/p>\n<\/blockquote>\n<p>&nbsp;<\/p>\n<\/div>\n<figure id=\"attachment_10244\" aria-describedby=\"caption-attachment-10244\" style=\"width: 678px\" class=\"wp-caption aligncenter\"><a href=\"https:\/\/puntocritico.com\/ausajpuntocritico\/wp-content\/uploads\/2018\/03\/Pablo-Llarena-1024x552.jpg\" rel=\"lightbox[10083]\"><img loading=\"lazy\" decoding=\"async\" class=\"wp-image-10244 size-mh-magazine-content\" src=\"https:\/\/puntocritico.com\/ausajpuntocritico\/wp-content\/uploads\/2018\/03\/Pablo-Llarena-1024x552-678x381.jpg\" alt=\"\" width=\"678\" height=\"381\" \/><\/a><figcaption id=\"caption-attachment-10244\" class=\"wp-caption-text\"><span style=\"color: #008000;\">El juez Pablo Llarena<\/span><\/figcaption><\/figure>\n<p class=\"mce\" style=\"text-align: justify;\"><span style=\"font-family: arial, helvetica, sans-serif; font-size: 14pt;\">La vida pol\u00edtica de Catalu\u00f1a est\u00e1 en manos de un juez del Tribunal Supremo con tal capacidad de fabulaci\u00f3n que es capaz de reescribir los acontecimientos que han tenido lugar en esa comunidad aut\u00f3noma en el \u00faltimo a\u00f1o. La\u00a0desconexi\u00f3n total con la realidad\u00a0en boca de un pol\u00edtico o periodista puede ser criticable, o debe serlo, pero en el caso de un juez es\u00a0mucho m\u00e1s grave por afectar de forma inevitable a derechos fundamentales.\u00a0<\/span><\/p>\n<p class=\"mce\" style=\"text-align: justify;\"><span style=\"font-family: arial, helvetica, sans-serif; font-size: 14pt;\">Pablo Llarena ha decidido este viernes el ingreso en prisi\u00f3n incondicional de\u00a0Jordi Turull, que es\u00a0<span class=\"mce\">\u00a0candidato a\u00a0la presidencia de la Generalitat, y de\u00a0Carme Forcadell, Ra\u00fcl Romeva, Dolors Bassa y Josep Rull. Todos ellos tendr\u00e1n que responder de su actuaci\u00f3n pol\u00edtica y de los delitos por los que se les acusa, pero tienen derecho a permanecer en libertad a la espera de juicio a menos que se den una serie de circunstancias muy concretas.\u00a0<\/span><\/span><\/p>\n<section id=\"edi-ad-slot-intext\" class=\"md-advertisement md hspace no-adv-socios\" role=\"marquee\" data-google-query-id=\"CPyC0b7ph9oCFcq3GwodamkA9Q\">\n<div id=\"google_ads_iframe_\/123333327\/eldiario.es\/noticia_intext_0__container__\" style=\"text-align: justify;\"><a class=\"mce\" style=\"font-family: arial, helvetica, sans-serif; font-size: 14pt; text-align: justify;\" href=\"http:\/\/estaticos.elmundo.es\/documentos\/2018\/03\/23\/auto_prision_rebelion_cataluna.pdf\" target=\"_blank\" rel=\"noopener\">En la argumentaci\u00f3n<\/a><span style=\"font-family: arial, helvetica, sans-serif; font-size: 14pt; text-align: justify;\">\u00a0de esas circunstancias, Llarena distorsiona la realidad de lo ocurrido en Catalu\u00f1a hasta extremos dif\u00edciles de creer. En sus diez folios, conmina a los acusados a renunciar a sus pecados porque los considera culpables antes de que se celebre el juicio. Y ni aun as\u00ed podr\u00edan acceder a la libertad\u00a0condicional, porque tendr\u00edan que pasar por el an\u00e1lisis\u00a0<\/span><em class=\"mce\" style=\"font-family: arial, helvetica, sans-serif; font-size: 14pt; text-align: justify;\">psicol\u00f3gico<\/em><span style=\"font-family: arial, helvetica, sans-serif; font-size: 14pt; text-align: justify;\">\u00a0que hace el juez, y\u00a0<\/span><a class=\"mce\" style=\"font-family: arial, helvetica, sans-serif; font-size: 14pt; text-align: justify;\" href=\"https:\/\/www.eldiario.es\/politica\/Fiscalia-Supremo-incondicional-Turull-procesados_0_753124999.html\" target=\"_blank\" rel=\"noopener\">ah\u00ed tienen todas las de perder<\/a><span style=\"font-family: arial, helvetica, sans-serif; font-size: 14pt; text-align: justify;\">.\u00a0<\/span><\/div>\n<\/section>\n<p class=\"mce\" style=\"text-align: justify;\"><span style=\"font-family: arial, helvetica, sans-serif; font-size: 14pt;\">Con Llarena, no es posible sostener que se est\u00e9 aplicando el principio de presunci\u00f3n de inocencia de los acusados. Va m\u00e1s all\u00e1, les niega en la pr\u00e1ctica el derecho de los pol\u00edticos encarcelados\u00a0a creer que son inocentes. Es m\u00e1s, lo considera poco menos que un agravante que impide su puesta en libertad tras su declaraci\u00f3n.<\/span><\/p>\n<p class=\"mce\" style=\"text-align: justify;\"><span style=\"font-family: arial, helvetica, sans-serif; font-size: 14pt;\">\u00abY puesto que esos argumentos [con los que justificaban su desobediencia de las decisiones judiciales del a\u00f1o pasado] son los mismos que les llevan a entender que no han perpetrado delito alguno, como han manifestado en la ma\u00f1ana de hoy, puede concluirse que no se aprecia en su esfera psicol\u00f3gica interna un elemento potente que permita apreciar que el respeto a las decisiones de este instructor vaya a ser permanente, ni por su consideraci\u00f3n general al papel de la justicia, ni porque acepten la presunta ilegalidad de la conducta que determina la restricci\u00f3n de sus derechos\u00bb.<\/span><\/p>\n<p class=\"mce\" style=\"text-align: justify;\"><span style=\"font-family: arial, helvetica, sans-serif; font-size: 14pt;\">\u00abEn su esfera psicol\u00f3gica interna\u00bb,\u00a0escribe Llarena en calidad de perito psic\u00f3logo, aunque antes hab\u00eda escrito que \u00ablamentablemente es de imposible percepci\u00f3n cu\u00e1l pueda ser la voluntad interna de los procesados\u00bb. Unos p\u00e1rrafos despu\u00e9s, lo imposible pasa a ser evidente.\u00a0<\/span><\/p>\n<p class=\"mce\" style=\"text-align: justify;\"><span style=\"font-family: arial, helvetica, sans-serif; font-size: 14pt;\">No aprecia que vayan a respetar las decisiones del instructor del caso, porque adem\u00e1s no aceptan \u00abla presunta ilegalidad\u00bb de sus actos. Si se consideraran culpables antes del juicio, se supone que la cosa ser\u00eda diferente.\u00a0<\/span><\/p>\n<p class=\"mce\" style=\"text-align: justify;\"><span style=\"font-family: arial, helvetica, sans-serif; font-size: 14pt;\">\u00abEl acatamiento de la decisi\u00f3n del Tribunal se producir\u00e1 mientras su voluntad no cambie\u00bb, afirma en un castellano no muy claro.\u00a0Es probable que quiera decir que &#8216;no habr\u00e1 acatamiento del tribunal hasta que cambien su voluntad&#8217;.<\/span><\/p>\n<p class=\"mce\" style=\"text-align: justify;\"><span style=\"font-family: arial, helvetica, sans-serif; font-size: 14pt;\">Nos encontramos ante una situaci\u00f3n similar a la que se produjo tras la decisi\u00f3n de la Audiencia Nacional sobre el encarcelamiento de Oriol Junqueras y\u00a0varios exconsellers. El entonces fiscal general Jos\u00e9 Manuel Maza afirm\u00f3 en una entrevista que\u00a0la decisi\u00f3n\u00a0jur\u00eddica sobre la situaci\u00f3n personal de los imputados\u00a0<a class=\"mce\" href=\"http:\/\/www.guerraeterna.com\/el-fiscal-general-prende-fuego-a-la-confianza-en-la-justicia\/\" target=\"_blank\" rel=\"noopener\">\u00a0podr\u00eda haber sido diferente si hubieran acatado<\/a>\u00a0la Constituci\u00f3n en su declaraci\u00f3n ante la jueza de la Audiencia Nacional. Si los acusados hubieran\u00a0manifestado una determinada opini\u00f3n pol\u00edtica,\u00a0la decisi\u00f3n del fiscal y la jueza podr\u00eda haber sido otra. \u201cA lo mejor alguna cosa hubiera cambiado\u201d, explic\u00f3.<\/span><\/p>\n<p class=\"mce\" style=\"text-align: justify;\"><span style=\"font-family: arial, helvetica, sans-serif; font-size: 14pt;\">Qued\u00f3 claro entonces como ahora que la Justicia no est\u00e1 s\u00f3lo valorando hechos, sino tambi\u00e9n ideas pol\u00edticas. No son s\u00f3lo los actos que realizaste en calidad de alto cargo de una Administraci\u00f3n los que pueden negarte la libertad condicional, al considerarse la gravedad del delito, sino tambi\u00e9n tus opiniones.\u00a0<\/span><\/p>\n<p class=\"mce\" style=\"text-align: justify;\"><span style=\"font-family: arial, helvetica, sans-serif; font-size: 14pt;\">P\u0153nitentiam agite: appropinquavit enim regnum c\u00e6lorum\u00a0(Arrepent\u00edos. El Reino del Cielo est\u00e1 cerca).<\/span><\/p>\n<p class=\"mce\" style=\"text-align: justify;\"><span style=\"font-family: arial, helvetica, sans-serif; font-size: 14pt;\"><a class=\"mce\" href=\"https:\/\/www.eldiario.es\/politica\/rebelion-Puigdemont-exgovern-Forcadell-Rovira_0_753124750.html\" target=\"_blank\" rel=\"noopener\">En el otro auto en el que procesa<\/a>\u00a0a Carles Puigdemont, Oriol Junqueras y los dem\u00e1s l\u00edderes independentistas, Llarena\u00a0pone a prueba su imaginaci\u00f3n y da a entender que los acusados estuvieron a punto de conseguir sus objetivos, una opini\u00f3n personal que no creo que comparta\u00a0mucha gente informada o en su sano juicio. Todo con la intenci\u00f3n de justificar la imputaci\u00f3n del delito de rebeli\u00f3n, que exige una intenci\u00f3n, planificaci\u00f3n y ejecuci\u00f3n de actos violentos que nadie ha visto y que aparentemente podr\u00edan haber concedido la victoria a los acusados.\u00a0<\/span><\/p>\n<p class=\"mce\" style=\"text-align: justify;\"><span style=\"font-family: arial, helvetica, sans-serif; font-size: 14pt;\">Explica que la actuaci\u00f3n violenta requiere tres elementos, y que uno de ellos debe ser de entidad suficiente para que pueda \u00abdoblegar la voluntad de aquel contra quien se dirige\u00bb. La idea de que el Estado\u00a0pod\u00eda doblegarse s\u00f3lo por la manifestaci\u00f3n ante la Conselleria de Econom\u00eda, por las declaraciones de los pol\u00edticos independentistas o por la celebraci\u00f3n de la consulta del 1 de octubre es\u00a0tan absurda\u00a0que casi no es necesario ni refutarla.<\/span><\/p>\n<p class=\"mce\" style=\"text-align: justify;\"><span style=\"font-family: arial, helvetica, sans-serif; font-size: 14pt;\">Los acontecimientos posteriores al 1-O lo dejan claro, y tambi\u00e9n lo ocurrido tras las elecciones. El Estado nunca estuvo indefenso ante el reto independentista. La actuaci\u00f3n de los tribunales y la decisi\u00f3n del Gobierno de aplicar el 155 desmienten con claridad esa supuesta capacidad de los acusados de\u00a0someter a las instituciones a su voluntad con ayuda de la violencia.\u00a0<\/span><\/p>\n<p class=\"mce\" style=\"text-align: justify;\"><span style=\"font-family: arial, helvetica, sans-serif; font-size: 14pt;\">Pero si Llarena se refiere estrictamente a la concentraci\u00f3n ante la Conselleria cuando agentes de la Guardia Civil estaban realizando un registro en su interior, la cosa es a\u00fan peor. Sostiene que esa noche hubo \u00abuna real restricci\u00f3n de la capacidad de actuaci\u00f3n\u00bb del Estado\u00a0a causa de la presencia en la calle de miles de personas.\u00a0<\/span><\/p>\n<p class=\"mce\" style=\"text-align: justify;\"><span style=\"font-family: arial, helvetica, sans-serif; font-size: 14pt;\">El hecho evidente es que los agentes realizaron en el interior del edificio las funciones que ten\u00edan encomendadas durante el tiempo que necesitaron. La concentraci\u00f3n s\u00ed impidi\u00f3 su salida normal, que tuvo que aplazarse varias horas, sin que nunca quedara claro por qu\u00e9 algunos agentes s\u00ed pudieron salir\u00a0unas cuantas horas antes que los otros.<\/span><\/p>\n<p class=\"mce\" style=\"text-align: justify;\"><span style=\"font-family: arial, helvetica, sans-serif; font-size: 14pt;\">La responsabilidad de los mandos de los Mossos por no haber despejado la calle antes (despu\u00e9s s\u00ed hubo cargas de los antidisturbios de los Mossos) ser\u00e1 la que dicten los tribunales si ese es el caso. Afirmar que el presunto car\u00e1cter violento\u00a0del desaf\u00edo independentista empieza y acaba en lo ocurrido esa noche a la hora de justificar un ingreso en prisi\u00f3n es algo que se puede hacer en un art\u00edculo de opini\u00f3n publicado en un medio de comunicaci\u00f3n, pero no en un auto judicial que limita derechos fundamentales. Al autor de ese art\u00edculo se le puede llamar manipulador, pero est\u00e1 en su derecho de manifestar esa opini\u00f3n. Un juez del Tribunal Supremo no es un editorialista ni un tertuliano.<\/span><\/p>\n<p class=\"mce\" style=\"text-align: justify;\"><span style=\"font-family: arial, helvetica, sans-serif; font-size: 14pt;\">Pero parece que Llarena no resiste lo que podr\u00edamos llamar la tentaci\u00f3n del tertuliano cabreado y se lanza a un s\u00edmil, esa figura ret\u00f3rica tan maltratada en los programas de televisi\u00f3n. Compara la actuaci\u00f3n violenta ante la Conselleria con \u00abun supuesto de toma de rehenes mediante disparos al aire\u00bb, que podr\u00eda ser\u00a0<a class=\"mce\" href=\"https:\/\/politica.elpais.com\/politica\/2018\/03\/23\/actualidad\/1521812384_321414.html?id_externo_rsoc=TW_CM_ESP\" target=\"_blank\" rel=\"noopener\">\u00a0una comparaci\u00f3n estramb\u00f3tica<\/a>\u00a0con los guardias civiles de Tejero entrando a tiros en el Congreso en el golpe del 23F.\u00a0<\/span><\/p>\n<p class=\"mce\" style=\"text-align: justify;\"><span style=\"font-family: arial, helvetica, sans-serif; font-size: 14pt;\">Di lo que quieras de los tertulianos m\u00e1s airados pero al menos no meten a la gente en prisi\u00f3n con sus elucubraciones. No se puede decir lo mismo de Llarena.\u00a0<\/span><\/p>\n<p class=\"mce\" style=\"text-align: justify;\"><span style=\"font-family: arial, helvetica, sans-serif; font-size: 14pt;\">Para hacer ostentaci\u00f3n del peligro que supon\u00eda el enemigo, Llarena se convierte en propagandista involuntario de la fortaleza pol\u00edtica de los indepes (recordemos que intenta argumentar que estuvieron a punto de conseguir su objetivo de la independencia) hasta el punto de referirse a\u00a0\u00ab<span class=\"mce\">un armaz\u00f3n internacional desarrollado en los \u00faltimos a\u00f1os para la defensa de sus planteamientos y, por tanto, en condiciones de prestar un soporte eficaz\u00bb.<\/span><\/span><\/p>\n<p class=\"mce\" style=\"text-align: justify;\"><span class=\"mce\" style=\"font-family: arial, helvetica, sans-serif; font-size: 14pt;\">Muy eficaz. Cualquiera que haya visto el rid\u00edculo internacional sufrido por los independentistas (Puigdemont lleg\u00f3 a afirmar en pleno delirio en un mitin que el Departamento de Estado y Jean-Claude Juncker pr\u00e1cticamente hab\u00edan reconocido la voluntad de los catalanes\u00a0de formar un Estado propio). El reconocimiento internacional que estaba casi hecho no apareci\u00f3 por ninguna parte, como era previsible, excepto el apoyo recibido de los partidos ultranacionalistas flamencos.\u00a0<\/span><\/p>\n<p class=\"mce\" style=\"text-align: justify;\"><span class=\"mce\" style=\"font-family: arial, helvetica, sans-serif; font-size: 14pt;\">El \u00abarmaz\u00f3n internacional\u00bb s\u00f3lo existe ahora en la cabeza de Llarena, y quiz\u00e1 antes en las de Romeva y Puigdemont.<\/span><\/p>\n<p class=\"mce\" style=\"text-align: justify;\"><span class=\"mce\" style=\"font-family: arial, helvetica, sans-serif; font-size: 14pt;\">M\u00e1s all\u00e1 de la responsabilidad jur\u00eddica de cada uno de los encausados, estamos ante un problema pol\u00edtico grav\u00edsimo que no tendr\u00e1 soluci\u00f3n si no se reconstruye la convivencia pol\u00edtica y social en Catalu\u00f1a. Tampoco ser\u00e1 posible si los pol\u00edticos independentistas asumen su parte de responsabilidad en el fracaso de su estrategia.<\/span><\/p>\n<p class=\"mce\" style=\"text-align: justify;\"><span class=\"mce\" style=\"font-family: arial, helvetica, sans-serif; font-size: 14pt;\">A lo m\u00e1s que han llegado algunos es a afirmar que no contaban con que el Estado reaccionara con tanta agresividad contra Catalu\u00f1a, lo que es un argumento tan penoso como falso, porque esa era una de las razones con las que justificaban su campa\u00f1a independentista.\u00a0<\/span><\/p>\n<p class=\"mce\" style=\"text-align: justify;\"><span class=\"mce\" style=\"font-family: arial, helvetica, sans-serif; font-size: 14pt;\">Vendieron a sus votantes que eso estaba hecho y que s\u00f3lo ten\u00edan que depositar un voto en una urna. La confusi\u00f3n del campo independentista despu\u00e9s del 1-O y la inmensa decepci\u00f3n de sus bases por una secesi\u00f3n que s\u00f3lo dur\u00f3 ocho segundos\u00a0han sido la principal consecuencia de una estrategia pol\u00edtica que s\u00f3lo pod\u00eda conducir a la derrota.\u00a0<\/span><\/p>\n<p class=\"mce\" style=\"text-align: justify;\"><span class=\"mce\" style=\"font-family: arial, helvetica, sans-serif; font-size: 14pt;\">Pero ah\u00ed ha aparecido\u00a0en su rescate el juez Llarena, que se presenta como el cirujano de hierro y salvador de la patria que acabar\u00e1 con la enfermedad y que lo \u00fanico que conseguir\u00e1 es perpetuar este cisma durante una generaci\u00f3n. No se puede gobernar un pa\u00eds desde un despacho del Tribunal Supremo y menos con la visi\u00f3n deformada de la realidad de la que hace gala este magistrado.<\/span><\/p>\n<p style=\"text-align: center;\"><a href=\"https:\/\/puntocritico.com\/ausajpuntocritico\/wp-content\/uploads\/2018\/03\/Mosca_Punto_Cr\u00edtico_40.png\" rel=\"lightbox[10083]\"><img loading=\"lazy\" decoding=\"async\" class=\"aligncenter wp-image-9528\" src=\"https:\/\/puntocritico.com\/ausajpuntocritico\/wp-content\/uploads\/2018\/03\/Mosca_Punto_Cr\u00edtico_40.png\" alt=\"\" width=\"40\" height=\"40\" \/><\/a><\/p>\n<h1 class=\"entry-title\" style=\"text-align: center;\"><a id=\"ref59\"><\/a><a href=\"#ref59a\">[59]<\/a>Las cartas del magistrado Llarena<\/h1>\n<div class=\"author-content\">\n<p class=\"author\"><span style=\"font-size: 14pt;\">Por Fernando L\u00f3pez Agud\u00edn<\/span><\/p>\n<p><span style=\"color: #008000;\">Articulo publicado el dia 24 de marzo en:<\/span>\u00a0<\/p>\n<p><a href=\"http:\/\/blogs.publico.es\/fernando-lopez-agudin\/2018\/03\/24\/las-cartas-del-magistrado-llarena\/\" target=\"_blank\" rel=\"noopener\">http:\/\/blogs.publico.es\/fernando-lopez-agudin\/2018\/03\/24\/las-cartas-del-magistrado-llarena\/<\/a><\/p>\n<\/div>\n<p>&nbsp;<\/p>\n<p style=\"text-align: justify;\"><span style=\"font-family: arial, helvetica, sans-serif; font-size: 14pt;\"><strong>Aquel, \u00a1A por ellos!, que surgi\u00f3 como un grito cuando el asesinato de Miguel Angel Blanco, vuelve ahora mismo a resonar en los largos pasillos del Tribunal Supremo,<\/strong>\u00a0tras la decisi\u00f3n del magistrado Pablo Llarena de ingresar en prisi\u00f3n a otros cinco dirigentes soberanistas catalanes. Entre todos ellos, a quien no ha conseguido ser investido presidente de la Generalitat, precisamente por las razones contrarias a las que se basa el auto de encarcelamiento provisional de Jordi Turull y los restantes cuatro l\u00edderes independentistas. As\u00ed, quien este s\u00e1bado ya no podr\u00e1 intentar someterse a una segunda votaci\u00f3n de investidura recibe el doble fuego cruzado, enemigo del Estado y amigo de la CUP, por no ir demasiado lejos o ni siquiera ir.<\/span><\/p>\n<p style=\"text-align: justify;\"><span style=\"font-family: arial, helvetica, sans-serif; font-size: 14pt;\"><strong>Llama la atenci\u00f3n que el se\u00f1or Turull, ajeno a la violencia, reciba hoy el mismo trato jur\u00eddico que recibieron antes de ayer los terroristas abertzales.<\/strong>\u00a0Son, por supuesto, igualmente independentistas y, por lo tanto, firmes defensores de la creaci\u00f3n de un estado propio en Catalu\u00f1a, e incumplen la legalidad vigente. Son, asimismo, rebeldes que cuestionan la \u00fanica soberan\u00eda, la del pueblo espa\u00f1ol, reconocida por la Constituci\u00f3n. Pero su legitimidad no nace de la boca de una metralleta, seg\u00fan la expresi\u00f3n de Mao Tse Tung, sino del voto popular de la mitad de los catalanes. Algo m\u00e1s que un matiz, siempre que se hable desde un sistema democr\u00e1tico, a la hora de valorar conductas delictivas.<\/span><\/p>\n<p style=\"text-align: justify;\"><span style=\"font-family: arial, helvetica, sans-serif; font-size: 14pt;\"><strong>Es una p\u00e9sima noticia para nuestra escasa salud democr\u00e1tica. Con inquietud contenida clamaba Felipe Gonz\u00e1lez, \u201cojal\u00e1 no ingresen en prisi\u00f3n<\/strong>\u201c, horas antes de que los cinco dirigentes soberanistas subieran a los furgones que los conducir\u00edan a las prisiones del Estado. Pese a que era una cr\u00f3nica anunciada, desde que el magistrado Llarena los citara para ayer viernes, ning\u00fan otro pol\u00edtico comparti\u00f3 o, mejor dicho, se atrevi\u00f3 a compartir esta digna preocupaci\u00f3n del ex-presidente del Gobierno de Espa\u00f1a.\u00a0 M\u00e1s atentos a las encuestas que a la involuci\u00f3n democr\u00e1tica en curso, se encuentran con otros nueve pol\u00edticos presos adem\u00e1s de otra pol\u00edtica fugada con una orden de caza y captura del juez Llarena.<\/span><\/p>\n<p style=\"text-align: justify;\"><span style=\"font-family: arial, helvetica, sans-serif; font-size: 14pt;\"><strong>Estas implacables\u00a0<em>lettres de cachet<\/em>-cartas de prisi\u00f3n que firmaba sumariamente Luis XIV- se inscriben en la pugna de Rivera con Rajoy<\/strong>. Sondeos tras sondeos, mientras unos l\u00edderes hacen mutis por el foro para no seguir bajando en intenci\u00f3n de voto, otros no paran de alardear para lo contrario, no permiten al Partido Popular, en caso de estimarlo \u00fatil, quitar el pi\u00e9 del acelerador catal\u00e1n.Todo lo contrario. La m\u00e1s m\u00ednima vacilaci\u00f3n se pagar\u00eda hoy en no pocos votos contantes y sonantes, justo cuando hoy no sobran y son menguantes. Solo as\u00ed cabe intentar explicarse que cuando el horno soberanista perd\u00eda fuelle, llega el magistrado Pablo Llarena y aviva el decreciente fuego a punto de ahogarse. Nada puede hoy ayudar m\u00e1s y mejor a los soberanistas, agotados en sus duras luchas intestinas, que estos otros cinco nuevos prisioneros a\u00a0 sumar a los cuatro ya encarcelados.<\/span><\/p>\n<p style=\"text-align: justify;\"><span style=\"font-family: arial, helvetica, sans-serif; font-size: 14pt;\"><strong>Pese a que Rajoy sabe bien que esta cuerda de presos se lleva por delante el apoyo del PNV a los Presupuestos<\/strong>, dado el inter\u00e9s del Euskadi Buru Batzar, no ha dudado ni un segundo en anudarla. Mantener el 155, inherente a la decisi\u00f3n del magistrado Llarena, es borrar todo lo pactado con un Aitor Esteban en el Congreso de los Diputados y, por lo tanto, significa no poder aprobar las cuentas del Estado. Hace tan s\u00f3lo unos pocos d\u00edas, en el mismo parlamento de Vitoria se aprobaba una resoluci\u00f3n votada por el PNV, Podemos Elkarrin y la izquierda abertzale, en la que se ped\u00eda la derogaci\u00f3n del\u00a0 art\u00edculo 155. Para Rajoy, m\u00e1s vale p\u00e1jaro en mano, la Moncloa, que ciento volando, los Presupuestos.<\/span><\/p>\n<p style=\"text-align: justify;\"><span style=\"font-family: arial, helvetica, sans-serif; font-size: 14pt;\"><strong>Al contrario de la aritm\u00e9tica, en pol\u00edtica el orden de los factores s\u00ed altera el producto. No es lo mismo PP\/ Cs que Cs\/ PP.<\/strong>\u00a0No es lo mismo un gobierno de Rajoy apoyado por Rivera, que uno de Rivera apoyado por Rajoy. Es la misma pol\u00edtica, id\u00e9ntico programa y los mismos fines en una m\u00e1s que probable gran coalici\u00f3n tras el segur<em>o sorpasso<\/em>\u00a0de Ciudadanos al PSOE; pero el Partido Popular no est\u00e1 dispuesto a sufrir tambi\u00e9n el\u00a0<em>sorpasso<\/em>\u00a0de Ciudadanos. Pieza clave, en esa enrevesada partida de ajedrez entre las dos derechas, es Catalu\u00f1a, sobre la que el partido naranja ha logrado despegar. Pero hoy Albert Rivera s\u00f3lo puede predicar represi\u00f3n, siendo Mariano Rajoy el \u00fanico que puede reprimir. Esa facultad\u00a0 cotiza hoy como una acci\u00f3n de oro en la bolsa electoral nacionalista espa\u00f1ola.<\/span><\/p>\n<p><a href=\"https:\/\/puntocritico.com\/ausajpuntocritico\/wp-content\/uploads\/2018\/03\/Mosca_Punto_Cr\u00edtico_40.png\" rel=\"lightbox[10083]\"><img loading=\"lazy\" decoding=\"async\" class=\"aligncenter wp-image-9528\" src=\"https:\/\/puntocritico.com\/ausajpuntocritico\/wp-content\/uploads\/2018\/03\/Mosca_Punto_Cr\u00edtico_40.png\" alt=\"\" width=\"40\" height=\"40\" \/><\/a><\/p>\n<h1 class=\"entry-title\" style=\"text-align: center;\"><a id=\"ref60\"><\/a><a href=\"#ref60a\">[60]<\/a> Hay que quitarse de encima este poder judicial<\/h1>\n<div class=\"author-content\">\n<p class=\"author\"><span style=\"font-size: 14pt;\">Por Mari\u00e0 de Del\u00e0s<\/span><\/p>\n<p><span style=\"color: #008000;\">Articulo publicado el d\u00eda 24 de marzo de 2018 en:\u00a0<\/span><\/p>\n<p><a href=\"http:\/\/blogs.publico.es\/notas-sobre-lo-que-pasa\/2018\/03\/23\/hay-que-quitarse-de-encima-este-poder-judicial\/\" target=\"_blank\" rel=\"noopener\">http:\/\/blogs.publico.es\/notas-sobre-lo-que-pasa\/2018\/03\/23\/hay-que-quitarse-de-encima-este-poder-judicial\/<\/a><\/p>\n<\/div>\n<p>&nbsp;<\/p>\n<p style=\"text-align: justify;\"><span style=\"font-size: 14pt; font-family: arial, helvetica, sans-serif;\">Hay individuos y tambi\u00e9n colectivos que no saben disimular su tendencia a apoyar a los privilegiados, a los poderosos o a todo aquel que tenga pinta de \u2018jefe\u2019. No lo hacen por obligaci\u00f3n. Se trata normalmente de personas educadas en el servilismo, a menudo humilladas, a veces corruptas, pero esto no las hace necesariamente crueles y desprovistas totalmente de buenos sentimientos. Sus codazos, sus acciones insolidarias, y tambi\u00e9n sus omisiones, para obtener alg\u00fan beneficio o promoci\u00f3n, a menudo resultan asquerosas, pero hasta cierto punto, a veces, resultan relativamente comprensibles.<\/span><\/p>\n<p style=\"text-align: justify;\"><span style=\"font-size: 14pt; font-family: arial, helvetica, sans-serif;\">Cuesta m\u00e1s entender la satisfacci\u00f3n que expresan otros conciudadanos ante el sufrimiento de los diferentes, los insumisos,\u00a0discrepantes, extranjeros, rebeldes\u2026. Hay quien no se conforma con \u201chacer la pelota al encargado\u201d y quiere ver castigado a quien no se resigna a ceder ante el m\u00e1s fuerte.<\/span><\/p>\n<p style=\"text-align: justify;\"><span style=\"font-size: 14pt; font-family: arial, helvetica, sans-serif;\">Entre estos, desde hace un tiempo, en Catalunya, llaman particularmente la atenci\u00f3n las palabras de personas que quieren ver a otras privadas de libertad, por el hecho de haberse significado en defensa de derechos pol\u00edticos elementales. Convendr\u00eda entender el motivo real de ese deseo. Son los que han aplaudido el largo encarcelamiento de Jordi\u00a0Cuixart, Jordi S\u00e0nchez, Oriol\u00a0Junqueras\u00a0y Joaquim Forn y los que no esconden su satisfacci\u00f3n por la privaci\u00f3n de libertad de Carme\u00a0Forcadell, Dolors Bassa, Jordi\u00a0Turull, Ra\u00fcl\u00a0Romeva\u00a0y Josep Rull.<\/span><\/p>\n<p style=\"text-align: justify;\"><span style=\"font-size: 14pt; font-family: arial, helvetica, sans-serif;\">A determinados dirigentes ya les va bien la idea de intervenir en la vida pol\u00edtica con adversarios apaleados, atemorizados, encarcelados, encausados o bajo la amenaza de serlo. No representan ninguna novedad. Los libros de historia est\u00e1n llenos de personajes que se mostraron dispuestos a hacer cualquier cosa para conseguir poder econ\u00f3mico o administrativo, conservarlo y hacerlo crecer. Individuos que explotaron y explotan la extensi\u00f3n del miedo entre la poblaci\u00f3n para conseguir negocios, fidelidades, adhesiones, envilecimientos,\u00a0docilidades\u2026<\/span><\/p>\n<p style=\"text-align: justify;\"><span style=\"font-size: 14pt; font-family: arial, helvetica, sans-serif;\">Es triste pero se entiende. Inquieta bastante m\u00e1s, sin embargo, el apoyo social que obtienen algunos personajes cuando reclaman medidas de castigo severo contra sus adversarios, por haber participado en una manifestaci\u00f3n, una asociaci\u00f3n, por haber organizado un refer\u00e9ndum, haber encargado o distribuido propaganda, protestado por la detenci\u00f3n de cargos pol\u00edticos por su actividad estrictamente pol\u00edtica, defendido el derecho a voto o haber aprobado por mayor\u00eda parlamentaria leyes relacionadas con la soberan\u00eda nacional. Tendr\u00eda que angustiar a cualquier dem\u00f3crata o, incluso, a cualquier persona razonable.<\/span><\/p>\n<p style=\"text-align: justify;\"><span style=\"font-size: 14pt; font-family: arial, helvetica, sans-serif;\">Las palabras y actuaciones de dirigentes de los partidos que apoyan en el gobierno de Mariano Rajoy resultan sospechosamente coherentes con la conducta de altos estamentos de la Fiscal\u00eda y con las decisiones de la c\u00fapula del poder judicial. Demasiado a menudo parecen coordinadas. Gobernantes que supeditan la voluntad de los ciudadanos expresada en las urnas a las decisiones de jueces y magistrados de dudosas convicciones democr\u00e1ticas. Y lo hacen sin complejos, abiertamente, sin verg\u00fcenza, impunemente. Fiscales y jueces que, c\u00f3mo ha denunciado no hace mucho el magistrado em\u00e9rito del Tribunal Supremo Jos\u00e9 Antonio Mart\u00edn\u00a0Pall\u00edn, se creen con la facultad de decir a los representantes de la voluntad popular a quien pueden elegir y a quien no, qu\u00e9 pueden hacer o dejar de hacer en su actividad parlamentaria.<\/span><\/p>\n<p style=\"text-align: justify;\"><span style=\"font-size: 14pt; font-family: arial, helvetica, sans-serif;\">Todo esto resulta muy preocupante. Mucho. Porque pone en cuesti\u00f3n la separaci\u00f3n entre los poderes ejecutivo, legislativo y judicial, minimiza el valor del sufragio universal y hace tambalear las bases de la democracia.<\/span><\/p>\n<p style=\"text-align: justify;\"><span style=\"font-size: 14pt; font-family: arial, helvetica, sans-serif;\">Pero desconcierta m\u00e1s todav\u00eda ver gente tradicionalmente considerada como progresista que se refiere a los dirigentes que se encuentran en prisi\u00f3n o exiliados en t\u00e9rminos similares a los que utilizan los partidos que apoyan al gobierno de Mariano Rajoy. \u201cYa sab\u00edan que esto pod\u00eda pasar\u201d, \u201cno respetaron la legalidad\u201d, \u201chan dividido a la sociedad catalana\u201d, \u201chan huido de la justicia\u201d, \u201cdecidieron voluntariamente irse al extranjero\u201d, \u201cquieren aparecer como v\u00edctimas\u201d, afirman.<\/span><\/p>\n<p style=\"text-align: justify;\"><span style=\"font-size: 14pt; font-family: arial, helvetica, sans-serif;\">Hay que buscar explicaciones al hecho de que fuerzas democr\u00e1ticas, m\u00e1s o menos comprometidas tradicionalmente con la justicia social, hagan hincapi\u00e9 en la falta de flexibilidad de las v\u00edctimas de la represi\u00f3n y acepten de forma\u00a0sumisa, como un dato invariable, inamovible, como si se tratara de una fuerza de la naturaleza, la voluntad del gobierno del PP y de la c\u00fapula judicial de intervenir las instituciones catalanas, encarcelar dirigentes pol\u00edticos y sociales y de cargar contra el\u00a0soberanismo sin miramientos.<\/span><\/p>\n<p style=\"text-align: justify;\"><span style=\"font-size: 14pt; font-family: arial, helvetica, sans-serif;\">Reproches, m\u00e1s que manifestaciones de disconformidad, contra los independentistas, y pasividad ante las resoluciones de un poder judicial que califica de violenta la acci\u00f3n\u00a0pacifica de activistas de indudable trayectoria pacifista y que con esta conducta han acompa\u00f1ado la movilizaci\u00f3n permanente, pac\u00edfica y solidaria de millones de personas.<\/span><\/p>\n<p style=\"text-align: justify;\"><span style=\"font-size: 14pt; font-family: arial, helvetica, sans-serif;\">Gente que siempre se ha proclamado de izquierdas, defensora de los derechos humanos, que ahora regatea el reconocimiento como presos pol\u00edticos de personas privadas de libertad desde hace meses por su ideolog\u00eda, que han podido escuchar\u00a0como\u00a0todo el mundo lo que dice la Fiscal\u00eda y lo que reconoce reiteradamente el propio juez instructor sobre los motivos reales de las \u00f3rdenes de prisi\u00f3n preventiva.<\/span><\/p>\n<p style=\"text-align: justify;\"><span style=\"font-size: 14pt; font-family: arial, helvetica, sans-serif;\">Dem\u00f3cratas, que se resisten a considerar como exiliados a\u00a0Puigdemont,\u00a0Serret,\u00a0Ponsat\u00ed,\u00a0Com\u00edn, Puig, Gabriel y Rovira, y afirman que son \u201cfugitivos\u201d, por el hecho de no querer sufrir el mismo castigo que\u00a0Junqueras, Forn, los\u00a0Jordis y los cinco que han vuelto a ser encarcelados este viernes\u2026, \u201cfugitivos\u201d de una \u201cjusticia\u201d\u00a0que no entienden los tribunales de otros pa\u00edses de nuestro entorno, y que han buscado refugio fuera del Estado espa\u00f1ol por considerar m\u00e1s \u00fatil la defensa de la democracia desde Bruselas u otras ciudades de Europa que desde\u00a0Estremera, Soto del Real o Alcal\u00e1 Meco.<\/span><\/p>\n<p style=\"text-align: justify;\"><span style=\"font-size: 14pt; font-family: arial, helvetica, sans-serif;\">Cuesta entender todo eso y conviene reflexionar, porque m\u00e1s all\u00e1 de la maldad, que es una forma est\u00fapida de comportamiento que caracteriza a algunos bur\u00f3cratas y que no conduce a la resoluci\u00f3n de ning\u00fan conflicto, hay sensibilidades diferentes que en buena l\u00f3gica tendr\u00edan que sentir que pertenecen al mismo bando.<\/span><\/p>\n<p style=\"text-align: justify;\"><span style=\"font-size: 14pt; font-family: arial, helvetica, sans-serif;\">Las v\u00edctimas de la represi\u00f3n que hoy practica el Estado contra el\u00a0soberanismo catal\u00e1n no son delincuentes comunes. Se encuentran en prisi\u00f3n o fuera del Estado espa\u00f1ol debido a su actividad pol\u00edtica. Qui\u00e9n niega la evidencia o se instala en la neutralidad, en la equidistancia respecto a esta realidad complica la convivencia.<\/span><\/p>\n<p style=\"text-align: justify;\"><span style=\"font-size: 14pt; font-family: arial, helvetica, sans-serif;\">Hace falta que gente intelectualmente honesta, que en alg\u00fan momento se ha proclamado como defensora incondicional de las libertades, se esfuerce al buscar explicaciones a los comportamientos brutales, al lenguaje gratuitamente hostil contra gente pac\u00edfica, al fomento de la represi\u00f3n que abre heridas que necesariamente dejan cicatrices, imborrables y que s\u00f3lo se pueden curar con un tratamiento: democracia.<\/span><\/p>\n<p style=\"text-align: justify;\"><span style=\"font-size: 14pt; font-family: arial, helvetica, sans-serif;\">Todo hace pensar que pintan bastos, que se acercan tiempos de m\u00e1s represi\u00f3n. Todav\u00eda m\u00e1s represi\u00f3n.<\/span><\/p>\n<p style=\"text-align: justify;\"><span style=\"font-size: 14pt; font-family: arial, helvetica, sans-serif;\">El\u00a0soberanismo popular sorprendi\u00f3 a sus propios dirigentes el d\u00eda 1 de octubre. Una parte muy importante de la poblaci\u00f3n catalana dio un ejemplo extraordinario de\u00a0civilidad y eso sac\u00f3 de casillas a los gobernantes que hab\u00edan pensado, por decirlo de manera indulgente, que la convocatoria a las urnas se pod\u00eda hacer fracasar a base de detenciones, registros, requisas, amenazas, pelotas de goma y golpes de\u00a0porra\u00a0a discreci\u00f3n.<\/span><\/p>\n<p style=\"text-align: justify;\"><span style=\"font-size: 14pt; font-family: arial, helvetica, sans-serif;\">Prometieron que el refer\u00e9ndum no existir\u00eda, pero existi\u00f3, con menos participaci\u00f3n de la deseada por los participantes, pero mucho m\u00e1s alta de la prevista, teniendo en cuenta la intimidaci\u00f3n de las \u201cautoridades\u201d de Madrid, y equiparable a la registrada en otras convocatorias a las urnas no desautorizadas por el EStado.<\/span><\/p>\n<p style=\"text-align: justify;\"><span style=\"font-size: 14pt; font-family: arial, helvetica, sans-serif;\">Y como que no pudieron impedirlo, y como que el Parlament de entonces no pudo ignorar el resultado, el ejecutivo del PP aplic\u00f3 mucha m\u00e1s mano dura. Disolvi\u00f3 el Parlamento destituy\u00f3 el gobierno de la Generalitat, ces\u00f3 a 260 cargos de la Administraci\u00f3n catalana. Entendi\u00f3 que el art\u00edculo 155 de la Constituci\u00f3n le autorizaba a ignorar totalmente la voluntad de la mayor\u00eda de la sociedad catalana y en ello sigue.<\/span><\/p>\n<p style=\"text-align: justify;\"><span style=\"font-size: 14pt; font-family: arial, helvetica, sans-serif;\">Su objetivo no es el pacto, ni ninguna soluci\u00f3n dialogada. Lo que exige es la capitulaci\u00f3n de un amplio sector de la sociedad catalana y cree que lo conseguir\u00e1 con una escalada de medidas coercitivas.<\/span><\/p>\n<p style=\"text-align: justify;\"><span style=\"font-size: 14pt; font-family: arial, helvetica, sans-serif;\">\u201cLa\u00a0situaci\u00f3n\u00a0en\u00a0Catalunya es de completa\u00a0normalidad\u201d, dice y repite el ministro portavoz, con aquel aire de personaje de \u201cbuena\u00a0familia\u201d franquista que siempre habla de \u201cla\u00a0Generalidad\u201d. A estas alturas ya saben que el\u00a0soberanismo tiene ra\u00edces profundas y por eso pretenden normalizar la situaci\u00f3n actual, normalizar la represi\u00f3n contra una sociedad que persiste en el deseo de votar \u201cincorrectamente\u201d.<\/span><\/p>\n<p style=\"text-align: justify;\"><span style=\"font-size: 14pt; font-family: arial, helvetica, sans-serif;\">El tiempo que se avecina es de m\u00e1s 155, m\u00e1s detenciones, m\u00e1s \u201cinvestigaciones\u201d, juicios, sanciones econ\u00f3micas, encarcelamientos, y esto pondr\u00e1 a prueba la capacidad de entendimiento entre gente normal, dispuesta a defender su derecho a convivir en libertad y democracia.<\/span><\/p>\n<p style=\"text-align: justify;\"><span style=\"font-size: 14pt; font-family: arial, helvetica, sans-serif;\">Har\u00e1 falta que las personas republicanas, independentistas o no, reflexionen sobre el apoyo social que se necesita para hacer efectivo en alg\u00fan momento un r\u00e9gimen pol\u00edtico republicano y que tomen conciencia tanto de las fortalezas como de sus debilidades, para ver si la Rep\u00fablica es realmente un objetivo o s\u00f3lo una palabra representativa de un tiempo pol\u00edtico del pasado y de unos \u201cvalores\u201d imprecisos. Tendr\u00e1n que identificar claramente qui\u00e9nes son y d\u00f3nde se encuentran sus aliados, y tambi\u00e9n sus enemigos, los responsables del deterioro de la democracia, los interesados al mantener la inseguridad, la precariedad, la pobreza\u2026 Y explicarlo.<\/span><\/p>\n<p style=\"text-align: justify;\"><span style=\"font-size: 14pt; font-family: arial, helvetica, sans-serif;\">Tendr\u00e1n que revisar esquemas del pasado y distinguir entre qui\u00e9n defiende hoy en d\u00eda privilegios de clase, de g\u00e9nero y de poder administrativo y quien apoya a discriminadas y discriminados.<\/span><\/p>\n<p style=\"text-align: justify;\"><span style=\"font-size: 14pt; font-family: arial, helvetica, sans-serif;\">Y necesitar\u00e1n mecanismos de solidaridad, de la sociedad civil, tambi\u00e9n econ\u00f3micos, porque a estas alturas ya son muchos lo que han tomado conciencia de la existencia de un conflicto de larga duraci\u00f3n, en el cual el Estado, lejos de prestar protecci\u00f3n, ha dejado y dejar\u00e1 damnificados.<\/span><\/p>\n<p style=\"text-align: justify;\"><span style=\"font-size: 14pt; font-family: arial, helvetica, sans-serif;\">El gobierno del PP no esconde sus cartas, herederas de una l\u00f3gica militar. En vez de di\u00e1logo utiliza la fuerza. Y si el enemigo se retira, le persigue.<\/span><\/p>\n<p style=\"text-align: justify;\"><span style=\"font-size: 14pt; font-family: arial, helvetica, sans-serif;\">Lo que tiene delante, por el momento, es una movilizaci\u00f3n independentista excepcional, pac\u00edfica, at\u00edpica, no comparable a ninguna otra de las que se han visto en Europa occidental. La \u00faltima encuesta del Centre d\u2019Estudis d\u2019Opini\u00f3 indica que los catalanes partidarios de la independencia habr\u00edan perdido apoyo en los \u00faltimos meses, del 48,7 al 40,8%; pero hay que recordar que, seg\u00fan el mismo estudio, si hubiera elecciones, los partidos independentistas podr\u00edan obtener en el Parlamento una mayor\u00eda algo m\u00e1s s\u00f3lida que la actual.<\/span><\/p>\n<p style=\"text-align: justify;\"><span style=\"font-size: 14pt; font-family: arial, helvetica, sans-serif;\">Siempre queda la inc\u00f3gnita sobre si el tejido asociativo soberanista conserva su capacidad de convocatoria en la calle. Depende de la coyuntura, est\u00e1 claro, y de su propia organizaci\u00f3n, y de la conducta de sus dirigentes, pero no parece debilidatado. En las movilizaciones de este viernes no ha dado muestras de flaqueza.<\/span><\/p>\n<p style=\"text-align: justify;\"><span style=\"font-size: 14pt; font-family: arial, helvetica, sans-serif;\">Conviene, en cualquier caso, que dem\u00f3cratas de todas partes el Estado se pregunten por el escenario de un eventual repliegue del independentismo al autonomismo, del que provienen muchos de sus actuales representantes. Que se pregunten sobre qui\u00e9n ser\u00eda el beneficiario de una eventual p\u00e9rdida de impulso del movimiento soberanista catal\u00e1n. Hace cuatro a\u00f1os, el actual teniente de alcalde del Ajuntament de Barcelona, el constitucionalista Gerardo\u00a0Pisarello, ya se\u00f1alaba en Madrid que una derrota del proceso en Catalunya significar\u00eda una derrota para movimientos de todo el Estado. Hoy parece m\u00e1s evidente que entonces.<\/span><\/p>\n<p style=\"text-align: justify;\"><span style=\"font-size: 14pt; font-family: arial, helvetica, sans-serif;\">Si el\u00a0soberanismo cede, \u00bfqui\u00e9n lo celebrar\u00eda? \u00bfQui\u00e9n sacar\u00eda provecho? \u00bfHabr\u00eda menos represi\u00f3n si sus dirigentes renunciaran a lo que se aprob\u00f3 el 1 de octubre? \u00bfEl PP, C\u2019s y el PSOE har\u00edan alg\u00fan gesto de reconocimiento de la realidad nacional catalana?<\/span><\/p>\n<p style=\"text-align: justify;\"><span style=\"font-size: 14pt; font-family: arial, helvetica, sans-serif;\">El gobierno de Espa\u00f1a utilizar\u00e1 todos los recursos que tiene para impedir que el Parlamento trabaje como c\u00e1mara con capacidad de legislar. Rajoy, S\u00e1enz de Santamar\u00eda, Rivera, Arrimadas, S\u00e0nchez, Robles,\u00a0\u00c1balos\u00a0han negado de todas las maneras posibles la consideraci\u00f3n de Catalunya como un sujeto pol\u00edtico soberano, en cualquier aspecto, en cualquier \u00e1mbito. Es por este motivo que ninguno de ellos ha pronunciado nunca en relaci\u00f3n a Catalunya una frase tan sencilla como esta: \u201csent\u00e9monos a hablar\u201d.<\/span><\/p>\n<p style=\"text-align: justify;\"><span style=\"font-size: 14pt; font-family: arial, helvetica, sans-serif;\">La intervenci\u00f3n del Estado sobre la Administraci\u00f3n catalana se convertir\u00e1 en algo permanente. Lo dice y reitera el ministro portavoz. Lo confirma el secretario de Estado de Administraciones Territoriales, Roberto Berm\u00fadez de Castro, hombre clave en la aplicaci\u00f3n del art\u00edculo 155. Mientras no haya un gobierno catal\u00e1n que se conforme con el actual orden constitucional y estatutario, el gobierno espa\u00f1ol seguir\u00e1 en Catalunya, dice.<\/span><\/p>\n<p style=\"text-align: justify;\"><span style=\"font-size: 14pt; font-family: arial, helvetica, sans-serif;\">\u00bfQu\u00e9 se puede hacer con un Estado que considera delictiva una aspiraci\u00f3n pol\u00edtica como es el ejercicio del derecho de autodeterminaci\u00f3n, que en tiempos de la transici\u00f3n reivindicaban todos los dem\u00f3cratas?<\/span><\/p>\n<p style=\"text-align: justify;\"><span style=\"font-size: 14pt; font-family: arial, helvetica, sans-serif;\">Un gobierno de la \u201cGeneralitat\u201d adaptado a las actuales exigencias del aparato de Estado podr\u00e1 utilizar, de la mejor manera posible los espacios institucionales propios de una comunidad aut\u00f3noma, pero si la nueva izquierda y la tradicional no hacen frente al autoritarismo y al r\u00e9gimen mon\u00e1rquico, sin ambig\u00fcedades, si no se dispone a tejer alianzas con todos los soberanistas y republicanos para sacarse de encima un poder judicial estrechamente vinculado al poder pol\u00edtico, los m\u00e1rgenes de actuaci\u00f3n desde la Generalitat, y seguramente desde cualquier administraci\u00f3n auton\u00f3mica, se ir\u00e1n haciendo cada vez m\u00e1s estrechos.<\/span><\/p>\n<p style=\"text-align: justify;\"><span style=\"font-size: 14pt; font-family: arial, helvetica, sans-serif;\">Un \u201cautogobierno\u201d marcado por la doctrina del miedo, lejos de hacer respetar los derechos democr\u00e1ticos de la ciudadan\u00eda, dejar\u00eda pista libre para todo tipo de oportunistas, que entienden la pol\u00edtica como un juego de maniobras, de golpes bajos, amenazas,\u00a0inconfesables\u00a0alianzas y traiciones, para conseguir adhesiones, fidelidades, negocios y espacios miserables de poder. Hay que hacer todo el posible para tener una administraci\u00f3n cercana y totalmente alejada de los gustos de los que este viernes han celebrado o intentado ridiculizar el exilio de Marta Rovira y el encarcelamiento de Carme\u00a0Forcadell, Jordi\u00a0Turull, Dolors Bassa, Josep Rull y Ra\u00fcl\u00a0Romeva.<\/span><\/p>\n<p style=\"text-align: center;\"><a href=\"https:\/\/puntocritico.com\/ausajpuntocritico\/wp-content\/uploads\/2018\/03\/Mosca_Punto_Cr\u00edtico_40.png\" rel=\"lightbox[10083]\"><img loading=\"lazy\" decoding=\"async\" class=\"aligncenter wp-image-9528\" src=\"https:\/\/puntocritico.com\/ausajpuntocritico\/wp-content\/uploads\/2018\/03\/Mosca_Punto_Cr\u00edtico_40.png\" alt=\"\" width=\"40\" height=\"40\" \/><\/a><\/p>\n<h1 style=\"text-align: center;\"><span style=\"font-size: 12pt;\"><span style=\"font-size: 24pt;\"><a id=\"ref61\"><\/a><a href=\"#ref61a\">[61]<\/a>El l\u00edder del SAT provoca una queja del Gobierno a la ONU<\/span><\/span><\/h1>\n<p>Por N. Acedo<\/p>\n<p><span style=\"color: #008000;\">Articulo publicado el d\u00eda 23 de marzo de 2018 en:<\/span><\/p>\n<p><a href=\"https:\/\/www.larazon.es\/local\/andalucia\/el-lider-del-sat-provoca-una-queja-del-gobierno-a-la-onu-PJ17964821\" target=\"_blank\" rel=\"noopener\">https:\/\/www.larazon.es\/local\/andalucia\/el-lider-del-sat-provoca-una-queja-del-gobierno-a-la-onu-PJ17964821<\/a><\/p>\n<p>&nbsp;<\/p>\n<figure id=\"attachment_10248\" aria-describedby=\"caption-attachment-10248\" style=\"width: 722px\" class=\"wp-caption aligncenter\"><a href=\"https:\/\/puntocritico.com\/ausajpuntocritico\/wp-content\/uploads\/2018\/03\/oscar-reina-la-razon.jpg\" rel=\"lightbox[10083]\"><img loading=\"lazy\" decoding=\"async\" class=\"wp-image-10248 size-full\" src=\"https:\/\/puntocritico.com\/ausajpuntocritico\/wp-content\/uploads\/2018\/03\/oscar-reina-la-razon.jpg\" alt=\"\" width=\"722\" height=\"492\" srcset=\"https:\/\/puntocritico.com\/ausajpuntocritico\/wp-content\/uploads\/2018\/03\/oscar-reina-la-razon.jpg 722w, https:\/\/puntocritico.com\/ausajpuntocritico\/wp-content\/uploads\/2018\/03\/oscar-reina-la-razon-300x204.jpg 300w\" sizes=\"auto, (max-width: 722px) 100vw, 722px\" \/><\/a><figcaption id=\"caption-attachment-10248\" class=\"wp-caption-text\"><span style=\"color: #008000;\">El secretario general del SAT, \u00d3scar Reina, en la imagen cuando se fue de la ONU, finalmente no pudo verse con Anna Gabriel por \u201cincompatibilidad de agendas<\/span><\/figcaption><\/figure>\n<div id=\"p_p_id_contentviewerportlet_WAR_newsportlet_INSTANCE_3c81f0e6a73243468532095704081d70_\" class=\"portlet-boundary portlet-boundary_contentviewerportlet_WAR_newsportlet_  portlet-static portlet-static-end content-viewer-portlet \">\n<div class=\"td-portlet\">\n<section id=\"portlet_contentviewerportlet_WAR_newsportlet_INSTANCE_3c81f0e6a73243468532095704081d70\" class=\"portlet\">\n<div class=\"portlet-content\">\n<div class=\" portlet-content-container\">\n<div class=\"portlet-body\">\n<div class=\"last td-viewer full-access\">\n<div class=\"news-detail news-detail__body\">\n<div class=\"paragraph\">\n<p class=\"news-detail__paragraph news-detail__paragraph--first-letter\" style=\"text-align: justify;\"><span style=\"font-size: 14pt; font-family: arial, helvetica, sans-serif;\">El objetivo era trasladar a Naciones Unidas (ONU) la situaci\u00f3n que atraviesan los \u00abderechos humanos y laborales\u00bb en el Estado espa\u00f1ol. Una radiograf\u00eda con parada en Andaluc\u00eda. Pero las esquirlas de la queja se han volteado en su contra. El secretario general del Sindicato Andaluz de Trabajadores (SAT), \u00d3scar Reina, acudi\u00f3 en Ginebra (Suiza) a una sesi\u00f3n de evaluaci\u00f3n del Comit\u00e9 de Derechos Econ\u00f3micos, Sociales y Culturales de la mencionada organizaci\u00f3n y acab\u00f3 march\u00e1ndose para asombro de los presentes.<\/span><\/p>\n<p class=\"news-detail__paragraph\" style=\"text-align: justify;\"><span style=\"font-size: 14pt; font-family: arial, helvetica, sans-serif;\">La secuencia se produjo en el turno de palabra de los representantes de la delegaci\u00f3n del Ejecutivo espa\u00f1ol, durante el cual el resto de asistentes s\u00f3lo pod\u00edan escuchar sin intervenir. Reina se levant\u00f3 del asiento que ocupaba y manifestando su \u00abrespeto\u00bb para los relatores, acus\u00f3 al Gobierno central ante los expertos de \u00abmentir\u00bb y sostuvo que no aguantaba m\u00e1s a las \u00f3rdenes de \u00abladrones\u00bb y de \u00abcorruptos\u00bb ni de sus \u00abc\u00f3mplices\u00bb, seg\u00fan confirm\u00f3 ayer el propio l\u00edder del SAT a LA RAZ\u00d3N.<\/span><\/p>\n<p class=\"news-detail__paragraph\" style=\"text-align: justify;\"><span style=\"font-size: 14pt; font-family: arial, helvetica, sans-serif;\">El episodio ha provocado que el Ejecutivo haya presentado ante la ONU \u00abuna queja diplom\u00e1tica formal\u00bb, seg\u00fan se le ha comunicado a la Red Nacional de Derechos Humanos, la organizaci\u00f3n no gubernamental que invit\u00f3 a Reina a presentar un informe en el comit\u00e9. De hecho, \u00e9l s\u00ed pudo exponer datos sobre el desempleo, la precariedad laboral o la sanidad y realizar afirmaciones como que \u00abel Gobierno de Rajoy y el sistema judicial emplean la persecuci\u00f3n y la represi\u00f3n de los activistas de los derechos\u00bb. Es m\u00e1s, acab\u00f3 pidi\u00e9ndole protecci\u00f3n a la ONU, ya que su participaci\u00f3n en la reuni\u00f3n representaba un \u00abriesgo\u00bb para su \u00abintegridad f\u00edsica\u00bb en el retorno a Espa\u00f1a, donde ya se encuentra. E insisti\u00f3. Traslad\u00f3 a este peri\u00f3dico que \u00abtemi\u00f3 por su seguridad\u00bb tanto a la ida como a la vuelta a Suiza y al ser preguntado por el motivo de su miedo, record\u00f3 que se ya hace \u00abseis a\u00f1os\u00bb que se declar\u00f3 \u00abinsumiso judicial\u00bb y se encuentra en \u00abbusca y captura\u00bb.<\/span><\/p>\n<p class=\"news-detail__paragraph\" style=\"text-align: justify;\"><span style=\"font-size: 14pt; font-family: arial, helvetica, sans-serif;\">Al margen de su cita con el comit\u00e9, el sindicalista pretend\u00eda aprovechar su estancia en Suiza para \u00abverse\u00bb con la dirigente de la CUP y ex diputada catalana Anna Gabriel, aunque tambi\u00e9n en ese caso, los planes se vieron alterados. Ambos mantuvieron \u00abun par\u00bb de conversaciones telef\u00f3nicas, pero la \u00abincompatibilidad de agendas\u00bb frustr\u00f3 un encuentro que se ha pospuesto a \u00abfinales de abril o principios de mayo\u00bb.<\/span><\/p>\n<\/div>\n<\/div>\n<\/div>\n<\/div>\n<\/div>\n<\/div>\n<\/section>\n<\/div>\n<\/div>\n<h1 style=\"text-align: justify;\"><a href=\"https:\/\/puntocritico.com\/ausajpuntocritico\/wp-content\/uploads\/2018\/03\/Mosca_Punto_Cr\u00edtico_40.png\" rel=\"lightbox[10083]\"><img loading=\"lazy\" decoding=\"async\" class=\"aligncenter wp-image-9528\" src=\"https:\/\/puntocritico.com\/ausajpuntocritico\/wp-content\/uploads\/2018\/03\/Mosca_Punto_Cr\u00edtico_40.png\" alt=\"\" width=\"40\" height=\"40\" \/><\/a><\/h1>\n<h1 style=\"text-align: center;\"><span style=\"font-size: 18pt; background-color: #ffff99;\">DETENIDO TRAS CRUZAR LA FRONTERA<\/span><\/h1>\n<h1 class=\"articulo-titulo \" style=\"text-align: center;\"><a id=\"ref62\"><\/a><a href=\"#ref62a\">[62]<\/a> Alemania traslada a Puigdemont a la prisi\u00f3n de Neumuenster, seg\u00fan medios alemanes<\/h1>\n<p>Por MAR\u00cdA-PAZ L\u00d3PEZ | <span class=\"story-leaf-author-city\">CORRESPONSAL\u00a0<\/span>BERL\u00cdN\u00a0<\/p>\n<p><span style=\"color: #008000;\">Articulo publiucado el 25 de marzo de 2018 en:\u00a0<\/span><\/p>\n<p><a href=\"http:\/\/www.lavanguardia.com\/politica\/20180325\/441937898619\/puigdemont-prision-alemania.html\" target=\"_blank\" rel=\"noopener\">http:\/\/www.lavanguardia.com\/politica\/20180325\/441937898619\/puigdemont-prision-alemania.html<\/a><\/p>\n<p>&nbsp;<\/p>\n<div class=\"row red\">\n<div class=\"red\">\n<div class=\"col-xs-12 col-md-10\">\n<div class=\"story-leaf-subtitle-list\">\n<blockquote>\n<h2 class=\"story-leaf-subtitle-item\" style=\"text-align: justify;\"><span style=\"color: #008000;\"><strong><span style=\"font-size: 14pt;\">El presidente catal\u00e1n cesado se encuentra bajo custodia policial tras haber sido detenido cerca de Hamburgo poco despu\u00e9s de cruzar la frontera procedente de Dinamarca<\/span><\/strong><\/span><\/h2>\n<h2 class=\"story-leaf-subtitle-item\" style=\"text-align: justify;\"><span style=\"color: #008000;\"><strong><span style=\"font-size: 14pt;\"><a style=\"color: #008000;\" title=\"www.lavanguardia.com\" href=\"http:\/\/www.lavanguardia.com\/politica\/20180325\/441934210942\/puigdemont-detenido-alemania-en-directo.html\" data-gtm-element=\"container-child-link\" target=\"_blank\" rel=\"noopener\">Carles Puigdemont detenido en Alemania, las \u00faltimas noticias en directo<\/a><\/span><\/strong><\/span><\/h2>\n<p>&nbsp;<\/p>\n<\/blockquote>\n<\/div>\n<\/div>\n<\/div>\n<\/div>\n<figure id=\"attachment_10250\" aria-describedby=\"caption-attachment-10250\" style=\"width: 678px\" class=\"wp-caption aligncenter\"><a href=\"https:\/\/puntocritico.com\/ausajpuntocritico\/wp-content\/uploads\/2018\/03\/furgoneta-puigdemont.jpg\" rel=\"lightbox[10083]\"><img loading=\"lazy\" decoding=\"async\" class=\"wp-image-10250 size-mh-magazine-content\" src=\"https:\/\/puntocritico.com\/ausajpuntocritico\/wp-content\/uploads\/2018\/03\/furgoneta-puigdemont-678x381.jpg\" alt=\"\" width=\"678\" height=\"381\" srcset=\"https:\/\/puntocritico.com\/ausajpuntocritico\/wp-content\/uploads\/2018\/03\/furgoneta-puigdemont-678x381.jpg 678w, https:\/\/puntocritico.com\/ausajpuntocritico\/wp-content\/uploads\/2018\/03\/furgoneta-puigdemont-300x169.jpg 300w, https:\/\/puntocritico.com\/ausajpuntocritico\/wp-content\/uploads\/2018\/03\/furgoneta-puigdemont-768x432.jpg 768w, https:\/\/puntocritico.com\/ausajpuntocritico\/wp-content\/uploads\/2018\/03\/furgoneta-puigdemont.jpg 992w\" sizes=\"auto, (max-width: 678px) 100vw, 678px\" \/><\/a><figcaption id=\"caption-attachment-10250\" class=\"wp-caption-text\"><span style=\"color: #008000;\">La furgoneta de Puigdemont entra a la prisi\u00f3n de Neumuenster (Carsten Rehder \/ AFP) <\/span><\/figcaption><\/figure>\n<p style=\"text-align: justify;\"><span style=\"font-size: 14pt; font-family: arial, helvetica, sans-serif;\">La polic\u00eda alemana ha detenido este domingo por la ma\u00f1ana al expresidente de la Generalitat,\u00a0<b>Carles Puigdemont<\/b>, cuando acababa de entrar en Alemania en coche tras cruzar la frontera desde Dinamarca. Seg\u00fan ha informado la fiscal\u00eda alemana, se encontraba en un \u00e1rea de servicio e iba acompa\u00f1ado de dos personas, que han quedado en libertad.<\/span><\/p>\n<p style=\"text-align: justify;\"><span style=\"font-size: 14pt; font-family: arial, helvetica, sans-serif;\">Puigdemont, que el viernes se hallaba en Finlandia participando en una conferencia, intentaba alcanzar B\u00e9lgica por carretera en un veh\u00edculo con matr\u00edcula belga.<\/span><\/p>\n<div id=\"divVideoStepAdTop\" class=\"divVideoStep\" style=\"text-align: justify;\"><span style=\"font-size: 14pt; font-family: arial, helvetica, sans-serif;\">La polic\u00eda le detuvo a las 11.19 horas en un punto de la autopista A7 cerca de la localidad de\u00a0<b>Schuby<\/b>, en el land de Schleswig-Holstein, fronterizo con Dinamarca. Tras pasar unas horas en comisar\u00eda, Puigdemont habr\u00eda sido transferido a la prisi\u00f3n de Neum\u00fcnster, seg\u00fan ha informado la agencia alemana Dpa.<\/span><\/div>\n<p>&nbsp;<\/p>\n<div id=\"google_ads_iframe_\/55964524\/lv_detalle\/politica\/n_4__container__\">\n<figure id=\"attachment_10251\" aria-describedby=\"caption-attachment-10251\" style=\"width: 656px\" class=\"wp-caption aligncenter\"><a href=\"https:\/\/puntocritico.com\/ausajpuntocritico\/wp-content\/uploads\/2018\/03\/prision-alemana.jpg\" rel=\"lightbox[10083]\"><img loading=\"lazy\" decoding=\"async\" class=\"wp-image-10251 size-full\" src=\"https:\/\/puntocritico.com\/ausajpuntocritico\/wp-content\/uploads\/2018\/03\/prision-alemana.jpg\" alt=\"\" width=\"656\" height=\"437\" srcset=\"https:\/\/puntocritico.com\/ausajpuntocritico\/wp-content\/uploads\/2018\/03\/prision-alemana.jpg 656w, https:\/\/puntocritico.com\/ausajpuntocritico\/wp-content\/uploads\/2018\/03\/prision-alemana-300x200.jpg 300w\" sizes=\"auto, (max-width: 656px) 100vw, 656px\" \/><\/a><figcaption id=\"caption-attachment-10251\" class=\"wp-caption-text\"><span style=\"color: #008000;\">La prisi\u00f3n de Nuemuenster (Morris Macmatzen \/ Getty)<\/span><\/figcaption><\/figure>\n<\/div>\n<p>&nbsp;<\/p>\n<div>\n<p style=\"text-align: justify;\"><span style=\"font-size: 14pt; font-family: arial, helvetica, sans-serif;\">Seg\u00fan la\u00a0<a title=\"www.focus.de\" href=\"https:\/\/www.focus.de\/politik\/ausland\/an-grenze-zu-daenemark-deutsche-polizei-nimmt-ehemaligen-katalanischen-regionalpraesidenten-puigdemont-fest_id_8666899.html\" rel=\"nofollow noopener\" data-gtm-element=\"container-child-link\" target=\"_blank\">edici\u00f3n digital del semanario Focus<\/a>, la polic\u00eda alemana actu\u00f3 alertada por los servicios de inteligencia espa\u00f1oles, que ten\u00edan localizado a Puigdemont desde que sali\u00f3 de Finlandia el viernes por la noche.<\/span><\/p>\n<\/div>\n<p style=\"text-align: justify;\"><span style=\"font-size: 14pt; font-family: arial, helvetica, sans-serif;\">La detenci\u00f3n se ha producido en virtud de la euroorden de detenci\u00f3n y entrega emitida el viernes por el juez Pablo Llarena, tras procesar a Puigdemont por un presunto delito de rebeli\u00f3n.<\/span><\/p>\n<p style=\"text-align: justify;\"><span style=\"font-size: 14pt; font-family: arial, helvetica, sans-serif;\">Ralph D\u00f6pper, vicefiscal general de Schleswig-Holstein, ha confirmado que \u201cel se\u00f1or Puigdemont est\u00e1 en custodia policial\u201d. El expresidente de la Generalitat comparecer\u00e1 este lunes ante un juez, que verificar\u00e1 su identidad y decidir\u00e1 si le deja en libertad provisional o bien eleva la decisi\u00f3n a un tribunal superior que podr\u00eda ponerle en prisi\u00f3n provisional para la extradici\u00f3n. En ese caso empezar\u00eda el proceso para su eventual entrega a Espa\u00f1a, con plazos de entre 10 y 60 d\u00edas.<\/span><\/p>\n<p style=\"text-align: justify;\"><span style=\"font-size: 14pt; font-family: arial, helvetica, sans-serif;\">En el momento de ser interceptado, Puigdemont hab\u00eda recorrido unos 1.300 kil\u00f3metros desde Finlandia y le quedaban en torno a 700 para llegar a B\u00e9lgica. Su abogado, Jaume Alonso-Cuevillas, ha se\u00f1alado que \u201cel trato ha sido correcto en todo momento\u201d y que \u201csu defensa jur\u00eddica ya est\u00e1 activada\u201d.<\/span><\/p>\n<p style=\"text-align: justify;\"><span style=\"font-size: 14pt; font-family: arial, helvetica, sans-serif;\">La Fiscal\u00eda espa\u00f1ola est\u00e1 ya realizando \u201cintensas gestiones\u201d con el Ministerio Fiscal de Alemania y con Eurojust, organismo de coordinaci\u00f3n entre pa\u00edses miembros de la UE para control de la delincuencia transfronteriza.<\/span><\/p>\n<p><a href=\"https:\/\/puntocritico.com\/author\/punto-critico\/\"><img loading=\"lazy\" decoding=\"async\" class=\"aligncenter wp-image-9528\" src=\"https:\/\/puntocritico.com\/ausajpuntocritico\/wp-content\/uploads\/2018\/03\/Mosca_Punto_Cr\u00edtico_40.png\" alt=\"\" width=\"60\" height=\"60\" \/><\/a><\/p>\n<p>&nbsp;<\/p>\n<p>&nbsp;<\/p>\n","protected":false},"excerpt":{"rendered":"<div class=\"mh-excerpt\"><p>[1] Un estado de excepci\u00f3n a la vieja usanza Por Javier P\u00e9rez Royo Articulo publicado el 24 de marzo de 2018 en:\u00a0 https:\/\/www.eldiario.es\/zonacritica\/excepcion-vieja-usanza_6_753534644.html El 155 no est\u00e1 en la Constituci\u00f3n para perseguir penalmente a los <a class=\"mh-excerpt-more\" href=\"https:\/\/puntocritico.com\/ausajpuntocritico\/2018\/03\/26\/hoja-del-lunes-el-estado-de-derecho-a-prision\/\" title=\"HOJA DEL LUNES: el Estado de Derecho a prisi\u00f3n\">[&#8230;]<\/a><\/p>\n<\/div>","protected":false},"author":3,"featured_media":10245,"comment_status":"open","ping_status":"closed","sticky":false,"template":"","format":"standard","meta":{"_acf_changed":false,"_exactmetrics_skip_tracking":false,"_exactmetrics_sitenote_active":false,"_exactmetrics_sitenote_note":"","_exactmetrics_sitenote_category":0,"footnotes":""},"categories":[28],"tags":[],"class_list":{"0":"post-10083","1":"post","2":"type-post","3":"status-publish","4":"format-standard","5":"has-post-thumbnail","7":"category-noticias-de-ayer"},"acf":[],"_links":{"self":[{"href":"https:\/\/puntocritico.com\/ausajpuntocritico\/wp-json\/wp\/v2\/posts\/10083","targetHints":{"allow":["GET"]}}],"collection":[{"href":"https:\/\/puntocritico.com\/ausajpuntocritico\/wp-json\/wp\/v2\/posts"}],"about":[{"href":"https:\/\/puntocritico.com\/ausajpuntocritico\/wp-json\/wp\/v2\/types\/post"}],"author":[{"embeddable":true,"href":"https:\/\/puntocritico.com\/ausajpuntocritico\/wp-json\/wp\/v2\/users\/3"}],"replies":[{"embeddable":true,"href":"https:\/\/puntocritico.com\/ausajpuntocritico\/wp-json\/wp\/v2\/comments?post=10083"}],"version-history":[{"count":0,"href":"https:\/\/puntocritico.com\/ausajpuntocritico\/wp-json\/wp\/v2\/posts\/10083\/revisions"}],"wp:featuredmedia":[{"embeddable":true,"href":"https:\/\/puntocritico.com\/ausajpuntocritico\/wp-json\/wp\/v2\/media\/10245"}],"wp:attachment":[{"href":"https:\/\/puntocritico.com\/ausajpuntocritico\/wp-json\/wp\/v2\/media?parent=10083"}],"wp:term":[{"taxonomy":"category","embeddable":true,"href":"https:\/\/puntocritico.com\/ausajpuntocritico\/wp-json\/wp\/v2\/categories?post=10083"},{"taxonomy":"post_tag","embeddable":true,"href":"https:\/\/puntocritico.com\/ausajpuntocritico\/wp-json\/wp\/v2\/tags?post=10083"}],"curies":[{"name":"wp","href":"https:\/\/api.w.org\/{rel}","templated":true}]}}